{"id":417550,"date":"2026-09-03T16:56:24","date_gmt":"2026-09-03T14:56:24","guid":{"rendered":"https:\/\/loudavymkrokem.cz\/vacanta-malta-ce-sa-vezi\/"},"modified":"2026-09-05T16:25:21","modified_gmt":"2026-09-05T14:25:21","slug":"vacanta-malta-ce-sa-vezi","status":"publish","type":"post","link":"https:\/\/loudavymkrokem.cz\/ro\/vacanta-malta-ce-sa-vezi\/","title":{"rendered":"Vacan\u021b\u0103 \u00een Malta: 24 de idei ce s\u0103 vezi \u0219i s\u0103 faci \u00een 2026"},"content":{"rendered":"\n<!-- lk-tldr -->\n<div class=\"lk-tldr\" style=\"background:#f7f5f0;border-left:4px solid #c39f76;border-radius:0 10px 10px 0;padding:14px 18px;margin:0 0 26px;font-size:15px;line-height:1.65;\"><strong style=\"display:block;font-size:12px;text-transform:uppercase;letter-spacing:.06em;color:#a9885a;margin-bottom:5px;\">TL;DR<\/strong>Malta este cel mai mic stat din UE, dar \u00eenghesuie mai mult\u0103 istorie dec\u00e2t majoritatea \u021b\u0103rilor mari, iar de la Bucure\u0219ti ajungi acolo cu avionul \u00een aproximativ trei ore. <strong>Valletta<\/strong> este integral pe lista UNESCO, <strong>Mdina<\/strong> este ora\u0219ul t\u0103cut din spatele zidurilor, iar <strong>templele megalitice<\/strong> sunt mai vechi dec\u00e2t piramidele. Cele mai bune luni sunt <strong>mai, iunie, septembrie \u0219i octombrie<\/strong>, \u00een iulie \u0219i august sunt \u00een jur de 30 \u00b0C \u0219i aproape nu plou\u0103, marea e cea mai cald\u0103 \u00een august (27,8 \u00b0C), iar \u00een octombrie are \u00eenc\u0103 25 \u00b0C. \u26a0\ufe0f Malta aproape nu are plaje cu nisip, te scalzi mai ales de pe st\u00e2nci \u0219i platforme. Engleza este limb\u0103 oficial\u0103, se pl\u0103te\u0219te \u00een euro \u0219i se conduce pe st\u00e2nga.<\/div>\n<!-- \/lk-tldr -->\n\n\n\n<!-- lk-navbar -->\n<div class=\"lk-navbar\" style=\"margin:0 0 28px;\"><div style=\"font-size:12px;text-transform:uppercase;letter-spacing:.06em;color:#a9885a;font-weight:700;margin-bottom:9px;\">Linkuri rapide<\/div><div style=\"display:flex;flex-wrap:wrap;gap:9px;\"><a href=\"#Cand_sa_mergi_in_Malta_vremea_luna_cu_luna\" style=\"background:#c39f76;color:#fff;border:1px solid #c39f76;font-weight:700;padding:9px 15px;border-radius:22px;font-size:14px;text-decoration:none;display:inline-block;line-height:1;\">\ud83c\udf21\ufe0f C\u00e2nd s\u0103 mergi<\/a><a href=\"#Ce_sa_vezi_in_Malta_24_de_idei_care_merita\" style=\"background:#fff;color:#6b5a44;border:1px solid #e2d6c1;font-weight:600;padding:9px 15px;border-radius:22px;font-size:14px;text-decoration:none;display:inline-block;line-height:1;\">\ud83d\udccd 24 de idei<\/a><a href=\"#Unde_sa_te_cazezi_in_Malta_cele_mai_bune_zone_si_hoteluri\" style=\"background:#fff;color:#6b5a44;border:1px solid #e2d6c1;font-weight:600;padding:9px 15px;border-radius:22px;font-size:14px;text-decoration:none;display:inline-block;line-height:1;\">\ud83c\udfe8 Unde s\u0103 stai<\/a><a href=\"#Ce_sa_mananci_in_Malta_ghid_pentru_vegetarieni_si_nu_numai\" style=\"background:#fff;color:#6b5a44;border:1px solid #e2d6c1;font-weight:600;padding:9px 15px;border-radius:22px;font-size:14px;text-decoration:none;display:inline-block;line-height:1;\">\ud83c\udf7d\ufe0f Ce s\u0103 m\u0103n\u00e2nci<\/a><a href=\"#Transportul_in_Malta_autobuze_feribot_si_masina\" style=\"background:#fff;color:#6b5a44;border:1px solid #e2d6c1;font-weight:600;padding:9px 15px;border-radius:22px;font-size:14px;text-decoration:none;display:inline-block;line-height:1;\">\ud83d\ude8c Transport<\/a><a href=\"#Cat_costa_o_vacanta_in_Malta\" style=\"background:#fff;color:#6b5a44;border:1px solid #e2d6c1;font-weight:600;padding:9px 15px;border-radius:22px;font-size:14px;text-decoration:none;display:inline-block;line-height:1;\">\ud83d\udcb0 Pre\u021buri<\/a><a href=\"#Intrebari_frecvente\" style=\"background:#fff;color:#6b5a44;border:1px solid #e2d6c1;font-weight:600;padding:9px 15px;border-radius:22px;font-size:14px;text-decoration:none;display:inline-block;line-height:1;\">\u2753 FAQ<\/a><\/div><\/div>\n<!-- \/lk-navbar -->\n\n\n\n<p class=\"wp-block-paragraph\">Malta este unul dintre cele mai mici state din lume, dar pe o suprafa\u021b\u0103 at\u00e2t de mic\u0103 se spune c\u0103 se \u00eenghesuie mai multe monumente \u0219i mai mult\u0103 istorie dec\u00e2t \u00een majoritatea \u021b\u0103rilor uria\u0219e. \u00cen plus, de la Bucure\u0219ti ajungi acolo cu zbor direct \u00een doar c\u00e2teva ore, a\u0219a c\u0103 evi\u021bi drumul lung \u0219i obositor \u0219i po\u021bi \u00eencepe explorarea aproape imediat. Cobori din avion \u00eentr-o c\u0103ldur\u0103 pl\u0103cut\u0103, auzi engleza peste tot \u0219i \u00ee\u021bi dai seama pe loc c\u0103 pe \u0219osele se conduce pe st\u00e2nga.<\/p>\n\n\n\n<p class=\"wp-block-paragraph\">Dac\u0103 te atrage o <strong>vacan\u021b\u0103 \u00een Malta<\/strong>, ai nimerit exact articolul potrivit, plin de informa\u021bii practice. Am preg\u0103tit pentru tine un ghid detaliat \u00een care vom analiza \u00eempreun\u0103 <strong>ce s\u0103 vezi \u00een Malta<\/strong>, ce locuri s\u0103 nu ratezi \u00een niciun caz \u0219i la ce s\u0103 fii atent c\u00e2nd \u00ee\u021bi planifici c\u0103l\u0103toria. C\u0103l\u0103torii laud\u0103 acest arhipelag pentru diversitatea sa incredibil\u0103, \u00een care templele antice se amestec\u0103 cu Marea Mediteran\u0103 cristalin\u0103.<\/p>\n\n\n\n<p class=\"wp-block-paragraph\">\u00cen r\u00e2ndurile urm\u0103toare vei g\u0103si exact <strong>24 de idei de excursii \u0219i activit\u0103\u021bi<\/strong>, dar \u0219i un tabel detaliat cu vremea lun\u0103 cu lun\u0103, bazat pe date din zece ani. Te voi sf\u0103tui cu alegerea unei caz\u0103ri strategice, vom discuta cum func\u021bioneaz\u0103 transportul local, pre\u021burile orientative \u0219i \u00ee\u021bi voi da \u0219i recomand\u0103ri de m\u00e2ncare grozav\u0103 pentru vegetarieni.<\/p>\n\n\n\n<figure data-wp-context=\"{&quot;imageId&quot;:&quot;6a9c35faa300d&quot;}\" data-wp-interactive=\"core\/image\" data-wp-key=\"6a9c35faa300d\" class=\"wp-block-image size-full wp-lightbox-container\"><img decoding=\"async\" width=\"1500\" height=\"1000\" data-wp-class--hide=\"state.isContentHidden\" data-wp-class--show=\"state.isContentVisible\" data-wp-init=\"callbacks.setButtonStyles\" data-wp-on--click=\"actions.showLightbox\" data-wp-on--load=\"callbacks.setButtonStyles\" data-wp-on--pointerdown=\"actions.preloadImage\" data-wp-on--pointerenter=\"actions.preloadImageWithDelay\" data-wp-on--pointerleave=\"actions.cancelPreload\" data-wp-on-window--resize=\"callbacks.setButtonStyles\" src=\"https:\/\/loudavymkrokem.cz\/wp-content\/uploads\/2026\/08\/dovolena-malta-uvod.jpg\" alt=\"Balcoane colorate pe str\u0103du\u021bele din Valletta\" class=\"wp-image-399631\" title=\"\" srcset=\"https:\/\/loudavymkrokem.cz\/wp-content\/uploads\/2026\/08\/dovolena-malta-uvod.jpg 1500w, https:\/\/loudavymkrokem.cz\/wp-content\/uploads\/2026\/08\/dovolena-malta-uvod-300x200.jpg 300w, https:\/\/loudavymkrokem.cz\/wp-content\/uploads\/2026\/08\/dovolena-malta-uvod-700x467.jpg 700w, https:\/\/loudavymkrokem.cz\/wp-content\/uploads\/2026\/08\/dovolena-malta-uvod-768x512.jpg 768w, https:\/\/loudavymkrokem.cz\/wp-content\/uploads\/2026\/08\/dovolena-malta-uvod-696x464.jpg 696w, https:\/\/loudavymkrokem.cz\/wp-content\/uploads\/2026\/08\/dovolena-malta-uvod-1392x928.jpg 1392w\" sizes=\"(max-width: 1500px) 100vw, 1500px\" \/><button\n\t\t\tclass=\"lightbox-trigger\"\n\t\t\ttype=\"button\"\n\t\t\taria-haspopup=\"dialog\"\n\t\t\tdata-wp-bind--aria-label=\"state.thisImage.triggerButtonAriaLabel\"\n\t\t\tdata-wp-init=\"callbacks.initTriggerButton\"\n\t\t\tdata-wp-on--click=\"actions.showLightbox\"\n\t\t\tdata-wp-style--right=\"state.thisImage.buttonRight\"\n\t\t\tdata-wp-style--top=\"state.thisImage.buttonTop\"\n\t\t>\n\t\t\t<svg xmlns=\"http:\/\/www.w3.org\/2000\/svg\" width=\"12\" height=\"12\" fill=\"none\" viewBox=\"0 0 12 12\">\n\t\t\t\t<path fill=\"#fff\" d=\"M2 0a2 2 0 0 0-2 2v2h1.5V2a.5.5 0 0 1 .5-.5h2V0H2Zm2 10.5H2a.5.5 0 0 1-.5-.5V8H0v2a2 2 0 0 0 2 2h2v-1.5ZM8 12v-1.5h2a.5.5 0 0 0 .5-.5V8H12v2a2 2 0 0 1-2 2H8Zm2-12a2 2 0 0 1 2 2v2h-1.5V2a.5.5 0 0 0-.5-.5H8V0h2Z\" \/>\n\t\t\t<\/svg>\n\t\t<\/button><figcaption class=\"wp-element-caption\">Balcoane colorate pe str\u0103du\u021bele din Valletta (Foto: This photo was taken by Anton Zelenov.\nPlease credit this wi \/ Wikimedia Commons, CC BY-SA 4.0)<\/figcaption><\/figure>\n\n\n\n<div id=\"ez-toc-container\" class=\"ez-toc-v2_0_87 ez-toc-wrap-left counter-hierarchy ez-toc-counter ez-toc-grey ez-toc-container-direction\">\n<div class=\"ez-toc-title-container\">\n<p class=\"ez-toc-title\" style=\"cursor:inherit\">Cuprinsul articolului<\/p>\n<span class=\"ez-toc-title-toggle\"><a href=\"#\" class=\"ez-toc-pull-right ez-toc-btn ez-toc-btn-xs ez-toc-btn-default ez-toc-toggle\" aria-label=\"Toggle Table of Content\"><span class=\"ez-toc-js-icon-con\"><span class=\"\"><span class=\"eztoc-hide\" style=\"display:none;\">Toggle<\/span><span class=\"ez-toc-icon-toggle-span\"><svg style=\"fill: #999;color:#999\" xmlns=\"http:\/\/www.w3.org\/2000\/svg\" class=\"list-377408\" width=\"20px\" height=\"20px\" viewBox=\"0 0 24 24\" fill=\"none\"><path d=\"M6 6H4v2h2V6zm14 0H8v2h12V6zM4 11h2v2H4v-2zm16 0H8v2h12v-2zM4 16h2v2H4v-2zm16 0H8v2h12v-2z\" fill=\"currentColor\"><\/path><\/svg><svg style=\"fill: #999;color:#999\" class=\"arrow-unsorted-368013\" xmlns=\"http:\/\/www.w3.org\/2000\/svg\" width=\"10px\" height=\"10px\" viewBox=\"0 0 24 24\" version=\"1.2\" baseProfile=\"tiny\"><path d=\"M18.2 9.3l-6.2-6.3-6.2 6.3c-.2.2-.3.4-.3.7s.1.5.3.7c.2.2.4.3.7.3h11c.3 0 .5-.1.7-.3.2-.2.3-.5.3-.7s-.1-.5-.3-.7zM5.8 14.7l6.2 6.3 6.2-6.3c.2-.2.3-.5.3-.7s-.1-.5-.3-.7c-.2-.2-.4-.3-.7-.3h-11c-.3 0-.5.1-.7.3-.2.2-.3.5-.3.7s.1.5.3.7z\"\/><\/svg><\/span><\/span><\/span><\/a><\/span><\/div>\n<nav><ul class='ez-toc-list ez-toc-list-level-1 ' ><li class='ez-toc-page-1 ez-toc-heading-level-2'><a class=\"ez-toc-link ez-toc-heading-1\" href=\"https:\/\/loudavymkrokem.cz\/ro\/vacanta-malta-ce-sa-vezi\/#Rezumat_daca_nu_ai_timp_sa_citesti_tot_articolul\" >Rezumat, dac\u0103 nu ai timp s\u0103 cite\u0219ti tot articolul<\/a><\/li><li class='ez-toc-page-1 ez-toc-heading-level-2'><a class=\"ez-toc-link ez-toc-heading-2\" href=\"https:\/\/loudavymkrokem.cz\/ro\/vacanta-malta-ce-sa-vezi\/#De_ce_sa_mergi_in_Malta_si_pentru_cine_dimpotriva_nu_se_potriveste\" >De ce s\u0103 mergi \u00een Malta (\u0219i pentru cine, dimpotriv\u0103, nu se potrive\u0219te)<\/a><ul class='ez-toc-list-level-3' ><li class='ez-toc-heading-level-3'><a class=\"ez-toc-link ez-toc-heading-3\" href=\"https:\/\/loudavymkrokem.cz\/ro\/vacanta-malta-ce-sa-vezi\/#6_motive_pentru_care_vei_indragi_Malta\" >6 motive pentru care vei \u00eendr\u0103gi Malta<\/a><\/li><li class='ez-toc-page-1 ez-toc-heading-level-3'><a class=\"ez-toc-link ez-toc-heading-4\" href=\"https:\/\/loudavymkrokem.cz\/ro\/vacanta-malta-ce-sa-vezi\/#Cui_nu_i_se_potriveste_Malta\" >Cui nu i se potrive\u0219te Malta<\/a><\/li><\/ul><\/li><li class='ez-toc-page-1 ez-toc-heading-level-2'><a class=\"ez-toc-link ez-toc-heading-5\" href=\"https:\/\/loudavymkrokem.cz\/ro\/vacanta-malta-ce-sa-vezi\/#Cand_sa_mergi_in_Malta_vremea_luna_cu_luna\" >C\u00e2nd s\u0103 mergi \u00een Malta: vremea lun\u0103 cu lun\u0103<\/a><ul class='ez-toc-list-level-3' ><li class='ez-toc-heading-level-3'><a class=\"ez-toc-link ez-toc-heading-6\" href=\"https:\/\/loudavymkrokem.cz\/ro\/vacanta-malta-ce-sa-vezi\/#Cele_mai_bune_luni_in_functie_de_tipul_vacantei\" >Cele mai bune luni \u00een func\u021bie de tipul vacan\u021bei<\/a><\/li><li class='ez-toc-page-1 ez-toc-heading-level-3'><a class=\"ez-toc-link ez-toc-heading-7\" href=\"https:\/\/loudavymkrokem.cz\/ro\/vacanta-malta-ce-sa-vezi\/#Iarna_in_Malta_are_sens\" >Iarna \u00een Malta: are sens?<\/a><\/li><\/ul><\/li><li class='ez-toc-page-1 ez-toc-heading-level-2'><a class=\"ez-toc-link ez-toc-heading-8\" href=\"https:\/\/loudavymkrokem.cz\/ro\/vacanta-malta-ce-sa-vezi\/#Ce_sa_vezi_in_Malta_24_de_idei_care_merita_timpul_tau\" >Ce s\u0103 vezi \u00een Malta: 24 de idei care merit\u0103 timpul t\u0103u<\/a><ul class='ez-toc-list-level-3' ><li class='ez-toc-heading-level-3'><a class=\"ez-toc-link ez-toc-heading-9\" href=\"https:\/\/loudavymkrokem.cz\/ro\/vacanta-malta-ce-sa-vezi\/#1_Valletta_cea_mai_mica_capitala_din_UE\" >1. Valletta: cea mai mic\u0103 capital\u0103 din UE<\/a><\/li><li class='ez-toc-page-1 ez-toc-heading-level-3'><a class=\"ez-toc-link ez-toc-heading-10\" href=\"https:\/\/loudavymkrokem.cz\/ro\/vacanta-malta-ce-sa-vezi\/#2_Concatedrala_Sfantul_Ioan_baroc_care_iti_taie_respiratia\" >2. Concatedrala Sf\u00e2ntul Ioan: baroc care \u00ee\u021bi taie respira\u021bia<\/a><\/li><li class='ez-toc-page-1 ez-toc-heading-level-3'><a class=\"ez-toc-link ez-toc-heading-11\" href=\"https:\/\/loudavymkrokem.cz\/ro\/vacanta-malta-ce-sa-vezi\/#3_Upper_Barrakka_Gardens_si_salva_de_pranz\" >3. Upper Barrakka Gardens \u0219i salva de pr\u00e2nz<\/a><\/li><li class='ez-toc-page-1 ez-toc-heading-level-3'><a class=\"ez-toc-link ez-toc-heading-12\" href=\"https:\/\/loudavymkrokem.cz\/ro\/vacanta-malta-ce-sa-vezi\/#4_Grand_Harbour_portul_natural_care_a_schimbat_istoria\" >4. Grand Harbour: portul natural care a schimbat istoria<\/a><\/li><li class='ez-toc-page-1 ez-toc-heading-level-3'><a class=\"ez-toc-link ez-toc-heading-13\" href=\"https:\/\/loudavymkrokem.cz\/ro\/vacanta-malta-ce-sa-vezi\/#5_Cele_Trei_Orase_Vittoriosa_Senglea_si_Cospicua\" >5. Cele Trei Ora\u0219e: Vittoriosa, Senglea \u0219i Cospicua<\/a><\/li><li class='ez-toc-page-1 ez-toc-heading-level-3'><a class=\"ez-toc-link ez-toc-heading-14\" href=\"https:\/\/loudavymkrokem.cz\/ro\/vacanta-malta-ce-sa-vezi\/#6_Sliema_si_St_Julians_promenada_cumparaturi_si_viata_de_noapte\" >6. Sliema \u0219i St Julian&#8217;s: promenad\u0103, cump\u0103r\u0103turi \u0219i via\u021b\u0103 de noapte<\/a><\/li><li class='ez-toc-page-1 ez-toc-heading-level-3'><a class=\"ez-toc-link ez-toc-heading-15\" href=\"https:\/\/loudavymkrokem.cz\/ro\/vacanta-malta-ce-sa-vezi\/#7_Mdina_Orasul_tacut_din_spatele_zidurilor\" >7. Mdina: Ora\u0219ul t\u0103cut din spatele zidurilor<\/a><\/li><li class='ez-toc-page-1 ez-toc-heading-level-3'><a class=\"ez-toc-link ez-toc-heading-16\" href=\"https:\/\/loudavymkrokem.cz\/ro\/vacanta-malta-ce-sa-vezi\/#8_Rabat_si_catacombele_Sfantului_Pavel\" >8. Rabat \u0219i catacombele Sf\u00e2ntului Pavel<\/a><\/li><li class='ez-toc-page-1 ez-toc-heading-level-3'><a class=\"ez-toc-link ez-toc-heading-17\" href=\"https:\/\/loudavymkrokem.cz\/ro\/vacanta-malta-ce-sa-vezi\/#9_Rotonda_din_Mosta_si_povestea_bombei\" >9. Rotonda din Mosta \u0219i povestea bombei<\/a><\/li><li class='ez-toc-page-1 ez-toc-heading-level-3'><a class=\"ez-toc-link ez-toc-heading-18\" href=\"https:\/\/loudavymkrokem.cz\/ro\/vacanta-malta-ce-sa-vezi\/#10_Dingli_Cliffs_falezele_de_pe_coasta_de_vest\" >10. Dingli Cliffs: falezele de pe coasta de vest<\/a><\/li><li class='ez-toc-page-1 ez-toc-heading-level-3'><a class=\"ez-toc-link ez-toc-heading-19\" href=\"https:\/\/loudavymkrokem.cz\/ro\/vacanta-malta-ce-sa-vezi\/#11_Mosta_Naxxar_si_Palazzo_Parisio\" >11. Mosta, Naxxar \u0219i Palazzo Parisio<\/a><\/li><li class='ez-toc-page-1 ez-toc-heading-level-3'><a class=\"ez-toc-link ez-toc-heading-20\" href=\"https:\/\/loudavymkrokem.cz\/ro\/vacanta-malta-ce-sa-vezi\/#12_Ta_Qali_si_satul_mestesugarilor\" >12. Ta&#8217; Qali \u0219i satul me\u0219te\u0219ugarilor<\/a><\/li><li class='ez-toc-page-1 ez-toc-heading-level-3'><a class=\"ez-toc-link ez-toc-heading-21\" href=\"https:\/\/loudavymkrokem.cz\/ro\/vacanta-malta-ce-sa-vezi\/#13_Marsaxlokk_satul_de_pescari_cu_barci_colorate\" >13. Marsaxlokk: satul de pescari cu b\u0103rci colorate<\/a><\/li><li class='ez-toc-page-1 ez-toc-heading-level-3'><a class=\"ez-toc-link ez-toc-heading-22\" href=\"https:\/\/loudavymkrokem.cz\/ro\/vacanta-malta-ce-sa-vezi\/#14_Grota_Albastra_Blue_Grotto\" >14. Grota Albastr\u0103 (Blue Grotto)<\/a><\/li><li class='ez-toc-page-1 ez-toc-heading-level-3'><a class=\"ez-toc-link ez-toc-heading-23\" href=\"https:\/\/loudavymkrokem.cz\/ro\/vacanta-malta-ce-sa-vezi\/#15_Hagar_Qim_si_Mnajdra_temple_mai_vechi_decat_piramidele\" >15. \u0126a\u0121ar Qim \u0219i Mnajdra: temple mai vechi dec\u00e2t piramidele<\/a><\/li><li class='ez-toc-page-1 ez-toc-heading-level-3'><a class=\"ez-toc-link ez-toc-heading-24\" href=\"https:\/\/loudavymkrokem.cz\/ro\/vacanta-malta-ce-sa-vezi\/#16_St_Peters_Pool_bazinul_natural_din_stanca\" >16. St Peter&#8217;s Pool: bazinul natural din st\u00e2nc\u0103<\/a><\/li><li class='ez-toc-page-1 ez-toc-heading-level-3'><a class=\"ez-toc-link ez-toc-heading-25\" href=\"https:\/\/loudavymkrokem.cz\/ro\/vacanta-malta-ce-sa-vezi\/#17_Hypogeum_din_Hal_Saflieni\" >17. Hypogeum din \u0126al Saflieni<\/a><\/li><li class='ez-toc-page-1 ez-toc-heading-level-3'><a class=\"ez-toc-link ez-toc-heading-26\" href=\"https:\/\/loudavymkrokem.cz\/ro\/vacanta-malta-ce-sa-vezi\/#18_Laguna_Albastra_de_pe_Comino\" >18. Laguna Albastr\u0103 de pe Comino<\/a><\/li><li class='ez-toc-page-1 ez-toc-heading-level-3'><a class=\"ez-toc-link ez-toc-heading-27\" href=\"https:\/\/loudavymkrokem.cz\/ro\/vacanta-malta-ce-sa-vezi\/#19_Victoria_si_Citadela\" >19. Victoria \u0219i Citadela<\/a><\/li><li class='ez-toc-page-1 ez-toc-heading-level-3'><a class=\"ez-toc-link ez-toc-heading-28\" href=\"https:\/\/loudavymkrokem.cz\/ro\/vacanta-malta-ce-sa-vezi\/#20_Dwejra_si_Marea_Interioara\" >20. Dwejra \u0219i Marea Interioar\u0103<\/a><\/li><li class='ez-toc-page-1 ez-toc-heading-level-3'><a class=\"ez-toc-link ez-toc-heading-29\" href=\"https:\/\/loudavymkrokem.cz\/ro\/vacanta-malta-ce-sa-vezi\/#21_Ramla_Bay_cea_mai_frumoasa_plaja_cu_nisip_a_arhipelagului\" >21. Ramla Bay: cea mai frumoas\u0103 plaj\u0103 cu nisip a arhipelagului<\/a><\/li><li class='ez-toc-page-1 ez-toc-heading-level-3'><a class=\"ez-toc-link ez-toc-heading-30\" href=\"https:\/\/loudavymkrokem.cz\/ro\/vacanta-malta-ce-sa-vezi\/#22_Ggantija_cele_mai_vechi_constructii_izolate_din_lume\" >22. \u0120gantija: cele mai vechi construc\u021bii izolate din lume<\/a><\/li><li class='ez-toc-page-1 ez-toc-heading-level-3'><a class=\"ez-toc-link ez-toc-heading-31\" href=\"https:\/\/loudavymkrokem.cz\/ro\/vacanta-malta-ce-sa-vezi\/#23_Xlendi_si_Marsalforn\" >23. Xlendi \u0219i Marsalforn<\/a><\/li><li class='ez-toc-page-1 ez-toc-heading-level-3'><a class=\"ez-toc-link ez-toc-heading-32\" href=\"https:\/\/loudavymkrokem.cz\/ro\/vacanta-malta-ce-sa-vezi\/#24_Cele_mai_frumoase_plaje_Golden_Bay_Ghajn_Tuffieha_si_Mellieha_Bay\" >24. Cele mai frumoase plaje: Golden Bay, G\u0127ajn Tuffie\u0127a \u0219i Mellie\u0127a Bay<\/a><\/li><\/ul><\/li><li class='ez-toc-page-1 ez-toc-heading-level-2'><a class=\"ez-toc-link ez-toc-heading-33\" href=\"https:\/\/loudavymkrokem.cz\/ro\/vacanta-malta-ce-sa-vezi\/#Unde_sa_te_cazezi_in_Malta_cele_mai_bune_zone_si_hoteluri_concrete\" >Unde s\u0103 te cazezi \u00een Malta: cele mai bune zone \u0219i hoteluri concrete<\/a><ul class='ez-toc-list-level-3' ><li class='ez-toc-heading-level-3'><a class=\"ez-toc-link ez-toc-heading-34\" href=\"https:\/\/loudavymkrokem.cz\/ro\/vacanta-malta-ce-sa-vezi\/#Ce_zona_sa_alegi\" >Ce zon\u0103 s\u0103 alegi<\/a><\/li><li class='ez-toc-page-1 ez-toc-heading-level-3'><a class=\"ez-toc-link ez-toc-heading-35\" href=\"https:\/\/loudavymkrokem.cz\/ro\/vacanta-malta-ce-sa-vezi\/#Recomandari_concrete_de_cazare\" >Recomand\u0103ri concrete de cazare<\/a><\/li><\/ul><\/li><li class='ez-toc-page-1 ez-toc-heading-level-2'><a class=\"ez-toc-link ez-toc-heading-36\" href=\"https:\/\/loudavymkrokem.cz\/ro\/vacanta-malta-ce-sa-vezi\/#Ce_sa_mananci_in_Malta_ghid_pentru_vegetarieni_si_nu_numai\" >Ce s\u0103 m\u0103n\u00e2nci \u00een Malta: ghid pentru vegetarieni \u0219i nu numai<\/a><\/li><li class='ez-toc-page-1 ez-toc-heading-level-2'><a class=\"ez-toc-link ez-toc-heading-37\" href=\"https:\/\/loudavymkrokem.cz\/ro\/vacanta-malta-ce-sa-vezi\/#Transportul_in_Malta_autobuze_feribot_si_masina\" >Transportul \u00een Malta: autobuze, feribot \u0219i ma\u0219in\u0103<\/a><ul class='ez-toc-list-level-3' ><li class='ez-toc-heading-level-3'><a class=\"ez-toc-link ez-toc-heading-38\" href=\"https:\/\/loudavymkrokem.cz\/ro\/vacanta-malta-ce-sa-vezi\/#Autobuzele_Tallinja\" >Autobuzele Tallinja<\/a><\/li><li class='ez-toc-page-1 ez-toc-heading-level-3'><a class=\"ez-toc-link ez-toc-heading-39\" href=\"https:\/\/loudavymkrokem.cz\/ro\/vacanta-malta-ce-sa-vezi\/#Feribotul_spre_Gozo_si_Comino\" >Feribotul spre Gozo \u0219i Comino<\/a><\/li><li class='ez-toc-page-1 ez-toc-heading-level-3'><a class=\"ez-toc-link ez-toc-heading-40\" href=\"https:\/\/loudavymkrokem.cz\/ro\/vacanta-malta-ce-sa-vezi\/#Sa_inchiriezi_o_masina_sau_nu\" >S\u0103 \u00eenchiriezi o ma\u0219in\u0103 sau nu?<\/a><\/li><\/ul><\/li><li class='ez-toc-page-1 ez-toc-heading-level-2'><a class=\"ez-toc-link ez-toc-heading-41\" href=\"https:\/\/loudavymkrokem.cz\/ro\/vacanta-malta-ce-sa-vezi\/#Cat_costa_o_vacanta_in_Malta\" >C\u00e2t cost\u0103 o vacan\u021b\u0103 \u00een Malta<\/a><\/li><li class='ez-toc-page-1 ez-toc-heading-level-2'><a class=\"ez-toc-link ez-toc-heading-42\" href=\"https:\/\/loudavymkrokem.cz\/ro\/vacanta-malta-ce-sa-vezi\/#La_ce_sa_fii_atent_in_Malta\" >La ce s\u0103 fii atent \u00een Malta<\/a><\/li><li class='ez-toc-page-1 ez-toc-heading-level-2'><a class=\"ez-toc-link ez-toc-heading-43\" href=\"https:\/\/loudavymkrokem.cz\/ro\/vacanta-malta-ce-sa-vezi\/#Malta_cu_copii\" >Malta cu copii<\/a><\/li><li class='ez-toc-page-1 ez-toc-heading-level-2'><a class=\"ez-toc-link ez-toc-heading-44\" href=\"https:\/\/loudavymkrokem.cz\/ro\/vacanta-malta-ce-sa-vezi\/#Incotro_mai_departe_alte_idei_de_vacanta_la_mare\" >\u00cencotro mai departe: alte idei de vacan\u021b\u0103 la mare<\/a><\/li><li class='ez-toc-page-1 ez-toc-heading-level-2'><a class=\"ez-toc-link ez-toc-heading-45\" href=\"https:\/\/loudavymkrokem.cz\/ro\/vacanta-malta-ce-sa-vezi\/#Intrebari_frecvente\" >\u00centreb\u0103ri frecvente<\/a><ul class='ez-toc-list-level-3' ><li class='ez-toc-heading-level-3'><a class=\"ez-toc-link ez-toc-heading-46\" href=\"https:\/\/loudavymkrokem.cz\/ro\/vacanta-malta-ce-sa-vezi\/#Cand_este_cel_mai_bun_moment_sa_mergi_in_Malta\" >C\u00e2nd este cel mai bun moment s\u0103 mergi \u00een Malta?<\/a><\/li><li class='ez-toc-page-1 ez-toc-heading-level-3'><a class=\"ez-toc-link ez-toc-heading-47\" href=\"https:\/\/loudavymkrokem.cz\/ro\/vacanta-malta-ce-sa-vezi\/#Cat_timp_ai_nevoie_in_Malta\" >C\u00e2t timp ai nevoie \u00een Malta?<\/a><\/li><li class='ez-toc-page-1 ez-toc-heading-level-3'><a class=\"ez-toc-link ez-toc-heading-48\" href=\"https:\/\/loudavymkrokem.cz\/ro\/vacanta-malta-ce-sa-vezi\/#Poti_sa_te_scalzi_in_Malta_cand_nu_are_plaje_cu_nisip\" >Po\u021bi s\u0103 te sc\u0103lzi \u00een Malta c\u00e2nd nu are plaje cu nisip?<\/a><\/li><li class='ez-toc-page-1 ez-toc-heading-level-3'><a class=\"ez-toc-link ez-toc-heading-49\" href=\"https:\/\/loudavymkrokem.cz\/ro\/vacanta-malta-ce-sa-vezi\/#Ma_descurc_cu_engleza_in_Malta\" >M\u0103 descurc cu engleza \u00een Malta?<\/a><\/li><li class='ez-toc-page-1 ez-toc-heading-level-3'><a class=\"ez-toc-link ez-toc-heading-50\" href=\"https:\/\/loudavymkrokem.cz\/ro\/vacanta-malta-ce-sa-vezi\/#Am_nevoie_de_masina_in_Malta\" >Am nevoie de ma\u0219in\u0103 \u00een Malta?<\/a><\/li><li class='ez-toc-page-1 ez-toc-heading-level-3'><a class=\"ez-toc-link ez-toc-heading-51\" href=\"https:\/\/loudavymkrokem.cz\/ro\/vacanta-malta-ce-sa-vezi\/#Este_Malta_scumpa\" >Este Malta scump\u0103?<\/a><\/li><li class='ez-toc-page-1 ez-toc-heading-level-3'><a class=\"ez-toc-link ez-toc-heading-52\" href=\"https:\/\/loudavymkrokem.cz\/ro\/vacanta-malta-ce-sa-vezi\/#Merita_sa_dormi_in_Gozo\" >Merit\u0103 s\u0103 dormi \u00een Gozo?<\/a><\/li><li class='ez-toc-page-1 ez-toc-heading-level-3'><a class=\"ez-toc-link ez-toc-heading-53\" href=\"https:\/\/loudavymkrokem.cz\/ro\/vacanta-malta-ce-sa-vezi\/#Este_Malta_sigura\" >Este Malta sigur\u0103?<\/a><\/li><\/ul><\/li><\/ul><\/nav><\/div>\n<h2 id=\"Rezumat\" class=\"wp-block-heading\"><span class=\"ez-toc-section\" id=\"Rezumat_daca_nu_ai_timp_sa_citesti_tot_articolul\"><\/span>Rezumat, dac\u0103 nu ai timp s\u0103 cite\u0219ti tot articolul<span class=\"ez-toc-section-end\"><\/span><\/h2>\n\n\n\n<ul class=\"wp-block-list\">\n<li><strong>Malta, Gozo \u0219i Comino<\/strong> sunt cele trei insule locuite ale acestui mic arhipelag, fiecare av\u00e2nd o cu totul alt\u0103 atmosfer\u0103 \u0219i un alt aer.<\/li>\n\n\n\n<li><strong>Valletta<\/strong> este cea mai mic\u0103 capital\u0103 din Uniunea European\u0103, iar \u00eentregul s\u0103u centru istoric este \u00eenscris cu m\u00e2ndrie pe lista patrimoniului mondial UNESCO.<\/li>\n\n\n\n<li><strong>Cele mai bune luni pentru vizit\u0103<\/strong> sunt, conform datelor climatice istorice, mai, iunie, septembrie \u0219i octombrie.<\/li>\n\n\n\n<li><strong>\u00cen iulie \u0219i august<\/strong> este o c\u0103ldur\u0103 mare (temperaturile ajung la 30,2 \u0219i 30,3 \u00b0C) \u0219i aproape nu plou\u0103 deloc, precipita\u021biile apar doar 0,3 \u0219i 1,4 zile pe lun\u0103.<\/li>\n\n\n\n<li><strong>Marea este cea mai cald\u0103<\/strong> \u00een august, c\u00e2nd atinge 27,8 \u00b0C, iar chiar \u0219i \u00een octombrie \u00ee\u0219i p\u0103streaz\u0103 foarte pl\u0103cu\u021bii 25,0 \u00b0C.<\/li>\n\n\n\n<li><strong>Plaje cu nisip<\/strong> nu prea g\u0103se\u0219ti \u00een Malta, sc\u0103ldatul se face \u00een principal de pe platforme pietroase \u0219i faleze st\u00e2ncoase.<\/li>\n\n\n\n<li><strong>Limba oficial\u0103 este engleza<\/strong>, se pl\u0103te\u0219te clasic \u00een euro, iar pe \u0219osele se conduce pe st\u00e2nga.<\/li>\n\n\n\n<li><strong>Laguna Albastr\u0103 de pe Comino<\/strong> este vizual absolut superb\u0103, dar \u00een sezonul de var\u0103 e din p\u0103cate extrem de aglomerat\u0103 de turi\u0219ti.<\/li>\n<\/ul>\n\n\n\n<h2 id=\"De_ce_sa_mergi_in_Malta_si_pentru_cine_nu_este_potrivita\" class=\"wp-block-heading\"><span class=\"ez-toc-section\" id=\"De_ce_sa_mergi_in_Malta_si_pentru_cine_dimpotriva_nu_se_potriveste\"><\/span>De ce s\u0103 mergi \u00een Malta (\u0219i pentru cine, dimpotriv\u0103, nu se potrive\u0219te)<span class=\"ez-toc-section-end\"><\/span><\/h2>\n\n\n\n<p class=\"wp-block-paragraph\">Alegerea urm\u0103toarei destina\u021bii poate fi uneori o adev\u0103rat\u0103 b\u0103taie de cap, mai ales c\u00e2nd fiecare \u021bar\u0103 are specificul ei \u0219i te ademene\u0219te cu ceva diferit. Hai s\u0103 vedem la ce exceleaz\u0103 complet acest stat insular \u0219i cui, dimpotriv\u0103, o <strong>vacan\u021b\u0103 \u00een Malta<\/strong> ar putea s\u0103 nu i se potriveasc\u0103 deloc. Se spune c\u0103 este un loc al contrastelor, pe care fie \u00eel \u00eendr\u0103ge\u0219ti imediat, fie \u00ee\u021bi dai repede seama c\u0103 preferi un cu totul alt tip de odihn\u0103.<\/p>\n\n\n\n<h3 id=\"6_motive_pentru_care_vei_indragi_Malta\" class=\"wp-block-heading\"><span class=\"ez-toc-section\" id=\"6_motive_pentru_care_vei_indragi_Malta\"><\/span>6 motive pentru care vei \u00eendr\u0103gi Malta<span class=\"ez-toc-section-end\"><\/span><\/h3>\n\n\n\n<p class=\"wp-block-paragraph\"><strong>Istorie la fiecare col\u021b.<\/strong> G\u0103se\u0219ti aici temple megalitice uluitoare, dovedit mai vechi dec\u00e2t piramidele egiptene, fort\u0103re\u021be masive r\u0103mase de la cavalerii ioani\u021bi \u0219i r\u0103m\u0103\u0219i\u021be fascinante din al Doilea R\u0103zboi Mondial. Dac\u0103 \u00ee\u021bi place s\u0103 explorezi str\u0103du\u021be \u00eenguste \u0219i monumente istorice, te vei sim\u021bi aici ca \u00eentr-un imens muzeu \u00een aer liber.<\/p>\n\n\n\n<p class=\"wp-block-paragraph\"><strong>Engleza \u0219i zero barier\u0103 lingvistic\u0103.<\/strong> Deoarece engleza este una dintre cele dou\u0103 limbi oficiale, te \u00een\u021belegi aici absolut peste tot, de la micile pr\u0103v\u0103lii p\u00e2n\u0103 la satele mai izolate. Dispare astfel clasicul stres de vacan\u021b\u0103 cu dic\u021bionarul \u00een m\u00e2n\u0103, lucru pe care mul\u021bi c\u0103l\u0103tori \u00eel apreciaz\u0103 enorm.<\/p>\n\n\n\n<p class=\"wp-block-paragraph\"><strong>Distan\u021be cu adev\u0103rat mici.<\/strong> Toat\u0103 insula principal\u0103 o traversezi lini\u0219tit cu ma\u0219ina \u00eentr-o singur\u0103 or\u0103, a\u0219a c\u0103 po\u021bi sta tot timpul \u00eentr-un singur loc \u0219i de acolo s\u0103 faci excursii \u00een stea. Nu trebuie s\u0103 tot \u00eempachetezi \u0219i s\u0103 te mu\u021bi din hotel \u00een hotel, ceea ce economise\u0219te mult\u0103 energie \u0219i timp pre\u021bios.<\/p>\n\n\n\n<p class=\"wp-block-paragraph\"><strong>Cel mai lung sezon de scald\u0103 din Europa.<\/strong> \u00cen timp ce \u00een alte p\u0103r\u021bi ale Mediteranei se scot deja puloverele \u00een octombrie, aici, conform statisticilor, oamenii \u00eenc\u0103 se scald\u0103 \u00een mod obi\u0219nuit \u00een mare. Este o alegere ideal\u0103 pentru cei dintre voi care vor s\u0103-\u0219i prelungeasc\u0103 vara p\u00e2n\u0103 \u00een toamna t\u00e2rzie \u0219i s\u0103 se bucure de soare.<\/p>\n\n\n\n<p class=\"wp-block-paragraph\"><strong>Ap\u0103 cristalin\u0103 \u0219i snorkeling grozav.<\/strong> Coasta st\u00e2ncoas\u0103 are un avantaj uria\u0219, \u0219i anume claritatea absolut\u0103 a apei, f\u0103r\u0103 nisip mereu r\u0103scolit. Conform recenziilor, Malta ofer\u0103 unele dintre cele mai bune condi\u021bii pentru scufund\u0103ri \u0219i explorarea vie\u021bii subacvatice din toat\u0103 Europa.<\/p>\n\n\n\n<p class=\"wp-block-paragraph\"><strong>Accesibilitate \u0219i pre\u021buri rezonabile.<\/strong> Fa\u021b\u0103 de populara Italie sau Fran\u021ba, biletele de avion, transportul \u0219i mesele ies ceva mai prietenoase, iar serviciile sunt la un nivel ridicat. Un zbor direct cu Wizz Air de la Bucure\u0219ti dureaz\u0103 doar c\u00e2teva ore, a\u0219a c\u0103 ajungi repede \u0219i nu petreci toat\u0103 ziua pe drum.<\/p>\n\n\n\n<h3 id=\"Cui_nu_i_se_potriveste_Malta\" class=\"wp-block-heading\"><span class=\"ez-toc-section\" id=\"Cui_nu_i_se_potriveste_Malta\"><\/span>Cui nu i se potrive\u0219te Malta<span class=\"ez-toc-section-end\"><\/span><\/h3>\n\n\n\n<p class=\"wp-block-paragraph\">Chiar dac\u0103 \u00een poze arat\u0103 ca un rai absolut, aceast\u0103 insul\u0103 pietroas\u0103 nu este alegerea ideal\u0103 pentru toat\u0103 lumea. Mai bine ia \u00een calcul o cu totul alt\u0103 destina\u021bie dac\u0103 te reg\u0103se\u0219ti \u00een una dintre categoriile urm\u0103toare. \u263a\ufe0f<\/p>\n\n\n\n<ul class=\"wp-block-list\">\n<li>Cau\u021bi <strong>plaje lungi cu nisip<\/strong>, pentru c\u0103 acestea sunt aici la un minim absolut \u0219i formeaz\u0103 doar o frac\u021biune din coast\u0103.<\/li>\n\n\n\n<li>Nu supor\u021bi mul\u021bimile de oameni, deoarece Malta este <strong>\u021bara cea mai dens populat\u0103 din Uniunea European\u0103<\/strong> \u0219i \u00een sezon se simte din plin.<\/li>\n\n\n\n<li>C\u0103l\u0103tore\u0219ti pentru <strong>natur\u0103 s\u0103lbatic\u0103 \u0219i p\u0103duri ad\u00e2nci<\/strong>, pentru c\u0103 astea nu le g\u0103se\u0219ti deloc aici.<\/li>\n\n\n\n<li>\u00ce\u021bi planifici vacan\u021ba <strong>\u00een august \u0219i supor\u021bi greu c\u0103ldura<\/strong>, pentru c\u0103 temperaturile de var\u0103 sunt aici cu adev\u0103rat necru\u021b\u0103toare.<\/li>\n\n\n\n<li>Vrei lini\u0219te \u0219i pace absolut\u0103 \u0219i din gre\u0219eal\u0103 \u021bi-ai rezerva cazarea \u00een cartierul <strong>St Julian&#8217;s, care este principala zon\u0103 de petrecere<\/strong> a \u00eentregii insule.<\/li>\n<\/ul>\n\n\n\n<h2 id=\"Cand_sa_mergi_in_Malta_vremea_luna_cu_luna\" class=\"wp-block-heading\"><span class=\"ez-toc-section\" id=\"Cand_sa_mergi_in_Malta_vremea_luna_cu_luna\"><\/span>C\u00e2nd s\u0103 mergi \u00een Malta: vremea lun\u0103 cu lun\u0103<span class=\"ez-toc-section-end\"><\/span><\/h2>\n\n\n\n<p class=\"wp-block-paragraph\">Momentul potrivit este absolut esen\u021bial pentru o excursie reu\u0219it\u0103, a\u0219a c\u0103 ne vom uita \u00een detaliu la cifre exacte. Datele urm\u0103toare nu sunt ni\u0219te estim\u0103ri grosolane, ci <strong>medii pe zece ani, din 2015 p\u00e2n\u0103 \u00een 2024<\/strong>, ob\u021binute din analiza climatic\u0103 avansat\u0103 ERA5.<\/p>\n\n\n\n<p class=\"wp-block-paragraph\">Datele despre temperatura m\u0103rii provin exact din modelul marin <strong>pentru anii 2019 p\u00e2n\u0103 \u00een 2024<\/strong>. Datorit\u0103 acestui fapt \u00ee\u021bi faci o idee absolut clar\u0103 despre condi\u021biile care te a\u0219teapt\u0103 \u00een luna respectiv\u0103 \u0219i \u00ee\u021bi faci mult mai bine bagajul.<\/p>\n\n\n\n<figure class=\"wp-block-table is-style-stripes\"><table class=\"has-fixed-layout\"><thead><tr><th>Luna<\/th><th>Ziua<\/th><th>Noaptea<\/th><th>Marea<\/th><th>Zile cu ploaie<\/th><th>Soare\/zi<\/th><\/tr><\/thead><tbody><tr><td><strong>ianuarie<\/strong><\/td><td>15 \u00b0C<\/td><td>12 \u00b0C<\/td><td>17 \u00b0C<\/td><td>8,1<\/td><td>8,7 h<\/td><\/tr><tr><td><strong>februarie<\/strong><\/td><td>16 \u00b0C<\/td><td>12 \u00b0C<\/td><td>16 \u00b0C<\/td><td>5,9<\/td><td>9,4 h<\/td><\/tr><tr><td><strong>martie<\/strong><\/td><td>17 \u00b0C<\/td><td>12 \u00b0C<\/td><td>16 \u00b0C<\/td><td>6,7<\/td><td>10,5 h<\/td><\/tr><tr><td><strong>aprilie<\/strong><\/td><td>19 \u00b0C<\/td><td>14 \u00b0C<\/td><td>17 \u00b0C<\/td><td>3,2<\/td><td>11,1 h<\/td><\/tr><tr><td><strong>mai<\/strong><\/td><td>22 \u00b0C<\/td><td>17 \u00b0C<\/td><td>19 \u00b0C<\/td><td>3,1<\/td><td>12,5 h<\/td><\/tr><tr><td><strong>iunie<\/strong><\/td><td>27 \u00b0C<\/td><td>21 \u00b0C<\/td><td>23 \u00b0C<\/td><td>0,9<\/td><td>13,6 h<\/td><\/tr><tr><td><strong>iulie<\/strong><\/td><td>30 \u00b0C<\/td><td>24 \u00b0C<\/td><td>27 \u00b0C<\/td><td>0,3<\/td><td>13,9 h<\/td><\/tr><tr><td><strong>august<\/strong><\/td><td>30 \u00b0C<\/td><td>25 \u00b0C<\/td><td>28 \u00b0C<\/td><td>1,4<\/td><td>12,5 h<\/td><\/tr><tr><td><strong>septembrie<\/strong><\/td><td>28 \u00b0C<\/td><td>23 \u00b0C<\/td><td>27 \u00b0C<\/td><td>4,7<\/td><td>11,2 h<\/td><\/tr><tr><td><strong>octombrie<\/strong><\/td><td>24 \u00b0C<\/td><td>20 \u00b0C<\/td><td>25 \u00b0C<\/td><td>7,1<\/td><td>9,8 h<\/td><\/tr><tr><td><strong>noiembrie<\/strong><\/td><td>21 \u00b0C<\/td><td>17 \u00b0C<\/td><td>23 \u00b0C<\/td><td>10,9<\/td><td>8,6 h<\/td><\/tr><tr><td><strong>decembrie<\/strong><\/td><td>17 \u00b0C<\/td><td>14 \u00b0C<\/td><td>19 \u00b0C<\/td><td>7,6<\/td><td>8,2 h<\/td><\/tr><\/tbody><\/table><figcaption class=\"wp-element-caption\">Temperaturi medii \u00een Malta lun\u0103 cu lun\u0103. Aerul \u0219i precipita\u021biile sunt medii pe zece ani 2015\u20132024 din reanaliza ERA5, temperatura m\u0103rii din modelul marin 2019\u20132024.<\/figcaption><\/figure>\n\n\n\n<h3 id=\"Cele_mai_bune_luni_in_functie_de_tipul_vacantei\" class=\"wp-block-heading\"><span class=\"ez-toc-section\" id=\"Cele_mai_bune_luni_in_functie_de_tipul_vacantei\"><\/span>Cele mai bune luni \u00een func\u021bie de tipul vacan\u021bei<span class=\"ez-toc-section-end\"><\/span><\/h3>\n\n\n\n<ul class=\"wp-block-list\">\n<li><strong>Scald\u0103 \u0219i relaxare la plaj\u0103:<\/strong> Ideal este s\u0103 pleci din iunie p\u00e2n\u0103 \u00een octombrie, c\u00e2nd temperatura m\u0103rii se situeaz\u0103 \u00eentr-un interval frumos, \u00eentre 23,4 \u0219i 27,8 \u00b0C.<\/li>\n\n\n\n<li><strong>Explorare \u0219i vizitat monumente:<\/strong> Cele mai bune condi\u021bii sunt \u00een aprilie, mai \u0219i octombrie, c\u00e2nd temperaturile din timpul zilei ajung la valori pl\u0103cute, \u00een jur de 18 p\u00e2n\u0103 la 24 \u00b0C.<\/li>\n\n\n\n<li><strong>Cele mai ieftine perioade:<\/strong> Merit\u0103 s\u0103 zbori din noiembrie p\u00e2n\u0103 \u00een martie, dar trebuie s\u0103 te a\u0219tep\u021bi ca marea s\u0103 aib\u0103 doar 16 p\u00e2n\u0103 la 19 \u00b0C, iar de exemplu \u00een noiembrie plou\u0103 \u00een medie 10,9 zile pe lun\u0103.<\/li>\n\n\n\n<li><strong>C\u00e2nd s\u0103 evi\u021bi mai degrab\u0103:<\/strong> Augustul este pentru mul\u021bi prea solicitant din cauza c\u0103ldurii extreme, a mul\u021bimilor de turi\u0219ti omniprezente \u0219i a pre\u021burilor considerabil mai mari la servicii.<\/li>\n<\/ul>\n\n\n\n<h3 id=\"Iarna_in_Malta_are_sens\" class=\"wp-block-heading\"><span class=\"ez-toc-section\" id=\"Iarna_in_Malta_are_sens\"><\/span>Iarna \u00een Malta: are sens?<span class=\"ez-toc-section-end\"><\/span><\/h3>\n\n\n\n<p class=\"wp-block-paragraph\">Poate te \u00eentrebi dac\u0103 are rost s\u0103 zbori \u00een sudul Europei \u00een plin\u0103 iarn\u0103, c\u00e2nd nu te mai po\u021bi sc\u0103lda de mult. \u00cen lunile de iarn\u0103 temperaturile se situeaz\u0103 <strong>\u00een jur de 15 p\u00e2n\u0103 la 17 \u00b0C<\/strong>, plou\u0103 cam 6 p\u00e2n\u0103 la 8 zile pe lun\u0103, iar marea are r\u0103coro\u0219ii 16 p\u00e2n\u0103 la 19 \u00b0C. Pentru bronzat \u00een costum de baie sigur nu este, dar pentru plimb\u0103ri lungi \u00eentr-un pulover u\u0219or e absolut ideal. \ud83d\ude05<\/p>\n\n\n\n<p class=\"wp-block-paragraph\">Dac\u0103 te atrage mai ales explorarea monumentelor vechi, statul prin cafenele primitoare \u0219i drume\u021biile lini\u0219tite pe faleze, <strong>iarna te va cuceri cu siguran\u021b\u0103<\/strong>. \u00cen plus, \u00een aceast\u0103 perioad\u0103 prinzi cele mai ieftine bilete de avion \u0219i te bucuri de str\u0103du\u021bele pe jum\u0103tate goale ale Vallettei, ceea ce ar fi o misiune complet imposibil\u0103 \u00een vara torid\u0103.<\/p>\n\n\n\n<h2 id=\"Ce_sa_vezi_in_Malta_24_de_idei_care_merita\" class=\"wp-block-heading\"><span class=\"ez-toc-section\" id=\"Ce_sa_vezi_in_Malta_24_de_idei_care_merita_timpul_tau\"><\/span>Ce s\u0103 vezi \u00een Malta: 24 de idei care merit\u0103 timpul t\u0103u<span class=\"ez-toc-section-end\"><\/span><\/h2>\n\n\n\n<p class=\"wp-block-paragraph\">Acest stat insular unde se pl\u0103te\u0219te \u00een euro este micu\u021b, dar g\u0103se\u0219ti pe el at\u00e2tea monumente \u00eenc\u00e2t nu vei \u0219ti \u00eencotro s\u0103 te \u00eendrep\u021bi mai \u00eent\u00e2i. Zborul direct de la Bucure\u0219ti dureaz\u0103 doar c\u00e2teva ore, a\u0219a c\u0103 ajungi repede \u00eentr-un loc unde <strong>te \u00een\u021belegi f\u0103r\u0103 probleme \u00een englez\u0103<\/strong>, iar noi vom \u00eemp\u0103r\u021bi acum acest arhipelag logic \u00een eleganta Valletta, centrul lini\u0219tit al insulei, sudul istoric, pitorescul Comino, mai verdele Gozo \u0219i cele mai bune plaje.<\/p>\n\n\n\n<p class=\"wp-block-paragraph\">Un avantaj uria\u0219 al Maltei este faptul c\u0103 te po\u021bi <strong>caza f\u0103r\u0103 probleme \u00eentr-un singur loc<\/strong> \u0219i de acolo po\u021bi vizita comod absolut toate monumentele cu autobuzele galben-verzi ale companiei Tallinja. \u00cenainte de plecare ia-\u021bi doar un adaptor britanic cu trei picioare pentru prizele de tip G \u0219i nu uita c\u0103 aici se conduce pe st\u00e2nga, a\u0219a c\u0103 dac\u0103 te g\u00e2nde\u0219ti tocmai <a href=\"https:\/\/loudavymkrokem.cz\/ro\/vacanta-septembrie-idei\/\">unde s\u0103 mergi \u00een vacan\u021b\u0103 \u00een septembrie<\/a>, aceast\u0103 bucat\u0103 european\u0103 de Mediteran\u0103 este pur \u0219i simplu o alegere excelent\u0103.<\/p>\n\n\n\n<h3 id=\"1_Valletta_cea_mai_mica_capitala_din_UE\" class=\"wp-block-heading\"><span class=\"ez-toc-section\" id=\"1_Valletta_cea_mai_mica_capitala_din_UE\"><\/span>1. Valletta: cea mai mic\u0103 capital\u0103 din UE<span class=\"ez-toc-section-end\"><\/span><\/h3>\n\n\n\n<p class=\"wp-block-paragraph\">Valletta se laud\u0103 cu titlul de cea mai mic\u0103 capital\u0103 din Uniunea European\u0103 \u0219i este integral, pe bun\u0103 dreptate, \u00eenscris\u0103 pe lista patrimoniului mondial UNESCO. Acest loc incredibil de fotogenic a fost construit de cavalerii ioani\u021bi imediat dup\u0103 Marele Asediu din 1565, a\u0219a c\u0103 ast\u0103zi po\u021bi admira aici un <strong>plan geometric strict, \u00een form\u0103 de gril\u0103<\/strong>, completat fluid de tipicele balcoane baroce care joac\u0103 \u00een toate culorile imaginabile.<\/p>\n\n\n\n<figure data-wp-context=\"{&quot;imageId&quot;:&quot;6a9c35faa4686&quot;}\" data-wp-interactive=\"core\/image\" data-wp-key=\"6a9c35faa4686\" class=\"wp-block-image size-full wp-lightbox-container\"><img decoding=\"async\" width=\"1500\" height=\"1000\" data-wp-class--hide=\"state.isContentHidden\" data-wp-class--show=\"state.isContentVisible\" data-wp-init=\"callbacks.setButtonStyles\" data-wp-on--click=\"actions.showLightbox\" data-wp-on--load=\"callbacks.setButtonStyles\" data-wp-on--pointerdown=\"actions.preloadImage\" data-wp-on--pointerenter=\"actions.preloadImageWithDelay\" data-wp-on--pointerleave=\"actions.cancelPreload\" data-wp-on-window--resize=\"callbacks.setButtonStyles\" src=\"https:\/\/loudavymkrokem.cz\/wp-content\/uploads\/2026\/08\/dovolena-malta-t01.jpg\" alt=\"Bulevardul principal din Valletta\" class=\"wp-image-399641\" title=\"\" srcset=\"https:\/\/loudavymkrokem.cz\/wp-content\/uploads\/2026\/08\/dovolena-malta-t01.jpg 1500w, https:\/\/loudavymkrokem.cz\/wp-content\/uploads\/2026\/08\/dovolena-malta-t01-300x200.jpg 300w, https:\/\/loudavymkrokem.cz\/wp-content\/uploads\/2026\/08\/dovolena-malta-t01-700x467.jpg 700w, https:\/\/loudavymkrokem.cz\/wp-content\/uploads\/2026\/08\/dovolena-malta-t01-768x512.jpg 768w, https:\/\/loudavymkrokem.cz\/wp-content\/uploads\/2026\/08\/dovolena-malta-t01-696x464.jpg 696w, https:\/\/loudavymkrokem.cz\/wp-content\/uploads\/2026\/08\/dovolena-malta-t01-1392x928.jpg 1392w\" sizes=\"(max-width: 1500px) 100vw, 1500px\" \/><button\n\t\t\tclass=\"lightbox-trigger\"\n\t\t\ttype=\"button\"\n\t\t\taria-haspopup=\"dialog\"\n\t\t\tdata-wp-bind--aria-label=\"state.thisImage.triggerButtonAriaLabel\"\n\t\t\tdata-wp-init=\"callbacks.initTriggerButton\"\n\t\t\tdata-wp-on--click=\"actions.showLightbox\"\n\t\t\tdata-wp-style--right=\"state.thisImage.buttonRight\"\n\t\t\tdata-wp-style--top=\"state.thisImage.buttonTop\"\n\t\t>\n\t\t\t<svg xmlns=\"http:\/\/www.w3.org\/2000\/svg\" width=\"12\" height=\"12\" fill=\"none\" viewBox=\"0 0 12 12\">\n\t\t\t\t<path fill=\"#fff\" d=\"M2 0a2 2 0 0 0-2 2v2h1.5V2a.5.5 0 0 1 .5-.5h2V0H2Zm2 10.5H2a.5.5 0 0 1-.5-.5V8H0v2a2 2 0 0 0 2 2h2v-1.5ZM8 12v-1.5h2a.5.5 0 0 0 .5-.5V8H12v2a2 2 0 0 1-2 2H8Zm2-12a2 2 0 0 1 2 2v2h-1.5V2a.5.5 0 0 0-.5-.5H8V0h2Z\" \/>\n\t\t\t<\/svg>\n\t\t<\/button><figcaption class=\"wp-element-caption\">Bulevardul principal din Valletta (Foto: Txllxt TxllxT \/ Wikimedia Commons, CC BY-SA 4.0)<\/figcaption><\/figure>\n\n\n\n<p class=\"wp-block-paragraph\">Dac\u0103 vrei s\u0103 evi\u021bi mul\u021bimile, localnicii recomand\u0103 foarte mult s\u0103 ajungi pe artera principal\u0103 Republic Street fie diminea\u021ba devreme, fie abia dup\u0103 ora patru dup\u0103-amiaza. Peste zi <strong>ora\u0219ul se umple de obicei cu excursioni\u0219ti de pe navele mari<\/strong>, ceea ce poate strica pu\u021bin impresia de ansamblu, a\u0219a c\u0103 mai bine savurezi \u00een lini\u0219te cafenelele locale cu o atmosfer\u0103 mult mai bun\u0103 \u263a\ufe0f.<\/p>\n\n\n\n<h3 id=\"2_Concatedrala_Sfantul_Ioan_baroc_care_iti_taie_respiratia\" class=\"wp-block-heading\"><span class=\"ez-toc-section\" id=\"2_Concatedrala_Sfantul_Ioan_baroc_care_iti_taie_respiratia\"><\/span>2. Concatedrala Sf\u00e2ntul Ioan: baroc care \u00ee\u021bi taie respira\u021bia<span class=\"ez-toc-section-end\"><\/span><\/h3>\n\n\n\n<p class=\"wp-block-paragraph\">La prima vedere, aceast\u0103 cl\u0103dire pare din exterior o fort\u0103rea\u021b\u0103 destul de auster\u0103, dar de \u00eendat\u0103 ce intri \u00een\u0103untru te a\u0219teapt\u0103 o adev\u0103rat\u0103 <strong>explozie baroc\u0103 aurie<\/strong>. C\u0103l\u0103torii sunt de acord c\u0103 este una dintre cele mai frumoase biserici din Europa, unde podeaua este format\u0103 din aproape patru sute de lespezi funerare de marmur\u0103 minunat \u00eempodobite ale cavalerilor ioani\u021bi, pe care te plimbi.<\/p>\n\n\n\n<figure data-wp-context=\"{&quot;imageId&quot;:&quot;6a9c35faa4c9a&quot;}\" data-wp-interactive=\"core\/image\" data-wp-key=\"6a9c35faa4c9a\" class=\"wp-block-image size-full wp-lightbox-container\"><img decoding=\"async\" width=\"1500\" height=\"890\" data-wp-class--hide=\"state.isContentHidden\" data-wp-class--show=\"state.isContentVisible\" data-wp-init=\"callbacks.setButtonStyles\" data-wp-on--click=\"actions.showLightbox\" data-wp-on--load=\"callbacks.setButtonStyles\" data-wp-on--pointerdown=\"actions.preloadImage\" data-wp-on--pointerenter=\"actions.preloadImageWithDelay\" data-wp-on--pointerleave=\"actions.cancelPreload\" data-wp-on-window--resize=\"callbacks.setButtonStyles\" src=\"https:\/\/loudavymkrokem.cz\/wp-content\/uploads\/2026\/08\/dovolena-malta-t02.jpg\" alt=\"Interiorul auriu al concatedralei Sf\u00e2ntul Ioan\" class=\"wp-image-399647\" title=\"\" srcset=\"https:\/\/loudavymkrokem.cz\/wp-content\/uploads\/2026\/08\/dovolena-malta-t02.jpg 1500w, https:\/\/loudavymkrokem.cz\/wp-content\/uploads\/2026\/08\/dovolena-malta-t02-300x178.jpg 300w, https:\/\/loudavymkrokem.cz\/wp-content\/uploads\/2026\/08\/dovolena-malta-t02-700x415.jpg 700w, https:\/\/loudavymkrokem.cz\/wp-content\/uploads\/2026\/08\/dovolena-malta-t02-768x456.jpg 768w, https:\/\/loudavymkrokem.cz\/wp-content\/uploads\/2026\/08\/dovolena-malta-t02-696x413.jpg 696w, https:\/\/loudavymkrokem.cz\/wp-content\/uploads\/2026\/08\/dovolena-malta-t02-1392x826.jpg 1392w\" sizes=\"(max-width: 1500px) 100vw, 1500px\" \/><button\n\t\t\tclass=\"lightbox-trigger\"\n\t\t\ttype=\"button\"\n\t\t\taria-haspopup=\"dialog\"\n\t\t\tdata-wp-bind--aria-label=\"state.thisImage.triggerButtonAriaLabel\"\n\t\t\tdata-wp-init=\"callbacks.initTriggerButton\"\n\t\t\tdata-wp-on--click=\"actions.showLightbox\"\n\t\t\tdata-wp-style--right=\"state.thisImage.buttonRight\"\n\t\t\tdata-wp-style--top=\"state.thisImage.buttonTop\"\n\t\t>\n\t\t\t<svg xmlns=\"http:\/\/www.w3.org\/2000\/svg\" width=\"12\" height=\"12\" fill=\"none\" viewBox=\"0 0 12 12\">\n\t\t\t\t<path fill=\"#fff\" d=\"M2 0a2 2 0 0 0-2 2v2h1.5V2a.5.5 0 0 1 .5-.5h2V0H2Zm2 10.5H2a.5.5 0 0 1-.5-.5V8H0v2a2 2 0 0 0 2 2h2v-1.5ZM8 12v-1.5h2a.5.5 0 0 0 .5-.5V8H12v2a2 2 0 0 1-2 2H8Zm2-12a2 2 0 0 1 2 2v2h-1.5V2a.5.5 0 0 0-.5-.5H8V0h2Z\" \/>\n\t\t\t<\/svg>\n\t\t<\/button><figcaption class=\"wp-element-caption\">Interiorul auriu al concatedralei Sf\u00e2ntul Ioan (Foto: Mike McBey \/ Wikimedia Commons, CC BY 2.0)<\/figcaption><\/figure>\n\n\n\n<p class=\"wp-block-paragraph\">Taxa de intrare se pl\u0103te\u0219te aici, dar vizita chiar merit\u0103 banii, mai ales dac\u0103 te g\u00e2nde\u0219ti c\u0103 \u00een\u0103untru at\u00e2rn\u0103 dou\u0103 celebre p\u00e2nze de Caravaggio. Piesa cea mai valoroas\u0103 este, fire\u0219te, <strong>monumentalul tablou Decapitarea Sf\u00e2ntului Ioan Botez\u0103torul<\/strong>, care este de altfel singura p\u00e2nz\u0103 pe care acest celebru pictor italian a semnat-o vreodat\u0103 personal, iar tu o po\u021bi vedea cu ochii t\u0103i.<\/p>\n\n\n\n<h3 id=\"3_Upper_Barrakka_Gardens_si_salva_de_pranz\" class=\"wp-block-heading\"><span class=\"ez-toc-section\" id=\"3_Upper_Barrakka_Gardens_si_salva_de_pranz\"><\/span>3. Upper Barrakka Gardens \u0219i salva de pr\u00e2nz<span class=\"ez-toc-section-end\"><\/span><\/h3>\n\n\n\n<p class=\"wp-block-paragraph\">Dac\u0103 e\u0219ti \u00een c\u0103utarea celui mai bun loc pentru poze, trebuie s\u0103 te ui\u021bi \u00een aceste gr\u0103dini superbe, de unde se deschide o <strong>priveli\u0219te spectaculoas\u0103 asupra \u00eentregului Grand Harbour<\/strong> \u0219i asupra celor Trei Ora\u0219e din fa\u021b\u0103. Gr\u0103dinile serveau ini\u021bial doar scopurilor private ale cavalerilor italieni, dar azi te po\u021bi odihni \u00een ele l\u00e2ng\u0103 o f\u00e2nt\u00e2n\u0103 \u0219i te po\u021bi ad\u0103posti \u00een siguran\u021b\u0103 de soarele arz\u0103tor de var\u0103 sub arcadele \u00eempodobite.<\/p>\n\n\n\n<figure data-wp-context=\"{&quot;imageId&quot;:&quot;6a9c35faa5195&quot;}\" data-wp-interactive=\"core\/image\" data-wp-key=\"6a9c35faa5195\" class=\"wp-block-image size-full wp-lightbox-container\"><img decoding=\"async\" width=\"1500\" height=\"1000\" data-wp-class--hide=\"state.isContentHidden\" data-wp-class--show=\"state.isContentVisible\" data-wp-init=\"callbacks.setButtonStyles\" data-wp-on--click=\"actions.showLightbox\" data-wp-on--load=\"callbacks.setButtonStyles\" data-wp-on--pointerdown=\"actions.preloadImage\" data-wp-on--pointerenter=\"actions.preloadImageWithDelay\" data-wp-on--pointerleave=\"actions.cancelPreload\" data-wp-on-window--resize=\"callbacks.setButtonStyles\" src=\"https:\/\/loudavymkrokem.cz\/wp-content\/uploads\/2026\/08\/dovolena-malta-t03.jpg\" alt=\"Priveli\u0219te din Upper Barrakka Gardens\" class=\"wp-image-399655\" title=\"\" srcset=\"https:\/\/loudavymkrokem.cz\/wp-content\/uploads\/2026\/08\/dovolena-malta-t03.jpg 1500w, https:\/\/loudavymkrokem.cz\/wp-content\/uploads\/2026\/08\/dovolena-malta-t03-300x200.jpg 300w, https:\/\/loudavymkrokem.cz\/wp-content\/uploads\/2026\/08\/dovolena-malta-t03-700x467.jpg 700w, https:\/\/loudavymkrokem.cz\/wp-content\/uploads\/2026\/08\/dovolena-malta-t03-768x512.jpg 768w, https:\/\/loudavymkrokem.cz\/wp-content\/uploads\/2026\/08\/dovolena-malta-t03-696x464.jpg 696w, https:\/\/loudavymkrokem.cz\/wp-content\/uploads\/2026\/08\/dovolena-malta-t03-1392x928.jpg 1392w\" sizes=\"(max-width: 1500px) 100vw, 1500px\" \/><button\n\t\t\tclass=\"lightbox-trigger\"\n\t\t\ttype=\"button\"\n\t\t\taria-haspopup=\"dialog\"\n\t\t\tdata-wp-bind--aria-label=\"state.thisImage.triggerButtonAriaLabel\"\n\t\t\tdata-wp-init=\"callbacks.initTriggerButton\"\n\t\t\tdata-wp-on--click=\"actions.showLightbox\"\n\t\t\tdata-wp-style--right=\"state.thisImage.buttonRight\"\n\t\t\tdata-wp-style--top=\"state.thisImage.buttonTop\"\n\t\t>\n\t\t\t<svg xmlns=\"http:\/\/www.w3.org\/2000\/svg\" width=\"12\" height=\"12\" fill=\"none\" viewBox=\"0 0 12 12\">\n\t\t\t\t<path fill=\"#fff\" d=\"M2 0a2 2 0 0 0-2 2v2h1.5V2a.5.5 0 0 1 .5-.5h2V0H2Zm2 10.5H2a.5.5 0 0 1-.5-.5V8H0v2a2 2 0 0 0 2 2h2v-1.5ZM8 12v-1.5h2a.5.5 0 0 0 .5-.5V8H12v2a2 2 0 0 1-2 2H8Zm2-12a2 2 0 0 1 2 2v2h-1.5V2a.5.5 0 0 0-.5-.5H8V0h2Z\" \/>\n\t\t\t<\/svg>\n\t\t<\/button><figcaption class=\"wp-element-caption\">Priveli\u0219te din Upper Barrakka Gardens (Foto: This photo was taken by Anton Zelenov.\nPlease credit this wi \/ Wikimedia Commons, CC BY-SA 4.0)<\/figcaption><\/figure>\n\n\n\n<p class=\"wp-block-paragraph\">Un sfat practic este s\u0103-\u021bi planifici vizita exact la amiaz\u0103 fix sau la ora patru dup\u0103-amiaza, c\u00e2nd cu un etaj mai jos, pe terasa Saluting Battery, are loc tradi\u021bionala salv\u0103 de tun. Este o <strong>demonstra\u021bie istoric\u0103 foarte zgomotoas\u0103, dar foarte \u00eendr\u0103git\u0103<\/strong>, care te transport\u0103 imediat cu c\u00e2teva secole \u00eenapoi, \u00een vremea ne\u00eenfrica\u021bilor ap\u0103r\u0103tori ai acestei mici insule.<\/p>\n\n\n\n<h3 id=\"4_Grand_Harbour_portul_natural_care_a_schimbat_istoria\" class=\"wp-block-heading\"><span class=\"ez-toc-section\" id=\"4_Grand_Harbour_portul_natural_care_a_schimbat_istoria\"><\/span>4. Grand Harbour: portul natural care a schimbat istoria<span class=\"ez-toc-section-end\"><\/span><\/h3>\n\n\n\n<p class=\"wp-block-paragraph\">Acest port natural uria\u0219 a modelat istoria \u00eentregii Mediterane \u0219i, conform multor ghiduri turistice, se num\u0103r\u0103 printre cele mai impun\u0103toare din lume. Bastioanele masive \u0219i zidurile de ap\u0103rare stau aici ca martori mu\u021bi ai evenimentelor dramatice, portul juc\u00e2nd un rol deosebit de important \u00een timpul celui de-al Doilea R\u0103zboi Mondial, motiv pentru care \u00eentreaga Malt\u0103 a primit de la regele britanic <strong>celebra Cruce George pentru vitejie<\/strong>.<\/p>\n\n\n\n<figure data-wp-context=\"{&quot;imageId&quot;:&quot;6a9c35faa5766&quot;}\" data-wp-interactive=\"core\/image\" data-wp-key=\"6a9c35faa5766\" class=\"wp-block-image size-full wp-lightbox-container\"><img decoding=\"async\" width=\"1500\" height=\"1125\" data-wp-class--hide=\"state.isContentHidden\" data-wp-class--show=\"state.isContentVisible\" data-wp-init=\"callbacks.setButtonStyles\" data-wp-on--click=\"actions.showLightbox\" data-wp-on--load=\"callbacks.setButtonStyles\" data-wp-on--pointerdown=\"actions.preloadImage\" data-wp-on--pointerenter=\"actions.preloadImageWithDelay\" data-wp-on--pointerleave=\"actions.cancelPreload\" data-wp-on-window--resize=\"callbacks.setButtonStyles\" src=\"https:\/\/loudavymkrokem.cz\/wp-content\/uploads\/2026\/08\/dovolena-malta-t04.jpg\" alt=\"Grand Harbour \u00een Malta\" class=\"wp-image-399663\" title=\"\" srcset=\"https:\/\/loudavymkrokem.cz\/wp-content\/uploads\/2026\/08\/dovolena-malta-t04.jpg 1500w, https:\/\/loudavymkrokem.cz\/wp-content\/uploads\/2026\/08\/dovolena-malta-t04-300x225.jpg 300w, https:\/\/loudavymkrokem.cz\/wp-content\/uploads\/2026\/08\/dovolena-malta-t04-700x525.jpg 700w, https:\/\/loudavymkrokem.cz\/wp-content\/uploads\/2026\/08\/dovolena-malta-t04-768x576.jpg 768w, https:\/\/loudavymkrokem.cz\/wp-content\/uploads\/2026\/08\/dovolena-malta-t04-80x60.jpg 80w, https:\/\/loudavymkrokem.cz\/wp-content\/uploads\/2026\/08\/dovolena-malta-t04-160x120.jpg 160w, https:\/\/loudavymkrokem.cz\/wp-content\/uploads\/2026\/08\/dovolena-malta-t04-696x522.jpg 696w, https:\/\/loudavymkrokem.cz\/wp-content\/uploads\/2026\/08\/dovolena-malta-t04-1392x1044.jpg 1392w\" sizes=\"(max-width: 1500px) 100vw, 1500px\" \/><button\n\t\t\tclass=\"lightbox-trigger\"\n\t\t\ttype=\"button\"\n\t\t\taria-haspopup=\"dialog\"\n\t\t\tdata-wp-bind--aria-label=\"state.thisImage.triggerButtonAriaLabel\"\n\t\t\tdata-wp-init=\"callbacks.initTriggerButton\"\n\t\t\tdata-wp-on--click=\"actions.showLightbox\"\n\t\t\tdata-wp-style--right=\"state.thisImage.buttonRight\"\n\t\t\tdata-wp-style--top=\"state.thisImage.buttonTop\"\n\t\t>\n\t\t\t<svg xmlns=\"http:\/\/www.w3.org\/2000\/svg\" width=\"12\" height=\"12\" fill=\"none\" viewBox=\"0 0 12 12\">\n\t\t\t\t<path fill=\"#fff\" d=\"M2 0a2 2 0 0 0-2 2v2h1.5V2a.5.5 0 0 1 .5-.5h2V0H2Zm2 10.5H2a.5.5 0 0 1-.5-.5V8H0v2a2 2 0 0 0 2 2h2v-1.5ZM8 12v-1.5h2a.5.5 0 0 0 .5-.5V8H12v2a2 2 0 0 1-2 2H8Zm2-12a2 2 0 0 1 2 2v2h-1.5V2a.5.5 0 0 0-.5-.5H8V0h2Z\" \/>\n\t\t\t<\/svg>\n\t\t<\/button><figcaption class=\"wp-element-caption\">Grand Harbour \u00een Malta (Foto: Pacopac \/ Wikimedia Commons, CC BY-SA 4.0)<\/figcaption><\/figure>\n\n\n\n<p class=\"wp-block-paragraph\">Cel mai bine \u00ee\u021bi dai seama de dimensiunea \u00eentregii fortifica\u021bii direct de pe suprafa\u021ba apei, a\u0219a c\u0103 merit\u0103 mult s\u0103 porne\u0219ti \u00eentr-o croazier\u0103 organizat\u0103 de agrement cu barca. Biletele le po\u021bi cump\u0103ra direct pe faleza din Valletta \u0219i de pe puntea navei ob\u021bii asupra <strong>zidurilor \u00eenalte \u0219i fort\u0103re\u021belor istorice<\/strong> o perspectiv\u0103 cu totul diferit\u0103 \u0219i mult mai interesant\u0103 dec\u00e2t de pe uscat.<\/p>\n\n\n\n<h3 id=\"5_Cele_Trei_Orase_Vittoriosa_Senglea_si_Cospicua\" class=\"wp-block-heading\"><span class=\"ez-toc-section\" id=\"5_Cele_Trei_Orase_Vittoriosa_Senglea_si_Cospicua\"><\/span>5. Cele Trei Ora\u0219e: Vittoriosa, Senglea \u0219i Cospicua<span class=\"ez-toc-section-end\"><\/span><\/h3>\n\n\n\n<p class=\"wp-block-paragraph\">Chiar \u00een fa\u021ba capitalei se afl\u0103 Vittoriosa, Senglea \u0219i Cospicua, or\u0103\u0219ele istorice unde se spune c\u0103 g\u0103se\u0219ti o <strong>atmosfer\u0103 mult mai autentic\u0103<\/strong> dec\u00e2t \u00een Valletta \u00eens\u0103\u0219i. Turi\u0219tii vin aici semnificativ mai pu\u021bini, a\u0219a c\u0103 po\u021bi savura \u00een lini\u0219te hoin\u0103reala pe str\u0103du\u021be \u00eenguste, po\u021bi admira iahturi de lux \u00een marina \u0219i po\u021bi explora maiestuoasa fort\u0103rea\u021b\u0103 Fort St Angelo.<\/p>\n\n\n\n<figure data-wp-context=\"{&quot;imageId&quot;:&quot;6a9c35faa5cbf&quot;}\" data-wp-interactive=\"core\/image\" data-wp-key=\"6a9c35faa5cbf\" class=\"wp-block-image size-full wp-lightbox-container\"><img decoding=\"async\" width=\"1500\" height=\"887\" data-wp-class--hide=\"state.isContentHidden\" data-wp-class--show=\"state.isContentVisible\" data-wp-init=\"callbacks.setButtonStyles\" data-wp-on--click=\"actions.showLightbox\" data-wp-on--load=\"callbacks.setButtonStyles\" data-wp-on--pointerdown=\"actions.preloadImage\" data-wp-on--pointerenter=\"actions.preloadImageWithDelay\" data-wp-on--pointerleave=\"actions.cancelPreload\" data-wp-on-window--resize=\"callbacks.setButtonStyles\" src=\"https:\/\/loudavymkrokem.cz\/wp-content\/uploads\/2026\/08\/dovolena-malta-t05.jpg\" alt=\"Vittoriosa \u0219i Fort St Angelo \u00een Grand Harbour\" class=\"wp-image-399744\" title=\"\" srcset=\"https:\/\/loudavymkrokem.cz\/wp-content\/uploads\/2026\/08\/dovolena-malta-t05.jpg 1500w, https:\/\/loudavymkrokem.cz\/wp-content\/uploads\/2026\/08\/dovolena-malta-t05-300x177.jpg 300w, https:\/\/loudavymkrokem.cz\/wp-content\/uploads\/2026\/08\/dovolena-malta-t05-700x414.jpg 700w, https:\/\/loudavymkrokem.cz\/wp-content\/uploads\/2026\/08\/dovolena-malta-t05-768x454.jpg 768w, https:\/\/loudavymkrokem.cz\/wp-content\/uploads\/2026\/08\/dovolena-malta-t05-696x412.jpg 696w, https:\/\/loudavymkrokem.cz\/wp-content\/uploads\/2026\/08\/dovolena-malta-t05-1392x823.jpg 1392w\" sizes=\"(max-width: 1500px) 100vw, 1500px\" \/><button\n\t\t\tclass=\"lightbox-trigger\"\n\t\t\ttype=\"button\"\n\t\t\taria-haspopup=\"dialog\"\n\t\t\tdata-wp-bind--aria-label=\"state.thisImage.triggerButtonAriaLabel\"\n\t\t\tdata-wp-init=\"callbacks.initTriggerButton\"\n\t\t\tdata-wp-on--click=\"actions.showLightbox\"\n\t\t\tdata-wp-style--right=\"state.thisImage.buttonRight\"\n\t\t\tdata-wp-style--top=\"state.thisImage.buttonTop\"\n\t\t>\n\t\t\t<svg xmlns=\"http:\/\/www.w3.org\/2000\/svg\" width=\"12\" height=\"12\" fill=\"none\" viewBox=\"0 0 12 12\">\n\t\t\t\t<path fill=\"#fff\" d=\"M2 0a2 2 0 0 0-2 2v2h1.5V2a.5.5 0 0 1 .5-.5h2V0H2Zm2 10.5H2a.5.5 0 0 1-.5-.5V8H0v2a2 2 0 0 0 2 2h2v-1.5ZM8 12v-1.5h2a.5.5 0 0 0 .5-.5V8H12v2a2 2 0 0 1-2 2H8Zm2-12a2 2 0 0 1 2 2v2h-1.5V2a.5.5 0 0 0-.5-.5H8V0h2Z\" \/>\n\t\t\t<\/svg>\n\t\t<\/button><figcaption class=\"wp-element-caption\">Vittoriosa \u0219i Fort St Angelo \u00een Grand Harbour (Foto: Karelj \/ Wikimedia Commons, CC BY-SA 3.0)<\/figcaption><\/figure>\n\n\n\n<p class=\"wp-block-paragraph\">C\u0103l\u0103torii recomand\u0103 s\u0103 nu faci drumul din Valletta cu autobuzul, ci mai degrab\u0103 s\u0103 te la\u0219i dus pe malul opus cu tradi\u021bionala barc\u0103 de lemn numit\u0103 dg\u0127ajsa. Traversarea dureaz\u0103 doar c\u00e2teva minute \u0219i cost\u0103 de obicei \u00een jur de doi euro, adic\u0103 vreo 10 lei, doar s\u0103 nu ui\u021bi s\u0103-\u021bi faci o <a href=\"https:\/\/loudavymkrokem.cz\/jak-vybrat-cestovni-pojisteni-na-dovolenou\/\">asigurare de c\u0103l\u0103torie<\/a> de calitate, pentru c\u0103 e vorba de ambarca\u021biuni mici \u0219i siguran\u021ba este mereu pe primul loc.<\/p>\n\n\n\n<h3 id=\"6_Sliema_si_St_Julian_s_promenada_cumparaturi_si_viata_de_noapte\" class=\"wp-block-heading\"><span class=\"ez-toc-section\" id=\"6_Sliema_si_St_Julians_promenada_cumparaturi_si_viata_de_noapte\"><\/span>6. Sliema \u0219i St Julian&#8217;s: promenad\u0103, cump\u0103r\u0103turi \u0219i via\u021b\u0103 de noapte<span class=\"ez-toc-section-end\"><\/span><\/h3>\n\n\n\n<p class=\"wp-block-paragraph\">Dac\u0103 t\u00e2nje\u0219ti dup\u0103 forfot\u0103 urban\u0103 modern\u0103, centre comerciale \u0219i o promenad\u0103 larg\u0103 de-a lungul m\u0103rii, aceste dou\u0103 cartiere legate \u00eentre ele nu te vor dezam\u0103gi. \u00cen timp ce pitorescul golf Spinola Bay este plin de b\u0103rcu\u021be colorate fotogenice, promenada de coast\u0103 ofer\u0103 <strong>condi\u021bii ideale pentru plimb\u0103ri de sear\u0103<\/strong> \u0219i sc\u0103ldat popular direct de pe cheiuri \u0219i faleze de beton.<\/p>\n\n\n\n<figure data-wp-context=\"{&quot;imageId&quot;:&quot;6a9c35faa61cb&quot;}\" data-wp-interactive=\"core\/image\" data-wp-key=\"6a9c35faa61cb\" class=\"wp-block-image size-full wp-lightbox-container\"><img decoding=\"async\" width=\"1500\" height=\"999\" data-wp-class--hide=\"state.isContentHidden\" data-wp-class--show=\"state.isContentVisible\" data-wp-init=\"callbacks.setButtonStyles\" data-wp-on--click=\"actions.showLightbox\" data-wp-on--load=\"callbacks.setButtonStyles\" data-wp-on--pointerdown=\"actions.preloadImage\" data-wp-on--pointerenter=\"actions.preloadImageWithDelay\" data-wp-on--pointerleave=\"actions.cancelPreload\" data-wp-on-window--resize=\"callbacks.setButtonStyles\" src=\"https:\/\/loudavymkrokem.cz\/wp-content\/uploads\/2026\/08\/dovolena-malta-t06.jpg\" alt=\"Spinola Bay \u00een St Julian&#039;s\" class=\"wp-image-399672\" title=\"\" srcset=\"https:\/\/loudavymkrokem.cz\/wp-content\/uploads\/2026\/08\/dovolena-malta-t06.jpg 1500w, https:\/\/loudavymkrokem.cz\/wp-content\/uploads\/2026\/08\/dovolena-malta-t06-300x200.jpg 300w, https:\/\/loudavymkrokem.cz\/wp-content\/uploads\/2026\/08\/dovolena-malta-t06-700x466.jpg 700w, https:\/\/loudavymkrokem.cz\/wp-content\/uploads\/2026\/08\/dovolena-malta-t06-768x511.jpg 768w, https:\/\/loudavymkrokem.cz\/wp-content\/uploads\/2026\/08\/dovolena-malta-t06-696x464.jpg 696w, https:\/\/loudavymkrokem.cz\/wp-content\/uploads\/2026\/08\/dovolena-malta-t06-1392x927.jpg 1392w\" sizes=\"(max-width: 1500px) 100vw, 1500px\" \/><button\n\t\t\tclass=\"lightbox-trigger\"\n\t\t\ttype=\"button\"\n\t\t\taria-haspopup=\"dialog\"\n\t\t\tdata-wp-bind--aria-label=\"state.thisImage.triggerButtonAriaLabel\"\n\t\t\tdata-wp-init=\"callbacks.initTriggerButton\"\n\t\t\tdata-wp-on--click=\"actions.showLightbox\"\n\t\t\tdata-wp-style--right=\"state.thisImage.buttonRight\"\n\t\t\tdata-wp-style--top=\"state.thisImage.buttonTop\"\n\t\t>\n\t\t\t<svg xmlns=\"http:\/\/www.w3.org\/2000\/svg\" width=\"12\" height=\"12\" fill=\"none\" viewBox=\"0 0 12 12\">\n\t\t\t\t<path fill=\"#fff\" d=\"M2 0a2 2 0 0 0-2 2v2h1.5V2a.5.5 0 0 1 .5-.5h2V0H2Zm2 10.5H2a.5.5 0 0 1-.5-.5V8H0v2a2 2 0 0 0 2 2h2v-1.5ZM8 12v-1.5h2a.5.5 0 0 0 .5-.5V8H12v2a2 2 0 0 1-2 2H8Zm2-12a2 2 0 0 1 2 2v2h-1.5V2a.5.5 0 0 0-.5-.5H8V0h2Z\" \/>\n\t\t\t<\/svg>\n\t\t<\/button><figcaption class=\"wp-element-caption\">Spinola Bay \u00een St Julian&#8217;s (Foto: This photo was taken by Anton Zelenov.\nPlease credit this wi \/ Wikimedia Commons, CC BY-SA 4.0)<\/figcaption><\/figure>\n\n\n\n<p class=\"wp-block-paragraph\">C\u0103l\u0103torii avertizeaz\u0103 \u00eens\u0103 asupra zonei Paceville din cartierul St Julian&#8217;s, care func\u021bioneaz\u0103 ca o singur\u0103 zon\u0103 imens\u0103 \u0219i foarte zgomotoas\u0103 de petrecere. Dac\u0103 nu e\u0219ti \u00een c\u0103utarea unor cluburi de noapte s\u0103lbatice \u0219i a barurilor ieftine pline de studen\u021bi de la \u0219colile de limbi, <strong>mai bine ocole\u0219te noaptea aceast\u0103 loca\u021bie<\/strong> \u0219i cazeaz\u0103-te \u00eentr-o parte mai lini\u0219tit\u0103 a insulei \ud83d\ude05.<\/p>\n\n\n\n<h3 id=\"7_Mdina_Orasul_tacut_din_spatele_zidurilor\" class=\"wp-block-heading\"><span class=\"ez-toc-section\" id=\"7_Mdina_Orasul_tacut_din_spatele_zidurilor\"><\/span>7. Mdina: Ora\u0219ul t\u0103cut din spatele zidurilor<span class=\"ez-toc-section-end\"><\/span><\/h3>\n\n\n\n<p class=\"wp-block-paragraph\">Fosta capital\u0103 se afl\u0103 ascuns\u0103 \u00een siguran\u021b\u0103 \u00een spatele unor ziduri \u00eenalte, \u00een centrul insulei, iar datorit\u0103 atmosferei sale unice este supranumit\u0103, pe deplin justificat, Ora\u0219ul T\u0103cut. Fanii serialelor vor recunoa\u0219te cu siguran\u021b\u0103 maiestuoasa poart\u0103 principal\u0103 Mdina Gate, pentru c\u0103 aici <strong>s-au filmat scene pentru celebrul Urzeala Tronurilor<\/strong>, dar pe to\u021bi vizitatorii \u00eei va cuceri f\u0103r\u0103 gre\u0219 \u00eenc\u00e2lceala de str\u0103du\u021be \u00eenguste de gresie.<\/p>\n\n\n\n<figure data-wp-context=\"{&quot;imageId&quot;:&quot;6a9c35faa68ee&quot;}\" data-wp-interactive=\"core\/image\" data-wp-key=\"6a9c35faa68ee\" class=\"wp-block-image size-full wp-lightbox-container\"><img decoding=\"async\" width=\"1500\" height=\"1125\" data-wp-class--hide=\"state.isContentHidden\" data-wp-class--show=\"state.isContentVisible\" data-wp-init=\"callbacks.setButtonStyles\" data-wp-on--click=\"actions.showLightbox\" data-wp-on--load=\"callbacks.setButtonStyles\" data-wp-on--pointerdown=\"actions.preloadImage\" data-wp-on--pointerenter=\"actions.preloadImageWithDelay\" data-wp-on--pointerleave=\"actions.cancelPreload\" data-wp-on-window--resize=\"callbacks.setButtonStyles\" src=\"https:\/\/loudavymkrokem.cz\/wp-content\/uploads\/2026\/08\/dovolena-malta-t07.jpg\" alt=\"Poarta c\u0103tre Mdina, Ora\u0219ul T\u0103cut\" class=\"wp-image-399675\" title=\"\" srcset=\"https:\/\/loudavymkrokem.cz\/wp-content\/uploads\/2026\/08\/dovolena-malta-t07.jpg 1500w, https:\/\/loudavymkrokem.cz\/wp-content\/uploads\/2026\/08\/dovolena-malta-t07-300x225.jpg 300w, https:\/\/loudavymkrokem.cz\/wp-content\/uploads\/2026\/08\/dovolena-malta-t07-700x525.jpg 700w, https:\/\/loudavymkrokem.cz\/wp-content\/uploads\/2026\/08\/dovolena-malta-t07-768x576.jpg 768w, https:\/\/loudavymkrokem.cz\/wp-content\/uploads\/2026\/08\/dovolena-malta-t07-80x60.jpg 80w, https:\/\/loudavymkrokem.cz\/wp-content\/uploads\/2026\/08\/dovolena-malta-t07-160x120.jpg 160w, https:\/\/loudavymkrokem.cz\/wp-content\/uploads\/2026\/08\/dovolena-malta-t07-696x522.jpg 696w, https:\/\/loudavymkrokem.cz\/wp-content\/uploads\/2026\/08\/dovolena-malta-t07-1392x1044.jpg 1392w\" sizes=\"(max-width: 1500px) 100vw, 1500px\" \/><button\n\t\t\tclass=\"lightbox-trigger\"\n\t\t\ttype=\"button\"\n\t\t\taria-haspopup=\"dialog\"\n\t\t\tdata-wp-bind--aria-label=\"state.thisImage.triggerButtonAriaLabel\"\n\t\t\tdata-wp-init=\"callbacks.initTriggerButton\"\n\t\t\tdata-wp-on--click=\"actions.showLightbox\"\n\t\t\tdata-wp-style--right=\"state.thisImage.buttonRight\"\n\t\t\tdata-wp-style--top=\"state.thisImage.buttonTop\"\n\t\t>\n\t\t\t<svg xmlns=\"http:\/\/www.w3.org\/2000\/svg\" width=\"12\" height=\"12\" fill=\"none\" viewBox=\"0 0 12 12\">\n\t\t\t\t<path fill=\"#fff\" d=\"M2 0a2 2 0 0 0-2 2v2h1.5V2a.5.5 0 0 1 .5-.5h2V0H2Zm2 10.5H2a.5.5 0 0 1-.5-.5V8H0v2a2 2 0 0 0 2 2h2v-1.5ZM8 12v-1.5h2a.5.5 0 0 0 .5-.5V8H12v2a2 2 0 0 1-2 2H8Zm2-12a2 2 0 0 1 2 2v2h-1.5V2a.5.5 0 0 0-.5-.5H8V0h2Z\" \/>\n\t\t\t<\/svg>\n\t\t<\/button><figcaption class=\"wp-element-caption\">Poarta c\u0103tre Mdina, Ora\u0219ul T\u0103cut (Foto: Simontabone \/ Wikimedia Commons, CC BY-SA 4.0)<\/figcaption><\/figure>\n\n\n\n<p class=\"wp-block-paragraph\">Peste zi este destul de aglomerat \u00een\u0103untrul zidurilor, de aceea se recomand\u0103 s\u0103 vii la vizitare abia spre sear\u0103, c\u00e2nd majoritatea excursiilor organizate pleac\u0103 \u00eenapoi spre mare. Dup\u0103 l\u0103sarea \u00eentunericului, str\u0103zile istorice r\u0103m\u00e2n aproape pustii, felinarele arunc\u0103 umbre lungi, iar tu abia atunci <strong>\u00een\u021belegi perfect de ce Mdina \u00ee\u0219i merit\u0103 cu adev\u0103rat numele t\u0103cut<\/strong>.<\/p>\n\n\n\n<h3 id=\"8_Rabat_si_catacombele_Sfantului_Pavel\" class=\"wp-block-heading\"><span class=\"ez-toc-section\" id=\"8_Rabat_si_catacombele_Sfantului_Pavel\"><\/span>8. Rabat \u0219i catacombele Sf\u00e2ntului Pavel<span class=\"ez-toc-section-end\"><\/span><\/h3>\n\n\n\n<p class=\"wp-block-paragraph\">Imediat dincolo de zidurile Mdinei se continu\u0103 fluid or\u0103\u0219elul vecin Rabat, care ascunde sub str\u0103zile sale un <strong>fascinant cimitir subteran paleocre\u0219tin, foarte \u00eentins<\/strong>. Chiar aici po\u021bi explora \u00een siguran\u021b\u0103 catacombele \u00eentunecate, unde odinioar\u0103 erau \u00eenmorm\u00e2nta\u021bi mor\u021bii, \u0219i po\u021bi arunca o privire \u00een venerata pe\u0219ter\u0103 a Sf\u00e2ntului Pavel, \u00een care se spune c\u0103 a stat acest apostol dup\u0103 presupusul s\u0103u naufragiu.<\/p>\n\n\n\n<figure data-wp-context=\"{&quot;imageId&quot;:&quot;6a9c35faa6fc8&quot;}\" data-wp-interactive=\"core\/image\" data-wp-key=\"6a9c35faa6fc8\" class=\"wp-block-image size-full wp-lightbox-container\"><img decoding=\"async\" width=\"1500\" height=\"1149\" data-wp-class--hide=\"state.isContentHidden\" data-wp-class--show=\"state.isContentVisible\" data-wp-init=\"callbacks.setButtonStyles\" data-wp-on--click=\"actions.showLightbox\" data-wp-on--load=\"callbacks.setButtonStyles\" data-wp-on--pointerdown=\"actions.preloadImage\" data-wp-on--pointerenter=\"actions.preloadImageWithDelay\" data-wp-on--pointerleave=\"actions.cancelPreload\" data-wp-on-window--resize=\"callbacks.setButtonStyles\" src=\"https:\/\/loudavymkrokem.cz\/wp-content\/uploads\/2026\/08\/dovolena-malta-t08.jpg\" alt=\"Catacombele Sf\u00e2ntului Pavel \u00een Rabat\" class=\"wp-image-399680\" title=\"\" srcset=\"https:\/\/loudavymkrokem.cz\/wp-content\/uploads\/2026\/08\/dovolena-malta-t08.jpg 1500w, https:\/\/loudavymkrokem.cz\/wp-content\/uploads\/2026\/08\/dovolena-malta-t08-300x230.jpg 300w, https:\/\/loudavymkrokem.cz\/wp-content\/uploads\/2026\/08\/dovolena-malta-t08-700x536.jpg 700w, https:\/\/loudavymkrokem.cz\/wp-content\/uploads\/2026\/08\/dovolena-malta-t08-768x588.jpg 768w, https:\/\/loudavymkrokem.cz\/wp-content\/uploads\/2026\/08\/dovolena-malta-t08-80x60.jpg 80w, https:\/\/loudavymkrokem.cz\/wp-content\/uploads\/2026\/08\/dovolena-malta-t08-696x533.jpg 696w, https:\/\/loudavymkrokem.cz\/wp-content\/uploads\/2026\/08\/dovolena-malta-t08-1392x1066.jpg 1392w\" sizes=\"(max-width: 1500px) 100vw, 1500px\" \/><button\n\t\t\tclass=\"lightbox-trigger\"\n\t\t\ttype=\"button\"\n\t\t\taria-haspopup=\"dialog\"\n\t\t\tdata-wp-bind--aria-label=\"state.thisImage.triggerButtonAriaLabel\"\n\t\t\tdata-wp-init=\"callbacks.initTriggerButton\"\n\t\t\tdata-wp-on--click=\"actions.showLightbox\"\n\t\t\tdata-wp-style--right=\"state.thisImage.buttonRight\"\n\t\t\tdata-wp-style--top=\"state.thisImage.buttonTop\"\n\t\t>\n\t\t\t<svg xmlns=\"http:\/\/www.w3.org\/2000\/svg\" width=\"12\" height=\"12\" fill=\"none\" viewBox=\"0 0 12 12\">\n\t\t\t\t<path fill=\"#fff\" d=\"M2 0a2 2 0 0 0-2 2v2h1.5V2a.5.5 0 0 1 .5-.5h2V0H2Zm2 10.5H2a.5.5 0 0 1-.5-.5V8H0v2a2 2 0 0 0 2 2h2v-1.5ZM8 12v-1.5h2a.5.5 0 0 0 .5-.5V8H12v2a2 2 0 0 1-2 2H8Zm2-12a2 2 0 0 1 2 2v2h-1.5V2a.5.5 0 0 0-.5-.5H8V0h2Z\" \/>\n\t\t\t<\/svg>\n\t\t<\/button><figcaption class=\"wp-element-caption\">Catacombele Sf\u00e2ntului Pavel \u00een Rabat (Foto: Diego Delso \/ Wikimedia Commons, CC BY-SA 4.0)<\/figcaption><\/figure>\n\n\n\n<p class=\"wp-block-paragraph\">Vizitarea galeriilor subterane \u00eenc\u00e2lcite dureaz\u0103 cel pu\u021bin o or\u0103 \u0219i e bine de \u0219tiut c\u0103 jos e destul de r\u0103coare, a\u0219a c\u0103 \u00ee\u021bi va prinde bine un pulover u\u0219or. Programul de vizitare mai bine <strong>verific\u0103-l mereu din timp pe site-ul oficial<\/strong>, pentru c\u0103 se poate schimba \u00een func\u021bie de sezon, iar la unele por\u021biuni accesul nu este chiar simplu pentru persoanele cu mobilitate redus\u0103.<\/p>\n\n\n\n<h3 id=\"9_Rotonda_din_Mosta_si_povestea_bombei\" class=\"wp-block-heading\"><span class=\"ez-toc-section\" id=\"9_Rotonda_din_Mosta_si_povestea_bombei\"><\/span>9. Rotonda din Mosta \u0219i povestea bombei<span class=\"ez-toc-section-end\"><\/span><\/h3>\n\n\n\n<p class=\"wp-block-paragraph\">Biserica monumental\u0103 din or\u0103\u0219elul Mosta se laud\u0103 cu una dintre cele mai mari cupole nesus\u021binute din toat\u0103 Europa \u0219i formeaz\u0103 o dominant\u0103 de neratat a \u00eentregii insule \u00eenc\u0103 de departe. Nu este vorba \u00eens\u0103 doar de o arhitectur\u0103 impresionant\u0103, pentru c\u0103 de acest loc se leag\u0103 o <strong>poveste aproape de necrezut din al Doilea R\u0103zboi Mondial<\/strong>, care l-a f\u0103cut unul dintre cele mai c\u0103utate locuri din Malta.<\/p>\n\n\n\n<figure data-wp-context=\"{&quot;imageId&quot;:&quot;6a9c35faa7782&quot;}\" data-wp-interactive=\"core\/image\" data-wp-key=\"6a9c35faa7782\" class=\"wp-block-image size-full wp-lightbox-container\"><img decoding=\"async\" width=\"1500\" height=\"998\" data-wp-class--hide=\"state.isContentHidden\" data-wp-class--show=\"state.isContentVisible\" data-wp-init=\"callbacks.setButtonStyles\" data-wp-on--click=\"actions.showLightbox\" data-wp-on--load=\"callbacks.setButtonStyles\" data-wp-on--pointerdown=\"actions.preloadImage\" data-wp-on--pointerenter=\"actions.preloadImageWithDelay\" data-wp-on--pointerleave=\"actions.cancelPreload\" data-wp-on-window--resize=\"callbacks.setButtonStyles\" src=\"https:\/\/loudavymkrokem.cz\/wp-content\/uploads\/2026\/08\/dovolena-malta-t09.jpg\" alt=\"Rotonda din Mosta cu cupola uria\u0219\u0103\" class=\"wp-image-399687\" title=\"\" srcset=\"https:\/\/loudavymkrokem.cz\/wp-content\/uploads\/2026\/08\/dovolena-malta-t09.jpg 1500w, https:\/\/loudavymkrokem.cz\/wp-content\/uploads\/2026\/08\/dovolena-malta-t09-300x200.jpg 300w, https:\/\/loudavymkrokem.cz\/wp-content\/uploads\/2026\/08\/dovolena-malta-t09-700x466.jpg 700w, https:\/\/loudavymkrokem.cz\/wp-content\/uploads\/2026\/08\/dovolena-malta-t09-768x511.jpg 768w, https:\/\/loudavymkrokem.cz\/wp-content\/uploads\/2026\/08\/dovolena-malta-t09-696x463.jpg 696w, https:\/\/loudavymkrokem.cz\/wp-content\/uploads\/2026\/08\/dovolena-malta-t09-1392x926.jpg 1392w\" sizes=\"(max-width: 1500px) 100vw, 1500px\" \/><button\n\t\t\tclass=\"lightbox-trigger\"\n\t\t\ttype=\"button\"\n\t\t\taria-haspopup=\"dialog\"\n\t\t\tdata-wp-bind--aria-label=\"state.thisImage.triggerButtonAriaLabel\"\n\t\t\tdata-wp-init=\"callbacks.initTriggerButton\"\n\t\t\tdata-wp-on--click=\"actions.showLightbox\"\n\t\t\tdata-wp-style--right=\"state.thisImage.buttonRight\"\n\t\t\tdata-wp-style--top=\"state.thisImage.buttonTop\"\n\t\t>\n\t\t\t<svg xmlns=\"http:\/\/www.w3.org\/2000\/svg\" width=\"12\" height=\"12\" fill=\"none\" viewBox=\"0 0 12 12\">\n\t\t\t\t<path fill=\"#fff\" d=\"M2 0a2 2 0 0 0-2 2v2h1.5V2a.5.5 0 0 1 .5-.5h2V0H2Zm2 10.5H2a.5.5 0 0 1-.5-.5V8H0v2a2 2 0 0 0 2 2h2v-1.5ZM8 12v-1.5h2a.5.5 0 0 0 .5-.5V8H12v2a2 2 0 0 1-2 2H8Zm2-12a2 2 0 0 1 2 2v2h-1.5V2a.5.5 0 0 0-.5-.5H8V0h2Z\" \/>\n\t\t\t<\/svg>\n\t\t<\/button><figcaption class=\"wp-element-caption\">Rotonda din Mosta cu cupola uria\u0219\u0103 (Foto: Mstyslav Chernov \/ Wikimedia Commons, CC BY-SA 3.0)<\/figcaption><\/figure>\n\n\n\n<p class=\"wp-block-paragraph\">\u00cen aprilie 1942, \u00een timpul slujbei, o bomb\u0103 aerian\u0103 german\u0103 a str\u0103puns cupola imens\u0103, a c\u0103zut chiar \u00een mijlocul bisericii pline, dar ca prin minune nu a explodat deloc. Ast\u0103zi po\u021bi vedea \u00een\u0103untru o <strong>replic\u0103 exact\u0103 a acestei celebre bombe<\/strong>, iar localnicii cred p\u00e2n\u0103 azi cu t\u0103rie c\u0103 atunci, deasupra celor trei sute de credincio\u0219i, au vegheat pur \u0219i simplu to\u021bi sfin\u021bii.<\/p>\n\n\n\n<h3 id=\"10_Dingli_Cliffs_falezele_de_pe_coasta_de_vest\" class=\"wp-block-heading\"><span class=\"ez-toc-section\" id=\"10_Dingli_Cliffs_falezele_de_pe_coasta_de_vest\"><\/span>10. Dingli Cliffs: falezele de pe coasta de vest<span class=\"ez-toc-section-end\"><\/span><\/h3>\n\n\n\n<p class=\"wp-block-paragraph\">Pentru iubitorii de natur\u0103 \u0219i priveli\u0219ti dramatice, aceste faleze masive de pe coasta de vest sunt o obliga\u021bie absolut\u0103, pentru c\u0103 formeaz\u0103 cel mai \u00eenalt punct al \u00eentregului arhipelag. Pere\u021bii de calcar cad abrupt direct \u00een mare \u0219i, conform experien\u021bei altor c\u0103l\u0103tori, aici tr\u0103ie\u0219ti <strong>cea mai frumoas\u0103 \u0219i mai lini\u0219tit\u0103 plimbare<\/strong>, unde te vor \u00eenso\u021bi doar sunetul v\u00e2ntului \u0219i al valurilor m\u0103rii.<\/p>\n\n\n\n<figure data-wp-context=\"{&quot;imageId&quot;:&quot;6a9c35faa808b&quot;}\" data-wp-interactive=\"core\/image\" data-wp-key=\"6a9c35faa808b\" class=\"wp-block-image size-full wp-lightbox-container\"><img decoding=\"async\" width=\"1500\" height=\"1042\" data-wp-class--hide=\"state.isContentHidden\" data-wp-class--show=\"state.isContentVisible\" data-wp-init=\"callbacks.setButtonStyles\" data-wp-on--click=\"actions.showLightbox\" data-wp-on--load=\"callbacks.setButtonStyles\" data-wp-on--pointerdown=\"actions.preloadImage\" data-wp-on--pointerenter=\"actions.preloadImageWithDelay\" data-wp-on--pointerleave=\"actions.cancelPreload\" data-wp-on-window--resize=\"callbacks.setButtonStyles\" src=\"https:\/\/loudavymkrokem.cz\/wp-content\/uploads\/2026\/08\/dovolena-malta-t10.jpg\" alt=\"Falezele Dingli de pe coasta de vest\" class=\"wp-image-399692\" title=\"\" srcset=\"https:\/\/loudavymkrokem.cz\/wp-content\/uploads\/2026\/08\/dovolena-malta-t10.jpg 1500w, https:\/\/loudavymkrokem.cz\/wp-content\/uploads\/2026\/08\/dovolena-malta-t10-300x208.jpg 300w, https:\/\/loudavymkrokem.cz\/wp-content\/uploads\/2026\/08\/dovolena-malta-t10-700x486.jpg 700w, https:\/\/loudavymkrokem.cz\/wp-content\/uploads\/2026\/08\/dovolena-malta-t10-768x534.jpg 768w, https:\/\/loudavymkrokem.cz\/wp-content\/uploads\/2026\/08\/dovolena-malta-t10-696x483.jpg 696w, https:\/\/loudavymkrokem.cz\/wp-content\/uploads\/2026\/08\/dovolena-malta-t10-1392x967.jpg 1392w\" sizes=\"(max-width: 1500px) 100vw, 1500px\" \/><button\n\t\t\tclass=\"lightbox-trigger\"\n\t\t\ttype=\"button\"\n\t\t\taria-haspopup=\"dialog\"\n\t\t\tdata-wp-bind--aria-label=\"state.thisImage.triggerButtonAriaLabel\"\n\t\t\tdata-wp-init=\"callbacks.initTriggerButton\"\n\t\t\tdata-wp-on--click=\"actions.showLightbox\"\n\t\t\tdata-wp-style--right=\"state.thisImage.buttonRight\"\n\t\t\tdata-wp-style--top=\"state.thisImage.buttonTop\"\n\t\t>\n\t\t\t<svg xmlns=\"http:\/\/www.w3.org\/2000\/svg\" width=\"12\" height=\"12\" fill=\"none\" viewBox=\"0 0 12 12\">\n\t\t\t\t<path fill=\"#fff\" d=\"M2 0a2 2 0 0 0-2 2v2h1.5V2a.5.5 0 0 1 .5-.5h2V0H2Zm2 10.5H2a.5.5 0 0 1-.5-.5V8H0v2a2 2 0 0 0 2 2h2v-1.5ZM8 12v-1.5h2a.5.5 0 0 0 .5-.5V8H12v2a2 2 0 0 1-2 2H8Zm2-12a2 2 0 0 1 2 2v2h-1.5V2a.5.5 0 0 0-.5-.5H8V0h2Z\" \/>\n\t\t\t<\/svg>\n\t\t<\/button><figcaption class=\"wp-element-caption\">Falezele Dingli de pe coasta de vest (Foto: Felix K\u00f6nig \/ Wikimedia Commons, CC BY 3.0)<\/figcaption><\/figure>\n\n\n\n<p class=\"wp-block-paragraph\">Falezele sunt logic cele mai fermec\u0103toare spre sear\u0103, c\u00e2nd vin aici fotografii s\u0103 v\u00e2neze cele mai bune poze cu apusul de soare. Ca s\u0103 ajungi aici, e suficient s\u0103 te urci \u00eentr-un autobuz, dar re\u021bine c\u0103 <strong>de la sta\u021bie trebuie s\u0103 mergi pu\u021bin pe jos<\/strong>, a\u0219a c\u0103 pantofii comozi sunt cu siguran\u021b\u0103 o alegere mai bun\u0103 dec\u00e2t \u0219lapii sub\u021biri de plaj\u0103.<\/p>\n\n\n\n<h3 id=\"11_Mosta_Naxxar_si_Palazzo_Parisio\" class=\"wp-block-heading\"><span class=\"ez-toc-section\" id=\"11_Mosta_Naxxar_si_Palazzo_Parisio\"><\/span>11. Mosta, Naxxar \u0219i Palazzo Parisio<span class=\"ez-toc-section-end\"><\/span><\/h3>\n\n\n\n<p class=\"wp-block-paragraph\">C\u00e2nd vei explora centrul insulei din jurul or\u0103\u0219elului Mosta, cu siguran\u021b\u0103 n-ar trebui s\u0103 ratezi satul vecin Naxxar, unde se afl\u0103 o re\u0219edin\u021b\u0103 nobiliar\u0103 absolut fermec\u0103toare. Palatul Palazzo Parisio \u0219i-a c\u00e2\u0219tigat printre turi\u0219ti <strong>porecla de mica Versailles a Maltei<\/strong>, mai ales datorit\u0103 interiorului s\u0103u bogat \u00eempodobit \u0219i gr\u0103dinii superb \u00eengrijite.<\/p>\n\n\n\n<figure data-wp-context=\"{&quot;imageId&quot;:&quot;6a9c35faa87a4&quot;}\" data-wp-interactive=\"core\/image\" data-wp-key=\"6a9c35faa87a4\" class=\"wp-block-image size-full wp-lightbox-container\"><img decoding=\"async\" width=\"1500\" height=\"1120\" data-wp-class--hide=\"state.isContentHidden\" data-wp-class--show=\"state.isContentVisible\" data-wp-init=\"callbacks.setButtonStyles\" data-wp-on--click=\"actions.showLightbox\" data-wp-on--load=\"callbacks.setButtonStyles\" data-wp-on--pointerdown=\"actions.preloadImage\" data-wp-on--pointerenter=\"actions.preloadImageWithDelay\" data-wp-on--pointerleave=\"actions.cancelPreload\" data-wp-on-window--resize=\"callbacks.setButtonStyles\" src=\"https:\/\/loudavymkrokem.cz\/wp-content\/uploads\/2026\/08\/dovolena-malta-t11.jpg\" alt=\"Gr\u0103dina Palazzo Parisio \u00een Naxxar\" class=\"wp-image-399698\" title=\"\" srcset=\"https:\/\/loudavymkrokem.cz\/wp-content\/uploads\/2026\/08\/dovolena-malta-t11.jpg 1500w, https:\/\/loudavymkrokem.cz\/wp-content\/uploads\/2026\/08\/dovolena-malta-t11-300x224.jpg 300w, https:\/\/loudavymkrokem.cz\/wp-content\/uploads\/2026\/08\/dovolena-malta-t11-700x523.jpg 700w, https:\/\/loudavymkrokem.cz\/wp-content\/uploads\/2026\/08\/dovolena-malta-t11-768x573.jpg 768w, https:\/\/loudavymkrokem.cz\/wp-content\/uploads\/2026\/08\/dovolena-malta-t11-80x60.jpg 80w, https:\/\/loudavymkrokem.cz\/wp-content\/uploads\/2026\/08\/dovolena-malta-t11-160x120.jpg 160w, https:\/\/loudavymkrokem.cz\/wp-content\/uploads\/2026\/08\/dovolena-malta-t11-696x520.jpg 696w, https:\/\/loudavymkrokem.cz\/wp-content\/uploads\/2026\/08\/dovolena-malta-t11-1392x1039.jpg 1392w\" sizes=\"(max-width: 1500px) 100vw, 1500px\" \/><button\n\t\t\tclass=\"lightbox-trigger\"\n\t\t\ttype=\"button\"\n\t\t\taria-haspopup=\"dialog\"\n\t\t\tdata-wp-bind--aria-label=\"state.thisImage.triggerButtonAriaLabel\"\n\t\t\tdata-wp-init=\"callbacks.initTriggerButton\"\n\t\t\tdata-wp-on--click=\"actions.showLightbox\"\n\t\t\tdata-wp-style--right=\"state.thisImage.buttonRight\"\n\t\t\tdata-wp-style--top=\"state.thisImage.buttonTop\"\n\t\t>\n\t\t\t<svg xmlns=\"http:\/\/www.w3.org\/2000\/svg\" width=\"12\" height=\"12\" fill=\"none\" viewBox=\"0 0 12 12\">\n\t\t\t\t<path fill=\"#fff\" d=\"M2 0a2 2 0 0 0-2 2v2h1.5V2a.5.5 0 0 1 .5-.5h2V0H2Zm2 10.5H2a.5.5 0 0 1-.5-.5V8H0v2a2 2 0 0 0 2 2h2v-1.5ZM8 12v-1.5h2a.5.5 0 0 0 .5-.5V8H12v2a2 2 0 0 1-2 2H8Zm2-12a2 2 0 0 1 2 2v2h-1.5V2a.5.5 0 0 0-.5-.5H8V0h2Z\" \/>\n\t\t\t<\/svg>\n\t\t<\/button><figcaption class=\"wp-element-caption\">Gr\u0103dina Palazzo Parisio \u00een Naxxar (Foto: Continentaleurope \/ Wikimedia Commons, CC BY-SA 3.0)<\/figcaption><\/figure>\n\n\n\n<p class=\"wp-block-paragraph\">Taxa de intrare se pl\u0103te\u0219te la poarta principal\u0103, iar vizita cucere\u0219te orice iubitor de arhitectur\u0103 baroc\u0103 opulent\u0103. Dup\u0103 plimbarea prin palat \u00ee\u021bi po\u021bi face \u00een plus o mic\u0103 bucurie \u0219i te po\u021bi <strong>opri la o cafea sau un ceai chiar \u00een gr\u0103dinile palatului<\/strong>, ceea ce, conform recenziilor, este o \u00eencheiere incredibil de romantic\u0103 a \u00eentregii zile.<\/p>\n\n\n\n<h3 id=\"12_Ta_Qali_si_satul_mestesugarilor\" class=\"wp-block-heading\"><span class=\"ez-toc-section\" id=\"12_Ta_Qali_si_satul_mestesugarilor\"><\/span>12. Ta&#8217; Qali \u0219i satul me\u0219te\u0219ugarilor<span class=\"ez-toc-section-end\"><\/span><\/h3>\n\n\n\n<p class=\"wp-block-paragraph\">Fostul aeroport militar s-a transformat cu timpul \u00eentr-un parc \u00eentins, a c\u0103rui atrac\u021bie principal\u0103 este un sat al me\u0219te\u0219ugarilor foarte popular, unde se merge \u00een primul r\u00e2nd pentru produse locale. Dac\u0103 vrei s\u0103 aduci din vacan\u021b\u0103 <strong>suveniruri de calitate care nu provin din China<\/strong>, aici g\u0103se\u0219ti ateliere pline de sticl\u0103 suflat\u0103 manual tradi\u021bional\u0103 \u0219i filigran fin de argint.<\/p>\n\n\n\n<figure data-wp-context=\"{&quot;imageId&quot;:&quot;6a9c35faa8d80&quot;}\" data-wp-interactive=\"core\/image\" data-wp-key=\"6a9c35faa8d80\" class=\"wp-block-image size-full wp-lightbox-container\"><img decoding=\"async\" width=\"1500\" height=\"1000\" data-wp-class--hide=\"state.isContentHidden\" data-wp-class--show=\"state.isContentVisible\" data-wp-init=\"callbacks.setButtonStyles\" data-wp-on--click=\"actions.showLightbox\" data-wp-on--load=\"callbacks.setButtonStyles\" data-wp-on--pointerdown=\"actions.preloadImage\" data-wp-on--pointerenter=\"actions.preloadImageWithDelay\" data-wp-on--pointerleave=\"actions.cancelPreload\" data-wp-on-window--resize=\"callbacks.setButtonStyles\" src=\"https:\/\/loudavymkrokem.cz\/wp-content\/uploads\/2026\/08\/dovolena-malta-t12.jpg\" alt=\"Fabricarea manual\u0103 a sticlei \u00een Malta\" class=\"wp-image-399751\" title=\"\" srcset=\"https:\/\/loudavymkrokem.cz\/wp-content\/uploads\/2026\/08\/dovolena-malta-t12.jpg 1500w, https:\/\/loudavymkrokem.cz\/wp-content\/uploads\/2026\/08\/dovolena-malta-t12-300x200.jpg 300w, https:\/\/loudavymkrokem.cz\/wp-content\/uploads\/2026\/08\/dovolena-malta-t12-700x467.jpg 700w, https:\/\/loudavymkrokem.cz\/wp-content\/uploads\/2026\/08\/dovolena-malta-t12-768x512.jpg 768w, https:\/\/loudavymkrokem.cz\/wp-content\/uploads\/2026\/08\/dovolena-malta-t12-696x464.jpg 696w, https:\/\/loudavymkrokem.cz\/wp-content\/uploads\/2026\/08\/dovolena-malta-t12-1392x928.jpg 1392w\" sizes=\"(max-width: 1500px) 100vw, 1500px\" \/><button\n\t\t\tclass=\"lightbox-trigger\"\n\t\t\ttype=\"button\"\n\t\t\taria-haspopup=\"dialog\"\n\t\t\tdata-wp-bind--aria-label=\"state.thisImage.triggerButtonAriaLabel\"\n\t\t\tdata-wp-init=\"callbacks.initTriggerButton\"\n\t\t\tdata-wp-on--click=\"actions.showLightbox\"\n\t\t\tdata-wp-style--right=\"state.thisImage.buttonRight\"\n\t\t\tdata-wp-style--top=\"state.thisImage.buttonTop\"\n\t\t>\n\t\t\t<svg xmlns=\"http:\/\/www.w3.org\/2000\/svg\" width=\"12\" height=\"12\" fill=\"none\" viewBox=\"0 0 12 12\">\n\t\t\t\t<path fill=\"#fff\" d=\"M2 0a2 2 0 0 0-2 2v2h1.5V2a.5.5 0 0 1 .5-.5h2V0H2Zm2 10.5H2a.5.5 0 0 1-.5-.5V8H0v2a2 2 0 0 0 2 2h2v-1.5ZM8 12v-1.5h2a.5.5 0 0 0 .5-.5V8H12v2a2 2 0 0 1-2 2H8Zm2-12a2 2 0 0 1 2 2v2h-1.5V2a.5.5 0 0 0-.5-.5H8V0h2Z\" \/>\n\t\t\t<\/svg>\n\t\t<\/button><figcaption class=\"wp-element-caption\">Fabricarea manual\u0103 a sticlei \u00een Malta (Foto: Noport \/ Wikimedia Commons, CC BY-SA 4.0)<\/figcaption><\/figure>\n\n\n\n<p class=\"wp-block-paragraph\">La multe ateliere po\u021bi urm\u0103ri me\u0219terii sticlari direct la lucru \u0219i po\u021bi vedea cum se nasc aceste produse fragile chiar \u00een fa\u021ba ta. Cel mai bine e s\u0103 planifici vizita diminea\u021ba, \u00een zilele lucr\u0103toare, pentru c\u0103 <strong>\u00een weekend majoritatea manufacturilor sunt din p\u0103cate \u00eenchise<\/strong>, lucru pe care mul\u021bi turi\u0219ti neinforma\u021bi \u00eel pl\u0103tesc uneori f\u0103r\u0103 s\u0103 vrea.<\/p>\n\n\n\n<h3 id=\"13_Marsaxlokk_satul_de_pescari_cu_barci_colorate\" class=\"wp-block-heading\"><span class=\"ez-toc-section\" id=\"13_Marsaxlokk_satul_de_pescari_cu_barci_colorate\"><\/span>13. Marsaxlokk: satul de pescari cu b\u0103rci colorate<span class=\"ez-toc-section-end\"><\/span><\/h3>\n\n\n\n<p class=\"wp-block-paragraph\">Acest sat de pescari extrem de fotogenic din sudul insulei atrage mai ales cu golful s\u0103u plin de tradi\u021bionalele b\u0103rci multicolore, numite luzzu. Pe prova lor descoperi \u00eentotdeauna <strong>pictat ochiul magic al lui Osiris<\/strong>, care se presupune c\u0103 protejeaz\u0103 pescarii de pericolele m\u0103rii \u0219i care formeaz\u0103 probabil cea mai tipic\u0103 imagine maltez\u0103.<\/p>\n\n\n\n<figure data-wp-context=\"{&quot;imageId&quot;:&quot;6a9c35faa93d2&quot;}\" data-wp-interactive=\"core\/image\" data-wp-key=\"6a9c35faa93d2\" class=\"wp-block-image size-full wp-lightbox-container\"><img decoding=\"async\" width=\"1500\" height=\"1000\" data-wp-class--hide=\"state.isContentHidden\" data-wp-class--show=\"state.isContentVisible\" data-wp-init=\"callbacks.setButtonStyles\" data-wp-on--click=\"actions.showLightbox\" data-wp-on--load=\"callbacks.setButtonStyles\" data-wp-on--pointerdown=\"actions.preloadImage\" data-wp-on--pointerenter=\"actions.preloadImageWithDelay\" data-wp-on--pointerleave=\"actions.cancelPreload\" data-wp-on-window--resize=\"callbacks.setButtonStyles\" src=\"https:\/\/loudavymkrokem.cz\/wp-content\/uploads\/2026\/08\/dovolena-malta-t13.jpg\" alt=\"B\u0103rci colorate luzzu \u00een Marsaxlokk\" class=\"wp-image-399704\" title=\"\" srcset=\"https:\/\/loudavymkrokem.cz\/wp-content\/uploads\/2026\/08\/dovolena-malta-t13.jpg 1500w, https:\/\/loudavymkrokem.cz\/wp-content\/uploads\/2026\/08\/dovolena-malta-t13-300x200.jpg 300w, https:\/\/loudavymkrokem.cz\/wp-content\/uploads\/2026\/08\/dovolena-malta-t13-700x467.jpg 700w, https:\/\/loudavymkrokem.cz\/wp-content\/uploads\/2026\/08\/dovolena-malta-t13-768x512.jpg 768w, https:\/\/loudavymkrokem.cz\/wp-content\/uploads\/2026\/08\/dovolena-malta-t13-696x464.jpg 696w, https:\/\/loudavymkrokem.cz\/wp-content\/uploads\/2026\/08\/dovolena-malta-t13-1392x928.jpg 1392w\" sizes=\"(max-width: 1500px) 100vw, 1500px\" \/><button\n\t\t\tclass=\"lightbox-trigger\"\n\t\t\ttype=\"button\"\n\t\t\taria-haspopup=\"dialog\"\n\t\t\tdata-wp-bind--aria-label=\"state.thisImage.triggerButtonAriaLabel\"\n\t\t\tdata-wp-init=\"callbacks.initTriggerButton\"\n\t\t\tdata-wp-on--click=\"actions.showLightbox\"\n\t\t\tdata-wp-style--right=\"state.thisImage.buttonRight\"\n\t\t\tdata-wp-style--top=\"state.thisImage.buttonTop\"\n\t\t>\n\t\t\t<svg xmlns=\"http:\/\/www.w3.org\/2000\/svg\" width=\"12\" height=\"12\" fill=\"none\" viewBox=\"0 0 12 12\">\n\t\t\t\t<path fill=\"#fff\" d=\"M2 0a2 2 0 0 0-2 2v2h1.5V2a.5.5 0 0 1 .5-.5h2V0H2Zm2 10.5H2a.5.5 0 0 1-.5-.5V8H0v2a2 2 0 0 0 2 2h2v-1.5ZM8 12v-1.5h2a.5.5 0 0 0 .5-.5V8H12v2a2 2 0 0 1-2 2H8Zm2-12a2 2 0 0 1 2 2v2h-1.5V2a.5.5 0 0 0-.5-.5H8V0h2Z\" \/>\n\t\t\t<\/svg>\n\t\t<\/button><figcaption class=\"wp-element-caption\">B\u0103rci colorate luzzu \u00een Marsaxlokk (Foto: Vlad beu \/ Wikimedia Commons, Public domain)<\/figcaption><\/figure>\n\n\n\n<p class=\"wp-block-paragraph\">Turi\u0219tii vin aici cel mai des la uria\u0219ul t\u00e2rg de duminic\u0103, dar trebuie s\u0103 te avertizez sincer c\u0103 e vorba \u00een principal de un t\u00e2rg de pe\u0219te, a\u0219a c\u0103 pentru noi, vegetarienii, e mai degrab\u0103 un spectacol cultural dec\u00e2t o oprire gastronomic\u0103 tentant\u0103 \u263a\ufe0f. Preg\u0103te\u0219te-te de asemenea c\u0103 <strong>duminic\u0103 diminea\u021ba autobuzele plesnesc din toate \u00eencheieturile<\/strong>, de aceea e pur \u0219i simplu mai bine s\u0103 pleci c\u00e2t mai devreme.<\/p>\n\n\n\n<h3 id=\"14_Grota_Albastra_Blue_Grotto\" class=\"wp-block-heading\"><span class=\"ez-toc-section\" id=\"14_Grota_Albastra_Blue_Grotto\"><\/span>14. Grota Albastr\u0103 (Blue Grotto)<span class=\"ez-toc-section-end\"><\/span><\/h3>\n\n\n\n<p class=\"wp-block-paragraph\">Fenomenul natural cunoscut sub numele de Blue Grotto este format dintr-un arc de st\u00e2nc\u0103 masiv \u0219i o serie de pe\u0219teri marine interconectate, unde apa joac\u0103 \u00een toate nuan\u021bele de turcoaz. Razele soarelui se reflect\u0103 aici de pe fundul nisipos alb \u0219i, <strong>conform recenziilor, este un spectacol absolut fantastic<\/strong>, pe care ar fi cu adev\u0103rat un mare p\u0103cat s\u0103-l ratezi.<\/p>\n\n\n\n<figure data-wp-context=\"{&quot;imageId&quot;:&quot;6a9c35faa9970&quot;}\" data-wp-interactive=\"core\/image\" data-wp-key=\"6a9c35faa9970\" class=\"wp-block-image size-full wp-lightbox-container\"><img decoding=\"async\" width=\"1500\" height=\"1000\" data-wp-class--hide=\"state.isContentHidden\" data-wp-class--show=\"state.isContentVisible\" data-wp-init=\"callbacks.setButtonStyles\" data-wp-on--click=\"actions.showLightbox\" data-wp-on--load=\"callbacks.setButtonStyles\" data-wp-on--pointerdown=\"actions.preloadImage\" data-wp-on--pointerenter=\"actions.preloadImageWithDelay\" data-wp-on--pointerleave=\"actions.cancelPreload\" data-wp-on-window--resize=\"callbacks.setButtonStyles\" src=\"https:\/\/loudavymkrokem.cz\/wp-content\/uploads\/2026\/08\/dovolena-malta-t14.jpg\" alt=\"Grota Albastr\u0103 din sudul Maltei\" class=\"wp-image-399708\" title=\"\" srcset=\"https:\/\/loudavymkrokem.cz\/wp-content\/uploads\/2026\/08\/dovolena-malta-t14.jpg 1500w, https:\/\/loudavymkrokem.cz\/wp-content\/uploads\/2026\/08\/dovolena-malta-t14-300x200.jpg 300w, https:\/\/loudavymkrokem.cz\/wp-content\/uploads\/2026\/08\/dovolena-malta-t14-700x467.jpg 700w, https:\/\/loudavymkrokem.cz\/wp-content\/uploads\/2026\/08\/dovolena-malta-t14-768x512.jpg 768w, https:\/\/loudavymkrokem.cz\/wp-content\/uploads\/2026\/08\/dovolena-malta-t14-696x464.jpg 696w, https:\/\/loudavymkrokem.cz\/wp-content\/uploads\/2026\/08\/dovolena-malta-t14-1392x928.jpg 1392w\" sizes=\"(max-width: 1500px) 100vw, 1500px\" \/><button\n\t\t\tclass=\"lightbox-trigger\"\n\t\t\ttype=\"button\"\n\t\t\taria-haspopup=\"dialog\"\n\t\t\tdata-wp-bind--aria-label=\"state.thisImage.triggerButtonAriaLabel\"\n\t\t\tdata-wp-init=\"callbacks.initTriggerButton\"\n\t\t\tdata-wp-on--click=\"actions.showLightbox\"\n\t\t\tdata-wp-style--right=\"state.thisImage.buttonRight\"\n\t\t\tdata-wp-style--top=\"state.thisImage.buttonTop\"\n\t\t>\n\t\t\t<svg xmlns=\"http:\/\/www.w3.org\/2000\/svg\" width=\"12\" height=\"12\" fill=\"none\" viewBox=\"0 0 12 12\">\n\t\t\t\t<path fill=\"#fff\" d=\"M2 0a2 2 0 0 0-2 2v2h1.5V2a.5.5 0 0 1 .5-.5h2V0H2Zm2 10.5H2a.5.5 0 0 1-.5-.5V8H0v2a2 2 0 0 0 2 2h2v-1.5ZM8 12v-1.5h2a.5.5 0 0 0 .5-.5V8H12v2a2 2 0 0 1-2 2H8Zm2-12a2 2 0 0 1 2 2v2h-1.5V2a.5.5 0 0 0-.5-.5H8V0h2Z\" \/>\n\t\t\t<\/svg>\n\t\t<\/button><figcaption class=\"wp-element-caption\">Grota Albastr\u0103 din sudul Maltei (Foto: Frank Vincentz \/ Wikimedia Commons, CC BY-SA 3.0)<\/figcaption><\/figure>\n\n\n\n<p class=\"wp-block-paragraph\">B\u0103rcu\u021bele pleac\u0103 din satul apropiat Wied i\u017c-\u017burrieq, croaziera \u00een sine dureaz\u0103 cam dou\u0103zeci p\u00e2n\u0103 la treizeci de minute, iar pentru cele mai bune condi\u021bii de lumin\u0103 se recomand\u0103 s\u0103 vii diminea\u021ba. Re\u021bine \u00eens\u0103 c\u0103 <strong>atunci c\u00e2nd e valuri mari, logic nu se porne\u0219te pe mare<\/strong>, a\u0219a c\u0103 dac\u0103 la coast\u0103 bate mult v\u00e2ntul, mai bine las\u0103 aceast\u0103 excursie pentru o zi mult mai lini\u0219tit\u0103.<\/p>\n\n\n\n<h3 id=\"15_Hagar_Qim_si_Mnajdra_temple_mai_vechi_decat_piramidele\" class=\"wp-block-heading\"><span class=\"ez-toc-section\" id=\"15_Hagar_Qim_si_Mnajdra_temple_mai_vechi_decat_piramidele\"><\/span>15. \u0126a\u0121ar Qim \u0219i Mnajdra: temple mai vechi dec\u00e2t piramidele<span class=\"ez-toc-section-end\"><\/span><\/h3>\n\n\n\n<p class=\"wp-block-paragraph\">Malta se poate m\u00e2ndri cu construc\u021bii care sunt chiar mai vechi dec\u00e2t piramidele egiptene, iar aceste dou\u0103 temple megalitice fantastice dateaz\u0103 de undeva din jurul anilor 3600 p\u00e2n\u0103 la 3200 \u00eenainte de era noastr\u0103. Ambele complexe preistorice se afl\u0103 l\u00e2ng\u0103 faleze, deasupra m\u0103rii, sunt \u00eenscrise pe lista UNESCO \u0219i eman\u0103 o <strong>mistic\u0103 istoric\u0103 uria\u0219\u0103<\/strong>, pe care c\u0103l\u0103torii o laud\u0103 mult.<\/p>\n\n\n\n<figure data-wp-context=\"{&quot;imageId&quot;:&quot;6a9c35faa9fb5&quot;}\" data-wp-interactive=\"core\/image\" data-wp-key=\"6a9c35faa9fb5\" class=\"wp-block-image size-full wp-lightbox-container\"><img decoding=\"async\" width=\"1500\" height=\"1000\" data-wp-class--hide=\"state.isContentHidden\" data-wp-class--show=\"state.isContentVisible\" data-wp-init=\"callbacks.setButtonStyles\" data-wp-on--click=\"actions.showLightbox\" data-wp-on--load=\"callbacks.setButtonStyles\" data-wp-on--pointerdown=\"actions.preloadImage\" data-wp-on--pointerenter=\"actions.preloadImageWithDelay\" data-wp-on--pointerleave=\"actions.cancelPreload\" data-wp-on-window--resize=\"callbacks.setButtonStyles\" src=\"https:\/\/loudavymkrokem.cz\/wp-content\/uploads\/2026\/08\/dovolena-malta-t15.jpg\" alt=\"Templul megalitic \u0126a\u0121ar Qim\" class=\"wp-image-399714\" title=\"\" srcset=\"https:\/\/loudavymkrokem.cz\/wp-content\/uploads\/2026\/08\/dovolena-malta-t15.jpg 1500w, https:\/\/loudavymkrokem.cz\/wp-content\/uploads\/2026\/08\/dovolena-malta-t15-300x200.jpg 300w, https:\/\/loudavymkrokem.cz\/wp-content\/uploads\/2026\/08\/dovolena-malta-t15-700x467.jpg 700w, https:\/\/loudavymkrokem.cz\/wp-content\/uploads\/2026\/08\/dovolena-malta-t15-768x512.jpg 768w, https:\/\/loudavymkrokem.cz\/wp-content\/uploads\/2026\/08\/dovolena-malta-t15-696x464.jpg 696w, https:\/\/loudavymkrokem.cz\/wp-content\/uploads\/2026\/08\/dovolena-malta-t15-1392x928.jpg 1392w\" sizes=\"(max-width: 1500px) 100vw, 1500px\" \/><button\n\t\t\tclass=\"lightbox-trigger\"\n\t\t\ttype=\"button\"\n\t\t\taria-haspopup=\"dialog\"\n\t\t\tdata-wp-bind--aria-label=\"state.thisImage.triggerButtonAriaLabel\"\n\t\t\tdata-wp-init=\"callbacks.initTriggerButton\"\n\t\t\tdata-wp-on--click=\"actions.showLightbox\"\n\t\t\tdata-wp-style--right=\"state.thisImage.buttonRight\"\n\t\t\tdata-wp-style--top=\"state.thisImage.buttonTop\"\n\t\t>\n\t\t\t<svg xmlns=\"http:\/\/www.w3.org\/2000\/svg\" width=\"12\" height=\"12\" fill=\"none\" viewBox=\"0 0 12 12\">\n\t\t\t\t<path fill=\"#fff\" d=\"M2 0a2 2 0 0 0-2 2v2h1.5V2a.5.5 0 0 1 .5-.5h2V0H2Zm2 10.5H2a.5.5 0 0 1-.5-.5V8H0v2a2 2 0 0 0 2 2h2v-1.5ZM8 12v-1.5h2a.5.5 0 0 0 .5-.5V8H12v2a2 2 0 0 1-2 2H8Zm2-12a2 2 0 0 1 2 2v2h-1.5V2a.5.5 0 0 0-.5-.5H8V0h2Z\" \/>\n\t\t\t<\/svg>\n\t\t<\/button><figcaption class=\"wp-element-caption\">Templul megalitic \u0126a\u0121ar Qim (Foto: Diego Delso \/ Wikimedia Commons, CC BY-SA 4.0)<\/figcaption><\/figure>\n\n\n\n<p class=\"wp-block-paragraph\">Pentru a nu se produce erodarea \u00een continuare a pietrelor pre\u021bioase, ambele temple sunt acoperite ingenios cu corturi protectoare uria\u0219e, ceea ce are \u00een plus avantajul c\u0103 vara ofer\u0103 o umbr\u0103 binef\u0103c\u0103toare. \u021ain\u00e2nd cont de temperaturile ridicate de var\u0103, tot nu <strong>uita s\u0103 iei suficient\u0103 ap\u0103 de b\u0103ut<\/strong>, pentru c\u0103 zona este destul de \u00eentins\u0103 \u0219i vizita \u00ee\u021bi va lua ceva timp.<\/p>\n\n\n\n<h3 id=\"16_St_Peter_s_Pool_bazinul_natural_in_stanca\" class=\"wp-block-heading\"><span class=\"ez-toc-section\" id=\"16_St_Peters_Pool_bazinul_natural_din_stanca\"><\/span>16. St Peter&#8217;s Pool: bazinul natural din st\u00e2nc\u0103<span class=\"ez-toc-section-end\"><\/span><\/h3>\n\n\n\n<p class=\"wp-block-paragraph\">La o mic\u0103 distan\u021b\u0103 de satul Marsaxlokk se afl\u0103 unul dintre cele mai populare bazine naturale, pe care apa m\u0103rii l-a s\u0103pat de-a lungul mileniilor direct \u00een st\u00e2nca neted\u0103 de calcar. Apa este aici minunat de curat\u0103 \u0219i ad\u00e2nc\u0103, motiv pentru care locul atrage mai ales genera\u021biile mai tinere \u0219i pe to\u021bi cei care <strong>iubesc s\u0103riturile spectaculoase \u00een ap\u0103<\/strong> de pe corni\u0219ele de st\u00e2nc\u0103 de diverse \u00een\u0103l\u021bimi.<\/p>\n\n\n\n<figure data-wp-context=\"{&quot;imageId&quot;:&quot;6a9c35faaa4e4&quot;}\" data-wp-interactive=\"core\/image\" data-wp-key=\"6a9c35faaa4e4\" class=\"wp-block-image size-full wp-lightbox-container\"><img decoding=\"async\" width=\"1500\" height=\"1000\" data-wp-class--hide=\"state.isContentHidden\" data-wp-class--show=\"state.isContentVisible\" data-wp-init=\"callbacks.setButtonStyles\" data-wp-on--click=\"actions.showLightbox\" data-wp-on--load=\"callbacks.setButtonStyles\" data-wp-on--pointerdown=\"actions.preloadImage\" data-wp-on--pointerenter=\"actions.preloadImageWithDelay\" data-wp-on--pointerleave=\"actions.cancelPreload\" data-wp-on-window--resize=\"callbacks.setButtonStyles\" src=\"https:\/\/loudavymkrokem.cz\/wp-content\/uploads\/2026\/08\/dovolena-malta-t16.jpg\" alt=\"Bazinul natural St Peter&#039;s Pool\" class=\"wp-image-399754\" title=\"\" srcset=\"https:\/\/loudavymkrokem.cz\/wp-content\/uploads\/2026\/08\/dovolena-malta-t16.jpg 1500w, https:\/\/loudavymkrokem.cz\/wp-content\/uploads\/2026\/08\/dovolena-malta-t16-300x200.jpg 300w, https:\/\/loudavymkrokem.cz\/wp-content\/uploads\/2026\/08\/dovolena-malta-t16-700x467.jpg 700w, https:\/\/loudavymkrokem.cz\/wp-content\/uploads\/2026\/08\/dovolena-malta-t16-768x512.jpg 768w, https:\/\/loudavymkrokem.cz\/wp-content\/uploads\/2026\/08\/dovolena-malta-t16-696x464.jpg 696w, https:\/\/loudavymkrokem.cz\/wp-content\/uploads\/2026\/08\/dovolena-malta-t16-1392x928.jpg 1392w\" sizes=\"(max-width: 1500px) 100vw, 1500px\" \/><button\n\t\t\tclass=\"lightbox-trigger\"\n\t\t\ttype=\"button\"\n\t\t\taria-haspopup=\"dialog\"\n\t\t\tdata-wp-bind--aria-label=\"state.thisImage.triggerButtonAriaLabel\"\n\t\t\tdata-wp-init=\"callbacks.initTriggerButton\"\n\t\t\tdata-wp-on--click=\"actions.showLightbox\"\n\t\t\tdata-wp-style--right=\"state.thisImage.buttonRight\"\n\t\t\tdata-wp-style--top=\"state.thisImage.buttonTop\"\n\t\t>\n\t\t\t<svg xmlns=\"http:\/\/www.w3.org\/2000\/svg\" width=\"12\" height=\"12\" fill=\"none\" viewBox=\"0 0 12 12\">\n\t\t\t\t<path fill=\"#fff\" d=\"M2 0a2 2 0 0 0-2 2v2h1.5V2a.5.5 0 0 1 .5-.5h2V0H2Zm2 10.5H2a.5.5 0 0 1-.5-.5V8H0v2a2 2 0 0 0 2 2h2v-1.5ZM8 12v-1.5h2a.5.5 0 0 0 .5-.5V8H12v2a2 2 0 0 1-2 2H8Zm2-12a2 2 0 0 1 2 2v2h-1.5V2a.5.5 0 0 0-.5-.5H8V0h2Z\" \/>\n\t\t\t<\/svg>\n\t\t<\/button><figcaption class=\"wp-element-caption\">Bazinul natural St Peter&#8217;s Pool (Foto: Diego Delso \/ Wikimedia Commons, CC BY-SA 4.0)<\/figcaption><\/figure>\n\n\n\n<p class=\"wp-block-paragraph\">La acest loc de scald\u0103 natural nu g\u0103se\u0219ti absolut nicio facilitate turistic\u0103, nici tarabe cu r\u0103coritoare, nici umbrele, a\u0219a c\u0103 trebuie s\u0103-\u021bi aduci totul singur. Ia-\u021bi neap\u0103rat \u00eenc\u0103l\u021b\u0103minte rezistent\u0103 sau papuci de ap\u0103, pentru c\u0103 <strong>st\u00e2ncile sunt adesea alunecoase \u0219i ascu\u021bite<\/strong>, iar dac\u0103 e\u0219ti \u00een c\u0103utarea lini\u0219tii, vino mai bine dis-de-diminea\u021b\u0103, \u00eenainte ca st\u00e2ncile de calcar s\u0103 se umple de prosoape.<\/p>\n\n\n\n<h3 id=\"17_Hypogeum_din_Hal_Saflieni\" class=\"wp-block-heading\"><span class=\"ez-toc-section\" id=\"17_Hypogeum_din_Hal_Saflieni\"><\/span>17. Hypogeum din \u0126al Saflieni<span class=\"ez-toc-section-end\"><\/span><\/h3>\n\n\n\n<p class=\"wp-block-paragraph\">Acest sanctuar subteran pe trei niveluri, s\u0103pat ad\u00e2nc \u00een st\u00e2nc\u0103, reprezint\u0103 un unicat mondial absolut \u0219i se spune c\u0103 este cel mai misterios monument din toat\u0103 Malta. A fost descoperit din pur\u0103 \u00eent\u00e2mplare de muncitori care s\u0103pau funda\u021biile pentru case noi, iar azi este un loc care <strong>uluie\u0219te prin arhitectura sa complex\u0103<\/strong> \u0219i prin acustica absolut perfect\u0103 din \u00eenc\u0103perile ad\u00e2nci.<\/p>\n\n\n\n<figure data-wp-context=\"{&quot;imageId&quot;:&quot;6a9c35faaaaac&quot;}\" data-wp-interactive=\"core\/image\" data-wp-key=\"6a9c35faaaaac\" class=\"wp-block-image size-full wp-lightbox-container\"><img decoding=\"async\" width=\"1500\" height=\"1125\" data-wp-class--hide=\"state.isContentHidden\" data-wp-class--show=\"state.isContentVisible\" data-wp-init=\"callbacks.setButtonStyles\" data-wp-on--click=\"actions.showLightbox\" data-wp-on--load=\"callbacks.setButtonStyles\" data-wp-on--pointerdown=\"actions.preloadImage\" data-wp-on--pointerenter=\"actions.preloadImageWithDelay\" data-wp-on--pointerleave=\"actions.cancelPreload\" data-wp-on-window--resize=\"callbacks.setButtonStyles\" src=\"https:\/\/loudavymkrokem.cz\/wp-content\/uploads\/2026\/08\/dovolena-malta-t17.jpg\" alt=\"Templele preistorice din Tarxien\" class=\"wp-image-399716\" title=\"\" srcset=\"https:\/\/loudavymkrokem.cz\/wp-content\/uploads\/2026\/08\/dovolena-malta-t17.jpg 1500w, https:\/\/loudavymkrokem.cz\/wp-content\/uploads\/2026\/08\/dovolena-malta-t17-300x225.jpg 300w, https:\/\/loudavymkrokem.cz\/wp-content\/uploads\/2026\/08\/dovolena-malta-t17-700x525.jpg 700w, https:\/\/loudavymkrokem.cz\/wp-content\/uploads\/2026\/08\/dovolena-malta-t17-768x576.jpg 768w, https:\/\/loudavymkrokem.cz\/wp-content\/uploads\/2026\/08\/dovolena-malta-t17-80x60.jpg 80w, https:\/\/loudavymkrokem.cz\/wp-content\/uploads\/2026\/08\/dovolena-malta-t17-160x120.jpg 160w, https:\/\/loudavymkrokem.cz\/wp-content\/uploads\/2026\/08\/dovolena-malta-t17-696x522.jpg 696w, https:\/\/loudavymkrokem.cz\/wp-content\/uploads\/2026\/08\/dovolena-malta-t17-1392x1044.jpg 1392w\" sizes=\"(max-width: 1500px) 100vw, 1500px\" \/><button\n\t\t\tclass=\"lightbox-trigger\"\n\t\t\ttype=\"button\"\n\t\t\taria-haspopup=\"dialog\"\n\t\t\tdata-wp-bind--aria-label=\"state.thisImage.triggerButtonAriaLabel\"\n\t\t\tdata-wp-init=\"callbacks.initTriggerButton\"\n\t\t\tdata-wp-on--click=\"actions.showLightbox\"\n\t\t\tdata-wp-style--right=\"state.thisImage.buttonRight\"\n\t\t\tdata-wp-style--top=\"state.thisImage.buttonTop\"\n\t\t>\n\t\t\t<svg xmlns=\"http:\/\/www.w3.org\/2000\/svg\" width=\"12\" height=\"12\" fill=\"none\" viewBox=\"0 0 12 12\">\n\t\t\t\t<path fill=\"#fff\" d=\"M2 0a2 2 0 0 0-2 2v2h1.5V2a.5.5 0 0 1 .5-.5h2V0H2Zm2 10.5H2a.5.5 0 0 1-.5-.5V8H0v2a2 2 0 0 0 2 2h2v-1.5ZM8 12v-1.5h2a.5.5 0 0 0 .5-.5V8H12v2a2 2 0 0 1-2 2H8Zm2-12a2 2 0 0 1 2 2v2h-1.5V2a.5.5 0 0 0-.5-.5H8V0h2Z\" \/>\n\t\t\t<\/svg>\n\t\t<\/button><figcaption class=\"wp-element-caption\">Templele preistorice din Tarxien (Foto: Kaybeesquared \/ Wikimedia Commons, CC BY-SA 4.0)<\/figcaption><\/figure>\n\n\n\n<p class=\"wp-block-paragraph\">Din cauza protej\u0103rii microclimatului unic, \u00een\u0103untru se intr\u0103 doar \u00een grupuri mici, iar taxa de intrare se pl\u0103te\u0219te logic pentru fiecare persoan\u0103. Dac\u0103 vrei s\u0103 vezi acest loc cu ochii t\u0103i, trebuie s\u0103-\u021bi <strong>rezervi biletele online chiar \u0219i cu c\u00e2teva luni \u00eenainte<\/strong>, pentru c\u0103 se epuizeaz\u0103 incredibil de repede \u0219i la fa\u021ba locului nu mai ai nicio \u0219ans\u0103 s\u0103 le g\u0103se\u0219ti.<\/p>\n\n\n\n<!-- LKM_GYG_CARD start q=\"malta\" lang=\"ro\" rendered=\"2026-09-05T14:24:59+00:00\" v=\"1\" -->\n<style id=\"lk-gyg-styles\">\n@import url(\"https:\/\/fonts.googleapis.com\/css2?family=Playfair+Display:wght@700&family=DM+Sans:wght@300;400;500;600&display=swap\");\n\/* === LK GYG karty \u2014 CRO redesign 2026-05 (namespace .lkx-) ===\n   C\u00edl: vy\u0161\u0161\u00ed CTR (hero + v\u00fdrazn\u00fd social proof + ak\u010dn\u00ed CTA, m\u00e9n\u011b \"reklamn\u00ed\").\n   Injektuje se inline do prvn\u00edho markeru postu (refresh_cards.py --inline-css). *\/\n.lkx-module, .lkx-module *{box-sizing:border-box;margin:0;padding:0}\n.lkx-module{\n  font-family:'DM Sans',-apple-system,Segoe UI,Roboto,Georgia,sans-serif;\n  max-width:860px;margin:2.5rem auto;color:#1f2328;\n}\n\n\/* HEADER \u2014 lehk\u00fd editorsk\u00fd, \u017e\u00e1dn\u00fd bannerov\u00fd blok; nadpis + popisek pod n\u00edm *\/\n.lkx-head{margin-bottom:16px}\n.lkx-head-main{display:flex;align-items:center;gap:10px}\n.lkx-head-accent{width:26px;height:3px;border-radius:2px;background:#c39f76;flex-shrink:0}\n.lkx-head-title{font-family:'Playfair Display',Georgia,serif;font-size:21px;font-weight:700;color:#1a1a1a;line-height:1.25}\n.lkx-head-meta{display:block;font-size:11px;letter-spacing:.3px;color:#9aa0a6;margin-top:4px;margin-left:36px}\n\n\/* HERO *\/\n.lkx-hero{display:grid;grid-template-columns:300px 1fr;background:#fff;border:1px solid #ece7df;border-radius:14px;overflow:hidden;text-decoration:none!important;color:inherit;box-shadow:0 6px 20px rgba(0,0,0,.06);transition:box-shadow .2s,transform .2s;margin-bottom:14px}\n.lkx-hero:hover{box-shadow:0 12px 30px rgba(0,0,0,.12);transform:translateY(-2px)}\n.lkx-hero-img{position:relative;min-height:230px;background-size:cover;background-position:center;background-color:#eee}\n.lkx-hero-body{padding:22px 24px;display:flex;flex-direction:column}\n.lkx-pick{position:absolute;top:12px;left:12px;background:#1a1a1a;color:#fff;font-size:11px;font-weight:700;letter-spacing:.5px;padding:5px 11px;border-radius:20px}\n\n\/* TITLE *\/\n.lkx-title{font-size:19px;font-weight:700;color:#161616;line-height:1.3}\n.lkx-title-sm{font-size:14.5px;line-height:1.35;display:-webkit-box;-webkit-line-clamp:2;-webkit-box-orient:vertical;overflow:hidden}\n\n\/* SOCIAL PROOF \u2014 v\u00fdrazn\u011b, naho\u0159e *\/\n.lkx-proof{display:flex;align-items:center;gap:7px;margin-top:12px;font-size:15px;color:#3a3a3a}\n.lkx-proof b{font-size:16px;color:#161616}\n.lkx-stars{color:#f5a623;letter-spacing:1px}\n.lkx-proof-sm{font-size:12.5px;margin-top:8px;gap:5px}\n.lkx-proof-sm b{font-size:13px}\n.lkx-proof-new{color:#3685fc;font-weight:600}\n\n\/* PRICE \u2014 n\u00edzk\u00e1 kotva *\/\n.lkx-price{font-size:14px;color:#6b7280}\n.lkx-price b{font-size:20px;color:#161616;font-weight:700}\n.lkx-price-sm b{font-size:15px}\n\n\/* CTA \u2014 tepl\u00e9 ak\u010dn\u00ed tla\u010d\u00edtko *\/\n.lkx-cta{display:inline-flex;align-items:center;justify-content:center;text-decoration:none!important;font-weight:700;color:#fff!important;background:linear-gradient(135deg,#f6743f,#e8552a);border-radius:10px;box-shadow:0 6px 16px rgba(232,85,42,.32);transition:box-shadow .2s}\n.lkx-cta-hero{font-size:15px;padding:13px 22px}\n.lkx-hero:hover .lkx-cta-hero{box-shadow:0 8px 22px rgba(232,85,42,.45)}\n.lkx-cta-sm{font-size:12.5px;padding:9px 14px;width:100%;margin-top:2px}\n.lkx-hero-bottom{margin-top:auto;padding-top:18px;display:flex;align-items:center;justify-content:space-between;gap:14px;flex-wrap:wrap}\n\n\/* BADGE \u2014 jeden v\u00fdrazn\u00fd na fotce *\/\n.lkx-badge{position:absolute;top:12px;right:12px;font-size:10.5px;font-weight:700;letter-spacing:.3px;padding:5px 10px;border-radius:16px;color:#fff}\n.lkx-badge.badge-urgency{background:rgba(214,40,40,.92)}\n.lkx-badge.badge-new{background:rgba(54,133,252,.92)}\n.lkx-badge.badge-top{background:rgba(195,159,118,.95)}\n.lkx-badge.badge-info{background:rgba(40,40,40,.78)}\n\n\/* SECONDARY GRID *\/\n.lkx-grid{display:grid;grid-template-columns:1fr 1fr;gap:14px}\n.lkx-card{background:#fff;border:1px solid #ece7df;border-radius:14px;overflow:hidden;text-decoration:none!important;color:inherit;box-shadow:0 4px 14px rgba(0,0,0,.05);display:flex;flex-direction:column;transition:box-shadow .2s,transform .2s}\n.lkx-card:hover{box-shadow:0 10px 24px rgba(0,0,0,.1);transform:translateY(-2px)}\n.lkx-card-img{position:relative;aspect-ratio:16\/10;background-size:cover;background-position:center;background-color:#eee}\n.lkx-card-body{padding:14px 16px 16px;display:flex;flex-direction:column;gap:7px;flex:1}\n.lkx-card-bottom{margin-top:auto;padding-top:10px;display:flex;align-items:center;justify-content:space-between;gap:8px}\n\n\/* DISCLOSURE \u2014 drobn\u00e1, kv\u016fli d\u016fv\u011b\u0159e\/z\u00e1konu *\/\n.lkx-disclosure{font-size:11px;color:#a7adb3;text-align:center;margin-top:14px;line-height:1.6}\n.lkx-disclosure a{color:#c39f76;text-decoration:none}\n\n@media(max-width:680px){\n  .lkx-hero{grid-template-columns:1fr}\n  .lkx-hero-img{min-height:180px}\n  .lkx-grid{grid-template-columns:1fr}\n  .lkx-head-meta{margin-left:0;width:100%}\n  .lkx-head-title{font-size:19px}\n}\n\n<\/style>\n<div class=\"lkx-module\" data-query=\"malta\">\n  <div class=\"lkx-head\">\n    <div class=\"lkx-head-main\">\n      <span class=\"lkx-head-accent\"><\/span>\n      <span class=\"lkx-head-title\">Experien\u021be \u0219i bilete<\/span>\n    <\/div>\n    <span class=\"lkx-head-meta\">evaluat de c\u0103l\u0103tori \u00b7 GetYourGuide<\/span>\n  <\/div><a class=\"lkx-hero\" href=\"https:\/\/www.getyourguide.com\/ro-ro\/marsa-l174834\/din-malta-muntele-etna-si-taormina-excursie-de-o-zi-cu-ghid-t596897\/?partner_id=MKZ64IS&amp;utm_medium=online_publisher&amp;cmp=vacanta-malta-ce-sa-vezi\" target=\"_blank\" rel=\"sponsored noopener nofollow\">\n    <div class=\"lkx-hero-img\" style=\"background-image:url('https:\/\/cdn.getyourguide.com\/img\/tour\/591802cee2ca609f99e67b0f0273a69429f19de7105ac3095f906637b2a688d9.jpg\/132.jpg')\" role=\"img\" aria-label=\"Malta: Muntele Etna \u0219i Taormina excursie ghidat\u0103 de o zi cu catamaranul\">\n      <span class=\"lkx-pick\">\u2605 Recomandarea noastr\u0103<\/span><\/div>\n    <div class=\"lkx-hero-body\">\n      <div class=\"lkx-title\">Malta: Muntele Etna \u0219i Taormina excursie ghidat\u0103 de o zi cu catamaranul<\/div>\n      <div class=\"lkx-proof\">\n      <span class=\"lkx-stars\">\u2605\u2605\u2605\u2605\u2605<\/span>\n      <b>4.4<\/b> \u00b7 184 de recenzii\n    <\/div>\n      <div class=\"lkx-hero-bottom\"><div class=\"lkx-price\">de la <b>159\u00a0EUR<\/b><\/div><span class=\"lkx-cta lkx-cta-hero\">Vreau aceast\u0103 experien\u021b\u0103 \u2192<\/span>\n      <\/div>\n    <\/div>\n  <\/a><div class=\"lkx-grid\"><a class=\"lkx-card\" href=\"https:\/\/www.getyourguide.com\/ro-ro\/marsa-l174834\/malta-excursie-de-o-zi-cu-ghid-la-muntele-etna-si-catania-cu-catamaranul-t988889\/?partner_id=MKZ64IS&amp;utm_medium=online_publisher&amp;cmp=vacanta-malta-ce-sa-vezi\" target=\"_blank\" rel=\"sponsored noopener nofollow\">\n      <div class=\"lkx-card-img\" style=\"background-image:url('https:\/\/cdn.getyourguide.com\/img\/tour\/85c4b042fd123a7269e89a2fe2c4382be2c53654f541997408a25410a05ff766.jpg\/132.jpg')\" role=\"img\" aria-label=\"Malta: excursie de o zi cu ghid la Muntele Etna \u0219i Catania cu catamaranul\"><\/div>\n      <div class=\"lkx-card-body\">\n        <div class=\"lkx-title lkx-title-sm\">Malta: excursie de o zi cu ghid la Muntele Etna \u0219i Catania cu catamaranul<\/div>\n        <div class=\"lkx-proof lkx-proof-sm\">\n      <span class=\"lkx-stars\">\u2605<\/span>\n      <b>4.7<\/b> \u00b7 119\n    <\/div>\n        <div class=\"lkx-card-bottom\"><span class=\"lkx-price lkx-price-sm\">de la <b>159\u00a0EUR<\/b><\/span><span class=\"lkx-cta lkx-cta-sm\">Vezi datele \u2192<\/span>\n        <\/div>\n      <\/div>\n    <\/a><a class=\"lkx-card\" href=\"https:\/\/www.getyourguide.com\/ro-ro\/marsa-l174834\/din-malta-syracuse-si-marzamemi-excursie-de-o-zi-cu-ghid-t594913\/?partner_id=MKZ64IS&amp;utm_medium=online_publisher&amp;cmp=vacanta-malta-ce-sa-vezi\" target=\"_blank\" rel=\"sponsored noopener nofollow\">\n      <div class=\"lkx-card-img\" style=\"background-image:url('https:\/\/cdn.getyourguide.com\/img\/tour\/3dd92a839c1bf09e86c490aeb6574e91e0ac823910575176db94bf5f3ad9052d.jpg\/132.jpg')\" role=\"img\" aria-label=\"Din Malta: Syracuse \u0219i Marzamemi Excursie de o zi cu ghid\"><\/div>\n      <div class=\"lkx-card-body\">\n        <div class=\"lkx-title lkx-title-sm\">Din Malta: Syracuse \u0219i Marzamemi Excursie de o zi cu ghid<\/div>\n        <div class=\"lkx-proof lkx-proof-sm\">\n      <span class=\"lkx-stars\">\u2605<\/span>\n      <b>4.3<\/b> \u00b7 76\n    <\/div>\n        <div class=\"lkx-card-bottom\"><span class=\"lkx-price lkx-price-sm\">de la <b>139\u00a0EUR<\/b><\/span><span class=\"lkx-cta lkx-cta-sm\">Vezi datele \u2192<\/span>\n        <\/div>\n      <\/div>\n    <\/a><\/div><div class=\"lkx-disclosure\">\ud83d\udd17 Linkurile sunt de afiliere \u2014 nu \u00ee\u021bi schimb\u0103 pre\u021bul, dar ne ajut\u0103 s\u0103 cre\u0103m con\u021binut. \u00b7 <a href=\"https:\/\/www.getyourguide.com\/ro-ro\/s\/?q=malta&amp;partner_id=MKZ64IS&amp;utm_medium=online_publisher\" target=\"_blank\" rel=\"sponsored noopener nofollow\">Toate experien\u021bele \u2192<\/a><\/div>\n<\/div>\n<!-- LKM_GYG_CARD end -->\n\n\n\n\n<div class=\"lk-stays-module\">\n<style>\n\/* \u2500\u2500\u2500 RESET PRO GUTENBERG \u2500\u2500\u2500 *\/\n.lk-stays-module * { box-sizing: border-box; margin: 0; padding: 0; }\n\n\/* \u2500\u2500\u2500 WRAPPER \u2500\u2500\u2500 *\/\n.lk-stays-module {\n  font-family: 'DM Sans', Georgia, sans-serif;\n  max-width: 100%;\n  margin: 2.5rem auto;\n  background: linear-gradient(135deg, #fdfaf5 0%, #fcf8f0 100%);\n  border: 1px solid #e8dfd4;\n  border-radius: 16px;\n  overflow: hidden;\n  box-shadow: 0 16px 48px rgba(195, 159, 118, 0.25), 0 4px 12px rgba(0,0,0,0.08);\n}\n\n\/* \u2500\u2500\u2500 HEADER \u2500\u2500\u2500 *\/\n.lk-stays-header {\n  position: relative;\n  padding: 24px 36px 24px;\n  background: linear-gradient(135deg, #c39f76 0%, #d4b188 60%, #c39f76 100%);\n  border-bottom: 1px solid rgba(255,255,255,.15);\n  display: flex;\n  align-items: center;\n  gap: 18px;\n}\n.lk-stays-header::before {\n  content: '';\n  position: absolute;\n  inset: 0;\n  background: url(\"data:image\/svg+xml,%3Csvg width='60' height='60' viewBox='0 0 60 60' xmlns='http:\/\/www.w3.org\/2000\/svg'%3E%3Cg fill='none' fill-rule='evenodd'%3E%3Cg fill='%23ffffff' fill-opacity='0.05'%3E%3Cpath d='M36 34v-4h-2v4h-4v2h4v4h2v-4h4v-2h-4zm0-30V0h-2v4h-4v2h4v4h2V6h4V4h-4zM6 34v-4H4v4H0v2h4v4h2v-4h4v-2H6zM6 4V0H4v4H0v2h4v4h2V6h4V4H6z'\/%3E%3C\/g%3E%3C\/g%3E%3C\/svg%3E\") repeat;\n  pointer-events: none;\n}\n.lk-stays-icon {\n  flex-shrink: 0;\n  width: 68px;\n  height: 68px;\n  border-radius: 14px;\n  background: linear-gradient(135deg, #fff 0%, #f9f6f0 100%);\n  display: flex;\n  align-items: center;\n  justify-content: center;\n  font-size: 26px;\n  box-shadow: 0 4px 12px rgba(0,0,0,0.15);\n}\n.lk-stays-eyebrow {\n  font-size: 10px;\n  font-weight: 500;\n  letter-spacing: 2.5px;\n  text-transform: uppercase;\n  color: rgba(255,255,255,.85);\n  margin: 0 0 5px 0;\n}\n.lk-stays-title {\n  font-family: 'Playfair Display', Georgia, serif;\n  font-size: 24px;\n  font-weight: 700;\n  color: #fff;\n  line-height: 1.2;\n  text-shadow: 0 1px 2px rgba(0,0,0,0.1);\n  margin: 0;\n}\n.lk-stays-subtitle {\n  font-size: 13px;\n  color: rgba(255,255,255,.75);\n  margin: 4px 0 0 0;\n  font-weight: 300;\n}\n\n\/* \u2500\u2500\u2500 CARDS GRID \u2500\u2500\u2500 *\/\n.lk-stays-grid {\n  display: grid;\n  grid-template-columns: 1fr 1fr;\n  gap: 1px;\n  background: rgba(195, 159, 118, 0.12);\n}\n\n\/* \u2500\u2500\u2500 SINGLE CARD \u2500\u2500\u2500 *\/\n.lk-stay-card {\n  background: #ffffff;\n  padding: 26px;\n  display: flex;\n  flex-direction: column;\n  gap: 11px;\n  transition: all 0.3s ease;\n  text-decoration: none;\n  color: inherit;\n  position: relative;\n}\n.lk-stay-card:hover {\n  background: #fffbf5;\n  transform: translateY(-2px);\n  box-shadow: 0 8px 24px rgba(195, 159, 118, 0.18);\n  z-index: 1;\n}\n.lk-stay-card.featured {\n  background: linear-gradient(135deg, #fffdf9 0%, #fff9f0 100%);\n  box-shadow: 0 4px 16px rgba(195, 159, 118, 0.15), inset 0 1px 0 rgba(195, 159, 118, 0.1);\n}\n.lk-stay-card.featured:hover {\n  background: linear-gradient(135deg, #fffbf5 0%, #fff8ed 100%);\n  box-shadow: 0 8px 24px rgba(195, 159, 118, 0.25), inset 0 1px 0 rgba(195, 159, 118, 0.15);\n}\n\n.lk-stay-badge {\n  display: inline-flex;\n  align-items: center;\n  gap: 5px;\n  font-size: 10px;\n  font-weight: 500;\n  letter-spacing: 1.5px;\n  text-transform: uppercase;\n  padding: 5px 11px;\n  border-radius: 20px;\n  width: fit-content;\n}\n.badge-top     { background: linear-gradient(135deg, #c39f76 0%, #d4b188 100%); color: #fff; border: 1px solid #c39f76; font-weight: 600; box-shadow: 0 2px 8px rgba(195,159,118,0.3); }\n.badge-luxury  { background: rgba(195,159,118,.12); color: #c39f76; border: 1px solid rgba(195,159,118,.25); }\n.badge-boutique{ background: rgba(54,133,252,.08); color: #3685fc; border: 1px solid rgba(54,133,252,.2); }\n.badge-nature  { background: rgba(130,190,100,.1); color: #6b9c4a; border: 1px solid rgba(130,190,100,.2); }\n.badge-remote  { background: rgba(195,159,118,.12); color: #a67e50; border: 1px solid rgba(195,159,118,.25); }\n\n.lk-stay-name {\n  font-family: 'Playfair Display', Georgia, serif;\n  font-size: 18px;\n  font-weight: 700;\n  color: #111827;\n  line-height: 1.3;\n}\n.lk-stay-desc {\n  font-size: 13.5px;\n  color: #525252;\n  line-height: 1.65;\n  font-weight: 300;\n  flex: 1;\n}\n\n.lk-stay-meta {\n  display: flex;\n  align-items: center;\n  gap: 12px;\n  flex-wrap: wrap;\n  margin-top: 4px;\n}\n.lk-stay-price {\n  font-size: 13px;\n  color: #6b7280;\n}\n.lk-stay-price strong {\n  color: #c39f76;\n  font-weight: 500;\n}\n.lk-stay-stars {\n  color: #c39f76;\n  font-size: 11px;\n  letter-spacing: 1px;\n}\n\n\/* \u2500\u2500\u2500 CTA BUTTON \u2500\u2500\u2500 *\/\n.lk-stay-cta {\n  display: inline-flex;\n  align-items: center;\n  justify-content: center;\n  gap: 7px;\n  margin-top: 8px;\n  padding: 11px 20px;\n  border-radius: 8px;\n  background: linear-gradient(135deg, #3685fc 0%, #2a6fd9 100%);\n  color: #fff;\n  font-size: 13px;\n  font-weight: 500;\n  text-decoration: none;\n  letter-spacing: .3px;\n  transition: all .2s ease;\n  cursor: pointer;\n  border: none;\n  text-align: center;\n  box-shadow: 0 4px 12px rgba(54, 133, 252, 0.25);\n}\n.lk-stay-cta:hover {\n  background: linear-gradient(135deg, #2a6fd9 0%, #1e5bc4 100%);\n  transform: translateY(-1px);\n  box-shadow: 0 6px 16px rgba(54, 133, 252, 0.35);\n}\n.lk-stay-cta svg { flex-shrink: 0; }\n\n\/* \u2500\u2500\u2500 FOOTER \u2500\u2500\u2500 *\/\n.lk-stays-footer {\n  padding: 18px 36px;\n  background: linear-gradient(to bottom, #fdfaf5 0%, #f9f4ed 100%);\n  border-top: 1px solid rgba(195, 159, 118, 0.15);\n  display: flex;\n  align-items: center;\n  justify-content: space-between;\n  flex-wrap: wrap;\n  gap: 12px;\n}\n.lk-stays-footer-note {\n  font-size: 11.5px;\n  color: #6b7280;\n  font-weight: 300;\n  line-height: 1.5;\n}\n.lk-stays-footer-note a {\n  color: #c39f76;\n  text-decoration: none;\n  font-weight: 400;\n}\n.lk-stays-footer-note a:hover {\n  text-decoration: underline;\n}\n.lk-stays-all-btn {\n  display: inline-flex;\n  align-items: center;\n  gap: 6px;\n  font-size: 12.5px;\n  font-weight: 500;\n  color: #c39f76;\n  text-decoration: none;\n  border: 1px solid rgba(195, 159, 118, 0.35);\n  padding: 8px 18px;\n  border-radius: 8px;\n  transition: all .2s ease;\n}\n.lk-stays-all-btn:hover {\n  background: rgba(195, 159, 118, 0.08);\n  border-color: rgba(195, 159, 118, 0.5);\n}\n\n\/* \u2500\u2500\u2500 RESPONSIVE \u2500\u2500\u2500 *\/\n@media (max-width: 600px) {\n  .lk-stays-grid { grid-template-columns: 1fr; }\n  .lk-stays-header { padding: 24px 20px; }\n  .lk-stays-footer { padding: 16px 20px; }\n  .lk-stay-card { padding: 22px; }\n  .lk-stays-title { font-size: 20px; }\n}\n<\/style>\n\n  <!-- HEADER -->\n  <div class=\"lk-stays-header\">\n    <img decoding=\"async\" src=\"https:\/\/loudavymkrokem.cz\/wp-content\/uploads\/2026\/02\/lukas-a-lucka.jpg\" alt=\"\" style=\"width: 75px; height: 75px; border-radius: 8px; flex-shrink: 0; object-fit: cover; display: block; margin: 4px 0;\" title=\"\">\n    <div class=\"lk-stays-header-text\">\n      <div class=\"lk-stays-eyebrow\">Luk\u00e1\u0161 \u0219i Lucie recomand\u0103<\/div>\n      <div class=\"lk-stays-title\">Unde s\u0103 te cazezi \u00een Malta<\/div>\n      <div class=\"lk-stays-subtitle\">6 caz\u0103ri \u2014 hoteluri wellness, resorturi \u0219i alte op\u021biuni de cazare<\/div>\n    <\/div>\n  <\/div>\n\n  <!-- CARDS -->\n  <div class=\"lk-stays-grid\">\n\n    <a class=\"lk-stay-card featured\" href=\"https:\/\/www.stay22.com\/allez\/roam?aid=lukaskonecny&#038;campaign=loudavymkrokemcz&#038;campaign=ro&#038;campaign=dovolena-malta&#038;hotelname=The%20Embassy%20Valletta%20Hotel&#038;address=Valletta%2C%20Malta\" target=\"_blank\" rel=\"nofollow noopener\">\n      <span class=\"lk-stay-badge badge-top\">\u2b50 TOP ALEGERE<\/span>\n      <span class=\"lk-stay-badge badge-nature\">\ud83c\udfe8 Hotel<\/span>\n      <div class=\"lk-stay-name\">The Embassy Valletta Hotel<\/div>\n      <div class=\"lk-stay-desc\">Hotel minunat \u00een centrul istoric cu teras\u0103 pe acoperi\u0219 cu piscin\u0103 \u0219i vedere spectaculoas\u0103 asupra \u00eemprejurimilor.<\/div>\n      <div class=\"lk-stay-meta\">\n        <span class=\"lk-stay-stars\">\u2605\u2605\u2605\u2605<\/span>\n        <span class=\"lk-stay-price\">Verific\u0103 pre\u021burile<\/span>\n      <\/div>\n      <span class=\"lk-stay-cta\">\n        <svg width=\"14\" height=\"14\" viewBox=\"0 0 24 24\" fill=\"none\" stroke=\"currentColor\" stroke-width=\"2\"><path d=\"M18 13v6a2 2 0 0 1-2 2H5a2 2 0 0 1-2-2V8a2 2 0 0 1 2-2h6\"\/><polyline points=\"15 3 21 3 21 9\"\/><line x1=\"10\" y1=\"14\" x2=\"21\" y2=\"3\"\/><\/svg>\n        Verific\u0103 disponibilitatea\n      <\/span>\n    <\/a>\n\n    <a class=\"lk-stay-card\" href=\"https:\/\/www.stay22.com\/allez\/roam?aid=lukaskonecny&#038;campaign=loudavymkrokemcz&#038;campaign=ro&#038;campaign=dovolena-malta&#038;hotelname=Hotel%20Juliani&#038;address=St%20Julian%27s%2C%20Malta\" target=\"_blank\" rel=\"nofollow noopener\">\n      <span class=\"lk-stay-badge badge-nature\">\ud83c\udfe8 Hotel<\/span>\n      <div class=\"lk-stay-name\">Hotel Juliani<\/div>\n      <div class=\"lk-stay-desc\">Hotel boutique frumos pe coasta Spinola Bay, ofer\u0103 servicii excelente \u0219i o atmosfer\u0103 fermec\u0103toare.<\/div>\n      <div class=\"lk-stay-meta\">\n        <span class=\"lk-stay-stars\">\u2605\u2605\u2605\u2605<\/span>\n        <span class=\"lk-stay-price\">Verific\u0103 pre\u021burile<\/span>\n      <\/div>\n      <span class=\"lk-stay-cta\">\n        <svg width=\"14\" height=\"14\" viewBox=\"0 0 24 24\" fill=\"none\" stroke=\"currentColor\" stroke-width=\"2\"><path d=\"M18 13v6a2 2 0 0 1-2 2H5a2 2 0 0 1-2-2V8a2 2 0 0 1 2-2h6\"\/><polyline points=\"15 3 21 3 21 9\"\/><line x1=\"10\" y1=\"14\" x2=\"21\" y2=\"3\"\/><\/svg>\n        Verific\u0103 disponibilitatea\n      <\/span>\n    <\/a>\n\n    <a class=\"lk-stay-card\" href=\"https:\/\/www.stay22.com\/allez\/roam?aid=lukaskonecny&#038;campaign=loudavymkrokemcz&#038;campaign=ro&#038;campaign=dovolena-malta&#038;hotelname=Corinthia%20St%20George%27s%20Bay&#038;address=St%20Julian%27s%2C%20Malta\" target=\"_blank\" rel=\"nofollow noopener\">\n      <span class=\"lk-stay-badge badge-nature\">\u2b50 Luxury<\/span>\n      <div class=\"lk-stay-name\">Corinthia St George&#8217;s Bay<\/div>\n      <div class=\"lk-stay-desc\">Resort de lux cu cinci stele direct l\u00e2ng\u0103 golf, confort maxim \u0219i servicii de top pentru cei preten\u021bio\u0219i.<\/div>\n      <div class=\"lk-stay-meta\">\n        <span class=\"lk-stay-stars\">\u2605\u2605\u2605\u2605\u2605<\/span>\n        <span class=\"lk-stay-price\">Verific\u0103 pre\u021burile<\/span>\n      <\/div>\n      <span class=\"lk-stay-cta\">\n        <svg width=\"14\" height=\"14\" viewBox=\"0 0 24 24\" fill=\"none\" stroke=\"currentColor\" stroke-width=\"2\"><path d=\"M18 13v6a2 2 0 0 1-2 2H5a2 2 0 0 1-2-2V8a2 2 0 0 1 2-2h6\"\/><polyline points=\"15 3 21 3 21 9\"\/><line x1=\"10\" y1=\"14\" x2=\"21\" y2=\"3\"\/><\/svg>\n        Verific\u0103 disponibilitatea\n      <\/span>\n    <\/a>\n\n    <a class=\"lk-stay-card\" href=\"https:\/\/www.stay22.com\/allez\/roam?aid=lukaskonecny&#038;campaign=loudavymkrokemcz&#038;campaign=ro&#038;campaign=dovolena-malta&#038;hotelname=Hyatt%20Centric%20Malta&#038;address=St%20Julian%27s%2C%20Malta\" target=\"_blank\" rel=\"nofollow noopener\">\n      <span class=\"lk-stay-badge badge-nature\">\ud83c\udfe8 Hotel<\/span>\n      <div class=\"lk-stay-name\">Hyatt Centric Malta<\/div>\n      <div class=\"lk-stay-desc\">Hotel amenajat modern \u00een zona St Julian&#8217;s, atrage cu piscina elegant\u0103 de pe acoperi\u0219.<\/div>\n      <div class=\"lk-stay-meta\">\n        <span class=\"lk-stay-stars\">\u2605\u2605\u2605\u2605<\/span>\n        <span class=\"lk-stay-price\">Verific\u0103 pre\u021burile<\/span>\n      <\/div>\n      <span class=\"lk-stay-cta\">\n        <svg width=\"14\" height=\"14\" viewBox=\"0 0 24 24\" fill=\"none\" stroke=\"currentColor\" stroke-width=\"2\"><path d=\"M18 13v6a2 2 0 0 1-2 2H5a2 2 0 0 1-2-2V8a2 2 0 0 1 2-2h6\"\/><polyline points=\"15 3 21 3 21 9\"\/><line x1=\"10\" y1=\"14\" x2=\"21\" y2=\"3\"\/><\/svg>\n        Verific\u0103 disponibilitatea\n      <\/span>\n    <\/a>\n\n    <a class=\"lk-stay-card\" href=\"https:\/\/www.stay22.com\/allez\/roam?aid=lukaskonecny&#038;campaign=loudavymkrokemcz&#038;campaign=ro&#038;campaign=dovolena-malta&#038;hotelname=db%20Seabank%20Resort%20%2B%20Spa&#038;address=Mellieha%2C%20Malta\" target=\"_blank\" rel=\"nofollow noopener\">\n      <span class=\"lk-stay-badge badge-nature\">\ud83c\udf32 Resort<\/span>\n      <div class=\"lk-stay-name\">db Seabank Resort + Spa<\/div>\n      <div class=\"lk-stay-desc\">Complex popular cu all inclusive, la doar c\u00e2\u021biva pa\u0219i de cea mai bun\u0103 plaj\u0103 cu nisip din Mellie\u0127a.<\/div>\n      <div class=\"lk-stay-meta\">\n        <span class=\"lk-stay-stars\">\u2605\u2605\u2605\u2605<\/span>\n        <span class=\"lk-stay-price\">Verific\u0103 pre\u021burile<\/span>\n      <\/div>\n      <span class=\"lk-stay-cta\">\n        <svg width=\"14\" height=\"14\" viewBox=\"0 0 24 24\" fill=\"none\" stroke=\"currentColor\" stroke-width=\"2\"><path d=\"M18 13v6a2 2 0 0 1-2 2H5a2 2 0 0 1-2-2V8a2 2 0 0 1 2-2h6\"\/><polyline points=\"15 3 21 3 21 9\"\/><line x1=\"10\" y1=\"14\" x2=\"21\" y2=\"3\"\/><\/svg>\n        Verific\u0103 disponibilitatea\n      <\/span>\n    <\/a>\n\n    <a class=\"lk-stay-card\" href=\"https:\/\/www.stay22.com\/allez\/roam?aid=lukaskonecny&#038;campaign=loudavymkrokemcz&#038;campaign=ro&#038;campaign=dovolena-malta&#038;hotelname=Kempinski%20Hotel%20San%20Lawrenz&#038;address=San%20Lawrenz%2C%20Gozo%2C%20Malta\" target=\"_blank\" rel=\"nofollow noopener\">\n      <span class=\"lk-stay-badge badge-nature\">\ud83c\udf32 Resort<\/span>\n      <div class=\"lk-stay-name\">Kempinski Hotel San Lawrenz<\/div>\n      <div class=\"lk-stay-desc\">Resort lini\u0219tit \u0219i spa\u021bios \u00een interiorul insulei Gozo, o adev\u0103rat\u0103 oaz\u0103 de lini\u0219te pentru relaxare perfect\u0103.<\/div>\n      <div class=\"lk-stay-meta\">\n        <span class=\"lk-stay-stars\">\u2605\u2605\u2605\u2605<\/span>\n        <span class=\"lk-stay-price\">Verific\u0103 pre\u021burile<\/span>\n      <\/div>\n      <span class=\"lk-stay-cta\">\n        <svg width=\"14\" height=\"14\" viewBox=\"0 0 24 24\" fill=\"none\" stroke=\"currentColor\" stroke-width=\"2\"><path d=\"M18 13v6a2 2 0 0 1-2 2H5a2 2 0 0 1-2-2V8a2 2 0 0 1 2-2h6\"\/><polyline points=\"15 3 21 3 21 9\"\/><line x1=\"10\" y1=\"14\" x2=\"21\" y2=\"3\"\/><\/svg>\n        Verific\u0103 disponibilitatea\n      <\/span>\n    <\/a>\n\n  <\/div>\n\n  \n<\/div>\n\n\n\n\n<h3 id=\"18_Laguna_Albastra_de_pe_Comino\" class=\"wp-block-heading\"><span class=\"ez-toc-section\" id=\"18_Laguna_Albastra_de_pe_Comino\"><\/span>18. Laguna Albastr\u0103 de pe Comino<span class=\"ez-toc-section-end\"><\/span><\/h3>\n\n\n\n<p class=\"wp-block-paragraph\">Apa turcoaz str\u0103lucitoare care contrasteaz\u0103 cu fundul nisipos alb a f\u0103cut din acest golf, deta\u0219at, cel mai fotogenic loc al \u00eentregului arhipelag. Se afl\u0103 la \u021b\u0103rmurile micu\u021bei insule Comino, unde ma\u0219ina nu ajunge deloc, a\u0219a c\u0103 trebuie s\u0103-\u021bi pl\u0103te\u0219ti o barc\u0103 de agrement din Malta sau Gozo, iar conform pozelor arat\u0103 acolo <strong>ca \u00eentr-un adev\u0103rat rai caraibian<\/strong>.<\/p>\n\n\n\n<figure data-wp-context=\"{&quot;imageId&quot;:&quot;6a9c35faab1f2&quot;}\" data-wp-interactive=\"core\/image\" data-wp-key=\"6a9c35faab1f2\" class=\"wp-block-image size-full wp-lightbox-container\"><img decoding=\"async\" width=\"1500\" height=\"1000\" data-wp-class--hide=\"state.isContentHidden\" data-wp-class--show=\"state.isContentVisible\" data-wp-init=\"callbacks.setButtonStyles\" data-wp-on--click=\"actions.showLightbox\" data-wp-on--load=\"callbacks.setButtonStyles\" data-wp-on--pointerdown=\"actions.preloadImage\" data-wp-on--pointerenter=\"actions.preloadImageWithDelay\" data-wp-on--pointerleave=\"actions.cancelPreload\" data-wp-on-window--resize=\"callbacks.setButtonStyles\" src=\"https:\/\/loudavymkrokem.cz\/wp-content\/uploads\/2026\/08\/dovolena-malta-t18.jpg\" alt=\"Laguna Albastr\u0103 pe insula Comino\" class=\"wp-image-399720\" title=\"\" srcset=\"https:\/\/loudavymkrokem.cz\/wp-content\/uploads\/2026\/08\/dovolena-malta-t18.jpg 1500w, https:\/\/loudavymkrokem.cz\/wp-content\/uploads\/2026\/08\/dovolena-malta-t18-300x200.jpg 300w, https:\/\/loudavymkrokem.cz\/wp-content\/uploads\/2026\/08\/dovolena-malta-t18-700x467.jpg 700w, https:\/\/loudavymkrokem.cz\/wp-content\/uploads\/2026\/08\/dovolena-malta-t18-768x512.jpg 768w, https:\/\/loudavymkrokem.cz\/wp-content\/uploads\/2026\/08\/dovolena-malta-t18-696x464.jpg 696w, https:\/\/loudavymkrokem.cz\/wp-content\/uploads\/2026\/08\/dovolena-malta-t18-1392x928.jpg 1392w\" sizes=\"(max-width: 1500px) 100vw, 1500px\" \/><button\n\t\t\tclass=\"lightbox-trigger\"\n\t\t\ttype=\"button\"\n\t\t\taria-haspopup=\"dialog\"\n\t\t\tdata-wp-bind--aria-label=\"state.thisImage.triggerButtonAriaLabel\"\n\t\t\tdata-wp-init=\"callbacks.initTriggerButton\"\n\t\t\tdata-wp-on--click=\"actions.showLightbox\"\n\t\t\tdata-wp-style--right=\"state.thisImage.buttonRight\"\n\t\t\tdata-wp-style--top=\"state.thisImage.buttonTop\"\n\t\t>\n\t\t\t<svg xmlns=\"http:\/\/www.w3.org\/2000\/svg\" width=\"12\" height=\"12\" fill=\"none\" viewBox=\"0 0 12 12\">\n\t\t\t\t<path fill=\"#fff\" d=\"M2 0a2 2 0 0 0-2 2v2h1.5V2a.5.5 0 0 1 .5-.5h2V0H2Zm2 10.5H2a.5.5 0 0 1-.5-.5V8H0v2a2 2 0 0 0 2 2h2v-1.5ZM8 12v-1.5h2a.5.5 0 0 0 .5-.5V8H12v2a2 2 0 0 1-2 2H8Zm2-12a2 2 0 0 1 2 2v2h-1.5V2a.5.5 0 0 0-.5-.5H8V0h2Z\" \/>\n\t\t\t<\/svg>\n\t\t<\/button><figcaption class=\"wp-element-caption\">Laguna Albastr\u0103 pe insula Comino (Foto: Frank Vincentz \/ Wikimedia Commons, CC BY-SA 3.0)<\/figcaption><\/figure>\n\n\n\n<p class=\"wp-block-paragraph\">Trebuie \u00eens\u0103 s\u0103 fiu absolut sincer\u0103 cu tine, pentru c\u0103 \u00een iulie \u0219i august este aici, se pare, o mare \u0219i foarte zgomotoas\u0103 \u00eembulzeal\u0103, unde nici m\u0103car nu ai loc s\u0103-\u021bi \u00eentinzi prosopul. De aceea localnicii recomand\u0103 insistent s\u0103 <strong>porne\u0219ti chiar cu primul vapor de diminea\u021b\u0103<\/strong> sau s\u0103-\u021bi planifici vizita \u00een afara sezonului principal de var\u0103 \u0219i, mai ales, s\u0103 iei cu tine ap\u0103 \u0219i umbr\u0103.<\/p>\n\n\n\n<h3 id=\"19_Victoria_si_Citadela\" class=\"wp-block-heading\"><span class=\"ez-toc-section\" id=\"19_Victoria_si_Citadela\"><\/span>19. Victoria \u0219i Citadela<span class=\"ez-toc-section-end\"><\/span><\/h3>\n\n\n\n<p class=\"wp-block-paragraph\">Capitala mai verzii insule Gozo, pe care localnicii o numesc adesea cu numele s\u0103u original Rabat, ascunde \u00een centrul ei o maiestuoas\u0103 Citadel\u0103 fortificat\u0103. Aceast\u0103 fort\u0103rea\u021b\u0103 de necucerit \u00eei proteja \u00een trecut pe locuitori de raidurile pira\u021bilor, iar azi ofer\u0103 o <strong>priveli\u0219te panoramic\u0103 superb\u0103 asupra \u00eentregii insule<\/strong>, pe care, conform vizitatorilor, o vei \u00eendr\u0103gi cu siguran\u021b\u0103.<\/p>\n\n\n\n<figure data-wp-context=\"{&quot;imageId&quot;:&quot;6a9c35faab7f7&quot;}\" data-wp-interactive=\"core\/image\" data-wp-key=\"6a9c35faab7f7\" class=\"wp-block-image size-full wp-lightbox-container\"><img decoding=\"async\" width=\"1500\" height=\"1000\" data-wp-class--hide=\"state.isContentHidden\" data-wp-class--show=\"state.isContentVisible\" data-wp-init=\"callbacks.setButtonStyles\" data-wp-on--click=\"actions.showLightbox\" data-wp-on--load=\"callbacks.setButtonStyles\" data-wp-on--pointerdown=\"actions.preloadImage\" data-wp-on--pointerenter=\"actions.preloadImageWithDelay\" data-wp-on--pointerleave=\"actions.cancelPreload\" data-wp-on-window--resize=\"callbacks.setButtonStyles\" src=\"https:\/\/loudavymkrokem.cz\/wp-content\/uploads\/2026\/08\/dovolena-malta-t19.jpg\" alt=\"Citadela din Victoria pe Gozo\" class=\"wp-image-399722\" title=\"\" srcset=\"https:\/\/loudavymkrokem.cz\/wp-content\/uploads\/2026\/08\/dovolena-malta-t19.jpg 1500w, https:\/\/loudavymkrokem.cz\/wp-content\/uploads\/2026\/08\/dovolena-malta-t19-300x200.jpg 300w, https:\/\/loudavymkrokem.cz\/wp-content\/uploads\/2026\/08\/dovolena-malta-t19-700x467.jpg 700w, https:\/\/loudavymkrokem.cz\/wp-content\/uploads\/2026\/08\/dovolena-malta-t19-768x512.jpg 768w, https:\/\/loudavymkrokem.cz\/wp-content\/uploads\/2026\/08\/dovolena-malta-t19-696x464.jpg 696w, https:\/\/loudavymkrokem.cz\/wp-content\/uploads\/2026\/08\/dovolena-malta-t19-1392x928.jpg 1392w\" sizes=\"(max-width: 1500px) 100vw, 1500px\" \/><button\n\t\t\tclass=\"lightbox-trigger\"\n\t\t\ttype=\"button\"\n\t\t\taria-haspopup=\"dialog\"\n\t\t\tdata-wp-bind--aria-label=\"state.thisImage.triggerButtonAriaLabel\"\n\t\t\tdata-wp-init=\"callbacks.initTriggerButton\"\n\t\t\tdata-wp-on--click=\"actions.showLightbox\"\n\t\t\tdata-wp-style--right=\"state.thisImage.buttonRight\"\n\t\t\tdata-wp-style--top=\"state.thisImage.buttonTop\"\n\t\t>\n\t\t\t<svg xmlns=\"http:\/\/www.w3.org\/2000\/svg\" width=\"12\" height=\"12\" fill=\"none\" viewBox=\"0 0 12 12\">\n\t\t\t\t<path fill=\"#fff\" d=\"M2 0a2 2 0 0 0-2 2v2h1.5V2a.5.5 0 0 1 .5-.5h2V0H2Zm2 10.5H2a.5.5 0 0 1-.5-.5V8H0v2a2 2 0 0 0 2 2h2v-1.5ZM8 12v-1.5h2a.5.5 0 0 0 .5-.5V8H12v2a2 2 0 0 1-2 2H8Zm2-12a2 2 0 0 1 2 2v2h-1.5V2a.5.5 0 0 0-.5-.5H8V0h2Z\" \/>\n\t\t\t<\/svg>\n\t\t<\/button><figcaption class=\"wp-element-caption\">Citadela din Victoria pe Gozo (Foto: CEphoto, Uwe Aranas \/ Wikimedia Commons, CC BY-SA 3.0)<\/figcaption><\/figure>\n\n\n\n<p class=\"wp-block-paragraph\">Pe Gozo ajungi fie cu feribotul din portul \u010airkewwa, ceea ce dureaz\u0103 cam 25 de minute, fie po\u021bi folosi catamaranul rapid din Valletta, care navigheaz\u0103 aproximativ trei sferturi de or\u0103. O curiozitate practic\u0103 este c\u0103 <strong>drumul spre insul\u0103 nu se pl\u0103te\u0219te<\/strong>, biletul de feribot \u00eel cumperi abia la \u00eentoarcerea spre Malta, a\u0219a c\u0103 \u00ee\u021bi economise\u0219ti \u00eent\u00e2rzieri inutile la plecare.<\/p>\n\n\n\n<h3 id=\"20_Dwejra_si_Marea_Interioara\" class=\"wp-block-heading\"><span class=\"ez-toc-section\" id=\"20_Dwejra_si_Marea_Interioara\"><\/span>20. Dwejra \u0219i Marea Interioar\u0103<span class=\"ez-toc-section-end\"><\/span><\/h3>\n\n\n\n<p class=\"wp-block-paragraph\">Aceast\u0103 parte a insulei Gozo era faimoas\u0103 mai ales datorit\u0103 Ferestrei Azurii, un uria\u0219 arc de st\u00e2nc\u0103 ce s-a pr\u0103bu\u0219it din p\u0103cate \u00een mare \u00een 2017 \u00een timpul unei furtuni puternice. Chiar \u0219i f\u0103r\u0103 ea, natura ofer\u0103 aici un spectacol incredibil, pentru c\u0103 a r\u0103mas fascinanta Mare Interioar\u0103 \u0219i <strong>condi\u021bii excelente pentru scufund\u0103ri \u00een pe\u0219terile ad\u00e2nci<\/strong>.<\/p>\n\n\n\n<figure data-wp-context=\"{&quot;imageId&quot;:&quot;6a9c35faabd2f&quot;}\" data-wp-interactive=\"core\/image\" data-wp-key=\"6a9c35faabd2f\" class=\"wp-block-image size-full wp-lightbox-container\"><img decoding=\"async\" width=\"1500\" height=\"998\" data-wp-class--hide=\"state.isContentHidden\" data-wp-class--show=\"state.isContentVisible\" data-wp-init=\"callbacks.setButtonStyles\" data-wp-on--click=\"actions.showLightbox\" data-wp-on--load=\"callbacks.setButtonStyles\" data-wp-on--pointerdown=\"actions.preloadImage\" data-wp-on--pointerenter=\"actions.preloadImageWithDelay\" data-wp-on--pointerleave=\"actions.cancelPreload\" data-wp-on-window--resize=\"callbacks.setButtonStyles\" src=\"https:\/\/loudavymkrokem.cz\/wp-content\/uploads\/2026\/08\/dovolena-malta-t20.jpg\" alt=\"Dwejra \u0219i Marea Interioar\u0103 pe Gozo\" class=\"wp-image-399725\" title=\"\" srcset=\"https:\/\/loudavymkrokem.cz\/wp-content\/uploads\/2026\/08\/dovolena-malta-t20.jpg 1500w, https:\/\/loudavymkrokem.cz\/wp-content\/uploads\/2026\/08\/dovolena-malta-t20-300x200.jpg 300w, https:\/\/loudavymkrokem.cz\/wp-content\/uploads\/2026\/08\/dovolena-malta-t20-700x466.jpg 700w, https:\/\/loudavymkrokem.cz\/wp-content\/uploads\/2026\/08\/dovolena-malta-t20-768x511.jpg 768w, https:\/\/loudavymkrokem.cz\/wp-content\/uploads\/2026\/08\/dovolena-malta-t20-696x463.jpg 696w, https:\/\/loudavymkrokem.cz\/wp-content\/uploads\/2026\/08\/dovolena-malta-t20-1392x926.jpg 1392w\" sizes=\"(max-width: 1500px) 100vw, 1500px\" \/><button\n\t\t\tclass=\"lightbox-trigger\"\n\t\t\ttype=\"button\"\n\t\t\taria-haspopup=\"dialog\"\n\t\t\tdata-wp-bind--aria-label=\"state.thisImage.triggerButtonAriaLabel\"\n\t\t\tdata-wp-init=\"callbacks.initTriggerButton\"\n\t\t\tdata-wp-on--click=\"actions.showLightbox\"\n\t\t\tdata-wp-style--right=\"state.thisImage.buttonRight\"\n\t\t\tdata-wp-style--top=\"state.thisImage.buttonTop\"\n\t\t>\n\t\t\t<svg xmlns=\"http:\/\/www.w3.org\/2000\/svg\" width=\"12\" height=\"12\" fill=\"none\" viewBox=\"0 0 12 12\">\n\t\t\t\t<path fill=\"#fff\" d=\"M2 0a2 2 0 0 0-2 2v2h1.5V2a.5.5 0 0 1 .5-.5h2V0H2Zm2 10.5H2a.5.5 0 0 1-.5-.5V8H0v2a2 2 0 0 0 2 2h2v-1.5ZM8 12v-1.5h2a.5.5 0 0 0 .5-.5V8H12v2a2 2 0 0 1-2 2H8Zm2-12a2 2 0 0 1 2 2v2h-1.5V2a.5.5 0 0 0-.5-.5H8V0h2Z\" \/>\n\t\t\t<\/svg>\n\t\t<\/button><figcaption class=\"wp-element-caption\">Dwejra \u0219i Marea Interioar\u0103 pe Gozo (Foto: portengaround \/ Wikimedia Commons, CC BY-SA 2.0)<\/figcaption><\/figure>\n\n\n\n<p class=\"wp-block-paragraph\">Marea Interioar\u0103 este de fapt o mic\u0103 lagun\u0103 pu\u021bin ad\u00e2nc\u0103, legat\u0103 de marea deschis\u0103 printr-un tunel \u00eengust de st\u00e2nc\u0103, prin care se strecoar\u0103 cu pl\u0103cere b\u0103rcu\u021bele de agrement. C\u0103l\u0103torii experimenta\u021bi laud\u0103 aici <strong>condi\u021biile excelente pentru snorkeling<\/strong>, dar avertizeaz\u0103 totodat\u0103 c\u0103 \u021b\u0103rmul st\u00e2ncos \u0219i ascu\u021bit necesit\u0103 pruden\u021b\u0103 \u0219i \u00eenc\u0103l\u021b\u0103minte rezistent\u0103 de ap\u0103.<\/p>\n\n\n\n<h3 id=\"21_Ramla_Bay_cea_mai_frumoasa_plaja_cu_nisip\" class=\"wp-block-heading\"><span class=\"ez-toc-section\" id=\"21_Ramla_Bay_cea_mai_frumoasa_plaja_cu_nisip_a_arhipelagului\"><\/span>21. Ramla Bay: cea mai frumoas\u0103 plaj\u0103 cu nisip a arhipelagului<span class=\"ez-toc-section-end\"><\/span><\/h3>\n\n\n\n<p class=\"wp-block-paragraph\">Dac\u0103 ai c\u0103uta pe Gozo cea mai frumoas\u0103 plaj\u0103 cu nisip, to\u021bi te vor trimite imediat pe coasta de nord, \u00een spa\u021biosul golf Ramla. Nisipul s\u0103u <strong>portocaliu-ro\u0219cat absolut caracteristic contrasteaz\u0103 cu apa curat\u0103<\/strong>, iar sus deasupra golfului se \u00eenal\u021b\u0103 celebra pe\u0219ter\u0103 a lui Calypso, unde, potrivit legendelor, nimfa Calypso l-a re\u021binut pe legendarul Ulise timp de \u0219apte ani lungi.<\/p>\n\n\n\n<figure data-wp-context=\"{&quot;imageId&quot;:&quot;6a9c35faac1af&quot;}\" data-wp-interactive=\"core\/image\" data-wp-key=\"6a9c35faac1af\" class=\"wp-block-image size-full wp-lightbox-container\"><img decoding=\"async\" width=\"1500\" height=\"972\" data-wp-class--hide=\"state.isContentHidden\" data-wp-class--show=\"state.isContentVisible\" data-wp-init=\"callbacks.setButtonStyles\" data-wp-on--click=\"actions.showLightbox\" data-wp-on--load=\"callbacks.setButtonStyles\" data-wp-on--pointerdown=\"actions.preloadImage\" data-wp-on--pointerenter=\"actions.preloadImageWithDelay\" data-wp-on--pointerleave=\"actions.cancelPreload\" data-wp-on-window--resize=\"callbacks.setButtonStyles\" src=\"https:\/\/loudavymkrokem.cz\/wp-content\/uploads\/2026\/08\/dovolena-malta-t21.jpg\" alt=\"Nisipul ro\u0219u al plajei Ramla Bay\" class=\"wp-image-399728\" title=\"\" srcset=\"https:\/\/loudavymkrokem.cz\/wp-content\/uploads\/2026\/08\/dovolena-malta-t21.jpg 1500w, https:\/\/loudavymkrokem.cz\/wp-content\/uploads\/2026\/08\/dovolena-malta-t21-300x194.jpg 300w, https:\/\/loudavymkrokem.cz\/wp-content\/uploads\/2026\/08\/dovolena-malta-t21-700x454.jpg 700w, https:\/\/loudavymkrokem.cz\/wp-content\/uploads\/2026\/08\/dovolena-malta-t21-768x498.jpg 768w, https:\/\/loudavymkrokem.cz\/wp-content\/uploads\/2026\/08\/dovolena-malta-t21-696x451.jpg 696w, https:\/\/loudavymkrokem.cz\/wp-content\/uploads\/2026\/08\/dovolena-malta-t21-1392x902.jpg 1392w\" sizes=\"(max-width: 1500px) 100vw, 1500px\" \/><button\n\t\t\tclass=\"lightbox-trigger\"\n\t\t\ttype=\"button\"\n\t\t\taria-haspopup=\"dialog\"\n\t\t\tdata-wp-bind--aria-label=\"state.thisImage.triggerButtonAriaLabel\"\n\t\t\tdata-wp-init=\"callbacks.initTriggerButton\"\n\t\t\tdata-wp-on--click=\"actions.showLightbox\"\n\t\t\tdata-wp-style--right=\"state.thisImage.buttonRight\"\n\t\t\tdata-wp-style--top=\"state.thisImage.buttonTop\"\n\t\t>\n\t\t\t<svg xmlns=\"http:\/\/www.w3.org\/2000\/svg\" width=\"12\" height=\"12\" fill=\"none\" viewBox=\"0 0 12 12\">\n\t\t\t\t<path fill=\"#fff\" d=\"M2 0a2 2 0 0 0-2 2v2h1.5V2a.5.5 0 0 1 .5-.5h2V0H2Zm2 10.5H2a.5.5 0 0 1-.5-.5V8H0v2a2 2 0 0 0 2 2h2v-1.5ZM8 12v-1.5h2a.5.5 0 0 0 .5-.5V8H12v2a2 2 0 0 1-2 2H8Zm2-12a2 2 0 0 1 2 2v2h-1.5V2a.5.5 0 0 0-.5-.5H8V0h2Z\" \/>\n\t\t\t<\/svg>\n\t\t<\/button><figcaption class=\"wp-element-caption\">Nisipul ro\u0219u al plajei Ramla Bay (Foto: JosephAmodio \/ Wikimedia Commons, CC BY-SA 4.0)<\/figcaption><\/figure>\n\n\n\n<p class=\"wp-block-paragraph\">Ajungi comod direct la nisip cu autobuzele locale, care vin aici regulat din capitala insulei. Dac\u0103 vrei s\u0103 economise\u0219ti bani la transport pe toat\u0103 durata \u0219ederii, cu siguran\u021b\u0103 \u00ee\u021bi va prinde bine s\u0103-\u021bi iei un <strong>abonament turistic s\u0103pt\u0103m\u00e2nal<\/strong>, care cost\u0103 aproximativ 25 de euro, adic\u0103 vreo 125 de lei.<\/p>\n\n\n\n<h3 id=\"22_Ggantija_cele_mai_vechi_constructii_izolate_din_lume\" class=\"wp-block-heading\"><span class=\"ez-toc-section\" id=\"22_Ggantija_cele_mai_vechi_constructii_izolate_din_lume\"><\/span>22. \u0120gantija: cele mai vechi construc\u021bii izolate din lume<span class=\"ez-toc-section-end\"><\/span><\/h3>\n\n\n\n<p class=\"wp-block-paragraph\">Istoricii sunt de acord c\u0103, dac\u0103 te pasioneaz\u0103 antichitatea, acest uimitor complex de temple de pe insula Gozo pur \u0219i simplu te va da pe spate. Aceste construc\u021bii megalitice masive, protejate fire\u0219te de UNESCO, reprezint\u0103 se pare <strong>cele mai vechi construc\u021bii izolate din \u00eentreaga lume<\/strong>, a\u0219a c\u0103 le \u00eentrec cu u\u0219urin\u021b\u0103 chiar \u0219i pe britanicul Stonehenge.<\/p>\n\n\n\n<figure data-wp-context=\"{&quot;imageId&quot;:&quot;6a9c35faac6e0&quot;}\" data-wp-interactive=\"core\/image\" data-wp-key=\"6a9c35faac6e0\" class=\"wp-block-image size-full wp-lightbox-container\"><img decoding=\"async\" width=\"1500\" height=\"1000\" data-wp-class--hide=\"state.isContentHidden\" data-wp-class--show=\"state.isContentVisible\" data-wp-init=\"callbacks.setButtonStyles\" data-wp-on--click=\"actions.showLightbox\" data-wp-on--load=\"callbacks.setButtonStyles\" data-wp-on--pointerdown=\"actions.preloadImage\" data-wp-on--pointerenter=\"actions.preloadImageWithDelay\" data-wp-on--pointerleave=\"actions.cancelPreload\" data-wp-on-window--resize=\"callbacks.setButtonStyles\" src=\"https:\/\/loudavymkrokem.cz\/wp-content\/uploads\/2026\/08\/dovolena-malta-t22.jpg\" alt=\"Templele megalitice \u0120gantija pe Gozo\" class=\"wp-image-399732\" title=\"\" srcset=\"https:\/\/loudavymkrokem.cz\/wp-content\/uploads\/2026\/08\/dovolena-malta-t22.jpg 1500w, https:\/\/loudavymkrokem.cz\/wp-content\/uploads\/2026\/08\/dovolena-malta-t22-300x200.jpg 300w, https:\/\/loudavymkrokem.cz\/wp-content\/uploads\/2026\/08\/dovolena-malta-t22-700x467.jpg 700w, https:\/\/loudavymkrokem.cz\/wp-content\/uploads\/2026\/08\/dovolena-malta-t22-768x512.jpg 768w, https:\/\/loudavymkrokem.cz\/wp-content\/uploads\/2026\/08\/dovolena-malta-t22-696x464.jpg 696w, https:\/\/loudavymkrokem.cz\/wp-content\/uploads\/2026\/08\/dovolena-malta-t22-1392x928.jpg 1392w\" sizes=\"(max-width: 1500px) 100vw, 1500px\" \/><button\n\t\t\tclass=\"lightbox-trigger\"\n\t\t\ttype=\"button\"\n\t\t\taria-haspopup=\"dialog\"\n\t\t\tdata-wp-bind--aria-label=\"state.thisImage.triggerButtonAriaLabel\"\n\t\t\tdata-wp-init=\"callbacks.initTriggerButton\"\n\t\t\tdata-wp-on--click=\"actions.showLightbox\"\n\t\t\tdata-wp-style--right=\"state.thisImage.buttonRight\"\n\t\t\tdata-wp-style--top=\"state.thisImage.buttonTop\"\n\t\t>\n\t\t\t<svg xmlns=\"http:\/\/www.w3.org\/2000\/svg\" width=\"12\" height=\"12\" fill=\"none\" viewBox=\"0 0 12 12\">\n\t\t\t\t<path fill=\"#fff\" d=\"M2 0a2 2 0 0 0-2 2v2h1.5V2a.5.5 0 0 1 .5-.5h2V0H2Zm2 10.5H2a.5.5 0 0 1-.5-.5V8H0v2a2 2 0 0 0 2 2h2v-1.5ZM8 12v-1.5h2a.5.5 0 0 0 .5-.5V8H12v2a2 2 0 0 1-2 2H8Zm2-12a2 2 0 0 1 2 2v2h-1.5V2a.5.5 0 0 0-.5-.5H8V0h2Z\" \/>\n\t\t\t<\/svg>\n\t\t<\/button><figcaption class=\"wp-element-caption\">Templele megalitice \u0120gantija pe Gozo (Foto: Diego Delso \/ Wikimedia Commons, CC BY-SA 4.0)<\/figcaption><\/figure>\n\n\n\n<p class=\"wp-block-paragraph\">Blocurile uria\u0219e de calcar c\u00e2nt\u0103resc c\u00e2teva zeci de tone \u0219i, potrivit legendelor str\u0103vechi, ar fi trebuit aduse aici de ni\u0219te uria\u0219i, pentru c\u0103 locuitorii de atunci nu-\u0219i puteau explica altfel construc\u021bia lor. Vizitarea zonei este foarte bine organizat\u0103 \u0219i \u00eencepe \u00eentr-un centru de vizitatori modern, unde se recomand\u0103 s\u0103 <strong>studiezi cu aten\u021bie artefactele expuse<\/strong>, ca s\u0103 ai contextul.<\/p>\n\n\n\n<h3 id=\"23_Xlendi_si_Marsalforn\" class=\"wp-block-heading\"><span class=\"ez-toc-section\" id=\"23_Xlendi_si_Marsalforn\"><\/span>23. Xlendi \u0219i Marsalforn<span class=\"ez-toc-section-end\"><\/span><\/h3>\n\n\n\n<p class=\"wp-block-paragraph\">Aceste dou\u0103 sta\u021biuni de coast\u0103 foarte lini\u0219tite \u0219i simpatice reprezint\u0103 baza ideal\u0103 pentru o vacan\u021b\u0103 relaxat\u0103 pe insula Gozo. \u00cen timp ce \u00eengustul golf Xlendi te fermec\u0103 cu falezele dramatice \u0219i apusurile de soare minunate, Marsalforn atrage cu o promenad\u0103 frumoas\u0103 \u0219i cu <strong>salinele istorice unice<\/strong>, s\u0103pate direct \u00een st\u00e2ncile de coast\u0103 chiar \u00een spatele ora\u0219ului.<\/p>\n\n\n\n<figure data-wp-context=\"{&quot;imageId&quot;:&quot;6a9c35faacbf2&quot;}\" data-wp-interactive=\"core\/image\" data-wp-key=\"6a9c35faacbf2\" class=\"wp-block-image size-full wp-lightbox-container\"><img decoding=\"async\" width=\"1500\" height=\"1000\" data-wp-class--hide=\"state.isContentHidden\" data-wp-class--show=\"state.isContentVisible\" data-wp-init=\"callbacks.setButtonStyles\" data-wp-on--click=\"actions.showLightbox\" data-wp-on--load=\"callbacks.setButtonStyles\" data-wp-on--pointerdown=\"actions.preloadImage\" data-wp-on--pointerenter=\"actions.preloadImageWithDelay\" data-wp-on--pointerleave=\"actions.cancelPreload\" data-wp-on-window--resize=\"callbacks.setButtonStyles\" src=\"https:\/\/loudavymkrokem.cz\/wp-content\/uploads\/2026\/08\/dovolena-malta-t23.jpg\" alt=\"Golful Xlendi pe insula Gozo\" class=\"wp-image-399733\" title=\"\" srcset=\"https:\/\/loudavymkrokem.cz\/wp-content\/uploads\/2026\/08\/dovolena-malta-t23.jpg 1500w, https:\/\/loudavymkrokem.cz\/wp-content\/uploads\/2026\/08\/dovolena-malta-t23-300x200.jpg 300w, https:\/\/loudavymkrokem.cz\/wp-content\/uploads\/2026\/08\/dovolena-malta-t23-700x467.jpg 700w, https:\/\/loudavymkrokem.cz\/wp-content\/uploads\/2026\/08\/dovolena-malta-t23-768x512.jpg 768w, https:\/\/loudavymkrokem.cz\/wp-content\/uploads\/2026\/08\/dovolena-malta-t23-696x464.jpg 696w, https:\/\/loudavymkrokem.cz\/wp-content\/uploads\/2026\/08\/dovolena-malta-t23-1392x928.jpg 1392w\" sizes=\"(max-width: 1500px) 100vw, 1500px\" \/><button\n\t\t\tclass=\"lightbox-trigger\"\n\t\t\ttype=\"button\"\n\t\t\taria-haspopup=\"dialog\"\n\t\t\tdata-wp-bind--aria-label=\"state.thisImage.triggerButtonAriaLabel\"\n\t\t\tdata-wp-init=\"callbacks.initTriggerButton\"\n\t\t\tdata-wp-on--click=\"actions.showLightbox\"\n\t\t\tdata-wp-style--right=\"state.thisImage.buttonRight\"\n\t\t\tdata-wp-style--top=\"state.thisImage.buttonTop\"\n\t\t>\n\t\t\t<svg xmlns=\"http:\/\/www.w3.org\/2000\/svg\" width=\"12\" height=\"12\" fill=\"none\" viewBox=\"0 0 12 12\">\n\t\t\t\t<path fill=\"#fff\" d=\"M2 0a2 2 0 0 0-2 2v2h1.5V2a.5.5 0 0 1 .5-.5h2V0H2Zm2 10.5H2a.5.5 0 0 1-.5-.5V8H0v2a2 2 0 0 0 2 2h2v-1.5ZM8 12v-1.5h2a.5.5 0 0 0 .5-.5V8H12v2a2 2 0 0 1-2 2H8Zm2-12a2 2 0 0 1 2 2v2h-1.5V2a.5.5 0 0 0-.5-.5H8V0h2Z\" \/>\n\t\t\t<\/svg>\n\t\t<\/button><figcaption class=\"wp-element-caption\">Golful Xlendi pe insula Gozo (Foto: Diego Delso \/ Wikimedia Commons, CC BY-SA 4.0)<\/figcaption><\/figure>\n\n\n\n<p class=\"wp-block-paragraph\">Ambele or\u0103\u0219ele ofer\u0103 o leg\u0103tur\u0103 destul de bun\u0103 cu autobuzele c\u0103tre capitala Victoria, a\u0219a c\u0103 de aici faci u\u0219or excursii pe toat\u0103 insula. Scaldatul se face aici \u00een principal de pe terase st\u00e2ncoase amenajate cu sc\u0103ri, de-a lungul c\u0103rora g\u0103se\u0219ti o mul\u021bime de restaurante care servesc specialit\u0103\u021bi locale \u2014 trebuie doar s\u0103 te ui\u021bi <a href=\"https:\/\/loudavymkrokem.cz\/ro\/bilete-avion-ieftine\/\">cum s\u0103 g\u0103se\u0219ti bilete de avion ieftine<\/a> \u0219i po\u021bi porni la drum.<\/p>\n\n\n\n<h3 id=\"24_Cele_mai_frumoase_plaje_Golden_Bay_Ghajn_Tuffieha_si_Mellieha_Bay\" class=\"wp-block-heading\"><span class=\"ez-toc-section\" id=\"24_Cele_mai_frumoase_plaje_Golden_Bay_Ghajn_Tuffieha_si_Mellieha_Bay\"><\/span>24. Cele mai frumoase plaje: Golden Bay, G\u0127ajn Tuffie\u0127a \u0219i Mellie\u0127a Bay<span class=\"ez-toc-section-end\"><\/span><\/h3>\n\n\n\n<p class=\"wp-block-paragraph\">La final trebuie fire\u0219te s\u0103 rezum\u0103m ce e mai important pentru lene\u0219ii de plaj\u0103, pentru c\u0103 Malta ofer\u0103 trei mari frumuse\u021bi nisipoase. Familiile cu copii apreciaz\u0103 cel mai mult golful pu\u021bin ad\u00e2nc Mellie\u0127a Bay, \u00een timp ce ceva mai departe se afl\u0103 populara Golden Bay \u0219i chiar l\u00e2ng\u0103 ea, mai lini\u0219tita G\u0127ajn Tuffie\u0127a, la care <strong>trebuie s\u0103 cobori pe sc\u0103ri abrupte<\/strong>.<\/p>\n\n\n\n<figure data-wp-context=\"{&quot;imageId&quot;:&quot;6a9c35faad13e&quot;}\" data-wp-interactive=\"core\/image\" data-wp-key=\"6a9c35faad13e\" class=\"wp-block-image size-full wp-lightbox-container\"><img decoding=\"async\" width=\"1500\" height=\"997\" data-wp-class--hide=\"state.isContentHidden\" data-wp-class--show=\"state.isContentVisible\" data-wp-init=\"callbacks.setButtonStyles\" data-wp-on--click=\"actions.showLightbox\" data-wp-on--load=\"callbacks.setButtonStyles\" data-wp-on--pointerdown=\"actions.preloadImage\" data-wp-on--pointerenter=\"actions.preloadImageWithDelay\" data-wp-on--pointerleave=\"actions.cancelPreload\" data-wp-on-window--resize=\"callbacks.setButtonStyles\" src=\"https:\/\/loudavymkrokem.cz\/wp-content\/uploads\/2026\/08\/dovolena-malta-t24.jpg\" alt=\"Plaja Golden Bay \u00een Malta\" class=\"wp-image-399736\" title=\"\" srcset=\"https:\/\/loudavymkrokem.cz\/wp-content\/uploads\/2026\/08\/dovolena-malta-t24.jpg 1500w, https:\/\/loudavymkrokem.cz\/wp-content\/uploads\/2026\/08\/dovolena-malta-t24-300x199.jpg 300w, https:\/\/loudavymkrokem.cz\/wp-content\/uploads\/2026\/08\/dovolena-malta-t24-700x465.jpg 700w, https:\/\/loudavymkrokem.cz\/wp-content\/uploads\/2026\/08\/dovolena-malta-t24-768x510.jpg 768w, https:\/\/loudavymkrokem.cz\/wp-content\/uploads\/2026\/08\/dovolena-malta-t24-696x463.jpg 696w, https:\/\/loudavymkrokem.cz\/wp-content\/uploads\/2026\/08\/dovolena-malta-t24-1392x925.jpg 1392w\" sizes=\"(max-width: 1500px) 100vw, 1500px\" \/><button\n\t\t\tclass=\"lightbox-trigger\"\n\t\t\ttype=\"button\"\n\t\t\taria-haspopup=\"dialog\"\n\t\t\tdata-wp-bind--aria-label=\"state.thisImage.triggerButtonAriaLabel\"\n\t\t\tdata-wp-init=\"callbacks.initTriggerButton\"\n\t\t\tdata-wp-on--click=\"actions.showLightbox\"\n\t\t\tdata-wp-style--right=\"state.thisImage.buttonRight\"\n\t\t\tdata-wp-style--top=\"state.thisImage.buttonTop\"\n\t\t>\n\t\t\t<svg xmlns=\"http:\/\/www.w3.org\/2000\/svg\" width=\"12\" height=\"12\" fill=\"none\" viewBox=\"0 0 12 12\">\n\t\t\t\t<path fill=\"#fff\" d=\"M2 0a2 2 0 0 0-2 2v2h1.5V2a.5.5 0 0 1 .5-.5h2V0H2Zm2 10.5H2a.5.5 0 0 1-.5-.5V8H0v2a2 2 0 0 0 2 2h2v-1.5ZM8 12v-1.5h2a.5.5 0 0 0 .5-.5V8H12v2a2 2 0 0 1-2 2H8Zm2-12a2 2 0 0 1 2 2v2h-1.5V2a.5.5 0 0 0-.5-.5H8V0h2Z\" \/>\n\t\t\t<\/svg>\n\t\t<\/button><figcaption class=\"wp-element-caption\">Plaja Golden Bay \u00een Malta (Foto: Searching For Bliss \/ Wikimedia Commons, CC BY 4.0)<\/figcaption><\/figure>\n\n\n\n<p class=\"wp-block-paragraph\">Tocmai datorit\u0103 sc\u0103rilor, golful G\u0127ajn Tuffie\u0127a este ceva mai pu\u021bin aglomerat, dar vreau totu\u0219i s\u0103-\u021bi amintesc din nou un mare specific maltez. Majoritatea scaldatului obi\u0219nuit pe tot arhipelagul se face de pe st\u00e2nci \u0219i platforme de beton, a\u0219a c\u0103, dac\u0103 iube\u0219ti de-a dreptul plajele lungi cu nisip, <strong>planific\u0103-\u021bi cazarea logic tocmai \u00een apropierea celor trei golfuri men\u021bionate<\/strong>.<\/p>\n\n\n\n<h2 id=\"Unde_sa_te_cazezi_in_Malta_cele_mai_bune_zone_si_hoteluri\" class=\"wp-block-heading\"><span class=\"ez-toc-section\" id=\"Unde_sa_te_cazezi_in_Malta_cele_mai_bune_zone_si_hoteluri_concrete\"><\/span>Unde s\u0103 te cazezi \u00een Malta: cele mai bune zone \u0219i hoteluri concrete<span class=\"ez-toc-section-end\"><\/span><\/h2>\n\n\n\n<p class=\"wp-block-paragraph\">Malta este ca suprafa\u021b\u0103 destul de micu\u021b\u0103, dar la alegerea caz\u0103rii nu prea conteaz\u0103 asta, pentru c\u0103 te po\u021bi caza lini\u0219tit \u00eentr-un singur loc \u0219i de acolo s\u0103 vizitezi comod toat\u0103 insula. <strong>Mult mai important\u0103 este atmosfera loca\u021biei respective<\/strong>, deoarece fiecare or\u0103\u0219el ofer\u0103 o experien\u021b\u0103 cu totul diferit\u0103 \u0219i alte posibilit\u0103\u021bi de distrac\u021bie de sear\u0103.<\/p>\n\n\n\n<p class=\"wp-block-paragraph\">\u00cen timp ce \u00een unele locuri g\u0103se\u0219ti str\u0103du\u021be istorice lini\u0219tite, parc\u0103 f\u0103cute pentru plimb\u0103ri romantice, \u00een altele te a\u0219teapt\u0103 o via\u021b\u0103 de noapte animat\u0103, plin\u0103 de baruri \u0219i muzic\u0103 foarte tare. <strong>\u00ce\u021bi recomand s\u0103 te g\u00e2nde\u0219ti din timp ce tip de vacan\u021b\u0103 cau\u021bi de fapt<\/strong> \u0219i, \u00een func\u021bie de asta, s\u0103-\u021bi alegi c\u0103minul temporar pentru zilele libere.<\/p>\n\n\n\n<p class=\"wp-block-paragraph\">\ud83d\udca1 <strong>Sfat:<\/strong> \u00cenainte de a \u00eencepe s\u0103 alegi un hotel anume, parcurge <a href=\"https:\/\/www.stay22.com\/allez\/roam?aid=lukaskonecny&amp;campaign=loudavymkrokemcz&amp;campaign=dovolena-malta&amp;address=Malta\" target=\"_blank\" rel=\"nofollow noopener sponsored\">oferta actual\u0103 de cazare din Malta<\/a> \u0219i seteaz\u0103-\u021bi filtrul pe anulare gratuit\u0103. \u00cen sezonul de v\u00e2rf, cele mai bine cotate hoteluri se epuizeaz\u0103 chiar \u0219i cu c\u00e2teva luni \u00eenainte.<\/p>\n\n\n\n<h3 id=\"Ce_zona_sa_alegi\" class=\"wp-block-heading\"><span class=\"ez-toc-section\" id=\"Ce_zona_sa_alegi\"><\/span>Ce zon\u0103 s\u0103 alegi<span class=\"ez-toc-section-end\"><\/span><\/h3>\n\n\n\n<ul class=\"wp-block-list\">\n<li><strong>Sliema:<\/strong> Ofer\u0103 o promenad\u0103 superb\u0103 m\u0103rginit\u0103 de magazine, <strong>scaldat direct de pe platformele st\u00e2ncoase<\/strong>, iar un avantaj uria\u0219 este \u0219i feribotul, cu care ajungi \u00een Valletta \u00een pl\u0103cut de scurte zece minute.<\/li>\n\n\n\n<li><strong>St Julian&#8217;s \u0219i Paceville:<\/strong> Dac\u0103 e\u0219ti \u00een c\u0103utarea unei vie\u021bi de noapte palpitante \u0219i a multor restaurante, aici vei fi \u00eenc\u00e2ntat, dar <strong>preg\u0103te\u0219te-te pentru un mediu chiar zgomotos<\/strong>, care atrage mai ales c\u0103l\u0103torii tineri.<\/li>\n\n\n\n<li><strong>Valletta:<\/strong> Te \u00eenv\u0103luie cu istoria sa bogat\u0103 \u0219i atmosfera unic\u0103 din hoteluri boutique superbe, seara or\u0103\u0219elul se lini\u0219te\u0219te pl\u0103cut, doar <strong>\u021bine cont de lipsa uria\u0219\u0103 de locuri de parcare<\/strong>.<\/li>\n\n\n\n<li><strong>Mellie\u0127a \u0219i nordul:<\/strong> O zon\u0103 mai lini\u0219tit\u0103, ideal\u0103 pentru familii cu copii, de unde ai <strong>cel mai aproape de plajele mari cu nisip<\/strong> \u0219i de portul cu feriboturi spre insula Gozo.<\/li>\n\n\n\n<li><strong>Gozo:<\/strong> Aici timpul curge \u00eentr-un ritm cu totul diferit, iar insula este renumit\u0103 pentru casele sale rurale numite farmhouses, cu piscin\u0103 privat\u0103, ceea ce o face o <strong>destina\u021bie ideal\u0103 pentru a doua jum\u0103tate a sejurului t\u0103u<\/strong>.<\/li>\n<\/ul>\n\n\n\n<h3 id=\"Recomandari_concrete_de_cazare\" class=\"wp-block-heading\"><span class=\"ez-toc-section\" id=\"Recomandari_concrete_de_cazare\"><\/span>Recomand\u0103ri concrete de cazare<span class=\"ez-toc-section-end\"><\/span><\/h3>\n\n\n\n<ul class=\"wp-block-list\">\n<li><strong><a href=\"https:\/\/www.stay22.com\/allez\/roam?aid=lukaskonecny&amp;campaign=loudavymkrokemcz&amp;campaign=dovolena-malta&amp;hotelname=The%20Embassy%20Valletta%20Hotel&amp;address=Valletta%2C%20Malta\" target=\"_blank\" rel=\"noopener nofollow sponsored\">The Embassy Valletta Hotel<\/a>:<\/strong> Acest hotel superb se afl\u0103 chiar \u00een centrul istoric, iar cea mai mare atrac\u021bie a sa este <strong>acoperi\u0219ul cu piscin\u0103 \u0219i o priveli\u0219te de vis<\/strong> asupra \u00eentregii zone.<\/li>\n\n\n\n<li><strong><a href=\"https:\/\/www.stay22.com\/allez\/roam?aid=lukaskonecny&amp;campaign=loudavymkrokemcz&amp;campaign=dovolena-malta&amp;hotelname=Hotel%20Juliani&amp;address=St%20Julian%27s%2C%20Malta\" target=\"_blank\" rel=\"noopener nofollow sponsored\">Hotel Juliani<\/a>:<\/strong> Un hotel boutique frumos, situat chiar pe malul golfului Spinola Bay, care, conform recenziilor, <strong>ofer\u0103 servicii excelente \u0219i o atmosfer\u0103 fermec\u0103toare<\/strong>.<\/li>\n\n\n\n<li><strong><a href=\"https:\/\/www.stay22.com\/allez\/roam?aid=lukaskonecny&amp;campaign=loudavymkrokemcz&amp;campaign=dovolena-malta&amp;hotelname=Corinthia%20St%20George%27s%20Bay&amp;address=St%20Julian%27s%2C%20Malta\" target=\"_blank\" rel=\"noopener nofollow sponsored\">Corinthia St George&#8217;s Bay<\/a>:<\/strong> Un resort de lux de cinci stele amplasat chiar l\u00e2ng\u0103 golf, unde te <strong>po\u021bi bucura de confort maxim<\/strong> \u0219i de un serviciu de top pentru preten\u021bio\u0219i.<\/li>\n\n\n\n<li><strong><a href=\"https:\/\/www.stay22.com\/allez\/roam?aid=lukaskonecny&amp;campaign=loudavymkrokemcz&amp;campaign=dovolena-malta&amp;hotelname=Hyatt%20Centric%20Malta&amp;address=St%20Julian%27s%2C%20Malta\" target=\"_blank\" rel=\"noopener nofollow sponsored\">Hyatt Centric Malta<\/a>:<\/strong> Un hotel amenajat modern, situat \u00een zona mai animat\u0103 St Julian&#8217;s, care <strong>atrage c\u0103l\u0103torii cu piscina stilat\u0103<\/strong> de pe acoperi\u0219ul s\u0103u.<\/li>\n\n\n\n<li><strong><a href=\"https:\/\/www.stay22.com\/allez\/roam?aid=lukaskonecny&amp;campaign=loudavymkrokemcz&amp;campaign=dovolena-malta&amp;hotelname=db%20Seabank%20Resort%20%2B%20Spa&amp;address=Mellieha%2C%20Malta\" target=\"_blank\" rel=\"noopener nofollow sponsored\">db Seabank Resort + Spa<\/a>:<\/strong> Un complex \u00eendr\u0103git care ofer\u0103 mas\u0103 all inclusive \u0219i care <strong>se afl\u0103 doar la o mic\u0103 distan\u021b\u0103 de cea mai bun\u0103 plaj\u0103 cu nisip<\/strong> din popularea loca\u021bie Mellie\u0127a.<\/li>\n\n\n\n<li><strong><a href=\"https:\/\/www.stay22.com\/allez\/roam?aid=lukaskonecny&amp;campaign=loudavymkrokemcz&amp;campaign=dovolena-malta&amp;hotelname=Kempinski%20Hotel%20San%20Lawrenz&amp;address=San%20Lawrenz%2C%20Gozo%2C%20Malta\" target=\"_blank\" rel=\"noopener nofollow sponsored\">Kempinski Hotel San Lawrenz<\/a>:<\/strong> Un resort lini\u0219tit \u0219i \u00eentins, a\u0219ezat \u00een interiorul insulei Gozo, unde <strong>g\u0103se\u0219ti o adev\u0103rat\u0103 oaz\u0103 de lini\u0219te<\/strong> pentru o odihn\u0103 perfect\u0103.<\/li>\n<\/ul>\n\n\n\n<h2 id=\"Ce_sa_mananci_in_Malta_ghid_pentru_vegetarieni_si_nu_numai\" class=\"wp-block-heading\"><span class=\"ez-toc-section\" id=\"Ce_sa_mananci_in_Malta_ghid_pentru_vegetarieni_si_nu_numai\"><\/span>Ce s\u0103 m\u0103n\u00e2nci \u00een Malta: ghid pentru vegetarieni \u0219i nu numai<span class=\"ez-toc-section-end\"><\/span><\/h2>\n\n\n\n<p class=\"wp-block-paragraph\">Buc\u0103t\u0103ria maltez\u0103 este incredibil de variat\u0103 \u0219i reflect\u0103 perfect pozi\u021bia insulei la r\u0103scrucea dintre Europa \u0219i Africa de Nord. <strong>Se amestec\u0103 \u00een ea influen\u021be italiene puternice cu tradi\u021bii arabe<\/strong>, a\u0219a c\u0103 \u00ee\u0219i g\u0103sesc pl\u0103cerea at\u00e2t iubitorii de paste \u0219i br\u00e2nzeturi, c\u00e2t \u0219i fanii preparatelor consistente din legume \u0219i leguminoase.<\/p>\n\n\n\n<figure data-wp-context=\"{&quot;imageId&quot;:&quot;6a9c35faadd1c&quot;}\" data-wp-interactive=\"core\/image\" data-wp-key=\"6a9c35faadd1c\" class=\"wp-block-image size-full wp-lightbox-container\"><img decoding=\"async\" width=\"1500\" height=\"1000\" data-wp-class--hide=\"state.isContentHidden\" data-wp-class--show=\"state.isContentVisible\" data-wp-init=\"callbacks.setButtonStyles\" data-wp-on--click=\"actions.showLightbox\" data-wp-on--load=\"callbacks.setButtonStyles\" data-wp-on--pointerdown=\"actions.preloadImage\" data-wp-on--pointerenter=\"actions.preloadImageWithDelay\" data-wp-on--pointerleave=\"actions.cancelPreload\" data-wp-on-window--resize=\"callbacks.setButtonStyles\" src=\"https:\/\/loudavymkrokem.cz\/wp-content\/uploads\/2026\/08\/dovolena-malta-food.jpg\" alt=\"Pastizzi malteze\" class=\"wp-image-399739\" title=\"\" srcset=\"https:\/\/loudavymkrokem.cz\/wp-content\/uploads\/2026\/08\/dovolena-malta-food.jpg 1500w, https:\/\/loudavymkrokem.cz\/wp-content\/uploads\/2026\/08\/dovolena-malta-food-300x200.jpg 300w, https:\/\/loudavymkrokem.cz\/wp-content\/uploads\/2026\/08\/dovolena-malta-food-700x467.jpg 700w, https:\/\/loudavymkrokem.cz\/wp-content\/uploads\/2026\/08\/dovolena-malta-food-768x512.jpg 768w, https:\/\/loudavymkrokem.cz\/wp-content\/uploads\/2026\/08\/dovolena-malta-food-696x464.jpg 696w, https:\/\/loudavymkrokem.cz\/wp-content\/uploads\/2026\/08\/dovolena-malta-food-1392x928.jpg 1392w\" sizes=\"(max-width: 1500px) 100vw, 1500px\" \/><button\n\t\t\tclass=\"lightbox-trigger\"\n\t\t\ttype=\"button\"\n\t\t\taria-haspopup=\"dialog\"\n\t\t\tdata-wp-bind--aria-label=\"state.thisImage.triggerButtonAriaLabel\"\n\t\t\tdata-wp-init=\"callbacks.initTriggerButton\"\n\t\t\tdata-wp-on--click=\"actions.showLightbox\"\n\t\t\tdata-wp-style--right=\"state.thisImage.buttonRight\"\n\t\t\tdata-wp-style--top=\"state.thisImage.buttonTop\"\n\t\t>\n\t\t\t<svg xmlns=\"http:\/\/www.w3.org\/2000\/svg\" width=\"12\" height=\"12\" fill=\"none\" viewBox=\"0 0 12 12\">\n\t\t\t\t<path fill=\"#fff\" d=\"M2 0a2 2 0 0 0-2 2v2h1.5V2a.5.5 0 0 1 .5-.5h2V0H2Zm2 10.5H2a.5.5 0 0 1-.5-.5V8H0v2a2 2 0 0 0 2 2h2v-1.5ZM8 12v-1.5h2a.5.5 0 0 0 .5-.5V8H12v2a2 2 0 0 1-2 2H8Zm2-12a2 2 0 0 1 2 2v2h-1.5V2a.5.5 0 0 0-.5-.5H8V0h2Z\" \/>\n\t\t\t<\/svg>\n\t\t<\/button><figcaption class=\"wp-element-caption\">Pastizzi malteze (Foto: Renata Apan \/ Wikimedia Commons, CC BY-SA 4.0)<\/figcaption><\/figure>\n\n\n\n<p class=\"wp-block-paragraph\">Eu \u0219i Luk\u00e1\u0161 c\u0103ut\u0103m mereu \u00een c\u0103l\u0103torii bun\u0103t\u0103\u021bi locale f\u0103r\u0103 carne, iar c\u0103l\u0103torii laud\u0103 faptul c\u0103 aceast\u0103 insul\u0103 ofer\u0103 \u00een aceast\u0103 privin\u021b\u0103 o mul\u021bime de op\u021biuni grozave. <strong>Hai s\u0103 vedem cele mai tipice preparate<\/strong>, pe care, conform recomand\u0103rilor localnicilor, ar trebui s\u0103 le gu\u0219ti neap\u0103rat \u00een timpul vizitei tale.<\/p>\n\n\n\n<ul class=\"wp-block-list\">\n<li><strong>Pastizzi:<\/strong> Tradi\u021bionalele pl\u0103cinte din foietaj cu umplutur\u0103 bogat\u0103 de ricotta sau maz\u0103re func\u021bioneaz\u0103 ca o gustare na\u021bional\u0103 \u0219i <strong>pentru vegetarieni sunt o alegere absolut ideal\u0103<\/strong>.<\/li>\n\n\n\n<li><strong>Ftira:<\/strong> Aceast\u0103 p\u00e2ine rotund\u0103 cu maia, care din 2020 este chiar pe lista patrimoniului imaterial UNESCO, se <strong>umple cel mai des cu legume proaspete, m\u0103sline, capere \u0219i ro\u0219ii<\/strong>.<\/li>\n\n\n\n<li><strong>Bigilla:<\/strong> O past\u0103 dens\u0103 \u0219i cu un gust foarte pronun\u021bat, din bob, care \u00eel bucur\u0103 pe oricine este \u00een c\u0103utarea unei <strong>bun\u0103t\u0103\u021bi autentice \u0219i natural vegetariene<\/strong>.<\/li>\n\n\n\n<li><strong>\u0120bejniet:<\/strong> Br\u00e2nza local\u0103 de oaie se num\u0103r\u0103 printre elementele de baz\u0103 ale buc\u0103t\u0103riei malteze \u0219i o <strong>po\u021bi gusta fie proasp\u0103t\u0103, fie uscat\u0103<\/strong>, cu o doz\u0103 bun\u0103 de piper iute.<\/li>\n\n\n\n<li><strong>Kapunata:<\/strong> O variant\u0103 local\u0103 a celebrului ratatouille fran\u021buzesc, care <strong>combin\u0103 vinete, ro\u0219ii, ardei \u0219i capere<\/strong> \u00eentr-un preparat de var\u0103 perfect.<\/li>\n\n\n\n<li><strong>Ross il-forn:<\/strong> Tradi\u021bionalul orez gratinat se num\u0103r\u0103 printre preparatele la cuptor \u00eendr\u0103gite \u0219i \u00een multe localuri <strong>dai adesea \u0219i peste varianta lui vegetarian\u0103 f\u0103r\u0103 carne<\/strong>.<\/li>\n\n\n\n<li><strong>Kinnie:<\/strong> O b\u0103utur\u0103 r\u0103coritoare f\u0103r\u0103 alcool, dulce-am\u0103ruie, din portocale amare din soiul chinotto \u0219i ierburi, care <strong>se prepar\u0103 doar \u00een Malta<\/strong> \u0219i r\u0103core\u0219te excelent \u00een zilele toride de var\u0103.<\/li>\n\n\n\n<li><strong>Specialit\u0103\u021bi locale cu carne \u0219i pe\u0219te:<\/strong> Insula este istoric renumit\u0103 pentru preparate precum iepurele \u00een\u0103bu\u0219it numit fenek \u0219i pe\u0219tele lampuki, m\u00e2nc\u0103ruri care <strong>formeaz\u0103, conform multor ghiduri, baza alimenta\u021biei cu carne<\/strong> \u0219i cu care localnicii se m\u00e2ndresc mult.<\/li>\n<\/ul>\n\n\n\n<p class=\"wp-block-paragraph\">\ud83d\udca1 SFAT: \u00cen fiecare sat mai mare g\u0103se\u0219ti o a\u0219a-numit\u0103 pastizzerie, unde <strong>pastizzi proaspete cost\u0103 doar c\u00e2\u021biva b\u0103nu\u021bi<\/strong> \u0219i te satur\u0103 excelent. \u00cen ora\u0219ele mai mari precum Valletta sau Sliema este azi \u00een plus complet obi\u0219nuit\u0103 o ofert\u0103 vegetarian\u0103 \u0219i vegan\u0103 larg\u0103 \u00een bistrourile moderne \u263a\ufe0f.<\/p>\n\n\n\n<h2 id=\"Transportul_in_Malta_autobuze_feribot_si_masina\" class=\"wp-block-heading\"><span class=\"ez-toc-section\" id=\"Transportul_in_Malta_autobuze_feribot_si_masina\"><\/span>Transportul \u00een Malta: autobuze, feribot \u0219i ma\u0219in\u0103<span class=\"ez-toc-section-end\"><\/span><\/h2>\n\n\n\n<p class=\"wp-block-paragraph\">Deplasarea prin insul\u0103 poate fi ea \u00eens\u0103\u0219i o mic\u0103 aventur\u0103 \u0219i necesit\u0103 uneori o doz\u0103 de r\u0103bdare. <strong>Ai la dispozi\u021bie mai multe posibilit\u0103\u021bi, fiecare cu avantajele \u0219i dezavantajele ei<\/strong>, fie c\u0103 te hot\u0103r\u0103\u0219ti s\u0103 te bazezi pe transportul \u00een comun, fie c\u0103 preferi s\u0103 iei volanul \u00een propriile m\u00e2ini.<\/p>\n\n\n\n<h3 id=\"Autobuzele_Tallinja\" class=\"wp-block-heading\"><span class=\"ez-toc-section\" id=\"Autobuzele_Tallinja\"><\/span>Autobuzele Tallinja<span class=\"ez-toc-section-end\"><\/span><\/h3>\n\n\n\n<p class=\"wp-block-paragraph\">Transportul public este asigurat de autobuzele verzi \u0219i vizibile ale companiei Tallinja, care <strong>acoper\u0103 foarte bine \u0219i sigur practic toat\u0103 insula<\/strong>. Biletul de baz\u0103 este valabil dou\u0103 ore \u0219i po\u021bi face transbord\u0103ri dup\u0103 bunul plac, pre\u021bul situ\u00e2ndu-se de obicei \u00een jur de doi euro pentru o c\u0103l\u0103torie.<\/p>\n\n\n\n<p class=\"wp-block-paragraph\">Pentru \u0219ederi mai lungi merit\u0103 mult, se spune, abonamentul turistic s\u0103pt\u0103m\u00e2nal, care cost\u0103 aproximativ 25 de euro \u0219i \u00ee\u021bi scute\u0219te grija de a tot cump\u0103ra bilete. Trebuie \u00eens\u0103 s\u0103 te avertizez sincer c\u0103 <strong>\u00een lunile de var\u0103 cursele pe rutele populare sunt semnificativ mai lente<\/strong> dec\u00e2t promite orarul oficial.<\/p>\n\n\n\n<h3 id=\"Feribotul_spre_Gozo_si_Comino\" class=\"wp-block-heading\"><span class=\"ez-toc-section\" id=\"Feribotul_spre_Gozo_si_Comino\"><\/span>Feribotul spre Gozo \u0219i Comino<span class=\"ez-toc-section-end\"><\/span><\/h3>\n\n\n\n<p class=\"wp-block-paragraph\">Dac\u0103 vrei s\u0103 explorezi insula vecin\u0103 Gozo, po\u021bi folosi feribotul clasic din portul \u010airkewwa, a c\u0103rui traversare dureaz\u0103 sub o jum\u0103tate de or\u0103. Din Valletta pleac\u0103 apoi un catamaran rapid, cu care ajungi la destina\u021bie \u00een cam 45 de minute, iar o curiozitate este c\u0103 <strong>drumul dus nu se pl\u0103te\u0219te \u0219i cumperi biletul abia la \u00eentoarcere<\/strong>.<\/p>\n\n\n\n<p class=\"wp-block-paragraph\">Pe cea mai mic\u0103 insul\u0103, Comino, \u0219i la celebra ei Lagun\u0103 Albastr\u0103 ajungi apoi <strong>exclusiv cu vaporul din porturile din jur<\/strong>. Ma\u0219inile nu au deloc voie pe aceast\u0103 mic\u0103 bucat\u0103 de uscat, a\u0219a c\u0103 acolo domne\u0219te o lini\u0219te pl\u0103cut\u0103, tulburat\u0103 doar de mul\u021bimile de excursioni\u0219ti entuzia\u0219ti.<\/p>\n\n\n\n<h3 id=\"Sa_inchiriezi_o_masina_sau_nu\" class=\"wp-block-heading\"><span class=\"ez-toc-section\" id=\"Sa_inchiriezi_o_masina_sau_nu\"><\/span>S\u0103 \u00eenchiriezi o ma\u0219in\u0103 sau nu?<span class=\"ez-toc-section-end\"><\/span><\/h3>\n\n\n\n<p class=\"wp-block-paragraph\">G\u00e2nde\u0219te-te bine dac\u0103 s\u0103 \u00eenchiriezi o ma\u0219in\u0103, pentru c\u0103 <strong>aici se conduce pe st\u00e2nga, dup\u0103 modelul Marii Britanii<\/strong>, \u0219oselele sunt foarte \u00eenguste, iar \u0219oferii locali conduc destul de temperamental. O problem\u0103 uria\u0219\u0103 este \u0219i parcarea, care \u00een ora\u0219e precum Valletta \u0219i Sliema este practic imposibil\u0103 \u0219i cost\u0103 mul\u021bi nervi.<\/p>\n\n\n\n<p class=\"wp-block-paragraph\">Dac\u0103 \u021bi-e team\u0103 s\u0103 conduci pe partea opus\u0103, <strong>se recomand\u0103 s\u0103 folose\u0219ti aplica\u021biile Bolt \u0219i eCabs<\/strong>, care func\u021bioneaz\u0103 excelent pe insul\u0103. Nu lua \u00een niciun caz taxiul a\u0219a, de pe strad\u0103, pentru c\u0103 pre\u021burile din aplica\u021biile mobile sunt mult mai prietenoase \u0219i, mai ales, le \u0219tii mereu dinainte.<\/p>\n\n\n\n<h2 id=\"Cat_costa_o_vacanta_in_Malta\" class=\"wp-block-heading\"><span class=\"ez-toc-section\" id=\"Cat_costa_o_vacanta_in_Malta\"><\/span>C\u00e2t cost\u0103 o vacan\u021b\u0103 \u00een Malta<span class=\"ez-toc-section-end\"><\/span><\/h2>\n\n\n\n<p class=\"wp-block-paragraph\">Malta este membru cu drepturi depline al Uniunii Europene \u0219i se pl\u0103te\u0219te aici \u00een euro, a\u0219a c\u0103 nu trebuie s\u0103-\u021bi schimbi vreo moned\u0103 exotic\u0103. <strong>\u00cen general, aceast\u0103 insul\u0103 este ceva mai ieftin\u0103 dec\u00e2t vecina Italie<\/strong>, dar pe de alt\u0103 parte pl\u0103te\u0219ti aici mai mult dec\u00e2t, de exemplu, \u00een Bulgaria sau Albania.<\/p>\n\n\n\n<p class=\"wp-block-paragraph\">Urm\u0103torul buget pentru dou\u0103 persoane pe o s\u0103pt\u0103m\u00e2n\u0103 este doar o estimare orientativ\u0103, pentru c\u0103 <strong>suma final\u0103 variaz\u0103 mult \u00een func\u021bie de sezonul \u00een care pleci<\/strong>.<\/p>\n\n\n\n<ul class=\"wp-block-list\">\n<li><strong>Bilete de avion:<\/strong> Biletele dus-\u00eentors de la Bucure\u0219ti te cost\u0103 de obicei \u00eentre 100 \u0219i 200 de euro de persoan\u0103, adic\u0103 <strong>aproximativ 500 p\u00e2n\u0103 la 1000 de lei<\/strong>.<\/li>\n\n\n\n<li><strong>Cazare:<\/strong> Pentru o camer\u0103 dubl\u0103 medie \u00eentr-un hotel pl\u0103cut pl\u0103te\u0219ti \u00een jur de 500 p\u00e2n\u0103 la 900 de euro pe s\u0103pt\u0103m\u00e2n\u0103, adic\u0103 <strong>cam 2500 p\u00e2n\u0103 la 4500 de lei<\/strong> pentru doi.<\/li>\n\n\n\n<li><strong>M\u00e2ncare:<\/strong> Dac\u0103 combini m\u00e2ncarea de la brut\u0103rii cu cinele la restaurant, socote\u0219te o sum\u0103 de 300 p\u00e2n\u0103 la 450 de euro pe s\u0103pt\u0103m\u00e2n\u0103, ceea ce \u00eenseamn\u0103 <strong>\u00een jur de 1500 p\u00e2n\u0103 la 2250 de lei<\/strong>.<\/li>\n\n\n\n<li><strong>Transport:<\/strong> Abonamentele s\u0103pt\u0103m\u00e2nale la autobuze \u0219i c\u0103l\u0103toriile ocazionale cu feribotul sau Bolt \u00eenghit aproximativ 70 p\u00e2n\u0103 la 100 de euro pentru doi, adic\u0103 <strong>vreo 350 p\u00e2n\u0103 la 500 de lei<\/strong>.<\/li>\n\n\n\n<li><strong>Intr\u0103ri \u0219i excursii:<\/strong> Vizitarea templelor istorice \u0219i croazierele cu barca ies, estimativ, la 80 p\u00e2n\u0103 la 150 de euro pentru un cuplu, adic\u0103 <strong>cam 400 p\u00e2n\u0103 la 750 de lei<\/strong>.<\/li>\n<\/ul>\n\n\n\n<p class=\"wp-block-paragraph\">\ud83d\udca1 SFAT: Dac\u0103 vrei s\u0103 economise\u0219ti \u00een timpul c\u0103l\u0103toriei, <strong>fii cu ochii pe promo\u021biile companiilor aeriene<\/strong>. Arunc\u0103 o privire pe articolul nostru <a href=\"https:\/\/loudavymkrokem.cz\/ro\/bilete-avion-ieftine\/\">cum s\u0103 g\u0103se\u0219ti bilete de avion ieftine<\/a>, unde vei g\u0103si o mul\u021bime de sfaturi utile pentru c\u0103utarea curselor avantajoase.<\/p>\n\n\n\n<h2 id=\"La_ce_sa_fii_atent_in_Malta\" class=\"wp-block-heading\"><span class=\"ez-toc-section\" id=\"La_ce_sa_fii_atent_in_Malta\"><\/span>La ce s\u0103 fii atent \u00een Malta<span class=\"ez-toc-section-end\"><\/span><\/h2>\n\n\n\n<p class=\"wp-block-paragraph\">De\u0219i toat\u0103 \u021bara este foarte sigur\u0103 \u0219i turi\u0219tilor nu le pa\u0219te niciun pericol mare, <strong>se g\u0103sesc c\u00e2teva specificuri locale care te pot lua u\u0219or prin surprindere<\/strong>. Hai s\u0103 rezum\u0103m cele mai importante lucruri pentru care merit\u0103 s\u0103 te preg\u0103te\u0219ti mental \u00eenainte de c\u0103l\u0103torie, ca s\u0103 nu-\u021bi strici dispozi\u021bia la fa\u021ba locului.<\/p>\n\n\n\n<ul class=\"wp-block-list\">\n<li><strong>Circula\u021bia pe st\u00e2nga \u0219i \u0219oselele \u00eenguste:<\/strong> Pentru un european, condusul pe partea opus\u0103 poate fi destul de stresant, iar <strong>multe str\u0103du\u021be rurale sunt cu adev\u0103rat doar pentru o singur\u0103 ma\u0219in\u0103<\/strong>.<\/li>\n\n\n\n<li><strong>Prizele britanice:<\/strong> Insula folose\u0219te \u00een continuare prizele britanice cu trei picioare, de tip G, a\u0219a c\u0103 <strong>f\u0103r\u0103 adaptorul de c\u0103l\u0103torie potrivit nu-\u021bi \u00eencarci, din p\u0103cate, telefonul<\/strong>.<\/li>\n\n\n\n<li><strong>Meduze la sf\u00e2r\u0219itul verii:<\/strong> C\u00e2nd apa se \u00eenc\u0103lze\u0219te puternic la finalul verii, apar meduze la coast\u0103, de aceea <strong>e bine s\u0103 urm\u0103re\u0219ti site-urile locale cu raport\u0103rile actuale<\/strong>.<\/li>\n\n\n\n<li><strong>Pu\u021bine plaje cu nisip \u0219i scaldat de pe st\u00e2nci:<\/strong> Malta nu este o destina\u021bie de plaj\u0103 tipic\u0103, \u00een ap\u0103 se intr\u0103 adesea pe sc\u0103ri de pe platforme de beton, iar <strong>cu siguran\u021b\u0103 \u00ee\u021bi vor prinde bine papucii de ap\u0103<\/strong>.<\/li>\n\n\n\n<li><strong>Laguna Albastr\u0103 aglomerat\u0103:<\/strong> \u00cen sezonul principal de var\u0103, acest loc fermec\u0103tor plesne\u0219te din toate \u00eencheieturile, a\u0219a c\u0103 <strong>dac\u0103 t\u00e2nje\u0219ti dup\u0103 lini\u0219te, trebuie s\u0103 porne\u0219ti aici dis-de-diminea\u021b\u0103<\/strong>.<\/li>\n\n\n\n<li><strong>Zgomotul din Paceville:<\/strong> Aceast\u0103 zon\u0103 este un centru cunoscut al vie\u021bii de noapte, iar barurile c\u00e2nt\u0103 tare p\u00e2n\u0103 spre diminea\u021b\u0103, a\u0219a c\u0103 <strong>pentru un somn lini\u0219tit mai bine alege cazarea \u00een alt\u0103 parte<\/strong>.<\/li>\n\n\n\n<li><strong>V\u00e2nt puternic \u0219i excursii cu vaporul anulate:<\/strong> Vremea insular\u0103 este imprevizibil\u0103 \u0219i, c\u00e2nd sunt valuri mari, <strong>se \u00eent\u00e2mpl\u0103 frecvent ca feriboturile sau b\u0103rcu\u021bele de agrement s\u0103 nu porneasc\u0103 deloc din motive de siguran\u021b\u0103<\/strong>.<\/li>\n<\/ul>\n\n\n\n<h2 id=\"Malta_cu_copii\" class=\"wp-block-heading\"><span class=\"ez-toc-section\" id=\"Malta_cu_copii\"><\/span>Malta cu copii<span class=\"ez-toc-section-end\"><\/span><\/h2>\n\n\n\n<p class=\"wp-block-paragraph\">O vacan\u021b\u0103 de familie pe aceast\u0103 \u00eensorit\u0103 insul\u0103 are enorm de mult sens, pentru c\u0103 <strong>zborul direct de la Bucure\u0219ti dureaz\u0103 doar c\u00e2teva ore<\/strong>, ceea ce fac fa\u021b\u0103 \u0219i c\u0103l\u0103torii mai mici. Localnicii sunt \u00een plus foarte primitori cu copiii \u0219i la fiecare col\u021b se g\u0103sesc activit\u0103\u021bi care \u00eei vor distra pe to\u021bi membrii familiei \ud83d\ude05.<\/p>\n\n\n\n<ul class=\"wp-block-list\">\n<li><strong>Mellie\u0127a Bay:<\/strong> Aceast\u0103 plaj\u0103 este de departe cea mai \u00eendr\u0103git\u0103 printre familii, pentru c\u0103 <strong>are o intrare cu adev\u0103rat foarte lin\u0103 \u00een mare<\/strong> \u0219i nisip fin pentru construit castele mari.<\/li>\n\n\n\n<li><strong>Popeye Village:<\/strong> Fostele decoruri de film din filmul Popeye Marinarul cu Robin Williams s-au transformat \u00eentr-un <strong>sat de distrac\u021bii fermec\u0103tor, pe care copiii pur \u0219i simplu \u00eel ador\u0103<\/strong>.<\/li>\n\n\n\n<li><strong>B\u0103rcu\u021bele de agrement din Grand Harbour:<\/strong> O croazier\u0103 cu tradi\u021bionala barc\u0103 multicolor\u0103 prin marele port din Valletta <strong>este pentru micii exploratori o experien\u021b\u0103 minunat\u0103<\/strong>.<\/li>\n\n\n\n<li><strong>Malta National Aquarium:<\/strong> Dac\u0103 nu prinde vremea bun\u0103, acest acvariu modern plin de rechini \u0219i pisici-de-mare <strong>te salveaz\u0103 sigur o dup\u0103-amiaz\u0103 \u00eentreag\u0103<\/strong>.<\/li>\n\n\n\n<li><strong>Distan\u021be scurte \u0219i limba:<\/strong> Toate atrac\u021biile sunt aproape una de alta, a\u0219a c\u0103 copiii nu sufer\u0103 din cauza drumurilor lungi, iar <strong>un avantaj uria\u0219 este \u0219i faptul c\u0103 te \u00een\u021belegi absolut peste tot \u00een englez\u0103<\/strong>.<\/li>\n<\/ul>\n\n\n\n<h2 id=\"Incotro_mai_departe_alte_idei_de_vacanta_la_mare\" class=\"wp-block-heading\"><span class=\"ez-toc-section\" id=\"Incotro_mai_departe_alte_idei_de_vacanta_la_mare\"><\/span>\u00cencotro mai departe: alte idei de vacan\u021b\u0103 la mare<span class=\"ez-toc-section-end\"><\/span><\/h2>\n\n\n\n<p class=\"wp-block-paragraph\">Dac\u0103 \u00eenc\u0103 nu e\u0219ti complet hot\u0103r\u00e2t \u0219i iei \u00een calcul \u0219i alte destina\u021bii europene, <strong>am preg\u0103tit pentru tine o list\u0103 cu alte articole utile<\/strong>. Poate te va ademeni p\u00e2n\u0103 la urm\u0103 o alt\u0103 bucat\u0103 de Mediteran\u0103 \u00eensorit\u0103 sau \u00ee\u021bi vor prinde bine sfaturile practice pentru planificarea urm\u0103toarei tale c\u0103l\u0103torii de var\u0103.<\/p>\n\n\n\n<ul class=\"wp-block-list\">\n<li><a href=\"https:\/\/loudavymkrokem.cz\/ro\/vacanta-septembrie-idei\/\">Unde s\u0103 mergi \u00een vacan\u021b\u0103 \u00een septembrie<\/a><\/li>\n\n\n\n<li><a href=\"https:\/\/loudavymkrokem.cz\/ro\/sicilia-italia-obiective-turistice\/\">Vacan\u021b\u0103 \u00een Sicilia<\/a><\/li>\n\n\n\n<li><a href=\"https:\/\/loudavymkrokem.cz\/ro\/cand-sa-mergi-italia\/\">C\u00e2nd s\u0103 mergi \u00een Italia<\/a><\/li>\n\n\n\n<li><a href=\"https:\/\/loudavymkrokem.cz\/ro\/bilete-avion-ieftine\/\">Cum s\u0103 g\u0103se\u0219ti bilete de avion ieftine<\/a><\/li>\n\n\n\n<li><a href=\"https:\/\/loudavymkrokem.cz\/jak-vybrat-cestovni-pojisteni-na-dovolenou\/\">Asigurare de c\u0103l\u0103torie<\/a><\/li>\n<\/ul>\n\n\n\n<h2 id=\"Intrebari_frecvente\" class=\"wp-block-heading\"><span class=\"ez-toc-section\" id=\"Intrebari_frecvente\"><\/span>\u00centreb\u0103ri frecvente<span class=\"ez-toc-section-end\"><\/span><\/h2>\n\n\n\n<p class=\"wp-block-paragraph\">La final am adunat r\u0103spunsurile la cele mai frecvente \u00eentreb\u0103ri pe care c\u0103l\u0103torii le rezolv\u0103 de obicei \u00eenainte de plecare. <strong>Dac\u0103 \u00een articol \u021bi-a lipsit vreo informa\u021bie pur practic\u0103<\/strong>, sunt mari \u0219anse s\u0103 o g\u0103se\u0219ti tocmai \u00een acest scurt rezumat informativ.<\/p>\n\n\n<div id=\"rank-math-faq\" class=\"rank-math-block\">\n<div class=\"rank-math-list \">\n<div id=\"faq-question-1787755046000\" class=\"rank-math-list-item\">\n<h3 class=\"rank-math-question \"><span class=\"ez-toc-section\" id=\"Cand_este_cel_mai_bun_moment_sa_mergi_in_Malta\"><\/span>C\u00e2nd este cel mai bun moment s\u0103 mergi \u00een Malta?<span class=\"ez-toc-section-end\"><\/span><\/h3>\n<div class=\"rank-math-answer \">\n\n<p>Cea mai frumoas\u0103 vreme \u0219i condi\u021bii ideale pentru c\u0103l\u0103torie sunt pe insul\u0103 \u00een special \u00een mai, iunie, septembrie \u0219i octombrie. \u00cen aceste luni vei evita cele mai mari aglomera\u021bii \u0219i te vei bucura de temperaturi foarte pl\u0103cute, potrivite at\u00e2t pentru explorarea obiectivelor turistice, c\u00e2t \u0219i pentru relaxare. Dac\u0103 te g\u00e2nde\u0219ti la vacan\u021ba de var\u0103, trebuie s\u0103 \u021bii cont de faptul c\u0103, de exemplu, iulie are temperaturi medii \u00een jur de 30,2 \u00b0C \u0219i de obicei doar 0,3 zile ploioase pe \u00eentreaga lun\u0103. De\u0219i sun\u0103 ca un paradis perfect pentru iubitorii de soare, preg\u0103te\u0219te-te pentru o cantitate uria\u0219\u0103 de turi\u0219ti \u0219i pre\u021buri semnificativ mai mari la cazare. De aceea se recomand\u0103 s\u0103 alegi mai degrab\u0103 marginile sezonului principal.<\/p>\n\n<\/div>\n<\/div>\n<div id=\"faq-question-1787755046001\" class=\"rank-math-list-item\">\n<h3 class=\"rank-math-question \"><span class=\"ez-toc-section\" id=\"Cat_timp_ai_nevoie_in_Malta\"><\/span>C\u00e2t timp ai nevoie \u00een Malta?<span class=\"ez-toc-section-end\"><\/span><\/h3>\n<div class=\"rank-math-answer \">\n\n<p>Durata sejurului depinde foarte mult de planurile tale \u0219i de c\u00e2te insule vrei s\u0103 vizitezi \u00een total. Pentru insula principal\u0103, \u00een ritm relaxat, \u00ee\u021bi sunt suficiente aproximativ patru p\u00e2n\u0103 la cinci zile, timp \u00een care vei apuca s\u0103 vezi principalele ora\u0219e istorice \u0219i c\u00e2teva fenomene naturale. Dac\u0103 \u00eens\u0103 vrei s\u0103 adaugi \u0219i o excursie pe insulele vecine Gozo \u0219i Comino, cu siguran\u021b\u0103 rezerv\u0103-\u021bi o s\u0103pt\u0103m\u00e2n\u0103 \u00eentreag\u0103. C\u0103l\u0103torii care vor s\u0103 se bucure de o vacan\u021b\u0103 cu adev\u0103rat lent\u0103, cu suficient timp pentru relaxare la piscin\u0103 \u0219i plimb\u0103ri serale pe str\u0103du\u021bele \u00eenguste, laud\u0103 foarte mult sejurul de zece zile. \u00cen zece zile nu trebuie s\u0103 te gr\u0103be\u0219ti deloc \u0219i po\u021bi absorbi \u00een lini\u0219te adev\u0103rata atmosfer\u0103 sudic\u0103.<\/p>\n\n<\/div>\n<\/div>\n<div id=\"faq-question-1787755046002\" class=\"rank-math-list-item\">\n<h3 class=\"rank-math-question \"><span class=\"ez-toc-section\" id=\"Poti_sa_te_scalzi_in_Malta_cand_nu_are_plaje_cu_nisip\"><\/span>Po\u021bi s\u0103 te sc\u0103lzi \u00een Malta c\u00e2nd nu are plaje cu nisip?<span class=\"ez-toc-section-end\"><\/span><\/h3>\n<div class=\"rank-math-answer \">\n\n<p>\u00cenotul este absolut obi\u0219nuit aici, doar c\u0103 arat\u0103 pu\u021bin diferit dec\u00e2t \u00een sta\u021biunile clasice de plaj\u0103. \u00cen mare se intr\u0103 cel mai des direct de pe st\u00e2ncile abrupte sau de pe platforme de beton construite special, unde pentru confortul turi\u0219tilor sunt preg\u0103tite sc\u0103ri metalice fixe. Iubitorii de nisip nu trebuie s\u0103 dispere \u00eens\u0103, pentru c\u0103 se g\u0103sesc totu\u0219i c\u00e2teva plaje frumoase cu nisip. Pe insula principal\u0103 vei g\u0103si populara Mellie\u0127a Bay, pitoreasca Golden Bay sau G\u0127ajn Tuffie\u0127a din apropiere. Dac\u0103 mergi cu feribotul pe vecina Gozo, cu siguran\u021b\u0103 nu rata plaja Ramla Bay, care este renumit\u0103 pentru nisipul ei colorat neobi\u0219nuit, cu nuan\u021be ro\u0219cate, \u0219i intrare foarte lin\u0103 \u00een ap\u0103.<\/p>\n\n<\/div>\n<\/div>\n<div id=\"faq-question-1787755046003\" class=\"rank-math-list-item\">\n<h3 class=\"rank-math-question \"><span class=\"ez-toc-section\" id=\"Ma_descurc_cu_engleza_in_Malta\"><\/span>M\u0103 descurc cu engleza \u00een Malta?<span class=\"ez-toc-section-end\"><\/span><\/h3>\n<div class=\"rank-math-answer \">\n\n<p>Nu trebuie s\u0103-\u021bi faci absolut nicio grij\u0103 cu comunicarea aici. Engleza este, al\u0103turi de maltez\u0103, a doua limb\u0103 oficial\u0103, a\u0219a c\u0103 te po\u021bi descurca cu ea absolut peste tot \u0219i f\u0103r\u0103 cele mai mici probleme. To\u021bi localnicii, de la \u0219oferii de autobuze p\u00e2n\u0103 la v\u00e2nz\u0103torii din cele mai mici brut\u0103rii s\u0103tene\u0219ti, vorbesc fluent engleza \u0219i au adesea un accent britanic u\u0219or fermec\u0103tor. Toate inscrip\u021biile, meniurile din restaurante \u0219i panourile informative de la obiectivele turistice sunt \u00eentotdeauna disponibile \u00een englez\u0103. Se pare c\u0103 acesta este \u0219i unul dintre motivele principale pentru care vin at\u00e2t de mul\u021bi studen\u021bi vara la populare sejururi lingvistice \u0219i cursuri de var\u0103 de englez\u0103.<\/p>\n\n<\/div>\n<\/div>\n<div id=\"faq-question-1787755046004\" class=\"rank-math-list-item\">\n<h3 class=\"rank-math-question \"><span class=\"ez-toc-section\" id=\"Am_nevoie_de_masina_in_Malta\"><\/span>Am nevoie de ma\u0219in\u0103 \u00een Malta?<span class=\"ez-toc-section-end\"><\/span><\/h3>\n<div class=\"rank-math-answer \">\n\n<p>\u00cenchirierea unei ma\u0219ini nu este deloc o necesitate, pentru c\u0103 o re\u021bea dens\u0103 de autobuze acoper\u0103 destul de fiabil \u00eentreaga insul\u0103 \u0219i te duce la toate obiectivele turistice principale \u0219i plajele. Pe de alt\u0103 parte, trebuie s\u0103 men\u021bionez c\u0103 \u00een lunile de var\u0103 cursele sunt adesea supraaglomerate \u0219i se deplaseaz\u0103 \u00een traficul dens foarte \u00eencet. Dac\u0103 totu\u0219i \u00eenchiriezi o ma\u0219in\u0103, vei ob\u021bine o libertate enorm\u0103, dar trebuie s\u0103 te preg\u0103te\u0219ti pentru faptul c\u0103 aici se conduce pe st\u00e2nga \u0219i drumurile sunt adesea extrem de \u00eenguste. Majoritatea vizitatorilor se bazeaz\u0103 de aceea pe o combina\u021bie de autobuze \u0219i aplica\u021bii precum Bolt, ceea ce este un compromis care, conform recenziilor, func\u021bioneaz\u0103 absolut grozav \u0219i f\u0103r\u0103 stres inutil la volan.<\/p>\n\n<\/div>\n<\/div>\n<div id=\"faq-question-1787755046005\" class=\"rank-math-list-item\">\n<h3 class=\"rank-math-question \"><span class=\"ez-toc-section\" id=\"Este_Malta_scumpa\"><\/span>Este Malta scump\u0103?<span class=\"ez-toc-section-end\"><\/span><\/h3>\n<div class=\"rank-math-answer \">\n\n<p>Din punct de vedere financiar, aceast\u0103 insul\u0103 se situeaz\u0103 undeva la mijlocul mediei europene obi\u0219nuite. Este cu siguran\u021b\u0103 mai ieftin\u0103 dec\u00e2t o vacan\u021b\u0103 \u00een destina\u021biile populare din Italia, dar pe de alt\u0103 parte te va costa mai mult dec\u00e2t, de exemplu, o c\u0103l\u0103torie pe Peninsula Balcanic\u0103. Cea mai mare parte din bugetul t\u0103u o va reprezenta f\u0103r\u0103 \u00eendoial\u0103 cazarea, ale c\u0103rei pre\u021buri \u00een sezonul de var\u0103 principal cresc cu adev\u0103rat abrupt. M\u00e2ncarea \u00een restaurantele obi\u0219nuite se situeaz\u0103 la sume acceptabile, iar transportul cu autobuzul este chiar o chestiune extrem de ieftin\u0103. Dac\u0103 pleci \u00een afara celor mai aglomerate luni de vacan\u021b\u0103, po\u021bi s\u0103 te bucuri de servicii de foarte bun\u0103 calitate la pre\u021buri destul de rezonabile, care nu \u00ee\u021bi vor ruina complet portofelul.<\/p>\n\n<\/div>\n<\/div>\n<div id=\"faq-question-1787755046006\" class=\"rank-math-list-item\">\n<h3 class=\"rank-math-question \"><span class=\"ez-toc-section\" id=\"Merita_sa_dormi_in_Gozo\"><\/span>Merit\u0103 s\u0103 dormi \u00een Gozo?<span class=\"ez-toc-section-end\"><\/span><\/h3>\n<div class=\"rank-math-answer \">\n\n<p>Conform experien\u021bei multor c\u0103l\u0103tori, sejurul pe aceast\u0103 insul\u0103 vecin\u0103 este o idee absolut grozav\u0103. Se recomand\u0103 s\u0103 \u00ee\u021bi rezervi \u00een Gozo cel pu\u021bin dou\u0103 nop\u021bi, pentru c\u0103 insula are un ritm complet diferit \u0219i o atmosfer\u0103 s\u0103teneasc\u0103 mult mai relaxat\u0103. \u00cen timp ce insula principal\u0103 este aglomerat\u0103 \u0219i plin\u0103 de trafic, Gozo ofer\u0103 lini\u0219te autentic\u0103, priveli\u0219ti minunate de pe st\u00e2nci \u0219i c\u0103su\u021be de piatr\u0103 fermec\u0103toare cu piscine. C\u00e2nd pleac\u0103 dup\u0103-amiaza excursioni\u0219tii de o zi, pie\u021bele serale se golesc \u0219i po\u021bi s\u0103 te bucuri \u00een lini\u0219te de cina ta la una din c\u00e2rciumile locale. Este un contrast perfect, care \u00ee\u021bi \u00eenviaz\u0103 frumos vacan\u021ba \u0219i \u00eei adaug\u0103 acea not\u0103 de relaxare potrivit\u0103.<\/p>\n\n<\/div>\n<\/div>\n<div id=\"faq-question-1787755046007\" class=\"rank-math-list-item\">\n<h3 class=\"rank-math-question \"><span class=\"ez-toc-section\" id=\"Este_Malta_sigura\"><\/span>Este Malta sigur\u0103?<span class=\"ez-toc-section-end\"><\/span><\/h3>\n<div class=\"rank-math-answer \">\n\n<p>Aceast\u0103 insul\u0103 \u00eensorit\u0103 se num\u0103r\u0103 de mult timp printre cele mai sigure \u021b\u0103ri din \u00eentreaga Europ\u0103, iar criminalitatea grav\u0103 practic nu exist\u0103 aici. Po\u021bi s\u0103 te plimbi f\u0103r\u0103 griji pe str\u0103zile de sear\u0103 \u0219i s\u0103 te sim\u021bi complet relaxat. Principalele riscuri pentru turi\u0219ti reprezint\u0103 mai degrab\u0103 traficul local haotic, pentru c\u0103 \u0219oferii conduc destul de vioi, iar trotuarele pentru pietoni lipsesc uneori complet. Alt lucru la care e bine s\u0103 fii atent sunt curen\u021bii marini imprevizibili \u0219i meduzele men\u021bionate la sf\u00e2r\u0219itul verii. Desigur, se aplic\u0103 regulile de baz\u0103 ale pruden\u021bei, a\u0219a c\u0103 \u00een locurile cu mare concentra\u021bie de oameni ai grij\u0103 de obiectele tale personale \u00eempotriva eventualilor ho\u021bi de buzunare, dar altfel po\u021bi fi complet lini\u0219tit.<\/p>\n\n<\/div>\n<\/div>\n<\/div>\n<\/div>","protected":false},"excerpt":{"rendered":"<p>\u00ce\u021bi planifici o c\u0103l\u0103torie \u0219i te \u00eentrebi cum arat\u0103 vacan\u021ba ideal\u0103 \u00een Malta? Am preg\u0103tit pentru tine un ghid detaliat, plin de idei despre cele mai frumoase locuri, caz\u0103ri grozave \u0219i informa\u021bii practice.<\/p>\n","protected":false},"author":3,"featured_media":399628,"comment_status":"open","ping_status":"open","sticky":false,"template":"","format":"standard","meta":{"_acf_changed":false,"footnotes":"","rank_math_title":"Vacan\u021b\u0103 \u00een Malta: 24 de idei ce s\u0103 vezi \u00een 2026","rank_math_description":"Planifici o vacan\u021b\u0103 \u00een Malta? Descoper\u0103 24 de idei ce s\u0103 vezi, cea mai bun\u0103 perioad\u0103, unde s\u0103 stai \u0219i c\u00e2t cost\u0103. Cite\u0219te ghidul complet \u0219i porne\u0219te la drum!","rank_math_focus_keyword":"malta","rank_math_seo_score":""},"categories":[2015,2021],"tags":[],"class_list":["post-417550","post","type-post","status-publish","format-standard","has-post-thumbnail","category-calatorii","category-europa"],"acf":[],"featured_image_src":"https:\/\/loudavymkrokem.cz\/wp-content\/uploads\/2026\/08\/dovolena-malta-hero.jpg","author_info":{"display_name":"Lucie Kone\u010dn\u00e1","author_link":"https:\/\/loudavymkrokem.cz\/ro\/author\/lucie-konecna\/"},"_links":{"self":[{"href":"https:\/\/loudavymkrokem.cz\/ro\/wp-json\/wp\/v2\/posts\/417550","targetHints":{"allow":["GET"]}}],"collection":[{"href":"https:\/\/loudavymkrokem.cz\/ro\/wp-json\/wp\/v2\/posts"}],"about":[{"href":"https:\/\/loudavymkrokem.cz\/ro\/wp-json\/wp\/v2\/types\/post"}],"author":[{"embeddable":true,"href":"https:\/\/loudavymkrokem.cz\/ro\/wp-json\/wp\/v2\/users\/3"}],"replies":[{"embeddable":true,"href":"https:\/\/loudavymkrokem.cz\/ro\/wp-json\/wp\/v2\/comments?post=417550"}],"version-history":[{"count":2,"href":"https:\/\/loudavymkrokem.cz\/ro\/wp-json\/wp\/v2\/posts\/417550\/revisions"}],"predecessor-version":[{"id":417552,"href":"https:\/\/loudavymkrokem.cz\/ro\/wp-json\/wp\/v2\/posts\/417550\/revisions\/417552"}],"wp:featuredmedia":[{"embeddable":true,"href":"https:\/\/loudavymkrokem.cz\/ro\/wp-json\/wp\/v2\/media\/399628"}],"wp:attachment":[{"href":"https:\/\/loudavymkrokem.cz\/ro\/wp-json\/wp\/v2\/media?parent=417550"}],"wp:term":[{"taxonomy":"category","embeddable":true,"href":"https:\/\/loudavymkrokem.cz\/ro\/wp-json\/wp\/v2\/categories?post=417550"},{"taxonomy":"post_tag","embeddable":true,"href":"https:\/\/loudavymkrokem.cz\/ro\/wp-json\/wp\/v2\/tags?post=417550"}],"curies":[{"name":"wp","href":"https:\/\/api.w.org\/{rel}","templated":true}]}}