{"id":417539,"date":"2026-09-03T21:20:49","date_gmt":"2026-09-03T19:20:49","guid":{"rendered":"https:\/\/loudavymkrokem.cz\/nesebar-bulgaria-ghid\/"},"modified":"2026-09-05T16:20:38","modified_gmt":"2026-09-05T14:20:38","slug":"nesebar-bulgaria-ghid","status":"publish","type":"post","link":"https:\/\/loudavymkrokem.cz\/ro\/nesebar-bulgaria-ghid\/","title":{"rendered":"Nesebar, Bulgaria: 8 lucruri de v\u0103zut \u00een ora\u0219ul UNESCO + pre\u021buri \u0219i transport"},"content":{"rendered":"\n<p class=\"wp-block-paragraph\">Peninsula istoric\u0103 Nesebar m\u0103soar\u0103 doar 850 pe 350 de metri, dar \u00een sezonul de var\u0103 pe aceast\u0103 mic\u0103 bucat\u0103 de p\u0103m\u00e2nt ajung zilnic peste 30 000 de oameni. Majoritatea vizitatorilor trec pe strada principal\u0103, fotografiaz\u0103 vechea moar\u0103 de lemn, cump\u0103r\u0103 un suvenir \u0219i se \u00eentorc la hotel, rat\u00e2nd adesea ceea ce conteaz\u0103 cu adev\u0103rat. Pentru c\u0103 Nesebar, \u00een Bulgaria, este un ora\u0219 care ascunde sub straturile de turism pove\u0219ti incredibile, <strong>ziduri antice \u0219i zeci de biserici medievale<\/strong>.<\/p>\n\n\n\n<p class=\"wp-block-paragraph\">Dac\u0103 \u00ee\u021bi planifici o excursie aici, e bine s\u0103 \u0219tii c\u0103 <strong>Nesebar nu e doar un decor fotogenic<\/strong>, ci un organism viu care duce \u00een ultimii ani o lupt\u0103 grea pentru p\u0103strarea chipului s\u0103u istoric. \u00ce\u021bi spun cum s\u0103 evi\u021bi cele mai mari aglomera\u021bii, unde s\u0103 parchezi dac\u0103 vii cu ma\u0219ina \u0219i de ce capcane turistice s\u0103 te fere\u0219ti neap\u0103rat.<\/p>\n\n\n\n<p class=\"wp-block-paragraph\">Hai s\u0103 vedem \u00eempreun\u0103 <strong>ce po\u021bi vedea \u00een Nesebar<\/strong>, cum ajungi cel mai bine aici din vecin\u0103tatea sta\u021biunii Sunny Beach \u0219i c\u00e2t pl\u0103te\u0219ti \u00een realitate pentru monumente \u0219i m\u00e2ncare dup\u0103 recenta trecere a Bulgariei la euro.<\/p>\n\n\n\n<figure data-wp-context=\"{&quot;imageId&quot;:&quot;6a9c3a6ed7152&quot;}\" data-wp-interactive=\"core\/image\" data-wp-key=\"6a9c3a6ed7152\" class=\"wp-block-image size-full wp-lightbox-container\"><img decoding=\"async\" width=\"1800\" height=\"1207\" data-wp-class--hide=\"state.isContentHidden\" data-wp-class--show=\"state.isContentVisible\" data-wp-init=\"callbacks.setButtonStyles\" data-wp-on--click=\"actions.showLightbox\" data-wp-on--load=\"callbacks.setButtonStyles\" data-wp-on--pointerdown=\"actions.preloadImage\" data-wp-on--pointerenter=\"actions.preloadImageWithDelay\" data-wp-on--pointerleave=\"actions.cancelPreload\" data-wp-on-window--resize=\"callbacks.setButtonStyles\" src=\"https:\/\/loudavymkrokem.cz\/wp-content\/uploads\/2026\/08\/bulharsko-research-nesebar-01.jpg\" alt=\"Ora\u0219ul vechi Nesebar pe peninsula st\u00e2ncoas\u0103\" class=\"wp-image-404843\" title=\"\" srcset=\"https:\/\/loudavymkrokem.cz\/wp-content\/uploads\/2026\/08\/bulharsko-research-nesebar-01.jpg 1800w, https:\/\/loudavymkrokem.cz\/wp-content\/uploads\/2026\/08\/bulharsko-research-nesebar-01-300x201.jpg 300w, https:\/\/loudavymkrokem.cz\/wp-content\/uploads\/2026\/08\/bulharsko-research-nesebar-01-700x469.jpg 700w, https:\/\/loudavymkrokem.cz\/wp-content\/uploads\/2026\/08\/bulharsko-research-nesebar-01-768x515.jpg 768w, https:\/\/loudavymkrokem.cz\/wp-content\/uploads\/2026\/08\/bulharsko-research-nesebar-01-1536x1030.jpg 1536w, https:\/\/loudavymkrokem.cz\/wp-content\/uploads\/2026\/08\/bulharsko-research-nesebar-01-696x467.jpg 696w, https:\/\/loudavymkrokem.cz\/wp-content\/uploads\/2026\/08\/bulharsko-research-nesebar-01-1392x933.jpg 1392w\" sizes=\"(max-width: 1800px) 100vw, 1800px\" \/><button\n\t\t\tclass=\"lightbox-trigger\"\n\t\t\ttype=\"button\"\n\t\t\taria-haspopup=\"dialog\"\n\t\t\tdata-wp-bind--aria-label=\"state.thisImage.triggerButtonAriaLabel\"\n\t\t\tdata-wp-init=\"callbacks.initTriggerButton\"\n\t\t\tdata-wp-on--click=\"actions.showLightbox\"\n\t\t\tdata-wp-style--right=\"state.thisImage.buttonRight\"\n\t\t\tdata-wp-style--top=\"state.thisImage.buttonTop\"\n\t\t>\n\t\t\t<svg xmlns=\"http:\/\/www.w3.org\/2000\/svg\" width=\"12\" height=\"12\" fill=\"none\" viewBox=\"0 0 12 12\">\n\t\t\t\t<path fill=\"#fff\" d=\"M2 0a2 2 0 0 0-2 2v2h1.5V2a.5.5 0 0 1 .5-.5h2V0H2Zm2 10.5H2a.5.5 0 0 1-.5-.5V8H0v2a2 2 0 0 0 2 2h2v-1.5ZM8 12v-1.5h2a.5.5 0 0 0 .5-.5V8H12v2a2 2 0 0 1-2 2H8Zm2-12a2 2 0 0 1 2 2v2h-1.5V2a.5.5 0 0 0-.5-.5H8V0h2Z\" \/>\n\t\t\t<\/svg>\n\t\t<\/button><figcaption class=\"wp-element-caption\">Foto (editat): en:User:Trilobite \/ Wikimedia Commons (Public domain)<\/figcaption><\/figure>\n\n\n\n<div id=\"ez-toc-container\" class=\"ez-toc-v2_0_87 ez-toc-wrap-left counter-hierarchy ez-toc-counter ez-toc-grey ez-toc-container-direction\">\n<div class=\"ez-toc-title-container\">\n<p class=\"ez-toc-title\" style=\"cursor:inherit\">Cuprinsul articolului<\/p>\n<span class=\"ez-toc-title-toggle\"><a href=\"#\" class=\"ez-toc-pull-right ez-toc-btn ez-toc-btn-xs ez-toc-btn-default ez-toc-toggle\" aria-label=\"Toggle Table of Content\"><span class=\"ez-toc-js-icon-con\"><span class=\"\"><span class=\"eztoc-hide\" style=\"display:none;\">Toggle<\/span><span class=\"ez-toc-icon-toggle-span\"><svg style=\"fill: #999;color:#999\" xmlns=\"http:\/\/www.w3.org\/2000\/svg\" class=\"list-377408\" width=\"20px\" height=\"20px\" viewBox=\"0 0 24 24\" fill=\"none\"><path d=\"M6 6H4v2h2V6zm14 0H8v2h12V6zM4 11h2v2H4v-2zm16 0H8v2h12v-2zM4 16h2v2H4v-2zm16 0H8v2h12v-2z\" fill=\"currentColor\"><\/path><\/svg><svg style=\"fill: #999;color:#999\" class=\"arrow-unsorted-368013\" xmlns=\"http:\/\/www.w3.org\/2000\/svg\" width=\"10px\" height=\"10px\" viewBox=\"0 0 24 24\" version=\"1.2\" baseProfile=\"tiny\"><path d=\"M18.2 9.3l-6.2-6.3-6.2 6.3c-.2.2-.3.4-.3.7s.1.5.3.7c.2.2.4.3.7.3h11c.3 0 .5-.1.7-.3.2-.2.3-.5.3-.7s-.1-.5-.3-.7zM5.8 14.7l6.2 6.3 6.2-6.3c.2-.2.3-.5.3-.7s-.1-.5-.3-.7c-.2-.2-.4-.3-.7-.3h-11c-.3 0-.5.1-.7.3-.2.2-.3.5-.3.7s.1.5.3.7z\"\/><\/svg><\/span><\/span><\/span><\/a><\/span><\/div>\n<nav><ul class='ez-toc-list ez-toc-list-level-1 ' ><ul class='ez-toc-list-level-3' ><li class='ez-toc-heading-level-3'><a class=\"ez-toc-link ez-toc-heading-1\" href=\"https:\/\/loudavymkrokem.cz\/ro\/nesebar-bulgaria-ghid\/#Rezumat_pentru_cei_care_nu_au_timp_sa_citeasca_tot_articolul\" >Rezumat pentru cei care nu au timp s\u0103 citeasc\u0103 tot articolul<\/a><\/li><\/ul><\/li><li class='ez-toc-page-1 ez-toc-heading-level-2'><a class=\"ez-toc-link ez-toc-heading-2\" href=\"https:\/\/loudavymkrokem.cz\/ro\/nesebar-bulgaria-ghid\/#Cat_costa_Nesebar_si_cum_se_plateste_aici\" >C\u00e2t cost\u0103 Nesebar \u0219i cum se pl\u0103te\u0219te aici<\/a><\/li><li class='ez-toc-page-1 ez-toc-heading-level-2'><a class=\"ez-toc-link ez-toc-heading-3\" href=\"https:\/\/loudavymkrokem.cz\/ro\/nesebar-bulgaria-ghid\/#Care_biserici_se_pot_vizita_pe_interior\" >Care biserici se pot vizita pe interior<\/a><\/li><li class='ez-toc-page-1 ez-toc-heading-level-2'><a class=\"ez-toc-link ez-toc-heading-4\" href=\"https:\/\/loudavymkrokem.cz\/ro\/nesebar-bulgaria-ghid\/#Cum_ajungi_in_Nesebar_si_unde_parchezi\" >Cum ajungi \u00een Nesebar \u0219i unde parchezi<\/a><\/li><li class='ez-toc-page-1 ez-toc-heading-level-2'><a class=\"ez-toc-link ez-toc-heading-5\" href=\"https:\/\/loudavymkrokem.cz\/ro\/nesebar-bulgaria-ghid\/#Cu_taxiul_doar_cu_cap\" >Cu taxiul, doar cu cap<\/a><\/li><li class='ez-toc-page-1 ez-toc-heading-level-2'><a class=\"ez-toc-link ez-toc-heading-6\" href=\"https:\/\/loudavymkrokem.cz\/ro\/nesebar-bulgaria-ghid\/#Cand_sa_mergi_in_Nesebar_ca_sa-l_ai_aproape_numai_pentru_tine\" >C\u00e2nd s\u0103 mergi \u00een Nesebar ca s\u0103-l ai aproape numai pentru tine<\/a><\/li><li class='ez-toc-page-1 ez-toc-heading-level-2'><a class=\"ez-toc-link ez-toc-heading-7\" href=\"https:\/\/loudavymkrokem.cz\/ro\/nesebar-bulgaria-ghid\/#Biserici_si_lacasuri_8_locuri_pe_care_trebuie_sa_le_vezi\" >Biserici \u0219i l\u0103ca\u0219uri: 8 locuri pe care trebuie s\u0103 le vezi<\/a><ul class='ez-toc-list-level-3' ><li class='ez-toc-heading-level-3'><a class=\"ez-toc-link ez-toc-heading-8\" href=\"https:\/\/loudavymkrokem.cz\/ro\/nesebar-bulgaria-ghid\/#1_Biserica_Sf_Stefan_Noua_Mitropolie\" >1. Biserica Sf. \u0218tefan (Noua Mitropolie)<\/a><\/li><li class='ez-toc-page-1 ez-toc-heading-level-3'><a class=\"ez-toc-link ez-toc-heading-9\" href=\"https:\/\/loudavymkrokem.cz\/ro\/nesebar-bulgaria-ghid\/#2_Biserica_Sf_Spas_Inaltarea\" >2. Biserica Sf. Spas (\u00cen\u0103l\u021barea)<\/a><\/li><li class='ez-toc-page-1 ez-toc-heading-level-3'><a class=\"ez-toc-link ez-toc-heading-10\" href=\"https:\/\/loudavymkrokem.cz\/ro\/nesebar-bulgaria-ghid\/#3_Bazilica_Sf_Sofia_Vechea_Mitropolie\" >3. Bazilica Sf. Sofia (Vechea Mitropolie)<\/a><\/li><li class='ez-toc-page-1 ez-toc-heading-level-3'><a class=\"ez-toc-link ez-toc-heading-11\" href=\"https:\/\/loudavymkrokem.cz\/ro\/nesebar-bulgaria-ghid\/#4_Biserica_Sf_Ioan_Botezatorul\" >4. Biserica Sf. Ioan Botez\u0103torul<\/a><\/li><li class='ez-toc-page-1 ez-toc-heading-level-3'><a class=\"ez-toc-link ez-toc-heading-12\" href=\"https:\/\/loudavymkrokem.cz\/ro\/nesebar-bulgaria-ghid\/#5_Biserica_Sf_Ioan_Aliturgetos_Nesfintita\" >5. Biserica Sf. Ioan Aliturgetos (Nesfin\u021bit\u0103)<\/a><\/li><li class='ez-toc-page-1 ez-toc-heading-level-3'><a class=\"ez-toc-link ez-toc-heading-13\" href=\"https:\/\/loudavymkrokem.cz\/ro\/nesebar-bulgaria-ghid\/#6_Biserica_Hristos_Pantocrator\" >6. Biserica Hristos Pantocrator<\/a><\/li><li class='ez-toc-page-1 ez-toc-heading-level-3'><a class=\"ez-toc-link ez-toc-heading-14\" href=\"https:\/\/loudavymkrokem.cz\/ro\/nesebar-bulgaria-ghid\/#7_Bazilica_Maicii_Domnului_Eleusa\" >7. Bazilica Maicii Domnului Eleusa<\/a><\/li><li class='ez-toc-page-1 ez-toc-heading-level-3'><a class=\"ez-toc-link ez-toc-heading-15\" href=\"https:\/\/loudavymkrokem.cz\/ro\/nesebar-bulgaria-ghid\/#8_Biserica_Maicii_Domnului_Adormirea\" >8. Biserica Maicii Domnului (Adormirea)<\/a><\/li><\/ul><\/li><li class='ez-toc-page-1 ez-toc-heading-level-2'><a class=\"ez-toc-link ez-toc-heading-16\" href=\"https:\/\/loudavymkrokem.cz\/ro\/nesebar-bulgaria-ghid\/#Ziduri_moara_si_stradutele_orasului_vechi\" >Ziduri, moar\u0103 \u0219i str\u0103du\u021bele ora\u0219ului vechi<\/a><ul class='ez-toc-list-level-3' ><li class='ez-toc-heading-level-3'><a class=\"ez-toc-link ez-toc-heading-17\" href=\"https:\/\/loudavymkrokem.cz\/ro\/nesebar-bulgaria-ghid\/#9_Moara_de_vant_de_pe_istm\" >9. Moara de v\u00e2nt de pe istm<\/a><\/li><li class='ez-toc-page-1 ez-toc-heading-level-3'><a class=\"ez-toc-link ez-toc-heading-18\" href=\"https:\/\/loudavymkrokem.cz\/ro\/nesebar-bulgaria-ghid\/#10_Zidurile_de_vest_si_poarta_principala\" >10. Zidurile de vest \u0219i poarta principal\u0103<\/a><\/li><li class='ez-toc-page-1 ez-toc-heading-level-3'><a class=\"ez-toc-link ez-toc-heading-19\" href=\"https:\/\/loudavymkrokem.cz\/ro\/nesebar-bulgaria-ghid\/#11_Termele_bizantine_timpurii\" >11. Termele bizantine timpurii<\/a><\/li><li class='ez-toc-page-1 ez-toc-heading-level-3'><a class=\"ez-toc-link ez-toc-heading-20\" href=\"https:\/\/loudavymkrokem.cz\/ro\/nesebar-bulgaria-ghid\/#12_Casele_renascentiste_din_Nesebar\" >12. Casele renascentiste din Nesebar<\/a><\/li><\/ul><\/li><li class='ez-toc-page-1 ez-toc-heading-level-2'><a class=\"ez-toc-link ez-toc-heading-21\" href=\"https:\/\/loudavymkrokem.cz\/ro\/nesebar-bulgaria-ghid\/#Muzee_plaje_si_imprejurimi\" >Muzee, plaje \u0219i \u00eemprejurimi<\/a><ul class='ez-toc-list-level-3' ><li class='ez-toc-heading-level-3'><a class=\"ez-toc-link ez-toc-heading-22\" href=\"https:\/\/loudavymkrokem.cz\/ro\/nesebar-bulgaria-ghid\/#13_Muzeul_Arheologic\" >13. Muzeul Arheologic<\/a><\/li><li class='ez-toc-page-1 ez-toc-heading-level-3'><a class=\"ez-toc-link ez-toc-heading-23\" href=\"https:\/\/loudavymkrokem.cz\/ro\/nesebar-bulgaria-ghid\/#14_Plaja_de_Sud_Nesebar-sud\" >14. Plaja de Sud (Nesebar-sud)<\/a><\/li><li class='ez-toc-page-1 ez-toc-heading-level-3'><a class=\"ez-toc-link ez-toc-heading-24\" href=\"https:\/\/loudavymkrokem.cz\/ro\/nesebar-bulgaria-ghid\/#15_Plajele_urbane_din_orasul_vechi_Plakamoto_si_Buna\" >15. Plajele urbane din ora\u0219ul vechi (Plakamoto \u0219i Buna)<\/a><\/li><li class='ez-toc-page-1 ez-toc-heading-level-3'><a class=\"ez-toc-link ez-toc-heading-25\" href=\"https:\/\/loudavymkrokem.cz\/ro\/nesebar-bulgaria-ghid\/#16_Muzeul_Etnografic_casa_Moscoyani\" >16. Muzeul Etnografic (casa Moscoyani)<\/a><\/li><\/ul><\/li><li class='ez-toc-page-1 ez-toc-heading-level-2'><a class=\"ez-toc-link ez-toc-heading-26\" href=\"https:\/\/loudavymkrokem.cz\/ro\/nesebar-bulgaria-ghid\/#Nesebar_aproape_ca_a_pierdut_inscrierea_in_UNESCO\" >Nesebar aproape c\u0103 a pierdut \u00eenscrierea \u00een UNESCO<\/a><\/li><li class='ez-toc-page-1 ez-toc-heading-level-2'><a class=\"ez-toc-link ez-toc-heading-27\" href=\"https:\/\/loudavymkrokem.cz\/ro\/nesebar-bulgaria-ghid\/#Nesebar_intr-o_jumatate_de_zi_itinerar_pas_cu_pas\" >Nesebar \u00eentr-o jum\u0103tate de zi: itinerar pas cu pas<\/a><\/li><li class='ez-toc-page-1 ez-toc-heading-level-2'><a class=\"ez-toc-link ez-toc-heading-28\" href=\"https:\/\/loudavymkrokem.cz\/ro\/nesebar-bulgaria-ghid\/#Unde_sa_mananci\" >Unde s\u0103 m\u0103n\u00e2nci<\/a><\/li><li class='ez-toc-page-1 ez-toc-heading-level-2'><a class=\"ez-toc-link ez-toc-heading-29\" href=\"https:\/\/loudavymkrokem.cz\/ro\/nesebar-bulgaria-ghid\/#Unde_sa_te_cazezi\" >Unde s\u0103 te cazezi<\/a><\/li><li class='ez-toc-page-1 ez-toc-heading-level-2'><a class=\"ez-toc-link ez-toc-heading-30\" href=\"https:\/\/loudavymkrokem.cz\/ro\/nesebar-bulgaria-ghid\/#La_ce_sa_fii_atent\" >La ce s\u0103 fii atent<\/a><\/li><li class='ez-toc-page-1 ez-toc-heading-level-2'><a class=\"ez-toc-link ez-toc-heading-31\" href=\"https:\/\/loudavymkrokem.cz\/ro\/nesebar-bulgaria-ghid\/#Incotro_mai_departe\" >\u00cencotro mai departe<\/a><\/li><li class='ez-toc-page-1 ez-toc-heading-level-2'><a class=\"ez-toc-link ez-toc-heading-32\" href=\"https:\/\/loudavymkrokem.cz\/ro\/nesebar-bulgaria-ghid\/#Intrebari_frecvente\" >\u00centreb\u0103ri frecvente<\/a><ul class='ez-toc-list-level-3' ><li class='ez-toc-heading-level-3'><a class=\"ez-toc-link ez-toc-heading-33\" href=\"https:\/\/loudavymkrokem.cz\/ro\/nesebar-bulgaria-ghid\/#Cum_ajung_de_la_Sunny_Beach_la_Nesebar\" >Cum ajung de la Sunny Beach la Nesebar?<\/a><\/li><li class='ez-toc-page-1 ez-toc-heading-level-3'><a class=\"ez-toc-link ez-toc-heading-34\" href=\"https:\/\/loudavymkrokem.cz\/ro\/nesebar-bulgaria-ghid\/#Cat_costa_intrarea_la_monumente\" >C\u00e2t cost\u0103 intrarea la monumente?<\/a><\/li><li class='ez-toc-page-1 ez-toc-heading-level-3'><a class=\"ez-toc-link ez-toc-heading-35\" href=\"https:\/\/loudavymkrokem.cz\/ro\/nesebar-bulgaria-ghid\/#In_cat_timp_se_poate_vizita_Nesebar\" >\u00cen c\u00e2t timp se poate vizita Nesebar?<\/a><\/li><li class='ez-toc-page-1 ez-toc-heading-level-3'><a class=\"ez-toc-link ez-toc-heading-36\" href=\"https:\/\/loudavymkrokem.cz\/ro\/nesebar-bulgaria-ghid\/#Se_plateste_in_Bulgaria_cu_euro\" >Se pl\u0103te\u0219te \u00een Bulgaria cu euro?<\/a><\/li><li class='ez-toc-page-1 ez-toc-heading-level-3'><a class=\"ez-toc-link ez-toc-heading-37\" href=\"https:\/\/loudavymkrokem.cz\/ro\/nesebar-bulgaria-ghid\/#Se_poate_intra_cu_masina_in_orasul_vechi\" >Se poate intra cu ma\u0219ina \u00een ora\u0219ul vechi?<\/a><\/li><li class='ez-toc-page-1 ez-toc-heading-level-3'><a class=\"ez-toc-link ez-toc-heading-38\" href=\"https:\/\/loudavymkrokem.cz\/ro\/nesebar-bulgaria-ghid\/#Care_biserici_sunt_accesibile_in_interior\" >Care biserici sunt accesibile \u00een interior?<\/a><\/li><li class='ez-toc-page-1 ez-toc-heading-level-3'><a class=\"ez-toc-link ez-toc-heading-39\" href=\"https:\/\/loudavymkrokem.cz\/ro\/nesebar-bulgaria-ghid\/#Care_este_temperatura_marii_in_Nesebar\" >Care este temperatura m\u0103rii \u00een Nesebar?<\/a><\/li><li class='ez-toc-page-1 ez-toc-heading-level-3'><a class=\"ez-toc-link ez-toc-heading-40\" href=\"https:\/\/loudavymkrokem.cz\/ro\/nesebar-bulgaria-ghid\/#Cand_sunt_cei_mai_putini_turisti_in_Nesebar\" >C\u00e2nd sunt cei mai pu\u021bini turi\u0219ti \u00een Nesebar?<\/a><\/li><li class='ez-toc-page-1 ez-toc-heading-level-3'><a class=\"ez-toc-link ez-toc-heading-41\" href=\"https:\/\/loudavymkrokem.cz\/ro\/nesebar-bulgaria-ghid\/#Merita_biletul_combinat\" >Merit\u0103 biletul combinat?<\/a><\/li><li class='ez-toc-page-1 ez-toc-heading-level-3'><a class=\"ez-toc-link ez-toc-heading-42\" href=\"https:\/\/loudavymkrokem.cz\/ro\/nesebar-bulgaria-ghid\/#Este_Nesebar_potrivit_pentru_familii_cu_carucior\" >Este Nesebar potrivit pentru familii cu c\u0103rucior?<\/a><\/li><\/ul><\/li><\/ul><\/nav><\/div>\n<h3 class=\"wp-block-heading\"><span class=\"ez-toc-section\" id=\"Rezumat_pentru_cei_care_nu_au_timp_sa_citeasca_tot_articolul\"><\/span>Rezumat pentru cei care nu au timp s\u0103 citeasc\u0103 tot articolul<span class=\"ez-toc-section-end\"><\/span><\/h3>\n\n\n\n<ul class=\"wp-block-list\">\n\n<li><strong>Rezerv\u0103-\u021bi cel pu\u021bin o jum\u0103tate de zi pentru vizit\u0103<\/strong>, ideal ar fi \u00eens\u0103 s\u0103 vii diminea\u021ba devreme, \u00eenainte de ora zece, sau invers, dup\u0103 ora \u0219ase seara, c\u00e2nd pleac\u0103 autocarele mari cu excursioni\u0219ti.<\/li>\n\n\n\n<li>Bulgaria <strong>pl\u0103te\u0219te cu euro de la 1 ianuarie 2026<\/strong>, a\u0219a c\u0103 toate intr\u0103rile \u0219i consuma\u021biile din restaurante le vei achita deja \u00een moneda european\u0103, iar cardurile se accept\u0103 aici absolut normal.<\/li>\n\n\n\n<li>Din cele cincisprezece biserici p\u0103strate <strong>po\u021bi intra doar \u00een cinci dintre ele<\/strong>, restul sunt ruine cu acces liber, pe care le po\u021bi vedea doar din exterior.<\/li>\n\n\n\n<li><strong>\u00cen ora\u0219ul vechi nu ajungi cu ma\u0219ina f\u0103r\u0103 un permis ob\u021binut \u00een prealabil<\/strong>, pe care trebuie s\u0103-l anun\u021be cazarea ta, altfel te opresc barierele chiar dup\u0103 istm.<\/li>\n\n\n\n<li>Din Sunny Beach ajungi aici <strong>cel mai bine cu autobuzul local pentru circa 1 \u20ac<\/strong>, sau po\u021bi folosi trenule\u021bul turistic ori b\u0103rcu\u021ba.<\/li>\n\n\n\n<li>Biletul combinat pentru toate monumentele cu plat\u0103 <strong>cost\u0103 17,90 \u20ac<\/strong> \u0219i \u00eel cumperi chiar la intrarea \u00een ora\u0219ul vechi, la Muzeul Arheologic.<\/li>\n\n\n<\/ul>\n\n\n\n<figure class=\"wp-block-table\"><table><thead><tr><th>#<\/th><th>Loc<\/th><th>Se intr\u0103?<\/th><th>Intrare<\/th><\/tr><\/thead><tbody><tr><td>1<\/td><td>Biserica Sf. \u0218tefan<\/td><td>Da<\/td><td>4,60 \u20ac<\/td><\/tr><tr><td>2<\/td><td>Biserica Sf. Spas<\/td><td>Da<\/td><td>2,56 \u20ac<\/td><\/tr><tr><td>3<\/td><td>Bazilica Sf. Sofia<\/td><td>Nu (ruin\u0103)<\/td><td>Gratuit<\/td><\/tr><tr><td>4<\/td><td>Biserica Sf. Ioan Botez\u0103torul<\/td><td>Da<\/td><td>2,56 \u20ac<\/td><\/tr><tr><td>5<\/td><td>Biserica Sf. Ioan Aliturgetos<\/td><td>Nu (ruin\u0103)<\/td><td>Gratuit<\/td><\/tr><tr><td>6<\/td><td>Bazilica Maicii Domnului Eleusa<\/td><td>Nu (ruin\u0103)<\/td><td>Gratuit<\/td><\/tr><tr><td>7<\/td><td>Biserica Maicii Domnului<\/td><td>Da<\/td><td>Gratuit (func\u021bional\u0103)<\/td><\/tr><tr><td>8<\/td><td>Moara de v\u00e2nt de pe istm<\/td><td>Da<\/td><td>2,56 \u20ac<\/td><\/tr><tr><td>9<\/td><td>Zidurile de vest \u0219i poarta<\/td><td>Nu (exterior)<\/td><td>Gratuit<\/td><\/tr><tr><td>10<\/td><td>Termele bizantine timpurii<\/td><td>Nu (ruin\u0103)<\/td><td>Gratuit<\/td><\/tr><tr><td>11<\/td><td>Casele renascentiste din Nesebar<\/td><td>Nu (exterior)<\/td><td>Gratuit<\/td><\/tr><tr><td>12<\/td><td>Muzeul Arheologic<\/td><td>Da<\/td><td>4,60 \u20ac<\/td><\/tr><tr><td>13<\/td><td>Plaja de Sud (Nesebar-sud)<\/td><td>Nu (natur\u0103)<\/td><td>\u0218ezlong 4,09 \u20ac<\/td><\/tr><tr><td>14<\/td><td>Plajele urbane Plakamoto \u0219i Buna<\/td><td>Nu (natur\u0103)<\/td><td>Gratuit \/ 4,09 \u20ac<\/td><\/tr><tr><td>15<\/td><td>Muzeul Etnografic<\/td><td>Da<\/td><td>3,07 \u20ac<\/td><\/tr><\/tbody><\/table><\/figure>\n\n\n\n<figure data-wp-context=\"{&quot;imageId&quot;:&quot;6a9c3a6ed7af6&quot;}\" data-wp-interactive=\"core\/image\" data-wp-key=\"6a9c3a6ed7af6\" class=\"wp-block-image size-full wp-lightbox-container\"><img decoding=\"async\" width=\"1800\" height=\"1350\" data-wp-class--hide=\"state.isContentHidden\" data-wp-class--show=\"state.isContentVisible\" data-wp-init=\"callbacks.setButtonStyles\" data-wp-on--click=\"actions.showLightbox\" data-wp-on--load=\"callbacks.setButtonStyles\" data-wp-on--pointerdown=\"actions.preloadImage\" data-wp-on--pointerenter=\"actions.preloadImageWithDelay\" data-wp-on--pointerleave=\"actions.cancelPreload\" data-wp-on-window--resize=\"callbacks.setButtonStyles\" src=\"https:\/\/loudavymkrokem.cz\/wp-content\/uploads\/2026\/08\/bulharsko-research-nesebar-02.jpg\" alt=\"Magazine \u0219i str\u0103zi din vechiul Nesebar, unde se pl\u0103te\u0219te cu euro\" class=\"wp-image-404845\" title=\"\" srcset=\"https:\/\/loudavymkrokem.cz\/wp-content\/uploads\/2026\/08\/bulharsko-research-nesebar-02.jpg 1800w, https:\/\/loudavymkrokem.cz\/wp-content\/uploads\/2026\/08\/bulharsko-research-nesebar-02-300x225.jpg 300w, https:\/\/loudavymkrokem.cz\/wp-content\/uploads\/2026\/08\/bulharsko-research-nesebar-02-700x525.jpg 700w, https:\/\/loudavymkrokem.cz\/wp-content\/uploads\/2026\/08\/bulharsko-research-nesebar-02-768x576.jpg 768w, https:\/\/loudavymkrokem.cz\/wp-content\/uploads\/2026\/08\/bulharsko-research-nesebar-02-1536x1152.jpg 1536w, https:\/\/loudavymkrokem.cz\/wp-content\/uploads\/2026\/08\/bulharsko-research-nesebar-02-80x60.jpg 80w, https:\/\/loudavymkrokem.cz\/wp-content\/uploads\/2026\/08\/bulharsko-research-nesebar-02-160x120.jpg 160w, https:\/\/loudavymkrokem.cz\/wp-content\/uploads\/2026\/08\/bulharsko-research-nesebar-02-696x522.jpg 696w, https:\/\/loudavymkrokem.cz\/wp-content\/uploads\/2026\/08\/bulharsko-research-nesebar-02-1392x1044.jpg 1392w\" sizes=\"(max-width: 1800px) 100vw, 1800px\" \/><button\n\t\t\tclass=\"lightbox-trigger\"\n\t\t\ttype=\"button\"\n\t\t\taria-haspopup=\"dialog\"\n\t\t\tdata-wp-bind--aria-label=\"state.thisImage.triggerButtonAriaLabel\"\n\t\t\tdata-wp-init=\"callbacks.initTriggerButton\"\n\t\t\tdata-wp-on--click=\"actions.showLightbox\"\n\t\t\tdata-wp-style--right=\"state.thisImage.buttonRight\"\n\t\t\tdata-wp-style--top=\"state.thisImage.buttonTop\"\n\t\t>\n\t\t\t<svg xmlns=\"http:\/\/www.w3.org\/2000\/svg\" width=\"12\" height=\"12\" fill=\"none\" viewBox=\"0 0 12 12\">\n\t\t\t\t<path fill=\"#fff\" d=\"M2 0a2 2 0 0 0-2 2v2h1.5V2a.5.5 0 0 1 .5-.5h2V0H2Zm2 10.5H2a.5.5 0 0 1-.5-.5V8H0v2a2 2 0 0 0 2 2h2v-1.5ZM8 12v-1.5h2a.5.5 0 0 0 .5-.5V8H12v2a2 2 0 0 1-2 2H8Zm2-12a2 2 0 0 1 2 2v2h-1.5V2a.5.5 0 0 0-.5-.5H8V0h2Z\" \/>\n\t\t\t<\/svg>\n\t\t<\/button><figcaption class=\"wp-element-caption\">Foto: Bin im Garten \/ Wikimedia Commons (CC BY-SA 3.0)<\/figcaption><\/figure>\n\n\n\n<h2 class=\"wp-block-heading\"><span class=\"ez-toc-section\" id=\"Cat_costa_Nesebar_si_cum_se_plateste_aici\"><\/span>C\u00e2t cost\u0103 Nesebar \u0219i cum se pl\u0103te\u0219te aici<span class=\"ez-toc-section-end\"><\/span><\/h2>\n\n\n\n<p class=\"wp-block-paragraph\">Bulgaria a trecut la euro pe 1 ianuarie 2026, a\u0219a c\u0103 toate informa\u021biile mai vechi cu pre\u021buri \u00een leva sunt ast\u0103zi doar istorie. Cursul oficial de conversie a fost stabilit la <strong>1 \u20ac = 1,95583 lv<\/strong>, adic\u0103 \u00een jur de 5 lei pentru un euro.<\/p>\n\n\n\n<p class=\"wp-block-paragraph\">Cu plata nu vei avea nicio problem\u0103, pentru c\u0103 <strong>cardurile bancare se accept\u0103 \u00een mod obi\u0219nuit<\/strong> la intrarea \u00een monumente, \u00een restaurante \u0219i \u00een parc\u0103rile mai mari. Dac\u0103 totu\u0219i ai nevoie s\u0103 schimbi numerar, \u021bine minte c\u0103 <strong>casele de schimb au voie s\u0103 se abat\u0103 cu p\u00e2n\u0103 la 5 %<\/strong> de la cursul de referin\u021b\u0103. La bancomatele independente de pe strad\u0103 refuz\u0103 mereu ferm conversia \u00een propria moned\u0103 (a\u0219a-numitul DCC), altfel pierzi degeaba la un curs dezavantajos.<\/p>\n\n\n\n<p class=\"wp-block-paragraph\">Pentru anul 2026, muzeul local a publicat un <strong>tarif complet \u00een euro<\/strong>, dup\u0103 care te po\u021bi orienta u\u0219or. Copiii au la toate intr\u0103rile o reducere de aproximativ cincizeci la sut\u0103.<\/p>\n\n\n\n<p class=\"wp-block-paragraph\"><strong>Tabelul intr\u0103rilor la fiecare obiectiv (2026):<\/strong><\/p>\n\n\n\n<figure class=\"wp-block-table\"><table><thead><tr><th>Obiectiv<\/th><th>Adul\u021bi<\/th><th>Copii<\/th><\/tr><\/thead><tbody><tr><td>Muzeul Arheologic<\/td><td><strong>4,60 \u20ac<\/strong><\/td><td>2,30 \u20ac<\/td><\/tr><tr><td>Biserica Sf. \u0218tefan<\/td><td><strong>4,60 \u20ac<\/strong><\/td><td>2,30 \u20ac<\/td><\/tr><tr><td>Muzeul Etnografic<\/td><td><strong>3,07 \u20ac<\/strong><\/td><td>1,53 \u20ac<\/td><\/tr><tr><td>Biserica Sf. Spas<\/td><td><strong>2,56 \u20ac<\/strong><\/td><td>1,53 \u20ac<\/td><\/tr><tr><td>Biserica Sf. Paraschiva<\/td><td><strong>2,56 \u20ac<\/strong><\/td><td>1,53 \u20ac<\/td><\/tr><tr><td>Biserica Sf. Ioan Botez\u0103torul<\/td><td><strong>2,56 \u20ac<\/strong><\/td><td>1,53 \u20ac<\/td><\/tr><tr><td>Moara de v\u00e2nt<\/td><td><strong>2,56 \u20ac<\/strong><\/td><td>1,53 \u20ac<\/td><\/tr><\/tbody><\/table><\/figure>\n\n\n\n<p class=\"wp-block-paragraph\">Dac\u0103 \u00ee\u021bi propui s\u0103 vizitezi mai multe locuri, <strong>merit\u0103 s\u0103 iei biletele combinate<\/strong>, care se v\u00e2nd la casa <a href=\"https:\/\/www.ancient-nessebar.com\/\" target=\"_blank\" rel=\"noopener nofollow\">Muzeului Arheologic<\/a> chiar dup\u0103 poarta ora\u0219ului. Biletele sunt mereu disponibile \u0219i \u00een\u0103untru nu prea e aglomera\u021bie.<\/p>\n\n\n\n<p class=\"wp-block-paragraph\"><strong>Tabelul biletelor combinate (2026):<\/strong><\/p>\n\n\n\n<figure class=\"wp-block-table\"><table><thead><tr><th>Combina\u021bie<\/th><th>Adul\u021bi<\/th><th>Copii<\/th><\/tr><\/thead><tbody><tr><td>Muzeul Arh. + o biseric\u0103<\/td><td><strong>6,14 \u20ac<\/strong><\/td><td>3,07 \u20ac<\/td><\/tr><tr><td>Sf. \u0218tefan + Sf. Spas<\/td><td><strong>6,14 \u20ac<\/strong><\/td><td>3,07 \u20ac<\/td><\/tr><tr><td>Muzeul Arh. + Muzeul Etno<\/td><td><strong>6,65 \u20ac<\/strong><\/td><td>3,07 \u20ac<\/td><\/tr><tr><td>Muzeul Arh. + Sf. \u0218tefan<\/td><td><strong>7,67 \u20ac<\/strong><\/td><td>4,09 \u20ac<\/td><\/tr><tr><td>Sf. \u0218tefan + 3 obiective la alegere<\/td><td><strong>9,71 \u20ac<\/strong><\/td><td>4,60 \u20ac<\/td><\/tr><tr><td>Muzeul Arh. + Sf. \u0218tefan + Etno<\/td><td><strong>10,23 \u20ac<\/strong><\/td><td>5,11 \u20ac<\/td><\/tr><tr><td>Toate bisericile + moara<\/td><td><strong>13,29 \u20ac<\/strong><\/td><td>6,65 \u20ac<\/td><\/tr><tr><td><strong>TOATE obiectivele (7 locuri)<\/strong><\/td><td><strong>17,90 \u20ac<\/strong><\/td><td>8,69 \u20ac<\/td><\/tr><\/tbody><\/table><\/figure>\n\n\n\n<p class=\"wp-block-paragraph\">\ud83d\udca1 <strong>Sfat despre programul de vizitare:<\/strong> \u00cen sezonul de v\u00e2rf, de la 2 iunie p\u00e2n\u0103 la 14 septembrie, Muzeul Arheologic \u0219i biserica Sf. \u0218tefan sunt deschise de la 9:00 la 19:00. <strong>Fii \u00eens\u0103 foarte atent la bisericile mici \u0219i la moar\u0103<\/strong>, care au \u00eenchis peste pr\u00e2nz. Programul lor este 10:30\u201314:00 \u0219i 14:30\u201319:00, a\u0219a c\u0103 cine vine la amiaz\u0103 nu ajunge \u00een\u0103untru.<\/p>\n\n\n\n<figure data-wp-context=\"{&quot;imageId&quot;:&quot;6a9c3a6ed8446&quot;}\" data-wp-interactive=\"core\/image\" data-wp-key=\"6a9c3a6ed8446\" class=\"wp-block-image size-full wp-lightbox-container\"><img decoding=\"async\" width=\"1800\" height=\"1012\" data-wp-class--hide=\"state.isContentHidden\" data-wp-class--show=\"state.isContentVisible\" data-wp-init=\"callbacks.setButtonStyles\" data-wp-on--click=\"actions.showLightbox\" data-wp-on--load=\"callbacks.setButtonStyles\" data-wp-on--pointerdown=\"actions.preloadImage\" data-wp-on--pointerenter=\"actions.preloadImageWithDelay\" data-wp-on--pointerleave=\"actions.cancelPreload\" data-wp-on-window--resize=\"callbacks.setButtonStyles\" src=\"https:\/\/loudavymkrokem.cz\/wp-content\/uploads\/2026\/08\/bulharsko-research-nesebar-03.jpg\" alt=\"Biserica Sf. \u0218tefan, una dintre cele cinci accesibile pe interior\" class=\"wp-image-404848\" title=\"\" srcset=\"https:\/\/loudavymkrokem.cz\/wp-content\/uploads\/2026\/08\/bulharsko-research-nesebar-03.jpg 1800w, https:\/\/loudavymkrokem.cz\/wp-content\/uploads\/2026\/08\/bulharsko-research-nesebar-03-300x169.jpg 300w, https:\/\/loudavymkrokem.cz\/wp-content\/uploads\/2026\/08\/bulharsko-research-nesebar-03-700x394.jpg 700w, https:\/\/loudavymkrokem.cz\/wp-content\/uploads\/2026\/08\/bulharsko-research-nesebar-03-768x432.jpg 768w, https:\/\/loudavymkrokem.cz\/wp-content\/uploads\/2026\/08\/bulharsko-research-nesebar-03-1536x864.jpg 1536w, https:\/\/loudavymkrokem.cz\/wp-content\/uploads\/2026\/08\/bulharsko-research-nesebar-03-696x391.jpg 696w, https:\/\/loudavymkrokem.cz\/wp-content\/uploads\/2026\/08\/bulharsko-research-nesebar-03-1392x783.jpg 1392w\" sizes=\"(max-width: 1800px) 100vw, 1800px\" \/><button\n\t\t\tclass=\"lightbox-trigger\"\n\t\t\ttype=\"button\"\n\t\t\taria-haspopup=\"dialog\"\n\t\t\tdata-wp-bind--aria-label=\"state.thisImage.triggerButtonAriaLabel\"\n\t\t\tdata-wp-init=\"callbacks.initTriggerButton\"\n\t\t\tdata-wp-on--click=\"actions.showLightbox\"\n\t\t\tdata-wp-style--right=\"state.thisImage.buttonRight\"\n\t\t\tdata-wp-style--top=\"state.thisImage.buttonTop\"\n\t\t>\n\t\t\t<svg xmlns=\"http:\/\/www.w3.org\/2000\/svg\" width=\"12\" height=\"12\" fill=\"none\" viewBox=\"0 0 12 12\">\n\t\t\t\t<path fill=\"#fff\" d=\"M2 0a2 2 0 0 0-2 2v2h1.5V2a.5.5 0 0 1 .5-.5h2V0H2Zm2 10.5H2a.5.5 0 0 1-.5-.5V8H0v2a2 2 0 0 0 2 2h2v-1.5ZM8 12v-1.5h2a.5.5 0 0 0 .5-.5V8H12v2a2 2 0 0 1-2 2H8Zm2-12a2 2 0 0 1 2 2v2h-1.5V2a.5.5 0 0 0-.5-.5H8V0h2Z\" \/>\n\t\t\t<\/svg>\n\t\t<\/button><figcaption class=\"wp-element-caption\">Foto: Paulmezmerrick \/ Wikimedia Commons (CC BY-SA 4.0)<\/figcaption><\/figure>\n\n\n\n<h2 class=\"wp-block-heading\"><span class=\"ez-toc-section\" id=\"Care_biserici_se_pot_vizita_pe_interior\"><\/span>Care biserici se pot vizita pe interior<span class=\"ez-toc-section-end\"><\/span><\/h2>\n\n\n\n<p class=\"wp-block-paragraph\">Citind ghidurile, po\u021bi avea u\u0219or impresia c\u0103 \u00een Nesebar vei intra \u00een zeci de l\u0103ca\u0219uri str\u0103vechi, dar realitatea e pu\u021bin diferit\u0103. Legendele locale vorbesc despre peste patruzeci de temple, iar arheologii au dovezi ferme pentru dou\u0103zeci \u0219i trei, dar <strong>localitatea \u00eenregistreaz\u0103 ast\u0103zi cincisprezece construc\u021bii p\u0103strate<\/strong>, dintre care treisprezece sunt protejate ca monument cultural.<\/p>\n\n\n\n<p class=\"wp-block-paragraph\">Din acest num\u0103r, <strong>doar patru biserici istorice sunt accesibile pe interior ca muzee cu bilet<\/strong>, \u00een timp ce slujbele se \u021bin \u00eentr-un singur l\u0103ca\u0219 func\u021bional din secolul al XIX-lea. Toate celelalte monumente celebre sunt ruine f\u0103r\u0103 acoperi\u0219, cu acces liber, pe care le po\u021bi vedea oric\u00e2nd din exterior complet gratuit.<\/p>\n\n\n\n<figure class=\"wp-block-table\"><table><thead><tr><th>Biseric\u0103<\/th><th>Secolul<\/th><th>Se intr\u0103?<\/th><th>Intrare<\/th><th>Ce vezi \u00een\u0103untru<\/th><\/tr><\/thead><tbody><tr><td><strong>Sf. \u0218tefan<\/strong><\/td><td>sec. XI\u2013XIII<\/td><td><strong>Da<\/strong><\/td><td>4,60 \u20ac<\/td><td>Peste 1 000 de personaje pe fresce superbe din anul 1599, iconostas pictat \u0219i tron sculptat \u00een lemn.<\/td><\/tr><tr><td><strong>Sf. Spas<\/strong><\/td><td>sec. XVII (1609)<\/td><td><strong>Da<\/strong><\/td><td>2,56 \u20ac<\/td><td>Pere\u021bi acoperi\u021bi de fresce din secolul XVII, locul original al lespezii unei prin\u021bese bizantine.<\/td><\/tr><tr><td><strong>Sf. Paraschiva<\/strong><\/td><td>sec. XIII\u2013XIV<\/td><td><strong>Da<\/strong><\/td><td>2,56 \u20ac<\/td><td>Expozi\u021bie de fresce salvate din biserica Sf. Gheorghe demolat\u0103, d\u0103r\u00e2mat\u0103 \u00een 1958.<\/td><\/tr><tr><td><strong>Sf. Ioan Botez\u0103torul<\/strong><\/td><td>sec. X\u2013XI<\/td><td><strong>Da<\/strong><\/td><td>2,56 \u20ac<\/td><td>Rar portret de ctitor din secolul XIV \u0219i fresca Sf. Marina. Biserica st\u0103 pe funda\u021bii mai vechi.<\/td><\/tr><tr><td><strong>Maica Domnului<\/strong><\/td><td>sec. XIX (1894)<\/td><td><strong>Da<\/strong><\/td><td>Gratuit<\/td><td>Singurul l\u0103ca\u0219 viu, func\u021bional, cu clopotni\u021b\u0103 \u00eenalt\u0103 \u0219i icoan\u0103 f\u0103c\u0103toare de minuni, loc \u00eendr\u0103git pentru nun\u021bi locale.<\/td><\/tr><tr><td><strong>Sf. Sofia<\/strong><\/td><td>sec. V<\/td><td><strong>Nu<\/strong> (ruin\u0103)<\/td><td>Gratuit<\/td><td>Uria\u0219a bazilic\u0103 f\u0103r\u0103 acoperi\u0219, cea mai fotografiat\u0103, chiar \u00een centrul peninsulei.<\/td><\/tr><tr><td><strong>Sf. Ioan Aliturgetos<\/strong><\/td><td>sec. XIV<\/td><td><strong>Nu<\/strong> (ruin\u0103)<\/td><td>Gratuit<\/td><td>Exemplu superb de zid\u0103rie \u00een stil pitoresc deasupra portului, avariat de puternicul cutremur din 1913.<\/td><\/tr><tr><td><strong>Hristos Pantocrator<\/strong><\/td><td>sec. XIII\u2013XIV<\/td><td><strong>Doar exterior<\/strong> \u26a0\ufe0f<\/td><td>Verific\u0103 la fa\u021ba locului<\/td><td>Cea mai ornamentat\u0103 fa\u021bad\u0103 din ora\u0219, cu friz\u0103 de svastici, simbol solar. Interiorul e \u00eenchis din cauza unei restaur\u0103ri \u00eendelungate.<\/td><\/tr><tr><td><strong>Maica Domnului Eleusa<\/strong><\/td><td>sec. V\u2013VI<\/td><td><strong>Nu<\/strong> (ruin\u0103)<\/td><td>Gratuit<\/td><td>Bazilic\u0103 \u00eentins\u0103 pe malul nordic, o parte a c\u0103reia s-a pr\u0103bu\u0219it \u00een trecut \u00een mare.<\/td><\/tr><\/tbody><\/table><\/figure>\n\n\n\n<figure data-wp-context=\"{&quot;imageId&quot;:&quot;6a9c3a6ed8921&quot;}\" data-wp-interactive=\"core\/image\" data-wp-key=\"6a9c3a6ed8921\" class=\"wp-block-image size-full wp-lightbox-container\"><img decoding=\"async\" width=\"1800\" height=\"1350\" data-wp-class--hide=\"state.isContentHidden\" data-wp-class--show=\"state.isContentVisible\" data-wp-init=\"callbacks.setButtonStyles\" data-wp-on--click=\"actions.showLightbox\" data-wp-on--load=\"callbacks.setButtonStyles\" data-wp-on--pointerdown=\"actions.preloadImage\" data-wp-on--pointerenter=\"actions.preloadImageWithDelay\" data-wp-on--pointerleave=\"actions.cancelPreload\" data-wp-on-window--resize=\"callbacks.setButtonStyles\" src=\"https:\/\/loudavymkrokem.cz\/wp-content\/uploads\/2026\/08\/bulharsko-research-nesebar-04.jpg\" alt=\"Strad\u0103 din vechiul Nesebar pavat\u0103 cu piatr\u0103 cubic\u0103\" class=\"wp-image-404849\" title=\"\" srcset=\"https:\/\/loudavymkrokem.cz\/wp-content\/uploads\/2026\/08\/bulharsko-research-nesebar-04.jpg 1800w, https:\/\/loudavymkrokem.cz\/wp-content\/uploads\/2026\/08\/bulharsko-research-nesebar-04-300x225.jpg 300w, https:\/\/loudavymkrokem.cz\/wp-content\/uploads\/2026\/08\/bulharsko-research-nesebar-04-700x525.jpg 700w, https:\/\/loudavymkrokem.cz\/wp-content\/uploads\/2026\/08\/bulharsko-research-nesebar-04-768x576.jpg 768w, https:\/\/loudavymkrokem.cz\/wp-content\/uploads\/2026\/08\/bulharsko-research-nesebar-04-1536x1152.jpg 1536w, https:\/\/loudavymkrokem.cz\/wp-content\/uploads\/2026\/08\/bulharsko-research-nesebar-04-80x60.jpg 80w, https:\/\/loudavymkrokem.cz\/wp-content\/uploads\/2026\/08\/bulharsko-research-nesebar-04-160x120.jpg 160w, https:\/\/loudavymkrokem.cz\/wp-content\/uploads\/2026\/08\/bulharsko-research-nesebar-04-696x522.jpg 696w, https:\/\/loudavymkrokem.cz\/wp-content\/uploads\/2026\/08\/bulharsko-research-nesebar-04-1392x1044.jpg 1392w\" sizes=\"(max-width: 1800px) 100vw, 1800px\" \/><button\n\t\t\tclass=\"lightbox-trigger\"\n\t\t\ttype=\"button\"\n\t\t\taria-haspopup=\"dialog\"\n\t\t\tdata-wp-bind--aria-label=\"state.thisImage.triggerButtonAriaLabel\"\n\t\t\tdata-wp-init=\"callbacks.initTriggerButton\"\n\t\t\tdata-wp-on--click=\"actions.showLightbox\"\n\t\t\tdata-wp-style--right=\"state.thisImage.buttonRight\"\n\t\t\tdata-wp-style--top=\"state.thisImage.buttonTop\"\n\t\t>\n\t\t\t<svg xmlns=\"http:\/\/www.w3.org\/2000\/svg\" width=\"12\" height=\"12\" fill=\"none\" viewBox=\"0 0 12 12\">\n\t\t\t\t<path fill=\"#fff\" d=\"M2 0a2 2 0 0 0-2 2v2h1.5V2a.5.5 0 0 1 .5-.5h2V0H2Zm2 10.5H2a.5.5 0 0 1-.5-.5V8H0v2a2 2 0 0 0 2 2h2v-1.5ZM8 12v-1.5h2a.5.5 0 0 0 .5-.5V8H12v2a2 2 0 0 1-2 2H8Zm2-12a2 2 0 0 1 2 2v2h-1.5V2a.5.5 0 0 0-.5-.5H8V0h2Z\" \/>\n\t\t\t<\/svg>\n\t\t<\/button><figcaption class=\"wp-element-caption\">Foto: Tanya Dedyukhina \/ Wikimedia Commons, CC BY 3.0<\/figcaption><\/figure>\n\n\n\n<h2 class=\"wp-block-heading\"><span class=\"ez-toc-section\" id=\"Cum_ajungi_in_Nesebar_si_unde_parchezi\"><\/span>Cum ajungi \u00een Nesebar \u0219i unde parchezi<span class=\"ez-toc-section-end\"><\/span><\/h2>\n\n\n\n<p class=\"wp-block-paragraph\">Transportul spre ora\u0219ul vechi cere pu\u021bin\u0103 planificare, mai ales dac\u0103 te preg\u0103te\u0219ti s\u0103 vii cu ma\u0219ina proprie sau \u00eenchiriat\u0103. Cea mai frecvent\u0103 \u00eentrebare de pe forumurile de discu\u021bii este drumul din sta\u021biunile vecine, pentru c\u0103 <strong>\u00eentre Sunny Beach \u0219i Nesebar fac naveta mul\u021bimi de turi\u0219ti<\/strong> de diminea\u021ba p\u00e2n\u0103 noaptea.<\/p>\n\n\n\n<p class=\"wp-block-paragraph\">Varianta cea mai practic\u0103 \u0219i mai ieftin\u0103 este s\u0103 folose\u0219ti <strong><a href=\"https:\/\/cbs-nesebar.com\/\" target=\"_blank\" rel=\"noopener nofollow\">transportul local cu autobuzul<\/a><\/strong>, concret liniile 1, 4, 5 \u0219i 8, care circul\u0103 dup\u0103 orarul oficial de var\u0103 de la \u00eenceputul lui iunie. Cea mai frecvent\u0103 este linia 1, care pleac\u0103 din Sunny Beach de la 5:45 p\u00e2n\u0103 la miezul nop\u021bii, la un interval pl\u0103cut de 10\u201320 de minute. Drumul dureaz\u0103 aproape un sfert de or\u0103, <strong>biletul cost\u0103 \u00een jur de 1 \u20ac \u0219i se pl\u0103te\u0219te cash direct la conductor<\/strong>, \u00een interiorul autobuzului. De la aeroportul Burgas nu circul\u0103 autobuz direct, trebuie s\u0103 iei linia urban\u0103 15 p\u00e2n\u0103 la autogara de sud din Burgas \u0219i acolo s\u0103 schimbi cu o curs\u0103 interurban\u0103.<\/p>\n\n\n\n<p class=\"wp-block-paragraph\">O alternativ\u0103 este popularul <strong>trenule\u021b turistic<\/strong>, care circul\u0103 pe patru trasee cam la fiecare cincisprezece minute, sau <strong>micile b\u0103rcu\u021be de agrement<\/strong>, care pleac\u0103 la fiecare jum\u0103tate de or\u0103 din porturile din Sunny Beach. B\u0103rcu\u021ba te cost\u0103 circa 10 \u20ac de adult \u0219i 5 \u20ac de copil, ceea ce e o experien\u021b\u0103 grozav\u0103, dar \u021bine cont c\u0103, pe v\u00e2nt mai puternic, plimbarea se poate leg\u0103na destul de tare.<\/p>\n\n\n\n<p class=\"wp-block-paragraph\">Dac\u0103 mergi cu ma\u0219ina, trebuie s\u0103 \u0219tii un lucru esen\u021bial: <strong>pe peninsul\u0103 nu ajungi deloc cu ma\u0219ina f\u0103r\u0103 un permis ob\u021binut \u00een prealabil<\/strong>. Nu exist\u0103 nicio tax\u0103 de intrare, sistemul func\u021bioneaz\u0103 astfel: oaspe\u021bii caza\u021bi direct \u00een ora\u0219ul vechi trebuie s\u0103 aib\u0103 num\u0103rul de \u00eenmatriculare anun\u021bat dinainte prin recep\u021bia hotelului. Odat\u0103 ce ajungi, barierele te las\u0103 s\u0103 intri \u0219i <strong>prime\u0219ti exact o or\u0103 ca s\u0103 descarci bagajele<\/strong>, dup\u0103 care trebuie s\u0103 duci ma\u0219ina \u00een parcarea de a\u0219teptare.<\/p>\n\n\n\n<p class=\"wp-block-paragraph\"><strong>Unde parchezi \u0219i c\u00e2t cost\u0103:<\/strong><\/p>\n\n\n\n<p class=\"wp-block-paragraph\">Cea mai bun\u0103 op\u021biune este marea parcare complet automatizat\u0103 <strong><a href=\"https:\/\/nessebar.bg\/\" target=\"_blank\" rel=\"noopener nofollow\">Parking North (\u0421\u0435\u0432\u0435\u0440 \u2013 \u0433\u043e\u043b\u044f\u043c), pe strada Krajbre\u017ena<\/a><\/strong>, unde pl\u0103te\u0219ti comod cu cardul. Panourile electronice \u00ee\u021bi arat\u0103 de la distan\u021b\u0103 num\u0103rul de locuri libere.<\/p>\n\n\n\n<ul class=\"wp-block-list\">\n\n<li>Autoturism, parcare p\u00e2n\u0103 la 5 ore: <strong>1,50 \u20ac pe or\u0103<\/strong><\/li>\n\n\n\n<li>Autoturism, peste 5 p\u00e2n\u0103 la 24 de ore: <strong>7,50 \u20ac pe toat\u0103 ziua<\/strong><\/li>\n\n\n\n<li>Zona albastr\u0103 din ora\u0219ul nou (maxim 3 ore): <strong>1,00 \u20ac pe or\u0103<\/strong><\/li>\n\n\n<\/ul>\n\n\n\n<p class=\"wp-block-paragraph\">Fii foarte atent la parcarea \u00een afara locurilor marcate. Poli\u021bia local\u0103 este intransigent\u0103, <strong>montarea unei blocatoare de ro\u021bi te va costa 20 \u20ac<\/strong>, iar ridicarea vehiculului ajunge la 40 \u20ac plus taxa de parcare orar\u0103.<\/p>\n\n\n\n<figure data-wp-context=\"{&quot;imageId&quot;:&quot;6a9c3a6ed9033&quot;}\" data-wp-interactive=\"core\/image\" data-wp-key=\"6a9c3a6ed9033\" class=\"wp-block-image size-full wp-lightbox-container\"><img decoding=\"async\" width=\"1800\" height=\"1195\" data-wp-class--hide=\"state.isContentHidden\" data-wp-class--show=\"state.isContentVisible\" data-wp-init=\"callbacks.setButtonStyles\" data-wp-on--click=\"actions.showLightbox\" data-wp-on--load=\"callbacks.setButtonStyles\" data-wp-on--pointerdown=\"actions.preloadImage\" data-wp-on--pointerenter=\"actions.preloadImageWithDelay\" data-wp-on--pointerleave=\"actions.cancelPreload\" data-wp-on-window--resize=\"callbacks.setButtonStyles\" src=\"https:\/\/loudavymkrokem.cz\/wp-content\/uploads\/2026\/08\/bulharsko-research-nesebar-05.jpg\" alt=\"Portul din Nesebar\" class=\"wp-image-404852\" title=\"\" srcset=\"https:\/\/loudavymkrokem.cz\/wp-content\/uploads\/2026\/08\/bulharsko-research-nesebar-05.jpg 1800w, https:\/\/loudavymkrokem.cz\/wp-content\/uploads\/2026\/08\/bulharsko-research-nesebar-05-300x199.jpg 300w, https:\/\/loudavymkrokem.cz\/wp-content\/uploads\/2026\/08\/bulharsko-research-nesebar-05-700x465.jpg 700w, https:\/\/loudavymkrokem.cz\/wp-content\/uploads\/2026\/08\/bulharsko-research-nesebar-05-768x510.jpg 768w, https:\/\/loudavymkrokem.cz\/wp-content\/uploads\/2026\/08\/bulharsko-research-nesebar-05-1536x1020.jpg 1536w, https:\/\/loudavymkrokem.cz\/wp-content\/uploads\/2026\/08\/bulharsko-research-nesebar-05-696x462.jpg 696w, https:\/\/loudavymkrokem.cz\/wp-content\/uploads\/2026\/08\/bulharsko-research-nesebar-05-1392x924.jpg 1392w\" sizes=\"(max-width: 1800px) 100vw, 1800px\" \/><button\n\t\t\tclass=\"lightbox-trigger\"\n\t\t\ttype=\"button\"\n\t\t\taria-haspopup=\"dialog\"\n\t\t\tdata-wp-bind--aria-label=\"state.thisImage.triggerButtonAriaLabel\"\n\t\t\tdata-wp-init=\"callbacks.initTriggerButton\"\n\t\t\tdata-wp-on--click=\"actions.showLightbox\"\n\t\t\tdata-wp-style--right=\"state.thisImage.buttonRight\"\n\t\t\tdata-wp-style--top=\"state.thisImage.buttonTop\"\n\t\t>\n\t\t\t<svg xmlns=\"http:\/\/www.w3.org\/2000\/svg\" width=\"12\" height=\"12\" fill=\"none\" viewBox=\"0 0 12 12\">\n\t\t\t\t<path fill=\"#fff\" d=\"M2 0a2 2 0 0 0-2 2v2h1.5V2a.5.5 0 0 1 .5-.5h2V0H2Zm2 10.5H2a.5.5 0 0 1-.5-.5V8H0v2a2 2 0 0 0 2 2h2v-1.5ZM8 12v-1.5h2a.5.5 0 0 0 .5-.5V8H12v2a2 2 0 0 1-2 2H8Zm2-12a2 2 0 0 1 2 2v2h-1.5V2a.5.5 0 0 0-.5-.5H8V0h2Z\" \/>\n\t\t\t<\/svg>\n\t\t<\/button><figcaption class=\"wp-element-caption\">Foto: Wistula \/ Wikimedia Commons, CC BY 3.0<\/figcaption><\/figure>\n\n\n\n<h2 class=\"wp-block-heading\"><span class=\"ez-toc-section\" id=\"Cu_taxiul_doar_cu_cap\"><\/span>Cu taxiul, doar cu cap<span class=\"ez-toc-section-end\"><\/span><\/h2>\n\n\n\n<p class=\"wp-block-paragraph\">C\u0103l\u0103torind pe litoralul bulg\u0103resc vei da peste un fenomen foarte nepl\u0103cut, care te poate costa o gr\u0103mad\u0103 de bani. <strong>Tariful pe kilometru cu taxiul este \u00een localitatea Nesebar de circa trei ori mai mare<\/strong> dec\u00e2t \u00een apropiatul Burgas. \u00cen timp ce \u00een Burgas pl\u0103te\u0219ti 0,77 \u20ac pe kilometru, \u00een Nesebar tariful de zi este 2,30 \u20ac, iar cel de noapte chiar 2,56 \u20ac. Taxa de pornire este apoi de 3,83 \u20ac.<\/p>\n\n\n\n<p class=\"wp-block-paragraph\">\u00cen practic\u0103, asta \u00eenseamn\u0103 c\u0103, dac\u0103 iei un taxi de pe strad\u0103 pentru drumul din Sunny Beach p\u00e2n\u0103 la aeroportul din Burgas (aproximativ 26 de kilometri), <strong>aparatul \u00ee\u021bi va ar\u0103ta ziua 64 \u20ac, iar noaptea chiar 70 \u20ac<\/strong>. Aceea\u0219i distan\u021b\u0103 identic\u0103 te-ar costa \u00een Burgas \u00een jur de dou\u0103zeci de euro. Dac\u0103 \u00eens\u0103 comanzi un transfer din timp, prin internet, <strong>pl\u0103te\u0219ti pentru drumul la aeroport cam o treime<\/strong>, adic\u0103 \u00eentre 31 \u0219i 41 \u20ac.<\/p>\n\n\n\n<p class=\"wp-block-paragraph\">Potrivit experien\u021bei turi\u0219tilor \u0219i presei locale, apar cazuri \u00een care \u0219oferii le factureaz\u0103 vizitatorilor ne\u0219tiutori sume absurde. Este documentat un caz din iunie 2023, c\u00e2nd <strong>un turist a pl\u0103tit 35 \u20ac pentru doar 1,6 kilometri de drum<\/strong>. Cea mai bun\u0103 preven\u021bie este s\u0103 nu urci \u00een prima ma\u0219in\u0103 care \u00ee\u021bi clipe\u0219te \u00een fa\u021b\u0103 la club sau pe promenad\u0103, ci s\u0103 mergi la sta\u021bia oficial\u0103 sau s\u0103 negociezi pre\u021bul clar dinainte. <strong>Aplica\u021bii precum Uber sau Bolt, din p\u0103cate, nu func\u021bioneaz\u0103 aici.<\/strong><\/p>\n\n\n\n<figure data-wp-context=\"{&quot;imageId&quot;:&quot;6a9c3a6ed9620&quot;}\" data-wp-interactive=\"core\/image\" data-wp-key=\"6a9c3a6ed9620\" class=\"wp-block-image size-full wp-lightbox-container\"><img decoding=\"async\" width=\"1800\" height=\"1349\" data-wp-class--hide=\"state.isContentHidden\" data-wp-class--show=\"state.isContentVisible\" data-wp-init=\"callbacks.setButtonStyles\" data-wp-on--click=\"actions.showLightbox\" data-wp-on--load=\"callbacks.setButtonStyles\" data-wp-on--pointerdown=\"actions.preloadImage\" data-wp-on--pointerenter=\"actions.preloadImageWithDelay\" data-wp-on--pointerleave=\"actions.cancelPreload\" data-wp-on-window--resize=\"callbacks.setButtonStyles\" src=\"https:\/\/loudavymkrokem.cz\/wp-content\/uploads\/2026\/08\/bulharsko-research-nesebar-06.jpg\" alt=\"Nesebar \u00een afara valului de turi\u0219ti\" class=\"wp-image-404854\" title=\"\" srcset=\"https:\/\/loudavymkrokem.cz\/wp-content\/uploads\/2026\/08\/bulharsko-research-nesebar-06.jpg 1800w, https:\/\/loudavymkrokem.cz\/wp-content\/uploads\/2026\/08\/bulharsko-research-nesebar-06-300x225.jpg 300w, https:\/\/loudavymkrokem.cz\/wp-content\/uploads\/2026\/08\/bulharsko-research-nesebar-06-700x525.jpg 700w, https:\/\/loudavymkrokem.cz\/wp-content\/uploads\/2026\/08\/bulharsko-research-nesebar-06-768x576.jpg 768w, https:\/\/loudavymkrokem.cz\/wp-content\/uploads\/2026\/08\/bulharsko-research-nesebar-06-1536x1151.jpg 1536w, https:\/\/loudavymkrokem.cz\/wp-content\/uploads\/2026\/08\/bulharsko-research-nesebar-06-80x60.jpg 80w, https:\/\/loudavymkrokem.cz\/wp-content\/uploads\/2026\/08\/bulharsko-research-nesebar-06-160x120.jpg 160w, https:\/\/loudavymkrokem.cz\/wp-content\/uploads\/2026\/08\/bulharsko-research-nesebar-06-696x522.jpg 696w, https:\/\/loudavymkrokem.cz\/wp-content\/uploads\/2026\/08\/bulharsko-research-nesebar-06-1392x1043.jpg 1392w\" sizes=\"(max-width: 1800px) 100vw, 1800px\" \/><button\n\t\t\tclass=\"lightbox-trigger\"\n\t\t\ttype=\"button\"\n\t\t\taria-haspopup=\"dialog\"\n\t\t\tdata-wp-bind--aria-label=\"state.thisImage.triggerButtonAriaLabel\"\n\t\t\tdata-wp-init=\"callbacks.initTriggerButton\"\n\t\t\tdata-wp-on--click=\"actions.showLightbox\"\n\t\t\tdata-wp-style--right=\"state.thisImage.buttonRight\"\n\t\t\tdata-wp-style--top=\"state.thisImage.buttonTop\"\n\t\t>\n\t\t\t<svg xmlns=\"http:\/\/www.w3.org\/2000\/svg\" width=\"12\" height=\"12\" fill=\"none\" viewBox=\"0 0 12 12\">\n\t\t\t\t<path fill=\"#fff\" d=\"M2 0a2 2 0 0 0-2 2v2h1.5V2a.5.5 0 0 1 .5-.5h2V0H2Zm2 10.5H2a.5.5 0 0 1-.5-.5V8H0v2a2 2 0 0 0 2 2h2v-1.5ZM8 12v-1.5h2a.5.5 0 0 0 .5-.5V8H12v2a2 2 0 0 1-2 2H8Zm2-12a2 2 0 0 1 2 2v2h-1.5V2a.5.5 0 0 0-.5-.5H8V0h2Z\" \/>\n\t\t\t<\/svg>\n\t\t<\/button><figcaption class=\"wp-element-caption\">Foto: \u041c\u0438\u0445\u0430\u043b \u041e\u0440\u0435\u043b\u0430 \/ Wikimedia Commons, CC BY 3.0<\/figcaption><\/figure>\n\n\n\n<h2 class=\"wp-block-heading\"><span class=\"ez-toc-section\" id=\"Cand_sa_mergi_in_Nesebar_ca_sa-l_ai_aproape_numai_pentru_tine\"><\/span>C\u00e2nd s\u0103 mergi \u00een Nesebar ca s\u0103-l ai aproape numai pentru tine<span class=\"ez-toc-section-end\"><\/span><\/h2>\n\n\n\n<p class=\"wp-block-paragraph\">Cifrele oficiale ale localit\u0103\u021bii vorbesc clar: <strong>\u00een sezonul de var\u0103, ora\u0219ul vechi este vizitat de peste 30 000 de oameni pe zi<\/strong>. C\u00e2nd \u00ee\u021bi dai seama c\u0103 \u00eentreaga peninsul\u0103 se \u00eentinde pe o suprafa\u021b\u0103 mai mic\u0103 dec\u00e2t un mare parc urban din Bucure\u0219ti, e clar c\u0103 pe str\u0103du\u021bele \u00eenguste va fi cu adev\u0103rat \u00eenghesuial\u0103. Nesebar este pur \u0219i simplu cea mai vizitat\u0103 localitate din toat\u0103 Bulgaria.<\/p>\n\n\n\n<p class=\"wp-block-paragraph\">Cea mai mare aglomera\u021bie este <strong>\u00eentre amiaz\u0103 \u0219i ora \u0219apte seara<\/strong>, c\u00e2nd sosesc \u00eencontinuu excursii organizate din \u00eemprejurimi. Dac\u0103 vrei s\u0103 te bucuri de atmosfera romantic\u0103 a str\u0103du\u021belor de piatr\u0103, <strong>vino aici diminea\u021ba devreme, \u00eenainte de ora zece<\/strong>, c\u00e2nd e \u00eenc\u0103 o r\u0103coare pl\u0103cut\u0103, iar marea e cea mai lini\u0219tit\u0103. O alegere excelent\u0103 este \u0219i plimbarea de sear\u0103, dup\u0103 ora opt, c\u00e2nd mul\u021bimile se r\u0103resc, iar ora\u0219ul se lumineaz\u0103 superb.<\/p>\n\n\n\n<p class=\"wp-block-paragraph\">Dac\u0103 te g\u00e2nde\u0219ti la o vizit\u0103 \u00een afara sezonului, \u021bine minte c\u0103 <strong>de la 13 octombrie p\u00e2n\u0103 la sf\u00e2r\u0219itul lui martie toate bisericile mici \u0219i muzeele sunt practic \u00eenchise<\/strong> (func\u021bioneaz\u0103 doar la comand\u0103 special\u0103). R\u0103m\u00e2n deschise numai Muzeul Arheologic \u0219i biserica Sf. \u0218tefan, \u0219i doar p\u00e2n\u0103 la ora cinci dup\u0103-amiaza. De asemenea, majoritatea restaurantelor de pe peninsul\u0103 se \u00eenchid pentru iarn\u0103.<\/p>\n\n\n\n<p class=\"wp-block-paragraph\"><strong>Temperaturile medii ale aerului \u0219i ale m\u0103rii, pe luni:<\/strong><\/p>\n\n\n\n<figure class=\"wp-block-table\"><table><thead><tr><th>Luna<\/th><th>Aer \u00b0C<\/th><th>Mare \u00b0C<\/th><th>Precipita\u021bii (zile)<\/th><\/tr><\/thead><tbody><tr><td>Mai<\/td><td>20,3<\/td><td>16,1<\/td><td>9,9<\/td><\/tr><tr><td>Iunie<\/td><td>25,2<\/td><td>23,1<\/td><td>10,4<\/td><\/tr><tr><td>Iulie<\/td><td>28,0<\/td><td>26,4<\/td><td>6,5<\/td><\/tr><tr><td><strong>August<\/strong><\/td><td><strong>28,4<\/strong><\/td><td><strong>26,4<\/strong><\/td><td><strong>3,5<\/strong><\/td><\/tr><tr><td>Septembrie<\/td><td>24,5<\/td><td>24,7<\/td><td>5,8<\/td><\/tr><tr><td>Octombrie<\/td><td>19,0<\/td><td>20,8<\/td><td>6,8<\/td><\/tr><\/tbody><\/table><\/figure>\n\n\n\n<p class=\"wp-block-paragraph\">\ud83d\udca1 <strong>Sfat despre temperatura m\u0103rii:<\/strong> Potrivit datelor meteorologice exacte, apa se schimb\u0103 foarte dinamic chiar \u0219i \u00een cursul unei singure luni. \u00cen timp ce \u00eenceputul lunii iunie este \u00eenc\u0103 destul de rece, <strong>sf\u00e2r\u0219itul lui iunie are marea cu peste trei grade mai cald\u0103<\/strong>. \u00cen mod surprinz\u0103tor, prima jum\u0103tate a lunii septembrie ofer\u0103 pentru sc\u0103ldat o ap\u0103 mult mai cald\u0103 dec\u00e2t \u00eenceputul verii.<\/p>\n\n\n\n<figure data-wp-context=\"{&quot;imageId&quot;:&quot;6a9c3a6ed9b47&quot;}\" data-wp-interactive=\"core\/image\" data-wp-key=\"6a9c3a6ed9b47\" class=\"wp-block-image size-full wp-lightbox-container\"><img decoding=\"async\" width=\"1800\" height=\"1156\" data-wp-class--hide=\"state.isContentHidden\" data-wp-class--show=\"state.isContentVisible\" data-wp-init=\"callbacks.setButtonStyles\" data-wp-on--click=\"actions.showLightbox\" data-wp-on--load=\"callbacks.setButtonStyles\" data-wp-on--pointerdown=\"actions.preloadImage\" data-wp-on--pointerenter=\"actions.preloadImageWithDelay\" data-wp-on--pointerleave=\"actions.cancelPreload\" data-wp-on-window--resize=\"callbacks.setButtonStyles\" src=\"https:\/\/loudavymkrokem.cz\/wp-content\/uploads\/2026\/08\/bulharsko-research-nesebar-07.jpg\" alt=\"Bisericile medievale ale peninsulei Nesebar\" class=\"wp-image-404856\" title=\"\" srcset=\"https:\/\/loudavymkrokem.cz\/wp-content\/uploads\/2026\/08\/bulharsko-research-nesebar-07.jpg 1800w, https:\/\/loudavymkrokem.cz\/wp-content\/uploads\/2026\/08\/bulharsko-research-nesebar-07-300x193.jpg 300w, https:\/\/loudavymkrokem.cz\/wp-content\/uploads\/2026\/08\/bulharsko-research-nesebar-07-700x450.jpg 700w, https:\/\/loudavymkrokem.cz\/wp-content\/uploads\/2026\/08\/bulharsko-research-nesebar-07-768x493.jpg 768w, https:\/\/loudavymkrokem.cz\/wp-content\/uploads\/2026\/08\/bulharsko-research-nesebar-07-1536x986.jpg 1536w, https:\/\/loudavymkrokem.cz\/wp-content\/uploads\/2026\/08\/bulharsko-research-nesebar-07-696x447.jpg 696w, https:\/\/loudavymkrokem.cz\/wp-content\/uploads\/2026\/08\/bulharsko-research-nesebar-07-1392x894.jpg 1392w\" sizes=\"(max-width: 1800px) 100vw, 1800px\" \/><button\n\t\t\tclass=\"lightbox-trigger\"\n\t\t\ttype=\"button\"\n\t\t\taria-haspopup=\"dialog\"\n\t\t\tdata-wp-bind--aria-label=\"state.thisImage.triggerButtonAriaLabel\"\n\t\t\tdata-wp-init=\"callbacks.initTriggerButton\"\n\t\t\tdata-wp-on--click=\"actions.showLightbox\"\n\t\t\tdata-wp-style--right=\"state.thisImage.buttonRight\"\n\t\t\tdata-wp-style--top=\"state.thisImage.buttonTop\"\n\t\t>\n\t\t\t<svg xmlns=\"http:\/\/www.w3.org\/2000\/svg\" width=\"12\" height=\"12\" fill=\"none\" viewBox=\"0 0 12 12\">\n\t\t\t\t<path fill=\"#fff\" d=\"M2 0a2 2 0 0 0-2 2v2h1.5V2a.5.5 0 0 1 .5-.5h2V0H2Zm2 10.5H2a.5.5 0 0 1-.5-.5V8H0v2a2 2 0 0 0 2 2h2v-1.5ZM8 12v-1.5h2a.5.5 0 0 0 .5-.5V8H12v2a2 2 0 0 1-2 2H8Zm2-12a2 2 0 0 1 2 2v2h-1.5V2a.5.5 0 0 0-.5-.5H8V0h2Z\" \/>\n\t\t\t<\/svg>\n\t\t<\/button><figcaption class=\"wp-element-caption\">Foto: Pudelek (Marcin Szala) \/ Wikimedia Commons, CC BY-SA 3.0<\/figcaption><\/figure>\n\n\n\n<h2 class=\"wp-block-heading\"><span class=\"ez-toc-section\" id=\"Biserici_si_lacasuri_8_locuri_pe_care_trebuie_sa_le_vezi\"><\/span>Biserici \u0219i l\u0103ca\u0219uri: 8 locuri pe care trebuie s\u0103 le vezi<span class=\"ez-toc-section-end\"><\/span><\/h2>\n\n\n\n<p class=\"wp-block-paragraph\">Acum vine partea cea mai bun\u0103. Bog\u0103\u021bia arhitectural\u0103 este at\u00e2t de dens concentrat\u0103 aici, \u00eenc\u00e2t Nesebarul este poreclit \u201e<strong>Ravenna bulg\u0103reasc\u0103<\/strong>\u201d, \u0219i sincer, compara\u021bia asta are cap \u0219i coad\u0103. Toate monumentele men\u021bionate le g\u0103se\u0219ti <strong>pe o raz\u0103 de c\u00e2teva sute de metri<\/strong>.<\/p>\n\n\n\n<figure data-wp-context=\"{&quot;imageId&quot;:&quot;6a9c3a6ed9ec6&quot;}\" data-wp-interactive=\"core\/image\" data-wp-key=\"6a9c3a6ed9ec6\" class=\"wp-block-image size-full wp-lightbox-container\"><img decoding=\"async\" width=\"1800\" height=\"1450\" data-wp-class--hide=\"state.isContentHidden\" data-wp-class--show=\"state.isContentVisible\" data-wp-init=\"callbacks.setButtonStyles\" data-wp-on--click=\"actions.showLightbox\" data-wp-on--load=\"callbacks.setButtonStyles\" data-wp-on--pointerdown=\"actions.preloadImage\" data-wp-on--pointerenter=\"actions.preloadImageWithDelay\" data-wp-on--pointerleave=\"actions.cancelPreload\" data-wp-on-window--resize=\"callbacks.setButtonStyles\" src=\"https:\/\/loudavymkrokem.cz\/wp-content\/uploads\/2026\/08\/bulharsko-research-nesebar-08.jpg\" alt=\"Biserica Sf. \u0218tefan, Noua Mitropolie\" class=\"wp-image-404858\" title=\"\" srcset=\"https:\/\/loudavymkrokem.cz\/wp-content\/uploads\/2026\/08\/bulharsko-research-nesebar-08.jpg 1800w, https:\/\/loudavymkrokem.cz\/wp-content\/uploads\/2026\/08\/bulharsko-research-nesebar-08-300x242.jpg 300w, https:\/\/loudavymkrokem.cz\/wp-content\/uploads\/2026\/08\/bulharsko-research-nesebar-08-700x564.jpg 700w, https:\/\/loudavymkrokem.cz\/wp-content\/uploads\/2026\/08\/bulharsko-research-nesebar-08-768x619.jpg 768w, https:\/\/loudavymkrokem.cz\/wp-content\/uploads\/2026\/08\/bulharsko-research-nesebar-08-1536x1237.jpg 1536w, https:\/\/loudavymkrokem.cz\/wp-content\/uploads\/2026\/08\/bulharsko-research-nesebar-08-696x561.jpg 696w, https:\/\/loudavymkrokem.cz\/wp-content\/uploads\/2026\/08\/bulharsko-research-nesebar-08-1392x1121.jpg 1392w\" sizes=\"(max-width: 1800px) 100vw, 1800px\" \/><button\n\t\t\tclass=\"lightbox-trigger\"\n\t\t\ttype=\"button\"\n\t\t\taria-haspopup=\"dialog\"\n\t\t\tdata-wp-bind--aria-label=\"state.thisImage.triggerButtonAriaLabel\"\n\t\t\tdata-wp-init=\"callbacks.initTriggerButton\"\n\t\t\tdata-wp-on--click=\"actions.showLightbox\"\n\t\t\tdata-wp-style--right=\"state.thisImage.buttonRight\"\n\t\t\tdata-wp-style--top=\"state.thisImage.buttonTop\"\n\t\t>\n\t\t\t<svg xmlns=\"http:\/\/www.w3.org\/2000\/svg\" width=\"12\" height=\"12\" fill=\"none\" viewBox=\"0 0 12 12\">\n\t\t\t\t<path fill=\"#fff\" d=\"M2 0a2 2 0 0 0-2 2v2h1.5V2a.5.5 0 0 1 .5-.5h2V0H2Zm2 10.5H2a.5.5 0 0 1-.5-.5V8H0v2a2 2 0 0 0 2 2h2v-1.5ZM8 12v-1.5h2a.5.5 0 0 0 .5-.5V8H12v2a2 2 0 0 1-2 2H8Zm2-12a2 2 0 0 1 2 2v2h-1.5V2a.5.5 0 0 0-.5-.5H8V0h2Z\" \/>\n\t\t\t<\/svg>\n\t\t<\/button><figcaption class=\"wp-element-caption\">Foto: MrPanyGoff \/ Wikimedia Commons, CC BY-SA 3.0<\/figcaption><\/figure>\n\n\n\n<h3 class=\"wp-block-heading\"><span class=\"ez-toc-section\" id=\"1_Biserica_Sf_Stefan_Noua_Mitropolie\"><\/span>1. Biserica Sf. \u0218tefan (Noua Mitropolie)<span class=\"ez-toc-section-end\"><\/span><\/h3>\n\n\n\n<p class=\"wp-block-paragraph\">Acesta este v\u00e2rful absolut al arhitecturii din Nesebar \u0219i <strong>principala atrac\u021bie pentru to\u021bi iubitorii de istorie<\/strong>. Biserica dateaz\u0103 din secolele XI\u2013XIII \u0219i, ca una dintre pu\u021binele, este accesibil\u0103 pe interior (intrare 4,60 \u20ac). C\u00e2nd intri \u00een\u0103untru, te vor cople\u0219i <strong>frescele minunat p\u0103strate din anul 1599<\/strong>, care \u00eenf\u0103\u021bi\u0219eaz\u0103 peste 1 000 de personaje \u00een 258 de compozi\u021bii diferite.<\/p>\n\n\n\n<p class=\"wp-block-paragraph\">La decora\u021bie au lucrat, dovedit, trei mae\u0219tri diferi\u021bi, iar interiorul e completat de un superb iconostas pictat \u0219i de un tron sculptat din secolul XVIII. Un mare avantaj este c\u0103 <strong>aici, spre deosebire de majoritatea l\u0103ca\u0219urilor bulg\u0103re\u0219ti, ai voie s\u0103 fotografiezi<\/strong>, a\u0219a c\u0103 po\u021bi surprinde toat\u0103 aceast\u0103 frumuse\u021be. Biserica este deschis\u0103 vizitatorilor \u00eenc\u0103 din 1974 \u0219i clar nu ar trebui s\u0103 o ratezi.<\/p>\n\n\n\n<figure data-wp-context=\"{&quot;imageId&quot;:&quot;6a9c3a6eda278&quot;}\" data-wp-interactive=\"core\/image\" data-wp-key=\"6a9c3a6eda278\" class=\"wp-block-image size-full wp-lightbox-container\"><img decoding=\"async\" width=\"1800\" height=\"1350\" data-wp-class--hide=\"state.isContentHidden\" data-wp-class--show=\"state.isContentVisible\" data-wp-init=\"callbacks.setButtonStyles\" data-wp-on--click=\"actions.showLightbox\" data-wp-on--load=\"callbacks.setButtonStyles\" data-wp-on--pointerdown=\"actions.preloadImage\" data-wp-on--pointerenter=\"actions.preloadImageWithDelay\" data-wp-on--pointerleave=\"actions.cancelPreload\" data-wp-on-window--resize=\"callbacks.setButtonStyles\" src=\"https:\/\/loudavymkrokem.cz\/wp-content\/uploads\/2026\/08\/bulharsko-research-nesebar-09.jpg\" alt=\"Biserica Sf. Spas cu fresce din secolul XVII\" class=\"wp-image-404860\" title=\"\" srcset=\"https:\/\/loudavymkrokem.cz\/wp-content\/uploads\/2026\/08\/bulharsko-research-nesebar-09.jpg 1800w, https:\/\/loudavymkrokem.cz\/wp-content\/uploads\/2026\/08\/bulharsko-research-nesebar-09-300x225.jpg 300w, https:\/\/loudavymkrokem.cz\/wp-content\/uploads\/2026\/08\/bulharsko-research-nesebar-09-700x525.jpg 700w, https:\/\/loudavymkrokem.cz\/wp-content\/uploads\/2026\/08\/bulharsko-research-nesebar-09-768x576.jpg 768w, https:\/\/loudavymkrokem.cz\/wp-content\/uploads\/2026\/08\/bulharsko-research-nesebar-09-1536x1152.jpg 1536w, https:\/\/loudavymkrokem.cz\/wp-content\/uploads\/2026\/08\/bulharsko-research-nesebar-09-80x60.jpg 80w, https:\/\/loudavymkrokem.cz\/wp-content\/uploads\/2026\/08\/bulharsko-research-nesebar-09-160x120.jpg 160w, https:\/\/loudavymkrokem.cz\/wp-content\/uploads\/2026\/08\/bulharsko-research-nesebar-09-696x522.jpg 696w, https:\/\/loudavymkrokem.cz\/wp-content\/uploads\/2026\/08\/bulharsko-research-nesebar-09-1392x1044.jpg 1392w\" sizes=\"(max-width: 1800px) 100vw, 1800px\" \/><button\n\t\t\tclass=\"lightbox-trigger\"\n\t\t\ttype=\"button\"\n\t\t\taria-haspopup=\"dialog\"\n\t\t\tdata-wp-bind--aria-label=\"state.thisImage.triggerButtonAriaLabel\"\n\t\t\tdata-wp-init=\"callbacks.initTriggerButton\"\n\t\t\tdata-wp-on--click=\"actions.showLightbox\"\n\t\t\tdata-wp-style--right=\"state.thisImage.buttonRight\"\n\t\t\tdata-wp-style--top=\"state.thisImage.buttonTop\"\n\t\t>\n\t\t\t<svg xmlns=\"http:\/\/www.w3.org\/2000\/svg\" width=\"12\" height=\"12\" fill=\"none\" viewBox=\"0 0 12 12\">\n\t\t\t\t<path fill=\"#fff\" d=\"M2 0a2 2 0 0 0-2 2v2h1.5V2a.5.5 0 0 1 .5-.5h2V0H2Zm2 10.5H2a.5.5 0 0 1-.5-.5V8H0v2a2 2 0 0 0 2 2h2v-1.5ZM8 12v-1.5h2a.5.5 0 0 0 .5-.5V8H12v2a2 2 0 0 1-2 2H8Zm2-12a2 2 0 0 1 2 2v2h-1.5V2a.5.5 0 0 0-.5-.5H8V0h2Z\" \/>\n\t\t\t<\/svg>\n\t\t<\/button><figcaption class=\"wp-element-caption\">Foto: Oleg Yunakov \/ Wikimedia Commons (CC BY-SA 4.0)<\/figcaption><\/figure>\n\n\n\n<h3 class=\"wp-block-heading\"><span class=\"ez-toc-section\" id=\"2_Biserica_Sf_Spas_Inaltarea\"><\/span>2. Biserica Sf. Spas (\u00cen\u0103l\u021barea)<span class=\"ez-toc-section-end\"><\/span><\/h3>\n\n\n\n<p class=\"wp-block-paragraph\">Aceast\u0103 micu\u021b\u0103 \u0219i discret\u0103 construc\u021bie cu o singur\u0103 nav\u0103, din anul 1609, ascunde \u00een\u0103untru o adev\u0103rat\u0103 comoar\u0103. Dup\u0103 ce pl\u0103te\u0219ti intrarea de 2,56 \u20ac, intri \u00eentr-un spa\u021biu ai c\u0103rui <strong>pere\u021bi sunt acoperi\u021bi aproape de la podea p\u00e2n\u0103 la tavan cu fresce fascinante<\/strong> de la \u00eenceputul secolului XVII.<\/p>\n\n\n\n<p class=\"wp-block-paragraph\">Un lucru interesant este c\u0103 tocmai \u00een acest loc a fost ini\u021bial depus\u0103 <strong>lespedea funerar\u0103 a prin\u021besei bizantine Mataisa Cantacuzino Paleolog<\/strong>, care a murit \u00een anul 1441. Ast\u0103zi acest artefact rar \u00eel g\u0103se\u0219ti \u00een siguran\u021b\u0103 la Muzeul Arheologic, dar atmosfera l\u0103ca\u0219ului r\u0103m\u00e2ne oricum foarte puternic\u0103.<\/p>\n\n\n\n<figure data-wp-context=\"{&quot;imageId&quot;:&quot;6a9c3a6eda66d&quot;}\" data-wp-interactive=\"core\/image\" data-wp-key=\"6a9c3a6eda66d\" class=\"wp-block-image size-full wp-lightbox-container\"><img decoding=\"async\" width=\"1800\" height=\"729\" data-wp-class--hide=\"state.isContentHidden\" data-wp-class--show=\"state.isContentVisible\" data-wp-init=\"callbacks.setButtonStyles\" data-wp-on--click=\"actions.showLightbox\" data-wp-on--load=\"callbacks.setButtonStyles\" data-wp-on--pointerdown=\"actions.preloadImage\" data-wp-on--pointerenter=\"actions.preloadImageWithDelay\" data-wp-on--pointerleave=\"actions.cancelPreload\" data-wp-on-window--resize=\"callbacks.setButtonStyles\" src=\"https:\/\/loudavymkrokem.cz\/wp-content\/uploads\/2026\/08\/bulharsko-research-nesebar-10.jpg\" alt=\"Bazilica Sf. Sofia, Vechea Mitropolie f\u0103r\u0103 acoperi\u0219\" class=\"wp-image-404861\" title=\"\" srcset=\"https:\/\/loudavymkrokem.cz\/wp-content\/uploads\/2026\/08\/bulharsko-research-nesebar-10.jpg 1800w, https:\/\/loudavymkrokem.cz\/wp-content\/uploads\/2026\/08\/bulharsko-research-nesebar-10-300x122.jpg 300w, https:\/\/loudavymkrokem.cz\/wp-content\/uploads\/2026\/08\/bulharsko-research-nesebar-10-700x284.jpg 700w, https:\/\/loudavymkrokem.cz\/wp-content\/uploads\/2026\/08\/bulharsko-research-nesebar-10-768x311.jpg 768w, https:\/\/loudavymkrokem.cz\/wp-content\/uploads\/2026\/08\/bulharsko-research-nesebar-10-1536x622.jpg 1536w, https:\/\/loudavymkrokem.cz\/wp-content\/uploads\/2026\/08\/bulharsko-research-nesebar-10-696x282.jpg 696w, https:\/\/loudavymkrokem.cz\/wp-content\/uploads\/2026\/08\/bulharsko-research-nesebar-10-1392x564.jpg 1392w\" sizes=\"(max-width: 1800px) 100vw, 1800px\" \/><button\n\t\t\tclass=\"lightbox-trigger\"\n\t\t\ttype=\"button\"\n\t\t\taria-haspopup=\"dialog\"\n\t\t\tdata-wp-bind--aria-label=\"state.thisImage.triggerButtonAriaLabel\"\n\t\t\tdata-wp-init=\"callbacks.initTriggerButton\"\n\t\t\tdata-wp-on--click=\"actions.showLightbox\"\n\t\t\tdata-wp-style--right=\"state.thisImage.buttonRight\"\n\t\t\tdata-wp-style--top=\"state.thisImage.buttonTop\"\n\t\t>\n\t\t\t<svg xmlns=\"http:\/\/www.w3.org\/2000\/svg\" width=\"12\" height=\"12\" fill=\"none\" viewBox=\"0 0 12 12\">\n\t\t\t\t<path fill=\"#fff\" d=\"M2 0a2 2 0 0 0-2 2v2h1.5V2a.5.5 0 0 1 .5-.5h2V0H2Zm2 10.5H2a.5.5 0 0 1-.5-.5V8H0v2a2 2 0 0 0 2 2h2v-1.5ZM8 12v-1.5h2a.5.5 0 0 0 .5-.5V8H12v2a2 2 0 0 1-2 2H8Zm2-12a2 2 0 0 1 2 2v2h-1.5V2a.5.5 0 0 0-.5-.5H8V0h2Z\" \/>\n\t\t\t<\/svg>\n\t\t<\/button><figcaption class=\"wp-element-caption\">Foto: fusion-of-horizons \/ Wikimedia Commons, CC BY 2.0<\/figcaption><\/figure>\n\n\n\n<h3 class=\"wp-block-heading\"><span class=\"ez-toc-section\" id=\"3_Bazilica_Sf_Sofia_Vechea_Mitropolie\"><\/span>3. Bazilica Sf. Sofia (Vechea Mitropolie)<span class=\"ez-toc-section-end\"><\/span><\/h3>\n\n\n\n<p class=\"wp-block-paragraph\">Aceasta este <strong>cea mai fotografiat\u0103 ruin\u0103 din tot ora\u0219ul<\/strong> \u0219i, probabil, imaginea iconic\u0103 ce \u00ee\u021bi vine \u00een minte c\u00e2nd auzi de Nesebar. Uria\u0219a bazilic\u0103 deschis\u0103, f\u0103r\u0103 acoperi\u0219, dateaz\u0103 de la mijlocul secolului V \u0219i este un exemplu de arhitectur\u0103 paleocre\u0219tin\u0103 influen\u021bat\u0103 de \u00eens\u0103\u0219i Constantinopolul. Nu se pl\u0103te\u0219te nicio intrare, ruinele sunt accesibile liber 24 de ore pe zi.<\/p>\n\n\n\n<p class=\"wp-block-paragraph\">Istoria acestui loc este plin\u0103 de drame. \u00cen secolul XIII, <strong>catedrala a fost jefuit\u0103 de flota vene\u021bian\u0103<\/strong>, care a luat de aici relicve pre\u021bioase, inclusiv m\u00e2na apostolului Andrei, aflate p\u00e2n\u0103 ast\u0103zi la Vene\u021bia. \u00cen mai 2025 s-a \u021binut aici, dup\u0103 aproape \u0219ase sute de ani, o liturghie comun\u0103 bulgaro-greac\u0103, ceea ce a fost o s\u0103rb\u0103toare uria\u0219\u0103 pentru localnici.<\/p>\n\n\n\n<figure data-wp-context=\"{&quot;imageId&quot;:&quot;6a9c3a6edaad9&quot;}\" data-wp-interactive=\"core\/image\" data-wp-key=\"6a9c3a6edaad9\" class=\"wp-block-image size-full wp-lightbox-container\"><img decoding=\"async\" width=\"1800\" height=\"915\" data-wp-class--hide=\"state.isContentHidden\" data-wp-class--show=\"state.isContentVisible\" data-wp-init=\"callbacks.setButtonStyles\" data-wp-on--click=\"actions.showLightbox\" data-wp-on--load=\"callbacks.setButtonStyles\" data-wp-on--pointerdown=\"actions.preloadImage\" data-wp-on--pointerenter=\"actions.preloadImageWithDelay\" data-wp-on--pointerleave=\"actions.cancelPreload\" data-wp-on-window--resize=\"callbacks.setButtonStyles\" src=\"https:\/\/loudavymkrokem.cz\/wp-content\/uploads\/2026\/08\/bulharsko-research-nesebar-11.jpg\" alt=\"Biserica Sf. Ioan Botez\u0103torul de la cump\u0103na secolelor X \u0219i XI\" class=\"wp-image-404864\" title=\"\" srcset=\"https:\/\/loudavymkrokem.cz\/wp-content\/uploads\/2026\/08\/bulharsko-research-nesebar-11.jpg 1800w, https:\/\/loudavymkrokem.cz\/wp-content\/uploads\/2026\/08\/bulharsko-research-nesebar-11-300x153.jpg 300w, https:\/\/loudavymkrokem.cz\/wp-content\/uploads\/2026\/08\/bulharsko-research-nesebar-11-700x356.jpg 700w, https:\/\/loudavymkrokem.cz\/wp-content\/uploads\/2026\/08\/bulharsko-research-nesebar-11-768x390.jpg 768w, https:\/\/loudavymkrokem.cz\/wp-content\/uploads\/2026\/08\/bulharsko-research-nesebar-11-1536x781.jpg 1536w, https:\/\/loudavymkrokem.cz\/wp-content\/uploads\/2026\/08\/bulharsko-research-nesebar-11-696x354.jpg 696w, https:\/\/loudavymkrokem.cz\/wp-content\/uploads\/2026\/08\/bulharsko-research-nesebar-11-1392x708.jpg 1392w\" sizes=\"(max-width: 1800px) 100vw, 1800px\" \/><button\n\t\t\tclass=\"lightbox-trigger\"\n\t\t\ttype=\"button\"\n\t\t\taria-haspopup=\"dialog\"\n\t\t\tdata-wp-bind--aria-label=\"state.thisImage.triggerButtonAriaLabel\"\n\t\t\tdata-wp-init=\"callbacks.initTriggerButton\"\n\t\t\tdata-wp-on--click=\"actions.showLightbox\"\n\t\t\tdata-wp-style--right=\"state.thisImage.buttonRight\"\n\t\t\tdata-wp-style--top=\"state.thisImage.buttonTop\"\n\t\t>\n\t\t\t<svg xmlns=\"http:\/\/www.w3.org\/2000\/svg\" width=\"12\" height=\"12\" fill=\"none\" viewBox=\"0 0 12 12\">\n\t\t\t\t<path fill=\"#fff\" d=\"M2 0a2 2 0 0 0-2 2v2h1.5V2a.5.5 0 0 1 .5-.5h2V0H2Zm2 10.5H2a.5.5 0 0 1-.5-.5V8H0v2a2 2 0 0 0 2 2h2v-1.5ZM8 12v-1.5h2a.5.5 0 0 0 .5-.5V8H12v2a2 2 0 0 1-2 2H8Zm2-12a2 2 0 0 1 2 2v2h-1.5V2a.5.5 0 0 0-.5-.5H8V0h2Z\" \/>\n\t\t\t<\/svg>\n\t\t<\/button><figcaption class=\"wp-element-caption\">Foto: fusion-of-horizons \/ Wikimedia Commons (CC BY 2.0)<\/figcaption><\/figure>\n\n\n\n<h3 class=\"wp-block-heading\"><span class=\"ez-toc-section\" id=\"4_Biserica_Sf_Ioan_Botezatorul\"><\/span>4. Biserica Sf. Ioan Botez\u0103torul<span class=\"ez-toc-section-end\"><\/span><\/h3>\n\n\n\n<p class=\"wp-block-paragraph\">Acest l\u0103ca\u0219 construit la cump\u0103na secolelor X \u0219i XI st\u0103 pe funda\u021biile unei bazilici antice t\u00e2rzii, cu mult mai vechi, din secolul VI. Intri \u00een\u0103untru contra sumei de 2,56 \u20ac \u0219i te a\u0219teapt\u0103 aici <strong>un rar portret de ctitor din secolul XIV<\/strong> \u0219i frumoasa fresc\u0103 a Sfintei Marina din secolul XVII.<\/p>\n\n\n\n<p class=\"wp-block-paragraph\">Este o <strong>construc\u021bie-model \u00een cruce cu cupol\u0103<\/strong>, care atrage de la prima vedere prin fa\u021bada sa aspr\u0103 de piatr\u0103, f\u0103r\u0103 podoabe inutile. Coloanele sus\u021bin bolta central\u0103, cre\u00e2nd \u00een\u0103untru o atmosfer\u0103 foarte pl\u0103cut\u0103 \u0219i intim\u0103.<\/p>\n\n\n\n<p class=\"wp-block-paragraph\">\ud83d\udca1 <strong>Sfat:<\/strong> Dac\u0103 te hot\u0103r\u0103\u0219ti s\u0103 vizitezi mai multe biserici cu plat\u0103, ia neap\u0103rat de la bun \u00eenceput un bilet combinat, cu care economise\u0219ti o sum\u0103 considerabil\u0103 \u00een euro.<\/p>\n\n\n\n<figure data-wp-context=\"{&quot;imageId&quot;:&quot;6a9c3a6edaee1&quot;}\" data-wp-interactive=\"core\/image\" data-wp-key=\"6a9c3a6edaee1\" class=\"wp-block-image size-full wp-lightbox-container\"><img decoding=\"async\" width=\"1800\" height=\"1127\" data-wp-class--hide=\"state.isContentHidden\" data-wp-class--show=\"state.isContentVisible\" data-wp-init=\"callbacks.setButtonStyles\" data-wp-on--click=\"actions.showLightbox\" data-wp-on--load=\"callbacks.setButtonStyles\" data-wp-on--pointerdown=\"actions.preloadImage\" data-wp-on--pointerenter=\"actions.preloadImageWithDelay\" data-wp-on--pointerleave=\"actions.cancelPreload\" data-wp-on-window--resize=\"callbacks.setButtonStyles\" src=\"https:\/\/loudavymkrokem.cz\/wp-content\/uploads\/2026\/08\/bulharsko-research-nesebar-12.jpg\" alt=\"Biserica Sf. Ioan Aliturgetos deasupra portului\" class=\"wp-image-404866\" title=\"\" srcset=\"https:\/\/loudavymkrokem.cz\/wp-content\/uploads\/2026\/08\/bulharsko-research-nesebar-12.jpg 1800w, https:\/\/loudavymkrokem.cz\/wp-content\/uploads\/2026\/08\/bulharsko-research-nesebar-12-300x188.jpg 300w, https:\/\/loudavymkrokem.cz\/wp-content\/uploads\/2026\/08\/bulharsko-research-nesebar-12-700x438.jpg 700w, https:\/\/loudavymkrokem.cz\/wp-content\/uploads\/2026\/08\/bulharsko-research-nesebar-12-768x481.jpg 768w, https:\/\/loudavymkrokem.cz\/wp-content\/uploads\/2026\/08\/bulharsko-research-nesebar-12-1536x962.jpg 1536w, https:\/\/loudavymkrokem.cz\/wp-content\/uploads\/2026\/08\/bulharsko-research-nesebar-12-696x436.jpg 696w, https:\/\/loudavymkrokem.cz\/wp-content\/uploads\/2026\/08\/bulharsko-research-nesebar-12-1392x872.jpg 1392w\" sizes=\"(max-width: 1800px) 100vw, 1800px\" \/><button\n\t\t\tclass=\"lightbox-trigger\"\n\t\t\ttype=\"button\"\n\t\t\taria-haspopup=\"dialog\"\n\t\t\tdata-wp-bind--aria-label=\"state.thisImage.triggerButtonAriaLabel\"\n\t\t\tdata-wp-init=\"callbacks.initTriggerButton\"\n\t\t\tdata-wp-on--click=\"actions.showLightbox\"\n\t\t\tdata-wp-style--right=\"state.thisImage.buttonRight\"\n\t\t\tdata-wp-style--top=\"state.thisImage.buttonTop\"\n\t\t>\n\t\t\t<svg xmlns=\"http:\/\/www.w3.org\/2000\/svg\" width=\"12\" height=\"12\" fill=\"none\" viewBox=\"0 0 12 12\">\n\t\t\t\t<path fill=\"#fff\" d=\"M2 0a2 2 0 0 0-2 2v2h1.5V2a.5.5 0 0 1 .5-.5h2V0H2Zm2 10.5H2a.5.5 0 0 1-.5-.5V8H0v2a2 2 0 0 0 2 2h2v-1.5ZM8 12v-1.5h2a.5.5 0 0 0 .5-.5V8H12v2a2 2 0 0 1-2 2H8Zm2-12a2 2 0 0 1 2 2v2h-1.5V2a.5.5 0 0 0-.5-.5H8V0h2Z\" \/>\n\t\t\t<\/svg>\n\t\t<\/button><figcaption class=\"wp-element-caption\">Foto: MrPanyGoff \/ Wikimedia Commons, CC BY-SA 3.0<\/figcaption><\/figure>\n\n\n\n<h3 class=\"wp-block-heading\"><span class=\"ez-toc-section\" id=\"5_Biserica_Sf_Ioan_Aliturgetos_Nesfintita\"><\/span>5. Biserica Sf. Ioan Aliturgetos (Nesfin\u021bit\u0103)<span class=\"ez-toc-section-end\"><\/span><\/h3>\n\n\n\n<p class=\"wp-block-paragraph\">Aceast\u0103 construc\u021bie din secolul XIV se \u00eenal\u021b\u0103 chiar deasupra portului \u0219i reprezint\u0103 <strong>v\u00e2rful absolut al a\u0219a-numitului stil pitoresc de zid\u0103rie<\/strong>, unde alterneaz\u0103 benzi de piatr\u0103 alb\u0103 \u0219i c\u0103r\u0103mid\u0103 ro\u0219ie, completate cu detalii ceramice. Biserica este, din p\u0103cate, grav avariat\u0103 de cutremurul devastator din 1913, a\u0219a c\u0103 o po\u021bi vedea doar din exterior, ca ruin\u0103 cu acces liber.<\/p>\n\n\n\n<p class=\"wp-block-paragraph\">Potrivit unei vechi legende, acest l\u0103ca\u0219 nu a fost niciodat\u0103 sfin\u021bit, pentru c\u0103 <strong>la construc\u021bia lui a murit tragic unul dintre muncitori<\/strong>, ceea ce regulile de atunci nu permiteau s\u0103 fie trecut cu vederea. Fie c\u0103 e adev\u0103rat sau nu, priveli\u0219tile de aici spre marea deschis\u0103 sunt printre cele mai frumoase din tot ora\u0219ul.<\/p>\n\n\n\n<figure data-wp-context=\"{&quot;imageId&quot;:&quot;6a9c3a6edb2dc&quot;}\" data-wp-interactive=\"core\/image\" data-wp-key=\"6a9c3a6edb2dc\" class=\"wp-block-image size-full wp-lightbox-container\"><img decoding=\"async\" width=\"1800\" height=\"1089\" data-wp-class--hide=\"state.isContentHidden\" data-wp-class--show=\"state.isContentVisible\" data-wp-init=\"callbacks.setButtonStyles\" data-wp-on--click=\"actions.showLightbox\" data-wp-on--load=\"callbacks.setButtonStyles\" data-wp-on--pointerdown=\"actions.preloadImage\" data-wp-on--pointerenter=\"actions.preloadImageWithDelay\" data-wp-on--pointerleave=\"actions.cancelPreload\" data-wp-on-window--resize=\"callbacks.setButtonStyles\" src=\"https:\/\/loudavymkrokem.cz\/wp-content\/uploads\/2026\/08\/bulharsko-research-nesebar-13.jpg\" alt=\"Fa\u021bada ornamentat\u0103 a bisericii Hristos Pantocrator\" class=\"wp-image-404867\" title=\"\" srcset=\"https:\/\/loudavymkrokem.cz\/wp-content\/uploads\/2026\/08\/bulharsko-research-nesebar-13.jpg 1800w, https:\/\/loudavymkrokem.cz\/wp-content\/uploads\/2026\/08\/bulharsko-research-nesebar-13-300x182.jpg 300w, https:\/\/loudavymkrokem.cz\/wp-content\/uploads\/2026\/08\/bulharsko-research-nesebar-13-700x424.jpg 700w, https:\/\/loudavymkrokem.cz\/wp-content\/uploads\/2026\/08\/bulharsko-research-nesebar-13-768x465.jpg 768w, https:\/\/loudavymkrokem.cz\/wp-content\/uploads\/2026\/08\/bulharsko-research-nesebar-13-1536x929.jpg 1536w, https:\/\/loudavymkrokem.cz\/wp-content\/uploads\/2026\/08\/bulharsko-research-nesebar-13-696x421.jpg 696w, https:\/\/loudavymkrokem.cz\/wp-content\/uploads\/2026\/08\/bulharsko-research-nesebar-13-1392x842.jpg 1392w\" sizes=\"(max-width: 1800px) 100vw, 1800px\" \/><button\n\t\t\tclass=\"lightbox-trigger\"\n\t\t\ttype=\"button\"\n\t\t\taria-haspopup=\"dialog\"\n\t\t\tdata-wp-bind--aria-label=\"state.thisImage.triggerButtonAriaLabel\"\n\t\t\tdata-wp-init=\"callbacks.initTriggerButton\"\n\t\t\tdata-wp-on--click=\"actions.showLightbox\"\n\t\t\tdata-wp-style--right=\"state.thisImage.buttonRight\"\n\t\t\tdata-wp-style--top=\"state.thisImage.buttonTop\"\n\t\t>\n\t\t\t<svg xmlns=\"http:\/\/www.w3.org\/2000\/svg\" width=\"12\" height=\"12\" fill=\"none\" viewBox=\"0 0 12 12\">\n\t\t\t\t<path fill=\"#fff\" d=\"M2 0a2 2 0 0 0-2 2v2h1.5V2a.5.5 0 0 1 .5-.5h2V0H2Zm2 10.5H2a.5.5 0 0 1-.5-.5V8H0v2a2 2 0 0 0 2 2h2v-1.5ZM8 12v-1.5h2a.5.5 0 0 0 .5-.5V8H12v2a2 2 0 0 1-2 2H8Zm2-12a2 2 0 0 1 2 2v2h-1.5V2a.5.5 0 0 0-.5-.5H8V0h2Z\" \/>\n\t\t\t<\/svg>\n\t\t<\/button><figcaption class=\"wp-element-caption\">Foto: Pudelek (Marcin Szala) \/ Wikimedia Commons, CC BY-SA 3.0<\/figcaption><\/figure>\n\n\n\n<h3 class=\"wp-block-heading\"><span class=\"ez-toc-section\" id=\"6_Biserica_Hristos_Pantocrator\"><\/span>6. Biserica Hristos Pantocrator<span class=\"ez-toc-section-end\"><\/span><\/h3>\n\n\n\n<p class=\"wp-block-paragraph\">Dac\u0103 Nesebarul are o construc\u021bie pe care o recuno\u0219ti din poze \u00eenc\u0103 \u00eenainte s\u0103 ajungi aici, aceasta e biserica din secolele XIII\u2013XIV. <strong>Fa\u021bada ei este cea mai ornamentat\u0103 din tot ora\u0219ul<\/strong> \u0219i combin\u0103 benzi de piatr\u0103, c\u0103r\u0103mid\u0103, boluri ceramice sm\u0103l\u021buite verzi \u0219i arcade oarbe \u00eentr-un tipar f\u0103r\u0103 egal pe litoral.<\/p>\n\n\n\n<p class=\"wp-block-paragraph\">Cel mai interesant detaliu \u00eel g\u0103se\u0219ti deasupra absidelor. Se \u00eentinde acolo <strong>o friz\u0103 format\u0103 din svastici de c\u0103r\u0103mid\u0103<\/strong>, ceea ce \u00een acest caz este un str\u0103vechi simbol solar, nu o sigl\u0103 modern\u0103. Cele opt ferestre arcuite din tamburul cupolei confer\u0103 \u00eentregii construc\u021bii o u\u0219urin\u021b\u0103 pe care nu o a\u0219tep\u021bi la o zid\u0103rie at\u00e2t de masiv\u0103.<\/p>\n\n\n\n<p class=\"wp-block-paragraph\">\ud83d\udca1 <strong>Sfat:<\/strong> Biserica nu figureaz\u0103 \u00een tariful oficial al muzeului pentru 2026 \u0219i, potrivit recenziilor de prim\u0103var\u0103, st\u0103 deja al doilea sezon \u00eengr\u0103dit\u0103, a\u0219tept\u00e2nd restaurarea. \u021aine cont c\u0103 nu vei ajunge \u00een\u0103untru \u0219i e posibil s\u0103 dai \u0219i de schele. Din exterior o po\u021bi \u00eens\u0103 ocoli oric\u00e2nd \u0219i gratuit.<\/p>\n\n\n\n<figure data-wp-context=\"{&quot;imageId&quot;:&quot;6a9c3a6edb6ff&quot;}\" data-wp-interactive=\"core\/image\" data-wp-key=\"6a9c3a6edb6ff\" class=\"wp-block-image size-full wp-lightbox-container\"><img decoding=\"async\" width=\"1800\" height=\"1200\" data-wp-class--hide=\"state.isContentHidden\" data-wp-class--show=\"state.isContentVisible\" data-wp-init=\"callbacks.setButtonStyles\" data-wp-on--click=\"actions.showLightbox\" data-wp-on--load=\"callbacks.setButtonStyles\" data-wp-on--pointerdown=\"actions.preloadImage\" data-wp-on--pointerenter=\"actions.preloadImageWithDelay\" data-wp-on--pointerleave=\"actions.cancelPreload\" data-wp-on-window--resize=\"callbacks.setButtonStyles\" src=\"https:\/\/loudavymkrokem.cz\/wp-content\/uploads\/2026\/08\/bulharsko-research-nesebar-14.jpg\" alt=\"Bazilica Maicii Domnului Eleusa pe malul nordic\" class=\"wp-image-404869\" title=\"\" srcset=\"https:\/\/loudavymkrokem.cz\/wp-content\/uploads\/2026\/08\/bulharsko-research-nesebar-14.jpg 1800w, https:\/\/loudavymkrokem.cz\/wp-content\/uploads\/2026\/08\/bulharsko-research-nesebar-14-300x200.jpg 300w, https:\/\/loudavymkrokem.cz\/wp-content\/uploads\/2026\/08\/bulharsko-research-nesebar-14-700x467.jpg 700w, https:\/\/loudavymkrokem.cz\/wp-content\/uploads\/2026\/08\/bulharsko-research-nesebar-14-768x512.jpg 768w, https:\/\/loudavymkrokem.cz\/wp-content\/uploads\/2026\/08\/bulharsko-research-nesebar-14-1536x1024.jpg 1536w, https:\/\/loudavymkrokem.cz\/wp-content\/uploads\/2026\/08\/bulharsko-research-nesebar-14-696x464.jpg 696w, https:\/\/loudavymkrokem.cz\/wp-content\/uploads\/2026\/08\/bulharsko-research-nesebar-14-1392x928.jpg 1392w\" sizes=\"(max-width: 1800px) 100vw, 1800px\" \/><button\n\t\t\tclass=\"lightbox-trigger\"\n\t\t\ttype=\"button\"\n\t\t\taria-haspopup=\"dialog\"\n\t\t\tdata-wp-bind--aria-label=\"state.thisImage.triggerButtonAriaLabel\"\n\t\t\tdata-wp-init=\"callbacks.initTriggerButton\"\n\t\t\tdata-wp-on--click=\"actions.showLightbox\"\n\t\t\tdata-wp-style--right=\"state.thisImage.buttonRight\"\n\t\t\tdata-wp-style--top=\"state.thisImage.buttonTop\"\n\t\t>\n\t\t\t<svg xmlns=\"http:\/\/www.w3.org\/2000\/svg\" width=\"12\" height=\"12\" fill=\"none\" viewBox=\"0 0 12 12\">\n\t\t\t\t<path fill=\"#fff\" d=\"M2 0a2 2 0 0 0-2 2v2h1.5V2a.5.5 0 0 1 .5-.5h2V0H2Zm2 10.5H2a.5.5 0 0 1-.5-.5V8H0v2a2 2 0 0 0 2 2h2v-1.5ZM8 12v-1.5h2a.5.5 0 0 0 .5-.5V8H12v2a2 2 0 0 1-2 2H8Zm2-12a2 2 0 0 1 2 2v2h-1.5V2a.5.5 0 0 0-.5-.5H8V0h2Z\" \/>\n\t\t\t<\/svg>\n\t\t<\/button><figcaption class=\"wp-element-caption\">Foto: Kritzolina \/ Wikimedia Commons, CC BY-SA 4.0<\/figcaption><\/figure>\n\n\n\n<h3 class=\"wp-block-heading\"><span class=\"ez-toc-section\" id=\"7_Bazilica_Maicii_Domnului_Eleusa\"><\/span>7. Bazilica Maicii Domnului Eleusa<span class=\"ez-toc-section-end\"><\/span><\/h3>\n\n\n\n<p class=\"wp-block-paragraph\">Pe malul nordic al peninsulei g\u0103se\u0219ti <strong>funda\u021biile \u00eentinse ale unei bazilici<\/strong> din secolele V\u2013VI, care m\u0103sura impun\u0103torii 28 pe 18 metri. Tot complexul a fost descoperit sub straturi de p\u0103m\u00e2nt abia \u00een timpul s\u0103p\u0103turilor din anul 1920. Obiectivul este accesibil liber \u0219i nu se pl\u0103te\u0219te <strong>nicio intrare<\/strong>.<\/p>\n\n\n\n<p class=\"wp-block-paragraph\">Priveli\u0219tea acestor ruine este totodat\u0103 pu\u021bin trist\u0103, pentru c\u0103 <strong>naosul nordic \u0219i o parte a celui central s-au pr\u0103bu\u0219it iremediabil \u00een mare<\/strong> de-a lungul secolelor, \u00een urma alunec\u0103rilor de teren. Potrivit estim\u0103rilor ministerului culturii, marea a \u00eenghi\u021bit treptat un sfert p\u00e2n\u0103 la o treime din suprafa\u021ba original\u0103 a \u00eentregului ora\u0219 antic, ceea ce dovedesc \u0219i digurile antice masive descoperite sub nivelul apei.<\/p>\n\n\n\n<figure data-wp-context=\"{&quot;imageId&quot;:&quot;6a9c3a6edbaeb&quot;}\" data-wp-interactive=\"core\/image\" data-wp-key=\"6a9c3a6edbaeb\" class=\"wp-block-image size-full wp-lightbox-container\"><img decoding=\"async\" width=\"1800\" height=\"1350\" data-wp-class--hide=\"state.isContentHidden\" data-wp-class--show=\"state.isContentVisible\" data-wp-init=\"callbacks.setButtonStyles\" data-wp-on--click=\"actions.showLightbox\" data-wp-on--load=\"callbacks.setButtonStyles\" data-wp-on--pointerdown=\"actions.preloadImage\" data-wp-on--pointerenter=\"actions.preloadImageWithDelay\" data-wp-on--pointerleave=\"actions.cancelPreload\" data-wp-on-window--resize=\"callbacks.setButtonStyles\" src=\"https:\/\/loudavymkrokem.cz\/wp-content\/uploads\/2026\/08\/bulharsko-research-nesebar-15.jpg\" alt=\"Biserica Maicii Domnului, singurul l\u0103ca\u0219 func\u021bional din ora\u0219ul vechi\" class=\"wp-image-404871\" title=\"\" srcset=\"https:\/\/loudavymkrokem.cz\/wp-content\/uploads\/2026\/08\/bulharsko-research-nesebar-15.jpg 1800w, https:\/\/loudavymkrokem.cz\/wp-content\/uploads\/2026\/08\/bulharsko-research-nesebar-15-300x225.jpg 300w, https:\/\/loudavymkrokem.cz\/wp-content\/uploads\/2026\/08\/bulharsko-research-nesebar-15-700x525.jpg 700w, https:\/\/loudavymkrokem.cz\/wp-content\/uploads\/2026\/08\/bulharsko-research-nesebar-15-768x576.jpg 768w, https:\/\/loudavymkrokem.cz\/wp-content\/uploads\/2026\/08\/bulharsko-research-nesebar-15-1536x1152.jpg 1536w, https:\/\/loudavymkrokem.cz\/wp-content\/uploads\/2026\/08\/bulharsko-research-nesebar-15-80x60.jpg 80w, https:\/\/loudavymkrokem.cz\/wp-content\/uploads\/2026\/08\/bulharsko-research-nesebar-15-160x120.jpg 160w, https:\/\/loudavymkrokem.cz\/wp-content\/uploads\/2026\/08\/bulharsko-research-nesebar-15-696x522.jpg 696w, https:\/\/loudavymkrokem.cz\/wp-content\/uploads\/2026\/08\/bulharsko-research-nesebar-15-1392x1044.jpg 1392w\" sizes=\"(max-width: 1800px) 100vw, 1800px\" \/><button\n\t\t\tclass=\"lightbox-trigger\"\n\t\t\ttype=\"button\"\n\t\t\taria-haspopup=\"dialog\"\n\t\t\tdata-wp-bind--aria-label=\"state.thisImage.triggerButtonAriaLabel\"\n\t\t\tdata-wp-init=\"callbacks.initTriggerButton\"\n\t\t\tdata-wp-on--click=\"actions.showLightbox\"\n\t\t\tdata-wp-style--right=\"state.thisImage.buttonRight\"\n\t\t\tdata-wp-style--top=\"state.thisImage.buttonTop\"\n\t\t>\n\t\t\t<svg xmlns=\"http:\/\/www.w3.org\/2000\/svg\" width=\"12\" height=\"12\" fill=\"none\" viewBox=\"0 0 12 12\">\n\t\t\t\t<path fill=\"#fff\" d=\"M2 0a2 2 0 0 0-2 2v2h1.5V2a.5.5 0 0 1 .5-.5h2V0H2Zm2 10.5H2a.5.5 0 0 1-.5-.5V8H0v2a2 2 0 0 0 2 2h2v-1.5ZM8 12v-1.5h2a.5.5 0 0 0 .5-.5V8H12v2a2 2 0 0 1-2 2H8Zm2-12a2 2 0 0 1 2 2v2h-1.5V2a.5.5 0 0 0-.5-.5H8V0h2Z\" \/>\n\t\t\t<\/svg>\n\t\t<\/button><figcaption class=\"wp-element-caption\">Foto: vitsoft \/ Wikimedia Commons (CC BY 3.0)<\/figcaption><\/figure>\n\n\n\n<h3 class=\"wp-block-heading\"><span class=\"ez-toc-section\" id=\"8_Biserica_Maicii_Domnului_Adormirea\"><\/span>8. Biserica Maicii Domnului (Adormirea)<span class=\"ez-toc-section-end\"><\/span><\/h3>\n\n\n\n<p class=\"wp-block-paragraph\">Dac\u0103 vrei s\u0103 vezi cum arat\u0103 credin\u021ba vie \u00een Nesebar, \u00eendreapt\u0103-te spre strada Chemus. L\u0103ca\u0219ul de aici, al Maicii Domnului, este <strong>singura biseric\u0103 func\u021bional\u0103 de pe toat\u0103 peninsula<\/strong>, iar clopotni\u021ba ei \u00eenalt\u0103 dep\u0103\u0219e\u0219te clar toate construc\u021biile din jur. Intrarea este complet gratuit\u0103, iar programul este de obicei de la 8:00 la 19:00.<\/p>\n\n\n\n<p class=\"wp-block-paragraph\">Biserica s-a construit cu \u00eentreruperi \u00eentre anii 1857 \u0219i 1894, c\u00e2nd a fost sfin\u021bit\u0103 solemn. \u00cen\u0103untru g\u0103se\u0219ti un interior bogat ornamentat \u0219i o icoan\u0103 f\u0103c\u0103toare de minuni, la care vin s\u0103 se roage locuitorii. <strong>Locul acesta este, de altfel, foarte \u00eendr\u0103git pentru organizarea nun\u021bilor tradi\u021bionale<\/strong>, a\u0219a c\u0103, dac\u0103 ai noroc, poate vezi vreo petrecere fastuoas\u0103.<\/p>\n\n\n\n<figure data-wp-context=\"{&quot;imageId&quot;:&quot;6a9c3a6edbfe6&quot;}\" data-wp-interactive=\"core\/image\" data-wp-key=\"6a9c3a6edbfe6\" class=\"wp-block-image size-full wp-lightbox-container\"><img decoding=\"async\" width=\"1800\" height=\"1350\" data-wp-class--hide=\"state.isContentHidden\" data-wp-class--show=\"state.isContentVisible\" data-wp-init=\"callbacks.setButtonStyles\" data-wp-on--click=\"actions.showLightbox\" data-wp-on--load=\"callbacks.setButtonStyles\" data-wp-on--pointerdown=\"actions.preloadImage\" data-wp-on--pointerenter=\"actions.preloadImageWithDelay\" data-wp-on--pointerleave=\"actions.cancelPreload\" data-wp-on-window--resize=\"callbacks.setButtonStyles\" src=\"https:\/\/loudavymkrokem.cz\/wp-content\/uploads\/2026\/08\/bulharsko-research-nesebar-16.jpg\" alt=\"Zidurile \u0219i nucleul istoric al Nesebarului\" class=\"wp-image-404874\" title=\"\" srcset=\"https:\/\/loudavymkrokem.cz\/wp-content\/uploads\/2026\/08\/bulharsko-research-nesebar-16.jpg 1800w, https:\/\/loudavymkrokem.cz\/wp-content\/uploads\/2026\/08\/bulharsko-research-nesebar-16-300x225.jpg 300w, https:\/\/loudavymkrokem.cz\/wp-content\/uploads\/2026\/08\/bulharsko-research-nesebar-16-700x525.jpg 700w, https:\/\/loudavymkrokem.cz\/wp-content\/uploads\/2026\/08\/bulharsko-research-nesebar-16-768x576.jpg 768w, https:\/\/loudavymkrokem.cz\/wp-content\/uploads\/2026\/08\/bulharsko-research-nesebar-16-1536x1152.jpg 1536w, https:\/\/loudavymkrokem.cz\/wp-content\/uploads\/2026\/08\/bulharsko-research-nesebar-16-80x60.jpg 80w, https:\/\/loudavymkrokem.cz\/wp-content\/uploads\/2026\/08\/bulharsko-research-nesebar-16-160x120.jpg 160w, https:\/\/loudavymkrokem.cz\/wp-content\/uploads\/2026\/08\/bulharsko-research-nesebar-16-696x522.jpg 696w, https:\/\/loudavymkrokem.cz\/wp-content\/uploads\/2026\/08\/bulharsko-research-nesebar-16-1392x1044.jpg 1392w\" sizes=\"(max-width: 1800px) 100vw, 1800px\" \/><button\n\t\t\tclass=\"lightbox-trigger\"\n\t\t\ttype=\"button\"\n\t\t\taria-haspopup=\"dialog\"\n\t\t\tdata-wp-bind--aria-label=\"state.thisImage.triggerButtonAriaLabel\"\n\t\t\tdata-wp-init=\"callbacks.initTriggerButton\"\n\t\t\tdata-wp-on--click=\"actions.showLightbox\"\n\t\t\tdata-wp-style--right=\"state.thisImage.buttonRight\"\n\t\t\tdata-wp-style--top=\"state.thisImage.buttonTop\"\n\t\t>\n\t\t\t<svg xmlns=\"http:\/\/www.w3.org\/2000\/svg\" width=\"12\" height=\"12\" fill=\"none\" viewBox=\"0 0 12 12\">\n\t\t\t\t<path fill=\"#fff\" d=\"M2 0a2 2 0 0 0-2 2v2h1.5V2a.5.5 0 0 1 .5-.5h2V0H2Zm2 10.5H2a.5.5 0 0 1-.5-.5V8H0v2a2 2 0 0 0 2 2h2v-1.5ZM8 12v-1.5h2a.5.5 0 0 0 .5-.5V8H12v2a2 2 0 0 1-2 2H8Zm2-12a2 2 0 0 1 2 2v2h-1.5V2a.5.5 0 0 0-.5-.5H8V0h2Z\" \/>\n\t\t\t<\/svg>\n\t\t<\/button><figcaption class=\"wp-element-caption\">Foto: \u0420\u043e\u043c\u0430\u043d \u0414\u043d\u0435\u043f\u0440 \/ Wikimedia Commons, CC BY-SA 3.0<\/figcaption><\/figure>\n\n\n\n<!-- LKM_GYG_CARD start q=\"nessebar\" lang=\"ro\" rendered=\"2026-09-05T14:20:15+00:00\" v=\"1\" -->\n<style id=\"lk-gyg-styles\">\n@import url(\"https:\/\/fonts.googleapis.com\/css2?family=Playfair+Display:wght@700&family=DM+Sans:wght@300;400;500;600&display=swap\");\n\/* === LK GYG karty \u2014 CRO redesign 2026-05 (namespace .lkx-) ===\n   C\u00edl: vy\u0161\u0161\u00ed CTR (hero + v\u00fdrazn\u00fd social proof + ak\u010dn\u00ed CTA, m\u00e9n\u011b \"reklamn\u00ed\").\n   Injektuje se inline do prvn\u00edho markeru postu (refresh_cards.py --inline-css). *\/\n.lkx-module, .lkx-module *{box-sizing:border-box;margin:0;padding:0}\n.lkx-module{\n  font-family:'DM Sans',-apple-system,Segoe UI,Roboto,Georgia,sans-serif;\n  max-width:860px;margin:2.5rem auto;color:#1f2328;\n}\n\n\/* HEADER \u2014 lehk\u00fd editorsk\u00fd, \u017e\u00e1dn\u00fd bannerov\u00fd blok; nadpis + popisek pod n\u00edm *\/\n.lkx-head{margin-bottom:16px}\n.lkx-head-main{display:flex;align-items:center;gap:10px}\n.lkx-head-accent{width:26px;height:3px;border-radius:2px;background:#c39f76;flex-shrink:0}\n.lkx-head-title{font-family:'Playfair Display',Georgia,serif;font-size:21px;font-weight:700;color:#1a1a1a;line-height:1.25}\n.lkx-head-meta{display:block;font-size:11px;letter-spacing:.3px;color:#9aa0a6;margin-top:4px;margin-left:36px}\n\n\/* HERO *\/\n.lkx-hero{display:grid;grid-template-columns:300px 1fr;background:#fff;border:1px solid #ece7df;border-radius:14px;overflow:hidden;text-decoration:none!important;color:inherit;box-shadow:0 6px 20px rgba(0,0,0,.06);transition:box-shadow .2s,transform .2s;margin-bottom:14px}\n.lkx-hero:hover{box-shadow:0 12px 30px rgba(0,0,0,.12);transform:translateY(-2px)}\n.lkx-hero-img{position:relative;min-height:230px;background-size:cover;background-position:center;background-color:#eee}\n.lkx-hero-body{padding:22px 24px;display:flex;flex-direction:column}\n.lkx-pick{position:absolute;top:12px;left:12px;background:#1a1a1a;color:#fff;font-size:11px;font-weight:700;letter-spacing:.5px;padding:5px 11px;border-radius:20px}\n\n\/* TITLE *\/\n.lkx-title{font-size:19px;font-weight:700;color:#161616;line-height:1.3}\n.lkx-title-sm{font-size:14.5px;line-height:1.35;display:-webkit-box;-webkit-line-clamp:2;-webkit-box-orient:vertical;overflow:hidden}\n\n\/* SOCIAL PROOF \u2014 v\u00fdrazn\u011b, naho\u0159e *\/\n.lkx-proof{display:flex;align-items:center;gap:7px;margin-top:12px;font-size:15px;color:#3a3a3a}\n.lkx-proof b{font-size:16px;color:#161616}\n.lkx-stars{color:#f5a623;letter-spacing:1px}\n.lkx-proof-sm{font-size:12.5px;margin-top:8px;gap:5px}\n.lkx-proof-sm b{font-size:13px}\n.lkx-proof-new{color:#3685fc;font-weight:600}\n\n\/* PRICE \u2014 n\u00edzk\u00e1 kotva *\/\n.lkx-price{font-size:14px;color:#6b7280}\n.lkx-price b{font-size:20px;color:#161616;font-weight:700}\n.lkx-price-sm b{font-size:15px}\n\n\/* CTA \u2014 tepl\u00e9 ak\u010dn\u00ed tla\u010d\u00edtko *\/\n.lkx-cta{display:inline-flex;align-items:center;justify-content:center;text-decoration:none!important;font-weight:700;color:#fff!important;background:linear-gradient(135deg,#f6743f,#e8552a);border-radius:10px;box-shadow:0 6px 16px rgba(232,85,42,.32);transition:box-shadow .2s}\n.lkx-cta-hero{font-size:15px;padding:13px 22px}\n.lkx-hero:hover .lkx-cta-hero{box-shadow:0 8px 22px rgba(232,85,42,.45)}\n.lkx-cta-sm{font-size:12.5px;padding:9px 14px;width:100%;margin-top:2px}\n.lkx-hero-bottom{margin-top:auto;padding-top:18px;display:flex;align-items:center;justify-content:space-between;gap:14px;flex-wrap:wrap}\n\n\/* BADGE \u2014 jeden v\u00fdrazn\u00fd na fotce *\/\n.lkx-badge{position:absolute;top:12px;right:12px;font-size:10.5px;font-weight:700;letter-spacing:.3px;padding:5px 10px;border-radius:16px;color:#fff}\n.lkx-badge.badge-urgency{background:rgba(214,40,40,.92)}\n.lkx-badge.badge-new{background:rgba(54,133,252,.92)}\n.lkx-badge.badge-top{background:rgba(195,159,118,.95)}\n.lkx-badge.badge-info{background:rgba(40,40,40,.78)}\n\n\/* SECONDARY GRID *\/\n.lkx-grid{display:grid;grid-template-columns:1fr 1fr;gap:14px}\n.lkx-card{background:#fff;border:1px solid #ece7df;border-radius:14px;overflow:hidden;text-decoration:none!important;color:inherit;box-shadow:0 4px 14px rgba(0,0,0,.05);display:flex;flex-direction:column;transition:box-shadow .2s,transform .2s}\n.lkx-card:hover{box-shadow:0 10px 24px rgba(0,0,0,.1);transform:translateY(-2px)}\n.lkx-card-img{position:relative;aspect-ratio:16\/10;background-size:cover;background-position:center;background-color:#eee}\n.lkx-card-body{padding:14px 16px 16px;display:flex;flex-direction:column;gap:7px;flex:1}\n.lkx-card-bottom{margin-top:auto;padding-top:10px;display:flex;align-items:center;justify-content:space-between;gap:8px}\n\n\/* DISCLOSURE \u2014 drobn\u00e1, kv\u016fli d\u016fv\u011b\u0159e\/z\u00e1konu *\/\n.lkx-disclosure{font-size:11px;color:#a7adb3;text-align:center;margin-top:14px;line-height:1.6}\n.lkx-disclosure a{color:#c39f76;text-decoration:none}\n\n@media(max-width:680px){\n  .lkx-hero{grid-template-columns:1fr}\n  .lkx-hero-img{min-height:180px}\n  .lkx-grid{grid-template-columns:1fr}\n  .lkx-head-meta{margin-left:0;width:100%}\n  .lkx-head-title{font-size:19px}\n}\n\n<\/style>\n<div class=\"lkx-module\" data-query=\"nessebar\">\n  <div class=\"lkx-head\">\n    <div class=\"lkx-head-main\">\n      <span class=\"lkx-head-accent\"><\/span>\n      <span class=\"lkx-head-title\">Experien\u021be \u0219i bilete<\/span>\n    <\/div>\n    <span class=\"lkx-head-meta\">evaluat de c\u0103l\u0103tori \u00b7 GetYourGuide<\/span>\n  <\/div><a class=\"lkx-hero\" href=\"https:\/\/www.getyourguide.com\/ro-ro\/nessebar-l1659\/nesebar-tur-ghidat-cu-degustare-de-vinuri-t1457585\/?partner_id=MKZ64IS&amp;utm_medium=online_publisher&amp;cmp=nesebar-bulgaria-ghid\" target=\"_blank\" rel=\"sponsored noopener nofollow\">\n    <div class=\"lkx-hero-img\" style=\"background-image:url('https:\/\/cdn.getyourguide.com\/img\/tour\/01dcbd5575fff139a7e7b673abae73f8a1f20282d7b4c28c918fc312a6ee396e.png\/132.jpg')\" role=\"img\" aria-label=\"Nesebar: tur ghidat cu degustare de vinuri\">\n      <span class=\"lkx-pick\">\u2605 Recomandarea noastr\u0103<\/span><\/div>\n    <div class=\"lkx-hero-body\">\n      <div class=\"lkx-title\">Nesebar: tur ghidat cu degustare de vinuri<\/div>\n      <div class=\"lkx-proof\">\n      <span class=\"lkx-stars\">\u2605\u2605\u2605\u2605\u2605<\/span>\n      <b>0.0<\/b> \u00b7 0 de recenzii\n    <\/div>\n      <div class=\"lkx-hero-bottom\"><div class=\"lkx-price\">de la <b>8\u00a0EUR<\/b><\/div><span class=\"lkx-cta lkx-cta-hero\">Vreau aceast\u0103 experien\u021b\u0103 \u2192<\/span>\n      <\/div>\n    <\/div>\n  <\/a><div class=\"lkx-grid\"><a class=\"lkx-card\" href=\"https:\/\/www.getyourguide.com\/ro-ro\/nessebar-l1659\/tur-ghidat-in-orasul-antic-nessebar-t1156542\/?partner_id=MKZ64IS&amp;utm_medium=online_publisher&amp;cmp=nesebar-bulgaria-ghid\" target=\"_blank\" rel=\"sponsored noopener nofollow\">\n      <div class=\"lkx-card-img\" style=\"background-image:url('https:\/\/cdn.getyourguide.com\/img\/tour\/88e70244b3712186ec637d9fff0f6261ba296574a5dbf425128b4a8451c67c32.jpg\/132.jpg')\" role=\"img\" aria-label=\"Tur ghidat \u00een ora\u0219ul antic Nessebar\"><\/div>\n      <div class=\"lkx-card-body\">\n        <div class=\"lkx-title lkx-title-sm\">Tur ghidat \u00een ora\u0219ul antic Nessebar<\/div>\n        <div class=\"lkx-proof lkx-proof-sm\">\n      <span class=\"lkx-stars\">\u2605<\/span>\n      <b>4.2<\/b> \u00b7 21\n    <\/div>\n        <div class=\"lkx-card-bottom\"><span class=\"lkx-price lkx-price-sm\">de la <b>47\u00a0EUR<\/b><\/span><span class=\"lkx-cta lkx-cta-sm\">Vezi datele \u2192<\/span>\n        <\/div>\n      <\/div>\n    <\/a><a class=\"lkx-card\" href=\"https:\/\/www.getyourguide.com\/ro-ro\/nessebar-l1659\/nessebar-tur-cu-barca-de-4-ore-inclusiv-pescuit-pranz-si-bauturi-t386999\/?partner_id=MKZ64IS&amp;utm_medium=online_publisher&amp;cmp=nesebar-bulgaria-ghid\" target=\"_blank\" rel=\"sponsored noopener nofollow\">\n      <div class=\"lkx-card-img\" style=\"background-image:url('https:\/\/cdn.getyourguide.com\/img\/tour\/629f08cd2f024.jpeg\/132.jpg')\" role=\"img\" aria-label=\"Nessebar: Tur cu barca de 4 ore, inclusiv pescuit, pr\u00e2nz \u0219i b\u0103uturi\"><\/div>\n      <div class=\"lkx-card-body\">\n        <div class=\"lkx-title lkx-title-sm\">Nessebar: Tur cu barca de 4 ore, inclusiv pescuit, pr\u00e2nz \u0219i b\u0103uturi<\/div>\n        <div class=\"lkx-proof lkx-proof-sm\">\n      <span class=\"lkx-stars\">\u2605<\/span>\n      <b>4.7<\/b> \u00b7 112\n    <\/div>\n        <div class=\"lkx-card-bottom\"><span class=\"lkx-price lkx-price-sm\">de la <b>85\u00a0EUR<\/b><\/span><span class=\"lkx-cta lkx-cta-sm\">Vezi datele \u2192<\/span>\n        <\/div>\n      <\/div>\n    <\/a><\/div><div class=\"lkx-disclosure\">\ud83d\udd17 Linkurile sunt de afiliere \u2014 nu \u00ee\u021bi schimb\u0103 pre\u021bul, dar ne ajut\u0103 s\u0103 cre\u0103m con\u021binut. \u00b7 <a href=\"https:\/\/www.getyourguide.com\/ro-ro\/s\/?q=nessebar&amp;partner_id=MKZ64IS&amp;utm_medium=online_publisher\" target=\"_blank\" rel=\"sponsored noopener nofollow\">Toate experien\u021bele \u2192<\/a><\/div>\n<\/div>\n<!-- LKM_GYG_CARD end -->\n\n\n\n\n<div class=\"lk-stays-module\">\n<style>\n\/* \u2500\u2500\u2500 RESET PRO GUTENBERG \u2500\u2500\u2500 *\/\n.lk-stays-module * { box-sizing: border-box; margin: 0; padding: 0; }\n\n\/* \u2500\u2500\u2500 WRAPPER \u2500\u2500\u2500 *\/\n.lk-stays-module {\n  font-family: 'DM Sans', Georgia, sans-serif;\n  max-width: 100%;\n  margin: 2.5rem auto;\n  background: linear-gradient(135deg, #fdfaf5 0%, #fcf8f0 100%);\n  border: 1px solid #e8dfd4;\n  border-radius: 16px;\n  overflow: hidden;\n  box-shadow: 0 16px 48px rgba(195, 159, 118, 0.25), 0 4px 12px rgba(0,0,0,0.08);\n}\n\n\/* \u2500\u2500\u2500 HEADER \u2500\u2500\u2500 *\/\n.lk-stays-header {\n  position: relative;\n  padding: 24px 36px 24px;\n  background: linear-gradient(135deg, #c39f76 0%, #d4b188 60%, #c39f76 100%);\n  border-bottom: 1px solid rgba(255,255,255,.15);\n  display: flex;\n  align-items: center;\n  gap: 18px;\n}\n.lk-stays-header::before {\n  content: '';\n  position: absolute;\n  inset: 0;\n  background: url(\"data:image\/svg+xml,%3Csvg width='60' height='60' viewBox='0 0 60 60' xmlns='http:\/\/www.w3.org\/2000\/svg'%3E%3Cg fill='none' fill-rule='evenodd'%3E%3Cg fill='%23ffffff' fill-opacity='0.05'%3E%3Cpath d='M36 34v-4h-2v4h-4v2h4v4h2v-4h4v-2h-4zm0-30V0h-2v4h-4v2h4v4h2V6h4V4h-4zM6 34v-4H4v4H0v2h4v4h2v-4h4v-2H6zM6 4V0H4v4H0v2h4v4h2V6h4V4H6z'\/%3E%3C\/g%3E%3C\/g%3E%3C\/svg%3E\") repeat;\n  pointer-events: none;\n}\n.lk-stays-icon {\n  flex-shrink: 0;\n  width: 68px;\n  height: 68px;\n  border-radius: 14px;\n  background: linear-gradient(135deg, #fff 0%, #f9f6f0 100%);\n  display: flex;\n  align-items: center;\n  justify-content: center;\n  font-size: 26px;\n  box-shadow: 0 4px 12px rgba(0,0,0,0.15);\n}\n.lk-stays-eyebrow {\n  font-size: 10px;\n  font-weight: 500;\n  letter-spacing: 2.5px;\n  text-transform: uppercase;\n  color: rgba(255,255,255,.85);\n  margin: 0 0 5px 0;\n}\n.lk-stays-title {\n  font-family: 'Playfair Display', Georgia, serif;\n  font-size: 24px;\n  font-weight: 700;\n  color: #fff;\n  line-height: 1.2;\n  text-shadow: 0 1px 2px rgba(0,0,0,0.1);\n  margin: 0;\n}\n.lk-stays-subtitle {\n  font-size: 13px;\n  color: rgba(255,255,255,.75);\n  margin: 4px 0 0 0;\n  font-weight: 300;\n}\n\n\/* \u2500\u2500\u2500 CARDS GRID \u2500\u2500\u2500 *\/\n.lk-stays-grid {\n  display: grid;\n  grid-template-columns: 1fr 1fr;\n  gap: 1px;\n  background: rgba(195, 159, 118, 0.12);\n}\n\n\/* \u2500\u2500\u2500 SINGLE CARD \u2500\u2500\u2500 *\/\n.lk-stay-card {\n  background: #ffffff;\n  padding: 26px;\n  display: flex;\n  flex-direction: column;\n  gap: 11px;\n  transition: all 0.3s ease;\n  text-decoration: none;\n  color: inherit;\n  position: relative;\n}\n.lk-stay-card:hover {\n  background: #fffbf5;\n  transform: translateY(-2px);\n  box-shadow: 0 8px 24px rgba(195, 159, 118, 0.18);\n  z-index: 1;\n}\n.lk-stay-card.featured {\n  background: linear-gradient(135deg, #fffdf9 0%, #fff9f0 100%);\n  box-shadow: 0 4px 16px rgba(195, 159, 118, 0.15), inset 0 1px 0 rgba(195, 159, 118, 0.1);\n}\n.lk-stay-card.featured:hover {\n  background: linear-gradient(135deg, #fffbf5 0%, #fff8ed 100%);\n  box-shadow: 0 8px 24px rgba(195, 159, 118, 0.25), inset 0 1px 0 rgba(195, 159, 118, 0.15);\n}\n\n.lk-stay-badge {\n  display: inline-flex;\n  align-items: center;\n  gap: 5px;\n  font-size: 10px;\n  font-weight: 500;\n  letter-spacing: 1.5px;\n  text-transform: uppercase;\n  padding: 5px 11px;\n  border-radius: 20px;\n  width: fit-content;\n}\n.badge-top     { background: linear-gradient(135deg, #c39f76 0%, #d4b188 100%); color: #fff; border: 1px solid #c39f76; font-weight: 600; box-shadow: 0 2px 8px rgba(195,159,118,0.3); }\n.badge-luxury  { background: rgba(195,159,118,.12); color: #c39f76; border: 1px solid rgba(195,159,118,.25); }\n.badge-boutique{ background: rgba(54,133,252,.08); color: #3685fc; border: 1px solid rgba(54,133,252,.2); }\n.badge-nature  { background: rgba(130,190,100,.1); color: #6b9c4a; border: 1px solid rgba(130,190,100,.2); }\n.badge-remote  { background: rgba(195,159,118,.12); color: #a67e50; border: 1px solid rgba(195,159,118,.25); }\n\n.lk-stay-name {\n  font-family: 'Playfair Display', Georgia, serif;\n  font-size: 18px;\n  font-weight: 700;\n  color: #111827;\n  line-height: 1.3;\n}\n.lk-stay-desc {\n  font-size: 13.5px;\n  color: #525252;\n  line-height: 1.65;\n  font-weight: 300;\n  flex: 1;\n}\n\n.lk-stay-meta {\n  display: flex;\n  align-items: center;\n  gap: 12px;\n  flex-wrap: wrap;\n  margin-top: 4px;\n}\n.lk-stay-price {\n  font-size: 13px;\n  color: #6b7280;\n}\n.lk-stay-price strong {\n  color: #c39f76;\n  font-weight: 500;\n}\n.lk-stay-stars {\n  color: #c39f76;\n  font-size: 11px;\n  letter-spacing: 1px;\n}\n\n\/* \u2500\u2500\u2500 CTA BUTTON \u2500\u2500\u2500 *\/\n.lk-stay-cta {\n  display: inline-flex;\n  align-items: center;\n  justify-content: center;\n  gap: 7px;\n  margin-top: 8px;\n  padding: 11px 20px;\n  border-radius: 8px;\n  background: linear-gradient(135deg, #3685fc 0%, #2a6fd9 100%);\n  color: #fff;\n  font-size: 13px;\n  font-weight: 500;\n  text-decoration: none;\n  letter-spacing: .3px;\n  transition: all .2s ease;\n  cursor: pointer;\n  border: none;\n  text-align: center;\n  box-shadow: 0 4px 12px rgba(54, 133, 252, 0.25);\n}\n.lk-stay-cta:hover {\n  background: linear-gradient(135deg, #2a6fd9 0%, #1e5bc4 100%);\n  transform: translateY(-1px);\n  box-shadow: 0 6px 16px rgba(54, 133, 252, 0.35);\n}\n.lk-stay-cta svg { flex-shrink: 0; }\n\n\/* \u2500\u2500\u2500 FOOTER \u2500\u2500\u2500 *\/\n.lk-stays-footer {\n  padding: 18px 36px;\n  background: linear-gradient(to bottom, #fdfaf5 0%, #f9f4ed 100%);\n  border-top: 1px solid rgba(195, 159, 118, 0.15);\n  display: flex;\n  align-items: center;\n  justify-content: space-between;\n  flex-wrap: wrap;\n  gap: 12px;\n}\n.lk-stays-footer-note {\n  font-size: 11.5px;\n  color: #6b7280;\n  font-weight: 300;\n  line-height: 1.5;\n}\n.lk-stays-footer-note a {\n  color: #c39f76;\n  text-decoration: none;\n  font-weight: 400;\n}\n.lk-stays-footer-note a:hover {\n  text-decoration: underline;\n}\n.lk-stays-all-btn {\n  display: inline-flex;\n  align-items: center;\n  gap: 6px;\n  font-size: 12.5px;\n  font-weight: 500;\n  color: #c39f76;\n  text-decoration: none;\n  border: 1px solid rgba(195, 159, 118, 0.35);\n  padding: 8px 18px;\n  border-radius: 8px;\n  transition: all .2s ease;\n}\n.lk-stays-all-btn:hover {\n  background: rgba(195, 159, 118, 0.08);\n  border-color: rgba(195, 159, 118, 0.5);\n}\n\n\/* \u2500\u2500\u2500 RESPONSIVE \u2500\u2500\u2500 *\/\n@media (max-width: 600px) {\n  .lk-stays-grid { grid-template-columns: 1fr; }\n  .lk-stays-header { padding: 24px 20px; }\n  .lk-stays-footer { padding: 16px 20px; }\n  .lk-stay-card { padding: 22px; }\n  .lk-stays-title { font-size: 20px; }\n}\n<\/style>\n\n  <!-- HEADER -->\n  <div class=\"lk-stays-header\">\n    <img decoding=\"async\" src=\"https:\/\/loudavymkrokem.cz\/wp-content\/uploads\/2026\/02\/lukas-a-lucka.jpg\" alt=\"\" style=\"width: 75px; height: 75px; border-radius: 8px; flex-shrink: 0; object-fit: cover; display: block; margin: 4px 0;\" title=\"\">\n    <div class=\"lk-stays-header-text\">\n      <div class=\"lk-stays-eyebrow\">Luk\u00e1\u0161 \u0219i Lucie recomand\u0103<\/div>\n      <div class=\"lk-stays-title\">Unde s\u0103 te cazezi \u00een Nesebar<\/div>\n      <div class=\"lk-stays-subtitle\">6 caz\u0103ri \u2014 hoteluri wellness, hoteluri \u0219i alte op\u021biuni de cazare<\/div>\n    <\/div>\n  <\/div>\n\n  <!-- CARDS -->\n  <div class=\"lk-stays-grid\">\n\n    <a class=\"lk-stay-card featured\" href=\"https:\/\/www.stay22.com\/allez\/roam?aid=lukaskonecny&#038;campaign=loudavymkrokemcz&#038;campaign=ro&#038;campaign=nesebar&#038;hotelname=Castro%20Mesembria%20Boutique%20Hotel&#038;address=Nesebar\" target=\"_blank\" rel=\"nofollow noopener\">\n      <span class=\"lk-stay-badge badge-top\">\u2b50 TOP ALEGERE<\/span>\n      <span class=\"lk-stay-badge badge-nature\">\u2b50 Luxury<\/span>\n      <div class=\"lk-stay-name\">Castro Mesembria Boutique Hotel<\/div>\n      <div class=\"lk-stay-desc\">Hotel de lux cu cel mai mare rating din \u00eentregul peninsul\u0103, direct \u00een centrul istoric. Are propria pizzerie excelent\u0103.<\/div>\n      <div class=\"lk-stay-meta\">\n        <span class=\"lk-stay-stars\">\u2605\u2605\u2605\u2605<\/span>\n        <span class=\"lk-stay-price\">Verific\u0103 pre\u021burile<\/span>\n      <\/div>\n      <span class=\"lk-stay-cta\">\n        <svg width=\"14\" height=\"14\" viewBox=\"0 0 24 24\" fill=\"none\" stroke=\"currentColor\" stroke-width=\"2\"><path d=\"M18 13v6a2 2 0 0 1-2 2H5a2 2 0 0 1-2-2V8a2 2 0 0 1 2-2h6\"\/><polyline points=\"15 3 21 3 21 9\"\/><line x1=\"10\" y1=\"14\" x2=\"21\" y2=\"3\"\/><\/svg>\n        Verific\u0103 disponibilitatea\n      <\/span>\n    <\/a>\n\n    <a class=\"lk-stay-card\" href=\"https:\/\/www.stay22.com\/allez\/roam?aid=lukaskonecny&#038;campaign=loudavymkrokemcz&#038;campaign=ro&#038;campaign=nesebar&#038;hotelname=Hotel%20Saint%20John%20Baptist%20Nessebar&#038;address=Nesebar\" target=\"_blank\" rel=\"nofollow noopener\">\n      <span class=\"lk-stay-badge badge-nature\">\ud83c\udfe8 Hotel<\/span>\n      <div class=\"lk-stay-name\">Hotel Saint John Baptist Nessebar<\/div>\n      <div class=\"lk-stay-desc\">Punct fix tradi\u021bional l\u00e2ng\u0103 zidurile ora\u0219ului vechi, alegere excelent\u0103 pentru cazare \u00een centrul istoric al Nesebarului.<\/div>\n      <div class=\"lk-stay-meta\">\n        <span class=\"lk-stay-stars\">\u2605\u2605\u2605\u2605<\/span>\n        <span class=\"lk-stay-price\">Verific\u0103 pre\u021burile<\/span>\n      <\/div>\n      <span class=\"lk-stay-cta\">\n        <svg width=\"14\" height=\"14\" viewBox=\"0 0 24 24\" fill=\"none\" stroke=\"currentColor\" stroke-width=\"2\"><path d=\"M18 13v6a2 2 0 0 1-2 2H5a2 2 0 0 1-2-2V8a2 2 0 0 1 2-2h6\"\/><polyline points=\"15 3 21 3 21 9\"\/><line x1=\"10\" y1=\"14\" x2=\"21\" y2=\"3\"\/><\/svg>\n        Verific\u0103 disponibilitatea\n      <\/span>\n    <\/a>\n\n    <a class=\"lk-stay-card\" href=\"https:\/\/www.stay22.com\/allez\/roam?aid=lukaskonecny&#038;campaign=loudavymkrokemcz&#038;campaign=ro&#038;campaign=nesebar&#038;hotelname=Family%20Hotel%20Saint%20Nikola&#038;address=Nesebar\" target=\"_blank\" rel=\"nofollow noopener\">\n      <span class=\"lk-stay-badge badge-nature\">\ud83c\udfe8 Hotel<\/span>\n      <div class=\"lk-stay-name\">Family Hotel Saint Nikola<\/div>\n      <div class=\"lk-stay-desc\">Ideal pentru familii cu ma\u0219in\u0103, raport calitate-pre\u021b de neegalat. Dispune de propria parcare gratuit\u0103, ceea ce salveaz\u0103 o mul\u021bime de nervi.<\/div>\n      <div class=\"lk-stay-meta\">\n        <span class=\"lk-stay-stars\">\u2605\u2605\u2605\u2605<\/span>\n        <span class=\"lk-stay-price\">Verific\u0103 pre\u021burile<\/span>\n      <\/div>\n      <span class=\"lk-stay-cta\">\n        <svg width=\"14\" height=\"14\" viewBox=\"0 0 24 24\" fill=\"none\" stroke=\"currentColor\" stroke-width=\"2\"><path d=\"M18 13v6a2 2 0 0 1-2 2H5a2 2 0 0 1-2-2V8a2 2 0 0 1 2-2h6\"\/><polyline points=\"15 3 21 3 21 9\"\/><line x1=\"10\" y1=\"14\" x2=\"21\" y2=\"3\"\/><\/svg>\n        Verific\u0103 disponibilitatea\n      <\/span>\n    <\/a>\n\n    <a class=\"lk-stay-card\" href=\"https:\/\/www.stay22.com\/allez\/roam?aid=lukaskonecny&#038;campaign=loudavymkrokemcz&#038;campaign=ro&#038;campaign=nesebar&#038;hotelname=Hotel%20Capri&#038;address=Nesebar\" target=\"_blank\" rel=\"nofollow noopener\">\n      <span class=\"lk-stay-badge badge-nature\">\ud83c\udfe8 Hotel<\/span>\n      <div class=\"lk-stay-name\">Hotel Capri<\/div>\n      <div class=\"lk-stay-desc\">Hotel \u00een ora\u0219ul nou cu avantajul propriei parc\u0103ri gratuite, alegere practic\u0103 pentru vizitatorii cu ma\u0219in\u0103.<\/div>\n      <div class=\"lk-stay-meta\">\n        <span class=\"lk-stay-stars\">\u2605\u2605\u2605\u2605<\/span>\n        <span class=\"lk-stay-price\">Verific\u0103 pre\u021burile<\/span>\n      <\/div>\n      <span class=\"lk-stay-cta\">\n        <svg width=\"14\" height=\"14\" viewBox=\"0 0 24 24\" fill=\"none\" stroke=\"currentColor\" stroke-width=\"2\"><path d=\"M18 13v6a2 2 0 0 1-2 2H5a2 2 0 0 1-2-2V8a2 2 0 0 1 2-2h6\"\/><polyline points=\"15 3 21 3 21 9\"\/><line x1=\"10\" y1=\"14\" x2=\"21\" y2=\"3\"\/><\/svg>\n        Verific\u0103 disponibilitatea\n      <\/span>\n    <\/a>\n\n    <a class=\"lk-stay-card\" href=\"https:\/\/www.stay22.com\/allez\/roam?aid=lukaskonecny&#038;campaign=loudavymkrokemcz&#038;campaign=ro&#038;campaign=nesebar&#038;hotelname=Aphrodite%20Beach%20Hotel&#038;address=Nesebar\" target=\"_blank\" rel=\"nofollow noopener\">\n      <span class=\"lk-stay-badge badge-nature\">\ud83c\udfd6\ufe0f Beach<\/span>\n      <div class=\"lk-stay-name\">Aphrodite Beach Hotel<\/div>\n      <div class=\"lk-stay-desc\">Direct la Plaja de Sud, la un sfert de or\u0103 de mers pe jos de ora\u0219ul vechi. Din piscin\u0103, vedere superb\u0103 asupra \u00eentregii peninsule istorice.<\/div>\n      <div class=\"lk-stay-meta\">\n        <span class=\"lk-stay-stars\">\u2605\u2605\u2605\u2605<\/span>\n        <span class=\"lk-stay-price\">Verific\u0103 pre\u021burile<\/span>\n      <\/div>\n      <span class=\"lk-stay-cta\">\n        <svg width=\"14\" height=\"14\" viewBox=\"0 0 24 24\" fill=\"none\" stroke=\"currentColor\" stroke-width=\"2\"><path d=\"M18 13v6a2 2 0 0 1-2 2H5a2 2 0 0 1-2-2V8a2 2 0 0 1 2-2h6\"\/><polyline points=\"15 3 21 3 21 9\"\/><line x1=\"10\" y1=\"14\" x2=\"21\" y2=\"3\"\/><\/svg>\n        Verific\u0103 disponibilitatea\n      <\/span>\n    <\/a>\n\n    <a class=\"lk-stay-card\" href=\"https:\/\/www.stay22.com\/allez\/roam?aid=lukaskonecny&#038;campaign=loudavymkrokemcz&#038;campaign=ro&#038;campaign=nesebar&#038;address=nesebar\" target=\"_blank\" rel=\"nofollow noopener\">\n      <span class=\"lk-stay-badge badge-nature\">\ud83d\udd0d Caut\u0103<\/span>\n      <div class=\"lk-stay-name\">Vezi toate caz\u0103rile din Nesebar<\/div>\n      <div class=\"lk-stay-desc\">Exploreaz\u0103 toate op\u021biunile de cazare disponibile \u00een Nesebar \u0219i g\u0103se\u0219te cea mai bun\u0103 \u00een func\u021bie de preferin\u021bele \u0219i bugetul t\u0103u.<\/div>\n      <div class=\"lk-stay-meta\">\n        <span class=\"lk-stay-stars\">\u2605\u2605\u2605\u2605<\/span>\n        <span class=\"lk-stay-price\">Compar\u0103 pre\u021burile<\/span>\n      <\/div>\n      <span class=\"lk-stay-cta\">\n        <svg width=\"14\" height=\"14\" viewBox=\"0 0 24 24\" fill=\"none\" stroke=\"currentColor\" stroke-width=\"2\"><path d=\"M18 13v6a2 2 0 0 1-2 2H5a2 2 0 0 1-2-2V8a2 2 0 0 1 2-2h6\"\/><polyline points=\"15 3 21 3 21 9\"\/><line x1=\"10\" y1=\"14\" x2=\"21\" y2=\"3\"\/><\/svg>\n        Verific\u0103 disponibilitatea\n      <\/span>\n    <\/a>\n\n  <\/div>\n\n  \n<\/div>\n\n\n\n\n<h2 class=\"wp-block-heading\"><span class=\"ez-toc-section\" id=\"Ziduri_moara_si_stradutele_orasului_vechi\"><\/span>Ziduri, moar\u0103 \u0219i str\u0103du\u021bele ora\u0219ului vechi<span class=\"ez-toc-section-end\"><\/span><\/h2>\n\n\n\n<p class=\"wp-block-paragraph\">Pe l\u00e2ng\u0103 monumentele biserice\u0219ti, Nesebar ofer\u0103 \u0219i <strong>construc\u021bii laice uluitoare<\/strong>. La fiecare pas te \u00eempiedici aici de o istorie ce se \u00eentinde mii de ani \u00een trecut, de la traci p\u00e2n\u0103 la <strong>rena\u0219terea bulgar\u0103<\/strong>.<\/p>\n\n\n\n<figure data-wp-context=\"{&quot;imageId&quot;:&quot;6a9c3a6edc571&quot;}\" data-wp-interactive=\"core\/image\" data-wp-key=\"6a9c3a6edc571\" class=\"wp-block-image size-full wp-lightbox-container\"><img decoding=\"async\" width=\"1800\" height=\"1196\" data-wp-class--hide=\"state.isContentHidden\" data-wp-class--show=\"state.isContentVisible\" data-wp-init=\"callbacks.setButtonStyles\" data-wp-on--click=\"actions.showLightbox\" data-wp-on--load=\"callbacks.setButtonStyles\" data-wp-on--pointerdown=\"actions.preloadImage\" data-wp-on--pointerenter=\"actions.preloadImageWithDelay\" data-wp-on--pointerleave=\"actions.cancelPreload\" data-wp-on-window--resize=\"callbacks.setButtonStyles\" src=\"https:\/\/loudavymkrokem.cz\/wp-content\/uploads\/2026\/08\/bulharsko-research-nesebar-17.jpg\" alt=\"Moara de v\u00e2nt de lemn de pe istmul Nesebarului\" class=\"wp-image-404876\" title=\"\" srcset=\"https:\/\/loudavymkrokem.cz\/wp-content\/uploads\/2026\/08\/bulharsko-research-nesebar-17.jpg 1800w, https:\/\/loudavymkrokem.cz\/wp-content\/uploads\/2026\/08\/bulharsko-research-nesebar-17-300x199.jpg 300w, https:\/\/loudavymkrokem.cz\/wp-content\/uploads\/2026\/08\/bulharsko-research-nesebar-17-700x465.jpg 700w, https:\/\/loudavymkrokem.cz\/wp-content\/uploads\/2026\/08\/bulharsko-research-nesebar-17-768x510.jpg 768w, https:\/\/loudavymkrokem.cz\/wp-content\/uploads\/2026\/08\/bulharsko-research-nesebar-17-1536x1021.jpg 1536w, https:\/\/loudavymkrokem.cz\/wp-content\/uploads\/2026\/08\/bulharsko-research-nesebar-17-696x462.jpg 696w, https:\/\/loudavymkrokem.cz\/wp-content\/uploads\/2026\/08\/bulharsko-research-nesebar-17-1392x925.jpg 1392w\" sizes=\"(max-width: 1800px) 100vw, 1800px\" \/><button\n\t\t\tclass=\"lightbox-trigger\"\n\t\t\ttype=\"button\"\n\t\t\taria-haspopup=\"dialog\"\n\t\t\tdata-wp-bind--aria-label=\"state.thisImage.triggerButtonAriaLabel\"\n\t\t\tdata-wp-init=\"callbacks.initTriggerButton\"\n\t\t\tdata-wp-on--click=\"actions.showLightbox\"\n\t\t\tdata-wp-style--right=\"state.thisImage.buttonRight\"\n\t\t\tdata-wp-style--top=\"state.thisImage.buttonTop\"\n\t\t>\n\t\t\t<svg xmlns=\"http:\/\/www.w3.org\/2000\/svg\" width=\"12\" height=\"12\" fill=\"none\" viewBox=\"0 0 12 12\">\n\t\t\t\t<path fill=\"#fff\" d=\"M2 0a2 2 0 0 0-2 2v2h1.5V2a.5.5 0 0 1 .5-.5h2V0H2Zm2 10.5H2a.5.5 0 0 1-.5-.5V8H0v2a2 2 0 0 0 2 2h2v-1.5ZM8 12v-1.5h2a.5.5 0 0 0 .5-.5V8H12v2a2 2 0 0 1-2 2H8Zm2-12a2 2 0 0 1 2 2v2h-1.5V2a.5.5 0 0 0-.5-.5H8V0h2Z\" \/>\n\t\t\t<\/svg>\n\t\t<\/button><figcaption class=\"wp-element-caption\">Foto: www.bdmundo.com \/ Wikimedia Commons (CC BY-SA 2.0)<\/figcaption><\/figure>\n\n\n\n<h3 class=\"wp-block-heading\"><span class=\"ez-toc-section\" id=\"9_Moara_de_vant_de_pe_istm\"><\/span>9. Moara de v\u00e2nt de pe istm<span class=\"ez-toc-section-end\"><\/span><\/h3>\n\n\n\n<p class=\"wp-block-paragraph\">Moara de v\u00e2nt de lemn ce st\u0103 pe istmul \u00eengust care leag\u0103 peninsula de continent este, probabil, primul lucru pe care \u00eel fotografiezi \u00een Nesebar. Majoritatea turi\u0219tilor nu con\u0219tientizeaz\u0103 \u00eens\u0103 c\u0103 <strong>construc\u021bia de ast\u0103zi nu este cea original\u0103<\/strong>. Moara istoric\u0103 adev\u0103rat\u0103 s-a pr\u0103bu\u0219it de la sine \u00een timpul unei furtuni puternice \u00een anul 1929, iar forma actual\u0103 este rezultatul mai multor reconstruc\u021bii, ultima dintre ele din 2022.<\/p>\n\n\n\n<p class=\"wp-block-paragraph\">Moara nu func\u021bioneaz\u0103 \u0219i e pur \u0219i simplu o expozi\u021bie muzeal\u0103 (intrare 2,56 \u20ac), dar \u0219tiai c\u0103 Nesebarul are de fapt trei mori? Una de piatr\u0103 st\u0103 pe malul nordic, l\u00e2ng\u0103 Eleusa, iar la etajul ei al treilea <strong>s-au p\u0103strat p\u00e2n\u0103 azi pietrele grele de moar\u0103 \u0219i o parte din mecanism<\/strong>, ceea ce, pentru iubitorii de tehnic\u0103, este o experien\u021b\u0103 mult mai autentic\u0103.<\/p>\n\n\n\n<figure data-wp-context=\"{&quot;imageId&quot;:&quot;6a9c3a6edcb41&quot;}\" data-wp-interactive=\"core\/image\" data-wp-key=\"6a9c3a6edcb41\" class=\"wp-block-image size-full wp-lightbox-container\"><img decoding=\"async\" width=\"1800\" height=\"633\" data-wp-class--hide=\"state.isContentHidden\" data-wp-class--show=\"state.isContentVisible\" data-wp-init=\"callbacks.setButtonStyles\" data-wp-on--click=\"actions.showLightbox\" data-wp-on--load=\"callbacks.setButtonStyles\" data-wp-on--pointerdown=\"actions.preloadImage\" data-wp-on--pointerenter=\"actions.preloadImageWithDelay\" data-wp-on--pointerleave=\"actions.cancelPreload\" data-wp-on-window--resize=\"callbacks.setButtonStyles\" src=\"https:\/\/loudavymkrokem.cz\/wp-content\/uploads\/2026\/08\/bulharsko-research-nesebar-18.jpg\" alt=\"Zidurile de vest \u0219i poarta principal\u0103 a ora\u0219ului\" class=\"wp-image-404877\" title=\"\" srcset=\"https:\/\/loudavymkrokem.cz\/wp-content\/uploads\/2026\/08\/bulharsko-research-nesebar-18.jpg 1800w, https:\/\/loudavymkrokem.cz\/wp-content\/uploads\/2026\/08\/bulharsko-research-nesebar-18-300x106.jpg 300w, https:\/\/loudavymkrokem.cz\/wp-content\/uploads\/2026\/08\/bulharsko-research-nesebar-18-700x246.jpg 700w, https:\/\/loudavymkrokem.cz\/wp-content\/uploads\/2026\/08\/bulharsko-research-nesebar-18-768x270.jpg 768w, https:\/\/loudavymkrokem.cz\/wp-content\/uploads\/2026\/08\/bulharsko-research-nesebar-18-1536x540.jpg 1536w, https:\/\/loudavymkrokem.cz\/wp-content\/uploads\/2026\/08\/bulharsko-research-nesebar-18-696x245.jpg 696w, https:\/\/loudavymkrokem.cz\/wp-content\/uploads\/2026\/08\/bulharsko-research-nesebar-18-1392x490.jpg 1392w\" sizes=\"(max-width: 1800px) 100vw, 1800px\" \/><button\n\t\t\tclass=\"lightbox-trigger\"\n\t\t\ttype=\"button\"\n\t\t\taria-haspopup=\"dialog\"\n\t\t\tdata-wp-bind--aria-label=\"state.thisImage.triggerButtonAriaLabel\"\n\t\t\tdata-wp-init=\"callbacks.initTriggerButton\"\n\t\t\tdata-wp-on--click=\"actions.showLightbox\"\n\t\t\tdata-wp-style--right=\"state.thisImage.buttonRight\"\n\t\t\tdata-wp-style--top=\"state.thisImage.buttonTop\"\n\t\t>\n\t\t\t<svg xmlns=\"http:\/\/www.w3.org\/2000\/svg\" width=\"12\" height=\"12\" fill=\"none\" viewBox=\"0 0 12 12\">\n\t\t\t\t<path fill=\"#fff\" d=\"M2 0a2 2 0 0 0-2 2v2h1.5V2a.5.5 0 0 1 .5-.5h2V0H2Zm2 10.5H2a.5.5 0 0 1-.5-.5V8H0v2a2 2 0 0 0 2 2h2v-1.5ZM8 12v-1.5h2a.5.5 0 0 0 .5-.5V8H12v2a2 2 0 0 1-2 2H8Zm2-12a2 2 0 0 1 2 2v2h-1.5V2a.5.5 0 0 0-.5-.5H8V0h2Z\" \/>\n\t\t\t<\/svg>\n\t\t<\/button><figcaption class=\"wp-element-caption\">Foto: B0rder at en.wikipedia \/ Wikimedia Commons, Public domain<\/figcaption><\/figure>\n\n\n\n<h3 class=\"wp-block-heading\"><span class=\"ez-toc-section\" id=\"10_Zidurile_de_vest_si_poarta_principala\"><\/span>10. Zidurile de vest \u0219i poarta principal\u0103<span class=\"ez-toc-section-end\"><\/span><\/h3>\n\n\n\n<p class=\"wp-block-paragraph\">Fortifica\u021bia Nesebarului este ca un manual de arhitectur\u0103 \u00een practic\u0103. C\u00e2nd te postezi l\u00e2ng\u0103 poarta principal\u0103 a ora\u0219ului, la intrarea pe peninsul\u0103, <strong>po\u021bi citi clar patru straturi istorice diferite<\/strong>. Chiar jos se afl\u0103 zid\u0103ria tracic\u0103 din secolul VIII \u00ee.Hr., deasupra ei blocurile elenistice a\u0219ezate uscat, urmate de interven\u021biile romane \u0219i, \u00een final, zid\u0103ria bizantin\u0103 timpurie de tip opus mixtum de la mijlocul secolului V.<\/p>\n\n\n\n<p class=\"wp-block-paragraph\">Poarta principal\u0103 \u00een sine, protejat\u0103 de dou\u0103 turnuri dreptunghiulare, era <strong>dotat\u0103 cu o dubl\u0103 \u00eenchiz\u0103toare sub forma unei grile cobor\u00e2toare \u0219i a unei por\u021bi grele cu dou\u0103 canaturi<\/strong>. Zidurile sunt accesibile liber 24 de ore pe zi, iar chiar \u00een fa\u021ba muzeului din apropiere po\u021bi vedea o machet\u0103 reliefat\u0103 exact\u0103 a \u00eentregii peninsule.<\/p>\n\n\n\n<figure data-wp-context=\"{&quot;imageId&quot;:&quot;6a9c3a6edd10f&quot;}\" data-wp-interactive=\"core\/image\" data-wp-key=\"6a9c3a6edd10f\" class=\"wp-block-image size-full wp-lightbox-container\"><img decoding=\"async\" width=\"1800\" height=\"1350\" data-wp-class--hide=\"state.isContentHidden\" data-wp-class--show=\"state.isContentVisible\" data-wp-init=\"callbacks.setButtonStyles\" data-wp-on--click=\"actions.showLightbox\" data-wp-on--load=\"callbacks.setButtonStyles\" data-wp-on--pointerdown=\"actions.preloadImage\" data-wp-on--pointerenter=\"actions.preloadImageWithDelay\" data-wp-on--pointerleave=\"actions.cancelPreload\" data-wp-on-window--resize=\"callbacks.setButtonStyles\" src=\"https:\/\/loudavymkrokem.cz\/wp-content\/uploads\/2026\/08\/bulharsko-research-nesebar-19.jpg\" alt=\"Termele bizantine timpurii din secolul VI\" class=\"wp-image-404880\" title=\"\" srcset=\"https:\/\/loudavymkrokem.cz\/wp-content\/uploads\/2026\/08\/bulharsko-research-nesebar-19.jpg 1800w, https:\/\/loudavymkrokem.cz\/wp-content\/uploads\/2026\/08\/bulharsko-research-nesebar-19-300x225.jpg 300w, https:\/\/loudavymkrokem.cz\/wp-content\/uploads\/2026\/08\/bulharsko-research-nesebar-19-700x525.jpg 700w, https:\/\/loudavymkrokem.cz\/wp-content\/uploads\/2026\/08\/bulharsko-research-nesebar-19-768x576.jpg 768w, https:\/\/loudavymkrokem.cz\/wp-content\/uploads\/2026\/08\/bulharsko-research-nesebar-19-1536x1152.jpg 1536w, https:\/\/loudavymkrokem.cz\/wp-content\/uploads\/2026\/08\/bulharsko-research-nesebar-19-80x60.jpg 80w, https:\/\/loudavymkrokem.cz\/wp-content\/uploads\/2026\/08\/bulharsko-research-nesebar-19-160x120.jpg 160w, https:\/\/loudavymkrokem.cz\/wp-content\/uploads\/2026\/08\/bulharsko-research-nesebar-19-696x522.jpg 696w, https:\/\/loudavymkrokem.cz\/wp-content\/uploads\/2026\/08\/bulharsko-research-nesebar-19-1392x1044.jpg 1392w\" sizes=\"(max-width: 1800px) 100vw, 1800px\" \/><button\n\t\t\tclass=\"lightbox-trigger\"\n\t\t\ttype=\"button\"\n\t\t\taria-haspopup=\"dialog\"\n\t\t\tdata-wp-bind--aria-label=\"state.thisImage.triggerButtonAriaLabel\"\n\t\t\tdata-wp-init=\"callbacks.initTriggerButton\"\n\t\t\tdata-wp-on--click=\"actions.showLightbox\"\n\t\t\tdata-wp-style--right=\"state.thisImage.buttonRight\"\n\t\t\tdata-wp-style--top=\"state.thisImage.buttonTop\"\n\t\t>\n\t\t\t<svg xmlns=\"http:\/\/www.w3.org\/2000\/svg\" width=\"12\" height=\"12\" fill=\"none\" viewBox=\"0 0 12 12\">\n\t\t\t\t<path fill=\"#fff\" d=\"M2 0a2 2 0 0 0-2 2v2h1.5V2a.5.5 0 0 1 .5-.5h2V0H2Zm2 10.5H2a.5.5 0 0 1-.5-.5V8H0v2a2 2 0 0 0 2 2h2v-1.5ZM8 12v-1.5h2a.5.5 0 0 0 .5-.5V8H12v2a2 2 0 0 1-2 2H8Zm2-12a2 2 0 0 1 2 2v2h-1.5V2a.5.5 0 0 0-.5-.5H8V0h2Z\" \/>\n\t\t\t<\/svg>\n\t\t<\/button><figcaption class=\"wp-element-caption\">Foto: \u0420\u043e\u043c\u0430\u043d \u0414\u043d\u0435\u043f\u0440 \/ Wikimedia Commons, CC BY-SA 3.0<\/figcaption><\/figure>\n\n\n\n<h3 class=\"wp-block-heading\"><span class=\"ez-toc-section\" id=\"11_Termele_bizantine_timpurii\"><\/span>11. Termele bizantine timpurii<span class=\"ez-toc-section-end\"><\/span><\/h3>\n\n\n\n<p class=\"wp-block-paragraph\">Crede sau nu, dar chiar \u00een aceste ruine cu acces liber s-a scris, oarecum, istoria \u00eentregii \u021b\u0103ri. B\u0103ile termale din secolul VI, construite \u00een timpul domniei \u00eemp\u0103ratului Justinian I, au \u0219i ast\u0103zi <strong>zid\u0103rie p\u0103strat\u0103 pe alocuri p\u00e2n\u0103 la o \u00een\u0103l\u021bime de trei metri<\/strong> \u0219i un sistem de \u00eenc\u0103lzire prin pardoseal\u0103 clar vizibil.<\/p>\n\n\n\n<p class=\"wp-block-paragraph\">Tocmai aici a plecat, \u00een anul 680, \u00eemp\u0103ratul bizantin Constantin al IV-lea, ca s\u0103-\u0219i trateze aici o criz\u0103 de gut\u0103, \u00een timp ce armata lui asedia pe bulgarii lui Asparuh. Solda\u021bii au interpretat plecarea \u00eemp\u0103ratului ca pe o fug\u0103, au fost cuprin\u0219i de panic\u0103 \u0219i au dat \u00eenapoi, ceea ce le-a permis bulgarilor s\u0103-i \u00eenving\u0103 zdrobitor. Din aceast\u0103 victorie a rezultat apoi <strong>pacea din anul 681 \u0219i na\u0219terea Primului Imperiu Bulgar<\/strong>, a\u0219a c\u0103 stai pe un loc de imens\u0103 \u00eensemn\u0103tate istoric\u0103.<\/p>\n\n\n\n<figure data-wp-context=\"{&quot;imageId&quot;:&quot;6a9c3a6edd6e8&quot;}\" data-wp-interactive=\"core\/image\" data-wp-key=\"6a9c3a6edd6e8\" class=\"wp-block-image size-full wp-lightbox-container\"><img decoding=\"async\" width=\"1800\" height=\"1350\" data-wp-class--hide=\"state.isContentHidden\" data-wp-class--show=\"state.isContentVisible\" data-wp-init=\"callbacks.setButtonStyles\" data-wp-on--click=\"actions.showLightbox\" data-wp-on--load=\"callbacks.setButtonStyles\" data-wp-on--pointerdown=\"actions.preloadImage\" data-wp-on--pointerenter=\"actions.preloadImageWithDelay\" data-wp-on--pointerleave=\"actions.cancelPreload\" data-wp-on-window--resize=\"callbacks.setButtonStyles\" src=\"https:\/\/loudavymkrokem.cz\/wp-content\/uploads\/2026\/08\/bulharsko-research-nesebar-20.jpg\" alt=\"Cas\u0103 renascentist\u0103 din Nesebar cu etaj de lemn\" class=\"wp-image-404882\" title=\"\" srcset=\"https:\/\/loudavymkrokem.cz\/wp-content\/uploads\/2026\/08\/bulharsko-research-nesebar-20.jpg 1800w, https:\/\/loudavymkrokem.cz\/wp-content\/uploads\/2026\/08\/bulharsko-research-nesebar-20-300x225.jpg 300w, https:\/\/loudavymkrokem.cz\/wp-content\/uploads\/2026\/08\/bulharsko-research-nesebar-20-700x525.jpg 700w, https:\/\/loudavymkrokem.cz\/wp-content\/uploads\/2026\/08\/bulharsko-research-nesebar-20-768x576.jpg 768w, https:\/\/loudavymkrokem.cz\/wp-content\/uploads\/2026\/08\/bulharsko-research-nesebar-20-1536x1152.jpg 1536w, https:\/\/loudavymkrokem.cz\/wp-content\/uploads\/2026\/08\/bulharsko-research-nesebar-20-80x60.jpg 80w, https:\/\/loudavymkrokem.cz\/wp-content\/uploads\/2026\/08\/bulharsko-research-nesebar-20-160x120.jpg 160w, https:\/\/loudavymkrokem.cz\/wp-content\/uploads\/2026\/08\/bulharsko-research-nesebar-20-696x522.jpg 696w, https:\/\/loudavymkrokem.cz\/wp-content\/uploads\/2026\/08\/bulharsko-research-nesebar-20-1392x1044.jpg 1392w\" sizes=\"(max-width: 1800px) 100vw, 1800px\" \/><button\n\t\t\tclass=\"lightbox-trigger\"\n\t\t\ttype=\"button\"\n\t\t\taria-haspopup=\"dialog\"\n\t\t\tdata-wp-bind--aria-label=\"state.thisImage.triggerButtonAriaLabel\"\n\t\t\tdata-wp-init=\"callbacks.initTriggerButton\"\n\t\t\tdata-wp-on--click=\"actions.showLightbox\"\n\t\t\tdata-wp-style--right=\"state.thisImage.buttonRight\"\n\t\t\tdata-wp-style--top=\"state.thisImage.buttonTop\"\n\t\t>\n\t\t\t<svg xmlns=\"http:\/\/www.w3.org\/2000\/svg\" width=\"12\" height=\"12\" fill=\"none\" viewBox=\"0 0 12 12\">\n\t\t\t\t<path fill=\"#fff\" d=\"M2 0a2 2 0 0 0-2 2v2h1.5V2a.5.5 0 0 1 .5-.5h2V0H2Zm2 10.5H2a.5.5 0 0 1-.5-.5V8H0v2a2 2 0 0 0 2 2h2v-1.5ZM8 12v-1.5h2a.5.5 0 0 0 .5-.5V8H12v2a2 2 0 0 1-2 2H8Zm2-12a2 2 0 0 1 2 2v2h-1.5V2a.5.5 0 0 0-.5-.5H8V0h2Z\" \/>\n\t\t\t<\/svg>\n\t\t<\/button><figcaption class=\"wp-element-caption\">Foto: Tanya Dedyukhina \/ Wikimedia Commons, CC BY 3.0<\/figcaption><\/figure>\n\n\n\n<h3 class=\"wp-block-heading\"><span class=\"ez-toc-section\" id=\"12_Casele_renascentiste_din_Nesebar\"><\/span>12. Casele renascentiste din Nesebar<span class=\"ez-toc-section-end\"><\/span><\/h3>\n\n\n\n<p class=\"wp-block-paragraph\">C\u00e2nd te cufunzi \u00een \u00eenc\u00e2lceala str\u0103du\u021belor \u00eenguste, peste tot \u00een jurul t\u0103u vor sta case tipice din perioada rena\u0219terii na\u021bionale bulgare (secolele XVIII \u0219i XIX). \u00cen registrul monumentelor sunt \u00eenscrise pe peninsul\u0103 respectabile nou\u0103zeci de case. <strong>Arhitectura acestor case este extrem de practic\u0103 \u0219i de bine g\u00e2ndit\u0103.<\/strong><\/p>\n\n\n\n<p class=\"wp-block-paragraph\">Parterul este format din ziduri masive de piatr\u0103 \u0219i servea unor scopuri gospod\u0103re\u0219ti sau depozit\u0103rii vinului \u0219i a plaselor de pescuit. Din el iese apoi <strong>un etaj de locuit larg, din lemn, cu tipicul bovindou<\/strong>, \u00eembr\u0103cat \u00een sc\u00e2nduri. Me\u0219terii locali construiau casele astfel \u00eenc\u00e2t camerele orientate spre sud, cu multe ferestre, s\u0103 prind\u0103 briza verii dinspre mare, \u00een timp ce \u00eenc\u0103perile nordice erau dotate cu sobe pentru zilele reci de iarn\u0103.<\/p>\n\n\n\n<figure data-wp-context=\"{&quot;imageId&quot;:&quot;6a9c3a6eddc3b&quot;}\" data-wp-interactive=\"core\/image\" data-wp-key=\"6a9c3a6eddc3b\" class=\"wp-block-image size-full wp-lightbox-container\"><img decoding=\"async\" width=\"1800\" height=\"1350\" data-wp-class--hide=\"state.isContentHidden\" data-wp-class--show=\"state.isContentVisible\" data-wp-init=\"callbacks.setButtonStyles\" data-wp-on--click=\"actions.showLightbox\" data-wp-on--load=\"callbacks.setButtonStyles\" data-wp-on--pointerdown=\"actions.preloadImage\" data-wp-on--pointerenter=\"actions.preloadImageWithDelay\" data-wp-on--pointerleave=\"actions.cancelPreload\" data-wp-on-window--resize=\"callbacks.setButtonStyles\" src=\"https:\/\/loudavymkrokem.cz\/wp-content\/uploads\/2026\/08\/bulharsko-research-nesebar-21.jpg\" alt=\"Plaje \u0219i muzee \u00een jurul vechiului Nesebar\" class=\"wp-image-404884\" title=\"\" srcset=\"https:\/\/loudavymkrokem.cz\/wp-content\/uploads\/2026\/08\/bulharsko-research-nesebar-21.jpg 1800w, https:\/\/loudavymkrokem.cz\/wp-content\/uploads\/2026\/08\/bulharsko-research-nesebar-21-300x225.jpg 300w, https:\/\/loudavymkrokem.cz\/wp-content\/uploads\/2026\/08\/bulharsko-research-nesebar-21-700x525.jpg 700w, https:\/\/loudavymkrokem.cz\/wp-content\/uploads\/2026\/08\/bulharsko-research-nesebar-21-768x576.jpg 768w, https:\/\/loudavymkrokem.cz\/wp-content\/uploads\/2026\/08\/bulharsko-research-nesebar-21-1536x1152.jpg 1536w, https:\/\/loudavymkrokem.cz\/wp-content\/uploads\/2026\/08\/bulharsko-research-nesebar-21-80x60.jpg 80w, https:\/\/loudavymkrokem.cz\/wp-content\/uploads\/2026\/08\/bulharsko-research-nesebar-21-160x120.jpg 160w, https:\/\/loudavymkrokem.cz\/wp-content\/uploads\/2026\/08\/bulharsko-research-nesebar-21-696x522.jpg 696w, https:\/\/loudavymkrokem.cz\/wp-content\/uploads\/2026\/08\/bulharsko-research-nesebar-21-1392x1044.jpg 1392w\" sizes=\"(max-width: 1800px) 100vw, 1800px\" \/><button\n\t\t\tclass=\"lightbox-trigger\"\n\t\t\ttype=\"button\"\n\t\t\taria-haspopup=\"dialog\"\n\t\t\tdata-wp-bind--aria-label=\"state.thisImage.triggerButtonAriaLabel\"\n\t\t\tdata-wp-init=\"callbacks.initTriggerButton\"\n\t\t\tdata-wp-on--click=\"actions.showLightbox\"\n\t\t\tdata-wp-style--right=\"state.thisImage.buttonRight\"\n\t\t\tdata-wp-style--top=\"state.thisImage.buttonTop\"\n\t\t>\n\t\t\t<svg xmlns=\"http:\/\/www.w3.org\/2000\/svg\" width=\"12\" height=\"12\" fill=\"none\" viewBox=\"0 0 12 12\">\n\t\t\t\t<path fill=\"#fff\" d=\"M2 0a2 2 0 0 0-2 2v2h1.5V2a.5.5 0 0 1 .5-.5h2V0H2Zm2 10.5H2a.5.5 0 0 1-.5-.5V8H0v2a2 2 0 0 0 2 2h2v-1.5ZM8 12v-1.5h2a.5.5 0 0 0 .5-.5V8H12v2a2 2 0 0 1-2 2H8Zm2-12a2 2 0 0 1 2 2v2h-1.5V2a.5.5 0 0 0-.5-.5H8V0h2Z\" \/>\n\t\t\t<\/svg>\n\t\t<\/button><figcaption class=\"wp-element-caption\">Foto: Victor Belousov \/ Wikimedia Commons (CC BY 3.0)<\/figcaption><\/figure>\n\n\n\n<h2 class=\"wp-block-heading\"><span class=\"ez-toc-section\" id=\"Muzee_plaje_si_imprejurimi\"><\/span>Muzee, plaje \u0219i \u00eemprejurimi<span class=\"ez-toc-section-end\"><\/span><\/h2>\n\n\n\n<p class=\"wp-block-paragraph\">Dac\u0103 vrei s\u0103 te odihne\u0219ti de istorie, Nesebar ofer\u0103 \u0219i <strong>locuri frumoase de sc\u0103ldat<\/strong> \u0219i <strong>expozi\u021bii muzeale interesante<\/strong>, unde te ascunzi de ar\u0219i\u021ba verii.<\/p>\n\n\n\n<figure data-wp-context=\"{&quot;imageId&quot;:&quot;6a9c3a6ede0f7&quot;}\" data-wp-interactive=\"core\/image\" data-wp-key=\"6a9c3a6ede0f7\" class=\"wp-block-image size-full wp-lightbox-container\"><img decoding=\"async\" width=\"1800\" height=\"1200\" data-wp-class--hide=\"state.isContentHidden\" data-wp-class--show=\"state.isContentVisible\" data-wp-init=\"callbacks.setButtonStyles\" data-wp-on--click=\"actions.showLightbox\" data-wp-on--load=\"callbacks.setButtonStyles\" data-wp-on--pointerdown=\"actions.preloadImage\" data-wp-on--pointerenter=\"actions.preloadImageWithDelay\" data-wp-on--pointerleave=\"actions.cancelPreload\" data-wp-on-window--resize=\"callbacks.setButtonStyles\" src=\"https:\/\/loudavymkrokem.cz\/wp-content\/uploads\/2026\/08\/bulharsko-research-nesebar-22.jpg\" alt=\"Icoane \u0219i descoperiri la Muzeul Arheologic\" class=\"wp-image-404886\" title=\"\" srcset=\"https:\/\/loudavymkrokem.cz\/wp-content\/uploads\/2026\/08\/bulharsko-research-nesebar-22.jpg 1800w, https:\/\/loudavymkrokem.cz\/wp-content\/uploads\/2026\/08\/bulharsko-research-nesebar-22-300x200.jpg 300w, https:\/\/loudavymkrokem.cz\/wp-content\/uploads\/2026\/08\/bulharsko-research-nesebar-22-700x467.jpg 700w, https:\/\/loudavymkrokem.cz\/wp-content\/uploads\/2026\/08\/bulharsko-research-nesebar-22-768x512.jpg 768w, https:\/\/loudavymkrokem.cz\/wp-content\/uploads\/2026\/08\/bulharsko-research-nesebar-22-1536x1024.jpg 1536w, https:\/\/loudavymkrokem.cz\/wp-content\/uploads\/2026\/08\/bulharsko-research-nesebar-22-696x464.jpg 696w, https:\/\/loudavymkrokem.cz\/wp-content\/uploads\/2026\/08\/bulharsko-research-nesebar-22-1392x928.jpg 1392w\" sizes=\"(max-width: 1800px) 100vw, 1800px\" \/><button\n\t\t\tclass=\"lightbox-trigger\"\n\t\t\ttype=\"button\"\n\t\t\taria-haspopup=\"dialog\"\n\t\t\tdata-wp-bind--aria-label=\"state.thisImage.triggerButtonAriaLabel\"\n\t\t\tdata-wp-init=\"callbacks.initTriggerButton\"\n\t\t\tdata-wp-on--click=\"actions.showLightbox\"\n\t\t\tdata-wp-style--right=\"state.thisImage.buttonRight\"\n\t\t\tdata-wp-style--top=\"state.thisImage.buttonTop\"\n\t\t>\n\t\t\t<svg xmlns=\"http:\/\/www.w3.org\/2000\/svg\" width=\"12\" height=\"12\" fill=\"none\" viewBox=\"0 0 12 12\">\n\t\t\t\t<path fill=\"#fff\" d=\"M2 0a2 2 0 0 0-2 2v2h1.5V2a.5.5 0 0 1 .5-.5h2V0H2Zm2 10.5H2a.5.5 0 0 1-.5-.5V8H0v2a2 2 0 0 0 2 2h2v-1.5ZM8 12v-1.5h2a.5.5 0 0 0 .5-.5V8H12v2a2 2 0 0 1-2 2H8Zm2-12a2 2 0 0 1 2 2v2h-1.5V2a.5.5 0 0 0-.5-.5H8V0h2Z\" \/>\n\t\t\t<\/svg>\n\t\t<\/button><figcaption class=\"wp-element-caption\">Foto: Kritzolina \/ Wikimedia Commons, CC BY-SA 4.0<\/figcaption><\/figure>\n\n\n\n<h3 class=\"wp-block-heading\"><span class=\"ez-toc-section\" id=\"13_Muzeul_Arheologic\"><\/span>13. Muzeul Arheologic<span class=\"ez-toc-section-end\"><\/span><\/h3>\n\n\n\n<p class=\"wp-block-paragraph\">Primii t\u0103i pa\u0219i pe peninsul\u0103 ar trebui s\u0103 te duc\u0103 chiar aici, \u00een cl\u0103direa de pe strada Mesambria 2A, imediat dup\u0103 zidurile ora\u0219ului. Intrarea cost\u0103 4,60 \u20ac \u0219i <strong>este singurul loc de unde po\u021bi cump\u0103ra biletele combinate avantajoase<\/strong> pentru celelalte monumente. Chiar \u00een foaier po\u021bi vedea diploma original\u0103 de \u00eenscriere pe lista UNESCO.<\/p>\n\n\n\n<p class=\"wp-block-paragraph\">Muzeul are patru s\u0103li spa\u021bioase, pline de artefacte antice \u0219i medievale, dar <strong>bijuteria absolut\u0103 este sala de icoane de aici<\/strong>. G\u0103se\u0219ti \u00een ea o colec\u021bie uluitoare de circa 250 de icoane provenite din secolele XIII\u2013XIX, care salveaz\u0103 mo\u0219tenirea l\u0103ca\u0219urilor demolate din Nesebar.<\/p>\n\n\n\n<figure data-wp-context=\"{&quot;imageId&quot;:&quot;6a9c3a6ede677&quot;}\" data-wp-interactive=\"core\/image\" data-wp-key=\"6a9c3a6ede677\" class=\"wp-block-image size-full wp-lightbox-container\"><img decoding=\"async\" width=\"1800\" height=\"1350\" data-wp-class--hide=\"state.isContentHidden\" data-wp-class--show=\"state.isContentVisible\" data-wp-init=\"callbacks.setButtonStyles\" data-wp-on--click=\"actions.showLightbox\" data-wp-on--load=\"callbacks.setButtonStyles\" data-wp-on--pointerdown=\"actions.preloadImage\" data-wp-on--pointerenter=\"actions.preloadImageWithDelay\" data-wp-on--pointerleave=\"actions.cancelPreload\" data-wp-on-window--resize=\"callbacks.setButtonStyles\" src=\"https:\/\/loudavymkrokem.cz\/wp-content\/uploads\/2026\/08\/bulharsko-research-nesebar-23.jpg\" alt=\"Plaja de Sud din Nesebar cu intrare lin\u0103 \u00een ap\u0103\" class=\"wp-image-404888\" title=\"\" srcset=\"https:\/\/loudavymkrokem.cz\/wp-content\/uploads\/2026\/08\/bulharsko-research-nesebar-23.jpg 1800w, https:\/\/loudavymkrokem.cz\/wp-content\/uploads\/2026\/08\/bulharsko-research-nesebar-23-300x225.jpg 300w, https:\/\/loudavymkrokem.cz\/wp-content\/uploads\/2026\/08\/bulharsko-research-nesebar-23-700x525.jpg 700w, https:\/\/loudavymkrokem.cz\/wp-content\/uploads\/2026\/08\/bulharsko-research-nesebar-23-768x576.jpg 768w, https:\/\/loudavymkrokem.cz\/wp-content\/uploads\/2026\/08\/bulharsko-research-nesebar-23-1536x1152.jpg 1536w, https:\/\/loudavymkrokem.cz\/wp-content\/uploads\/2026\/08\/bulharsko-research-nesebar-23-80x60.jpg 80w, https:\/\/loudavymkrokem.cz\/wp-content\/uploads\/2026\/08\/bulharsko-research-nesebar-23-160x120.jpg 160w, https:\/\/loudavymkrokem.cz\/wp-content\/uploads\/2026\/08\/bulharsko-research-nesebar-23-696x522.jpg 696w, https:\/\/loudavymkrokem.cz\/wp-content\/uploads\/2026\/08\/bulharsko-research-nesebar-23-1392x1044.jpg 1392w\" sizes=\"(max-width: 1800px) 100vw, 1800px\" \/><button\n\t\t\tclass=\"lightbox-trigger\"\n\t\t\ttype=\"button\"\n\t\t\taria-haspopup=\"dialog\"\n\t\t\tdata-wp-bind--aria-label=\"state.thisImage.triggerButtonAriaLabel\"\n\t\t\tdata-wp-init=\"callbacks.initTriggerButton\"\n\t\t\tdata-wp-on--click=\"actions.showLightbox\"\n\t\t\tdata-wp-style--right=\"state.thisImage.buttonRight\"\n\t\t\tdata-wp-style--top=\"state.thisImage.buttonTop\"\n\t\t>\n\t\t\t<svg xmlns=\"http:\/\/www.w3.org\/2000\/svg\" width=\"12\" height=\"12\" fill=\"none\" viewBox=\"0 0 12 12\">\n\t\t\t\t<path fill=\"#fff\" d=\"M2 0a2 2 0 0 0-2 2v2h1.5V2a.5.5 0 0 1 .5-.5h2V0H2Zm2 10.5H2a.5.5 0 0 1-.5-.5V8H0v2a2 2 0 0 0 2 2h2v-1.5ZM8 12v-1.5h2a.5.5 0 0 0 .5-.5V8H12v2a2 2 0 0 1-2 2H8Zm2-12a2 2 0 0 1 2 2v2h-1.5V2a.5.5 0 0 0-.5-.5H8V0h2Z\" \/>\n\t\t\t<\/svg>\n\t\t<\/button><figcaption class=\"wp-element-caption\">Foto: \u041c\u0438\u0445\u0430\u043b \u041e\u0440\u0435\u043b\u0430 \/ Wikimedia Commons (CC BY 3.0)<\/figcaption><\/figure>\n\n\n\n<h3 class=\"wp-block-heading\"><span class=\"ez-toc-section\" id=\"14_Plaja_de_Sud_Nesebar-sud\"><\/span>14. Plaja de Sud (Nesebar-sud)<span class=\"ez-toc-section-end\"><\/span><\/h3>\n\n\n\n<p class=\"wp-block-paragraph\">Dac\u0103 e\u0219ti \u00een c\u0103utarea locului perfect de sc\u0103ldat, porne\u0219te vreun kilometru pe jos de la ora\u0219ul vechi spre Plaja de Sud. Aceast\u0103 f\u00e2\u0219ie de peste un kilometru se m\u00e2ndre\u0219te cu <strong>dune de nisip superbe \u0219i o pant\u0103 extrem de lin\u0103<\/strong>, unde po\u021bi intra \u0219i \u0219aizeci de metri \u00een mare, av\u00e2nd apa tot p\u00e2n\u0103 la br\u00e2u, ceea ce este absolut ideal pentru familiile cu copii mici.<\/p>\n\n\n\n<p class=\"wp-block-paragraph\">Un mare avantaj sunt \u0219i pre\u021burile de aici. \u00cen timp ce pe plaja central\u0103 din Sunny Beach dai pe un \u0219ezlong 5,10 \u20ac, <strong>aici pl\u0103te\u0219ti, potrivit <a href=\"https:\/\/www.tourism.government.bg\/\" target=\"_blank\" rel=\"noopener nofollow\">datelor oficiale ale ministerului turismului<\/a>, doar 4,09 \u20ac<\/strong>, a\u0219a c\u0103 o familie economise\u0219te aici pe toat\u0103 ziua o sum\u0103 considerabil\u0103 \u00een euro. Partea de vest a plajei este, \u00een plus, complet liber\u0103 \u0219i gratuit\u0103.<\/p>\n\n\n\n<figure data-wp-context=\"{&quot;imageId&quot;:&quot;6a9c3a6edecf1&quot;}\" data-wp-interactive=\"core\/image\" data-wp-key=\"6a9c3a6edecf1\" class=\"wp-block-image size-full wp-lightbox-container\"><img decoding=\"async\" width=\"1800\" height=\"1125\" data-wp-class--hide=\"state.isContentHidden\" data-wp-class--show=\"state.isContentVisible\" data-wp-init=\"callbacks.setButtonStyles\" data-wp-on--click=\"actions.showLightbox\" data-wp-on--load=\"callbacks.setButtonStyles\" data-wp-on--pointerdown=\"actions.preloadImage\" data-wp-on--pointerenter=\"actions.preloadImageWithDelay\" data-wp-on--pointerleave=\"actions.cancelPreload\" data-wp-on-window--resize=\"callbacks.setButtonStyles\" src=\"https:\/\/loudavymkrokem.cz\/wp-content\/uploads\/2026\/08\/bulharsko-research-nesebar-24.jpg\" alt=\"Plaja urban\u0103 chiar sub ora\u0219ul vechi\" class=\"wp-image-404890\" title=\"\" srcset=\"https:\/\/loudavymkrokem.cz\/wp-content\/uploads\/2026\/08\/bulharsko-research-nesebar-24.jpg 1800w, https:\/\/loudavymkrokem.cz\/wp-content\/uploads\/2026\/08\/bulharsko-research-nesebar-24-300x188.jpg 300w, https:\/\/loudavymkrokem.cz\/wp-content\/uploads\/2026\/08\/bulharsko-research-nesebar-24-700x438.jpg 700w, https:\/\/loudavymkrokem.cz\/wp-content\/uploads\/2026\/08\/bulharsko-research-nesebar-24-768x480.jpg 768w, https:\/\/loudavymkrokem.cz\/wp-content\/uploads\/2026\/08\/bulharsko-research-nesebar-24-1536x960.jpg 1536w, https:\/\/loudavymkrokem.cz\/wp-content\/uploads\/2026\/08\/bulharsko-research-nesebar-24-696x435.jpg 696w, https:\/\/loudavymkrokem.cz\/wp-content\/uploads\/2026\/08\/bulharsko-research-nesebar-24-1392x870.jpg 1392w\" sizes=\"(max-width: 1800px) 100vw, 1800px\" \/><button\n\t\t\tclass=\"lightbox-trigger\"\n\t\t\ttype=\"button\"\n\t\t\taria-haspopup=\"dialog\"\n\t\t\tdata-wp-bind--aria-label=\"state.thisImage.triggerButtonAriaLabel\"\n\t\t\tdata-wp-init=\"callbacks.initTriggerButton\"\n\t\t\tdata-wp-on--click=\"actions.showLightbox\"\n\t\t\tdata-wp-style--right=\"state.thisImage.buttonRight\"\n\t\t\tdata-wp-style--top=\"state.thisImage.buttonTop\"\n\t\t>\n\t\t\t<svg xmlns=\"http:\/\/www.w3.org\/2000\/svg\" width=\"12\" height=\"12\" fill=\"none\" viewBox=\"0 0 12 12\">\n\t\t\t\t<path fill=\"#fff\" d=\"M2 0a2 2 0 0 0-2 2v2h1.5V2a.5.5 0 0 1 .5-.5h2V0H2Zm2 10.5H2a.5.5 0 0 1-.5-.5V8H0v2a2 2 0 0 0 2 2h2v-1.5ZM8 12v-1.5h2a.5.5 0 0 0 .5-.5V8H12v2a2 2 0 0 1-2 2H8Zm2-12a2 2 0 0 1 2 2v2h-1.5V2a.5.5 0 0 0-.5-.5H8V0h2Z\" \/>\n\t\t\t<\/svg>\n\t\t<\/button><figcaption class=\"wp-element-caption\">Foto: Daniel Albrecht from Prague, Czech Republic \/ Wikimedia Commons (CC BY 2.0)<\/figcaption><\/figure>\n\n\n\n<h3 class=\"wp-block-heading\"><span class=\"ez-toc-section\" id=\"15_Plajele_urbane_din_orasul_vechi_Plakamoto_si_Buna\"><\/span>15. Plajele urbane din ora\u0219ul vechi (Plakamoto \u0219i Buna)<span class=\"ez-toc-section-end\"><\/span><\/h3>\n\n\n\n<p class=\"wp-block-paragraph\">Chiar pe peninsul\u0103 g\u0103se\u0219ti dou\u0103 plaje mici, care au farmecul lor aparte. Plaja Plakamoto se afl\u0103 sub amfiteatru, iar <strong>suprafa\u021ba ei nu e format\u0103 din nisip, ci din scoici fin m\u0103cinate<\/strong>. Fundul este destul de pietros aici, a\u0219a c\u0103 \u00ee\u021bi recomand cu t\u0103rie s\u0103 iei ni\u0219te papuci de ap\u0103.<\/p>\n\n\n\n<p class=\"wp-block-paragraph\">Plaja mai nou\u0103, Buna, e format\u0103 tot din scoici m\u0103cinate amestecate cu pietricele, \u00een care \u00ee\u021bi \u00eenfigi foarte greu propria umbrel\u0103. Partea dreapt\u0103 a plajei e cu plat\u0103 (\u0219ezlong 4,09 \u20ac) \u0219i fundul se ad\u00e2nce\u0219te foarte repede, \u00een timp ce <strong>partea st\u00e2ng\u0103 este liber\u0103, gratuit\u0103, \u0219i mult mai pu\u021bin ad\u00e2nc\u0103<\/strong>, ceea ce e alegerea perfect\u0103 dac\u0103 vrei doar s\u0103 te r\u0103core\u0219ti rapid \u00een timpul vizitei prin ora\u0219.<\/p>\n\n\n\n<figure data-wp-context=\"{&quot;imageId&quot;:&quot;6a9c3a6edf592&quot;}\" data-wp-interactive=\"core\/image\" data-wp-key=\"6a9c3a6edf592\" class=\"wp-block-image size-full wp-lightbox-container\"><img decoding=\"async\" width=\"1707\" height=\"2560\" data-wp-class--hide=\"state.isContentHidden\" data-wp-class--show=\"state.isContentVisible\" data-wp-init=\"callbacks.setButtonStyles\" data-wp-on--click=\"actions.showLightbox\" data-wp-on--load=\"callbacks.setButtonStyles\" data-wp-on--pointerdown=\"actions.preloadImage\" data-wp-on--pointerenter=\"actions.preloadImageWithDelay\" data-wp-on--pointerleave=\"actions.cancelPreload\" data-wp-on-window--resize=\"callbacks.setButtonStyles\" src=\"https:\/\/loudavymkrokem.cz\/wp-content\/uploads\/2026\/08\/bulharsko-research-nesebar-25-scaled.jpg\" alt=\"Curtea Muzeului Etnografic din casa Moscoyani\" class=\"wp-image-404892\" title=\"\" srcset=\"https:\/\/loudavymkrokem.cz\/wp-content\/uploads\/2026\/08\/bulharsko-research-nesebar-25-scaled.jpg 1707w, https:\/\/loudavymkrokem.cz\/wp-content\/uploads\/2026\/08\/bulharsko-research-nesebar-25-200x300.jpg 200w, https:\/\/loudavymkrokem.cz\/wp-content\/uploads\/2026\/08\/bulharsko-research-nesebar-25-700x1050.jpg 700w, https:\/\/loudavymkrokem.cz\/wp-content\/uploads\/2026\/08\/bulharsko-research-nesebar-25-768x1152.jpg 768w, https:\/\/loudavymkrokem.cz\/wp-content\/uploads\/2026\/08\/bulharsko-research-nesebar-25-1024x1536.jpg 1024w, https:\/\/loudavymkrokem.cz\/wp-content\/uploads\/2026\/08\/bulharsko-research-nesebar-25-1365x2048.jpg 1365w, https:\/\/loudavymkrokem.cz\/wp-content\/uploads\/2026\/08\/bulharsko-research-nesebar-25-696x1044.jpg 696w, https:\/\/loudavymkrokem.cz\/wp-content\/uploads\/2026\/08\/bulharsko-research-nesebar-25-1392x2088.jpg 1392w\" sizes=\"(max-width: 1707px) 100vw, 1707px\" \/><button\n\t\t\tclass=\"lightbox-trigger\"\n\t\t\ttype=\"button\"\n\t\t\taria-haspopup=\"dialog\"\n\t\t\tdata-wp-bind--aria-label=\"state.thisImage.triggerButtonAriaLabel\"\n\t\t\tdata-wp-init=\"callbacks.initTriggerButton\"\n\t\t\tdata-wp-on--click=\"actions.showLightbox\"\n\t\t\tdata-wp-style--right=\"state.thisImage.buttonRight\"\n\t\t\tdata-wp-style--top=\"state.thisImage.buttonTop\"\n\t\t>\n\t\t\t<svg xmlns=\"http:\/\/www.w3.org\/2000\/svg\" width=\"12\" height=\"12\" fill=\"none\" viewBox=\"0 0 12 12\">\n\t\t\t\t<path fill=\"#fff\" d=\"M2 0a2 2 0 0 0-2 2v2h1.5V2a.5.5 0 0 1 .5-.5h2V0H2Zm2 10.5H2a.5.5 0 0 1-.5-.5V8H0v2a2 2 0 0 0 2 2h2v-1.5ZM8 12v-1.5h2a.5.5 0 0 0 .5-.5V8H12v2a2 2 0 0 1-2 2H8Zm2-12a2 2 0 0 1 2 2v2h-1.5V2a.5.5 0 0 0-.5-.5H8V0h2Z\" \/>\n\t\t\t<\/svg>\n\t\t<\/button><figcaption class=\"wp-element-caption\">Foto: Kritzolina \/ Wikimedia Commons (CC BY-SA 4.0)<\/figcaption><\/figure>\n\n\n\n<h3 class=\"wp-block-heading\"><span class=\"ez-toc-section\" id=\"16_Muzeul_Etnografic_casa_Moscoyani\"><\/span>16. Muzeul Etnografic (casa Moscoyani)<span class=\"ez-toc-section-end\"><\/span><\/h3>\n\n\n\n<p class=\"wp-block-paragraph\">Aceast\u0103 expozi\u021bie o g\u0103se\u0219ti \u00eentr-o superb\u0103 <strong>cas\u0103 p\u0103strat\u0103 din anul 1840<\/strong>, care a apar\u021binut c\u00e2ndva bogatului negustor grec Panayot Moscoyani. Pentru <strong>o intrare de 3,07 \u20ac<\/strong> po\u021bi vedea exemple ale vie\u021bii tradi\u021bionale de pe malul M\u0103rii Negre.<\/p>\n\n\n\n<p class=\"wp-block-paragraph\">\u00cen\u0103untru te a\u0219teapt\u0103 expozi\u021bii dedicate vechiului pescuit, viticulturii \u0219i frumoaselor costume populare. <strong>Potrivit recenzen\u021bilor, este cel mai slab dintre obiectivele cu plat\u0103<\/strong> din tot ora\u0219ul, dar dac\u0103 \u00ee\u021bi place folclorul \u0219i vrei s\u0103 vezi interiorul autentic al unei case renascentiste bogate, cu tot cu icoane vechi, merit\u0103 cu siguran\u021b\u0103 o scurt\u0103 oprire.<\/p>\n\n\n\n<figure data-wp-context=\"{&quot;imageId&quot;:&quot;6a9c3a6edfac1&quot;}\" data-wp-interactive=\"core\/image\" data-wp-key=\"6a9c3a6edfac1\" class=\"wp-block-image size-full wp-lightbox-container\"><img decoding=\"async\" width=\"1800\" height=\"1200\" data-wp-class--hide=\"state.isContentHidden\" data-wp-class--show=\"state.isContentVisible\" data-wp-init=\"callbacks.setButtonStyles\" data-wp-on--click=\"actions.showLightbox\" data-wp-on--load=\"callbacks.setButtonStyles\" data-wp-on--pointerdown=\"actions.preloadImage\" data-wp-on--pointerenter=\"actions.preloadImageWithDelay\" data-wp-on--pointerleave=\"actions.cancelPreload\" data-wp-on-window--resize=\"callbacks.setButtonStyles\" src=\"https:\/\/loudavymkrokem.cz\/wp-content\/uploads\/2026\/08\/bulharsko-research-nesebar-26.jpg\" alt=\"Mul\u021bimi de turi\u0219ti pe str\u0103du\u021bele ora\u0219ului vechi Nesebar\" class=\"wp-image-404893\" title=\"\" srcset=\"https:\/\/loudavymkrokem.cz\/wp-content\/uploads\/2026\/08\/bulharsko-research-nesebar-26.jpg 1800w, https:\/\/loudavymkrokem.cz\/wp-content\/uploads\/2026\/08\/bulharsko-research-nesebar-26-300x200.jpg 300w, https:\/\/loudavymkrokem.cz\/wp-content\/uploads\/2026\/08\/bulharsko-research-nesebar-26-700x467.jpg 700w, https:\/\/loudavymkrokem.cz\/wp-content\/uploads\/2026\/08\/bulharsko-research-nesebar-26-768x512.jpg 768w, https:\/\/loudavymkrokem.cz\/wp-content\/uploads\/2026\/08\/bulharsko-research-nesebar-26-1536x1024.jpg 1536w, https:\/\/loudavymkrokem.cz\/wp-content\/uploads\/2026\/08\/bulharsko-research-nesebar-26-696x464.jpg 696w, https:\/\/loudavymkrokem.cz\/wp-content\/uploads\/2026\/08\/bulharsko-research-nesebar-26-1392x928.jpg 1392w\" sizes=\"(max-width: 1800px) 100vw, 1800px\" \/><button\n\t\t\tclass=\"lightbox-trigger\"\n\t\t\ttype=\"button\"\n\t\t\taria-haspopup=\"dialog\"\n\t\t\tdata-wp-bind--aria-label=\"state.thisImage.triggerButtonAriaLabel\"\n\t\t\tdata-wp-init=\"callbacks.initTriggerButton\"\n\t\t\tdata-wp-on--click=\"actions.showLightbox\"\n\t\t\tdata-wp-style--right=\"state.thisImage.buttonRight\"\n\t\t\tdata-wp-style--top=\"state.thisImage.buttonTop\"\n\t\t>\n\t\t\t<svg xmlns=\"http:\/\/www.w3.org\/2000\/svg\" width=\"12\" height=\"12\" fill=\"none\" viewBox=\"0 0 12 12\">\n\t\t\t\t<path fill=\"#fff\" d=\"M2 0a2 2 0 0 0-2 2v2h1.5V2a.5.5 0 0 1 .5-.5h2V0H2Zm2 10.5H2a.5.5 0 0 1-.5-.5V8H0v2a2 2 0 0 0 2 2h2v-1.5ZM8 12v-1.5h2a.5.5 0 0 0 .5-.5V8H12v2a2 2 0 0 1-2 2H8Zm2-12a2 2 0 0 1 2 2v2h-1.5V2a.5.5 0 0 0-.5-.5H8V0h2Z\" \/>\n\t\t\t<\/svg>\n\t\t<\/button><figcaption class=\"wp-element-caption\">Foto: Arek N. \/ Wikimedia Commons (CC BY-SA 3.0)<\/figcaption><\/figure>\n\n\n\n<h2 class=\"wp-block-heading\"><span class=\"ez-toc-section\" id=\"Nesebar_aproape_ca_a_pierdut_inscrierea_in_UNESCO\"><\/span>Nesebar aproape c\u0103 a pierdut \u00eenscrierea \u00een UNESCO<span class=\"ez-toc-section-end\"><\/span><\/h2>\n\n\n\n<p class=\"wp-block-paragraph\">C\u00e2nd te plimbi pe str\u0103du\u021bele \u00eenguste \u0219i admiri vechile fa\u021bade, probabil nu b\u0103nuie\u0219ti c\u0103 <strong>asupra acestui loc planeaz\u0103 o amenin\u021bare foarte serioas\u0103<\/strong>. Nesebarul a fost, ce-i drept, \u00eenscris pe lista patrimoniului mondial UNESCO \u00eenc\u0103 din 1983, dar turismul de mas\u0103 \u00ee\u0219i cere aici, \u00een ultimele decenii, un tribut uria\u0219, care nu a r\u0103mas neobservat de exper\u021bii interna\u021bionali.<\/p>\n\n\n\n<p class=\"wp-block-paragraph\">\u00cen ianuarie 2023 a avut loc \u00een ora\u0219 o misiune strict\u0103 de monitorizare, iar concluziile ei au fost \u0219ocante. Organele consultative UNESCO <strong><a href=\"https:\/\/whc.unesco.org\/en\/list\/217\/\" target=\"_blank\" rel=\"noopener nofollow\">au propus oficial \u00eenscrierea Nesebarului pe lista patrimoniului aflat \u00een pericol<\/a><\/strong>. \u00cen raport se scrie direct c\u0103 <em>\u201estructura urban\u0103 \u0219i-a pierdut coeren\u021ba \u0219i autenticitatea\u201d<\/em> \u0219i c\u0103 dominan\u021ba bisericilor medievale asupra caselor populare aproape c\u0103 nu mai poate fi distins\u0103 din cauza construc\u021biilor necontrolate. Raportul critic\u0103 dur faptul c\u0103 dintr-un ora\u0219 viu a devenit o monoeconomie bazat\u0103 pur pe turism, care vara e plin\u0103 p\u00e2n\u0103 la refuz, iar iarna complet goal\u0103.<\/p>\n\n\n\n<p class=\"wp-block-paragraph\">Exper\u021bii au numit \u0219i <strong>construc\u021bii concrete problematice, dintre care cea mai b\u0103t\u0103toare la ochi este un hotel care are altoit\u0103 insensibil \u00een fa\u021bada sa estic\u0103 o adev\u0103rat\u0103 moar\u0103 de v\u00e2nt istoric\u0103<\/strong>. Comisia a recomandat chiar ca statul s\u0103 ia \u00een calcul r\u0103scump\u0103rarea \u0219i demolarea acestei construc\u021bii. Din fericire, ora\u0219ul a mai primit o \u0219ans\u0103 de \u00eendreptare, iar misiunea de control cerut\u0103 s-a \u00eentors, se pare, aici \u00een vara lui 2026. \u021aine minte acest context c\u00e2nd vei vedea cum tarabele comerciale se \u00eemping chiar \u00een zidurile unor l\u0103ca\u0219uri milenare.<\/p>\n\n\n\n<figure data-wp-context=\"{&quot;imageId&quot;:&quot;6a9c3a6ee017e&quot;}\" data-wp-interactive=\"core\/image\" data-wp-key=\"6a9c3a6ee017e\" class=\"wp-block-image size-full wp-lightbox-container\"><img decoding=\"async\" width=\"1800\" height=\"1350\" data-wp-class--hide=\"state.isContentHidden\" data-wp-class--show=\"state.isContentVisible\" data-wp-init=\"callbacks.setButtonStyles\" data-wp-on--click=\"actions.showLightbox\" data-wp-on--load=\"callbacks.setButtonStyles\" data-wp-on--pointerdown=\"actions.preloadImage\" data-wp-on--pointerenter=\"actions.preloadImageWithDelay\" data-wp-on--pointerleave=\"actions.cancelPreload\" data-wp-on-window--resize=\"callbacks.setButtonStyles\" src=\"https:\/\/loudavymkrokem.cz\/wp-content\/uploads\/2026\/08\/bulharsko-research-nesebar-27.jpg\" alt=\"Plimbare prin vechiul Nesebar\" class=\"wp-image-404895\" title=\"\" srcset=\"https:\/\/loudavymkrokem.cz\/wp-content\/uploads\/2026\/08\/bulharsko-research-nesebar-27.jpg 1800w, https:\/\/loudavymkrokem.cz\/wp-content\/uploads\/2026\/08\/bulharsko-research-nesebar-27-300x225.jpg 300w, https:\/\/loudavymkrokem.cz\/wp-content\/uploads\/2026\/08\/bulharsko-research-nesebar-27-700x525.jpg 700w, https:\/\/loudavymkrokem.cz\/wp-content\/uploads\/2026\/08\/bulharsko-research-nesebar-27-768x576.jpg 768w, https:\/\/loudavymkrokem.cz\/wp-content\/uploads\/2026\/08\/bulharsko-research-nesebar-27-1536x1152.jpg 1536w, https:\/\/loudavymkrokem.cz\/wp-content\/uploads\/2026\/08\/bulharsko-research-nesebar-27-80x60.jpg 80w, https:\/\/loudavymkrokem.cz\/wp-content\/uploads\/2026\/08\/bulharsko-research-nesebar-27-160x120.jpg 160w, https:\/\/loudavymkrokem.cz\/wp-content\/uploads\/2026\/08\/bulharsko-research-nesebar-27-696x522.jpg 696w, https:\/\/loudavymkrokem.cz\/wp-content\/uploads\/2026\/08\/bulharsko-research-nesebar-27-1392x1044.jpg 1392w\" sizes=\"(max-width: 1800px) 100vw, 1800px\" \/><button\n\t\t\tclass=\"lightbox-trigger\"\n\t\t\ttype=\"button\"\n\t\t\taria-haspopup=\"dialog\"\n\t\t\tdata-wp-bind--aria-label=\"state.thisImage.triggerButtonAriaLabel\"\n\t\t\tdata-wp-init=\"callbacks.initTriggerButton\"\n\t\t\tdata-wp-on--click=\"actions.showLightbox\"\n\t\t\tdata-wp-style--right=\"state.thisImage.buttonRight\"\n\t\t\tdata-wp-style--top=\"state.thisImage.buttonTop\"\n\t\t>\n\t\t\t<svg xmlns=\"http:\/\/www.w3.org\/2000\/svg\" width=\"12\" height=\"12\" fill=\"none\" viewBox=\"0 0 12 12\">\n\t\t\t\t<path fill=\"#fff\" d=\"M2 0a2 2 0 0 0-2 2v2h1.5V2a.5.5 0 0 1 .5-.5h2V0H2Zm2 10.5H2a.5.5 0 0 1-.5-.5V8H0v2a2 2 0 0 0 2 2h2v-1.5ZM8 12v-1.5h2a.5.5 0 0 0 .5-.5V8H12v2a2 2 0 0 1-2 2H8Zm2-12a2 2 0 0 1 2 2v2h-1.5V2a.5.5 0 0 0-.5-.5H8V0h2Z\" \/>\n\t\t\t<\/svg>\n\t\t<\/button><figcaption class=\"wp-element-caption\">Foto: Andrei Dan Suciu \/ Wikimedia Commons, CC BY 3.0<\/figcaption><\/figure>\n\n\n\n<h2 class=\"wp-block-heading\"><span class=\"ez-toc-section\" id=\"Nesebar_intr-o_jumatate_de_zi_itinerar_pas_cu_pas\"><\/span>Nesebar \u00eentr-o jum\u0103tate de zi: itinerar pas cu pas<span class=\"ez-toc-section-end\"><\/span><\/h2>\n\n\n\n<p class=\"wp-block-paragraph\">Dac\u0103 ai la dispozi\u021bie doar c\u00e2teva ore, po\u021bi prinde cele mai importante lucruri \u00eentr-o plimbare lin\u0103. <strong>Rezerv\u0103-\u021bi \u00een jur de 2\u20133 ore pentru vizitarea \u00eentregii peninsule.<\/strong><\/p>\n\n\n\n<p class=\"wp-block-paragraph\">Parcheaz\u0103 l\u00e2ng\u0103 portul nordic \u0219i treci prin poarta principal\u0103 direct spre Muzeul Arheologic, de unde cumperi biletul combinat. De aici porne\u0219te spre biserica Sf. \u0218tefan, ca s\u0103 vezi frescele minunate. Apoi strecoar\u0103-te pe str\u0103du\u021be p\u00e2n\u0103 la ruinele bisericii Sf. Ioan Aliturgetos \u0219i bucur\u0103-te de priveli\u0219tea spre mare. <strong>\u00cendreapt\u0103-te apoi spre chiar centrul peninsulei, c\u0103tre maiestuoasa bazilic\u0103 Sf. Sofia<\/strong>, \u00een jurul c\u0103reia g\u0103se\u0219ti cele mai multe magazine \u0219i cafenele. \u00cencheie traseul la malul nordic, l\u00e2ng\u0103 bazilica Eleusa, iar la \u00eentoarcerea spre ma\u0219in\u0103 treci pe l\u00e2ng\u0103 moara de lemn de pe istm.<\/p>\n\n\n\n<p class=\"wp-block-paragraph\">Dac\u0103 ai la dispozi\u021bie o zi \u00eentreag\u0103, \u00ee\u021bi recomand s\u0103 dedici diminea\u021ba unei vizite intense a ora\u0219ului vechi \u0219i, dup\u0103 pr\u00e2nz, s\u0103 te mu\u021bi pe <strong>Plaja de Sud sau spre Sunny Beach<\/strong>, unde te po\u021bi relaxa pe nisipul fin \u0219i te po\u021bi sc\u0103lda \u00een apa pu\u021bin ad\u00e2nc\u0103.<\/p>\n\n\n\n<figure data-wp-context=\"{&quot;imageId&quot;:&quot;6a9c3a6ee077d&quot;}\" data-wp-interactive=\"core\/image\" data-wp-key=\"6a9c3a6ee077d\" class=\"wp-block-image size-full wp-lightbox-container\"><img decoding=\"async\" width=\"1800\" height=\"1207\" data-wp-class--hide=\"state.isContentHidden\" data-wp-class--show=\"state.isContentVisible\" data-wp-init=\"callbacks.setButtonStyles\" data-wp-on--click=\"actions.showLightbox\" data-wp-on--load=\"callbacks.setButtonStyles\" data-wp-on--pointerdown=\"actions.preloadImage\" data-wp-on--pointerenter=\"actions.preloadImageWithDelay\" data-wp-on--pointerleave=\"actions.cancelPreload\" data-wp-on-window--resize=\"callbacks.setButtonStyles\" src=\"https:\/\/loudavymkrokem.cz\/wp-content\/uploads\/2026\/08\/bulharsko-research-nesebar-28.jpg\" alt=\"Restaurant cu vedere la mare \u00een vechiul Nesebar\" class=\"wp-image-404898\" title=\"\" srcset=\"https:\/\/loudavymkrokem.cz\/wp-content\/uploads\/2026\/08\/bulharsko-research-nesebar-28.jpg 1800w, https:\/\/loudavymkrokem.cz\/wp-content\/uploads\/2026\/08\/bulharsko-research-nesebar-28-300x201.jpg 300w, https:\/\/loudavymkrokem.cz\/wp-content\/uploads\/2026\/08\/bulharsko-research-nesebar-28-700x469.jpg 700w, https:\/\/loudavymkrokem.cz\/wp-content\/uploads\/2026\/08\/bulharsko-research-nesebar-28-768x515.jpg 768w, https:\/\/loudavymkrokem.cz\/wp-content\/uploads\/2026\/08\/bulharsko-research-nesebar-28-1536x1030.jpg 1536w, https:\/\/loudavymkrokem.cz\/wp-content\/uploads\/2026\/08\/bulharsko-research-nesebar-28-696x467.jpg 696w, https:\/\/loudavymkrokem.cz\/wp-content\/uploads\/2026\/08\/bulharsko-research-nesebar-28-1392x933.jpg 1392w\" sizes=\"(max-width: 1800px) 100vw, 1800px\" \/><button\n\t\t\tclass=\"lightbox-trigger\"\n\t\t\ttype=\"button\"\n\t\t\taria-haspopup=\"dialog\"\n\t\t\tdata-wp-bind--aria-label=\"state.thisImage.triggerButtonAriaLabel\"\n\t\t\tdata-wp-init=\"callbacks.initTriggerButton\"\n\t\t\tdata-wp-on--click=\"actions.showLightbox\"\n\t\t\tdata-wp-style--right=\"state.thisImage.buttonRight\"\n\t\t\tdata-wp-style--top=\"state.thisImage.buttonTop\"\n\t\t>\n\t\t\t<svg xmlns=\"http:\/\/www.w3.org\/2000\/svg\" width=\"12\" height=\"12\" fill=\"none\" viewBox=\"0 0 12 12\">\n\t\t\t\t<path fill=\"#fff\" d=\"M2 0a2 2 0 0 0-2 2v2h1.5V2a.5.5 0 0 1 .5-.5h2V0H2Zm2 10.5H2a.5.5 0 0 1-.5-.5V8H0v2a2 2 0 0 0 2 2h2v-1.5ZM8 12v-1.5h2a.5.5 0 0 0 .5-.5V8H12v2a2 2 0 0 1-2 2H8Zm2-12a2 2 0 0 1 2 2v2h-1.5V2a.5.5 0 0 0-.5-.5H8V0h2Z\" \/>\n\t\t\t<\/svg>\n\t\t<\/button><figcaption class=\"wp-element-caption\">Foto (editat): Daniel Albrecht from Prague, Czech Republic \/ Wikimedia Commons (CC BY 2.0)<\/figcaption><\/figure>\n\n\n\n<h2 class=\"wp-block-heading\"><span class=\"ez-toc-section\" id=\"Unde_sa_mananci\"><\/span>Unde s\u0103 m\u0103n\u00e2nci<span class=\"ez-toc-section-end\"><\/span><\/h2>\n\n\n\n<p class=\"wp-block-paragraph\">C\u00e2nd cau\u021bi m\u00e2ncare bun\u0103 \u00een Nesebar, vei da peste un fapt esen\u021bial, confirmat \u0219i de reportajele televiziunilor bulg\u0103re\u0219ti: <strong>ora\u0219ul vechi de la mare este vizibil mai scump dec\u00e2t cel nou de pe continent<\/strong>. \u00cen timp ce \u00een ora\u0219ul nou iei un pr\u00e2nz obi\u0219nuit cu vreo 4\u20135 \u20ac, \u00een primul r\u00e2nd la mare, pe peninsul\u0103, o \u00eendr\u0103git\u0103 salat\u0103 \u0219opska te cost\u0103 aproape 11 \u20ac, iar felurile principale \u00eencep de la dou\u0103zeci \u0219i cinci de euro.<\/p>\n\n\n\n<p class=\"wp-block-paragraph\">Specialit\u0103\u021bile locale ofer\u0103, fire\u0219te, mai ales pe\u0219te, creve\u021bi \u0219i calamari la gr\u0103tar, dar dac\u0103 pe\u0219tele nu e pe placul t\u0103u, nu dispera: vegetarienii \u00ee\u0219i g\u0103sesc \u0219i ei aici locul. O alegere absolut grozav\u0103 pe peninsul\u0103 este <strong>Restaurant Prince Cyril<\/strong>, care este specializat chiar pe preparate vegetariene \u0219i vegane. Vino aici pentru ni\u0219te t\u0103i\u021bei cu tofu excelen\u021bi \u0219i por\u021bii uria\u0219e, pe care le m\u0103n\u00e2nci la umbra pl\u0103cut\u0103 a vi\u021bei-de-vie.<\/p>\n\n\n\n<p class=\"wp-block-paragraph\">O alt\u0103 certitudine din ora\u0219ul vechi este <strong>Restaurant Breeze<\/strong>, unde au \u00een meniu o salat\u0103 \u0219opska cinstit\u0103 la 6,90 \u20ac, dovlecei pr\u0103ji\u021bi cu sos de usturoi, ciuperci la unt \u0219i tradi\u021bionala lipie cu usturoi numit\u0103 \u201eparlenka\u201d. Dac\u0103 vrei s\u0103 economise\u0219ti \u0219i nu te deranjeaz\u0103 s\u0103 faci c\u00e2\u021biva pa\u0219i p\u00e2n\u0103 \u00een ora\u0219ul nou, <strong>m\u0103n\u00e2nci excelent la Pizzeria Portorosso<\/strong>, unde preg\u0103tesc pizza din aluat fermentat \u0219i au marcat\u0103 direct \u00een meniu pizza Vegana la ni\u0219te foarte pl\u0103cu\u021bi 8,50 \u20ac. Un hit \u00eendr\u0103git de localnici este \u0219i restaurantul <strong>Trandafirul Alb<\/strong>, unde fac ni\u0219te oale de lut f\u0103r\u0103 carne excelente \u0219i salate uria\u0219e.<\/p>\n\n\n\n<p class=\"wp-block-paragraph\">\ud83d\udca1 <strong>Cum recuno\u0219ti o capcan\u0103 turistic\u0103:<\/strong> Presa bulgar\u0103 avertizeaz\u0103 asupra a trei semne principale. Dac\u0103 <strong>meniul aminte\u0219te, ca volum, de o Biblie<\/strong> \u0219i g\u0103se\u0219ti \u00een el de toate, de la fondue p\u00e2n\u0103 la sushi, mai bine pleac\u0103. Al doilea avertisment sunt pozele decolorate ale m\u00e2nc\u0103rurilor, f\u0103r\u0103 pre\u021buri clar indicate. \u0218i, \u00een al treilea r\u00e2nd: dac\u0103 personalul repet\u0103 suspect de des cuv\u00e2ntul \u201ede cas\u0103\u201d, aprinde-\u021bi \u00een cap becul ro\u0219u.<\/p>\n\n\n\n<figure data-wp-context=\"{&quot;imageId&quot;:&quot;6a9c3a6ee0fc5&quot;}\" data-wp-interactive=\"core\/image\" data-wp-key=\"6a9c3a6ee0fc5\" class=\"wp-block-image size-full wp-lightbox-container\"><img decoding=\"async\" width=\"1800\" height=\"1204\" data-wp-class--hide=\"state.isContentHidden\" data-wp-class--show=\"state.isContentVisible\" data-wp-init=\"callbacks.setButtonStyles\" data-wp-on--click=\"actions.showLightbox\" data-wp-on--load=\"callbacks.setButtonStyles\" data-wp-on--pointerdown=\"actions.preloadImage\" data-wp-on--pointerenter=\"actions.preloadImageWithDelay\" data-wp-on--pointerleave=\"actions.cancelPreload\" data-wp-on-window--resize=\"callbacks.setButtonStyles\" src=\"https:\/\/loudavymkrokem.cz\/wp-content\/uploads\/2026\/08\/bulharsko-research-nesebar-29.jpg\" alt=\"Cazare \u00een nucleul istoric al Nesebarului\" class=\"wp-image-404899\" title=\"\" srcset=\"https:\/\/loudavymkrokem.cz\/wp-content\/uploads\/2026\/08\/bulharsko-research-nesebar-29.jpg 1800w, https:\/\/loudavymkrokem.cz\/wp-content\/uploads\/2026\/08\/bulharsko-research-nesebar-29-300x201.jpg 300w, https:\/\/loudavymkrokem.cz\/wp-content\/uploads\/2026\/08\/bulharsko-research-nesebar-29-700x468.jpg 700w, https:\/\/loudavymkrokem.cz\/wp-content\/uploads\/2026\/08\/bulharsko-research-nesebar-29-768x514.jpg 768w, https:\/\/loudavymkrokem.cz\/wp-content\/uploads\/2026\/08\/bulharsko-research-nesebar-29-1536x1027.jpg 1536w, https:\/\/loudavymkrokem.cz\/wp-content\/uploads\/2026\/08\/bulharsko-research-nesebar-29-696x466.jpg 696w, https:\/\/loudavymkrokem.cz\/wp-content\/uploads\/2026\/08\/bulharsko-research-nesebar-29-1392x931.jpg 1392w\" sizes=\"(max-width: 1800px) 100vw, 1800px\" \/><button\n\t\t\tclass=\"lightbox-trigger\"\n\t\t\ttype=\"button\"\n\t\t\taria-haspopup=\"dialog\"\n\t\t\tdata-wp-bind--aria-label=\"state.thisImage.triggerButtonAriaLabel\"\n\t\t\tdata-wp-init=\"callbacks.initTriggerButton\"\n\t\t\tdata-wp-on--click=\"actions.showLightbox\"\n\t\t\tdata-wp-style--right=\"state.thisImage.buttonRight\"\n\t\t\tdata-wp-style--top=\"state.thisImage.buttonTop\"\n\t\t>\n\t\t\t<svg xmlns=\"http:\/\/www.w3.org\/2000\/svg\" width=\"12\" height=\"12\" fill=\"none\" viewBox=\"0 0 12 12\">\n\t\t\t\t<path fill=\"#fff\" d=\"M2 0a2 2 0 0 0-2 2v2h1.5V2a.5.5 0 0 1 .5-.5h2V0H2Zm2 10.5H2a.5.5 0 0 1-.5-.5V8H0v2a2 2 0 0 0 2 2h2v-1.5ZM8 12v-1.5h2a.5.5 0 0 0 .5-.5V8H12v2a2 2 0 0 1-2 2H8Zm2-12a2 2 0 0 1 2 2v2h-1.5V2a.5.5 0 0 0-.5-.5H8V0h2Z\" \/>\n\t\t\t<\/svg>\n\t\t<\/button><figcaption class=\"wp-element-caption\">Foto: Alexander Murvanidze \/ Wikimedia Commons, CC BY-SA 3.0<\/figcaption><\/figure>\n\n\n\n<h2 class=\"wp-block-heading\"><span class=\"ez-toc-section\" id=\"Unde_sa_te_cazezi\"><\/span>Unde s\u0103 te cazezi<span class=\"ez-toc-section-end\"><\/span><\/h2>\n\n\n\n<p class=\"wp-block-paragraph\"><em>\ud83d\udca1 Sfat pentru cazare \u0219i experien\u021be: Cazarea din zon\u0103 o <a href=\"https:\/\/www.stay22.com\/allez\/roam?aid=lukaskonecny&#038;campaign=loudavymkrokemcz&#038;address=Nesebar\" target=\"_blank\" rel=\"nofollow noopener sponsored\">compar\u0103m aici<\/a>, ca s\u0103 vezi ce e liber \u0219i la ce pre\u021b. Prefer\u0103m s\u0103 c\u0103ut\u0103m cazarea pe <a href=\"https:\/\/www.booking.com\/searchresults.html?ss=Nesebar&#038;aid=2397601\" target=\"_blank\" rel=\"nofollow noopener sponsored\">Booking.com<\/a>, unde sunt de obicei cele mai bune condi\u021bii de anulare. Biletele, excursiile \u0219i activit\u0103\u021bile merit\u0103 apoi comparate \u0219i cump\u0103rate prin <a href=\"https:\/\/www.getyourguide.com\/s\/?q=Nesebar&#038;partner_id=MKZ64IS\" target=\"_blank\" rel=\"nofollow noopener sponsored\">GetYourGuide<\/a>.<\/em><\/p>\n\n\n\n<p class=\"wp-block-paragraph\">C\u0103utarea unui hotel \u00een Nesebar depinde mai ales de dac\u0103 vii cu ma\u0219ina \u0219i de c\u00e2t de aproape vrei s\u0103 fii de monumentele istorice. \u021aine minte un lucru esen\u021bial: <strong>un hotel \u00een ora\u0219ul vechi nu \u00eenseamn\u0103 c\u0103 vei putea parca l\u00e2ng\u0103 el<\/strong>.<\/p>\n\n\n\n<p class=\"wp-block-paragraph\">Dac\u0103 e\u0219ti \u00een c\u0103utarea luxului \u0219i a unui serviciu perfect chiar \u00een centrul istoric, uit\u0103-te la <a href=\"https:\/\/www.stay22.com\/allez\/roam?aid=lukaskonecny&#038;campaign=loudavymkrokemcz&#038;campaign=nesebar&#038;hotelname=Castro%20Mesembria%20Boutique%20Hotel&#038;address=Nesebar\" target=\"_blank\" rel=\"noopener nofollow sponsored\"><strong>Castro Mesembria Boutique Hotel<\/strong><\/a>, care are cel mai mare rating de pe toat\u0103 peninsula \u0219i o pizzerie proprie excelent\u0103. O prezen\u021b\u0103 constant\u0103 \u0219i tradi\u021bional\u0103 l\u00e2ng\u0103 ziduri este \u0219i grozavul <a href=\"https:\/\/www.stay22.com\/allez\/roam?aid=lukaskonecny&#038;campaign=loudavymkrokemcz&#038;campaign=nesebar&#038;hotelname=Hotel%20Saint%20John%20Baptist%20Nessebar&#038;address=Nesebar\" target=\"_blank\" rel=\"noopener nofollow sponsored\"><strong>Hotel Saint John Baptist Nessebar<\/strong><\/a>.<\/p>\n\n\n\n<p class=\"wp-block-paragraph\">Pentru familiile cu ma\u0219in\u0103, alegerea absolut ideal\u0103 este <a href=\"https:\/\/www.stay22.com\/allez\/roam?aid=lukaskonecny&#038;campaign=loudavymkrokemcz&#038;campaign=nesebar&#038;hotelname=Family%20Hotel%20Saint%20Nikola&#038;address=Nesebar\" target=\"_blank\" rel=\"noopener nofollow sponsored\"><strong>Family Hotel Saint Nikola<\/strong><\/a>, care ofer\u0103 un raport calitate-pre\u021b f\u0103r\u0103 concuren\u021b\u0103 \u0219i, mai ales, <strong>dispune de parcare proprie gratuit\u0103<\/strong>, ceea ce \u00ee\u021bi economise\u0219te o gr\u0103mad\u0103 de nervi. Un avantaj similar are \u0219i <a href=\"https:\/\/www.stay22.com\/allez\/roam?aid=lukaskonecny&#038;campaign=loudavymkrokemcz&#038;campaign=nesebar&#038;hotelname=Hotel%20Capri&#038;address=Nesebar\" target=\"_blank\" rel=\"noopener nofollow sponsored\"><strong>Hotel Capri<\/strong><\/a> din ora\u0219ul nou.<\/p>\n\n\n\n<p class=\"wp-block-paragraph\">Dac\u0103 vrei s\u0103-\u021bi petreci mai tot timpul l\u00e2ng\u0103 ap\u0103, \u00eencearc\u0103 <a href=\"https:\/\/www.stay22.com\/allez\/roam?aid=lukaskonecny&#038;campaign=loudavymkrokemcz&#038;campaign=nesebar&#038;hotelname=Aphrodite%20Beach%20Hotel&#038;address=Nesebar\" target=\"_blank\" rel=\"noopener nofollow sponsored\"><strong>Aphrodite Beach Hotel<\/strong><\/a>. Se afl\u0103 chiar l\u00e2ng\u0103 Plaja de Sud, p\u00e2n\u0103 \u00een ora\u0219ul vechi faci un sfert de or\u0103 pe jos, iar de la piscin\u0103 ai o priveli\u0219te superb\u0103 spre toat\u0103 peninsula istoric\u0103.<\/p>\n\n\n\n<figure data-wp-context=\"{&quot;imageId&quot;:&quot;6a9c3a6ee174a&quot;}\" data-wp-interactive=\"core\/image\" data-wp-key=\"6a9c3a6ee174a\" class=\"wp-block-image size-full wp-lightbox-container\"><img decoding=\"async\" width=\"1800\" height=\"1200\" data-wp-class--hide=\"state.isContentHidden\" data-wp-class--show=\"state.isContentVisible\" data-wp-init=\"callbacks.setButtonStyles\" data-wp-on--click=\"actions.showLightbox\" data-wp-on--load=\"callbacks.setButtonStyles\" data-wp-on--pointerdown=\"actions.preloadImage\" data-wp-on--pointerenter=\"actions.preloadImageWithDelay\" data-wp-on--pointerleave=\"actions.cancelPreload\" data-wp-on-window--resize=\"callbacks.setButtonStyles\" src=\"https:\/\/loudavymkrokem.cz\/wp-content\/uploads\/2026\/08\/bulharsko-research-nesebar-30.jpg\" alt=\"Turi\u0219ti pe str\u0103du\u021bele ora\u0219ului vechi\" class=\"wp-image-404900\" title=\"\" srcset=\"https:\/\/loudavymkrokem.cz\/wp-content\/uploads\/2026\/08\/bulharsko-research-nesebar-30.jpg 1800w, https:\/\/loudavymkrokem.cz\/wp-content\/uploads\/2026\/08\/bulharsko-research-nesebar-30-300x200.jpg 300w, https:\/\/loudavymkrokem.cz\/wp-content\/uploads\/2026\/08\/bulharsko-research-nesebar-30-700x467.jpg 700w, https:\/\/loudavymkrokem.cz\/wp-content\/uploads\/2026\/08\/bulharsko-research-nesebar-30-768x512.jpg 768w, https:\/\/loudavymkrokem.cz\/wp-content\/uploads\/2026\/08\/bulharsko-research-nesebar-30-1536x1024.jpg 1536w, https:\/\/loudavymkrokem.cz\/wp-content\/uploads\/2026\/08\/bulharsko-research-nesebar-30-696x464.jpg 696w, https:\/\/loudavymkrokem.cz\/wp-content\/uploads\/2026\/08\/bulharsko-research-nesebar-30-1392x928.jpg 1392w\" sizes=\"(max-width: 1800px) 100vw, 1800px\" \/><button\n\t\t\tclass=\"lightbox-trigger\"\n\t\t\ttype=\"button\"\n\t\t\taria-haspopup=\"dialog\"\n\t\t\tdata-wp-bind--aria-label=\"state.thisImage.triggerButtonAriaLabel\"\n\t\t\tdata-wp-init=\"callbacks.initTriggerButton\"\n\t\t\tdata-wp-on--click=\"actions.showLightbox\"\n\t\t\tdata-wp-style--right=\"state.thisImage.buttonRight\"\n\t\t\tdata-wp-style--top=\"state.thisImage.buttonTop\"\n\t\t>\n\t\t\t<svg xmlns=\"http:\/\/www.w3.org\/2000\/svg\" width=\"12\" height=\"12\" fill=\"none\" viewBox=\"0 0 12 12\">\n\t\t\t\t<path fill=\"#fff\" d=\"M2 0a2 2 0 0 0-2 2v2h1.5V2a.5.5 0 0 1 .5-.5h2V0H2Zm2 10.5H2a.5.5 0 0 1-.5-.5V8H0v2a2 2 0 0 0 2 2h2v-1.5ZM8 12v-1.5h2a.5.5 0 0 0 .5-.5V8H12v2a2 2 0 0 1-2 2H8Zm2-12a2 2 0 0 1 2 2v2h-1.5V2a.5.5 0 0 0-.5-.5H8V0h2Z\" \/>\n\t\t\t<\/svg>\n\t\t<\/button><figcaption class=\"wp-element-caption\">Foto: edykbo \/ Wikimedia Commons, CC BY 3.0<\/figcaption><\/figure>\n\n\n\n<p class=\"wp-block-paragraph\">\ud83d\udc49 <a href=\"https:\/\/www.stay22.com\/allez\/roam?aid=lukaskonecny&#038;campaign=loudavymkrokemcz&#038;campaign=nesebar&#038;address=Nesebar%2C%20Bulharsko\" target=\"_blank\" rel=\"nofollow noopener\"><strong>Compar\u0103 pre\u021burile de cazare din Nesebar<\/strong><\/a><\/p>\n\n\n\n<h2 class=\"wp-block-heading\"><span class=\"ez-toc-section\" id=\"La_ce_sa_fii_atent\"><\/span>La ce s\u0103 fii atent<span class=\"ez-toc-section-end\"><\/span><\/h2>\n\n\n\n<p class=\"wp-block-paragraph\">Pe l\u00e2ng\u0103 <strong>taxiurile supraevaluate<\/strong>, pe litoral te a\u0219teapt\u0103 \u0219i alte c\u00e2teva nepl\u0103ceri care \u00ee\u021bi pot strica ziua dac\u0103 nu \u0219tii de ele dinainte.<\/p>\n\n\n\n<p class=\"wp-block-paragraph\">Cea mai frecvent\u0103 capcan\u0103 din restaurante este <strong>pe\u0219tele facturat la 100 de grame<\/strong>. Multe localuri nu indic\u0103 deloc, la fructele de mare, pre\u021bul final, ci doar pre\u021bul pe greutate. \u00cenainte s\u0103 comanzi ceva, \u00eentreab\u0103 mereu personalul din timp c\u00e2t c\u00e2nt\u0103re\u0219te bucata respectiv\u0103 \u0219i cere-le s\u0103-\u021bi spun\u0103 clar suma final\u0103. Pe re\u021bele circul\u0103 cazuri documentate din vara lui 2023, c\u00e2nd <strong>o familie de patru persoane a pl\u0103tit pe o cin\u0103 \u0219ocan\u021bii 276 \u20ac<\/strong>, doar o singur\u0103 caracati\u021b\u0103 cost\u00e2nd un absurd 23 \u20ac.<\/p>\n\n\n\n<p class=\"wp-block-paragraph\">Un alt n\u0103rav sunt a\u0219a-numitele mese <strong>\u201erezervate\u201d<\/strong>. Potrivit recenzen\u021bilor, personalul \u021bine mesele cu cea mai bun\u0103 vedere spre mare blocate artificial cu o pl\u0103cu\u021b\u0103 \u0219i a\u0219teapt\u0103 str\u0103ini care par \u00eenst\u0103ri\u021bi, chiar dac\u0103 restaurantul e altfel pe jum\u0103tate gol. Fii atent \u0219i la <strong>racolatorii insisten\u021bi din fa\u021ba localurilor<\/strong>, care te vor ademeni \u00een\u0103untru, \u0219i te avertizez c\u0103, \u00een aceste locuri, calitatea m\u00e2nc\u0103rii e adesea foarte sub medie.<\/p>\n\n\n\n<p class=\"wp-block-paragraph\">Dac\u0103 mergi cu copiii, preg\u0103te\u0219te-te de o lupt\u0103 grea cu terenul. Datele de pe h\u0103r\u021bi arat\u0103 c\u0103 <strong>pe peninsul\u0103 sunt 53 de sc\u0103ri diferite, iar marea majoritate a str\u0103du\u021belor este pavat\u0103 cu piatr\u0103 de r\u00e2u aspr\u0103<\/strong>. Promenada de pe margine \u0219i artera principal\u0103 le parcurgi cu c\u0103ruciorul f\u0103r\u0103 probleme, dar de \u00eendat\u0103 ce cote\u0219ti pe str\u0103du\u021bele laterale, cu ro\u021bile e pur \u0219i simplu o corvoad\u0103 pentru nervi.<\/p>\n\n\n\n<p class=\"wp-block-paragraph\">\u0218i \u00eenc\u0103 un avertisment la care pu\u021bini s-ar a\u0219tepta: \u00een unele anticariate din ora\u0219ul vechi se v\u00e2nd pe fa\u021b\u0103 <strong>suveniruri naziste<\/strong> cu motive ale celui de-al Treilea Reich, chiar dac\u0103 promovarea lor este pedepsit\u0103 \u00een Bulgaria. Pur \u0219i simplu ocole\u0219te aceste magazine \u0219i cump\u0103r\u0103-\u021bi acas\u0103 mai bine renumita <strong>dantel\u0103 local\u0103 lucrat\u0103 manual<\/strong>.<\/p>\n\n\n\n<h2 class=\"wp-block-heading\"><span class=\"ez-toc-section\" id=\"Incotro_mai_departe\"><\/span>\u00cencotro mai departe<span class=\"ez-toc-section-end\"><\/span><\/h2>\n\n\n\n<p class=\"wp-block-paragraph\">Alegi \u00eentre dou\u0103 ora\u0219e str\u0103vechi de pe litoralul bulg\u0103resc? \u00cen articolul <a href=\"https:\/\/loudavymkrokem.cz\/ro\/?p=406041\">Sozopol: ce po\u021bi vedea \u00een cel mai vechi ora\u0219 de la mare<\/a> le compar\u0103m pe am\u00e2ndou\u0103, inclusiv pre\u021buri, aglomera\u021bii \u0219i plaje.<\/p>\n\n\n\n<p class=\"wp-block-paragraph\">Dac\u0103 Bulgaria te-a cucerit \u0219i \u00ee\u021bi propui s\u0103 explorezi \u0219i alte locuri, uit\u0103-te neap\u0103rat la marea noastr\u0103 prezentare <a href=\"https:\/\/loudavymkrokem.cz\/ro\/vacanta-bulgaria-locuri-frumoase\/\">Vacan\u021b\u0103 \u00een Bulgaria: 30 dintre cele mai frumoase locuri<\/a>. \u00cen cazul \u00een care vei sta \u00eentr-o sta\u021biune vecin\u0103, \u00ee\u021bi va fi de folos articolul <a href=\"https:\/\/loudavymkrokem.cz\/ro\/coasta-soarelui-bulgaria\/\">Sunny Beach: 15 sfaturi \u0219i la ce s\u0103 fii atent<\/a>.<\/p>\n\n\n\n<p class=\"wp-block-paragraph\">Te intereseaz\u0103 informa\u021bii detaliate despre cum s-au schimbat costurile unei vacan\u021be? Cite\u0219te tot despre subiectul <a href=\"https:\/\/loudavymkrokem.cz\/ro\/preturi-bulgaria-2026\/\">Pre\u021burile \u00een Bulgaria dup\u0103 trecerea la euro<\/a>. Pentru iubitorii de sc\u0103ldat am preg\u0103tit o list\u0103 cu <a href=\"https:\/\/loudavymkrokem.cz\/ro\/cele-mai-frumoase-plaje-bulgaria\/\">Cele mai frumoase plaje din Bulgaria: 20 de sfaturi<\/a>, iar \u00eenainte s\u0103-\u021bi faci bagajele nu uita s\u0103 verifici <a href=\"https:\/\/loudavymkrokem.cz\/ro\/vremea-bulgaria-temperatura-marii\/\">Vremea \u00een Bulgaria: temperaturile m\u0103rii pe luni<\/a>.<\/p>\n\n\n\n<h2 class=\"wp-block-heading\"><span class=\"ez-toc-section\" id=\"Intrebari_frecvente\"><\/span>\u00centreb\u0103ri frecvente<span class=\"ez-toc-section-end\"><\/span><\/h2>\n\n\n\n<p class=\"wp-block-paragraph\">Am preg\u0103tit pentru tine r\u0103spunsuri la cele mai frecvente \u00eentreb\u0103ri, ca s\u0103 ai totul frumos la un loc \u00eenainte de drum.<\/p>\n\n\n<div id=\"rank-math-faq\" class=\"rank-math-block\">\n<div class=\"rank-math-list \">\n<div id=\"faq-question-1787943730000\" class=\"rank-math-list-item\">\n<h3 class=\"rank-math-question \"><span class=\"ez-toc-section\" id=\"Cum_ajung_de_la_Sunny_Beach_la_Nesebar\"><\/span>Cum ajung de la Sunny Beach la Nesebar?<span class=\"ez-toc-section-end\"><\/span><\/h3>\n<div class=\"rank-math-answer \">\n\n<p>Cel mai simplu \u0219i cel mai ieftin este s\u0103 folose\u0219ti autobuzul local (liniile 1, 4, 5, 8). Linia num\u0103rul 1 circul\u0103 de diminea\u021b\u0103 p\u00e2n\u0103 la miezul nop\u021bii la interval de 10\u201320 de minute, c\u0103l\u0103toria dureaz\u0103 aproximativ 15 minute, iar biletul cost\u0103 \u00een jur de 5 lei (aproximativ 1 \u20ac) direct de la conductor. O alt\u0103 op\u021biune este micul vapor sau trenule\u021bul turistic.<\/p>\n\n<\/div>\n<\/div>\n<div id=\"faq-question-1787943730001\" class=\"rank-math-list-item\">\n<h3 class=\"rank-math-question \"><span class=\"ez-toc-section\" id=\"Cat_costa_intrarea_la_monumente\"><\/span>C\u00e2t cost\u0103 intrarea la monumente?<span class=\"ez-toc-section-end\"><\/span><\/h3>\n<div class=\"rank-math-answer \">\n\n<p>Intrarea \u00een fiecare biseric\u0103 \u0219i moara cost\u0103 \u00eentre 13 lei \u0219i 23 lei (2,56 \u20ac \u2013 4,60 \u20ac). Dac\u0103 vre\u021bi s\u0103 vede\u021bi totul, merit\u0103 s\u0103 lua\u021bi biletul combinat pentru 7 obiective, care \u00een anul 2026 cost\u0103 pentru un adult 89 lei (17,90 \u20ac).<\/p>\n\n<\/div>\n<\/div>\n<div id=\"faq-question-1787943730002\" class=\"rank-math-list-item\">\n<h3 class=\"rank-math-question \"><span class=\"ez-toc-section\" id=\"In_cat_timp_se_poate_vizita_Nesebar\"><\/span>\u00cen c\u00e2t timp se poate vizita Nesebar?<span class=\"ez-toc-section-end\"><\/span><\/h3>\n<div class=\"rank-math-answer \">\n\n<p>Centrul istoric \u00een sine este foarte mic (850 \u00d7 350 metri). \u00cen pas alert \u00eel po\u021bi parcurge \u00een jurul lui \u00een 30 de minute, dar pentru o vizitare lini\u0219tit\u0103 a principalelor monumente, ruine \u0219i muzee rezerv\u0103-\u021bi aproximativ 2 p\u00e2n\u0103 la 3 ore.<\/p>\n\n<\/div>\n<\/div>\n<div id=\"faq-question-1787943730003\" class=\"rank-math-list-item\">\n<h3 class=\"rank-math-question \"><span class=\"ez-toc-section\" id=\"Se_plateste_in_Bulgaria_cu_euro\"><\/span>Se pl\u0103te\u0219te \u00een Bulgaria cu euro?<span class=\"ez-toc-section-end\"><\/span><\/h3>\n<div class=\"rank-math-answer \">\n\n<p>Da, de la 1 ianuarie 2026 Bulgaria a adoptat euro ca moned\u0103 oficial\u0103. Pre\u021burile vechi \u00een leva nu mai sunt valabile. \u00cen majoritatea locurilor po\u021bi pl\u0103ti f\u0103r\u0103 probleme cu cardul, inclusiv \u00een parc\u0103rile publice.<\/p>\n\n<\/div>\n<\/div>\n<div id=\"faq-question-1787943730004\" class=\"rank-math-list-item\">\n<h3 class=\"rank-math-question \"><span class=\"ez-toc-section\" id=\"Se_poate_intra_cu_masina_in_orasul_vechi\"><\/span>Se poate intra cu ma\u0219ina \u00een ora\u0219ul vechi?<span class=\"ez-toc-section-end\"><\/span><\/h3>\n<div class=\"rank-math-answer \">\n\n<p>Nu, f\u0103r\u0103 un permis aprobat \u00een prealabil nu po\u021bi trece de bariere. Dac\u0103 stai la un hotel direct pe peninsul\u0103, proprietarul \u00ee\u021bi va asigura permisul \u0219i vei ob\u021bine o or\u0103 pentru a desc\u0103rca bagajele. Dup\u0103 aceea trebuie s\u0103 duci ma\u0219ina la o parcare cu plat\u0103.<\/p>\n\n<\/div>\n<\/div>\n<div id=\"faq-question-1787943730005\" class=\"rank-math-list-item\">\n<h3 class=\"rank-math-question \"><span class=\"ez-toc-section\" id=\"Care_biserici_sunt_accesibile_in_interior\"><\/span>Care biserici sunt accesibile \u00een interior?<span class=\"ez-toc-section-end\"><\/span><\/h3>\n<div class=\"rank-math-answer \">\n\n<p>Din cele cincisprezece biserici p\u0103strate, po\u021bi intra \u00een interior doar \u00een cinci. Func\u021bioneaz\u0103 ca muzee bisericile Sf. \u0218tefan, Sf. Spas, Sf. Parascheva \u0219i Sf. Ioan Botez\u0103torul. Slujbele religioase se \u021bin doar \u00een biserica Sf. N\u0103sc\u0103toare de Dumnezeu. Celelalte cl\u0103diri celebre (precum Sf. Sofia) sunt ruine accesibile liber.<\/p>\n\n<\/div>\n<\/div>\n<div id=\"faq-question-1787943730006\" class=\"rank-math-list-item\">\n<h3 class=\"rank-math-question \"><span class=\"ez-toc-section\" id=\"Care_este_temperatura_marii_in_Nesebar\"><\/span>Care este temperatura m\u0103rii \u00een Nesebar?<span class=\"ez-toc-section-end\"><\/span><\/h3>\n<div class=\"rank-math-answer \">\n\n<p>Cel mai cald este \u00een iulie \u0219i august, c\u00e2nd apa are \u00een jur de 26 \u00b0C. Interesant este c\u0103 marea se schimb\u0103 semnificativ chiar \u0219i \u00een cadrul unei luni, astfel \u00eenc\u00e2t \u00eenceputul lui iunie este cu mai mult de trei grade mai rece dec\u00e2t sf\u00e2r\u0219itul lui. Prima jum\u0103tate a lui septembrie este chiar mai bun\u0103 pentru sc\u0103ldat dec\u00e2t \u00eenceputul verii.<\/p>\n\n<\/div>\n<\/div>\n<div id=\"faq-question-1787943730007\" class=\"rank-math-list-item\">\n<h3 class=\"rank-math-question \"><span class=\"ez-toc-section\" id=\"Cand_sunt_cei_mai_putini_turisti_in_Nesebar\"><\/span>C\u00e2nd sunt cei mai pu\u021bini turi\u0219ti \u00een Nesebar?<span class=\"ez-toc-section-end\"><\/span><\/h3>\n<div class=\"rank-math-answer \">\n\n<p>Cele mai mari mul\u021bimi intr\u0103 \u00een ora\u0219 \u00eentre 12:00 \u0219i 17:00. Dac\u0103 vrei lini\u0219te, vino \u00eenainte de ora zece diminea\u021ba sau seara. Marea are \u00een iulie \u0219i august \u00een medie 26,4 \u00b0C, dar \u021bine cont c\u0103 \u00eenceputul lui iunie este cu aproximativ trei grade mai rece dec\u00e2t sf\u00e2r\u0219itul lunii.<\/p>\n\n<\/div>\n<\/div>\n<div id=\"faq-question-1787943730008\" class=\"rank-math-list-item\">\n<h3 class=\"rank-math-question \"><span class=\"ez-toc-section\" id=\"Merita_biletul_combinat\"><\/span>Merit\u0103 biletul combinat?<span class=\"ez-toc-section-end\"><\/span><\/h3>\n<div class=\"rank-math-answer \">\n\n<p>Dac\u0103 vrei s\u0103 vezi mai mult de dou\u0103 monumente cu plat\u0103, cu siguran\u021b\u0103 da. Intr\u0103rile separate la cele \u0219apte obiective ar costa aproximativ 110 lei (22 \u20ac), \u00een timp ce biletul combinat pentru toate cost\u0103 89 lei (17,90 \u20ac). Se cump\u0103r\u0103 de la Muzeul Arheologic imediat dup\u0103 poarta ora\u0219ului.<\/p>\n\n<\/div>\n<\/div>\n<div id=\"faq-question-1787943730009\" class=\"rank-math-list-item\">\n<h3 class=\"rank-math-question \"><span class=\"ez-toc-section\" id=\"Este_Nesebar_potrivit_pentru_familii_cu_carucior\"><\/span>Este Nesebar potrivit pentru familii cu c\u0103rucior?<span class=\"ez-toc-section-end\"><\/span><\/h3>\n<div class=\"rank-math-answer \">\n\n<p>Doar par\u021bial. Peninsula are peste cincizeci de trepte \u0219i majoritatea uli\u021belor sunt pavate cu pietre de caldar\u00e2m neregulate. Promenada perimetral\u0103 \u0219i artera principal\u0103 se pot parcurge cu c\u0103ruciorul, uli\u021bele laterale practic deloc. Pentru familiile cu copii mici este mai confortabil\u0103 Plaja de Sud cu intrare foarte lin\u0103 \u00een ap\u0103.<\/p>\n\n<\/div>\n<\/div>\n<\/div>\n<\/div>","protected":false},"excerpt":{"rendered":"<p>Porne\u0219te spre Nesebar preg\u0103tit: \u00ee\u021bi dezv\u0103luim care biserici sunt cu adev\u0103rat accesibile, c\u00e2t cost\u0103 parcarea \u00een euro \u0219i de ce s\u0103 nu urci \u00een primul taxi.<\/p>\n","protected":false},"author":3,"featured_media":404908,"comment_status":"open","ping_status":"open","sticky":false,"template":"","format":"standard","meta":{"_acf_changed":false,"footnotes":"","rank_math_title":"Nesebar, Bulgaria: 8 lucruri de v\u0103zut + pre\u021buri","rank_math_description":"Ghid complet Nesebar, Bulgaria: 8 lucruri de v\u0103zut, biserici UNESCO, pre\u021buri \u00een euro, transport \u0219i capcane turistice. Vezi tot ce trebuie s\u0103 \u0219tii \u00eenainte de drum!","rank_math_focus_keyword":"Nesebar Bulgaria","rank_math_seo_score":""},"categories":[2013,2015,2021],"tags":[],"class_list":["post-417539","post","type-post","status-publish","format-standard","has-post-thumbnail","category-bulgaria","category-calatorii","category-europa"],"acf":[],"featured_image_src":"https:\/\/loudavymkrokem.cz\/wp-content\/uploads\/2026\/08\/nesebar-stare-mesto-vecer.jpg","author_info":{"display_name":"Lucie Kone\u010dn\u00e1","author_link":"https:\/\/loudavymkrokem.cz\/ro\/author\/lucie-konecna\/"},"_links":{"self":[{"href":"https:\/\/loudavymkrokem.cz\/ro\/wp-json\/wp\/v2\/posts\/417539","targetHints":{"allow":["GET"]}}],"collection":[{"href":"https:\/\/loudavymkrokem.cz\/ro\/wp-json\/wp\/v2\/posts"}],"about":[{"href":"https:\/\/loudavymkrokem.cz\/ro\/wp-json\/wp\/v2\/types\/post"}],"author":[{"embeddable":true,"href":"https:\/\/loudavymkrokem.cz\/ro\/wp-json\/wp\/v2\/users\/3"}],"replies":[{"embeddable":true,"href":"https:\/\/loudavymkrokem.cz\/ro\/wp-json\/wp\/v2\/comments?post=417539"}],"version-history":[{"count":2,"href":"https:\/\/loudavymkrokem.cz\/ro\/wp-json\/wp\/v2\/posts\/417539\/revisions"}],"predecessor-version":[{"id":417541,"href":"https:\/\/loudavymkrokem.cz\/ro\/wp-json\/wp\/v2\/posts\/417539\/revisions\/417541"}],"wp:featuredmedia":[{"embeddable":true,"href":"https:\/\/loudavymkrokem.cz\/ro\/wp-json\/wp\/v2\/media\/404908"}],"wp:attachment":[{"href":"https:\/\/loudavymkrokem.cz\/ro\/wp-json\/wp\/v2\/media?parent=417539"}],"wp:term":[{"taxonomy":"category","embeddable":true,"href":"https:\/\/loudavymkrokem.cz\/ro\/wp-json\/wp\/v2\/categories?post=417539"},{"taxonomy":"post_tag","embeddable":true,"href":"https:\/\/loudavymkrokem.cz\/ro\/wp-json\/wp\/v2\/tags?post=417539"}],"curies":[{"name":"wp","href":"https:\/\/api.w.org\/{rel}","templated":true}]}}