{"id":417526,"date":"2026-09-01T15:04:33","date_gmt":"2026-09-01T13:04:33","guid":{"rendered":"https:\/\/loudavymkrokem.cz\/cele-mai-frumoase-plaje-bulgaria\/"},"modified":"2026-09-05T16:14:48","modified_gmt":"2026-09-05T14:14:48","slug":"cele-mai-frumoase-plaje-bulgaria","status":"publish","type":"post","link":"https:\/\/loudavymkrokem.cz\/ro\/cele-mai-frumoase-plaje-bulgaria\/","title":{"rendered":"Cele mai frumoase plaje din Bulgaria: 20 de locuri de vizitat"},"content":{"rendered":"\n<p class=\"wp-block-paragraph\">C\u00e2nd vine vorba de cele mai frumoase plaje din Bulgaria, majoritatea turi\u0219tilor din Rom\u00e2nia se g\u00e2ndesc doar la dou\u0103 sta\u021biuni mari \u0219i aglomerate de pe aceast\u0103 coast\u0103 lung\u0103 de 378 de kilometri. \u0218i totu\u0219i, e suficient s\u0103 mergi c\u00e2teva zeci de kilometri mai spre sud ca s\u0103 descoperi o lume complet diferit\u0103. Aici \u00eencep <strong>dunele de nisip nesf\u00e2r\u0219ite, gurile pitore\u0219ti de r\u00e2u \u0219i plajele s\u0103lbatice<\/strong>, unde vin \u00een vacan\u021b\u0103 mai ales bulgarii \u00een\u0219i\u0219i.<\/p>\n\n\n\n<p class=\"wp-block-paragraph\">Am preg\u0103tit pentru tine un ghid detaliat, \u00een care g\u0103se\u0219ti ambele fe\u021be ale litoralului: de la sta\u021biunile organizate p\u00e2n\u0103 la golfurile s\u0103lbatice, spre care nu duc nici m\u0103car drumuri decente. Vei afla unde g\u0103se\u0219ti <strong>cele mai bune condi\u021bii pentru familiile cu copii<\/strong>, \u00een ce locuri economise\u0219ti mult la \u0219ezlonguri \u0219i unde e mai bine s\u0103 mergi cu propriul cort sau cu rulota.<\/p>\n\n\n\n<p class=\"wp-block-paragraph\">De la 1 ianuarie 2026, Bulgaria a <strong>trecut oficial la euro<\/strong>, ceea ce a adus o serie de schimb\u0103ri nu doar \u00een pre\u021burile de zi cu zi, ci \u0219i \u00een regulile mai stricte pentru camping.<\/p>\n\n\n\n<figure data-wp-context=\"{&quot;imageId&quot;:&quot;6a9c3a705ed8f&quot;}\" data-wp-interactive=\"core\/image\" data-wp-key=\"6a9c3a705ed8f\" class=\"wp-block-image size-full wp-lightbox-container\"><img decoding=\"async\" width=\"1800\" height=\"1285\" data-wp-class--hide=\"state.isContentHidden\" data-wp-class--show=\"state.isContentVisible\" data-wp-init=\"callbacks.setButtonStyles\" data-wp-on--click=\"actions.showLightbox\" data-wp-on--load=\"callbacks.setButtonStyles\" data-wp-on--pointerdown=\"actions.preloadImage\" data-wp-on--pointerenter=\"actions.preloadImageWithDelay\" data-wp-on--pointerleave=\"actions.cancelPreload\" data-wp-on-window--resize=\"callbacks.setButtonStyles\" src=\"https:\/\/loudavymkrokem.cz\/wp-content\/uploads\/2026\/08\/bulharsko-research-plaze-bulharsko-01.jpg\" alt=\"Gura r\u00e2ului Veleka la Sinemorets, unul dintre cele mai fotografiate locuri de pe litoral\" class=\"wp-image-404184\" title=\"\" srcset=\"https:\/\/loudavymkrokem.cz\/wp-content\/uploads\/2026\/08\/bulharsko-research-plaze-bulharsko-01.jpg 1800w, https:\/\/loudavymkrokem.cz\/wp-content\/uploads\/2026\/08\/bulharsko-research-plaze-bulharsko-01-300x214.jpg 300w, https:\/\/loudavymkrokem.cz\/wp-content\/uploads\/2026\/08\/bulharsko-research-plaze-bulharsko-01-700x500.jpg 700w, https:\/\/loudavymkrokem.cz\/wp-content\/uploads\/2026\/08\/bulharsko-research-plaze-bulharsko-01-768x548.jpg 768w, https:\/\/loudavymkrokem.cz\/wp-content\/uploads\/2026\/08\/bulharsko-research-plaze-bulharsko-01-1536x1097.jpg 1536w, https:\/\/loudavymkrokem.cz\/wp-content\/uploads\/2026\/08\/bulharsko-research-plaze-bulharsko-01-696x497.jpg 696w, https:\/\/loudavymkrokem.cz\/wp-content\/uploads\/2026\/08\/bulharsko-research-plaze-bulharsko-01-1392x994.jpg 1392w\" sizes=\"(max-width: 1800px) 100vw, 1800px\" \/><button\n\t\t\tclass=\"lightbox-trigger\"\n\t\t\ttype=\"button\"\n\t\t\taria-haspopup=\"dialog\"\n\t\t\tdata-wp-bind--aria-label=\"state.thisImage.triggerButtonAriaLabel\"\n\t\t\tdata-wp-init=\"callbacks.initTriggerButton\"\n\t\t\tdata-wp-on--click=\"actions.showLightbox\"\n\t\t\tdata-wp-style--right=\"state.thisImage.buttonRight\"\n\t\t\tdata-wp-style--top=\"state.thisImage.buttonTop\"\n\t\t>\n\t\t\t<svg xmlns=\"http:\/\/www.w3.org\/2000\/svg\" width=\"12\" height=\"12\" fill=\"none\" viewBox=\"0 0 12 12\">\n\t\t\t\t<path fill=\"#fff\" d=\"M2 0a2 2 0 0 0-2 2v2h1.5V2a.5.5 0 0 1 .5-.5h2V0H2Zm2 10.5H2a.5.5 0 0 1-.5-.5V8H0v2a2 2 0 0 0 2 2h2v-1.5ZM8 12v-1.5h2a.5.5 0 0 0 .5-.5V8H12v2a2 2 0 0 1-2 2H8Zm2-12a2 2 0 0 1 2 2v2h-1.5V2a.5.5 0 0 0-.5-.5H8V0h2Z\" \/>\n\t\t\t<\/svg>\n\t\t<\/button><figcaption class=\"wp-element-caption\">Foto: Evgeni Dinev @ Flickr \/ Wikimedia Commons (CC BY 2.0)<\/figcaption><\/figure>\n\n\n\n<div id=\"ez-toc-container\" class=\"ez-toc-v2_0_87 ez-toc-wrap-left counter-hierarchy ez-toc-counter ez-toc-grey ez-toc-container-direction\">\n<div class=\"ez-toc-title-container\">\n<p class=\"ez-toc-title\" style=\"cursor:inherit\">Cuprinsul articolului<\/p>\n<span class=\"ez-toc-title-toggle\"><a href=\"#\" class=\"ez-toc-pull-right ez-toc-btn ez-toc-btn-xs ez-toc-btn-default ez-toc-toggle\" aria-label=\"Toggle Table of Content\"><span class=\"ez-toc-js-icon-con\"><span class=\"\"><span class=\"eztoc-hide\" style=\"display:none;\">Toggle<\/span><span class=\"ez-toc-icon-toggle-span\"><svg style=\"fill: #999;color:#999\" xmlns=\"http:\/\/www.w3.org\/2000\/svg\" class=\"list-377408\" width=\"20px\" height=\"20px\" viewBox=\"0 0 24 24\" fill=\"none\"><path d=\"M6 6H4v2h2V6zm14 0H8v2h12V6zM4 11h2v2H4v-2zm16 0H8v2h12v-2zM4 16h2v2H4v-2zm16 0H8v2h12v-2z\" fill=\"currentColor\"><\/path><\/svg><svg style=\"fill: #999;color:#999\" class=\"arrow-unsorted-368013\" xmlns=\"http:\/\/www.w3.org\/2000\/svg\" width=\"10px\" height=\"10px\" viewBox=\"0 0 24 24\" version=\"1.2\" baseProfile=\"tiny\"><path d=\"M18.2 9.3l-6.2-6.3-6.2 6.3c-.2.2-.3.4-.3.7s.1.5.3.7c.2.2.4.3.7.3h11c.3 0 .5-.1.7-.3.2-.2.3-.5.3-.7s-.1-.5-.3-.7zM5.8 14.7l6.2 6.3 6.2-6.3c.2-.2.3-.5.3-.7s-.1-.5-.3-.7c-.2-.2-.4-.3-.7-.3h-11c-.3 0-.5.1-.7.3-.2.2-.3.5-.3.7s.1.5.3.7z\"\/><\/svg><\/span><\/span><\/span><\/a><\/span><\/div>\n<nav><ul class='ez-toc-list ez-toc-list-level-1 ' ><ul class='ez-toc-list-level-3' ><li class='ez-toc-heading-level-3'><a class=\"ez-toc-link ez-toc-heading-1\" href=\"https:\/\/loudavymkrokem.cz\/ro\/cele-mai-frumoase-plaje-bulgaria\/#Rezumat_pentru_cei_care_nu_au_timp_sa_citeasca_tot_articolul\" >Rezumat pentru cei care nu au timp s\u0103 citeasc\u0103 tot articolul<\/a><\/li><\/ul><\/li><li class='ez-toc-page-1 ez-toc-heading-level-2'><a class=\"ez-toc-link ez-toc-heading-2\" href=\"https:\/\/loudavymkrokem.cz\/ro\/cele-mai-frumoase-plaje-bulgaria\/#Cum_functioneaza_plajele_din_Bulgaria_zone_cu_plata_si_zone_libere\" >Cum func\u021bioneaz\u0103 plajele din Bulgaria: zone cu plat\u0103 \u0219i zone libere<\/a><\/li><li class='ez-toc-page-1 ez-toc-heading-level-2'><a class=\"ez-toc-link ez-toc-heading-3\" href=\"https:\/\/loudavymkrokem.cz\/ro\/cele-mai-frumoase-plaje-bulgaria\/#Un_record_de_26_de_steaguri_albastre\" >Un record de 26 de steaguri albastre<\/a><\/li><li class='ez-toc-page-1 ez-toc-heading-level-2'><a class=\"ez-toc-link ez-toc-heading-4\" href=\"https:\/\/loudavymkrokem.cz\/ro\/cele-mai-frumoase-plaje-bulgaria\/#Sudul_salbatic_plaje_salbatice_din_Bulgaria_unde_vin_bulgarii_insisi\" >Sudul s\u0103lbatic: plaje salbatice din Bulgaria unde vin bulgarii \u00een\u0219i\u0219i<\/a><ul class='ez-toc-list-level-3' ><li class='ez-toc-heading-level-3'><a class=\"ez-toc-link ez-toc-heading-5\" href=\"https:\/\/loudavymkrokem.cz\/ro\/cele-mai-frumoase-plaje-bulgaria\/#1_Silistar\" >1. Silistar<\/a><\/li><li class='ez-toc-page-1 ez-toc-heading-level-3'><a class=\"ez-toc-link ez-toc-heading-6\" href=\"https:\/\/loudavymkrokem.cz\/ro\/cele-mai-frumoase-plaje-bulgaria\/#2_Veleka_Sinemorets\" >2. Veleka (Sinemorets)<\/a><\/li><li class='ez-toc-page-1 ez-toc-heading-level-3'><a class=\"ez-toc-link ez-toc-heading-7\" href=\"https:\/\/loudavymkrokem.cz\/ro\/cele-mai-frumoase-plaje-bulgaria\/#3_Butamyata\" >3. Butamyata<\/a><\/li><li class='ez-toc-page-1 ez-toc-heading-level-3'><a class=\"ez-toc-link ez-toc-heading-8\" href=\"https:\/\/loudavymkrokem.cz\/ro\/cele-mai-frumoase-plaje-bulgaria\/#4_Arkutino\" >4. Arkutino<\/a><\/li><li class='ez-toc-page-1 ez-toc-heading-level-3'><a class=\"ez-toc-link ez-toc-heading-9\" href=\"https:\/\/loudavymkrokem.cz\/ro\/cele-mai-frumoase-plaje-bulgaria\/#5_Koral\" >5. Koral<\/a><\/li><li class='ez-toc-page-1 ez-toc-heading-level-3'><a class=\"ez-toc-link ez-toc-heading-10\" href=\"https:\/\/loudavymkrokem.cz\/ro\/cele-mai-frumoase-plaje-bulgaria\/#6_Alepu\" >6. Alepu<\/a><\/li><li class='ez-toc-page-1 ez-toc-heading-level-3'><a class=\"ez-toc-link ez-toc-heading-11\" href=\"https:\/\/loudavymkrokem.cz\/ro\/cele-mai-frumoase-plaje-bulgaria\/#7_Kastrich_si_Rezovo\" >7. Kastrich \u0219i Rezovo<\/a><\/li><\/ul><\/li><li class='ez-toc-page-1 ez-toc-heading-level-2'><a class=\"ez-toc-link ez-toc-heading-12\" href=\"https:\/\/loudavymkrokem.cz\/ro\/cele-mai-frumoase-plaje-bulgaria\/#Litoralul_nordic_si_salbaticia_de_langa_Varna\" >Litoralul nordic \u0219i s\u0103lb\u0103ticia de l\u00e2ng\u0103 Varna<\/a><ul class='ez-toc-list-level-3' ><li class='ez-toc-heading-level-3'><a class=\"ez-toc-link ez-toc-heading-13\" href=\"https:\/\/loudavymkrokem.cz\/ro\/cele-mai-frumoase-plaje-bulgaria\/#8_Bolata\" >8. Bolata<\/a><\/li><li class='ez-toc-page-1 ez-toc-heading-level-3'><a class=\"ez-toc-link ez-toc-heading-14\" href=\"https:\/\/loudavymkrokem.cz\/ro\/cele-mai-frumoase-plaje-bulgaria\/#9_Laguna_Alba_Topola\" >9. Laguna Alb\u0103 (Topola)<\/a><\/li><li class='ez-toc-page-1 ez-toc-heading-level-3'><a class=\"ez-toc-link ez-toc-heading-15\" href=\"https:\/\/loudavymkrokem.cz\/ro\/cele-mai-frumoase-plaje-bulgaria\/#10_Krapets_si_Durankulak\" >10. Krapets \u0219i Durankulak<\/a><\/li><li class='ez-toc-page-1 ez-toc-heading-level-3'><a class=\"ez-toc-link ez-toc-heading-16\" href=\"https:\/\/loudavymkrokem.cz\/ro\/cele-mai-frumoase-plaje-bulgaria\/#11_Shkorpilovtsi_si_Kamchia\" >11. Shkorpilovtsi \u0219i Kamchia<\/a><\/li><li class='ez-toc-page-1 ez-toc-heading-level-3'><a class=\"ez-toc-link ez-toc-heading-17\" href=\"https:\/\/loudavymkrokem.cz\/ro\/cele-mai-frumoase-plaje-bulgaria\/#12_Pasha_dere\" >12. Pasha dere<\/a><\/li><li class='ez-toc-page-1 ez-toc-heading-level-3'><a class=\"ez-toc-link ez-toc-heading-18\" href=\"https:\/\/loudavymkrokem.cz\/ro\/cele-mai-frumoase-plaje-bulgaria\/#13_Karadere\" >13. Karadere<\/a><\/li><\/ul><\/li><li class='ez-toc-page-1 ez-toc-heading-level-2'><a class=\"ez-toc-link ez-toc-heading-19\" href=\"https:\/\/loudavymkrokem.cz\/ro\/cele-mai-frumoase-plaje-bulgaria\/#Clasica_statiunile_si_plajele_urbane\" >Clasica: sta\u021biunile \u0219i plajele urbane<\/a><ul class='ez-toc-list-level-3' ><li class='ez-toc-heading-level-3'><a class=\"ez-toc-link ez-toc-heading-20\" href=\"https:\/\/loudavymkrokem.cz\/ro\/cele-mai-frumoase-plaje-bulgaria\/#14_Albena\" >14. Albena<\/a><\/li><li class='ez-toc-page-1 ez-toc-heading-level-3'><a class=\"ez-toc-link ez-toc-heading-21\" href=\"https:\/\/loudavymkrokem.cz\/ro\/cele-mai-frumoase-plaje-bulgaria\/#15_Kranevo\" >15. Kranevo<\/a><\/li><li class='ez-toc-page-1 ez-toc-heading-level-3'><a class=\"ez-toc-link ez-toc-heading-22\" href=\"https:\/\/loudavymkrokem.cz\/ro\/cele-mai-frumoase-plaje-bulgaria\/#16_Nisipurile_de_Aur\" >16. Nisipurile de Aur<\/a><\/li><li class='ez-toc-page-1 ez-toc-heading-level-3'><a class=\"ez-toc-link ez-toc-heading-23\" href=\"https:\/\/loudavymkrokem.cz\/ro\/cele-mai-frumoase-plaje-bulgaria\/#17_Sunny_Beach\" >17. Sunny Beach<\/a><\/li><li class='ez-toc-page-1 ez-toc-heading-level-3'><a class=\"ez-toc-link ez-toc-heading-24\" href=\"https:\/\/loudavymkrokem.cz\/ro\/cele-mai-frumoase-plaje-bulgaria\/#18_Nesebar-Sud\" >18. Nesebar-Sud<\/a><\/li><li class='ez-toc-page-1 ez-toc-heading-level-3'><a class=\"ez-toc-link ez-toc-heading-25\" href=\"https:\/\/loudavymkrokem.cz\/ro\/cele-mai-frumoase-plaje-bulgaria\/#19_Sozopol\" >19. Sozopol<\/a><\/li><li class='ez-toc-page-1 ez-toc-heading-level-3'><a class=\"ez-toc-link ez-toc-heading-26\" href=\"https:\/\/loudavymkrokem.cz\/ro\/cele-mai-frumoase-plaje-bulgaria\/#20_Primorsko_si_Kiten\" >20. Primorsko \u0219i Kiten<\/a><\/li><\/ul><\/li><li class='ez-toc-page-1 ez-toc-heading-level-2'><a class=\"ez-toc-link ez-toc-heading-27\" href=\"https:\/\/loudavymkrokem.cz\/ro\/cele-mai-frumoase-plaje-bulgaria\/#Cele_mai_bune_plaje_pentru_familiile_cu_copii_mici\" >Cele mai bune plaje pentru familiile cu copii mici<\/a><\/li><li class='ez-toc-page-1 ez-toc-heading-level-2'><a class=\"ez-toc-link ez-toc-heading-28\" href=\"https:\/\/loudavymkrokem.cz\/ro\/cele-mai-frumoase-plaje-bulgaria\/#Siguranta_curenti_valuri_si_salvamari\" >Siguran\u021b\u0103: curen\u021bi, valuri \u0219i salvamari<\/a><\/li><li class='ez-toc-page-1 ez-toc-heading-level-2'><a class=\"ez-toc-link ez-toc-heading-29\" href=\"https:\/\/loudavymkrokem.cz\/ro\/cele-mai-frumoase-plaje-bulgaria\/#Camping_si_rulote_ce_s-a_schimbat_in_2026\" >Camping \u0219i rulote: ce s-a schimbat \u00een 2026<\/a><\/li><li class='ez-toc-page-1 ez-toc-heading-level-2'><a class=\"ez-toc-link ez-toc-heading-30\" href=\"https:\/\/loudavymkrokem.cz\/ro\/cele-mai-frumoase-plaje-bulgaria\/#Cand_sa_mergi_pe_plajele_din_Bulgaria\" >C\u00e2nd s\u0103 mergi pe plajele din Bulgaria<\/a><\/li><li class='ez-toc-page-1 ez-toc-heading-level-2'><a class=\"ez-toc-link ez-toc-heading-31\" href=\"https:\/\/loudavymkrokem.cz\/ro\/cele-mai-frumoase-plaje-bulgaria\/#Unde_sa_mergi_mai_departe\" >Unde s\u0103 mergi mai departe<\/a><\/li><li class='ez-toc-page-1 ez-toc-heading-level-2'><a class=\"ez-toc-link ez-toc-heading-32\" href=\"https:\/\/loudavymkrokem.cz\/ro\/cele-mai-frumoase-plaje-bulgaria\/#Intrebari_frecvente\" >\u00centreb\u0103ri frecvente<\/a><ul class='ez-toc-list-level-3' ><li class='ez-toc-heading-level-3'><a class=\"ez-toc-link ez-toc-heading-33\" href=\"https:\/\/loudavymkrokem.cz\/ro\/cele-mai-frumoase-plaje-bulgaria\/#Care_sunt_cele_mai_frumoase_plaje\" >Care sunt cele mai frumoase plaje?<\/a><\/li><li class='ez-toc-page-1 ez-toc-heading-level-3'><a class=\"ez-toc-link ez-toc-heading-34\" href=\"https:\/\/loudavymkrokem.cz\/ro\/cele-mai-frumoase-plaje-bulgaria\/#Cat_costa_un_sezlong\" >C\u00e2t cost\u0103 un \u0219ezlong?<\/a><\/li><li class='ez-toc-page-1 ez-toc-heading-level-3'><a class=\"ez-toc-link ez-toc-heading-35\" href=\"https:\/\/loudavymkrokem.cz\/ro\/cele-mai-frumoase-plaje-bulgaria\/#Trebuie_sa_platesc_pentru_plaja\" >Trebuie s\u0103 pl\u0103tesc pentru plaj\u0103?<\/a><\/li><li class='ez-toc-page-1 ez-toc-heading-level-3'><a class=\"ez-toc-link ez-toc-heading-36\" href=\"https:\/\/loudavymkrokem.cz\/ro\/cele-mai-frumoase-plaje-bulgaria\/#Unde_sa_merg_cu_copii_mici\" >Unde s\u0103 merg cu copii mici?<\/a><\/li><li class='ez-toc-page-1 ez-toc-heading-level-3'><a class=\"ez-toc-link ez-toc-heading-37\" href=\"https:\/\/loudavymkrokem.cz\/ro\/cele-mai-frumoase-plaje-bulgaria\/#Care_plaje_sunt_periculoase\" >Care plaje sunt periculoase?<\/a><\/li><li class='ez-toc-page-1 ez-toc-heading-level-3'><a class=\"ez-toc-link ez-toc-heading-38\" href=\"https:\/\/loudavymkrokem.cz\/ro\/cele-mai-frumoase-plaje-bulgaria\/#Exista_plaje_nudiste_in_Bulgaria\" >Exist\u0103 plaje nudiste \u00een Bulgaria?<\/a><\/li><li class='ez-toc-page-1 ez-toc-heading-level-3'><a class=\"ez-toc-link ez-toc-heading-39\" href=\"https:\/\/loudavymkrokem.cz\/ro\/cele-mai-frumoase-plaje-bulgaria\/#Se_poate_campa_in_salbaticie_acolo\" >Se poate campa \u00een s\u0103lb\u0103ticie acolo?<\/a><\/li><li class='ez-toc-page-1 ez-toc-heading-level-3'><a class=\"ez-toc-link ez-toc-heading-40\" href=\"https:\/\/loudavymkrokem.cz\/ro\/cele-mai-frumoase-plaje-bulgaria\/#Cand_este_marea_cea_mai_calda\" >C\u00e2nd este marea cea mai cald\u0103?<\/a><\/li><li class='ez-toc-page-1 ez-toc-heading-level-3'><a class=\"ez-toc-link ez-toc-heading-41\" href=\"https:\/\/loudavymkrokem.cz\/ro\/cele-mai-frumoase-plaje-bulgaria\/#Sunt_meduze_in_mare\" >Sunt meduze \u00een mare?<\/a><\/li><li class='ez-toc-page-1 ez-toc-heading-level-3'><a class=\"ez-toc-link ez-toc-heading-42\" href=\"https:\/\/loudavymkrokem.cz\/ro\/cele-mai-frumoase-plaje-bulgaria\/#Cum_ajung_la_plajele_salbatice\" >Cum ajung la plajele s\u0103lbatice?<\/a><\/li><\/ul><\/li><\/ul><\/nav><\/div>\n<h3 class=\"wp-block-heading\"><span class=\"ez-toc-section\" id=\"Rezumat_pentru_cei_care_nu_au_timp_sa_citeasca_tot_articolul\"><\/span>Rezumat pentru cei care nu au timp s\u0103 citeasc\u0103 tot articolul<span class=\"ez-toc-section-end\"><\/span><\/h3>\n\n\n\n<ul class=\"wp-block-list\">\n\n<li><strong>Regula zonelor libere:<\/strong> Prin lege, cel pu\u021bin 50% din plaj\u0103 trebuie s\u0103 r\u0103m\u00e2n\u0103 liber\u0103, a\u0219a c\u0103 \u00ee\u021bi po\u021bi \u00eentinde propriul prosop gratuit chiar \u0219i \u00een fa\u021ba celui mai scump hotel de cinci stele.<\/li>\n\n\n\n<li><strong>Pre\u021burile \u0219ezlongurilor:<\/strong> Diferen\u021bele sunt uria\u0219e. \u00cen timp ce pe plaja Burgas-Nord pl\u0103te\u0219ti doar 0,60 \u20ac (cca 3 lei), la Nisipurile de Aur un exemplar te cost\u0103 \u00eentre 5 \u0219i 6 \u20ac (p\u00e2n\u0103 la 30 lei).<\/li>\n\n\n\n<li><strong>Nord \u0219i sud:<\/strong> Litoralul nordic ofer\u0103 sta\u021biuni organizate \u0219i ape pu\u021bin ad\u00e2nci la margini, \u00een timp ce sudul de dincolo de Burgas ascunde s\u0103lb\u0103ticie, dune protejate \u0219i o intrare mult mai abrupt\u0103 \u00een ap\u0103.<\/li>\n\n\n\n<li><strong>Record de steaguri albastre:<\/strong> \u00cen 2026 Bulgaria a ob\u021binut cel mai mare num\u0103r de distinc\u021bii din istorie pentru cur\u0103\u021benie, iar steagul \u00eel au chiar \u0219i c\u00e2teva plaje s\u0103lbatice, f\u0103r\u0103 hoteluri mari.<\/li>\n\n\n\n<li><strong>Cea mai pu\u021bin ad\u00e2nc\u0103 ap\u0103 pentru copii:<\/strong> C\u00e2\u0219tig\u0103toarea clar\u0103 este Albena, unde ad\u00e2ncimea nu dep\u0103\u0219e\u0219te 1,6 metri nici la 150 de metri distan\u021b\u0103 de mal.<\/li>\n\n\n\n<li><strong>Salvamari \u0219i siguran\u021b\u0103:<\/strong> Sezonul oficial \u021bine doar p\u00e2n\u0103 la sf\u00e2r\u0219itul lunii septembrie, iar salvamarii sunt de paz\u0103 de obicei doar p\u00e2n\u0103 la ora 18:00, \u00een plus pe litoralul sudic trebuie s\u0103 fii atent la curen\u021bii de retur.<\/li>\n\n\n<\/ul>\n\n\n\n<figure class=\"wp-block-table\"><table><thead><tr><th>Plaja<\/th><th>Unde se afl\u0103<\/th><th>Tip de plaj\u0103<\/th><th>Pentru cine e potrivit\u0103<\/th><\/tr><\/thead><tbody><tr><td>1. Silistar<\/td><td>Sud, l\u00e2ng\u0103 grani\u021ba cu Turcia<\/td><td>S\u0103lbatic\u0103, natural\u0103<\/td><td>Iubitorii de natur\u0103, cupluri<\/td><\/tr><tr><td>2. Veleka<\/td><td>Sinemorets<\/td><td>S\u0103lbatic\u0103, gur\u0103 de r\u00e2u<\/td><td>Romantici, surferi<\/td><\/tr><tr><td>3. Butamyata<\/td><td>Sinemorets<\/td><td>Organizat\u0103<\/td><td>Familii cu copii mai mari<\/td><\/tr><tr><td>4. Arkutino<\/td><td>Rezerva\u021bia Ropotamo<\/td><td>Natural\u0103, cu dune<\/td><td>C\u0103ut\u0103torii de lini\u0219te<\/td><\/tr><tr><td>5. Koral<\/td><td>\u00centre Lozenets \u0219i Ahtopol<\/td><td>Natural\u0103, spot de kite<\/td><td>Kitesurferi, camp\u0103ri<\/td><\/tr><tr><td>6. Alepu<\/td><td>La sud de Sozopol<\/td><td>S\u0103lbatic\u0103, nudism neoficial<\/td><td>Naturi\u0219ti, singuratici<\/td><\/tr><tr><td>7. Kastrich \u0219i Rezovo<\/td><td>Extremul sud<\/td><td>Izolat\u0103, st\u00e2ncoas\u0103<\/td><td>\u00cenot\u0103tori experimenta\u021bi, snorkeling<\/td><\/tr><tr><td>8. Bolata<\/td><td>Capul Kaliakra (nord)<\/td><td>Golf \u00eentr-o rezerva\u021bie<\/td><td>Snorkeling, fotografi<\/td><\/tr><tr><td>9. Laguna Alb\u0103<\/td><td>Topola<\/td><td>Organizat\u0103<\/td><td>Familii cu copii<\/td><\/tr><tr><td>10. Krapets \u0219i Durankulak<\/td><td>Nord, l\u00e2ng\u0103 grani\u021ba cu Rom\u00e2nia<\/td><td>Lung\u0103, natural\u0103<\/td><td>Iubitorii singur\u0103t\u0103\u021bii<\/td><\/tr><tr><td>11. Shkorpilovtsi \u0219i Kamchia<\/td><td>La sud de Varna<\/td><td>Cea mai lung\u0103 din \u021bar\u0103, s\u0103lbatic\u0103<\/td><td>C\u0103l\u0103tori f\u0103r\u0103 preten\u021bii<\/td><\/tr><tr><td>12. Pasha dere<\/td><td>Aproape de Varna<\/td><td>S\u0103lbatic\u0103, acces dificil<\/td><td>Aventurieri cu ma\u0219in\u0103 de teren<\/td><\/tr><tr><td>13. Karadere<\/td><td>\u00centre Byala \u0219i Obzor<\/td><td>S\u0103lb\u0103ticie f\u0103r\u0103 facilit\u0103\u021bi<\/td><td>Backpackeri (f\u0103r\u0103 rulot\u0103!)<\/td><\/tr><tr><td>14. Albena<\/td><td>La nord de Varna<\/td><td>De sta\u021biune, lat\u0103<\/td><td>Familii cu copii mici<\/td><\/tr><tr><td>15. Kranevo<\/td><td>L\u00e2ng\u0103 Albena<\/td><td>De sta\u021biune, mai lini\u0219tit\u0103<\/td><td>Familii care caut\u0103 o variant\u0103 ieftin\u0103<\/td><\/tr><tr><td>16. Nisipurile de Aur<\/td><td>La nord de Varna<\/td><td>Aglomerat\u0103, de sta\u021biune<\/td><td>Tineri, amatorii de distrac\u021bie<\/td><\/tr><tr><td>17. Sunny Beach<\/td><td>Partea central\u0103<\/td><td>Cea mai aglomerat\u0103 sta\u021biune<\/td><td>Amatorii de via\u021b\u0103 de noapte<\/td><\/tr><tr><td>18. Nesebar-Sud<\/td><td>L\u00e2ng\u0103 ora\u0219ul istoric<\/td><td>Urban\u0103, organizat\u0103<\/td><td>Iubitorii de monumente<\/td><\/tr><tr><td>19. Sozopol<\/td><td>Partea sudic\u0103<\/td><td>Urban\u0103 \u0219i de petrecere<\/td><td>Grupuri de prieteni<\/td><\/tr><tr><td>20. Primorsko \u0219i Kiten<\/td><td>Partea sudic\u0103<\/td><td>Pu\u021bin ad\u00e2nc\u0103, tradi\u021bional\u0103<\/td><td>Familii, turi\u0219ti rom\u00e2ni<\/td><\/tr><\/tbody><\/table><\/figure>\n\n\n\n<figure data-wp-context=\"{&quot;imageId&quot;:&quot;6a9c3a705fc0c&quot;}\" data-wp-interactive=\"core\/image\" data-wp-key=\"6a9c3a705fc0c\" class=\"wp-block-image size-full wp-lightbox-container\"><img decoding=\"async\" width=\"1800\" height=\"1204\" data-wp-class--hide=\"state.isContentHidden\" data-wp-class--show=\"state.isContentVisible\" data-wp-init=\"callbacks.setButtonStyles\" data-wp-on--click=\"actions.showLightbox\" data-wp-on--load=\"callbacks.setButtonStyles\" data-wp-on--pointerdown=\"actions.preloadImage\" data-wp-on--pointerenter=\"actions.preloadImageWithDelay\" data-wp-on--pointerleave=\"actions.cancelPreload\" data-wp-on-window--resize=\"callbacks.setButtonStyles\" src=\"https:\/\/loudavymkrokem.cz\/wp-content\/uploads\/2026\/08\/bulharsko-research-plaze-bulharsko-02.jpg\" alt=\"Zon\u0103 cu plat\u0103 cu \u0219ezlonguri \u0219i umbrele\" class=\"wp-image-404185\" title=\"\" srcset=\"https:\/\/loudavymkrokem.cz\/wp-content\/uploads\/2026\/08\/bulharsko-research-plaze-bulharsko-02.jpg 1800w, https:\/\/loudavymkrokem.cz\/wp-content\/uploads\/2026\/08\/bulharsko-research-plaze-bulharsko-02-300x201.jpg 300w, https:\/\/loudavymkrokem.cz\/wp-content\/uploads\/2026\/08\/bulharsko-research-plaze-bulharsko-02-700x468.jpg 700w, https:\/\/loudavymkrokem.cz\/wp-content\/uploads\/2026\/08\/bulharsko-research-plaze-bulharsko-02-768x514.jpg 768w, https:\/\/loudavymkrokem.cz\/wp-content\/uploads\/2026\/08\/bulharsko-research-plaze-bulharsko-02-1536x1027.jpg 1536w, https:\/\/loudavymkrokem.cz\/wp-content\/uploads\/2026\/08\/bulharsko-research-plaze-bulharsko-02-696x466.jpg 696w, https:\/\/loudavymkrokem.cz\/wp-content\/uploads\/2026\/08\/bulharsko-research-plaze-bulharsko-02-1392x931.jpg 1392w\" sizes=\"(max-width: 1800px) 100vw, 1800px\" \/><button\n\t\t\tclass=\"lightbox-trigger\"\n\t\t\ttype=\"button\"\n\t\t\taria-haspopup=\"dialog\"\n\t\t\tdata-wp-bind--aria-label=\"state.thisImage.triggerButtonAriaLabel\"\n\t\t\tdata-wp-init=\"callbacks.initTriggerButton\"\n\t\t\tdata-wp-on--click=\"actions.showLightbox\"\n\t\t\tdata-wp-style--right=\"state.thisImage.buttonRight\"\n\t\t\tdata-wp-style--top=\"state.thisImage.buttonTop\"\n\t\t>\n\t\t\t<svg xmlns=\"http:\/\/www.w3.org\/2000\/svg\" width=\"12\" height=\"12\" fill=\"none\" viewBox=\"0 0 12 12\">\n\t\t\t\t<path fill=\"#fff\" d=\"M2 0a2 2 0 0 0-2 2v2h1.5V2a.5.5 0 0 1 .5-.5h2V0H2Zm2 10.5H2a.5.5 0 0 1-.5-.5V8H0v2a2 2 0 0 0 2 2h2v-1.5ZM8 12v-1.5h2a.5.5 0 0 0 .5-.5V8H12v2a2 2 0 0 1-2 2H8Zm2-12a2 2 0 0 1 2 2v2h-1.5V2a.5.5 0 0 0-.5-.5H8V0h2Z\" \/>\n\t\t\t<\/svg>\n\t\t<\/button><figcaption class=\"wp-element-caption\">Foto: Ay\u0219eg\u00fcl  Ayt\u00f6ren \/ Pexels<\/figcaption><\/figure>\n\n\n\n<h2 class=\"wp-block-heading\"><span class=\"ez-toc-section\" id=\"Cum_functioneaza_plajele_din_Bulgaria_zone_cu_plata_si_zone_libere\"><\/span>Cum func\u021bioneaz\u0103 plajele din Bulgaria: zone cu plat\u0103 \u0219i zone libere<span class=\"ez-toc-section-end\"><\/span><\/h2>\n\n\n\n<p class=\"wp-block-paragraph\">Dac\u0103 te temi c\u0103 vacan\u021ba la Marea Neagr\u0103 te va ruina din cauza taxelor pentru serviciile de plaj\u0103, po\u021bi sta lini\u0219tit. Legisla\u021bia bulgar\u0103 impune strict ca <strong>cel pu\u021bin 50% din suprafa\u021ba activ\u0103 a fiec\u0103rei plaje s\u0103 r\u0103m\u00e2n\u0103 zon\u0103 liber\u0103<\/strong>. \u00cen practic\u0103, asta \u00eenseamn\u0103 c\u0103 sectoarele cu plat\u0103, cu \u0219ezlonguri, se alterneaz\u0103 \u00een mod regulat cu nisip liber.<\/p>\n\n\n\n<p class=\"wp-block-paragraph\">Datorit\u0103 acestei reguli, \u00ee\u021bi po\u021bi <strong>\u00eentinde propriul prosop \u0219i umbrela complet gratuit<\/strong> oriunde \u00een zona liber\u0103. Iar acest lucru e valabil chiar \u0219i dac\u0103 te afli fix \u00een fa\u021ba celui mai luxos hotel de cinci stele din Sunny Beach. Nimeni nu are voie s\u0103 te alunge de acolo, at\u00e2ta timp c\u00e2t respec\u021bi limitele sectorului pl\u0103tit.<\/p>\n\n\n\n<p class=\"wp-block-paragraph\">\u00cen ceea ce prive\u0219te pre\u021burile de \u00eenchiriere \u00een 2026, diferen\u021bele de pe litoral sunt uria\u0219e. Conform <a href=\"https:\/\/www.tourism.government.bg\/\" rel=\"nofollow noopener\" target=\"_blank\">h\u0103r\u021bii oficiale a ministerului turismului<\/a>, pl\u0103te\u0219ti <strong>cel mai pu\u021bin pe plaja Burgas-Nord, unde un exemplar cost\u0103 doar 0,60 \u20ac<\/strong> (cca 3 lei). Dimpotriv\u0103, la renumitele Nisipuri de Aur preg\u0103te\u0219te-te pentru 5 p\u00e2n\u0103 la 6 \u20ac (p\u00e2n\u0103 la 30 lei) pentru un singur \u0219ezlong sau umbrel\u0103 pe zi.<\/p>\n\n\n\n<p class=\"wp-block-paragraph\">\u00cen categoria de pre\u021b mediu se situeaz\u0103, de exemplu, Nesebar-Sud sau Sozopol-Harmani, cu un pre\u021b de 4,09 \u20ac (cca 20 lei) bucata. Un set obi\u0219nuit de dou\u0103 \u0219ezlonguri \u0219i o umbrel\u0103 te cost\u0103 astfel \u00een majoritatea locurilor <strong>\u00eentre 10 \u0219i 15 \u20ac pe zi<\/strong> (50 p\u00e2n\u0103 la 75 lei). Comparativ cu nordul Greciei, unde seturile cost\u0103 adesea 20 p\u00e2n\u0103 la 50 \u20ac \u0219i presupun consuma\u021bie obligatorie, e o sum\u0103 \u00een continuare foarte prietenoas\u0103.<\/p>\n\n\n\n<figure class=\"wp-block-table\"><table><thead><tr><th>Plaja<\/th><th>\u0218ezlong sau umbrel\u0103 (bucata)<\/th><th>Set (umbrel\u0103 + 2 \u0219ezlonguri)<\/th><\/tr><\/thead><tbody><tr><td>Nisipurile de Aur<\/td><td>5\u20136 \u20ac<\/td><td>\u2014<\/td><\/tr><tr><td>Sunny Beach-Sud<\/td><td>5,11 \u20ac (fixat prin contract)<\/td><td>15,30 \u20ac<\/td><\/tr><tr><td>Nesebar-Sud, Sozopol-Harmani<\/td><td>4,09 \u20ac<\/td><td>12,27 \u20ac<\/td><\/tr><tr><td>Primorsko<\/td><td>3,60 \u20ac<\/td><td>\u2014<\/td><\/tr><tr><td>Albena, Sozopol-central, Varna<\/td><td>3,58 \u20ac<\/td><td>\u2014<\/td><\/tr><tr><td>Burgas-Nord<\/td><td>0,60 \u20ac (cel mai ieftin din \u021bar\u0103)<\/td><td>\u2014<\/td><\/tr><\/tbody><\/table><\/figure>\n\n\n\n<p class=\"wp-block-paragraph\"><em>Pre\u021burile serviciilor de plaj\u0103 pentru sezonul 2026 conform h\u0103r\u021bii oficiale a ministerului turismului.<\/em><\/p>\n\n\n\n\n<figure data-wp-context=\"{&quot;imageId&quot;:&quot;6a9c3a70603cc&quot;}\" data-wp-interactive=\"core\/image\" data-wp-key=\"6a9c3a70603cc\" class=\"wp-block-image size-full wp-lightbox-container\"><img decoding=\"async\" width=\"1800\" height=\"1350\" data-wp-class--hide=\"state.isContentHidden\" data-wp-class--show=\"state.isContentVisible\" data-wp-init=\"callbacks.setButtonStyles\" data-wp-on--click=\"actions.showLightbox\" data-wp-on--load=\"callbacks.setButtonStyles\" data-wp-on--pointerdown=\"actions.preloadImage\" data-wp-on--pointerenter=\"actions.preloadImageWithDelay\" data-wp-on--pointerleave=\"actions.cancelPreload\" data-wp-on-window--resize=\"callbacks.setButtonStyles\" src=\"https:\/\/loudavymkrokem.cz\/wp-content\/uploads\/2026\/08\/bulharsko-research-plaze-bulharsko-03.jpg\" alt=\"Plaj\u0103 cu steag albastru l\u00e2ng\u0103 Nesebar\" class=\"wp-image-404186\" title=\"\" srcset=\"https:\/\/loudavymkrokem.cz\/wp-content\/uploads\/2026\/08\/bulharsko-research-plaze-bulharsko-03.jpg 1800w, https:\/\/loudavymkrokem.cz\/wp-content\/uploads\/2026\/08\/bulharsko-research-plaze-bulharsko-03-300x225.jpg 300w, https:\/\/loudavymkrokem.cz\/wp-content\/uploads\/2026\/08\/bulharsko-research-plaze-bulharsko-03-700x525.jpg 700w, https:\/\/loudavymkrokem.cz\/wp-content\/uploads\/2026\/08\/bulharsko-research-plaze-bulharsko-03-768x576.jpg 768w, https:\/\/loudavymkrokem.cz\/wp-content\/uploads\/2026\/08\/bulharsko-research-plaze-bulharsko-03-1536x1152.jpg 1536w, https:\/\/loudavymkrokem.cz\/wp-content\/uploads\/2026\/08\/bulharsko-research-plaze-bulharsko-03-80x60.jpg 80w, https:\/\/loudavymkrokem.cz\/wp-content\/uploads\/2026\/08\/bulharsko-research-plaze-bulharsko-03-160x120.jpg 160w, https:\/\/loudavymkrokem.cz\/wp-content\/uploads\/2026\/08\/bulharsko-research-plaze-bulharsko-03-696x522.jpg 696w, https:\/\/loudavymkrokem.cz\/wp-content\/uploads\/2026\/08\/bulharsko-research-plaze-bulharsko-03-1392x1044.jpg 1392w\" sizes=\"(max-width: 1800px) 100vw, 1800px\" \/><button\n\t\t\tclass=\"lightbox-trigger\"\n\t\t\ttype=\"button\"\n\t\t\taria-haspopup=\"dialog\"\n\t\t\tdata-wp-bind--aria-label=\"state.thisImage.triggerButtonAriaLabel\"\n\t\t\tdata-wp-init=\"callbacks.initTriggerButton\"\n\t\t\tdata-wp-on--click=\"actions.showLightbox\"\n\t\t\tdata-wp-style--right=\"state.thisImage.buttonRight\"\n\t\t\tdata-wp-style--top=\"state.thisImage.buttonTop\"\n\t\t>\n\t\t\t<svg xmlns=\"http:\/\/www.w3.org\/2000\/svg\" width=\"12\" height=\"12\" fill=\"none\" viewBox=\"0 0 12 12\">\n\t\t\t\t<path fill=\"#fff\" d=\"M2 0a2 2 0 0 0-2 2v2h1.5V2a.5.5 0 0 1 .5-.5h2V0H2Zm2 10.5H2a.5.5 0 0 1-.5-.5V8H0v2a2 2 0 0 0 2 2h2v-1.5ZM8 12v-1.5h2a.5.5 0 0 0 .5-.5V8H12v2a2 2 0 0 1-2 2H8Zm2-12a2 2 0 0 1 2 2v2h-1.5V2a.5.5 0 0 0-.5-.5H8V0h2Z\" \/>\n\t\t\t<\/svg>\n\t\t<\/button><figcaption class=\"wp-element-caption\">Foto: \u041c\u0438\u0445\u0430\u043b \u041e\u0440\u0435\u043b\u0430 \/ Wikimedia Commons, CC BY 3.0<\/figcaption><\/figure>\n\n\n\n<h2 class=\"wp-block-heading\"><span class=\"ez-toc-section\" id=\"Un_record_de_26_de_steaguri_albastre\"><\/span>Un record de 26 de steaguri albastre<span class=\"ez-toc-section-end\"><\/span><\/h2>\n\n\n\n<p class=\"wp-block-paragraph\">Anul 2026 a adus litoralului bulgar o veste minunat\u0103 pentru to\u021bi cei care se tem s\u0103 se scalde \u00een ap\u0103 \u00eendoielnic\u0103. \u021aara a ob\u021binut <strong>cel mai mare num\u0103r de <a href=\"https:\/\/www.blueflag.global\/\" rel=\"nofollow noopener\" target=\"_blank\">Steaguri Albastre<\/a> din istorie<\/strong>, mai exact 26 pentru plaje \u0219i \u00eenc\u0103 6 pentru porturi. Distinc\u021biile au fost anun\u021bate prim\u0103vara la Copenhaga \u0219i confirm\u0103 faptul c\u0103, potrivit monitoriz\u0103rii UE, calitatea apei la Marea Neagr\u0103 este excelent\u0103 \u00een majoritatea locurilor.<\/p>\n\n\n\n<p class=\"wp-block-paragraph\">Interesant este c\u0103 aceast\u0103 distinc\u021bie prestigioas\u0103 nu apar\u021bine doar marilor sta\u021biuni comerciale. Au primit-o \u0219i <strong>locuri naturale superbe precum Arkutino sau Butamyata<\/strong>, care \u0219i-au p\u0103strat caracterul s\u0103lbatic. Ceea ce e de fapt o veste bun\u0103, pentru c\u0103 o baie pl\u0103cut\u0103 \u0219i protejarea naturii pot merge m\u00e2n\u0103 \u00een m\u00e2n\u0103 \u0219i f\u0103r\u0103 kilometri de beton.<\/p>\n\n\n\n<p class=\"wp-block-paragraph\">Pe de alt\u0103 parte, dac\u0103 nu g\u0103se\u0219ti pe lista premia\u021bilor plaje s\u0103lbatice renumite precum Irakli sau Karadere, asta nu \u00eenseamn\u0103 c\u0103 apa are calitate proast\u0103. Steagul albastru <strong>necesit\u0103 standarde stricte pentru facilit\u0103\u021bi<\/strong>, cum ar fi toalete, salvamari sau acces pentru persoanele cu dizabilit\u0103\u021bi. Iar exact aceste beneficii ale civiliza\u021biei lipsesc inten\u021bionat \u00een cele mai s\u0103lbatice locuri.<\/p>\n\n\n\n<figure data-wp-context=\"{&quot;imageId&quot;:&quot;6a9c3a70609a0&quot;}\" data-wp-interactive=\"core\/image\" data-wp-key=\"6a9c3a70609a0\" class=\"wp-block-image size-full wp-lightbox-container\"><img decoding=\"async\" width=\"1800\" height=\"1248\" data-wp-class--hide=\"state.isContentHidden\" data-wp-class--show=\"state.isContentVisible\" data-wp-init=\"callbacks.setButtonStyles\" data-wp-on--click=\"actions.showLightbox\" data-wp-on--load=\"callbacks.setButtonStyles\" data-wp-on--pointerdown=\"actions.preloadImage\" data-wp-on--pointerenter=\"actions.preloadImageWithDelay\" data-wp-on--pointerleave=\"actions.cancelPreload\" data-wp-on-window--resize=\"callbacks.setButtonStyles\" src=\"https:\/\/loudavymkrokem.cz\/wp-content\/uploads\/2026\/08\/bulharsko-research-plaze-bulharsko-04.jpg\" alt=\"Plaj\u0103 s\u0103lbatic\u0103 \u00een rezerva\u021bia Ropotamo\" class=\"wp-image-404189\" title=\"\" srcset=\"https:\/\/loudavymkrokem.cz\/wp-content\/uploads\/2026\/08\/bulharsko-research-plaze-bulharsko-04.jpg 1800w, https:\/\/loudavymkrokem.cz\/wp-content\/uploads\/2026\/08\/bulharsko-research-plaze-bulharsko-04-300x208.jpg 300w, https:\/\/loudavymkrokem.cz\/wp-content\/uploads\/2026\/08\/bulharsko-research-plaze-bulharsko-04-700x485.jpg 700w, https:\/\/loudavymkrokem.cz\/wp-content\/uploads\/2026\/08\/bulharsko-research-plaze-bulharsko-04-768x532.jpg 768w, https:\/\/loudavymkrokem.cz\/wp-content\/uploads\/2026\/08\/bulharsko-research-plaze-bulharsko-04-1536x1065.jpg 1536w, https:\/\/loudavymkrokem.cz\/wp-content\/uploads\/2026\/08\/bulharsko-research-plaze-bulharsko-04-696x483.jpg 696w, https:\/\/loudavymkrokem.cz\/wp-content\/uploads\/2026\/08\/bulharsko-research-plaze-bulharsko-04-1392x965.jpg 1392w\" sizes=\"(max-width: 1800px) 100vw, 1800px\" \/><button\n\t\t\tclass=\"lightbox-trigger\"\n\t\t\ttype=\"button\"\n\t\t\taria-haspopup=\"dialog\"\n\t\t\tdata-wp-bind--aria-label=\"state.thisImage.triggerButtonAriaLabel\"\n\t\t\tdata-wp-init=\"callbacks.initTriggerButton\"\n\t\t\tdata-wp-on--click=\"actions.showLightbox\"\n\t\t\tdata-wp-style--right=\"state.thisImage.buttonRight\"\n\t\t\tdata-wp-style--top=\"state.thisImage.buttonTop\"\n\t\t>\n\t\t\t<svg xmlns=\"http:\/\/www.w3.org\/2000\/svg\" width=\"12\" height=\"12\" fill=\"none\" viewBox=\"0 0 12 12\">\n\t\t\t\t<path fill=\"#fff\" d=\"M2 0a2 2 0 0 0-2 2v2h1.5V2a.5.5 0 0 1 .5-.5h2V0H2Zm2 10.5H2a.5.5 0 0 1-.5-.5V8H0v2a2 2 0 0 0 2 2h2v-1.5ZM8 12v-1.5h2a.5.5 0 0 0 .5-.5V8H12v2a2 2 0 0 1-2 2H8Zm2-12a2 2 0 0 1 2 2v2h-1.5V2a.5.5 0 0 0-.5-.5H8V0h2Z\" \/>\n\t\t\t<\/svg>\n\t\t<\/button><figcaption class=\"wp-element-caption\">Foto: Sinkuchi \/ Wikimedia Commons (CC BY-SA 4.0)<\/figcaption><\/figure>\n\n\n\n<h2 class=\"wp-block-heading\"><span class=\"ez-toc-section\" id=\"Sudul_salbatic_plaje_salbatice_din_Bulgaria_unde_vin_bulgarii_insisi\"><\/span>Sudul s\u0103lbatic: plaje salbatice din Bulgaria unde vin bulgarii \u00een\u0219i\u0219i<span class=\"ez-toc-section-end\"><\/span><\/h2>\n\n\n\n<p class=\"wp-block-paragraph\">Dac\u0103 te-ai plictisit de \u0219irurile de umbrele \u0219i de bubuitul discotecilor, <strong>litoralul sudic de dincolo de Burgas<\/strong> e exact ce cau\u021bi. Aici g\u0103se\u0219ti <strong>golfuri s\u0103lbatice minunate<\/strong>, unde natura nu a c\u0103zut \u00eenc\u0103 victim\u0103 turismului de mas\u0103. E fix acea parte a \u021b\u0103rii unde localnicii \u00een\u0219i\u0219i dispar la sf\u00e2r\u0219it de s\u0103pt\u0103m\u00e2n\u0103, ca s\u0103 se relaxeze l\u00e2ng\u0103 apa cristalin\u0103.<\/p>\n\n\n\n<p class=\"wp-block-paragraph\">\u021aine \u00eens\u0103 cont c\u0103 pentru romantism <strong>pl\u0103te\u0219ti cu absen\u021ba luxului<\/strong>. Spre multe golfuri duce doar un drum de p\u0103m\u00e2nt, nu g\u0103se\u0219ti toalete cu ap\u0103 \u0219i gustarea trebuie s\u0103 \u021bi-o aduci \u00een rucsac. \u00cen schimb, r\u0103splata va fi <strong>o lini\u0219te absolut\u0103<\/strong> \u0219i peisaje pe care nu le vei asocia deloc cu Bulgaria clasic\u0103.<\/p>\n\n\n\n<figure data-wp-context=\"{&quot;imageId&quot;:&quot;6a9c3a7060fad&quot;}\" data-wp-interactive=\"core\/image\" data-wp-key=\"6a9c3a7060fad\" class=\"wp-block-image size-full wp-lightbox-container\"><img decoding=\"async\" width=\"1800\" height=\"1063\" data-wp-class--hide=\"state.isContentHidden\" data-wp-class--show=\"state.isContentVisible\" data-wp-init=\"callbacks.setButtonStyles\" data-wp-on--click=\"actions.showLightbox\" data-wp-on--load=\"callbacks.setButtonStyles\" data-wp-on--pointerdown=\"actions.preloadImage\" data-wp-on--pointerenter=\"actions.preloadImageWithDelay\" data-wp-on--pointerleave=\"actions.cancelPreload\" data-wp-on-window--resize=\"callbacks.setButtonStyles\" src=\"https:\/\/loudavymkrokem.cz\/wp-content\/uploads\/2026\/08\/bulharsko-research-plaze-bulharsko-05.jpg\" alt=\"Plaja Silistar aproape de grani\u021ba cu Turcia\" class=\"wp-image-404190\" title=\"\" srcset=\"https:\/\/loudavymkrokem.cz\/wp-content\/uploads\/2026\/08\/bulharsko-research-plaze-bulharsko-05.jpg 1800w, https:\/\/loudavymkrokem.cz\/wp-content\/uploads\/2026\/08\/bulharsko-research-plaze-bulharsko-05-300x177.jpg 300w, https:\/\/loudavymkrokem.cz\/wp-content\/uploads\/2026\/08\/bulharsko-research-plaze-bulharsko-05-700x413.jpg 700w, https:\/\/loudavymkrokem.cz\/wp-content\/uploads\/2026\/08\/bulharsko-research-plaze-bulharsko-05-768x454.jpg 768w, https:\/\/loudavymkrokem.cz\/wp-content\/uploads\/2026\/08\/bulharsko-research-plaze-bulharsko-05-1536x907.jpg 1536w, https:\/\/loudavymkrokem.cz\/wp-content\/uploads\/2026\/08\/bulharsko-research-plaze-bulharsko-05-696x411.jpg 696w, https:\/\/loudavymkrokem.cz\/wp-content\/uploads\/2026\/08\/bulharsko-research-plaze-bulharsko-05-1392x822.jpg 1392w\" sizes=\"(max-width: 1800px) 100vw, 1800px\" \/><button\n\t\t\tclass=\"lightbox-trigger\"\n\t\t\ttype=\"button\"\n\t\t\taria-haspopup=\"dialog\"\n\t\t\tdata-wp-bind--aria-label=\"state.thisImage.triggerButtonAriaLabel\"\n\t\t\tdata-wp-init=\"callbacks.initTriggerButton\"\n\t\t\tdata-wp-on--click=\"actions.showLightbox\"\n\t\t\tdata-wp-style--right=\"state.thisImage.buttonRight\"\n\t\t\tdata-wp-style--top=\"state.thisImage.buttonTop\"\n\t\t>\n\t\t\t<svg xmlns=\"http:\/\/www.w3.org\/2000\/svg\" width=\"12\" height=\"12\" fill=\"none\" viewBox=\"0 0 12 12\">\n\t\t\t\t<path fill=\"#fff\" d=\"M2 0a2 2 0 0 0-2 2v2h1.5V2a.5.5 0 0 1 .5-.5h2V0H2Zm2 10.5H2a.5.5 0 0 1-.5-.5V8H0v2a2 2 0 0 0 2 2h2v-1.5ZM8 12v-1.5h2a.5.5 0 0 0 .5-.5V8H12v2a2 2 0 0 1-2 2H8Zm2-12a2 2 0 0 1 2 2v2h-1.5V2a.5.5 0 0 0-.5-.5H8V0h2Z\" \/>\n\t\t\t<\/svg>\n\t\t<\/button><figcaption class=\"wp-element-caption\">Foto: Pudelek (Marcin Szala) \/ Wikimedia Commons, CC BY-SA 3.0<\/figcaption><\/figure>\n\n\n\n<h3 class=\"wp-block-heading\"><span class=\"ez-toc-section\" id=\"1_Silistar\"><\/span>1. Silistar<span class=\"ez-toc-section-end\"><\/span><\/h3>\n\n\n\n<p class=\"wp-block-paragraph\">Golful Silistar se afl\u0103 la doar o mic\u0103 distan\u021b\u0103 de grani\u021ba cu Turcia, iar presa bulgar\u0103 \u00eel nume\u0219te adesea <strong>cel mai frumos golf natural de pe tot litoralul<\/strong>. Plaja are aproape un kilometru lungime, o l\u0103\u021bime de circa 70 de metri \u0219i nu g\u0103se\u0219ti aici nicio construc\u021bie hotelier\u0103. La dispozi\u021bie sunt doar mici puncte de v\u00e2nzare a b\u0103uturilor \u0219i eco-toalete sus, l\u00e2ng\u0103 parcare.<\/p>\n\n\n\n<p class=\"wp-block-paragraph\">Drumul p\u00e2n\u0103 aici e o mic\u0103 aventur\u0103, pentru c\u0103 de pe \u0219oseaua spre Rezovo trebuie s\u0103 faci la st\u00e2nga pe un drum forestier de aproximativ un kilometru. Potrivit c\u0103l\u0103torilor, e totu\u0219i <strong>practicabil \u0219i cu o ma\u0219in\u0103 obi\u0219nuit\u0103<\/strong>. Parcarea \u00een sine e o loterie anual\u0103. \u00cen timp ce \u00een 2025 accesul a fost pentru prima dat\u0103 complet gratuit, pentru anul acesta situa\u021bia nu e sigur\u0103, a\u0219a c\u0103 e mai bine s\u0103 te a\u0219tep\u021bi la o tax\u0103 de circa 2 \u20ac (cca 10 lei).<\/p>\n\n\n\n<p class=\"wp-block-paragraph\">Plaja se \u00eemparte \u00een dou\u0103 p\u0103r\u021bi. Sectorul nordic \u0219i cel central ofer\u0103 o zon\u0103 cu plat\u0103 cu umbrele, \u00een timp ce <strong>zona liber\u0103 \u00eentins\u0103 se afl\u0103 tocmai la cap\u0103tul sudic<\/strong>. Este totodat\u0103 cea mai sudic\u0103 plaj\u0103 supravegheat\u0103 din Bulgaria. Dac\u0103 vii aici, nu uita s\u0103-\u021bi aduci propria umbrel\u0103, pentru c\u0103 umbra natural\u0103 practic nu exist\u0103 aici \u00een timpul zilei.<\/p>\n\n\n\n<figure data-wp-context=\"{&quot;imageId&quot;:&quot;6a9c3a7061670&quot;}\" data-wp-interactive=\"core\/image\" data-wp-key=\"6a9c3a7061670\" class=\"wp-block-image size-full wp-lightbox-container\"><img decoding=\"async\" width=\"1800\" height=\"1207\" data-wp-class--hide=\"state.isContentHidden\" data-wp-class--show=\"state.isContentVisible\" data-wp-init=\"callbacks.setButtonStyles\" data-wp-on--click=\"actions.showLightbox\" data-wp-on--load=\"callbacks.setButtonStyles\" data-wp-on--pointerdown=\"actions.preloadImage\" data-wp-on--pointerenter=\"actions.preloadImageWithDelay\" data-wp-on--pointerleave=\"actions.cancelPreload\" data-wp-on-window--resize=\"callbacks.setButtonStyles\" src=\"https:\/\/loudavymkrokem.cz\/wp-content\/uploads\/2026\/08\/bulharsko-research-plaze-bulharsko-06.jpg\" alt=\"Gura r\u00e2ului Veleka l\u00e2ng\u0103 Sinemorets\" class=\"wp-image-404193\" title=\"\" srcset=\"https:\/\/loudavymkrokem.cz\/wp-content\/uploads\/2026\/08\/bulharsko-research-plaze-bulharsko-06.jpg 1800w, https:\/\/loudavymkrokem.cz\/wp-content\/uploads\/2026\/08\/bulharsko-research-plaze-bulharsko-06-300x201.jpg 300w, https:\/\/loudavymkrokem.cz\/wp-content\/uploads\/2026\/08\/bulharsko-research-plaze-bulharsko-06-700x469.jpg 700w, https:\/\/loudavymkrokem.cz\/wp-content\/uploads\/2026\/08\/bulharsko-research-plaze-bulharsko-06-768x515.jpg 768w, https:\/\/loudavymkrokem.cz\/wp-content\/uploads\/2026\/08\/bulharsko-research-plaze-bulharsko-06-1536x1030.jpg 1536w, https:\/\/loudavymkrokem.cz\/wp-content\/uploads\/2026\/08\/bulharsko-research-plaze-bulharsko-06-696x467.jpg 696w, https:\/\/loudavymkrokem.cz\/wp-content\/uploads\/2026\/08\/bulharsko-research-plaze-bulharsko-06-1392x933.jpg 1392w\" sizes=\"(max-width: 1800px) 100vw, 1800px\" \/><button\n\t\t\tclass=\"lightbox-trigger\"\n\t\t\ttype=\"button\"\n\t\t\taria-haspopup=\"dialog\"\n\t\t\tdata-wp-bind--aria-label=\"state.thisImage.triggerButtonAriaLabel\"\n\t\t\tdata-wp-init=\"callbacks.initTriggerButton\"\n\t\t\tdata-wp-on--click=\"actions.showLightbox\"\n\t\t\tdata-wp-style--right=\"state.thisImage.buttonRight\"\n\t\t\tdata-wp-style--top=\"state.thisImage.buttonTop\"\n\t\t>\n\t\t\t<svg xmlns=\"http:\/\/www.w3.org\/2000\/svg\" width=\"12\" height=\"12\" fill=\"none\" viewBox=\"0 0 12 12\">\n\t\t\t\t<path fill=\"#fff\" d=\"M2 0a2 2 0 0 0-2 2v2h1.5V2a.5.5 0 0 1 .5-.5h2V0H2Zm2 10.5H2a.5.5 0 0 1-.5-.5V8H0v2a2 2 0 0 0 2 2h2v-1.5ZM8 12v-1.5h2a.5.5 0 0 0 .5-.5V8H12v2a2 2 0 0 1-2 2H8Zm2-12a2 2 0 0 1 2 2v2h-1.5V2a.5.5 0 0 0-.5-.5H8V0h2Z\" \/>\n\t\t\t<\/svg>\n\t\t<\/button><figcaption class=\"wp-element-caption\">Foto (prelucrat): Pudelek (Marcin Szala) \/ Wikimedia Commons, CC BY-SA 3.0<\/figcaption><\/figure>\n\n\n\n<h3 class=\"wp-block-heading\"><span class=\"ez-toc-section\" id=\"2_Veleka_Sinemorets\"><\/span>2. Veleka (Sinemorets)<span class=\"ez-toc-section-end\"><\/span><\/h3>\n\n\n\n<p class=\"wp-block-paragraph\">Locul acesta \u00eel cuno\u0219ti din multe fotografii promo\u021bionale. R\u00e2ul Veleka se vars\u0103 aici \u00een mare printr-o limb\u0103 \u00eengust\u0103 de nisip \u0219i creeaz\u0103 o <strong>priveli\u0219te absolut iconic\u0103, pe care nu o vei vedea nic\u0103ieri altundeva \u00een \u021bar\u0103<\/strong>. \u00cen plus, accesul e foarte u\u0219or. Din centrul sta\u021biunii Sinemorets ajungi aici pe jos \u00een c\u00e2teva minute, iar chiar deasupra plajei se afl\u0103 o parcare spa\u021bioas\u0103.<\/p>\n\n\n\n<p class=\"wp-block-paragraph\">Baia ofer\u0103 aici o experien\u021b\u0103 unic\u0103, pentru c\u0103 po\u021bi alterna apa s\u0103rat\u0103 a m\u0103rii cu apa dulce \u0219i mai rece a r\u00e2ului. Localnicii recomand\u0103 s\u0103 <strong>\u00eenchiriezi chiar pe plaj\u0103 un caiac sau un paddleboard<\/strong> \u0219i s\u0103 porne\u0219ti \u00eentr-o plimbare lini\u0219tit\u0103 \u00eempotriva curentului r\u00e2ului, unde te vor \u00eenconjura p\u0103duri verzi \u0219i dese. Pe plaj\u0103 func\u021bioneaz\u0103 at\u00e2t salvamari, c\u00e2t \u0219i un centru de \u00eenchiriere a pl\u0103cilor de surf.<\/p>\n\n\n\n<p class=\"wp-block-paragraph\">Trebuie \u00eens\u0103 s\u0103 fii foarte atent la intrarea \u00een mare. Golful este <strong>ad\u00e2nc chiar de la mal<\/strong>. Ajunge s\u0103 faci doi pa\u0219i \u0219i fundul dispare, a\u0219a c\u0103, dac\u0103 ai copii mici, mai bine evit\u0103 partea maritim\u0103 \u0219i folose\u0219te r\u00e2ul mai lini\u0219tit. Seara apar aici, din cauza apropierii de r\u00e2u, mul\u021bi \u021b\u00e2n\u021bari, a\u0219a c\u0103 repelentul e o necesitate.<\/p>\n\n\n\n<figure data-wp-context=\"{&quot;imageId&quot;:&quot;6a9c3a7061b98&quot;}\" data-wp-interactive=\"core\/image\" data-wp-key=\"6a9c3a7061b98\" class=\"wp-block-image size-full wp-lightbox-container\"><img decoding=\"async\" width=\"1800\" height=\"687\" data-wp-class--hide=\"state.isContentHidden\" data-wp-class--show=\"state.isContentVisible\" data-wp-init=\"callbacks.setButtonStyles\" data-wp-on--click=\"actions.showLightbox\" data-wp-on--load=\"callbacks.setButtonStyles\" data-wp-on--pointerdown=\"actions.preloadImage\" data-wp-on--pointerenter=\"actions.preloadImageWithDelay\" data-wp-on--pointerleave=\"actions.cancelPreload\" data-wp-on-window--resize=\"callbacks.setButtonStyles\" src=\"https:\/\/loudavymkrokem.cz\/wp-content\/uploads\/2026\/08\/bulharsko-research-plaze-bulharsko-07.jpg\" alt=\"Plaja Butamyata l\u00e2ng\u0103 Sinemorets\" class=\"wp-image-404194\" title=\"\" srcset=\"https:\/\/loudavymkrokem.cz\/wp-content\/uploads\/2026\/08\/bulharsko-research-plaze-bulharsko-07.jpg 1800w, https:\/\/loudavymkrokem.cz\/wp-content\/uploads\/2026\/08\/bulharsko-research-plaze-bulharsko-07-300x115.jpg 300w, https:\/\/loudavymkrokem.cz\/wp-content\/uploads\/2026\/08\/bulharsko-research-plaze-bulharsko-07-700x267.jpg 700w, https:\/\/loudavymkrokem.cz\/wp-content\/uploads\/2026\/08\/bulharsko-research-plaze-bulharsko-07-768x293.jpg 768w, https:\/\/loudavymkrokem.cz\/wp-content\/uploads\/2026\/08\/bulharsko-research-plaze-bulharsko-07-1536x586.jpg 1536w, https:\/\/loudavymkrokem.cz\/wp-content\/uploads\/2026\/08\/bulharsko-research-plaze-bulharsko-07-696x266.jpg 696w, https:\/\/loudavymkrokem.cz\/wp-content\/uploads\/2026\/08\/bulharsko-research-plaze-bulharsko-07-1392x531.jpg 1392w\" sizes=\"(max-width: 1800px) 100vw, 1800px\" \/><button\n\t\t\tclass=\"lightbox-trigger\"\n\t\t\ttype=\"button\"\n\t\t\taria-haspopup=\"dialog\"\n\t\t\tdata-wp-bind--aria-label=\"state.thisImage.triggerButtonAriaLabel\"\n\t\t\tdata-wp-init=\"callbacks.initTriggerButton\"\n\t\t\tdata-wp-on--click=\"actions.showLightbox\"\n\t\t\tdata-wp-style--right=\"state.thisImage.buttonRight\"\n\t\t\tdata-wp-style--top=\"state.thisImage.buttonTop\"\n\t\t>\n\t\t\t<svg xmlns=\"http:\/\/www.w3.org\/2000\/svg\" width=\"12\" height=\"12\" fill=\"none\" viewBox=\"0 0 12 12\">\n\t\t\t\t<path fill=\"#fff\" d=\"M2 0a2 2 0 0 0-2 2v2h1.5V2a.5.5 0 0 1 .5-.5h2V0H2Zm2 10.5H2a.5.5 0 0 1-.5-.5V8H0v2a2 2 0 0 0 2 2h2v-1.5ZM8 12v-1.5h2a.5.5 0 0 0 .5-.5V8H12v2a2 2 0 0 1-2 2H8Zm2-12a2 2 0 0 1 2 2v2h-1.5V2a.5.5 0 0 0-.5-.5H8V0h2Z\" \/>\n\t\t\t<\/svg>\n\t\t<\/button><figcaption class=\"wp-element-caption\">Foto: Pudelek (Marcin Szala) \/ Wikimedia Commons (CC BY-SA 3.0)<\/figcaption><\/figure>\n\n\n\n<h3 class=\"wp-block-heading\"><span class=\"ez-toc-section\" id=\"3_Butamyata\"><\/span>3. Butamyata<span class=\"ez-toc-section-end\"><\/span><\/h3>\n\n\n\n<p class=\"wp-block-paragraph\">Chiar \u00een vecin\u0103tatea s\u0103lbaticei Veleka g\u0103se\u0219ti golful Butamyata, care reprezint\u0103 fa\u021ba mai civilizat\u0103 a sta\u021biunii Sinemorets. E un golf mai mic, acoperit cu <strong>un nisip auriu superb<\/strong>, protejat din dou\u0103 p\u0103r\u021bi de faleze. Anul acesta se poate l\u0103uda, \u00een plus, cu prestigioasa distinc\u021bie Steag Albastru pentru cur\u0103\u021benia apei \u0219i serviciile perfecte.<\/p>\n\n\n\n<p class=\"wp-block-paragraph\">Spre deosebire de Veleka, aici g\u0103se\u0219ti toate facilit\u0103\u021bile de plaj\u0103. La dispozi\u021bie sunt zone cu plat\u0103 cu \u0219ezlonguri \u0219i umbrele, du\u0219uri, cabine de schimb \u0219i c\u00e2teva baruri de plaj\u0103. Dac\u0103 \u021bi se face foame, \u00een cr\u00e2\u0219mele locale comand\u0103 neap\u0103rat <strong>o taratur\u0103 r\u0103coritoare, o clasic\u0103 salat\u0103 \u0219opska sau o bani\u021ba tradi\u021bional\u0103<\/strong>.<\/p>\n\n\n\n<p class=\"wp-block-paragraph\">Butamyata e alegerea ideal\u0103 pentru cei care vor s\u0103-\u0219i petreac\u0103 vacan\u021ba \u00een sud, dar \u00een acela\u0219i timp <strong>au nevoie de confort \u0219i de facilit\u0103\u021bi sigure<\/strong>. Intrarea \u00een ap\u0103 e ceva mai lin\u0103 dec\u00e2t pe plaja vecin\u0103, dar \u00een august trebuie s\u0103 fii atent \u0219i aici la curen\u021bii marini \u00een\u0219el\u0103tori. Din fericire, salvamarii sunt de paz\u0103 aici pe tot parcursul sezonului.<\/p>\n\n\n\n<figure data-wp-context=\"{&quot;imageId&quot;:&quot;6a9c3a70621c4&quot;}\" data-wp-interactive=\"core\/image\" data-wp-key=\"6a9c3a70621c4\" class=\"wp-block-image size-full wp-lightbox-container\"><img decoding=\"async\" width=\"1800\" height=\"1350\" data-wp-class--hide=\"state.isContentHidden\" data-wp-class--show=\"state.isContentVisible\" data-wp-init=\"callbacks.setButtonStyles\" data-wp-on--click=\"actions.showLightbox\" data-wp-on--load=\"callbacks.setButtonStyles\" data-wp-on--pointerdown=\"actions.preloadImage\" data-wp-on--pointerenter=\"actions.preloadImageWithDelay\" data-wp-on--pointerleave=\"actions.cancelPreload\" data-wp-on-window--resize=\"callbacks.setButtonStyles\" src=\"https:\/\/loudavymkrokem.cz\/wp-content\/uploads\/2026\/08\/bulharsko-research-plaze-bulharsko-08.jpg\" alt=\"Dune de nisip pe plaja Arkutino\" class=\"wp-image-404195\" title=\"\" srcset=\"https:\/\/loudavymkrokem.cz\/wp-content\/uploads\/2026\/08\/bulharsko-research-plaze-bulharsko-08.jpg 1800w, https:\/\/loudavymkrokem.cz\/wp-content\/uploads\/2026\/08\/bulharsko-research-plaze-bulharsko-08-300x225.jpg 300w, https:\/\/loudavymkrokem.cz\/wp-content\/uploads\/2026\/08\/bulharsko-research-plaze-bulharsko-08-700x525.jpg 700w, https:\/\/loudavymkrokem.cz\/wp-content\/uploads\/2026\/08\/bulharsko-research-plaze-bulharsko-08-768x576.jpg 768w, https:\/\/loudavymkrokem.cz\/wp-content\/uploads\/2026\/08\/bulharsko-research-plaze-bulharsko-08-1536x1152.jpg 1536w, https:\/\/loudavymkrokem.cz\/wp-content\/uploads\/2026\/08\/bulharsko-research-plaze-bulharsko-08-80x60.jpg 80w, https:\/\/loudavymkrokem.cz\/wp-content\/uploads\/2026\/08\/bulharsko-research-plaze-bulharsko-08-160x120.jpg 160w, https:\/\/loudavymkrokem.cz\/wp-content\/uploads\/2026\/08\/bulharsko-research-plaze-bulharsko-08-696x522.jpg 696w, https:\/\/loudavymkrokem.cz\/wp-content\/uploads\/2026\/08\/bulharsko-research-plaze-bulharsko-08-1392x1044.jpg 1392w\" sizes=\"(max-width: 1800px) 100vw, 1800px\" \/><button\n\t\t\tclass=\"lightbox-trigger\"\n\t\t\ttype=\"button\"\n\t\t\taria-haspopup=\"dialog\"\n\t\t\tdata-wp-bind--aria-label=\"state.thisImage.triggerButtonAriaLabel\"\n\t\t\tdata-wp-init=\"callbacks.initTriggerButton\"\n\t\t\tdata-wp-on--click=\"actions.showLightbox\"\n\t\t\tdata-wp-style--right=\"state.thisImage.buttonRight\"\n\t\t\tdata-wp-style--top=\"state.thisImage.buttonTop\"\n\t\t>\n\t\t\t<svg xmlns=\"http:\/\/www.w3.org\/2000\/svg\" width=\"12\" height=\"12\" fill=\"none\" viewBox=\"0 0 12 12\">\n\t\t\t\t<path fill=\"#fff\" d=\"M2 0a2 2 0 0 0-2 2v2h1.5V2a.5.5 0 0 1 .5-.5h2V0H2Zm2 10.5H2a.5.5 0 0 1-.5-.5V8H0v2a2 2 0 0 0 2 2h2v-1.5ZM8 12v-1.5h2a.5.5 0 0 0 .5-.5V8H12v2a2 2 0 0 1-2 2H8Zm2-12a2 2 0 0 1 2 2v2h-1.5V2a.5.5 0 0 0-.5-.5H8V0h2Z\" \/>\n\t\t\t<\/svg>\n\t\t<\/button><figcaption class=\"wp-element-caption\">Foto: Delysia v \/ Wikimedia Commons (CC BY-SA 4.0)<\/figcaption><\/figure>\n\n\n\n<h3 class=\"wp-block-heading\"><span class=\"ez-toc-section\" id=\"4_Arkutino\"><\/span>4. Arkutino<span class=\"ez-toc-section-end\"><\/span><\/h3>\n\n\n\n<p class=\"wp-block-paragraph\">Arkutino se afl\u0103 \u00eentre sta\u021biunile Sozopol \u0219i Primorsko, chiar pe teritoriul rezerva\u021biei naturale Ropotamo. Presa bulgar\u0103 o nume\u0219te adesea <strong>cea mai romantic\u0103 plaj\u0103 din \u00eentreaga \u021bar\u0103<\/strong>. Nu g\u0103se\u0219ti aici hoteluri uria\u0219e, ci doar dune de nisip nesf\u00e2r\u0219ite \u0219i o priveli\u0219te fantastic\u0103 asupra apropiatei Insule a \u0218erpilor.<\/p>\n\n\n\n<p class=\"wp-block-paragraph\">Cel mai mare unicat al acestei plaje este flora local\u0103. Chiar \u00een dunele de nisip cre\u0219te <strong>crinul de mare protejat<\/strong>, care e \u00eenscris \u00een Cartea Ro\u0219ie a Bulgariei \u0219i \u00eenflore\u0219te p\u00e2n\u0103 la \u00eenceputul lunii septembrie. Pentru protejarea naturii, spre mare duce doar o pasarel\u0103 \u00eengust\u0103 de lemn, care \u00eei ghideaz\u0103 pe vizitatori astfel \u00eenc\u00e2t s\u0103 nu calce \u00een picioare plantele rare.<\/p>\n\n\n\n<p class=\"wp-block-paragraph\">\u00cen ciuda caracterului s\u0103u natural, Arkutino are Steag Albastru \u00een 2026. Aici g\u0103se\u0219ti o zon\u0103 cu plat\u0103 mai mic\u0103, dar cea mai mare parte a plajei r\u0103m\u00e2ne liber\u0103. Este <strong>un refugiu ideal pentru c\u0103ut\u0103torii de lini\u0219te absolut\u0103<\/strong>, care se bucur\u0103 de plimb\u0103ri lungi pe nisipul moale, departe de discotecile g\u0103l\u0103gioase.<\/p>\n\n\n\n<figure data-wp-context=\"{&quot;imageId&quot;:&quot;6a9c3a7062776&quot;}\" data-wp-interactive=\"core\/image\" data-wp-key=\"6a9c3a7062776\" class=\"wp-block-image size-full wp-lightbox-container\"><img decoding=\"async\" width=\"1800\" height=\"1350\" data-wp-class--hide=\"state.isContentHidden\" data-wp-class--show=\"state.isContentVisible\" data-wp-init=\"callbacks.setButtonStyles\" data-wp-on--click=\"actions.showLightbox\" data-wp-on--load=\"callbacks.setButtonStyles\" data-wp-on--pointerdown=\"actions.preloadImage\" data-wp-on--pointerenter=\"actions.preloadImageWithDelay\" data-wp-on--pointerleave=\"actions.cancelPreload\" data-wp-on-window--resize=\"callbacks.setButtonStyles\" src=\"https:\/\/loudavymkrokem.cz\/wp-content\/uploads\/2026\/08\/bulharsko-research-plaze-bulharsko-09.jpg\" alt=\"Plaja lat\u0103 Koral \u00eentre Lozenets \u0219i Ahtopol\" class=\"wp-image-404198\" title=\"\" srcset=\"https:\/\/loudavymkrokem.cz\/wp-content\/uploads\/2026\/08\/bulharsko-research-plaze-bulharsko-09.jpg 1800w, https:\/\/loudavymkrokem.cz\/wp-content\/uploads\/2026\/08\/bulharsko-research-plaze-bulharsko-09-300x225.jpg 300w, https:\/\/loudavymkrokem.cz\/wp-content\/uploads\/2026\/08\/bulharsko-research-plaze-bulharsko-09-700x525.jpg 700w, https:\/\/loudavymkrokem.cz\/wp-content\/uploads\/2026\/08\/bulharsko-research-plaze-bulharsko-09-768x576.jpg 768w, https:\/\/loudavymkrokem.cz\/wp-content\/uploads\/2026\/08\/bulharsko-research-plaze-bulharsko-09-1536x1152.jpg 1536w, https:\/\/loudavymkrokem.cz\/wp-content\/uploads\/2026\/08\/bulharsko-research-plaze-bulharsko-09-80x60.jpg 80w, https:\/\/loudavymkrokem.cz\/wp-content\/uploads\/2026\/08\/bulharsko-research-plaze-bulharsko-09-160x120.jpg 160w, https:\/\/loudavymkrokem.cz\/wp-content\/uploads\/2026\/08\/bulharsko-research-plaze-bulharsko-09-696x522.jpg 696w, https:\/\/loudavymkrokem.cz\/wp-content\/uploads\/2026\/08\/bulharsko-research-plaze-bulharsko-09-1392x1044.jpg 1392w\" sizes=\"(max-width: 1800px) 100vw, 1800px\" \/><button\n\t\t\tclass=\"lightbox-trigger\"\n\t\t\ttype=\"button\"\n\t\t\taria-haspopup=\"dialog\"\n\t\t\tdata-wp-bind--aria-label=\"state.thisImage.triggerButtonAriaLabel\"\n\t\t\tdata-wp-init=\"callbacks.initTriggerButton\"\n\t\t\tdata-wp-on--click=\"actions.showLightbox\"\n\t\t\tdata-wp-style--right=\"state.thisImage.buttonRight\"\n\t\t\tdata-wp-style--top=\"state.thisImage.buttonTop\"\n\t\t>\n\t\t\t<svg xmlns=\"http:\/\/www.w3.org\/2000\/svg\" width=\"12\" height=\"12\" fill=\"none\" viewBox=\"0 0 12 12\">\n\t\t\t\t<path fill=\"#fff\" d=\"M2 0a2 2 0 0 0-2 2v2h1.5V2a.5.5 0 0 1 .5-.5h2V0H2Zm2 10.5H2a.5.5 0 0 1-.5-.5V8H0v2a2 2 0 0 0 2 2h2v-1.5ZM8 12v-1.5h2a.5.5 0 0 0 .5-.5V8H12v2a2 2 0 0 1-2 2H8Zm2-12a2 2 0 0 1 2 2v2h-1.5V2a.5.5 0 0 0-.5-.5H8V0h2Z\" \/>\n\t\t\t<\/svg>\n\t\t<\/button><figcaption class=\"wp-element-caption\">Foto: Svilen Enev \/ Wikimedia Commons, CC BY-SA 3.0<\/figcaption><\/figure>\n\n\n\n<h3 class=\"wp-block-heading\"><span class=\"ez-toc-section\" id=\"5_Koral\"><\/span>5. Koral<span class=\"ez-toc-section-end\"><\/span><\/h3>\n\n\n\n<p class=\"wp-block-paragraph\">Plaja Koral se afl\u0103 \u00eentre sta\u021biunile Lozenets \u0219i Ahtopol \u0219i, pentru mul\u021bi localnici, reprezint\u0103 <strong>simbolul unei b\u0103t\u0103lii c\u00e2\u0219tigate pentru natura curat\u0103<\/strong>. Activi\u0219tilor de mediu le-a reu\u0219it aici s\u0103 opreasc\u0103 planurile de construc\u021bie a unei mari sta\u021biuni din beton. Datorit\u0103 acestui fapt, plaja, care cu o l\u0103\u021bime de p\u00e2n\u0103 la 377 de metri este una dintre cele mai late din \u021bar\u0103, \u0219i-a p\u0103strat caracterul s\u0103lbatic.<\/p>\n\n\n\n<p class=\"wp-block-paragraph\">Aceast\u0103 zon\u0103 este renumit\u0103 pentru condi\u021biile excelente de sporturi nautice. C\u0103l\u0103torii laud\u0103 plaja Koral ca fiind <strong>unul dintre cele mai bune spoturi pentru kitesurfing \u0219i windsurfing<\/strong> de pe litoralul sudic. Dac\u0103 e\u0219ti \u00eencep\u0103tor la aceste sporturi, s\u0103 \u0219tii c\u0103 Bulgaria nu e, \u00een general, o destina\u021bie extrem de v\u00e2ntoas\u0103. Cele mai bune condi\u021bii sunt prim\u0103vara \u0219i toamna, iar vara te bazezi mai degrab\u0103 pe briza de dup\u0103-amiaz\u0103.<\/p>\n\n\n\n<p class=\"wp-block-paragraph\">Din 2026 a avut loc aici o schimbare esen\u021bial\u0103 pentru iubitorii de camping. Comuna Tsarevo a \u00eenfiin\u021bat aici <strong>o zon\u0103 legal\u0103 \u0219i oficial\u0103 pentru corturi<\/strong>, \u00eencerc\u00e2nd astfel s\u0103 reglementeze \u00eennopt\u0103rile haotice de alt\u0103dat\u0103 din dune. \u021aine \u00eens\u0103 cont c\u0103 aici nu duce niciun drum asfaltat \u0219i c\u0103 toate facilit\u0103\u021bile trebuie s\u0103 \u021bi le aduci cu tine.<\/p>\n\n\n\n<figure data-wp-context=\"{&quot;imageId&quot;:&quot;6a9c3a7062e21&quot;}\" data-wp-interactive=\"core\/image\" data-wp-key=\"6a9c3a7062e21\" class=\"wp-block-image size-full wp-lightbox-container\"><img decoding=\"async\" width=\"1800\" height=\"1350\" data-wp-class--hide=\"state.isContentHidden\" data-wp-class--show=\"state.isContentVisible\" data-wp-init=\"callbacks.setButtonStyles\" data-wp-on--click=\"actions.showLightbox\" data-wp-on--load=\"callbacks.setButtonStyles\" data-wp-on--pointerdown=\"actions.preloadImage\" data-wp-on--pointerenter=\"actions.preloadImageWithDelay\" data-wp-on--pointerleave=\"actions.cancelPreload\" data-wp-on-window--resize=\"callbacks.setButtonStyles\" src=\"https:\/\/loudavymkrokem.cz\/wp-content\/uploads\/2026\/08\/bulharsko-research-plaze-bulharsko-10.jpg\" alt=\"Plaja \u0219i laguna Alepu la sud de Sozopol\" class=\"wp-image-404201\" title=\"\" srcset=\"https:\/\/loudavymkrokem.cz\/wp-content\/uploads\/2026\/08\/bulharsko-research-plaze-bulharsko-10.jpg 1800w, https:\/\/loudavymkrokem.cz\/wp-content\/uploads\/2026\/08\/bulharsko-research-plaze-bulharsko-10-300x225.jpg 300w, https:\/\/loudavymkrokem.cz\/wp-content\/uploads\/2026\/08\/bulharsko-research-plaze-bulharsko-10-700x525.jpg 700w, https:\/\/loudavymkrokem.cz\/wp-content\/uploads\/2026\/08\/bulharsko-research-plaze-bulharsko-10-768x576.jpg 768w, https:\/\/loudavymkrokem.cz\/wp-content\/uploads\/2026\/08\/bulharsko-research-plaze-bulharsko-10-1536x1152.jpg 1536w, https:\/\/loudavymkrokem.cz\/wp-content\/uploads\/2026\/08\/bulharsko-research-plaze-bulharsko-10-80x60.jpg 80w, https:\/\/loudavymkrokem.cz\/wp-content\/uploads\/2026\/08\/bulharsko-research-plaze-bulharsko-10-160x120.jpg 160w, https:\/\/loudavymkrokem.cz\/wp-content\/uploads\/2026\/08\/bulharsko-research-plaze-bulharsko-10-696x522.jpg 696w, https:\/\/loudavymkrokem.cz\/wp-content\/uploads\/2026\/08\/bulharsko-research-plaze-bulharsko-10-1392x1044.jpg 1392w\" sizes=\"(max-width: 1800px) 100vw, 1800px\" \/><button\n\t\t\tclass=\"lightbox-trigger\"\n\t\t\ttype=\"button\"\n\t\t\taria-haspopup=\"dialog\"\n\t\t\tdata-wp-bind--aria-label=\"state.thisImage.triggerButtonAriaLabel\"\n\t\t\tdata-wp-init=\"callbacks.initTriggerButton\"\n\t\t\tdata-wp-on--click=\"actions.showLightbox\"\n\t\t\tdata-wp-style--right=\"state.thisImage.buttonRight\"\n\t\t\tdata-wp-style--top=\"state.thisImage.buttonTop\"\n\t\t>\n\t\t\t<svg xmlns=\"http:\/\/www.w3.org\/2000\/svg\" width=\"12\" height=\"12\" fill=\"none\" viewBox=\"0 0 12 12\">\n\t\t\t\t<path fill=\"#fff\" d=\"M2 0a2 2 0 0 0-2 2v2h1.5V2a.5.5 0 0 1 .5-.5h2V0H2Zm2 10.5H2a.5.5 0 0 1-.5-.5V8H0v2a2 2 0 0 0 2 2h2v-1.5ZM8 12v-1.5h2a.5.5 0 0 0 .5-.5V8H12v2a2 2 0 0 1-2 2H8Zm2-12a2 2 0 0 1 2 2v2h-1.5V2a.5.5 0 0 0-.5-.5H8V0h2Z\" \/>\n\t\t\t<\/svg>\n\t\t<\/button><figcaption class=\"wp-element-caption\">Foto: Footballer99 \/ Wikimedia Commons (CC BY-SA 3.0)<\/figcaption><\/figure>\n\n\n\n<h3 class=\"wp-block-heading\"><span class=\"ez-toc-section\" id=\"6_Alepu\"><\/span>6. Alepu<span class=\"ez-toc-section-end\"><\/span><\/h3>\n\n\n\n<p class=\"wp-block-paragraph\">Acestei limbi lungi de nisip aflate la sud de Sozopol localnicii \u00eei spun \u201eplaja \u0219oferilor&#8221;. Motivul e simplu: chiar de-a lungul ei trece vechea \u0219osea de coast\u0103, a\u0219a c\u0103 <strong>po\u021bi cobor\u00ee din ma\u0219in\u0103 practic direct \u00een nisip<\/strong>. E un avantaj uria\u0219 pentru cei care \u00ee\u0219i car\u0103 o mul\u021bime de echipamente la ap\u0103.<\/p>\n\n\n\n<p class=\"wp-block-paragraph\">Alepu nu este organizat\u0103 oficial, lipsesc salvamarii, centrele de \u00eenchiriere a \u0219ezlongurilor \u0219i punctele de v\u00e2nzare. O mare parte dintre vizitatori vin aici tocmai pentru aceast\u0103 lini\u0219te absolut\u0103. Zona din jurul zonelor umede adiacente este, \u00een plus, <strong>un important loc de cuib\u0103rit pentru p\u0103s\u0103ri rare<\/strong>, ceea ce atrage fotografii de natur\u0103.<\/p>\n\n\n\n<p class=\"wp-block-paragraph\">Datorit\u0103 \u00eentinderii sale uria\u0219e \u0219i absen\u021bei totale a civiliza\u021biei, Alepu func\u021bioneaz\u0103 \u0219i ca <strong>plaj\u0103 de nudism neoficial\u0103, dar tolerat\u0103<\/strong>. Naturi\u0219tii ocup\u0103 de obicei sectoarele mai izolate, spre lagun\u0103. \u021aine \u00eens\u0103 cont c\u0103 intrarea \u00een ap\u0103 e mai abrupt\u0103, iar la v\u00e2nt de nord se formeaz\u0103 aici valuri nepl\u0103cute.<\/p>\n\n\n\n<figure data-wp-context=\"{&quot;imageId&quot;:&quot;6a9c3a70633ce&quot;}\" data-wp-interactive=\"core\/image\" data-wp-key=\"6a9c3a70633ce\" class=\"wp-block-image size-full wp-lightbox-container\"><img decoding=\"async\" width=\"1800\" height=\"1207\" data-wp-class--hide=\"state.isContentHidden\" data-wp-class--show=\"state.isContentVisible\" data-wp-init=\"callbacks.setButtonStyles\" data-wp-on--click=\"actions.showLightbox\" data-wp-on--load=\"callbacks.setButtonStyles\" data-wp-on--pointerdown=\"actions.preloadImage\" data-wp-on--pointerenter=\"actions.preloadImageWithDelay\" data-wp-on--pointerleave=\"actions.cancelPreload\" data-wp-on-window--resize=\"callbacks.setButtonStyles\" src=\"https:\/\/loudavymkrokem.cz\/wp-content\/uploads\/2026\/08\/bulharsko-research-plaze-bulharsko-11.jpg\" alt=\"Rezovo la grani\u021ba bulgaro-turc\u0103\" class=\"wp-image-404202\" title=\"\" srcset=\"https:\/\/loudavymkrokem.cz\/wp-content\/uploads\/2026\/08\/bulharsko-research-plaze-bulharsko-11.jpg 1800w, https:\/\/loudavymkrokem.cz\/wp-content\/uploads\/2026\/08\/bulharsko-research-plaze-bulharsko-11-300x201.jpg 300w, https:\/\/loudavymkrokem.cz\/wp-content\/uploads\/2026\/08\/bulharsko-research-plaze-bulharsko-11-700x469.jpg 700w, https:\/\/loudavymkrokem.cz\/wp-content\/uploads\/2026\/08\/bulharsko-research-plaze-bulharsko-11-768x515.jpg 768w, https:\/\/loudavymkrokem.cz\/wp-content\/uploads\/2026\/08\/bulharsko-research-plaze-bulharsko-11-1536x1030.jpg 1536w, https:\/\/loudavymkrokem.cz\/wp-content\/uploads\/2026\/08\/bulharsko-research-plaze-bulharsko-11-696x467.jpg 696w, https:\/\/loudavymkrokem.cz\/wp-content\/uploads\/2026\/08\/bulharsko-research-plaze-bulharsko-11-1392x933.jpg 1392w\" sizes=\"(max-width: 1800px) 100vw, 1800px\" \/><button\n\t\t\tclass=\"lightbox-trigger\"\n\t\t\ttype=\"button\"\n\t\t\taria-haspopup=\"dialog\"\n\t\t\tdata-wp-bind--aria-label=\"state.thisImage.triggerButtonAriaLabel\"\n\t\t\tdata-wp-init=\"callbacks.initTriggerButton\"\n\t\t\tdata-wp-on--click=\"actions.showLightbox\"\n\t\t\tdata-wp-style--right=\"state.thisImage.buttonRight\"\n\t\t\tdata-wp-style--top=\"state.thisImage.buttonTop\"\n\t\t>\n\t\t\t<svg xmlns=\"http:\/\/www.w3.org\/2000\/svg\" width=\"12\" height=\"12\" fill=\"none\" viewBox=\"0 0 12 12\">\n\t\t\t\t<path fill=\"#fff\" d=\"M2 0a2 2 0 0 0-2 2v2h1.5V2a.5.5 0 0 1 .5-.5h2V0H2Zm2 10.5H2a.5.5 0 0 1-.5-.5V8H0v2a2 2 0 0 0 2 2h2v-1.5ZM8 12v-1.5h2a.5.5 0 0 0 .5-.5V8H12v2a2 2 0 0 1-2 2H8Zm2-12a2 2 0 0 1 2 2v2h-1.5V2a.5.5 0 0 0-.5-.5H8V0h2Z\" \/>\n\t\t\t<\/svg>\n\t\t<\/button><figcaption class=\"wp-element-caption\">Foto (prelucrat): Pudelek (Marcin Szala) \/ Wikimedia Commons, CC BY-SA 3.0<\/figcaption><\/figure>\n\n\n\n<h3 class=\"wp-block-heading\"><span class=\"ez-toc-section\" id=\"7_Kastrich_si_Rezovo\"><\/span>7. Kastrich \u0219i Rezovo<span class=\"ez-toc-section-end\"><\/span><\/h3>\n\n\n\n<p class=\"wp-block-paragraph\">Tocmai la sud, dincolo de popularul Silistar, se ascund locuri pentru adev\u0103ra\u021bi aventurieri. Golful Kastrich este accesibil doar pe jos, pe o potec\u0103 nemarcat\u0103 care duce circa <strong>doi kilometri \u0219i jum\u0103tate printr-o p\u0103dure deas\u0103<\/strong>. Drumul dureaz\u0103 sub trei sferturi de or\u0103, dar la cap\u0103t te a\u0219teapt\u0103 un golf virgin, pe care cel mai probabil \u00eel vei avea numai pentru tine.<\/p>\n\n\n\n<p class=\"wp-block-paragraph\">Rezovo, la r\u00e2ndul s\u0103u, este ultima localitate bulgar\u0103 dinaintea gran\u021bei cu Turcia. Nu c\u0103uta aici o plaj\u0103 de nisip clasic\u0103, litoralul e s\u0103lbatic, st\u00e2ncos \u0219i plin de mici golfuri. Potrivit c\u0103l\u0103torilor experimenta\u021bi, e <strong>unul dintre cele mai bune locuri pentru snorkeling<\/strong> din \u00eentreaga zon\u0103, pentru c\u0103 apa e, datorit\u0103 absen\u021bei nisipului, incredibil de cristalin\u0103.<\/p>\n\n\n\n<p class=\"wp-block-paragraph\">Aceast\u0103 zon\u0103 cere respect. Intrarea \u00een ap\u0103 peste pietre \u0219i st\u00e2nci e dificil\u0103, iar curen\u021bii pot fi imprevizibili. Cu siguran\u021b\u0103 <strong>nu e un loc pentru o excursie de familie cu copii mici<\/strong>, ci mai degrab\u0103 o destina\u021bie pentru \u00eenot\u0103tori experimenta\u021bi, care vor s\u0103 tr\u0103iasc\u0103 atmosfera brut\u0103 a cap\u0103tului Uniunii Europene.<\/p>\n\n\n\n<figure data-wp-context=\"{&quot;imageId&quot;:&quot;6a9c3a7063862&quot;}\" data-wp-interactive=\"core\/image\" data-wp-key=\"6a9c3a7063862\" class=\"wp-block-image size-full wp-lightbox-container\"><img decoding=\"async\" width=\"1800\" height=\"1350\" data-wp-class--hide=\"state.isContentHidden\" data-wp-class--show=\"state.isContentVisible\" data-wp-init=\"callbacks.setButtonStyles\" data-wp-on--click=\"actions.showLightbox\" data-wp-on--load=\"callbacks.setButtonStyles\" data-wp-on--pointerdown=\"actions.preloadImage\" data-wp-on--pointerenter=\"actions.preloadImageWithDelay\" data-wp-on--pointerleave=\"actions.cancelPreload\" data-wp-on-window--resize=\"callbacks.setButtonStyles\" src=\"https:\/\/loudavymkrokem.cz\/wp-content\/uploads\/2026\/08\/bulharsko-research-plaze-bulharsko-12.jpg\" alt=\"Litoralul nordic al M\u0103rii Negre l\u00e2ng\u0103 capul Kaliakra\" class=\"wp-image-404204\" title=\"\" srcset=\"https:\/\/loudavymkrokem.cz\/wp-content\/uploads\/2026\/08\/bulharsko-research-plaze-bulharsko-12.jpg 1800w, https:\/\/loudavymkrokem.cz\/wp-content\/uploads\/2026\/08\/bulharsko-research-plaze-bulharsko-12-300x225.jpg 300w, https:\/\/loudavymkrokem.cz\/wp-content\/uploads\/2026\/08\/bulharsko-research-plaze-bulharsko-12-700x525.jpg 700w, https:\/\/loudavymkrokem.cz\/wp-content\/uploads\/2026\/08\/bulharsko-research-plaze-bulharsko-12-768x576.jpg 768w, https:\/\/loudavymkrokem.cz\/wp-content\/uploads\/2026\/08\/bulharsko-research-plaze-bulharsko-12-1536x1152.jpg 1536w, https:\/\/loudavymkrokem.cz\/wp-content\/uploads\/2026\/08\/bulharsko-research-plaze-bulharsko-12-80x60.jpg 80w, https:\/\/loudavymkrokem.cz\/wp-content\/uploads\/2026\/08\/bulharsko-research-plaze-bulharsko-12-160x120.jpg 160w, https:\/\/loudavymkrokem.cz\/wp-content\/uploads\/2026\/08\/bulharsko-research-plaze-bulharsko-12-696x522.jpg 696w, https:\/\/loudavymkrokem.cz\/wp-content\/uploads\/2026\/08\/bulharsko-research-plaze-bulharsko-12-1392x1044.jpg 1392w\" sizes=\"(max-width: 1800px) 100vw, 1800px\" \/><button\n\t\t\tclass=\"lightbox-trigger\"\n\t\t\ttype=\"button\"\n\t\t\taria-haspopup=\"dialog\"\n\t\t\tdata-wp-bind--aria-label=\"state.thisImage.triggerButtonAriaLabel\"\n\t\t\tdata-wp-init=\"callbacks.initTriggerButton\"\n\t\t\tdata-wp-on--click=\"actions.showLightbox\"\n\t\t\tdata-wp-style--right=\"state.thisImage.buttonRight\"\n\t\t\tdata-wp-style--top=\"state.thisImage.buttonTop\"\n\t\t>\n\t\t\t<svg xmlns=\"http:\/\/www.w3.org\/2000\/svg\" width=\"12\" height=\"12\" fill=\"none\" viewBox=\"0 0 12 12\">\n\t\t\t\t<path fill=\"#fff\" d=\"M2 0a2 2 0 0 0-2 2v2h1.5V2a.5.5 0 0 1 .5-.5h2V0H2Zm2 10.5H2a.5.5 0 0 1-.5-.5V8H0v2a2 2 0 0 0 2 2h2v-1.5ZM8 12v-1.5h2a.5.5 0 0 0 .5-.5V8H12v2a2 2 0 0 1-2 2H8Zm2-12a2 2 0 0 1 2 2v2h-1.5V2a.5.5 0 0 0-.5-.5H8V0h2Z\" \/>\n\t\t\t<\/svg>\n\t\t<\/button><figcaption class=\"wp-element-caption\">Foto: Spiridon Manoliu \/ Wikimedia Commons, CC BY 3.0<\/figcaption><\/figure>\n\n\n\n<h2 class=\"wp-block-heading\"><span class=\"ez-toc-section\" id=\"Litoralul_nordic_si_salbaticia_de_langa_Varna\"><\/span>Litoralul nordic \u0219i s\u0103lb\u0103ticia de l\u00e2ng\u0103 Varna<span class=\"ez-toc-section-end\"><\/span><\/h2>\n\n\n\n<p class=\"wp-block-paragraph\"><strong>Partea nordic\u0103 a litoralului<\/strong> din jurul Varnei are printre c\u0103l\u0103tori reputa\u021bia unei singure zone uria\u0219e de petrecere, dar nu te l\u0103sa \u00een\u0219elat. \u0218i aici descoperi locuri ascunse, care \u0219i-au p\u0103strat \u00eenf\u0103\u021bi\u0219area brut\u0103. \u00cen timp ce \u00een sud domin\u0103 micile golfuri st\u00e2ncoase, nordul ofer\u0103 <strong>faleze ro\u0219ii impresionante<\/strong> \u0219i plaje pustii, lungi de kilometri.<\/p>\n\n\n\n<p class=\"wp-block-paragraph\">Aceast\u0103 zon\u0103 e ideal\u0103 pentru aceia dintre voi care combin\u0103 cu pl\u0103cere <strong>explorarea naturii neatinse<\/strong> cu excursii ocazionale \u00een civiliza\u021bie. \u00cen plus, datorit\u0103 golfurilor pu\u021bin ad\u00e2nci \u0219i protejate, aici sunt <strong>condi\u021bii excelente pentru snorkeling<\/strong>.<\/p>\n\n\n\n<figure data-wp-context=\"{&quot;imageId&quot;:&quot;6a9c3a7063d47&quot;}\" data-wp-interactive=\"core\/image\" data-wp-key=\"6a9c3a7063d47\" class=\"wp-block-image size-full wp-lightbox-container\"><img decoding=\"async\" width=\"1800\" height=\"1012\" data-wp-class--hide=\"state.isContentHidden\" data-wp-class--show=\"state.isContentVisible\" data-wp-init=\"callbacks.setButtonStyles\" data-wp-on--click=\"actions.showLightbox\" data-wp-on--load=\"callbacks.setButtonStyles\" data-wp-on--pointerdown=\"actions.preloadImage\" data-wp-on--pointerenter=\"actions.preloadImageWithDelay\" data-wp-on--pointerleave=\"actions.cancelPreload\" data-wp-on-window--resize=\"callbacks.setButtonStyles\" src=\"https:\/\/loudavymkrokem.cz\/wp-content\/uploads\/2026\/08\/bulharsko-research-plaze-bulharsko-13.jpg\" alt=\"Golful Bolata sub falezele ro\u0219ii\" class=\"wp-image-404208\" title=\"\" srcset=\"https:\/\/loudavymkrokem.cz\/wp-content\/uploads\/2026\/08\/bulharsko-research-plaze-bulharsko-13.jpg 1800w, https:\/\/loudavymkrokem.cz\/wp-content\/uploads\/2026\/08\/bulharsko-research-plaze-bulharsko-13-300x169.jpg 300w, https:\/\/loudavymkrokem.cz\/wp-content\/uploads\/2026\/08\/bulharsko-research-plaze-bulharsko-13-700x394.jpg 700w, https:\/\/loudavymkrokem.cz\/wp-content\/uploads\/2026\/08\/bulharsko-research-plaze-bulharsko-13-768x432.jpg 768w, https:\/\/loudavymkrokem.cz\/wp-content\/uploads\/2026\/08\/bulharsko-research-plaze-bulharsko-13-1536x864.jpg 1536w, https:\/\/loudavymkrokem.cz\/wp-content\/uploads\/2026\/08\/bulharsko-research-plaze-bulharsko-13-696x391.jpg 696w, https:\/\/loudavymkrokem.cz\/wp-content\/uploads\/2026\/08\/bulharsko-research-plaze-bulharsko-13-1392x783.jpg 1392w\" sizes=\"(max-width: 1800px) 100vw, 1800px\" \/><button\n\t\t\tclass=\"lightbox-trigger\"\n\t\t\ttype=\"button\"\n\t\t\taria-haspopup=\"dialog\"\n\t\t\tdata-wp-bind--aria-label=\"state.thisImage.triggerButtonAriaLabel\"\n\t\t\tdata-wp-init=\"callbacks.initTriggerButton\"\n\t\t\tdata-wp-on--click=\"actions.showLightbox\"\n\t\t\tdata-wp-style--right=\"state.thisImage.buttonRight\"\n\t\t\tdata-wp-style--top=\"state.thisImage.buttonTop\"\n\t\t>\n\t\t\t<svg xmlns=\"http:\/\/www.w3.org\/2000\/svg\" width=\"12\" height=\"12\" fill=\"none\" viewBox=\"0 0 12 12\">\n\t\t\t\t<path fill=\"#fff\" d=\"M2 0a2 2 0 0 0-2 2v2h1.5V2a.5.5 0 0 1 .5-.5h2V0H2Zm2 10.5H2a.5.5 0 0 1-.5-.5V8H0v2a2 2 0 0 0 2 2h2v-1.5ZM8 12v-1.5h2a.5.5 0 0 0 .5-.5V8H12v2a2 2 0 0 1-2 2H8Zm2-12a2 2 0 0 1 2 2v2h-1.5V2a.5.5 0 0 0-.5-.5H8V0h2Z\" \/>\n\t\t\t<\/svg>\n\t\t<\/button><figcaption class=\"wp-element-caption\">Foto: Gery Romanova \/ Wikimedia Commons, CC BY-SA 4.0<\/figcaption><\/figure>\n\n\n\n<h3 class=\"wp-block-heading\"><span class=\"ez-toc-section\" id=\"8_Bolata\"><\/span>8. Bolata<span class=\"ez-toc-section-end\"><\/span><\/h3>\n\n\n\n<p class=\"wp-block-paragraph\">Nu departe de cunoscutul cap Kaliakra, un golf absolut unic se taie \u00een falezele \u00eenalte \u0219i ro\u0219ii. Bolata are forma unei semiluni perfecte \u0219i este <strong>singura rezerva\u021bie bulgar\u0103 care include \u0219i o suprafa\u021b\u0103 de ap\u0103<\/strong>. Accesul duce aici pe un drum asfaltat foarte \u00eengust \u0219i \u0219erpuitor, la cap\u0103tul c\u0103ruia g\u0103se\u0219ti o parcare mai mic\u0103.<\/p>\n\n\n\n<p class=\"wp-block-paragraph\">Apa e aici, datorit\u0103 falezelor protectoare \u0219i digului artificial, incredibil de lini\u0219tit\u0103 \u0219i pu\u021bin ad\u00e2nc\u0103. Tocmai de aceea, Bolata se num\u0103r\u0103 printre <strong>v\u00e2rfurile absolute pentru iubitorii de snorkeling<\/strong>. Sub luciul apei vezi u\u0219or bancuri de pe\u0219ti, crabi \u0219i o mul\u021bime de alte vie\u021buitoare marine care se ascund printre pietre.<\/p>\n\n\n\n<p class=\"wp-block-paragraph\"><strong>Facilit\u0103\u021bile sunt minime aici<\/strong> (doar un chio\u0219c de cafea), dar dac\u0103 vii \u00een plin sezon, <strong>ajunge c\u00e2t mai devreme diminea\u021ba<\/strong>, pentru c\u0103 golful e mic \u0219i extrem de popular printre localnici, a\u0219a c\u0103 deja pe la ora zece e greu s\u0103 g\u0103se\u0219ti loc de prosop.<\/p>\n\n\n\n<figure data-wp-context=\"{&quot;imageId&quot;:&quot;6a9c3a7064453&quot;}\" data-wp-interactive=\"core\/image\" data-wp-key=\"6a9c3a7064453\" class=\"wp-block-image size-full wp-lightbox-container\"><img decoding=\"async\" width=\"1800\" height=\"1350\" data-wp-class--hide=\"state.isContentHidden\" data-wp-class--show=\"state.isContentVisible\" data-wp-init=\"callbacks.setButtonStyles\" data-wp-on--click=\"actions.showLightbox\" data-wp-on--load=\"callbacks.setButtonStyles\" data-wp-on--pointerdown=\"actions.preloadImage\" data-wp-on--pointerenter=\"actions.preloadImageWithDelay\" data-wp-on--pointerleave=\"actions.cancelPreload\" data-wp-on-window--resize=\"callbacks.setButtonStyles\" src=\"https:\/\/loudavymkrokem.cz\/wp-content\/uploads\/2026\/08\/bulharsko-research-plaze-bulharsko-14.jpg\" alt=\"Litoralul de l\u00e2ng\u0103 satul Topola cu Laguna Alb\u0103\" class=\"wp-image-404210\" title=\"\" srcset=\"https:\/\/loudavymkrokem.cz\/wp-content\/uploads\/2026\/08\/bulharsko-research-plaze-bulharsko-14.jpg 1800w, https:\/\/loudavymkrokem.cz\/wp-content\/uploads\/2026\/08\/bulharsko-research-plaze-bulharsko-14-300x225.jpg 300w, https:\/\/loudavymkrokem.cz\/wp-content\/uploads\/2026\/08\/bulharsko-research-plaze-bulharsko-14-700x525.jpg 700w, https:\/\/loudavymkrokem.cz\/wp-content\/uploads\/2026\/08\/bulharsko-research-plaze-bulharsko-14-768x576.jpg 768w, https:\/\/loudavymkrokem.cz\/wp-content\/uploads\/2026\/08\/bulharsko-research-plaze-bulharsko-14-1536x1152.jpg 1536w, https:\/\/loudavymkrokem.cz\/wp-content\/uploads\/2026\/08\/bulharsko-research-plaze-bulharsko-14-80x60.jpg 80w, https:\/\/loudavymkrokem.cz\/wp-content\/uploads\/2026\/08\/bulharsko-research-plaze-bulharsko-14-160x120.jpg 160w, https:\/\/loudavymkrokem.cz\/wp-content\/uploads\/2026\/08\/bulharsko-research-plaze-bulharsko-14-696x522.jpg 696w, https:\/\/loudavymkrokem.cz\/wp-content\/uploads\/2026\/08\/bulharsko-research-plaze-bulharsko-14-1392x1044.jpg 1392w\" sizes=\"(max-width: 1800px) 100vw, 1800px\" \/><button\n\t\t\tclass=\"lightbox-trigger\"\n\t\t\ttype=\"button\"\n\t\t\taria-haspopup=\"dialog\"\n\t\t\tdata-wp-bind--aria-label=\"state.thisImage.triggerButtonAriaLabel\"\n\t\t\tdata-wp-init=\"callbacks.initTriggerButton\"\n\t\t\tdata-wp-on--click=\"actions.showLightbox\"\n\t\t\tdata-wp-style--right=\"state.thisImage.buttonRight\"\n\t\t\tdata-wp-style--top=\"state.thisImage.buttonTop\"\n\t\t>\n\t\t\t<svg xmlns=\"http:\/\/www.w3.org\/2000\/svg\" width=\"12\" height=\"12\" fill=\"none\" viewBox=\"0 0 12 12\">\n\t\t\t\t<path fill=\"#fff\" d=\"M2 0a2 2 0 0 0-2 2v2h1.5V2a.5.5 0 0 1 .5-.5h2V0H2Zm2 10.5H2a.5.5 0 0 1-.5-.5V8H0v2a2 2 0 0 0 2 2h2v-1.5ZM8 12v-1.5h2a.5.5 0 0 0 .5-.5V8H12v2a2 2 0 0 1-2 2H8Zm2-12a2 2 0 0 1 2 2v2h-1.5V2a.5.5 0 0 0-.5-.5H8V0h2Z\" \/>\n\t\t\t<\/svg>\n\t\t<\/button><figcaption class=\"wp-element-caption\">Foto: Nikolai Karaneschev \/ Wikimedia Commons, CC BY 3.0<\/figcaption><\/figure>\n\n\n\n<h3 class=\"wp-block-heading\"><span class=\"ez-toc-section\" id=\"9_Laguna_Alba_Topola\"><\/span>9. Laguna Alb\u0103 (Topola)<span class=\"ez-toc-section-end\"><\/span><\/h3>\n\n\n\n<p class=\"wp-block-paragraph\">\u00centre ora\u0219ele Balchik \u0219i Kavarna g\u0103se\u0219ti o alternativ\u0103 foarte pl\u0103cut\u0103 la marile sta\u021biuni aglomerate. Laguna Alb\u0103 \u0219i-a c\u00e2\u0219tigat numele datorit\u0103 <strong>st\u00e2ncilor calcaroase deschise la culoare<\/strong> care \u00eenconjoar\u0103 \u00eentreaga zon\u0103 \u0219i dau apei o superb\u0103 nuan\u021b\u0103 turcoaz. \u00cen 2026, plaja s-a al\u0103turat, \u00een plus, prestigioasei liste a de\u021bin\u0103torilor de Steag Albastru.<\/p>\n\n\n\n<p class=\"wp-block-paragraph\">Plaja e bine organizat\u0103, g\u0103se\u0219ti aici \u0219ezlonguri de calitate, umbrele, du\u0219uri \u0219i grupuri sanitare moderne. Intrarea \u00een mare e lin\u0103, iar apa e, datorit\u0103 pozi\u021biei protejate, foarte lini\u0219tit\u0103. Dac\u0103 pui pre\u021b pe confort \u0219i vrei s\u0103 evi\u021bi mul\u021bimile de la Nisipurile de Aur, <strong>localnicii recomand\u0103 tocmai aceast\u0103 loca\u021bie<\/strong>.<\/p>\n\n\n\n<p class=\"wp-block-paragraph\">Singurul dezavantaj poate fi \u00eensu\u0219i accesul la ap\u0103. Majoritatea locurilor de cazare se afl\u0103 pe faleza de deasupra plajei, a\u0219a c\u0103 <strong>preg\u0103te\u0219te-te s\u0103 cobori zilnic zeci de trepte<\/strong>. Pentru familiile cu c\u0103rucior, asta poate reprezenta o mic\u0103 complica\u021bie, dar priveli\u0219tile de sus merit\u0103 cu siguran\u021b\u0103 efortul.<\/p>\n\n\n\n<figure data-wp-context=\"{&quot;imageId&quot;:&quot;6a9c3a7064a97&quot;}\" data-wp-interactive=\"core\/image\" data-wp-key=\"6a9c3a7064a97\" class=\"wp-block-image size-full wp-lightbox-container\"><img decoding=\"async\" width=\"1800\" height=\"1207\" data-wp-class--hide=\"state.isContentHidden\" data-wp-class--show=\"state.isContentVisible\" data-wp-init=\"callbacks.setButtonStyles\" data-wp-on--click=\"actions.showLightbox\" data-wp-on--load=\"callbacks.setButtonStyles\" data-wp-on--pointerdown=\"actions.preloadImage\" data-wp-on--pointerenter=\"actions.preloadImageWithDelay\" data-wp-on--pointerleave=\"actions.cancelPreload\" data-wp-on-window--resize=\"callbacks.setButtonStyles\" src=\"https:\/\/loudavymkrokem.cz\/wp-content\/uploads\/2026\/08\/bulharsko-research-plaze-bulharsko-15.jpg\" alt=\"Litoralul de l\u00e2ng\u0103 Krapets \u0219i Durankulak \u00een extremul nord\" class=\"wp-image-404215\" title=\"\" srcset=\"https:\/\/loudavymkrokem.cz\/wp-content\/uploads\/2026\/08\/bulharsko-research-plaze-bulharsko-15.jpg 1800w, https:\/\/loudavymkrokem.cz\/wp-content\/uploads\/2026\/08\/bulharsko-research-plaze-bulharsko-15-300x201.jpg 300w, https:\/\/loudavymkrokem.cz\/wp-content\/uploads\/2026\/08\/bulharsko-research-plaze-bulharsko-15-700x469.jpg 700w, https:\/\/loudavymkrokem.cz\/wp-content\/uploads\/2026\/08\/bulharsko-research-plaze-bulharsko-15-768x515.jpg 768w, https:\/\/loudavymkrokem.cz\/wp-content\/uploads\/2026\/08\/bulharsko-research-plaze-bulharsko-15-1536x1030.jpg 1536w, https:\/\/loudavymkrokem.cz\/wp-content\/uploads\/2026\/08\/bulharsko-research-plaze-bulharsko-15-696x467.jpg 696w, https:\/\/loudavymkrokem.cz\/wp-content\/uploads\/2026\/08\/bulharsko-research-plaze-bulharsko-15-1392x933.jpg 1392w\" sizes=\"(max-width: 1800px) 100vw, 1800px\" \/><button\n\t\t\tclass=\"lightbox-trigger\"\n\t\t\ttype=\"button\"\n\t\t\taria-haspopup=\"dialog\"\n\t\t\tdata-wp-bind--aria-label=\"state.thisImage.triggerButtonAriaLabel\"\n\t\t\tdata-wp-init=\"callbacks.initTriggerButton\"\n\t\t\tdata-wp-on--click=\"actions.showLightbox\"\n\t\t\tdata-wp-style--right=\"state.thisImage.buttonRight\"\n\t\t\tdata-wp-style--top=\"state.thisImage.buttonTop\"\n\t\t>\n\t\t\t<svg xmlns=\"http:\/\/www.w3.org\/2000\/svg\" width=\"12\" height=\"12\" fill=\"none\" viewBox=\"0 0 12 12\">\n\t\t\t\t<path fill=\"#fff\" d=\"M2 0a2 2 0 0 0-2 2v2h1.5V2a.5.5 0 0 1 .5-.5h2V0H2Zm2 10.5H2a.5.5 0 0 1-.5-.5V8H0v2a2 2 0 0 0 2 2h2v-1.5ZM8 12v-1.5h2a.5.5 0 0 0 .5-.5V8H12v2a2 2 0 0 1-2 2H8Zm2-12a2 2 0 0 1 2 2v2h-1.5V2a.5.5 0 0 0-.5-.5H8V0h2Z\" \/>\n\t\t\t<\/svg>\n\t\t<\/button><figcaption class=\"wp-element-caption\">Foto (prelucrat): Inkey \/ Wikimedia Commons, CC BY-SA 3.0<\/figcaption><\/figure>\n\n\n\n<h3 class=\"wp-block-heading\"><span class=\"ez-toc-section\" id=\"10_Krapets_si_Durankulak\"><\/span>10. Krapets \u0219i Durankulak<span class=\"ez-toc-section-end\"><\/span><\/h3>\n\n\n\n<p class=\"wp-block-paragraph\">Dac\u0103 cau\u021bi singur\u0103tate absolut\u0103 \u0219i nu te deranjeaz\u0103 un drum mai lung, \u00eendreapt\u0103-te spre extremul nord, spre grani\u021ba cu Rom\u00e2nia. F\u00e2\u0219ia lung\u0103 de nisip dintre satul Krapets \u0219i lacul Durankulak m\u0103soar\u0103 vreo 6 kilometri \u0219i e format\u0103 din <strong>unele dintre cele mai frumoase dune naturale<\/strong> de pe tot litoralul M\u0103rii Negre.<\/p>\n\n\n\n<p class=\"wp-block-paragraph\">Nu g\u0103se\u0219ti aici niciun hotel, nicio discotec\u0103 \u0219i niciun promenad cu magazine. Zona e c\u0103utat\u0103 \u00een special de backpackeri \u0219i de iubitorii de campare, care vin aici pentru o lini\u0219te des\u0103v\u00e2r\u0219it\u0103. Pe plaj\u0103 nu sunt salvamari \u0219i, din cauza m\u0103rii deschise, aici <strong>bate adesea un v\u00e2nt mai puternic<\/strong>, ceea ce, dimpotriv\u0103, atrage din c\u00e2nd \u00een c\u00e2nd kitesurferi singuratici.<\/p>\n\n\n\n<p class=\"wp-block-paragraph\">La o mic\u0103 distan\u021b\u0103 de plaj\u0103 se afl\u0103 lacul Durankulak, care e un important sit ornitologic. Pentru iubitorii de natur\u0103, e o combina\u021bie ideal\u0103. \u00cen satele din jur func\u021bioneaz\u0103 doar c\u00e2teva pensiuni mici \u0219i cr\u00e2\u0219me, unde po\u021bi m\u00e2nca <strong>o v\u00e2n\u0103t\u0103 coapt\u0103 excelent\u0103, o mish-mash proasp\u0103t\u0103 sau br\u00e2nzeturi locale de oaie<\/strong>.<\/p>\n\n\n\n<figure data-wp-context=\"{&quot;imageId&quot;:&quot;6a9c3a70650ad&quot;}\" data-wp-interactive=\"core\/image\" data-wp-key=\"6a9c3a70650ad\" class=\"wp-block-image size-full wp-lightbox-container\"><img decoding=\"async\" width=\"1800\" height=\"1350\" data-wp-class--hide=\"state.isContentHidden\" data-wp-class--show=\"state.isContentVisible\" data-wp-init=\"callbacks.setButtonStyles\" data-wp-on--click=\"actions.showLightbox\" data-wp-on--load=\"callbacks.setButtonStyles\" data-wp-on--pointerdown=\"actions.preloadImage\" data-wp-on--pointerenter=\"actions.preloadImageWithDelay\" data-wp-on--pointerleave=\"actions.cancelPreload\" data-wp-on-window--resize=\"callbacks.setButtonStyles\" src=\"https:\/\/loudavymkrokem.cz\/wp-content\/uploads\/2026\/08\/bulharsko-research-plaze-bulharsko-16.jpg\" alt=\"Cea mai lung\u0103 plaj\u0103 din Bulgaria la gura r\u00e2ului Kamchia\" class=\"wp-image-404220\" title=\"\" srcset=\"https:\/\/loudavymkrokem.cz\/wp-content\/uploads\/2026\/08\/bulharsko-research-plaze-bulharsko-16.jpg 1800w, https:\/\/loudavymkrokem.cz\/wp-content\/uploads\/2026\/08\/bulharsko-research-plaze-bulharsko-16-300x225.jpg 300w, https:\/\/loudavymkrokem.cz\/wp-content\/uploads\/2026\/08\/bulharsko-research-plaze-bulharsko-16-700x525.jpg 700w, https:\/\/loudavymkrokem.cz\/wp-content\/uploads\/2026\/08\/bulharsko-research-plaze-bulharsko-16-768x576.jpg 768w, https:\/\/loudavymkrokem.cz\/wp-content\/uploads\/2026\/08\/bulharsko-research-plaze-bulharsko-16-1536x1152.jpg 1536w, https:\/\/loudavymkrokem.cz\/wp-content\/uploads\/2026\/08\/bulharsko-research-plaze-bulharsko-16-80x60.jpg 80w, https:\/\/loudavymkrokem.cz\/wp-content\/uploads\/2026\/08\/bulharsko-research-plaze-bulharsko-16-160x120.jpg 160w, https:\/\/loudavymkrokem.cz\/wp-content\/uploads\/2026\/08\/bulharsko-research-plaze-bulharsko-16-696x522.jpg 696w, https:\/\/loudavymkrokem.cz\/wp-content\/uploads\/2026\/08\/bulharsko-research-plaze-bulharsko-16-1392x1044.jpg 1392w\" sizes=\"(max-width: 1800px) 100vw, 1800px\" \/><button\n\t\t\tclass=\"lightbox-trigger\"\n\t\t\ttype=\"button\"\n\t\t\taria-haspopup=\"dialog\"\n\t\t\tdata-wp-bind--aria-label=\"state.thisImage.triggerButtonAriaLabel\"\n\t\t\tdata-wp-init=\"callbacks.initTriggerButton\"\n\t\t\tdata-wp-on--click=\"actions.showLightbox\"\n\t\t\tdata-wp-style--right=\"state.thisImage.buttonRight\"\n\t\t\tdata-wp-style--top=\"state.thisImage.buttonTop\"\n\t\t>\n\t\t\t<svg xmlns=\"http:\/\/www.w3.org\/2000\/svg\" width=\"12\" height=\"12\" fill=\"none\" viewBox=\"0 0 12 12\">\n\t\t\t\t<path fill=\"#fff\" d=\"M2 0a2 2 0 0 0-2 2v2h1.5V2a.5.5 0 0 1 .5-.5h2V0H2Zm2 10.5H2a.5.5 0 0 1-.5-.5V8H0v2a2 2 0 0 0 2 2h2v-1.5ZM8 12v-1.5h2a.5.5 0 0 0 .5-.5V8H12v2a2 2 0 0 1-2 2H8Zm2-12a2 2 0 0 1 2 2v2h-1.5V2a.5.5 0 0 0-.5-.5H8V0h2Z\" \/>\n\t\t\t<\/svg>\n\t\t<\/button><figcaption class=\"wp-element-caption\">Foto: Svilen Enev Svik \/ Wikimedia Commons, CC BY-SA 3.0<\/figcaption><\/figure>\n\n\n\n<h3 class=\"wp-block-heading\"><span class=\"ez-toc-section\" id=\"11_Shkorpilovtsi_si_Kamchia\"><\/span>11. Shkorpilovtsi \u0219i Kamchia<span class=\"ez-toc-section-end\"><\/span><\/h3>\n\n\n\n<p class=\"wp-block-paragraph\">Aceast\u0103 f\u00e2\u0219ie de nisip aflat\u0103 la sud de Varna de\u021bine un record na\u021bional important. Plajele unite Shkorpilovtsi \u0219i Kamchia formeaz\u0103, cu o lungime de 11,96 kilometri, <strong>cea mai lung\u0103 plaj\u0103 ne\u00eentrerupt\u0103 din toat\u0103 Bulgaria<\/strong>. \u00cen unele locuri, l\u0103\u021bimea covorului de nisip atinge, \u00een plus, incredibili 100 p\u00e2n\u0103 la 120 de metri.<\/p>\n\n\n\n<p class=\"wp-block-paragraph\">Presa bulgar\u0103 a numit aceast\u0103 zon\u0103, pentru vara lui 2026, cel mai bun loc unde s\u0103 scapi de mul\u021bimile de turi\u0219ti. Datorit\u0103 \u00eentinderii uria\u0219e, nu vei sim\u021bi niciodat\u0103 senza\u021bia de \u00eenghesuial\u0103. G\u0103se\u0219ti aici, ce-i drept, c\u00e2teva hoteluri \u0219i restaurante mai mici, dar <strong>cea mai mare parte a plajei r\u0103m\u00e2ne complet s\u0103lbatic\u0103<\/strong> \u0219i \u00eenconjurat\u0103 de p\u0103duri dese de stejar.<\/p>\n\n\n\n<p class=\"wp-block-paragraph\">Zona e \u0219i casa celei mai mari zone legale de corturi din \u021bar\u0103. Dac\u0103 \u00ee\u021bi place libertatea, cu siguran\u021b\u0103 te va bucura faptul c\u0103 sectoarele nordice izolate din Shkorpilovtsi func\u021bioneaz\u0103 ca <strong>plaje de nudism neoficiale, dar tolerate<\/strong>. Noutatea sezonului acesta este, \u00een plus, c\u0103 administra\u021bia regional\u0103 a scos aici pentru prima dat\u0103 la licita\u021bie salvamarii.<\/p>\n\n\n\n<figure data-wp-context=\"{&quot;imageId&quot;:&quot;6a9c3a70656e7&quot;}\" data-wp-interactive=\"core\/image\" data-wp-key=\"6a9c3a70656e7\" class=\"wp-block-image size-full wp-lightbox-container\"><img decoding=\"async\" width=\"1800\" height=\"1350\" data-wp-class--hide=\"state.isContentHidden\" data-wp-class--show=\"state.isContentVisible\" data-wp-init=\"callbacks.setButtonStyles\" data-wp-on--click=\"actions.showLightbox\" data-wp-on--load=\"callbacks.setButtonStyles\" data-wp-on--pointerdown=\"actions.preloadImage\" data-wp-on--pointerenter=\"actions.preloadImageWithDelay\" data-wp-on--pointerleave=\"actions.cancelPreload\" data-wp-on-window--resize=\"callbacks.setButtonStyles\" src=\"https:\/\/loudavymkrokem.cz\/wp-content\/uploads\/2026\/08\/bulharsko-research-plaze-bulharsko-17.jpg\" alt=\"Plaja s\u0103lbatic\u0103 Pasha dere la sud de Varna\" class=\"wp-image-404223\" title=\"\" srcset=\"https:\/\/loudavymkrokem.cz\/wp-content\/uploads\/2026\/08\/bulharsko-research-plaze-bulharsko-17.jpg 1800w, https:\/\/loudavymkrokem.cz\/wp-content\/uploads\/2026\/08\/bulharsko-research-plaze-bulharsko-17-300x225.jpg 300w, https:\/\/loudavymkrokem.cz\/wp-content\/uploads\/2026\/08\/bulharsko-research-plaze-bulharsko-17-700x525.jpg 700w, https:\/\/loudavymkrokem.cz\/wp-content\/uploads\/2026\/08\/bulharsko-research-plaze-bulharsko-17-768x576.jpg 768w, https:\/\/loudavymkrokem.cz\/wp-content\/uploads\/2026\/08\/bulharsko-research-plaze-bulharsko-17-1536x1152.jpg 1536w, https:\/\/loudavymkrokem.cz\/wp-content\/uploads\/2026\/08\/bulharsko-research-plaze-bulharsko-17-80x60.jpg 80w, https:\/\/loudavymkrokem.cz\/wp-content\/uploads\/2026\/08\/bulharsko-research-plaze-bulharsko-17-160x120.jpg 160w, https:\/\/loudavymkrokem.cz\/wp-content\/uploads\/2026\/08\/bulharsko-research-plaze-bulharsko-17-696x522.jpg 696w, https:\/\/loudavymkrokem.cz\/wp-content\/uploads\/2026\/08\/bulharsko-research-plaze-bulharsko-17-1392x1044.jpg 1392w\" sizes=\"(max-width: 1800px) 100vw, 1800px\" \/><button\n\t\t\tclass=\"lightbox-trigger\"\n\t\t\ttype=\"button\"\n\t\t\taria-haspopup=\"dialog\"\n\t\t\tdata-wp-bind--aria-label=\"state.thisImage.triggerButtonAriaLabel\"\n\t\t\tdata-wp-init=\"callbacks.initTriggerButton\"\n\t\t\tdata-wp-on--click=\"actions.showLightbox\"\n\t\t\tdata-wp-style--right=\"state.thisImage.buttonRight\"\n\t\t\tdata-wp-style--top=\"state.thisImage.buttonTop\"\n\t\t>\n\t\t\t<svg xmlns=\"http:\/\/www.w3.org\/2000\/svg\" width=\"12\" height=\"12\" fill=\"none\" viewBox=\"0 0 12 12\">\n\t\t\t\t<path fill=\"#fff\" d=\"M2 0a2 2 0 0 0-2 2v2h1.5V2a.5.5 0 0 1 .5-.5h2V0H2Zm2 10.5H2a.5.5 0 0 1-.5-.5V8H0v2a2 2 0 0 0 2 2h2v-1.5ZM8 12v-1.5h2a.5.5 0 0 0 .5-.5V8H12v2a2 2 0 0 1-2 2H8Zm2-12a2 2 0 0 1 2 2v2h-1.5V2a.5.5 0 0 0-.5-.5H8V0h2Z\" \/>\n\t\t\t<\/svg>\n\t\t<\/button><figcaption class=\"wp-element-caption\">Foto: Original uploader was Svilen Enev at bg.wikipedia \/ Wikimedia Commons, CC BY-SA 3.0<\/figcaption><\/figure>\n\n\n\n<h3 class=\"wp-block-heading\"><span class=\"ez-toc-section\" id=\"12_Pasha_dere\"><\/span>12. Pasha dere<span class=\"ez-toc-section-end\"><\/span><\/h3>\n\n\n\n<p class=\"wp-block-paragraph\">La o mic\u0103 distan\u021b\u0103 la sud de Varna se ascunde refugiul preferat al locuitorilor \u00een\u0219i\u0219i ai acestui mare ora\u0219. Pasha dere este o plaj\u0103 s\u0103lbatic\u0103 absolut neatins\u0103, spre care duce \u00eens\u0103 <strong>un drum de c\u00e2mp foarte prost \u0219i denivelat<\/strong>. Dac\u0103 nu ai o ma\u0219in\u0103 de teren cu gard\u0103 \u00eenalt\u0103, localnicii recomand\u0103 s\u0103 la\u0219i mai bine ma\u0219ina sus \u0219i s\u0103 faci restul drumului pe jos.<\/p>\n\n\n\n<p class=\"wp-block-paragraph\">Nu te a\u0219tepta la facilit\u0103\u021bi aici (lipsesc semnalul, apa potabil\u0103 \u0219i co\u0219urile de gunoi), dar r\u0103splata va fi <strong>natura curat\u0103, nisipul fin \u0219i un minimum de oameni<\/strong> chiar \u0219i \u00een plin august. P\u0103durile din jur ofer\u0103 o umbr\u0103 pl\u0103cut\u0103, care \u00een alte locuri de pe litoral lipse\u0219te adesea.<\/p>\n\n\n\n<p class=\"wp-block-paragraph\">Pasha dere este cunoscut\u0103 pentru atmosfera sa relaxat\u0103, de comunitate. Seara auzi adesea c\u00e2nt\u00e2nd chitare l\u00e2ng\u0103 focuri, iar o parte a plajei <strong>e folosit\u0103 \u00een mod tradi\u021bional de adep\u021bii naturismului<\/strong>. Este un loc ideal pentru o evadare de o zi din agitata Varna, doar c\u0103 trebuie s\u0103-\u021bi aduci suficient\u0103 m\u00e2ncare, ap\u0103 \u0219i saci de gunoi.<\/p>\n\n\n\n<figure data-wp-context=\"{&quot;imageId&quot;:&quot;6a9c3a7065d2f&quot;}\" data-wp-interactive=\"core\/image\" data-wp-key=\"6a9c3a7065d2f\" class=\"wp-block-image size-full wp-lightbox-container\"><img decoding=\"async\" width=\"1800\" height=\"1350\" data-wp-class--hide=\"state.isContentHidden\" data-wp-class--show=\"state.isContentVisible\" data-wp-init=\"callbacks.setButtonStyles\" data-wp-on--click=\"actions.showLightbox\" data-wp-on--load=\"callbacks.setButtonStyles\" data-wp-on--pointerdown=\"actions.preloadImage\" data-wp-on--pointerenter=\"actions.preloadImageWithDelay\" data-wp-on--pointerleave=\"actions.cancelPreload\" data-wp-on-window--resize=\"callbacks.setButtonStyles\" src=\"https:\/\/loudavymkrokem.cz\/wp-content\/uploads\/2026\/08\/bulharsko-research-plaze-bulharsko-18.jpg\" alt=\"Plaja s\u0103lbatic\u0103 Karadere l\u00e2ng\u0103 Byala\" class=\"wp-image-404226\" title=\"\" srcset=\"https:\/\/loudavymkrokem.cz\/wp-content\/uploads\/2026\/08\/bulharsko-research-plaze-bulharsko-18.jpg 1800w, https:\/\/loudavymkrokem.cz\/wp-content\/uploads\/2026\/08\/bulharsko-research-plaze-bulharsko-18-300x225.jpg 300w, https:\/\/loudavymkrokem.cz\/wp-content\/uploads\/2026\/08\/bulharsko-research-plaze-bulharsko-18-700x525.jpg 700w, https:\/\/loudavymkrokem.cz\/wp-content\/uploads\/2026\/08\/bulharsko-research-plaze-bulharsko-18-768x576.jpg 768w, https:\/\/loudavymkrokem.cz\/wp-content\/uploads\/2026\/08\/bulharsko-research-plaze-bulharsko-18-1536x1152.jpg 1536w, https:\/\/loudavymkrokem.cz\/wp-content\/uploads\/2026\/08\/bulharsko-research-plaze-bulharsko-18-80x60.jpg 80w, https:\/\/loudavymkrokem.cz\/wp-content\/uploads\/2026\/08\/bulharsko-research-plaze-bulharsko-18-160x120.jpg 160w, https:\/\/loudavymkrokem.cz\/wp-content\/uploads\/2026\/08\/bulharsko-research-plaze-bulharsko-18-696x522.jpg 696w, https:\/\/loudavymkrokem.cz\/wp-content\/uploads\/2026\/08\/bulharsko-research-plaze-bulharsko-18-1392x1044.jpg 1392w\" sizes=\"(max-width: 1800px) 100vw, 1800px\" \/><button\n\t\t\tclass=\"lightbox-trigger\"\n\t\t\ttype=\"button\"\n\t\t\taria-haspopup=\"dialog\"\n\t\t\tdata-wp-bind--aria-label=\"state.thisImage.triggerButtonAriaLabel\"\n\t\t\tdata-wp-init=\"callbacks.initTriggerButton\"\n\t\t\tdata-wp-on--click=\"actions.showLightbox\"\n\t\t\tdata-wp-style--right=\"state.thisImage.buttonRight\"\n\t\t\tdata-wp-style--top=\"state.thisImage.buttonTop\"\n\t\t>\n\t\t\t<svg xmlns=\"http:\/\/www.w3.org\/2000\/svg\" width=\"12\" height=\"12\" fill=\"none\" viewBox=\"0 0 12 12\">\n\t\t\t\t<path fill=\"#fff\" d=\"M2 0a2 2 0 0 0-2 2v2h1.5V2a.5.5 0 0 1 .5-.5h2V0H2Zm2 10.5H2a.5.5 0 0 1-.5-.5V8H0v2a2 2 0 0 0 2 2h2v-1.5ZM8 12v-1.5h2a.5.5 0 0 0 .5-.5V8H12v2a2 2 0 0 1-2 2H8Zm2-12a2 2 0 0 1 2 2v2h-1.5V2a.5.5 0 0 0-.5-.5H8V0h2Z\" \/>\n\t\t\t<\/svg>\n\t\t<\/button><figcaption class=\"wp-element-caption\">Foto: Svilen Enev \/ Wikimedia Commons (CC BY-SA 3.0)<\/figcaption><\/figure>\n\n\n\n<!-- LKM_GYG_CARD start q=\"bulgaria\" lang=\"ro\" rendered=\"2026-09-05T14:14:26+00:00\" v=\"1\" -->\n<style id=\"lk-gyg-styles\">\n@import url(\"https:\/\/fonts.googleapis.com\/css2?family=Playfair+Display:wght@700&family=DM+Sans:wght@300;400;500;600&display=swap\");\n\/* === LK GYG karty \u2014 CRO redesign 2026-05 (namespace .lkx-) ===\n   C\u00edl: vy\u0161\u0161\u00ed CTR (hero + v\u00fdrazn\u00fd social proof + ak\u010dn\u00ed CTA, m\u00e9n\u011b \"reklamn\u00ed\").\n   Injektuje se inline do prvn\u00edho markeru postu (refresh_cards.py --inline-css). *\/\n.lkx-module, .lkx-module *{box-sizing:border-box;margin:0;padding:0}\n.lkx-module{\n  font-family:'DM Sans',-apple-system,Segoe UI,Roboto,Georgia,sans-serif;\n  max-width:860px;margin:2.5rem auto;color:#1f2328;\n}\n\n\/* HEADER \u2014 lehk\u00fd editorsk\u00fd, \u017e\u00e1dn\u00fd bannerov\u00fd blok; nadpis + popisek pod n\u00edm *\/\n.lkx-head{margin-bottom:16px}\n.lkx-head-main{display:flex;align-items:center;gap:10px}\n.lkx-head-accent{width:26px;height:3px;border-radius:2px;background:#c39f76;flex-shrink:0}\n.lkx-head-title{font-family:'Playfair Display',Georgia,serif;font-size:21px;font-weight:700;color:#1a1a1a;line-height:1.25}\n.lkx-head-meta{display:block;font-size:11px;letter-spacing:.3px;color:#9aa0a6;margin-top:4px;margin-left:36px}\n\n\/* HERO *\/\n.lkx-hero{display:grid;grid-template-columns:300px 1fr;background:#fff;border:1px solid #ece7df;border-radius:14px;overflow:hidden;text-decoration:none!important;color:inherit;box-shadow:0 6px 20px rgba(0,0,0,.06);transition:box-shadow .2s,transform .2s;margin-bottom:14px}\n.lkx-hero:hover{box-shadow:0 12px 30px rgba(0,0,0,.12);transform:translateY(-2px)}\n.lkx-hero-img{position:relative;min-height:230px;background-size:cover;background-position:center;background-color:#eee}\n.lkx-hero-body{padding:22px 24px;display:flex;flex-direction:column}\n.lkx-pick{position:absolute;top:12px;left:12px;background:#1a1a1a;color:#fff;font-size:11px;font-weight:700;letter-spacing:.5px;padding:5px 11px;border-radius:20px}\n\n\/* TITLE *\/\n.lkx-title{font-size:19px;font-weight:700;color:#161616;line-height:1.3}\n.lkx-title-sm{font-size:14.5px;line-height:1.35;display:-webkit-box;-webkit-line-clamp:2;-webkit-box-orient:vertical;overflow:hidden}\n\n\/* SOCIAL PROOF \u2014 v\u00fdrazn\u011b, naho\u0159e *\/\n.lkx-proof{display:flex;align-items:center;gap:7px;margin-top:12px;font-size:15px;color:#3a3a3a}\n.lkx-proof b{font-size:16px;color:#161616}\n.lkx-stars{color:#f5a623;letter-spacing:1px}\n.lkx-proof-sm{font-size:12.5px;margin-top:8px;gap:5px}\n.lkx-proof-sm b{font-size:13px}\n.lkx-proof-new{color:#3685fc;font-weight:600}\n\n\/* PRICE \u2014 n\u00edzk\u00e1 kotva *\/\n.lkx-price{font-size:14px;color:#6b7280}\n.lkx-price b{font-size:20px;color:#161616;font-weight:700}\n.lkx-price-sm b{font-size:15px}\n\n\/* CTA \u2014 tepl\u00e9 ak\u010dn\u00ed tla\u010d\u00edtko *\/\n.lkx-cta{display:inline-flex;align-items:center;justify-content:center;text-decoration:none!important;font-weight:700;color:#fff!important;background:linear-gradient(135deg,#f6743f,#e8552a);border-radius:10px;box-shadow:0 6px 16px rgba(232,85,42,.32);transition:box-shadow .2s}\n.lkx-cta-hero{font-size:15px;padding:13px 22px}\n.lkx-hero:hover .lkx-cta-hero{box-shadow:0 8px 22px rgba(232,85,42,.45)}\n.lkx-cta-sm{font-size:12.5px;padding:9px 14px;width:100%;margin-top:2px}\n.lkx-hero-bottom{margin-top:auto;padding-top:18px;display:flex;align-items:center;justify-content:space-between;gap:14px;flex-wrap:wrap}\n\n\/* BADGE \u2014 jeden v\u00fdrazn\u00fd na fotce *\/\n.lkx-badge{position:absolute;top:12px;right:12px;font-size:10.5px;font-weight:700;letter-spacing:.3px;padding:5px 10px;border-radius:16px;color:#fff}\n.lkx-badge.badge-urgency{background:rgba(214,40,40,.92)}\n.lkx-badge.badge-new{background:rgba(54,133,252,.92)}\n.lkx-badge.badge-top{background:rgba(195,159,118,.95)}\n.lkx-badge.badge-info{background:rgba(40,40,40,.78)}\n\n\/* SECONDARY GRID *\/\n.lkx-grid{display:grid;grid-template-columns:1fr 1fr;gap:14px}\n.lkx-card{background:#fff;border:1px solid #ece7df;border-radius:14px;overflow:hidden;text-decoration:none!important;color:inherit;box-shadow:0 4px 14px rgba(0,0,0,.05);display:flex;flex-direction:column;transition:box-shadow .2s,transform .2s}\n.lkx-card:hover{box-shadow:0 10px 24px rgba(0,0,0,.1);transform:translateY(-2px)}\n.lkx-card-img{position:relative;aspect-ratio:16\/10;background-size:cover;background-position:center;background-color:#eee}\n.lkx-card-body{padding:14px 16px 16px;display:flex;flex-direction:column;gap:7px;flex:1}\n.lkx-card-bottom{margin-top:auto;padding-top:10px;display:flex;align-items:center;justify-content:space-between;gap:8px}\n\n\/* DISCLOSURE \u2014 drobn\u00e1, kv\u016fli d\u016fv\u011b\u0159e\/z\u00e1konu *\/\n.lkx-disclosure{font-size:11px;color:#a7adb3;text-align:center;margin-top:14px;line-height:1.6}\n.lkx-disclosure a{color:#c39f76;text-decoration:none}\n\n@media(max-width:680px){\n  .lkx-hero{grid-template-columns:1fr}\n  .lkx-hero-img{min-height:180px}\n  .lkx-grid{grid-template-columns:1fr}\n  .lkx-head-meta{margin-left:0;width:100%}\n  .lkx-head-title{font-size:19px}\n}\n\n<\/style>\n<div class=\"lkx-module\" data-query=\"bulgaria\">\n  <div class=\"lkx-head\">\n    <div class=\"lkx-head-main\">\n      <span class=\"lkx-head-accent\"><\/span>\n      <span class=\"lkx-head-title\">Experien\u021be \u0219i bilete<\/span>\n    <\/div>\n    <span class=\"lkx-head-meta\">evaluat de c\u0103l\u0103tori \u00b7 GetYourGuide<\/span>\n  <\/div><a class=\"lkx-hero\" href=\"https:\/\/www.getyourguide.com\/ro-ro\/pomorie-l149447\/sunny-beach-excursie-la-lacurile-sarate-si-la-baile-de-namol-t1259959\/?partner_id=MKZ64IS&amp;utm_medium=online_publisher&amp;cmp=cele-mai-frumoase-plaje-bulgaria\" target=\"_blank\" rel=\"sponsored noopener nofollow\">\n    <div class=\"lkx-hero-img\" style=\"background-image:url('https:\/\/cdn.getyourguide.com\/img\/tour\/378ce030b6b58bfca59767d2cffdf74a461b5fb0d66cd6d8a87bf21be2776b91.jpg\/132.jpg')\" role=\"img\" aria-label=\"Sunny Beach: Excursie la lacurile s\u0103rate \u0219i la b\u0103ile de n\u0103mol\">\n      <span class=\"lkx-pick\">\u2605 Recomandarea noastr\u0103<\/span><\/div>\n    <div class=\"lkx-hero-body\">\n      <div class=\"lkx-title\">Sunny Beach: Excursie la lacurile s\u0103rate \u0219i la b\u0103ile de n\u0103mol<\/div>\n      <div class=\"lkx-proof\">\n      <span class=\"lkx-stars\">\u2605\u2605\u2605\u2605\u2605<\/span>\n      <b>4.7<\/b> \u00b7 119 de recenzii\n    <\/div>\n      <div class=\"lkx-hero-bottom\"><div class=\"lkx-price\">de la <b>45\u00a0EUR<\/b><\/div><span class=\"lkx-cta lkx-cta-hero\">Vreau aceast\u0103 experien\u021b\u0103 \u2192<\/span>\n      <\/div>\n    <\/div>\n  <\/a><div class=\"lkx-disclosure\">\ud83d\udd17 Linkurile sunt de afiliere \u2014 nu \u00ee\u021bi schimb\u0103 pre\u021bul, dar ne ajut\u0103 s\u0103 cre\u0103m con\u021binut. \u00b7 <a href=\"https:\/\/www.getyourguide.com\/ro-ro\/s\/?q=bulgaria&amp;partner_id=MKZ64IS&amp;utm_medium=online_publisher\" target=\"_blank\" rel=\"sponsored noopener nofollow\">Toate experien\u021bele \u2192<\/a><\/div>\n<\/div>\n<!-- LKM_GYG_CARD end -->\n\n\n\n\n<div class=\"lk-stays-module\">\n<style>\n\/* \u2500\u2500\u2500 RESET PRO GUTENBERG \u2500\u2500\u2500 *\/\n.lk-stays-module * { box-sizing: border-box; margin: 0; padding: 0; }\n\n\/* \u2500\u2500\u2500 WRAPPER \u2500\u2500\u2500 *\/\n.lk-stays-module {\n  font-family: 'DM Sans', Georgia, sans-serif;\n  max-width: 100%;\n  margin: 2.5rem auto;\n  background: linear-gradient(135deg, #fdfaf5 0%, #fcf8f0 100%);\n  border: 1px solid #e8dfd4;\n  border-radius: 16px;\n  overflow: hidden;\n  box-shadow: 0 16px 48px rgba(195, 159, 118, 0.25), 0 4px 12px rgba(0,0,0,0.08);\n}\n\n\/* \u2500\u2500\u2500 HEADER \u2500\u2500\u2500 *\/\n.lk-stays-header {\n  position: relative;\n  padding: 24px 36px 24px;\n  background: linear-gradient(135deg, #c39f76 0%, #d4b188 60%, #c39f76 100%);\n  border-bottom: 1px solid rgba(255,255,255,.15);\n  display: flex;\n  align-items: center;\n  gap: 18px;\n}\n.lk-stays-header::before {\n  content: '';\n  position: absolute;\n  inset: 0;\n  background: url(\"data:image\/svg+xml,%3Csvg width='60' height='60' viewBox='0 0 60 60' xmlns='http:\/\/www.w3.org\/2000\/svg'%3E%3Cg fill='none' fill-rule='evenodd'%3E%3Cg fill='%23ffffff' fill-opacity='0.05'%3E%3Cpath d='M36 34v-4h-2v4h-4v2h4v4h2v-4h4v-2h-4zm0-30V0h-2v4h-4v2h4v4h2V6h4V4h-4zM6 34v-4H4v4H0v2h4v4h2v-4h4v-2H6zM6 4V0H4v4H0v2h4v4h2V6h4V4H6z'\/%3E%3C\/g%3E%3C\/g%3E%3C\/svg%3E\") repeat;\n  pointer-events: none;\n}\n.lk-stays-icon {\n  flex-shrink: 0;\n  width: 68px;\n  height: 68px;\n  border-radius: 14px;\n  background: linear-gradient(135deg, #fff 0%, #f9f6f0 100%);\n  display: flex;\n  align-items: center;\n  justify-content: center;\n  font-size: 26px;\n  box-shadow: 0 4px 12px rgba(0,0,0,0.15);\n}\n.lk-stays-eyebrow {\n  font-size: 10px;\n  font-weight: 500;\n  letter-spacing: 2.5px;\n  text-transform: uppercase;\n  color: rgba(255,255,255,.85);\n  margin: 0 0 5px 0;\n}\n.lk-stays-title {\n  font-family: 'Playfair Display', Georgia, serif;\n  font-size: 24px;\n  font-weight: 700;\n  color: #fff;\n  line-height: 1.2;\n  text-shadow: 0 1px 2px rgba(0,0,0,0.1);\n  margin: 0;\n}\n.lk-stays-subtitle {\n  font-size: 13px;\n  color: rgba(255,255,255,.75);\n  margin: 4px 0 0 0;\n  font-weight: 300;\n}\n\n\/* \u2500\u2500\u2500 CARDS GRID \u2500\u2500\u2500 *\/\n.lk-stays-grid {\n  display: grid;\n  grid-template-columns: 1fr 1fr;\n  gap: 1px;\n  background: rgba(195, 159, 118, 0.12);\n}\n\n\/* \u2500\u2500\u2500 SINGLE CARD \u2500\u2500\u2500 *\/\n.lk-stay-card {\n  background: #ffffff;\n  padding: 26px;\n  display: flex;\n  flex-direction: column;\n  gap: 11px;\n  transition: all 0.3s ease;\n  text-decoration: none;\n  color: inherit;\n  position: relative;\n}\n.lk-stay-card:hover {\n  background: #fffbf5;\n  transform: translateY(-2px);\n  box-shadow: 0 8px 24px rgba(195, 159, 118, 0.18);\n  z-index: 1;\n}\n.lk-stay-card.featured {\n  background: linear-gradient(135deg, #fffdf9 0%, #fff9f0 100%);\n  box-shadow: 0 4px 16px rgba(195, 159, 118, 0.15), inset 0 1px 0 rgba(195, 159, 118, 0.1);\n}\n.lk-stay-card.featured:hover {\n  background: linear-gradient(135deg, #fffbf5 0%, #fff8ed 100%);\n  box-shadow: 0 8px 24px rgba(195, 159, 118, 0.25), inset 0 1px 0 rgba(195, 159, 118, 0.15);\n}\n\n.lk-stay-badge {\n  display: inline-flex;\n  align-items: center;\n  gap: 5px;\n  font-size: 10px;\n  font-weight: 500;\n  letter-spacing: 1.5px;\n  text-transform: uppercase;\n  padding: 5px 11px;\n  border-radius: 20px;\n  width: fit-content;\n}\n.badge-top     { background: linear-gradient(135deg, #c39f76 0%, #d4b188 100%); color: #fff; border: 1px solid #c39f76; font-weight: 600; box-shadow: 0 2px 8px rgba(195,159,118,0.3); }\n.badge-luxury  { background: rgba(195,159,118,.12); color: #c39f76; border: 1px solid rgba(195,159,118,.25); }\n.badge-boutique{ background: rgba(54,133,252,.08); color: #3685fc; border: 1px solid rgba(54,133,252,.2); }\n.badge-nature  { background: rgba(130,190,100,.1); color: #6b9c4a; border: 1px solid rgba(130,190,100,.2); }\n.badge-remote  { background: rgba(195,159,118,.12); color: #a67e50; border: 1px solid rgba(195,159,118,.25); }\n\n.lk-stay-name {\n  font-family: 'Playfair Display', Georgia, serif;\n  font-size: 18px;\n  font-weight: 700;\n  color: #111827;\n  line-height: 1.3;\n}\n.lk-stay-desc {\n  font-size: 13.5px;\n  color: #525252;\n  line-height: 1.65;\n  font-weight: 300;\n  flex: 1;\n}\n\n.lk-stay-meta {\n  display: flex;\n  align-items: center;\n  gap: 12px;\n  flex-wrap: wrap;\n  margin-top: 4px;\n}\n.lk-stay-price {\n  font-size: 13px;\n  color: #6b7280;\n}\n.lk-stay-price strong {\n  color: #c39f76;\n  font-weight: 500;\n}\n.lk-stay-stars {\n  color: #c39f76;\n  font-size: 11px;\n  letter-spacing: 1px;\n}\n\n\/* \u2500\u2500\u2500 CTA BUTTON \u2500\u2500\u2500 *\/\n.lk-stay-cta {\n  display: inline-flex;\n  align-items: center;\n  justify-content: center;\n  gap: 7px;\n  margin-top: 8px;\n  padding: 11px 20px;\n  border-radius: 8px;\n  background: linear-gradient(135deg, #3685fc 0%, #2a6fd9 100%);\n  color: #fff;\n  font-size: 13px;\n  font-weight: 500;\n  text-decoration: none;\n  letter-spacing: .3px;\n  transition: all .2s ease;\n  cursor: pointer;\n  border: none;\n  text-align: center;\n  box-shadow: 0 4px 12px rgba(54, 133, 252, 0.25);\n}\n.lk-stay-cta:hover {\n  background: linear-gradient(135deg, #2a6fd9 0%, #1e5bc4 100%);\n  transform: translateY(-1px);\n  box-shadow: 0 6px 16px rgba(54, 133, 252, 0.35);\n}\n.lk-stay-cta svg { flex-shrink: 0; }\n\n\/* \u2500\u2500\u2500 FOOTER \u2500\u2500\u2500 *\/\n.lk-stays-footer {\n  padding: 18px 36px;\n  background: linear-gradient(to bottom, #fdfaf5 0%, #f9f4ed 100%);\n  border-top: 1px solid rgba(195, 159, 118, 0.15);\n  display: flex;\n  align-items: center;\n  justify-content: space-between;\n  flex-wrap: wrap;\n  gap: 12px;\n}\n.lk-stays-footer-note {\n  font-size: 11.5px;\n  color: #6b7280;\n  font-weight: 300;\n  line-height: 1.5;\n}\n.lk-stays-footer-note a {\n  color: #c39f76;\n  text-decoration: none;\n  font-weight: 400;\n}\n.lk-stays-footer-note a:hover {\n  text-decoration: underline;\n}\n.lk-stays-all-btn {\n  display: inline-flex;\n  align-items: center;\n  gap: 6px;\n  font-size: 12.5px;\n  font-weight: 500;\n  color: #c39f76;\n  text-decoration: none;\n  border: 1px solid rgba(195, 159, 118, 0.35);\n  padding: 8px 18px;\n  border-radius: 8px;\n  transition: all .2s ease;\n}\n.lk-stays-all-btn:hover {\n  background: rgba(195, 159, 118, 0.08);\n  border-color: rgba(195, 159, 118, 0.5);\n}\n\n\/* \u2500\u2500\u2500 RESPONSIVE \u2500\u2500\u2500 *\/\n@media (max-width: 600px) {\n  .lk-stays-grid { grid-template-columns: 1fr; }\n  .lk-stays-header { padding: 24px 20px; }\n  .lk-stays-footer { padding: 16px 20px; }\n  .lk-stay-card { padding: 22px; }\n  .lk-stays-title { font-size: 20px; }\n}\n<\/style>\n\n  <!-- HEADER -->\n  <div class=\"lk-stays-header\">\n    <img decoding=\"async\" src=\"https:\/\/loudavymkrokem.cz\/wp-content\/uploads\/2026\/02\/lukas-a-lucka.jpg\" alt=\"\" style=\"width: 75px; height: 75px; border-radius: 8px; flex-shrink: 0; object-fit: cover; display: block; margin: 4px 0;\" title=\"\">\n    <div class=\"lk-stays-header-text\">\n      <div class=\"lk-stays-eyebrow\">Luk\u00e1\u0161 \u0219i Lucie recomand\u0103<\/div>\n      <div class=\"lk-stays-title\">Unde s\u0103 te cazezi \u00een Bulgaria<\/div>\n      <div class=\"lk-stays-subtitle\">6 caz\u0103ri \u2014 hoteluri \u0219i alte op\u021biuni de cazare<\/div>\n    <\/div>\n  <\/div>\n\n  <!-- CARDS -->\n  <div class=\"lk-stays-grid\">\n\n    <a class=\"lk-stay-card featured\" href=\"https:\/\/www.stay22.com\/allez\/roam?aid=lukaskonecny&#038;campaign=loudavymkrokemcz&#038;campaign=ro&#038;campaign=plaze-bulharsko&#038;address=Albena%2C%20Bulharsko\" target=\"_blank\" rel=\"nofollow noopener\">\n      <span class=\"lk-stay-badge badge-top\">\u2b50 TOP ALEGERE<\/span>\n      <span class=\"lk-stay-badge badge-nature\">\ud83c\udfd6\ufe0f Beach<\/span>\n      <div class=\"lk-stay-name\">Cazare \u00een Albena<\/div>\n      <div class=\"lk-stay-desc\">Complex resort \u00eenchis cu plaj\u0103 de 6 km, cu cea mai lin\u0103 intrare \u00een mare de pe coast\u0103, ideal pentru familii cu copii.<\/div>\n      <div class=\"lk-stay-meta\">\n        <span class=\"lk-stay-stars\">\u2605\u2605\u2605\u2605<\/span>\n        <span class=\"lk-stay-price\">Verific\u0103 pre\u021burile<\/span>\n      <\/div>\n      <span class=\"lk-stay-cta\">\n        <svg width=\"14\" height=\"14\" viewBox=\"0 0 24 24\" fill=\"none\" stroke=\"currentColor\" stroke-width=\"2\"><path d=\"M18 13v6a2 2 0 0 1-2 2H5a2 2 0 0 1-2-2V8a2 2 0 0 1 2-2h6\"\/><polyline points=\"15 3 21 3 21 9\"\/><line x1=\"10\" y1=\"14\" x2=\"21\" y2=\"3\"\/><\/svg>\n        Verific\u0103 disponibilitatea\n      <\/span>\n    <\/a>\n\n    <a class=\"lk-stay-card\" href=\"https:\/\/www.stay22.com\/allez\/roam?aid=lukaskonecny&#038;campaign=loudavymkrokemcz&#038;campaign=ro&#038;campaign=plaze-bulharsko&#038;address=Kranevo%2C%20Bulharsko\" target=\"_blank\" rel=\"nofollow noopener\">\n      <span class=\"lk-stay-badge badge-nature\">\ud83c\udfd6\ufe0f Beach<\/span>\n      <div class=\"lk-stay-name\">Cazare \u00een Kranevo<\/div>\n      <div class=\"lk-stay-desc\">Alternativ\u0103 mai lini\u0219tit\u0103 la Albena cu plaj\u0103 de calitate superioar\u0103 cu Steag Albastru, pre\u021buri mai mici dec\u00e2t \u00een sta\u021biunile vecine.<\/div>\n      <div class=\"lk-stay-meta\">\n        <span class=\"lk-stay-stars\">\u2605\u2605\u2605\u2605<\/span>\n        <span class=\"lk-stay-price\">Verific\u0103 pre\u021burile<\/span>\n      <\/div>\n      <span class=\"lk-stay-cta\">\n        <svg width=\"14\" height=\"14\" viewBox=\"0 0 24 24\" fill=\"none\" stroke=\"currentColor\" stroke-width=\"2\"><path d=\"M18 13v6a2 2 0 0 1-2 2H5a2 2 0 0 1-2-2V8a2 2 0 0 1 2-2h6\"\/><polyline points=\"15 3 21 3 21 9\"\/><line x1=\"10\" y1=\"14\" x2=\"21\" y2=\"3\"\/><\/svg>\n        Verific\u0103 disponibilitatea\n      <\/span>\n    <\/a>\n\n    <a class=\"lk-stay-card\" href=\"https:\/\/www.stay22.com\/allez\/roam?aid=lukaskonecny&#038;campaign=loudavymkrokemcz&#038;campaign=ro&#038;campaign=plaze-bulharsko&#038;address=Zlat%C3%A9%20p%C3%ADsky%2C%20Bulharsko\" target=\"_blank\" rel=\"nofollow noopener\">\n      <span class=\"lk-stay-badge badge-nature\">\ud83c\udfd6\ufe0f Beach<\/span>\n      <div class=\"lk-stay-name\">Cazare \u00een Nisipurile de Aur<\/div>\n      <div class=\"lk-stay-desc\">Al doilea cel mai mare resort din \u021bar\u0103 cu plaj\u0103 de 3,5 km \u00een parc natural, zeci de baruri pe plaj\u0103 \u0219i via\u021b\u0103 de noapte activ\u0103.<\/div>\n      <div class=\"lk-stay-meta\">\n        <span class=\"lk-stay-stars\">\u2605\u2605\u2605\u2605<\/span>\n        <span class=\"lk-stay-price\">Verific\u0103 pre\u021burile<\/span>\n      <\/div>\n      <span class=\"lk-stay-cta\">\n        <svg width=\"14\" height=\"14\" viewBox=\"0 0 24 24\" fill=\"none\" stroke=\"currentColor\" stroke-width=\"2\"><path d=\"M18 13v6a2 2 0 0 1-2 2H5a2 2 0 0 1-2-2V8a2 2 0 0 1 2-2h6\"\/><polyline points=\"15 3 21 3 21 9\"\/><line x1=\"10\" y1=\"14\" x2=\"21\" y2=\"3\"\/><\/svg>\n        Verific\u0103 disponibilitatea\n      <\/span>\n    <\/a>\n\n    <a class=\"lk-stay-card\" href=\"https:\/\/www.stay22.com\/allez\/roam?aid=lukaskonecny&#038;campaign=loudavymkrokemcz&#038;campaign=ro&#038;campaign=plaze-bulharsko&#038;address=Slune%C4%8Dn%C3%A9%20pob%C5%99e%C5%BE%C3%AD%2C%20Bulharsko\" target=\"_blank\" rel=\"nofollow noopener\">\n      <span class=\"lk-stay-badge badge-nature\">\ud83c\udfd6\ufe0f Beach<\/span>\n      <div class=\"lk-stay-name\">Cazare pe Sunny Beach<\/div>\n      <div class=\"lk-stay-desc\">Cea mai mare sta\u021biune bulg\u0103reasc\u0103 cu plaj\u0103 de 6,1 km, centrul turismului cu via\u021b\u0103 de noapte vibrant\u0103 \u0219i parcuri acvatice.<\/div>\n      <div class=\"lk-stay-meta\">\n        <span class=\"lk-stay-stars\">\u2605\u2605\u2605\u2605<\/span>\n        <span class=\"lk-stay-price\">Verific\u0103 pre\u021burile<\/span>\n      <\/div>\n      <span class=\"lk-stay-cta\">\n        <svg width=\"14\" height=\"14\" viewBox=\"0 0 24 24\" fill=\"none\" stroke=\"currentColor\" stroke-width=\"2\"><path d=\"M18 13v6a2 2 0 0 1-2 2H5a2 2 0 0 1-2-2V8a2 2 0 0 1 2-2h6\"\/><polyline points=\"15 3 21 3 21 9\"\/><line x1=\"10\" y1=\"14\" x2=\"21\" y2=\"3\"\/><\/svg>\n        Verific\u0103 disponibilitatea\n      <\/span>\n    <\/a>\n\n    <a class=\"lk-stay-card\" href=\"https:\/\/www.stay22.com\/allez\/roam?aid=lukaskonecny&#038;campaign=loudavymkrokemcz&#038;campaign=ro&#038;campaign=plaze-bulharsko&#038;address=Nesebar%2C%20Bulharsko\" target=\"_blank\" rel=\"nofollow noopener\">\n      <span class=\"lk-stay-badge badge-nature\">\ud83c\udfe8 Hotel<\/span>\n      <div class=\"lk-stay-name\">Cazare \u00een Nesebar<\/div>\n      <div class=\"lk-stay-desc\">Ora\u0219 istoric UNESCO cu plaj\u0103 sudic\u0103, atmosfer\u0103 cultivat\u0103, combina\u021bie de plaj\u0103 \u0219i vizitare de monumente.<\/div>\n      <div class=\"lk-stay-meta\">\n        <span class=\"lk-stay-stars\">\u2605\u2605\u2605\u2605<\/span>\n        <span class=\"lk-stay-price\">Verific\u0103 pre\u021burile<\/span>\n      <\/div>\n      <span class=\"lk-stay-cta\">\n        <svg width=\"14\" height=\"14\" viewBox=\"0 0 24 24\" fill=\"none\" stroke=\"currentColor\" stroke-width=\"2\"><path d=\"M18 13v6a2 2 0 0 1-2 2H5a2 2 0 0 1-2-2V8a2 2 0 0 1 2-2h6\"\/><polyline points=\"15 3 21 3 21 9\"\/><line x1=\"10\" y1=\"14\" x2=\"21\" y2=\"3\"\/><\/svg>\n        Verific\u0103 disponibilitatea\n      <\/span>\n    <\/a>\n\n    <a class=\"lk-stay-card\" href=\"https:\/\/www.stay22.com\/allez\/roam?aid=lukaskonecny&#038;campaign=loudavymkrokemcz&#038;campaign=ro&#038;campaign=plaze-bulharsko&#038;address=Sozopol%2C%20Bulharsko\" target=\"_blank\" rel=\"nofollow noopener\">\n      <span class=\"lk-stay-badge badge-nature\">\ud83c\udfe8 Hotel<\/span>\n      <div class=\"lk-stay-name\">Cazare \u00een Sozopol<\/div>\n      <div class=\"lk-stay-desc\">Cea mai elegant\u0103 sta\u021biune din sud cu centru antic, dou\u0103 plaje cu Steag Albastru, cea mai bun\u0103 gastronomie.<\/div>\n      <div class=\"lk-stay-meta\">\n        <span class=\"lk-stay-stars\">\u2605\u2605\u2605\u2605<\/span>\n        <span class=\"lk-stay-price\">Verific\u0103 pre\u021burile<\/span>\n      <\/div>\n      <span class=\"lk-stay-cta\">\n        <svg width=\"14\" height=\"14\" viewBox=\"0 0 24 24\" fill=\"none\" stroke=\"currentColor\" stroke-width=\"2\"><path d=\"M18 13v6a2 2 0 0 1-2 2H5a2 2 0 0 1-2-2V8a2 2 0 0 1 2-2h6\"\/><polyline points=\"15 3 21 3 21 9\"\/><line x1=\"10\" y1=\"14\" x2=\"21\" y2=\"3\"\/><\/svg>\n        Verific\u0103 disponibilitatea\n      <\/span>\n    <\/a>\n\n  <\/div>\n\n  \n<\/div>\n\n\n\n\n<h3 class=\"wp-block-heading\"><span class=\"ez-toc-section\" id=\"13_Karadere\"><\/span>13. Karadere<span class=\"ez-toc-section-end\"><\/span><\/h3>\n\n\n\n<p class=\"wp-block-paragraph\">Aproximativ la jum\u0103tatea drumului dintre Varna \u0219i Burgas, l\u00e2ng\u0103 or\u0103\u0219elul Byala, se afl\u0103 o plaj\u0103 care de ani buni st\u00e2rne\u0219te emo\u021bii uria\u0219e. Karadere m\u0103soar\u0103 c\u00e2\u021biva kilometri \u0219i e o <strong>adev\u0103rat\u0103 s\u0103lb\u0103ticie protejat\u0103 \u00een programul <a href=\"https:\/\/ec.europa.eu\/environment\/nature\/natura2000\/index_en.htm\" rel=\"nofollow noopener\" target=\"_blank\">Natura 2000<\/a><\/strong>. Drumul p\u00e2n\u0103 aici duce pe un drum de c\u00e2mp foarte prost, care dup\u0103 o ploaie mai puternic\u0103 devine complet impracticabil pentru ma\u0219inile joase obi\u0219nuite.<\/p>\n\n\n\n<p class=\"wp-block-paragraph\">La Karadere nu g\u0103se\u0219ti electricitate, co\u0219uri de gunoi \u0219i nici salvamari, iar <strong>singura surs\u0103 de ap\u0103 potabil\u0103 este un mic izvor<\/strong> din p\u0103dure. \u0218i tocmai asta atrage s\u0103lb\u0103ticia: \u00een fiecare var\u0103 vin aici arti\u0219ti, surferi \u0219i oameni care nu au nevoie de civiliza\u021bie. Golful e cunoscut, \u00een plus, pentru c\u0103 aici apar foarte des, aproape de mal, delfini s\u0103lbatici.<\/p>\n\n\n\n<p class=\"wp-block-paragraph\">Din p\u0103cate, loca\u021bia e amenin\u021bat\u0103 permanent de planurile marilor dezvoltatori, \u00eempotriva c\u0103rora se organizeaz\u0103 \u00een mod regulat proteste. Ini\u021biativa ecologic\u0103 \u201eDa spasim Karadere&#8221; a luptat aici pentru salvarea naturii \u0219i \u00een 2025. Pentru backpackeri e un loc minunat, dar <strong>cu rulota chiar s\u0103 nu vii aici anul acesta<\/strong> (mai multe \u00een sec\u021biunea despre camping de mai jos).<\/p>\n\n\n\n<figure data-wp-context=\"{&quot;imageId&quot;:&quot;6a9c3a706636d&quot;}\" data-wp-interactive=\"core\/image\" data-wp-key=\"6a9c3a706636d\" class=\"wp-block-image size-full wp-lightbox-container\"><img decoding=\"async\" width=\"1800\" height=\"1350\" data-wp-class--hide=\"state.isContentHidden\" data-wp-class--show=\"state.isContentVisible\" data-wp-init=\"callbacks.setButtonStyles\" data-wp-on--click=\"actions.showLightbox\" data-wp-on--load=\"callbacks.setButtonStyles\" data-wp-on--pointerdown=\"actions.preloadImage\" data-wp-on--pointerenter=\"actions.preloadImageWithDelay\" data-wp-on--pointerleave=\"actions.cancelPreload\" data-wp-on-window--resize=\"callbacks.setButtonStyles\" src=\"https:\/\/loudavymkrokem.cz\/wp-content\/uploads\/2026\/08\/bulharsko-research-plaze-bulharsko-19.jpg\" alt=\"Sta\u021biune pe litoralul bulgar\" class=\"wp-image-404230\" title=\"\" srcset=\"https:\/\/loudavymkrokem.cz\/wp-content\/uploads\/2026\/08\/bulharsko-research-plaze-bulharsko-19.jpg 1800w, https:\/\/loudavymkrokem.cz\/wp-content\/uploads\/2026\/08\/bulharsko-research-plaze-bulharsko-19-300x225.jpg 300w, https:\/\/loudavymkrokem.cz\/wp-content\/uploads\/2026\/08\/bulharsko-research-plaze-bulharsko-19-700x525.jpg 700w, https:\/\/loudavymkrokem.cz\/wp-content\/uploads\/2026\/08\/bulharsko-research-plaze-bulharsko-19-768x576.jpg 768w, https:\/\/loudavymkrokem.cz\/wp-content\/uploads\/2026\/08\/bulharsko-research-plaze-bulharsko-19-1536x1152.jpg 1536w, https:\/\/loudavymkrokem.cz\/wp-content\/uploads\/2026\/08\/bulharsko-research-plaze-bulharsko-19-80x60.jpg 80w, https:\/\/loudavymkrokem.cz\/wp-content\/uploads\/2026\/08\/bulharsko-research-plaze-bulharsko-19-160x120.jpg 160w, https:\/\/loudavymkrokem.cz\/wp-content\/uploads\/2026\/08\/bulharsko-research-plaze-bulharsko-19-696x522.jpg 696w, https:\/\/loudavymkrokem.cz\/wp-content\/uploads\/2026\/08\/bulharsko-research-plaze-bulharsko-19-1392x1044.jpg 1392w\" sizes=\"(max-width: 1800px) 100vw, 1800px\" \/><button\n\t\t\tclass=\"lightbox-trigger\"\n\t\t\ttype=\"button\"\n\t\t\taria-haspopup=\"dialog\"\n\t\t\tdata-wp-bind--aria-label=\"state.thisImage.triggerButtonAriaLabel\"\n\t\t\tdata-wp-init=\"callbacks.initTriggerButton\"\n\t\t\tdata-wp-on--click=\"actions.showLightbox\"\n\t\t\tdata-wp-style--right=\"state.thisImage.buttonRight\"\n\t\t\tdata-wp-style--top=\"state.thisImage.buttonTop\"\n\t\t>\n\t\t\t<svg xmlns=\"http:\/\/www.w3.org\/2000\/svg\" width=\"12\" height=\"12\" fill=\"none\" viewBox=\"0 0 12 12\">\n\t\t\t\t<path fill=\"#fff\" d=\"M2 0a2 2 0 0 0-2 2v2h1.5V2a.5.5 0 0 1 .5-.5h2V0H2Zm2 10.5H2a.5.5 0 0 1-.5-.5V8H0v2a2 2 0 0 0 2 2h2v-1.5ZM8 12v-1.5h2a.5.5 0 0 0 .5-.5V8H12v2a2 2 0 0 1-2 2H8Zm2-12a2 2 0 0 1 2 2v2h-1.5V2a.5.5 0 0 0-.5-.5H8V0h2Z\" \/>\n\t\t\t<\/svg>\n\t\t<\/button><figcaption class=\"wp-element-caption\">Foto: Denitsa Kireva \/ Pexels<\/figcaption><\/figure>\n\n\n\n<h2 class=\"wp-block-heading\"><span class=\"ez-toc-section\" id=\"Clasica_statiunile_si_plajele_urbane\"><\/span>Clasica: sta\u021biunile \u0219i plajele urbane<span class=\"ez-toc-section-end\"><\/span><\/h2>\n\n\n\n<p class=\"wp-block-paragraph\">Pentru aceia dintre voi care caut\u0103 \u00een vacan\u021b\u0103 mai ales confort, servicii impecabile \u0219i distrac\u021bie garantat\u0103, <strong>sta\u021biunile din Bulgaria<\/strong> ofer\u0103 <strong>facilit\u0103\u021bi de prim\u0103 clas\u0103<\/strong>. Uit\u0103 de vechile hoteluri din blocuri din vremea socialismului, sta\u021biunile de azi nu au nimic de invidiat celor din Vestul Europei.<\/p>\n\n\n\n<p class=\"wp-block-paragraph\">Fie c\u0103 e\u0219ti \u00een c\u0103utarea unor <strong>ape pu\u021bin ad\u00e2nci \u0219i sigure pentru bebelu\u0219i<\/strong>, a unei vie\u021bi de noapte nesf\u00e2r\u0219ite sau a unor <strong>plimb\u0103ri romantice pe uli\u021be istorice<\/strong>, cu siguran\u021b\u0103 vei alege ceva din aceast\u0103 ofert\u0103. \u00cen plus, la pre\u021buri care, comparativ cu sudul Europei, sunt \u00een continuare foarte prietenoase.<\/p>\n\n\n\n<figure data-wp-context=\"{&quot;imageId&quot;:&quot;6a9c3a70668ce&quot;}\" data-wp-interactive=\"core\/image\" data-wp-key=\"6a9c3a70668ce\" class=\"wp-block-image size-full wp-lightbox-container\"><img decoding=\"async\" width=\"1800\" height=\"1196\" data-wp-class--hide=\"state.isContentHidden\" data-wp-class--show=\"state.isContentVisible\" data-wp-init=\"callbacks.setButtonStyles\" data-wp-on--click=\"actions.showLightbox\" data-wp-on--load=\"callbacks.setButtonStyles\" data-wp-on--pointerdown=\"actions.preloadImage\" data-wp-on--pointerenter=\"actions.preloadImageWithDelay\" data-wp-on--pointerleave=\"actions.cancelPreload\" data-wp-on-window--resize=\"callbacks.setButtonStyles\" src=\"https:\/\/loudavymkrokem.cz\/wp-content\/uploads\/2026\/08\/bulharsko-research-plaze-bulharsko-20.jpg\" alt=\"Plaja lat\u0103 de nisip a sta\u021biunii Albena\" class=\"wp-image-404233\" title=\"\" srcset=\"https:\/\/loudavymkrokem.cz\/wp-content\/uploads\/2026\/08\/bulharsko-research-plaze-bulharsko-20.jpg 1800w, https:\/\/loudavymkrokem.cz\/wp-content\/uploads\/2026\/08\/bulharsko-research-plaze-bulharsko-20-300x199.jpg 300w, https:\/\/loudavymkrokem.cz\/wp-content\/uploads\/2026\/08\/bulharsko-research-plaze-bulharsko-20-700x465.jpg 700w, https:\/\/loudavymkrokem.cz\/wp-content\/uploads\/2026\/08\/bulharsko-research-plaze-bulharsko-20-768x510.jpg 768w, https:\/\/loudavymkrokem.cz\/wp-content\/uploads\/2026\/08\/bulharsko-research-plaze-bulharsko-20-1536x1021.jpg 1536w, https:\/\/loudavymkrokem.cz\/wp-content\/uploads\/2026\/08\/bulharsko-research-plaze-bulharsko-20-696x462.jpg 696w, https:\/\/loudavymkrokem.cz\/wp-content\/uploads\/2026\/08\/bulharsko-research-plaze-bulharsko-20-1392x925.jpg 1392w\" sizes=\"(max-width: 1800px) 100vw, 1800px\" \/><button\n\t\t\tclass=\"lightbox-trigger\"\n\t\t\ttype=\"button\"\n\t\t\taria-haspopup=\"dialog\"\n\t\t\tdata-wp-bind--aria-label=\"state.thisImage.triggerButtonAriaLabel\"\n\t\t\tdata-wp-init=\"callbacks.initTriggerButton\"\n\t\t\tdata-wp-on--click=\"actions.showLightbox\"\n\t\t\tdata-wp-style--right=\"state.thisImage.buttonRight\"\n\t\t\tdata-wp-style--top=\"state.thisImage.buttonTop\"\n\t\t>\n\t\t\t<svg xmlns=\"http:\/\/www.w3.org\/2000\/svg\" width=\"12\" height=\"12\" fill=\"none\" viewBox=\"0 0 12 12\">\n\t\t\t\t<path fill=\"#fff\" d=\"M2 0a2 2 0 0 0-2 2v2h1.5V2a.5.5 0 0 1 .5-.5h2V0H2Zm2 10.5H2a.5.5 0 0 1-.5-.5V8H0v2a2 2 0 0 0 2 2h2v-1.5ZM8 12v-1.5h2a.5.5 0 0 0 .5-.5V8H12v2a2 2 0 0 1-2 2H8Zm2-12a2 2 0 0 1 2 2v2h-1.5V2a.5.5 0 0 0-.5-.5H8V0h2Z\" \/>\n\t\t\t<\/svg>\n\t\t<\/button><figcaption class=\"wp-element-caption\">Foto: www.bdmundo.com \/ Wikimedia Commons, CC BY-SA 2.0<\/figcaption><\/figure>\n\n\n\n<h3 class=\"wp-block-heading\"><span class=\"ez-toc-section\" id=\"14_Albena\"><\/span>14. Albena<span class=\"ez-toc-section-end\"><\/span><\/h3>\n\n\n\n<p class=\"wp-block-paragraph\">Albena este probabil cea mai atent proiectat\u0103 sta\u021biune de pe tot litoralul pentru o vacan\u021b\u0103 de familie cu copii mici, iar cifrele despre ad\u00e2ncimea apei o confirm\u0103. Albena e un complex \u00eenchis la nord de Varna, care se m\u00e2ndre\u0219te cu o plaj\u0103 de nisip <strong>lung\u0103 de \u0219ase kilometri \u0219i incredibil de lat\u0103, de 150 de metri<\/strong>. \u00cen plin sezon, \u00eentreaga zon\u0103 e, \u00een plus, \u00eenchis\u0103 traficului auto obi\u0219nuit.<\/p>\n\n\n\n<p class=\"wp-block-paragraph\">Plaja e organizat\u0103 exemplar \u0219i de\u021bine, bine\u00een\u021beles, Steag Albastru. G\u0103se\u0219ti aici chiar \u0219i prima bibliotec\u0103 de plaj\u0103 din Europa, care ofer\u0103 gratuit peste 6 000 de titluri \u00een cincisprezece limbi, dar \u0219i mini-seifuri sigure \u00eencorporate chiar l\u00e2ng\u0103 umbrele. Pentru \u00eenchirierea unui \u0219ezlong pl\u0103te\u0219ti <strong>foarte simpaticii 3,58 \u20ac<\/strong> (cca 20 lei), ceea ce, pentru o sta\u021biune premium, e un pre\u021b excelent.<\/p>\n\n\n\n<p class=\"wp-block-paragraph\">Dar cel mai important lucru se ascunde sub luciul apei. Albena are <strong>cea mai lin\u0103 intrare \u00een mare de pe tot litoralul<\/strong> (mai multe detalii g\u0103se\u0219ti \u00een sec\u021biunea pentru familii). Apa e minunat de curat\u0103, iar datorit\u0103 nisipului fin, f\u0103r\u0103 nicio piatr\u0103, nu ai nevoie de papuci pentru ap\u0103.<\/p>\n\n\n\n<figure data-wp-context=\"{&quot;imageId&quot;:&quot;6a9c3a7066ea0&quot;}\" data-wp-interactive=\"core\/image\" data-wp-key=\"6a9c3a7066ea0\" class=\"wp-block-image size-full wp-lightbox-container\"><img decoding=\"async\" width=\"1800\" height=\"1350\" data-wp-class--hide=\"state.isContentHidden\" data-wp-class--show=\"state.isContentVisible\" data-wp-init=\"callbacks.setButtonStyles\" data-wp-on--click=\"actions.showLightbox\" data-wp-on--load=\"callbacks.setButtonStyles\" data-wp-on--pointerdown=\"actions.preloadImage\" data-wp-on--pointerenter=\"actions.preloadImageWithDelay\" data-wp-on--pointerleave=\"actions.cancelPreload\" data-wp-on-window--resize=\"callbacks.setButtonStyles\" src=\"https:\/\/loudavymkrokem.cz\/wp-content\/uploads\/2026\/08\/bulharsko-research-plaze-bulharsko-21.jpg\" alt=\"Plaja din Kranevo \u00eentre Albena \u0219i Nisipurile de Aur\" class=\"wp-image-404237\" title=\"\" srcset=\"https:\/\/loudavymkrokem.cz\/wp-content\/uploads\/2026\/08\/bulharsko-research-plaze-bulharsko-21.jpg 1800w, https:\/\/loudavymkrokem.cz\/wp-content\/uploads\/2026\/08\/bulharsko-research-plaze-bulharsko-21-300x225.jpg 300w, https:\/\/loudavymkrokem.cz\/wp-content\/uploads\/2026\/08\/bulharsko-research-plaze-bulharsko-21-700x525.jpg 700w, https:\/\/loudavymkrokem.cz\/wp-content\/uploads\/2026\/08\/bulharsko-research-plaze-bulharsko-21-768x576.jpg 768w, https:\/\/loudavymkrokem.cz\/wp-content\/uploads\/2026\/08\/bulharsko-research-plaze-bulharsko-21-1536x1152.jpg 1536w, https:\/\/loudavymkrokem.cz\/wp-content\/uploads\/2026\/08\/bulharsko-research-plaze-bulharsko-21-80x60.jpg 80w, https:\/\/loudavymkrokem.cz\/wp-content\/uploads\/2026\/08\/bulharsko-research-plaze-bulharsko-21-160x120.jpg 160w, https:\/\/loudavymkrokem.cz\/wp-content\/uploads\/2026\/08\/bulharsko-research-plaze-bulharsko-21-696x522.jpg 696w, https:\/\/loudavymkrokem.cz\/wp-content\/uploads\/2026\/08\/bulharsko-research-plaze-bulharsko-21-1392x1044.jpg 1392w\" sizes=\"(max-width: 1800px) 100vw, 1800px\" \/><button\n\t\t\tclass=\"lightbox-trigger\"\n\t\t\ttype=\"button\"\n\t\t\taria-haspopup=\"dialog\"\n\t\t\tdata-wp-bind--aria-label=\"state.thisImage.triggerButtonAriaLabel\"\n\t\t\tdata-wp-init=\"callbacks.initTriggerButton\"\n\t\t\tdata-wp-on--click=\"actions.showLightbox\"\n\t\t\tdata-wp-style--right=\"state.thisImage.buttonRight\"\n\t\t\tdata-wp-style--top=\"state.thisImage.buttonTop\"\n\t\t>\n\t\t\t<svg xmlns=\"http:\/\/www.w3.org\/2000\/svg\" width=\"12\" height=\"12\" fill=\"none\" viewBox=\"0 0 12 12\">\n\t\t\t\t<path fill=\"#fff\" d=\"M2 0a2 2 0 0 0-2 2v2h1.5V2a.5.5 0 0 1 .5-.5h2V0H2Zm2 10.5H2a.5.5 0 0 1-.5-.5V8H0v2a2 2 0 0 0 2 2h2v-1.5ZM8 12v-1.5h2a.5.5 0 0 0 .5-.5V8H12v2a2 2 0 0 1-2 2H8Zm2-12a2 2 0 0 1 2 2v2h-1.5V2a.5.5 0 0 0-.5-.5H8V0h2Z\" \/>\n\t\t\t<\/svg>\n\t\t<\/button><figcaption class=\"wp-element-caption\">Foto: Dziadzik me!!! \/ Wikimedia Commons (CC BY-SA 3.0)<\/figcaption><\/figure>\n\n\n\n<p class=\"wp-block-paragraph\">\ud83d\udc49 <a href=\"https:\/\/www.stay22.com\/allez\/roam?aid=lukaskonecny&#038;campaign=loudavymkrokemcz&#038;campaign=plaze-bulharsko&#038;address=Albena%2C%20Bulharsko\" target=\"_blank\" rel=\"nofollow noopener\"><strong>Vezi pre\u021burile caz\u0103rii din apropierea acestei plaje<\/strong><\/a><\/p>\n\n\n\n<h3 class=\"wp-block-heading\"><span class=\"ez-toc-section\" id=\"15_Kranevo\"><\/span>15. Kranevo<span class=\"ez-toc-section-end\"><\/span><\/h3>\n\n\n\n<p class=\"wp-block-paragraph\">Chiar \u00een vecin\u0103tatea mai luxoasei Albena se afl\u0103 sta\u021biunea mai mic\u0103 Kranevo. \u00cemparte cu ea practic aceea\u0219i f\u00e2\u0219ie de nisip, dar aici domne\u0219te o <strong>atmosfer\u0103 mult mai relaxat\u0103 \u0219i, mai ales, mai ieftin\u0103<\/strong>. Plaja \u00ee\u0219i p\u0103streaz\u0103 o calitate de top, dovad\u0103 fiind \u0219i faptul c\u0103 at\u00e2t partea nordic\u0103, c\u00e2t \u0219i cea central\u0103 au ob\u021binut pentru 2026 Steag Albastru.<\/p>\n\n\n\n<p class=\"wp-block-paragraph\">C\u0103l\u0103torii laud\u0103 Kranevo ca un compromis ideal. Nisipul e str\u0103lucitor de curat, fundul nu con\u021bine pietre nepl\u0103cute sau alge, iar \u00eenclina\u021bia spre ap\u0103 e foarte lin\u0103. Spre deosebire de marile sta\u021biuni vecine, aici <strong>pl\u0103te\u0219ti pentru pr\u00e2nz \u00een restaurantele locale sim\u021bitor mai pu\u021bin<\/strong>, dar calitatea serviciilor r\u0103m\u00e2ne ridicat\u0103.<\/p>\n\n\n\n<p class=\"wp-block-paragraph\">Interesant este c\u0103 Kranevo se num\u0103r\u0103 printre acele loca\u021bii rare de pe litoralul nordic unde ajung din c\u00e2nd \u00een c\u00e2nd \u0219i <strong>iubitorii de kitesurfing<\/strong>. Potrivit statisticilor, aici bate \u00eens\u0103 un v\u00e2nt utilizabil doar \u00een vreo 11% din zilele anului, \u00een special prim\u0103vara \u0219i toamna, a\u0219a c\u0103 <strong>baia de var\u0103<\/strong> nu este deranjat\u0103 deloc de valuri.<\/p>\n\n\n\n<figure data-wp-context=\"{&quot;imageId&quot;:&quot;6a9c3a706758f&quot;}\" data-wp-interactive=\"core\/image\" data-wp-key=\"6a9c3a706758f\" class=\"wp-block-image size-full wp-lightbox-container\"><img decoding=\"async\" width=\"1800\" height=\"1012\" data-wp-class--hide=\"state.isContentHidden\" data-wp-class--show=\"state.isContentVisible\" data-wp-init=\"callbacks.setButtonStyles\" data-wp-on--click=\"actions.showLightbox\" data-wp-on--load=\"callbacks.setButtonStyles\" data-wp-on--pointerdown=\"actions.preloadImage\" data-wp-on--pointerenter=\"actions.preloadImageWithDelay\" data-wp-on--pointerleave=\"actions.cancelPreload\" data-wp-on-window--resize=\"callbacks.setButtonStyles\" src=\"https:\/\/loudavymkrokem.cz\/wp-content\/uploads\/2026\/08\/bulharsko-research-plaze-bulharsko-22.jpg\" alt=\"Plaja Nisipurile de Aur din Bulgaria la nord de Varna\" class=\"wp-image-404241\" title=\"\" srcset=\"https:\/\/loudavymkrokem.cz\/wp-content\/uploads\/2026\/08\/bulharsko-research-plaze-bulharsko-22.jpg 1800w, https:\/\/loudavymkrokem.cz\/wp-content\/uploads\/2026\/08\/bulharsko-research-plaze-bulharsko-22-300x169.jpg 300w, https:\/\/loudavymkrokem.cz\/wp-content\/uploads\/2026\/08\/bulharsko-research-plaze-bulharsko-22-700x394.jpg 700w, https:\/\/loudavymkrokem.cz\/wp-content\/uploads\/2026\/08\/bulharsko-research-plaze-bulharsko-22-768x432.jpg 768w, https:\/\/loudavymkrokem.cz\/wp-content\/uploads\/2026\/08\/bulharsko-research-plaze-bulharsko-22-1536x864.jpg 1536w, https:\/\/loudavymkrokem.cz\/wp-content\/uploads\/2026\/08\/bulharsko-research-plaze-bulharsko-22-696x391.jpg 696w, https:\/\/loudavymkrokem.cz\/wp-content\/uploads\/2026\/08\/bulharsko-research-plaze-bulharsko-22-1392x783.jpg 1392w\" sizes=\"(max-width: 1800px) 100vw, 1800px\" \/><button\n\t\t\tclass=\"lightbox-trigger\"\n\t\t\ttype=\"button\"\n\t\t\taria-haspopup=\"dialog\"\n\t\t\tdata-wp-bind--aria-label=\"state.thisImage.triggerButtonAriaLabel\"\n\t\t\tdata-wp-init=\"callbacks.initTriggerButton\"\n\t\t\tdata-wp-on--click=\"actions.showLightbox\"\n\t\t\tdata-wp-style--right=\"state.thisImage.buttonRight\"\n\t\t\tdata-wp-style--top=\"state.thisImage.buttonTop\"\n\t\t>\n\t\t\t<svg xmlns=\"http:\/\/www.w3.org\/2000\/svg\" width=\"12\" height=\"12\" fill=\"none\" viewBox=\"0 0 12 12\">\n\t\t\t\t<path fill=\"#fff\" d=\"M2 0a2 2 0 0 0-2 2v2h1.5V2a.5.5 0 0 1 .5-.5h2V0H2Zm2 10.5H2a.5.5 0 0 1-.5-.5V8H0v2a2 2 0 0 0 2 2h2v-1.5ZM8 12v-1.5h2a.5.5 0 0 0 .5-.5V8H12v2a2 2 0 0 1-2 2H8Zm2-12a2 2 0 0 1 2 2v2h-1.5V2a.5.5 0 0 0-.5-.5H8V0h2Z\" \/>\n\t\t\t<\/svg>\n\t\t<\/button><figcaption class=\"wp-element-caption\">Foto: karel291 \/ Wikimedia Commons, CC BY 3.0<\/figcaption><\/figure>\n\n\n\n<p class=\"wp-block-paragraph\">\ud83d\udc49 <a href=\"https:\/\/www.stay22.com\/allez\/roam?aid=lukaskonecny&#038;campaign=loudavymkrokemcz&#038;campaign=plaze-bulharsko&#038;address=Kranevo%2C%20Bulharsko\" target=\"_blank\" rel=\"nofollow noopener\"><strong>Vezi pre\u021burile caz\u0103rii din apropierea acestei plaje<\/strong><\/a><\/p>\n\n\n\n<h3 class=\"wp-block-heading\"><span class=\"ez-toc-section\" id=\"16_Nisipurile_de_Aur\"><\/span>16. Nisipurile de Aur<span class=\"ez-toc-section-end\"><\/span><\/h3>\n\n\n\n<p class=\"wp-block-paragraph\">Nisipurile de Aur sunt, dup\u0103 Sunny Beach, a doua cea mai cunoscut\u0103 sta\u021biune din \u021bar\u0103. Plaja e lung\u0103 de circa trei kilometri \u0219i jum\u0103tate, lat\u0103 de aproximativ 100 de metri, iar \u00eentreaga zon\u0103 beneficiaz\u0103 de o pozi\u021bie fantastic\u0103. Hotelurile sunt <strong>construite chiar \u00een p\u0103durea deas\u0103 a parcului natural<\/strong>, ceea ce creeaz\u0103 un contrast frumos cu nisipul galben \u0219i marea albastr\u0103.<\/p>\n\n\n\n<p class=\"wp-block-paragraph\">Zona se afl\u0103 la doar 20 de minute de mers cu ma\u0219ina de Varna \u0219i se concentreaz\u0103 mai ales pe vacan\u021ba activ\u0103. G\u0103se\u0219ti aici <strong>zeci de baruri de plaj\u0103, cluburi \u0219i atrac\u021bii acvatice<\/strong>. \u021aine \u00eens\u0103 cont c\u0103 pentru acest confort pl\u0103te\u0219ti \u00een plus. Pre\u021burile \u0219ezlongurilor au urcat aici \u00een 2026 la 5 p\u00e2n\u0103 la 6 \u20ac bucata, ceea ce le face unul dintre cele mai scumpe locuri din Bulgaria.<\/p>\n\n\n\n<p class=\"wp-block-paragraph\">La extremul nordic al Nisipurilor de Aur g\u0103se\u0219ti \u0219i un lucru foarte interesant. Aici se afl\u0103 <strong>plaja Nirvana, care e singura plaj\u0103 oficial\u0103 de nudism<\/strong> din \u021bar\u0103 cu servicii complete. Concesionarul o administreaz\u0103 deja de 18 ani, aici func\u021bioneaz\u0103 salvamari, control de acces \u0219i un bar, iar \u0219ezlongurile nu cost\u0103 mai mult dec\u00e2t \u00een zona \u201ecu textile&#8221; al\u0103turat\u0103.<\/p>\n\n\n\n<figure data-wp-context=\"{&quot;imageId&quot;:&quot;6a9c3a7067c7c&quot;}\" data-wp-interactive=\"core\/image\" data-wp-key=\"6a9c3a7067c7c\" class=\"wp-block-image size-full wp-lightbox-container\"><img decoding=\"async\" width=\"1800\" height=\"1207\" data-wp-class--hide=\"state.isContentHidden\" data-wp-class--show=\"state.isContentVisible\" data-wp-init=\"callbacks.setButtonStyles\" data-wp-on--click=\"actions.showLightbox\" data-wp-on--load=\"callbacks.setButtonStyles\" data-wp-on--pointerdown=\"actions.preloadImage\" data-wp-on--pointerenter=\"actions.preloadImageWithDelay\" data-wp-on--pointerleave=\"actions.cancelPreload\" data-wp-on-window--resize=\"callbacks.setButtonStyles\" src=\"https:\/\/loudavymkrokem.cz\/wp-content\/uploads\/2026\/08\/bulharsko-research-plaze-bulharsko-23.jpg\" alt=\"Sunny Beach, cea mai mare sta\u021biune din Bulgaria\" class=\"wp-image-404245\" title=\"\" srcset=\"https:\/\/loudavymkrokem.cz\/wp-content\/uploads\/2026\/08\/bulharsko-research-plaze-bulharsko-23.jpg 1800w, https:\/\/loudavymkrokem.cz\/wp-content\/uploads\/2026\/08\/bulharsko-research-plaze-bulharsko-23-300x201.jpg 300w, https:\/\/loudavymkrokem.cz\/wp-content\/uploads\/2026\/08\/bulharsko-research-plaze-bulharsko-23-700x469.jpg 700w, https:\/\/loudavymkrokem.cz\/wp-content\/uploads\/2026\/08\/bulharsko-research-plaze-bulharsko-23-768x515.jpg 768w, https:\/\/loudavymkrokem.cz\/wp-content\/uploads\/2026\/08\/bulharsko-research-plaze-bulharsko-23-1536x1030.jpg 1536w, https:\/\/loudavymkrokem.cz\/wp-content\/uploads\/2026\/08\/bulharsko-research-plaze-bulharsko-23-696x467.jpg 696w, https:\/\/loudavymkrokem.cz\/wp-content\/uploads\/2026\/08\/bulharsko-research-plaze-bulharsko-23-1392x933.jpg 1392w\" sizes=\"(max-width: 1800px) 100vw, 1800px\" \/><button\n\t\t\tclass=\"lightbox-trigger\"\n\t\t\ttype=\"button\"\n\t\t\taria-haspopup=\"dialog\"\n\t\t\tdata-wp-bind--aria-label=\"state.thisImage.triggerButtonAriaLabel\"\n\t\t\tdata-wp-init=\"callbacks.initTriggerButton\"\n\t\t\tdata-wp-on--click=\"actions.showLightbox\"\n\t\t\tdata-wp-style--right=\"state.thisImage.buttonRight\"\n\t\t\tdata-wp-style--top=\"state.thisImage.buttonTop\"\n\t\t>\n\t\t\t<svg xmlns=\"http:\/\/www.w3.org\/2000\/svg\" width=\"12\" height=\"12\" fill=\"none\" viewBox=\"0 0 12 12\">\n\t\t\t\t<path fill=\"#fff\" d=\"M2 0a2 2 0 0 0-2 2v2h1.5V2a.5.5 0 0 1 .5-.5h2V0H2Zm2 10.5H2a.5.5 0 0 1-.5-.5V8H0v2a2 2 0 0 0 2 2h2v-1.5ZM8 12v-1.5h2a.5.5 0 0 0 .5-.5V8H12v2a2 2 0 0 1-2 2H8Zm2-12a2 2 0 0 1 2 2v2h-1.5V2a.5.5 0 0 0-.5-.5H8V0h2Z\" \/>\n\t\t\t<\/svg>\n\t\t<\/button><figcaption class=\"wp-element-caption\">Foto (prelucrat): Wizzard \/ Wikimedia Commons (Public domain)<\/figcaption><\/figure>\n\n\n\n<p class=\"wp-block-paragraph\">\ud83d\udc49 <a href=\"https:\/\/www.stay22.com\/allez\/roam?aid=lukaskonecny&#038;campaign=loudavymkrokemcz&#038;campaign=plaze-bulharsko&#038;address=Zlat%C3%A9%20p%C3%ADsky%2C%20Bulharsko\" target=\"_blank\" rel=\"nofollow noopener\"><strong>Vezi pre\u021burile caz\u0103rii din apropierea acestei plaje<\/strong><\/a><\/p>\n\n\n\n<h3 class=\"wp-block-heading\"><span class=\"ez-toc-section\" id=\"17_Sunny_Beach\"><\/span>17. Sunny Beach<span class=\"ez-toc-section-end\"><\/span><\/h3>\n\n\n\n<p class=\"wp-block-paragraph\">Acesta e centrul absolut al turismului bulgar. Sunny Beach formeaz\u0103 un golf cu o plaj\u0103 care m\u0103soar\u0103 exact 6,1 kilometri \u0219i e lat\u0103 \u00een medie de aproximativ 60 de metri. Toate cele trei sectoare principale ale sale (nord, centru \u0219i sud) se <strong>m\u00e2ndresc cu Steag Albastru<\/strong>. Tocmai aici, \u00een plus, a fluturat pe 4 iulie 1995 chiar primul steag albastru bulgar, la doi ani dup\u0103 ce \u021bara s-a al\u0103turat programului, prima dintre statele din afara Europei de Vest de atunci.<\/p>\n\n\n\n<p class=\"wp-block-paragraph\">Sta\u021biunea e renumit\u0103 pentru via\u021ba de noapte puls\u00e2nd\u0103 \u0219i pentru num\u0103rul uria\u0219 de atrac\u021bii. G\u0103se\u0219ti aici de toate, de la parasailing la aquaparkuri uria\u0219e \u0219i p\u00e2n\u0103 la sute de restaurante. Pre\u021burile serviciilor de plaj\u0103 sunt aici destul de ridicate, \u00een partea sudic\u0103 e <strong>fixat prin contract un pre\u021b de 5,11 \u20ac<\/strong> (cca 25 lei) pentru un \u0219ezlong.<\/p>\n\n\n\n<p class=\"wp-block-paragraph\">\ud83d\udca1 <strong>Pont:<\/strong> Dac\u0103 vrei s\u0103 evi\u021bi cel mai mare zgomot, cazeaz\u0103-te la marginile sta\u021biunii. \u00cen timp ce centrul merge non-stop, p\u0103r\u021bile de margine spre Sveti Vlas sau, dimpotriv\u0103, spre Nesebar ofer\u0103 o atmosfer\u0103 mult mai lini\u0219tit\u0103, de familie. Apropo, informa\u021bia c\u0103 partea sudic\u0103 ar fi de nudism e doar un mit popular. E un sector complet comercial \u0219i organizat.<\/p>\n\n\n\n<figure data-wp-context=\"{&quot;imageId&quot;:&quot;6a9c3a7068339&quot;}\" data-wp-interactive=\"core\/image\" data-wp-key=\"6a9c3a7068339\" class=\"wp-block-image size-full wp-lightbox-container\"><img decoding=\"async\" width=\"1800\" height=\"1205\" data-wp-class--hide=\"state.isContentHidden\" data-wp-class--show=\"state.isContentVisible\" data-wp-init=\"callbacks.setButtonStyles\" data-wp-on--click=\"actions.showLightbox\" data-wp-on--load=\"callbacks.setButtonStyles\" data-wp-on--pointerdown=\"actions.preloadImage\" data-wp-on--pointerenter=\"actions.preloadImageWithDelay\" data-wp-on--pointerleave=\"actions.cancelPreload\" data-wp-on-window--resize=\"callbacks.setButtonStyles\" src=\"https:\/\/loudavymkrokem.cz\/wp-content\/uploads\/2026\/08\/bulharsko-research-plaze-bulharsko-24.jpg\" alt=\"Plaja sudic\u0103 sub vechiul Nesebar\" class=\"wp-image-404248\" title=\"\" srcset=\"https:\/\/loudavymkrokem.cz\/wp-content\/uploads\/2026\/08\/bulharsko-research-plaze-bulharsko-24.jpg 1800w, https:\/\/loudavymkrokem.cz\/wp-content\/uploads\/2026\/08\/bulharsko-research-plaze-bulharsko-24-300x201.jpg 300w, https:\/\/loudavymkrokem.cz\/wp-content\/uploads\/2026\/08\/bulharsko-research-plaze-bulharsko-24-700x469.jpg 700w, https:\/\/loudavymkrokem.cz\/wp-content\/uploads\/2026\/08\/bulharsko-research-plaze-bulharsko-24-768x514.jpg 768w, https:\/\/loudavymkrokem.cz\/wp-content\/uploads\/2026\/08\/bulharsko-research-plaze-bulharsko-24-1536x1028.jpg 1536w, https:\/\/loudavymkrokem.cz\/wp-content\/uploads\/2026\/08\/bulharsko-research-plaze-bulharsko-24-696x466.jpg 696w, https:\/\/loudavymkrokem.cz\/wp-content\/uploads\/2026\/08\/bulharsko-research-plaze-bulharsko-24-1392x932.jpg 1392w\" sizes=\"(max-width: 1800px) 100vw, 1800px\" \/><button\n\t\t\tclass=\"lightbox-trigger\"\n\t\t\ttype=\"button\"\n\t\t\taria-haspopup=\"dialog\"\n\t\t\tdata-wp-bind--aria-label=\"state.thisImage.triggerButtonAriaLabel\"\n\t\t\tdata-wp-init=\"callbacks.initTriggerButton\"\n\t\t\tdata-wp-on--click=\"actions.showLightbox\"\n\t\t\tdata-wp-style--right=\"state.thisImage.buttonRight\"\n\t\t\tdata-wp-style--top=\"state.thisImage.buttonTop\"\n\t\t>\n\t\t\t<svg xmlns=\"http:\/\/www.w3.org\/2000\/svg\" width=\"12\" height=\"12\" fill=\"none\" viewBox=\"0 0 12 12\">\n\t\t\t\t<path fill=\"#fff\" d=\"M2 0a2 2 0 0 0-2 2v2h1.5V2a.5.5 0 0 1 .5-.5h2V0H2Zm2 10.5H2a.5.5 0 0 1-.5-.5V8H0v2a2 2 0 0 0 2 2h2v-1.5ZM8 12v-1.5h2a.5.5 0 0 0 .5-.5V8H12v2a2 2 0 0 1-2 2H8Zm2-12a2 2 0 0 1 2 2v2h-1.5V2a.5.5 0 0 0-.5-.5H8V0h2Z\" \/>\n\t\t\t<\/svg>\n\t\t<\/button><figcaption class=\"wp-element-caption\">Foto: Valeria Drozdova \/ Pexels<\/figcaption><\/figure>\n\n\n\n<p class=\"wp-block-paragraph\">\ud83d\udc49 <a href=\"https:\/\/www.stay22.com\/allez\/roam?aid=lukaskonecny&#038;campaign=loudavymkrokemcz&#038;campaign=plaze-bulharsko&#038;address=Slune%C4%8Dn%C3%A9%20pob%C5%99e%C5%BE%C3%AD%2C%20Bulharsko\" target=\"_blank\" rel=\"nofollow noopener\"><strong>Vezi pre\u021burile caz\u0103rii din apropierea acestei plaje<\/strong><\/a><\/p>\n\n\n\n<h3 class=\"wp-block-heading\"><span class=\"ez-toc-section\" id=\"18_Nesebar-Sud\"><\/span>18. Nesebar-Sud<span class=\"ez-toc-section-end\"><\/span><\/h3>\n\n\n\n<p class=\"wp-block-paragraph\">Ora\u0219ul istoric Nesebar figureaz\u0103 pe <a href=\"https:\/\/whc.unesco.org\/\" rel=\"nofollow noopener\" target=\"_blank\">lista UNESCO<\/a>, iar plaja sa sudic\u0103 ofer\u0103 o <strong>combina\u021bie excelent\u0103 de baie \u0219i descoperire a monumentelor<\/strong>. F\u00e2\u0219ia de nisip se \u00eentinde de la ora\u0219ul vechi spre sud \u0219i ofer\u0103 facilit\u0103\u021bi foarte bine organizate, cu Steag Albastru pentru 2026.<\/p>\n\n\n\n<p class=\"wp-block-paragraph\">Spre deosebire de vecinul Sunny Beach, atmosfera e aici vizibil mai rafinat\u0103. Pentru un \u0219ezlong pl\u0103te\u0219ti aici <strong>pre\u021bul oficial de 4,09 \u20ac<\/strong> (aproape 20 lei). Intrarea \u00een mare e comod\u0103, iar apa e, datorit\u0103 orient\u0103rii golfului, destul de lini\u0219tit\u0103 \u0219i curat\u0103.<\/p>\n\n\n\n<p class=\"wp-block-paragraph\">Dac\u0103 te-ai plictisit de plaj\u0103, e suficient s\u0103 te ridici de pe prosop \u0219i \u00een c\u00e2teva minute de mers pe jos te treze\u0219ti <strong>pe uli\u021bele \u00eentortocheate ale ora\u0219ului vechi<\/strong>, pline de case de lemn \u0219i r\u0103m\u0103\u0219i\u021be ale bisericilor bizantine. \u00cen tavernele locale cu vedere spre mare \u021bi se preg\u0103te\u0219te cu pl\u0103cere o br\u00e2nz\u0103 pr\u0103jit\u0103 kashkaval excelent\u0103 sau ardei umplu\u021bi la cuptor cu br\u00e2nz\u0103 balcanic\u0103.<\/p>\n\n\n\n<figure data-wp-context=\"{&quot;imageId&quot;:&quot;6a9c3a7068948&quot;}\" data-wp-interactive=\"core\/image\" data-wp-key=\"6a9c3a7068948\" class=\"wp-block-image size-full wp-lightbox-container\"><img decoding=\"async\" width=\"1800\" height=\"1350\" data-wp-class--hide=\"state.isContentHidden\" data-wp-class--show=\"state.isContentVisible\" data-wp-init=\"callbacks.setButtonStyles\" data-wp-on--click=\"actions.showLightbox\" data-wp-on--load=\"callbacks.setButtonStyles\" data-wp-on--pointerdown=\"actions.preloadImage\" data-wp-on--pointerenter=\"actions.preloadImageWithDelay\" data-wp-on--pointerleave=\"actions.cancelPreload\" data-wp-on-window--resize=\"callbacks.setButtonStyles\" src=\"https:\/\/loudavymkrokem.cz\/wp-content\/uploads\/2026\/08\/bulharsko-research-plaze-bulharsko-25.jpg\" alt=\"Plaja din vechiul Sozopol\" class=\"wp-image-404251\" title=\"\" srcset=\"https:\/\/loudavymkrokem.cz\/wp-content\/uploads\/2026\/08\/bulharsko-research-plaze-bulharsko-25.jpg 1800w, https:\/\/loudavymkrokem.cz\/wp-content\/uploads\/2026\/08\/bulharsko-research-plaze-bulharsko-25-300x225.jpg 300w, https:\/\/loudavymkrokem.cz\/wp-content\/uploads\/2026\/08\/bulharsko-research-plaze-bulharsko-25-700x525.jpg 700w, https:\/\/loudavymkrokem.cz\/wp-content\/uploads\/2026\/08\/bulharsko-research-plaze-bulharsko-25-768x576.jpg 768w, https:\/\/loudavymkrokem.cz\/wp-content\/uploads\/2026\/08\/bulharsko-research-plaze-bulharsko-25-1536x1152.jpg 1536w, https:\/\/loudavymkrokem.cz\/wp-content\/uploads\/2026\/08\/bulharsko-research-plaze-bulharsko-25-80x60.jpg 80w, https:\/\/loudavymkrokem.cz\/wp-content\/uploads\/2026\/08\/bulharsko-research-plaze-bulharsko-25-160x120.jpg 160w, https:\/\/loudavymkrokem.cz\/wp-content\/uploads\/2026\/08\/bulharsko-research-plaze-bulharsko-25-696x522.jpg 696w, https:\/\/loudavymkrokem.cz\/wp-content\/uploads\/2026\/08\/bulharsko-research-plaze-bulharsko-25-1392x1044.jpg 1392w\" sizes=\"(max-width: 1800px) 100vw, 1800px\" \/><button\n\t\t\tclass=\"lightbox-trigger\"\n\t\t\ttype=\"button\"\n\t\t\taria-haspopup=\"dialog\"\n\t\t\tdata-wp-bind--aria-label=\"state.thisImage.triggerButtonAriaLabel\"\n\t\t\tdata-wp-init=\"callbacks.initTriggerButton\"\n\t\t\tdata-wp-on--click=\"actions.showLightbox\"\n\t\t\tdata-wp-style--right=\"state.thisImage.buttonRight\"\n\t\t\tdata-wp-style--top=\"state.thisImage.buttonTop\"\n\t\t>\n\t\t\t<svg xmlns=\"http:\/\/www.w3.org\/2000\/svg\" width=\"12\" height=\"12\" fill=\"none\" viewBox=\"0 0 12 12\">\n\t\t\t\t<path fill=\"#fff\" d=\"M2 0a2 2 0 0 0-2 2v2h1.5V2a.5.5 0 0 1 .5-.5h2V0H2Zm2 10.5H2a.5.5 0 0 1-.5-.5V8H0v2a2 2 0 0 0 2 2h2v-1.5ZM8 12v-1.5h2a.5.5 0 0 0 .5-.5V8H12v2a2 2 0 0 1-2 2H8Zm2-12a2 2 0 0 1 2 2v2h-1.5V2a.5.5 0 0 0-.5-.5H8V0h2Z\" \/>\n\t\t\t<\/svg>\n\t\t<\/button><figcaption class=\"wp-element-caption\">Foto: vitsoft \/ Wikimedia Commons, CC BY 3.0<\/figcaption><\/figure>\n\n\n\n<p class=\"wp-block-paragraph\">\ud83d\udc49 <a href=\"https:\/\/www.stay22.com\/allez\/roam?aid=lukaskonecny&#038;campaign=loudavymkrokemcz&#038;campaign=plaze-bulharsko&#038;address=Nesebar%2C%20Bulharsko\" target=\"_blank\" rel=\"nofollow noopener\"><strong>Vezi pre\u021burile caz\u0103rii din apropierea acestei plaje<\/strong><\/a><\/p>\n\n\n\n<h3 class=\"wp-block-heading\"><span class=\"ez-toc-section\" id=\"19_Sozopol\"><\/span>19. Sozopol<span class=\"ez-toc-section-end\"><\/span><\/h3>\n\n\n\n<p class=\"wp-block-paragraph\">Vechiul Sozopol e un hit uria\u0219 al ultimilor ani \u0219i mul\u021bi c\u0103l\u0103tori \u00eel consider\u0103 cea mai stilat\u0103 sta\u021biune din sud. Ora\u0219ul ofer\u0103 dou\u0103 plaje principale. Cea central\u0103 se afl\u0103 chiar sub centrul istoric \u0219i e destul de mic\u0103, \u00een timp ce <strong>plaja mai spa\u021bioas\u0103 Harmani se \u00eentinde spre sud<\/strong>, de-a lungul construc\u021biilor mai noi.<\/p>\n\n\n\n<p class=\"wp-block-paragraph\">Ambele plaje principale de\u021bin Steag Albastru \u0219i ofer\u0103 servicii excelente. Pe Harmani pl\u0103te\u0219ti pentru un \u0219ezlong 4,09 \u20ac, \u00een timp ce pe plaja central\u0103 mai mic\u0103 e 3,58 \u20ac. La o mic\u0103 distan\u021b\u0103 spre sud de ora\u0219 se afl\u0103 apoi populatele plaje <strong>Smokinya \u0219i Gradina, c\u0103utate \u00een special de genera\u021bia mai t\u00e2n\u0103r\u0103<\/strong>. Acolo domne\u0219te o atmosfer\u0103 mai relaxat\u0103, de camping, \u0219i func\u021bioneaz\u0103 beach baruri stilate.<\/p>\n\n\n\n<p class=\"wp-block-paragraph\"><strong>Restaurantele din Sozopol<\/strong> se num\u0103r\u0103 printre cele mai bune, dar \u0219i cele mai scumpe de pe litoral. Potrivit localnicilor, pre\u021burile pe\u0219telui \u0219i fructelor de mare proaspete la gr\u0103tar din aceste zone se compar\u0103 deja cu tavernele grece\u0219ti. E mai bine s\u0103 alegi <strong>aperitivele tradi\u021bionale bulg\u0103re\u0219ti din legume<\/strong> (de exemplu kyopoolu cu usturoi) \u0219i lipiile de cas\u0103.<\/p>\n\n\n\n<figure data-wp-context=\"{&quot;imageId&quot;:&quot;6a9c3a7068e52&quot;}\" data-wp-interactive=\"core\/image\" data-wp-key=\"6a9c3a7068e52\" class=\"wp-block-image size-full wp-lightbox-container\"><img decoding=\"async\" width=\"1800\" height=\"1192\" data-wp-class--hide=\"state.isContentHidden\" data-wp-class--show=\"state.isContentVisible\" data-wp-init=\"callbacks.setButtonStyles\" data-wp-on--click=\"actions.showLightbox\" data-wp-on--load=\"callbacks.setButtonStyles\" data-wp-on--pointerdown=\"actions.preloadImage\" data-wp-on--pointerenter=\"actions.preloadImageWithDelay\" data-wp-on--pointerleave=\"actions.cancelPreload\" data-wp-on-window--resize=\"callbacks.setButtonStyles\" src=\"https:\/\/loudavymkrokem.cz\/wp-content\/uploads\/2026\/08\/bulharsko-research-plaze-bulharsko-26.jpg\" alt=\"Plajele pu\u021bin ad\u00e2nci de l\u00e2ng\u0103 Primorsko \u0219i Kiten\" class=\"wp-image-404255\" title=\"\" srcset=\"https:\/\/loudavymkrokem.cz\/wp-content\/uploads\/2026\/08\/bulharsko-research-plaze-bulharsko-26.jpg 1800w, https:\/\/loudavymkrokem.cz\/wp-content\/uploads\/2026\/08\/bulharsko-research-plaze-bulharsko-26-300x199.jpg 300w, https:\/\/loudavymkrokem.cz\/wp-content\/uploads\/2026\/08\/bulharsko-research-plaze-bulharsko-26-700x464.jpg 700w, https:\/\/loudavymkrokem.cz\/wp-content\/uploads\/2026\/08\/bulharsko-research-plaze-bulharsko-26-768x509.jpg 768w, https:\/\/loudavymkrokem.cz\/wp-content\/uploads\/2026\/08\/bulharsko-research-plaze-bulharsko-26-1536x1017.jpg 1536w, https:\/\/loudavymkrokem.cz\/wp-content\/uploads\/2026\/08\/bulharsko-research-plaze-bulharsko-26-696x461.jpg 696w, https:\/\/loudavymkrokem.cz\/wp-content\/uploads\/2026\/08\/bulharsko-research-plaze-bulharsko-26-1392x922.jpg 1392w\" sizes=\"(max-width: 1800px) 100vw, 1800px\" \/><button\n\t\t\tclass=\"lightbox-trigger\"\n\t\t\ttype=\"button\"\n\t\t\taria-haspopup=\"dialog\"\n\t\t\tdata-wp-bind--aria-label=\"state.thisImage.triggerButtonAriaLabel\"\n\t\t\tdata-wp-init=\"callbacks.initTriggerButton\"\n\t\t\tdata-wp-on--click=\"actions.showLightbox\"\n\t\t\tdata-wp-style--right=\"state.thisImage.buttonRight\"\n\t\t\tdata-wp-style--top=\"state.thisImage.buttonTop\"\n\t\t>\n\t\t\t<svg xmlns=\"http:\/\/www.w3.org\/2000\/svg\" width=\"12\" height=\"12\" fill=\"none\" viewBox=\"0 0 12 12\">\n\t\t\t\t<path fill=\"#fff\" d=\"M2 0a2 2 0 0 0-2 2v2h1.5V2a.5.5 0 0 1 .5-.5h2V0H2Zm2 10.5H2a.5.5 0 0 1-.5-.5V8H0v2a2 2 0 0 0 2 2h2v-1.5ZM8 12v-1.5h2a.5.5 0 0 0 .5-.5V8H12v2a2 2 0 0 1-2 2H8Zm2-12a2 2 0 0 1 2 2v2h-1.5V2a.5.5 0 0 0-.5-.5H8V0h2Z\" \/>\n\t\t\t<\/svg>\n\t\t<\/button><figcaption class=\"wp-element-caption\">Foto: Katya from Moscow, Russia \/ Wikimedia Commons, CC BY-SA 2.0<\/figcaption><\/figure>\n\n\n\n<p class=\"wp-block-paragraph\">\ud83d\udc49 <a href=\"https:\/\/www.stay22.com\/allez\/roam?aid=lukaskonecny&#038;campaign=loudavymkrokemcz&#038;campaign=plaze-bulharsko&#038;address=Sozopol%2C%20Bulharsko\" target=\"_blank\" rel=\"nofollow noopener\"><strong>Vezi pre\u021burile caz\u0103rii din apropierea acestei plaje<\/strong><\/a><\/p>\n\n\n\n<h3 class=\"wp-block-heading\"><span class=\"ez-toc-section\" id=\"20_Primorsko_si_Kiten\"><\/span>20. Primorsko \u0219i Kiten<span class=\"ez-toc-section-end\"><\/span><\/h3>\n\n\n\n<p class=\"wp-block-paragraph\">Aceste dou\u0103 sta\u021biuni vecine sunt pentru turi\u0219tii rom\u00e2ni o clasic\u0103 absolut\u0103 \u00eenc\u0103 din vremuri. \u0218i au un motiv \u00eentemeiat pentru asta. Plajele de aici (\u00een special plaja Perla \u0219i Plaja de Sud din Primorsko) sunt m\u0103rginite de cr\u00e2nguri frumoase de pini \u0219i ofer\u0103 <strong>unul dintre cele mai bune raporturi calitate-pre\u021b<\/strong> de pe tot litoralul sudic.<\/p>\n\n\n\n<p class=\"wp-block-paragraph\">Apa e aici cristalin\u0103 \u0219i curat\u0103, iar plajele sunt renumite pentru nisipul lor fin. \u00cenchirierea \u0219ezlongurilor e aici foarte prietenoas\u0103, pentru un exemplar \u0219i o umbrel\u0103 pl\u0103te\u0219ti la fel <strong>doar 3,60 \u20ac<\/strong> (cca 20 lei). \u00cen jur mai dai, \u00een plus, de o mul\u021bime de firme \u0219i meniuri \u00een limba rom\u00e2n\u0103.<\/p>\n\n\n\n<p class=\"wp-block-paragraph\">Primorsko e o baz\u0103 excelent\u0103 pentru excursii \u00een \u00eemprejurimi. Dac\u0103 vii aici, f\u0103-\u021bi neap\u0103rat timp \u0219i pentru <strong>observarea delfinilor s\u0103lbatici<\/strong>, care apar cu mare regularitate l\u00e2ng\u0103 apropiatul cap st\u00e2ncos Maslen. \u00cen toat\u0103 Marea Neagr\u0103 tr\u0103iesc vreo 73 000 dintre ace\u0219ti mamifere uimitoare, iar \u00een sudul Bulgariei ai \u0219anse mari s\u0103 \u00eei vezi.<\/p>\n\n\n\n<figure data-wp-context=\"{&quot;imageId&quot;:&quot;6a9c3a70694cd&quot;}\" data-wp-interactive=\"core\/image\" data-wp-key=\"6a9c3a70694cd\" class=\"wp-block-image size-full wp-lightbox-container\"><img decoding=\"async\" width=\"1800\" height=\"1207\" data-wp-class--hide=\"state.isContentHidden\" data-wp-class--show=\"state.isContentVisible\" data-wp-init=\"callbacks.setButtonStyles\" data-wp-on--click=\"actions.showLightbox\" data-wp-on--load=\"callbacks.setButtonStyles\" data-wp-on--pointerdown=\"actions.preloadImage\" data-wp-on--pointerenter=\"actions.preloadImageWithDelay\" data-wp-on--pointerleave=\"actions.cancelPreload\" data-wp-on-window--resize=\"callbacks.setButtonStyles\" src=\"https:\/\/loudavymkrokem.cz\/wp-content\/uploads\/2026\/08\/bulharsko-research-plaze-bulharsko-27.jpg\" alt=\"Apa pu\u021bin ad\u00e2nc\u0103 din Albena, potrivit\u0103 pentru familiile cu copii\" class=\"wp-image-404258\" title=\"\" srcset=\"https:\/\/loudavymkrokem.cz\/wp-content\/uploads\/2026\/08\/bulharsko-research-plaze-bulharsko-27.jpg 1800w, https:\/\/loudavymkrokem.cz\/wp-content\/uploads\/2026\/08\/bulharsko-research-plaze-bulharsko-27-300x201.jpg 300w, https:\/\/loudavymkrokem.cz\/wp-content\/uploads\/2026\/08\/bulharsko-research-plaze-bulharsko-27-700x469.jpg 700w, https:\/\/loudavymkrokem.cz\/wp-content\/uploads\/2026\/08\/bulharsko-research-plaze-bulharsko-27-768x515.jpg 768w, https:\/\/loudavymkrokem.cz\/wp-content\/uploads\/2026\/08\/bulharsko-research-plaze-bulharsko-27-1536x1030.jpg 1536w, https:\/\/loudavymkrokem.cz\/wp-content\/uploads\/2026\/08\/bulharsko-research-plaze-bulharsko-27-696x467.jpg 696w, https:\/\/loudavymkrokem.cz\/wp-content\/uploads\/2026\/08\/bulharsko-research-plaze-bulharsko-27-1392x933.jpg 1392w\" sizes=\"(max-width: 1800px) 100vw, 1800px\" \/><button\n\t\t\tclass=\"lightbox-trigger\"\n\t\t\ttype=\"button\"\n\t\t\taria-haspopup=\"dialog\"\n\t\t\tdata-wp-bind--aria-label=\"state.thisImage.triggerButtonAriaLabel\"\n\t\t\tdata-wp-init=\"callbacks.initTriggerButton\"\n\t\t\tdata-wp-on--click=\"actions.showLightbox\"\n\t\t\tdata-wp-style--right=\"state.thisImage.buttonRight\"\n\t\t\tdata-wp-style--top=\"state.thisImage.buttonTop\"\n\t\t>\n\t\t\t<svg xmlns=\"http:\/\/www.w3.org\/2000\/svg\" width=\"12\" height=\"12\" fill=\"none\" viewBox=\"0 0 12 12\">\n\t\t\t\t<path fill=\"#fff\" d=\"M2 0a2 2 0 0 0-2 2v2h1.5V2a.5.5 0 0 1 .5-.5h2V0H2Zm2 10.5H2a.5.5 0 0 1-.5-.5V8H0v2a2 2 0 0 0 2 2h2v-1.5ZM8 12v-1.5h2a.5.5 0 0 0 .5-.5V8H12v2a2 2 0 0 1-2 2H8Zm2-12a2 2 0 0 1 2 2v2h-1.5V2a.5.5 0 0 0-.5-.5H8V0h2Z\" \/>\n\t\t\t<\/svg>\n\t\t<\/button><figcaption class=\"wp-element-caption\">Foto (prelucrat): karel291 \/ Wikimedia Commons (CC BY 3.0)<\/figcaption><\/figure>\n\n\n\n<h2 class=\"wp-block-heading\"><span class=\"ez-toc-section\" id=\"Cele_mai_bune_plaje_pentru_familiile_cu_copii_mici\"><\/span>Cele mai bune plaje pentru familiile cu copii mici<span class=\"ez-toc-section-end\"><\/span><\/h2>\n\n\n\n<p class=\"wp-block-paragraph\">Dac\u0103 c\u0103l\u0103tore\u0219ti cu bebelu\u0219i sau copii mici, litoralul nordic are un c\u00e2\u0219tig\u0103tor clar. <strong>Albena are de partea ei cifre concrete, iar ele vorbesc limpede:<\/strong> ad\u00e2ncimea apei nu dep\u0103\u0219e\u0219te aici 1,6 metri nici la incredibila distan\u021b\u0103 de 150 de metri de mal. Astfel, copiii pot construi \u00een siguran\u021b\u0103 castele de nisip \u0219i se pot b\u0103l\u0103ci \u00een ape pu\u021bin ad\u00e2nci uria\u0219e, f\u0103r\u0103 teama unei c\u0103deri bru\u0219te a fundului.<\/p>\n\n\n\n<p class=\"wp-block-paragraph\">\u00cen nord e valabil\u0103 regula general\u0103 c\u0103 <strong>p\u0103r\u021bile de margine ale plajelor au o intrare foarte lin\u0103<\/strong>, \u00een timp ce \u00een sud e exact invers (ape pu\u021bin ad\u00e2nci g\u0103se\u0219ti chiar l\u00e2ng\u0103 mal, dar fundul coboar\u0103 mai repede). Un exemplu tipic, de care trebuie s\u0103 avertizezi ferm familiile, este superba Veleka din Sinemorets. Golful e acolo extrem de ad\u00e2nc chiar de la primul pas \u00een ap\u0103.<\/p>\n\n\n\n<p class=\"wp-block-paragraph\">O alegere excelent\u0103 pentru familii sunt sta\u021biunile Kranevo, Primorsko \u0219i Kiten. P\u0103rin\u021bii bulgari laud\u0103 plajele de aici pentru apa cristalin\u0103 \u0219i fundul f\u0103r\u0103 pietre. Dac\u0103 cau\u021bi un loc unde marea seam\u0103n\u0103 cu un iaz lini\u0219tit, <strong>\u00eendreapt\u0103-te spre plajele Sarafovo-Sud sau Pomorie-Sud<\/strong>. Aceste golfuri se afl\u0103 la un ad\u0103post perfect de v\u00e2nt, a\u0219a c\u0103 steagul ro\u0219u care interzice baia se ridic\u0103 aici doar foarte rar.<\/p>\n\n\n\n<figure data-wp-context=\"{&quot;imageId&quot;:&quot;6a9c3a7069b40&quot;}\" data-wp-interactive=\"core\/image\" data-wp-key=\"6a9c3a7069b40\" class=\"wp-block-image size-full wp-lightbox-container\"><img decoding=\"async\" width=\"1707\" height=\"2560\" data-wp-class--hide=\"state.isContentHidden\" data-wp-class--show=\"state.isContentVisible\" data-wp-init=\"callbacks.setButtonStyles\" data-wp-on--click=\"actions.showLightbox\" data-wp-on--load=\"callbacks.setButtonStyles\" data-wp-on--pointerdown=\"actions.preloadImage\" data-wp-on--pointerenter=\"actions.preloadImageWithDelay\" data-wp-on--pointerleave=\"actions.cancelPreload\" data-wp-on-window--resize=\"callbacks.setButtonStyles\" src=\"https:\/\/loudavymkrokem.cz\/wp-content\/uploads\/2026\/08\/bulharsko-research-plaze-bulharsko-28-scaled.jpg\" alt=\"Semnalizarea cu steaguri \u0219i zona supravegheat\u0103 pe o plaj\u0103 bulgar\u0103\" class=\"wp-image-404261\" title=\"\" srcset=\"https:\/\/loudavymkrokem.cz\/wp-content\/uploads\/2026\/08\/bulharsko-research-plaze-bulharsko-28-scaled.jpg 1707w, https:\/\/loudavymkrokem.cz\/wp-content\/uploads\/2026\/08\/bulharsko-research-plaze-bulharsko-28-200x300.jpg 200w, https:\/\/loudavymkrokem.cz\/wp-content\/uploads\/2026\/08\/bulharsko-research-plaze-bulharsko-28-700x1050.jpg 700w, https:\/\/loudavymkrokem.cz\/wp-content\/uploads\/2026\/08\/bulharsko-research-plaze-bulharsko-28-768x1152.jpg 768w, https:\/\/loudavymkrokem.cz\/wp-content\/uploads\/2026\/08\/bulharsko-research-plaze-bulharsko-28-1024x1536.jpg 1024w, https:\/\/loudavymkrokem.cz\/wp-content\/uploads\/2026\/08\/bulharsko-research-plaze-bulharsko-28-1365x2048.jpg 1365w, https:\/\/loudavymkrokem.cz\/wp-content\/uploads\/2026\/08\/bulharsko-research-plaze-bulharsko-28-696x1044.jpg 696w, https:\/\/loudavymkrokem.cz\/wp-content\/uploads\/2026\/08\/bulharsko-research-plaze-bulharsko-28-1392x2088.jpg 1392w\" sizes=\"(max-width: 1707px) 100vw, 1707px\" \/><button\n\t\t\tclass=\"lightbox-trigger\"\n\t\t\ttype=\"button\"\n\t\t\taria-haspopup=\"dialog\"\n\t\t\tdata-wp-bind--aria-label=\"state.thisImage.triggerButtonAriaLabel\"\n\t\t\tdata-wp-init=\"callbacks.initTriggerButton\"\n\t\t\tdata-wp-on--click=\"actions.showLightbox\"\n\t\t\tdata-wp-style--right=\"state.thisImage.buttonRight\"\n\t\t\tdata-wp-style--top=\"state.thisImage.buttonTop\"\n\t\t>\n\t\t\t<svg xmlns=\"http:\/\/www.w3.org\/2000\/svg\" width=\"12\" height=\"12\" fill=\"none\" viewBox=\"0 0 12 12\">\n\t\t\t\t<path fill=\"#fff\" d=\"M2 0a2 2 0 0 0-2 2v2h1.5V2a.5.5 0 0 1 .5-.5h2V0H2Zm2 10.5H2a.5.5 0 0 1-.5-.5V8H0v2a2 2 0 0 0 2 2h2v-1.5ZM8 12v-1.5h2a.5.5 0 0 0 .5-.5V8H12v2a2 2 0 0 1-2 2H8Zm2-12a2 2 0 0 1 2 2v2h-1.5V2a.5.5 0 0 0-.5-.5H8V0h2Z\" \/>\n\t\t\t<\/svg>\n\t\t<\/button><figcaption class=\"wp-element-caption\">Foto: Kritzolina \/ Wikimedia Commons (CC BY-SA 4.0)<\/figcaption><\/figure>\n\n\n\n<h2 class=\"wp-block-heading\"><span class=\"ez-toc-section\" id=\"Siguranta_curenti_valuri_si_salvamari\"><\/span>Siguran\u021b\u0103: curen\u021bi, valuri \u0219i salvamari<span class=\"ez-toc-section-end\"><\/span><\/h2>\n\n\n\n<p class=\"wp-block-paragraph\">Marea Neagr\u0103 poate fi \u00een\u0219el\u0103toare \u0219i nu ar trebui s\u0103 subestimezi siguran\u021ba. Serviciul de salvare acvatic\u0103 bulgar a intervenit \u00een 2025 \u00een peste 2 400 de cazuri. De\u0219i anul trecut s-au \u00eenecat 89 de oameni, <strong>dintre ei doar trei au fost copii<\/strong>, ceea ce e cea mai mic\u0103 cifr\u0103 din istorie. Grupul cel mai expus riscului sunt, surprinz\u0103tor, b\u0103rba\u021bii \u00eentre 25 \u0219i 45 de ani, adesea sub influen\u021ba alcoolului.<\/p>\n\n\n\n<p class=\"wp-block-paragraph\">Principalul pericol al litoralului sudic sunt a\u0219a-numi\u021bii <strong>curen\u021bi de retur, c\u0103rora localnicii le spun valul mort (meltem)<\/strong>. Apar cel mai des la v\u00e2nt de nord \u0219i pot trage un om \u00een larg chiar din momentul \u00een care st\u0103 p\u00e2n\u0103 la genunchi \u00een ap\u0103. Salvamarul experimentat Petar Rusev a numit, pentru radioul public, drept cele mai periculoase plaje \u00een august aceste loca\u021bii: Silistar, Butamyata, Primorsko-Nord, Sozopol-Harmani, Obzor \u0219i Burgas-Nord.<\/p>\n\n\n\n<p class=\"wp-block-paragraph\">\ud83d\udca1 <strong>Cum ie\u0219i dintr-un curent de retur:<\/strong> Dac\u0103 curentul \u00eencepe s\u0103 te trag\u0103 \u00een larg, nu intra \u00een panic\u0103. <strong>Gre\u0219eala esen\u021bial\u0103 e s\u0103 \u00eeno\u021bi \u00eempotriva curentului, spre mal<\/strong>, doar te vei epuiza. Trebuie s\u0103 <strong>\u00eeno\u021bi paralel cu malul<\/strong>, p\u00e2n\u0103 ie\u0219i din curent \u00een ap\u0103 mai lini\u0219tit\u0103, \u0219i abia apoi s\u0103 te \u00eendrep\u021bi spre uscat.<\/p>\n\n\n\n<p class=\"wp-block-paragraph\">\u021aine de asemenea cont c\u0103 sezonul oficial, \u00een care func\u021bioneaz\u0103 supravegherea, dureaz\u0103 <strong>doar de la 1 iunie p\u00e2n\u0103 la 30 septembrie<\/strong>. Salvamarii sunt de obicei \u00een posturi doar p\u00e2n\u0103 la ora 18:00. C\u00e2t despre meduze, nu trebuie s\u0103-\u021bi fie team\u0103. La mijlocul verii apar aici, ce-i drept, dou\u0103 specii, dar sunt practic inofensive \u0219i, cel mult, ustur\u0103 ca o urzic\u0103 slab\u0103. \u00cenainte de drumul spre sud, verific\u0103 doar \u0219tirile actuale: \u00een iunie 2026 au ap\u0103rut l\u00e2ng\u0103 Sinemorets \u0219i Varvara pete nea\u0219teptate de p\u0103cur\u0103, dar situa\u021bia se schimb\u0103 adesea.<\/p>\n\n\n\n<figure data-wp-context=\"{&quot;imageId&quot;:&quot;6a9c3a706a1ae&quot;}\" data-wp-interactive=\"core\/image\" data-wp-key=\"6a9c3a706a1ae\" class=\"wp-block-image size-full wp-lightbox-container\"><img decoding=\"async\" width=\"1800\" height=\"1350\" data-wp-class--hide=\"state.isContentHidden\" data-wp-class--show=\"state.isContentVisible\" data-wp-init=\"callbacks.setButtonStyles\" data-wp-on--click=\"actions.showLightbox\" data-wp-on--load=\"callbacks.setButtonStyles\" data-wp-on--pointerdown=\"actions.preloadImage\" data-wp-on--pointerenter=\"actions.preloadImageWithDelay\" data-wp-on--pointerleave=\"actions.cancelPreload\" data-wp-on-window--resize=\"callbacks.setButtonStyles\" src=\"https:\/\/loudavymkrokem.cz\/wp-content\/uploads\/2026\/08\/bulharsko-research-plaze-bulharsko-29.jpg\" alt=\"Plaja s\u0103lbatic\u0103 Irakli, unde se aplic\u0103 noile reguli de camping\" class=\"wp-image-404264\" title=\"\" srcset=\"https:\/\/loudavymkrokem.cz\/wp-content\/uploads\/2026\/08\/bulharsko-research-plaze-bulharsko-29.jpg 1800w, https:\/\/loudavymkrokem.cz\/wp-content\/uploads\/2026\/08\/bulharsko-research-plaze-bulharsko-29-300x225.jpg 300w, https:\/\/loudavymkrokem.cz\/wp-content\/uploads\/2026\/08\/bulharsko-research-plaze-bulharsko-29-700x525.jpg 700w, https:\/\/loudavymkrokem.cz\/wp-content\/uploads\/2026\/08\/bulharsko-research-plaze-bulharsko-29-768x576.jpg 768w, https:\/\/loudavymkrokem.cz\/wp-content\/uploads\/2026\/08\/bulharsko-research-plaze-bulharsko-29-1536x1152.jpg 1536w, https:\/\/loudavymkrokem.cz\/wp-content\/uploads\/2026\/08\/bulharsko-research-plaze-bulharsko-29-80x60.jpg 80w, https:\/\/loudavymkrokem.cz\/wp-content\/uploads\/2026\/08\/bulharsko-research-plaze-bulharsko-29-160x120.jpg 160w, https:\/\/loudavymkrokem.cz\/wp-content\/uploads\/2026\/08\/bulharsko-research-plaze-bulharsko-29-696x522.jpg 696w, https:\/\/loudavymkrokem.cz\/wp-content\/uploads\/2026\/08\/bulharsko-research-plaze-bulharsko-29-1392x1044.jpg 1392w\" sizes=\"(max-width: 1800px) 100vw, 1800px\" \/><button\n\t\t\tclass=\"lightbox-trigger\"\n\t\t\ttype=\"button\"\n\t\t\taria-haspopup=\"dialog\"\n\t\t\tdata-wp-bind--aria-label=\"state.thisImage.triggerButtonAriaLabel\"\n\t\t\tdata-wp-init=\"callbacks.initTriggerButton\"\n\t\t\tdata-wp-on--click=\"actions.showLightbox\"\n\t\t\tdata-wp-style--right=\"state.thisImage.buttonRight\"\n\t\t\tdata-wp-style--top=\"state.thisImage.buttonTop\"\n\t\t>\n\t\t\t<svg xmlns=\"http:\/\/www.w3.org\/2000\/svg\" width=\"12\" height=\"12\" fill=\"none\" viewBox=\"0 0 12 12\">\n\t\t\t\t<path fill=\"#fff\" d=\"M2 0a2 2 0 0 0-2 2v2h1.5V2a.5.5 0 0 1 .5-.5h2V0H2Zm2 10.5H2a.5.5 0 0 1-.5-.5V8H0v2a2 2 0 0 0 2 2h2v-1.5ZM8 12v-1.5h2a.5.5 0 0 0 .5-.5V8H12v2a2 2 0 0 1-2 2H8Zm2-12a2 2 0 0 1 2 2v2h-1.5V2a.5.5 0 0 0-.5-.5H8V0h2Z\" \/>\n\t\t\t<\/svg>\n\t\t<\/button><figcaption class=\"wp-element-caption\">Foto: Wikimedia Commons (CC BY-SA 3.0)<\/figcaption><\/figure>\n\n\n\n<h2 class=\"wp-block-heading\"><span class=\"ez-toc-section\" id=\"Camping_si_rulote_ce_s-a_schimbat_in_2026\"><\/span>Camping \u0219i rulote: ce s-a schimbat \u00een 2026<span class=\"ez-toc-section-end\"><\/span><\/h2>\n\n\n\n<p class=\"wp-block-paragraph\">Vremea \u00een care puteai opri cu rulota sau cortul oriunde pe falez\u0103 a trecut definitiv \u00een Bulgaria. Din 2026 sunt valabile reguli stricte: <strong>se poate face camping doar pe terenurile pe care comunele le-au desemnat expres pentru asta<\/strong> \u0219i care nu intr\u0103 \u00een zone protejate. Harta acestor zone legale este disponibil\u0103 pe <a href=\"https:\/\/bulgariatravel.org\/\" rel=\"nofollow noopener\" target=\"_blank\">portalul digital al ministerului turismului<\/a>.<\/p>\n\n\n\n<p class=\"wp-block-paragraph\">Cea mai mare schimbare prive\u0219te zona de protec\u021bie. \u00cen timp ce \u00een mod obi\u0219nuit nu ai voie s\u0103 faci camping mai aproape de 100 de metri de mare, la plajele s\u0103lbatice Irakli, Karadere \u0219i Koral aceast\u0103 <strong>zon\u0103 interzis\u0103 s-a extins p\u00e2n\u0103 la 500 de metri<\/strong>. Motivul este protejarea pre\u021bioaselor dune de nisip, care sunt acum protejate direct prin lege \u0219i pe care nu ai voie nici m\u0103car s\u0103 construie\u0219ti.<\/p>\n\n\n\n<p class=\"wp-block-paragraph\">Faptul c\u0103 autorit\u0103\u021bile vorbesc serios \u00eel dovede\u0219te razia de la sf\u00e2r\u0219itul lunii iulie 2026, tocmai pe plaja Karadere. Func\u021bionarii au num\u0103rat acolo \u00een jur de <strong>1 000 de rulote, camperi \u0219i corturi sta\u021bionate ilegal<\/strong>, care ocupau jum\u0103tate din plaj\u0103, inclusiv dunele. To\u021bi au primit un avertisment, iar la urm\u0103toarele controale ma\u0219inile f\u0103r\u0103 numere de \u00eenmatriculare vor \u00eencepe s\u0103 fie ridicate. <strong>De aceea, cu rulota chiar s\u0103 nu mergi anul acesta la Karadere.<\/strong><\/p>\n\n\n\n<p class=\"wp-block-paragraph\">Dac\u0103 vrei s\u0103 faci camping legal, pe litoralul sudic func\u021bioneaz\u0103 o serie de campinguri excelente (de exemplu Gradina, Kavaci, Smokinja sau Nestinarka). Pre\u021burile \u00een 2026 sunt destul de prietenoase: <strong>pentru un cort pl\u0103te\u0219ti 8 p\u00e2n\u0103 la 15 \u20ac pe noapte<\/strong> (plus 3 p\u00e2n\u0103 la 7 \u20ac de persoan\u0103), \u00een timp ce un loc pentru rulot\u0103 cu racord la electricitate te cost\u0103 \u00eentre 15 \u0219i 30 \u20ac (75 p\u00e2n\u0103 la 150 lei). Sanc\u021biunile pentru sta\u021bionarea \u00een afara zonelor amenajate vor \u00eencepe s\u0103 fie aplicate integral de autorit\u0103\u021bi de la 1 octombrie 2026, iar amenzile vor porni de la 250 de euro.<\/p>\n\n\n\n<figure data-wp-context=\"{&quot;imageId&quot;:&quot;6a9c3a706a857&quot;}\" data-wp-interactive=\"core\/image\" data-wp-key=\"6a9c3a706a857\" class=\"wp-block-image size-full wp-lightbox-container\"><img decoding=\"async\" width=\"1800\" height=\"1013\" data-wp-class--hide=\"state.isContentHidden\" data-wp-class--show=\"state.isContentVisible\" data-wp-init=\"callbacks.setButtonStyles\" data-wp-on--click=\"actions.showLightbox\" data-wp-on--load=\"callbacks.setButtonStyles\" data-wp-on--pointerdown=\"actions.preloadImage\" data-wp-on--pointerenter=\"actions.preloadImageWithDelay\" data-wp-on--pointerleave=\"actions.cancelPreload\" data-wp-on-window--resize=\"callbacks.setButtonStyles\" src=\"https:\/\/loudavymkrokem.cz\/wp-content\/uploads\/2026\/08\/bulharsko-research-plaze-bulharsko-30.jpg\" alt=\"Amurg pe litoralul bulgar\" class=\"wp-image-404267\" title=\"\" srcset=\"https:\/\/loudavymkrokem.cz\/wp-content\/uploads\/2026\/08\/bulharsko-research-plaze-bulharsko-30.jpg 1800w, https:\/\/loudavymkrokem.cz\/wp-content\/uploads\/2026\/08\/bulharsko-research-plaze-bulharsko-30-300x169.jpg 300w, https:\/\/loudavymkrokem.cz\/wp-content\/uploads\/2026\/08\/bulharsko-research-plaze-bulharsko-30-700x394.jpg 700w, https:\/\/loudavymkrokem.cz\/wp-content\/uploads\/2026\/08\/bulharsko-research-plaze-bulharsko-30-768x432.jpg 768w, https:\/\/loudavymkrokem.cz\/wp-content\/uploads\/2026\/08\/bulharsko-research-plaze-bulharsko-30-1536x864.jpg 1536w, https:\/\/loudavymkrokem.cz\/wp-content\/uploads\/2026\/08\/bulharsko-research-plaze-bulharsko-30-696x392.jpg 696w, https:\/\/loudavymkrokem.cz\/wp-content\/uploads\/2026\/08\/bulharsko-research-plaze-bulharsko-30-1392x783.jpg 1392w\" sizes=\"(max-width: 1800px) 100vw, 1800px\" \/><button\n\t\t\tclass=\"lightbox-trigger\"\n\t\t\ttype=\"button\"\n\t\t\taria-haspopup=\"dialog\"\n\t\t\tdata-wp-bind--aria-label=\"state.thisImage.triggerButtonAriaLabel\"\n\t\t\tdata-wp-init=\"callbacks.initTriggerButton\"\n\t\t\tdata-wp-on--click=\"actions.showLightbox\"\n\t\t\tdata-wp-style--right=\"state.thisImage.buttonRight\"\n\t\t\tdata-wp-style--top=\"state.thisImage.buttonTop\"\n\t\t>\n\t\t\t<svg xmlns=\"http:\/\/www.w3.org\/2000\/svg\" width=\"12\" height=\"12\" fill=\"none\" viewBox=\"0 0 12 12\">\n\t\t\t\t<path fill=\"#fff\" d=\"M2 0a2 2 0 0 0-2 2v2h1.5V2a.5.5 0 0 1 .5-.5h2V0H2Zm2 10.5H2a.5.5 0 0 1-.5-.5V8H0v2a2 2 0 0 0 2 2h2v-1.5ZM8 12v-1.5h2a.5.5 0 0 0 .5-.5V8H12v2a2 2 0 0 1-2 2H8Zm2-12a2 2 0 0 1 2 2v2h-1.5V2a.5.5 0 0 0-.5-.5H8V0h2Z\" \/>\n\t\t\t<\/svg>\n\t\t<\/button><figcaption class=\"wp-element-caption\">Foto: Milo\u0161 La\u0161\u00e1k \/ Pexels<\/figcaption><\/figure>\n\n\n\n<h2 class=\"wp-block-heading\"><span class=\"ez-toc-section\" id=\"Cand_sa_mergi_pe_plajele_din_Bulgaria\"><\/span>C\u00e2nd s\u0103 mergi pe plajele din Bulgaria<span class=\"ez-toc-section-end\"><\/span><\/h2>\n\n\n\n<p class=\"wp-block-paragraph\">Vara bulgar\u0103 e destul de scurt\u0103, dar cu at\u00e2t mai intens\u0103. Temperatura m\u0103rii se situeaz\u0103 \u00een iunie \u00een jurul r\u0103coritoarelor 20,5 p\u00e2n\u0103 la 21 \u00b0C. <strong>Cea mai cald\u0103 \u0219i, \u00een acela\u0219i timp, cea mai secetoas\u0103 lun\u0103 este clar august<\/strong>, c\u00e2nd apa are frumoasele 25 p\u00e2n\u0103 la 26 \u00b0C, iar pe litoral cad \u00een medie doar 24 p\u00e2n\u0103 la 30 mm de precipita\u021bii \u00een doar trei zile ploioase.<\/p>\n\n\n\n<p class=\"wp-block-paragraph\">Un pont interesant de la localnici este s\u0103-\u021bi planifici c\u0103l\u0103toria abia spre sf\u00e2r\u0219itul verii. <strong>\u00cen septembrie, marea e, paradoxal, mai cald\u0103 dec\u00e2t \u00een iunie<\/strong> (\u00ee\u0219i p\u0103streaz\u0103 22 p\u00e2n\u0103 la 23 \u00b0C), aerul nu mai e at\u00e2t de arz\u0103tor, iar mul\u021bimile principale de turi\u0219ti sunt de mult plecate. Verific\u0103 doar programul barurilor de plaj\u0103, multe dintre ele se \u00eenchid deja la mijlocul lui septembrie.<\/p>\n\n\n\n<h2 class=\"wp-block-heading\"><span class=\"ez-toc-section\" id=\"Unde_sa_mergi_mai_departe\"><\/span>Unde s\u0103 mergi mai departe<span class=\"ez-toc-section-end\"><\/span><\/h2>\n\n\n\n<ul class=\"wp-block-list\">\n\n<li>  Te intereseaz\u0103 cum e plaja acolo? Arunc\u0103 o privire la <strong><a href=\"https:\/\/loudavymkrokem.cz\/ro\/nisipurile-de-aur-bulgaria\/\">Nisipurile de Aur: ce s\u0103 vezi, plaje \u0219i c\u00e2t cost\u0103<\/a><\/strong>.<\/li>\n\n\n\n\n<li>  Vrei plaje \u0219i istorie la un loc? Vezi <strong><a href=\"https:\/\/loudavymkrokem.cz\/ro\/?p=406041\">Sozopol: ce s\u0103 vezi \u00een cel mai vechi ora\u0219 de la mare<\/a><\/strong>.<\/li>\n\n\n\n\n<li>  Vrei plaj\u0103 \u0219i istorie? Arunc\u0103 o privire la <strong><a href=\"https:\/\/loudavymkrokem.cz\/nesebar\/\">Nesebar: ce s\u0103 vezi \u00een ora\u0219ul UNESCO<\/a><\/strong>.<\/li>\n\n\n\n\n<li><a href=\"https:\/\/loudavymkrokem.cz\/ro\/vacanta-bulgaria-locuri-frumoase\/\">Vacan\u021b\u0103 \u00een Bulgaria: 30 dintre cele mai frumoase locuri<\/a><\/li>\n\n\n\n<li><a href=\"https:\/\/loudavymkrokem.cz\/ro\/coasta-soarelui-bulgaria\/\">Sunny Beach: 15 ponturi \u0219i la ce s\u0103 fii atent<\/a><\/li>\n\n\n\n<li><a href=\"https:\/\/loudavymkrokem.cz\/ro\/preturi-bulgaria-2026\/\">Pre\u021burile \u00een Bulgaria dup\u0103 trecerea la euro<\/a><\/li>\n\n\n\n<li><a href=\"https:\/\/loudavymkrokem.cz\/ro\/vremea-bulgaria-temperatura-marii\/\">Vremea \u00een Bulgaria: temperaturile m\u0103rii pe luni<\/a><\/li>\n\n\n\n<li><a href=\"https:\/\/loudavymkrokem.cz\/ro\/bulgaria-all-inclusive-resorturi\/\">Bulgaria all inclusive: 22 dintre cele mai bune sta\u021biuni<\/a><\/li>\n\n\n<\/ul>\n\n\n\n<h2 class=\"wp-block-heading\"><span class=\"ez-toc-section\" id=\"Intrebari_frecvente\"><\/span>\u00centreb\u0103ri frecvente<span class=\"ez-toc-section-end\"><\/span><\/h2>\n\n\n<div id=\"rank-math-faq\" class=\"rank-math-block\">\n<div class=\"rank-math-list \">\n<div id=\"faq-question-1787919927000\" class=\"rank-math-list-item\">\n<h3 class=\"rank-math-question \"><span class=\"ez-toc-section\" id=\"Care_sunt_cele_mai_frumoase_plaje\"><\/span>Care sunt cele mai frumoase plaje?<span class=\"ez-toc-section-end\"><\/span><\/h3>\n<div class=\"rank-math-answer \">\n\n<p>Depinde de ce cau\u021bi. Pentru iubitorii naturii s\u0103lbatice \u0219i a st\u00e2ncilor spectaculoase, golful Silistar din sud sau zona Bolata din nord sunt absolut de top. Dac\u0103 e\u0219ti \u00een c\u0103utarea dunelor de nisip nesf\u00e2r\u0219ite, \u00eendreapt\u0103-te spre Arkutino.<\/p>\n\n<\/div>\n<\/div>\n<div id=\"faq-question-1787919927001\" class=\"rank-math-list-item\">\n<h3 class=\"rank-math-question \"><span class=\"ez-toc-section\" id=\"Cat_costa_un_sezlong\"><\/span>C\u00e2t cost\u0103 un \u0219ezlong?<span class=\"ez-toc-section-end\"><\/span><\/h3>\n<div class=\"rank-math-answer \">\n\n<p>Pre\u021burile \u00een 2026 difer\u0103 de p\u00e2n\u0103 la dou\u0103zeci de ori. Cele mai ieftine \u0219ezlonguri le g\u0103se\u0219ti \u00een Burgas (de la 0,60 \u20ac bucata), \u00een timp ce pe Nisipurile de Aur vei pl\u0103ti 5 p\u00e2n\u0103 la 6 \u20ac. Pre\u021bul mediu pentru un set (dou\u0103 \u0219ezlonguri \u0219i o umbrel\u0103) pe litoral se situeaz\u0103 \u00een jur de 10 p\u00e2n\u0103 la 15 \u20ac.<\/p>\n\n<\/div>\n<\/div>\n<div id=\"faq-question-1787919927002\" class=\"rank-math-list-item\">\n<h3 class=\"rank-math-question \"><span class=\"ez-toc-section\" id=\"Trebuie_sa_platesc_pentru_plaja\"><\/span>Trebuie s\u0103 pl\u0103tesc pentru plaj\u0103?<span class=\"ez-toc-section-end\"><\/span><\/h3>\n<div class=\"rank-math-answer \">\n\n<p>Nu, intrarea pe toate plajele bulg\u0103re\u0219ti este gratuit\u0103. \u00cen plus, legea impune ca minimum 50% din suprafa\u021b\u0103 s\u0103 constituie a\u0219a-numita zon\u0103 liber\u0103. Acolo \u00ee\u021bi po\u021bi \u00eentinde gratuit oric\u00e2nd propria p\u0103tur\u0103 \u0219i umbrel\u0103, chiar \u0219i \u00een fa\u021ba hotelurilor de lux.<\/p>\n\n<\/div>\n<\/div>\n<div id=\"faq-question-1787919927003\" class=\"rank-math-list-item\">\n<h3 class=\"rank-math-question \"><span class=\"ez-toc-section\" id=\"Unde_sa_merg_cu_copii_mici\"><\/span>Unde s\u0103 merg cu copii mici?<span class=\"ez-toc-section-end\"><\/span><\/h3>\n<div class=\"rank-math-answer \">\n\n<p>Cea mai bun\u0103 alegere este sta\u021biunea Albena din nord, unde ad\u00e2ncimea apei nu dep\u0103\u0219e\u0219te 1,6 metri nici la 150 de metri de \u021b\u0103rm. Ape pu\u021bin ad\u00e2nci excelente g\u0103se\u0219ti \u0219i \u00een sta\u021biunile Kranevo, Primorsko \u0219i Kiten. Evit\u0103 \u00een schimb plaja Veleka, unde ad\u00e2ncimea este mare chiar l\u00e2ng\u0103 \u021b\u0103rm.<\/p>\n\n<\/div>\n<\/div>\n<div id=\"faq-question-1787919927004\" class=\"rank-math-list-item\">\n<h3 class=\"rank-math-question \"><span class=\"ez-toc-section\" id=\"Care_plaje_sunt_periculoase\"><\/span>Care plaje sunt periculoase?<span class=\"ez-toc-section-end\"><\/span><\/h3>\n<div class=\"rank-math-answer \">\n\n<p>Din cauza curen\u021bilor de retragere perfizi (a\u0219a-numitul val mort), \u00een august sunt riscante \u00een special plajele sudice: Silistar, Butamjata, Primorsko-nord, Sozopol-Harmani \u0219i Obzor. Dac\u0103 e\u0219ti prins de curent, \u00eenoat\u0103 \u00eentotdeauna paralel cu \u021b\u0103rmul, niciodat\u0103 \u00eempotriva curentului.<\/p>\n\n<\/div>\n<\/div>\n<div id=\"faq-question-1787919927005\" class=\"rank-math-list-item\">\n<h3 class=\"rank-math-question \"><span class=\"ez-toc-section\" id=\"Exista_plaje_nudiste_in_Bulgaria\"><\/span>Exist\u0103 plaje nudiste \u00een Bulgaria?<span class=\"ez-toc-section-end\"><\/span><\/h3>\n<div class=\"rank-math-answer \">\n\n<p>Plaja naturist\u0103 oficial\u0103 cu facilit\u0103\u021bi complete este doar Nirvana pe Nisipurile de Aur. Zone nudiste neoficiale tolerate po\u021bi g\u0103si \u00eens\u0103 pe sectoarele mai izolate ale plajelor Alepu, Pa\u0161a dere, Karadere sau la marginea nordic\u0103 a \u0160korpilovci.<\/p>\n\n<\/div>\n<\/div>\n<div id=\"faq-question-1787919927006\" class=\"rank-math-list-item\">\n<h3 class=\"rank-math-question \"><span class=\"ez-toc-section\" id=\"Se_poate_campa_in_salbaticie_acolo\"><\/span>Se poate campa \u00een s\u0103lb\u0103ticie acolo?<span class=\"ez-toc-section-end\"><\/span><\/h3>\n<div class=\"rank-math-answer \">\n\n<p>Din 2026 se aplic\u0103 reguli foarte stricte \u0219i campingul \u00een s\u0103lb\u0103ticie pe plaje sau \u00een dune este interzis. \u00cen jurul plajelor Karadere, Irakli \u0219i Koral exist\u0103 chiar o zon\u0103 de protec\u021bie de 500 de metri. Se poate campa doar \u00een zonele legale marcate \u0219i \u00een campinguri.<\/p>\n\n<\/div>\n<\/div>\n<div id=\"faq-question-1787919927007\" class=\"rank-math-list-item\">\n<h3 class=\"rank-math-question \"><span class=\"ez-toc-section\" id=\"Cand_este_marea_cea_mai_calda\"><\/span>C\u00e2nd este marea cea mai cald\u0103?<span class=\"ez-toc-section-end\"><\/span><\/h3>\n<div class=\"rank-math-answer \">\n\n<p>Apa cea mai cald\u0103 te a\u0219teapt\u0103 \u00een august, c\u00e2nd temperatura M\u0103rii Negre atinge 25 p\u00e2n\u0103 la 26 \u00b0C. August este totodat\u0103 cea mai uscat\u0103 lun\u0103, cu precipita\u021bii minime. O alegere excelent\u0103 este \u0219i septembrie, c\u00e2nd marea cu temperatura de 22 p\u00e2n\u0103 la 23 \u00b0C este surprinz\u0103tor de cald\u0103, mai cald\u0103 dec\u00e2t \u00een iunie.<\/p>\n\n<\/div>\n<\/div>\n<div id=\"faq-question-1787919927008\" class=\"rank-math-list-item\">\n<h3 class=\"rank-math-question \"><span class=\"ez-toc-section\" id=\"Sunt_meduze_in_mare\"><\/span>Sunt meduze \u00een mare?<span class=\"ez-toc-section-end\"><\/span><\/h3>\n<div class=\"rank-math-answer \">\n\n<p>\u00cen Marea Neagr\u0103 tr\u0103iesc \u00een mod obi\u0219nuit dou\u0103 specii de meduze (de exemplu Aurelia aurita), care apar cel mai des la mijlocul verii. Sunt \u00eens\u0103 inofensive pentru om \u0219i \u00een\u021bep\u0103tura lor este foarte slab\u0103, amintind mai degrab\u0103 de o atingere rapid\u0103 de urzic\u0103.<\/p>\n\n<\/div>\n<\/div>\n<div id=\"faq-question-1787919927009\" class=\"rank-math-list-item\">\n<h3 class=\"rank-math-question \"><span class=\"ez-toc-section\" id=\"Cum_ajung_la_plajele_salbatice\"><\/span>Cum ajung la plajele s\u0103lbatice?<span class=\"ez-toc-section-end\"><\/span><\/h3>\n<div class=\"rank-math-answer \">\n\n<p>La majoritatea plajelor s\u0103lbatice (Irakli, Karadere, Pa\u0161a dere) nu duce drum asfaltat, ci doar drumuri de \u021bar\u0103 pr\u0103fuite \u0219i denivelate. Adesea trebuie s\u0103 la\u0219i ma\u0219ina mai departe de mare \u0219i s\u0103 parcurgi ultimele sute de metri pe jos. Dup\u0103 ploi abundente, drumurile sunt impracticabile pentru ma\u0219inile obi\u0219nuite.<\/p>\n\n<\/div>\n<\/div>\n<\/div>\n<\/div>\n\n\n<p class=\"wp-block-paragraph\">\ud83d\udc49 <a href=\"https:\/\/www.stay22.com\/allez\/roam?aid=lukaskonecny&#038;campaign=loudavymkrokemcz&#038;campaign=plaze-bulharsko&#038;address=Primorsko%2C%20Bulharsko\" target=\"_blank\" rel=\"nofollow noopener\"><strong>Vezi pre\u021burile caz\u0103rii din apropierea acestei plaje<\/strong><\/a><\/p>\n","protected":false},"excerpt":{"rendered":"<p>Descoper\u0103 cele mai frumoase plaje din Bulgaria \u2013 de la dune de nisip nesf\u00e2r\u0219ite \u0219i golfuri s\u0103lbatice f\u0103r\u0103 hoteluri, p\u00e2n\u0103 la sta\u021biuni cu ape pu\u021bin ad\u00e2nci, ideale pentru familiile cu copii.<\/p>\n","protected":false},"author":3,"featured_media":404281,"comment_status":"open","ping_status":"open","sticky":false,"template":"","format":"standard","meta":{"_acf_changed":false,"footnotes":"","rank_math_title":"Cele mai frumoase plaje din Bulgaria: 20 de locuri","rank_math_description":"Descoper\u0103 cele mai frumoase plaje din Bulgaria: 20 de locuri s\u0103lbatice \u0219i de sta\u021biune, pre\u021buri, ponturi pentru familii \u0219i siguran\u021b\u0103. Vezi ghidul complet!","rank_math_focus_keyword":"cele mai frumoase plaje din bulgaria","rank_math_seo_score":""},"categories":[2013,2015,2021],"tags":[],"class_list":["post-417526","post","type-post","status-publish","format-standard","has-post-thumbnail","category-bulgaria","category-calatorii","category-europa"],"acf":[],"featured_image_src":"https:\/\/loudavymkrokem.cz\/wp-content\/uploads\/2026\/08\/plaze-bulharsko-zatoka-bolata.jpg","author_info":{"display_name":"Lucie Kone\u010dn\u00e1","author_link":"https:\/\/loudavymkrokem.cz\/ro\/author\/lucie-konecna\/"},"_links":{"self":[{"href":"https:\/\/loudavymkrokem.cz\/ro\/wp-json\/wp\/v2\/posts\/417526","targetHints":{"allow":["GET"]}}],"collection":[{"href":"https:\/\/loudavymkrokem.cz\/ro\/wp-json\/wp\/v2\/posts"}],"about":[{"href":"https:\/\/loudavymkrokem.cz\/ro\/wp-json\/wp\/v2\/types\/post"}],"author":[{"embeddable":true,"href":"https:\/\/loudavymkrokem.cz\/ro\/wp-json\/wp\/v2\/users\/3"}],"replies":[{"embeddable":true,"href":"https:\/\/loudavymkrokem.cz\/ro\/wp-json\/wp\/v2\/comments?post=417526"}],"version-history":[{"count":2,"href":"https:\/\/loudavymkrokem.cz\/ro\/wp-json\/wp\/v2\/posts\/417526\/revisions"}],"predecessor-version":[{"id":417528,"href":"https:\/\/loudavymkrokem.cz\/ro\/wp-json\/wp\/v2\/posts\/417526\/revisions\/417528"}],"wp:featuredmedia":[{"embeddable":true,"href":"https:\/\/loudavymkrokem.cz\/ro\/wp-json\/wp\/v2\/media\/404281"}],"wp:attachment":[{"href":"https:\/\/loudavymkrokem.cz\/ro\/wp-json\/wp\/v2\/media?parent=417526"}],"wp:term":[{"taxonomy":"category","embeddable":true,"href":"https:\/\/loudavymkrokem.cz\/ro\/wp-json\/wp\/v2\/categories?post=417526"},{"taxonomy":"post_tag","embeddable":true,"href":"https:\/\/loudavymkrokem.cz\/ro\/wp-json\/wp\/v2\/tags?post=417526"}],"curies":[{"name":"wp","href":"https:\/\/api.w.org\/{rel}","templated":true}]}}