{"id":417523,"date":"2026-09-04T10:00:00","date_gmt":"2026-09-04T08:00:00","guid":{"rendered":"https:\/\/loudavymkrokem.cz\/varna-bulgaria-locuri-vizitat\/"},"modified":"2026-09-05T16:13:25","modified_gmt":"2026-09-05T14:13:25","slug":"varna-bulgaria-locuri-vizitat","status":"publish","type":"post","link":"https:\/\/loudavymkrokem.cz\/ro\/varna-bulgaria-locuri-vizitat\/","title":{"rendered":"Varna, Bulgaria: 20 lucruri de v\u0103zut \u0219i de tr\u0103it \u00een metropola de la mare 2026"},"content":{"rendered":"\n<p class=\"wp-block-paragraph\">C\u00e2nd spui Bulgaria, majoritatea turi\u0219tilor \u00ee\u0219i imagineaz\u0103 \u0219iruri nesf\u00e2r\u0219ite de hoteluri pe Sunny Beach. Numai c\u0103 Varna, Bulgaria, este o cu totul alt\u0103 poveste, iar aici vei descoperi mai multe leg\u0103turi cehe dec\u00e2t te-ai fi a\u0219teptat vreodat\u0103. Muzeul Arheologic, care ad\u0103poste\u0219te cel mai vechi aur prelucrat din lume, a fost fondat de <strong>Karel \u0160korpil din Vysok\u00e9 M\u00fdto<\/strong>. Uria\u0219a Gr\u0103din\u0103 a M\u0103rii, m\u00e2ndria \u00eentregii coaste, a fost proiectat\u0103 de <strong>Anton Nov\u00e1k din Vino\u0159<\/strong>. Iar dac\u0103 te opre\u0219ti \u00eentr-o sta\u021bie de transport public, cu mare probabilitate te va plimba un <strong>troleibuz ceh \u0160koda<\/strong>.<\/p>\n\n\n\n<p class=\"wp-block-paragraph\">Varna pur \u0219i simplu nu este doar o sta\u021biune de var\u0103 artificial\u0103, ci <strong>al treilea cel mai mare ora\u0219 al Bulgariei<\/strong>, care tr\u0103ie\u0219te \u00een ritmul s\u0103u propriu tot anul. Vei g\u0103si aici cele mai mari b\u0103i romane din Balcani, bulevarde umbroase pline de cafenele \u0219i plaje urbane la care ajungi pe jos direct din centrul istoric. Este exact acea destina\u021bie unde diminea\u021ba po\u021bi admira s\u0103p\u0103turi trace, la pr\u00e2nz po\u021bi savura o salat\u0103 \u0219opska excelent\u0103 \u00eentr-o mehana tradi\u021bional\u0103, iar dup\u0103-amiaza deja stai \u00eentins pe nisipul fin de la Marea Neagr\u0103.<\/p>\n\n\n\n<p class=\"wp-block-paragraph\">\u00cen acest ghid vei g\u0103si <strong>20 de sfaturi concrete despre ce s\u0103 vezi \u0219i ce s\u0103 faci \u00een Varna<\/strong>. \u00ce\u021bi voi ar\u0103ta cum s\u0103 nu cazi \u00een capcanele turistice legate de transport, unde s\u0103 mergi pentru cele mai frumoase excursii \u00een \u00eemprejurimi, \u00een ce cartier s\u0103 te cazezi strategic \u0219i la ce s\u0103 fii atent c\u00e2nd alegi un restaurant. \u00cen plus, Bulgaria <strong>a adoptat euro de la 1 ianuarie 2026<\/strong>, a\u0219a c\u0103 dispar grijile legate de schimbul levilor \u0219i de conversiile constante.<\/p>\n\n\n\n<figure data-wp-context=\"{&quot;imageId&quot;:&quot;6a9c36d1d6cab&quot;}\" data-wp-interactive=\"core\/image\" data-wp-key=\"6a9c36d1d6cab\" class=\"wp-block-image size-full wp-lightbox-container\"><img decoding=\"async\" width=\"1800\" height=\"1012\" data-wp-class--hide=\"state.isContentHidden\" data-wp-class--show=\"state.isContentVisible\" data-wp-init=\"callbacks.setButtonStyles\" data-wp-on--click=\"actions.showLightbox\" data-wp-on--load=\"callbacks.setButtonStyles\" data-wp-on--pointerdown=\"actions.preloadImage\" data-wp-on--pointerenter=\"actions.preloadImageWithDelay\" data-wp-on--pointerleave=\"actions.cancelPreload\" data-wp-on-window--resize=\"callbacks.setButtonStyles\" src=\"https:\/\/loudavymkrokem.cz\/wp-content\/uploads\/2026\/08\/bulharsko-research-varna-01-3be9ec14.jpg\" alt=\"Priveli\u0219te asupra coastei \u0219i plajelor din Varna\" class=\"wp-image-407776\" title=\"\" srcset=\"https:\/\/loudavymkrokem.cz\/wp-content\/uploads\/2026\/08\/bulharsko-research-varna-01-3be9ec14.jpg 1800w, https:\/\/loudavymkrokem.cz\/wp-content\/uploads\/2026\/08\/bulharsko-research-varna-01-3be9ec14-300x169.jpg 300w, https:\/\/loudavymkrokem.cz\/wp-content\/uploads\/2026\/08\/bulharsko-research-varna-01-3be9ec14-700x394.jpg 700w, https:\/\/loudavymkrokem.cz\/wp-content\/uploads\/2026\/08\/bulharsko-research-varna-01-3be9ec14-768x432.jpg 768w, https:\/\/loudavymkrokem.cz\/wp-content\/uploads\/2026\/08\/bulharsko-research-varna-01-3be9ec14-1536x864.jpg 1536w, https:\/\/loudavymkrokem.cz\/wp-content\/uploads\/2026\/08\/bulharsko-research-varna-01-3be9ec14-696x391.jpg 696w, https:\/\/loudavymkrokem.cz\/wp-content\/uploads\/2026\/08\/bulharsko-research-varna-01-3be9ec14-1392x783.jpg 1392w\" sizes=\"(max-width: 1800px) 100vw, 1800px\" \/><button\n\t\t\tclass=\"lightbox-trigger\"\n\t\t\ttype=\"button\"\n\t\t\taria-haspopup=\"dialog\"\n\t\t\tdata-wp-bind--aria-label=\"state.thisImage.triggerButtonAriaLabel\"\n\t\t\tdata-wp-init=\"callbacks.initTriggerButton\"\n\t\t\tdata-wp-on--click=\"actions.showLightbox\"\n\t\t\tdata-wp-style--right=\"state.thisImage.buttonRight\"\n\t\t\tdata-wp-style--top=\"state.thisImage.buttonTop\"\n\t\t>\n\t\t\t<svg xmlns=\"http:\/\/www.w3.org\/2000\/svg\" width=\"12\" height=\"12\" fill=\"none\" viewBox=\"0 0 12 12\">\n\t\t\t\t<path fill=\"#fff\" d=\"M2 0a2 2 0 0 0-2 2v2h1.5V2a.5.5 0 0 1 .5-.5h2V0H2Zm2 10.5H2a.5.5 0 0 1-.5-.5V8H0v2a2 2 0 0 0 2 2h2v-1.5ZM8 12v-1.5h2a.5.5 0 0 0 .5-.5V8H12v2a2 2 0 0 1-2 2H8Zm2-12a2 2 0 0 1 2 2v2h-1.5V2a.5.5 0 0 0-.5-.5H8V0h2Z\" \/>\n\t\t\t<\/svg>\n\t\t<\/button><figcaption class=\"wp-element-caption\">Foto: karel291, CC BY 3.0 (Wikimedia Commons)<\/figcaption><\/figure>\n\n\n\n<div id=\"ez-toc-container\" class=\"ez-toc-v2_0_87 ez-toc-wrap-left counter-hierarchy ez-toc-counter ez-toc-grey ez-toc-container-direction\">\n<div class=\"ez-toc-title-container\">\n<p class=\"ez-toc-title\" style=\"cursor:inherit\">Cuprinsul articolului<\/p>\n<span class=\"ez-toc-title-toggle\"><a href=\"#\" class=\"ez-toc-pull-right ez-toc-btn ez-toc-btn-xs ez-toc-btn-default ez-toc-toggle\" aria-label=\"Toggle Table of Content\"><span class=\"ez-toc-js-icon-con\"><span class=\"\"><span class=\"eztoc-hide\" style=\"display:none;\">Toggle<\/span><span class=\"ez-toc-icon-toggle-span\"><svg style=\"fill: #999;color:#999\" xmlns=\"http:\/\/www.w3.org\/2000\/svg\" class=\"list-377408\" width=\"20px\" height=\"20px\" viewBox=\"0 0 24 24\" fill=\"none\"><path d=\"M6 6H4v2h2V6zm14 0H8v2h12V6zM4 11h2v2H4v-2zm16 0H8v2h12v-2zM4 16h2v2H4v-2zm16 0H8v2h12v-2z\" fill=\"currentColor\"><\/path><\/svg><svg style=\"fill: #999;color:#999\" class=\"arrow-unsorted-368013\" xmlns=\"http:\/\/www.w3.org\/2000\/svg\" width=\"10px\" height=\"10px\" viewBox=\"0 0 24 24\" version=\"1.2\" baseProfile=\"tiny\"><path d=\"M18.2 9.3l-6.2-6.3-6.2 6.3c-.2.2-.3.4-.3.7s.1.5.3.7c.2.2.4.3.7.3h11c.3 0 .5-.1.7-.3.2-.2.3-.5.3-.7s-.1-.5-.3-.7zM5.8 14.7l6.2 6.3 6.2-6.3c.2-.2.3-.5.3-.7s-.1-.5-.3-.7c-.2-.2-.4-.3-.7-.3h-11c-.3 0-.5.1-.7.3-.2.2-.3.5-.3.7s.1.5.3.7z\"\/><\/svg><\/span><\/span><\/span><\/a><\/span><\/div>\n<nav><ul class='ez-toc-list ez-toc-list-level-1 ' ><ul class='ez-toc-list-level-3' ><li class='ez-toc-heading-level-3'><a class=\"ez-toc-link ez-toc-heading-1\" href=\"https:\/\/loudavymkrokem.cz\/ro\/varna-bulgaria-locuri-vizitat\/#Rezumat_pentru_cei_care_nu_au_timp_sa_citeasca_tot_articolul\" >Rezumat pentru cei care nu au timp s\u0103 citeasc\u0103 tot articolul<\/a><\/li><\/ul><\/li><li class='ez-toc-page-1 ez-toc-heading-level-2'><a class=\"ez-toc-link ez-toc-heading-2\" href=\"https:\/\/loudavymkrokem.cz\/ro\/varna-bulgaria-locuri-vizitat\/#Cat_costa_in_Varna_Bulgaria\" >C\u00e2t cost\u0103 \u00een Varna, Bulgaria<\/a><\/li><li class='ez-toc-page-1 ez-toc-heading-level-2'><a class=\"ez-toc-link ez-toc-heading-3\" href=\"https:\/\/loudavymkrokem.cz\/ro\/varna-bulgaria-locuri-vizitat\/#Cum_ajungi_la_Varna_si_cum_te_deplasezi_prin_oras\" >Cum ajungi la Varna \u0219i cum te deplasezi prin ora\u0219<\/a><\/li><li class='ez-toc-page-1 ez-toc-heading-level-2'><a class=\"ez-toc-link ez-toc-heading-4\" href=\"https:\/\/loudavymkrokem.cz\/ro\/varna-bulgaria-locuri-vizitat\/#Centrul_istoric_si_muzeele\" >Centrul istoric \u0219i muzeele<\/a><ul class='ez-toc-list-level-3' ><li class='ez-toc-heading-level-3'><a class=\"ez-toc-link ez-toc-heading-5\" href=\"https:\/\/loudavymkrokem.cz\/ro\/varna-bulgaria-locuri-vizitat\/#1_Muzeul_Arheologic_si_cel_mai_vechi_aur_din_lume\" >1. Muzeul Arheologic \u0219i cel mai vechi aur din lume<\/a><\/li><li class='ez-toc-page-1 ez-toc-heading-level-3'><a class=\"ez-toc-link ez-toc-heading-6\" href=\"https:\/\/loudavymkrokem.cz\/ro\/varna-bulgaria-locuri-vizitat\/#2_Termele_romane_Odessos\" >2. Termele romane (Odessos)<\/a><\/li><li class='ez-toc-page-1 ez-toc-heading-level-3'><a class=\"ez-toc-link ez-toc-heading-7\" href=\"https:\/\/loudavymkrokem.cz\/ro\/varna-bulgaria-locuri-vizitat\/#3_Catedrala_Adormirea_Maicii_Domnului\" >3. Catedrala Adormirea Maicii Domnului<\/a><\/li><li class='ez-toc-page-1 ez-toc-heading-level-3'><a class=\"ez-toc-link ez-toc-heading-8\" href=\"https:\/\/loudavymkrokem.cz\/ro\/varna-bulgaria-locuri-vizitat\/#4_Muzeul_Naval_si_torpilorul_Drazki\" >4. Muzeul Naval \u0219i torpilorul Drazki<\/a><\/li><li class='ez-toc-page-1 ez-toc-heading-level-3'><a class=\"ez-toc-link ez-toc-heading-9\" href=\"https:\/\/loudavymkrokem.cz\/ro\/varna-bulgaria-locuri-vizitat\/#5_Muzeul_Etnografic\" >5. Muzeul Etnografic<\/a><\/li><li class='ez-toc-page-1 ez-toc-heading-level-3'><a class=\"ez-toc-link ez-toc-heading-10\" href=\"https:\/\/loudavymkrokem.cz\/ro\/varna-bulgaria-locuri-vizitat\/#6_Muzeul_Retro\" >6. Muzeul Retro<\/a><\/li><li class='ez-toc-page-1 ez-toc-heading-level-3'><a class=\"ez-toc-link ez-toc-heading-11\" href=\"https:\/\/loudavymkrokem.cz\/ro\/varna-bulgaria-locuri-vizitat\/#7_Turnul_cu_Ceas\" >7. Turnul cu Ceas<\/a><\/li><\/ul><\/li><li class='ez-toc-page-1 ez-toc-heading-level-2'><a class=\"ez-toc-link ez-toc-heading-12\" href=\"https:\/\/loudavymkrokem.cz\/ro\/varna-bulgaria-locuri-vizitat\/#Gradina_Marii_si_coasta\" >Gr\u0103dina M\u0103rii \u0219i coasta<\/a><ul class='ez-toc-list-level-3' ><li class='ez-toc-heading-level-3'><a class=\"ez-toc-link ez-toc-heading-13\" href=\"https:\/\/loudavymkrokem.cz\/ro\/varna-bulgaria-locuri-vizitat\/#8_Gradina_Marii\" >8. Gr\u0103dina M\u0103rii<\/a><\/li><li class='ez-toc-page-1 ez-toc-heading-level-3'><a class=\"ez-toc-link ez-toc-heading-14\" href=\"https:\/\/loudavymkrokem.cz\/ro\/varna-bulgaria-locuri-vizitat\/#9_Acvariul_Varna\" >9. Acvariul Varna<\/a><\/li><li class='ez-toc-page-1 ez-toc-heading-level-3'><a class=\"ez-toc-link ez-toc-heading-15\" href=\"https:\/\/loudavymkrokem.cz\/ro\/varna-bulgaria-locuri-vizitat\/#10_Delfinariul_Festa\" >10. Delfinariul Festa<\/a><\/li><li class='ez-toc-page-1 ez-toc-heading-level-3'><a class=\"ez-toc-link ez-toc-heading-16\" href=\"https:\/\/loudavymkrokem.cz\/ro\/varna-bulgaria-locuri-vizitat\/#11_Gradina_Zoologica_Varna\" >11. Gr\u0103dina Zoologic\u0103 Varna<\/a><\/li><li class='ez-toc-page-1 ez-toc-heading-level-3'><a class=\"ez-toc-link ez-toc-heading-17\" href=\"https:\/\/loudavymkrokem.cz\/ro\/varna-bulgaria-locuri-vizitat\/#12_Planetariul_N_Copernic\" >12. Planetariul N. Copernic<\/a><\/li><li class='ez-toc-page-1 ez-toc-heading-level-3'><a class=\"ez-toc-link ez-toc-heading-18\" href=\"https:\/\/loudavymkrokem.cz\/ro\/varna-bulgaria-locuri-vizitat\/#13_Plajele_urbane_si_calitatea_apei\" >13. Plajele urbane \u0219i calitatea apei<\/a><\/li><\/ul><\/li><li class='ez-toc-page-1 ez-toc-heading-level-2'><a class=\"ez-toc-link ez-toc-heading-19\" href=\"https:\/\/loudavymkrokem.cz\/ro\/varna-bulgaria-locuri-vizitat\/#Dincolo_de_centru\" >Dincolo de centru<\/a><ul class='ez-toc-list-level-3' ><li class='ez-toc-heading-level-3'><a class=\"ez-toc-link ez-toc-heading-20\" href=\"https:\/\/loudavymkrokem.cz\/ro\/varna-bulgaria-locuri-vizitat\/#14_Parcul-muzeu_Vladislav_Varnencik\" >14. Parcul-muzeu Vladislav Varnen\u010dik<\/a><\/li><li class='ez-toc-page-1 ez-toc-heading-level-3'><a class=\"ez-toc-link ez-toc-heading-21\" href=\"https:\/\/loudavymkrokem.cz\/ro\/varna-bulgaria-locuri-vizitat\/#15_Plaja_Asparuhovo\" >15. Plaja Asparuhovo<\/a><\/li><li class='ez-toc-page-1 ez-toc-heading-level-3'><a class=\"ez-toc-link ez-toc-heading-22\" href=\"https:\/\/loudavymkrokem.cz\/ro\/varna-bulgaria-locuri-vizitat\/#16_Sf_Constantin_si_Elena\" >16. Sf. Constantin \u0219i Elena<\/a><\/li><\/ul><\/li><li class='ez-toc-page-1 ez-toc-heading-level-2'><a class=\"ez-toc-link ez-toc-heading-23\" href=\"https:\/\/loudavymkrokem.cz\/ro\/varna-bulgaria-locuri-vizitat\/#Excursii_din_Varna\" >Excursii din Varna<\/a><ul class='ez-toc-list-level-3' ><li class='ez-toc-heading-level-3'><a class=\"ez-toc-link ez-toc-heading-24\" href=\"https:\/\/loudavymkrokem.cz\/ro\/varna-bulgaria-locuri-vizitat\/#17_Palatul_si_gradinile_Balcik\" >17. Palatul \u0219i gr\u0103dinile Balcik<\/a><\/li><li class='ez-toc-page-1 ez-toc-heading-level-3'><a class=\"ez-toc-link ez-toc-heading-25\" href=\"https:\/\/loudavymkrokem.cz\/ro\/varna-bulgaria-locuri-vizitat\/#18_Capul_Kaliakra\" >18. Capul Kaliakra<\/a><\/li><li class='ez-toc-page-1 ez-toc-heading-level-3'><a class=\"ez-toc-link ez-toc-heading-26\" href=\"https:\/\/loudavymkrokem.cz\/ro\/varna-bulgaria-locuri-vizitat\/#19_Manastirea_Aladja\" >19. M\u0103n\u0103stirea Aladja<\/a><\/li><li class='ez-toc-page-1 ez-toc-heading-level-3'><a class=\"ez-toc-link ez-toc-heading-27\" href=\"https:\/\/loudavymkrokem.cz\/ro\/varna-bulgaria-locuri-vizitat\/#20_Pobiti_kamani_si_Calaretul_din_Madara\" >20. Pobiti kamani \u0219i C\u0103l\u0103re\u021bul din Madara<\/a><\/li><\/ul><\/li><li class='ez-toc-page-1 ez-toc-heading-level-2'><a class=\"ez-toc-link ez-toc-heading-28\" href=\"https:\/\/loudavymkrokem.cz\/ro\/varna-bulgaria-locuri-vizitat\/#Unde_mananci_in_Varna\" >Unde m\u0103n\u00e2nci \u00een Varna<\/a><\/li><li class='ez-toc-page-1 ez-toc-heading-level-2'><a class=\"ez-toc-link ez-toc-heading-29\" href=\"https:\/\/loudavymkrokem.cz\/ro\/varna-bulgaria-locuri-vizitat\/#Cazare_in_Varna_Bulgaria\" >Cazare \u00een Varna, Bulgaria<\/a><\/li><li class='ez-toc-page-1 ez-toc-heading-level-2'><a class=\"ez-toc-link ez-toc-heading-30\" href=\"https:\/\/loudavymkrokem.cz\/ro\/varna-bulgaria-locuri-vizitat\/#Cand_sa_mergi_la_Varna_vremea_in_Bulgaria\" >C\u00e2nd s\u0103 mergi la Varna: vremea \u00een Bulgaria<\/a><ul class='ez-toc-list-level-3' ><li class='ez-toc-heading-level-3'><a class=\"ez-toc-link ez-toc-heading-31\" href=\"https:\/\/loudavymkrokem.cz\/ro\/varna-bulgaria-locuri-vizitat\/#Varna_in_afara_sezonului\" >Varna \u00een afara sezonului<\/a><\/li><\/ul><\/li><li class='ez-toc-page-1 ez-toc-heading-level-2'><a class=\"ez-toc-link ez-toc-heading-32\" href=\"https:\/\/loudavymkrokem.cz\/ro\/varna-bulgaria-locuri-vizitat\/#La_ce_sa_fii_atent\" >La ce s\u0103 fii atent<\/a><\/li><li class='ez-toc-page-1 ez-toc-heading-level-2'><a class=\"ez-toc-link ez-toc-heading-33\" href=\"https:\/\/loudavymkrokem.cz\/ro\/varna-bulgaria-locuri-vizitat\/#Unde_mai_poti_merge\" >Unde mai po\u021bi merge<\/a><\/li><li class='ez-toc-page-1 ez-toc-heading-level-2'><a class=\"ez-toc-link ez-toc-heading-34\" href=\"https:\/\/loudavymkrokem.cz\/ro\/varna-bulgaria-locuri-vizitat\/#Intrebari_frecvente\" >\u00centreb\u0103ri frecvente<\/a><ul class='ez-toc-list-level-3' ><li class='ez-toc-heading-level-3'><a class=\"ez-toc-link ez-toc-heading-35\" href=\"https:\/\/loudavymkrokem.cz\/ro\/varna-bulgaria-locuri-vizitat\/#Se_plateste_la_Varna_in_euro_sau_in_leva\" >Se pl\u0103te\u0219te la Varna \u00een euro sau \u00een leva?<\/a><\/li><li class='ez-toc-page-1 ez-toc-heading-level-3'><a class=\"ez-toc-link ez-toc-heading-36\" href=\"https:\/\/loudavymkrokem.cz\/ro\/varna-bulgaria-locuri-vizitat\/#Este_Varna_potrivita_pentru_familii_cu_copii\" >Este Varna potrivit\u0103 pentru familii cu copii?<\/a><\/li><li class='ez-toc-page-1 ez-toc-heading-level-3'><a class=\"ez-toc-link ez-toc-heading-37\" href=\"https:\/\/loudavymkrokem.cz\/ro\/varna-bulgaria-locuri-vizitat\/#Cum_stau_lucrurile_cu_parcarea_la_Varna\" >Cum stau lucrurile cu parcarea la Varna?<\/a><\/li><li class='ez-toc-page-1 ez-toc-heading-level-3'><a class=\"ez-toc-link ez-toc-heading-38\" href=\"https:\/\/loudavymkrokem.cz\/ro\/varna-bulgaria-locuri-vizitat\/#Se_poate_ajunge_la_Varna_cu_zbor_direct_din_Romania\" >Se poate ajunge la Varna cu zbor direct din Rom\u00e2nia?<\/a><\/li><li class='ez-toc-page-1 ez-toc-heading-level-3'><a class=\"ez-toc-link ez-toc-heading-39\" href=\"https:\/\/loudavymkrokem.cz\/ro\/varna-bulgaria-locuri-vizitat\/#Merita_sa_mergi_la_Varna_si_in_afara_vacantei_de_vara\" >Merit\u0103 s\u0103 mergi la Varna \u0219i \u00een afara vacan\u021bei de var\u0103?<\/a><\/li><li class='ez-toc-page-1 ez-toc-heading-level-3'><a class=\"ez-toc-link ez-toc-heading-40\" href=\"https:\/\/loudavymkrokem.cz\/ro\/varna-bulgaria-locuri-vizitat\/#Cum_ajung_din_Varna_la_Nisipurile_de_Aur\" >Cum ajung din Varna la Nisipurile de Aur?<\/a><\/li><li class='ez-toc-page-1 ez-toc-heading-level-3'><a class=\"ez-toc-link ez-toc-heading-41\" href=\"https:\/\/loudavymkrokem.cz\/ro\/varna-bulgaria-locuri-vizitat\/#Este_Varna_un_oras_sigur\" >Este Varna un ora\u0219 sigur?<\/a><\/li><\/ul><\/li><\/ul><\/nav><\/div>\n<h3 class=\"wp-block-heading\"><span class=\"ez-toc-section\" id=\"Rezumat_pentru_cei_care_nu_au_timp_sa_citeasca_tot_articolul\"><\/span>Rezumat pentru cei care nu au timp s\u0103 citeasc\u0103 tot articolul<span class=\"ez-toc-section-end\"><\/span><\/h3>\n\n\n\n<ul class=\"wp-block-list\">\n\n<li><strong>Ce este Varna:<\/strong> Al treilea cel mai mare ora\u0219 al Bulgariei (peste 322 de mii de locuitori) \u0219i un important port maritim, care func\u021bioneaz\u0103 tot anul, nu doar vara.<\/li>\n\n\n\n<li><strong>Cea mai mare atrac\u021bie:<\/strong> Tezaurul de aur de la Varna, din perioada 4600\u20134200 \u00ee.Hr., care reprezint\u0103 cel mai vechi aur prelucrat din lume.<\/li>\n\n\n\n<li><strong>Moneda \u0219i pre\u021burile:<\/strong> De la 1.1.2026, \u00een toat\u0103 Bulgaria se pl\u0103te\u0219te \u00een euro. Afi\u0219area dual\u0103 a pre\u021burilor s-a \u00eencheiat deja.<\/li>\n\n\n\n<li><strong>Plajele:<\/strong> Ora\u0219ul are peste 22 de plaje, cu o lungime total\u0103 de 32 de kilometri. Printre cele mai bune se num\u0103r\u0103 plaja larg\u0103 Iujen sau cea mai lini\u0219tit\u0103 Asparuhovo.<\/li>\n\n\n\n<li><strong>Transportul:<\/strong> Aeroportul se afl\u0103 la doar 8 kilometri, iar \u00een centru te duce autobuzul liniei 409 \u00een mai pu\u021bin de dou\u0103zeci de minute.<\/li>\n\n\n\n<li><strong>C\u00e2nd s\u0103 mergi:<\/strong> August este cea mai uscat\u0103 \u0219i cea mai cald\u0103 lun\u0103, dar pentru cultur\u0103 \u0219i monumente merit\u0103 s\u0103 vii \u0219i prim\u0103vara sau toamna.<\/li>\n\n\n\n<li><strong>Excursii \u00een \u00eemprejurimi:<\/strong> Din Varna ajungi u\u0219or la st\u00e2ncile capului Kaliakra, la m\u0103n\u0103stirea rupestr\u0103 Aladja sau la unica P\u0103dure de Piatr\u0103 (Pobiti kamani).<\/li>\n\n\n<\/ul>\n\n\n\n<figure class=\"wp-block-table\"><table><thead><tr><th>#<\/th><th>Loc<\/th><th>Tip<\/th><th>Bilet 2026<\/th><\/tr><\/thead><tbody><tr><td>1<\/td><td>Muzeul Arheologic<\/td><td>Istorie<\/td><td>10,00 \u20ac<\/td><\/tr><tr><td>2<\/td><td>Termele romane<\/td><td>Monument antic<\/td><td>4,00 \u20ac<\/td><\/tr><tr><td>3<\/td><td>Catedrala Adormirea Maicii Domnului<\/td><td>Edificiu religios<\/td><td>Gratuit<\/td><\/tr><tr><td>4<\/td><td>Muzeul Naval<\/td><td>Istorie militar\u0103<\/td><td>4,09 \u20ac (combi)<\/td><\/tr><tr><td>5<\/td><td>Muzeul Etnografic<\/td><td>Cultur\u0103 \u0219i tradi\u021bii<\/td><td>5,00 \u20ac<\/td><\/tr><tr><td>6<\/td><td>Muzeul Retro (Grand Mall)<\/td><td>Istorie modern\u0103<\/td><td>Cca 15,34 \u20ac<\/td><\/tr><tr><td>7<\/td><td>Turnul cu Ceas<\/td><td>Arhitectur\u0103<\/td><td>Din exterior gratuit<\/td><\/tr><tr><td>8<\/td><td>Gr\u0103dina M\u0103rii<\/td><td>Parc \u0219i relaxare<\/td><td>Gratuit<\/td><\/tr><tr><td>9<\/td><td>Acvariul<\/td><td>Natur\u0103<\/td><td>2,00 \u20ac<\/td><\/tr><tr><td>10<\/td><td>Delfinariul Festa<\/td><td>Divertisment<\/td><td>14,00 \u2013 26,00 \u20ac (\u00een func\u021bie de sezon)<\/td><\/tr><tr><td>11<\/td><td>Gr\u0103dina Zoologic\u0103 Varna<\/td><td>Natur\u0103<\/td><td>3,00 \u20ac<\/td><\/tr><tr><td>12<\/td><td>Planetariul N. Copernic<\/td><td>Educa\u021bie<\/td><td>3,58 \u20ac<\/td><\/tr><tr><td>13<\/td><td>Plajele urbane<\/td><td>Baie<\/td><td>Gratuit (\u0219ezlonguri cca 3,5\u20135 \u20ac)<\/td><\/tr><tr><td>14<\/td><td>Parcul-muzeu Vladislav Varnen\u010dik<\/td><td>Istorie<\/td><td>4,09 \u20ac<\/td><\/tr><tr><td>15<\/td><td>Plaja Asparuhovo<\/td><td>Baie<\/td><td>Gratuit<\/td><\/tr><tr><td>16<\/td><td>Sf. Constantin \u0219i Elena<\/td><td>B\u0103i termale<\/td><td>\u00cen func\u021bie de sta\u021biunea aleas\u0103<\/td><\/tr><tr><td>17<\/td><td>Palatul \u0219i gr\u0103dinile Balcik<\/td><td>Excursie (istorie\/natur\u0103)<\/td><td>10,00 \u20ac (palat) + 10,00 \u20ac (gr\u0103din\u0103)<\/td><\/tr><tr><td>18<\/td><td>Capul Kaliakra<\/td><td>Excursie (natur\u0103\/istorie)<\/td><td>Cca 3,00 \u20ac<\/td><\/tr><tr><td>19<\/td><td>M\u0103n\u0103stirea Aladja<\/td><td>Excursie (m\u0103n\u0103stire rupestr\u0103)<\/td><td>5,00 \u20ac<\/td><\/tr><tr><td>20<\/td><td>Pobiti kamani \u0219i C\u0103l\u0103re\u021bul din Madara<\/td><td>Excursie (natur\u0103\/UNESCO)<\/td><td>3,00 \u20ac \/ cca 3,58 \u20ac<\/td><\/tr><\/tbody><\/table><\/figure>\n\n\n\n<figure data-wp-context=\"{&quot;imageId&quot;:&quot;6a9c36d1d774e&quot;}\" data-wp-interactive=\"core\/image\" data-wp-key=\"6a9c36d1d774e\" class=\"wp-block-image size-full wp-lightbox-container\"><img decoding=\"async\" width=\"1800\" height=\"892\" data-wp-class--hide=\"state.isContentHidden\" data-wp-class--show=\"state.isContentVisible\" data-wp-init=\"callbacks.setButtonStyles\" data-wp-on--click=\"actions.showLightbox\" data-wp-on--load=\"callbacks.setButtonStyles\" data-wp-on--pointerdown=\"actions.preloadImage\" data-wp-on--pointerenter=\"actions.preloadImageWithDelay\" data-wp-on--pointerleave=\"actions.cancelPreload\" data-wp-on-window--resize=\"callbacks.setButtonStyles\" src=\"https:\/\/loudavymkrokem.cz\/wp-content\/uploads\/2026\/08\/bulharsko-research-varna-02-57328bc9.jpg\" alt=\"Tarabe cu alimente \u00een pia\u021ba central\u0103 din Varna\" class=\"wp-image-407777\" title=\"\" srcset=\"https:\/\/loudavymkrokem.cz\/wp-content\/uploads\/2026\/08\/bulharsko-research-varna-02-57328bc9.jpg 1800w, https:\/\/loudavymkrokem.cz\/wp-content\/uploads\/2026\/08\/bulharsko-research-varna-02-57328bc9-300x149.jpg 300w, https:\/\/loudavymkrokem.cz\/wp-content\/uploads\/2026\/08\/bulharsko-research-varna-02-57328bc9-700x347.jpg 700w, https:\/\/loudavymkrokem.cz\/wp-content\/uploads\/2026\/08\/bulharsko-research-varna-02-57328bc9-768x381.jpg 768w, https:\/\/loudavymkrokem.cz\/wp-content\/uploads\/2026\/08\/bulharsko-research-varna-02-57328bc9-1536x761.jpg 1536w, https:\/\/loudavymkrokem.cz\/wp-content\/uploads\/2026\/08\/bulharsko-research-varna-02-57328bc9-696x345.jpg 696w, https:\/\/loudavymkrokem.cz\/wp-content\/uploads\/2026\/08\/bulharsko-research-varna-02-57328bc9-1392x690.jpg 1392w\" sizes=\"(max-width: 1800px) 100vw, 1800px\" \/><button\n\t\t\tclass=\"lightbox-trigger\"\n\t\t\ttype=\"button\"\n\t\t\taria-haspopup=\"dialog\"\n\t\t\tdata-wp-bind--aria-label=\"state.thisImage.triggerButtonAriaLabel\"\n\t\t\tdata-wp-init=\"callbacks.initTriggerButton\"\n\t\t\tdata-wp-on--click=\"actions.showLightbox\"\n\t\t\tdata-wp-style--right=\"state.thisImage.buttonRight\"\n\t\t\tdata-wp-style--top=\"state.thisImage.buttonTop\"\n\t\t>\n\t\t\t<svg xmlns=\"http:\/\/www.w3.org\/2000\/svg\" width=\"12\" height=\"12\" fill=\"none\" viewBox=\"0 0 12 12\">\n\t\t\t\t<path fill=\"#fff\" d=\"M2 0a2 2 0 0 0-2 2v2h1.5V2a.5.5 0 0 1 .5-.5h2V0H2Zm2 10.5H2a.5.5 0 0 1-.5-.5V8H0v2a2 2 0 0 0 2 2h2v-1.5ZM8 12v-1.5h2a.5.5 0 0 0 .5-.5V8H12v2a2 2 0 0 1-2 2H8Zm2-12a2 2 0 0 1 2 2v2h-1.5V2a.5.5 0 0 0-.5-.5H8V0h2Z\" \/>\n\t\t\t<\/svg>\n\t\t<\/button><figcaption class=\"wp-element-caption\">Foto: Victoria Rangelova (Google Maps)<\/figcaption><\/figure>\n\n\n\n<h2 class=\"wp-block-heading\"><span class=\"ez-toc-section\" id=\"Cat_costa_in_Varna_Bulgaria\"><\/span>C\u00e2t cost\u0103 \u00een Varna, Bulgaria<span class=\"ez-toc-section-end\"><\/span><\/h2>\n\n\n\n<p class=\"wp-block-paragraph\">Bulgaria <strong>a adoptat oficial moneda euro de la 1 ianuarie 2026<\/strong>. Cursul fix de conversie a fost stabilit la 1 \u20ac = 1,95583 lv. Perioada \u00een care pre\u021burile trebuiau afi\u0219ate obligatoriu \u00een ambele monede s-a \u00eencheiat pe 8 august 2026, a\u0219a c\u0103 azi, pe bonurile din restaurante \u0219i magazine, <strong>vei vedea doar euro<\/strong>. Pentru noi este o u\u0219urare uria\u0219\u0103, pentru c\u0103 dispare c\u0103utarea unui birou de schimb corect \u0219i conversia levilor.<\/p>\n\n\n\n<p class=\"wp-block-paragraph\">C\u00e2nd \u00ee\u021bi planifici bugetul, fii foarte atent unde m\u0103n\u00e2nci. <strong>\u00cen Varna exist\u0103 o diferen\u021b\u0103 enorm\u0103 \u00eentre localurile pentru localnici \u0219i promenada turistic\u0103.<\/strong> \u00cen timp ce \u00eentr-o mehana tradi\u021bional\u0103 din centru (a\u0219a-numitul Cartier Grecesc) pl\u0103te\u0219ti \u00een jur de 9\u201310 euro pentru un fel principal f\u0103r\u0103 carne \u0219i pu\u021bin peste 6 euro pentru o salat\u0103 \u0219opska, pe promenada de la plaj\u0103 (Krajbrejna aleja) o salat\u0103 te poate costa lejer 14 euro, iar felul principal urc\u0103 la 20\u201330 de euro. <strong>Diferen\u021ba este deci lejer de 200\u2013300 la sut\u0103.<\/strong><\/p>\n\n\n\n<p class=\"wp-block-paragraph\"><strong>Tabel cu pre\u021buri orientative \u00een Varna (2026):<\/strong><\/p>\n\n\n\n<figure class=\"wp-block-table\"><table><thead><tr><th>Element<\/th><th>Pre\u021b \u00een euro<\/th><th>Orientativ \u00een lei<\/th><\/tr><\/thead><tbody><tr><td>Bilet transport public (prin aplica\u021bie)<\/td><td>0,51 \u20ac<\/td><td>cca 2,5 lei<\/td><\/tr><tr><td>Tarif pornire taxi \/ pre\u021b per 1 km<\/td><td>1,58 \u20ac \/ 0,79 \u20ac<\/td><td>cca 8 \/ 4 lei<\/td><\/tr><tr><td>Espresso la cafenea<\/td><td>1,99 \u20ac<\/td><td>cca 10 lei<\/td><\/tr><tr><td>Bere tras\u0103 (0,5 l) la restaurant<\/td><td>2,50 \u2013 2,56 \u20ac<\/td><td>cca 12,5 \u2013 13 lei<\/td><\/tr><tr><td>Pr\u00e2nz \u00eentr-o mehana tradi\u021bional\u0103 (nu la plaj\u0103)<\/td><td>10,00 \u2013 12,00 \u20ac<\/td><td>cca 50 \u2013 60 lei<\/td><\/tr><tr><td>Cin\u0103 pentru doi \u00eentr-un restaurant mediu<\/td><td>cca 52,00 \u20ac<\/td><td>cca 260 lei<\/td><\/tr><tr><td>\u00cenchiriere \u0219ezlong pe plaj\u0103<\/td><td>3,50 \u2013 5,00 \u20ac<\/td><td>cca 17 \u2013 25 lei<\/td><\/tr><tr><td>Bilet la principalele muzee<\/td><td>4,00 \u2013 10,00 \u20ac<\/td><td>cca 20 \u2013 50 lei<\/td><\/tr><\/tbody><\/table><\/figure>\n\n\n\n<p class=\"wp-block-paragraph\"><em>Conversia este orientativ\u0103, calculat\u0103 la un curs de aproximativ 5 lei pentru un euro.<\/em><\/p>\n\n\n\n<figure data-wp-context=\"{&quot;imageId&quot;:&quot;6a9c36d1d8121&quot;}\" data-wp-interactive=\"core\/image\" data-wp-key=\"6a9c36d1d8121\" class=\"wp-block-image size-full wp-lightbox-container\"><img decoding=\"async\" width=\"1800\" height=\"1350\" data-wp-class--hide=\"state.isContentHidden\" data-wp-class--show=\"state.isContentVisible\" data-wp-init=\"callbacks.setButtonStyles\" data-wp-on--click=\"actions.showLightbox\" data-wp-on--load=\"callbacks.setButtonStyles\" data-wp-on--pointerdown=\"actions.preloadImage\" data-wp-on--pointerenter=\"actions.preloadImageWithDelay\" data-wp-on--pointerleave=\"actions.cancelPreload\" data-wp-on-window--resize=\"callbacks.setButtonStyles\" src=\"https:\/\/loudavymkrokem.cz\/wp-content\/uploads\/2026\/08\/bulharsko-research-varna-03-2c415b95.jpg\" alt=\"Troleibuz \u0160koda \u00een Varna\" class=\"wp-image-407778\" title=\"\" srcset=\"https:\/\/loudavymkrokem.cz\/wp-content\/uploads\/2026\/08\/bulharsko-research-varna-03-2c415b95.jpg 1800w, https:\/\/loudavymkrokem.cz\/wp-content\/uploads\/2026\/08\/bulharsko-research-varna-03-2c415b95-300x225.jpg 300w, https:\/\/loudavymkrokem.cz\/wp-content\/uploads\/2026\/08\/bulharsko-research-varna-03-2c415b95-700x525.jpg 700w, https:\/\/loudavymkrokem.cz\/wp-content\/uploads\/2026\/08\/bulharsko-research-varna-03-2c415b95-768x576.jpg 768w, https:\/\/loudavymkrokem.cz\/wp-content\/uploads\/2026\/08\/bulharsko-research-varna-03-2c415b95-1536x1152.jpg 1536w, https:\/\/loudavymkrokem.cz\/wp-content\/uploads\/2026\/08\/bulharsko-research-varna-03-2c415b95-80x60.jpg 80w, https:\/\/loudavymkrokem.cz\/wp-content\/uploads\/2026\/08\/bulharsko-research-varna-03-2c415b95-160x120.jpg 160w, https:\/\/loudavymkrokem.cz\/wp-content\/uploads\/2026\/08\/bulharsko-research-varna-03-2c415b95-696x522.jpg 696w, https:\/\/loudavymkrokem.cz\/wp-content\/uploads\/2026\/08\/bulharsko-research-varna-03-2c415b95-1392x1044.jpg 1392w\" sizes=\"(max-width: 1800px) 100vw, 1800px\" \/><button\n\t\t\tclass=\"lightbox-trigger\"\n\t\t\ttype=\"button\"\n\t\t\taria-haspopup=\"dialog\"\n\t\t\tdata-wp-bind--aria-label=\"state.thisImage.triggerButtonAriaLabel\"\n\t\t\tdata-wp-init=\"callbacks.initTriggerButton\"\n\t\t\tdata-wp-on--click=\"actions.showLightbox\"\n\t\t\tdata-wp-style--right=\"state.thisImage.buttonRight\"\n\t\t\tdata-wp-style--top=\"state.thisImage.buttonTop\"\n\t\t>\n\t\t\t<svg xmlns=\"http:\/\/www.w3.org\/2000\/svg\" width=\"12\" height=\"12\" fill=\"none\" viewBox=\"0 0 12 12\">\n\t\t\t\t<path fill=\"#fff\" d=\"M2 0a2 2 0 0 0-2 2v2h1.5V2a.5.5 0 0 1 .5-.5h2V0H2Zm2 10.5H2a.5.5 0 0 1-.5-.5V8H0v2a2 2 0 0 0 2 2h2v-1.5ZM8 12v-1.5h2a.5.5 0 0 0 .5-.5V8H12v2a2 2 0 0 1-2 2H8Zm2-12a2 2 0 0 1 2 2v2h-1.5V2a.5.5 0 0 0-.5-.5H8V0h2Z\" \/>\n\t\t\t<\/svg>\n\t\t<\/button><figcaption class=\"wp-element-caption\">Foto: Powerfox, CC BY-SA 4.0 (Wikimedia Commons)<\/figcaption><\/figure>\n\n\n\n<h2 class=\"wp-block-heading\"><span class=\"ez-toc-section\" id=\"Cum_ajungi_la_Varna_si_cum_te_deplasezi_prin_oras\"><\/span>Cum ajungi la Varna \u0219i cum te deplasezi prin ora\u0219<span class=\"ez-toc-section-end\"><\/span><\/h2>\n\n\n\n<p class=\"wp-block-paragraph\"><a href=\"https:\/\/varna-airport.bg\/\" rel=\"nofollow noopener\" target=\"_blank\">Aeroportul Varna (VAR)<\/a> se afl\u0103 <strong>la doar 8 kilometri vest de centru<\/strong>. Proceseaz\u0103 sub dou\u0103 milioane de pasageri pe an, iar \u00een sezonul estival aici ajung zboruri directe operate de Wizz Air, Ryanair sau TAROM din Bucure\u0219ti \u0219i din alte ora\u0219e. Drumul de la aeroport p\u00e2n\u0103 \u00een centru este fulger\u0103tor, \u00ee\u021bi ia <strong>mai pu\u021bin de 20 de minute<\/strong>.<\/p>\n\n\n\n<p class=\"wp-block-paragraph\">Cea mai ieftin\u0103 cale de la aeroport este <strong>linia de autobuz 409<\/strong>, care trece prin autogar\u0103 direct \u00een centru, la Catedral\u0103, iar vara continu\u0103 p\u00e2n\u0103 la Nisipurile de Aur. Aici \u00eens\u0103 p\u00e2nde\u0219te o <strong>mare capcan\u0103 turistic\u0103<\/strong>. Aceast\u0103 linie este deservit\u0103 \u00een paralel de dou\u0103 companii de transport diferite. Dac\u0103 \u00ee\u021bi cumperi biletul de la automat, acesta este valabil doar \u00een vehiculele companiei municipale Gradski Transport. Dac\u0103 \u00ee\u021bi opre\u0219te un vehicul al celuilalt operator, trebuie s\u0103 cumperi din nou bilet de la taxatorul din interior.<\/p>\n\n\n\n<p class=\"wp-block-paragraph\">Pentru deplasarea prin ora\u0219, transportul public este destul de fiabil, dar are capcanele lui. <strong>Automatele din sta\u021bii accept\u0103 exclusiv monede euro.<\/strong> Nicio bancnot\u0103, niciun card. Dac\u0103 nu ai m\u0103runt, pur \u0219i simplu nu \u00ee\u021bi po\u021bi cump\u0103ra bilet. Cea mai bun\u0103 solu\u021bie este, f\u0103r\u0103 \u00eendoial\u0103, s\u0103 descarci <strong>noua aplica\u021bie <a href=\"https:\/\/varnatraffic.com\/\" rel=\"nofollow noopener\" target=\"_blank\">TTickets Varna<\/a><\/strong>. Nu doar c\u0103 pl\u0103te\u0219ti cu cardul, dar biletul electronic cost\u0103 <strong>doar 0,51 \u20ac<\/strong>, \u00een timp ce cel de h\u00e2rtie de la automat te cost\u0103 un euro rotund.<\/p>\n\n\n\n<p class=\"wp-block-paragraph\">Dac\u0103 \u00ee\u021bi planifici s\u0103 \u00eenchiriezi o ma\u0219in\u0103, preg\u0103te\u0219te-te pentru particularit\u0103\u021bile parc\u0103rii locale. <strong>Zona albastr\u0103 din centrul Varnei este valabil\u0103 de luni p\u00e2n\u0103 duminic\u0103<\/strong>, iar aceasta este cea mai frecvent\u0103 capcan\u0103 pentru turi\u0219tii care cred c\u0103 \u00een weekend parcheaz\u0103 gratuit. \u00cen plus, Varna <strong>nu are automate clasice de parcare<\/strong>. Taxa de parcare (0,51 \u20ac pe or\u0103) se pl\u0103te\u0219te prin SMS \u2014 ceea ce, de pe un num\u0103r rom\u00e2nesc, este adesea nesigur \u2014 sau, mult mai bine, <strong>prin aplica\u021bia MPark<\/strong>. Dac\u0103 nu pl\u0103te\u0219ti, blocatorul de roat\u0103 te cost\u0103 peste 10 euro \u0219i \u00eel po\u021bi achita direct online, f\u0103r\u0103 s\u0103 a\u0219tep\u021bi l\u00e2ng\u0103 ma\u0219in\u0103.<\/p>\n\n\n\n<p class=\"wp-block-paragraph\">Taxiurile \u00een Varna sunt destul de ieftine, tariful de zi este de <strong>0,79 \u20ac pe kilometru<\/strong>. Alege \u00eens\u0103 mereu companii serioase (de exemplu Triumf, Omega Trans sau Hipo) \u0219i re\u021bine c\u0103 <strong>nici Bolt, nici Uber nu opereaz\u0103 curse \u00een Varna<\/strong> (Bolt ofer\u0103 aici doar trotinete \u0219i livrare de m\u00e2ncare). Comanda unui taxi prin telefon sau prin aplica\u021bia firmei respective este gratuit\u0103, deci nu are sens s\u0103 iei o ma\u0219in\u0103 la \u00eent\u00e2mplare de pe strad\u0103, unde ri\u0219ti s\u0103 fii tarifat exagerat.<\/p>\n\n\n\n<figure data-wp-context=\"{&quot;imageId&quot;:&quot;6a9c36d1d87a5&quot;}\" data-wp-interactive=\"core\/image\" data-wp-key=\"6a9c36d1d87a5\" class=\"wp-block-image size-full wp-lightbox-container\"><img decoding=\"async\" width=\"1800\" height=\"1012\" data-wp-class--hide=\"state.isContentHidden\" data-wp-class--show=\"state.isContentVisible\" data-wp-init=\"callbacks.setButtonStyles\" data-wp-on--click=\"actions.showLightbox\" data-wp-on--load=\"callbacks.setButtonStyles\" data-wp-on--pointerdown=\"actions.preloadImage\" data-wp-on--pointerenter=\"actions.preloadImageWithDelay\" data-wp-on--pointerleave=\"actions.cancelPreload\" data-wp-on-window--resize=\"callbacks.setButtonStyles\" src=\"https:\/\/loudavymkrokem.cz\/wp-content\/uploads\/2026\/08\/bulharsko-research-varna-04-0df9e0d1.jpg\" alt=\"Cl\u0103direa Muzeului Arheologic din Varna, fostul liceu de fete\" class=\"wp-image-407779\" title=\"\" srcset=\"https:\/\/loudavymkrokem.cz\/wp-content\/uploads\/2026\/08\/bulharsko-research-varna-04-0df9e0d1.jpg 1800w, https:\/\/loudavymkrokem.cz\/wp-content\/uploads\/2026\/08\/bulharsko-research-varna-04-0df9e0d1-300x169.jpg 300w, https:\/\/loudavymkrokem.cz\/wp-content\/uploads\/2026\/08\/bulharsko-research-varna-04-0df9e0d1-700x394.jpg 700w, https:\/\/loudavymkrokem.cz\/wp-content\/uploads\/2026\/08\/bulharsko-research-varna-04-0df9e0d1-768x432.jpg 768w, https:\/\/loudavymkrokem.cz\/wp-content\/uploads\/2026\/08\/bulharsko-research-varna-04-0df9e0d1-1536x864.jpg 1536w, https:\/\/loudavymkrokem.cz\/wp-content\/uploads\/2026\/08\/bulharsko-research-varna-04-0df9e0d1-696x391.jpg 696w, https:\/\/loudavymkrokem.cz\/wp-content\/uploads\/2026\/08\/bulharsko-research-varna-04-0df9e0d1-1392x783.jpg 1392w\" sizes=\"(max-width: 1800px) 100vw, 1800px\" \/><button\n\t\t\tclass=\"lightbox-trigger\"\n\t\t\ttype=\"button\"\n\t\t\taria-haspopup=\"dialog\"\n\t\t\tdata-wp-bind--aria-label=\"state.thisImage.triggerButtonAriaLabel\"\n\t\t\tdata-wp-init=\"callbacks.initTriggerButton\"\n\t\t\tdata-wp-on--click=\"actions.showLightbox\"\n\t\t\tdata-wp-style--right=\"state.thisImage.buttonRight\"\n\t\t\tdata-wp-style--top=\"state.thisImage.buttonTop\"\n\t\t>\n\t\t\t<svg xmlns=\"http:\/\/www.w3.org\/2000\/svg\" width=\"12\" height=\"12\" fill=\"none\" viewBox=\"0 0 12 12\">\n\t\t\t\t<path fill=\"#fff\" d=\"M2 0a2 2 0 0 0-2 2v2h1.5V2a.5.5 0 0 1 .5-.5h2V0H2Zm2 10.5H2a.5.5 0 0 1-.5-.5V8H0v2a2 2 0 0 0 2 2h2v-1.5ZM8 12v-1.5h2a.5.5 0 0 0 .5-.5V8H12v2a2 2 0 0 1-2 2H8Zm2-12a2 2 0 0 1 2 2v2h-1.5V2a.5.5 0 0 0-.5-.5H8V0h2Z\" \/>\n\t\t\t<\/svg>\n\t\t<\/button><figcaption class=\"wp-element-caption\">Foto: karel291, CC BY 3.0 (Wikimedia Commons)<\/figcaption><\/figure>\n\n\n\n<h2 class=\"wp-block-heading\"><span class=\"ez-toc-section\" id=\"Centrul_istoric_si_muzeele\"><\/span>Centrul istoric \u0219i muzeele<span class=\"ez-toc-section-end\"><\/span><\/h2>\n\n\n\n<p class=\"wp-block-paragraph\">Varna are un <strong>centru minunat \u0219i compact<\/strong>, care <strong>se exploreaz\u0103 cel mai bine pe jos<\/strong>. Vei da aici peste vestigiile puternicei Rome, colec\u021bii impresionante din zorii omenirii \u0219i monumente ale istoriei recente.<\/p>\n\n\n\n<figure data-wp-context=\"{&quot;imageId&quot;:&quot;6a9c36d1d8bc5&quot;}\" data-wp-interactive=\"core\/image\" data-wp-key=\"6a9c36d1d8bc5\" class=\"wp-block-image size-full wp-lightbox-container\"><img decoding=\"async\" width=\"1800\" height=\"1207\" data-wp-class--hide=\"state.isContentHidden\" data-wp-class--show=\"state.isContentVisible\" data-wp-init=\"callbacks.setButtonStyles\" data-wp-on--click=\"actions.showLightbox\" data-wp-on--load=\"callbacks.setButtonStyles\" data-wp-on--pointerdown=\"actions.preloadImage\" data-wp-on--pointerenter=\"actions.preloadImageWithDelay\" data-wp-on--pointerleave=\"actions.cancelPreload\" data-wp-on-window--resize=\"callbacks.setButtonStyles\" src=\"https:\/\/loudavymkrokem.cz\/wp-content\/uploads\/2026\/08\/bulharsko-research-varna-05-d71bfb98.jpg\" alt=\"Tezaurul de aur de la Varna \u00een Muzeul Arheologic\" class=\"wp-image-407780\" title=\"\" srcset=\"https:\/\/loudavymkrokem.cz\/wp-content\/uploads\/2026\/08\/bulharsko-research-varna-05-d71bfb98.jpg 1800w, https:\/\/loudavymkrokem.cz\/wp-content\/uploads\/2026\/08\/bulharsko-research-varna-05-d71bfb98-300x201.jpg 300w, https:\/\/loudavymkrokem.cz\/wp-content\/uploads\/2026\/08\/bulharsko-research-varna-05-d71bfb98-700x469.jpg 700w, https:\/\/loudavymkrokem.cz\/wp-content\/uploads\/2026\/08\/bulharsko-research-varna-05-d71bfb98-768x515.jpg 768w, https:\/\/loudavymkrokem.cz\/wp-content\/uploads\/2026\/08\/bulharsko-research-varna-05-d71bfb98-1536x1030.jpg 1536w, https:\/\/loudavymkrokem.cz\/wp-content\/uploads\/2026\/08\/bulharsko-research-varna-05-d71bfb98-696x467.jpg 696w, https:\/\/loudavymkrokem.cz\/wp-content\/uploads\/2026\/08\/bulharsko-research-varna-05-d71bfb98-1392x933.jpg 1392w\" sizes=\"(max-width: 1800px) 100vw, 1800px\" \/><button\n\t\t\tclass=\"lightbox-trigger\"\n\t\t\ttype=\"button\"\n\t\t\taria-haspopup=\"dialog\"\n\t\t\tdata-wp-bind--aria-label=\"state.thisImage.triggerButtonAriaLabel\"\n\t\t\tdata-wp-init=\"callbacks.initTriggerButton\"\n\t\t\tdata-wp-on--click=\"actions.showLightbox\"\n\t\t\tdata-wp-style--right=\"state.thisImage.buttonRight\"\n\t\t\tdata-wp-style--top=\"state.thisImage.buttonTop\"\n\t\t>\n\t\t\t<svg xmlns=\"http:\/\/www.w3.org\/2000\/svg\" width=\"12\" height=\"12\" fill=\"none\" viewBox=\"0 0 12 12\">\n\t\t\t\t<path fill=\"#fff\" d=\"M2 0a2 2 0 0 0-2 2v2h1.5V2a.5.5 0 0 1 .5-.5h2V0H2Zm2 10.5H2a.5.5 0 0 1-.5-.5V8H0v2a2 2 0 0 0 2 2h2v-1.5ZM8 12v-1.5h2a.5.5 0 0 0 .5-.5V8H12v2a2 2 0 0 1-2 2H8Zm2-12a2 2 0 0 1 2 2v2h-1.5V2a.5.5 0 0 0-.5-.5H8V0h2Z\" \/>\n\t\t\t<\/svg>\n\t\t<\/button><figcaption class=\"wp-element-caption\">Foto: Ivano Giambattista, CC0 (Wikimedia Commons)<\/figcaption><\/figure>\n\n\n\n<h3 class=\"wp-block-heading\"><span class=\"ez-toc-section\" id=\"1_Muzeul_Arheologic_si_cel_mai_vechi_aur_din_lume\"><\/span>1. Muzeul Arheologic \u0219i cel mai vechi aur din lume<span class=\"ez-toc-section-end\"><\/span><\/h3>\n\n\n\n<p class=\"wp-block-paragraph\">Acesta nu este un simplu muzeu or\u0103\u0219enesc. Chiar aici poate fi v\u0103zut celebrul <strong>Tezaur de aur de la Varna<\/strong>, descoperit \u00eent\u00e2mpl\u0103tor de un excavatorist \u00een 1972. Cercet\u0103rile au ar\u0103tat c\u0103 obiectele dateaz\u0103 aproximativ din anii <strong>4600\u20134200 \u00ee.Hr.<\/strong>, ceea ce le face cel mai vechi aur prelucrat g\u0103sit oriunde \u00een lume. Greutatea \u0219i num\u0103rul acestor descoperiri de aur dep\u0103\u0219esc de c\u00e2teva ori suma tuturor obiectelor de aur g\u0103site \u00een aceea\u0219i perioad\u0103 \u00een \u00eentreaga lume, inclusiv \u00een Mesopotamia \u0219i Egipt.<\/p>\n\n\n\n<p class=\"wp-block-paragraph\">Cel mai faimos exponat este replica <strong>morm\u00e2ntului num\u0103rul 43<\/strong>, care con\u021binea peste o mie de obiecte de aur cu o greutate de peste 1,5 kilograme. Mult\u0103 vreme s-a crezut c\u0103 sunt r\u0103m\u0103\u0219i\u021bele unui prin\u021b puternic, dar arheologia modern\u0103 \u00eenclin\u0103 spre ideea c\u0103 a fost un <strong>fierar cu rang \u00eenalt<\/strong>. Muzeul \u00een sine se afl\u0103 \u00eentr-o cl\u0103dire frumoas\u0103, fostul liceu de fete. \ud83d\udca1 <strong>Sfat:<\/strong> Biletele de 10 \u20ac se cump\u0103r\u0103 <strong>doar de la casa fizic\u0103<\/strong>, muzeul avertizeaz\u0103 \u00eempotriva v\u00e2nz\u0103rilor online de la rev\u00e2nz\u0103tori. \u00cen plus, \u00een sezonul de iarn\u0103 (din octombrie p\u00e2n\u0103 \u00een aprilie) este \u00eenchis duminica \u0219i lunea.<\/p>\n\n\n\n<figure data-wp-context=\"{&quot;imageId&quot;:&quot;6a9c36d1d9057&quot;}\" data-wp-interactive=\"core\/image\" data-wp-key=\"6a9c36d1d9057\" class=\"wp-block-image size-full wp-lightbox-container\"><img decoding=\"async\" width=\"1800\" height=\"1200\" data-wp-class--hide=\"state.isContentHidden\" data-wp-class--show=\"state.isContentVisible\" data-wp-init=\"callbacks.setButtonStyles\" data-wp-on--click=\"actions.showLightbox\" data-wp-on--load=\"callbacks.setButtonStyles\" data-wp-on--pointerdown=\"actions.preloadImage\" data-wp-on--pointerenter=\"actions.preloadImageWithDelay\" data-wp-on--pointerleave=\"actions.cancelPreload\" data-wp-on-window--resize=\"callbacks.setButtonStyles\" src=\"https:\/\/loudavymkrokem.cz\/wp-content\/uploads\/2026\/08\/bulharsko-research-varna-06-51bd3e82.jpg\" alt=\"Termele romane din Varna\" class=\"wp-image-407781\" title=\"\" srcset=\"https:\/\/loudavymkrokem.cz\/wp-content\/uploads\/2026\/08\/bulharsko-research-varna-06-51bd3e82.jpg 1800w, https:\/\/loudavymkrokem.cz\/wp-content\/uploads\/2026\/08\/bulharsko-research-varna-06-51bd3e82-300x200.jpg 300w, https:\/\/loudavymkrokem.cz\/wp-content\/uploads\/2026\/08\/bulharsko-research-varna-06-51bd3e82-700x467.jpg 700w, https:\/\/loudavymkrokem.cz\/wp-content\/uploads\/2026\/08\/bulharsko-research-varna-06-51bd3e82-768x512.jpg 768w, https:\/\/loudavymkrokem.cz\/wp-content\/uploads\/2026\/08\/bulharsko-research-varna-06-51bd3e82-1536x1024.jpg 1536w, https:\/\/loudavymkrokem.cz\/wp-content\/uploads\/2026\/08\/bulharsko-research-varna-06-51bd3e82-696x464.jpg 696w, https:\/\/loudavymkrokem.cz\/wp-content\/uploads\/2026\/08\/bulharsko-research-varna-06-51bd3e82-1392x928.jpg 1392w\" sizes=\"(max-width: 1800px) 100vw, 1800px\" \/><button\n\t\t\tclass=\"lightbox-trigger\"\n\t\t\ttype=\"button\"\n\t\t\taria-haspopup=\"dialog\"\n\t\t\tdata-wp-bind--aria-label=\"state.thisImage.triggerButtonAriaLabel\"\n\t\t\tdata-wp-init=\"callbacks.initTriggerButton\"\n\t\t\tdata-wp-on--click=\"actions.showLightbox\"\n\t\t\tdata-wp-style--right=\"state.thisImage.buttonRight\"\n\t\t\tdata-wp-style--top=\"state.thisImage.buttonTop\"\n\t\t>\n\t\t\t<svg xmlns=\"http:\/\/www.w3.org\/2000\/svg\" width=\"12\" height=\"12\" fill=\"none\" viewBox=\"0 0 12 12\">\n\t\t\t\t<path fill=\"#fff\" d=\"M2 0a2 2 0 0 0-2 2v2h1.5V2a.5.5 0 0 1 .5-.5h2V0H2Zm2 10.5H2a.5.5 0 0 1-.5-.5V8H0v2a2 2 0 0 0 2 2h2v-1.5ZM8 12v-1.5h2a.5.5 0 0 0 .5-.5V8H12v2a2 2 0 0 1-2 2H8Zm2-12a2 2 0 0 1 2 2v2h-1.5V2a.5.5 0 0 0-.5-.5H8V0h2Z\" \/>\n\t\t\t<\/svg>\n\t\t<\/button><figcaption class=\"wp-element-caption\">Foto: Dina Rogatnykh, CC BY-SA 4.0 (Wikimedia Commons)<\/figcaption><\/figure>\n\n\n\n<h3 class=\"wp-block-heading\"><span class=\"ez-toc-section\" id=\"2_Termele_romane_Odessos\"><\/span>2. Termele romane (Odessos)<span class=\"ez-toc-section-end\"><\/span><\/h3>\n\n\n\n<p class=\"wp-block-paragraph\">Chiar \u00een inima ora\u0219ului, ascunse printre blocuri de locuin\u021be, se afl\u0103 ruinele anticului Odessos. Aceste terme, construite la cump\u0103na dintre secolele al II-lea \u0219i al III-lea, se \u00eentind pe o suprafa\u021b\u0103 impresionant\u0103 de peste 7 000 de metri p\u0103tra\u021bi. Sunt <strong>cele mai mari b\u0103i romane din Balcani<\/strong> \u0219i, potrivit centrului de turism din Varna, chiar al patrulea ca m\u0103rime din Europa.<\/p>\n\n\n\n<p class=\"wp-block-paragraph\">Plimb\u00e2ndu-te printre zidurile masive, care pe alocuri se \u00eenal\u021b\u0103 p\u00e2n\u0103 la 22 de metri, po\u021bi distinge frumos sistemul de \u00eenc\u0103lzire prin pardoseal\u0103 (hypocaustum). Datarea lor a fost stabilit\u0103 datorit\u0103 descoperirii unor monede din vremea \u00eemp\u0103ratului Septimius Severus. Vara, ruinele iluminate servesc drept un decor absolut magic pentru teatru \u0219i concerte \u00een aer liber. \ud83d\udca1 <strong>Sfat:<\/strong> Biletul de baz\u0103 cost\u0103 4 \u20ac. Dac\u0103 vii \u00een afara sezonului, re\u021bine c\u0103 <strong>iarna termele au ziua de \u00eenchidere inversat\u0103<\/strong> \u0219i nu po\u021bi intra duminica \u0219i lunea. (Aten\u021bie, Micile terme romane, aflate ceva mai \u00eencolo, sunt adesea \u00eenchise; verific\u0103 accesul mai bine la fa\u021ba locului.)<\/p>\n\n\n\n<figure data-wp-context=\"{&quot;imageId&quot;:&quot;6a9c36d1d9569&quot;}\" data-wp-interactive=\"core\/image\" data-wp-key=\"6a9c36d1d9569\" class=\"wp-block-image size-full wp-lightbox-container\"><img decoding=\"async\" width=\"1800\" height=\"1572\" data-wp-class--hide=\"state.isContentHidden\" data-wp-class--show=\"state.isContentVisible\" data-wp-init=\"callbacks.setButtonStyles\" data-wp-on--click=\"actions.showLightbox\" data-wp-on--load=\"callbacks.setButtonStyles\" data-wp-on--pointerdown=\"actions.preloadImage\" data-wp-on--pointerenter=\"actions.preloadImageWithDelay\" data-wp-on--pointerleave=\"actions.cancelPreload\" data-wp-on-window--resize=\"callbacks.setButtonStyles\" src=\"https:\/\/loudavymkrokem.cz\/wp-content\/uploads\/2026\/08\/bulharsko-research-varna-07-df780fd6.jpg\" alt=\"Catedrala Adormirea Maicii Domnului din Varna\" class=\"wp-image-407782\" title=\"\" srcset=\"https:\/\/loudavymkrokem.cz\/wp-content\/uploads\/2026\/08\/bulharsko-research-varna-07-df780fd6.jpg 1800w, https:\/\/loudavymkrokem.cz\/wp-content\/uploads\/2026\/08\/bulharsko-research-varna-07-df780fd6-300x262.jpg 300w, https:\/\/loudavymkrokem.cz\/wp-content\/uploads\/2026\/08\/bulharsko-research-varna-07-df780fd6-700x611.jpg 700w, https:\/\/loudavymkrokem.cz\/wp-content\/uploads\/2026\/08\/bulharsko-research-varna-07-df780fd6-768x671.jpg 768w, https:\/\/loudavymkrokem.cz\/wp-content\/uploads\/2026\/08\/bulharsko-research-varna-07-df780fd6-1536x1341.jpg 1536w, https:\/\/loudavymkrokem.cz\/wp-content\/uploads\/2026\/08\/bulharsko-research-varna-07-df780fd6-696x608.jpg 696w, https:\/\/loudavymkrokem.cz\/wp-content\/uploads\/2026\/08\/bulharsko-research-varna-07-df780fd6-1392x1216.jpg 1392w\" sizes=\"(max-width: 1800px) 100vw, 1800px\" \/><button\n\t\t\tclass=\"lightbox-trigger\"\n\t\t\ttype=\"button\"\n\t\t\taria-haspopup=\"dialog\"\n\t\t\tdata-wp-bind--aria-label=\"state.thisImage.triggerButtonAriaLabel\"\n\t\t\tdata-wp-init=\"callbacks.initTriggerButton\"\n\t\t\tdata-wp-on--click=\"actions.showLightbox\"\n\t\t\tdata-wp-style--right=\"state.thisImage.buttonRight\"\n\t\t\tdata-wp-style--top=\"state.thisImage.buttonTop\"\n\t\t>\n\t\t\t<svg xmlns=\"http:\/\/www.w3.org\/2000\/svg\" width=\"12\" height=\"12\" fill=\"none\" viewBox=\"0 0 12 12\">\n\t\t\t\t<path fill=\"#fff\" d=\"M2 0a2 2 0 0 0-2 2v2h1.5V2a.5.5 0 0 1 .5-.5h2V0H2Zm2 10.5H2a.5.5 0 0 1-.5-.5V8H0v2a2 2 0 0 0 2 2h2v-1.5ZM8 12v-1.5h2a.5.5 0 0 0 .5-.5V8H12v2a2 2 0 0 1-2 2H8Zm2-12a2 2 0 0 1 2 2v2h-1.5V2a.5.5 0 0 0-.5-.5H8V0h2Z\" \/>\n\t\t\t<\/svg>\n\t\t<\/button><figcaption class=\"wp-element-caption\">Foto: MrPanyGoff, CC BY-SA 3.0 (Wikimedia Commons)<\/figcaption><\/figure>\n\n\n\n<h3 class=\"wp-block-heading\"><span class=\"ez-toc-section\" id=\"3_Catedrala_Adormirea_Maicii_Domnului\"><\/span>3. Catedrala Adormirea Maicii Domnului<span class=\"ez-toc-section-end\"><\/span><\/h3>\n\n\n\n<p class=\"wp-block-paragraph\">Cupolele aurii ale acestui edificiu monumental formeaz\u0103 principalul punct de reper al \u00eentregii Varne. Catedrala a fost construit\u0103 dup\u0103 modelul bisericii din Peterhof, \u00een Rusia, iar piatra de temelie a fost pus\u0103 de cneazul Alexandru I de Battenberg \u00een 1880. \u00cen interior te vor uimi frescele bogat ornamentate \u0219i splendida catapeteasm\u0103 de lemn. \u00cen august 2026, catedrala \u00eempline\u0219te exact <strong>140 de ani de la prima slujb\u0103<\/strong>. \ud83d\udca1 <strong>Sfat:<\/strong> Intrarea \u00een catedral\u0103 este <strong>complet gratuit\u0103<\/strong> \u0219i este deschis\u0103 zilnic \u00eentre 7:00 \u0219i 17:30.<\/p>\n\n\n\n<figure data-wp-context=\"{&quot;imageId&quot;:&quot;6a9c36d1d9b0f&quot;}\" data-wp-interactive=\"core\/image\" data-wp-key=\"6a9c36d1d9b0f\" class=\"wp-block-image size-full wp-lightbox-container\"><img decoding=\"async\" width=\"1800\" height=\"1350\" data-wp-class--hide=\"state.isContentHidden\" data-wp-class--show=\"state.isContentVisible\" data-wp-init=\"callbacks.setButtonStyles\" data-wp-on--click=\"actions.showLightbox\" data-wp-on--load=\"callbacks.setButtonStyles\" data-wp-on--pointerdown=\"actions.preloadImage\" data-wp-on--pointerenter=\"actions.preloadImageWithDelay\" data-wp-on--pointerleave=\"actions.cancelPreload\" data-wp-on-window--resize=\"callbacks.setButtonStyles\" src=\"https:\/\/loudavymkrokem.cz\/wp-content\/uploads\/2026\/08\/bulharsko-research-varna-08-0a22195f.jpg\" alt=\"Torpilorul Drazki la Muzeul Naval din Varna\" class=\"wp-image-407783\" title=\"\" srcset=\"https:\/\/loudavymkrokem.cz\/wp-content\/uploads\/2026\/08\/bulharsko-research-varna-08-0a22195f.jpg 1800w, https:\/\/loudavymkrokem.cz\/wp-content\/uploads\/2026\/08\/bulharsko-research-varna-08-0a22195f-300x225.jpg 300w, https:\/\/loudavymkrokem.cz\/wp-content\/uploads\/2026\/08\/bulharsko-research-varna-08-0a22195f-700x525.jpg 700w, https:\/\/loudavymkrokem.cz\/wp-content\/uploads\/2026\/08\/bulharsko-research-varna-08-0a22195f-768x576.jpg 768w, https:\/\/loudavymkrokem.cz\/wp-content\/uploads\/2026\/08\/bulharsko-research-varna-08-0a22195f-1536x1152.jpg 1536w, https:\/\/loudavymkrokem.cz\/wp-content\/uploads\/2026\/08\/bulharsko-research-varna-08-0a22195f-80x60.jpg 80w, https:\/\/loudavymkrokem.cz\/wp-content\/uploads\/2026\/08\/bulharsko-research-varna-08-0a22195f-160x120.jpg 160w, https:\/\/loudavymkrokem.cz\/wp-content\/uploads\/2026\/08\/bulharsko-research-varna-08-0a22195f-696x522.jpg 696w, https:\/\/loudavymkrokem.cz\/wp-content\/uploads\/2026\/08\/bulharsko-research-varna-08-0a22195f-1392x1044.jpg 1392w\" sizes=\"(max-width: 1800px) 100vw, 1800px\" \/><button\n\t\t\tclass=\"lightbox-trigger\"\n\t\t\ttype=\"button\"\n\t\t\taria-haspopup=\"dialog\"\n\t\t\tdata-wp-bind--aria-label=\"state.thisImage.triggerButtonAriaLabel\"\n\t\t\tdata-wp-init=\"callbacks.initTriggerButton\"\n\t\t\tdata-wp-on--click=\"actions.showLightbox\"\n\t\t\tdata-wp-style--right=\"state.thisImage.buttonRight\"\n\t\t\tdata-wp-style--top=\"state.thisImage.buttonTop\"\n\t\t>\n\t\t\t<svg xmlns=\"http:\/\/www.w3.org\/2000\/svg\" width=\"12\" height=\"12\" fill=\"none\" viewBox=\"0 0 12 12\">\n\t\t\t\t<path fill=\"#fff\" d=\"M2 0a2 2 0 0 0-2 2v2h1.5V2a.5.5 0 0 1 .5-.5h2V0H2Zm2 10.5H2a.5.5 0 0 1-.5-.5V8H0v2a2 2 0 0 0 2 2h2v-1.5ZM8 12v-1.5h2a.5.5 0 0 0 .5-.5V8H12v2a2 2 0 0 1-2 2H8Zm2-12a2 2 0 0 1 2 2v2h-1.5V2a.5.5 0 0 0-.5-.5H8V0h2Z\" \/>\n\t\t\t<\/svg>\n\t\t<\/button><figcaption class=\"wp-element-caption\">Foto: Micha\u0142 Derela, CC BY-SA 4.0 (Wikimedia Commons)<\/figcaption><\/figure>\n\n\n\n<h3 class=\"wp-block-heading\"><span class=\"ez-toc-section\" id=\"4_Muzeul_Naval_si_torpilorul_Drazki\"><\/span>4. Muzeul Naval \u0219i torpilorul Drazki<span class=\"ez-toc-section-end\"><\/span><\/h3>\n\n\n\n<p class=\"wp-block-paragraph\">Bulgaria este m\u00e2ndr\u0103 de istoria sa naval\u0103, iar Varna este sediul principal al flotei sale. Cea mai mare atrac\u021bie a acestui muzeu nu este expozi\u021bia din interior, ci parcul exterior, unde se afl\u0103 <strong>torpilorul Drazki<\/strong>. Este singurul torpilor de acest tip p\u0103strat \u00een lume. Aceast\u0103 nav\u0103 discret\u0103 s-a f\u0103cut celebr\u0103 \u00een 1912, c\u00e2nd, de la o distan\u021b\u0103 foarte mic\u0103, de doar o sut\u0103 de metri, a torpilat cu succes puternicul cruci\u0219\u0103tor turc Hamidiye. \ud83d\udca1 <strong>Sfat:<\/strong> Gaura l\u0103sat\u0103 de o schij\u0103 din acea celebr\u0103 b\u0103t\u0103lie se vede \u0219i azi \u00een al doilea co\u0219 al navei. Biletul combinat la muzeu \u0219i pe puntea navei cost\u0103 4,09 \u20ac, iar <strong>\u00een ultima miercuri din lun\u0103 intrarea este gratuit\u0103<\/strong>.<\/p>\n\n\n\n<figure data-wp-context=\"{&quot;imageId&quot;:&quot;6a9c36d1da0d8&quot;}\" data-wp-interactive=\"core\/image\" data-wp-key=\"6a9c36d1da0d8\" class=\"wp-block-image size-full wp-lightbox-container\"><img decoding=\"async\" width=\"1800\" height=\"1200\" data-wp-class--hide=\"state.isContentHidden\" data-wp-class--show=\"state.isContentVisible\" data-wp-init=\"callbacks.setButtonStyles\" data-wp-on--click=\"actions.showLightbox\" data-wp-on--load=\"callbacks.setButtonStyles\" data-wp-on--pointerdown=\"actions.preloadImage\" data-wp-on--pointerenter=\"actions.preloadImageWithDelay\" data-wp-on--pointerleave=\"actions.cancelPreload\" data-wp-on-window--resize=\"callbacks.setButtonStyles\" src=\"https:\/\/loudavymkrokem.cz\/wp-content\/uploads\/2026\/08\/bulharsko-research-varna-09-1de3faeb.jpg\" alt=\"Muzeul Etnografic din Varna\" class=\"wp-image-407784\" title=\"\" srcset=\"https:\/\/loudavymkrokem.cz\/wp-content\/uploads\/2026\/08\/bulharsko-research-varna-09-1de3faeb.jpg 1800w, https:\/\/loudavymkrokem.cz\/wp-content\/uploads\/2026\/08\/bulharsko-research-varna-09-1de3faeb-300x200.jpg 300w, https:\/\/loudavymkrokem.cz\/wp-content\/uploads\/2026\/08\/bulharsko-research-varna-09-1de3faeb-700x467.jpg 700w, https:\/\/loudavymkrokem.cz\/wp-content\/uploads\/2026\/08\/bulharsko-research-varna-09-1de3faeb-768x512.jpg 768w, https:\/\/loudavymkrokem.cz\/wp-content\/uploads\/2026\/08\/bulharsko-research-varna-09-1de3faeb-1536x1024.jpg 1536w, https:\/\/loudavymkrokem.cz\/wp-content\/uploads\/2026\/08\/bulharsko-research-varna-09-1de3faeb-696x464.jpg 696w, https:\/\/loudavymkrokem.cz\/wp-content\/uploads\/2026\/08\/bulharsko-research-varna-09-1de3faeb-1392x928.jpg 1392w\" sizes=\"(max-width: 1800px) 100vw, 1800px\" \/><button\n\t\t\tclass=\"lightbox-trigger\"\n\t\t\ttype=\"button\"\n\t\t\taria-haspopup=\"dialog\"\n\t\t\tdata-wp-bind--aria-label=\"state.thisImage.triggerButtonAriaLabel\"\n\t\t\tdata-wp-init=\"callbacks.initTriggerButton\"\n\t\t\tdata-wp-on--click=\"actions.showLightbox\"\n\t\t\tdata-wp-style--right=\"state.thisImage.buttonRight\"\n\t\t\tdata-wp-style--top=\"state.thisImage.buttonTop\"\n\t\t>\n\t\t\t<svg xmlns=\"http:\/\/www.w3.org\/2000\/svg\" width=\"12\" height=\"12\" fill=\"none\" viewBox=\"0 0 12 12\">\n\t\t\t\t<path fill=\"#fff\" d=\"M2 0a2 2 0 0 0-2 2v2h1.5V2a.5.5 0 0 1 .5-.5h2V0H2Zm2 10.5H2a.5.5 0 0 1-.5-.5V8H0v2a2 2 0 0 0 2 2h2v-1.5ZM8 12v-1.5h2a.5.5 0 0 0 .5-.5V8H12v2a2 2 0 0 1-2 2H8Zm2-12a2 2 0 0 1 2 2v2h-1.5V2a.5.5 0 0 0-.5-.5H8V0h2Z\" \/>\n\t\t\t<\/svg>\n\t\t<\/button><figcaption class=\"wp-element-caption\">Foto: Ilonamay, CC BY-SA 3.0 (Wikimedia Commons)<\/figcaption><\/figure>\n\n\n\n<h3 class=\"wp-block-heading\"><span class=\"ez-toc-section\" id=\"5_Muzeul_Etnografic\"><\/span>5. Muzeul Etnografic<span class=\"ez-toc-section-end\"><\/span><\/h3>\n\n\n\n<p class=\"wp-block-paragraph\">Dac\u0103 vrei s\u0103 respiri atmosfera Bulgariei de alt\u0103dat\u0103, \u00eendreapt\u0103-te spre acest muzeu, g\u0103zduit \u00eentr-o cas\u0103 superb\u0103 din secolul al XIX-lea, frumos restaurat\u0103. Vei afla totul despre me\u0219te\u0219ugurile tradi\u021bionale, agricultura \u0219i obiceiurile din regiunea Varnei. Deosebit de impresionant\u0103 este colec\u021bia de costume popular bogat brodate \u0219i de m\u0103\u0219ti ceremoniale. \ud83d\udca1 <strong>Sfat:<\/strong> Biletul cost\u0103 5 \u20ac. Fii foarte atent la programul de iarn\u0103 \u2014 <strong>din octombrie p\u00e2n\u0103 \u00een aprilie, muzeul este \u00eenchis s\u00e2mb\u0103ta \u0219i duminica<\/strong>, deci func\u021bioneaz\u0103 doar \u00een zilele lucr\u0103toare!<\/p>\n\n\n\n<figure data-wp-context=\"{&quot;imageId&quot;:&quot;6a9c36d1da54f&quot;}\" data-wp-interactive=\"core\/image\" data-wp-key=\"6a9c36d1da54f\" class=\"wp-block-image size-full wp-lightbox-container\"><img decoding=\"async\" width=\"1800\" height=\"1350\" data-wp-class--hide=\"state.isContentHidden\" data-wp-class--show=\"state.isContentVisible\" data-wp-init=\"callbacks.setButtonStyles\" data-wp-on--click=\"actions.showLightbox\" data-wp-on--load=\"callbacks.setButtonStyles\" data-wp-on--pointerdown=\"actions.preloadImage\" data-wp-on--pointerenter=\"actions.preloadImageWithDelay\" data-wp-on--pointerleave=\"actions.cancelPreload\" data-wp-on-window--resize=\"callbacks.setButtonStyles\" src=\"https:\/\/loudavymkrokem.cz\/wp-content\/uploads\/2026\/08\/bulharsko-research-varna-10-562a1f9e.jpg\" alt=\"Ma\u0219ina guvernamental\u0103 Ceaika GAZ-13 \u00een Muzeul Retro din Varna\" class=\"wp-image-407785\" title=\"\" srcset=\"https:\/\/loudavymkrokem.cz\/wp-content\/uploads\/2026\/08\/bulharsko-research-varna-10-562a1f9e.jpg 1800w, https:\/\/loudavymkrokem.cz\/wp-content\/uploads\/2026\/08\/bulharsko-research-varna-10-562a1f9e-300x225.jpg 300w, https:\/\/loudavymkrokem.cz\/wp-content\/uploads\/2026\/08\/bulharsko-research-varna-10-562a1f9e-700x525.jpg 700w, https:\/\/loudavymkrokem.cz\/wp-content\/uploads\/2026\/08\/bulharsko-research-varna-10-562a1f9e-768x576.jpg 768w, https:\/\/loudavymkrokem.cz\/wp-content\/uploads\/2026\/08\/bulharsko-research-varna-10-562a1f9e-1536x1152.jpg 1536w, https:\/\/loudavymkrokem.cz\/wp-content\/uploads\/2026\/08\/bulharsko-research-varna-10-562a1f9e-80x60.jpg 80w, https:\/\/loudavymkrokem.cz\/wp-content\/uploads\/2026\/08\/bulharsko-research-varna-10-562a1f9e-160x120.jpg 160w, https:\/\/loudavymkrokem.cz\/wp-content\/uploads\/2026\/08\/bulharsko-research-varna-10-562a1f9e-696x522.jpg 696w, https:\/\/loudavymkrokem.cz\/wp-content\/uploads\/2026\/08\/bulharsko-research-varna-10-562a1f9e-1392x1044.jpg 1392w\" sizes=\"(max-width: 1800px) 100vw, 1800px\" \/><button\n\t\t\tclass=\"lightbox-trigger\"\n\t\t\ttype=\"button\"\n\t\t\taria-haspopup=\"dialog\"\n\t\t\tdata-wp-bind--aria-label=\"state.thisImage.triggerButtonAriaLabel\"\n\t\t\tdata-wp-init=\"callbacks.initTriggerButton\"\n\t\t\tdata-wp-on--click=\"actions.showLightbox\"\n\t\t\tdata-wp-style--right=\"state.thisImage.buttonRight\"\n\t\t\tdata-wp-style--top=\"state.thisImage.buttonTop\"\n\t\t>\n\t\t\t<svg xmlns=\"http:\/\/www.w3.org\/2000\/svg\" width=\"12\" height=\"12\" fill=\"none\" viewBox=\"0 0 12 12\">\n\t\t\t\t<path fill=\"#fff\" d=\"M2 0a2 2 0 0 0-2 2v2h1.5V2a.5.5 0 0 1 .5-.5h2V0H2Zm2 10.5H2a.5.5 0 0 1-.5-.5V8H0v2a2 2 0 0 0 2 2h2v-1.5ZM8 12v-1.5h2a.5.5 0 0 0 .5-.5V8H12v2a2 2 0 0 1-2 2H8Zm2-12a2 2 0 0 1 2 2v2h-1.5V2a.5.5 0 0 0-.5-.5H8V0h2Z\" \/>\n\t\t\t<\/svg>\n\t\t<\/button><figcaption class=\"wp-element-caption\">Foto: Thomas Peters (Google Maps)<\/figcaption><\/figure>\n\n\n\n<h3 class=\"wp-block-heading\"><span class=\"ez-toc-section\" id=\"6_Muzeul_Retro\"><\/span>6. Muzeul Retro<span class=\"ez-toc-section-end\"><\/span><\/h3>\n\n\n\n<p class=\"wp-block-paragraph\">Pentru iubitorii de istorie recent\u0103 \u0219i nostalgie, Muzeul Retro este o oprire obligatorie. S-a deschis \u00een 2015 ca <strong>primul muzeu din Bulgaria amplasat \u00eentr-un centru comercial<\/strong> (Grand Mall). Pe o suprafa\u021b\u0103 de 4 000 de metri p\u0103tra\u021bi adun\u0103 obiecte din anii 1944\u20131989. Vedetele colec\u021biei sunt peste 50 de automobile de epoc\u0103 perfect restaurate, inclusiv vechi \u0160kode, Moskviciuri \u0219i luxoasa ma\u0219in\u0103 guvernamental\u0103 Ceaika GAZ-13. \ud83d\udca1 <strong>Sfat:<\/strong> Muzeul este deschis zilnic \u00eentre 10:00 \u0219i 19:00, deci este o salvare excelent\u0103 pentru o dup\u0103-amiaz\u0103 ploioas\u0103. Biletul iese, \u00een conversie, la aproximativ 15,34 \u20ac.<\/p>\n\n\n\n<figure data-wp-context=\"{&quot;imageId&quot;:&quot;6a9c36d1da93e&quot;}\" data-wp-interactive=\"core\/image\" data-wp-key=\"6a9c36d1da93e\" class=\"wp-block-image size-full wp-lightbox-container\"><img decoding=\"async\" width=\"1800\" height=\"1350\" data-wp-class--hide=\"state.isContentHidden\" data-wp-class--show=\"state.isContentVisible\" data-wp-init=\"callbacks.setButtonStyles\" data-wp-on--click=\"actions.showLightbox\" data-wp-on--load=\"callbacks.setButtonStyles\" data-wp-on--pointerdown=\"actions.preloadImage\" data-wp-on--pointerenter=\"actions.preloadImageWithDelay\" data-wp-on--pointerleave=\"actions.cancelPreload\" data-wp-on-window--resize=\"callbacks.setButtonStyles\" src=\"https:\/\/loudavymkrokem.cz\/wp-content\/uploads\/2026\/08\/bulharsko-research-varna-11-931a6f62.jpg\" alt=\"Turnul cu Ceas din Varna iluminat seara\" class=\"wp-image-407786\" title=\"\" srcset=\"https:\/\/loudavymkrokem.cz\/wp-content\/uploads\/2026\/08\/bulharsko-research-varna-11-931a6f62.jpg 1800w, https:\/\/loudavymkrokem.cz\/wp-content\/uploads\/2026\/08\/bulharsko-research-varna-11-931a6f62-300x225.jpg 300w, https:\/\/loudavymkrokem.cz\/wp-content\/uploads\/2026\/08\/bulharsko-research-varna-11-931a6f62-700x525.jpg 700w, https:\/\/loudavymkrokem.cz\/wp-content\/uploads\/2026\/08\/bulharsko-research-varna-11-931a6f62-768x576.jpg 768w, https:\/\/loudavymkrokem.cz\/wp-content\/uploads\/2026\/08\/bulharsko-research-varna-11-931a6f62-1536x1152.jpg 1536w, https:\/\/loudavymkrokem.cz\/wp-content\/uploads\/2026\/08\/bulharsko-research-varna-11-931a6f62-80x60.jpg 80w, https:\/\/loudavymkrokem.cz\/wp-content\/uploads\/2026\/08\/bulharsko-research-varna-11-931a6f62-160x120.jpg 160w, https:\/\/loudavymkrokem.cz\/wp-content\/uploads\/2026\/08\/bulharsko-research-varna-11-931a6f62-696x522.jpg 696w, https:\/\/loudavymkrokem.cz\/wp-content\/uploads\/2026\/08\/bulharsko-research-varna-11-931a6f62-1392x1044.jpg 1392w\" sizes=\"(max-width: 1800px) 100vw, 1800px\" \/><button\n\t\t\tclass=\"lightbox-trigger\"\n\t\t\ttype=\"button\"\n\t\t\taria-haspopup=\"dialog\"\n\t\t\tdata-wp-bind--aria-label=\"state.thisImage.triggerButtonAriaLabel\"\n\t\t\tdata-wp-init=\"callbacks.initTriggerButton\"\n\t\t\tdata-wp-on--click=\"actions.showLightbox\"\n\t\t\tdata-wp-style--right=\"state.thisImage.buttonRight\"\n\t\t\tdata-wp-style--top=\"state.thisImage.buttonTop\"\n\t\t>\n\t\t\t<svg xmlns=\"http:\/\/www.w3.org\/2000\/svg\" width=\"12\" height=\"12\" fill=\"none\" viewBox=\"0 0 12 12\">\n\t\t\t\t<path fill=\"#fff\" d=\"M2 0a2 2 0 0 0-2 2v2h1.5V2a.5.5 0 0 1 .5-.5h2V0H2Zm2 10.5H2a.5.5 0 0 1-.5-.5V8H0v2a2 2 0 0 0 2 2h2v-1.5ZM8 12v-1.5h2a.5.5 0 0 0 .5-.5V8H12v2a2 2 0 0 1-2 2H8Zm2-12a2 2 0 0 1 2 2v2h-1.5V2a.5.5 0 0 0-.5-.5H8V0h2Z\" \/>\n\t\t\t<\/svg>\n\t\t<\/button><figcaption class=\"wp-element-caption\">Foto: Dian1981, CC BY-SA 4.0 (Wikimedia Commons)<\/figcaption><\/figure>\n\n\n\n<h3 class=\"wp-block-heading\"><span class=\"ez-toc-section\" id=\"7_Turnul_cu_Ceas\"><\/span>7. Turnul cu Ceas<span class=\"ez-toc-section-end\"><\/span><\/h3>\n\n\n\n<p class=\"wp-block-paragraph\">La o arunc\u0103tur\u0103 de b\u0103\u021b de pia\u021ba central\u0103 Nezavisimost, pe o cl\u0103dire lipit\u0103 de teatrul ora\u0219ului, se afl\u0103 <strong>Turnul cu Ceas, \u00eenalt de 24 de metri<\/strong>. Ini\u021bial a fost turnul de observa\u021bie al pompierilor, pentru c\u0103 de la \u00een\u0103l\u021bimea lui se vedea \u00eentregul ora\u0219 de atunci. Mecanismul ceasului, de fabrica\u021bie englez\u0103, a fost montat \u00een 1890, iar serviciul de pompieri \u0219i-a \u00eencetat activitatea aici abia opt ani mai t\u00e2rziu, c\u00e2nd pompierii au primit \u00een sf\u00e2r\u0219it telefon. \u00cen plus, \u00een sala construit\u0103 l\u00e2ng\u0103 turn, pe 9 decembrie 1934 a emis pentru prima dat\u0103 Radio Varna. \ud83d\udca1 <strong>Sfat:<\/strong> Turnul se poate admira doar din exterior, deci <strong>complet gratuit<\/strong>. \u00cen jurul pie\u021bei sunt o mul\u021bime de b\u0103nci \u0219i cafenele, a\u0219a c\u0103 este locul potrivit pentru o cafea rapid\u0103 \u00een drum de la catedral\u0103 spre Gr\u0103dina M\u0103rii.<\/p>\n\n\n\n<figure data-wp-context=\"{&quot;imageId&quot;:&quot;6a9c36d1dad2a&quot;}\" data-wp-interactive=\"core\/image\" data-wp-key=\"6a9c36d1dad2a\" class=\"wp-block-image size-full wp-lightbox-container\"><img decoding=\"async\" width=\"1800\" height=\"1350\" data-wp-class--hide=\"state.isContentHidden\" data-wp-class--show=\"state.isContentVisible\" data-wp-init=\"callbacks.setButtonStyles\" data-wp-on--click=\"actions.showLightbox\" data-wp-on--load=\"callbacks.setButtonStyles\" data-wp-on--pointerdown=\"actions.preloadImage\" data-wp-on--pointerenter=\"actions.preloadImageWithDelay\" data-wp-on--pointerleave=\"actions.cancelPreload\" data-wp-on-window--resize=\"callbacks.setButtonStyles\" src=\"https:\/\/loudavymkrokem.cz\/wp-content\/uploads\/2026\/08\/bulharsko-research-varna-12-40e5b778.jpg\" alt=\"Alee de copaci cu straturi de flori \u00een Gr\u0103dina M\u0103rii din Varna\" class=\"wp-image-407787\" title=\"\" srcset=\"https:\/\/loudavymkrokem.cz\/wp-content\/uploads\/2026\/08\/bulharsko-research-varna-12-40e5b778.jpg 1800w, https:\/\/loudavymkrokem.cz\/wp-content\/uploads\/2026\/08\/bulharsko-research-varna-12-40e5b778-300x225.jpg 300w, https:\/\/loudavymkrokem.cz\/wp-content\/uploads\/2026\/08\/bulharsko-research-varna-12-40e5b778-700x525.jpg 700w, https:\/\/loudavymkrokem.cz\/wp-content\/uploads\/2026\/08\/bulharsko-research-varna-12-40e5b778-768x576.jpg 768w, https:\/\/loudavymkrokem.cz\/wp-content\/uploads\/2026\/08\/bulharsko-research-varna-12-40e5b778-1536x1152.jpg 1536w, https:\/\/loudavymkrokem.cz\/wp-content\/uploads\/2026\/08\/bulharsko-research-varna-12-40e5b778-80x60.jpg 80w, https:\/\/loudavymkrokem.cz\/wp-content\/uploads\/2026\/08\/bulharsko-research-varna-12-40e5b778-160x120.jpg 160w, https:\/\/loudavymkrokem.cz\/wp-content\/uploads\/2026\/08\/bulharsko-research-varna-12-40e5b778-696x522.jpg 696w, https:\/\/loudavymkrokem.cz\/wp-content\/uploads\/2026\/08\/bulharsko-research-varna-12-40e5b778-1392x1044.jpg 1392w\" sizes=\"(max-width: 1800px) 100vw, 1800px\" \/><button\n\t\t\tclass=\"lightbox-trigger\"\n\t\t\ttype=\"button\"\n\t\t\taria-haspopup=\"dialog\"\n\t\t\tdata-wp-bind--aria-label=\"state.thisImage.triggerButtonAriaLabel\"\n\t\t\tdata-wp-init=\"callbacks.initTriggerButton\"\n\t\t\tdata-wp-on--click=\"actions.showLightbox\"\n\t\t\tdata-wp-style--right=\"state.thisImage.buttonRight\"\n\t\t\tdata-wp-style--top=\"state.thisImage.buttonTop\"\n\t\t>\n\t\t\t<svg xmlns=\"http:\/\/www.w3.org\/2000\/svg\" width=\"12\" height=\"12\" fill=\"none\" viewBox=\"0 0 12 12\">\n\t\t\t\t<path fill=\"#fff\" d=\"M2 0a2 2 0 0 0-2 2v2h1.5V2a.5.5 0 0 1 .5-.5h2V0H2Zm2 10.5H2a.5.5 0 0 1-.5-.5V8H0v2a2 2 0 0 0 2 2h2v-1.5ZM8 12v-1.5h2a.5.5 0 0 0 .5-.5V8H12v2a2 2 0 0 1-2 2H8Zm2-12a2 2 0 0 1 2 2v2h-1.5V2a.5.5 0 0 0-.5-.5H8V0h2Z\" \/>\n\t\t\t<\/svg>\n\t\t<\/button><figcaption class=\"wp-element-caption\">Foto: Petar Petrov (Google Maps)<\/figcaption><\/figure>\n\n\n\n<h2 class=\"wp-block-heading\"><span class=\"ez-toc-section\" id=\"Gradina_Marii_si_coasta\"><\/span>Gr\u0103dina M\u0103rii \u0219i coasta<span class=\"ez-toc-section-end\"><\/span><\/h2>\n\n\n\n<p class=\"wp-block-paragraph\">\u00cen timp ce istoria se desf\u0103\u0219oar\u0103 \u00een centru, inima ora\u0219ului bate de-a lungul coastei. <strong>Gr\u0103dina M\u0103rii (Morska gradina)<\/strong> este pl\u0103m\u00e2nul verde al Varnei \u0219i trece lin \u00een <strong>kilometri \u00eentregi de plaje cu nisip<\/strong>.<\/p>\n\n\n\n<figure data-wp-context=\"{&quot;imageId&quot;:&quot;6a9c36d1db14a&quot;}\" data-wp-interactive=\"core\/image\" data-wp-key=\"6a9c36d1db14a\" class=\"wp-block-image size-full wp-lightbox-container\"><img decoding=\"async\" width=\"1800\" height=\"1350\" data-wp-class--hide=\"state.isContentHidden\" data-wp-class--show=\"state.isContentVisible\" data-wp-init=\"callbacks.setButtonStyles\" data-wp-on--click=\"actions.showLightbox\" data-wp-on--load=\"callbacks.setButtonStyles\" data-wp-on--pointerdown=\"actions.preloadImage\" data-wp-on--pointerenter=\"actions.preloadImageWithDelay\" data-wp-on--pointerleave=\"actions.cancelPreload\" data-wp-on-window--resize=\"callbacks.setButtonStyles\" src=\"https:\/\/loudavymkrokem.cz\/wp-content\/uploads\/2026\/08\/bulharsko-research-varna-13-57ac5022.jpg\" alt=\"Straturi de flori \u00een Gr\u0103dina M\u0103rii din Varna\" class=\"wp-image-407788\" title=\"\" srcset=\"https:\/\/loudavymkrokem.cz\/wp-content\/uploads\/2026\/08\/bulharsko-research-varna-13-57ac5022.jpg 1800w, https:\/\/loudavymkrokem.cz\/wp-content\/uploads\/2026\/08\/bulharsko-research-varna-13-57ac5022-300x225.jpg 300w, https:\/\/loudavymkrokem.cz\/wp-content\/uploads\/2026\/08\/bulharsko-research-varna-13-57ac5022-700x525.jpg 700w, https:\/\/loudavymkrokem.cz\/wp-content\/uploads\/2026\/08\/bulharsko-research-varna-13-57ac5022-768x576.jpg 768w, https:\/\/loudavymkrokem.cz\/wp-content\/uploads\/2026\/08\/bulharsko-research-varna-13-57ac5022-1536x1152.jpg 1536w, https:\/\/loudavymkrokem.cz\/wp-content\/uploads\/2026\/08\/bulharsko-research-varna-13-57ac5022-80x60.jpg 80w, https:\/\/loudavymkrokem.cz\/wp-content\/uploads\/2026\/08\/bulharsko-research-varna-13-57ac5022-160x120.jpg 160w, https:\/\/loudavymkrokem.cz\/wp-content\/uploads\/2026\/08\/bulharsko-research-varna-13-57ac5022-696x522.jpg 696w, https:\/\/loudavymkrokem.cz\/wp-content\/uploads\/2026\/08\/bulharsko-research-varna-13-57ac5022-1392x1044.jpg 1392w\" sizes=\"(max-width: 1800px) 100vw, 1800px\" \/><button\n\t\t\tclass=\"lightbox-trigger\"\n\t\t\ttype=\"button\"\n\t\t\taria-haspopup=\"dialog\"\n\t\t\tdata-wp-bind--aria-label=\"state.thisImage.triggerButtonAriaLabel\"\n\t\t\tdata-wp-init=\"callbacks.initTriggerButton\"\n\t\t\tdata-wp-on--click=\"actions.showLightbox\"\n\t\t\tdata-wp-style--right=\"state.thisImage.buttonRight\"\n\t\t\tdata-wp-style--top=\"state.thisImage.buttonTop\"\n\t\t>\n\t\t\t<svg xmlns=\"http:\/\/www.w3.org\/2000\/svg\" width=\"12\" height=\"12\" fill=\"none\" viewBox=\"0 0 12 12\">\n\t\t\t\t<path fill=\"#fff\" d=\"M2 0a2 2 0 0 0-2 2v2h1.5V2a.5.5 0 0 1 .5-.5h2V0H2Zm2 10.5H2a.5.5 0 0 1-.5-.5V8H0v2a2 2 0 0 0 2 2h2v-1.5ZM8 12v-1.5h2a.5.5 0 0 0 .5-.5V8H12v2a2 2 0 0 1-2 2H8Zm2-12a2 2 0 0 1 2 2v2h-1.5V2a.5.5 0 0 0-.5-.5H8V0h2Z\" \/>\n\t\t\t<\/svg>\n\t\t<\/button><figcaption class=\"wp-element-caption\">Foto: Alicia Fagerving, CC BY-SA 3.0 (Wikimedia Commons)<\/figcaption><\/figure>\n\n\n\n<h3 class=\"wp-block-heading\"><span class=\"ez-toc-section\" id=\"8_Gradina_Marii\"><\/span>8. Gr\u0103dina M\u0103rii<span class=\"ez-toc-section-end\"><\/span><\/h3>\n\n\n\n<p class=\"wp-block-paragraph\">Acest parc uria\u0219, cu o suprafa\u021b\u0103 de aproximativ 82 de hectare, este opera arhitectului peisagist ceh <strong>Anton Nov\u00e1k<\/strong>, care a venit aici la invita\u021bia fra\u021bilor \u0160korpil. Nov\u00e1k a mutat gunoiul \u0219i abatorul de atunci, iar \u00een locul lor a construit un parc superb, cu arbori adu\u0219i cu c\u0103ru\u021bele din tot Balcanul \u0219i din Mediterana. Pentru munca sa de-o via\u021b\u0103 pentru ora\u0219, are \u00een parc un monument binemeritat. \ud83d\udca1 <strong>Sfat:<\/strong> Intrarea \u00een parc este liber\u0103, 24 de ore din 24. Nucleul s\u0103u istoric, de 55 de hectare, este arie protejat\u0103, a\u0219a c\u0103 \u0219i-a p\u0103strat \u00eenf\u0103\u021bi\u0219area originar\u0103, inclusiv monumentala colonad\u0103 de intrare din 1939.<\/p>\n\n\n\n<figure data-wp-context=\"{&quot;imageId&quot;:&quot;6a9c36d1db557&quot;}\" data-wp-interactive=\"core\/image\" data-wp-key=\"6a9c36d1db557\" class=\"wp-block-image size-full wp-lightbox-container\"><img decoding=\"async\" width=\"1800\" height=\"1350\" data-wp-class--hide=\"state.isContentHidden\" data-wp-class--show=\"state.isContentVisible\" data-wp-init=\"callbacks.setButtonStyles\" data-wp-on--click=\"actions.showLightbox\" data-wp-on--load=\"callbacks.setButtonStyles\" data-wp-on--pointerdown=\"actions.preloadImage\" data-wp-on--pointerenter=\"actions.preloadImageWithDelay\" data-wp-on--pointerleave=\"actions.cancelPreload\" data-wp-on-window--resize=\"callbacks.setButtonStyles\" src=\"https:\/\/loudavymkrokem.cz\/wp-content\/uploads\/2026\/08\/bulharsko-research-varna-14-bf783a56.jpg\" alt=\"Acvariul din Varna\" class=\"wp-image-407789\" title=\"\" srcset=\"https:\/\/loudavymkrokem.cz\/wp-content\/uploads\/2026\/08\/bulharsko-research-varna-14-bf783a56.jpg 1800w, https:\/\/loudavymkrokem.cz\/wp-content\/uploads\/2026\/08\/bulharsko-research-varna-14-bf783a56-300x225.jpg 300w, https:\/\/loudavymkrokem.cz\/wp-content\/uploads\/2026\/08\/bulharsko-research-varna-14-bf783a56-700x525.jpg 700w, https:\/\/loudavymkrokem.cz\/wp-content\/uploads\/2026\/08\/bulharsko-research-varna-14-bf783a56-768x576.jpg 768w, https:\/\/loudavymkrokem.cz\/wp-content\/uploads\/2026\/08\/bulharsko-research-varna-14-bf783a56-1536x1152.jpg 1536w, https:\/\/loudavymkrokem.cz\/wp-content\/uploads\/2026\/08\/bulharsko-research-varna-14-bf783a56-80x60.jpg 80w, https:\/\/loudavymkrokem.cz\/wp-content\/uploads\/2026\/08\/bulharsko-research-varna-14-bf783a56-160x120.jpg 160w, https:\/\/loudavymkrokem.cz\/wp-content\/uploads\/2026\/08\/bulharsko-research-varna-14-bf783a56-696x522.jpg 696w, https:\/\/loudavymkrokem.cz\/wp-content\/uploads\/2026\/08\/bulharsko-research-varna-14-bf783a56-1392x1044.jpg 1392w\" sizes=\"(max-width: 1800px) 100vw, 1800px\" \/><button\n\t\t\tclass=\"lightbox-trigger\"\n\t\t\ttype=\"button\"\n\t\t\taria-haspopup=\"dialog\"\n\t\t\tdata-wp-bind--aria-label=\"state.thisImage.triggerButtonAriaLabel\"\n\t\t\tdata-wp-init=\"callbacks.initTriggerButton\"\n\t\t\tdata-wp-on--click=\"actions.showLightbox\"\n\t\t\tdata-wp-style--right=\"state.thisImage.buttonRight\"\n\t\t\tdata-wp-style--top=\"state.thisImage.buttonTop\"\n\t\t>\n\t\t\t<svg xmlns=\"http:\/\/www.w3.org\/2000\/svg\" width=\"12\" height=\"12\" fill=\"none\" viewBox=\"0 0 12 12\">\n\t\t\t\t<path fill=\"#fff\" d=\"M2 0a2 2 0 0 0-2 2v2h1.5V2a.5.5 0 0 1 .5-.5h2V0H2Zm2 10.5H2a.5.5 0 0 1-.5-.5V8H0v2a2 2 0 0 0 2 2h2v-1.5ZM8 12v-1.5h2a.5.5 0 0 0 .5-.5V8H12v2a2 2 0 0 1-2 2H8Zm2-12a2 2 0 0 1 2 2v2h-1.5V2a.5.5 0 0 0-.5-.5H8V0h2Z\" \/>\n\t\t\t<\/svg>\n\t\t<\/button><figcaption class=\"wp-element-caption\">Foto: \u0421\u043f\u0430\u0441\u0438\u043c\u0438\u0440 (Spasimir Pilev), CC BY-SA 4.0 (Wikimedia Commons)<\/figcaption><\/figure>\n\n\n\n<h3 class=\"wp-block-heading\"><span class=\"ez-toc-section\" id=\"9_Acvariul_Varna\"><\/span>9. Acvariul Varna<span class=\"ez-toc-section-end\"><\/span><\/h3>\n\n\n\n<p class=\"wp-block-paragraph\">Cl\u0103direa istoric\u0103 a acvariului, a c\u0103rei piatr\u0103 de temelie a fost pus\u0103 de cneazul Ferdinand \u00eenc\u0103 din 1906, ascunde o priveli\u0219te fascinant\u0103 sub suprafa\u021ba M\u0103rii Negre. Institu\u021bia \u00een sine func\u021bioneaz\u0103 din 1932. Nu te a\u0219tepta la oceanarii uria\u0219e ca \u00een vestul Europei, este mai degrab\u0103 o expozi\u021bie tradi\u021bional\u0103, valoroas\u0103 din punct de vedere istoric, care se concentreaz\u0103 pe flora \u0219i fauna local\u0103 a M\u0103rii Negre. \ud83d\udca1 <strong>Sfat:<\/strong> Cu un bilet de doar 2 \u20ac, este <strong>cea mai ieftin\u0103 atrac\u021bie cu plat\u0103 din ora\u0219<\/strong>. Iarna este deschis \u00eentre 9:00 \u0219i 17:00, cu ziua de \u00eenchidere lunea.<\/p>\n\n\n\n<figure data-wp-context=\"{&quot;imageId&quot;:&quot;6a9c36d1db909&quot;}\" data-wp-interactive=\"core\/image\" data-wp-key=\"6a9c36d1db909\" class=\"wp-block-image size-full wp-lightbox-container\"><img decoding=\"async\" width=\"1800\" height=\"1195\" data-wp-class--hide=\"state.isContentHidden\" data-wp-class--show=\"state.isContentVisible\" data-wp-init=\"callbacks.setButtonStyles\" data-wp-on--click=\"actions.showLightbox\" data-wp-on--load=\"callbacks.setButtonStyles\" data-wp-on--pointerdown=\"actions.preloadImage\" data-wp-on--pointerenter=\"actions.preloadImageWithDelay\" data-wp-on--pointerleave=\"actions.cancelPreload\" data-wp-on-window--resize=\"callbacks.setButtonStyles\" src=\"https:\/\/loudavymkrokem.cz\/wp-content\/uploads\/2026\/08\/bulharsko-research-varna-15-e0bcc689.jpg\" alt=\"Spectacol de delfini la delfinariul Festa din Varna\" class=\"wp-image-407790\" title=\"\" srcset=\"https:\/\/loudavymkrokem.cz\/wp-content\/uploads\/2026\/08\/bulharsko-research-varna-15-e0bcc689.jpg 1800w, https:\/\/loudavymkrokem.cz\/wp-content\/uploads\/2026\/08\/bulharsko-research-varna-15-e0bcc689-300x199.jpg 300w, https:\/\/loudavymkrokem.cz\/wp-content\/uploads\/2026\/08\/bulharsko-research-varna-15-e0bcc689-700x465.jpg 700w, https:\/\/loudavymkrokem.cz\/wp-content\/uploads\/2026\/08\/bulharsko-research-varna-15-e0bcc689-768x510.jpg 768w, https:\/\/loudavymkrokem.cz\/wp-content\/uploads\/2026\/08\/bulharsko-research-varna-15-e0bcc689-1536x1020.jpg 1536w, https:\/\/loudavymkrokem.cz\/wp-content\/uploads\/2026\/08\/bulharsko-research-varna-15-e0bcc689-696x462.jpg 696w, https:\/\/loudavymkrokem.cz\/wp-content\/uploads\/2026\/08\/bulharsko-research-varna-15-e0bcc689-1392x924.jpg 1392w\" sizes=\"(max-width: 1800px) 100vw, 1800px\" \/><button\n\t\t\tclass=\"lightbox-trigger\"\n\t\t\ttype=\"button\"\n\t\t\taria-haspopup=\"dialog\"\n\t\t\tdata-wp-bind--aria-label=\"state.thisImage.triggerButtonAriaLabel\"\n\t\t\tdata-wp-init=\"callbacks.initTriggerButton\"\n\t\t\tdata-wp-on--click=\"actions.showLightbox\"\n\t\t\tdata-wp-style--right=\"state.thisImage.buttonRight\"\n\t\t\tdata-wp-style--top=\"state.thisImage.buttonTop\"\n\t\t>\n\t\t\t<svg xmlns=\"http:\/\/www.w3.org\/2000\/svg\" width=\"12\" height=\"12\" fill=\"none\" viewBox=\"0 0 12 12\">\n\t\t\t\t<path fill=\"#fff\" d=\"M2 0a2 2 0 0 0-2 2v2h1.5V2a.5.5 0 0 1 .5-.5h2V0H2Zm2 10.5H2a.5.5 0 0 1-.5-.5V8H0v2a2 2 0 0 0 2 2h2v-1.5ZM8 12v-1.5h2a.5.5 0 0 0 .5-.5V8H12v2a2 2 0 0 1-2 2H8Zm2-12a2 2 0 0 1 2 2v2h-1.5V2a.5.5 0 0 0-.5-.5H8V0h2Z\" \/>\n\t\t\t<\/svg>\n\t\t<\/button><figcaption class=\"wp-element-caption\">Foto: INSAR, CC BY-SA 3.0 (Wikimedia Commons)<\/figcaption><\/figure>\n\n\n\n<h3 class=\"wp-block-heading\"><span class=\"ez-toc-section\" id=\"10_Delfinariul_Festa\"><\/span>10. Delfinariul Festa<span class=\"ez-toc-section-end\"><\/span><\/h3>\n\n\n\n<p class=\"wp-block-paragraph\">Cea mai faimoas\u0103 atrac\u021bie a Gr\u0103dinii M\u0103rii atrage familiile cu copii la spectacole regulate de delfini. <a href=\"https:\/\/dolphinariumvarna.bg\/\" rel=\"nofollow noopener\" target=\"_blank\">Delfinariul<\/a> func\u021bioneaz\u0103 tot anul, dovad\u0103 c\u0103 Varna chiar nu doarme nici \u00een afara sezonului. \u00cen plin sezon estival au loc p\u00e2n\u0103 la patru spectacole pe zi, \u00een timp ce iarna se \u021bine un singur spectacol la pr\u00e2nz. \ud83d\udca1 <strong>Sfat:<\/strong> Biletele sunt destul de scumpe, \u00een v\u00e2rful de sezon un adult pl\u0103te\u0219te <strong>26 \u20ac<\/strong>. Dac\u0103 mergi iarna, pre\u021bul scade la 14 \u20ac. Re\u021bine c\u0103 \u00een sezonul de iarn\u0103 delfinariul este \u00eenchis lunea.<\/p>\n\n\n\n<figure data-wp-context=\"{&quot;imageId&quot;:&quot;6a9c36d1dbcbb&quot;}\" data-wp-interactive=\"core\/image\" data-wp-key=\"6a9c36d1dbcbb\" class=\"wp-block-image size-full wp-lightbox-container\"><img decoding=\"async\" width=\"1800\" height=\"1350\" data-wp-class--hide=\"state.isContentHidden\" data-wp-class--show=\"state.isContentVisible\" data-wp-init=\"callbacks.setButtonStyles\" data-wp-on--click=\"actions.showLightbox\" data-wp-on--load=\"callbacks.setButtonStyles\" data-wp-on--pointerdown=\"actions.preloadImage\" data-wp-on--pointerenter=\"actions.preloadImageWithDelay\" data-wp-on--pointerleave=\"actions.cancelPreload\" data-wp-on-window--resize=\"callbacks.setButtonStyles\" src=\"https:\/\/loudavymkrokem.cz\/wp-content\/uploads\/2026\/08\/bulharsko-research-varna-16-580f258c.jpg\" alt=\"Alpaca \u00een zona de contact a gr\u0103dinii zoologice din Varna\" class=\"wp-image-407791\" title=\"\" srcset=\"https:\/\/loudavymkrokem.cz\/wp-content\/uploads\/2026\/08\/bulharsko-research-varna-16-580f258c.jpg 1800w, https:\/\/loudavymkrokem.cz\/wp-content\/uploads\/2026\/08\/bulharsko-research-varna-16-580f258c-300x225.jpg 300w, https:\/\/loudavymkrokem.cz\/wp-content\/uploads\/2026\/08\/bulharsko-research-varna-16-580f258c-700x525.jpg 700w, https:\/\/loudavymkrokem.cz\/wp-content\/uploads\/2026\/08\/bulharsko-research-varna-16-580f258c-768x576.jpg 768w, https:\/\/loudavymkrokem.cz\/wp-content\/uploads\/2026\/08\/bulharsko-research-varna-16-580f258c-1536x1152.jpg 1536w, https:\/\/loudavymkrokem.cz\/wp-content\/uploads\/2026\/08\/bulharsko-research-varna-16-580f258c-80x60.jpg 80w, https:\/\/loudavymkrokem.cz\/wp-content\/uploads\/2026\/08\/bulharsko-research-varna-16-580f258c-160x120.jpg 160w, https:\/\/loudavymkrokem.cz\/wp-content\/uploads\/2026\/08\/bulharsko-research-varna-16-580f258c-696x522.jpg 696w, https:\/\/loudavymkrokem.cz\/wp-content\/uploads\/2026\/08\/bulharsko-research-varna-16-580f258c-1392x1044.jpg 1392w\" sizes=\"(max-width: 1800px) 100vw, 1800px\" \/><button\n\t\t\tclass=\"lightbox-trigger\"\n\t\t\ttype=\"button\"\n\t\t\taria-haspopup=\"dialog\"\n\t\t\tdata-wp-bind--aria-label=\"state.thisImage.triggerButtonAriaLabel\"\n\t\t\tdata-wp-init=\"callbacks.initTriggerButton\"\n\t\t\tdata-wp-on--click=\"actions.showLightbox\"\n\t\t\tdata-wp-style--right=\"state.thisImage.buttonRight\"\n\t\t\tdata-wp-style--top=\"state.thisImage.buttonTop\"\n\t\t>\n\t\t\t<svg xmlns=\"http:\/\/www.w3.org\/2000\/svg\" width=\"12\" height=\"12\" fill=\"none\" viewBox=\"0 0 12 12\">\n\t\t\t\t<path fill=\"#fff\" d=\"M2 0a2 2 0 0 0-2 2v2h1.5V2a.5.5 0 0 1 .5-.5h2V0H2Zm2 10.5H2a.5.5 0 0 1-.5-.5V8H0v2a2 2 0 0 0 2 2h2v-1.5ZM8 12v-1.5h2a.5.5 0 0 0 .5-.5V8H12v2a2 2 0 0 1-2 2H8Zm2-12a2 2 0 0 1 2 2v2h-1.5V2a.5.5 0 0 0-.5-.5H8V0h2Z\" \/>\n\t\t\t<\/svg>\n\t\t<\/button><figcaption class=\"wp-element-caption\">Foto: \u041a\u0430\u043b\u043e\u044f\u043d \u041c\u0438\u0446\u0435\u0432 (Google Maps)<\/figcaption><\/figure>\n\n\n\n<h3 class=\"wp-block-heading\"><span class=\"ez-toc-section\" id=\"11_Gradina_Zoologica_Varna\"><\/span>11. Gr\u0103dina Zoologic\u0103 Varna<span class=\"ez-toc-section-end\"><\/span><\/h3>\n\n\n\n<p class=\"wp-block-paragraph\">Chiar \u00een vecin\u0103tatea delfinariului g\u0103se\u0219ti o mic\u0103 gr\u0103din\u0103 zoologic\u0103 or\u0103\u0219eneasc\u0103. Nu este deloc uria\u0219\u0103, dar pentru o plimbare lini\u0219tit\u0103 cu copiii este absolut ideal\u0103. Pe l\u00e2ng\u0103 expozi\u021biile clasice, func\u021bioneaz\u0103 aici \u0219i o zon\u0103 de contact, unde copiii pot m\u00e2ng\u00e2ia animalele. Un lucru interesant este c\u0103, chiar sub gr\u0103dina zoologic\u0103, l\u00e2ng\u0103 plaja Vtora buna, ierneaz\u0103 \u00een fiecare an sute de lebede. \ud83d\udca1 <strong>Sfat:<\/strong> Biletul cost\u0103 3 \u20ac, iar zoo este deschis\u0103 <strong>f\u0103r\u0103 zi de \u00eenchidere tot anul<\/strong>. \u00cen lunile de iarn\u0103 (octombrie\u2013martie) se \u00eenchide deja la 16:30.<\/p>\n\n\n\n<figure data-wp-context=\"{&quot;imageId&quot;:&quot;6a9c36d1dc101&quot;}\" data-wp-interactive=\"core\/image\" data-wp-key=\"6a9c36d1dc101\" class=\"wp-block-image size-full wp-lightbox-container\"><img decoding=\"async\" width=\"1800\" height=\"1350\" data-wp-class--hide=\"state.isContentHidden\" data-wp-class--show=\"state.isContentVisible\" data-wp-init=\"callbacks.setButtonStyles\" data-wp-on--click=\"actions.showLightbox\" data-wp-on--load=\"callbacks.setButtonStyles\" data-wp-on--pointerdown=\"actions.preloadImage\" data-wp-on--pointerenter=\"actions.preloadImageWithDelay\" data-wp-on--pointerleave=\"actions.cancelPreload\" data-wp-on-window--resize=\"callbacks.setButtonStyles\" src=\"https:\/\/loudavymkrokem.cz\/wp-content\/uploads\/2026\/08\/bulharsko-research-varna-17-df359c79.jpg\" alt=\"Planetariul Nicolaus Copernicus din Varna\" class=\"wp-image-407792\" title=\"\" srcset=\"https:\/\/loudavymkrokem.cz\/wp-content\/uploads\/2026\/08\/bulharsko-research-varna-17-df359c79.jpg 1800w, https:\/\/loudavymkrokem.cz\/wp-content\/uploads\/2026\/08\/bulharsko-research-varna-17-df359c79-300x225.jpg 300w, https:\/\/loudavymkrokem.cz\/wp-content\/uploads\/2026\/08\/bulharsko-research-varna-17-df359c79-700x525.jpg 700w, https:\/\/loudavymkrokem.cz\/wp-content\/uploads\/2026\/08\/bulharsko-research-varna-17-df359c79-768x576.jpg 768w, https:\/\/loudavymkrokem.cz\/wp-content\/uploads\/2026\/08\/bulharsko-research-varna-17-df359c79-1536x1152.jpg 1536w, https:\/\/loudavymkrokem.cz\/wp-content\/uploads\/2026\/08\/bulharsko-research-varna-17-df359c79-80x60.jpg 80w, https:\/\/loudavymkrokem.cz\/wp-content\/uploads\/2026\/08\/bulharsko-research-varna-17-df359c79-160x120.jpg 160w, https:\/\/loudavymkrokem.cz\/wp-content\/uploads\/2026\/08\/bulharsko-research-varna-17-df359c79-696x522.jpg 696w, https:\/\/loudavymkrokem.cz\/wp-content\/uploads\/2026\/08\/bulharsko-research-varna-17-df359c79-1392x1044.jpg 1392w\" sizes=\"(max-width: 1800px) 100vw, 1800px\" \/><button\n\t\t\tclass=\"lightbox-trigger\"\n\t\t\ttype=\"button\"\n\t\t\taria-haspopup=\"dialog\"\n\t\t\tdata-wp-bind--aria-label=\"state.thisImage.triggerButtonAriaLabel\"\n\t\t\tdata-wp-init=\"callbacks.initTriggerButton\"\n\t\t\tdata-wp-on--click=\"actions.showLightbox\"\n\t\t\tdata-wp-style--right=\"state.thisImage.buttonRight\"\n\t\t\tdata-wp-style--top=\"state.thisImage.buttonTop\"\n\t\t>\n\t\t\t<svg xmlns=\"http:\/\/www.w3.org\/2000\/svg\" width=\"12\" height=\"12\" fill=\"none\" viewBox=\"0 0 12 12\">\n\t\t\t\t<path fill=\"#fff\" d=\"M2 0a2 2 0 0 0-2 2v2h1.5V2a.5.5 0 0 1 .5-.5h2V0H2Zm2 10.5H2a.5.5 0 0 1-.5-.5V8H0v2a2 2 0 0 0 2 2h2v-1.5ZM8 12v-1.5h2a.5.5 0 0 0 .5-.5V8H12v2a2 2 0 0 1-2 2H8Zm2-12a2 2 0 0 1 2 2v2h-1.5V2a.5.5 0 0 0-.5-.5H8V0h2Z\" \/>\n\t\t\t<\/svg>\n\t\t<\/button><figcaption class=\"wp-element-caption\">Foto: Mister No, CC BY 3.0 (Wikimedia Commons)<\/figcaption><\/figure>\n\n\n\n<h3 class=\"wp-block-heading\"><span class=\"ez-toc-section\" id=\"12_Planetariul_N_Copernic\"><\/span>12. Planetariul N. Copernic<span class=\"ez-toc-section-end\"><\/span><\/h3>\n\n\n\n<p class=\"wp-block-paragraph\">Primul complex astronomic din Bulgaria, deschis \u00een 1968, proiecteaz\u0103 pe cupola sa uria\u0219\u0103, datorit\u0103 unui proiector Zeiss, peste 5 500 de stele. Este o experien\u021b\u0103 excelent\u0103 pentru pasiona\u021bii de cosmos, dar institu\u021bia \u00een sine a emis <strong>avertismente foarte stricte privind vizitatorii<\/strong>. \ud83d\udca1 <strong>Sfat:<\/strong> Efectele sonore \u0219i vizuale nu sunt deloc potrivite pentru copiii sub 10 ani, iar accesul cu c\u0103rucioare este puternic nerecomandat. \u00cen sala pentru 72 de persoane nu se mai intr\u0103 dup\u0103 \u00eenceperea prezent\u0103rii. Biletul cost\u0103 3,58 \u20ac.<\/p>\n\n\n\n<figure data-wp-context=\"{&quot;imageId&quot;:&quot;6a9c36d1dc510&quot;}\" data-wp-interactive=\"core\/image\" data-wp-key=\"6a9c36d1dc510\" class=\"wp-block-image size-full wp-lightbox-container\"><img decoding=\"async\" width=\"1800\" height=\"706\" data-wp-class--hide=\"state.isContentHidden\" data-wp-class--show=\"state.isContentVisible\" data-wp-init=\"callbacks.setButtonStyles\" data-wp-on--click=\"actions.showLightbox\" data-wp-on--load=\"callbacks.setButtonStyles\" data-wp-on--pointerdown=\"actions.preloadImage\" data-wp-on--pointerenter=\"actions.preloadImageWithDelay\" data-wp-on--pointerleave=\"actions.cancelPreload\" data-wp-on-window--resize=\"callbacks.setButtonStyles\" src=\"https:\/\/loudavymkrokem.cz\/wp-content\/uploads\/2026\/08\/bulharsko-research-varna-18-0e8828ac.jpg\" alt=\"Plaja de sud din Varna\" class=\"wp-image-407793\" title=\"\" srcset=\"https:\/\/loudavymkrokem.cz\/wp-content\/uploads\/2026\/08\/bulharsko-research-varna-18-0e8828ac.jpg 1800w, https:\/\/loudavymkrokem.cz\/wp-content\/uploads\/2026\/08\/bulharsko-research-varna-18-0e8828ac-300x118.jpg 300w, https:\/\/loudavymkrokem.cz\/wp-content\/uploads\/2026\/08\/bulharsko-research-varna-18-0e8828ac-700x275.jpg 700w, https:\/\/loudavymkrokem.cz\/wp-content\/uploads\/2026\/08\/bulharsko-research-varna-18-0e8828ac-768x301.jpg 768w, https:\/\/loudavymkrokem.cz\/wp-content\/uploads\/2026\/08\/bulharsko-research-varna-18-0e8828ac-1536x602.jpg 1536w, https:\/\/loudavymkrokem.cz\/wp-content\/uploads\/2026\/08\/bulharsko-research-varna-18-0e8828ac-696x273.jpg 696w, https:\/\/loudavymkrokem.cz\/wp-content\/uploads\/2026\/08\/bulharsko-research-varna-18-0e8828ac-1392x546.jpg 1392w\" sizes=\"(max-width: 1800px) 100vw, 1800px\" \/><button\n\t\t\tclass=\"lightbox-trigger\"\n\t\t\ttype=\"button\"\n\t\t\taria-haspopup=\"dialog\"\n\t\t\tdata-wp-bind--aria-label=\"state.thisImage.triggerButtonAriaLabel\"\n\t\t\tdata-wp-init=\"callbacks.initTriggerButton\"\n\t\t\tdata-wp-on--click=\"actions.showLightbox\"\n\t\t\tdata-wp-style--right=\"state.thisImage.buttonRight\"\n\t\t\tdata-wp-style--top=\"state.thisImage.buttonTop\"\n\t\t>\n\t\t\t<svg xmlns=\"http:\/\/www.w3.org\/2000\/svg\" width=\"12\" height=\"12\" fill=\"none\" viewBox=\"0 0 12 12\">\n\t\t\t\t<path fill=\"#fff\" d=\"M2 0a2 2 0 0 0-2 2v2h1.5V2a.5.5 0 0 1 .5-.5h2V0H2Zm2 10.5H2a.5.5 0 0 1-.5-.5V8H0v2a2 2 0 0 0 2 2h2v-1.5ZM8 12v-1.5h2a.5.5 0 0 0 .5-.5V8H12v2a2 2 0 0 1-2 2H8Zm2-12a2 2 0 0 1 2 2v2h-1.5V2a.5.5 0 0 0-.5-.5H8V0h2Z\" \/>\n\t\t\t<\/svg>\n\t\t<\/button><figcaption class=\"wp-element-caption\">Foto: kuchin ster, CC BY 3.0 (Wikimedia Commons)<\/figcaption><\/figure>\n\n\n\n<h3 class=\"wp-block-heading\"><span class=\"ez-toc-section\" id=\"13_Plajele_urbane_si_calitatea_apei\"><\/span>13. Plajele urbane \u0219i calitatea apei<span class=\"ez-toc-section-end\"><\/span><\/h3>\n\n\n\n<p class=\"wp-block-paragraph\">Varna se m\u00e2ndre\u0219te cu 32 de kilometri de coast\u0103 \u0219i peste dou\u0103 zeci de plaje. Chiar \u00een centru, cea mai popular\u0103 este <strong>Plaja Central\u0103<\/strong>, care are nisip fin \u0219i metri \u00eentregi de fund plat \u0219i pu\u021bin ad\u00e2nc, a\u0219a c\u0103 este perfect\u0103 pentru copiii mici. Plaja vecin\u0103 Oficerski are o pant\u0103 mai abrupt\u0103 spre ap\u0103 \u0219i este cunoscut\u0103 pentru barurile ei deschise p\u00e2n\u0103 noaptea t\u00e2rziu. Chiar l\u00e2ng\u0103 ea izvor\u0103\u0219te \u201eToplata voda&#8221; \u2014 un izvor de ap\u0103 termal\u0103 t\u0103m\u0103duitoare, cu acces liber \u0219i o temperatur\u0103 de peste 40 \u00b0C.<\/p>\n\n\n\n<p class=\"wp-block-paragraph\">O veste bun\u0103 pentru turi\u0219ti este c\u0103, \u00een august 2026, Comisia pentru Protec\u021bia Consumatorilor a interzis practica incorect\u0103 de a impune seturi \u00eentregi. Azi ai <strong>tot dreptul s\u0103 \u00eenchiriezi separat pe plaja din Varna o umbrel\u0103 \u0219i un \u0219ezlong<\/strong> (pre\u021bul pe bucat\u0103 se \u00eenv\u00e2rte \u00een jurul a 3,5\u20135 \u20ac). \u00cen plus, cel pu\u021bin jum\u0103tate din fiecare plaj\u0103 trebuie, prin lege, s\u0103 r\u0103m\u00e2n\u0103 zon\u0103 liber\u0103 pentru prosoape, gratuit. \ud83d\udca1 <strong>Sfat despre calitatea apei:<\/strong> Potrivit monitoriz\u0103rii oficiale, apa este curat\u0103 cea mai mare parte a verii, iar cele mai bune rezultate pe termen lung le au Plaja Central\u0103 \u0219i Asparuhovo. <strong>Dup\u0103 ploi toren\u021biale puternice, evit\u0103 \u00eens\u0103 plaja Oficerski<\/strong>, unde uneori se revars\u0103 canalizarea pluvial\u0103 (rezultatele actuale sunt afi\u0219ate mereu pe <a href=\"https:\/\/rzi-varna.com\/\" rel=\"nofollow noopener\" target=\"_blank\">site-ul rzi-varna.com<\/a>).<\/p>\n\n\n\n<figure data-wp-context=\"{&quot;imageId&quot;:&quot;6a9c36d1dca1d&quot;}\" data-wp-interactive=\"core\/image\" data-wp-key=\"6a9c36d1dca1d\" class=\"wp-block-image size-full wp-lightbox-container\"><img decoding=\"async\" width=\"1800\" height=\"1012\" data-wp-class--hide=\"state.isContentHidden\" data-wp-class--show=\"state.isContentVisible\" data-wp-init=\"callbacks.setButtonStyles\" data-wp-on--click=\"actions.showLightbox\" data-wp-on--load=\"callbacks.setButtonStyles\" data-wp-on--pointerdown=\"actions.preloadImage\" data-wp-on--pointerenter=\"actions.preloadImageWithDelay\" data-wp-on--pointerleave=\"actions.cancelPreload\" data-wp-on-window--resize=\"callbacks.setButtonStyles\" src=\"https:\/\/loudavymkrokem.cz\/wp-content\/uploads\/2026\/08\/bulharsko-research-varna-19-fdecea77.jpg\" alt=\"Capul Galata la sud de Varna\" class=\"wp-image-407794\" title=\"\" srcset=\"https:\/\/loudavymkrokem.cz\/wp-content\/uploads\/2026\/08\/bulharsko-research-varna-19-fdecea77.jpg 1800w, https:\/\/loudavymkrokem.cz\/wp-content\/uploads\/2026\/08\/bulharsko-research-varna-19-fdecea77-300x169.jpg 300w, https:\/\/loudavymkrokem.cz\/wp-content\/uploads\/2026\/08\/bulharsko-research-varna-19-fdecea77-700x394.jpg 700w, https:\/\/loudavymkrokem.cz\/wp-content\/uploads\/2026\/08\/bulharsko-research-varna-19-fdecea77-768x432.jpg 768w, https:\/\/loudavymkrokem.cz\/wp-content\/uploads\/2026\/08\/bulharsko-research-varna-19-fdecea77-1536x864.jpg 1536w, https:\/\/loudavymkrokem.cz\/wp-content\/uploads\/2026\/08\/bulharsko-research-varna-19-fdecea77-696x391.jpg 696w, https:\/\/loudavymkrokem.cz\/wp-content\/uploads\/2026\/08\/bulharsko-research-varna-19-fdecea77-1392x783.jpg 1392w\" sizes=\"(max-width: 1800px) 100vw, 1800px\" \/><button\n\t\t\tclass=\"lightbox-trigger\"\n\t\t\ttype=\"button\"\n\t\t\taria-haspopup=\"dialog\"\n\t\t\tdata-wp-bind--aria-label=\"state.thisImage.triggerButtonAriaLabel\"\n\t\t\tdata-wp-init=\"callbacks.initTriggerButton\"\n\t\t\tdata-wp-on--click=\"actions.showLightbox\"\n\t\t\tdata-wp-style--right=\"state.thisImage.buttonRight\"\n\t\t\tdata-wp-style--top=\"state.thisImage.buttonTop\"\n\t\t>\n\t\t\t<svg xmlns=\"http:\/\/www.w3.org\/2000\/svg\" width=\"12\" height=\"12\" fill=\"none\" viewBox=\"0 0 12 12\">\n\t\t\t\t<path fill=\"#fff\" d=\"M2 0a2 2 0 0 0-2 2v2h1.5V2a.5.5 0 0 1 .5-.5h2V0H2Zm2 10.5H2a.5.5 0 0 1-.5-.5V8H0v2a2 2 0 0 0 2 2h2v-1.5ZM8 12v-1.5h2a.5.5 0 0 0 .5-.5V8H12v2a2 2 0 0 1-2 2H8Zm2-12a2 2 0 0 1 2 2v2h-1.5V2a.5.5 0 0 0-.5-.5H8V0h2Z\" \/>\n\t\t\t<\/svg>\n\t\t<\/button><figcaption class=\"wp-element-caption\">Foto: Spiritia, CC BY-SA 4.0 (Wikimedia Commons)<\/figcaption><\/figure>\n\n\n\n<!-- LKM_GYG_CARD start q=\"varna\" lang=\"ro\" rendered=\"2026-09-05T14:13:03+00:00\" v=\"1\" -->\n<style id=\"lk-gyg-styles\">\n@import url(\"https:\/\/fonts.googleapis.com\/css2?family=Playfair+Display:wght@700&family=DM+Sans:wght@300;400;500;600&display=swap\");\n\/* === LK GYG karty \u2014 CRO redesign 2026-05 (namespace .lkx-) ===\n   C\u00edl: vy\u0161\u0161\u00ed CTR (hero + v\u00fdrazn\u00fd social proof + ak\u010dn\u00ed CTA, m\u00e9n\u011b \"reklamn\u00ed\").\n   Injektuje se inline do prvn\u00edho markeru postu (refresh_cards.py --inline-css). *\/\n.lkx-module, .lkx-module *{box-sizing:border-box;margin:0;padding:0}\n.lkx-module{\n  font-family:'DM Sans',-apple-system,Segoe UI,Roboto,Georgia,sans-serif;\n  max-width:860px;margin:2.5rem auto;color:#1f2328;\n}\n\n\/* HEADER \u2014 lehk\u00fd editorsk\u00fd, \u017e\u00e1dn\u00fd bannerov\u00fd blok; nadpis + popisek pod n\u00edm *\/\n.lkx-head{margin-bottom:16px}\n.lkx-head-main{display:flex;align-items:center;gap:10px}\n.lkx-head-accent{width:26px;height:3px;border-radius:2px;background:#c39f76;flex-shrink:0}\n.lkx-head-title{font-family:'Playfair Display',Georgia,serif;font-size:21px;font-weight:700;color:#1a1a1a;line-height:1.25}\n.lkx-head-meta{display:block;font-size:11px;letter-spacing:.3px;color:#9aa0a6;margin-top:4px;margin-left:36px}\n\n\/* HERO *\/\n.lkx-hero{display:grid;grid-template-columns:300px 1fr;background:#fff;border:1px solid #ece7df;border-radius:14px;overflow:hidden;text-decoration:none!important;color:inherit;box-shadow:0 6px 20px rgba(0,0,0,.06);transition:box-shadow .2s,transform .2s;margin-bottom:14px}\n.lkx-hero:hover{box-shadow:0 12px 30px rgba(0,0,0,.12);transform:translateY(-2px)}\n.lkx-hero-img{position:relative;min-height:230px;background-size:cover;background-position:center;background-color:#eee}\n.lkx-hero-body{padding:22px 24px;display:flex;flex-direction:column}\n.lkx-pick{position:absolute;top:12px;left:12px;background:#1a1a1a;color:#fff;font-size:11px;font-weight:700;letter-spacing:.5px;padding:5px 11px;border-radius:20px}\n\n\/* TITLE *\/\n.lkx-title{font-size:19px;font-weight:700;color:#161616;line-height:1.3}\n.lkx-title-sm{font-size:14.5px;line-height:1.35;display:-webkit-box;-webkit-line-clamp:2;-webkit-box-orient:vertical;overflow:hidden}\n\n\/* SOCIAL PROOF \u2014 v\u00fdrazn\u011b, naho\u0159e *\/\n.lkx-proof{display:flex;align-items:center;gap:7px;margin-top:12px;font-size:15px;color:#3a3a3a}\n.lkx-proof b{font-size:16px;color:#161616}\n.lkx-stars{color:#f5a623;letter-spacing:1px}\n.lkx-proof-sm{font-size:12.5px;margin-top:8px;gap:5px}\n.lkx-proof-sm b{font-size:13px}\n.lkx-proof-new{color:#3685fc;font-weight:600}\n\n\/* PRICE \u2014 n\u00edzk\u00e1 kotva *\/\n.lkx-price{font-size:14px;color:#6b7280}\n.lkx-price b{font-size:20px;color:#161616;font-weight:700}\n.lkx-price-sm b{font-size:15px}\n\n\/* CTA \u2014 tepl\u00e9 ak\u010dn\u00ed tla\u010d\u00edtko *\/\n.lkx-cta{display:inline-flex;align-items:center;justify-content:center;text-decoration:none!important;font-weight:700;color:#fff!important;background:linear-gradient(135deg,#f6743f,#e8552a);border-radius:10px;box-shadow:0 6px 16px rgba(232,85,42,.32);transition:box-shadow .2s}\n.lkx-cta-hero{font-size:15px;padding:13px 22px}\n.lkx-hero:hover .lkx-cta-hero{box-shadow:0 8px 22px rgba(232,85,42,.45)}\n.lkx-cta-sm{font-size:12.5px;padding:9px 14px;width:100%;margin-top:2px}\n.lkx-hero-bottom{margin-top:auto;padding-top:18px;display:flex;align-items:center;justify-content:space-between;gap:14px;flex-wrap:wrap}\n\n\/* BADGE \u2014 jeden v\u00fdrazn\u00fd na fotce *\/\n.lkx-badge{position:absolute;top:12px;right:12px;font-size:10.5px;font-weight:700;letter-spacing:.3px;padding:5px 10px;border-radius:16px;color:#fff}\n.lkx-badge.badge-urgency{background:rgba(214,40,40,.92)}\n.lkx-badge.badge-new{background:rgba(54,133,252,.92)}\n.lkx-badge.badge-top{background:rgba(195,159,118,.95)}\n.lkx-badge.badge-info{background:rgba(40,40,40,.78)}\n\n\/* SECONDARY GRID *\/\n.lkx-grid{display:grid;grid-template-columns:1fr 1fr;gap:14px}\n.lkx-card{background:#fff;border:1px solid #ece7df;border-radius:14px;overflow:hidden;text-decoration:none!important;color:inherit;box-shadow:0 4px 14px rgba(0,0,0,.05);display:flex;flex-direction:column;transition:box-shadow .2s,transform .2s}\n.lkx-card:hover{box-shadow:0 10px 24px rgba(0,0,0,.1);transform:translateY(-2px)}\n.lkx-card-img{position:relative;aspect-ratio:16\/10;background-size:cover;background-position:center;background-color:#eee}\n.lkx-card-body{padding:14px 16px 16px;display:flex;flex-direction:column;gap:7px;flex:1}\n.lkx-card-bottom{margin-top:auto;padding-top:10px;display:flex;align-items:center;justify-content:space-between;gap:8px}\n\n\/* DISCLOSURE \u2014 drobn\u00e1, kv\u016fli d\u016fv\u011b\u0159e\/z\u00e1konu *\/\n.lkx-disclosure{font-size:11px;color:#a7adb3;text-align:center;margin-top:14px;line-height:1.6}\n.lkx-disclosure a{color:#c39f76;text-decoration:none}\n\n@media(max-width:680px){\n  .lkx-hero{grid-template-columns:1fr}\n  .lkx-hero-img{min-height:180px}\n  .lkx-grid{grid-template-columns:1fr}\n  .lkx-head-meta{margin-left:0;width:100%}\n  .lkx-head-title{font-size:19px}\n}\n\n<\/style>\n<div class=\"lkx-module\" data-query=\"varna\">\n  <div class=\"lkx-head\">\n    <div class=\"lkx-head-main\">\n      <span class=\"lkx-head-accent\"><\/span>\n      <span class=\"lkx-head-title\">Experien\u021be \u0219i bilete<\/span>\n    <\/div>\n    <span class=\"lkx-head-meta\">evaluat de c\u0103l\u0103tori \u00b7 GetYourGuide<\/span>\n  <\/div><a class=\"lkx-hero\" href=\"https:\/\/www.getyourguide.com\/ro-ro\/varna-l412\/varna-croaziera-la-apus-cu-bauturi-si-vanatoare-de-comori-pirateresti-t1288459\/?partner_id=MKZ64IS&amp;utm_medium=online_publisher&amp;cmp=varna-bulgaria-locuri-vizitat\" target=\"_blank\" rel=\"sponsored noopener nofollow\">\n    <div class=\"lkx-hero-img\" style=\"background-image:url('https:\/\/cdn.getyourguide.com\/img\/tour\/eb41ecd853d11f185e58ecab4209dc5a16d762d19434e10d71e2216479c9508b.jpg\/132.jpg')\" role=\"img\" aria-label=\"Varna: Croazier\u0103 la apus, cu b\u0103uturi \u0219i v\u00e2n\u0103toare de comori piratere\u0219ti\">\n      <span class=\"lkx-pick\">\u2605 Recomandarea noastr\u0103<\/span><\/div>\n    <div class=\"lkx-hero-body\">\n      <div class=\"lkx-title\">Varna: Croazier\u0103 la apus, cu b\u0103uturi \u0219i v\u00e2n\u0103toare de comori piratere\u0219ti<\/div>\n      <div class=\"lkx-proof\">\n      <span class=\"lkx-stars\">\u2605\u2605\u2605\u2605\u2605<\/span>\n      <b>4.6<\/b> \u00b7 143 de recenzii\n    <\/div>\n      <div class=\"lkx-hero-bottom\"><div class=\"lkx-price\">de la <b>16\u00a0EUR<\/b><\/div><span class=\"lkx-cta lkx-cta-hero\">Vreau aceast\u0103 experien\u021b\u0103 \u2192<\/span>\n      <\/div>\n    <\/div>\n  <\/a><div class=\"lkx-grid\"><a class=\"lkx-card\" href=\"https:\/\/www.getyourguide.com\/ro-ro\/varna-l412\/varna-croaziera-pirat-cu-batalie-navala-si-pizza-t1017577\/?partner_id=MKZ64IS&amp;utm_medium=online_publisher&amp;cmp=varna-bulgaria-locuri-vizitat\" target=\"_blank\" rel=\"sponsored noopener nofollow\">\n      <div class=\"lkx-card-img\" style=\"background-image:url('https:\/\/cdn.getyourguide.com\/img\/tour\/97bcf2c7a1c149d93ac9d5dca71b723d4c685dd42182d7583334ad88d4d27c9e.jpeg\/132.jpg')\" role=\"img\" aria-label=\"Varna: Croazier\u0103 pirat cu b\u0103t\u0103lie naval\u0103 \u0219i pizza\"><\/div>\n      <div class=\"lkx-card-body\">\n        <div class=\"lkx-title lkx-title-sm\">Varna: Croazier\u0103 pirat cu b\u0103t\u0103lie naval\u0103 \u0219i pizza<\/div>\n        <div class=\"lkx-proof lkx-proof-sm\">\n      <span class=\"lkx-stars\">\u2605<\/span>\n      <b>4.7<\/b> \u00b7 168\n    <\/div>\n        <div class=\"lkx-card-bottom\"><span class=\"lkx-price lkx-price-sm\">de la <b>19\u00a0EUR<\/b><\/span><span class=\"lkx-cta lkx-cta-sm\">Vezi datele \u2192<\/span>\n        <\/div>\n      <\/div>\n    <\/a><a class=\"lkx-card\" href=\"https:\/\/www.getyourguide.com\/ro-ro\/varna-l412\/varna-goldensands-t439759\/?partner_id=MKZ64IS&amp;utm_medium=online_publisher&amp;cmp=varna-bulgaria-locuri-vizitat\" target=\"_blank\" rel=\"sponsored noopener nofollow\">\n      <div class=\"lkx-card-img\" style=\"background-image:url('https:\/\/cdn.getyourguide.com\/img\/tour\/e1b92ad313f2644839b60729e94bd9b11187f4a7b9e0f42f75bde08719c8c11d.png\/132.jpg')\" role=\"img\" aria-label=\"Aeroportul Varna\/Varna City - Nisipurile de Aur\"><\/div>\n      <div class=\"lkx-card-body\">\n        <div class=\"lkx-title lkx-title-sm\">Aeroportul Varna\/Varna City &#8211; Nisipurile de Aur<\/div>\n        <div class=\"lkx-proof lkx-proof-sm\">\n      <span class=\"lkx-stars\">\u2605<\/span>\n      <b>4.8<\/b> \u00b7 17\n    <\/div>\n        <div class=\"lkx-card-bottom\"><span class=\"lkx-price lkx-price-sm\">de la <b>55\u00a0EUR<\/b><\/span><span class=\"lkx-cta lkx-cta-sm\">Vezi datele \u2192<\/span>\n        <\/div>\n      <\/div>\n    <\/a><\/div><div class=\"lkx-disclosure\">\ud83d\udd17 Linkurile sunt de afiliere \u2014 nu \u00ee\u021bi schimb\u0103 pre\u021bul, dar ne ajut\u0103 s\u0103 cre\u0103m con\u021binut. \u00b7 <a href=\"https:\/\/www.getyourguide.com\/ro-ro\/s\/?q=varna&amp;partner_id=MKZ64IS&amp;utm_medium=online_publisher\" target=\"_blank\" rel=\"sponsored noopener nofollow\">Toate experien\u021bele \u2192<\/a><\/div>\n<\/div>\n<!-- LKM_GYG_CARD end -->\n\n\n\n\n<div class=\"lk-stays-module\">\n<style>\n\/* \u2500\u2500\u2500 RESET PRO GUTENBERG \u2500\u2500\u2500 *\/\n.lk-stays-module * { box-sizing: border-box; margin: 0; padding: 0; }\n\n\/* \u2500\u2500\u2500 WRAPPER \u2500\u2500\u2500 *\/\n.lk-stays-module {\n  font-family: 'DM Sans', Georgia, sans-serif;\n  max-width: 100%;\n  margin: 2.5rem auto;\n  background: linear-gradient(135deg, #fdfaf5 0%, #fcf8f0 100%);\n  border: 1px solid #e8dfd4;\n  border-radius: 16px;\n  overflow: hidden;\n  box-shadow: 0 16px 48px rgba(195, 159, 118, 0.25), 0 4px 12px rgba(0,0,0,0.08);\n}\n\n\/* \u2500\u2500\u2500 HEADER \u2500\u2500\u2500 *\/\n.lk-stays-header {\n  position: relative;\n  padding: 24px 36px 24px;\n  background: linear-gradient(135deg, #c39f76 0%, #d4b188 60%, #c39f76 100%);\n  border-bottom: 1px solid rgba(255,255,255,.15);\n  display: flex;\n  align-items: center;\n  gap: 18px;\n}\n.lk-stays-header::before {\n  content: '';\n  position: absolute;\n  inset: 0;\n  background: url(\"data:image\/svg+xml,%3Csvg width='60' height='60' viewBox='0 0 60 60' xmlns='http:\/\/www.w3.org\/2000\/svg'%3E%3Cg fill='none' fill-rule='evenodd'%3E%3Cg fill='%23ffffff' fill-opacity='0.05'%3E%3Cpath d='M36 34v-4h-2v4h-4v2h4v4h2v-4h4v-2h-4zm0-30V0h-2v4h-4v2h4v4h2V6h4V4h-4zM6 34v-4H4v4H0v2h4v4h2v-4h4v-2H6zM6 4V0H4v4H0v2h4v4h2V6h4V4H6z'\/%3E%3C\/g%3E%3C\/g%3E%3C\/svg%3E\") repeat;\n  pointer-events: none;\n}\n.lk-stays-icon {\n  flex-shrink: 0;\n  width: 68px;\n  height: 68px;\n  border-radius: 14px;\n  background: linear-gradient(135deg, #fff 0%, #f9f6f0 100%);\n  display: flex;\n  align-items: center;\n  justify-content: center;\n  font-size: 26px;\n  box-shadow: 0 4px 12px rgba(0,0,0,0.15);\n}\n.lk-stays-eyebrow {\n  font-size: 10px;\n  font-weight: 500;\n  letter-spacing: 2.5px;\n  text-transform: uppercase;\n  color: rgba(255,255,255,.85);\n  margin: 0 0 5px 0;\n}\n.lk-stays-title {\n  font-family: 'Playfair Display', Georgia, serif;\n  font-size: 24px;\n  font-weight: 700;\n  color: #fff;\n  line-height: 1.2;\n  text-shadow: 0 1px 2px rgba(0,0,0,0.1);\n  margin: 0;\n}\n.lk-stays-subtitle {\n  font-size: 13px;\n  color: rgba(255,255,255,.75);\n  margin: 4px 0 0 0;\n  font-weight: 300;\n}\n\n\/* \u2500\u2500\u2500 CARDS GRID \u2500\u2500\u2500 *\/\n.lk-stays-grid {\n  display: grid;\n  grid-template-columns: 1fr 1fr;\n  gap: 1px;\n  background: rgba(195, 159, 118, 0.12);\n}\n\n\/* \u2500\u2500\u2500 SINGLE CARD \u2500\u2500\u2500 *\/\n.lk-stay-card {\n  background: #ffffff;\n  padding: 26px;\n  display: flex;\n  flex-direction: column;\n  gap: 11px;\n  transition: all 0.3s ease;\n  text-decoration: none;\n  color: inherit;\n  position: relative;\n}\n.lk-stay-card:hover {\n  background: #fffbf5;\n  transform: translateY(-2px);\n  box-shadow: 0 8px 24px rgba(195, 159, 118, 0.18);\n  z-index: 1;\n}\n.lk-stay-card.featured {\n  background: linear-gradient(135deg, #fffdf9 0%, #fff9f0 100%);\n  box-shadow: 0 4px 16px rgba(195, 159, 118, 0.15), inset 0 1px 0 rgba(195, 159, 118, 0.1);\n}\n.lk-stay-card.featured:hover {\n  background: linear-gradient(135deg, #fffbf5 0%, #fff8ed 100%);\n  box-shadow: 0 8px 24px rgba(195, 159, 118, 0.25), inset 0 1px 0 rgba(195, 159, 118, 0.15);\n}\n\n.lk-stay-badge {\n  display: inline-flex;\n  align-items: center;\n  gap: 5px;\n  font-size: 10px;\n  font-weight: 500;\n  letter-spacing: 1.5px;\n  text-transform: uppercase;\n  padding: 5px 11px;\n  border-radius: 20px;\n  width: fit-content;\n}\n.badge-top     { background: linear-gradient(135deg, #c39f76 0%, #d4b188 100%); color: #fff; border: 1px solid #c39f76; font-weight: 600; box-shadow: 0 2px 8px rgba(195,159,118,0.3); }\n.badge-luxury  { background: rgba(195,159,118,.12); color: #c39f76; border: 1px solid rgba(195,159,118,.25); }\n.badge-boutique{ background: rgba(54,133,252,.08); color: #3685fc; border: 1px solid rgba(54,133,252,.2); }\n.badge-nature  { background: rgba(130,190,100,.1); color: #6b9c4a; border: 1px solid rgba(130,190,100,.2); }\n.badge-remote  { background: rgba(195,159,118,.12); color: #a67e50; border: 1px solid rgba(195,159,118,.25); }\n\n.lk-stay-name {\n  font-family: 'Playfair Display', Georgia, serif;\n  font-size: 18px;\n  font-weight: 700;\n  color: #111827;\n  line-height: 1.3;\n}\n.lk-stay-desc {\n  font-size: 13.5px;\n  color: #525252;\n  line-height: 1.65;\n  font-weight: 300;\n  flex: 1;\n}\n\n.lk-stay-meta {\n  display: flex;\n  align-items: center;\n  gap: 12px;\n  flex-wrap: wrap;\n  margin-top: 4px;\n}\n.lk-stay-price {\n  font-size: 13px;\n  color: #6b7280;\n}\n.lk-stay-price strong {\n  color: #c39f76;\n  font-weight: 500;\n}\n.lk-stay-stars {\n  color: #c39f76;\n  font-size: 11px;\n  letter-spacing: 1px;\n}\n\n\/* \u2500\u2500\u2500 CTA BUTTON \u2500\u2500\u2500 *\/\n.lk-stay-cta {\n  display: inline-flex;\n  align-items: center;\n  justify-content: center;\n  gap: 7px;\n  margin-top: 8px;\n  padding: 11px 20px;\n  border-radius: 8px;\n  background: linear-gradient(135deg, #3685fc 0%, #2a6fd9 100%);\n  color: #fff;\n  font-size: 13px;\n  font-weight: 500;\n  text-decoration: none;\n  letter-spacing: .3px;\n  transition: all .2s ease;\n  cursor: pointer;\n  border: none;\n  text-align: center;\n  box-shadow: 0 4px 12px rgba(54, 133, 252, 0.25);\n}\n.lk-stay-cta:hover {\n  background: linear-gradient(135deg, #2a6fd9 0%, #1e5bc4 100%);\n  transform: translateY(-1px);\n  box-shadow: 0 6px 16px rgba(54, 133, 252, 0.35);\n}\n.lk-stay-cta svg { flex-shrink: 0; }\n\n\/* \u2500\u2500\u2500 FOOTER \u2500\u2500\u2500 *\/\n.lk-stays-footer {\n  padding: 18px 36px;\n  background: linear-gradient(to bottom, #fdfaf5 0%, #f9f4ed 100%);\n  border-top: 1px solid rgba(195, 159, 118, 0.15);\n  display: flex;\n  align-items: center;\n  justify-content: space-between;\n  flex-wrap: wrap;\n  gap: 12px;\n}\n.lk-stays-footer-note {\n  font-size: 11.5px;\n  color: #6b7280;\n  font-weight: 300;\n  line-height: 1.5;\n}\n.lk-stays-footer-note a {\n  color: #c39f76;\n  text-decoration: none;\n  font-weight: 400;\n}\n.lk-stays-footer-note a:hover {\n  text-decoration: underline;\n}\n.lk-stays-all-btn {\n  display: inline-flex;\n  align-items: center;\n  gap: 6px;\n  font-size: 12.5px;\n  font-weight: 500;\n  color: #c39f76;\n  text-decoration: none;\n  border: 1px solid rgba(195, 159, 118, 0.35);\n  padding: 8px 18px;\n  border-radius: 8px;\n  transition: all .2s ease;\n}\n.lk-stays-all-btn:hover {\n  background: rgba(195, 159, 118, 0.08);\n  border-color: rgba(195, 159, 118, 0.5);\n}\n\n\/* \u2500\u2500\u2500 RESPONSIVE \u2500\u2500\u2500 *\/\n@media (max-width: 600px) {\n  .lk-stays-grid { grid-template-columns: 1fr; }\n  .lk-stays-header { padding: 24px 20px; }\n  .lk-stays-footer { padding: 16px 20px; }\n  .lk-stay-card { padding: 22px; }\n  .lk-stays-title { font-size: 20px; }\n}\n<\/style>\n\n  <!-- HEADER -->\n  <div class=\"lk-stays-header\">\n    <img decoding=\"async\" src=\"https:\/\/loudavymkrokem.cz\/wp-content\/uploads\/2026\/02\/lukas-a-lucka.jpg\" alt=\"\" style=\"width: 75px; height: 75px; border-radius: 8px; flex-shrink: 0; object-fit: cover; display: block; margin: 4px 0;\" title=\"\">\n    <div class=\"lk-stays-header-text\">\n      <div class=\"lk-stays-eyebrow\">Luk\u00e1\u0161 \u0219i Lucie recomand\u0103<\/div>\n      <div class=\"lk-stays-title\">Unde s\u0103 te cazezi \u00een Varna<\/div>\n      <div class=\"lk-stays-subtitle\">6 caz\u0103ri \u2014 hoteluri wellness, hoteluri \u0219i alte op\u021biuni de cazare<\/div>\n    <\/div>\n  <\/div>\n\n  <!-- CARDS -->\n  <div class=\"lk-stays-grid\">\n\n    <a class=\"lk-stay-card featured\" href=\"https:\/\/www.stay22.com\/allez\/roam?aid=lukaskonecny&#038;campaign=loudavymkrokemcz&#038;campaign=ro&#038;campaign=varna&#038;hotelname=Modus%20Hotel&#038;address=Varna%2C%20Bulharsko\" target=\"_blank\" rel=\"nofollow noopener\">\n      <span class=\"lk-stay-badge badge-top\">\u2b50 TOP ALEGERE<\/span>\n      <span class=\"lk-stay-badge badge-nature\">\u2b50 Luxury<\/span>\n      <div class=\"lk-stay-name\">Modus Hotel<\/div>\n      <div class=\"lk-stay-desc\">Hotel de top \u00een Cartierul Grecesc, la 130 de metri de Gr\u0103dina Maritim\u0103. Cele mai bune evalu\u0103ri \u0219i loca\u021bie din ora\u0219.<\/div>\n      <div class=\"lk-stay-meta\">\n        <span class=\"lk-stay-stars\">\u2605\u2605\u2605\u2605<\/span>\n        <span class=\"lk-stay-price\">Verific\u0103 pre\u021burile<\/span>\n      <\/div>\n      <span class=\"lk-stay-cta\">\n        <svg width=\"14\" height=\"14\" viewBox=\"0 0 24 24\" fill=\"none\" stroke=\"currentColor\" stroke-width=\"2\"><path d=\"M18 13v6a2 2 0 0 1-2 2H5a2 2 0 0 1-2-2V8a2 2 0 0 1 2-2h6\"\/><polyline points=\"15 3 21 3 21 9\"\/><line x1=\"10\" y1=\"14\" x2=\"21\" y2=\"3\"\/><\/svg>\n        Verific\u0103 disponibilitatea\n      <\/span>\n    <\/a>\n\n    <a class=\"lk-stay-card\" href=\"https:\/\/www.stay22.com\/allez\/roam?aid=lukaskonecny&#038;campaign=loudavymkrokemcz&#038;campaign=ro&#038;campaign=varna&#038;hotelname=Grand%20Hotel%20London&#038;address=Varna%2C%20Bulharsko\" target=\"_blank\" rel=\"nofollow noopener\">\n      <span class=\"lk-stay-badge badge-nature\">\ud83c\udfe8 Hotel<\/span>\n      <div class=\"lk-stay-name\">Grand Hotel London<\/div>\n      <div class=\"lk-stay-desc\">Cl\u0103dire splendid\u0103 Art Nouveau din 1912 \u00een centrul Varnei. Pentru iubitorii de istorie.<\/div>\n      <div class=\"lk-stay-meta\">\n        <span class=\"lk-stay-stars\">\u2605\u2605\u2605\u2605<\/span>\n        <span class=\"lk-stay-price\">Verific\u0103 pre\u021burile<\/span>\n      <\/div>\n      <span class=\"lk-stay-cta\">\n        <svg width=\"14\" height=\"14\" viewBox=\"0 0 24 24\" fill=\"none\" stroke=\"currentColor\" stroke-width=\"2\"><path d=\"M18 13v6a2 2 0 0 1-2 2H5a2 2 0 0 1-2-2V8a2 2 0 0 1 2-2h6\"\/><polyline points=\"15 3 21 3 21 9\"\/><line x1=\"10\" y1=\"14\" x2=\"21\" y2=\"3\"\/><\/svg>\n        Verific\u0103 disponibilitatea\n      <\/span>\n    <\/a>\n\n    <a class=\"lk-stay-card\" href=\"https:\/\/www.stay22.com\/allez\/roam?aid=lukaskonecny&#038;campaign=loudavymkrokemcz&#038;campaign=ro&#038;campaign=varna&#038;hotelname=Hotel%20Cherno%20More&#038;address=Varna%2C%20Bulharsko\" target=\"_blank\" rel=\"nofollow noopener\">\n      <span class=\"lk-stay-badge badge-nature\">\ud83c\udfe8 Hotel<\/span>\n      <div class=\"lk-stay-name\">Hotel Cherno More<\/div>\n      <div class=\"lk-stay-desc\">O variant\u0103 de mijloc cu balcoane cu vedere la mare. Se afl\u0103 la intrarea \u00een parc.<\/div>\n      <div class=\"lk-stay-meta\">\n        <span class=\"lk-stay-stars\">\u2605\u2605\u2605\u2605<\/span>\n        <span class=\"lk-stay-price\">Verific\u0103 pre\u021burile<\/span>\n      <\/div>\n      <span class=\"lk-stay-cta\">\n        <svg width=\"14\" height=\"14\" viewBox=\"0 0 24 24\" fill=\"none\" stroke=\"currentColor\" stroke-width=\"2\"><path d=\"M18 13v6a2 2 0 0 1-2 2H5a2 2 0 0 1-2-2V8a2 2 0 0 1 2-2h6\"\/><polyline points=\"15 3 21 3 21 9\"\/><line x1=\"10\" y1=\"14\" x2=\"21\" y2=\"3\"\/><\/svg>\n        Verific\u0103 disponibilitatea\n      <\/span>\n    <\/a>\n\n    <a class=\"lk-stay-card\" href=\"https:\/\/www.stay22.com\/allez\/roam?aid=lukaskonecny&#038;campaign=loudavymkrokemcz&#038;campaign=ro&#038;campaign=varna&#038;hotelname=Boutique%20Splendid&#038;address=Varna%2C%20Bulharsko\" target=\"_blank\" rel=\"nofollow noopener\">\n      <span class=\"lk-stay-badge badge-nature\">\ud83c\udfe8 Hotel<\/span>\n      <div class=\"lk-stay-name\">Boutique Splendid<\/div>\n      <div class=\"lk-stay-desc\">Cel mai aproape de obiectivele turistice, la mai pu\u021bin de o sut\u0103 de metri de Catedrala Adormirii Maicii Domnului.<\/div>\n      <div class=\"lk-stay-meta\">\n        <span class=\"lk-stay-stars\">\u2605\u2605\u2605\u2605<\/span>\n        <span class=\"lk-stay-price\">Verific\u0103 pre\u021burile<\/span>\n      <\/div>\n      <span class=\"lk-stay-cta\">\n        <svg width=\"14\" height=\"14\" viewBox=\"0 0 24 24\" fill=\"none\" stroke=\"currentColor\" stroke-width=\"2\"><path d=\"M18 13v6a2 2 0 0 1-2 2H5a2 2 0 0 1-2-2V8a2 2 0 0 1 2-2h6\"\/><polyline points=\"15 3 21 3 21 9\"\/><line x1=\"10\" y1=\"14\" x2=\"21\" y2=\"3\"\/><\/svg>\n        Verific\u0103 disponibilitatea\n      <\/span>\n    <\/a>\n\n    <a class=\"lk-stay-card\" href=\"https:\/\/www.stay22.com\/allez\/roam?aid=lukaskonecny&#038;campaign=loudavymkrokemcz&#038;campaign=ro&#038;campaign=varna&#038;hotelname=Nomado%20hostel&#038;address=Varna%2C%20Bulharsko\" target=\"_blank\" rel=\"nofollow noopener\">\n      <span class=\"lk-stay-badge badge-nature\">\ud83c\udfe1 Pension\/B&#038;B<\/span>\n      <div class=\"lk-stay-name\">Nomado hostel<\/div>\n      <div class=\"lk-stay-desc\">Hostel low-cost excelent evaluat \u00een centrul ora\u0219ului pentru c\u0103l\u0103tori cu buget limitat.<\/div>\n      <div class=\"lk-stay-meta\">\n        <span class=\"lk-stay-stars\">\u2605\u2605\u2605\u2605<\/span>\n        <span class=\"lk-stay-price\">Verific\u0103 pre\u021burile<\/span>\n      <\/div>\n      <span class=\"lk-stay-cta\">\n        <svg width=\"14\" height=\"14\" viewBox=\"0 0 24 24\" fill=\"none\" stroke=\"currentColor\" stroke-width=\"2\"><path d=\"M18 13v6a2 2 0 0 1-2 2H5a2 2 0 0 1-2-2V8a2 2 0 0 1 2-2h6\"\/><polyline points=\"15 3 21 3 21 9\"\/><line x1=\"10\" y1=\"14\" x2=\"21\" y2=\"3\"\/><\/svg>\n        Verific\u0103 disponibilitatea\n      <\/span>\n    <\/a>\n\n    <a class=\"lk-stay-card\" href=\"https:\/\/www.stay22.com\/allez\/roam?aid=lukaskonecny&#038;campaign=loudavymkrokemcz&#038;campaign=ro&#038;campaign=varna&#038;address=Varna&#038;hotelname=Ensana+Aquahouse&#038;search=Ensana+Aquahouse&#038;category=accommodation\" target=\"_blank\" rel=\"nofollow noopener\">\n      <span class=\"lk-stay-badge badge-nature\">\u2b50 Luxury<\/span>\n      <div class=\"lk-stay-name\">Ensana Aquahouse<\/div>\n      <div class=\"lk-stay-desc\">Primul hotel din Varna inclus \u00een Ghidul Michelin 2026. Izvoare termale p\u00e2n\u0103 la 42\u00b0C.<\/div>\n      <div class=\"lk-stay-meta\">\n        <span class=\"lk-stay-stars\">\u2605\u2605\u2605\u2605<\/span>\n        <span class=\"lk-stay-price\">Verific\u0103 pre\u021burile<\/span>\n      <\/div>\n      <span class=\"lk-stay-cta\">\n        <svg width=\"14\" height=\"14\" viewBox=\"0 0 24 24\" fill=\"none\" stroke=\"currentColor\" stroke-width=\"2\"><path d=\"M18 13v6a2 2 0 0 1-2 2H5a2 2 0 0 1-2-2V8a2 2 0 0 1 2-2h6\"\/><polyline points=\"15 3 21 3 21 9\"\/><line x1=\"10\" y1=\"14\" x2=\"21\" y2=\"3\"\/><\/svg>\n        Verific\u0103 disponibilitatea\n      <\/span>\n    <\/a>\n\n  <\/div>\n\n  \n<\/div>\n\n\n\n\n<h2 class=\"wp-block-heading\"><span class=\"ez-toc-section\" id=\"Dincolo_de_centru\"><\/span>Dincolo de centru<span class=\"ez-toc-section-end\"><\/span><\/h2>\n\n\n\n<p class=\"wp-block-paragraph\">Dac\u0103 te aventurezi pu\u021bin mai departe de nucleul istoric, Varna \u00ee\u021bi va dezv\u0103lui \u00eenc\u0103 unul dintre straturile sale, fie c\u0103 este vorba despre o <strong>istorie militar\u0103 zbuciumat\u0103<\/strong>, fie despre <strong>sta\u021biuni suburbane lini\u0219tite<\/strong>.<\/p>\n\n\n\n<figure data-wp-context=\"{&quot;imageId&quot;:&quot;6a9c36d1dce9e&quot;}\" data-wp-interactive=\"core\/image\" data-wp-key=\"6a9c36d1dce9e\" class=\"wp-block-image size-full wp-lightbox-container\"><img decoding=\"async\" width=\"1800\" height=\"1355\" data-wp-class--hide=\"state.isContentHidden\" data-wp-class--show=\"state.isContentVisible\" data-wp-init=\"callbacks.setButtonStyles\" data-wp-on--click=\"actions.showLightbox\" data-wp-on--load=\"callbacks.setButtonStyles\" data-wp-on--pointerdown=\"actions.preloadImage\" data-wp-on--pointerenter=\"actions.preloadImageWithDelay\" data-wp-on--pointerleave=\"actions.cancelPreload\" data-wp-on-window--resize=\"callbacks.setButtonStyles\" src=\"https:\/\/loudavymkrokem.cz\/wp-content\/uploads\/2026\/08\/bulharsko-research-varna-20-7df8a708.jpg\" alt=\"Parcul-muzeu Vladislav Varnen\u010dik din Varna\" class=\"wp-image-407795\" title=\"\" srcset=\"https:\/\/loudavymkrokem.cz\/wp-content\/uploads\/2026\/08\/bulharsko-research-varna-20-7df8a708.jpg 1800w, https:\/\/loudavymkrokem.cz\/wp-content\/uploads\/2026\/08\/bulharsko-research-varna-20-7df8a708-300x226.jpg 300w, https:\/\/loudavymkrokem.cz\/wp-content\/uploads\/2026\/08\/bulharsko-research-varna-20-7df8a708-700x527.jpg 700w, https:\/\/loudavymkrokem.cz\/wp-content\/uploads\/2026\/08\/bulharsko-research-varna-20-7df8a708-768x578.jpg 768w, https:\/\/loudavymkrokem.cz\/wp-content\/uploads\/2026\/08\/bulharsko-research-varna-20-7df8a708-1536x1156.jpg 1536w, https:\/\/loudavymkrokem.cz\/wp-content\/uploads\/2026\/08\/bulharsko-research-varna-20-7df8a708-80x60.jpg 80w, https:\/\/loudavymkrokem.cz\/wp-content\/uploads\/2026\/08\/bulharsko-research-varna-20-7df8a708-160x120.jpg 160w, https:\/\/loudavymkrokem.cz\/wp-content\/uploads\/2026\/08\/bulharsko-research-varna-20-7df8a708-696x524.jpg 696w, https:\/\/loudavymkrokem.cz\/wp-content\/uploads\/2026\/08\/bulharsko-research-varna-20-7df8a708-1392x1048.jpg 1392w\" sizes=\"(max-width: 1800px) 100vw, 1800px\" \/><button\n\t\t\tclass=\"lightbox-trigger\"\n\t\t\ttype=\"button\"\n\t\t\taria-haspopup=\"dialog\"\n\t\t\tdata-wp-bind--aria-label=\"state.thisImage.triggerButtonAriaLabel\"\n\t\t\tdata-wp-init=\"callbacks.initTriggerButton\"\n\t\t\tdata-wp-on--click=\"actions.showLightbox\"\n\t\t\tdata-wp-style--right=\"state.thisImage.buttonRight\"\n\t\t\tdata-wp-style--top=\"state.thisImage.buttonTop\"\n\t\t>\n\t\t\t<svg xmlns=\"http:\/\/www.w3.org\/2000\/svg\" width=\"12\" height=\"12\" fill=\"none\" viewBox=\"0 0 12 12\">\n\t\t\t\t<path fill=\"#fff\" d=\"M2 0a2 2 0 0 0-2 2v2h1.5V2a.5.5 0 0 1 .5-.5h2V0H2Zm2 10.5H2a.5.5 0 0 1-.5-.5V8H0v2a2 2 0 0 0 2 2h2v-1.5ZM8 12v-1.5h2a.5.5 0 0 0 .5-.5V8H12v2a2 2 0 0 1-2 2H8Zm2-12a2 2 0 0 1 2 2v2h-1.5V2a.5.5 0 0 0-.5-.5H8V0h2Z\" \/>\n\t\t\t<\/svg>\n\t\t<\/button><figcaption class=\"wp-element-caption\">Foto: Micha\u0142 Derela, CC BY-SA 4.0 (Wikimedia Commons)<\/figcaption><\/figure>\n\n\n\n<h3 class=\"wp-block-heading\"><span class=\"ez-toc-section\" id=\"14_Parcul-muzeu_Vladislav_Varnencik\"><\/span>14. Parcul-muzeu Vladislav Varnen\u010dik<span class=\"ez-toc-section-end\"><\/span><\/h3>\n\n\n\n<p class=\"wp-block-paragraph\">Acest parc de treizeci de hectare se afl\u0103 exact pe locul c\u00e2mpului de lupt\u0103 s\u00e2ngeros din 10 noiembrie 1444, unde armatele alian\u021bei cre\u0219tine au cedat \u00een fa\u021ba superiorit\u0103\u021bii numerice otomane. \u00cen b\u0103t\u0103lie a c\u0103zut regele polonez \u0219i maghiar Vladislav al III-lea, \u00een v\u00e2rst\u0103 de doar dou\u0103zeci de ani, care dup\u0103 acest loc a primit porecla Varnen\u010dik. \u00cen lupt\u0103 au participat \u0219i <strong>mercenari cehi \u0219i ruteni<\/strong>, care au folosit aici, pentru ap\u0103rare, tradi\u021bionala tab\u0103r\u0103 de care husit\u0103 dotat\u0103 cu bombarde. \ud83d\udca1 <strong>Sfat:<\/strong> Trupul t\u00e2n\u0103rului rege nu a fost g\u0103sit niciodat\u0103. De aceea, \u00een parc se afl\u0103 un mausoleu simbolic, construit \u00eentr-un tumul trac p\u0103r\u0103sit. Biletul cost\u0103 4,09 \u20ac, iar unele exponate au fost donate chiar de muzee din Praga.<\/p>\n\n\n\n<figure data-wp-context=\"{&quot;imageId&quot;:&quot;6a9c36d1dd299&quot;}\" data-wp-interactive=\"core\/image\" data-wp-key=\"6a9c36d1dd299\" class=\"wp-block-image size-full wp-lightbox-container\"><img decoding=\"async\" width=\"1800\" height=\"1350\" data-wp-class--hide=\"state.isContentHidden\" data-wp-class--show=\"state.isContentVisible\" data-wp-init=\"callbacks.setButtonStyles\" data-wp-on--click=\"actions.showLightbox\" data-wp-on--load=\"callbacks.setButtonStyles\" data-wp-on--pointerdown=\"actions.preloadImage\" data-wp-on--pointerenter=\"actions.preloadImageWithDelay\" data-wp-on--pointerleave=\"actions.cancelPreload\" data-wp-on-window--resize=\"callbacks.setButtonStyles\" src=\"https:\/\/loudavymkrokem.cz\/wp-content\/uploads\/2026\/08\/bulharsko-research-varna-21-f5e596df.jpg\" alt=\"Plaj\u0103 larg\u0103 cu nisip \u00een cartierul Asparuhovo din Varna\" class=\"wp-image-407796\" title=\"\" srcset=\"https:\/\/loudavymkrokem.cz\/wp-content\/uploads\/2026\/08\/bulharsko-research-varna-21-f5e596df.jpg 1800w, https:\/\/loudavymkrokem.cz\/wp-content\/uploads\/2026\/08\/bulharsko-research-varna-21-f5e596df-300x225.jpg 300w, https:\/\/loudavymkrokem.cz\/wp-content\/uploads\/2026\/08\/bulharsko-research-varna-21-f5e596df-700x525.jpg 700w, https:\/\/loudavymkrokem.cz\/wp-content\/uploads\/2026\/08\/bulharsko-research-varna-21-f5e596df-768x576.jpg 768w, https:\/\/loudavymkrokem.cz\/wp-content\/uploads\/2026\/08\/bulharsko-research-varna-21-f5e596df-1536x1152.jpg 1536w, https:\/\/loudavymkrokem.cz\/wp-content\/uploads\/2026\/08\/bulharsko-research-varna-21-f5e596df-80x60.jpg 80w, https:\/\/loudavymkrokem.cz\/wp-content\/uploads\/2026\/08\/bulharsko-research-varna-21-f5e596df-160x120.jpg 160w, https:\/\/loudavymkrokem.cz\/wp-content\/uploads\/2026\/08\/bulharsko-research-varna-21-f5e596df-696x522.jpg 696w, https:\/\/loudavymkrokem.cz\/wp-content\/uploads\/2026\/08\/bulharsko-research-varna-21-f5e596df-1392x1044.jpg 1392w\" sizes=\"(max-width: 1800px) 100vw, 1800px\" \/><button\n\t\t\tclass=\"lightbox-trigger\"\n\t\t\ttype=\"button\"\n\t\t\taria-haspopup=\"dialog\"\n\t\t\tdata-wp-bind--aria-label=\"state.thisImage.triggerButtonAriaLabel\"\n\t\t\tdata-wp-init=\"callbacks.initTriggerButton\"\n\t\t\tdata-wp-on--click=\"actions.showLightbox\"\n\t\t\tdata-wp-style--right=\"state.thisImage.buttonRight\"\n\t\t\tdata-wp-style--top=\"state.thisImage.buttonTop\"\n\t\t>\n\t\t\t<svg xmlns=\"http:\/\/www.w3.org\/2000\/svg\" width=\"12\" height=\"12\" fill=\"none\" viewBox=\"0 0 12 12\">\n\t\t\t\t<path fill=\"#fff\" d=\"M2 0a2 2 0 0 0-2 2v2h1.5V2a.5.5 0 0 1 .5-.5h2V0H2Zm2 10.5H2a.5.5 0 0 1-.5-.5V8H0v2a2 2 0 0 0 2 2h2v-1.5ZM8 12v-1.5h2a.5.5 0 0 0 .5-.5V8H12v2a2 2 0 0 1-2 2H8Zm2-12a2 2 0 0 1 2 2v2h-1.5V2a.5.5 0 0 0-.5-.5H8V0h2Z\" \/>\n\t\t\t<\/svg>\n\t\t<\/button><figcaption class=\"wp-element-caption\">Foto: Dobrin Gueorguiev (Google Maps)<\/figcaption><\/figure>\n\n\n\n<h3 class=\"wp-block-heading\"><span class=\"ez-toc-section\" id=\"15_Plaja_Asparuhovo\"><\/span>15. Plaja Asparuhovo<span class=\"ez-toc-section-end\"><\/span><\/h3>\n\n\n\n<p class=\"wp-block-paragraph\">Dac\u0103 te-a obosit forfota plajelor centrale, treci peste podul mare spre sud, \u00een cartierul Asparuhovo. Plaja de aici este <strong>lung\u0103 de peste un kilometru \u0219i, pe alocuri, lat\u0103 de p\u00e2n\u0103 la o sut\u0103 de metri<\/strong>. Nu este deloc c\u0103utat\u0103 de turismul de mas\u0103, ofer\u0103 un nisip minunat de fin, lini\u0219te \u0219i destul verdea\u021b\u0103. Pe termen lung se num\u0103r\u0103 printre cele mai curate din tot ora\u0219ul. Asparuhovo are \u0219i o urm\u0103 ceh\u0103 nea\u0219teptat\u0103. Aici este \u00eenmorm\u00e2ntat <strong>Hermenegild \u0160korpil<\/strong> (1858 Vysok\u00e9 M\u00fdto \u2013 1923 Varna), naturalist \u0219i frate al lui Karel \u0160korpil, cu care a fondat Muzeul Arheologic din Varna. Se odihne\u0219te chiar \u00een situl arheologic pe care l-a cercetat el \u00eensu\u0219i. \ud83d\udca1 <strong>Sfat:<\/strong> Chiar \u00een Asparuhovo g\u0103se\u0219ti cele mai ieftine \u0219i mai bine cotate restaurante de pe\u0219te, unde vin s\u0103 m\u0103n\u00e2nce mai ales localnicii.<\/p>\n\n\n\n<figure data-wp-context=\"{&quot;imageId&quot;:&quot;6a9c36d1dd648&quot;}\" data-wp-interactive=\"core\/image\" data-wp-key=\"6a9c36d1dd648\" class=\"wp-block-image size-full wp-lightbox-container\"><img decoding=\"async\" width=\"1800\" height=\"1350\" data-wp-class--hide=\"state.isContentHidden\" data-wp-class--show=\"state.isContentVisible\" data-wp-init=\"callbacks.setButtonStyles\" data-wp-on--click=\"actions.showLightbox\" data-wp-on--load=\"callbacks.setButtonStyles\" data-wp-on--pointerdown=\"actions.preloadImage\" data-wp-on--pointerenter=\"actions.preloadImageWithDelay\" data-wp-on--pointerleave=\"actions.cancelPreload\" data-wp-on-window--resize=\"callbacks.setButtonStyles\" src=\"https:\/\/loudavymkrokem.cz\/wp-content\/uploads\/2026\/08\/bulharsko-research-varna-22-19b9282d.jpg\" alt=\"Plaja \u0219i hotelurile din sta\u021biunea Sf. Constantin \u0219i Elena de l\u00e2ng\u0103 Varna\" class=\"wp-image-407797\" title=\"\" srcset=\"https:\/\/loudavymkrokem.cz\/wp-content\/uploads\/2026\/08\/bulharsko-research-varna-22-19b9282d.jpg 1800w, https:\/\/loudavymkrokem.cz\/wp-content\/uploads\/2026\/08\/bulharsko-research-varna-22-19b9282d-300x225.jpg 300w, https:\/\/loudavymkrokem.cz\/wp-content\/uploads\/2026\/08\/bulharsko-research-varna-22-19b9282d-700x525.jpg 700w, https:\/\/loudavymkrokem.cz\/wp-content\/uploads\/2026\/08\/bulharsko-research-varna-22-19b9282d-768x576.jpg 768w, https:\/\/loudavymkrokem.cz\/wp-content\/uploads\/2026\/08\/bulharsko-research-varna-22-19b9282d-1536x1152.jpg 1536w, https:\/\/loudavymkrokem.cz\/wp-content\/uploads\/2026\/08\/bulharsko-research-varna-22-19b9282d-80x60.jpg 80w, https:\/\/loudavymkrokem.cz\/wp-content\/uploads\/2026\/08\/bulharsko-research-varna-22-19b9282d-160x120.jpg 160w, https:\/\/loudavymkrokem.cz\/wp-content\/uploads\/2026\/08\/bulharsko-research-varna-22-19b9282d-696x522.jpg 696w, https:\/\/loudavymkrokem.cz\/wp-content\/uploads\/2026\/08\/bulharsko-research-varna-22-19b9282d-1392x1044.jpg 1392w\" sizes=\"(max-width: 1800px) 100vw, 1800px\" \/><button\n\t\t\tclass=\"lightbox-trigger\"\n\t\t\ttype=\"button\"\n\t\t\taria-haspopup=\"dialog\"\n\t\t\tdata-wp-bind--aria-label=\"state.thisImage.triggerButtonAriaLabel\"\n\t\t\tdata-wp-init=\"callbacks.initTriggerButton\"\n\t\t\tdata-wp-on--click=\"actions.showLightbox\"\n\t\t\tdata-wp-style--right=\"state.thisImage.buttonRight\"\n\t\t\tdata-wp-style--top=\"state.thisImage.buttonTop\"\n\t\t>\n\t\t\t<svg xmlns=\"http:\/\/www.w3.org\/2000\/svg\" width=\"12\" height=\"12\" fill=\"none\" viewBox=\"0 0 12 12\">\n\t\t\t\t<path fill=\"#fff\" d=\"M2 0a2 2 0 0 0-2 2v2h1.5V2a.5.5 0 0 1 .5-.5h2V0H2Zm2 10.5H2a.5.5 0 0 1-.5-.5V8H0v2a2 2 0 0 0 2 2h2v-1.5ZM8 12v-1.5h2a.5.5 0 0 0 .5-.5V8H12v2a2 2 0 0 1-2 2H8Zm2-12a2 2 0 0 1 2 2v2h-1.5V2a.5.5 0 0 0-.5-.5H8V0h2Z\" \/>\n\t\t\t<\/svg>\n\t\t<\/button><figcaption class=\"wp-element-caption\">Foto: Mariana Negrea (Google Maps)<\/figcaption><\/figure>\n\n\n\n<h3 class=\"wp-block-heading\"><span class=\"ez-toc-section\" id=\"16_Sf_Constantin_si_Elena\"><\/span>16. Sf. Constantin \u0219i Elena<span class=\"ez-toc-section-end\"><\/span><\/h3>\n\n\n\n<p class=\"wp-block-paragraph\">La doar 9 kilometri nord de centru se afl\u0103 cea mai veche sta\u021biune de litoral din Bulgaria. Se numea odinioar\u0103 Drujba, iar azi este renumit\u0103 mai ales pentru izvoarele sale termale. Vei g\u0103si aici \u00eentinsul Aquahouse Thermal &#038; Beach, cu paisprezece piscine \u0219i ap\u0103 cald\u0103 de p\u00e2n\u0103 la 42 \u00b0C. Sta\u021biunea este \u00eenconjurat\u0103 de parcuri verzi \u0219i ofer\u0103 o lini\u0219te nem\u0103surat\u0103. \ud83d\udca1 <strong>Sfat:<\/strong> Calitatea serviciilor de aici este la un asemenea nivel, \u00eenc\u00e2t hotelul local Ensana Aquahouse a devenit, \u00een august 2026, <strong>primul hotel din Varna inclus \u00een prestigiosul ghid Michelin Guide<\/strong> (\u00een timp ce capitala Sofia nu are nici azi niciunul).<\/p>\n\n\n\n<figure data-wp-context=\"{&quot;imageId&quot;:&quot;6a9c36d1ddcec&quot;}\" data-wp-interactive=\"core\/image\" data-wp-key=\"6a9c36d1ddcec\" class=\"wp-block-image size-full wp-lightbox-container\"><img decoding=\"async\" width=\"1800\" height=\"1350\" data-wp-class--hide=\"state.isContentHidden\" data-wp-class--show=\"state.isContentVisible\" data-wp-init=\"callbacks.setButtonStyles\" data-wp-on--click=\"actions.showLightbox\" data-wp-on--load=\"callbacks.setButtonStyles\" data-wp-on--pointerdown=\"actions.preloadImage\" data-wp-on--pointerenter=\"actions.preloadImageWithDelay\" data-wp-on--pointerleave=\"actions.cancelPreload\" data-wp-on-window--resize=\"callbacks.setButtonStyles\" src=\"https:\/\/loudavymkrokem.cz\/wp-content\/uploads\/2026\/08\/bulharsko-research-varna-23-e2205d32.jpg\" alt=\"Masivul st\u00e2ncos de la Madara, unde este sculptat C\u0103l\u0103re\u021bul din Madara\" class=\"wp-image-407798\" title=\"\" srcset=\"https:\/\/loudavymkrokem.cz\/wp-content\/uploads\/2026\/08\/bulharsko-research-varna-23-e2205d32.jpg 1800w, https:\/\/loudavymkrokem.cz\/wp-content\/uploads\/2026\/08\/bulharsko-research-varna-23-e2205d32-300x225.jpg 300w, https:\/\/loudavymkrokem.cz\/wp-content\/uploads\/2026\/08\/bulharsko-research-varna-23-e2205d32-700x525.jpg 700w, https:\/\/loudavymkrokem.cz\/wp-content\/uploads\/2026\/08\/bulharsko-research-varna-23-e2205d32-768x576.jpg 768w, https:\/\/loudavymkrokem.cz\/wp-content\/uploads\/2026\/08\/bulharsko-research-varna-23-e2205d32-1536x1152.jpg 1536w, https:\/\/loudavymkrokem.cz\/wp-content\/uploads\/2026\/08\/bulharsko-research-varna-23-e2205d32-80x60.jpg 80w, https:\/\/loudavymkrokem.cz\/wp-content\/uploads\/2026\/08\/bulharsko-research-varna-23-e2205d32-160x120.jpg 160w, https:\/\/loudavymkrokem.cz\/wp-content\/uploads\/2026\/08\/bulharsko-research-varna-23-e2205d32-696x522.jpg 696w, https:\/\/loudavymkrokem.cz\/wp-content\/uploads\/2026\/08\/bulharsko-research-varna-23-e2205d32-1392x1044.jpg 1392w\" sizes=\"(max-width: 1800px) 100vw, 1800px\" \/><button\n\t\t\tclass=\"lightbox-trigger\"\n\t\t\ttype=\"button\"\n\t\t\taria-haspopup=\"dialog\"\n\t\t\tdata-wp-bind--aria-label=\"state.thisImage.triggerButtonAriaLabel\"\n\t\t\tdata-wp-init=\"callbacks.initTriggerButton\"\n\t\t\tdata-wp-on--click=\"actions.showLightbox\"\n\t\t\tdata-wp-style--right=\"state.thisImage.buttonRight\"\n\t\t\tdata-wp-style--top=\"state.thisImage.buttonTop\"\n\t\t>\n\t\t\t<svg xmlns=\"http:\/\/www.w3.org\/2000\/svg\" width=\"12\" height=\"12\" fill=\"none\" viewBox=\"0 0 12 12\">\n\t\t\t\t<path fill=\"#fff\" d=\"M2 0a2 2 0 0 0-2 2v2h1.5V2a.5.5 0 0 1 .5-.5h2V0H2Zm2 10.5H2a.5.5 0 0 1-.5-.5V8H0v2a2 2 0 0 0 2 2h2v-1.5ZM8 12v-1.5h2a.5.5 0 0 0 .5-.5V8H12v2a2 2 0 0 1-2 2H8Zm2-12a2 2 0 0 1 2 2v2h-1.5V2a.5.5 0 0 0-.5-.5H8V0h2Z\" \/>\n\t\t\t<\/svg>\n\t\t<\/button><figcaption class=\"wp-element-caption\">Foto: valeri mladenov (Google Maps)<\/figcaption><\/figure>\n\n\n\n<h2 class=\"wp-block-heading\"><span class=\"ez-toc-section\" id=\"Excursii_din_Varna\"><\/span>Excursii din Varna<span class=\"ez-toc-section-end\"><\/span><\/h2>\n\n\n\n<p class=\"wp-block-paragraph\">Odat\u0103 ce ai vizitat ora\u0219ul \u00een sine, merit\u0103 s\u0103 <strong>\u00eenchiriezi o ma\u0219in\u0103<\/strong>. \u00cemprejurimile Varnei ascund <strong>fenomene naturale \u0219i monumente<\/strong> care nu au egal \u00een Europa.<\/p>\n\n\n\n<figure data-wp-context=\"{&quot;imageId&quot;:&quot;6a9c36d1de153&quot;}\" data-wp-interactive=\"core\/image\" data-wp-key=\"6a9c36d1de153\" class=\"wp-block-image size-full wp-lightbox-container\"><img decoding=\"async\" width=\"1800\" height=\"1200\" data-wp-class--hide=\"state.isContentHidden\" data-wp-class--show=\"state.isContentVisible\" data-wp-init=\"callbacks.setButtonStyles\" data-wp-on--click=\"actions.showLightbox\" data-wp-on--load=\"callbacks.setButtonStyles\" data-wp-on--pointerdown=\"actions.preloadImage\" data-wp-on--pointerenter=\"actions.preloadImageWithDelay\" data-wp-on--pointerleave=\"actions.cancelPreload\" data-wp-on-window--resize=\"callbacks.setButtonStyles\" src=\"https:\/\/loudavymkrokem.cz\/wp-content\/uploads\/2026\/08\/bulharsko-research-varna-24-368732fd.jpg\" alt=\"Palatul \u0219i gr\u0103dina botanic\u0103 din Balcik\" class=\"wp-image-407799\" title=\"\" srcset=\"https:\/\/loudavymkrokem.cz\/wp-content\/uploads\/2026\/08\/bulharsko-research-varna-24-368732fd.jpg 1800w, https:\/\/loudavymkrokem.cz\/wp-content\/uploads\/2026\/08\/bulharsko-research-varna-24-368732fd-300x200.jpg 300w, https:\/\/loudavymkrokem.cz\/wp-content\/uploads\/2026\/08\/bulharsko-research-varna-24-368732fd-700x467.jpg 700w, https:\/\/loudavymkrokem.cz\/wp-content\/uploads\/2026\/08\/bulharsko-research-varna-24-368732fd-768x512.jpg 768w, https:\/\/loudavymkrokem.cz\/wp-content\/uploads\/2026\/08\/bulharsko-research-varna-24-368732fd-1536x1024.jpg 1536w, https:\/\/loudavymkrokem.cz\/wp-content\/uploads\/2026\/08\/bulharsko-research-varna-24-368732fd-696x464.jpg 696w, https:\/\/loudavymkrokem.cz\/wp-content\/uploads\/2026\/08\/bulharsko-research-varna-24-368732fd-1392x928.jpg 1392w\" sizes=\"(max-width: 1800px) 100vw, 1800px\" \/><button\n\t\t\tclass=\"lightbox-trigger\"\n\t\t\ttype=\"button\"\n\t\t\taria-haspopup=\"dialog\"\n\t\t\tdata-wp-bind--aria-label=\"state.thisImage.triggerButtonAriaLabel\"\n\t\t\tdata-wp-init=\"callbacks.initTriggerButton\"\n\t\t\tdata-wp-on--click=\"actions.showLightbox\"\n\t\t\tdata-wp-style--right=\"state.thisImage.buttonRight\"\n\t\t\tdata-wp-style--top=\"state.thisImage.buttonTop\"\n\t\t>\n\t\t\t<svg xmlns=\"http:\/\/www.w3.org\/2000\/svg\" width=\"12\" height=\"12\" fill=\"none\" viewBox=\"0 0 12 12\">\n\t\t\t\t<path fill=\"#fff\" d=\"M2 0a2 2 0 0 0-2 2v2h1.5V2a.5.5 0 0 1 .5-.5h2V0H2Zm2 10.5H2a.5.5 0 0 1-.5-.5V8H0v2a2 2 0 0 0 2 2h2v-1.5ZM8 12v-1.5h2a.5.5 0 0 0 .5-.5V8H12v2a2 2 0 0 1-2 2H8Zm2-12a2 2 0 0 1 2 2v2h-1.5V2a.5.5 0 0 0-.5-.5H8V0h2Z\" \/>\n\t\t\t<\/svg>\n\t\t<\/button><figcaption class=\"wp-element-caption\">Foto: Dan Kollmann, CC BY-SA 4.0 (Wikimedia Commons)<\/figcaption><\/figure>\n\n\n\n<h3 class=\"wp-block-heading\"><span class=\"ez-toc-section\" id=\"17_Palatul_si_gradinile_Balcik\"><\/span>17. Palatul \u0219i gr\u0103dinile Balcik<span class=\"ez-toc-section-end\"><\/span><\/h3>\n\n\n\n<p class=\"wp-block-paragraph\">La circa 40 de minute de mers spre nord de Varna se afl\u0103 fermec\u0103torul or\u0103\u0219el Balcik. Regina Maria a Rom\u00e2niei l-a \u00eendr\u0103git at\u00e2t de mult, \u00eenc\u00e2t \u0219i-a construit aici o re\u0219edin\u021b\u0103 de var\u0103, pe care o numea Cuibul Lini\u0219tit. Vila este \u00eenconjurat\u0103 de o gr\u0103din\u0103 botanic\u0103 absolut uimitoare, care coboar\u0103 \u00een terase p\u00e2n\u0103 la mare. Vasta ei colec\u021bie de cactu\u0219i este descris\u0103 \u00een ghiduri drept una dintre cele mai mari din Europa. \ud83d\udca1 <strong>Sfat:<\/strong> <strong>Nu exist\u0103 bilet combinat!<\/strong> Trebuie s\u0103 cumperi separat intrarea la palat (10 \u20ac) \u0219i separat la gr\u0103dini (10 \u20ac). Fii atent la reducerile pentru copii: \u00een timp ce la palat copiii intr\u0103 gratuit p\u00e2n\u0103 la 6 ani, gr\u0103dina \u00eei las\u0103 gratuit doar p\u00e2n\u0103 la 4 ani.<\/p>\n\n\n\n<figure data-wp-context=\"{&quot;imageId&quot;:&quot;6a9c36d1de563&quot;}\" data-wp-interactive=\"core\/image\" data-wp-key=\"6a9c36d1de563\" class=\"wp-block-image size-full wp-lightbox-container\"><img decoding=\"async\" width=\"1800\" height=\"1080\" data-wp-class--hide=\"state.isContentHidden\" data-wp-class--show=\"state.isContentVisible\" data-wp-init=\"callbacks.setButtonStyles\" data-wp-on--click=\"actions.showLightbox\" data-wp-on--load=\"callbacks.setButtonStyles\" data-wp-on--pointerdown=\"actions.preloadImage\" data-wp-on--pointerenter=\"actions.preloadImageWithDelay\" data-wp-on--pointerleave=\"actions.cancelPreload\" data-wp-on-window--resize=\"callbacks.setButtonStyles\" src=\"https:\/\/loudavymkrokem.cz\/wp-content\/uploads\/2026\/08\/bulharsko-research-varna-25-5c253189.jpg\" alt=\"St\u00e2ncile capului Kaliakra\" class=\"wp-image-407800\" title=\"\" srcset=\"https:\/\/loudavymkrokem.cz\/wp-content\/uploads\/2026\/08\/bulharsko-research-varna-25-5c253189.jpg 1800w, https:\/\/loudavymkrokem.cz\/wp-content\/uploads\/2026\/08\/bulharsko-research-varna-25-5c253189-300x180.jpg 300w, https:\/\/loudavymkrokem.cz\/wp-content\/uploads\/2026\/08\/bulharsko-research-varna-25-5c253189-700x420.jpg 700w, https:\/\/loudavymkrokem.cz\/wp-content\/uploads\/2026\/08\/bulharsko-research-varna-25-5c253189-768x461.jpg 768w, https:\/\/loudavymkrokem.cz\/wp-content\/uploads\/2026\/08\/bulharsko-research-varna-25-5c253189-1536x922.jpg 1536w, https:\/\/loudavymkrokem.cz\/wp-content\/uploads\/2026\/08\/bulharsko-research-varna-25-5c253189-696x418.jpg 696w, https:\/\/loudavymkrokem.cz\/wp-content\/uploads\/2026\/08\/bulharsko-research-varna-25-5c253189-1392x835.jpg 1392w\" sizes=\"(max-width: 1800px) 100vw, 1800px\" \/><button\n\t\t\tclass=\"lightbox-trigger\"\n\t\t\ttype=\"button\"\n\t\t\taria-haspopup=\"dialog\"\n\t\t\tdata-wp-bind--aria-label=\"state.thisImage.triggerButtonAriaLabel\"\n\t\t\tdata-wp-init=\"callbacks.initTriggerButton\"\n\t\t\tdata-wp-on--click=\"actions.showLightbox\"\n\t\t\tdata-wp-style--right=\"state.thisImage.buttonRight\"\n\t\t\tdata-wp-style--top=\"state.thisImage.buttonTop\"\n\t\t>\n\t\t\t<svg xmlns=\"http:\/\/www.w3.org\/2000\/svg\" width=\"12\" height=\"12\" fill=\"none\" viewBox=\"0 0 12 12\">\n\t\t\t\t<path fill=\"#fff\" d=\"M2 0a2 2 0 0 0-2 2v2h1.5V2a.5.5 0 0 1 .5-.5h2V0H2Zm2 10.5H2a.5.5 0 0 1-.5-.5V8H0v2a2 2 0 0 0 2 2h2v-1.5ZM8 12v-1.5h2a.5.5 0 0 0 .5-.5V8H12v2a2 2 0 0 1-2 2H8Zm2-12a2 2 0 0 1 2 2v2h-1.5V2a.5.5 0 0 0-.5-.5H8V0h2Z\" \/>\n\t\t\t<\/svg>\n\t\t<\/button><figcaption class=\"wp-element-caption\">Foto: Dan Kollmann, CC BY-SA 4.0 (Wikimedia Commons)<\/figcaption><\/figure>\n\n\n\n<h3 class=\"wp-block-heading\"><span class=\"ez-toc-section\" id=\"18_Capul_Kaliakra\"><\/span>18. Capul Kaliakra<span class=\"ez-toc-section-end\"><\/span><\/h3>\n\n\n\n<p class=\"wp-block-paragraph\">Pu\u021bin dincolo de Balcik, \u00een mare p\u0103trunde promontoriul st\u00e2ncos de doi kilometri al capului Kaliakra. St\u00e2ncile purpurii, \u00eenalte de p\u00e2n\u0103 la 70 de metri, cad vertical \u00een valuri, cre\u00e2nd astfel unul dintre cele mai fotogenice locuri de pe coasta bulgar\u0103. Locul are o istorie bogat\u0103, de la a\u0219ezarea trac\u0103 p\u00e2n\u0103 la statutul de capital\u0103 a Despotatului Dobrogei din Evul Mediu. Potrivit legendei, de pe aceste st\u00e2nci au s\u0103rit 40 de fecioare cu p\u0103rul legat \u00eentre ele, ca s\u0103 nu cad\u0103 \u00een robie otoman\u0103. \ud83d\udca1 <strong>Sfat:<\/strong> Intrarea \u00een incint\u0103 cost\u0103, potrivit vizitatorilor, aproximativ 3 \u20ac. F\u0103r\u0103 ma\u0219in\u0103 ajungi aici foarte greu, autobuzul merge din Varna doar p\u00e2n\u0103 la Kavarna, iar restul trebuie parcurs cu taxiul. \u021aine ochii deschi\u0219i, de pe st\u00e2nci se pot observa adesea delfini.<\/p>\n\n\n\n<figure data-wp-context=\"{&quot;imageId&quot;:&quot;6a9c36d1de99f&quot;}\" data-wp-interactive=\"core\/image\" data-wp-key=\"6a9c36d1de99f\" class=\"wp-block-image size-full wp-lightbox-container\"><img decoding=\"async\" width=\"1800\" height=\"1350\" data-wp-class--hide=\"state.isContentHidden\" data-wp-class--show=\"state.isContentVisible\" data-wp-init=\"callbacks.setButtonStyles\" data-wp-on--click=\"actions.showLightbox\" data-wp-on--load=\"callbacks.setButtonStyles\" data-wp-on--pointerdown=\"actions.preloadImage\" data-wp-on--pointerenter=\"actions.preloadImageWithDelay\" data-wp-on--pointerleave=\"actions.cancelPreload\" data-wp-on-window--resize=\"callbacks.setButtonStyles\" src=\"https:\/\/loudavymkrokem.cz\/wp-content\/uploads\/2026\/08\/bulharsko-research-varna-26-0919ed51.jpg\" alt=\"M\u0103n\u0103stirea rupestr\u0103 Aladja de l\u00e2ng\u0103 Varna\" class=\"wp-image-407801\" title=\"\" srcset=\"https:\/\/loudavymkrokem.cz\/wp-content\/uploads\/2026\/08\/bulharsko-research-varna-26-0919ed51.jpg 1800w, https:\/\/loudavymkrokem.cz\/wp-content\/uploads\/2026\/08\/bulharsko-research-varna-26-0919ed51-300x225.jpg 300w, https:\/\/loudavymkrokem.cz\/wp-content\/uploads\/2026\/08\/bulharsko-research-varna-26-0919ed51-700x525.jpg 700w, https:\/\/loudavymkrokem.cz\/wp-content\/uploads\/2026\/08\/bulharsko-research-varna-26-0919ed51-768x576.jpg 768w, https:\/\/loudavymkrokem.cz\/wp-content\/uploads\/2026\/08\/bulharsko-research-varna-26-0919ed51-1536x1152.jpg 1536w, https:\/\/loudavymkrokem.cz\/wp-content\/uploads\/2026\/08\/bulharsko-research-varna-26-0919ed51-80x60.jpg 80w, https:\/\/loudavymkrokem.cz\/wp-content\/uploads\/2026\/08\/bulharsko-research-varna-26-0919ed51-160x120.jpg 160w, https:\/\/loudavymkrokem.cz\/wp-content\/uploads\/2026\/08\/bulharsko-research-varna-26-0919ed51-696x522.jpg 696w, https:\/\/loudavymkrokem.cz\/wp-content\/uploads\/2026\/08\/bulharsko-research-varna-26-0919ed51-1392x1044.jpg 1392w\" sizes=\"(max-width: 1800px) 100vw, 1800px\" \/><button\n\t\t\tclass=\"lightbox-trigger\"\n\t\t\ttype=\"button\"\n\t\t\taria-haspopup=\"dialog\"\n\t\t\tdata-wp-bind--aria-label=\"state.thisImage.triggerButtonAriaLabel\"\n\t\t\tdata-wp-init=\"callbacks.initTriggerButton\"\n\t\t\tdata-wp-on--click=\"actions.showLightbox\"\n\t\t\tdata-wp-style--right=\"state.thisImage.buttonRight\"\n\t\t\tdata-wp-style--top=\"state.thisImage.buttonTop\"\n\t\t>\n\t\t\t<svg xmlns=\"http:\/\/www.w3.org\/2000\/svg\" width=\"12\" height=\"12\" fill=\"none\" viewBox=\"0 0 12 12\">\n\t\t\t\t<path fill=\"#fff\" d=\"M2 0a2 2 0 0 0-2 2v2h1.5V2a.5.5 0 0 1 .5-.5h2V0H2Zm2 10.5H2a.5.5 0 0 1-.5-.5V8H0v2a2 2 0 0 0 2 2h2v-1.5ZM8 12v-1.5h2a.5.5 0 0 0 .5-.5V8H12v2a2 2 0 0 1-2 2H8Zm2-12a2 2 0 0 1 2 2v2h-1.5V2a.5.5 0 0 0-.5-.5H8V0h2Z\" \/>\n\t\t\t<\/svg>\n\t\t<\/button><figcaption class=\"wp-element-caption\">Foto: Utilizator:\u021aetcu Mircea Rare\u0219 at ro.wikipedia, CC BY-SA 2.5 (Wikimedia Commons)<\/figcaption><\/figure>\n\n\n\n<h3 class=\"wp-block-heading\"><span class=\"ez-toc-section\" id=\"19_Manastirea_Aladja\"><\/span>19. M\u0103n\u0103stirea Aladja<span class=\"ez-toc-section-end\"><\/span><\/h3>\n\n\n\n<p class=\"wp-block-paragraph\">La doar 16 kilometri de Varna, \u00eentr-un perete de calcar \u00eenalt de 40 de metri, se ascunde o m\u0103n\u0103stire rupestr\u0103 medieval\u0103. \u00cen secolele XII\u2013XIV a tr\u0103it aici o comunitate monahal\u0103 isihast\u0103, care \u0219i-a s\u0103pat chiliile \u0219i paraclisele direct \u00een st\u00e2nc\u0103, pe dou\u0103 niveluri de \u00een\u0103l\u021bime. Numele provine dintr-un cuv\u00e2nt turcesc care \u00eenseamn\u0103 \u201epestri\u021b&#8221;, ceea ce face trimitere la frescele colorate, azi distruse. \ud83d\udca1 <strong>Sfat:<\/strong> Biletul cost\u0103 5 \u20ac. Dac\u0103 mergi la Varna iarna, taie aceast\u0103 excursie de pe list\u0103 \u2014 <strong>din decembrie p\u00e2n\u0103 \u00een februarie m\u0103n\u0103stirea este complet \u00eenchis\u0103<\/strong> pentru public.<\/p>\n\n\n\n<figure data-wp-context=\"{&quot;imageId&quot;:&quot;6a9c36d1dedc9&quot;}\" data-wp-interactive=\"core\/image\" data-wp-key=\"6a9c36d1dedc9\" class=\"wp-block-image size-full wp-lightbox-container\"><img decoding=\"async\" width=\"1800\" height=\"813\" data-wp-class--hide=\"state.isContentHidden\" data-wp-class--show=\"state.isContentVisible\" data-wp-init=\"callbacks.setButtonStyles\" data-wp-on--click=\"actions.showLightbox\" data-wp-on--load=\"callbacks.setButtonStyles\" data-wp-on--pointerdown=\"actions.preloadImage\" data-wp-on--pointerenter=\"actions.preloadImageWithDelay\" data-wp-on--pointerleave=\"actions.cancelPreload\" data-wp-on-window--resize=\"callbacks.setButtonStyles\" src=\"https:\/\/loudavymkrokem.cz\/wp-content\/uploads\/2026\/08\/bulharsko-research-varna-27-1a79dd3a.jpg\" alt=\"P\u0103durea de Piatr\u0103 Pobiti kamani de l\u00e2ng\u0103 Varna\" class=\"wp-image-407802\" title=\"\" srcset=\"https:\/\/loudavymkrokem.cz\/wp-content\/uploads\/2026\/08\/bulharsko-research-varna-27-1a79dd3a.jpg 1800w, https:\/\/loudavymkrokem.cz\/wp-content\/uploads\/2026\/08\/bulharsko-research-varna-27-1a79dd3a-300x136.jpg 300w, https:\/\/loudavymkrokem.cz\/wp-content\/uploads\/2026\/08\/bulharsko-research-varna-27-1a79dd3a-700x316.jpg 700w, https:\/\/loudavymkrokem.cz\/wp-content\/uploads\/2026\/08\/bulharsko-research-varna-27-1a79dd3a-768x347.jpg 768w, https:\/\/loudavymkrokem.cz\/wp-content\/uploads\/2026\/08\/bulharsko-research-varna-27-1a79dd3a-1536x694.jpg 1536w, https:\/\/loudavymkrokem.cz\/wp-content\/uploads\/2026\/08\/bulharsko-research-varna-27-1a79dd3a-696x314.jpg 696w, https:\/\/loudavymkrokem.cz\/wp-content\/uploads\/2026\/08\/bulharsko-research-varna-27-1a79dd3a-1392x629.jpg 1392w\" sizes=\"(max-width: 1800px) 100vw, 1800px\" \/><button\n\t\t\tclass=\"lightbox-trigger\"\n\t\t\ttype=\"button\"\n\t\t\taria-haspopup=\"dialog\"\n\t\t\tdata-wp-bind--aria-label=\"state.thisImage.triggerButtonAriaLabel\"\n\t\t\tdata-wp-init=\"callbacks.initTriggerButton\"\n\t\t\tdata-wp-on--click=\"actions.showLightbox\"\n\t\t\tdata-wp-style--right=\"state.thisImage.buttonRight\"\n\t\t\tdata-wp-style--top=\"state.thisImage.buttonTop\"\n\t\t>\n\t\t\t<svg xmlns=\"http:\/\/www.w3.org\/2000\/svg\" width=\"12\" height=\"12\" fill=\"none\" viewBox=\"0 0 12 12\">\n\t\t\t\t<path fill=\"#fff\" d=\"M2 0a2 2 0 0 0-2 2v2h1.5V2a.5.5 0 0 1 .5-.5h2V0H2Zm2 10.5H2a.5.5 0 0 1-.5-.5V8H0v2a2 2 0 0 0 2 2h2v-1.5ZM8 12v-1.5h2a.5.5 0 0 0 .5-.5V8H12v2a2 2 0 0 1-2 2H8Zm2-12a2 2 0 0 1 2 2v2h-1.5V2a.5.5 0 0 0-.5-.5H8V0h2Z\" \/>\n\t\t\t<\/svg>\n\t\t<\/button><figcaption class=\"wp-element-caption\">Foto: Diego Delso, CC BY-SA 4.0 (Wikimedia Commons)<\/figcaption><\/figure>\n\n\n\n<h3 class=\"wp-block-heading\"><span class=\"ez-toc-section\" id=\"20_Pobiti_kamani_si_Calaretul_din_Madara\"><\/span>20. Pobiti kamani \u0219i C\u0103l\u0103re\u021bul din Madara<span class=\"ez-toc-section-end\"><\/span><\/h3>\n\n\n\n<p class=\"wp-block-paragraph\">La aproximativ dou\u0103zeci de minute de mers spre interiorul \u021b\u0103rii dai peste P\u0103durea de Piatr\u0103 (Pobiti kamani). Din peisajul mai uscat \u0219i nisipos ies aici sute de coloane de piatr\u0103, \u00eenalte de p\u00e2n\u0103 la 6 metri. Cum s-au format exact, nu \u0219tie nimeni cu certitudine nici azi, dar cercet\u0103rile moderne \u00eenclin\u0103 spre teoria c\u0103 este vorba de co\u0219uri pietrificate ale unei str\u0103vechi emana\u021bii de metan de pe fundul m\u0103rii. Biletul cost\u0103 3 \u20ac. \ud83d\udca1 <strong>Sfat pentru o excursie de o zi:<\/strong> Dac\u0103 ai ma\u0219in\u0103, combin\u0103 Pobiti kamani cu o vizit\u0103 la <strong>C\u0103l\u0103re\u021bul din Madara<\/strong> (cca 75 km de Varna). Acest relief medieval unic, sculptat la 23 de metri \u00een\u0103l\u021bime \u00een st\u00e2nc\u0103, este protejat de UNESCO, iar spre el duce o urcare de aproximativ o sut\u0103 de metri diferen\u021b\u0103 de nivel, pe sc\u0103ri. Biletul se \u00eenv\u00e2rte \u00een jurul a 3,58 \u20ac.<\/p>\n\n\n\n<figure data-wp-context=\"{&quot;imageId&quot;:&quot;6a9c36d1df1f1&quot;}\" data-wp-interactive=\"core\/image\" data-wp-key=\"6a9c36d1df1f1\" class=\"wp-block-image size-full wp-lightbox-container\"><img decoding=\"async\" width=\"1800\" height=\"1014\" data-wp-class--hide=\"state.isContentHidden\" data-wp-class--show=\"state.isContentVisible\" data-wp-init=\"callbacks.setButtonStyles\" data-wp-on--click=\"actions.showLightbox\" data-wp-on--load=\"callbacks.setButtonStyles\" data-wp-on--pointerdown=\"actions.preloadImage\" data-wp-on--pointerenter=\"actions.preloadImageWithDelay\" data-wp-on--pointerleave=\"actions.cancelPreload\" data-wp-on-window--resize=\"callbacks.setButtonStyles\" src=\"https:\/\/loudavymkrokem.cz\/wp-content\/uploads\/2026\/08\/bulharsko-research-varna-28-8417c058.jpg\" alt=\"Salata \u0219opska, un clasic al buc\u0103t\u0103riei bulgare\" class=\"wp-image-407803\" title=\"\" srcset=\"https:\/\/loudavymkrokem.cz\/wp-content\/uploads\/2026\/08\/bulharsko-research-varna-28-8417c058.jpg 1800w, https:\/\/loudavymkrokem.cz\/wp-content\/uploads\/2026\/08\/bulharsko-research-varna-28-8417c058-300x169.jpg 300w, https:\/\/loudavymkrokem.cz\/wp-content\/uploads\/2026\/08\/bulharsko-research-varna-28-8417c058-700x394.jpg 700w, https:\/\/loudavymkrokem.cz\/wp-content\/uploads\/2026\/08\/bulharsko-research-varna-28-8417c058-768x433.jpg 768w, https:\/\/loudavymkrokem.cz\/wp-content\/uploads\/2026\/08\/bulharsko-research-varna-28-8417c058-1536x865.jpg 1536w, https:\/\/loudavymkrokem.cz\/wp-content\/uploads\/2026\/08\/bulharsko-research-varna-28-8417c058-696x392.jpg 696w, https:\/\/loudavymkrokem.cz\/wp-content\/uploads\/2026\/08\/bulharsko-research-varna-28-8417c058-1392x784.jpg 1392w\" sizes=\"(max-width: 1800px) 100vw, 1800px\" \/><button\n\t\t\tclass=\"lightbox-trigger\"\n\t\t\ttype=\"button\"\n\t\t\taria-haspopup=\"dialog\"\n\t\t\tdata-wp-bind--aria-label=\"state.thisImage.triggerButtonAriaLabel\"\n\t\t\tdata-wp-init=\"callbacks.initTriggerButton\"\n\t\t\tdata-wp-on--click=\"actions.showLightbox\"\n\t\t\tdata-wp-style--right=\"state.thisImage.buttonRight\"\n\t\t\tdata-wp-style--top=\"state.thisImage.buttonTop\"\n\t\t>\n\t\t\t<svg xmlns=\"http:\/\/www.w3.org\/2000\/svg\" width=\"12\" height=\"12\" fill=\"none\" viewBox=\"0 0 12 12\">\n\t\t\t\t<path fill=\"#fff\" d=\"M2 0a2 2 0 0 0-2 2v2h1.5V2a.5.5 0 0 1 .5-.5h2V0H2Zm2 10.5H2a.5.5 0 0 1-.5-.5V8H0v2a2 2 0 0 0 2 2h2v-1.5ZM8 12v-1.5h2a.5.5 0 0 0 .5-.5V8H12v2a2 2 0 0 1-2 2H8Zm2-12a2 2 0 0 1 2 2v2h-1.5V2a.5.5 0 0 0-.5-.5H8V0h2Z\" \/>\n\t\t\t<\/svg>\n\t\t<\/button><figcaption class=\"wp-element-caption\">Foto: Viktorija N. Ivanov, CC BY-SA 4.0 (Wikimedia Commons)<\/figcaption><\/figure>\n\n\n\n<h2 class=\"wp-block-heading\"><span class=\"ez-toc-section\" id=\"Unde_mananci_in_Varna\"><\/span>Unde m\u0103n\u00e2nci \u00een Varna<span class=\"ez-toc-section-end\"><\/span><\/h2>\n\n\n\n<p class=\"wp-block-paragraph\">Gastronomia din Varna este excelent\u0103, dar trebuie s\u0103 \u0219tii unde s\u0103 mergi. Un pariu sigur pe termen lung pentru iubitorii de m\u00e2ncare de calitate este <strong>lan\u021bul de restaurante Starija Cinar<\/strong>. Au cinci filiale prin ora\u0219 (foarte bine cotate sunt cele de la Port Varna sau Cerno More) \u0219i ofer\u0103 un raport calitate-pre\u021b perfect. Dac\u0103 vrei s\u0103 m\u0103n\u00e2nci exact acolo unde merg localnicii din Cartierul Grecesc istoric, \u00eendreapt\u0103-te spre <strong>localul de familie Erato<\/strong>, unde m\u0103n\u00e2nci cu p\u00e2n\u0103 \u00een 15 euro. Pentru cafea \u0219i mic dejun au recenzii excelente cafenelele Blend Coffee \u0219i Stretto.<\/p>\n\n\n\n<p class=\"wp-block-paragraph\"><strong>Pentru vegetarieni, buc\u0103t\u0103ria bulgar\u0103 este destul de prietenoas\u0103, dac\u0103 \u0219tii ce s\u0103 comanzi.<\/strong> Caut\u0103 clasicele: <strong>salata \u0219opska, supa rece de castrave\u021bi tarator, br\u00e2nza sirene la cuptor po \u0219opski, ghiveciul de legume mi\u0219-ma\u0219 sau kiopoolu din vinete<\/strong>. Restaurantul Starija Cinar are chiar pe meniu o sec\u021biune separat\u0103 de feluri f\u0103r\u0103 carne, unde g\u0103se\u0219ti ardei buiurdi excelen\u021bi umplu\u021bi cu br\u00e2nz\u0103 sau risotto. Un pariu pur vegetarian \u00een centrul Varnei sunt apoi localurile <strong>SUPA<\/strong> sau <strong>Jiva priroda<\/strong>. \u00cen schimb, restaurantul vegan Vege Joy, recomandat c\u00e2ndva, este deja \u00eenchis definitiv.<\/p>\n\n\n\n<p class=\"wp-block-paragraph\"><strong>Capcane gastronomice pentru vegetarieni:<\/strong> Nu te l\u0103sa \u00een\u0219elat de denumiri! <strong>Tarama<\/strong> sun\u0103 apetisant, dar este o past\u0103 din icre de pe\u0219te. <strong>Salata ovciarska<\/strong> arat\u0103 ca o salat\u0103 nevinovat\u0103, dar con\u021bine \u00eentotdeauna sl\u0103nin\u0103. Cunoscuta <strong>musaka<\/strong> balcanic\u0103, pr\u0103jiturelele la cuptor <strong>princesi<\/strong> \u0219i tradi\u021bionala <strong>drob sarma<\/strong> sunt mereu cu carne sau organe, iar versiunile lor vegetariene practic nu se fac \u00een mehanele obi\u0219nuite.<\/p>\n\n\n\n<figure data-wp-context=\"{&quot;imageId&quot;:&quot;6a9c36d1df6a0&quot;}\" data-wp-interactive=\"core\/image\" data-wp-key=\"6a9c36d1df6a0\" class=\"wp-block-image size-full wp-lightbox-container\"><img decoding=\"async\" width=\"1800\" height=\"1199\" data-wp-class--hide=\"state.isContentHidden\" data-wp-class--show=\"state.isContentVisible\" data-wp-init=\"callbacks.setButtonStyles\" data-wp-on--click=\"actions.showLightbox\" data-wp-on--load=\"callbacks.setButtonStyles\" data-wp-on--pointerdown=\"actions.preloadImage\" data-wp-on--pointerenter=\"actions.preloadImageWithDelay\" data-wp-on--pointerleave=\"actions.cancelPreload\" data-wp-on-window--resize=\"callbacks.setButtonStyles\" src=\"https:\/\/loudavymkrokem.cz\/wp-content\/uploads\/2026\/08\/bulharsko-research-varna-29-7619f99e.jpg\" alt=\"Camer\u0103 \u00een Grand Hotel London din Varna\" class=\"wp-image-407804\" title=\"\" srcset=\"https:\/\/loudavymkrokem.cz\/wp-content\/uploads\/2026\/08\/bulharsko-research-varna-29-7619f99e.jpg 1800w, https:\/\/loudavymkrokem.cz\/wp-content\/uploads\/2026\/08\/bulharsko-research-varna-29-7619f99e-300x200.jpg 300w, https:\/\/loudavymkrokem.cz\/wp-content\/uploads\/2026\/08\/bulharsko-research-varna-29-7619f99e-700x466.jpg 700w, https:\/\/loudavymkrokem.cz\/wp-content\/uploads\/2026\/08\/bulharsko-research-varna-29-7619f99e-768x512.jpg 768w, https:\/\/loudavymkrokem.cz\/wp-content\/uploads\/2026\/08\/bulharsko-research-varna-29-7619f99e-1536x1023.jpg 1536w, https:\/\/loudavymkrokem.cz\/wp-content\/uploads\/2026\/08\/bulharsko-research-varna-29-7619f99e-696x464.jpg 696w, https:\/\/loudavymkrokem.cz\/wp-content\/uploads\/2026\/08\/bulharsko-research-varna-29-7619f99e-1392x927.jpg 1392w\" sizes=\"(max-width: 1800px) 100vw, 1800px\" \/><button\n\t\t\tclass=\"lightbox-trigger\"\n\t\t\ttype=\"button\"\n\t\t\taria-haspopup=\"dialog\"\n\t\t\tdata-wp-bind--aria-label=\"state.thisImage.triggerButtonAriaLabel\"\n\t\t\tdata-wp-init=\"callbacks.initTriggerButton\"\n\t\t\tdata-wp-on--click=\"actions.showLightbox\"\n\t\t\tdata-wp-style--right=\"state.thisImage.buttonRight\"\n\t\t\tdata-wp-style--top=\"state.thisImage.buttonTop\"\n\t\t>\n\t\t\t<svg xmlns=\"http:\/\/www.w3.org\/2000\/svg\" width=\"12\" height=\"12\" fill=\"none\" viewBox=\"0 0 12 12\">\n\t\t\t\t<path fill=\"#fff\" d=\"M2 0a2 2 0 0 0-2 2v2h1.5V2a.5.5 0 0 1 .5-.5h2V0H2Zm2 10.5H2a.5.5 0 0 1-.5-.5V8H0v2a2 2 0 0 0 2 2h2v-1.5ZM8 12v-1.5h2a.5.5 0 0 0 .5-.5V8H12v2a2 2 0 0 1-2 2H8Zm2-12a2 2 0 0 1 2 2v2h-1.5V2a.5.5 0 0 0-.5-.5H8V0h2Z\" \/>\n\t\t\t<\/svg>\n\t\t<\/button><figcaption class=\"wp-element-caption\">Foto: Grand Hotel London (Google Maps)<\/figcaption><\/figure>\n\n\n\n<h2 class=\"wp-block-heading\"><span class=\"ez-toc-section\" id=\"Cazare_in_Varna_Bulgaria\"><\/span>Cazare \u00een Varna, Bulgaria<span class=\"ez-toc-section-end\"><\/span><\/h2>\n\n\n\n<p class=\"wp-block-paragraph\"><em>\ud83d\udca1 Sfat pentru cazare \u0219i experien\u021be: Cazarea din zon\u0103 <a href=\"https:\/\/www.stay22.com\/allez\/roam?aid=lukaskonecny&#038;campaign=loudavymkrokemcz&#038;address=Varna\" target=\"_blank\" rel=\"nofollow noopener sponsored\">o compar\u0103m aici<\/a>, ca s\u0103 se vad\u0103 ce este liber \u0219i la ce pre\u021b. Prefer\u0103m s\u0103 c\u0103ut\u0103m cazarea pe <a href=\"https:\/\/www.booking.com\/searchresults.html?ss=Varna&#038;aid=2397601\" target=\"_blank\" rel=\"nofollow noopener sponsored\">Booking.com<\/a>, unde de obicei sunt cele mai bune condi\u021bii de anulare. Biletele, excursiile \u0219i activit\u0103\u021bile merit\u0103 apoi comparate \u0219i cump\u0103rate prin <a href=\"https:\/\/www.getyourguide.com\/s\/?q=Varna&#038;partner_id=MKZ64IS\" target=\"_blank\" rel=\"nofollow noopener sponsored\">GetYourGuide<\/a>.<\/em><\/p>\n\n\n\n<p class=\"wp-block-paragraph\">C\u00e2nd <strong>alegi cazarea \u00een Varna, Bulgaria<\/strong>, trebuie s\u0103 \u00ee\u021bi l\u0103mure\u0219ti ce a\u0219tep\u021bi de la sejur. Iat\u0103 o scurt\u0103 prezentare a <strong>celor mai bune zone<\/strong>:<\/p>\n\n\n\n<ul class=\"wp-block-list\">\n\n<li><strong>Cartierul Grecesc (Gr\u0103cka mahala):<\/strong> Cea mai veche parte a ora\u0219ului. E\u0219ti la c\u00e2teva sute de metri de plaj\u0103 \u0219i ai aici cel mai bun raport calitate-pre\u021b la gastronomie. Minusul sunt barurile deschise p\u00e2n\u0103 \u00een zori. Ideal pentru cupluri \u0219i pasiona\u021bi de m\u00e2ncare.<\/li>\n\n\n\n<li><strong>Zona catedralei:<\/strong> Un centru mai animat, dar ai totul la distan\u021b\u0103 de mers pe jos. Excelent pentru prima vizit\u0103.<\/li>\n\n\n\n<li><strong>Ciaika:<\/strong> Cartier verde, pu\u021bin mai departe de centru, foarte aproape de delfinariu \u0219i de Gr\u0103dina M\u0103rii. Zon\u0103 lini\u0219tit\u0103 cu apartamente moderne, ideal\u0103 pentru familii cu copii.<\/li>\n\n\n\n<li><strong>Asparuhovo:<\/strong> Cazare mai ieftin\u0103 peste pod, plaj\u0103 uria\u0219\u0103 \u0219i lini\u0219tit\u0103 \u0219i restaurante de pe\u0219te excelente. Potrivit pentru cei care au venit cu ma\u0219ina.<\/li>\n\n\n<\/ul>\n\n\n\n<p class=\"wp-block-paragraph\"><strong>Sfaturi concrete pentru cazare:<\/strong> Dac\u0103 e\u0219ti \u00een c\u0103utarea v\u00e2rfului absolut, cu cel mai bun rating \u0219i cea mai bun\u0103 pozi\u021bie, alege <strong><a href=\"https:\/\/www.stay22.com\/allez\/roam?aid=lukaskonecny&#038;campaign=loudavymkrokemcz&#038;campaign=varna&#038;hotelname=Modus%20Hotel&#038;address=Varna%2C%20Bulharsko\" target=\"_blank\" rel=\"noopener nofollow sponsored\">Modus Hotel<\/a><\/strong>, chiar \u00een Cartierul Grecesc. P\u00e2n\u0103 la Gr\u0103dina M\u0103rii ai 130 de metri, iar plaja e pu\u021bin mai \u00eencolo. Iubitorii de istorie vor aprecia <strong><a href=\"https:\/\/www.stay22.com\/allez\/roam?aid=lukaskonecny&#038;campaign=loudavymkrokemcz&#038;campaign=varna&#038;hotelname=Grand%20Hotel%20London&#038;address=Varna%2C%20Bulharsko\" target=\"_blank\" rel=\"noopener nofollow sponsored\">Grand Hotel London<\/a><\/strong>, o cl\u0103dire superb\u0103 \u00een stil secession din 1912, chiar \u00een centru (dar \u021bine cont de sc\u0103ri). Dac\u0103 e\u0219ti \u00een c\u0103utarea unei c\u0103i de mijloc cu priveli\u0219te, uria\u0219ul <strong><a href=\"https:\/\/www.stay22.com\/allez\/roam?aid=lukaskonecny&#038;campaign=loudavymkrokemcz&#038;campaign=varna&#038;hotelname=Hotel%20Cherno%20More&#038;address=Varna%2C%20Bulharsko\" target=\"_blank\" rel=\"noopener nofollow sponsored\">Hotel Cherno More<\/a><\/strong> ofer\u0103 balcoane cu vedere la mare \u0219i se afl\u0103 chiar la intrarea \u00een parc. Cine vrea s\u0103 fie c\u00e2t mai aproape de monumente, se cazeaz\u0103 la <strong><a href=\"https:\/\/www.stay22.com\/allez\/roam?aid=lukaskonecny&#038;campaign=loudavymkrokemcz&#038;campaign=varna&#038;hotelname=Boutique%20Splendid&#038;address=Varna%2C%20Bulharsko\" target=\"_blank\" rel=\"noopener nofollow sponsored\">Boutique Splendid<\/a><\/strong>, aflat la sub o sut\u0103 de metri de catedral\u0103. Pentru c\u0103l\u0103torii cu buget redus, \u00een centru este foarte bine cotat <strong><a href=\"https:\/\/www.stay22.com\/allez\/roam?aid=lukaskonecny&#038;campaign=loudavymkrokemcz&#038;campaign=varna&#038;hotelname=Nomado%20hostel&#038;address=Varna%2C%20Bulharsko\" target=\"_blank\" rel=\"noopener nofollow sponsored\">Nomado hostel<\/a><\/strong>.<\/p>\n\n\n\n<figure data-wp-context=\"{&quot;imageId&quot;:&quot;6a9c36d1dfc6d&quot;}\" data-wp-interactive=\"core\/image\" data-wp-key=\"6a9c36d1dfc6d\" class=\"wp-block-image size-full wp-lightbox-container\"><img decoding=\"async\" width=\"1800\" height=\"1190\" data-wp-class--hide=\"state.isContentHidden\" data-wp-class--show=\"state.isContentVisible\" data-wp-init=\"callbacks.setButtonStyles\" data-wp-on--click=\"actions.showLightbox\" data-wp-on--load=\"callbacks.setButtonStyles\" data-wp-on--pointerdown=\"actions.preloadImage\" data-wp-on--pointerenter=\"actions.preloadImageWithDelay\" data-wp-on--pointerleave=\"actions.cancelPreload\" data-wp-on-window--resize=\"callbacks.setButtonStyles\" src=\"https:\/\/loudavymkrokem.cz\/wp-content\/uploads\/2026\/08\/bulharsko-research-varna-30-0ccc3d89.jpg\" alt=\"Apus de soare peste plajele din Varna\" class=\"wp-image-407805\" title=\"\" srcset=\"https:\/\/loudavymkrokem.cz\/wp-content\/uploads\/2026\/08\/bulharsko-research-varna-30-0ccc3d89.jpg 1800w, https:\/\/loudavymkrokem.cz\/wp-content\/uploads\/2026\/08\/bulharsko-research-varna-30-0ccc3d89-300x198.jpg 300w, https:\/\/loudavymkrokem.cz\/wp-content\/uploads\/2026\/08\/bulharsko-research-varna-30-0ccc3d89-700x463.jpg 700w, https:\/\/loudavymkrokem.cz\/wp-content\/uploads\/2026\/08\/bulharsko-research-varna-30-0ccc3d89-768x508.jpg 768w, https:\/\/loudavymkrokem.cz\/wp-content\/uploads\/2026\/08\/bulharsko-research-varna-30-0ccc3d89-1536x1015.jpg 1536w, https:\/\/loudavymkrokem.cz\/wp-content\/uploads\/2026\/08\/bulharsko-research-varna-30-0ccc3d89-696x460.jpg 696w, https:\/\/loudavymkrokem.cz\/wp-content\/uploads\/2026\/08\/bulharsko-research-varna-30-0ccc3d89-1392x920.jpg 1392w\" sizes=\"(max-width: 1800px) 100vw, 1800px\" \/><button\n\t\t\tclass=\"lightbox-trigger\"\n\t\t\ttype=\"button\"\n\t\t\taria-haspopup=\"dialog\"\n\t\t\tdata-wp-bind--aria-label=\"state.thisImage.triggerButtonAriaLabel\"\n\t\t\tdata-wp-init=\"callbacks.initTriggerButton\"\n\t\t\tdata-wp-on--click=\"actions.showLightbox\"\n\t\t\tdata-wp-style--right=\"state.thisImage.buttonRight\"\n\t\t\tdata-wp-style--top=\"state.thisImage.buttonTop\"\n\t\t>\n\t\t\t<svg xmlns=\"http:\/\/www.w3.org\/2000\/svg\" width=\"12\" height=\"12\" fill=\"none\" viewBox=\"0 0 12 12\">\n\t\t\t\t<path fill=\"#fff\" d=\"M2 0a2 2 0 0 0-2 2v2h1.5V2a.5.5 0 0 1 .5-.5h2V0H2Zm2 10.5H2a.5.5 0 0 1-.5-.5V8H0v2a2 2 0 0 0 2 2h2v-1.5ZM8 12v-1.5h2a.5.5 0 0 0 .5-.5V8H12v2a2 2 0 0 1-2 2H8Zm2-12a2 2 0 0 1 2 2v2h-1.5V2a.5.5 0 0 0-.5-.5H8V0h2Z\" \/>\n\t\t\t<\/svg>\n\t\t<\/button><figcaption class=\"wp-element-caption\">Foto: Alex Yosifov, CC BY-SA 2.0 (Wikimedia Commons)<\/figcaption><\/figure>\n\n\n\n<p class=\"wp-block-paragraph\">\ud83d\udc49 <a href=\"https:\/\/www.stay22.com\/allez\/roam?aid=lukaskonecny&#038;campaign=loudavymkrokemcz&#038;campaign=varna&#038;address=Varna%2C%20Bulharsko\" target=\"_blank\" rel=\"nofollow noopener\"><strong>Compar\u0103 pre\u021burile de cazare din Varna<\/strong><\/a><\/p>\n\n\n\n<h2 class=\"wp-block-heading\"><span class=\"ez-toc-section\" id=\"Cand_sa_mergi_la_Varna_vremea_in_Bulgaria\"><\/span>C\u00e2nd s\u0103 mergi la Varna: vremea \u00een Bulgaria<span class=\"ez-toc-section-end\"><\/span><\/h2>\n\n\n\n<p class=\"wp-block-paragraph\">Varna are o clim\u0103 clasic\u0103 de Mare Neagr\u0103. Verile sunt fierbin\u021bi, iar iernile bl\u00e2nde, de\u0219i v\u00e2ntoase. <strong>August este statistic cea mai uscat\u0103 \u0219i cea mai \u00eensorit\u0103 lun\u0103 din an<\/strong> (doar 3 zile ploioase \u0219i, \u00een medie, peste 318 ore de soare). Marea se \u00eenc\u0103lze\u0219te \u00een august la o valoare minunat\u0103 de 24,8 \u00b0C. \u00cen schimb, cel mai mult plou\u0103 \u00een octombrie.<\/p>\n\n\n\n<figure class=\"wp-block-table\"><table><thead><tr><th>Luna<\/th><th>Temp. max. medie (\u00b0C)<\/th><th>Precipita\u021bii (mm)<\/th><\/tr><\/thead><tbody><tr><td>Mai<\/td><td>21,2<\/td><td>38<\/td><\/tr><tr><td>Iunie<\/td><td>26,1<\/td><td>52<\/td><\/tr><tr><td>Iulie<\/td><td>28,9<\/td><td>48<\/td><\/tr><tr><td>August<\/td><td>29,4<\/td><td>29<\/td><\/tr><tr><td>Septembrie<\/td><td>24,8<\/td><td>49<\/td><\/tr><tr><td>Octombrie<\/td><td>19,0<\/td><td>56<\/td><\/tr><\/tbody><\/table><\/figure>\n\n\n\n<p class=\"wp-block-paragraph\">Vara la Varna st\u0103 sub semnul culturii. \u00cen 2026, cel mai vechi festival muzical din Bulgaria \u2014 Vara de la Varna \u2014 \u00ee\u0219i s\u0103rb\u0103tore\u0219te <strong>a 100-a aniversare<\/strong>. Din iunie p\u00e2n\u0103 \u00een octombrie au loc concerte de muzic\u0103 clasic\u0103 \u00een curtea Muzeului Arheologic \u0219i la oper\u0103. \u00cen august se \u021bine renumitul festival de jazz, iar chiar pe 15 august cade <strong>Ziua Varnei<\/strong>, care culmineaz\u0103 cu un foc de artificii la ora 23:00. (Aten\u021bie: celebrul Concurs Interna\u021bional de Balet nu a avut loc \u00een 2026, dup\u0103 o lung\u0103 pauz\u0103 s-a anun\u021bat doar reluarea sa viitoare, f\u0103r\u0103 o dat\u0103 concret\u0103.)<\/p>\n\n\n\n<figure data-wp-context=\"{&quot;imageId&quot;:&quot;6a9c36d1e017e&quot;}\" data-wp-interactive=\"core\/image\" data-wp-key=\"6a9c36d1e017e\" class=\"wp-block-image size-full wp-lightbox-container\"><img decoding=\"async\" width=\"1800\" height=\"1012\" data-wp-class--hide=\"state.isContentHidden\" data-wp-class--show=\"state.isContentVisible\" data-wp-init=\"callbacks.setButtonStyles\" data-wp-on--click=\"actions.showLightbox\" data-wp-on--load=\"callbacks.setButtonStyles\" data-wp-on--pointerdown=\"actions.preloadImage\" data-wp-on--pointerenter=\"actions.preloadImageWithDelay\" data-wp-on--pointerleave=\"actions.cancelPreload\" data-wp-on-window--resize=\"callbacks.setButtonStyles\" src=\"https:\/\/loudavymkrokem.cz\/wp-content\/uploads\/2026\/08\/bulharsko-research-varna-31-3a8e6131.jpg\" alt=\"Coasta \u00eenghe\u021bat\u0103 din Varna iarna\" class=\"wp-image-407806\" title=\"\" srcset=\"https:\/\/loudavymkrokem.cz\/wp-content\/uploads\/2026\/08\/bulharsko-research-varna-31-3a8e6131.jpg 1800w, https:\/\/loudavymkrokem.cz\/wp-content\/uploads\/2026\/08\/bulharsko-research-varna-31-3a8e6131-300x169.jpg 300w, https:\/\/loudavymkrokem.cz\/wp-content\/uploads\/2026\/08\/bulharsko-research-varna-31-3a8e6131-700x394.jpg 700w, https:\/\/loudavymkrokem.cz\/wp-content\/uploads\/2026\/08\/bulharsko-research-varna-31-3a8e6131-768x432.jpg 768w, https:\/\/loudavymkrokem.cz\/wp-content\/uploads\/2026\/08\/bulharsko-research-varna-31-3a8e6131-1536x864.jpg 1536w, https:\/\/loudavymkrokem.cz\/wp-content\/uploads\/2026\/08\/bulharsko-research-varna-31-3a8e6131-696x391.jpg 696w, https:\/\/loudavymkrokem.cz\/wp-content\/uploads\/2026\/08\/bulharsko-research-varna-31-3a8e6131-1392x783.jpg 1392w\" sizes=\"(max-width: 1800px) 100vw, 1800px\" \/><button\n\t\t\tclass=\"lightbox-trigger\"\n\t\t\ttype=\"button\"\n\t\t\taria-haspopup=\"dialog\"\n\t\t\tdata-wp-bind--aria-label=\"state.thisImage.triggerButtonAriaLabel\"\n\t\t\tdata-wp-init=\"callbacks.initTriggerButton\"\n\t\t\tdata-wp-on--click=\"actions.showLightbox\"\n\t\t\tdata-wp-style--right=\"state.thisImage.buttonRight\"\n\t\t\tdata-wp-style--top=\"state.thisImage.buttonTop\"\n\t\t>\n\t\t\t<svg xmlns=\"http:\/\/www.w3.org\/2000\/svg\" width=\"12\" height=\"12\" fill=\"none\" viewBox=\"0 0 12 12\">\n\t\t\t\t<path fill=\"#fff\" d=\"M2 0a2 2 0 0 0-2 2v2h1.5V2a.5.5 0 0 1 .5-.5h2V0H2Zm2 10.5H2a.5.5 0 0 1-.5-.5V8H0v2a2 2 0 0 0 2 2h2v-1.5ZM8 12v-1.5h2a.5.5 0 0 0 .5-.5V8H12v2a2 2 0 0 1-2 2H8Zm2-12a2 2 0 0 1 2 2v2h-1.5V2a.5.5 0 0 0-.5-.5H8V0h2Z\" \/>\n\t\t\t<\/svg>\n\t\t<\/button><figcaption class=\"wp-element-caption\">Foto: Shtilian Shterev, CC BY-SA 3.0 (Wikimedia Commons)<\/figcaption><\/figure>\n\n\n\n<h3 class=\"wp-block-heading\"><span class=\"ez-toc-section\" id=\"Varna_in_afara_sezonului\"><\/span>Varna \u00een afara sezonului<span class=\"ez-toc-section-end\"><\/span><\/h3>\n\n\n\n<p class=\"wp-block-paragraph\">Spre deosebire de sta\u021biunile artificiale de tipul Sunny Beach, <strong>Varna nu doarme iarna<\/strong>. Este un ora\u0219 func\u021bional. Delfinariul, acvariul \u0219i gr\u0103dina zoologic\u0103 r\u0103m\u00e2n deschise tot anul (de\u0219i cu program redus). \ud83d\udca1 <strong>Un sfat important de iarn\u0103 pentru muzee:<\/strong> Institu\u021biile principale, precum Muzeul Arheologic sau Termele romane, sunt de obicei \u00eenchise iarna duminica \u0219i lunea. \u00cen schimb, Muzeul Etnografic \u0219i Muzeul de Istorie al Varnei sunt <strong>\u00eenchise iarna \u00een weekend \u0219i func\u021bioneaz\u0103 doar \u00een zilele lucr\u0103toare!<\/strong> Baia de iarn\u0103 o asigur\u0103 piscinele termale de la Sf. Constantin sau izvorul cald natural de l\u00e2ng\u0103 plaja Oficerski.<\/p>\n\n\n\n<figure data-wp-context=\"{&quot;imageId&quot;:&quot;6a9c36d1e0566&quot;}\" data-wp-interactive=\"core\/image\" data-wp-key=\"6a9c36d1e0566\" class=\"wp-block-image size-full wp-lightbox-container\"><img decoding=\"async\" width=\"1800\" height=\"1350\" data-wp-class--hide=\"state.isContentHidden\" data-wp-class--show=\"state.isContentVisible\" data-wp-init=\"callbacks.setButtonStyles\" data-wp-on--click=\"actions.showLightbox\" data-wp-on--load=\"callbacks.setButtonStyles\" data-wp-on--pointerdown=\"actions.preloadImage\" data-wp-on--pointerenter=\"actions.preloadImageWithDelay\" data-wp-on--pointerleave=\"actions.cancelPreload\" data-wp-on-window--resize=\"callbacks.setButtonStyles\" src=\"https:\/\/loudavymkrokem.cz\/wp-content\/uploads\/2026\/08\/bulharsko-research-varna-32-f1c3d69e.jpg\" alt=\"Faleza serii \u00een portul Varna\" class=\"wp-image-407807\" title=\"\" srcset=\"https:\/\/loudavymkrokem.cz\/wp-content\/uploads\/2026\/08\/bulharsko-research-varna-32-f1c3d69e.jpg 1800w, https:\/\/loudavymkrokem.cz\/wp-content\/uploads\/2026\/08\/bulharsko-research-varna-32-f1c3d69e-300x225.jpg 300w, https:\/\/loudavymkrokem.cz\/wp-content\/uploads\/2026\/08\/bulharsko-research-varna-32-f1c3d69e-700x525.jpg 700w, https:\/\/loudavymkrokem.cz\/wp-content\/uploads\/2026\/08\/bulharsko-research-varna-32-f1c3d69e-768x576.jpg 768w, https:\/\/loudavymkrokem.cz\/wp-content\/uploads\/2026\/08\/bulharsko-research-varna-32-f1c3d69e-1536x1152.jpg 1536w, https:\/\/loudavymkrokem.cz\/wp-content\/uploads\/2026\/08\/bulharsko-research-varna-32-f1c3d69e-80x60.jpg 80w, https:\/\/loudavymkrokem.cz\/wp-content\/uploads\/2026\/08\/bulharsko-research-varna-32-f1c3d69e-160x120.jpg 160w, https:\/\/loudavymkrokem.cz\/wp-content\/uploads\/2026\/08\/bulharsko-research-varna-32-f1c3d69e-696x522.jpg 696w, https:\/\/loudavymkrokem.cz\/wp-content\/uploads\/2026\/08\/bulharsko-research-varna-32-f1c3d69e-1392x1044.jpg 1392w\" sizes=\"(max-width: 1800px) 100vw, 1800px\" \/><button\n\t\t\tclass=\"lightbox-trigger\"\n\t\t\ttype=\"button\"\n\t\t\taria-haspopup=\"dialog\"\n\t\t\tdata-wp-bind--aria-label=\"state.thisImage.triggerButtonAriaLabel\"\n\t\t\tdata-wp-init=\"callbacks.initTriggerButton\"\n\t\t\tdata-wp-on--click=\"actions.showLightbox\"\n\t\t\tdata-wp-style--right=\"state.thisImage.buttonRight\"\n\t\t\tdata-wp-style--top=\"state.thisImage.buttonTop\"\n\t\t>\n\t\t\t<svg xmlns=\"http:\/\/www.w3.org\/2000\/svg\" width=\"12\" height=\"12\" fill=\"none\" viewBox=\"0 0 12 12\">\n\t\t\t\t<path fill=\"#fff\" d=\"M2 0a2 2 0 0 0-2 2v2h1.5V2a.5.5 0 0 1 .5-.5h2V0H2Zm2 10.5H2a.5.5 0 0 1-.5-.5V8H0v2a2 2 0 0 0 2 2h2v-1.5ZM8 12v-1.5h2a.5.5 0 0 0 .5-.5V8H12v2a2 2 0 0 1-2 2H8Zm2-12a2 2 0 0 1 2 2v2h-1.5V2a.5.5 0 0 0-.5-.5H8V0h2Z\" \/>\n\t\t\t<\/svg>\n\t\t<\/button><figcaption class=\"wp-element-caption\">Foto: Claudiu Balta (Google Maps)<\/figcaption><\/figure>\n\n\n\n<h2 class=\"wp-block-heading\"><span class=\"ez-toc-section\" id=\"La_ce_sa_fii_atent\"><\/span>La ce s\u0103 fii atent<span class=\"ez-toc-section-end\"><\/span><\/h2>\n\n\n\n<p class=\"wp-block-paragraph\">Varna este, \u00een general, un <strong>ora\u0219 foarte sigur<\/strong> (potrivit indicilor de siguran\u021b\u0103, chiar considerabil mai sigur dec\u00e2t capitala Sofia), dar afluxul turistic aduce mereu cu sine \u0219i <strong>fenomene negative<\/strong>.<\/p>\n\n\n\n<ul class=\"wp-block-list\">\n\n<li><strong>Ho\u021bii de buzunare din sta\u021bii:<\/strong> \u00cen august 2026, Asocia\u021bia Ghizilor din Bulgaria a emis un avertisment dur \u00eempotriva grupurilor organizate de ho\u021bi de buzunare, care opereaz\u0103 <strong>chiar \u00een fa\u021ba Muzeului Arheologic<\/strong>. Urm\u0103resc traseele turistice \u0219i lovesc exact \u00een momentul \u00een care grupul coboar\u0103 din autobuz. Ai grij\u0103 la rucsacuri \u0219i nu \u021bine obiecte de valoare \u00een buzunarele laterale.<\/li>\n\n\n\n<li><strong>Capcane la bancomate \u0219i la plat\u0103:<\/strong> Birourile de schimb clasice, cu curs dezavantajos, \u0219i-au pierdut sensul odat\u0103 cu adoptarea euro. Noua capcan\u0103 principal\u0103 sunt <strong>bancomatele re\u021belei Euronet<\/strong>, care \u00ee\u0219i pot percepe comisioane absurde (de exemplu 1,95 \u20ac pentru o retragere de 20 \u20ac, adic\u0103 un comision de 10%). La fel, <strong>refuz\u0103 mereu serviciul DCC<\/strong> (Dynamic Currency Conversion) la terminalele de plat\u0103 \u2014 dac\u0103 un terminal din Bulgaria \u00ee\u021bi ofer\u0103 decontarea \u00een lei, suprataxa poate urca p\u00e2n\u0103 la 18%.<\/li>\n\n\n\n<li><strong>Apa de la robinet:<\/strong> Apa de la robinet este bacteriologic nepericuloas\u0103, dar medicii nu recomand\u0103 consumul ei pe termen lung din cauza durit\u0103\u021bii ridicate. Evit\u0103 \u00eens\u0103 complet s\u0103 bei din f\u00e2nt\u00e2nile \u0219i izvoarele minerale de pe strad\u0103.<\/li>\n\n\n\n<li><strong>Aten\u021bie la valuri \u0219i curen\u021bi:<\/strong> Marea Neagr\u0103 poate fi \u00een\u0219el\u0103toare. Chiar \u0219i aproape de mal se pot forma curen\u021bi submarini puternici, a\u0219a c\u0103 respect\u0103 mereu culoarea steagului de la salvamari. Vei da aici \u0219i peste meduze (Rhizostoma pulmo), dar nu pun via\u021ba \u00een pericol, provoac\u0103 doar o u\u0219oar\u0103 usturime.<\/li>\n\n\n<\/ul>\n\n\n\n<h2 class=\"wp-block-heading\"><span class=\"ez-toc-section\" id=\"Unde_mai_poti_merge\"><\/span>Unde mai po\u021bi merge<span class=\"ez-toc-section-end\"><\/span><\/h2>\n\n\n\n<p class=\"wp-block-paragraph\">Dac\u0103 Bulgaria te-a cucerit \u0219i vrei s\u0103 explorezi \u0219i alte locuri de-a lungul coastei sau s\u0103 \u00ee\u021bi faci o idee mai bun\u0103 despre pre\u021burile de aici dup\u0103 introducerea noii monede, arunc\u0103 neap\u0103rat o privire pe celelalte articole ale noastre:<\/p>\n\n\n\n<ul class=\"wp-block-list\">\n\n<li><a href=\"https:\/\/loudavymkrokem.cz\/ro\/vacanta-bulgaria-locuri-frumoase\/\">Vacan\u021b\u0103 \u00een Bulgaria: 30 dintre cele mai frumoase locuri<\/a><\/li>\n\n\n\n<li><a href=\"https:\/\/loudavymkrokem.cz\/ro\/nisipurile-de-aur-bulgaria\/\">Nisipurile de Aur: 15 sfaturi \u0219i compara\u021bie cu Sunny Beach<\/a><\/li>\n\n\n\n<li><a href=\"https:\/\/loudavymkrokem.cz\/plaze-bulharsko\/\">Cele mai frumoase plaje ale Bulgariei: 20 de sfaturi<\/a><\/li>\n\n\n\n<li><a href=\"https:\/\/loudavymkrokem.cz\/nesebar\/\">Nessebar: ce s\u0103 vezi \u00een ora\u0219ul \u00eenscris \u00een UNESCO<\/a><\/li>\n\n\n\n<li><a href=\"https:\/\/loudavymkrokem.cz\/ro\/preturi-bulgaria-2026\/\">Pre\u021burile \u00een Bulgaria dup\u0103 trecerea la euro<\/a><\/li>\n\n\n\n<li><a href=\"https:\/\/loudavymkrokem.cz\/ro\/bulgaria-all-inclusive-resorturi\/\">Bulgaria all inclusive: 22 dintre cele mai bune resorturi<\/a><\/li>\n\n\n<\/ul>\n\n\n\n<h2 class=\"wp-block-heading\"><span class=\"ez-toc-section\" id=\"Intrebari_frecvente\"><\/span>\u00centreb\u0103ri frecvente<span class=\"ez-toc-section-end\"><\/span><\/h2>\n\n\n<div id=\"rank-math-faq\" class=\"rank-math-block\">\n<div class=\"rank-math-list \">\n<div id=\"faq-question-1788110183000\" class=\"rank-math-list-item\">\n<h3 class=\"rank-math-question \"><span class=\"ez-toc-section\" id=\"Se_plateste_la_Varna_in_euro_sau_in_leva\"><\/span>Se pl\u0103te\u0219te la Varna \u00een euro sau \u00een leva?<span class=\"ez-toc-section-end\"><\/span><\/h3>\n<div class=\"rank-math-answer \">\n\n<p>Din 1 ianuarie 2026, Bulgaria a adoptat euro ca moned\u0103 oficial\u0103. Vechile leva nu mai sunt \u00een circula\u021bie, iar perioada \u00een care se afi\u0219au pre\u021buri duble s-a \u00eencheiat \u00een august 2026. Peste tot po\u021bi pl\u0103ti confortabil \u00een euro, doar fii atent la bancomatele Euronet \u0219i la comisioanele lor mari pentru retrageri.<\/p>\n\n<\/div>\n<\/div>\n<div id=\"faq-question-1788110183001\" class=\"rank-math-list-item\">\n<h3 class=\"rank-math-question \"><span class=\"ez-toc-section\" id=\"Este_Varna_potrivita_pentru_familii_cu_copii\"><\/span>Este Varna potrivit\u0103 pentru familii cu copii?<span class=\"ez-toc-section-end\"><\/span><\/h3>\n<div class=\"rank-math-answer \">\n\n<p>Cu siguran\u021b\u0103 da! Aici g\u0103se\u0219ti uria\u0219a Gr\u0103din\u0103 Maritim\u0103 cu col\u021b pentru copii, delfinariu \u0219i gr\u0103din\u0103 zoologic\u0103. Plaja central\u0103 \u0219i plaja Ju\u017een au nisip fin, iar fundul m\u0103rii coboar\u0103 foarte lin spre ad\u00e2ncime, ceea ce este ideal pentru copiii mici. \u00cen plus, po\u021bi g\u0103si apartamente mai departe de centrul zgomotos.<\/p>\n\n<\/div>\n<\/div>\n<div id=\"faq-question-1788110183002\" class=\"rank-math-list-item\">\n<h3 class=\"rank-math-question \"><span class=\"ez-toc-section\" id=\"Cum_stau_lucrurile_cu_parcarea_la_Varna\"><\/span>Cum stau lucrurile cu parcarea la Varna?<span class=\"ez-toc-section-end\"><\/span><\/h3>\n<div class=\"rank-math-answer \">\n\n<p>Dac\u0103 vii cu ma\u0219ina, preg\u0103te\u0219te-te pentru faptul c\u0103 zona albastr\u0103 din centru se pl\u0103te\u0219te \u00een fiecare zi, inclusiv duminica (spre deosebire de zona verde, care se pl\u0103te\u0219te doar \u00een zilele lucr\u0103toare). Ora\u0219ul nu are parcmetre fizice. Pentru turi\u0219ti, cea mai bun\u0103 solu\u021bie este s\u0103 descarci aplica\u021bia MPark \u0219i s\u0103 pl\u0103te\u0219ti parcarea comod de pe telefon.<\/p>\n\n<\/div>\n<\/div>\n<div id=\"faq-question-1788110183003\" class=\"rank-math-list-item\">\n<h3 class=\"rank-math-question \"><span class=\"ez-toc-section\" id=\"Se_poate_ajunge_la_Varna_cu_zbor_direct_din_Romania\"><\/span>Se poate ajunge la Varna cu zbor direct din Rom\u00e2nia?<span class=\"ez-toc-section-end\"><\/span><\/h3>\n<div class=\"rank-math-answer \">\n\n<p>Da, aeroportul Varna este accesibil prin zboruri sezoniere directe din Bucure\u0219ti operate de companii precum TAROM, Wizz Air sau Ryanair. Zborul dureaz\u0103 aproximativ o or\u0103 \u0219i jum\u0103tate, iar aeroportul \u00een sine se afl\u0103 la circa 20 de minute de centrul istoric cu autobuzul liniei 409.<\/p>\n\n<\/div>\n<\/div>\n<div id=\"faq-question-1788110183004\" class=\"rank-math-list-item\">\n<h3 class=\"rank-math-question \"><span class=\"ez-toc-section\" id=\"Merita_sa_mergi_la_Varna_si_in_afara_vacantei_de_vara\"><\/span>Merit\u0103 s\u0103 mergi la Varna \u0219i \u00een afara vacan\u021bei de var\u0103?<span class=\"ez-toc-section-end\"><\/span><\/h3>\n<div class=\"rank-math-answer \">\n\n<p>Cu siguran\u021b\u0103. Varna este al treilea ora\u0219 ca m\u0103rime din \u021bar\u0103 \u0219i func\u021bioneaz\u0103 tot anul. Muzeele, galeriile \u0219i restaurantele excelente nu se \u00eenchid. Prim\u0103vara \u0219i toamna evi\u021bi, \u00een plus, aglomera\u021bia mare \u0219i c\u0103lura extrem\u0103, ceea ce este perfect pentru a descoperi s\u0103p\u0103turile antice sau pentru o excursie la capul Kaliakra.<\/p>\n\n<\/div>\n<\/div>\n<div id=\"faq-question-1788110183005\" class=\"rank-math-list-item\">\n<h3 class=\"rank-math-question \"><span class=\"ez-toc-section\" id=\"Cum_ajung_din_Varna_la_Nisipurile_de_Aur\"><\/span>Cum ajung din Varna la Nisipurile de Aur?<span class=\"ez-toc-section-end\"><\/span><\/h3>\n<div class=\"rank-math-answer \">\n\n<p>Cea mai simpl\u0103 variant\u0103 este autobuzul liniei 409, care leag\u0103 aeroportul, centrul \u0219i sta\u021biunile de-a lungul coastei. Din centrul Varnej la Nisipurile de Aur mergi aproximativ o jum\u0103tate de or\u0103, iar de la aeroport dureaz\u0103 pu\u021bin sub o or\u0103. Re\u021bine \u00eens\u0103 c\u0103 traseul p\u00e2n\u0103 la Nisipurile de Aur circul\u0103 doar \u00een sezon, aproximativ din mai p\u00e2n\u0103 \u00een octombrie.<\/p>\n\n<\/div>\n<\/div>\n<div id=\"faq-question-1788110183006\" class=\"rank-math-list-item\">\n<h3 class=\"rank-math-question \"><span class=\"ez-toc-section\" id=\"Este_Varna_un_oras_sigur\"><\/span>Este Varna un ora\u0219 sigur?<span class=\"ez-toc-section-end\"><\/span><\/h3>\n<div class=\"rank-math-answer \">\n\n<p>Conform indicilor interna\u021bionali de securitate, Varna iese chiar pu\u021bin mai bine dec\u00e2t Sofia, iar plimb\u0103rile nocturne prin centru sunt considerate sigure. Principalul risc \u00eel reprezint\u0103 furturile din buzunare: \u00een august 2026, Asocia\u021bia Ghizilor din Bulgaria a avertizat despre ho\u021bii profesioni\u0219ti organiza\u021bi care p\u00e2ndesc chiar \u00een fa\u021ba Muzeului Arheologic \u00een momentul \u00een care turi\u0219tii coboar\u0103 din autobuze.<\/p>\n\n<\/div>\n<\/div>\n<\/div>\n<\/div>","protected":false},"excerpt":{"rendered":"<p>Varna nu este doar o oprire de tranzit spre Nisipurile de Aur. Este al treilea cel mai mare ora\u0219 al Bulgariei, unde vezi cel mai vechi aur prelucrat din lume \u0219i cele mai mari terme romane din Balcani. \u00ce\u021bi aducem 20 de sfaturi \u0219i pre\u021buri orientative \u00een euro.<\/p>\n","protected":false},"author":3,"featured_media":407810,"comment_status":"open","ping_status":"open","sticky":false,"template":"","format":"standard","meta":{"_acf_changed":false,"footnotes":"","rank_math_title":"Varna, Bulgaria: 20 locuri de vizitat \u0219i sfaturi 2026","rank_math_description":"Descoper\u0103 Varna, Bulgaria: 20 de locuri de vizitat, plaje, pre\u021buri \u00een euro, cazare \u0219i excursii. Ghidul complet 2026 cu sfaturi practice. Cite\u0219te acum!","rank_math_focus_keyword":"varna bulgaria","rank_math_seo_score":""},"categories":[2013,2015,2021],"tags":[],"class_list":["post-417523","post","type-post","status-publish","format-standard","has-post-thumbnail","category-bulgaria","category-calatorii","category-europa"],"acf":[],"featured_image_src":"https:\/\/loudavymkrokem.cz\/wp-content\/uploads\/2026\/08\/varna-majak-pri-zapadu-slunce.jpg","author_info":{"display_name":"Lucie Kone\u010dn\u00e1","author_link":"https:\/\/loudavymkrokem.cz\/ro\/author\/lucie-konecna\/"},"_links":{"self":[{"href":"https:\/\/loudavymkrokem.cz\/ro\/wp-json\/wp\/v2\/posts\/417523","targetHints":{"allow":["GET"]}}],"collection":[{"href":"https:\/\/loudavymkrokem.cz\/ro\/wp-json\/wp\/v2\/posts"}],"about":[{"href":"https:\/\/loudavymkrokem.cz\/ro\/wp-json\/wp\/v2\/types\/post"}],"author":[{"embeddable":true,"href":"https:\/\/loudavymkrokem.cz\/ro\/wp-json\/wp\/v2\/users\/3"}],"replies":[{"embeddable":true,"href":"https:\/\/loudavymkrokem.cz\/ro\/wp-json\/wp\/v2\/comments?post=417523"}],"version-history":[{"count":2,"href":"https:\/\/loudavymkrokem.cz\/ro\/wp-json\/wp\/v2\/posts\/417523\/revisions"}],"predecessor-version":[{"id":417525,"href":"https:\/\/loudavymkrokem.cz\/ro\/wp-json\/wp\/v2\/posts\/417523\/revisions\/417525"}],"wp:featuredmedia":[{"embeddable":true,"href":"https:\/\/loudavymkrokem.cz\/ro\/wp-json\/wp\/v2\/media\/407810"}],"wp:attachment":[{"href":"https:\/\/loudavymkrokem.cz\/ro\/wp-json\/wp\/v2\/media?parent=417523"}],"wp:term":[{"taxonomy":"category","embeddable":true,"href":"https:\/\/loudavymkrokem.cz\/ro\/wp-json\/wp\/v2\/categories?post=417523"},{"taxonomy":"post_tag","embeddable":true,"href":"https:\/\/loudavymkrokem.cz\/ro\/wp-json\/wp\/v2\/tags?post=417523"}],"curies":[{"name":"wp","href":"https:\/\/api.w.org\/{rel}","templated":true}]}}