{"id":417517,"date":"2026-09-04T20:50:25","date_gmt":"2026-09-04T18:50:25","guid":{"rendered":"https:\/\/loudavymkrokem.cz\/strasbourg-franta-ce-sa-vezi\/"},"modified":"2026-09-05T16:10:49","modified_gmt":"2026-09-05T14:10:49","slug":"strasbourg-franta-ce-sa-vezi","status":"publish","type":"post","link":"https:\/\/loudavymkrokem.cz\/ro\/strasbourg-franta-ce-sa-vezi\/","title":{"rendered":"Strasbourg, Fran\u021ba: 18 idei ce s\u0103 vezi \u0219i ce s\u0103 faci"},"content":{"rendered":"\n<p class=\"wp-block-paragraph\">Cei mai mul\u021bi dintre noi asociem imediat Strasbourg, Fran\u021ba, cu aroma vinului fiert \u0219i cu puzderia de lumini\u021be de s\u0103rb\u0103toare, dar adev\u0103rul e c\u0103 <strong>ora\u0219ul are ce oferi \u0219i \u00een restul celor unsprezece luni ale anului<\/strong>. \u00cen timp ce \u00een decembrie plesne\u0219te la cus\u0103turi, iar pre\u021burile explodeaz\u0103, \u00een afara perioadei de Advent se transform\u0103 \u00eentr-o destina\u021bie mai lini\u0219tit\u0103 \u0219i <strong>vizibil mai ieftin\u0103<\/strong>, unde elegan\u021ba francez\u0103 se \u00eemplete\u0219te cu precizia german\u0103. \u00cen ultimul secol \u0219i-a schimbat de patru ori apartenen\u021ba statal\u0103, ceea ce a l\u0103sat o amprent\u0103 de ne\u0219ters asupra arhitecturii, limbii locale \u0219i gastronomiei excep\u021bionale.<\/p>\n\n\n\n<p class=\"wp-block-paragraph\">Aici g\u0103se\u0219ti un <strong>cartier istoric \u00eenscris \u00een patrimoniul UNESCO<\/strong>, o catedral\u0103 gotic\u0103 monumental\u0103 \u0219i cl\u0103dirile moderne de sticl\u0103 ale Parlamentului European, care \u00eempreun\u0103 creeaz\u0103 o atmosfer\u0103 absolut unic\u0103. Po\u021bi hoin\u0103ri pe str\u0103du\u021be pitore\u0219ti pline de case cu pere\u021bi din grinzi aparente, po\u021bi privi b\u0103rcile de pe canalele cu ap\u0103 sau pur \u0219i simplu te po\u021bi a\u0219eza \u00eentr-o cafenea \u0219i <strong>s\u0103 absorbi acea lini\u0219te incredibil\u0103, f\u0103r\u0103 mul\u021bimi de turi\u0219ti<\/strong>. Strasbourg e, pe scurt, un ora\u0219 cu dou\u0103 identit\u0103\u021bi, care te va surprinde la fiecare pas.<\/p>\n\n\n\n<p class=\"wp-block-paragraph\">Dac\u0103 e\u0219ti \u00een c\u0103utarea locului ideal pentru un weekend prelungit, unde <strong>istoria se \u00eemplete\u0219te cu via\u021ba modern\u0103 vibrant\u0103<\/strong>, tocmai l-ai g\u0103sit. Am preg\u0103tit pentru tine un ghid detaliat care \u00ee\u021bi va ar\u0103ta cele mai mari comori ale ora\u0219ului \u0219i te va sf\u0103tui cum s\u0103 te bucuri de vizit\u0103 la maximum, indiferent de anotimpul \u00een care ajungi aici.<\/p>\n\n\n\n<figure data-wp-context=\"{&quot;imageId&quot;:&quot;6a9c361050ff0&quot;}\" data-wp-interactive=\"core\/image\" data-wp-key=\"6a9c361050ff0\" class=\"wp-block-image size-full wp-lightbox-container\"><img decoding=\"async\" width=\"1920\" height=\"2454\" data-wp-class--hide=\"state.isContentHidden\" data-wp-class--show=\"state.isContentVisible\" data-wp-init=\"callbacks.setButtonStyles\" data-wp-on--click=\"actions.showLightbox\" data-wp-on--load=\"callbacks.setButtonStyles\" data-wp-on--pointerdown=\"actions.preloadImage\" data-wp-on--pointerenter=\"actions.preloadImageWithDelay\" data-wp-on--pointerleave=\"actions.cancelPreload\" data-wp-on-window--resize=\"callbacks.setButtonStyles\" src=\"https:\/\/loudavymkrokem.cz\/wp-content\/uploads\/2026\/09\/katedrala-notre-dame-ve-strasburku-af4b864e.jpg\" alt=\"Catedrala Notre-Dame din Strasbourg\" class=\"wp-image-413376\" title=\"\" srcset=\"https:\/\/loudavymkrokem.cz\/wp-content\/uploads\/2026\/09\/katedrala-notre-dame-ve-strasburku-af4b864e.jpg 1920w, https:\/\/loudavymkrokem.cz\/wp-content\/uploads\/2026\/09\/katedrala-notre-dame-ve-strasburku-af4b864e-235x300.jpg 235w, https:\/\/loudavymkrokem.cz\/wp-content\/uploads\/2026\/09\/katedrala-notre-dame-ve-strasburku-af4b864e-700x895.jpg 700w, https:\/\/loudavymkrokem.cz\/wp-content\/uploads\/2026\/09\/katedrala-notre-dame-ve-strasburku-af4b864e-768x982.jpg 768w, https:\/\/loudavymkrokem.cz\/wp-content\/uploads\/2026\/09\/katedrala-notre-dame-ve-strasburku-af4b864e-1202x1536.jpg 1202w, https:\/\/loudavymkrokem.cz\/wp-content\/uploads\/2026\/09\/katedrala-notre-dame-ve-strasburku-af4b864e-1602x2048.jpg 1602w, https:\/\/loudavymkrokem.cz\/wp-content\/uploads\/2026\/09\/katedrala-notre-dame-ve-strasburku-af4b864e-696x890.jpg 696w, https:\/\/loudavymkrokem.cz\/wp-content\/uploads\/2026\/09\/katedrala-notre-dame-ve-strasburku-af4b864e-1392x1779.jpg 1392w\" sizes=\"(max-width: 1920px) 100vw, 1920px\" \/><button\n\t\t\tclass=\"lightbox-trigger\"\n\t\t\ttype=\"button\"\n\t\t\taria-haspopup=\"dialog\"\n\t\t\tdata-wp-bind--aria-label=\"state.thisImage.triggerButtonAriaLabel\"\n\t\t\tdata-wp-init=\"callbacks.initTriggerButton\"\n\t\t\tdata-wp-on--click=\"actions.showLightbox\"\n\t\t\tdata-wp-style--right=\"state.thisImage.buttonRight\"\n\t\t\tdata-wp-style--top=\"state.thisImage.buttonTop\"\n\t\t>\n\t\t\t<svg xmlns=\"http:\/\/www.w3.org\/2000\/svg\" width=\"12\" height=\"12\" fill=\"none\" viewBox=\"0 0 12 12\">\n\t\t\t\t<path fill=\"#fff\" d=\"M2 0a2 2 0 0 0-2 2v2h1.5V2a.5.5 0 0 1 .5-.5h2V0H2Zm2 10.5H2a.5.5 0 0 1-.5-.5V8H0v2a2 2 0 0 0 2 2h2v-1.5ZM8 12v-1.5h2a.5.5 0 0 0 .5-.5V8H12v2a2 2 0 0 1-2 2H8Zm2-12a2 2 0 0 1 2 2v2h-1.5V2a.5.5 0 0 0-.5-.5H8V0h2Z\" \/>\n\t\t\t<\/svg>\n\t\t<\/button><figcaption class=\"wp-element-caption\">Foto: Diliff \/ Wikimedia Commons, CC BY-SA 3.0<\/figcaption><\/figure>\n\n\n\n<div id=\"ez-toc-container\" class=\"ez-toc-v2_0_87 ez-toc-wrap-left counter-hierarchy ez-toc-counter ez-toc-grey ez-toc-container-direction\">\n<div class=\"ez-toc-title-container\">\n<p class=\"ez-toc-title\" style=\"cursor:inherit\">Cuprinsul articolului<\/p>\n<span class=\"ez-toc-title-toggle\"><a href=\"#\" class=\"ez-toc-pull-right ez-toc-btn ez-toc-btn-xs ez-toc-btn-default ez-toc-toggle\" aria-label=\"Toggle Table of Content\"><span class=\"ez-toc-js-icon-con\"><span class=\"\"><span class=\"eztoc-hide\" style=\"display:none;\">Toggle<\/span><span class=\"ez-toc-icon-toggle-span\"><svg style=\"fill: #999;color:#999\" xmlns=\"http:\/\/www.w3.org\/2000\/svg\" class=\"list-377408\" width=\"20px\" height=\"20px\" viewBox=\"0 0 24 24\" fill=\"none\"><path d=\"M6 6H4v2h2V6zm14 0H8v2h12V6zM4 11h2v2H4v-2zm16 0H8v2h12v-2zM4 16h2v2H4v-2zm16 0H8v2h12v-2z\" fill=\"currentColor\"><\/path><\/svg><svg style=\"fill: #999;color:#999\" class=\"arrow-unsorted-368013\" xmlns=\"http:\/\/www.w3.org\/2000\/svg\" width=\"10px\" height=\"10px\" viewBox=\"0 0 24 24\" version=\"1.2\" baseProfile=\"tiny\"><path d=\"M18.2 9.3l-6.2-6.3-6.2 6.3c-.2.2-.3.4-.3.7s.1.5.3.7c.2.2.4.3.7.3h11c.3 0 .5-.1.7-.3.2-.2.3-.5.3-.7s-.1-.5-.3-.7zM5.8 14.7l6.2 6.3 6.2-6.3c.2-.2.3-.5.3-.7s-.1-.5-.3-.7c-.2-.2-.4-.3-.7-.3h-11c-.3 0-.5.1-.7.3-.2.2-.3.5-.3.7s.1.5.3.7z\"\/><\/svg><\/span><\/span><\/span><\/a><\/span><\/div>\n<nav><ul class='ez-toc-list ez-toc-list-level-1 ' ><ul class='ez-toc-list-level-3' ><li class='ez-toc-heading-level-3'><a class=\"ez-toc-link ez-toc-heading-1\" href=\"https:\/\/loudavymkrokem.cz\/ro\/strasbourg-franta-ce-sa-vezi\/#Rezumat_pentru_cei_care_nu_au_timp_sa_citeasca_tot_articolul\" >Rezumat pentru cei care nu au timp s\u0103 citeasc\u0103 tot articolul<\/a><\/li><\/ul><\/li><li class='ez-toc-page-1 ez-toc-heading-level-2'><a class=\"ez-toc-link ez-toc-heading-2\" href=\"https:\/\/loudavymkrokem.cz\/ro\/strasbourg-franta-ce-sa-vezi\/#Cand_sa_pleci_spre_Strasbourg\" >C\u00e2nd s\u0103 pleci spre Strasbourg<\/a><\/li><li class='ez-toc-page-1 ez-toc-heading-level-2'><a class=\"ez-toc-link ez-toc-heading-3\" href=\"https:\/\/loudavymkrokem.cz\/ro\/strasbourg-franta-ce-sa-vezi\/#Unde_sa_te_cazezi_in_Strasbourg\" >Unde s\u0103 te cazezi \u00een Strasbourg<\/a><\/li><li class='ez-toc-page-1 ez-toc-heading-level-2'><a class=\"ez-toc-link ez-toc-heading-4\" href=\"https:\/\/loudavymkrokem.cz\/ro\/strasbourg-franta-ce-sa-vezi\/#18_idei_ce_sa_vezi_si_ce_sa_faci_in_Strasbourg_Franta\" >18 idei ce s\u0103 vezi \u0219i ce s\u0103 faci \u00een Strasbourg, Fran\u021ba<\/a><ul class='ez-toc-list-level-3' ><li class='ez-toc-heading-level-3'><a class=\"ez-toc-link ez-toc-heading-5\" href=\"https:\/\/loudavymkrokem.cz\/ro\/strasbourg-franta-ce-sa-vezi\/#1_Cathedrale_Notre-Dame-de-Strasbourg\" >1. Cath\u00e9drale Notre-Dame-de-Strasbourg<\/a><\/li><li class='ez-toc-page-1 ez-toc-heading-level-3'><a class=\"ez-toc-link ez-toc-heading-6\" href=\"https:\/\/loudavymkrokem.cz\/ro\/strasbourg-franta-ce-sa-vezi\/#2_Ceasul_astronomic_din_secolul_al_saisprezecelea\" >2. Ceasul astronomic din secolul al \u0219aisprezecelea<\/a><\/li><li class='ez-toc-page-1 ez-toc-heading-level-3'><a class=\"ez-toc-link ez-toc-heading-7\" href=\"https:\/\/loudavymkrokem.cz\/ro\/strasbourg-franta-ce-sa-vezi\/#3_Urcarea_pe_platforma_panoramica_a_catedralei\" >3. Urcarea pe platforma panoramic\u0103 a catedralei<\/a><\/li><li class='ez-toc-page-1 ez-toc-heading-level-3'><a class=\"ez-toc-link ez-toc-heading-8\" href=\"https:\/\/loudavymkrokem.cz\/ro\/strasbourg-franta-ce-sa-vezi\/#4_Petite_France\" >4. Petite France<\/a><\/li><li class='ez-toc-page-1 ez-toc-heading-level-3'><a class=\"ez-toc-link ez-toc-heading-9\" href=\"https:\/\/loudavymkrokem.cz\/ro\/strasbourg-franta-ce-sa-vezi\/#5_Ponts_Couverts_de_Strasbourg\" >5. Ponts Couverts de Strasbourg<\/a><\/li><li class='ez-toc-page-1 ez-toc-heading-level-3'><a class=\"ez-toc-link ez-toc-heading-10\" href=\"https:\/\/loudavymkrokem.cz\/ro\/strasbourg-franta-ce-sa-vezi\/#6_Barrage_Vauban\" >6. Barrage Vauban<\/a><\/li><li class='ez-toc-page-1 ez-toc-heading-level-3'><a class=\"ez-toc-link ez-toc-heading-11\" href=\"https:\/\/loudavymkrokem.cz\/ro\/strasbourg-franta-ce-sa-vezi\/#7_Croaziera_pe_canale_cu_Batorama\" >7. Croazier\u0103 pe canale cu Batorama<\/a><\/li><li class='ez-toc-page-1 ez-toc-heading-level-3'><a class=\"ez-toc-link ez-toc-heading-12\" href=\"https:\/\/loudavymkrokem.cz\/ro\/strasbourg-franta-ce-sa-vezi\/#8_Parlamentul_European\" >8. Parlamentul European<\/a><\/li><li class='ez-toc-page-1 ez-toc-heading-level-3'><a class=\"ez-toc-link ez-toc-heading-13\" href=\"https:\/\/loudavymkrokem.cz\/ro\/strasbourg-franta-ce-sa-vezi\/#9_Parlamentarium_Simone_Veil\" >9. Parlamentarium Simone Veil<\/a><\/li><li class='ez-toc-page-1 ez-toc-heading-level-3'><a class=\"ez-toc-link ez-toc-heading-14\" href=\"https:\/\/loudavymkrokem.cz\/ro\/strasbourg-franta-ce-sa-vezi\/#10_Consiliul_Europei_si_cartierul_institutiilor\" >10. Consiliul Europei \u0219i cartierul institu\u021biilor<\/a><\/li><li class='ez-toc-page-1 ez-toc-heading-level-3'><a class=\"ez-toc-link ez-toc-heading-15\" href=\"https:\/\/loudavymkrokem.cz\/ro\/strasbourg-franta-ce-sa-vezi\/#11_Grande_Ile_primul_cartier_inscris_la_UNESCO\" >11. Grande \u00cele (primul cartier \u00eenscris la UNESCO)<\/a><\/li><li class='ez-toc-page-1 ez-toc-heading-level-3'><a class=\"ez-toc-link ez-toc-heading-16\" href=\"https:\/\/loudavymkrokem.cz\/ro\/strasbourg-franta-ce-sa-vezi\/#12_Neustadt_cartierul_imperial_german\" >12. Neustadt (cartierul imperial german)<\/a><\/li><li class='ez-toc-page-1 ez-toc-heading-level-3'><a class=\"ez-toc-link ez-toc-heading-17\" href=\"https:\/\/loudavymkrokem.cz\/ro\/strasbourg-franta-ce-sa-vezi\/#13_Place_Kleber\" >13. Place Kl\u00e9ber<\/a><\/li><li class='ez-toc-page-1 ez-toc-heading-level-3'><a class=\"ez-toc-link ez-toc-heading-18\" href=\"https:\/\/loudavymkrokem.cz\/ro\/strasbourg-franta-ce-sa-vezi\/#14_Parc_de_lOrangerie\" >14. Parc de l&#8217;Orangerie<\/a><\/li><li class='ez-toc-page-1 ez-toc-heading-level-3'><a class=\"ez-toc-link ez-toc-heading-19\" href=\"https:\/\/loudavymkrokem.cz\/ro\/strasbourg-franta-ce-sa-vezi\/#15_Parc_de_lEtoile\" >15. Parc de l&#8217;\u00c9toile<\/a><\/li><li class='ez-toc-page-1 ez-toc-heading-level-3'><a class=\"ez-toc-link ez-toc-heading-20\" href=\"https:\/\/loudavymkrokem.cz\/ro\/strasbourg-franta-ce-sa-vezi\/#16_Palais_Rohan\" >16. Palais Rohan<\/a><\/li><li class='ez-toc-page-1 ez-toc-heading-level-3'><a class=\"ez-toc-link ez-toc-heading-21\" href=\"https:\/\/loudavymkrokem.cz\/ro\/strasbourg-franta-ce-sa-vezi\/#17_Strasbourg_Museum_of_Modern_and_Contemporary_Art_MAMCS\" >17. Strasbourg Museum of Modern and Contemporary Art (MAMCS)<\/a><\/li><li class='ez-toc-page-1 ez-toc-heading-level-3'><a class=\"ez-toc-link ez-toc-heading-22\" href=\"https:\/\/loudavymkrokem.cz\/ro\/strasbourg-franta-ce-sa-vezi\/#18_Musee_Alsacien\" >18. Mus\u00e9e Alsacien<\/a><\/li><\/ul><\/li><li class='ez-toc-page-1 ez-toc-heading-level-2'><a class=\"ez-toc-link ez-toc-heading-23\" href=\"https:\/\/loudavymkrokem.cz\/ro\/strasbourg-franta-ce-sa-vezi\/#Unde_sa_mergi_mai_departe_din_Strasbourg\" >Unde s\u0103 mergi mai departe din Strasbourg<\/a><\/li><li class='ez-toc-page-1 ez-toc-heading-level-2'><a class=\"ez-toc-link ez-toc-heading-24\" href=\"https:\/\/loudavymkrokem.cz\/ro\/strasbourg-franta-ce-sa-vezi\/#Intrebari_frecvente\" >\u00centreb\u0103ri frecvente<\/a><ul class='ez-toc-list-level-3' ><li class='ez-toc-heading-level-3'><a class=\"ez-toc-link ez-toc-heading-25\" href=\"https:\/\/loudavymkrokem.cz\/ro\/strasbourg-franta-ce-sa-vezi\/#Cand_au_loc_targurile_de_Craciun_in_2026\" >C\u00e2nd au loc t\u00e2rgurile de Cr\u0103ciun \u00een 2026?<\/a><\/li><li class='ez-toc-page-1 ez-toc-heading-level-3'><a class=\"ez-toc-link ez-toc-heading-26\" href=\"https:\/\/loudavymkrokem.cz\/ro\/strasbourg-franta-ce-sa-vezi\/#Cum_functioneaza_sistemul_de_parcare_Park_and_Ride\" >Cum func\u021bioneaz\u0103 sistemul de parcare Park and Ride?<\/a><\/li><li class='ez-toc-page-1 ez-toc-heading-level-3'><a class=\"ez-toc-link ez-toc-heading-27\" href=\"https:\/\/loudavymkrokem.cz\/ro\/strasbourg-franta-ce-sa-vezi\/#Cate_zile_sa_rezerv_pentru_vizitarea_orasului\" >C\u00e2te zile s\u0103 rezerv pentru vizitarea ora\u0219ului?<\/a><\/li><li class='ez-toc-page-1 ez-toc-heading-level-3'><a class=\"ez-toc-link ez-toc-heading-28\" href=\"https:\/\/loudavymkrokem.cz\/ro\/strasbourg-franta-ce-sa-vezi\/#Vizitele_la_Parlamentul_European_sunt_cu_plata\" >Vizitele la Parlamentul European sunt cu plat\u0103?<\/a><\/li><li class='ez-toc-page-1 ez-toc-heading-level-3'><a class=\"ez-toc-link ez-toc-heading-29\" href=\"https:\/\/loudavymkrokem.cz\/ro\/strasbourg-franta-ce-sa-vezi\/#Care_este_cel_mai_bun_mod_de_a_te_deplasa_prin_centrul_orasului\" >Care este cel mai bun mod de a te deplasa prin centrul ora\u0219ului?<\/a><\/li><li class='ez-toc-page-1 ez-toc-heading-level-3'><a class=\"ez-toc-link ez-toc-heading-30\" href=\"https:\/\/loudavymkrokem.cz\/ro\/strasbourg-franta-ce-sa-vezi\/#Strasbourg_este_un_oras_scump\" >Strasbourg este un ora\u0219 scump?<\/a><\/li><li class='ez-toc-page-1 ez-toc-heading-level-3'><a class=\"ez-toc-link ez-toc-heading-31\" href=\"https:\/\/loudavymkrokem.cz\/ro\/strasbourg-franta-ce-sa-vezi\/#Este_orasul_potrivit_pentru_vegetarieni\" >Este ora\u0219ul potrivit pentru vegetarieni?<\/a><\/li><li class='ez-toc-page-1 ez-toc-heading-level-3'><a class=\"ez-toc-link ez-toc-heading-32\" href=\"https:\/\/loudavymkrokem.cz\/ro\/strasbourg-franta-ce-sa-vezi\/#Care_sunt_cele_mai_bune_locuri_pentru_fotografii\" >Care sunt cele mai bune locuri pentru fotografii?<\/a><\/li><\/ul><\/li><\/ul><\/nav><\/div>\n<h3 class=\"wp-block-heading\"><span class=\"ez-toc-section\" id=\"Rezumat_pentru_cei_care_nu_au_timp_sa_citeasca_tot_articolul\"><\/span>Rezumat pentru cei care nu au timp s\u0103 citeasc\u0103 tot articolul<span class=\"ez-toc-section-end\"><\/span><\/h3>\n\n\n\n<ul class=\"wp-block-list\">\n\n<li><strong>Cel mai vizitat monument:<\/strong> <a href=\"https:\/\/www.cathedrale-strasbourg.fr\/\" target=\"_blank\" rel=\"nofollow noopener\">Cath\u00e9drale Notre-Dame-de-Strasbourg<\/a>, cu unicul s\u0103u ceas astronomic din secolul al \u0219aisprezecelea.<\/li>\n\n\n\n<li><strong>Cele mai fotografiate locuri:<\/strong> pitorescul cartier Petite France, cu case din grinzi aparente \u0219i canale cu ap\u0103.<\/li>\n\n\n\n<li><strong>Cea mai bun\u0103 priveli\u0219te gratuit\u0103:<\/strong> terasa de pe barajul istoric Barrage Vauban, de unde faci cele mai frumoase fotografii.<\/li>\n\n\n\n<li><strong>Experien\u021b\u0103 unic\u0103:<\/strong> turul gratuit al Parlamentului European \u0219i centrul interactiv Parlamentarium Simone Veil.<\/li>\n\n\n\n<li><strong>Transportul \u00een ora\u0219:<\/strong> centrul este destul de neprietenos cu ma\u0219inile, a\u0219a c\u0103 cel mai avantajos e s\u0103 folose\u0219ti sistemul de parc\u0103ri de tip Park and Ride combinat cu tramvaiul.<\/li>\n\n\n\n<li><strong>C\u00e2nd s\u0103 mergi:<\/strong> pentru cel mai bun raport pre\u021b-vreme \u00ee\u021bi recomand mai, iunie sau septembrie, iar pentru cele mai mici pre\u021buri la hoteluri este ideal ianuarie.<\/li>\n\n\n\n<li><strong>Patrimoniu mondial:<\/strong> \u00eentregul cartier istoric Grande \u00cele, dar \u0219i mai t\u00e2n\u0103rul cartier german Neustadt sunt \u00eenscrise pe lista UNESCO.<\/li>\n\n\n<\/ul>\n\n\n\n<h2 class=\"wp-block-heading\"><span class=\"ez-toc-section\" id=\"Cand_sa_pleci_spre_Strasbourg\"><\/span>C\u00e2nd s\u0103 pleci spre Strasbourg<span class=\"ez-toc-section-end\"><\/span><\/h2>\n\n\n\n<p class=\"wp-block-paragraph\">Alegerea perioadei este absolut esen\u021bial\u0103 la acest ora\u0219, pentru c\u0103 <strong>sezonalitatea influen\u021beaz\u0103 extrem de mult pre\u021burile caz\u0103rii<\/strong>. Dac\u0103 pleci \u00een decembrie, \u00een timpul celebrelor t\u00e2rguri, preg\u0103te\u0219te-te ca hotelurile din centru s\u0103 coste chiar \u0219i de trei ori pre\u021bul lor obi\u0219nuit de var\u0103. Din contr\u0103, \u00een ianuarie sau februarie vei descoperi ora\u0219ul complet f\u0103r\u0103 mul\u021bimi \u0219i, <strong>cu pu\u021bin noroc, prinzi o camer\u0103 de lux la doar o frac\u021biune din suma de iarn\u0103<\/strong>. Lunile de prim\u0103var\u0103 \u0219i toamn\u0103 reprezint\u0103 compromisul absolut ideal pentru cei care vor s\u0103 economiseasc\u0103, dar \u00een acela\u0219i timp s\u0103 se bucure de vreme frumoas\u0103.<\/p>\n\n\n\n<p class=\"wp-block-paragraph\">Cea mai pl\u0103cut\u0103 vreme pentru plimb\u0103ri lungi de-a lungul canalelor te a\u0219teapt\u0103 <strong>\u00een mai, iunie \u0219i septembrie<\/strong>, c\u00e2nd temperaturile se men\u021bin la valori foarte pl\u0103cute, iar zilele sunt suficient de lungi. Vara poate fi destul de cald \u00een centrul de piatr\u0103, dar datorit\u0103 apei omniprezente \u0219i parcurilor \u00eentinse se suport\u0103 f\u0103r\u0103 probleme. Dac\u0103 nu te deranjeaz\u0103 o vreme un pic mai posomor\u00e2t\u0103, <strong>\u00eenceputul prim\u0103verii dezv\u0103luie ora\u0219ul \u00eentr-o dispozi\u021bie frumos melancolic\u0103<\/strong>, c\u00e2nd cafenelele locale se trezesc \u00eencet la via\u021b\u0103, iar str\u0103zile apar\u021bin doar localnicilor.<\/p>\n\n\n\n<p class=\"wp-block-paragraph\">\u00cen 2026, celebrele t\u00e2rguri de Cr\u0103ciun se desf\u0103\u0219oar\u0103 de vineri, 27 noiembrie, p\u00e2n\u0103 duminic\u0103, 27 decembrie. Se \u00eentind \u00een nu mai pu\u021bin de unsprezece locuri diferite din tot cartierul istoric Grande \u00cele, iar cele mai cunoscute le g\u0103se\u0219ti \u00een Place Broglie, Place de la Cath\u00e9drale sau pe str\u0103du\u021bele din Petite France. Dac\u0103 te intereseaz\u0103 \u00een primul r\u00e2nd aceast\u0103 perioad\u0103 magic\u0103 \u0219i nu te deranjeaz\u0103 un buget vizibil mai mare, <strong>cite\u0219te neap\u0103rat articolul nostru separat <a href=\"https:\/\/loudavymkrokem.cz\/ro\/targ-craciun-strasbourg-franta\/\">T\u00e2rgurile de Cr\u0103ciun din Strasbourg<\/a><\/strong>, unde g\u0103se\u0219ti o hart\u0103 detaliat\u0103 a loca\u021biilor, obiceiurile locale \u0219i sfaturi concrete despre bun\u0103t\u0103\u021bile tradi\u021bionale.<\/p>\n\n\n\n<h2 class=\"wp-block-heading\"><span class=\"ez-toc-section\" id=\"Unde_sa_te_cazezi_in_Strasbourg\"><\/span>Unde s\u0103 te cazezi \u00een Strasbourg<span class=\"ez-toc-section-end\"><\/span><\/h2>\n\n\n\n<p class=\"wp-block-paragraph\">Alegerea loca\u021biei potrivite pentru cazare \u00ee\u021bi va economisi mult timp \u0219i bani pe transportul \u00een comun. Cel mai fermec\u0103tor, dar \u00een mod logic \u0219i cel mai scump, este <strong>cartierul istoric Grande \u00cele \u0219i partea sa Petite France<\/strong>, unde vei avea toate atrac\u021biile principale la c\u00e2\u021biva pa\u0219i de pat. Dac\u0103 e\u0219ti \u00een c\u0103utarea a ceva vizibil mai lini\u0219tit \u0219i mai accesibil ca pre\u021b, <strong>\u00ee\u021bi recomand s\u0103 te ui\u021bi spre cartierul Neustadt<\/strong>, care ofer\u0103 o arhitectur\u0103 superb\u0103 \u0219i de unde ajungi \u00een centrul propriu-zis cu o plimbare pl\u0103cut\u0103 de sub zece minute.<\/p>\n\n\n\n<p class=\"wp-block-paragraph\">Nu l\u0103sa rezervarea camerelor pe ultimul moment \u0219i <strong>\u00ee\u021bi recomand mereu s\u0103 folose\u0219ti portaluri verificate precum Booking<\/strong>, unde g\u0103se\u0219ti cea mai bun\u0103 privire de ansamblu asupra pre\u021burilor actuale. Mai ales \u00een perioada de Advent, majoritatea capacit\u0103\u021bilor sunt rezervate cu jum\u0103tate de an \u00eenainte. \u00cen baza recenziilor altor c\u0103l\u0103tori \u0219i a unei c\u0103ut\u0103ri atente pe Booking, am selectat pentru tine c\u00e2teva hoteluri cu un raport excelent pre\u021b-calitate:<\/p>\n\n\n\n<p class=\"wp-block-paragraph\"><strong>H\u00f4tel Cour du Corbeau Strasbourg &#8211; MGallery<\/strong> este o adev\u0103rat\u0103 bijuterie arhitectural\u0103 \u0219i unul dintre cele mai frumoase locuri de \u00eennoptat din tot ora\u0219ul. Se afl\u0103 \u00eentr-o cas\u0103 istoric\u0103 minunat renovat\u0103, cu pridvoare din lemn din secolul al \u0219aisprezecelea, \u0219i <strong>ofer\u0103 o atmosfer\u0103 romantic\u0103 de neuitat<\/strong> chiar l\u00e2ng\u0103 canalul cu ap\u0103. Oaspe\u021bii relateaz\u0103 entuziasma\u021bi c\u0103 micul dejun este bogat aproape p\u0103c\u0103tos, iar lini\u0219tea uimitoare, chiar dac\u0103 p\u00e2n\u0103 la catedral\u0103 ai doar cinci minute pe jos.<\/p>\n\n\n\n<p class=\"wp-block-paragraph\">Dac\u0103 preferi mai degrab\u0103 designul modern \u0219i liniile curate, <strong>H\u00f4tel L\u00c9ONOR the place to live<\/strong> are ceva aparte. Ofer\u0103 un interior modern \u00eentr-o cl\u0103dire istoric\u0103 la doi pa\u0219i de pia\u021ba Broglie \u0219i, mai ales, o curte interioar\u0103 superb\u0103, unde po\u021bi savura un pahar de vin alsacian dup\u0103 o zi \u00eentreag\u0103 de mers.<\/p>\n\n\n\n<p class=\"wp-block-paragraph\">Pentru c\u0103l\u0103torii cu un buget ceva mai str\u00e2ns, o alegere excelent\u0103 este <strong>H\u00f4tel Gutenberg<\/strong>, situat \u00eentr-un loc absolut strategic, la doi pa\u0219i de zona pietonal\u0103 principal\u0103. Camerele sunt ceva mai mici, dar <strong>se remarc\u0103 printr-o cur\u0103\u021benie perfect\u0103 \u0219i paturi foarte confortabile<\/strong>. Un mare plus este, potrivit oaspe\u021bilor, \u0219i personalul extrem de amabil, care te ajut\u0103 cu drag s\u0103 te orientezi \u00een ora\u0219 \u0219i \u00ee\u021bi recomand\u0103 cele mai bune brut\u0103rii locale din \u00eemprejurimi. Dac\u0103 vrei s\u0103 explorezi mai multe op\u021biuni la diverse niveluri de pre\u021b, arunc\u0103 o privire pe articolul nostru detaliat <a href=\"https:\/\/loudavymkrokem.cz\/kde-bydlet-ve-strasburku\/\">Unde s\u0103 locuie\u0219ti \u00een Strasbourg<\/a>.<\/p>\n\n\n\n\n\n<p class=\"wp-block-paragraph\"><em>\ud83d\udca1 <a href=\"https:\/\/www.stay22.com\/allez\/roam?aid=lukaskonecny&#038;campaign=loudavymkrokemcz&#038;campaign=co-videt-ve-strasburku&#038;address=%C5%A0trasburk%2C%20Francie\" target=\"_blank\" rel=\"nofollow noopener sponsored\">Pe aceast\u0103 hart\u0103 compari ce este liber chiar acum<\/a> \u2014 vezi imediat cu c\u00e2t mai ieftin\u0103 iese cazarea la c\u00e2teva sta\u021bii de centru.<\/em><\/p>\n\n<h2 class=\"wp-block-heading\"><span class=\"ez-toc-section\" id=\"18_idei_ce_sa_vezi_si_ce_sa_faci_in_Strasbourg_Franta\"><\/span>18 idei ce s\u0103 vezi \u0219i ce s\u0103 faci \u00een Strasbourg, Fran\u021ba<span class=\"ez-toc-section-end\"><\/span><\/h2>\n\n\n\n<p class=\"wp-block-paragraph\">Fie c\u0103 ai rezervat pentru vizita ora\u0219ului doar un weekend, fie o s\u0103pt\u0103m\u00e2n\u0103 \u00eentreag\u0103, cu siguran\u021b\u0103 nu te vei plictisi aici. Am preg\u0103tit pentru tine o <strong>list\u0103 cu optsprezece locuri \u0219i experien\u021be<\/strong> pe care sigur nu ar trebui s\u0103 le ratezi c\u00e2nd \u00ee\u021bi planifici itinerariul. Am inclus at\u00e2t cele mai cunoscute monumente iconice, c\u00e2t \u0219i c\u00e2teva col\u021buri mai lini\u0219tite.<\/p>\n\n\n\n<figure data-wp-context=\"{&quot;imageId&quot;:&quot;6a9c361051b1c&quot;}\" data-wp-interactive=\"core\/image\" data-wp-key=\"6a9c361051b1c\" class=\"wp-block-image size-full wp-lightbox-container\"><img decoding=\"async\" width=\"1600\" height=\"2133\" data-wp-class--hide=\"state.isContentHidden\" data-wp-class--show=\"state.isContentVisible\" data-wp-init=\"callbacks.setButtonStyles\" data-wp-on--click=\"actions.showLightbox\" data-wp-on--load=\"callbacks.setButtonStyles\" data-wp-on--pointerdown=\"actions.preloadImage\" data-wp-on--pointerenter=\"actions.preloadImageWithDelay\" data-wp-on--pointerleave=\"actions.cancelPreload\" data-wp-on-window--resize=\"callbacks.setButtonStyles\" src=\"https:\/\/loudavymkrokem.cz\/wp-content\/uploads\/2026\/09\/cath-drale-notre-dame-de-strasbourg.jpg\" alt=\"Cath\u00e9drale Notre-Dame-de-Strasbourg\" class=\"wp-image-413168\" title=\"\" srcset=\"https:\/\/loudavymkrokem.cz\/wp-content\/uploads\/2026\/09\/cath-drale-notre-dame-de-strasbourg.jpg 1600w, https:\/\/loudavymkrokem.cz\/wp-content\/uploads\/2026\/09\/cath-drale-notre-dame-de-strasbourg-225x300.jpg 225w, https:\/\/loudavymkrokem.cz\/wp-content\/uploads\/2026\/09\/cath-drale-notre-dame-de-strasbourg-700x933.jpg 700w, https:\/\/loudavymkrokem.cz\/wp-content\/uploads\/2026\/09\/cath-drale-notre-dame-de-strasbourg-768x1024.jpg 768w, https:\/\/loudavymkrokem.cz\/wp-content\/uploads\/2026\/09\/cath-drale-notre-dame-de-strasbourg-1152x1536.jpg 1152w, https:\/\/loudavymkrokem.cz\/wp-content\/uploads\/2026\/09\/cath-drale-notre-dame-de-strasbourg-1536x2048.jpg 1536w, https:\/\/loudavymkrokem.cz\/wp-content\/uploads\/2026\/09\/cath-drale-notre-dame-de-strasbourg-696x928.jpg 696w, https:\/\/loudavymkrokem.cz\/wp-content\/uploads\/2026\/09\/cath-drale-notre-dame-de-strasbourg-1392x1856.jpg 1392w\" sizes=\"(max-width: 1600px) 100vw, 1600px\" \/><button\n\t\t\tclass=\"lightbox-trigger\"\n\t\t\ttype=\"button\"\n\t\t\taria-haspopup=\"dialog\"\n\t\t\tdata-wp-bind--aria-label=\"state.thisImage.triggerButtonAriaLabel\"\n\t\t\tdata-wp-init=\"callbacks.initTriggerButton\"\n\t\t\tdata-wp-on--click=\"actions.showLightbox\"\n\t\t\tdata-wp-style--right=\"state.thisImage.buttonRight\"\n\t\t\tdata-wp-style--top=\"state.thisImage.buttonTop\"\n\t\t>\n\t\t\t<svg xmlns=\"http:\/\/www.w3.org\/2000\/svg\" width=\"12\" height=\"12\" fill=\"none\" viewBox=\"0 0 12 12\">\n\t\t\t\t<path fill=\"#fff\" d=\"M2 0a2 2 0 0 0-2 2v2h1.5V2a.5.5 0 0 1 .5-.5h2V0H2Zm2 10.5H2a.5.5 0 0 1-.5-.5V8H0v2a2 2 0 0 0 2 2h2v-1.5ZM8 12v-1.5h2a.5.5 0 0 0 .5-.5V8H12v2a2 2 0 0 1-2 2H8Zm2-12a2 2 0 0 1 2 2v2h-1.5V2a.5.5 0 0 0-.5-.5H8V0h2Z\" \/>\n\t\t\t<\/svg>\n\t\t<\/button><figcaption class=\"wp-element-caption\">Foto: Dorien Van Der Werf \/ Google Maps<\/figcaption><\/figure>\n\n\n\n<h3 class=\"wp-block-heading\"><span class=\"ez-toc-section\" id=\"1_Cathedrale_Notre-Dame-de-Strasbourg\"><\/span>1. Cath\u00e9drale Notre-Dame-de-Strasbourg<span class=\"ez-toc-section-end\"><\/span><\/h3>\n\n\n\n<p class=\"wp-block-paragraph\">Aceast\u0103 catedral\u0103 gotic\u0103 monumental\u0103 din secolul al treisprezecelea este pe bun\u0103 dreptate <strong>cel mai vizitat loc din tot ora\u0219ul<\/strong>. C\u00e2nd te opre\u0219ti prima dat\u0103 \u00een fa\u021ba ei, pe pia\u021beta nu foarte mare, fa\u021bada sa imens\u0103 din gresie roz din Vosgi \u00ee\u021bi taie negre\u0219it respira\u021bia. La aceast\u0103 construc\u021bie fascineaz\u0103 mai ales asimetria, pentru c\u0103 al doilea turn nu a fost niciodat\u0103 finalizat, iar catedrala \u0219i-a c\u00e2\u0219tigat astfel aspectul absolut inconfundabil. Construc\u021bia ei a durat c\u00e2teva secole, iar pe fiecare centimetru de piatr\u0103 se vede precizia incredibil\u0103 a mae\u0219trilor de atunci.<\/p>\n\n\n\n<p class=\"wp-block-paragraph\">\u00cen\u0103untru te a\u0219teapt\u0103 un spa\u021biu imens, luminat prin ferestre cu vitralii superbe, dintre care <strong>uria\u0219ul vitraliu-rozet\u0103 de deasupra intr\u0103rii principale este printre cele mai frumoase din toat\u0103 Europa<\/strong>. Intrarea \u00een nava principal\u0103 a catedralei este gratuit\u0103, dar preg\u0103te\u0219te-te c\u0103 la intrare exist\u0103 adesea coad\u0103 din cauza controalelor de securitate. Din fericire, coada \u00eenainteaz\u0103 destul de repede, a\u0219a c\u0103 nu are de ce s\u0103 te descurajeze. Interiorul propriu-zis este incredibil de maiestuos \u0219i chiar merit\u0103 s\u0103-l str\u0103ba\u021bi \u00een lini\u0219te, f\u0103r\u0103 s\u0103 te gr\u0103be\u0219ti nic\u0103ieri.<\/p>\n\n\n\n<p class=\"wp-block-paragraph\">\ud83d\udca1 Sfat: Cel mai bun moment pentru a fotografia exteriorul este <strong>dup\u0103-amiaza t\u00e2rziu sau spre sear\u0103<\/strong>, c\u00e2nd soarele apune \u0219i lumineaz\u0103 superb gresia roz, iar \u00eentreaga construc\u021bie cap\u0103t\u0103 o nuan\u021b\u0103 cald\u0103 uimitoare. \u00cen plus, pia\u021ba din jurul catedralei este m\u0103rginit\u0103 de case istorice, care completeaz\u0103 un decor perfect de fotogenic. Po\u021bi s\u0103 te a\u0219ezi \u00eentr-una dintre cafenelele din apropiere \u0219i s\u0103 prive\u0219ti pur \u0219i simplu cum se schimb\u0103 culorile pietrei.<\/p>\n\n\n\n<figure data-wp-context=\"{&quot;imageId&quot;:&quot;6a9c36105234e&quot;}\" data-wp-interactive=\"core\/image\" data-wp-key=\"6a9c36105234e\" class=\"wp-block-image size-full wp-lightbox-container\"><img decoding=\"async\" width=\"1171\" height=\"1560\" data-wp-class--hide=\"state.isContentHidden\" data-wp-class--show=\"state.isContentVisible\" data-wp-init=\"callbacks.setButtonStyles\" data-wp-on--click=\"actions.showLightbox\" data-wp-on--load=\"callbacks.setButtonStyles\" data-wp-on--pointerdown=\"actions.preloadImage\" data-wp-on--pointerenter=\"actions.preloadImageWithDelay\" data-wp-on--pointerleave=\"actions.cancelPreload\" data-wp-on-window--resize=\"callbacks.setButtonStyles\" src=\"https:\/\/loudavymkrokem.cz\/wp-content\/uploads\/2026\/09\/astronomick-hodiny-ze-estn-ct-ho-stolet.jpg\" alt=\"Ceasul astronomic din secolul al \u0219aisprezecelea\" class=\"wp-image-413172\" title=\"\" srcset=\"https:\/\/loudavymkrokem.cz\/wp-content\/uploads\/2026\/09\/astronomick-hodiny-ze-estn-ct-ho-stolet.jpg 1171w, https:\/\/loudavymkrokem.cz\/wp-content\/uploads\/2026\/09\/astronomick-hodiny-ze-estn-ct-ho-stolet-225x300.jpg 225w, https:\/\/loudavymkrokem.cz\/wp-content\/uploads\/2026\/09\/astronomick-hodiny-ze-estn-ct-ho-stolet-700x933.jpg 700w, https:\/\/loudavymkrokem.cz\/wp-content\/uploads\/2026\/09\/astronomick-hodiny-ze-estn-ct-ho-stolet-768x1023.jpg 768w, https:\/\/loudavymkrokem.cz\/wp-content\/uploads\/2026\/09\/astronomick-hodiny-ze-estn-ct-ho-stolet-1153x1536.jpg 1153w, https:\/\/loudavymkrokem.cz\/wp-content\/uploads\/2026\/09\/astronomick-hodiny-ze-estn-ct-ho-stolet-696x927.jpg 696w\" sizes=\"(max-width: 1171px) 100vw, 1171px\" \/><button\n\t\t\tclass=\"lightbox-trigger\"\n\t\t\ttype=\"button\"\n\t\t\taria-haspopup=\"dialog\"\n\t\t\tdata-wp-bind--aria-label=\"state.thisImage.triggerButtonAriaLabel\"\n\t\t\tdata-wp-init=\"callbacks.initTriggerButton\"\n\t\t\tdata-wp-on--click=\"actions.showLightbox\"\n\t\t\tdata-wp-style--right=\"state.thisImage.buttonRight\"\n\t\t\tdata-wp-style--top=\"state.thisImage.buttonTop\"\n\t\t>\n\t\t\t<svg xmlns=\"http:\/\/www.w3.org\/2000\/svg\" width=\"12\" height=\"12\" fill=\"none\" viewBox=\"0 0 12 12\">\n\t\t\t\t<path fill=\"#fff\" d=\"M2 0a2 2 0 0 0-2 2v2h1.5V2a.5.5 0 0 1 .5-.5h2V0H2Zm2 10.5H2a.5.5 0 0 1-.5-.5V8H0v2a2 2 0 0 0 2 2h2v-1.5ZM8 12v-1.5h2a.5.5 0 0 0 .5-.5V8H12v2a2 2 0 0 1-2 2H8Zm2-12a2 2 0 0 1 2 2v2h-1.5V2a.5.5 0 0 0-.5-.5H8V0h2Z\" \/>\n\t\t\t<\/svg>\n\t\t<\/button><figcaption class=\"wp-element-caption\">Foto: H \/ Google Maps<\/figcaption><\/figure>\n\n\n\n<h3 class=\"wp-block-heading\"><span class=\"ez-toc-section\" id=\"2_Ceasul_astronomic_din_secolul_al_saisprezecelea\"><\/span>2. Ceasul astronomic din secolul al \u0219aisprezecelea<span class=\"ez-toc-section-end\"><\/span><\/h3>\n\n\n\n<p class=\"wp-block-paragraph\">Chiar \u00een interiorul catedralei se ascunde o minune tehnic\u0103 \u0219i artistic\u0103: <strong>ceasul astronomic renascentist<\/strong>. Acest mecanism complex dateaz\u0103 din secolul al \u0219aisprezecelea \u0219i arat\u0103 nu doar ora exact\u0103, ci \u0219i pozi\u021bia soarelui \u0219i a lunii sau semnul zodiacal actual. Detaliile \u0219i precizia lucr\u0103rii de sculptur\u0103 \u00een lemn de pe carcasa ceasului sunt incredibile de aproape \u0219i dovedesc m\u0103iestria uria\u0219\u0103 a matematicienilor \u0219i me\u0219te\u0219ugarilor de atunci.<\/p>\n\n\n\n<p class=\"wp-block-paragraph\">Reprezenta\u021bia principal\u0103 are loc \u00een fiecare zi fix la dou\u0103sprezece \u0219i treizeci de minute, c\u00e2nd <strong>se porne\u0219te o parad\u0103 complex\u0103 de figurine mi\u0219c\u0103toare<\/strong>. Vei vedea apostolii defil\u00e2nd \u00een fa\u021ba lui Hristos \u0219i diverse etape ale vie\u021bii umane, de la copil\u0103rie p\u00e2n\u0103 la moarte, care m\u0103soar\u0103 simbolic scurgerea timpului. Pentru acest spectacol popular de amiaz\u0103 se pl\u0103te\u0219te o mic\u0103 tax\u0103 de intrare, iar biletele se v\u00e2nd la portalul sudic, a\u0219a c\u0103 e bine s\u0103 vii din timp ca s\u0103 ai m\u0103car pu\u021bin\u0103 vizibilitate.<\/p>\n\n\n\n<p class=\"wp-block-paragraph\">Chiar dac\u0103 nu prinzi reprezenta\u021bia de amiaz\u0103, ceasul merit\u0103 v\u0103zut oric\u00e2nd. Mi\u0219c\u0103ri mai mici ale figurinelor au loc la fiecare sfert de or\u0103, iar \u00eentregul mecanism este, \u00een plus, frumos iluminat, a\u0219a c\u0103 cu siguran\u021b\u0103 nu pierzi experien\u021ba.<\/p>\n\n\n\n<figure data-wp-context=\"{&quot;imageId&quot;:&quot;6a9c361052b1b&quot;}\" data-wp-interactive=\"core\/image\" data-wp-key=\"6a9c361052b1b\" class=\"wp-block-image size-full wp-lightbox-container\"><img decoding=\"async\" width=\"1080\" height=\"1397\" data-wp-class--hide=\"state.isContentHidden\" data-wp-class--show=\"state.isContentVisible\" data-wp-init=\"callbacks.setButtonStyles\" data-wp-on--click=\"actions.showLightbox\" data-wp-on--load=\"callbacks.setButtonStyles\" data-wp-on--pointerdown=\"actions.preloadImage\" data-wp-on--pointerenter=\"actions.preloadImageWithDelay\" data-wp-on--pointerleave=\"actions.cancelPreload\" data-wp-on-window--resize=\"callbacks.setButtonStyles\" src=\"https:\/\/loudavymkrokem.cz\/wp-content\/uploads\/2026\/09\/swap-412754-3-f43292b7.jpg\" alt=\"Priveli\u0219te de pe platforma catedralei din Strasbourg\" class=\"wp-image-413447\" title=\"\" srcset=\"https:\/\/loudavymkrokem.cz\/wp-content\/uploads\/2026\/09\/swap-412754-3-f43292b7.jpg 1080w, https:\/\/loudavymkrokem.cz\/wp-content\/uploads\/2026\/09\/swap-412754-3-f43292b7-232x300.jpg 232w, https:\/\/loudavymkrokem.cz\/wp-content\/uploads\/2026\/09\/swap-412754-3-f43292b7-700x905.jpg 700w, https:\/\/loudavymkrokem.cz\/wp-content\/uploads\/2026\/09\/swap-412754-3-f43292b7-768x993.jpg 768w, https:\/\/loudavymkrokem.cz\/wp-content\/uploads\/2026\/09\/swap-412754-3-f43292b7-696x900.jpg 696w\" sizes=\"(max-width: 1080px) 100vw, 1080px\" \/><button\n\t\t\tclass=\"lightbox-trigger\"\n\t\t\ttype=\"button\"\n\t\t\taria-haspopup=\"dialog\"\n\t\t\tdata-wp-bind--aria-label=\"state.thisImage.triggerButtonAriaLabel\"\n\t\t\tdata-wp-init=\"callbacks.initTriggerButton\"\n\t\t\tdata-wp-on--click=\"actions.showLightbox\"\n\t\t\tdata-wp-style--right=\"state.thisImage.buttonRight\"\n\t\t\tdata-wp-style--top=\"state.thisImage.buttonTop\"\n\t\t>\n\t\t\t<svg xmlns=\"http:\/\/www.w3.org\/2000\/svg\" width=\"12\" height=\"12\" fill=\"none\" viewBox=\"0 0 12 12\">\n\t\t\t\t<path fill=\"#fff\" d=\"M2 0a2 2 0 0 0-2 2v2h1.5V2a.5.5 0 0 1 .5-.5h2V0H2Zm2 10.5H2a.5.5 0 0 1-.5-.5V8H0v2a2 2 0 0 0 2 2h2v-1.5ZM8 12v-1.5h2a.5.5 0 0 0 .5-.5V8H12v2a2 2 0 0 1-2 2H8Zm2-12a2 2 0 0 1 2 2v2h-1.5V2a.5.5 0 0 0-.5-.5H8V0h2Z\" \/>\n\t\t\t<\/svg>\n\t\t<\/button><figcaption class=\"wp-element-caption\">Foto: Lydia Bogdanovic \/ Google Maps<\/figcaption><\/figure>\n\n\n\n<h3 class=\"wp-block-heading\"><span class=\"ez-toc-section\" id=\"3_Urcarea_pe_platforma_panoramica_a_catedralei\"><\/span>3. Urcarea pe platforma panoramic\u0103 a catedralei<span class=\"ez-toc-section-end\"><\/span><\/h3>\n\n\n\n<p class=\"wp-block-paragraph\">Dac\u0103 nu suferi de ame\u021beli \u0219i ai m\u0103car o condi\u021bie fizic\u0103 decent\u0103, <strong>nu trebuie s\u0103 ratezi \u00een niciun caz urcarea pe platforma panoramic\u0103<\/strong>. Se afl\u0103 la \u00een\u0103l\u021bimea impresionant\u0103 de \u0219aizeci \u0219i \u0219ase de metri, iar spre v\u00e2rf duc trei sute treizeci \u0219i doi de sc\u0103ri \u00een spiral\u0103 destul de \u00eenguste. Biletele le cumperi dintr-o c\u0103su\u021b\u0103 mic\u0103 din dreapta intr\u0103rii principale, iar sus las\u0103 doar un num\u0103r limitat de oameni deodat\u0103, deci nu te teme de o scurt\u0103 a\u0219teptare.<\/p>\n\n\n\n<p class=\"wp-block-paragraph\">R\u0103splata pentru tricoul asudat va fi <strong>o priveli\u0219te panoramic\u0103 absolut fantastic\u0103 asupra \u00eentregului ora\u0219<\/strong>. Vei vedea acoperi\u0219urile caselor istorice, re\u021beaua \u00eenc\u00e2lcit\u0103 de canale, iar pe vreme senin\u0103 ajungi cu privirea p\u00e2n\u0103 la mun\u021bii Vosgi, pe partea francez\u0103, \u0219i p\u00e2n\u0103 la \u00eentunecata P\u0103dure Neagr\u0103, pe partea german\u0103. Este cel mai bun mod de a \u00een\u021belege dispunerea general\u0103 a ora\u0219ului \u0219i de a afla unde se afl\u0103 cele mai interesante cartiere.<\/p>\n\n\n\n<p class=\"wp-block-paragraph\">\ud83d\udca1 Sfat: Chiar nu recomand urcarea persoanelor cu claustrofobie, pentru c\u0103 <strong>scara este pe alocuri foarte \u00eengust\u0103 \u0219i nu te po\u021bi feri u\u0219or de ceilal\u021bi vizitatori<\/strong>. Sus, pe platform\u0103, este \u00eens\u0103 din fericire suficient loc pentru odihn\u0103 \u0219i pentru cele mai frumoase fotografii din perspectiva p\u0103s\u0103rii.<\/p>\n\n\n\n<figure data-wp-context=\"{&quot;imageId&quot;:&quot;6a9c3610531ba&quot;}\" data-wp-interactive=\"core\/image\" data-wp-key=\"6a9c3610531ba\" class=\"wp-block-image size-full wp-lightbox-container\"><img decoding=\"async\" width=\"1600\" height=\"2133\" data-wp-class--hide=\"state.isContentHidden\" data-wp-class--show=\"state.isContentVisible\" data-wp-init=\"callbacks.setButtonStyles\" data-wp-on--click=\"actions.showLightbox\" data-wp-on--load=\"callbacks.setButtonStyles\" data-wp-on--pointerdown=\"actions.preloadImage\" data-wp-on--pointerenter=\"actions.preloadImageWithDelay\" data-wp-on--pointerleave=\"actions.cancelPreload\" data-wp-on-window--resize=\"callbacks.setButtonStyles\" src=\"https:\/\/loudavymkrokem.cz\/wp-content\/uploads\/2026\/09\/petite-france.jpg\" alt=\"Petite France\" class=\"wp-image-413182\" title=\"\" srcset=\"https:\/\/loudavymkrokem.cz\/wp-content\/uploads\/2026\/09\/petite-france.jpg 1600w, https:\/\/loudavymkrokem.cz\/wp-content\/uploads\/2026\/09\/petite-france-225x300.jpg 225w, https:\/\/loudavymkrokem.cz\/wp-content\/uploads\/2026\/09\/petite-france-700x933.jpg 700w, https:\/\/loudavymkrokem.cz\/wp-content\/uploads\/2026\/09\/petite-france-768x1024.jpg 768w, https:\/\/loudavymkrokem.cz\/wp-content\/uploads\/2026\/09\/petite-france-1152x1536.jpg 1152w, https:\/\/loudavymkrokem.cz\/wp-content\/uploads\/2026\/09\/petite-france-1536x2048.jpg 1536w, https:\/\/loudavymkrokem.cz\/wp-content\/uploads\/2026\/09\/petite-france-696x928.jpg 696w, https:\/\/loudavymkrokem.cz\/wp-content\/uploads\/2026\/09\/petite-france-1392x1856.jpg 1392w\" sizes=\"(max-width: 1600px) 100vw, 1600px\" \/><button\n\t\t\tclass=\"lightbox-trigger\"\n\t\t\ttype=\"button\"\n\t\t\taria-haspopup=\"dialog\"\n\t\t\tdata-wp-bind--aria-label=\"state.thisImage.triggerButtonAriaLabel\"\n\t\t\tdata-wp-init=\"callbacks.initTriggerButton\"\n\t\t\tdata-wp-on--click=\"actions.showLightbox\"\n\t\t\tdata-wp-style--right=\"state.thisImage.buttonRight\"\n\t\t\tdata-wp-style--top=\"state.thisImage.buttonTop\"\n\t\t>\n\t\t\t<svg xmlns=\"http:\/\/www.w3.org\/2000\/svg\" width=\"12\" height=\"12\" fill=\"none\" viewBox=\"0 0 12 12\">\n\t\t\t\t<path fill=\"#fff\" d=\"M2 0a2 2 0 0 0-2 2v2h1.5V2a.5.5 0 0 1 .5-.5h2V0H2Zm2 10.5H2a.5.5 0 0 1-.5-.5V8H0v2a2 2 0 0 0 2 2h2v-1.5ZM8 12v-1.5h2a.5.5 0 0 0 .5-.5V8H12v2a2 2 0 0 1-2 2H8Zm2-12a2 2 0 0 1 2 2v2h-1.5V2a.5.5 0 0 0-.5-.5H8V0h2Z\" \/>\n\t\t\t<\/svg>\n\t\t<\/button><figcaption class=\"wp-element-caption\">Foto: Zulfikar CEKIC \/ Google Maps<\/figcaption><\/figure>\n\n\n\n<h3 class=\"wp-block-heading\"><span class=\"ez-toc-section\" id=\"4_Petite_France\"><\/span>4. Petite France<span class=\"ez-toc-section-end\"><\/span><\/h3>\n\n\n\n<p class=\"wp-block-paragraph\">Cel mai fotografiat \u0219i, f\u0103r\u0103 \u00eendoial\u0103, cel mai romantic cartier din tot ora\u0219ul este vestitul Petite France. \u00cen trecut, aici locuiau \u0219i lucrau mai ales t\u0103b\u0103cari, morari \u0219i pescari, care aveau nevoie de acces direct la apa curg\u0103toare pentru meseriile lor grele. Ast\u0103zi este o <strong>re\u021bea superb\u0103 de canale \u00eenguste m\u0103rginite de case cu grinzi aparente perfect conservate<\/strong>, cu tipicele acoperi\u0219uri \u00eenclinate sub care se uscau odinioar\u0103 pieile de animale.<\/p>\n\n\n\n<p class=\"wp-block-paragraph\">Cel mai bun mod de a te bucura de acest cartier istoric este <strong>pur \u0219i simplu s\u0103 te pierzi f\u0103r\u0103 grab\u0103 pe str\u0103du\u021bele lui<\/strong>. Vei da peste o mul\u021bime de magazina\u0219e, brut\u0103rii me\u0219te\u0219ug\u0103re\u0219ti \u0219i cafenele primitoare, unde po\u021bi face un popas la o cafea \u0219i s\u0103 prive\u0219ti b\u0103rcile de agrement care trec pe l\u00e2ng\u0103 tine. Vara, \u00een plus, toate ferestrele \u0219i podurile sunt \u00eemp\u00e2nzite de mu\u0219cate colorate, ceea ce creeaz\u0103 un decor de-a dreptul de basm.<\/p>\n\n\n\n<p class=\"wp-block-paragraph\">De\u0219i e vorba de partea cea mai aglomerat\u0103 turistic din ora\u0219, \u00ee\u0219i p\u0103streaz\u0103 totu\u0219i un farmec uria\u0219. <strong>\u00cencearc\u0103 s\u0103 vii aici foarte devreme diminea\u021ba, \u00eenainte ca str\u0103zile s\u0103 se umple de mul\u021bimi<\/strong>, \u0219i vei tr\u0103i adev\u0103rata atmosfer\u0103 alsacian\u0103 lini\u0219tit\u0103, c\u00e2nd pe luciul nemi\u0219cat al canalelor se oglindesc fa\u021badele istorice vechi.<\/p>\n\n\n\n<figure data-wp-context=\"{&quot;imageId&quot;:&quot;6a9c3610537b8&quot;}\" data-wp-interactive=\"core\/image\" data-wp-key=\"6a9c3610537b8\" class=\"wp-block-image size-full wp-lightbox-container\"><img decoding=\"async\" width=\"1600\" height=\"1200\" data-wp-class--hide=\"state.isContentHidden\" data-wp-class--show=\"state.isContentVisible\" data-wp-init=\"callbacks.setButtonStyles\" data-wp-on--click=\"actions.showLightbox\" data-wp-on--load=\"callbacks.setButtonStyles\" data-wp-on--pointerdown=\"actions.preloadImage\" data-wp-on--pointerenter=\"actions.preloadImageWithDelay\" data-wp-on--pointerleave=\"actions.cancelPreload\" data-wp-on-window--resize=\"callbacks.setButtonStyles\" src=\"https:\/\/loudavymkrokem.cz\/wp-content\/uploads\/2026\/09\/ponts-couverts-de-strasbourg.jpg\" alt=\"Ponts Couverts de Strasbourg\" class=\"wp-image-413186\" title=\"\" srcset=\"https:\/\/loudavymkrokem.cz\/wp-content\/uploads\/2026\/09\/ponts-couverts-de-strasbourg.jpg 1600w, https:\/\/loudavymkrokem.cz\/wp-content\/uploads\/2026\/09\/ponts-couverts-de-strasbourg-300x225.jpg 300w, https:\/\/loudavymkrokem.cz\/wp-content\/uploads\/2026\/09\/ponts-couverts-de-strasbourg-700x525.jpg 700w, https:\/\/loudavymkrokem.cz\/wp-content\/uploads\/2026\/09\/ponts-couverts-de-strasbourg-768x576.jpg 768w, https:\/\/loudavymkrokem.cz\/wp-content\/uploads\/2026\/09\/ponts-couverts-de-strasbourg-1536x1152.jpg 1536w, https:\/\/loudavymkrokem.cz\/wp-content\/uploads\/2026\/09\/ponts-couverts-de-strasbourg-80x60.jpg 80w, https:\/\/loudavymkrokem.cz\/wp-content\/uploads\/2026\/09\/ponts-couverts-de-strasbourg-160x120.jpg 160w, https:\/\/loudavymkrokem.cz\/wp-content\/uploads\/2026\/09\/ponts-couverts-de-strasbourg-696x522.jpg 696w, https:\/\/loudavymkrokem.cz\/wp-content\/uploads\/2026\/09\/ponts-couverts-de-strasbourg-1392x1044.jpg 1392w\" sizes=\"(max-width: 1600px) 100vw, 1600px\" \/><button\n\t\t\tclass=\"lightbox-trigger\"\n\t\t\ttype=\"button\"\n\t\t\taria-haspopup=\"dialog\"\n\t\t\tdata-wp-bind--aria-label=\"state.thisImage.triggerButtonAriaLabel\"\n\t\t\tdata-wp-init=\"callbacks.initTriggerButton\"\n\t\t\tdata-wp-on--click=\"actions.showLightbox\"\n\t\t\tdata-wp-style--right=\"state.thisImage.buttonRight\"\n\t\t\tdata-wp-style--top=\"state.thisImage.buttonTop\"\n\t\t>\n\t\t\t<svg xmlns=\"http:\/\/www.w3.org\/2000\/svg\" width=\"12\" height=\"12\" fill=\"none\" viewBox=\"0 0 12 12\">\n\t\t\t\t<path fill=\"#fff\" d=\"M2 0a2 2 0 0 0-2 2v2h1.5V2a.5.5 0 0 1 .5-.5h2V0H2Zm2 10.5H2a.5.5 0 0 1-.5-.5V8H0v2a2 2 0 0 0 2 2h2v-1.5ZM8 12v-1.5h2a.5.5 0 0 0 .5-.5V8H12v2a2 2 0 0 1-2 2H8Zm2-12a2 2 0 0 1 2 2v2h-1.5V2a.5.5 0 0 0-.5-.5H8V0h2Z\" \/>\n\t\t\t<\/svg>\n\t\t<\/button><figcaption class=\"wp-element-caption\">Foto: Lukas PL \/ Google Maps<\/figcaption><\/figure>\n\n\n\n<h3 class=\"wp-block-heading\"><span class=\"ez-toc-section\" id=\"5_Ponts_Couverts_de_Strasbourg\"><\/span>5. Ponts Couverts de Strasbourg<span class=\"ez-toc-section-end\"><\/span><\/h3>\n\n\n\n<p class=\"wp-block-paragraph\">Chiar la marginea pitorescului cartier Petite France dai peste r\u0103m\u0103\u0219i\u021bele impun\u0103toare ale fortifica\u021biilor medievale, cunoscute drept Ponts Couverts. Ini\u021bial era vorba de un sistem ingenios de trei poduri \u0219i patru turnuri de ap\u0103rare din secolul al treisprezecelea, care <strong>serveau la protejarea ora\u0219ului \u00eempotriva atacurilor inamice pe r\u00e2u<\/strong>. De\u0219i podurile \u0219i-au pierdut de mult acoperi\u0219urile originale din lemn, numele de poduri acoperite le-a r\u0103mas p\u00e2n\u0103 ast\u0103zi, spre surprinderea multor turi\u0219ti.<\/p>\n\n\n\n<p class=\"wp-block-paragraph\">Plimbarea pe aceste poduri de piatr\u0103 ofer\u0103 priveli\u0219ti superbe asupra luciului apei \u0219i ad\u00e2nc \u00een ora\u0219ul vechi. <strong>Cele patru turnuri masive p\u0103trate arat\u0103 cu adev\u0103rat maiestuos<\/strong> \u0219i completeaz\u0103 perfect caracterul istoric mai aspru al acestei p\u0103r\u021bi a ora\u0219ului. \u00centregul complex este, \u00een plus, iluminat foarte elegant \u0219i dramatic noaptea, a\u0219a c\u0103 o plimbare de sear\u0103 are un farmec absolut inconfundabil \u0219i u\u0219or misterios.<\/p>\n\n\n\n<p class=\"wp-block-paragraph\">Umbl\u00e2nd prin aceast\u0103 zon\u0103, vei da peste o mul\u021bime de col\u021buri frumoase \u0219i b\u0103nci ascunse, unde te po\u021bi odihni. \u00cemprejurimile podurilor sunt frumos n\u0103p\u0103dite de verdea\u021b\u0103 \u0219i copaci \u00eenal\u021bi, a\u0219a c\u0103 vara, pe canicul\u0103, m\u0103car nu-\u021bi frigi creierii \u00een timp ce te relaxezi.<\/p>\n\n\n\n<figure data-wp-context=\"{&quot;imageId&quot;:&quot;6a9c361053f8b&quot;}\" data-wp-interactive=\"core\/image\" data-wp-key=\"6a9c361053f8b\" class=\"wp-block-image size-full wp-lightbox-container\"><img decoding=\"async\" width=\"1600\" height=\"1200\" data-wp-class--hide=\"state.isContentHidden\" data-wp-class--show=\"state.isContentVisible\" data-wp-init=\"callbacks.setButtonStyles\" data-wp-on--click=\"actions.showLightbox\" data-wp-on--load=\"callbacks.setButtonStyles\" data-wp-on--pointerdown=\"actions.preloadImage\" data-wp-on--pointerenter=\"actions.preloadImageWithDelay\" data-wp-on--pointerleave=\"actions.cancelPreload\" data-wp-on-window--resize=\"callbacks.setButtonStyles\" src=\"https:\/\/loudavymkrokem.cz\/wp-content\/uploads\/2026\/09\/barrage-vauban.jpg\" alt=\"Barrage Vauban\" class=\"wp-image-413191\" title=\"\" srcset=\"https:\/\/loudavymkrokem.cz\/wp-content\/uploads\/2026\/09\/barrage-vauban.jpg 1600w, https:\/\/loudavymkrokem.cz\/wp-content\/uploads\/2026\/09\/barrage-vauban-300x225.jpg 300w, https:\/\/loudavymkrokem.cz\/wp-content\/uploads\/2026\/09\/barrage-vauban-700x525.jpg 700w, https:\/\/loudavymkrokem.cz\/wp-content\/uploads\/2026\/09\/barrage-vauban-768x576.jpg 768w, https:\/\/loudavymkrokem.cz\/wp-content\/uploads\/2026\/09\/barrage-vauban-1536x1152.jpg 1536w, https:\/\/loudavymkrokem.cz\/wp-content\/uploads\/2026\/09\/barrage-vauban-80x60.jpg 80w, https:\/\/loudavymkrokem.cz\/wp-content\/uploads\/2026\/09\/barrage-vauban-160x120.jpg 160w, https:\/\/loudavymkrokem.cz\/wp-content\/uploads\/2026\/09\/barrage-vauban-696x522.jpg 696w, https:\/\/loudavymkrokem.cz\/wp-content\/uploads\/2026\/09\/barrage-vauban-1392x1044.jpg 1392w\" sizes=\"(max-width: 1600px) 100vw, 1600px\" \/><button\n\t\t\tclass=\"lightbox-trigger\"\n\t\t\ttype=\"button\"\n\t\t\taria-haspopup=\"dialog\"\n\t\t\tdata-wp-bind--aria-label=\"state.thisImage.triggerButtonAriaLabel\"\n\t\t\tdata-wp-init=\"callbacks.initTriggerButton\"\n\t\t\tdata-wp-on--click=\"actions.showLightbox\"\n\t\t\tdata-wp-style--right=\"state.thisImage.buttonRight\"\n\t\t\tdata-wp-style--top=\"state.thisImage.buttonTop\"\n\t\t>\n\t\t\t<svg xmlns=\"http:\/\/www.w3.org\/2000\/svg\" width=\"12\" height=\"12\" fill=\"none\" viewBox=\"0 0 12 12\">\n\t\t\t\t<path fill=\"#fff\" d=\"M2 0a2 2 0 0 0-2 2v2h1.5V2a.5.5 0 0 1 .5-.5h2V0H2Zm2 10.5H2a.5.5 0 0 1-.5-.5V8H0v2a2 2 0 0 0 2 2h2v-1.5ZM8 12v-1.5h2a.5.5 0 0 0 .5-.5V8H12v2a2 2 0 0 1-2 2H8Zm2-12a2 2 0 0 1 2 2v2h-1.5V2a.5.5 0 0 0-.5-.5H8V0h2Z\" \/>\n\t\t\t<\/svg>\n\t\t<\/button><figcaption class=\"wp-element-caption\">Foto: cyril L. \/ Google Maps<\/figcaption><\/figure>\n\n\n\n<h3 class=\"wp-block-heading\"><span class=\"ez-toc-section\" id=\"6_Barrage_Vauban\"><\/span>6. Barrage Vauban<span class=\"ez-toc-section-end\"><\/span><\/h3>\n\n\n\n<p class=\"wp-block-paragraph\">Dac\u0103 e\u0219ti \u00een c\u0103utarea celui mai bun loc pentru a face fotografia perfect\u0103 a ora\u0219ului Strasbourg, trebuie s\u0103 porne\u0219ti spre Barrage Vauban. Acest baraj imens \u0219i pod \u00een acela\u0219i timp, din gresie roz, a fost construit \u00een secolul al \u0219aptesprezecelea dup\u0103 planurile celebrului inginer militar Vauban. <strong>Scopul s\u0103u principal era ca, \u00een caz de pericol, s\u0103 inunde partea de sud a ora\u0219ului<\/strong> \u0219i s\u0103 \u00eempiedice astfel \u00eenaintarea trupelor inamice spre centrul propriu-zis.<\/p>\n\n\n\n<p class=\"wp-block-paragraph\">Ast\u0103zi, \u00een\u0103untru se ascunde o galerie de sculpturi \u0219i garguie salvate din catedral\u0103. Este interesant, dar, sincer, ai venit aici pentru acoperi\u0219. <strong>Pe terasa \u00eentins\u0103 se afl\u0103 o platform\u0103 panoramic\u0103, la care intrarea este complet gratuit\u0103 pentru toat\u0103 lumea<\/strong>. Tocmai de aici se deschide cea mai cunoscut\u0103 priveli\u0219te iconic\u0103 asupra turnurilor Ponts Couverts, a cartierului Petite France cu case din grinzi aparente \u0219i a turnului maiestuos al catedralei, \u00een fundal.<\/p>\n\n\n\n<p class=\"wp-block-paragraph\">\ud83d\udca1 Sfat: Accesul la terasa panoramic\u0103 se face de obicei pe sc\u0103ri, dar <strong>\u00een interiorul cl\u0103dirii exist\u0103 \u0219i un lift<\/strong>, a\u0219a c\u0103 ajung comod sus \u0219i familiile cu c\u0103rucioare sau c\u0103l\u0103torii cu mobilitate redus\u0103. Terasa se \u00eencuie noaptea din motive de siguran\u021b\u0103, a\u0219a c\u0103 verific\u0103 \u00een prealabil programul actual.<\/p>\n\n\n\n<figure data-wp-context=\"{&quot;imageId&quot;:&quot;6a9c36105467f&quot;}\" data-wp-interactive=\"core\/image\" data-wp-key=\"6a9c36105467f\" class=\"wp-block-image size-full wp-lightbox-container\"><img decoding=\"async\" width=\"1600\" height=\"1200\" data-wp-class--hide=\"state.isContentHidden\" data-wp-class--show=\"state.isContentVisible\" data-wp-init=\"callbacks.setButtonStyles\" data-wp-on--click=\"actions.showLightbox\" data-wp-on--load=\"callbacks.setButtonStyles\" data-wp-on--pointerdown=\"actions.preloadImage\" data-wp-on--pointerenter=\"actions.preloadImageWithDelay\" data-wp-on--pointerleave=\"actions.cancelPreload\" data-wp-on-window--resize=\"callbacks.setButtonStyles\" src=\"https:\/\/loudavymkrokem.cz\/wp-content\/uploads\/2026\/09\/swap-412754-7-b98b2d6c.jpg\" alt=\"Croazier\u0103 panoramic\u0103 Batorama \u00een Strasbourg\" class=\"wp-image-413433\" title=\"\" srcset=\"https:\/\/loudavymkrokem.cz\/wp-content\/uploads\/2026\/09\/swap-412754-7-b98b2d6c.jpg 1600w, https:\/\/loudavymkrokem.cz\/wp-content\/uploads\/2026\/09\/swap-412754-7-b98b2d6c-300x225.jpg 300w, https:\/\/loudavymkrokem.cz\/wp-content\/uploads\/2026\/09\/swap-412754-7-b98b2d6c-700x525.jpg 700w, https:\/\/loudavymkrokem.cz\/wp-content\/uploads\/2026\/09\/swap-412754-7-b98b2d6c-768x576.jpg 768w, https:\/\/loudavymkrokem.cz\/wp-content\/uploads\/2026\/09\/swap-412754-7-b98b2d6c-1536x1152.jpg 1536w, https:\/\/loudavymkrokem.cz\/wp-content\/uploads\/2026\/09\/swap-412754-7-b98b2d6c-80x60.jpg 80w, https:\/\/loudavymkrokem.cz\/wp-content\/uploads\/2026\/09\/swap-412754-7-b98b2d6c-160x120.jpg 160w, https:\/\/loudavymkrokem.cz\/wp-content\/uploads\/2026\/09\/swap-412754-7-b98b2d6c-696x522.jpg 696w, https:\/\/loudavymkrokem.cz\/wp-content\/uploads\/2026\/09\/swap-412754-7-b98b2d6c-1392x1044.jpg 1392w\" sizes=\"(max-width: 1600px) 100vw, 1600px\" \/><button\n\t\t\tclass=\"lightbox-trigger\"\n\t\t\ttype=\"button\"\n\t\t\taria-haspopup=\"dialog\"\n\t\t\tdata-wp-bind--aria-label=\"state.thisImage.triggerButtonAriaLabel\"\n\t\t\tdata-wp-init=\"callbacks.initTriggerButton\"\n\t\t\tdata-wp-on--click=\"actions.showLightbox\"\n\t\t\tdata-wp-style--right=\"state.thisImage.buttonRight\"\n\t\t\tdata-wp-style--top=\"state.thisImage.buttonTop\"\n\t\t>\n\t\t\t<svg xmlns=\"http:\/\/www.w3.org\/2000\/svg\" width=\"12\" height=\"12\" fill=\"none\" viewBox=\"0 0 12 12\">\n\t\t\t\t<path fill=\"#fff\" d=\"M2 0a2 2 0 0 0-2 2v2h1.5V2a.5.5 0 0 1 .5-.5h2V0H2Zm2 10.5H2a.5.5 0 0 1-.5-.5V8H0v2a2 2 0 0 0 2 2h2v-1.5ZM8 12v-1.5h2a.5.5 0 0 0 .5-.5V8H12v2a2 2 0 0 1-2 2H8Zm2-12a2 2 0 0 1 2 2v2h-1.5V2a.5.5 0 0 0-.5-.5H8V0h2Z\" \/>\n\t\t\t<\/svg>\n\t\t<\/button><figcaption class=\"wp-element-caption\">Foto: Chris Jeffery \/ Google Maps<\/figcaption><\/figure>\n\n\n\n<h3 class=\"wp-block-heading\"><span class=\"ez-toc-section\" id=\"7_Croaziera_pe_canale_cu_Batorama\"><\/span>7. Croazier\u0103 pe canale cu Batorama<span class=\"ez-toc-section-end\"><\/span><\/h3>\n\n\n\n<p class=\"wp-block-paragraph\">Dac\u0103 vrei s\u0103-\u021bi faci o imagine rapid\u0103 \u0219i de ansamblu asupra ora\u0219ului dintr-o perspectiv\u0103 complet diferit\u0103, <a href=\"https:\/\/www.batorama.com\/\" target=\"_blank\" rel=\"nofollow noopener\">croaziera panoramic\u0103 cu barca Batorama<\/a> este ceva ce pur \u0219i simplu nu vrei s\u0103 sari, mai ales c\u00e2nd \u00eencep s\u0103 te doar\u0103 picioarele. Ponton g\u0103se\u0219ti foarte u\u0219or chiar l\u00e2ng\u0103 catedral\u0103, la debarcaderul Embarcad\u00e8re Batorama Cath\u00e9drale, de unde b\u0103rcile pornesc regulat pe un traseu de \u0219aptezeci de minute prin tot centrul istoric \u0219i cartierul european mai modern. Este cel mai bun mod de a \u00een\u021belege ora\u0219ul atunci c\u00e2nd te dor picioarele.<\/p>\n\n\n\n<p class=\"wp-block-paragraph\">\u00cen timpul croazierei treci prin romanticul cartier Petite France, unde barca dep\u0103\u0219e\u0219te diferen\u021bele de nivel cu ajutorul unor ecluze vechi \u0219i \u00eenguste, ceea ce e \u00een sine un spectacol de neuitat. <strong>Po\u021bi alege \u00eentre b\u0103rci complet deschise \u0219i b\u0103rci cu geamuri<\/strong>, iar pe cele cu geamuri le vei aprecia mai ales \u00een lunile mai reci de prim\u0103var\u0103 sau toamn\u0103, pentru c\u0103 sunt perfect \u00eenc\u0103lzite \u0219i protejate de ploaie. Sunt disponibili \u0219i ghizi audio cu explica\u021bii.<\/p>\n\n\n\n<p class=\"wp-block-paragraph\">\ud83d\udca1 Sfat: Mai ales \u00een plin sezon de var\u0103 \u0219i \u00een weekendurile \u00eensorite, biletele se epuizeaz\u0103 foarte rapid pentru toat\u0103 ziua. <strong>\u00ce\u021bi recomand s\u0103 rezervi biletele online din timp<\/strong>, ca s\u0103-\u021bi economise\u0219ti a\u0219teptarea inutil\u0103 la coad\u0103 \u0219i s\u0103 ai certitudinea c\u0103 ajungi la bord exact la ora aleas\u0103 de tine.<\/p>\n\n\n\n<figure data-wp-context=\"{&quot;imageId&quot;:&quot;6a9c361054c03&quot;}\" data-wp-interactive=\"core\/image\" data-wp-key=\"6a9c361054c03\" class=\"wp-block-image size-full wp-lightbox-container\"><img decoding=\"async\" width=\"1280\" height=\"960\" data-wp-class--hide=\"state.isContentHidden\" data-wp-class--show=\"state.isContentVisible\" data-wp-init=\"callbacks.setButtonStyles\" data-wp-on--click=\"actions.showLightbox\" data-wp-on--load=\"callbacks.setButtonStyles\" data-wp-on--pointerdown=\"actions.preloadImage\" data-wp-on--pointerenter=\"actions.preloadImageWithDelay\" data-wp-on--pointerleave=\"actions.cancelPreload\" data-wp-on-window--resize=\"callbacks.setButtonStyles\" src=\"https:\/\/loudavymkrokem.cz\/wp-content\/uploads\/2026\/09\/evropsk-parlament.jpg\" alt=\"Parlamentul European\" class=\"wp-image-413197\" title=\"\" srcset=\"https:\/\/loudavymkrokem.cz\/wp-content\/uploads\/2026\/09\/evropsk-parlament.jpg 1280w, https:\/\/loudavymkrokem.cz\/wp-content\/uploads\/2026\/09\/evropsk-parlament-300x225.jpg 300w, https:\/\/loudavymkrokem.cz\/wp-content\/uploads\/2026\/09\/evropsk-parlament-700x525.jpg 700w, https:\/\/loudavymkrokem.cz\/wp-content\/uploads\/2026\/09\/evropsk-parlament-768x576.jpg 768w, https:\/\/loudavymkrokem.cz\/wp-content\/uploads\/2026\/09\/evropsk-parlament-80x60.jpg 80w, https:\/\/loudavymkrokem.cz\/wp-content\/uploads\/2026\/09\/evropsk-parlament-160x120.jpg 160w, https:\/\/loudavymkrokem.cz\/wp-content\/uploads\/2026\/09\/evropsk-parlament-696x522.jpg 696w\" sizes=\"(max-width: 1280px) 100vw, 1280px\" \/><button\n\t\t\tclass=\"lightbox-trigger\"\n\t\t\ttype=\"button\"\n\t\t\taria-haspopup=\"dialog\"\n\t\t\tdata-wp-bind--aria-label=\"state.thisImage.triggerButtonAriaLabel\"\n\t\t\tdata-wp-init=\"callbacks.initTriggerButton\"\n\t\t\tdata-wp-on--click=\"actions.showLightbox\"\n\t\t\tdata-wp-style--right=\"state.thisImage.buttonRight\"\n\t\t\tdata-wp-style--top=\"state.thisImage.buttonTop\"\n\t\t>\n\t\t\t<svg xmlns=\"http:\/\/www.w3.org\/2000\/svg\" width=\"12\" height=\"12\" fill=\"none\" viewBox=\"0 0 12 12\">\n\t\t\t\t<path fill=\"#fff\" d=\"M2 0a2 2 0 0 0-2 2v2h1.5V2a.5.5 0 0 1 .5-.5h2V0H2Zm2 10.5H2a.5.5 0 0 1-.5-.5V8H0v2a2 2 0 0 0 2 2h2v-1.5ZM8 12v-1.5h2a.5.5 0 0 0 .5-.5V8H12v2a2 2 0 0 1-2 2H8Zm2-12a2 2 0 0 1 2 2v2h-1.5V2a.5.5 0 0 0-.5-.5H8V0h2Z\" \/>\n\t\t\t<\/svg>\n\t\t<\/button><figcaption class=\"wp-element-caption\">Foto: Ryan Jose Ruiz III \/ Google Maps<\/figcaption><\/figure>\n\n\n\n<h3 class=\"wp-block-heading\"><span class=\"ez-toc-section\" id=\"8_Parlamentul_European\"><\/span>8. Parlamentul European<span class=\"ez-toc-section-end\"><\/span><\/h3>\n\n\n\n<p class=\"wp-block-paragraph\">Strasbourg este sediul oficial al <a href=\"https:\/\/visiting.europarl.europa.eu\/cs\/\" target=\"_blank\" rel=\"nofollow noopener\">Parlamentului European<\/a>, iar vizita la aceast\u0103 cl\u0103dire modern\u0103 impun\u0103toare nu ar trebui \u00een niciun caz s\u0103 lipseasc\u0103 de pe lista ta de obiective. Uria\u0219a construc\u021bie de sticl\u0103, cu plan circular \u0219i acoperi\u0219 curbat, domin\u0103 \u00eentregul cartier \u0219i <strong>reprezint\u0103 un contrast vizual fascinant fa\u021b\u0103 de centrul istoric al ora\u0219ului<\/strong>. Cel mai simplu ajungi aici cu tramvaiul confortabil de pe linia E; e suficient s\u0103 cobori la sta\u021bia omonim\u0103 Parlement Europ\u00e9en.<\/p>\n\n\n\n<p class=\"wp-block-paragraph\">Cel mai bun lucru din toat\u0103 povestea este c\u0103 <strong>tururile pentru public sunt complet gratuite<\/strong>, trebuie doar s\u0103 faci dovada la intrare cu o carte de identitate valabil\u0103 sau cu pa\u0219aportul. \u00cen timpul turului vei arunca o privire chiar \u00een celebra sal\u0103 de \u0219edin\u021be hemiciclu, unde iau loc eurodeputa\u021bii \u0219i unde se creeaz\u0103 legisla\u021bia european\u0103 important\u0103. Atmosfera acestui spa\u021biu imens \u0219i modern este cu adev\u0103rat impresionant\u0103 \u0219i, dintr-odat\u0103, \u00ee\u021bi dai seama c\u0103 birocra\u021bia de la Bruxelles are \u0219i ea o adres\u0103 fizic\u0103 \ud83d\ude04.<\/p>\n\n\n\n<p class=\"wp-block-paragraph\">Planific\u0103-\u021bi vizita la parlament suficient de din timp \u0219i <strong>\u021bine cont c\u0103 \u00eentregul tur \u00ee\u021bi ia aproximativ dou\u0103-trei ore<\/strong>, inclusiv controlul de securitate destul de minu\u021bios de la intrare. Tururile se desf\u0103\u0219oar\u0103 cu ajutorul unor ghizi multimedia \u00een toate limbile oficiale ale Uniunii Europene, a\u0219a c\u0103 po\u021bi asculta toate informa\u021biile comod \u00een limba rom\u00e2n\u0103.<\/p>\n\n\n\n<figure data-wp-context=\"{&quot;imageId&quot;:&quot;6a9c3610551b9&quot;}\" data-wp-interactive=\"core\/image\" data-wp-key=\"6a9c3610551b9\" class=\"wp-block-image size-full wp-lightbox-container\"><img decoding=\"async\" width=\"1440\" height=\"1080\" data-wp-class--hide=\"state.isContentHidden\" data-wp-class--show=\"state.isContentVisible\" data-wp-init=\"callbacks.setButtonStyles\" data-wp-on--click=\"actions.showLightbox\" data-wp-on--load=\"callbacks.setButtonStyles\" data-wp-on--pointerdown=\"actions.preloadImage\" data-wp-on--pointerenter=\"actions.preloadImageWithDelay\" data-wp-on--pointerleave=\"actions.cancelPreload\" data-wp-on-window--resize=\"callbacks.setButtonStyles\" src=\"https:\/\/loudavymkrokem.cz\/wp-content\/uploads\/2026\/09\/parlamentarium-simone-veil.jpg\" alt=\"Parlamentarium Simone Veil\" class=\"wp-image-413201\" title=\"\" srcset=\"https:\/\/loudavymkrokem.cz\/wp-content\/uploads\/2026\/09\/parlamentarium-simone-veil.jpg 1440w, https:\/\/loudavymkrokem.cz\/wp-content\/uploads\/2026\/09\/parlamentarium-simone-veil-300x225.jpg 300w, https:\/\/loudavymkrokem.cz\/wp-content\/uploads\/2026\/09\/parlamentarium-simone-veil-700x525.jpg 700w, https:\/\/loudavymkrokem.cz\/wp-content\/uploads\/2026\/09\/parlamentarium-simone-veil-768x576.jpg 768w, https:\/\/loudavymkrokem.cz\/wp-content\/uploads\/2026\/09\/parlamentarium-simone-veil-80x60.jpg 80w, https:\/\/loudavymkrokem.cz\/wp-content\/uploads\/2026\/09\/parlamentarium-simone-veil-160x120.jpg 160w, https:\/\/loudavymkrokem.cz\/wp-content\/uploads\/2026\/09\/parlamentarium-simone-veil-696x522.jpg 696w, https:\/\/loudavymkrokem.cz\/wp-content\/uploads\/2026\/09\/parlamentarium-simone-veil-1392x1044.jpg 1392w\" sizes=\"(max-width: 1440px) 100vw, 1440px\" \/><button\n\t\t\tclass=\"lightbox-trigger\"\n\t\t\ttype=\"button\"\n\t\t\taria-haspopup=\"dialog\"\n\t\t\tdata-wp-bind--aria-label=\"state.thisImage.triggerButtonAriaLabel\"\n\t\t\tdata-wp-init=\"callbacks.initTriggerButton\"\n\t\t\tdata-wp-on--click=\"actions.showLightbox\"\n\t\t\tdata-wp-style--right=\"state.thisImage.buttonRight\"\n\t\t\tdata-wp-style--top=\"state.thisImage.buttonTop\"\n\t\t>\n\t\t\t<svg xmlns=\"http:\/\/www.w3.org\/2000\/svg\" width=\"12\" height=\"12\" fill=\"none\" viewBox=\"0 0 12 12\">\n\t\t\t\t<path fill=\"#fff\" d=\"M2 0a2 2 0 0 0-2 2v2h1.5V2a.5.5 0 0 1 .5-.5h2V0H2Zm2 10.5H2a.5.5 0 0 1-.5-.5V8H0v2a2 2 0 0 0 2 2h2v-1.5ZM8 12v-1.5h2a.5.5 0 0 0 .5-.5V8H12v2a2 2 0 0 1-2 2H8Zm2-12a2 2 0 0 1 2 2v2h-1.5V2a.5.5 0 0 0-.5-.5H8V0h2Z\" \/>\n\t\t\t<\/svg>\n\t\t<\/button><figcaption class=\"wp-element-caption\">Foto: Bianca K. \/ Google Maps<\/figcaption><\/figure>\n\n\n\n<h3 class=\"wp-block-heading\"><span class=\"ez-toc-section\" id=\"9_Parlamentarium_Simone_Veil\"><\/span>9. Parlamentarium Simone Veil<span class=\"ez-toc-section-end\"><\/span><\/h3>\n\n\n\n<p class=\"wp-block-paragraph\">Parte din amplul complex al Parlamentului European este \u0219i spa\u021biul de vizitare deschis recent, numit <a href=\"https:\/\/visiting.europarl.europa.eu\/cs\/visitor-offer\/strasbourg\/parlamentarium-simone-veil\" target=\"_blank\" rel=\"nofollow noopener\">Parlamentarium Simone Veil<\/a>. Centrul este conceput astfel \u00eenc\u00e2t integrarea european\u0103 s\u0103 sune palpitant \u0219i, \u00een mod surprinz\u0103tor, chiar reu\u0219esc. Este un loc grozav nu doar pentru vizitatorii adul\u021bi, ci \u0219i pentru copiii mai mari \u0219i curio\u0219i.<\/p>\n\n\n\n<p class=\"wp-block-paragraph\">Principala atrac\u021bie a \u00eentregului centru este, f\u0103r\u0103 \u00eendoial\u0103, <strong>grandioasa sal\u0103 de proiec\u021bie la 360\u00b0<\/strong>, unde se ruleaz\u0103 un film dinamic despre func\u021bionarea Parlamentului European, datorit\u0103 c\u0103ruia te treze\u0219ti vizual chiar \u00een inima ac\u021biunii. Sunt disponibile \u0219i diverse module interactive \u0219i ecrane tactile, prin care po\u021bi afla simplu ce decizii au fost luate \u00een trecut chiar pentru regiunea ta de origine.<\/p>\n\n\n\n<p class=\"wp-block-paragraph\">Pentru grupurile organizate mai mari, centrul ofer\u0103 \u0219i un <strong>joc de rol special<\/strong>, \u00een care participan\u021bii pot experimenta pe pielea lor cum e s\u0103 fii un adev\u0103rat parlamentar \u0219i s\u0103 negociezi anevoios noi legi. Popasul \u00een acest centru completeaz\u0103 perfect turul s\u0103lii de \u0219edin\u021be propriu-zise, iar intrarea este \u0219i aici gratuit\u0103 pentru toat\u0103 lumea.<\/p>\n\n\n\n<figure data-wp-context=\"{&quot;imageId&quot;:&quot;6a9c3610556ba&quot;}\" data-wp-interactive=\"core\/image\" data-wp-key=\"6a9c3610556ba\" class=\"wp-block-image size-full wp-lightbox-container\"><img decoding=\"async\" width=\"1600\" height=\"1200\" data-wp-class--hide=\"state.isContentHidden\" data-wp-class--show=\"state.isContentVisible\" data-wp-init=\"callbacks.setButtonStyles\" data-wp-on--click=\"actions.showLightbox\" data-wp-on--load=\"callbacks.setButtonStyles\" data-wp-on--pointerdown=\"actions.preloadImage\" data-wp-on--pointerenter=\"actions.preloadImageWithDelay\" data-wp-on--pointerleave=\"actions.cancelPreload\" data-wp-on-window--resize=\"callbacks.setButtonStyles\" src=\"https:\/\/loudavymkrokem.cz\/wp-content\/uploads\/2026\/09\/rada-evropy.jpg\" alt=\"Consiliul Europei \u0219i cartierul institu\u021biilor\" class=\"wp-image-413204\" title=\"\" srcset=\"https:\/\/loudavymkrokem.cz\/wp-content\/uploads\/2026\/09\/rada-evropy.jpg 1600w, https:\/\/loudavymkrokem.cz\/wp-content\/uploads\/2026\/09\/rada-evropy-300x225.jpg 300w, https:\/\/loudavymkrokem.cz\/wp-content\/uploads\/2026\/09\/rada-evropy-700x525.jpg 700w, https:\/\/loudavymkrokem.cz\/wp-content\/uploads\/2026\/09\/rada-evropy-768x576.jpg 768w, https:\/\/loudavymkrokem.cz\/wp-content\/uploads\/2026\/09\/rada-evropy-1536x1152.jpg 1536w, https:\/\/loudavymkrokem.cz\/wp-content\/uploads\/2026\/09\/rada-evropy-80x60.jpg 80w, https:\/\/loudavymkrokem.cz\/wp-content\/uploads\/2026\/09\/rada-evropy-160x120.jpg 160w, https:\/\/loudavymkrokem.cz\/wp-content\/uploads\/2026\/09\/rada-evropy-696x522.jpg 696w, https:\/\/loudavymkrokem.cz\/wp-content\/uploads\/2026\/09\/rada-evropy-1392x1044.jpg 1392w\" sizes=\"(max-width: 1600px) 100vw, 1600px\" \/><button\n\t\t\tclass=\"lightbox-trigger\"\n\t\t\ttype=\"button\"\n\t\t\taria-haspopup=\"dialog\"\n\t\t\tdata-wp-bind--aria-label=\"state.thisImage.triggerButtonAriaLabel\"\n\t\t\tdata-wp-init=\"callbacks.initTriggerButton\"\n\t\t\tdata-wp-on--click=\"actions.showLightbox\"\n\t\t\tdata-wp-style--right=\"state.thisImage.buttonRight\"\n\t\t\tdata-wp-style--top=\"state.thisImage.buttonTop\"\n\t\t>\n\t\t\t<svg xmlns=\"http:\/\/www.w3.org\/2000\/svg\" width=\"12\" height=\"12\" fill=\"none\" viewBox=\"0 0 12 12\">\n\t\t\t\t<path fill=\"#fff\" d=\"M2 0a2 2 0 0 0-2 2v2h1.5V2a.5.5 0 0 1 .5-.5h2V0H2Zm2 10.5H2a.5.5 0 0 1-.5-.5V8H0v2a2 2 0 0 0 2 2h2v-1.5ZM8 12v-1.5h2a.5.5 0 0 0 .5-.5V8H12v2a2 2 0 0 1-2 2H8Zm2-12a2 2 0 0 1 2 2v2h-1.5V2a.5.5 0 0 0-.5-.5H8V0h2Z\" \/>\n\t\t\t<\/svg>\n\t\t<\/button><figcaption class=\"wp-element-caption\">Foto: Anton Nyberg \/ Google Maps<\/figcaption><\/figure>\n\n\n\n<!-- LKM_GYG_CARD start q=\"strasbourg\" lang=\"ro\" rendered=\"2026-09-05T14:10:27+00:00\" v=\"1\" -->\n<style id=\"lk-gyg-styles\">\n@import url(\"https:\/\/fonts.googleapis.com\/css2?family=Playfair+Display:wght@700&family=DM+Sans:wght@300;400;500;600&display=swap\");\n\/* === LK GYG karty \u2014 CRO redesign 2026-05 (namespace .lkx-) ===\n   C\u00edl: vy\u0161\u0161\u00ed CTR (hero + v\u00fdrazn\u00fd social proof + ak\u010dn\u00ed CTA, m\u00e9n\u011b \"reklamn\u00ed\").\n   Injektuje se inline do prvn\u00edho markeru postu (refresh_cards.py --inline-css). *\/\n.lkx-module, .lkx-module *{box-sizing:border-box;margin:0;padding:0}\n.lkx-module{\n  font-family:'DM Sans',-apple-system,Segoe UI,Roboto,Georgia,sans-serif;\n  max-width:860px;margin:2.5rem auto;color:#1f2328;\n}\n\n\/* HEADER \u2014 lehk\u00fd editorsk\u00fd, \u017e\u00e1dn\u00fd bannerov\u00fd blok; nadpis + popisek pod n\u00edm *\/\n.lkx-head{margin-bottom:16px}\n.lkx-head-main{display:flex;align-items:center;gap:10px}\n.lkx-head-accent{width:26px;height:3px;border-radius:2px;background:#c39f76;flex-shrink:0}\n.lkx-head-title{font-family:'Playfair Display',Georgia,serif;font-size:21px;font-weight:700;color:#1a1a1a;line-height:1.25}\n.lkx-head-meta{display:block;font-size:11px;letter-spacing:.3px;color:#9aa0a6;margin-top:4px;margin-left:36px}\n\n\/* HERO *\/\n.lkx-hero{display:grid;grid-template-columns:300px 1fr;background:#fff;border:1px solid #ece7df;border-radius:14px;overflow:hidden;text-decoration:none!important;color:inherit;box-shadow:0 6px 20px rgba(0,0,0,.06);transition:box-shadow .2s,transform .2s;margin-bottom:14px}\n.lkx-hero:hover{box-shadow:0 12px 30px rgba(0,0,0,.12);transform:translateY(-2px)}\n.lkx-hero-img{position:relative;min-height:230px;background-size:cover;background-position:center;background-color:#eee}\n.lkx-hero-body{padding:22px 24px;display:flex;flex-direction:column}\n.lkx-pick{position:absolute;top:12px;left:12px;background:#1a1a1a;color:#fff;font-size:11px;font-weight:700;letter-spacing:.5px;padding:5px 11px;border-radius:20px}\n\n\/* TITLE *\/\n.lkx-title{font-size:19px;font-weight:700;color:#161616;line-height:1.3}\n.lkx-title-sm{font-size:14.5px;line-height:1.35;display:-webkit-box;-webkit-line-clamp:2;-webkit-box-orient:vertical;overflow:hidden}\n\n\/* SOCIAL PROOF \u2014 v\u00fdrazn\u011b, naho\u0159e *\/\n.lkx-proof{display:flex;align-items:center;gap:7px;margin-top:12px;font-size:15px;color:#3a3a3a}\n.lkx-proof b{font-size:16px;color:#161616}\n.lkx-stars{color:#f5a623;letter-spacing:1px}\n.lkx-proof-sm{font-size:12.5px;margin-top:8px;gap:5px}\n.lkx-proof-sm b{font-size:13px}\n.lkx-proof-new{color:#3685fc;font-weight:600}\n\n\/* PRICE \u2014 n\u00edzk\u00e1 kotva *\/\n.lkx-price{font-size:14px;color:#6b7280}\n.lkx-price b{font-size:20px;color:#161616;font-weight:700}\n.lkx-price-sm b{font-size:15px}\n\n\/* CTA \u2014 tepl\u00e9 ak\u010dn\u00ed tla\u010d\u00edtko *\/\n.lkx-cta{display:inline-flex;align-items:center;justify-content:center;text-decoration:none!important;font-weight:700;color:#fff!important;background:linear-gradient(135deg,#f6743f,#e8552a);border-radius:10px;box-shadow:0 6px 16px rgba(232,85,42,.32);transition:box-shadow .2s}\n.lkx-cta-hero{font-size:15px;padding:13px 22px}\n.lkx-hero:hover .lkx-cta-hero{box-shadow:0 8px 22px rgba(232,85,42,.45)}\n.lkx-cta-sm{font-size:12.5px;padding:9px 14px;width:100%;margin-top:2px}\n.lkx-hero-bottom{margin-top:auto;padding-top:18px;display:flex;align-items:center;justify-content:space-between;gap:14px;flex-wrap:wrap}\n\n\/* BADGE \u2014 jeden v\u00fdrazn\u00fd na fotce *\/\n.lkx-badge{position:absolute;top:12px;right:12px;font-size:10.5px;font-weight:700;letter-spacing:.3px;padding:5px 10px;border-radius:16px;color:#fff}\n.lkx-badge.badge-urgency{background:rgba(214,40,40,.92)}\n.lkx-badge.badge-new{background:rgba(54,133,252,.92)}\n.lkx-badge.badge-top{background:rgba(195,159,118,.95)}\n.lkx-badge.badge-info{background:rgba(40,40,40,.78)}\n\n\/* SECONDARY GRID *\/\n.lkx-grid{display:grid;grid-template-columns:1fr 1fr;gap:14px}\n.lkx-card{background:#fff;border:1px solid #ece7df;border-radius:14px;overflow:hidden;text-decoration:none!important;color:inherit;box-shadow:0 4px 14px rgba(0,0,0,.05);display:flex;flex-direction:column;transition:box-shadow .2s,transform .2s}\n.lkx-card:hover{box-shadow:0 10px 24px rgba(0,0,0,.1);transform:translateY(-2px)}\n.lkx-card-img{position:relative;aspect-ratio:16\/10;background-size:cover;background-position:center;background-color:#eee}\n.lkx-card-body{padding:14px 16px 16px;display:flex;flex-direction:column;gap:7px;flex:1}\n.lkx-card-bottom{margin-top:auto;padding-top:10px;display:flex;align-items:center;justify-content:space-between;gap:8px}\n\n\/* DISCLOSURE \u2014 drobn\u00e1, kv\u016fli d\u016fv\u011b\u0159e\/z\u00e1konu *\/\n.lkx-disclosure{font-size:11px;color:#a7adb3;text-align:center;margin-top:14px;line-height:1.6}\n.lkx-disclosure a{color:#c39f76;text-decoration:none}\n\n@media(max-width:680px){\n  .lkx-hero{grid-template-columns:1fr}\n  .lkx-hero-img{min-height:180px}\n  .lkx-grid{grid-template-columns:1fr}\n  .lkx-head-meta{margin-left:0;width:100%}\n  .lkx-head-title{font-size:19px}\n}\n\n<\/style>\n<div class=\"lkx-module\" data-query=\"strasbourg\">\n  <div class=\"lkx-head\">\n    <div class=\"lkx-head-main\">\n      <span class=\"lkx-head-accent\"><\/span>\n      <span class=\"lkx-head-title\">Experien\u021be \u0219i bilete<\/span>\n    <\/div>\n    <span class=\"lkx-head-meta\">evaluat de c\u0103l\u0103tori \u00b7 GetYourGuide<\/span>\n  <\/div><a class=\"lkx-hero\" href=\"https:\/\/www.getyourguide.com\/ro-ro\/strasbourg-l293\/strasbourg-tur-pe-jos-cu-un-ghid-local-t877665\/?partner_id=MKZ64IS&amp;utm_medium=online_publisher&amp;cmp=strasbourg-franta-ce-sa-vezi\" target=\"_blank\" rel=\"sponsored noopener nofollow\">\n    <div class=\"lkx-hero-img\" style=\"background-image:url('https:\/\/cdn.getyourguide.com\/img\/tour\/55865d3f8d08e2193af59ad660b04fb53bbd1f5148dde1eff9892481aee3de49.png\/132.jpg')\" role=\"img\" aria-label=\"Strasbourg: tur pe jos cu un ghid local\">\n      <span class=\"lkx-pick\">\u2605 Recomandarea noastr\u0103<\/span><\/div>\n    <div class=\"lkx-hero-body\">\n      <div class=\"lkx-title\">Strasbourg: tur pe jos cu un ghid local<\/div>\n      <div class=\"lkx-proof\">\n      <span class=\"lkx-stars\">\u2605\u2605\u2605\u2605\u2605<\/span>\n      <b>4.4<\/b> \u00b7 904 de recenzii\n    <\/div>\n      <div class=\"lkx-hero-bottom\"><div class=\"lkx-price\">de la <b>28\u00a0EUR<\/b><\/div><span class=\"lkx-cta lkx-cta-hero\">Vreau aceast\u0103 experien\u021b\u0103 \u2192<\/span>\n      <\/div>\n    <\/div>\n  <\/a><div class=\"lkx-grid\"><a class=\"lkx-card\" href=\"https:\/\/www.getyourguide.com\/ro-ro\/strasbourg-l293\/de-la-strasbourg-o-calatorie-traditionala-pe-traseul-vinului-pana-la-colmar-t1066634\/?partner_id=MKZ64IS&amp;utm_medium=online_publisher&amp;cmp=strasbourg-franta-ce-sa-vezi\" target=\"_blank\" rel=\"sponsored noopener nofollow\">\n      <div class=\"lkx-card-img\" style=\"background-image:url('https:\/\/cdn.getyourguide.com\/img\/tour\/ad6c161500ce5ceaabb182d1ab2f151c62d5b59124194ab758ce97e60c9bfaf1.jpg\/132.jpg')\" role=\"img\" aria-label=\"De la Strasbourg: o c\u0103l\u0103torie tradi\u021bional\u0103 pe traseul vinului p\u00e2n\u0103 la Colmar\"><\/div>\n      <div class=\"lkx-card-body\">\n        <div class=\"lkx-title lkx-title-sm\">De la Strasbourg: o c\u0103l\u0103torie tradi\u021bional\u0103 pe traseul vinului p\u00e2n\u0103 la Colmar<\/div>\n        <div class=\"lkx-proof lkx-proof-sm\">\n      <span class=\"lkx-stars\">\u2605<\/span>\n      <b>3.6<\/b> \u00b7 18\n    <\/div>\n        <div class=\"lkx-card-bottom\"><span class=\"lkx-price lkx-price-sm\">de la <b>125\u00a0EUR<\/b><\/span><span class=\"lkx-cta lkx-cta-sm\">Vezi datele \u2192<\/span>\n        <\/div>\n      <\/div>\n    <\/a><a class=\"lkx-card\" href=\"https:\/\/www.getyourguide.com\/ro-ro\/strasbourg-l293\/strasbourg-plimbare-de-degustare-alsaciana-cu-5-degustari-t1458211\/?partner_id=MKZ64IS&amp;utm_medium=online_publisher&amp;cmp=strasbourg-franta-ce-sa-vezi\" target=\"_blank\" rel=\"sponsored noopener nofollow\">\n      <div class=\"lkx-card-img\" style=\"background-image:url('https:\/\/cdn.getyourguide.com\/img\/tour\/e965587a48bc449a08b2ef17afbfc818a8ca05db25bccd1e896e40df12dc7ce3.jpg\/132.jpg')\" role=\"img\" aria-label=\"Strasbourg \u2013 Plimbare de degustare alsacian\u0103 cu 5 degust\u0103ri\"><\/div>\n      <div class=\"lkx-card-body\">\n        <div class=\"lkx-title lkx-title-sm\">Strasbourg \u2013 Plimbare de degustare alsacian\u0103 cu 5 degust\u0103ri<\/div>\n        <div class=\"lkx-proof lkx-proof-sm\">\n      <span class=\"lkx-stars\">\u2605<\/span>\n      <b>0.0<\/b> \u00b7 0\n    <\/div>\n        <div class=\"lkx-card-bottom\"><span class=\"lkx-price lkx-price-sm\">de la <b>45\u00a0EUR<\/b><\/span><span class=\"lkx-cta lkx-cta-sm\">Vezi datele \u2192<\/span>\n        <\/div>\n      <\/div>\n    <\/a><\/div><div class=\"lkx-disclosure\">\ud83d\udd17 Linkurile sunt de afiliere \u2014 nu \u00ee\u021bi schimb\u0103 pre\u021bul, dar ne ajut\u0103 s\u0103 cre\u0103m con\u021binut. \u00b7 <a href=\"https:\/\/www.getyourguide.com\/ro-ro\/s\/?q=strasbourg&amp;partner_id=MKZ64IS&amp;utm_medium=online_publisher\" target=\"_blank\" rel=\"sponsored noopener nofollow\">Toate experien\u021bele \u2192<\/a><\/div>\n<\/div>\n<!-- LKM_GYG_CARD end -->\n\n\n\n\n<div class=\"lk-stays-module\">\n<style>\n\/* \u2500\u2500\u2500 RESET PRO GUTENBERG \u2500\u2500\u2500 *\/\n.lk-stays-module * { box-sizing: border-box; margin: 0; padding: 0; }\n\n\/* \u2500\u2500\u2500 WRAPPER \u2500\u2500\u2500 *\/\n.lk-stays-module {\n  font-family: 'DM Sans', Georgia, sans-serif;\n  max-width: 100%;\n  margin: 2.5rem auto;\n  background: linear-gradient(135deg, #fdfaf5 0%, #fcf8f0 100%);\n  border: 1px solid #e8dfd4;\n  border-radius: 16px;\n  overflow: hidden;\n  box-shadow: 0 16px 48px rgba(195, 159, 118, 0.25), 0 4px 12px rgba(0,0,0,0.08);\n}\n\n\/* \u2500\u2500\u2500 HEADER \u2500\u2500\u2500 *\/\n.lk-stays-header {\n  position: relative;\n  padding: 24px 36px 24px;\n  background: linear-gradient(135deg, #c39f76 0%, #d4b188 60%, #c39f76 100%);\n  border-bottom: 1px solid rgba(255,255,255,.15);\n  display: flex;\n  align-items: center;\n  gap: 18px;\n}\n.lk-stays-header::before {\n  content: '';\n  position: absolute;\n  inset: 0;\n  background: url(\"data:image\/svg+xml,%3Csvg width='60' height='60' viewBox='0 0 60 60' xmlns='http:\/\/www.w3.org\/2000\/svg'%3E%3Cg fill='none' fill-rule='evenodd'%3E%3Cg fill='%23ffffff' fill-opacity='0.05'%3E%3Cpath d='M36 34v-4h-2v4h-4v2h4v4h2v-4h4v-2h-4zm0-30V0h-2v4h-4v2h4v4h2V6h4V4h-4zM6 34v-4H4v4H0v2h4v4h2v-4h4v-2H6zM6 4V0H4v4H0v2h4v4h2V6h4V4H6z'\/%3E%3C\/g%3E%3C\/g%3E%3C\/svg%3E\") repeat;\n  pointer-events: none;\n}\n.lk-stays-icon {\n  flex-shrink: 0;\n  width: 68px;\n  height: 68px;\n  border-radius: 14px;\n  background: linear-gradient(135deg, #fff 0%, #f9f6f0 100%);\n  display: flex;\n  align-items: center;\n  justify-content: center;\n  font-size: 26px;\n  box-shadow: 0 4px 12px rgba(0,0,0,0.15);\n}\n.lk-stays-eyebrow {\n  font-size: 10px;\n  font-weight: 500;\n  letter-spacing: 2.5px;\n  text-transform: uppercase;\n  color: rgba(255,255,255,.85);\n  margin: 0 0 5px 0;\n}\n.lk-stays-title {\n  font-family: 'Playfair Display', Georgia, serif;\n  font-size: 24px;\n  font-weight: 700;\n  color: #fff;\n  line-height: 1.2;\n  text-shadow: 0 1px 2px rgba(0,0,0,0.1);\n  margin: 0;\n}\n.lk-stays-subtitle {\n  font-size: 13px;\n  color: rgba(255,255,255,.75);\n  margin: 4px 0 0 0;\n  font-weight: 300;\n}\n\n\/* \u2500\u2500\u2500 CARDS GRID \u2500\u2500\u2500 *\/\n.lk-stays-grid {\n  display: grid;\n  grid-template-columns: 1fr 1fr;\n  gap: 1px;\n  background: rgba(195, 159, 118, 0.12);\n}\n\n\/* \u2500\u2500\u2500 SINGLE CARD \u2500\u2500\u2500 *\/\n.lk-stay-card {\n  background: #ffffff;\n  padding: 26px;\n  display: flex;\n  flex-direction: column;\n  gap: 11px;\n  transition: all 0.3s ease;\n  text-decoration: none;\n  color: inherit;\n  position: relative;\n}\n.lk-stay-card:hover {\n  background: #fffbf5;\n  transform: translateY(-2px);\n  box-shadow: 0 8px 24px rgba(195, 159, 118, 0.18);\n  z-index: 1;\n}\n.lk-stay-card.featured {\n  background: linear-gradient(135deg, #fffdf9 0%, #fff9f0 100%);\n  box-shadow: 0 4px 16px rgba(195, 159, 118, 0.15), inset 0 1px 0 rgba(195, 159, 118, 0.1);\n}\n.lk-stay-card.featured:hover {\n  background: linear-gradient(135deg, #fffbf5 0%, #fff8ed 100%);\n  box-shadow: 0 8px 24px rgba(195, 159, 118, 0.25), inset 0 1px 0 rgba(195, 159, 118, 0.15);\n}\n\n.lk-stay-badge {\n  display: inline-flex;\n  align-items: center;\n  gap: 5px;\n  font-size: 10px;\n  font-weight: 500;\n  letter-spacing: 1.5px;\n  text-transform: uppercase;\n  padding: 5px 11px;\n  border-radius: 20px;\n  width: fit-content;\n}\n.badge-top     { background: linear-gradient(135deg, #c39f76 0%, #d4b188 100%); color: #fff; border: 1px solid #c39f76; font-weight: 600; box-shadow: 0 2px 8px rgba(195,159,118,0.3); }\n.badge-luxury  { background: rgba(195,159,118,.12); color: #c39f76; border: 1px solid rgba(195,159,118,.25); }\n.badge-boutique{ background: rgba(54,133,252,.08); color: #3685fc; border: 1px solid rgba(54,133,252,.2); }\n.badge-nature  { background: rgba(130,190,100,.1); color: #6b9c4a; border: 1px solid rgba(130,190,100,.2); }\n.badge-remote  { background: rgba(195,159,118,.12); color: #a67e50; border: 1px solid rgba(195,159,118,.25); }\n\n.lk-stay-name {\n  font-family: 'Playfair Display', Georgia, serif;\n  font-size: 18px;\n  font-weight: 700;\n  color: #111827;\n  line-height: 1.3;\n}\n.lk-stay-desc {\n  font-size: 13.5px;\n  color: #525252;\n  line-height: 1.65;\n  font-weight: 300;\n  flex: 1;\n}\n\n.lk-stay-meta {\n  display: flex;\n  align-items: center;\n  gap: 12px;\n  flex-wrap: wrap;\n  margin-top: 4px;\n}\n.lk-stay-price {\n  font-size: 13px;\n  color: #6b7280;\n}\n.lk-stay-price strong {\n  color: #c39f76;\n  font-weight: 500;\n}\n.lk-stay-stars {\n  color: #c39f76;\n  font-size: 11px;\n  letter-spacing: 1px;\n}\n\n\/* \u2500\u2500\u2500 CTA BUTTON \u2500\u2500\u2500 *\/\n.lk-stay-cta {\n  display: inline-flex;\n  align-items: center;\n  justify-content: center;\n  gap: 7px;\n  margin-top: 8px;\n  padding: 11px 20px;\n  border-radius: 8px;\n  background: linear-gradient(135deg, #3685fc 0%, #2a6fd9 100%);\n  color: #fff;\n  font-size: 13px;\n  font-weight: 500;\n  text-decoration: none;\n  letter-spacing: .3px;\n  transition: all .2s ease;\n  cursor: pointer;\n  border: none;\n  text-align: center;\n  box-shadow: 0 4px 12px rgba(54, 133, 252, 0.25);\n}\n.lk-stay-cta:hover {\n  background: linear-gradient(135deg, #2a6fd9 0%, #1e5bc4 100%);\n  transform: translateY(-1px);\n  box-shadow: 0 6px 16px rgba(54, 133, 252, 0.35);\n}\n.lk-stay-cta svg { flex-shrink: 0; }\n\n\/* \u2500\u2500\u2500 FOOTER \u2500\u2500\u2500 *\/\n.lk-stays-footer {\n  padding: 18px 36px;\n  background: linear-gradient(to bottom, #fdfaf5 0%, #f9f4ed 100%);\n  border-top: 1px solid rgba(195, 159, 118, 0.15);\n  display: flex;\n  align-items: center;\n  justify-content: space-between;\n  flex-wrap: wrap;\n  gap: 12px;\n}\n.lk-stays-footer-note {\n  font-size: 11.5px;\n  color: #6b7280;\n  font-weight: 300;\n  line-height: 1.5;\n}\n.lk-stays-footer-note a {\n  color: #c39f76;\n  text-decoration: none;\n  font-weight: 400;\n}\n.lk-stays-footer-note a:hover {\n  text-decoration: underline;\n}\n.lk-stays-all-btn {\n  display: inline-flex;\n  align-items: center;\n  gap: 6px;\n  font-size: 12.5px;\n  font-weight: 500;\n  color: #c39f76;\n  text-decoration: none;\n  border: 1px solid rgba(195, 159, 118, 0.35);\n  padding: 8px 18px;\n  border-radius: 8px;\n  transition: all .2s ease;\n}\n.lk-stays-all-btn:hover {\n  background: rgba(195, 159, 118, 0.08);\n  border-color: rgba(195, 159, 118, 0.5);\n}\n\n\/* \u2500\u2500\u2500 RESPONSIVE \u2500\u2500\u2500 *\/\n@media (max-width: 600px) {\n  .lk-stays-grid { grid-template-columns: 1fr; }\n  .lk-stays-header { padding: 24px 20px; }\n  .lk-stays-footer { padding: 16px 20px; }\n  .lk-stay-card { padding: 22px; }\n  .lk-stays-title { font-size: 20px; }\n}\n<\/style>\n\n  <!-- HEADER -->\n  <div class=\"lk-stays-header\">\n    <img decoding=\"async\" src=\"https:\/\/loudavymkrokem.cz\/wp-content\/uploads\/2026\/02\/lukas-a-lucka.jpg\" alt=\"\" style=\"width: 75px; height: 75px; border-radius: 8px; flex-shrink: 0; object-fit: cover; display: block; margin: 4px 0;\" title=\"\">\n    <div class=\"lk-stays-header-text\">\n      <div class=\"lk-stays-eyebrow\">Luk\u00e1\u0161 \u0219i Lucie recomand\u0103<\/div>\n      <div class=\"lk-stays-title\">Unde s\u0103 te cazezi \u00een Strasbourg<\/div>\n      <div class=\"lk-stays-subtitle\">4 caz\u0103ri \u2014 hoteluri \u0219i alte op\u021biuni de cazare<\/div>\n    <\/div>\n  <\/div>\n\n  <!-- CARDS -->\n  <div class=\"lk-stays-grid\">\n\n    <a class=\"lk-stay-card featured\" href=\"https:\/\/www.stay22.com\/allez\/roam?aid=lukaskonecny&#038;campaign=loudavymkrokemcz&#038;campaign=ro&#038;campaign=covidetvestrasburku&#038;address=%C5%A0trasburk&#038;hotelname=H%C3%B4tel+Cour+du+Corbeau+Strasbourg+-+MGallery&#038;search=H%C3%B4tel+Cour+du+Corbeau+Strasbourg+-+MGallery&#038;category=accommodation\" target=\"_blank\" rel=\"nofollow noopener\">\n      <span class=\"lk-stay-badge badge-top\">\u2b50 TOP ALEGERE<\/span>\n      <span class=\"lk-stay-badge badge-nature\">\ud83c\udfe8 Hotel<\/span>\n      <div class=\"lk-stay-name\">H\u00f4tel Cour du Corbeau Strasbourg &#8211; MGallery<\/div>\n      <div class=\"lk-stay-desc\">O capodoper\u0103 arhitectural\u0103 \u00eentr-o cl\u0103dire istoric\u0103 renovat\u0103 din secolul al XVI-lea cu balcoane din lemn, oferind o atmosfer\u0103 romantic\u0103 l\u00e2ng\u0103 canal.<\/div>\n      <div class=\"lk-stay-meta\">\n        <span class=\"lk-stay-stars\">\u2605\u2605\u2605\u2605<\/span>\n        <span class=\"lk-stay-price\">Verific\u0103 pre\u021burile<\/span>\n      <\/div>\n      <span class=\"lk-stay-cta\">\n        <svg width=\"14\" height=\"14\" viewBox=\"0 0 24 24\" fill=\"none\" stroke=\"currentColor\" stroke-width=\"2\"><path d=\"M18 13v6a2 2 0 0 1-2 2H5a2 2 0 0 1-2-2V8a2 2 0 0 1 2-2h6\"\/><polyline points=\"15 3 21 3 21 9\"\/><line x1=\"10\" y1=\"14\" x2=\"21\" y2=\"3\"\/><\/svg>\n        Verific\u0103 disponibilitatea\n      <\/span>\n    <\/a>\n\n    <a class=\"lk-stay-card\" href=\"https:\/\/www.stay22.com\/allez\/roam?aid=lukaskonecny&#038;campaign=loudavymkrokemcz&#038;campaign=ro&#038;campaign=covidetvestrasburku&#038;address=%C5%A0trasburk&#038;hotelname=H%C3%B4tel+L%C3%89ONOR+the+place+to+live&#038;search=H%C3%B4tel+L%C3%89ONOR+the+place+to+live&#038;category=accommodation\" target=\"_blank\" rel=\"nofollow noopener\">\n      <span class=\"lk-stay-badge badge-nature\">\ud83c\udfe8 Hotel<\/span>\n      <div class=\"lk-stay-name\">H\u00f4tel L\u00c9ONOR the place to live<\/div>\n      <div class=\"lk-stay-desc\">Design modern \u00eentr-o cl\u0103dire istoric\u0103 la doi pa\u0219i de Pia\u021ba Broglie cu o curte interioar\u0103 superb\u0103 pentru relaxare.<\/div>\n      <div class=\"lk-stay-meta\">\n        <span class=\"lk-stay-stars\">\u2605\u2605\u2605\u2605<\/span>\n        <span class=\"lk-stay-price\">Verific\u0103 pre\u021burile<\/span>\n      <\/div>\n      <span class=\"lk-stay-cta\">\n        <svg width=\"14\" height=\"14\" viewBox=\"0 0 24 24\" fill=\"none\" stroke=\"currentColor\" stroke-width=\"2\"><path d=\"M18 13v6a2 2 0 0 1-2 2H5a2 2 0 0 1-2-2V8a2 2 0 0 1 2-2h6\"\/><polyline points=\"15 3 21 3 21 9\"\/><line x1=\"10\" y1=\"14\" x2=\"21\" y2=\"3\"\/><\/svg>\n        Verific\u0103 disponibilitatea\n      <\/span>\n    <\/a>\n\n    <a class=\"lk-stay-card\" href=\"https:\/\/www.stay22.com\/allez\/roam?aid=lukaskonecny&#038;campaign=loudavymkrokemcz&#038;campaign=ro&#038;campaign=covidetvestrasburku&#038;address=%C5%A0trasburk&#038;hotelname=H%C3%B4tel+Gutenberg&#038;search=H%C3%B4tel+Gutenberg&#038;category=accommodation\" target=\"_blank\" rel=\"nofollow noopener\">\n      <span class=\"lk-stay-badge badge-nature\">\ud83c\udfe8 Hotel<\/span>\n      <div class=\"lk-stay-name\">H\u00f4tel Gutenberg<\/div>\n      <div class=\"lk-stay-desc\">Loca\u021bie strategic\u0103 la doi pa\u0219i de zona pietonal\u0103 principal\u0103, camere mai mici care exceleaz\u0103 prin cur\u0103\u021benie \u0219i paturi confortabile, personal foarte amabil.<\/div>\n      <div class=\"lk-stay-meta\">\n        <span class=\"lk-stay-stars\">\u2605\u2605\u2605\u2605<\/span>\n        <span class=\"lk-stay-price\">Verific\u0103 pre\u021burile<\/span>\n      <\/div>\n      <span class=\"lk-stay-cta\">\n        <svg width=\"14\" height=\"14\" viewBox=\"0 0 24 24\" fill=\"none\" stroke=\"currentColor\" stroke-width=\"2\"><path d=\"M18 13v6a2 2 0 0 1-2 2H5a2 2 0 0 1-2-2V8a2 2 0 0 1 2-2h6\"\/><polyline points=\"15 3 21 3 21 9\"\/><line x1=\"10\" y1=\"14\" x2=\"21\" y2=\"3\"\/><\/svg>\n        Verific\u0103 disponibilitatea\n      <\/span>\n    <\/a>\n\n    <a class=\"lk-stay-card\" href=\"https:\/\/www.stay22.com\/allez\/roam?aid=lukaskonecny&#038;campaign=loudavymkrokemcz&#038;campaign=ro&#038;campaign=covidetvestrasburku&#038;address=\u0161trasburk\" target=\"_blank\" rel=\"nofollow noopener\">\n      <span class=\"lk-stay-badge badge-nature\">\ud83d\udd0d Caut\u0103<\/span>\n      <div class=\"lk-stay-name\">Vezi toate caz\u0103rile din Strasbourg<\/div>\n      <div class=\"lk-stay-desc\">Exploreaz\u0103 toate op\u021biunile de cazare disponibile \u00een Strasbourg \u0219i g\u0103se\u0219te cea mai bun\u0103 \u00een func\u021bie de preferin\u021bele \u0219i bugetul t\u0103u.<\/div>\n      <div class=\"lk-stay-meta\">\n        <span class=\"lk-stay-stars\">\u2605\u2605\u2605\u2605<\/span>\n        <span class=\"lk-stay-price\">Compar\u0103 pre\u021burile<\/span>\n      <\/div>\n      <span class=\"lk-stay-cta\">\n        <svg width=\"14\" height=\"14\" viewBox=\"0 0 24 24\" fill=\"none\" stroke=\"currentColor\" stroke-width=\"2\"><path d=\"M18 13v6a2 2 0 0 1-2 2H5a2 2 0 0 1-2-2V8a2 2 0 0 1 2-2h6\"\/><polyline points=\"15 3 21 3 21 9\"\/><line x1=\"10\" y1=\"14\" x2=\"21\" y2=\"3\"\/><\/svg>\n        Verific\u0103 disponibilitatea\n      <\/span>\n    <\/a>\n\n  <\/div>\n\n  \n<\/div>\n\n\n\n\n<h3 class=\"wp-block-heading\"><span class=\"ez-toc-section\" id=\"10_Consiliul_Europei_si_cartierul_institutiilor\"><\/span>10. Consiliul Europei \u0219i cartierul institu\u021biilor<span class=\"ez-toc-section-end\"><\/span><\/h3>\n\n\n\n<p class=\"wp-block-paragraph\">Parlamentul European nu este nicidecum singura institu\u021bie important\u0103 din acest ora\u0219. Chiar \u00een imediata vecin\u0103tate se afl\u0103 <strong>impun\u0103toarea cl\u0103dire a Consiliului Europei, precum \u0219i celebra Curte European\u0103 a Drepturilor Omului<\/strong>. \u00centregul acest cartier modern, \u00eentins \u00een jurul confluen\u021bei lini\u0219tite a r\u00e2urilor Ill \u0219i Marne, este extrem de interesant din punct de vedere arhitectural, iar o simpl\u0103 plimbare printre aceste palate de sticl\u0103 te pune serios pe g\u00e2nduri.<\/p>\n\n\n\n<p class=\"wp-block-paragraph\">Cl\u0103direa propriu-zis\u0103 a Cur\u021bii Europene a Drepturilor Omului, proiectat\u0103 de renumitul arhitect Richard Rogers, <strong>aminte\u0219te prin formele sale \u00eendr\u0103zne\u021be de dou\u0103 nave uria\u0219e de o\u021bel pe malul r\u00e2ului<\/strong> \u0219i se num\u0103r\u0103 printre cele mai remarcabile construc\u021bii moderne din toat\u0103 Fran\u021ba. Tururile acestor institu\u021bii specifice pentru persoane individuale sunt mai complicate \u0219i necesit\u0103 adesea o aprobare prealabil\u0103 \u00eendelungat\u0103, dar deja doar priveli\u0219tea de afar\u0103 \u0219i plimbarea pe promenadele largi din jur merit\u0103 cu adev\u0103rat efortul.<\/p>\n\n\n\n<p class=\"wp-block-paragraph\">\u00centreaga zon\u0103 administrativ\u0103 este, \u00een mod surprinz\u0103tor, dens \u00eenconjurat\u0103 de verdea\u021b\u0103 \u0219i canale cu ap\u0103, a\u0219a c\u0103 <strong>contrastul dintre arhitectura modern\u0103 auster\u0103 \u0219i natura lini\u0219tit\u0103 este aici foarte puternic<\/strong>. Este un loc grozav pentru o plimbare de dup\u0103-amiaz\u0103, c\u00e2nd vrei s\u0103 te odihne\u0219ti o clip\u0103 de str\u0103du\u021bele istorice uneori aglomerate din centru.<\/p>\n\n\n\n<figure data-wp-context=\"{&quot;imageId&quot;:&quot;6a9c361055c12&quot;}\" data-wp-interactive=\"core\/image\" data-wp-key=\"6a9c361055c12\" class=\"wp-block-image size-full wp-lightbox-container\"><img decoding=\"async\" width=\"1600\" height=\"2400\" data-wp-class--hide=\"state.isContentHidden\" data-wp-class--show=\"state.isContentVisible\" data-wp-init=\"callbacks.setButtonStyles\" data-wp-on--click=\"actions.showLightbox\" data-wp-on--load=\"callbacks.setButtonStyles\" data-wp-on--pointerdown=\"actions.preloadImage\" data-wp-on--pointerenter=\"actions.preloadImageWithDelay\" data-wp-on--pointerleave=\"actions.cancelPreload\" data-wp-on-window--resize=\"callbacks.setButtonStyles\" src=\"https:\/\/loudavymkrokem.cz\/wp-content\/uploads\/2026\/09\/grande-le.jpg\" alt=\"Grande \u00cele (primul cartier \u00eenscris la UNESCO)\" class=\"wp-image-413208\" title=\"\" srcset=\"https:\/\/loudavymkrokem.cz\/wp-content\/uploads\/2026\/09\/grande-le.jpg 1600w, https:\/\/loudavymkrokem.cz\/wp-content\/uploads\/2026\/09\/grande-le-200x300.jpg 200w, https:\/\/loudavymkrokem.cz\/wp-content\/uploads\/2026\/09\/grande-le-700x1050.jpg 700w, https:\/\/loudavymkrokem.cz\/wp-content\/uploads\/2026\/09\/grande-le-768x1152.jpg 768w, https:\/\/loudavymkrokem.cz\/wp-content\/uploads\/2026\/09\/grande-le-1024x1536.jpg 1024w, https:\/\/loudavymkrokem.cz\/wp-content\/uploads\/2026\/09\/grande-le-1365x2048.jpg 1365w, https:\/\/loudavymkrokem.cz\/wp-content\/uploads\/2026\/09\/grande-le-696x1044.jpg 696w, https:\/\/loudavymkrokem.cz\/wp-content\/uploads\/2026\/09\/grande-le-1392x2088.jpg 1392w\" sizes=\"(max-width: 1600px) 100vw, 1600px\" \/><button\n\t\t\tclass=\"lightbox-trigger\"\n\t\t\ttype=\"button\"\n\t\t\taria-haspopup=\"dialog\"\n\t\t\tdata-wp-bind--aria-label=\"state.thisImage.triggerButtonAriaLabel\"\n\t\t\tdata-wp-init=\"callbacks.initTriggerButton\"\n\t\t\tdata-wp-on--click=\"actions.showLightbox\"\n\t\t\tdata-wp-style--right=\"state.thisImage.buttonRight\"\n\t\t\tdata-wp-style--top=\"state.thisImage.buttonTop\"\n\t\t>\n\t\t\t<svg xmlns=\"http:\/\/www.w3.org\/2000\/svg\" width=\"12\" height=\"12\" fill=\"none\" viewBox=\"0 0 12 12\">\n\t\t\t\t<path fill=\"#fff\" d=\"M2 0a2 2 0 0 0-2 2v2h1.5V2a.5.5 0 0 1 .5-.5h2V0H2Zm2 10.5H2a.5.5 0 0 1-.5-.5V8H0v2a2 2 0 0 0 2 2h2v-1.5ZM8 12v-1.5h2a.5.5 0 0 0 .5-.5V8H12v2a2 2 0 0 1-2 2H8Zm2-12a2 2 0 0 1 2 2v2h-1.5V2a.5.5 0 0 0-.5-.5H8V0h2Z\" \/>\n\t\t\t<\/svg>\n\t\t<\/button><figcaption class=\"wp-element-caption\">Foto: Alberto Belli \/ Google Maps<\/figcaption><\/figure>\n\n\n\n<h3 class=\"wp-block-heading\"><span class=\"ez-toc-section\" id=\"11_Grande_Ile_primul_cartier_inscris_la_UNESCO\"><\/span>11. Grande \u00cele (primul cartier \u00eenscris la UNESCO)<span class=\"ez-toc-section-end\"><\/span><\/h3>\n\n\n\n<p class=\"wp-block-paragraph\">Nucleul istoric al ora\u0219ului Strasbourg se \u00eentinde pe superba insul\u0103 Grande \u00cele, ocolit\u0103 lene\u0219 de dou\u0103 bra\u021be ale r\u00e2ului Ill. Aceast\u0103 insul\u0103 este o unicitate mondial\u0103 absolut\u0103, pentru c\u0103 <strong>\u00een 1988 a fost \u00eenscris\u0103 pe lista patrimoniului mondial UNESCO ca fiind primul cartier urban \u00eentreg<\/strong> din istorie. Nu e de mirare, pentru c\u0103 aici concentrarea de monumente istorice superbe pe un spa\u021biu at\u00e2t de mic este cu adev\u0103rat absolut excep\u021bional\u0103.<\/p>\n\n\n\n<p class=\"wp-block-paragraph\">\u00centr-o plimbare lent\u0103 prin insul\u0103 dai peste un exemplu perfect al modului \u00een care ora\u0219ul s-a dezvoltat f\u0103r\u0103 \u00eentrerupere din Evul Mediu, prin Rena\u0219tere, p\u00e2n\u0103 la clasicismul \u00eengrijit. <strong>Casele cu acoperi\u0219uri neobi\u0219nuit de \u00eenalte \u0219i abrupte \u0219i cu o mul\u021bime de lucarne, care serveau ini\u021bial la uscarea pieilor de animale \u0219i la depozitarea gr\u00e2nelor<\/strong>, alterneaz\u0103 cu palate impun\u0103toare \u0219i pia\u021bete ascunse pitore\u0219ti. Totul este, \u00een plus, unit printr-o re\u021bea de str\u0103du\u021be \u00eenguste pavate, care te \u00eendeamn\u0103 direct la o hoin\u0103real\u0103 romantic\u0103 f\u0103r\u0103 \u021bint\u0103.<\/p>\n\n\n\n<p class=\"wp-block-paragraph\">Cel mai bun mod de a explora insula este pur \u0219i simplu s\u0103 porne\u0219ti f\u0103r\u0103 plan. Aici, de fapt, nici nu ai cum s\u0103 te r\u0103t\u0103ce\u0219ti. <strong>La fiecare col\u021b descoperi c\u00e2te un detaliu arhitectural interesant<\/strong>, o curte verde ascuns\u0103 sau o brut\u0103rie mic\u0103 ce miroase a produse proasp\u0103t coapte. \u00centreaga insul\u0103 poate fi ocolit\u0103 comod pe jos \u00eentr-o singur\u0103 dup\u0103-amiaz\u0103 pl\u0103cut\u0103.<\/p>\n\n\n\n<figure data-wp-context=\"{&quot;imageId&quot;:&quot;6a9c36105621b&quot;}\" data-wp-interactive=\"core\/image\" data-wp-key=\"6a9c36105621b\" class=\"wp-block-image size-full wp-lightbox-container\"><img decoding=\"async\" width=\"1440\" height=\"1080\" data-wp-class--hide=\"state.isContentHidden\" data-wp-class--show=\"state.isContentVisible\" data-wp-init=\"callbacks.setButtonStyles\" data-wp-on--click=\"actions.showLightbox\" data-wp-on--load=\"callbacks.setButtonStyles\" data-wp-on--pointerdown=\"actions.preloadImage\" data-wp-on--pointerenter=\"actions.preloadImageWithDelay\" data-wp-on--pointerleave=\"actions.cancelPreload\" data-wp-on-window--resize=\"callbacks.setButtonStyles\" src=\"https:\/\/loudavymkrokem.cz\/wp-content\/uploads\/2026\/09\/neustadt.jpg\" alt=\"Neustadt (cartierul imperial german)\" class=\"wp-image-413212\" title=\"\" srcset=\"https:\/\/loudavymkrokem.cz\/wp-content\/uploads\/2026\/09\/neustadt.jpg 1440w, https:\/\/loudavymkrokem.cz\/wp-content\/uploads\/2026\/09\/neustadt-300x225.jpg 300w, https:\/\/loudavymkrokem.cz\/wp-content\/uploads\/2026\/09\/neustadt-700x525.jpg 700w, https:\/\/loudavymkrokem.cz\/wp-content\/uploads\/2026\/09\/neustadt-768x576.jpg 768w, https:\/\/loudavymkrokem.cz\/wp-content\/uploads\/2026\/09\/neustadt-80x60.jpg 80w, https:\/\/loudavymkrokem.cz\/wp-content\/uploads\/2026\/09\/neustadt-160x120.jpg 160w, https:\/\/loudavymkrokem.cz\/wp-content\/uploads\/2026\/09\/neustadt-696x522.jpg 696w, https:\/\/loudavymkrokem.cz\/wp-content\/uploads\/2026\/09\/neustadt-1392x1044.jpg 1392w\" sizes=\"(max-width: 1440px) 100vw, 1440px\" \/><button\n\t\t\tclass=\"lightbox-trigger\"\n\t\t\ttype=\"button\"\n\t\t\taria-haspopup=\"dialog\"\n\t\t\tdata-wp-bind--aria-label=\"state.thisImage.triggerButtonAriaLabel\"\n\t\t\tdata-wp-init=\"callbacks.initTriggerButton\"\n\t\t\tdata-wp-on--click=\"actions.showLightbox\"\n\t\t\tdata-wp-style--right=\"state.thisImage.buttonRight\"\n\t\t\tdata-wp-style--top=\"state.thisImage.buttonTop\"\n\t\t>\n\t\t\t<svg xmlns=\"http:\/\/www.w3.org\/2000\/svg\" width=\"12\" height=\"12\" fill=\"none\" viewBox=\"0 0 12 12\">\n\t\t\t\t<path fill=\"#fff\" d=\"M2 0a2 2 0 0 0-2 2v2h1.5V2a.5.5 0 0 1 .5-.5h2V0H2Zm2 10.5H2a.5.5 0 0 1-.5-.5V8H0v2a2 2 0 0 0 2 2h2v-1.5ZM8 12v-1.5h2a.5.5 0 0 0 .5-.5V8H12v2a2 2 0 0 1-2 2H8Zm2-12a2 2 0 0 1 2 2v2h-1.5V2a.5.5 0 0 0-.5-.5H8V0h2Z\" \/>\n\t\t\t<\/svg>\n\t\t<\/button><figcaption class=\"wp-element-caption\">Foto: M. E. \/ Google Maps<\/figcaption><\/figure>\n\n\n\n<h3 class=\"wp-block-heading\"><span class=\"ez-toc-section\" id=\"12_Neustadt_cartierul_imperial_german\"><\/span>12. Neustadt (cartierul imperial german)<span class=\"ez-toc-section-end\"><\/span><\/h3>\n\n\n\n<p class=\"wp-block-paragraph\">Dup\u0103 ce, la sf\u00e2r\u0219itul secolului al nou\u0103sprezecelea, ora\u0219ul a fost anexat for\u021bat Imperiului German, germanii au decis s\u0103 construiasc\u0103 un cartier complet nou, foarte reprezentativ, care s\u0103 arate puterea de atunci \u0219i bog\u0103\u021bia lor nem\u0103surat\u0103. A\u0219a a ap\u0103rut Neustadt, adic\u0103 Ora\u0219ul Nou, care <strong>din 2017 a devenit o alt\u0103 extindere oficial\u0103 a \u00eenscrierii pe prestigioasa list\u0103 UNESCO<\/strong>. Acest cartier reprezint\u0103 un contrast absolut \u0219i fascinant fa\u021b\u0103 de str\u0103du\u021bele \u00eenguste ale ora\u0219ului vechi.<\/p>\n\n\n\n<p class=\"wp-block-paragraph\">Vei g\u0103si aici <strong>bulevarde uria\u0219e \u0219i l\u0103t\u0103re\u021be m\u0103rginite de copaci \u00eenal\u021bi, pie\u021be circulare imense \u0219i cl\u0103diri publice monumentale<\/strong> construite \u00eentr-un amestec aparte de neogotic, neorena\u0219tere \u0219i decorativul Art Nouveau. Punctul central al \u00eentregului acestui cartier fastuos este pia\u021ba Place de la R\u00e9publique, cu cl\u0103direa Teatrului Na\u021bional \u0219i uluitoarea bibliotec\u0103 universitar\u0103, care \u00ee\u021bi taie respira\u021bia.<\/p>\n\n\n\n<p class=\"wp-block-paragraph\">O plimbare prin acest cartier lini\u0219tit \u00ee\u021bi <strong>ilustreaz\u0103 perfect acea dubl\u0103 identitate a ora\u0219ului Strasbourg, at\u00e2t de des men\u021bionat\u0103<\/strong>, c\u00e2nd treci din Evul Mediu tipic francez \u00een urbanismul german exemplar de la sf\u00e2r\u0219itul secolului al nou\u0103sprezecelea. Multe case reziden\u021biale de aici au fa\u021bade Art Nouveau superbe, cu decora\u021biuni florale bogate, care merit\u0103 cu siguran\u021b\u0103 o cercetare mai atent\u0103 cu aparatul foto \u00een m\u00e2n\u0103.<\/p>\n\n\n\n<figure data-wp-context=\"{&quot;imageId&quot;:&quot;6a9c36105676e&quot;}\" data-wp-interactive=\"core\/image\" data-wp-key=\"6a9c36105676e\" class=\"wp-block-image size-full wp-lightbox-container\"><img decoding=\"async\" width=\"1600\" height=\"1200\" data-wp-class--hide=\"state.isContentHidden\" data-wp-class--show=\"state.isContentVisible\" data-wp-init=\"callbacks.setButtonStyles\" data-wp-on--click=\"actions.showLightbox\" data-wp-on--load=\"callbacks.setButtonStyles\" data-wp-on--pointerdown=\"actions.preloadImage\" data-wp-on--pointerenter=\"actions.preloadImageWithDelay\" data-wp-on--pointerleave=\"actions.cancelPreload\" data-wp-on-window--resize=\"callbacks.setButtonStyles\" src=\"https:\/\/loudavymkrokem.cz\/wp-content\/uploads\/2026\/09\/place-kl-ber.jpg\" alt=\"Place Kl\u00e9ber\" class=\"wp-image-413217\" title=\"\" srcset=\"https:\/\/loudavymkrokem.cz\/wp-content\/uploads\/2026\/09\/place-kl-ber.jpg 1600w, https:\/\/loudavymkrokem.cz\/wp-content\/uploads\/2026\/09\/place-kl-ber-300x225.jpg 300w, https:\/\/loudavymkrokem.cz\/wp-content\/uploads\/2026\/09\/place-kl-ber-700x525.jpg 700w, https:\/\/loudavymkrokem.cz\/wp-content\/uploads\/2026\/09\/place-kl-ber-768x576.jpg 768w, https:\/\/loudavymkrokem.cz\/wp-content\/uploads\/2026\/09\/place-kl-ber-1536x1152.jpg 1536w, https:\/\/loudavymkrokem.cz\/wp-content\/uploads\/2026\/09\/place-kl-ber-80x60.jpg 80w, https:\/\/loudavymkrokem.cz\/wp-content\/uploads\/2026\/09\/place-kl-ber-160x120.jpg 160w, https:\/\/loudavymkrokem.cz\/wp-content\/uploads\/2026\/09\/place-kl-ber-696x522.jpg 696w, https:\/\/loudavymkrokem.cz\/wp-content\/uploads\/2026\/09\/place-kl-ber-1392x1044.jpg 1392w\" sizes=\"(max-width: 1600px) 100vw, 1600px\" \/><button\n\t\t\tclass=\"lightbox-trigger\"\n\t\t\ttype=\"button\"\n\t\t\taria-haspopup=\"dialog\"\n\t\t\tdata-wp-bind--aria-label=\"state.thisImage.triggerButtonAriaLabel\"\n\t\t\tdata-wp-init=\"callbacks.initTriggerButton\"\n\t\t\tdata-wp-on--click=\"actions.showLightbox\"\n\t\t\tdata-wp-style--right=\"state.thisImage.buttonRight\"\n\t\t\tdata-wp-style--top=\"state.thisImage.buttonTop\"\n\t\t>\n\t\t\t<svg xmlns=\"http:\/\/www.w3.org\/2000\/svg\" width=\"12\" height=\"12\" fill=\"none\" viewBox=\"0 0 12 12\">\n\t\t\t\t<path fill=\"#fff\" d=\"M2 0a2 2 0 0 0-2 2v2h1.5V2a.5.5 0 0 1 .5-.5h2V0H2Zm2 10.5H2a.5.5 0 0 1-.5-.5V8H0v2a2 2 0 0 0 2 2h2v-1.5ZM8 12v-1.5h2a.5.5 0 0 0 .5-.5V8H12v2a2 2 0 0 1-2 2H8Zm2-12a2 2 0 0 1 2 2v2h-1.5V2a.5.5 0 0 0-.5-.5H8V0h2Z\" \/>\n\t\t\t<\/svg>\n\t\t<\/button><figcaption class=\"wp-element-caption\">Foto: Curzio Pinnelli \/ Google Maps<\/figcaption><\/figure>\n\n\n\n<h3 class=\"wp-block-heading\"><span class=\"ez-toc-section\" id=\"13_Place_Kleber\"><\/span>13. Place Kl\u00e9ber<span class=\"ez-toc-section-end\"><\/span><\/h3>\n\n\n\n<p class=\"wp-block-paragraph\">Principala \u0219i cea mai mare pia\u021b\u0103 ca suprafa\u021b\u0103 din tot centrul ora\u0219ului este Place Kl\u00e9ber, care serve\u0219te fidel ca loc firesc de \u00eent\u00e2lnire pentru to\u021bi localnicii. \u00centregul spa\u021biu imens func\u021bioneaz\u0103 ca o <strong>zon\u0103 pietonal\u0103 \u00eentins\u0103, \u00eenconjurat\u0103 de cl\u0103diri istorice frumoase<\/strong>, \u00een care ast\u0103zi \u00ee\u0219i au sediul magazine ale unor branduri de lux mondiale, cafenele spa\u021bioase \u0219i restaurante renumite. Pia\u021ba poart\u0103 numele celebrului general Jean-Baptiste Kl\u00e9ber, a c\u0103rui statuie de bronz st\u0103 chiar \u00een mijloc \u0219i sub care sunt depuse chiar r\u0103m\u0103\u0219i\u021bele sale reale.<\/p>\n\n\n\n<p class=\"wp-block-paragraph\">Aceast\u0103 pia\u021b\u0103 este cu adev\u0103rat plin\u0103 de o via\u021b\u0103 ne\u00eencetat\u0103 pe tot parcursul anului. Localnicii vin aici s\u0103 fac\u0103 cump\u0103r\u0103turi, s\u0103 stea la o cafea de dup\u0103-amiaz\u0103 sau s\u0103 urm\u0103reasc\u0103 cei mai diver\u0219i arti\u0219ti stradali. <strong>Cea mai frumoas\u0103 cl\u0103dire din pia\u021b\u0103 este f\u0103r\u0103 \u00eendoial\u0103 Aubette<\/strong>, un palat clasicist din secolul al optsprezecelea, care \u00een trecut a servit ca corp de gard\u0103 militar, iar ast\u0103zi ascunde o galerie comercial\u0103 \u0219i s\u0103li istorice cu decora\u021biuni avangardiste unice din anii dou\u0103zeci ai secolului trecut.<\/p>\n\n\n\n<p class=\"wp-block-paragraph\">\u00cen perioada de Advent, pia\u021ba se transform\u0103 magic \u00een adev\u0103ratul centru al ac\u021biunii, pentru c\u0103 tocmai <strong>aici se ridic\u0103 cu mare fast un brad de Cr\u0103ciun uria\u0219, minunat \u00eempodobit<\/strong>, care este unul dintre cele mai mari simboluri ale \u00eentregului ora\u0219. Dar \u0219i \u00een afara Adventului te bucuri aici din plin de atmosfera grozav\u0103 a unui mare ora\u0219 european vibrant \u0219i modern.<\/p>\n\n\n\n<figure data-wp-context=\"{&quot;imageId&quot;:&quot;6a9c361056c9f&quot;}\" data-wp-interactive=\"core\/image\" data-wp-key=\"6a9c361056c9f\" class=\"wp-block-image size-full wp-lightbox-container\"><img decoding=\"async\" width=\"1600\" height=\"1200\" data-wp-class--hide=\"state.isContentHidden\" data-wp-class--show=\"state.isContentVisible\" data-wp-init=\"callbacks.setButtonStyles\" data-wp-on--click=\"actions.showLightbox\" data-wp-on--load=\"callbacks.setButtonStyles\" data-wp-on--pointerdown=\"actions.preloadImage\" data-wp-on--pointerenter=\"actions.preloadImageWithDelay\" data-wp-on--pointerleave=\"actions.cancelPreload\" data-wp-on-window--resize=\"callbacks.setButtonStyles\" src=\"https:\/\/loudavymkrokem.cz\/wp-content\/uploads\/2026\/09\/parc-de-l-orangerie.jpg\" alt=\"Parc de l&#039;Orangerie\" class=\"wp-image-413221\" title=\"\" srcset=\"https:\/\/loudavymkrokem.cz\/wp-content\/uploads\/2026\/09\/parc-de-l-orangerie.jpg 1600w, https:\/\/loudavymkrokem.cz\/wp-content\/uploads\/2026\/09\/parc-de-l-orangerie-300x225.jpg 300w, https:\/\/loudavymkrokem.cz\/wp-content\/uploads\/2026\/09\/parc-de-l-orangerie-700x525.jpg 700w, https:\/\/loudavymkrokem.cz\/wp-content\/uploads\/2026\/09\/parc-de-l-orangerie-768x576.jpg 768w, https:\/\/loudavymkrokem.cz\/wp-content\/uploads\/2026\/09\/parc-de-l-orangerie-1536x1152.jpg 1536w, https:\/\/loudavymkrokem.cz\/wp-content\/uploads\/2026\/09\/parc-de-l-orangerie-80x60.jpg 80w, https:\/\/loudavymkrokem.cz\/wp-content\/uploads\/2026\/09\/parc-de-l-orangerie-160x120.jpg 160w, https:\/\/loudavymkrokem.cz\/wp-content\/uploads\/2026\/09\/parc-de-l-orangerie-696x522.jpg 696w, https:\/\/loudavymkrokem.cz\/wp-content\/uploads\/2026\/09\/parc-de-l-orangerie-1392x1044.jpg 1392w\" sizes=\"(max-width: 1600px) 100vw, 1600px\" \/><button\n\t\t\tclass=\"lightbox-trigger\"\n\t\t\ttype=\"button\"\n\t\t\taria-haspopup=\"dialog\"\n\t\t\tdata-wp-bind--aria-label=\"state.thisImage.triggerButtonAriaLabel\"\n\t\t\tdata-wp-init=\"callbacks.initTriggerButton\"\n\t\t\tdata-wp-on--click=\"actions.showLightbox\"\n\t\t\tdata-wp-style--right=\"state.thisImage.buttonRight\"\n\t\t\tdata-wp-style--top=\"state.thisImage.buttonTop\"\n\t\t>\n\t\t\t<svg xmlns=\"http:\/\/www.w3.org\/2000\/svg\" width=\"12\" height=\"12\" fill=\"none\" viewBox=\"0 0 12 12\">\n\t\t\t\t<path fill=\"#fff\" d=\"M2 0a2 2 0 0 0-2 2v2h1.5V2a.5.5 0 0 1 .5-.5h2V0H2Zm2 10.5H2a.5.5 0 0 1-.5-.5V8H0v2a2 2 0 0 0 2 2h2v-1.5ZM8 12v-1.5h2a.5.5 0 0 0 .5-.5V8H12v2a2 2 0 0 1-2 2H8Zm2-12a2 2 0 0 1 2 2v2h-1.5V2a.5.5 0 0 0-.5-.5H8V0h2Z\" \/>\n\t\t\t<\/svg>\n\t\t<\/button><figcaption class=\"wp-element-caption\">Foto: dante coccia \/ Google Maps<\/figcaption><\/figure>\n\n\n\n<h3 class=\"wp-block-heading\"><span class=\"ez-toc-section\" id=\"14_Parc_de_lOrangerie\"><\/span>14. Parc de l&#8217;Orangerie<span class=\"ez-toc-section-end\"><\/span><\/h3>\n\n\n\n<p class=\"wp-block-paragraph\">Dac\u0103 vrei s\u0103 te odihne\u0219ti o clip\u0103 de zgomotul ora\u0219ului mare \u0219i s\u0103-\u021bi \u00eencarci bateriile \u00een natur\u0103, porne\u0219te spre Parc de l&#8217;Orangerie. Acest parc uluitor din secolul al \u0219aptesprezecelea este <strong>cel mai mare \u0219i cel mai vechi parc din ora\u0219<\/strong> \u0219i se afl\u0103 \u00een imediata apropiere a cartierului european modern. Ini\u021bial se cultivau aici portocali rari. Cine ar fi zis c\u0103 din asta va ie\u0219i c\u00e2ndva cel mai mare parc din ora\u0219.<\/p>\n\n\n\n<p class=\"wp-block-paragraph\">Ast\u0103zi este o oaz\u0103 uria\u0219\u0103 \u0219i \u00eengrijit\u0103 cu grij\u0103 de verdea\u021b\u0103, cu un lac \u00eentins unde <strong>po\u021bi \u00eenchiria \u00een lunile calde de var\u0103 o b\u0103rcu\u021b\u0103 \u0219i te po\u021bi plimba pe luciul lini\u0219tit al apei<\/strong>. Parcul este str\u0103b\u0103tut de o re\u021bea dens\u0103 de alei largi de nisip, dai peste straturi frumoase de flori, f\u00e2nt\u00e2ni susur\u00e2nde \u0219i chiar o mic\u0103 gr\u0103din\u0103 zoologic\u0103. \u00cen pavilionul din mijlocul parcului se afl\u0103, \u00een plus, un restaurant de lux cu o teras\u0103 frumoas\u0103 pentru un pr\u00e2nz festiv.<\/p>\n\n\n\n<p class=\"wp-block-paragraph\">\ud83d\udca1 Sfat: Parcul este \u0219i casa unui num\u0103r uria\u0219 de berze s\u0103lbatice, care sunt simbolul animalier al \u00eentregii Alsacii. <strong>Le po\u021bi observa aici \u00een voie cum \u00ee\u0219i construiesc cuiburile imense sus, \u00een coroanele copacilor \u00eenal\u021bi<\/strong>, o experien\u021b\u0103 care va \u00eenc\u00e2nta cu siguran\u021b\u0103 nu doar copiii mici, ci \u0219i vizitatorii adul\u021bi.<\/p>\n\n\n\n<figure data-wp-context=\"{&quot;imageId&quot;:&quot;6a9c361057111&quot;}\" data-wp-interactive=\"core\/image\" data-wp-key=\"6a9c361057111\" class=\"wp-block-image size-full wp-lightbox-container\"><img decoding=\"async\" width=\"1600\" height=\"1183\" data-wp-class--hide=\"state.isContentHidden\" data-wp-class--show=\"state.isContentVisible\" data-wp-init=\"callbacks.setButtonStyles\" data-wp-on--click=\"actions.showLightbox\" data-wp-on--load=\"callbacks.setButtonStyles\" data-wp-on--pointerdown=\"actions.preloadImage\" data-wp-on--pointerenter=\"actions.preloadImageWithDelay\" data-wp-on--pointerleave=\"actions.cancelPreload\" data-wp-on-window--resize=\"callbacks.setButtonStyles\" src=\"https:\/\/loudavymkrokem.cz\/wp-content\/uploads\/2026\/09\/parc-de-l-toile.jpg\" alt=\"Parc de l&#039;\u00c9toile\" class=\"wp-image-413224\" title=\"\" srcset=\"https:\/\/loudavymkrokem.cz\/wp-content\/uploads\/2026\/09\/parc-de-l-toile.jpg 1600w, https:\/\/loudavymkrokem.cz\/wp-content\/uploads\/2026\/09\/parc-de-l-toile-300x222.jpg 300w, https:\/\/loudavymkrokem.cz\/wp-content\/uploads\/2026\/09\/parc-de-l-toile-700x518.jpg 700w, https:\/\/loudavymkrokem.cz\/wp-content\/uploads\/2026\/09\/parc-de-l-toile-768x568.jpg 768w, https:\/\/loudavymkrokem.cz\/wp-content\/uploads\/2026\/09\/parc-de-l-toile-1536x1136.jpg 1536w, https:\/\/loudavymkrokem.cz\/wp-content\/uploads\/2026\/09\/parc-de-l-toile-80x60.jpg 80w, https:\/\/loudavymkrokem.cz\/wp-content\/uploads\/2026\/09\/parc-de-l-toile-696x515.jpg 696w, https:\/\/loudavymkrokem.cz\/wp-content\/uploads\/2026\/09\/parc-de-l-toile-1392x1029.jpg 1392w\" sizes=\"(max-width: 1600px) 100vw, 1600px\" \/><button\n\t\t\tclass=\"lightbox-trigger\"\n\t\t\ttype=\"button\"\n\t\t\taria-haspopup=\"dialog\"\n\t\t\tdata-wp-bind--aria-label=\"state.thisImage.triggerButtonAriaLabel\"\n\t\t\tdata-wp-init=\"callbacks.initTriggerButton\"\n\t\t\tdata-wp-on--click=\"actions.showLightbox\"\n\t\t\tdata-wp-style--right=\"state.thisImage.buttonRight\"\n\t\t\tdata-wp-style--top=\"state.thisImage.buttonTop\"\n\t\t>\n\t\t\t<svg xmlns=\"http:\/\/www.w3.org\/2000\/svg\" width=\"12\" height=\"12\" fill=\"none\" viewBox=\"0 0 12 12\">\n\t\t\t\t<path fill=\"#fff\" d=\"M2 0a2 2 0 0 0-2 2v2h1.5V2a.5.5 0 0 1 .5-.5h2V0H2Zm2 10.5H2a.5.5 0 0 1-.5-.5V8H0v2a2 2 0 0 0 2 2h2v-1.5ZM8 12v-1.5h2a.5.5 0 0 0 .5-.5V8H12v2a2 2 0 0 1-2 2H8Zm2-12a2 2 0 0 1 2 2v2h-1.5V2a.5.5 0 0 0-.5-.5H8V0h2Z\" \/>\n\t\t\t<\/svg>\n\t\t<\/button><figcaption class=\"wp-element-caption\">Foto: Zulfikar CEKIC \/ Google Maps<\/figcaption><\/figure>\n\n\n\n<h3 class=\"wp-block-heading\"><span class=\"ez-toc-section\" id=\"15_Parc_de_lEtoile\"><\/span>15. Parc de l&#8217;\u00c9toile<span class=\"ez-toc-section-end\"><\/span><\/h3>\n\n\n\n<p class=\"wp-block-paragraph\">Un alt spa\u021biu verde foarte interesant, care merit\u0103 cu siguran\u021b\u0103 vizita ta, este Parc de l&#8217;\u00c9toile. Spre deosebire de stilul francez clasic \u0219i strict simetric al parcului Orangerie, acest spa\u021biu este conceput mult mai relaxat \u0219i mai modern. <strong>G\u0103se\u0219ti aici coline \u00eentinse de iarb\u0103, pasarele din lemn \u0219i alei largi ce m\u0103rginesc canalele cu ap\u0103<\/strong>, ceea ce \u00eel face un loc extrem de \u00eendr\u0103git pentru picnicuri \u0219i relaxarea de dup\u0103-amiaz\u0103 a studen\u021bilor de la universitatea din apropiere.<\/p>\n\n\n\n<p class=\"wp-block-paragraph\">Una dintre principalele curiozit\u0103\u021bi artistice ale acestui parc este <strong>statuia de bronz a lui Mahatma Gandhi<\/strong>, d\u0103ruit\u0103 oficial ora\u0219ului de guvernul indian ca simbol permanent al p\u0103cii \u0219i non-violen\u021bei. Parcul func\u021bioneaz\u0103 ca o leg\u0103tur\u0103 grozav\u0103 \u0219i verde \u00eentre centrul istoric al ora\u0219ului \u0219i cartierele sudice mai moderne, iar datorit\u0103 mul\u021bimii de b\u0103nci amplasate ofer\u0103 un loc foarte pl\u0103cut de odihn\u0103.<\/p>\n\n\n\n<p class=\"wp-block-paragraph\">\u00centregul spa\u021biu este, de asemenea, foarte \u00eendr\u0103git de bicicli\u0219tii \u0219i alerg\u0103torii locali, pentru c\u0103 de aici te po\u021bi conecta f\u0103r\u0103 \u00eentrerupere la re\u021beaua vast\u0103 de piste de biciclete amenajate care merg de-a lungul canalelor p\u00e2n\u0103 departe, dincolo de grani\u021bele ora\u0219ului. <strong>Dac\u0103 \u00ee\u021bi planifici s\u0103 \u00eenchiriezi o biciclet\u0103 \u00een ora\u0219, \u00ee\u021bi recomand cu siguran\u021b\u0103 s\u0103-\u021bi \u00eencepi plimbarea chiar de aici<\/strong>.<\/p>\n\n\n\n<figure data-wp-context=\"{&quot;imageId&quot;:&quot;6a9c36105761d&quot;}\" data-wp-interactive=\"core\/image\" data-wp-key=\"6a9c36105761d\" class=\"wp-block-image size-full wp-lightbox-container\"><img decoding=\"async\" width=\"1600\" height=\"1200\" data-wp-class--hide=\"state.isContentHidden\" data-wp-class--show=\"state.isContentVisible\" data-wp-init=\"callbacks.setButtonStyles\" data-wp-on--click=\"actions.showLightbox\" data-wp-on--load=\"callbacks.setButtonStyles\" data-wp-on--pointerdown=\"actions.preloadImage\" data-wp-on--pointerenter=\"actions.preloadImageWithDelay\" data-wp-on--pointerleave=\"actions.cancelPreload\" data-wp-on-window--resize=\"callbacks.setButtonStyles\" src=\"https:\/\/loudavymkrokem.cz\/wp-content\/uploads\/2026\/09\/palais-rohan.jpg\" alt=\"Palais Rohan\" class=\"wp-image-413228\" title=\"\" srcset=\"https:\/\/loudavymkrokem.cz\/wp-content\/uploads\/2026\/09\/palais-rohan.jpg 1600w, https:\/\/loudavymkrokem.cz\/wp-content\/uploads\/2026\/09\/palais-rohan-300x225.jpg 300w, https:\/\/loudavymkrokem.cz\/wp-content\/uploads\/2026\/09\/palais-rohan-700x525.jpg 700w, https:\/\/loudavymkrokem.cz\/wp-content\/uploads\/2026\/09\/palais-rohan-768x576.jpg 768w, https:\/\/loudavymkrokem.cz\/wp-content\/uploads\/2026\/09\/palais-rohan-1536x1152.jpg 1536w, https:\/\/loudavymkrokem.cz\/wp-content\/uploads\/2026\/09\/palais-rohan-80x60.jpg 80w, https:\/\/loudavymkrokem.cz\/wp-content\/uploads\/2026\/09\/palais-rohan-160x120.jpg 160w, https:\/\/loudavymkrokem.cz\/wp-content\/uploads\/2026\/09\/palais-rohan-696x522.jpg 696w, https:\/\/loudavymkrokem.cz\/wp-content\/uploads\/2026\/09\/palais-rohan-1392x1044.jpg 1392w\" sizes=\"(max-width: 1600px) 100vw, 1600px\" \/><button\n\t\t\tclass=\"lightbox-trigger\"\n\t\t\ttype=\"button\"\n\t\t\taria-haspopup=\"dialog\"\n\t\t\tdata-wp-bind--aria-label=\"state.thisImage.triggerButtonAriaLabel\"\n\t\t\tdata-wp-init=\"callbacks.initTriggerButton\"\n\t\t\tdata-wp-on--click=\"actions.showLightbox\"\n\t\t\tdata-wp-style--right=\"state.thisImage.buttonRight\"\n\t\t\tdata-wp-style--top=\"state.thisImage.buttonTop\"\n\t\t>\n\t\t\t<svg xmlns=\"http:\/\/www.w3.org\/2000\/svg\" width=\"12\" height=\"12\" fill=\"none\" viewBox=\"0 0 12 12\">\n\t\t\t\t<path fill=\"#fff\" d=\"M2 0a2 2 0 0 0-2 2v2h1.5V2a.5.5 0 0 1 .5-.5h2V0H2Zm2 10.5H2a.5.5 0 0 1-.5-.5V8H0v2a2 2 0 0 0 2 2h2v-1.5ZM8 12v-1.5h2a.5.5 0 0 0 .5-.5V8H12v2a2 2 0 0 1-2 2H8Zm2-12a2 2 0 0 1 2 2v2h-1.5V2a.5.5 0 0 0-.5-.5H8V0h2Z\" \/>\n\t\t\t<\/svg>\n\t\t<\/button><figcaption class=\"wp-element-caption\">Foto: Kent Wang \/ Google Maps<\/figcaption><\/figure>\n\n\n\n<h3 class=\"wp-block-heading\"><span class=\"ez-toc-section\" id=\"16_Palais_Rohan\"><\/span>16. Palais Rohan<span class=\"ez-toc-section-end\"><\/span><\/h3>\n\n\n\n<p class=\"wp-block-paragraph\">La doar o mic\u0103 distan\u021b\u0103 de catedrala principal\u0103 se \u00eenal\u021b\u0103 maiestuos <a href=\"https:\/\/en.musees.strasbourg.eu\/palais-rohan\" target=\"_blank\" rel=\"nofollow noopener\">Palais Rohan<\/a>, un palat baroc superb \u0219i \u00eentins din secolul al optsprezecelea, care a servit odinioar\u0103 ca re\u0219edin\u021b\u0103 fastuoas\u0103 a episcopilor din Strasbourg, dintr-o familie foarte influent\u0103, cea a Rohanilor. <strong>Aceast\u0103 construc\u021bie cople\u0219itoare este adesea comparat\u0103 prin frumuse\u021bea ei cu palatele pariziene<\/strong>, iar fa\u021bada ei nobil\u0103, ce se oglinde\u0219te \u00een apele r\u00e2ului Ill, se num\u0103r\u0103 printre cele mai frumoase priveli\u0219ti din ora\u0219.<\/p>\n\n\n\n<p class=\"wp-block-paragraph\">Ast\u0103zi, acest palat imens g\u0103zduie\u0219te nu mai pu\u021bin de trei muzee importante ale ora\u0219ului, a\u0219a c\u0103 to\u021bi iubitorii de art\u0103 \u0219i de istorie profund\u0103 \u00ee\u0219i vor g\u0103si negre\u0219it locul aici. <strong>La parter \u00ee\u0219i are sediul Muzeul de Art\u0103 Decorativ\u0103, cu od\u0103ile episcopale originale minunat conservate<\/strong>, la subsol g\u0103se\u0219ti amplul Muzeu Arheologic, iar la primul etaj Muzeul de Arte Frumoase, cu o colec\u021bie impresionant\u0103 de pictur\u0103 clasic\u0103 european\u0103.<\/p>\n\n\n\n<p class=\"wp-block-paragraph\">Chiar dac\u0103 nu e\u0219ti tocmai un mare fan al tururilor de muzeu lungi \u0219i solicitante, m\u0103car \u00een curtea central\u0103 arunc\u0103 neap\u0103rat o privire, intrarea este gratuit\u0103, iar fa\u021bada merit\u0103 efortul. Aici po\u021bi admira \u00een lini\u0219te simetria perfect\u0103 \u0219i incredibila bog\u0103\u021bie decorativ\u0103 a arhitecturii clasice franceze de palat.<\/p>\n\n\n\n<figure data-wp-context=\"{&quot;imageId&quot;:&quot;6a9c361057a8f&quot;}\" data-wp-interactive=\"core\/image\" data-wp-key=\"6a9c361057a8f\" class=\"wp-block-image size-full wp-lightbox-container\"><img decoding=\"async\" width=\"1600\" height=\"1105\" data-wp-class--hide=\"state.isContentHidden\" data-wp-class--show=\"state.isContentVisible\" data-wp-init=\"callbacks.setButtonStyles\" data-wp-on--click=\"actions.showLightbox\" data-wp-on--load=\"callbacks.setButtonStyles\" data-wp-on--pointerdown=\"actions.preloadImage\" data-wp-on--pointerenter=\"actions.preloadImageWithDelay\" data-wp-on--pointerleave=\"actions.cancelPreload\" data-wp-on-window--resize=\"callbacks.setButtonStyles\" src=\"https:\/\/loudavymkrokem.cz\/wp-content\/uploads\/2026\/09\/strasbourg-museum-of-modern-and-contemporary-art.jpg\" alt=\"Strasbourg Museum of Modern and Contemporary Art (MAMCS)\" class=\"wp-image-413231\" title=\"\" srcset=\"https:\/\/loudavymkrokem.cz\/wp-content\/uploads\/2026\/09\/strasbourg-museum-of-modern-and-contemporary-art.jpg 1600w, https:\/\/loudavymkrokem.cz\/wp-content\/uploads\/2026\/09\/strasbourg-museum-of-modern-and-contemporary-art-300x207.jpg 300w, https:\/\/loudavymkrokem.cz\/wp-content\/uploads\/2026\/09\/strasbourg-museum-of-modern-and-contemporary-art-700x483.jpg 700w, https:\/\/loudavymkrokem.cz\/wp-content\/uploads\/2026\/09\/strasbourg-museum-of-modern-and-contemporary-art-768x530.jpg 768w, https:\/\/loudavymkrokem.cz\/wp-content\/uploads\/2026\/09\/strasbourg-museum-of-modern-and-contemporary-art-1536x1061.jpg 1536w, https:\/\/loudavymkrokem.cz\/wp-content\/uploads\/2026\/09\/strasbourg-museum-of-modern-and-contemporary-art-696x481.jpg 696w, https:\/\/loudavymkrokem.cz\/wp-content\/uploads\/2026\/09\/strasbourg-museum-of-modern-and-contemporary-art-1392x961.jpg 1392w\" sizes=\"(max-width: 1600px) 100vw, 1600px\" \/><button\n\t\t\tclass=\"lightbox-trigger\"\n\t\t\ttype=\"button\"\n\t\t\taria-haspopup=\"dialog\"\n\t\t\tdata-wp-bind--aria-label=\"state.thisImage.triggerButtonAriaLabel\"\n\t\t\tdata-wp-init=\"callbacks.initTriggerButton\"\n\t\t\tdata-wp-on--click=\"actions.showLightbox\"\n\t\t\tdata-wp-style--right=\"state.thisImage.buttonRight\"\n\t\t\tdata-wp-style--top=\"state.thisImage.buttonTop\"\n\t\t>\n\t\t\t<svg xmlns=\"http:\/\/www.w3.org\/2000\/svg\" width=\"12\" height=\"12\" fill=\"none\" viewBox=\"0 0 12 12\">\n\t\t\t\t<path fill=\"#fff\" d=\"M2 0a2 2 0 0 0-2 2v2h1.5V2a.5.5 0 0 1 .5-.5h2V0H2Zm2 10.5H2a.5.5 0 0 1-.5-.5V8H0v2a2 2 0 0 0 2 2h2v-1.5ZM8 12v-1.5h2a.5.5 0 0 0 .5-.5V8H12v2a2 2 0 0 1-2 2H8Zm2-12a2 2 0 0 1 2 2v2h-1.5V2a.5.5 0 0 0-.5-.5H8V0h2Z\" \/>\n\t\t\t<\/svg>\n\t\t<\/button><figcaption class=\"wp-element-caption\">Foto: Mus\u00e9e d&#8217;Art Moderne et Contemporain de Strasbourg \/ Google Maps<\/figcaption><\/figure>\n\n\n\n<h3 class=\"wp-block-heading\"><span class=\"ez-toc-section\" id=\"17_Strasbourg_Museum_of_Modern_and_Contemporary_Art_MAMCS\"><\/span>17. Strasbourg Museum of Modern and Contemporary Art (MAMCS)<span class=\"ez-toc-section-end\"><\/span><\/h3>\n\n\n\n<p class=\"wp-block-paragraph\">Pentru to\u021bi iubitorii de art\u0103 ceva mai modern\u0103, o necesitate absolut\u0103 este vizita la Muzeul de Art\u0103 Modern\u0103 \u0219i Contemporan\u0103, pe care localnicii \u00eel numesc pe scurt <a href=\"https:\/\/en.musees.strasbourg.eu\/mamcs\" target=\"_blank\" rel=\"nofollow noopener\">MAMCS<\/a>. Deja cl\u0103direa \u00een sine a acestui muzeu este o mare experien\u021b\u0103 arhitectural\u0103. <strong>Este vorba de o construc\u021bie uria\u0219\u0103 de sticl\u0103, a\u0219ezat\u0103 chiar pe malul r\u00e2ului<\/strong>, care creeaz\u0103 un contrast vizual fantastic \u0219i foarte fotogenic fa\u021b\u0103 de apropiatul cartier istoric Petite France.<\/p>\n\n\n\n<p class=\"wp-block-paragraph\">\u00cen\u0103untru te a\u0219teapt\u0103 colec\u021bii cu adev\u0103rat vaste de art\u0103, de la sf\u00e2r\u0219itul secolului al nou\u0103sprezecelea p\u00e2n\u0103 \u00een prezent, <strong>inclusiv o colec\u021bie foarte bogat\u0103 de fotografie \u0219i grafic\u0103 modern\u0103<\/strong>. G\u0103se\u0219ti aici expuse opere ale unor mae\u0219tri celebri precum Kandinsky, Picasso sau Monet, dar un spa\u021biu generos este dedicat \u0219i instala\u021biilor spa\u021biale contemporane \u0219i arti\u0219tilor alsacieni locali plini de promisiuni.<\/p>\n\n\n\n<p class=\"wp-block-paragraph\">\ud83d\udca1 Sfat: Dup\u0103 un tur lung al expozi\u021biilor, nu rata \u00een niciun caz vizita la cafeneaua muzeului, care se afl\u0103 pe terasa deschis\u0103 de pe acoperi\u0219. <strong>De aici se ofer\u0103 una dintre cele mai frumoase \u0219i mai pu\u021bin cunoscute printre turi\u0219ti priveli\u0219ti asupra centrului istoric \u0219i a turnurilor Ponts Couverts<\/strong>, \u00een plus \u00een deplin\u0103 lini\u0219te, departe de mul\u021bimile turistice principale de pe str\u0103zile de sub tine.<\/p>\n\n\n\n<figure data-wp-context=\"{&quot;imageId&quot;:&quot;6a9c361058038&quot;}\" data-wp-interactive=\"core\/image\" data-wp-key=\"6a9c361058038\" class=\"wp-block-image size-full wp-lightbox-container\"><img decoding=\"async\" width=\"1600\" height=\"1066\" data-wp-class--hide=\"state.isContentHidden\" data-wp-class--show=\"state.isContentVisible\" data-wp-init=\"callbacks.setButtonStyles\" data-wp-on--click=\"actions.showLightbox\" data-wp-on--load=\"callbacks.setButtonStyles\" data-wp-on--pointerdown=\"actions.preloadImage\" data-wp-on--pointerenter=\"actions.preloadImageWithDelay\" data-wp-on--pointerleave=\"actions.cancelPreload\" data-wp-on-window--resize=\"callbacks.setButtonStyles\" src=\"https:\/\/loudavymkrokem.cz\/wp-content\/uploads\/2026\/09\/mus-e-alsacien.jpg\" alt=\"Mus\u00e9e Alsacien\" class=\"wp-image-413235\" title=\"\" srcset=\"https:\/\/loudavymkrokem.cz\/wp-content\/uploads\/2026\/09\/mus-e-alsacien.jpg 1600w, https:\/\/loudavymkrokem.cz\/wp-content\/uploads\/2026\/09\/mus-e-alsacien-300x200.jpg 300w, https:\/\/loudavymkrokem.cz\/wp-content\/uploads\/2026\/09\/mus-e-alsacien-700x466.jpg 700w, https:\/\/loudavymkrokem.cz\/wp-content\/uploads\/2026\/09\/mus-e-alsacien-768x512.jpg 768w, https:\/\/loudavymkrokem.cz\/wp-content\/uploads\/2026\/09\/mus-e-alsacien-1536x1023.jpg 1536w, https:\/\/loudavymkrokem.cz\/wp-content\/uploads\/2026\/09\/mus-e-alsacien-696x464.jpg 696w, https:\/\/loudavymkrokem.cz\/wp-content\/uploads\/2026\/09\/mus-e-alsacien-1392x927.jpg 1392w\" sizes=\"(max-width: 1600px) 100vw, 1600px\" \/><button\n\t\t\tclass=\"lightbox-trigger\"\n\t\t\ttype=\"button\"\n\t\t\taria-haspopup=\"dialog\"\n\t\t\tdata-wp-bind--aria-label=\"state.thisImage.triggerButtonAriaLabel\"\n\t\t\tdata-wp-init=\"callbacks.initTriggerButton\"\n\t\t\tdata-wp-on--click=\"actions.showLightbox\"\n\t\t\tdata-wp-style--right=\"state.thisImage.buttonRight\"\n\t\t\tdata-wp-style--top=\"state.thisImage.buttonTop\"\n\t\t>\n\t\t\t<svg xmlns=\"http:\/\/www.w3.org\/2000\/svg\" width=\"12\" height=\"12\" fill=\"none\" viewBox=\"0 0 12 12\">\n\t\t\t\t<path fill=\"#fff\" d=\"M2 0a2 2 0 0 0-2 2v2h1.5V2a.5.5 0 0 1 .5-.5h2V0H2Zm2 10.5H2a.5.5 0 0 1-.5-.5V8H0v2a2 2 0 0 0 2 2h2v-1.5ZM8 12v-1.5h2a.5.5 0 0 0 .5-.5V8H12v2a2 2 0 0 1-2 2H8Zm2-12a2 2 0 0 1 2 2v2h-1.5V2a.5.5 0 0 0-.5-.5H8V0h2Z\" \/>\n\t\t\t<\/svg>\n\t\t<\/button><figcaption class=\"wp-element-caption\">Foto: Bertrand Strasbourg \/ Google Maps<\/figcaption><\/figure>\n\n\n\n<h3 class=\"wp-block-heading\"><span class=\"ez-toc-section\" id=\"18_Musee_Alsacien\"><\/span>18. Mus\u00e9e Alsacien<span class=\"ez-toc-section-end\"><\/span><\/h3>\n\n\n\n<p class=\"wp-block-paragraph\">Dac\u0103 vrei s\u0103 p\u0103trunzi cu adev\u0103rat ad\u00e2nc \u00een sufletul acestei regiuni, viziteaz\u0103 mai \u00eent\u00e2i <a href=\"https:\/\/en.musees.strasbourg.eu\/alsatian-museum\" target=\"_blank\" rel=\"nofollow noopener\">Mus\u00e9e Alsacien<\/a>. Se afl\u0103 \u00een mai multe case istorice cu grinzi aparente, legate \u00eentre ele, \u0219i <strong>cartografiaz\u0103 minunat via\u021ba tradi\u021bional\u0103 a poporului alsacian, obiceiurile de la \u021bar\u0103 \u0219i me\u0219te\u0219ugurile de epoc\u0103<\/strong>. Totul este a\u0219ezat \u00eentr-un mediu istoric absolut autentic \u0219i u\u0219or labirintic, plin de sc\u0103ri de lemn care sc\u00e2r\u021b\u00e2ie.<\/p>\n\n\n\n<p class=\"wp-block-paragraph\">C\u00e2\u0219tigi astfel un context grozav pentru ceea ce vei vedea apoi pe str\u0103zi \u0219i \u00een\u021belegi mai bine cum tr\u0103iau, de fapt, oamenii de aici. Afli ce me\u0219te\u0219uguri dominau zona, vezi porturile populare tipice \u0219i, dintr-odat\u0103, arhitectura din jur va c\u0103p\u0103ta \u0219i mai mult sens.<\/p>\n\n\n\n<h2 class=\"wp-block-heading\"><span class=\"ez-toc-section\" id=\"Unde_sa_mergi_mai_departe_din_Strasbourg\"><\/span>Unde s\u0103 mergi mai departe din Strasbourg<span class=\"ez-toc-section-end\"><\/span><\/h2>\n\n\n\n<p class=\"wp-block-paragraph\">Strasbourg func\u021bioneaz\u0103 ca o <strong>baz\u0103 absolut ideal\u0103 pentru a descoperi \u00eentreaga Alsacie<\/strong>. \u00cen mai pu\u021bin de o or\u0103 de mers ajungi \u00een sate de basm, care par decoruri dintr-un film istoric. Dac\u0103 ai o ma\u0219in\u0103 la dispozi\u021bie, <strong>nu rata \u00een niciun caz traseul nostru din articolul <a href=\"https:\/\/loudavymkrokem.cz\/ro\/ruta-vinului-alsacia-franta\/\">Ruta vinului din Alsacia: 12 dintre cele mai frumoase sate<\/a><\/strong>, unde descriem \u00een detaliu opririle pe traseu prin or\u0103\u0219ele precum Riquewihr sau Kaysersberg.<\/p>\n\n\n\n<p class=\"wp-block-paragraph\">O vizit\u0103 separat\u0103 merit\u0103 cu siguran\u021b\u0103 capitala vinului alsacian, despre care am scris pe larg \u00een ghidul <a href=\"https:\/\/loudavymkrokem.cz\/ro\/colmar-franta-venetia-franceza\/\">Colmar, Fran\u021ba<\/a>. Este o versiune mai mic\u0103 \u0219i \u00eenc\u0103 un pic mai concentrat\u0103 a ora\u0219ului Strasbourg, cu un cartier uluitor numit Mica Vene\u021bie.<\/p>\n\n\n\n<p class=\"wp-block-paragraph\">C\u00e2nd vei c\u0103uta alte inspira\u021bii pentru excursii \u00een \u00eemprejurimi, s-ar putea s\u0103 dai pe h\u0103r\u021bi peste \u00c9comus\u00e9e d&#8217;Alsace sau peste muzeul militar MM Park, dar nu te l\u0103sa \u00een\u0219elat. \u00c9comus\u00e9e se afl\u0103 \u00een Ungersheim, la aproximativ \u0219aizeci de kilometri de ora\u0219, iar MM Park \u00eel g\u0103se\u0219ti \u00een comuna La Wantzenau, a\u0219a c\u0103 <strong>ambele locuri necesit\u0103 mai degrab\u0103 o excursie de o jum\u0103tate de zi p\u00e2n\u0103 la o zi \u00eentreag\u0103 cu ma\u0219ina<\/strong> \u0219i cu siguran\u021b\u0103 nu se afl\u0103 la distan\u021b\u0103 de mers pe jos de centrul ora\u0219ului.<\/p>\n\n\n\n<p class=\"wp-block-paragraph\">Dac\u0103 \u00ee\u021bi planifici o descoperire mai ampl\u0103 a \u021b\u0103rii br\u00e2nzeturilor \u0219i vinului, arunc\u0103 o privire pe articolul nostru <a href=\"https:\/\/loudavymkrokem.cz\/ro\/road-trip-franta-itinerar\/\">Roadtrip prin Fran\u021ba: itinerariu pentru 14 zile<\/a>, unde g\u0103se\u0219ti o mul\u021bime de sfaturi practice pentru deplas\u0103rile lungi. Iar dac\u0103 totu\u0219i te-ai hot\u0103r\u00ee s\u0103 porne\u0219ti la drum la sf\u00e2r\u0219itul anului, nu uita s\u0103 treci prin specialul nostru <a href=\"https:\/\/loudavymkrokem.cz\/ro\/targ-craciun-strasbourg-franta\/\">T\u00e2rgurile de Cr\u0103ciun din Strasbourg<\/a>.<\/p>\n\n\n\n<h2 class=\"wp-block-heading\"><span class=\"ez-toc-section\" id=\"Intrebari_frecvente\"><\/span>\u00centreb\u0103ri frecvente<span class=\"ez-toc-section-end\"><\/span><\/h2>\n\n\n<div id=\"rank-math-faq\" class=\"rank-math-block\">\n<div class=\"rank-math-list \">\n<div id=\"faq-question-1788283122000\" class=\"rank-math-list-item\">\n<h3 class=\"rank-math-question \"><span class=\"ez-toc-section\" id=\"Cand_au_loc_targurile_de_Craciun_in_2026\"><\/span>C\u00e2nd au loc t\u00e2rgurile de Cr\u0103ciun \u00een 2026?<span class=\"ez-toc-section-end\"><\/span><\/h3>\n<div class=\"rank-math-answer \">\n\n<p>\u00cen 2026, celebrele t\u00e2rguri de Cr\u0103ciun au loc de vineri 27 noiembrie p\u00e2n\u0103 duminic\u0103 27 decembrie. Sunt r\u0103sp\u00e2ndite \u00een unsprezece loca\u021bii diferite de-a lungul \u00eentregului cartier istoric Grande \u00cele, cele mai renumite \u0219i mai mari g\u0103sindu-se \u00een Place Broglie \u0219i \u00een pia\u021ba principal\u0103 Place Kl\u00e9ber.<\/p>\n\n<\/div>\n<\/div>\n<div id=\"faq-question-1788283122001\" class=\"rank-math-list-item\">\n<h3 class=\"rank-math-question \"><span class=\"ez-toc-section\" id=\"Cum_functioneaza_sistemul_de_parcare_Park_and_Ride\"><\/span>Cum func\u021bioneaz\u0103 sistemul de parcare Park and Ride?<span class=\"ez-toc-section-end\"><\/span><\/h3>\n<div class=\"rank-math-answer \">\n\n<p>Este cu siguran\u021b\u0103 cel mai inteligent mod de a ajunge \u00een ora\u0219 f\u0103r\u0103 stres. Pl\u0103ti\u021bi o tax\u0103 unic\u0103 \u0219i foarte avantajoas\u0103 pentru parcare pe tot parcursul zilei \u00eentr-un parking de la marginea ora\u0219ului. Pentru acest pre\u021b, to\u021bi pasagerii din ma\u0219ina dumneavoastr\u0103 primesc automat bilet dus-\u00eentors cu tramvaiul direct \u00een centru. Astfel economisi\u021bi o mul\u021bime de bani pentru parc\u0103rile subterane scumpe \u0219i nervi la \u0219erpuit prin str\u0103du\u021bele \u00eenguste cu sens unic.<\/p>\n\n<\/div>\n<\/div>\n<div id=\"faq-question-1788283122002\" class=\"rank-math-list-item\">\n<h3 class=\"rank-math-question \"><span class=\"ez-toc-section\" id=\"Cate_zile_sa_rezerv_pentru_vizitarea_orasului\"><\/span>C\u00e2te zile s\u0103 rezerv pentru vizitarea ora\u0219ului?<span class=\"ez-toc-section-end\"><\/span><\/h3>\n<div class=\"rank-math-answer \">\n\n<p>Pentru a reu\u0219i s\u0103 absorbi\u021bi acea atmosfer\u0103 lini\u0219tit\u0103 autentic\u0103 \u0219i s\u0103 parcurge\u021bi toate obiectivele principale f\u0103r\u0103 stres inutil, recomand s\u0103 aloca\u021bi dou\u0103 p\u00e2n\u0103 la trei zile \u00eentregi pentru ora\u0219. Dac\u0103 pl\u0103nui\u021bi s\u0103 vizita\u021bi \u0219i muzeele locale sau sediile Parlamentului European, trei zile vor fi absolut ideale.<\/p>\n\n<\/div>\n<\/div>\n<div id=\"faq-question-1788283122003\" class=\"rank-math-list-item\">\n<h3 class=\"rank-math-question \"><span class=\"ez-toc-section\" id=\"Vizitele_la_Parlamentul_European_sunt_cu_plata\"><\/span>Vizitele la Parlamentul European sunt cu plat\u0103?<span class=\"ez-toc-section-end\"><\/span><\/h3>\n<div class=\"rank-math-answer \">\n\n<p>Nu, tururile pentru public \u0219i intrarea \u00een modernul centru interactiv Parlamentarium Simone Veil sunt complet gratuite pentru to\u021bi vizitatorii. Este \u00eens\u0103 necesar s\u0103 ave\u021bi asupra dumneavoastr\u0103 un act de identitate valabil sub form\u0103 de carte de identitate sau pa\u0219aport \u0219i s\u0103 \u021bine\u021bi cont de \u00eent\u00e2rzieri la controalele stricte de securitate de la intrare.<\/p>\n\n<\/div>\n<\/div>\n<div id=\"faq-question-1788283122004\" class=\"rank-math-list-item\">\n<h3 class=\"rank-math-question \"><span class=\"ez-toc-section\" id=\"Care_este_cel_mai_bun_mod_de_a_te_deplasa_prin_centrul_orasului\"><\/span>Care este cel mai bun mod de a te deplasa prin centrul ora\u0219ului?<span class=\"ez-toc-section-end\"><\/span><\/h3>\n<div class=\"rank-math-answer \">\n\n<p>Nucleul istoric de pe insula Grande \u00cele este destul de compact \u0219i cel mai bine \u00eel explorezi pe jos. Pentru deplas\u0103ri mai lungi, de exemplu la Parlamentul European sau \u00een parcurile mai \u00eendep\u0103rtate, recomand s\u0103 folosi\u021bi sistemul de tramvaie care func\u021bioneaz\u0103 excelent, av\u00e2nd \u0219ase linii care acoper\u0103 \u00een mod fiabil \u00eentregul ora\u0219.<\/p>\n\n<\/div>\n<\/div>\n<div id=\"faq-question-1788283122005\" class=\"rank-math-list-item\">\n<h3 class=\"rank-math-question \"><span class=\"ez-toc-section\" id=\"Strasbourg_este_un_oras_scump\"><\/span>Strasbourg este un ora\u0219 scump?<span class=\"ez-toc-section-end\"><\/span><\/h3>\n<div class=\"rank-math-answer \">\n\n<p>Depinde strict de perioada \u00een care pleca\u021bi. \u00cen perioada t\u00e2rgurilor de Cr\u0103ciun, pre\u021burile caz\u0103rii \u00een centru urc\u0103 la \u00een\u0103l\u021bimi astronomice. Dac\u0103 \u00eens\u0103 veni\u021bi \u00een afara lunii decembrie, de exemplu \u00een ianuarie sau februarie, pre\u021burile hotelurilor scad la o frac\u021biune \u0219i ora\u0219ul este complet comparabil ca pre\u021b cu alte destina\u021bii europene obi\u0219nuite.<\/p>\n\n<\/div>\n<\/div>\n<div id=\"faq-question-1788283122006\" class=\"rank-math-list-item\">\n<h3 class=\"rank-math-question \"><span class=\"ez-toc-section\" id=\"Este_orasul_potrivit_pentru_vegetarieni\"><\/span>Este ora\u0219ul potrivit pentru vegetarieni?<span class=\"ez-toc-section-end\"><\/span><\/h3>\n<div class=\"rank-math-answer \">\n\n<p>Cu siguran\u021b\u0103 da. De\u0219i buc\u0103t\u0103ria alsacian\u0103 este renumit\u0103 pentru preparatele sale cu carne, vegetarienii cu siguran\u021b\u0103 nu vor suferi de foame aici. \u00cen fiecare restaurant ve\u021bi da peste excelente sp\u00e4tzle cu br\u00e2nz\u0103, \u00een brut\u0103rii miroase tradi\u021bionalul bretzel \u0219i peste tot se ofer\u0103 varianta f\u0103r\u0103 carne a pl\u0103cintei crocante tarte flamb\u00e9e cu br\u00e2nz\u0103 \u0219i ciuperci.<\/p>\n\n<\/div>\n<\/div>\n<div id=\"faq-question-1788283122007\" class=\"rank-math-list-item\">\n<h3 class=\"rank-math-question \"><span class=\"ez-toc-section\" id=\"Care_sunt_cele_mai_bune_locuri_pentru_fotografii\"><\/span>Care sunt cele mai bune locuri pentru fotografii?<span class=\"ez-toc-section-end\"><\/span><\/h3>\n<div class=\"rank-math-answer \">\n\n<p>Cele mai renumite fotografii de tip carte po\u0219tal\u0103 le ve\u021bi realiza cu siguran\u021b\u0103 de pe terasa panoramic\u0103 a istoricului baraj Barrage Vauban, de unde se vede frumos spre podurile de piatr\u0103 Ponts Couverts \u0219i maiestuosul turn al catedralei. Alte locuri foarte fotogenice se afl\u0103 de-a lungul canalelor de ap\u0103 din cartierul istoric Petite France.<\/p>\n\n<\/div>\n<\/div>\n<\/div>\n<\/div>\n","protected":false},"excerpt":{"rendered":"<p>Descoper\u0103 Strasbourg, Fran\u021ba, f\u0103r\u0103 mul\u021bimi de turi\u0219ti. \u00ce\u021bi spun c\u00e2nd s\u0103 pleci, unde g\u0103se\u0219ti cele mai bune priveli\u0219ti gratuite \u0219i cum s\u0103 te bucuri din plin de acest ora\u0219 alsacian de poveste.<\/p>\n","protected":false},"author":3,"featured_media":413378,"comment_status":"open","ping_status":"open","sticky":false,"template":"","format":"standard","meta":{"_acf_changed":false,"footnotes":"","rank_math_title":"Strasbourg, Fran\u021ba: 18 idei ce s\u0103 vezi \u0219i ce s\u0103 faci","rank_math_description":"Ghid complet pentru Strasbourg, Fran\u021ba: 18 idei ce s\u0103 vezi \u0219i ce s\u0103 faci, cele mai bune priveli\u0219ti gratuite \u0219i sfaturi de cazare.","rank_math_focus_keyword":"strasbourg fran\u021ba","rank_math_seo_score":""},"categories":[2015,2021,2024],"tags":[],"class_list":["post-417517","post","type-post","status-publish","format-standard","has-post-thumbnail","category-calatorii","category-europa","category-franta"],"acf":[],"featured_image_src":"https:\/\/loudavymkrokem.cz\/wp-content\/uploads\/2026\/09\/strasburska-katedrala-7353a339.jpg","author_info":{"display_name":"Lucie Kone\u010dn\u00e1","author_link":"https:\/\/loudavymkrokem.cz\/ro\/author\/lucie-konecna\/"},"_links":{"self":[{"href":"https:\/\/loudavymkrokem.cz\/ro\/wp-json\/wp\/v2\/posts\/417517","targetHints":{"allow":["GET"]}}],"collection":[{"href":"https:\/\/loudavymkrokem.cz\/ro\/wp-json\/wp\/v2\/posts"}],"about":[{"href":"https:\/\/loudavymkrokem.cz\/ro\/wp-json\/wp\/v2\/types\/post"}],"author":[{"embeddable":true,"href":"https:\/\/loudavymkrokem.cz\/ro\/wp-json\/wp\/v2\/users\/3"}],"replies":[{"embeddable":true,"href":"https:\/\/loudavymkrokem.cz\/ro\/wp-json\/wp\/v2\/comments?post=417517"}],"version-history":[{"count":2,"href":"https:\/\/loudavymkrokem.cz\/ro\/wp-json\/wp\/v2\/posts\/417517\/revisions"}],"predecessor-version":[{"id":417519,"href":"https:\/\/loudavymkrokem.cz\/ro\/wp-json\/wp\/v2\/posts\/417517\/revisions\/417519"}],"wp:featuredmedia":[{"embeddable":true,"href":"https:\/\/loudavymkrokem.cz\/ro\/wp-json\/wp\/v2\/media\/413378"}],"wp:attachment":[{"href":"https:\/\/loudavymkrokem.cz\/ro\/wp-json\/wp\/v2\/media?parent=417517"}],"wp:term":[{"taxonomy":"category","embeddable":true,"href":"https:\/\/loudavymkrokem.cz\/ro\/wp-json\/wp\/v2\/categories?post=417517"},{"taxonomy":"post_tag","embeddable":true,"href":"https:\/\/loudavymkrokem.cz\/ro\/wp-json\/wp\/v2\/tags?post=417517"}],"curies":[{"name":"wp","href":"https:\/\/api.w.org\/{rel}","templated":true}]}}