{"id":417513,"date":"2026-09-04T10:46:03","date_gmt":"2026-09-04T08:46:03","guid":{"rendered":"https:\/\/loudavymkrokem.cz\/cartagena-columbia-ce-sa-vezi\/"},"modified":"2026-09-05T16:09:33","modified_gmt":"2026-09-05T14:09:33","slug":"cartagena-columbia-ce-sa-vezi","status":"publish","type":"post","link":"https:\/\/loudavymkrokem.cz\/ro\/cartagena-columbia-ce-sa-vezi\/","title":{"rendered":"Cartagena, Columbia: 22 lucruri de v\u0103zut \u0219i f\u0103cut \u00een 2026"},"content":{"rendered":"\n<p class=\"wp-block-paragraph\">Cartagena din Columbia este un ora\u0219 al extremelor absolute \u0219i, foarte probabil, <strong>cel mai frumos \u0219i, \u00een acela\u0219i timp, cel mai enervant loc<\/strong> pe care \u00eel vei vizita \u00een America de Sud. Pe de o parte, te a\u0219teapt\u0103 str\u0103du\u021be coloniale care \u00ee\u021bi taie respira\u021bia, balcoane \u00eendoite sub cascade de bougainvillea colorate \u0219i o atmosfer\u0103 caraibian\u0103 care te cuprinde imediat. Preg\u0103te\u0219te-te \u00eens\u0103 c\u0103 <strong>nimic din romantismul \u0103sta nu-l prime\u0219ti gratis<\/strong> \u0219i f\u0103r\u0103 s\u0103 fii deranjat constant.<\/p>\n\n\n\n<p class=\"wp-block-paragraph\">Imediat dup\u0103 sosire vei descoperi c\u0103 <strong>ora\u0219ul e plin de v\u00e2nz\u0103tori ambulan\u021bi<\/strong>, care \u00ee\u021bi vor oferi de toate, de la p\u0103l\u0103rii la br\u0103\u021b\u0103ri \u201ecadou&#8221; \u0219i masaje care \u00een niciun caz nu sunt gratuite. Cine \u0219tie asta dinainte \u0219i \u00eenva\u021b\u0103 s\u0103 spun\u0103 cu z\u00e2mbetul pe buze un \u201enu&#8221; ferm, acela pleac\u0103 din Cartagena cu cele mai frumoase amintiri. Dac\u0103 \u00eens\u0103 te ia prin surprindere, <strong>negocierea continu\u0103 cu taximetri\u0219tii f\u0103r\u0103 aparat de taxat te poate epuiza destul de tare<\/strong>, a\u0219a c\u0103 e bine s\u0103 te preg\u0103te\u0219ti psihic din timp pentru aceast\u0103 realitate.<\/p>\n\n\n\n<p class=\"wp-block-paragraph\">Aici am preg\u0103tit pentru tine chiar <strong>22 de sfaturi<\/strong> \u2014 de la vechile ziduri, prin col\u021buri secrete, p\u00e2n\u0103 la excursii pe insulele caraibiene. \u0218i da, am ad\u0103ugat \u0219i motivul pentru care ar trebui s\u0103 fii foarte <strong>atent la aplica\u021biile de dating<\/strong>. \ud83d\ude05<\/p>\n\n\n\n<figure data-wp-context=\"{&quot;imageId&quot;:&quot;6a9c3489f0081&quot;}\" data-wp-interactive=\"core\/image\" data-wp-key=\"6a9c3489f0081\" class=\"wp-block-image size-full wp-lightbox-container\"><img decoding=\"async\" width=\"1920\" height=\"1272\" data-wp-class--hide=\"state.isContentHidden\" data-wp-class--show=\"state.isContentVisible\" data-wp-init=\"callbacks.setButtonStyles\" data-wp-on--click=\"actions.showLightbox\" data-wp-on--load=\"callbacks.setButtonStyles\" data-wp-on--pointerdown=\"actions.preloadImage\" data-wp-on--pointerenter=\"actions.preloadImageWithDelay\" data-wp-on--pointerleave=\"actions.cancelPreload\" data-wp-on-window--resize=\"callbacks.setButtonStyles\" src=\"https:\/\/loudavymkrokem.cz\/wp-content\/uploads\/2026\/09\/street-art-v-getsemani-v-cartagene-e2ad9fff.jpg\" alt=\"Street art \u00een Getseman\u00ed, \u00een Cartagena\" class=\"wp-image-415748\" title=\"\" srcset=\"https:\/\/loudavymkrokem.cz\/wp-content\/uploads\/2026\/09\/street-art-v-getsemani-v-cartagene-e2ad9fff.jpg 1920w, https:\/\/loudavymkrokem.cz\/wp-content\/uploads\/2026\/09\/street-art-v-getsemani-v-cartagene-e2ad9fff-300x199.jpg 300w, https:\/\/loudavymkrokem.cz\/wp-content\/uploads\/2026\/09\/street-art-v-getsemani-v-cartagene-e2ad9fff-700x464.jpg 700w, https:\/\/loudavymkrokem.cz\/wp-content\/uploads\/2026\/09\/street-art-v-getsemani-v-cartagene-e2ad9fff-768x509.jpg 768w, https:\/\/loudavymkrokem.cz\/wp-content\/uploads\/2026\/09\/street-art-v-getsemani-v-cartagene-e2ad9fff-1536x1018.jpg 1536w, https:\/\/loudavymkrokem.cz\/wp-content\/uploads\/2026\/09\/street-art-v-getsemani-v-cartagene-e2ad9fff-696x461.jpg 696w, https:\/\/loudavymkrokem.cz\/wp-content\/uploads\/2026\/09\/street-art-v-getsemani-v-cartagene-e2ad9fff-1392x922.jpg 1392w\" sizes=\"(max-width: 1920px) 100vw, 1920px\" \/><button\n\t\t\tclass=\"lightbox-trigger\"\n\t\t\ttype=\"button\"\n\t\t\taria-haspopup=\"dialog\"\n\t\t\tdata-wp-bind--aria-label=\"state.thisImage.triggerButtonAriaLabel\"\n\t\t\tdata-wp-init=\"callbacks.initTriggerButton\"\n\t\t\tdata-wp-on--click=\"actions.showLightbox\"\n\t\t\tdata-wp-style--right=\"state.thisImage.buttonRight\"\n\t\t\tdata-wp-style--top=\"state.thisImage.buttonTop\"\n\t\t>\n\t\t\t<svg xmlns=\"http:\/\/www.w3.org\/2000\/svg\" width=\"12\" height=\"12\" fill=\"none\" viewBox=\"0 0 12 12\">\n\t\t\t\t<path fill=\"#fff\" d=\"M2 0a2 2 0 0 0-2 2v2h1.5V2a.5.5 0 0 1 .5-.5h2V0H2Zm2 10.5H2a.5.5 0 0 1-.5-.5V8H0v2a2 2 0 0 0 2 2h2v-1.5ZM8 12v-1.5h2a.5.5 0 0 0 .5-.5V8H12v2a2 2 0 0 1-2 2H8Zm2-12a2 2 0 0 1 2 2v2h-1.5V2a.5.5 0 0 0-.5-.5H8V0h2Z\" \/>\n\t\t\t<\/svg>\n\t\t<\/button><figcaption class=\"wp-element-caption\">Foto: Joe Ross from Lansing, Michigan \/ Wikimedia Commons, CC BY-SA 2.0<\/figcaption><\/figure>\n\n\n\n<div id=\"ez-toc-container\" class=\"ez-toc-v2_0_87 ez-toc-wrap-left counter-hierarchy ez-toc-counter ez-toc-grey ez-toc-container-direction\">\n<div class=\"ez-toc-title-container\">\n<p class=\"ez-toc-title\" style=\"cursor:inherit\">Cuprinsul articolului<\/p>\n<span class=\"ez-toc-title-toggle\"><a href=\"#\" class=\"ez-toc-pull-right ez-toc-btn ez-toc-btn-xs ez-toc-btn-default ez-toc-toggle\" aria-label=\"Toggle Table of Content\"><span class=\"ez-toc-js-icon-con\"><span class=\"\"><span class=\"eztoc-hide\" style=\"display:none;\">Toggle<\/span><span class=\"ez-toc-icon-toggle-span\"><svg style=\"fill: #999;color:#999\" xmlns=\"http:\/\/www.w3.org\/2000\/svg\" class=\"list-377408\" width=\"20px\" height=\"20px\" viewBox=\"0 0 24 24\" fill=\"none\"><path d=\"M6 6H4v2h2V6zm14 0H8v2h12V6zM4 11h2v2H4v-2zm16 0H8v2h12v-2zM4 16h2v2H4v-2zm16 0H8v2h12v-2z\" fill=\"currentColor\"><\/path><\/svg><svg style=\"fill: #999;color:#999\" class=\"arrow-unsorted-368013\" xmlns=\"http:\/\/www.w3.org\/2000\/svg\" width=\"10px\" height=\"10px\" viewBox=\"0 0 24 24\" version=\"1.2\" baseProfile=\"tiny\"><path d=\"M18.2 9.3l-6.2-6.3-6.2 6.3c-.2.2-.3.4-.3.7s.1.5.3.7c.2.2.4.3.7.3h11c.3 0 .5-.1.7-.3.2-.2.3-.5.3-.7s-.1-.5-.3-.7zM5.8 14.7l6.2 6.3 6.2-6.3c.2-.2.3-.5.3-.7s-.1-.5-.3-.7c-.2-.2-.4-.3-.7-.3h-11c-.3 0-.5.1-.7.3-.2.2-.3.5-.3.7s.1.5.3.7z\"\/><\/svg><\/span><\/span><\/span><\/a><\/span><\/div>\n<nav><ul class='ez-toc-list ez-toc-list-level-1 ' ><ul class='ez-toc-list-level-3' ><li class='ez-toc-heading-level-3'><a class=\"ez-toc-link ez-toc-heading-1\" href=\"https:\/\/loudavymkrokem.cz\/ro\/cartagena-columbia-ce-sa-vezi\/#Rezumat\" >Rezumat<\/a><\/li><\/ul><\/li><li class='ez-toc-page-1 ez-toc-heading-level-2'><a class=\"ez-toc-link ez-toc-heading-2\" href=\"https:\/\/loudavymkrokem.cz\/ro\/cartagena-columbia-ce-sa-vezi\/#Cand_sa_pleci_in_Cartagena\" >C\u00e2nd s\u0103 pleci \u00een Cartagena<\/a><\/li><li class='ez-toc-page-1 ez-toc-heading-level-2'><a class=\"ez-toc-link ez-toc-heading-3\" href=\"https:\/\/loudavymkrokem.cz\/ro\/cartagena-columbia-ce-sa-vezi\/#Unde_sa_te_cazezi_in_Cartagena\" >Unde s\u0103 te cazezi \u00een Cartagena<\/a><\/li><li class='ez-toc-page-1 ez-toc-heading-level-2'><a class=\"ez-toc-link ez-toc-heading-4\" href=\"https:\/\/loudavymkrokem.cz\/ro\/cartagena-columbia-ce-sa-vezi\/#22_de_lucruri_de_vazut_si_facut_in_Cartagena\" >22 de lucruri de v\u0103zut \u0219i f\u0103cut \u00een Cartagena<\/a><ul class='ez-toc-list-level-3' ><li class='ez-toc-heading-level-3'><a class=\"ez-toc-link ez-toc-heading-5\" href=\"https:\/\/loudavymkrokem.cz\/ro\/cartagena-columbia-ce-sa-vezi\/#1_Centro_Historico_si_zidurile_sale_iconice\" >1. Centro Hist\u00f3rico \u0219i zidurile sale iconice<\/a><\/li><li class='ez-toc-page-1 ez-toc-heading-level-3'><a class=\"ez-toc-link ez-toc-heading-6\" href=\"https:\/\/loudavymkrokem.cz\/ro\/cartagena-columbia-ce-sa-vezi\/#2_Castillo_de_San_Felipe_de_Barajas\" >2. Castillo de San Felipe de Barajas<\/a><\/li><li class='ez-toc-page-1 ez-toc-heading-level-3'><a class=\"ez-toc-link ez-toc-heading-7\" href=\"https:\/\/loudavymkrokem.cz\/ro\/cartagena-columbia-ce-sa-vezi\/#3_Piata_Plaza_de_Bolivar\" >3. Pia\u021ba Plaza de Bol\u00edvar<\/a><\/li><li class='ez-toc-page-1 ez-toc-heading-level-3'><a class=\"ez-toc-link ez-toc-heading-8\" href=\"https:\/\/loudavymkrokem.cz\/ro\/cartagena-columbia-ce-sa-vezi\/#4_Museo_del_Oro_Zenu\" >4. Museo del Oro Zen\u00fa<\/a><\/li><li class='ez-toc-page-1 ez-toc-heading-level-3'><a class=\"ez-toc-link ez-toc-heading-9\" href=\"https:\/\/loudavymkrokem.cz\/ro\/cartagena-columbia-ce-sa-vezi\/#5_Palacio_de_la_Inquisicion_Palatul_Inchizitiei\" >5. Palacio de la Inquisici\u00f3n (Palatul Inchizi\u021biei)<\/a><\/li><li class='ez-toc-page-1 ez-toc-heading-level-3'><a class=\"ez-toc-link ez-toc-heading-10\" href=\"https:\/\/loudavymkrokem.cz\/ro\/cartagena-columbia-ce-sa-vezi\/#6_Museo_Naval_del_Caribe\" >6. Museo Naval del Caribe<\/a><\/li><li class='ez-toc-page-1 ez-toc-heading-level-3'><a class=\"ez-toc-link ez-toc-heading-11\" href=\"https:\/\/loudavymkrokem.cz\/ro\/cartagena-columbia-ce-sa-vezi\/#7_Plaza_de_los_Coches_si_Torre_del_Reloj\" >7. Plaza de los Coches \u0219i Torre del Reloj<\/a><\/li><li class='ez-toc-page-1 ez-toc-heading-level-3'><a class=\"ez-toc-link ez-toc-heading-12\" href=\"https:\/\/loudavymkrokem.cz\/ro\/cartagena-columbia-ce-sa-vezi\/#8_Camellon_de_los_Martires\" >8. Camell\u00f3n de los M\u00e1rtires<\/a><\/li><li class='ez-toc-page-1 ez-toc-heading-level-3'><a class=\"ez-toc-link ez-toc-heading-13\" href=\"https:\/\/loudavymkrokem.cz\/ro\/cartagena-columbia-ce-sa-vezi\/#9_Getsemani_si_arta_stradala\" >9. Getseman\u00ed \u0219i arta stradal\u0103<\/a><\/li><li class='ez-toc-page-1 ez-toc-heading-level-3'><a class=\"ez-toc-link ez-toc-heading-14\" href=\"https:\/\/loudavymkrokem.cz\/ro\/cartagena-columbia-ce-sa-vezi\/#10_Plaza_de_la_Trinidad_seara\" >10. Plaza de la Trinidad seara<\/a><\/li><li class='ez-toc-page-1 ez-toc-heading-level-3'><a class=\"ez-toc-link ez-toc-heading-15\" href=\"https:\/\/loudavymkrokem.cz\/ro\/cartagena-columbia-ce-sa-vezi\/#11_Lenesii_din_Parcul_Centenario\" >11. Lene\u0219ii din Parcul Centenario<\/a><\/li><li class='ez-toc-page-1 ez-toc-heading-level-3'><a class=\"ez-toc-link ez-toc-heading-16\" href=\"https:\/\/loudavymkrokem.cz\/ro\/cartagena-columbia-ce-sa-vezi\/#12_Privelistea_de_la_Convento_de_la_Popa\" >12. Priveli\u0219tea de la Convento de la Popa<\/a><\/li><li class='ez-toc-page-1 ez-toc-heading-level-3'><a class=\"ez-toc-link ez-toc-heading-17\" href=\"https:\/\/loudavymkrokem.cz\/ro\/cartagena-columbia-ce-sa-vezi\/#13_Baruri_pe_acoperis_si_privelisti_de_lux\" >13. Baruri pe acoperi\u0219 \u0219i priveli\u0219ti de lux<\/a><\/li><li class='ez-toc-page-1 ez-toc-heading-level-3'><a class=\"ez-toc-link ez-toc-heading-18\" href=\"https:\/\/loudavymkrokem.cz\/ro\/cartagena-columbia-ce-sa-vezi\/#14_Apus_de_soare_pe_ziduri_Cafe_del_Mar\" >14. Apus de soare pe ziduri (Caf\u00e9 del Mar)<\/a><\/li><li class='ez-toc-page-1 ez-toc-heading-level-3'><a class=\"ez-toc-link ez-toc-heading-19\" href=\"https:\/\/loudavymkrokem.cz\/ro\/cartagena-columbia-ce-sa-vezi\/#15_Plajele_Bocagrande_si_Castillogrande_o_recenzie_sincera\" >15. Plajele Bocagrande \u0219i Castillogrande (o recenzie sincer\u0103)<\/a><\/li><li class='ez-toc-page-1 ez-toc-heading-level-3'><a class=\"ez-toc-link ez-toc-heading-20\" href=\"https:\/\/loudavymkrokem.cz\/ro\/cartagena-columbia-ce-sa-vezi\/#16_Islas_del_Rosario_si_capcana_de_bani\" >16. Islas del Rosario \u0219i capcana de bani<\/a><\/li><li class='ez-toc-page-1 ez-toc-heading-level-3'><a class=\"ez-toc-link ez-toc-heading-21\" href=\"https:\/\/loudavymkrokem.cz\/ro\/cartagena-columbia-ce-sa-vezi\/#17_Beach_cluburi_pe_insule_in_locul_plajelor_publice\" >17. Beach cluburi pe insule (\u00een locul plajelor publice)<\/a><\/li><li class='ez-toc-page-1 ez-toc-heading-level-3'><a class=\"ez-toc-link ez-toc-heading-22\" href=\"https:\/\/loudavymkrokem.cz\/ro\/cartagena-columbia-ce-sa-vezi\/#18_Satul_de_pescari_La_Boquilla_si_mangrovele\" >18. Satul de pescari La Boquilla \u0219i mangrovele<\/a><\/li><li class='ez-toc-page-1 ez-toc-heading-level-3'><a class=\"ez-toc-link ez-toc-heading-23\" href=\"https:\/\/loudavymkrokem.cz\/ro\/cartagena-columbia-ce-sa-vezi\/#19_Piata_Bazurto_doar_pentru_firile_tari\" >19. Pia\u021ba Bazurto (doar pentru firile tari)<\/a><\/li><li class='ez-toc-page-1 ez-toc-heading-level-3'><a class=\"ez-toc-link ez-toc-heading-24\" href=\"https:\/\/loudavymkrokem.cz\/ro\/cartagena-columbia-ce-sa-vezi\/#20_Museo_del_Chocolate_si_cacaua_columbiana\" >20. Museo del Chocolate \u0219i cacaua columbian\u0103<\/a><\/li><li class='ez-toc-page-1 ez-toc-heading-level-3'><a class=\"ez-toc-link ez-toc-heading-25\" href=\"https:\/\/loudavymkrokem.cz\/ro\/cartagena-columbia-ce-sa-vezi\/#21_Mancare_stradala_si_gusturi_caraibiene\" >21. M\u00e2ncare stradal\u0103 \u0219i gusturi caraibiene<\/a><\/li><li class='ez-toc-page-1 ez-toc-heading-level-3'><a class=\"ez-toc-link ez-toc-heading-26\" href=\"https:\/\/loudavymkrokem.cz\/ro\/cartagena-columbia-ce-sa-vezi\/#22_Unde_mananci_fara_carne_sfaturi_vegetariene\" >22. Unde m\u0103n\u00e2nci f\u0103r\u0103 carne (sfaturi vegetariene)<\/a><\/li><\/ul><\/li><li class='ez-toc-page-1 ez-toc-heading-level-2'><a class=\"ez-toc-link ez-toc-heading-27\" href=\"https:\/\/loudavymkrokem.cz\/ro\/cartagena-columbia-ce-sa-vezi\/#Incotro_mai_departe_din_Cartagena_excursii_in_imprejurimi\" >\u00cencotro mai departe din Cartagena (excursii \u00een \u00eemprejurimi)<\/a><\/li><li class='ez-toc-page-1 ez-toc-heading-level-2'><a class=\"ez-toc-link ez-toc-heading-28\" href=\"https:\/\/loudavymkrokem.cz\/ro\/cartagena-columbia-ce-sa-vezi\/#Intrebari_frecvente\" >\u00centreb\u0103ri frecvente<\/a><ul class='ez-toc-list-level-3' ><li class='ez-toc-heading-level-3'><a class=\"ez-toc-link ez-toc-heading-29\" href=\"https:\/\/loudavymkrokem.cz\/ro\/cartagena-columbia-ce-sa-vezi\/#Este_Cartagena_sigura\" >Este Cartagena sigur\u0103?<\/a><\/li><li class='ez-toc-page-1 ez-toc-heading-level-3'><a class=\"ez-toc-link ez-toc-heading-30\" href=\"https:\/\/loudavymkrokem.cz\/ro\/cartagena-columbia-ce-sa-vezi\/#Cum_este_cu_taxiurile_au_taxametru\" >Cum este cu taxiurile, au taxametru?<\/a><\/li><li class='ez-toc-page-1 ez-toc-heading-level-3'><a class=\"ez-toc-link ez-toc-heading-31\" href=\"https:\/\/loudavymkrokem.cz\/ro\/cartagena-columbia-ce-sa-vezi\/#Ar_trebui_sa_merg_pe_insulele_Rosario_sau_la_Playa_Blanca\" >Ar trebui s\u0103 merg pe insulele Rosario sau la Playa Blanca?<\/a><\/li><li class='ez-toc-page-1 ez-toc-heading-level-3'><a class=\"ez-toc-link ez-toc-heading-32\" href=\"https:\/\/loudavymkrokem.cz\/ro\/cartagena-columbia-ce-sa-vezi\/#Cum_scap_eficient_de_vanzatorii_ambulanti\" >Cum scap eficient de v\u00e2nz\u0103torii ambulan\u021bi?<\/a><\/li><li class='ez-toc-page-1 ez-toc-heading-level-3'><a class=\"ez-toc-link ez-toc-heading-33\" href=\"https:\/\/loudavymkrokem.cz\/ro\/cartagena-columbia-ce-sa-vezi\/#Se_plateste_in_Cartagena_cu_dolari_americani\" >Se pl\u0103te\u0219te \u00een Cartagena cu dolari americani?<\/a><\/li><li class='ez-toc-page-1 ez-toc-heading-level-3'><a class=\"ez-toc-link ez-toc-heading-34\" href=\"https:\/\/loudavymkrokem.cz\/ro\/cartagena-columbia-ce-sa-vezi\/#Poate_fi_bauta_apa_de_la_robinet_in_Cartagena\" >Poate fi b\u0103ut\u0103 apa de la robinet \u00een Cartagena?<\/a><\/li><li class='ez-toc-page-1 ez-toc-heading-level-3'><a class=\"ez-toc-link ez-toc-heading-35\" href=\"https:\/\/loudavymkrokem.cz\/ro\/cartagena-columbia-ce-sa-vezi\/#Cate_zile_am_nevoie_pentru_Cartagena\" >C\u00e2te zile am nevoie pentru Cartagena?<\/a><\/li><\/ul><\/li><\/ul><\/nav><\/div>\n<h3 class=\"wp-block-heading\"><span class=\"ez-toc-section\" id=\"Rezumat\"><\/span>Rezumat<span class=\"ez-toc-section-end\"><\/span><\/h3>\n\n\n\n<ul class=\"wp-block-list\">\n\n<li><strong>Scutire de taxe pentru str\u0103ini:<\/strong> Dac\u0103 ai \u00een pa\u0219aport \u0219tampila turistic\u0103 PIP-5, <strong>nu pl\u0103te\u0219ti la hoteluri TVA de 19% (IVA)<\/strong>. Verific\u0103 \u00eens\u0103 mereu asta pe nota de plat\u0103 final\u0103, unele hoteluri \u00eencearc\u0103 s\u0103 o factureze.<\/li>\n\n\n\n<li><strong>Taxe ascunse pentru insule:<\/strong> Excursiile pe Islas del Rosario au o capcan\u0103, <strong>intrarea \u00een parcul na\u021bional \u0219i asigurarea (\u00een jur de 40.000 COP) se pl\u0103tesc cash la debarcader<\/strong> \u0219i nu sunt incluse \u00een pre\u021bul turului.<\/li>\n\n\n\n<li><strong>Frumuse\u021be cump\u0103rat\u0103 cu r\u0103bdare:<\/strong> Cartagena este un rai vizual, dar <strong>preg\u0103te\u0219te-te pentru v\u00e2nz\u0103torii ambulan\u021bi insisten\u021bi<\/strong>, pe care trebuie s\u0103 \u0219tii s\u0103-i refuzi politicos, dar foarte ferm.<\/li>\n\n\n\n<li><strong>Plajele cu rezerve:<\/strong> Plaja urban\u0103 Bocagrande are ap\u0103 maronie, <strong>pentru nisip alb trebuie s\u0103 mergi pe insule<\/strong>, dar aten\u021bie la mul\u021bimile de la pr\u00e2nz de pe Playa Blanca.<\/li>\n\n\n\n<li><strong>Siguran\u021ba \u00eenainte de toate:<\/strong> Nu folosi niciodat\u0103 taxiuri f\u0103r\u0103 pre\u021b stabilit dinainte (sau mai bine alege Uber sau InDriver) \u0219i <strong>fii extrem de precaut \u00een via\u021ba de noapte \u0219i la \u00eent\u00e2lnirile pe nev\u0103zute<\/strong>.<\/li>\n\n\n\n<li><strong>Transportul de la aeroport:<\/strong> Aeroportul Rafael N\u00fa\u00f1ez este <strong>la doar 10-15 minute de centru<\/strong>, ceea ce este un avantaj enorm fa\u021b\u0103 de alte metropole.<\/li>\n\n\n<\/ul>\n\n\n\n<h2 class=\"wp-block-heading\"><span class=\"ez-toc-section\" id=\"Cand_sa_pleci_in_Cartagena\"><\/span>C\u00e2nd s\u0103 pleci \u00een Cartagena<span class=\"ez-toc-section-end\"><\/span><\/h2>\n\n\n\n<p class=\"wp-block-paragraph\">Cartagena este o destina\u021bie caraibian\u0103 tipic\u0103, unde domne\u0219te <strong>o temperatur\u0103 constant\u0103 de 31-33 \u00b0C tot anul<\/strong>, a\u0219a c\u0103 puloverele le po\u021bi l\u0103sa lini\u0219tit acas\u0103. Diferen\u021ba de vreme const\u0103 doar \u00een faptul dac\u0103 aerul st\u0103 greu pe loc sau dac\u0103 dinspre mare bate un v\u00e2nt r\u0103coros pl\u0103cut. <strong>Sezonul principal \u0219i cel mai popular se desf\u0103\u0219oar\u0103 din decembrie p\u00e2n\u0103 \u00een aprilie<\/strong>, c\u00e2nd \u00een ora\u0219 este uscat, bate alizeul r\u0103coritor \u0219i soarele str\u0103luce\u0219te practic \u00een fiecare zi. Ora\u0219ul \u00eens\u0103 \u00een aceast\u0103 perioad\u0103 e plin ochi de turi\u0219ti str\u0103ini \u0219i de columbieni \u00een vacan\u021b\u0103, ceea ce logic urc\u0103 pre\u021burile hotelurilor la maximul anual.<\/p>\n\n\n\n<p class=\"wp-block-paragraph\">Dac\u0103 nu-\u021bi place z\u0103pu\u0219eala grea \u0219i umiditatea ridicat\u0103, <strong>evit\u0103 perioada septembrie-noiembrie<\/strong>, care este principalul sezon de ploi pe coasta caraibian\u0103. Mai ales septembrie este statistic cea mai umed\u0103 lun\u0103 din an, c\u00e2nd str\u0103du\u021bele istorice se pot transforma \u00een c\u00e2teva minute \u00een b\u0103l\u021bi ad\u00e2nci. <strong>Umiditatea ridicat\u0103 a aerului transform\u0103 plimb\u0103rile obi\u0219nuite \u00eentr-o performan\u021b\u0103 sportiv\u0103 destul de solicitant\u0103<\/strong>, la care transpiri imediat. \u0218i atunci se poate vizita ora\u0219ul, desigur, dar \u021bine cont c\u0103 va trebui s\u0103 te ascunzi mult mai des \u00een cafenele \u0219i muzee cu aer condi\u021bionat.<\/p>\n\n\n\n<p class=\"wp-block-paragraph\">Pentru cel mai bun raport posibil \u00eentre vreme bun\u0103 \u0219i pre\u021buri ceva mai suportabile, <strong>un compromis excelent este trecerea de la noiembrie la decembrie<\/strong>, sau lunile de prim\u0103var\u0103 imediat \u00een afara s\u0103rb\u0103torilor pascale (Semana Santa). \u021aine mereu cont \u00eens\u0103 c\u0103 <strong>soarele caraibian este aici cu adev\u0103rat puternic \u0219i nu iart\u0103 gre\u0219eli<\/strong>, a\u0219a c\u0103 o p\u0103l\u0103rie cu boruri largi, litri de ap\u0103 \u00eembuteliat\u0103 \u0219i o crem\u0103 de protec\u021bie solar\u0103 de calitate sunt o necesitate absolut\u0103 \u00een orice lun\u0103. Ia cu tine \u0219i haine u\u0219oare din in, \u00een care te vei sim\u021bi cel mai confortabil.<\/p>\n\n\n\n<h2 class=\"wp-block-heading\"><span class=\"ez-toc-section\" id=\"Unde_sa_te_cazezi_in_Cartagena\"><\/span>Unde s\u0103 te cazezi \u00een Cartagena<span class=\"ez-toc-section-end\"><\/span><\/h2>\n\n\n\n<p class=\"wp-block-paragraph\">Unde te cazezi conteaz\u0103 cu adev\u0103rat \u2014 iar \u00een Cartagena mai mult dec\u00e2t oriunde, pentru c\u0103 diferen\u021ba dintre cartiere este brutal\u0103. <strong>Cea mai fermec\u0103toare este cazarea chiar \u00een Centro Hist\u00f3rico<\/strong>, unde ai toate monumentele celebre \u0219i restaurantele excelente la \u00eendem\u00e2n\u0103, dar pre\u021burile de aici sunt logic cele mai mari din toat\u0103 Columbia. Pentru o atmosfer\u0103 ceva mai boem\u0103, plin\u0103 de art\u0103 stradal\u0103 \u0219i via\u021b\u0103 de noapte animat\u0103, <strong>alege popularul cartier Getseman\u00ed<\/strong>, care ast\u0103zi este un hit uria\u0219. Dac\u0103, dimpotriv\u0103, \u00ee\u021bi dore\u0219ti mai ales hoteluri moderne, \u00eenalte, cu piscine \u0219i vedere direct\u0103 la mare, atunci peninsula Bocagrande va fi ideal\u0103 pentru tine.<\/p>\n\n\n\n<p class=\"wp-block-paragraph\">O informa\u021bie esen\u021bial\u0103 pentru bugetul t\u0103u de c\u0103l\u0103torie este faptul c\u0103 <strong>str\u0103inii din Columbia nu pl\u0103tesc taxa pe valoarea ad\u0103ugat\u0103 de 19% (IVA) pentru cazare<\/strong>. Condi\u021bia principal\u0103 este s\u0103 intri \u00een \u021bar\u0103 cu \u0219tampila turistic\u0103 clasic\u0103, a\u0219a-numita PIP-5, pe care de obicei o prime\u0219ti \u00een pa\u0219aport chiar la aeroport. <strong>Hotelul, pentru a aplica aceast\u0103 reducere, trebuie s\u0103-\u021bi copieze pa\u0219aportul chiar cu aceast\u0103 \u0219tampil\u0103<\/strong>, altfel \u00ee\u021bi va factura taxa f\u0103r\u0103 mil\u0103. Din p\u0103cate, practica prin tot ora\u0219ul este c\u0103 aproximativ jum\u0103tate dintre hoteluri \u00ee\u021bi scad reducerea complet automat, \u00een timp ce cealalt\u0103 jum\u0103tate \u00eencearc\u0103 s\u0103 \u021bi-o factureze pe t\u0103cute. <strong>Verific\u0103 mereu cu aten\u021bie nota de plat\u0103 final\u0103 la plecare<\/strong> \u0219i nu-\u021bi fie team\u0103 s\u0103 te pl\u00e2ngi la recep\u021bie.<\/p>\n\n\n\n<p class=\"wp-block-paragraph\">Printre hotelurile verificate \u0219i minunate se num\u0103r\u0103, de exemplu, <strong>Hotel Casa San Agustin<\/strong>, un hotel boutique de lux chiar \u00een inima ora\u0219ului vechi, care te va fermeca prin curtea sa interioar\u0103 lini\u0219tit\u0103 \u0219i piscina \u00eencorporat\u0103 \u00een vechile ziduri. Dac\u0103 e\u0219ti \u00een c\u0103utarea a ceva mai modern, \u00eentr-o zon\u0103 cu vedere panoramic\u0103, \u00eencearc\u0103 <strong>GHL San Lazaro Art Hotel<\/strong>, care ofer\u0103 o priveli\u0219te care \u00ee\u021bi taie respira\u021bia chiar spre castelul San Felipe. Pentru un sejur absolut lini\u0219tit \u00een stil colonial, cu servicii de top, o legend\u0103 absolut\u0103 este <strong>Sofitel Legend Santa Clara<\/strong>, care se afl\u0103 \u00eentr-o fost\u0103 m\u0103n\u0103stire renovat\u0103 cu grij\u0103.<\/p>\n\n\n\n<p class=\"wp-block-paragraph\"><em>\ud83d\udca1 <a href=\"https:\/\/www.stay22.com\/allez\/roam?aid=lukaskonecny&#038;campaign=loudavymkrokemcz&#038;campaign=co-videt-v-cartagene&#038;address=Cartagena%2C%20Kolumbie\" target=\"_blank\" rel=\"nofollow noopener sponsored\">Pe aceast\u0103 hart\u0103 po\u021bi compara ce este disponibil chiar acum<\/a> \u2014 vei vedea imediat cu c\u00e2t e mai ieftin Getseman\u00ed dec\u00e2t zona zidurilor.<\/em><\/p>\n\n\n\n<h2 class=\"wp-block-heading\"><span class=\"ez-toc-section\" id=\"22_de_lucruri_de_vazut_si_facut_in_Cartagena\"><\/span>22 de lucruri de v\u0103zut \u0219i f\u0103cut \u00een Cartagena<span class=\"ez-toc-section-end\"><\/span><\/h2>\n\n\n\n<p class=\"wp-block-paragraph\">\u00cenainte de a te arunca \u00een v\u00e2rtejul str\u0103du\u021belor columbiene, arunc\u0103 o privire la selec\u021bia noastr\u0103 a celor mai interesante lucruri pe care le ofer\u0103 ora\u0219ul. Aceste 22 de sfaturi \u00ee\u021bi vor ar\u0103ta Cartagena cu totul, de la monumentele lustruite p\u00e2n\u0103 la cele mai ascunse col\u021buri, \u0219i te vor ajuta s\u0103 evi\u021bi inutilele <strong>capcane pentru turi\u0219ti<\/strong>.<\/p>\n\n\n\n<p class=\"wp-block-paragraph\">Am combinat pentru tine clasicele <strong>locuri must-see<\/strong> cu c\u00e2teva <strong>bijuterii ascunse<\/strong>, ca s\u0103-\u021bi po\u021bi amesteca cocktailul potrivit de experien\u021be exact dup\u0103 gustul t\u0103u.<\/p>\n\n\n\n<figure data-wp-context=\"{&quot;imageId&quot;:&quot;6a9c3489f12bd&quot;}\" data-wp-interactive=\"core\/image\" data-wp-key=\"6a9c3489f12bd\" class=\"wp-block-image size-full wp-lightbox-container\"><img decoding=\"async\" width=\"1600\" height=\"1067\" data-wp-class--hide=\"state.isContentHidden\" data-wp-class--show=\"state.isContentVisible\" data-wp-init=\"callbacks.setButtonStyles\" data-wp-on--click=\"actions.showLightbox\" data-wp-on--load=\"callbacks.setButtonStyles\" data-wp-on--pointerdown=\"actions.preloadImage\" data-wp-on--pointerenter=\"actions.preloadImageWithDelay\" data-wp-on--pointerleave=\"actions.cancelPreload\" data-wp-on-window--resize=\"callbacks.setButtonStyles\" src=\"https:\/\/loudavymkrokem.cz\/wp-content\/uploads\/2026\/09\/centro-hist-rico.jpg\" alt=\"Centro Hist\u00f3rico \u0219i zidurile sale iconice\" class=\"wp-image-415691\" title=\"\" srcset=\"https:\/\/loudavymkrokem.cz\/wp-content\/uploads\/2026\/09\/centro-hist-rico.jpg 1600w, https:\/\/loudavymkrokem.cz\/wp-content\/uploads\/2026\/09\/centro-hist-rico-300x200.jpg 300w, https:\/\/loudavymkrokem.cz\/wp-content\/uploads\/2026\/09\/centro-hist-rico-700x467.jpg 700w, https:\/\/loudavymkrokem.cz\/wp-content\/uploads\/2026\/09\/centro-hist-rico-768x512.jpg 768w, https:\/\/loudavymkrokem.cz\/wp-content\/uploads\/2026\/09\/centro-hist-rico-1536x1024.jpg 1536w, https:\/\/loudavymkrokem.cz\/wp-content\/uploads\/2026\/09\/centro-hist-rico-696x464.jpg 696w, https:\/\/loudavymkrokem.cz\/wp-content\/uploads\/2026\/09\/centro-hist-rico-1392x928.jpg 1392w\" sizes=\"(max-width: 1600px) 100vw, 1600px\" \/><button\n\t\t\tclass=\"lightbox-trigger\"\n\t\t\ttype=\"button\"\n\t\t\taria-haspopup=\"dialog\"\n\t\t\tdata-wp-bind--aria-label=\"state.thisImage.triggerButtonAriaLabel\"\n\t\t\tdata-wp-init=\"callbacks.initTriggerButton\"\n\t\t\tdata-wp-on--click=\"actions.showLightbox\"\n\t\t\tdata-wp-style--right=\"state.thisImage.buttonRight\"\n\t\t\tdata-wp-style--top=\"state.thisImage.buttonTop\"\n\t\t>\n\t\t\t<svg xmlns=\"http:\/\/www.w3.org\/2000\/svg\" width=\"12\" height=\"12\" fill=\"none\" viewBox=\"0 0 12 12\">\n\t\t\t\t<path fill=\"#fff\" d=\"M2 0a2 2 0 0 0-2 2v2h1.5V2a.5.5 0 0 1 .5-.5h2V0H2Zm2 10.5H2a.5.5 0 0 1-.5-.5V8H0v2a2 2 0 0 0 2 2h2v-1.5ZM8 12v-1.5h2a.5.5 0 0 0 .5-.5V8H12v2a2 2 0 0 1-2 2H8Zm2-12a2 2 0 0 1 2 2v2h-1.5V2a.5.5 0 0 0-.5-.5H8V0h2Z\" \/>\n\t\t\t<\/svg>\n\t\t<\/button><figcaption class=\"wp-element-caption\">Foto: Andreas Saxer \/ Google Maps<\/figcaption><\/figure>\n\n\n\n<h3 class=\"wp-block-heading\"><span class=\"ez-toc-section\" id=\"1_Centro_Historico_si_zidurile_sale_iconice\"><\/span>1. Centro Hist\u00f3rico \u0219i zidurile sale iconice<span class=\"ez-toc-section-end\"><\/span><\/h3>\n\n\n\n<p class=\"wp-block-paragraph\">Principalul motiv pentru care vin aici c\u0103l\u0103tori din toat\u0103 lumea este <strong>Centro Hist\u00f3rico de Cartagena, care are un rating fantastic de 4,8 din peste 4.000 de recenzii<\/strong>. Pe bun\u0103 dreptate, aceast\u0103 capodoper\u0103 arhitectural\u0103 este \u00eenc\u0103 din 1984 <a href=\"https:\/\/whc.unesco.org\/en\/list\/285\" rel=\"nofollow noopener\" target=\"_blank\">\u00eenscris\u0103 pe lista patrimoniului mondial UNESCO<\/a>. \u00centregul ora\u0219 vechi este \u00eenconjurat de aproximativ <strong>11 kilometri de ziduri masive de piatr\u0103<\/strong>, care \u00een trecut protejau bog\u0103\u021bia ora\u0219ului de raidurile pira\u021bilor, iar ast\u0103zi servesc drept cea mai bun\u0103 traseu de belvedere imaginabil.<\/p>\n\n\n\n<p class=\"wp-block-paragraph\">Zidurile las\u0103-le cu adev\u0103rat pentru diminea\u021ba devreme sau pentru dup\u0103-amiaza t\u00e2rzie. \u00cen jurul pr\u00e2nzului, pietrele istorice se \u00eencing sub soarele caraibian at\u00e2t de tare \u00eenc\u00e2t nu se poate respira \u0219i nu exist\u0103 absolut nicio umbr\u0103. \u00cen interiorul zidurilor vei g\u0103si adev\u0103rata poveste caraibian\u0103, <strong>case coloniale colorate cu balcoane din lemn<\/strong>, de pe care at\u00e2rn\u0103 ciorchini de bougainvillea str\u0103lucitoare \u00een nuan\u021be de roz, violet \u0219i ro\u0219u aprins.<\/p>\n\n\n\n<p class=\"wp-block-paragraph\">Plimb\u00e2ndu-te prin aceste str\u0103du\u021be pitore\u0219ti, vei da peste nenum\u0103rate col\u021buri fotogenice, dar \u0219i peste <strong>o mul\u021bime uria\u0219\u0103 de v\u00e2nz\u0103tori ambulan\u021bi \u0219i femei z\u00e2mbitoare \u00een rochii colorate<\/strong>, c\u0103rora li se spune palenqueras. Dac\u0103 vrei s\u0103-\u021bi faci cu ele o poz\u0103 tradi\u021bional\u0103 cu fructe pe cap, \u021bine cont c\u0103 \u00eentotdeauna se pl\u0103te\u0219te bac\u0219i\u0219 pentru asta. \ud83d\udca1 <strong>Sfat:<\/strong> Nu te l\u0103sa atras \u00een conversa\u021bii lungi cu racolatorii ambulan\u021bi, e suficient s\u0103 z\u00e2mbe\u0219ti politicos, s\u0103 spui un \u201eno, gracias&#8221; ferm \u0219i s\u0103 continui drumul f\u0103r\u0103 s\u0103 te opre\u0219ti.<\/p>\n\n\n\n<figure data-wp-context=\"{&quot;imageId&quot;:&quot;6a9c3489f1cac&quot;}\" data-wp-interactive=\"core\/image\" data-wp-key=\"6a9c3489f1cac\" class=\"wp-block-image size-full wp-lightbox-container\"><img decoding=\"async\" width=\"1600\" height=\"1200\" data-wp-class--hide=\"state.isContentHidden\" data-wp-class--show=\"state.isContentVisible\" data-wp-init=\"callbacks.setButtonStyles\" data-wp-on--click=\"actions.showLightbox\" data-wp-on--load=\"callbacks.setButtonStyles\" data-wp-on--pointerdown=\"actions.preloadImage\" data-wp-on--pointerenter=\"actions.preloadImageWithDelay\" data-wp-on--pointerleave=\"actions.cancelPreload\" data-wp-on-window--resize=\"callbacks.setButtonStyles\" src=\"https:\/\/loudavymkrokem.cz\/wp-content\/uploads\/2026\/09\/castillo-de-san-felipe-de-barajas.jpg\" alt=\"Castillo de San Felipe de Barajas\" class=\"wp-image-415695\" title=\"\" srcset=\"https:\/\/loudavymkrokem.cz\/wp-content\/uploads\/2026\/09\/castillo-de-san-felipe-de-barajas.jpg 1600w, https:\/\/loudavymkrokem.cz\/wp-content\/uploads\/2026\/09\/castillo-de-san-felipe-de-barajas-300x225.jpg 300w, https:\/\/loudavymkrokem.cz\/wp-content\/uploads\/2026\/09\/castillo-de-san-felipe-de-barajas-700x525.jpg 700w, https:\/\/loudavymkrokem.cz\/wp-content\/uploads\/2026\/09\/castillo-de-san-felipe-de-barajas-768x576.jpg 768w, https:\/\/loudavymkrokem.cz\/wp-content\/uploads\/2026\/09\/castillo-de-san-felipe-de-barajas-1536x1152.jpg 1536w, https:\/\/loudavymkrokem.cz\/wp-content\/uploads\/2026\/09\/castillo-de-san-felipe-de-barajas-80x60.jpg 80w, https:\/\/loudavymkrokem.cz\/wp-content\/uploads\/2026\/09\/castillo-de-san-felipe-de-barajas-160x120.jpg 160w, https:\/\/loudavymkrokem.cz\/wp-content\/uploads\/2026\/09\/castillo-de-san-felipe-de-barajas-696x522.jpg 696w, https:\/\/loudavymkrokem.cz\/wp-content\/uploads\/2026\/09\/castillo-de-san-felipe-de-barajas-1392x1044.jpg 1392w\" sizes=\"(max-width: 1600px) 100vw, 1600px\" \/><button\n\t\t\tclass=\"lightbox-trigger\"\n\t\t\ttype=\"button\"\n\t\t\taria-haspopup=\"dialog\"\n\t\t\tdata-wp-bind--aria-label=\"state.thisImage.triggerButtonAriaLabel\"\n\t\t\tdata-wp-init=\"callbacks.initTriggerButton\"\n\t\t\tdata-wp-on--click=\"actions.showLightbox\"\n\t\t\tdata-wp-style--right=\"state.thisImage.buttonRight\"\n\t\t\tdata-wp-style--top=\"state.thisImage.buttonTop\"\n\t\t>\n\t\t\t<svg xmlns=\"http:\/\/www.w3.org\/2000\/svg\" width=\"12\" height=\"12\" fill=\"none\" viewBox=\"0 0 12 12\">\n\t\t\t\t<path fill=\"#fff\" d=\"M2 0a2 2 0 0 0-2 2v2h1.5V2a.5.5 0 0 1 .5-.5h2V0H2Zm2 10.5H2a.5.5 0 0 1-.5-.5V8H0v2a2 2 0 0 0 2 2h2v-1.5ZM8 12v-1.5h2a.5.5 0 0 0 .5-.5V8H12v2a2 2 0 0 1-2 2H8Zm2-12a2 2 0 0 1 2 2v2h-1.5V2a.5.5 0 0 0-.5-.5H8V0h2Z\" \/>\n\t\t\t<\/svg>\n\t\t<\/button><figcaption class=\"wp-element-caption\">Foto: Kelly Ng \/ Google Maps<\/figcaption><\/figure>\n\n\n\n<h3 class=\"wp-block-heading\"><span class=\"ez-toc-section\" id=\"2_Castillo_de_San_Felipe_de_Barajas\"><\/span>2. Castillo de San Felipe de Barajas<span class=\"ez-toc-section-end\"><\/span><\/h3>\n\n\n\n<p class=\"wp-block-paragraph\">Aceasta este dominanta absolut\u0103 a \u00eentregului ora\u0219 \u0219i, <strong>dup\u0103 num\u0103rul de recenzii (aproape 68.000), este cel mai vizitat loc din toat\u0103 Cartagena<\/strong>. Castillo de San Felipe de Barajas este cea mai mare fort\u0103rea\u021b\u0103 spaniol\u0103 de pe continentul american (iar c\u00e2nd stai acolo, chiar crezi asta v\u0103z\u00e2nd acele ziduri masive de piatr\u0103). Construc\u021bia sa a \u00eenceput \u00eenc\u0103 din 1657 pe un deal strategic \u0219i, datorit\u0103 unui sistem ingenios de ap\u0103rare \u0219i tuneluri subterane, niciun inamic nu a reu\u0219it vreodat\u0103 s\u0103 o cucereasc\u0103.<\/p>\n\n\n\n<p class=\"wp-block-paragraph\">Explorarea acestei fort\u0103re\u021be uria\u0219e \u00ee\u021bi poate lua lini\u0219tit dou\u0103 ore, iar <strong>cea mai mare experien\u021b\u0103 este r\u0103t\u0103cirea prin tunelurile \u00eentunecate \u0219i \u00eenc\u00e2lcite<\/strong>, care au fost proiectate de arhitec\u021bi astfel \u00eenc\u00e2t s\u0103 amplifice inten\u021bionat sunetul pa\u0219ilor eventualilor atacatori. Fort\u0103rea\u021ba este <a href=\"https:\/\/fortificacionescartagena.com.co\/en\/castle-of-san-felipe-de-barajas\/\" rel=\"nofollow noopener\" target=\"_blank\">deschis\u0103 publicului<\/a> <strong>\u00een fiecare zi de la 8:00 la 18:00<\/strong> \u0219i aici este valabil\u0103 tot regula de aur: nu veni la amiaz\u0103, pentru c\u0103 pe ziduri practic nu exist\u0103 nicio posibilitate de a te ad\u0103posti de soare.<\/p>\n\n\n\n<p class=\"wp-block-paragraph\"><strong>Biletul de baz\u0103 pentru str\u0103ini cost\u0103 25.000 COP<\/strong>, \u00een timp ce localnicii pl\u0103tesc ceva mai pu\u021bin, aproximativ 20.000 COP. Dac\u0103 c\u0103l\u0103tore\u0219ti cu familia, copiii p\u00e2n\u0103 la 6 ani \u0219i seniorii peste 62 de ani au intrarea \u00een \u00eentregul complex complet gratuit\u0103. \ud83d\udca1 <strong>Sfat pentru c\u0103l\u0103torii economi:<\/strong> Dac\u0103 \u00ee\u021bi iese ca dat\u0103, planific\u0103-\u021bi neap\u0103rat vizita pentru <strong>ultima duminic\u0103 din lun\u0103, c\u00e2nd intrarea este complet gratuit\u0103 pentru absolut to\u021bi vizitatorii<\/strong> (cu excep\u021bia lunilor aglomerate ianuarie \u0219i decembrie).<\/p>\n\n\n\n<figure data-wp-context=\"{&quot;imageId&quot;:&quot;6a9c3489f24e2&quot;}\" data-wp-interactive=\"core\/image\" data-wp-key=\"6a9c3489f24e2\" class=\"wp-block-image size-full wp-lightbox-container\"><img decoding=\"async\" width=\"1600\" height=\"2133\" data-wp-class--hide=\"state.isContentHidden\" data-wp-class--show=\"state.isContentVisible\" data-wp-init=\"callbacks.setButtonStyles\" data-wp-on--click=\"actions.showLightbox\" data-wp-on--load=\"callbacks.setButtonStyles\" data-wp-on--pointerdown=\"actions.preloadImage\" data-wp-on--pointerenter=\"actions.preloadImageWithDelay\" data-wp-on--pointerleave=\"actions.cancelPreload\" data-wp-on-window--resize=\"callbacks.setButtonStyles\" src=\"https:\/\/loudavymkrokem.cz\/wp-content\/uploads\/2026\/09\/n-m-st-plaza-de-bol-var.jpg\" alt=\"Pia\u021ba Plaza de Bol\u00edvar\" class=\"wp-image-415697\" title=\"\" srcset=\"https:\/\/loudavymkrokem.cz\/wp-content\/uploads\/2026\/09\/n-m-st-plaza-de-bol-var.jpg 1600w, https:\/\/loudavymkrokem.cz\/wp-content\/uploads\/2026\/09\/n-m-st-plaza-de-bol-var-225x300.jpg 225w, https:\/\/loudavymkrokem.cz\/wp-content\/uploads\/2026\/09\/n-m-st-plaza-de-bol-var-700x933.jpg 700w, https:\/\/loudavymkrokem.cz\/wp-content\/uploads\/2026\/09\/n-m-st-plaza-de-bol-var-768x1024.jpg 768w, https:\/\/loudavymkrokem.cz\/wp-content\/uploads\/2026\/09\/n-m-st-plaza-de-bol-var-1152x1536.jpg 1152w, https:\/\/loudavymkrokem.cz\/wp-content\/uploads\/2026\/09\/n-m-st-plaza-de-bol-var-1536x2048.jpg 1536w, https:\/\/loudavymkrokem.cz\/wp-content\/uploads\/2026\/09\/n-m-st-plaza-de-bol-var-696x928.jpg 696w, https:\/\/loudavymkrokem.cz\/wp-content\/uploads\/2026\/09\/n-m-st-plaza-de-bol-var-1392x1856.jpg 1392w\" sizes=\"(max-width: 1600px) 100vw, 1600px\" \/><button\n\t\t\tclass=\"lightbox-trigger\"\n\t\t\ttype=\"button\"\n\t\t\taria-haspopup=\"dialog\"\n\t\t\tdata-wp-bind--aria-label=\"state.thisImage.triggerButtonAriaLabel\"\n\t\t\tdata-wp-init=\"callbacks.initTriggerButton\"\n\t\t\tdata-wp-on--click=\"actions.showLightbox\"\n\t\t\tdata-wp-style--right=\"state.thisImage.buttonRight\"\n\t\t\tdata-wp-style--top=\"state.thisImage.buttonTop\"\n\t\t>\n\t\t\t<svg xmlns=\"http:\/\/www.w3.org\/2000\/svg\" width=\"12\" height=\"12\" fill=\"none\" viewBox=\"0 0 12 12\">\n\t\t\t\t<path fill=\"#fff\" d=\"M2 0a2 2 0 0 0-2 2v2h1.5V2a.5.5 0 0 1 .5-.5h2V0H2Zm2 10.5H2a.5.5 0 0 1-.5-.5V8H0v2a2 2 0 0 0 2 2h2v-1.5ZM8 12v-1.5h2a.5.5 0 0 0 .5-.5V8H12v2a2 2 0 0 1-2 2H8Zm2-12a2 2 0 0 1 2 2v2h-1.5V2a.5.5 0 0 0-.5-.5H8V0h2Z\" \/>\n\t\t\t<\/svg>\n\t\t<\/button><figcaption class=\"wp-element-caption\">Foto: Kody Kozak \/ Google Maps<\/figcaption><\/figure>\n\n\n\n<h3 class=\"wp-block-heading\"><span class=\"ez-toc-section\" id=\"3_Piata_Plaza_de_Bolivar\"><\/span>3. Pia\u021ba Plaza de Bol\u00edvar<span class=\"ez-toc-section-end\"><\/span><\/h3>\n\n\n\n<p class=\"wp-block-paragraph\">Inima verde a \u00eentregului ora\u0219 vechi este <strong>Plaza de Bol\u00edvar (rating frumos de 4,6), care func\u021bioneaz\u0103 ca o oaz\u0103 perfect\u0103 de lini\u0219te<\/strong>. Spre deosebire de str\u0103du\u021bele de piatr\u0103 din jur, \u00eencinse de soare, aici g\u0103se\u0219ti o mul\u021bime de b\u0103nci ascunse \u00een siguran\u021b\u0103 la umbra copacilor b\u0103tr\u00e2ni \u0219i mari, unde stau localnicii \u0219i c\u0103l\u0103torii obosi\u021bi din toat\u0103 lumea. \u00cen mijlocul pie\u021bei nu lipse\u0219te, desigur, statuia ecvestr\u0103 a lui Sim\u00f3n Bol\u00edvar \u00eensu\u0219i, celebrul eliberator al Americii de Sud.<\/p>\n\n\n\n<p class=\"wp-block-paragraph\">Aceast\u0103 pia\u021b\u0103 nu este doar un loc absolut minunat de odihn\u0103 dup\u0103 mersul \u00eendelungat, ci \u0219i <strong>un punct de plecare strategic pentru vizitarea celor mai bune muzee<\/strong> din ora\u0219. Pe o parte, acest parc este m\u0103rginit de o catedral\u0103 istoric\u0103 minunat\u0103, iar pe cealalt\u0103 parte de palate coloniale decorate cu u\u0219i masive din lemn \u0219i cioc\u0103nele uria\u0219e de metal \u00een form\u0103 de animale.<\/p>\n\n\n\n<p class=\"wp-block-paragraph\">C\u00e2nd te a\u0219ezi aici o clip\u0103, <strong>cump\u0103r\u0103 neap\u0103rat fructe caraibiene proaspete de la v\u00e2nz\u0103torii locali cu c\u0103rucioare<\/strong> sau o b\u0103utur\u0103 rece ca ghea\u021ba. Alege doar acei v\u00e2nz\u0103tori care cur\u0103\u021b\u0103 \u0219i taie fructele chiar \u00een fa\u021ba ta, m\u0103car \u0219tii ce prime\u0219ti. Este, f\u0103r\u0103 \u00eendoial\u0103, cea mai bun\u0103 r\u0103corire dup\u0103 ore de mers pe jos \u00een c\u0103ldura tropical\u0103.<\/p>\n\n\n\n<figure data-wp-context=\"{&quot;imageId&quot;:&quot;6a9c3489f2d2b&quot;}\" data-wp-interactive=\"core\/image\" data-wp-key=\"6a9c3489f2d2b\" class=\"wp-block-image size-full wp-lightbox-container\"><img decoding=\"async\" width=\"1280\" height=\"960\" data-wp-class--hide=\"state.isContentHidden\" data-wp-class--show=\"state.isContentVisible\" data-wp-init=\"callbacks.setButtonStyles\" data-wp-on--click=\"actions.showLightbox\" data-wp-on--load=\"callbacks.setButtonStyles\" data-wp-on--pointerdown=\"actions.preloadImage\" data-wp-on--pointerenter=\"actions.preloadImageWithDelay\" data-wp-on--pointerleave=\"actions.cancelPreload\" data-wp-on-window--resize=\"callbacks.setButtonStyles\" src=\"https:\/\/loudavymkrokem.cz\/wp-content\/uploads\/2026\/09\/museo-del-oro-zen.jpg\" alt=\"Museo del Oro Zen\u00fa\" class=\"wp-image-415699\" title=\"\" srcset=\"https:\/\/loudavymkrokem.cz\/wp-content\/uploads\/2026\/09\/museo-del-oro-zen.jpg 1280w, https:\/\/loudavymkrokem.cz\/wp-content\/uploads\/2026\/09\/museo-del-oro-zen-300x225.jpg 300w, https:\/\/loudavymkrokem.cz\/wp-content\/uploads\/2026\/09\/museo-del-oro-zen-700x525.jpg 700w, https:\/\/loudavymkrokem.cz\/wp-content\/uploads\/2026\/09\/museo-del-oro-zen-768x576.jpg 768w, https:\/\/loudavymkrokem.cz\/wp-content\/uploads\/2026\/09\/museo-del-oro-zen-80x60.jpg 80w, https:\/\/loudavymkrokem.cz\/wp-content\/uploads\/2026\/09\/museo-del-oro-zen-160x120.jpg 160w, https:\/\/loudavymkrokem.cz\/wp-content\/uploads\/2026\/09\/museo-del-oro-zen-696x522.jpg 696w\" sizes=\"(max-width: 1280px) 100vw, 1280px\" \/><button\n\t\t\tclass=\"lightbox-trigger\"\n\t\t\ttype=\"button\"\n\t\t\taria-haspopup=\"dialog\"\n\t\t\tdata-wp-bind--aria-label=\"state.thisImage.triggerButtonAriaLabel\"\n\t\t\tdata-wp-init=\"callbacks.initTriggerButton\"\n\t\t\tdata-wp-on--click=\"actions.showLightbox\"\n\t\t\tdata-wp-style--right=\"state.thisImage.buttonRight\"\n\t\t\tdata-wp-style--top=\"state.thisImage.buttonTop\"\n\t\t>\n\t\t\t<svg xmlns=\"http:\/\/www.w3.org\/2000\/svg\" width=\"12\" height=\"12\" fill=\"none\" viewBox=\"0 0 12 12\">\n\t\t\t\t<path fill=\"#fff\" d=\"M2 0a2 2 0 0 0-2 2v2h1.5V2a.5.5 0 0 1 .5-.5h2V0H2Zm2 10.5H2a.5.5 0 0 1-.5-.5V8H0v2a2 2 0 0 0 2 2h2v-1.5ZM8 12v-1.5h2a.5.5 0 0 0 .5-.5V8H12v2a2 2 0 0 1-2 2H8Zm2-12a2 2 0 0 1 2 2v2h-1.5V2a.5.5 0 0 0-.5-.5H8V0h2Z\" \/>\n\t\t\t<\/svg>\n\t\t<\/button><figcaption class=\"wp-element-caption\">Foto: Museo del Oro Zen\u00fa \/ Google Maps<\/figcaption><\/figure>\n\n\n\n<h3 class=\"wp-block-heading\"><span class=\"ez-toc-section\" id=\"4_Museo_del_Oro_Zenu\"><\/span>4. Museo del Oro Zen\u00fa<span class=\"ez-toc-section-end\"><\/span><\/h3>\n\n\n\n<p class=\"wp-block-paragraph\">Chiar la marginea popularei pie\u021be Plaza de Bol\u00edvar se afl\u0103 <strong>Museo del Oro Zen\u00fa, o filial\u0103 fascinant\u0103 a <a href=\"https:\/\/www.banrepcultural.org\/cartagena\/museo-del-oro-zenu\" rel=\"nofollow noopener\" target=\"_blank\">celebrului Muzeu al Aurului<\/a><\/strong> din capitala Bogot\u00e1. De\u0219i este ceva mai mic dec\u00e2t versiunea sa principal\u0103 uria\u0219\u0103, expozi\u021bia este absolut \u00eenc\u00e2nt\u0103toare \u0219i, \u00een plus, <strong>intrarea \u00een acest muzeu fantastic este complet gratuit\u0103<\/strong>, ceea ce \u00een scumpa Cartagena este o excep\u021bie destul de rar\u0103, pe care ar trebui s\u0103 o folose\u0219ti.<\/p>\n\n\n\n<p class=\"wp-block-paragraph\">\u00cen\u0103untru vei vedea o colec\u021bie care \u00ee\u021bi taie respira\u021bia \u0219i foarte valoroas\u0103 de obiecte din aur, create de cultura originar\u0103 Zen\u00fa cu mult \u00eenaintea sosirii colonizatorilor spanioli. <strong>Aceast\u0103 cultur\u0103 era cunoscut\u0103 pentru tehnicile sale de aur\u0103rie absolut des\u0103v\u00e2r\u0219ite<\/strong> \u0219i, de asemenea, pentru sistemele elaborate de canale de drenaj, care le permiteau s\u0103 supravie\u021buiasc\u0103 \u00een zonele inundabile. Expozi\u021bia explic\u0103 excelent \u0219i clar leg\u0103tura lor profund\u0103 cu natura, \u00een special cu amfibienii \u0219i bogata lume acvatic\u0103.<\/p>\n\n\n\n<p class=\"wp-block-paragraph\">Muzeul este, \u00een plus, pl\u0103cut climatizat, a\u0219a c\u0103 dac\u0103 afar\u0103 te frige soarele \u0219i te-ai s\u0103turat, acest ad\u0103post gratuit de c\u0103ldura dup\u0103-amiezii este pur \u0219i simplu un dar din cer. \ud83d\udca1 <strong>Sfat:<\/strong> Nu uita s\u0103 examinezi de aproape faimoasele pl\u0103ci pectorale de aur \u0219i bijuteriile filigranate incredibil de fine, care prin precizia lor fascineaz\u0103 p\u00e2n\u0103 azi chiar \u0219i bijutierii moderni.<\/p>\n\n\n\n<figure data-wp-context=\"{&quot;imageId&quot;:&quot;6a9c3489f33f4&quot;}\" data-wp-interactive=\"core\/image\" data-wp-key=\"6a9c3489f33f4\" class=\"wp-block-image size-full wp-lightbox-container\"><img decoding=\"async\" width=\"1600\" height=\"1200\" data-wp-class--hide=\"state.isContentHidden\" data-wp-class--show=\"state.isContentVisible\" data-wp-init=\"callbacks.setButtonStyles\" data-wp-on--click=\"actions.showLightbox\" data-wp-on--load=\"callbacks.setButtonStyles\" data-wp-on--pointerdown=\"actions.preloadImage\" data-wp-on--pointerenter=\"actions.preloadImageWithDelay\" data-wp-on--pointerleave=\"actions.cancelPreload\" data-wp-on-window--resize=\"callbacks.setButtonStyles\" src=\"https:\/\/loudavymkrokem.cz\/wp-content\/uploads\/2026\/09\/palacio-de-la-inquisici-n.jpg\" alt=\"Palacio de la Inquisici\u00f3n (Palatul Inchizi\u021biei)\" class=\"wp-image-415704\" title=\"\" srcset=\"https:\/\/loudavymkrokem.cz\/wp-content\/uploads\/2026\/09\/palacio-de-la-inquisici-n.jpg 1600w, https:\/\/loudavymkrokem.cz\/wp-content\/uploads\/2026\/09\/palacio-de-la-inquisici-n-300x225.jpg 300w, https:\/\/loudavymkrokem.cz\/wp-content\/uploads\/2026\/09\/palacio-de-la-inquisici-n-700x525.jpg 700w, https:\/\/loudavymkrokem.cz\/wp-content\/uploads\/2026\/09\/palacio-de-la-inquisici-n-768x576.jpg 768w, https:\/\/loudavymkrokem.cz\/wp-content\/uploads\/2026\/09\/palacio-de-la-inquisici-n-1536x1152.jpg 1536w, https:\/\/loudavymkrokem.cz\/wp-content\/uploads\/2026\/09\/palacio-de-la-inquisici-n-80x60.jpg 80w, https:\/\/loudavymkrokem.cz\/wp-content\/uploads\/2026\/09\/palacio-de-la-inquisici-n-160x120.jpg 160w, https:\/\/loudavymkrokem.cz\/wp-content\/uploads\/2026\/09\/palacio-de-la-inquisici-n-696x522.jpg 696w, https:\/\/loudavymkrokem.cz\/wp-content\/uploads\/2026\/09\/palacio-de-la-inquisici-n-1392x1044.jpg 1392w\" sizes=\"(max-width: 1600px) 100vw, 1600px\" \/><button\n\t\t\tclass=\"lightbox-trigger\"\n\t\t\ttype=\"button\"\n\t\t\taria-haspopup=\"dialog\"\n\t\t\tdata-wp-bind--aria-label=\"state.thisImage.triggerButtonAriaLabel\"\n\t\t\tdata-wp-init=\"callbacks.initTriggerButton\"\n\t\t\tdata-wp-on--click=\"actions.showLightbox\"\n\t\t\tdata-wp-style--right=\"state.thisImage.buttonRight\"\n\t\t\tdata-wp-style--top=\"state.thisImage.buttonTop\"\n\t\t>\n\t\t\t<svg xmlns=\"http:\/\/www.w3.org\/2000\/svg\" width=\"12\" height=\"12\" fill=\"none\" viewBox=\"0 0 12 12\">\n\t\t\t\t<path fill=\"#fff\" d=\"M2 0a2 2 0 0 0-2 2v2h1.5V2a.5.5 0 0 1 .5-.5h2V0H2Zm2 10.5H2a.5.5 0 0 1-.5-.5V8H0v2a2 2 0 0 0 2 2h2v-1.5ZM8 12v-1.5h2a.5.5 0 0 0 .5-.5V8H12v2a2 2 0 0 1-2 2H8Zm2-12a2 2 0 0 1 2 2v2h-1.5V2a.5.5 0 0 0-.5-.5H8V0h2Z\" \/>\n\t\t\t<\/svg>\n\t\t<\/button><figcaption class=\"wp-element-caption\">Foto: Adri\u00e1n S\u00e1nchez Alan\u00eds \/ Google Maps<\/figcaption><\/figure>\n\n\n\n<h3 class=\"wp-block-heading\"><span class=\"ez-toc-section\" id=\"5_Palacio_de_la_Inquisicion_Palatul_Inchizitiei\"><\/span>5. Palacio de la Inquisici\u00f3n (Palatul Inchizi\u021biei)<span class=\"ez-toc-section-end\"><\/span><\/h3>\n\n\n\n<p class=\"wp-block-paragraph\">Chiar pe partea opus\u0103 a aceleia\u0219i pie\u021be g\u0103se\u0219ti <strong>Museum of Cartagena de Indias, cunoscut printre oameni mai degrab\u0103 ca Palacio de la Inquisici\u00f3n<\/strong> (rating 4,2). Aceast\u0103 cl\u0103dire istoric\u0103 maiestuoas\u0103 cu un portal baroc minunat din 1770 ascunde sub frumoasa sa fa\u021bad\u0103 o istorie foarte \u00eentunecat\u0103. A fost sediul principal al Inchizi\u021biei spaniole, care aici a judecat \u0219i pedepsit aspru, timp de secole, pe cei acuza\u021bi de erezie \u0219i vr\u0103jitorie.<\/p>\n\n\n\n<p class=\"wp-block-paragraph\">\u00cen\u0103untru te a\u0219teapt\u0103 o expozi\u021bie destul de \u00eenfrico\u0219\u0103toare, dar foarte instructiv\u0103, unde <strong>po\u021bi vedea instrumentele originale de tortur\u0103<\/strong> \u0219i te po\u021bi familiariza \u00een detaliu cu metodele nemiloase ale tribunalelor biserice\u0219ti de atunci. Totodat\u0103, la etajele superioare g\u0103se\u0219ti \u0219i o sec\u021biune foarte cuprinz\u0103toare dedicat\u0103 istoriei generale a ora\u0219ului de la \u00eenfiin\u021barea sa, a\u0219a c\u0103 muzeul func\u021bioneaz\u0103 ca o introducere excelent\u0103 \u0219i cuprinz\u0103toare \u00een istoria complex\u0103 a Cartagenei.<\/p>\n\n\n\n<p class=\"wp-block-paragraph\">Pre\u021bul biletului pentru turi\u0219tii str\u0103ini <strong>se situeaz\u0103 de obicei \u00een intervalul 21.000-25.000 COP<\/strong>, dar verific\u0103 neap\u0103rat suma actual\u0103 chiar la fa\u021ba locului, la cas\u0103, pentru c\u0103 se schimb\u0103 uneori f\u0103r\u0103 anun\u021b. Experien\u021ba cur\u021bii interioare umbroase, unde odinioar\u0103 se pronun\u021bau sentin\u021be crude \u0219i unde ast\u0103zi, ironic, cre\u0219te o vegeta\u021bie tropical\u0103 bogat\u0103, este cu adev\u0103rat puternic\u0103 \u0219i merit\u0103 v\u0103zut\u0103.<\/p>\n\n\n\n<figure data-wp-context=\"{&quot;imageId&quot;:&quot;6a9c3489f3e62&quot;}\" data-wp-interactive=\"core\/image\" data-wp-key=\"6a9c3489f3e62\" class=\"wp-block-image size-full wp-lightbox-container\"><img decoding=\"async\" width=\"1600\" height=\"1186\" data-wp-class--hide=\"state.isContentHidden\" data-wp-class--show=\"state.isContentVisible\" data-wp-init=\"callbacks.setButtonStyles\" data-wp-on--click=\"actions.showLightbox\" data-wp-on--load=\"callbacks.setButtonStyles\" data-wp-on--pointerdown=\"actions.preloadImage\" data-wp-on--pointerenter=\"actions.preloadImageWithDelay\" data-wp-on--pointerleave=\"actions.cancelPreload\" data-wp-on-window--resize=\"callbacks.setButtonStyles\" src=\"https:\/\/loudavymkrokem.cz\/wp-content\/uploads\/2026\/09\/museo-naval-del-caribe.jpg\" alt=\"Museo Naval del Caribe\" class=\"wp-image-415706\" title=\"\" srcset=\"https:\/\/loudavymkrokem.cz\/wp-content\/uploads\/2026\/09\/museo-naval-del-caribe.jpg 1600w, https:\/\/loudavymkrokem.cz\/wp-content\/uploads\/2026\/09\/museo-naval-del-caribe-300x222.jpg 300w, https:\/\/loudavymkrokem.cz\/wp-content\/uploads\/2026\/09\/museo-naval-del-caribe-700x519.jpg 700w, https:\/\/loudavymkrokem.cz\/wp-content\/uploads\/2026\/09\/museo-naval-del-caribe-768x569.jpg 768w, https:\/\/loudavymkrokem.cz\/wp-content\/uploads\/2026\/09\/museo-naval-del-caribe-1536x1139.jpg 1536w, https:\/\/loudavymkrokem.cz\/wp-content\/uploads\/2026\/09\/museo-naval-del-caribe-80x60.jpg 80w, https:\/\/loudavymkrokem.cz\/wp-content\/uploads\/2026\/09\/museo-naval-del-caribe-160x120.jpg 160w, https:\/\/loudavymkrokem.cz\/wp-content\/uploads\/2026\/09\/museo-naval-del-caribe-696x516.jpg 696w, https:\/\/loudavymkrokem.cz\/wp-content\/uploads\/2026\/09\/museo-naval-del-caribe-1392x1032.jpg 1392w\" sizes=\"(max-width: 1600px) 100vw, 1600px\" \/><button\n\t\t\tclass=\"lightbox-trigger\"\n\t\t\ttype=\"button\"\n\t\t\taria-haspopup=\"dialog\"\n\t\t\tdata-wp-bind--aria-label=\"state.thisImage.triggerButtonAriaLabel\"\n\t\t\tdata-wp-init=\"callbacks.initTriggerButton\"\n\t\t\tdata-wp-on--click=\"actions.showLightbox\"\n\t\t\tdata-wp-style--right=\"state.thisImage.buttonRight\"\n\t\t\tdata-wp-style--top=\"state.thisImage.buttonTop\"\n\t\t>\n\t\t\t<svg xmlns=\"http:\/\/www.w3.org\/2000\/svg\" width=\"12\" height=\"12\" fill=\"none\" viewBox=\"0 0 12 12\">\n\t\t\t\t<path fill=\"#fff\" d=\"M2 0a2 2 0 0 0-2 2v2h1.5V2a.5.5 0 0 1 .5-.5h2V0H2Zm2 10.5H2a.5.5 0 0 1-.5-.5V8H0v2a2 2 0 0 0 2 2h2v-1.5ZM8 12v-1.5h2a.5.5 0 0 0 .5-.5V8H12v2a2 2 0 0 1-2 2H8Zm2-12a2 2 0 0 1 2 2v2h-1.5V2a.5.5 0 0 0-.5-.5H8V0h2Z\" \/>\n\t\t\t<\/svg>\n\t\t<\/button><figcaption class=\"wp-element-caption\">Foto: LATINA VIAJERA [Sam Broxio] \/ Google Maps<\/figcaption><\/figure>\n\n\n\n<h3 class=\"wp-block-heading\"><span class=\"ez-toc-section\" id=\"6_Museo_Naval_del_Caribe\"><\/span>6. Museo Naval del Caribe<span class=\"ez-toc-section-end\"><\/span><\/h3>\n\n\n\n<p class=\"wp-block-paragraph\">Dac\u0103 te intereseaz\u0103 m\u0103car pu\u021bin cor\u0103biile vechi, pira\u021bii \u0219i b\u0103t\u0103liile navale, <strong>Museo Naval del Caribe (rating excelent de 4,6) te va entuziasma absolut<\/strong>. \u00cel g\u0103se\u0219ti la o mic\u0103 distan\u021b\u0103 de zidurile principale, iar vasta sa expozi\u021bie este dedicat\u0103 istoriei fascinante a pira\u021bilor caraibieni, galioanelor spaniole scufundate pline de aur \u0219i nesf\u00e2r\u0219itelor b\u0103t\u0103lii navale pentru suprema\u021bia asupra acestui port caraibian strategic.<\/p>\n\n\n\n<p class=\"wp-block-paragraph\">Muzeul este realizat cu adev\u0103rat excelent \u0219i modern, <strong>ofer\u0103 o mul\u021bime de machete interactive interesante ale fort\u0103re\u021belor \u0219i cor\u0103biilor uria\u0219e<\/strong>, ceea ce vor aprecia nu doar adul\u021bii iubitori de istorie, ci \u0219i familiile cu copii. Vei afla aici o mul\u021bime de detalii nea\u0219teptate despre cum s-a ap\u0103rat ora\u0219ul eroic \u00een trecut de faimosul \u0219i devastatorul atac al amiralului englez Vernon.<\/p>\n\n\n\n<p class=\"wp-block-paragraph\">\u26a0\ufe0f <strong>Avertisment important legat de h\u0103r\u021bi:<\/strong> C\u00e2nd cau\u021bi informa\u021bii \u0219i drum online, fii foarte atent s\u0103 nu confunzi ora\u0219ele. Nu-l confunda cu \u201eNaval Museum Cartagena&#8221;, pe care Google \u021bi-l strecoar\u0103 uneori, doar c\u0103 acela se afl\u0103 \u00een Murcia din Spania, iar naviga\u021bia te trimite pe alt continent. \ud83d\ude05 Verific\u0103 mereu cu aten\u021bie ca \u00een adresa de pe Google Maps s\u0103 scrie Bol\u00edvar, Columbia.<\/p>\n\n\n\n<figure data-wp-context=\"{&quot;imageId&quot;:&quot;6a9c348a004db&quot;}\" data-wp-interactive=\"core\/image\" data-wp-key=\"6a9c348a004db\" class=\"wp-block-image size-full wp-lightbox-container\"><img decoding=\"async\" width=\"1600\" height=\"1200\" data-wp-class--hide=\"state.isContentHidden\" data-wp-class--show=\"state.isContentVisible\" data-wp-init=\"callbacks.setButtonStyles\" data-wp-on--click=\"actions.showLightbox\" data-wp-on--load=\"callbacks.setButtonStyles\" data-wp-on--pointerdown=\"actions.preloadImage\" data-wp-on--pointerenter=\"actions.preloadImageWithDelay\" data-wp-on--pointerleave=\"actions.cancelPreload\" data-wp-on-window--resize=\"callbacks.setButtonStyles\" src=\"https:\/\/loudavymkrokem.cz\/wp-content\/uploads\/2026\/09\/plaza-de-los-coches.jpg\" alt=\"Plaza de los Coches \u0219i Torre del Reloj\" class=\"wp-image-415708\" title=\"\" srcset=\"https:\/\/loudavymkrokem.cz\/wp-content\/uploads\/2026\/09\/plaza-de-los-coches.jpg 1600w, https:\/\/loudavymkrokem.cz\/wp-content\/uploads\/2026\/09\/plaza-de-los-coches-300x225.jpg 300w, https:\/\/loudavymkrokem.cz\/wp-content\/uploads\/2026\/09\/plaza-de-los-coches-700x525.jpg 700w, https:\/\/loudavymkrokem.cz\/wp-content\/uploads\/2026\/09\/plaza-de-los-coches-768x576.jpg 768w, https:\/\/loudavymkrokem.cz\/wp-content\/uploads\/2026\/09\/plaza-de-los-coches-1536x1152.jpg 1536w, https:\/\/loudavymkrokem.cz\/wp-content\/uploads\/2026\/09\/plaza-de-los-coches-80x60.jpg 80w, https:\/\/loudavymkrokem.cz\/wp-content\/uploads\/2026\/09\/plaza-de-los-coches-160x120.jpg 160w, https:\/\/loudavymkrokem.cz\/wp-content\/uploads\/2026\/09\/plaza-de-los-coches-696x522.jpg 696w, https:\/\/loudavymkrokem.cz\/wp-content\/uploads\/2026\/09\/plaza-de-los-coches-1392x1044.jpg 1392w\" sizes=\"(max-width: 1600px) 100vw, 1600px\" \/><button\n\t\t\tclass=\"lightbox-trigger\"\n\t\t\ttype=\"button\"\n\t\t\taria-haspopup=\"dialog\"\n\t\t\tdata-wp-bind--aria-label=\"state.thisImage.triggerButtonAriaLabel\"\n\t\t\tdata-wp-init=\"callbacks.initTriggerButton\"\n\t\t\tdata-wp-on--click=\"actions.showLightbox\"\n\t\t\tdata-wp-style--right=\"state.thisImage.buttonRight\"\n\t\t\tdata-wp-style--top=\"state.thisImage.buttonTop\"\n\t\t>\n\t\t\t<svg xmlns=\"http:\/\/www.w3.org\/2000\/svg\" width=\"12\" height=\"12\" fill=\"none\" viewBox=\"0 0 12 12\">\n\t\t\t\t<path fill=\"#fff\" d=\"M2 0a2 2 0 0 0-2 2v2h1.5V2a.5.5 0 0 1 .5-.5h2V0H2Zm2 10.5H2a.5.5 0 0 1-.5-.5V8H0v2a2 2 0 0 0 2 2h2v-1.5ZM8 12v-1.5h2a.5.5 0 0 0 .5-.5V8H12v2a2 2 0 0 1-2 2H8Zm2-12a2 2 0 0 1 2 2v2h-1.5V2a.5.5 0 0 0-.5-.5H8V0h2Z\" \/>\n\t\t\t<\/svg>\n\t\t<\/button><figcaption class=\"wp-element-caption\">Foto: Kelly Hewitt \/ Google Maps<\/figcaption><\/figure>\n\n\n\n<h3 class=\"wp-block-heading\"><span class=\"ez-toc-section\" id=\"7_Plaza_de_los_Coches_si_Torre_del_Reloj\"><\/span>7. Plaza de los Coches \u0219i Torre del Reloj<span class=\"ez-toc-section-end\"><\/span><\/h3>\n\n\n\n<p class=\"wp-block-paragraph\">Primii t\u0103i pa\u0219i \u00een ora\u0219ul vechi vor duce probabil chiar prin <strong>Torre del Reloj, un turn galben iconic cu ceas<\/strong>, care serve\u0219te drept poarta principal\u0103 \u0219i cea mai frumoas\u0103 de intrare prin ziduri. Imediat dup\u0103 aceast\u0103 poart\u0103 se deschide larg \u00een fa\u021ba ta <strong>Plaza de los Coches (rating 4,5)<\/strong>, adic\u0103 Pia\u021ba Tr\u0103surilor, care are un trecut foarte \u00eentunecat, pentru c\u0103 odinioar\u0103 servea drept principalul t\u00e2rg de sclavi, dar ast\u0103zi este plin\u0103 de case colorate cu balcoane tipice.<\/p>\n\n\n\n<p class=\"wp-block-paragraph\">Chiar \u00een aceast\u0103 pia\u021b\u0103 animat\u0103 g\u0103se\u0219ti <strong>faimoasa arcad\u0103 umbroas\u0103 Portal de los Dulces<\/strong>. Aici se \u00eenghesuie zeci de tarabe mici din lemn, care de genera\u021bii v\u00e2nd dulciuri tradi\u021bionale caraibiene. Totul joac\u0103 aici \u00een culori str\u0103lucitoare, iar aerul miroase constant a cocos proasp\u0103t, zah\u0103r de trestie ars \u0219i fructe tropicale exotice.<\/p>\n\n\n\n<p class=\"wp-block-paragraph\">Este un loc absolut ideal unde <strong>po\u021bi gusta bilele locale de cocos (a\u0219a-numitele cocadas) sau dulciurile lipicioase din tamarin<\/strong>. \ud83d\udca1 <strong>Sfat:<\/strong> Aceste dulciuri locale sunt extrem de dulci \u0219i dense, a\u0219a c\u0103 \u00ee\u021bi vor fi din plin de ajuns una sau dou\u0103 buc\u0103\u021bi la o cafea tare de dup\u0103-amiaz\u0103, \u00een niciun caz nu te a\u0219tepta la vreun desert u\u0219or \u0219i pufos.<\/p>\n\n\n\n<figure data-wp-context=\"{&quot;imageId&quot;:&quot;6a9c348a00de6&quot;}\" data-wp-interactive=\"core\/image\" data-wp-key=\"6a9c348a00de6\" class=\"wp-block-image size-full wp-lightbox-container\"><img decoding=\"async\" width=\"1600\" height=\"901\" data-wp-class--hide=\"state.isContentHidden\" data-wp-class--show=\"state.isContentVisible\" data-wp-init=\"callbacks.setButtonStyles\" data-wp-on--click=\"actions.showLightbox\" data-wp-on--load=\"callbacks.setButtonStyles\" data-wp-on--pointerdown=\"actions.preloadImage\" data-wp-on--pointerenter=\"actions.preloadImageWithDelay\" data-wp-on--pointerleave=\"actions.cancelPreload\" data-wp-on-window--resize=\"callbacks.setButtonStyles\" src=\"https:\/\/loudavymkrokem.cz\/wp-content\/uploads\/2026\/09\/camell-n-de-los-m-rtires.jpg\" alt=\"Camell\u00f3n de los M\u00e1rtires\" class=\"wp-image-415710\" title=\"\" srcset=\"https:\/\/loudavymkrokem.cz\/wp-content\/uploads\/2026\/09\/camell-n-de-los-m-rtires.jpg 1600w, https:\/\/loudavymkrokem.cz\/wp-content\/uploads\/2026\/09\/camell-n-de-los-m-rtires-300x169.jpg 300w, https:\/\/loudavymkrokem.cz\/wp-content\/uploads\/2026\/09\/camell-n-de-los-m-rtires-700x394.jpg 700w, https:\/\/loudavymkrokem.cz\/wp-content\/uploads\/2026\/09\/camell-n-de-los-m-rtires-768x432.jpg 768w, https:\/\/loudavymkrokem.cz\/wp-content\/uploads\/2026\/09\/camell-n-de-los-m-rtires-1536x865.jpg 1536w, https:\/\/loudavymkrokem.cz\/wp-content\/uploads\/2026\/09\/camell-n-de-los-m-rtires-696x392.jpg 696w, https:\/\/loudavymkrokem.cz\/wp-content\/uploads\/2026\/09\/camell-n-de-los-m-rtires-1392x784.jpg 1392w\" sizes=\"(max-width: 1600px) 100vw, 1600px\" \/><button\n\t\t\tclass=\"lightbox-trigger\"\n\t\t\ttype=\"button\"\n\t\t\taria-haspopup=\"dialog\"\n\t\t\tdata-wp-bind--aria-label=\"state.thisImage.triggerButtonAriaLabel\"\n\t\t\tdata-wp-init=\"callbacks.initTriggerButton\"\n\t\t\tdata-wp-on--click=\"actions.showLightbox\"\n\t\t\tdata-wp-style--right=\"state.thisImage.buttonRight\"\n\t\t\tdata-wp-style--top=\"state.thisImage.buttonTop\"\n\t\t>\n\t\t\t<svg xmlns=\"http:\/\/www.w3.org\/2000\/svg\" width=\"12\" height=\"12\" fill=\"none\" viewBox=\"0 0 12 12\">\n\t\t\t\t<path fill=\"#fff\" d=\"M2 0a2 2 0 0 0-2 2v2h1.5V2a.5.5 0 0 1 .5-.5h2V0H2Zm2 10.5H2a.5.5 0 0 1-.5-.5V8H0v2a2 2 0 0 0 2 2h2v-1.5ZM8 12v-1.5h2a.5.5 0 0 0 .5-.5V8H12v2a2 2 0 0 1-2 2H8Zm2-12a2 2 0 0 1 2 2v2h-1.5V2a.5.5 0 0 0-.5-.5H8V0h2Z\" \/>\n\t\t\t<\/svg>\n\t\t<\/button><figcaption class=\"wp-element-caption\">Foto: Libor Novotn\u00fd \/ Google Maps<\/figcaption><\/figure>\n\n\n\n<h3 class=\"wp-block-heading\"><span class=\"ez-toc-section\" id=\"8_Camellon_de_los_Martires\"><\/span>8. Camell\u00f3n de los M\u00e1rtires<span class=\"ez-toc-section-end\"><\/span><\/h3>\n\n\n\n<p class=\"wp-block-paragraph\">Chiar \u00een fa\u021ba por\u021bii principale galbene cu ceas, \u00eenainte de a intra m\u0103car \u00een ora\u0219ul vechi, se \u00eentinde <strong>o promenad\u0103 larg\u0103 cunoscut\u0103 drept Camell\u00f3n de los M\u00e1rtires<\/strong> (rating 4,6). Aceast\u0103 promenad\u0103 foarte elegant\u0103 \u0219i \u00eengrijit\u0103, m\u0103rginit\u0103 de statui, este unul dintre cele mai bune locuri pentru o plimbare de sear\u0103, c\u00e2nd este iluminat\u0103 superb \u0219i pulseaz\u0103 de o via\u021b\u0103 local\u0103 incredibil\u0103.<\/p>\n\n\n\n<p class=\"wp-block-paragraph\">Numele acestei promenade se refer\u0103 direct la o istorie s\u00e2ngeroas\u0103, <strong>c\u0103ci aici g\u0103se\u0219ti busturile a nou\u0103 martiri<\/strong>, lideri curajo\u0219i ai mi\u0219c\u0103rii columbiene pentru independen\u021b\u0103, care au fost executa\u021bi aici f\u0103r\u0103 mil\u0103 \u00een 1816 de rojali\u0219tii spanioli. Este un loc foarte important de m\u00e2ndrie na\u021bional\u0103, care ofer\u0103 un contrast istoric interesant fa\u021b\u0103 de atmosfera caraibian\u0103 altfel lipsit\u0103 de griji din tot \u00eemprejurimile.<\/p>\n\n\n\n<p class=\"wp-block-paragraph\">\u00cen timpul zilei vei da aici peste nenum\u0103ra\u021bi v\u00e2nz\u0103tori z\u00e2mbitori de sucuri proaspete \u0219i obiecte artizanale f\u0103cute manual. <strong>Este, de asemenea, cel mai popular loc de urcare \u00een tr\u0103surile turistice trase de cai<\/strong>, de\u0219i din punctul de vedere al respectului fa\u021b\u0103 de animale \u00een c\u0103ldura caraibian\u0103 uria\u0219\u0103, este cu siguran\u021b\u0103 mai bine s\u0103 te mi\u0219ti prin ora\u0219 mai degrab\u0103 pe propriile picioare.<\/p>\n\n\n\n<figure data-wp-context=\"{&quot;imageId&quot;:&quot;6a9c348a01587&quot;}\" data-wp-interactive=\"core\/image\" data-wp-key=\"6a9c348a01587\" class=\"wp-block-image size-full wp-lightbox-container\"><img decoding=\"async\" width=\"1600\" height=\"2133\" data-wp-class--hide=\"state.isContentHidden\" data-wp-class--show=\"state.isContentVisible\" data-wp-init=\"callbacks.setButtonStyles\" data-wp-on--click=\"actions.showLightbox\" data-wp-on--load=\"callbacks.setButtonStyles\" data-wp-on--pointerdown=\"actions.preloadImage\" data-wp-on--pointerenter=\"actions.preloadImageWithDelay\" data-wp-on--pointerleave=\"actions.cancelPreload\" data-wp-on-window--resize=\"callbacks.setButtonStyles\" src=\"https:\/\/loudavymkrokem.cz\/wp-content\/uploads\/2026\/09\/getseman.jpg\" alt=\"Getseman\u00ed \u0219i arta stradal\u0103\" class=\"wp-image-415712\" title=\"\" srcset=\"https:\/\/loudavymkrokem.cz\/wp-content\/uploads\/2026\/09\/getseman.jpg 1600w, https:\/\/loudavymkrokem.cz\/wp-content\/uploads\/2026\/09\/getseman-225x300.jpg 225w, https:\/\/loudavymkrokem.cz\/wp-content\/uploads\/2026\/09\/getseman-700x933.jpg 700w, https:\/\/loudavymkrokem.cz\/wp-content\/uploads\/2026\/09\/getseman-768x1024.jpg 768w, https:\/\/loudavymkrokem.cz\/wp-content\/uploads\/2026\/09\/getseman-1152x1536.jpg 1152w, https:\/\/loudavymkrokem.cz\/wp-content\/uploads\/2026\/09\/getseman-1536x2048.jpg 1536w, https:\/\/loudavymkrokem.cz\/wp-content\/uploads\/2026\/09\/getseman-696x928.jpg 696w, https:\/\/loudavymkrokem.cz\/wp-content\/uploads\/2026\/09\/getseman-1392x1856.jpg 1392w\" sizes=\"(max-width: 1600px) 100vw, 1600px\" \/><button\n\t\t\tclass=\"lightbox-trigger\"\n\t\t\ttype=\"button\"\n\t\t\taria-haspopup=\"dialog\"\n\t\t\tdata-wp-bind--aria-label=\"state.thisImage.triggerButtonAriaLabel\"\n\t\t\tdata-wp-init=\"callbacks.initTriggerButton\"\n\t\t\tdata-wp-on--click=\"actions.showLightbox\"\n\t\t\tdata-wp-style--right=\"state.thisImage.buttonRight\"\n\t\t\tdata-wp-style--top=\"state.thisImage.buttonTop\"\n\t\t>\n\t\t\t<svg xmlns=\"http:\/\/www.w3.org\/2000\/svg\" width=\"12\" height=\"12\" fill=\"none\" viewBox=\"0 0 12 12\">\n\t\t\t\t<path fill=\"#fff\" d=\"M2 0a2 2 0 0 0-2 2v2h1.5V2a.5.5 0 0 1 .5-.5h2V0H2Zm2 10.5H2a.5.5 0 0 1-.5-.5V8H0v2a2 2 0 0 0 2 2h2v-1.5ZM8 12v-1.5h2a.5.5 0 0 0 .5-.5V8H12v2a2 2 0 0 1-2 2H8Zm2-12a2 2 0 0 1 2 2v2h-1.5V2a.5.5 0 0 0-.5-.5H8V0h2Z\" \/>\n\t\t\t<\/svg>\n\t\t<\/button><figcaption class=\"wp-element-caption\">Foto: Daniel Rivera Pimienta \/ Google Maps<\/figcaption><\/figure>\n\n\n\n<h3 class=\"wp-block-heading\"><span class=\"ez-toc-section\" id=\"9_Getsemani_si_arta_stradala\"><\/span>9. Getseman\u00ed \u0219i arta stradal\u0103<span class=\"ez-toc-section-end\"><\/span><\/h3>\n\n\n\n<p class=\"wp-block-paragraph\">\u00cen timp ce lustruitul Centro Hist\u00f3rico este cizelat \u0219i aristocratic, <strong>cartierul vecin Getseman\u00ed are un suflet adev\u0103rat, s\u0103lbatic \u0219i n\u0103valnic<\/strong>. P\u00e2n\u0103 nu demult era un cartier muncitoresc \u0219i s\u0103rac destul de periculos, \u00een afara zidurilor, unde turi\u0219tilor nici m\u0103car nu li se recomanda s\u0103 mearg\u0103, dar ast\u0103zi este, f\u0103r\u0103 \u00eendoial\u0103, cea mai interesant\u0103, colorat\u0103 \u0219i fotografiat\u0103 parte din toat\u0103 Cartagena.<\/p>\n\n\n\n<p class=\"wp-block-paragraph\">Str\u0103du\u021bele sunt aici ceva mai \u00eenguste dec\u00e2t \u00een centru, iar fa\u021badele scorojite ale caselor servesc drept p\u00e2nze uria\u0219e de pictur\u0103. <strong>G\u0103se\u0219ti aici art\u0103 stradal\u0103 de top \u0219i g\u00e2ndit\u0103<\/strong>, care reflect\u0103 r\u0103d\u0103cinile africane ale ora\u0219ului, cultura palenqueras \u0219i bogata flor\u0103 local\u0103. Cea mai cunoscut\u0103 este strada \u00eengust\u0103 Calle de la Sierpe, deasupra c\u0103reia at\u00e2rn\u0103 sute de umbrele colorate, sau str\u0103du\u021ba plin\u0103 de stegule\u021be, unde se fac cele mai bune poze din toat\u0103 vacan\u021ba.<\/p>\n\n\n\n<p class=\"wp-block-paragraph\">\u00cen timpul zilei, Getseman\u00ed este surprinz\u0103tor de lini\u0219tit (oamenii stau aici \u00een fa\u021ba caselor pe sc\u0103unele de plastic, joac\u0103 pasionat domino \u0219i aproape c\u0103 nici nu te bag\u0103 \u00een seam\u0103, ceea ce, dup\u0103 racolarea continu\u0103 din centru, este o u\u0219urare destul de mare). <strong>Tocmai aici \u00eenc\u0103 mai sim\u021bi acea atmosfer\u0103 comunitar\u0103 adev\u0103rat\u0103<\/strong>, care din centrul mai lustruit \u0219i mai scump, din p\u0103cate, s-a cam pierdut.<\/p>\n\n\n\n<figure data-wp-context=\"{&quot;imageId&quot;:&quot;6a9c348a01d81&quot;}\" data-wp-interactive=\"core\/image\" data-wp-key=\"6a9c348a01d81\" class=\"wp-block-image size-full wp-lightbox-container\"><img decoding=\"async\" width=\"1600\" height=\"1200\" data-wp-class--hide=\"state.isContentHidden\" data-wp-class--show=\"state.isContentVisible\" data-wp-init=\"callbacks.setButtonStyles\" data-wp-on--click=\"actions.showLightbox\" data-wp-on--load=\"callbacks.setButtonStyles\" data-wp-on--pointerdown=\"actions.preloadImage\" data-wp-on--pointerenter=\"actions.preloadImageWithDelay\" data-wp-on--pointerleave=\"actions.cancelPreload\" data-wp-on-window--resize=\"callbacks.setButtonStyles\" src=\"https:\/\/loudavymkrokem.cz\/wp-content\/uploads\/2026\/09\/ve-ern-plaza-de-la-trinidad.jpg\" alt=\"Plaza de la Trinidad seara\" class=\"wp-image-415715\" title=\"\" srcset=\"https:\/\/loudavymkrokem.cz\/wp-content\/uploads\/2026\/09\/ve-ern-plaza-de-la-trinidad.jpg 1600w, https:\/\/loudavymkrokem.cz\/wp-content\/uploads\/2026\/09\/ve-ern-plaza-de-la-trinidad-300x225.jpg 300w, https:\/\/loudavymkrokem.cz\/wp-content\/uploads\/2026\/09\/ve-ern-plaza-de-la-trinidad-700x525.jpg 700w, https:\/\/loudavymkrokem.cz\/wp-content\/uploads\/2026\/09\/ve-ern-plaza-de-la-trinidad-768x576.jpg 768w, https:\/\/loudavymkrokem.cz\/wp-content\/uploads\/2026\/09\/ve-ern-plaza-de-la-trinidad-1536x1152.jpg 1536w, https:\/\/loudavymkrokem.cz\/wp-content\/uploads\/2026\/09\/ve-ern-plaza-de-la-trinidad-80x60.jpg 80w, https:\/\/loudavymkrokem.cz\/wp-content\/uploads\/2026\/09\/ve-ern-plaza-de-la-trinidad-160x120.jpg 160w, https:\/\/loudavymkrokem.cz\/wp-content\/uploads\/2026\/09\/ve-ern-plaza-de-la-trinidad-696x522.jpg 696w, https:\/\/loudavymkrokem.cz\/wp-content\/uploads\/2026\/09\/ve-ern-plaza-de-la-trinidad-1392x1044.jpg 1392w\" sizes=\"(max-width: 1600px) 100vw, 1600px\" \/><button\n\t\t\tclass=\"lightbox-trigger\"\n\t\t\ttype=\"button\"\n\t\t\taria-haspopup=\"dialog\"\n\t\t\tdata-wp-bind--aria-label=\"state.thisImage.triggerButtonAriaLabel\"\n\t\t\tdata-wp-init=\"callbacks.initTriggerButton\"\n\t\t\tdata-wp-on--click=\"actions.showLightbox\"\n\t\t\tdata-wp-style--right=\"state.thisImage.buttonRight\"\n\t\t\tdata-wp-style--top=\"state.thisImage.buttonTop\"\n\t\t>\n\t\t\t<svg xmlns=\"http:\/\/www.w3.org\/2000\/svg\" width=\"12\" height=\"12\" fill=\"none\" viewBox=\"0 0 12 12\">\n\t\t\t\t<path fill=\"#fff\" d=\"M2 0a2 2 0 0 0-2 2v2h1.5V2a.5.5 0 0 1 .5-.5h2V0H2Zm2 10.5H2a.5.5 0 0 1-.5-.5V8H0v2a2 2 0 0 0 2 2h2v-1.5ZM8 12v-1.5h2a.5.5 0 0 0 .5-.5V8H12v2a2 2 0 0 1-2 2H8Zm2-12a2 2 0 0 1 2 2v2h-1.5V2a.5.5 0 0 0-.5-.5H8V0h2Z\" \/>\n\t\t\t<\/svg>\n\t\t<\/button><figcaption class=\"wp-element-caption\">Foto: Drixdel Prera \/ Google Maps<\/figcaption><\/figure>\n\n\n\n<h3 class=\"wp-block-heading\"><span class=\"ez-toc-section\" id=\"10_Plaza_de_la_Trinidad_seara\"><\/span>10. Plaza de la Trinidad seara<span class=\"ez-toc-section-end\"><\/span><\/h3>\n\n\n\n<p class=\"wp-block-paragraph\">Dac\u0103 vrei s\u0103 tr\u0103ie\u0219ti pe pielea ta adev\u0103rata \u0219i nepref\u0103cuta veselie caraibian\u0103, <strong>trebuie s\u0103 mergi dup\u0103 l\u0103sarea \u00eentunericului \u00een Plaza de la Trinidad<\/strong>, chiar \u00een inima coloratului cartier Getseman\u00ed. \u00cen timpul zilei este un scuar destul de discret \u00een fa\u021ba unei vechi biserici galbene \u0219i scorojite, dar de \u00eendat\u0103 ce apune soarele, spa\u021biul se transform\u0103 dintr-o pocnitur\u0103 de degete \u00een epicentrul pulsatoriu al \u00eentregului ora\u0219.<\/p>\n\n\n\n<p class=\"wp-block-paragraph\"><strong>\u00cen fiecare sear\u0103 se adun\u0103 aici parc\u0103 jum\u0103tate din cartier, familii locale cu copii, backpackeri din toat\u0103 lumea \u0219i arti\u0219ti stradali talenta\u021bi<\/strong>. Oamenii stau chiar pe trotuarele \u00eenc\u0103lzite, \u00ee\u0219i cump\u0103r\u0103 bere rece ieftin\u0103 de la magazinul din apropiere \u0219i gust\u0103 m\u00e2ncare excelent\u0103 de la c\u0103rucioarele ambulante. \u00cen jurul orei opt seara \u00eencep aici periodic spectacole de dans improvizate uluitoare, jonglerii cu foc sau concerte zgomotoase ale trupelor locale.<\/p>\n\n\n\n<p class=\"wp-block-paragraph\">Nu e deloc nevoie s\u0103 pl\u0103te\u0219ti vreo intrare scump\u0103 \u00een cluburi de lux, pentru c\u0103 <strong>cea mai bun\u0103 \u0219i mai autentic\u0103 petrecere se desf\u0103\u0219oar\u0103 chiar pe strad\u0103<\/strong>. \ud83d\udca1 <strong>Sfat:<\/strong> Fii \u00eens\u0103 foarte atent la lucrurile tale personale, \u00een mul\u021bimea deas\u0103 se pot mi\u0219ca neobserva\u021bi ho\u021bii de buzunare, a\u0219a c\u0103 \u021bine rucsacul mai bine mereu \u00een fa\u021b\u0103, iar valorile cu pa\u0219aportul las\u0103-le \u00een seiful de la hotel.<\/p>\n\n\n\n<figure data-wp-context=\"{&quot;imageId&quot;:&quot;6a9c348a0267c&quot;}\" data-wp-interactive=\"core\/image\" data-wp-key=\"6a9c348a0267c\" class=\"wp-block-image size-full wp-lightbox-container\"><img decoding=\"async\" width=\"1600\" height=\"1600\" data-wp-class--hide=\"state.isContentHidden\" data-wp-class--show=\"state.isContentVisible\" data-wp-init=\"callbacks.setButtonStyles\" data-wp-on--click=\"actions.showLightbox\" data-wp-on--load=\"callbacks.setButtonStyles\" data-wp-on--pointerdown=\"actions.preloadImage\" data-wp-on--pointerenter=\"actions.preloadImageWithDelay\" data-wp-on--pointerleave=\"actions.cancelPreload\" data-wp-on-window--resize=\"callbacks.setButtonStyles\" src=\"https:\/\/loudavymkrokem.cz\/wp-content\/uploads\/2026\/09\/lenochodi-v-centenario-parku.jpg\" alt=\"Lene\u0219i \u00een Parcul Centenario\" class=\"wp-image-415716\" title=\"\" srcset=\"https:\/\/loudavymkrokem.cz\/wp-content\/uploads\/2026\/09\/lenochodi-v-centenario-parku.jpg 1600w, https:\/\/loudavymkrokem.cz\/wp-content\/uploads\/2026\/09\/lenochodi-v-centenario-parku-300x300.jpg 300w, https:\/\/loudavymkrokem.cz\/wp-content\/uploads\/2026\/09\/lenochodi-v-centenario-parku-700x700.jpg 700w, https:\/\/loudavymkrokem.cz\/wp-content\/uploads\/2026\/09\/lenochodi-v-centenario-parku-150x150.jpg 150w, https:\/\/loudavymkrokem.cz\/wp-content\/uploads\/2026\/09\/lenochodi-v-centenario-parku-768x768.jpg 768w, https:\/\/loudavymkrokem.cz\/wp-content\/uploads\/2026\/09\/lenochodi-v-centenario-parku-1536x1536.jpg 1536w, https:\/\/loudavymkrokem.cz\/wp-content\/uploads\/2026\/09\/lenochodi-v-centenario-parku-696x696.jpg 696w, https:\/\/loudavymkrokem.cz\/wp-content\/uploads\/2026\/09\/lenochodi-v-centenario-parku-1392x1392.jpg 1392w\" sizes=\"(max-width: 1600px) 100vw, 1600px\" \/><button\n\t\t\tclass=\"lightbox-trigger\"\n\t\t\ttype=\"button\"\n\t\t\taria-haspopup=\"dialog\"\n\t\t\tdata-wp-bind--aria-label=\"state.thisImage.triggerButtonAriaLabel\"\n\t\t\tdata-wp-init=\"callbacks.initTriggerButton\"\n\t\t\tdata-wp-on--click=\"actions.showLightbox\"\n\t\t\tdata-wp-style--right=\"state.thisImage.buttonRight\"\n\t\t\tdata-wp-style--top=\"state.thisImage.buttonTop\"\n\t\t>\n\t\t\t<svg xmlns=\"http:\/\/www.w3.org\/2000\/svg\" width=\"12\" height=\"12\" fill=\"none\" viewBox=\"0 0 12 12\">\n\t\t\t\t<path fill=\"#fff\" d=\"M2 0a2 2 0 0 0-2 2v2h1.5V2a.5.5 0 0 1 .5-.5h2V0H2Zm2 10.5H2a.5.5 0 0 1-.5-.5V8H0v2a2 2 0 0 0 2 2h2v-1.5ZM8 12v-1.5h2a.5.5 0 0 0 .5-.5V8H12v2a2 2 0 0 1-2 2H8Zm2-12a2 2 0 0 1 2 2v2h-1.5V2a.5.5 0 0 0-.5-.5H8V0h2Z\" \/>\n\t\t\t<\/svg>\n\t\t<\/button><figcaption class=\"wp-element-caption\">Foto: Gustavo. A \/ Google Maps<\/figcaption><\/figure>\n\n\n\n<h3 class=\"wp-block-heading\"><span class=\"ez-toc-section\" id=\"11_Lenesii_din_Parcul_Centenario\"><\/span>11. Lene\u0219ii din Parcul Centenario<span class=\"ez-toc-section-end\"><\/span><\/h3>\n\n\n\n<p class=\"wp-block-paragraph\">Chiar la grani\u021ba dintre Getseman\u00ed \u0219i ora\u0219ul vechi se afl\u0103 aparent obi\u0219nuitul <strong>Parc Centenario (rating 4,4), care ascunde \u00eens\u0103 o surpriz\u0103 natural\u0103 uria\u0219\u0103 \u0219i nea\u0219teptat\u0103<\/strong>. Majoritatea turi\u0219tilor gr\u0103bi\u021bi doar trec repede prin el \u00een drum spre ziduri \u0219i nu au habar ce lucru uimitor se ascunde chiar deasupra capetelor lor, \u00een coroanele dese ale copacilor uria\u0219i.<\/p>\n\n\n\n<p class=\"wp-block-paragraph\">Chiar \u00een centrul ora\u0219ului aglomerat \u0219i zgomotos, aici <strong>tr\u0103iesc \u00een libertate lene\u0219i len\u021bi, maimu\u021bele mici \u0219i dr\u0103g\u0103la\u0219e (tamarini) \u0219i iguane preistorice uria\u0219e<\/strong>. E de ajuns s\u0103 te opre\u0219ti o clip\u0103, s\u0103 stai un timp \u00een lini\u0219te deplin\u0103 \u0219i s\u0103 examinezi cu aten\u021bie crengile \u00eenc\u00e2lcite de deasupra ta. Iguanele le vei vedea adesea lenevind la soare chiar l\u00e2ng\u0103 potec\u0103, \u00een timp ce lene\u0219ii de obicei dorm bu\u0219tean, ascun\u0219i sus \u00een frunzi\u0219.<\/p>\n\n\n\n<p class=\"wp-block-paragraph\">Dac\u0103 nu po\u021bi g\u0103si singur animalele \u00een verdea\u021ba deas\u0103, <strong>adesea te vor sf\u0103tui bucuros v\u00e2nz\u0103torii locali de alune sau paznicii permanen\u021bi ai parcului<\/strong>, care \u0219tiu mereu exact \u00een ce copac se odihne\u0219te chiar acum \u00eentreaga familie de lene\u0219i. Este o bucat\u0103 absolut fascinant\u0103 de jungl\u0103 s\u0103lbatic\u0103 \u00een mijlocul traficului aglomerat de beton.<\/p>\n\n\n\n<figure data-wp-context=\"{&quot;imageId&quot;:&quot;6a9c348a03087&quot;}\" data-wp-interactive=\"core\/image\" data-wp-key=\"6a9c348a03087\" class=\"wp-block-image size-full wp-lightbox-container\"><img decoding=\"async\" width=\"1600\" height=\"1200\" data-wp-class--hide=\"state.isContentHidden\" data-wp-class--show=\"state.isContentVisible\" data-wp-init=\"callbacks.setButtonStyles\" data-wp-on--click=\"actions.showLightbox\" data-wp-on--load=\"callbacks.setButtonStyles\" data-wp-on--pointerdown=\"actions.preloadImage\" data-wp-on--pointerenter=\"actions.preloadImageWithDelay\" data-wp-on--pointerleave=\"actions.cancelPreload\" data-wp-on-window--resize=\"callbacks.setButtonStyles\" src=\"https:\/\/loudavymkrokem.cz\/wp-content\/uploads\/2026\/09\/z-convento-de-la-popa.jpg\" alt=\"Priveli\u0219tea de la Convento de la Popa\" class=\"wp-image-415719\" title=\"\" srcset=\"https:\/\/loudavymkrokem.cz\/wp-content\/uploads\/2026\/09\/z-convento-de-la-popa.jpg 1600w, https:\/\/loudavymkrokem.cz\/wp-content\/uploads\/2026\/09\/z-convento-de-la-popa-300x225.jpg 300w, https:\/\/loudavymkrokem.cz\/wp-content\/uploads\/2026\/09\/z-convento-de-la-popa-700x525.jpg 700w, https:\/\/loudavymkrokem.cz\/wp-content\/uploads\/2026\/09\/z-convento-de-la-popa-768x576.jpg 768w, https:\/\/loudavymkrokem.cz\/wp-content\/uploads\/2026\/09\/z-convento-de-la-popa-1536x1152.jpg 1536w, https:\/\/loudavymkrokem.cz\/wp-content\/uploads\/2026\/09\/z-convento-de-la-popa-80x60.jpg 80w, https:\/\/loudavymkrokem.cz\/wp-content\/uploads\/2026\/09\/z-convento-de-la-popa-160x120.jpg 160w, https:\/\/loudavymkrokem.cz\/wp-content\/uploads\/2026\/09\/z-convento-de-la-popa-696x522.jpg 696w, https:\/\/loudavymkrokem.cz\/wp-content\/uploads\/2026\/09\/z-convento-de-la-popa-1392x1044.jpg 1392w\" sizes=\"(max-width: 1600px) 100vw, 1600px\" \/><button\n\t\t\tclass=\"lightbox-trigger\"\n\t\t\ttype=\"button\"\n\t\t\taria-haspopup=\"dialog\"\n\t\t\tdata-wp-bind--aria-label=\"state.thisImage.triggerButtonAriaLabel\"\n\t\t\tdata-wp-init=\"callbacks.initTriggerButton\"\n\t\t\tdata-wp-on--click=\"actions.showLightbox\"\n\t\t\tdata-wp-style--right=\"state.thisImage.buttonRight\"\n\t\t\tdata-wp-style--top=\"state.thisImage.buttonTop\"\n\t\t>\n\t\t\t<svg xmlns=\"http:\/\/www.w3.org\/2000\/svg\" width=\"12\" height=\"12\" fill=\"none\" viewBox=\"0 0 12 12\">\n\t\t\t\t<path fill=\"#fff\" d=\"M2 0a2 2 0 0 0-2 2v2h1.5V2a.5.5 0 0 1 .5-.5h2V0H2Zm2 10.5H2a.5.5 0 0 1-.5-.5V8H0v2a2 2 0 0 0 2 2h2v-1.5ZM8 12v-1.5h2a.5.5 0 0 0 .5-.5V8H12v2a2 2 0 0 1-2 2H8Zm2-12a2 2 0 0 1 2 2v2h-1.5V2a.5.5 0 0 0-.5-.5H8V0h2Z\" \/>\n\t\t\t<\/svg>\n\t\t<\/button><figcaption class=\"wp-element-caption\">Foto: Javier Ruiz \/ Google Maps<\/figcaption><\/figure>\n\n\n\n<h3 class=\"wp-block-heading\"><span class=\"ez-toc-section\" id=\"12_Privelistea_de_la_Convento_de_la_Popa\"><\/span>12. Priveli\u0219tea de la Convento de la Popa<span class=\"ez-toc-section-end\"><\/span><\/h3>\n\n\n\n<p class=\"wp-block-paragraph\"><strong>Cea mai bun\u0103 priveli\u0219te<\/strong> asupra \u00eentregii Cartagene? Este pe cel mai \u00eenalt deal din ora\u0219, unde se afl\u0103 vechea <strong>m\u0103n\u0103stire Convento de la Popa<\/strong>. Aceast\u0103 m\u0103n\u0103stire minunat\u0103 dateaz\u0103 \u00eenc\u0103 din 1607 \u0219i se \u00eenal\u021b\u0103 la aproximativ 150 de metri deasupra m\u0103rii, a\u0219a c\u0103 de aici vezi ca-n palm\u0103 at\u00e2t ora\u0219ul vechi istoric, c\u00e2t \u0219i zg\u00e2rie-norii moderni din Bocagrande, precum \u0219i \u00eenc\u00e2lceala de canale de ap\u0103 \u0219i cartierele periferice mai s\u0103race.<\/p>\n\n\n\n<p class=\"wp-block-paragraph\">M\u0103n\u0103stirea \u00een sine are o curte interioar\u0103 minunat\u0103 \u0219i lini\u0219tit\u0103, plin\u0103 de flori \u00eenflorite, \u0219i o capel\u0103 mic\u0103, dar foarte bogat decorat\u0103. <strong>Intrarea \u00een \u00eentregul complex se situeaz\u0103 \u00een jur de 11.000-25.000 COP<\/strong> dup\u0103 diverse surse \u0219i sezoane, a\u0219a c\u0103 verific\u0103 neap\u0103rat pre\u021bul actual doar la fa\u021ba locului. Experien\u021ba acelei \u00een\u0103l\u021bimi uria\u0219e merit\u0103 \u00eens\u0103 cu siguran\u021b\u0103 banii.<\/p>\n\n\n\n<p class=\"wp-block-paragraph\">\u26a0\ufe0f <strong>Avertisment esen\u021bial de siguran\u021b\u0103:<\/strong> Drumul \u00een sus c\u0103tre m\u0103n\u0103stire trece prin cartiere foarte s\u0103race \u0219i problematice, iar <strong>urcarea pe jos nu le este deloc recomandat\u0103 str\u0103inilor din motive de siguran\u021b\u0103<\/strong>. Sus se merge exclusiv \u00een cadrul unui tur organizat sau cu taxiul galben, cu care stabile\u0219te direct s\u0103 te a\u0219tepte aproximativ 30 de minute sus \u0219i s\u0103 te duc\u0103 \u00een siguran\u021b\u0103 \u00eenapoi jos \u00een centru.<\/p>\n\n\n\n<figure data-wp-context=\"{&quot;imageId&quot;:&quot;6a9c348a037f0&quot;}\" data-wp-interactive=\"core\/image\" data-wp-key=\"6a9c348a037f0\" class=\"wp-block-image size-full wp-lightbox-container\"><img decoding=\"async\" width=\"1600\" height=\"1200\" data-wp-class--hide=\"state.isContentHidden\" data-wp-class--show=\"state.isContentVisible\" data-wp-init=\"callbacks.setButtonStyles\" data-wp-on--click=\"actions.showLightbox\" data-wp-on--load=\"callbacks.setButtonStyles\" data-wp-on--pointerdown=\"actions.preloadImage\" data-wp-on--pointerenter=\"actions.preloadImageWithDelay\" data-wp-on--pointerleave=\"actions.cancelPreload\" data-wp-on-window--resize=\"callbacks.setButtonStyles\" src=\"https:\/\/loudavymkrokem.cz\/wp-content\/uploads\/2026\/09\/st-e-n-bary.jpg\" alt=\"Baruri pe acoperi\u0219 \u0219i priveli\u0219ti de lux\" class=\"wp-image-415721\" title=\"\" srcset=\"https:\/\/loudavymkrokem.cz\/wp-content\/uploads\/2026\/09\/st-e-n-bary.jpg 1600w, https:\/\/loudavymkrokem.cz\/wp-content\/uploads\/2026\/09\/st-e-n-bary-300x225.jpg 300w, https:\/\/loudavymkrokem.cz\/wp-content\/uploads\/2026\/09\/st-e-n-bary-700x525.jpg 700w, https:\/\/loudavymkrokem.cz\/wp-content\/uploads\/2026\/09\/st-e-n-bary-768x576.jpg 768w, https:\/\/loudavymkrokem.cz\/wp-content\/uploads\/2026\/09\/st-e-n-bary-1536x1152.jpg 1536w, https:\/\/loudavymkrokem.cz\/wp-content\/uploads\/2026\/09\/st-e-n-bary-80x60.jpg 80w, https:\/\/loudavymkrokem.cz\/wp-content\/uploads\/2026\/09\/st-e-n-bary-160x120.jpg 160w, https:\/\/loudavymkrokem.cz\/wp-content\/uploads\/2026\/09\/st-e-n-bary-696x522.jpg 696w, https:\/\/loudavymkrokem.cz\/wp-content\/uploads\/2026\/09\/st-e-n-bary-1392x1044.jpg 1392w\" sizes=\"(max-width: 1600px) 100vw, 1600px\" \/><button\n\t\t\tclass=\"lightbox-trigger\"\n\t\t\ttype=\"button\"\n\t\t\taria-haspopup=\"dialog\"\n\t\t\tdata-wp-bind--aria-label=\"state.thisImage.triggerButtonAriaLabel\"\n\t\t\tdata-wp-init=\"callbacks.initTriggerButton\"\n\t\t\tdata-wp-on--click=\"actions.showLightbox\"\n\t\t\tdata-wp-style--right=\"state.thisImage.buttonRight\"\n\t\t\tdata-wp-style--top=\"state.thisImage.buttonTop\"\n\t\t>\n\t\t\t<svg xmlns=\"http:\/\/www.w3.org\/2000\/svg\" width=\"12\" height=\"12\" fill=\"none\" viewBox=\"0 0 12 12\">\n\t\t\t\t<path fill=\"#fff\" d=\"M2 0a2 2 0 0 0-2 2v2h1.5V2a.5.5 0 0 1 .5-.5h2V0H2Zm2 10.5H2a.5.5 0 0 1-.5-.5V8H0v2a2 2 0 0 0 2 2h2v-1.5ZM8 12v-1.5h2a.5.5 0 0 0 .5-.5V8H12v2a2 2 0 0 1-2 2H8Zm2-12a2 2 0 0 1 2 2v2h-1.5V2a.5.5 0 0 0-.5-.5H8V0h2Z\" \/>\n\t\t\t<\/svg>\n\t\t<\/button><figcaption class=\"wp-element-caption\">Foto: Mario Ruiz De Somocurcio \/ Google Maps<\/figcaption><\/figure>\n\n\n\n<!-- LKM_GYG_CARD start q=\"cartagena\" lang=\"ro\" rendered=\"2026-09-05T14:09:32+00:00\" v=\"1\" -->\n<style id=\"lk-gyg-styles\">\n@import url(\"https:\/\/fonts.googleapis.com\/css2?family=Playfair+Display:wght@700&family=DM+Sans:wght@300;400;500;600&display=swap\");\n\/* === LK GYG karty \u2014 CRO redesign 2026-05 (namespace .lkx-) ===\n   C\u00edl: vy\u0161\u0161\u00ed CTR (hero + v\u00fdrazn\u00fd social proof + ak\u010dn\u00ed CTA, m\u00e9n\u011b \"reklamn\u00ed\").\n   Injektuje se inline do prvn\u00edho markeru postu (refresh_cards.py --inline-css). *\/\n.lkx-module, .lkx-module *{box-sizing:border-box;margin:0;padding:0}\n.lkx-module{\n  font-family:'DM Sans',-apple-system,Segoe UI,Roboto,Georgia,sans-serif;\n  max-width:860px;margin:2.5rem auto;color:#1f2328;\n}\n\n\/* HEADER \u2014 lehk\u00fd editorsk\u00fd, \u017e\u00e1dn\u00fd bannerov\u00fd blok; nadpis + popisek pod n\u00edm *\/\n.lkx-head{margin-bottom:16px}\n.lkx-head-main{display:flex;align-items:center;gap:10px}\n.lkx-head-accent{width:26px;height:3px;border-radius:2px;background:#c39f76;flex-shrink:0}\n.lkx-head-title{font-family:'Playfair Display',Georgia,serif;font-size:21px;font-weight:700;color:#1a1a1a;line-height:1.25}\n.lkx-head-meta{display:block;font-size:11px;letter-spacing:.3px;color:#9aa0a6;margin-top:4px;margin-left:36px}\n\n\/* HERO *\/\n.lkx-hero{display:grid;grid-template-columns:300px 1fr;background:#fff;border:1px solid #ece7df;border-radius:14px;overflow:hidden;text-decoration:none!important;color:inherit;box-shadow:0 6px 20px rgba(0,0,0,.06);transition:box-shadow .2s,transform .2s;margin-bottom:14px}\n.lkx-hero:hover{box-shadow:0 12px 30px rgba(0,0,0,.12);transform:translateY(-2px)}\n.lkx-hero-img{position:relative;min-height:230px;background-size:cover;background-position:center;background-color:#eee}\n.lkx-hero-body{padding:22px 24px;display:flex;flex-direction:column}\n.lkx-pick{position:absolute;top:12px;left:12px;background:#1a1a1a;color:#fff;font-size:11px;font-weight:700;letter-spacing:.5px;padding:5px 11px;border-radius:20px}\n\n\/* TITLE *\/\n.lkx-title{font-size:19px;font-weight:700;color:#161616;line-height:1.3}\n.lkx-title-sm{font-size:14.5px;line-height:1.35;display:-webkit-box;-webkit-line-clamp:2;-webkit-box-orient:vertical;overflow:hidden}\n\n\/* SOCIAL PROOF \u2014 v\u00fdrazn\u011b, naho\u0159e *\/\n.lkx-proof{display:flex;align-items:center;gap:7px;margin-top:12px;font-size:15px;color:#3a3a3a}\n.lkx-proof b{font-size:16px;color:#161616}\n.lkx-stars{color:#f5a623;letter-spacing:1px}\n.lkx-proof-sm{font-size:12.5px;margin-top:8px;gap:5px}\n.lkx-proof-sm b{font-size:13px}\n.lkx-proof-new{color:#3685fc;font-weight:600}\n\n\/* PRICE \u2014 n\u00edzk\u00e1 kotva *\/\n.lkx-price{font-size:14px;color:#6b7280}\n.lkx-price b{font-size:20px;color:#161616;font-weight:700}\n.lkx-price-sm b{font-size:15px}\n\n\/* CTA \u2014 tepl\u00e9 ak\u010dn\u00ed tla\u010d\u00edtko *\/\n.lkx-cta{display:inline-flex;align-items:center;justify-content:center;text-decoration:none!important;font-weight:700;color:#fff!important;background:linear-gradient(135deg,#f6743f,#e8552a);border-radius:10px;box-shadow:0 6px 16px rgba(232,85,42,.32);transition:box-shadow .2s}\n.lkx-cta-hero{font-size:15px;padding:13px 22px}\n.lkx-hero:hover .lkx-cta-hero{box-shadow:0 8px 22px rgba(232,85,42,.45)}\n.lkx-cta-sm{font-size:12.5px;padding:9px 14px;width:100%;margin-top:2px}\n.lkx-hero-bottom{margin-top:auto;padding-top:18px;display:flex;align-items:center;justify-content:space-between;gap:14px;flex-wrap:wrap}\n\n\/* BADGE \u2014 jeden v\u00fdrazn\u00fd na fotce *\/\n.lkx-badge{position:absolute;top:12px;right:12px;font-size:10.5px;font-weight:700;letter-spacing:.3px;padding:5px 10px;border-radius:16px;color:#fff}\n.lkx-badge.badge-urgency{background:rgba(214,40,40,.92)}\n.lkx-badge.badge-new{background:rgba(54,133,252,.92)}\n.lkx-badge.badge-top{background:rgba(195,159,118,.95)}\n.lkx-badge.badge-info{background:rgba(40,40,40,.78)}\n\n\/* SECONDARY GRID *\/\n.lkx-grid{display:grid;grid-template-columns:1fr 1fr;gap:14px}\n.lkx-card{background:#fff;border:1px solid #ece7df;border-radius:14px;overflow:hidden;text-decoration:none!important;color:inherit;box-shadow:0 4px 14px rgba(0,0,0,.05);display:flex;flex-direction:column;transition:box-shadow .2s,transform .2s}\n.lkx-card:hover{box-shadow:0 10px 24px rgba(0,0,0,.1);transform:translateY(-2px)}\n.lkx-card-img{position:relative;aspect-ratio:16\/10;background-size:cover;background-position:center;background-color:#eee}\n.lkx-card-body{padding:14px 16px 16px;display:flex;flex-direction:column;gap:7px;flex:1}\n.lkx-card-bottom{margin-top:auto;padding-top:10px;display:flex;align-items:center;justify-content:space-between;gap:8px}\n\n\/* DISCLOSURE \u2014 drobn\u00e1, kv\u016fli d\u016fv\u011b\u0159e\/z\u00e1konu *\/\n.lkx-disclosure{font-size:11px;color:#a7adb3;text-align:center;margin-top:14px;line-height:1.6}\n.lkx-disclosure a{color:#c39f76;text-decoration:none}\n\n@media(max-width:680px){\n  .lkx-hero{grid-template-columns:1fr}\n  .lkx-hero-img{min-height:180px}\n  .lkx-grid{grid-template-columns:1fr}\n  .lkx-head-meta{margin-left:0;width:100%}\n  .lkx-head-title{font-size:19px}\n}\n\n<\/style>\n<div class=\"lkx-module\" data-query=\"cartagena\">\n  <div class=\"lkx-head\">\n    <div class=\"lkx-head-main\">\n      <span class=\"lkx-head-accent\"><\/span>\n      <span class=\"lkx-head-title\">Experien\u021be \u0219i bilete<\/span>\n    <\/div>\n    <span class=\"lkx-head-meta\">evaluat de c\u0103l\u0103tori \u00b7 GetYourGuide<\/span>\n  <\/div><a class=\"lkx-hero\" href=\"https:\/\/www.getyourguide.com\/ro-ro\/bolivar-l578\/cartagena-5-repere-de-neratat-in-insulele-rosario-cu-pranz-inclus-t497946\/?partner_id=MKZ64IS&amp;utm_medium=online_publisher&amp;cmp=cartagena-columbia-ce-sa-vezi\" target=\"_blank\" rel=\"sponsored noopener nofollow\">\n    <div class=\"lkx-hero-img\" style=\"background-image:url('https:\/\/cdn.getyourguide.com\/img\/tour\/3e7855e2de9521c901e39203ad7bd9296c10ec69ae845752a4bbca37f24bdcee.png\/132.jpg')\" role=\"img\" aria-label=\"Cartagena: tur al insulelor Rosario cu 5 opriri, pr\u00e2nz \u0219i cluburi pe plaj\u0103\">\n      <span class=\"lkx-pick\">\u2605 Recomandarea noastr\u0103<\/span><\/div>\n    <div class=\"lkx-hero-body\">\n      <div class=\"lkx-title\">Cartagena: tur al insulelor Rosario cu 5 opriri, pr\u00e2nz \u0219i cluburi pe plaj\u0103<\/div>\n      <div class=\"lkx-proof\">\n      <span class=\"lkx-stars\">\u2605\u2605\u2605\u2605\u2605<\/span>\n      <b>4.6<\/b> \u00b7 6 212 de recenzii\n    <\/div>\n      <div class=\"lkx-hero-bottom\"><div class=\"lkx-price\">de la <b>63\u00a0EUR<\/b><\/div><span class=\"lkx-cta lkx-cta-hero\">Vreau aceast\u0103 experien\u021b\u0103 \u2192<\/span>\n      <\/div>\n    <\/div>\n  <\/a><div class=\"lkx-disclosure\">\ud83d\udd17 Linkurile sunt de afiliere \u2014 nu \u00ee\u021bi schimb\u0103 pre\u021bul, dar ne ajut\u0103 s\u0103 cre\u0103m con\u021binut. \u00b7 <a href=\"https:\/\/www.getyourguide.com\/ro-ro\/s\/?q=cartagena&amp;partner_id=MKZ64IS&amp;utm_medium=online_publisher\" target=\"_blank\" rel=\"sponsored noopener nofollow\">Toate experien\u021bele \u2192<\/a><\/div>\n<\/div>\n<!-- LKM_GYG_CARD end -->\n\n\n\n\n<div class=\"lk-stays-module\">\n<style>\n\/* \u2500\u2500\u2500 RESET PRO GUTENBERG \u2500\u2500\u2500 *\/\n.lk-stays-module * { box-sizing: border-box; margin: 0; padding: 0; }\n\n\/* \u2500\u2500\u2500 WRAPPER \u2500\u2500\u2500 *\/\n.lk-stays-module {\n  font-family: 'DM Sans', Georgia, sans-serif;\n  max-width: 100%;\n  margin: 2.5rem auto;\n  background: linear-gradient(135deg, #fdfaf5 0%, #fcf8f0 100%);\n  border: 1px solid #e8dfd4;\n  border-radius: 16px;\n  overflow: hidden;\n  box-shadow: 0 16px 48px rgba(195, 159, 118, 0.25), 0 4px 12px rgba(0,0,0,0.08);\n}\n\n\/* \u2500\u2500\u2500 HEADER \u2500\u2500\u2500 *\/\n.lk-stays-header {\n  position: relative;\n  padding: 24px 36px 24px;\n  background: linear-gradient(135deg, #c39f76 0%, #d4b188 60%, #c39f76 100%);\n  border-bottom: 1px solid rgba(255,255,255,.15);\n  display: flex;\n  align-items: center;\n  gap: 18px;\n}\n.lk-stays-header::before {\n  content: '';\n  position: absolute;\n  inset: 0;\n  background: url(\"data:image\/svg+xml,%3Csvg width='60' height='60' viewBox='0 0 60 60' xmlns='http:\/\/www.w3.org\/2000\/svg'%3E%3Cg fill='none' fill-rule='evenodd'%3E%3Cg fill='%23ffffff' fill-opacity='0.05'%3E%3Cpath d='M36 34v-4h-2v4h-4v2h4v4h2v-4h4v-2h-4zm0-30V0h-2v4h-4v2h4v4h2V6h4V4h-4zM6 34v-4H4v4H0v2h4v4h2v-4h4v-2H6zM6 4V0H4v4H0v2h4v4h2V6h4V4H6z'\/%3E%3C\/g%3E%3C\/g%3E%3C\/svg%3E\") repeat;\n  pointer-events: none;\n}\n.lk-stays-icon {\n  flex-shrink: 0;\n  width: 68px;\n  height: 68px;\n  border-radius: 14px;\n  background: linear-gradient(135deg, #fff 0%, #f9f6f0 100%);\n  display: flex;\n  align-items: center;\n  justify-content: center;\n  font-size: 26px;\n  box-shadow: 0 4px 12px rgba(0,0,0,0.15);\n}\n.lk-stays-eyebrow {\n  font-size: 10px;\n  font-weight: 500;\n  letter-spacing: 2.5px;\n  text-transform: uppercase;\n  color: rgba(255,255,255,.85);\n  margin: 0 0 5px 0;\n}\n.lk-stays-title {\n  font-family: 'Playfair Display', Georgia, serif;\n  font-size: 24px;\n  font-weight: 700;\n  color: #fff;\n  line-height: 1.2;\n  text-shadow: 0 1px 2px rgba(0,0,0,0.1);\n  margin: 0;\n}\n.lk-stays-subtitle {\n  font-size: 13px;\n  color: rgba(255,255,255,.75);\n  margin: 4px 0 0 0;\n  font-weight: 300;\n}\n\n\/* \u2500\u2500\u2500 CARDS GRID \u2500\u2500\u2500 *\/\n.lk-stays-grid {\n  display: grid;\n  grid-template-columns: 1fr 1fr;\n  gap: 1px;\n  background: rgba(195, 159, 118, 0.12);\n}\n\n\/* \u2500\u2500\u2500 SINGLE CARD \u2500\u2500\u2500 *\/\n.lk-stay-card {\n  background: #ffffff;\n  padding: 26px;\n  display: flex;\n  flex-direction: column;\n  gap: 11px;\n  transition: all 0.3s ease;\n  text-decoration: none;\n  color: inherit;\n  position: relative;\n}\n.lk-stay-card:hover {\n  background: #fffbf5;\n  transform: translateY(-2px);\n  box-shadow: 0 8px 24px rgba(195, 159, 118, 0.18);\n  z-index: 1;\n}\n.lk-stay-card.featured {\n  background: linear-gradient(135deg, #fffdf9 0%, #fff9f0 100%);\n  box-shadow: 0 4px 16px rgba(195, 159, 118, 0.15), inset 0 1px 0 rgba(195, 159, 118, 0.1);\n}\n.lk-stay-card.featured:hover {\n  background: linear-gradient(135deg, #fffbf5 0%, #fff8ed 100%);\n  box-shadow: 0 8px 24px rgba(195, 159, 118, 0.25), inset 0 1px 0 rgba(195, 159, 118, 0.15);\n}\n\n.lk-stay-badge {\n  display: inline-flex;\n  align-items: center;\n  gap: 5px;\n  font-size: 10px;\n  font-weight: 500;\n  letter-spacing: 1.5px;\n  text-transform: uppercase;\n  padding: 5px 11px;\n  border-radius: 20px;\n  width: fit-content;\n}\n.badge-top     { background: linear-gradient(135deg, #c39f76 0%, #d4b188 100%); color: #fff; border: 1px solid #c39f76; font-weight: 600; box-shadow: 0 2px 8px rgba(195,159,118,0.3); }\n.badge-luxury  { background: rgba(195,159,118,.12); color: #c39f76; border: 1px solid rgba(195,159,118,.25); }\n.badge-boutique{ background: rgba(54,133,252,.08); color: #3685fc; border: 1px solid rgba(54,133,252,.2); }\n.badge-nature  { background: rgba(130,190,100,.1); color: #6b9c4a; border: 1px solid rgba(130,190,100,.2); }\n.badge-remote  { background: rgba(195,159,118,.12); color: #a67e50; border: 1px solid rgba(195,159,118,.25); }\n\n.lk-stay-name {\n  font-family: 'Playfair Display', Georgia, serif;\n  font-size: 18px;\n  font-weight: 700;\n  color: #111827;\n  line-height: 1.3;\n}\n.lk-stay-desc {\n  font-size: 13.5px;\n  color: #525252;\n  line-height: 1.65;\n  font-weight: 300;\n  flex: 1;\n}\n\n.lk-stay-meta {\n  display: flex;\n  align-items: center;\n  gap: 12px;\n  flex-wrap: wrap;\n  margin-top: 4px;\n}\n.lk-stay-price {\n  font-size: 13px;\n  color: #6b7280;\n}\n.lk-stay-price strong {\n  color: #c39f76;\n  font-weight: 500;\n}\n.lk-stay-stars {\n  color: #c39f76;\n  font-size: 11px;\n  letter-spacing: 1px;\n}\n\n\/* \u2500\u2500\u2500 CTA BUTTON \u2500\u2500\u2500 *\/\n.lk-stay-cta {\n  display: inline-flex;\n  align-items: center;\n  justify-content: center;\n  gap: 7px;\n  margin-top: 8px;\n  padding: 11px 20px;\n  border-radius: 8px;\n  background: linear-gradient(135deg, #3685fc 0%, #2a6fd9 100%);\n  color: #fff;\n  font-size: 13px;\n  font-weight: 500;\n  text-decoration: none;\n  letter-spacing: .3px;\n  transition: all .2s ease;\n  cursor: pointer;\n  border: none;\n  text-align: center;\n  box-shadow: 0 4px 12px rgba(54, 133, 252, 0.25);\n}\n.lk-stay-cta:hover {\n  background: linear-gradient(135deg, #2a6fd9 0%, #1e5bc4 100%);\n  transform: translateY(-1px);\n  box-shadow: 0 6px 16px rgba(54, 133, 252, 0.35);\n}\n.lk-stay-cta svg { flex-shrink: 0; }\n\n\/* \u2500\u2500\u2500 FOOTER \u2500\u2500\u2500 *\/\n.lk-stays-footer {\n  padding: 18px 36px;\n  background: linear-gradient(to bottom, #fdfaf5 0%, #f9f4ed 100%);\n  border-top: 1px solid rgba(195, 159, 118, 0.15);\n  display: flex;\n  align-items: center;\n  justify-content: space-between;\n  flex-wrap: wrap;\n  gap: 12px;\n}\n.lk-stays-footer-note {\n  font-size: 11.5px;\n  color: #6b7280;\n  font-weight: 300;\n  line-height: 1.5;\n}\n.lk-stays-footer-note a {\n  color: #c39f76;\n  text-decoration: none;\n  font-weight: 400;\n}\n.lk-stays-footer-note a:hover {\n  text-decoration: underline;\n}\n.lk-stays-all-btn {\n  display: inline-flex;\n  align-items: center;\n  gap: 6px;\n  font-size: 12.5px;\n  font-weight: 500;\n  color: #c39f76;\n  text-decoration: none;\n  border: 1px solid rgba(195, 159, 118, 0.35);\n  padding: 8px 18px;\n  border-radius: 8px;\n  transition: all .2s ease;\n}\n.lk-stays-all-btn:hover {\n  background: rgba(195, 159, 118, 0.08);\n  border-color: rgba(195, 159, 118, 0.5);\n}\n\n\/* \u2500\u2500\u2500 RESPONSIVE \u2500\u2500\u2500 *\/\n@media (max-width: 600px) {\n  .lk-stays-grid { grid-template-columns: 1fr; }\n  .lk-stays-header { padding: 24px 20px; }\n  .lk-stays-footer { padding: 16px 20px; }\n  .lk-stay-card { padding: 22px; }\n  .lk-stays-title { font-size: 20px; }\n}\n<\/style>\n\n  <!-- HEADER -->\n  <div class=\"lk-stays-header\">\n    <img decoding=\"async\" src=\"https:\/\/loudavymkrokem.cz\/wp-content\/uploads\/2026\/02\/lukas-a-lucka.jpg\" alt=\"\" style=\"width: 75px; height: 75px; border-radius: 8px; flex-shrink: 0; object-fit: cover; display: block; margin: 4px 0;\" title=\"\">\n    <div class=\"lk-stays-header-text\">\n      <div class=\"lk-stays-eyebrow\">Luk\u00e1\u0161 \u0219i Lucie recomand\u0103<\/div>\n      <div class=\"lk-stays-title\">Unde s\u0103 te cazezi \u00een Cartagena<\/div>\n      <div class=\"lk-stays-subtitle\">4 caz\u0103ri \u2014 hoteluri wellness, hoteluri \u0219i alte op\u021biuni de cazare<\/div>\n    <\/div>\n  <\/div>\n\n  <!-- CARDS -->\n  <div class=\"lk-stays-grid\">\n\n    <a class=\"lk-stay-card featured\" href=\"https:\/\/www.stay22.com\/allez\/roam?aid=lukaskonecny&#038;campaign=loudavymkrokemcz&#038;campaign=ro&#038;campaign=covidetvcartagene&#038;address=Cartagena&#038;hotelname=Hotel+Casa+San+Agustin&#038;search=Hotel+Casa+San+Agustin&#038;category=accommodation\" target=\"_blank\" rel=\"nofollow noopener\">\n      <span class=\"lk-stay-badge badge-top\">\u2b50 TOP ALEGERE<\/span>\n      <span class=\"lk-stay-badge badge-nature\">\u2b50 Luxury<\/span>\n      <div class=\"lk-stay-name\">Hotel Casa San Agustin<\/div>\n      <div class=\"lk-stay-desc\">Hotel boutique de lux \u00een inima ora\u0219ului vechi, cu o curte interioar\u0103 lini\u0219tit\u0103 \u0219i o piscin\u0103 integrat\u0103 \u00een zidurile antice.<\/div>\n      <div class=\"lk-stay-meta\">\n        <span class=\"lk-stay-stars\">\u2605\u2605\u2605\u2605<\/span>\n        <span class=\"lk-stay-price\">Verifica\u021bi pre\u021burile<\/span>\n      <\/div>\n      <span class=\"lk-stay-cta\">\n        <svg width=\"14\" height=\"14\" viewBox=\"0 0 24 24\" fill=\"none\" stroke=\"currentColor\" stroke-width=\"2\"><path d=\"M18 13v6a2 2 0 0 1-2 2H5a2 2 0 0 1-2-2V8a2 2 0 0 1 2-2h6\"\/><polyline points=\"15 3 21 3 21 9\"\/><line x1=\"10\" y1=\"14\" x2=\"21\" y2=\"3\"\/><\/svg>\n        Verific\u0103 disponibilitatea\n      <\/span>\n    <\/a>\n\n    <a class=\"lk-stay-card\" href=\"https:\/\/www.stay22.com\/allez\/roam?aid=lukaskonecny&#038;campaign=loudavymkrokemcz&#038;campaign=ro&#038;campaign=covidetvcartagene&#038;address=Cartagena&#038;hotelname=GHL+San+Lazaro+Art+Hotel&#038;search=GHL+San+Lazaro+Art+Hotel&#038;category=accommodation\" target=\"_blank\" rel=\"nofollow noopener\">\n      <span class=\"lk-stay-badge badge-nature\">\ud83c\udfe8 Hotel<\/span>\n      <div class=\"lk-stay-name\">GHL San Lazaro Art Hotel<\/div>\n      <div class=\"lk-stay-desc\">Hotel modern cu vederi panoramice uluitoare direct spre castelul San Felipe.<\/div>\n      <div class=\"lk-stay-meta\">\n        <span class=\"lk-stay-stars\">\u2605\u2605\u2605\u2605<\/span>\n        <span class=\"lk-stay-price\">Verifica\u021bi pre\u021burile<\/span>\n      <\/div>\n      <span class=\"lk-stay-cta\">\n        <svg width=\"14\" height=\"14\" viewBox=\"0 0 24 24\" fill=\"none\" stroke=\"currentColor\" stroke-width=\"2\"><path d=\"M18 13v6a2 2 0 0 1-2 2H5a2 2 0 0 1-2-2V8a2 2 0 0 1 2-2h6\"\/><polyline points=\"15 3 21 3 21 9\"\/><line x1=\"10\" y1=\"14\" x2=\"21\" y2=\"3\"\/><\/svg>\n        Verific\u0103 disponibilitatea\n      <\/span>\n    <\/a>\n\n    <a class=\"lk-stay-card\" href=\"https:\/\/www.stay22.com\/allez\/roam?aid=lukaskonecny&#038;campaign=loudavymkrokemcz&#038;campaign=ro&#038;campaign=covidetvcartagene&#038;address=Cartagena&#038;hotelname=Sofitel+Legend+Santa+Clara&#038;search=Sofitel+Legend+Santa+Clara&#038;category=accommodation\" target=\"_blank\" rel=\"nofollow noopener\">\n      <span class=\"lk-stay-badge badge-nature\">\u2b50 Luxury<\/span>\n      <div class=\"lk-stay-name\">Sofitel Legend Santa Clara<\/div>\n      <div class=\"lk-stay-desc\">O adev\u0103rat\u0103 legend\u0103 \u00eentr-o fost\u0103 m\u0103n\u0103stire atent restaurat\u0103, cu servicii de prim\u0103 clas\u0103 \u0219i stil colonial.<\/div>\n      <div class=\"lk-stay-meta\">\n        <span class=\"lk-stay-stars\">\u2605\u2605\u2605\u2605<\/span>\n        <span class=\"lk-stay-price\">Verifica\u021bi pre\u021burile<\/span>\n      <\/div>\n      <span class=\"lk-stay-cta\">\n        <svg width=\"14\" height=\"14\" viewBox=\"0 0 24 24\" fill=\"none\" stroke=\"currentColor\" stroke-width=\"2\"><path d=\"M18 13v6a2 2 0 0 1-2 2H5a2 2 0 0 1-2-2V8a2 2 0 0 1 2-2h6\"\/><polyline points=\"15 3 21 3 21 9\"\/><line x1=\"10\" y1=\"14\" x2=\"21\" y2=\"3\"\/><\/svg>\n        Verific\u0103 disponibilitatea\n      <\/span>\n    <\/a>\n\n    <a class=\"lk-stay-card\" href=\"https:\/\/www.stay22.com\/allez\/roam?aid=lukaskonecny&#038;campaign=loudavymkrokemcz&#038;campaign=ro&#038;campaign=covidetvcartagene&#038;address=cartagena\" target=\"_blank\" rel=\"nofollow noopener\">\n      <span class=\"lk-stay-badge badge-nature\">\ud83d\udd0d Caut\u0103<\/span>\n      <div class=\"lk-stay-name\">Vede\u021bi toate caz\u0103rile din Cartagena<\/div>\n      <div class=\"lk-stay-desc\">Explora\u021bi toate op\u021biunile de cazare disponibile \u00een Cartagena \u0219i g\u0103si\u021bi cea mai bun\u0103 potrivire pentru preferin\u021bele \u0219i bugetul dumneavoastr\u0103.<\/div>\n      <div class=\"lk-stay-meta\">\n        <span class=\"lk-stay-stars\">\u2605\u2605\u2605\u2605<\/span>\n        <span class=\"lk-stay-price\">Compara\u021bi pre\u021burile<\/span>\n      <\/div>\n      <span class=\"lk-stay-cta\">\n        <svg width=\"14\" height=\"14\" viewBox=\"0 0 24 24\" fill=\"none\" stroke=\"currentColor\" stroke-width=\"2\"><path d=\"M18 13v6a2 2 0 0 1-2 2H5a2 2 0 0 1-2-2V8a2 2 0 0 1 2-2h6\"\/><polyline points=\"15 3 21 3 21 9\"\/><line x1=\"10\" y1=\"14\" x2=\"21\" y2=\"3\"\/><\/svg>\n        Verific\u0103 disponibilitatea\n      <\/span>\n    <\/a>\n\n  <\/div>\n\n  \n<\/div>\n\n\n\n\n<h3 class=\"wp-block-heading\"><span class=\"ez-toc-section\" id=\"13_Baruri_pe_acoperis_si_privelisti_de_lux\"><\/span>13. Baruri pe acoperi\u0219 \u0219i priveli\u0219ti de lux<span class=\"ez-toc-section-end\"><\/span><\/h3>\n\n\n\n<p class=\"wp-block-paragraph\">Cartagena este renumit\u0103 \u00een toat\u0103 lumea pentru cultura sa dezvoltat\u0103 a barurilor rooftop, din care priveli\u0219tea asupra ora\u0219ului nocturn iluminat este absolut de vis. <strong>Cea mai bine cotat\u0103 belvedere din interiorul vechilor ziduri este Mirador Gastro Bar (rating excelent de 4,6)<\/strong>, unde te po\u021bi bucura de cocktailuri de autor excelente cu o vedere direct\u0103 \u0219i ne\u00eentrerupt\u0103 spre turnul Torre del Reloj \u0219i spre agita\u021bia necontenit\u0103 a pie\u021bei de dedesubt.<\/p>\n\n\n\n<p class=\"wp-block-paragraph\">Dac\u0103 preferi mai degrab\u0103 atmosfera relaxat\u0103 \u0219i boem\u0103 a cartierului Getseman\u00ed, <strong>\u00eendreapt\u0103-te neap\u0103rat c\u0103tre localul Baroca Sabor Ancestral (rating 4,8) sau spre stylish-ul Casa Pura Rooftop (rating 4,6)<\/strong>. Aici se amestec\u0103 absolut natural ritmurile caraibiene fierbin\u021bi cu mixologia modern\u0103, iar apusurile de sear\u0103 sunt de-a dreptul de neuitat.<\/p>\n\n\n\n<p class=\"wp-block-paragraph\">Pentru adev\u0103ra\u021bii iubitori ai \u00een\u0103l\u021bimilor extreme exist\u0103 apoi <strong>exclusivistul 51 Sky Bar din modernul cartier Bocagrande (rating 4,2), care este, f\u0103r\u0103 \u00eendoial\u0103, cel mai \u00eenalt bar din tot ora\u0219ul<\/strong>. Priveli\u0219tea de la etajul 51 asupra ora\u0219ului vechi str\u0103lucitor \u0219i a oceanului \u00eentunecat \u0219i nesf\u00e2r\u0219it este incredibil\u0103, dar \u021bine cont c\u0103 pre\u021burile b\u0103uturilor de aici corespund pe deplin luxului \u0219i exclusivit\u0103\u021bii acestei loca\u021bii.<\/p>\n\n\n\n<figure data-wp-context=\"{&quot;imageId&quot;:&quot;6a9c348a04089&quot;}\" data-wp-interactive=\"core\/image\" data-wp-key=\"6a9c348a04089\" class=\"wp-block-image size-full wp-lightbox-container\"><img decoding=\"async\" width=\"1600\" height=\"1200\" data-wp-class--hide=\"state.isContentHidden\" data-wp-class--show=\"state.isContentVisible\" data-wp-init=\"callbacks.setButtonStyles\" data-wp-on--click=\"actions.showLightbox\" data-wp-on--load=\"callbacks.setButtonStyles\" data-wp-on--pointerdown=\"actions.preloadImage\" data-wp-on--pointerenter=\"actions.preloadImageWithDelay\" data-wp-on--pointerleave=\"actions.cancelPreload\" data-wp-on-window--resize=\"callbacks.setButtonStyles\" src=\"https:\/\/loudavymkrokem.cz\/wp-content\/uploads\/2026\/09\/insert-415557-14.jpg\" alt=\"Apus de soare pe ziduri, la Caf\u00e9 del Mar\" class=\"wp-image-415915\" title=\"\" srcset=\"https:\/\/loudavymkrokem.cz\/wp-content\/uploads\/2026\/09\/insert-415557-14.jpg 1600w, https:\/\/loudavymkrokem.cz\/wp-content\/uploads\/2026\/09\/insert-415557-14-300x225.jpg 300w, https:\/\/loudavymkrokem.cz\/wp-content\/uploads\/2026\/09\/insert-415557-14-700x525.jpg 700w, https:\/\/loudavymkrokem.cz\/wp-content\/uploads\/2026\/09\/insert-415557-14-768x576.jpg 768w, https:\/\/loudavymkrokem.cz\/wp-content\/uploads\/2026\/09\/insert-415557-14-1536x1152.jpg 1536w, https:\/\/loudavymkrokem.cz\/wp-content\/uploads\/2026\/09\/insert-415557-14-80x60.jpg 80w, https:\/\/loudavymkrokem.cz\/wp-content\/uploads\/2026\/09\/insert-415557-14-160x120.jpg 160w, https:\/\/loudavymkrokem.cz\/wp-content\/uploads\/2026\/09\/insert-415557-14-696x522.jpg 696w, https:\/\/loudavymkrokem.cz\/wp-content\/uploads\/2026\/09\/insert-415557-14-1392x1044.jpg 1392w\" sizes=\"(max-width: 1600px) 100vw, 1600px\" \/><button\n\t\t\tclass=\"lightbox-trigger\"\n\t\t\ttype=\"button\"\n\t\t\taria-haspopup=\"dialog\"\n\t\t\tdata-wp-bind--aria-label=\"state.thisImage.triggerButtonAriaLabel\"\n\t\t\tdata-wp-init=\"callbacks.initTriggerButton\"\n\t\t\tdata-wp-on--click=\"actions.showLightbox\"\n\t\t\tdata-wp-style--right=\"state.thisImage.buttonRight\"\n\t\t\tdata-wp-style--top=\"state.thisImage.buttonTop\"\n\t\t>\n\t\t\t<svg xmlns=\"http:\/\/www.w3.org\/2000\/svg\" width=\"12\" height=\"12\" fill=\"none\" viewBox=\"0 0 12 12\">\n\t\t\t\t<path fill=\"#fff\" d=\"M2 0a2 2 0 0 0-2 2v2h1.5V2a.5.5 0 0 1 .5-.5h2V0H2Zm2 10.5H2a.5.5 0 0 1-.5-.5V8H0v2a2 2 0 0 0 2 2h2v-1.5ZM8 12v-1.5h2a.5.5 0 0 0 .5-.5V8H12v2a2 2 0 0 1-2 2H8Zm2-12a2 2 0 0 1 2 2v2h-1.5V2a.5.5 0 0 0-.5-.5H8V0h2Z\" \/>\n\t\t\t<\/svg>\n\t\t<\/button><figcaption class=\"wp-element-caption\">Foto: Teresa Alice Rossell Malinsky \/ Google Maps<\/figcaption><\/figure>\n\n\n\n<h3 class=\"wp-block-heading\"><span class=\"ez-toc-section\" id=\"14_Apus_de_soare_pe_ziduri_Cafe_del_Mar\"><\/span>14. Apus de soare pe ziduri (Caf\u00e9 del Mar)<span class=\"ez-toc-section-end\"><\/span><\/h3>\n\n\n\n<p class=\"wp-block-paragraph\">Nu exist\u0103 poate ritual mai cunoscut \u0219i mai iconic \u00een toat\u0103 Cartagena dec\u00e2t <strong>urm\u0103rirea apusului de sear\u0103 chiar de pe zidurile istorice masive<\/strong>. Punctul central tradi\u021bional al acestui eveniment zilnic este faimosul local Caf\u00e9 del Mar, care ocup\u0103 un col\u021b uria\u0219 \u0219i strategic al fortifica\u021biilor, cu cea mai bun\u0103 priveli\u0219te posibil\u0103 asupra oceanului deschis \u0219i asupra discului solar care apune.<\/p>\n\n\n\n<p class=\"wp-block-paragraph\">Trebuie \u00eens\u0103 s\u0103 spunem adev\u0103rul pe \u0219leau, <strong>b\u0103uturile \u0219i m\u00e2ncarea din acest local sunt puternic supraevaluate<\/strong>, iar adesea se stau aici cozi cu adev\u0103rat lungi la mas\u0103 liber\u0103 cu o or\u0103 \u00eenainte de apus. Priveli\u0219tea \u00een sine, din fericire, nu este supraevaluat\u0103 \u0219i se poate bucura oricine de ea. \ud83d\udca1 <strong>Sfat:<\/strong> Nu trebuie deloc s\u0103 pl\u0103te\u0219ti pentru o mas\u0103 scump\u0103 \u00een restaurant. E suficient s\u0103 te a\u0219ezi comod pe zidul lat de piatr\u0103 al fortifica\u021biilor chiar l\u00e2ng\u0103 cafenea, <strong>s\u0103-\u021bi cumperi o bere rece ca ghea\u021ba de la un v\u00e2nz\u0103tor ambulant la o frac\u021biune din pre\u021b<\/strong> \u0219i s\u0103 te bucuri de o experien\u021b\u0103 absolut identic\u0103, dac\u0103 nu mai bun\u0103 \u0219i mai autentic\u0103, \u00eempreun\u0103 cu localnicii.<\/p>\n\n\n\n<p class=\"wp-block-paragraph\">Fie c\u0103 alegi o mas\u0103 comod\u0103 \u00een local, fie zidul romantic, <strong>fii la fa\u021ba locului mereu cu cel pu\u021bin o or\u0103 \u00eenainte de apus<\/strong>, pentru c\u0103 zonele cu cea mai bun\u0103 priveli\u0219te se umplu cu o vitez\u0103 incredibil\u0103.<\/p>\n\n\n\n<figure data-wp-context=\"{&quot;imageId&quot;:&quot;6a9c348a047b3&quot;}\" data-wp-interactive=\"core\/image\" data-wp-key=\"6a9c348a047b3\" class=\"wp-block-image size-full wp-lightbox-container\"><img decoding=\"async\" width=\"1600\" height=\"1200\" data-wp-class--hide=\"state.isContentHidden\" data-wp-class--show=\"state.isContentVisible\" data-wp-init=\"callbacks.setButtonStyles\" data-wp-on--click=\"actions.showLightbox\" data-wp-on--load=\"callbacks.setButtonStyles\" data-wp-on--pointerdown=\"actions.preloadImage\" data-wp-on--pointerenter=\"actions.preloadImageWithDelay\" data-wp-on--pointerleave=\"actions.cancelPreload\" data-wp-on-window--resize=\"callbacks.setButtonStyles\" src=\"https:\/\/loudavymkrokem.cz\/wp-content\/uploads\/2026\/09\/pl-e-bocagrande.jpg\" alt=\"Plajele Bocagrande \u0219i Castillogrande (o recenzie sincer\u0103)\" class=\"wp-image-415723\" title=\"\" srcset=\"https:\/\/loudavymkrokem.cz\/wp-content\/uploads\/2026\/09\/pl-e-bocagrande.jpg 1600w, https:\/\/loudavymkrokem.cz\/wp-content\/uploads\/2026\/09\/pl-e-bocagrande-300x225.jpg 300w, https:\/\/loudavymkrokem.cz\/wp-content\/uploads\/2026\/09\/pl-e-bocagrande-700x525.jpg 700w, https:\/\/loudavymkrokem.cz\/wp-content\/uploads\/2026\/09\/pl-e-bocagrande-768x576.jpg 768w, https:\/\/loudavymkrokem.cz\/wp-content\/uploads\/2026\/09\/pl-e-bocagrande-1536x1152.jpg 1536w, https:\/\/loudavymkrokem.cz\/wp-content\/uploads\/2026\/09\/pl-e-bocagrande-80x60.jpg 80w, https:\/\/loudavymkrokem.cz\/wp-content\/uploads\/2026\/09\/pl-e-bocagrande-160x120.jpg 160w, https:\/\/loudavymkrokem.cz\/wp-content\/uploads\/2026\/09\/pl-e-bocagrande-696x522.jpg 696w, https:\/\/loudavymkrokem.cz\/wp-content\/uploads\/2026\/09\/pl-e-bocagrande-1392x1044.jpg 1392w\" sizes=\"(max-width: 1600px) 100vw, 1600px\" \/><button\n\t\t\tclass=\"lightbox-trigger\"\n\t\t\ttype=\"button\"\n\t\t\taria-haspopup=\"dialog\"\n\t\t\tdata-wp-bind--aria-label=\"state.thisImage.triggerButtonAriaLabel\"\n\t\t\tdata-wp-init=\"callbacks.initTriggerButton\"\n\t\t\tdata-wp-on--click=\"actions.showLightbox\"\n\t\t\tdata-wp-style--right=\"state.thisImage.buttonRight\"\n\t\t\tdata-wp-style--top=\"state.thisImage.buttonTop\"\n\t\t>\n\t\t\t<svg xmlns=\"http:\/\/www.w3.org\/2000\/svg\" width=\"12\" height=\"12\" fill=\"none\" viewBox=\"0 0 12 12\">\n\t\t\t\t<path fill=\"#fff\" d=\"M2 0a2 2 0 0 0-2 2v2h1.5V2a.5.5 0 0 1 .5-.5h2V0H2Zm2 10.5H2a.5.5 0 0 1-.5-.5V8H0v2a2 2 0 0 0 2 2h2v-1.5ZM8 12v-1.5h2a.5.5 0 0 0 .5-.5V8H12v2a2 2 0 0 1-2 2H8Zm2-12a2 2 0 0 1 2 2v2h-1.5V2a.5.5 0 0 0-.5-.5H8V0h2Z\" \/>\n\t\t\t<\/svg>\n\t\t<\/button><figcaption class=\"wp-element-caption\">Foto: Isabel Cristina V\u00e1squez Mej\u00eda \/ Google Maps<\/figcaption><\/figure>\n\n\n\n<h3 class=\"wp-block-heading\"><span class=\"ez-toc-section\" id=\"15_Plajele_Bocagrande_si_Castillogrande_o_recenzie_sincera\"><\/span>15. Plajele Bocagrande \u0219i Castillogrande (o recenzie sincer\u0103)<span class=\"ez-toc-section-end\"><\/span><\/h3>\n\n\n\n<p class=\"wp-block-paragraph\">Despre plajele aflate chiar \u00een ora\u0219 se scriu adesea \u00een ghiduri ni\u0219te prostii romantice destul de nerealiste, a\u0219a c\u0103 iat\u0103 adev\u0103rul curat \u0219i nedeformat. <strong>Plaja urban\u0103 Playa de Bocagrande are pe internet un rating de 4,3, dar apa de aici este de obicei tulbure \u0219i maronie<\/strong>. Este un loc extrem de practic dac\u0103 vrei doar s\u0103 te r\u0103core\u0219ti rapid la o mic\u0103 distan\u021b\u0103 de hotelul t\u0103u \u00eenalt, dar vizual nu este \u00een niciun caz vreun rai caraibian, iar plaja este, \u00een plus, asaltat\u0103 constant de zeci de v\u00e2nz\u0103tori de masaje \u0219i umbrele scumpe.<\/p>\n\n\n\n<p class=\"wp-block-paragraph\">O situa\u021bie vizibil mai bun\u0103 \u0219i mai suportabil\u0103 domne\u0219te ceva mai \u00eencolo, pe <strong>Playa Castillogrande (rating 4,5)<\/strong>. Aceast\u0103 parte specific\u0103 a peninsulei este mult mai lini\u0219tit\u0103, aici vin s\u0103-\u0219i petreac\u0103 timpul preponderent familiile locale, iar apa e ceva mai curat\u0103 \u0219i mai calm\u0103, de\u0219i tot nu te a\u0219tepta la acea culoare turcoaz adev\u0103rat\u0103. Este \u00eens\u0103 un loc ideal pentru o plimbare lini\u0219tit\u0103 de diminea\u021b\u0103 de-a lungul m\u0103rii.<\/p>\n\n\n\n<p class=\"wp-block-paragraph\">Dac\u0103 vrei s\u0103-\u021bi petreci pe o plaj\u0103 frumoas\u0103 toat\u0103 ziua cu o carte \u00een m\u00e2n\u0103, <strong>chiar \u00een ora\u0219 nu merit\u0103 cu adev\u0103rat<\/strong>. Pe plajele caraibiene adev\u0103rate din cataloage trebuie s\u0103 te aventurezi ceva mai departe de ora\u0219, fie cu vaporul spre insulele de corali, fie cu ma\u0219ina spre popularul peninsul\u0103 Bar\u00fa.<\/p>\n\n\n\n<figure data-wp-context=\"{&quot;imageId&quot;:&quot;6a9c348a04e75&quot;}\" data-wp-interactive=\"core\/image\" data-wp-key=\"6a9c348a04e75\" class=\"wp-block-image size-full wp-lightbox-container\"><img decoding=\"async\" width=\"1600\" height=\"1200\" data-wp-class--hide=\"state.isContentHidden\" data-wp-class--show=\"state.isContentVisible\" data-wp-init=\"callbacks.setButtonStyles\" data-wp-on--click=\"actions.showLightbox\" data-wp-on--load=\"callbacks.setButtonStyles\" data-wp-on--pointerdown=\"actions.preloadImage\" data-wp-on--pointerenter=\"actions.preloadImageWithDelay\" data-wp-on--pointerleave=\"actions.cancelPreload\" data-wp-on-window--resize=\"callbacks.setButtonStyles\" src=\"https:\/\/loudavymkrokem.cz\/wp-content\/uploads\/2026\/09\/islas-del-rosario.jpg\" alt=\"Islas del Rosario \u0219i capcana de bani\" class=\"wp-image-415726\" title=\"\" srcset=\"https:\/\/loudavymkrokem.cz\/wp-content\/uploads\/2026\/09\/islas-del-rosario.jpg 1600w, https:\/\/loudavymkrokem.cz\/wp-content\/uploads\/2026\/09\/islas-del-rosario-300x225.jpg 300w, https:\/\/loudavymkrokem.cz\/wp-content\/uploads\/2026\/09\/islas-del-rosario-700x525.jpg 700w, https:\/\/loudavymkrokem.cz\/wp-content\/uploads\/2026\/09\/islas-del-rosario-768x576.jpg 768w, https:\/\/loudavymkrokem.cz\/wp-content\/uploads\/2026\/09\/islas-del-rosario-1536x1152.jpg 1536w, https:\/\/loudavymkrokem.cz\/wp-content\/uploads\/2026\/09\/islas-del-rosario-80x60.jpg 80w, https:\/\/loudavymkrokem.cz\/wp-content\/uploads\/2026\/09\/islas-del-rosario-160x120.jpg 160w, https:\/\/loudavymkrokem.cz\/wp-content\/uploads\/2026\/09\/islas-del-rosario-696x522.jpg 696w, https:\/\/loudavymkrokem.cz\/wp-content\/uploads\/2026\/09\/islas-del-rosario-1392x1044.jpg 1392w\" sizes=\"(max-width: 1600px) 100vw, 1600px\" \/><button\n\t\t\tclass=\"lightbox-trigger\"\n\t\t\ttype=\"button\"\n\t\t\taria-haspopup=\"dialog\"\n\t\t\tdata-wp-bind--aria-label=\"state.thisImage.triggerButtonAriaLabel\"\n\t\t\tdata-wp-init=\"callbacks.initTriggerButton\"\n\t\t\tdata-wp-on--click=\"actions.showLightbox\"\n\t\t\tdata-wp-style--right=\"state.thisImage.buttonRight\"\n\t\t\tdata-wp-style--top=\"state.thisImage.buttonTop\"\n\t\t>\n\t\t\t<svg xmlns=\"http:\/\/www.w3.org\/2000\/svg\" width=\"12\" height=\"12\" fill=\"none\" viewBox=\"0 0 12 12\">\n\t\t\t\t<path fill=\"#fff\" d=\"M2 0a2 2 0 0 0-2 2v2h1.5V2a.5.5 0 0 1 .5-.5h2V0H2Zm2 10.5H2a.5.5 0 0 1-.5-.5V8H0v2a2 2 0 0 0 2 2h2v-1.5ZM8 12v-1.5h2a.5.5 0 0 0 .5-.5V8H12v2a2 2 0 0 1-2 2H8Zm2-12a2 2 0 0 1 2 2v2h-1.5V2a.5.5 0 0 0-.5-.5H8V0h2Z\" \/>\n\t\t\t<\/svg>\n\t\t<\/button><figcaption class=\"wp-element-caption\">Foto: Frankoys23 \/ Google Maps<\/figcaption><\/figure>\n\n\n\n<h3 class=\"wp-block-heading\"><span class=\"ez-toc-section\" id=\"16_Islas_del_Rosario_si_capcana_de_bani\"><\/span>16. Islas del Rosario \u0219i capcana de bani<span class=\"ez-toc-section-end\"><\/span><\/h3>\n\n\n\n<p class=\"wp-block-paragraph\">Superbul arhipelag Islas del Rosario se afl\u0103 \u00eentr-un <a href=\"https:\/\/www.parquesnacionales.gov.co\/\" rel=\"nofollow noopener\" target=\"_blank\">parc na\u021bional protejat<\/a> la mai pu\u021bin de o or\u0103 de mers cu barca rapid\u0103 de Cartagena \u0219i este, \u00een sf\u00e2r\u0219it, adev\u0103ratul vis caraibian cu recife de corali \u0219i nisip alb. strong>Exist\u0103 \u00eens\u0103 o capcan\u0103 turistic\u0103 uria\u0219\u0103, de care se love\u0219te majoritatea turi\u0219tilor nepreg\u0103ti\u021bi (taxe ascunse nea\u0219teptate)<\/strong>. Oric\u00e2t ai pl\u0103ti \u00een ora\u0219 pe o excursie, aproape niciodat\u0103 nu sunt incluse \u00een ea taxele portuare obligatorii.<\/p>\n\n\n\n<p class=\"wp-block-paragraph\"><strong>Intrarea \u00een parcul na\u021bional \u00een sine te va costa aproximativ 25.000-31.500 COP de persoan\u0103, la care se pl\u0103te\u0219te \u00eenc\u0103 o asigurare maritim\u0103 obligatorie de circa 8.800 COP<\/strong>. La un loc sunt aproximativ 40.000 COP, pe care <strong>trebuie s\u0103-i pl\u0103te\u0219ti exclusiv cash chiar la debarcader<\/strong> \u00eenainte de a urca \u00een barc\u0103. Dac\u0103 nu ai la tine bancnote, pe barc\u0103 pur \u0219i simplu nu te las\u0103, iar excursia cade. \ud83d\udca1 <strong>Sfat:<\/strong> Scoate bani din bancomate (de \u00eencredere sunt Bancolombia sau Davivienda) \u00eenc\u0103 de cu o zi \u00eenainte, \u00een tihn\u0103, pentru c\u0103 diminea\u021ba, l\u00e2ng\u0103 port, bancomatele sunt adesea complet goale.<\/p>\n\n\n\n<p class=\"wp-block-paragraph\">Insulele \u00een sine sunt minunate \u0219i absolut ideale pentru <strong>snorkeling pe toat\u0103 ziua<\/strong>. \u00ce\u021bi po\u021bi strica \u00eens\u0103 mult \u00eentreaga experien\u021b\u0103 dac\u0103 te cer\u021bi diminea\u021ba, l\u00e2ng\u0103 portul zgomotos, <strong>din cauza taxelor<\/strong>, despre care agen\u021bia nu \u021bi-a spus nimic dinainte.<\/p>\n\n\n\n<figure data-wp-context=\"{&quot;imageId&quot;:&quot;6a9c348a0556d&quot;}\" data-wp-interactive=\"core\/image\" data-wp-key=\"6a9c348a0556d\" class=\"wp-block-image size-full wp-lightbox-container\"><img decoding=\"async\" width=\"1600\" height=\"1200\" data-wp-class--hide=\"state.isContentHidden\" data-wp-class--show=\"state.isContentVisible\" data-wp-init=\"callbacks.setButtonStyles\" data-wp-on--click=\"actions.showLightbox\" data-wp-on--load=\"callbacks.setButtonStyles\" data-wp-on--pointerdown=\"actions.preloadImage\" data-wp-on--pointerenter=\"actions.preloadImageWithDelay\" data-wp-on--pointerleave=\"actions.cancelPreload\" data-wp-on-window--resize=\"callbacks.setButtonStyles\" src=\"https:\/\/loudavymkrokem.cz\/wp-content\/uploads\/2026\/09\/ostrovn-beach-cluby.jpg\" alt=\"Beach cluburi pe insule (\u00een locul plajelor publice)\" class=\"wp-image-415727\" title=\"\" srcset=\"https:\/\/loudavymkrokem.cz\/wp-content\/uploads\/2026\/09\/ostrovn-beach-cluby.jpg 1600w, https:\/\/loudavymkrokem.cz\/wp-content\/uploads\/2026\/09\/ostrovn-beach-cluby-300x225.jpg 300w, https:\/\/loudavymkrokem.cz\/wp-content\/uploads\/2026\/09\/ostrovn-beach-cluby-700x525.jpg 700w, https:\/\/loudavymkrokem.cz\/wp-content\/uploads\/2026\/09\/ostrovn-beach-cluby-768x576.jpg 768w, https:\/\/loudavymkrokem.cz\/wp-content\/uploads\/2026\/09\/ostrovn-beach-cluby-1536x1152.jpg 1536w, https:\/\/loudavymkrokem.cz\/wp-content\/uploads\/2026\/09\/ostrovn-beach-cluby-80x60.jpg 80w, https:\/\/loudavymkrokem.cz\/wp-content\/uploads\/2026\/09\/ostrovn-beach-cluby-160x120.jpg 160w, https:\/\/loudavymkrokem.cz\/wp-content\/uploads\/2026\/09\/ostrovn-beach-cluby-696x522.jpg 696w, https:\/\/loudavymkrokem.cz\/wp-content\/uploads\/2026\/09\/ostrovn-beach-cluby-1392x1044.jpg 1392w\" sizes=\"(max-width: 1600px) 100vw, 1600px\" \/><button\n\t\t\tclass=\"lightbox-trigger\"\n\t\t\ttype=\"button\"\n\t\t\taria-haspopup=\"dialog\"\n\t\t\tdata-wp-bind--aria-label=\"state.thisImage.triggerButtonAriaLabel\"\n\t\t\tdata-wp-init=\"callbacks.initTriggerButton\"\n\t\t\tdata-wp-on--click=\"actions.showLightbox\"\n\t\t\tdata-wp-style--right=\"state.thisImage.buttonRight\"\n\t\t\tdata-wp-style--top=\"state.thisImage.buttonTop\"\n\t\t>\n\t\t\t<svg xmlns=\"http:\/\/www.w3.org\/2000\/svg\" width=\"12\" height=\"12\" fill=\"none\" viewBox=\"0 0 12 12\">\n\t\t\t\t<path fill=\"#fff\" d=\"M2 0a2 2 0 0 0-2 2v2h1.5V2a.5.5 0 0 1 .5-.5h2V0H2Zm2 10.5H2a.5.5 0 0 1-.5-.5V8H0v2a2 2 0 0 0 2 2h2v-1.5ZM8 12v-1.5h2a.5.5 0 0 0 .5-.5V8H12v2a2 2 0 0 1-2 2H8Zm2-12a2 2 0 0 1 2 2v2h-1.5V2a.5.5 0 0 0-.5-.5H8V0h2Z\" \/>\n\t\t\t<\/svg>\n\t\t<\/button><figcaption class=\"wp-element-caption\">Foto: IBBIZA ISLAND BEACH CLUB \/ Google Maps<\/figcaption><\/figure>\n\n\n\n<h3 class=\"wp-block-heading\"><span class=\"ez-toc-section\" id=\"17_Beach_cluburi_pe_insule_in_locul_plajelor_publice\"><\/span>17. Beach cluburi pe insule (\u00een locul plajelor publice)<span class=\"ez-toc-section-end\"><\/span><\/h3>\n\n\n\n<p class=\"wp-block-paragraph\">\u00cen loc s\u0103 mergi pe plajele publice de pe insule, obi\u0219nuite \u0219i adesea extrem de aglomerate, <strong>\u00ee\u021bi recomand c\u0103lduros s\u0103-\u021bi rezervi un a\u0219a-numit day pass la unul dintre numeroasele beach cluburi private<\/strong>. Este mai scump, dar vei avea propriul \u0219ezlong, ap\u0103 curat\u0103 \u0219i, mai ales, lini\u0219te fa\u021b\u0103 de v\u00e2nz\u0103torii care altfel te bat la cap la fiecare dou\u0103 minute s\u0103 cumperi suveniruri.<\/p>\n\n\n\n<p class=\"wp-block-paragraph\">O alegere absolut excelent\u0103 este <strong>Capri Beach Club (rating fantastic de 4,9) de pe insula Isla Grande<\/strong>, unde g\u0103se\u0219ti lini\u0219te des\u0103v\u00e2r\u0219it\u0103, servicii excelente \u0219i ap\u0103 turcoaz cristalin\u0103. Dac\u0103 e\u0219ti \u00een c\u0103utarea unei atmosfere mai degrab\u0103 moderne \u0219i stylish de petrecere, cu gastronomie excelent\u0103 \u0219i b\u0103uturi grozave, mergi neap\u0103rat la <strong>Blue Apple Beach (rating 4,7) de pe insula mai apropiat\u0103 Isla Tierra Bomba<\/strong>.<\/p>\n\n\n\n<p class=\"wp-block-paragraph\">Dac\u0103 chiar nu-\u021bi vine s\u0103 c\u0103l\u0103tore\u0219ti departe cu barca, dar totu\u0219i vrei s\u0103 te bucuri de confort maxim la plaj\u0103 \u0219i de b\u0103uturi la ap\u0103, chiar \u00een ora\u0219, \u00een lini\u0219titul cartier Manga, func\u021bioneaz\u0103 <strong>clubul urban Bendita Beach (rating 4,7) cu o piscin\u0103 frumoas\u0103<\/strong>, unde te vor r\u0103sf\u0103\u021ba toat\u0103 ziua ca-n puf.<\/p>\n\n\n\n<figure data-wp-context=\"{&quot;imageId&quot;:&quot;6a9c348a05b0d&quot;}\" data-wp-interactive=\"core\/image\" data-wp-key=\"6a9c348a05b0d\" class=\"wp-block-image size-full wp-lightbox-container\"><img decoding=\"async\" width=\"1200\" height=\"675\" data-wp-class--hide=\"state.isContentHidden\" data-wp-class--show=\"state.isContentVisible\" data-wp-init=\"callbacks.setButtonStyles\" data-wp-on--click=\"actions.showLightbox\" data-wp-on--load=\"callbacks.setButtonStyles\" data-wp-on--pointerdown=\"actions.preloadImage\" data-wp-on--pointerenter=\"actions.preloadImageWithDelay\" data-wp-on--pointerleave=\"actions.cancelPreload\" data-wp-on-window--resize=\"callbacks.setButtonStyles\" src=\"https:\/\/loudavymkrokem.cz\/wp-content\/uploads\/2026\/09\/swap-415557-18-1bdf9f8e.png\" alt=\"Mangrove l\u00e2ng\u0103 satul de pescari La Boquilla\" class=\"wp-image-415927\" title=\"\" srcset=\"https:\/\/loudavymkrokem.cz\/wp-content\/uploads\/2026\/09\/swap-415557-18-1bdf9f8e.png 1200w, https:\/\/loudavymkrokem.cz\/wp-content\/uploads\/2026\/09\/swap-415557-18-1bdf9f8e-300x169.png 300w, https:\/\/loudavymkrokem.cz\/wp-content\/uploads\/2026\/09\/swap-415557-18-1bdf9f8e-700x394.png 700w, https:\/\/loudavymkrokem.cz\/wp-content\/uploads\/2026\/09\/swap-415557-18-1bdf9f8e-768x432.png 768w, https:\/\/loudavymkrokem.cz\/wp-content\/uploads\/2026\/09\/swap-415557-18-1bdf9f8e-696x392.png 696w\" sizes=\"(max-width: 1200px) 100vw, 1200px\" \/><button\n\t\t\tclass=\"lightbox-trigger\"\n\t\t\ttype=\"button\"\n\t\t\taria-haspopup=\"dialog\"\n\t\t\tdata-wp-bind--aria-label=\"state.thisImage.triggerButtonAriaLabel\"\n\t\t\tdata-wp-init=\"callbacks.initTriggerButton\"\n\t\t\tdata-wp-on--click=\"actions.showLightbox\"\n\t\t\tdata-wp-style--right=\"state.thisImage.buttonRight\"\n\t\t\tdata-wp-style--top=\"state.thisImage.buttonTop\"\n\t\t>\n\t\t\t<svg xmlns=\"http:\/\/www.w3.org\/2000\/svg\" width=\"12\" height=\"12\" fill=\"none\" viewBox=\"0 0 12 12\">\n\t\t\t\t<path fill=\"#fff\" d=\"M2 0a2 2 0 0 0-2 2v2h1.5V2a.5.5 0 0 1 .5-.5h2V0H2Zm2 10.5H2a.5.5 0 0 1-.5-.5V8H0v2a2 2 0 0 0 2 2h2v-1.5ZM8 12v-1.5h2a.5.5 0 0 0 .5-.5V8H12v2a2 2 0 0 1-2 2H8Zm2-12a2 2 0 0 1 2 2v2h-1.5V2a.5.5 0 0 0-.5-.5H8V0h2Z\" \/>\n\t\t\t<\/svg>\n\t\t<\/button><figcaption class=\"wp-element-caption\">Foto: ECOTOURS BOQUILLA \/ Google Maps<\/figcaption><\/figure>\n\n\n\n<h3 class=\"wp-block-heading\"><span class=\"ez-toc-section\" id=\"18_Satul_de_pescari_La_Boquilla_si_mangrovele\"><\/span>18. Satul de pescari La Boquilla \u0219i mangrovele<span class=\"ez-toc-section-end\"><\/span><\/h3>\n\n\n\n<p class=\"wp-block-paragraph\">Dac\u0103 vrei s\u0103 tr\u0103ie\u0219ti \u00een ora\u0219 ceva complet diferit de centrul colonial lustruit \u0219i, totodat\u0103, vrei s\u0103 sus\u021bii cu banii t\u0103i direct comunitatea local\u0103, <strong>aventureaz\u0103-te la nord de ora\u0219, \u00een autenticul sat de pescari La Boquilla<\/strong>. Aici vei cunoa\u0219te \u00een sf\u00e2r\u0219it fa\u021ba mai brut\u0103 \u0219i mult mai tradi\u021bional\u0103 afro-columbian\u0103 a \u00eentregii regiuni caraibiene, care din centru a disp\u0103rut deja.<\/p>\n\n\n\n<p class=\"wp-block-paragraph\">Principala atrac\u021bie de aici este <strong>fascinanta plimbare cu o canoe tradi\u021bional\u0103 din lemn prin p\u0103duri de mangrove foarte dese<\/strong>. Pescarii locali experimenta\u021bi te duc \u00een \u00eenc\u00e2lceala de canale de ap\u0103 lini\u0219tite, unde po\u021bi observa de aproape st\u00e2rci elegan\u021bi, crabi ascun\u0219i \u00een r\u0103d\u0103cini \u0219i po\u021bi asculta lini\u0219tea absolut\u0103 \u00eentrerupt\u0103 doar de plesc\u0103itul calm al v\u00e2slelor de lemn.<\/p>\n\n\n\n<p class=\"wp-block-paragraph\">Aceast\u0103 discret\u0103 excursie ecologic\u0103 este una dintre pu\u021binele experien\u021be din Cartagena unde <strong>banii t\u0103i r\u0103m\u00e2n direct \u00een m\u00e2inile comunit\u0103\u021bii locale<\/strong>, care se str\u0103duie\u0219te din r\u0103sputeri s\u0103-\u0219i men\u021bin\u0103 traiul tradi\u021bional din pescuit \u00een fa\u021ba hotelurilor moderne care se extind agresiv \u00een apropiere.<\/p>\n\n\n\n<figure data-wp-context=\"{&quot;imageId&quot;:&quot;6a9c348a061ac&quot;}\" data-wp-interactive=\"core\/image\" data-wp-key=\"6a9c348a061ac\" class=\"wp-block-image size-full wp-lightbox-container\"><img decoding=\"async\" width=\"1600\" height=\"1200\" data-wp-class--hide=\"state.isContentHidden\" data-wp-class--show=\"state.isContentVisible\" data-wp-init=\"callbacks.setButtonStyles\" data-wp-on--click=\"actions.showLightbox\" data-wp-on--load=\"callbacks.setButtonStyles\" data-wp-on--pointerdown=\"actions.preloadImage\" data-wp-on--pointerenter=\"actions.preloadImageWithDelay\" data-wp-on--pointerleave=\"actions.cancelPreload\" data-wp-on-window--resize=\"callbacks.setButtonStyles\" src=\"https:\/\/loudavymkrokem.cz\/wp-content\/uploads\/2026\/09\/swap-415557-19-48814361.jpg\" alt=\"Pia\u021ba Bazurto din Cartagena\" class=\"wp-image-415919\" title=\"\" srcset=\"https:\/\/loudavymkrokem.cz\/wp-content\/uploads\/2026\/09\/swap-415557-19-48814361.jpg 1600w, https:\/\/loudavymkrokem.cz\/wp-content\/uploads\/2026\/09\/swap-415557-19-48814361-300x225.jpg 300w, https:\/\/loudavymkrokem.cz\/wp-content\/uploads\/2026\/09\/swap-415557-19-48814361-700x525.jpg 700w, https:\/\/loudavymkrokem.cz\/wp-content\/uploads\/2026\/09\/swap-415557-19-48814361-768x576.jpg 768w, https:\/\/loudavymkrokem.cz\/wp-content\/uploads\/2026\/09\/swap-415557-19-48814361-1536x1152.jpg 1536w, https:\/\/loudavymkrokem.cz\/wp-content\/uploads\/2026\/09\/swap-415557-19-48814361-80x60.jpg 80w, https:\/\/loudavymkrokem.cz\/wp-content\/uploads\/2026\/09\/swap-415557-19-48814361-160x120.jpg 160w, https:\/\/loudavymkrokem.cz\/wp-content\/uploads\/2026\/09\/swap-415557-19-48814361-696x522.jpg 696w, https:\/\/loudavymkrokem.cz\/wp-content\/uploads\/2026\/09\/swap-415557-19-48814361-1392x1044.jpg 1392w\" sizes=\"(max-width: 1600px) 100vw, 1600px\" \/><button\n\t\t\tclass=\"lightbox-trigger\"\n\t\t\ttype=\"button\"\n\t\t\taria-haspopup=\"dialog\"\n\t\t\tdata-wp-bind--aria-label=\"state.thisImage.triggerButtonAriaLabel\"\n\t\t\tdata-wp-init=\"callbacks.initTriggerButton\"\n\t\t\tdata-wp-on--click=\"actions.showLightbox\"\n\t\t\tdata-wp-style--right=\"state.thisImage.buttonRight\"\n\t\t\tdata-wp-style--top=\"state.thisImage.buttonTop\"\n\t\t>\n\t\t\t<svg xmlns=\"http:\/\/www.w3.org\/2000\/svg\" width=\"12\" height=\"12\" fill=\"none\" viewBox=\"0 0 12 12\">\n\t\t\t\t<path fill=\"#fff\" d=\"M2 0a2 2 0 0 0-2 2v2h1.5V2a.5.5 0 0 1 .5-.5h2V0H2Zm2 10.5H2a.5.5 0 0 1-.5-.5V8H0v2a2 2 0 0 0 2 2h2v-1.5ZM8 12v-1.5h2a.5.5 0 0 0 .5-.5V8H12v2a2 2 0 0 1-2 2H8Zm2-12a2 2 0 0 1 2 2v2h-1.5V2a.5.5 0 0 0-.5-.5H8V0h2Z\" \/>\n\t\t\t<\/svg>\n\t\t<\/button><figcaption class=\"wp-element-caption\">Foto: Juan David \/ Google Maps<\/figcaption><\/figure>\n\n\n\n<h3 class=\"wp-block-heading\"><span class=\"ez-toc-section\" id=\"19_Piata_Bazurto_doar_pentru_firile_tari\"><\/span>19. Pia\u021ba Bazurto (doar pentru firile tari)<span class=\"ez-toc-section-end\"><\/span><\/h3>\n\n\n\n<p class=\"wp-block-paragraph\"><strong>Pia\u021ba Bazurto<\/strong> este uria\u0219\u0103, zgomotoas\u0103, haotic\u0103 \u0219i pe alocuri, sincer, destul de murdar\u0103, iar ratingul mediu de 3,7 din peste 12.000 de recenzii spune totul. Nu este o atrac\u021bie turistic\u0103, este <strong>realitatea zilnic\u0103 a vie\u021bii columbiene<\/strong>. Aici se vinde absolut tot ce-\u021bi po\u021bi imagina, de la carne crud\u0103 at\u00e2rnat\u0103 \u00een c\u00e2rlige \u00een c\u0103ldura uria\u0219\u0103, prin gr\u0103mezi imense de fructe exotice, p\u00e2n\u0103 la haine \u0219i electronice de marc\u0103 contraf\u0103cute.<\/p>\n\n\n\n<p class=\"wp-block-paragraph\"><strong>Str\u0103inilor nu li se recomand\u0103 deloc, din motive de siguran\u021b\u0103, s\u0103 vin\u0103 aici pe cont propriu<\/strong>, labirintul de tarabe este extrem de neclar \u0219i adesea opereaz\u0103 aici \u00een mul\u021bime, neobserva\u021bi, ho\u021bi de buzunare organiza\u021bi. Dac\u0103 vrei s\u0103 vezi aceast\u0103 pia\u021b\u0103 autentic\u0103, <strong>mergi acolo doar foarte devreme diminea\u021ba \u0219i exclusiv cu un ghid local autorizat<\/strong>, care \u0219tie exact pe unde s\u0103 treci \u00een siguran\u021b\u0103.<\/p>\n\n\n\n<p class=\"wp-block-paragraph\"><strong>Cu un ghid bun<\/strong>, poate fi \u00eens\u0103 o experien\u021b\u0103 absolut fascinant\u0103, la care vei gusta fructe exotice ciudate pe care nu le-ai v\u0103zut niciodat\u0103 \u00een via\u021b\u0103 \u0219i vei vedea fa\u021ba adev\u0103rat\u0103, neturistic\u0103, a ora\u0219ului, f\u0103r\u0103 poleial\u0103. Pentru cump\u0103r\u0103turi obi\u0219nuite de suveniruri dr\u0103gu\u021be \u00eens\u0103 \u00een niciun caz nu veni aici, pentru asta sunt <strong>mai bune pie\u021bele din centru<\/strong>.<\/p>\n\n\n\n<figure data-wp-context=\"{&quot;imageId&quot;:&quot;6a9c348a0693a&quot;}\" data-wp-interactive=\"core\/image\" data-wp-key=\"6a9c348a0693a\" class=\"wp-block-image size-full wp-lightbox-container\"><img decoding=\"async\" width=\"1600\" height=\"1200\" data-wp-class--hide=\"state.isContentHidden\" data-wp-class--show=\"state.isContentVisible\" data-wp-init=\"callbacks.setButtonStyles\" data-wp-on--click=\"actions.showLightbox\" data-wp-on--load=\"callbacks.setButtonStyles\" data-wp-on--pointerdown=\"actions.preloadImage\" data-wp-on--pointerenter=\"actions.preloadImageWithDelay\" data-wp-on--pointerleave=\"actions.cancelPreload\" data-wp-on-window--resize=\"callbacks.setButtonStyles\" src=\"https:\/\/loudavymkrokem.cz\/wp-content\/uploads\/2026\/09\/museo-del-chocolate.png\" alt=\"Museo del Chocolate \u0219i cacaua columbian\u0103\" class=\"wp-image-415742\" title=\"\" srcset=\"https:\/\/loudavymkrokem.cz\/wp-content\/uploads\/2026\/09\/museo-del-chocolate.png 1600w, https:\/\/loudavymkrokem.cz\/wp-content\/uploads\/2026\/09\/museo-del-chocolate-300x225.png 300w, https:\/\/loudavymkrokem.cz\/wp-content\/uploads\/2026\/09\/museo-del-chocolate-700x525.png 700w, https:\/\/loudavymkrokem.cz\/wp-content\/uploads\/2026\/09\/museo-del-chocolate-768x576.png 768w, https:\/\/loudavymkrokem.cz\/wp-content\/uploads\/2026\/09\/museo-del-chocolate-1536x1152.png 1536w, https:\/\/loudavymkrokem.cz\/wp-content\/uploads\/2026\/09\/museo-del-chocolate-80x60.png 80w, https:\/\/loudavymkrokem.cz\/wp-content\/uploads\/2026\/09\/museo-del-chocolate-160x120.png 160w, https:\/\/loudavymkrokem.cz\/wp-content\/uploads\/2026\/09\/museo-del-chocolate-696x522.png 696w, https:\/\/loudavymkrokem.cz\/wp-content\/uploads\/2026\/09\/museo-del-chocolate-1392x1044.png 1392w\" sizes=\"(max-width: 1600px) 100vw, 1600px\" \/><button\n\t\t\tclass=\"lightbox-trigger\"\n\t\t\ttype=\"button\"\n\t\t\taria-haspopup=\"dialog\"\n\t\t\tdata-wp-bind--aria-label=\"state.thisImage.triggerButtonAriaLabel\"\n\t\t\tdata-wp-init=\"callbacks.initTriggerButton\"\n\t\t\tdata-wp-on--click=\"actions.showLightbox\"\n\t\t\tdata-wp-style--right=\"state.thisImage.buttonRight\"\n\t\t\tdata-wp-style--top=\"state.thisImage.buttonTop\"\n\t\t>\n\t\t\t<svg xmlns=\"http:\/\/www.w3.org\/2000\/svg\" width=\"12\" height=\"12\" fill=\"none\" viewBox=\"0 0 12 12\">\n\t\t\t\t<path fill=\"#fff\" d=\"M2 0a2 2 0 0 0-2 2v2h1.5V2a.5.5 0 0 1 .5-.5h2V0H2Zm2 10.5H2a.5.5 0 0 1-.5-.5V8H0v2a2 2 0 0 0 2 2h2v-1.5ZM8 12v-1.5h2a.5.5 0 0 0 .5-.5V8H12v2a2 2 0 0 1-2 2H8Zm2-12a2 2 0 0 1 2 2v2h-1.5V2a.5.5 0 0 0-.5-.5H8V0h2Z\" \/>\n\t\t\t<\/svg>\n\t\t<\/button><figcaption class=\"wp-element-caption\">Foto: Museo Del Chocolate Colombia &#8211; Cartagena \/ Google Maps<\/figcaption><\/figure>\n\n\n\n<h3 class=\"wp-block-heading\"><span class=\"ez-toc-section\" id=\"20_Museo_del_Chocolate_si_cacaua_columbiana\"><\/span>20. Museo del Chocolate \u0219i cacaua columbian\u0103<span class=\"ez-toc-section-end\"><\/span><\/h3>\n\n\n\n<p class=\"wp-block-paragraph\">Columbia nu produce pentru toat\u0103 lumea doar faimoasa sa cafea excelent\u0103, ci \u0219i o cacao absolut de top \u0219i de calitate. <strong>Dac\u0103 e\u0219ti \u00een c\u0103utarea unei experien\u021be grozave (nu doar) pentru familiile cu copii, viziteaz\u0103 neap\u0103rat Museo del Chocolate (rating excelent de 4,8)<\/strong> chiar \u00een centrul istoric al ora\u0219ului. Este un muzeu mai mic, dar frumos interactiv, care te ghideaz\u0103 captivant prin \u00eentregul proces complex, de la cultivarea boabelor de cacao p\u00e2n\u0103 la fabricarea unei tablete de ciocolat\u0103 delicioas\u0103.<\/p>\n\n\n\n<p class=\"wp-block-paragraph\">\u00cen timpul turului parfumat, <strong>vei afla o mul\u021bime de curiozit\u0103\u021bi surprinz\u0103toare despre istoria ciocolatei \u00een culturile precolumbiene<\/strong>, iar la final te a\u0219teapt\u0103, desigur, o degustare bogat\u0103 \u0219i foarte generoas\u0103 de diverse feluri. Ideal pentru o dup\u0103-amiaz\u0103 fierbinte, iar nici vegetarienii, nici iubitorii de ciocolat\u0103 nu vor regreta.<\/p>\n\n\n\n<p class=\"wp-block-paragraph\">\u00cen magazina\u0219ul local de la ie\u0219ire, po\u021bi, \u00een plus, <strong>cump\u0103ra cele mai bune suveniruri comestibile de dus acas\u0103 familiei<\/strong>, de la clasicele ciocolate am\u0103rui cu procent mare de cacao p\u00e2n\u0103 la praline delicate umplute cu fructe caraibiene exotice.<\/p>\n\n\n\n<figure data-wp-context=\"{&quot;imageId&quot;:&quot;6a9c348a0702f&quot;}\" data-wp-interactive=\"core\/image\" data-wp-key=\"6a9c348a0702f\" class=\"wp-block-image size-full wp-lightbox-container\"><img decoding=\"async\" width=\"1600\" height=\"1200\" data-wp-class--hide=\"state.isContentHidden\" data-wp-class--show=\"state.isContentVisible\" data-wp-init=\"callbacks.setButtonStyles\" data-wp-on--click=\"actions.showLightbox\" data-wp-on--load=\"callbacks.setButtonStyles\" data-wp-on--pointerdown=\"actions.preloadImage\" data-wp-on--pointerenter=\"actions.preloadImageWithDelay\" data-wp-on--pointerleave=\"actions.cancelPreload\" data-wp-on-window--resize=\"callbacks.setButtonStyles\" src=\"https:\/\/loudavymkrokem.cz\/wp-content\/uploads\/2026\/09\/swap-415557-21-ea1b5cd5.jpg\" alt=\"M\u00e2ncare stradal\u0103 \u00een Cartagena\" class=\"wp-image-415922\" title=\"\" srcset=\"https:\/\/loudavymkrokem.cz\/wp-content\/uploads\/2026\/09\/swap-415557-21-ea1b5cd5.jpg 1600w, https:\/\/loudavymkrokem.cz\/wp-content\/uploads\/2026\/09\/swap-415557-21-ea1b5cd5-300x225.jpg 300w, https:\/\/loudavymkrokem.cz\/wp-content\/uploads\/2026\/09\/swap-415557-21-ea1b5cd5-700x525.jpg 700w, https:\/\/loudavymkrokem.cz\/wp-content\/uploads\/2026\/09\/swap-415557-21-ea1b5cd5-768x576.jpg 768w, https:\/\/loudavymkrokem.cz\/wp-content\/uploads\/2026\/09\/swap-415557-21-ea1b5cd5-1536x1152.jpg 1536w, https:\/\/loudavymkrokem.cz\/wp-content\/uploads\/2026\/09\/swap-415557-21-ea1b5cd5-80x60.jpg 80w, https:\/\/loudavymkrokem.cz\/wp-content\/uploads\/2026\/09\/swap-415557-21-ea1b5cd5-160x120.jpg 160w, https:\/\/loudavymkrokem.cz\/wp-content\/uploads\/2026\/09\/swap-415557-21-ea1b5cd5-696x522.jpg 696w, https:\/\/loudavymkrokem.cz\/wp-content\/uploads\/2026\/09\/swap-415557-21-ea1b5cd5-1392x1044.jpg 1392w\" sizes=\"(max-width: 1600px) 100vw, 1600px\" \/><button\n\t\t\tclass=\"lightbox-trigger\"\n\t\t\ttype=\"button\"\n\t\t\taria-haspopup=\"dialog\"\n\t\t\tdata-wp-bind--aria-label=\"state.thisImage.triggerButtonAriaLabel\"\n\t\t\tdata-wp-init=\"callbacks.initTriggerButton\"\n\t\t\tdata-wp-on--click=\"actions.showLightbox\"\n\t\t\tdata-wp-style--right=\"state.thisImage.buttonRight\"\n\t\t\tdata-wp-style--top=\"state.thisImage.buttonTop\"\n\t\t>\n\t\t\t<svg xmlns=\"http:\/\/www.w3.org\/2000\/svg\" width=\"12\" height=\"12\" fill=\"none\" viewBox=\"0 0 12 12\">\n\t\t\t\t<path fill=\"#fff\" d=\"M2 0a2 2 0 0 0-2 2v2h1.5V2a.5.5 0 0 1 .5-.5h2V0H2Zm2 10.5H2a.5.5 0 0 1-.5-.5V8H0v2a2 2 0 0 0 2 2h2v-1.5ZM8 12v-1.5h2a.5.5 0 0 0 .5-.5V8H12v2a2 2 0 0 1-2 2H8Zm2-12a2 2 0 0 1 2 2v2h-1.5V2a.5.5 0 0 0-.5-.5H8V0h2Z\" \/>\n\t\t\t<\/svg>\n\t\t<\/button><figcaption class=\"wp-element-caption\">Foto: Bruno Ara\u00fajo Faria \/ Google Maps<\/figcaption><\/figure>\n\n\n\n<h3 class=\"wp-block-heading\"><span class=\"ez-toc-section\" id=\"21_Mancare_stradala_si_gusturi_caraibiene\"><\/span>21. M\u00e2ncare stradal\u0103 \u0219i gusturi caraibiene<span class=\"ez-toc-section-end\"><\/span><\/h3>\n\n\n\n<p class=\"wp-block-paragraph\">Buc\u0103t\u0103ria caraibian\u0103 de pe coast\u0103 este \u00eentr-adev\u0103r foarte bazat\u0103 pe pe\u0219te (biban de mare, ceviche) \u0219i fructe de mare, dar <strong>\u0219i \u00eenr\u0103i\u021bii iubitori de m\u00e2ncare vegetal\u0103 se descurc\u0103 aici pe strad\u0103 f\u0103r\u0103 probleme<\/strong>. O certitudine absolut\u0103 \u0219i ieftin\u0103, pe care o g\u0103se\u0219ti la fiecare col\u021b \u0219i te salveaz\u0103 de foame, este <strong>arepa de queso (o lipie groas\u0103 de porumb, gr\u0103tarit\u0103 pe foc p\u00e2n\u0103 devine crocant\u0103 \u0219i umplut\u0103 cu mult\u0103 br\u00e2nz\u0103 topit\u0103)<\/strong>.<\/p>\n\n\n\n<p class=\"wp-block-paragraph\">O alt\u0103 garnitur\u0103 absolut des\u0103v\u00e2r\u0219it\u0103 sau un snack s\u0103rat rapid sunt <strong>patacones, adic\u0103 buc\u0103\u021bi de banan\u0103 verde pr\u0103jite de dou\u0103 ori<\/strong>, care se servesc adesea cu un sos de usturoi sau cu excelentul hogao de ro\u0219ii. Sunt incredibil de s\u0103\u021bioase, grase \u0219i foarte ieftine.<\/p>\n\n\n\n<p class=\"wp-block-paragraph\">Regimul indispensabil de hidratare \u00een aceast\u0103 c\u0103ldur\u0103 devastatoare \u00eel rezolvi cel mai bine cu ajutorul <strong>jugos naturales (sucuri de fructe proaspete)<\/strong>. \u00ce\u021bi recomand c\u0103lduros s\u0103 \u00eencerci lulo (un gust acru special, asem\u0103n\u0103tor cu kiwi \u0219i citrice), maracuja proasp\u0103t\u0103 sau guan\u00e1bana foarte dulce. Dac\u0103 e\u0219ti \u00een c\u0103utarea a ceva mai dens \u0219i mai cremos, <strong>limonada de coco (limonad\u0103 de cocos cu lime proasp\u0103t\u0103)<\/strong> este cea mai bun\u0103 \u0219i mai r\u0103coritoare inven\u021bie caraibian\u0103 din lume. \u0218i, desigur, nu uita de omniprezenta agua de panela (ap\u0103 cu zah\u0103r de trestie \u0219i l\u0103m\u00e2ie).<\/p>\n\n\n\n<figure data-wp-context=\"{&quot;imageId&quot;:&quot;6a9c348a07778&quot;}\" data-wp-interactive=\"core\/image\" data-wp-key=\"6a9c348a07778\" class=\"wp-block-image size-full wp-lightbox-container\"><img decoding=\"async\" width=\"1600\" height=\"2133\" data-wp-class--hide=\"state.isContentHidden\" data-wp-class--show=\"state.isContentVisible\" data-wp-init=\"callbacks.setButtonStyles\" data-wp-on--click=\"actions.showLightbox\" data-wp-on--load=\"callbacks.setButtonStyles\" data-wp-on--pointerdown=\"actions.preloadImage\" data-wp-on--pointerenter=\"actions.preloadImageWithDelay\" data-wp-on--pointerleave=\"actions.cancelPreload\" data-wp-on-window--resize=\"callbacks.setButtonStyles\" src=\"https:\/\/loudavymkrokem.cz\/wp-content\/uploads\/2026\/09\/ctg22.jpg\" alt=\"Bistro vegetarian \u00een Getseman\u00ed, Cartagena\" class=\"wp-image-415768\" title=\"\" srcset=\"https:\/\/loudavymkrokem.cz\/wp-content\/uploads\/2026\/09\/ctg22.jpg 1600w, https:\/\/loudavymkrokem.cz\/wp-content\/uploads\/2026\/09\/ctg22-225x300.jpg 225w, https:\/\/loudavymkrokem.cz\/wp-content\/uploads\/2026\/09\/ctg22-700x933.jpg 700w, https:\/\/loudavymkrokem.cz\/wp-content\/uploads\/2026\/09\/ctg22-768x1024.jpg 768w, https:\/\/loudavymkrokem.cz\/wp-content\/uploads\/2026\/09\/ctg22-1152x1536.jpg 1152w, https:\/\/loudavymkrokem.cz\/wp-content\/uploads\/2026\/09\/ctg22-1536x2048.jpg 1536w, https:\/\/loudavymkrokem.cz\/wp-content\/uploads\/2026\/09\/ctg22-696x928.jpg 696w, https:\/\/loudavymkrokem.cz\/wp-content\/uploads\/2026\/09\/ctg22-1392x1856.jpg 1392w\" sizes=\"(max-width: 1600px) 100vw, 1600px\" \/><button\n\t\t\tclass=\"lightbox-trigger\"\n\t\t\ttype=\"button\"\n\t\t\taria-haspopup=\"dialog\"\n\t\t\tdata-wp-bind--aria-label=\"state.thisImage.triggerButtonAriaLabel\"\n\t\t\tdata-wp-init=\"callbacks.initTriggerButton\"\n\t\t\tdata-wp-on--click=\"actions.showLightbox\"\n\t\t\tdata-wp-style--right=\"state.thisImage.buttonRight\"\n\t\t\tdata-wp-style--top=\"state.thisImage.buttonTop\"\n\t\t>\n\t\t\t<svg xmlns=\"http:\/\/www.w3.org\/2000\/svg\" width=\"12\" height=\"12\" fill=\"none\" viewBox=\"0 0 12 12\">\n\t\t\t\t<path fill=\"#fff\" d=\"M2 0a2 2 0 0 0-2 2v2h1.5V2a.5.5 0 0 1 .5-.5h2V0H2Zm2 10.5H2a.5.5 0 0 1-.5-.5V8H0v2a2 2 0 0 0 2 2h2v-1.5ZM8 12v-1.5h2a.5.5 0 0 0 .5-.5V8H12v2a2 2 0 0 1-2 2H8Zm2-12a2 2 0 0 1 2 2v2h-1.5V2a.5.5 0 0 0-.5-.5H8V0h2Z\" \/>\n\t\t\t<\/svg>\n\t\t<\/button><figcaption class=\"wp-element-caption\">Foto: laura nebreda \/ Google Maps<\/figcaption><\/figure>\n\n\n\n<h3 class=\"wp-block-heading\"><span class=\"ez-toc-section\" id=\"22_Unde_mananci_fara_carne_sfaturi_vegetariene\"><\/span>22. Unde m\u0103n\u00e2nci f\u0103r\u0103 carne (sfaturi vegetariene)<span class=\"ez-toc-section-end\"><\/span><\/h3>\n\n\n\n<p class=\"wp-block-paragraph\">\u00cen timp ce majoritatea restaurantelor turistice obi\u0219nuite din centru servesc mai ales languste scumpe \u0219i carne de porc pr\u0103jit\u0103, <strong>\u00een ora\u0219 func\u021bioneaz\u0103 chiar mai multe localuri fantastice \u0219i moderne cu profil pur vegetal<\/strong>. \u00ce\u021bi recomand c\u0103lduros s\u0103 \u00eencerci <strong>Restaurante Sambal (rating uimitor de 4,9)<\/strong> din Getseman\u00ed, un bistro caraibian inovator, care reu\u0219e\u0219te s\u0103 transforme excelent \u0219i creativ gusturile tradi\u021bionale locale \u00een feluri pur vegetale.<\/p>\n\n\n\n<p class=\"wp-block-paragraph\">Pentru un pr\u00e2nz rapid, colorat \u0219i foarte s\u0103n\u0103tos este perfect <strong>El Bolol\u00f3 | Bowls del Caribe (rating 4,8)<\/strong>, unde fac boluri uria\u0219e \u0219i s\u0103\u021bioase pline de orez, fasole, plantani \u0219i legume proaspete. O alt\u0103 bijuterie absolut\u0103 pentru vegetarienii care vor s\u0103 se odihneasc\u0103 de m\u00e2ncarea stradal\u0103 pr\u0103jit\u0103 este bistroul <strong>SANATOco (rating 4,9)<\/strong> din lini\u0219titul cartier Manga.<\/p>\n\n\n\n<p class=\"wp-block-paragraph\">Dac\u0103 ai chef seara de ceva mult mai modern, <strong>o alegere excelent\u0103 este renumitul Pezetarian (rating 4,8)<\/strong>, care ofer\u0103 o buc\u0103t\u0103rie asiatico-caraibian\u0103 cu pe\u0219te, dar are \u0219i o selec\u021bie uria\u0219\u0103 de boluri vegetale fantastice \u0219i bine condimentate. Pentru o atmosfer\u0103 romantic\u0103 frumoas\u0103 chiar \u00een centru, viziteaz\u0103 apoi <strong>Casa Boh\u00eame (rating 4,7)<\/strong> sau foarte stylish-ul <strong>Restaurante Nami (rating 4,9)<\/strong>.<\/p>\n\n\n\n<h2 class=\"wp-block-heading\"><span class=\"ez-toc-section\" id=\"Incotro_mai_departe_din_Cartagena_excursii_in_imprejurimi\"><\/span>\u00cencotro mai departe din Cartagena (excursii \u00een \u00eemprejurimi)<span class=\"ez-toc-section-end\"><\/span><\/h2>\n\n\n\n<p class=\"wp-block-paragraph\">C\u00e2nd te obose\u0219te claxonatul constant al taxiurilor \u0219i racolatorii de suveniruri, <strong>\u00eemprejurimile Cartagenei<\/strong> \u00ee\u021bi ofer\u0103 lini\u0219tit o zi sau dou\u0103 dintr-o lume complet diferit\u0103.<\/p>\n\n\n\n<ul class=\"wp-block-list\">\n\n<li><strong>San Basilio de Palenque:<\/strong> Aceasta este o bijuterie istoric\u0103 absolut\u0103 <a href=\"https:\/\/ich.unesco.org\/en\/RL\/cultural-space-of-palenque-de-san-basilio-00102\" rel=\"nofollow noopener\" target=\"_blank\">protejat\u0103 de UNESCO<\/a>. Este chiar <strong>prima comun\u0103 liber\u0103 de sclavi africani fugi\u021bi din toat\u0103 America<\/strong>, care a fost \u00eenfiin\u021bat\u0103 cu m\u00e2ndrie \u00eenc\u0103 din 1691. Localnicii \u0219i-au p\u0103strat p\u00e2n\u0103 azi propria limb\u0103 unic\u0103 (palenquero) \u0219i tradi\u021bii africane vechi de secole. Este la aproximativ o or\u0103 \u0219i jum\u0103tate de mers de ora\u0219 \u0219i este absolut necesar s\u0103 vii aici cu respect \u0219i, ideal, cu un ghid chiar din aceast\u0103 comunitate local\u0103.<\/li>\n\n\n\n<li><strong>Volc\u00e1n del Totumo:<\/strong> La aproximativ o or\u0103 de mers cu autobuzul spre nord g\u0103se\u0219ti acest \u201evulcan&#8221; de noroi absolut bizar. Urci pe sc\u0103ri \u0219ubrede de lemn pe un mic deal \u0219i <strong>te scufunzi \u00eentr-un crater plin de noroi gros \u0219i cald<\/strong>, \u00een care, datorit\u0103 densit\u0103\u021bii, nu te po\u021bi scufunda. Este o afacere turistic\u0103 foarte de mas\u0103, dar pozele de acolo sunt incredibil de amuzante.<\/li>\n\n\n\n<li><strong>Peninsula Bar\u00fa \u0219i Playa Blanca:<\/strong> Pentru adev\u0103ratul nisip alb fin \u0219i apa turcoaz trebuie s\u0103 mergi la aproximativ o or\u0103 \u00een afara ora\u0219ului. <strong>Playa Blanca este cu adev\u0103rat minunat\u0103, dar la pr\u00e2nz sufer\u0103 de un aflux uria\u0219 de oameni<\/strong> din autobuze \u0219i b\u0103rci, a\u0219a c\u0103 nu te vei odihni aici. Cea mai bun\u0103 experien\u021b\u0103 o vei avea dac\u0103 \u00ee\u021bi pl\u0103te\u0219ti aici o cazare simpl\u0103 \u0219i te bucuri de plaj\u0103 \u00een lini\u0219te diminea\u021ba devreme sau la apus, c\u00e2nd toate mul\u021bimile pleac\u0103 \u00eenapoi \u00een ora\u0219.<\/li>\n\n\n\n<li><strong>Santa Marta \u0219i parcul na\u021bional Tayrona:<\/strong> Dac\u0103 ai mai mult timp \u00een Columbia \u0219i nu pl\u0103nuie\u0219ti doar o oprire rapid\u0103, aventureaz\u0103-te la aproximativ 4 ore cu un autobuz confortabil spre est. <strong>Nu este o destina\u021bie pentru o excursie de o zi din Cartagena<\/strong>, ci o alt\u0103 oprire uimitoare \u0219i necesar\u0103 a c\u0103l\u0103toriei tale. Vei c\u0103p\u0103ta acolo acces la natura s\u0103lbatic\u0103 ne\u00eembl\u00e2nzit\u0103 a mun\u021bilor Sierra Nevada \u0219i la cele mai frumoase plaje din parcul na\u021bional Tayrona.<\/li>\n\n\n<\/ul>\n\n\n\n<p class=\"wp-block-paragraph\">C\u00e2nd \u00ee\u021bi <strong>planifici sejurul<\/strong>, arunc\u0103 neap\u0103rat o privire \u0219i pe articolul nostru detaliat <a href=\"https:\/\/loudavymkrokem.cz\/ro\/cazare-cartagena-columbia-hoteluri\/\">Unde s\u0103 locuie\u0219ti \u00een Cartagena<\/a>, unde analiz\u0103m fiecare cartier p\u00e2n\u0103 \u00een cel mai mic detaliu \u0219i te sf\u0103tuim care sunt <strong>cele mai bune hoteluri<\/strong>. Arunc\u0103 o privire \u0219i pe ghidul nostru <a href=\"https:\/\/loudavymkrokem.cz\/co-videt-v-kolumbii\/\">Ce s\u0103 vezi \u00een Columbia<\/a>, ca s\u0103 ai toat\u0103 c\u0103l\u0103toria frumos planificat\u0103, sau cite\u0219te sfaturile noastre despre <a href=\"https:\/\/loudavymkrokem.cz\/bezpecnost-v-jizni-americe\/\">cum s\u0103 te descurci cu siguran\u021ba \u00een America de Sud<\/a>.<\/p>\n\n\n\n<h2 class=\"wp-block-heading\"><span class=\"ez-toc-section\" id=\"Intrebari_frecvente\"><\/span>\u00centreb\u0103ri frecvente<span class=\"ez-toc-section-end\"><\/span><\/h2>\n\n\n\n<p class=\"wp-block-paragraph\"><strong>Planificarea unei c\u0103l\u0103torii \u00een Columbia<\/strong> aduce mereu cu sine o mul\u021bime de semne de \u00eentrebare. Iat\u0103 r\u0103spunsurile la cele mai <strong>frecvente \u00eentreb\u0103ri<\/strong> care \u00ee\u021bi vor trece cu siguran\u021b\u0103 prin cap \u00eenainte de plecare.<\/p>\n\n\n<div id=\"rank-math-faq\" class=\"rank-math-block\">\n<div class=\"rank-math-list \">\n<div id=\"faq-question-1788422655000\" class=\"rank-math-list-item\">\n<h3 class=\"rank-math-question \"><span class=\"ez-toc-section\" id=\"Este_Cartagena_sigura\"><\/span>Este Cartagena sigur\u0103?<span class=\"ez-toc-section-end\"><\/span><\/h3>\n<div class=\"rank-math-answer \">\n\n<p>\u00cen centrul istoric \u0219i \u00een animatul cartier Getseman\u00ed (unde func\u021bioneaz\u0103 o poli\u021bie turistic\u0103 puternic\u0103 \u0219i vizibil\u0103) nu trebuie s\u0103 v\u0103 fie cu siguran\u021b\u0103 fric\u0103 \u00een timpul zilei, <strong>riscurile maximale aici sunt \u00een\u0219el\u0103ciunile obi\u0219nuite la pre\u021buri \u0219i ho\u021bii de buzunare pricepu\u021bi<\/strong>. Problema major\u0103 o reprezint\u0103 \u00eens\u0103 via\u021ba de noapte agitat\u0103. <strong>Drogarea turi\u0219tilor cu scopolamin\u0103 (\u201esuflarea diavolului&#8221;) \u00een scopul furtului este o amenin\u021bare absolut real\u0103<\/strong>. A\u0219a cum a avertizat, de exemplu, guvernul canadian \u00eentr-o alert\u0103 de securitate din 9 iulie 2026, aplica\u021biile de \u00eent\u00e2lniri (Tinder, Bumble) reprezint\u0103 un risc uria\u0219, prin intermediul c\u0103rora grupuri organizate atrag str\u0103inii. Nu l\u0103sa\u021bi niciodat\u0103 b\u0103utura nesupravegheat \u0219i merge\u021bi la \u00eent\u00e2lniri exclusiv \u00een locuri publice \u0219i bine iluminate.<\/p>\n\n<\/div>\n<\/div>\n<div id=\"faq-question-1788422655001\" class=\"rank-math-list-item\">\n<h3 class=\"rank-math-question \"><span class=\"ez-toc-section\" id=\"Cum_este_cu_taxiurile_au_taxametru\"><\/span>Cum este cu taxiurile, au taxametru?<span class=\"ez-toc-section-end\"><\/span><\/h3>\n<div class=\"rank-math-answer \">\n\n<p>Nu, <strong>taxiurile din Cartagena de obicei nu au deloc taxametru<\/strong> \u0219i se bazeaz\u0103 pe necunoa\u0219terea turi\u0219tilor. Dac\u0103 nu stabili\u021bi pre\u021bul clar \u0219i explicit cu \u0219oferul \u00ceNAINTE de a urca \u00een ma\u0219in\u0103, cu siguran\u021b\u0103 ve\u021bi pl\u0103ti la sf\u00e2r\u0219itul cursei de c\u00e2teva ori mai mult dec\u00e2t pre\u021bul local obi\u0219nuit. O alternativ\u0103 mult mai bun\u0103 \u0219i mai sigur\u0103 este <strong>s\u0103 folosi\u021bi aplica\u021biile moderne Uber, InDriver sau DiDi<\/strong>, unde vede\u021bi pre\u021bul exact \u00een avans \u0219i astfel dispare stresul negocierii pe strad\u0103.<\/p>\n\n<\/div>\n<\/div>\n<div id=\"faq-question-1788422655002\" class=\"rank-math-list-item\">\n<h3 class=\"rank-math-question \"><span class=\"ez-toc-section\" id=\"Ar_trebui_sa_merg_pe_insulele_Rosario_sau_la_Playa_Blanca\"><\/span>Ar trebui s\u0103 merg pe insulele Rosario sau la Playa Blanca?<span class=\"ez-toc-section-end\"><\/span><\/h3>\n<div class=\"rank-math-answer \">\n\n<p>Depinde strict de ceea ce c\u0103uta\u021bi de la excursie. <strong>Playa Blanca de pe peninsula Bar\u00fa este mai lung\u0103, \u00een general mai ieftin\u0103 \u0219i pute\u021bi ajunge acolo \u0219i pe uscat<\/strong>, dar la amiaz\u0103 este pur \u0219i simplu \u00een\u021besat de lume \u0219i plaja este plin\u0103 de v\u00e2nz\u0103tori. <strong>Islas del Rosario sunt incomparabil mai bune pentru snorkeling<\/strong> \u0219i ofer\u0103 o atmosfer\u0103 mult mai lini\u0219tit\u0103 \u00een beach cluburile private, dar trebuie s\u0103 c\u0103l\u0103tori\u021bi cu barca rapid\u0103 \u0219i acolo se pl\u0103tesc acele taxe \u00eenalte \u0219i nepl\u0103cute men\u021bionate pentru parcul na\u021bional \u0219i asigurare.<\/p>\n\n<\/div>\n<\/div>\n<div id=\"faq-question-1788422655003\" class=\"rank-math-list-item\">\n<h3 class=\"rank-math-question \"><span class=\"ez-toc-section\" id=\"Cum_scap_eficient_de_vanzatorii_ambulanti\"><\/span>Cum scap eficient de v\u00e2nz\u0103torii ambulan\u021bi?<span class=\"ez-toc-section-end\"><\/span><\/h3>\n<div class=\"rank-math-answer \">\n\n<p>Baza supravie\u021buirii pe strad\u0103 este s\u0103 nu v\u0103 opri\u021bi \u0219i s\u0103 nu manifesta\u021bi absolut niciun interes. <strong>Este suficient s\u0103 spune\u021bi un \u201eno, gracias&#8221; foarte scurt, dar ferm \u0219i s\u0103 continua\u021bi s\u0103 merge\u021bi f\u0103r\u0103 contact vizual<\/strong>. Regula esen\u021bial\u0103 pe care trebuie s\u0103 o re\u021bine\u021bi este: nu lua\u021bi niciodat\u0103 nimic \u00een m\u00e2n\u0103 de la ei, nici m\u0103car c\u00e2nd pretind c\u0103 este doar un mic cadou de prob\u0103 gratuit. Odat\u0103 ce ave\u021bi marfa ferm \u00een m\u00e2n\u0103, v\u00e2nz\u0103torul consider\u0103 tranzac\u021bia \u00eencheiat\u0103 \u0219i va cere bani foarte agresiv.<\/p>\n\n<\/div>\n<\/div>\n<div id=\"faq-question-1788422655004\" class=\"rank-math-list-item\">\n<h3 class=\"rank-math-question \"><span class=\"ez-toc-section\" id=\"Se_plateste_in_Cartagena_cu_dolari_americani\"><\/span>Se pl\u0103te\u0219te \u00een Cartagena cu dolari americani?<span class=\"ez-toc-section-end\"><\/span><\/h3>\n<div class=\"rank-math-answer \">\n\n<p>Nu, <strong>moneda oficial\u0103 este peso-ul columbian (COP)<\/strong> \u0219i totul se calculeaz\u0103 \u00een acesta. De\u0219i unii v\u00e2nz\u0103tori pe strad\u0103 sau taximetri\u0219ti ar putea accepta cu pl\u0103cere dolari, cursul pe care vi-l vor oferi va fi extrem de dezavantajos. Retrage\u021bi \u00eentotdeauna bani direct de la bancomate (m\u0103rci mari precum Bancolombia sau Davivienda sunt de \u00eencredere \u0219i sigure), sau schimba\u021bi-i la case de schimb valutar oficiale certificate. <strong>Nu schimba\u021bi niciodat\u0103 \u0219i \u00een niciun caz bani cu oameni direct pe strad\u0103<\/strong>.<\/p>\n\n<\/div>\n<\/div>\n<div id=\"faq-question-1788422655005\" class=\"rank-math-list-item\">\n<h3 class=\"rank-math-question \"><span class=\"ez-toc-section\" id=\"Poate_fi_bauta_apa_de_la_robinet_in_Cartagena\"><\/span>Poate fi b\u0103ut\u0103 apa de la robinet \u00een Cartagena?<span class=\"ez-toc-section-end\"><\/span><\/h3>\n<div class=\"rank-math-answer \">\n\n<p>Nu, <strong>apa de la robinet nu este deloc recomandat\u0103 pentru b\u0103ut pentru str\u0103ini<\/strong> \u0219i ar putea s\u0103 v\u0103 strice \u00eentreaga vacan\u021b\u0103. Cump\u0103ra\u021bi \u00eentotdeauna ap\u0103 \u00eembuteliat\u0103 \u0219i asigura\u021bi-v\u0103 c\u0103 capacul de plastic are sigiliul intact. \u00cen ceea ce prive\u0219te ghea\u021ba din b\u0103uturi, \u00een restaurante \u0219i baruri bine cotate nu trebuie s\u0103 v\u0103 fie deloc fric\u0103 de ea, deoarece folosesc exclusiv ap\u0103 purificat\u0103 sigur\u0103 din bidoane pentru producerea ghe\u021bii.<\/p>\n\n<\/div>\n<\/div>\n<div id=\"faq-question-1788422655006\" class=\"rank-math-list-item\">\n<h3 class=\"rank-math-question \"><span class=\"ez-toc-section\" id=\"Cate_zile_am_nevoie_pentru_Cartagena\"><\/span>C\u00e2te zile am nevoie pentru Cartagena?<span class=\"ez-toc-section-end\"><\/span><\/h3>\n<div class=\"rank-math-answer \">\n\n<p>Pentru vizitarea propriu-zis\u0103 a centrului istoric, plimbarea pe ziduri \u0219i explorarea cartierului Getseman\u00ed, <strong>vor fi suficiente din plin 2 p\u00e2n\u0103 la 3 zile<\/strong>. Dac\u0103 \u00eens\u0103 dori\u021bi s\u0103 ad\u0103uga\u021bi o excursie de o zi \u00eentreag\u0103 cu barca pe insulele coraligene, o vizit\u0103 la plaj\u0103 pe Bar\u00fa sau o excursie istoric\u0103 fascinant\u0103 \u00een satul Palenque, <strong>durata ideal\u0103 \u0219i recomandat\u0103 a sejurului este de 4 p\u00e2n\u0103 la 5 zile<\/strong>, pentru a reu\u0219i totul \u00eentr-un ritm relaxat.<\/p>\n\n<\/div>\n<\/div>\n<\/div>\n<\/div>","protected":false},"excerpt":{"rendered":"<p>Pleci spre perla Caraibelor columbiene? Descoper\u0103 22 de lucruri de v\u0103zut \u00een Cartagena \u0219i afl\u0103 cum s\u0103 evi\u021bi capcanele pentru turi\u0219ti \u0219i taxele ascunse.<\/p>\n","protected":false},"author":3,"featured_media":415750,"comment_status":"open","ping_status":"open","sticky":false,"template":"","format":"standard","meta":{"_acf_changed":false,"footnotes":"","rank_math_title":"Cartagena, Columbia: 22 lucruri de v\u0103zut \u00een 2026","rank_math_description":"Descoper\u0103 Cartagena din Columbia cu 22 de sfaturi despre ce s\u0103 vezi \u0219i s\u0103 faci. Evit\u0103 capcanele pentru turi\u0219ti \u0219i taxele ascunse. Planific\u0103-\u021bi acum vacan\u021ba!","rank_math_focus_keyword":"cartagena columbia","rank_math_seo_score":""},"categories":[2015],"tags":[],"class_list":["post-417513","post","type-post","status-publish","format-standard","has-post-thumbnail","category-calatorii"],"acf":[],"featured_image_src":"https:\/\/loudavymkrokem.cz\/wp-content\/uploads\/2026\/09\/panorama-cartageny-fe41065f.jpg","author_info":{"display_name":"Lucie Kone\u010dn\u00e1","author_link":"https:\/\/loudavymkrokem.cz\/ro\/author\/lucie-konecna\/"},"_links":{"self":[{"href":"https:\/\/loudavymkrokem.cz\/ro\/wp-json\/wp\/v2\/posts\/417513","targetHints":{"allow":["GET"]}}],"collection":[{"href":"https:\/\/loudavymkrokem.cz\/ro\/wp-json\/wp\/v2\/posts"}],"about":[{"href":"https:\/\/loudavymkrokem.cz\/ro\/wp-json\/wp\/v2\/types\/post"}],"author":[{"embeddable":true,"href":"https:\/\/loudavymkrokem.cz\/ro\/wp-json\/wp\/v2\/users\/3"}],"replies":[{"embeddable":true,"href":"https:\/\/loudavymkrokem.cz\/ro\/wp-json\/wp\/v2\/comments?post=417513"}],"version-history":[{"count":3,"href":"https:\/\/loudavymkrokem.cz\/ro\/wp-json\/wp\/v2\/posts\/417513\/revisions"}],"predecessor-version":[{"id":417516,"href":"https:\/\/loudavymkrokem.cz\/ro\/wp-json\/wp\/v2\/posts\/417513\/revisions\/417516"}],"wp:featuredmedia":[{"embeddable":true,"href":"https:\/\/loudavymkrokem.cz\/ro\/wp-json\/wp\/v2\/media\/415750"}],"wp:attachment":[{"href":"https:\/\/loudavymkrokem.cz\/ro\/wp-json\/wp\/v2\/media?parent=417513"}],"wp:term":[{"taxonomy":"category","embeddable":true,"href":"https:\/\/loudavymkrokem.cz\/ro\/wp-json\/wp\/v2\/categories?post=417513"},{"taxonomy":"post_tag","embeddable":true,"href":"https:\/\/loudavymkrokem.cz\/ro\/wp-json\/wp\/v2\/tags?post=417513"}],"curies":[{"name":"wp","href":"https:\/\/api.w.org\/{rel}","templated":true}]}}