{"id":417486,"date":"2026-09-05T09:44:09","date_gmt":"2026-09-05T07:44:09","guid":{"rendered":"https:\/\/loudavymkrokem.cz\/bai-termale-germania\/"},"modified":"2026-09-05T15:58:27","modified_gmt":"2026-09-05T13:58:27","slug":"bai-termale-germania","status":"publish","type":"post","link":"https:\/\/loudavymkrokem.cz\/ro\/bai-termale-germania\/","title":{"rendered":"B\u0103i termale \u00een Germania: 51 de sugestii pentru cele mai bune \u00een 2026"},"content":{"rendered":"\n<p class=\"wp-block-paragraph\">Afar\u0103 sunt cinci grade \u0219i burni\u021beaz\u0103, iar tu stai p\u00e2n\u0103 la br\u00e2u \u00een ap\u0103 sub o cupol\u0103 de sticl\u0103, cu palmieri adev\u0103ra\u021bi fo\u0219nind deasupra capului. <strong>B\u0103ile termale din Germania<\/strong> func\u021bioneaz\u0103 altfel dec\u00e2t cele de la noi, \u0219i nu doar din cauza decorului tropical. Te vor surprinde mai ales dou\u0103 lucruri: \u00een saune se intr\u0103 f\u0103r\u0103 costum de baie, iar intrarea se pl\u0103te\u0219te pe ore bine stabilite, dup\u0103 care se achit\u0103 un supliment.<\/p>\n\n\n\n<p class=\"wp-block-paragraph\">Din fericire, asta nu deranjeaz\u0103 deloc, pentru c\u0103, odat\u0103 ce \u00een\u021belegi sistemul, te a\u0219teapt\u0103 o <strong>relaxare absolut luxoas\u0103<\/strong>. De obicei prime\u0219ti pe m\u00e2n\u0103 un cip cu care \u00ee\u021bi \u00eencui dulapul \u0219i pl\u0103te\u0219ti consuma\u021bia la restaurant, iar portofelul \u00eel po\u021bi l\u0103sa lini\u0219tit \u00eenchis tot timpul. Trebuie doar s\u0103 fii atent la timp, pentru c\u0103 pentru <strong>fiecare jum\u0103tate de or\u0103 \u00eenceput\u0103 \u00een plus<\/strong> se achit\u0103 automat un supliment la cas\u0103, la ie\u0219ire.<\/p>\n\n\n\n<p class=\"wp-block-paragraph\">\u00cen acest articol vei g\u0103si 51 de b\u0103i termale germane \u00eemp\u0103r\u021bite pe landuri, de la uria\u0219a Therme Erding de l\u00e2ng\u0103 M\u00fcnchen, trec\u00e2nd prin <strong>tropicalele Badewelt din Sinsheim \u0219i Euskirchen<\/strong>, p\u00e2n\u0103 la pitore\u0219tile sta\u021biuni de pe malul M\u0103rii Baltice. \u00ce\u021bi voi spune c\u00e2t cost\u0103 baia, cum func\u021bioneaz\u0103 exact <strong>eticheta german\u0103 a saunei<\/strong> \u0219i unde po\u021bi dormi direct \u00een halat, chiar l\u00e2ng\u0103 termele.<\/p>\n\n\n\n<figure data-wp-context=\"{&quot;imageId&quot;:&quot;6a9c370251119&quot;}\" data-wp-interactive=\"core\/image\" data-wp-key=\"6a9c370251119\" class=\"wp-block-image size-full wp-lightbox-container\"><img decoding=\"async\" width=\"1800\" height=\"1201\" data-wp-class--hide=\"state.isContentHidden\" data-wp-class--show=\"state.isContentVisible\" data-wp-init=\"callbacks.setButtonStyles\" data-wp-on--click=\"actions.showLightbox\" data-wp-on--load=\"callbacks.setButtonStyles\" data-wp-on--pointerdown=\"actions.preloadImage\" data-wp-on--pointerenter=\"actions.preloadImageWithDelay\" data-wp-on--pointerleave=\"actions.cancelPreload\" data-wp-on-window--resize=\"callbacks.setButtonStyles\" src=\"https:\/\/loudavymkrokem.cz\/wp-content\/uploads\/2026\/09\/nemecko-clanky-termaly-nemecko-01-0dcc0000.jpg\" alt=\"Bazin cu ap\u0103 mineral\u0103 sub cupola de sticl\u0103 din Thermen &#038; Badewelt Sinsheim\" class=\"wp-image-415288\" title=\"\" srcset=\"https:\/\/loudavymkrokem.cz\/wp-content\/uploads\/2026\/09\/nemecko-clanky-termaly-nemecko-01-0dcc0000.jpg 1800w, https:\/\/loudavymkrokem.cz\/wp-content\/uploads\/2026\/09\/nemecko-clanky-termaly-nemecko-01-0dcc0000-300x200.jpg 300w, https:\/\/loudavymkrokem.cz\/wp-content\/uploads\/2026\/09\/nemecko-clanky-termaly-nemecko-01-0dcc0000-700x467.jpg 700w, https:\/\/loudavymkrokem.cz\/wp-content\/uploads\/2026\/09\/nemecko-clanky-termaly-nemecko-01-0dcc0000-768x512.jpg 768w, https:\/\/loudavymkrokem.cz\/wp-content\/uploads\/2026\/09\/nemecko-clanky-termaly-nemecko-01-0dcc0000-1536x1025.jpg 1536w, https:\/\/loudavymkrokem.cz\/wp-content\/uploads\/2026\/09\/nemecko-clanky-termaly-nemecko-01-0dcc0000-696x464.jpg 696w, https:\/\/loudavymkrokem.cz\/wp-content\/uploads\/2026\/09\/nemecko-clanky-termaly-nemecko-01-0dcc0000-1392x929.jpg 1392w\" sizes=\"(max-width: 1800px) 100vw, 1800px\" \/><button\n\t\t\tclass=\"lightbox-trigger\"\n\t\t\ttype=\"button\"\n\t\t\taria-haspopup=\"dialog\"\n\t\t\tdata-wp-bind--aria-label=\"state.thisImage.triggerButtonAriaLabel\"\n\t\t\tdata-wp-init=\"callbacks.initTriggerButton\"\n\t\t\tdata-wp-on--click=\"actions.showLightbox\"\n\t\t\tdata-wp-style--right=\"state.thisImage.buttonRight\"\n\t\t\tdata-wp-style--top=\"state.thisImage.buttonTop\"\n\t\t>\n\t\t\t<svg xmlns=\"http:\/\/www.w3.org\/2000\/svg\" width=\"12\" height=\"12\" fill=\"none\" viewBox=\"0 0 12 12\">\n\t\t\t\t<path fill=\"#fff\" d=\"M2 0a2 2 0 0 0-2 2v2h1.5V2a.5.5 0 0 1 .5-.5h2V0H2Zm2 10.5H2a.5.5 0 0 1-.5-.5V8H0v2a2 2 0 0 0 2 2h2v-1.5ZM8 12v-1.5h2a.5.5 0 0 0 .5-.5V8H12v2a2 2 0 0 1-2 2H8Zm2-12a2 2 0 0 1 2 2v2h-1.5V2a.5.5 0 0 0-.5-.5H8V0h2Z\" \/>\n\t\t\t<\/svg>\n\t\t<\/button><\/figure>\n\n\n\n<div id=\"ez-toc-container\" class=\"ez-toc-v2_0_87 ez-toc-wrap-left counter-hierarchy ez-toc-counter ez-toc-grey ez-toc-container-direction\">\n<div class=\"ez-toc-title-container\">\n<p class=\"ez-toc-title\" style=\"cursor:inherit\">Cuprinsul articolului<\/p>\n<span class=\"ez-toc-title-toggle\"><a href=\"#\" class=\"ez-toc-pull-right ez-toc-btn ez-toc-btn-xs ez-toc-btn-default ez-toc-toggle\" aria-label=\"Toggle Table of Content\"><span class=\"ez-toc-js-icon-con\"><span class=\"\"><span class=\"eztoc-hide\" style=\"display:none;\">Toggle<\/span><span class=\"ez-toc-icon-toggle-span\"><svg style=\"fill: #999;color:#999\" xmlns=\"http:\/\/www.w3.org\/2000\/svg\" class=\"list-377408\" width=\"20px\" height=\"20px\" viewBox=\"0 0 24 24\" fill=\"none\"><path d=\"M6 6H4v2h2V6zm14 0H8v2h12V6zM4 11h2v2H4v-2zm16 0H8v2h12v-2zM4 16h2v2H4v-2zm16 0H8v2h12v-2z\" fill=\"currentColor\"><\/path><\/svg><svg style=\"fill: #999;color:#999\" class=\"arrow-unsorted-368013\" xmlns=\"http:\/\/www.w3.org\/2000\/svg\" width=\"10px\" height=\"10px\" viewBox=\"0 0 24 24\" version=\"1.2\" baseProfile=\"tiny\"><path d=\"M18.2 9.3l-6.2-6.3-6.2 6.3c-.2.2-.3.4-.3.7s.1.5.3.7c.2.2.4.3.7.3h11c.3 0 .5-.1.7-.3.2-.2.3-.5.3-.7s-.1-.5-.3-.7zM5.8 14.7l6.2 6.3 6.2-6.3c.2-.2.3-.5.3-.7s-.1-.5-.3-.7c-.2-.2-.4-.3-.7-.3h-11c-.3 0-.5.1-.7.3-.2.2-.3.5-.3.7s.1.5.3.7z\"\/><\/svg><\/span><\/span><\/span><\/a><\/span><\/div>\n<nav><ul class='ez-toc-list ez-toc-list-level-1 ' ><ul class='ez-toc-list-level-3' ><li class='ez-toc-heading-level-3'><a class=\"ez-toc-link ez-toc-heading-1\" href=\"https:\/\/loudavymkrokem.cz\/ro\/bai-termale-germania\/#Rezumat_pentru_cei_care_nu_au_timp_sa_citeasca_tot_articolul\" >Rezumat pentru cei care nu au timp s\u0103 citeasc\u0103 tot articolul<\/a><\/li><\/ul><\/li><li class='ez-toc-page-1 ez-toc-heading-level-2'><a class=\"ez-toc-link ez-toc-heading-2\" href=\"https:\/\/loudavymkrokem.cz\/ro\/bai-termale-germania\/#Cum_functioneaza_baile_termale_din_Germania_si_prin_ce_difera_de_ale_noastre\" >Cum func\u021bioneaz\u0103 b\u0103ile termale din Germania (\u0219i prin ce difer\u0103 de ale noastre)<\/a><\/li><li class='ez-toc-page-1 ez-toc-heading-level-2'><a class=\"ez-toc-link ez-toc-heading-3\" href=\"https:\/\/loudavymkrokem.cz\/ro\/bai-termale-germania\/#Cat_costa_si_cand_sa_pleci\" >C\u00e2t cost\u0103 \u0219i c\u00e2nd s\u0103 pleci<\/a><\/li><li class='ez-toc-page-1 ez-toc-heading-level-2'><a class=\"ez-toc-link ez-toc-heading-4\" href=\"https:\/\/loudavymkrokem.cz\/ro\/bai-termale-germania\/#Unde_sa_te_cazezi_hotel_cu_Bademantelgang\" >Unde s\u0103 te cazezi: hotel cu Bademantelgang<\/a><\/li><li class='ez-toc-page-1 ez-toc-heading-level-2'><a class=\"ez-toc-link ez-toc-heading-5\" href=\"https:\/\/loudavymkrokem.cz\/ro\/bai-termale-germania\/#Bai_termale_in_Bavaria\" >B\u0103i termale \u00een Bavaria<\/a><ul class='ez-toc-list-level-3' ><li class='ez-toc-heading-level-3'><a class=\"ez-toc-link ez-toc-heading-6\" href=\"https:\/\/loudavymkrokem.cz\/ro\/bai-termale-germania\/#1_Therme_Erding_Erding\" >1. Therme Erding (Erding)<\/a><\/li><li class='ez-toc-page-1 ez-toc-heading-level-3'><a class=\"ez-toc-link ez-toc-heading-7\" href=\"https:\/\/loudavymkrokem.cz\/ro\/bai-termale-germania\/#2_Therme_Bad_Worishofen_Bad_Worishofen\" >2. Therme Bad W\u00f6rishofen (Bad W\u00f6rishofen)<\/a><\/li><li class='ez-toc-page-1 ez-toc-heading-level-3'><a class=\"ez-toc-link ez-toc-heading-8\" href=\"https:\/\/loudavymkrokem.cz\/ro\/bai-termale-germania\/#3_Therme_Bad_Aibling_Bad_Aibling\" >3. Therme Bad Aibling (Bad Aibling)<\/a><\/li><li class='ez-toc-page-1 ez-toc-heading-level-3'><a class=\"ez-toc-link ez-toc-heading-9\" href=\"https:\/\/loudavymkrokem.cz\/ro\/bai-termale-germania\/#4_KissSalis_Therme_Bad_Kissingen\" >4. KissSalis Therme (Bad Kissingen)<\/a><\/li><li class='ez-toc-page-1 ez-toc-heading-level-3'><a class=\"ez-toc-link ez-toc-heading-10\" href=\"https:\/\/loudavymkrokem.cz\/ro\/bai-termale-germania\/#5_Hotel_Victory_Therme_Erding_Erding\" >5. Hotel Victory Therme Erding (Erding)<\/a><\/li><li class='ez-toc-page-1 ez-toc-heading-level-3'><a class=\"ez-toc-link ez-toc-heading-11\" href=\"https:\/\/loudavymkrokem.cz\/ro\/bai-termale-germania\/#6_Franken-Therme_Bad_Windsheim\" >6. Franken-Therme (Bad Windsheim)<\/a><\/li><li class='ez-toc-page-1 ez-toc-heading-level-3'><a class=\"ez-toc-link ez-toc-heading-12\" href=\"https:\/\/loudavymkrokem.cz\/ro\/bai-termale-germania\/#7_Konigliche_Kristall-Therme_Schwangau\" >7. K\u00f6nigliche Kristall-Therme (Schwangau)<\/a><\/li><li class='ez-toc-page-1 ez-toc-heading-level-3'><a class=\"ez-toc-link ez-toc-heading-13\" href=\"https:\/\/loudavymkrokem.cz\/ro\/bai-termale-germania\/#8_Limes-Therme_Bad_Gogging\" >8. Limes-Therme (Bad G\u00f6gging)<\/a><\/li><li class='ez-toc-page-1 ez-toc-heading-level-3'><a class=\"ez-toc-link ez-toc-heading-14\" href=\"https:\/\/loudavymkrokem.cz\/ro\/bai-termale-germania\/#9_Therme_Bad_Griesbach_Bad_Griesbach\" >9. Therme Bad Griesbach (Bad Griesbach)<\/a><\/li><li class='ez-toc-page-1 ez-toc-heading-level-3'><a class=\"ez-toc-link ez-toc-heading-15\" href=\"https:\/\/loudavymkrokem.cz\/ro\/bai-termale-germania\/#10_Titania_Neusas_Neusas\" >10. Titania Neus\u00e4\u00df (Neus\u00e4\u00df)<\/a><\/li><li class='ez-toc-page-1 ez-toc-heading-level-3'><a class=\"ez-toc-link ez-toc-heading-16\" href=\"https:\/\/loudavymkrokem.cz\/ro\/bai-termale-germania\/#11_Fackelmann_Therme_Hersbruck_Hersbruck\" >11. Fackelmann Therme Hersbruck (Hersbruck)<\/a><\/li><li class='ez-toc-page-1 ez-toc-heading-level-3'><a class=\"ez-toc-link ez-toc-heading-17\" href=\"https:\/\/loudavymkrokem.cz\/ro\/bai-termale-germania\/#12_ThermeNatur_Bad_Rodach\" >12. ThermeNatur (Bad Rodach)<\/a><\/li><li class='ez-toc-page-1 ez-toc-heading-level-3'><a class=\"ez-toc-link ez-toc-heading-18\" href=\"https:\/\/loudavymkrokem.cz\/ro\/bai-termale-germania\/#13_Johannesbad_Therme_Bad_Fussing_Bad_Fussing\" >13. Johannesbad Therme Bad F\u00fcssing (Bad F\u00fcssing)<\/a><\/li><li class='ez-toc-page-1 ez-toc-heading-level-3'><a class=\"ez-toc-link ez-toc-heading-19\" href=\"https:\/\/loudavymkrokem.cz\/ro\/bai-termale-germania\/#14_Europa_Therme_Bad_Fussing\" >14. Europa Therme (Bad F\u00fcssing)<\/a><\/li><li class='ez-toc-page-1 ez-toc-heading-level-3'><a class=\"ez-toc-link ez-toc-heading-20\" href=\"https:\/\/loudavymkrokem.cz\/ro\/bai-termale-germania\/#15_Sibyllenbad_Neualbenreuth\" >15. Sibyllenbad (Neualbenreuth)<\/a><\/li><\/ul><\/li><li class='ez-toc-page-1 ez-toc-heading-level-2'><a class=\"ez-toc-link ez-toc-heading-21\" href=\"https:\/\/loudavymkrokem.cz\/ro\/bai-termale-germania\/#Bai_termale_in_Baden-Wurttemberg\" >B\u0103i termale \u00een Baden-W\u00fcrttemberg<\/a><ul class='ez-toc-list-level-3' ><li class='ez-toc-heading-level-3'><a class=\"ez-toc-link ez-toc-heading-22\" href=\"https:\/\/loudavymkrokem.cz\/ro\/bai-termale-germania\/#16_Thermen_Badewelt_Sinsheim_Sinsheim\" >16. Thermen &#038; Badewelt Sinsheim (Sinsheim)<\/a><\/li><li class='ez-toc-page-1 ez-toc-heading-level-3'><a class=\"ez-toc-link ez-toc-heading-23\" href=\"https:\/\/loudavymkrokem.cz\/ro\/bai-termale-germania\/#17_Mineraltherme_Boblingen_Boblingen\" >17. Mineraltherme B\u00f6blingen (B\u00f6blingen)<\/a><\/li><li class='ez-toc-page-1 ez-toc-heading-level-3'><a class=\"ez-toc-link ez-toc-heading-24\" href=\"https:\/\/loudavymkrokem.cz\/ro\/bai-termale-germania\/#18_Panorama_Therme_Beuren_Beuren\" >18. Panorama Therme Beuren (Beuren)<\/a><\/li><li class='ez-toc-page-1 ez-toc-heading-level-3'><a class=\"ez-toc-link ez-toc-heading-25\" href=\"https:\/\/loudavymkrokem.cz\/ro\/bai-termale-germania\/#19_Bodensee-Therme_Konstanz_Konstanz\" >19. Bodensee-Therme Konstanz (Konstanz)<\/a><\/li><li class='ez-toc-page-1 ez-toc-heading-level-3'><a class=\"ez-toc-link ez-toc-heading-26\" href=\"https:\/\/loudavymkrokem.cz\/ro\/bai-termale-germania\/#20_Adelindis_Therme_Bad_Buchau\" >20. Adelindis Therme (Bad Buchau)<\/a><\/li><li class='ez-toc-page-1 ez-toc-heading-level-3'><a class=\"ez-toc-link ez-toc-heading-27\" href=\"https:\/\/loudavymkrokem.cz\/ro\/bai-termale-germania\/#21_Sonnenhof-Therme_Bad_Saulgau\" >21. Sonnenhof-Therme (Bad Saulgau)<\/a><\/li><li class='ez-toc-page-1 ez-toc-heading-level-3'><a class=\"ez-toc-link ez-toc-heading-28\" href=\"https:\/\/loudavymkrokem.cz\/ro\/bai-termale-germania\/#22_Caracalla_Therme_Baden-Baden\" >22. Caracalla Therme (Baden-Baden)<\/a><\/li><li class='ez-toc-page-1 ez-toc-heading-level-3'><a class=\"ez-toc-link ez-toc-heading-29\" href=\"https:\/\/loudavymkrokem.cz\/ro\/bai-termale-germania\/#23_Solemar_Bad_Durrheim_Bad_Durrheim\" >23. Solemar Bad D\u00fcrrheim (Bad D\u00fcrrheim)<\/a><\/li><li class='ez-toc-page-1 ez-toc-heading-level-3'><a class=\"ez-toc-link ez-toc-heading-30\" href=\"https:\/\/loudavymkrokem.cz\/ro\/bai-termale-germania\/#24_AlbThermen_Bad_Urach\" >24. AlbThermen (Bad Urach)<\/a><\/li><li class='ez-toc-page-1 ez-toc-heading-level-3'><a class=\"ez-toc-link ez-toc-heading-31\" href=\"https:\/\/loudavymkrokem.cz\/ro\/bai-termale-germania\/#25_Friedrichsbad_Baden-Baden\" >25. Friedrichsbad (Baden-Baden)<\/a><\/li><li class='ez-toc-page-1 ez-toc-heading-level-3'><a class=\"ez-toc-link ez-toc-heading-32\" href=\"https:\/\/loudavymkrokem.cz\/ro\/bai-termale-germania\/#26_Vita_Classica_Bad_Krozingen\" >26. Vita Classica (Bad Krozingen)<\/a><\/li><\/ul><\/li><li class='ez-toc-page-1 ez-toc-heading-level-2'><a class=\"ez-toc-link ez-toc-heading-33\" href=\"https:\/\/loudavymkrokem.cz\/ro\/bai-termale-germania\/#Bai_termale_in_Renania_de_Nord-Westfalia\" >B\u0103i termale \u00een Renania de Nord-Westfalia<\/a><ul class='ez-toc-list-level-3' ><li class='ez-toc-heading-level-3'><a class=\"ez-toc-link ez-toc-heading-34\" href=\"https:\/\/loudavymkrokem.cz\/ro\/bai-termale-germania\/#27_Thermen_Badewelt_Euskirchen_Euskirchen\" >27. Thermen &#038; Badewelt Euskirchen (Euskirchen)<\/a><\/li><li class='ez-toc-page-1 ez-toc-heading-level-3'><a class=\"ez-toc-link ez-toc-heading-35\" href=\"https:\/\/loudavymkrokem.cz\/ro\/bai-termale-germania\/#28_Bali_Therme_Bad_Oeynhausen\" >28. Bali Therme (Bad Oeynhausen)<\/a><\/li><li class='ez-toc-page-1 ez-toc-heading-level-3'><a class=\"ez-toc-link ez-toc-heading-36\" href=\"https:\/\/loudavymkrokem.cz\/ro\/bai-termale-germania\/#29_Carolus_Thermen_Aachen\" >29. Carolus Thermen (Aachen)<\/a><\/li><li class='ez-toc-page-1 ez-toc-heading-level-3'><a class=\"ez-toc-link ez-toc-heading-37\" href=\"https:\/\/loudavymkrokem.cz\/ro\/bai-termale-germania\/#30_Mediterana_Bergisch_Gladbach\" >30. Mediterana (Bergisch Gladbach)<\/a><\/li><li class='ez-toc-page-1 ez-toc-heading-level-3'><a class=\"ez-toc-link ez-toc-heading-38\" href=\"https:\/\/loudavymkrokem.cz\/ro\/bai-termale-germania\/#31_Vitasol_Therme_Bad_Salzuflen\" >31. Vitasol Therme (Bad Salzuflen)<\/a><\/li><li class='ez-toc-page-1 ez-toc-heading-level-3'><a class=\"ez-toc-link ez-toc-heading-39\" href=\"https:\/\/loudavymkrokem.cz\/ro\/bai-termale-germania\/#32_Mauritius_Hotel_Therme_Koln_Koln\" >32. Mauritius Hotel &#038; Therme K\u00f6ln (K\u00f6ln)<\/a><\/li><li class='ez-toc-page-1 ez-toc-heading-level-3'><a class=\"ez-toc-link ez-toc-heading-40\" href=\"https:\/\/loudavymkrokem.cz\/ro\/bai-termale-germania\/#33_Claudius_Therme_Koln\" >33. Claudius Therme (K\u00f6ln)<\/a><\/li><\/ul><\/li><li class='ez-toc-page-1 ez-toc-heading-level-2'><a class=\"ez-toc-link ez-toc-heading-41\" href=\"https:\/\/loudavymkrokem.cz\/ro\/bai-termale-germania\/#Bai_termale_in_Hessa\" >B\u0103i termale \u00een Hessa<\/a><ul class='ez-toc-list-level-3' ><li class='ez-toc-heading-level-3'><a class=\"ez-toc-link ez-toc-heading-42\" href=\"https:\/\/loudavymkrokem.cz\/ro\/bai-termale-germania\/#34_Taunus-Therme_Bad_Homburg\" >34. Taunus-Therme (Bad Homburg)<\/a><\/li><li class='ez-toc-page-1 ez-toc-heading-level-3'><a class=\"ez-toc-link ez-toc-heading-43\" href=\"https:\/\/loudavymkrokem.cz\/ro\/bai-termale-germania\/#35_KurhessenTherme_Kassel\" >35. KurhessenTherme (Kassel)<\/a><\/li><li class='ez-toc-page-1 ez-toc-heading-level-3'><a class=\"ez-toc-link ez-toc-heading-44\" href=\"https:\/\/loudavymkrokem.cz\/ro\/bai-termale-germania\/#36_Odenwald-Therme_Bad_Konig\" >36. Odenwald-Therme (Bad K\u00f6nig)<\/a><\/li><li class='ez-toc-page-1 ez-toc-heading-level-3'><a class=\"ez-toc-link ez-toc-heading-45\" href=\"https:\/\/loudavymkrokem.cz\/ro\/bai-termale-germania\/#37_Thermalbad_Aukammtal_Wiesbaden\" >37. Thermalbad Aukammtal (Wiesbaden)<\/a><\/li><li class='ez-toc-page-1 ez-toc-heading-level-3'><a class=\"ez-toc-link ez-toc-heading-46\" href=\"https:\/\/loudavymkrokem.cz\/ro\/bai-termale-germania\/#38_Kaiser-Friedrich-Therme_Wiesbaden\" >38. Kaiser-Friedrich-Therme (Wiesbaden)<\/a><\/li><\/ul><\/li><li class='ez-toc-page-1 ez-toc-heading-level-2'><a class=\"ez-toc-link ez-toc-heading-47\" href=\"https:\/\/loudavymkrokem.cz\/ro\/bai-termale-germania\/#Bai_termale_in_Brandenburg_si_Berlin\" >B\u0103i termale \u00een Brandenburg \u0219i Berlin<\/a><ul class='ez-toc-list-level-3' ><li class='ez-toc-heading-level-3'><a class=\"ez-toc-link ez-toc-heading-48\" href=\"https:\/\/loudavymkrokem.cz\/ro\/bai-termale-germania\/#39_Havel_Therme_Werder_an_der_Havel\" >39. Havel Therme (Werder an der Havel)<\/a><\/li><li class='ez-toc-page-1 ez-toc-heading-level-3'><a class=\"ez-toc-link ez-toc-heading-49\" href=\"https:\/\/loudavymkrokem.cz\/ro\/bai-termale-germania\/#40_Spreewald_Therme_Burg\" >40. Spreewald Therme (Burg)<\/a><\/li><li class='ez-toc-page-1 ez-toc-heading-level-3'><a class=\"ez-toc-link ez-toc-heading-50\" href=\"https:\/\/loudavymkrokem.cz\/ro\/bai-termale-germania\/#41_NaturThermeTemplin_Templin\" >41. NaturThermeTemplin (Templin)<\/a><\/li><li class='ez-toc-page-1 ez-toc-heading-level-3'><a class=\"ez-toc-link ez-toc-heading-51\" href=\"https:\/\/loudavymkrokem.cz\/ro\/bai-termale-germania\/#42_Spreewelten_Bad_Lubbenau_Lubbenau\" >42. Spreewelten Bad L\u00fcbbenau (L\u00fcbbenau)<\/a><\/li><li class='ez-toc-page-1 ez-toc-heading-level-3'><a class=\"ez-toc-link ez-toc-heading-52\" href=\"https:\/\/loudavymkrokem.cz\/ro\/bai-termale-germania\/#43_Kristalltherme_Bad_Wilsnack_Bad_Wilsnack\" >43. Kristalltherme Bad Wilsnack (Bad Wilsnack)<\/a><\/li><li class='ez-toc-page-1 ez-toc-heading-level-3'><a class=\"ez-toc-link ez-toc-heading-53\" href=\"https:\/\/loudavymkrokem.cz\/ro\/bai-termale-germania\/#44_vabali_spa_Berlin_Berlin\" >44. vabali spa Berlin (Berlin)<\/a><\/li><\/ul><\/li><li class='ez-toc-page-1 ez-toc-heading-level-2'><a class=\"ez-toc-link ez-toc-heading-54\" href=\"https:\/\/loudavymkrokem.cz\/ro\/bai-termale-germania\/#Bai_termale_in_nord_Marea_Baltica_si_Marea_Nordului\" >B\u0103i termale \u00een nord: Marea Baltic\u0103 \u0219i Marea Nordului<\/a><ul class='ez-toc-list-level-3' ><li class='ez-toc-heading-level-3'><a class=\"ez-toc-link ez-toc-heading-55\" href=\"https:\/\/loudavymkrokem.cz\/ro\/bai-termale-germania\/#45_Ostsee-Therme_Scharbeutz\" >45. Ostsee-Therme (Scharbeutz)<\/a><\/li><li class='ez-toc-page-1 ez-toc-heading-level-3'><a class=\"ez-toc-link ez-toc-heading-56\" href=\"https:\/\/loudavymkrokem.cz\/ro\/bai-termale-germania\/#46_Dunen-Therme_St_Peter-Ording\" >46. D\u00fcnen-Therme (St. Peter-Ording)<\/a><\/li><li class='ez-toc-page-1 ez-toc-heading-level-3'><a class=\"ez-toc-link ez-toc-heading-57\" href=\"https:\/\/loudavymkrokem.cz\/ro\/bai-termale-germania\/#47_Ostsee_Therme_Usedom_Ahlbeck\" >47. Ostsee Therme Usedom (Ahlbeck)<\/a><\/li><\/ul><\/li><li class='ez-toc-page-1 ez-toc-heading-level-2'><a class=\"ez-toc-link ez-toc-heading-58\" href=\"https:\/\/loudavymkrokem.cz\/ro\/bai-termale-germania\/#Bai_termale_in_Saxonia_si_Turingia\" >B\u0103i termale \u00een Saxonia \u0219i Turingia<\/a><ul class='ez-toc-list-level-3' ><li class='ez-toc-heading-level-3'><a class=\"ez-toc-link ez-toc-heading-59\" href=\"https:\/\/loudavymkrokem.cz\/ro\/bai-termale-germania\/#48_Toskana_Therme_Bad_Schandau_Bad_Schandau\" >48. Toskana Therme Bad Schandau (Bad Schandau)<\/a><\/li><li class='ez-toc-page-1 ez-toc-heading-level-3'><a class=\"ez-toc-link ez-toc-heading-60\" href=\"https:\/\/loudavymkrokem.cz\/ro\/bai-termale-germania\/#49_Toskana_Therme_Bad_Sulza_Bad_Sulza\" >49. Toskana Therme Bad Sulza (Bad Sulza)<\/a><\/li><\/ul><\/li><li class='ez-toc-page-1 ez-toc-heading-level-2'><a class=\"ez-toc-link ez-toc-heading-61\" href=\"https:\/\/loudavymkrokem.cz\/ro\/bai-termale-germania\/#Bai_termale_in_Renania-Palatinat\" >B\u0103i termale \u00een Renania-Palatinat<\/a><ul class='ez-toc-list-level-3' ><li class='ez-toc-heading-level-3'><a class=\"ez-toc-link ez-toc-heading-62\" href=\"https:\/\/loudavymkrokem.cz\/ro\/bai-termale-germania\/#50_Crucenia_Thermen_Bad_Kreuznach\" >50. Crucenia Thermen (Bad Kreuznach)<\/a><\/li><li class='ez-toc-page-1 ez-toc-heading-level-3'><a class=\"ez-toc-link ez-toc-heading-63\" href=\"https:\/\/loudavymkrokem.cz\/ro\/bai-termale-germania\/#51_Emser_Therme_Bad_Ems\" >51. Emser Therme (Bad Ems)<\/a><\/li><\/ul><\/li><li class='ez-toc-page-1 ez-toc-heading-level-2'><a class=\"ez-toc-link ez-toc-heading-64\" href=\"https:\/\/loudavymkrokem.cz\/ro\/bai-termale-germania\/#Ghid_practic_ce_sa_iei_cu_copiii_si_in_bani_cash\" >Ghid practic: ce s\u0103 iei, cu copiii \u0219i \u00een bani cash<\/a><\/li><li class='ez-toc-page-1 ez-toc-heading-level-2'><a class=\"ez-toc-link ez-toc-heading-65\" href=\"https:\/\/loudavymkrokem.cz\/ro\/bai-termale-germania\/#Unde_mai_departe_alte_articole_despre_bai_termale_si_wellness\" >Unde mai departe: alte articole despre b\u0103i termale \u0219i wellness<\/a><\/li><li class='ez-toc-page-1 ez-toc-heading-level-2'><a class=\"ez-toc-link ez-toc-heading-66\" href=\"https:\/\/loudavymkrokem.cz\/ro\/bai-termale-germania\/#Intrebari_frecvente\" >\u00centreb\u0103ri frecvente<\/a><ul class='ez-toc-list-level-3' ><li class='ez-toc-heading-level-3'><a class=\"ez-toc-link ez-toc-heading-67\" href=\"https:\/\/loudavymkrokem.cz\/ro\/bai-termale-germania\/#Care_este_cel_mai_mare_terma_din_Germania\" >Care este cel mai mare term\u0103 din Germania?<\/a><\/li><li class='ez-toc-page-1 ez-toc-heading-level-3'><a class=\"ez-toc-link ez-toc-heading-68\" href=\"https:\/\/loudavymkrokem.cz\/ro\/bai-termale-germania\/#Cat_costa_intrarea_la_o_terma_din_Germania\" >C\u00e2t cost\u0103 intrarea la o term\u0103 din Germania?<\/a><\/li><li class='ez-toc-page-1 ez-toc-heading-level-3'><a class=\"ez-toc-link ez-toc-heading-69\" href=\"https:\/\/loudavymkrokem.cz\/ro\/bai-termale-germania\/#Trebuie_sa_mergi_dezbracat_in_sauna_germana\" >Trebuie s\u0103 mergi dezbr\u0103cat \u00een sauna german\u0103?<\/a><\/li><li class='ez-toc-page-1 ez-toc-heading-level-3'><a class=\"ez-toc-link ez-toc-heading-70\" href=\"https:\/\/loudavymkrokem.cz\/ro\/bai-termale-germania\/#Care_sunt_termele_germane_cele_mai_apropiate_de_Romania\" >Care sunt termele germane cele mai apropiate de Rom\u00e2nia?<\/a><\/li><li class='ez-toc-page-1 ez-toc-heading-level-3'><a class=\"ez-toc-link ez-toc-heading-71\" href=\"https:\/\/loudavymkrokem.cz\/ro\/bai-termale-germania\/#Pot_merge_copiii_la_termele_din_Germania\" >Pot merge copiii la termele din Germania?<\/a><\/li><li class='ez-toc-page-1 ez-toc-heading-level-3'><a class=\"ez-toc-link ez-toc-heading-72\" href=\"https:\/\/loudavymkrokem.cz\/ro\/bai-termale-germania\/#Ce_inseamna_Bademantelgang\" >Ce \u00eenseamn\u0103 Bademantelgang?<\/a><\/li><li class='ez-toc-page-1 ez-toc-heading-level-3'><a class=\"ez-toc-link ez-toc-heading-73\" href=\"https:\/\/loudavymkrokem.cz\/ro\/bai-termale-germania\/#Trebuie_sa_imi_iau_propriul_prosop_si_halat\" >Trebuie s\u0103 \u00eemi iau propriul prosop \u0219i halat?<\/a><\/li><li class='ez-toc-page-1 ez-toc-heading-level-3'><a class=\"ez-toc-link ez-toc-heading-74\" href=\"https:\/\/loudavymkrokem.cz\/ro\/bai-termale-germania\/#Cand_sunt_termele_din_Germania_cel_mai_putin_aglomerate\" >C\u00e2nd sunt termele din Germania cel mai pu\u021bin aglomerate?<\/a><\/li><li class='ez-toc-page-1 ez-toc-heading-level-3'><a class=\"ez-toc-link ez-toc-heading-75\" href=\"https:\/\/loudavymkrokem.cz\/ro\/bai-termale-germania\/#Se_plateste_taxa_de_statiune_in_Germania\" >Se pl\u0103te\u0219te tax\u0103 de sta\u021biune \u00een Germania?<\/a><\/li><li class='ez-toc-page-1 ez-toc-heading-level-3'><a class=\"ez-toc-link ez-toc-heading-76\" href=\"https:\/\/loudavymkrokem.cz\/ro\/bai-termale-germania\/#Care_terma_din_Germania_este_cea_mai_potrivita_pentru_familii_cu_copii\" >Care term\u0103 din Germania este cea mai potrivit\u0103 pentru familii cu copii?<\/a><\/li><\/ul><\/li><\/ul><\/nav><\/div>\n<h3 class=\"wp-block-heading\"><span class=\"ez-toc-section\" id=\"Rezumat_pentru_cei_care_nu_au_timp_sa_citeasca_tot_articolul\"><\/span>Rezumat pentru cei care nu au timp s\u0103 citeasc\u0103 tot articolul<span class=\"ez-toc-section-end\"><\/span><\/h3>\n\n\n\n<ul class=\"wp-block-list\">\n\n<li><strong>Cea mai mare \u0219i cea mai cunoscut\u0103<\/strong> este Therme Erding din Bavaria, care, potrivit propriului site, se nume\u0219te cea mai mare baie termal\u0103 din lume: 40 de bazine \u0219i 38 de saune \u0219i b\u0103i de aburi.<\/li>\n\n\n\n<li><strong>Un paradis tropical<\/strong> cu sute de palmieri vei tr\u0103i la Thermen &#038; Badewelt Sinsheim \u0219i Thermen &#038; Badewelt Euskirchen.<\/li>\n\n\n\n<li><strong>Cele mai apropiate<\/strong> sunt \u00eendr\u0103gita Sibyllenbad, la grani\u021ba vestic\u0103, sau minunata Toskana Therme Bad Schandau.<\/li>\n\n\n\n<li><strong>Pentru familiile cu copii<\/strong> se potrive\u0219te Erding, \u00een timp ce multe alte sta\u021biuni (de exemplu Sinsheim) permit intrarea strict de la 16 ani.<\/li>\n\n\n\n<li><strong>Stilul balinez<\/strong> \u0219i atmosfera oriental\u0103 le vei savura la Bali Therme sau la vabali spa Berlin.<\/li>\n\n\n\n<li><strong>Pre\u021bul obi\u0219nuit<\/strong> pentru dou\u0103-trei ore de baie se situeaz\u0103 \u00eentre 15 \u0219i 25 de euro.<\/li>\n\n\n\n<li><strong>Saunatul se face gol<\/strong>, a\u0219a-numita zon\u0103 textilfreie este \u00een Germania un standard de igien\u0103, iar costumul de baie pur \u0219i simplu nu are ce c\u0103uta la saun\u0103.<\/li>\n\n\n\n<li><strong>Tarifele pe timp<\/strong> sunt \u00een\u0219el\u0103toare, pentru c\u0103 se pl\u0103tesc pe un num\u0103r exact de ore, iar pentru dep\u0103\u0219ire se achit\u0103 supliment.<\/li>\n\n\n\n<li><strong>Un hotel cu Bademantelgang<\/strong> este cea mai bun\u0103 inven\u021bie, pentru c\u0103 din camer\u0103 ajungi direct la bazin, doar \u00een halat.<\/li>\n\n\n<\/ul>\n\n\n\n<figure data-wp-context=\"{&quot;imageId&quot;:&quot;6a9c370251b03&quot;}\" data-wp-interactive=\"core\/image\" data-wp-key=\"6a9c370251b03\" class=\"wp-block-image size-full wp-lightbox-container\"><img decoding=\"async\" width=\"1800\" height=\"1201\" data-wp-class--hide=\"state.isContentHidden\" data-wp-class--show=\"state.isContentVisible\" data-wp-init=\"callbacks.setButtonStyles\" data-wp-on--click=\"actions.showLightbox\" data-wp-on--load=\"callbacks.setButtonStyles\" data-wp-on--pointerdown=\"actions.preloadImage\" data-wp-on--pointerenter=\"actions.preloadImageWithDelay\" data-wp-on--pointerleave=\"actions.cancelPreload\" data-wp-on-window--resize=\"callbacks.setButtonStyles\" src=\"https:\/\/loudavymkrokem.cz\/wp-content\/uploads\/2026\/09\/nemecko-clanky-termaly-nemecko-02-a0bf9c2b.jpg\" alt=\"Ceremonia de saun\u0103 Aufguss \u00een peisajul de saune al Thermen &#038; Badewelt Sinsheim\" class=\"wp-image-415289\" title=\"\" srcset=\"https:\/\/loudavymkrokem.cz\/wp-content\/uploads\/2026\/09\/nemecko-clanky-termaly-nemecko-02-a0bf9c2b.jpg 1800w, https:\/\/loudavymkrokem.cz\/wp-content\/uploads\/2026\/09\/nemecko-clanky-termaly-nemecko-02-a0bf9c2b-300x200.jpg 300w, https:\/\/loudavymkrokem.cz\/wp-content\/uploads\/2026\/09\/nemecko-clanky-termaly-nemecko-02-a0bf9c2b-700x467.jpg 700w, https:\/\/loudavymkrokem.cz\/wp-content\/uploads\/2026\/09\/nemecko-clanky-termaly-nemecko-02-a0bf9c2b-768x512.jpg 768w, https:\/\/loudavymkrokem.cz\/wp-content\/uploads\/2026\/09\/nemecko-clanky-termaly-nemecko-02-a0bf9c2b-1536x1025.jpg 1536w, https:\/\/loudavymkrokem.cz\/wp-content\/uploads\/2026\/09\/nemecko-clanky-termaly-nemecko-02-a0bf9c2b-696x464.jpg 696w, https:\/\/loudavymkrokem.cz\/wp-content\/uploads\/2026\/09\/nemecko-clanky-termaly-nemecko-02-a0bf9c2b-1392x929.jpg 1392w\" sizes=\"(max-width: 1800px) 100vw, 1800px\" \/><button\n\t\t\tclass=\"lightbox-trigger\"\n\t\t\ttype=\"button\"\n\t\t\taria-haspopup=\"dialog\"\n\t\t\tdata-wp-bind--aria-label=\"state.thisImage.triggerButtonAriaLabel\"\n\t\t\tdata-wp-init=\"callbacks.initTriggerButton\"\n\t\t\tdata-wp-on--click=\"actions.showLightbox\"\n\t\t\tdata-wp-style--right=\"state.thisImage.buttonRight\"\n\t\t\tdata-wp-style--top=\"state.thisImage.buttonTop\"\n\t\t>\n\t\t\t<svg xmlns=\"http:\/\/www.w3.org\/2000\/svg\" width=\"12\" height=\"12\" fill=\"none\" viewBox=\"0 0 12 12\">\n\t\t\t\t<path fill=\"#fff\" d=\"M2 0a2 2 0 0 0-2 2v2h1.5V2a.5.5 0 0 1 .5-.5h2V0H2Zm2 10.5H2a.5.5 0 0 1-.5-.5V8H0v2a2 2 0 0 0 2 2h2v-1.5ZM8 12v-1.5h2a.5.5 0 0 0 .5-.5V8H12v2a2 2 0 0 1-2 2H8Zm2-12a2 2 0 0 1 2 2v2h-1.5V2a.5.5 0 0 0-.5-.5H8V0h2Z\" \/>\n\t\t\t<\/svg>\n\t\t<\/button><\/figure>\n\n\n\n<h2 class=\"wp-block-heading\"><span class=\"ez-toc-section\" id=\"Cum_functioneaza_baile_termale_din_Germania_si_prin_ce_difera_de_ale_noastre\"><\/span>Cum func\u021bioneaz\u0103 b\u0103ile termale din Germania (\u0219i prin ce difer\u0103 de ale noastre)<span class=\"ez-toc-section-end\"><\/span><\/h2>\n\n\n\n<p class=\"wp-block-paragraph\">La vecinii germani, intrarea se cump\u0103r\u0103 rareori direct pentru toat\u0103 ziua. Standard sunt <strong>tarifele pe dou\u0103 p\u00e2n\u0103 la patru ore<\/strong>, iar timpul curge implacabil deja de la trecerea prin turnichet. Dac\u0103 z\u0103bove\u0219ti \u00een jacuzzi, nu se \u00eent\u00e2mpl\u0103 nimic grav, dar \u021bine cont c\u0103 \u021bi se va factura un <strong>supliment pentru dep\u0103\u0219ire<\/strong>. De exemplu, la Europa Therme Bad F\u00fcssing este un euro pentru fiecare jum\u0103tate de or\u0103 \u00eenceput\u0103.<\/p>\n\n\n\n<p class=\"wp-block-paragraph\">O alt\u0103 mare diferen\u021b\u0103 const\u0103 \u00een \u00eemp\u0103r\u021birea pe zone. Intrarea de baz\u0103 este de obicei valabil\u0103 doar pentru bazinele termale, iar pentru saune se pl\u0103te\u0219te separat. Po\u021bi cump\u0103ra deci fie <strong>un bilet separat, fie un tarif combinat mai avantajos<\/strong>. \u00cens\u0103, de \u00eendat\u0103 ce treci de u\u0219a spre lumea saunelor, trebuie s\u0103 la\u0219i costumul de baie \u00een cuier, pentru c\u0103 saunele germane sunt <strong>strict a\u0219a-numite textilfreie<\/strong> (f\u0103r\u0103 costum de baie).<\/p>\n\n\n\n<p class=\"wp-block-paragraph\">Regula de aur a igienei este apoi <strong>prosopul obligatoriu sub tot corpul<\/strong>. La saun\u0103 nu ai voie s\u0103 te a\u0219ezi cu pielea goal\u0103 direct pe lemn, inclusiv t\u0103lpile, a\u0219a c\u0103 un prosop cu adev\u0103rat mare este o necesitate absolut\u0103. Dac\u0103 nu ai, \u00een majoritatea sta\u021biunilor func\u021bioneaz\u0103 o <strong>\u00eenchiriere de halate \u0219i prosoape<\/strong>, unde \u021bi le pun bucuro\u0219i la dispozi\u021bie contra unei taxe \u0219i a unei garan\u021bii returnabile.<\/p>\n\n\n\n<p class=\"wp-block-paragraph\">Un capitol aparte \u00eel reprezint\u0103 ceremoniile de saun\u0103, c\u0103rora \u00een german\u0103 li se spune Aufguss. Sunt conduse de un <strong>Saunameister experimentat<\/strong>, exact conform programului afi\u0219at l\u00e2ng\u0103 fiecare cabin\u0103. De \u00eendat\u0103 ce u\u0219a se \u00eenchide \u0219i \u00eencepe turnarea apei pe pietre, <strong>nu te mai las\u0103 nimeni \u00een\u0103untru<\/strong>, a\u0219a c\u0103 e mai bine s\u0103 ajungi cu pu\u021bin timp \u00eenainte.<\/p>\n\n\n\n<p class=\"wp-block-paragraph\">\u00centregul sejur este pe deasupra extrem de lipsit de griji datorit\u0103 tehnologiilor inteligente. \u00cen loc de portofel, <strong>prime\u0219ti un cip sau o br\u0103\u021bar\u0103<\/strong>, cu care \u00eencui dulapul \u0219i pl\u0103te\u0219ti cafeaua sau masajul. Femeile ar trebui apoi s\u0103 \u0219tie c\u0103 multe sta\u021biuni, cum ar fi Bodensee-Therme Konstanz, ofer\u0103 \u0219i <strong>zile speciale de saun\u0103 pentru doamne<\/strong>, c\u00e2nd tot spa\u021biul le este rezervat doar lor.<\/p>\n\n\n\n<figure data-wp-context=\"{&quot;imageId&quot;:&quot;6a9c3702523ab&quot;}\" data-wp-interactive=\"core\/image\" data-wp-key=\"6a9c3702523ab\" class=\"wp-block-image size-full wp-lightbox-container\"><img decoding=\"async\" width=\"1800\" height=\"1012\" data-wp-class--hide=\"state.isContentHidden\" data-wp-class--show=\"state.isContentVisible\" data-wp-init=\"callbacks.setButtonStyles\" data-wp-on--click=\"actions.showLightbox\" data-wp-on--load=\"callbacks.setButtonStyles\" data-wp-on--pointerdown=\"actions.preloadImage\" data-wp-on--pointerenter=\"actions.preloadImageWithDelay\" data-wp-on--pointerleave=\"actions.cancelPreload\" data-wp-on-window--resize=\"callbacks.setButtonStyles\" src=\"https:\/\/loudavymkrokem.cz\/wp-content\/uploads\/2026\/09\/nemecko-clanky-termaly-nemecko-03-ffbe5d3a.jpg\" alt=\"Bazin interior \u00een stil oriental \u00een lumea saunelor de la Mediterana\" class=\"wp-image-415290\" title=\"\" srcset=\"https:\/\/loudavymkrokem.cz\/wp-content\/uploads\/2026\/09\/nemecko-clanky-termaly-nemecko-03-ffbe5d3a.jpg 1800w, https:\/\/loudavymkrokem.cz\/wp-content\/uploads\/2026\/09\/nemecko-clanky-termaly-nemecko-03-ffbe5d3a-300x169.jpg 300w, https:\/\/loudavymkrokem.cz\/wp-content\/uploads\/2026\/09\/nemecko-clanky-termaly-nemecko-03-ffbe5d3a-700x394.jpg 700w, https:\/\/loudavymkrokem.cz\/wp-content\/uploads\/2026\/09\/nemecko-clanky-termaly-nemecko-03-ffbe5d3a-768x432.jpg 768w, https:\/\/loudavymkrokem.cz\/wp-content\/uploads\/2026\/09\/nemecko-clanky-termaly-nemecko-03-ffbe5d3a-1536x864.jpg 1536w, https:\/\/loudavymkrokem.cz\/wp-content\/uploads\/2026\/09\/nemecko-clanky-termaly-nemecko-03-ffbe5d3a-696x391.jpg 696w, https:\/\/loudavymkrokem.cz\/wp-content\/uploads\/2026\/09\/nemecko-clanky-termaly-nemecko-03-ffbe5d3a-1392x783.jpg 1392w\" sizes=\"(max-width: 1800px) 100vw, 1800px\" \/><button\n\t\t\tclass=\"lightbox-trigger\"\n\t\t\ttype=\"button\"\n\t\t\taria-haspopup=\"dialog\"\n\t\t\tdata-wp-bind--aria-label=\"state.thisImage.triggerButtonAriaLabel\"\n\t\t\tdata-wp-init=\"callbacks.initTriggerButton\"\n\t\t\tdata-wp-on--click=\"actions.showLightbox\"\n\t\t\tdata-wp-style--right=\"state.thisImage.buttonRight\"\n\t\t\tdata-wp-style--top=\"state.thisImage.buttonTop\"\n\t\t>\n\t\t\t<svg xmlns=\"http:\/\/www.w3.org\/2000\/svg\" width=\"12\" height=\"12\" fill=\"none\" viewBox=\"0 0 12 12\">\n\t\t\t\t<path fill=\"#fff\" d=\"M2 0a2 2 0 0 0-2 2v2h1.5V2a.5.5 0 0 1 .5-.5h2V0H2Zm2 10.5H2a.5.5 0 0 1-.5-.5V8H0v2a2 2 0 0 0 2 2h2v-1.5ZM8 12v-1.5h2a.5.5 0 0 0 .5-.5V8H12v2a2 2 0 0 1-2 2H8Zm2-12a2 2 0 0 1 2 2v2h-1.5V2a.5.5 0 0 0-.5-.5H8V0h2Z\" \/>\n\t\t\t<\/svg>\n\t\t<\/button><\/figure>\n\n\n\n<h2 class=\"wp-block-heading\"><span class=\"ez-toc-section\" id=\"Cat_costa_si_cand_sa_pleci\"><\/span>C\u00e2t cost\u0103 \u0219i c\u00e2nd s\u0103 pleci<span class=\"ez-toc-section-end\"><\/span><\/h2>\n\n\n\n<p class=\"wp-block-paragraph\">Pre\u021burile (conform listelor din 2026) depind, evident, de c\u00e2t lux \u00ee\u021bi permi\u021bi. Cele mai <strong>ieftine b\u0103i termale<\/strong>, precum Sibyllenbad, te vor costa uneori doar 9 euro pentru dou\u0103 ore. Majoritatea sta\u021biunilor clasice se situeaz\u0103 \u00eens\u0103, cu o intrare mai scurt\u0103, undeva \u00een jur de 15 p\u00e2n\u0103 la 20 de euro. \u00cen schimb, pentru <strong>complexele tropicale uria\u0219e<\/strong> precum Therme Bad W\u00f6rishofen dai lini\u0219tit chiar \u0219i 51 de euro pentru un bilet de o zi \u00eentreag\u0103. Pre\u021burile se pot, desigur, schimba \u00een timp.<\/p>\n\n\n\n<p class=\"wp-block-paragraph\">Dac\u0103 vrei s\u0103 economise\u0219ti pu\u021bin, merit\u0103 s\u0103 explorezi ofertele speciale. Multe locuri ofer\u0103 <strong>tarife reduse de diminea\u021b\u0103 sau de sear\u0103<\/strong>, c\u0103rora li se spune adesea Feierabendtarif. \u00cen schimb, weekendurile \u0219i s\u0103rb\u0103torile legale sunt mai scumpe, pentru c\u0103 operatorii adaug\u0103 \u00een mod obi\u0219nuit la pre\u021bul de baz\u0103 un <strong>supliment de weekend<\/strong> \u00een valoare de doi p\u00e2n\u0103 la trei euro.<\/p>\n\n\n\n<p class=\"wp-block-paragraph\">Familiile cu copii ar trebui s\u0103 verifice din timp dac\u0103 sta\u021biunea prime\u0219te m\u0103car vizitatori copii. \u00cen timp ce unele complexe v\u00e2nd <strong>tarife de familie avantajoase<\/strong>, \u00een altele, precum luxoasele Badewelt, se aplic\u0103 o intrare strict\u0103 de la 16 ani. Cel mai mare calm \u00eel vei savura \u00een <strong>dimine\u021bile din timpul s\u0103pt\u0103m\u00e2nii<\/strong>, ideal \u00een afara aglomeratelor vacan\u021be \u0219colare germane.<\/p>\n\n\n\n<p class=\"wp-block-paragraph\">\u00cen sezonul de iarn\u0103, bazinele fierbin\u021bi exterioare sunt, evident, pline ochi, a\u0219a c\u0103 lunile de var\u0103 promit o atmosfer\u0103 mult mai intim\u0103. Nu uita, de asemenea, c\u0103 \u00een ora\u0219ele-sta\u021biune se pl\u0103te\u0219te o tax\u0103 de cazare numit\u0103 Kurbeitrag. \u00cen schimbul ei <strong>prime\u0219ti \u00eens\u0103 un practic G\u00e4stekarte<\/strong>, cu care apoi ai adesea dreptul la reduceri pl\u0103cute la intrare.<\/p>\n\n\n\n<figure data-wp-context=\"{&quot;imageId&quot;:&quot;6a9c370252bed&quot;}\" data-wp-interactive=\"core\/image\" data-wp-key=\"6a9c370252bed\" class=\"wp-block-image size-full wp-lightbox-container\"><img decoding=\"async\" width=\"1800\" height=\"1201\" data-wp-class--hide=\"state.isContentHidden\" data-wp-class--show=\"state.isContentVisible\" data-wp-init=\"callbacks.setButtonStyles\" data-wp-on--click=\"actions.showLightbox\" data-wp-on--load=\"callbacks.setButtonStyles\" data-wp-on--pointerdown=\"actions.preloadImage\" data-wp-on--pointerenter=\"actions.preloadImageWithDelay\" data-wp-on--pointerleave=\"actions.cancelPreload\" data-wp-on-window--resize=\"callbacks.setButtonStyles\" src=\"https:\/\/loudavymkrokem.cz\/wp-content\/uploads\/2026\/09\/nemecko-clanky-termaly-nemecko-04-a6d37903.jpg\" alt=\"Oaspete \u00een halat \u00een gr\u0103dina Thermen &#038; Badewelt Euskirchen\" class=\"wp-image-415291\" title=\"\" srcset=\"https:\/\/loudavymkrokem.cz\/wp-content\/uploads\/2026\/09\/nemecko-clanky-termaly-nemecko-04-a6d37903.jpg 1800w, https:\/\/loudavymkrokem.cz\/wp-content\/uploads\/2026\/09\/nemecko-clanky-termaly-nemecko-04-a6d37903-300x200.jpg 300w, https:\/\/loudavymkrokem.cz\/wp-content\/uploads\/2026\/09\/nemecko-clanky-termaly-nemecko-04-a6d37903-700x467.jpg 700w, https:\/\/loudavymkrokem.cz\/wp-content\/uploads\/2026\/09\/nemecko-clanky-termaly-nemecko-04-a6d37903-768x512.jpg 768w, https:\/\/loudavymkrokem.cz\/wp-content\/uploads\/2026\/09\/nemecko-clanky-termaly-nemecko-04-a6d37903-1536x1025.jpg 1536w, https:\/\/loudavymkrokem.cz\/wp-content\/uploads\/2026\/09\/nemecko-clanky-termaly-nemecko-04-a6d37903-696x464.jpg 696w, https:\/\/loudavymkrokem.cz\/wp-content\/uploads\/2026\/09\/nemecko-clanky-termaly-nemecko-04-a6d37903-1392x929.jpg 1392w\" sizes=\"(max-width: 1800px) 100vw, 1800px\" \/><button\n\t\t\tclass=\"lightbox-trigger\"\n\t\t\ttype=\"button\"\n\t\t\taria-haspopup=\"dialog\"\n\t\t\tdata-wp-bind--aria-label=\"state.thisImage.triggerButtonAriaLabel\"\n\t\t\tdata-wp-init=\"callbacks.initTriggerButton\"\n\t\t\tdata-wp-on--click=\"actions.showLightbox\"\n\t\t\tdata-wp-style--right=\"state.thisImage.buttonRight\"\n\t\t\tdata-wp-style--top=\"state.thisImage.buttonTop\"\n\t\t>\n\t\t\t<svg xmlns=\"http:\/\/www.w3.org\/2000\/svg\" width=\"12\" height=\"12\" fill=\"none\" viewBox=\"0 0 12 12\">\n\t\t\t\t<path fill=\"#fff\" d=\"M2 0a2 2 0 0 0-2 2v2h1.5V2a.5.5 0 0 1 .5-.5h2V0H2Zm2 10.5H2a.5.5 0 0 1-.5-.5V8H0v2a2 2 0 0 0 2 2h2v-1.5ZM8 12v-1.5h2a.5.5 0 0 0 .5-.5V8H12v2a2 2 0 0 1-2 2H8Zm2-12a2 2 0 0 1 2 2v2h-1.5V2a.5.5 0 0 0-.5-.5H8V0h2Z\" \/>\n\t\t\t<\/svg>\n\t\t<\/button><\/figure>\n\n\n\n<h2 class=\"wp-block-heading\"><span class=\"ez-toc-section\" id=\"Unde_sa_te_cazezi_hotel_cu_Bademantelgang\"><\/span>Unde s\u0103 te cazezi: hotel cu Bademantelgang<span class=\"ez-toc-section-end\"><\/span><\/h2>\n\n\n\n<p class=\"wp-block-paragraph\"><em>\ud83d\udca1 Sfat pentru cazare \u0219i experien\u021be: Cazarea \u00een zon\u0103 <a href=\"https:\/\/www.stay22.com\/allez\/roam?aid=lukaskonecny&#038;campaign=loudavymkrokemcz&#038;address=N%C4%9Bmecko\" target=\"_blank\" rel=\"nofollow noopener sponsored\">o compar\u0103m aici<\/a>, ca s\u0103 vezi ce e liber \u0219i la ce pre\u021b. Prefer\u0103m s\u0103 c\u0103ut\u0103m cazarea pe <a href=\"https:\/\/www.booking.com\/searchresults.html?ss=N%C4%9Bmecko&#038;aid=2397601\" target=\"_blank\" rel=\"nofollow noopener sponsored\">Booking.com<\/a>, unde de obicei sunt cele mai bune condi\u021bii de anulare. Biletele, excursiile \u0219i activit\u0103\u021bile merit\u0103 apoi comparate \u0219i cump\u0103rate prin <a href=\"https:\/\/www.getyourguide.com\/s\/?q=N%C4%9Bmecko&#038;partner_id=MKZ64IS\" target=\"_blank\" rel=\"nofollow noopener sponsored\">GetYourGuide<\/a>.<\/em><\/p>\n\n\n\n<p class=\"wp-block-paragraph\">Dac\u0103 exist\u0103 ceva care ridic\u0103 un weekend la b\u0103i la un cu totul alt nivel, acela este a\u0219a-numitul Bademantelgang. Literalmente \u00eenseamn\u0103 <strong>coridor pentru halate<\/strong> \u0219i e vorba de un tunel din sticl\u0103 sau subteran care leag\u0103 hotelul t\u0103u direct de complexul termal. Diminea\u021ba pur \u0219i simplu te ridici din pat, \u00eembraci halatul \u0219i <strong>ajungi \u00een papuci direct la bazin<\/strong>.<\/p>\n\n\n\n<p class=\"wp-block-paragraph\">\u00ce\u021bi dispare astfel \u00eembr\u0103catul complicat, \u00eendesatul gen\u021bilor \u00een dulapuri \u0219i traversatul str\u0103zii pe gerul iernii. Majoritatea acestor caz\u0103ri ofer\u0103 pe deasupra <strong>intrarea la bazine inclus\u0103 \u00een pre\u021bul nop\u021bii<\/strong>, ceea ce, \u00een final, e enorm de avantajos. Toate aceste comori le po\u021bi g\u0103si \u0219i rezerva u\u0219or prin Booking, unde vezi imediat \u0219i recenziile reale.<\/p>\n\n\n\n<p class=\"wp-block-paragraph\"><strong><a href=\"https:\/\/www.stay22.com\/allez\/roam?aid=lukaskonecny&#038;campaign=loudavymkrokemcz&#038;campaign=termaly-nemecko&#038;hotelname=Hotel%20Victory%20Therme%20Erding&#038;address=Erding%2C%20Nemecko\" target=\"_blank\" rel=\"noopener nofollow sponsored\">Hotel Victory Therme Erding<\/a><\/strong> din bavarezul Erding se afl\u0103 chiar \u00een interiorul uria\u0219ului complex termal. Camerele amintesc de o replic\u0103 a celebrei nave HMS Victory sau de un palazzo vene\u021bian, iar oaspe\u021bii hotelului au <strong>\u00een pre\u021bul nop\u021bii \u0219i accesul direct din lobby<\/strong> la terme, inclusiv zonele VitalOase \u0219i VitalTherme &#038; Saunen.<\/p>\n\n\n\n<p class=\"wp-block-paragraph\"><strong><a href=\"https:\/\/www.stay22.com\/allez\/roam?aid=lukaskonecny&#038;campaign=loudavymkrokemcz&#038;campaign=termaly-nemecko&#038;hotelname=Thermenhotel%20Gass&#038;address=Bad%20Fussing%2C%20Nemecko\" target=\"_blank\" rel=\"noopener nofollow sponsored\">Thermenhotel Gass<\/a><\/strong> din bavarezul Bad F\u00fcssing este un hotel de trei stele superior \u0219i unul dintre pu\u021binele locuri din ora\u0219 cu bazine proprii. Sunt <strong>umplute cu ap\u0103 termal\u0103 sulfuroas\u0103<\/strong> pompat\u0103 direct din \u00eendr\u0103gita Therme 1 \u0219i vei g\u0103si aici \u0219i un wellness excelent, cu saun\u0103 bio, saun\u0103 finlandez\u0103, cabin\u0103 cu infraro\u0219u \u0219i baie de aburi.<\/p>\n\n\n\n<p class=\"wp-block-paragraph\"><strong><a href=\"https:\/\/www.stay22.com\/allez\/roam?aid=lukaskonecny&#038;campaign=loudavymkrokemcz&#038;campaign=termaly-nemecko&#038;hotelname=Hotel%20an%20der%20Therme%20Bad%20Sulza&#038;address=Bad%20Sulza%2C%20Nemecko\" target=\"_blank\" rel=\"noopener nofollow sponsored\">Hotel an der Therme Bad Sulza<\/a><\/strong> din Turingia face parte din grupul Toskanaworld, iar de Toskana Therme \u00eel leag\u0103 tocmai visatul Bademantelgang. \u00cen pre\u021bul nop\u021bii ai <strong>acces imediat la terme, inclusiv la lumea saunelor<\/strong> \u0219i te vor bucura cu siguran\u021b\u0103 \u0219i micul dejun excelent sau camerele spa\u021bioase, renovate.<\/p>\n\n\n\n<p class=\"wp-block-paragraph\"><strong><a href=\"https:\/\/www.stay22.com\/allez\/roam?aid=lukaskonecny&#038;campaign=loudavymkrokemcz&#038;campaign=termaly-nemecko&#038;hotelname=Mauritius%20Hotel%20%26%20Therme&#038;address=Kolin%20nad%20Rynem%2C%20Nemecko\" target=\"_blank\" rel=\"noopener nofollow sponsored\">Mauritius Hotel &#038; Therme<\/a><\/strong> se afl\u0103 chiar \u00een K\u00f6ln \u0219i se m\u00e2ndre\u0219te cu patru stele \u0219i un wellness uria\u0219, de 3.500 de metri p\u0103tra\u021bi. Vei g\u0103si aici \u0219apte saune, dou\u0103 jacuzzi \u0219i un <strong>bazin exterior cu sare de la Marea Moart\u0103<\/strong>, iar oaspetele hotelului pl\u0103te\u0219te pentru acest lux doar 10 euro simbolici pe zi (\u0219i asta chiar \u00een ziua plec\u0103rii).<\/p>\n\n\n\n<p class=\"wp-block-paragraph\"><strong><a href=\"https:\/\/www.stay22.com\/allez\/roam?aid=lukaskonecny&#038;campaign=loudavymkrokemcz&#038;campaign=termaly-nemecko&#038;hotelname=Hotel%20Zum%20Rittmeister&#038;address=Werder%20Havel%2C%20Nemecko\" target=\"_blank\" rel=\"noopener nofollow sponsored\">Hotel Zum Rittmeister<\/a><\/strong> din ora\u0219ul brandenburghez Werder ofer\u0103 35 de camere primitoare \u0219i mic dejun excelent din produse locale, regionale. Oaspe\u021bii caza\u021bi aici, dup\u0103 plata taxei de sta\u021biune \u0219i prezentarea G\u00e4stekarte, primesc <strong>intrare cu reducere la apropiata Havel Therme<\/strong>, mai ales \u00een timpul s\u0103pt\u0103m\u00e2nii.<\/p>\n\n\n\n<p class=\"wp-block-paragraph\"><strong><a href=\"https:\/\/www.stay22.com\/allez\/roam?aid=lukaskonecny&#038;campaign=loudavymkrokemcz&#038;campaign=termaly-nemecko&#038;hotelname=Hotel%20Palatin&#038;address=Wiesloch%2C%20Nemecko\" target=\"_blank\" rel=\"noopener nofollow sponsored\">Hotel Palatin<\/a><\/strong> din Wiesloch, \u00een landul Baden-W\u00fcrttemberg, func\u021bioneaz\u0103 ca hotel partener oficial al renumitului complex Thermen &#038; Badewelt Sinsheim. Ofer\u0103 pachete foarte <strong>avantajoase cu noapte \u0219i mic dejun<\/strong>, care includ direct \u0219i biletul la terme, \u00eencep\u00e2nd deja de la 79 de euro de persoan\u0103.<\/p>\n\n\n\n<p class=\"wp-block-paragraph\"><strong>\ud83d\udca1 Sfat:<\/strong> Dac\u0103 \u00ee\u021bi place s\u0103 \u00eencerci nout\u0103\u021bi, la VitaSol Therme din Bad Salzuflen se <strong>construie\u0219te din vara lui 2025 un hotel de patru stele nou-nou\u021b<\/strong>, cu o sut\u0103 de camere. Finalizarea sa e planificat\u0103 pentru 2027 \u0219i va fi cu siguran\u021b\u0103 o bomb\u0103.<\/p>\n\n\n\n<figure data-wp-context=\"{&quot;imageId&quot;:&quot;6a9c3702532c1&quot;}\" data-wp-interactive=\"core\/image\" data-wp-key=\"6a9c3702532c1\" class=\"wp-block-image size-full wp-lightbox-container\"><img decoding=\"async\" width=\"1800\" height=\"1397\" data-wp-class--hide=\"state.isContentHidden\" data-wp-class--show=\"state.isContentVisible\" data-wp-init=\"callbacks.setButtonStyles\" data-wp-on--click=\"actions.showLightbox\" data-wp-on--load=\"callbacks.setButtonStyles\" data-wp-on--pointerdown=\"actions.preloadImage\" data-wp-on--pointerenter=\"actions.preloadImageWithDelay\" data-wp-on--pointerleave=\"actions.cancelPreload\" data-wp-on-window--resize=\"callbacks.setButtonStyles\" src=\"https:\/\/loudavymkrokem.cz\/wp-content\/uploads\/2026\/09\/nemecko-clanky-termaly-nemecko-05-08e1f8c8.jpg\" alt=\"Bazin exterior cu palmieri la Therme Erding \u00een Bavaria\" class=\"wp-image-415292\" title=\"\" srcset=\"https:\/\/loudavymkrokem.cz\/wp-content\/uploads\/2026\/09\/nemecko-clanky-termaly-nemecko-05-08e1f8c8.jpg 1800w, https:\/\/loudavymkrokem.cz\/wp-content\/uploads\/2026\/09\/nemecko-clanky-termaly-nemecko-05-08e1f8c8-300x233.jpg 300w, https:\/\/loudavymkrokem.cz\/wp-content\/uploads\/2026\/09\/nemecko-clanky-termaly-nemecko-05-08e1f8c8-700x543.jpg 700w, https:\/\/loudavymkrokem.cz\/wp-content\/uploads\/2026\/09\/nemecko-clanky-termaly-nemecko-05-08e1f8c8-768x596.jpg 768w, https:\/\/loudavymkrokem.cz\/wp-content\/uploads\/2026\/09\/nemecko-clanky-termaly-nemecko-05-08e1f8c8-1536x1192.jpg 1536w, https:\/\/loudavymkrokem.cz\/wp-content\/uploads\/2026\/09\/nemecko-clanky-termaly-nemecko-05-08e1f8c8-696x540.jpg 696w, https:\/\/loudavymkrokem.cz\/wp-content\/uploads\/2026\/09\/nemecko-clanky-termaly-nemecko-05-08e1f8c8-1392x1080.jpg 1392w\" sizes=\"(max-width: 1800px) 100vw, 1800px\" \/><button\n\t\t\tclass=\"lightbox-trigger\"\n\t\t\ttype=\"button\"\n\t\t\taria-haspopup=\"dialog\"\n\t\t\tdata-wp-bind--aria-label=\"state.thisImage.triggerButtonAriaLabel\"\n\t\t\tdata-wp-init=\"callbacks.initTriggerButton\"\n\t\t\tdata-wp-on--click=\"actions.showLightbox\"\n\t\t\tdata-wp-style--right=\"state.thisImage.buttonRight\"\n\t\t\tdata-wp-style--top=\"state.thisImage.buttonTop\"\n\t\t>\n\t\t\t<svg xmlns=\"http:\/\/www.w3.org\/2000\/svg\" width=\"12\" height=\"12\" fill=\"none\" viewBox=\"0 0 12 12\">\n\t\t\t\t<path fill=\"#fff\" d=\"M2 0a2 2 0 0 0-2 2v2h1.5V2a.5.5 0 0 1 .5-.5h2V0H2Zm2 10.5H2a.5.5 0 0 1-.5-.5V8H0v2a2 2 0 0 0 2 2h2v-1.5ZM8 12v-1.5h2a.5.5 0 0 0 .5-.5V8H12v2a2 2 0 0 1-2 2H8Zm2-12a2 2 0 0 1 2 2v2h-1.5V2a.5.5 0 0 0-.5-.5H8V0h2Z\" \/>\n\t\t\t<\/svg>\n\t\t<\/button><figcaption class=\"wp-element-caption\">Foto: Therme Erding \/ Wikimedia Commons, CC BY-SA 3.0<\/figcaption><\/figure>\n\n\n\n<h2 class=\"wp-block-heading\"><span class=\"ez-toc-section\" id=\"Bai_termale_in_Bavaria\"><\/span>B\u0103i termale \u00een Bavaria<span class=\"ez-toc-section-end\"><\/span><\/h2>\n\n\n\n<p class=\"wp-block-paragraph\">Bavaria este o superputere a termelor: aici stau una l\u00e2ng\u0103 alta complexe tropicale cu tobogane \u0219i ora\u0219e-sta\u021biune lini\u0219tite, unde apa se bea la fel de des c\u00e2t se st\u0103 \u00een ea. Vei g\u0103si aici, potrivit operatorului, cel mai mare complex termal din lume, iar ora\u0219e-sta\u021biune cunoscute precum Bad F\u00fcssing, Bad Griesbach sau Bad Kissingen ofer\u0103 cea mai vast\u0103 ofert\u0103 de baie din toat\u0103 Germania. Avantajul este c\u0103 multe dintre aceste complexe se afl\u0103 aproape de grani\u021bele noastre.<\/p>\n\n\n\n<p class=\"wp-block-paragraph\">Cel mai accesibil pentru un turist din Rom\u00e2nia este s\u0103 vin\u0103 cu Wizz Air sau Ryanair de la Bucure\u0219ti spre M\u00fcnchen, de unde ajungi la aceste complexe \u00eentr-o or\u0103 de mers cu ma\u0219ina. Este o alegere absolut ideal\u0103 dac\u0103 te g\u00e2nde\u0219ti la o evadare rapid\u0103 de weekend departe de iarn\u0103 \u0219i stres. \u021aine cont c\u0103 b\u0103ile termale bavareze sunt uria\u0219e, moderne \u0219i au adesea reguli stricte pentru intrarea copiilor, a\u0219a c\u0103 verific\u0103 \u00eentotdeauna din timp cui i se potrive\u0219te cel mai bine locul respectiv.<\/p>\n\n\n\n<figure data-wp-context=\"{&quot;imageId&quot;:&quot;6a9c37025379c&quot;}\" data-wp-interactive=\"core\/image\" data-wp-key=\"6a9c37025379c\" class=\"wp-block-image size-full wp-lightbox-container\"><img decoding=\"async\" width=\"1800\" height=\"1350\" data-wp-class--hide=\"state.isContentHidden\" data-wp-class--show=\"state.isContentVisible\" data-wp-init=\"callbacks.setButtonStyles\" data-wp-on--click=\"actions.showLightbox\" data-wp-on--load=\"callbacks.setButtonStyles\" data-wp-on--pointerdown=\"actions.preloadImage\" data-wp-on--pointerenter=\"actions.preloadImageWithDelay\" data-wp-on--pointerleave=\"actions.cancelPreload\" data-wp-on-window--resize=\"callbacks.setButtonStyles\" src=\"https:\/\/loudavymkrokem.cz\/wp-content\/uploads\/2026\/09\/nemecko-clanky-termaly-nemecko-06-89de543b.jpg\" alt=\"Therme Erding (Erding): bazin tropical cu palmieri\" class=\"wp-image-415293\" title=\"\" srcset=\"https:\/\/loudavymkrokem.cz\/wp-content\/uploads\/2026\/09\/nemecko-clanky-termaly-nemecko-06-89de543b.jpg 1800w, https:\/\/loudavymkrokem.cz\/wp-content\/uploads\/2026\/09\/nemecko-clanky-termaly-nemecko-06-89de543b-300x225.jpg 300w, https:\/\/loudavymkrokem.cz\/wp-content\/uploads\/2026\/09\/nemecko-clanky-termaly-nemecko-06-89de543b-700x525.jpg 700w, https:\/\/loudavymkrokem.cz\/wp-content\/uploads\/2026\/09\/nemecko-clanky-termaly-nemecko-06-89de543b-768x576.jpg 768w, https:\/\/loudavymkrokem.cz\/wp-content\/uploads\/2026\/09\/nemecko-clanky-termaly-nemecko-06-89de543b-1536x1152.jpg 1536w, https:\/\/loudavymkrokem.cz\/wp-content\/uploads\/2026\/09\/nemecko-clanky-termaly-nemecko-06-89de543b-80x60.jpg 80w, https:\/\/loudavymkrokem.cz\/wp-content\/uploads\/2026\/09\/nemecko-clanky-termaly-nemecko-06-89de543b-160x120.jpg 160w, https:\/\/loudavymkrokem.cz\/wp-content\/uploads\/2026\/09\/nemecko-clanky-termaly-nemecko-06-89de543b-696x522.jpg 696w, https:\/\/loudavymkrokem.cz\/wp-content\/uploads\/2026\/09\/nemecko-clanky-termaly-nemecko-06-89de543b-1392x1044.jpg 1392w\" sizes=\"(max-width: 1800px) 100vw, 1800px\" \/><button\n\t\t\tclass=\"lightbox-trigger\"\n\t\t\ttype=\"button\"\n\t\t\taria-haspopup=\"dialog\"\n\t\t\tdata-wp-bind--aria-label=\"state.thisImage.triggerButtonAriaLabel\"\n\t\t\tdata-wp-init=\"callbacks.initTriggerButton\"\n\t\t\tdata-wp-on--click=\"actions.showLightbox\"\n\t\t\tdata-wp-style--right=\"state.thisImage.buttonRight\"\n\t\t\tdata-wp-style--top=\"state.thisImage.buttonTop\"\n\t\t>\n\t\t\t<svg xmlns=\"http:\/\/www.w3.org\/2000\/svg\" width=\"12\" height=\"12\" fill=\"none\" viewBox=\"0 0 12 12\">\n\t\t\t\t<path fill=\"#fff\" d=\"M2 0a2 2 0 0 0-2 2v2h1.5V2a.5.5 0 0 1 .5-.5h2V0H2Zm2 10.5H2a.5.5 0 0 1-.5-.5V8H0v2a2 2 0 0 0 2 2h2v-1.5ZM8 12v-1.5h2a.5.5 0 0 0 .5-.5V8H12v2a2 2 0 0 1-2 2H8Zm2-12a2 2 0 0 1 2 2v2h-1.5V2a.5.5 0 0 0-.5-.5H8V0h2Z\" \/>\n\t\t\t<\/svg>\n\t\t<\/button><figcaption class=\"wp-element-caption\">Foto: Therme Erding \/ Wikimedia Commons, Public domain<\/figcaption><\/figure>\n\n\n\n<h3 class=\"wp-block-heading\"><span class=\"ez-toc-section\" id=\"1_Therme_Erding_Erding\"><\/span>1. Therme Erding (Erding)<span class=\"ez-toc-section-end\"><\/span><\/h3>\n\n\n\n<p class=\"wp-block-paragraph\">Acest complex situat \u00een ora\u0219ul Erding se m\u00e2ndre\u0219te, potrivit operatorului, cu titlul de <strong>cea mai mare baie termal\u0103 din lume<\/strong>. Suprafa\u021ba sa total\u0103 se \u00eentindea \u00een 2019 pe incredibili <strong>430.000 de metri p\u0103tra\u021bi<\/strong>. Din ace\u0219tia, 185.000 de metri p\u0103tra\u021bi constituie suprafa\u021b\u0103 util\u0103 direct pentru oaspe\u021bi. Complexul se \u00eemparte \u00een patru p\u0103r\u021bi principale: partea termal\u0103 clasic\u0103 Thermenparadies, zona de ac\u021biune Galaxy Erding \u0219i zonele de lini\u0219te VitalOase \u0219i VitalTherme &#038; Saunen.<\/p>\n\n\n\n<p class=\"wp-block-paragraph\">\u00cen\u0103untru te a\u0219teapt\u0103 uimitoare <strong>40 de bazine \u0219i luciuri de ap\u0103<\/strong>, completate de un total de 38 de saune \u0219i b\u0103i de aburi diverse. Temperaturile \u00een saune variaz\u0103 de la pl\u0103cu\u021bii 38 \u00b0C p\u00e2n\u0103 la infernalii 90 \u00b0C. Pentru iubitorii de adrenalin\u0103 sunt preg\u0103tite <strong>28 de tobogane<\/strong> cu o lungime total\u0103 de peste 2.850 de metri. Dac\u0103 \u00ee\u021bi place s\u0103 te legeni pe valuri, te va entuziasma cu siguran\u021b\u0103 marea piscin\u0103 cu valuri, unde apa are 34 \u00b0C \u0219i valurile ajung la o \u00een\u0103l\u021bime de p\u00e2n\u0103 la doi metri.<\/p>\n\n\n\n<p class=\"wp-block-paragraph\">Temperatura medie a aerului \u00een tot complexul se men\u021bine la tropicali 28 \u00b0C. Vei g\u0103si aici \u0219i o adev\u0103rat\u0103 raritate: Polaris, se pare <strong>cel mai mare bazin rece din lume<\/strong>, cu o temperatur\u0103 a apei de 14 p\u00e2n\u0103 la 18 \u00b0C. \u00cen schimb, \u00een zona VitalTherme te vei \u00eenc\u0103lzi \u00een marele bazin cu \u0219ampanie sau \u00een bazinul de medita\u021bie cu ap\u0103 de 34 \u00b0C. <strong>\ud83d\udca1 Sfat:<\/strong> Rezerv\u0103-\u021bi pentru vizit\u0103 cu adev\u0103rat o zi \u00eentreag\u0103, pentru c\u0103 locul este at\u00e2t de uria\u0219 \u00eenc\u00e2t \u00een c\u00e2teva ore abia dac\u0103 apuci o frac\u021biune din toate atrac\u021biile.<\/p>\n\n\n\n<figure data-wp-context=\"{&quot;imageId&quot;:&quot;6a9c370253c11&quot;}\" data-wp-interactive=\"core\/image\" data-wp-key=\"6a9c370253c11\" class=\"wp-block-image size-full wp-lightbox-container\"><img decoding=\"async\" width=\"1800\" height=\"1350\" data-wp-class--hide=\"state.isContentHidden\" data-wp-class--show=\"state.isContentVisible\" data-wp-init=\"callbacks.setButtonStyles\" data-wp-on--click=\"actions.showLightbox\" data-wp-on--load=\"callbacks.setButtonStyles\" data-wp-on--pointerdown=\"actions.preloadImage\" data-wp-on--pointerenter=\"actions.preloadImageWithDelay\" data-wp-on--pointerleave=\"actions.cancelPreload\" data-wp-on-window--resize=\"callbacks.setButtonStyles\" src=\"https:\/\/loudavymkrokem.cz\/wp-content\/uploads\/2026\/09\/nemecko-clanky-termaly-nemecko-07-5c780451.jpg\" alt=\"Therme Bad W\u00f6rishofen (Bad W\u00f6rishofen)\" class=\"wp-image-415294\" title=\"\" srcset=\"https:\/\/loudavymkrokem.cz\/wp-content\/uploads\/2026\/09\/nemecko-clanky-termaly-nemecko-07-5c780451.jpg 1800w, https:\/\/loudavymkrokem.cz\/wp-content\/uploads\/2026\/09\/nemecko-clanky-termaly-nemecko-07-5c780451-300x225.jpg 300w, https:\/\/loudavymkrokem.cz\/wp-content\/uploads\/2026\/09\/nemecko-clanky-termaly-nemecko-07-5c780451-700x525.jpg 700w, https:\/\/loudavymkrokem.cz\/wp-content\/uploads\/2026\/09\/nemecko-clanky-termaly-nemecko-07-5c780451-768x576.jpg 768w, https:\/\/loudavymkrokem.cz\/wp-content\/uploads\/2026\/09\/nemecko-clanky-termaly-nemecko-07-5c780451-1536x1152.jpg 1536w, https:\/\/loudavymkrokem.cz\/wp-content\/uploads\/2026\/09\/nemecko-clanky-termaly-nemecko-07-5c780451-80x60.jpg 80w, https:\/\/loudavymkrokem.cz\/wp-content\/uploads\/2026\/09\/nemecko-clanky-termaly-nemecko-07-5c780451-160x120.jpg 160w, https:\/\/loudavymkrokem.cz\/wp-content\/uploads\/2026\/09\/nemecko-clanky-termaly-nemecko-07-5c780451-696x522.jpg 696w, https:\/\/loudavymkrokem.cz\/wp-content\/uploads\/2026\/09\/nemecko-clanky-termaly-nemecko-07-5c780451-1392x1044.jpg 1392w\" sizes=\"(max-width: 1800px) 100vw, 1800px\" \/><button\n\t\t\tclass=\"lightbox-trigger\"\n\t\t\ttype=\"button\"\n\t\t\taria-haspopup=\"dialog\"\n\t\t\tdata-wp-bind--aria-label=\"state.thisImage.triggerButtonAriaLabel\"\n\t\t\tdata-wp-init=\"callbacks.initTriggerButton\"\n\t\t\tdata-wp-on--click=\"actions.showLightbox\"\n\t\t\tdata-wp-style--right=\"state.thisImage.buttonRight\"\n\t\t\tdata-wp-style--top=\"state.thisImage.buttonTop\"\n\t\t>\n\t\t\t<svg xmlns=\"http:\/\/www.w3.org\/2000\/svg\" width=\"12\" height=\"12\" fill=\"none\" viewBox=\"0 0 12 12\">\n\t\t\t\t<path fill=\"#fff\" d=\"M2 0a2 2 0 0 0-2 2v2h1.5V2a.5.5 0 0 1 .5-.5h2V0H2Zm2 10.5H2a.5.5 0 0 1-.5-.5V8H0v2a2 2 0 0 0 2 2h2v-1.5ZM8 12v-1.5h2a.5.5 0 0 0 .5-.5V8H12v2a2 2 0 0 1-2 2H8Zm2-12a2 2 0 0 1 2 2v2h-1.5V2a.5.5 0 0 0-.5-.5H8V0h2Z\" \/>\n\t\t\t<\/svg>\n\t\t<\/button><figcaption class=\"wp-element-caption\">Foto: Therme Bad W\u00f6rishofen 2010 \/ Wikimedia Commons, CC BY-SA 3.0<\/figcaption><\/figure>\n\n\n\n<h3 class=\"wp-block-heading\"><span class=\"ez-toc-section\" id=\"2_Therme_Bad_Worishofen_Bad_Worishofen\"><\/span>2. Therme Bad W\u00f6rishofen (Bad W\u00f6rishofen)<span class=\"ez-toc-section-end\"><\/span><\/h3>\n\n\n\n<p class=\"wp-block-paragraph\">Termele din or\u0103\u0219elul Bad W\u00f6rishofen ascund o raritate mondial\u0103: uria\u0219a saun\u0103 rustic\u0103 <strong>Blockhaus am See pentru peste 150 de oaspe\u021bi<\/strong>. Se num\u0103r\u0103 printre cele mai mari saune din lume \u0219i vei tr\u0103i \u00een ea o atmosfer\u0103 absolut irepetabil\u0103. \u00centregul peisaj termal se \u00eentinde aici pe o suprafa\u021b\u0103 impresionant\u0103 de peste <strong>5.000 de metri p\u0103tra\u021bi<\/strong>, iar construc\u021bia sa a avut loc \u00eentre 2001 \u0219i 2004 sub bagheta investitorului Josef Wund.<\/p>\n\n\n\n<p class=\"wp-block-paragraph\">Baia o vei savura \u00een total \u00een opt bazine umplute cu ap\u0103 termal\u0103 binef\u0103c\u0103toare. Lumea saunelor ofer\u0103 <strong>peste 15 saune tematice<\/strong>, printre care se remarc\u0103 superba Alhambra maur\u0103, sauna roman\u0103 clasic\u0103 sau sauna de medita\u021bie japonez\u0103, completat\u0103 cu un frumos acvariu cu crapi koi. Copiii au aici la dispozi\u021bie un tobogan \u0219i o p\u00e2rtie lat\u0103 de vitez\u0103, dar acestea sunt accesibile doar \u00een orele stabilite, \u00een bazinul sportiv.<\/p>\n\n\n\n<p class=\"wp-block-paragraph\">Conform listei de pre\u021buri pentru 2026, pentru o intrare de dou\u0103 ore vei pl\u0103ti <strong>27 EUR<\/strong>, patru ore te vor costa 35 EUR, iar biletul de o zi \u00eentreag\u0103 cost\u0103 51 EUR. Pentru accesul la saun\u0103 se achit\u0103 \u00eenc\u0103 5 EUR, iar \u00een weekend sau de s\u0103rb\u0103tori \u021bine cont de un supliment de 3 EUR. V\u00e2rsta minim\u0103 pentru intrare este aici <strong>strict stabilit\u0103 la 16 ani<\/strong>. <strong>\ud83d\udca1 Sfat:<\/strong> Dac\u0103 vrei s\u0103 pleci cu copii mai mici, trebuie s\u0103 vii exclusiv s\u00e2mb\u0103ta, \u00eentre orele 9 \u0219i 19, la a\u0219a-numitul Family Samstag, c\u00e2nd intrarea de familie pentru trei persoane cost\u0103 74 EUR.<\/p>\n\n\n\n<figure data-wp-context=\"{&quot;imageId&quot;:&quot;6a9c370254080&quot;}\" data-wp-interactive=\"core\/image\" data-wp-key=\"6a9c370254080\" class=\"wp-block-image size-full wp-lightbox-container\"><img decoding=\"async\" width=\"1800\" height=\"1350\" data-wp-class--hide=\"state.isContentHidden\" data-wp-class--show=\"state.isContentVisible\" data-wp-init=\"callbacks.setButtonStyles\" data-wp-on--click=\"actions.showLightbox\" data-wp-on--load=\"callbacks.setButtonStyles\" data-wp-on--pointerdown=\"actions.preloadImage\" data-wp-on--pointerenter=\"actions.preloadImageWithDelay\" data-wp-on--pointerleave=\"actions.cancelPreload\" data-wp-on-window--resize=\"callbacks.setButtonStyles\" src=\"https:\/\/loudavymkrokem.cz\/wp-content\/uploads\/2026\/09\/nemecko-clanky-termaly-nemecko-08-779c2251.jpg\" alt=\"Intrarea \u00een Therme Bad Aibling cu cupol\u0103 de sticl\u0103\" class=\"wp-image-415295\" title=\"\" srcset=\"https:\/\/loudavymkrokem.cz\/wp-content\/uploads\/2026\/09\/nemecko-clanky-termaly-nemecko-08-779c2251.jpg 1800w, https:\/\/loudavymkrokem.cz\/wp-content\/uploads\/2026\/09\/nemecko-clanky-termaly-nemecko-08-779c2251-300x225.jpg 300w, https:\/\/loudavymkrokem.cz\/wp-content\/uploads\/2026\/09\/nemecko-clanky-termaly-nemecko-08-779c2251-700x525.jpg 700w, https:\/\/loudavymkrokem.cz\/wp-content\/uploads\/2026\/09\/nemecko-clanky-termaly-nemecko-08-779c2251-768x576.jpg 768w, https:\/\/loudavymkrokem.cz\/wp-content\/uploads\/2026\/09\/nemecko-clanky-termaly-nemecko-08-779c2251-1536x1152.jpg 1536w, https:\/\/loudavymkrokem.cz\/wp-content\/uploads\/2026\/09\/nemecko-clanky-termaly-nemecko-08-779c2251-80x60.jpg 80w, https:\/\/loudavymkrokem.cz\/wp-content\/uploads\/2026\/09\/nemecko-clanky-termaly-nemecko-08-779c2251-160x120.jpg 160w, https:\/\/loudavymkrokem.cz\/wp-content\/uploads\/2026\/09\/nemecko-clanky-termaly-nemecko-08-779c2251-696x522.jpg 696w, https:\/\/loudavymkrokem.cz\/wp-content\/uploads\/2026\/09\/nemecko-clanky-termaly-nemecko-08-779c2251-1392x1044.jpg 1392w\" sizes=\"(max-width: 1800px) 100vw, 1800px\" \/><button\n\t\t\tclass=\"lightbox-trigger\"\n\t\t\ttype=\"button\"\n\t\t\taria-haspopup=\"dialog\"\n\t\t\tdata-wp-bind--aria-label=\"state.thisImage.triggerButtonAriaLabel\"\n\t\t\tdata-wp-init=\"callbacks.initTriggerButton\"\n\t\t\tdata-wp-on--click=\"actions.showLightbox\"\n\t\t\tdata-wp-style--right=\"state.thisImage.buttonRight\"\n\t\t\tdata-wp-style--top=\"state.thisImage.buttonTop\"\n\t\t>\n\t\t\t<svg xmlns=\"http:\/\/www.w3.org\/2000\/svg\" width=\"12\" height=\"12\" fill=\"none\" viewBox=\"0 0 12 12\">\n\t\t\t\t<path fill=\"#fff\" d=\"M2 0a2 2 0 0 0-2 2v2h1.5V2a.5.5 0 0 1 .5-.5h2V0H2Zm2 10.5H2a.5.5 0 0 1-.5-.5V8H0v2a2 2 0 0 0 2 2h2v-1.5ZM8 12v-1.5h2a.5.5 0 0 0 .5-.5V8H12v2a2 2 0 0 1-2 2H8Zm2-12a2 2 0 0 1 2 2v2h-1.5V2a.5.5 0 0 0-.5-.5H8V0h2Z\" \/>\n\t\t\t<\/svg>\n\t\t<\/button><\/figure>\n\n\n\n<h3 class=\"wp-block-heading\"><span class=\"ez-toc-section\" id=\"3_Therme_Bad_Aibling_Bad_Aibling\"><\/span>3. Therme Bad Aibling (Bad Aibling)<span class=\"ez-toc-section-end\"><\/span><\/h3>\n\n\n\n<p class=\"wp-block-paragraph\">O experien\u021b\u0103 cu totul netradi\u021bional\u0103 te a\u0219teapt\u0103 la Bad Aibling, unde complexul este construit sub form\u0103 de cupole interconectate. \u00centr-una dintre ele, cu un diametru de 11 metri, chiar <strong>7 videoproiectoare proiecteaz\u0103 o imagine de 135 de metri p\u0103tra\u021bi<\/strong> direct pe partea interioar\u0103 a bol\u021bii. \u00centregul peisaj termal se scufund\u0103 delicat \u00een topografia terenului \u00eenconjur\u0103tor \u0219i se \u00eentinde pe uimitori <strong>10.000 de metri p\u0103tra\u021bi<\/strong>, dintre care peste 600 de metri p\u0103tra\u021bi reprezint\u0103 luciuri de ap\u0103.<\/p>\n\n\n\n<p class=\"wp-block-paragraph\">\u00cen diferitele cupole \u00eenchise vei savura o relaxare meditativ\u0103 \u00een apa termal\u0103, care are frumo\u0219ii <strong>32 p\u00e2n\u0103 la 36 \u00b0C<\/strong>. O particularitate este aici saunatul, care folose\u0219te principiul Physiotherm, a\u0219a c\u0103 transpira\u021bia bl\u00e2nd\u0103 din\u0103untru spre exterior este garantat\u0103 deja la temperaturi de la 30 \u00b0C. E probabil alegerea ideal\u0103 pentru cei dintre voi c\u0103rora saunele fierbin\u021bi clasice nu le fac bine circula\u021biei.<\/p>\n\n\n\n<p class=\"wp-block-paragraph\">Conform listei de pre\u021buri pentru 2026, intrarea de patru ore pentru un adult cost\u0103 <strong>28 EUR<\/strong>, iar biletul de o zi \u00eel ob\u021bii cu 33 EUR. Dac\u0103 vrei s\u0103 te bucuri \u0219i de saun\u0103, achi\u021bi \u00een plus 6 EUR. Copiii \u0219i tinerii p\u00e2n\u0103 la 14 ani pot veni aici doar \u00eenso\u021bi\u021bi de o persoan\u0103 adult\u0103. <strong>\ud83d\udca1 Sfat:<\/strong> Cump\u0103r\u0103-\u021bi neap\u0103rat la fa\u021ba locului ceremonia cu n\u0103mol (Moorzeremonie) la 7 EUR sau pl\u0103cutul peeling cu sare la 4 EUR, pielea ta \u00ee\u021bi va mul\u021bumi.<\/p>\n\n\n\n<figure data-wp-context=\"{&quot;imageId&quot;:&quot;6a9c3702544e1&quot;}\" data-wp-interactive=\"core\/image\" data-wp-key=\"6a9c3702544e1\" class=\"wp-block-image size-full wp-lightbox-container\"><img decoding=\"async\" width=\"1800\" height=\"1800\" data-wp-class--hide=\"state.isContentHidden\" data-wp-class--show=\"state.isContentVisible\" data-wp-init=\"callbacks.setButtonStyles\" data-wp-on--click=\"actions.showLightbox\" data-wp-on--load=\"callbacks.setButtonStyles\" data-wp-on--pointerdown=\"actions.preloadImage\" data-wp-on--pointerenter=\"actions.preloadImageWithDelay\" data-wp-on--pointerleave=\"actions.cancelPreload\" data-wp-on-window--resize=\"callbacks.setButtonStyles\" src=\"https:\/\/loudavymkrokem.cz\/wp-content\/uploads\/2026\/09\/nemecko-clanky-termaly-nemecko-09-cf7ab67f.jpg\" alt=\"KissSalis Therme (Bad Kissingen): bazin exterior\" class=\"wp-image-415296\" title=\"\" srcset=\"https:\/\/loudavymkrokem.cz\/wp-content\/uploads\/2026\/09\/nemecko-clanky-termaly-nemecko-09-cf7ab67f.jpg 1800w, https:\/\/loudavymkrokem.cz\/wp-content\/uploads\/2026\/09\/nemecko-clanky-termaly-nemecko-09-cf7ab67f-300x300.jpg 300w, https:\/\/loudavymkrokem.cz\/wp-content\/uploads\/2026\/09\/nemecko-clanky-termaly-nemecko-09-cf7ab67f-700x700.jpg 700w, https:\/\/loudavymkrokem.cz\/wp-content\/uploads\/2026\/09\/nemecko-clanky-termaly-nemecko-09-cf7ab67f-150x150.jpg 150w, https:\/\/loudavymkrokem.cz\/wp-content\/uploads\/2026\/09\/nemecko-clanky-termaly-nemecko-09-cf7ab67f-768x768.jpg 768w, https:\/\/loudavymkrokem.cz\/wp-content\/uploads\/2026\/09\/nemecko-clanky-termaly-nemecko-09-cf7ab67f-1536x1536.jpg 1536w, https:\/\/loudavymkrokem.cz\/wp-content\/uploads\/2026\/09\/nemecko-clanky-termaly-nemecko-09-cf7ab67f-696x696.jpg 696w, https:\/\/loudavymkrokem.cz\/wp-content\/uploads\/2026\/09\/nemecko-clanky-termaly-nemecko-09-cf7ab67f-1392x1392.jpg 1392w\" sizes=\"(max-width: 1800px) 100vw, 1800px\" \/><button\n\t\t\tclass=\"lightbox-trigger\"\n\t\t\ttype=\"button\"\n\t\t\taria-haspopup=\"dialog\"\n\t\t\tdata-wp-bind--aria-label=\"state.thisImage.triggerButtonAriaLabel\"\n\t\t\tdata-wp-init=\"callbacks.initTriggerButton\"\n\t\t\tdata-wp-on--click=\"actions.showLightbox\"\n\t\t\tdata-wp-style--right=\"state.thisImage.buttonRight\"\n\t\t\tdata-wp-style--top=\"state.thisImage.buttonTop\"\n\t\t>\n\t\t\t<svg xmlns=\"http:\/\/www.w3.org\/2000\/svg\" width=\"12\" height=\"12\" fill=\"none\" viewBox=\"0 0 12 12\">\n\t\t\t\t<path fill=\"#fff\" d=\"M2 0a2 2 0 0 0-2 2v2h1.5V2a.5.5 0 0 1 .5-.5h2V0H2Zm2 10.5H2a.5.5 0 0 1-.5-.5V8H0v2a2 2 0 0 0 2 2h2v-1.5ZM8 12v-1.5h2a.5.5 0 0 0 .5-.5V8H12v2a2 2 0 0 1-2 2H8Zm2-12a2 2 0 0 1 2 2v2h-1.5V2a.5.5 0 0 0-.5-.5H8V0h2Z\" \/>\n\t\t\t<\/svg>\n\t\t<\/button><\/figure>\n\n\n\n<h3 class=\"wp-block-heading\"><span class=\"ez-toc-section\" id=\"4_KissSalis_Therme_Bad_Kissingen\"><\/span>4. KissSalis Therme (Bad Kissingen)<span class=\"ez-toc-section-end\"><\/span><\/h3>\n\n\n\n<p class=\"wp-block-paragraph\">Porne\u0219te spre aceste b\u0103i din Bad Kissingen dac\u0103 e\u0219ti \u00een c\u0103utarea unui complex cu adev\u0103rat \u00eentins \u0219i variat. Se \u00eentinde pe o suprafa\u021b\u0103 de <strong>8.000 de metri p\u0103tra\u021bi<\/strong> \u0219i vei g\u0103si aici \u00een total 10 bazine interioare \u0219i exterioare. Marea majoritate a lor sunt umplute cu valoroasa ap\u0103 termal\u0103 direct din Bad Kissingen. Peisajul termal interior propriu-zis, care ofer\u0103 genero\u0219i 1.000 de metri p\u0103tra\u021bi de luciu de ap\u0103, te va \u00eenc\u0103lzi cu ap\u0103 de <strong>32 p\u00e2n\u0103 la 38 \u00b0C<\/strong>.<\/p>\n\n\n\n<p class=\"wp-block-paragraph\">Inima complexului este marele bazin interior cu paturi de masaj \u0219i cascad\u0103, la care se conecteaz\u0103 dou\u0103 jacuzzi cu temperatur\u0103 de p\u00e2n\u0103 la 38 \u00b0C. Afar\u0103 te va entuziasma bazinul exterior cald, canalul cu curent \u0219i bazinul special intensiv cu sare, care are o <strong>concentra\u021bie de sare de 6 p\u00e2n\u0103 la 8%<\/strong> \u0219i \u00een care plute\u0219ti minunat sub cerul \u00eenstelat. Pentru r\u0103cire servesc excelent bazinul rece cu 18 \u00b0C sau potecile alternative Kneipp, unde pietricelele maseaz\u0103 pl\u0103cut zonele reflexogene ale picioarelor.<\/p>\n\n\n\n<p class=\"wp-block-paragraph\">Parcul de saune este aici o adev\u0103rat\u0103 oaz\u0103 de lini\u0219te, cu o gr\u0103din\u0103 de saune \u00eentins\u0103. Ofer\u0103 \u00een total <strong>9 saune \u0219i b\u0103i de aburi diferite<\/strong>, unde au loc numeroase ritualuri de saun\u0103. Dac\u0103 supor\u021bi umiditatea ridicat\u0103, \u00eencearc\u0103 baia de aburi din sticl\u0103 cu temperatura de 47 \u00b0C \u0219i umiditate de sut\u0103 la sut\u0103. <strong>\ud83d\udca1 Sfat:<\/strong> Nu uita s\u0103 treci pe la inhalarea cu sare, unde la 40 p\u00e2n\u0103 la 45 \u00b0C picur\u0103 saramur\u0103 natural\u0103, ceea ce elibereaz\u0103 absolut fantastic c\u0103ile respiratorii.<\/p>\n\n\n\n<figure data-wp-context=\"{&quot;imageId&quot;:&quot;6a9c3702549d1&quot;}\" data-wp-interactive=\"core\/image\" data-wp-key=\"6a9c3702549d1\" class=\"wp-block-image size-full wp-lightbox-container\"><img decoding=\"async\" width=\"1800\" height=\"1200\" data-wp-class--hide=\"state.isContentHidden\" data-wp-class--show=\"state.isContentVisible\" data-wp-init=\"callbacks.setButtonStyles\" data-wp-on--click=\"actions.showLightbox\" data-wp-on--load=\"callbacks.setButtonStyles\" data-wp-on--pointerdown=\"actions.preloadImage\" data-wp-on--pointerenter=\"actions.preloadImageWithDelay\" data-wp-on--pointerleave=\"actions.cancelPreload\" data-wp-on-window--resize=\"callbacks.setButtonStyles\" src=\"https:\/\/loudavymkrokem.cz\/wp-content\/uploads\/2026\/09\/nemecko-clanky-termaly-nemecko-10-62b37e1f.jpg\" alt=\"Hotel Victory Therme Erding (Erding)\" class=\"wp-image-415297\" title=\"\" srcset=\"https:\/\/loudavymkrokem.cz\/wp-content\/uploads\/2026\/09\/nemecko-clanky-termaly-nemecko-10-62b37e1f.jpg 1800w, https:\/\/loudavymkrokem.cz\/wp-content\/uploads\/2026\/09\/nemecko-clanky-termaly-nemecko-10-62b37e1f-300x200.jpg 300w, https:\/\/loudavymkrokem.cz\/wp-content\/uploads\/2026\/09\/nemecko-clanky-termaly-nemecko-10-62b37e1f-700x467.jpg 700w, https:\/\/loudavymkrokem.cz\/wp-content\/uploads\/2026\/09\/nemecko-clanky-termaly-nemecko-10-62b37e1f-768x512.jpg 768w, https:\/\/loudavymkrokem.cz\/wp-content\/uploads\/2026\/09\/nemecko-clanky-termaly-nemecko-10-62b37e1f-1536x1024.jpg 1536w, https:\/\/loudavymkrokem.cz\/wp-content\/uploads\/2026\/09\/nemecko-clanky-termaly-nemecko-10-62b37e1f-696x464.jpg 696w, https:\/\/loudavymkrokem.cz\/wp-content\/uploads\/2026\/09\/nemecko-clanky-termaly-nemecko-10-62b37e1f-1392x928.jpg 1392w\" sizes=\"(max-width: 1800px) 100vw, 1800px\" \/><button\n\t\t\tclass=\"lightbox-trigger\"\n\t\t\ttype=\"button\"\n\t\t\taria-haspopup=\"dialog\"\n\t\t\tdata-wp-bind--aria-label=\"state.thisImage.triggerButtonAriaLabel\"\n\t\t\tdata-wp-init=\"callbacks.initTriggerButton\"\n\t\t\tdata-wp-on--click=\"actions.showLightbox\"\n\t\t\tdata-wp-style--right=\"state.thisImage.buttonRight\"\n\t\t\tdata-wp-style--top=\"state.thisImage.buttonTop\"\n\t\t>\n\t\t\t<svg xmlns=\"http:\/\/www.w3.org\/2000\/svg\" width=\"12\" height=\"12\" fill=\"none\" viewBox=\"0 0 12 12\">\n\t\t\t\t<path fill=\"#fff\" d=\"M2 0a2 2 0 0 0-2 2v2h1.5V2a.5.5 0 0 1 .5-.5h2V0H2Zm2 10.5H2a.5.5 0 0 1-.5-.5V8H0v2a2 2 0 0 0 2 2h2v-1.5ZM8 12v-1.5h2a.5.5 0 0 0 .5-.5V8H12v2a2 2 0 0 1-2 2H8Zm2-12a2 2 0 0 1 2 2v2h-1.5V2a.5.5 0 0 0-.5-.5H8V0h2Z\" \/>\n\t\t\t<\/svg>\n\t\t<\/button><\/figure>\n\n\n\n<h3 class=\"wp-block-heading\"><span class=\"ez-toc-section\" id=\"5_Hotel_Victory_Therme_Erding_Erding\"><\/span>5. Hotel Victory Therme Erding (Erding)<span class=\"ez-toc-section-end\"><\/span><\/h3>\n\n\n\n<p class=\"wp-block-paragraph\">Aici trebuie spus de la bun \u00eenceput c\u0103 nu e vorba de o baie termal\u0103 public\u0103 clasic\u0103, ci de un <strong>hotel de lux situat chiar \u00een complexul<\/strong> celebrelor terme Therme Erding. Arhitectura cl\u0103dirii \u00ee\u021bi taie pur \u0219i simplu respira\u021bia, pentru c\u0103 din exterior arat\u0103 ca o replic\u0103 perfect\u0103 a istoricei nave HMS Victory, \u00eembinat\u0103 cu un fastuos palat vene\u021bian. E probabil cea mai romantic\u0103 cazare pe care o po\u021bi tr\u0103i \u00een b\u0103ile termale germane.<\/p>\n\n\n\n<p class=\"wp-block-paragraph\">Oaspe\u021bilor le stau la dispozi\u021bie <strong>128 de camere amenajate tematic<\/strong>, \u00eemp\u0103r\u021bite \u00een \u0219apte categorii diferite. Po\u021bi dormi \u00een a\u0219a-numitele Captain&#8217;s Cabins, care ofer\u0103 paturi de nav\u0103 \u0219i o frumoas\u0103 panoram\u0103 direct spre piscina tropical\u0103 cu valuri. Dac\u0103 preferi elegan\u021ba italian\u0103, alege camerele Serenissima \u00een stil vene\u021bian, cu u\u0219i mari de loj\u0103.<\/p>\n\n\n\n<p class=\"wp-block-paragraph\">Un mare avantaj este c\u0103 din lobby-ul hotelului ajungi \u00een halat direct la piscina cu valuri. \u00cen plus, \u00een pre\u021bul fiec\u0103rei nop\u021bi este deja inclus\u0103 <strong>intrarea la terme<\/strong>, inclusiv zonele de lini\u0219te VitalOase \u0219i VitalTherme &#038; Saunen. Se potrive\u0219te at\u00e2t cuplurilor, c\u00e2t \u0219i familiilor care caut\u0103 o experien\u021b\u0103 netradi\u021bional\u0103. <strong>\ud83d\udca1 Sfat:<\/strong> Fii foarte atent la rezervare, site-ul oficial este therme-erding.de, \u00een timp ce pagina hotelerding.com este doar un comparator de caz\u0103ri \u0219i nu apar\u021bine direct hotelului.<\/p>\n\n\n\n<figure data-wp-context=\"{&quot;imageId&quot;:&quot;6a9c370254e24&quot;}\" data-wp-interactive=\"core\/image\" data-wp-key=\"6a9c370254e24\" class=\"wp-block-image size-full wp-lightbox-container\"><img decoding=\"async\" width=\"1800\" height=\"2400\" data-wp-class--hide=\"state.isContentHidden\" data-wp-class--show=\"state.isContentVisible\" data-wp-init=\"callbacks.setButtonStyles\" data-wp-on--click=\"actions.showLightbox\" data-wp-on--load=\"callbacks.setButtonStyles\" data-wp-on--pointerdown=\"actions.preloadImage\" data-wp-on--pointerenter=\"actions.preloadImageWithDelay\" data-wp-on--pointerleave=\"actions.cancelPreload\" data-wp-on-window--resize=\"callbacks.setButtonStyles\" src=\"https:\/\/loudavymkrokem.cz\/wp-content\/uploads\/2026\/09\/nemecko-clanky-termaly-nemecko-11-338dff9e.jpg\" alt=\"Franken-Therme (Bad Windsheim)\" class=\"wp-image-415298\" title=\"\" srcset=\"https:\/\/loudavymkrokem.cz\/wp-content\/uploads\/2026\/09\/nemecko-clanky-termaly-nemecko-11-338dff9e.jpg 1800w, https:\/\/loudavymkrokem.cz\/wp-content\/uploads\/2026\/09\/nemecko-clanky-termaly-nemecko-11-338dff9e-225x300.jpg 225w, https:\/\/loudavymkrokem.cz\/wp-content\/uploads\/2026\/09\/nemecko-clanky-termaly-nemecko-11-338dff9e-700x933.jpg 700w, https:\/\/loudavymkrokem.cz\/wp-content\/uploads\/2026\/09\/nemecko-clanky-termaly-nemecko-11-338dff9e-768x1024.jpg 768w, https:\/\/loudavymkrokem.cz\/wp-content\/uploads\/2026\/09\/nemecko-clanky-termaly-nemecko-11-338dff9e-1152x1536.jpg 1152w, https:\/\/loudavymkrokem.cz\/wp-content\/uploads\/2026\/09\/nemecko-clanky-termaly-nemecko-11-338dff9e-1536x2048.jpg 1536w, https:\/\/loudavymkrokem.cz\/wp-content\/uploads\/2026\/09\/nemecko-clanky-termaly-nemecko-11-338dff9e-696x928.jpg 696w, https:\/\/loudavymkrokem.cz\/wp-content\/uploads\/2026\/09\/nemecko-clanky-termaly-nemecko-11-338dff9e-1392x1856.jpg 1392w\" sizes=\"(max-width: 1800px) 100vw, 1800px\" \/><button\n\t\t\tclass=\"lightbox-trigger\"\n\t\t\ttype=\"button\"\n\t\t\taria-haspopup=\"dialog\"\n\t\t\tdata-wp-bind--aria-label=\"state.thisImage.triggerButtonAriaLabel\"\n\t\t\tdata-wp-init=\"callbacks.initTriggerButton\"\n\t\t\tdata-wp-on--click=\"actions.showLightbox\"\n\t\t\tdata-wp-style--right=\"state.thisImage.buttonRight\"\n\t\t\tdata-wp-style--top=\"state.thisImage.buttonTop\"\n\t\t>\n\t\t\t<svg xmlns=\"http:\/\/www.w3.org\/2000\/svg\" width=\"12\" height=\"12\" fill=\"none\" viewBox=\"0 0 12 12\">\n\t\t\t\t<path fill=\"#fff\" d=\"M2 0a2 2 0 0 0-2 2v2h1.5V2a.5.5 0 0 1 .5-.5h2V0H2Zm2 10.5H2a.5.5 0 0 1-.5-.5V8H0v2a2 2 0 0 0 2 2h2v-1.5ZM8 12v-1.5h2a.5.5 0 0 0 .5-.5V8H12v2a2 2 0 0 1-2 2H8Zm2-12a2 2 0 0 1 2 2v2h-1.5V2a.5.5 0 0 0-.5-.5H8V0h2Z\" \/>\n\t\t\t<\/svg>\n\t\t<\/button><figcaption class=\"wp-element-caption\">Foto: Andreas Wolf 01 \/ Wikimedia Commons, CC BY 4.0<\/figcaption><\/figure>\n\n\n\n<h3 class=\"wp-block-heading\"><span class=\"ez-toc-section\" id=\"6_Franken-Therme_Bad_Windsheim\"><\/span>6. Franken-Therme (Bad Windsheim)<span class=\"ez-toc-section-end\"><\/span><\/h3>\n\n\n\n<p class=\"wp-block-paragraph\">\u00cen or\u0103\u0219elul bavarez Bad Windsheim te a\u0219teapt\u0103 o experien\u021b\u0103 ca la Marea Moart\u0103. M\u00e2ndria de aici este o zon\u0103 special\u0103 cu un lac s\u0103rat artificial, care are o <strong>salinitate extrem\u0103 de 26,9%<\/strong>. Apa este temperat\u0103 la pl\u0103cu\u021bii 26 p\u00e2n\u0103 la 30 \u00b0C \u0219i, datorit\u0103 densit\u0103\u021bii uria\u0219e a s\u0103rii, vei pluti \u00een ea f\u0103r\u0103 niciun efort la suprafa\u021b\u0103. Aceast\u0103 saramur\u0103 termal\u0103 se pompeaz\u0103 dintr-o surs\u0103 aflat\u0103 la doar 200 de metri de complex.<\/p>\n\n\n\n<p class=\"wp-block-paragraph\">Pe l\u00e2ng\u0103 acest lac extrem de s\u0103rat, vei g\u0103si aici alte dou\u0103 bazine interioare cu 12% sare \u0219i ap\u0103 cald\u0103 de 34 p\u00e2n\u0103 la 36 \u00b0C. S\u0103lile clasice de baie ofer\u0103 apoi <strong>trei bazine termale cu sare<\/strong>, cu o concentra\u021bie de la 1,5 p\u00e2n\u0103 la 4% sare, \u0219i un bazin exterior. Complexul, care a fost inaugurat \u00een decembrie 2005 pentru aproape 19 milioane de euro \u0219i ulterior extins, are un aspect foarte modern \u0219i aerisit.<\/p>\n\n\n\n<p class=\"wp-block-paragraph\">Nu lipsesc nici dou\u0103 b\u0103i de aburi textile \u0219i s\u0103li de odihn\u0103 spa\u021bioase. Po\u021bi savura aici, \u00een plus, diverse proceduri wellness, care dureaz\u0103 de la <strong>20 p\u00e2n\u0103 la 120 de minute<\/strong>. Totul ac\u021bioneaz\u0103 ca un balsam minunat pentru corpul obosit \u0219i pentru piele. <strong>\ud83d\udca1 Sfat:<\/strong> Dup\u0103 baia \u00een cel mai s\u0103rat lac, mergi \u00eentotdeauna direct la du\u0219, cristalele de sare, dup\u0103 ce se usuc\u0103, pot provoca pe piele o m\u00e2nc\u0103rime destul de nepl\u0103cut\u0103.<\/p>\n\n\n\n<figure data-wp-context=\"{&quot;imageId&quot;:&quot;6a9c370255257&quot;}\" data-wp-interactive=\"core\/image\" data-wp-key=\"6a9c370255257\" class=\"wp-block-image size-full wp-lightbox-container\"><img decoding=\"async\" width=\"1800\" height=\"1200\" data-wp-class--hide=\"state.isContentHidden\" data-wp-class--show=\"state.isContentVisible\" data-wp-init=\"callbacks.setButtonStyles\" data-wp-on--click=\"actions.showLightbox\" data-wp-on--load=\"callbacks.setButtonStyles\" data-wp-on--pointerdown=\"actions.preloadImage\" data-wp-on--pointerenter=\"actions.preloadImageWithDelay\" data-wp-on--pointerleave=\"actions.cancelPreload\" data-wp-on-window--resize=\"callbacks.setButtonStyles\" src=\"https:\/\/loudavymkrokem.cz\/wp-content\/uploads\/2026\/09\/nemecko-clanky-termaly-nemecko-12-c567f0aa.jpg\" alt=\"Bazinul exterior al K\u00f6nigliche Kristall-Therme din Schwangau cu vedere spre Alpi\" class=\"wp-image-415476\" title=\"\" srcset=\"https:\/\/loudavymkrokem.cz\/wp-content\/uploads\/2026\/09\/nemecko-clanky-termaly-nemecko-12-c567f0aa.jpg 1800w, https:\/\/loudavymkrokem.cz\/wp-content\/uploads\/2026\/09\/nemecko-clanky-termaly-nemecko-12-c567f0aa-300x200.jpg 300w, https:\/\/loudavymkrokem.cz\/wp-content\/uploads\/2026\/09\/nemecko-clanky-termaly-nemecko-12-c567f0aa-700x467.jpg 700w, https:\/\/loudavymkrokem.cz\/wp-content\/uploads\/2026\/09\/nemecko-clanky-termaly-nemecko-12-c567f0aa-768x512.jpg 768w, https:\/\/loudavymkrokem.cz\/wp-content\/uploads\/2026\/09\/nemecko-clanky-termaly-nemecko-12-c567f0aa-1536x1024.jpg 1536w, https:\/\/loudavymkrokem.cz\/wp-content\/uploads\/2026\/09\/nemecko-clanky-termaly-nemecko-12-c567f0aa-696x464.jpg 696w, https:\/\/loudavymkrokem.cz\/wp-content\/uploads\/2026\/09\/nemecko-clanky-termaly-nemecko-12-c567f0aa-1392x928.jpg 1392w\" sizes=\"(max-width: 1800px) 100vw, 1800px\" \/><button\n\t\t\tclass=\"lightbox-trigger\"\n\t\t\ttype=\"button\"\n\t\t\taria-haspopup=\"dialog\"\n\t\t\tdata-wp-bind--aria-label=\"state.thisImage.triggerButtonAriaLabel\"\n\t\t\tdata-wp-init=\"callbacks.initTriggerButton\"\n\t\t\tdata-wp-on--click=\"actions.showLightbox\"\n\t\t\tdata-wp-style--right=\"state.thisImage.buttonRight\"\n\t\t\tdata-wp-style--top=\"state.thisImage.buttonTop\"\n\t\t>\n\t\t\t<svg xmlns=\"http:\/\/www.w3.org\/2000\/svg\" width=\"12\" height=\"12\" fill=\"none\" viewBox=\"0 0 12 12\">\n\t\t\t\t<path fill=\"#fff\" d=\"M2 0a2 2 0 0 0-2 2v2h1.5V2a.5.5 0 0 1 .5-.5h2V0H2Zm2 10.5H2a.5.5 0 0 1-.5-.5V8H0v2a2 2 0 0 0 2 2h2v-1.5ZM8 12v-1.5h2a.5.5 0 0 0 .5-.5V8H12v2a2 2 0 0 1-2 2H8Zm2-12a2 2 0 0 1 2 2v2h-1.5V2a.5.5 0 0 0-.5-.5H8V0h2Z\" \/>\n\t\t\t<\/svg>\n\t\t<\/button><\/figure>\n\n\n\n<h3 class=\"wp-block-heading\"><span class=\"ez-toc-section\" id=\"7_Konigliche_Kristall-Therme_Schwangau\"><\/span>7. K\u00f6nigliche Kristall-Therme (Schwangau)<span class=\"ez-toc-section-end\"><\/span><\/h3>\n\n\n\n<p class=\"wp-block-paragraph\">Acest loc din Schwangau te va fermeca doar prin pozi\u021bia sa, pentru c\u0103 direct din bazinele termale vei savura o <strong>panoram\u0103<\/strong> asupra peisajului \u00eenconjur\u0103tor, iar iarna \u0219i asupra Alpilor \u00eenz\u0103pezi\u021bi. \u00centreaga suprafa\u021b\u0103 de odihn\u0103 \u0219i termal\u0103 se \u00eentinde pe impresionan\u021bi 14.000 de metri p\u0103tra\u021bi. Apa termal\u0103 local\u0103 con\u021bine 2,5% sare \u0219i, datorit\u0103 temperaturii de aproximativ 34 \u00b0C, ac\u021bioneaz\u0103 asupra pielii ca un peeling delicat, a\u0219a c\u0103, dup\u0103 baie, o vei sim\u021bi vizibil mai catifelat\u0103.<\/p>\n\n\n\n<p class=\"wp-block-paragraph\">Bazinele exterioare \u0219i interioare te vor \u00eenc\u0103lzi cu ap\u0103 la temperaturi \u00eentre 32 \u0219i 36 \u00b0C. Absolut minunate sunt jeturile de masaj locale, care fr\u0103m\u00e2nt\u0103 bl\u00e2nd spatele, picioarele, abdomenul \u0219i \u0219oldurile. Iubitorii saunatului \u00ee\u0219i vor g\u0103si aici locul, complexul ascunde <strong>5 saune tematice<\/strong> cu temperaturi de la 60 p\u00e2n\u0103 la 100 \u00b0C, dintre care trei sunt \u00een\u0103untru \u0219i dou\u0103 afar\u0103. \u00cen plus, vei g\u0103si aici un hamam otoman \u0219i dou\u0103 b\u0103i de aburi cu temperatura de p\u00e2n\u0103 la 48 \u00b0C.<\/p>\n\n\n\n<p class=\"wp-block-paragraph\">Conform listei de pre\u021buri pentru 2026, tariful de sear\u0103 (Feierabendtarif) de la ora 18 cost\u0103 <strong>19 EUR<\/strong> pentru un adult, doar pentru terme, \u0219i <strong>26 EUR<\/strong> \u00een varianta cu Wohlf\u00fchltherme \u0219i Zauberberg. Este un loc ideal pentru o evadare romantic\u0103 \u00een doi. <strong>\ud83d\udca1 Sfat:<\/strong> Tariful de sear\u0103 este valabil tot anul, dar ai grij\u0103, nu se aplic\u0103 \u00een weekend \u0219i \u00een timpul s\u0103rb\u0103torilor bavareze.<\/p>\n\n\n\n<figure data-wp-context=\"{&quot;imageId&quot;:&quot;6a9c3702557e3&quot;}\" data-wp-interactive=\"core\/image\" data-wp-key=\"6a9c3702557e3\" class=\"wp-block-image size-full wp-lightbox-container\"><img decoding=\"async\" width=\"1714\" height=\"2560\" data-wp-class--hide=\"state.isContentHidden\" data-wp-class--show=\"state.isContentVisible\" data-wp-init=\"callbacks.setButtonStyles\" data-wp-on--click=\"actions.showLightbox\" data-wp-on--load=\"callbacks.setButtonStyles\" data-wp-on--pointerdown=\"actions.preloadImage\" data-wp-on--pointerenter=\"actions.preloadImageWithDelay\" data-wp-on--pointerleave=\"actions.cancelPreload\" data-wp-on-window--resize=\"callbacks.setButtonStyles\" src=\"https:\/\/loudavymkrokem.cz\/wp-content\/uploads\/2026\/09\/nemecko-clanky-termaly-nemecko-13-83289bd6-scaled.jpg\" alt=\"Limes-Therme (Bad G\u00f6gging): zona de saune\" class=\"wp-image-415302\" title=\"\" srcset=\"https:\/\/loudavymkrokem.cz\/wp-content\/uploads\/2026\/09\/nemecko-clanky-termaly-nemecko-13-83289bd6-scaled.jpg 1714w, https:\/\/loudavymkrokem.cz\/wp-content\/uploads\/2026\/09\/nemecko-clanky-termaly-nemecko-13-83289bd6-201x300.jpg 201w, https:\/\/loudavymkrokem.cz\/wp-content\/uploads\/2026\/09\/nemecko-clanky-termaly-nemecko-13-83289bd6-700x1045.jpg 700w, https:\/\/loudavymkrokem.cz\/wp-content\/uploads\/2026\/09\/nemecko-clanky-termaly-nemecko-13-83289bd6-768x1147.jpg 768w, https:\/\/loudavymkrokem.cz\/wp-content\/uploads\/2026\/09\/nemecko-clanky-termaly-nemecko-13-83289bd6-1029x1536.jpg 1029w, https:\/\/loudavymkrokem.cz\/wp-content\/uploads\/2026\/09\/nemecko-clanky-termaly-nemecko-13-83289bd6-1371x2048.jpg 1371w, https:\/\/loudavymkrokem.cz\/wp-content\/uploads\/2026\/09\/nemecko-clanky-termaly-nemecko-13-83289bd6-696x1039.jpg 696w, https:\/\/loudavymkrokem.cz\/wp-content\/uploads\/2026\/09\/nemecko-clanky-termaly-nemecko-13-83289bd6-1392x2079.jpg 1392w\" sizes=\"(max-width: 1714px) 100vw, 1714px\" \/><button\n\t\t\tclass=\"lightbox-trigger\"\n\t\t\ttype=\"button\"\n\t\t\taria-haspopup=\"dialog\"\n\t\t\tdata-wp-bind--aria-label=\"state.thisImage.triggerButtonAriaLabel\"\n\t\t\tdata-wp-init=\"callbacks.initTriggerButton\"\n\t\t\tdata-wp-on--click=\"actions.showLightbox\"\n\t\t\tdata-wp-style--right=\"state.thisImage.buttonRight\"\n\t\t\tdata-wp-style--top=\"state.thisImage.buttonTop\"\n\t\t>\n\t\t\t<svg xmlns=\"http:\/\/www.w3.org\/2000\/svg\" width=\"12\" height=\"12\" fill=\"none\" viewBox=\"0 0 12 12\">\n\t\t\t\t<path fill=\"#fff\" d=\"M2 0a2 2 0 0 0-2 2v2h1.5V2a.5.5 0 0 1 .5-.5h2V0H2Zm2 10.5H2a.5.5 0 0 1-.5-.5V8H0v2a2 2 0 0 0 2 2h2v-1.5ZM8 12v-1.5h2a.5.5 0 0 0 .5-.5V8H12v2a2 2 0 0 1-2 2H8Zm2-12a2 2 0 0 1 2 2v2h-1.5V2a.5.5 0 0 0-.5-.5H8V0h2Z\" \/>\n\t\t\t<\/svg>\n\t\t<\/button><figcaption class=\"wp-element-caption\">Foto: Bad G\u00f6gging from Bad G\u00f6gging, Deutschland \/ Wikimedia Commons, CC BY 2.0<\/figcaption><\/figure>\n\n\n\n<h3 class=\"wp-block-heading\"><span class=\"ez-toc-section\" id=\"8_Limes-Therme_Bad_Gogging\"><\/span>8. Limes-Therme (Bad G\u00f6gging)<span class=\"ez-toc-section-end\"><\/span><\/h3>\n\n\n\n<p class=\"wp-block-paragraph\">La Bad G\u00f6gging vei da peste terme cu r\u0103d\u0103cini foarte ad\u00e2nci. Apa vindec\u0103toare se pompeaz\u0103 aici de la o <strong>ad\u00e2ncime impresionant\u0103 de peste 600 de metri<\/strong> \u0219i e plin\u0103 de oligoelemente importante. Pe l\u00e2ng\u0103 asta, complexul se m\u00e2ndre\u0219te \u0219i cu ap\u0103 sulfuroas\u0103, care izvor\u0103\u0219te de la o ad\u00e2ncime de 120 de metri \u0219i \u00ee\u0219i p\u0103streaz\u0103 temperatura natural\u0103 de 13,5 \u00b0C \u0219i con\u021binutul ridicat de sulf. Este un complex foarte specific, care va \u00eenc\u00e2nta mai ales iubitorii b\u0103ilor lini\u0219tite.<\/p>\n\n\n\n<p class=\"wp-block-paragraph\">Oaspe\u021bilor le stau la dispozi\u021bie \u00een total <strong>15 bazine interioare \u0219i exterioare<\/strong>, care formeaz\u0103 \u00eempreun\u0103 un luciu de ap\u0103 de 1.250 de metri p\u0103tra\u021bi. \u00cen bazinele termale, temperatura variaz\u0103 de la r\u0103coritorii 28 \u00b0C p\u00e2n\u0103 la fierbin\u021bii 36 \u00b0C. Vei g\u0103si aici, de exemplu, trei bazine Nymph\u00e4a dispuse pe niveluri diferite sau un bazin terapeutic special. Punctul culminant este sauna roman\u0103, care ofer\u0103 s\u0103li fierbin\u021bi \u00eenc\u0103lzite p\u00e2n\u0103 la 90 \u00b0C, bazine de r\u0103cire \u0219i zone de sp\u0103lare.<\/p>\n\n\n\n<p class=\"wp-block-paragraph\">Conform listei de pre\u021buri pentru 2026, biletul de sear\u0103 de trei ore, de la ora 17, cost\u0103 <strong>15 EUR<\/strong>. Dac\u0103 vrei s\u0103 \u00eencerci \u0219i amintita saun\u0103 roman\u0103, achi\u021bi la tarif \u00eenc\u0103 7 EUR. \u00centregul complex este pe deasupra \u00eenconjurat de o gr\u0103din\u0103 idilic\u0103 de 600 de metri p\u0103tra\u021bi. <strong>\ud83d\udca1 Sfat:<\/strong> \u00cen lunile de var\u0103 rezerv\u0103-\u021bi neap\u0103rat timp tocmai pentru odihna \u00een aceast\u0103 gr\u0103din\u0103 uria\u0219\u0103, aici e o lini\u0219te \u0219i o tihn\u0103 minunate.<\/p>\n\n\n\n<figure data-wp-context=\"{&quot;imageId&quot;:&quot;6a9c370255cef&quot;}\" data-wp-interactive=\"core\/image\" data-wp-key=\"6a9c370255cef\" class=\"wp-block-image size-full wp-lightbox-container\"><img decoding=\"async\" width=\"1800\" height=\"1200\" data-wp-class--hide=\"state.isContentHidden\" data-wp-class--show=\"state.isContentVisible\" data-wp-init=\"callbacks.setButtonStyles\" data-wp-on--click=\"actions.showLightbox\" data-wp-on--load=\"callbacks.setButtonStyles\" data-wp-on--pointerdown=\"actions.preloadImage\" data-wp-on--pointerenter=\"actions.preloadImageWithDelay\" data-wp-on--pointerleave=\"actions.cancelPreload\" data-wp-on-window--resize=\"callbacks.setButtonStyles\" src=\"https:\/\/loudavymkrokem.cz\/wp-content\/uploads\/2026\/09\/nemecko-clanky-termaly-nemecko-14-1b6f61cf.jpg\" alt=\"Therme Bad Griesbach (Bad Griesbach)\" class=\"wp-image-415303\" title=\"\" srcset=\"https:\/\/loudavymkrokem.cz\/wp-content\/uploads\/2026\/09\/nemecko-clanky-termaly-nemecko-14-1b6f61cf.jpg 1800w, https:\/\/loudavymkrokem.cz\/wp-content\/uploads\/2026\/09\/nemecko-clanky-termaly-nemecko-14-1b6f61cf-300x200.jpg 300w, https:\/\/loudavymkrokem.cz\/wp-content\/uploads\/2026\/09\/nemecko-clanky-termaly-nemecko-14-1b6f61cf-700x467.jpg 700w, https:\/\/loudavymkrokem.cz\/wp-content\/uploads\/2026\/09\/nemecko-clanky-termaly-nemecko-14-1b6f61cf-768x512.jpg 768w, https:\/\/loudavymkrokem.cz\/wp-content\/uploads\/2026\/09\/nemecko-clanky-termaly-nemecko-14-1b6f61cf-1536x1024.jpg 1536w, https:\/\/loudavymkrokem.cz\/wp-content\/uploads\/2026\/09\/nemecko-clanky-termaly-nemecko-14-1b6f61cf-696x464.jpg 696w, https:\/\/loudavymkrokem.cz\/wp-content\/uploads\/2026\/09\/nemecko-clanky-termaly-nemecko-14-1b6f61cf-1392x928.jpg 1392w\" sizes=\"(max-width: 1800px) 100vw, 1800px\" \/><button\n\t\t\tclass=\"lightbox-trigger\"\n\t\t\ttype=\"button\"\n\t\t\taria-haspopup=\"dialog\"\n\t\t\tdata-wp-bind--aria-label=\"state.thisImage.triggerButtonAriaLabel\"\n\t\t\tdata-wp-init=\"callbacks.initTriggerButton\"\n\t\t\tdata-wp-on--click=\"actions.showLightbox\"\n\t\t\tdata-wp-style--right=\"state.thisImage.buttonRight\"\n\t\t\tdata-wp-style--top=\"state.thisImage.buttonTop\"\n\t\t>\n\t\t\t<svg xmlns=\"http:\/\/www.w3.org\/2000\/svg\" width=\"12\" height=\"12\" fill=\"none\" viewBox=\"0 0 12 12\">\n\t\t\t\t<path fill=\"#fff\" d=\"M2 0a2 2 0 0 0-2 2v2h1.5V2a.5.5 0 0 1 .5-.5h2V0H2Zm2 10.5H2a.5.5 0 0 1-.5-.5V8H0v2a2 2 0 0 0 2 2h2v-1.5ZM8 12v-1.5h2a.5.5 0 0 0 .5-.5V8H12v2a2 2 0 0 1-2 2H8Zm2-12a2 2 0 0 1 2 2v2h-1.5V2a.5.5 0 0 0-.5-.5H8V0h2Z\" \/>\n\t\t\t<\/svg>\n\t\t<\/button><\/figure>\n\n\n\n<h3 class=\"wp-block-heading\"><span class=\"ez-toc-section\" id=\"9_Therme_Bad_Griesbach_Bad_Griesbach\"><\/span>9. Therme Bad Griesbach (Bad Griesbach)<span class=\"ez-toc-section-end\"><\/span><\/h3>\n\n\n\n<p class=\"wp-block-paragraph\">Acest complex e c\u0103utat cel mai des sub numele or\u0103\u0219elului, dar oficial se nume\u0219te THERME EINS. Raritatea sa absolut\u0103 este lumea saunelor Saunahof, construit\u0103 \u00eentr-o <strong>autentic\u0103 ferm\u0103 cu patru laturi din Rottal, din secolul al XVIII-lea<\/strong>. \u00cembinarea vechii arhitecturi rustice cu experien\u021ba wellness modern\u0103 func\u021bioneaz\u0103 aici perfect \u0219i creeaz\u0103 o atmosfer\u0103 incredibil de primitoare.<\/p>\n\n\n\n<p class=\"wp-block-paragraph\">Partea de baie propriu-zis\u0103 ofer\u0103 direct <strong>12 bazine termale<\/strong>, care sunt pline de cele mai diverse atrac\u021bii acvatice. Te po\u021bi l\u0103sa masat sub cascade, po\u021bi parcurge traseul de masaj sau pur \u0219i simplu te po\u021bi relaxa \u00een jacuzzi. Temperatura apei mul\u021bume\u0219te cu adev\u0103rat pe oricine, pentru c\u0103 variaz\u0103 de la pl\u0103cu\u021bii 30 \u00b0C p\u00e2n\u0103 la incredibil de fierbin\u021bii 42 \u00b0C.<\/p>\n\n\n\n<p class=\"wp-block-paragraph\">\u00cen ferma istoric\u0103 amintit\u0103 se ascund apoi \u00een total \u0219apte saune diferite \u0219i nu lipse\u0219te nici baia de aburi roman\u0103 clasic\u0103. Este un loc parc\u0103 anume creat pentru cupluri \u0219i iubitorii saunatului tradi\u021bional \u00eentr-un mediu netradi\u021bional. <strong>\ud83d\udca1 Sfat:<\/strong> C\u00e2nd introduci \u00een naviga\u021bie, caut\u0103 cu adev\u0103rat numele THERME EINS, denumirea oficial\u0103 te va conduce mult mai sigur la parcare.<\/p>\n\n\n\n<figure data-wp-context=\"{&quot;imageId&quot;:&quot;6a9c3702561be&quot;}\" data-wp-interactive=\"core\/image\" data-wp-key=\"6a9c3702561be\" class=\"wp-block-image size-full wp-lightbox-container\"><img decoding=\"async\" width=\"1800\" height=\"843\" data-wp-class--hide=\"state.isContentHidden\" data-wp-class--show=\"state.isContentVisible\" data-wp-init=\"callbacks.setButtonStyles\" data-wp-on--click=\"actions.showLightbox\" data-wp-on--load=\"callbacks.setButtonStyles\" data-wp-on--pointerdown=\"actions.preloadImage\" data-wp-on--pointerenter=\"actions.preloadImageWithDelay\" data-wp-on--pointerleave=\"actions.cancelPreload\" data-wp-on-window--resize=\"callbacks.setButtonStyles\" src=\"https:\/\/loudavymkrokem.cz\/wp-content\/uploads\/2026\/09\/nemecko-clanky-termaly-nemecko-15-c78f7327.jpg\" alt=\"Zona exterioar\u0103 de saune a termei Titania din Neus\u00e4\u00df\" class=\"wp-image-415478\" title=\"\" srcset=\"https:\/\/loudavymkrokem.cz\/wp-content\/uploads\/2026\/09\/nemecko-clanky-termaly-nemecko-15-c78f7327.jpg 1800w, https:\/\/loudavymkrokem.cz\/wp-content\/uploads\/2026\/09\/nemecko-clanky-termaly-nemecko-15-c78f7327-300x141.jpg 300w, https:\/\/loudavymkrokem.cz\/wp-content\/uploads\/2026\/09\/nemecko-clanky-termaly-nemecko-15-c78f7327-700x328.jpg 700w, https:\/\/loudavymkrokem.cz\/wp-content\/uploads\/2026\/09\/nemecko-clanky-termaly-nemecko-15-c78f7327-768x360.jpg 768w, https:\/\/loudavymkrokem.cz\/wp-content\/uploads\/2026\/09\/nemecko-clanky-termaly-nemecko-15-c78f7327-1536x719.jpg 1536w, https:\/\/loudavymkrokem.cz\/wp-content\/uploads\/2026\/09\/nemecko-clanky-termaly-nemecko-15-c78f7327-696x326.jpg 696w, https:\/\/loudavymkrokem.cz\/wp-content\/uploads\/2026\/09\/nemecko-clanky-termaly-nemecko-15-c78f7327-1392x652.jpg 1392w\" sizes=\"(max-width: 1800px) 100vw, 1800px\" \/><button\n\t\t\tclass=\"lightbox-trigger\"\n\t\t\ttype=\"button\"\n\t\t\taria-haspopup=\"dialog\"\n\t\t\tdata-wp-bind--aria-label=\"state.thisImage.triggerButtonAriaLabel\"\n\t\t\tdata-wp-init=\"callbacks.initTriggerButton\"\n\t\t\tdata-wp-on--click=\"actions.showLightbox\"\n\t\t\tdata-wp-style--right=\"state.thisImage.buttonRight\"\n\t\t\tdata-wp-style--top=\"state.thisImage.buttonTop\"\n\t\t>\n\t\t\t<svg xmlns=\"http:\/\/www.w3.org\/2000\/svg\" width=\"12\" height=\"12\" fill=\"none\" viewBox=\"0 0 12 12\">\n\t\t\t\t<path fill=\"#fff\" d=\"M2 0a2 2 0 0 0-2 2v2h1.5V2a.5.5 0 0 1 .5-.5h2V0H2Zm2 10.5H2a.5.5 0 0 1-.5-.5V8H0v2a2 2 0 0 0 2 2h2v-1.5ZM8 12v-1.5h2a.5.5 0 0 0 .5-.5V8H12v2a2 2 0 0 1-2 2H8Zm2-12a2 2 0 0 1 2 2v2h-1.5V2a.5.5 0 0 0-.5-.5H8V0h2Z\" \/>\n\t\t\t<\/svg>\n\t\t<\/button><\/figure>\n\n\n\n<h3 class=\"wp-block-heading\"><span class=\"ez-toc-section\" id=\"10_Titania_Neusas_Neusas\"><\/span>10. Titania Neus\u00e4\u00df (Neus\u00e4\u00df)<span class=\"ez-toc-section-end\"><\/span><\/h3>\n\n\n\n<p class=\"wp-block-paragraph\">Complexul de distrac\u021bie \u0219i termal din Neus\u00e4\u00df este un paradis pentru iubitorii diferen\u021belor extreme de temperatur\u0103. Lumea saunelor ofer\u0103 aici o variabilitate uria\u0219\u0103, care culmineaz\u0103 cu <strong>saun\u0103 nordic\u0103 Kelo, fierbinte de 95 \u00b0C<\/strong>. Pe l\u00e2ng\u0103 ea, vei g\u0103si aici o saun\u0103 de piatr\u0103 (85 \u00b0C), o saun\u0103 de sare (90 \u00b0C), Erdsauna de p\u0103m\u00e2nt (80 \u00b0C) sau absolut unica saun\u0103 de bere Bierst\u00fcberl. E probabil unul dintre cele mai creative centre de saune din \u00eentreaga zon\u0103.<\/p>\n\n\n\n<p class=\"wp-block-paragraph\">Pe l\u00e2ng\u0103 saune, te vor bucura \u0219i bogata ofert\u0103 de bazine \u0219i b\u0103i. Te po\u021bi \u00eenc\u0103lzi \u00eentr-un bazin de hamam cu temperatura de 34 \u00b0C sau po\u021bi \u00eencerca bazinul \u0219ez\u00e2nd fierbinte. Pentru r\u0103cire serve\u0219te apoi excelent <strong>bazinul de imersie cu 20 \u00b0C<\/strong>. Dac\u0103 preferi c\u0103ldura mai umed\u0103, \u00eendreapt\u0103-te spre baia de aburi sau spre laconium, unde temperatura se men\u021bine la pl\u0103cu\u021bii 45 \u00b0C.<\/p>\n\n\n\n<p class=\"wp-block-paragraph\">Conform listei de pre\u021buri pentru 2026, intrarea obi\u0219nuit\u0103 pentru adul\u021bi variaz\u0103 de la <strong>18,50 EUR<\/strong> pentru o intrare mai scurt\u0103 p\u00e2n\u0103 la 28 EUR. Biletele pentru copii cost\u0103 de la 12 p\u00e2n\u0103 la 21,50 EUR, \u00een func\u021bie de durata sejurului. Complexul se potrive\u0219te excelent familiilor cu copii mai mari, care \u0219tiu deja s\u0103 aprecieze varietatea atrac\u021biilor locale. <strong>\ud83d\udca1 Sfat:<\/strong> Dac\u0103 pl\u0103nuie\u0219ti s\u0103 vii aici mai des, informeaz\u0103-te asupra condi\u021biilor clubului lor, cu a\u0219a-numitele Clubtarife un adult pl\u0103te\u0219te pentru intrare doar de la 9,25 EUR.<\/p>\n\n\n\n<figure data-wp-context=\"{&quot;imageId&quot;:&quot;6a9c37025676c&quot;}\" data-wp-interactive=\"core\/image\" data-wp-key=\"6a9c37025676c\" class=\"wp-block-image size-full wp-lightbox-container\"><img decoding=\"async\" width=\"1800\" height=\"1200\" data-wp-class--hide=\"state.isContentHidden\" data-wp-class--show=\"state.isContentVisible\" data-wp-init=\"callbacks.setButtonStyles\" data-wp-on--click=\"actions.showLightbox\" data-wp-on--load=\"callbacks.setButtonStyles\" data-wp-on--pointerdown=\"actions.preloadImage\" data-wp-on--pointerenter=\"actions.preloadImageWithDelay\" data-wp-on--pointerleave=\"actions.cancelPreload\" data-wp-on-window--resize=\"callbacks.setButtonStyles\" src=\"https:\/\/loudavymkrokem.cz\/wp-content\/uploads\/2026\/09\/nemecko-clanky-termaly-nemecko-16-25ba2f69.jpg\" alt=\"Fackelmann Therme Hersbruck (Hersbruck)\" class=\"wp-image-415305\" title=\"\" srcset=\"https:\/\/loudavymkrokem.cz\/wp-content\/uploads\/2026\/09\/nemecko-clanky-termaly-nemecko-16-25ba2f69.jpg 1800w, https:\/\/loudavymkrokem.cz\/wp-content\/uploads\/2026\/09\/nemecko-clanky-termaly-nemecko-16-25ba2f69-300x200.jpg 300w, https:\/\/loudavymkrokem.cz\/wp-content\/uploads\/2026\/09\/nemecko-clanky-termaly-nemecko-16-25ba2f69-700x467.jpg 700w, https:\/\/loudavymkrokem.cz\/wp-content\/uploads\/2026\/09\/nemecko-clanky-termaly-nemecko-16-25ba2f69-768x512.jpg 768w, https:\/\/loudavymkrokem.cz\/wp-content\/uploads\/2026\/09\/nemecko-clanky-termaly-nemecko-16-25ba2f69-1536x1024.jpg 1536w, https:\/\/loudavymkrokem.cz\/wp-content\/uploads\/2026\/09\/nemecko-clanky-termaly-nemecko-16-25ba2f69-696x464.jpg 696w, https:\/\/loudavymkrokem.cz\/wp-content\/uploads\/2026\/09\/nemecko-clanky-termaly-nemecko-16-25ba2f69-1392x928.jpg 1392w\" sizes=\"(max-width: 1800px) 100vw, 1800px\" \/><button\n\t\t\tclass=\"lightbox-trigger\"\n\t\t\ttype=\"button\"\n\t\t\taria-haspopup=\"dialog\"\n\t\t\tdata-wp-bind--aria-label=\"state.thisImage.triggerButtonAriaLabel\"\n\t\t\tdata-wp-init=\"callbacks.initTriggerButton\"\n\t\t\tdata-wp-on--click=\"actions.showLightbox\"\n\t\t\tdata-wp-style--right=\"state.thisImage.buttonRight\"\n\t\t\tdata-wp-style--top=\"state.thisImage.buttonTop\"\n\t\t>\n\t\t\t<svg xmlns=\"http:\/\/www.w3.org\/2000\/svg\" width=\"12\" height=\"12\" fill=\"none\" viewBox=\"0 0 12 12\">\n\t\t\t\t<path fill=\"#fff\" d=\"M2 0a2 2 0 0 0-2 2v2h1.5V2a.5.5 0 0 1 .5-.5h2V0H2Zm2 10.5H2a.5.5 0 0 1-.5-.5V8H0v2a2 2 0 0 0 2 2h2v-1.5ZM8 12v-1.5h2a.5.5 0 0 0 .5-.5V8H12v2a2 2 0 0 1-2 2H8Zm2-12a2 2 0 0 1 2 2v2h-1.5V2a.5.5 0 0 0-.5-.5H8V0h2Z\" \/>\n\t\t\t<\/svg>\n\t\t<\/button><figcaption class=\"wp-element-caption\">Foto: Fackelmann Therme Hersbruck \/ Wikimedia Commons, CC BY-SA 3.0<\/figcaption><\/figure>\n\n\n\n<h3 class=\"wp-block-heading\"><span class=\"ez-toc-section\" id=\"11_Fackelmann_Therme_Hersbruck_Hersbruck\"><\/span>11. Fackelmann Therme Hersbruck (Hersbruck)<span class=\"ez-toc-section-end\"><\/span><\/h3>\n\n\n\n<p class=\"wp-block-paragraph\">Acest complex, deschis \u00een decembrie 2004 \u00een Hersbruckul francon, atrage mai ales cu apa vindec\u0103toare recunoscut\u0103 de stat. Aceasta are parametri excelen\u021bi \u0219i, deja direct la izvor, atinge o temperatur\u0103 de <strong>29,4 \u00b0C<\/strong>. Partea interioar\u0103 a lumii termale este frumos iluminat\u0103 \u0219i ofer\u0103 un bazin cu ap\u0103 de 34 \u00b0C, unde chiar po\u021bi savura muzic\u0103 relaxant\u0103 subacvatic\u0103 sub ap\u0103.<\/p>\n\n\n\n<p class=\"wp-block-paragraph\">Dac\u0103 preferi s\u0103 respiri aer proasp\u0103t, \u00eendreapt\u0103-te spre bazinul termal exterior, care e \u00eenc\u0103lzit la nemaipomeni\u021bii <strong>36 \u00b0C<\/strong>. Te po\u021bi \u00eentinde aici pe paturi cu bule sau te po\u021bi l\u0103sa masat pe spate de jeturile de masaj locale. Din complex eman\u0103 tihn\u0103 \u0219i, datorit\u0103 dimensiunilor mai mici, nu are un aer at\u00e2t de anonim ca gigan\u021bii uria\u0219i de tipul Erding.<\/p>\n\n\n\n<p class=\"wp-block-paragraph\">Conform listei de pre\u021buri pentru 2026, la dep\u0103\u0219irea timpului pl\u0103tit se factureaz\u0103 un supliment de <strong>1 EUR pentru fiecare jum\u0103tate de or\u0103 \u00eenceput\u0103<\/strong>. Dac\u0103 \u00ee\u021bi ui\u021bi acas\u0103 echipamentul, nu e nicio problem\u0103, pentru c\u0103 aici \u021bi se \u00eemprumut\u0103 cu 2,50 EUR un prosop \u0219i cu 5 EUR un halat. <strong>\ud83d\udca1 Sfat:<\/strong> Profit\u0103 de posibilitatea de a \u00eemprumuta halatul la fa\u021ba locului, \u00een rucsac sau valiz\u0103 \u00ee\u021bi vor \u00eenc\u0103pea apoi multe alte lucruri \u0219i nu va trebui s\u0103 te chinui cu haine voluminoase.<\/p>\n\n\n\n<figure data-wp-context=\"{&quot;imageId&quot;:&quot;6a9c370256c70&quot;}\" data-wp-interactive=\"core\/image\" data-wp-key=\"6a9c370256c70\" class=\"wp-block-image size-full wp-lightbox-container\"><img decoding=\"async\" width=\"1800\" height=\"1350\" data-wp-class--hide=\"state.isContentHidden\" data-wp-class--show=\"state.isContentVisible\" data-wp-init=\"callbacks.setButtonStyles\" data-wp-on--click=\"actions.showLightbox\" data-wp-on--load=\"callbacks.setButtonStyles\" data-wp-on--pointerdown=\"actions.preloadImage\" data-wp-on--pointerenter=\"actions.preloadImageWithDelay\" data-wp-on--pointerleave=\"actions.cancelPreload\" data-wp-on-window--resize=\"callbacks.setButtonStyles\" src=\"https:\/\/loudavymkrokem.cz\/wp-content\/uploads\/2026\/09\/nemecko-clanky-termaly-nemecko-17-4ae5052a.jpg\" alt=\"ThermeNatur (Bad Rodach)\" class=\"wp-image-415306\" title=\"\" srcset=\"https:\/\/loudavymkrokem.cz\/wp-content\/uploads\/2026\/09\/nemecko-clanky-termaly-nemecko-17-4ae5052a.jpg 1800w, https:\/\/loudavymkrokem.cz\/wp-content\/uploads\/2026\/09\/nemecko-clanky-termaly-nemecko-17-4ae5052a-300x225.jpg 300w, https:\/\/loudavymkrokem.cz\/wp-content\/uploads\/2026\/09\/nemecko-clanky-termaly-nemecko-17-4ae5052a-700x525.jpg 700w, https:\/\/loudavymkrokem.cz\/wp-content\/uploads\/2026\/09\/nemecko-clanky-termaly-nemecko-17-4ae5052a-768x576.jpg 768w, https:\/\/loudavymkrokem.cz\/wp-content\/uploads\/2026\/09\/nemecko-clanky-termaly-nemecko-17-4ae5052a-1536x1152.jpg 1536w, https:\/\/loudavymkrokem.cz\/wp-content\/uploads\/2026\/09\/nemecko-clanky-termaly-nemecko-17-4ae5052a-80x60.jpg 80w, https:\/\/loudavymkrokem.cz\/wp-content\/uploads\/2026\/09\/nemecko-clanky-termaly-nemecko-17-4ae5052a-160x120.jpg 160w, https:\/\/loudavymkrokem.cz\/wp-content\/uploads\/2026\/09\/nemecko-clanky-termaly-nemecko-17-4ae5052a-696x522.jpg 696w, https:\/\/loudavymkrokem.cz\/wp-content\/uploads\/2026\/09\/nemecko-clanky-termaly-nemecko-17-4ae5052a-1392x1044.jpg 1392w\" sizes=\"(max-width: 1800px) 100vw, 1800px\" \/><button\n\t\t\tclass=\"lightbox-trigger\"\n\t\t\ttype=\"button\"\n\t\t\taria-haspopup=\"dialog\"\n\t\t\tdata-wp-bind--aria-label=\"state.thisImage.triggerButtonAriaLabel\"\n\t\t\tdata-wp-init=\"callbacks.initTriggerButton\"\n\t\t\tdata-wp-on--click=\"actions.showLightbox\"\n\t\t\tdata-wp-style--right=\"state.thisImage.buttonRight\"\n\t\t\tdata-wp-style--top=\"state.thisImage.buttonTop\"\n\t\t>\n\t\t\t<svg xmlns=\"http:\/\/www.w3.org\/2000\/svg\" width=\"12\" height=\"12\" fill=\"none\" viewBox=\"0 0 12 12\">\n\t\t\t\t<path fill=\"#fff\" d=\"M2 0a2 2 0 0 0-2 2v2h1.5V2a.5.5 0 0 1 .5-.5h2V0H2Zm2 10.5H2a.5.5 0 0 1-.5-.5V8H0v2a2 2 0 0 0 2 2h2v-1.5ZM8 12v-1.5h2a.5.5 0 0 0 .5-.5V8H12v2a2 2 0 0 1-2 2H8Zm2-12a2 2 0 0 1 2 2v2h-1.5V2a.5.5 0 0 0-.5-.5H8V0h2Z\" \/>\n\t\t\t<\/svg>\n\t\t<\/button><\/figure>\n\n\n\n<h3 class=\"wp-block-heading\"><span class=\"ez-toc-section\" id=\"12_ThermeNatur_Bad_Rodach\"><\/span>12. ThermeNatur (Bad Rodach)<span class=\"ez-toc-section-end\"><\/span><\/h3>\n\n\n\n<p class=\"wp-block-paragraph\">Acest complex balnear se afl\u0103 \u00een or\u0103\u0219elul Bad Rodach \u0219i este cunoscut mai ales datorit\u0103 apei extraordinar de calitative. Izvorul termal local, descoperit \u00een 1972, se pompeaz\u0103 de la o <strong>ad\u00e2ncime de 652 de metri<\/strong> \u0219i se m\u00e2ndre\u0219te cu titlul de cel mai cald izvor din toat\u0103 regiunea. Chiar din ad\u00e2ncurile p\u0103m\u00e2ntului izvor\u0103\u0219te la o temperatur\u0103 de frumo\u0219ii 34 \u00b0C.<\/p>\n\n\n\n<p class=\"wp-block-paragraph\">Complexul este conceput mai degrab\u0103 ca b\u0103i tradi\u021bionale \u0219i nu vei g\u0103si aici mul\u021bimi dezl\u0103n\u021buite \u00eensetate de adrenalin\u0103. Ai la dispozi\u021bie o <strong>zon\u0103 de baie \u0219i de saune<\/strong>, completat\u0103 de o sec\u021bie wellness specializat\u0103. Este exact tipul de loc unde mergi s\u0103-\u021bi aduni for\u021bele, s\u0103 \u00eencetine\u0219ti \u0219i s\u0103 la\u0219i apa vindec\u0103toare s\u0103-\u0219i fac\u0103 treaba asupra aparatului t\u0103u locomotor.<\/p>\n\n\n\n<p class=\"wp-block-paragraph\">Se potrive\u0219te \u00een primul r\u00e2nd adul\u021bilor, cuplurilor \u0219i seniorilor \u00een c\u0103utare de lini\u0219te \u0219i de o adev\u0103rat\u0103 reabilitare. Deci, dac\u0103 te g\u00e2nde\u0219ti la un weekend t\u0103cut cu o carte \u0219i cu \u00eenc\u0103lzirea articula\u021biilor, aici nu vei da gre\u0219. <strong>\ud83d\udca1 Sfat:<\/strong> Dac\u0103 ai probleme cu spatele, programeaz\u0103-te din timp la vreuna dintre procedurile din sec\u021bia wellness de aici, au o experien\u021b\u0103 uria\u0219\u0103 \u00een folosirea apei locale.<\/p>\n\n\n\n<figure data-wp-context=\"{&quot;imageId&quot;:&quot;6a9c3702571cd&quot;}\" data-wp-interactive=\"core\/image\" data-wp-key=\"6a9c3702571cd\" class=\"wp-block-image size-full wp-lightbox-container\"><img decoding=\"async\" width=\"1800\" height=\"1200\" data-wp-class--hide=\"state.isContentHidden\" data-wp-class--show=\"state.isContentVisible\" data-wp-init=\"callbacks.setButtonStyles\" data-wp-on--click=\"actions.showLightbox\" data-wp-on--load=\"callbacks.setButtonStyles\" data-wp-on--pointerdown=\"actions.preloadImage\" data-wp-on--pointerenter=\"actions.preloadImageWithDelay\" data-wp-on--pointerleave=\"actions.cancelPreload\" data-wp-on-window--resize=\"callbacks.setButtonStyles\" src=\"https:\/\/loudavymkrokem.cz\/wp-content\/uploads\/2026\/09\/nemecko-clanky-termaly-nemecko-18-1233e231.jpg\" alt=\"Johannesbad Therme Bad F\u00fcssing (Bad F\u00fcssing)\" class=\"wp-image-415307\" title=\"\" srcset=\"https:\/\/loudavymkrokem.cz\/wp-content\/uploads\/2026\/09\/nemecko-clanky-termaly-nemecko-18-1233e231.jpg 1800w, https:\/\/loudavymkrokem.cz\/wp-content\/uploads\/2026\/09\/nemecko-clanky-termaly-nemecko-18-1233e231-300x200.jpg 300w, https:\/\/loudavymkrokem.cz\/wp-content\/uploads\/2026\/09\/nemecko-clanky-termaly-nemecko-18-1233e231-700x467.jpg 700w, https:\/\/loudavymkrokem.cz\/wp-content\/uploads\/2026\/09\/nemecko-clanky-termaly-nemecko-18-1233e231-768x512.jpg 768w, https:\/\/loudavymkrokem.cz\/wp-content\/uploads\/2026\/09\/nemecko-clanky-termaly-nemecko-18-1233e231-1536x1024.jpg 1536w, https:\/\/loudavymkrokem.cz\/wp-content\/uploads\/2026\/09\/nemecko-clanky-termaly-nemecko-18-1233e231-696x464.jpg 696w, https:\/\/loudavymkrokem.cz\/wp-content\/uploads\/2026\/09\/nemecko-clanky-termaly-nemecko-18-1233e231-1392x928.jpg 1392w\" sizes=\"(max-width: 1800px) 100vw, 1800px\" \/><button\n\t\t\tclass=\"lightbox-trigger\"\n\t\t\ttype=\"button\"\n\t\t\taria-haspopup=\"dialog\"\n\t\t\tdata-wp-bind--aria-label=\"state.thisImage.triggerButtonAriaLabel\"\n\t\t\tdata-wp-init=\"callbacks.initTriggerButton\"\n\t\t\tdata-wp-on--click=\"actions.showLightbox\"\n\t\t\tdata-wp-style--right=\"state.thisImage.buttonRight\"\n\t\t\tdata-wp-style--top=\"state.thisImage.buttonTop\"\n\t\t>\n\t\t\t<svg xmlns=\"http:\/\/www.w3.org\/2000\/svg\" width=\"12\" height=\"12\" fill=\"none\" viewBox=\"0 0 12 12\">\n\t\t\t\t<path fill=\"#fff\" d=\"M2 0a2 2 0 0 0-2 2v2h1.5V2a.5.5 0 0 1 .5-.5h2V0H2Zm2 10.5H2a.5.5 0 0 1-.5-.5V8H0v2a2 2 0 0 0 2 2h2v-1.5ZM8 12v-1.5h2a.5.5 0 0 0 .5-.5V8H12v2a2 2 0 0 1-2 2H8Zm2-12a2 2 0 0 1 2 2v2h-1.5V2a.5.5 0 0 0-.5-.5H8V0h2Z\" \/>\n\t\t\t<\/svg>\n\t\t<\/button><\/figure>\n\n\n\n<h3 class=\"wp-block-heading\"><span class=\"ez-toc-section\" id=\"13_Johannesbad_Therme_Bad_Fussing_Bad_Fussing\"><\/span>13. Johannesbad Therme Bad F\u00fcssing (Bad F\u00fcssing)<span class=\"ez-toc-section-end\"><\/span><\/h3>\n\n\n\n<p class=\"wp-block-paragraph\">La o vizit\u0103 \u00een Bad F\u00fcssing vei da peste un complex care se num\u0103r\u0103 printre cele mai mari terme din toat\u0103 Europa. Ofer\u0103 incredibili <strong>4.500 de metri p\u0103tra\u021bi de luciu de ap\u0103<\/strong>, care se \u00eentind pe treisprezece bazine uria\u0219e. Apa provine din izvorul Johannesquelle, pe care l-a forat aici, \u00een 1964, familia Zwick, \u0219i vine de la o ad\u00e2ncime de o mie de metri fix.<\/p>\n\n\n\n<p class=\"wp-block-paragraph\">Direct la izvor, apa are <strong>56 \u00b0C<\/strong>, dar \u00een bazine o vei savura r\u0103cit\u0103 la pl\u0103cu\u021bii 27 p\u00e2n\u0103 la 39 \u00b0C. Complexul, care func\u021bioneaz\u0103 din 1969 \u00eempreun\u0103 cu clinica al\u0103turat\u0103, este \u00eenconjurat de gigantice suprafe\u021be exterioare de odihn\u0103, de 60.000 de metri p\u0103tra\u021bi. Nu lipse\u0219te nici zona de saune de 800 de metri p\u0103tra\u021bi, cu patru saune \u0219i o baie de aburi.<\/p>\n\n\n\n<p class=\"wp-block-paragraph\">Este un gigant axat mult pe s\u0103n\u0103tate, preven\u021bie \u0219i tratament, a\u0219a c\u0103 aici vine o cantitate uria\u0219\u0103 de oameni pentru reabilitare. Nu te a\u0219tepta aici la o atmosfer\u0103 intim\u0103, ci mai degrab\u0103 la \u00eengrijire balnear\u0103 de prim\u0103 clas\u0103 la scar\u0103 uria\u0219\u0103. <strong>\ud83d\udca1 Sfat:<\/strong> \u00cen lunile de var\u0103 ia-\u021bi neap\u0103rat o p\u0103tur\u0103 mare, acele suprafe\u021be uria\u0219e cu iarb\u0103 de afar\u0103 sunt ideale pentru statul \u00eentins la soare toat\u0103 ziua.<\/p>\n\n\n\n<figure data-wp-context=\"{&quot;imageId&quot;:&quot;6a9c3702576e8&quot;}\" data-wp-interactive=\"core\/image\" data-wp-key=\"6a9c3702576e8\" class=\"wp-block-image size-full wp-lightbox-container\"><img decoding=\"async\" width=\"1800\" height=\"750\" data-wp-class--hide=\"state.isContentHidden\" data-wp-class--show=\"state.isContentVisible\" data-wp-init=\"callbacks.setButtonStyles\" data-wp-on--click=\"actions.showLightbox\" data-wp-on--load=\"callbacks.setButtonStyles\" data-wp-on--pointerdown=\"actions.preloadImage\" data-wp-on--pointerenter=\"actions.preloadImageWithDelay\" data-wp-on--pointerleave=\"actions.cancelPreload\" data-wp-on-window--resize=\"callbacks.setButtonStyles\" src=\"https:\/\/loudavymkrokem.cz\/wp-content\/uploads\/2026\/09\/nemecko-clanky-termaly-nemecko-19-48dd8934.jpg\" alt=\"Bazin cu atrac\u021bii acvatice la Europa Therme din Bad F\u00fcssing\" class=\"wp-image-415483\" title=\"\" srcset=\"https:\/\/loudavymkrokem.cz\/wp-content\/uploads\/2026\/09\/nemecko-clanky-termaly-nemecko-19-48dd8934.jpg 1800w, https:\/\/loudavymkrokem.cz\/wp-content\/uploads\/2026\/09\/nemecko-clanky-termaly-nemecko-19-48dd8934-300x125.jpg 300w, https:\/\/loudavymkrokem.cz\/wp-content\/uploads\/2026\/09\/nemecko-clanky-termaly-nemecko-19-48dd8934-700x292.jpg 700w, https:\/\/loudavymkrokem.cz\/wp-content\/uploads\/2026\/09\/nemecko-clanky-termaly-nemecko-19-48dd8934-768x320.jpg 768w, https:\/\/loudavymkrokem.cz\/wp-content\/uploads\/2026\/09\/nemecko-clanky-termaly-nemecko-19-48dd8934-1536x640.jpg 1536w, https:\/\/loudavymkrokem.cz\/wp-content\/uploads\/2026\/09\/nemecko-clanky-termaly-nemecko-19-48dd8934-696x290.jpg 696w, https:\/\/loudavymkrokem.cz\/wp-content\/uploads\/2026\/09\/nemecko-clanky-termaly-nemecko-19-48dd8934-1392x580.jpg 1392w\" sizes=\"(max-width: 1800px) 100vw, 1800px\" \/><button\n\t\t\tclass=\"lightbox-trigger\"\n\t\t\ttype=\"button\"\n\t\t\taria-haspopup=\"dialog\"\n\t\t\tdata-wp-bind--aria-label=\"state.thisImage.triggerButtonAriaLabel\"\n\t\t\tdata-wp-init=\"callbacks.initTriggerButton\"\n\t\t\tdata-wp-on--click=\"actions.showLightbox\"\n\t\t\tdata-wp-style--right=\"state.thisImage.buttonRight\"\n\t\t\tdata-wp-style--top=\"state.thisImage.buttonTop\"\n\t\t>\n\t\t\t<svg xmlns=\"http:\/\/www.w3.org\/2000\/svg\" width=\"12\" height=\"12\" fill=\"none\" viewBox=\"0 0 12 12\">\n\t\t\t\t<path fill=\"#fff\" d=\"M2 0a2 2 0 0 0-2 2v2h1.5V2a.5.5 0 0 1 .5-.5h2V0H2Zm2 10.5H2a.5.5 0 0 1-.5-.5V8H0v2a2 2 0 0 0 2 2h2v-1.5ZM8 12v-1.5h2a.5.5 0 0 0 .5-.5V8H12v2a2 2 0 0 1-2 2H8Zm2-12a2 2 0 0 1 2 2v2h-1.5V2a.5.5 0 0 0-.5-.5H8V0h2Z\" \/>\n\t\t\t<\/svg>\n\t\t<\/button><\/figure>\n\n\n\n<h3 class=\"wp-block-heading\"><span class=\"ez-toc-section\" id=\"14_Europa_Therme_Bad_Fussing\"><\/span>14. Europa Therme (Bad F\u00fcssing)<span class=\"ez-toc-section-end\"><\/span><\/h3>\n\n\n\n<p class=\"wp-block-paragraph\">Al doilea complex balnear uria\u0219 din Bad F\u00fcssing atrage cu un peisaj termal de 3.000 de metri p\u0103tra\u021bi. Elementul s\u0103u absolut dominant este <strong>canalul cu curent lung de 120 de metri<\/strong>, care este conectat la uria\u0219ul bazin de atrac\u021bii Nymph\u00e4um, cu ap\u0103 de 36 \u00b0C. Curen\u021bii de aici, b\u0103ncile cu bule \u0219i tunurile de ap\u0103 te pot distra o vreme foarte \u00eendelungat\u0103.<\/p>\n\n\n\n<p class=\"wp-block-paragraph\">Vei g\u0103si aici <strong>17 bazine diferite<\/strong>, cu temperaturi de la 27 p\u00e2n\u0103 la 40 \u00b0C. Te po\u021bi odihni \u00eentr-un bazin cu muzic\u0103 subacvatic\u0103 \u00eenc\u0103lzit la 37 \u00b0C, \u00eentr-o grot\u0103 cu cer \u00eenstelat sau l\u00e2ng\u0103 paturile cu bule de aer. Cine vrea s\u0103 \u00eenoate va aprecia dou\u0103 bazine pe spate, cu ap\u0103 mai rece, \u00een jur de 29 \u00b0C. Nu lipse\u0219te nici \u00eendr\u0103gitul bazin exterior alternativ cu temperaturi de 18 \u0219i 40 \u00b0C.<\/p>\n\n\n\n<p class=\"wp-block-paragraph\">Conform listei de pre\u021buri pentru 2026, intrarea este permis\u0103 doar <strong>copiilor de la 3 ani<\/strong>, a\u0219a c\u0103, din p\u0103cate, cu bebelu\u0219i nu te las\u0103 aici. Dac\u0103 z\u0103bove\u0219ti \u00een complex mai mult dec\u00e2t ai pl\u0103tit, se factureaz\u0103 un supliment de 1 EUR pentru fiecare jum\u0103tate de or\u0103 \u00eenceput\u0103. <strong>\ud83d\udca1 Sfat:<\/strong> Cu un mic supliment de 2 euro, po\u021bi cump\u0103ra la intrarea la terme o vizit\u0103 la Aerosal, o camer\u0103 special\u0103 excelent\u0103 pentru pl\u0103m\u00e2nii t\u0103i.<\/p>\n\n\n\n<figure data-wp-context=\"{&quot;imageId&quot;:&quot;6a9c370257dc6&quot;}\" data-wp-interactive=\"core\/image\" data-wp-key=\"6a9c370257dc6\" class=\"wp-block-image size-full wp-lightbox-container\"><img decoding=\"async\" width=\"1800\" height=\"1012\" data-wp-class--hide=\"state.isContentHidden\" data-wp-class--show=\"state.isContentVisible\" data-wp-init=\"callbacks.setButtonStyles\" data-wp-on--click=\"actions.showLightbox\" data-wp-on--load=\"callbacks.setButtonStyles\" data-wp-on--pointerdown=\"actions.preloadImage\" data-wp-on--pointerenter=\"actions.preloadImageWithDelay\" data-wp-on--pointerleave=\"actions.cancelPreload\" data-wp-on-window--resize=\"callbacks.setButtonStyles\" src=\"https:\/\/loudavymkrokem.cz\/wp-content\/uploads\/2026\/09\/nemecko-clanky-termaly-nemecko-20-018a6875.jpg\" alt=\"Complexul termal Sibyllenbad din Neualbenreuth v\u0103zut de sus\" class=\"wp-image-415309\" title=\"\" srcset=\"https:\/\/loudavymkrokem.cz\/wp-content\/uploads\/2026\/09\/nemecko-clanky-termaly-nemecko-20-018a6875.jpg 1800w, https:\/\/loudavymkrokem.cz\/wp-content\/uploads\/2026\/09\/nemecko-clanky-termaly-nemecko-20-018a6875-300x169.jpg 300w, https:\/\/loudavymkrokem.cz\/wp-content\/uploads\/2026\/09\/nemecko-clanky-termaly-nemecko-20-018a6875-700x394.jpg 700w, https:\/\/loudavymkrokem.cz\/wp-content\/uploads\/2026\/09\/nemecko-clanky-termaly-nemecko-20-018a6875-768x432.jpg 768w, https:\/\/loudavymkrokem.cz\/wp-content\/uploads\/2026\/09\/nemecko-clanky-termaly-nemecko-20-018a6875-1536x864.jpg 1536w, https:\/\/loudavymkrokem.cz\/wp-content\/uploads\/2026\/09\/nemecko-clanky-termaly-nemecko-20-018a6875-696x391.jpg 696w, https:\/\/loudavymkrokem.cz\/wp-content\/uploads\/2026\/09\/nemecko-clanky-termaly-nemecko-20-018a6875-1392x783.jpg 1392w\" sizes=\"(max-width: 1800px) 100vw, 1800px\" \/><button\n\t\t\tclass=\"lightbox-trigger\"\n\t\t\ttype=\"button\"\n\t\t\taria-haspopup=\"dialog\"\n\t\t\tdata-wp-bind--aria-label=\"state.thisImage.triggerButtonAriaLabel\"\n\t\t\tdata-wp-init=\"callbacks.initTriggerButton\"\n\t\t\tdata-wp-on--click=\"actions.showLightbox\"\n\t\t\tdata-wp-style--right=\"state.thisImage.buttonRight\"\n\t\t\tdata-wp-style--top=\"state.thisImage.buttonTop\"\n\t\t>\n\t\t\t<svg xmlns=\"http:\/\/www.w3.org\/2000\/svg\" width=\"12\" height=\"12\" fill=\"none\" viewBox=\"0 0 12 12\">\n\t\t\t\t<path fill=\"#fff\" d=\"M2 0a2 2 0 0 0-2 2v2h1.5V2a.5.5 0 0 1 .5-.5h2V0H2Zm2 10.5H2a.5.5 0 0 1-.5-.5V8H0v2a2 2 0 0 0 2 2h2v-1.5ZM8 12v-1.5h2a.5.5 0 0 0 .5-.5V8H12v2a2 2 0 0 1-2 2H8Zm2-12a2 2 0 0 1 2 2v2h-1.5V2a.5.5 0 0 0-.5-.5H8V0h2Z\" \/>\n\t\t\t<\/svg>\n\t\t<\/button><\/figure>\n\n\n\n<h3 class=\"wp-block-heading\"><span class=\"ez-toc-section\" id=\"15_Sibyllenbad_Neualbenreuth\"><\/span>15. Sibyllenbad (Neualbenreuth)<span class=\"ez-toc-section-end\"><\/span><\/h3>\n\n\n\n<p class=\"wp-block-paragraph\">Acest complex se afl\u0103 aproape de grani\u021ba ceh\u0103, iar principala sa atrac\u021bie este <strong>apa vindec\u0103toare carbo-mineral\u0103 din izvorul Sibyllenquelle<\/strong>. Apa vindec\u0103toare de aici te va \u00eenc\u0103lzi la nemaipomeni\u021bii 34 p\u00e2n\u0103 la 36 \u00b0C \u0219i o po\u021bi savura sub numeroasele guri de ap\u0103 \u00een form\u0103 de g\u00e2t de leb\u0103d\u0103 sau te po\u021bi l\u0103sa masat bl\u00e2nd de aeratoarele de pe fund.<\/p>\n\n\n\n<p class=\"wp-block-paragraph\">Complexul este proiectat foarte cu gust \u0219i, datorit\u0103 apropierii sale, este destul de popular, de\u0219i nu se num\u0103r\u0103 printre cei mai mari gigan\u021bi. Conform listei de pre\u021buri pentru 2026, pentru dou\u0103 ore \u00een zona de bazine vei pl\u0103ti <strong>9 EUR<\/strong>, trei ore cost\u0103 12 EUR, iar biletul de o zi \u00eentreag\u0103 \u00eel ob\u021bii cu 19 EUR. Dac\u0103 vrei s\u0103 combini bazinele direct cu lumea saunelor, biletul de o zi \u00eentreag\u0103 te va costa 29 EUR.<\/p>\n\n\n\n<p class=\"wp-block-paragraph\">Din iunie p\u00e2n\u0103 \u00een august, ofer\u0103 pe deasupra o intrare special\u0103 de sear\u0103 la saun\u0103. E valabil\u0103 de la ora 17 \u0219i cost\u0103 simpaticii 15 EUR. Este o variant\u0103 ideal\u0103 \u0219i accesibil\u0103 ca pre\u021b pentru \u00eenc\u0103lzirea lini\u0219tit\u0103 a corpului dup\u0103 o zi grea de munc\u0103. <strong>\ud83d\udca1 Sfat:<\/strong> Dac\u0103 locuie\u0219ti aproape de grani\u021b\u0103, profit\u0103 tocmai de acest tarif de sear\u0103 de var\u0103, la pre\u021bul \u0103sta e probabil cea mai bun\u0103 relaxare din zon\u0103.<\/p>\n\n\n\n<figure data-wp-context=\"{&quot;imageId&quot;:&quot;6a9c3702584e1&quot;}\" data-wp-interactive=\"core\/image\" data-wp-key=\"6a9c3702584e1\" class=\"wp-block-image size-full wp-lightbox-container\"><img decoding=\"async\" width=\"1800\" height=\"1200\" data-wp-class--hide=\"state.isContentHidden\" data-wp-class--show=\"state.isContentVisible\" data-wp-init=\"callbacks.setButtonStyles\" data-wp-on--click=\"actions.showLightbox\" data-wp-on--load=\"callbacks.setButtonStyles\" data-wp-on--pointerdown=\"actions.preloadImage\" data-wp-on--pointerenter=\"actions.preloadImageWithDelay\" data-wp-on--pointerleave=\"actions.cancelPreload\" data-wp-on-window--resize=\"callbacks.setButtonStyles\" src=\"https:\/\/loudavymkrokem.cz\/wp-content\/uploads\/2026\/09\/nemecko-clanky-termaly-nemecko-21-f3489141.jpg\" alt=\"Fa\u021bada ornamentat\u0103 a istoricelor b\u0103i Friedrichsbad din Baden-Baden\" class=\"wp-image-415310\" title=\"\" srcset=\"https:\/\/loudavymkrokem.cz\/wp-content\/uploads\/2026\/09\/nemecko-clanky-termaly-nemecko-21-f3489141.jpg 1800w, https:\/\/loudavymkrokem.cz\/wp-content\/uploads\/2026\/09\/nemecko-clanky-termaly-nemecko-21-f3489141-300x200.jpg 300w, https:\/\/loudavymkrokem.cz\/wp-content\/uploads\/2026\/09\/nemecko-clanky-termaly-nemecko-21-f3489141-700x467.jpg 700w, https:\/\/loudavymkrokem.cz\/wp-content\/uploads\/2026\/09\/nemecko-clanky-termaly-nemecko-21-f3489141-768x512.jpg 768w, https:\/\/loudavymkrokem.cz\/wp-content\/uploads\/2026\/09\/nemecko-clanky-termaly-nemecko-21-f3489141-1536x1024.jpg 1536w, https:\/\/loudavymkrokem.cz\/wp-content\/uploads\/2026\/09\/nemecko-clanky-termaly-nemecko-21-f3489141-696x464.jpg 696w, https:\/\/loudavymkrokem.cz\/wp-content\/uploads\/2026\/09\/nemecko-clanky-termaly-nemecko-21-f3489141-1392x928.jpg 1392w\" sizes=\"(max-width: 1800px) 100vw, 1800px\" \/><button\n\t\t\tclass=\"lightbox-trigger\"\n\t\t\ttype=\"button\"\n\t\t\taria-haspopup=\"dialog\"\n\t\t\tdata-wp-bind--aria-label=\"state.thisImage.triggerButtonAriaLabel\"\n\t\t\tdata-wp-init=\"callbacks.initTriggerButton\"\n\t\t\tdata-wp-on--click=\"actions.showLightbox\"\n\t\t\tdata-wp-style--right=\"state.thisImage.buttonRight\"\n\t\t\tdata-wp-style--top=\"state.thisImage.buttonTop\"\n\t\t>\n\t\t\t<svg xmlns=\"http:\/\/www.w3.org\/2000\/svg\" width=\"12\" height=\"12\" fill=\"none\" viewBox=\"0 0 12 12\">\n\t\t\t\t<path fill=\"#fff\" d=\"M2 0a2 2 0 0 0-2 2v2h1.5V2a.5.5 0 0 1 .5-.5h2V0H2Zm2 10.5H2a.5.5 0 0 1-.5-.5V8H0v2a2 2 0 0 0 2 2h2v-1.5ZM8 12v-1.5h2a.5.5 0 0 0 .5-.5V8H12v2a2 2 0 0 1-2 2H8Zm2-12a2 2 0 0 1 2 2v2h-1.5V2a.5.5 0 0 0-.5-.5H8V0h2Z\" \/>\n\t\t\t<\/svg>\n\t\t<\/button><figcaption class=\"wp-element-caption\">Foto: A.Savin \/ Wikimedia Commons, CC BY-SA 3.0<\/figcaption><\/figure>\n\n\n\n<h2 class=\"wp-block-heading\"><span class=\"ez-toc-section\" id=\"Bai_termale_in_Baden-Wurttemberg\"><\/span>B\u0103i termale \u00een Baden-W\u00fcrttemberg<span class=\"ez-toc-section-end\"><\/span><\/h2>\n\n\n\n<p class=\"wp-block-paragraph\">Baden-W\u00fcrttemberg este un clasic absolut dac\u0103 e\u0219ti \u00een c\u0103utarea adev\u0103ratei <strong>culturi balneare tradi\u021bionale<\/strong>. Tocmai aici vei g\u0103si celebrul Baden-Baden \u0219i, probabil, cea mai mare concentra\u021bie de ora\u0219e cu prefixul \u201eBad&#8221; din toat\u0103 Germania. Crede-m\u0103 c\u0103 aici nu duci lips\u0103 de izvoare minerale \u0219i \u00ee\u0219i vor g\u0103si locul at\u00e2t iubitorii de istorie, c\u00e2t \u0219i cei ai relax\u0103rii moderne.<\/p>\n\n\n\n<p class=\"wp-block-paragraph\">Pe l\u00e2ng\u0103 b\u0103ile istorice, acest land se m\u00e2ndre\u0219te \u00eens\u0103 \u0219i cu o raritate. Se afl\u0103 aici <strong>dou\u0103 terme tropicale uria\u0219e<\/strong>, construite de cunoscutul vizionar Josef Wund. Deci, dac\u0103 t\u00e2nje\u0219ti dup\u0103 exotism sub un acoperi\u0219 de sticl\u0103, ai la ce s\u0103 te a\u0219tep\u021bi.<\/p>\n\n\n\n<figure data-wp-context=\"{&quot;imageId&quot;:&quot;6a9c370258baf&quot;}\" data-wp-interactive=\"core\/image\" data-wp-key=\"6a9c370258baf\" class=\"wp-block-image size-full wp-lightbox-container\"><img decoding=\"async\" width=\"1800\" height=\"1201\" data-wp-class--hide=\"state.isContentHidden\" data-wp-class--show=\"state.isContentVisible\" data-wp-init=\"callbacks.setButtonStyles\" data-wp-on--click=\"actions.showLightbox\" data-wp-on--load=\"callbacks.setButtonStyles\" data-wp-on--pointerdown=\"actions.preloadImage\" data-wp-on--pointerenter=\"actions.preloadImageWithDelay\" data-wp-on--pointerleave=\"actions.cancelPreload\" data-wp-on-window--resize=\"callbacks.setButtonStyles\" src=\"https:\/\/loudavymkrokem.cz\/wp-content\/uploads\/2026\/09\/nemecko-clanky-termaly-nemecko-22-938982ac.jpg\" alt=\"Thermen &#038; Badewelt Sinsheim (Sinsheim): bazin sub acoperi\u0219ul panoramic\" class=\"wp-image-415311\" title=\"\" srcset=\"https:\/\/loudavymkrokem.cz\/wp-content\/uploads\/2026\/09\/nemecko-clanky-termaly-nemecko-22-938982ac.jpg 1800w, https:\/\/loudavymkrokem.cz\/wp-content\/uploads\/2026\/09\/nemecko-clanky-termaly-nemecko-22-938982ac-300x200.jpg 300w, https:\/\/loudavymkrokem.cz\/wp-content\/uploads\/2026\/09\/nemecko-clanky-termaly-nemecko-22-938982ac-700x467.jpg 700w, https:\/\/loudavymkrokem.cz\/wp-content\/uploads\/2026\/09\/nemecko-clanky-termaly-nemecko-22-938982ac-768x512.jpg 768w, https:\/\/loudavymkrokem.cz\/wp-content\/uploads\/2026\/09\/nemecko-clanky-termaly-nemecko-22-938982ac-1536x1025.jpg 1536w, https:\/\/loudavymkrokem.cz\/wp-content\/uploads\/2026\/09\/nemecko-clanky-termaly-nemecko-22-938982ac-696x464.jpg 696w, https:\/\/loudavymkrokem.cz\/wp-content\/uploads\/2026\/09\/nemecko-clanky-termaly-nemecko-22-938982ac-1392x929.jpg 1392w\" sizes=\"(max-width: 1800px) 100vw, 1800px\" \/><button\n\t\t\tclass=\"lightbox-trigger\"\n\t\t\ttype=\"button\"\n\t\t\taria-haspopup=\"dialog\"\n\t\t\tdata-wp-bind--aria-label=\"state.thisImage.triggerButtonAriaLabel\"\n\t\t\tdata-wp-init=\"callbacks.initTriggerButton\"\n\t\t\tdata-wp-on--click=\"actions.showLightbox\"\n\t\t\tdata-wp-style--right=\"state.thisImage.buttonRight\"\n\t\t\tdata-wp-style--top=\"state.thisImage.buttonTop\"\n\t\t>\n\t\t\t<svg xmlns=\"http:\/\/www.w3.org\/2000\/svg\" width=\"12\" height=\"12\" fill=\"none\" viewBox=\"0 0 12 12\">\n\t\t\t\t<path fill=\"#fff\" d=\"M2 0a2 2 0 0 0-2 2v2h1.5V2a.5.5 0 0 1 .5-.5h2V0H2Zm2 10.5H2a.5.5 0 0 1-.5-.5V8H0v2a2 2 0 0 0 2 2h2v-1.5ZM8 12v-1.5h2a.5.5 0 0 0 .5-.5V8H12v2a2 2 0 0 1-2 2H8Zm2-12a2 2 0 0 1 2 2v2h-1.5V2a.5.5 0 0 0-.5-.5H8V0h2Z\" \/>\n\t\t\t<\/svg>\n\t\t<\/button><\/figure>\n\n\n\n<h3 class=\"wp-block-heading\"><span class=\"ez-toc-section\" id=\"16_Thermen_Badewelt_Sinsheim_Sinsheim\"><\/span>16. Thermen &#038; Badewelt Sinsheim (Sinsheim)<span class=\"ez-toc-section-end\"><\/span><\/h3>\n\n\n\n<p class=\"wp-block-paragraph\">Acest complex uria\u0219 din ora\u0219ul Sinsheim apar\u021bine renumitei familii de b\u0103i a lui Josef Wund, iar \u00een\u0103untru arat\u0103 ca \u00eentr-un paradis exotic perfect. Principala atrac\u021bie este <strong>impun\u0103torul Palmenparadies<\/strong>, unde cresc peste 400 de palmieri tropicali vii \u0219i peste o mie de orhidee superbe. Experien\u021ba este cu adev\u0103rat extraordinar\u0103, mai ales c\u00e2nd afar\u0103 e o vreme mohor\u00e2t\u0103 \u0219i tu te plimbi \u00een costum de baie printre palmieri.<\/p>\n\n\n\n<p class=\"wp-block-paragraph\">Temperaturile apei te vor bucura cu siguran\u021b\u0103, pentru c\u0103 \u00een lagune te vei \u00eenc\u0103lzi la 34 \u00b0C, iar bazinul Quellen der Gesundheit ofer\u0103 <strong>pl\u0103cu\u021bii 36 \u00b0C<\/strong>. Po\u021bi \u00eenota \u00een bazinul sportiv de 25 de metri cu 26 \u00b0C, \u00een timp ce bazinul de \u00eenv\u0103\u021bare are 32 \u00b0C. Pentru r\u0103cire serve\u0219te bazinul de imersie cu 16 \u00b0C. Zona Vitaltherme &#038; Sauna ascunde 13 saune diferite, printre care nu lipse\u0219te nici o saun\u0103 special\u0103 pe o barc\u0103. \u00cen laguna cu ap\u0103 turcoaz, po\u021bi savura pe deasupra un cocktail exotic direct de la barul din piscin\u0103.<\/p>\n\n\n\n<p class=\"wp-block-paragraph\">B\u0103ile sunt accesibile <strong>exclusiv de la 16 ani<\/strong>, a\u0219a c\u0103 nu-\u021bi planifica drumul aici cu copii. Pre\u021bul actual al intr\u0103rii verific\u0103-l \u00eenainte de drum pe site, pentru c\u0103 se schimb\u0103 \u00een func\u021bie de zi \u0219i de durata sejurului. Dac\u0103 inten\u021bionezi s\u0103 vii aici mai des, merit\u0103 cardul valoric prepl\u0103tit: pentru un credit de 150 de euro pl\u0103te\u0219ti 142,50 de euro, adic\u0103 cu o reducere de 5%. <strong>\ud83d\udca1 Sfat:<\/strong> Dac\u0103 ui\u021bi echipamentul, \u00eemprumutul unui halat cost\u0103 9 euro (plus garan\u021bie de 40 de euro), iar prosopul cost\u0103 6 euro (garan\u021bie de 20 de euro).<\/p>\n\n\n\n<figure data-wp-context=\"{&quot;imageId&quot;:&quot;6a9c370259262&quot;}\" data-wp-interactive=\"core\/image\" data-wp-key=\"6a9c370259262\" class=\"wp-block-image size-full wp-lightbox-container\"><img decoding=\"async\" width=\"1800\" height=\"1200\" data-wp-class--hide=\"state.isContentHidden\" data-wp-class--show=\"state.isContentVisible\" data-wp-init=\"callbacks.setButtonStyles\" data-wp-on--click=\"actions.showLightbox\" data-wp-on--load=\"callbacks.setButtonStyles\" data-wp-on--pointerdown=\"actions.preloadImage\" data-wp-on--pointerenter=\"actions.preloadImageWithDelay\" data-wp-on--pointerleave=\"actions.cancelPreload\" data-wp-on-window--resize=\"callbacks.setButtonStyles\" src=\"https:\/\/loudavymkrokem.cz\/wp-content\/uploads\/2026\/09\/nemecko-clanky-termaly-nemecko-23-69c5fa9a.jpg\" alt=\"Cl\u0103direa Mineraltherme din B\u00f6blingen\" class=\"wp-image-415485\" title=\"\" srcset=\"https:\/\/loudavymkrokem.cz\/wp-content\/uploads\/2026\/09\/nemecko-clanky-termaly-nemecko-23-69c5fa9a.jpg 1800w, https:\/\/loudavymkrokem.cz\/wp-content\/uploads\/2026\/09\/nemecko-clanky-termaly-nemecko-23-69c5fa9a-300x200.jpg 300w, https:\/\/loudavymkrokem.cz\/wp-content\/uploads\/2026\/09\/nemecko-clanky-termaly-nemecko-23-69c5fa9a-700x467.jpg 700w, https:\/\/loudavymkrokem.cz\/wp-content\/uploads\/2026\/09\/nemecko-clanky-termaly-nemecko-23-69c5fa9a-768x512.jpg 768w, https:\/\/loudavymkrokem.cz\/wp-content\/uploads\/2026\/09\/nemecko-clanky-termaly-nemecko-23-69c5fa9a-1536x1024.jpg 1536w, https:\/\/loudavymkrokem.cz\/wp-content\/uploads\/2026\/09\/nemecko-clanky-termaly-nemecko-23-69c5fa9a-696x464.jpg 696w, https:\/\/loudavymkrokem.cz\/wp-content\/uploads\/2026\/09\/nemecko-clanky-termaly-nemecko-23-69c5fa9a-1392x928.jpg 1392w\" sizes=\"(max-width: 1800px) 100vw, 1800px\" \/><button\n\t\t\tclass=\"lightbox-trigger\"\n\t\t\ttype=\"button\"\n\t\t\taria-haspopup=\"dialog\"\n\t\t\tdata-wp-bind--aria-label=\"state.thisImage.triggerButtonAriaLabel\"\n\t\t\tdata-wp-init=\"callbacks.initTriggerButton\"\n\t\t\tdata-wp-on--click=\"actions.showLightbox\"\n\t\t\tdata-wp-style--right=\"state.thisImage.buttonRight\"\n\t\t\tdata-wp-style--top=\"state.thisImage.buttonTop\"\n\t\t>\n\t\t\t<svg xmlns=\"http:\/\/www.w3.org\/2000\/svg\" width=\"12\" height=\"12\" fill=\"none\" viewBox=\"0 0 12 12\">\n\t\t\t\t<path fill=\"#fff\" d=\"M2 0a2 2 0 0 0-2 2v2h1.5V2a.5.5 0 0 1 .5-.5h2V0H2Zm2 10.5H2a.5.5 0 0 1-.5-.5V8H0v2a2 2 0 0 0 2 2h2v-1.5ZM8 12v-1.5h2a.5.5 0 0 0 .5-.5V8H12v2a2 2 0 0 1-2 2H8Zm2-12a2 2 0 0 1 2 2v2h-1.5V2a.5.5 0 0 0-.5-.5H8V0h2Z\" \/>\n\t\t\t<\/svg>\n\t\t<\/button><figcaption class=\"wp-element-caption\">Foto: Giftzwerg 88 \/ Wikimedia Commons, CC BY-SA 3.0<\/figcaption><\/figure>\n\n\n\n<h3 class=\"wp-block-heading\"><span class=\"ez-toc-section\" id=\"17_Mineraltherme_Boblingen_Boblingen\"><\/span>17. Mineraltherme B\u00f6blingen (B\u00f6blingen)<span class=\"ez-toc-section-end\"><\/span><\/h3>\n\n\n\n<p class=\"wp-block-paragraph\">La b\u0103ile din ora\u0219ul B\u00f6blingen te a\u0219teapt\u0103 o lume a saunelor care <strong>ocup\u0103 genero\u0219i 3.300 de metri p\u0103tra\u021bi<\/strong>. Te vei sc\u0103lda \u00een cinci bazine de relaxare diferite, unde temperatura apei variaz\u0103 de la foarte pl\u0103cu\u021bii 31 p\u00e2n\u0103 la 36 \u00b0C. Acest complex se potrive\u0219te oricui caut\u0103 o evadare de la grijile cotidiene \u0219i pune pre\u021b pe un wellness de calitate \u00een mijlocul ora\u0219ului.<\/p>\n\n\n\n<p class=\"wp-block-paragraph\">Amatorii de saune \u00ee\u0219i vor g\u0103si cu adev\u0103rat locul aici, pentru c\u0103 \u00eentinsul complex ofer\u0103 o saun\u0103 finlandez\u0103 clasic\u0103, o camer\u0103 parfumat\u0103 cu ierburi, o softsaun\u0103 mai bl\u00e2nd\u0103, un SinnBad special \u0219i b\u0103ile de aburi romane tradi\u021bionale. E deschis pentru vizitatori \u00een fiecare zi de la 9 la 22. Dac\u0103 \u00ee\u021bi place s\u0103 te scalzi mult seara, vino aici \u00een prima vineri din lun\u0103, c\u00e2nd <strong>te po\u021bi relaxa p\u00e2n\u0103 la miezul nop\u021bii<\/strong>. Copiilor sub 5 ani le este cu totul interzis\u0103 intrarea, iar tinerii p\u00e2n\u0103 la 16 ani trebuie s\u0103 aib\u0103 \u00eenso\u021bitor adult.<\/p>\n\n\n\n<p class=\"wp-block-paragraph\">Conform listei de pre\u021buri pentru 2026, intrarea de trei ore la terme \u0219i la Classic-Sauna cost\u0103 <strong>17,50 euro \u00een timpul s\u0103pt\u0103m\u00e2nii<\/strong> \u0219i 19 euro \u00een weekend. Biletul de 4 ore, inclusiv zona Saunagarten, cost\u0103 26,50 euro, respectiv 28 euro. Biletul de o zi \u00eentreag\u0103 la ambele zone de saune cost\u0103 33,50 euro peste s\u0103pt\u0103m\u00e2n\u0103. Tariful de familie pentru doi adul\u021bi \u0219i doi copii (5 p\u00e2n\u0103 la 16 ani) cost\u0103 50 de euro pentru trei ore. <strong>\ud83d\udca1 Sfat:<\/strong> Pentru fiecare euro cheltuit \u00een complex pe masaje, prime\u0219ti un minut de credit de timp \u00een plus. S\u0103rb\u0103tori\u021bii de ziua lor au, la prezentarea actului, o reducere de 50% la intrare.<\/p>\n\n\n\n<figure data-wp-context=\"{&quot;imageId&quot;:&quot;6a9c370259993&quot;}\" data-wp-interactive=\"core\/image\" data-wp-key=\"6a9c370259993\" class=\"wp-block-image size-full wp-lightbox-container\"><img decoding=\"async\" width=\"1800\" height=\"1350\" data-wp-class--hide=\"state.isContentHidden\" data-wp-class--show=\"state.isContentVisible\" data-wp-init=\"callbacks.setButtonStyles\" data-wp-on--click=\"actions.showLightbox\" data-wp-on--load=\"callbacks.setButtonStyles\" data-wp-on--pointerdown=\"actions.preloadImage\" data-wp-on--pointerenter=\"actions.preloadImageWithDelay\" data-wp-on--pointerleave=\"actions.cancelPreload\" data-wp-on-window--resize=\"callbacks.setButtonStyles\" src=\"https:\/\/loudavymkrokem.cz\/wp-content\/uploads\/2026\/09\/nemecko-clanky-termaly-nemecko-24-fb363786-1.jpg\" alt=\"Panorama Therme Beuren (Beuren)\" class=\"wp-image-415315\" title=\"\" srcset=\"https:\/\/loudavymkrokem.cz\/wp-content\/uploads\/2026\/09\/nemecko-clanky-termaly-nemecko-24-fb363786-1.jpg 1800w, https:\/\/loudavymkrokem.cz\/wp-content\/uploads\/2026\/09\/nemecko-clanky-termaly-nemecko-24-fb363786-1-300x225.jpg 300w, https:\/\/loudavymkrokem.cz\/wp-content\/uploads\/2026\/09\/nemecko-clanky-termaly-nemecko-24-fb363786-1-700x525.jpg 700w, https:\/\/loudavymkrokem.cz\/wp-content\/uploads\/2026\/09\/nemecko-clanky-termaly-nemecko-24-fb363786-1-768x576.jpg 768w, https:\/\/loudavymkrokem.cz\/wp-content\/uploads\/2026\/09\/nemecko-clanky-termaly-nemecko-24-fb363786-1-1536x1152.jpg 1536w, https:\/\/loudavymkrokem.cz\/wp-content\/uploads\/2026\/09\/nemecko-clanky-termaly-nemecko-24-fb363786-1-80x60.jpg 80w, https:\/\/loudavymkrokem.cz\/wp-content\/uploads\/2026\/09\/nemecko-clanky-termaly-nemecko-24-fb363786-1-160x120.jpg 160w, https:\/\/loudavymkrokem.cz\/wp-content\/uploads\/2026\/09\/nemecko-clanky-termaly-nemecko-24-fb363786-1-696x522.jpg 696w, https:\/\/loudavymkrokem.cz\/wp-content\/uploads\/2026\/09\/nemecko-clanky-termaly-nemecko-24-fb363786-1-1392x1044.jpg 1392w\" sizes=\"(max-width: 1800px) 100vw, 1800px\" \/><button\n\t\t\tclass=\"lightbox-trigger\"\n\t\t\ttype=\"button\"\n\t\t\taria-haspopup=\"dialog\"\n\t\t\tdata-wp-bind--aria-label=\"state.thisImage.triggerButtonAriaLabel\"\n\t\t\tdata-wp-init=\"callbacks.initTriggerButton\"\n\t\t\tdata-wp-on--click=\"actions.showLightbox\"\n\t\t\tdata-wp-style--right=\"state.thisImage.buttonRight\"\n\t\t\tdata-wp-style--top=\"state.thisImage.buttonTop\"\n\t\t>\n\t\t\t<svg xmlns=\"http:\/\/www.w3.org\/2000\/svg\" width=\"12\" height=\"12\" fill=\"none\" viewBox=\"0 0 12 12\">\n\t\t\t\t<path fill=\"#fff\" d=\"M2 0a2 2 0 0 0-2 2v2h1.5V2a.5.5 0 0 1 .5-.5h2V0H2Zm2 10.5H2a.5.5 0 0 1-.5-.5V8H0v2a2 2 0 0 0 2 2h2v-1.5ZM8 12v-1.5h2a.5.5 0 0 0 .5-.5V8H12v2a2 2 0 0 1-2 2H8Zm2-12a2 2 0 0 1 2 2v2h-1.5V2a.5.5 0 0 0-.5-.5H8V0h2Z\" \/>\n\t\t\t<\/svg>\n\t\t<\/button><\/figure>\n\n\n\n<h3 class=\"wp-block-heading\"><span class=\"ez-toc-section\" id=\"18_Panorama_Therme_Beuren_Beuren\"><\/span>18. Panorama Therme Beuren (Beuren)<span class=\"ez-toc-section-end\"><\/span><\/h3>\n\n\n\n<p class=\"wp-block-paragraph\">Aceste terme se afl\u0103 \u00een pitorescul ora\u0219 Beuren, iar pozi\u021bia lor este unic\u0103, pentru c\u0103 o mare parte din teritoriul comunei <strong>face parte din rezerva\u021bia biosferei Schw\u00e4bische Alb<\/strong>. Natura din jur este deci pur \u0219i simplu superb\u0103 \u0219i te vei odihni aici la maximum, cu con\u0219tiin\u021ba c\u0103 te afli \u00eentr-o zon\u0103 protejat\u0103. B\u0103ile se potrivesc datorit\u0103 acestui fapt perfect pentru \u00eencheierea unei zile active pe Alpii \u0218vabi.<\/p>\n\n\n\n<p class=\"wp-block-paragraph\">Ai la dispozi\u021bie o parte termal\u0103 clasic\u0103 \u0219i b\u0103ile de aburi foarte \u00eendr\u0103gite (Dampfb\u00e4der). Mediul este \u00een ansamblu mai lini\u0219tit \u0219i se adreseaz\u0103 \u00een primul r\u00e2nd vizitatorilor adul\u021bi care caut\u0103 o odihn\u0103 temeinic\u0103 dup\u0103 drume\u021bii \u00een natura din jur. Atmosfera curge aici \u00eentr-un ritm mai lent \u0219i te po\u021bi bucura f\u0103r\u0103 remu\u0219c\u0103ri de efectele binef\u0103c\u0103toare ale apei calde.<\/p>\n\n\n\n<p class=\"wp-block-paragraph\">Conform listei de pre\u021buri pentru 2026, biletul la b\u0103ile de aburi pentru 2,5 ore cost\u0103 <strong>17,50 euro \u00een timpul s\u0103pt\u0103m\u00e2nii<\/strong>, iar \u00een weekend \u0219i de s\u0103rb\u0103tori achi\u021bi \u00een plus 1,50 euro. Persoanele cu handicap grav au o reducere mic\u0103 \u0219i pl\u0103tesc 16,50 euro. Combina\u021bia de terme \u0219i aburi pentru 3 ore cost\u0103 25,50 euro peste s\u0103pt\u0103m\u00e2n\u0103 \u0219i 27 euro \u00een weekend. <strong>\ud83d\udca1 Sfat:<\/strong> Dac\u0103 ai acas\u0103 bilete mai vechi \u00een format de tichet de parcare cu cod de bare, le po\u021bi folosi \u00een continuare, dar vei achita \u00een plus 3 p\u00e2n\u0103 la 3,50 euro. La biletele str\u0103vechi cu band\u0103 magnetic\u0103, suplimentul este de 5 p\u00e2n\u0103 la 5,50 euro.<\/p>\n\n\n\n<figure data-wp-context=\"{&quot;imageId&quot;:&quot;6a9c37025a134&quot;}\" data-wp-interactive=\"core\/image\" data-wp-key=\"6a9c37025a134\" class=\"wp-block-image size-full wp-lightbox-container\"><img decoding=\"async\" width=\"1800\" height=\"1200\" data-wp-class--hide=\"state.isContentHidden\" data-wp-class--show=\"state.isContentVisible\" data-wp-init=\"callbacks.setButtonStyles\" data-wp-on--click=\"actions.showLightbox\" data-wp-on--load=\"callbacks.setButtonStyles\" data-wp-on--pointerdown=\"actions.preloadImage\" data-wp-on--pointerenter=\"actions.preloadImageWithDelay\" data-wp-on--pointerleave=\"actions.cancelPreload\" data-wp-on-window--resize=\"callbacks.setButtonStyles\" src=\"https:\/\/loudavymkrokem.cz\/wp-content\/uploads\/2026\/09\/nemecko-clanky-termaly-nemecko-25-92e2b50c.jpg\" alt=\"Bodensee-Therme Konstanz cu restaurant deasupra malului Lacului Constan\u021ba\" class=\"wp-image-415489\" title=\"\" srcset=\"https:\/\/loudavymkrokem.cz\/wp-content\/uploads\/2026\/09\/nemecko-clanky-termaly-nemecko-25-92e2b50c.jpg 1800w, https:\/\/loudavymkrokem.cz\/wp-content\/uploads\/2026\/09\/nemecko-clanky-termaly-nemecko-25-92e2b50c-300x200.jpg 300w, https:\/\/loudavymkrokem.cz\/wp-content\/uploads\/2026\/09\/nemecko-clanky-termaly-nemecko-25-92e2b50c-700x467.jpg 700w, https:\/\/loudavymkrokem.cz\/wp-content\/uploads\/2026\/09\/nemecko-clanky-termaly-nemecko-25-92e2b50c-768x512.jpg 768w, https:\/\/loudavymkrokem.cz\/wp-content\/uploads\/2026\/09\/nemecko-clanky-termaly-nemecko-25-92e2b50c-1536x1024.jpg 1536w, https:\/\/loudavymkrokem.cz\/wp-content\/uploads\/2026\/09\/nemecko-clanky-termaly-nemecko-25-92e2b50c-696x464.jpg 696w, https:\/\/loudavymkrokem.cz\/wp-content\/uploads\/2026\/09\/nemecko-clanky-termaly-nemecko-25-92e2b50c-1392x928.jpg 1392w\" sizes=\"(max-width: 1800px) 100vw, 1800px\" \/><button\n\t\t\tclass=\"lightbox-trigger\"\n\t\t\ttype=\"button\"\n\t\t\taria-haspopup=\"dialog\"\n\t\t\tdata-wp-bind--aria-label=\"state.thisImage.triggerButtonAriaLabel\"\n\t\t\tdata-wp-init=\"callbacks.initTriggerButton\"\n\t\t\tdata-wp-on--click=\"actions.showLightbox\"\n\t\t\tdata-wp-style--right=\"state.thisImage.buttonRight\"\n\t\t\tdata-wp-style--top=\"state.thisImage.buttonTop\"\n\t\t>\n\t\t\t<svg xmlns=\"http:\/\/www.w3.org\/2000\/svg\" width=\"12\" height=\"12\" fill=\"none\" viewBox=\"0 0 12 12\">\n\t\t\t\t<path fill=\"#fff\" d=\"M2 0a2 2 0 0 0-2 2v2h1.5V2a.5.5 0 0 1 .5-.5h2V0H2Zm2 10.5H2a.5.5 0 0 1-.5-.5V8H0v2a2 2 0 0 0 2 2h2v-1.5ZM8 12v-1.5h2a.5.5 0 0 0 .5-.5V8H12v2a2 2 0 0 1-2 2H8Zm2-12a2 2 0 0 1 2 2v2h-1.5V2a.5.5 0 0 0-.5-.5H8V0h2Z\" \/>\n\t\t\t<\/svg>\n\t\t<\/button><figcaption class=\"wp-element-caption\">Foto: Rizzo \/ Wikimedia Commons, CC BY-SA 3.0<\/figcaption><\/figure>\n\n\n\n<h3 class=\"wp-block-heading\"><span class=\"ez-toc-section\" id=\"19_Bodensee-Therme_Konstanz_Konstanz\"><\/span>19. Bodensee-Therme Konstanz (Konstanz)<span class=\"ez-toc-section-end\"><\/span><\/h3>\n\n\n\n<p class=\"wp-block-paragraph\">Aici te vei sc\u0103lda <strong>direct pe malul celebrului Lac Constan\u021ba<\/strong>, \u00een ora\u0219ul Konstanz. \u00centregul complex se \u00eemparte inteligent \u00een patru p\u0103r\u021bi principale, care includ un bazin termal interior, un bazin termal exterior, un Quelltopf special \u0219i un \u0219trand de var\u0103 (Freibad), \u00een care nu lipse\u0219te un bazin de \u00eenot de 50 de metri. Combina\u021bia de bazine \u0219i lac este fermec\u0103toare.<\/p>\n\n\n\n<p class=\"wp-block-paragraph\">Vara, oamenii savureaz\u0103 astfel baia direct \u00een lac, \u00een timp ce \u00een lunile mai reci \u00eei atrag termele \u00eenc\u0103lzite. Zona de saune este deschis\u0103 zilnic de la 10 la 22, iar \u00een fiecare mar\u021bi func\u021bioneaz\u0103 <strong>exclusiv ca saun\u0103 pentru doamne<\/strong>, ceea ce e o veste excelent\u0103 pentru toate vizitatoarele care caut\u0103 intimitate. Copiii pot merge la saun\u0103 \u0219i la Quelltopf abia de la 6 ani. La \u0219trandul de var\u0103 Freibad, prichindeii sub 5 ani intr\u0103 gratuit, iar la terme nu pl\u0103tesc copiii sub 2 ani.<\/p>\n\n\n\n<p class=\"wp-block-paragraph\">Conform listei de pre\u021buri pentru 2026, pentru 3 ore la terme vei pl\u0103ti <strong>16,50 euro peste s\u0103pt\u0103m\u00e2n\u0103<\/strong> \u0219i 19 euro \u00een weekend sau de s\u0103rb\u0103tori. Sejurul de o zi \u00eentreag\u0103 \u00een bazine cost\u0103 19,50 euro, respectiv 22 euro. Saun\u0103 de trei ore cost\u0103 27,50 euro \u00een timpul s\u0103pt\u0103m\u00e2nii \u0219i 30,50 euro \u00een weekend. <strong>\ud83d\udca1 Sfat:<\/strong> Bazinul termal exterior este \u00een revizie \u0219i va fi scos din func\u021biune p\u00e2n\u0103 pe 25 septembrie 2026, a\u0219a c\u0103 \u021bine cont de asta din timp c\u00e2nd \u00ee\u021bi planifici excursia.<\/p>\n\n\n\n<figure data-wp-context=\"{&quot;imageId&quot;:&quot;6a9c37025a88f&quot;}\" data-wp-interactive=\"core\/image\" data-wp-key=\"6a9c37025a88f\" class=\"wp-block-image size-full wp-lightbox-container\"><img decoding=\"async\" width=\"1800\" height=\"1200\" data-wp-class--hide=\"state.isContentHidden\" data-wp-class--show=\"state.isContentVisible\" data-wp-init=\"callbacks.setButtonStyles\" data-wp-on--click=\"actions.showLightbox\" data-wp-on--load=\"callbacks.setButtonStyles\" data-wp-on--pointerdown=\"actions.preloadImage\" data-wp-on--pointerenter=\"actions.preloadImageWithDelay\" data-wp-on--pointerleave=\"actions.cancelPreload\" data-wp-on-window--resize=\"callbacks.setButtonStyles\" src=\"https:\/\/loudavymkrokem.cz\/wp-content\/uploads\/2026\/09\/nemecko-clanky-termaly-nemecko-26-4ac25752-1.jpg\" alt=\"Adelindis Therme (Bad Buchau): bazin de relaxare\" class=\"wp-image-415319\" title=\"\" srcset=\"https:\/\/loudavymkrokem.cz\/wp-content\/uploads\/2026\/09\/nemecko-clanky-termaly-nemecko-26-4ac25752-1.jpg 1800w, https:\/\/loudavymkrokem.cz\/wp-content\/uploads\/2026\/09\/nemecko-clanky-termaly-nemecko-26-4ac25752-1-300x200.jpg 300w, https:\/\/loudavymkrokem.cz\/wp-content\/uploads\/2026\/09\/nemecko-clanky-termaly-nemecko-26-4ac25752-1-700x467.jpg 700w, https:\/\/loudavymkrokem.cz\/wp-content\/uploads\/2026\/09\/nemecko-clanky-termaly-nemecko-26-4ac25752-1-768x512.jpg 768w, https:\/\/loudavymkrokem.cz\/wp-content\/uploads\/2026\/09\/nemecko-clanky-termaly-nemecko-26-4ac25752-1-1536x1024.jpg 1536w, https:\/\/loudavymkrokem.cz\/wp-content\/uploads\/2026\/09\/nemecko-clanky-termaly-nemecko-26-4ac25752-1-696x464.jpg 696w, https:\/\/loudavymkrokem.cz\/wp-content\/uploads\/2026\/09\/nemecko-clanky-termaly-nemecko-26-4ac25752-1-1392x928.jpg 1392w\" sizes=\"(max-width: 1800px) 100vw, 1800px\" \/><button\n\t\t\tclass=\"lightbox-trigger\"\n\t\t\ttype=\"button\"\n\t\t\taria-haspopup=\"dialog\"\n\t\t\tdata-wp-bind--aria-label=\"state.thisImage.triggerButtonAriaLabel\"\n\t\t\tdata-wp-init=\"callbacks.initTriggerButton\"\n\t\t\tdata-wp-on--click=\"actions.showLightbox\"\n\t\t\tdata-wp-style--right=\"state.thisImage.buttonRight\"\n\t\t\tdata-wp-style--top=\"state.thisImage.buttonTop\"\n\t\t>\n\t\t\t<svg xmlns=\"http:\/\/www.w3.org\/2000\/svg\" width=\"12\" height=\"12\" fill=\"none\" viewBox=\"0 0 12 12\">\n\t\t\t\t<path fill=\"#fff\" d=\"M2 0a2 2 0 0 0-2 2v2h1.5V2a.5.5 0 0 1 .5-.5h2V0H2Zm2 10.5H2a.5.5 0 0 1-.5-.5V8H0v2a2 2 0 0 0 2 2h2v-1.5ZM8 12v-1.5h2a.5.5 0 0 0 .5-.5V8H12v2a2 2 0 0 1-2 2H8Zm2-12a2 2 0 0 1 2 2v2h-1.5V2a.5.5 0 0 0-.5-.5H8V0h2Z\" \/>\n\t\t\t<\/svg>\n\t\t<\/button><\/figure>\n\n\n\n<h3 class=\"wp-block-heading\"><span class=\"ez-toc-section\" id=\"20_Adelindis_Therme_Bad_Buchau\"><\/span>20. Adelindis Therme (Bad Buchau)<span class=\"ez-toc-section-end\"><\/span><\/h3>\n\n\n\n<p class=\"wp-block-paragraph\">Dac\u0103 adori o \u00eenc\u0103lzire ca lumea \u0219i pui pre\u021b pe varietate, \u00een or\u0103\u0219elul-sta\u021biune Bad Buchau vei fi sut\u0103 la sut\u0103 \u00eenc\u00e2ntat. Lumea saunelor de aici <strong>ofer\u0103 chiar 7 saune diferite<\/strong> cu grade de temperatur\u0103 diferite, a\u0219a c\u0103 fiecare \u00ee\u0219i va alege aici favorita, fie c\u0103 preferi o c\u0103ldur\u0103 mai bl\u00e2nd\u0103, fie, dimpotriv\u0103, transpira\u021bia nordic\u0103 intens\u0103.<\/p>\n\n\n\n<p class=\"wp-block-paragraph\">Pe l\u00e2ng\u0103 saunat, vei g\u0103si aici o parte termal\u0103 foarte pl\u0103cut\u0103, unde po\u021bi petrece lini\u0219tit o zi \u00eentreag\u0103. Atmosfera este foarte relaxant\u0103, iar complexul este de-a dreptul ideal pentru cupluri sau c\u0103l\u0103tori care vor s\u0103 se odihneasc\u0103 de stresul cotidian \u00eentr-un mediu balnear lini\u0219tit. Termele ofer\u0103 un refugiu excelent mai ales \u00een perioada mai rece a anului.<\/p>\n\n\n\n<p class=\"wp-block-paragraph\">Conform listei de pre\u021buri pentru 2026, intrarea de patru ore la terme cost\u0103 <strong>15 euro peste s\u0103pt\u0103m\u00e2n\u0103<\/strong> \u0219i 16,50 euro \u00een weekend sau de s\u0103rb\u0103tori. Biletul de o zi \u00eentreag\u0103 la bazine cost\u0103 18 euro, iar cu suplimentul de weekend, 19,50 euro. Biletul de o zi \u00eentreag\u0103 care include terme \u0219i saun\u0103 cost\u0103 23 de euro \u00een timpul s\u0103pt\u0103m\u00e2nii. <strong>\ud83d\udca1 Sfat:<\/strong> C\u0103l\u0103tore\u0219ti cu rulota? Profit\u0103 de tariful special pentru 1 or\u0103 cu tichet de parcare, la 7 euro. O alegere excelent\u0103 este \u0219i tariful de sear\u0103 dup\u0103 ora 18, c\u00e2nd intrarea la terme se ieftine\u0219te la 12,50 euro. \u00cen plus, \u00een fiecare ultim\u0103 vineri din lun\u0103 are loc \u00eendr\u0103gita Eventsauna, la 32 de euro.<\/p>\n\n\n\n<figure data-wp-context=\"{&quot;imageId&quot;:&quot;6a9c37025af1e&quot;}\" data-wp-interactive=\"core\/image\" data-wp-key=\"6a9c37025af1e\" class=\"wp-block-image size-full wp-lightbox-container\"><img decoding=\"async\" width=\"1800\" height=\"1200\" data-wp-class--hide=\"state.isContentHidden\" data-wp-class--show=\"state.isContentVisible\" data-wp-init=\"callbacks.setButtonStyles\" data-wp-on--click=\"actions.showLightbox\" data-wp-on--load=\"callbacks.setButtonStyles\" data-wp-on--pointerdown=\"actions.preloadImage\" data-wp-on--pointerenter=\"actions.preloadImageWithDelay\" data-wp-on--pointerleave=\"actions.cancelPreload\" data-wp-on-window--resize=\"callbacks.setButtonStyles\" src=\"https:\/\/loudavymkrokem.cz\/wp-content\/uploads\/2026\/09\/nemecko-clanky-termaly-nemecko-27-457f21a5.jpg\" alt=\"Bazinele exterioare ale Sonnenhof-Therme din Bad Saulgau la apus\" class=\"wp-image-415493\" title=\"\" srcset=\"https:\/\/loudavymkrokem.cz\/wp-content\/uploads\/2026\/09\/nemecko-clanky-termaly-nemecko-27-457f21a5.jpg 1800w, https:\/\/loudavymkrokem.cz\/wp-content\/uploads\/2026\/09\/nemecko-clanky-termaly-nemecko-27-457f21a5-300x200.jpg 300w, https:\/\/loudavymkrokem.cz\/wp-content\/uploads\/2026\/09\/nemecko-clanky-termaly-nemecko-27-457f21a5-700x467.jpg 700w, https:\/\/loudavymkrokem.cz\/wp-content\/uploads\/2026\/09\/nemecko-clanky-termaly-nemecko-27-457f21a5-768x512.jpg 768w, https:\/\/loudavymkrokem.cz\/wp-content\/uploads\/2026\/09\/nemecko-clanky-termaly-nemecko-27-457f21a5-1536x1024.jpg 1536w, https:\/\/loudavymkrokem.cz\/wp-content\/uploads\/2026\/09\/nemecko-clanky-termaly-nemecko-27-457f21a5-696x464.jpg 696w, https:\/\/loudavymkrokem.cz\/wp-content\/uploads\/2026\/09\/nemecko-clanky-termaly-nemecko-27-457f21a5-1392x928.jpg 1392w\" sizes=\"(max-width: 1800px) 100vw, 1800px\" \/><button\n\t\t\tclass=\"lightbox-trigger\"\n\t\t\ttype=\"button\"\n\t\t\taria-haspopup=\"dialog\"\n\t\t\tdata-wp-bind--aria-label=\"state.thisImage.triggerButtonAriaLabel\"\n\t\t\tdata-wp-init=\"callbacks.initTriggerButton\"\n\t\t\tdata-wp-on--click=\"actions.showLightbox\"\n\t\t\tdata-wp-style--right=\"state.thisImage.buttonRight\"\n\t\t\tdata-wp-style--top=\"state.thisImage.buttonTop\"\n\t\t>\n\t\t\t<svg xmlns=\"http:\/\/www.w3.org\/2000\/svg\" width=\"12\" height=\"12\" fill=\"none\" viewBox=\"0 0 12 12\">\n\t\t\t\t<path fill=\"#fff\" d=\"M2 0a2 2 0 0 0-2 2v2h1.5V2a.5.5 0 0 1 .5-.5h2V0H2Zm2 10.5H2a.5.5 0 0 1-.5-.5V8H0v2a2 2 0 0 0 2 2h2v-1.5ZM8 12v-1.5h2a.5.5 0 0 0 .5-.5V8H12v2a2 2 0 0 1-2 2H8Zm2-12a2 2 0 0 1 2 2v2h-1.5V2a.5.5 0 0 0-.5-.5H8V0h2Z\" \/>\n\t\t\t<\/svg>\n\t\t<\/button><\/figure>\n\n\n\n<h3 class=\"wp-block-heading\"><span class=\"ez-toc-section\" id=\"21_Sonnenhof-Therme_Bad_Saulgau\"><\/span>21. Sonnenhof-Therme (Bad Saulgau)<span class=\"ez-toc-section-end\"><\/span><\/h3>\n\n\n\n<p class=\"wp-block-paragraph\">Aceste b\u0103i din ora\u0219ul Bad Saulgau se m\u00e2ndresc cu o bog\u0103\u021bie natural\u0103 uria\u0219\u0103, pentru care vin oameni din toat\u0103 zona. \u00cen fiecare zi <strong>izvor\u0103\u0219te aici, de la o ad\u00e2ncime impresionant\u0103 de 650 de metri, p\u00e2n\u0103 la 1,5 milioane de litri de ap\u0103 sulfuroas\u0103 vindec\u0103toare<\/strong>, care umple ne\u00eencetat toate bazinele locale. Deja arhitectura modern\u0103 \u00een sine este uimitoare, pentru c\u0103 cl\u0103direa e luminat\u0103 de mult\u0103 lumin\u0103 natural\u0103.<\/p>\n\n\n\n<p class=\"wp-block-paragraph\">Pe o suprafa\u021b\u0103 de 900 de metri p\u0103tra\u021bi vei descoperi \u0219apte bazine interioare \u0219i exterioare cu temperaturi de la 28 p\u00e2n\u0103 la 40 \u00b0C. Cel mai cald este Quellbecken interior, care ofer\u0103 <strong>41 \u00b0C<\/strong>. Nu lipse\u0219te bazinul \u00een cascad\u0103 cu 34 \u00b0C sau baia de aburi roman\u0103 cu umiditate de 100% \u0219i temperatur\u0103 de la 40 p\u00e2n\u0103 la 50 \u00b0C. \u00cen camera de sare te va \u00eenc\u0103lzi cel pu\u021bin 42 \u00b0C. Bazinele includ \u0219i cele mai diverse cascade \u0219i jeturi subacvatice.<\/p>\n\n\n\n<p class=\"wp-block-paragraph\">Conform listei de pre\u021buri pentru 2026, biletul de dou\u0103 ore la terme cost\u0103 13,80 euro. Intrarea de trei ore cost\u0103 14,80 euro, iar varianta de o zi \u00eentreag\u0103 se vinde cu 20,40 euro. Intrarea la saun\u0103, care include deja \u0219i baia \u00een terme, cost\u0103 pentru 3 ore 21,60 euro. <strong>\ud83d\udca1 Sfat:<\/strong> Opre\u0219te-te la cascadele \u0219i jeturile de masaj din bazinul care are foarte pl\u0103cu\u021bii 37 \u00b0C, pentru c\u0103 relaxeaz\u0103 perfect spatele \u0219i umerii \u00een\u021bepeni\u021bi.<\/p>\n\n\n\n<figure data-wp-context=\"{&quot;imageId&quot;:&quot;6a9c37025b7d8&quot;}\" data-wp-interactive=\"core\/image\" data-wp-key=\"6a9c37025b7d8\" class=\"wp-block-image size-full wp-lightbox-container\"><img decoding=\"async\" width=\"1800\" height=\"1200\" data-wp-class--hide=\"state.isContentHidden\" data-wp-class--show=\"state.isContentVisible\" data-wp-init=\"callbacks.setButtonStyles\" data-wp-on--click=\"actions.showLightbox\" data-wp-on--load=\"callbacks.setButtonStyles\" data-wp-on--pointerdown=\"actions.preloadImage\" data-wp-on--pointerenter=\"actions.preloadImageWithDelay\" data-wp-on--pointerleave=\"actions.cancelPreload\" data-wp-on-window--resize=\"callbacks.setButtonStyles\" src=\"https:\/\/loudavymkrokem.cz\/wp-content\/uploads\/2026\/09\/nemecko-clanky-termaly-nemecko-28-5b36a3a0-1.jpg\" alt=\"Caracalla Therme (Baden-Baden)\" class=\"wp-image-415324\" title=\"\" srcset=\"https:\/\/loudavymkrokem.cz\/wp-content\/uploads\/2026\/09\/nemecko-clanky-termaly-nemecko-28-5b36a3a0-1.jpg 1800w, https:\/\/loudavymkrokem.cz\/wp-content\/uploads\/2026\/09\/nemecko-clanky-termaly-nemecko-28-5b36a3a0-1-300x200.jpg 300w, https:\/\/loudavymkrokem.cz\/wp-content\/uploads\/2026\/09\/nemecko-clanky-termaly-nemecko-28-5b36a3a0-1-700x467.jpg 700w, https:\/\/loudavymkrokem.cz\/wp-content\/uploads\/2026\/09\/nemecko-clanky-termaly-nemecko-28-5b36a3a0-1-768x512.jpg 768w, https:\/\/loudavymkrokem.cz\/wp-content\/uploads\/2026\/09\/nemecko-clanky-termaly-nemecko-28-5b36a3a0-1-1536x1024.jpg 1536w, https:\/\/loudavymkrokem.cz\/wp-content\/uploads\/2026\/09\/nemecko-clanky-termaly-nemecko-28-5b36a3a0-1-696x464.jpg 696w, https:\/\/loudavymkrokem.cz\/wp-content\/uploads\/2026\/09\/nemecko-clanky-termaly-nemecko-28-5b36a3a0-1-1392x928.jpg 1392w\" sizes=\"(max-width: 1800px) 100vw, 1800px\" \/><button\n\t\t\tclass=\"lightbox-trigger\"\n\t\t\ttype=\"button\"\n\t\t\taria-haspopup=\"dialog\"\n\t\t\tdata-wp-bind--aria-label=\"state.thisImage.triggerButtonAriaLabel\"\n\t\t\tdata-wp-init=\"callbacks.initTriggerButton\"\n\t\t\tdata-wp-on--click=\"actions.showLightbox\"\n\t\t\tdata-wp-style--right=\"state.thisImage.buttonRight\"\n\t\t\tdata-wp-style--top=\"state.thisImage.buttonTop\"\n\t\t>\n\t\t\t<svg xmlns=\"http:\/\/www.w3.org\/2000\/svg\" width=\"12\" height=\"12\" fill=\"none\" viewBox=\"0 0 12 12\">\n\t\t\t\t<path fill=\"#fff\" d=\"M2 0a2 2 0 0 0-2 2v2h1.5V2a.5.5 0 0 1 .5-.5h2V0H2Zm2 10.5H2a.5.5 0 0 1-.5-.5V8H0v2a2 2 0 0 0 2 2h2v-1.5ZM8 12v-1.5h2a.5.5 0 0 0 .5-.5V8H12v2a2 2 0 0 1-2 2H8Zm2-12a2 2 0 0 1 2 2v2h-1.5V2a.5.5 0 0 0-.5-.5H8V0h2Z\" \/>\n\t\t\t<\/svg>\n\t\t<\/button><figcaption class=\"wp-element-caption\">Foto: Gerd Eichmann \/ Wikimedia Commons, CC BY-SA 4.0<\/figcaption><\/figure>\n\n\n\n<h3 class=\"wp-block-heading\"><span class=\"ez-toc-section\" id=\"22_Caracalla_Therme_Baden-Baden\"><\/span>22. Caracalla Therme (Baden-Baden)<span class=\"ez-toc-section-end\"><\/span><\/h3>\n\n\n\n<p class=\"wp-block-paragraph\">\u00cen legendarul Baden-Baden vei g\u0103si acest complex de lux, cu o suprafa\u021b\u0103 total\u0103 de 5.000 de metri p\u0103tra\u021bi, care atrage cu un <strong>luciu de ap\u0103 ce dep\u0103\u0219e\u0219te 900 de metri p\u0103tra\u021bi<\/strong>. Zilnic se rotesc aici aproximativ 800.000 de litri de ap\u0103 termal\u0103 curat\u0103, iar ad\u00e2ncimea bazinelor ajunge la maximum 1,35 metri, a\u0219a c\u0103 te vei sim\u021bi \u00een siguran\u021b\u0103.<\/p>\n\n\n\n<p class=\"wp-block-paragraph\">Temperaturile apei variaz\u0103 de la 18 p\u00e2n\u0103 la 38 \u00b0C. Te vei \u00eenc\u0103lzi \u00een marele bazin interior (34 \u00b0C) sau \u00een marele bazin exterior (32 \u00b0C). Ai la dispozi\u021bie \u0219i un bazin exterior mic cu 35 \u00b0C \u0219i dou\u0103 jacuzzi fierbin\u021bi cu 38 \u00b0C. O experien\u021b\u0103 ofer\u0103 grota fierbinte cu 38 \u00b0C (unde se recomand\u0103 s\u0103 stai 5 minute), la care <strong>se conecteaz\u0103 imediat grota rece<\/strong> cu doar 18 \u00b0C, pentru o r\u0103cire rapid\u0103 de 10 p\u00e2n\u0103 la 20 de secunde. Curajo\u0219ii vor aprecia baia de aburi accesibil\u0103 \u00een costum de baie, cu 43 \u00b0C \u0219i umiditate de 100%, sau camera de inhalare cu sare, cu temperatura de 28 p\u00e2n\u0103 la 30 \u00b0C.<\/p>\n\n\n\n<p class=\"wp-block-paragraph\">Conform listei de pre\u021buri pentru 2026, biletul la bazine pentru 2 ore cost\u0103 21 euro, pentru 3 ore 25 euro, iar cel de o zi \u00eentreag\u0103 35 euro. Combina\u021bia cu saun\u0103 cost\u0103 26 euro pentru 2 ore. Copiii au intrarea permis\u0103 abia de la 7 ani, iar p\u00e2n\u0103 la 14 ani exclusiv cu \u00eenso\u021bitor adult. <strong>\ud83d\udca1 Sfat:<\/strong> Dac\u0103 \u00ee\u021bi iei a\u0219a-numitul VIP-Chip, ob\u021bii o reducere de p\u00e2n\u0103 la 20% la intrare nu doar aici, ci \u0219i la \u00eenfr\u0103\u021bitele b\u0103i istorice Friedrichsbad.<\/p>\n\n\n\n<figure data-wp-context=\"{&quot;imageId&quot;:&quot;6a9c37025bf47&quot;}\" data-wp-interactive=\"core\/image\" data-wp-key=\"6a9c37025bf47\" class=\"wp-block-image size-full wp-lightbox-container\"><img decoding=\"async\" width=\"1800\" height=\"1083\" data-wp-class--hide=\"state.isContentHidden\" data-wp-class--show=\"state.isContentVisible\" data-wp-init=\"callbacks.setButtonStyles\" data-wp-on--click=\"actions.showLightbox\" data-wp-on--load=\"callbacks.setButtonStyles\" data-wp-on--pointerdown=\"actions.preloadImage\" data-wp-on--pointerenter=\"actions.preloadImageWithDelay\" data-wp-on--pointerleave=\"actions.cancelPreload\" data-wp-on-window--resize=\"callbacks.setButtonStyles\" src=\"https:\/\/loudavymkrokem.cz\/wp-content\/uploads\/2026\/09\/nemecko-clanky-termaly-nemecko-29-aa48ec15.jpg\" alt=\"Acoperi\u0219ul ondulat \u0219i bazinul exterior al termei Solemar din Bad D\u00fcrrheim\" class=\"wp-image-415497\" title=\"\" srcset=\"https:\/\/loudavymkrokem.cz\/wp-content\/uploads\/2026\/09\/nemecko-clanky-termaly-nemecko-29-aa48ec15.jpg 1800w, https:\/\/loudavymkrokem.cz\/wp-content\/uploads\/2026\/09\/nemecko-clanky-termaly-nemecko-29-aa48ec15-300x181.jpg 300w, https:\/\/loudavymkrokem.cz\/wp-content\/uploads\/2026\/09\/nemecko-clanky-termaly-nemecko-29-aa48ec15-700x421.jpg 700w, https:\/\/loudavymkrokem.cz\/wp-content\/uploads\/2026\/09\/nemecko-clanky-termaly-nemecko-29-aa48ec15-768x462.jpg 768w, https:\/\/loudavymkrokem.cz\/wp-content\/uploads\/2026\/09\/nemecko-clanky-termaly-nemecko-29-aa48ec15-1536x924.jpg 1536w, https:\/\/loudavymkrokem.cz\/wp-content\/uploads\/2026\/09\/nemecko-clanky-termaly-nemecko-29-aa48ec15-696x419.jpg 696w, https:\/\/loudavymkrokem.cz\/wp-content\/uploads\/2026\/09\/nemecko-clanky-termaly-nemecko-29-aa48ec15-1392x838.jpg 1392w\" sizes=\"(max-width: 1800px) 100vw, 1800px\" \/><button\n\t\t\tclass=\"lightbox-trigger\"\n\t\t\ttype=\"button\"\n\t\t\taria-haspopup=\"dialog\"\n\t\t\tdata-wp-bind--aria-label=\"state.thisImage.triggerButtonAriaLabel\"\n\t\t\tdata-wp-init=\"callbacks.initTriggerButton\"\n\t\t\tdata-wp-on--click=\"actions.showLightbox\"\n\t\t\tdata-wp-style--right=\"state.thisImage.buttonRight\"\n\t\t\tdata-wp-style--top=\"state.thisImage.buttonTop\"\n\t\t>\n\t\t\t<svg xmlns=\"http:\/\/www.w3.org\/2000\/svg\" width=\"12\" height=\"12\" fill=\"none\" viewBox=\"0 0 12 12\">\n\t\t\t\t<path fill=\"#fff\" d=\"M2 0a2 2 0 0 0-2 2v2h1.5V2a.5.5 0 0 1 .5-.5h2V0H2Zm2 10.5H2a.5.5 0 0 1-.5-.5V8H0v2a2 2 0 0 0 2 2h2v-1.5ZM8 12v-1.5h2a.5.5 0 0 0 .5-.5V8H12v2a2 2 0 0 1-2 2H8Zm2-12a2 2 0 0 1 2 2v2h-1.5V2a.5.5 0 0 0-.5-.5H8V0h2Z\" \/>\n\t\t\t<\/svg>\n\t\t<\/button><\/figure>\n\n\n\n<h3 class=\"wp-block-heading\"><span class=\"ez-toc-section\" id=\"23_Solemar_Bad_Durrheim_Bad_Durrheim\"><\/span>23. Solemar Bad D\u00fcrrheim (Bad D\u00fcrrheim)<span class=\"ez-toc-section-end\"><\/span><\/h3>\n\n\n\n<p class=\"wp-block-paragraph\">\u00cen ora\u0219ul-sta\u021biune Bad D\u00fcrrheim te a\u0219teapt\u0103 o relaxare pe cinste, a c\u0103rei atrac\u021bie principal\u0103 este <strong>spa\u021bioasa Schwarzwald-Sauna<\/strong>. \u00cen tot complexul domne\u0219te o atmosfer\u0103 extraordinar de lini\u0219tit\u0103, parc\u0103 anume creat\u0103 pentru un weekend de odihn\u0103 lipsit de orice grab\u0103. Dac\u0103 ai nevoie s\u0103-\u021bi limpeze\u0219ti mintea \u0219i pur \u0219i simplu s\u0103 leneve\u0219ti, aici o s\u0103-\u021bi reu\u0219easc\u0103 negre\u0219it.<\/p>\n\n\n\n<p class=\"wp-block-paragraph\">Termele sunt deschise \u00een fiecare zi de la 9 la 22, iar vineri programul de sear\u0103 se prelunge\u0219te chiar p\u00e2n\u0103 la 23. Pe l\u00e2ng\u0103 bazinele termale clasice, vei descoperi aici \u0219i o pe\u0219ter\u0103 de sare special\u0103 de la Marea Moart\u0103 (Totes-Meer-Salzgrotte), care are efecte excelente asupra c\u0103ilor respiratorii. Lumea saunelor propriu-zis\u0103 se deschide pentru to\u021bi vizitatorii fix la ora zece diminea\u021ba.<\/p>\n\n\n\n<p class=\"wp-block-paragraph\">Conform listei de pre\u021buri pentru 2026, biletul de trei ore la terme cost\u0103 17,90 euro, iar varianta de o zi \u00eentreag\u0103 19,90 euro. Pentru combina\u021bia de patru ore cu saun\u0103 dai 26,50 euro, iar cea de o zi \u00eentreag\u0103 cost\u0103 29,50 euro. Intrarea la pe\u0219tera de sare cost\u0103 11 euro pentru adul\u021bi \u0219i 5 euro pentru copiii sub 12 ani. La saun\u0103 au voie tinerii abia de la 13 ani. Pentru copiii de la 3 la 12 ani, termele de o zi \u00eentreag\u0103 cost\u0103 10,20 euro. <strong>\ud83d\udca1 Sfat:<\/strong> Dac\u0103 vrei s\u0103 economise\u0219ti, vino abia seara la tariful redus valabil de la ora 19, care cost\u0103 doar 14,90 euro la terme \u0219i 21,50 euro la saun\u0103.<\/p>\n\n\n\n<figure data-wp-context=\"{&quot;imageId&quot;:&quot;6a9c37025c798&quot;}\" data-wp-interactive=\"core\/image\" data-wp-key=\"6a9c37025c798\" class=\"wp-block-image size-full wp-lightbox-container\"><img decoding=\"async\" width=\"1800\" height=\"1350\" data-wp-class--hide=\"state.isContentHidden\" data-wp-class--show=\"state.isContentVisible\" data-wp-init=\"callbacks.setButtonStyles\" data-wp-on--click=\"actions.showLightbox\" data-wp-on--load=\"callbacks.setButtonStyles\" data-wp-on--pointerdown=\"actions.preloadImage\" data-wp-on--pointerenter=\"actions.preloadImageWithDelay\" data-wp-on--pointerleave=\"actions.cancelPreload\" data-wp-on-window--resize=\"callbacks.setButtonStyles\" src=\"https:\/\/loudavymkrokem.cz\/wp-content\/uploads\/2026\/09\/nemecko-clanky-termaly-nemecko-30-ccda264f-1.jpg\" alt=\"Bazinul exterior al AlbThermen din Bad Urach \u00een aburii iernii\" class=\"wp-image-415329\" title=\"\" srcset=\"https:\/\/loudavymkrokem.cz\/wp-content\/uploads\/2026\/09\/nemecko-clanky-termaly-nemecko-30-ccda264f-1.jpg 1800w, https:\/\/loudavymkrokem.cz\/wp-content\/uploads\/2026\/09\/nemecko-clanky-termaly-nemecko-30-ccda264f-1-300x225.jpg 300w, https:\/\/loudavymkrokem.cz\/wp-content\/uploads\/2026\/09\/nemecko-clanky-termaly-nemecko-30-ccda264f-1-700x525.jpg 700w, https:\/\/loudavymkrokem.cz\/wp-content\/uploads\/2026\/09\/nemecko-clanky-termaly-nemecko-30-ccda264f-1-768x576.jpg 768w, https:\/\/loudavymkrokem.cz\/wp-content\/uploads\/2026\/09\/nemecko-clanky-termaly-nemecko-30-ccda264f-1-1536x1152.jpg 1536w, https:\/\/loudavymkrokem.cz\/wp-content\/uploads\/2026\/09\/nemecko-clanky-termaly-nemecko-30-ccda264f-1-80x60.jpg 80w, https:\/\/loudavymkrokem.cz\/wp-content\/uploads\/2026\/09\/nemecko-clanky-termaly-nemecko-30-ccda264f-1-160x120.jpg 160w, https:\/\/loudavymkrokem.cz\/wp-content\/uploads\/2026\/09\/nemecko-clanky-termaly-nemecko-30-ccda264f-1-696x522.jpg 696w, https:\/\/loudavymkrokem.cz\/wp-content\/uploads\/2026\/09\/nemecko-clanky-termaly-nemecko-30-ccda264f-1-1392x1044.jpg 1392w\" sizes=\"(max-width: 1800px) 100vw, 1800px\" \/><button\n\t\t\tclass=\"lightbox-trigger\"\n\t\t\ttype=\"button\"\n\t\t\taria-haspopup=\"dialog\"\n\t\t\tdata-wp-bind--aria-label=\"state.thisImage.triggerButtonAriaLabel\"\n\t\t\tdata-wp-init=\"callbacks.initTriggerButton\"\n\t\t\tdata-wp-on--click=\"actions.showLightbox\"\n\t\t\tdata-wp-style--right=\"state.thisImage.buttonRight\"\n\t\t\tdata-wp-style--top=\"state.thisImage.buttonTop\"\n\t\t>\n\t\t\t<svg xmlns=\"http:\/\/www.w3.org\/2000\/svg\" width=\"12\" height=\"12\" fill=\"none\" viewBox=\"0 0 12 12\">\n\t\t\t\t<path fill=\"#fff\" d=\"M2 0a2 2 0 0 0-2 2v2h1.5V2a.5.5 0 0 1 .5-.5h2V0H2Zm2 10.5H2a.5.5 0 0 1-.5-.5V8H0v2a2 2 0 0 0 2 2h2v-1.5ZM8 12v-1.5h2a.5.5 0 0 0 .5-.5V8H12v2a2 2 0 0 1-2 2H8Zm2-12a2 2 0 0 1 2 2v2h-1.5V2a.5.5 0 0 0-.5-.5H8V0h2Z\" \/>\n\t\t\t<\/svg>\n\t\t<\/button><figcaption class=\"wp-element-caption\">Foto: qwesy qwesy \/ Wikimedia Commons, CC BY 3.0<\/figcaption><\/figure>\n\n\n\n<h3 class=\"wp-block-heading\"><span class=\"ez-toc-section\" id=\"24_AlbThermen_Bad_Urach\"><\/span>24. AlbThermen (Bad Urach)<span class=\"ez-toc-section-end\"><\/span><\/h3>\n\n\n\n<p class=\"wp-block-paragraph\">Acest local \u00eendr\u0103git din ora\u0219ul Bad Urach \u00eel vor adora mai ales vizitatorii adul\u021bi, pentru c\u0103 copiii sub 8 ani <strong>nu au deloc permis\u0103 intrarea \u00een zona de baie<\/strong>. Mediul este, datorit\u0103 acestei restric\u021bii, foarte t\u0103cut \u0219i ofer\u0103 o lini\u0219te cu adev\u0103rat netulburat\u0103. Deci, dac\u0103 e\u0219ti \u00een c\u0103utarea unui loc unde s\u0103 te odihne\u0219ti departe de \u021bipetele copiilor, aici nu vei da gre\u0219.<\/p>\n\n\n\n<p class=\"wp-block-paragraph\">Por\u021bile termelor se deschid zilnic de la 9 la 22, peisajul de saune \u00eencepe s\u0103 func\u021bioneze de la ora 10, iar restaurantul local g\u0103te\u0219te de la ora 11. Pre\u021burile sunt aici \u00eemp\u0103r\u021bite pe blocuri de timp exacte, a\u0219a c\u0103 merit\u0103 s\u0103-\u021bi urm\u0103re\u0219ti cu aten\u021bie ceasul, ca la ie\u0219ire s\u0103 nu fii nevoit s\u0103 achi\u021bi inutil 2,50 euro pentru dep\u0103\u0219irea timpului stabilit.<\/p>\n\n\n\n<p class=\"wp-block-paragraph\">Tarifele de baz\u0103 conform listei de pre\u021buri pentru 2026 sunt valabile pentru exact 3,5 ore la bazine sau pentru 4 ore, dac\u0103 alegi combina\u021bia de bazine cu saun\u0103. \u00cen weekend, adaug\u0103 la fiecare tarif de baz\u0103 un mic supliment de 2 euro. <strong>\ud83d\udca1 Sfat:<\/strong> Planifici mai multe vizite sau mergi \u00eentr-un grup mai mare? Ia-\u021bi un card prepl\u0103tit pentru 10 intr\u0103ri la bazine, la 189 de euro (sau cu saun\u0103, la 288 de euro), la care prime\u0219ti \u00eenc\u0103 3 intr\u0103ri gratuite de tot.<\/p>\n\n\n\n<figure data-wp-context=\"{&quot;imageId&quot;:&quot;6a9c37025ce2b&quot;}\" data-wp-interactive=\"core\/image\" data-wp-key=\"6a9c37025ce2b\" class=\"wp-block-image size-full wp-lightbox-container\"><img decoding=\"async\" width=\"1800\" height=\"1064\" data-wp-class--hide=\"state.isContentHidden\" data-wp-class--show=\"state.isContentVisible\" data-wp-init=\"callbacks.setButtonStyles\" data-wp-on--click=\"actions.showLightbox\" data-wp-on--load=\"callbacks.setButtonStyles\" data-wp-on--pointerdown=\"actions.preloadImage\" data-wp-on--pointerenter=\"actions.preloadImageWithDelay\" data-wp-on--pointerleave=\"actions.cancelPreload\" data-wp-on-window--resize=\"callbacks.setButtonStyles\" src=\"https:\/\/loudavymkrokem.cz\/wp-content\/uploads\/2026\/09\/nemecko-clanky-termaly-nemecko-31-616f54cf-1.jpg\" alt=\"Friedrichsbad (Baden-Baden)\" class=\"wp-image-415332\" title=\"\" srcset=\"https:\/\/loudavymkrokem.cz\/wp-content\/uploads\/2026\/09\/nemecko-clanky-termaly-nemecko-31-616f54cf-1.jpg 1800w, https:\/\/loudavymkrokem.cz\/wp-content\/uploads\/2026\/09\/nemecko-clanky-termaly-nemecko-31-616f54cf-1-300x177.jpg 300w, https:\/\/loudavymkrokem.cz\/wp-content\/uploads\/2026\/09\/nemecko-clanky-termaly-nemecko-31-616f54cf-1-700x414.jpg 700w, https:\/\/loudavymkrokem.cz\/wp-content\/uploads\/2026\/09\/nemecko-clanky-termaly-nemecko-31-616f54cf-1-768x454.jpg 768w, https:\/\/loudavymkrokem.cz\/wp-content\/uploads\/2026\/09\/nemecko-clanky-termaly-nemecko-31-616f54cf-1-1536x908.jpg 1536w, https:\/\/loudavymkrokem.cz\/wp-content\/uploads\/2026\/09\/nemecko-clanky-termaly-nemecko-31-616f54cf-1-696x411.jpg 696w, https:\/\/loudavymkrokem.cz\/wp-content\/uploads\/2026\/09\/nemecko-clanky-termaly-nemecko-31-616f54cf-1-1392x823.jpg 1392w\" sizes=\"(max-width: 1800px) 100vw, 1800px\" \/><button\n\t\t\tclass=\"lightbox-trigger\"\n\t\t\ttype=\"button\"\n\t\t\taria-haspopup=\"dialog\"\n\t\t\tdata-wp-bind--aria-label=\"state.thisImage.triggerButtonAriaLabel\"\n\t\t\tdata-wp-init=\"callbacks.initTriggerButton\"\n\t\t\tdata-wp-on--click=\"actions.showLightbox\"\n\t\t\tdata-wp-style--right=\"state.thisImage.buttonRight\"\n\t\t\tdata-wp-style--top=\"state.thisImage.buttonTop\"\n\t\t>\n\t\t\t<svg xmlns=\"http:\/\/www.w3.org\/2000\/svg\" width=\"12\" height=\"12\" fill=\"none\" viewBox=\"0 0 12 12\">\n\t\t\t\t<path fill=\"#fff\" d=\"M2 0a2 2 0 0 0-2 2v2h1.5V2a.5.5 0 0 1 .5-.5h2V0H2Zm2 10.5H2a.5.5 0 0 1-.5-.5V8H0v2a2 2 0 0 0 2 2h2v-1.5ZM8 12v-1.5h2a.5.5 0 0 0 .5-.5V8H12v2a2 2 0 0 1-2 2H8Zm2-12a2 2 0 0 1 2 2v2h-1.5V2a.5.5 0 0 0-.5-.5H8V0h2Z\" \/>\n\t\t\t<\/svg>\n\t\t<\/button><figcaption class=\"wp-element-caption\">Foto: Gerd Eichmann \/ Wikimedia Commons, CC BY-SA 4.0<\/figcaption><\/figure>\n\n\n\n<h3 class=\"wp-block-heading\"><span class=\"ez-toc-section\" id=\"25_Friedrichsbad_Baden-Baden\"><\/span>25. Friedrichsbad (Baden-Baden)<span class=\"ez-toc-section-end\"><\/span><\/h3>\n\n\n\n<p class=\"wp-block-paragraph\">Aceste b\u0103i istorice din Baden-Baden te vor transporta imediat \u00een timp, \u00eentr-o epoc\u0103 cu totul diferit\u0103. Au fost construite \u00eentre 1869 \u0219i 1877 <strong>chiar pe dealul Florentinerberg<\/strong>, unde se sc\u0103ldau deja vechii romani. \u00cen a doua jum\u0103tate a secolului al XIX-lea era vorba chiar de cele mai importante terme din toat\u0103 Germania de atunci \u0219i, p\u00e2n\u0103 ast\u0103zi, \u0219i-au p\u0103strat caracterul fastuos.<\/p>\n\n\n\n<p class=\"wp-block-paragraph\">Impun\u0103toarea cl\u0103dire din gresie ro\u0219ie \u0219i alb\u0103 are dimensiunile de 62,5 pe 50 de metri. Cea mai mare m\u00e2ndrie a sa este <strong>uria\u0219a cupol\u0103 central\u0103, \u00eenalt\u0103 de 17,5 metri<\/strong>, sus\u021binut\u0103 grandios de arcade oarbe pe coloane corintice. \u00centreaga construc\u021bie s-a inspirat arhitectural din termele lui Caracalla din Roma. Func\u021bioneaz\u0103 pe vechiul principiu al b\u0103ii irlandezo-romane, pe care l-a adus \u00een Europa diplomatul britanic David Urquhart \u0219i pe care l-a fondat, \u00een 1856, medicul irlandez Richard Barter.<\/p>\n\n\n\n<p class=\"wp-block-paragraph\">Construc\u021bia \u0219i modernizarea acestor b\u0103i au fost esen\u021biale pentru ora\u0219, pentru c\u0103, dup\u0103 interzicerea general\u0103 a jocurilor de noroc \u00een 1872, trebuiau s\u0103 atrag\u0103 aici o nou\u0103 elit\u0103 bogat\u0103. Locul este pur \u0219i simplu ideal pentru iubitorii de istorie \u0219i admiratorii arhitecturii. <strong>\ud83d\udca1 Sfat:<\/strong> \u00cen timpul relax\u0103rii, uit\u0103-te cu aten\u021bie la decora\u021biuni. Picturile originale au fost, ce-i drept, acoperite cu var \u00een mod nes\u0103buit \u00een anii &#8217;50 ai secolului XX, dar la \u00eenceputul anilor &#8217;80, la restaurare, au reu\u0219it s\u0103 fie m\u0103car par\u021bial ref\u0103cute.<\/p>\n\n\n\n<figure data-wp-context=\"{&quot;imageId&quot;:&quot;6a9c37025d5da&quot;}\" data-wp-interactive=\"core\/image\" data-wp-key=\"6a9c37025d5da\" class=\"wp-block-image size-full wp-lightbox-container\"><img decoding=\"async\" width=\"1800\" height=\"1350\" data-wp-class--hide=\"state.isContentHidden\" data-wp-class--show=\"state.isContentVisible\" data-wp-init=\"callbacks.setButtonStyles\" data-wp-on--click=\"actions.showLightbox\" data-wp-on--load=\"callbacks.setButtonStyles\" data-wp-on--pointerdown=\"actions.preloadImage\" data-wp-on--pointerenter=\"actions.preloadImageWithDelay\" data-wp-on--pointerleave=\"actions.cancelPreload\" data-wp-on-window--resize=\"callbacks.setButtonStyles\" src=\"https:\/\/loudavymkrokem.cz\/wp-content\/uploads\/2026\/09\/nemecko-clanky-termaly-nemecko-32-9c1729cf.jpg\" alt=\"Gr\u0103dina termei Vita Classica din Bad Krozingen cu arbu\u0219ti tun\u0219i\" class=\"wp-image-415500\" title=\"\" srcset=\"https:\/\/loudavymkrokem.cz\/wp-content\/uploads\/2026\/09\/nemecko-clanky-termaly-nemecko-32-9c1729cf.jpg 1800w, https:\/\/loudavymkrokem.cz\/wp-content\/uploads\/2026\/09\/nemecko-clanky-termaly-nemecko-32-9c1729cf-300x225.jpg 300w, https:\/\/loudavymkrokem.cz\/wp-content\/uploads\/2026\/09\/nemecko-clanky-termaly-nemecko-32-9c1729cf-700x525.jpg 700w, https:\/\/loudavymkrokem.cz\/wp-content\/uploads\/2026\/09\/nemecko-clanky-termaly-nemecko-32-9c1729cf-768x576.jpg 768w, https:\/\/loudavymkrokem.cz\/wp-content\/uploads\/2026\/09\/nemecko-clanky-termaly-nemecko-32-9c1729cf-1536x1152.jpg 1536w, https:\/\/loudavymkrokem.cz\/wp-content\/uploads\/2026\/09\/nemecko-clanky-termaly-nemecko-32-9c1729cf-80x60.jpg 80w, https:\/\/loudavymkrokem.cz\/wp-content\/uploads\/2026\/09\/nemecko-clanky-termaly-nemecko-32-9c1729cf-160x120.jpg 160w, https:\/\/loudavymkrokem.cz\/wp-content\/uploads\/2026\/09\/nemecko-clanky-termaly-nemecko-32-9c1729cf-696x522.jpg 696w, https:\/\/loudavymkrokem.cz\/wp-content\/uploads\/2026\/09\/nemecko-clanky-termaly-nemecko-32-9c1729cf-1392x1044.jpg 1392w\" sizes=\"(max-width: 1800px) 100vw, 1800px\" \/><button\n\t\t\tclass=\"lightbox-trigger\"\n\t\t\ttype=\"button\"\n\t\t\taria-haspopup=\"dialog\"\n\t\t\tdata-wp-bind--aria-label=\"state.thisImage.triggerButtonAriaLabel\"\n\t\t\tdata-wp-init=\"callbacks.initTriggerButton\"\n\t\t\tdata-wp-on--click=\"actions.showLightbox\"\n\t\t\tdata-wp-style--right=\"state.thisImage.buttonRight\"\n\t\t\tdata-wp-style--top=\"state.thisImage.buttonTop\"\n\t\t>\n\t\t\t<svg xmlns=\"http:\/\/www.w3.org\/2000\/svg\" width=\"12\" height=\"12\" fill=\"none\" viewBox=\"0 0 12 12\">\n\t\t\t\t<path fill=\"#fff\" d=\"M2 0a2 2 0 0 0-2 2v2h1.5V2a.5.5 0 0 1 .5-.5h2V0H2Zm2 10.5H2a.5.5 0 0 1-.5-.5V8H0v2a2 2 0 0 0 2 2h2v-1.5ZM8 12v-1.5h2a.5.5 0 0 0 .5-.5V8H12v2a2 2 0 0 1-2 2H8Zm2-12a2 2 0 0 1 2 2v2h-1.5V2a.5.5 0 0 0-.5-.5H8V0h2Z\" \/>\n\t\t\t<\/svg>\n\t\t<\/button><figcaption class=\"wp-element-caption\">Foto: Baden de \/ Wikimedia Commons, CC BY 3.0<\/figcaption><\/figure>\n\n\n\n<h3 class=\"wp-block-heading\"><span class=\"ez-toc-section\" id=\"26_Vita_Classica_Bad_Krozingen\"><\/span>26. Vita Classica (Bad Krozingen)<span class=\"ez-toc-section-end\"><\/span><\/h3>\n\n\n\n<p class=\"wp-block-paragraph\">Dac\u0103 pui pre\u021b \u00een vacan\u021b\u0103 pe o \u00eengrijire cu adev\u0103rat luxoas\u0103, la b\u0103ile Vita Classica din or\u0103\u0219elul Bad Krozingen vei g\u0103si exact ce cau\u021bi. Cea mai mare m\u00e2ndrie a lor este <strong>specialul Wohlf\u00fchlhaus<\/strong>, care se axeaz\u0103 str\u00e2ns pe masaje exclusive \u0219i cele mai bune ritualuri wellness premium. Atmosfera respir\u0103 aici calm, iar personalul profesionist se \u00eengrije\u0219te ca tu s\u0103 pleci ca ren\u0103scut.<\/p>\n\n\n\n<p class=\"wp-block-paragraph\">Baia o vei savura pe s\u0103turate, pentru c\u0103 \u00eentinsul complex ofer\u0103 trei bazine exterioare \u0219i \u0219ase interioare umplute cu ap\u0103 termal\u0103 pl\u0103cut de cald\u0103. Depinde doar de tine dac\u0103 vrei mai degrab\u0103 s\u0103 \u00eeno\u021bi sub cerul liber sau te ascunzi \u00een\u0103untru. Paradisul saunelor ascunde apoi opt cabine de saun\u0103 diferite \u0219i un grandios templu de aburi, unde, datorit\u0103 aburilor fierbin\u021bi, ui\u021bi u\u0219or de toate grijile zilelor cotidiene.<\/p>\n\n\n\n<p class=\"wp-block-paragraph\">Aceste terme sunt pur \u0219i simplu ideale pentru oricine caut\u0103 o relaxare profund\u0103 \u0219i nu-l deranjeaz\u0103 s\u0103 achite ceva \u00een plus pentru proceduri terapeutice peste standard \u00eentr-un mediu frumos. Sunt o alegere perfect\u0103 pentru un weekend romantic \u00een doi. <strong>\ud83d\udca1 Sfat:<\/strong> \u00ce\u021bi recomand s\u0103-\u021bi rezervi \u00eendr\u0103gitele ritualuri premium sau masajele de la Wohlf\u00fchlhaus suficient de din timp prin internet, pentru c\u0103 cele mai bune termene de weekend se epuizeaz\u0103 adesea foarte rapid.<\/p>\n\n\n\n<figure data-wp-context=\"{&quot;imageId&quot;:&quot;6a9c37025de0f&quot;}\" data-wp-interactive=\"core\/image\" data-wp-key=\"6a9c37025de0f\" class=\"wp-block-image size-full wp-lightbox-container\"><img decoding=\"async\" width=\"1800\" height=\"1198\" data-wp-class--hide=\"state.isContentHidden\" data-wp-class--show=\"state.isContentVisible\" data-wp-init=\"callbacks.setButtonStyles\" data-wp-on--click=\"actions.showLightbox\" data-wp-on--load=\"callbacks.setButtonStyles\" data-wp-on--pointerdown=\"actions.preloadImage\" data-wp-on--pointerenter=\"actions.preloadImageWithDelay\" data-wp-on--pointerleave=\"actions.cancelPreload\" data-wp-on-window--resize=\"callbacks.setButtonStyles\" src=\"https:\/\/loudavymkrokem.cz\/wp-content\/uploads\/2026\/09\/nemecko-clanky-termaly-nemecko-33-009e6b3b.jpg\" alt=\"Bazinul de sear\u0103 \u0219i pavilionul balinez de la Bali Therme din Bad Oeynhausen\" class=\"wp-image-415504\" title=\"\" srcset=\"https:\/\/loudavymkrokem.cz\/wp-content\/uploads\/2026\/09\/nemecko-clanky-termaly-nemecko-33-009e6b3b.jpg 1800w, https:\/\/loudavymkrokem.cz\/wp-content\/uploads\/2026\/09\/nemecko-clanky-termaly-nemecko-33-009e6b3b-300x200.jpg 300w, https:\/\/loudavymkrokem.cz\/wp-content\/uploads\/2026\/09\/nemecko-clanky-termaly-nemecko-33-009e6b3b-700x466.jpg 700w, https:\/\/loudavymkrokem.cz\/wp-content\/uploads\/2026\/09\/nemecko-clanky-termaly-nemecko-33-009e6b3b-768x511.jpg 768w, https:\/\/loudavymkrokem.cz\/wp-content\/uploads\/2026\/09\/nemecko-clanky-termaly-nemecko-33-009e6b3b-1536x1022.jpg 1536w, https:\/\/loudavymkrokem.cz\/wp-content\/uploads\/2026\/09\/nemecko-clanky-termaly-nemecko-33-009e6b3b-696x463.jpg 696w, https:\/\/loudavymkrokem.cz\/wp-content\/uploads\/2026\/09\/nemecko-clanky-termaly-nemecko-33-009e6b3b-1392x926.jpg 1392w\" sizes=\"(max-width: 1800px) 100vw, 1800px\" \/><button\n\t\t\tclass=\"lightbox-trigger\"\n\t\t\ttype=\"button\"\n\t\t\taria-haspopup=\"dialog\"\n\t\t\tdata-wp-bind--aria-label=\"state.thisImage.triggerButtonAriaLabel\"\n\t\t\tdata-wp-init=\"callbacks.initTriggerButton\"\n\t\t\tdata-wp-on--click=\"actions.showLightbox\"\n\t\t\tdata-wp-style--right=\"state.thisImage.buttonRight\"\n\t\t\tdata-wp-style--top=\"state.thisImage.buttonTop\"\n\t\t>\n\t\t\t<svg xmlns=\"http:\/\/www.w3.org\/2000\/svg\" width=\"12\" height=\"12\" fill=\"none\" viewBox=\"0 0 12 12\">\n\t\t\t\t<path fill=\"#fff\" d=\"M2 0a2 2 0 0 0-2 2v2h1.5V2a.5.5 0 0 1 .5-.5h2V0H2Zm2 10.5H2a.5.5 0 0 1-.5-.5V8H0v2a2 2 0 0 0 2 2h2v-1.5ZM8 12v-1.5h2a.5.5 0 0 0 .5-.5V8H12v2a2 2 0 0 1-2 2H8Zm2-12a2 2 0 0 1 2 2v2h-1.5V2a.5.5 0 0 0-.5-.5H8V0h2Z\" \/>\n\t\t\t<\/svg>\n\t\t<\/button><\/figure>\n\n\n\n<h2 class=\"wp-block-heading\"><span class=\"ez-toc-section\" id=\"Bai_termale_in_Renania_de_Nord-Westfalia\"><\/span>B\u0103i termale \u00een Renania de Nord-Westfalia<span class=\"ez-toc-section-end\"><\/span><\/h2>\n\n\n\n<p class=\"wp-block-paragraph\">Renania de Nord-Westfalia este landul cel mai populat al Germaniei, a\u0219a c\u0103 aici cu siguran\u021b\u0103 nu duci lips\u0103 de o baie pe cinste. Majoritatea celor mai bune complexe se afl\u0103 la o distan\u021b\u0103 comod\u0103 de K\u00f6ln, D\u00fcsseldorf sau Aachen, ceea ce le face o destina\u021bie ideal\u0103 pentru un weekend prelungit. Dac\u0103 iube\u0219ti vastele lumi acvatice sau arhitectura netradi\u021bional\u0103, aici \u00ee\u021bi vei g\u0103si locul.<\/p>\n\n\n\n<p class=\"wp-block-paragraph\">O tem\u0103 puternic\u0103 a acestei zone o reprezint\u0103 uria\u0219ele parcuri de saune, cum ar fi renumita Mediterana, precum \u0219i stiliz\u0103rile exotice unice. Un exemplu excelent este Bali Therme, unde te vei sim\u021bi ca \u00eentr-o adev\u0103rat\u0103 vacan\u021b\u0103 \u00een Asia. Hai s\u0103 vedem \u0219apte locuri care \u00een aceast\u0103 regiune cu siguran\u021b\u0103 nu ar trebui s\u0103-\u021bi scape.<\/p>\n\n\n\n<figure data-wp-context=\"{&quot;imageId&quot;:&quot;6a9c37025e612&quot;}\" data-wp-interactive=\"core\/image\" data-wp-key=\"6a9c37025e612\" class=\"wp-block-image size-full wp-lightbox-container\"><img decoding=\"async\" width=\"1800\" height=\"1201\" data-wp-class--hide=\"state.isContentHidden\" data-wp-class--show=\"state.isContentVisible\" data-wp-init=\"callbacks.setButtonStyles\" data-wp-on--click=\"actions.showLightbox\" data-wp-on--load=\"callbacks.setButtonStyles\" data-wp-on--pointerdown=\"actions.preloadImage\" data-wp-on--pointerenter=\"actions.preloadImageWithDelay\" data-wp-on--pointerleave=\"actions.cancelPreload\" data-wp-on-window--resize=\"callbacks.setButtonStyles\" src=\"https:\/\/loudavymkrokem.cz\/wp-content\/uploads\/2026\/09\/nemecko-clanky-termaly-nemecko-34-d5cf2c11-1.jpg\" alt=\"Thermen &#038; Badewelt Euskirchen (Euskirchen): zona de saune\" class=\"wp-image-415338\" title=\"\" srcset=\"https:\/\/loudavymkrokem.cz\/wp-content\/uploads\/2026\/09\/nemecko-clanky-termaly-nemecko-34-d5cf2c11-1.jpg 1800w, https:\/\/loudavymkrokem.cz\/wp-content\/uploads\/2026\/09\/nemecko-clanky-termaly-nemecko-34-d5cf2c11-1-300x200.jpg 300w, https:\/\/loudavymkrokem.cz\/wp-content\/uploads\/2026\/09\/nemecko-clanky-termaly-nemecko-34-d5cf2c11-1-700x467.jpg 700w, https:\/\/loudavymkrokem.cz\/wp-content\/uploads\/2026\/09\/nemecko-clanky-termaly-nemecko-34-d5cf2c11-1-768x512.jpg 768w, https:\/\/loudavymkrokem.cz\/wp-content\/uploads\/2026\/09\/nemecko-clanky-termaly-nemecko-34-d5cf2c11-1-1536x1025.jpg 1536w, https:\/\/loudavymkrokem.cz\/wp-content\/uploads\/2026\/09\/nemecko-clanky-termaly-nemecko-34-d5cf2c11-1-696x464.jpg 696w, https:\/\/loudavymkrokem.cz\/wp-content\/uploads\/2026\/09\/nemecko-clanky-termaly-nemecko-34-d5cf2c11-1-1392x929.jpg 1392w\" sizes=\"(max-width: 1800px) 100vw, 1800px\" \/><button\n\t\t\tclass=\"lightbox-trigger\"\n\t\t\ttype=\"button\"\n\t\t\taria-haspopup=\"dialog\"\n\t\t\tdata-wp-bind--aria-label=\"state.thisImage.triggerButtonAriaLabel\"\n\t\t\tdata-wp-init=\"callbacks.initTriggerButton\"\n\t\t\tdata-wp-on--click=\"actions.showLightbox\"\n\t\t\tdata-wp-style--right=\"state.thisImage.buttonRight\"\n\t\t\tdata-wp-style--top=\"state.thisImage.buttonTop\"\n\t\t>\n\t\t\t<svg xmlns=\"http:\/\/www.w3.org\/2000\/svg\" width=\"12\" height=\"12\" fill=\"none\" viewBox=\"0 0 12 12\">\n\t\t\t\t<path fill=\"#fff\" d=\"M2 0a2 2 0 0 0-2 2v2h1.5V2a.5.5 0 0 1 .5-.5h2V0H2Zm2 10.5H2a.5.5 0 0 1-.5-.5V8H0v2a2 2 0 0 0 2 2h2v-1.5ZM8 12v-1.5h2a.5.5 0 0 0 .5-.5V8H12v2a2 2 0 0 1-2 2H8Zm2-12a2 2 0 0 1 2 2v2h-1.5V2a.5.5 0 0 0-.5-.5H8V0h2Z\" \/>\n\t\t\t<\/svg>\n\t\t<\/button><\/figure>\n\n\n\n<!-- LKM_GYG_CARD start q=\"germany\" lang=\"ro\" rendered=\"2026-09-05T13:58:05+00:00\" v=\"1\" -->\n\n<!-- LKM_GYG_CARD end -->\n\n\n\n\n<div class=\"lk-stays-module\">\n<style>\n\/* \u2500\u2500\u2500 RESET PRO GUTENBERG \u2500\u2500\u2500 *\/\n.lk-stays-module * { box-sizing: border-box; margin: 0; padding: 0; }\n\n\/* \u2500\u2500\u2500 WRAPPER \u2500\u2500\u2500 *\/\n.lk-stays-module {\n  font-family: 'DM Sans', Georgia, sans-serif;\n  max-width: 100%;\n  margin: 2.5rem auto;\n  background: linear-gradient(135deg, #fdfaf5 0%, #fcf8f0 100%);\n  border: 1px solid #e8dfd4;\n  border-radius: 16px;\n  overflow: hidden;\n  box-shadow: 0 16px 48px rgba(195, 159, 118, 0.25), 0 4px 12px rgba(0,0,0,0.08);\n}\n\n\/* \u2500\u2500\u2500 HEADER \u2500\u2500\u2500 *\/\n.lk-stays-header {\n  position: relative;\n  padding: 24px 36px 24px;\n  background: linear-gradient(135deg, #c39f76 0%, #d4b188 60%, #c39f76 100%);\n  border-bottom: 1px solid rgba(255,255,255,.15);\n  display: flex;\n  align-items: center;\n  gap: 18px;\n}\n.lk-stays-header::before {\n  content: '';\n  position: absolute;\n  inset: 0;\n  background: url(\"data:image\/svg+xml,%3Csvg width='60' height='60' viewBox='0 0 60 60' xmlns='http:\/\/www.w3.org\/2000\/svg'%3E%3Cg fill='none' fill-rule='evenodd'%3E%3Cg fill='%23ffffff' fill-opacity='0.05'%3E%3Cpath d='M36 34v-4h-2v4h-4v2h4v4h2v-4h4v-2h-4zm0-30V0h-2v4h-4v2h4v4h2V6h4V4h-4zM6 34v-4H4v4H0v2h4v4h2v-4h4v-2H6zM6 4V0H4v4H0v2h4v4h2V6h4V4H6z'\/%3E%3C\/g%3E%3C\/g%3E%3C\/svg%3E\") repeat;\n  pointer-events: none;\n}\n.lk-stays-icon {\n  flex-shrink: 0;\n  width: 68px;\n  height: 68px;\n  border-radius: 14px;\n  background: linear-gradient(135deg, #fff 0%, #f9f6f0 100%);\n  display: flex;\n  align-items: center;\n  justify-content: center;\n  font-size: 26px;\n  box-shadow: 0 4px 12px rgba(0,0,0,0.15);\n}\n.lk-stays-eyebrow {\n  font-size: 10px;\n  font-weight: 500;\n  letter-spacing: 2.5px;\n  text-transform: uppercase;\n  color: rgba(255,255,255,.85);\n  margin: 0 0 5px 0;\n}\n.lk-stays-title {\n  font-family: 'Playfair Display', Georgia, serif;\n  font-size: 24px;\n  font-weight: 700;\n  color: #fff;\n  line-height: 1.2;\n  text-shadow: 0 1px 2px rgba(0,0,0,0.1);\n  margin: 0;\n}\n.lk-stays-subtitle {\n  font-size: 13px;\n  color: rgba(255,255,255,.75);\n  margin: 4px 0 0 0;\n  font-weight: 300;\n}\n\n\/* \u2500\u2500\u2500 CARDS GRID \u2500\u2500\u2500 *\/\n.lk-stays-grid {\n  display: grid;\n  grid-template-columns: 1fr 1fr;\n  gap: 1px;\n  background: rgba(195, 159, 118, 0.12);\n}\n\n\/* \u2500\u2500\u2500 SINGLE CARD \u2500\u2500\u2500 *\/\n.lk-stay-card {\n  background: #ffffff;\n  padding: 26px;\n  display: flex;\n  flex-direction: column;\n  gap: 11px;\n  transition: all 0.3s ease;\n  text-decoration: none;\n  color: inherit;\n  position: relative;\n}\n.lk-stay-card:hover {\n  background: #fffbf5;\n  transform: translateY(-2px);\n  box-shadow: 0 8px 24px rgba(195, 159, 118, 0.18);\n  z-index: 1;\n}\n.lk-stay-card.featured {\n  background: linear-gradient(135deg, #fffdf9 0%, #fff9f0 100%);\n  box-shadow: 0 4px 16px rgba(195, 159, 118, 0.15), inset 0 1px 0 rgba(195, 159, 118, 0.1);\n}\n.lk-stay-card.featured:hover {\n  background: linear-gradient(135deg, #fffbf5 0%, #fff8ed 100%);\n  box-shadow: 0 8px 24px rgba(195, 159, 118, 0.25), inset 0 1px 0 rgba(195, 159, 118, 0.15);\n}\n\n.lk-stay-badge {\n  display: inline-flex;\n  align-items: center;\n  gap: 5px;\n  font-size: 10px;\n  font-weight: 500;\n  letter-spacing: 1.5px;\n  text-transform: uppercase;\n  padding: 5px 11px;\n  border-radius: 20px;\n  width: fit-content;\n}\n.badge-top     { background: linear-gradient(135deg, #c39f76 0%, #d4b188 100%); color: #fff; border: 1px solid #c39f76; font-weight: 600; box-shadow: 0 2px 8px rgba(195,159,118,0.3); }\n.badge-luxury  { background: rgba(195,159,118,.12); color: #c39f76; border: 1px solid rgba(195,159,118,.25); }\n.badge-boutique{ background: rgba(54,133,252,.08); color: #3685fc; border: 1px solid rgba(54,133,252,.2); }\n.badge-nature  { background: rgba(130,190,100,.1); color: #6b9c4a; border: 1px solid rgba(130,190,100,.2); }\n.badge-remote  { background: rgba(195,159,118,.12); color: #a67e50; border: 1px solid rgba(195,159,118,.25); }\n\n.lk-stay-name {\n  font-family: 'Playfair Display', Georgia, serif;\n  font-size: 18px;\n  font-weight: 700;\n  color: #111827;\n  line-height: 1.3;\n}\n.lk-stay-desc {\n  font-size: 13.5px;\n  color: #525252;\n  line-height: 1.65;\n  font-weight: 300;\n  flex: 1;\n}\n\n.lk-stay-meta {\n  display: flex;\n  align-items: center;\n  gap: 12px;\n  flex-wrap: wrap;\n  margin-top: 4px;\n}\n.lk-stay-price {\n  font-size: 13px;\n  color: #6b7280;\n}\n.lk-stay-price strong {\n  color: #c39f76;\n  font-weight: 500;\n}\n.lk-stay-stars {\n  color: #c39f76;\n  font-size: 11px;\n  letter-spacing: 1px;\n}\n\n\/* \u2500\u2500\u2500 CTA BUTTON \u2500\u2500\u2500 *\/\n.lk-stay-cta {\n  display: inline-flex;\n  align-items: center;\n  justify-content: center;\n  gap: 7px;\n  margin-top: 8px;\n  padding: 11px 20px;\n  border-radius: 8px;\n  background: linear-gradient(135deg, #3685fc 0%, #2a6fd9 100%);\n  color: #fff;\n  font-size: 13px;\n  font-weight: 500;\n  text-decoration: none;\n  letter-spacing: .3px;\n  transition: all .2s ease;\n  cursor: pointer;\n  border: none;\n  text-align: center;\n  box-shadow: 0 4px 12px rgba(54, 133, 252, 0.25);\n}\n.lk-stay-cta:hover {\n  background: linear-gradient(135deg, #2a6fd9 0%, #1e5bc4 100%);\n  transform: translateY(-1px);\n  box-shadow: 0 6px 16px rgba(54, 133, 252, 0.35);\n}\n.lk-stay-cta svg { flex-shrink: 0; }\n\n\/* \u2500\u2500\u2500 FOOTER \u2500\u2500\u2500 *\/\n.lk-stays-footer {\n  padding: 18px 36px;\n  background: linear-gradient(to bottom, #fdfaf5 0%, #f9f4ed 100%);\n  border-top: 1px solid rgba(195, 159, 118, 0.15);\n  display: flex;\n  align-items: center;\n  justify-content: space-between;\n  flex-wrap: wrap;\n  gap: 12px;\n}\n.lk-stays-footer-note {\n  font-size: 11.5px;\n  color: #6b7280;\n  font-weight: 300;\n  line-height: 1.5;\n}\n.lk-stays-footer-note a {\n  color: #c39f76;\n  text-decoration: none;\n  font-weight: 400;\n}\n.lk-stays-footer-note a:hover {\n  text-decoration: underline;\n}\n.lk-stays-all-btn {\n  display: inline-flex;\n  align-items: center;\n  gap: 6px;\n  font-size: 12.5px;\n  font-weight: 500;\n  color: #c39f76;\n  text-decoration: none;\n  border: 1px solid rgba(195, 159, 118, 0.35);\n  padding: 8px 18px;\n  border-radius: 8px;\n  transition: all .2s ease;\n}\n.lk-stays-all-btn:hover {\n  background: rgba(195, 159, 118, 0.08);\n  border-color: rgba(195, 159, 118, 0.5);\n}\n\n\/* \u2500\u2500\u2500 RESPONSIVE \u2500\u2500\u2500 *\/\n@media (max-width: 600px) {\n  .lk-stays-grid { grid-template-columns: 1fr; }\n  .lk-stays-header { padding: 24px 20px; }\n  .lk-stays-footer { padding: 16px 20px; }\n  .lk-stay-card { padding: 22px; }\n  .lk-stays-title { font-size: 20px; }\n}\n<\/style>\n\n  <!-- HEADER -->\n  <div class=\"lk-stays-header\">\n    <img decoding=\"async\" src=\"https:\/\/loudavymkrokem.cz\/wp-content\/uploads\/2026\/02\/lukas-a-lucka.jpg\" alt=\"\" style=\"width: 75px; height: 75px; border-radius: 8px; flex-shrink: 0; object-fit: cover; display: block; margin: 4px 0;\" title=\"\">\n    <div class=\"lk-stays-header-text\">\n      <div class=\"lk-stays-eyebrow\">Luk\u00e1\u0161 \u0219i Lucie recomand\u0103<\/div>\n      <div class=\"lk-stays-title\">Unde s\u0103 te cazezi \u00een Germania<\/div>\n      <div class=\"lk-stays-subtitle\">6 caz\u0103ri \u2014 hoteluri wellness, hoteluri \u0219i alte op\u021biuni de cazare<\/div>\n    <\/div>\n  <\/div>\n\n  <!-- CARDS -->\n  <div class=\"lk-stays-grid\">\n\n    <a class=\"lk-stay-card featured\" href=\"https:\/\/www.stay22.com\/allez\/roam?aid=lukaskonecny&#038;campaign=loudavymkrokemcz&#038;campaign=ro&#038;campaign=termaly-nemecko&#038;hotelname=Hotel%20Victory%20Therme%20Erding&#038;address=Erding%2C%20Nemecko\" target=\"_blank\" rel=\"nofollow noopener\">\n      <span class=\"lk-stay-badge badge-top\">\u2b50 TOP ALEGERE<\/span>\n      <span class=\"lk-stay-badge badge-nature\">\ud83c\udfe8 Hotel<\/span>\n      <div class=\"lk-stay-name\">Hotel Victory Therme Erding<\/div>\n      <div class=\"lk-stay-desc\">Hotel de lux situat direct \u00een complexul Therme Erding, cu camere stilizate ca nava HMS Victory. Intrarea la terme inclus\u0103 \u00een pre\u021bul nop\u021bii.<\/div>\n      <div class=\"lk-stay-meta\">\n        <span class=\"lk-stay-stars\">\u2605\u2605\u2605\u2605<\/span>\n        <span class=\"lk-stay-price\">Verific\u0103 pre\u021burile<\/span>\n      <\/div>\n      <span class=\"lk-stay-cta\">\n        <svg width=\"14\" height=\"14\" viewBox=\"0 0 24 24\" fill=\"none\" stroke=\"currentColor\" stroke-width=\"2\"><path d=\"M18 13v6a2 2 0 0 1-2 2H5a2 2 0 0 1-2-2V8a2 2 0 0 1 2-2h6\"\/><polyline points=\"15 3 21 3 21 9\"\/><line x1=\"10\" y1=\"14\" x2=\"21\" y2=\"3\"\/><\/svg>\n        Verific\u0103 disponibilitatea\n      <\/span>\n    <\/a>\n\n    <a class=\"lk-stay-card\" href=\"https:\/\/www.stay22.com\/allez\/roam?aid=lukaskonecny&#038;campaign=loudavymkrokemcz&#038;campaign=ro&#038;campaign=termaly-nemecko&#038;hotelname=Thermenhotel%20Gass&#038;address=Bad%20Fussing%2C%20Nemecko\" target=\"_blank\" rel=\"nofollow noopener\">\n      <span class=\"lk-stay-badge badge-nature\">\ud83c\udfe8 Hotel<\/span>\n      <div class=\"lk-stay-name\">Thermenhotel Gass<\/div>\n      <div class=\"lk-stay-desc\">Hotel superior de trei stele cu propriile piscine umplute cu ap\u0103 termal\u0103 sulfuroas\u0103 direct din Therme 1.<\/div>\n      <div class=\"lk-stay-meta\">\n        <span class=\"lk-stay-stars\">\u2605\u2605\u2605<\/span>\n        <span class=\"lk-stay-price\">Verific\u0103 pre\u021burile<\/span>\n      <\/div>\n      <span class=\"lk-stay-cta\">\n        <svg width=\"14\" height=\"14\" viewBox=\"0 0 24 24\" fill=\"none\" stroke=\"currentColor\" stroke-width=\"2\"><path d=\"M18 13v6a2 2 0 0 1-2 2H5a2 2 0 0 1-2-2V8a2 2 0 0 1 2-2h6\"\/><polyline points=\"15 3 21 3 21 9\"\/><line x1=\"10\" y1=\"14\" x2=\"21\" y2=\"3\"\/><\/svg>\n        Verific\u0103 disponibilitatea\n      <\/span>\n    <\/a>\n\n    <a class=\"lk-stay-card\" href=\"https:\/\/www.stay22.com\/allez\/roam?aid=lukaskonecny&#038;campaign=loudavymkrokemcz&#038;campaign=ro&#038;campaign=termaly-nemecko&#038;hotelname=Hotel%20an%20der%20Therme%20Bad%20Sulza&#038;address=Bad%20Sulza%2C%20Nemecko\" target=\"_blank\" rel=\"nofollow noopener\">\n      <span class=\"lk-stay-badge badge-nature\">\ud83c\udfe8 Hotel<\/span>\n      <div class=\"lk-stay-name\">Hotel an der Therme Bad Sulza<\/div>\n      <div class=\"lk-stay-desc\">Hotel conectat prin coridor cu halate de baie la Toskana Therme. Intrarea la terme inclus\u0103 \u00een pre\u021bul nop\u021bii, inclusiv lumea saun\u0103.<\/div>\n      <div class=\"lk-stay-meta\">\n        <span class=\"lk-stay-stars\">\u2605\u2605\u2605\u2605<\/span>\n        <span class=\"lk-stay-price\">Verific\u0103 pre\u021burile<\/span>\n      <\/div>\n      <span class=\"lk-stay-cta\">\n        <svg width=\"14\" height=\"14\" viewBox=\"0 0 24 24\" fill=\"none\" stroke=\"currentColor\" stroke-width=\"2\"><path d=\"M18 13v6a2 2 0 0 1-2 2H5a2 2 0 0 1-2-2V8a2 2 0 0 1 2-2h6\"\/><polyline points=\"15 3 21 3 21 9\"\/><line x1=\"10\" y1=\"14\" x2=\"21\" y2=\"3\"\/><\/svg>\n        Verific\u0103 disponibilitatea\n      <\/span>\n    <\/a>\n\n    <a class=\"lk-stay-card\" href=\"https:\/\/www.stay22.com\/allez\/roam?aid=lukaskonecny&#038;campaign=loudavymkrokemcz&#038;campaign=ro&#038;campaign=termaly-nemecko&#038;hotelname=Mauritius%20Hotel%20%26%20Therme&#038;address=Kolin%20nad%20Rynem%2C%20Nemecko\" target=\"_blank\" rel=\"nofollow noopener\">\n      <span class=\"lk-stay-badge badge-nature\">\u2b50 Luxury<\/span>\n      <div class=\"lk-stay-name\">Mauritius Hotel &#038; Therme<\/div>\n      <div class=\"lk-stay-desc\">Hotel de patru stele cu wellness imens de 3500 m\u00b2. \u0218apte saune \u0219i piscin\u0103 exterioar\u0103 cu sare din Marea Moart\u0103.<\/div>\n      <div class=\"lk-stay-meta\">\n        <span class=\"lk-stay-stars\">\u2605\u2605\u2605\u2605<\/span>\n        <span class=\"lk-stay-price\">de la 10 EUR\/zi wellness<\/span>\n      <\/div>\n      <span class=\"lk-stay-cta\">\n        <svg width=\"14\" height=\"14\" viewBox=\"0 0 24 24\" fill=\"none\" stroke=\"currentColor\" stroke-width=\"2\"><path d=\"M18 13v6a2 2 0 0 1-2 2H5a2 2 0 0 1-2-2V8a2 2 0 0 1 2-2h6\"\/><polyline points=\"15 3 21 3 21 9\"\/><line x1=\"10\" y1=\"14\" x2=\"21\" y2=\"3\"\/><\/svg>\n        Verific\u0103 disponibilitatea\n      <\/span>\n    <\/a>\n\n    <a class=\"lk-stay-card\" href=\"https:\/\/www.stay22.com\/allez\/roam?aid=lukaskonecny&#038;campaign=loudavymkrokemcz&#038;campaign=ro&#038;campaign=termaly-nemecko&#038;hotelname=Hotel%20Zum%20Rittmeister&#038;address=Werder%20Havel%2C%20Nemecko\" target=\"_blank\" rel=\"nofollow noopener\">\n      <span class=\"lk-stay-badge badge-nature\">\ud83c\udfe8 Hotel<\/span>\n      <div class=\"lk-stay-name\">Hotel Zum Rittmeister<\/div>\n      <div class=\"lk-stay-desc\">Hotel cu 35 de camere confortabile. Oaspe\u021bii beneficiaz\u0103 de intrare cu pre\u021b redus la Havel Therme prin prezentarea G\u00e4stekarte.<\/div>\n      <div class=\"lk-stay-meta\">\n        <span class=\"lk-stay-stars\">\u2605\u2605\u2605\u2605<\/span>\n        <span class=\"lk-stay-price\">Verific\u0103 pre\u021burile<\/span>\n      <\/div>\n      <span class=\"lk-stay-cta\">\n        <svg width=\"14\" height=\"14\" viewBox=\"0 0 24 24\" fill=\"none\" stroke=\"currentColor\" stroke-width=\"2\"><path d=\"M18 13v6a2 2 0 0 1-2 2H5a2 2 0 0 1-2-2V8a2 2 0 0 1 2-2h6\"\/><polyline points=\"15 3 21 3 21 9\"\/><line x1=\"10\" y1=\"14\" x2=\"21\" y2=\"3\"\/><\/svg>\n        Verific\u0103 disponibilitatea\n      <\/span>\n    <\/a>\n\n    <a class=\"lk-stay-card\" href=\"https:\/\/www.stay22.com\/allez\/roam?aid=lukaskonecny&#038;campaign=loudavymkrokemcz&#038;campaign=ro&#038;campaign=termaly-nemecko&#038;hotelname=Hotel%20Palatin&#038;address=Wiesloch%2C%20Nemecko\" target=\"_blank\" rel=\"nofollow noopener\">\n      <span class=\"lk-stay-badge badge-nature\">\ud83c\udfe8 Hotel<\/span>\n      <div class=\"lk-stay-name\">Hotel Palatin<\/div>\n      <div class=\"lk-stay-desc\">Hotel partener al b\u0103ilor termale Sinsheim. Pachete avantajoase cu noapte de cazare, mic dejun \u0219i bilet la terme de la 79 EUR.<\/div>\n      <div class=\"lk-stay-meta\">\n        <span class=\"lk-stay-stars\">\u2605\u2605\u2605\u2605<\/span>\n        <span class=\"lk-stay-price\">de la 79 EUR\/persoan\u0103<\/span>\n      <\/div>\n      <span class=\"lk-stay-cta\">\n        <svg width=\"14\" height=\"14\" viewBox=\"0 0 24 24\" fill=\"none\" stroke=\"currentColor\" stroke-width=\"2\"><path d=\"M18 13v6a2 2 0 0 1-2 2H5a2 2 0 0 1-2-2V8a2 2 0 0 1 2-2h6\"\/><polyline points=\"15 3 21 3 21 9\"\/><line x1=\"10\" y1=\"14\" x2=\"21\" y2=\"3\"\/><\/svg>\n        Verific\u0103 disponibilitatea\n      <\/span>\n    <\/a>\n\n  <\/div>\n\n  \n<\/div>\n\n\n\n\n<h3 class=\"wp-block-heading\"><span class=\"ez-toc-section\" id=\"27_Thermen_Badewelt_Euskirchen_Euskirchen\"><\/span>27. Thermen &#038; Badewelt Euskirchen (Euskirchen)<span class=\"ez-toc-section-end\"><\/span><\/h3>\n\n\n\n<p class=\"wp-block-paragraph\">Acest complex modern se afl\u0103 la aproximativ <strong>45 de minute de drum de K\u00f6ln<\/strong> \u0219i apar\u021bine aceluia\u0219i operator ca renumitul complex din Sinsheim. Chiar de la prima vedere te va cuceri baia generoas\u0103 \u00een lagunele care se \u00eentind l\u00e2ng\u0103 un <strong>lac natural, cu o suprafa\u021b\u0103 impresionant\u0103 de 6.500 m\u00b2<\/strong>. Priveli\u0219tile din \u0219ezlongurile confortabile direct spre acest luciu vast de ap\u0103 au un efect lini\u0219titor.<\/p>\n\n\n\n<p class=\"wp-block-paragraph\">Te po\u021bi bucura de <strong>Blaue Lagune, cu ap\u0103 cald\u0103 de 33 \u00b0C<\/strong>, pe care o vei savura at\u00e2t \u00een partea interioar\u0103, c\u00e2t \u0219i \u00een cea exterioar\u0103. Pe l\u00e2ng\u0103 ea, te a\u0219teapt\u0103 cele mai diverse oaze de relaxare, o f\u00e2nt\u00e2n\u0103 de ghea\u021b\u0103 r\u0103coritoare sau un du\u0219 foarte spectaculos \u00een form\u0103 de flori de cal\u0103. Dac\u0103 abia \u00eencepi cu \u00eenc\u0103lzirea corpului \u0219i nu vrei imediat la c\u0103ldur\u0103 extrem\u0103, operatorul recomand\u0103 s\u0103 porne\u0219ti <strong>\u00eentr-o saun\u0103 cu pl\u0103cu\u021bii 60 \u00b0C<\/strong>.<\/p>\n\n\n\n<p class=\"wp-block-paragraph\">Complexul este conceput \u00een primul r\u00e2nd pentru o odihn\u0103 lini\u0219tit\u0103, de aceea aici au de duminic\u0103 p\u00e2n\u0103 vineri <strong>acces doar vizitatorii peste 16 ani<\/strong>. Pentru familiile cu copii mai mici, acest complex nu se potrive\u0219te deci \u00een timpul s\u0103pt\u0103m\u00e2nii. <strong>\ud83d\udca1 Sfat:<\/strong> Dac\u0103 \u00ee\u021bi place lini\u0219tea adev\u0103rat\u0103, profit\u0103 tocmai de zilele lucr\u0103toare, c\u00e2nd intrarea pentru categoriile mai tinere e limitat\u0103, iar b\u0103ile ofer\u0103 o oaz\u0103 de t\u0103cere.<\/p>\n\n\n\n<figure data-wp-context=\"{&quot;imageId&quot;:&quot;6a9c37025f126&quot;}\" data-wp-interactive=\"core\/image\" data-wp-key=\"6a9c37025f126\" class=\"wp-block-image size-full wp-lightbox-container\"><img decoding=\"async\" width=\"1800\" height=\"1012\" data-wp-class--hide=\"state.isContentHidden\" data-wp-class--show=\"state.isContentVisible\" data-wp-init=\"callbacks.setButtonStyles\" data-wp-on--click=\"actions.showLightbox\" data-wp-on--load=\"callbacks.setButtonStyles\" data-wp-on--pointerdown=\"actions.preloadImage\" data-wp-on--pointerenter=\"actions.preloadImageWithDelay\" data-wp-on--pointerleave=\"actions.cancelPreload\" data-wp-on-window--resize=\"callbacks.setButtonStyles\" src=\"https:\/\/loudavymkrokem.cz\/wp-content\/uploads\/2026\/09\/nemecko-clanky-termaly-nemecko-35-2fe13158-1.jpg\" alt=\"Bali Therme (Bad Oeynhausen): bazin de relaxare\" class=\"wp-image-415340\" title=\"\" srcset=\"https:\/\/loudavymkrokem.cz\/wp-content\/uploads\/2026\/09\/nemecko-clanky-termaly-nemecko-35-2fe13158-1.jpg 1800w, https:\/\/loudavymkrokem.cz\/wp-content\/uploads\/2026\/09\/nemecko-clanky-termaly-nemecko-35-2fe13158-1-300x169.jpg 300w, https:\/\/loudavymkrokem.cz\/wp-content\/uploads\/2026\/09\/nemecko-clanky-termaly-nemecko-35-2fe13158-1-700x394.jpg 700w, https:\/\/loudavymkrokem.cz\/wp-content\/uploads\/2026\/09\/nemecko-clanky-termaly-nemecko-35-2fe13158-1-768x432.jpg 768w, https:\/\/loudavymkrokem.cz\/wp-content\/uploads\/2026\/09\/nemecko-clanky-termaly-nemecko-35-2fe13158-1-1536x864.jpg 1536w, https:\/\/loudavymkrokem.cz\/wp-content\/uploads\/2026\/09\/nemecko-clanky-termaly-nemecko-35-2fe13158-1-696x391.jpg 696w, https:\/\/loudavymkrokem.cz\/wp-content\/uploads\/2026\/09\/nemecko-clanky-termaly-nemecko-35-2fe13158-1-1392x783.jpg 1392w\" sizes=\"(max-width: 1800px) 100vw, 1800px\" \/><button\n\t\t\tclass=\"lightbox-trigger\"\n\t\t\ttype=\"button\"\n\t\t\taria-haspopup=\"dialog\"\n\t\t\tdata-wp-bind--aria-label=\"state.thisImage.triggerButtonAriaLabel\"\n\t\t\tdata-wp-init=\"callbacks.initTriggerButton\"\n\t\t\tdata-wp-on--click=\"actions.showLightbox\"\n\t\t\tdata-wp-style--right=\"state.thisImage.buttonRight\"\n\t\t\tdata-wp-style--top=\"state.thisImage.buttonTop\"\n\t\t>\n\t\t\t<svg xmlns=\"http:\/\/www.w3.org\/2000\/svg\" width=\"12\" height=\"12\" fill=\"none\" viewBox=\"0 0 12 12\">\n\t\t\t\t<path fill=\"#fff\" d=\"M2 0a2 2 0 0 0-2 2v2h1.5V2a.5.5 0 0 1 .5-.5h2V0H2Zm2 10.5H2a.5.5 0 0 1-.5-.5V8H0v2a2 2 0 0 0 2 2h2v-1.5ZM8 12v-1.5h2a.5.5 0 0 0 .5-.5V8H12v2a2 2 0 0 1-2 2H8Zm2-12a2 2 0 0 1 2 2v2h-1.5V2a.5.5 0 0 0-.5-.5H8V0h2Z\" \/>\n\t\t\t<\/svg>\n\t\t<\/button><\/figure>\n\n\n\n<h3 class=\"wp-block-heading\"><span class=\"ez-toc-section\" id=\"28_Bali_Therme_Bad_Oeynhausen\"><\/span>28. Bali Therme (Bad Oeynhausen)<span class=\"ez-toc-section-end\"><\/span><\/h3>\n\n\n\n<p class=\"wp-block-paragraph\">A\u0219a cum sugereaz\u0103 numele, \u00een acest complex te a\u0219teapt\u0103 o arhitectur\u0103 balinez\u0103 des\u0103v\u00e2r\u0219it\u0103, plin\u0103 de poteci din lemn, sculpturi originale \u0219i crest\u0103turi tradi\u021bionale. Bazinele de aici sunt umplute cu ap\u0103 vindec\u0103toare recunoscut\u0103 de stat, dintr-un izvor care se <strong>extrage de la o ad\u00e2ncime unic\u0103 de 1.034 de metri<\/strong>. M-a impresionat c\u0103 aceast\u0103 ap\u0103 a curs prin subteran, prin calcar \u0219i dolomit, timp de <strong>39.000 de ani<\/strong> \u00eenainte s\u0103 ajung\u0103 la oameni, la suprafa\u021b\u0103.<\/p>\n\n\n\n<p class=\"wp-block-paragraph\">Iubitorii de \u00eenc\u0103lzire vor fi aici \u00een al nou\u0103lea cer, pentru c\u0103 complexul ofer\u0103 <strong>chiar 14 saune diferite<\/strong>, inclusiv una de aburi \u0219i una special\u0103 de p\u0103m\u00e2nt. Raritatea absolut\u0103 este \u00eens\u0103 o <strong>saun\u0103 uscat\u0103 veche de 150 de ani \u0219i \u00eenalt\u0103 de 6 metri<\/strong>, construit\u0103 dup\u0103 modelul unui templu. Pentru transportul \u00een Germania au trebuit s\u0103 o demonteze \u00een 500 de piese individuale \u0219i s\u0103 o reasambleze la fa\u021ba locului cu precizie.<\/p>\n\n\n\n<p class=\"wp-block-paragraph\">Conform listei de pre\u021buri pentru 2026, vei pl\u0103ti <strong>pentru biletul de o zi \u00eentreag\u0103 28 EUR<\/strong>, iar cu acces la saune 41 EUR. Suplimentul de weekend este de 3 p\u00e2n\u0103 la 5 EUR. Copiii sub 3 ani intr\u0103 gratuit, dar cei p\u00e2n\u0103 la 12 ani <strong>nu au deloc voie \u00een zona de saune<\/strong>. Tinerii p\u00e2n\u0103 la 16 ani sunt l\u0103sa\u021bi \u00een\u0103untru doar \u00eenso\u021bi\u021bi de o persoan\u0103 adult\u0103. <strong>\ud83d\udca1 Sfat:<\/strong> Odihne\u0219te-te \u00een originalul pavilion balinez, care subliniaz\u0103 perfect \u00eentreaga atmosfer\u0103 exotic\u0103 a acestui loc.<\/p>\n\n\n\n<figure data-wp-context=\"{&quot;imageId&quot;:&quot;6a9c37025f807&quot;}\" data-wp-interactive=\"core\/image\" data-wp-key=\"6a9c37025f807\" class=\"wp-block-image size-full wp-lightbox-container\"><img decoding=\"async\" width=\"1800\" height=\"1429\" data-wp-class--hide=\"state.isContentHidden\" data-wp-class--show=\"state.isContentVisible\" data-wp-init=\"callbacks.setButtonStyles\" data-wp-on--click=\"actions.showLightbox\" data-wp-on--load=\"callbacks.setButtonStyles\" data-wp-on--pointerdown=\"actions.preloadImage\" data-wp-on--pointerenter=\"actions.preloadImageWithDelay\" data-wp-on--pointerleave=\"actions.cancelPreload\" data-wp-on-window--resize=\"callbacks.setButtonStyles\" src=\"https:\/\/loudavymkrokem.cz\/wp-content\/uploads\/2026\/09\/nemecko-clanky-termaly-nemecko-36-6c0708ca-1.jpg\" alt=\"Carolus Thermen (Aachen): zona de saune\" class=\"wp-image-415342\" title=\"\" srcset=\"https:\/\/loudavymkrokem.cz\/wp-content\/uploads\/2026\/09\/nemecko-clanky-termaly-nemecko-36-6c0708ca-1.jpg 1800w, https:\/\/loudavymkrokem.cz\/wp-content\/uploads\/2026\/09\/nemecko-clanky-termaly-nemecko-36-6c0708ca-1-300x238.jpg 300w, https:\/\/loudavymkrokem.cz\/wp-content\/uploads\/2026\/09\/nemecko-clanky-termaly-nemecko-36-6c0708ca-1-700x556.jpg 700w, https:\/\/loudavymkrokem.cz\/wp-content\/uploads\/2026\/09\/nemecko-clanky-termaly-nemecko-36-6c0708ca-1-768x610.jpg 768w, https:\/\/loudavymkrokem.cz\/wp-content\/uploads\/2026\/09\/nemecko-clanky-termaly-nemecko-36-6c0708ca-1-1536x1219.jpg 1536w, https:\/\/loudavymkrokem.cz\/wp-content\/uploads\/2026\/09\/nemecko-clanky-termaly-nemecko-36-6c0708ca-1-696x553.jpg 696w, https:\/\/loudavymkrokem.cz\/wp-content\/uploads\/2026\/09\/nemecko-clanky-termaly-nemecko-36-6c0708ca-1-1392x1105.jpg 1392w\" sizes=\"(max-width: 1800px) 100vw, 1800px\" \/><button\n\t\t\tclass=\"lightbox-trigger\"\n\t\t\ttype=\"button\"\n\t\t\taria-haspopup=\"dialog\"\n\t\t\tdata-wp-bind--aria-label=\"state.thisImage.triggerButtonAriaLabel\"\n\t\t\tdata-wp-init=\"callbacks.initTriggerButton\"\n\t\t\tdata-wp-on--click=\"actions.showLightbox\"\n\t\t\tdata-wp-style--right=\"state.thisImage.buttonRight\"\n\t\t\tdata-wp-style--top=\"state.thisImage.buttonTop\"\n\t\t>\n\t\t\t<svg xmlns=\"http:\/\/www.w3.org\/2000\/svg\" width=\"12\" height=\"12\" fill=\"none\" viewBox=\"0 0 12 12\">\n\t\t\t\t<path fill=\"#fff\" d=\"M2 0a2 2 0 0 0-2 2v2h1.5V2a.5.5 0 0 1 .5-.5h2V0H2Zm2 10.5H2a.5.5 0 0 1-.5-.5V8H0v2a2 2 0 0 0 2 2h2v-1.5ZM8 12v-1.5h2a.5.5 0 0 0 .5-.5V8H12v2a2 2 0 0 1-2 2H8Zm2-12a2 2 0 0 1 2 2v2h-1.5V2a.5.5 0 0 0-.5-.5H8V0h2Z\" \/>\n\t\t\t<\/svg>\n\t\t<\/button><\/figure>\n\n\n\n<h3 class=\"wp-block-heading\"><span class=\"ez-toc-section\" id=\"29_Carolus_Thermen_Aachen\"><\/span>29. Carolus Thermen (Aachen)<span class=\"ez-toc-section-end\"><\/span><\/h3>\n\n\n\n<p class=\"wp-block-paragraph\">Acest loc continu\u0103 o tradi\u021bie incredibil de lung\u0103, pentru c\u0103 ora\u0219ul Aachen a func\u021bionat ca b\u0103ile romane Aquae Granni <strong>\u00eenc\u0103 din anul 85 al erei noastre<\/strong>. Bijuteria arhitectural\u0103 local\u0103 a fost proiectat\u0103 de arhitectul m\u00fcnchenez Rudolf Wienands, iar complexul s-a <strong>inaugurat pe 9 februarie 2001<\/strong>, dup\u0103 trei ani de construc\u021bie. A \u00eenlocuit astfel f\u0103r\u0103 probleme localurile mai vechi din centrul ora\u0219ului, care s-au \u00eenchis la cump\u0103na mileniilor.<\/p>\n\n\n\n<p class=\"wp-block-paragraph\">De func\u021bionarea complexului se ocup\u0103 compania balnear\u0103 municipal\u0103 care func\u021bioneaz\u0103 \u00eenc\u0103 din 1932 \u0219i care administreaz\u0103 totodat\u0103 <strong>b\u0103ile terapeutice recunoscute de stat din Aachen<\/strong>. Merit\u0103 \u00eencercat\u0103 aici mai ales populara baie de aburi Strokkur, care s-a prezentat vizitatorilor dup\u0103 o reamenajare foarte costisitoare \u00een ianuarie 2012.<\/p>\n\n\n\n<p class=\"wp-block-paragraph\">Conform listei de pre\u021buri pentru 2026, \u021bine cont de un practic <strong>abonament de parcare \u00een valoare de 6 EUR<\/strong>. Pentru aceast\u0103 sum\u0103 po\u021bi l\u0103sa ma\u0219ina \u00een parcarea etajat\u0103 pe toat\u0103 durata vizitei tale, iar \u00een b\u0103i treci comod, cu piciorul uscat. Complexul se potrive\u0219te mai degrab\u0103 pentru o \u00eenc\u0103lzire lini\u0219tit\u0103, f\u0103r\u0103 atrac\u021bii acvatice mari. <strong>\ud83d\udca1 Sfat:<\/strong> Abonamentul de parcare merit\u0103 \u0219i atunci c\u00e2nd vrei ca dup\u0103 baie s\u0103 treci prin centrul Aachenului, garajul este la c\u00e2teva minute de mers pe jos de catedral\u0103.<\/p>\n\n\n\n<figure data-wp-context=\"{&quot;imageId&quot;:&quot;6a9c37025fdd6&quot;}\" data-wp-interactive=\"core\/image\" data-wp-key=\"6a9c37025fdd6\" class=\"wp-block-image size-full wp-lightbox-container\"><img decoding=\"async\" width=\"1800\" height=\"964\" data-wp-class--hide=\"state.isContentHidden\" data-wp-class--show=\"state.isContentVisible\" data-wp-init=\"callbacks.setButtonStyles\" data-wp-on--click=\"actions.showLightbox\" data-wp-on--load=\"callbacks.setButtonStyles\" data-wp-on--pointerdown=\"actions.preloadImage\" data-wp-on--pointerenter=\"actions.preloadImageWithDelay\" data-wp-on--pointerleave=\"actions.cancelPreload\" data-wp-on-window--resize=\"callbacks.setButtonStyles\" src=\"https:\/\/loudavymkrokem.cz\/wp-content\/uploads\/2026\/09\/nemecko-clanky-termaly-nemecko-37-63e6c760-1.jpg\" alt=\"Mediterana (Bergisch Gladbach)\" class=\"wp-image-415345\" title=\"\" srcset=\"https:\/\/loudavymkrokem.cz\/wp-content\/uploads\/2026\/09\/nemecko-clanky-termaly-nemecko-37-63e6c760-1.jpg 1800w, https:\/\/loudavymkrokem.cz\/wp-content\/uploads\/2026\/09\/nemecko-clanky-termaly-nemecko-37-63e6c760-1-300x161.jpg 300w, https:\/\/loudavymkrokem.cz\/wp-content\/uploads\/2026\/09\/nemecko-clanky-termaly-nemecko-37-63e6c760-1-700x375.jpg 700w, https:\/\/loudavymkrokem.cz\/wp-content\/uploads\/2026\/09\/nemecko-clanky-termaly-nemecko-37-63e6c760-1-768x411.jpg 768w, https:\/\/loudavymkrokem.cz\/wp-content\/uploads\/2026\/09\/nemecko-clanky-termaly-nemecko-37-63e6c760-1-1536x823.jpg 1536w, https:\/\/loudavymkrokem.cz\/wp-content\/uploads\/2026\/09\/nemecko-clanky-termaly-nemecko-37-63e6c760-1-696x373.jpg 696w, https:\/\/loudavymkrokem.cz\/wp-content\/uploads\/2026\/09\/nemecko-clanky-termaly-nemecko-37-63e6c760-1-1392x745.jpg 1392w\" sizes=\"(max-width: 1800px) 100vw, 1800px\" \/><button\n\t\t\tclass=\"lightbox-trigger\"\n\t\t\ttype=\"button\"\n\t\t\taria-haspopup=\"dialog\"\n\t\t\tdata-wp-bind--aria-label=\"state.thisImage.triggerButtonAriaLabel\"\n\t\t\tdata-wp-init=\"callbacks.initTriggerButton\"\n\t\t\tdata-wp-on--click=\"actions.showLightbox\"\n\t\t\tdata-wp-style--right=\"state.thisImage.buttonRight\"\n\t\t\tdata-wp-style--top=\"state.thisImage.buttonTop\"\n\t\t>\n\t\t\t<svg xmlns=\"http:\/\/www.w3.org\/2000\/svg\" width=\"12\" height=\"12\" fill=\"none\" viewBox=\"0 0 12 12\">\n\t\t\t\t<path fill=\"#fff\" d=\"M2 0a2 2 0 0 0-2 2v2h1.5V2a.5.5 0 0 1 .5-.5h2V0H2Zm2 10.5H2a.5.5 0 0 1-.5-.5V8H0v2a2 2 0 0 0 2 2h2v-1.5ZM8 12v-1.5h2a.5.5 0 0 0 .5-.5V8H12v2a2 2 0 0 1-2 2H8Zm2-12a2 2 0 0 1 2 2v2h-1.5V2a.5.5 0 0 0-.5-.5H8V0h2Z\" \/>\n\t\t\t<\/svg>\n\t\t<\/button><\/figure>\n\n\n\n<h3 class=\"wp-block-heading\"><span class=\"ez-toc-section\" id=\"30_Mediterana_Bergisch_Gladbach\"><\/span>30. Mediterana (Bergisch Gladbach)<span class=\"ez-toc-section-end\"><\/span><\/h3>\n\n\n\n<p class=\"wp-block-paragraph\">Dac\u0103 e\u0219ti \u00een c\u0103utarea unei game uria\u0219e de posibilit\u0103\u021bi de relaxare, aici vei fi \u00eenc\u00e2ntat, pentru c\u0103 acest complex ofer\u0103 <strong>chiar 13 lumi diferite<\/strong>, dintre care fiecare are caracterul s\u0103u specific. Complexul se afl\u0103 \u00een Bergisch Gladbach \u0219i te vei \u00eenc\u0103lzi aici \u00een <strong>12 saune variate \u0219i 1 baie de aburi<\/strong>. Toate acestea sunt completate de un mediu frumos, inspirat de arhitectura \u021b\u0103rilor din sud.<\/p>\n\n\n\n<p class=\"wp-block-paragraph\">Iubitorii de ap\u0103 au la dispozi\u021bie \u00een total <strong>7 bazine \u0219i rezervoare de ap\u0103<\/strong>, care te invit\u0103 direct la \u00eenot lung, la o scufundare lini\u0219tit\u0103 sau la un Kneipp de s\u0103n\u0103tate. Spa\u021biile de aici sunt uria\u0219e, a\u0219a c\u0103 fiecare \u00ee\u0219i va g\u0103si u\u0219or col\u021bi\u0219orul preferat pentru o odihn\u0103 netulburat\u0103 dup\u0103 o s\u0103pt\u0103m\u00e2n\u0103 grea de munc\u0103.<\/p>\n\n\n\n<p class=\"wp-block-paragraph\">Conform listei de pre\u021buri valabile pentru 2026, biletul de o zi \u00eentreag\u0103 de luni p\u00e2n\u0103 joi cost\u0103 <strong>foarte pl\u0103cu\u021bii 19,50 EUR<\/strong>. Dac\u0103 vii doar pentru dou\u0103 ore, pl\u0103te\u0219ti 16,50 EUR \u00een timpul s\u0103pt\u0103m\u00e2nii \u0219i 19,50 EUR de vineri p\u00e2n\u0103 duminic\u0103. Pentru fiecare or\u0103 \u00eenceput\u0103 \u00een plus, achi\u021bi apoi 1,50 EUR. <strong>\ud83d\udca1 Sfat:<\/strong> E\u0219ti o persoan\u0103 matinal\u0103? Profit\u0103 de tariful special pentru \u00eenot\u0103torii de diminea\u021b\u0103, c\u00e2nd intrarea de dou\u0103 ore \u00eentre 8:00 \u0219i 10:00 te cost\u0103 doar 14 EUR.<\/p>\n\n\n\n<figure data-wp-context=\"{&quot;imageId&quot;:&quot;6a9c3702602dc&quot;}\" data-wp-interactive=\"core\/image\" data-wp-key=\"6a9c3702602dc\" class=\"wp-block-image size-full wp-lightbox-container\"><img decoding=\"async\" width=\"1800\" height=\"900\" data-wp-class--hide=\"state.isContentHidden\" data-wp-class--show=\"state.isContentVisible\" data-wp-init=\"callbacks.setButtonStyles\" data-wp-on--click=\"actions.showLightbox\" data-wp-on--load=\"callbacks.setButtonStyles\" data-wp-on--pointerdown=\"actions.preloadImage\" data-wp-on--pointerenter=\"actions.preloadImageWithDelay\" data-wp-on--pointerleave=\"actions.cancelPreload\" data-wp-on-window--resize=\"callbacks.setButtonStyles\" src=\"https:\/\/loudavymkrokem.cz\/wp-content\/uploads\/2026\/09\/nemecko-clanky-termaly-nemecko-38-d726c943-1.jpg\" alt=\"Vitasol Therme (Bad Salzuflen)\" class=\"wp-image-415347\" title=\"\" srcset=\"https:\/\/loudavymkrokem.cz\/wp-content\/uploads\/2026\/09\/nemecko-clanky-termaly-nemecko-38-d726c943-1.jpg 1800w, https:\/\/loudavymkrokem.cz\/wp-content\/uploads\/2026\/09\/nemecko-clanky-termaly-nemecko-38-d726c943-1-300x150.jpg 300w, https:\/\/loudavymkrokem.cz\/wp-content\/uploads\/2026\/09\/nemecko-clanky-termaly-nemecko-38-d726c943-1-700x350.jpg 700w, https:\/\/loudavymkrokem.cz\/wp-content\/uploads\/2026\/09\/nemecko-clanky-termaly-nemecko-38-d726c943-1-768x384.jpg 768w, https:\/\/loudavymkrokem.cz\/wp-content\/uploads\/2026\/09\/nemecko-clanky-termaly-nemecko-38-d726c943-1-1536x768.jpg 1536w, https:\/\/loudavymkrokem.cz\/wp-content\/uploads\/2026\/09\/nemecko-clanky-termaly-nemecko-38-d726c943-1-696x348.jpg 696w, https:\/\/loudavymkrokem.cz\/wp-content\/uploads\/2026\/09\/nemecko-clanky-termaly-nemecko-38-d726c943-1-1392x696.jpg 1392w\" sizes=\"(max-width: 1800px) 100vw, 1800px\" \/><button\n\t\t\tclass=\"lightbox-trigger\"\n\t\t\ttype=\"button\"\n\t\t\taria-haspopup=\"dialog\"\n\t\t\tdata-wp-bind--aria-label=\"state.thisImage.triggerButtonAriaLabel\"\n\t\t\tdata-wp-init=\"callbacks.initTriggerButton\"\n\t\t\tdata-wp-on--click=\"actions.showLightbox\"\n\t\t\tdata-wp-style--right=\"state.thisImage.buttonRight\"\n\t\t\tdata-wp-style--top=\"state.thisImage.buttonTop\"\n\t\t>\n\t\t\t<svg xmlns=\"http:\/\/www.w3.org\/2000\/svg\" width=\"12\" height=\"12\" fill=\"none\" viewBox=\"0 0 12 12\">\n\t\t\t\t<path fill=\"#fff\" d=\"M2 0a2 2 0 0 0-2 2v2h1.5V2a.5.5 0 0 1 .5-.5h2V0H2Zm2 10.5H2a.5.5 0 0 1-.5-.5V8H0v2a2 2 0 0 0 2 2h2v-1.5ZM8 12v-1.5h2a.5.5 0 0 0 .5-.5V8H12v2a2 2 0 0 1-2 2H8Zm2-12a2 2 0 0 1 2 2v2h-1.5V2a.5.5 0 0 0-.5-.5H8V0h2Z\" \/>\n\t\t\t<\/svg>\n\t\t<\/button><\/figure>\n\n\n\n<h3 class=\"wp-block-heading\"><span class=\"ez-toc-section\" id=\"31_Vitasol_Therme_Bad_Salzuflen\"><\/span>31. Vitasol Therme (Bad Salzuflen)<span class=\"ez-toc-section-end\"><\/span><\/h3>\n\n\n\n<p class=\"wp-block-paragraph\">\u00cen acest ora\u0219-sta\u021biune te a\u0219teapt\u0103 un complex impresionant, care se \u00eentinde pe o <strong>suprafa\u021b\u0103 de peste 6.000 m\u00b2<\/strong>, iar luciul de ap\u0103 propriu-zis ocup\u0103 frumo\u0219ii 1.700 m\u00b2. Izvorul termal s\u0103rat de aici, cu temperatura de 37,5 \u00b0C, \u021b\u00e2\u0219ne\u0219te la suprafa\u021b\u0103 cu o <strong>vitez\u0103 de 90.000 de litri pe or\u0103<\/strong>. Salinitatea ini\u021bial\u0103 a acestei ape vindec\u0103toare atingea c\u00e2ndva 12%.<\/p>\n\n\n\n<p class=\"wp-block-paragraph\">Drumul spre aceast\u0103 bog\u0103\u021bie nu a fost \u00eens\u0103 deloc simplu. Primele \u00eencerc\u0103ri de forare aveau loc deja \u00een 1919, dar au e\u0219uat la 375 de metri. Abia \u00een 1967 s-a reu\u0219it, cu burghie speciale americane, s\u0103 se <strong>ajung\u0103 p\u00e2n\u0103 la o ad\u00e2ncime de 1.018 metri<\/strong>. Localul propriu-zis func\u021bioneaz\u0103 apoi din 1969, iar din 1998 \u00eel cunoa\u0219tem sub numele actual.<\/p>\n\n\n\n<p class=\"wp-block-paragraph\">Complexul este o alegere excelent\u0103 pentru to\u021bi iubitorii de \u00eenot \u0219i de ap\u0103 s\u0103rat\u0103 vindec\u0103toare. Operatorii se g\u00e2ndesc \u0219i la viitor, pentru c\u0103 din vara lui 2025 se <strong>construie\u0219te aici un hotel nou de patru stele<\/strong>, cu o sut\u0103 de camere \u0219i dou\u0103 sute de paturi. Finalizarea sa e planificat\u0103 pentru 2027. <strong>\ud83d\udca1 Sfat:<\/strong> P\u00e2n\u0103 se construie\u0219te complexul hotelier, caut\u0103 o cazare \u00een centrul apropiat al ora\u0219ului, de unde vei avea p\u00e2n\u0103 la b\u0103i doar o mic\u0103 bucat\u0103 de mers pe jos.<\/p>\n\n\n\n<figure data-wp-context=\"{&quot;imageId&quot;:&quot;6a9c370260916&quot;}\" data-wp-interactive=\"core\/image\" data-wp-key=\"6a9c370260916\" class=\"wp-block-image size-full wp-lightbox-container\"><img decoding=\"async\" width=\"1800\" height=\"1350\" data-wp-class--hide=\"state.isContentHidden\" data-wp-class--show=\"state.isContentVisible\" data-wp-init=\"callbacks.setButtonStyles\" data-wp-on--click=\"actions.showLightbox\" data-wp-on--load=\"callbacks.setButtonStyles\" data-wp-on--pointerdown=\"actions.preloadImage\" data-wp-on--pointerenter=\"actions.preloadImageWithDelay\" data-wp-on--pointerleave=\"actions.cancelPreload\" data-wp-on-window--resize=\"callbacks.setButtonStyles\" src=\"https:\/\/loudavymkrokem.cz\/wp-content\/uploads\/2026\/09\/nemecko-clanky-termaly-nemecko-39-605251b4-1.jpg\" alt=\"Mauritius Hotel &#038; Therme K\u00f6ln (K\u00f6ln)\" class=\"wp-image-415351\" title=\"\" srcset=\"https:\/\/loudavymkrokem.cz\/wp-content\/uploads\/2026\/09\/nemecko-clanky-termaly-nemecko-39-605251b4-1.jpg 1800w, https:\/\/loudavymkrokem.cz\/wp-content\/uploads\/2026\/09\/nemecko-clanky-termaly-nemecko-39-605251b4-1-300x225.jpg 300w, https:\/\/loudavymkrokem.cz\/wp-content\/uploads\/2026\/09\/nemecko-clanky-termaly-nemecko-39-605251b4-1-700x525.jpg 700w, https:\/\/loudavymkrokem.cz\/wp-content\/uploads\/2026\/09\/nemecko-clanky-termaly-nemecko-39-605251b4-1-768x576.jpg 768w, https:\/\/loudavymkrokem.cz\/wp-content\/uploads\/2026\/09\/nemecko-clanky-termaly-nemecko-39-605251b4-1-1536x1152.jpg 1536w, https:\/\/loudavymkrokem.cz\/wp-content\/uploads\/2026\/09\/nemecko-clanky-termaly-nemecko-39-605251b4-1-80x60.jpg 80w, https:\/\/loudavymkrokem.cz\/wp-content\/uploads\/2026\/09\/nemecko-clanky-termaly-nemecko-39-605251b4-1-160x120.jpg 160w, https:\/\/loudavymkrokem.cz\/wp-content\/uploads\/2026\/09\/nemecko-clanky-termaly-nemecko-39-605251b4-1-696x522.jpg 696w, https:\/\/loudavymkrokem.cz\/wp-content\/uploads\/2026\/09\/nemecko-clanky-termaly-nemecko-39-605251b4-1-1392x1044.jpg 1392w\" sizes=\"(max-width: 1800px) 100vw, 1800px\" \/><button\n\t\t\tclass=\"lightbox-trigger\"\n\t\t\ttype=\"button\"\n\t\t\taria-haspopup=\"dialog\"\n\t\t\tdata-wp-bind--aria-label=\"state.thisImage.triggerButtonAriaLabel\"\n\t\t\tdata-wp-init=\"callbacks.initTriggerButton\"\n\t\t\tdata-wp-on--click=\"actions.showLightbox\"\n\t\t\tdata-wp-style--right=\"state.thisImage.buttonRight\"\n\t\t\tdata-wp-style--top=\"state.thisImage.buttonTop\"\n\t\t>\n\t\t\t<svg xmlns=\"http:\/\/www.w3.org\/2000\/svg\" width=\"12\" height=\"12\" fill=\"none\" viewBox=\"0 0 12 12\">\n\t\t\t\t<path fill=\"#fff\" d=\"M2 0a2 2 0 0 0-2 2v2h1.5V2a.5.5 0 0 1 .5-.5h2V0H2Zm2 10.5H2a.5.5 0 0 1-.5-.5V8H0v2a2 2 0 0 0 2 2h2v-1.5ZM8 12v-1.5h2a.5.5 0 0 0 .5-.5V8H12v2a2 2 0 0 1-2 2H8Zm2-12a2 2 0 0 1 2 2v2h-1.5V2a.5.5 0 0 0-.5-.5H8V0h2Z\" \/>\n\t\t\t<\/svg>\n\t\t<\/button><figcaption class=\"wp-element-caption\">Foto: Duhon \/ Wikimedia Commons, CC BY 3.0<\/figcaption><\/figure>\n\n\n\n<h3 class=\"wp-block-heading\"><span class=\"ez-toc-section\" id=\"32_Mauritius_Hotel_Therme_Koln_Koln\"><\/span>32. Mauritius Hotel &#038; Therme K\u00f6ln (K\u00f6ln)<span class=\"ez-toc-section-end\"><\/span><\/h3>\n\n\n\n<p class=\"wp-block-paragraph\">\u00cen acest caz nu e vorba de o baie public\u0103 clasic\u0103, ci de un <strong>hotel de lux de patru stele cu un centru wellness uria\u0219<\/strong>. \u00cel vei g\u0103si ascuns \u00eentr-un col\u021b lini\u0219tit din centrul ora\u0219ului K\u00f6ln, chiar l\u00e2ng\u0103 biserica istoric\u0103 Sf\u00e2ntul Mauritius. Locul este parc\u0103 anume creat pentru cuplurile care vor s\u0103 \u00eembine explorarea marelui ora\u0219 cu relaxarea de sear\u0103.<\/p>\n\n\n\n<p class=\"wp-block-paragraph\">Partea termal\u0103 \u0219i de odihn\u0103 propriu-zis\u0103 se \u00eentinde pe o <strong>suprafa\u021b\u0103 generoas\u0103 de 3.500 m\u00b2<\/strong>. Vei avea din ce alege, pentru c\u0103 aici se afl\u0103 7 saune diferite, 1 baie de aburi \u0219i chiar 2 jacuzzi. Specialitatea complexului este apoi <strong>bazinul exterior \u00eembog\u0103\u021bit cu sare de la Marea Moart\u0103<\/strong>. G\u00e2nde\u0219te-te c\u0103 \u00een lumea saunelor se intr\u0103 strict f\u0103r\u0103 costum de baie. Ai la dispozi\u021bie aici \u0219i un centru fitness \u0219i o bogat\u0103 ofert\u0103 de masaje.<\/p>\n\n\n\n<p class=\"wp-block-paragraph\">Dac\u0103 te cazezi aici, conform listei de pre\u021buri pentru 2026, oaspe\u021bii hotelului pl\u0103tesc pentru intrarea \u00een zona wellness un <strong>supliment de 10 EUR de persoan\u0103 pe zi<\/strong>. Acest pre\u021b avantajos \u00eel po\u021bi folosi chiar \u0219i \u00een ziua plec\u0103rii tale. <strong>\ud83d\udca1 Sfat:<\/strong> Dup\u0103 o zi \u00eentreag\u0103 de umblat pe la monumentele din K\u00f6ln, picioarele tale vor aprecia cu siguran\u021b\u0103 o baie lung\u0103 \u00een apa s\u0103rat\u0103 vindec\u0103toare, a\u0219a c\u0103 nu o rata.<\/p>\n\n\n\n<figure data-wp-context=\"{&quot;imageId&quot;:&quot;6a9c370260dfe&quot;}\" data-wp-interactive=\"core\/image\" data-wp-key=\"6a9c370260dfe\" class=\"wp-block-image size-full wp-lightbox-container\"><img decoding=\"async\" width=\"1800\" height=\"1200\" data-wp-class--hide=\"state.isContentHidden\" data-wp-class--show=\"state.isContentVisible\" data-wp-init=\"callbacks.setButtonStyles\" data-wp-on--click=\"actions.showLightbox\" data-wp-on--load=\"callbacks.setButtonStyles\" data-wp-on--pointerdown=\"actions.preloadImage\" data-wp-on--pointerenter=\"actions.preloadImageWithDelay\" data-wp-on--pointerleave=\"actions.cancelPreload\" data-wp-on-window--resize=\"callbacks.setButtonStyles\" src=\"https:\/\/loudavymkrokem.cz\/wp-content\/uploads\/2026\/09\/nemecko-clanky-termaly-nemecko-40-b4685b4f-1.jpg\" alt=\"Claudius Therme (K\u00f6ln)\" class=\"wp-image-415353\" title=\"\" srcset=\"https:\/\/loudavymkrokem.cz\/wp-content\/uploads\/2026\/09\/nemecko-clanky-termaly-nemecko-40-b4685b4f-1.jpg 1800w, https:\/\/loudavymkrokem.cz\/wp-content\/uploads\/2026\/09\/nemecko-clanky-termaly-nemecko-40-b4685b4f-1-300x200.jpg 300w, https:\/\/loudavymkrokem.cz\/wp-content\/uploads\/2026\/09\/nemecko-clanky-termaly-nemecko-40-b4685b4f-1-700x467.jpg 700w, https:\/\/loudavymkrokem.cz\/wp-content\/uploads\/2026\/09\/nemecko-clanky-termaly-nemecko-40-b4685b4f-1-768x512.jpg 768w, https:\/\/loudavymkrokem.cz\/wp-content\/uploads\/2026\/09\/nemecko-clanky-termaly-nemecko-40-b4685b4f-1-1536x1024.jpg 1536w, https:\/\/loudavymkrokem.cz\/wp-content\/uploads\/2026\/09\/nemecko-clanky-termaly-nemecko-40-b4685b4f-1-696x464.jpg 696w, https:\/\/loudavymkrokem.cz\/wp-content\/uploads\/2026\/09\/nemecko-clanky-termaly-nemecko-40-b4685b4f-1-1392x928.jpg 1392w\" sizes=\"(max-width: 1800px) 100vw, 1800px\" \/><button\n\t\t\tclass=\"lightbox-trigger\"\n\t\t\ttype=\"button\"\n\t\t\taria-haspopup=\"dialog\"\n\t\t\tdata-wp-bind--aria-label=\"state.thisImage.triggerButtonAriaLabel\"\n\t\t\tdata-wp-init=\"callbacks.initTriggerButton\"\n\t\t\tdata-wp-on--click=\"actions.showLightbox\"\n\t\t\tdata-wp-style--right=\"state.thisImage.buttonRight\"\n\t\t\tdata-wp-style--top=\"state.thisImage.buttonTop\"\n\t\t>\n\t\t\t<svg xmlns=\"http:\/\/www.w3.org\/2000\/svg\" width=\"12\" height=\"12\" fill=\"none\" viewBox=\"0 0 12 12\">\n\t\t\t\t<path fill=\"#fff\" d=\"M2 0a2 2 0 0 0-2 2v2h1.5V2a.5.5 0 0 1 .5-.5h2V0H2Zm2 10.5H2a.5.5 0 0 1-.5-.5V8H0v2a2 2 0 0 0 2 2h2v-1.5ZM8 12v-1.5h2a.5.5 0 0 0 .5-.5V8H12v2a2 2 0 0 1-2 2H8Zm2-12a2 2 0 0 1 2 2v2h-1.5V2a.5.5 0 0 0-.5-.5H8V0h2Z\" \/>\n\t\t\t<\/svg>\n\t\t<\/button><figcaption class=\"wp-element-caption\">Foto: Maksym Kozlenko \/ Wikimedia Commons, CC BY-SA 4.0<\/figcaption><\/figure>\n\n\n\n<h3 class=\"wp-block-heading\"><span class=\"ez-toc-section\" id=\"33_Claudius_Therme_Koln\"><\/span>33. Claudius Therme (K\u00f6ln)<span class=\"ez-toc-section-end\"><\/span><\/h3>\n\n\n\n<p class=\"wp-block-paragraph\">Cau\u021bi o baie cu cea mai bun\u0103 adres\u0103 cu putin\u021b\u0103? Acest complex se afl\u0103 chiar \u00een Rheinpark-ul din K\u00f6ln, pe malul drept al Rinului, \u0219i ofer\u0103 o <strong>panoram\u0103 fantastic\u0103 asupra celebrei catedrale din K\u00f6ln<\/strong>. Bazinele locale sunt alimentate de un izvor mineral termal natural, de foarte bun\u0103 calitate, recunoscut de stat, care garanteaz\u0103 o relaxare des\u0103v\u00e2r\u0219it\u0103 pentru corp \u0219i minte.<\/p>\n\n\n\n<p class=\"wp-block-paragraph\">Pe vizitatori \u00eei a\u0219teapt\u0103 aici o lume acvatic\u0103 uria\u0219\u0103, format\u0103 din <strong>\u00een total 12 bazine diferite<\/strong>. Dac\u0103 preferi c\u0103ldura ca lumea, te va bucura cu siguran\u021b\u0103 oferta de 8 saune \u0219i 3 b\u0103i de aburi. Conform listei de pre\u021buri actuale pentru 2026, pentru dou\u0103 ore de baie vei pl\u0103ti de la 19,50 p\u00e2n\u0103 la 22,50 EUR. Varianta cu saun\u0103 cost\u0103 27,50 p\u00e2n\u0103 la 30,50 EUR, iar <strong>intrarea de o zi \u00eentreag\u0103 cost\u0103 36,50 p\u00e2n\u0103 la 47,50 EUR<\/strong>.<\/p>\n\n\n\n<p class=\"wp-block-paragraph\">Localul se g\u00e2nde\u0219te \u0219i la \u0219oferi, a\u0219a c\u0103 abonamentul de o zi \u00eentreag\u0103 pentru <strong>parcare te cost\u0103 doar pl\u0103cu\u021bii 3 EUR<\/strong>. \u00cen ceea ce prive\u0219te restric\u021biile de v\u00e2rst\u0103, intrarea este permis\u0103 doar copiilor de la 6 ani. Tinerii p\u00e2n\u0103 la 16 ani pot vizita apoi complexul doar \u00eenso\u021bi\u021bi de o persoan\u0103 adult\u0103. <strong>\ud83d\udca1 Sfat:<\/strong> \u00cencearc\u0103 s\u0103-\u021bi planifici vizita spre sf\u00e2r\u0219itul dup\u0103-amiezii, priveli\u0219tea catedralei iluminate din bazinul termal exterior este de neuitat.<\/p>\n\n\n\n<figure data-wp-context=\"{&quot;imageId&quot;:&quot;6a9c3702614ea&quot;}\" data-wp-interactive=\"core\/image\" data-wp-key=\"6a9c3702614ea\" class=\"wp-block-image size-full wp-lightbox-container\"><img decoding=\"async\" width=\"1800\" height=\"1200\" data-wp-class--hide=\"state.isContentHidden\" data-wp-class--show=\"state.isContentVisible\" data-wp-init=\"callbacks.setButtonStyles\" data-wp-on--click=\"actions.showLightbox\" data-wp-on--load=\"callbacks.setButtonStyles\" data-wp-on--pointerdown=\"actions.preloadImage\" data-wp-on--pointerenter=\"actions.preloadImageWithDelay\" data-wp-on--pointerleave=\"actions.cancelPreload\" data-wp-on-window--resize=\"callbacks.setButtonStyles\" src=\"https:\/\/loudavymkrokem.cz\/wp-content\/uploads\/2026\/09\/nemecko-clanky-termaly-nemecko-41-eecaebfa-1.jpg\" alt=\"Taunus-Therme \u00een Bad Homburg\" class=\"wp-image-415356\" title=\"\" srcset=\"https:\/\/loudavymkrokem.cz\/wp-content\/uploads\/2026\/09\/nemecko-clanky-termaly-nemecko-41-eecaebfa-1.jpg 1800w, https:\/\/loudavymkrokem.cz\/wp-content\/uploads\/2026\/09\/nemecko-clanky-termaly-nemecko-41-eecaebfa-1-300x200.jpg 300w, https:\/\/loudavymkrokem.cz\/wp-content\/uploads\/2026\/09\/nemecko-clanky-termaly-nemecko-41-eecaebfa-1-700x467.jpg 700w, https:\/\/loudavymkrokem.cz\/wp-content\/uploads\/2026\/09\/nemecko-clanky-termaly-nemecko-41-eecaebfa-1-768x512.jpg 768w, https:\/\/loudavymkrokem.cz\/wp-content\/uploads\/2026\/09\/nemecko-clanky-termaly-nemecko-41-eecaebfa-1-1536x1024.jpg 1536w, https:\/\/loudavymkrokem.cz\/wp-content\/uploads\/2026\/09\/nemecko-clanky-termaly-nemecko-41-eecaebfa-1-696x464.jpg 696w, https:\/\/loudavymkrokem.cz\/wp-content\/uploads\/2026\/09\/nemecko-clanky-termaly-nemecko-41-eecaebfa-1-1392x928.jpg 1392w\" sizes=\"(max-width: 1800px) 100vw, 1800px\" \/><button\n\t\t\tclass=\"lightbox-trigger\"\n\t\t\ttype=\"button\"\n\t\t\taria-haspopup=\"dialog\"\n\t\t\tdata-wp-bind--aria-label=\"state.thisImage.triggerButtonAriaLabel\"\n\t\t\tdata-wp-init=\"callbacks.initTriggerButton\"\n\t\t\tdata-wp-on--click=\"actions.showLightbox\"\n\t\t\tdata-wp-style--right=\"state.thisImage.buttonRight\"\n\t\t\tdata-wp-style--top=\"state.thisImage.buttonTop\"\n\t\t>\n\t\t\t<svg xmlns=\"http:\/\/www.w3.org\/2000\/svg\" width=\"12\" height=\"12\" fill=\"none\" viewBox=\"0 0 12 12\">\n\t\t\t\t<path fill=\"#fff\" d=\"M2 0a2 2 0 0 0-2 2v2h1.5V2a.5.5 0 0 1 .5-.5h2V0H2Zm2 10.5H2a.5.5 0 0 1-.5-.5V8H0v2a2 2 0 0 0 2 2h2v-1.5ZM8 12v-1.5h2a.5.5 0 0 0 .5-.5V8H12v2a2 2 0 0 1-2 2H8Zm2-12a2 2 0 0 1 2 2v2h-1.5V2a.5.5 0 0 0-.5-.5H8V0h2Z\" \/>\n\t\t\t<\/svg>\n\t\t<\/button><\/figure>\n\n\n\n<h2 class=\"wp-block-heading\"><span class=\"ez-toc-section\" id=\"Bai_termale_in_Hessa\"><\/span>B\u0103i termale \u00een Hessa<span class=\"ez-toc-section-end\"><\/span><\/h2>\n\n\n\n<p class=\"wp-block-paragraph\">Dac\u0103 e\u0219ti \u00een c\u0103utarea unui loc unde se \u00eempletesc o istorie profund\u0103 cu o odihn\u0103 adev\u0103rat\u0103, landul Hessa te va \u00eenc\u00e2nta cu siguran\u021b\u0103. Vei g\u0103si aici ora\u0219e-sta\u021biune celebre precum Wiesbaden sau Bad Homburg, care se m\u00e2ndresc cu o tradi\u021bie bogat\u0103 \u0219i cu unele dintre <strong>cele mai calde izvoare din toat\u0103 Germania<\/strong>. Este o destina\u021bie ideal\u0103 pentru un weekend prelungit, pentru c\u0103 din Rom\u00e2nia ajungi relativ u\u0219or, mai ales dac\u0103 mergi cu avionul spre Frankfurt cu Wizz Air sau TAROM.<\/p>\n\n\n\n<p class=\"wp-block-paragraph\">B\u0103ile hesiene au atmosfer\u0103, amintesc adesea de vechile temple antice sau de palatele luxoase. Fie c\u0103 t\u00e2nje\u0219ti dup\u0103 o contemplare t\u0103cut\u0103 \u00een decoruri istorice, fie c\u0103 preferi ritualurile moderne de saun\u0103, aici \u00ee\u021bi vei g\u0103si locul. Hai s\u0103 vedem cele mai interesante complexe pe care, la planificarea drumului, cu siguran\u021b\u0103 nu ar trebui s\u0103 le ratezi.<\/p>\n\n\n\n<figure data-wp-context=\"{&quot;imageId&quot;:&quot;6a9c370261d3d&quot;}\" data-wp-interactive=\"core\/image\" data-wp-key=\"6a9c370261d3d\" class=\"wp-block-image size-full wp-lightbox-container\"><img decoding=\"async\" width=\"1800\" height=\"1347\" data-wp-class--hide=\"state.isContentHidden\" data-wp-class--show=\"state.isContentVisible\" data-wp-init=\"callbacks.setButtonStyles\" data-wp-on--click=\"actions.showLightbox\" data-wp-on--load=\"callbacks.setButtonStyles\" data-wp-on--pointerdown=\"actions.preloadImage\" data-wp-on--pointerenter=\"actions.preloadImageWithDelay\" data-wp-on--pointerleave=\"actions.cancelPreload\" data-wp-on-window--resize=\"callbacks.setButtonStyles\" src=\"https:\/\/loudavymkrokem.cz\/wp-content\/uploads\/2026\/09\/nemecko-clanky-termaly-nemecko-42-4670ad94-1.jpg\" alt=\"Taunus-Therme (Bad Homburg): intrarea \u00een term\u0103 cu pasarel\u0103\" class=\"wp-image-415359\" title=\"\" srcset=\"https:\/\/loudavymkrokem.cz\/wp-content\/uploads\/2026\/09\/nemecko-clanky-termaly-nemecko-42-4670ad94-1.jpg 1800w, https:\/\/loudavymkrokem.cz\/wp-content\/uploads\/2026\/09\/nemecko-clanky-termaly-nemecko-42-4670ad94-1-300x225.jpg 300w, https:\/\/loudavymkrokem.cz\/wp-content\/uploads\/2026\/09\/nemecko-clanky-termaly-nemecko-42-4670ad94-1-700x524.jpg 700w, https:\/\/loudavymkrokem.cz\/wp-content\/uploads\/2026\/09\/nemecko-clanky-termaly-nemecko-42-4670ad94-1-768x575.jpg 768w, https:\/\/loudavymkrokem.cz\/wp-content\/uploads\/2026\/09\/nemecko-clanky-termaly-nemecko-42-4670ad94-1-1536x1149.jpg 1536w, https:\/\/loudavymkrokem.cz\/wp-content\/uploads\/2026\/09\/nemecko-clanky-termaly-nemecko-42-4670ad94-1-80x60.jpg 80w, https:\/\/loudavymkrokem.cz\/wp-content\/uploads\/2026\/09\/nemecko-clanky-termaly-nemecko-42-4670ad94-1-160x120.jpg 160w, https:\/\/loudavymkrokem.cz\/wp-content\/uploads\/2026\/09\/nemecko-clanky-termaly-nemecko-42-4670ad94-1-696x521.jpg 696w, https:\/\/loudavymkrokem.cz\/wp-content\/uploads\/2026\/09\/nemecko-clanky-termaly-nemecko-42-4670ad94-1-1392x1042.jpg 1392w\" sizes=\"(max-width: 1800px) 100vw, 1800px\" \/><button\n\t\t\tclass=\"lightbox-trigger\"\n\t\t\ttype=\"button\"\n\t\t\taria-haspopup=\"dialog\"\n\t\t\tdata-wp-bind--aria-label=\"state.thisImage.triggerButtonAriaLabel\"\n\t\t\tdata-wp-init=\"callbacks.initTriggerButton\"\n\t\t\tdata-wp-on--click=\"actions.showLightbox\"\n\t\t\tdata-wp-style--right=\"state.thisImage.buttonRight\"\n\t\t\tdata-wp-style--top=\"state.thisImage.buttonTop\"\n\t\t>\n\t\t\t<svg xmlns=\"http:\/\/www.w3.org\/2000\/svg\" width=\"12\" height=\"12\" fill=\"none\" viewBox=\"0 0 12 12\">\n\t\t\t\t<path fill=\"#fff\" d=\"M2 0a2 2 0 0 0-2 2v2h1.5V2a.5.5 0 0 1 .5-.5h2V0H2Zm2 10.5H2a.5.5 0 0 1-.5-.5V8H0v2a2 2 0 0 0 2 2h2v-1.5ZM8 12v-1.5h2a.5.5 0 0 0 .5-.5V8H12v2a2 2 0 0 1-2 2H8Zm2-12a2 2 0 0 1 2 2v2h-1.5V2a.5.5 0 0 0-.5-.5H8V0h2Z\" \/>\n\t\t\t<\/svg>\n\t\t<\/button><figcaption class=\"wp-element-caption\">Foto: Karsten11 \/ Wikimedia Commons, Public domain<\/figcaption><\/figure>\n\n\n\n<h3 class=\"wp-block-heading\"><span class=\"ez-toc-section\" id=\"34_Taunus-Therme_Bad_Homburg\"><\/span>34. Taunus-Therme (Bad Homburg)<span class=\"ez-toc-section-end\"><\/span><\/h3>\n\n\n\n<p class=\"wp-block-paragraph\">Complexul Taunus-Therme din ora\u0219ul Bad Homburg este remarcabil mai ales prin spa\u021biul s\u0103u uria\u0219, pentru c\u0103 ofer\u0103 <strong>1.200 de metri p\u0103tra\u021bi de suprafe\u021be interioare \u0219i exterioare<\/strong> pentru o relaxare des\u0103v\u00e2r\u0219it\u0103. Apa curge \u00een bazine dintr-un izvor local, Viktoria-Louise-Quelle, care are ini\u021bial o temperatur\u0103 de 22,4 \u00b0C, dar, pentru confortul t\u0103u maxim, se \u00eenc\u0103lze\u0219te la <strong>pl\u0103cu\u021bii 34,5 \u00b0C<\/strong>.<\/p>\n\n\n\n<p class=\"wp-block-paragraph\">Te po\u021bi bucura de o mul\u021bime de col\u021buri cu ap\u0103 termal\u0103, unde te a\u0219teapt\u0103 lini\u0219tea. Dac\u0103 adori bulele, te vor bucura chiar <strong>patru jacuzzi fierbin\u021bi cu temperatura de 37 \u00b0C<\/strong>, care relaxeaz\u0103 perfect mu\u0219chii obosi\u021bi. Iubitorii de transpirat vor aprecia apoi bogata zon\u0103 de saune, \u00een care vei g\u0103si \u00een total opt saune tematice, cu temperaturi de la 45 \u00b0C p\u00e2n\u0103 la 100 \u00b0C.<\/p>\n\n\n\n<p class=\"wp-block-paragraph\">Dou\u0103 dintre aceste opt saune sunt <strong>rezervate exclusiv doar pentru doamne<\/strong>, ceea ce e o veste excelent\u0103 pentru toate femeile care caut\u0103 mai mult\u0103 intimitate. Complexul este \u00een general potrivit mai degrab\u0103 vizitatorilor adul\u021bi \u00een c\u0103utarea lini\u0219tii \u0219i a unei odihne t\u0103cute. <strong>\ud83d\udca1 Sfat:<\/strong> Chiar dac\u0103 aici nu vei g\u0103si tobogane dezl\u0103n\u021buite, suprafa\u021ba uria\u0219\u0103 garanteaz\u0103 c\u0103 nu te vei \u00eenghesui cu ceilal\u021bi oameni \u0219i \u00ee\u021bi vei g\u0103si \u00eentotdeauna col\u021bi\u0219orul t\u0103u t\u0103cut.<\/p>\n\n\n\n<figure data-wp-context=\"{&quot;imageId&quot;:&quot;6a9c37026245a&quot;}\" data-wp-interactive=\"core\/image\" data-wp-key=\"6a9c37026245a\" class=\"wp-block-image size-full wp-lightbox-container\"><img decoding=\"async\" width=\"1800\" height=\"1350\" data-wp-class--hide=\"state.isContentHidden\" data-wp-class--show=\"state.isContentVisible\" data-wp-init=\"callbacks.setButtonStyles\" data-wp-on--click=\"actions.showLightbox\" data-wp-on--load=\"callbacks.setButtonStyles\" data-wp-on--pointerdown=\"actions.preloadImage\" data-wp-on--pointerenter=\"actions.preloadImageWithDelay\" data-wp-on--pointerleave=\"actions.cancelPreload\" data-wp-on-window--resize=\"callbacks.setButtonStyles\" src=\"https:\/\/loudavymkrokem.cz\/wp-content\/uploads\/2026\/09\/nemecko-clanky-termaly-nemecko-43-b17240b7-1.jpg\" alt=\"KurhessenTherme (Kassel)\" class=\"wp-image-415361\" title=\"\" srcset=\"https:\/\/loudavymkrokem.cz\/wp-content\/uploads\/2026\/09\/nemecko-clanky-termaly-nemecko-43-b17240b7-1.jpg 1800w, https:\/\/loudavymkrokem.cz\/wp-content\/uploads\/2026\/09\/nemecko-clanky-termaly-nemecko-43-b17240b7-1-300x225.jpg 300w, https:\/\/loudavymkrokem.cz\/wp-content\/uploads\/2026\/09\/nemecko-clanky-termaly-nemecko-43-b17240b7-1-700x525.jpg 700w, https:\/\/loudavymkrokem.cz\/wp-content\/uploads\/2026\/09\/nemecko-clanky-termaly-nemecko-43-b17240b7-1-768x576.jpg 768w, https:\/\/loudavymkrokem.cz\/wp-content\/uploads\/2026\/09\/nemecko-clanky-termaly-nemecko-43-b17240b7-1-1536x1152.jpg 1536w, https:\/\/loudavymkrokem.cz\/wp-content\/uploads\/2026\/09\/nemecko-clanky-termaly-nemecko-43-b17240b7-1-80x60.jpg 80w, https:\/\/loudavymkrokem.cz\/wp-content\/uploads\/2026\/09\/nemecko-clanky-termaly-nemecko-43-b17240b7-1-160x120.jpg 160w, https:\/\/loudavymkrokem.cz\/wp-content\/uploads\/2026\/09\/nemecko-clanky-termaly-nemecko-43-b17240b7-1-696x522.jpg 696w, https:\/\/loudavymkrokem.cz\/wp-content\/uploads\/2026\/09\/nemecko-clanky-termaly-nemecko-43-b17240b7-1-1392x1044.jpg 1392w\" sizes=\"(max-width: 1800px) 100vw, 1800px\" \/><button\n\t\t\tclass=\"lightbox-trigger\"\n\t\t\ttype=\"button\"\n\t\t\taria-haspopup=\"dialog\"\n\t\t\tdata-wp-bind--aria-label=\"state.thisImage.triggerButtonAriaLabel\"\n\t\t\tdata-wp-init=\"callbacks.initTriggerButton\"\n\t\t\tdata-wp-on--click=\"actions.showLightbox\"\n\t\t\tdata-wp-style--right=\"state.thisImage.buttonRight\"\n\t\t\tdata-wp-style--top=\"state.thisImage.buttonTop\"\n\t\t>\n\t\t\t<svg xmlns=\"http:\/\/www.w3.org\/2000\/svg\" width=\"12\" height=\"12\" fill=\"none\" viewBox=\"0 0 12 12\">\n\t\t\t\t<path fill=\"#fff\" d=\"M2 0a2 2 0 0 0-2 2v2h1.5V2a.5.5 0 0 1 .5-.5h2V0H2Zm2 10.5H2a.5.5 0 0 1-.5-.5V8H0v2a2 2 0 0 0 2 2h2v-1.5ZM8 12v-1.5h2a.5.5 0 0 0 .5-.5V8H12v2a2 2 0 0 1-2 2H8Zm2-12a2 2 0 0 1 2 2v2h-1.5V2a.5.5 0 0 0-.5-.5H8V0h2Z\" \/>\n\t\t\t<\/svg>\n\t\t<\/button><figcaption class=\"wp-element-caption\">Foto: Pedelecs \/ Wikimedia Commons, CC BY-SA 3.0<\/figcaption><\/figure>\n\n\n\n<h3 class=\"wp-block-heading\"><span class=\"ez-toc-section\" id=\"35_KurhessenTherme_Kassel\"><\/span>35. KurhessenTherme (Kassel)<span class=\"ez-toc-section-end\"><\/span><\/h3>\n\n\n\n<p class=\"wp-block-paragraph\">Dac\u0103 te \u00eendrep\u021bi spre ora\u0219ul Kassel, nu rata complexul KurhessenTherme, care te va surprinde cu un unic <strong>lac de saun\u0103 cu o suprafa\u021b\u0103 de 200 de metri p\u0103tra\u021bi<\/strong>. Acest lac are o temperatur\u0103 r\u0103coritoare \u00eentre 19 \u0219i 21 \u00b0C \u0219i este a\u0219ezat \u00een a\u0219a-numita Gr\u0103din\u0103 a Raiului. Aceasta ofer\u0103 peste <strong>400 de metri p\u0103tra\u021bi pentru odihn\u0103 f\u0103r\u0103 costum de baie<\/strong>, ceea ce va bucura pe to\u021bi adep\u021bii naturismului.<\/p>\n\n\n\n<p class=\"wp-block-paragraph\">Lumea saunelor este aici generoas\u0103, vei g\u0103si \u00een ea \u00een total opt s\u0103li de \u00eenc\u0103lzire diferite. \u00cencep\u0103torii pot \u00eencerca saun\u0103 bl\u00e2nd\u0103 cu lumin\u0103 \u0219i cu cristale de sare, cu temperatura de 45 \u00b0C, sau saun\u0103 cu 55 \u00b0C, care e excelent\u0103 pentru c\u0103ile respiratorii. Amatorii experimenta\u021bi se \u00eendreapt\u0103, dimpotriv\u0103, spre <strong>saun\u0103 cu pietre fierbin\u021bi \u00eenc\u0103lzit\u0103 la 100 \u00b0C<\/strong>. Femeile au la dispozi\u021bie \u0219i propria saun\u0103 oriental\u0103 pentru doamne.<\/p>\n\n\n\n<p class=\"wp-block-paragraph\">Conform listei de pre\u021buri pentru 2026, pentru intrarea de dou\u0103 ore la terme \u0219i saune vei pl\u0103ti <strong>de la 23 p\u00e2n\u0103 la 24,50 euro<\/strong>, iar biletul de o zi \u00eentreag\u0103 cost\u0103 apoi 26,50 p\u00e2n\u0103 la 28 euro, \u00een func\u021bie de ziua s\u0103pt\u0103m\u00e2nii. Pentru fiecare cincisprezece minute \u00eencepute \u00een plus se achit\u0103 1,50 euro. <strong>\ud83d\udca1 Sfat:<\/strong> Dac\u0103 \u021bi se face foame dup\u0103 baie, restaurantul local ofer\u0103 ni\u0219te gnocchi f\u0103r\u0103 carne excelente sau spaghete cu pesto verde \u0219i legume la gr\u0103tar, la 11,50 euro.<\/p>\n\n\n\n<figure data-wp-context=\"{&quot;imageId&quot;:&quot;6a9c370262a87&quot;}\" data-wp-interactive=\"core\/image\" data-wp-key=\"6a9c370262a87\" class=\"wp-block-image size-full wp-lightbox-container\"><img decoding=\"async\" width=\"1800\" height=\"1800\" data-wp-class--hide=\"state.isContentHidden\" data-wp-class--show=\"state.isContentVisible\" data-wp-init=\"callbacks.setButtonStyles\" data-wp-on--click=\"actions.showLightbox\" data-wp-on--load=\"callbacks.setButtonStyles\" data-wp-on--pointerdown=\"actions.preloadImage\" data-wp-on--pointerenter=\"actions.preloadImageWithDelay\" data-wp-on--pointerleave=\"actions.cancelPreload\" data-wp-on-window--resize=\"callbacks.setButtonStyles\" src=\"https:\/\/loudavymkrokem.cz\/wp-content\/uploads\/2026\/09\/nemecko-clanky-termaly-nemecko-44-2d6e2fb5-1.jpg\" alt=\"Odenwald-Therme (Bad K\u00f6nig): zona de saune\" class=\"wp-image-415363\" title=\"\" srcset=\"https:\/\/loudavymkrokem.cz\/wp-content\/uploads\/2026\/09\/nemecko-clanky-termaly-nemecko-44-2d6e2fb5-1.jpg 1800w, https:\/\/loudavymkrokem.cz\/wp-content\/uploads\/2026\/09\/nemecko-clanky-termaly-nemecko-44-2d6e2fb5-1-300x300.jpg 300w, https:\/\/loudavymkrokem.cz\/wp-content\/uploads\/2026\/09\/nemecko-clanky-termaly-nemecko-44-2d6e2fb5-1-700x700.jpg 700w, https:\/\/loudavymkrokem.cz\/wp-content\/uploads\/2026\/09\/nemecko-clanky-termaly-nemecko-44-2d6e2fb5-1-150x150.jpg 150w, https:\/\/loudavymkrokem.cz\/wp-content\/uploads\/2026\/09\/nemecko-clanky-termaly-nemecko-44-2d6e2fb5-1-768x768.jpg 768w, https:\/\/loudavymkrokem.cz\/wp-content\/uploads\/2026\/09\/nemecko-clanky-termaly-nemecko-44-2d6e2fb5-1-1536x1536.jpg 1536w, https:\/\/loudavymkrokem.cz\/wp-content\/uploads\/2026\/09\/nemecko-clanky-termaly-nemecko-44-2d6e2fb5-1-696x696.jpg 696w, https:\/\/loudavymkrokem.cz\/wp-content\/uploads\/2026\/09\/nemecko-clanky-termaly-nemecko-44-2d6e2fb5-1-1392x1392.jpg 1392w\" sizes=\"(max-width: 1800px) 100vw, 1800px\" \/><button\n\t\t\tclass=\"lightbox-trigger\"\n\t\t\ttype=\"button\"\n\t\t\taria-haspopup=\"dialog\"\n\t\t\tdata-wp-bind--aria-label=\"state.thisImage.triggerButtonAriaLabel\"\n\t\t\tdata-wp-init=\"callbacks.initTriggerButton\"\n\t\t\tdata-wp-on--click=\"actions.showLightbox\"\n\t\t\tdata-wp-style--right=\"state.thisImage.buttonRight\"\n\t\t\tdata-wp-style--top=\"state.thisImage.buttonTop\"\n\t\t>\n\t\t\t<svg xmlns=\"http:\/\/www.w3.org\/2000\/svg\" width=\"12\" height=\"12\" fill=\"none\" viewBox=\"0 0 12 12\">\n\t\t\t\t<path fill=\"#fff\" d=\"M2 0a2 2 0 0 0-2 2v2h1.5V2a.5.5 0 0 1 .5-.5h2V0H2Zm2 10.5H2a.5.5 0 0 1-.5-.5V8H0v2a2 2 0 0 0 2 2h2v-1.5ZM8 12v-1.5h2a.5.5 0 0 0 .5-.5V8H12v2a2 2 0 0 1-2 2H8Zm2-12a2 2 0 0 1 2 2v2h-1.5V2a.5.5 0 0 0-.5-.5H8V0h2Z\" \/>\n\t\t\t<\/svg>\n\t\t<\/button><\/figure>\n\n\n\n<h3 class=\"wp-block-heading\"><span class=\"ez-toc-section\" id=\"36_Odenwald-Therme_Bad_Konig\"><\/span>36. Odenwald-Therme (Bad K\u00f6nig)<span class=\"ez-toc-section-end\"><\/span><\/h3>\n\n\n\n<p class=\"wp-block-paragraph\">\u00cen pitorescul or\u0103\u0219el Bad K\u00f6nig se afl\u0103 Odenwald-Therme, unde pe o suprafa\u021b\u0103 de <strong>peste 1.300 de metri p\u0103tra\u021bi<\/strong> vei g\u0103si o lume a saunelor foarte pl\u0103cut\u0103 \u0219i bazine termale. Acest complex este o alegere excelent\u0103 pentru cei care caut\u0103 o atmosfer\u0103 mai intim\u0103 \u0219i mai lini\u0219tit\u0103, f\u0103r\u0103 mul\u021bimi uria\u0219e, \u0219i vor aprecia <strong>marele bazin exterior<\/strong> pentru \u00eenot \u00een aer curat.<\/p>\n\n\n\n<p class=\"wp-block-paragraph\">\u00cen\u0103untru te a\u0219teapt\u0103 patru saune la temperaturi diferite. Cea mai cald\u0103 este <strong>Odenwald-Sauna cu 90 \u00b0C<\/strong>, unde au loc regulat \u00eendr\u0103gitele ceremonii de saun\u0103, a\u0219a-numitele Aufg\u00fcsse. Pe l\u00e2ng\u0103 ea, \u00ee\u021bi po\u021bi \u00eenc\u0103lzi corpul \u00een saun\u0103 de p\u0103s\u0103ri cu 80 \u00b0C, \u00een bl\u00e2ndul sanarium \u00eenc\u0103lzit la 60 \u00b0C sau \u00een baia de aburi \u0219i de arome, care are pl\u0103cu\u021bii 40 \u00b0C. Te po\u021bi odihni apoi \u00een camerele de relaxare rezervate sau \u00ee\u021bi po\u021bi r\u0103sf\u0103\u021ba corpul cu un peeling.<\/p>\n\n\n\n<p class=\"wp-block-paragraph\">Biletul de baz\u0103 la terme \u0219i saune cost\u0103, conform listei de pre\u021buri pentru 2026, <strong>22,50 euro<\/strong>, \u00een timp ce biletul de o zi \u00eentreag\u0103 cost\u0103 28,50 euro. Complexul este ideal pentru cupluri \u0219i adul\u021bi care vor s\u0103 se odihneasc\u0103 \u00een lini\u0219te. <strong>\ud83d\udca1 Sfat:<\/strong> Dac\u0103 iei la gastronomia local\u0103 o m\u00e2ncare cald\u0103 \u00een valoare de cel pu\u021bin 4,90 euro, prime\u0219ti automat o or\u0103 de timp \u00een plus la intrarea ta, gratuit de tot.<\/p>\n\n\n\n<figure data-wp-context=\"{&quot;imageId&quot;:&quot;6a9c37026319a&quot;}\" data-wp-interactive=\"core\/image\" data-wp-key=\"6a9c37026319a\" class=\"wp-block-image size-full wp-lightbox-container\"><img decoding=\"async\" width=\"1800\" height=\"1200\" data-wp-class--hide=\"state.isContentHidden\" data-wp-class--show=\"state.isContentVisible\" data-wp-init=\"callbacks.setButtonStyles\" data-wp-on--click=\"actions.showLightbox\" data-wp-on--load=\"callbacks.setButtonStyles\" data-wp-on--pointerdown=\"actions.preloadImage\" data-wp-on--pointerenter=\"actions.preloadImageWithDelay\" data-wp-on--pointerleave=\"actions.cancelPreload\" data-wp-on-window--resize=\"callbacks.setButtonStyles\" src=\"https:\/\/loudavymkrokem.cz\/wp-content\/uploads\/2026\/09\/nemecko-clanky-termaly-nemecko-45-cfe756aa.jpg\" alt=\"Cl\u0103direa Thermalbad Aukammtal \u00een parcul din Wiesbaden\" class=\"wp-image-415508\" title=\"\" srcset=\"https:\/\/loudavymkrokem.cz\/wp-content\/uploads\/2026\/09\/nemecko-clanky-termaly-nemecko-45-cfe756aa.jpg 1800w, https:\/\/loudavymkrokem.cz\/wp-content\/uploads\/2026\/09\/nemecko-clanky-termaly-nemecko-45-cfe756aa-300x200.jpg 300w, https:\/\/loudavymkrokem.cz\/wp-content\/uploads\/2026\/09\/nemecko-clanky-termaly-nemecko-45-cfe756aa-700x467.jpg 700w, https:\/\/loudavymkrokem.cz\/wp-content\/uploads\/2026\/09\/nemecko-clanky-termaly-nemecko-45-cfe756aa-768x512.jpg 768w, https:\/\/loudavymkrokem.cz\/wp-content\/uploads\/2026\/09\/nemecko-clanky-termaly-nemecko-45-cfe756aa-1536x1024.jpg 1536w, https:\/\/loudavymkrokem.cz\/wp-content\/uploads\/2026\/09\/nemecko-clanky-termaly-nemecko-45-cfe756aa-696x464.jpg 696w, https:\/\/loudavymkrokem.cz\/wp-content\/uploads\/2026\/09\/nemecko-clanky-termaly-nemecko-45-cfe756aa-1392x928.jpg 1392w\" sizes=\"(max-width: 1800px) 100vw, 1800px\" \/><button\n\t\t\tclass=\"lightbox-trigger\"\n\t\t\ttype=\"button\"\n\t\t\taria-haspopup=\"dialog\"\n\t\t\tdata-wp-bind--aria-label=\"state.thisImage.triggerButtonAriaLabel\"\n\t\t\tdata-wp-init=\"callbacks.initTriggerButton\"\n\t\t\tdata-wp-on--click=\"actions.showLightbox\"\n\t\t\tdata-wp-style--right=\"state.thisImage.buttonRight\"\n\t\t\tdata-wp-style--top=\"state.thisImage.buttonTop\"\n\t\t>\n\t\t\t<svg xmlns=\"http:\/\/www.w3.org\/2000\/svg\" width=\"12\" height=\"12\" fill=\"none\" viewBox=\"0 0 12 12\">\n\t\t\t\t<path fill=\"#fff\" d=\"M2 0a2 2 0 0 0-2 2v2h1.5V2a.5.5 0 0 1 .5-.5h2V0H2Zm2 10.5H2a.5.5 0 0 1-.5-.5V8H0v2a2 2 0 0 0 2 2h2v-1.5ZM8 12v-1.5h2a.5.5 0 0 0 .5-.5V8H12v2a2 2 0 0 1-2 2H8Zm2-12a2 2 0 0 1 2 2v2h-1.5V2a.5.5 0 0 0-.5-.5H8V0h2Z\" \/>\n\t\t\t<\/svg>\n\t\t<\/button><figcaption class=\"wp-element-caption\">Foto: Renate007 \/ Wikimedia Commons, CC BY-SA 4.0<\/figcaption><\/figure>\n\n\n\n<h3 class=\"wp-block-heading\"><span class=\"ez-toc-section\" id=\"37_Thermalbad_Aukammtal_Wiesbaden\"><\/span>37. Thermalbad Aukammtal (Wiesbaden)<span class=\"ez-toc-section-end\"><\/span><\/h3>\n\n\n\n<p class=\"wp-block-paragraph\">Ora\u0219ul Wiesbaden este o bijuterie balnear\u0103, iar Thermalbad Aukammtal este unul dintre motivele pentru care merit\u0103 s\u0103 vii aici. Complexul se afl\u0103 \u00eentr-un mediu frumos, \u00eentr-un parc or\u0103\u0219enesc, iar cea mai mare atrac\u021bie a sa este <strong>apa cu con\u021binut foarte ridicat de sare<\/strong>. Aceasta se recomand\u0103 \u00een mod tradi\u021bional \u00een afec\u021biunile ortopedice \u0219i reumatice, a\u0219a c\u0103, dac\u0103 te chinuie articula\u021biile sau spatele, acest loc \u00ee\u021bi va face bine.<\/p>\n\n\n\n<p class=\"wp-block-paragraph\">Apa termal\u0103 local\u0103 are <strong>foarte pl\u0103cu\u021bii 32 \u00b0C<\/strong> \u0219i o po\u021bi savura at\u00e2t \u00een bazinul interior de 435 de metri p\u0103tra\u021bi, c\u00e2t \u0219i \u00een bazinul exterior de dimensiuni similare, care are aproximativ 450 de metri p\u0103tra\u021bi. Pentru fanii saunatului este preg\u0103tit un spa\u021biu cu dot\u0103ri diferite, unde se ascund patru saune interioare \u0219i trei exterioare.<\/p>\n\n\n\n<p class=\"wp-block-paragraph\">Termele sunt deschise tot anul, dar programul se schimb\u0103 u\u0219or \u00een func\u021bie de sezon. De la \u00eenceputul lui octombrie p\u00e2n\u0103 la sf\u00e2r\u0219itul lui aprilie po\u021bi veni aici \u00een fiecare zi de la nou\u0103 diminea\u021ba p\u00e2n\u0103 la zece seara, iar vineri \u0219i s\u00e2mb\u0103t\u0103 este <strong>deschis p\u00e2n\u0103 la unsprezece seara<\/strong>. \u00cen sezonul de var\u0103 se \u00eenchide \u00eentotdeauna la ora 22. <strong>\ud83d\udca1 Sfat:<\/strong> Datorit\u0103 pozi\u021biei chiar \u00een parc, \u00een valea Aukammtal, \u00ee\u021bi recomand s\u0103 \u00eembini vizita la bazine cu o plimbare lung\u0103 de dup\u0103-amiaz\u0103 prin verdea\u021ba din jur.<\/p>\n\n\n\n<figure data-wp-context=\"{&quot;imageId&quot;:&quot;6a9c370263b37&quot;}\" data-wp-interactive=\"core\/image\" data-wp-key=\"6a9c370263b37\" class=\"wp-block-image size-full wp-lightbox-container\"><img decoding=\"async\" width=\"1800\" height=\"1350\" data-wp-class--hide=\"state.isContentHidden\" data-wp-class--show=\"state.isContentVisible\" data-wp-init=\"callbacks.setButtonStyles\" data-wp-on--click=\"actions.showLightbox\" data-wp-on--load=\"callbacks.setButtonStyles\" data-wp-on--pointerdown=\"actions.preloadImage\" data-wp-on--pointerenter=\"actions.preloadImageWithDelay\" data-wp-on--pointerleave=\"actions.cancelPreload\" data-wp-on-window--resize=\"callbacks.setButtonStyles\" src=\"https:\/\/loudavymkrokem.cz\/wp-content\/uploads\/2026\/09\/nemecko-clanky-termaly-nemecko-46-fef6372e.jpg\" alt=\"Foaierul istoric al Kaiser-Friedrich-Therme din Wiesbaden\" class=\"wp-image-415512\" title=\"\" srcset=\"https:\/\/loudavymkrokem.cz\/wp-content\/uploads\/2026\/09\/nemecko-clanky-termaly-nemecko-46-fef6372e.jpg 1800w, https:\/\/loudavymkrokem.cz\/wp-content\/uploads\/2026\/09\/nemecko-clanky-termaly-nemecko-46-fef6372e-300x225.jpg 300w, https:\/\/loudavymkrokem.cz\/wp-content\/uploads\/2026\/09\/nemecko-clanky-termaly-nemecko-46-fef6372e-700x525.jpg 700w, https:\/\/loudavymkrokem.cz\/wp-content\/uploads\/2026\/09\/nemecko-clanky-termaly-nemecko-46-fef6372e-768x576.jpg 768w, https:\/\/loudavymkrokem.cz\/wp-content\/uploads\/2026\/09\/nemecko-clanky-termaly-nemecko-46-fef6372e-1536x1152.jpg 1536w, https:\/\/loudavymkrokem.cz\/wp-content\/uploads\/2026\/09\/nemecko-clanky-termaly-nemecko-46-fef6372e-80x60.jpg 80w, https:\/\/loudavymkrokem.cz\/wp-content\/uploads\/2026\/09\/nemecko-clanky-termaly-nemecko-46-fef6372e-160x120.jpg 160w, https:\/\/loudavymkrokem.cz\/wp-content\/uploads\/2026\/09\/nemecko-clanky-termaly-nemecko-46-fef6372e-696x522.jpg 696w, https:\/\/loudavymkrokem.cz\/wp-content\/uploads\/2026\/09\/nemecko-clanky-termaly-nemecko-46-fef6372e-1392x1044.jpg 1392w\" sizes=\"(max-width: 1800px) 100vw, 1800px\" \/><button\n\t\t\tclass=\"lightbox-trigger\"\n\t\t\ttype=\"button\"\n\t\t\taria-haspopup=\"dialog\"\n\t\t\tdata-wp-bind--aria-label=\"state.thisImage.triggerButtonAriaLabel\"\n\t\t\tdata-wp-init=\"callbacks.initTriggerButton\"\n\t\t\tdata-wp-on--click=\"actions.showLightbox\"\n\t\t\tdata-wp-style--right=\"state.thisImage.buttonRight\"\n\t\t\tdata-wp-style--top=\"state.thisImage.buttonTop\"\n\t\t>\n\t\t\t<svg xmlns=\"http:\/\/www.w3.org\/2000\/svg\" width=\"12\" height=\"12\" fill=\"none\" viewBox=\"0 0 12 12\">\n\t\t\t\t<path fill=\"#fff\" d=\"M2 0a2 2 0 0 0-2 2v2h1.5V2a.5.5 0 0 1 .5-.5h2V0H2Zm2 10.5H2a.5.5 0 0 1-.5-.5V8H0v2a2 2 0 0 0 2 2h2v-1.5ZM8 12v-1.5h2a.5.5 0 0 0 .5-.5V8H12v2a2 2 0 0 1-2 2H8Zm2-12a2 2 0 0 1 2 2v2h-1.5V2a.5.5 0 0 0-.5-.5H8V0h2Z\" \/>\n\t\t\t<\/svg>\n\t\t<\/button><figcaption class=\"wp-element-caption\">Foto: WiesbAdler \/ Wikimedia Commons, Public domain<\/figcaption><\/figure>\n\n\n\n<h3 class=\"wp-block-heading\"><span class=\"ez-toc-section\" id=\"38_Kaiser-Friedrich-Therme_Wiesbaden\"><\/span>38. Kaiser-Friedrich-Therme (Wiesbaden)<span class=\"ez-toc-section-end\"><\/span><\/h3>\n\n\n\n<p class=\"wp-block-paragraph\">R\u0103m\u00e2nem \u00een Wiesbaden, dar ne mut\u0103m \u00een unica cl\u0103dire istoric\u0103 Kaiser-Friedrich-Therme. Aceste b\u0103i au fost construite \u00eentre 1910 \u0219i 1913 dup\u0103 proiectul arhitectului August O. Pauly \u0219i <strong>au un puternic aer Art Nouveau<\/strong>. Deja la intrare te va \u00eenv\u0103lui atmosfera vremurilor de alt\u0103dat\u0103 \u0219i te vei sim\u021bi ca o adev\u0103rat\u0103 persoan\u0103 din nobilime la odihn\u0103.<\/p>\n\n\n\n<p class=\"wp-block-paragraph\">Apa termal\u0103 local\u0103 este fierbinte, din izvor curge <strong>cu o temperatur\u0103 de 64,6 \u00b0C<\/strong> \u00eenainte s\u0103 fie r\u0103cit\u0103 pentru nevoile b\u0103ilor. Inima \u00eentregului complex este superba baie irlandezo-roman\u0103 cu plac\u0103rile de mozaic originale, care a trecut \u00een 1999 printr-o restaurare atent\u0103. Ast\u0103zi vei g\u0103si aici, pe o suprafa\u021b\u0103 de 1.450 de metri p\u0103tra\u021bi, un peisaj variat de saune.<\/p>\n\n\n\n<p class=\"wp-block-paragraph\">Te po\u021bi bucura de o saun\u0103 finlandez\u0103 clasic\u0103, tepidarium, sudatorium, sanarium, dar \u0219i de o <strong>baie de aburi ruseasc\u0103 sau de o baie de aburi special\u0103 din piatr\u0103<\/strong>. Complexul este conceput ca b\u0103i istorice, a\u0219a c\u0103 aici se vine \u00een primul r\u00e2nd pentru o relaxare t\u0103cut\u0103, iar pentru familiile cu copii mici nu este o alegere tocmai ideal\u0103. <strong>\ud83d\udca1 Sfat:<\/strong> Nu rata o privire detaliat\u0103 asupra minunatelor mozaicuri istorice din partea irlandezo-roman\u0103, care se num\u0103r\u0103 printre cele mai frumoase elemente arhitecturale din toat\u0103 Hessa.<\/p>\n\n\n\n<figure data-wp-context=\"{&quot;imageId&quot;:&quot;6a9c37026409d&quot;}\" data-wp-interactive=\"core\/image\" data-wp-key=\"6a9c37026409d\" class=\"wp-block-image size-full wp-lightbox-container\"><img decoding=\"async\" width=\"1800\" height=\"1012\" data-wp-class--hide=\"state.isContentHidden\" data-wp-class--show=\"state.isContentVisible\" data-wp-init=\"callbacks.setButtonStyles\" data-wp-on--click=\"actions.showLightbox\" data-wp-on--load=\"callbacks.setButtonStyles\" data-wp-on--pointerdown=\"actions.preloadImage\" data-wp-on--pointerenter=\"actions.preloadImageWithDelay\" data-wp-on--pointerleave=\"actions.cancelPreload\" data-wp-on-window--resize=\"callbacks.setButtonStyles\" src=\"https:\/\/loudavymkrokem.cz\/wp-content\/uploads\/2026\/09\/nemecko-clanky-termaly-nemecko-47-57afd95a-1.jpg\" alt=\"Terma Spreewald Therme din Burg la apus\" class=\"wp-image-415371\" title=\"\" srcset=\"https:\/\/loudavymkrokem.cz\/wp-content\/uploads\/2026\/09\/nemecko-clanky-termaly-nemecko-47-57afd95a-1.jpg 1800w, https:\/\/loudavymkrokem.cz\/wp-content\/uploads\/2026\/09\/nemecko-clanky-termaly-nemecko-47-57afd95a-1-300x169.jpg 300w, https:\/\/loudavymkrokem.cz\/wp-content\/uploads\/2026\/09\/nemecko-clanky-termaly-nemecko-47-57afd95a-1-700x394.jpg 700w, https:\/\/loudavymkrokem.cz\/wp-content\/uploads\/2026\/09\/nemecko-clanky-termaly-nemecko-47-57afd95a-1-768x432.jpg 768w, https:\/\/loudavymkrokem.cz\/wp-content\/uploads\/2026\/09\/nemecko-clanky-termaly-nemecko-47-57afd95a-1-1536x864.jpg 1536w, https:\/\/loudavymkrokem.cz\/wp-content\/uploads\/2026\/09\/nemecko-clanky-termaly-nemecko-47-57afd95a-1-696x391.jpg 696w, https:\/\/loudavymkrokem.cz\/wp-content\/uploads\/2026\/09\/nemecko-clanky-termaly-nemecko-47-57afd95a-1-1392x783.jpg 1392w\" sizes=\"(max-width: 1800px) 100vw, 1800px\" \/><button\n\t\t\tclass=\"lightbox-trigger\"\n\t\t\ttype=\"button\"\n\t\t\taria-haspopup=\"dialog\"\n\t\t\tdata-wp-bind--aria-label=\"state.thisImage.triggerButtonAriaLabel\"\n\t\t\tdata-wp-init=\"callbacks.initTriggerButton\"\n\t\t\tdata-wp-on--click=\"actions.showLightbox\"\n\t\t\tdata-wp-style--right=\"state.thisImage.buttonRight\"\n\t\t\tdata-wp-style--top=\"state.thisImage.buttonTop\"\n\t\t>\n\t\t\t<svg xmlns=\"http:\/\/www.w3.org\/2000\/svg\" width=\"12\" height=\"12\" fill=\"none\" viewBox=\"0 0 12 12\">\n\t\t\t\t<path fill=\"#fff\" d=\"M2 0a2 2 0 0 0-2 2v2h1.5V2a.5.5 0 0 1 .5-.5h2V0H2Zm2 10.5H2a.5.5 0 0 1-.5-.5V8H0v2a2 2 0 0 0 2 2h2v-1.5ZM8 12v-1.5h2a.5.5 0 0 0 .5-.5V8H12v2a2 2 0 0 1-2 2H8Zm2-12a2 2 0 0 1 2 2v2h-1.5V2a.5.5 0 0 0-.5-.5H8V0h2Z\" \/>\n\t\t\t<\/svg>\n\t\t<\/button><\/figure>\n\n\n\n<h2 class=\"wp-block-heading\"><span class=\"ez-toc-section\" id=\"Bai_termale_in_Brandenburg_si_Berlin\"><\/span>B\u0103i termale \u00een Brandenburg \u0219i Berlin<span class=\"ez-toc-section-end\"><\/span><\/h2>\n\n\n\n<p class=\"wp-block-paragraph\">Dac\u0103 te preg\u0103te\u0219ti pentru un weekend prelungit \u00een capitala german\u0103, ar fi p\u0103cat s\u0103 nu te opre\u0219ti \u00een vreunul dintre complexele wellness locale. \u00cemprejurimile Berlinului \u0219i vecinul Brandenburg ascund adev\u0103rate comori, care vor face din vacan\u021ba ta la ora\u0219 o experien\u021b\u0103 de relaxare des\u0103v\u00e2r\u0219it\u0103. Drumul cu avionul de la Bucure\u0219ti p\u00e2n\u0103 la Berlin dureaz\u0103 \u00een plus doar c\u00e2teva ore cu Wizz Air, a\u0219a c\u0103 ajungi u\u0219or la fa\u021ba locului chiar \u0219i pentru un city break scurt.<\/p>\n\n\n\n<p class=\"wp-block-paragraph\">Te po\u021bi bucura de o diversitate uria\u0219\u0103 \u0219i de complexe frumoase. Vei g\u0103si aici renumita Spreewald cu saramura ei vindec\u0103toare, minunata Havel Therme situat\u0103 chiar l\u00e2ng\u0103 lac sau renumitul vabali spa din Berlin, care e o lume balinez\u0103 uria\u0219\u0103 de saune chiar \u00een inima capitalei. B\u0103ile termale locale se potrivesc excelent at\u00e2t pentru o evadare romantic\u0103 \u00een doi, c\u00e2t \u0219i pentru familiile cu copii care caut\u0103, dup\u0103 o zi \u00eentreag\u0103 de alergat pe la monumente, pu\u021bin\u0103 odihn\u0103 binemeritat\u0103.<\/p>\n\n\n\n<figure data-wp-context=\"{&quot;imageId&quot;:&quot;6a9c3702645e2&quot;}\" data-wp-interactive=\"core\/image\" data-wp-key=\"6a9c3702645e2\" class=\"wp-block-image size-full wp-lightbox-container\"><img decoding=\"async\" width=\"1800\" height=\"1200\" data-wp-class--hide=\"state.isContentHidden\" data-wp-class--show=\"state.isContentVisible\" data-wp-init=\"callbacks.setButtonStyles\" data-wp-on--click=\"actions.showLightbox\" data-wp-on--load=\"callbacks.setButtonStyles\" data-wp-on--pointerdown=\"actions.preloadImage\" data-wp-on--pointerenter=\"actions.preloadImageWithDelay\" data-wp-on--pointerleave=\"actions.cancelPreload\" data-wp-on-window--resize=\"callbacks.setButtonStyles\" src=\"https:\/\/loudavymkrokem.cz\/wp-content\/uploads\/2026\/09\/nemecko-clanky-termaly-nemecko-48-a26adcb0-1.jpg\" alt=\"Havel Therme (Werder an der Havel)\" class=\"wp-image-415374\" title=\"\" srcset=\"https:\/\/loudavymkrokem.cz\/wp-content\/uploads\/2026\/09\/nemecko-clanky-termaly-nemecko-48-a26adcb0-1.jpg 1800w, https:\/\/loudavymkrokem.cz\/wp-content\/uploads\/2026\/09\/nemecko-clanky-termaly-nemecko-48-a26adcb0-1-300x200.jpg 300w, https:\/\/loudavymkrokem.cz\/wp-content\/uploads\/2026\/09\/nemecko-clanky-termaly-nemecko-48-a26adcb0-1-700x467.jpg 700w, https:\/\/loudavymkrokem.cz\/wp-content\/uploads\/2026\/09\/nemecko-clanky-termaly-nemecko-48-a26adcb0-1-768x512.jpg 768w, https:\/\/loudavymkrokem.cz\/wp-content\/uploads\/2026\/09\/nemecko-clanky-termaly-nemecko-48-a26adcb0-1-1536x1024.jpg 1536w, https:\/\/loudavymkrokem.cz\/wp-content\/uploads\/2026\/09\/nemecko-clanky-termaly-nemecko-48-a26adcb0-1-696x464.jpg 696w, https:\/\/loudavymkrokem.cz\/wp-content\/uploads\/2026\/09\/nemecko-clanky-termaly-nemecko-48-a26adcb0-1-1392x928.jpg 1392w\" sizes=\"(max-width: 1800px) 100vw, 1800px\" \/><button\n\t\t\tclass=\"lightbox-trigger\"\n\t\t\ttype=\"button\"\n\t\t\taria-haspopup=\"dialog\"\n\t\t\tdata-wp-bind--aria-label=\"state.thisImage.triggerButtonAriaLabel\"\n\t\t\tdata-wp-init=\"callbacks.initTriggerButton\"\n\t\t\tdata-wp-on--click=\"actions.showLightbox\"\n\t\t\tdata-wp-style--right=\"state.thisImage.buttonRight\"\n\t\t\tdata-wp-style--top=\"state.thisImage.buttonTop\"\n\t\t>\n\t\t\t<svg xmlns=\"http:\/\/www.w3.org\/2000\/svg\" width=\"12\" height=\"12\" fill=\"none\" viewBox=\"0 0 12 12\">\n\t\t\t\t<path fill=\"#fff\" d=\"M2 0a2 2 0 0 0-2 2v2h1.5V2a.5.5 0 0 1 .5-.5h2V0H2Zm2 10.5H2a.5.5 0 0 1-.5-.5V8H0v2a2 2 0 0 0 2 2h2v-1.5ZM8 12v-1.5h2a.5.5 0 0 0 .5-.5V8H12v2a2 2 0 0 1-2 2H8Zm2-12a2 2 0 0 1 2 2v2h-1.5V2a.5.5 0 0 0-.5-.5H8V0h2Z\" \/>\n\t\t\t<\/svg>\n\t\t<\/button><\/figure>\n\n\n\n<h3 class=\"wp-block-heading\"><span class=\"ez-toc-section\" id=\"39_Havel_Therme_Werder_an_der_Havel\"><\/span>39. Havel Therme (Werder an der Havel)<span class=\"ez-toc-section-end\"><\/span><\/h3>\n\n\n\n<p class=\"wp-block-paragraph\">Chiar la marginea Berlinului, \u00een or\u0103\u0219elul Werder, se afl\u0103 <strong>Havel Therme<\/strong>, care te va entuziasma cu pozi\u021bia sa superb\u0103. Atrac\u021bia o reprezint\u0103 mai ales <strong>bazinul interior cu bar \u00een piscin\u0103 \u0219i temperatura de 36 \u00b0C<\/strong>, unde po\u021bi savura o b\u0103utur\u0103 direct \u00een ap\u0103. \u00centregul complex este conceput \u00eentr-un minunat stil mediteraneean \u0219i \u00ee\u0219i vor g\u0103si locul aici mai ales vizitatorii adul\u021bi care caut\u0103 lini\u0219te \u0219i relaxare dup\u0103 o zi grea.<\/p>\n\n\n\n<p class=\"wp-block-paragraph\">Bazinele de aici ofer\u0103 mult spa\u021biu de odihn\u0103 afar\u0103 \u0219i \u00een\u0103untru. Pe orice vreme te po\u021bi scufunda \u00een marele <strong>bazin termal exterior de 235 m\u00b2 cu temperatura de 34 \u00b0C<\/strong>. Dac\u0103 adori c\u0103ldura, nu rata nici b\u0103ile de aburi, unde te a\u0219teapt\u0103 pl\u0103cu\u021bii 45 \u00b0C, sau baia special\u0103 cu temperatura de 43 \u00b0C, destinat\u0103 peelingurilor de regenerare \u0219i procedurilor cu n\u0103mol vindec\u0103tor.<\/p>\n\n\n\n<p class=\"wp-block-paragraph\">Pentru iubitorii saunatului este preg\u0103tit\u0103 o lume \u00eentins\u0103 de saune. \u00cen mijlocul gr\u0103dinii mediteraneene de saune vei g\u0103si un <strong>bazin exterior panoramic cu ap\u0103 cald\u0103 de 34 \u00b0C<\/strong>, \u00een care se intr\u0103 \u00eens\u0103 strict f\u0103r\u0103 costum de baie. <strong>\ud83d\udca1 Sfat:<\/strong> \u00cen zona de saune se aplic\u0103 o zon\u0103 strict\u0103 f\u0103r\u0103 costum de baie, a\u0219a c\u0103 nu uita s\u0103 iei destule prosoape sau un halat, ca s\u0103 te sim\u021bi confortabil c\u00e2nd treci de la o procedur\u0103 la alta.<\/p>\n\n\n\n<figure data-wp-context=\"{&quot;imageId&quot;:&quot;6a9c370264bfa&quot;}\" data-wp-interactive=\"core\/image\" data-wp-key=\"6a9c370264bfa\" class=\"wp-block-image size-full wp-lightbox-container\"><img decoding=\"async\" width=\"1800\" height=\"1199\" data-wp-class--hide=\"state.isContentHidden\" data-wp-class--show=\"state.isContentVisible\" data-wp-init=\"callbacks.setButtonStyles\" data-wp-on--click=\"actions.showLightbox\" data-wp-on--load=\"callbacks.setButtonStyles\" data-wp-on--pointerdown=\"actions.preloadImage\" data-wp-on--pointerenter=\"actions.preloadImageWithDelay\" data-wp-on--pointerleave=\"actions.cancelPreload\" data-wp-on-window--resize=\"callbacks.setButtonStyles\" src=\"https:\/\/loudavymkrokem.cz\/wp-content\/uploads\/2026\/09\/nemecko-clanky-termaly-nemecko-49-71f9a6ee-1.jpg\" alt=\"Spreewald Therme (Burg)\" class=\"wp-image-415377\" title=\"\" srcset=\"https:\/\/loudavymkrokem.cz\/wp-content\/uploads\/2026\/09\/nemecko-clanky-termaly-nemecko-49-71f9a6ee-1.jpg 1800w, https:\/\/loudavymkrokem.cz\/wp-content\/uploads\/2026\/09\/nemecko-clanky-termaly-nemecko-49-71f9a6ee-1-300x200.jpg 300w, https:\/\/loudavymkrokem.cz\/wp-content\/uploads\/2026\/09\/nemecko-clanky-termaly-nemecko-49-71f9a6ee-1-700x466.jpg 700w, https:\/\/loudavymkrokem.cz\/wp-content\/uploads\/2026\/09\/nemecko-clanky-termaly-nemecko-49-71f9a6ee-1-768x512.jpg 768w, https:\/\/loudavymkrokem.cz\/wp-content\/uploads\/2026\/09\/nemecko-clanky-termaly-nemecko-49-71f9a6ee-1-1536x1023.jpg 1536w, https:\/\/loudavymkrokem.cz\/wp-content\/uploads\/2026\/09\/nemecko-clanky-termaly-nemecko-49-71f9a6ee-1-696x464.jpg 696w, https:\/\/loudavymkrokem.cz\/wp-content\/uploads\/2026\/09\/nemecko-clanky-termaly-nemecko-49-71f9a6ee-1-1392x927.jpg 1392w\" sizes=\"(max-width: 1800px) 100vw, 1800px\" \/><button\n\t\t\tclass=\"lightbox-trigger\"\n\t\t\ttype=\"button\"\n\t\t\taria-haspopup=\"dialog\"\n\t\t\tdata-wp-bind--aria-label=\"state.thisImage.triggerButtonAriaLabel\"\n\t\t\tdata-wp-init=\"callbacks.initTriggerButton\"\n\t\t\tdata-wp-on--click=\"actions.showLightbox\"\n\t\t\tdata-wp-style--right=\"state.thisImage.buttonRight\"\n\t\t\tdata-wp-style--top=\"state.thisImage.buttonTop\"\n\t\t>\n\t\t\t<svg xmlns=\"http:\/\/www.w3.org\/2000\/svg\" width=\"12\" height=\"12\" fill=\"none\" viewBox=\"0 0 12 12\">\n\t\t\t\t<path fill=\"#fff\" d=\"M2 0a2 2 0 0 0-2 2v2h1.5V2a.5.5 0 0 1 .5-.5h2V0H2Zm2 10.5H2a.5.5 0 0 1-.5-.5V8H0v2a2 2 0 0 0 2 2h2v-1.5ZM8 12v-1.5h2a.5.5 0 0 0 .5-.5V8H12v2a2 2 0 0 1-2 2H8Zm2-12a2 2 0 0 1 2 2v2h-1.5V2a.5.5 0 0 0-.5-.5H8V0h2Z\" \/>\n\t\t\t<\/svg>\n\t\t<\/button><\/figure>\n\n\n\n<h3 class=\"wp-block-heading\"><span class=\"ez-toc-section\" id=\"40_Spreewald_Therme_Burg\"><\/span>40. Spreewald Therme (Burg)<span class=\"ez-toc-section-end\"><\/span><\/h3>\n\n\n\n<p class=\"wp-block-paragraph\">Dac\u0103 te \u00eendrep\u021bi spre fermec\u0103toarea zon\u0103 plin\u0103 de canale acvatice, nu rata <strong>Spreewald Therme<\/strong> din comuna Burg. Acest complex se remarc\u0103 mai ales prin <strong>saramura termal\u0103 vindec\u0103toare<\/strong>, care are \u00een diferitele bazine o concentra\u021bie de la 2,5% p\u00e2n\u0103 la impresionan\u021bii 8%. Este un loc ideal pentru to\u021bi cei care vor s\u0103 \u00eembine excursiile \u00een natura pitoreasc\u0103 cu grija pentru s\u0103n\u0103tate \u0219i c\u0103ile respiratorii.<\/p>\n\n\n\n<p class=\"wp-block-paragraph\">\u00cen\u0103untru te a\u0219teapt\u0103 mai multe bazine cu temperaturi diferite, a\u0219a c\u0103 fiecare \u00ee\u0219i va g\u0103si exact ceea ce dore\u0219te. Te po\u021bi \u00eenc\u0103lzi \u00een bazine cu temperatura de <strong>la 34 \u00b0C p\u00e2n\u0103 la frumos de calzii 38 \u00b0C<\/strong> sau, dimpotriv\u0103, te po\u021bi r\u0103ci \u00een bazinul rece, care are doar 18 \u00b0C. Dac\u0103 \u00ee\u021bi place s\u0103 \u00eencerci ceva nou, te va atrage saun\u0103 de aburi local\u0103, unde la temperatura de 47 \u00b0C se men\u021bine o umiditate a aerului de sut\u0103 la sut\u0103.<\/p>\n\n\n\n<p class=\"wp-block-paragraph\">Conform listei de pre\u021buri pentru 2026, biletul de baz\u0103 de dou\u0103 ore la bazine cost\u0103 21 \u20ac, \u00een timp ce <strong>biletul combinat cu saunele cost\u0103 27 \u20ac<\/strong>. \u00cen weekend \u0219i de s\u0103rb\u0103tori \u021bine cont de un supliment de 2 \u20ac \u0219i \u00ee\u021bi po\u021bi \u00eemprumuta aici \u0219i un halat la 7 \u20ac sau rezerva un \u0219ezlong la 7,50 \u20ac. <strong>\ud83d\udca1 Sfat:<\/strong> Dac\u0103 inten\u021bionezi s\u0103 c\u0103l\u0103tore\u0219ti cu transportul local Cottbusverkehr, \u00eentreab\u0103 de specialul Wellnessticket, care pentru un adult cost\u0103 23 \u20ac, iar pentru copiii sub doisprezece ani 17 \u20ac.<\/p>\n\n\n\n<figure data-wp-context=\"{&quot;imageId&quot;:&quot;6a9c3702651cc&quot;}\" data-wp-interactive=\"core\/image\" data-wp-key=\"6a9c3702651cc\" class=\"wp-block-image size-full wp-lightbox-container\"><img decoding=\"async\" width=\"1800\" height=\"881\" data-wp-class--hide=\"state.isContentHidden\" data-wp-class--show=\"state.isContentVisible\" data-wp-init=\"callbacks.setButtonStyles\" data-wp-on--click=\"actions.showLightbox\" data-wp-on--load=\"callbacks.setButtonStyles\" data-wp-on--pointerdown=\"actions.preloadImage\" data-wp-on--pointerenter=\"actions.preloadImageWithDelay\" data-wp-on--pointerleave=\"actions.cancelPreload\" data-wp-on-window--resize=\"callbacks.setButtonStyles\" src=\"https:\/\/loudavymkrokem.cz\/wp-content\/uploads\/2026\/09\/nemecko-clanky-termaly-nemecko-50-ecf98ec5-1.jpg\" alt=\"NaturThermeTemplin (Templin): zona de saune\" class=\"wp-image-415380\" title=\"\" srcset=\"https:\/\/loudavymkrokem.cz\/wp-content\/uploads\/2026\/09\/nemecko-clanky-termaly-nemecko-50-ecf98ec5-1.jpg 1800w, https:\/\/loudavymkrokem.cz\/wp-content\/uploads\/2026\/09\/nemecko-clanky-termaly-nemecko-50-ecf98ec5-1-300x147.jpg 300w, https:\/\/loudavymkrokem.cz\/wp-content\/uploads\/2026\/09\/nemecko-clanky-termaly-nemecko-50-ecf98ec5-1-700x343.jpg 700w, https:\/\/loudavymkrokem.cz\/wp-content\/uploads\/2026\/09\/nemecko-clanky-termaly-nemecko-50-ecf98ec5-1-768x376.jpg 768w, https:\/\/loudavymkrokem.cz\/wp-content\/uploads\/2026\/09\/nemecko-clanky-termaly-nemecko-50-ecf98ec5-1-1536x752.jpg 1536w, https:\/\/loudavymkrokem.cz\/wp-content\/uploads\/2026\/09\/nemecko-clanky-termaly-nemecko-50-ecf98ec5-1-696x341.jpg 696w, https:\/\/loudavymkrokem.cz\/wp-content\/uploads\/2026\/09\/nemecko-clanky-termaly-nemecko-50-ecf98ec5-1-1392x681.jpg 1392w\" sizes=\"(max-width: 1800px) 100vw, 1800px\" \/><button\n\t\t\tclass=\"lightbox-trigger\"\n\t\t\ttype=\"button\"\n\t\t\taria-haspopup=\"dialog\"\n\t\t\tdata-wp-bind--aria-label=\"state.thisImage.triggerButtonAriaLabel\"\n\t\t\tdata-wp-init=\"callbacks.initTriggerButton\"\n\t\t\tdata-wp-on--click=\"actions.showLightbox\"\n\t\t\tdata-wp-style--right=\"state.thisImage.buttonRight\"\n\t\t\tdata-wp-style--top=\"state.thisImage.buttonTop\"\n\t\t>\n\t\t\t<svg xmlns=\"http:\/\/www.w3.org\/2000\/svg\" width=\"12\" height=\"12\" fill=\"none\" viewBox=\"0 0 12 12\">\n\t\t\t\t<path fill=\"#fff\" d=\"M2 0a2 2 0 0 0-2 2v2h1.5V2a.5.5 0 0 1 .5-.5h2V0H2Zm2 10.5H2a.5.5 0 0 1-.5-.5V8H0v2a2 2 0 0 0 2 2h2v-1.5ZM8 12v-1.5h2a.5.5 0 0 0 .5-.5V8H12v2a2 2 0 0 1-2 2H8Zm2-12a2 2 0 0 1 2 2v2h-1.5V2a.5.5 0 0 0-.5-.5H8V0h2Z\" \/>\n\t\t\t<\/svg>\n\t\t<\/button><\/figure>\n\n\n\n<h3 class=\"wp-block-heading\"><span class=\"ez-toc-section\" id=\"41_NaturThermeTemplin_Templin\"><\/span>41. NaturThermeTemplin (Templin)<span class=\"ez-toc-section-end\"><\/span><\/h3>\n\n\n\n<p class=\"wp-block-paragraph\">\u00cen partea de nord-est a Brandenburgului te invit\u0103 la o vizit\u0103 <strong>NaturThermeTemplin<\/strong>, un complex termal \u0219i de distrac\u021bie \u00eendr\u0103git \u00een mijlocul p\u0103durilor din Uckermark. Atrac\u021bia principal\u0103 este saramura termal\u0103 local\u0103, <strong>cu o concentra\u021bie de 1 p\u00e2n\u0103 la 6%<\/strong>, care izvor\u0103\u0219te ad\u00e2nc sub p\u0103m\u00e2nt \u0219i atinge pl\u0103cute temperaturi de la 30 p\u00e2n\u0103 la 36 \u00b0C. Este o alegere excelent\u0103 at\u00e2t pentru familii, c\u00e2t \u0219i pentru cupluri, pentru c\u0103 complexul combin\u0103 b\u0103ile lini\u0219tite cu o odihn\u0103 mai activ\u0103.<\/p>\n\n\n\n<p class=\"wp-block-paragraph\">Apa din izvorul local \u00eendepline\u0219te criterii stricte pentru denumirea de ap\u0103 termal\u0103 vindec\u0103toare, pentru c\u0103 deja la izvor\u00e2re are o temperatur\u0103 mai mare de 20 \u00b0C. Dup\u0103 prelucrarea ulterioar\u0103, po\u021bi savura astfel <strong>efectele binef\u0103c\u0103toare ale apei s\u0103rate calde<\/strong>, care te ridic\u0103 frumos \u0219i relaxeaz\u0103 mu\u0219chii obosi\u021bi. \u00cen complex se poate petrece lini\u0219tit o zi \u00eentreag\u0103, pentru c\u0103 ofer\u0103 destul spa\u021biu pentru \u00eenot, relaxare \u0219i \u00eenc\u0103lzire.<\/p>\n\n\n\n<p class=\"wp-block-paragraph\">Lista de pre\u021buri pentru 2026 arat\u0103 c\u0103 pentru trecerea \u00een lumea saunelor vei pl\u0103ti un <strong>supliment unic de 4 \u20ac<\/strong>. Dac\u0103 vii \u00een weekend sau de s\u0103rb\u0103tori, \u021bine cont \u00eenc\u0103 de un supliment de weekend de 3 \u20ac, care se aplic\u0103 \u00eens\u0103 doar vizitatorilor adul\u021bi. <strong>\ud83d\udca1 Sfat:<\/strong> Urm\u0103re\u0219te atent prognoza meteo, pentru c\u0103, dac\u0103 meteorologii anun\u021b\u0103 25 \u00b0C sau mai mult, la terme se aplic\u0103 tariful de var\u0103 mai avantajos.<\/p>\n\n\n\n<figure data-wp-context=\"{&quot;imageId&quot;:&quot;6a9c3702658e9&quot;}\" data-wp-interactive=\"core\/image\" data-wp-key=\"6a9c3702658e9\" class=\"wp-block-image size-full wp-lightbox-container\"><img decoding=\"async\" width=\"1800\" height=\"900\" data-wp-class--hide=\"state.isContentHidden\" data-wp-class--show=\"state.isContentVisible\" data-wp-init=\"callbacks.setButtonStyles\" data-wp-on--click=\"actions.showLightbox\" data-wp-on--load=\"callbacks.setButtonStyles\" data-wp-on--pointerdown=\"actions.preloadImage\" data-wp-on--pointerenter=\"actions.preloadImageWithDelay\" data-wp-on--pointerleave=\"actions.cancelPreload\" data-wp-on-window--resize=\"callbacks.setButtonStyles\" src=\"https:\/\/loudavymkrokem.cz\/wp-content\/uploads\/2026\/09\/nemecko-clanky-termaly-nemecko-51-a4b55ee4-1.jpg\" alt=\"Zona de saune a Spreewelten Bad din L\u00fcbbenau\" class=\"wp-image-415385\" title=\"\" srcset=\"https:\/\/loudavymkrokem.cz\/wp-content\/uploads\/2026\/09\/nemecko-clanky-termaly-nemecko-51-a4b55ee4-1.jpg 1800w, https:\/\/loudavymkrokem.cz\/wp-content\/uploads\/2026\/09\/nemecko-clanky-termaly-nemecko-51-a4b55ee4-1-300x150.jpg 300w, https:\/\/loudavymkrokem.cz\/wp-content\/uploads\/2026\/09\/nemecko-clanky-termaly-nemecko-51-a4b55ee4-1-700x350.jpg 700w, https:\/\/loudavymkrokem.cz\/wp-content\/uploads\/2026\/09\/nemecko-clanky-termaly-nemecko-51-a4b55ee4-1-768x384.jpg 768w, https:\/\/loudavymkrokem.cz\/wp-content\/uploads\/2026\/09\/nemecko-clanky-termaly-nemecko-51-a4b55ee4-1-1536x768.jpg 1536w, https:\/\/loudavymkrokem.cz\/wp-content\/uploads\/2026\/09\/nemecko-clanky-termaly-nemecko-51-a4b55ee4-1-696x348.jpg 696w, https:\/\/loudavymkrokem.cz\/wp-content\/uploads\/2026\/09\/nemecko-clanky-termaly-nemecko-51-a4b55ee4-1-1392x696.jpg 1392w\" sizes=\"(max-width: 1800px) 100vw, 1800px\" \/><button\n\t\t\tclass=\"lightbox-trigger\"\n\t\t\ttype=\"button\"\n\t\t\taria-haspopup=\"dialog\"\n\t\t\tdata-wp-bind--aria-label=\"state.thisImage.triggerButtonAriaLabel\"\n\t\t\tdata-wp-init=\"callbacks.initTriggerButton\"\n\t\t\tdata-wp-on--click=\"actions.showLightbox\"\n\t\t\tdata-wp-style--right=\"state.thisImage.buttonRight\"\n\t\t\tdata-wp-style--top=\"state.thisImage.buttonTop\"\n\t\t>\n\t\t\t<svg xmlns=\"http:\/\/www.w3.org\/2000\/svg\" width=\"12\" height=\"12\" fill=\"none\" viewBox=\"0 0 12 12\">\n\t\t\t\t<path fill=\"#fff\" d=\"M2 0a2 2 0 0 0-2 2v2h1.5V2a.5.5 0 0 1 .5-.5h2V0H2Zm2 10.5H2a.5.5 0 0 1-.5-.5V8H0v2a2 2 0 0 0 2 2h2v-1.5ZM8 12v-1.5h2a.5.5 0 0 0 .5-.5V8H12v2a2 2 0 0 1-2 2H8Zm2-12a2 2 0 0 1 2 2v2h-1.5V2a.5.5 0 0 0-.5-.5H8V0h2Z\" \/>\n\t\t\t<\/svg>\n\t\t<\/button><\/figure>\n\n\n\n<h3 class=\"wp-block-heading\"><span class=\"ez-toc-section\" id=\"42_Spreewelten_Bad_Lubbenau_Lubbenau\"><\/span>42. Spreewelten Bad L\u00fcbbenau (L\u00fcbbenau)<span class=\"ez-toc-section-end\"><\/span><\/h3>\n\n\n\n<p class=\"wp-block-paragraph\">Aceasta e cea mai original\u0103 baie termal\u0103 din tot articolul, pentru c\u0103 operatorii \u00een\u0219i\u0219i spun despre ei: <strong>\u201enoi suntem cei cu pinguinii&#8221;<\/strong>. \u00cen complexul din L\u00fcbbenau, bazinul se \u00eenvecineaz\u0103 cu un \u021barc de pinguini, pe care \u00eei despart doar pere\u021bi de sticl\u0103, a\u0219a c\u0103, la \u00eenot, ai ace\u0219ti pinguini chiar la \u00eendem\u00e2n\u0103. Pentru familiile cu copii este o experien\u021b\u0103 care nic\u0103ieri altundeva \u00een Germania nu se poate repeta.<\/p>\n\n\n\n<p class=\"wp-block-paragraph\">\u00cen jurul pinguinilor este construit un program \u00eentreg: se organizeaz\u0103 <strong>hr\u0103nire comentat\u0103 \u0219i un tur VIP al \u021barcului<\/strong>, iar copiii mai mici au propriul Pingu Kids Club. Pe l\u00e2ng\u0103 bazinul de experien\u021be \u0219i tobogan, aici func\u021bioneaz\u0103 \u00eens\u0103 \u0219i o lume complet\u0103 de saune, cu o gam\u0103 foarte larg\u0103 de temperaturi, a\u0219a c\u0103 nici adul\u021bii nu ies \u00een pierdere. Complexul include \u0219i un hotel propriu cu wellness, dac\u0103 vrei s\u0103 r\u0103m\u00e2i peste noapte.<\/p>\n\n\n\n<p class=\"wp-block-paragraph\">Po\u021bi alege de la s\u0103li de \u00eenc\u0103lzire bl\u00e2nde cu <strong>40 p\u00e2n\u0103 la 50 \u00b0C<\/strong>, trec\u00e2nd prin saune moderat de calde cu 60, 70 \u0219i 80 \u00b0C, p\u00e2n\u0103 la adev\u0103ra\u021bi diavoli cu 85 \u0219i <strong>95 \u00b0C<\/strong>. La lumea saunelor au voie copiii abia de la 7 ani, iar intrarea lor de o zi \u00eentreag\u0103 cost\u0103 8 euro. <strong>\ud83d\udca1 Sfat:<\/strong> Dac\u0103 vrei s\u0103-i vezi pe pinguini activi, planific\u0103-\u021bi vizita la ora hr\u0103nirii, pe care operatorul o afi\u0219eaz\u0103 pe site-ul s\u0103u.<\/p>\n\n\n\n<figure data-wp-context=\"{&quot;imageId&quot;:&quot;6a9c370266203&quot;}\" data-wp-interactive=\"core\/image\" data-wp-key=\"6a9c370266203\" class=\"wp-block-image size-full wp-lightbox-container\"><img decoding=\"async\" width=\"1800\" height=\"852\" data-wp-class--hide=\"state.isContentHidden\" data-wp-class--show=\"state.isContentVisible\" data-wp-init=\"callbacks.setButtonStyles\" data-wp-on--click=\"actions.showLightbox\" data-wp-on--load=\"callbacks.setButtonStyles\" data-wp-on--pointerdown=\"actions.preloadImage\" data-wp-on--pointerenter=\"actions.preloadImageWithDelay\" data-wp-on--pointerleave=\"actions.cancelPreload\" data-wp-on-window--resize=\"callbacks.setButtonStyles\" src=\"https:\/\/loudavymkrokem.cz\/wp-content\/uploads\/2026\/09\/nemecko-clanky-termaly-nemecko-52-6414cd66.jpg\" alt=\"Lacul s\u0103rat exterior al Kristalltherme din Bad Wilsnack\" class=\"wp-image-415515\" title=\"\" srcset=\"https:\/\/loudavymkrokem.cz\/wp-content\/uploads\/2026\/09\/nemecko-clanky-termaly-nemecko-52-6414cd66.jpg 1800w, https:\/\/loudavymkrokem.cz\/wp-content\/uploads\/2026\/09\/nemecko-clanky-termaly-nemecko-52-6414cd66-300x142.jpg 300w, https:\/\/loudavymkrokem.cz\/wp-content\/uploads\/2026\/09\/nemecko-clanky-termaly-nemecko-52-6414cd66-700x331.jpg 700w, https:\/\/loudavymkrokem.cz\/wp-content\/uploads\/2026\/09\/nemecko-clanky-termaly-nemecko-52-6414cd66-768x364.jpg 768w, https:\/\/loudavymkrokem.cz\/wp-content\/uploads\/2026\/09\/nemecko-clanky-termaly-nemecko-52-6414cd66-1536x727.jpg 1536w, https:\/\/loudavymkrokem.cz\/wp-content\/uploads\/2026\/09\/nemecko-clanky-termaly-nemecko-52-6414cd66-696x329.jpg 696w, https:\/\/loudavymkrokem.cz\/wp-content\/uploads\/2026\/09\/nemecko-clanky-termaly-nemecko-52-6414cd66-1392x659.jpg 1392w\" sizes=\"(max-width: 1800px) 100vw, 1800px\" \/><button\n\t\t\tclass=\"lightbox-trigger\"\n\t\t\ttype=\"button\"\n\t\t\taria-haspopup=\"dialog\"\n\t\t\tdata-wp-bind--aria-label=\"state.thisImage.triggerButtonAriaLabel\"\n\t\t\tdata-wp-init=\"callbacks.initTriggerButton\"\n\t\t\tdata-wp-on--click=\"actions.showLightbox\"\n\t\t\tdata-wp-style--right=\"state.thisImage.buttonRight\"\n\t\t\tdata-wp-style--top=\"state.thisImage.buttonTop\"\n\t\t>\n\t\t\t<svg xmlns=\"http:\/\/www.w3.org\/2000\/svg\" width=\"12\" height=\"12\" fill=\"none\" viewBox=\"0 0 12 12\">\n\t\t\t\t<path fill=\"#fff\" d=\"M2 0a2 2 0 0 0-2 2v2h1.5V2a.5.5 0 0 1 .5-.5h2V0H2Zm2 10.5H2a.5.5 0 0 1-.5-.5V8H0v2a2 2 0 0 0 2 2h2v-1.5ZM8 12v-1.5h2a.5.5 0 0 0 .5-.5V8H12v2a2 2 0 0 1-2 2H8Zm2-12a2 2 0 0 1 2 2v2h-1.5V2a.5.5 0 0 0-.5-.5H8V0h2Z\" \/>\n\t\t\t<\/svg>\n\t\t<\/button><\/figure>\n\n\n\n<h3 class=\"wp-block-heading\"><span class=\"ez-toc-section\" id=\"43_Kristalltherme_Bad_Wilsnack_Bad_Wilsnack\"><\/span>43. Kristalltherme Bad Wilsnack (Bad Wilsnack)<span class=\"ez-toc-section-end\"><\/span><\/h3>\n\n\n\n<p class=\"wp-block-paragraph\">Un complex uria\u0219, cu o suprafa\u021b\u0103 de aproape 12.000 m\u00b2, ofer\u0103 renumita <strong>Kristalltherme Bad Wilsnack<\/strong>. M\u00e2ndria sa absolut\u0103 este izvorul termal propriu, care se extrage de la o ad\u00e2ncime impresionant\u0103 de 1.018 metri \u0219i izvor\u0103\u0219te la suprafa\u021b\u0103 cu o temperatur\u0103 de 39 \u00b0C. <strong>Apa con\u021bine o cantitate mare de fier \u0219i iod<\/strong> \u0219i, datorit\u0103 concentra\u021biei de sare de la 1,5% p\u00e2n\u0103 la 24%, te scalzi aici de-a dreptul \u00een s\u0103n\u0103tate.<\/p>\n\n\n\n<p class=\"wp-block-paragraph\">Vei g\u0103si aici un bazin cu o concentra\u021bie de sare de 24% \u0219i temperatura de 32 \u00b0C, \u00een care vei pluti ca \u00een Marea Moart\u0103. Celelalte bazine cu ap\u0103 vindec\u0103toare au de obicei pl\u0103cu\u021bii 34 p\u00e2n\u0103 la 36 \u00b0C, iar mineralele din ele func\u021bioneaz\u0103 ca un <strong>peeling natural pentru catifelarea pielii<\/strong>. \u00cen apa de 34 de grade cu con\u021binut mai sc\u0103zut de sare au loc chiar exerci\u021bii regulate, sub \u00eendrumarea unor antrenori experimenta\u021bi.<\/p>\n\n\n\n<p class=\"wp-block-paragraph\">Te po\u021bi \u00eenc\u0103lzi \u00een total \u00een 8 saune tematice cu temperaturi de la 70 p\u00e2n\u0103 la 100 \u00b0C, dintre care trei sunt \u00een\u0103untru \u0219i cinci afar\u0103. Conform listei de pre\u021buri pentru 2026, pentru <strong>suplimentul de saun\u0103 la biletul de o zi \u00eentreag\u0103 vei pl\u0103ti 5,50 \u20ac<\/strong>, iar copiii sub 6 ani achit\u0103 4,50 \u20ac. <strong>\ud83d\udca1 Sfat:<\/strong> Dac\u0103 nu vrei s\u0103 cari o geant\u0103 plin\u0103 de haine, po\u021bi \u00eemprumuta la fa\u021ba locului un prosop la 5 \u20ac sau un halat la 7 \u20ac, doar preg\u0103te\u0219te-\u021bi \u00een plus 15 \u20ac pentru garan\u021bia returnabil\u0103.<\/p>\n\n\n\n<figure data-wp-context=\"{&quot;imageId&quot;:&quot;6a9c3702666dd&quot;}\" data-wp-interactive=\"core\/image\" data-wp-key=\"6a9c3702666dd\" class=\"wp-block-image size-full wp-lightbox-container\"><img decoding=\"async\" width=\"1800\" height=\"1199\" data-wp-class--hide=\"state.isContentHidden\" data-wp-class--show=\"state.isContentVisible\" data-wp-init=\"callbacks.setButtonStyles\" data-wp-on--click=\"actions.showLightbox\" data-wp-on--load=\"callbacks.setButtonStyles\" data-wp-on--pointerdown=\"actions.preloadImage\" data-wp-on--pointerenter=\"actions.preloadImageWithDelay\" data-wp-on--pointerleave=\"actions.cancelPreload\" data-wp-on-window--resize=\"callbacks.setButtonStyles\" src=\"https:\/\/loudavymkrokem.cz\/wp-content\/uploads\/2026\/09\/nemecko-clanky-termaly-nemecko-53-7b17d971-1.jpg\" alt=\"vabali spa Berlin (Berlin)\" class=\"wp-image-415394\" title=\"\" srcset=\"https:\/\/loudavymkrokem.cz\/wp-content\/uploads\/2026\/09\/nemecko-clanky-termaly-nemecko-53-7b17d971-1.jpg 1800w, https:\/\/loudavymkrokem.cz\/wp-content\/uploads\/2026\/09\/nemecko-clanky-termaly-nemecko-53-7b17d971-1-300x200.jpg 300w, https:\/\/loudavymkrokem.cz\/wp-content\/uploads\/2026\/09\/nemecko-clanky-termaly-nemecko-53-7b17d971-1-700x466.jpg 700w, https:\/\/loudavymkrokem.cz\/wp-content\/uploads\/2026\/09\/nemecko-clanky-termaly-nemecko-53-7b17d971-1-768x512.jpg 768w, https:\/\/loudavymkrokem.cz\/wp-content\/uploads\/2026\/09\/nemecko-clanky-termaly-nemecko-53-7b17d971-1-1536x1023.jpg 1536w, https:\/\/loudavymkrokem.cz\/wp-content\/uploads\/2026\/09\/nemecko-clanky-termaly-nemecko-53-7b17d971-1-696x464.jpg 696w, https:\/\/loudavymkrokem.cz\/wp-content\/uploads\/2026\/09\/nemecko-clanky-termaly-nemecko-53-7b17d971-1-1392x927.jpg 1392w\" sizes=\"(max-width: 1800px) 100vw, 1800px\" \/><button\n\t\t\tclass=\"lightbox-trigger\"\n\t\t\ttype=\"button\"\n\t\t\taria-haspopup=\"dialog\"\n\t\t\tdata-wp-bind--aria-label=\"state.thisImage.triggerButtonAriaLabel\"\n\t\t\tdata-wp-init=\"callbacks.initTriggerButton\"\n\t\t\tdata-wp-on--click=\"actions.showLightbox\"\n\t\t\tdata-wp-style--right=\"state.thisImage.buttonRight\"\n\t\t\tdata-wp-style--top=\"state.thisImage.buttonTop\"\n\t\t>\n\t\t\t<svg xmlns=\"http:\/\/www.w3.org\/2000\/svg\" width=\"12\" height=\"12\" fill=\"none\" viewBox=\"0 0 12 12\">\n\t\t\t\t<path fill=\"#fff\" d=\"M2 0a2 2 0 0 0-2 2v2h1.5V2a.5.5 0 0 1 .5-.5h2V0H2Zm2 10.5H2a.5.5 0 0 1-.5-.5V8H0v2a2 2 0 0 0 2 2h2v-1.5ZM8 12v-1.5h2a.5.5 0 0 0 .5-.5V8H12v2a2 2 0 0 1-2 2H8Zm2-12a2 2 0 0 1 2 2v2h-1.5V2a.5.5 0 0 0-.5-.5H8V0h2Z\" \/>\n\t\t\t<\/svg>\n\t\t<\/button><\/figure>\n\n\n\n<h3 class=\"wp-block-heading\"><span class=\"ez-toc-section\" id=\"44_vabali_spa_Berlin_Berlin\"><\/span>44. vabali spa Berlin (Berlin)<span class=\"ez-toc-section-end\"><\/span><\/h3>\n\n\n\n<p class=\"wp-block-paragraph\">Dac\u0103 e\u0219ti \u00een c\u0103utarea unei evad\u0103ri din agita\u021bia marelui ora\u0219, \u00eendreapt\u0103-te spre <strong>vabali spa Berlin<\/strong>, care se afl\u0103 chiar \u00een inima metropolei germane. Acest complex unic este conceput ca o <strong>autentic\u0103 oaz\u0103 wellness balinez\u0103<\/strong>, unde te vor \u00eenconjura construc\u021bii tradi\u021bionale din lemn, sculpturi \u0219i materiale aduse direct din Indonezia. Mediul de aici se axeaz\u0103 exclusiv pe lini\u0219te \u0219i pe vizitatori adul\u021bi, a\u0219a c\u0103 uit\u0103 de tobogane \u0219i de \u021bipetele copiilor.<\/p>\n\n\n\n<p class=\"wp-block-paragraph\">Complexul ofer\u0103 <strong>13 saune \u0219i b\u0103i de aburi<\/strong>, completate de 4 bazine r\u0103coritoare. Oferta este variat\u0103 \u0219i mul\u021bume\u0219te orice amator de saune. Po\u021bi \u00eencerca saun\u0103 panoramic\u0103 Pandangan sau saun\u0103 de medita\u021bie Jiwa cu pl\u0103cu\u021bii 70 \u00b0C, eventual saun\u0103 de mesteac\u0103n Kayu. Pentru iubitorii de temperaturi mai ridicate sunt preg\u0103tite saunele cu Aufguss Awan, Di Luar sau Di Dalam, unde termometrul arat\u0103 aproximativ 80 \u00b0C.<\/p>\n\n\n\n<p class=\"wp-block-paragraph\">Pentru o \u00eenc\u0103lzire mai bl\u00e2nd\u0103 serve\u0219te apoi saun\u0103 cu ierburi Bali Boreh cu 70 \u00b0C sau bl\u00e2ndul laconium \u00eenc\u0103lzit la 45 \u00b0C. Conform listei de pre\u021buri pentru 2026, <strong>intrarea de patru ore te cost\u0103 \u00een zilele lucr\u0103toare 36,50 \u20ac<\/strong>, \u00een timp ce \u00een weekend \u0219i de s\u0103rb\u0103tori achi\u021bi 39,50 \u20ac. <strong>\ud83d\udca1 Sfat:<\/strong> Acest \u00eendr\u0103git complex berlinez este de obicei foarte plin \u00een weekend, de aceea vino aici ideal chiar diminea\u021ba sau \u00een timpul s\u0103pt\u0103m\u00e2nii, c\u00e2nd vei savura atmosfera balinez\u0103 \u00eentr-o lini\u0219te mult mai mare.<\/p>\n\n\n\n<figure data-wp-context=\"{&quot;imageId&quot;:&quot;6a9c370266be2&quot;}\" data-wp-interactive=\"core\/image\" data-wp-key=\"6a9c370266be2\" class=\"wp-block-image size-full wp-lightbox-container\"><img decoding=\"async\" width=\"1800\" height=\"1348\" data-wp-class--hide=\"state.isContentHidden\" data-wp-class--show=\"state.isContentVisible\" data-wp-init=\"callbacks.setButtonStyles\" data-wp-on--click=\"actions.showLightbox\" data-wp-on--load=\"callbacks.setButtonStyles\" data-wp-on--pointerdown=\"actions.preloadImage\" data-wp-on--pointerenter=\"actions.preloadImageWithDelay\" data-wp-on--pointerleave=\"actions.cancelPreload\" data-wp-on-window--resize=\"callbacks.setButtonStyles\" src=\"https:\/\/loudavymkrokem.cz\/wp-content\/uploads\/2026\/09\/nemecko-clanky-termaly-nemecko-54-eb39270c-1.jpg\" alt=\"Cl\u0103direa Ostsee-Therme din Scharbeutz, l\u00e2ng\u0103 Marea Baltic\u0103\" class=\"wp-image-415398\" title=\"\" srcset=\"https:\/\/loudavymkrokem.cz\/wp-content\/uploads\/2026\/09\/nemecko-clanky-termaly-nemecko-54-eb39270c-1.jpg 1800w, https:\/\/loudavymkrokem.cz\/wp-content\/uploads\/2026\/09\/nemecko-clanky-termaly-nemecko-54-eb39270c-1-300x225.jpg 300w, https:\/\/loudavymkrokem.cz\/wp-content\/uploads\/2026\/09\/nemecko-clanky-termaly-nemecko-54-eb39270c-1-700x524.jpg 700w, https:\/\/loudavymkrokem.cz\/wp-content\/uploads\/2026\/09\/nemecko-clanky-termaly-nemecko-54-eb39270c-1-768x575.jpg 768w, https:\/\/loudavymkrokem.cz\/wp-content\/uploads\/2026\/09\/nemecko-clanky-termaly-nemecko-54-eb39270c-1-1536x1150.jpg 1536w, https:\/\/loudavymkrokem.cz\/wp-content\/uploads\/2026\/09\/nemecko-clanky-termaly-nemecko-54-eb39270c-1-80x60.jpg 80w, https:\/\/loudavymkrokem.cz\/wp-content\/uploads\/2026\/09\/nemecko-clanky-termaly-nemecko-54-eb39270c-1-160x120.jpg 160w, https:\/\/loudavymkrokem.cz\/wp-content\/uploads\/2026\/09\/nemecko-clanky-termaly-nemecko-54-eb39270c-1-696x521.jpg 696w, https:\/\/loudavymkrokem.cz\/wp-content\/uploads\/2026\/09\/nemecko-clanky-termaly-nemecko-54-eb39270c-1-1392x1042.jpg 1392w\" sizes=\"(max-width: 1800px) 100vw, 1800px\" \/><button\n\t\t\tclass=\"lightbox-trigger\"\n\t\t\ttype=\"button\"\n\t\t\taria-haspopup=\"dialog\"\n\t\t\tdata-wp-bind--aria-label=\"state.thisImage.triggerButtonAriaLabel\"\n\t\t\tdata-wp-init=\"callbacks.initTriggerButton\"\n\t\t\tdata-wp-on--click=\"actions.showLightbox\"\n\t\t\tdata-wp-style--right=\"state.thisImage.buttonRight\"\n\t\t\tdata-wp-style--top=\"state.thisImage.buttonTop\"\n\t\t>\n\t\t\t<svg xmlns=\"http:\/\/www.w3.org\/2000\/svg\" width=\"12\" height=\"12\" fill=\"none\" viewBox=\"0 0 12 12\">\n\t\t\t\t<path fill=\"#fff\" d=\"M2 0a2 2 0 0 0-2 2v2h1.5V2a.5.5 0 0 1 .5-.5h2V0H2Zm2 10.5H2a.5.5 0 0 1-.5-.5V8H0v2a2 2 0 0 0 2 2h2v-1.5ZM8 12v-1.5h2a.5.5 0 0 0 .5-.5V8H12v2a2 2 0 0 1-2 2H8Zm2-12a2 2 0 0 1 2 2v2h-1.5V2a.5.5 0 0 0-.5-.5H8V0h2Z\" \/>\n\t\t\t<\/svg>\n\t\t<\/button><figcaption class=\"wp-element-caption\">Foto: qwesy qwesy \/ Wikimedia Commons, CC BY 3.0<\/figcaption><\/figure>\n\n\n\n<h2 class=\"wp-block-heading\"><span class=\"ez-toc-section\" id=\"Bai_termale_in_nord_Marea_Baltica_si_Marea_Nordului\"><\/span>B\u0103i termale \u00een nord: Marea Baltic\u0103 \u0219i Marea Nordului<span class=\"ez-toc-section-end\"><\/span><\/h2>\n\n\n\n<p class=\"wp-block-paragraph\">Nordul Germaniei ofer\u0103 o experien\u021b\u0103 balnear\u0103 cu totul diferit\u0103 de cea cu care suntem obi\u0219nui\u021bi \u00een sud. <strong>Termele de pe malul m\u0103rii<\/strong> de aici profit\u0103 de pozi\u021bia lor excelent\u0103 \u0219i, \u00een locul apei minerale clasice, g\u0103se\u0219ti adesea \u00een ele saramur\u0103 vindec\u0103toare sau <strong>sare rar\u0103 de iod<\/strong>. Priveli\u0219tile din bazine se \u00eendreapt\u0103 \u00een plus nu de pu\u021bine ori direct spre nesf\u00e2r\u0219itul luciu al m\u0103rii sau spre dunele de nisip, ceea ce e o idil\u0103 dac\u0103 adori mirosul oceanului \u0219i aerul proasp\u0103t nordic.<\/p>\n\n\n\n<p class=\"wp-block-paragraph\">Aceste complexe se potrivesc excelent pentru completarea <strong>vacan\u021bei tale de var\u0103 pe Baltic\u0103<\/strong> sau ca salvare \u00een cazul unui weekend ploios \u00een popularul St. Peter-Ording. Fie c\u0103 pleci cu familia, fie c\u0103 e\u0219ti \u00een c\u0103utarea unei evad\u0103ri wellness lini\u0219tite \u00een doi, b\u0103ile din nordul Germaniei te vor entuziasma cu atmosfera lor destins\u0103. Din Rom\u00e2nia e, ce-i drept, un drum mai lung, dar <strong>experien\u021ba merit\u0103 cu siguran\u021b\u0103<\/strong>.<\/p>\n\n\n\n<figure data-wp-context=\"{&quot;imageId&quot;:&quot;6a9c370267194&quot;}\" data-wp-interactive=\"core\/image\" data-wp-key=\"6a9c370267194\" class=\"wp-block-image size-full wp-lightbox-container\"><img decoding=\"async\" width=\"1800\" height=\"2400\" data-wp-class--hide=\"state.isContentHidden\" data-wp-class--show=\"state.isContentVisible\" data-wp-init=\"callbacks.setButtonStyles\" data-wp-on--click=\"actions.showLightbox\" data-wp-on--load=\"callbacks.setButtonStyles\" data-wp-on--pointerdown=\"actions.preloadImage\" data-wp-on--pointerenter=\"actions.preloadImageWithDelay\" data-wp-on--pointerleave=\"actions.cancelPreload\" data-wp-on-window--resize=\"callbacks.setButtonStyles\" src=\"https:\/\/loudavymkrokem.cz\/wp-content\/uploads\/2026\/09\/nemecko-clanky-termaly-nemecko-55-47c15516-1.jpg\" alt=\"Ostsee-Therme (Scharbeutz): turnul termei\" class=\"wp-image-415401\" title=\"\" srcset=\"https:\/\/loudavymkrokem.cz\/wp-content\/uploads\/2026\/09\/nemecko-clanky-termaly-nemecko-55-47c15516-1.jpg 1800w, https:\/\/loudavymkrokem.cz\/wp-content\/uploads\/2026\/09\/nemecko-clanky-termaly-nemecko-55-47c15516-1-225x300.jpg 225w, https:\/\/loudavymkrokem.cz\/wp-content\/uploads\/2026\/09\/nemecko-clanky-termaly-nemecko-55-47c15516-1-700x933.jpg 700w, https:\/\/loudavymkrokem.cz\/wp-content\/uploads\/2026\/09\/nemecko-clanky-termaly-nemecko-55-47c15516-1-768x1024.jpg 768w, https:\/\/loudavymkrokem.cz\/wp-content\/uploads\/2026\/09\/nemecko-clanky-termaly-nemecko-55-47c15516-1-1152x1536.jpg 1152w, https:\/\/loudavymkrokem.cz\/wp-content\/uploads\/2026\/09\/nemecko-clanky-termaly-nemecko-55-47c15516-1-1536x2048.jpg 1536w, https:\/\/loudavymkrokem.cz\/wp-content\/uploads\/2026\/09\/nemecko-clanky-termaly-nemecko-55-47c15516-1-696x928.jpg 696w, https:\/\/loudavymkrokem.cz\/wp-content\/uploads\/2026\/09\/nemecko-clanky-termaly-nemecko-55-47c15516-1-1392x1856.jpg 1392w\" sizes=\"(max-width: 1800px) 100vw, 1800px\" \/><button\n\t\t\tclass=\"lightbox-trigger\"\n\t\t\ttype=\"button\"\n\t\t\taria-haspopup=\"dialog\"\n\t\t\tdata-wp-bind--aria-label=\"state.thisImage.triggerButtonAriaLabel\"\n\t\t\tdata-wp-init=\"callbacks.initTriggerButton\"\n\t\t\tdata-wp-on--click=\"actions.showLightbox\"\n\t\t\tdata-wp-style--right=\"state.thisImage.buttonRight\"\n\t\t\tdata-wp-style--top=\"state.thisImage.buttonTop\"\n\t\t>\n\t\t\t<svg xmlns=\"http:\/\/www.w3.org\/2000\/svg\" width=\"12\" height=\"12\" fill=\"none\" viewBox=\"0 0 12 12\">\n\t\t\t\t<path fill=\"#fff\" d=\"M2 0a2 2 0 0 0-2 2v2h1.5V2a.5.5 0 0 1 .5-.5h2V0H2Zm2 10.5H2a.5.5 0 0 1-.5-.5V8H0v2a2 2 0 0 0 2 2h2v-1.5ZM8 12v-1.5h2a.5.5 0 0 0 .5-.5V8H12v2a2 2 0 0 1-2 2H8Zm2-12a2 2 0 0 1 2 2v2h-1.5V2a.5.5 0 0 0-.5-.5H8V0h2Z\" \/>\n\t\t\t<\/svg>\n\t\t<\/button><figcaption class=\"wp-element-caption\">Foto: Gerd Fahrenhorst \/ Wikimedia Commons, CC BY 4.0<\/figcaption><\/figure>\n\n\n\n<h3 class=\"wp-block-heading\"><span class=\"ez-toc-section\" id=\"45_Ostsee-Therme_Scharbeutz\"><\/span>45. Ostsee-Therme (Scharbeutz)<span class=\"ez-toc-section-end\"><\/span><\/h3>\n\n\n\n<p class=\"wp-block-paragraph\">Acest grandios complex din \u00eendr\u0103gita sta\u021biune Scharbeutz te va uimi imediat cu \u00eentinsa sa <strong>zon\u0103 wellness de 4.000 m\u00b2<\/strong>. Dac\u0103 e\u0219ti \u00een c\u0103utarea unei odihne cu acces direct la plaja de nisip, acest loc pur \u0219i simplu \u00eel vei adora. Este o alegere ideal\u0103 pentru iubitorii de saunat, care vor ca, dup\u0103 \u00eenc\u0103lzirea corpului, s\u0103 fug\u0103 direct \u00een valurile reci ale m\u0103rii.<\/p>\n\n\n\n<p class=\"wp-block-paragraph\">\u00cen partea de bazine numit\u0103 Ostsee-Lagune te vei odihni minunat \u00een <strong>apa \u00eenc\u0103lzit\u0103 la 33 \u00b0C<\/strong>, completat\u0103 \u00een plus de efecte de lumin\u0103 impresionante \u0219i paturi de masaj. Pentru o relaxare \u0219i mai mare sunt preg\u0103tite jacuzzi cu temperatura de 35 \u00b0C \u0219i <strong>bazine exterioare mari cu 30 \u00b0C<\/strong>, l\u00e2ng\u0103 care se \u00eentinde o paji\u0219te de plaj\u0103. Lumea saunelor este apoi un capitol aparte. Vei g\u0103si aici totul, de la bl\u00e2nda saun\u0103 de 60 \u00b0C Salzstein sau Frische Brise, trec\u00e2nd prin sala de \u00eenc\u0103lzire de 80 \u00b0C Wald Sauna, p\u00e2n\u0103 la <strong>extrema saun\u0103 de 110 \u00b0C Arctic<\/strong>.<\/p>\n\n\n\n<p class=\"wp-block-paragraph\">O curiozitate este marea Ostsee Arena de 85 \u00b0C pentru ceremoniile de saun\u0103 sau <strong>saun\u0103 textil\u0103 cu temperatura de 70 \u00b0C<\/strong> din Breeze Spa, unde po\u021bi merge direct \u00een costum de baie. Intrarea difer\u0103 aici \u00een func\u021bie de zon\u0103 \u0219i de durata sejurului, a\u0219a c\u0103 verific\u0103 lista de pre\u021buri actual\u0103 pentru 2026 direct pe site-ul b\u0103ilor. Complexul se potrive\u0219te at\u00e2t cuplurilor, c\u00e2t \u0219i familiilor care caut\u0103 distrac\u021bie acvatic\u0103 variat\u0103. <strong>\ud83d\udca1 Sfat:<\/strong> Iubitorilor de lemn \u0219i de ierburi le recomand s\u0103 nu rateze saun\u0103 special\u0103 din pinul de munte parfumat, numit\u0103 Zirbenholzsauna.<\/p>\n\n\n\n<figure data-wp-context=\"{&quot;imageId&quot;:&quot;6a9c3702677db&quot;}\" data-wp-interactive=\"core\/image\" data-wp-key=\"6a9c3702677db\" class=\"wp-block-image size-full wp-lightbox-container\"><img decoding=\"async\" width=\"1800\" height=\"1012\" data-wp-class--hide=\"state.isContentHidden\" data-wp-class--show=\"state.isContentVisible\" data-wp-init=\"callbacks.setButtonStyles\" data-wp-on--click=\"actions.showLightbox\" data-wp-on--load=\"callbacks.setButtonStyles\" data-wp-on--pointerdown=\"actions.preloadImage\" data-wp-on--pointerenter=\"actions.preloadImageWithDelay\" data-wp-on--pointerleave=\"actions.cancelPreload\" data-wp-on-window--resize=\"callbacks.setButtonStyles\" src=\"https:\/\/loudavymkrokem.cz\/wp-content\/uploads\/2026\/09\/nemecko-clanky-termaly-nemecko-56-30ed6a22-1.jpg\" alt=\"D\u00fcnen-Therme (St. Peter-Ording)\" class=\"wp-image-415406\" title=\"\" srcset=\"https:\/\/loudavymkrokem.cz\/wp-content\/uploads\/2026\/09\/nemecko-clanky-termaly-nemecko-56-30ed6a22-1.jpg 1800w, https:\/\/loudavymkrokem.cz\/wp-content\/uploads\/2026\/09\/nemecko-clanky-termaly-nemecko-56-30ed6a22-1-300x169.jpg 300w, https:\/\/loudavymkrokem.cz\/wp-content\/uploads\/2026\/09\/nemecko-clanky-termaly-nemecko-56-30ed6a22-1-700x394.jpg 700w, https:\/\/loudavymkrokem.cz\/wp-content\/uploads\/2026\/09\/nemecko-clanky-termaly-nemecko-56-30ed6a22-1-768x432.jpg 768w, https:\/\/loudavymkrokem.cz\/wp-content\/uploads\/2026\/09\/nemecko-clanky-termaly-nemecko-56-30ed6a22-1-1536x864.jpg 1536w, https:\/\/loudavymkrokem.cz\/wp-content\/uploads\/2026\/09\/nemecko-clanky-termaly-nemecko-56-30ed6a22-1-696x391.jpg 696w, https:\/\/loudavymkrokem.cz\/wp-content\/uploads\/2026\/09\/nemecko-clanky-termaly-nemecko-56-30ed6a22-1-1392x783.jpg 1392w\" sizes=\"(max-width: 1800px) 100vw, 1800px\" \/><button\n\t\t\tclass=\"lightbox-trigger\"\n\t\t\ttype=\"button\"\n\t\t\taria-haspopup=\"dialog\"\n\t\t\tdata-wp-bind--aria-label=\"state.thisImage.triggerButtonAriaLabel\"\n\t\t\tdata-wp-init=\"callbacks.initTriggerButton\"\n\t\t\tdata-wp-on--click=\"actions.showLightbox\"\n\t\t\tdata-wp-style--right=\"state.thisImage.buttonRight\"\n\t\t\tdata-wp-style--top=\"state.thisImage.buttonTop\"\n\t\t>\n\t\t\t<svg xmlns=\"http:\/\/www.w3.org\/2000\/svg\" width=\"12\" height=\"12\" fill=\"none\" viewBox=\"0 0 12 12\">\n\t\t\t\t<path fill=\"#fff\" d=\"M2 0a2 2 0 0 0-2 2v2h1.5V2a.5.5 0 0 1 .5-.5h2V0H2Zm2 10.5H2a.5.5 0 0 1-.5-.5V8H0v2a2 2 0 0 0 2 2h2v-1.5ZM8 12v-1.5h2a.5.5 0 0 0 .5-.5V8H12v2a2 2 0 0 1-2 2H8Zm2-12a2 2 0 0 1 2 2v2h-1.5V2a.5.5 0 0 0-.5-.5H8V0h2Z\" \/>\n\t\t\t<\/svg>\n\t\t<\/button><\/figure>\n\n\n\n<h3 class=\"wp-block-heading\"><span class=\"ez-toc-section\" id=\"46_Dunen-Therme_St_Peter-Ording\"><\/span>46. D\u00fcnen-Therme (St. Peter-Ording)<span class=\"ez-toc-section-end\"><\/span><\/h3>\n\n\n\n<p class=\"wp-block-paragraph\">\u00cen pitorescul or\u0103\u0219el St. Peter-Ording vei descoperi b\u0103i unice, unde te <strong>scalzi \u00een ap\u0103 purificat\u0103 direct din Marea Nordului<\/strong>. Aceast\u0103 experien\u021b\u0103 este excep\u021bional\u0103 \u0219i d\u0103 \u00eentregului complex o energie marin\u0103. Vastul luciu de ap\u0103 de aici <strong>dep\u0103\u0219e\u0219te 1.000 m\u00b2<\/strong>, a\u0219a c\u0103 vei avea mult spa\u021biu pentru \u00eenot \u0219i pentru o odihn\u0103 binemeritat\u0103 dup\u0103 o zi grea pe plajele b\u0103tute de v\u00e2nt.<\/p>\n\n\n\n<p class=\"wp-block-paragraph\">\u00cen\u0103untru te a\u0219teapt\u0103 un pl\u0103cut <strong>bazin de experien\u021be cu temperatura de 30 \u00b0C<\/strong> \u0219i te vei \u00eenc\u0103lzi \u0219i \u00een bazinul exterior \u00eenc\u0103lzit, care are exact aceea\u0219i temperatur\u0103. Dac\u0103 vii cu copii, de obicei i-ar entuziasma bazinul cu valuri artificiale \u0219i ap\u0103 cald\u0103 de 28 \u00b0C sau \u00eendr\u0103gitul tobogan Turbo-Rutsche. Conform st\u0103rii din septembrie 2026, ambele <strong>atrac\u021bii sunt \u00eens\u0103 scoase din func\u021biune din motive tehnice<\/strong>, a\u0219a c\u0103 \u021bine cont de asta \u00eenainte de vizit\u0103.<\/p>\n\n\n\n<p class=\"wp-block-paragraph\">Termele se potrivesc oricui vrea s\u0103 savureze efectele binef\u0103c\u0103toare ale apei de mare, indiferent de vremea de afar\u0103. Conform listei de pre\u021buri actuale pentru 2026, adul\u021bii pl\u0103tesc pentru intrarea de dou\u0103 ore \u0219i jum\u0103tate <strong>foarte pl\u0103cu\u021bii 13,50 euro<\/strong>, \u00een timp ce biletul de o zi \u00eentreag\u0103 cost\u0103 18,50 euro. Pentru copiii \u0219i tinerii de la 3 la 17 ani, pre\u021burile variaz\u0103 de la 6,50 p\u00e2n\u0103 la 8,50 euro, \u00een func\u021bie de durata sejurului. <strong>\ud83d\udca1 Sfat:<\/strong> Dac\u0103 inten\u021bionezi s\u0103 z\u0103bove\u0219ti mai mult, \u00ee\u021bi va fi mai avantajos s\u0103 alegi intrarea prelungit\u0103 pentru 3,5 ore, la <strong>16 euro<\/strong>, care ofer\u0103 un raport excelent pre\u021b-timp.<\/p>\n\n\n\n<figure data-wp-context=\"{&quot;imageId&quot;:&quot;6a9c370267da3&quot;}\" data-wp-interactive=\"core\/image\" data-wp-key=\"6a9c370267da3\" class=\"wp-block-image size-full wp-lightbox-container\"><img decoding=\"async\" width=\"1800\" height=\"1350\" data-wp-class--hide=\"state.isContentHidden\" data-wp-class--show=\"state.isContentVisible\" data-wp-init=\"callbacks.setButtonStyles\" data-wp-on--click=\"actions.showLightbox\" data-wp-on--load=\"callbacks.setButtonStyles\" data-wp-on--pointerdown=\"actions.preloadImage\" data-wp-on--pointerenter=\"actions.preloadImageWithDelay\" data-wp-on--pointerleave=\"actions.cancelPreload\" data-wp-on-window--resize=\"callbacks.setButtonStyles\" src=\"https:\/\/loudavymkrokem.cz\/wp-content\/uploads\/2026\/09\/nemecko-clanky-termaly-nemecko-57-6f96bd47-1.jpg\" alt=\"Ostsee Therme Usedom (Ahlbeck): zona de saune\" class=\"wp-image-415409\" title=\"\" srcset=\"https:\/\/loudavymkrokem.cz\/wp-content\/uploads\/2026\/09\/nemecko-clanky-termaly-nemecko-57-6f96bd47-1.jpg 1800w, https:\/\/loudavymkrokem.cz\/wp-content\/uploads\/2026\/09\/nemecko-clanky-termaly-nemecko-57-6f96bd47-1-300x225.jpg 300w, https:\/\/loudavymkrokem.cz\/wp-content\/uploads\/2026\/09\/nemecko-clanky-termaly-nemecko-57-6f96bd47-1-700x525.jpg 700w, https:\/\/loudavymkrokem.cz\/wp-content\/uploads\/2026\/09\/nemecko-clanky-termaly-nemecko-57-6f96bd47-1-768x576.jpg 768w, https:\/\/loudavymkrokem.cz\/wp-content\/uploads\/2026\/09\/nemecko-clanky-termaly-nemecko-57-6f96bd47-1-1536x1152.jpg 1536w, https:\/\/loudavymkrokem.cz\/wp-content\/uploads\/2026\/09\/nemecko-clanky-termaly-nemecko-57-6f96bd47-1-80x60.jpg 80w, https:\/\/loudavymkrokem.cz\/wp-content\/uploads\/2026\/09\/nemecko-clanky-termaly-nemecko-57-6f96bd47-1-160x120.jpg 160w, https:\/\/loudavymkrokem.cz\/wp-content\/uploads\/2026\/09\/nemecko-clanky-termaly-nemecko-57-6f96bd47-1-696x522.jpg 696w, https:\/\/loudavymkrokem.cz\/wp-content\/uploads\/2026\/09\/nemecko-clanky-termaly-nemecko-57-6f96bd47-1-1392x1044.jpg 1392w\" sizes=\"(max-width: 1800px) 100vw, 1800px\" \/><button\n\t\t\tclass=\"lightbox-trigger\"\n\t\t\ttype=\"button\"\n\t\t\taria-haspopup=\"dialog\"\n\t\t\tdata-wp-bind--aria-label=\"state.thisImage.triggerButtonAriaLabel\"\n\t\t\tdata-wp-init=\"callbacks.initTriggerButton\"\n\t\t\tdata-wp-on--click=\"actions.showLightbox\"\n\t\t\tdata-wp-style--right=\"state.thisImage.buttonRight\"\n\t\t\tdata-wp-style--top=\"state.thisImage.buttonTop\"\n\t\t>\n\t\t\t<svg xmlns=\"http:\/\/www.w3.org\/2000\/svg\" width=\"12\" height=\"12\" fill=\"none\" viewBox=\"0 0 12 12\">\n\t\t\t\t<path fill=\"#fff\" d=\"M2 0a2 2 0 0 0-2 2v2h1.5V2a.5.5 0 0 1 .5-.5h2V0H2Zm2 10.5H2a.5.5 0 0 1-.5-.5V8H0v2a2 2 0 0 0 2 2h2v-1.5ZM8 12v-1.5h2a.5.5 0 0 0 .5-.5V8H12v2a2 2 0 0 1-2 2H8Zm2-12a2 2 0 0 1 2 2v2h-1.5V2a.5.5 0 0 0-.5-.5H8V0h2Z\" \/>\n\t\t\t<\/svg>\n\t\t<\/button><\/figure>\n\n\n\n<h3 class=\"wp-block-heading\"><span class=\"ez-toc-section\" id=\"47_Ostsee_Therme_Usedom_Ahlbeck\"><\/span>47. Ostsee Therme Usedom (Ahlbeck)<span class=\"ez-toc-section-end\"><\/span><\/h3>\n\n\n\n<p class=\"wp-block-paragraph\">Acest complex \u00eendr\u0103git se afl\u0103 chiar \u00een centrul celebrei triade balneare Ahlbeck, Heringsdorf \u0219i Bansin, concret <strong>\u00een a\u0219a-numitul Kaiserbad Ahlbeck<\/strong>, pe strada Lindenstra\u00dfe. \u00cenc\u0103 de la inaugurarea sa \u00een martie 1996, atrage mul\u021bimi de vizitatori dornici de odihn\u0103, iar p\u00e2n\u0103 \u00een zilele noastre au trecut prin el <strong>impresionan\u021bi 3,7 milioane de oaspe\u021bi<\/strong>. E vorba de un loc foarte tradi\u021bional, care \u00eembin\u0103 excelent recreerea marin\u0103 destins\u0103 cu \u00eengrijirea balnear\u0103 profesionist\u0103.<\/p>\n\n\n\n<p class=\"wp-block-paragraph\">Pe l\u00e2ng\u0103 lumea clasic\u0103 de saune \u0219i acvatic\u0103 numit\u0103 Badewelt \u0219i Saunawelt, vei g\u0103si aici \u0219i un <strong>Kurmittelhaus special cu fizioterapie<\/strong> \u0219i medici balneari adev\u0103ra\u021bi. Po\u021bi s\u0103-\u021bi dai aici o tur\u0103 ca lumea \u00een studioul sportiv \u0219i de s\u0103n\u0103tate sau pur \u0219i simplu s\u0103 admiri \u00eemprejurimile frumoase din turnul de observa\u021bie local. Dac\u0103 te \u00eendrep\u021bi spre spa\u021biile interioare ale lumii saunelor, te va \u00eenc\u0103lzi minunat <strong>saun\u0103 interioar\u0103 clasic\u0103 cu temperatura de 80 \u00b0C<\/strong>.<\/p>\n\n\n\n<p class=\"wp-block-paragraph\">Locul este parc\u0103 anume creat mai ales pentru vizitatorii adul\u021bi care caut\u0103 \u00een vacan\u021b\u0103 lini\u0219te \u0219i se axeaz\u0103 pe \u00eent\u0103rirea s\u0103n\u0103t\u0103\u021bii lor. Procedurile terapeutice de aici au o tradi\u021bie lung\u0103 \u0219i sunt renumite pe toat\u0103 coasta, de aceea oamenii se \u00eentorc aici cu at\u00e2ta pl\u0103cere. <strong>\ud83d\udca1 Sfat:<\/strong> Particip\u0103 neap\u0103rat la vreuna dintre ceremoniile de saun\u0103, pe care mae\u0219trii de aici le fac de mai multe ori pe zi cu <strong>rara sare de iod din Heringsdorf<\/strong>, va fi o experien\u021b\u0103 fantastic\u0103 pentru c\u0103ile tale respiratorii.<\/p>\n\n\n\n<figure data-wp-context=\"{&quot;imageId&quot;:&quot;6a9c3702682be&quot;}\" data-wp-interactive=\"core\/image\" data-wp-key=\"6a9c3702682be\" class=\"wp-block-image size-full wp-lightbox-container\"><img decoding=\"async\" width=\"1800\" height=\"1198\" data-wp-class--hide=\"state.isContentHidden\" data-wp-class--show=\"state.isContentVisible\" data-wp-init=\"callbacks.setButtonStyles\" data-wp-on--click=\"actions.showLightbox\" data-wp-on--load=\"callbacks.setButtonStyles\" data-wp-on--pointerdown=\"actions.preloadImage\" data-wp-on--pointerenter=\"actions.preloadImageWithDelay\" data-wp-on--pointerleave=\"actions.cancelPreload\" data-wp-on-window--resize=\"callbacks.setButtonStyles\" src=\"https:\/\/loudavymkrokem.cz\/wp-content\/uploads\/2026\/09\/nemecko-clanky-termaly-nemecko-58-72086aed-1.jpg\" alt=\"Toskana Therme din Bad Schandau \u00een Elve\u021bia Saxon\u0103\" class=\"wp-image-415412\" title=\"\" srcset=\"https:\/\/loudavymkrokem.cz\/wp-content\/uploads\/2026\/09\/nemecko-clanky-termaly-nemecko-58-72086aed-1.jpg 1800w, https:\/\/loudavymkrokem.cz\/wp-content\/uploads\/2026\/09\/nemecko-clanky-termaly-nemecko-58-72086aed-1-300x200.jpg 300w, https:\/\/loudavymkrokem.cz\/wp-content\/uploads\/2026\/09\/nemecko-clanky-termaly-nemecko-58-72086aed-1-700x466.jpg 700w, https:\/\/loudavymkrokem.cz\/wp-content\/uploads\/2026\/09\/nemecko-clanky-termaly-nemecko-58-72086aed-1-768x511.jpg 768w, https:\/\/loudavymkrokem.cz\/wp-content\/uploads\/2026\/09\/nemecko-clanky-termaly-nemecko-58-72086aed-1-1536x1022.jpg 1536w, https:\/\/loudavymkrokem.cz\/wp-content\/uploads\/2026\/09\/nemecko-clanky-termaly-nemecko-58-72086aed-1-696x463.jpg 696w, https:\/\/loudavymkrokem.cz\/wp-content\/uploads\/2026\/09\/nemecko-clanky-termaly-nemecko-58-72086aed-1-1392x926.jpg 1392w\" sizes=\"(max-width: 1800px) 100vw, 1800px\" \/><button\n\t\t\tclass=\"lightbox-trigger\"\n\t\t\ttype=\"button\"\n\t\t\taria-haspopup=\"dialog\"\n\t\t\tdata-wp-bind--aria-label=\"state.thisImage.triggerButtonAriaLabel\"\n\t\t\tdata-wp-init=\"callbacks.initTriggerButton\"\n\t\t\tdata-wp-on--click=\"actions.showLightbox\"\n\t\t\tdata-wp-style--right=\"state.thisImage.buttonRight\"\n\t\t\tdata-wp-style--top=\"state.thisImage.buttonTop\"\n\t\t>\n\t\t\t<svg xmlns=\"http:\/\/www.w3.org\/2000\/svg\" width=\"12\" height=\"12\" fill=\"none\" viewBox=\"0 0 12 12\">\n\t\t\t\t<path fill=\"#fff\" d=\"M2 0a2 2 0 0 0-2 2v2h1.5V2a.5.5 0 0 1 .5-.5h2V0H2Zm2 10.5H2a.5.5 0 0 1-.5-.5V8H0v2a2 2 0 0 0 2 2h2v-1.5ZM8 12v-1.5h2a.5.5 0 0 0 .5-.5V8H12v2a2 2 0 0 1-2 2H8Zm2-12a2 2 0 0 1 2 2v2h-1.5V2a.5.5 0 0 0-.5-.5H8V0h2Z\" \/>\n\t\t\t<\/svg>\n\t\t<\/button><\/figure>\n\n\n\n<h2 class=\"wp-block-heading\"><span class=\"ez-toc-section\" id=\"Bai_termale_in_Saxonia_si_Turingia\"><\/span>B\u0103i termale \u00een Saxonia \u0219i Turingia<span class=\"ez-toc-section-end\"><\/span><\/h2>\n\n\n\n<p class=\"wp-block-paragraph\">Dac\u0103 e\u0219ti \u00een c\u0103utarea unei odihne la o mic\u0103 distan\u021b\u0103 de grani\u021bele noastre, aceste dou\u0103 landuri nu te vor dezam\u0103gi. Vei g\u0103si aici un concept unic de b\u0103i, care \u00eembin\u0103 o relaxare profund\u0103 cu o experien\u021b\u0103 artistic\u0103 neobi\u0219nuit\u0103. <strong>Principala atrac\u021bie este a\u0219a-numitul Liquid Sound<\/strong>, adic\u0103 baia \u00een ap\u0103 s\u0103rat\u0103 acompaniat\u0103 de muzic\u0103 subacvatic\u0103 \u0219i de un spectacol de lumini fascinant.<\/p>\n\n\n\n<p class=\"wp-block-paragraph\">Po\u021bi alege dintre dou\u0103 locuri care ofer\u0103 acest concept. Unele b\u0103i se afl\u0103 \u00een pitoreasca Elve\u021bie Saxon\u0103, iar celelalte ceva mai departe, \u00eentr-un or\u0103\u0219el-sta\u021biune din Turingia. Sunt ideale pentru to\u021bi cei care vor s\u0103-\u0219i deconecteze mintea pentru un weekend \u0219i s\u0103 se lase pur \u0219i simplu purta\u021bi pe valurile lini\u0219tii.<\/p>\n\n\n\n<figure data-wp-context=\"{&quot;imageId&quot;:&quot;6a9c37026878d&quot;}\" data-wp-interactive=\"core\/image\" data-wp-key=\"6a9c37026878d\" class=\"wp-block-image size-full wp-lightbox-container\"><img decoding=\"async\" width=\"1800\" height=\"1342\" data-wp-class--hide=\"state.isContentHidden\" data-wp-class--show=\"state.isContentVisible\" data-wp-init=\"callbacks.setButtonStyles\" data-wp-on--click=\"actions.showLightbox\" data-wp-on--load=\"callbacks.setButtonStyles\" data-wp-on--pointerdown=\"actions.preloadImage\" data-wp-on--pointerenter=\"actions.preloadImageWithDelay\" data-wp-on--pointerleave=\"actions.cancelPreload\" data-wp-on-window--resize=\"callbacks.setButtonStyles\" src=\"https:\/\/loudavymkrokem.cz\/wp-content\/uploads\/2026\/09\/nemecko-clanky-termaly-nemecko-59-fc0e1c55-1.jpg\" alt=\"Toskana Therme Bad Schandau (Bad Schandau)\" class=\"wp-image-415417\" title=\"\" srcset=\"https:\/\/loudavymkrokem.cz\/wp-content\/uploads\/2026\/09\/nemecko-clanky-termaly-nemecko-59-fc0e1c55-1.jpg 1800w, https:\/\/loudavymkrokem.cz\/wp-content\/uploads\/2026\/09\/nemecko-clanky-termaly-nemecko-59-fc0e1c55-1-300x224.jpg 300w, https:\/\/loudavymkrokem.cz\/wp-content\/uploads\/2026\/09\/nemecko-clanky-termaly-nemecko-59-fc0e1c55-1-700x522.jpg 700w, https:\/\/loudavymkrokem.cz\/wp-content\/uploads\/2026\/09\/nemecko-clanky-termaly-nemecko-59-fc0e1c55-1-768x573.jpg 768w, https:\/\/loudavymkrokem.cz\/wp-content\/uploads\/2026\/09\/nemecko-clanky-termaly-nemecko-59-fc0e1c55-1-1536x1145.jpg 1536w, https:\/\/loudavymkrokem.cz\/wp-content\/uploads\/2026\/09\/nemecko-clanky-termaly-nemecko-59-fc0e1c55-1-80x60.jpg 80w, https:\/\/loudavymkrokem.cz\/wp-content\/uploads\/2026\/09\/nemecko-clanky-termaly-nemecko-59-fc0e1c55-1-160x120.jpg 160w, https:\/\/loudavymkrokem.cz\/wp-content\/uploads\/2026\/09\/nemecko-clanky-termaly-nemecko-59-fc0e1c55-1-696x519.jpg 696w, https:\/\/loudavymkrokem.cz\/wp-content\/uploads\/2026\/09\/nemecko-clanky-termaly-nemecko-59-fc0e1c55-1-1392x1038.jpg 1392w\" sizes=\"(max-width: 1800px) 100vw, 1800px\" \/><button\n\t\t\tclass=\"lightbox-trigger\"\n\t\t\ttype=\"button\"\n\t\t\taria-haspopup=\"dialog\"\n\t\t\tdata-wp-bind--aria-label=\"state.thisImage.triggerButtonAriaLabel\"\n\t\t\tdata-wp-init=\"callbacks.initTriggerButton\"\n\t\t\tdata-wp-on--click=\"actions.showLightbox\"\n\t\t\tdata-wp-style--right=\"state.thisImage.buttonRight\"\n\t\t\tdata-wp-style--top=\"state.thisImage.buttonTop\"\n\t\t>\n\t\t\t<svg xmlns=\"http:\/\/www.w3.org\/2000\/svg\" width=\"12\" height=\"12\" fill=\"none\" viewBox=\"0 0 12 12\">\n\t\t\t\t<path fill=\"#fff\" d=\"M2 0a2 2 0 0 0-2 2v2h1.5V2a.5.5 0 0 1 .5-.5h2V0H2Zm2 10.5H2a.5.5 0 0 1-.5-.5V8H0v2a2 2 0 0 0 2 2h2v-1.5ZM8 12v-1.5h2a.5.5 0 0 0 .5-.5V8H12v2a2 2 0 0 1-2 2H8Zm2-12a2 2 0 0 1 2 2v2h-1.5V2a.5.5 0 0 0-.5-.5H8V0h2Z\" \/>\n\t\t\t<\/svg>\n\t\t<\/button><figcaption class=\"wp-element-caption\">Foto: J\u00f6rg Blobelt \/ Wikimedia Commons, CC BY-SA 4.0<\/figcaption><\/figure>\n\n\n\n<h3 class=\"wp-block-heading\"><span class=\"ez-toc-section\" id=\"48_Toskana_Therme_Bad_Schandau_Bad_Schandau\"><\/span>48. Toskana Therme Bad Schandau (Bad Schandau)<span class=\"ez-toc-section-end\"><\/span><\/h3>\n\n\n\n<p class=\"wp-block-paragraph\">Acest complex \u00eendr\u0103git se afl\u0103 chiar pe malul Elbei, iar marele s\u0103u avantaj este <strong>panorama care \u00ee\u021bi taie respira\u021bia asupra r\u00e2ului chiar din saun\u0103<\/strong>. E vorba de un loc unde, dac\u0103 iube\u0219ti natura Elve\u021biei Saxone, po\u021bi s\u0103-\u021bi u\u0219urezi picioarele obosite dup\u0103 o zi de drume\u021bii. Iubitorii de istorie \u0219i de peisaje s\u0103lbatice vor fi aici \u00eenc\u00e2nta\u021bi.<\/p>\n\n\n\n<p class=\"wp-block-paragraph\">Lumea saunelor de aici ofer\u0103 o gam\u0103 variat\u0103 de temperaturi pentru fiecare. Po\u021bi \u00eencerca tradi\u021bionalul <strong>Laconium \u00een stil grecesc, \u00eenc\u0103lzit la pl\u0103cu\u021bii 55 \u00b0C<\/strong>, sau o baie special\u0103 de c\u0103ldur\u0103 radiant\u0103, care, la 65 \u00b0C, \u00ee\u021bi \u00eenc\u0103lze\u0219te corpul frumos, \u00een profunzime. Vei g\u0103si aici \u0219i o sal\u0103 de \u00eenc\u0103lzire cu ierburi, unde \u00eenc\u0103lzirea apei cu plante <strong>cre\u0219te umiditatea aerului la temperatura de 65 \u00b0C<\/strong>. Pentru amatorii \u00eencerca\u021bi este apoi preg\u0103tit\u0103 o saun\u0103 clasic\u0103 cu sob\u0103 de teracot\u0103, unde vei savura o c\u0103ldur\u0103 ca lumea la 96 \u00b0C.<\/p>\n\n\n\n<p class=\"wp-block-paragraph\">Complexul este excelent mai ales pentru adul\u021bi \u0219i cupluri care caut\u0103 o atmosfer\u0103 lini\u0219tit\u0103, f\u0103r\u0103 tobogane dezl\u0103n\u021buite. \u00ce\u021bi recomand s\u0103 verifici intrarea actual\u0103 \u00eenainte de drum pe site, ca s\u0103 \u0219tii cum arat\u0103 exact lista de pre\u021buri pentru 2026. <strong>\ud83d\udca1 Sfat:<\/strong> Nu rata sub nicio form\u0103 transpira\u021bia \u00een saun\u0103 special\u0103 \u00eenc\u0103lzit\u0103 la 90 \u00b0C, din care \u021bi se va deschide <strong>cea mai frumoas\u0103 priveli\u0219te asupra Elbei curg\u0103toare<\/strong>.<\/p>\n\n\n\n<figure data-wp-context=\"{&quot;imageId&quot;:&quot;6a9c370268c60&quot;}\" data-wp-interactive=\"core\/image\" data-wp-key=\"6a9c370268c60\" class=\"wp-block-image size-full wp-lightbox-container\"><img decoding=\"async\" width=\"1800\" height=\"1200\" data-wp-class--hide=\"state.isContentHidden\" data-wp-class--show=\"state.isContentVisible\" data-wp-init=\"callbacks.setButtonStyles\" data-wp-on--click=\"actions.showLightbox\" data-wp-on--load=\"callbacks.setButtonStyles\" data-wp-on--pointerdown=\"actions.preloadImage\" data-wp-on--pointerenter=\"actions.preloadImageWithDelay\" data-wp-on--pointerleave=\"actions.cancelPreload\" data-wp-on-window--resize=\"callbacks.setButtonStyles\" src=\"https:\/\/loudavymkrokem.cz\/wp-content\/uploads\/2026\/09\/nemecko-clanky-termaly-nemecko-60-42995404-1.jpg\" alt=\"Toskana Therme Bad Sulza (Bad Sulza)\" class=\"wp-image-415421\" title=\"\" srcset=\"https:\/\/loudavymkrokem.cz\/wp-content\/uploads\/2026\/09\/nemecko-clanky-termaly-nemecko-60-42995404-1.jpg 1800w, https:\/\/loudavymkrokem.cz\/wp-content\/uploads\/2026\/09\/nemecko-clanky-termaly-nemecko-60-42995404-1-300x200.jpg 300w, https:\/\/loudavymkrokem.cz\/wp-content\/uploads\/2026\/09\/nemecko-clanky-termaly-nemecko-60-42995404-1-700x467.jpg 700w, https:\/\/loudavymkrokem.cz\/wp-content\/uploads\/2026\/09\/nemecko-clanky-termaly-nemecko-60-42995404-1-768x512.jpg 768w, https:\/\/loudavymkrokem.cz\/wp-content\/uploads\/2026\/09\/nemecko-clanky-termaly-nemecko-60-42995404-1-1536x1024.jpg 1536w, https:\/\/loudavymkrokem.cz\/wp-content\/uploads\/2026\/09\/nemecko-clanky-termaly-nemecko-60-42995404-1-696x464.jpg 696w, https:\/\/loudavymkrokem.cz\/wp-content\/uploads\/2026\/09\/nemecko-clanky-termaly-nemecko-60-42995404-1-1392x928.jpg 1392w\" sizes=\"(max-width: 1800px) 100vw, 1800px\" \/><button\n\t\t\tclass=\"lightbox-trigger\"\n\t\t\ttype=\"button\"\n\t\t\taria-haspopup=\"dialog\"\n\t\t\tdata-wp-bind--aria-label=\"state.thisImage.triggerButtonAriaLabel\"\n\t\t\tdata-wp-init=\"callbacks.initTriggerButton\"\n\t\t\tdata-wp-on--click=\"actions.showLightbox\"\n\t\t\tdata-wp-style--right=\"state.thisImage.buttonRight\"\n\t\t\tdata-wp-style--top=\"state.thisImage.buttonTop\"\n\t\t>\n\t\t\t<svg xmlns=\"http:\/\/www.w3.org\/2000\/svg\" width=\"12\" height=\"12\" fill=\"none\" viewBox=\"0 0 12 12\">\n\t\t\t\t<path fill=\"#fff\" d=\"M2 0a2 2 0 0 0-2 2v2h1.5V2a.5.5 0 0 1 .5-.5h2V0H2Zm2 10.5H2a.5.5 0 0 1-.5-.5V8H0v2a2 2 0 0 0 2 2h2v-1.5ZM8 12v-1.5h2a.5.5 0 0 0 .5-.5V8H12v2a2 2 0 0 1-2 2H8Zm2-12a2 2 0 0 1 2 2v2h-1.5V2a.5.5 0 0 0-.5-.5H8V0h2Z\" \/>\n\t\t\t<\/svg>\n\t\t<\/button><\/figure>\n\n\n\n<h3 class=\"wp-block-heading\"><span class=\"ez-toc-section\" id=\"49_Toskana_Therme_Bad_Sulza_Bad_Sulza\"><\/span>49. Toskana Therme Bad Sulza (Bad Sulza)<span class=\"ez-toc-section-end\"><\/span><\/h3>\n\n\n\n<p class=\"wp-block-paragraph\">A doua filial\u0103 sor\u0103 a celebrelor b\u0103i se ascunde \u00eentr-un or\u0103\u0219el lini\u0219tit din Turingia \u0219i <strong>ofer\u0103 acela\u0219i concept Liquid Sound<\/strong> ca cea din Elve\u021bia Saxon\u0103. Este o alegere ideal\u0103 dac\u0103 te preg\u0103te\u0219ti pentru un roadtrip de weekend pe la monumentele din centrul Germaniei \u0219i cau\u021bi un loc unde s\u0103 te po\u021bi regenera bine seara. Atmosfera este aici extraordinar de destins\u0103, iar \u00eentregul spa\u021biu te invit\u0103 la o odihn\u0103 lung\u0103 \u0219i t\u0103cut\u0103.<\/p>\n\n\n\n<p class=\"wp-block-paragraph\">Inima complexului este <strong>templul Liquid Sound<\/strong>, unde te la\u0219i purtat \u00een apa s\u0103rat\u0103, acompaniat de muzic\u0103 sub ap\u0103 \u0219i de proiec\u021bii de lumini colorate pe cupol\u0103. Conform descrierii operatorului, i se adaug\u0103 <strong>cinci bazine de sare \u00een cascad\u0103<\/strong> cu jeturi de masaj, patru jacuzzi \u0219i un bazin de sare exterior \u00eenc\u0103lzit, a\u0219a c\u0103 se poate trece dintr-o temperatur\u0103 \u00een alta toat\u0103 ziua. Lumea saunelor e aici de la sine \u00een\u021beleas\u0103.<\/p>\n\n\n\n<p class=\"wp-block-paragraph\">Un mare avantaj al lui Bad Sulza este leg\u0103tura cu hotelul: <strong>Hotel an der Therme Bad Sulza<\/strong> se afl\u0103 chiar l\u00e2ng\u0103 b\u0103i \u0219i \u00eel leag\u0103 de ele un coridor cu halate, a\u0219a c\u0103 intrarea la terme, inclusiv la lumea saunelor, o ai \u00een pre\u021bul nop\u021bii. \u00cenainte de vizit\u0103, uit\u0103-te pe site, pentru c\u0103 lista de pre\u021buri pentru 2026 se schimb\u0103 \u00een func\u021bie de sezon. <strong>\ud83d\udca1 Sfat:<\/strong> Pentru Liquid Sound rezerv\u0103-\u021bi amurgul t\u00e2rziu, c\u00e2nd spectacolul muzical \u0219i de lumini este de obicei cel mai puternic, iar \u00een bazin sunt cei mai pu\u021bini oameni.<\/p>\n\n\n\n<figure data-wp-context=\"{&quot;imageId&quot;:&quot;6a9c3702692dd&quot;}\" data-wp-interactive=\"core\/image\" data-wp-key=\"6a9c3702692dd\" class=\"wp-block-image size-full wp-lightbox-container\"><img decoding=\"async\" width=\"1800\" height=\"1800\" data-wp-class--hide=\"state.isContentHidden\" data-wp-class--show=\"state.isContentVisible\" data-wp-init=\"callbacks.setButtonStyles\" data-wp-on--click=\"actions.showLightbox\" data-wp-on--load=\"callbacks.setButtonStyles\" data-wp-on--pointerdown=\"actions.preloadImage\" data-wp-on--pointerenter=\"actions.preloadImageWithDelay\" data-wp-on--pointerleave=\"actions.cancelPreload\" data-wp-on-window--resize=\"callbacks.setButtonStyles\" src=\"https:\/\/loudavymkrokem.cz\/wp-content\/uploads\/2026\/09\/nemecko-clanky-termaly-nemecko-61-82598cd9-1.jpg\" alt=\"Bazinul Emser Therme din Bad Ems \u00een lumina serii\" class=\"wp-image-415425\" title=\"\" srcset=\"https:\/\/loudavymkrokem.cz\/wp-content\/uploads\/2026\/09\/nemecko-clanky-termaly-nemecko-61-82598cd9-1.jpg 1800w, https:\/\/loudavymkrokem.cz\/wp-content\/uploads\/2026\/09\/nemecko-clanky-termaly-nemecko-61-82598cd9-1-300x300.jpg 300w, https:\/\/loudavymkrokem.cz\/wp-content\/uploads\/2026\/09\/nemecko-clanky-termaly-nemecko-61-82598cd9-1-700x700.jpg 700w, https:\/\/loudavymkrokem.cz\/wp-content\/uploads\/2026\/09\/nemecko-clanky-termaly-nemecko-61-82598cd9-1-150x150.jpg 150w, https:\/\/loudavymkrokem.cz\/wp-content\/uploads\/2026\/09\/nemecko-clanky-termaly-nemecko-61-82598cd9-1-768x768.jpg 768w, https:\/\/loudavymkrokem.cz\/wp-content\/uploads\/2026\/09\/nemecko-clanky-termaly-nemecko-61-82598cd9-1-1536x1536.jpg 1536w, https:\/\/loudavymkrokem.cz\/wp-content\/uploads\/2026\/09\/nemecko-clanky-termaly-nemecko-61-82598cd9-1-696x696.jpg 696w, https:\/\/loudavymkrokem.cz\/wp-content\/uploads\/2026\/09\/nemecko-clanky-termaly-nemecko-61-82598cd9-1-1392x1392.jpg 1392w\" sizes=\"(max-width: 1800px) 100vw, 1800px\" \/><button\n\t\t\tclass=\"lightbox-trigger\"\n\t\t\ttype=\"button\"\n\t\t\taria-haspopup=\"dialog\"\n\t\t\tdata-wp-bind--aria-label=\"state.thisImage.triggerButtonAriaLabel\"\n\t\t\tdata-wp-init=\"callbacks.initTriggerButton\"\n\t\t\tdata-wp-on--click=\"actions.showLightbox\"\n\t\t\tdata-wp-style--right=\"state.thisImage.buttonRight\"\n\t\t\tdata-wp-style--top=\"state.thisImage.buttonTop\"\n\t\t>\n\t\t\t<svg xmlns=\"http:\/\/www.w3.org\/2000\/svg\" width=\"12\" height=\"12\" fill=\"none\" viewBox=\"0 0 12 12\">\n\t\t\t\t<path fill=\"#fff\" d=\"M2 0a2 2 0 0 0-2 2v2h1.5V2a.5.5 0 0 1 .5-.5h2V0H2Zm2 10.5H2a.5.5 0 0 1-.5-.5V8H0v2a2 2 0 0 0 2 2h2v-1.5ZM8 12v-1.5h2a.5.5 0 0 0 .5-.5V8H12v2a2 2 0 0 1-2 2H8Zm2-12a2 2 0 0 1 2 2v2h-1.5V2a.5.5 0 0 0-.5-.5H8V0h2Z\" \/>\n\t\t\t<\/svg>\n\t\t<\/button><\/figure>\n\n\n\n<h2 class=\"wp-block-heading\"><span class=\"ez-toc-section\" id=\"Bai_termale_in_Renania-Palatinat\"><\/span>B\u0103i termale \u00een Renania-Palatinat<span class=\"ez-toc-section-end\"><\/span><\/h2>\n\n\n\n<p class=\"wp-block-paragraph\">Renania-Palatinat poate nu se num\u0103r\u0103 printre cele mai cunoscute destina\u021bii germane pentru distrac\u021bii acvatice, dar ascunde adev\u0103rate comori. Dac\u0103 e\u0219ti \u00een c\u0103utarea unor <strong>b\u0103i mai mici, dar de foarte bun\u0103 calitate<\/strong>, aici \u00ee\u021bi vei g\u0103si locul. Spre deosebire de uria\u0219ele aquaparcuri tropicale pline de tobogane, aici vei g\u0103si o atmosfer\u0103 mult mai lini\u0219tit\u0103. Complexele locale se concentreaz\u0103 mai degrab\u0103 pe o odihn\u0103 adev\u0103rat\u0103, pe apa vindec\u0103toare \u0219i pe un saunat ca lumea \u00eentr-un mediu t\u0103cut.<\/p>\n\n\n\n<p class=\"wp-block-paragraph\">Porne\u0219te spre aici dac\u0103 vrei s\u0103 savurezi efectele binef\u0103c\u0103toare ale izvoarelor naturale f\u0103r\u0103 graba inutil\u0103. Ora\u0219e cunoscute precum Bad Kreuznach sau Bad Ems atrag cu <strong>ap\u0103 cu radon sau cu sare<\/strong>, care relaxeaz\u0103 mu\u0219chii obosi\u021bi. Drumul cu ma\u0219ina din Rom\u00e2nia ia, ce-i drept, ceva mai mult timp, dar pentru lini\u0219tea divin\u0103 \u0219i mul\u021bimile mai mici de vizitatori merit\u0103. Este pur \u0219i simplu o alegere ideal\u0103 pentru un <strong>weekend prelungit destins<\/strong>, plin de relaxare.<\/p>\n\n\n\n<figure data-wp-context=\"{&quot;imageId&quot;:&quot;6a9c370269aea&quot;}\" data-wp-interactive=\"core\/image\" data-wp-key=\"6a9c370269aea\" class=\"wp-block-image size-full wp-lightbox-container\"><img decoding=\"async\" width=\"1800\" height=\"1203\" data-wp-class--hide=\"state.isContentHidden\" data-wp-class--show=\"state.isContentVisible\" data-wp-init=\"callbacks.setButtonStyles\" data-wp-on--click=\"actions.showLightbox\" data-wp-on--load=\"callbacks.setButtonStyles\" data-wp-on--pointerdown=\"actions.preloadImage\" data-wp-on--pointerenter=\"actions.preloadImageWithDelay\" data-wp-on--pointerleave=\"actions.cancelPreload\" data-wp-on-window--resize=\"callbacks.setButtonStyles\" src=\"https:\/\/loudavymkrokem.cz\/wp-content\/uploads\/2026\/09\/nemecko-clanky-termaly-nemecko-62-7c30d429.jpg\" alt=\"Crucenia Thermen din Bad Kreuznach deasupra r\u00e2ului Nahe\" class=\"wp-image-415518\" title=\"\" srcset=\"https:\/\/loudavymkrokem.cz\/wp-content\/uploads\/2026\/09\/nemecko-clanky-termaly-nemecko-62-7c30d429.jpg 1800w, https:\/\/loudavymkrokem.cz\/wp-content\/uploads\/2026\/09\/nemecko-clanky-termaly-nemecko-62-7c30d429-300x201.jpg 300w, https:\/\/loudavymkrokem.cz\/wp-content\/uploads\/2026\/09\/nemecko-clanky-termaly-nemecko-62-7c30d429-700x468.jpg 700w, https:\/\/loudavymkrokem.cz\/wp-content\/uploads\/2026\/09\/nemecko-clanky-termaly-nemecko-62-7c30d429-768x513.jpg 768w, https:\/\/loudavymkrokem.cz\/wp-content\/uploads\/2026\/09\/nemecko-clanky-termaly-nemecko-62-7c30d429-1536x1027.jpg 1536w, https:\/\/loudavymkrokem.cz\/wp-content\/uploads\/2026\/09\/nemecko-clanky-termaly-nemecko-62-7c30d429-696x465.jpg 696w, https:\/\/loudavymkrokem.cz\/wp-content\/uploads\/2026\/09\/nemecko-clanky-termaly-nemecko-62-7c30d429-1392x930.jpg 1392w\" sizes=\"(max-width: 1800px) 100vw, 1800px\" \/><button\n\t\t\tclass=\"lightbox-trigger\"\n\t\t\ttype=\"button\"\n\t\t\taria-haspopup=\"dialog\"\n\t\t\tdata-wp-bind--aria-label=\"state.thisImage.triggerButtonAriaLabel\"\n\t\t\tdata-wp-init=\"callbacks.initTriggerButton\"\n\t\t\tdata-wp-on--click=\"actions.showLightbox\"\n\t\t\tdata-wp-style--right=\"state.thisImage.buttonRight\"\n\t\t\tdata-wp-style--top=\"state.thisImage.buttonTop\"\n\t\t>\n\t\t\t<svg xmlns=\"http:\/\/www.w3.org\/2000\/svg\" width=\"12\" height=\"12\" fill=\"none\" viewBox=\"0 0 12 12\">\n\t\t\t\t<path fill=\"#fff\" d=\"M2 0a2 2 0 0 0-2 2v2h1.5V2a.5.5 0 0 1 .5-.5h2V0H2Zm2 10.5H2a.5.5 0 0 1-.5-.5V8H0v2a2 2 0 0 0 2 2h2v-1.5ZM8 12v-1.5h2a.5.5 0 0 0 .5-.5V8H12v2a2 2 0 0 1-2 2H8Zm2-12a2 2 0 0 1 2 2v2h-1.5V2a.5.5 0 0 0-.5-.5H8V0h2Z\" \/>\n\t\t\t<\/svg>\n\t\t<\/button><figcaption class=\"wp-element-caption\">Foto: Pudelek (Marcin Szala) \/ Wikimedia Commons, CC BY-SA 3.0<\/figcaption><\/figure>\n\n\n\n<h3 class=\"wp-block-heading\"><span class=\"ez-toc-section\" id=\"50_Crucenia_Thermen_Bad_Kreuznach\"><\/span>50. Crucenia Thermen (Bad Kreuznach)<span class=\"ez-toc-section-end\"><\/span><\/h3>\n\n\n\n<p class=\"wp-block-paragraph\">Aceste b\u0103i pl\u0103cute din ora\u0219ul Bad Kreuznach se m\u00e2ndresc cu un detaliu foarte simpatic, \u0219i anume cu <strong>accesibilitatea certificat\u0103 oficial pentru persoane cu dizabilit\u0103\u021bi<\/strong>. Deci, dac\u0103 tu \u00eensu\u021bi te confrun\u021bi cu o mobilitate redus\u0103 sau pleci \u00een weekend cu cineva mai \u00een v\u00e2rst\u0103 din familie, Crucenia Thermen vor fi pentru tine o alegere ideal\u0103. \u00centregul complex mizeaz\u0103, \u00een ansamblu, mai degrab\u0103 pe lini\u0219te, s\u0103n\u0103tate \u0219i un ritm mai lent dec\u00e2t pe atrac\u021bii acvatice dezl\u0103n\u021buite.<\/p>\n\n\n\n<p class=\"wp-block-paragraph\">Te po\u021bi bucura de <strong>dou\u0103 bazine interioare \u0219i unul exterior<\/strong>, \u00een care curge ne\u00eencetat ap\u0103 termal\u0103 cu temperatura de aproximativ 33 \u00b0C. Dac\u0103 \u00ee\u021bi place s\u0103 te tol\u0103ne\u0219ti \u00eendelung, vei aprecia \u00eenc\u0103 un bazin \u00eenc\u0103lzit exact la 30 \u00b0C, completat de paturi de masaj cu bule \u0219i o sal\u0103 de odihn\u0103 primitoare. \u00cen pre\u021bul intr\u0103rii <strong>ai inclus \u0219i aquafitness<\/strong>, a\u0219a c\u0103 te po\u021bi \u0219i dezmor\u021bi pu\u021bin, activ. Pentru o \u00eenc\u0103lzire rapid\u0103 a corpului serve\u0219te apoi excelent infrasaun\u0103 local\u0103.<\/p>\n\n\n\n<p class=\"wp-block-paragraph\">\u00cen ceea ce prive\u0219te costurile, te vor bucura serviciile suplimentare, pe care le ob\u021bii aici la sume foarte prietenoase. Conform listei de pre\u021buri pentru 2026, pentru un <strong>masaj par\u021bial de jum\u0103tate de or\u0103 vei pl\u0103ti doar 8 \u20ac<\/strong>, ceea ce, pentru Germania, e un pre\u021b foarte decent. Dac\u0103 ai vrea s\u0103 oferi cuiva un sejur, vaucherele cadou \u00eencep deja de la 5 \u20ac. <strong>\ud83d\udca1 Sfat:<\/strong> De\u0219i nu te a\u0219tepta aici la un parc uria\u0219 de saune, apa vindec\u0103toare \u00een sine e mai mult dec\u00e2t suficient\u0103 pentru a-\u021bi \u00eenc\u0103lzi oasele dup\u0103 o zi \u00eentreag\u0103 de excursie.<\/p>\n\n\n\n<figure data-wp-context=\"{&quot;imageId&quot;:&quot;6a9c37026a20f&quot;}\" data-wp-interactive=\"core\/image\" data-wp-key=\"6a9c37026a20f\" class=\"wp-block-image size-full wp-lightbox-container\"><img decoding=\"async\" width=\"1800\" height=\"1800\" data-wp-class--hide=\"state.isContentHidden\" data-wp-class--show=\"state.isContentVisible\" data-wp-init=\"callbacks.setButtonStyles\" data-wp-on--click=\"actions.showLightbox\" data-wp-on--load=\"callbacks.setButtonStyles\" data-wp-on--pointerdown=\"actions.preloadImage\" data-wp-on--pointerenter=\"actions.preloadImageWithDelay\" data-wp-on--pointerleave=\"actions.cancelPreload\" data-wp-on-window--resize=\"callbacks.setButtonStyles\" src=\"https:\/\/loudavymkrokem.cz\/wp-content\/uploads\/2026\/09\/nemecko-clanky-termaly-nemecko-63-ec29e746-1.jpg\" alt=\"Emser Therme (Bad Ems)\" class=\"wp-image-415437\" title=\"\" srcset=\"https:\/\/loudavymkrokem.cz\/wp-content\/uploads\/2026\/09\/nemecko-clanky-termaly-nemecko-63-ec29e746-1.jpg 1800w, https:\/\/loudavymkrokem.cz\/wp-content\/uploads\/2026\/09\/nemecko-clanky-termaly-nemecko-63-ec29e746-1-300x300.jpg 300w, https:\/\/loudavymkrokem.cz\/wp-content\/uploads\/2026\/09\/nemecko-clanky-termaly-nemecko-63-ec29e746-1-700x700.jpg 700w, https:\/\/loudavymkrokem.cz\/wp-content\/uploads\/2026\/09\/nemecko-clanky-termaly-nemecko-63-ec29e746-1-150x150.jpg 150w, https:\/\/loudavymkrokem.cz\/wp-content\/uploads\/2026\/09\/nemecko-clanky-termaly-nemecko-63-ec29e746-1-768x768.jpg 768w, https:\/\/loudavymkrokem.cz\/wp-content\/uploads\/2026\/09\/nemecko-clanky-termaly-nemecko-63-ec29e746-1-1536x1536.jpg 1536w, https:\/\/loudavymkrokem.cz\/wp-content\/uploads\/2026\/09\/nemecko-clanky-termaly-nemecko-63-ec29e746-1-696x696.jpg 696w, https:\/\/loudavymkrokem.cz\/wp-content\/uploads\/2026\/09\/nemecko-clanky-termaly-nemecko-63-ec29e746-1-1392x1392.jpg 1392w\" sizes=\"(max-width: 1800px) 100vw, 1800px\" \/><button\n\t\t\tclass=\"lightbox-trigger\"\n\t\t\ttype=\"button\"\n\t\t\taria-haspopup=\"dialog\"\n\t\t\tdata-wp-bind--aria-label=\"state.thisImage.triggerButtonAriaLabel\"\n\t\t\tdata-wp-init=\"callbacks.initTriggerButton\"\n\t\t\tdata-wp-on--click=\"actions.showLightbox\"\n\t\t\tdata-wp-style--right=\"state.thisImage.buttonRight\"\n\t\t\tdata-wp-style--top=\"state.thisImage.buttonTop\"\n\t\t>\n\t\t\t<svg xmlns=\"http:\/\/www.w3.org\/2000\/svg\" width=\"12\" height=\"12\" fill=\"none\" viewBox=\"0 0 12 12\">\n\t\t\t\t<path fill=\"#fff\" d=\"M2 0a2 2 0 0 0-2 2v2h1.5V2a.5.5 0 0 1 .5-.5h2V0H2Zm2 10.5H2a.5.5 0 0 1-.5-.5V8H0v2a2 2 0 0 0 2 2h2v-1.5ZM8 12v-1.5h2a.5.5 0 0 0 .5-.5V8H12v2a2 2 0 0 1-2 2H8Zm2-12a2 2 0 0 1 2 2v2h-1.5V2a.5.5 0 0 0-.5-.5H8V0h2Z\" \/>\n\t\t\t<\/svg>\n\t\t<\/button><\/figure>\n\n\n\n<h3 class=\"wp-block-heading\"><span class=\"ez-toc-section\" id=\"51_Emser_Therme_Bad_Ems\"><\/span>51. Emser Therme (Bad Ems)<span class=\"ez-toc-section-end\"><\/span><\/h3>\n\n\n\n<p class=\"wp-block-paragraph\">Aceste minunate b\u0103i se afl\u0103 chiar pe malul r\u00e2ului Lahn \u0219i \u00ee\u021bi vor oferi <strong>6.600 de metri p\u0103tra\u021bi de suprafa\u021b\u0103 de relaxare<\/strong>. Vei g\u0103si aici un peisaj termal \u00eentins, un parc de saune, o galerie wellness, un panoram\u0103 fitness \u0219i restaurantul Halberts. Emser Therme sunt pur \u0219i simplu o lume uria\u0219\u0103 \u0219i complex\u0103 de odihn\u0103, unde po\u021bi petrece lini\u0219tit o zi \u00eentreag\u0103 \u0219i vei avea mereu ce s\u0103 descoperi.<\/p>\n\n\n\n<p class=\"wp-block-paragraph\">Distrac\u021biile acvatice le vei savura pe <strong>peste 700 de metri p\u0103tra\u021bi de luciu de ap\u0103<\/strong>. Bazinul termal interior principal te va \u00eent\u00e2mpina cu temperatura de 33 \u00b0C, dar la el se conecteaz\u0103 imediat o zon\u0103 \u0219i mai cald\u0103, cu 36 \u00b0C. Po\u021bi \u00eenota \u0219i afar\u0103, unde apa are 32 p\u00e2n\u0103 la 35 \u00b0C \u0219i \u00ee\u021bi va oferi o priveli\u0219te frumoas\u0103 asupra r\u00e2ului. Pentru \u00eenot\u0103torii mai activi, complexul ascunde apoi un <strong>bazin sportiv cu temperatura de 24 p\u00e2n\u0103 la 28 \u00b0C<\/strong> \u0219i un bazin special pentru activit\u0103\u021bi de mi\u0219care.<\/p>\n\n\n\n<p class=\"wp-block-paragraph\">Iubitorii de transpirat vor fi \u00eenc\u00e2nta\u021bi de complexul uria\u0219, care ofer\u0103 peste <strong>1.000 de metri p\u0103tra\u021bi de spa\u021biu pentru saunat<\/strong>. Este pur \u0219i simplu un loc optim pentru o regenerare profund\u0103 a corpului \u0219i a min\u021bii. Pentru c\u0103lirea la saun\u0103, folose\u0219te bazinul fierbinte cu 38 \u00b0C \u0219i apoi te r\u0103ce\u0219ti rapid \u00een apa de ghea\u021b\u0103 de optsprezece grade. <strong>\ud83d\udca1 Sfat:<\/strong> Dac\u0103 dup\u0103 \u00eenot te apuc\u0103 foamea, \u00eencearc\u0103 direct restaurantul local Halberts, ca s\u0103 nu fii nevoit deloc s\u0103 p\u0103r\u0103se\u0219ti complexul \u00een timpul zilei.<\/p>\n\n\n\n<figure data-wp-context=\"{&quot;imageId&quot;:&quot;6a9c37026a763&quot;}\" data-wp-interactive=\"core\/image\" data-wp-key=\"6a9c37026a763\" class=\"wp-block-image size-full wp-lightbox-container\"><img decoding=\"async\" width=\"1800\" height=\"1350\" data-wp-class--hide=\"state.isContentHidden\" data-wp-class--show=\"state.isContentVisible\" data-wp-init=\"callbacks.setButtonStyles\" data-wp-on--click=\"actions.showLightbox\" data-wp-on--load=\"callbacks.setButtonStyles\" data-wp-on--pointerdown=\"actions.preloadImage\" data-wp-on--pointerenter=\"actions.preloadImageWithDelay\" data-wp-on--pointerleave=\"actions.cancelPreload\" data-wp-on-window--resize=\"callbacks.setButtonStyles\" src=\"https:\/\/loudavymkrokem.cz\/wp-content\/uploads\/2026\/09\/nemecko-clanky-termaly-nemecko-64-23e551d5-1.jpg\" alt=\"Gr\u0103dina de saune a vabali spa din Berlin\" class=\"wp-image-415441\" title=\"\" srcset=\"https:\/\/loudavymkrokem.cz\/wp-content\/uploads\/2026\/09\/nemecko-clanky-termaly-nemecko-64-23e551d5-1.jpg 1800w, https:\/\/loudavymkrokem.cz\/wp-content\/uploads\/2026\/09\/nemecko-clanky-termaly-nemecko-64-23e551d5-1-300x225.jpg 300w, https:\/\/loudavymkrokem.cz\/wp-content\/uploads\/2026\/09\/nemecko-clanky-termaly-nemecko-64-23e551d5-1-700x525.jpg 700w, https:\/\/loudavymkrokem.cz\/wp-content\/uploads\/2026\/09\/nemecko-clanky-termaly-nemecko-64-23e551d5-1-768x576.jpg 768w, https:\/\/loudavymkrokem.cz\/wp-content\/uploads\/2026\/09\/nemecko-clanky-termaly-nemecko-64-23e551d5-1-1536x1152.jpg 1536w, https:\/\/loudavymkrokem.cz\/wp-content\/uploads\/2026\/09\/nemecko-clanky-termaly-nemecko-64-23e551d5-1-80x60.jpg 80w, https:\/\/loudavymkrokem.cz\/wp-content\/uploads\/2026\/09\/nemecko-clanky-termaly-nemecko-64-23e551d5-1-160x120.jpg 160w, https:\/\/loudavymkrokem.cz\/wp-content\/uploads\/2026\/09\/nemecko-clanky-termaly-nemecko-64-23e551d5-1-696x522.jpg 696w, https:\/\/loudavymkrokem.cz\/wp-content\/uploads\/2026\/09\/nemecko-clanky-termaly-nemecko-64-23e551d5-1-1392x1044.jpg 1392w\" sizes=\"(max-width: 1800px) 100vw, 1800px\" \/><button\n\t\t\tclass=\"lightbox-trigger\"\n\t\t\ttype=\"button\"\n\t\t\taria-haspopup=\"dialog\"\n\t\t\tdata-wp-bind--aria-label=\"state.thisImage.triggerButtonAriaLabel\"\n\t\t\tdata-wp-init=\"callbacks.initTriggerButton\"\n\t\t\tdata-wp-on--click=\"actions.showLightbox\"\n\t\t\tdata-wp-style--right=\"state.thisImage.buttonRight\"\n\t\t\tdata-wp-style--top=\"state.thisImage.buttonTop\"\n\t\t>\n\t\t\t<svg xmlns=\"http:\/\/www.w3.org\/2000\/svg\" width=\"12\" height=\"12\" fill=\"none\" viewBox=\"0 0 12 12\">\n\t\t\t\t<path fill=\"#fff\" d=\"M2 0a2 2 0 0 0-2 2v2h1.5V2a.5.5 0 0 1 .5-.5h2V0H2Zm2 10.5H2a.5.5 0 0 1-.5-.5V8H0v2a2 2 0 0 0 2 2h2v-1.5ZM8 12v-1.5h2a.5.5 0 0 0 .5-.5V8H12v2a2 2 0 0 1-2 2H8Zm2-12a2 2 0 0 1 2 2v2h-1.5V2a.5.5 0 0 0-.5-.5H8V0h2Z\" \/>\n\t\t\t<\/svg>\n\t\t<\/button><\/figure>\n\n\n\n<h2 class=\"wp-block-heading\"><span class=\"ez-toc-section\" id=\"Ghid_practic_ce_sa_iei_cu_copiii_si_in_bani_cash\"><\/span>Ghid practic: ce s\u0103 iei, cu copiii \u0219i \u00een bani cash<span class=\"ez-toc-section-end\"><\/span><\/h2>\n\n\n\n<p class=\"wp-block-paragraph\">\u00cenainte s\u0103 pleci, \u00eempacheteaz\u0103-\u021bi un <strong>prosop mare de pus sub tine la saun\u0103<\/strong>, pentru c\u0103 la vecinii germani se sauneaz\u0103 strict f\u0103r\u0103 costum de baie, iar prosopul trebuie s\u0103 fie sub tot corpul. Pentru deplasarea \u00eentre bazine se vor potrivi papucii de plastic, iar pentru baia propriu-zis\u0103, desigur, costumul de baie. \u00cemprumutul unui halat sau prosop la fa\u021ba locului este aproape peste tot contra unei taxe, de exemplu la Thermen &#038; Badewelt Sinsheim <strong>dai pentru halat 9 \u20ac \u0219i \u00eenc\u0103 40 \u20ac ca garan\u021bie<\/strong>. La Kristalltherme Bad Wilsnack, prosopul cu halatul te cost\u0103 12 \u20ac, iar la asta preg\u0103te\u0219te-\u021bi o garan\u021bie de 15 \u20ac.<\/p>\n\n\n\n<p class=\"wp-block-paragraph\">Portofelul \u00eel po\u021bi l\u0103sa lini\u0219tit \u00een dulap, pentru c\u0103 \u00een\u0103untru se <strong>pl\u0103te\u0219te cu un cip sau o br\u0103\u021bar\u0103<\/strong>, pe care le prime\u0219ti la intrare. Nota de plat\u0103 pentru m\u00e2ncare \u0219i eventualele suplimente pentru un sejur mai lung le achi\u021bi abia la sf\u00e2r\u0219it, la casa de ie\u0219ire, iar unele complexe au setate limite de credit, cum ar fi Titania Neus\u00e4\u00df cu o limit\u0103 de 50 \u20ac pe adult. <strong>\ud83d\udca1 Sfat:<\/strong> Dac\u0103 vizitezi b\u0103ile mai des, \u00eentreab\u0103 de cardurile prepl\u0103tite, pentru c\u0103, de exemplu, la Sinsheim ob\u021bii cu un credit de 150 \u20ac direct o reducere de 5% la intrare.<\/p>\n\n\n\n<p class=\"wp-block-paragraph\">Parcarea este de obicei rezolvat\u0103 la majoritatea complexelor cu parc\u0103ri generoase, iar unele locuri se g\u00e2ndesc \u0219i la rulote, precum ofer\u0103 de exemplu Adelindis Therme Bad Buchau. La cele ca Carolus Thermen Aachen <strong>pl\u0103te\u0219ti pentru garaj un abonament de 6 \u20ac<\/strong> pe toat\u0103 durata vizitei \u0219i treci \u00een b\u0103i comod, direct cu piciorul uscat.<\/p>\n\n\n\n<p class=\"wp-block-paragraph\">Vrei lini\u0219te? Atunci <strong>evit\u0103 weekendurile, s\u0103rb\u0103torile legale \u0219i vacan\u021bele germane<\/strong>, c\u00e2nd peste tot e nu doar cel mai plin, ci se pl\u0103tesc \u0219i adesea suplimente de weekend \u00een intervalul de la 1,50 p\u00e2n\u0103 la 5 \u20ac. Unele complexe, cum ar fi VitaSol Therme Bad Salzuflen, chiar <strong>arat\u0103 pe site gradul de ocupare actual<\/strong>, a\u0219a c\u0103 po\u021bi verifica locurile libere \u00eenainte de plecare. La Spreewald Therme Burg po\u021bi apoi rezerva la 7,50 \u20ac un anumit \u0219ezlong \u00een zona de lini\u0219te pentru toat\u0103 ziua \u0219i s\u0103-\u021bi asiguri astfel locul.<\/p>\n\n\n\n<p class=\"wp-block-paragraph\">Familiile cu copii ar trebui s\u0103 aleag\u0103 din timp cu grij\u0103, pentru c\u0103 <strong>unele complexe au limite de v\u00e2rst\u0103 stricte<\/strong> \u0219i mizeaz\u0103 mai degrab\u0103 pe odihna t\u0103cut\u0103 a adul\u021bilor. La Thermen &#038; Badewelt Sinsheim te las\u0103 abia de la 16 ani, iar, de exemplu, Mineraltherme B\u00f6blingen nu prime\u0219te copii sub cinci ani. Dimpotriv\u0103, la Therme Erding sau la Titania Neus\u00e4\u00df, cu tarifele de familie avantajoase, <strong>copiii se vor dezl\u0103n\u021bui pe tobogane \u0219i \u00een piscina cu valuri pe s\u0103turate<\/strong>.<\/p>\n\n\n\n<p class=\"wp-block-paragraph\">\u00cenainte de drumul propriu-zis, \u00ee\u021bi recomand s\u0103 <strong>verifici lista de pre\u021buri actual\u0103 pentru 2026<\/strong> \u0219i eventualele opriri tehnice direct pe site-ul b\u0103ilor alese. Vei evita astfel o dezam\u0103gire inutil\u0103 la fa\u021ba locului, pentru c\u0103, de exemplu, bazinul termal exterior de la Bodensee-Therme Konstanz este \u00een revizie p\u00e2n\u0103 pe 25 septembrie 2026. La fel de bine e s\u0103 \u0219tii c\u0103 <strong>la D\u00fcnen-Therme St. Peter-Ording sunt momentan scoase din func\u021biune piscina cu valuri<\/strong> \u0219i \u00eendr\u0103gitul Turbo-Rutsche.<\/p>\n\n\n\n<h2 class=\"wp-block-heading\"><span class=\"ez-toc-section\" id=\"Unde_mai_departe_alte_articole_despre_bai_termale_si_wellness\"><\/span>Unde mai departe: alte articole despre b\u0103i termale \u0219i wellness<span class=\"ez-toc-section-end\"><\/span><\/h2>\n\n\n\n<ul class=\"wp-block-list\">\n\n<li><strong><a href=\"https:\/\/loudavymkrokem.cz\/ro\/hoteluri-wellness-germania\/\">Hoteluri wellness \u00een Germania<\/a><\/strong> &#8211; arunc\u0103 o privire la sugestiile noastre pentru cele mai bune locuri de relaxare la vecinii germani.<\/li>\n\n\n\n<li><strong><a href=\"https:\/\/loudavymkrokem.cz\/ro\/aquaparcuri-germania\/\">Cele mai bune aquaparcuri din Germania<\/a><\/strong> &#8211; dac\u0103 e\u0219ti mai degrab\u0103 \u00een c\u0103utare de adrenalin\u0103 \u0219i tobogane, aceste locuri te vor entuziasma.<\/li>\n\n\n\n<li><strong><a href=\"https:\/\/loudavymkrokem.cz\/ro\/terme-cehia-cele-mai-bune\/\">Cele mai bune b\u0103i termale din Cehia<\/a><\/strong> &#8211; descoper\u0103 cele mai frumoase complexe cehe, pentru care nu trebuie s\u0103 treci grani\u021ba.<\/li>\n\n\n\n<li><strong><a href=\"https:\/\/loudavymkrokem.cz\/ro\/slovacia-termale-cele-mai-bune\/\">B\u0103i termale \u00een Slovacia<\/a><\/strong> &#8211; afl\u0103 unde s\u0103 pleci dup\u0103 izvoare fierbin\u021bi \u0219i odihn\u0103 \u00een Slovacia.<\/li>\n\n\n\n<li><strong><a href=\"https:\/\/loudavymkrokem.cz\/ro\/hoteluri-wellness-austria\/\">Hoteluri wellness \u00een Austria<\/a><\/strong> &#8211; inspir\u0103-te din minunatele hoteluri austriece, care \u00eembin\u0103 mun\u021bii cu \u00eengrijirea de lux.<\/li>\n\n\n\n<li><strong><a href=\"https:\/\/loudavymkrokem.cz\/ro\/castel-germania-neuschwanstein\/\">Castelul Neuschwanstein<\/a><\/strong> &#8211; cite\u0219te despre castelul de basm, pentru c\u0103 K\u00f6nigliche Kristall-Therme din Schwangau se afl\u0103 chiar sub el.<\/li>\n\n\n<\/ul>\n\n\n\n<h2 class=\"wp-block-heading\"><span class=\"ez-toc-section\" id=\"Intrebari_frecvente\"><\/span>\u00centreb\u0103ri frecvente<span class=\"ez-toc-section-end\"><\/span><\/h2>\n\n\n\n<p class=\"wp-block-paragraph\">Mai ai \u0219i alte \u00eentreb\u0103ri suplimentare legate de o vizit\u0103 la b\u0103ile germane? Am preg\u0103tit pentru tine un rezumat al celor mai frecvente \u00eentreb\u0103ri, care \u00ee\u021bi va u\u0219ura planificarea drumului.<\/p>\n\n\n<div id=\"rank-math-faq\" class=\"rank-math-block\">\n<div class=\"rank-math-list \">\n<div id=\"faq-question-1788420581000\" class=\"rank-math-list-item\">\n<h3 class=\"rank-math-question \"><span class=\"ez-toc-section\" id=\"Care_este_cel_mai_mare_terma_din_Germania\"><\/span>Care este cel mai mare term\u0103 din Germania?<span class=\"ez-toc-section-end\"><\/span><\/h3>\n<div class=\"rank-math-answer \">\n\n<p>Titlul celui mai mare term\u0103 din Germania \u00eel de\u021bine Therme Erding. Conform site-ului oficial, aici g\u0103se\u0219ti 40 de bazine, 38 de saune \u0219i b\u0103i de aburi \u0219i nu mai pu\u021bin de 28 de tobogane cu o lungime total\u0103 de peste 2.850 de metri. Este un complex uria\u0219 care se \u00eentinde pe o suprafa\u021b\u0103 vast\u0103 \u0219i ofer\u0103 distrac\u021bie pentru o zi \u00eentreag\u0103 at\u00e2t pentru adul\u021bi, c\u00e2t \u0219i pentru copii.<\/p>\n\n<\/div>\n<\/div>\n<div id=\"faq-question-1788420581001\" class=\"rank-math-list-item\">\n<h3 class=\"rank-math-question \"><span class=\"ez-toc-section\" id=\"Cat_costa_intrarea_la_o_terma_din_Germania\"><\/span>C\u00e2t cost\u0103 intrarea la o term\u0103 din Germania?<span class=\"ez-toc-section-end\"><\/span><\/h3>\n<div class=\"rank-math-answer \">\n\n<p>Nivelul de pre\u021b pentru anul 2026 se situeaz\u0103 de obicei \u00eentre 65 \u0219i 105 lei (13-21 \u20ac) pentru dou\u0103 ore de \u00eenotare. Pentru intrarea pe \u00eentreaga zi ve\u021bi pl\u0103ti de obicei \u00eentre 90 \u0219i 185 lei (18-37 \u20ac). Cele mai scumpe din selec\u021bia noastr\u0103 sunt b\u0103ile Therme Bad W\u00f6rishofen, unde biletul pe \u00eentreaga zi cost\u0103 255 lei (51 \u20ac). Dac\u0103 dori\u021bi s\u0103 vizita\u021bi \u0219i lumea saunelor, calcula\u021bi un supliment de aproximativ 25-50 lei (5-10 \u20ac).<\/p>\n\n<\/div>\n<\/div>\n<div id=\"faq-question-1788420581002\" class=\"rank-math-list-item\">\n<h3 class=\"rank-math-question \"><span class=\"ez-toc-section\" id=\"Trebuie_sa_mergi_dezbracat_in_sauna_germana\"><\/span>Trebuie s\u0103 mergi dezbr\u0103cat \u00een sauna german\u0103?<span class=\"ez-toc-section-end\"><\/span><\/h3>\n<div class=\"rank-math-answer \">\n\n<p>Da, \u00een saunele din Germania se merge strict f\u0103r\u0103 costum de baie. Nu uita s\u0103 iei un prosop mare sau un cear\u0219af, pentru c\u0103 trebuie s\u0103 ai \u00eentregul corp acoperit sub tine, inclusiv t\u0103lpile. Dac\u0103 e\u0219ti timid, po\u021bi s\u0103 te \u00eenf\u0103\u0219ori \u00een prosop \u00een saun\u0103, dar \u00een costum de baie ud salvamarii nu te vor l\u0103sa s\u0103 intri din motive de igien\u0103.<\/p>\n\n<\/div>\n<\/div>\n<div id=\"faq-question-1788420581003\" class=\"rank-math-list-item\">\n<h3 class=\"rank-math-question \"><span class=\"ez-toc-section\" id=\"Care_sunt_termele_germane_cele_mai_apropiate_de_Romania\"><\/span>Care sunt termele germane cele mai apropiate de Rom\u00e2nia?<span class=\"ez-toc-section-end\"><\/span><\/h3>\n<div class=\"rank-math-answer \">\n\n<p>Printre op\u021biunile accesibile din Bavaria se num\u0103r\u0103 Sibyllenbad \u00een Neualbenreuth, care este printre cele mai ieftine. \u00cen Saxonia g\u0103se\u0219ti Toskana Therme Bad Schandau cu renumitul concept de muzic\u0103 sub ap\u0103. Din sudul Germaniei, prin Passau, po\u021bi ajunge u\u0219or \u0219i la b\u0103ile Bad F\u00fcssing \u0219i Bad Griesbach.<\/p>\n\n<\/div>\n<\/div>\n<div id=\"faq-question-1788420581004\" class=\"rank-math-list-item\">\n<h3 class=\"rank-math-question \"><span class=\"ez-toc-section\" id=\"Pot_merge_copiii_la_termele_din_Germania\"><\/span>Pot merge copiii la termele din Germania?<span class=\"ez-toc-section-end\"><\/span><\/h3>\n<div class=\"rank-math-answer \">\n\n<p>Depinde de fiecare complex \u00een parte, pentru c\u0103 multe dintre ele sunt orientate mai degrab\u0103 spre adul\u021bi. De exemplu, la Thermen &amp; Badewelt Sinsheim tinerii au acces doar de la 16 ani, iar Mineraltherme B\u00f6blingen nu admite copii sub 5 ani. \u00cen schimb, Therme Erding sau Titania Neus\u00e4\u00df sunt ideale pentru familii cu copii \u0219i ofer\u0103 tarife de familie \u0219i atrac\u021bii.<\/p>\n\n<\/div>\n<\/div>\n<div id=\"faq-question-1788420581005\" class=\"rank-math-list-item\">\n<h3 class=\"rank-math-question \"><span class=\"ez-toc-section\" id=\"Ce_inseamna_Bademantelgang\"><\/span>Ce \u00eenseamn\u0103 Bademantelgang?<span class=\"ez-toc-section-end\"><\/span><\/h3>\n<div class=\"rank-math-answer \">\n\n<p>Cuv\u00e2ntul Bademantelgang desemneaz\u0103 un coridor \u00eenc\u0103lzit care leag\u0103 anumite caz\u0103ri direct de complexul termal. Astfel, po\u021bi s\u0103 te \u00eembraci \u00een costum de baie \u0219i halat \u00een confortul camerei tale de hotel \u0219i s\u0103 treci la bazine, cum se spune, pe uscat. \u00cen acest fel scapi de necesitatea de a folosi vestiarele \u0219i dulapurile comune de la b\u0103i.<\/p>\n\n<\/div>\n<\/div>\n<div id=\"faq-question-1788420581006\" class=\"rank-math-list-item\">\n<h3 class=\"rank-math-question \"><span class=\"ez-toc-section\" id=\"Trebuie_sa_imi_iau_propriul_prosop_si_halat\"><\/span>Trebuie s\u0103 \u00eemi iau propriul prosop \u0219i halat?<span class=\"ez-toc-section-end\"><\/span><\/h3>\n<div class=\"rank-math-answer \">\n\n<p>Ia-\u021bi propriile lucruri, pentru c\u0103 \u00eenchirierea halatului \u0219i prosopului la termele din Germania este aproape \u00eentotdeauna taxat\u0103 \u0219i necesit\u0103 un depozit. De exemplu, la Kristalltherme Bad Wilsnack pl\u0103te\u0219ti 25 lei (5 \u20ac) pentru prosop \u0219i 35 lei (7 \u20ac) pentru halat, plus un depozit de 75 lei (15 \u20ac). Astfel, vizita \u021bi-ar deveni inutil de scump\u0103.<\/p>\n\n<\/div>\n<\/div>\n<div id=\"faq-question-1788420581007\" class=\"rank-math-list-item\">\n<h3 class=\"rank-math-question \"><span class=\"ez-toc-section\" id=\"Cand_sunt_termele_din_Germania_cel_mai_putin_aglomerate\"><\/span>C\u00e2nd sunt termele din Germania cel mai pu\u021bin aglomerate?<span class=\"ez-toc-section-end\"><\/span><\/h3>\n<div class=\"rank-math-answer \">\n\n<p>Vei avea cea mai mare lini\u0219te \u00een timpul zilelor lucr\u0103toare, ideal imediat dup\u0103 deschiderea de diminea\u021b\u0103 sau seara. Evit\u0103 cu siguran\u021b\u0103 weekendurile, s\u0103rb\u0103torile legale \u0219i perioadele vacan\u021belor \u0219colare germane. \u00cen plus, multe b\u0103i percep suplimente la weekend pentru intrare, de obicei \u00eentre 7,5 \u0219i 25 lei (1,50-5 \u20ac), a\u0219a c\u0103 vizit\u00e2nd \u00eentr-o zi lucr\u0103toare vei economisi \u0219i bani.<\/p>\n\n<\/div>\n<\/div>\n<div id=\"faq-question-1788420581008\" class=\"rank-math-list-item\">\n<h3 class=\"rank-math-question \"><span class=\"ez-toc-section\" id=\"Se_plateste_taxa_de_statiune_in_Germania\"><\/span>Se pl\u0103te\u0219te tax\u0103 de sta\u021biune \u00een Germania?<span class=\"ez-toc-section-end\"><\/span><\/h3>\n<div class=\"rank-math-answer \">\n\n<p>Da, dac\u0103 te cazezi \u00eentr-un ora\u0219 balnear tradi\u021bional, vei pl\u0103ti o tax\u0103 de sejur numit\u0103 Kurbeitrag. \u00cen schimb, vei primi de obicei un card de oaspete care \u00ee\u021bi asigur\u0103 reduceri la intr\u0103ri. De exemplu, oaspe\u021bii caza\u021bi \u00een zona Havel Therme Werder beneficiaz\u0103 de intrare redus\u0103 \u00een zilele lucr\u0103toare, e suficient s\u0103 ar\u0103\u021bi cardul la cas\u0103.<\/p>\n\n<\/div>\n<\/div>\n<div id=\"faq-question-1788420581009\" class=\"rank-math-list-item\">\n<h3 class=\"rank-math-question \"><span class=\"ez-toc-section\" id=\"Care_terma_din_Germania_este_cea_mai_potrivita_pentru_familii_cu_copii\"><\/span>Care term\u0103 din Germania este cea mai potrivit\u0103 pentru familii cu copii?<span class=\"ez-toc-section-end\"><\/span><\/h3>\n<div class=\"rank-math-answer \">\n\n<p>Cea mai bun\u0103 alegere pentru familii este f\u0103r\u0103 \u00eendoial\u0103 Therme Erding, unde copiii se pot dezl\u0103n\u021bui pe 28 de tobogane \u0219i \u00eentr-un bazin mare cu valuri. Excelente sunt \u0219i b\u0103ile Spreewelten Bad L\u00fcbbenau, unde po\u021bi observa pinguini vii prin peretele de sticl\u0103 al bazinului. Facilit\u0103\u021bi foarte bune ofer\u0103 \u0219i Titania Neus\u00e4\u00df sau D\u00fcnen-Therme St. Peter-Ording, care au preg\u0103tite tarife avantajoase pentru copii.<\/p>\n\n<\/div>\n<\/div>\n<\/div>\n<\/div>","protected":false},"excerpt":{"rendered":"<p>Prezentare complet\u0103 a 51 de b\u0103i termale germane pe landuri: pre\u021buri 2026, unde se intr\u0103 f\u0103r\u0103 costum de baie \u0219i unde po\u021bi dormi direct l\u00e2ng\u0103 bazin.<\/p>\n","protected":false},"author":3,"featured_media":415526,"comment_status":"open","ping_status":"open","sticky":false,"template":"","format":"standard","meta":{"_acf_changed":false,"footnotes":"","rank_math_title":"B\u0103i termale \u00een Germania: 51 de idei pentru 2026","rank_math_description":"Ghidul complet al b\u0103ilor termale din Germania: 51 de complexe pe landuri, pre\u021buri 2026 \u0219i sfaturi practice. Descoper\u0103 cele mai bune terme \u0219i planific\u0103-\u021bi escapada!","rank_math_focus_keyword":"bai termale germania","rank_math_seo_score":""},"categories":[2015,2021,2065],"tags":[],"class_list":["post-417486","post","type-post","status-publish","format-standard","has-post-thumbnail","category-calatorii","category-europa","category-germania"],"acf":[],"featured_image_src":"https:\/\/loudavymkrokem.cz\/wp-content\/uploads\/2026\/09\/nemecko-clanky-termaly-nemecko-featured-c2c297a7.jpg","author_info":{"display_name":"Lucie Kone\u010dn\u00e1","author_link":"https:\/\/loudavymkrokem.cz\/ro\/author\/lucie-konecna\/"},"_links":{"self":[{"href":"https:\/\/loudavymkrokem.cz\/ro\/wp-json\/wp\/v2\/posts\/417486","targetHints":{"allow":["GET"]}}],"collection":[{"href":"https:\/\/loudavymkrokem.cz\/ro\/wp-json\/wp\/v2\/posts"}],"about":[{"href":"https:\/\/loudavymkrokem.cz\/ro\/wp-json\/wp\/v2\/types\/post"}],"author":[{"embeddable":true,"href":"https:\/\/loudavymkrokem.cz\/ro\/wp-json\/wp\/v2\/users\/3"}],"replies":[{"embeddable":true,"href":"https:\/\/loudavymkrokem.cz\/ro\/wp-json\/wp\/v2\/comments?post=417486"}],"version-history":[{"count":2,"href":"https:\/\/loudavymkrokem.cz\/ro\/wp-json\/wp\/v2\/posts\/417486\/revisions"}],"predecessor-version":[{"id":417488,"href":"https:\/\/loudavymkrokem.cz\/ro\/wp-json\/wp\/v2\/posts\/417486\/revisions\/417488"}],"wp:featuredmedia":[{"embeddable":true,"href":"https:\/\/loudavymkrokem.cz\/ro\/wp-json\/wp\/v2\/media\/415526"}],"wp:attachment":[{"href":"https:\/\/loudavymkrokem.cz\/ro\/wp-json\/wp\/v2\/media?parent=417486"}],"wp:term":[{"taxonomy":"category","embeddable":true,"href":"https:\/\/loudavymkrokem.cz\/ro\/wp-json\/wp\/v2\/categories?post=417486"},{"taxonomy":"post_tag","embeddable":true,"href":"https:\/\/loudavymkrokem.cz\/ro\/wp-json\/wp\/v2\/tags?post=417486"}],"curies":[{"name":"wp","href":"https:\/\/api.w.org\/{rel}","templated":true}]}}