{"id":409655,"date":"2026-08-26T17:30:05","date_gmt":"2026-08-26T15:30:05","guid":{"rendered":"https:\/\/loudavymkrokem.cz\/ce-sa-vezi-pisek\/"},"modified":"2026-08-31T11:03:42","modified_gmt":"2026-08-31T09:03:42","slug":"ce-sa-vezi-pisek","status":"publish","type":"post","link":"https:\/\/loudavymkrokem.cz\/ro\/ce-sa-vezi-pisek\/","title":{"rendered":"Ce s\u0103 vezi \u00een P\u00edsek: 39 de sfaturi de la o localnic\u0103 \u2014 monumente \u0219i priveli\u0219ti secrete"},"content":{"rendered":"\n<p class=\"wp-block-paragraph\"><strong>M-am n\u0103scut \u00een P\u00edsek.<\/strong> Apoi am locuit mul\u021bi ani la Praga, am str\u0103b\u0103tut o bun\u0103 parte din <strong><a href=\"https:\/\/loudavymkrokem.cz\/ro\/calatorii\/europa\/\" data-type=\"link\" data-id=\"https:\/\/loudavymkrokem.cz\/cestovani\/evropa\/\" target=\"_blank\" rel=\"noreferrer noopener\">Europa<\/a><\/strong>, am v\u0103zut o gr\u0103mad\u0103 de ora\u0219e frumoase \u0219i, \u00een cele din urm\u0103, eu \u0219i so\u021bul meu ne-am \u00eentors aici, la r\u00e2ul Otava. Ast\u0103zi locuim aici \u00eempreun\u0103 cu fiul nostru Jon\u00e1\u0161ek, iar eu tot sus\u021bin c\u0103 P\u00edsek e printre cele mai frumoase ora\u0219e din sudul Cehiei. \ud83d\ude0a<\/p>\n\n\n\n<p class=\"wp-block-paragraph\"><strong>P\u00edsek e ora\u0219ul \u00een care m-am n\u0103scut \u0219i \u00een care locuiesc din nou cu familia.<\/strong> Cunosc aici fiecare str\u0103du\u021b\u0103, \u0219tiu unde s\u0103 merg pentru cea mai bun\u0103 cafea (\u0219i unde mai bine nu), \u0219tiu pe unde po\u021bi cobor\u00ee vara la r\u00e2u f\u0103r\u0103 s\u0103 te vad\u0103 niciun turist \u0219i \u0219tiu \u0219i ce nu merit\u0103 deloc vizitat (da, o s\u0103 fiu sincer\u0103). E un or\u0103\u0219el care poate nu te impresioneaz\u0103 la prima vedere cu arhitectur\u0103 monumental\u0103 ca \u010cesk\u00fd Krumlov, dar te cucere\u0219te \u00eencet \u2014 cu atmosfera lui, cu lini\u0219tea de l\u00e2ng\u0103 r\u00e2u, cu istoria de la fiecare col\u021b \u0219i cu acea relaxare aparte din sudul Cehiei, care nu poate fi descris\u0103 pe deplin, dar se simte imediat.<\/p>\n\n\n\n<p class=\"wp-block-paragraph\">Dac\u0103 e\u0219ti \u00een c\u0103utarea unor idei despre <strong>ce s\u0103 vezi \u00een P\u00edsek<\/strong> \u0219i te a\u0219tep\u021bi la \u00een\u0219iruiri seci de monumente, o s\u0103 te surprind pu\u021bin. Articolul acesta e mai degrab\u0103 o plimbare prin ora\u0219 cu o prieten\u0103, care \u00ee\u021bi arat\u0103 \u0219i locuri pe care nu le g\u0103se\u0219ti \u00een niciun ghid. Am preg\u0103tit pentru tine <strong>39 de sfaturi despre monumente, locuri interesante \u0219i cafenele<\/strong>, iar pentru c\u0103 am acas\u0103 un b\u0103ie\u021bel de doi ani, \u00ee\u021bi spun \u0219i <strong>ce po\u021bi face \u00een P\u00edsek \u0219i \u00eemprejurimi cu copiii<\/strong>. A\u0219a c\u0103 hai s\u0103 \u00eencepem.<\/p>\n\n\n\n<figure data-wp-context=\"{&quot;imageId&quot;:&quot;6a9557000e6f5&quot;}\" data-wp-interactive=\"core\/image\" data-wp-key=\"6a9557000e6f5\" class=\"wp-block-image size-full wp-lightbox-container\"><img decoding=\"async\" width=\"2200\" height=\"1467\" data-wp-class--hide=\"state.isContentHidden\" data-wp-class--show=\"state.isContentVisible\" data-wp-init=\"callbacks.setButtonStyles\" data-wp-on--click=\"actions.showLightbox\" data-wp-on--load=\"callbacks.setButtonStyles\" data-wp-on--pointerdown=\"actions.preloadImage\" data-wp-on--pointerenter=\"actions.preloadImageWithDelay\" data-wp-on--pointerleave=\"actions.cancelPreload\" data-wp-on-window--resize=\"callbacks.setButtonStyles\" src=\"https:\/\/loudavymkrokem.cz\/wp-content\/uploads\/2026\/08\/pisek-kamenny-most-zapad-slunce.jpg\" alt=\"Podul de piatr\u0103 din P\u00edsek la apus\" class=\"wp-image-399321\" title=\"\" srcset=\"https:\/\/loudavymkrokem.cz\/wp-content\/uploads\/2026\/08\/pisek-kamenny-most-zapad-slunce.jpg 2200w, https:\/\/loudavymkrokem.cz\/wp-content\/uploads\/2026\/08\/pisek-kamenny-most-zapad-slunce-300x200.jpg 300w, https:\/\/loudavymkrokem.cz\/wp-content\/uploads\/2026\/08\/pisek-kamenny-most-zapad-slunce-700x467.jpg 700w, https:\/\/loudavymkrokem.cz\/wp-content\/uploads\/2026\/08\/pisek-kamenny-most-zapad-slunce-768x512.jpg 768w, https:\/\/loudavymkrokem.cz\/wp-content\/uploads\/2026\/08\/pisek-kamenny-most-zapad-slunce-1536x1024.jpg 1536w, https:\/\/loudavymkrokem.cz\/wp-content\/uploads\/2026\/08\/pisek-kamenny-most-zapad-slunce-2048x1366.jpg 2048w, https:\/\/loudavymkrokem.cz\/wp-content\/uploads\/2026\/08\/pisek-kamenny-most-zapad-slunce-696x464.jpg 696w, https:\/\/loudavymkrokem.cz\/wp-content\/uploads\/2026\/08\/pisek-kamenny-most-zapad-slunce-1392x928.jpg 1392w, https:\/\/loudavymkrokem.cz\/wp-content\/uploads\/2026\/08\/pisek-kamenny-most-zapad-slunce-1920x1280.jpg 1920w\" sizes=\"(max-width: 2200px) 100vw, 2200px\" \/><button\n\t\t\tclass=\"lightbox-trigger\"\n\t\t\ttype=\"button\"\n\t\t\taria-haspopup=\"dialog\"\n\t\t\tdata-wp-bind--aria-label=\"state.thisImage.triggerButtonAriaLabel\"\n\t\t\tdata-wp-init=\"callbacks.initTriggerButton\"\n\t\t\tdata-wp-on--click=\"actions.showLightbox\"\n\t\t\tdata-wp-style--right=\"state.thisImage.buttonRight\"\n\t\t\tdata-wp-style--top=\"state.thisImage.buttonTop\"\n\t\t>\n\t\t\t<svg xmlns=\"http:\/\/www.w3.org\/2000\/svg\" width=\"12\" height=\"12\" fill=\"none\" viewBox=\"0 0 12 12\">\n\t\t\t\t<path fill=\"#fff\" d=\"M2 0a2 2 0 0 0-2 2v2h1.5V2a.5.5 0 0 1 .5-.5h2V0H2Zm2 10.5H2a.5.5 0 0 1-.5-.5V8H0v2a2 2 0 0 0 2 2h2v-1.5ZM8 12v-1.5h2a.5.5 0 0 0 .5-.5V8H12v2a2 2 0 0 1-2 2H8Zm2-12a2 2 0 0 1 2 2v2h-1.5V2a.5.5 0 0 0-.5-.5H8V0h2Z\" \/>\n\t\t\t<\/svg>\n\t\t<\/button><\/figure>\n\n\n\n<div id=\"ez-toc-container\" class=\"ez-toc-v2_0_86 ez-toc-wrap-left counter-hierarchy ez-toc-counter ez-toc-grey ez-toc-container-direction\">\n<div class=\"ez-toc-title-container\">\n<p class=\"ez-toc-title\" style=\"cursor:inherit\">Cuprinsul articolului<\/p>\n<span class=\"ez-toc-title-toggle\"><a href=\"#\" class=\"ez-toc-pull-right ez-toc-btn ez-toc-btn-xs ez-toc-btn-default ez-toc-toggle\" aria-label=\"Toggle Table of Content\"><span class=\"ez-toc-js-icon-con\"><span class=\"\"><span class=\"eztoc-hide\" style=\"display:none;\">Toggle<\/span><span class=\"ez-toc-icon-toggle-span\"><svg style=\"fill: #999;color:#999\" xmlns=\"http:\/\/www.w3.org\/2000\/svg\" class=\"list-377408\" width=\"20px\" height=\"20px\" viewBox=\"0 0 24 24\" fill=\"none\"><path d=\"M6 6H4v2h2V6zm14 0H8v2h12V6zM4 11h2v2H4v-2zm16 0H8v2h12v-2zM4 16h2v2H4v-2zm16 0H8v2h12v-2z\" fill=\"currentColor\"><\/path><\/svg><svg style=\"fill: #999;color:#999\" class=\"arrow-unsorted-368013\" xmlns=\"http:\/\/www.w3.org\/2000\/svg\" width=\"10px\" height=\"10px\" viewBox=\"0 0 24 24\" version=\"1.2\" baseProfile=\"tiny\"><path d=\"M18.2 9.3l-6.2-6.3-6.2 6.3c-.2.2-.3.4-.3.7s.1.5.3.7c.2.2.4.3.7.3h11c.3 0 .5-.1.7-.3.2-.2.3-.5.3-.7s-.1-.5-.3-.7zM5.8 14.7l6.2 6.3 6.2-6.3c.2-.2.3-.5.3-.7s-.1-.5-.3-.7c-.2-.2-.4-.3-.7-.3h-11c-.3 0-.5.1-.7.3-.2.2-.3.5-.3.7s.1.5.3.7z\"\/><\/svg><\/span><\/span><\/span><\/a><\/span><\/div>\n<nav><ul class='ez-toc-list ez-toc-list-level-1 ' ><li class='ez-toc-page-1 ez-toc-heading-level-2'><a class=\"ez-toc-link ez-toc-heading-1\" href=\"https:\/\/loudavymkrokem.cz\/ro\/ce-sa-vezi-pisek\/#Rezumat\" >Rezumat<\/a><\/li><li class='ez-toc-page-1 ez-toc-heading-level-2'><a class=\"ez-toc-link ez-toc-heading-2\" href=\"https:\/\/loudavymkrokem.cz\/ro\/ce-sa-vezi-pisek\/#Ce_face_din_Pisek_un_oras_aparte_si_de_ce_merita_vizitat\" >Ce face din P\u00edsek un ora\u0219 aparte \u0219i de ce merit\u0103 vizitat<\/a><\/li><li class='ez-toc-page-1 ez-toc-heading-level-2'><a class=\"ez-toc-link ez-toc-heading-3\" href=\"https:\/\/loudavymkrokem.cz\/ro\/ce-sa-vezi-pisek\/#Cand_sa_pleci_spre_Pisek_si_cum_ajungi_aici\" >C\u00e2nd s\u0103 pleci spre P\u00edsek \u0219i cum ajungi aici<\/a><ul class='ez-toc-list-level-3' ><li class='ez-toc-heading-level-3'><a class=\"ez-toc-link ez-toc-heading-4\" href=\"https:\/\/loudavymkrokem.cz\/ro\/ce-sa-vezi-pisek\/#Cum_ajungi_in_Pisek\" >Cum ajungi \u00een P\u00edsek<\/a><\/li><\/ul><\/li><li class='ez-toc-page-1 ez-toc-heading-level-2'><a class=\"ez-toc-link ez-toc-heading-5\" href=\"https:\/\/loudavymkrokem.cz\/ro\/ce-sa-vezi-pisek\/#Unde_te_cazezi_in_Pisek_si_cat_costa\" >Unde te cazezi \u00een P\u00edsek \u0219i c\u00e2t cost\u0103<\/a><\/li><li class='ez-toc-page-1 ez-toc-heading-level-2'><a class=\"ez-toc-link ez-toc-heading-6\" href=\"https:\/\/loudavymkrokem.cz\/ro\/ce-sa-vezi-pisek\/#Ce_sa_vezi_in_Pisek_39_de_sfaturi_despre_monumente_si_locuri_interesante\" >Ce s\u0103 vezi \u00een P\u00edsek: 39 de sfaturi despre monumente \u0219i locuri interesante<\/a><ul class='ez-toc-list-level-3' ><li class='ez-toc-heading-level-3'><a class=\"ez-toc-link ez-toc-heading-7\" href=\"https:\/\/loudavymkrokem.cz\/ro\/ce-sa-vezi-pisek\/#1_Podul_de_piatra_Podul_Cerbului_%E2%80%93_cel_mai_vechi_pod_de_piatra_din_Cehia\" >1. Podul de piatr\u0103 (Podul Cerbului) \u2013 cel mai vechi pod de piatr\u0103 din Cehia<\/a><\/li><li class='ez-toc-page-1 ez-toc-heading-level-3'><a class=\"ez-toc-link ez-toc-heading-8\" href=\"https:\/\/loudavymkrokem.cz\/ro\/ce-sa-vezi-pisek\/#2_Poarta_Putimska_si_straduta_lui_Frana_Sramek\" >2. Poarta Putimsk\u00e1 \u0219i str\u0103du\u021ba lui Fr\u00e1\u0148a \u0160r\u00e1mek<\/a><\/li><li class='ez-toc-page-1 ez-toc-heading-level-3'><a class=\"ez-toc-link ez-toc-heading-9\" href=\"https:\/\/loudavymkrokem.cz\/ro\/ce-sa-vezi-pisek\/#3_Castelul_fortificatiile_orasului_si_Muzeul_Prachenske\" >3. Castelul, fortifica\u021biile ora\u0219ului \u0219i Muzeul Pr\u00e1che\u0148sk\u00e9<\/a><\/li><li class='ez-toc-page-1 ez-toc-heading-level-3'><a class=\"ez-toc-link ez-toc-heading-10\" href=\"https:\/\/loudavymkrokem.cz\/ro\/ce-sa-vezi-pisek\/#4_Centrala_electrica_municipala_Krizik\" >4. Centrala electric\u0103 municipal\u0103 K\u0159i\u017e\u00edk<\/a><\/li><li class='ez-toc-page-1 ez-toc-heading-level-3'><a class=\"ez-toc-link ez-toc-heading-11\" href=\"https:\/\/loudavymkrokem.cz\/ro\/ce-sa-vezi-pisek\/#5_Herghelia_Zemsky_hrebcinec\" >5. Herghelia Zemsk\u00fd h\u0159eb\u010dinec<\/a><\/li><li class='ez-toc-page-1 ez-toc-heading-level-3'><a class=\"ez-toc-link ez-toc-heading-12\" href=\"https:\/\/loudavymkrokem.cz\/ro\/ce-sa-vezi-pisek\/#6_Biserica_Nasterea_Fecioarei_Maria\" >6. Biserica Na\u0219terea Fecioarei Maria<\/a><\/li><li class='ez-toc-page-1 ez-toc-heading-level-3'><a class=\"ez-toc-link ez-toc-heading-13\" href=\"https:\/\/loudavymkrokem.cz\/ro\/ce-sa-vezi-pisek\/#7_Pietele_Velke_si_Alsovo_cu_Pietrele_de_poticnire\" >7. Pie\u021bele Velk\u00e9 \u0219i Al\u0161ovo cu Pietrele de poticnire<\/a><\/li><li class='ez-toc-page-1 ez-toc-heading-level-3'><a class=\"ez-toc-link ez-toc-heading-14\" href=\"https:\/\/loudavymkrokem.cz\/ro\/ce-sa-vezi-pisek\/#8_Grupul_statuar_al_ciumei_din_Piata_Alsovo\" >8. Grupul statuar al ciumei din Pia\u021ba Al\u0161ovo<\/a><\/li><li class='ez-toc-page-1 ez-toc-heading-level-3'><a class=\"ez-toc-link ez-toc-heading-15\" href=\"https:\/\/loudavymkrokem.cz\/ro\/ce-sa-vezi-pisek\/#9_Cazarma\" >9. Cazarma<\/a><\/li><li class='ez-toc-page-1 ez-toc-heading-level-3'><a class=\"ez-toc-link ez-toc-heading-16\" href=\"https:\/\/loudavymkrokem.cz\/ro\/ce-sa-vezi-pisek\/#10_Primaria_orasului\" >10. Prim\u0103ria ora\u0219ului<\/a><\/li><li class='ez-toc-page-1 ez-toc-heading-level-3'><a class=\"ez-toc-link ez-toc-heading-17\" href=\"https:\/\/loudavymkrokem.cz\/ro\/ce-sa-vezi-pisek\/#11_Biserica_Inaltarea_Sfintei_Cruci\" >11. Biserica \u00cen\u0103l\u021barea Sfintei Cruci<\/a><\/li><li class='ez-toc-page-1 ez-toc-heading-level-3'><a class=\"ez-toc-link ez-toc-heading-18\" href=\"https:\/\/loudavymkrokem.cz\/ro\/ce-sa-vezi-pisek\/#12_Macelariile_Masne_kramy\" >12. M\u0103cel\u0103riile (Masn\u00e9 kr\u00e1my)<\/a><\/li><li class='ez-toc-page-1 ez-toc-heading-level-3'><a class=\"ez-toc-link ez-toc-heading-19\" href=\"https:\/\/loudavymkrokem.cz\/ro\/ce-sa-vezi-pisek\/#13_Biblioteca_orasului_si_cafeneaua_Upekla\" >13. Biblioteca ora\u0219ului \u0219i cafeneaua Upekla<\/a><\/li><li class='ez-toc-page-1 ez-toc-heading-level-3'><a class=\"ez-toc-link ez-toc-heading-20\" href=\"https:\/\/loudavymkrokem.cz\/ro\/ce-sa-vezi-pisek\/#14_Cladirea_sectiei_de_politie_fosta_biblioteca\" >14. Cl\u0103direa sec\u021biei de poli\u021bie (fosta bibliotec\u0103)<\/a><\/li><li class='ez-toc-page-1 ez-toc-heading-level-3'><a class=\"ez-toc-link ez-toc-heading-21\" href=\"https:\/\/loudavymkrokem.cz\/ro\/ce-sa-vezi-pisek\/#15_Statuia_Sfantului_Florian\" >15. Statuia Sf\u00e2ntului Florian<\/a><\/li><li class='ez-toc-page-1 ez-toc-heading-level-3'><a class=\"ez-toc-link ez-toc-heading-22\" href=\"https:\/\/loudavymkrokem.cz\/ro\/ce-sa-vezi-pisek\/#16_Parcul_Palackeho_sady\" >16. Parcul Palack\u00e9ho sady<\/a><\/li><li class='ez-toc-page-1 ez-toc-heading-level-3'><a class=\"ez-toc-link ez-toc-heading-23\" href=\"https:\/\/loudavymkrokem.cz\/ro\/ce-sa-vezi-pisek\/#17_Pavilionul_Schrenk\" >17. Pavilionul Schrenk<\/a><\/li><li class='ez-toc-page-1 ez-toc-heading-level-3'><a class=\"ez-toc-link ez-toc-heading-24\" href=\"https:\/\/loudavymkrokem.cz\/ro\/ce-sa-vezi-pisek\/#18_Fantana_lui_Neptun\" >18. F\u00e2nt\u00e2na lui Neptun<\/a><\/li><li class='ez-toc-page-1 ez-toc-heading-level-3'><a class=\"ez-toc-link ez-toc-heading-25\" href=\"https:\/\/loudavymkrokem.cz\/ro\/ce-sa-vezi-pisek\/#19_Monumentele_lui_Adolf_Heyduk_si_Frantisek_Palacky\" >19. Monumentele lui Adolf Heyduk \u0219i Franti\u0161ek Palack\u00fd<\/a><\/li><li class='ez-toc-page-1 ez-toc-heading-level-3'><a class=\"ez-toc-link ez-toc-heading-26\" href=\"https:\/\/loudavymkrokem.cz\/ro\/ce-sa-vezi-pisek\/#20_Casa_lui_Adolf_Heyduk\" >20. Casa lui Adolf Heyduk<\/a><\/li><li class='ez-toc-page-1 ez-toc-heading-level-3'><a class=\"ez-toc-link ez-toc-heading-27\" href=\"https:\/\/loudavymkrokem.cz\/ro\/ce-sa-vezi-pisek\/#21_Foisorul_lui_Kronberger\" >21. Foi\u0219orul lui Kronberger<\/a><\/li><li class='ez-toc-page-1 ez-toc-heading-level-3'><a class=\"ez-toc-link ez-toc-heading-28\" href=\"https:\/\/loudavymkrokem.cz\/ro\/ce-sa-vezi-pisek\/#22_Hotel_Otava\" >22. Hotel Otava<\/a><\/li><li class='ez-toc-page-1 ez-toc-heading-level-3'><a class=\"ez-toc-link ez-toc-heading-29\" href=\"https:\/\/loudavymkrokem.cz\/ro\/ce-sa-vezi-pisek\/#23_Sinagoga_evreiasca\" >23. Sinagoga evreiasc\u0103<\/a><\/li><li class='ez-toc-page-1 ez-toc-heading-level-3'><a class=\"ez-toc-link ez-toc-heading-30\" href=\"https:\/\/loudavymkrokem.cz\/ro\/ce-sa-vezi-pisek\/#24_Cladirea_policlinicii\" >24. Cl\u0103direa policlinicii<\/a><\/li><li class='ez-toc-page-1 ez-toc-heading-level-3'><a class=\"ez-toc-link ez-toc-heading-31\" href=\"https:\/\/loudavymkrokem.cz\/ro\/ce-sa-vezi-pisek\/#25_Casa_U_Kouli_si_casele_burgheze\" >25. Casa U Koul\u00ed \u0219i casele burgheze<\/a><\/li><li class='ez-toc-page-1 ez-toc-heading-level-3'><a class=\"ez-toc-link ez-toc-heading-32\" href=\"https:\/\/loudavymkrokem.cz\/ro\/ce-sa-vezi-pisek\/#26_Podul_Nou\" >26. Podul Nou<\/a><\/li><li class='ez-toc-page-1 ez-toc-heading-level-3'><a class=\"ez-toc-link ez-toc-heading-33\" href=\"https:\/\/loudavymkrokem.cz\/ro\/ce-sa-vezi-pisek\/#27_Sokolovna\" >27. Sokolovna<\/a><\/li><li class='ez-toc-page-1 ez-toc-heading-level-3'><a class=\"ez-toc-link ez-toc-heading-34\" href=\"https:\/\/loudavymkrokem.cz\/ro\/ce-sa-vezi-pisek\/#28_Posta_Veche\" >28. Po\u0219ta Veche<\/a><\/li><li class='ez-toc-page-1 ez-toc-heading-level-3'><a class=\"ez-toc-link ez-toc-heading-35\" href=\"https:\/\/loudavymkrokem.cz\/ro\/ce-sa-vezi-pisek\/#29_Vila_Raab\" >29. Vila Raab<\/a><\/li><li class='ez-toc-page-1 ez-toc-heading-level-3'><a class=\"ez-toc-link ez-toc-heading-36\" href=\"https:\/\/loudavymkrokem.cz\/ro\/ce-sa-vezi-pisek\/#30_Monumentul_celor_cazuti_la_Melegnano_si_Solferino\" >30. Monumentul celor c\u0103zu\u021bi la Melegnano \u0219i Solferino<\/a><\/li><li class='ez-toc-page-1 ez-toc-heading-level-3'><a class=\"ez-toc-link ez-toc-heading-37\" href=\"https:\/\/loudavymkrokem.cz\/ro\/ce-sa-vezi-pisek\/#31_Capela_Mariana\" >31. Capela Marian\u0103<\/a><\/li><li class='ez-toc-page-1 ez-toc-heading-level-3'><a class=\"ez-toc-link ez-toc-heading-38\" href=\"https:\/\/loudavymkrokem.cz\/ro\/ce-sa-vezi-pisek\/#32_Biserica_Sfintei_Treimi\" >32. Biserica Sfintei Treimi<\/a><\/li><li class='ez-toc-page-1 ez-toc-heading-level-3'><a class=\"ez-toc-link ez-toc-heading-39\" href=\"https:\/\/loudavymkrokem.cz\/ro\/ce-sa-vezi-pisek\/#33_Biserica_Sfantul_Venceslau\" >33. Biserica Sf\u00e2ntul Venceslau<\/a><\/li><li class='ez-toc-page-1 ez-toc-heading-level-3'><a class=\"ez-toc-link ez-toc-heading-40\" href=\"https:\/\/loudavymkrokem.cz\/ro\/ce-sa-vezi-pisek\/#34_Cetatea_preistorica_Hradiste\" >34. Cetatea preistoric\u0103 (Hradi\u0161t\u011b)<\/a><\/li><li class='ez-toc-page-1 ez-toc-heading-level-3'><a class=\"ez-toc-link ez-toc-heading-41\" href=\"https:\/\/loudavymkrokem.cz\/ro\/ce-sa-vezi-pisek\/#35_Drumul_pietrelor_durerii\" >35. Drumul pietrelor durerii<\/a><\/li><li class='ez-toc-page-1 ez-toc-heading-level-3'><a class=\"ez-toc-link ez-toc-heading-42\" href=\"https:\/\/loudavymkrokem.cz\/ro\/ce-sa-vezi-pisek\/#36_Vila_Marta_si_pasarela_Dagmar_Simkova\" >36. Vila Marta \u0219i pasarela Dagmar \u0160imkov\u00e1<\/a><\/li><li class='ez-toc-page-1 ez-toc-heading-level-3'><a class=\"ez-toc-link ez-toc-heading-43\" href=\"https:\/\/loudavymkrokem.cz\/ro\/ce-sa-vezi-pisek\/#37_Teatrul_Frana_Sramek\" >37. Teatrul Fr\u00e1\u0148a \u0160r\u00e1mek<\/a><\/li><li class='ez-toc-page-1 ez-toc-heading-level-3'><a class=\"ez-toc-link ez-toc-heading-44\" href=\"https:\/\/loudavymkrokem.cz\/ro\/ce-sa-vezi-pisek\/#38_Decanatul\" >38. Decanatul<\/a><\/li><li class='ez-toc-page-1 ez-toc-heading-level-3'><a class=\"ez-toc-link ez-toc-heading-45\" href=\"https:\/\/loudavymkrokem.cz\/ro\/ce-sa-vezi-pisek\/#39_Curtinele_de_langa_Poarta_Putimska\" >39. Curtinele de l\u00e2ng\u0103 Poarta Putimsk\u00e1<\/a><\/li><\/ul><\/li><li class='ez-toc-page-1 ez-toc-heading-level-2'><a class=\"ez-toc-link ez-toc-heading-46\" href=\"https:\/\/loudavymkrokem.cz\/ro\/ce-sa-vezi-pisek\/#Ce_poti_face_in_Pisek_cu_copiii_sfaturi_pentru_familii_in_oras_si_imprejurimi\" >Ce po\u021bi face \u00een P\u00edsek cu copiii: sfaturi pentru familii \u00een ora\u0219 \u0219i \u00eemprejurimi<\/a><ul class='ez-toc-list-level-3' ><li class='ez-toc-heading-level-3'><a class=\"ez-toc-link ez-toc-heading-47\" href=\"https:\/\/loudavymkrokem.cz\/ro\/ce-sa-vezi-pisek\/#Sladovna_Pisek_galerie_uriasa_prin_joaca\" >Sladovna P\u00edsek: galerie uria\u0219\u0103 prin joac\u0103<\/a><\/li><li class='ez-toc-page-1 ez-toc-heading-level-3'><a class=\"ez-toc-link ez-toc-heading-48\" href=\"https:\/\/loudavymkrokem.cz\/ro\/ce-sa-vezi-pisek\/#Sculpturile_din_nisip_de_pe_mal_fostul_Cipiskoviste\" >Sculpturile din nisip de pe mal (fostul Cip\u00edskovi\u0161t\u011b)<\/a><\/li><li class='ez-toc-page-1 ez-toc-heading-level-3'><a class=\"ez-toc-link ez-toc-heading-49\" href=\"https:\/\/loudavymkrokem.cz\/ro\/ce-sa-vezi-pisek\/#Travel_Cafe_cafeneaua_cu_groapa_de_nisip\" >Travel Cafe: cafeneaua cu groap\u0103 de nisip<\/a><\/li><li class='ez-toc-page-1 ez-toc-heading-level-3'><a class=\"ez-toc-link ez-toc-heading-50\" href=\"https:\/\/loudavymkrokem.cz\/ro\/ce-sa-vezi-pisek\/#Spatii_de_joaca_in_Pisek_Myska_herna_si_altele\" >Spa\u021bii de joac\u0103 \u00een P\u00edsek: My\u0161ka herna \u0219i altele<\/a><\/li><li class='ez-toc-page-1 ez-toc-heading-level-3'><a class=\"ez-toc-link ez-toc-heading-51\" href=\"https:\/\/loudavymkrokem.cz\/ro\/ce-sa-vezi-pisek\/#Rezervatia_U_Vodaka\" >Rezerva\u021bia U Vod\u00e1ka<\/a><\/li><li class='ez-toc-page-1 ez-toc-heading-level-3'><a class=\"ez-toc-link ez-toc-heading-52\" href=\"https:\/\/loudavymkrokem.cz\/ro\/ce-sa-vezi-pisek\/#Cabana_Zivec_si_labirintul_3D\" >Cabana \u017divec \u0219i labirintul 3D<\/a><\/li><li class='ez-toc-page-1 ez-toc-heading-level-3'><a class=\"ez-toc-link ez-toc-heading-53\" href=\"https:\/\/loudavymkrokem.cz\/ro\/ce-sa-vezi-pisek\/#Insula_orasului\" >Insula ora\u0219ului<\/a><\/li><li class='ez-toc-page-1 ez-toc-heading-level-3'><a class=\"ez-toc-link ez-toc-heading-54\" href=\"https:\/\/loudavymkrokem.cz\/ro\/ce-sa-vezi-pisek\/#Hernajs\" >Hernajs<\/a><\/li><li class='ez-toc-page-1 ez-toc-heading-level-3'><a class=\"ez-toc-link ez-toc-heading-55\" href=\"https:\/\/loudavymkrokem.cz\/ro\/ce-sa-vezi-pisek\/#Mini_Academy\" >Mini Academy<\/a><\/li><li class='ez-toc-page-1 ez-toc-heading-level-3'><a class=\"ez-toc-link ez-toc-heading-56\" href=\"https:\/\/loudavymkrokem.cz\/ro\/ce-sa-vezi-pisek\/#Terenul_de_educatie_rutiera_de_la_Sfantul_Venceslau\" >Terenul de educa\u021bie rutier\u0103 de la Sf\u00e2ntul Venceslau<\/a><\/li><li class='ez-toc-page-1 ez-toc-heading-level-3'><a class=\"ez-toc-link ez-toc-heading-57\" href=\"https:\/\/loudavymkrokem.cz\/ro\/ce-sa-vezi-pisek\/#Nase_zviratka_Putim_mini-gradina_zoo_gratuita\" >Na\u0161e zv\u00ed\u0159\u00e1tka Putim: mini-gr\u0103din\u0103 zoo gratuit\u0103<\/a><\/li><li class='ez-toc-page-1 ez-toc-heading-level-3'><a class=\"ez-toc-link ez-toc-heading-58\" href=\"https:\/\/loudavymkrokem.cz\/ro\/ce-sa-vezi-pisek\/#Strandul_de_la_Venceslau_scalda_cu_vedere_spre_Otava\" >\u0218trandul de la Venceslau: scald\u0103 cu vedere spre Otava<\/a><\/li><li class='ez-toc-page-1 ez-toc-heading-level-3'><a class=\"ez-toc-link ez-toc-heading-59\" href=\"https:\/\/loudavymkrokem.cz\/ro\/ce-sa-vezi-pisek\/#Cu_barca_pe_Otava_rafting_si_pentru_familii\" >Cu barca pe Otava: rafting \u0219i pentru familii<\/a><\/li><li class='ez-toc-page-1 ez-toc-heading-level-3'><a class=\"ez-toc-link ez-toc-heading-60\" href=\"https:\/\/loudavymkrokem.cz\/ro\/ce-sa-vezi-pisek\/#Zemeraj_langa_Kovarov_o_zi_in_Evul_Mediu_timpuriu\" >Zem\u011br\u00e1j l\u00e2ng\u0103 Kov\u00e1\u0159ov: o zi \u00een Evul Mediu timpuriu<\/a><\/li><li class='ez-toc-page-1 ez-toc-heading-level-3'><a class=\"ez-toc-link ez-toc-heading-61\" href=\"https:\/\/loudavymkrokem.cz\/ro\/ce-sa-vezi-pisek\/#Cu_trenuletul_Elinka_peste_podul_Curcubeu\" >Cu trenule\u021bul Elinka peste podul Curcubeu<\/a><\/li><\/ul><\/li><li class='ez-toc-page-1 ez-toc-heading-level-2'><a class=\"ez-toc-link ez-toc-heading-62\" href=\"https:\/\/loudavymkrokem.cz\/ro\/ce-sa-vezi-pisek\/#Ce_poti_face_in_Pisek_cand_ploua\" >Ce po\u021bi face \u00een P\u00edsek c\u00e2nd plou\u0103<\/a><\/li><li class='ez-toc-page-1 ez-toc-heading-level-2'><a class=\"ez-toc-link ez-toc-heading-63\" href=\"https:\/\/loudavymkrokem.cz\/ro\/ce-sa-vezi-pisek\/#Unde_parchezi_in_Pisek\" >Unde parchezi \u00een P\u00edsek<\/a><\/li><li class='ez-toc-page-1 ez-toc-heading-level-2'><a class=\"ez-toc-link ez-toc-heading-64\" href=\"https:\/\/loudavymkrokem.cz\/ro\/ce-sa-vezi-pisek\/#Unde_mananci_si_bei_bine_in_Pisek\" >Unde m\u0103n\u00e2nci \u0219i bei bine \u00een P\u00edsek<\/a><\/li><li class='ez-toc-page-1 ez-toc-heading-level-2'><a class=\"ez-toc-link ez-toc-heading-65\" href=\"https:\/\/loudavymkrokem.cz\/ro\/ce-sa-vezi-pisek\/#Idei_de_excursii_in_imprejurimile_Pisek_13_locuri_pentru_o_zi\" >Idei de excursii \u00een \u00eemprejurimile P\u00edsek: 13 locuri pentru o zi<\/a><ul class='ez-toc-list-level-3' ><li class='ez-toc-heading-level-3'><a class=\"ez-toc-link ez-toc-heading-66\" href=\"https:\/\/loudavymkrokem.cz\/ro\/ce-sa-vezi-pisek\/#Castelul_Zvikov_si_castelul_Orlik\" >Castelul Zv\u00edkov \u0219i castelul Orl\u00edk<\/a><\/li><li class='ez-toc-page-1 ez-toc-heading-level-3'><a class=\"ez-toc-link ez-toc-heading-67\" href=\"https:\/\/loudavymkrokem.cz\/ro\/ce-sa-vezi-pisek\/#Gradina_zoologica_cu_crocodili_din_Protivin\" >Gr\u0103dina zoologic\u0103 cu crocodili din Protiv\u00edn<\/a><\/li><li class='ez-toc-page-1 ez-toc-heading-level-3'><a class=\"ez-toc-link ez-toc-heading-68\" href=\"https:\/\/loudavymkrokem.cz\/ro\/ce-sa-vezi-pisek\/#Monumentul_bataliei_de_la_Sudomer\" >Monumentul b\u0103t\u0103liei de la Sudom\u011b\u0159<\/a><\/li><li class='ez-toc-page-1 ez-toc-heading-level-3'><a class=\"ez-toc-link ez-toc-heading-69\" href=\"https:\/\/loudavymkrokem.cz\/ro\/ce-sa-vezi-pisek\/#Fieraria_de_poveste_din_Selibov\" >Fier\u0103ria de poveste din Selibov<\/a><\/li><li class='ez-toc-page-1 ez-toc-heading-level-3'><a class=\"ez-toc-link ez-toc-heading-70\" href=\"https:\/\/loudavymkrokem.cz\/ro\/ce-sa-vezi-pisek\/#Farmapark_Maletice\" >Farmapark Maletice<\/a><\/li><li class='ez-toc-page-1 ez-toc-heading-level-3'><a class=\"ez-toc-link ez-toc-heading-71\" href=\"https:\/\/loudavymkrokem.cz\/ro\/ce-sa-vezi-pisek\/#Fiziland_si_Regatul_timpului_din_Protivin\" >Fiziland \u0219i Regatul timpului din Protiv\u00edn<\/a><\/li><li class='ez-toc-page-1 ez-toc-heading-level-3'><a class=\"ez-toc-link ez-toc-heading-72\" href=\"https:\/\/loudavymkrokem.cz\/ro\/ce-sa-vezi-pisek\/#Bagrarium_din_Strakonice\" >Bagr\u00e1rium din Strakonice<\/a><\/li><li class='ez-toc-page-1 ez-toc-heading-level-3'><a class=\"ez-toc-link ez-toc-heading-73\" href=\"https:\/\/loudavymkrokem.cz\/ro\/ce-sa-vezi-pisek\/#Tabor\" >T\u00e1bor<\/a><\/li><li class='ez-toc-page-1 ez-toc-heading-level-3'><a class=\"ez-toc-link ez-toc-heading-74\" href=\"https:\/\/loudavymkrokem.cz\/ro\/ce-sa-vezi-pisek\/#Ceske_Budejovice\" >\u010cesk\u00e9 Bud\u011bjovice<\/a><\/li><li class='ez-toc-page-1 ez-toc-heading-level-3'><a class=\"ez-toc-link ez-toc-heading-75\" href=\"https:\/\/loudavymkrokem.cz\/ro\/ce-sa-vezi-pisek\/#Hluboka_nad_Vltavou\" >Hlubok\u00e1 nad Vltavou<\/a><\/li><li class='ez-toc-page-1 ez-toc-heading-level-3'><a class=\"ez-toc-link ez-toc-heading-76\" href=\"https:\/\/loudavymkrokem.cz\/ro\/ce-sa-vezi-pisek\/#Cesky_Krumlov\" >\u010cesk\u00fd Krumlov<\/a><\/li><li class='ez-toc-page-1 ez-toc-heading-level-3'><a class=\"ez-toc-link ez-toc-heading-77\" href=\"https:\/\/loudavymkrokem.cz\/ro\/ce-sa-vezi-pisek\/#Muntii_Sumava\" >Mun\u021bii \u0160umava<\/a><\/li><li class='ez-toc-page-1 ez-toc-heading-level-3'><a class=\"ez-toc-link ez-toc-heading-78\" href=\"https:\/\/loudavymkrokem.cz\/ro\/ce-sa-vezi-pisek\/#Praga\" >Praga<\/a><\/li><\/ul><\/li><li class='ez-toc-page-1 ez-toc-heading-level-2'><a class=\"ez-toc-link ez-toc-heading-79\" href=\"https:\/\/loudavymkrokem.cz\/ro\/ce-sa-vezi-pisek\/#Ce_sa_vezi_in_Pisek_concluzie\" >Ce s\u0103 vezi \u00een P\u00edsek: concluzie<\/a><\/li><li class='ez-toc-page-1 ez-toc-heading-level-2'><a class=\"ez-toc-link ez-toc-heading-80\" href=\"https:\/\/loudavymkrokem.cz\/ro\/ce-sa-vezi-pisek\/#Incotro_mai_departe\" >\u00cencotro mai departe<\/a><\/li><li class='ez-toc-page-1 ez-toc-heading-level-2'><a class=\"ez-toc-link ez-toc-heading-81\" href=\"https:\/\/loudavymkrokem.cz\/ro\/ce-sa-vezi-pisek\/#Intrebari_frecvente\" >\u00centreb\u0103ri frecvente<\/a><ul class='ez-toc-list-level-3' ><li class='ez-toc-heading-level-3'><a class=\"ez-toc-link ez-toc-heading-82\" href=\"https:\/\/loudavymkrokem.cz\/ro\/ce-sa-vezi-pisek\/#Este_Podul_de_Piatra_din_Pisek_cu_adevarat_mai_vechi_decat_Podul_Carol\" >Este Podul de Piatr\u0103 din P\u00edsek cu adev\u0103rat mai vechi dec\u00e2t Podul Carol?<\/a><\/li><li class='ez-toc-page-1 ez-toc-heading-level-3'><a class=\"ez-toc-link ez-toc-heading-83\" href=\"https:\/\/loudavymkrokem.cz\/ro\/ce-sa-vezi-pisek\/#Sladovna_ii_va_entuziasma_si_pe_copiii_mai_mari\" >Sladovna \u00eei va entuziasm\u0103 \u0219i pe copiii mai mari?<\/a><\/li><li class='ez-toc-page-1 ez-toc-heading-level-3'><a class=\"ez-toc-link ez-toc-heading-84\" href=\"https:\/\/loudavymkrokem.cz\/ro\/ce-sa-vezi-pisek\/#Unde_exact_se_afla_sculpturile_de_nisip\" >Unde exact se afl\u0103 sculpturile de nisip?<\/a><\/li><li class='ez-toc-page-1 ez-toc-heading-level-3'><a class=\"ez-toc-link ez-toc-heading-85\" href=\"https:\/\/loudavymkrokem.cz\/ro\/ce-sa-vezi-pisek\/#Cum_ajung_la_turnul_de_observatie_Jarnik\" >Cum ajung la turnul de observa\u021bie Jarn\u00edk?<\/a><\/li><li class='ez-toc-page-1 ez-toc-heading-level-3'><a class=\"ez-toc-link ez-toc-heading-86\" href=\"https:\/\/loudavymkrokem.cz\/ro\/ce-sa-vezi-pisek\/#Care_este_cel_mai_bun_moment_pentru_a_vizita_Hergheliile_Nationale\" >Care este cel mai bun moment pentru a vizita Hergheliile Na\u021bionale?<\/a><\/li><li class='ez-toc-page-1 ez-toc-heading-level-3'><a class=\"ez-toc-link ez-toc-heading-87\" href=\"https:\/\/loudavymkrokem.cz\/ro\/ce-sa-vezi-pisek\/#Cat_costa_intrarea_la_Muzeul_Prachen\" >C\u00e2t cost\u0103 intrarea la Muzeul Pr\u00e1che\u0148?<\/a><\/li><li class='ez-toc-page-1 ez-toc-heading-level-3'><a class=\"ez-toc-link ez-toc-heading-88\" href=\"https:\/\/loudavymkrokem.cz\/ro\/ce-sa-vezi-pisek\/#Care_este_cel_mai_bun_mod_de_a_ajunge_in_Pisek_din_Romania\" >Care este cel mai bun mod de a ajunge \u00een P\u00edsek din Rom\u00e2nia?<\/a><\/li><li class='ez-toc-page-1 ez-toc-heading-level-3'><a class=\"ez-toc-link ez-toc-heading-89\" href=\"https:\/\/loudavymkrokem.cz\/ro\/ce-sa-vezi-pisek\/#Unde_in_Pisek_cu_copiii\" >Unde \u00een P\u00edsek cu copiii?<\/a><\/li><\/ul><\/li><\/ul><\/nav><\/div>\n<h2 class=\"wp-block-heading\"><span class=\"ez-toc-section\" id=\"Rezumat\"><\/span>Rezumat<span class=\"ez-toc-section-end\"><\/span><\/h2>\n\n\n\n<ul class=\"wp-block-list\">\n<li><strong>Podul de piatr\u0103<\/strong> \u2013 cel mai vechi pod de piatr\u0103 din Cehia, simbolul iconic al ora\u0219ului, intrare gratuit\u0103, cel mai frumos \u00een zori, \u00een cea\u021b\u0103.<\/li>\n\n\n\n<li><strong>Sladovna P\u00edsek<\/strong> \u2013 centru interactiv pentru copii (\u0219i, sincer, \u0219i pentru adul\u021bi), ideal unde s\u0103 mergi \u00een P\u00edsek cu copiii c\u00e2nd plou\u0103.<\/li>\n\n\n\n<li><strong>Herghelia Zemsk\u00fd h\u0159eb\u010dinec<\/strong> \u2013 monument cultural na\u021bional \u00een stil tudorian, tururi de 33 lei (150 K\u010d), ia numerar la tine.<\/li>\n\n\n\n<li><strong>Localuri \u00een Palack\u00e9ho sady<\/strong> \u2013 Do Nebe f\u0103r\u0103 gluten \u0219i cafeneaua Park Caf\u00e9, ambele cu vedere spre parc.<\/li>\n\n\n\n<li><strong>Travel Cafe<\/strong> \u2013 dup\u0103 mine, cea mai bun\u0103 cafenea din ora\u0219, cu gr\u0103din\u0103 \u00een curtea interioar\u0103 \u0219i groap\u0103 cu nisip pentru copii.<\/li>\n\n\n\n<li><strong>Mun\u021bii P\u00edseck\u00fdch hor<\/strong> \u2013 masiv forestier chiar \u00een spatele ora\u0219ului, excelent pentru plimb\u0103ri, alergare \u0219i ture cu bicicleta.<\/li>\n\n\n\n<li><strong>\u00cemprejurimile P\u00edsek<\/strong> \u2013 Zv\u00edkov, Orl\u00edk, Hlubok\u00e1, T\u00e1bor \u2013 toate la maxim 40 de minute cu ma\u0219ina.<\/li>\n<\/ul>\n\n\n\n<p class=\"wp-block-paragraph\"><strong><a href=\"https:\/\/loudavymkrokem.cz\/ro\/boemia-cehia-orase-frumoase\/\" target=\"_blank\" rel=\"noreferrer noopener\">Cite\u0219te \u0219i: 8 excursii prin sudul Cehiei<\/a><\/strong><\/p>\n\n\n\n<h2 class=\"wp-block-heading\"><span class=\"ez-toc-section\" id=\"Ce_face_din_Pisek_un_oras_aparte_si_de_ce_merita_vizitat\"><\/span>Ce face din P\u00edsek un ora\u0219 aparte \u0219i de ce merit\u0103 vizitat<span class=\"ez-toc-section-end\"><\/span><\/h2>\n\n\n\n<figure data-wp-context=\"{&quot;imageId&quot;:&quot;6a9557000efb3&quot;}\" data-wp-interactive=\"core\/image\" data-wp-key=\"6a9557000efb3\" class=\"wp-block-image size-full wp-lightbox-container\"><img decoding=\"async\" width=\"2200\" height=\"1467\" data-wp-class--hide=\"state.isContentHidden\" data-wp-class--show=\"state.isContentVisible\" data-wp-init=\"callbacks.setButtonStyles\" data-wp-on--click=\"actions.showLightbox\" data-wp-on--load=\"callbacks.setButtonStyles\" data-wp-on--pointerdown=\"actions.preloadImage\" data-wp-on--pointerenter=\"actions.preloadImageWithDelay\" data-wp-on--pointerleave=\"actions.cancelPreload\" data-wp-on-window--resize=\"callbacks.setButtonStyles\" src=\"https:\/\/loudavymkrokem.cz\/wp-content\/uploads\/2026\/08\/pisek-alsovo-namesti-vecer.jpg\" alt=\"Pia\u021ba Al\u0161ovo n\u00e1m\u011bst\u00ed din P\u00edsek \u00een lumina serii\" class=\"wp-image-399356\" title=\"\" srcset=\"https:\/\/loudavymkrokem.cz\/wp-content\/uploads\/2026\/08\/pisek-alsovo-namesti-vecer.jpg 2200w, https:\/\/loudavymkrokem.cz\/wp-content\/uploads\/2026\/08\/pisek-alsovo-namesti-vecer-300x200.jpg 300w, https:\/\/loudavymkrokem.cz\/wp-content\/uploads\/2026\/08\/pisek-alsovo-namesti-vecer-700x467.jpg 700w, https:\/\/loudavymkrokem.cz\/wp-content\/uploads\/2026\/08\/pisek-alsovo-namesti-vecer-768x512.jpg 768w, https:\/\/loudavymkrokem.cz\/wp-content\/uploads\/2026\/08\/pisek-alsovo-namesti-vecer-1536x1024.jpg 1536w, https:\/\/loudavymkrokem.cz\/wp-content\/uploads\/2026\/08\/pisek-alsovo-namesti-vecer-2048x1366.jpg 2048w, https:\/\/loudavymkrokem.cz\/wp-content\/uploads\/2026\/08\/pisek-alsovo-namesti-vecer-696x464.jpg 696w, https:\/\/loudavymkrokem.cz\/wp-content\/uploads\/2026\/08\/pisek-alsovo-namesti-vecer-1392x928.jpg 1392w, https:\/\/loudavymkrokem.cz\/wp-content\/uploads\/2026\/08\/pisek-alsovo-namesti-vecer-1920x1280.jpg 1920w\" sizes=\"(max-width: 2200px) 100vw, 2200px\" \/><button\n\t\t\tclass=\"lightbox-trigger\"\n\t\t\ttype=\"button\"\n\t\t\taria-haspopup=\"dialog\"\n\t\t\tdata-wp-bind--aria-label=\"state.thisImage.triggerButtonAriaLabel\"\n\t\t\tdata-wp-init=\"callbacks.initTriggerButton\"\n\t\t\tdata-wp-on--click=\"actions.showLightbox\"\n\t\t\tdata-wp-style--right=\"state.thisImage.buttonRight\"\n\t\t\tdata-wp-style--top=\"state.thisImage.buttonTop\"\n\t\t>\n\t\t\t<svg xmlns=\"http:\/\/www.w3.org\/2000\/svg\" width=\"12\" height=\"12\" fill=\"none\" viewBox=\"0 0 12 12\">\n\t\t\t\t<path fill=\"#fff\" d=\"M2 0a2 2 0 0 0-2 2v2h1.5V2a.5.5 0 0 1 .5-.5h2V0H2Zm2 10.5H2a.5.5 0 0 1-.5-.5V8H0v2a2 2 0 0 0 2 2h2v-1.5ZM8 12v-1.5h2a.5.5 0 0 0 .5-.5V8H12v2a2 2 0 0 1-2 2H8Zm2-12a2 2 0 0 1 2 2v2h-1.5V2a.5.5 0 0 0-.5-.5H8V0h2Z\" \/>\n\t\t\t<\/svg>\n\t\t<\/button><\/figure>\n\n\n\n<p class=\"wp-block-paragraph\"><strong>P\u00edsek este uneori numit<\/strong> <strong>Atena sudului Cehiei<\/strong> \u0219i, chiar dac\u0103 sun\u0103 pu\u021bin pompos pentru un ora\u0219 cu treizeci de mii de locuitori, are ceva adev\u0103rat. Tradi\u021bia educa\u021biei se \u00eentinde aici de secole, cultura e vie \u0219i ast\u0103zi, iar la num\u0103rul de locuitori avem neobi\u0219nuit de multe galerii, teatre \u0219i festivaluri. Dar mai ales \u2014 P\u00edsek are o istorie din care alte ora\u0219e ar tr\u0103i genera\u021bii \u00eentregi.<\/p>\n\n\n\n<p class=\"wp-block-paragraph\">S\u0103 \u00eencepem cu cel mai cunoscut lucru. <strong>Podul de piatr\u0103 peste Otava<\/strong> <strong>dateaz\u0103 din secolul al XIII-lea<\/strong> \u0219i este cel mai vechi pod p\u0103strat din \u00eentreaga Cehie. Da, mai vechi dec\u00e2t Podul Carol din Praga, chiar dac\u0103 praghezilor nu le place s\u0103 aud\u0103 asta c\u00e2nd o spun. \ud83d\ude05 Dar nu e vorba doar de pod. \u00cen anul <strong>1887, P\u00edsek a devenit primul ora\u0219 din Cehia cu iluminat electric public<\/strong> \u2014 centrala municipal\u0103 a lui K\u0159i\u017e\u00edk a aprins pia\u021ba de aici \u00eenaintea Prag\u0103i! Franti\u0161ek K\u0159i\u017e\u00edk \u0219i-a testat tehnologia chiar aici, \u00eentr-un or\u0103\u0219el din sud, l\u00e2ng\u0103 r\u00e2ul aurifer Otava.<\/p>\n\n\n\n<p class=\"wp-block-paragraph\">Iar Otava e r\u00e2ul \u00een jurul c\u0103ruia se \u00eenv\u00e2rte tot ora\u0219ul P\u00edsek. Aurifer, frumos, vara plin de rafteri \u0219i de oameni care se scald\u0103. Poetul <strong>Fr\u00e1\u0148a \u0160r\u00e1mek<\/strong>, care a tr\u0103it \u0219i a creat aici, scria despre el astfel \u00eenc\u00e2t ai vrea s\u0103 te a\u0219ezi imediat pe mal \u0219i s\u0103 la\u0219i v\u00e2ntul s\u0103-\u021bi r\u0103v\u0103\u0219easc\u0103 p\u0103rul. Apropo, dac\u0103 mergi cu copiii, nu rata <strong>Sculpturile din nisip<\/strong>, o expozi\u021bie de sculpturi chiar pe malul Otavei, unde \u00een fiecare an apar sculpturi uria\u0219e din nisip care \u00ee\u021bi taie respira\u021bia. Este probabil cel mai fotogenic lucru pe care \u00eel vei vedea \u00een P\u00edsek prim\u0103vara \u0219i vara.<\/p>\n\n\n\n<h2 class=\"wp-block-heading\"><span class=\"ez-toc-section\" id=\"Cand_sa_pleci_spre_Pisek_si_cum_ajungi_aici\"><\/span>C\u00e2nd s\u0103 pleci spre P\u00edsek \u0219i cum ajungi aici<span class=\"ez-toc-section-end\"><\/span><\/h2>\n\n\n\n<figure data-wp-context=\"{&quot;imageId&quot;:&quot;6a9557000f6cf&quot;}\" data-wp-interactive=\"core\/image\" data-wp-key=\"6a9557000f6cf\" class=\"wp-block-image size-full wp-lightbox-container\"><img decoding=\"async\" width=\"2200\" height=\"1467\" data-wp-class--hide=\"state.isContentHidden\" data-wp-class--show=\"state.isContentVisible\" data-wp-init=\"callbacks.setButtonStyles\" data-wp-on--click=\"actions.showLightbox\" data-wp-on--load=\"callbacks.setButtonStyles\" data-wp-on--pointerdown=\"actions.preloadImage\" data-wp-on--pointerenter=\"actions.preloadImageWithDelay\" data-wp-on--pointerleave=\"actions.cancelPreload\" data-wp-on-window--resize=\"callbacks.setButtonStyles\" src=\"https:\/\/loudavymkrokem.cz\/wp-content\/uploads\/2026\/08\/pisek-kamenny-most-soumrak.jpg\" alt=\"Podul de piatr\u0103 peste Otava \u00een amurg\" class=\"wp-image-399327\" title=\"\" srcset=\"https:\/\/loudavymkrokem.cz\/wp-content\/uploads\/2026\/08\/pisek-kamenny-most-soumrak.jpg 2200w, https:\/\/loudavymkrokem.cz\/wp-content\/uploads\/2026\/08\/pisek-kamenny-most-soumrak-300x200.jpg 300w, https:\/\/loudavymkrokem.cz\/wp-content\/uploads\/2026\/08\/pisek-kamenny-most-soumrak-700x467.jpg 700w, https:\/\/loudavymkrokem.cz\/wp-content\/uploads\/2026\/08\/pisek-kamenny-most-soumrak-768x512.jpg 768w, https:\/\/loudavymkrokem.cz\/wp-content\/uploads\/2026\/08\/pisek-kamenny-most-soumrak-1536x1024.jpg 1536w, https:\/\/loudavymkrokem.cz\/wp-content\/uploads\/2026\/08\/pisek-kamenny-most-soumrak-2048x1366.jpg 2048w, https:\/\/loudavymkrokem.cz\/wp-content\/uploads\/2026\/08\/pisek-kamenny-most-soumrak-696x464.jpg 696w, https:\/\/loudavymkrokem.cz\/wp-content\/uploads\/2026\/08\/pisek-kamenny-most-soumrak-1392x928.jpg 1392w, https:\/\/loudavymkrokem.cz\/wp-content\/uploads\/2026\/08\/pisek-kamenny-most-soumrak-1920x1280.jpg 1920w\" sizes=\"(max-width: 2200px) 100vw, 2200px\" \/><button\n\t\t\tclass=\"lightbox-trigger\"\n\t\t\ttype=\"button\"\n\t\t\taria-haspopup=\"dialog\"\n\t\t\tdata-wp-bind--aria-label=\"state.thisImage.triggerButtonAriaLabel\"\n\t\t\tdata-wp-init=\"callbacks.initTriggerButton\"\n\t\t\tdata-wp-on--click=\"actions.showLightbox\"\n\t\t\tdata-wp-style--right=\"state.thisImage.buttonRight\"\n\t\t\tdata-wp-style--top=\"state.thisImage.buttonTop\"\n\t\t>\n\t\t\t<svg xmlns=\"http:\/\/www.w3.org\/2000\/svg\" width=\"12\" height=\"12\" fill=\"none\" viewBox=\"0 0 12 12\">\n\t\t\t\t<path fill=\"#fff\" d=\"M2 0a2 2 0 0 0-2 2v2h1.5V2a.5.5 0 0 1 .5-.5h2V0H2Zm2 10.5H2a.5.5 0 0 1-.5-.5V8H0v2a2 2 0 0 0 2 2h2v-1.5ZM8 12v-1.5h2a.5.5 0 0 0 .5-.5V8H12v2a2 2 0 0 1-2 2H8Zm2-12a2 2 0 0 1 2 2v2h-1.5V2a.5.5 0 0 0-.5-.5H8V0h2Z\" \/>\n\t\t\t<\/svg>\n\t\t<\/button><\/figure>\n\n\n\n<p class=\"wp-block-paragraph\">P\u00edsek e frumos \u00een orice anotimp, iar asta o spun cu toat\u0103 responsabilitatea unui om care a tr\u0103it aici \u0219i acele luni de noiembrie cenu\u0219ii \u0219i deprimante. Dar fiecare sezon are farmecul lui \u0219i depinde de ce cau\u021bi.<\/p>\n\n\n\n<ul class=\"wp-block-list\">\n<li><strong>Prim\u0103vara (aprilie\u2013mai)<\/strong> e probabil perioada mea preferat\u0103. Parcul Palack\u00e9ho sady \u00eenflore\u0219te, de-a lungul Otavei totul e verde \u0219i ora\u0219ul se treze\u0219te dup\u0103 iarn\u0103 \u2014 terasele cafenelelor se deschid, oamenii ies afar\u0103 \u0219i \u00een aer se simte acea energie proasp\u0103t\u0103. Iar spre sf\u00e2r\u0219itul lunii mai se dezvelesc pe malul r\u00e2ului noile <strong>sculpturi din nisip<\/strong> uria\u0219e, anul acesta pentru a dou\u0103zecea oar\u0103, \u00eenso\u021bite de festivalul de familie P\u00edskovi\u0161t\u011b. Teatru de strad\u0103, concerte, ateliere pentru copii, tot ora\u0219ul prinde via\u021b\u0103. Unul dintre cele mai frumoase weekenduri ale anului.<\/li>\n\n\n\n<li><strong>Vara (iunie\u2013august)<\/strong> e pentru sc\u0103ldat \u00een Otava, ture cu barca, s\u0103rb\u0103tori or\u0103\u0219ene\u0219ti \u0219i serile lungi pe terasele de l\u00e2ng\u0103 r\u00e2u. \u00cen iunie au loc s\u0103rb\u0103torile <strong>Dotkni se P\u00edsku<\/strong> \u2014 festivit\u0103\u021bi istorice chiar \u00een centru, cavaleri, me\u0219te\u0219uguri, t\u00e2rguri de epoc\u0103. \u00cen august urmeaz\u0103 <strong>Festivalul de folclor<\/strong>, la care vin ansambluri din toat\u0103 lumea. \u021aine totu\u0219i cont c\u0103 \u00een plin sezon sunt mai mul\u021bi turi\u0219ti \u00een ora\u0219 (de\u0219i tot incomparabil mai pu\u021bini dec\u00e2t \u00een Krumlov, asta e sigur).<\/li>\n\n\n\n<li><strong>Toamna (septembrie\u2013octombrie)<\/strong> \u2013 P\u00edsek de aur. Literalmente. Copacii din parcuri \u0219i de-a lungul r\u00e2ului se coloreaz\u0103, ce\u021burile matinale de deasupra Otavei par desprinse dintr-un film, turi\u0219tii se \u00eempu\u021bineaz\u0103. Ideal pentru plimb\u0103ri \u0219i vizitat monumente \u00een tihn\u0103. Iar la mijlocul lui septembrie centrul se anim\u0103 cu festivalul de muzic\u0103 Cool v plot\u011b.<\/li>\n\n\n\n<li><strong>Iarna (noiembrie\u2013martie)<\/strong> \u2013 o s\u0103 fiu sincer\u0103, P\u00edsek iarna nu e un Salzburg de Cr\u0103ciun. Dar t\u00e2rgurile de advent din Velk\u00e9 n\u00e1m\u011bst\u00ed au \u0219i ele farmecul lor, \u00een ultimii ani avem \u00een pia\u021b\u0103 \u0219i un patinoar, iar la Sladovna e cald \u0219i plin de programe pentru copii. \u0218i c\u00e2nd ninge, iar tu te plimbi pe pod&#8230; e pur \u0219i simplu o poveste.<\/li>\n<\/ul>\n\n\n\n<p class=\"wp-block-paragraph\"><strong>Cite\u0219te \u0219i: <a href=\"https:\/\/loudavymkrokem.cz\/ro\/vacanta-in-cehia\/\" target=\"_blank\" data-type=\"link\" data-id=\"https:\/\/loudavymkrokem.cz\/kam-na-dovolenou-v-cesku\/\" rel=\"noreferrer noopener\">20 de idei de vacan\u021b\u0103 \u00een Cehia<\/a><\/strong><\/p>\n\n\n\n<h3 class=\"wp-block-heading\"><span class=\"ez-toc-section\" id=\"Cum_ajungi_in_Pisek\"><\/span>Cum ajungi \u00een P\u00edsek<span class=\"ez-toc-section-end\"><\/span><\/h3>\n\n\n\n<figure data-wp-context=\"{&quot;imageId&quot;:&quot;6a9557000feaa&quot;}\" data-wp-interactive=\"core\/image\" data-wp-key=\"6a9557000feaa\" class=\"wp-block-image size-full wp-lightbox-container\"><img decoding=\"async\" width=\"2200\" height=\"1467\" data-wp-class--hide=\"state.isContentHidden\" data-wp-class--show=\"state.isContentVisible\" data-wp-init=\"callbacks.setButtonStyles\" data-wp-on--click=\"actions.showLightbox\" data-wp-on--load=\"callbacks.setButtonStyles\" data-wp-on--pointerdown=\"actions.preloadImage\" data-wp-on--pointerenter=\"actions.preloadImageWithDelay\" data-wp-on--pointerleave=\"actions.cancelPreload\" data-wp-on-window--resize=\"callbacks.setButtonStyles\" src=\"https:\/\/loudavymkrokem.cz\/wp-content\/uploads\/2026\/08\/pisek-ulicka-vez-radnice.jpg\" alt=\"Str\u0103du\u021b\u0103 din centrul istoric al P\u00edsek cu turnul prim\u0103riei\" class=\"wp-image-399384\" title=\"\" srcset=\"https:\/\/loudavymkrokem.cz\/wp-content\/uploads\/2026\/08\/pisek-ulicka-vez-radnice.jpg 2200w, https:\/\/loudavymkrokem.cz\/wp-content\/uploads\/2026\/08\/pisek-ulicka-vez-radnice-300x200.jpg 300w, https:\/\/loudavymkrokem.cz\/wp-content\/uploads\/2026\/08\/pisek-ulicka-vez-radnice-700x467.jpg 700w, https:\/\/loudavymkrokem.cz\/wp-content\/uploads\/2026\/08\/pisek-ulicka-vez-radnice-768x512.jpg 768w, https:\/\/loudavymkrokem.cz\/wp-content\/uploads\/2026\/08\/pisek-ulicka-vez-radnice-1536x1024.jpg 1536w, https:\/\/loudavymkrokem.cz\/wp-content\/uploads\/2026\/08\/pisek-ulicka-vez-radnice-2048x1366.jpg 2048w, https:\/\/loudavymkrokem.cz\/wp-content\/uploads\/2026\/08\/pisek-ulicka-vez-radnice-696x464.jpg 696w, https:\/\/loudavymkrokem.cz\/wp-content\/uploads\/2026\/08\/pisek-ulicka-vez-radnice-1392x928.jpg 1392w, https:\/\/loudavymkrokem.cz\/wp-content\/uploads\/2026\/08\/pisek-ulicka-vez-radnice-1920x1280.jpg 1920w\" sizes=\"(max-width: 2200px) 100vw, 2200px\" \/><button\n\t\t\tclass=\"lightbox-trigger\"\n\t\t\ttype=\"button\"\n\t\t\taria-haspopup=\"dialog\"\n\t\t\tdata-wp-bind--aria-label=\"state.thisImage.triggerButtonAriaLabel\"\n\t\t\tdata-wp-init=\"callbacks.initTriggerButton\"\n\t\t\tdata-wp-on--click=\"actions.showLightbox\"\n\t\t\tdata-wp-style--right=\"state.thisImage.buttonRight\"\n\t\t\tdata-wp-style--top=\"state.thisImage.buttonTop\"\n\t\t>\n\t\t\t<svg xmlns=\"http:\/\/www.w3.org\/2000\/svg\" width=\"12\" height=\"12\" fill=\"none\" viewBox=\"0 0 12 12\">\n\t\t\t\t<path fill=\"#fff\" d=\"M2 0a2 2 0 0 0-2 2v2h1.5V2a.5.5 0 0 1 .5-.5h2V0H2Zm2 10.5H2a.5.5 0 0 1-.5-.5V8H0v2a2 2 0 0 0 2 2h2v-1.5ZM8 12v-1.5h2a.5.5 0 0 0 .5-.5V8H12v2a2 2 0 0 1-2 2H8Zm2-12a2 2 0 0 1 2 2v2h-1.5V2a.5.5 0 0 0-.5-.5H8V0h2Z\" \/>\n\t\t\t<\/svg>\n\t\t<\/button><\/figure>\n\n\n\n<p class=\"wp-block-paragraph\">Dac\u0103 vii din Rom\u00e2nia, cea mai simpl\u0103 cale este s\u0103 zbori spre Praga \u2014 de exemplu cu Wizz Air sau Ryanair din Bucure\u0219ti \u2014 \u0219i de acolo s\u0103 continui spre P\u00edsek. <strong>Cu autobuzul din Praga<\/strong> este probabil varianta cea mai comod\u0103. <strong>RegioJet<\/strong> pleac\u0103 din sta\u021bia Na Kn\u00ed\u017eec\u00ed, iar drumul dureaz\u0103 aproximativ <strong>70 de minute<\/strong>. Biletul cost\u0103 \u00eentre <strong>25 \u0219i 50 de lei (120\u2013220 K\u010d)<\/strong>, \u00een func\u021bie de c\u00e2t de din timp cumperi. Cursele sunt destul de dese, a\u0219a c\u0103 se poate face \u0219i o excursie de o zi.<\/p>\n\n\n\n<p class=\"wp-block-paragraph\"><strong>Cu trenul<\/strong>, din p\u0103cate, nu e la fel de grozav \u2014 nu exist\u0103 leg\u0103tur\u0103 direct\u0103, trebuie s\u0103 schimbi (de obicei la T\u00e1bor sau la Protiv\u00edn) \u0219i drumul, cu tot cu schimbare, dureaz\u0103 cam 2,5\u20133 ore. Dac\u0103 nu e\u0219ti fan al trenurilor locale cu schimb\u0103ri, alege autobuzul.<\/p>\n\n\n\n<p class=\"wp-block-paragraph\"><strong>Cu ma\u0219ina<\/strong>, de la Praga sunt <strong>104 km<\/strong>, aproximativ o or\u0103 pe autostrada D4 (care, \u00een sf\u00e2r\u0219it, e gata pe toat\u0103 lungimea, slav\u0103 Domnului). Parcarea \u00een centru poate fi o mic\u0103 b\u0103t\u0103lie, dar po\u021bi folosi parcarea de l\u00e2ng\u0103 complexul expozi\u021bional. \u021aine minte c\u0103 \u00een Cehia ai nevoie de o viniet\u0103 (echivalentul rovinietei) pentru autostr\u0103zi.<\/p>\n\n\n\n<h2 class=\"wp-block-heading\"><span class=\"ez-toc-section\" id=\"Unde_te_cazezi_in_Pisek_si_cat_costa\"><\/span>Unde te cazezi \u00een P\u00edsek \u0219i c\u00e2t cost\u0103<span class=\"ez-toc-section-end\"><\/span><\/h2>\n\n\n\n<figure data-wp-context=\"{&quot;imageId&quot;:&quot;6a9557001057f&quot;}\" data-wp-interactive=\"core\/image\" data-wp-key=\"6a9557001057f\" class=\"wp-block-image size-full wp-lightbox-container\"><img decoding=\"async\" width=\"2200\" height=\"1467\" data-wp-class--hide=\"state.isContentHidden\" data-wp-class--show=\"state.isContentVisible\" data-wp-init=\"callbacks.setButtonStyles\" data-wp-on--click=\"actions.showLightbox\" data-wp-on--load=\"callbacks.setButtonStyles\" data-wp-on--pointerdown=\"actions.preloadImage\" data-wp-on--pointerenter=\"actions.preloadImageWithDelay\" data-wp-on--pointerleave=\"actions.cancelPreload\" data-wp-on-window--resize=\"callbacks.setButtonStyles\" src=\"https:\/\/loudavymkrokem.cz\/wp-content\/uploads\/2026\/08\/pisek-fontana-hotel-otava.jpg\" alt=\"F\u00e2nt\u00e2na din centrul P\u00edsek cu Hotel Otava \u00een fundal\" class=\"wp-image-399365\" title=\"\" srcset=\"https:\/\/loudavymkrokem.cz\/wp-content\/uploads\/2026\/08\/pisek-fontana-hotel-otava.jpg 2200w, https:\/\/loudavymkrokem.cz\/wp-content\/uploads\/2026\/08\/pisek-fontana-hotel-otava-300x200.jpg 300w, https:\/\/loudavymkrokem.cz\/wp-content\/uploads\/2026\/08\/pisek-fontana-hotel-otava-700x467.jpg 700w, https:\/\/loudavymkrokem.cz\/wp-content\/uploads\/2026\/08\/pisek-fontana-hotel-otava-768x512.jpg 768w, https:\/\/loudavymkrokem.cz\/wp-content\/uploads\/2026\/08\/pisek-fontana-hotel-otava-1536x1024.jpg 1536w, https:\/\/loudavymkrokem.cz\/wp-content\/uploads\/2026\/08\/pisek-fontana-hotel-otava-2048x1366.jpg 2048w, https:\/\/loudavymkrokem.cz\/wp-content\/uploads\/2026\/08\/pisek-fontana-hotel-otava-696x464.jpg 696w, https:\/\/loudavymkrokem.cz\/wp-content\/uploads\/2026\/08\/pisek-fontana-hotel-otava-1392x928.jpg 1392w, https:\/\/loudavymkrokem.cz\/wp-content\/uploads\/2026\/08\/pisek-fontana-hotel-otava-1920x1280.jpg 1920w\" sizes=\"(max-width: 2200px) 100vw, 2200px\" \/><button\n\t\t\tclass=\"lightbox-trigger\"\n\t\t\ttype=\"button\"\n\t\t\taria-haspopup=\"dialog\"\n\t\t\tdata-wp-bind--aria-label=\"state.thisImage.triggerButtonAriaLabel\"\n\t\t\tdata-wp-init=\"callbacks.initTriggerButton\"\n\t\t\tdata-wp-on--click=\"actions.showLightbox\"\n\t\t\tdata-wp-style--right=\"state.thisImage.buttonRight\"\n\t\t\tdata-wp-style--top=\"state.thisImage.buttonTop\"\n\t\t>\n\t\t\t<svg xmlns=\"http:\/\/www.w3.org\/2000\/svg\" width=\"12\" height=\"12\" fill=\"none\" viewBox=\"0 0 12 12\">\n\t\t\t\t<path fill=\"#fff\" d=\"M2 0a2 2 0 0 0-2 2v2h1.5V2a.5.5 0 0 1 .5-.5h2V0H2Zm2 10.5H2a.5.5 0 0 1-.5-.5V8H0v2a2 2 0 0 0 2 2h2v-1.5ZM8 12v-1.5h2a.5.5 0 0 0 .5-.5V8H12v2a2 2 0 0 1-2 2H8Zm2-12a2 2 0 0 1 2 2v2h-1.5V2a.5.5 0 0 0-.5-.5H8V0h2Z\" \/>\n\t\t\t<\/svg>\n\t\t<\/button><\/figure>\n\n\n\n<p class=\"wp-block-paragraph\">P\u00edsek nu e Praga, a\u0219a c\u0103 pre\u021burile la cazare nu-\u021bi provoac\u0103 un infarct, dar nici nu g\u0103se\u0219ti aici dou\u0103zeci de hoteluri de cinci stele. Oferta e mai mic\u0103, dar decent\u0103 \u2014 de la apartamente p\u00e2n\u0103 la hoteluri cu restaurant.<\/p>\n\n\n\n<p class=\"wp-block-paragraph\"><strong><a class=\"thirstylink\" rel=\"nofollow\" target=\"_blank\" title=\"Hotel Biograf P\u00edsek\" href=\"https:\/\/loudavymkrokem.cz\/doporucujeme\/hotel-biograf-pisek\/\" data-shortcode=\"true\"><a href=\"https:\/\/www.stay22.com\/allez\/roam?aid=lukaskonecny&amp;campaign=loudavymkrokemcz&amp;campaign=co-videt-v-pisku&amp;hotelname=Hotel%20Biograf&amp;address=P%C3%ADsek%2C%20%C4%8Cesko\" target=\"_blank\" rel=\"noopener nofollow sponsored\">Hotel Biograf<\/a><\/a><\/strong> este probabil cea mai cunoscut\u0103 adres\u0103 din ora\u0219 \u2014 <strong>4 stele<\/strong>, renovat modern, situat chiar \u00een cl\u0103direa fostului cinematograf (de aici \u0219i numele). Pe Booking are un scor de <strong>8.6\/10<\/strong>, camerele sunt curate \u0219i confortabile, micul dejun e solid. \u00cen plus, are \u0219i saun\u0103 finlandez\u0103 \u0219i masaje.<\/p>\n\n\n\n<p class=\"wp-block-paragraph\"><strong><a class=\"thirstylink\" rel=\"nofollow\" target=\"_blank\" title=\"Hotel U Kapli\u010dky\" href=\"https:\/\/loudavymkrokem.cz\/doporucujeme\/hotel-u-kaplicky\/\" data-shortcode=\"true\"><a href=\"https:\/\/www.stay22.com\/allez\/roam?aid=lukaskonecny&amp;campaign=loudavymkrokemcz&amp;campaign=co-videt-v-pisku&amp;hotelname=Hotel%20U%20Kapli%C4%8Dky&amp;address=P%C3%ADsek%2C%20%C4%8Cesko\" target=\"_blank\" rel=\"noopener nofollow sponsored\">Hotel U Kapli\u010dky<\/a><\/a><\/strong> este o alegere mai clasic\u0103, cu o atmosfer\u0103 pl\u0103cut\u0103 \u0219i, mai ales, are al\u0103turi restaurantul <strong>Chapelle<\/strong>, unul dintre cele mai bune din ora\u0219 \u0219i inclus \u00een ghidul Michelin ca \u201eMichelin Selected&#8221; (dar despre m\u00e2ncare mai t\u00e2rziu).<\/p>\n\n\n\n<p class=\"wp-block-paragraph\">Dac\u0103 vrei s\u0103 economise\u0219ti sau mergi \u00eentr-un grup mai mare, <strong>apartamentele<\/strong> din P\u00edsek le g\u0103se\u0219ti <strong>de la 120 lei pe noapte (550 K\u010d)<\/strong>, ceea ce e un pre\u021b chiar bun. Pensiunile pornesc de la <strong>250 lei pe noapte (1 160 K\u010d)<\/strong> pentru o camer\u0103 dubl\u0103. Arunc\u0103 o privire, de exemplu, la <strong><a class=\"thirstylink\" rel=\"nofollow\" target=\"_blank\" title=\"Rezidence u Kamenn\u00e9ho mostu\" href=\"https:\/\/loudavymkrokem.cz\/doporucujeme\/rezidence-u-kamenneho-mostu\/\" data-shortcode=\"true\">Rezidence U Kamenn\u00e9ho mostu<\/a>, <a class=\"thirstylink\" rel=\"nofollow\" target=\"_blank\" title=\"Soho Apartment\" href=\"https:\/\/loudavymkrokem.cz\/doporucujeme\/soho-apartment\/\" data-shortcode=\"true\"><a href=\"https:\/\/www.stay22.com\/allez\/roam?aid=lukaskonecny&amp;campaign=loudavymkrokemcz&amp;campaign=co-videt-v-pisku&amp;hotelname=Soho%20apartment&amp;address=P%C3%ADsek%2C%20%C4%8Cesko\" target=\"_blank\" rel=\"noopener nofollow sponsored\">Soho apartment<\/a><\/a>.<\/strong> Prefer\u0103m s\u0103 c\u0103ut\u0103m cazarea pe <strong><a class=\"thirstylink\" rel=\"nofollow\" target=\"_blank\" title=\"Booking.com\" href=\"https:\/\/loudavymkrokem.cz\/doporucujeme\/booking-com\/\" data-shortcode=\"true\">Booking.com<\/a><\/strong>, unde ai cea mai mare ofert\u0103.<\/p>\n\n\n\n<p class=\"wp-block-paragraph\">\u00ce\u021bi recomand s\u0103 rezervi din timp, mai ales vara \u0219i \u00een timpul festivalurilor, c\u00e2nd locurile se ocup\u0103 repede.<\/p>\n\n\n\n<h2 class=\"wp-block-heading\"><span class=\"ez-toc-section\" id=\"Ce_sa_vezi_in_Pisek_39_de_sfaturi_despre_monumente_si_locuri_interesante\"><\/span>Ce s\u0103 vezi \u00een P\u00edsek: 39 de sfaturi despre monumente \u0219i locuri interesante<span class=\"ez-toc-section-end\"><\/span><\/h2>\n\n\n\n<figure data-wp-context=\"{&quot;imageId&quot;:&quot;6a95570012a77&quot;}\" data-wp-interactive=\"core\/image\" data-wp-key=\"6a95570012a77\" class=\"wp-block-image size-full wp-lightbox-container\"><img decoding=\"async\" width=\"2200\" height=\"1467\" data-wp-class--hide=\"state.isContentHidden\" data-wp-class--show=\"state.isContentVisible\" data-wp-init=\"callbacks.setButtonStyles\" data-wp-on--click=\"actions.showLightbox\" data-wp-on--load=\"callbacks.setButtonStyles\" data-wp-on--pointerdown=\"actions.preloadImage\" data-wp-on--pointerenter=\"actions.preloadImageWithDelay\" data-wp-on--pointerleave=\"actions.cancelPreload\" data-wp-on-window--resize=\"callbacks.setButtonStyles\" src=\"https:\/\/loudavymkrokem.cz\/wp-content\/uploads\/2026\/08\/pisek-vyhled-z-veze-velke-namesti.jpg\" alt=\"Vedere de la turnul bisericii spre acoperi\u0219uri \u0219i Velk\u00e9 n\u00e1m\u011bst\u00ed \u00een P\u00edsek\" class=\"wp-image-399535\" title=\"\" srcset=\"https:\/\/loudavymkrokem.cz\/wp-content\/uploads\/2026\/08\/pisek-vyhled-z-veze-velke-namesti.jpg 2200w, https:\/\/loudavymkrokem.cz\/wp-content\/uploads\/2026\/08\/pisek-vyhled-z-veze-velke-namesti-300x200.jpg 300w, https:\/\/loudavymkrokem.cz\/wp-content\/uploads\/2026\/08\/pisek-vyhled-z-veze-velke-namesti-700x467.jpg 700w, https:\/\/loudavymkrokem.cz\/wp-content\/uploads\/2026\/08\/pisek-vyhled-z-veze-velke-namesti-768x512.jpg 768w, https:\/\/loudavymkrokem.cz\/wp-content\/uploads\/2026\/08\/pisek-vyhled-z-veze-velke-namesti-1536x1024.jpg 1536w, https:\/\/loudavymkrokem.cz\/wp-content\/uploads\/2026\/08\/pisek-vyhled-z-veze-velke-namesti-2048x1366.jpg 2048w, https:\/\/loudavymkrokem.cz\/wp-content\/uploads\/2026\/08\/pisek-vyhled-z-veze-velke-namesti-696x464.jpg 696w, https:\/\/loudavymkrokem.cz\/wp-content\/uploads\/2026\/08\/pisek-vyhled-z-veze-velke-namesti-1392x928.jpg 1392w, https:\/\/loudavymkrokem.cz\/wp-content\/uploads\/2026\/08\/pisek-vyhled-z-veze-velke-namesti-1920x1280.jpg 1920w\" sizes=\"(max-width: 2200px) 100vw, 2200px\" \/><button\n\t\t\tclass=\"lightbox-trigger\"\n\t\t\ttype=\"button\"\n\t\t\taria-haspopup=\"dialog\"\n\t\t\tdata-wp-bind--aria-label=\"state.thisImage.triggerButtonAriaLabel\"\n\t\t\tdata-wp-init=\"callbacks.initTriggerButton\"\n\t\t\tdata-wp-on--click=\"actions.showLightbox\"\n\t\t\tdata-wp-style--right=\"state.thisImage.buttonRight\"\n\t\t\tdata-wp-style--top=\"state.thisImage.buttonTop\"\n\t\t>\n\t\t\t<svg xmlns=\"http:\/\/www.w3.org\/2000\/svg\" width=\"12\" height=\"12\" fill=\"none\" viewBox=\"0 0 12 12\">\n\t\t\t\t<path fill=\"#fff\" d=\"M2 0a2 2 0 0 0-2 2v2h1.5V2a.5.5 0 0 1 .5-.5h2V0H2Zm2 10.5H2a.5.5 0 0 1-.5-.5V8H0v2a2 2 0 0 0 2 2h2v-1.5ZM8 12v-1.5h2a.5.5 0 0 0 .5-.5V8H12v2a2 2 0 0 1-2 2H8Zm2-12a2 2 0 0 1 2 2v2h-1.5V2a.5.5 0 0 0-.5-.5H8V0h2Z\" \/>\n\t\t\t<\/svg>\n\t\t<\/button><\/figure>\n\n\n\n<p class=\"wp-block-paragraph\">\u0218i acum, partea important\u0103 \u2014 motivul pentru care ai deschis, de fapt, articolul acesta. \ud83d\ude01 Am preg\u0103tit o list\u0103 cu <strong>39 de locuri, monumente \u0219i curiozit\u0103\u021bi<\/strong> care merit\u0103 v\u0103zute \u00een P\u00edsek. Pe unele le cuno\u0219ti din c\u0103r\u021bi po\u0219tale, altele poate te vor surprinde. Am \u00eencercat s\u0103 nu m\u0103 g\u00e2ndesc doar la marile obiective turistice, ci s\u0103 adaug \u0219i acele locuri discrete pe l\u00e2ng\u0103 care turi\u0219tii trec f\u0103r\u0103 s\u0103 le observe, de\u0219i au o poveste.<\/p>\n\n\n\n<p class=\"wp-block-paragraph\">Ora\u0219ul P\u00edsek este surprinz\u0103tor de bogat \u00een monumente \u0219i curiozit\u0103\u021bi, iar acesta este ghidul meu personal, pe care \u00eel sus\u021bin. <strong>A\u0219a c\u0103 hai, o lu\u0103m de la pod.<\/strong><\/p>\n\n\n\n<h3 class=\"wp-block-heading\"><span class=\"ez-toc-section\" id=\"1_Podul_de_piatra_Podul_Cerbului_%E2%80%93_cel_mai_vechi_pod_de_piatra_din_Cehia\"><\/span>1. Podul de piatr\u0103 (Podul Cerbului) \u2013 cel mai vechi pod de piatr\u0103 din Cehia<span class=\"ez-toc-section-end\"><\/span><\/h3>\n\n\n\n<figure data-wp-context=\"{&quot;imageId&quot;:&quot;6a95570013061&quot;}\" data-wp-interactive=\"core\/image\" data-wp-key=\"6a95570013061\" class=\"wp-block-image size-full wp-lightbox-container\"><img decoding=\"async\" width=\"2200\" height=\"1467\" data-wp-class--hide=\"state.isContentHidden\" data-wp-class--show=\"state.isContentVisible\" data-wp-init=\"callbacks.setButtonStyles\" data-wp-on--click=\"actions.showLightbox\" data-wp-on--load=\"callbacks.setButtonStyles\" data-wp-on--pointerdown=\"actions.preloadImage\" data-wp-on--pointerenter=\"actions.preloadImageWithDelay\" data-wp-on--pointerleave=\"actions.cancelPreload\" data-wp-on-window--resize=\"callbacks.setButtonStyles\" src=\"https:\/\/loudavymkrokem.cz\/wp-content\/uploads\/2026\/08\/pisek-kamenny-most-sochy.jpg\" alt=\"Podul de piatr\u0103 din P\u00edsek cu statui baroce ale sfin\u021bilor\" class=\"wp-image-399324\" title=\"\" srcset=\"https:\/\/loudavymkrokem.cz\/wp-content\/uploads\/2026\/08\/pisek-kamenny-most-sochy.jpg 2200w, https:\/\/loudavymkrokem.cz\/wp-content\/uploads\/2026\/08\/pisek-kamenny-most-sochy-300x200.jpg 300w, https:\/\/loudavymkrokem.cz\/wp-content\/uploads\/2026\/08\/pisek-kamenny-most-sochy-700x467.jpg 700w, https:\/\/loudavymkrokem.cz\/wp-content\/uploads\/2026\/08\/pisek-kamenny-most-sochy-768x512.jpg 768w, https:\/\/loudavymkrokem.cz\/wp-content\/uploads\/2026\/08\/pisek-kamenny-most-sochy-1536x1024.jpg 1536w, https:\/\/loudavymkrokem.cz\/wp-content\/uploads\/2026\/08\/pisek-kamenny-most-sochy-2048x1366.jpg 2048w, https:\/\/loudavymkrokem.cz\/wp-content\/uploads\/2026\/08\/pisek-kamenny-most-sochy-696x464.jpg 696w, https:\/\/loudavymkrokem.cz\/wp-content\/uploads\/2026\/08\/pisek-kamenny-most-sochy-1392x928.jpg 1392w, https:\/\/loudavymkrokem.cz\/wp-content\/uploads\/2026\/08\/pisek-kamenny-most-sochy-1920x1280.jpg 1920w\" sizes=\"(max-width: 2200px) 100vw, 2200px\" \/><button\n\t\t\tclass=\"lightbox-trigger\"\n\t\t\ttype=\"button\"\n\t\t\taria-haspopup=\"dialog\"\n\t\t\tdata-wp-bind--aria-label=\"state.thisImage.triggerButtonAriaLabel\"\n\t\t\tdata-wp-init=\"callbacks.initTriggerButton\"\n\t\t\tdata-wp-on--click=\"actions.showLightbox\"\n\t\t\tdata-wp-style--right=\"state.thisImage.buttonRight\"\n\t\t\tdata-wp-style--top=\"state.thisImage.buttonTop\"\n\t\t>\n\t\t\t<svg xmlns=\"http:\/\/www.w3.org\/2000\/svg\" width=\"12\" height=\"12\" fill=\"none\" viewBox=\"0 0 12 12\">\n\t\t\t\t<path fill=\"#fff\" d=\"M2 0a2 2 0 0 0-2 2v2h1.5V2a.5.5 0 0 1 .5-.5h2V0H2Zm2 10.5H2a.5.5 0 0 1-.5-.5V8H0v2a2 2 0 0 0 2 2h2v-1.5ZM8 12v-1.5h2a.5.5 0 0 0 .5-.5V8H12v2a2 2 0 0 1-2 2H8Zm2-12a2 2 0 0 1 2 2v2h-1.5V2a.5.5 0 0 0-.5-.5H8V0h2Z\" \/>\n\t\t\t<\/svg>\n\t\t<\/button><\/figure>\n\n\n\n<p class=\"wp-block-paragraph\">Acesta este locul pentru care majoritatea oamenilor vin, de fapt, \u00een P\u00edsek, \u0219i nu \u00eei condamn deloc. <strong>Podul de piatr\u0103 peste Otava<\/strong> dateaz\u0103 din <strong>secolul al XIII-lea<\/strong>, are <strong>aproape 110 metri<\/strong>, <strong>7 arcade<\/strong> \u0219i este pur \u0219i simplu cel mai vechi pod de piatr\u0103 p\u0103strat din \u00eentreaga Cehie. Podul Carol din Praga e mai t\u00e2n\u0103r \u0219i da, repet asta cu fiecare ocazie, pentru c\u0103 \u00eemi face pl\u0103cere. \ud83d\ude0a<\/p>\n\n\n\n<p class=\"wp-block-paragraph\">Podul e \u00eempodobit cu <strong>copii ale unor statui baroce ale sfin\u021bilor<\/strong> (originalele sunt deja bine p\u0103strate la ad\u0103post), care au fost ad\u0103ugate mai t\u00e2rziu, iar \u00eentreaga priveli\u0219te \u2014 arcadele de piatr\u0103, Otava dedesubt, ora\u0219ul pe ambele maluri \u2014 e una dintre cele mai frumoase din sudul Cehiei. \u0218i \u0219tii c\u00e2nd e cel mai frumos aici? <strong>Diminea\u021ba devreme, c\u00e2nd cea\u021ba plute\u0219te peste r\u00e2u.<\/strong> Podul iese din cea\u021b\u0103 ca dintr-un roman istoric, iar tu stai acolo complet singur, pentru c\u0103 la \u0219ase diminea\u021ba pur \u0219i simplu nu mai e nimeni altcineva. A doua cea mai bun\u0103 perioad\u0103 este <strong>la apus<\/strong>, c\u00e2nd suprafa\u021ba Otavei se coloreaz\u0103 \u00een portocaliu. Ia aparatul foto la tine.<\/p>\n\n\n\n<p class=\"wp-block-paragraph\">Intrarea este, desigur, <strong>gratuit\u0103, 24 de ore pe zi, 7 zile pe s\u0103pt\u0103m\u00e2n\u0103<\/strong>. E un pod, pur \u0219i simplu treci pe el. Doar tu, pietrele vechi \u0219i r\u00e2ul de sub picioare. Uneori \u00eemi spun c\u0103 e locul \u00een care P\u00edsek e cel mai mult el \u00eensu\u0219i.<\/p>\n\n\n\n<h3 class=\"wp-block-heading\"><span class=\"ez-toc-section\" id=\"2_Poarta_Putimska_si_straduta_lui_Frana_Sramek\"><\/span>2. Poarta Putimsk\u00e1 \u0219i str\u0103du\u021ba lui Fr\u00e1\u0148a \u0160r\u00e1mek<span class=\"ez-toc-section-end\"><\/span><\/h3>\n\n\n\n<figure data-wp-context=\"{&quot;imageId&quot;:&quot;6a955700136f7&quot;}\" data-wp-interactive=\"core\/image\" data-wp-key=\"6a955700136f7\" class=\"wp-block-image size-full wp-lightbox-container\"><img decoding=\"async\" width=\"2200\" height=\"1467\" data-wp-class--hide=\"state.isContentHidden\" data-wp-class--show=\"state.isContentVisible\" data-wp-init=\"callbacks.setButtonStyles\" data-wp-on--click=\"actions.showLightbox\" data-wp-on--load=\"callbacks.setButtonStyles\" data-wp-on--pointerdown=\"actions.preloadImage\" data-wp-on--pointerenter=\"actions.preloadImageWithDelay\" data-wp-on--pointerleave=\"actions.cancelPreload\" data-wp-on-window--resize=\"callbacks.setButtonStyles\" src=\"https:\/\/loudavymkrokem.cz\/wp-content\/uploads\/2026\/08\/pisek-basta-putimska-brana.jpg\" alt=\"Bastion al fortifica\u021biilor ora\u0219ului la fosta Poart\u0103 Putimsk\u00e1 din P\u00edsek\" class=\"wp-image-399337\" title=\"\" srcset=\"https:\/\/loudavymkrokem.cz\/wp-content\/uploads\/2026\/08\/pisek-basta-putimska-brana.jpg 2200w, https:\/\/loudavymkrokem.cz\/wp-content\/uploads\/2026\/08\/pisek-basta-putimska-brana-300x200.jpg 300w, https:\/\/loudavymkrokem.cz\/wp-content\/uploads\/2026\/08\/pisek-basta-putimska-brana-700x467.jpg 700w, https:\/\/loudavymkrokem.cz\/wp-content\/uploads\/2026\/08\/pisek-basta-putimska-brana-768x512.jpg 768w, https:\/\/loudavymkrokem.cz\/wp-content\/uploads\/2026\/08\/pisek-basta-putimska-brana-1536x1024.jpg 1536w, https:\/\/loudavymkrokem.cz\/wp-content\/uploads\/2026\/08\/pisek-basta-putimska-brana-2048x1366.jpg 2048w, https:\/\/loudavymkrokem.cz\/wp-content\/uploads\/2026\/08\/pisek-basta-putimska-brana-696x464.jpg 696w, https:\/\/loudavymkrokem.cz\/wp-content\/uploads\/2026\/08\/pisek-basta-putimska-brana-1392x928.jpg 1392w, https:\/\/loudavymkrokem.cz\/wp-content\/uploads\/2026\/08\/pisek-basta-putimska-brana-1920x1280.jpg 1920w\" sizes=\"(max-width: 2200px) 100vw, 2200px\" \/><button\n\t\t\tclass=\"lightbox-trigger\"\n\t\t\ttype=\"button\"\n\t\t\taria-haspopup=\"dialog\"\n\t\t\tdata-wp-bind--aria-label=\"state.thisImage.triggerButtonAriaLabel\"\n\t\t\tdata-wp-init=\"callbacks.initTriggerButton\"\n\t\t\tdata-wp-on--click=\"actions.showLightbox\"\n\t\t\tdata-wp-style--right=\"state.thisImage.buttonRight\"\n\t\t\tdata-wp-style--top=\"state.thisImage.buttonTop\"\n\t\t>\n\t\t\t<svg xmlns=\"http:\/\/www.w3.org\/2000\/svg\" width=\"12\" height=\"12\" fill=\"none\" viewBox=\"0 0 12 12\">\n\t\t\t\t<path fill=\"#fff\" d=\"M2 0a2 2 0 0 0-2 2v2h1.5V2a.5.5 0 0 1 .5-.5h2V0H2Zm2 10.5H2a.5.5 0 0 1-.5-.5V8H0v2a2 2 0 0 0 2 2h2v-1.5ZM8 12v-1.5h2a.5.5 0 0 0 .5-.5V8H12v2a2 2 0 0 1-2 2H8Zm2-12a2 2 0 0 1 2 2v2h-1.5V2a.5.5 0 0 0-.5-.5H8V0h2Z\" \/>\n\t\t\t<\/svg>\n\t\t<\/button><\/figure>\n\n\n\n<p class=\"wp-block-paragraph\">\u201e<em>C\u00e2nd treceam eu prin poarta aceea Putimsk\u00e1\u2026<\/em>&#8221; \u2014 c\u00e2ntecul acesta \u00eel cunoa\u0219te probabil orice ceh. \u0218i acum poate te surprind: <strong>poarta \u00eens\u0103\u0219i nu mai exist\u0103 de mult<\/strong>. Turnul a fost demolat \u00een 1812, iar restul a disp\u0103rut p\u00e2n\u0103 \u00een 1836. A r\u0103mas \u00eens\u0103 locul unde st\u0103tea poarta \u0219i, mai ales, o bucat\u0103 din <strong>fortifica\u021bia medieval\u0103 a ora\u0219ului<\/strong>, cu curtin\u0103 \u0219i bastion semicircular, care s-a p\u0103strat aici \u00eentr-o \u00eentindere destul de impresionant\u0103.<\/p>\n\n\n\n<p class=\"wp-block-paragraph\">La c\u00e2\u021biva pa\u0219i de aici, pe fa\u021bada casei nr. 154 de pe strada Putimsk\u00e1, g\u0103se\u0219ti un relief cunoscut ca <strong>\u201ecele dou\u0103 feti\u021be&#8221;<\/strong>, figuri sculptate care se spune c\u0103 fac trimitere exact la acel c\u00e2ntec celebru. Tot locul are o atmosfer\u0103 lini\u0219tit\u0103, pu\u021bin nostalgic\u0103, care te face s\u0103 \u00eencetine\u0219ti pasul, chiar dac\u0103 treci des pe aici.<\/p>\n\n\n\n<h3 class=\"wp-block-heading\"><span class=\"ez-toc-section\" id=\"3_Castelul_fortificatiile_orasului_si_Muzeul_Prachenske\"><\/span>3. Castelul, fortifica\u021biile ora\u0219ului \u0219i Muzeul Pr\u00e1che\u0148sk\u00e9<span class=\"ez-toc-section-end\"><\/span><\/h3>\n\n\n\n<figure data-wp-context=\"{&quot;imageId&quot;:&quot;6a95570013cb9&quot;}\" data-wp-interactive=\"core\/image\" data-wp-key=\"6a95570013cb9\" class=\"wp-block-image size-full wp-lightbox-container\"><img decoding=\"async\" width=\"2200\" height=\"1467\" data-wp-class--hide=\"state.isContentHidden\" data-wp-class--show=\"state.isContentVisible\" data-wp-init=\"callbacks.setButtonStyles\" data-wp-on--click=\"actions.showLightbox\" data-wp-on--load=\"callbacks.setButtonStyles\" data-wp-on--pointerdown=\"actions.preloadImage\" data-wp-on--pointerenter=\"actions.preloadImageWithDelay\" data-wp-on--pointerleave=\"actions.cancelPreload\" data-wp-on-window--resize=\"callbacks.setButtonStyles\" src=\"https:\/\/loudavymkrokem.cz\/wp-content\/uploads\/2026\/08\/pisek-hrad-hradby.jpg\" alt=\"Zidurile castelului din P\u00edsek deasupra Otavei\" class=\"wp-image-399339\" title=\"\" srcset=\"https:\/\/loudavymkrokem.cz\/wp-content\/uploads\/2026\/08\/pisek-hrad-hradby.jpg 2200w, https:\/\/loudavymkrokem.cz\/wp-content\/uploads\/2026\/08\/pisek-hrad-hradby-300x200.jpg 300w, https:\/\/loudavymkrokem.cz\/wp-content\/uploads\/2026\/08\/pisek-hrad-hradby-700x467.jpg 700w, https:\/\/loudavymkrokem.cz\/wp-content\/uploads\/2026\/08\/pisek-hrad-hradby-768x512.jpg 768w, https:\/\/loudavymkrokem.cz\/wp-content\/uploads\/2026\/08\/pisek-hrad-hradby-1536x1024.jpg 1536w, https:\/\/loudavymkrokem.cz\/wp-content\/uploads\/2026\/08\/pisek-hrad-hradby-2048x1366.jpg 2048w, https:\/\/loudavymkrokem.cz\/wp-content\/uploads\/2026\/08\/pisek-hrad-hradby-696x464.jpg 696w, https:\/\/loudavymkrokem.cz\/wp-content\/uploads\/2026\/08\/pisek-hrad-hradby-1392x928.jpg 1392w, https:\/\/loudavymkrokem.cz\/wp-content\/uploads\/2026\/08\/pisek-hrad-hradby-1920x1280.jpg 1920w\" sizes=\"(max-width: 2200px) 100vw, 2200px\" \/><button\n\t\t\tclass=\"lightbox-trigger\"\n\t\t\ttype=\"button\"\n\t\t\taria-haspopup=\"dialog\"\n\t\t\tdata-wp-bind--aria-label=\"state.thisImage.triggerButtonAriaLabel\"\n\t\t\tdata-wp-init=\"callbacks.initTriggerButton\"\n\t\t\tdata-wp-on--click=\"actions.showLightbox\"\n\t\t\tdata-wp-style--right=\"state.thisImage.buttonRight\"\n\t\t\tdata-wp-style--top=\"state.thisImage.buttonTop\"\n\t\t>\n\t\t\t<svg xmlns=\"http:\/\/www.w3.org\/2000\/svg\" width=\"12\" height=\"12\" fill=\"none\" viewBox=\"0 0 12 12\">\n\t\t\t\t<path fill=\"#fff\" d=\"M2 0a2 2 0 0 0-2 2v2h1.5V2a.5.5 0 0 1 .5-.5h2V0H2Zm2 10.5H2a.5.5 0 0 1-.5-.5V8H0v2a2 2 0 0 0 2 2h2v-1.5ZM8 12v-1.5h2a.5.5 0 0 0 .5-.5V8H12v2a2 2 0 0 1-2 2H8Zm2-12a2 2 0 0 1 2 2v2h-1.5V2a.5.5 0 0 0-.5-.5H8V0h2Z\" \/>\n\t\t\t<\/svg>\n\t\t<\/button><\/figure>\n\n\n\n<p class=\"wp-block-paragraph\">Castelul din P\u00edsek e unul dintre acele lucruri despre care localnicii spun \u201ep\u0103i da, un castel&#8221;, iar turi\u0219tii r\u0103m\u00e2n cu gura c\u0103scat\u0103. Este <strong>gotic timpuriu<\/strong>, construit la porunca lui <strong>P\u0159emysl Otakar al II-lea<\/strong>, \u0219i st\u0103 pe un promontoriu deasupra Otavei astfel \u00eenc\u00e2t, din anumite unghiuri, pare c\u0103 a crescut direct din st\u00e2nc\u0103. \u00cen spa\u021biile lui se afl\u0103 ast\u0103zi <strong>Muzeul Pr\u00e1che\u0148sk\u00e9<\/strong>, care \u2014 \u0219i acum \u021bine-te bine \u2014 a primit o distinc\u021bie special\u0103 \u00een prestigiosul concurs Muzeul European al Anului. Din P\u00edsek! Uneori m\u0103 \u00eentreb dac\u0103 oamenii au observat m\u0103car asta.<\/p>\n\n\n\n<p class=\"wp-block-paragraph\">Expozi\u021biile sunt surprinz\u0103tor de variate. De la arheologie, la art\u0103 medieval\u0103, p\u00e2n\u0103 la etnografie. Pe mine m\u0103 \u00eenc\u00e2nt\u0103 mereu lapidariul gotic, dar dac\u0103 mergi cu copiii, ei vor aprecia mai degrab\u0103 p\u0103r\u021bile interactive. Iar spa\u021biul castelului \u00een sine e o experien\u021b\u0103 \u2014 s\u0103li de piatr\u0103, tavane boltite, coridoare \u00een fortifica\u021bii.<\/p>\n\n\n\n<p class=\"wp-block-paragraph\"><strong>Info practic:<\/strong> Program <strong>martie\u2013septembrie 9:00\u201318:00<\/strong>, <strong>octombrie\u2013decembrie 9:00\u201317:00<\/strong>. Intrare <strong>adul\u021bi 13 lei (60 K\u010d)<\/strong>, <strong>copii 7 lei (30 K\u010d)<\/strong>, <strong>bilet de familie 33 lei (150 K\u010d)<\/strong>. La banii \u0103\u0219tia e unul dintre cele mai bune rapoarte pre\u021b\/experien\u021b\u0103 din ora\u0219.<\/p>\n\n\n\n<h3 class=\"wp-block-heading\"><span class=\"ez-toc-section\" id=\"4_Centrala_electrica_municipala_Krizik\"><\/span>4. Centrala electric\u0103 municipal\u0103 K\u0159i\u017e\u00edk<span class=\"ez-toc-section-end\"><\/span><\/h3>\n\n\n\n<figure data-wp-context=\"{&quot;imageId&quot;:&quot;6a955700144e1&quot;}\" data-wp-interactive=\"core\/image\" data-wp-key=\"6a955700144e1\" class=\"wp-block-image size-full wp-lightbox-container\"><img decoding=\"async\" width=\"2200\" height=\"1467\" data-wp-class--hide=\"state.isContentHidden\" data-wp-class--show=\"state.isContentVisible\" data-wp-init=\"callbacks.setButtonStyles\" data-wp-on--click=\"actions.showLightbox\" data-wp-on--load=\"callbacks.setButtonStyles\" data-wp-on--pointerdown=\"actions.preloadImage\" data-wp-on--pointerenter=\"actions.preloadImageWithDelay\" data-wp-on--pointerleave=\"actions.cancelPreload\" data-wp-on-window--resize=\"callbacks.setButtonStyles\" src=\"https:\/\/loudavymkrokem.cz\/wp-content\/uploads\/2026\/08\/pisek-krizikova-elektrarna.jpg\" alt=\"Centrala electric\u0103 municipal\u0103 K\u0159i\u017e\u00edk din P\u00edsek\" class=\"wp-image-399347\" title=\"\" srcset=\"https:\/\/loudavymkrokem.cz\/wp-content\/uploads\/2026\/08\/pisek-krizikova-elektrarna.jpg 2200w, https:\/\/loudavymkrokem.cz\/wp-content\/uploads\/2026\/08\/pisek-krizikova-elektrarna-300x200.jpg 300w, https:\/\/loudavymkrokem.cz\/wp-content\/uploads\/2026\/08\/pisek-krizikova-elektrarna-700x467.jpg 700w, https:\/\/loudavymkrokem.cz\/wp-content\/uploads\/2026\/08\/pisek-krizikova-elektrarna-768x512.jpg 768w, https:\/\/loudavymkrokem.cz\/wp-content\/uploads\/2026\/08\/pisek-krizikova-elektrarna-1536x1024.jpg 1536w, https:\/\/loudavymkrokem.cz\/wp-content\/uploads\/2026\/08\/pisek-krizikova-elektrarna-2048x1366.jpg 2048w, https:\/\/loudavymkrokem.cz\/wp-content\/uploads\/2026\/08\/pisek-krizikova-elektrarna-696x464.jpg 696w, https:\/\/loudavymkrokem.cz\/wp-content\/uploads\/2026\/08\/pisek-krizikova-elektrarna-1392x928.jpg 1392w, https:\/\/loudavymkrokem.cz\/wp-content\/uploads\/2026\/08\/pisek-krizikova-elektrarna-1920x1280.jpg 1920w\" sizes=\"(max-width: 2200px) 100vw, 2200px\" \/><button\n\t\t\tclass=\"lightbox-trigger\"\n\t\t\ttype=\"button\"\n\t\t\taria-haspopup=\"dialog\"\n\t\t\tdata-wp-bind--aria-label=\"state.thisImage.triggerButtonAriaLabel\"\n\t\t\tdata-wp-init=\"callbacks.initTriggerButton\"\n\t\t\tdata-wp-on--click=\"actions.showLightbox\"\n\t\t\tdata-wp-style--right=\"state.thisImage.buttonRight\"\n\t\t\tdata-wp-style--top=\"state.thisImage.buttonTop\"\n\t\t>\n\t\t\t<svg xmlns=\"http:\/\/www.w3.org\/2000\/svg\" width=\"12\" height=\"12\" fill=\"none\" viewBox=\"0 0 12 12\">\n\t\t\t\t<path fill=\"#fff\" d=\"M2 0a2 2 0 0 0-2 2v2h1.5V2a.5.5 0 0 1 .5-.5h2V0H2Zm2 10.5H2a.5.5 0 0 1-.5-.5V8H0v2a2 2 0 0 0 2 2h2v-1.5ZM8 12v-1.5h2a.5.5 0 0 0 .5-.5V8H12v2a2 2 0 0 1-2 2H8Zm2-12a2 2 0 0 1 2 2v2h-1.5V2a.5.5 0 0 0-.5-.5H8V0h2Z\" \/>\n\t\t\t<\/svg>\n\t\t<\/button><\/figure>\n\n\n\n<p class=\"wp-block-paragraph\">Aici te dezam\u0103gesc: <strong>centrala este momentan \u00eenchis\u0103<\/strong> \u0219i se preg\u0103te\u0219te o nou\u0103 expozi\u021bie. A\u0219a c\u0103, dac\u0103 o aveai \u00een plan ca punct principal al programului, va trebui s\u0103 a\u0219tep\u021bi. Dar trebuie s-o men\u021bionez, pentru c\u0103 povestea ei este absolut esen\u021bial\u0103 pentru a \u00een\u021belege de ce P\u00edsek e un ora\u0219 at\u00e2t de special.<\/p>\n\n\n\n<p class=\"wp-block-paragraph\">\u00cen anul <strong>1887<\/strong> \u2014 deci cu un an \u00eenaintea centralei din cartierul \u017di\u017ekov din Praga \u2014 la P\u00edsek s-a aprins <strong>primul iluminat electric public permanent din Cehia<\/strong>. Franti\u0161ek K\u0159i\u017e\u00edk, Edisonul ceh, a ales exact acest or\u0103\u0219el din sud pentru experimentul s\u0103u de pionierat. Imagineaz\u0103-\u021bi acea epoc\u0103: oameni \u00een pia\u021b\u0103 care toat\u0103 via\u021ba cunoscuser\u0103 doar lum\u00e2n\u0103ri \u0219i l\u0103mpi cu gaz, iar deodat\u0103 se aprinde lumina electric\u0103. P\u00edsek a fost \u00eenaintea Prag\u0103i. E un fapt de care nu m\u0103 satur niciodat\u0103.<\/p>\n\n\n\n<p class=\"wp-block-paragraph\">O veste bun\u0103 la final: \u00een prim\u0103vara lui 2026, \u00een central\u0103 s-au \u00eentors turbinele Francis renovate, iar monumentul produce din nou electricitate din mai. Noua expozi\u021bie \u00eenc\u0103 \u00ee\u0219i a\u0219teapt\u0103 deschiderea, a\u0219a c\u0103 urm\u0103re\u0219te site-ul ora\u0219ului pentru informa\u021bii actuale.<\/p>\n\n\n\n<h3 class=\"wp-block-heading\"><span class=\"ez-toc-section\" id=\"5_Herghelia_Zemsky_hrebcinec\"><\/span>5. Herghelia Zemsk\u00fd h\u0159eb\u010dinec<span class=\"ez-toc-section-end\"><\/span><\/h3>\n\n\n\n<figure data-wp-context=\"{&quot;imageId&quot;:&quot;6a95570014b0c&quot;}\" data-wp-interactive=\"core\/image\" data-wp-key=\"6a95570014b0c\" class=\"wp-block-image size-full wp-lightbox-container\"><img decoding=\"async\" width=\"1600\" height=\"1018\" data-wp-class--hide=\"state.isContentHidden\" data-wp-class--show=\"state.isContentVisible\" data-wp-init=\"callbacks.setButtonStyles\" data-wp-on--click=\"actions.showLightbox\" data-wp-on--load=\"callbacks.setButtonStyles\" data-wp-on--pointerdown=\"actions.preloadImage\" data-wp-on--pointerenter=\"actions.preloadImageWithDelay\" data-wp-on--pointerleave=\"actions.cancelPreload\" data-wp-on-window--resize=\"callbacks.setButtonStyles\" src=\"https:\/\/loudavymkrokem.cz\/wp-content\/uploads\/2026\/08\/zemsky-hrebcinec-pisek-letecky.jpg\" alt=\"Vedere aerian\u0103 a hergheliei Zemsk\u00fd h\u0159eb\u010dinec P\u00edsek\" class=\"wp-image-399598\" title=\"\" srcset=\"https:\/\/loudavymkrokem.cz\/wp-content\/uploads\/2026\/08\/zemsky-hrebcinec-pisek-letecky.jpg 1600w, https:\/\/loudavymkrokem.cz\/wp-content\/uploads\/2026\/08\/zemsky-hrebcinec-pisek-letecky-300x191.jpg 300w, https:\/\/loudavymkrokem.cz\/wp-content\/uploads\/2026\/08\/zemsky-hrebcinec-pisek-letecky-700x445.jpg 700w, https:\/\/loudavymkrokem.cz\/wp-content\/uploads\/2026\/08\/zemsky-hrebcinec-pisek-letecky-768x489.jpg 768w, https:\/\/loudavymkrokem.cz\/wp-content\/uploads\/2026\/08\/zemsky-hrebcinec-pisek-letecky-1536x977.jpg 1536w, https:\/\/loudavymkrokem.cz\/wp-content\/uploads\/2026\/08\/zemsky-hrebcinec-pisek-letecky-696x443.jpg 696w, https:\/\/loudavymkrokem.cz\/wp-content\/uploads\/2026\/08\/zemsky-hrebcinec-pisek-letecky-1392x886.jpg 1392w\" sizes=\"(max-width: 1600px) 100vw, 1600px\" \/><button\n\t\t\tclass=\"lightbox-trigger\"\n\t\t\ttype=\"button\"\n\t\t\taria-haspopup=\"dialog\"\n\t\t\tdata-wp-bind--aria-label=\"state.thisImage.triggerButtonAriaLabel\"\n\t\t\tdata-wp-init=\"callbacks.initTriggerButton\"\n\t\t\tdata-wp-on--click=\"actions.showLightbox\"\n\t\t\tdata-wp-style--right=\"state.thisImage.buttonRight\"\n\t\t\tdata-wp-style--top=\"state.thisImage.buttonTop\"\n\t\t>\n\t\t\t<svg xmlns=\"http:\/\/www.w3.org\/2000\/svg\" width=\"12\" height=\"12\" fill=\"none\" viewBox=\"0 0 12 12\">\n\t\t\t\t<path fill=\"#fff\" d=\"M2 0a2 2 0 0 0-2 2v2h1.5V2a.5.5 0 0 1 .5-.5h2V0H2Zm2 10.5H2a.5.5 0 0 1-.5-.5V8H0v2a2 2 0 0 0 2 2h2v-1.5ZM8 12v-1.5h2a.5.5 0 0 0 .5-.5V8H12v2a2 2 0 0 1-2 2H8Zm2-12a2 2 0 0 1 2 2v2h-1.5V2a.5.5 0 0 0-.5-.5H8V0h2Z\" \/>\n\t\t\t<\/svg>\n\t\t<\/button><\/figure>\n\n\n\n<p class=\"wp-block-paragraph\">Dac\u0103 exist\u0103 un singur loc \u00een P\u00edsek unde a\u0219 trimite chiar pe oricine care m\u0103 viziteaz\u0103, acela este <strong>herghelia<\/strong>. Nu doar din cauza cailor (de\u0219i sunt superbi), ci din cauza ansamblului \u00een sine. Construc\u021bia \u00een <strong>stil tudorian<\/strong>, da, \u00een P\u00edsek, \u00een sudul Cehiei, arat\u0103 de parc\u0103 te-ai teleporta undeva \u00een mediul rural englezesc. Este un <strong>monument cultural na\u021bional<\/strong> \u0219i una dintre cele mai frumoase herghelii din \u00eentreaga Europ\u0103.<\/p>\n\n\n\n<p class=\"wp-block-paragraph\">\u0218i acum o delicates\u0103 pentru iubitorii de istorie: un arm\u0103sar pe nume <strong>Ardo<\/strong>, care a tr\u0103it aici, a servit, conform tradi\u021biei, drept <strong>model pentru statuia Sf\u00e2ntului Venceslau<\/strong> din Pia\u021ba Venceslau din Praga. A\u0219a c\u0103 de fiecare dat\u0103 c\u00e2nd treci pe l\u00e2ng\u0103 acea statuie, <strong>s\u0103 \u0219tii c\u0103 acel cal e de fapt din P\u00edsek.<\/strong> \ud83d\ude04<\/p>\n\n\n\n<p class=\"wp-block-paragraph\"><strong>Tururile<\/strong> <strong>dureaz\u0103<\/strong> <strong>\u00eentre 1 \u0219i 1,5 ore<\/strong>, un ghid te conduce prin grajduri, manejul de c\u0103l\u0103rie \u0219i spa\u021biile istorice. Intrare <strong>33 lei adul\u021bi (150 K\u010d)<\/strong>, <strong>22 lei copii (100 K\u010d)<\/strong>. \u0218i acum o avertizare important\u0103 care te scute\u0219te de o problem\u0103 la cas\u0103: <strong>accept\u0103 DOAR NUMERAR!<\/strong> F\u0103r\u0103 carduri, f\u0103r\u0103 telefon. Ia bani cash la tine.<\/p>\n\n\n\n<h3 class=\"wp-block-heading\"><span class=\"ez-toc-section\" id=\"6_Biserica_Nasterea_Fecioarei_Maria\"><\/span>6. Biserica Na\u0219terea Fecioarei Maria<span class=\"ez-toc-section-end\"><\/span><\/h3>\n\n\n\n<figure data-wp-context=\"{&quot;imageId&quot;:&quot;6a955700151c0&quot;}\" data-wp-interactive=\"core\/image\" data-wp-key=\"6a955700151c0\" class=\"wp-block-image size-full wp-lightbox-container\"><img decoding=\"async\" width=\"2200\" height=\"1467\" data-wp-class--hide=\"state.isContentHidden\" data-wp-class--show=\"state.isContentVisible\" data-wp-init=\"callbacks.setButtonStyles\" data-wp-on--click=\"actions.showLightbox\" data-wp-on--load=\"callbacks.setButtonStyles\" data-wp-on--pointerdown=\"actions.preloadImage\" data-wp-on--pointerenter=\"actions.preloadImageWithDelay\" data-wp-on--pointerleave=\"actions.cancelPreload\" data-wp-on-window--resize=\"callbacks.setButtonStyles\" src=\"https:\/\/loudavymkrokem.cz\/wp-content\/uploads\/2026\/08\/pisek-kostel-narozeni-panny-marie.jpg\" alt=\"Biserica gotic\u0103 Na\u0219terea Fecioarei Maria din P\u00edsek\" class=\"wp-image-399350\" title=\"\" srcset=\"https:\/\/loudavymkrokem.cz\/wp-content\/uploads\/2026\/08\/pisek-kostel-narozeni-panny-marie.jpg 2200w, https:\/\/loudavymkrokem.cz\/wp-content\/uploads\/2026\/08\/pisek-kostel-narozeni-panny-marie-300x200.jpg 300w, https:\/\/loudavymkrokem.cz\/wp-content\/uploads\/2026\/08\/pisek-kostel-narozeni-panny-marie-700x467.jpg 700w, https:\/\/loudavymkrokem.cz\/wp-content\/uploads\/2026\/08\/pisek-kostel-narozeni-panny-marie-768x512.jpg 768w, https:\/\/loudavymkrokem.cz\/wp-content\/uploads\/2026\/08\/pisek-kostel-narozeni-panny-marie-1536x1024.jpg 1536w, https:\/\/loudavymkrokem.cz\/wp-content\/uploads\/2026\/08\/pisek-kostel-narozeni-panny-marie-2048x1366.jpg 2048w, https:\/\/loudavymkrokem.cz\/wp-content\/uploads\/2026\/08\/pisek-kostel-narozeni-panny-marie-696x464.jpg 696w, https:\/\/loudavymkrokem.cz\/wp-content\/uploads\/2026\/08\/pisek-kostel-narozeni-panny-marie-1392x928.jpg 1392w, https:\/\/loudavymkrokem.cz\/wp-content\/uploads\/2026\/08\/pisek-kostel-narozeni-panny-marie-1920x1280.jpg 1920w\" sizes=\"(max-width: 2200px) 100vw, 2200px\" \/><button\n\t\t\tclass=\"lightbox-trigger\"\n\t\t\ttype=\"button\"\n\t\t\taria-haspopup=\"dialog\"\n\t\t\tdata-wp-bind--aria-label=\"state.thisImage.triggerButtonAriaLabel\"\n\t\t\tdata-wp-init=\"callbacks.initTriggerButton\"\n\t\t\tdata-wp-on--click=\"actions.showLightbox\"\n\t\t\tdata-wp-style--right=\"state.thisImage.buttonRight\"\n\t\t\tdata-wp-style--top=\"state.thisImage.buttonTop\"\n\t\t>\n\t\t\t<svg xmlns=\"http:\/\/www.w3.org\/2000\/svg\" width=\"12\" height=\"12\" fill=\"none\" viewBox=\"0 0 12 12\">\n\t\t\t\t<path fill=\"#fff\" d=\"M2 0a2 2 0 0 0-2 2v2h1.5V2a.5.5 0 0 1 .5-.5h2V0H2Zm2 10.5H2a.5.5 0 0 1-.5-.5V8H0v2a2 2 0 0 0 2 2h2v-1.5ZM8 12v-1.5h2a.5.5 0 0 0 .5-.5V8H12v2a2 2 0 0 1-2 2H8Zm2-12a2 2 0 0 1 2 2v2h-1.5V2a.5.5 0 0 0-.5-.5H8V0h2Z\" \/>\n\t\t\t<\/svg>\n\t\t<\/button><\/figure>\n\n\n\n<p class=\"wp-block-paragraph\">Turnul acestei biserici e un reper pe care \u00eel vezi din P\u00edsek aproape de peste tot \u2014 turnul are peste 70 de metri, iar galeria panoramic\u0103 se afl\u0103 la <strong>42 de metri<\/strong>. Cine nu se teme, urc\u0103 cei <strong>210 trepte<\/strong>. Priveli\u0219tea asupra ora\u0219ului \u0219i a \u00eemprejurimilor merit\u0103 efortul de a-\u021bi pierde pu\u021bin r\u0103suflarea, \u00ee\u021bi garantez. Dar cel mai interesant lucru la biserica asta sunt <strong>ceasurile din turn<\/strong>. Uit\u0103-te atent la ele, ceva n-o s\u0103-\u021bi dea bine.<\/p>\n\n\n\n<p class=\"wp-block-paragraph\">\u021ai-ai dat seama? <strong>Limba mic\u0103 arat\u0103 minutele, iar cea mare orele.<\/strong> Exact invers fa\u021b\u0103 de cum e\u0219ti obi\u0219nuit. Nimeni nu \u0219tie exact de ce, exist\u0103 c\u00e2teva teorii, dar rezultatul e c\u0103 aproape orice turist se uit\u0103 confuz la aceste ceasuri, iar localnicii r\u00e2d pe t\u0103cute. Localnicii se distreaz\u0103 cu asta de genera\u021bii \u00eentregi. \u0218i \u00eenc\u0103 un fapt amuzant? Dac\u0103 te ui\u021bi la ceasuri din unghiul potrivit, distingi \u00een ele o bufni\u021b\u0103.<\/p>\n\n\n\n<p class=\"wp-block-paragraph\"><strong>Important:<\/strong> \u00cen turn po\u021bi urca <strong>doar cu rezervare prealabil\u0103<\/strong>, deci planific\u0103 din timp. Informa\u021biile le g\u0103se\u0219ti la centrul de informare turistic\u0103 al ora\u0219ului.<\/p>\n\n\n\n<h3 class=\"wp-block-heading\"><span class=\"ez-toc-section\" id=\"7_Pietele_Velke_si_Alsovo_cu_Pietrele_de_poticnire\"><\/span>7. Pie\u021bele Velk\u00e9 \u0219i Al\u0161ovo cu Pietrele de poticnire<span class=\"ez-toc-section-end\"><\/span><\/h3>\n\n\n\n<figure data-wp-context=\"{&quot;imageId&quot;:&quot;6a95570015855&quot;}\" data-wp-interactive=\"core\/image\" data-wp-key=\"6a95570015855\" class=\"wp-block-image size-full wp-lightbox-container\"><img decoding=\"async\" width=\"2200\" height=\"1467\" data-wp-class--hide=\"state.isContentHidden\" data-wp-class--show=\"state.isContentVisible\" data-wp-init=\"callbacks.setButtonStyles\" data-wp-on--click=\"actions.showLightbox\" data-wp-on--load=\"callbacks.setButtonStyles\" data-wp-on--pointerdown=\"actions.preloadImage\" data-wp-on--pointerenter=\"actions.preloadImageWithDelay\" data-wp-on--pointerleave=\"actions.cancelPreload\" data-wp-on-window--resize=\"callbacks.setButtonStyles\" src=\"https:\/\/loudavymkrokem.cz\/wp-content\/uploads\/2026\/08\/pisek-velke-namesti-vez-kostela.jpg\" alt=\"Pia\u021ba Velk\u00e9 n\u00e1m\u011bst\u00ed din P\u00edsek cu turnul bisericii Na\u0219terea Fecioarei Maria\" class=\"wp-image-399352\" title=\"\" srcset=\"https:\/\/loudavymkrokem.cz\/wp-content\/uploads\/2026\/08\/pisek-velke-namesti-vez-kostela.jpg 2200w, https:\/\/loudavymkrokem.cz\/wp-content\/uploads\/2026\/08\/pisek-velke-namesti-vez-kostela-300x200.jpg 300w, https:\/\/loudavymkrokem.cz\/wp-content\/uploads\/2026\/08\/pisek-velke-namesti-vez-kostela-700x467.jpg 700w, https:\/\/loudavymkrokem.cz\/wp-content\/uploads\/2026\/08\/pisek-velke-namesti-vez-kostela-768x512.jpg 768w, https:\/\/loudavymkrokem.cz\/wp-content\/uploads\/2026\/08\/pisek-velke-namesti-vez-kostela-1536x1024.jpg 1536w, https:\/\/loudavymkrokem.cz\/wp-content\/uploads\/2026\/08\/pisek-velke-namesti-vez-kostela-2048x1366.jpg 2048w, https:\/\/loudavymkrokem.cz\/wp-content\/uploads\/2026\/08\/pisek-velke-namesti-vez-kostela-696x464.jpg 696w, https:\/\/loudavymkrokem.cz\/wp-content\/uploads\/2026\/08\/pisek-velke-namesti-vez-kostela-1392x928.jpg 1392w, https:\/\/loudavymkrokem.cz\/wp-content\/uploads\/2026\/08\/pisek-velke-namesti-vez-kostela-1920x1280.jpg 1920w\" sizes=\"(max-width: 2200px) 100vw, 2200px\" \/><button\n\t\t\tclass=\"lightbox-trigger\"\n\t\t\ttype=\"button\"\n\t\t\taria-haspopup=\"dialog\"\n\t\t\tdata-wp-bind--aria-label=\"state.thisImage.triggerButtonAriaLabel\"\n\t\t\tdata-wp-init=\"callbacks.initTriggerButton\"\n\t\t\tdata-wp-on--click=\"actions.showLightbox\"\n\t\t\tdata-wp-style--right=\"state.thisImage.buttonRight\"\n\t\t\tdata-wp-style--top=\"state.thisImage.buttonTop\"\n\t\t>\n\t\t\t<svg xmlns=\"http:\/\/www.w3.org\/2000\/svg\" width=\"12\" height=\"12\" fill=\"none\" viewBox=\"0 0 12 12\">\n\t\t\t\t<path fill=\"#fff\" d=\"M2 0a2 2 0 0 0-2 2v2h1.5V2a.5.5 0 0 1 .5-.5h2V0H2Zm2 10.5H2a.5.5 0 0 1-.5-.5V8H0v2a2 2 0 0 0 2 2h2v-1.5ZM8 12v-1.5h2a.5.5 0 0 0 .5-.5V8H12v2a2 2 0 0 1-2 2H8Zm2-12a2 2 0 0 1 2 2v2h-1.5V2a.5.5 0 0 0-.5-.5H8V0h2Z\" \/>\n\t\t\t<\/svg>\n\t\t<\/button><\/figure>\n\n\n\n<p class=\"wp-block-paragraph\">Ambele pie\u021be principale ale P\u00edsek sunt legate \u00eentre ele \u0219i formeaz\u0103 un fel de inim\u0103 a ora\u0219ului: Velk\u00e9 n\u00e1m\u011bst\u00ed este cea reprezentativ\u0103, cu prim\u0103ria \u0219i f\u00e2nt\u00e2na, iar Al\u0161ovo e mai lini\u0219tit\u0103, cu biblioteca \u0219i copaci. S\u0103 te plimbi pe ele e pl\u0103cut oric\u00e2nd, dar a\u0219 vrea s\u0103-\u021bi atrag aten\u021bia asupra unui lucru pe care \u00eel treci u\u0219or cu vederea dac\u0103 nu \u0219tii de el.<\/p>\n\n\n\n<p class=\"wp-block-paragraph\">Pe trotuarele din centrul P\u00edsek g\u0103se\u0219ti <strong>Pietrele de poticnire<\/strong>, a\u0219a-numitele <strong>Stolpersteine<\/strong>. Sunt mici <strong>pl\u0103cu\u021be de alam\u0103<\/strong> \u00eencastrate \u00een pavaj, fiecare cu numele, data na\u0219terii \u0219i soarta unei persoane care a locuit \u00een acel loc \u0219i a devenit victim\u0103 a Holocaustului. Le g\u0103se\u0219ti pe <strong>strada Heydukova, pe bulevardul \u017di\u017ekova \u0219i \u00een Velk\u00e9 n\u00e1m\u011bst\u00ed<\/strong>.<\/p>\n\n\n\n<p class=\"wp-block-paragraph\">De fiecare dat\u0103 c\u00e2nd trec pe l\u00e2ng\u0103 ele, m\u0103 opresc o clip\u0103. Te fac s\u0103 realizezi c\u0103 acestea nu sunt doar ni\u0219te nume dintr-un manual. Erau vecini, negustori, oameni care mergeau pe acelea\u0219i str\u0103zi ca noi ast\u0103zi. E o amintire t\u0103cut\u0103, demn\u0103, \u0219i cred c\u0103 n-ar trebui trecut\u0103 cu vederea de nimeni care viziteaz\u0103 P\u00edsek.<\/p>\n\n\n\n<h3 class=\"wp-block-heading\"><span class=\"ez-toc-section\" id=\"8_Grupul_statuar_al_ciumei_din_Piata_Alsovo\"><\/span>8. Grupul statuar al ciumei din Pia\u021ba Al\u0161ovo<span class=\"ez-toc-section-end\"><\/span><\/h3>\n\n\n\n<figure data-wp-context=\"{&quot;imageId&quot;:&quot;6a95570015f4f&quot;}\" data-wp-interactive=\"core\/image\" data-wp-key=\"6a95570015f4f\" class=\"wp-block-image size-full wp-lightbox-container\"><img decoding=\"async\" width=\"2200\" height=\"1467\" data-wp-class--hide=\"state.isContentHidden\" data-wp-class--show=\"state.isContentVisible\" data-wp-init=\"callbacks.setButtonStyles\" data-wp-on--click=\"actions.showLightbox\" data-wp-on--load=\"callbacks.setButtonStyles\" data-wp-on--pointerdown=\"actions.preloadImage\" data-wp-on--pointerenter=\"actions.preloadImageWithDelay\" data-wp-on--pointerleave=\"actions.cancelPreload\" data-wp-on-window--resize=\"callbacks.setButtonStyles\" src=\"https:\/\/loudavymkrokem.cz\/wp-content\/uploads\/2026\/08\/pisek-marianske-sousosi-alsovo-namesti.jpg\" alt=\"Grupul statuar al ciumei din Pia\u021ba Al\u0161ovo din P\u00edsek\" class=\"wp-image-399355\" title=\"\" srcset=\"https:\/\/loudavymkrokem.cz\/wp-content\/uploads\/2026\/08\/pisek-marianske-sousosi-alsovo-namesti.jpg 2200w, https:\/\/loudavymkrokem.cz\/wp-content\/uploads\/2026\/08\/pisek-marianske-sousosi-alsovo-namesti-300x200.jpg 300w, https:\/\/loudavymkrokem.cz\/wp-content\/uploads\/2026\/08\/pisek-marianske-sousosi-alsovo-namesti-700x467.jpg 700w, https:\/\/loudavymkrokem.cz\/wp-content\/uploads\/2026\/08\/pisek-marianske-sousosi-alsovo-namesti-768x512.jpg 768w, https:\/\/loudavymkrokem.cz\/wp-content\/uploads\/2026\/08\/pisek-marianske-sousosi-alsovo-namesti-1536x1024.jpg 1536w, https:\/\/loudavymkrokem.cz\/wp-content\/uploads\/2026\/08\/pisek-marianske-sousosi-alsovo-namesti-2048x1366.jpg 2048w, https:\/\/loudavymkrokem.cz\/wp-content\/uploads\/2026\/08\/pisek-marianske-sousosi-alsovo-namesti-696x464.jpg 696w, https:\/\/loudavymkrokem.cz\/wp-content\/uploads\/2026\/08\/pisek-marianske-sousosi-alsovo-namesti-1392x928.jpg 1392w, https:\/\/loudavymkrokem.cz\/wp-content\/uploads\/2026\/08\/pisek-marianske-sousosi-alsovo-namesti-1920x1280.jpg 1920w\" sizes=\"(max-width: 2200px) 100vw, 2200px\" \/><button\n\t\t\tclass=\"lightbox-trigger\"\n\t\t\ttype=\"button\"\n\t\t\taria-haspopup=\"dialog\"\n\t\t\tdata-wp-bind--aria-label=\"state.thisImage.triggerButtonAriaLabel\"\n\t\t\tdata-wp-init=\"callbacks.initTriggerButton\"\n\t\t\tdata-wp-on--click=\"actions.showLightbox\"\n\t\t\tdata-wp-style--right=\"state.thisImage.buttonRight\"\n\t\t\tdata-wp-style--top=\"state.thisImage.buttonTop\"\n\t\t>\n\t\t\t<svg xmlns=\"http:\/\/www.w3.org\/2000\/svg\" width=\"12\" height=\"12\" fill=\"none\" viewBox=\"0 0 12 12\">\n\t\t\t\t<path fill=\"#fff\" d=\"M2 0a2 2 0 0 0-2 2v2h1.5V2a.5.5 0 0 1 .5-.5h2V0H2Zm2 10.5H2a.5.5 0 0 1-.5-.5V8H0v2a2 2 0 0 0 2 2h2v-1.5ZM8 12v-1.5h2a.5.5 0 0 0 .5-.5V8H12v2a2 2 0 0 1-2 2H8Zm2-12a2 2 0 0 1 2 2v2h-1.5V2a.5.5 0 0 0-.5-.5H8V0h2Z\" \/>\n\t\t\t<\/svg>\n\t\t<\/button><\/figure>\n\n\n\n<p class=\"wp-block-paragraph\">\u00cen Pia\u021ba Al\u0161ovo se afl\u0103 un <strong>st\u00e2lp baroc al ciumei din anii 1713\u20131714<\/strong>, ridicat de ora\u0219 ca mul\u021bumire pentru \u00eendep\u0103rtarea epidemiei de cium\u0103. \u00cen v\u00e2rf se afl\u0103 <strong>Fecioara Maria<\/strong>, iar sub ea <strong>10 sfin\u021bi<\/strong>: patroni \u00eempotriva ciumei, protectori ai ora\u0219ului. Autorul este sculptorul <strong>Christian Widemann<\/strong>, iar \u00eentreaga compozi\u021bie este surprinz\u0103tor de dinamic\u0103 \u0219i detaliat\u0103 pentru c\u00e2t de mic\u0103 e, de fapt, pia\u021ba.<\/p>\n\n\n\n<p class=\"wp-block-paragraph\">Dac\u0103 \u00ee\u021bi place barocul, acesta e unul dintre cei mai frumo\u0219i st\u00e2lpi ai ciumei din sudul Cehiei. \u0218i chiar dac\u0103 barocul nu prea te d\u0103 pe spate, m\u0103car opre\u0219te-te l\u00e2ng\u0103 el \u2014 contrastul dintre grupul statuar vechi \u0219i cafenelele din jur are farmecul lui.<\/p>\n\n\n\n<h3 class=\"wp-block-heading\"><span class=\"ez-toc-section\" id=\"9_Cazarma\"><\/span>9. Cazarma<span class=\"ez-toc-section-end\"><\/span><\/h3>\n\n\n\n<p class=\"wp-block-paragraph\">Fosta <strong>cazarm\u0103 \u017di\u017ekova<\/strong> de pe bulevardul \u017di\u017ekova este <strong>protejat\u0103 ca monument<\/strong> \u0219i se transform\u0103 treptat. N-o s\u0103 te mint \u2014 nu e un loc unde ai merge special pentru dou\u0103 ore, dar dac\u0103 treci pe bulevardul \u017di\u017ekova, observ\u0103 cl\u0103dirile acelea masive \u0219i imagineaz\u0103-\u021bi c\u00e2\u021bi solda\u021bi au trecut pe aici de-a lungul secolelor. P\u00edsek a avut dintotdeauna o tradi\u021bie militar\u0103 puternic\u0103, iar aceast\u0103 cazarm\u0103 e amintirea ei material\u0103.<\/p>\n\n\n\n<h3 class=\"wp-block-heading\"><span class=\"ez-toc-section\" id=\"10_Primaria_orasului\"><\/span>10. Prim\u0103ria ora\u0219ului<span class=\"ez-toc-section-end\"><\/span><\/h3>\n\n\n\n<figure data-wp-context=\"{&quot;imageId&quot;:&quot;6a95570016988&quot;}\" data-wp-interactive=\"core\/image\" data-wp-key=\"6a95570016988\" class=\"wp-block-image size-full wp-lightbox-container\"><img decoding=\"async\" width=\"2200\" height=\"1467\" data-wp-class--hide=\"state.isContentHidden\" data-wp-class--show=\"state.isContentVisible\" data-wp-init=\"callbacks.setButtonStyles\" data-wp-on--click=\"actions.showLightbox\" data-wp-on--load=\"callbacks.setButtonStyles\" data-wp-on--pointerdown=\"actions.preloadImage\" data-wp-on--pointerenter=\"actions.preloadImageWithDelay\" data-wp-on--pointerleave=\"actions.cancelPreload\" data-wp-on-window--resize=\"callbacks.setButtonStyles\" src=\"https:\/\/loudavymkrokem.cz\/wp-content\/uploads\/2026\/08\/pisek-radnice-veze.jpg\" alt=\"Prim\u0103ria baroc\u0103 cu dou\u0103 turnuri din Velk\u00e9 n\u00e1m\u011bst\u00ed, P\u00edsek\" class=\"wp-image-399357\" title=\"\" srcset=\"https:\/\/loudavymkrokem.cz\/wp-content\/uploads\/2026\/08\/pisek-radnice-veze.jpg 2200w, https:\/\/loudavymkrokem.cz\/wp-content\/uploads\/2026\/08\/pisek-radnice-veze-300x200.jpg 300w, https:\/\/loudavymkrokem.cz\/wp-content\/uploads\/2026\/08\/pisek-radnice-veze-700x467.jpg 700w, https:\/\/loudavymkrokem.cz\/wp-content\/uploads\/2026\/08\/pisek-radnice-veze-768x512.jpg 768w, https:\/\/loudavymkrokem.cz\/wp-content\/uploads\/2026\/08\/pisek-radnice-veze-1536x1024.jpg 1536w, https:\/\/loudavymkrokem.cz\/wp-content\/uploads\/2026\/08\/pisek-radnice-veze-2048x1366.jpg 2048w, https:\/\/loudavymkrokem.cz\/wp-content\/uploads\/2026\/08\/pisek-radnice-veze-696x464.jpg 696w, https:\/\/loudavymkrokem.cz\/wp-content\/uploads\/2026\/08\/pisek-radnice-veze-1392x928.jpg 1392w, https:\/\/loudavymkrokem.cz\/wp-content\/uploads\/2026\/08\/pisek-radnice-veze-1920x1280.jpg 1920w\" sizes=\"(max-width: 2200px) 100vw, 2200px\" \/><button\n\t\t\tclass=\"lightbox-trigger\"\n\t\t\ttype=\"button\"\n\t\t\taria-haspopup=\"dialog\"\n\t\t\tdata-wp-bind--aria-label=\"state.thisImage.triggerButtonAriaLabel\"\n\t\t\tdata-wp-init=\"callbacks.initTriggerButton\"\n\t\t\tdata-wp-on--click=\"actions.showLightbox\"\n\t\t\tdata-wp-style--right=\"state.thisImage.buttonRight\"\n\t\t\tdata-wp-style--top=\"state.thisImage.buttonTop\"\n\t\t>\n\t\t\t<svg xmlns=\"http:\/\/www.w3.org\/2000\/svg\" width=\"12\" height=\"12\" fill=\"none\" viewBox=\"0 0 12 12\">\n\t\t\t\t<path fill=\"#fff\" d=\"M2 0a2 2 0 0 0-2 2v2h1.5V2a.5.5 0 0 1 .5-.5h2V0H2Zm2 10.5H2a.5.5 0 0 1-.5-.5V8H0v2a2 2 0 0 0 2 2h2v-1.5ZM8 12v-1.5h2a.5.5 0 0 0 .5-.5V8H12v2a2 2 0 0 1-2 2H8Zm2-12a2 2 0 0 1 2 2v2h-1.5V2a.5.5 0 0 0-.5-.5H8V0h2Z\" \/>\n\t\t\t<\/svg>\n\t\t<\/button><\/figure>\n\n\n\n<p class=\"wp-block-paragraph\"><strong>Prim\u0103ria baroc\u0103<\/strong> din Velk\u00e9 n\u00e1m\u011bst\u00ed a fost construit\u0103 \u00eentre anii <strong>1740\u20131767<\/strong>, iar <strong>turnul ei cu cupol\u0103 bulbucat\u0103<\/strong> face parte din cele mai fotogenice siluete ale ora\u0219ului. Din turn se deschide uneori <strong>o priveli\u0219te<\/strong>, de unde ai o vedere frumoas\u0103 asupra pie\u021bei, a acoperi\u0219urilor ora\u0219ului \u0219i, \u00eentr-o zi senin\u0103, chiar \u0219i asupra dealurilor Mun\u021bilor \u0160umava din dep\u0103rtare.<\/p>\n\n\n\n<p class=\"wp-block-paragraph\">Prim\u0103ria \u00een sine este \u00eenc\u0103 func\u021bional\u0103, aici se afl\u0103 administra\u021bia ora\u0219ului, a\u0219a c\u0103 nu prea intri \u00een\u0103untru, dar exteriorul e superb. Nuan\u021ba aceea cald\u0103 de galben a fa\u021badei, frontoanele baroce, ceasul din turn&#8230; De fiecare dat\u0103 c\u00e2nd trec prin pia\u021b\u0103, m\u0103 uit automat la ea.<\/p>\n\n\n\n<h3 class=\"wp-block-heading\"><span class=\"ez-toc-section\" id=\"11_Biserica_Inaltarea_Sfintei_Cruci\"><\/span>11. Biserica \u00cen\u0103l\u021barea Sfintei Cruci<span class=\"ez-toc-section-end\"><\/span><\/h3>\n\n\n\n<figure data-wp-context=\"{&quot;imageId&quot;:&quot;6a9557001706b&quot;}\" data-wp-interactive=\"core\/image\" data-wp-key=\"6a9557001706b\" class=\"wp-block-image size-full wp-lightbox-container\"><img decoding=\"async\" width=\"2200\" height=\"1467\" data-wp-class--hide=\"state.isContentHidden\" data-wp-class--show=\"state.isContentVisible\" data-wp-init=\"callbacks.setButtonStyles\" data-wp-on--click=\"actions.showLightbox\" data-wp-on--load=\"callbacks.setButtonStyles\" data-wp-on--pointerdown=\"actions.preloadImage\" data-wp-on--pointerenter=\"actions.preloadImageWithDelay\" data-wp-on--pointerleave=\"actions.cancelPreload\" data-wp-on-window--resize=\"callbacks.setButtonStyles\" src=\"https:\/\/loudavymkrokem.cz\/wp-content\/uploads\/2026\/08\/pisek-kostel-povyseni-sv-krize.jpg\" alt=\"Biserica \u00cen\u0103l\u021barea Sfintei Cruci din P\u00edsek cu fa\u021bada \u00een sgrafitto\" class=\"wp-image-399359\" title=\"\" srcset=\"https:\/\/loudavymkrokem.cz\/wp-content\/uploads\/2026\/08\/pisek-kostel-povyseni-sv-krize.jpg 2200w, https:\/\/loudavymkrokem.cz\/wp-content\/uploads\/2026\/08\/pisek-kostel-povyseni-sv-krize-300x200.jpg 300w, https:\/\/loudavymkrokem.cz\/wp-content\/uploads\/2026\/08\/pisek-kostel-povyseni-sv-krize-700x467.jpg 700w, https:\/\/loudavymkrokem.cz\/wp-content\/uploads\/2026\/08\/pisek-kostel-povyseni-sv-krize-768x512.jpg 768w, https:\/\/loudavymkrokem.cz\/wp-content\/uploads\/2026\/08\/pisek-kostel-povyseni-sv-krize-1536x1024.jpg 1536w, https:\/\/loudavymkrokem.cz\/wp-content\/uploads\/2026\/08\/pisek-kostel-povyseni-sv-krize-2048x1366.jpg 2048w, https:\/\/loudavymkrokem.cz\/wp-content\/uploads\/2026\/08\/pisek-kostel-povyseni-sv-krize-696x464.jpg 696w, https:\/\/loudavymkrokem.cz\/wp-content\/uploads\/2026\/08\/pisek-kostel-povyseni-sv-krize-1392x928.jpg 1392w, https:\/\/loudavymkrokem.cz\/wp-content\/uploads\/2026\/08\/pisek-kostel-povyseni-sv-krize-1920x1280.jpg 1920w\" sizes=\"(max-width: 2200px) 100vw, 2200px\" \/><button\n\t\t\tclass=\"lightbox-trigger\"\n\t\t\ttype=\"button\"\n\t\t\taria-haspopup=\"dialog\"\n\t\t\tdata-wp-bind--aria-label=\"state.thisImage.triggerButtonAriaLabel\"\n\t\t\tdata-wp-init=\"callbacks.initTriggerButton\"\n\t\t\tdata-wp-on--click=\"actions.showLightbox\"\n\t\t\tdata-wp-style--right=\"state.thisImage.buttonRight\"\n\t\t\tdata-wp-style--top=\"state.thisImage.buttonTop\"\n\t\t>\n\t\t\t<svg xmlns=\"http:\/\/www.w3.org\/2000\/svg\" width=\"12\" height=\"12\" fill=\"none\" viewBox=\"0 0 12 12\">\n\t\t\t\t<path fill=\"#fff\" d=\"M2 0a2 2 0 0 0-2 2v2h1.5V2a.5.5 0 0 1 .5-.5h2V0H2Zm2 10.5H2a.5.5 0 0 1-.5-.5V8H0v2a2 2 0 0 0 2 2h2v-1.5ZM8 12v-1.5h2a.5.5 0 0 0 .5-.5V8H12v2a2 2 0 0 1-2 2H8Zm2-12a2 2 0 0 1 2 2v2h-1.5V2a.5.5 0 0 0-.5-.5H8V0h2Z\" \/>\n\t\t\t<\/svg>\n\t\t<\/button><\/figure>\n\n\n\n<p class=\"wp-block-paragraph\">\u00cenc\u0103 o biseric\u0103 fondat\u0103 \u00een P\u00edsek de <strong>P\u0159emysl Otakar al II-lea<\/strong> \u00een <strong>secolul al XIII-lea<\/strong> \u2014 regele acesta avea, evident, o adev\u0103rat\u0103 febr\u0103 a construc\u021biilor. Biserica m\u0103 fascineaz\u0103 din dou\u0103 motive. \u00cen primul r\u00e2nd, are un frumos <strong>sgrafitto renascentist<\/strong> pe fa\u021bad\u0103, neobi\u0219nuit de bogat \u0219i de elaborat pentru o biseric\u0103 din sudul Cehiei. \u00cen al doilea r\u00e2nd, \u0219i asta apreciaz\u0103 mai ales cei interesa\u021bi de arhitectura sacr\u0103 \u2014 are o <strong>orientare inversat\u0103<\/strong>, altarul e \u00eendreptat spre vest. A luat na\u0219tere dintr-o biseric\u0103 m\u0103n\u0103stireasc\u0103 dominican\u0103 \u0219i a c\u0103p\u0103tat forma actual\u0103 la reconstruc\u021bia din secolul al XVII-lea; \u00eei z\u0103p\u0103ce\u0219te sigur pe iubitorii de arhitectur\u0103 sacr\u0103.<\/p>\n\n\n\n<p class=\"wp-block-paragraph\">Din exterior arat\u0103 pu\u021bin discret\u0103, a\u0219a c\u0103 mul\u021bi oameni trec pe l\u00e2ng\u0103 ea. Nu face aceea\u0219i gre\u0219eal\u0103.<\/p>\n\n\n\n<h3 class=\"wp-block-heading\"><span class=\"ez-toc-section\" id=\"12_Macelariile_Masne_kramy\"><\/span>12. M\u0103cel\u0103riile (Masn\u00e9 kr\u00e1my)<span class=\"ez-toc-section-end\"><\/span><\/h3>\n\n\n\n<p class=\"wp-block-paragraph\">M\u0103cel\u0103riile func\u021bioneaz\u0103 \u00een P\u00edsek <strong>\u00eenc\u0103 din Evul Mediu<\/strong>. Este o <strong>str\u0103du\u021b\u0103 acoperit\u0103<\/strong> pe latura sudic\u0103 a pie\u021bei Velk\u00e9 n\u00e1m\u011bst\u00ed, iar pe ambele p\u0103r\u021bi sunt <strong>mici pr\u0103v\u0103lii<\/strong> (ast\u0103zi sunt peste 20), unde se vinde de toate, de la ceramic\u0103 \u0219i bijuterii p\u00e2n\u0103 la produse locale.<\/p>\n\n\n\n<p class=\"wp-block-paragraph\">Copiilor mici, str\u0103du\u021ba poate s\u0103 le par\u0103 pu\u021bin \u00eentunecat\u0103 \u0219i misterioas\u0103, dar tocmai \u00een asta st\u0103 farmecul ei. Aceast\u0103 alee \u00eengust\u0103 are o atmosfer\u0103 pe care mall-urile din toat\u0103 lumea o copiaz\u0103 artificial, iar aici ai originalul, cu r\u0103d\u0103cini medievale. \u00cen plus, e o scurt\u0103tur\u0103 excelent\u0103 din pia\u021b\u0103 spre strada Ningrova.<\/p>\n\n\n\n<h3 class=\"wp-block-heading\"><span class=\"ez-toc-section\" id=\"13_Biblioteca_orasului_si_cafeneaua_Upekla\"><\/span>13. Biblioteca ora\u0219ului \u0219i cafeneaua Upekla<span class=\"ez-toc-section-end\"><\/span><\/h3>\n\n\n\n<figure data-wp-context=\"{&quot;imageId&quot;:&quot;6a9557001776b&quot;}\" data-wp-interactive=\"core\/image\" data-wp-key=\"6a9557001776b\" class=\"wp-block-image size-full wp-lightbox-container\"><img decoding=\"async\" width=\"2200\" height=\"1650\" data-wp-class--hide=\"state.isContentHidden\" data-wp-class--show=\"state.isContentVisible\" data-wp-init=\"callbacks.setButtonStyles\" data-wp-on--click=\"actions.showLightbox\" data-wp-on--load=\"callbacks.setButtonStyles\" data-wp-on--pointerdown=\"actions.preloadImage\" data-wp-on--pointerenter=\"actions.preloadImageWithDelay\" data-wp-on--pointerleave=\"actions.cancelPreload\" data-wp-on-window--resize=\"callbacks.setButtonStyles\" src=\"https:\/\/loudavymkrokem.cz\/wp-content\/uploads\/2026\/08\/pisek-knihovna-vnitroblok-piskoviste-upekla.jpg\" alt=\"Curtea interioar\u0103 a Bibliotecii ora\u0219ului P\u00edsek cu groapa de nisip de l\u00e2ng\u0103 cafeneaua Upekla\" class=\"wp-image-399544\" title=\"\" srcset=\"https:\/\/loudavymkrokem.cz\/wp-content\/uploads\/2026\/08\/pisek-knihovna-vnitroblok-piskoviste-upekla.jpg 2200w, https:\/\/loudavymkrokem.cz\/wp-content\/uploads\/2026\/08\/pisek-knihovna-vnitroblok-piskoviste-upekla-300x225.jpg 300w, https:\/\/loudavymkrokem.cz\/wp-content\/uploads\/2026\/08\/pisek-knihovna-vnitroblok-piskoviste-upekla-700x525.jpg 700w, https:\/\/loudavymkrokem.cz\/wp-content\/uploads\/2026\/08\/pisek-knihovna-vnitroblok-piskoviste-upekla-768x576.jpg 768w, https:\/\/loudavymkrokem.cz\/wp-content\/uploads\/2026\/08\/pisek-knihovna-vnitroblok-piskoviste-upekla-1536x1152.jpg 1536w, https:\/\/loudavymkrokem.cz\/wp-content\/uploads\/2026\/08\/pisek-knihovna-vnitroblok-piskoviste-upekla-2048x1536.jpg 2048w, https:\/\/loudavymkrokem.cz\/wp-content\/uploads\/2026\/08\/pisek-knihovna-vnitroblok-piskoviste-upekla-80x60.jpg 80w, https:\/\/loudavymkrokem.cz\/wp-content\/uploads\/2026\/08\/pisek-knihovna-vnitroblok-piskoviste-upekla-160x120.jpg 160w, https:\/\/loudavymkrokem.cz\/wp-content\/uploads\/2026\/08\/pisek-knihovna-vnitroblok-piskoviste-upekla-696x522.jpg 696w, https:\/\/loudavymkrokem.cz\/wp-content\/uploads\/2026\/08\/pisek-knihovna-vnitroblok-piskoviste-upekla-1392x1044.jpg 1392w, https:\/\/loudavymkrokem.cz\/wp-content\/uploads\/2026\/08\/pisek-knihovna-vnitroblok-piskoviste-upekla-1920x1440.jpg 1920w\" sizes=\"(max-width: 2200px) 100vw, 2200px\" \/><button\n\t\t\tclass=\"lightbox-trigger\"\n\t\t\ttype=\"button\"\n\t\t\taria-haspopup=\"dialog\"\n\t\t\tdata-wp-bind--aria-label=\"state.thisImage.triggerButtonAriaLabel\"\n\t\t\tdata-wp-init=\"callbacks.initTriggerButton\"\n\t\t\tdata-wp-on--click=\"actions.showLightbox\"\n\t\t\tdata-wp-style--right=\"state.thisImage.buttonRight\"\n\t\t\tdata-wp-style--top=\"state.thisImage.buttonTop\"\n\t\t>\n\t\t\t<svg xmlns=\"http:\/\/www.w3.org\/2000\/svg\" width=\"12\" height=\"12\" fill=\"none\" viewBox=\"0 0 12 12\">\n\t\t\t\t<path fill=\"#fff\" d=\"M2 0a2 2 0 0 0-2 2v2h1.5V2a.5.5 0 0 1 .5-.5h2V0H2Zm2 10.5H2a.5.5 0 0 1-.5-.5V8H0v2a2 2 0 0 0 2 2h2v-1.5ZM8 12v-1.5h2a.5.5 0 0 0 .5-.5V8H12v2a2 2 0 0 1-2 2H8Zm2-12a2 2 0 0 1 2 2v2h-1.5V2a.5.5 0 0 0-.5-.5H8V0h2Z\" \/>\n\t\t\t<\/svg>\n\t\t<\/button><\/figure>\n\n\n\n<figure data-wp-context=\"{&quot;imageId&quot;:&quot;6a95570017bb2&quot;}\" data-wp-interactive=\"core\/image\" data-wp-key=\"6a95570017bb2\" class=\"wp-block-image size-full wp-lightbox-container\"><img decoding=\"async\" width=\"2200\" height=\"1467\" data-wp-class--hide=\"state.isContentHidden\" data-wp-class--show=\"state.isContentVisible\" data-wp-init=\"callbacks.setButtonStyles\" data-wp-on--click=\"actions.showLightbox\" data-wp-on--load=\"callbacks.setButtonStyles\" data-wp-on--pointerdown=\"actions.preloadImage\" data-wp-on--pointerenter=\"actions.preloadImageWithDelay\" data-wp-on--pointerleave=\"actions.cancelPreload\" data-wp-on-window--resize=\"callbacks.setButtonStyles\" src=\"https:\/\/loudavymkrokem.cz\/wp-content\/uploads\/2026\/08\/pisek-mestska-knihovna.jpg\" alt=\"Cl\u0103direa Bibliotecii ora\u0219ului P\u00edsek din Pia\u021ba Al\u0161ovo\" class=\"wp-image-399360\" title=\"\" srcset=\"https:\/\/loudavymkrokem.cz\/wp-content\/uploads\/2026\/08\/pisek-mestska-knihovna.jpg 2200w, https:\/\/loudavymkrokem.cz\/wp-content\/uploads\/2026\/08\/pisek-mestska-knihovna-300x200.jpg 300w, https:\/\/loudavymkrokem.cz\/wp-content\/uploads\/2026\/08\/pisek-mestska-knihovna-700x467.jpg 700w, https:\/\/loudavymkrokem.cz\/wp-content\/uploads\/2026\/08\/pisek-mestska-knihovna-768x512.jpg 768w, https:\/\/loudavymkrokem.cz\/wp-content\/uploads\/2026\/08\/pisek-mestska-knihovna-1536x1024.jpg 1536w, https:\/\/loudavymkrokem.cz\/wp-content\/uploads\/2026\/08\/pisek-mestska-knihovna-2048x1366.jpg 2048w, https:\/\/loudavymkrokem.cz\/wp-content\/uploads\/2026\/08\/pisek-mestska-knihovna-696x464.jpg 696w, https:\/\/loudavymkrokem.cz\/wp-content\/uploads\/2026\/08\/pisek-mestska-knihovna-1392x928.jpg 1392w, https:\/\/loudavymkrokem.cz\/wp-content\/uploads\/2026\/08\/pisek-mestska-knihovna-1920x1280.jpg 1920w\" sizes=\"(max-width: 2200px) 100vw, 2200px\" \/><button\n\t\t\tclass=\"lightbox-trigger\"\n\t\t\ttype=\"button\"\n\t\t\taria-haspopup=\"dialog\"\n\t\t\tdata-wp-bind--aria-label=\"state.thisImage.triggerButtonAriaLabel\"\n\t\t\tdata-wp-init=\"callbacks.initTriggerButton\"\n\t\t\tdata-wp-on--click=\"actions.showLightbox\"\n\t\t\tdata-wp-style--right=\"state.thisImage.buttonRight\"\n\t\t\tdata-wp-style--top=\"state.thisImage.buttonTop\"\n\t\t>\n\t\t\t<svg xmlns=\"http:\/\/www.w3.org\/2000\/svg\" width=\"12\" height=\"12\" fill=\"none\" viewBox=\"0 0 12 12\">\n\t\t\t\t<path fill=\"#fff\" d=\"M2 0a2 2 0 0 0-2 2v2h1.5V2a.5.5 0 0 1 .5-.5h2V0H2Zm2 10.5H2a.5.5 0 0 1-.5-.5V8H0v2a2 2 0 0 0 2 2h2v-1.5ZM8 12v-1.5h2a.5.5 0 0 0 .5-.5V8H12v2a2 2 0 0 1-2 2H8Zm2-12a2 2 0 0 1 2 2v2h-1.5V2a.5.5 0 0 0-.5-.5H8V0h2Z\" \/>\n\t\t\t<\/svg>\n\t\t<\/button><\/figure>\n\n\n\n<p class=\"wp-block-paragraph\"><strong>Cl\u0103direa \u00een stil Empire<\/strong> din Pia\u021ba Al\u0161ovo, \u00een care se afl\u0103 biblioteca ora\u0219ului, este ea \u00eens\u0103\u0219i o bijuterie arhitectural\u0103. C\u00e2ndva a fost \u0219coala J. A. Comenius. La renovare, conservatorii au descoperit \u0219i au salvat chiar picturi valoroase din secolul al XIX-lea. Ast\u0103zi este un spa\u021biu public reu\u0219it arhitectural, luminos \u0219i modern, cu o gr\u0103din\u0103 comunitar\u0103 de relaxare.<\/p>\n\n\n\n<p class=\"wp-block-paragraph\">Dar mai ales, la parterul bibliotecii func\u021bioneaz\u0103 <strong>cafeneaua Upekla<\/strong>, cu produse de patiserie de cas\u0103, pr\u0103jituri \u0219i torturi (au \u0219i deserturi f\u0103r\u0103 gluten) \u0219i cu o teras\u0103 l\u00e2ng\u0103 f\u00e2nt\u00e2n\u0103. De Upekla \u021bine \u0219i curtea din spatele cl\u0103dirii, cu <strong>o groap\u0103 de nisip \u0219i un spa\u021biu destul de mare<\/strong>, unde copiii se zbenguie \u00een timp ce tu \u00ee\u021bi termini cafeaua. Combina\u021bia aceasta \u2014 o cafenea \u00een cl\u0103direa istoric\u0103 a bibliotecii din pia\u021b\u0103 \u2014 e pur \u0219i simplu grozav\u0103. Loc ideal pentru o pauz\u0103 \u00eentre vizitele prin ora\u0219.<\/p>\n\n\n\n<h3 class=\"wp-block-heading\"><span class=\"ez-toc-section\" id=\"14_Cladirea_sectiei_de_politie_fosta_biblioteca\"><\/span>14. Cl\u0103direa sec\u021biei de poli\u021bie (fosta bibliotec\u0103)<span class=\"ez-toc-section-end\"><\/span><\/h3>\n\n\n\n<p class=\"wp-block-paragraph\">Cl\u0103dirile din centrul istoric al P\u00edsek tr\u0103iesc o via\u021b\u0103 proprie \u0219i \u00ee\u0219i schimb\u0103 destina\u021bia, iar aceast\u0103 <strong>cas\u0103 uria\u0219\u0103 din Pia\u021ba Al\u0161ovo nr. 85<\/strong> este un exemplu str\u0103lucit. C\u00e2ndva veneai aici pentru lini\u0219te \u0219i pentru \u00eemprumutat c\u0103r\u021bi, pentru c\u0103 aici a func\u021bionat vreme de decenii populara Bibliotec\u0103 a ora\u0219ului (fost\u0103 bibliotec\u0103 jude\u021bean\u0103). Dup\u0103 ce biblioteca s-a mutat \u00een spa\u021biile noi \u0219i mai moderne ale \u0219colii J. A. Comenius renovate, cl\u0103direa nu a r\u0103mas goal\u0103. \u00cen prezent, este adaptat\u0103 treptat pentru a deveni noul sediu central \u0219i o sec\u021bie modern\u0103 a Poli\u021biei Locale P\u00edsek.<\/p>\n\n\n\n<h3 class=\"wp-block-heading\"><span class=\"ez-toc-section\" id=\"15_Statuia_Sfantului_Florian\"><\/span>15. Statuia Sf\u00e2ntului Florian<span class=\"ez-toc-section-end\"><\/span><\/h3>\n\n\n\n<p class=\"wp-block-paragraph\">\u00cen <strong>Pia\u021ba Havl\u00ed\u010dkova<\/strong>, c\u0103reia to\u021bi localnicii \u00eei spun pur \u0219i simplu <strong>\u201ela Florian&#8221;<\/strong>, se afl\u0103 statuia <strong>Sf\u00e2ntului Florian<\/strong>, patronul pompierilor. Pia\u021beta aceea e mai mic\u0103, mai lini\u0219tit\u0103 \u0219i pu\u021bin retras\u0103. \u00cen plus, aici g\u0103se\u0219ti magazine second-hand excelente.<\/p>\n\n\n\n<h3 class=\"wp-block-heading\"><span class=\"ez-toc-section\" id=\"16_Parcul_Palackeho_sady\"><\/span>16. Parcul Palack\u00e9ho sady<span class=\"ez-toc-section-end\"><\/span><\/h3>\n\n\n\n<figure data-wp-context=\"{&quot;imageId&quot;:&quot;6a955700183b0&quot;}\" data-wp-interactive=\"core\/image\" data-wp-key=\"6a955700183b0\" class=\"wp-block-image size-full wp-lightbox-container\"><img decoding=\"async\" width=\"1200\" height=\"800\" data-wp-class--hide=\"state.isContentHidden\" data-wp-class--show=\"state.isContentVisible\" data-wp-init=\"callbacks.setButtonStyles\" data-wp-on--click=\"actions.showLightbox\" data-wp-on--load=\"callbacks.setButtonStyles\" data-wp-on--pointerdown=\"actions.preloadImage\" data-wp-on--pointerenter=\"actions.preloadImageWithDelay\" data-wp-on--pointerleave=\"actions.cancelPreload\" data-wp-on-window--resize=\"callbacks.setButtonStyles\" src=\"https:\/\/loudavymkrokem.cz\/wp-content\/uploads\/2026\/08\/palackeho-sady-pisek-jaro.jpg\" alt=\"Parcul Palack\u00e9ho sady din P\u00edsek prim\u0103vara, cu monumentul lui Franti\u0161ek Palack\u00fd\" class=\"wp-image-399648\" title=\"\" srcset=\"https:\/\/loudavymkrokem.cz\/wp-content\/uploads\/2026\/08\/palackeho-sady-pisek-jaro.jpg 1200w, https:\/\/loudavymkrokem.cz\/wp-content\/uploads\/2026\/08\/palackeho-sady-pisek-jaro-300x200.jpg 300w, https:\/\/loudavymkrokem.cz\/wp-content\/uploads\/2026\/08\/palackeho-sady-pisek-jaro-700x467.jpg 700w, https:\/\/loudavymkrokem.cz\/wp-content\/uploads\/2026\/08\/palackeho-sady-pisek-jaro-768x512.jpg 768w, https:\/\/loudavymkrokem.cz\/wp-content\/uploads\/2026\/08\/palackeho-sady-pisek-jaro-696x464.jpg 696w\" sizes=\"(max-width: 1200px) 100vw, 1200px\" \/><button\n\t\t\tclass=\"lightbox-trigger\"\n\t\t\ttype=\"button\"\n\t\t\taria-haspopup=\"dialog\"\n\t\t\tdata-wp-bind--aria-label=\"state.thisImage.triggerButtonAriaLabel\"\n\t\t\tdata-wp-init=\"callbacks.initTriggerButton\"\n\t\t\tdata-wp-on--click=\"actions.showLightbox\"\n\t\t\tdata-wp-style--right=\"state.thisImage.buttonRight\"\n\t\t\tdata-wp-style--top=\"state.thisImage.buttonTop\"\n\t\t>\n\t\t\t<svg xmlns=\"http:\/\/www.w3.org\/2000\/svg\" width=\"12\" height=\"12\" fill=\"none\" viewBox=\"0 0 12 12\">\n\t\t\t\t<path fill=\"#fff\" d=\"M2 0a2 2 0 0 0-2 2v2h1.5V2a.5.5 0 0 1 .5-.5h2V0H2Zm2 10.5H2a.5.5 0 0 1-.5-.5V8H0v2a2 2 0 0 0 2 2h2v-1.5ZM8 12v-1.5h2a.5.5 0 0 0 .5-.5V8H12v2a2 2 0 0 1-2 2H8Zm2-12a2 2 0 0 1 2 2v2h-1.5V2a.5.5 0 0 0-.5-.5H8V0h2Z\" \/>\n\t\t\t<\/svg>\n\t\t<\/button><\/figure>\n\n\n\n<p class=\"wp-block-paragraph\">Parcul Palack\u00e9ho sady a ap\u0103rut pe locul <strong>fostelor \u0219an\u021buri ale fortifica\u021biilor<\/strong> \u0219i ast\u0103zi e unul dintre cele mai pl\u0103cute locuri din tot P\u00edsek. Copaci umbro\u0219i, alei \u00eengrijite, b\u0103nci cu vedere \u0219i, mai ales \u2014 aici se afl\u0103 dou\u0103 cafenele fantastice.<\/p>\n\n\n\n<p class=\"wp-block-paragraph\"><strong>Localul Do Nebe<\/strong> (\u201eP\u00e2n\u0103 la cer&#8221;) e exact at\u00e2t de frumos pe c\u00e2t sugereaz\u0103 numele, chiar dac\u0103 din cafenea a devenit cu timpul un steakhouse. R\u0103m\u00e2ne \u00eens\u0103 complet f\u0103r\u0103 gluten, ceea ce apreciaz\u0103 orice celiac. Interior cu stil, cafea excelent\u0103, vara gr\u0103din\u0103 sub copaci. Iar la c\u00e2\u021biva pa\u0219i, <strong>Park Caf\u00e9<\/strong>, care e pu\u021bin mai modern \u0219i are gofre grozave. \u0218i mai e apoi renumitul <strong>restaurant U Reiner\u016f<\/strong>, din 1844. Ca s\u0103 fiu sincer\u0103, perioada lui de glorie e probabil deja \u00een urm\u0103, dar treci pe aici m\u0103car pentru o bere Plze\u0148 la halb\u0103 (m\u00e2ncarea a\u0219 ocoli-o) \u0219i pentru o doz\u0103 bun\u0103 de istorie.<\/p>\n\n\n\n<p class=\"wp-block-paragraph\">Palack\u00e9ho sady e \u0219i locul unde vara au loc concerte \u0219i evenimente culturale, unde se alearg\u0103, se plimb\u0103 c\u00e2inii \u0219i unde, pur \u0219i simplu, P\u00edsek prinde via\u021b\u0103. Dac\u0103 mai ai \u00een program doar o jum\u0103tate de or\u0103, plimb\u0103-te pe aici. Merit\u0103.<\/p>\n\n\n\n<h3 class=\"wp-block-heading\"><span class=\"ez-toc-section\" id=\"17_Pavilionul_Schrenk\"><\/span>17. Pavilionul Schrenk<span class=\"ez-toc-section-end\"><\/span><\/h3>\n\n\n\n<p class=\"wp-block-paragraph\">La prima vedere, un foi\u0219or romantic \u00een stil clasicist, amplasat chiar \u00een parcul Palack\u00e9ho sady, din anul 1841. Poart\u0103 numele prefectului regional de atunci. Interesant este c\u0103, de\u0219i pare distins, aici se desf\u0103\u0219urau c\u00e2ndva \u0219i programe de teatru \u0219i de muzic\u0103.<\/p>\n\n\n\n<h3 class=\"wp-block-heading\"><span class=\"ez-toc-section\" id=\"18_Fantana_lui_Neptun\"><\/span>18. F\u00e2nt\u00e2na lui Neptun<span class=\"ez-toc-section-end\"><\/span><\/h3>\n\n\n\n<p class=\"wp-block-paragraph\">Statuia lui Neptun provine dintr-o <strong>f\u00e2nt\u00e2n\u0103 baroc\u0103 din anul 1771<\/strong>, care st\u0103tea ini\u021bial <strong>\u00een Velk\u00e9 n\u00e1m\u011bst\u00ed<\/strong>. F\u00e2nt\u00e2na a fost desfiin\u021bat\u0103 la \u00eenceputul secolului XX, iar Neptun a primit, dup\u0103 ani, un loc nou aici, \u00een <strong>Palack\u00e9ho sady.<\/strong> Neptun, cu tridentul lui, pozeaz\u0103 printre copaci \u0219i, uneori, m\u0103 \u00eentreb dac\u0103 \u00eei place mai mult aici dec\u00e2t \u00een pia\u021ba aglomerat\u0103. Probabil da, \u00een parc e lini\u0219te, iar apa din f\u00e2nt\u00e2n\u0103 susur\u0103 pl\u0103cut.<\/p>\n\n\n\n<h3 class=\"wp-block-heading\"><span class=\"ez-toc-section\" id=\"19_Monumentele_lui_Adolf_Heyduk_si_Frantisek_Palacky\"><\/span>19. Monumentele lui Adolf Heyduk \u0219i Franti\u0161ek Palack\u00fd<span class=\"ez-toc-section-end\"><\/span><\/h3>\n\n\n\n<p class=\"wp-block-paragraph\">\u00cen parcul Palack\u00e9ho sady g\u0103se\u0219ti monumentele a dou\u0103 personalit\u0103\u021bi importante, iar eu vreau s\u0103 m\u0103 opresc mai ales la primul. <strong>Adolf Heyduk<\/strong> a fost un poet care a tr\u0103it \u00een P\u00edsek peste <strong>60 de ani<\/strong>, s-a c\u0103s\u0103torit aici (so\u021bia lui era fiica familiei Reiner \u2014 da, cei de la restaurantul U Reiner\u016f) \u0219i a scris aici o mare parte din operele sale. A fost un patriot discret, iubea P\u00edsek \u0219i sudul Cehiei \u0219i a \u00eempletit totul \u00een poezia lui.<\/p>\n\n\n\n<p class=\"wp-block-paragraph\">Monumentul lui <strong>Franti\u0161ek Palack\u00fd<\/strong>, p\u0103rintele na\u021biunii \u0219i istoric, aminte\u0219te c\u0103 \u0219i P\u00edsek a avut rolul s\u0103u \u00een rena\u0219terea na\u021bional\u0103 ceh\u0103. Ambele monumente sunt \u00eentr-un cadru minunat de parc, oprire ideal\u0103 \u00een plimbarea ta.<\/p>\n\n\n\n<h3 class=\"wp-block-heading\"><span class=\"ez-toc-section\" id=\"20_Casa_lui_Adolf_Heyduk\"><\/span>20. Casa lui Adolf Heyduk<span class=\"ez-toc-section-end\"><\/span><\/h3>\n\n\n\n<figure data-wp-context=\"{&quot;imageId&quot;:&quot;6a95570018d19&quot;}\" data-wp-interactive=\"core\/image\" data-wp-key=\"6a95570018d19\" class=\"wp-block-image size-full wp-lightbox-container\"><img decoding=\"async\" width=\"1200\" height=\"800\" data-wp-class--hide=\"state.isContentHidden\" data-wp-class--show=\"state.isContentVisible\" data-wp-init=\"callbacks.setButtonStyles\" data-wp-on--click=\"actions.showLightbox\" data-wp-on--load=\"callbacks.setButtonStyles\" data-wp-on--pointerdown=\"actions.preloadImage\" data-wp-on--pointerenter=\"actions.preloadImageWithDelay\" data-wp-on--pointerleave=\"actions.cancelPreload\" data-wp-on-window--resize=\"callbacks.setButtonStyles\" src=\"https:\/\/loudavymkrokem.cz\/wp-content\/uploads\/2026\/08\/pamatnik-adolfa-heyduka-interier.jpg\" alt=\"Salon de epoc\u0103 \u00een Memorialul Adolf Heyduk din P\u00edsek\" class=\"wp-image-399662\" title=\"\" srcset=\"https:\/\/loudavymkrokem.cz\/wp-content\/uploads\/2026\/08\/pamatnik-adolfa-heyduka-interier.jpg 1200w, https:\/\/loudavymkrokem.cz\/wp-content\/uploads\/2026\/08\/pamatnik-adolfa-heyduka-interier-300x200.jpg 300w, https:\/\/loudavymkrokem.cz\/wp-content\/uploads\/2026\/08\/pamatnik-adolfa-heyduka-interier-700x467.jpg 700w, https:\/\/loudavymkrokem.cz\/wp-content\/uploads\/2026\/08\/pamatnik-adolfa-heyduka-interier-768x512.jpg 768w, https:\/\/loudavymkrokem.cz\/wp-content\/uploads\/2026\/08\/pamatnik-adolfa-heyduka-interier-696x464.jpg 696w\" sizes=\"(max-width: 1200px) 100vw, 1200px\" \/><button\n\t\t\tclass=\"lightbox-trigger\"\n\t\t\ttype=\"button\"\n\t\t\taria-haspopup=\"dialog\"\n\t\t\tdata-wp-bind--aria-label=\"state.thisImage.triggerButtonAriaLabel\"\n\t\t\tdata-wp-init=\"callbacks.initTriggerButton\"\n\t\t\tdata-wp-on--click=\"actions.showLightbox\"\n\t\t\tdata-wp-style--right=\"state.thisImage.buttonRight\"\n\t\t\tdata-wp-style--top=\"state.thisImage.buttonTop\"\n\t\t>\n\t\t\t<svg xmlns=\"http:\/\/www.w3.org\/2000\/svg\" width=\"12\" height=\"12\" fill=\"none\" viewBox=\"0 0 12 12\">\n\t\t\t\t<path fill=\"#fff\" d=\"M2 0a2 2 0 0 0-2 2v2h1.5V2a.5.5 0 0 1 .5-.5h2V0H2Zm2 10.5H2a.5.5 0 0 1-.5-.5V8H0v2a2 2 0 0 0 2 2h2v-1.5ZM8 12v-1.5h2a.5.5 0 0 0 .5-.5V8H12v2a2 2 0 0 1-2 2H8Zm2-12a2 2 0 0 1 2 2v2h-1.5V2a.5.5 0 0 0-.5-.5H8V0h2Z\" \/>\n\t\t\t<\/svg>\n\t\t<\/button><\/figure>\n\n\n\n<p class=\"wp-block-paragraph\">\u0218i de la monument, direct la cas\u0103. Pe <strong>strada Tyr\u0161ova<\/strong> se afl\u0103 vila \u00een care a locuit Adolf Heyduk, o alt\u0103 bijuterie arhitectural\u0103. A fost proiectat\u0103 de arhitectul <strong>Jan Koula<\/strong> \u00een anul <strong>1900<\/strong>, \u00een stilul <strong>neorena\u0219terii cehe<\/strong>, iar ce e unic la ea: are, \u00een mare parte, <strong>interiorul original p\u0103strat<\/strong>. Asta e o raritate \u00een Cehia, majoritatea caselor asem\u0103n\u0103toare au trecut prin at\u00e2tea reconstruc\u021bii \u00eenc\u00e2t din original nu a mai r\u0103mas nimic.<\/p>\n\n\n\n<p class=\"wp-block-paragraph\">Din exterior atrag aten\u021bia sgrafittele, frontoanele decorate \u0219i senza\u021bia general\u0103 c\u0103 aceast\u0103 cas\u0103 a fost construit\u0103 de cineva c\u0103ruia \u00eei p\u0103sa de fiecare detaliu. Dac\u0103 te intereseaz\u0103 arhitectura de la cump\u0103na secolelor XIX \u0219i XX, aceasta e o oprire obligatorie. Doar aten\u021bie, memorialul este \u00eenchis pe tot parcursul anului 2026 din cauza renov\u0103rii, a\u0219a c\u0103 las\u0103 vizitarea interioarelor pentru sezonul urm\u0103tor.<\/p>\n\n\n\n<h3 class=\"wp-block-heading\"><span class=\"ez-toc-section\" id=\"21_Foisorul_lui_Kronberger\"><\/span>21. Foi\u0219orul lui Kronberger<span class=\"ez-toc-section-end\"><\/span><\/h3>\n\n\n\n<p class=\"wp-block-paragraph\">Aceasta e o perl\u0103 ascuns\u0103, despre care mul\u021bi oameni nici nu \u0219tiu. O construc\u021bie micu\u021b\u0103 \u00een stil Empire, din anul 1840, \u00eencastrat\u0103 direct \u00een zidul curtinei. A fost ridicat\u0103 de capelanul Kronberger, care probabil pur \u0219i simplu voia s\u0103 aib\u0103 un loc frumos pentru citit \u0219i meditat, \u0219i cine l-ar condamna. Ast\u0103zi aici se afl\u0103 clubul filateli\u0219tilor, ceea ce e cumva poetic \u00een sine. Un foi\u0219or micu\u021b plin de m\u0103rci micu\u021be.<\/p>\n\n\n\n<h3 class=\"wp-block-heading\"><span class=\"ez-toc-section\" id=\"22_Hotel_Otava\"><\/span>22. Hotel Otava<span class=\"ez-toc-section-end\"><\/span><\/h3>\n\n\n\n<figure data-wp-context=\"{&quot;imageId&quot;:&quot;6a95570019496&quot;}\" data-wp-interactive=\"core\/image\" data-wp-key=\"6a95570019496\" class=\"wp-block-image size-full wp-lightbox-container\"><img decoding=\"async\" width=\"2200\" height=\"1467\" data-wp-class--hide=\"state.isContentHidden\" data-wp-class--show=\"state.isContentVisible\" data-wp-init=\"callbacks.setButtonStyles\" data-wp-on--click=\"actions.showLightbox\" data-wp-on--load=\"callbacks.setButtonStyles\" data-wp-on--pointerdown=\"actions.preloadImage\" data-wp-on--pointerenter=\"actions.preloadImageWithDelay\" data-wp-on--pointerleave=\"actions.cancelPreload\" data-wp-on-window--resize=\"callbacks.setButtonStyles\" src=\"https:\/\/loudavymkrokem.cz\/wp-content\/uploads\/2026\/08\/pisek-hotel-otava-alsovy-malby.jpg\" alt=\"Hotel Otava din P\u00edsek cu picturi dup\u0103 schi\u021bele lui Mikol\u00e1\u0161 Ale\u0161\" class=\"wp-image-399363\" title=\"\" srcset=\"https:\/\/loudavymkrokem.cz\/wp-content\/uploads\/2026\/08\/pisek-hotel-otava-alsovy-malby.jpg 2200w, https:\/\/loudavymkrokem.cz\/wp-content\/uploads\/2026\/08\/pisek-hotel-otava-alsovy-malby-300x200.jpg 300w, https:\/\/loudavymkrokem.cz\/wp-content\/uploads\/2026\/08\/pisek-hotel-otava-alsovy-malby-700x467.jpg 700w, https:\/\/loudavymkrokem.cz\/wp-content\/uploads\/2026\/08\/pisek-hotel-otava-alsovy-malby-768x512.jpg 768w, https:\/\/loudavymkrokem.cz\/wp-content\/uploads\/2026\/08\/pisek-hotel-otava-alsovy-malby-1536x1024.jpg 1536w, https:\/\/loudavymkrokem.cz\/wp-content\/uploads\/2026\/08\/pisek-hotel-otava-alsovy-malby-2048x1366.jpg 2048w, https:\/\/loudavymkrokem.cz\/wp-content\/uploads\/2026\/08\/pisek-hotel-otava-alsovy-malby-696x464.jpg 696w, https:\/\/loudavymkrokem.cz\/wp-content\/uploads\/2026\/08\/pisek-hotel-otava-alsovy-malby-1392x928.jpg 1392w, https:\/\/loudavymkrokem.cz\/wp-content\/uploads\/2026\/08\/pisek-hotel-otava-alsovy-malby-1920x1280.jpg 1920w\" sizes=\"(max-width: 2200px) 100vw, 2200px\" \/><button\n\t\t\tclass=\"lightbox-trigger\"\n\t\t\ttype=\"button\"\n\t\t\taria-haspopup=\"dialog\"\n\t\t\tdata-wp-bind--aria-label=\"state.thisImage.triggerButtonAriaLabel\"\n\t\t\tdata-wp-init=\"callbacks.initTriggerButton\"\n\t\t\tdata-wp-on--click=\"actions.showLightbox\"\n\t\t\tdata-wp-style--right=\"state.thisImage.buttonRight\"\n\t\t\tdata-wp-style--top=\"state.thisImage.buttonTop\"\n\t\t>\n\t\t\t<svg xmlns=\"http:\/\/www.w3.org\/2000\/svg\" width=\"12\" height=\"12\" fill=\"none\" viewBox=\"0 0 12 12\">\n\t\t\t\t<path fill=\"#fff\" d=\"M2 0a2 2 0 0 0-2 2v2h1.5V2a.5.5 0 0 1 .5-.5h2V0H2Zm2 10.5H2a.5.5 0 0 1-.5-.5V8H0v2a2 2 0 0 0 2 2h2v-1.5ZM8 12v-1.5h2a.5.5 0 0 0 .5-.5V8H12v2a2 2 0 0 1-2 2H8Zm2-12a2 2 0 0 1 2 2v2h-1.5V2a.5.5 0 0 0-.5-.5H8V0h2Z\" \/>\n\t\t\t<\/svg>\n\t\t<\/button><\/figure>\n\n\n\n<p class=\"wp-block-paragraph\">O bijuterie neorenascentist\u0103 cu elemente Art Nouveau de la sf\u00e2r\u0219itul secolului al XIX-lea, ridicat\u0103 de farmacistul Dvo\u0159\u00e1\u010dek. Dar aten\u021bie, uit\u0103-te bine la fa\u021bade! Picturile au fost realizate de Josef Bos\u00e1\u010dek dup\u0103 schi\u021bele lui Mikol\u00e1\u0161 Ale\u0161, chiar de la construc\u021bia hotelului. Amprenta lui Ale\u0161 e peste tot \u00een P\u00edsek, dar aici e deosebit de vizibil\u0103. Hotelul a trecut prin diverse peripe\u021bii, dar fa\u021bada \u00eenc\u0103 face o mare figur\u0103.<\/p>\n\n\n\n<p class=\"wp-block-paragraph\">\u0218i acum, noutatea pentru care merit\u0103 s\u0103 intri \u0219i \u00een\u0103untru. Dup\u0103 renovare, la parter s-a deschis <strong>Caf\u00e9 Otava<\/strong> (Komensk\u00e9ho 56\/1), un restaurant cu cafenea \u0219i vinotec\u0103 <strong>\u00een stilul Primei Republici<\/strong>, care se potrive\u0219te cel mai bine acestei cl\u0103diri istorice. Este deschis zilnic, \u00een zilele lucr\u0103toare \u00eenc\u0103 de la 7:30 pentru micul dejun, meniul de pr\u00e2nz se serve\u0219te \u00eentre orele 11 \u0219i 15, iar seara localul devine o vinotec\u0103 cu selec\u021bie proprie de vinuri.<\/p>\n\n\n\n<p class=\"wp-block-paragraph\">Vegetarienii nu r\u0103m\u00e2n aici fl\u0103m\u00e2nzi: \u00een meniu g\u0103se\u0219ti, de exemplu, <strong>risotto cu ciuperci \u0219i parmezan sau conopid\u0103 pane la 45 lei (199 K\u010d)<\/strong>, salat\u0103 cu br\u00e2nz\u0103 de capr\u0103 la gr\u0103tar la 52 lei (239 K\u010d) \u0219i crem\u0103 de dovleac la 13 lei (59 K\u010d), plus deserturi de cas\u0103 de la cofet\u0103reasa proprie. \ud83d\udca1 <strong>Sfat:<\/strong> A\u0219az\u0103-te la fereastr\u0103, apoi ie\u0219i afar\u0103 \u0219i uit\u0103-te \u00eenc\u0103 o dat\u0103 \u00een sus la picturile lui Ale\u0161 \u2014 cu cafeaua \u00een m\u00e2n\u0103 e o cu totul alt\u0103 experien\u021b\u0103.<\/p>\n\n\n\n<h3 class=\"wp-block-heading\"><span class=\"ez-toc-section\" id=\"23_Sinagoga_evreiasca\"><\/span>23. Sinagoga evreiasc\u0103<span class=\"ez-toc-section-end\"><\/span><\/h3>\n\n\n\n<figure data-wp-context=\"{&quot;imageId&quot;:&quot;6a95570019a50&quot;}\" data-wp-interactive=\"core\/image\" data-wp-key=\"6a95570019a50\" class=\"wp-block-image size-full wp-lightbox-container\"><img decoding=\"async\" width=\"1200\" height=\"800\" data-wp-class--hide=\"state.isContentHidden\" data-wp-class--show=\"state.isContentVisible\" data-wp-init=\"callbacks.setButtonStyles\" data-wp-on--click=\"actions.showLightbox\" data-wp-on--load=\"callbacks.setButtonStyles\" data-wp-on--pointerdown=\"actions.preloadImage\" data-wp-on--pointerenter=\"actions.preloadImageWithDelay\" data-wp-on--pointerleave=\"actions.cancelPreload\" data-wp-on-window--resize=\"callbacks.setButtonStyles\" src=\"https:\/\/loudavymkrokem.cz\/wp-content\/uploads\/2026\/08\/synagoga-pisek-soukenicka.jpg\" alt=\"Sinagoga de pe strada Soukenick\u00e1 din P\u00edsek\" class=\"wp-image-399654\" title=\"\" srcset=\"https:\/\/loudavymkrokem.cz\/wp-content\/uploads\/2026\/08\/synagoga-pisek-soukenicka.jpg 1200w, https:\/\/loudavymkrokem.cz\/wp-content\/uploads\/2026\/08\/synagoga-pisek-soukenicka-300x200.jpg 300w, https:\/\/loudavymkrokem.cz\/wp-content\/uploads\/2026\/08\/synagoga-pisek-soukenicka-700x467.jpg 700w, https:\/\/loudavymkrokem.cz\/wp-content\/uploads\/2026\/08\/synagoga-pisek-soukenicka-768x512.jpg 768w, https:\/\/loudavymkrokem.cz\/wp-content\/uploads\/2026\/08\/synagoga-pisek-soukenicka-696x464.jpg 696w\" sizes=\"(max-width: 1200px) 100vw, 1200px\" \/><button\n\t\t\tclass=\"lightbox-trigger\"\n\t\t\ttype=\"button\"\n\t\t\taria-haspopup=\"dialog\"\n\t\t\tdata-wp-bind--aria-label=\"state.thisImage.triggerButtonAriaLabel\"\n\t\t\tdata-wp-init=\"callbacks.initTriggerButton\"\n\t\t\tdata-wp-on--click=\"actions.showLightbox\"\n\t\t\tdata-wp-style--right=\"state.thisImage.buttonRight\"\n\t\t\tdata-wp-style--top=\"state.thisImage.buttonTop\"\n\t\t>\n\t\t\t<svg xmlns=\"http:\/\/www.w3.org\/2000\/svg\" width=\"12\" height=\"12\" fill=\"none\" viewBox=\"0 0 12 12\">\n\t\t\t\t<path fill=\"#fff\" d=\"M2 0a2 2 0 0 0-2 2v2h1.5V2a.5.5 0 0 1 .5-.5h2V0H2Zm2 10.5H2a.5.5 0 0 1-.5-.5V8H0v2a2 2 0 0 0 2 2h2v-1.5ZM8 12v-1.5h2a.5.5 0 0 0 .5-.5V8H12v2a2 2 0 0 1-2 2H8Zm2-12a2 2 0 0 1 2 2v2h-1.5V2a.5.5 0 0 0-.5-.5H8V0h2Z\" \/>\n\t\t\t<\/svg>\n\t\t<\/button><\/figure>\n\n\n\n<p class=\"wp-block-paragraph\">Pe strada Soukenick\u00e1 se afl\u0103 o sinagog\u0103 din anul 1871. Are aici o poveste trist\u0103. Slujbele au \u00eencetat \u00een 1938, \u00een timpul ocupa\u021biei sinagoga a fost \u00eenchis\u0103, iar dup\u0103 r\u0103zboi a servit ani \u00eentregi doar ca depozit. Ast\u0103zi e un loc t\u0103cut, pu\u021bin uitat, dar care poart\u0103 o istorie important\u0103. Dac\u0103 treci pe aici, opre\u0219te-te m\u0103car o clip\u0103.<\/p>\n\n\n\n<h3 class=\"wp-block-heading\"><span class=\"ez-toc-section\" id=\"24_Cladirea_policlinicii\"><\/span>24. Cl\u0103direa policlinicii<span class=\"ez-toc-section-end\"><\/span><\/h3>\n\n\n\n<p class=\"wp-block-paragraph\">Un palat neorenascentist \u00een Pia\u021ba Al\u0161ovo, care arat\u0103 de parc\u0103 ar trebui s\u0103 g\u0103zduiasc\u0103 baluri \u0219i recep\u021bii festive. \u0218i ce g\u0103zduie\u0219te? O policlinic\u0103. \ud83d\ude05 C\u00e2ndva aici era hanul U \u010cern\u00e9ho orla (La Vulturul Negru), a\u0219a c\u0103 cl\u0103direa a parcurs un drum interesant \u2014 de la dans, la bere \u0219i p\u00e2n\u0103 la dentist. Ironia sor\u021bii, dar m\u0103car po\u021bi admira frumuse\u021bea asta c\u00e2t a\u0219tep\u021bi la recoltarea de s\u00e2nge.<\/p>\n\n\n\n<h3 class=\"wp-block-heading\"><span class=\"ez-toc-section\" id=\"25_Casa_U_Kouli_si_casele_burgheze\"><\/span>25. Casa U Koul\u00ed \u0219i casele burgheze<span class=\"ez-toc-section-end\"><\/span><\/h3>\n\n\n\n<figure data-wp-context=\"{&quot;imageId&quot;:&quot;6a95570019ed2&quot;}\" data-wp-interactive=\"core\/image\" data-wp-key=\"6a95570019ed2\" class=\"wp-block-image size-full wp-lightbox-container\"><img decoding=\"async\" width=\"2200\" height=\"1467\" data-wp-class--hide=\"state.isContentHidden\" data-wp-class--show=\"state.isContentVisible\" data-wp-init=\"callbacks.setButtonStyles\" data-wp-on--click=\"actions.showLightbox\" data-wp-on--load=\"callbacks.setButtonStyles\" data-wp-on--pointerdown=\"actions.preloadImage\" data-wp-on--pointerenter=\"actions.preloadImageWithDelay\" data-wp-on--pointerleave=\"actions.cancelPreload\" data-wp-on-window--resize=\"callbacks.setButtonStyles\" src=\"https:\/\/loudavymkrokem.cz\/wp-content\/uploads\/2026\/08\/pisek-dum-u-slona.jpg\" alt=\"Casa U Slona din P\u00edsek cu figura unui elefant pe fa\u021bad\u0103\" class=\"wp-image-399368\" title=\"\" srcset=\"https:\/\/loudavymkrokem.cz\/wp-content\/uploads\/2026\/08\/pisek-dum-u-slona.jpg 2200w, https:\/\/loudavymkrokem.cz\/wp-content\/uploads\/2026\/08\/pisek-dum-u-slona-300x200.jpg 300w, https:\/\/loudavymkrokem.cz\/wp-content\/uploads\/2026\/08\/pisek-dum-u-slona-700x467.jpg 700w, https:\/\/loudavymkrokem.cz\/wp-content\/uploads\/2026\/08\/pisek-dum-u-slona-768x512.jpg 768w, https:\/\/loudavymkrokem.cz\/wp-content\/uploads\/2026\/08\/pisek-dum-u-slona-1536x1024.jpg 1536w, https:\/\/loudavymkrokem.cz\/wp-content\/uploads\/2026\/08\/pisek-dum-u-slona-2048x1366.jpg 2048w, https:\/\/loudavymkrokem.cz\/wp-content\/uploads\/2026\/08\/pisek-dum-u-slona-696x464.jpg 696w, https:\/\/loudavymkrokem.cz\/wp-content\/uploads\/2026\/08\/pisek-dum-u-slona-1392x928.jpg 1392w, https:\/\/loudavymkrokem.cz\/wp-content\/uploads\/2026\/08\/pisek-dum-u-slona-1920x1280.jpg 1920w\" sizes=\"(max-width: 2200px) 100vw, 2200px\" \/><button\n\t\t\tclass=\"lightbox-trigger\"\n\t\t\ttype=\"button\"\n\t\t\taria-haspopup=\"dialog\"\n\t\t\tdata-wp-bind--aria-label=\"state.thisImage.triggerButtonAriaLabel\"\n\t\t\tdata-wp-init=\"callbacks.initTriggerButton\"\n\t\t\tdata-wp-on--click=\"actions.showLightbox\"\n\t\t\tdata-wp-style--right=\"state.thisImage.buttonRight\"\n\t\t\tdata-wp-style--top=\"state.thisImage.buttonTop\"\n\t\t>\n\t\t\t<svg xmlns=\"http:\/\/www.w3.org\/2000\/svg\" width=\"12\" height=\"12\" fill=\"none\" viewBox=\"0 0 12 12\">\n\t\t\t\t<path fill=\"#fff\" d=\"M2 0a2 2 0 0 0-2 2v2h1.5V2a.5.5 0 0 1 .5-.5h2V0H2Zm2 10.5H2a.5.5 0 0 1-.5-.5V8H0v2a2 2 0 0 0 2 2h2v-1.5ZM8 12v-1.5h2a.5.5 0 0 0 .5-.5V8H12v2a2 2 0 0 1-2 2H8Zm2-12a2 2 0 0 1 2 2v2h-1.5V2a.5.5 0 0 0-.5-.5H8V0h2Z\" \/>\n\t\t\t<\/svg>\n\t\t<\/button><\/figure>\n\n\n\n<p class=\"wp-block-paragraph\">Casa asta o recuno\u0219ti u\u0219or. Are \u00een fa\u021bad\u0103 ghiulele de tun zidite. Nu e o decora\u021biune, ci o amintire autentic\u0103 a vremurilor de r\u0103zboi. Sgrafittele renascentiste de pe fa\u021bad\u0103 sunt superbe \u0219i, ca bonus \u2014 aici a locuit poetul Fr\u00e1\u0148a \u0160r\u00e1mek.<\/p>\n\n\n\n<p class=\"wp-block-paragraph\">De altfel, P\u00edsek e plin de case burgheze frumoase care merit\u0103 aten\u021bie. <strong>Casa U Slona<\/strong>, <strong>U Ber\u00e1nka<\/strong>, <strong>Drl\u00ed\u010dov<\/strong>, <strong>Chel\u010dick\u00e9ho 4<\/strong>, <strong>U Matky Bo\u017e\u00ed<\/strong> \u2014 fiecare are povestea ei, decora\u021biunile ei, caracterul ei. \u00ce\u021bi recomand pur \u0219i simplu s\u0103 ridici privirea de la trotuar \u0219i s\u0103 te ui\u021bi \u00een sus. P\u00edsek \u00eei r\u0103spl\u0103te\u0219te pe cei care se uit\u0103 cu aten\u021bie.<\/p>\n\n\n\n<h3 class=\"wp-block-heading\"><span class=\"ez-toc-section\" id=\"26_Podul_Nou\"><\/span>26. Podul Nou<span class=\"ez-toc-section-end\"><\/span><\/h3>\n\n\n\n<p class=\"wp-block-paragraph\">Un pod construit \u00een timpul celui de-al Doilea R\u0103zboi Mondial, ceea ce ar putea suna neinteresant, dar e de fapt un monument arhitectural. Design curat, func\u021bional, arcad\u0103 elegant\u0103 peste Otava. St\u0103 pu\u021bin \u00een umbra vecinului s\u0103u de piatr\u0103, mai celebru, dar tot \u00eel men\u021bionez.<\/p>\n\n\n\n<h3 class=\"wp-block-heading\"><span class=\"ez-toc-section\" id=\"27_Sokolovna\"><\/span>27. Sokolovna<span class=\"ez-toc-section-end\"><\/span><\/h3>\n\n\n\n<p class=\"wp-block-paragraph\">Pe strada Tyr\u0161ova, din anul 1895, se afl\u0103 Sokolovna cu bogata ei decora\u021bie de stuc. A fost un centru al patriotismului \u0219i al vie\u021bii asociative: aici se f\u0103cea gimnastic\u0103, se c\u00e2nta, se dezb\u0103tea \u0219i se construia identitatea na\u021bional\u0103. Antrenamentele Sokol se \u021bin aici \u0219i ast\u0103zi.<\/p>\n\n\n\n<h3 class=\"wp-block-heading\"><span class=\"ez-toc-section\" id=\"28_Posta_Veche\"><\/span>28. Po\u0219ta Veche<span class=\"ez-toc-section-end\"><\/span><\/h3>\n\n\n\n<p class=\"wp-block-paragraph\">Strada Gregorova, num\u0103rul 125. Po\u0219ta Veche \u00ee\u0219i aminte\u0219te \u00eenc\u0103 de vremea diligen\u021belor. Imagineaz\u0103-\u021bi cum soseau aici c\u0103ru\u021bele trase de cai, cu scrisori, colete \u0219i, uneori, cu c\u0103l\u0103tori pr\u0103fui\u021bi de drum. \u00centr-o vreme \u00een care \u201ee-mail&#8221; \u00eensemna c\u0103 un porumbel \u00ee\u021bi aducea vestea mai repede dec\u00e2t de obicei.<\/p>\n\n\n\n<h3 class=\"wp-block-heading\"><span class=\"ez-toc-section\" id=\"29_Vila_Raab\"><\/span>29. Vila Raab<span class=\"ez-toc-section-end\"><\/span><\/h3>\n\n\n\n<p class=\"wp-block-paragraph\">\u0218i acum ceva care nu \u00eenceteaz\u0103 s\u0103 m\u0103 fascineze. <strong>Vila Raab este prima construc\u021bie independent\u0103 proiectat\u0103 de arhitectul Du\u0161an Jurkovi\u010d.<\/strong> Anul 1901. A fost ridicat\u0103 de industria\u0219ul Adolf Raab \u0219i e o \u00eembinare superb\u0103 de arhitectur\u0103 popular\u0103 slovac\u0103 \u0219i elve\u021bian\u0103. Elemente din lemn, detalii romantice, totul perfect g\u00e2ndit.<\/p>\n\n\n\n<p class=\"wp-block-paragraph\">O g\u0103se\u0219ti la intersec\u021bia str\u0103zilor T\u00e1borsk\u00e1 \u0219i Sedl\u00e1\u010dkova. E incredibil c\u0103 bijuteria asta se afl\u0103 tocmai aici, \u00een P\u00edsek. Jurkovi\u010d a construit apoi \u00een toat\u0103 Cehia \u0219i Slovacia, dar a \u00eenceput la noi. Ca localnic\u0103, nu pot s\u0103 nu fiu m\u00e2ndr\u0103. \u263a\ufe0f<\/p>\n\n\n\n<h3 class=\"wp-block-heading\"><span class=\"ez-toc-section\" id=\"30_Monumentul_celor_cazuti_la_Melegnano_si_Solferino\"><\/span>30. Monumentul celor c\u0103zu\u021bi la Melegnano \u0219i Solferino<span class=\"ez-toc-section-end\"><\/span><\/h3>\n\n\n\n<figure data-wp-context=\"{&quot;imageId&quot;:&quot;6a9557001a58f&quot;}\" data-wp-interactive=\"core\/image\" data-wp-key=\"6a9557001a58f\" class=\"wp-block-image size-full wp-lightbox-container\"><img decoding=\"async\" width=\"2200\" height=\"1467\" data-wp-class--hide=\"state.isContentHidden\" data-wp-class--show=\"state.isContentVisible\" data-wp-init=\"callbacks.setButtonStyles\" data-wp-on--click=\"actions.showLightbox\" data-wp-on--load=\"callbacks.setButtonStyles\" data-wp-on--pointerdown=\"actions.preloadImage\" data-wp-on--pointerenter=\"actions.preloadImageWithDelay\" data-wp-on--pointerleave=\"actions.cancelPreload\" data-wp-on-window--resize=\"callbacks.setButtonStyles\" src=\"https:\/\/loudavymkrokem.cz\/wp-content\/uploads\/2026\/08\/pisek-pomnik-melegnano-solferino.jpg\" alt=\"Monumentul celor c\u0103zu\u021bi la Melegnano \u0219i Solferino din P\u00edsek\" class=\"wp-image-399375\" title=\"\" srcset=\"https:\/\/loudavymkrokem.cz\/wp-content\/uploads\/2026\/08\/pisek-pomnik-melegnano-solferino.jpg 2200w, https:\/\/loudavymkrokem.cz\/wp-content\/uploads\/2026\/08\/pisek-pomnik-melegnano-solferino-300x200.jpg 300w, https:\/\/loudavymkrokem.cz\/wp-content\/uploads\/2026\/08\/pisek-pomnik-melegnano-solferino-700x467.jpg 700w, https:\/\/loudavymkrokem.cz\/wp-content\/uploads\/2026\/08\/pisek-pomnik-melegnano-solferino-768x512.jpg 768w, https:\/\/loudavymkrokem.cz\/wp-content\/uploads\/2026\/08\/pisek-pomnik-melegnano-solferino-1536x1024.jpg 1536w, https:\/\/loudavymkrokem.cz\/wp-content\/uploads\/2026\/08\/pisek-pomnik-melegnano-solferino-2048x1366.jpg 2048w, https:\/\/loudavymkrokem.cz\/wp-content\/uploads\/2026\/08\/pisek-pomnik-melegnano-solferino-696x464.jpg 696w, https:\/\/loudavymkrokem.cz\/wp-content\/uploads\/2026\/08\/pisek-pomnik-melegnano-solferino-1392x928.jpg 1392w, https:\/\/loudavymkrokem.cz\/wp-content\/uploads\/2026\/08\/pisek-pomnik-melegnano-solferino-1920x1280.jpg 1920w\" sizes=\"(max-width: 2200px) 100vw, 2200px\" \/><button\n\t\t\tclass=\"lightbox-trigger\"\n\t\t\ttype=\"button\"\n\t\t\taria-haspopup=\"dialog\"\n\t\t\tdata-wp-bind--aria-label=\"state.thisImage.triggerButtonAriaLabel\"\n\t\t\tdata-wp-init=\"callbacks.initTriggerButton\"\n\t\t\tdata-wp-on--click=\"actions.showLightbox\"\n\t\t\tdata-wp-style--right=\"state.thisImage.buttonRight\"\n\t\t\tdata-wp-style--top=\"state.thisImage.buttonTop\"\n\t\t>\n\t\t\t<svg xmlns=\"http:\/\/www.w3.org\/2000\/svg\" width=\"12\" height=\"12\" fill=\"none\" viewBox=\"0 0 12 12\">\n\t\t\t\t<path fill=\"#fff\" d=\"M2 0a2 2 0 0 0-2 2v2h1.5V2a.5.5 0 0 1 .5-.5h2V0H2Zm2 10.5H2a.5.5 0 0 1-.5-.5V8H0v2a2 2 0 0 0 2 2h2v-1.5ZM8 12v-1.5h2a.5.5 0 0 0 .5-.5V8H12v2a2 2 0 0 1-2 2H8Zm2-12a2 2 0 0 1 2 2v2h-1.5V2a.5.5 0 0 0-.5-.5H8V0h2Z\" \/>\n\t\t\t<\/svg>\n\t\t<\/button><\/figure>\n\n\n\n<p class=\"wp-block-paragraph\">Sculptura unui leu st\u00e2nd pe un steag desf\u0103\u0219urat, simbol al lini\u0219tii de dup\u0103 lupt\u0103. Monumentul \u00eei aminte\u0219te pe solda\u021bii regimentului 11 din P\u00edsek, care au c\u0103zut \u00een b\u0103t\u0103liile de la Melegnano \u0219i Solferino, \u00een Italia, \u00een anul 1859. Foarte departe de cas\u0103, foarte departe de Otava. Un monument t\u0103cut, demn, l\u00e2ng\u0103 care merit\u0103 s\u0103 te opre\u0219ti o clip\u0103.<\/p>\n\n\n\n<h3 class=\"wp-block-heading\"><span class=\"ez-toc-section\" id=\"31_Capela_Mariana\"><\/span>31. Capela Marian\u0103<span class=\"ez-toc-section-end\"><\/span><\/h3>\n\n\n\n<p class=\"wp-block-paragraph\">Un mic monument baroc la marginea centrului. Nicio catedral\u0103 m\u0103rea\u021b\u0103, mai degrab\u0103 un punct lini\u0219tit pe harta ora\u0219ului. Exact tipul de loc pe l\u00e2ng\u0103 care treci de dou\u0103zeci de ori p\u00e2n\u0103 s\u0103-l observi prima dat\u0103, \u0219i apoi te miri cum de ai putut s\u0103-l ignori.<\/p>\n\n\n\n<h3 class=\"wp-block-heading\"><span class=\"ez-toc-section\" id=\"32_Biserica_Sfintei_Treimi\"><\/span>32. Biserica Sfintei Treimi<span class=\"ez-toc-section-end\"><\/span><\/h3>\n\n\n\n<figure data-wp-context=\"{&quot;imageId&quot;:&quot;6a9557001aa20&quot;}\" data-wp-interactive=\"core\/image\" data-wp-key=\"6a9557001aa20\" class=\"wp-block-image size-full wp-lightbox-container\"><img decoding=\"async\" width=\"1600\" height=\"1200\" data-wp-class--hide=\"state.isContentHidden\" data-wp-class--show=\"state.isContentVisible\" data-wp-init=\"callbacks.setButtonStyles\" data-wp-on--click=\"actions.showLightbox\" data-wp-on--load=\"callbacks.setButtonStyles\" data-wp-on--pointerdown=\"actions.preloadImage\" data-wp-on--pointerenter=\"actions.preloadImageWithDelay\" data-wp-on--pointerleave=\"actions.cancelPreload\" data-wp-on-window--resize=\"callbacks.setButtonStyles\" src=\"https:\/\/loudavymkrokem.cz\/wp-content\/uploads\/2026\/08\/kostel-nejsvetejsi-trojice-pisek.jpg\" alt=\"Biserica Sfintei Treimi din P\u00edsek\" class=\"wp-image-399710\" title=\"\" srcset=\"https:\/\/loudavymkrokem.cz\/wp-content\/uploads\/2026\/08\/kostel-nejsvetejsi-trojice-pisek.jpg 1600w, https:\/\/loudavymkrokem.cz\/wp-content\/uploads\/2026\/08\/kostel-nejsvetejsi-trojice-pisek-300x225.jpg 300w, https:\/\/loudavymkrokem.cz\/wp-content\/uploads\/2026\/08\/kostel-nejsvetejsi-trojice-pisek-700x525.jpg 700w, https:\/\/loudavymkrokem.cz\/wp-content\/uploads\/2026\/08\/kostel-nejsvetejsi-trojice-pisek-768x576.jpg 768w, https:\/\/loudavymkrokem.cz\/wp-content\/uploads\/2026\/08\/kostel-nejsvetejsi-trojice-pisek-1536x1152.jpg 1536w, https:\/\/loudavymkrokem.cz\/wp-content\/uploads\/2026\/08\/kostel-nejsvetejsi-trojice-pisek-80x60.jpg 80w, https:\/\/loudavymkrokem.cz\/wp-content\/uploads\/2026\/08\/kostel-nejsvetejsi-trojice-pisek-160x120.jpg 160w, https:\/\/loudavymkrokem.cz\/wp-content\/uploads\/2026\/08\/kostel-nejsvetejsi-trojice-pisek-696x522.jpg 696w, https:\/\/loudavymkrokem.cz\/wp-content\/uploads\/2026\/08\/kostel-nejsvetejsi-trojice-pisek-1392x1044.jpg 1392w\" sizes=\"(max-width: 1600px) 100vw, 1600px\" \/><button\n\t\t\tclass=\"lightbox-trigger\"\n\t\t\ttype=\"button\"\n\t\t\taria-haspopup=\"dialog\"\n\t\t\tdata-wp-bind--aria-label=\"state.thisImage.triggerButtonAriaLabel\"\n\t\t\tdata-wp-init=\"callbacks.initTriggerButton\"\n\t\t\tdata-wp-on--click=\"actions.showLightbox\"\n\t\t\tdata-wp-style--right=\"state.thisImage.buttonRight\"\n\t\t\tdata-wp-style--top=\"state.thisImage.buttonTop\"\n\t\t>\n\t\t\t<svg xmlns=\"http:\/\/www.w3.org\/2000\/svg\" width=\"12\" height=\"12\" fill=\"none\" viewBox=\"0 0 12 12\">\n\t\t\t\t<path fill=\"#fff\" d=\"M2 0a2 2 0 0 0-2 2v2h1.5V2a.5.5 0 0 1 .5-.5h2V0H2Zm2 10.5H2a.5.5 0 0 1-.5-.5V8H0v2a2 2 0 0 0 2 2h2v-1.5ZM8 12v-1.5h2a.5.5 0 0 0 .5-.5V8H12v2a2 2 0 0 1-2 2H8Zm2-12a2 2 0 0 1 2 2v2h-1.5V2a.5.5 0 0 0-.5-.5H8V0h2Z\" \/>\n\t\t\t<\/svg>\n\t\t<\/button><\/figure>\n\n\n\n<p class=\"wp-block-paragraph\">Biseric\u0103 \u00een stil gotic t\u00e2rziu din anul 1576, cu un vechi cimitir al\u0103turat. \u0218i acum, partea principal\u0103: are o <strong>acustic\u0103 absolut uimitoare<\/strong>. De aceea serve\u0219te ast\u0103zi drept sal\u0103 de concerte, iar s\u0103 ascul\u021bi aici muzic\u0103 live e o experien\u021b\u0103 de neuitat. Bol\u021bi gotice, pietre funerare vechi \u00een spatele ferestrelor \u0219i un sunet care te \u00eembr\u0103\u021bi\u0219eaz\u0103 din toate p\u0103r\u021bile. Dac\u0103 tocmai e vreun concert, du-te. F\u0103r\u0103 s\u0103 stai pe g\u00e2nduri.<\/p>\n\n\n\n<h3 class=\"wp-block-heading\"><span class=\"ez-toc-section\" id=\"33_Biserica_Sfantul_Venceslau\"><\/span>33. Biserica Sf\u00e2ntul Venceslau<span class=\"ez-toc-section-end\"><\/span><\/h3>\n\n\n\n<figure data-wp-context=\"{&quot;imageId&quot;:&quot;6a9557001aee2&quot;}\" data-wp-interactive=\"core\/image\" data-wp-key=\"6a9557001aee2\" class=\"wp-block-image size-full wp-lightbox-container\"><img decoding=\"async\" width=\"1600\" height=\"1071\" data-wp-class--hide=\"state.isContentHidden\" data-wp-class--show=\"state.isContentVisible\" data-wp-init=\"callbacks.setButtonStyles\" data-wp-on--click=\"actions.showLightbox\" data-wp-on--load=\"callbacks.setButtonStyles\" data-wp-on--pointerdown=\"actions.preloadImage\" data-wp-on--pointerenter=\"actions.preloadImageWithDelay\" data-wp-on--pointerleave=\"actions.cancelPreload\" data-wp-on-window--resize=\"callbacks.setButtonStyles\" src=\"https:\/\/loudavymkrokem.cz\/wp-content\/uploads\/2026\/08\/kostel-sv-vaclava-pisek-vaclavske-predmesti.jpg\" alt=\"Biserica Sf\u00e2ntul Venceslau din suburbia V\u00e1clavsk\u00e9 p\u0159edm\u011bst\u00ed din P\u00edsek\" class=\"wp-image-399713\" title=\"\" srcset=\"https:\/\/loudavymkrokem.cz\/wp-content\/uploads\/2026\/08\/kostel-sv-vaclava-pisek-vaclavske-predmesti.jpg 1600w, https:\/\/loudavymkrokem.cz\/wp-content\/uploads\/2026\/08\/kostel-sv-vaclava-pisek-vaclavske-predmesti-300x201.jpg 300w, https:\/\/loudavymkrokem.cz\/wp-content\/uploads\/2026\/08\/kostel-sv-vaclava-pisek-vaclavske-predmesti-700x469.jpg 700w, https:\/\/loudavymkrokem.cz\/wp-content\/uploads\/2026\/08\/kostel-sv-vaclava-pisek-vaclavske-predmesti-768x514.jpg 768w, https:\/\/loudavymkrokem.cz\/wp-content\/uploads\/2026\/08\/kostel-sv-vaclava-pisek-vaclavske-predmesti-1536x1028.jpg 1536w, https:\/\/loudavymkrokem.cz\/wp-content\/uploads\/2026\/08\/kostel-sv-vaclava-pisek-vaclavske-predmesti-696x466.jpg 696w, https:\/\/loudavymkrokem.cz\/wp-content\/uploads\/2026\/08\/kostel-sv-vaclava-pisek-vaclavske-predmesti-1392x932.jpg 1392w\" sizes=\"(max-width: 1600px) 100vw, 1600px\" \/><button\n\t\t\tclass=\"lightbox-trigger\"\n\t\t\ttype=\"button\"\n\t\t\taria-haspopup=\"dialog\"\n\t\t\tdata-wp-bind--aria-label=\"state.thisImage.triggerButtonAriaLabel\"\n\t\t\tdata-wp-init=\"callbacks.initTriggerButton\"\n\t\t\tdata-wp-on--click=\"actions.showLightbox\"\n\t\t\tdata-wp-style--right=\"state.thisImage.buttonRight\"\n\t\t\tdata-wp-style--top=\"state.thisImage.buttonTop\"\n\t\t>\n\t\t\t<svg xmlns=\"http:\/\/www.w3.org\/2000\/svg\" width=\"12\" height=\"12\" fill=\"none\" viewBox=\"0 0 12 12\">\n\t\t\t\t<path fill=\"#fff\" d=\"M2 0a2 2 0 0 0-2 2v2h1.5V2a.5.5 0 0 1 .5-.5h2V0H2Zm2 10.5H2a.5.5 0 0 1-.5-.5V8H0v2a2 2 0 0 0 2 2h2v-1.5ZM8 12v-1.5h2a.5.5 0 0 0 .5-.5V8H12v2a2 2 0 0 1-2 2H8Zm2-12a2 2 0 0 1 2 2v2h-1.5V2a.5.5 0 0 0-.5-.5H8V0h2Z\" \/>\n\t\t\t<\/svg>\n\t\t<\/button><\/figure>\n\n\n\n<p class=\"wp-block-paragraph\"><strong>Cel mai vechi loc sacru din P\u00edsek<\/strong>, atestat \u00eenc\u0103 de pe la anul 1200, construc\u021bia actual\u0103 gotico-renascentist\u0103 e din secolul al XVI-lea \u0219i se afl\u0103 \u00een suburbia V\u00e1clavsk\u00e9 p\u0159edm\u011bst\u00ed. Aici g\u0103se\u0219ti <strong>probabil cea mai veche reprezentare \u00een fresc\u0103 a arderii pe rug a Maestrului Jan Hus din Europa<\/strong>. \u00cen P\u00edsek! \u021aine doar cont c\u0103 \u00een\u0103untru intri, de obicei, doar la slujbe.<\/p>\n\n\n\n<p class=\"wp-block-paragraph\">Locul acesta ar merita mult mai mult\u0103 aten\u021bie dec\u00e2t prime\u0219te. Dac\u0103 te intereseaz\u0103 istoria, aici stai l\u00e2ng\u0103 ceva cu adev\u0103rat excep\u021bional.<\/p>\n\n\n\n<h3 class=\"wp-block-heading\"><span class=\"ez-toc-section\" id=\"34_Cetatea_preistorica_Hradiste\"><\/span>34. Cetatea preistoric\u0103 (Hradi\u0161t\u011b)<span class=\"ez-toc-section-end\"><\/span><\/h3>\n\n\n\n<p class=\"wp-block-paragraph\">Vestigii ale unei a\u0219ez\u0103ri str\u0103vechi, din vremea c\u00e2nd ora\u0219ul P\u00edsek \u00eenc\u0103 nu exista. Oamenii tr\u0103iau aici cu mult \u00eenainte ca cineva s\u0103 pun\u0103 prima piatr\u0103 a Podului de piatr\u0103. E ceva la care merit\u0103 s\u0103 te g\u00e2nde\u0219ti \u2014 stai \u00eentr-un loc \u00een care oamenii s-au a\u0219ezat poate acum mii de ani, pentru c\u0103 le era bine aici. \u0218i tot bine e \u0219i acum.<\/p>\n\n\n\n<h3 class=\"wp-block-heading\"><span class=\"ez-toc-section\" id=\"35_Drumul_pietrelor_durerii\"><\/span>35. Drumul pietrelor durerii<span class=\"ez-toc-section-end\"><\/span><\/h3>\n\n\n\n<p class=\"wp-block-paragraph\">La aproximativ 1,5 km de rezerva\u021bia U Vod\u00e1ka g\u0103se\u0219ti un drum care te poate surprinde. <strong>14 blocuri de piatr\u0103<\/strong> m\u0103rginesc poteca, iar fiecare dintre ele simbolizeaz\u0103 un chin modern \u2014 depresie, singur\u0103tate, epuizare, pierderea unei persoane dragi, dependen\u021ba&#8230;<\/p>\n\n\n\n<p class=\"wp-block-paragraph\">Nu e nicidecum o plimbare deprimant\u0103, chiar dac\u0103 poate suna a\u0219a. E mai degrab\u0103 o numire a lucrurilor despre care \u00een mod normal nu se vorbe\u0219te. Iar drumul se termin\u0103 cu speran\u021b\u0103 \u2014 cu un punct de belvedere de unde vezi departe. Ca metafor\u0103 func\u021bioneaz\u0103 minunat. Ca plimbare, la fel.<\/p>\n\n\n\n<h3 class=\"wp-block-heading\"><span class=\"ez-toc-section\" id=\"36_Vila_Marta_si_pasarela_Dagmar_Simkova\"><\/span>36. Vila Marta \u0219i pasarela Dagmar \u0160imkov\u00e1<span class=\"ez-toc-section-end\"><\/span><\/h3>\n\n\n\n<figure data-wp-context=\"{&quot;imageId&quot;:&quot;6a9557001b684&quot;}\" data-wp-interactive=\"core\/image\" data-wp-key=\"6a9557001b684\" class=\"wp-block-image size-full wp-lightbox-container\"><img decoding=\"async\" width=\"1200\" height=\"800\" data-wp-class--hide=\"state.isContentHidden\" data-wp-class--show=\"state.isContentVisible\" data-wp-init=\"callbacks.setButtonStyles\" data-wp-on--click=\"actions.showLightbox\" data-wp-on--load=\"callbacks.setButtonStyles\" data-wp-on--pointerdown=\"actions.preloadImage\" data-wp-on--pointerenter=\"actions.preloadImageWithDelay\" data-wp-on--pointerleave=\"actions.cancelPreload\" data-wp-on-window--resize=\"callbacks.setButtonStyles\" src=\"https:\/\/loudavymkrokem.cz\/wp-content\/uploads\/2026\/08\/lavka-dagmar-simkove-pisek.jpg\" alt=\"Pasarela Dagmar \u0160imkov\u00e1 peste Otava \u00een P\u00edsek\" class=\"wp-image-399611\" title=\"\" srcset=\"https:\/\/loudavymkrokem.cz\/wp-content\/uploads\/2026\/08\/lavka-dagmar-simkove-pisek.jpg 1200w, https:\/\/loudavymkrokem.cz\/wp-content\/uploads\/2026\/08\/lavka-dagmar-simkove-pisek-300x200.jpg 300w, https:\/\/loudavymkrokem.cz\/wp-content\/uploads\/2026\/08\/lavka-dagmar-simkove-pisek-700x467.jpg 700w, https:\/\/loudavymkrokem.cz\/wp-content\/uploads\/2026\/08\/lavka-dagmar-simkove-pisek-768x512.jpg 768w, https:\/\/loudavymkrokem.cz\/wp-content\/uploads\/2026\/08\/lavka-dagmar-simkove-pisek-696x464.jpg 696w\" sizes=\"(max-width: 1200px) 100vw, 1200px\" \/><button\n\t\t\tclass=\"lightbox-trigger\"\n\t\t\ttype=\"button\"\n\t\t\taria-haspopup=\"dialog\"\n\t\t\tdata-wp-bind--aria-label=\"state.thisImage.triggerButtonAriaLabel\"\n\t\t\tdata-wp-init=\"callbacks.initTriggerButton\"\n\t\t\tdata-wp-on--click=\"actions.showLightbox\"\n\t\t\tdata-wp-style--right=\"state.thisImage.buttonRight\"\n\t\t\tdata-wp-style--top=\"state.thisImage.buttonTop\"\n\t\t>\n\t\t\t<svg xmlns=\"http:\/\/www.w3.org\/2000\/svg\" width=\"12\" height=\"12\" fill=\"none\" viewBox=\"0 0 12 12\">\n\t\t\t\t<path fill=\"#fff\" d=\"M2 0a2 2 0 0 0-2 2v2h1.5V2a.5.5 0 0 1 .5-.5h2V0H2Zm2 10.5H2a.5.5 0 0 1-.5-.5V8H0v2a2 2 0 0 0 2 2h2v-1.5ZM8 12v-1.5h2a.5.5 0 0 0 .5-.5V8H12v2a2 2 0 0 1-2 2H8Zm2-12a2 2 0 0 1 2 2v2h-1.5V2a.5.5 0 0 0-.5-.5H8V0h2Z\" \/>\n\t\t\t<\/svg>\n\t\t<\/button><\/figure>\n\n\n\n<p class=\"wp-block-paragraph\">O poveste care ar putea deveni un film \u00eentreg. <strong>Dagmar \u0160imkov\u00e1<\/strong> a fost o de\u021binut\u0103 politic\u0103 pe care poli\u021bia secret\u0103 (StB) a arestat-o chiar \u00een frumoasa vil\u0103 Marta, aici, \u00een P\u00edsek. A petrecut ani \u00eentregi \u00een \u00eenchisorile comuniste \u0219i a scris despre asta cartea <strong>Byly jsme tam taky<\/strong> (Am fost \u0219i noi acolo) \u2014 dac\u0103 n-o cuno\u0219ti, cite\u0219te-o.<\/p>\n\n\n\n<p class=\"wp-block-paragraph\">\u00cen anul 2018 a fost deschis\u0103 \u00een cinstea ei o elegant\u0103 <strong>pasarel\u0103 peste Otava<\/strong> \u2014 lung\u0103 de 140 de metri, proiectat\u0103 de arhitectul <strong>Josef Pleskot<\/strong>, care, de altfel, e originar din P\u00edsek. Pasarela e superb\u0103, aerian\u0103, modern\u0103 \u0219i, \u00een acela\u0219i timp, poart\u0103 o poveste grea \u0219i important\u0103. Unul dintre cele mai frumoase locuri din ora\u0219 pentru o plimbare cu c\u0103ruciorul sau pentru alergat.<\/p>\n\n\n\n<h3 class=\"wp-block-heading\"><span class=\"ez-toc-section\" id=\"37_Teatrul_Frana_Sramek\"><\/span>37. Teatrul Fr\u00e1\u0148a \u0160r\u00e1mek<span class=\"ez-toc-section-end\"><\/span><\/h3>\n\n\n\n<figure data-wp-context=\"{&quot;imageId&quot;:&quot;6a9557001bc3f&quot;}\" data-wp-interactive=\"core\/image\" data-wp-key=\"6a9557001bc3f\" class=\"wp-block-image size-full wp-lightbox-container\"><img decoding=\"async\" width=\"1600\" height=\"1066\" data-wp-class--hide=\"state.isContentHidden\" data-wp-class--show=\"state.isContentVisible\" data-wp-init=\"callbacks.setButtonStyles\" data-wp-on--click=\"actions.showLightbox\" data-wp-on--load=\"callbacks.setButtonStyles\" data-wp-on--pointerdown=\"actions.preloadImage\" data-wp-on--pointerenter=\"actions.preloadImageWithDelay\" data-wp-on--pointerleave=\"actions.cancelPreload\" data-wp-on-window--resize=\"callbacks.setButtonStyles\" src=\"https:\/\/loudavymkrokem.cz\/wp-content\/uploads\/2026\/08\/divadlo-frani-sramka-pisek.jpg\" alt=\"Teatrul Fr\u00e1\u0148a \u0160r\u00e1mek din P\u00edsek\" class=\"wp-image-399705\" title=\"\" srcset=\"https:\/\/loudavymkrokem.cz\/wp-content\/uploads\/2026\/08\/divadlo-frani-sramka-pisek.jpg 1600w, https:\/\/loudavymkrokem.cz\/wp-content\/uploads\/2026\/08\/divadlo-frani-sramka-pisek-300x200.jpg 300w, https:\/\/loudavymkrokem.cz\/wp-content\/uploads\/2026\/08\/divadlo-frani-sramka-pisek-700x466.jpg 700w, https:\/\/loudavymkrokem.cz\/wp-content\/uploads\/2026\/08\/divadlo-frani-sramka-pisek-768x512.jpg 768w, https:\/\/loudavymkrokem.cz\/wp-content\/uploads\/2026\/08\/divadlo-frani-sramka-pisek-1536x1023.jpg 1536w, https:\/\/loudavymkrokem.cz\/wp-content\/uploads\/2026\/08\/divadlo-frani-sramka-pisek-696x464.jpg 696w, https:\/\/loudavymkrokem.cz\/wp-content\/uploads\/2026\/08\/divadlo-frani-sramka-pisek-1392x927.jpg 1392w\" sizes=\"(max-width: 1600px) 100vw, 1600px\" \/><button\n\t\t\tclass=\"lightbox-trigger\"\n\t\t\ttype=\"button\"\n\t\t\taria-haspopup=\"dialog\"\n\t\t\tdata-wp-bind--aria-label=\"state.thisImage.triggerButtonAriaLabel\"\n\t\t\tdata-wp-init=\"callbacks.initTriggerButton\"\n\t\t\tdata-wp-on--click=\"actions.showLightbox\"\n\t\t\tdata-wp-style--right=\"state.thisImage.buttonRight\"\n\t\t\tdata-wp-style--top=\"state.thisImage.buttonTop\"\n\t\t>\n\t\t\t<svg xmlns=\"http:\/\/www.w3.org\/2000\/svg\" width=\"12\" height=\"12\" fill=\"none\" viewBox=\"0 0 12 12\">\n\t\t\t\t<path fill=\"#fff\" d=\"M2 0a2 2 0 0 0-2 2v2h1.5V2a.5.5 0 0 1 .5-.5h2V0H2Zm2 10.5H2a.5.5 0 0 1-.5-.5V8H0v2a2 2 0 0 0 2 2h2v-1.5ZM8 12v-1.5h2a.5.5 0 0 0 .5-.5V8H12v2a2 2 0 0 1-2 2H8Zm2-12a2 2 0 0 1 2 2v2h-1.5V2a.5.5 0 0 0-.5-.5H8V0h2Z\" \/>\n\t\t\t<\/svg>\n\t\t<\/button><\/figure>\n\n\n\n<p class=\"wp-block-paragraph\">Cine ar fi zis c\u0103 dintr-un fost poligon militar de tir va deveni c\u00e2ndva un teatru? S-a deschis \u00een anul 1940, \u0219i chiar cu opera Mireasa v\u00e2ndut\u0103 \u2014 Smetana ar fi probabil bucuros. Numele Fr\u00e1\u0148a \u0160r\u00e1mek l-a primit abia \u00een 1991.<\/p>\n\n\n\n<p class=\"wp-block-paragraph\">\u00cen\u0103untru g\u0103se\u0219ti o cortin\u0103 istoric\u0103 frumoas\u0103 \u0219i mobilier de la sculptorul Libor Hurda. Teatrul are un suflet \u0219i o atmosfer\u0103 pe care scenele mai mari uneori le pierd. Programul merit\u0103 urm\u0103rit, aici se joac\u0103 regulat \u0219i la un nivel bun.<\/p>\n\n\n\n<!-- LKM_GYG_CARD start q=\"pisku\" lang=\"ro\" rendered=\"2026-08-31T09:03:20+00:00\" v=\"1\" -->\n\n<!-- LKM_GYG_CARD end -->\n\n\n\n\n<div class=\"lk-stays-module\">\n<style>\n\/* \u2500\u2500\u2500 RESET PRO GUTENBERG \u2500\u2500\u2500 *\/\n.lk-stays-module * { box-sizing: border-box; margin: 0; padding: 0; }\n\n\/* \u2500\u2500\u2500 WRAPPER \u2500\u2500\u2500 *\/\n.lk-stays-module {\n  font-family: 'DM Sans', Georgia, sans-serif;\n  max-width: 100%;\n  margin: 2.5rem auto;\n  background: linear-gradient(135deg, #fdfaf5 0%, #fcf8f0 100%);\n  border: 1px solid #e8dfd4;\n  border-radius: 16px;\n  overflow: hidden;\n  box-shadow: 0 16px 48px rgba(195, 159, 118, 0.25), 0 4px 12px rgba(0,0,0,0.08);\n}\n\n\/* \u2500\u2500\u2500 HEADER \u2500\u2500\u2500 *\/\n.lk-stays-header {\n  position: relative;\n  padding: 24px 36px 24px;\n  background: linear-gradient(135deg, #c39f76 0%, #d4b188 60%, #c39f76 100%);\n  border-bottom: 1px solid rgba(255,255,255,.15);\n  display: flex;\n  align-items: center;\n  gap: 18px;\n}\n.lk-stays-header::before {\n  content: '';\n  position: absolute;\n  inset: 0;\n  background: url(\"data:image\/svg+xml,%3Csvg width='60' height='60' viewBox='0 0 60 60' xmlns='http:\/\/www.w3.org\/2000\/svg'%3E%3Cg fill='none' fill-rule='evenodd'%3E%3Cg fill='%23ffffff' fill-opacity='0.05'%3E%3Cpath d='M36 34v-4h-2v4h-4v2h4v4h2v-4h4v-2h-4zm0-30V0h-2v4h-4v2h4v4h2V6h4V4h-4zM6 34v-4H4v4H0v2h4v4h2v-4h4v-2H6zM6 4V0H4v4H0v2h4v4h2V6h4V4H6z'\/%3E%3C\/g%3E%3C\/g%3E%3C\/svg%3E\") repeat;\n  pointer-events: none;\n}\n.lk-stays-icon {\n  flex-shrink: 0;\n  width: 68px;\n  height: 68px;\n  border-radius: 14px;\n  background: linear-gradient(135deg, #fff 0%, #f9f6f0 100%);\n  display: flex;\n  align-items: center;\n  justify-content: center;\n  font-size: 26px;\n  box-shadow: 0 4px 12px rgba(0,0,0,0.15);\n}\n.lk-stays-eyebrow {\n  font-size: 10px;\n  font-weight: 500;\n  letter-spacing: 2.5px;\n  text-transform: uppercase;\n  color: rgba(255,255,255,.85);\n  margin: 0 0 5px 0;\n}\n.lk-stays-title {\n  font-family: 'Playfair Display', Georgia, serif;\n  font-size: 24px;\n  font-weight: 700;\n  color: #fff;\n  line-height: 1.2;\n  text-shadow: 0 1px 2px rgba(0,0,0,0.1);\n  margin: 0;\n}\n.lk-stays-subtitle {\n  font-size: 13px;\n  color: rgba(255,255,255,.75);\n  margin: 4px 0 0 0;\n  font-weight: 300;\n}\n\n\/* \u2500\u2500\u2500 CARDS GRID \u2500\u2500\u2500 *\/\n.lk-stays-grid {\n  display: grid;\n  grid-template-columns: 1fr 1fr;\n  gap: 1px;\n  background: rgba(195, 159, 118, 0.12);\n}\n\n\/* \u2500\u2500\u2500 SINGLE CARD \u2500\u2500\u2500 *\/\n.lk-stay-card {\n  background: #ffffff;\n  padding: 26px;\n  display: flex;\n  flex-direction: column;\n  gap: 11px;\n  transition: all 0.3s ease;\n  text-decoration: none;\n  color: inherit;\n  position: relative;\n}\n.lk-stay-card:hover {\n  background: #fffbf5;\n  transform: translateY(-2px);\n  box-shadow: 0 8px 24px rgba(195, 159, 118, 0.18);\n  z-index: 1;\n}\n.lk-stay-card.featured {\n  background: linear-gradient(135deg, #fffdf9 0%, #fff9f0 100%);\n  box-shadow: 0 4px 16px rgba(195, 159, 118, 0.15), inset 0 1px 0 rgba(195, 159, 118, 0.1);\n}\n.lk-stay-card.featured:hover {\n  background: linear-gradient(135deg, #fffbf5 0%, #fff8ed 100%);\n  box-shadow: 0 8px 24px rgba(195, 159, 118, 0.25), inset 0 1px 0 rgba(195, 159, 118, 0.15);\n}\n\n.lk-stay-badge {\n  display: inline-flex;\n  align-items: center;\n  gap: 5px;\n  font-size: 10px;\n  font-weight: 500;\n  letter-spacing: 1.5px;\n  text-transform: uppercase;\n  padding: 5px 11px;\n  border-radius: 20px;\n  width: fit-content;\n}\n.badge-top     { background: linear-gradient(135deg, #c39f76 0%, #d4b188 100%); color: #fff; border: 1px solid #c39f76; font-weight: 600; box-shadow: 0 2px 8px rgba(195,159,118,0.3); }\n.badge-luxury  { background: rgba(195,159,118,.12); color: #c39f76; border: 1px solid rgba(195,159,118,.25); }\n.badge-boutique{ background: rgba(54,133,252,.08); color: #3685fc; border: 1px solid rgba(54,133,252,.2); }\n.badge-nature  { background: rgba(130,190,100,.1); color: #6b9c4a; border: 1px solid rgba(130,190,100,.2); }\n.badge-remote  { background: rgba(195,159,118,.12); color: #a67e50; border: 1px solid rgba(195,159,118,.25); }\n\n.lk-stay-name {\n  font-family: 'Playfair Display', Georgia, serif;\n  font-size: 18px;\n  font-weight: 700;\n  color: #111827;\n  line-height: 1.3;\n}\n.lk-stay-desc {\n  font-size: 13.5px;\n  color: #525252;\n  line-height: 1.65;\n  font-weight: 300;\n  flex: 1;\n}\n\n.lk-stay-meta {\n  display: flex;\n  align-items: center;\n  gap: 12px;\n  flex-wrap: wrap;\n  margin-top: 4px;\n}\n.lk-stay-price {\n  font-size: 13px;\n  color: #6b7280;\n}\n.lk-stay-price strong {\n  color: #c39f76;\n  font-weight: 500;\n}\n.lk-stay-stars {\n  color: #c39f76;\n  font-size: 11px;\n  letter-spacing: 1px;\n}\n\n\/* \u2500\u2500\u2500 CTA BUTTON \u2500\u2500\u2500 *\/\n.lk-stay-cta {\n  display: inline-flex;\n  align-items: center;\n  justify-content: center;\n  gap: 7px;\n  margin-top: 8px;\n  padding: 11px 20px;\n  border-radius: 8px;\n  background: linear-gradient(135deg, #3685fc 0%, #2a6fd9 100%);\n  color: #fff;\n  font-size: 13px;\n  font-weight: 500;\n  text-decoration: none;\n  letter-spacing: .3px;\n  transition: all .2s ease;\n  cursor: pointer;\n  border: none;\n  text-align: center;\n  box-shadow: 0 4px 12px rgba(54, 133, 252, 0.25);\n}\n.lk-stay-cta:hover {\n  background: linear-gradient(135deg, #2a6fd9 0%, #1e5bc4 100%);\n  transform: translateY(-1px);\n  box-shadow: 0 6px 16px rgba(54, 133, 252, 0.35);\n}\n.lk-stay-cta svg { flex-shrink: 0; }\n\n\/* \u2500\u2500\u2500 FOOTER \u2500\u2500\u2500 *\/\n.lk-stays-footer {\n  padding: 18px 36px;\n  background: linear-gradient(to bottom, #fdfaf5 0%, #f9f4ed 100%);\n  border-top: 1px solid rgba(195, 159, 118, 0.15);\n  display: flex;\n  align-items: center;\n  justify-content: space-between;\n  flex-wrap: wrap;\n  gap: 12px;\n}\n.lk-stays-footer-note {\n  font-size: 11.5px;\n  color: #6b7280;\n  font-weight: 300;\n  line-height: 1.5;\n}\n.lk-stays-footer-note a {\n  color: #c39f76;\n  text-decoration: none;\n  font-weight: 400;\n}\n.lk-stays-footer-note a:hover {\n  text-decoration: underline;\n}\n.lk-stays-all-btn {\n  display: inline-flex;\n  align-items: center;\n  gap: 6px;\n  font-size: 12.5px;\n  font-weight: 500;\n  color: #c39f76;\n  text-decoration: none;\n  border: 1px solid rgba(195, 159, 118, 0.35);\n  padding: 8px 18px;\n  border-radius: 8px;\n  transition: all .2s ease;\n}\n.lk-stays-all-btn:hover {\n  background: rgba(195, 159, 118, 0.08);\n  border-color: rgba(195, 159, 118, 0.5);\n}\n\n\/* \u2500\u2500\u2500 RESPONSIVE \u2500\u2500\u2500 *\/\n@media (max-width: 600px) {\n  .lk-stays-grid { grid-template-columns: 1fr; }\n  .lk-stays-header { padding: 24px 20px; }\n  .lk-stays-footer { padding: 16px 20px; }\n  .lk-stay-card { padding: 22px; }\n  .lk-stays-title { font-size: 20px; }\n}\n<\/style>\n\n  <!-- HEADER -->\n  <div class=\"lk-stays-header\">\n    <img decoding=\"async\" src=\"https:\/\/loudavymkrokem.cz\/wp-content\/uploads\/2026\/02\/lukas-a-lucka.jpg\" alt=\"\" style=\"width: 75px; height: 75px; border-radius: 8px; flex-shrink: 0; object-fit: cover; display: block; margin: 4px 0;\" title=\"\">\n    <div class=\"lk-stays-header-text\">\n      <div class=\"lk-stays-eyebrow\">Luk\u00e1\u0161 \u0219i Lucie recomand\u0103<\/div>\n      <div class=\"lk-stays-title\">Unde s\u0103 te cazezi \u00een P\u00edsek<\/div>\n      <div class=\"lk-stays-subtitle\">5 caz\u0103ri \u2014 hoteluri \u0219i alte op\u021biuni de cazare<\/div>\n    <\/div>\n  <\/div>\n\n  <!-- CARDS -->\n  <div class=\"lk-stays-grid\">\n\n    <a class=\"lk-stay-card featured\" href=\"https:\/\/www.stay22.com\/allez\/roam?aid=lukaskonecny&#038;campaign=loudavymkrokemcz&#038;campaign=ro&#038;campaign=co-videt-v-pisku&#038;hotelname=Hotel%20Biograf&#038;address=P%C3%ADsek%2C%20%C4%8Cesko\" target=\"_blank\" rel=\"nofollow noopener\">\n      <span class=\"lk-stay-badge badge-top\">\u2b50 TOP ALEGERE<\/span>\n      <span class=\"lk-stay-badge badge-nature\">\ud83c\udfe8 Hotel<\/span>\n      <div class=\"lk-stay-name\">Hotel Biograf<\/div>\n      <div class=\"lk-stay-desc\">Hotel de 4 stele \u00eentr-un fost cinematograf. Rating 8.6\/10, camere moderne, saun\u0103 finlandez\u0103, masaje.<\/div>\n      <div class=\"lk-stay-meta\">\n        <span class=\"lk-stay-stars\">\u2605\u2605\u2605\u2605<\/span>\n        <span class=\"lk-stay-price\">Verific\u0103 pre\u021burile<\/span>\n      <\/div>\n      <span class=\"lk-stay-cta\">\n        <svg width=\"14\" height=\"14\" viewBox=\"0 0 24 24\" fill=\"none\" stroke=\"currentColor\" stroke-width=\"2\"><path d=\"M18 13v6a2 2 0 0 1-2 2H5a2 2 0 0 1-2-2V8a2 2 0 0 1 2-2h6\"\/><polyline points=\"15 3 21 3 21 9\"\/><line x1=\"10\" y1=\"14\" x2=\"21\" y2=\"3\"\/><\/svg>\n        Verific\u0103 disponibilitatea\n      <\/span>\n    <\/a>\n\n    <a class=\"lk-stay-card\" href=\"https:\/\/www.stay22.com\/allez\/roam?aid=lukaskonecny&#038;campaign=loudavymkrokemcz&#038;campaign=ro&#038;campaign=co-videt-v-pisku&#038;hotelname=Hotel%20U%20Kapli%C4%8Dky&#038;address=P%C3%ADsek%2C%20%C4%8Cesko\" target=\"_blank\" rel=\"nofollow noopener\">\n      <span class=\"lk-stay-badge badge-nature\">\ud83c\udfe8 Hotel<\/span>\n      <div class=\"lk-stay-name\">Hotel U Kapli\u010dky<\/div>\n      <div class=\"lk-stay-desc\">Hotel clasic cu atmosfer\u0103 pl\u0103cut\u0103 \u0219i restaurant Chapelle (Michelin Selected).<\/div>\n      <div class=\"lk-stay-meta\">\n        <span class=\"lk-stay-stars\">\u2605\u2605\u2605\u2605<\/span>\n        <span class=\"lk-stay-price\">Verific\u0103 pre\u021burile<\/span>\n      <\/div>\n      <span class=\"lk-stay-cta\">\n        <svg width=\"14\" height=\"14\" viewBox=\"0 0 24 24\" fill=\"none\" stroke=\"currentColor\" stroke-width=\"2\"><path d=\"M18 13v6a2 2 0 0 1-2 2H5a2 2 0 0 1-2-2V8a2 2 0 0 1 2-2h6\"\/><polyline points=\"15 3 21 3 21 9\"\/><line x1=\"10\" y1=\"14\" x2=\"21\" y2=\"3\"\/><\/svg>\n        Verific\u0103 disponibilitatea\n      <\/span>\n    <\/a>\n\n    <a class=\"lk-stay-card\" href=\"https:\/\/www.stay22.com\/allez\/roam?aid=lukaskonecny&#038;campaign=loudavymkrokemcz&#038;campaign=ro&#038;campaign=covidetvpisku&#038;address=P%C3%ADsek&#038;hotelname=Rezidence+U+Kamenn%C3%A9ho+mostu&#038;search=Rezidence+U+Kamenn%C3%A9ho+mostu&#038;category=accommodation\" target=\"_blank\" rel=\"nofollow noopener\">\n      <span class=\"lk-stay-badge badge-nature\">\ud83c\udfe1 Pensiune\/B&#038;B<\/span>\n      <div class=\"lk-stay-name\">Rezidence U Kamenn\u00e9ho mostu<\/div>\n      <div class=\"lk-stay-desc\">Apartamente \u00een centrul ora\u0219ului l\u00e2ng\u0103 Podul de Piatr\u0103.<\/div>\n      <div class=\"lk-stay-meta\">\n        <span class=\"lk-stay-stars\">\u2605\u2605\u2605\u2605<\/span>\n        <span class=\"lk-stay-price\">de la 22 EUR\/noapte<\/span>\n      <\/div>\n      <span class=\"lk-stay-cta\">\n        <svg width=\"14\" height=\"14\" viewBox=\"0 0 24 24\" fill=\"none\" stroke=\"currentColor\" stroke-width=\"2\"><path d=\"M18 13v6a2 2 0 0 1-2 2H5a2 2 0 0 1-2-2V8a2 2 0 0 1 2-2h6\"\/><polyline points=\"15 3 21 3 21 9\"\/><line x1=\"10\" y1=\"14\" x2=\"21\" y2=\"3\"\/><\/svg>\n        Verific\u0103 disponibilitatea\n      <\/span>\n    <\/a>\n\n    <a class=\"lk-stay-card\" href=\"https:\/\/www.stay22.com\/allez\/roam?aid=lukaskonecny&#038;campaign=loudavymkrokemcz&#038;campaign=ro&#038;campaign=co-videt-v-pisku&#038;hotelname=Soho%20apartment&#038;address=P%C3%ADsek%2C%20%C4%8Cesko\" target=\"_blank\" rel=\"nofollow noopener\">\n      <span class=\"lk-stay-badge badge-nature\">\ud83c\udfe1 Pensiune\/B&#038;B<\/span>\n      <div class=\"lk-stay-name\">Soho apartment<\/div>\n      <div class=\"lk-stay-desc\">Apartament \u00een centrul ora\u0219ului P\u00edsek.<\/div>\n      <div class=\"lk-stay-meta\">\n        <span class=\"lk-stay-stars\">\u2605\u2605\u2605\u2605<\/span>\n        <span class=\"lk-stay-price\">Verific\u0103 pre\u021burile<\/span>\n      <\/div>\n      <span class=\"lk-stay-cta\">\n        <svg width=\"14\" height=\"14\" viewBox=\"0 0 24 24\" fill=\"none\" stroke=\"currentColor\" stroke-width=\"2\"><path d=\"M18 13v6a2 2 0 0 1-2 2H5a2 2 0 0 1-2-2V8a2 2 0 0 1 2-2h6\"\/><polyline points=\"15 3 21 3 21 9\"\/><line x1=\"10\" y1=\"14\" x2=\"21\" y2=\"3\"\/><\/svg>\n        Verific\u0103 disponibilitatea\n      <\/span>\n    <\/a>\n\n    <a class=\"lk-stay-card\" href=\"https:\/\/www.stay22.com\/allez\/roam?aid=lukaskonecny&#038;campaign=loudavymkrokemcz&#038;campaign=ro&#038;campaign=covidetvpisku&#038;address=p\u00edsek\" target=\"_blank\" rel=\"nofollow noopener\">\n      <span class=\"lk-stay-badge badge-nature\">\ud83d\udd0d Caut\u0103<\/span>\n      <div class=\"lk-stay-name\">Vezi toate caz\u0103rile din P\u00edsek<\/div>\n      <div class=\"lk-stay-desc\">Exploreaz\u0103 toate op\u021biunile de cazare disponibile \u00een P\u00edsek \u0219i g\u0103se\u0219te cea mai bun\u0103 pentru preferin\u021bele \u0219i bugetul t\u0103u.<\/div>\n      <div class=\"lk-stay-meta\">\n        <span class=\"lk-stay-stars\">\u2605\u2605\u2605\u2605<\/span>\n        <span class=\"lk-stay-price\">Compar\u0103 pre\u021burile<\/span>\n      <\/div>\n      <span class=\"lk-stay-cta\">\n        <svg width=\"14\" height=\"14\" viewBox=\"0 0 24 24\" fill=\"none\" stroke=\"currentColor\" stroke-width=\"2\"><path d=\"M18 13v6a2 2 0 0 1-2 2H5a2 2 0 0 1-2-2V8a2 2 0 0 1 2-2h6\"\/><polyline points=\"15 3 21 3 21 9\"\/><line x1=\"10\" y1=\"14\" x2=\"21\" y2=\"3\"\/><\/svg>\n        Verific\u0103 disponibilitatea\n      <\/span>\n    <\/a>\n\n  <\/div>\n\n  \n<\/div>\n\n\n\n\n<h3 class=\"wp-block-heading\"><span class=\"ez-toc-section\" id=\"38_Decanatul\"><\/span>38. Decanatul<span class=\"ez-toc-section-end\"><\/span><\/h3>\n\n\n\n<figure data-wp-context=\"{&quot;imageId&quot;:&quot;6a9557001c28c&quot;}\" data-wp-interactive=\"core\/image\" data-wp-key=\"6a9557001c28c\" class=\"wp-block-image size-full wp-lightbox-container\"><img decoding=\"async\" width=\"2200\" height=\"1467\" data-wp-class--hide=\"state.isContentHidden\" data-wp-class--show=\"state.isContentVisible\" data-wp-init=\"callbacks.setButtonStyles\" data-wp-on--click=\"actions.showLightbox\" data-wp-on--load=\"callbacks.setButtonStyles\" data-wp-on--pointerdown=\"actions.preloadImage\" data-wp-on--pointerenter=\"actions.preloadImageWithDelay\" data-wp-on--pointerleave=\"actions.cancelPreload\" data-wp-on-window--resize=\"callbacks.setButtonStyles\" src=\"https:\/\/loudavymkrokem.cz\/wp-content\/uploads\/2026\/08\/pisek-dekanstvi-bakalare.jpg\" alt=\"Cl\u0103direa decanatului de pe strada Bakal\u00e1\u0159e din P\u00edsek\" class=\"wp-image-399376\" title=\"\" srcset=\"https:\/\/loudavymkrokem.cz\/wp-content\/uploads\/2026\/08\/pisek-dekanstvi-bakalare.jpg 2200w, https:\/\/loudavymkrokem.cz\/wp-content\/uploads\/2026\/08\/pisek-dekanstvi-bakalare-300x200.jpg 300w, https:\/\/loudavymkrokem.cz\/wp-content\/uploads\/2026\/08\/pisek-dekanstvi-bakalare-700x467.jpg 700w, https:\/\/loudavymkrokem.cz\/wp-content\/uploads\/2026\/08\/pisek-dekanstvi-bakalare-768x512.jpg 768w, https:\/\/loudavymkrokem.cz\/wp-content\/uploads\/2026\/08\/pisek-dekanstvi-bakalare-1536x1024.jpg 1536w, https:\/\/loudavymkrokem.cz\/wp-content\/uploads\/2026\/08\/pisek-dekanstvi-bakalare-2048x1366.jpg 2048w, https:\/\/loudavymkrokem.cz\/wp-content\/uploads\/2026\/08\/pisek-dekanstvi-bakalare-696x464.jpg 696w, https:\/\/loudavymkrokem.cz\/wp-content\/uploads\/2026\/08\/pisek-dekanstvi-bakalare-1392x928.jpg 1392w, https:\/\/loudavymkrokem.cz\/wp-content\/uploads\/2026\/08\/pisek-dekanstvi-bakalare-1920x1280.jpg 1920w\" sizes=\"(max-width: 2200px) 100vw, 2200px\" \/><button\n\t\t\tclass=\"lightbox-trigger\"\n\t\t\ttype=\"button\"\n\t\t\taria-haspopup=\"dialog\"\n\t\t\tdata-wp-bind--aria-label=\"state.thisImage.triggerButtonAriaLabel\"\n\t\t\tdata-wp-init=\"callbacks.initTriggerButton\"\n\t\t\tdata-wp-on--click=\"actions.showLightbox\"\n\t\t\tdata-wp-style--right=\"state.thisImage.buttonRight\"\n\t\t\tdata-wp-style--top=\"state.thisImage.buttonTop\"\n\t\t>\n\t\t\t<svg xmlns=\"http:\/\/www.w3.org\/2000\/svg\" width=\"12\" height=\"12\" fill=\"none\" viewBox=\"0 0 12 12\">\n\t\t\t\t<path fill=\"#fff\" d=\"M2 0a2 2 0 0 0-2 2v2h1.5V2a.5.5 0 0 1 .5-.5h2V0H2Zm2 10.5H2a.5.5 0 0 1-.5-.5V8H0v2a2 2 0 0 0 2 2h2v-1.5ZM8 12v-1.5h2a.5.5 0 0 0 .5-.5V8H12v2a2 2 0 0 1-2 2H8Zm2-12a2 2 0 0 1 2 2v2h-1.5V2a.5.5 0 0 0-.5-.5H8V0h2Z\" \/>\n\t\t\t<\/svg>\n\t\t<\/button><\/figure>\n\n\n\n<p class=\"wp-block-paragraph\">Adresa Bakal\u00e1\u0159e 43\/6, chiar l\u00e2ng\u0103 biserica Na\u0219terea Fecioarei Maria. O cl\u0103dire \u00een stil baroc t\u00e2rziu cu elemente clasiciste, a c\u0103rei istorie ajunge p\u00e2n\u0103 \u00een secolul al XIV-lea. Iar cel mai interesant lucru: e literalmente contopit\u0103 cu zidul fortifica\u021biei, iar din ea face parte un bastion gotic. A\u0219a c\u0103, atunci c\u00e2nd intri, intri de fapt \u00een fortifica\u021bii. O adev\u0103rat\u0103 arheologie a construc\u021biei pe viu.<\/p>\n\n\n\n<h3 class=\"wp-block-heading\"><span class=\"ez-toc-section\" id=\"39_Curtinele_de_langa_Poarta_Putimska\"><\/span>39. Curtinele de l\u00e2ng\u0103 Poarta Putimsk\u00e1<span class=\"ez-toc-section-end\"><\/span><\/h3>\n\n\n\n<figure data-wp-context=\"{&quot;imageId&quot;:&quot;6a9557001c7be&quot;}\" data-wp-interactive=\"core\/image\" data-wp-key=\"6a9557001c7be\" class=\"wp-block-image size-full wp-lightbox-container\"><img decoding=\"async\" width=\"2200\" height=\"1467\" data-wp-class--hide=\"state.isContentHidden\" data-wp-class--show=\"state.isContentVisible\" data-wp-init=\"callbacks.setButtonStyles\" data-wp-on--click=\"actions.showLightbox\" data-wp-on--load=\"callbacks.setButtonStyles\" data-wp-on--pointerdown=\"actions.preloadImage\" data-wp-on--pointerenter=\"actions.preloadImageWithDelay\" data-wp-on--pointerleave=\"actions.cancelPreload\" data-wp-on-window--resize=\"callbacks.setButtonStyles\" src=\"https:\/\/loudavymkrokem.cz\/wp-content\/uploads\/2026\/08\/pisek-parkany-hradby.jpg\" alt=\"Curtine \u00eentre zidurile fortifica\u021biilor din P\u00edsek\" class=\"wp-image-399377\" title=\"\" srcset=\"https:\/\/loudavymkrokem.cz\/wp-content\/uploads\/2026\/08\/pisek-parkany-hradby.jpg 2200w, https:\/\/loudavymkrokem.cz\/wp-content\/uploads\/2026\/08\/pisek-parkany-hradby-300x200.jpg 300w, https:\/\/loudavymkrokem.cz\/wp-content\/uploads\/2026\/08\/pisek-parkany-hradby-700x467.jpg 700w, https:\/\/loudavymkrokem.cz\/wp-content\/uploads\/2026\/08\/pisek-parkany-hradby-768x512.jpg 768w, https:\/\/loudavymkrokem.cz\/wp-content\/uploads\/2026\/08\/pisek-parkany-hradby-1536x1024.jpg 1536w, https:\/\/loudavymkrokem.cz\/wp-content\/uploads\/2026\/08\/pisek-parkany-hradby-2048x1366.jpg 2048w, https:\/\/loudavymkrokem.cz\/wp-content\/uploads\/2026\/08\/pisek-parkany-hradby-696x464.jpg 696w, https:\/\/loudavymkrokem.cz\/wp-content\/uploads\/2026\/08\/pisek-parkany-hradby-1392x928.jpg 1392w, https:\/\/loudavymkrokem.cz\/wp-content\/uploads\/2026\/08\/pisek-parkany-hradby-1920x1280.jpg 1920w\" sizes=\"(max-width: 2200px) 100vw, 2200px\" \/><button\n\t\t\tclass=\"lightbox-trigger\"\n\t\t\ttype=\"button\"\n\t\t\taria-haspopup=\"dialog\"\n\t\t\tdata-wp-bind--aria-label=\"state.thisImage.triggerButtonAriaLabel\"\n\t\t\tdata-wp-init=\"callbacks.initTriggerButton\"\n\t\t\tdata-wp-on--click=\"actions.showLightbox\"\n\t\t\tdata-wp-style--right=\"state.thisImage.buttonRight\"\n\t\t\tdata-wp-style--top=\"state.thisImage.buttonTop\"\n\t\t>\n\t\t\t<svg xmlns=\"http:\/\/www.w3.org\/2000\/svg\" width=\"12\" height=\"12\" fill=\"none\" viewBox=\"0 0 12 12\">\n\t\t\t\t<path fill=\"#fff\" d=\"M2 0a2 2 0 0 0-2 2v2h1.5V2a.5.5 0 0 1 .5-.5h2V0H2Zm2 10.5H2a.5.5 0 0 1-.5-.5V8H0v2a2 2 0 0 0 2 2h2v-1.5ZM8 12v-1.5h2a.5.5 0 0 0 .5-.5V8H12v2a2 2 0 0 1-2 2H8Zm2-12a2 2 0 0 1 2 2v2h-1.5V2a.5.5 0 0 0-.5-.5H8V0h2Z\" \/>\n\t\t\t<\/svg>\n\t\t<\/button><\/figure>\n\n\n\n<p class=\"wp-block-paragraph\">Spa\u021biul dintre zidurile fortifica\u021biilor, care a trecut printr-o renovare \u0219i s-a transformat \u00eentr-o frumoas\u0103 zon\u0103 de relaxare. Perspective spre vechile bastioane, b\u0103nci, lini\u0219te. Locul ideal c\u00e2nd ai nevoie s\u0103 dispari o clip\u0103 din agita\u021bia centrului, dar nu vrei s\u0103 mergi nic\u0103ieri departe.<\/p>\n\n\n\n<h2 class=\"wp-block-heading\"><span class=\"ez-toc-section\" id=\"Ce_poti_face_in_Pisek_cu_copiii_sfaturi_pentru_familii_in_oras_si_imprejurimi\"><\/span>Ce po\u021bi face \u00een P\u00edsek cu copiii: sfaturi pentru familii \u00een ora\u0219 \u0219i \u00eemprejurimi<span class=\"ez-toc-section-end\"><\/span><\/h2>\n\n\n\n<p class=\"wp-block-paragraph\">P\u00edsek e un ora\u0219 \u00een care nu te plictise\u0219ti cu copiii. \u0218i asta o spun ca <strong>mam\u0103 a lui Jon\u00e1\u0161ek, de doi ani<\/strong>, cu care petrec aici majoritatea zilelor. Fie c\u0103 se ca\u021b\u0103r\u0103 copiii pe exponatele uria\u0219e de la Sladovna, hr\u0103nesc cerbii lop\u0103tari \u00een rezerva\u021bie sau se joac\u0103 pe locurile de joac\u0103 din parc. Iat\u0103 sfaturile mele despre unde s\u0103 mergi cu familia chiar \u00een ora\u0219, plus c\u00e2teva excursii \u00een \u00eemprejurimi, pe care le avem dup\u0103 col\u021b.<\/p>\n\n\n\n<p class=\"wp-block-paragraph\"><strong>Cite\u0219te \u0219i: <a href=\"https:\/\/loudavymkrokem.cz\/ro\/pisek-cu-copiii\/\">P\u00edsek cu copiii: 40 de sfaturi de la o mam\u0103 localnic\u0103 despre spa\u021bii de joac\u0103 \u0219i excursii<\/a><\/strong>, unde g\u0103se\u0219ti un ghid complet pentru familii, cu toate spa\u021biile de joac\u0103, terenurile \u0219i pre\u021burile.<\/p>\n\n\n\n<h3 class=\"wp-block-heading\"><span class=\"ez-toc-section\" id=\"Sladovna_Pisek_galerie_uriasa_prin_joaca\"><\/span>Sladovna P\u00edsek: galerie uria\u0219\u0103 prin joac\u0103<span class=\"ez-toc-section-end\"><\/span><\/h3>\n\n\n\n<figure data-wp-context=\"{&quot;imageId&quot;:&quot;6a9557001ce91&quot;}\" data-wp-interactive=\"core\/image\" data-wp-key=\"6a9557001ce91\" class=\"wp-block-image size-full wp-lightbox-container\"><img decoding=\"async\" width=\"2200\" height=\"1467\" data-wp-class--hide=\"state.isContentHidden\" data-wp-class--show=\"state.isContentVisible\" data-wp-init=\"callbacks.setButtonStyles\" data-wp-on--click=\"actions.showLightbox\" data-wp-on--load=\"callbacks.setButtonStyles\" data-wp-on--pointerdown=\"actions.preloadImage\" data-wp-on--pointerenter=\"actions.preloadImageWithDelay\" data-wp-on--pointerleave=\"actions.cancelPreload\" data-wp-on-window--resize=\"callbacks.setButtonStyles\" src=\"https:\/\/loudavymkrokem.cz\/wp-content\/uploads\/2026\/08\/pisek-sladovna.jpg\" alt=\"Sladovna P\u00edsek, galerie prin joac\u0103 pentru copii\" class=\"wp-image-399379\" title=\"\" srcset=\"https:\/\/loudavymkrokem.cz\/wp-content\/uploads\/2026\/08\/pisek-sladovna.jpg 2200w, https:\/\/loudavymkrokem.cz\/wp-content\/uploads\/2026\/08\/pisek-sladovna-300x200.jpg 300w, https:\/\/loudavymkrokem.cz\/wp-content\/uploads\/2026\/08\/pisek-sladovna-700x467.jpg 700w, https:\/\/loudavymkrokem.cz\/wp-content\/uploads\/2026\/08\/pisek-sladovna-768x512.jpg 768w, https:\/\/loudavymkrokem.cz\/wp-content\/uploads\/2026\/08\/pisek-sladovna-1536x1024.jpg 1536w, https:\/\/loudavymkrokem.cz\/wp-content\/uploads\/2026\/08\/pisek-sladovna-2048x1366.jpg 2048w, https:\/\/loudavymkrokem.cz\/wp-content\/uploads\/2026\/08\/pisek-sladovna-696x464.jpg 696w, https:\/\/loudavymkrokem.cz\/wp-content\/uploads\/2026\/08\/pisek-sladovna-1392x928.jpg 1392w, https:\/\/loudavymkrokem.cz\/wp-content\/uploads\/2026\/08\/pisek-sladovna-1920x1280.jpg 1920w\" sizes=\"(max-width: 2200px) 100vw, 2200px\" \/><button\n\t\t\tclass=\"lightbox-trigger\"\n\t\t\ttype=\"button\"\n\t\t\taria-haspopup=\"dialog\"\n\t\t\tdata-wp-bind--aria-label=\"state.thisImage.triggerButtonAriaLabel\"\n\t\t\tdata-wp-init=\"callbacks.initTriggerButton\"\n\t\t\tdata-wp-on--click=\"actions.showLightbox\"\n\t\t\tdata-wp-style--right=\"state.thisImage.buttonRight\"\n\t\t\tdata-wp-style--top=\"state.thisImage.buttonTop\"\n\t\t>\n\t\t\t<svg xmlns=\"http:\/\/www.w3.org\/2000\/svg\" width=\"12\" height=\"12\" fill=\"none\" viewBox=\"0 0 12 12\">\n\t\t\t\t<path fill=\"#fff\" d=\"M2 0a2 2 0 0 0-2 2v2h1.5V2a.5.5 0 0 1 .5-.5h2V0H2Zm2 10.5H2a.5.5 0 0 1-.5-.5V8H0v2a2 2 0 0 0 2 2h2v-1.5ZM8 12v-1.5h2a.5.5 0 0 0 .5-.5V8H12v2a2 2 0 0 1-2 2H8Zm2-12a2 2 0 0 1 2 2v2h-1.5V2a.5.5 0 0 0-.5-.5H8V0h2Z\" \/>\n\t\t\t<\/svg>\n\t\t<\/button><\/figure>\n\n\n\n<p class=\"wp-block-paragraph\">Aceasta e pur \u0219i simplu num\u0103rul unu. Patru etaje pline de expozi\u021bii interactive, unde copiii (\u0219i, hai s\u0103 recunoa\u0219tem, \u0219i p\u0103rin\u021bii) se joac\u0103, exploreaz\u0103, construiesc \u0219i descoper\u0103. Pentru cei mici, de la 0 la 6 ani, e aici <strong>Pila\u0159i\u0161t\u011b<\/strong>, un spa\u021biu sigur plin de stimuli. Pe copiii mai mari \u00eei \u00eenghite <strong>Mraveni\u0161t\u011b<\/strong> \u0219i expozi\u021biile tematice care se schimb\u0103.<\/p>\n\n\n\n<p class=\"wp-block-paragraph\">Deschis de mar\u021bi p\u00e2n\u0103 duminic\u0103, \u00eentre orele 9\u201317, iar vara zilnic, inclusiv luni, p\u00e2n\u0103 la ora 18. Intrare <strong>33 lei de persoan\u0103 (150 K\u010d)<\/strong>, Pila\u0159i\u0161t\u011b <strong>26 lei (120 K\u010d)<\/strong>, biletul de familie 2+2 cost\u0103 110 lei (500 K\u010d), iar copiii sub 3 ani intr\u0103 gratuit. \u0218i un sfat important \u2014 <strong>rezerv\u0103 online<\/strong>, mai ales \u00een weekend \u0219i \u00een vacan\u021be, pentru c\u0103 de obicei e plin.<\/p>\n\n\n\n<h3 class=\"wp-block-heading\"><span class=\"ez-toc-section\" id=\"Sculpturile_din_nisip_de_pe_mal_fostul_Cipiskoviste\"><\/span>Sculpturile din nisip de pe mal (fostul Cip\u00edskovi\u0161t\u011b)<span class=\"ez-toc-section-end\"><\/span><\/h3>\n\n\n\n<figure data-wp-context=\"{&quot;imageId&quot;:&quot;6a9557001d41e&quot;}\" data-wp-interactive=\"core\/image\" data-wp-key=\"6a9557001d41e\" class=\"wp-block-image size-full wp-lightbox-container\"><img decoding=\"async\" width=\"2000\" height=\"1333\" data-wp-class--hide=\"state.isContentHidden\" data-wp-class--show=\"state.isContentVisible\" data-wp-init=\"callbacks.setButtonStyles\" data-wp-on--click=\"actions.showLightbox\" data-wp-on--load=\"callbacks.setButtonStyles\" data-wp-on--pointerdown=\"actions.preloadImage\" data-wp-on--pointerenter=\"actions.preloadImageWithDelay\" data-wp-on--pointerleave=\"actions.cancelPreload\" data-wp-on-window--resize=\"callbacks.setButtonStyles\" src=\"https:\/\/loudavymkrokem.cz\/wp-content\/uploads\/2026\/08\/sochy-z-pisku-naplavka-kamenny-most.jpg\" alt=\"Sculpturi din nisip pe malul Otavei, l\u00e2ng\u0103 Podul de piatr\u0103 din P\u00edsek\" class=\"wp-image-399607\" title=\"\" srcset=\"https:\/\/loudavymkrokem.cz\/wp-content\/uploads\/2026\/08\/sochy-z-pisku-naplavka-kamenny-most.jpg 2000w, https:\/\/loudavymkrokem.cz\/wp-content\/uploads\/2026\/08\/sochy-z-pisku-naplavka-kamenny-most-300x200.jpg 300w, https:\/\/loudavymkrokem.cz\/wp-content\/uploads\/2026\/08\/sochy-z-pisku-naplavka-kamenny-most-700x467.jpg 700w, https:\/\/loudavymkrokem.cz\/wp-content\/uploads\/2026\/08\/sochy-z-pisku-naplavka-kamenny-most-768x512.jpg 768w, https:\/\/loudavymkrokem.cz\/wp-content\/uploads\/2026\/08\/sochy-z-pisku-naplavka-kamenny-most-1536x1024.jpg 1536w, https:\/\/loudavymkrokem.cz\/wp-content\/uploads\/2026\/08\/sochy-z-pisku-naplavka-kamenny-most-696x464.jpg 696w, https:\/\/loudavymkrokem.cz\/wp-content\/uploads\/2026\/08\/sochy-z-pisku-naplavka-kamenny-most-1392x928.jpg 1392w, https:\/\/loudavymkrokem.cz\/wp-content\/uploads\/2026\/08\/sochy-z-pisku-naplavka-kamenny-most-1920x1280.jpg 1920w\" sizes=\"(max-width: 2000px) 100vw, 2000px\" \/><button\n\t\t\tclass=\"lightbox-trigger\"\n\t\t\ttype=\"button\"\n\t\t\taria-haspopup=\"dialog\"\n\t\t\tdata-wp-bind--aria-label=\"state.thisImage.triggerButtonAriaLabel\"\n\t\t\tdata-wp-init=\"callbacks.initTriggerButton\"\n\t\t\tdata-wp-on--click=\"actions.showLightbox\"\n\t\t\tdata-wp-style--right=\"state.thisImage.buttonRight\"\n\t\t\tdata-wp-style--top=\"state.thisImage.buttonTop\"\n\t\t>\n\t\t\t<svg xmlns=\"http:\/\/www.w3.org\/2000\/svg\" width=\"12\" height=\"12\" fill=\"none\" viewBox=\"0 0 12 12\">\n\t\t\t\t<path fill=\"#fff\" d=\"M2 0a2 2 0 0 0-2 2v2h1.5V2a.5.5 0 0 1 .5-.5h2V0H2Zm2 10.5H2a.5.5 0 0 1-.5-.5V8H0v2a2 2 0 0 0 2 2h2v-1.5ZM8 12v-1.5h2a.5.5 0 0 0 .5-.5V8H12v2a2 2 0 0 1-2 2H8Zm2-12a2 2 0 0 1 2 2v2h-1.5V2a.5.5 0 0 0-.5-.5H8V0h2Z\" \/>\n\t\t\t<\/svg>\n\t\t<\/button><\/figure>\n\n\n\n<p class=\"wp-block-paragraph\">Sculpturi uria\u0219e din nisip chiar l\u00e2ng\u0103 Podul de piatr\u0103, pe malul Otavei. \u00cen fiecare an, o tem\u0103 nou\u0103, o nou\u0103 uimire. Evenimentul se numea c\u00e2ndva Cip\u00edskovi\u0161t\u011b, dar ast\u0103zi se nume\u0219te oficial Sculpturi din nisip \u00een P\u00edsek, iar prim\u0103vara e \u00eenso\u021bit de festivalul de familie P\u00edskovi\u0161t\u011b. Func\u021bioneaz\u0103 din prim\u0103var\u0103 p\u00e2n\u0103 vara \u0219i e gratuit, pur \u0219i simplu vii \u0219i te ui\u021bi. Copiii r\u0103m\u00e2n ului\u021bi.<\/p>\n\n\n\n<h3 class=\"wp-block-heading\"><span class=\"ez-toc-section\" id=\"Travel_Cafe_cafeneaua_cu_groapa_de_nisip\"><\/span>Travel Cafe: cafeneaua cu groap\u0103 de nisip<span class=\"ez-toc-section-end\"><\/span><\/h3>\n\n\n\n<figure data-wp-context=\"{&quot;imageId&quot;:&quot;6a9557001d990&quot;}\" data-wp-interactive=\"core\/image\" data-wp-key=\"6a9557001d990\" class=\"wp-block-image size-full wp-lightbox-container\"><img decoding=\"async\" width=\"2200\" height=\"1650\" data-wp-class--hide=\"state.isContentHidden\" data-wp-class--show=\"state.isContentVisible\" data-wp-init=\"callbacks.setButtonStyles\" data-wp-on--click=\"actions.showLightbox\" data-wp-on--load=\"callbacks.setButtonStyles\" data-wp-on--pointerdown=\"actions.preloadImage\" data-wp-on--pointerenter=\"actions.preloadImageWithDelay\" data-wp-on--pointerleave=\"actions.cancelPreload\" data-wp-on-window--resize=\"callbacks.setButtonStyles\" src=\"https:\/\/loudavymkrokem.cz\/wp-content\/uploads\/2026\/08\/pisek-travel-cafe-piskoviste-domecek.jpg\" alt=\"Groap\u0103 de nisip cu c\u0103su\u021b\u0103 \u00een gr\u0103dina cafenelei Travel Cafe din P\u00edsek\" class=\"wp-image-399550\" title=\"\" srcset=\"https:\/\/loudavymkrokem.cz\/wp-content\/uploads\/2026\/08\/pisek-travel-cafe-piskoviste-domecek.jpg 2200w, https:\/\/loudavymkrokem.cz\/wp-content\/uploads\/2026\/08\/pisek-travel-cafe-piskoviste-domecek-300x225.jpg 300w, https:\/\/loudavymkrokem.cz\/wp-content\/uploads\/2026\/08\/pisek-travel-cafe-piskoviste-domecek-700x525.jpg 700w, https:\/\/loudavymkrokem.cz\/wp-content\/uploads\/2026\/08\/pisek-travel-cafe-piskoviste-domecek-768x576.jpg 768w, https:\/\/loudavymkrokem.cz\/wp-content\/uploads\/2026\/08\/pisek-travel-cafe-piskoviste-domecek-1536x1152.jpg 1536w, https:\/\/loudavymkrokem.cz\/wp-content\/uploads\/2026\/08\/pisek-travel-cafe-piskoviste-domecek-2048x1536.jpg 2048w, https:\/\/loudavymkrokem.cz\/wp-content\/uploads\/2026\/08\/pisek-travel-cafe-piskoviste-domecek-80x60.jpg 80w, https:\/\/loudavymkrokem.cz\/wp-content\/uploads\/2026\/08\/pisek-travel-cafe-piskoviste-domecek-160x120.jpg 160w, https:\/\/loudavymkrokem.cz\/wp-content\/uploads\/2026\/08\/pisek-travel-cafe-piskoviste-domecek-696x522.jpg 696w, https:\/\/loudavymkrokem.cz\/wp-content\/uploads\/2026\/08\/pisek-travel-cafe-piskoviste-domecek-1392x1044.jpg 1392w, https:\/\/loudavymkrokem.cz\/wp-content\/uploads\/2026\/08\/pisek-travel-cafe-piskoviste-domecek-1920x1440.jpg 1920w\" sizes=\"(max-width: 2200px) 100vw, 2200px\" \/><button\n\t\t\tclass=\"lightbox-trigger\"\n\t\t\ttype=\"button\"\n\t\t\taria-haspopup=\"dialog\"\n\t\t\tdata-wp-bind--aria-label=\"state.thisImage.triggerButtonAriaLabel\"\n\t\t\tdata-wp-init=\"callbacks.initTriggerButton\"\n\t\t\tdata-wp-on--click=\"actions.showLightbox\"\n\t\t\tdata-wp-style--right=\"state.thisImage.buttonRight\"\n\t\t\tdata-wp-style--top=\"state.thisImage.buttonTop\"\n\t\t>\n\t\t\t<svg xmlns=\"http:\/\/www.w3.org\/2000\/svg\" width=\"12\" height=\"12\" fill=\"none\" viewBox=\"0 0 12 12\">\n\t\t\t\t<path fill=\"#fff\" d=\"M2 0a2 2 0 0 0-2 2v2h1.5V2a.5.5 0 0 1 .5-.5h2V0H2Zm2 10.5H2a.5.5 0 0 1-.5-.5V8H0v2a2 2 0 0 0 2 2h2v-1.5ZM8 12v-1.5h2a.5.5 0 0 0 .5-.5V8H12v2a2 2 0 0 1-2 2H8Zm2-12a2 2 0 0 1 2 2v2h-1.5V2a.5.5 0 0 0-.5-.5H8V0h2Z\" \/>\n\t\t\t<\/svg>\n\t\t<\/button><\/figure>\n\n\n\n<p class=\"wp-block-paragraph\">Aceasta e <strong>constanta noastr\u0103 de familie<\/strong> \u0219i, dup\u0103 mine, cea mai bun\u0103 cafenea din P\u00edsek. <strong>Travel Cafe<\/strong> o g\u0103se\u0219ti pe strada Komensk\u00e9ho, sub liceu, la dou\u0103 minute de Velk\u00e9 n\u00e1m\u011bst\u00ed. Diminea\u021ba mic dejun \u0219i brunch, peste zi bistro cu cafea de specialitate, seara un pahar de vin \u0219i, mai ales, <strong>o gr\u0103din\u0103 \u00een curtea interioar\u0103 cu groap\u0103 de nisip \u0219i c\u0103su\u021b\u0103<\/strong>, datorit\u0103 c\u0103reia \u00ee\u021bi termini cu adev\u0103rat cafeaua \u00een lini\u0219te. Aici st\u0103m aproape mereu afar\u0103 \u0219i m\u00e2nc\u0103m cu to\u021bii: au mic dejun perfect \u0219i pr\u00e2nzuri u\u0219oare, iar cel mic al nostru \u00ee\u0219i comand\u0103 cl\u0103tite. Vara organizeaz\u0103 \u0219i spectacole pentru copii.<\/p>\n\n\n\n<p class=\"wp-block-paragraph\">\ud83d\udca1 <strong>Sfat:<\/strong> Col\u021b de joac\u0103 pentru copii au \u0219i <strong>SOHO Cafe<\/strong> din Velk\u00e9 n\u00e1m\u011bst\u00ed, <strong>Sova na V\u011btvi<\/strong> l\u00e2ng\u0103 Podul de piatr\u0103 \u0219i <strong>Upekla<\/strong> din bibliotec\u0103 (groap\u0103 de nisip \u00een curtea interioar\u0103).<\/p>\n\n\n\n<h3 class=\"wp-block-heading\"><span class=\"ez-toc-section\" id=\"Spatii_de_joaca_in_Pisek_Myska_herna_si_altele\"><\/span>Spa\u021bii de joac\u0103 \u00een P\u00edsek: My\u0161ka herna \u0219i altele<span class=\"ez-toc-section-end\"><\/span><\/h3>\n\n\n\n<figure data-wp-context=\"{&quot;imageId&quot;:&quot;6a9557001df9c&quot;}\" data-wp-interactive=\"core\/image\" data-wp-key=\"6a9557001df9c\" class=\"wp-block-image size-full wp-lightbox-container\"><img decoding=\"async\" width=\"2200\" height=\"1467\" data-wp-class--hide=\"state.isContentHidden\" data-wp-class--show=\"state.isContentVisible\" data-wp-init=\"callbacks.setButtonStyles\" data-wp-on--click=\"actions.showLightbox\" data-wp-on--load=\"callbacks.setButtonStyles\" data-wp-on--pointerdown=\"actions.preloadImage\" data-wp-on--pointerenter=\"actions.preloadImageWithDelay\" data-wp-on--pointerleave=\"actions.cancelPreload\" data-wp-on-window--resize=\"callbacks.setButtonStyles\" src=\"https:\/\/loudavymkrokem.cz\/wp-content\/uploads\/2026\/08\/pisek-myska-herna-bazenek-s-micky.jpg\" alt=\"Bazin cu bile \u00een spa\u021biul de joac\u0103 My\u0161ka herna din P\u00edsek\" class=\"wp-image-399531\" title=\"\" srcset=\"https:\/\/loudavymkrokem.cz\/wp-content\/uploads\/2026\/08\/pisek-myska-herna-bazenek-s-micky.jpg 2200w, https:\/\/loudavymkrokem.cz\/wp-content\/uploads\/2026\/08\/pisek-myska-herna-bazenek-s-micky-300x200.jpg 300w, https:\/\/loudavymkrokem.cz\/wp-content\/uploads\/2026\/08\/pisek-myska-herna-bazenek-s-micky-700x467.jpg 700w, https:\/\/loudavymkrokem.cz\/wp-content\/uploads\/2026\/08\/pisek-myska-herna-bazenek-s-micky-768x512.jpg 768w, https:\/\/loudavymkrokem.cz\/wp-content\/uploads\/2026\/08\/pisek-myska-herna-bazenek-s-micky-1536x1024.jpg 1536w, https:\/\/loudavymkrokem.cz\/wp-content\/uploads\/2026\/08\/pisek-myska-herna-bazenek-s-micky-2048x1366.jpg 2048w, https:\/\/loudavymkrokem.cz\/wp-content\/uploads\/2026\/08\/pisek-myska-herna-bazenek-s-micky-696x464.jpg 696w, https:\/\/loudavymkrokem.cz\/wp-content\/uploads\/2026\/08\/pisek-myska-herna-bazenek-s-micky-1392x928.jpg 1392w, https:\/\/loudavymkrokem.cz\/wp-content\/uploads\/2026\/08\/pisek-myska-herna-bazenek-s-micky-1920x1280.jpg 1920w\" sizes=\"(max-width: 2200px) 100vw, 2200px\" \/><button\n\t\t\tclass=\"lightbox-trigger\"\n\t\t\ttype=\"button\"\n\t\t\taria-haspopup=\"dialog\"\n\t\t\tdata-wp-bind--aria-label=\"state.thisImage.triggerButtonAriaLabel\"\n\t\t\tdata-wp-init=\"callbacks.initTriggerButton\"\n\t\t\tdata-wp-on--click=\"actions.showLightbox\"\n\t\t\tdata-wp-style--right=\"state.thisImage.buttonRight\"\n\t\t\tdata-wp-style--top=\"state.thisImage.buttonTop\"\n\t\t>\n\t\t\t<svg xmlns=\"http:\/\/www.w3.org\/2000\/svg\" width=\"12\" height=\"12\" fill=\"none\" viewBox=\"0 0 12 12\">\n\t\t\t\t<path fill=\"#fff\" d=\"M2 0a2 2 0 0 0-2 2v2h1.5V2a.5.5 0 0 1 .5-.5h2V0H2Zm2 10.5H2a.5.5 0 0 1-.5-.5V8H0v2a2 2 0 0 0 2 2h2v-1.5ZM8 12v-1.5h2a.5.5 0 0 0 .5-.5V8H12v2a2 2 0 0 1-2 2H8Zm2-12a2 2 0 0 1 2 2v2h-1.5V2a.5.5 0 0 0-.5-.5H8V0h2Z\" \/>\n\t\t\t<\/svg>\n\t\t<\/button><\/figure>\n\n\n\n<p class=\"wp-block-paragraph\">C\u00e2nd vremea nu e prietenoas\u0103, ne salveaz\u0103 spa\u021biile de joac\u0103. Cel mai mare loc de joac\u0103 interior din ora\u0219 e <strong>My\u0161ka herna<\/strong> (V Porty\u010di 450): tobogane, trambulin\u0103, cuburi de burete \u0219i cafenea pentru p\u0103rin\u021bi. Dot\u0103rile sunt deja cam \u00eenvechite, dar r\u0103m\u00e2ne cel mai mare spa\u021biu de joac\u0103 din P\u00edsek, a\u0219a c\u0103 mergem acolo. Accesul pe toat\u0103 ziua pentru un copil de la 1 la 10 ani cost\u0103 <strong>28 lei (129 K\u010d)<\/strong>, o or\u0103 18 lei (84 K\u010d), adul\u021bii 11 lei (50 K\u010d), vinerea e \u00eenchis. Copiii de la un an la trei ani vor aprecia joia atelierele montessori <strong>Fazole<\/strong> (44 lei \/ 200 K\u010d, max. 6 copii), iar \u0219colarii vor aprecia <strong>centrul de escalad\u0103 LezeTop<\/strong> cu perete pentru copii sau <strong>Laser Arena<\/strong> din magazinul Luna.<\/p>\n\n\n\n<p class=\"wp-block-paragraph\">Lista complet\u0103 a spa\u021biilor de joac\u0103, cu program \u0219i pre\u021buri, o g\u0103se\u0219ti \u00een articolul <a href=\"https:\/\/loudavymkrokem.cz\/ro\/pisek-cu-copiii\/\">P\u00edsek cu copiii<\/a>, iar o list\u0103 actualizat\u0103 permanent a spa\u021biilor de joac\u0103, a cafenelelor cu col\u021b de joac\u0103 \u0219i a terenurilor pe <a href=\"https:\/\/pisek.info\/deti\/hernicky\" target=\"_blank\" rel=\"noopener\">pisek.info\/deti\/hernicky<\/a>.<\/p>\n\n\n\n<h3 class=\"wp-block-heading\"><span class=\"ez-toc-section\" id=\"Rezervatia_U_Vodaka\"><\/span>Rezerva\u021bia U Vod\u00e1ka<span class=\"ez-toc-section-end\"><\/span><\/h3>\n\n\n\n<figure data-wp-context=\"{&quot;imageId&quot;:&quot;6a9557001e552&quot;}\" data-wp-interactive=\"core\/image\" data-wp-key=\"6a9557001e552\" class=\"wp-block-image size-full wp-lightbox-container\"><img decoding=\"async\" width=\"960\" height=\"640\" data-wp-class--hide=\"state.isContentHidden\" data-wp-class--show=\"state.isContentVisible\" data-wp-init=\"callbacks.setButtonStyles\" data-wp-on--click=\"actions.showLightbox\" data-wp-on--load=\"callbacks.setButtonStyles\" data-wp-on--pointerdown=\"actions.preloadImage\" data-wp-on--pointerenter=\"actions.preloadImageWithDelay\" data-wp-on--pointerleave=\"actions.cancelPreload\" data-wp-on-window--resize=\"callbacks.setButtonStyles\" src=\"https:\/\/loudavymkrokem.cz\/wp-content\/uploads\/2026\/08\/oburka-u-vodaka-danci.jpg\" alt=\"Cerbi lop\u0103tari \u00een rezerva\u021bia U Vod\u00e1ka din Mun\u021bii P\u00edseck\u00fdch hor\" class=\"wp-image-399639\" title=\"\" srcset=\"https:\/\/loudavymkrokem.cz\/wp-content\/uploads\/2026\/08\/oburka-u-vodaka-danci.jpg 960w, https:\/\/loudavymkrokem.cz\/wp-content\/uploads\/2026\/08\/oburka-u-vodaka-danci-300x200.jpg 300w, https:\/\/loudavymkrokem.cz\/wp-content\/uploads\/2026\/08\/oburka-u-vodaka-danci-700x467.jpg 700w, https:\/\/loudavymkrokem.cz\/wp-content\/uploads\/2026\/08\/oburka-u-vodaka-danci-768x512.jpg 768w, https:\/\/loudavymkrokem.cz\/wp-content\/uploads\/2026\/08\/oburka-u-vodaka-danci-696x464.jpg 696w\" sizes=\"(max-width: 960px) 100vw, 960px\" \/><button\n\t\t\tclass=\"lightbox-trigger\"\n\t\t\ttype=\"button\"\n\t\t\taria-haspopup=\"dialog\"\n\t\t\tdata-wp-bind--aria-label=\"state.thisImage.triggerButtonAriaLabel\"\n\t\t\tdata-wp-init=\"callbacks.initTriggerButton\"\n\t\t\tdata-wp-on--click=\"actions.showLightbox\"\n\t\t\tdata-wp-style--right=\"state.thisImage.buttonRight\"\n\t\t\tdata-wp-style--top=\"state.thisImage.buttonTop\"\n\t\t>\n\t\t\t<svg xmlns=\"http:\/\/www.w3.org\/2000\/svg\" width=\"12\" height=\"12\" fill=\"none\" viewBox=\"0 0 12 12\">\n\t\t\t\t<path fill=\"#fff\" d=\"M2 0a2 2 0 0 0-2 2v2h1.5V2a.5.5 0 0 1 .5-.5h2V0H2Zm2 10.5H2a.5.5 0 0 1-.5-.5V8H0v2a2 2 0 0 0 2 2h2v-1.5ZM8 12v-1.5h2a.5.5 0 0 0 .5-.5V8H12v2a2 2 0 0 1-2 2H8Zm2-12a2 2 0 0 1 2 2v2h-1.5V2a.5.5 0 0 0-.5-.5H8V0h2Z\" \/>\n\t\t\t<\/svg>\n\t\t<\/button><\/figure>\n\n\n\n<p class=\"wp-block-paragraph\">O rezerva\u021bie forestier\u0103 unde po\u021bi observa <strong>muflonii \u0219i cerbii lop\u0103tari<\/strong> de pe o platform\u0103 de belvedere \u0219i de-a lungul gardului. Animalele sunt obi\u0219nuite cu oamenii, a\u0219a c\u0103 aproape mereu le vezi, iar cerbii lop\u0103tari mai ales se las\u0103 bucuro\u0219i admira\u021bi. Plimbarea e u\u0219oar\u0103, o duc \u0219i picioru\u0219ele mici, iar p\u0103durea din jur e frumoas\u0103 \u00een orice anotimp.<\/p>\n\n\n\n<h3 class=\"wp-block-heading\"><span class=\"ez-toc-section\" id=\"Cabana_Zivec_si_labirintul_3D\"><\/span>Cabana \u017divec \u0219i labirintul 3D<span class=\"ez-toc-section-end\"><\/span><\/h3>\n\n\n\n<figure data-wp-context=\"{&quot;imageId&quot;:&quot;6a9557001eb06&quot;}\" data-wp-interactive=\"core\/image\" data-wp-key=\"6a9557001eb06\" class=\"wp-block-image size-full wp-lightbox-container\"><img decoding=\"async\" width=\"1200\" height=\"600\" data-wp-class--hide=\"state.isContentHidden\" data-wp-class--show=\"state.isContentVisible\" data-wp-init=\"callbacks.setButtonStyles\" data-wp-on--click=\"actions.showLightbox\" data-wp-on--load=\"callbacks.setButtonStyles\" data-wp-on--pointerdown=\"actions.preloadImage\" data-wp-on--pointerenter=\"actions.preloadImageWithDelay\" data-wp-on--pointerleave=\"actions.cancelPreload\" data-wp-on-window--resize=\"callbacks.setButtonStyles\" src=\"https:\/\/loudavymkrokem.cz\/wp-content\/uploads\/2026\/08\/chata-zivec-3d-bludiste-pisecke-hory.jpg\" alt=\"Loc de joac\u0103 cu fr\u00e2nghii \u0219i labirint 3D la cabana \u017divec din Mun\u021bii P\u00edseck\u00fdch hor\" class=\"wp-image-399626\" title=\"\" srcset=\"https:\/\/loudavymkrokem.cz\/wp-content\/uploads\/2026\/08\/chata-zivec-3d-bludiste-pisecke-hory.jpg 1200w, https:\/\/loudavymkrokem.cz\/wp-content\/uploads\/2026\/08\/chata-zivec-3d-bludiste-pisecke-hory-300x150.jpg 300w, https:\/\/loudavymkrokem.cz\/wp-content\/uploads\/2026\/08\/chata-zivec-3d-bludiste-pisecke-hory-700x350.jpg 700w, https:\/\/loudavymkrokem.cz\/wp-content\/uploads\/2026\/08\/chata-zivec-3d-bludiste-pisecke-hory-768x384.jpg 768w, https:\/\/loudavymkrokem.cz\/wp-content\/uploads\/2026\/08\/chata-zivec-3d-bludiste-pisecke-hory-696x348.jpg 696w\" sizes=\"(max-width: 1200px) 100vw, 1200px\" \/><button\n\t\t\tclass=\"lightbox-trigger\"\n\t\t\ttype=\"button\"\n\t\t\taria-haspopup=\"dialog\"\n\t\t\tdata-wp-bind--aria-label=\"state.thisImage.triggerButtonAriaLabel\"\n\t\t\tdata-wp-init=\"callbacks.initTriggerButton\"\n\t\t\tdata-wp-on--click=\"actions.showLightbox\"\n\t\t\tdata-wp-style--right=\"state.thisImage.buttonRight\"\n\t\t\tdata-wp-style--top=\"state.thisImage.buttonTop\"\n\t\t>\n\t\t\t<svg xmlns=\"http:\/\/www.w3.org\/2000\/svg\" width=\"12\" height=\"12\" fill=\"none\" viewBox=\"0 0 12 12\">\n\t\t\t\t<path fill=\"#fff\" d=\"M2 0a2 2 0 0 0-2 2v2h1.5V2a.5.5 0 0 1 .5-.5h2V0H2Zm2 10.5H2a.5.5 0 0 1-.5-.5V8H0v2a2 2 0 0 0 2 2h2v-1.5ZM8 12v-1.5h2a.5.5 0 0 0 .5-.5V8H12v2a2 2 0 0 1-2 2H8Zm2-12a2 2 0 0 1 2 2v2h-1.5V2a.5.5 0 0 0-.5-.5H8V0h2Z\" \/>\n\t\t\t<\/svg>\n\t\t<\/button><\/figure>\n\n\n\n<p class=\"wp-block-paragraph\">\u00cen Mun\u021bii P\u00edseck\u00fdch hor g\u0103se\u0219ti cabana \u017divec, cu un loc de joac\u0103 \u00een p\u0103dure \u0219i, mai ales, cu un <strong>labirint din plase \u00een coroanele copacilor<\/strong>. Copiii se ca\u021b\u0103r\u0103 acolo, se strecoar\u0103, at\u00e2rn\u0103 \u00een aer \u0219i sunt absolut extazia\u021bi. Pentru p\u0103rin\u021bi: jos e un bufet \u0219i b\u0103nci. Deci relaxare. \ud83d\ude01<\/p>\n\n\n\n<h3 class=\"wp-block-heading\"><span class=\"ez-toc-section\" id=\"Insula_orasului\"><\/span>Insula ora\u0219ului<span class=\"ez-toc-section-end\"><\/span><\/h3>\n\n\n\n<figure data-wp-context=\"{&quot;imageId&quot;:&quot;6a9557001f070&quot;}\" data-wp-interactive=\"core\/image\" data-wp-key=\"6a9557001f070\" class=\"wp-block-image size-full wp-lightbox-container\"><img decoding=\"async\" width=\"1200\" height=\"800\" data-wp-class--hide=\"state.isContentHidden\" data-wp-class--show=\"state.isContentVisible\" data-wp-init=\"callbacks.setButtonStyles\" data-wp-on--click=\"actions.showLightbox\" data-wp-on--load=\"callbacks.setButtonStyles\" data-wp-on--pointerdown=\"actions.preloadImage\" data-wp-on--pointerenter=\"actions.preloadImageWithDelay\" data-wp-on--pointerleave=\"actions.cancelPreload\" data-wp-on-window--resize=\"callbacks.setButtonStyles\" src=\"https:\/\/loudavymkrokem.cz\/wp-content\/uploads\/2026\/08\/mestsky-ostrov-pisek-zahradka.jpg\" alt=\"Teras\u0103 de var\u0103 pe Insula ora\u0219ului din P\u00edsek\" class=\"wp-image-399671\" title=\"\" srcset=\"https:\/\/loudavymkrokem.cz\/wp-content\/uploads\/2026\/08\/mestsky-ostrov-pisek-zahradka.jpg 1200w, https:\/\/loudavymkrokem.cz\/wp-content\/uploads\/2026\/08\/mestsky-ostrov-pisek-zahradka-300x200.jpg 300w, https:\/\/loudavymkrokem.cz\/wp-content\/uploads\/2026\/08\/mestsky-ostrov-pisek-zahradka-700x467.jpg 700w, https:\/\/loudavymkrokem.cz\/wp-content\/uploads\/2026\/08\/mestsky-ostrov-pisek-zahradka-768x512.jpg 768w, https:\/\/loudavymkrokem.cz\/wp-content\/uploads\/2026\/08\/mestsky-ostrov-pisek-zahradka-696x464.jpg 696w\" sizes=\"(max-width: 1200px) 100vw, 1200px\" \/><button\n\t\t\tclass=\"lightbox-trigger\"\n\t\t\ttype=\"button\"\n\t\t\taria-haspopup=\"dialog\"\n\t\t\tdata-wp-bind--aria-label=\"state.thisImage.triggerButtonAriaLabel\"\n\t\t\tdata-wp-init=\"callbacks.initTriggerButton\"\n\t\t\tdata-wp-on--click=\"actions.showLightbox\"\n\t\t\tdata-wp-style--right=\"state.thisImage.buttonRight\"\n\t\t\tdata-wp-style--top=\"state.thisImage.buttonTop\"\n\t\t>\n\t\t\t<svg xmlns=\"http:\/\/www.w3.org\/2000\/svg\" width=\"12\" height=\"12\" fill=\"none\" viewBox=\"0 0 12 12\">\n\t\t\t\t<path fill=\"#fff\" d=\"M2 0a2 2 0 0 0-2 2v2h1.5V2a.5.5 0 0 1 .5-.5h2V0H2Zm2 10.5H2a.5.5 0 0 1-.5-.5V8H0v2a2 2 0 0 0 2 2h2v-1.5ZM8 12v-1.5h2a.5.5 0 0 0 .5-.5V8H12v2a2 2 0 0 1-2 2H8Zm2-12a2 2 0 0 1 2 2v2h-1.5V2a.5.5 0 0 0-.5-.5H8V0h2Z\" \/>\n\t\t\t<\/svg>\n\t\t<\/button><\/figure>\n\n\n\n<p class=\"wp-block-paragraph\">O insul\u0103 \u00een mijlocul Otavei \u2014 sun\u0103 ca dintr-o poveste \u0219i cam a\u0219a \u0219i arat\u0103. Loc de joac\u0103 pentru copii, minigolf, punct de \u00eenchiriere b\u0103rci \u0219i un restaurant cu vedere spre r\u00e2u. Vara, un loc ideal pentru o dup\u0103-amiaz\u0103 \u00eentreag\u0103. Copiii se joac\u0103, tu stai cu o bere sau o limonad\u0103 \u0219i te ui\u021bi la ap\u0103. Ce s\u0103-\u021bi mai dore\u0219ti.<\/p>\n\n\n\n<h3 class=\"wp-block-heading\"><span class=\"ez-toc-section\" id=\"Hernajs\"><\/span>Hernajs<span class=\"ez-toc-section-end\"><\/span><\/h3>\n\n\n\n<figure data-wp-context=\"{&quot;imageId&quot;:&quot;6a9557001f4ab&quot;}\" data-wp-interactive=\"core\/image\" data-wp-key=\"6a9557001f4ab\" class=\"wp-block-image size-full wp-lightbox-container\"><img decoding=\"async\" width=\"2200\" height=\"1455\" data-wp-class--hide=\"state.isContentHidden\" data-wp-class--show=\"state.isContentVisible\" data-wp-init=\"callbacks.setButtonStyles\" data-wp-on--click=\"actions.showLightbox\" data-wp-on--load=\"callbacks.setButtonStyles\" data-wp-on--pointerdown=\"actions.preloadImage\" data-wp-on--pointerenter=\"actions.preloadImageWithDelay\" data-wp-on--pointerleave=\"actions.cancelPreload\" data-wp-on-window--resize=\"callbacks.setButtonStyles\" src=\"https:\/\/loudavymkrokem.cz\/wp-content\/uploads\/2026\/08\/pisek-hernajs-hernicka-az-na-pudu.jpg\" alt=\"Spa\u021biul de joac\u0103 Hernajs din P\u00edsek\" class=\"wp-image-399527\" title=\"\" srcset=\"https:\/\/loudavymkrokem.cz\/wp-content\/uploads\/2026\/08\/pisek-hernajs-hernicka-az-na-pudu.jpg 2200w, https:\/\/loudavymkrokem.cz\/wp-content\/uploads\/2026\/08\/pisek-hernajs-hernicka-az-na-pudu-300x198.jpg 300w, https:\/\/loudavymkrokem.cz\/wp-content\/uploads\/2026\/08\/pisek-hernajs-hernicka-az-na-pudu-700x463.jpg 700w, https:\/\/loudavymkrokem.cz\/wp-content\/uploads\/2026\/08\/pisek-hernajs-hernicka-az-na-pudu-768x508.jpg 768w, https:\/\/loudavymkrokem.cz\/wp-content\/uploads\/2026\/08\/pisek-hernajs-hernicka-az-na-pudu-1536x1016.jpg 1536w, https:\/\/loudavymkrokem.cz\/wp-content\/uploads\/2026\/08\/pisek-hernajs-hernicka-az-na-pudu-2048x1354.jpg 2048w, https:\/\/loudavymkrokem.cz\/wp-content\/uploads\/2026\/08\/pisek-hernajs-hernicka-az-na-pudu-696x460.jpg 696w, https:\/\/loudavymkrokem.cz\/wp-content\/uploads\/2026\/08\/pisek-hernajs-hernicka-az-na-pudu-1392x921.jpg 1392w, https:\/\/loudavymkrokem.cz\/wp-content\/uploads\/2026\/08\/pisek-hernajs-hernicka-az-na-pudu-1920x1270.jpg 1920w\" sizes=\"(max-width: 2200px) 100vw, 2200px\" \/><button\n\t\t\tclass=\"lightbox-trigger\"\n\t\t\ttype=\"button\"\n\t\t\taria-haspopup=\"dialog\"\n\t\t\tdata-wp-bind--aria-label=\"state.thisImage.triggerButtonAriaLabel\"\n\t\t\tdata-wp-init=\"callbacks.initTriggerButton\"\n\t\t\tdata-wp-on--click=\"actions.showLightbox\"\n\t\t\tdata-wp-style--right=\"state.thisImage.buttonRight\"\n\t\t\tdata-wp-style--top=\"state.thisImage.buttonTop\"\n\t\t>\n\t\t\t<svg xmlns=\"http:\/\/www.w3.org\/2000\/svg\" width=\"12\" height=\"12\" fill=\"none\" viewBox=\"0 0 12 12\">\n\t\t\t\t<path fill=\"#fff\" d=\"M2 0a2 2 0 0 0-2 2v2h1.5V2a.5.5 0 0 1 .5-.5h2V0H2Zm2 10.5H2a.5.5 0 0 1-.5-.5V8H0v2a2 2 0 0 0 2 2h2v-1.5ZM8 12v-1.5h2a.5.5 0 0 0 .5-.5V8H12v2a2 2 0 0 1-2 2H8Zm2-12a2 2 0 0 1 2 2v2h-1.5V2a.5.5 0 0 0-.5-.5H8V0h2Z\" \/>\n\t\t\t<\/svg>\n\t\t<\/button><\/figure>\n\n\n\n<p class=\"wp-block-paragraph\"><strong><a href=\"https:\/\/www.instagram.com\/her.najs\/\" target=\"_blank\" data-type=\"link\" data-id=\"https:\/\/www.instagram.com\/her.najs\/\" rel=\"noreferrer noopener\">Hernajs<\/a><\/strong> \u00eel g\u0103se\u0219ti pe strada Jungmannova, \u00een aceea\u0219i cl\u0103dire cu cafeneaua <strong>A\u017e na p\u016fdu<\/strong>. Au o intrare comun\u0103, dar <strong>spa\u021biul de joac\u0103 nu \u021bine de cafenea<\/strong> \u2014 e un local separat, la etaj, iar cafeaua o po\u021bi lua doar cu tine la copii. E mic \u0219i nu e loc de alergat, a\u0219a c\u0103 se potrive\u0219te mai ales copiilor de p\u00e2n\u0103 la doi ani. Despre ateliere \u0219i activit\u0103\u021bi senzoriale informeaz\u0103 pe Instagramul lor, dar programul se schimb\u0103 mult \u0219i adesea chiar nu au loc.<\/p>\n\n\n\n<h3 class=\"wp-block-heading\"><span class=\"ez-toc-section\" id=\"Mini_Academy\"><\/span>Mini Academy<span class=\"ez-toc-section-end\"><\/span><\/h3>\n\n\n\n<p class=\"wp-block-paragraph\">Un <strong><a href=\"https:\/\/miniacademy.cz\/?gad_source=1&amp;gad_campaignid=22872992318&amp;gbraid=0AAAABAVHf7aeYOGgZ9GHDcgoWE_YHNW6K&amp;gclid=Cj0KCQjw1ZjOBhCmARIsADDuFTAF61N7iieFbWaKkfCkX_axM0q7-K4YjE_rgSqdVOEvNxjLs5s5jeMaAh7MEALw_wcB\" target=\"_blank\" data-type=\"link\" data-id=\"https:\/\/miniacademy.cz\/?gad_source=1&amp;gad_campaignid=22872992318&amp;gbraid=0AAAABAVHf7aeYOGgZ9GHDcgoWE_YHNW6K&amp;gclid=Cj0KCQjw1ZjOBhCmARIsADDuFTAF61N7iieFbWaKkfCkX_axM0q7-K4YjE_rgSqdVOEvNxjLs5s5jeMaAh7MEALw_wcB\" rel=\"noreferrer noopener\">centru pentru copii<\/a><\/strong> care ofer\u0103 activit\u0103\u021bi senzoriale, englez\u0103 pentru cei mici, gimnastic\u0103 cu bebelu\u0219i \u0219i chiar mini-discotec\u0103. Programele se schimb\u0103, a\u0219a c\u0103 merit\u0103 s\u0103 urm\u0103re\u0219ti pagina lor. Pentru p\u0103rin\u021bii cu copii mici e o salvare, iar aici \u00eent\u00e2lne\u0219ti \u0219i alte familii din P\u00edsek.<\/p>\n\n\n\n<h3 class=\"wp-block-heading\"><span class=\"ez-toc-section\" id=\"Terenul_de_educatie_rutiera_de_la_Sfantul_Venceslau\"><\/span>Terenul de educa\u021bie rutier\u0103 de la Sf\u00e2ntul Venceslau<span class=\"ez-toc-section-end\"><\/span><\/h3>\n\n\n\n<figure data-wp-context=\"{&quot;imageId&quot;:&quot;6a9557001fc34&quot;}\" data-wp-interactive=\"core\/image\" data-wp-key=\"6a9557001fc34\" class=\"wp-block-image size-full wp-lightbox-container\"><img decoding=\"async\" width=\"1024\" height=\"461\" data-wp-class--hide=\"state.isContentHidden\" data-wp-class--show=\"state.isContentVisible\" data-wp-init=\"callbacks.setButtonStyles\" data-wp-on--click=\"actions.showLightbox\" data-wp-on--load=\"callbacks.setButtonStyles\" data-wp-on--pointerdown=\"actions.preloadImage\" data-wp-on--pointerenter=\"actions.preloadImageWithDelay\" data-wp-on--pointerleave=\"actions.cancelPreload\" data-wp-on-window--resize=\"callbacks.setButtonStyles\" src=\"https:\/\/loudavymkrokem.cz\/wp-content\/uploads\/2026\/08\/dopravni-hriste-u-sv-vaclava-pisek.jpg\" alt=\"Teren de educa\u021bie rutier\u0103 pentru copii de la Sf. Venceslau din P\u00edsek, dup\u0103 renovare\" class=\"wp-image-399632\" title=\"\" srcset=\"https:\/\/loudavymkrokem.cz\/wp-content\/uploads\/2026\/08\/dopravni-hriste-u-sv-vaclava-pisek.jpg 1024w, https:\/\/loudavymkrokem.cz\/wp-content\/uploads\/2026\/08\/dopravni-hriste-u-sv-vaclava-pisek-300x135.jpg 300w, https:\/\/loudavymkrokem.cz\/wp-content\/uploads\/2026\/08\/dopravni-hriste-u-sv-vaclava-pisek-700x315.jpg 700w, https:\/\/loudavymkrokem.cz\/wp-content\/uploads\/2026\/08\/dopravni-hriste-u-sv-vaclava-pisek-768x346.jpg 768w, https:\/\/loudavymkrokem.cz\/wp-content\/uploads\/2026\/08\/dopravni-hriste-u-sv-vaclava-pisek-696x313.jpg 696w\" sizes=\"(max-width: 1024px) 100vw, 1024px\" \/><button\n\t\t\tclass=\"lightbox-trigger\"\n\t\t\ttype=\"button\"\n\t\t\taria-haspopup=\"dialog\"\n\t\t\tdata-wp-bind--aria-label=\"state.thisImage.triggerButtonAriaLabel\"\n\t\t\tdata-wp-init=\"callbacks.initTriggerButton\"\n\t\t\tdata-wp-on--click=\"actions.showLightbox\"\n\t\t\tdata-wp-style--right=\"state.thisImage.buttonRight\"\n\t\t\tdata-wp-style--top=\"state.thisImage.buttonTop\"\n\t\t>\n\t\t\t<svg xmlns=\"http:\/\/www.w3.org\/2000\/svg\" width=\"12\" height=\"12\" fill=\"none\" viewBox=\"0 0 12 12\">\n\t\t\t\t<path fill=\"#fff\" d=\"M2 0a2 2 0 0 0-2 2v2h1.5V2a.5.5 0 0 1 .5-.5h2V0H2Zm2 10.5H2a.5.5 0 0 1-.5-.5V8H0v2a2 2 0 0 0 2 2h2v-1.5ZM8 12v-1.5h2a.5.5 0 0 0 .5-.5V8H12v2a2 2 0 0 1-2 2H8Zm2-12a2 2 0 0 1 2 2v2h-1.5V2a.5.5 0 0 0-.5-.5H8V0h2Z\" \/>\n\t\t\t<\/svg>\n\t\t<\/button><\/figure>\n\n\n\n<p class=\"wp-block-paragraph\">L\u00e2ng\u0103 \u0219trand g\u0103se\u0219ti un teren de educa\u021bie rutier\u0103 renovat, cu semafoare, sens giratoriu \u0219i tot ce le trebuie micilor \u0219oferi. Copiii \u00eenva\u021b\u0103 aici regulile de circula\u021bie \u0219i, \u00een acela\u0219i timp, se distreaz\u0103. \u0218i pentru c\u0103 aici e \u0219i <strong>YEZ Caf\u00e9<\/strong>, cu o groap\u0103 de nisip pentru cei mici, tu po\u021bi m\u00e2nca \u00eentre timp \u00een lini\u0219te, iar fra\u021bii mai mici au \u0219i ei cu ce se distra. Practic, distractiv, func\u021bional.<\/p>\n\n\n\n<h3 class=\"wp-block-heading\"><span class=\"ez-toc-section\" id=\"Nase_zviratka_Putim_mini-gradina_zoo_gratuita\"><\/span>Na\u0161e zv\u00ed\u0159\u00e1tka Putim: mini-gr\u0103din\u0103 zoo gratuit\u0103<span class=\"ez-toc-section-end\"><\/span><\/h3>\n\n\n\n<figure data-wp-context=\"{&quot;imageId&quot;:&quot;6a95570020201&quot;}\" data-wp-interactive=\"core\/image\" data-wp-key=\"6a95570020201\" class=\"wp-block-image size-full wp-lightbox-container\"><img decoding=\"async\" width=\"1000\" height=\"563\" data-wp-class--hide=\"state.isContentHidden\" data-wp-class--show=\"state.isContentVisible\" data-wp-init=\"callbacks.setButtonStyles\" data-wp-on--click=\"actions.showLightbox\" data-wp-on--load=\"callbacks.setButtonStyles\" data-wp-on--pointerdown=\"actions.preloadImage\" data-wp-on--pointerenter=\"actions.preloadImageWithDelay\" data-wp-on--pointerleave=\"actions.cancelPreload\" data-wp-on-window--resize=\"callbacks.setButtonStyles\" src=\"https:\/\/loudavymkrokem.cz\/wp-content\/uploads\/2026\/08\/nase-zviratka-putim-klokan.jpg\" alt=\"Cangur \u00een mini-gr\u0103dina zoo Na\u0161e zv\u00ed\u0159\u00e1tka din Putim\" class=\"wp-image-399583\" title=\"\" srcset=\"https:\/\/loudavymkrokem.cz\/wp-content\/uploads\/2026\/08\/nase-zviratka-putim-klokan.jpg 1000w, https:\/\/loudavymkrokem.cz\/wp-content\/uploads\/2026\/08\/nase-zviratka-putim-klokan-300x169.jpg 300w, https:\/\/loudavymkrokem.cz\/wp-content\/uploads\/2026\/08\/nase-zviratka-putim-klokan-700x394.jpg 700w, https:\/\/loudavymkrokem.cz\/wp-content\/uploads\/2026\/08\/nase-zviratka-putim-klokan-768x432.jpg 768w, https:\/\/loudavymkrokem.cz\/wp-content\/uploads\/2026\/08\/nase-zviratka-putim-klokan-696x392.jpg 696w\" sizes=\"(max-width: 1000px) 100vw, 1000px\" \/><button\n\t\t\tclass=\"lightbox-trigger\"\n\t\t\ttype=\"button\"\n\t\t\taria-haspopup=\"dialog\"\n\t\t\tdata-wp-bind--aria-label=\"state.thisImage.triggerButtonAriaLabel\"\n\t\t\tdata-wp-init=\"callbacks.initTriggerButton\"\n\t\t\tdata-wp-on--click=\"actions.showLightbox\"\n\t\t\tdata-wp-style--right=\"state.thisImage.buttonRight\"\n\t\t\tdata-wp-style--top=\"state.thisImage.buttonTop\"\n\t\t>\n\t\t\t<svg xmlns=\"http:\/\/www.w3.org\/2000\/svg\" width=\"12\" height=\"12\" fill=\"none\" viewBox=\"0 0 12 12\">\n\t\t\t\t<path fill=\"#fff\" d=\"M2 0a2 2 0 0 0-2 2v2h1.5V2a.5.5 0 0 1 .5-.5h2V0H2Zm2 10.5H2a.5.5 0 0 1-.5-.5V8H0v2a2 2 0 0 0 2 2h2v-1.5ZM8 12v-1.5h2a.5.5 0 0 0 .5-.5V8H12v2a2 2 0 0 1-2 2H8Zm2-12a2 2 0 0 1 2 2v2h-1.5V2a.5.5 0 0 0-.5-.5H8V0h2Z\" \/>\n\t\t\t<\/svg>\n\t\t<\/button><\/figure>\n\n\n\n<p class=\"wp-block-paragraph\">Aceasta e ideea mea preferat\u0103 pentru copiii cei mai mici. \u00cen Putim, la <strong>zece minute cu ma\u0219ina de P\u00edsek<\/strong>, func\u021bioneaz\u0103 mini-gr\u0103dina zoo de familie Na\u0161e zv\u00ed\u0159\u00e1tka, unde \u00eent\u00e2lne\u0219ti canguri, suricate, capre, p\u0103s\u0103ri de prad\u0103 \u0219i chiar un corb vorbitor, plus un loc de joac\u0103 retro cu leag\u0103ne \u0219i groap\u0103 de nisip. \u0218i acum, partea cea mai bun\u0103: <strong>intrarea e gratuit\u0103<\/strong>, se pl\u0103te\u0219te doar o contribu\u021bie voluntar\u0103 \u00een cutie (recomandat\u0103 11 p\u00e2n\u0103 la 22 lei \/ 50\u2013100 K\u010d), deschis zilnic \u00eentre orele 9 \u0219i 19.<\/p>\n\n\n\n<p class=\"wp-block-paragraph\">\ud83d\udca1 <strong>Sfat:<\/strong> Combin\u0103 asta cu o plimbare prin Putim, satul f\u0103cut celebru de \u0160vejk. Iar dac\u0103 copiii t\u0103i viseaz\u0103 la cai, la o arunc\u0103tur\u0103 de b\u0103\u021b de P\u00edsek, \u00een Smrkovice, e <strong>Grajdul Merlin<\/strong>, unde po\u021bi aranja o plimbare pe ponei sau o plimbare cu o lam\u0103 ori cu o alpaca. Doar sun\u0103 \u00eenainte, totul func\u021bioneaz\u0103 aici cu programare, iar pre\u021burile le comunic\u0103 la cerere.<\/p>\n\n\n\n<h3 class=\"wp-block-heading\"><span class=\"ez-toc-section\" id=\"Strandul_de_la_Venceslau_scalda_cu_vedere_spre_Otava\"><\/span>\u0218trandul de la Venceslau: scald\u0103 cu vedere spre Otava<span class=\"ez-toc-section-end\"><\/span><\/h3>\n\n\n\n<p class=\"wp-block-paragraph\">C\u00e2nd e canicul\u0103, familiile din P\u00edsek se \u00eendreapt\u0103 spre \u0219trandul de la Venceslau, care func\u021bioneaz\u0103 aici de peste 75 de ani. E un clasic pe malul r\u00e2ului: <strong>bazin pentru copii cu tobogan, bazin cu ap\u0103 mic\u0103<\/strong>, iar cine vrea, \u00eenoat\u0103 direct \u00een Otava. Adul\u021bii pl\u0103tesc <strong>20 lei pe zi (90 K\u010d)<\/strong>, copiii sub 140 cm 13 lei (60 K\u010d), iar biletul de familie cost\u0103 49 lei (225 K\u010d), ceea ce mi se pare mai mult dec\u00e2t corect. \u00cen plus, \u00een incint\u0103 \u00eenchiriezi o barc\u0103 cu vreo 22 lei (100 K\u010d) pe or\u0103, iar bufetul e chiar l\u00e2ng\u0103 ap\u0103.<\/p>\n\n\n\n<h3 class=\"wp-block-heading\"><span class=\"ez-toc-section\" id=\"Cu_barca_pe_Otava_rafting_si_pentru_familii\"><\/span>Cu barca pe Otava: rafting \u0219i pentru familii<span class=\"ez-toc-section-end\"><\/span><\/h3>\n\n\n\n<p class=\"wp-block-paragraph\">Otava din jurul P\u00edsek e un r\u00e2u calm \u0219i lin, ideal pentru primele \u00eencerc\u0103ri pe ap\u0103 cu copiii. Punctele de \u00eenchiriere aduc b\u0103rcile gratuit chiar \u00een P\u00edsek, <strong>o canoe de familie pentru doi adul\u021bi \u0219i doi copii cost\u0103 \u00een jur de 160 lei pe zi (750 K\u010d)<\/strong>, un raft mare pentru \u0219ase persoane cam 340 lei (1 550 K\u010d), iar \u00een pre\u021b sunt incluse veste, butoaie \u0219i pagaie. Nu trebuie neap\u0103rat s\u0103 planifici o expedi\u021bie de o zi \u00eentreag\u0103 \u2014 punctele de \u00eenchiriere ofer\u0103 \u0219i <strong>plimb\u0103ri scurte de dup\u0103-amiaz\u0103, de o or\u0103 \u0219i jum\u0103tate p\u00e2n\u0103 la trei ore<\/strong>, iar tronsonul concret \u021bi-l recomand\u0103 \u00een func\u021bie de nivelul actual al apei.<\/p>\n\n\n\n<h3 class=\"wp-block-heading\"><span class=\"ez-toc-section\" id=\"Zemeraj_langa_Kovarov_o_zi_in_Evul_Mediu_timpuriu\"><\/span>Zem\u011br\u00e1j l\u00e2ng\u0103 Kov\u00e1\u0159ov: o zi \u00een Evul Mediu timpuriu<span class=\"ez-toc-section-end\"><\/span><\/h3>\n\n\n\n<figure data-wp-context=\"{&quot;imageId&quot;:&quot;6a9557002091f&quot;}\" data-wp-interactive=\"core\/image\" data-wp-key=\"6a9557002091f\" class=\"wp-block-image size-full wp-lightbox-container\"><img decoding=\"async\" width=\"1400\" height=\"550\" data-wp-class--hide=\"state.isContentHidden\" data-wp-class--show=\"state.isContentVisible\" data-wp-init=\"callbacks.setButtonStyles\" data-wp-on--click=\"actions.showLightbox\" data-wp-on--load=\"callbacks.setButtonStyles\" data-wp-on--pointerdown=\"actions.preloadImage\" data-wp-on--pointerenter=\"actions.preloadImageWithDelay\" data-wp-on--pointerleave=\"actions.cancelPreload\" data-wp-on-window--resize=\"callbacks.setButtonStyles\" src=\"https:\/\/loudavymkrokem.cz\/wp-content\/uploads\/2026\/08\/zemeraj-kovarov-lidova-staveni.jpg\" alt=\"Construc\u021bii populare \u00een parcul tematic Zem\u011br\u00e1j de l\u00e2ng\u0103 Kov\u00e1\u0159ov\" class=\"wp-image-399579\" title=\"\" srcset=\"https:\/\/loudavymkrokem.cz\/wp-content\/uploads\/2026\/08\/zemeraj-kovarov-lidova-staveni.jpg 1400w, https:\/\/loudavymkrokem.cz\/wp-content\/uploads\/2026\/08\/zemeraj-kovarov-lidova-staveni-300x118.jpg 300w, https:\/\/loudavymkrokem.cz\/wp-content\/uploads\/2026\/08\/zemeraj-kovarov-lidova-staveni-700x275.jpg 700w, https:\/\/loudavymkrokem.cz\/wp-content\/uploads\/2026\/08\/zemeraj-kovarov-lidova-staveni-768x302.jpg 768w, https:\/\/loudavymkrokem.cz\/wp-content\/uploads\/2026\/08\/zemeraj-kovarov-lidova-staveni-696x273.jpg 696w, https:\/\/loudavymkrokem.cz\/wp-content\/uploads\/2026\/08\/zemeraj-kovarov-lidova-staveni-1392x547.jpg 1392w\" sizes=\"(max-width: 1400px) 100vw, 1400px\" \/><button\n\t\t\tclass=\"lightbox-trigger\"\n\t\t\ttype=\"button\"\n\t\t\taria-haspopup=\"dialog\"\n\t\t\tdata-wp-bind--aria-label=\"state.thisImage.triggerButtonAriaLabel\"\n\t\t\tdata-wp-init=\"callbacks.initTriggerButton\"\n\t\t\tdata-wp-on--click=\"actions.showLightbox\"\n\t\t\tdata-wp-style--right=\"state.thisImage.buttonRight\"\n\t\t\tdata-wp-style--top=\"state.thisImage.buttonTop\"\n\t\t>\n\t\t\t<svg xmlns=\"http:\/\/www.w3.org\/2000\/svg\" width=\"12\" height=\"12\" fill=\"none\" viewBox=\"0 0 12 12\">\n\t\t\t\t<path fill=\"#fff\" d=\"M2 0a2 2 0 0 0-2 2v2h1.5V2a.5.5 0 0 1 .5-.5h2V0H2Zm2 10.5H2a.5.5 0 0 1-.5-.5V8H0v2a2 2 0 0 0 2 2h2v-1.5ZM8 12v-1.5h2a.5.5 0 0 0 .5-.5V8H12v2a2 2 0 0 1-2 2H8Zm2-12a2 2 0 0 1 2 2v2h-1.5V2a.5.5 0 0 0-.5-.5H8V0h2Z\" \/>\n\t\t\t<\/svg>\n\t\t<\/button><\/figure>\n\n\n\n<p class=\"wp-block-paragraph\">Pentru excursia asta rezerv\u0103-\u021bi o zi \u00eentreag\u0103. Parcul tematic <strong>Zem\u011br\u00e1j<\/strong> de l\u00e2ng\u0103 Kov\u00e1\u0159ov (cam 35 de minute cu ma\u0219ina spre Milevsko) e un muzeu \u00een aer liber viu al unui sat din Evul Mediu timpuriu, unde copiii pun m\u00e2na pe toate: se macin\u0103 gr\u00e2ul, se \u00eencearc\u0103 me\u0219te\u0219uguri de epoc\u0103 \u0219i, pe l\u00e2ng\u0103 asta, e aici o <strong>potec\u0103 de un kilometru pentru mers descul\u021b<\/strong>, un loc de joac\u0103 acvatic, un labirint \u0219i peste o sut\u0103 de jocuri \u0219i puzzle-uri r\u0103sp\u00e2ndite prin incint\u0103.<\/p>\n\n\n\n<p class=\"wp-block-paragraph\">Intrarea e <strong>42 lei pentru adul\u021bi \u0219i 37 lei pentru copiii de la 2 ani (190\/170 K\u010d)<\/strong>, copiii mai mici gratuit, iar parcarea la fel. E deschis din mai p\u00e2n\u0103 la sf\u00e2r\u0219itul lui septembrie, \u00een vacan\u021be zilnic \u00eentre 9:30 \u0219i 18:30, iar \u00een afara vacan\u021belor mai ales \u00een weekend. \ud83d\udca1 <strong>Sfat:<\/strong> Pentru poteca descul\u021b\u0103 ia un prosop pentru cl\u0103tit picioarele, o s\u0103-l vrei.<\/p>\n\n\n\n<h3 class=\"wp-block-heading\"><span class=\"ez-toc-section\" id=\"Cu_trenuletul_Elinka_peste_podul_Curcubeu\"><\/span>Cu trenule\u021bul Elinka peste podul Curcubeu<span class=\"ez-toc-section-end\"><\/span><\/h3>\n\n\n\n<p class=\"wp-block-paragraph\">Aceasta e o \u00eenc\u00e2ntare pentru fanii mici \u0219i mari ai locomotivelor. \u00cen s\u00e2mbetele din vacan\u021b\u0103 pleac\u0103 pe traseul de la T\u00e1bor la Bechyn\u011b vagonul electric istoric <strong>Elinka din 1903<\/strong>, cel mai vechi de acest fel din Cehia, \u00eempreun\u0103 cu superba locomotiv\u0103 Bobinka. Traseul e, de altfel, memorabil \u2014 e prima cale ferat\u0103 electrificat\u0103 de la noi, iar trenul traverseaz\u0103 pe drum \u0219i celebrul <strong>pod Curcubeul din Bechyn\u011b<\/strong>.<\/p>\n\n\n\n<p class=\"wp-block-paragraph\">Din P\u00edsek, cel mai comod e s\u0103 ajungi la Bechyn\u011b (o jum\u0103tate de or\u0103 cu ma\u0219ina) \u0219i s\u0103 iei cursele de \u00eentoarcere \u00een jurul orei 11:25 \u0219i 15:25. Biletul cost\u0103 <strong>44 lei pentru adul\u021bi \u0219i 22 lei pentru copiii (200\/100 K\u010d)<\/strong> de la 6 la 15 ani. Verific\u0103 datele \u0219i orele actuale \u00eenainte de plecare la C\u0103ile Ferate Cehe (\u010cesk\u00e9 dr\u00e1hy), fiindc\u0103 \u00een fiecare an se pot schimba pu\u021bin.<\/p>\n\n\n\n<h2 class=\"wp-block-heading\"><span class=\"ez-toc-section\" id=\"Ce_poti_face_in_Pisek_cand_ploua\"><\/span>Ce po\u021bi face \u00een P\u00edsek c\u00e2nd plou\u0103<span class=\"ez-toc-section-end\"><\/span><\/h2>\n\n\n\n<figure data-wp-context=\"{&quot;imageId&quot;:&quot;6a95570020fcc&quot;}\" data-wp-interactive=\"core\/image\" data-wp-key=\"6a95570020fcc\" class=\"wp-block-image size-full wp-lightbox-container\"><img decoding=\"async\" width=\"2200\" height=\"1467\" data-wp-class--hide=\"state.isContentHidden\" data-wp-class--show=\"state.isContentVisible\" data-wp-init=\"callbacks.setButtonStyles\" data-wp-on--click=\"actions.showLightbox\" data-wp-on--load=\"callbacks.setButtonStyles\" data-wp-on--pointerdown=\"actions.preloadImage\" data-wp-on--pointerenter=\"actions.preloadImageWithDelay\" data-wp-on--pointerleave=\"actions.cancelPreload\" data-wp-on-window--resize=\"callbacks.setButtonStyles\" src=\"https:\/\/loudavymkrokem.cz\/wp-content\/uploads\/2026\/08\/pisek-prachenske-muzeum-nadvori.jpg\" alt=\"Curtea castelului din P\u00edsek cu Muzeul Pr\u00e1che\u0148sk\u00e9\" class=\"wp-image-399341\" title=\"\" srcset=\"https:\/\/loudavymkrokem.cz\/wp-content\/uploads\/2026\/08\/pisek-prachenske-muzeum-nadvori.jpg 2200w, https:\/\/loudavymkrokem.cz\/wp-content\/uploads\/2026\/08\/pisek-prachenske-muzeum-nadvori-300x200.jpg 300w, https:\/\/loudavymkrokem.cz\/wp-content\/uploads\/2026\/08\/pisek-prachenske-muzeum-nadvori-700x467.jpg 700w, https:\/\/loudavymkrokem.cz\/wp-content\/uploads\/2026\/08\/pisek-prachenske-muzeum-nadvori-768x512.jpg 768w, https:\/\/loudavymkrokem.cz\/wp-content\/uploads\/2026\/08\/pisek-prachenske-muzeum-nadvori-1536x1024.jpg 1536w, https:\/\/loudavymkrokem.cz\/wp-content\/uploads\/2026\/08\/pisek-prachenske-muzeum-nadvori-2048x1366.jpg 2048w, https:\/\/loudavymkrokem.cz\/wp-content\/uploads\/2026\/08\/pisek-prachenske-muzeum-nadvori-696x464.jpg 696w, https:\/\/loudavymkrokem.cz\/wp-content\/uploads\/2026\/08\/pisek-prachenske-muzeum-nadvori-1392x928.jpg 1392w, https:\/\/loudavymkrokem.cz\/wp-content\/uploads\/2026\/08\/pisek-prachenske-muzeum-nadvori-1920x1280.jpg 1920w\" sizes=\"(max-width: 2200px) 100vw, 2200px\" \/><button\n\t\t\tclass=\"lightbox-trigger\"\n\t\t\ttype=\"button\"\n\t\t\taria-haspopup=\"dialog\"\n\t\t\tdata-wp-bind--aria-label=\"state.thisImage.triggerButtonAriaLabel\"\n\t\t\tdata-wp-init=\"callbacks.initTriggerButton\"\n\t\t\tdata-wp-on--click=\"actions.showLightbox\"\n\t\t\tdata-wp-style--right=\"state.thisImage.buttonRight\"\n\t\t\tdata-wp-style--top=\"state.thisImage.buttonTop\"\n\t\t>\n\t\t\t<svg xmlns=\"http:\/\/www.w3.org\/2000\/svg\" width=\"12\" height=\"12\" fill=\"none\" viewBox=\"0 0 12 12\">\n\t\t\t\t<path fill=\"#fff\" d=\"M2 0a2 2 0 0 0-2 2v2h1.5V2a.5.5 0 0 1 .5-.5h2V0H2Zm2 10.5H2a.5.5 0 0 1-.5-.5V8H0v2a2 2 0 0 0 2 2h2v-1.5ZM8 12v-1.5h2a.5.5 0 0 0 .5-.5V8H12v2a2 2 0 0 1-2 2H8Zm2-12a2 2 0 0 1 2 2v2h-1.5V2a.5.5 0 0 0-.5-.5H8V0h2Z\" \/>\n\t\t\t<\/svg>\n\t\t<\/button><\/figure>\n\n\n\n<p class=\"wp-block-paragraph\">O zi ploioas\u0103 \u00een P\u00edsek nu e un motiv s\u0103-\u021bi faci bagajele. De fapt, \u0219i o spun sincer, unele dintre cele mai bune experien\u021be de aici sunt tocmai sub acoperi\u0219. <strong>Iat\u0103 o list\u0103 de locuri unde te po\u021bi ad\u0103posti f\u0103r\u0103 s\u0103 ai senza\u021bia c\u0103 doar \u00ee\u021bi omori timpul.<\/strong><\/p>\n\n\n\n<ul class=\"wp-block-list\">\n<li><strong>Sladovna<\/strong> \u2013 alegerea num\u0103rul unu clar\u0103. Patru etaje de distrac\u021bie pentru toat\u0103 familia, po\u021bi petrece aici lini\u0219tit toat\u0103 diminea\u021ba \u0219i dup\u0103-amiaza.<\/li>\n\n\n\n<li><strong>Muzeul Pr\u00e1che\u0148sk\u00e9<\/strong> \u2013 castel gotic, colec\u021bii de la preistorie p\u00e2n\u0103 \u00een prezent. \u00cen ploaie, atmosfera prinde \u0219i mai mult farmec.<\/li>\n\n\n\n<li><strong>Centrala K\u0159i\u017e\u00edk<\/strong> \u2013 aten\u021bie, momentan e <strong>\u00eenchis\u0103<\/strong> din cauza renov\u0103rii. Dar urm\u0103re\u0219te c\u00e2nd se deschide, pentru c\u0103 va merita.<\/li>\n\n\n\n<li><strong>Cafenele<\/strong> \u2013 \u00een P\u00edsek scena cafenelelor e surprinz\u0103tor de bogat\u0103. Alege <strong>Balz\u00e1m caf\u00e9<\/strong> pentru o \u0219edere lini\u0219tit\u0103, <strong>Sova na V\u011btvi<\/strong> pentru o cafea excelent\u0103, <strong>A\u017e na p\u016fdu<\/strong> pentru mic dejun \u0219i o \u0219edere \u00een curtea din spate, <strong>Frame<\/strong> pentru design modern \u0219i o cea\u0219c\u0103 de cafea sau matcha, <strong>Travel Cafe<\/strong> (preferata noastr\u0103, cu gr\u0103din\u0103 \u0219i groap\u0103 de nisip) c\u00e2nd vrei s\u0103 c\u0103l\u0103tore\u0219ti m\u0103car cu g\u00e2ndul \u0219i s\u0103 iei \u0219i un brunch bun. O categorie aparte sunt spa\u021biile de joac\u0103, mai ales <strong>My\u0161ka herna<\/strong>.<\/li>\n\n\n\n<li><strong>Restaurante<\/strong> \u2013 o zi ploioas\u0103 e o scuz\u0103 grozav\u0103 pentru un pr\u00e2nz pe cinste. Mai multe \u00een sec\u021biunea despre m\u00e2ncare de mai jos.<\/li>\n\n\n\n<li><strong>Cinema Porty\u010d<\/strong> \u2013 nu te a\u0219tepta la vreun multiplex modern cu ofert\u0103 mare de gust\u0103ri, dar vezi un film nou la un pre\u021b popular.<\/li>\n\n\n\n<li><strong>Muzeul m\u0103\u0219tilor din Milevsko<\/strong> \u2013 o jum\u0103tate de or\u0103 cu ma\u0219ina \u0219i e\u0219ti \u00een muzeul celui mai vechi alai de l\u0103sata secului din Cehia. Copiii probeaz\u0103 replici de m\u0103\u0219ti, se joac\u0103 cu tablete, iar \u00een atelier \u00ee\u0219i coloreaz\u0103 propria masc\u0103. Intrare 13\/7 lei (60\/30 K\u010d), familie 30 lei (140 K\u010d).<\/li>\n\n\n\n<li><strong>Aquaparkul din Hora\u017e\u010fovice<\/strong> \u2013 patruzeci de minute cu ma\u0219ina, dar \u00een schimb ai tobogan, r\u00e2u s\u0103lbatic, valuri \u0219i bazin pentru copii cu corabie de pira\u021bi. Biletul de familie pentru dou\u0103 ore cost\u0103 107 lei (490 K\u010d). Un bazin acoperit cu tobogan de 86 de metri g\u0103se\u0219ti \u0219i mai aproape, \u00een Strakonice.<\/li>\n\n\n\n<li><strong>Bazinul de \u00eenot + baie de aburi<\/strong> \u2013 bazinul interior \u0219i baia de aburi func\u021bioneaz\u0103, doar zona exterioar\u0103 e acum \u00eenchis\u0103 (ora\u0219ul construie\u0219te un bazin complet nou). Dac\u0103 tot e ap\u0103 afar\u0103, m\u0103car stai \u00een cea cald\u0103.<\/li>\n\n\n\n<li><strong>Harmony<\/strong> \u2013 yoga, pilates, sal\u0103 de for\u021b\u0103, saun\u0103, masaje. O zi ploioas\u0103 se poate transforma \u00eentr-o zi de wellness, nu?<\/li>\n\n\n\n<li><strong>Puppy yoga la Mini Academy<\/strong> \u2013 yoga cu c\u0103\u021belu\u0219i. Da, cite\u0219ti corect. Yoga. Cu. C\u0103\u021belu\u0219i. Mai trebuie s\u0103 spun ceva? \ud83d\ude05<\/li>\n<\/ul>\n\n\n\n<h2 class=\"wp-block-heading\"><span class=\"ez-toc-section\" id=\"Unde_parchezi_in_Pisek\"><\/span>Unde parchezi \u00een P\u00edsek<span class=\"ez-toc-section-end\"><\/span><\/h2>\n\n\n\n<p class=\"wp-block-paragraph\">Parcarea \u00een P\u00edsek poate fi uneori o provocare, iar c\u00e2teva lucruri e bine s\u0103 le \u0219tii din timp, ca s\u0103 nu te \u00eenv\u00e2r\u021bi inutil prin centru. Ora\u0219ul are trei zone de pre\u021b, iar sistemul e clar.<\/p>\n\n\n\n<p class=\"wp-block-paragraph\"><strong>Zona I (centru):<\/strong><\/p>\n\n\n\n<ul class=\"wp-block-list\">\n<li>Prima or\u0103: 4 lei (20 K\u010d)<\/li>\n\n\n\n<li>A 2-a or\u0103: 6 lei (30 K\u010d)<\/li>\n\n\n\n<li>Fiecare or\u0103 urm\u0103toare: 13 lei (60 K\u010d)<\/li>\n<\/ul>\n\n\n\n<p class=\"wp-block-paragraph\"><strong>Zona II (centrul l\u0103rgit):<\/strong><\/p>\n\n\n\n<ul class=\"wp-block-list\">\n<li>Orele 1\u20132: 2 lei (10 K\u010d)<\/li>\n\n\n\n<li>Fiecare or\u0103 urm\u0103toare: 6 lei (30 K\u010d)<\/li>\n<\/ul>\n\n\n\n<p class=\"wp-block-paragraph\"><strong>Zona III (periferie):<\/strong><\/p>\n\n\n\n<ul class=\"wp-block-list\">\n<li>2 lei\/or\u0103 (10 K\u010d)<\/li>\n<\/ul>\n\n\n\n<p class=\"wp-block-paragraph\"><strong>\u00cen zilele de s\u0103rb\u0103toare parcarea e gratuit\u0103 peste tot, iar duminica aproape peste tot<\/strong>, cu excep\u021bia pie\u021bei Velk\u00e9 n\u00e1m\u011bst\u00ed, unde se pl\u0103te\u0219te \u00een fiecare zi.<\/p>\n\n\n\n<p class=\"wp-block-paragraph\">Po\u021bi pl\u0103ti prin aplica\u021bia <strong>MPLA<\/strong>, care e probabil varianta cea mai comod\u0103. F\u0103r\u0103 s\u0103 cau\u021bi monede, f\u0103r\u0103 s\u0103 alergi la automat.<\/p>\n\n\n\n<p class=\"wp-block-paragraph\"><strong>Sfatul meu:<\/strong> Dac\u0103 vii pentru mai mult timp, parcheaz\u0103 la <strong>V\u00fdstavi\u0161t\u011b<\/strong> (complexul expozi\u021bional) sau <strong>l\u00e2ng\u0103 casa de cultur\u0103<\/strong> \u2014 e la c\u00e2\u021biva pa\u0219i de centru, zona e mai ieftin\u0103 \u0219i de obicei ai loc. C\u00e2teva minute de mers pe jos nu-\u021bi fac r\u0103u, iar portofelul \u00ee\u021bi mul\u021bume\u0219te. Dac\u0103 <strong>parchezi l\u00e2ng\u0103 sala de sport Elim<\/strong>, o s\u0103 fie complet gratis.<\/p>\n\n\n\n<h2 class=\"wp-block-heading\"><span class=\"ez-toc-section\" id=\"Unde_mananci_si_bei_bine_in_Pisek\"><\/span>Unde m\u0103n\u00e2nci \u0219i bei bine \u00een P\u00edsek<span class=\"ez-toc-section-end\"><\/span><\/h2>\n\n\n\n<figure data-wp-context=\"{&quot;imageId&quot;:&quot;6a95570021e24&quot;}\" data-wp-interactive=\"core\/image\" data-wp-key=\"6a95570021e24\" class=\"wp-block-image size-full wp-lightbox-container\"><img decoding=\"async\" width=\"2200\" height=\"1467\" data-wp-class--hide=\"state.isContentHidden\" data-wp-class--show=\"state.isContentVisible\" data-wp-init=\"callbacks.setButtonStyles\" data-wp-on--click=\"actions.showLightbox\" data-wp-on--load=\"callbacks.setButtonStyles\" data-wp-on--pointerdown=\"actions.preloadImage\" data-wp-on--pointerenter=\"actions.preloadImageWithDelay\" data-wp-on--pointerleave=\"actions.cancelPreload\" data-wp-on-window--resize=\"callbacks.setButtonStyles\" src=\"https:\/\/loudavymkrokem.cz\/wp-content\/uploads\/2026\/08\/pisek-namesticko-zahradky.jpg\" alt=\"Pia\u021bet\u0103 din centrul P\u00edsek cu terase de var\u0103\" class=\"wp-image-399382\" title=\"\" srcset=\"https:\/\/loudavymkrokem.cz\/wp-content\/uploads\/2026\/08\/pisek-namesticko-zahradky.jpg 2200w, https:\/\/loudavymkrokem.cz\/wp-content\/uploads\/2026\/08\/pisek-namesticko-zahradky-300x200.jpg 300w, https:\/\/loudavymkrokem.cz\/wp-content\/uploads\/2026\/08\/pisek-namesticko-zahradky-700x467.jpg 700w, https:\/\/loudavymkrokem.cz\/wp-content\/uploads\/2026\/08\/pisek-namesticko-zahradky-768x512.jpg 768w, https:\/\/loudavymkrokem.cz\/wp-content\/uploads\/2026\/08\/pisek-namesticko-zahradky-1536x1024.jpg 1536w, https:\/\/loudavymkrokem.cz\/wp-content\/uploads\/2026\/08\/pisek-namesticko-zahradky-2048x1366.jpg 2048w, https:\/\/loudavymkrokem.cz\/wp-content\/uploads\/2026\/08\/pisek-namesticko-zahradky-696x464.jpg 696w, https:\/\/loudavymkrokem.cz\/wp-content\/uploads\/2026\/08\/pisek-namesticko-zahradky-1392x928.jpg 1392w, https:\/\/loudavymkrokem.cz\/wp-content\/uploads\/2026\/08\/pisek-namesticko-zahradky-1920x1280.jpg 1920w\" sizes=\"(max-width: 2200px) 100vw, 2200px\" \/><button\n\t\t\tclass=\"lightbox-trigger\"\n\t\t\ttype=\"button\"\n\t\t\taria-haspopup=\"dialog\"\n\t\t\tdata-wp-bind--aria-label=\"state.thisImage.triggerButtonAriaLabel\"\n\t\t\tdata-wp-init=\"callbacks.initTriggerButton\"\n\t\t\tdata-wp-on--click=\"actions.showLightbox\"\n\t\t\tdata-wp-style--right=\"state.thisImage.buttonRight\"\n\t\t\tdata-wp-style--top=\"state.thisImage.buttonTop\"\n\t\t>\n\t\t\t<svg xmlns=\"http:\/\/www.w3.org\/2000\/svg\" width=\"12\" height=\"12\" fill=\"none\" viewBox=\"0 0 12 12\">\n\t\t\t\t<path fill=\"#fff\" d=\"M2 0a2 2 0 0 0-2 2v2h1.5V2a.5.5 0 0 1 .5-.5h2V0H2Zm2 10.5H2a.5.5 0 0 1-.5-.5V8H0v2a2 2 0 0 0 2 2h2v-1.5ZM8 12v-1.5h2a.5.5 0 0 0 .5-.5V8H12v2a2 2 0 0 1-2 2H8Zm2-12a2 2 0 0 1 2 2v2h-1.5V2a.5.5 0 0 0-.5-.5H8V0h2Z\" \/>\n\t\t\t<\/svg>\n\t\t<\/button><\/figure>\n\n\n\n<p class=\"wp-block-paragraph\">P\u00edsek e un ora\u0219 unde se m\u0103n\u00e2nc\u0103 \u0219i se bea surprinz\u0103tor de bine. Niciun de\u0219ert gastronomic, cum s-ar putea a\u0219tepta cineva de la un ora\u0219 de m\u0103rimea asta. Iat\u0103 <strong>localurile unde mergem cu drag \u00een P\u00edsek<\/strong>, iar pentru c\u0103 eu \u0219i so\u021bul meu suntem am\u00e2ndoi vegetarieni, scriu mai ales despre ce comand\u0103m noi.<\/p>\n\n\n\n<p class=\"wp-block-paragraph\"><strong>Cele patru constante ale noastre pentru mas\u0103:<\/strong><\/p>\n\n\n\n<ul class=\"wp-block-list\">\n<li><strong>Tandoor<\/strong> (Heydukova 172\/10) \u2013 restaurant indian ascuns \u00eentr-un pasaj dintre strada Heydukova \u0219i parcul Palack\u00e9ho sady, intrare pe sc\u0103ri. Buc\u0103tari nepalezi, un cuptor tandoor autentic \u0219i o ofert\u0103 vegetarian\u0103 grozav\u0103: <strong>palak paneer, daal makhani sau channa masala \u00een jur de 38 lei (175 K\u010d)<\/strong>, plus naan proasp\u0103t la 12 lei (55 K\u010d). Duminica e \u00eenchis.<\/li>\n\n\n\n<li><strong>Do Nebe<\/strong> (Palack\u00e9ho sady 68\/9) \u2013 <strong>restaurant f\u0103r\u0103 gluten<\/strong> care ast\u0103zi se profileaz\u0103 ca steakhouse, dar majoritatea meniului e natural f\u0103r\u0103 gluten \u0219i pentru celiaci e adresa num\u0103rul unu din P\u00edsek. Meniul se schimb\u0103 mereu, a\u0219a c\u0103 nu \u0219tiu dinainte dac\u0103 ne s\u0103tur\u0103m ca vegetarieni \u2014 uneori au ceva f\u0103r\u0103 carne \u0219i atunci mergem acolo cu pl\u0103cere. Meniul zilei cost\u0103 \u00eentre 12 \u0219i 54 lei (54\u2013249 K\u010d). Gr\u0103din\u0103 \u00een parc, al\u0103turi un mic loc de joac\u0103, duminica \u00eenchis.<\/li>\n\n\n\n<li><strong>Pizzeria San Marco<\/strong> (Velk\u00e9 n\u00e1m\u011bst\u00ed 118\/11) \u2013 restaurant italian chiar \u00een pia\u021b\u0103, cu proprietar italian, cuptor cu lemne \u0219i paste de cas\u0103. Margherita, quattro formaggi, lasagne \u0219i tiramisu, socote\u0219te <strong>45\u201365 lei de persoan\u0103 (200\u2013300 K\u010d)<\/strong>.<\/li>\n\n\n\n<li><strong>Pomodoro Ristorante Italiano<\/strong> (Bakal\u00e1\u0159e 147\/3) \u2013 al doilea italian, de data asta chiar l\u00e2ng\u0103 biserica Na\u0219terea Fecioarei Maria. Paste proprii, gnocchi, pesto \u0219i \u00eenghe\u021bat\u0103, vara teras\u0103 cu gelaterie. C\u00e2nd e plin la San Marco, aici de obicei e mai lini\u0219te.<\/li>\n<\/ul>\n\n\n\n<p class=\"wp-block-paragraph\"><strong>Alte localuri care merit\u0103 men\u021bionate:<\/strong><\/p>\n\n\n\n<ul class=\"wp-block-list\">\n<li><strong>Kozlovna u Plechandy<\/strong> (Svatotrojick\u00e1 164\/5) \u2013 clasic ceh cu teras\u0103 cu vedere spre Podul de piatr\u0103, \u00een meniu au \u0219i c\u00e2teva feluri vegetariene \u0219i au scaune \u00eenalte pentru copii. Specialitatea local\u0103 e sv\u00ed\u010dkov\u00e1 (mu\u0219chi de vit\u0103 \u00een sos) \u0219i ciolanul, iar \u00een sezon f\u0103r\u0103 rezervare intri greu.<\/li>\n\n\n\n<li><strong>Chapelle<\/strong> din Hotel U Kapli\u010dky \u2013 buc\u0103t\u0103rie modern\u0103 premiat\u0103 \u00een ghidul Michelin 2026, un cadru mai elegant, ideal pentru o cin\u0103 romantic\u0103 sau o s\u0103rb\u0103toare.<\/li>\n\n\n\n<li><strong>U Reiner\u016f<\/strong> (Palack\u00e9ho sady 98) \u2013 restaurant din 1844 cu gr\u0103din\u0103 \u00een parc. Perioada lui de glorie e probabil \u00een urm\u0103, dar pentru o bere Plze\u0148 la halb\u0103 \u0219i o doz\u0103 bun\u0103 de istorie merit\u0103 o oprire.<\/li>\n\n\n\n<li><strong>Aura<\/strong> (Velk\u00e9 n\u00e1m\u011bst\u00ed 104) \u2013 buc\u0103t\u0103rie asiatic\u0103 pentru cei care vor ceva diferit.<\/li>\n\n\n\n<li><strong>Restaurant Ostrov<\/strong> pe Insula ora\u0219ului \u2013 gr\u0103din\u0103 la semiumbr\u0103 cu loc de joac\u0103 \u00eemprejmuit, minigolf \u0219i b\u0103rci. Ca\u0219caval pane la 46 lei (209 K\u010d), cu copiii ideal.<\/li>\n<\/ul>\n\n\n\n<p class=\"wp-block-paragraph\"><strong>Cafenele<\/strong> (pentru c\u0103 o cafea merit\u0103 propria categorie):<\/p>\n\n\n\n<ul class=\"wp-block-list\">\n<li><strong>Travel Cafe<\/strong> (Komensk\u00e9ho 87\/16) \u2013 cafeneaua mea preferat\u0103 din P\u00edsek. Cafea de specialitate, mic dejun \u0219i brunch, seara vin \u0219i, mai ales, o gr\u0103din\u0103 \u00een curtea interioar\u0103 cu groap\u0103 de nisip. La dou\u0103 minute de pia\u021b\u0103.<\/li>\n\n\n\n<li><strong>Coffee Dealer<\/strong> (Drl\u00ed\u010dov 145\/17) \u2013 espresso \u0219i brew bar pentru cei care iau cafeaua \u00een serios, mai ales cea la filtru. L\u2013S 9\u201317, D 10:30\u201317.<\/li>\n\n\n\n<li><strong>Kaf\u00e9rna<\/strong> (Heydukova) \u2013 \u0219i aici trebuie s\u0103 fiu sincer\u0103. Cafeaua e bun\u0103, f\u0103r\u0103 \u00eendoial\u0103, dar personalul e capabil s\u0103 \u021bipe la tine, din motive necunoscute, peste toat\u0103 strada. Barul acesta de cafea e cunoscut printre localnici pentru personalul nepl\u0103cut, iar e p\u0103cat s\u0103-\u021bi strici cu asta vizita \u00een P\u00edsek. Mai bine \u00eendreapt\u0103-te spre biseric\u0103, la Coffee Dealer.<\/li>\n\n\n\n<li><strong>Sova na V\u011btvi<\/strong> \u2013 pr\u0103jitorie proprie \u0219i col\u021b de joac\u0103 pentru copii, la c\u00e2\u021biva pa\u0219i de pod<\/li>\n\n\n\n<li><strong>Balz\u00e1m Caf\u00e9<\/strong> \u2013 cafenea muzical\u0103 \u00een Sladovna, vara concerte \u00een serile de miercuri<\/li>\n\n\n\n<li><strong>Frame Kaf\u00e9<\/strong> \u2013 modern, cu design, brunch l\u00e2ng\u0103 Podul de piatr\u0103<\/li>\n\n\n\n<li><strong>A\u017e na p\u016fdu<\/strong> \u2013 mic dejun \u0219i \u0219edere \u00een curtea din spate; \u00een aceea\u0219i cl\u0103dire e \u0219i spa\u021biul de joac\u0103 Hernajs (local separat)<\/li>\n\n\n\n<li><strong>Upekla<\/strong> \u2013 produse de patiserie de cas\u0103, pr\u0103jituri \u0219i torturi, \u00een bibliotec\u0103, cu groap\u0103 de nisip \u00een curtea interioar\u0103<\/li>\n\n\n\n<li><strong>SOHO Cafe<\/strong> \u2013 col\u021b de joac\u0103 \u00eemprejmuit \u0219i cl\u0103tite \u00een Velk\u00e9 n\u00e1m\u011bst\u00ed<\/li>\n\n\n\n<li><strong>Park Caf\u00e9 67<\/strong> \u2013 cele mai bune gofre din tot ora\u0219ul<\/li>\n<\/ul>\n\n\n\n<p class=\"wp-block-paragraph\"><strong>Vin \u0219i b\u0103uturi:<\/strong><\/p>\n\n\n\n<ul class=\"wp-block-list\">\n<li><strong>Degust\u00e1rna<\/strong> (Bakal\u00e1\u0159e 44\/4) \u2013 pentru iubitorii de vin<\/li>\n\n\n\n<li><strong>V\u00edno Hru\u0161ka<\/strong> \u2013 \u00eenc\u0103 un sfat pentru vin<\/li>\n\n\n\n<li><strong>Kav\u00e1rni\u010dka Hella<\/strong> \u2013 cafea \u0219i cocktailuri, cu o atmosfer\u0103 pl\u0103cut\u0103 de sear\u0103<\/li>\n\n\n\n<li><strong>Revolution bar<\/strong> \u2013 b\u0103uturi, muzic\u0103, ceva mai mult\u0103 energie, barmani excelen\u021bi<\/li>\n<\/ul>\n\n\n\n<h2 class=\"wp-block-heading\"><span class=\"ez-toc-section\" id=\"Idei_de_excursii_in_imprejurimile_Pisek_13_locuri_pentru_o_zi\"><\/span>Idei de excursii \u00een \u00eemprejurimile P\u00edsek: 13 locuri pentru o zi<span class=\"ez-toc-section-end\"><\/span><\/h2>\n\n\n\n<p class=\"wp-block-paragraph\">P\u00edsek e o baz\u0103 excelent\u0103 pentru excursii prin sudul Cehiei. Cu ma\u0219ina, cu autobuzul, cu bicicleta \u2014 de aici ajungi oriunde. Iar acest \u201eoriunde&#8221; include castele, baraje, crocodili \u0219i chiar Mun\u021bii \u0160umava. <strong>Iat\u0103 treisprezece locuri unde merit\u0103 s\u0103 pleci.<\/strong><\/p>\n\n\n\n<p class=\"wp-block-paragraph\"><strong>Cite\u0219te \u0219i: <a href=\"https:\/\/loudavymkrokem.cz\/ro\/vacanta-boemia-de-sud\/\">Unde s\u0103 mergi \u00een vacan\u021b\u0103 \u00een sudul Cehiei: 15 dintre cele mai frumoase locuri (\u0219i cu copiii)<\/a><\/strong><\/p>\n\n\n\n<h3 class=\"wp-block-heading\"><span class=\"ez-toc-section\" id=\"Castelul_Zvikov_si_castelul_Orlik\"><\/span>Castelul Zv\u00edkov \u0219i castelul Orl\u00edk<span class=\"ez-toc-section-end\"><\/span><\/h3>\n\n\n\n<figure data-wp-context=\"{&quot;imageId&quot;:&quot;6a95570022c41&quot;}\" data-wp-interactive=\"core\/image\" data-wp-key=\"6a95570022c41\" class=\"wp-block-image size-full wp-lightbox-container\"><img decoding=\"async\" width=\"1600\" height=\"856\" data-wp-class--hide=\"state.isContentHidden\" data-wp-class--show=\"state.isContentVisible\" data-wp-init=\"callbacks.setButtonStyles\" data-wp-on--click=\"actions.showLightbox\" data-wp-on--load=\"callbacks.setButtonStyles\" data-wp-on--pointerdown=\"actions.preloadImage\" data-wp-on--pointerenter=\"actions.preloadImageWithDelay\" data-wp-on--pointerleave=\"actions.cancelPreload\" data-wp-on-window--resize=\"callbacks.setButtonStyles\" src=\"https:\/\/loudavymkrokem.cz\/wp-content\/uploads\/2026\/08\/hrad-zvikov-soutok-otavy-a-vltavy.jpg\" alt=\"Castelul Zv\u00edkov la confluen\u021ba r\u00e2urilor Otava \u0219i Vltava\" class=\"wp-image-399401\" title=\"\" srcset=\"https:\/\/loudavymkrokem.cz\/wp-content\/uploads\/2026\/08\/hrad-zvikov-soutok-otavy-a-vltavy.jpg 1600w, https:\/\/loudavymkrokem.cz\/wp-content\/uploads\/2026\/08\/hrad-zvikov-soutok-otavy-a-vltavy-300x161.jpg 300w, https:\/\/loudavymkrokem.cz\/wp-content\/uploads\/2026\/08\/hrad-zvikov-soutok-otavy-a-vltavy-700x375.jpg 700w, https:\/\/loudavymkrokem.cz\/wp-content\/uploads\/2026\/08\/hrad-zvikov-soutok-otavy-a-vltavy-768x411.jpg 768w, https:\/\/loudavymkrokem.cz\/wp-content\/uploads\/2026\/08\/hrad-zvikov-soutok-otavy-a-vltavy-1536x822.jpg 1536w, https:\/\/loudavymkrokem.cz\/wp-content\/uploads\/2026\/08\/hrad-zvikov-soutok-otavy-a-vltavy-696x372.jpg 696w, https:\/\/loudavymkrokem.cz\/wp-content\/uploads\/2026\/08\/hrad-zvikov-soutok-otavy-a-vltavy-1392x745.jpg 1392w\" sizes=\"(max-width: 1600px) 100vw, 1600px\" \/><button\n\t\t\tclass=\"lightbox-trigger\"\n\t\t\ttype=\"button\"\n\t\t\taria-haspopup=\"dialog\"\n\t\t\tdata-wp-bind--aria-label=\"state.thisImage.triggerButtonAriaLabel\"\n\t\t\tdata-wp-init=\"callbacks.initTriggerButton\"\n\t\t\tdata-wp-on--click=\"actions.showLightbox\"\n\t\t\tdata-wp-style--right=\"state.thisImage.buttonRight\"\n\t\t\tdata-wp-style--top=\"state.thisImage.buttonTop\"\n\t\t>\n\t\t\t<svg xmlns=\"http:\/\/www.w3.org\/2000\/svg\" width=\"12\" height=\"12\" fill=\"none\" viewBox=\"0 0 12 12\">\n\t\t\t\t<path fill=\"#fff\" d=\"M2 0a2 2 0 0 0-2 2v2h1.5V2a.5.5 0 0 1 .5-.5h2V0H2Zm2 10.5H2a.5.5 0 0 1-.5-.5V8H0v2a2 2 0 0 0 2 2h2v-1.5ZM8 12v-1.5h2a.5.5 0 0 0 .5-.5V8H12v2a2 2 0 0 1-2 2H8Zm2-12a2 2 0 0 1 2 2v2h-1.5V2a.5.5 0 0 0-.5-.5H8V0h2Z\" \/>\n\t\t\t<\/svg>\n\t\t<\/button><\/figure>\n\n\n\n<p class=\"wp-block-paragraph\">Zv\u00edkov st\u0103 la confluen\u021ba r\u00e2urilor Otava \u0219i Vltava \u0219i e probabil <strong>cel mai frumos castel din \u00eemprejurimi<\/strong>. Intrarea e \u00een jur de 39 lei (180 K\u010d), iar c\u00e2nd te ajunge foamea, curtea ber\u0103riei Zv\u00edkov te salveaz\u0103. Mai departe, e castelul Orl\u00edk deasupra barajului, iar \u00een vacan\u021be circul\u0103 \u00eentre Zv\u00edkov \u0219i Orl\u00edk \u0219i un vapora\u0219 de agrement, plimbarea dureaz\u0103 cam 50 de minute \u0219i cost\u0103 65 lei (300 K\u010d). O excursie ca din poveste.<\/p>\n\n\n\n<h3 class=\"wp-block-heading\"><span class=\"ez-toc-section\" id=\"Gradina_zoologica_cu_crocodili_din_Protivin\"><\/span>Gr\u0103dina zoologic\u0103 cu crocodili din Protiv\u00edn<span class=\"ez-toc-section-end\"><\/span><\/h3>\n\n\n\n<figure data-wp-context=\"{&quot;imageId&quot;:&quot;6a955700231a4&quot;}\" data-wp-interactive=\"core\/image\" data-wp-key=\"6a955700231a4\" class=\"wp-block-image size-full wp-lightbox-container\"><img decoding=\"async\" width=\"1120\" height=\"800\" data-wp-class--hide=\"state.isContentHidden\" data-wp-class--show=\"state.isContentVisible\" data-wp-init=\"callbacks.setButtonStyles\" data-wp-on--click=\"actions.showLightbox\" data-wp-on--load=\"callbacks.setButtonStyles\" data-wp-on--pointerdown=\"actions.preloadImage\" data-wp-on--pointerenter=\"actions.preloadImageWithDelay\" data-wp-on--pointerleave=\"actions.cancelPreload\" data-wp-on-window--resize=\"callbacks.setButtonStyles\" src=\"https:\/\/loudavymkrokem.cz\/wp-content\/uploads\/2026\/08\/krokodyli-zoo-protivin-aligator.jpg\" alt=\"Aligator \u00een Gr\u0103dina zoologic\u0103 cu crocodili din Protiv\u00edn\" class=\"wp-image-399574\" title=\"\" srcset=\"https:\/\/loudavymkrokem.cz\/wp-content\/uploads\/2026\/08\/krokodyli-zoo-protivin-aligator.jpg 1120w, https:\/\/loudavymkrokem.cz\/wp-content\/uploads\/2026\/08\/krokodyli-zoo-protivin-aligator-300x214.jpg 300w, https:\/\/loudavymkrokem.cz\/wp-content\/uploads\/2026\/08\/krokodyli-zoo-protivin-aligator-700x500.jpg 700w, https:\/\/loudavymkrokem.cz\/wp-content\/uploads\/2026\/08\/krokodyli-zoo-protivin-aligator-768x549.jpg 768w, https:\/\/loudavymkrokem.cz\/wp-content\/uploads\/2026\/08\/krokodyli-zoo-protivin-aligator-696x497.jpg 696w\" sizes=\"(max-width: 1120px) 100vw, 1120px\" \/><button\n\t\t\tclass=\"lightbox-trigger\"\n\t\t\ttype=\"button\"\n\t\t\taria-haspopup=\"dialog\"\n\t\t\tdata-wp-bind--aria-label=\"state.thisImage.triggerButtonAriaLabel\"\n\t\t\tdata-wp-init=\"callbacks.initTriggerButton\"\n\t\t\tdata-wp-on--click=\"actions.showLightbox\"\n\t\t\tdata-wp-style--right=\"state.thisImage.buttonRight\"\n\t\t\tdata-wp-style--top=\"state.thisImage.buttonTop\"\n\t\t>\n\t\t\t<svg xmlns=\"http:\/\/www.w3.org\/2000\/svg\" width=\"12\" height=\"12\" fill=\"none\" viewBox=\"0 0 12 12\">\n\t\t\t\t<path fill=\"#fff\" d=\"M2 0a2 2 0 0 0-2 2v2h1.5V2a.5.5 0 0 1 .5-.5h2V0H2Zm2 10.5H2a.5.5 0 0 1-.5-.5V8H0v2a2 2 0 0 0 2 2h2v-1.5ZM8 12v-1.5h2a.5.5 0 0 0 .5-.5V8H12v2a2 2 0 0 1-2 2H8Zm2-12a2 2 0 0 1 2 2v2h-1.5V2a.5.5 0 0 0-.5-.5H8V0h2Z\" \/>\n\t\t\t<\/svg>\n\t\t<\/button><\/figure>\n\n\n\n<p class=\"wp-block-paragraph\">Cincisprezece minute cu ma\u0219ina de P\u00edsek \u0219i e\u0219ti printre crocodili. Toate speciile pe care \u021bi le po\u021bi imagina \u0219i chiar \u0219i <strong>crocodili albi<\/strong>. Copiii sunt \u00eenc\u00e2nta\u021bi, adul\u021bii la fel, iar eu, de fiecare dat\u0103 c\u00e2nd ajung acolo, m\u0103 minunez c\u0103 aceast\u0103 ferm\u0103 de crocodili e at\u00e2t de aproape.<\/p>\n\n\n\n<h3 class=\"wp-block-heading\"><span class=\"ez-toc-section\" id=\"Monumentul_bataliei_de_la_Sudomer\"><\/span>Monumentul b\u0103t\u0103liei de la Sudom\u011b\u0159<span class=\"ez-toc-section-end\"><\/span><\/h3>\n\n\n\n<figure data-wp-context=\"{&quot;imageId&quot;:&quot;6a955700236b8&quot;}\" data-wp-interactive=\"core\/image\" data-wp-key=\"6a955700236b8\" class=\"wp-block-image size-full wp-lightbox-container\"><img decoding=\"async\" width=\"1200\" height=\"900\" data-wp-class--hide=\"state.isContentHidden\" data-wp-class--show=\"state.isContentVisible\" data-wp-init=\"callbacks.setButtonStyles\" data-wp-on--click=\"actions.showLightbox\" data-wp-on--load=\"callbacks.setButtonStyles\" data-wp-on--pointerdown=\"actions.preloadImage\" data-wp-on--pointerenter=\"actions.preloadImageWithDelay\" data-wp-on--pointerleave=\"actions.cancelPreload\" data-wp-on-window--resize=\"callbacks.setButtonStyles\" src=\"https:\/\/loudavymkrokem.cz\/wp-content\/uploads\/2026\/08\/pamatnik-bitvy-u-sudomere.jpg\" alt=\"Monumentul lui Jan \u017di\u017eka de la Sudom\u011b\u0159\" class=\"wp-image-399697\" title=\"\" srcset=\"https:\/\/loudavymkrokem.cz\/wp-content\/uploads\/2026\/08\/pamatnik-bitvy-u-sudomere.jpg 1200w, https:\/\/loudavymkrokem.cz\/wp-content\/uploads\/2026\/08\/pamatnik-bitvy-u-sudomere-300x225.jpg 300w, https:\/\/loudavymkrokem.cz\/wp-content\/uploads\/2026\/08\/pamatnik-bitvy-u-sudomere-700x525.jpg 700w, https:\/\/loudavymkrokem.cz\/wp-content\/uploads\/2026\/08\/pamatnik-bitvy-u-sudomere-768x576.jpg 768w, https:\/\/loudavymkrokem.cz\/wp-content\/uploads\/2026\/08\/pamatnik-bitvy-u-sudomere-80x60.jpg 80w, https:\/\/loudavymkrokem.cz\/wp-content\/uploads\/2026\/08\/pamatnik-bitvy-u-sudomere-160x120.jpg 160w, https:\/\/loudavymkrokem.cz\/wp-content\/uploads\/2026\/08\/pamatnik-bitvy-u-sudomere-696x522.jpg 696w\" sizes=\"(max-width: 1200px) 100vw, 1200px\" \/><button\n\t\t\tclass=\"lightbox-trigger\"\n\t\t\ttype=\"button\"\n\t\t\taria-haspopup=\"dialog\"\n\t\t\tdata-wp-bind--aria-label=\"state.thisImage.triggerButtonAriaLabel\"\n\t\t\tdata-wp-init=\"callbacks.initTriggerButton\"\n\t\t\tdata-wp-on--click=\"actions.showLightbox\"\n\t\t\tdata-wp-style--right=\"state.thisImage.buttonRight\"\n\t\t\tdata-wp-style--top=\"state.thisImage.buttonTop\"\n\t\t>\n\t\t\t<svg xmlns=\"http:\/\/www.w3.org\/2000\/svg\" width=\"12\" height=\"12\" fill=\"none\" viewBox=\"0 0 12 12\">\n\t\t\t\t<path fill=\"#fff\" d=\"M2 0a2 2 0 0 0-2 2v2h1.5V2a.5.5 0 0 1 .5-.5h2V0H2Zm2 10.5H2a.5.5 0 0 1-.5-.5V8H0v2a2 2 0 0 0 2 2h2v-1.5ZM8 12v-1.5h2a.5.5 0 0 0 .5-.5V8H12v2a2 2 0 0 1-2 2H8Zm2-12a2 2 0 0 1 2 2v2h-1.5V2a.5.5 0 0 0-.5-.5H8V0h2Z\" \/>\n\t\t\t<\/svg>\n\t\t<\/button><\/figure>\n\n\n\n<p class=\"wp-block-paragraph\">Jan \u017di\u017eka a dat aici, \u00een anul 1420, \u00eempreun\u0103 cu husi\u021bii s\u0103i, una dintre primele lupte. Aici st\u0103 o statuie de 16 metri, iar \u00een jur sunt iazurile Markovec \u0219i \u0160kared\u00fd. Dac\u0103 te pasioneaz\u0103 istoria ceh\u0103, locul acesta are o atmosfer\u0103 puternic\u0103. Iar peisajul din jur e superb, o imagine lini\u0219tit\u0103 a sudului Cehiei.<\/p>\n\n\n\n<h3 class=\"wp-block-heading\"><span class=\"ez-toc-section\" id=\"Fieraria_de_poveste_din_Selibov\"><\/span>Fier\u0103ria de poveste din Selibov<span class=\"ez-toc-section-end\"><\/span><\/h3>\n\n\n\n<figure data-wp-context=\"{&quot;imageId&quot;:&quot;6a95570023cad&quot;}\" data-wp-interactive=\"core\/image\" data-wp-key=\"6a95570023cad\" class=\"wp-block-image size-full wp-lightbox-container\"><img decoding=\"async\" width=\"2000\" height=\"1333\" data-wp-class--hide=\"state.isContentHidden\" data-wp-class--show=\"state.isContentVisible\" data-wp-init=\"callbacks.setButtonStyles\" data-wp-on--click=\"actions.showLightbox\" data-wp-on--load=\"callbacks.setButtonStyles\" data-wp-on--pointerdown=\"actions.preloadImage\" data-wp-on--pointerenter=\"actions.preloadImageWithDelay\" data-wp-on--pointerleave=\"actions.cancelPreload\" data-wp-on-window--resize=\"callbacks.setButtonStyles\" src=\"https:\/\/loudavymkrokem.cz\/wp-content\/uploads\/2026\/08\/pohadkova-kovarna-selibov.jpg\" alt=\"Fier\u0103ria de poveste din Selibov cu acoperi\u0219 de paie\" class=\"wp-image-399577\" title=\"\" srcset=\"https:\/\/loudavymkrokem.cz\/wp-content\/uploads\/2026\/08\/pohadkova-kovarna-selibov.jpg 2000w, https:\/\/loudavymkrokem.cz\/wp-content\/uploads\/2026\/08\/pohadkova-kovarna-selibov-300x200.jpg 300w, https:\/\/loudavymkrokem.cz\/wp-content\/uploads\/2026\/08\/pohadkova-kovarna-selibov-700x467.jpg 700w, https:\/\/loudavymkrokem.cz\/wp-content\/uploads\/2026\/08\/pohadkova-kovarna-selibov-768x512.jpg 768w, https:\/\/loudavymkrokem.cz\/wp-content\/uploads\/2026\/08\/pohadkova-kovarna-selibov-1536x1024.jpg 1536w, https:\/\/loudavymkrokem.cz\/wp-content\/uploads\/2026\/08\/pohadkova-kovarna-selibov-696x464.jpg 696w, https:\/\/loudavymkrokem.cz\/wp-content\/uploads\/2026\/08\/pohadkova-kovarna-selibov-1392x928.jpg 1392w, https:\/\/loudavymkrokem.cz\/wp-content\/uploads\/2026\/08\/pohadkova-kovarna-selibov-1920x1280.jpg 1920w\" sizes=\"(max-width: 2000px) 100vw, 2000px\" \/><button\n\t\t\tclass=\"lightbox-trigger\"\n\t\t\ttype=\"button\"\n\t\t\taria-haspopup=\"dialog\"\n\t\t\tdata-wp-bind--aria-label=\"state.thisImage.triggerButtonAriaLabel\"\n\t\t\tdata-wp-init=\"callbacks.initTriggerButton\"\n\t\t\tdata-wp-on--click=\"actions.showLightbox\"\n\t\t\tdata-wp-style--right=\"state.thisImage.buttonRight\"\n\t\t\tdata-wp-style--top=\"state.thisImage.buttonTop\"\n\t\t>\n\t\t\t<svg xmlns=\"http:\/\/www.w3.org\/2000\/svg\" width=\"12\" height=\"12\" fill=\"none\" viewBox=\"0 0 12 12\">\n\t\t\t\t<path fill=\"#fff\" d=\"M2 0a2 2 0 0 0-2 2v2h1.5V2a.5.5 0 0 1 .5-.5h2V0H2Zm2 10.5H2a.5.5 0 0 1-.5-.5V8H0v2a2 2 0 0 0 2 2h2v-1.5ZM8 12v-1.5h2a.5.5 0 0 0 .5-.5V8H12v2a2 2 0 0 1-2 2H8Zm2-12a2 2 0 0 1 2 2v2h-1.5V2a.5.5 0 0 0-.5-.5H8V0h2Z\" \/>\n\t\t\t<\/svg>\n\t\t<\/button><\/figure>\n\n\n\n<p class=\"wp-block-paragraph\">Draci, spiridu\u0219i ai apelor, z\u00e2ne \u0219i, pe deasupra, un atelier de crea\u021bie. Excursie ideal\u0103 cu copiii mai mici, care \u00eenc\u0103 mai cred \u00een pove\u0219ti (\u0219i cu cei mari, care se prefac c\u0103 nu, dar tot se distreaz\u0103).<\/p>\n\n\n\n<h3 class=\"wp-block-heading\"><span class=\"ez-toc-section\" id=\"Farmapark_Maletice\"><\/span>Farmapark Maletice<span class=\"ez-toc-section-end\"><\/span><\/h3>\n\n\n\n<figure data-wp-context=\"{&quot;imageId&quot;:&quot;6a95570024283&quot;}\" data-wp-interactive=\"core\/image\" data-wp-key=\"6a95570024283\" class=\"wp-block-image size-full wp-lightbox-container\"><img decoding=\"async\" width=\"2048\" height=\"1365\" data-wp-class--hide=\"state.isContentHidden\" data-wp-class--show=\"state.isContentVisible\" data-wp-init=\"callbacks.setButtonStyles\" data-wp-on--click=\"actions.showLightbox\" data-wp-on--load=\"callbacks.setButtonStyles\" data-wp-on--pointerdown=\"actions.preloadImage\" data-wp-on--pointerenter=\"actions.preloadImageWithDelay\" data-wp-on--pointerleave=\"actions.cancelPreload\" data-wp-on-window--resize=\"callbacks.setButtonStyles\" src=\"https:\/\/loudavymkrokem.cz\/wp-content\/uploads\/2026\/08\/farmapark-maletice-alpaka.jpg\" alt=\"Alpaca \u00een \u021barcul din Farmapark Maletice de l\u00e2ng\u0103 P\u00edsek\" class=\"wp-image-399568\" title=\"\" srcset=\"https:\/\/loudavymkrokem.cz\/wp-content\/uploads\/2026\/08\/farmapark-maletice-alpaka.jpg 2048w, https:\/\/loudavymkrokem.cz\/wp-content\/uploads\/2026\/08\/farmapark-maletice-alpaka-300x200.jpg 300w, https:\/\/loudavymkrokem.cz\/wp-content\/uploads\/2026\/08\/farmapark-maletice-alpaka-700x467.jpg 700w, https:\/\/loudavymkrokem.cz\/wp-content\/uploads\/2026\/08\/farmapark-maletice-alpaka-768x512.jpg 768w, https:\/\/loudavymkrokem.cz\/wp-content\/uploads\/2026\/08\/farmapark-maletice-alpaka-1536x1024.jpg 1536w, https:\/\/loudavymkrokem.cz\/wp-content\/uploads\/2026\/08\/farmapark-maletice-alpaka-696x464.jpg 696w, https:\/\/loudavymkrokem.cz\/wp-content\/uploads\/2026\/08\/farmapark-maletice-alpaka-1392x928.jpg 1392w, https:\/\/loudavymkrokem.cz\/wp-content\/uploads\/2026\/08\/farmapark-maletice-alpaka-1920x1280.jpg 1920w\" sizes=\"(max-width: 2048px) 100vw, 2048px\" \/><button\n\t\t\tclass=\"lightbox-trigger\"\n\t\t\ttype=\"button\"\n\t\t\taria-haspopup=\"dialog\"\n\t\t\tdata-wp-bind--aria-label=\"state.thisImage.triggerButtonAriaLabel\"\n\t\t\tdata-wp-init=\"callbacks.initTriggerButton\"\n\t\t\tdata-wp-on--click=\"actions.showLightbox\"\n\t\t\tdata-wp-style--right=\"state.thisImage.buttonRight\"\n\t\t\tdata-wp-style--top=\"state.thisImage.buttonTop\"\n\t\t>\n\t\t\t<svg xmlns=\"http:\/\/www.w3.org\/2000\/svg\" width=\"12\" height=\"12\" fill=\"none\" viewBox=\"0 0 12 12\">\n\t\t\t\t<path fill=\"#fff\" d=\"M2 0a2 2 0 0 0-2 2v2h1.5V2a.5.5 0 0 1 .5-.5h2V0H2Zm2 10.5H2a.5.5 0 0 1-.5-.5V8H0v2a2 2 0 0 0 2 2h2v-1.5ZM8 12v-1.5h2a.5.5 0 0 0 .5-.5V8H12v2a2 2 0 0 1-2 2H8Zm2-12a2 2 0 0 1 2 2v2h-1.5V2a.5.5 0 0 0-.5-.5H8V0h2Z\" \/>\n\t\t\t<\/svg>\n\t\t<\/button><\/figure>\n\n\n\n<p class=\"wp-block-paragraph\">O <a href=\"https:\/\/www.farmaparkmaletice.cz\/\" data-type=\"link\" data-id=\"https:\/\/www.farmaparkmaletice.cz\/\" target=\"_blank\" rel=\"noopener\"><strong>gr\u0103din\u0103 zoo de contact<\/strong><\/a> plus un parc de distrac\u021bii, la \u0219oseaua spre Protiv\u00edn, la <strong>cam 12 minute de P\u00edsek<\/strong>. Capre, alpaca, ponei, iepuri, plus trambuline uria\u0219e cu aer, labirint din baloturi de f\u00e2n, tiroliene \u0219i groap\u0103 de nisip acoperit\u0103 cu tobogan. E deschis zilnic 10\u201318, <strong>intrare 54 lei copil, 46 lei adult, familie 192 lei (250\/210\/879 K\u010d)<\/strong> (online mai ieftin), copiii sub 2 ani gratuit, parcarea gratuit\u0103. Farmaparkul s-a deschis \u00een vara lui 2025 \u0219i e momentan probabil cea mai popular\u0103 excursie de familie din P\u00edsek.<\/p>\n\n\n\n<h3 class=\"wp-block-heading\"><span class=\"ez-toc-section\" id=\"Fiziland_si_Regatul_timpului_din_Protivin\"><\/span>Fiziland \u0219i Regatul timpului din Protiv\u00edn<span class=\"ez-toc-section-end\"><\/span><\/h3>\n\n\n\n<figure data-wp-context=\"{&quot;imageId&quot;:&quot;6a9557002482b&quot;}\" data-wp-interactive=\"core\/image\" data-wp-key=\"6a9557002482b\" class=\"wp-block-image size-full wp-lightbox-container\"><img decoding=\"async\" width=\"2200\" height=\"1467\" data-wp-class--hide=\"state.isContentHidden\" data-wp-class--show=\"state.isContentVisible\" data-wp-init=\"callbacks.setButtonStyles\" data-wp-on--click=\"actions.showLightbox\" data-wp-on--load=\"callbacks.setButtonStyles\" data-wp-on--pointerdown=\"actions.preloadImage\" data-wp-on--pointerenter=\"actions.preloadImageWithDelay\" data-wp-on--pointerleave=\"actions.cancelPreload\" data-wp-on-window--resize=\"callbacks.setButtonStyles\" src=\"https:\/\/loudavymkrokem.cz\/wp-content\/uploads\/2026\/08\/fiziland-protivin-herna.jpg\" alt=\"Spa\u021biul de joac\u0103 interior Fiziland din Protiv\u00edn cu groap\u0103 de burete \u0219i tobogane\" class=\"wp-image-399563\" title=\"\" srcset=\"https:\/\/loudavymkrokem.cz\/wp-content\/uploads\/2026\/08\/fiziland-protivin-herna.jpg 2200w, https:\/\/loudavymkrokem.cz\/wp-content\/uploads\/2026\/08\/fiziland-protivin-herna-300x200.jpg 300w, https:\/\/loudavymkrokem.cz\/wp-content\/uploads\/2026\/08\/fiziland-protivin-herna-700x467.jpg 700w, https:\/\/loudavymkrokem.cz\/wp-content\/uploads\/2026\/08\/fiziland-protivin-herna-768x512.jpg 768w, https:\/\/loudavymkrokem.cz\/wp-content\/uploads\/2026\/08\/fiziland-protivin-herna-1536x1024.jpg 1536w, https:\/\/loudavymkrokem.cz\/wp-content\/uploads\/2026\/08\/fiziland-protivin-herna-2048x1366.jpg 2048w, https:\/\/loudavymkrokem.cz\/wp-content\/uploads\/2026\/08\/fiziland-protivin-herna-696x464.jpg 696w, https:\/\/loudavymkrokem.cz\/wp-content\/uploads\/2026\/08\/fiziland-protivin-herna-1392x928.jpg 1392w, https:\/\/loudavymkrokem.cz\/wp-content\/uploads\/2026\/08\/fiziland-protivin-herna-1920x1280.jpg 1920w\" sizes=\"(max-width: 2200px) 100vw, 2200px\" \/><button\n\t\t\tclass=\"lightbox-trigger\"\n\t\t\ttype=\"button\"\n\t\t\taria-haspopup=\"dialog\"\n\t\t\tdata-wp-bind--aria-label=\"state.thisImage.triggerButtonAriaLabel\"\n\t\t\tdata-wp-init=\"callbacks.initTriggerButton\"\n\t\t\tdata-wp-on--click=\"actions.showLightbox\"\n\t\t\tdata-wp-style--right=\"state.thisImage.buttonRight\"\n\t\t\tdata-wp-style--top=\"state.thisImage.buttonTop\"\n\t\t>\n\t\t\t<svg xmlns=\"http:\/\/www.w3.org\/2000\/svg\" width=\"12\" height=\"12\" fill=\"none\" viewBox=\"0 0 12 12\">\n\t\t\t\t<path fill=\"#fff\" d=\"M2 0a2 2 0 0 0-2 2v2h1.5V2a.5.5 0 0 1 .5-.5h2V0H2Zm2 10.5H2a.5.5 0 0 1-.5-.5V8H0v2a2 2 0 0 0 2 2h2v-1.5ZM8 12v-1.5h2a.5.5 0 0 0 .5-.5V8H12v2a2 2 0 0 1-2 2H8Zm2-12a2 2 0 0 1 2 2v2h-1.5V2a.5.5 0 0 0-.5-.5H8V0h2Z\" \/>\n\t\t\t<\/svg>\n\t\t<\/button><\/figure>\n\n\n\n<p class=\"wp-block-paragraph\">Protiv\u00edn, la 15 minute de P\u00edsek, are dintr-o dat\u0103 dou\u0103 obiective de familie sub acoperi\u0219. <strong>Fiziland<\/strong> (Zelenohorsk\u00e1 986) e parcul de distrac\u021bii al youtuberului Fizi: tobogan uria\u0219, trambuline, groap\u0103 de burete, castel gonflabil \u0219i zon\u0103 de lini\u0219te pentru cei mici, plus un loc de joac\u0103 \u00een aer liber. Deschis zilnic 10\u201318, <strong>copilul pl\u0103te\u0219te 85 lei, iar adultul \u00eenso\u021bitor 35 lei (389\/159 K\u010d)<\/strong> (pachetul de familie pentru doi adul\u021bi \u0219i doi copii cost\u0103 194 lei \/ 889 K\u010d), copiii sub 3 ani gratuit. Biletele trebuie cump\u0103rate din timp online, v\u00e2nzarea la fa\u021ba locului nu e garantat\u0103. Am analizat parcul \u00een detaliu <a href=\"https:\/\/loudavymkrokem.cz\/ro\/fiziland-protivin-parc-distractii\/\">\u00een articolul despre Fiziland<\/a>.<\/p>\n\n\n\n<p class=\"wp-block-paragraph\">Complet alt\u0103 categorie e <strong>Regatul timpului<\/strong> (Purky\u0148ova 255): o vil\u0103 Art Nouveau renovat\u0103, cu un muzeu al ceasurilor, unde un mecanism de turn din secolul al XIX-lea bate la fiecare or\u0103 \u00eentreag\u0103, iar la parter un spa\u021biu de joac\u0103, atelier de crea\u021bie \u0219i o gr\u0103din\u0103 \u00eemprejmuit\u0103 cu tobogan \u0219i tirolian\u0103. Deschis zilnic 9\u201317, muzeul cost\u0103 20\/13 lei (90\/60 K\u010d), dar <strong>spa\u021biul de joac\u0103 \u0219i gr\u0103dina sunt gratuite dac\u0103 iei o cafea<\/strong>. Ideal pentru copiii mici.<\/p>\n\n\n\n<h3 class=\"wp-block-heading\"><span class=\"ez-toc-section\" id=\"Bagrarium_din_Strakonice\"><\/span>Bagr\u00e1rium din Strakonice<span class=\"ez-toc-section-end\"><\/span><\/h3>\n\n\n\n<p class=\"wp-block-paragraph\">Noutatea anului 2026 \u0219i primul de acest fel din Cehia: <strong>Bagr\u00e1rium<\/strong> (Pov\u00e1\u017esk\u00e1 358, Strakonice, 30 de minute cu ma\u0219ina) e un spa\u021biu de joac\u0103 acoperit, unde copiii comand\u0103 modele realiste de excavatoare, \u00eenc\u0103rc\u0103toare \u0219i basculante deasupra unei gropi mari cu nisip \u0219i caut\u0103 \u00een ea o comoar\u0103. Se rezerv\u0103 online, pe intervale de o jum\u0103tate de or\u0103, \u00eentre orele 10 \u0219i 18, <strong>61 lei pentru 30 de minute pe un utilaj (279 K\u010d)<\/strong>. Aten\u021bie, v\u00e2rsta recomandat\u0103 e <strong>de la 6 ani<\/strong> (comanda cere coordonarea ambelor m\u00e2ini), a\u0219a c\u0103 e mai degrab\u0103 o idee pentru fra\u021bii mai mari.<\/p>\n\n\n\n<h3 class=\"wp-block-heading\"><span class=\"ez-toc-section\" id=\"Tabor\"><\/span>T\u00e1bor<span class=\"ez-toc-section-end\"><\/span><\/h3>\n\n\n\n<p class=\"wp-block-paragraph\"><strong><a href=\"https:\/\/loudavymkrokem.cz\/ro\/tabor-cehia-ce-vezi\/\" target=\"_blank\" data-type=\"link\" data-id=\"https:\/\/loudavymkrokem.cz\/co-videt-v-tabore\/\" rel=\"noreferrer noopener\">Ora\u0219ul husit<\/a><\/strong>, la 45 de minute de mers. Subteranele medievale (pu\u021bin claustrofobice, dar merit\u0103), <strong>Muzeul ciocolatei<\/strong> (copii + ciocolat\u0103 = victorie), gr\u0103dina zoo \u0219i barajul Jord\u00e1n, pentru scald\u0103 vara. T\u00e1bor e un ora\u0219 cu caracter \u0219i cu o atmosfer\u0103 diferit\u0103 de cea a P\u00edsek \u0219i cu siguran\u021b\u0103 merit\u0103 vizitat.<\/p>\n\n\n\n<figure data-wp-context=\"{&quot;imageId&quot;:&quot;6a95570024f3a&quot;}\" data-wp-interactive=\"core\/image\" data-wp-key=\"6a95570024f3a\" class=\"wp-block-image size-full wp-lightbox-container\"><img decoding=\"async\" width=\"1200\" height=\"800\" data-wp-class--hide=\"state.isContentHidden\" data-wp-class--show=\"state.isContentVisible\" data-wp-init=\"callbacks.setButtonStyles\" data-wp-on--click=\"actions.showLightbox\" data-wp-on--load=\"callbacks.setButtonStyles\" data-wp-on--pointerdown=\"actions.preloadImage\" data-wp-on--pointerenter=\"actions.preloadImageWithDelay\" data-wp-on--pointerleave=\"actions.cancelPreload\" data-wp-on-window--resize=\"callbacks.setButtonStyles\" src=\"https:\/\/loudavymkrokem.cz\/wp-content\/uploads\/2026\/03\/tabor-co-videt-3.jpg\" alt=\"T\u00e1bor\" class=\"wp-image-132729\" title=\"\" srcset=\"https:\/\/loudavymkrokem.cz\/wp-content\/uploads\/2026\/03\/tabor-co-videt-3.jpg 1200w, https:\/\/loudavymkrokem.cz\/wp-content\/uploads\/2026\/03\/tabor-co-videt-3-300x200.jpg 300w, https:\/\/loudavymkrokem.cz\/wp-content\/uploads\/2026\/03\/tabor-co-videt-3-700x467.jpg 700w, https:\/\/loudavymkrokem.cz\/wp-content\/uploads\/2026\/03\/tabor-co-videt-3-768x512.jpg 768w, https:\/\/loudavymkrokem.cz\/wp-content\/uploads\/2026\/03\/tabor-co-videt-3-696x464.jpg 696w\" sizes=\"(max-width: 1200px) 100vw, 1200px\" \/><button\n\t\t\tclass=\"lightbox-trigger\"\n\t\t\ttype=\"button\"\n\t\t\taria-haspopup=\"dialog\"\n\t\t\tdata-wp-bind--aria-label=\"state.thisImage.triggerButtonAriaLabel\"\n\t\t\tdata-wp-init=\"callbacks.initTriggerButton\"\n\t\t\tdata-wp-on--click=\"actions.showLightbox\"\n\t\t\tdata-wp-style--right=\"state.thisImage.buttonRight\"\n\t\t\tdata-wp-style--top=\"state.thisImage.buttonTop\"\n\t\t>\n\t\t\t<svg xmlns=\"http:\/\/www.w3.org\/2000\/svg\" width=\"12\" height=\"12\" fill=\"none\" viewBox=\"0 0 12 12\">\n\t\t\t\t<path fill=\"#fff\" d=\"M2 0a2 2 0 0 0-2 2v2h1.5V2a.5.5 0 0 1 .5-.5h2V0H2Zm2 10.5H2a.5.5 0 0 1-.5-.5V8H0v2a2 2 0 0 0 2 2h2v-1.5ZM8 12v-1.5h2a.5.5 0 0 0 .5-.5V8H12v2a2 2 0 0 1-2 2H8Zm2-12a2 2 0 0 1 2 2v2h-1.5V2a.5.5 0 0 0-.5-.5H8V0h2Z\" \/>\n\t\t\t<\/svg>\n\t\t<\/button><figcaption class=\"wp-element-caption\">T\u00e1bor<\/figcaption><\/figure>\n\n\n\n<h3 class=\"wp-block-heading\"><span class=\"ez-toc-section\" id=\"Ceske_Budejovice\"><\/span>\u010cesk\u00e9 Bud\u011bjovice<span class=\"ez-toc-section-end\"><\/span><\/h3>\n\n\n\n<p class=\"wp-block-paragraph\"><strong><a href=\"https:\/\/loudavymkrokem.cz\/ro\/ceske-budejovice-cehia\/\" target=\"_blank\" data-type=\"link\" data-id=\"https:\/\/loudavymkrokem.cz\/ceske-budejovice\/\" rel=\"noreferrer noopener\">\u010cesk\u00e9 Bud\u011bjovice<\/a><\/strong> sunt la vreo patruzeci de minute cu ma\u0219ina de P\u00edsek. Pia\u021ba uria\u0219\u0103 <strong>P\u0159emysl Otakar al II-lea<\/strong>, urcarea \u00een <strong>Turnul Negru<\/strong> (225 de trepte, dar ce priveli\u0219te!) \u0219i, desigur, fabrica de bere Budvar cu tur ghidat. Metropola sudului Cehiei, unde po\u021bi petrece o zi \u00eentreag\u0103 \u0219i tot nu vezi totul.<\/p>\n\n\n\n<figure data-wp-context=\"{&quot;imageId&quot;:&quot;6a955700254b8&quot;}\" data-wp-interactive=\"core\/image\" data-wp-key=\"6a955700254b8\" class=\"wp-block-image size-full wp-lightbox-container\"><img decoding=\"async\" width=\"1500\" height=\"1000\" data-wp-class--hide=\"state.isContentHidden\" data-wp-class--show=\"state.isContentVisible\" data-wp-init=\"callbacks.setButtonStyles\" data-wp-on--click=\"actions.showLightbox\" data-wp-on--load=\"callbacks.setButtonStyles\" data-wp-on--pointerdown=\"actions.preloadImage\" data-wp-on--pointerenter=\"actions.preloadImageWithDelay\" data-wp-on--pointerleave=\"actions.cancelPreload\" data-wp-on-window--resize=\"callbacks.setButtonStyles\" src=\"https:\/\/loudavymkrokem.cz\/wp-content\/uploads\/2024\/03\/namesti-ceske-budejovice.jpg\" alt=\"Ce s\u0103 vezi \u0219i ce s\u0103 faci \u00een \u010cesk\u00e9 Bud\u011bjovice\" class=\"wp-image-83546\" title=\"\" srcset=\"https:\/\/loudavymkrokem.cz\/wp-content\/uploads\/2024\/03\/namesti-ceske-budejovice.jpg 1500w, https:\/\/loudavymkrokem.cz\/wp-content\/uploads\/2024\/03\/namesti-ceske-budejovice-300x200.jpg 300w, https:\/\/loudavymkrokem.cz\/wp-content\/uploads\/2024\/03\/namesti-ceske-budejovice-700x467.jpg 700w, https:\/\/loudavymkrokem.cz\/wp-content\/uploads\/2024\/03\/namesti-ceske-budejovice-768x512.jpg 768w, https:\/\/loudavymkrokem.cz\/wp-content\/uploads\/2024\/03\/namesti-ceske-budejovice-696x464.jpg 696w, https:\/\/loudavymkrokem.cz\/wp-content\/uploads\/2024\/03\/namesti-ceske-budejovice-1392x928.jpg 1392w\" sizes=\"(max-width: 1500px) 100vw, 1500px\" \/><button\n\t\t\tclass=\"lightbox-trigger\"\n\t\t\ttype=\"button\"\n\t\t\taria-haspopup=\"dialog\"\n\t\t\tdata-wp-bind--aria-label=\"state.thisImage.triggerButtonAriaLabel\"\n\t\t\tdata-wp-init=\"callbacks.initTriggerButton\"\n\t\t\tdata-wp-on--click=\"actions.showLightbox\"\n\t\t\tdata-wp-style--right=\"state.thisImage.buttonRight\"\n\t\t\tdata-wp-style--top=\"state.thisImage.buttonTop\"\n\t\t>\n\t\t\t<svg xmlns=\"http:\/\/www.w3.org\/2000\/svg\" width=\"12\" height=\"12\" fill=\"none\" viewBox=\"0 0 12 12\">\n\t\t\t\t<path fill=\"#fff\" d=\"M2 0a2 2 0 0 0-2 2v2h1.5V2a.5.5 0 0 1 .5-.5h2V0H2Zm2 10.5H2a.5.5 0 0 1-.5-.5V8H0v2a2 2 0 0 0 2 2h2v-1.5ZM8 12v-1.5h2a.5.5 0 0 0 .5-.5V8H12v2a2 2 0 0 1-2 2H8Zm2-12a2 2 0 0 1 2 2v2h-1.5V2a.5.5 0 0 0-.5-.5H8V0h2Z\" \/>\n\t\t\t<\/svg>\n\t\t<\/button><figcaption class=\"wp-element-caption\">Ce s\u0103 vezi \u0219i ce s\u0103 faci \u00een \u010cesk\u00e9 Bud\u011bjovice<\/figcaption><\/figure>\n\n\n\n<h3 class=\"wp-block-heading\"><span class=\"ez-toc-section\" id=\"Hluboka_nad_Vltavou\"><\/span>Hlubok\u00e1 nad Vltavou<span class=\"ez-toc-section-end\"><\/span><\/h3>\n\n\n\n<figure data-wp-context=\"{&quot;imageId&quot;:&quot;6a95570025a75&quot;}\" data-wp-interactive=\"core\/image\" data-wp-key=\"6a95570025a75\" class=\"wp-block-image size-full wp-lightbox-container\"><img decoding=\"async\" width=\"1600\" height=\"1244\" data-wp-class--hide=\"state.isContentHidden\" data-wp-class--show=\"state.isContentVisible\" data-wp-init=\"callbacks.setButtonStyles\" data-wp-on--click=\"actions.showLightbox\" data-wp-on--load=\"callbacks.setButtonStyles\" data-wp-on--pointerdown=\"actions.preloadImage\" data-wp-on--pointerenter=\"actions.preloadImageWithDelay\" data-wp-on--pointerleave=\"actions.cancelPreload\" data-wp-on-window--resize=\"callbacks.setButtonStyles\" src=\"https:\/\/loudavymkrokem.cz\/wp-content\/uploads\/2026\/08\/zamek-hluboka-nad-vltavou-zapad-slunce.jpg\" alt=\"Castelul Hlubok\u00e1 nad Vltavou la apus\" class=\"wp-image-399405\" title=\"\" srcset=\"https:\/\/loudavymkrokem.cz\/wp-content\/uploads\/2026\/08\/zamek-hluboka-nad-vltavou-zapad-slunce.jpg 1600w, https:\/\/loudavymkrokem.cz\/wp-content\/uploads\/2026\/08\/zamek-hluboka-nad-vltavou-zapad-slunce-300x233.jpg 300w, https:\/\/loudavymkrokem.cz\/wp-content\/uploads\/2026\/08\/zamek-hluboka-nad-vltavou-zapad-slunce-700x544.jpg 700w, https:\/\/loudavymkrokem.cz\/wp-content\/uploads\/2026\/08\/zamek-hluboka-nad-vltavou-zapad-slunce-768x597.jpg 768w, https:\/\/loudavymkrokem.cz\/wp-content\/uploads\/2026\/08\/zamek-hluboka-nad-vltavou-zapad-slunce-1536x1194.jpg 1536w, https:\/\/loudavymkrokem.cz\/wp-content\/uploads\/2026\/08\/zamek-hluboka-nad-vltavou-zapad-slunce-696x541.jpg 696w, https:\/\/loudavymkrokem.cz\/wp-content\/uploads\/2026\/08\/zamek-hluboka-nad-vltavou-zapad-slunce-1392x1082.jpg 1392w\" sizes=\"(max-width: 1600px) 100vw, 1600px\" \/><button\n\t\t\tclass=\"lightbox-trigger\"\n\t\t\ttype=\"button\"\n\t\t\taria-haspopup=\"dialog\"\n\t\t\tdata-wp-bind--aria-label=\"state.thisImage.triggerButtonAriaLabel\"\n\t\t\tdata-wp-init=\"callbacks.initTriggerButton\"\n\t\t\tdata-wp-on--click=\"actions.showLightbox\"\n\t\t\tdata-wp-style--right=\"state.thisImage.buttonRight\"\n\t\t\tdata-wp-style--top=\"state.thisImage.buttonTop\"\n\t\t>\n\t\t\t<svg xmlns=\"http:\/\/www.w3.org\/2000\/svg\" width=\"12\" height=\"12\" fill=\"none\" viewBox=\"0 0 12 12\">\n\t\t\t\t<path fill=\"#fff\" d=\"M2 0a2 2 0 0 0-2 2v2h1.5V2a.5.5 0 0 1 .5-.5h2V0H2Zm2 10.5H2a.5.5 0 0 1-.5-.5V8H0v2a2 2 0 0 0 2 2h2v-1.5ZM8 12v-1.5h2a.5.5 0 0 0 .5-.5V8H12v2a2 2 0 0 1-2 2H8Zm2-12a2 2 0 0 1 2 2v2h-1.5V2a.5.5 0 0 0-.5-.5H8V0h2Z\" \/>\n\t\t\t<\/svg>\n\t\t<\/button><\/figure>\n\n\n\n<p class=\"wp-block-paragraph\">Cel mai celebru castel de poveste al nostru e la mai pu\u021bin de 40 de minute de P\u00edsek. Peste var\u0103, pentru copiii de la 5 la 10 ani se preg\u0103tesc <strong>tururi ghidate cu doamna prin\u021bes\u0103<\/strong>, prin\u021besa Eleonora \u00een costum de epoc\u0103 ghideaz\u0103 zilnic la 12:15, 13:30 \u0219i 14:45, dar grupul e de doar dou\u0103zeci de persoane, a\u0219a c\u0103 rezerv\u0103 online din timp. Iar chiar sub castel, l\u00e2ng\u0103 iazul Munick\u00fd, e <strong>ZOO Hlubok\u00e1<\/strong> (39 lei adul\u021bi, 31 lei copii (180\/140 K\u010d), cei mici sub 90 cm gratuit), suficient de mare \u00eenc\u00e2t s-o duc\u0103 \u0219i picioru\u0219ele mici.<\/p>\n\n\n\n<h3 class=\"wp-block-heading\"><span class=\"ez-toc-section\" id=\"Cesky_Krumlov\"><\/span>\u010cesk\u00fd Krumlov<span class=\"ez-toc-section-end\"><\/span><\/h3>\n\n\n\n<p class=\"wp-block-paragraph\">O or\u0103 de mers \u0219i e\u0219ti \u00eentr-un <a href=\"https:\/\/loudavymkrokem.cz\/ro\/cesky-krumlov-cehia\/\" target=\"_blank\" data-type=\"link\" data-id=\"https:\/\/loudavymkrokem.cz\/cesky-krumlov\/\" rel=\"noreferrer noopener\"><strong>ora\u0219 UNESCO<\/strong><\/a> care arat\u0103 ca dintr-un film medieval. Castel cu ur\u0219i \u00een \u0219an\u021b (chiar a\u0219a, ur\u0219i vii), centru plin de str\u0103du\u021be \u0219i galeria Egon Schiele pentru iubitorii de art\u0103. Socote\u0219te-te la mul\u021bimi de turi\u0219ti, dar chiar \u0219i a\u0219a merit\u0103. Cel mai bine \u00een afara sezonului de v\u00e2rf.<\/p>\n\n\n\n<figure data-wp-context=\"{&quot;imageId&quot;:&quot;6a955700260ab&quot;}\" data-wp-interactive=\"core\/image\" data-wp-key=\"6a955700260ab\" class=\"wp-block-image size-full wp-lightbox-container\"><img decoding=\"async\" data-wp-class--hide=\"state.isContentHidden\" data-wp-class--show=\"state.isContentVisible\" data-wp-init=\"callbacks.setButtonStyles\" data-wp-on--click=\"actions.showLightbox\" data-wp-on--load=\"callbacks.setButtonStyles\" data-wp-on--pointerdown=\"actions.preloadImage\" data-wp-on--pointerenter=\"actions.preloadImageWithDelay\" data-wp-on--pointerleave=\"actions.cancelPreload\" data-wp-on-window--resize=\"callbacks.setButtonStyles\" src=\"https:\/\/loudavymkrokem.cz\/wp-content\/uploads\/2024\/01\/cesky-krumlov-2.jpg\" alt=\"\u010cesk\u00fd Krumlov\" class=\"wp-image-122246\" title=\"\"><button\n\t\t\tclass=\"lightbox-trigger\"\n\t\t\ttype=\"button\"\n\t\t\taria-haspopup=\"dialog\"\n\t\t\tdata-wp-bind--aria-label=\"state.thisImage.triggerButtonAriaLabel\"\n\t\t\tdata-wp-init=\"callbacks.initTriggerButton\"\n\t\t\tdata-wp-on--click=\"actions.showLightbox\"\n\t\t\tdata-wp-style--right=\"state.thisImage.buttonRight\"\n\t\t\tdata-wp-style--top=\"state.thisImage.buttonTop\"\n\t\t>\n\t\t\t<svg xmlns=\"http:\/\/www.w3.org\/2000\/svg\" width=\"12\" height=\"12\" fill=\"none\" viewBox=\"0 0 12 12\">\n\t\t\t\t<path fill=\"#fff\" d=\"M2 0a2 2 0 0 0-2 2v2h1.5V2a.5.5 0 0 1 .5-.5h2V0H2Zm2 10.5H2a.5.5 0 0 1-.5-.5V8H0v2a2 2 0 0 0 2 2h2v-1.5ZM8 12v-1.5h2a.5.5 0 0 0 .5-.5V8H12v2a2 2 0 0 1-2 2H8Zm2-12a2 2 0 0 1 2 2v2h-1.5V2a.5.5 0 0 0-.5-.5H8V0h2Z\" \/>\n\t\t\t<\/svg>\n\t\t<\/button><figcaption class=\"wp-element-caption\">\u010cesk\u00fd Krumlov<\/figcaption><\/figure>\n\n\n\n<h3 class=\"wp-block-heading\"><span class=\"ez-toc-section\" id=\"Muntii_Sumava\"><\/span>Mun\u021bii \u0160umava<span class=\"ez-toc-section-end\"><\/span><\/h3>\n\n\n\n<p class=\"wp-block-paragraph\"><strong>\u00ce\u021bi ajunge o or\u0103 \u0219i e\u0219ti \u00een<\/strong> <strong><a href=\"https:\/\/loudavymkrokem.cz\/ro\/sumava-cehia-carucior-excursii\/\" target=\"_blank\" data-type=\"link\" data-id=\"https:\/\/loudavymkrokem.cz\/sumava-s-kocarkem\/\" rel=\"noreferrer noopener\">Parcul Na\u021bional \u0160umava<\/a><\/strong>. P\u0103durea secular\u0103 Boub\u00edn, r\u00e2ul s\u0103lbatic Vydra, Modrava pentru iubitorii pove\u0219tilor lui Foglar (sau m\u0103car ai acelei senza\u021bii), piste de ciclism pentru o zi \u00eentreag\u0103. \u0160umava e o alt\u0103 lume \u2014 mai lent\u0103, mai verde, mai lini\u0219tit\u0103. Un reset ideal de la toate.<\/p>\n\n\n\n<figure data-wp-context=\"{&quot;imageId&quot;:&quot;6a95570026824&quot;}\" data-wp-interactive=\"core\/image\" data-wp-key=\"6a95570026824\" class=\"wp-block-image size-full wp-lightbox-container\"><img decoding=\"async\" width=\"1200\" height=\"800\" data-wp-class--hide=\"state.isContentHidden\" data-wp-class--show=\"state.isContentVisible\" data-wp-init=\"callbacks.setButtonStyles\" data-wp-on--click=\"actions.showLightbox\" data-wp-on--load=\"callbacks.setButtonStyles\" data-wp-on--pointerdown=\"actions.preloadImage\" data-wp-on--pointerenter=\"actions.preloadImageWithDelay\" data-wp-on--pointerleave=\"actions.cancelPreload\" data-wp-on-window--resize=\"callbacks.setButtonStyles\" src=\"https:\/\/loudavymkrokem.cz\/wp-content\/uploads\/2024\/05\/sumava-s-kocarkem-3.jpg\" alt=\"Mun\u021bii \u0160umava\" class=\"wp-image-84399\" title=\"\" srcset=\"https:\/\/loudavymkrokem.cz\/wp-content\/uploads\/2024\/05\/sumava-s-kocarkem-3.jpg 1200w, https:\/\/loudavymkrokem.cz\/wp-content\/uploads\/2024\/05\/sumava-s-kocarkem-3-300x200.jpg 300w, https:\/\/loudavymkrokem.cz\/wp-content\/uploads\/2024\/05\/sumava-s-kocarkem-3-700x467.jpg 700w, https:\/\/loudavymkrokem.cz\/wp-content\/uploads\/2024\/05\/sumava-s-kocarkem-3-768x512.jpg 768w, https:\/\/loudavymkrokem.cz\/wp-content\/uploads\/2024\/05\/sumava-s-kocarkem-3-696x464.jpg 696w\" sizes=\"(max-width: 1200px) 100vw, 1200px\" \/><button\n\t\t\tclass=\"lightbox-trigger\"\n\t\t\ttype=\"button\"\n\t\t\taria-haspopup=\"dialog\"\n\t\t\tdata-wp-bind--aria-label=\"state.thisImage.triggerButtonAriaLabel\"\n\t\t\tdata-wp-init=\"callbacks.initTriggerButton\"\n\t\t\tdata-wp-on--click=\"actions.showLightbox\"\n\t\t\tdata-wp-style--right=\"state.thisImage.buttonRight\"\n\t\t\tdata-wp-style--top=\"state.thisImage.buttonTop\"\n\t\t>\n\t\t\t<svg xmlns=\"http:\/\/www.w3.org\/2000\/svg\" width=\"12\" height=\"12\" fill=\"none\" viewBox=\"0 0 12 12\">\n\t\t\t\t<path fill=\"#fff\" d=\"M2 0a2 2 0 0 0-2 2v2h1.5V2a.5.5 0 0 1 .5-.5h2V0H2Zm2 10.5H2a.5.5 0 0 1-.5-.5V8H0v2a2 2 0 0 0 2 2h2v-1.5ZM8 12v-1.5h2a.5.5 0 0 0 .5-.5V8H12v2a2 2 0 0 1-2 2H8Zm2-12a2 2 0 0 1 2 2v2h-1.5V2a.5.5 0 0 0-.5-.5H8V0h2Z\" \/>\n\t\t\t<\/svg>\n\t\t<\/button><figcaption class=\"wp-element-caption\">Mun\u021bii \u0160umava<\/figcaption><\/figure>\n\n\n\n<h3 class=\"wp-block-heading\"><span class=\"ez-toc-section\" id=\"Praga\"><\/span>Praga<span class=\"ez-toc-section-end\"><\/span><\/h3>\n\n\n\n<p class=\"wp-block-paragraph\"><strong><a href=\"https:\/\/loudavymkrokem.cz\/ro\/ce-vezi-praga-ghid-complet\/\" target=\"_blank\" data-type=\"link\" data-id=\"https:\/\/loudavymkrokem.cz\/co-videt-v-praze\/\" rel=\"noreferrer noopener\">Praga<\/a><\/strong> e la vreo or\u0103 cu ma\u0219ina de P\u00edsek pe D4, sau la <strong>70 de minute cu autobuzul RegioJet<\/strong>. Comod, f\u0103r\u0103 stresul parc\u0103rii, la 25\u201350 lei (120\u2013220 K\u010d). Praga e Praga, dar e bine s\u0103 \u0219tii c\u0103 din P\u00edsek e, de fapt, la o arunc\u0103tur\u0103 de b\u0103\u021b. Pentru o excursie, un concert, un muzeu \u0219i seara \u00eenapoi acas\u0103, la Otava.<\/p>\n\n\n\n<figure data-wp-context=\"{&quot;imageId&quot;:&quot;6a95570026e24&quot;}\" data-wp-interactive=\"core\/image\" data-wp-key=\"6a95570026e24\" class=\"wp-block-image size-full wp-lightbox-container\"><img decoding=\"async\" width=\"1200\" height=\"800\" data-wp-class--hide=\"state.isContentHidden\" data-wp-class--show=\"state.isContentVisible\" data-wp-init=\"callbacks.setButtonStyles\" data-wp-on--click=\"actions.showLightbox\" data-wp-on--load=\"callbacks.setButtonStyles\" data-wp-on--pointerdown=\"actions.preloadImage\" data-wp-on--pointerenter=\"actions.preloadImageWithDelay\" data-wp-on--pointerleave=\"actions.cancelPreload\" data-wp-on-window--resize=\"callbacks.setButtonStyles\" src=\"https:\/\/loudavymkrokem.cz\/wp-content\/uploads\/2025\/03\/recenze-domus-balthasar-praha-s-batoletem-3.jpg\" alt=\"P\u00e2n\u0103 la Podul Carol ai un minut\" class=\"wp-image-94712\" title=\"\" srcset=\"https:\/\/loudavymkrokem.cz\/wp-content\/uploads\/2025\/03\/recenze-domus-balthasar-praha-s-batoletem-3.jpg 1200w, https:\/\/loudavymkrokem.cz\/wp-content\/uploads\/2025\/03\/recenze-domus-balthasar-praha-s-batoletem-3-300x200.jpg 300w, https:\/\/loudavymkrokem.cz\/wp-content\/uploads\/2025\/03\/recenze-domus-balthasar-praha-s-batoletem-3-700x467.jpg 700w, https:\/\/loudavymkrokem.cz\/wp-content\/uploads\/2025\/03\/recenze-domus-balthasar-praha-s-batoletem-3-768x512.jpg 768w, https:\/\/loudavymkrokem.cz\/wp-content\/uploads\/2025\/03\/recenze-domus-balthasar-praha-s-batoletem-3-696x464.jpg 696w\" sizes=\"(max-width: 1200px) 100vw, 1200px\" \/><button\n\t\t\tclass=\"lightbox-trigger\"\n\t\t\ttype=\"button\"\n\t\t\taria-haspopup=\"dialog\"\n\t\t\tdata-wp-bind--aria-label=\"state.thisImage.triggerButtonAriaLabel\"\n\t\t\tdata-wp-init=\"callbacks.initTriggerButton\"\n\t\t\tdata-wp-on--click=\"actions.showLightbox\"\n\t\t\tdata-wp-style--right=\"state.thisImage.buttonRight\"\n\t\t\tdata-wp-style--top=\"state.thisImage.buttonTop\"\n\t\t>\n\t\t\t<svg xmlns=\"http:\/\/www.w3.org\/2000\/svg\" width=\"12\" height=\"12\" fill=\"none\" viewBox=\"0 0 12 12\">\n\t\t\t\t<path fill=\"#fff\" d=\"M2 0a2 2 0 0 0-2 2v2h1.5V2a.5.5 0 0 1 .5-.5h2V0H2Zm2 10.5H2a.5.5 0 0 1-.5-.5V8H0v2a2 2 0 0 0 2 2h2v-1.5ZM8 12v-1.5h2a.5.5 0 0 0 .5-.5V8H12v2a2 2 0 0 1-2 2H8Zm2-12a2 2 0 0 1 2 2v2h-1.5V2a.5.5 0 0 0-.5-.5H8V0h2Z\" \/>\n\t\t\t<\/svg>\n\t\t<\/button><figcaption class=\"wp-element-caption\">Praga<\/figcaption><\/figure>\n\n\n\n<h2 class=\"wp-block-heading\"><span class=\"ez-toc-section\" id=\"Ce_sa_vezi_in_Pisek_concluzie\"><\/span>Ce s\u0103 vezi \u00een P\u00edsek: concluzie<span class=\"ez-toc-section-end\"><\/span><\/h2>\n\n\n\n<figure data-wp-context=\"{&quot;imageId&quot;:&quot;6a9557002731d&quot;}\" data-wp-interactive=\"core\/image\" data-wp-key=\"6a9557002731d\" class=\"wp-block-image size-full wp-lightbox-container\"><img decoding=\"async\" width=\"2200\" height=\"1467\" data-wp-class--hide=\"state.isContentHidden\" data-wp-class--show=\"state.isContentVisible\" data-wp-init=\"callbacks.setButtonStyles\" data-wp-on--click=\"actions.showLightbox\" data-wp-on--load=\"callbacks.setButtonStyles\" data-wp-on--pointerdown=\"actions.preloadImage\" data-wp-on--pointerenter=\"actions.preloadImageWithDelay\" data-wp-on--pointerleave=\"actions.cancelPreload\" data-wp-on-window--resize=\"callbacks.setButtonStyles\" src=\"https:\/\/loudavymkrokem.cz\/wp-content\/uploads\/2026\/08\/pisek-otava-naplavka-most.jpg\" alt=\"Malul Otavei l\u00e2ng\u0103 Podul de piatr\u0103 din P\u00edsek\" class=\"wp-image-399329\" title=\"\" srcset=\"https:\/\/loudavymkrokem.cz\/wp-content\/uploads\/2026\/08\/pisek-otava-naplavka-most.jpg 2200w, https:\/\/loudavymkrokem.cz\/wp-content\/uploads\/2026\/08\/pisek-otava-naplavka-most-300x200.jpg 300w, https:\/\/loudavymkrokem.cz\/wp-content\/uploads\/2026\/08\/pisek-otava-naplavka-most-700x467.jpg 700w, https:\/\/loudavymkrokem.cz\/wp-content\/uploads\/2026\/08\/pisek-otava-naplavka-most-768x512.jpg 768w, https:\/\/loudavymkrokem.cz\/wp-content\/uploads\/2026\/08\/pisek-otava-naplavka-most-1536x1024.jpg 1536w, https:\/\/loudavymkrokem.cz\/wp-content\/uploads\/2026\/08\/pisek-otava-naplavka-most-2048x1366.jpg 2048w, https:\/\/loudavymkrokem.cz\/wp-content\/uploads\/2026\/08\/pisek-otava-naplavka-most-696x464.jpg 696w, https:\/\/loudavymkrokem.cz\/wp-content\/uploads\/2026\/08\/pisek-otava-naplavka-most-1392x928.jpg 1392w, https:\/\/loudavymkrokem.cz\/wp-content\/uploads\/2026\/08\/pisek-otava-naplavka-most-1920x1280.jpg 1920w\" sizes=\"(max-width: 2200px) 100vw, 2200px\" \/><button\n\t\t\tclass=\"lightbox-trigger\"\n\t\t\ttype=\"button\"\n\t\t\taria-haspopup=\"dialog\"\n\t\t\tdata-wp-bind--aria-label=\"state.thisImage.triggerButtonAriaLabel\"\n\t\t\tdata-wp-init=\"callbacks.initTriggerButton\"\n\t\t\tdata-wp-on--click=\"actions.showLightbox\"\n\t\t\tdata-wp-style--right=\"state.thisImage.buttonRight\"\n\t\t\tdata-wp-style--top=\"state.thisImage.buttonTop\"\n\t\t>\n\t\t\t<svg xmlns=\"http:\/\/www.w3.org\/2000\/svg\" width=\"12\" height=\"12\" fill=\"none\" viewBox=\"0 0 12 12\">\n\t\t\t\t<path fill=\"#fff\" d=\"M2 0a2 2 0 0 0-2 2v2h1.5V2a.5.5 0 0 1 .5-.5h2V0H2Zm2 10.5H2a.5.5 0 0 1-.5-.5V8H0v2a2 2 0 0 0 2 2h2v-1.5ZM8 12v-1.5h2a.5.5 0 0 0 .5-.5V8H12v2a2 2 0 0 1-2 2H8Zm2-12a2 2 0 0 1 2 2v2h-1.5V2a.5.5 0 0 0-.5-.5H8V0h2Z\" \/>\n\t\t\t<\/svg>\n\t\t<\/button><\/figure>\n\n\n\n<p class=\"wp-block-paragraph\">A\u0219a. Iat\u0103-l \u2014 P\u00edsek a\u0219a cum \u00eel cunosc \u0219i \u00eel iubesc. Un ora\u0219 care nu a\u0219teapt\u0103 cohorte de turi\u0219ti, ci \u00ee\u0219i tr\u0103ie\u0219te \u00een lini\u0219te via\u021ba frumoas\u0103 de l\u00e2ng\u0103 r\u00e2u. Cu cel mai vechi pod, cu o galerie unde copiii se joac\u0103, cu cafenele unde nu-\u021bi ard cafeaua \u0219i cu pove\u0219ti care s-au scris aici de secole.<\/p>\n\n\n\n<p class=\"wp-block-paragraph\">M-am n\u0103scut aici, m-am \u00eentors aici \u0219i sunt recunosc\u0103toare pentru asta. Dar P\u00edsek nu e gelos \u2014 se \u00eemparte cu drag. A\u0219a c\u0103 vino, plimb\u0103-te pe pod, ia-\u021bi o cafea \u00een pia\u021b\u0103, treci pe la Sladovna, prive\u0219te Otava de pe pasarela Dagmar \u0160imkov\u00e1 \u0219i las\u0103-te surprins de c\u00e2t\u0103 frumuse\u021be \u00eencape \u00eentr-un singur ora\u0219 din sudul Cehiei.<\/p>\n\n\n\n<h2 class=\"wp-block-heading\"><span class=\"ez-toc-section\" id=\"Incotro_mai_departe\"><\/span>\u00cencotro mai departe<span class=\"ez-toc-section-end\"><\/span><\/h2>\n\n\n\n<p class=\"wp-block-paragraph\">Evenimentele actuale, festivalurile \u0219i lista locurilor din P\u00edsek le g\u0103se\u0219ti pe <a href=\"https:\/\/pisek.info\" target=\"_blank\" rel=\"noopener\">pisek.info<\/a> (sec\u021biunile <a href=\"https:\/\/pisek.info\/akce\" target=\"_blank\" rel=\"noopener\">Evenimente<\/a> \u0219i <a href=\"https:\/\/pisek.info\/mista\" target=\"_blank\" rel=\"noopener\">Locuri<\/a>). Mergi cu copiii? Atunci cite\u0219te ghidul meu separat <a href=\"https:\/\/loudavymkrokem.cz\/ro\/pisek-cu-copiii\/\">P\u00edsek cu copiii: 40 de sfaturi de la o mam\u0103 localnic\u0103<\/a>, unde g\u0103se\u0219ti toate spa\u021biile de joac\u0103, terenurile \u0219i excursiile de familie, cu pre\u021buri cu tot. Dac\u0103 pl\u0103nuie\u0219ti s\u0103 petreci mai multe zile \u00een sudul Cehiei, arunc\u0103 o privire la marele ghid <a href=\"https:\/\/loudavymkrokem.cz\/ro\/vacanta-boemia-de-sud\/\">Unde s\u0103 mergi \u00een vacan\u021b\u0103 \u00een sudul Cehiei: 15 dintre cele mai frumoase locuri (\u0219i cu copiii)<\/a>, unde P\u00edsek e completat de alte paisprezece col\u021buri frumoase ale regiunii. La o arunc\u0103tur\u0103 de b\u0103\u021b de P\u00edsek se afl\u0103 husitul <a href=\"https:\/\/loudavymkrokem.cz\/ro\/tabor-cehia-ce-vezi\/\">T\u00e1bor, despre care avem un ghid detaliat<\/a>, iar \u00een patruzeci de minute e\u0219ti \u00een <a href=\"https:\/\/loudavymkrokem.cz\/ro\/ceske-budejovice-cehia\/\">\u010cesk\u00e9 Bud\u011bjovice<\/a>. Iar dac\u0103 te atrage toat\u0103 Cehia, parcurge <a href=\"https:\/\/loudavymkrokem.cz\/ro\/vacanta-in-cehia\/\">20 de idei de vacan\u021b\u0103 \u00een Cehia<\/a>.<\/p>\n\n\n\n<p class=\"wp-block-paragraph\">Vrei s\u0103 pleci din P\u00edsek prin \u00eemprejurimi? Am scris un ghid separat, <a href=\"https:\/\/loudavymkrokem.cz\/ro\/excursii-imprejurimi-pisek\/\">Excursii \u00een \u00eemprejurimile P\u00edsek: 30 de sfaturi de la o localnic\u0103<\/a> \u2014 castelele Zv\u00edkov \u0219i Orl\u00edk, plimbarea pe baraj, Blatn\u00e1 \u0219i Hlubok\u00e1, totul cu distan\u021ba exact\u0103 \u0219i timpul de mers din P\u00edsek.<\/p>\n\n\n\n<h2 class=\"wp-block-heading\"><span class=\"ez-toc-section\" id=\"Intrebari_frecvente\"><\/span>\u00centreb\u0103ri frecvente<span class=\"ez-toc-section-end\"><\/span><\/h2>\n\n\n<div id=\"rank-math-faq\" class=\"rank-math-block\">\n<div class=\"rank-math-list \">\n<div id=\"faq-question-1774379600001\" class=\"rank-math-list-item\">\n<h3 class=\"rank-math-question \"><span class=\"ez-toc-section\" id=\"Este_Podul_de_Piatra_din_Pisek_cu_adevarat_mai_vechi_decat_Podul_Carol\"><\/span>Este Podul de Piatr\u0103 din P\u00edsek cu adev\u0103rat mai vechi dec\u00e2t Podul Carol?<span class=\"ez-toc-section-end\"><\/span><\/h3>\n<div class=\"rank-math-answer \">\n\n<p>Da, \u0219i nu este doar o legend\u0103. Podul de Piatr\u0103 din P\u00edsek dateaz\u0103 din a doua jum\u0103tate a secolului al XIII-lea, \u00een timp ce Podul Carol din Praga a fost construit abia \u00een 1357. Podul din P\u00edsek este mai vechi cu zeci de ani \u2014 este cel mai vechi pod de piatr\u0103 p\u0103strat din Cehia.<\/p>\n\n<\/div>\n<\/div>\n<div id=\"faq-question-1774379600002\" class=\"rank-math-list-item\">\n<h3 class=\"rank-math-question \"><span class=\"ez-toc-section\" id=\"Sladovna_ii_va_entuziasma_si_pe_copiii_mai_mari\"><\/span>Sladovna \u00eei va entuziasm\u0103 \u0219i pe copiii mai mari?<span class=\"ez-toc-section-end\"><\/span><\/h3>\n<div class=\"rank-math-answer \">\n\n<p>Cu siguran\u021b\u0103 da. Mu\u0219uroiul de furnici \u0219i expozi\u021biile interactive \u00een schimbare sunt concepute pentru a-i captiva \u0219i pe \u0219colari \u0219i pe adolescen\u021bi. Nu este doar o zon\u0103 de joac\u0103 pentru bebelu\u0219i \u2014 copiii mai mari rezolv\u0103 aici sarcini logice, experimenteaz\u0103 \u0219i descoper\u0103. Sincer, se distreaz\u0103 \u0219i adul\u021bii.<\/p>\n\n<\/div>\n<\/div>\n<div id=\"faq-question-1774379600003\" class=\"rank-math-list-item\">\n<h3 class=\"rank-math-question \"><span class=\"ez-toc-section\" id=\"Unde_exact_se_afla_sculpturile_de_nisip\"><\/span>Unde exact se afl\u0103 sculpturile de nisip?<span class=\"ez-toc-section-end\"><\/span><\/h3>\n<div class=\"rank-math-answer \">\n\n<p>Pe promenad\u0103 l\u00e2ng\u0103 Podul de Piatr\u0103, direct l\u00e2ng\u0103 r\u00e2ul Otava. Sculpturile sunt aici de obicei de la prim\u0103var\u0103 p\u00e2n\u0103 \u00een var\u0103, iar vizitarea este gratuit\u0103. E suficient s\u0103 vii \u0219i s\u0103 te bucuri de ele \u2014 f\u0103r\u0103 bilet de intrare, f\u0103r\u0103 rezervare.<\/p>\n\n<\/div>\n<\/div>\n<div id=\"faq-question-1774379600004\" class=\"rank-math-list-item\">\n<h3 class=\"rank-math-question \"><span class=\"ez-toc-section\" id=\"Cum_ajung_la_turnul_de_observatie_Jarnik\"><\/span>Cum ajung la turnul de observa\u021bie Jarn\u00edk?<span class=\"ez-toc-section-end\"><\/span><\/h3>\n<div class=\"rank-math-answer \">\n\n<p>Din centrul ora\u0219ului P\u00edsek sunt aproximativ 4 km, cel mai simplu drum duce prin p\u0103dure de la parcarea U Vod\u00e1ka (cu ma\u0219ina nu pute\u021bi ajunge direct la turn). Drumul este u\u0219or \u00een pant\u0103 \u0219i \u00eel pot face \u0219i copiii, apoi sus duc 182 de trepte, iar intrarea este gratuit\u0103. La fa\u021ba locului ve\u021bi fi r\u0103spl\u0103ti\u021bi cu o vedere panoramic\u0103 asupra ora\u0219ului \u0219i a peisajului \u00eenconjur\u0103tor.<\/p>\n\n<\/div>\n<\/div>\n<div id=\"faq-question-1774379600005\" class=\"rank-math-list-item\">\n<h3 class=\"rank-math-question \"><span class=\"ez-toc-section\" id=\"Care_este_cel_mai_bun_moment_pentru_a_vizita_Hergheliile_Nationale\"><\/span>Care este cel mai bun moment pentru a vizita Hergheliile Na\u021bionale?<span class=\"ez-toc-section-end\"><\/span><\/h3>\n<div class=\"rank-math-answer \">\n\n<p>Ideal vara, de la iunie p\u00e2n\u0103 \u00een octombrie, c\u00e2nd au loc tururi ghidate regulate \u2014 miercuri, vineri \u0219i duminic\u0103 la ora 14:00. \u00cen afara sezonului, complexul este accesibil limitat, a\u0219a c\u0103 vara este varianta sigur\u0103.<\/p>\n\n<\/div>\n<\/div>\n<div id=\"faq-question-1774379600006\" class=\"rank-math-list-item\">\n<h3 class=\"rank-math-question \"><span class=\"ez-toc-section\" id=\"Cat_costa_intrarea_la_Muzeul_Prachen\"><\/span>C\u00e2t cost\u0103 intrarea la Muzeul Pr\u00e1che\u0148?<span class=\"ez-toc-section-end\"><\/span><\/h3>\n<div class=\"rank-math-answer \">\n\n<p>Adul\u021bii pl\u0103tesc 12 lei (60 K\u010d), copiii 6 lei (30 K\u010d), iar biletul de familie cost\u0103 30 lei (150 K\u010d). Pentru ceea ce ve\u021bi vedea \u00een\u0103untru \u2014 de la castelul gotic la colec\u021bii din \u00eentreaga regiune \u2014 este probabil unul dintre cele mai bune rapoarte pre\u021b\/experien\u021b\u0103 din P\u00edsek.<\/p>\n\n<\/div>\n<\/div>\n<div id=\"faq-question-1774379600007\" class=\"rank-math-list-item\">\n<h3 class=\"rank-math-question \"><span class=\"ez-toc-section\" id=\"Care_este_cel_mai_bun_mod_de_a_ajunge_in_Pisek_din_Romania\"><\/span>Care este cel mai bun mod de a ajunge \u00een P\u00edsek din Rom\u00e2nia?<span class=\"ez-toc-section-end\"><\/span><\/h3>\n<div class=\"rank-math-answer \">\n\n<p>Cea mai convenabil\u0103 variant\u0103 este avionul \u2014 zbura\u021bi cu TAROM, Wizz Air sau Ryanair din Bucure\u0219ti p\u00e2n\u0103 la Praga, apoi autobuzul RegioJet de la sta\u021bia Na Kn\u00ed\u017eec\u00ed, c\u0103l\u0103toria dur\u00e2nd aproximativ 70 de minute. Biletul de autobuz cost\u0103 24\u201344 lei (120\u2013220 K\u010d) \u00een func\u021bie de tarif. Cu ma\u0219ina din Praga pe autostrada D4 ajunge\u021bi \u00een aproximativ o or\u0103. Ambele variante sunt f\u0103r\u0103 probleme.<\/p>\n\n<\/div>\n<\/div>\n<div id=\"faq-question-1774379600008\" class=\"rank-math-list-item\">\n<h3 class=\"rank-math-question \"><span class=\"ez-toc-section\" id=\"Unde_in_Pisek_cu_copiii\"><\/span>Unde \u00een P\u00edsek cu copiii?<span class=\"ez-toc-section-end\"><\/span><\/h3>\n<div class=\"rank-math-answer \">\n\n<p>Num\u0103rul unu este Sladovna (galerie prin joac\u0103, 30 lei, copiii sub 3 ani gratuit), vara Sculpturile de nisip pe promenad\u0103 \u0219i strand-ul de la V\u00e1clav, pe timp ploios sala de joac\u0103 My\u0161ka. Din excursiile la 20 de minute recomand Farmapark Maletice, Animalele Noastre \u00een Putim (gratuit) \u0219i \u00cemp\u0103r\u0103\u021bia Timpului \u00een Protiv\u00edn. Ghidul complet pentru familii \u00eel avem \u00een articolul P\u00edsek cu copiii.<\/p>\n\n<\/div>\n<\/div>\n<\/div>\n<\/div>","protected":false},"excerpt":{"rendered":"<p>Ce s\u0103 vezi \u00een P\u00edsek? 39 de sfaturi de la o localnic\u0103 revenit\u0103 acas\u0103 cu familia: cel mai vechi pod de piatr\u0103, sculpturi din nisip, Sladovna, cafenele \u0219i idei cu copiii.<\/p>\n","protected":false},"author":3,"featured_media":399318,"comment_status":"open","ping_status":"open","sticky":false,"template":"","format":"standard","meta":{"_acf_changed":false,"footnotes":"","rank_math_title":"Ce s\u0103 vezi \u00een P\u00edsek: 39 de sfaturi de la o localnic\u0103","rank_math_description":"Ce s\u0103 vezi \u00een P\u00edsek: 39 de sfaturi de la o localnic\u0103 \u2014 podul de piatr\u0103, monumente, priveli\u0219ti secrete, cafenele \u0219i idei cu copiii. Descoper\u0103 acum ora\u0219ul de la Otava!","rank_math_focus_keyword":"ce s\u0103 vezi \u00een P\u00edsek","rank_math_seo_score":""},"categories":[2015,82,2100],"tags":[],"class_list":["post-409655","post","type-post","status-publish","format-standard","has-post-thumbnail","category-calatorii","category-cestovani","category-republica-ceha"],"acf":[],"featured_image_src":"https:\/\/loudavymkrokem.cz\/wp-content\/uploads\/2026\/08\/pisek-velke-namesti-radnice.jpg","author_info":{"display_name":"Lucie Kone\u010dn\u00e1","author_link":"https:\/\/loudavymkrokem.cz\/ro\/author\/lucie-konecna\/"},"_links":{"self":[{"href":"https:\/\/loudavymkrokem.cz\/ro\/wp-json\/wp\/v2\/posts\/409655","targetHints":{"allow":["GET"]}}],"collection":[{"href":"https:\/\/loudavymkrokem.cz\/ro\/wp-json\/wp\/v2\/posts"}],"about":[{"href":"https:\/\/loudavymkrokem.cz\/ro\/wp-json\/wp\/v2\/types\/post"}],"author":[{"embeddable":true,"href":"https:\/\/loudavymkrokem.cz\/ro\/wp-json\/wp\/v2\/users\/3"}],"replies":[{"embeddable":true,"href":"https:\/\/loudavymkrokem.cz\/ro\/wp-json\/wp\/v2\/comments?post=409655"}],"version-history":[{"count":2,"href":"https:\/\/loudavymkrokem.cz\/ro\/wp-json\/wp\/v2\/posts\/409655\/revisions"}],"predecessor-version":[{"id":409657,"href":"https:\/\/loudavymkrokem.cz\/ro\/wp-json\/wp\/v2\/posts\/409655\/revisions\/409657"}],"wp:featuredmedia":[{"embeddable":true,"href":"https:\/\/loudavymkrokem.cz\/ro\/wp-json\/wp\/v2\/media\/399318"}],"wp:attachment":[{"href":"https:\/\/loudavymkrokem.cz\/ro\/wp-json\/wp\/v2\/media?parent=409655"}],"wp:term":[{"taxonomy":"category","embeddable":true,"href":"https:\/\/loudavymkrokem.cz\/ro\/wp-json\/wp\/v2\/categories?post=409655"},{"taxonomy":"post_tag","embeddable":true,"href":"https:\/\/loudavymkrokem.cz\/ro\/wp-json\/wp\/v2\/tags?post=409655"}],"curies":[{"name":"wp","href":"https:\/\/api.w.org\/{rel}","templated":true}]}}