{"id":409605,"date":"2026-08-27T20:49:13","date_gmt":"2026-08-27T18:49:13","guid":{"rendered":"https:\/\/loudavymkrokem.cz\/salzburg-austria-locatii-film\/"},"modified":"2026-08-31T10:48:51","modified_gmt":"2026-08-31T08:48:51","slug":"salzburg-austria-locatii-film","status":"publish","type":"post","link":"https:\/\/loudavymkrokem.cz\/ro\/salzburg-austria-locatii-film\/","title":{"rendered":"Sunetul muzicii: 11 loca\u021bii de film \u00een Salzburg, Austria \u00een 2026"},"content":{"rendered":"\n<p class=\"wp-block-paragraph\">Dac\u0103 te preg\u0103te\u0219ti s\u0103 descoperi frumuse\u021bile ora\u0219ului Salzburg, Austria \u0219i abia a\u0219tep\u021bi s\u0103 vezi locurile din legendarul film Sunetul muzicii, trebuie s\u0103 te surprind pu\u021bin chiar de la \u00eenceput. <strong>Faimoasa vil\u0103 a familiei von Trapp din film nici m\u0103car nu exist\u0103<\/strong>. Cinea\u0219tii au \u201econstruit&#8221; aceast\u0103 cas\u0103 impun\u0103toare din dou\u0103 castele diferite, iar toate scenele de interior au fost filmate \u00een studiourile de la Hollywood. Cu toate acestea, c\u0103utarea acestor fragmente prin ora\u0219 te va absorbi complet.<\/p>\n\n\n\n<p class=\"wp-block-paragraph\">Un \u0219oc \u0219i mai mare vine \u00eens\u0103 la finalul pove\u0219tii. \u00ce\u021bi aminte\u0219ti de acea <strong>evadare dramatic\u0103 a familiei peste crestele Alpilor spre Elve\u021bia<\/strong>? A fost o pur\u0103 fantezie hollywoodian\u0103, pentru c\u0103 \u00een realitate acest traseu i-ar fi dus direct \u00een Germania nazist\u0103. Adev\u0103rata familie von Trapp \u0219i-a f\u0103cut pur \u0219i simplu bagajele, a mers p\u00e2n\u0103 la apropiata gar\u0103 din Aigen \u0219i <strong>a plecat \u00een siguran\u021b\u0103, comod, cu trenul<\/strong>.<\/p>\n\n\n\n<p class=\"wp-block-paragraph\">Salzburg este pur \u0219i simplu un ora\u0219 \u00een care <strong>realitatea istoric\u0103 se \u00eemplete\u0219te constant cu magia filmului<\/strong>. \u0218i, de \u00eendat\u0103 ce \u00eencepi s\u0103 calci pe pavajul lui \u0219i s\u0103 cau\u021bi casele, por\u021bile \u0219i pavilioanele potrivite, \u00ee\u021bi dai seama c\u0103 tocmai aceast\u0103 tensiune dintre mit \u0219i adev\u0103r este cel mai frumos lucru pe care \u021bi-l poate oferi.<\/p>\n\n\n\n<figure data-wp-context=\"{&quot;imageId&quot;:&quot;6a966979868f3&quot;}\" data-wp-interactive=\"core\/image\" data-wp-key=\"6a966979868f3\" class=\"wp-block-image size-full wp-lightbox-container\"><img decoding=\"async\" width=\"1200\" height=\"800\" data-wp-class--hide=\"state.isContentHidden\" data-wp-class--show=\"state.isContentVisible\" data-wp-init=\"callbacks.setButtonStyles\" data-wp-on--click=\"actions.showLightbox\" data-wp-on--load=\"callbacks.setButtonStyles\" data-wp-on--pointerdown=\"actions.preloadImage\" data-wp-on--pointerenter=\"actions.preloadImageWithDelay\" data-wp-on--pointerleave=\"actions.cancelPreload\" data-wp-on-window--resize=\"callbacks.setButtonStyles\" src=\"https:\/\/loudavymkrokem.cz\/wp-content\/uploads\/2025\/05\/co-videt-v-salzburgu-54.jpg\" alt=\"Ora\u0219ul Vechi din Salzburg sub fort\u0103rea\u021ba Hohensalzburg\" class=\"wp-image-96659\" title=\"\" srcset=\"https:\/\/loudavymkrokem.cz\/wp-content\/uploads\/2025\/05\/co-videt-v-salzburgu-54.jpg 1200w, https:\/\/loudavymkrokem.cz\/wp-content\/uploads\/2025\/05\/co-videt-v-salzburgu-54-300x200.jpg 300w, https:\/\/loudavymkrokem.cz\/wp-content\/uploads\/2025\/05\/co-videt-v-salzburgu-54-700x467.jpg 700w, https:\/\/loudavymkrokem.cz\/wp-content\/uploads\/2025\/05\/co-videt-v-salzburgu-54-768x512.jpg 768w, https:\/\/loudavymkrokem.cz\/wp-content\/uploads\/2025\/05\/co-videt-v-salzburgu-54-696x464.jpg 696w\" sizes=\"(max-width: 1200px) 100vw, 1200px\" \/><button\n\t\t\tclass=\"lightbox-trigger\"\n\t\t\ttype=\"button\"\n\t\t\taria-haspopup=\"dialog\"\n\t\t\tdata-wp-bind--aria-label=\"state.thisImage.triggerButtonAriaLabel\"\n\t\t\tdata-wp-init=\"callbacks.initTriggerButton\"\n\t\t\tdata-wp-on--click=\"actions.showLightbox\"\n\t\t\tdata-wp-style--right=\"state.thisImage.buttonRight\"\n\t\t\tdata-wp-style--top=\"state.thisImage.buttonTop\"\n\t\t>\n\t\t\t<svg xmlns=\"http:\/\/www.w3.org\/2000\/svg\" width=\"12\" height=\"12\" fill=\"none\" viewBox=\"0 0 12 12\">\n\t\t\t\t<path fill=\"#fff\" d=\"M2 0a2 2 0 0 0-2 2v2h1.5V2a.5.5 0 0 1 .5-.5h2V0H2Zm2 10.5H2a.5.5 0 0 1-.5-.5V8H0v2a2 2 0 0 0 2 2h2v-1.5ZM8 12v-1.5h2a.5.5 0 0 0 .5-.5V8H12v2a2 2 0 0 1-2 2H8Zm2-12a2 2 0 0 1 2 2v2h-1.5V2a.5.5 0 0 0-.5-.5H8V0h2Z\" \/>\n\t\t\t<\/svg>\n\t\t<\/button><\/figure>\n\n\n\n<div id=\"ez-toc-container\" class=\"ez-toc-v2_0_86 ez-toc-wrap-left counter-hierarchy ez-toc-counter ez-toc-grey ez-toc-container-direction\">\n<div class=\"ez-toc-title-container\">\n<p class=\"ez-toc-title\" style=\"cursor:inherit\">Cuprinsul articolului<\/p>\n<span class=\"ez-toc-title-toggle\"><a href=\"#\" class=\"ez-toc-pull-right ez-toc-btn ez-toc-btn-xs ez-toc-btn-default ez-toc-toggle\" aria-label=\"Toggle Table of Content\"><span class=\"ez-toc-js-icon-con\"><span class=\"\"><span class=\"eztoc-hide\" style=\"display:none;\">Toggle<\/span><span class=\"ez-toc-icon-toggle-span\"><svg style=\"fill: #999;color:#999\" xmlns=\"http:\/\/www.w3.org\/2000\/svg\" class=\"list-377408\" width=\"20px\" height=\"20px\" viewBox=\"0 0 24 24\" fill=\"none\"><path d=\"M6 6H4v2h2V6zm14 0H8v2h12V6zM4 11h2v2H4v-2zm16 0H8v2h12v-2zM4 16h2v2H4v-2zm16 0H8v2h12v-2z\" fill=\"currentColor\"><\/path><\/svg><svg style=\"fill: #999;color:#999\" class=\"arrow-unsorted-368013\" xmlns=\"http:\/\/www.w3.org\/2000\/svg\" width=\"10px\" height=\"10px\" viewBox=\"0 0 24 24\" version=\"1.2\" baseProfile=\"tiny\"><path d=\"M18.2 9.3l-6.2-6.3-6.2 6.3c-.2.2-.3.4-.3.7s.1.5.3.7c.2.2.4.3.7.3h11c.3 0 .5-.1.7-.3.2-.2.3-.5.3-.7s-.1-.5-.3-.7zM5.8 14.7l6.2 6.3 6.2-6.3c.2-.2.3-.5.3-.7s-.1-.5-.3-.7c-.2-.2-.4-.3-.7-.3h-11c-.3 0-.5.1-.7.3-.2.2-.3.5-.3.7s.1.5.3.7z\"\/><\/svg><\/span><\/span><\/span><\/a><\/span><\/div>\n<nav><ul class='ez-toc-list ez-toc-list-level-1 ' ><ul class='ez-toc-list-level-3' ><li class='ez-toc-heading-level-3'><a class=\"ez-toc-link ez-toc-heading-1\" href=\"https:\/\/loudavymkrokem.cz\/ro\/salzburg-austria-locatii-film\/#Rezumat_pentru_cei_care_nu_au_timp_sa_citeasca_tot_articolul\" >Rezumat pentru cei care nu au timp s\u0103 citeasc\u0103 tot articolul<\/a><\/li><\/ul><\/li><li class='ez-toc-page-1 ez-toc-heading-level-2'><a class=\"ez-toc-link ez-toc-heading-2\" href=\"https:\/\/loudavymkrokem.cz\/ro\/salzburg-austria-locatii-film\/#Salzburg_Austria_practic_cum_ajungi_si_cand_sa_mergi\" >Salzburg, Austria practic: cum ajungi \u0219i c\u00e2nd s\u0103 mergi<\/a><\/li><li class='ez-toc-page-1 ez-toc-heading-level-2'><a class=\"ez-toc-link ez-toc-heading-3\" href=\"https:\/\/loudavymkrokem.cz\/ro\/salzburg-austria-locatii-film\/#11_locatii_de_film_in_Salzburg_si_imprejurimi\" >11 loca\u021bii de film \u00een Salzburg \u0219i \u00eemprejurimi<\/a><ul class='ez-toc-list-level-3' ><li class='ez-toc-heading-level-3'><a class=\"ez-toc-link ez-toc-heading-4\" href=\"https:\/\/loudavymkrokem.cz\/ro\/salzburg-austria-locatii-film\/#1_Gradinile_Mirabell_si_scara_din_Do-Re-Mi\" >1. Gr\u0103dinile Mirabell \u0219i scara din Do-Re-Mi<\/a><\/li><li class='ez-toc-page-1 ez-toc-heading-level-3'><a class=\"ez-toc-link ez-toc-heading-5\" href=\"https:\/\/loudavymkrokem.cz\/ro\/salzburg-austria-locatii-film\/#2_Manastirea_Nonnberg_si_viata_reala_a_Mariei\" >2. M\u0103n\u0103stirea Nonnberg \u0219i via\u021ba real\u0103 a Mariei<\/a><\/li><li class='ez-toc-page-1 ez-toc-heading-level-3'><a class=\"ez-toc-link ez-toc-heading-6\" href=\"https:\/\/loudavymkrokem.cz\/ro\/salzburg-austria-locatii-film\/#3_Pavilionul_din_cantecul_Sixteen_Going_on_Seventeen\" >3. Pavilionul din c\u00e2ntecul Sixteen Going on Seventeen<\/a><\/li><li class='ez-toc-page-1 ez-toc-heading-level-3'><a class=\"ez-toc-link ez-toc-heading-7\" href=\"https:\/\/loudavymkrokem.cz\/ro\/salzburg-austria-locatii-film\/#4_Castelul_Hellbrunn_si_fantanile_lui-surpriza\" >4. Castelul Hellbrunn \u0219i f\u00e2nt\u00e2nile lui-surpriz\u0103<\/a><\/li><li class='ez-toc-page-1 ez-toc-heading-level-3'><a class=\"ez-toc-link ez-toc-heading-8\" href=\"https:\/\/loudavymkrokem.cz\/ro\/salzburg-austria-locatii-film\/#5_Schloss_Leopoldskron_si_scenele_de_la_lac\" >5. Schloss Leopoldskron \u0219i scenele de la lac<\/a><\/li><li class='ez-toc-page-1 ez-toc-heading-level-3'><a class=\"ez-toc-link ez-toc-heading-9\" href=\"https:\/\/loudavymkrokem.cz\/ro\/salzburg-austria-locatii-film\/#6_Schloss_Frohnburg_si_fatada_de_film_a_vilei\" >6. Schloss Frohnburg \u0219i fa\u021bada de film a vilei<\/a><\/li><li class='ez-toc-page-1 ez-toc-heading-level-3'><a class=\"ez-toc-link ez-toc-heading-10\" href=\"https:\/\/loudavymkrokem.cz\/ro\/salzburg-austria-locatii-film\/#7_Villa_Trapp_din_Aigen_adevaratul_camin_al_familiei\" >7. Villa Trapp din Aigen: adev\u0103ratul c\u0103min al familiei<\/a><\/li><li class='ez-toc-page-1 ez-toc-heading-level-3'><a class=\"ez-toc-link ez-toc-heading-11\" href=\"https:\/\/loudavymkrokem.cz\/ro\/salzburg-austria-locatii-film\/#8_Bazilica_din_Mondsee_si_faimoasa_nunta\" >8. Bazilica din Mondsee \u0219i faimoasa nunt\u0103<\/a><\/li><li class='ez-toc-page-1 ez-toc-heading-level-3'><a class=\"ez-toc-link ez-toc-heading-12\" href=\"https:\/\/loudavymkrokem.cz\/ro\/salzburg-austria-locatii-film\/#9_Felsenreitschule_si_dramaticul_concert\" >9. Felsenreitschule \u0219i dramaticul concert<\/a><\/li><li class='ez-toc-page-1 ez-toc-heading-level-3'><a class=\"ez-toc-link ez-toc-heading-13\" href=\"https:\/\/loudavymkrokem.cz\/ro\/salzburg-austria-locatii-film\/#10_Residenzplatz_si_fantana_plina_de_incredere\" >10. Residenzplatz \u0219i f\u00e2nt\u00e2na plin\u0103 de \u00eencredere<\/a><\/li><li class='ez-toc-page-1 ez-toc-heading-level-3'><a class=\"ez-toc-link ez-toc-heading-14\" href=\"https:\/\/loudavymkrokem.cz\/ro\/salzburg-austria-locatii-film\/#11_Excursie_la_Werfen_si_pe_pajistile_montane\" >11. Excursie la Werfen \u0219i pe paji\u0219tile montane<\/a><\/li><\/ul><\/li><li class='ez-toc-page-1 ez-toc-heading-level-2'><a class=\"ez-toc-link ez-toc-heading-15\" href=\"https:\/\/loudavymkrokem.cz\/ro\/salzburg-austria-locatii-film\/#Sunetul_muzicii_ce_e_adevarat_si_ce_e_Hollywood\" >Sunetul muzicii: ce e adev\u0103rat \u0219i ce e Hollywood<\/a><\/li><li class='ez-toc-page-1 ez-toc-heading-level-2'><a class=\"ez-toc-link ez-toc-heading-16\" href=\"https:\/\/loudavymkrokem.cz\/ro\/salzburg-austria-locatii-film\/#Unde_sa_te_cazezi\" >Unde s\u0103 te cazezi<\/a><\/li><li class='ez-toc-page-1 ez-toc-heading-level-2'><a class=\"ez-toc-link ez-toc-heading-17\" href=\"https:\/\/loudavymkrokem.cz\/ro\/salzburg-austria-locatii-film\/#Unde_sa_mananci\" >Unde s\u0103 m\u0103n\u00e2nci<\/a><\/li><li class='ez-toc-page-1 ez-toc-heading-level-2'><a class=\"ez-toc-link ez-toc-heading-18\" href=\"https:\/\/loudavymkrokem.cz\/ro\/salzburg-austria-locatii-film\/#Ghid_rapid_locatiile_de_film_din_Salzburg_si_imprejurimi\" >Ghid rapid: loca\u021biile de film din Salzburg \u0219i \u00eemprejurimi<\/a><\/li><li class='ez-toc-page-1 ez-toc-heading-level-2'><a class=\"ez-toc-link ez-toc-heading-19\" href=\"https:\/\/loudavymkrokem.cz\/ro\/salzburg-austria-locatii-film\/#Incotro_mai_departe\" >\u00cencotro mai departe<\/a><\/li><li class='ez-toc-page-1 ez-toc-heading-level-2'><a class=\"ez-toc-link ez-toc-heading-20\" href=\"https:\/\/loudavymkrokem.cz\/ro\/salzburg-austria-locatii-film\/#Intrebari_frecvente\" >\u00centreb\u0103ri frecvente<\/a><ul class='ez-toc-list-level-3' ><li class='ez-toc-heading-level-3'><a class=\"ez-toc-link ez-toc-heading-21\" href=\"https:\/\/loudavymkrokem.cz\/ro\/salzburg-austria-locatii-film\/#Pot_intra_inauntrul_celebrului_foisor_din_film\" >Pot intra \u00een\u0103untrul celebrului foi\u0219or din film?<\/a><\/li><li class='ez-toc-page-1 ez-toc-heading-level-3'><a class=\"ez-toc-link ez-toc-heading-22\" href=\"https:\/\/loudavymkrokem.cz\/ro\/salzburg-austria-locatii-film\/#Unde_se_afla_adevarata_vila_a_familiei_von_Trapp\" >Unde se afla adev\u0103rata vil\u0103 a familiei von Trapp?<\/a><\/li><li class='ez-toc-page-1 ez-toc-heading-level-3'><a class=\"ez-toc-link ez-toc-heading-23\" href=\"https:\/\/loudavymkrokem.cz\/ro\/salzburg-austria-locatii-film\/#Cat_costa_un_tur_organizat_Sound_of_Music\" >C\u00e2t cost\u0103 un tur organizat Sound of Music?<\/a><\/li><li class='ez-toc-page-1 ez-toc-heading-level-3'><a class=\"ez-toc-link ez-toc-heading-24\" href=\"https:\/\/loudavymkrokem.cz\/ro\/salzburg-austria-locatii-film\/#Am_nevoie_de_rovinieta_pentru_Austria\" >Am nevoie de rovinieta pentru Austria?<\/a><\/li><li class='ez-toc-page-1 ez-toc-heading-level-3'><a class=\"ez-toc-link ez-toc-heading-25\" href=\"https:\/\/loudavymkrokem.cz\/ro\/salzburg-austria-locatii-film\/#Este_manastirea_Nonnberg_o_atractie_turistica_obisnuita\" >Este m\u0103n\u0103stirea Nonnberg o atrac\u021bie turistic\u0103 obi\u0219nuit\u0103?<\/a><\/li><li class='ez-toc-page-1 ez-toc-heading-level-3'><a class=\"ez-toc-link ez-toc-heading-26\" href=\"https:\/\/loudavymkrokem.cz\/ro\/salzburg-austria-locatii-film\/#Pot_vizita_castelul_Leopoldskron\" >Pot vizita castelul Leopoldskron?<\/a><\/li><li class='ez-toc-page-1 ez-toc-heading-level-3'><a class=\"ez-toc-link ez-toc-heading-27\" href=\"https:\/\/loudavymkrokem.cz\/ro\/salzburg-austria-locatii-film\/#Unde_a_fugit_familia_in_realitate\" >Unde a fugit familia \u00een realitate?<\/a><\/li><li class='ez-toc-page-1 ez-toc-heading-level-3'><a class=\"ez-toc-link ez-toc-heading-28\" href=\"https:\/\/loudavymkrokem.cz\/ro\/salzburg-austria-locatii-film\/#Care_este_cel_mai_bun_moment_pentru_a_vizita_Salzburg\" >Care este cel mai bun moment pentru a vizita Salzburg?<\/a><\/li><\/ul><\/li><\/ul><\/nav><\/div>\n<h3 class=\"wp-block-heading\"><span class=\"ez-toc-section\" id=\"Rezumat_pentru_cei_care_nu_au_timp_sa_citeasca_tot_articolul\"><\/span>Rezumat pentru cei care nu au timp s\u0103 citeasc\u0103 tot articolul<span class=\"ez-toc-section-end\"><\/span><\/h3>\n\n\n\n<ul class=\"wp-block-list\">\n\n<li>  <strong>Vila din film este o iluzie:<\/strong> Este alc\u0103tuit\u0103 din fa\u021bada castelului Schloss Frohnburg \u0219i terasa de la lac din spate a castelului Schloss Leopoldskron.<\/li>\n\n\n\n<li>  <strong>Faimosul pavilion s-a mutat:<\/strong> Ast\u0103zi nu mai st\u0103 l\u00e2ng\u0103 lac, ci \u00eel g\u0103se\u0219ti \u00een parcul castelului Hellbrunn, iar \u00een\u0103untru nu se mai poate intra din motive de siguran\u021b\u0103.<\/li>\n\n\n\n<li>  <strong>Adev\u0103ratul c\u0103min al familiei:<\/strong> Villa Trapp real\u0103 se afl\u0103 \u00een cartierul Aigen, func\u021bioneaz\u0103 ast\u0103zi ca hotel \u0219i po\u021bi \u00eennopta chiar \u00een camera Mariei.<\/li>\n\n\n\n<li>  <strong>Tururi organizate:<\/strong> Clasicul tur cu autobuzul Sound of Music dureaz\u0103 aproximativ 4 ore \u0219i te cost\u0103 \u00een jur de 1.750 lei (circa 87 USD).<\/li>\n\n\n\n<li>  <strong>C\u00e2nd s\u0103 vii aici:<\/strong> Cea mai bun\u0103 vreme pentru excursii o ofer\u0103 perioada mai\u2013septembrie; fermec\u0103tor este \u0219i Adventul, dar preg\u0103te\u0219te-te pentru mul\u021bimi de oameni.<\/li>\n\n\n\n<li>  <strong>La ce s\u0103 fii atent:<\/strong> \u00cen timpul festivalului de var\u0103 Salzburger Festspiele (iulie \u0219i august) ora\u0219ul plesne\u0219te la cus\u0103turi, iar pre\u021burile la cazare urc\u0103 vertiginos.<\/li>\n\n\n\n<li>  <strong>Sfatul principal pentru vizit\u0103:<\/strong> M\u0103n\u0103stirea Nonnberg este \u00eenc\u0103 un c\u0103min func\u021bional pentru c\u0103lug\u0103ri\u021be, de aceea la vizitarea cur\u021bii \u0219i a capelei se cere lini\u0219te \u0219i respect absolut.<\/li>\n\n\n<\/ul>\n\n\n\n<figure data-wp-context=\"{&quot;imageId&quot;:&quot;6a96697987084&quot;}\" data-wp-interactive=\"core\/image\" data-wp-key=\"6a96697987084\" class=\"wp-block-image size-full wp-lightbox-container\"><img decoding=\"async\" width=\"1200\" height=\"630\" data-wp-class--hide=\"state.isContentHidden\" data-wp-class--show=\"state.isContentVisible\" data-wp-init=\"callbacks.setButtonStyles\" data-wp-on--click=\"actions.showLightbox\" data-wp-on--load=\"callbacks.setButtonStyles\" data-wp-on--pointerdown=\"actions.preloadImage\" data-wp-on--pointerenter=\"actions.preloadImageWithDelay\" data-wp-on--pointerleave=\"actions.cancelPreload\" data-wp-on-window--resize=\"callbacks.setButtonStyles\" src=\"https:\/\/loudavymkrokem.cz\/wp-content\/uploads\/2025\/05\/salzburg.jpg\" alt=\"Priveli\u0219te asupra ora\u0219ului Salzburg cu fort\u0103rea\u021ba Hohensalzburg\" class=\"wp-image-96716\" title=\"\" srcset=\"https:\/\/loudavymkrokem.cz\/wp-content\/uploads\/2025\/05\/salzburg.jpg 1200w, https:\/\/loudavymkrokem.cz\/wp-content\/uploads\/2025\/05\/salzburg-300x158.jpg 300w, https:\/\/loudavymkrokem.cz\/wp-content\/uploads\/2025\/05\/salzburg-700x368.jpg 700w, https:\/\/loudavymkrokem.cz\/wp-content\/uploads\/2025\/05\/salzburg-768x403.jpg 768w, https:\/\/loudavymkrokem.cz\/wp-content\/uploads\/2025\/05\/salzburg-696x365.jpg 696w\" sizes=\"(max-width: 1200px) 100vw, 1200px\" \/><button\n\t\t\tclass=\"lightbox-trigger\"\n\t\t\ttype=\"button\"\n\t\t\taria-haspopup=\"dialog\"\n\t\t\tdata-wp-bind--aria-label=\"state.thisImage.triggerButtonAriaLabel\"\n\t\t\tdata-wp-init=\"callbacks.initTriggerButton\"\n\t\t\tdata-wp-on--click=\"actions.showLightbox\"\n\t\t\tdata-wp-style--right=\"state.thisImage.buttonRight\"\n\t\t\tdata-wp-style--top=\"state.thisImage.buttonTop\"\n\t\t>\n\t\t\t<svg xmlns=\"http:\/\/www.w3.org\/2000\/svg\" width=\"12\" height=\"12\" fill=\"none\" viewBox=\"0 0 12 12\">\n\t\t\t\t<path fill=\"#fff\" d=\"M2 0a2 2 0 0 0-2 2v2h1.5V2a.5.5 0 0 1 .5-.5h2V0H2Zm2 10.5H2a.5.5 0 0 1-.5-.5V8H0v2a2 2 0 0 0 2 2h2v-1.5ZM8 12v-1.5h2a.5.5 0 0 0 .5-.5V8H12v2a2 2 0 0 1-2 2H8Zm2-12a2 2 0 0 1 2 2v2h-1.5V2a.5.5 0 0 0-.5-.5H8V0h2Z\" \/>\n\t\t\t<\/svg>\n\t\t<\/button><\/figure>\n\n\n\n<h2 class=\"wp-block-heading\"><span class=\"ez-toc-section\" id=\"Salzburg_Austria_practic_cum_ajungi_si_cand_sa_mergi\"><\/span>Salzburg, Austria practic: cum ajungi \u0219i c\u00e2nd s\u0103 mergi<span class=\"ez-toc-section-end\"><\/span><\/h2>\n\n\n\n<p class=\"wp-block-paragraph\">Drumul din Rom\u00e2nia spre Salzburg, Austria este destul de lung, iar <strong>cel mai comod ajungi cu ma\u0219ina proprie<\/strong>. De la Bucure\u0219ti trebuie s\u0103 te a\u0219tep\u021bi la un drum lung, cu o oprire peste noapte pe traseu, \u00een timp ce din Timi\u0219oara ajungi \u00eentr-o singur\u0103 zi de condus. Nu uita ca \u00eenainte de a intra pe autostr\u0103zile din Austria s\u0103 \u00ee\u021bi iei vinieta austriac\u0103, pe care ast\u0103zi o cumperi u\u0219or online. Dac\u0103 preferi transportul public, <strong>trenul cu schimbare la Viena<\/strong> func\u021bioneaz\u0103 foarte bine \u0219i te duce direct \u00een centrul ac\u021biunii.<\/p>\n\n\n\n<p class=\"wp-block-paragraph\">Pentru cei mai gr\u0103bi\u021bi, cea mai simpl\u0103 op\u021biune este <strong>zborul. Wizz Air, Ryanair \u0219i TAROM opereaz\u0103 curse din Bucure\u0219ti \u0219i Cluj-Napoca<\/strong> spre Viena sau M\u00fcnchen, de unde ajungi la ora\u0219ul lui Mozart cu ma\u0219ina sau trenul \u00een mai pu\u021bin de dou\u0103 ore. Po\u021bi zbura \u0219i direct spre aeroportul interna\u021bional din Salzburg (austria salzburg airport), de\u0219i leg\u0103turile din Rom\u00e2nia sunt mai limitate. Ora\u0219ul \u00een sine este destul de compact \u0219i mare parte din obiective le po\u021bi parcurge pe jos. Pentru distan\u021bele mai mari, p\u00e2n\u0103 la castelele de la marginea ora\u0219ului, <strong>troleibuzele \u0219i autobuzele locale sunt excelente<\/strong>, circul\u0103 foarte des \u0219i punctual.<\/p>\n\n\n\n<p class=\"wp-block-paragraph\">\u00cen ceea ce prive\u0219te momentul ideal al vizitei, <strong>depinde mai ales de a\u0219tept\u0103rile \u0219i de bugetul t\u0103u<\/strong>. Din mai p\u00e2n\u0103 \u00een septembrie e cea mai bun\u0103 vreme pentru plimb\u0103ri prin gr\u0103dini \u0219i excursii la lacuri. Extrem de popular\u0103 este perioada Adventului, c\u00e2nd pie\u021bele din Salzburg se num\u0103r\u0103 printre cele mai fermec\u0103toare din toat\u0103 Europa, dar trebuie s\u0103 te preg\u0103te\u0219ti pentru pre\u021buri mari \u0219i cozi de turi\u0219ti. Dimpotriv\u0103, <strong>cele mai scumpe luni sunt iulie \u0219i august<\/strong>, c\u00e2nd are loc faimosul festival de var\u0103, iar cazarea este adesea rezervat\u0103 complet cu mult timp \u00eenainte.<\/p>\n\n\n\n<h2 class=\"wp-block-heading\"><span class=\"ez-toc-section\" id=\"11_locatii_de_film_in_Salzburg_si_imprejurimi\"><\/span>11 loca\u021bii de film \u00een Salzburg \u0219i \u00eemprejurimi<span class=\"ez-toc-section-end\"><\/span><\/h2>\n\n\n\n<p class=\"wp-block-paragraph\">Loca\u021biile de film sunt surprinz\u0103tor de multe \u0219i r\u0103sp\u00e2ndite prin tot ora\u0219ul. Iat\u0103-le pe cele pentru care expedi\u021bia chiar merit\u0103, dar \u0219i pe cele la care, sincer, te avertizez s\u0103 nu te a\u0219tep\u021bi la minuni.<\/p>\n\n\n\n<figure data-wp-context=\"{&quot;imageId&quot;:&quot;6a966979875aa&quot;}\" data-wp-interactive=\"core\/image\" data-wp-key=\"6a966979875aa\" class=\"wp-block-image size-full wp-lightbox-container\"><img decoding=\"async\" width=\"1280\" height=\"1920\" data-wp-class--hide=\"state.isContentHidden\" data-wp-class--show=\"state.isContentVisible\" data-wp-init=\"callbacks.setButtonStyles\" data-wp-on--click=\"actions.showLightbox\" data-wp-on--load=\"callbacks.setButtonStyles\" data-wp-on--pointerdown=\"actions.preloadImage\" data-wp-on--pointerenter=\"actions.preloadImageWithDelay\" data-wp-on--pointerleave=\"actions.cancelPreload\" data-wp-on-window--resize=\"callbacks.setButtonStyles\" src=\"https:\/\/loudavymkrokem.cz\/wp-content\/uploads\/2026\/07\/mirabell-0.jpg\" alt=\"Gr\u0103dinile Mirabell cu priveli\u0219te asupra fort\u0103re\u021bei Hohensalzburg\" class=\"wp-image-350700\" title=\"\" srcset=\"https:\/\/loudavymkrokem.cz\/wp-content\/uploads\/2026\/07\/mirabell-0.jpg 1280w, https:\/\/loudavymkrokem.cz\/wp-content\/uploads\/2026\/07\/mirabell-0-200x300.jpg 200w, https:\/\/loudavymkrokem.cz\/wp-content\/uploads\/2026\/07\/mirabell-0-700x1050.jpg 700w, https:\/\/loudavymkrokem.cz\/wp-content\/uploads\/2026\/07\/mirabell-0-768x1152.jpg 768w, https:\/\/loudavymkrokem.cz\/wp-content\/uploads\/2026\/07\/mirabell-0-1024x1536.jpg 1024w, https:\/\/loudavymkrokem.cz\/wp-content\/uploads\/2026\/07\/mirabell-0-696x1044.jpg 696w\" sizes=\"(max-width: 1280px) 100vw, 1280px\" \/><button\n\t\t\tclass=\"lightbox-trigger\"\n\t\t\ttype=\"button\"\n\t\t\taria-haspopup=\"dialog\"\n\t\t\tdata-wp-bind--aria-label=\"state.thisImage.triggerButtonAriaLabel\"\n\t\t\tdata-wp-init=\"callbacks.initTriggerButton\"\n\t\t\tdata-wp-on--click=\"actions.showLightbox\"\n\t\t\tdata-wp-style--right=\"state.thisImage.buttonRight\"\n\t\t\tdata-wp-style--top=\"state.thisImage.buttonTop\"\n\t\t>\n\t\t\t<svg xmlns=\"http:\/\/www.w3.org\/2000\/svg\" width=\"12\" height=\"12\" fill=\"none\" viewBox=\"0 0 12 12\">\n\t\t\t\t<path fill=\"#fff\" d=\"M2 0a2 2 0 0 0-2 2v2h1.5V2a.5.5 0 0 1 .5-.5h2V0H2Zm2 10.5H2a.5.5 0 0 1-.5-.5V8H0v2a2 2 0 0 0 2 2h2v-1.5ZM8 12v-1.5h2a.5.5 0 0 0 .5-.5V8H12v2a2 2 0 0 1-2 2H8Zm2-12a2 2 0 0 1 2 2v2h-1.5V2a.5.5 0 0 0-.5-.5H8V0h2Z\" \/>\n\t\t\t<\/svg>\n\t\t<\/button><figcaption class=\"wp-element-caption\">Foto: Raimond Spekking, CC BY-SA 4.0, Wikimedia Commons<\/figcaption><\/figure>\n\n\n\n<h3 class=\"wp-block-heading\"><span class=\"ez-toc-section\" id=\"1_Gradinile_Mirabell_si_scara_din_Do-Re-Mi\"><\/span>1. Gr\u0103dinile Mirabell \u0219i scara din Do-Re-Mi<span class=\"ez-toc-section-end\"><\/span><\/h3>\n\n\n\n<p class=\"wp-block-paragraph\">C\u00e2nd spui Salzburg \u0219i filmul Sunetul muzicii, majorit\u0103\u021bii oamenilor le vin imediat \u00een minte tocmai <strong>Gr\u0103dinile Mirabell cu iconica lor scar\u0103<\/strong>. Aceste gr\u0103dini baroce se afl\u0103 chiar \u00een inima ora\u0219ului \u0219i reprezint\u0103 una dintre cele mai frumoase zone de relaxare din toat\u0103 Austria. Te po\u021bi plimba printre gardurile vii tunse perfect, po\u021bi admira ornamentele florale colorate \u0219i te po\u021bi bucura de <strong>o priveli\u0219te superb\u0103 spre fort\u0103rea\u021ba Hohensalzburg<\/strong>, care se \u00eenal\u021b\u0103 sus deasupra ora\u0219ului.<\/p>\n\n\n\n<p class=\"wp-block-paragraph\">Pentru fanii filmului este o oprire obligatorie, pentru c\u0103 aici s-a filmat <strong>grandiosul final al celebrului c\u00e2ntec Do-Re-Mi<\/strong>. \u00cen aceast\u0103 scen\u0103, Maria \u0219i copiii \u021bop\u0103ie pe scara de piatr\u0103, pe care o g\u0103se\u0219ti \u00een col\u021bul de nord-vest al gr\u0103dinilor, folosind treptele ca pe ni\u0219te clape uria\u0219e. Din acest montaj juc\u0103u\u0219 face parte \u0219i apropiata <strong>f\u00e2nt\u00e2n\u0103 Pegasus<\/strong>, \u00een jurul c\u0103reia personajele alearg\u0103 veselele. Toate aceste locuri arat\u0103 exact a\u0219a cum \u021bi le aminte\u0219ti de pe ecran.<\/p>\n\n\n\n<p class=\"wp-block-paragraph\">Din punct de vedere practic te va bucura cu siguran\u021b\u0103 faptul c\u0103 <strong>gr\u0103dinile sunt liber accesibile \u0219i complet gratuite<\/strong>, a\u0219a c\u0103 po\u021bi veni aici de mai multe ori pe zi. Cea mai bun\u0103 lumin\u0103 pentru fotografii este dis-de-diminea\u021b\u0103, c\u00e2nd evi\u021bi cele mai mari mul\u021bimi de turi\u0219ti din autocare. Dac\u0103 ai deja picioarele obosite de la mers, gr\u0103dinile sunt un loc minunat unde s\u0103 te a\u0219ezi pe o banc\u0103, s\u0103 \u00ee\u021bi despachetezi un sandvi\u0219 \u0219i s\u0103 prive\u0219ti pur \u0219i simplu fort\u0103rea\u021ba.<\/p>\n\n\n\n<p class=\"wp-block-paragraph\">\ud83d\udca1 Sfat: Dac\u0103 mergi la Salzburg iarna, \u021bine cont c\u0103 <strong>Gr\u0103dinile Mirabell \u00ee\u0219i pierd o parte din farmec<\/strong>, pentru c\u0103 statuile sunt acoperite ca protec\u021bie \u00eempotriva \u00eenghe\u021bului, iar straturile de flori sunt goale. Cu toate acestea, merit\u0103 s\u0103 vii aici m\u0103car pentru atmosfera lini\u0219tit\u0103 a ora\u0219ului \u00eenghe\u021bat.<\/p>\n\n\n\n<figure data-wp-context=\"{&quot;imageId&quot;:&quot;6a96697987ac7&quot;}\" data-wp-interactive=\"core\/image\" data-wp-key=\"6a96697987ac7\" class=\"wp-block-image size-full wp-lightbox-container\"><img decoding=\"async\" width=\"1280\" height=\"1924\" data-wp-class--hide=\"state.isContentHidden\" data-wp-class--show=\"state.isContentVisible\" data-wp-init=\"callbacks.setButtonStyles\" data-wp-on--click=\"actions.showLightbox\" data-wp-on--load=\"callbacks.setButtonStyles\" data-wp-on--pointerdown=\"actions.preloadImage\" data-wp-on--pointerenter=\"actions.preloadImageWithDelay\" data-wp-on--pointerleave=\"actions.cancelPreload\" data-wp-on-window--resize=\"callbacks.setButtonStyles\" src=\"https:\/\/loudavymkrokem.cz\/wp-content\/uploads\/2026\/07\/nonnberg-0.jpg\" alt=\"M\u0103n\u0103stirea benedictin\u0103 Nonnberg deasupra Ora\u0219ului Vechi din Salzburg\" class=\"wp-image-350708\" title=\"\" srcset=\"https:\/\/loudavymkrokem.cz\/wp-content\/uploads\/2026\/07\/nonnberg-0.jpg 1280w, https:\/\/loudavymkrokem.cz\/wp-content\/uploads\/2026\/07\/nonnberg-0-200x300.jpg 200w, https:\/\/loudavymkrokem.cz\/wp-content\/uploads\/2026\/07\/nonnberg-0-700x1052.jpg 700w, https:\/\/loudavymkrokem.cz\/wp-content\/uploads\/2026\/07\/nonnberg-0-768x1154.jpg 768w, https:\/\/loudavymkrokem.cz\/wp-content\/uploads\/2026\/07\/nonnberg-0-1022x1536.jpg 1022w, https:\/\/loudavymkrokem.cz\/wp-content\/uploads\/2026\/07\/nonnberg-0-696x1046.jpg 696w\" sizes=\"(max-width: 1280px) 100vw, 1280px\" \/><button\n\t\t\tclass=\"lightbox-trigger\"\n\t\t\ttype=\"button\"\n\t\t\taria-haspopup=\"dialog\"\n\t\t\tdata-wp-bind--aria-label=\"state.thisImage.triggerButtonAriaLabel\"\n\t\t\tdata-wp-init=\"callbacks.initTriggerButton\"\n\t\t\tdata-wp-on--click=\"actions.showLightbox\"\n\t\t\tdata-wp-style--right=\"state.thisImage.buttonRight\"\n\t\t\tdata-wp-style--top=\"state.thisImage.buttonTop\"\n\t\t>\n\t\t\t<svg xmlns=\"http:\/\/www.w3.org\/2000\/svg\" width=\"12\" height=\"12\" fill=\"none\" viewBox=\"0 0 12 12\">\n\t\t\t\t<path fill=\"#fff\" d=\"M2 0a2 2 0 0 0-2 2v2h1.5V2a.5.5 0 0 1 .5-.5h2V0H2Zm2 10.5H2a.5.5 0 0 1-.5-.5V8H0v2a2 2 0 0 0 2 2h2v-1.5ZM8 12v-1.5h2a.5.5 0 0 0 .5-.5V8H12v2a2 2 0 0 1-2 2H8Zm2-12a2 2 0 0 1 2 2v2h-1.5V2a.5.5 0 0 0-.5-.5H8V0h2Z\" \/>\n\t\t\t<\/svg>\n\t\t<\/button><figcaption class=\"wp-element-caption\">Foto: Isiwal, CC BY-SA 4.0, Wikimedia Commons<\/figcaption><\/figure>\n\n\n\n<h3 class=\"wp-block-heading\"><span class=\"ez-toc-section\" id=\"2_Manastirea_Nonnberg_si_viata_reala_a_Mariei\"><\/span>2. M\u0103n\u0103stirea Nonnberg \u0219i via\u021ba real\u0103 a Mariei<span class=\"ez-toc-section-end\"><\/span><\/h3>\n\n\n\n<p class=\"wp-block-paragraph\">M\u0103n\u0103stirea benedictin\u0103 de pe st\u00e2nca de deasupra Ora\u0219ului Vechi este <strong>cea mai veche m\u0103n\u0103stire de maici din spa\u021biul vorbitor de limb\u0103 german\u0103<\/strong>. Aici a ajuns t\u00e2n\u0103ra Maria ca aspirant\u0103 la via\u021ba monahal\u0103 \u0219i de aici a fost trimis\u0103 \u00een familia von Trapp, ca s\u0103 aib\u0103 grij\u0103 de copii. Atmosfera acestui loc este absolut cople\u0219itoare \u0219i te \u00eenv\u0103luie o istorie de secole. Dac\u0103 ajungi dis-de-diminea\u021b\u0103, ai \u0219ansa s\u0103 prinzi slujba de diminea\u021b\u0103, din care r\u0103sun\u0103 c\u00e2ntul c\u0103lug\u0103ri\u021belor locale, iar aceasta este o experien\u021b\u0103 pe care nu o ui\u021bi u\u0219or.<\/p>\n\n\n\n<p class=\"wp-block-paragraph\">La vizit\u0103 este extrem de important s\u0103 \u021bii minte c\u0103 <strong>nu este vorba despre o atrac\u021bie de film, ci despre c\u0103minul real al c\u0103lug\u0103ri\u021belor<\/strong>. Sunt accesibile doar pitoreasca curte \u0219i frumoasa capel\u0103 str\u0103veche, \u00een timp ce restul complexului vast r\u0103m\u00e2ne dincolo de u\u0219i \u00eenchise. Informa\u021bii oficiale despre slujbe g\u0103se\u0219ti pe <a href=\"https:\/\/www.stiftnonnberg.at\" target=\"_blank\" rel=\"nofollow noopener\">site-ul oficial al m\u0103n\u0103stirii Nonnberg<\/a>, pe care \u00ee\u021bi recomand s\u0103 \u00eel verifici \u00eenainte de vizit\u0103.<\/p>\n\n\n\n<p class=\"wp-block-paragraph\">Drumul \u00een sus, p\u00e2n\u0103 la por\u021bi, \u00ee\u021bi d\u0103 b\u0103taie de cap, pentru c\u0103 trebuie s\u0103 <strong>urci pe jos pe sc\u0103rile abrupte din Ora\u0219ul Vechi<\/strong>. Priveli\u0219tile de pe terasa din fa\u021ba m\u0103n\u0103stirii, spre partea de sud a ora\u0219ului Salzburg \u0219i spre v\u00e2rfurile \u00eenz\u0103pezite ale Alpilor, \u00ee\u021bi r\u0103spl\u0103tesc \u00eens\u0103 din plin efortul. Nu se pl\u0103te\u0219te niciun bilet de intrare, cu at\u00e2t mai mult se a\u0219teapt\u0103 respect fa\u021b\u0103 de sacralitatea locului.<\/p>\n\n\n\n<p class=\"wp-block-paragraph\">\ud83d\udca1 Sfat: G\u00e2nde\u0219te-te la \u021binuta potrivit\u0103, pentru c\u0103 <strong>\u00een capel\u0103 nu te las\u0103 s\u0103 intri cu umerii dezgoli\u021bi sau \u00een pantaloni prea scur\u021bi<\/strong>. E \u00eentotdeauna bine s\u0103 ai la tine o e\u0219arf\u0103 cu care s\u0103 te acoperi \u00eenainte de intrare, ca s\u0103 nu tulburi lini\u0219tea comunit\u0103\u021bii locale.<\/p>\n\n\n\n<figure data-wp-context=\"{&quot;imageId&quot;:&quot;6a96697987f5f&quot;}\" data-wp-interactive=\"core\/image\" data-wp-key=\"6a96697987f5f\" class=\"wp-block-image size-full wp-lightbox-container\"><img decoding=\"async\" width=\"1280\" height=\"853\" data-wp-class--hide=\"state.isContentHidden\" data-wp-class--show=\"state.isContentVisible\" data-wp-init=\"callbacks.setButtonStyles\" data-wp-on--click=\"actions.showLightbox\" data-wp-on--load=\"callbacks.setButtonStyles\" data-wp-on--pointerdown=\"actions.preloadImage\" data-wp-on--pointerenter=\"actions.preloadImageWithDelay\" data-wp-on--pointerleave=\"actions.cancelPreload\" data-wp-on-window--resize=\"callbacks.setButtonStyles\" src=\"https:\/\/loudavymkrokem.cz\/wp-content\/uploads\/2026\/07\/gazebo-0.jpg\" alt=\"Pavilionul de sticl\u0103 din filmul Sunetul muzicii \u00een parcul Hellbrunn\" class=\"wp-image-350714\" title=\"\" srcset=\"https:\/\/loudavymkrokem.cz\/wp-content\/uploads\/2026\/07\/gazebo-0.jpg 1280w, https:\/\/loudavymkrokem.cz\/wp-content\/uploads\/2026\/07\/gazebo-0-300x200.jpg 300w, https:\/\/loudavymkrokem.cz\/wp-content\/uploads\/2026\/07\/gazebo-0-700x466.jpg 700w, https:\/\/loudavymkrokem.cz\/wp-content\/uploads\/2026\/07\/gazebo-0-768x512.jpg 768w, https:\/\/loudavymkrokem.cz\/wp-content\/uploads\/2026\/07\/gazebo-0-696x464.jpg 696w\" sizes=\"(max-width: 1280px) 100vw, 1280px\" \/><button\n\t\t\tclass=\"lightbox-trigger\"\n\t\t\ttype=\"button\"\n\t\t\taria-haspopup=\"dialog\"\n\t\t\tdata-wp-bind--aria-label=\"state.thisImage.triggerButtonAriaLabel\"\n\t\t\tdata-wp-init=\"callbacks.initTriggerButton\"\n\t\t\tdata-wp-on--click=\"actions.showLightbox\"\n\t\t\tdata-wp-style--right=\"state.thisImage.buttonRight\"\n\t\t\tdata-wp-style--top=\"state.thisImage.buttonTop\"\n\t\t>\n\t\t\t<svg xmlns=\"http:\/\/www.w3.org\/2000\/svg\" width=\"12\" height=\"12\" fill=\"none\" viewBox=\"0 0 12 12\">\n\t\t\t\t<path fill=\"#fff\" d=\"M2 0a2 2 0 0 0-2 2v2h1.5V2a.5.5 0 0 1 .5-.5h2V0H2Zm2 10.5H2a.5.5 0 0 1-.5-.5V8H0v2a2 2 0 0 0 2 2h2v-1.5ZM8 12v-1.5h2a.5.5 0 0 0 .5-.5V8H12v2a2 2 0 0 1-2 2H8Zm2-12a2 2 0 0 1 2 2v2h-1.5V2a.5.5 0 0 0-.5-.5H8V0h2Z\" \/>\n\t\t\t<\/svg>\n\t\t<\/button><figcaption class=\"wp-element-caption\">Foto: Bede735, CC BY-SA 4.0, Wikimedia Commons<\/figcaption><\/figure>\n\n\n\n<h3 class=\"wp-block-heading\"><span class=\"ez-toc-section\" id=\"3_Pavilionul_din_cantecul_Sixteen_Going_on_Seventeen\"><\/span>3. Pavilionul din c\u00e2ntecul Sixteen Going on Seventeen<span class=\"ez-toc-section-end\"><\/span><\/h3>\n\n\n\n<p class=\"wp-block-paragraph\">Faimosul pavilion de sticl\u0103, \u00een care Liesl \u0219i Rolf dansau \u00een ploaie, este pentru mul\u021bi fani punctul culminant absolut al vizitei. Ini\u021bial st\u0103tea l\u00e2ng\u0103 lac, pe domeniul castelului Leopoldskron, dar din cauza afluxului uria\u0219 de turi\u0219ti <strong>a trebuit mutat \u00eentr-un loc mai lini\u0219tit<\/strong>. Ast\u0103zi \u00eel g\u0103se\u0219ti \u00een vastul parc public de l\u00e2ng\u0103 castelul Hellbrunn, la marginea de sud a ora\u0219ului. \u00cemprejurimile pavilionului sunt \u00eenconjurate de verdea\u021b\u0103 \u0219i ofer\u0103 o compozi\u021bie perfect\u0103 pentru fotografiile tale.<\/p>\n\n\n\n<p class=\"wp-block-paragraph\">Chiar l\u00e2ng\u0103 acest pavilion iconic a ap\u0103rut de cur\u00e2nd un <strong>nou muzeu multimedia dedicat film\u0103rii<\/strong>. Vei g\u0103si aici o mul\u021bime de recuzite interesante, expozi\u021bii interactive \u0219i pove\u0219ti din culise, care \u00eel vor \u00eenc\u00e2nta pe orice pasionat. Este fascinant s\u0103 vezi c\u00e2t\u0103 munc\u0103 a fost nevoie pentru a crea iluzia unei nop\u021bi ploioase, c\u00e2nd de fapt s-a filmat \u00eentr-o zi cald\u0103 de var\u0103.<\/p>\n\n\n\n<p class=\"wp-block-paragraph\">Din p\u0103cate trebuie s\u0103 adaug o veste trist\u0103: \u00een interiorul pavilionului nu se mai poate intra din motive de siguran\u021b\u0103, pentru c\u0103 acum c\u00e2\u021biva ani o vizitatoare a \u00eencercat s\u0103 imite s\u0103ritura de dans peste b\u0103nci, s-a r\u0103nit ur\u00e2t, iar ora\u0219ul a preferat s\u0103 \u00eel \u00eencuie. Ast\u0103zi \u00eel po\u021bi vedea \u0219i fotografia doar din exterior.<\/p>\n\n\n\n<p class=\"wp-block-paragraph\">\ud83d\udca1 Sfat: De\u0219i nu po\u021bi intra \u00een\u0103untru, <strong>parcul de la Hellbrunn este accesibil gratuit<\/strong> \u0219i ofer\u0103 suficient spa\u021biu ca s\u0103 faci poze frumoase l\u00e2ng\u0103 pavilion, f\u0103r\u0103 cozi de str\u0103ini \u00een cadru. Ideal este s\u0103 combini vizita cu turul apropiatelor jocuri de ap\u0103.<\/p>\n\n\n\n<figure data-wp-context=\"{&quot;imageId&quot;:&quot;6a966979883b2&quot;}\" data-wp-interactive=\"core\/image\" data-wp-key=\"6a966979883b2\" class=\"wp-block-image size-full wp-lightbox-container\"><img decoding=\"async\" width=\"1280\" height=\"933\" data-wp-class--hide=\"state.isContentHidden\" data-wp-class--show=\"state.isContentVisible\" data-wp-init=\"callbacks.setButtonStyles\" data-wp-on--click=\"actions.showLightbox\" data-wp-on--load=\"callbacks.setButtonStyles\" data-wp-on--pointerdown=\"actions.preloadImage\" data-wp-on--pointerenter=\"actions.preloadImageWithDelay\" data-wp-on--pointerleave=\"actions.cancelPreload\" data-wp-on-window--resize=\"callbacks.setButtonStyles\" src=\"https:\/\/loudavymkrokem.cz\/wp-content\/uploads\/2026\/07\/hellbrunn-2.jpg\" alt=\"F\u00e2nt\u00e2nile-surpriz\u0103 cu jocuri de ap\u0103 din parcul castelului Hellbrunn\" class=\"wp-image-350719\" title=\"\" srcset=\"https:\/\/loudavymkrokem.cz\/wp-content\/uploads\/2026\/07\/hellbrunn-2.jpg 1280w, https:\/\/loudavymkrokem.cz\/wp-content\/uploads\/2026\/07\/hellbrunn-2-300x219.jpg 300w, https:\/\/loudavymkrokem.cz\/wp-content\/uploads\/2026\/07\/hellbrunn-2-700x510.jpg 700w, https:\/\/loudavymkrokem.cz\/wp-content\/uploads\/2026\/07\/hellbrunn-2-768x560.jpg 768w, https:\/\/loudavymkrokem.cz\/wp-content\/uploads\/2026\/07\/hellbrunn-2-696x507.jpg 696w\" sizes=\"(max-width: 1280px) 100vw, 1280px\" \/><button\n\t\t\tclass=\"lightbox-trigger\"\n\t\t\ttype=\"button\"\n\t\t\taria-haspopup=\"dialog\"\n\t\t\tdata-wp-bind--aria-label=\"state.thisImage.triggerButtonAriaLabel\"\n\t\t\tdata-wp-init=\"callbacks.initTriggerButton\"\n\t\t\tdata-wp-on--click=\"actions.showLightbox\"\n\t\t\tdata-wp-style--right=\"state.thisImage.buttonRight\"\n\t\t\tdata-wp-style--top=\"state.thisImage.buttonTop\"\n\t\t>\n\t\t\t<svg xmlns=\"http:\/\/www.w3.org\/2000\/svg\" width=\"12\" height=\"12\" fill=\"none\" viewBox=\"0 0 12 12\">\n\t\t\t\t<path fill=\"#fff\" d=\"M2 0a2 2 0 0 0-2 2v2h1.5V2a.5.5 0 0 1 .5-.5h2V0H2Zm2 10.5H2a.5.5 0 0 1-.5-.5V8H0v2a2 2 0 0 0 2 2h2v-1.5ZM8 12v-1.5h2a.5.5 0 0 0 .5-.5V8H12v2a2 2 0 0 1-2 2H8Zm2-12a2 2 0 0 1 2 2v2h-1.5V2a.5.5 0 0 0-.5-.5H8V0h2Z\" \/>\n\t\t\t<\/svg>\n\t\t<\/button><figcaption class=\"wp-element-caption\">Foto: Zairon, CC BY-SA 4.0, Wikimedia Commons<\/figcaption><\/figure>\n\n\n\n<h3 class=\"wp-block-heading\"><span class=\"ez-toc-section\" id=\"4_Castelul_Hellbrunn_si_fantanile_lui-surpriza\"><\/span>4. Castelul Hellbrunn \u0219i f\u00e2nt\u00e2nile lui-surpriz\u0103<span class=\"ez-toc-section-end\"><\/span><\/h3>\n\n\n\n<p class=\"wp-block-paragraph\">Odat\u0103 ajuns la pavilion, nu rata \u00een niciun caz <strong>castelul baroc Hellbrunn \u00een sine \u0219i celebrele lui jocuri de ap\u0103<\/strong>. Acest palat de var\u0103 l-a construit arhiepiscopul de Salzburg cu un scop clar: voia s\u0103 se distreze \u0219i s\u0103 \u00ee\u0219i surprind\u0103 oaspe\u021bii. \u00cen timpul film\u0103rii, actorii copii au petrecut aici mult timp \u0219i, dup\u0103 cum povestesc martorii, s-au zbenguit zdrav\u0103n printre f\u00e2nt\u00e2ni.<\/p>\n\n\n\n<p class=\"wp-block-paragraph\">Principala atrac\u021bie sunt f\u0103r\u0103 \u00eendoial\u0103 <strong>f\u00e2nt\u00e2nile-surpriz\u0103, care func\u021bioneaz\u0103 f\u0103r\u0103 gre\u0219 de peste 400 de ani<\/strong>. \u00cen timpul unui tur ghidat, ghidul te conduce prin gr\u0103dina plin\u0103 de duze ascunse, teatre mecanice \u0219i farse cu ap\u0103. Apa \u021b\u00e2\u0219ne\u0219te aici din cerbi de piatr\u0103, din trepte \u0219i din g\u0103urile discrete din pavaj. Turul dureaz\u0103 aproape o or\u0103 \u0219i este o distrac\u021bie nemaipomenit\u0103 at\u00e2t pentru adul\u021bi, c\u00e2t \u0219i pentru copii.<\/p>\n\n\n\n<p class=\"wp-block-paragraph\">Programul actual \u0219i pre\u021burile biletelor le po\u021bi verifica direct pe <a href=\"https:\/\/www.hellbrunn.at\" target=\"_blank\" rel=\"nofollow noopener\">site-ul castelului Hellbrunn<\/a>. Biletul include at\u00e2t jocurile de ap\u0103, c\u00e2t \u0219i turul palatului propriu-zis \u0219i al parcului uria\u0219. \u021aine cont c\u0103 jocurile de ap\u0103 func\u021bioneaz\u0103 <strong>doar sezonier, din aprilie p\u00e2n\u0103 la \u00eenceputul lunii noiembrie<\/strong>.<\/p>\n\n\n\n<p class=\"wp-block-paragraph\">\ud83d\udca1 Sfat: Dac\u0103 nu vrei s\u0103 te uzi complet \u00een timpul turului f\u00e2nt\u00e2nilor, <strong>fii atent la unde calc\u0103 ghidul<\/strong>. El \u0219tie exact unde sunt ascunse duzele \u0219i se a\u0219az\u0103 mereu pe singurul loc sigur. Chiar \u0219i a\u0219a, pune-\u021bi la ad\u0103post aparatele foto \u0219i telefoanele.<\/p>\n\n\n\n<figure data-wp-context=\"{&quot;imageId&quot;:&quot;6a966979887ef&quot;}\" data-wp-interactive=\"core\/image\" data-wp-key=\"6a966979887ef\" class=\"wp-block-image size-full wp-lightbox-container\"><img decoding=\"async\" width=\"1280\" height=\"853\" data-wp-class--hide=\"state.isContentHidden\" data-wp-class--show=\"state.isContentVisible\" data-wp-init=\"callbacks.setButtonStyles\" data-wp-on--click=\"actions.showLightbox\" data-wp-on--load=\"callbacks.setButtonStyles\" data-wp-on--pointerdown=\"actions.preloadImage\" data-wp-on--pointerenter=\"actions.preloadImageWithDelay\" data-wp-on--pointerleave=\"actions.cancelPreload\" data-wp-on-window--resize=\"callbacks.setButtonStyles\" src=\"https:\/\/loudavymkrokem.cz\/wp-content\/uploads\/2026\/07\/leopoldskron-2.jpg\" alt=\"Castelul Leopoldskron deasupra lacului Leopoldskroner Weiher\" class=\"wp-image-350726\" title=\"\" srcset=\"https:\/\/loudavymkrokem.cz\/wp-content\/uploads\/2026\/07\/leopoldskron-2.jpg 1280w, https:\/\/loudavymkrokem.cz\/wp-content\/uploads\/2026\/07\/leopoldskron-2-300x200.jpg 300w, https:\/\/loudavymkrokem.cz\/wp-content\/uploads\/2026\/07\/leopoldskron-2-700x466.jpg 700w, https:\/\/loudavymkrokem.cz\/wp-content\/uploads\/2026\/07\/leopoldskron-2-768x512.jpg 768w, https:\/\/loudavymkrokem.cz\/wp-content\/uploads\/2026\/07\/leopoldskron-2-696x464.jpg 696w\" sizes=\"(max-width: 1280px) 100vw, 1280px\" \/><button\n\t\t\tclass=\"lightbox-trigger\"\n\t\t\ttype=\"button\"\n\t\t\taria-haspopup=\"dialog\"\n\t\t\tdata-wp-bind--aria-label=\"state.thisImage.triggerButtonAriaLabel\"\n\t\t\tdata-wp-init=\"callbacks.initTriggerButton\"\n\t\t\tdata-wp-on--click=\"actions.showLightbox\"\n\t\t\tdata-wp-style--right=\"state.thisImage.buttonRight\"\n\t\t\tdata-wp-style--top=\"state.thisImage.buttonTop\"\n\t\t>\n\t\t\t<svg xmlns=\"http:\/\/www.w3.org\/2000\/svg\" width=\"12\" height=\"12\" fill=\"none\" viewBox=\"0 0 12 12\">\n\t\t\t\t<path fill=\"#fff\" d=\"M2 0a2 2 0 0 0-2 2v2h1.5V2a.5.5 0 0 1 .5-.5h2V0H2Zm2 10.5H2a.5.5 0 0 1-.5-.5V8H0v2a2 2 0 0 0 2 2h2v-1.5ZM8 12v-1.5h2a.5.5 0 0 0 .5-.5V8H12v2a2 2 0 0 1-2 2H8Zm2-12a2 2 0 0 1 2 2v2h-1.5V2a.5.5 0 0 0-.5-.5H8V0h2Z\" \/>\n\t\t\t<\/svg>\n\t\t<\/button><figcaption class=\"wp-element-caption\">Foto: ManfredK, CC BY-SA 4.0, Wikimedia Commons<\/figcaption><\/figure>\n\n\n\n<h3 class=\"wp-block-heading\"><span class=\"ez-toc-section\" id=\"5_Schloss_Leopoldskron_si_scenele_de_la_lac\"><\/span>5. Schloss Leopoldskron \u0219i scenele de la lac<span class=\"ez-toc-section-end\"><\/span><\/h3>\n\n\n\n<p class=\"wp-block-paragraph\">Acest castel maiestuos a servit cinea\u0219tilor drept <strong>partea din spate a vilei familiei von Trapp<\/strong>. Aici se afl\u0103 faimoasa teras\u0103 de pe care copiii cu Maria au c\u0103zut din barc\u0103 \u00een ap\u0103, \u00een timp ce \u00eencercau s\u0103 \u00eel \u00eent\u00e2mpine pe baron. Ini\u021bial, l\u00e2ng\u0103 acest lac st\u0103tea \u0219i celebrul pavilion, \u00eenainte ca ora\u0219ul s\u0103 prefere s\u0103 \u00eel mute \u00een alt\u0103 parte. Priveli\u0219tea castelului, cu luciul lini\u0219tit al lacului \u0219i cu v\u00e2rfurile alpine \u00een fundal, este absolut de vis.<\/p>\n\n\n\n<p class=\"wp-block-paragraph\">Castelul este ast\u0103zi un <strong>hotel de lux \u0219i centru de conferin\u021be<\/strong>. Ofer\u0103 zeci de camere \u00een anexa al\u0103turat\u0103 Meierhof \u0219i dou\u0103sprezece apartamente exclusiviste chiar \u00een palatul istoric. Pre\u021burile orientative pornesc de la 399 de euro pentru o camer\u0103 dubl\u0103 \u00een extrasezon, \u00een timp ce pentru o noapte direct \u00een palat pl\u0103te\u0219ti \u00een jur de 600 de euro. Dac\u0103 te cazezi aici, ob\u021bii acces la superba bibliotec\u0103 Max Reinhardt, care a inspirat puternic interioarele din film.<\/p>\n\n\n\n<p class=\"wp-block-paragraph\">Informa\u021bia esen\u021bial\u0103 pentru to\u021bi c\u0103l\u0103torii este c\u0103 <strong>f\u0103r\u0103 o rezervare de cazare valabil\u0103 sau un eveniment pl\u0103tit nu po\u021bi intra \u00een\u0103untru<\/strong>. Castelul pur \u0219i simplu nu este o atrac\u021bie public\u0103 obi\u0219nuit\u0103. Detalii despre op\u021biunile de cazare g\u0103se\u0219ti pe <a href=\"https:\/\/www.schloss-leopoldskron.com\" target=\"_blank\" rel=\"nofollow noopener\">site-ul Schloss Leopoldskron<\/a>. Dac\u0103 nu dormi aici, trebuie s\u0103 te mul\u021bume\u0219ti cu priveli\u0219tea de pe malul opus al lacului.<\/p>\n\n\n\n<p class=\"wp-block-paragraph\">\ud83d\udca1 Sfat: Chiar dac\u0103 nu e\u0219ti oaspete al hotelului, te po\u021bi plimba pe c\u0103rarea public\u0103 din jurul lacului Leopoldskroner Weiher. <strong>De pe malul opus faci cele mai bune fotografii ale castelului<\/strong>, cu mun\u021bii \u00een fundal, \u0219i asta complet gratuit.<\/p>\n\n\n\n<figure data-wp-context=\"{&quot;imageId&quot;:&quot;6a96697988c26&quot;}\" data-wp-interactive=\"core\/image\" data-wp-key=\"6a96697988c26\" class=\"wp-block-image size-full wp-lightbox-container\"><img decoding=\"async\" width=\"1280\" height=\"1071\" data-wp-class--hide=\"state.isContentHidden\" data-wp-class--show=\"state.isContentVisible\" data-wp-init=\"callbacks.setButtonStyles\" data-wp-on--click=\"actions.showLightbox\" data-wp-on--load=\"callbacks.setButtonStyles\" data-wp-on--pointerdown=\"actions.preloadImage\" data-wp-on--pointerenter=\"actions.preloadImageWithDelay\" data-wp-on--pointerleave=\"actions.cancelPreload\" data-wp-on-window--resize=\"callbacks.setButtonStyles\" src=\"https:\/\/loudavymkrokem.cz\/wp-content\/uploads\/2026\/07\/frohnburg-1.jpg\" alt=\"Fa\u021bada castelului Frohnburg, fa\u021bada de film a vilei von Trapp\" class=\"wp-image-350731\" title=\"\" srcset=\"https:\/\/loudavymkrokem.cz\/wp-content\/uploads\/2026\/07\/frohnburg-1.jpg 1280w, https:\/\/loudavymkrokem.cz\/wp-content\/uploads\/2026\/07\/frohnburg-1-300x251.jpg 300w, https:\/\/loudavymkrokem.cz\/wp-content\/uploads\/2026\/07\/frohnburg-1-700x586.jpg 700w, https:\/\/loudavymkrokem.cz\/wp-content\/uploads\/2026\/07\/frohnburg-1-768x643.jpg 768w, https:\/\/loudavymkrokem.cz\/wp-content\/uploads\/2026\/07\/frohnburg-1-696x582.jpg 696w\" sizes=\"(max-width: 1280px) 100vw, 1280px\" \/><button\n\t\t\tclass=\"lightbox-trigger\"\n\t\t\ttype=\"button\"\n\t\t\taria-haspopup=\"dialog\"\n\t\t\tdata-wp-bind--aria-label=\"state.thisImage.triggerButtonAriaLabel\"\n\t\t\tdata-wp-init=\"callbacks.initTriggerButton\"\n\t\t\tdata-wp-on--click=\"actions.showLightbox\"\n\t\t\tdata-wp-style--right=\"state.thisImage.buttonRight\"\n\t\t\tdata-wp-style--top=\"state.thisImage.buttonTop\"\n\t\t>\n\t\t\t<svg xmlns=\"http:\/\/www.w3.org\/2000\/svg\" width=\"12\" height=\"12\" fill=\"none\" viewBox=\"0 0 12 12\">\n\t\t\t\t<path fill=\"#fff\" d=\"M2 0a2 2 0 0 0-2 2v2h1.5V2a.5.5 0 0 1 .5-.5h2V0H2Zm2 10.5H2a.5.5 0 0 1-.5-.5V8H0v2a2 2 0 0 0 2 2h2v-1.5ZM8 12v-1.5h2a.5.5 0 0 0 .5-.5V8H12v2a2 2 0 0 1-2 2H8Zm2-12a2 2 0 0 1 2 2v2h-1.5V2a.5.5 0 0 0-.5-.5H8V0h2Z\" \/>\n\t\t\t<\/svg>\n\t\t<\/button><figcaption class=\"wp-element-caption\">Foto: Erge123 (talk), CC BY-SA 3.0 at, Wikimedia Commons<\/figcaption><\/figure>\n\n\n\n<h3 class=\"wp-block-heading\"><span class=\"ez-toc-section\" id=\"6_Schloss_Frohnburg_si_fatada_de_film_a_vilei\"><\/span>6. Schloss Frohnburg \u0219i fa\u021bada de film a vilei<span class=\"ez-toc-section-end\"><\/span><\/h3>\n\n\n\n<p class=\"wp-block-paragraph\">Dac\u0103 Leopoldskron reprezenta partea din spate a casei, atunci <strong>Schloss Frohnburg din secolul al XVII-lea a servit drept fa\u021bada din fa\u021b\u0103<\/strong>. Aici s-au filmat scenele cu marea poart\u0103 din fier forjat, la care Maria ajunge prima dat\u0103 cu chitara \u00een m\u00e2n\u0103 \u0219i \u00ee\u0219i c\u00e2nt\u0103 c\u00e2ntecul I Have Confidence. Tot pe aici \u00eempinge familia ma\u0219ina pe furi\u0219, \u00een timp ce \u00eencearc\u0103 s\u0103 scape de nazi\u0219ti \u00een timpul tensionatei evad\u0103ri din sear\u0103.<\/p>\n\n\n\n<p class=\"wp-block-paragraph\">Acest castel se afl\u0103 \u00eentr-un cartier reziden\u021bial lini\u0219tit, nu departe de centru. Ast\u0103zi, \u00een spa\u021biile lui <strong>\u00ee\u0219i are sediul universitatea de muzic\u0103 Mozarteum \u0219i serve\u0219te drept c\u0103min studen\u021besc<\/strong>. Din acest motiv, interiorul cl\u0103dirii \u0219i gr\u0103dina al\u0103turat\u0103 sunt de obicei complet inaccesibile publicului. Trebuie deci s\u0103 te mul\u021bume\u0219ti doar cu priveli\u0219tea de la strada principal\u0103.<\/p>\n\n\n\n<p class=\"wp-block-paragraph\">Drumul p\u00e2n\u0103 la castel este foarte pl\u0103cut, aici duce o <strong>superb\u0103 alee de castani numit\u0103 Hellbrunner Allee<\/strong>. Po\u021bi veni pe jos sau cu bicicleta, pe drumul dinspre centru c\u0103tre castelul Hellbrunn. Este un loc excelent pentru o oprire scurt\u0103 \u0219i o poz\u0103 cu faimoasa poart\u0103.<\/p>\n\n\n\n<p class=\"wp-block-paragraph\">\ud83d\udca1 Sfat: \u00cencearc\u0103 s\u0103 nimere\u0219ti o perioad\u0103 \u00een care studen\u021bii au ferestrele deschise. Adesea <strong>\u00eei vei auzi exers\u00e2nd pe viitorii c\u00e2nt\u0103re\u021bi de oper\u0103 sau violoni\u0219ti<\/strong>, ceea ce d\u0103 vizitei unei loca\u021bii de film o alt\u0103 dimensiune muzical\u0103 minunat\u0103.<\/p>\n\n\n\n<figure data-wp-context=\"{&quot;imageId&quot;:&quot;6a96697989101&quot;}\" data-wp-interactive=\"core\/image\" data-wp-key=\"6a96697989101\" class=\"wp-block-image size-full wp-lightbox-container\"><img decoding=\"async\" width=\"1280\" height=\"719\" data-wp-class--hide=\"state.isContentHidden\" data-wp-class--show=\"state.isContentVisible\" data-wp-init=\"callbacks.setButtonStyles\" data-wp-on--click=\"actions.showLightbox\" data-wp-on--load=\"callbacks.setButtonStyles\" data-wp-on--pointerdown=\"actions.preloadImage\" data-wp-on--pointerenter=\"actions.preloadImageWithDelay\" data-wp-on--pointerleave=\"actions.cancelPreload\" data-wp-on-window--resize=\"callbacks.setButtonStyles\" src=\"https:\/\/loudavymkrokem.cz\/wp-content\/uploads\/2026\/07\/leopoldskron-1.jpg\" alt=\"Salzburg cu panorama alpin\u0103 \u00een fundal\" class=\"wp-image-350739\" title=\"\" srcset=\"https:\/\/loudavymkrokem.cz\/wp-content\/uploads\/2026\/07\/leopoldskron-1.jpg 1280w, https:\/\/loudavymkrokem.cz\/wp-content\/uploads\/2026\/07\/leopoldskron-1-300x169.jpg 300w, https:\/\/loudavymkrokem.cz\/wp-content\/uploads\/2026\/07\/leopoldskron-1-700x393.jpg 700w, https:\/\/loudavymkrokem.cz\/wp-content\/uploads\/2026\/07\/leopoldskron-1-768x431.jpg 768w, https:\/\/loudavymkrokem.cz\/wp-content\/uploads\/2026\/07\/leopoldskron-1-696x391.jpg 696w\" sizes=\"(max-width: 1280px) 100vw, 1280px\" \/><button\n\t\t\tclass=\"lightbox-trigger\"\n\t\t\ttype=\"button\"\n\t\t\taria-haspopup=\"dialog\"\n\t\t\tdata-wp-bind--aria-label=\"state.thisImage.triggerButtonAriaLabel\"\n\t\t\tdata-wp-init=\"callbacks.initTriggerButton\"\n\t\t\tdata-wp-on--click=\"actions.showLightbox\"\n\t\t\tdata-wp-style--right=\"state.thisImage.buttonRight\"\n\t\t\tdata-wp-style--top=\"state.thisImage.buttonTop\"\n\t\t>\n\t\t\t<svg xmlns=\"http:\/\/www.w3.org\/2000\/svg\" width=\"12\" height=\"12\" fill=\"none\" viewBox=\"0 0 12 12\">\n\t\t\t\t<path fill=\"#fff\" d=\"M2 0a2 2 0 0 0-2 2v2h1.5V2a.5.5 0 0 1 .5-.5h2V0H2Zm2 10.5H2a.5.5 0 0 1-.5-.5V8H0v2a2 2 0 0 0 2 2h2v-1.5ZM8 12v-1.5h2a.5.5 0 0 0 .5-.5V8H12v2a2 2 0 0 1-2 2H8Zm2-12a2 2 0 0 1 2 2v2h-1.5V2a.5.5 0 0 0-.5-.5H8V0h2Z\" \/>\n\t\t\t<\/svg>\n\t\t<\/button><figcaption class=\"wp-element-caption\">Foto: Arne M\u00fcseler, CC BY-SA 3.0 de, Wikimedia Commons<\/figcaption><\/figure>\n\n\n\n<h3 class=\"wp-block-heading\"><span class=\"ez-toc-section\" id=\"7_Villa_Trapp_din_Aigen_adevaratul_camin_al_familiei\"><\/span>7. Villa Trapp din Aigen: adev\u0103ratul c\u0103min al familiei<span class=\"ez-toc-section-end\"><\/span><\/h3>\n\n\n\n<p class=\"wp-block-paragraph\">\u00cen timp ce vila din film este o iluzie hollywoodian\u0103, <strong>adev\u0103rata Villa Trapp chiar exist\u0103 \u0219i se afl\u0103 \u00een cartierul Aigen<\/strong>. \u00cen aceast\u0103 cas\u0103 spa\u021bioas\u0103, cu un parc mare, a locuit adev\u0103rata familie von Trapp \u00een anii 1923\u20131938. Cl\u0103direa are o istorie fascinant\u0103 \u0219i, \u00een acela\u0219i timp, \u00eentunecat\u0103, pentru c\u0103 dup\u0103 evadarea familiei \u00een America vila a fost confiscat\u0103 de liderul nazist Heinrich Himmler, care \u0219i-a f\u0103cut din ea re\u0219edin\u021ba de var\u0103.<\/p>\n\n\n\n<p class=\"wp-block-paragraph\">De la sf\u00e2r\u0219itul r\u0103zboiului \u0219i p\u00e2n\u0103 \u00een 2008, vila a fost strict \u00eenchis\u0103 publicului. Apoi a devenit un <strong>hotel boutique<\/strong>, unde se putea \u00eennopta \u00een camerele originale ale familiei, chiar \u0219i \u00een apartamentul \u00een care locuia \u00eens\u0103\u0219i Maria Augusta von Trapp, c\u00e2nd a venit \u00een cas\u0103 ca t\u00e2n\u0103r\u0103 guvernant\u0103.<\/p>\n\n\n\n<p class=\"wp-block-paragraph\">\u26a0\ufe0f <strong>Verific\u0103 func\u021bionarea \u00eenainte de plecare.<\/strong> Informa\u021biile difer\u0103 \u00een prezent: portalurile de rezervare \u00eenc\u0103 ofer\u0103 vila, alte surse o indic\u0103 drept \u00eenchis\u0103 publicului. Dac\u0103 \u00ee\u021bi planifici drumul special pentru ea, scrie din timp direct proprietarilor \u0219i nu te baza pe portaluri.<\/p>\n\n\n\n<p class=\"wp-block-paragraph\">Ajungi u\u0219or la vil\u0103, e suficient s\u0103 iei trenul local \u0219i s\u0103 cobori la sta\u021bia Aigen, care se afl\u0103 chiar l\u00e2ng\u0103 parc. Tocmai din aceast\u0103 mic\u0103 sta\u021bie <strong>adev\u0103rata familie a plecat cu trenul spre Italia<\/strong>, ceea ce d\u0103r\u00e2m\u0103 complet mitul de film despre dramatica mar\u0219\u0103 nocturn\u0103 peste mun\u021bii \u00eenz\u0103pezi\u021bi.<\/p>\n\n\n\n<p class=\"wp-block-paragraph\">\ud83d\udca1 Sfat: Dac\u0103 nu vrei s\u0103 te cazezi direct la hotel, <strong>po\u021bi pl\u0103ti un tur ghidat al casei \u0219i al parcului<\/strong>. Aceste tururi au loc regulat \u0219i afli la ele detalii incredibile despre via\u021ba real\u0103 a familiei, care nici m\u0103car nu au ajuns \u00een film.<\/p>\n\n\n\n<figure data-wp-context=\"{&quot;imageId&quot;:&quot;6a9669798962f&quot;}\" data-wp-interactive=\"core\/image\" data-wp-key=\"6a9669798962f\" class=\"wp-block-image size-full wp-lightbox-container\"><img decoding=\"async\" width=\"1280\" height=\"853\" data-wp-class--hide=\"state.isContentHidden\" data-wp-class--show=\"state.isContentVisible\" data-wp-init=\"callbacks.setButtonStyles\" data-wp-on--click=\"actions.showLightbox\" data-wp-on--load=\"callbacks.setButtonStyles\" data-wp-on--pointerdown=\"actions.preloadImage\" data-wp-on--pointerenter=\"actions.preloadImageWithDelay\" data-wp-on--pointerleave=\"actions.cancelPreload\" data-wp-on-window--resize=\"callbacks.setButtonStyles\" src=\"https:\/\/loudavymkrokem.cz\/wp-content\/uploads\/2026\/07\/mondsee-0.jpg\" alt=\"Bazilica Sf\u00e2ntul Mihail din Mondsee, unde s-a filmat nunta din film\" class=\"wp-image-350749\" title=\"\" srcset=\"https:\/\/loudavymkrokem.cz\/wp-content\/uploads\/2026\/07\/mondsee-0.jpg 1280w, https:\/\/loudavymkrokem.cz\/wp-content\/uploads\/2026\/07\/mondsee-0-300x200.jpg 300w, https:\/\/loudavymkrokem.cz\/wp-content\/uploads\/2026\/07\/mondsee-0-700x466.jpg 700w, https:\/\/loudavymkrokem.cz\/wp-content\/uploads\/2026\/07\/mondsee-0-768x512.jpg 768w, https:\/\/loudavymkrokem.cz\/wp-content\/uploads\/2026\/07\/mondsee-0-696x464.jpg 696w\" sizes=\"(max-width: 1280px) 100vw, 1280px\" \/><button\n\t\t\tclass=\"lightbox-trigger\"\n\t\t\ttype=\"button\"\n\t\t\taria-haspopup=\"dialog\"\n\t\t\tdata-wp-bind--aria-label=\"state.thisImage.triggerButtonAriaLabel\"\n\t\t\tdata-wp-init=\"callbacks.initTriggerButton\"\n\t\t\tdata-wp-on--click=\"actions.showLightbox\"\n\t\t\tdata-wp-style--right=\"state.thisImage.buttonRight\"\n\t\t\tdata-wp-style--top=\"state.thisImage.buttonTop\"\n\t\t>\n\t\t\t<svg xmlns=\"http:\/\/www.w3.org\/2000\/svg\" width=\"12\" height=\"12\" fill=\"none\" viewBox=\"0 0 12 12\">\n\t\t\t\t<path fill=\"#fff\" d=\"M2 0a2 2 0 0 0-2 2v2h1.5V2a.5.5 0 0 1 .5-.5h2V0H2Zm2 10.5H2a.5.5 0 0 1-.5-.5V8H0v2a2 2 0 0 0 2 2h2v-1.5ZM8 12v-1.5h2a.5.5 0 0 0 .5-.5V8H12v2a2 2 0 0 1-2 2H8Zm2-12a2 2 0 0 1 2 2v2h-1.5V2a.5.5 0 0 0-.5-.5H8V0h2Z\" \/>\n\t\t\t<\/svg>\n\t\t<\/button><figcaption class=\"wp-element-caption\">Foto: Thomas Ledl, CC BY-SA 4.0, Wikimedia Commons<\/figcaption><\/figure>\n\n\n\n<h3 class=\"wp-block-heading\"><span class=\"ez-toc-section\" id=\"8_Bazilica_din_Mondsee_si_faimoasa_nunta\"><\/span>8. Bazilica din Mondsee \u0219i faimoasa nunt\u0103<span class=\"ez-toc-section-end\"><\/span><\/h3>\n\n\n\n<p class=\"wp-block-paragraph\">De\u0219i cea mai mare parte a ac\u021biunii se petrece chiar \u00een Salzburg, pentru filmarea romanticii scene de nunt\u0103 cinea\u0219tii au pornit cam treizeci de kilometri spre est. \u00cen pitorescul or\u0103\u0219el de l\u00e2ng\u0103 lacul cu acela\u0219i nume se afl\u0103 <strong>superba bazilic\u0103 Sf\u00e2ntul Mihail din Mondsee<\/strong>, a c\u0103rei fa\u021bad\u0103 galben\u0103 \u0219i interior bogat decorat le \u021bii cu siguran\u021b\u0103 minte din grandioasa scen\u0103 \u00een care Maria p\u0103\u0219e\u0219te pe culoar spre baron.<\/p>\n\n\n\n<p class=\"wp-block-paragraph\">Biserica este foarte bine \u00eentre\u021binut\u0103 \u0219i este <strong>accesibil\u0103 gratuit publicului tot timpul anului<\/strong>. \u00cen\u0103untru po\u021bi admira altarele grandioase \u0219i po\u021bi p\u0103\u0219i exact pe locurile pe care mergea eroina filmului. Or\u0103\u0219elul Mondsee este el \u00eensu\u0219i nespus de fermec\u0103tor \u0219i ofer\u0103 o mul\u021bime de cafenele pl\u0103cute, unde te po\u021bi bucura de o cafea \u0219i de faimosul \u0219trudel austriac cu mere.<\/p>\n\n\n\n<p class=\"wp-block-paragraph\">Dac\u0103 ajungi \u00een lunile de var\u0103, <strong>ia-\u021bi neap\u0103rat costumul de baie la tine<\/strong>. Lacul Mondsee se num\u0103r\u0103 printre cele mai calde din toat\u0103 regiunea, iar \u00eenotul \u00een apa cristalin\u0103, cu priveli\u0219te spre maiestuosul munte Schafberg, este o experien\u021b\u0103 pe care n-ar trebui s\u0103 o ratezi.<\/p>\n\n\n\n<p class=\"wp-block-paragraph\">\ud83d\udca1 Sfat: Ajungi la bazilic\u0103 cu ma\u0219ina, pe autostrad\u0103, cam \u00een jum\u0103tate de or\u0103. Dac\u0103 nu ai ma\u0219in\u0103, circul\u0103 p\u00e2n\u0103 aici <strong>linii de autobuz regulate direct din gara principal\u0103 din Salzburg<\/strong>. Drumul cu autobuzul dureaz\u0103 aproape o or\u0103 \u0219i ofer\u0103 priveli\u0219ti frumoase spre peisaj.<\/p>\n\n\n\n<figure data-wp-context=\"{&quot;imageId&quot;:&quot;6a96697989c80&quot;}\" data-wp-interactive=\"core\/image\" data-wp-key=\"6a96697989c80\" class=\"wp-block-image size-full wp-lightbox-container\"><img decoding=\"async\" width=\"1280\" height=\"431\" data-wp-class--hide=\"state.isContentHidden\" data-wp-class--show=\"state.isContentVisible\" data-wp-init=\"callbacks.setButtonStyles\" data-wp-on--click=\"actions.showLightbox\" data-wp-on--load=\"callbacks.setButtonStyles\" data-wp-on--pointerdown=\"actions.preloadImage\" data-wp-on--pointerenter=\"actions.preloadImageWithDelay\" data-wp-on--pointerleave=\"actions.cancelPreload\" data-wp-on-window--resize=\"callbacks.setButtonStyles\" src=\"https:\/\/loudavymkrokem.cz\/wp-content\/uploads\/2026\/07\/felsenb-1.jpg\" alt=\"Cl\u0103direa Casei Festivalului din Salzburg pe Hofstallgasse\" class=\"wp-image-350759\" title=\"\" srcset=\"https:\/\/loudavymkrokem.cz\/wp-content\/uploads\/2026\/07\/felsenb-1.jpg 1280w, https:\/\/loudavymkrokem.cz\/wp-content\/uploads\/2026\/07\/felsenb-1-300x101.jpg 300w, https:\/\/loudavymkrokem.cz\/wp-content\/uploads\/2026\/07\/felsenb-1-700x236.jpg 700w, https:\/\/loudavymkrokem.cz\/wp-content\/uploads\/2026\/07\/felsenb-1-768x259.jpg 768w, https:\/\/loudavymkrokem.cz\/wp-content\/uploads\/2026\/07\/felsenb-1-696x234.jpg 696w\" sizes=\"(max-width: 1280px) 100vw, 1280px\" \/><button\n\t\t\tclass=\"lightbox-trigger\"\n\t\t\ttype=\"button\"\n\t\t\taria-haspopup=\"dialog\"\n\t\t\tdata-wp-bind--aria-label=\"state.thisImage.triggerButtonAriaLabel\"\n\t\t\tdata-wp-init=\"callbacks.initTriggerButton\"\n\t\t\tdata-wp-on--click=\"actions.showLightbox\"\n\t\t\tdata-wp-style--right=\"state.thisImage.buttonRight\"\n\t\t\tdata-wp-style--top=\"state.thisImage.buttonTop\"\n\t\t>\n\t\t\t<svg xmlns=\"http:\/\/www.w3.org\/2000\/svg\" width=\"12\" height=\"12\" fill=\"none\" viewBox=\"0 0 12 12\">\n\t\t\t\t<path fill=\"#fff\" d=\"M2 0a2 2 0 0 0-2 2v2h1.5V2a.5.5 0 0 1 .5-.5h2V0H2Zm2 10.5H2a.5.5 0 0 1-.5-.5V8H0v2a2 2 0 0 0 2 2h2v-1.5ZM8 12v-1.5h2a.5.5 0 0 0 .5-.5V8H12v2a2 2 0 0 1-2 2H8Zm2-12a2 2 0 0 1 2 2v2h-1.5V2a.5.5 0 0 0-.5-.5H8V0h2Z\" \/>\n\t\t\t<\/svg>\n\t\t<\/button><figcaption class=\"wp-element-caption\">Foto: User:Mateus2019, CC BY-SA 4.0, Wikimedia Commons<\/figcaption><\/figure>\n\n\n\n<!-- LKM_GYG_CARD start q=\"music lokace\" lang=\"ro\" rendered=\"2026-08-31T08:48:29+00:00\" v=\"1\" -->\n\n<!-- LKM_GYG_CARD end -->\n\n\n\n\n<div class=\"lk-stays-module\">\n<style>\n\/* \u2500\u2500\u2500 RESET PRO GUTENBERG \u2500\u2500\u2500 *\/\n.lk-stays-module * { box-sizing: border-box; margin: 0; padding: 0; }\n\n\/* \u2500\u2500\u2500 WRAPPER \u2500\u2500\u2500 *\/\n.lk-stays-module {\n  font-family: 'DM Sans', Georgia, sans-serif;\n  max-width: 100%;\n  margin: 2.5rem auto;\n  background: linear-gradient(135deg, #fdfaf5 0%, #fcf8f0 100%);\n  border: 1px solid #e8dfd4;\n  border-radius: 16px;\n  overflow: hidden;\n  box-shadow: 0 16px 48px rgba(195, 159, 118, 0.25), 0 4px 12px rgba(0,0,0,0.08);\n}\n\n\/* \u2500\u2500\u2500 HEADER \u2500\u2500\u2500 *\/\n.lk-stays-header {\n  position: relative;\n  padding: 24px 36px 24px;\n  background: linear-gradient(135deg, #c39f76 0%, #d4b188 60%, #c39f76 100%);\n  border-bottom: 1px solid rgba(255,255,255,.15);\n  display: flex;\n  align-items: center;\n  gap: 18px;\n}\n.lk-stays-header::before {\n  content: '';\n  position: absolute;\n  inset: 0;\n  background: url(\"data:image\/svg+xml,%3Csvg width='60' height='60' viewBox='0 0 60 60' xmlns='http:\/\/www.w3.org\/2000\/svg'%3E%3Cg fill='none' fill-rule='evenodd'%3E%3Cg fill='%23ffffff' fill-opacity='0.05'%3E%3Cpath d='M36 34v-4h-2v4h-4v2h4v4h2v-4h4v-2h-4zm0-30V0h-2v4h-4v2h4v4h2V6h4V4h-4zM6 34v-4H4v4H0v2h4v4h2v-4h4v-2H6zM6 4V0H4v4H0v2h4v4h2V6h4V4H6z'\/%3E%3C\/g%3E%3C\/g%3E%3C\/svg%3E\") repeat;\n  pointer-events: none;\n}\n.lk-stays-icon {\n  flex-shrink: 0;\n  width: 68px;\n  height: 68px;\n  border-radius: 14px;\n  background: linear-gradient(135deg, #fff 0%, #f9f6f0 100%);\n  display: flex;\n  align-items: center;\n  justify-content: center;\n  font-size: 26px;\n  box-shadow: 0 4px 12px rgba(0,0,0,0.15);\n}\n.lk-stays-eyebrow {\n  font-size: 10px;\n  font-weight: 500;\n  letter-spacing: 2.5px;\n  text-transform: uppercase;\n  color: rgba(255,255,255,.85);\n  margin: 0 0 5px 0;\n}\n.lk-stays-title {\n  font-family: 'Playfair Display', Georgia, serif;\n  font-size: 24px;\n  font-weight: 700;\n  color: #fff;\n  line-height: 1.2;\n  text-shadow: 0 1px 2px rgba(0,0,0,0.1);\n  margin: 0;\n}\n.lk-stays-subtitle {\n  font-size: 13px;\n  color: rgba(255,255,255,.75);\n  margin: 4px 0 0 0;\n  font-weight: 300;\n}\n\n\/* \u2500\u2500\u2500 CARDS GRID \u2500\u2500\u2500 *\/\n.lk-stays-grid {\n  display: grid;\n  grid-template-columns: 1fr 1fr;\n  gap: 1px;\n  background: rgba(195, 159, 118, 0.12);\n}\n\n\/* \u2500\u2500\u2500 SINGLE CARD \u2500\u2500\u2500 *\/\n.lk-stay-card {\n  background: #ffffff;\n  padding: 26px;\n  display: flex;\n  flex-direction: column;\n  gap: 11px;\n  transition: all 0.3s ease;\n  text-decoration: none;\n  color: inherit;\n  position: relative;\n}\n.lk-stay-card:hover {\n  background: #fffbf5;\n  transform: translateY(-2px);\n  box-shadow: 0 8px 24px rgba(195, 159, 118, 0.18);\n  z-index: 1;\n}\n.lk-stay-card.featured {\n  background: linear-gradient(135deg, #fffdf9 0%, #fff9f0 100%);\n  box-shadow: 0 4px 16px rgba(195, 159, 118, 0.15), inset 0 1px 0 rgba(195, 159, 118, 0.1);\n}\n.lk-stay-card.featured:hover {\n  background: linear-gradient(135deg, #fffbf5 0%, #fff8ed 100%);\n  box-shadow: 0 8px 24px rgba(195, 159, 118, 0.25), inset 0 1px 0 rgba(195, 159, 118, 0.15);\n}\n\n.lk-stay-badge {\n  display: inline-flex;\n  align-items: center;\n  gap: 5px;\n  font-size: 10px;\n  font-weight: 500;\n  letter-spacing: 1.5px;\n  text-transform: uppercase;\n  padding: 5px 11px;\n  border-radius: 20px;\n  width: fit-content;\n}\n.badge-top     { background: linear-gradient(135deg, #c39f76 0%, #d4b188 100%); color: #fff; border: 1px solid #c39f76; font-weight: 600; box-shadow: 0 2px 8px rgba(195,159,118,0.3); }\n.badge-luxury  { background: rgba(195,159,118,.12); color: #c39f76; border: 1px solid rgba(195,159,118,.25); }\n.badge-boutique{ background: rgba(54,133,252,.08); color: #3685fc; border: 1px solid rgba(54,133,252,.2); }\n.badge-nature  { background: rgba(130,190,100,.1); color: #6b9c4a; border: 1px solid rgba(130,190,100,.2); }\n.badge-remote  { background: rgba(195,159,118,.12); color: #a67e50; border: 1px solid rgba(195,159,118,.25); }\n\n.lk-stay-name {\n  font-family: 'Playfair Display', Georgia, serif;\n  font-size: 18px;\n  font-weight: 700;\n  color: #111827;\n  line-height: 1.3;\n}\n.lk-stay-desc {\n  font-size: 13.5px;\n  color: #525252;\n  line-height: 1.65;\n  font-weight: 300;\n  flex: 1;\n}\n\n.lk-stay-meta {\n  display: flex;\n  align-items: center;\n  gap: 12px;\n  flex-wrap: wrap;\n  margin-top: 4px;\n}\n.lk-stay-price {\n  font-size: 13px;\n  color: #6b7280;\n}\n.lk-stay-price strong {\n  color: #c39f76;\n  font-weight: 500;\n}\n.lk-stay-stars {\n  color: #c39f76;\n  font-size: 11px;\n  letter-spacing: 1px;\n}\n\n\/* \u2500\u2500\u2500 CTA BUTTON \u2500\u2500\u2500 *\/\n.lk-stay-cta {\n  display: inline-flex;\n  align-items: center;\n  justify-content: center;\n  gap: 7px;\n  margin-top: 8px;\n  padding: 11px 20px;\n  border-radius: 8px;\n  background: linear-gradient(135deg, #3685fc 0%, #2a6fd9 100%);\n  color: #fff;\n  font-size: 13px;\n  font-weight: 500;\n  text-decoration: none;\n  letter-spacing: .3px;\n  transition: all .2s ease;\n  cursor: pointer;\n  border: none;\n  text-align: center;\n  box-shadow: 0 4px 12px rgba(54, 133, 252, 0.25);\n}\n.lk-stay-cta:hover {\n  background: linear-gradient(135deg, #2a6fd9 0%, #1e5bc4 100%);\n  transform: translateY(-1px);\n  box-shadow: 0 6px 16px rgba(54, 133, 252, 0.35);\n}\n.lk-stay-cta svg { flex-shrink: 0; }\n\n\/* \u2500\u2500\u2500 FOOTER \u2500\u2500\u2500 *\/\n.lk-stays-footer {\n  padding: 18px 36px;\n  background: linear-gradient(to bottom, #fdfaf5 0%, #f9f4ed 100%);\n  border-top: 1px solid rgba(195, 159, 118, 0.15);\n  display: flex;\n  align-items: center;\n  justify-content: space-between;\n  flex-wrap: wrap;\n  gap: 12px;\n}\n.lk-stays-footer-note {\n  font-size: 11.5px;\n  color: #6b7280;\n  font-weight: 300;\n  line-height: 1.5;\n}\n.lk-stays-footer-note a {\n  color: #c39f76;\n  text-decoration: none;\n  font-weight: 400;\n}\n.lk-stays-footer-note a:hover {\n  text-decoration: underline;\n}\n.lk-stays-all-btn {\n  display: inline-flex;\n  align-items: center;\n  gap: 6px;\n  font-size: 12.5px;\n  font-weight: 500;\n  color: #c39f76;\n  text-decoration: none;\n  border: 1px solid rgba(195, 159, 118, 0.35);\n  padding: 8px 18px;\n  border-radius: 8px;\n  transition: all .2s ease;\n}\n.lk-stays-all-btn:hover {\n  background: rgba(195, 159, 118, 0.08);\n  border-color: rgba(195, 159, 118, 0.5);\n}\n\n\/* \u2500\u2500\u2500 RESPONSIVE \u2500\u2500\u2500 *\/\n@media (max-width: 600px) {\n  .lk-stays-grid { grid-template-columns: 1fr; }\n  .lk-stays-header { padding: 24px 20px; }\n  .lk-stays-footer { padding: 16px 20px; }\n  .lk-stay-card { padding: 22px; }\n  .lk-stays-title { font-size: 20px; }\n}\n<\/style>\n\n  <!-- HEADER -->\n  <div class=\"lk-stays-header\">\n    <img decoding=\"async\" src=\"https:\/\/loudavymkrokem.cz\/wp-content\/uploads\/2026\/02\/lukas-a-lucka.jpg\" alt=\"\" style=\"width: 75px; height: 75px; border-radius: 8px; flex-shrink: 0; object-fit: cover; display: block; margin: 4px 0;\" title=\"\">\n    <div class=\"lk-stays-header-text\">\n      <div class=\"lk-stays-eyebrow\">Luk\u00e1\u0161 \u0219i Lucie recomand\u0103<\/div>\n      <div class=\"lk-stays-title\">Unde s\u0103 te cazezi \u00een Salzburg<\/div>\n      <div class=\"lk-stays-subtitle\">6 caz\u0103ri \u2014 hoteluri, hoteluri wellness \u0219i alte op\u021biuni de cazare<\/div>\n    <\/div>\n  <\/div>\n\n  <!-- CARDS -->\n  <div class=\"lk-stays-grid\">\n\n    <a class=\"lk-stay-card featured\" href=\"https:\/\/www.stay22.com\/allez\/roam?aid=lukaskonecny&#038;campaign=loudavymkrokemcz&#038;campaign=ro&#038;campaign=soundofmusiclokace&#038;address=Salcburk&#038;hotelname=Schloss+Leopoldskron&#038;search=Schloss+Leopoldskron&#038;category=accommodation\" target=\"_blank\" rel=\"nofollow noopener\">\n      <span class=\"lk-stay-badge badge-top\">\u2b50 TOP ALEGERE<\/span>\n      <span class=\"lk-stay-badge badge-nature\">\u2b50 Luxury<\/span>\n      <div class=\"lk-stay-name\">Schloss Leopoldskron<\/div>\n      <div class=\"lk-stay-desc\">Hotel de lux \u00eentr-un castel folosit ca decor de film. Mic dejun \u00een s\u0103li decorate, acces la biblioteca Max Reinhardt.<\/div>\n      <div class=\"lk-stay-meta\">\n        <span class=\"lk-stay-stars\">\u2605\u2605\u2605\u2605<\/span>\n        <span class=\"lk-stay-price\">de la 399 EUR\/noapte<\/span>\n      <\/div>\n      <span class=\"lk-stay-cta\">\n        <svg width=\"14\" height=\"14\" viewBox=\"0 0 24 24\" fill=\"none\" stroke=\"currentColor\" stroke-width=\"2\"><path d=\"M18 13v6a2 2 0 0 1-2 2H5a2 2 0 0 1-2-2V8a2 2 0 0 1 2-2h6\"\/><polyline points=\"15 3 21 3 21 9\"\/><line x1=\"10\" y1=\"14\" x2=\"21\" y2=\"3\"\/><\/svg>\n        Verific\u0103 disponibilitatea\n      <\/span>\n    <\/a>\n\n    <a class=\"lk-stay-card\" href=\"https:\/\/www.stay22.com\/allez\/roam?aid=lukaskonecny&#038;campaign=loudavymkrokemcz&#038;campaign=ro&#038;campaign=soundofmusiclokace&#038;address=Salcburk&#038;hotelname=Villa+Trapp&#038;search=Villa+Trapp&#038;category=accommodation\" target=\"_blank\" rel=\"nofollow noopener\">\n      <span class=\"lk-stay-badge badge-nature\">\ud83c\udfe8 Hotel<\/span>\n      <div class=\"lk-stay-name\">Villa Trapp<\/div>\n      <div class=\"lk-stay-desc\">Hotel boutique \u00een casa autentic\u0103 a familiei von Trapp. Cazare \u00een camerele originale, inclusiv apartamentul Mariei.<\/div>\n      <div class=\"lk-stay-meta\">\n        <span class=\"lk-stay-stars\">\u2605\u2605\u2605\u2605<\/span>\n        <span class=\"lk-stay-price\">Verific\u0103 pre\u021burile<\/span>\n      <\/div>\n      <span class=\"lk-stay-cta\">\n        <svg width=\"14\" height=\"14\" viewBox=\"0 0 24 24\" fill=\"none\" stroke=\"currentColor\" stroke-width=\"2\"><path d=\"M18 13v6a2 2 0 0 1-2 2H5a2 2 0 0 1-2-2V8a2 2 0 0 1 2-2h6\"\/><polyline points=\"15 3 21 3 21 9\"\/><line x1=\"10\" y1=\"14\" x2=\"21\" y2=\"3\"\/><\/svg>\n        Verific\u0103 disponibilitatea\n      <\/span>\n    <\/a>\n\n    <a class=\"lk-stay-card\" href=\"https:\/\/www.stay22.com\/allez\/roam?aid=lukaskonecny&#038;campaign=loudavymkrokemcz&#038;campaign=ro&#038;campaign=soundofmusiclokace&#038;address=Salcburk&#038;hotelname=Hotel+Sacher+Salzburg&#038;search=Hotel+Sacher+Salzburg&#038;category=accommodation\" target=\"_blank\" rel=\"nofollow noopener\">\n      <span class=\"lk-stay-badge badge-nature\">\u2b50 Luxury<\/span>\n      <div class=\"lk-stay-name\">Hotel Sacher Salzburg<\/div>\n      <div class=\"lk-stay-desc\">Hotel iconic cu cinci stele pe malul r\u00e2ului Salzach, cu celebr\u0103 cafenea \u0219i vederi asupra Ora\u0219ului Vechi.<\/div>\n      <div class=\"lk-stay-meta\">\n        <span class=\"lk-stay-stars\">\u2605\u2605\u2605\u2605\u2605<\/span>\n        <span class=\"lk-stay-price\">Verific\u0103 pre\u021burile<\/span>\n      <\/div>\n      <span class=\"lk-stay-cta\">\n        <svg width=\"14\" height=\"14\" viewBox=\"0 0 24 24\" fill=\"none\" stroke=\"currentColor\" stroke-width=\"2\"><path d=\"M18 13v6a2 2 0 0 1-2 2H5a2 2 0 0 1-2-2V8a2 2 0 0 1 2-2h6\"\/><polyline points=\"15 3 21 3 21 9\"\/><line x1=\"10\" y1=\"14\" x2=\"21\" y2=\"3\"\/><\/svg>\n        Verific\u0103 disponibilitatea\n      <\/span>\n    <\/a>\n\n    <a class=\"lk-stay-card\" href=\"https:\/\/www.stay22.com\/allez\/roam?aid=lukaskonecny&#038;campaign=loudavymkrokemcz&#038;campaign=ro&#038;campaign=soundofmusiclokace&#038;address=Salcburk&#038;hotelname=Boutiquehotel+Am+Dom&#038;search=Boutiquehotel+Am+Dom&#038;category=accommodation\" target=\"_blank\" rel=\"nofollow noopener\">\n      <span class=\"lk-stay-badge badge-nature\">\ud83c\udfe8 Hotel<\/span>\n      <div class=\"lk-stay-name\">Boutiquehotel Am Dom<\/div>\n      <div class=\"lk-stay-desc\">Hotel de design \u00een inima centrului istoric. Mix sensibil de grinzi istorice \u0219i design italian modern.<\/div>\n      <div class=\"lk-stay-meta\">\n        <span class=\"lk-stay-stars\">\u2605\u2605\u2605\u2605<\/span>\n        <span class=\"lk-stay-price\">Verific\u0103 pre\u021burile<\/span>\n      <\/div>\n      <span class=\"lk-stay-cta\">\n        <svg width=\"14\" height=\"14\" viewBox=\"0 0 24 24\" fill=\"none\" stroke=\"currentColor\" stroke-width=\"2\"><path d=\"M18 13v6a2 2 0 0 1-2 2H5a2 2 0 0 1-2-2V8a2 2 0 0 1 2-2h6\"\/><polyline points=\"15 3 21 3 21 9\"\/><line x1=\"10\" y1=\"14\" x2=\"21\" y2=\"3\"\/><\/svg>\n        Verific\u0103 disponibilitatea\n      <\/span>\n    <\/a>\n\n    <a class=\"lk-stay-card\" href=\"https:\/\/www.stay22.com\/allez\/roam?aid=lukaskonecny&#038;campaign=loudavymkrokemcz&#038;campaign=ro&#038;campaign=soundofmusiclokace&#038;address=Salcburk&#038;hotelname=Hotel+Goldgasse&#038;search=Hotel+Goldgasse&#038;category=accommodation\" target=\"_blank\" rel=\"nofollow noopener\">\n      <span class=\"lk-stay-badge badge-nature\">\ud83c\udfe8 Hotel<\/span>\n      <div class=\"lk-stay-name\">Hotel Goldgasse<\/div>\n      <div class=\"lk-stay-desc\">Mic hotel boutique pe o str\u0103du\u021b\u0103 istoric\u0103. Fiecare camer\u0103 are un motiv diferit, exceleaz\u0103 prin aten\u021bia la detalii.<\/div>\n      <div class=\"lk-stay-meta\">\n        <span class=\"lk-stay-stars\">\u2605\u2605\u2605\u2605<\/span>\n        <span class=\"lk-stay-price\">Verific\u0103 pre\u021burile<\/span>\n      <\/div>\n      <span class=\"lk-stay-cta\">\n        <svg width=\"14\" height=\"14\" viewBox=\"0 0 24 24\" fill=\"none\" stroke=\"currentColor\" stroke-width=\"2\"><path d=\"M18 13v6a2 2 0 0 1-2 2H5a2 2 0 0 1-2-2V8a2 2 0 0 1 2-2h6\"\/><polyline points=\"15 3 21 3 21 9\"\/><line x1=\"10\" y1=\"14\" x2=\"21\" y2=\"3\"\/><\/svg>\n        Verific\u0103 disponibilitatea\n      <\/span>\n    <\/a>\n\n    <a class=\"lk-stay-card\" href=\"https:\/\/www.stay22.com\/allez\/roam?aid=lukaskonecny&#038;campaign=loudavymkrokemcz&#038;campaign=ro&#038;campaign=soundofmusiclokace&#038;address=Salcburk&#038;hotelname=IMLAUER+Hotel+Pitter&#038;search=IMLAUER+Hotel+Pitter&#038;category=accommodation\" target=\"_blank\" rel=\"nofollow noopener\">\n      <span class=\"lk-stay-badge badge-nature\">\ud83c\udfe8 Hotel<\/span>\n      <div class=\"lk-stay-name\">IMLAUER Hotel Pitter<\/div>\n      <div class=\"lk-stay-desc\">Hotel modern l\u00e2ng\u0103 Gr\u0103dinile Mirabell cu bar spectaculos pe acoperi\u0219 \u0219i vedere panoramic\u0103 asupra ora\u0219ului.<\/div>\n      <div class=\"lk-stay-meta\">\n        <span class=\"lk-stay-stars\">\u2605\u2605\u2605\u2605<\/span>\n        <span class=\"lk-stay-price\">Verific\u0103 pre\u021burile<\/span>\n      <\/div>\n      <span class=\"lk-stay-cta\">\n        <svg width=\"14\" height=\"14\" viewBox=\"0 0 24 24\" fill=\"none\" stroke=\"currentColor\" stroke-width=\"2\"><path d=\"M18 13v6a2 2 0 0 1-2 2H5a2 2 0 0 1-2-2V8a2 2 0 0 1 2-2h6\"\/><polyline points=\"15 3 21 3 21 9\"\/><line x1=\"10\" y1=\"14\" x2=\"21\" y2=\"3\"\/><\/svg>\n        Verific\u0103 disponibilitatea\n      <\/span>\n    <\/a>\n\n  <\/div>\n\n  \n<\/div>\n\n\n\n\n<h3 class=\"wp-block-heading\"><span class=\"ez-toc-section\" id=\"9_Felsenreitschule_si_dramaticul_concert\"><\/span>9. Felsenreitschule \u0219i dramaticul concert<span class=\"ez-toc-section-end\"><\/span><\/h3>\n\n\n\n<p class=\"wp-block-paragraph\">Manejul de piatr\u0103 este unul dintre cele mai remarcabile spa\u021bii de teatru din lume. Aceste <strong>arcade fascinante s\u0103pate direct \u00een st\u00e2nca muntelui M\u00f6nchsberg<\/strong> serveau ini\u021bial pentru antrenarea cailor arhiepiscopilor din Salzburg. \u00cen film, aici se petrece scena extrem de tensionat\u0103 a concertului final din cadrul festivalului, dup\u0103 care familia von Trapp dispare \u00een culise \u0219i \u00ee\u0219i \u00eencepe evadarea.<\/p>\n\n\n\n<p class=\"wp-block-paragraph\">Spre deosebire de multe alte loca\u021bii, Felsenreitschule este <strong>o scen\u0103 de festival real\u0103 \u0219i foarte prestigioas\u0103<\/strong>. \u00cen fiecare var\u0103 au loc aici cele mai importante premiere de oper\u0103 \u0219i teatru din cadrul Festivalului de la Salzburg. Ca s\u0103 faci rost de bilete la o reprezenta\u021bie e nevoie de planificare cu luni bune \u00eenainte \u0219i de un cont bancar destul de gras.<\/p>\n\n\n\n<p class=\"wp-block-paragraph\">Din fericire, po\u021bi vedea interiorul \u0219i f\u0103r\u0103 biletul scump la oper\u0103: ora\u0219ul organizeaz\u0103 zilnic tururi ghidate ale cl\u0103dirilor festivalului, a\u0219a c\u0103 vei vedea \u00een lini\u0219te, cu un ghid, at\u00e2t Manejul de piatr\u0103, c\u00e2t \u0219i uria\u0219a Cas\u0103 Mare a Festivalului. Tururile le g\u0103se\u0219ti u\u0219or la fa\u021ba locului sau le po\u021bi rezerva din timp online, inclusiv prin portaluri precum <a class=\"thirstylink\" rel=\"nofollow\" target=\"_blank\" title=\"GetYourGuide\" href=\"https:\/\/loudavymkrokem.cz\/doporucujeme\/getyourguide\/\" data-shortcode=\"true\">GetYourGuide<\/a>.<\/p>\n\n\n\n<p class=\"wp-block-paragraph\">\ud83d\udca1 Sfat: Tururile au loc \u00een mai multe limbi \u0219i dureaz\u0103 cam cincizeci de minute. <strong>\u00ce\u021bi recomand s\u0103 verifici programul la centrul de informare chiar de diminea\u021b\u0103<\/strong>, pentru c\u0103, \u00een timpul repeti\u021biilor \u00een desf\u0103\u0219urare, traseele tururilor se schimb\u0103 sau se restr\u00e2ng uneori.<\/p>\n\n\n\n<figure data-wp-context=\"{&quot;imageId&quot;:&quot;6a9669798a18a&quot;}\" data-wp-interactive=\"core\/image\" data-wp-key=\"6a9669798a18a\" class=\"wp-block-image size-full wp-lightbox-container\"><img decoding=\"async\" width=\"1280\" height=\"853\" data-wp-class--hide=\"state.isContentHidden\" data-wp-class--show=\"state.isContentVisible\" data-wp-init=\"callbacks.setButtonStyles\" data-wp-on--click=\"actions.showLightbox\" data-wp-on--load=\"callbacks.setButtonStyles\" data-wp-on--pointerdown=\"actions.preloadImage\" data-wp-on--pointerenter=\"actions.preloadImageWithDelay\" data-wp-on--pointerleave=\"actions.cancelPreload\" data-wp-on-window--resize=\"callbacks.setButtonStyles\" src=\"https:\/\/loudavymkrokem.cz\/wp-content\/uploads\/2026\/07\/residenz-1.jpg\" alt=\"F\u00e2nt\u00e2na baroc\u0103 Residenzbrunnen din pia\u021ba Residenzplatz\" class=\"wp-image-350766\" title=\"\" srcset=\"https:\/\/loudavymkrokem.cz\/wp-content\/uploads\/2026\/07\/residenz-1.jpg 1280w, https:\/\/loudavymkrokem.cz\/wp-content\/uploads\/2026\/07\/residenz-1-300x200.jpg 300w, https:\/\/loudavymkrokem.cz\/wp-content\/uploads\/2026\/07\/residenz-1-700x466.jpg 700w, https:\/\/loudavymkrokem.cz\/wp-content\/uploads\/2026\/07\/residenz-1-768x512.jpg 768w, https:\/\/loudavymkrokem.cz\/wp-content\/uploads\/2026\/07\/residenz-1-696x464.jpg 696w\" sizes=\"(max-width: 1280px) 100vw, 1280px\" \/><button\n\t\t\tclass=\"lightbox-trigger\"\n\t\t\ttype=\"button\"\n\t\t\taria-haspopup=\"dialog\"\n\t\t\tdata-wp-bind--aria-label=\"state.thisImage.triggerButtonAriaLabel\"\n\t\t\tdata-wp-init=\"callbacks.initTriggerButton\"\n\t\t\tdata-wp-on--click=\"actions.showLightbox\"\n\t\t\tdata-wp-style--right=\"state.thisImage.buttonRight\"\n\t\t\tdata-wp-style--top=\"state.thisImage.buttonTop\"\n\t\t>\n\t\t\t<svg xmlns=\"http:\/\/www.w3.org\/2000\/svg\" width=\"12\" height=\"12\" fill=\"none\" viewBox=\"0 0 12 12\">\n\t\t\t\t<path fill=\"#fff\" d=\"M2 0a2 2 0 0 0-2 2v2h1.5V2a.5.5 0 0 1 .5-.5h2V0H2Zm2 10.5H2a.5.5 0 0 1-.5-.5V8H0v2a2 2 0 0 0 2 2h2v-1.5ZM8 12v-1.5h2a.5.5 0 0 0 .5-.5V8H12v2a2 2 0 0 1-2 2H8Zm2-12a2 2 0 0 1 2 2v2h-1.5V2a.5.5 0 0 0-.5-.5H8V0h2Z\" \/>\n\t\t\t<\/svg>\n\t\t<\/button><figcaption class=\"wp-element-caption\">Foto: Ank Kumar, CC BY-SA 4.0, Wikimedia Commons<\/figcaption><\/figure>\n\n\n\n<h3 class=\"wp-block-heading\"><span class=\"ez-toc-section\" id=\"10_Residenzplatz_si_fantana_plina_de_incredere\"><\/span>10. Residenzplatz \u0219i f\u00e2nt\u00e2na plin\u0103 de \u00eencredere<span class=\"ez-toc-section-end\"><\/span><\/h3>\n\n\n\n<p class=\"wp-block-paragraph\">Chiar \u00een centrul istoric al ora\u0219ului, \u00eenconjurat\u0103 de palate \u0219i de un muzeu, se afl\u0103 \u00eentinsa pia\u021b\u0103 Residenzplatz. \u00cen mijlocul ei st\u0103 o <strong>f\u00e2nt\u00e2n\u0103 baroc\u0103 masiv\u0103 cu cai care se cabreaz\u0103<\/strong>, \u00een jurul c\u0103reia Maria \u021bop\u0103ie bucuroas\u0103 cu valiza \u00een m\u00e2n\u0103 \u0219i strope\u0219te cu ap\u0103, \u00een timp ce \u00ee\u0219i c\u00e2nt\u0103 I Have Confidence pe drumul de la m\u0103n\u0103stire spre noua slujb\u0103.<\/p>\n\n\n\n<p class=\"wp-block-paragraph\">Pia\u021ba este centrul absolut al ora\u0219ului Salzburg \u0219i <strong>este complet liber accesibil\u0103 oric\u00e2nd \u00een timpul zilei<\/strong>. Pe l\u00e2ng\u0103 faimoasa f\u00e2nt\u00e2n\u0103, vei vedea aici \u0219i parcarea tradi\u021bionalelor tr\u0103suri cu cai numite Fiaker, care dau locului o atmosfer\u0103 istoric\u0103 minunat\u0103. \u00cen plus, carilonul din apropiere c\u00e2nt\u0103 regulat melodii, inclusiv cele ale lui Mozart.<\/p>\n\n\n\n<p class=\"wp-block-paragraph\">\u00cen decembrie, aceast\u0103 pia\u021b\u0103 se transform\u0103 complet. <strong>Aici au loc cele mai mari t\u00e2rguri de Advent din Salzburg<\/strong>, care miros a vin fiert, turt\u0103 dulce \u0219i castane coapte. Este o priveli\u0219te superb\u0103, dar din cauza tarabelor de lemn aproape c\u0103 nu mai vezi f\u00e2nt\u00e2na \u00een sine.<\/p>\n\n\n\n<p class=\"wp-block-paragraph\">\ud83d\udca1 Sfat: \u00cencearc\u0103 s\u0103 te opre\u0219ti \u00een pia\u021b\u0103 dis-de-diminea\u021b\u0103, \u00eenainte s\u0103 \u00eenceap\u0103 s\u0103 circule primele tr\u0103suri turistice \u0219i \u00eenainte s\u0103 se deschid\u0103 muzeele din jur. <strong>Te vei bucura de atmosfera uimitoare a ora\u0219ului gol<\/strong> \u0219i vei face fotografii excelente cu f\u00e2nt\u00e2na uria\u0219\u0103, f\u0103r\u0103 mul\u021bimi de oameni.<\/p>\n\n\n\n<figure data-wp-context=\"{&quot;imageId&quot;:&quot;6a9669798a60c&quot;}\" data-wp-interactive=\"core\/image\" data-wp-key=\"6a9669798a60c\" class=\"wp-block-image size-full wp-lightbox-container\"><img decoding=\"async\" width=\"1280\" height=\"846\" data-wp-class--hide=\"state.isContentHidden\" data-wp-class--show=\"state.isContentVisible\" data-wp-init=\"callbacks.setButtonStyles\" data-wp-on--click=\"actions.showLightbox\" data-wp-on--load=\"callbacks.setButtonStyles\" data-wp-on--pointerdown=\"actions.preloadImage\" data-wp-on--pointerenter=\"actions.preloadImageWithDelay\" data-wp-on--pointerleave=\"actions.cancelPreload\" data-wp-on-window--resize=\"callbacks.setButtonStyles\" src=\"https:\/\/loudavymkrokem.cz\/wp-content\/uploads\/2026\/07\/werfen-2.jpg\" alt=\"Castelul Hohenwerfen deasupra v\u0103ii, \u00een mun\u021bii de l\u00e2ng\u0103 Werfen\" class=\"wp-image-350791\" title=\"\" srcset=\"https:\/\/loudavymkrokem.cz\/wp-content\/uploads\/2026\/07\/werfen-2.jpg 1280w, https:\/\/loudavymkrokem.cz\/wp-content\/uploads\/2026\/07\/werfen-2-300x198.jpg 300w, https:\/\/loudavymkrokem.cz\/wp-content\/uploads\/2026\/07\/werfen-2-700x463.jpg 700w, https:\/\/loudavymkrokem.cz\/wp-content\/uploads\/2026\/07\/werfen-2-768x508.jpg 768w, https:\/\/loudavymkrokem.cz\/wp-content\/uploads\/2026\/07\/werfen-2-696x460.jpg 696w\" sizes=\"(max-width: 1280px) 100vw, 1280px\" \/><button\n\t\t\tclass=\"lightbox-trigger\"\n\t\t\ttype=\"button\"\n\t\t\taria-haspopup=\"dialog\"\n\t\t\tdata-wp-bind--aria-label=\"state.thisImage.triggerButtonAriaLabel\"\n\t\t\tdata-wp-init=\"callbacks.initTriggerButton\"\n\t\t\tdata-wp-on--click=\"actions.showLightbox\"\n\t\t\tdata-wp-style--right=\"state.thisImage.buttonRight\"\n\t\t\tdata-wp-style--top=\"state.thisImage.buttonTop\"\n\t\t>\n\t\t\t<svg xmlns=\"http:\/\/www.w3.org\/2000\/svg\" width=\"12\" height=\"12\" fill=\"none\" viewBox=\"0 0 12 12\">\n\t\t\t\t<path fill=\"#fff\" d=\"M2 0a2 2 0 0 0-2 2v2h1.5V2a.5.5 0 0 1 .5-.5h2V0H2Zm2 10.5H2a.5.5 0 0 1-.5-.5V8H0v2a2 2 0 0 0 2 2h2v-1.5ZM8 12v-1.5h2a.5.5 0 0 0 .5-.5V8H12v2a2 2 0 0 1-2 2H8Zm2-12a2 2 0 0 1 2 2v2h-1.5V2a.5.5 0 0 0-.5-.5H8V0h2Z\" \/>\n\t\t\t<\/svg>\n\t\t<\/button><figcaption class=\"wp-element-caption\">Foto: Diego Delso, CC BY-SA 4.0, Wikimedia Commons<\/figcaption><\/figure>\n\n\n\n<h3 class=\"wp-block-heading\"><span class=\"ez-toc-section\" id=\"11_Excursie_la_Werfen_si_pe_pajistile_montane\"><\/span>11. Excursie la Werfen \u0219i pe paji\u0219tile montane<span class=\"ez-toc-section-end\"><\/span><\/h3>\n\n\n\n<p class=\"wp-block-paragraph\">Dac\u0103 ai la dispozi\u021bie o ma\u0219in\u0103 \u0219i vrei s\u0103 tr\u0103ie\u0219ti adev\u0103rata atmosfer\u0103 de \u00eenalt\u0103 montan\u0103 din deschiderea filmului, trebuie s\u0103 porne\u0219ti spre sud. La vreo patruzeci de kilometri de Salzburg, l\u00e2ng\u0103 or\u0103\u0219elul Werfen, se afl\u0103 faimosul The Sound of Music Trail. Este exact zona \u00een care <strong>Maria c\u00e2nt\u0103 pe paji\u0219tea montan\u0103 c\u00e2ntecul-titlu al \u00eentregului musical<\/strong> \u0219i se rote\u0219te cu bra\u021bele \u00eentinse.<\/p>\n\n\n\n<p class=\"wp-block-paragraph\">Traseul te poart\u0103 pe la superbe puncte de belvedere spre valea alpin\u0103 \u0219i spre <strong>masivul castel Hohenwerfen, care se \u00eenal\u021b\u0103 pe o st\u00e2nc\u0103 \u00een mijlocul v\u0103ii<\/strong>. Paji\u0219tea propriu-zis\u0103, cu banca din film, este foarte bine marcat\u0103 \u0219i duce spre ea o potec\u0103 turistic\u0103 u\u0219oar\u0103. Este un loc absolut perfect pentru un picnic cu priveli\u0219te spre masivul Tennengebirge.<\/p>\n\n\n\n<p class=\"wp-block-paragraph\">Odat\u0103 ajuns la Werfen, nu rata nici vizita la <strong>cea mai mare pe\u0219ter\u0103 de ghea\u021b\u0103 din lume, Eisriesenwelt<\/strong>. Se afl\u0103 sus \u00een mun\u021bi \u0219i trebuie s\u0103 urci p\u00e2n\u0103 la ea cu telecabina \u0219i apoi s\u0103 mai mergi o bucat\u0103 pe jos, dar forma\u021biunile de ghea\u021b\u0103 din interior sunt incredibile.<\/p>\n\n\n\n<p class=\"wp-block-paragraph\">\ud83d\udca1 Sfat: \u00cembrac\u0103-te c\u0103lduros. Chiar dac\u0103 jos, \u00een Salzburg, e var\u0103 torid\u0103, <strong>\u00een interiorul pe\u0219terii de ghea\u021b\u0103 \u00eenghea\u021b\u0103 tot timpul anului<\/strong>, iar pe paji\u0219tile montane bate adesea un v\u00e2nt rece. \u00cenc\u0103l\u021b\u0103mintea solid\u0103 este o necesitate absolut\u0103 pentru aceast\u0103 excursie.<\/p>\n\n\n\n<figure data-wp-context=\"{&quot;imageId&quot;:&quot;6a9669798aa20&quot;}\" data-wp-interactive=\"core\/image\" data-wp-key=\"6a9669798aa20\" class=\"wp-block-image size-full wp-lightbox-container\"><img decoding=\"async\" width=\"640\" height=\"480\" data-wp-class--hide=\"state.isContentHidden\" data-wp-class--show=\"state.isContentVisible\" data-wp-init=\"callbacks.setButtonStyles\" data-wp-on--click=\"actions.showLightbox\" data-wp-on--load=\"callbacks.setButtonStyles\" data-wp-on--pointerdown=\"actions.preloadImage\" data-wp-on--pointerenter=\"actions.preloadImageWithDelay\" data-wp-on--pointerleave=\"actions.cancelPreload\" data-wp-on-window--resize=\"callbacks.setButtonStyles\" src=\"https:\/\/loudavymkrokem.cz\/wp-content\/uploads\/2026\/07\/frohnburg-0.jpg\" alt=\"Castelul Frohnburg printre copaci la marginea ora\u0219ului Salzburg\" class=\"wp-image-350825\" title=\"\" srcset=\"https:\/\/loudavymkrokem.cz\/wp-content\/uploads\/2026\/07\/frohnburg-0.jpg 640w, https:\/\/loudavymkrokem.cz\/wp-content\/uploads\/2026\/07\/frohnburg-0-300x225.jpg 300w, https:\/\/loudavymkrokem.cz\/wp-content\/uploads\/2026\/07\/frohnburg-0-80x60.jpg 80w, https:\/\/loudavymkrokem.cz\/wp-content\/uploads\/2026\/07\/frohnburg-0-160x120.jpg 160w\" sizes=\"(max-width: 640px) 100vw, 640px\" \/><button\n\t\t\tclass=\"lightbox-trigger\"\n\t\t\ttype=\"button\"\n\t\t\taria-haspopup=\"dialog\"\n\t\t\tdata-wp-bind--aria-label=\"state.thisImage.triggerButtonAriaLabel\"\n\t\t\tdata-wp-init=\"callbacks.initTriggerButton\"\n\t\t\tdata-wp-on--click=\"actions.showLightbox\"\n\t\t\tdata-wp-style--right=\"state.thisImage.buttonRight\"\n\t\t\tdata-wp-style--top=\"state.thisImage.buttonTop\"\n\t\t>\n\t\t\t<svg xmlns=\"http:\/\/www.w3.org\/2000\/svg\" width=\"12\" height=\"12\" fill=\"none\" viewBox=\"0 0 12 12\">\n\t\t\t\t<path fill=\"#fff\" d=\"M2 0a2 2 0 0 0-2 2v2h1.5V2a.5.5 0 0 1 .5-.5h2V0H2Zm2 10.5H2a.5.5 0 0 1-.5-.5V8H0v2a2 2 0 0 0 2 2h2v-1.5ZM8 12v-1.5h2a.5.5 0 0 0 .5-.5V8H12v2a2 2 0 0 1-2 2H8Zm2-12a2 2 0 0 1 2 2v2h-1.5V2a.5.5 0 0 0-.5-.5H8V0h2Z\" \/>\n\t\t\t<\/svg>\n\t\t<\/button><figcaption class=\"wp-element-caption\">Foto: Luckyprof (talk), CC BY-SA 3.0 at, Wikimedia Commons<\/figcaption><\/figure>\n\n\n\n<h2 class=\"wp-block-heading\"><span class=\"ez-toc-section\" id=\"Sunetul_muzicii_ce_e_adevarat_si_ce_e_Hollywood\"><\/span>Sunetul muzicii: ce e adev\u0103rat \u0219i ce e Hollywood<span class=\"ez-toc-section-end\"><\/span><\/h2>\n\n\n\n<p class=\"wp-block-paragraph\">C\u00e2nd \u00eencepi s\u0103 sapi dup\u0103 povestea real\u0103, \u00ee\u021bi dai seama c\u0103 cinea\u0219tii chiar s-au jucat serios cu realitatea. Cea mai mare iluzie este vila familiei von Trapp \u00een sine. A\u0219a cum am men\u021bionat deja la \u00eenceput, <strong>casa de pe ecran nu exist\u0103 \u00een realitate<\/strong>. Partea din fa\u021b\u0103, cu poarta de fier forjat, apar\u021bine castelului Frohnburg, terasa din spate cu lacul face parte din castelul Leopoldskron, iar toate interioarele spa\u021bioase, cu scara uria\u0219\u0103, le-au construit t\u00e2mplarii \u00een studiourile de la Hollywood.<\/p>\n\n\n\n<p class=\"wp-block-paragraph\">\u0218i mai interesant este cu faimoasa evadare. \u00cen film, familia trece dramatic peste mun\u021bii \u00eenz\u0103pezi\u021bi Untersberg spre Elve\u021bia, cu rucsacurile \u00een spate. Sun\u0103 grozav, dar are un mare c\u00e2rlig geografic. <strong>Drumul peste ace\u0219ti mun\u021bi anume i-ar fi dus direct \u00een Germania<\/strong>, la doar c\u00e2\u021biva kilometri de re\u0219edin\u021ba montan\u0103 a lui Hitler, Obersalzberg, din Berchtesgaden. Adev\u0103rata familie pur \u0219i simplu a \u00eencuiat u\u0219a casei din cartierul Aigen, a mers p\u00e2n\u0103 la apropiata gar\u0103 \u0219i a plecat lini\u0219tit\u0103 spre Italia, iar apoi spre America.<\/p>\n\n\n\n<p class=\"wp-block-paragraph\">Un alt exemplu de logistic\u0103 de film este faimosul pavilion de sticl\u0103. Acesta chiar a stat, \u00een timpul film\u0103rii, l\u00e2ng\u0103 lacul castelului Leopoldskron. Doar c\u0103 dup\u0103 premier\u0103 au \u00eenceput s\u0103 vin\u0103 la el mii de fani, iar proprietarii terenurilor nu au fost deloc \u00eenc\u00e2nta\u021bi de asta. <strong>De aceea ora\u0219ul a mutat pavilionul<\/strong> \u00een parcul public de l\u00e2ng\u0103 castelul Hellbrunn, unde st\u0103 p\u00e2n\u0103 ast\u0103zi, chiar dac\u0103 \u00eencuiat din motive de siguran\u021b\u0103 a turi\u0219tilor care \u00eencercau s\u0103 imite figurile de dans.<\/p>\n\n\n\n<p class=\"wp-block-paragraph\">Un paradox interesant este felul \u00een care percep filmul \u00een\u0219i\u0219i locuitorii ora\u0219ului. \u00cen timp ce spre Salzburg vin \u00een fiecare an sute de mii de americani \u0219i britanici doar din cauza acestui musical, <strong>majoritatea austriecilor de aici de fapt nu au v\u0103zut niciodat\u0103 filmul<\/strong>. Pentru ei, Salzburg r\u0103m\u00e2ne \u00een primul r\u00e2nd ora\u0219ul lui Mozart \u0219i al muzicii clasice. Abia \u00een ultimii ani ora\u0219ul \u0219i-a dat pe deplin seama de uria\u0219ul poten\u021bial turistic \u0219i a \u00eenceput s\u0103 promoveze \u0219i s\u0103 protejeze mai mult mo\u0219tenirea sa cinematografic\u0103.<\/p>\n\n\n\n<figure data-wp-context=\"{&quot;imageId&quot;:&quot;6a9669798aec7&quot;}\" data-wp-interactive=\"core\/image\" data-wp-key=\"6a9669798aec7\" class=\"wp-block-image size-full wp-lightbox-container\"><img decoding=\"async\" width=\"1280\" height=\"853\" data-wp-class--hide=\"state.isContentHidden\" data-wp-class--show=\"state.isContentVisible\" data-wp-init=\"callbacks.setButtonStyles\" data-wp-on--click=\"actions.showLightbox\" data-wp-on--load=\"callbacks.setButtonStyles\" data-wp-on--pointerdown=\"actions.preloadImage\" data-wp-on--pointerenter=\"actions.preloadImageWithDelay\" data-wp-on--pointerleave=\"actions.cancelPreload\" data-wp-on-window--resize=\"callbacks.setButtonStyles\" src=\"https:\/\/loudavymkrokem.cz\/wp-content\/uploads\/2024\/11\/ubytovani-salzburg.jpg\" alt=\"Cazare \u00een centrul istoric al ora\u0219ului Salzburg\" class=\"wp-image-90026\" title=\"\" srcset=\"https:\/\/loudavymkrokem.cz\/wp-content\/uploads\/2024\/11\/ubytovani-salzburg.jpg 1280w, https:\/\/loudavymkrokem.cz\/wp-content\/uploads\/2024\/11\/ubytovani-salzburg-300x200.jpg 300w, https:\/\/loudavymkrokem.cz\/wp-content\/uploads\/2024\/11\/ubytovani-salzburg-700x466.jpg 700w, https:\/\/loudavymkrokem.cz\/wp-content\/uploads\/2024\/11\/ubytovani-salzburg-768x512.jpg 768w, https:\/\/loudavymkrokem.cz\/wp-content\/uploads\/2024\/11\/ubytovani-salzburg-696x464.jpg 696w\" sizes=\"(max-width: 1280px) 100vw, 1280px\" \/><button\n\t\t\tclass=\"lightbox-trigger\"\n\t\t\ttype=\"button\"\n\t\t\taria-haspopup=\"dialog\"\n\t\t\tdata-wp-bind--aria-label=\"state.thisImage.triggerButtonAriaLabel\"\n\t\t\tdata-wp-init=\"callbacks.initTriggerButton\"\n\t\t\tdata-wp-on--click=\"actions.showLightbox\"\n\t\t\tdata-wp-style--right=\"state.thisImage.buttonRight\"\n\t\t\tdata-wp-style--top=\"state.thisImage.buttonTop\"\n\t\t>\n\t\t\t<svg xmlns=\"http:\/\/www.w3.org\/2000\/svg\" width=\"12\" height=\"12\" fill=\"none\" viewBox=\"0 0 12 12\">\n\t\t\t\t<path fill=\"#fff\" d=\"M2 0a2 2 0 0 0-2 2v2h1.5V2a.5.5 0 0 1 .5-.5h2V0H2Zm2 10.5H2a.5.5 0 0 1-.5-.5V8H0v2a2 2 0 0 0 2 2h2v-1.5ZM8 12v-1.5h2a.5.5 0 0 0 .5-.5V8H12v2a2 2 0 0 1-2 2H8Zm2-12a2 2 0 0 1 2 2v2h-1.5V2a.5.5 0 0 0-.5-.5H8V0h2Z\" \/>\n\t\t\t<\/svg>\n\t\t<\/button><\/figure>\n\n\n\n<h2 class=\"wp-block-heading\"><span class=\"ez-toc-section\" id=\"Unde_sa_te_cazezi\"><\/span>Unde s\u0103 te cazezi<span class=\"ez-toc-section-end\"><\/span><\/h2>\n\n\n\n<p class=\"wp-block-paragraph\">Cazarea \u00een Salzburg \u00ee\u021bi poate da serios b\u0103t\u0103i de cap bugetului, mai ales vara \u0219i de Advent. Dar dac\u0103 vrei s\u0103 profi\u021bi la maximum de vizit\u0103, merit\u0103 s\u0103 pl\u0103te\u0219ti pu\u021bin pentru pozi\u021bie, pentru c\u0103 mergi \u00eentr-adev\u0103r foarte mult pe jos. Ora\u0219ul Vechi ofer\u0103 cele mai frumoase hoteluri istorice, dar a\u0219teapt\u0103-te la pre\u021buri mai mari \u0219i la parcare limitat\u0103. Dac\u0103 e\u0219ti \u00een c\u0103utarea unor variante mai ieftine, uit\u0103-te \u00een cartierele din jurul g\u0103rii principale sau spre Gr\u0103dinile Mirabell. <strong>O experien\u021b\u0103 cu totul unic\u0103 este apoi \u00eennoptarea chiar \u00een loca\u021biile de film<\/strong>.<\/p>\n\n\n\n<p class=\"wp-block-paragraph\">Iat\u0103 o list\u0103 de hoteluri concrete \u0219i foarte bine evaluate, pe care \u021bi le pot recomanda pentru vizita ta:<\/p>\n\n\n\n<ul class=\"wp-block-list\">\n\n<li>  <strong>Schloss Leopoldskron:<\/strong> Po\u021bi dormi chiar \u00een castelul care a servit drept decor de film dinspre lac. Este o experien\u021b\u0103 de lux pentru cei mai preten\u021bio\u0219i, cu mic dejunuri uimitoare \u00een saloane decorate.<\/li>\n\n\n\n<li>  <strong>Villa Trapp:<\/strong> Acest hotel boutique se afl\u0103 \u00een lini\u0219titul cartier Aigen \u0219i \u00ee\u021bi permite s\u0103 \u00eennoptezi chiar \u00een camerele originale ale adev\u0103ratei familii von Trapp, inclusiv \u00een apartamentul Mariei.<\/li>\n\n\n\n<li>  <strong>Hotel Sacher Salzburg:<\/strong> Iconicul hotel de cinci stele se afl\u0103 chiar pe malul r\u00e2ului Salzach \u0219i, pe l\u00e2ng\u0103 serviciile de lux, este renumit pentru cafeneaua sa absolut des\u0103v\u00e2r\u0219it\u0103 \u0219i pentru priveli\u0219tile spre Ora\u0219ul Vechi.<\/li>\n\n\n\n<li>  <strong>Boutiquehotel Am Dom:<\/strong> Un hotel de design superb \u00eel g\u0103se\u0219ti chiar \u00een inima centrului istoric, l\u00e2ng\u0103 catedral\u0103. Este remarcabil prin amestecul sensibil de grinzi istorice \u0219i design italian modern.<\/li>\n\n\n\n<li>  <strong>Hotel Goldgasse:<\/strong> Un mic hotel boutique se ascunde pe uli\u021ba cu acela\u0219i nume. Fiecare camer\u0103 are un alt motiv, iar hotelul se remarc\u0103 mai ales prin grija des\u0103v\u00e2r\u0219it\u0103 pentru detalii \u0219i cur\u0103\u021benia impecabil\u0103.<\/li>\n\n\n\n<li>  <strong>IMLAUER Hotel Pitter:<\/strong> Un hotel modern mai mare se afl\u0103 la o scurt\u0103 plimbare de Gr\u0103dinile Mirabell. Te va cuceri mai ales prin barul de pe acoperi\u0219 uimitor \u0219i restaurantul cu priveli\u0219te panoramic\u0103 spre ora\u0219.<\/li>\n\n\n\n<li>  <strong>Motel One Salzburg-Mirabell:<\/strong> O alegere de \u00eencredere \u0219i mai accesibil\u0103 ca pre\u021b, la o scurt\u0103 plimbare de r\u00e2u. Ofer\u0103 camere moderne, de\u0219i mai mici, \u0219i func\u021bioneaz\u0103 excelent ca baz\u0103 pentru explorarea ora\u0219ului pe jos.<\/li>\n\n\n<\/ul>\n\n\n\n<p class=\"wp-block-paragraph\">Pentru a compara u\u0219or pre\u021burile actuale \u0219i disponibilitatea tuturor acestor hoteluri, <strong>\u00ee\u021bi recomand s\u0103 folose\u0219ti portalul <a class=\"thirstylink\" rel=\"nofollow\" target=\"_blank\" title=\"Booking.com\" href=\"https:\/\/loudavymkrokem.cz\/doporucujeme\/booking-com\/\" data-shortcode=\"true\">Booking.com<\/a><\/strong>, unde g\u0103se\u0219ti \u0219i recenzii detaliate de la oaspe\u021bii anteriori.<\/p>\n\n\n\n\n<figure data-wp-context=\"{&quot;imageId&quot;:&quot;6a9669798b494&quot;}\" data-wp-interactive=\"core\/image\" data-wp-key=\"6a9669798b494\" class=\"wp-block-image size-full wp-lightbox-container\"><img decoding=\"async\" width=\"1200\" height=\"800\" data-wp-class--hide=\"state.isContentHidden\" data-wp-class--show=\"state.isContentVisible\" data-wp-init=\"callbacks.setButtonStyles\" data-wp-on--click=\"actions.showLightbox\" data-wp-on--load=\"callbacks.setButtonStyles\" data-wp-on--pointerdown=\"actions.preloadImage\" data-wp-on--pointerenter=\"actions.preloadImageWithDelay\" data-wp-on--pointerleave=\"actions.cancelPreload\" data-wp-on-window--resize=\"callbacks.setButtonStyles\" src=\"https:\/\/loudavymkrokem.cz\/wp-content\/uploads\/2025\/05\/co-videt-v-salzburgu-72.jpg\" alt=\"Uli\u021bele Ora\u0219ului Vechi din Salzburg\" class=\"wp-image-96634\" title=\"\" srcset=\"https:\/\/loudavymkrokem.cz\/wp-content\/uploads\/2025\/05\/co-videt-v-salzburgu-72.jpg 1200w, https:\/\/loudavymkrokem.cz\/wp-content\/uploads\/2025\/05\/co-videt-v-salzburgu-72-300x200.jpg 300w, https:\/\/loudavymkrokem.cz\/wp-content\/uploads\/2025\/05\/co-videt-v-salzburgu-72-700x467.jpg 700w, https:\/\/loudavymkrokem.cz\/wp-content\/uploads\/2025\/05\/co-videt-v-salzburgu-72-768x512.jpg 768w, https:\/\/loudavymkrokem.cz\/wp-content\/uploads\/2025\/05\/co-videt-v-salzburgu-72-696x464.jpg 696w\" sizes=\"(max-width: 1200px) 100vw, 1200px\" \/><button\n\t\t\tclass=\"lightbox-trigger\"\n\t\t\ttype=\"button\"\n\t\t\taria-haspopup=\"dialog\"\n\t\t\tdata-wp-bind--aria-label=\"state.thisImage.triggerButtonAriaLabel\"\n\t\t\tdata-wp-init=\"callbacks.initTriggerButton\"\n\t\t\tdata-wp-on--click=\"actions.showLightbox\"\n\t\t\tdata-wp-style--right=\"state.thisImage.buttonRight\"\n\t\t\tdata-wp-style--top=\"state.thisImage.buttonTop\"\n\t\t>\n\t\t\t<svg xmlns=\"http:\/\/www.w3.org\/2000\/svg\" width=\"12\" height=\"12\" fill=\"none\" viewBox=\"0 0 12 12\">\n\t\t\t\t<path fill=\"#fff\" d=\"M2 0a2 2 0 0 0-2 2v2h1.5V2a.5.5 0 0 1 .5-.5h2V0H2Zm2 10.5H2a.5.5 0 0 1-.5-.5V8H0v2a2 2 0 0 0 2 2h2v-1.5ZM8 12v-1.5h2a.5.5 0 0 0 .5-.5V8H12v2a2 2 0 0 1-2 2H8Zm2-12a2 2 0 0 1 2 2v2h-1.5V2a.5.5 0 0 0-.5-.5H8V0h2Z\" \/>\n\t\t\t<\/svg>\n\t\t<\/button><\/figure>\n\n\n\n<h2 class=\"wp-block-heading\"><span class=\"ez-toc-section\" id=\"Unde_sa_mananci\"><\/span>Unde s\u0103 m\u0103n\u00e2nci<span class=\"ez-toc-section-end\"><\/span><\/h2>\n\n\n\n<p class=\"wp-block-paragraph\">Avertisment pentru to\u021bi cei care sosesc \u00een haine lejere: buc\u0103t\u0103ria austriac\u0103 nu se sfie\u0219te la por\u021bii. <strong>K\u00e4sesp\u00e4tzle<\/strong> (uimitor de filante sp\u00e4tzle cu br\u00e2nz\u0103, pres\u0103rate cu ceap\u0103 c\u0103lit\u0103) sunt exact at\u00e2t de br\u00e2nzoase \u0219i de consistente pe c\u00e2t sugereaz\u0103 numele \u0219i te satur\u0103 f\u0103r\u0103 gre\u0219 pentru toat\u0103 ziua. Iar \u00een ceea ce prive\u0219te desertul, legendarele <strong>Salzburger Nockerl<\/strong> sunt at\u00e2t de mari \u00eenc\u00e2t te sperie u\u0219or \u00eenc\u0103 \u00eenainte de prima \u00eembuc\u0103tur\u0103 (\u00een plus, se coc \u00een forma a trei v\u00e2rfuri alpine). Excelent este \u0219i tradi\u021bionalul Kaiserschmarrn, o cl\u0103tit\u0103 rupt\u0103 \u00een buc\u0103\u021bi cu piure de mere, sau clasicul \u0219trudel cu mere.<\/p>\n\n\n\n<p class=\"wp-block-paragraph\">Iubitorii de carne caut\u0103 apoi de obicei \u00een restaurantele locale uria\u0219ul <strong>\u0219ni\u021bel vienez (Wiener Schnitzel) cu salat\u0103 de cartofi<\/strong> sau tradi\u021bionalul festin \u021b\u0103r\u0103nesc Bauernschmaus, adic\u0103 o farfurie plin\u0103 cu diverse c\u0103rnuri fripte \u0219i afumate, cu varz\u0103 \u0219i g\u0103lu\u0219te. Toate aceste specialit\u0103\u021bi locale le ofer\u0103 renumitul restaurant <strong>B\u00e4renwirt<\/strong>, care este una dintre cele mai vechi c\u00e2rciumi din ora\u0219 \u0219i g\u0103te\u0219te aici incredibil de autentic.<\/p>\n\n\n\n<p class=\"wp-block-paragraph\">Dac\u0103 e\u0219ti \u00een c\u0103utarea unei experien\u021be deosebite, \u00eencearc\u0103 s\u0103 rezervi o mas\u0103 la <strong>St. Peter Stiftskulinarium<\/strong>. Se spune c\u0103 este cel mai vechi restaurant func\u021bional din Europa, are sediul chiar \u00een pivni\u021be s\u0103pate \u00een st\u00e2nc\u0103, iar atmosfera lui str\u0103veche are un farmec cu adev\u0103rat uria\u0219. Pentru cafeaua de dup\u0103-amiaz\u0103 \u0219i celebrul tort trebuie apoi s\u0103 te \u00eendrep\u021bi spre istorica cafenea <strong>Cafe Tomaselli<\/strong> din pia\u021ba Alter Markt, unde venea la o cafea \u00eensu\u0219i Mozart. Pentru o cin\u0103 clasic\u0103 cu o bere local\u0103 excelent\u0103 \u0219i o atmosfer\u0103 grozav\u0103, \u00ee\u021bi recomand marele complex <strong>Sternbr\u00e4u<\/strong>, care ofer\u0103 o gam\u0103 uria\u0219\u0103 de feluri de m\u00e2ncare \u0219i o gr\u0103din\u0103 pl\u0103cut\u0103 la exterior.<\/p>\n\n\n\n<h2 class=\"wp-block-heading\"><span class=\"ez-toc-section\" id=\"Ghid_rapid_locatiile_de_film_din_Salzburg_si_imprejurimi\"><\/span>Ghid rapid: loca\u021biile de film din Salzburg \u0219i \u00eemprejurimi<span class=\"ez-toc-section-end\"><\/span><\/h2>\n\n\n\n<p class=\"wp-block-paragraph\">Ca s\u0103 te orientezi mai bine \u00een toate aceste locuri, \u021bi-am preg\u0103tit un tabel clar cu loca\u021biile de film cheie.<\/p>\n\n\n\n<figure class=\"wp-block-table\"><table><thead><tr><th>Scen\u0103 sau c\u00e2ntec<\/th><th>Locul real<\/th><th>Unde se afl\u0103<\/th><th>Accesibilitate<\/th><\/tr><\/thead>\n<tbody><tr><td>C\u00e2ntecul Do-Re-Mi (final)<\/td><td>Gr\u0103dinile Mirabell<\/td><td>Centru, l\u00e2ng\u0103 r\u00e2u<\/td><td>Gratuit, acces public<\/td><\/tr>\n<tr><td>Maria p\u0103r\u0103se\u0219te m\u0103n\u0103stirea<\/td><td>M\u0103n\u0103stirea Nonnberg<\/td><td>Pe st\u00e2nc\u0103 deasupra Ora\u0219ului Vechi<\/td><td>Curtea \u0219i capela gratuit, restul \u00eenchis<\/td><\/tr>\n<tr><td>Sixteen Going on Seventeen<\/td><td>Pavilionul de sticl\u0103<\/td><td>Parcul castelului Hellbrunn<\/td><td>Parc gratuit, pavilion \u00eencuiat<\/td><\/tr>\n<tr><td>Copiii cad din barc\u0103<\/td><td>Schloss Leopoldskron<\/td><td>Marginea de sud a ora\u0219ului Salzburg<\/td><td>Accesibil doar oaspe\u021bilor hotelului<\/td><\/tr>\n<tr><td>Sosirea la vil\u0103 (poarta)<\/td><td>Schloss Frohnburg<\/td><td>L\u00e2ng\u0103 Hellbrunner Allee<\/td><td>Inaccesibil (universitatea de muzic\u0103)<\/td><\/tr>\n<tr><td>Ascunz\u0103toarea \u00eenainte de evadare<\/td><td>Felsenreitschule<\/td><td>Centrul ora\u0219ului<\/td><td>Tururi ghidate cu ghid<\/td><\/tr>\n<tr><td>C\u00e2ntecul I Have Confidence<\/td><td>Residenzplatz \u0219i f\u00e2nt\u00e2na<\/td><td>Inima Ora\u0219ului Vechi<\/td><td>Gratuit, acces public<\/td><\/tr>\n<tr><td>Ceremonia de nunt\u0103<\/td><td>Bazilica Sf. Mihail<\/td><td>Or\u0103\u0219elul Mondsee (30 km)<\/td><td>Gratuit, acces public<\/td><\/tr>\n<tr><td>C\u00e2ntecul de deschidere de pe paji\u0219te<\/td><td>The Sound of Music Trail<\/td><td>Or\u0103\u0219elul Werfen (40 km)<\/td><td>Gratuit pe traseul turistic<\/td><\/tr>\n<\/tbody><\/table><\/figure>\n\n\n\n<h2 class=\"wp-block-heading\"><span class=\"ez-toc-section\" id=\"Incotro_mai_departe\"><\/span>\u00cencotro mai departe<span class=\"ez-toc-section-end\"><\/span><\/h2>\n\n\n\n<p class=\"wp-block-paragraph\">Dac\u0103 te-au fermecat peisajele austriece, cu siguran\u021b\u0103 nu trebuie s\u0103 r\u0103m\u00e2i doar \u00een Salzburg. \u00centreaga regiune Salzkammergut, pentru care Salzburg formeaz\u0103 o poart\u0103 de intrare simbolic\u0103, ofer\u0103 un num\u0103r nesf\u00e2r\u0219it de excursii superbe. <a href=\"https:\/\/loudavymkrokem.cz\/ro\/lacuri-austria-vacanta\/\">Lacurile din Austria<\/a>, cristaline, se afl\u0103 la doar c\u00e2teva zeci de minute de mers cu ma\u0219ina \u0219i ofer\u0103 o r\u0103corire de var\u0103 perfect\u0103, dar \u0219i panorame montane care \u00ee\u021bi taie respira\u021bia.<\/p>\n\n\n\n<p class=\"wp-block-paragraph\">Dac\u0103 \u00ee\u021bi planifici o vacan\u021b\u0103 mai lung\u0103 \u0219i vrei s\u0103 cuno\u0219ti cu adev\u0103rat \u021bara \u00een profunzime, arunc\u0103 o privire la detaliatul nostru <a href=\"https:\/\/loudavymkrokem.cz\/ro\/roadtrip-austria-itinerariu-14-zile\/\">roadtrip prin Austria: itinerar pentru 14 zile<\/a>, care te poart\u0103 de la Viena, peste Alpi, p\u00e2n\u0103 la cele mai frumoase pasuri montane. Austria este pur \u0219i simplu o \u021bar\u0103 care ofer\u0103 mult mai mult dec\u00e2t cred majoritatea oamenilor \u00eenainte de plecare.<\/p>\n\n\n\n\n<p class=\"wp-block-paragraph\">Acest articol se concentreaz\u0103 pe loca\u021biile de film. Dac\u0103 e\u0219ti \u00een c\u0103utarea unui ghid clasic al ora\u0219ului, cu fort\u0103rea\u021ba, casa natal\u0103 a lui Mozart, catedrala \u0219i sfaturi pentru excursii \u00een \u00eemprejurimi, arunc\u0103 o privire la <a href=\"https:\/\/loudavymkrokem.cz\/ro\/salzburg-austria-ce-sa-vezi\/\">Salzburg: 23 de idei ce s\u0103 vezi<\/a>.<\/p>\n\n\n\n<h2 class=\"wp-block-heading\"><span class=\"ez-toc-section\" id=\"Intrebari_frecvente\"><\/span>\u00centreb\u0103ri frecvente<span class=\"ez-toc-section-end\"><\/span><\/h2>\n\n\n\n<p class=\"wp-block-paragraph\">La planificarea unei astfel de excursii apar mereu o mul\u021bime de \u00eentreb\u0103ri practice. De aceea \u021bi-am preg\u0103tit r\u0103spunsuri rapide la cele mai frecvente \u00eentreb\u0103ri, fie c\u0103 e vorba de intrarea la obiective, fie de deplasarea prin \u00eemprejurimi.<\/p>\n\n\n<div id=\"rank-math-faq\" class=\"rank-math-block\">\n<div class=\"rank-math-list \">\n<div id=\"faq-question-1785261183000\" class=\"rank-math-list-item\">\n<h3 class=\"rank-math-question \"><span class=\"ez-toc-section\" id=\"Pot_intra_inauntrul_celebrului_foisor_din_film\"><\/span>Pot intra \u00een\u0103untrul celebrului foi\u0219or din film?<span class=\"ez-toc-section-end\"><\/span><\/h3>\n<div class=\"rank-math-answer \">\n\n<p>Din p\u0103cate, nu mai este posibil. Din motive de siguran\u021b\u0103, ora\u0219ul a \u00eencuiat permanent foi\u0219orul, deoarece o turist\u0103 s-a r\u0103nit \u00eencerc\u00e2nd s\u0103 reproduc\u0103 pa\u0219ii de dans din film. Totu\u0219i, \u00eel po\u021bi admira \u0219i fotografia de aproape \u00een parcul de l\u00e2ng\u0103 castelul Hellbrunn.<\/p>\n\n<\/div>\n<\/div>\n<div id=\"faq-question-1785261183001\" class=\"rank-math-list-item\">\n<h3 class=\"rank-math-question \"><span class=\"ez-toc-section\" id=\"Unde_se_afla_adevarata_vila_a_familiei_von_Trapp\"><\/span>Unde se afla adev\u0103rata vil\u0103 a familiei von Trapp?<span class=\"ez-toc-section-end\"><\/span><\/h3>\n<div class=\"rank-math-answer \">\n\n<p>Adev\u0103rata Villa Trapp se afl\u0103 \u00een cartierul Aigen (Traunstra\u00dfe 34). Ast\u0103zi func\u021bioneaz\u0103 ca un superb boutique hotel, unde \u00ee\u021bi po\u021bi rezerva o \u0219edere \u0219i dormi direct \u00een camerele originale ale familiei, inclusiv \u00een apartamentul Mariei.<\/p>\n\n<\/div>\n<\/div>\n<div id=\"faq-question-1785261183002\" class=\"rank-math-list-item\">\n<h3 class=\"rank-math-question \"><span class=\"ez-toc-section\" id=\"Cat_costa_un_tur_organizat_Sound_of_Music\"><\/span>C\u00e2t cost\u0103 un tur organizat Sound of Music?<span class=\"ez-toc-section-end\"><\/span><\/h3>\n<div class=\"rank-math-answer \">\n\n<p>Turul clasic cu autocarul, care te duce prin principalele loca\u021bii din Salzburg \u0219i \u00een zona lacurilor, dureaz\u0103 aproximativ patru ore. Pre\u021bul porne\u0219te de la 87 de dolari americani, adic\u0103 echivalentul a aproximativ 400 de lei per persoan\u0103.<\/p>\n\n<\/div>\n<\/div>\n<div id=\"faq-question-1785261183003\" class=\"rank-math-list-item\">\n<h3 class=\"rank-math-question \"><span class=\"ez-toc-section\" id=\"Am_nevoie_de_rovinieta_pentru_Austria\"><\/span>Am nevoie de rovinieta pentru Austria?<span class=\"ez-toc-section-end\"><\/span><\/h3>\n<div class=\"rank-math-answer \">\n\n<p>Da, rovinieta austriac\u0103 este absolut obligatorie pentru circula\u021bia pe autostr\u0103zi. Dac\u0103 pl\u0103nuie\u0219ti s\u0103 mergi din Rom\u00e2nia prin Ungaria \u0219i apoi spre Austria, nu uita s\u0103 o cumperi, ideal \u00een avans online, de pe site-ul oficial ASFINAG.<\/p>\n\n<\/div>\n<\/div>\n<div id=\"faq-question-1785261183004\" class=\"rank-math-list-item\">\n<h3 class=\"rank-math-question \"><span class=\"ez-toc-section\" id=\"Este_manastirea_Nonnberg_o_atractie_turistica_obisnuita\"><\/span>Este m\u0103n\u0103stirea Nonnberg o atrac\u021bie turistic\u0103 obi\u0219nuit\u0103?<span class=\"ez-toc-section-end\"><\/span><\/h3>\n<div class=\"rank-math-answer \">\n\n<p>Nu, este \u00eenc\u0103 o locuin\u021b\u0103 func\u021bional\u0103 a c\u0103lug\u0103ri\u021belor benedictine. Doar curtea exterioar\u0103 pitoreasc\u0103 \u0219i capela istoric\u0103 sunt accesibile liber. La vizit\u0103 se cere \u00een mod strict comportament t\u0103cut \u0219i \u00eembr\u0103c\u0103minte adecvat\u0103 care acoper\u0103 umerii.<\/p>\n\n<\/div>\n<\/div>\n<div id=\"faq-question-1785261183005\" class=\"rank-math-list-item\">\n<h3 class=\"rank-math-question \"><span class=\"ez-toc-section\" id=\"Pot_vizita_castelul_Leopoldskron\"><\/span>Pot vizita castelul Leopoldskron?<span class=\"ez-toc-section-end\"><\/span><\/h3>\n<div class=\"rank-math-answer \">\n\n<p>Pentru publicul larg, castelul \u0219i gr\u0103dina sa sunt \u00eenchise. \u00cen interior func\u021bioneaz\u0103 un hotel de luxe privat \u0219i un centru de conferin\u021be. Pentru a intra \u0219i a vedea celebra teras\u0103 de l\u00e2ng\u0103 lac, trebuie s\u0103 \u00ee\u021bi rezervi cazare aici sau s\u0103 participi la un eveniment cu plat\u0103.<\/p>\n\n<\/div>\n<\/div>\n<div id=\"faq-question-1785261183006\" class=\"rank-math-list-item\">\n<h3 class=\"rank-math-question \"><span class=\"ez-toc-section\" id=\"Unde_a_fugit_familia_in_realitate\"><\/span>Unde a fugit familia \u00een realitate?<span class=\"ez-toc-section-end\"><\/span><\/h3>\n<div class=\"rank-math-answer \">\n\n<p>Spre deosebire de film, nu au fugit dramatic pe jos peste mun\u021bii \u00eenal\u021bi, pentru c\u0103 asta i-ar fi dus direct \u00een Germania nazist\u0103. Familia real\u0103 pur \u0219i simplu a \u00eencuiat casa, a mers p\u00e2n\u0103 la sta\u021bia Aigen \u0219i a luat trenul spre Italia.<\/p>\n\n<\/div>\n<\/div>\n<div id=\"faq-question-1785261183007\" class=\"rank-math-list-item\">\n<h3 class=\"rank-math-question \"><span class=\"ez-toc-section\" id=\"Care_este_cel_mai_bun_moment_pentru_a_vizita_Salzburg\"><\/span>Care este cel mai bun moment pentru a vizita Salzburg?<span class=\"ez-toc-section-end\"><\/span><\/h3>\n<div class=\"rank-math-answer \">\n\n<p>Pentru a vizita loca\u021biile din film \u0219i gr\u0103dinile, perioada ideal\u0103 este de la mai p\u00e2n\u0103 \u00een septembrie. Foarte popular\u0103 este \u0219i perioada Adventului datorit\u0103 t\u00e2rgurilor frumoase. Evit\u0103 \u00eens\u0103 iulie \u0219i august, c\u00e2nd ora\u0219ul g\u0103zduie\u0219te un festival uria\u0219 \u0219i pre\u021burile la cazare sunt extrem de ridicate.<\/p>\n\n<\/div>\n<\/div>\n<\/div>\n<\/div>","protected":false},"excerpt":{"rendered":"<p>Porne\u0219te cu noi la Salzburg, Austria pe urmele musicalului Sunetul muzicii \u0219i descoper\u0103 locurile unde se termin\u0103 iluzia de film \u0219i \u00eencepe realitatea fascinant\u0103.<\/p>\n","protected":false},"author":3,"featured_media":350851,"comment_status":"open","ping_status":"open","sticky":false,"template":"","format":"standard","meta":{"_acf_changed":false,"footnotes":"","rank_math_title":"Salzburg, Austria: 11 loca\u021bii de film din Sunetul muzicii","rank_math_description":"Descoper\u0103 \u00een Salzburg, Austria cele 11 loca\u021bii de film din Sunetul muzicii: gr\u0103dini, castele \u0219i adev\u0103rata Villa Trapp. Vezi ghidul complet \u0219i planific\u0103-\u021bi vizita!","rank_math_focus_keyword":"salzburg austria","rank_math_seo_score":""},"categories":[2073,2015,2021],"tags":[],"class_list":["post-409605","post","type-post","status-publish","format-standard","has-post-thumbnail","category-austria","category-calatorii","category-europa"],"acf":[],"featured_image_src":"https:\/\/loudavymkrokem.cz\/wp-content\/uploads\/2026\/07\/pevnost-1.jpg","author_info":{"display_name":"Lucie Kone\u010dn\u00e1","author_link":"https:\/\/loudavymkrokem.cz\/ro\/author\/lucie-konecna\/"},"_links":{"self":[{"href":"https:\/\/loudavymkrokem.cz\/ro\/wp-json\/wp\/v2\/posts\/409605","targetHints":{"allow":["GET"]}}],"collection":[{"href":"https:\/\/loudavymkrokem.cz\/ro\/wp-json\/wp\/v2\/posts"}],"about":[{"href":"https:\/\/loudavymkrokem.cz\/ro\/wp-json\/wp\/v2\/types\/post"}],"author":[{"embeddable":true,"href":"https:\/\/loudavymkrokem.cz\/ro\/wp-json\/wp\/v2\/users\/3"}],"replies":[{"embeddable":true,"href":"https:\/\/loudavymkrokem.cz\/ro\/wp-json\/wp\/v2\/comments?post=409605"}],"version-history":[{"count":0,"href":"https:\/\/loudavymkrokem.cz\/ro\/wp-json\/wp\/v2\/posts\/409605\/revisions"}],"wp:featuredmedia":[{"embeddable":true,"href":"https:\/\/loudavymkrokem.cz\/ro\/wp-json\/wp\/v2\/media\/350851"}],"wp:attachment":[{"href":"https:\/\/loudavymkrokem.cz\/ro\/wp-json\/wp\/v2\/media?parent=409605"}],"wp:term":[{"taxonomy":"category","embeddable":true,"href":"https:\/\/loudavymkrokem.cz\/ro\/wp-json\/wp\/v2\/categories?post=409605"},{"taxonomy":"post_tag","embeddable":true,"href":"https:\/\/loudavymkrokem.cz\/ro\/wp-json\/wp\/v2\/tags?post=409605"}],"curies":[{"name":"wp","href":"https:\/\/api.w.org\/{rel}","templated":true}]}}