{"id":409593,"date":"2026-08-30T09:00:18","date_gmt":"2026-08-30T07:00:18","guid":{"rendered":"https:\/\/loudavymkrokem.cz\/bonigen-lacul-brienz\/"},"modified":"2026-08-31T10:43:37","modified_gmt":"2026-08-31T08:43:37","slug":"bonigen-lacul-brienz","status":"publish","type":"post","link":"https:\/\/loudavymkrokem.cz\/ro\/bonigen-lacul-brienz\/","title":{"rendered":"B\u00f6nigen: 24 de idei ce s\u0103 faci la Lacul Brienz 2026"},"content":{"rendered":"\n<p class=\"wp-block-paragraph\">Bernese Oberland din Elve\u021bia poate fi s\u0103lbatic \u0219i plin de turi\u0219ti, dar e suficient s\u0103 te mu\u021bi pu\u021bin mai departe \u0219i te treze\u0219ti \u00eentr-o adev\u0103rat\u0103 oaz\u0103 de lini\u0219te. Exact a\u0219a este <strong>B\u00f6nigen<\/strong> (se cite\u0219te b\u00e9ningen), un s\u0103tuc superb a\u0219ezat chiar pe malul unui lac glaciar. \u00cen timp ce Interlaken, vecinul s\u0103u, crap\u0103 la cus\u0103turi, aici timpul s-a oprit \u00eentre <strong>casele de lemn bogat sculptate<\/strong> \u0219i natura care \u00ee\u021bi taie respira\u021bia. \u263a\ufe0f<\/p>\n\n\n\n<p class=\"wp-block-paragraph\">Apa are o culoare absolut <strong>incredibil\u0103, verde-smarald spre turcoaz<\/strong>, iar piscurile mun\u021bilor se oglindesc \u00een ea ca \u00eentr-o oglind\u0103 perfect\u0103. Tocmai <strong>Lacul Brienz<\/strong> este atrac\u021bia principal\u0103 a \u00eentregii regiuni \u0219i ofer\u0103 posibilit\u0103\u021bi nesf\u00e2r\u0219ite <strong>de ce s\u0103 faci<\/strong> din prim\u0103var\u0103 p\u00e2n\u0103 toamna t\u00e2rziu. Po\u021bi s\u0103ri pe un vapor istoric cu zbaturi, po\u021bi \u00eenchiria un caiac sau pur \u0219i simplu te po\u021bi lenevi pe plaj\u0103.<\/p>\n\n\n\n<p class=\"wp-block-paragraph\">Ca s\u0103-\u021bi planifici vacan\u021ba c\u00e2t mai bine, am preg\u0103tit pentru tine un ghid detaliat. \u00cen articol vei g\u0103si <strong>24 de idei despre ce s\u0103 vezi \u0219i s\u0103 faci, unde s\u0103 stai, ce trasee s\u0103 parcurgi, unde s\u0103 urci cu telecabina \u0219i ce s\u0103 faci cu copiii<\/strong>. Elve\u021bia este o dragoste pe via\u021b\u0103 \u0219i pariez c\u0103, dup\u0103 vizitarea acestei regiuni, \u00een fiecare var\u0103 te vei g\u00e2ndi cum s\u0103 ajungi din nou aici. \u263a\ufe0f<\/p>\n\n\n\n<figure data-wp-context=\"{&quot;imageId&quot;:&quot;6a95535ca1ce7&quot;}\" data-wp-interactive=\"core\/image\" data-wp-key=\"6a95535ca1ce7\" class=\"wp-block-image size-full wp-lightbox-container\"><img decoding=\"async\" width=\"1800\" height=\"1012\" data-wp-class--hide=\"state.isContentHidden\" data-wp-class--show=\"state.isContentVisible\" data-wp-init=\"callbacks.setButtonStyles\" data-wp-on--click=\"actions.showLightbox\" data-wp-on--load=\"callbacks.setButtonStyles\" data-wp-on--pointerdown=\"actions.preloadImage\" data-wp-on--pointerenter=\"actions.preloadImageWithDelay\" data-wp-on--pointerleave=\"actions.cancelPreload\" data-wp-on-window--resize=\"callbacks.setButtonStyles\" src=\"https:\/\/loudavymkrokem.cz\/wp-content\/uploads\/2026\/08\/articles-bonigen-01.jpg\" alt=\"B\u00f6nigen \u0219i Lacul Brienz v\u0103zute de sus\" class=\"wp-image-404460\" title=\"\" srcset=\"https:\/\/loudavymkrokem.cz\/wp-content\/uploads\/2026\/08\/articles-bonigen-01.jpg 1800w, https:\/\/loudavymkrokem.cz\/wp-content\/uploads\/2026\/08\/articles-bonigen-01-300x169.jpg 300w, https:\/\/loudavymkrokem.cz\/wp-content\/uploads\/2026\/08\/articles-bonigen-01-700x394.jpg 700w, https:\/\/loudavymkrokem.cz\/wp-content\/uploads\/2026\/08\/articles-bonigen-01-768x432.jpg 768w, https:\/\/loudavymkrokem.cz\/wp-content\/uploads\/2026\/08\/articles-bonigen-01-1536x864.jpg 1536w, https:\/\/loudavymkrokem.cz\/wp-content\/uploads\/2026\/08\/articles-bonigen-01-696x391.jpg 696w, https:\/\/loudavymkrokem.cz\/wp-content\/uploads\/2026\/08\/articles-bonigen-01-1392x783.jpg 1392w\" sizes=\"(max-width: 1800px) 100vw, 1800px\" \/><button\n\t\t\tclass=\"lightbox-trigger\"\n\t\t\ttype=\"button\"\n\t\t\taria-haspopup=\"dialog\"\n\t\t\tdata-wp-bind--aria-label=\"state.thisImage.triggerButtonAriaLabel\"\n\t\t\tdata-wp-init=\"callbacks.initTriggerButton\"\n\t\t\tdata-wp-on--click=\"actions.showLightbox\"\n\t\t\tdata-wp-style--right=\"state.thisImage.buttonRight\"\n\t\t\tdata-wp-style--top=\"state.thisImage.buttonTop\"\n\t\t>\n\t\t\t<svg xmlns=\"http:\/\/www.w3.org\/2000\/svg\" width=\"12\" height=\"12\" fill=\"none\" viewBox=\"0 0 12 12\">\n\t\t\t\t<path fill=\"#fff\" d=\"M2 0a2 2 0 0 0-2 2v2h1.5V2a.5.5 0 0 1 .5-.5h2V0H2Zm2 10.5H2a.5.5 0 0 1-.5-.5V8H0v2a2 2 0 0 0 2 2h2v-1.5ZM8 12v-1.5h2a.5.5 0 0 0 .5-.5V8H12v2a2 2 0 0 1-2 2H8Zm2-12a2 2 0 0 1 2 2v2h-1.5V2a.5.5 0 0 0-.5-.5H8V0h2Z\" \/>\n\t\t\t<\/svg>\n\t\t<\/button><figcaption class=\"wp-element-caption\">Foto: Christian David \/ Wikimedia Commons, CC BY-SA 4.0<\/figcaption><\/figure>\n\n\n\n<div id=\"ez-toc-container\" class=\"ez-toc-v2_0_86 ez-toc-wrap-left counter-hierarchy ez-toc-counter ez-toc-grey ez-toc-container-direction\">\n<div class=\"ez-toc-title-container\">\n<p class=\"ez-toc-title\" style=\"cursor:inherit\">Cuprinsul articolului<\/p>\n<span class=\"ez-toc-title-toggle\"><a href=\"#\" class=\"ez-toc-pull-right ez-toc-btn ez-toc-btn-xs ez-toc-btn-default ez-toc-toggle\" aria-label=\"Toggle Table of Content\"><span class=\"ez-toc-js-icon-con\"><span class=\"\"><span class=\"eztoc-hide\" style=\"display:none;\">Toggle<\/span><span class=\"ez-toc-icon-toggle-span\"><svg style=\"fill: #999;color:#999\" xmlns=\"http:\/\/www.w3.org\/2000\/svg\" class=\"list-377408\" width=\"20px\" height=\"20px\" viewBox=\"0 0 24 24\" fill=\"none\"><path d=\"M6 6H4v2h2V6zm14 0H8v2h12V6zM4 11h2v2H4v-2zm16 0H8v2h12v-2zM4 16h2v2H4v-2zm16 0H8v2h12v-2z\" fill=\"currentColor\"><\/path><\/svg><svg style=\"fill: #999;color:#999\" class=\"arrow-unsorted-368013\" xmlns=\"http:\/\/www.w3.org\/2000\/svg\" width=\"10px\" height=\"10px\" viewBox=\"0 0 24 24\" version=\"1.2\" baseProfile=\"tiny\"><path d=\"M18.2 9.3l-6.2-6.3-6.2 6.3c-.2.2-.3.4-.3.7s.1.5.3.7c.2.2.4.3.7.3h11c.3 0 .5-.1.7-.3.2-.2.3-.5.3-.7s-.1-.5-.3-.7zM5.8 14.7l6.2 6.3 6.2-6.3c.2-.2.3-.5.3-.7s-.1-.5-.3-.7c-.2-.2-.4-.3-.7-.3h-11c-.3 0-.5.1-.7.3-.2.2-.3.5-.3.7s.1.5.3.7z\"\/><\/svg><\/span><\/span><\/span><\/a><\/span><\/div>\n<nav><ul class='ez-toc-list ez-toc-list-level-1 ' ><ul class='ez-toc-list-level-3' ><li class='ez-toc-heading-level-3'><a class=\"ez-toc-link ez-toc-heading-1\" href=\"https:\/\/loudavymkrokem.cz\/ro\/bonigen-lacul-brienz\/#Rezumat_pentru_cei_care_nu_au_timp_sa_citeasca_tot_articolul\" >Rezumat pentru cei care nu au timp s\u0103 citeasc\u0103 tot articolul<\/a><\/li><\/ul><\/li><li class='ez-toc-page-1 ez-toc-heading-level-2'><a class=\"ez-toc-link ez-toc-heading-2\" href=\"https:\/\/loudavymkrokem.cz\/ro\/bonigen-lacul-brienz\/#Cand_sa_mergi_in_Bonigen_si_cum_ajungi_aici\" >C\u00e2nd s\u0103 mergi \u00een B\u00f6nigen \u0219i cum ajungi aici<\/a><\/li><li class='ez-toc-page-1 ez-toc-heading-level-2'><a class=\"ez-toc-link ez-toc-heading-3\" href=\"https:\/\/loudavymkrokem.cz\/ro\/bonigen-lacul-brienz\/#Unde_sa_te_cazezi_in_Bonigen_si_cat_costa\" >Unde s\u0103 te cazezi \u00een B\u00f6nigen \u0219i c\u00e2t cost\u0103<\/a><\/li><li class='ez-toc-page-1 ez-toc-heading-level-2'><a class=\"ez-toc-link ez-toc-heading-4\" href=\"https:\/\/loudavymkrokem.cz\/ro\/bonigen-lacul-brienz\/#Chiar_in_Bonigen_6_idei_ce_sa_vezi_si_sa_faci_langa_apa\" >Chiar \u00een B\u00f6nigen: 6 idei ce s\u0103 vezi \u0219i s\u0103 faci l\u00e2ng\u0103 ap\u0103<\/a><ul class='ez-toc-list-level-3' ><li class='ez-toc-heading-level-3'><a class=\"ez-toc-link ez-toc-heading-5\" href=\"https:\/\/loudavymkrokem.cz\/ro\/bonigen-lacul-brienz\/#1_Casele_istorice_de_lemn_si_Hauserweg\" >1. Casele istorice de lemn \u0219i H\u00e4userweg<\/a><\/li><li class='ez-toc-page-1 ez-toc-heading-level-3'><a class=\"ez-toc-link ez-toc-heading-6\" href=\"https:\/\/loudavymkrokem.cz\/ro\/bonigen-lacul-brienz\/#2_Muzeul_satesc_Dorfmuseum_%E2%80%9Ealte_Pinte%E2%80%9D\" >2. Muzeul s\u0103tesc Dorfmuseum \u201ealte Pinte&#8221;<\/a><\/li><li class='ez-toc-page-1 ez-toc-heading-level-3'><a class=\"ez-toc-link ez-toc-heading-7\" href=\"https:\/\/loudavymkrokem.cz\/ro\/bonigen-lacul-brienz\/#3_Faleza_debarcaderul_si_Brienzersee_Lakewalk\" >3. Faleza, debarcaderul \u0219i Brienzersee Lakewalk<\/a><\/li><li class='ez-toc-page-1 ez-toc-heading-level-3'><a class=\"ez-toc-link ez-toc-heading-8\" href=\"https:\/\/loudavymkrokem.cz\/ro\/bonigen-lacul-brienz\/#4_Plaja_si_strandul_The_Beach\" >4. Plaja \u0219i \u0219trandul The Beach<\/a><\/li><li class='ez-toc-page-1 ez-toc-heading-level-3'><a class=\"ez-toc-link ez-toc-heading-9\" href=\"https:\/\/loudavymkrokem.cz\/ro\/bonigen-lacul-brienz\/#5_Caiac_si_SUP_pe_luciul_lacului\" >5. Caiac \u0219i SUP pe luciul lacului<\/a><\/li><li class='ez-toc-page-1 ez-toc-heading-level-3'><a class=\"ez-toc-link ez-toc-heading-10\" href=\"https:\/\/loudavymkrokem.cz\/ro\/bonigen-lacul-brienz\/#6_Croaziera_cu_vaporul_istoric_Lotschberg\" >6. Croazier\u0103 cu vaporul istoric L\u00f6tschberg<\/a><\/li><\/ul><\/li><li class='ez-toc-page-1 ez-toc-heading-level-2'><a class=\"ez-toc-link ez-toc-heading-11\" href=\"https:\/\/loudavymkrokem.cz\/ro\/bonigen-lacul-brienz\/#Drumetii_din_Bonigen_6_trasee_care_merita\" >Drume\u021bii din B\u00f6nigen: 6 trasee care merit\u0103<\/a><ul class='ez-toc-list-level-3' ><li class='ez-toc-heading-level-3'><a class=\"ez-toc-link ez-toc-heading-12\" href=\"https:\/\/loudavymkrokem.cz\/ro\/bonigen-lacul-brienz\/#7_Drumul_celor_trei_cascade_pe_etape\" >7. Drumul celor trei cascade pe etape<\/a><\/li><li class='ez-toc-page-1 ez-toc-heading-level-3'><a class=\"ez-toc-link ez-toc-heading-13\" href=\"https:\/\/loudavymkrokem.cz\/ro\/bonigen-lacul-brienz\/#8_Circuitul_Sytiberg_55_km_chiar_si_cu_caruciorul_de_teren\" >8. Circuitul Sytiberg: 5,5 km chiar \u0219i cu c\u0103ruciorul de teren<\/a><\/li><li class='ez-toc-page-1 ez-toc-heading-level-3'><a class=\"ez-toc-link ez-toc-heading-14\" href=\"https:\/\/loudavymkrokem.cz\/ro\/bonigen-lacul-brienz\/#9_Circuitul_Haslerenegg_854_m_cu_carte_de_varf\" >9. Circuitul Haslerenegg (854 m) cu carte de v\u00e2rf<\/a><\/li><li class='ez-toc-page-1 ez-toc-heading-level-3'><a class=\"ez-toc-link ez-toc-heading-15\" href=\"https:\/\/loudavymkrokem.cz\/ro\/bonigen-lacul-brienz\/#10_Circuitul_spre_cascada_Erschwandenbach\" >10. Circuitul spre cascada Erschwandenbach<\/a><\/li><li class='ez-toc-page-1 ez-toc-heading-level-3'><a class=\"ez-toc-link ez-toc-heading-16\" href=\"https:\/\/loudavymkrokem.cz\/ro\/bonigen-lacul-brienz\/#11_Poteca_de_coasta_Uferweg_din_Iseltwald_pe_Giessbach\" >11. Poteca de coast\u0103 Uferweg din Iseltwald pe Giessbach<\/a><\/li><li class='ez-toc-page-1 ez-toc-heading-level-3'><a class=\"ez-toc-link ez-toc-heading-17\" href=\"https:\/\/loudavymkrokem.cz\/ro\/bonigen-lacul-brienz\/#12_Provocarea_pe_jos_urcusul_pe_Harder_Kulm\" >12. Provocarea pe jos: urcu\u0219ul pe Harder Kulm<\/a><\/li><\/ul><\/li><li class='ez-toc-page-1 ez-toc-heading-level-2'><a class=\"ez-toc-link ez-toc-heading-18\" href=\"https:\/\/loudavymkrokem.cz\/ro\/bonigen-lacul-brienz\/#Drumetii_la_care_te_urca_telecabina_6_trasee_deasupra_vaii\" >Drume\u021bii la care te urc\u0103 telecabina: 6 trasee deasupra v\u0103ii<\/a><ul class='ez-toc-list-level-3' ><li class='ez-toc-heading-level-3'><a class=\"ez-toc-link ez-toc-heading-19\" href=\"https:\/\/loudavymkrokem.cz\/ro\/bonigen-lacul-brienz\/#13_De_la_First_la_lacul_Bachalpsee\" >13. De la First la lacul Bachalpsee<\/a><\/li><li class='ez-toc-page-1 ez-toc-heading-level-3'><a class=\"ez-toc-link ez-toc-heading-20\" href=\"https:\/\/loudavymkrokem.cz\/ro\/bonigen-lacul-brienz\/#14_Traversarea_regala_de_creasta_Schynige_Platte_%E2%80%93_Faulhorn_%E2%80%93_First\" >14. Traversarea regal\u0103 de creast\u0103 Schynige Platte \u2013 Faulhorn \u2013 First<\/a><\/li><li class='ez-toc-page-1 ez-toc-heading-level-3'><a class=\"ez-toc-link ez-toc-heading-21\" href=\"https:\/\/loudavymkrokem.cz\/ro\/bonigen-lacul-brienz\/#15_Mannlichen_si_drumul_panoramic_spre_Kleine_Scheidegg\" >15. M\u00e4nnlichen \u0219i drumul panoramic spre Kleine Scheidegg<\/a><\/li><li class='ez-toc-page-1 ez-toc-heading-level-3'><a class=\"ez-toc-link ez-toc-heading-22\" href=\"https:\/\/loudavymkrokem.cz\/ro\/bonigen-lacul-brienz\/#16_Eiger_Trail_chiar_pe_sub_peretele_nordic\" >16. Eiger Trail chiar pe sub peretele nordic<\/a><\/li><li class='ez-toc-page-1 ez-toc-heading-level-3'><a class=\"ez-toc-link ez-toc-heading-23\" href=\"https:\/\/loudavymkrokem.cz\/ro\/bonigen-lacul-brienz\/#17_Niederhorn_si_caprele_de_munte_deasupra_Lacului_Thun\" >17. Niederhorn \u0219i caprele de munte deasupra Lacului Thun<\/a><\/li><li class='ez-toc-page-1 ez-toc-heading-level-3'><a class=\"ez-toc-link ez-toc-heading-24\" href=\"https:\/\/loudavymkrokem.cz\/ro\/bonigen-lacul-brienz\/#18_Cu_trenul_dintat_cu_abur_pe_Brienzer_Rothorn\" >18. Cu trenul din\u021bat cu abur pe Brienzer Rothorn<\/a><\/li><\/ul><\/li><li class='ez-toc-page-1 ez-toc-heading-level-2'><a class=\"ez-toc-link ez-toc-heading-25\" href=\"https:\/\/loudavymkrokem.cz\/ro\/bonigen-lacul-brienz\/#Excursii_din_Bonigen_6_idei_pentru_imprejurimi\" >Excursii din B\u00f6nigen: 6 idei pentru \u00eemprejurimi<\/a><ul class='ez-toc-list-level-3' ><li class='ez-toc-heading-level-3'><a class=\"ez-toc-link ez-toc-heading-26\" href=\"https:\/\/loudavymkrokem.cz\/ro\/bonigen-lacul-brienz\/#19_Harder_Kulm_muntele_de_acasa_al_Interlakenului\" >19. Harder Kulm: muntele de acas\u0103 al Interlakenului<\/a><\/li><li class='ez-toc-page-1 ez-toc-heading-level-3'><a class=\"ez-toc-link ez-toc-heading-27\" href=\"https:\/\/loudavymkrokem.cz\/ro\/bonigen-lacul-brienz\/#20_Cascadele_Giessbach_si_trecerea_pe_sub_apa\" >20. Cascadele Giessbach \u0219i trecerea pe sub ap\u0103<\/a><\/li><li class='ez-toc-page-1 ez-toc-heading-level-3'><a class=\"ez-toc-link ez-toc-heading-28\" href=\"https:\/\/loudavymkrokem.cz\/ro\/bonigen-lacul-brienz\/#21_Cel_mai_vechi_funicular_turistic_elvetian_si_Grandhotelul\" >21. Cel mai vechi funicular turistic elve\u021bian \u0219i Grandhotelul<\/a><\/li><li class='ez-toc-page-1 ez-toc-heading-level-3'><a class=\"ez-toc-link ez-toc-heading-29\" href=\"https:\/\/loudavymkrokem.cz\/ro\/bonigen-lacul-brienz\/#22_Iseltwald_si_debarcaderul_iconic_din_serial\" >22. Iseltwald \u0219i debarcaderul iconic din serial<\/a><\/li><li class='ez-toc-page-1 ez-toc-heading-level-3'><a class=\"ez-toc-link ez-toc-heading-30\" href=\"https:\/\/loudavymkrokem.cz\/ro\/bonigen-lacul-brienz\/#23_Schynige_Platte_trenul_dintat_si_gradina_alpina\" >23. Schynige Platte: trenul din\u021bat \u0219i gr\u0103dina alpin\u0103<\/a><\/li><li class='ez-toc-page-1 ez-toc-heading-level-3'><a class=\"ez-toc-link ez-toc-heading-31\" href=\"https:\/\/loudavymkrokem.cz\/ro\/bonigen-lacul-brienz\/#24_Interlaken_baza_turistica_vecina\" >24. Interlaken: baza turistic\u0103 vecin\u0103<\/a><\/li><\/ul><\/li><li class='ez-toc-page-1 ez-toc-heading-level-2'><a class=\"ez-toc-link ez-toc-heading-32\" href=\"https:\/\/loudavymkrokem.cz\/ro\/bonigen-lacul-brienz\/#Bonigen_cu_copiii_ce_sa_faci_cu_familia\" >B\u00f6nigen cu copiii: ce s\u0103 faci cu familia<\/a><ul class='ez-toc-list-level-3' ><li class='ez-toc-heading-level-3'><a class=\"ez-toc-link ez-toc-heading-33\" href=\"https:\/\/loudavymkrokem.cz\/ro\/bonigen-lacul-brienz\/#Plaja_The_Beach_si_locul_de_joaca_generos\" >Plaja The Beach \u0219i locul de joac\u0103 generos<\/a><\/li><li class='ez-toc-page-1 ez-toc-heading-level-3'><a class=\"ez-toc-link ez-toc-heading-34\" href=\"https:\/\/loudavymkrokem.cz\/ro\/bonigen-lacul-brienz\/#Cautarea_comorii_si_jocul_detectivist_in_Iseltwald\" >C\u0103utarea comorii \u0219i jocul detectivist \u00een Iseltwald<\/a><\/li><li class='ez-toc-page-1 ez-toc-heading-level-3'><a class=\"ez-toc-link ez-toc-heading-35\" href=\"https:\/\/loudavymkrokem.cz\/ro\/bonigen-lacul-brienz\/#Campingul_TCS_pozitie_grozava_dar_cu_o_mare_rezerva\" >Campingul TCS: pozi\u021bie grozav\u0103, dar cu o mare rezerv\u0103<\/a><\/li><li class='ez-toc-page-1 ez-toc-heading-level-3'><a class=\"ez-toc-link ez-toc-heading-36\" href=\"https:\/\/loudavymkrokem.cz\/ro\/bonigen-lacul-brienz\/#Lilys_Alpenspielplatz_si_Panoramaweg_pe_Schynige_Platte\" >Lily&#8217;s Alpenspielplatz \u0219i Panoramaweg pe Schynige Platte<\/a><\/li><li class='ez-toc-page-1 ez-toc-heading-level-3'><a class=\"ez-toc-link ez-toc-heading-37\" href=\"https:\/\/loudavymkrokem.cz\/ro\/bonigen-lacul-brienz\/#Vaporul_si_promenada_fara_bariere_cu_caruciorul\" >Vaporul \u0219i promenada f\u0103r\u0103 bariere cu c\u0103ruciorul<\/a><\/li><\/ul><\/li><li class='ez-toc-page-1 ez-toc-heading-level-2'><a class=\"ez-toc-link ez-toc-heading-38\" href=\"https:\/\/loudavymkrokem.cz\/ro\/bonigen-lacul-brienz\/#Unde_sa_mananci_in_Bonigen\" >Unde s\u0103 m\u0103n\u00e2nci \u00een B\u00f6nigen<\/a><ul class='ez-toc-list-level-3' ><li class='ez-toc-heading-level-3'><a class=\"ez-toc-link ez-toc-heading-39\" href=\"https:\/\/loudavymkrokem.cz\/ro\/bonigen-lacul-brienz\/#Pizzeria_La_Boheme\" >Pizzeria La Boh\u00e8me<\/a><\/li><li class='ez-toc-page-1 ez-toc-heading-level-3'><a class=\"ez-toc-link ez-toc-heading-40\" href=\"https:\/\/loudavymkrokem.cz\/ro\/bonigen-lacul-brienz\/#Sweet_Ride\" >Sweet Ride<\/a><\/li><li class='ez-toc-page-1 ez-toc-heading-level-3'><a class=\"ez-toc-link ez-toc-heading-41\" href=\"https:\/\/loudavymkrokem.cz\/ro\/bonigen-lacul-brienz\/#Restaurant_Baren_Bonigen\" >Restaurant B\u00e4ren B\u00f6nigen<\/a><\/li><\/ul><\/li><li class='ez-toc-page-1 ez-toc-heading-level-2'><a class=\"ez-toc-link ez-toc-heading-42\" href=\"https:\/\/loudavymkrokem.cz\/ro\/bonigen-lacul-brienz\/#Incotro_mai_departe_din_Bonigen\" >\u00cencotro mai departe din B\u00f6nigen<\/a><\/li><li class='ez-toc-page-1 ez-toc-heading-level-2'><a class=\"ez-toc-link ez-toc-heading-43\" href=\"https:\/\/loudavymkrokem.cz\/ro\/bonigen-lacul-brienz\/#Intrebari_frecvente\" >\u00centreb\u0103ri frecvente<\/a><ul class='ez-toc-list-level-3' ><li class='ez-toc-heading-level-3'><a class=\"ez-toc-link ez-toc-heading-44\" href=\"https:\/\/loudavymkrokem.cz\/ro\/bonigen-lacul-brienz\/#Merita_sa_stai_in_Bonigen_in_loc_de_Interlaken\" >Merit\u0103 s\u0103 stai \u00een B\u00f6nigen \u00een loc de Interlaken?<\/a><\/li><li class='ez-toc-page-1 ez-toc-heading-level-3'><a class=\"ez-toc-link ez-toc-heading-45\" href=\"https:\/\/loudavymkrokem.cz\/ro\/bonigen-lacul-brienz\/#Cum_ajungi_acolo_din_Interlaken\" >Cum ajungi acolo din Interlaken?<\/a><\/li><li class='ez-toc-page-1 ez-toc-heading-level-3'><a class=\"ez-toc-link ez-toc-heading-46\" href=\"https:\/\/loudavymkrokem.cz\/ro\/bonigen-lacul-brienz\/#Se_poate_face_baie_in_lacul_Brienz\" >Se poate face baie \u00een lacul Brienz?<\/a><\/li><li class='ez-toc-page-1 ez-toc-heading-level-3'><a class=\"ez-toc-link ez-toc-heading-47\" href=\"https:\/\/loudavymkrokem.cz\/ro\/bonigen-lacul-brienz\/#Cate_zile_sunt_suficiente_pentru_vizita\" >C\u00e2te zile sunt suficiente pentru vizit\u0103?<\/a><\/li><li class='ez-toc-page-1 ez-toc-heading-level-3'><a class=\"ez-toc-link ez-toc-heading-48\" href=\"https:\/\/loudavymkrokem.cz\/ro\/bonigen-lacul-brienz\/#Ce_poti_face_pe_vreme_ploioasa\" >Ce po\u021bi face pe vreme ploioas\u0103?<\/a><\/li><li class='ez-toc-page-1 ez-toc-heading-level-3'><a class=\"ez-toc-link ez-toc-heading-49\" href=\"https:\/\/loudavymkrokem.cz\/ro\/bonigen-lacul-brienz\/#Este_potrivit_pentru_copii\" >Este potrivit pentru copii?<\/a><\/li><li class='ez-toc-page-1 ez-toc-heading-level-3'><a class=\"ez-toc-link ez-toc-heading-50\" href=\"https:\/\/loudavymkrokem.cz\/ro\/bonigen-lacul-brienz\/#Cat_costa_excursia_la_Harder_Kulm\" >C\u00e2t cost\u0103 excursia la Harder Kulm?<\/a><\/li><li class='ez-toc-page-1 ez-toc-heading-level-3'><a class=\"ez-toc-link ez-toc-heading-51\" href=\"https:\/\/loudavymkrokem.cz\/ro\/bonigen-lacul-brienz\/#Este_pontoanul_din_Iseltwald_cu_taxa\" >Este pontoanul din Iseltwald cu tax\u0103?<\/a><\/li><\/ul><\/li><\/ul><\/nav><\/div>\n<h3 class=\"wp-block-heading\"><span class=\"ez-toc-section\" id=\"Rezumat_pentru_cei_care_nu_au_timp_sa_citeasca_tot_articolul\"><\/span>Rezumat pentru cei care nu au timp s\u0103 citeasc\u0103 tot articolul<span class=\"ez-toc-section-end\"><\/span><\/h3>\n\n\n\n<ul class=\"wp-block-list\">\n<li><strong>B\u00f6nigen se afl\u0103 la Lacul Brienz<\/strong> \u0219i este baza perfect\u0103 \u0219i lini\u0219tit\u0103 pentru a explora Bernese Oberland.<\/li>\n\n\n\n<li><strong>Interlaken Guest Card<\/strong> o prime\u0219ti odat\u0103 cu cazarea \u0219i \u00ee\u021bi asigur\u0103 autobuzele din \u00eemprejurimi complet gratuit.<\/li>\n\n\n\n<li><strong>Centrul istoric<\/strong> este plin de case de lemn protejate din secolele XVI\u2013XVIII.<\/li>\n\n\n\n<li><strong>\u00cenotul \u00een lac e doar pentru cei c\u0103li\u021bi<\/strong>, apa are vara \u00een jur de 20 \u00b0C, dar plaja local\u0103 are un bazin \u00eenc\u0103lzit.<\/li>\n\n\n\n<li><strong>Drume\u021biile de aici sunt fenomenale<\/strong>, direct din sat po\u021bi porni pe Drumul celor trei cascade sau pe circuitul Sytiberg.<\/li>\n\n\n\n<li>La <strong>cele mai frumoase trasee urci cu telecabina<\/strong> \u2014 la lacul Bachalpsee, pe M\u00e4nnlichen sau cu trenul cu abur pe Brienzer Rothorn.<\/li>\n\n\n\n<li><strong>Cazarea cu buc\u0103t\u0103rie<\/strong> \u00ee\u021bi economise\u0219te \u00een Elve\u021bia enorm de mul\u021bi bani pe restaurantele scumpe.<\/li>\n\n\n\n<li><strong>Cele mai bune excursii din \u00eemprejurimi<\/strong> includ telecabina pe Harder Kulm, cascadele Giessbach \u0219i fotogenicul Iseltwald.<\/li>\n<\/ul>\n\n\n\n<figure data-wp-context=\"{&quot;imageId&quot;:&quot;6a95535ca2253&quot;}\" data-wp-interactive=\"core\/image\" data-wp-key=\"6a95535ca2253\" class=\"wp-block-image size-full wp-lightbox-container\"><img decoding=\"async\" width=\"1800\" height=\"785\" data-wp-class--hide=\"state.isContentHidden\" data-wp-class--show=\"state.isContentVisible\" data-wp-init=\"callbacks.setButtonStyles\" data-wp-on--click=\"actions.showLightbox\" data-wp-on--load=\"callbacks.setButtonStyles\" data-wp-on--pointerdown=\"actions.preloadImage\" data-wp-on--pointerenter=\"actions.preloadImageWithDelay\" data-wp-on--pointerleave=\"actions.cancelPreload\" data-wp-on-window--resize=\"callbacks.setButtonStyles\" src=\"https:\/\/loudavymkrokem.cz\/wp-content\/uploads\/2026\/08\/articles-bonigen-02.jpg\" alt=\"Lacul Brienz cu piscurile mun\u021bilor\" class=\"wp-image-404462\" title=\"\" srcset=\"https:\/\/loudavymkrokem.cz\/wp-content\/uploads\/2026\/08\/articles-bonigen-02.jpg 1800w, https:\/\/loudavymkrokem.cz\/wp-content\/uploads\/2026\/08\/articles-bonigen-02-300x131.jpg 300w, https:\/\/loudavymkrokem.cz\/wp-content\/uploads\/2026\/08\/articles-bonigen-02-700x305.jpg 700w, https:\/\/loudavymkrokem.cz\/wp-content\/uploads\/2026\/08\/articles-bonigen-02-768x335.jpg 768w, https:\/\/loudavymkrokem.cz\/wp-content\/uploads\/2026\/08\/articles-bonigen-02-1536x670.jpg 1536w, https:\/\/loudavymkrokem.cz\/wp-content\/uploads\/2026\/08\/articles-bonigen-02-696x304.jpg 696w, https:\/\/loudavymkrokem.cz\/wp-content\/uploads\/2026\/08\/articles-bonigen-02-1392x607.jpg 1392w\" sizes=\"(max-width: 1800px) 100vw, 1800px\" \/><button\n\t\t\tclass=\"lightbox-trigger\"\n\t\t\ttype=\"button\"\n\t\t\taria-haspopup=\"dialog\"\n\t\t\tdata-wp-bind--aria-label=\"state.thisImage.triggerButtonAriaLabel\"\n\t\t\tdata-wp-init=\"callbacks.initTriggerButton\"\n\t\t\tdata-wp-on--click=\"actions.showLightbox\"\n\t\t\tdata-wp-style--right=\"state.thisImage.buttonRight\"\n\t\t\tdata-wp-style--top=\"state.thisImage.buttonTop\"\n\t\t>\n\t\t\t<svg xmlns=\"http:\/\/www.w3.org\/2000\/svg\" width=\"12\" height=\"12\" fill=\"none\" viewBox=\"0 0 12 12\">\n\t\t\t\t<path fill=\"#fff\" d=\"M2 0a2 2 0 0 0-2 2v2h1.5V2a.5.5 0 0 1 .5-.5h2V0H2Zm2 10.5H2a.5.5 0 0 1-.5-.5V8H0v2a2 2 0 0 0 2 2h2v-1.5ZM8 12v-1.5h2a.5.5 0 0 0 .5-.5V8H12v2a2 2 0 0 1-2 2H8Zm2-12a2 2 0 0 1 2 2v2h-1.5V2a.5.5 0 0 0-.5-.5H8V0h2Z\" \/>\n\t\t\t<\/svg>\n\t\t<\/button><figcaption class=\"wp-element-caption\">Foto: Adrian Farwell \/ Wikimedia Commons, CC BY 3.0<\/figcaption><\/figure>\n\n\n\n<h2 class=\"wp-block-heading\"><span class=\"ez-toc-section\" id=\"Cand_sa_mergi_in_Bonigen_si_cum_ajungi_aici\"><\/span>C\u00e2nd s\u0103 mergi \u00een B\u00f6nigen \u0219i cum ajungi aici<span class=\"ez-toc-section-end\"><\/span><\/h2>\n\n\n\n<p class=\"wp-block-paragraph\">Sezonul turistic principal din Bernese Oberland se desf\u0103\u0219oar\u0103 din <strong>mai p\u00e2n\u0103 \u00een septembrie<\/strong>, c\u00e2nd temperaturile de zi din vale urc\u0103 p\u00e2n\u0103 la pl\u0103cu\u021bii <strong>24 \u00b0C<\/strong>. Trebuie \u00eens\u0103 s\u0103 \u021bii cont c\u0103 e\u0219ti la munte, a\u0219a c\u0103 \u0219i \u00een plin\u0103 var\u0103 cad c\u00e2\u021biva stropi de ploaie. Statistic, aici plou\u0103 \u00een jur de <strong>9 p\u00e2n\u0103 la 12 zile pe lun\u0103<\/strong>, de aceea merit\u0103 s\u0103 ai mereu \u00een rucsac o geac\u0103 impermeabil\u0103 preg\u0103tit\u0103.<\/p>\n\n\n\n<p class=\"wp-block-paragraph\">Dac\u0103 abia a\u0219tep\u021bi s\u0103 \u00eeno\u021bi, <strong>temperatura apei din Lacul Brienz<\/strong> poate te va surprinde pu\u021bin. Lacul este de origine glaciar\u0103, foarte ad\u00e2nc, iar chiar \u0219i \u00een cea mai cald\u0103 lun\u0103 august apa are de obicei doar <strong>18 p\u00e2n\u0103 la 22 \u00b0C<\/strong>. Septembrie, cu cei 15 p\u00e2n\u0103 la 19 \u00b0C ai s\u0103i, este deja potrivit mai degrab\u0103 pentru cei c\u0103li\u021bi. Din fericire, \u0219trandul The Beach este deschis de la jum\u0103tatea lunii mai p\u00e2n\u0103 la jum\u0103tatea lui septembrie \u0219i ofer\u0103 \u0219i o alternativ\u0103 \u00eenc\u0103lzit\u0103.<\/p>\n\n\n\n<p class=\"wp-block-paragraph\">Transportul spre sat este incredibil de simplu, datorit\u0103 preciziei elve\u021biene. Cu trenul ajungi din Z\u00fcrich (\u00een mai pu\u021bin de dou\u0103 ore) sau din Berna direct la gara <strong>Interlaken Ost<\/strong>. De acolo circul\u0103 <strong>linia de autobuz 103<\/strong>, care te duce \u00een centrul B\u00f6nigenului \u00een doar 9 minute. Autobuzele circul\u0103 din jum\u0103tate \u00een jum\u0103tate de or\u0103 \u0219i opresc chiar pe falez\u0103 \u0219i \u00een centrul satului.<\/p>\n\n\n\n<p class=\"wp-block-paragraph\">\u0218i acum cea mai bun\u0103 veste: <strong>Interlaken Guest Card<\/strong>, pe care o prime\u0219ti odat\u0103 cu cazarea, \u00ee\u021bi asigur\u0103 c\u0103l\u0103toria cu <strong>transportul public local complet gratuit<\/strong>, inclusiv autobuzul 103 amintit. Cine st\u0103 \u00een B\u00f6nigen merge la Interlaken sau \u00een vecinul Iseltwald absolut f\u0103r\u0103 s\u0103 pl\u0103teasc\u0103.<\/p>\n\n\n\n<figure data-wp-context=\"{&quot;imageId&quot;:&quot;6a95535ca2729&quot;}\" data-wp-interactive=\"core\/image\" data-wp-key=\"6a95535ca2729\" class=\"wp-block-image size-full wp-lightbox-container\"><img decoding=\"async\" width=\"1800\" height=\"1125\" data-wp-class--hide=\"state.isContentHidden\" data-wp-class--show=\"state.isContentVisible\" data-wp-init=\"callbacks.setButtonStyles\" data-wp-on--click=\"actions.showLightbox\" data-wp-on--load=\"callbacks.setButtonStyles\" data-wp-on--pointerdown=\"actions.preloadImage\" data-wp-on--pointerenter=\"actions.preloadImageWithDelay\" data-wp-on--pointerleave=\"actions.cancelPreload\" data-wp-on-window--resize=\"callbacks.setButtonStyles\" src=\"https:\/\/loudavymkrokem.cz\/wp-content\/uploads\/2026\/08\/articles-bonigen-03.jpg\" alt=\"Faleza din B\u00f6nigen la Lacul Brienz\" class=\"wp-image-404464\" title=\"\" srcset=\"https:\/\/loudavymkrokem.cz\/wp-content\/uploads\/2026\/08\/articles-bonigen-03.jpg 1800w, https:\/\/loudavymkrokem.cz\/wp-content\/uploads\/2026\/08\/articles-bonigen-03-300x188.jpg 300w, https:\/\/loudavymkrokem.cz\/wp-content\/uploads\/2026\/08\/articles-bonigen-03-700x438.jpg 700w, https:\/\/loudavymkrokem.cz\/wp-content\/uploads\/2026\/08\/articles-bonigen-03-768x480.jpg 768w, https:\/\/loudavymkrokem.cz\/wp-content\/uploads\/2026\/08\/articles-bonigen-03-1536x960.jpg 1536w, https:\/\/loudavymkrokem.cz\/wp-content\/uploads\/2026\/08\/articles-bonigen-03-696x435.jpg 696w, https:\/\/loudavymkrokem.cz\/wp-content\/uploads\/2026\/08\/articles-bonigen-03-1392x870.jpg 1392w\" sizes=\"(max-width: 1800px) 100vw, 1800px\" \/><button\n\t\t\tclass=\"lightbox-trigger\"\n\t\t\ttype=\"button\"\n\t\t\taria-haspopup=\"dialog\"\n\t\t\tdata-wp-bind--aria-label=\"state.thisImage.triggerButtonAriaLabel\"\n\t\t\tdata-wp-init=\"callbacks.initTriggerButton\"\n\t\t\tdata-wp-on--click=\"actions.showLightbox\"\n\t\t\tdata-wp-style--right=\"state.thisImage.buttonRight\"\n\t\t\tdata-wp-style--top=\"state.thisImage.buttonTop\"\n\t\t>\n\t\t\t<svg xmlns=\"http:\/\/www.w3.org\/2000\/svg\" width=\"12\" height=\"12\" fill=\"none\" viewBox=\"0 0 12 12\">\n\t\t\t\t<path fill=\"#fff\" d=\"M2 0a2 2 0 0 0-2 2v2h1.5V2a.5.5 0 0 1 .5-.5h2V0H2Zm2 10.5H2a.5.5 0 0 1-.5-.5V8H0v2a2 2 0 0 0 2 2h2v-1.5ZM8 12v-1.5h2a.5.5 0 0 0 .5-.5V8H12v2a2 2 0 0 1-2 2H8Zm2-12a2 2 0 0 1 2 2v2h-1.5V2a.5.5 0 0 0-.5-.5H8V0h2Z\" \/>\n\t\t\t<\/svg>\n\t\t<\/button><figcaption class=\"wp-element-caption\">Foto: JoachimKohler-HB \/ Wikimedia Commons, CC BY-SA 4.0<\/figcaption><\/figure>\n\n\n\n<h2 class=\"wp-block-heading\"><span class=\"ez-toc-section\" id=\"Unde_sa_te_cazezi_in_Bonigen_si_cat_costa\"><\/span>Unde s\u0103 te cazezi \u00een B\u00f6nigen \u0219i c\u00e2t cost\u0103<span class=\"ez-toc-section-end\"><\/span><\/h2>\n\n\n\n<p class=\"wp-block-paragraph\"><em>\ud83d\udca1 Sfat pentru cazare \u0219i experien\u021be: cazarea din zon\u0103 o <a class=\"thirstylink\" rel=\"nofollow\" target=\"_blank\" title=\"Booking.com\" href=\"https:\/\/loudavymkrokem.cz\/doporucujeme\/booking-com\/\" data-shortcode=\"true\">compar\u0103m aici<\/a>, ca s\u0103 se vad\u0103 ce e liber \u0219i la ce pre\u021b. Prefer\u0103m s\u0103 c\u0103ut\u0103m cazarea pe <a class=\"thirstylink\" rel=\"nofollow\" target=\"_blank\" title=\"Booking.com\" href=\"https:\/\/loudavymkrokem.cz\/doporucujeme\/booking-com\/\" data-shortcode=\"true\">Booking.com<\/a>, unde condi\u021biile de anulare sunt de obicei cele mai bune. Biletele, excursiile \u0219i activit\u0103\u021bile merit\u0103 apoi comparate \u0219i cump\u0103rate prin <a class=\"thirstylink\" rel=\"nofollow\" target=\"_blank\" title=\"GetYourGuide\" href=\"https:\/\/loudavymkrokem.cz\/doporucujeme\/getyourguide\/\" data-shortcode=\"true\">GetYourGuide<\/a>.<\/em><\/p>\n\n\n\n<p class=\"wp-block-paragraph\">S\u0103 stai chiar \u00een B\u00f6nigen este cea mai de\u0219teapt\u0103 mi\u0219care pe care o po\u021bi face c\u00e2nd \u00ee\u021bi planifici vacan\u021ba \u00een Elve\u021bia. \u00cen timp ce vecinul Interlaken este adesea supraevaluat \u0219i plin de grupuri turistice g\u0103l\u0103gioase, aici g\u0103se\u0219ti <strong>lini\u0219te autentic\u0103 \u0219i pre\u021buri mult mai prietenoase<\/strong>. Iar cu autobuzul e\u0219ti \u00een inima ac\u021biunii \u00een mai pu\u021bin de zece minute.<\/p>\n\n\n\n<p class=\"wp-block-paragraph\">\u00cen Elve\u021bia merit\u0103 de asemenea incredibil de mult o <strong>cazare cu buc\u0103t\u0103rie proprie<\/strong>. Pre\u021burile din restaurante sunt astronomice, a\u0219a c\u0103 posibilitatea de a-\u021bi g\u0103ti singur cina sau de a-\u021bi preg\u0103ti gustarea pentru drume\u021bie \u00ee\u021bi reduce bugetul cu mii de lei. Nu uita \u00eens\u0103 s\u0103 <strong>rezervi cu un avans uria\u0219<\/strong>, pentru c\u0103 \u00een sezonul de var\u0103 cele mai bune locuri sunt epuizate cu luni \u00eentregi \u00eenainte.<\/p>\n\n\n\n<p class=\"wp-block-paragraph\">Iat\u0103 c\u00e2teva sfaturi concrete de cazare excelent\u0103, potrivit recenziilor c\u0103l\u0103torilor:<\/p>\n\n\n\n<ul class=\"wp-block-list\">\n<li><strong><a href=\"https:\/\/www.stay22.com\/allez\/roam?aid=lukaskonecny&amp;campaign=loudavymkrokemcz&amp;campaign=bonigen&amp;hotelname=Hotel%20Seiler%20au%20Lac&amp;address=B%C3%B6nigen%2C%20%C5%A0v%C3%BDcarsko\" target=\"_blank\" rel=\"noopener nofollow sponsored\">Hotel Seiler au Lac<\/a>:<\/strong> Hotel Seiler au Lac este chiar pe mal, iar vaporul opre\u0219te direct \u00een fa\u021ba u\u0219ii, a\u0219a c\u0103 nici nu trebuie s\u0103 te g\u00e2nde\u0219ti cum s\u0103 ajungi la ambarca\u021biune. Patruzeci de camere, priveli\u0219te spre mun\u021bi \u0219i ap\u0103 \u2014 asta e adresa potrivit\u0103 c\u00e2nd vrei s\u0103 fii \u00een centrul ac\u021biunii.<\/li>\n\n\n\n<li><strong><a href=\"https:\/\/www.stay22.com\/allez\/roam?aid=lukaskonecny&amp;campaign=loudavymkrokemcz&amp;campaign=bonigen&amp;hotelname=Seehotel%20B%C3%B6nigen&amp;address=B%C3%B6nigen%2C%20%C5%A0v%C3%BDcarsko\" target=\"_blank\" rel=\"noopener nofollow sponsored\">Seehotel B\u00f6nigen<\/a>:<\/strong> O excelent\u0103 <strong>alegere de familie cu priveli\u0219te panoramic\u0103<\/strong>, care ofer\u0103 o atmosfer\u0103 mai lini\u0219tit\u0103 \u0219i un restaurant propriu renumit. Oaspe\u021bii laud\u0103 foarte mult aten\u021bia personal\u0103 a proprietarilor \u0219i micul dejun bogat.<\/li>\n\n\n\n<li><strong><a href=\"https:\/\/www.stay22.com\/allez\/roam?aid=lukaskonecny&amp;campaign=loudavymkrokemcz&amp;campaign=bonigen&amp;hotelname=TCS%20Camping%20B%C3%B6nigen%20Brienzersee&amp;address=B%C3%B6nigen%2C%20%C5%A0v%C3%BDcarsko\" target=\"_blank\" rel=\"noopener nofollow sponsored\">TCS Camping B\u00f6nigen Brienzersee<\/a>:<\/strong> Varianta perfect\u0103 <strong>economic\u0103, cu cea mai bun\u0103 pozi\u021bie din localitate<\/strong> \u2014 chiar l\u00e2ng\u0103 lac \u0219i la 200 de metri de plaj\u0103. Aten\u021bie \u00eens\u0103 la dou\u0103 lucruri: <strong>la camping nu exist\u0103 bazin sau tobogan<\/strong> (doar o balt\u0103 pentru b\u0103l\u0103ceal\u0103), iar cu atitudinea personalului fa\u021b\u0103 de familiile cu copii mici avem propria experien\u021b\u0103 proast\u0103, pe care o descriu mai jos.<\/li>\n\n\n\n<li><strong><a href=\"https:\/\/www.stay22.com\/allez\/roam?aid=lukaskonecny&amp;campaign=loudavymkrokemcz&amp;campaign=bonigen&amp;hotelname=Mountain%20and%20Lake&amp;address=B%C3%B6nigen%2C%20%C5%A0v%C3%BDcarsko\" target=\"_blank\" rel=\"noopener nofollow sponsored\">Mountain and Lake<\/a>:<\/strong> Un <strong>apartament privat evaluat fantastic, cu buc\u0103t\u0103rie complet echipat\u0103<\/strong>, care \u00ee\u021bi ofer\u0103 maximum de independen\u021b\u0103. Are o teras\u0103 frumoas\u0103 \u0219i, potrivit recenziilor, este locul ideal pentru un sejur mai lung cu g\u0103tit propriu.<\/li>\n\n\n\n<li><strong><a href=\"https:\/\/www.stay22.com\/allez\/roam?aid=lukaskonecny&amp;campaign=loudavymkrokemcz&amp;campaign=bonigen&amp;hotelname=Walida&amp;address=B%C3%B6nigen%2C%20%C5%A0v%C3%BDcarsko\" target=\"_blank\" rel=\"noopener nofollow sponsored\">Walida<\/a>:<\/strong> Un hotel mai simplu, dar foarte <strong>pl\u0103cut la un pre\u021b rezonabil<\/strong>, unde te vor bucura balcoanele cu priveli\u0219te spre v\u00e2rfurile alpine. Oaspe\u021bii apreciaz\u0103 cur\u0103\u021benia \u0219i atmosfera primitoare de acas\u0103.<\/li>\n<\/ul>\n\n\n\n<figure data-wp-context=\"{&quot;imageId&quot;:&quot;6a95535ca2c8b&quot;}\" data-wp-interactive=\"core\/image\" data-wp-key=\"6a95535ca2c8b\" class=\"wp-block-image size-full wp-lightbox-container\"><img decoding=\"async\" width=\"1800\" height=\"1350\" data-wp-class--hide=\"state.isContentHidden\" data-wp-class--show=\"state.isContentVisible\" data-wp-init=\"callbacks.setButtonStyles\" data-wp-on--click=\"actions.showLightbox\" data-wp-on--load=\"callbacks.setButtonStyles\" data-wp-on--pointerdown=\"actions.preloadImage\" data-wp-on--pointerenter=\"actions.preloadImageWithDelay\" data-wp-on--pointerleave=\"actions.cancelPreload\" data-wp-on-window--resize=\"callbacks.setButtonStyles\" src=\"https:\/\/loudavymkrokem.cz\/wp-content\/uploads\/2026\/08\/articles-bonigen-04.jpg\" alt=\"B\u00f6nigen \u0219i faleza sa la Lacul Brienz\" class=\"wp-image-404465\" title=\"\" srcset=\"https:\/\/loudavymkrokem.cz\/wp-content\/uploads\/2026\/08\/articles-bonigen-04.jpg 1800w, https:\/\/loudavymkrokem.cz\/wp-content\/uploads\/2026\/08\/articles-bonigen-04-300x225.jpg 300w, https:\/\/loudavymkrokem.cz\/wp-content\/uploads\/2026\/08\/articles-bonigen-04-700x525.jpg 700w, https:\/\/loudavymkrokem.cz\/wp-content\/uploads\/2026\/08\/articles-bonigen-04-768x576.jpg 768w, https:\/\/loudavymkrokem.cz\/wp-content\/uploads\/2026\/08\/articles-bonigen-04-1536x1152.jpg 1536w, https:\/\/loudavymkrokem.cz\/wp-content\/uploads\/2026\/08\/articles-bonigen-04-80x60.jpg 80w, https:\/\/loudavymkrokem.cz\/wp-content\/uploads\/2026\/08\/articles-bonigen-04-160x120.jpg 160w, https:\/\/loudavymkrokem.cz\/wp-content\/uploads\/2026\/08\/articles-bonigen-04-696x522.jpg 696w, https:\/\/loudavymkrokem.cz\/wp-content\/uploads\/2026\/08\/articles-bonigen-04-1392x1044.jpg 1392w\" sizes=\"(max-width: 1800px) 100vw, 1800px\" \/><button\n\t\t\tclass=\"lightbox-trigger\"\n\t\t\ttype=\"button\"\n\t\t\taria-haspopup=\"dialog\"\n\t\t\tdata-wp-bind--aria-label=\"state.thisImage.triggerButtonAriaLabel\"\n\t\t\tdata-wp-init=\"callbacks.initTriggerButton\"\n\t\t\tdata-wp-on--click=\"actions.showLightbox\"\n\t\t\tdata-wp-style--right=\"state.thisImage.buttonRight\"\n\t\t\tdata-wp-style--top=\"state.thisImage.buttonTop\"\n\t\t>\n\t\t\t<svg xmlns=\"http:\/\/www.w3.org\/2000\/svg\" width=\"12\" height=\"12\" fill=\"none\" viewBox=\"0 0 12 12\">\n\t\t\t\t<path fill=\"#fff\" d=\"M2 0a2 2 0 0 0-2 2v2h1.5V2a.5.5 0 0 1 .5-.5h2V0H2Zm2 10.5H2a.5.5 0 0 1-.5-.5V8H0v2a2 2 0 0 0 2 2h2v-1.5ZM8 12v-1.5h2a.5.5 0 0 0 .5-.5V8H12v2a2 2 0 0 1-2 2H8Zm2-12a2 2 0 0 1 2 2v2h-1.5V2a.5.5 0 0 0-.5-.5H8V0h2Z\" \/>\n\t\t\t<\/svg>\n\t\t<\/button><figcaption class=\"wp-element-caption\">Foto: Sven Huls \/ Pexels<\/figcaption><\/figure>\n\n\n\n<h2 class=\"wp-block-heading\"><span class=\"ez-toc-section\" id=\"Chiar_in_Bonigen_6_idei_ce_sa_vezi_si_sa_faci_langa_apa\"><\/span>Chiar \u00een B\u00f6nigen: 6 idei ce s\u0103 vezi \u0219i s\u0103 faci l\u00e2ng\u0103 ap\u0103<span class=\"ez-toc-section-end\"><\/span><\/h2>\n\n\n\n<p class=\"wp-block-paragraph\">Satul \u00een sine este un <strong>loc ideal pentru zile lente<\/strong>, c\u00e2nd nu-\u021bi vine s\u0103 te ca\u021beri pe mun\u021bii \u00eenal\u021bi. Po\u021bi hoin\u0103ri pur \u0219i simplu pe uli\u021bele \u00eenguste, po\u021bi admira m\u0103iestria vechilor mae\u0219tri dulgheri sau po\u021bi petrece timp chiar pe <strong>malul lacului turcoaz<\/strong>.<\/p>\n\n\n\n<p class=\"wp-block-paragraph\">G\u0103se\u0219ti aici un mix perfect de istorie \u0219i activit\u0103\u021bi pe ap\u0103, care te distreaz\u0103 cel pu\u021bin un weekend \u00eentreg. Pe deasupra, totul este <strong>frumos la \u00eendem\u00e2n\u0103 \u0219i la distan\u021b\u0103 de mers pe jos<\/strong>, a\u0219a c\u0103 ma\u0219ina o po\u021bi l\u0103sa lini\u0219tit parcat\u0103 l\u00e2ng\u0103 hotel.<\/p>\n\n\n\n<p class=\"wp-block-paragraph\">\ud83d\udca1 Sfat: Majoritatea experien\u021belor din \u00eemprejurimi (croaziere pe lac, ture cu caiacul, plimb\u0103ri cu jet-boat sau excursii pe Jungfraujoch) le po\u021bi rezerva din timp pe <a class=\"thirstylink\" rel=\"nofollow\" target=\"_blank\" title=\"GetYourGuide\" href=\"https:\/\/loudavymkrokem.cz\/doporucujeme\/getyourguide\/\" data-shortcode=\"true\">GetYourGuide<\/a>. \u00cen plin sezon, termenele populare se umplu cu c\u00e2teva zile \u00eenainte.<\/p>\n\n\n\n<figure data-wp-context=\"{&quot;imageId&quot;:&quot;6a95535ca313b&quot;}\" data-wp-interactive=\"core\/image\" data-wp-key=\"6a95535ca313b\" class=\"wp-block-image size-full wp-lightbox-container\"><img decoding=\"async\" width=\"1800\" height=\"1350\" data-wp-class--hide=\"state.isContentHidden\" data-wp-class--show=\"state.isContentVisible\" data-wp-init=\"callbacks.setButtonStyles\" data-wp-on--click=\"actions.showLightbox\" data-wp-on--load=\"callbacks.setButtonStyles\" data-wp-on--pointerdown=\"actions.preloadImage\" data-wp-on--pointerenter=\"actions.preloadImageWithDelay\" data-wp-on--pointerleave=\"actions.cancelPreload\" data-wp-on-window--resize=\"callbacks.setButtonStyles\" src=\"https:\/\/loudavymkrokem.cz\/wp-content\/uploads\/2026\/08\/articles-bonigen-05.jpg\" alt=\"Cas\u0103 istoric\u0103 de lemn sculptat\u0103 \u00een B\u00f6nigen\" class=\"wp-image-404467\" title=\"\" srcset=\"https:\/\/loudavymkrokem.cz\/wp-content\/uploads\/2026\/08\/articles-bonigen-05.jpg 1800w, https:\/\/loudavymkrokem.cz\/wp-content\/uploads\/2026\/08\/articles-bonigen-05-300x225.jpg 300w, https:\/\/loudavymkrokem.cz\/wp-content\/uploads\/2026\/08\/articles-bonigen-05-700x525.jpg 700w, https:\/\/loudavymkrokem.cz\/wp-content\/uploads\/2026\/08\/articles-bonigen-05-768x576.jpg 768w, https:\/\/loudavymkrokem.cz\/wp-content\/uploads\/2026\/08\/articles-bonigen-05-1536x1152.jpg 1536w, https:\/\/loudavymkrokem.cz\/wp-content\/uploads\/2026\/08\/articles-bonigen-05-80x60.jpg 80w, https:\/\/loudavymkrokem.cz\/wp-content\/uploads\/2026\/08\/articles-bonigen-05-160x120.jpg 160w, https:\/\/loudavymkrokem.cz\/wp-content\/uploads\/2026\/08\/articles-bonigen-05-696x522.jpg 696w, https:\/\/loudavymkrokem.cz\/wp-content\/uploads\/2026\/08\/articles-bonigen-05-1392x1044.jpg 1392w\" sizes=\"(max-width: 1800px) 100vw, 1800px\" \/><button\n\t\t\tclass=\"lightbox-trigger\"\n\t\t\ttype=\"button\"\n\t\t\taria-haspopup=\"dialog\"\n\t\t\tdata-wp-bind--aria-label=\"state.thisImage.triggerButtonAriaLabel\"\n\t\t\tdata-wp-init=\"callbacks.initTriggerButton\"\n\t\t\tdata-wp-on--click=\"actions.showLightbox\"\n\t\t\tdata-wp-style--right=\"state.thisImage.buttonRight\"\n\t\t\tdata-wp-style--top=\"state.thisImage.buttonTop\"\n\t\t>\n\t\t\t<svg xmlns=\"http:\/\/www.w3.org\/2000\/svg\" width=\"12\" height=\"12\" fill=\"none\" viewBox=\"0 0 12 12\">\n\t\t\t\t<path fill=\"#fff\" d=\"M2 0a2 2 0 0 0-2 2v2h1.5V2a.5.5 0 0 1 .5-.5h2V0H2Zm2 10.5H2a.5.5 0 0 1-.5-.5V8H0v2a2 2 0 0 0 2 2h2v-1.5ZM8 12v-1.5h2a.5.5 0 0 0 .5-.5V8H12v2a2 2 0 0 1-2 2H8Zm2-12a2 2 0 0 1 2 2v2h-1.5V2a.5.5 0 0 0-.5-.5H8V0h2Z\" \/>\n\t\t\t<\/svg>\n\t\t<\/button><figcaption class=\"wp-element-caption\">Foto: Freek Wolsink \/ Pexels<\/figcaption><\/figure>\n\n\n\n<h3 class=\"wp-block-heading\"><span class=\"ez-toc-section\" id=\"1_Casele_istorice_de_lemn_si_Hauserweg\"><\/span>1. Casele istorice de lemn \u0219i H\u00e4userweg<span class=\"ez-toc-section-end\"><\/span><\/h3>\n\n\n\n<p class=\"wp-block-paragraph\">Nucleul satului este format dintr-un ansamblu unic de <strong>case de lemn sculptate din secolele XVI\u2013XIX<\/strong>. B\u00f6nigen a avut noroc uria\u0219 \u00een istorie, pentru c\u0103 nu a fost niciodat\u0103 lovit de un mare incendiu devastator. Datorit\u0103 acestui fapt s-a p\u0103strat aici o zon\u0103 construit\u0103 continu\u0103 din fiecare perioad\u0103 \u00eencep\u00e2nd cu anul 1549, ceea ce \u00een Elve\u021bia este o raritate enorm\u0103.<\/p>\n\n\n\n<p class=\"wp-block-paragraph\">\u00cen timpul plimb\u0103rii pe traseul tematic <strong>Historischer H\u00e4userweg<\/strong> te va uimi lucrul detaliat de sculptur\u0103 de pe fa\u021bade. Vei vedea ornamente complicate, inscrip\u021bii vechi \u0219i balcoane modelate cu precizie. Pentru traseu este disponibil un ghid interactiv SmartTrail, pe care \u00eel descarci u\u0219or \u00een telefon \u0219i care \u00ee\u021bi dezv\u0103luie pove\u0219tile fiec\u0103rei familii.<\/p>\n\n\n\n<p class=\"wp-block-paragraph\">Cea mai cunoscut\u0103 cl\u0103dire este a\u0219a-numita <strong>Housihuus din 1757<\/strong>, care a servit drept primul han local. Are chiar \u0219i o istorie regal\u0103, pentru c\u0103 \u00een 1808 a \u00eennoptat aici regele Friedrich de W\u00fcrttemberg. Merit\u0103 aten\u021bie \u0219i vechea magazie Christi&#8217;s Spycher din 1746, care arat\u0103 cum se depozitau odinioar\u0103 proviziile pre\u021bioase de m\u00e2ncare.<\/p>\n\n\n\n<p class=\"wp-block-paragraph\">\ud83d\udca1 Sfat: \u00cen fiecare diminea\u021b\u0103 la 9:15, \u00een fa\u021ba <a href=\"https:\/\/www.boenigen-iseltwald.ch\" target=\"_blank\" rel=\"nofollow noopener\">oficiului de turism<\/a>, se organizeaz\u0103 <strong>tururi ghidate ale satului<\/strong>. Este o ocazie excelent\u0103 s\u0103 afli de la localnici picanteriile pe care nu le g\u0103se\u0219ti \u00een niciun ghid tip\u0103rit.<\/p>\n\n\n\n<figure data-wp-context=\"{&quot;imageId&quot;:&quot;6a95535ca3610&quot;}\" data-wp-interactive=\"core\/image\" data-wp-key=\"6a95535ca3610\" class=\"wp-block-image size-full wp-lightbox-container\"><img decoding=\"async\" width=\"1800\" height=\"1341\" data-wp-class--hide=\"state.isContentHidden\" data-wp-class--show=\"state.isContentVisible\" data-wp-init=\"callbacks.setButtonStyles\" data-wp-on--click=\"actions.showLightbox\" data-wp-on--load=\"callbacks.setButtonStyles\" data-wp-on--pointerdown=\"actions.preloadImage\" data-wp-on--pointerenter=\"actions.preloadImageWithDelay\" data-wp-on--pointerleave=\"actions.cancelPreload\" data-wp-on-window--resize=\"callbacks.setButtonStyles\" src=\"https:\/\/loudavymkrokem.cz\/wp-content\/uploads\/2026\/08\/articles-bonigen-06.jpg\" alt=\"Interiorul unei case tradi\u021bionale din Oberland\" class=\"wp-image-404469\" title=\"\" srcset=\"https:\/\/loudavymkrokem.cz\/wp-content\/uploads\/2026\/08\/articles-bonigen-06.jpg 1800w, https:\/\/loudavymkrokem.cz\/wp-content\/uploads\/2026\/08\/articles-bonigen-06-300x224.jpg 300w, https:\/\/loudavymkrokem.cz\/wp-content\/uploads\/2026\/08\/articles-bonigen-06-700x522.jpg 700w, https:\/\/loudavymkrokem.cz\/wp-content\/uploads\/2026\/08\/articles-bonigen-06-768x572.jpg 768w, https:\/\/loudavymkrokem.cz\/wp-content\/uploads\/2026\/08\/articles-bonigen-06-1536x1144.jpg 1536w, https:\/\/loudavymkrokem.cz\/wp-content\/uploads\/2026\/08\/articles-bonigen-06-80x60.jpg 80w, https:\/\/loudavymkrokem.cz\/wp-content\/uploads\/2026\/08\/articles-bonigen-06-160x120.jpg 160w, https:\/\/loudavymkrokem.cz\/wp-content\/uploads\/2026\/08\/articles-bonigen-06-696x519.jpg 696w, https:\/\/loudavymkrokem.cz\/wp-content\/uploads\/2026\/08\/articles-bonigen-06-1392x1037.jpg 1392w\" sizes=\"(max-width: 1800px) 100vw, 1800px\" \/><button\n\t\t\tclass=\"lightbox-trigger\"\n\t\t\ttype=\"button\"\n\t\t\taria-haspopup=\"dialog\"\n\t\t\tdata-wp-bind--aria-label=\"state.thisImage.triggerButtonAriaLabel\"\n\t\t\tdata-wp-init=\"callbacks.initTriggerButton\"\n\t\t\tdata-wp-on--click=\"actions.showLightbox\"\n\t\t\tdata-wp-style--right=\"state.thisImage.buttonRight\"\n\t\t\tdata-wp-style--top=\"state.thisImage.buttonTop\"\n\t\t>\n\t\t\t<svg xmlns=\"http:\/\/www.w3.org\/2000\/svg\" width=\"12\" height=\"12\" fill=\"none\" viewBox=\"0 0 12 12\">\n\t\t\t\t<path fill=\"#fff\" d=\"M2 0a2 2 0 0 0-2 2v2h1.5V2a.5.5 0 0 1 .5-.5h2V0H2Zm2 10.5H2a.5.5 0 0 1-.5-.5V8H0v2a2 2 0 0 0 2 2h2v-1.5ZM8 12v-1.5h2a.5.5 0 0 0 .5-.5V8H12v2a2 2 0 0 1-2 2H8Zm2-12a2 2 0 0 1 2 2v2h-1.5V2a.5.5 0 0 0-.5-.5H8V0h2Z\" \/>\n\t\t\t<\/svg>\n\t\t<\/button><figcaption class=\"wp-element-caption\">Foto: Abhishek  Navlakha \/ Pexels<\/figcaption><\/figure>\n\n\n\n<h3 class=\"wp-block-heading\"><span class=\"ez-toc-section\" id=\"2_Muzeul_satesc_Dorfmuseum_%E2%80%9Ealte_Pinte%E2%80%9D\"><\/span>2. Muzeul s\u0103tesc Dorfmuseum \u201ealte Pinte&#8221;<span class=\"ez-toc-section-end\"><\/span><\/h3>\n\n\n\n<p class=\"wp-block-paragraph\">Dac\u0103 vrei s\u0103 vezi cum se tr\u0103ia realmente \u00een astfel de case de lemn, trebuie s\u0103 treci pe la muzeul local. Se afl\u0103 \u00eentr-o <strong>cas\u0103 frumos conservat\u0103 din 1772<\/strong> \u0219i te \u00eenv\u0103luie \u00eentr-o atmosfer\u0103 de vremuri de demult, c\u00e2nd via\u021ba la munte era mult mai grea dec\u00e2t ast\u0103zi.<\/p>\n\n\n\n<p class=\"wp-block-paragraph\">Expozi\u021bia arat\u0103 o locuin\u021b\u0103 tipic\u0103 din Oberland p\u00e2n\u0103 \u00een cele mai mici detalii. G\u0103se\u0219ti aici <strong>mobilier istoric \u0219i obiecte din anii 1730\u20131920<\/strong>, de la vechi v\u00e2rtelni\u021be p\u00e2n\u0103 la l\u0103zi de zestre pictate manual. Este fascinant s\u0103 vezi c\u00e2t de m\u0103iestrit \u0219tiau me\u0219te\u0219ugarii locali s\u0103 lucreze lemnul.<\/p>\n\n\n\n<p class=\"wp-block-paragraph\">Vizita nu-\u021bi va lua mai mult de o or\u0103, dar c\u00e2\u0219tigi datorit\u0103 ei un <strong>respect enorm pentru cultura \u0219i tradi\u021biile locale<\/strong>. Afli cum se \u00eenc\u0103lzeau odinioar\u0103 casele, cum se prelucra laptele de pe p\u0103\u0219unile montane \u0219i cum ar\u0103ta rutina zilnic\u0103 a unei familii elve\u021biene obi\u0219nuite.<\/p>\n\n\n\n<p class=\"wp-block-paragraph\">\ud83d\udca1 Sfat: <strong>Programul de vizitare al muzeului<\/strong> este de obicei <strong>destul de limitat \u00een afara sezonului<\/strong>, a\u0219a c\u0103 verific\u0103-\u021bi din timp pe site \u00een ce zile este deschis, ca s\u0103 nu stai \u00een fa\u021ba u\u0219ilor \u00eencuiate.<\/p>\n\n\n\n<figure data-wp-context=\"{&quot;imageId&quot;:&quot;6a95535ca3ac7&quot;}\" data-wp-interactive=\"core\/image\" data-wp-key=\"6a95535ca3ac7\" class=\"wp-block-image size-full wp-lightbox-container\"><img decoding=\"async\" width=\"1800\" height=\"1350\" data-wp-class--hide=\"state.isContentHidden\" data-wp-class--show=\"state.isContentVisible\" data-wp-init=\"callbacks.setButtonStyles\" data-wp-on--click=\"actions.showLightbox\" data-wp-on--load=\"callbacks.setButtonStyles\" data-wp-on--pointerdown=\"actions.preloadImage\" data-wp-on--pointerenter=\"actions.preloadImageWithDelay\" data-wp-on--pointerleave=\"actions.cancelPreload\" data-wp-on-window--resize=\"callbacks.setButtonStyles\" src=\"https:\/\/loudavymkrokem.cz\/wp-content\/uploads\/2026\/08\/articles-bonigen-07.jpg\" alt=\"B\u00f6nigen v\u0103zut de pe puntea vaporului pe Lacul Brienz\" class=\"wp-image-404470\" title=\"\" srcset=\"https:\/\/loudavymkrokem.cz\/wp-content\/uploads\/2026\/08\/articles-bonigen-07.jpg 1800w, https:\/\/loudavymkrokem.cz\/wp-content\/uploads\/2026\/08\/articles-bonigen-07-300x225.jpg 300w, https:\/\/loudavymkrokem.cz\/wp-content\/uploads\/2026\/08\/articles-bonigen-07-700x525.jpg 700w, https:\/\/loudavymkrokem.cz\/wp-content\/uploads\/2026\/08\/articles-bonigen-07-768x576.jpg 768w, https:\/\/loudavymkrokem.cz\/wp-content\/uploads\/2026\/08\/articles-bonigen-07-1536x1152.jpg 1536w, https:\/\/loudavymkrokem.cz\/wp-content\/uploads\/2026\/08\/articles-bonigen-07-80x60.jpg 80w, https:\/\/loudavymkrokem.cz\/wp-content\/uploads\/2026\/08\/articles-bonigen-07-160x120.jpg 160w, https:\/\/loudavymkrokem.cz\/wp-content\/uploads\/2026\/08\/articles-bonigen-07-696x522.jpg 696w, https:\/\/loudavymkrokem.cz\/wp-content\/uploads\/2026\/08\/articles-bonigen-07-1392x1044.jpg 1392w\" sizes=\"(max-width: 1800px) 100vw, 1800px\" \/><button\n\t\t\tclass=\"lightbox-trigger\"\n\t\t\ttype=\"button\"\n\t\t\taria-haspopup=\"dialog\"\n\t\t\tdata-wp-bind--aria-label=\"state.thisImage.triggerButtonAriaLabel\"\n\t\t\tdata-wp-init=\"callbacks.initTriggerButton\"\n\t\t\tdata-wp-on--click=\"actions.showLightbox\"\n\t\t\tdata-wp-style--right=\"state.thisImage.buttonRight\"\n\t\t\tdata-wp-style--top=\"state.thisImage.buttonTop\"\n\t\t>\n\t\t\t<svg xmlns=\"http:\/\/www.w3.org\/2000\/svg\" width=\"12\" height=\"12\" fill=\"none\" viewBox=\"0 0 12 12\">\n\t\t\t\t<path fill=\"#fff\" d=\"M2 0a2 2 0 0 0-2 2v2h1.5V2a.5.5 0 0 1 .5-.5h2V0H2Zm2 10.5H2a.5.5 0 0 1-.5-.5V8H0v2a2 2 0 0 0 2 2h2v-1.5ZM8 12v-1.5h2a.5.5 0 0 0 .5-.5V8H12v2a2 2 0 0 1-2 2H8Zm2-12a2 2 0 0 1 2 2v2h-1.5V2a.5.5 0 0 0-.5-.5H8V0h2Z\" \/>\n\t\t\t<\/svg>\n\t\t<\/button><figcaption class=\"wp-element-caption\">Foto: Andrew Bossi \/ Wikimedia Commons, CC BY-SA 2.5<\/figcaption><\/figure>\n\n\n\n<h3 class=\"wp-block-heading\"><span class=\"ez-toc-section\" id=\"3_Faleza_debarcaderul_si_Brienzersee_Lakewalk\"><\/span>3. Faleza, debarcaderul \u0219i Brienzersee Lakewalk<span class=\"ez-toc-section-end\"><\/span><\/h3>\n\n\n\n<p class=\"wp-block-paragraph\">Inima \u00eentregului B\u00f6nigen este f\u0103r\u0103 \u00eendoial\u0103 faleza sa. <strong>Brienzersee Lakewalk<\/strong> de aici are pe Google o not\u0103 fantastic\u0103 de 4,8 din aproape o mie de recenzii \u0219i este primul loc spre care ar trebui s\u0103 te \u00eendrep\u021bi dup\u0103 sosire. Priveli\u0219tea de pe debarcader spre v\u00e2rfurile din jur \u0219i spre luciul turcoaz este pur \u0219i simplu iconic\u0103.<\/p>\n\n\n\n<p class=\"wp-block-paragraph\">\u00centreaga promenad\u0103 este proiectat\u0103 ca o <strong>cale f\u0103r\u0103 bariere de-a lungul lacului \u0219i al r\u00e2ului Aare<\/strong>. Este absolut ideal\u0103 pentru familii cu c\u0103rucioare, pentru persoane cu dizabilit\u0103\u021bi sau pentru o plimbare lent\u0103 de sear\u0103, c\u00e2nd deja te dor picioarele dup\u0103 o drume\u021bie de o zi \u00eentreag\u0103. Apa are aici o culoare incredibil\u0103, provocat\u0103 de a\u0219a-numita f\u0103in\u0103 glaciar\u0103 adus\u0103 din masivele din jur.<\/p>\n\n\n\n<p class=\"wp-block-paragraph\">\u00cen sezonul de var\u0103, faleza prinde via\u021b\u0103 prin cultur\u0103. Chiar l\u00e2ng\u0103 debarcaderul principal au loc regulat <strong>concerte folclorice tradi\u021bionale<\/strong>, unde po\u021bi asculta live cornurile alpine \u0219i po\u021bi vedea localnicii \u00een superbe costume populare istorice. Este o experien\u021b\u0103 care \u021bine \u00een mod indispensabil de un sejur \u00een Bernese Oberland.<\/p>\n\n\n\n<p class=\"wp-block-paragraph\">\ud83d\udca1 Sfat: La o mic\u0103 distan\u021b\u0103 de promenad\u0103 se afl\u0103 <strong>micul lac Depotseeli<\/strong>, care a ap\u0103rut interesant, artificial, \u00een timpul construc\u021biei istorice a c\u0103ii ferate. Ast\u0103zi serve\u0219te mai ales pescarilor locali, dar este un loc frumos \u0219i lini\u0219tit pentru o scurt\u0103 oprire.<\/p>\n\n\n\n<figure data-wp-context=\"{&quot;imageId&quot;:&quot;6a95535ca3f45&quot;}\" data-wp-interactive=\"core\/image\" data-wp-key=\"6a95535ca3f45\" class=\"wp-block-image size-full wp-lightbox-container\"><img decoding=\"async\" width=\"1800\" height=\"1199\" data-wp-class--hide=\"state.isContentHidden\" data-wp-class--show=\"state.isContentVisible\" data-wp-init=\"callbacks.setButtonStyles\" data-wp-on--click=\"actions.showLightbox\" data-wp-on--load=\"callbacks.setButtonStyles\" data-wp-on--pointerdown=\"actions.preloadImage\" data-wp-on--pointerenter=\"actions.preloadImageWithDelay\" data-wp-on--pointerleave=\"actions.cancelPreload\" data-wp-on-window--resize=\"callbacks.setButtonStyles\" src=\"https:\/\/loudavymkrokem.cz\/wp-content\/uploads\/2026\/08\/articles-bonigen-08.jpg\" alt=\"\u0218trand l\u00e2ng\u0103 lac cu bazin\" class=\"wp-image-404472\" title=\"\" srcset=\"https:\/\/loudavymkrokem.cz\/wp-content\/uploads\/2026\/08\/articles-bonigen-08.jpg 1800w, https:\/\/loudavymkrokem.cz\/wp-content\/uploads\/2026\/08\/articles-bonigen-08-300x200.jpg 300w, https:\/\/loudavymkrokem.cz\/wp-content\/uploads\/2026\/08\/articles-bonigen-08-700x466.jpg 700w, https:\/\/loudavymkrokem.cz\/wp-content\/uploads\/2026\/08\/articles-bonigen-08-768x512.jpg 768w, https:\/\/loudavymkrokem.cz\/wp-content\/uploads\/2026\/08\/articles-bonigen-08-1536x1023.jpg 1536w, https:\/\/loudavymkrokem.cz\/wp-content\/uploads\/2026\/08\/articles-bonigen-08-696x464.jpg 696w, https:\/\/loudavymkrokem.cz\/wp-content\/uploads\/2026\/08\/articles-bonigen-08-1392x927.jpg 1392w\" sizes=\"(max-width: 1800px) 100vw, 1800px\" \/><button\n\t\t\tclass=\"lightbox-trigger\"\n\t\t\ttype=\"button\"\n\t\t\taria-haspopup=\"dialog\"\n\t\t\tdata-wp-bind--aria-label=\"state.thisImage.triggerButtonAriaLabel\"\n\t\t\tdata-wp-init=\"callbacks.initTriggerButton\"\n\t\t\tdata-wp-on--click=\"actions.showLightbox\"\n\t\t\tdata-wp-style--right=\"state.thisImage.buttonRight\"\n\t\t\tdata-wp-style--top=\"state.thisImage.buttonTop\"\n\t\t>\n\t\t\t<svg xmlns=\"http:\/\/www.w3.org\/2000\/svg\" width=\"12\" height=\"12\" fill=\"none\" viewBox=\"0 0 12 12\">\n\t\t\t\t<path fill=\"#fff\" d=\"M2 0a2 2 0 0 0-2 2v2h1.5V2a.5.5 0 0 1 .5-.5h2V0H2Zm2 10.5H2a.5.5 0 0 1-.5-.5V8H0v2a2 2 0 0 0 2 2h2v-1.5ZM8 12v-1.5h2a.5.5 0 0 0 .5-.5V8H12v2a2 2 0 0 1-2 2H8Zm2-12a2 2 0 0 1 2 2v2h-1.5V2a.5.5 0 0 0-.5-.5H8V0h2Z\" \/>\n\t\t\t<\/svg>\n\t\t<\/button><figcaption class=\"wp-element-caption\">Foto: Jean-Paul Wettstein \/ Pexels<\/figcaption><\/figure>\n\n\n\n<h3 class=\"wp-block-heading\"><span class=\"ez-toc-section\" id=\"4_Plaja_si_strandul_The_Beach\"><\/span>4. Plaja \u0219i \u0219trandul The Beach<span class=\"ez-toc-section-end\"><\/span><\/h3>\n\n\n\n<p class=\"wp-block-paragraph\">De\u0219i lacul este rece, B\u00f6nigen are preg\u0103tit un plan de rezerv\u0103 perfect pentru iubitorii apei. \u0218trandul local The Beach (Strandbad B\u00f6nigen) func\u021bioneaz\u0103 aproximativ de la jum\u0103tatea lunii mai p\u00e2n\u0103 la jum\u0103tatea lui septembrie, iar biletul pentru 2026 cost\u0103 <strong>foarte pl\u0103cu\u021bii 6 CHF pentru un adult<\/strong>.<\/p>\n\n\n\n<p class=\"wp-block-paragraph\">Complexul ofer\u0103, pe l\u00e2ng\u0103 accesul la lac, \u0219i un <strong>bazin \u00eenc\u0103lzit de 25 de metri<\/strong>, ceea ce apreciezi \u00een zilele \u00een care chiar nu-\u021bi vine s\u0103 intri \u00een apa glaciar\u0103. Pentru \u00eenot\u0103tori este delimitat un spa\u021biu \u00eengr\u0103dit \u00een lac, iar \u00een jur se \u00eentinde o paji\u0219te \u00eentins\u0103 cu arbori mari, care ofer\u0103 destul\u0103 umbr\u0103 natural\u0103.<\/p>\n\n\n\n<p class=\"wp-block-paragraph\">Facilit\u0103\u021bile sunt aici, la standardele elve\u021biene, peste medie. G\u0103se\u0219ti cabine de schimbare, toalete curate, teren de p\u00e9tanque \u0219i un restaurant pl\u0103cut. \u00centregul complex este, \u00een plus, <strong>complet accesibil cu c\u0103ruciorul \u0219i cu scaunul cu rotile<\/strong>, a\u0219a c\u0103 se poate instala aici comod absolut oricine. De la ora 17:00 se aplic\u0103 apoi un tarif de intrare redus, de sear\u0103.<\/p>\n\n\n\n<p class=\"wp-block-paragraph\">\ud83d\udca1 Sfat: <strong>Programul actual<\/strong>, care se schimb\u0103 \u00een func\u021bie de luni \u0219i de vreme, \u00eel g\u0103se\u0219ti mereu pe site-ul oficial <a href=\"https:\/\/www.strandbadboenigen.ch\" target=\"_blank\" rel=\"nofollow noopener\">The Beach<\/a>. Pe ploaie puternic\u0103, complexul este de obicei <strong>\u00eenchis din motive de siguran\u021b\u0103<\/strong>.<\/p>\n\n\n\n<figure data-wp-context=\"{&quot;imageId&quot;:&quot;6a95535ca43cd&quot;}\" data-wp-interactive=\"core\/image\" data-wp-key=\"6a95535ca43cd\" class=\"wp-block-image size-full wp-lightbox-container\"><img decoding=\"async\" width=\"1800\" height=\"1011\" data-wp-class--hide=\"state.isContentHidden\" data-wp-class--show=\"state.isContentVisible\" data-wp-init=\"callbacks.setButtonStyles\" data-wp-on--click=\"actions.showLightbox\" data-wp-on--load=\"callbacks.setButtonStyles\" data-wp-on--pointerdown=\"actions.preloadImage\" data-wp-on--pointerenter=\"actions.preloadImageWithDelay\" data-wp-on--pointerleave=\"actions.cancelPreload\" data-wp-on-window--resize=\"callbacks.setButtonStyles\" src=\"https:\/\/loudavymkrokem.cz\/wp-content\/uploads\/2026\/08\/articles-bonigen-09.jpg\" alt=\"Caiac pe un lac de munte\" class=\"wp-image-404475\" title=\"\" srcset=\"https:\/\/loudavymkrokem.cz\/wp-content\/uploads\/2026\/08\/articles-bonigen-09.jpg 1800w, https:\/\/loudavymkrokem.cz\/wp-content\/uploads\/2026\/08\/articles-bonigen-09-300x169.jpg 300w, https:\/\/loudavymkrokem.cz\/wp-content\/uploads\/2026\/08\/articles-bonigen-09-700x393.jpg 700w, https:\/\/loudavymkrokem.cz\/wp-content\/uploads\/2026\/08\/articles-bonigen-09-768x431.jpg 768w, https:\/\/loudavymkrokem.cz\/wp-content\/uploads\/2026\/08\/articles-bonigen-09-1536x863.jpg 1536w, https:\/\/loudavymkrokem.cz\/wp-content\/uploads\/2026\/08\/articles-bonigen-09-696x391.jpg 696w, https:\/\/loudavymkrokem.cz\/wp-content\/uploads\/2026\/08\/articles-bonigen-09-1392x782.jpg 1392w\" sizes=\"(max-width: 1800px) 100vw, 1800px\" \/><button\n\t\t\tclass=\"lightbox-trigger\"\n\t\t\ttype=\"button\"\n\t\t\taria-haspopup=\"dialog\"\n\t\t\tdata-wp-bind--aria-label=\"state.thisImage.triggerButtonAriaLabel\"\n\t\t\tdata-wp-init=\"callbacks.initTriggerButton\"\n\t\t\tdata-wp-on--click=\"actions.showLightbox\"\n\t\t\tdata-wp-style--right=\"state.thisImage.buttonRight\"\n\t\t\tdata-wp-style--top=\"state.thisImage.buttonTop\"\n\t\t>\n\t\t\t<svg xmlns=\"http:\/\/www.w3.org\/2000\/svg\" width=\"12\" height=\"12\" fill=\"none\" viewBox=\"0 0 12 12\">\n\t\t\t\t<path fill=\"#fff\" d=\"M2 0a2 2 0 0 0-2 2v2h1.5V2a.5.5 0 0 1 .5-.5h2V0H2Zm2 10.5H2a.5.5 0 0 1-.5-.5V8H0v2a2 2 0 0 0 2 2h2v-1.5ZM8 12v-1.5h2a.5.5 0 0 0 .5-.5V8H12v2a2 2 0 0 1-2 2H8Zm2-12a2 2 0 0 1 2 2v2h-1.5V2a.5.5 0 0 0-.5-.5H8V0h2Z\" \/>\n\t\t\t<\/svg>\n\t\t<\/button><figcaption class=\"wp-element-caption\">Foto: K \/ Pexels<\/figcaption><\/figure>\n\n\n\n<h3 class=\"wp-block-heading\"><span class=\"ez-toc-section\" id=\"5_Caiac_si_SUP_pe_luciul_lacului\"><\/span>5. Caiac \u0219i SUP pe luciul lacului<span class=\"ez-toc-section-end\"><\/span><\/h3>\n\n\n\n<p class=\"wp-block-paragraph\">Cel mai bun mod de a absorbi atmosfera Lacului Brienz este s\u0103 porne\u0219ti direct pe luciul lui. Chiar pe mal (vizavi de sta\u021bia de autobuz 103) g\u0103se\u0219ti baza <strong>Hightide Kayak School<\/strong>, care din mai p\u00e2n\u0103 \u00een octombrie \u00eenchiriaz\u0103 echipament de top pentru sporturi nautice.<\/p>\n\n\n\n<p class=\"wp-block-paragraph\">Pre\u021burile pentru 2026 sunt stabilite rezonabil. Pentru un <strong>caiac de o persoan\u0103 pl\u0103te\u0219ti de la 30 CHF pe or\u0103<\/strong>, iar varianta pentru dou\u0103 persoane te cost\u0103 45 CHF. Dac\u0103 \u00eendr\u0103zne\u0219ti s\u0103 faci o expedi\u021bie mai lung\u0103, po\u021bi \u00eenchiria un caiac de mare robust pentru \u0219apte ore \u00eentregi la 70 CHF \u0219i po\u021bi explora golfurile mai \u00eendep\u0103rtate. Sunt disponibile, desigur, \u0219i popularele paddleboarduri (SUP).<\/p>\n\n\n\n<p class=\"wp-block-paragraph\">Dac\u0103 nu ai experien\u021b\u0103 cu pagaia, \u00ee\u021bi recomand s\u0103-\u021bi pl\u0103te\u0219ti o <strong>tur\u0103 de caiac organizat\u0103, cu instructor<\/strong>. \u00ce\u021bi vor ar\u0103ta cele mai frumoase golfuri ascunse, te vor \u00eenv\u0103\u021ba tehnica corect\u0103 \u0219i \u00ee\u021bi vor purta de grij\u0103 \u00een ce prive\u0219te siguran\u021ba, pentru c\u0103 vremea pe lac se poate schimba pe nea\u0219teptate, foarte repede la munte.<\/p>\n\n\n\n<p class=\"wp-block-paragraph\">\ud83d\udca1 Sfat: Printre caiaci\u0219ti, hitul absolut este <strong>traseul din B\u00f6nigen de-a lungul malului sudic p\u00e2n\u0103 la cascadele Giessbach<\/strong>. Rezervarea echipamentului f\u0103-o mai bine din timp prin site-ul <a href=\"https:\/\/www.hightide.ch\" target=\"_blank\" rel=\"nofollow noopener\">Hightide<\/a>, \u00een iulie \u0219i august este adesea totul epuizat.<\/p>\n\n\n\n<figure data-wp-context=\"{&quot;imageId&quot;:&quot;6a95535ca48a5&quot;}\" data-wp-interactive=\"core\/image\" data-wp-key=\"6a95535ca48a5\" class=\"wp-block-image size-full wp-lightbox-container\"><img decoding=\"async\" width=\"1800\" height=\"1200\" data-wp-class--hide=\"state.isContentHidden\" data-wp-class--show=\"state.isContentVisible\" data-wp-init=\"callbacks.setButtonStyles\" data-wp-on--click=\"actions.showLightbox\" data-wp-on--load=\"callbacks.setButtonStyles\" data-wp-on--pointerdown=\"actions.preloadImage\" data-wp-on--pointerenter=\"actions.preloadImageWithDelay\" data-wp-on--pointerleave=\"actions.cancelPreload\" data-wp-on-window--resize=\"callbacks.setButtonStyles\" src=\"https:\/\/loudavymkrokem.cz\/wp-content\/uploads\/2026\/08\/articles-bonigen-10.jpg\" alt=\"Vaporul istoric cu zbaturi L\u00f6tschberg\" class=\"wp-image-404478\" title=\"\" srcset=\"https:\/\/loudavymkrokem.cz\/wp-content\/uploads\/2026\/08\/articles-bonigen-10.jpg 1800w, https:\/\/loudavymkrokem.cz\/wp-content\/uploads\/2026\/08\/articles-bonigen-10-300x200.jpg 300w, https:\/\/loudavymkrokem.cz\/wp-content\/uploads\/2026\/08\/articles-bonigen-10-700x467.jpg 700w, https:\/\/loudavymkrokem.cz\/wp-content\/uploads\/2026\/08\/articles-bonigen-10-768x512.jpg 768w, https:\/\/loudavymkrokem.cz\/wp-content\/uploads\/2026\/08\/articles-bonigen-10-1536x1024.jpg 1536w, https:\/\/loudavymkrokem.cz\/wp-content\/uploads\/2026\/08\/articles-bonigen-10-696x464.jpg 696w, https:\/\/loudavymkrokem.cz\/wp-content\/uploads\/2026\/08\/articles-bonigen-10-1392x928.jpg 1392w\" sizes=\"(max-width: 1800px) 100vw, 1800px\" \/><button\n\t\t\tclass=\"lightbox-trigger\"\n\t\t\ttype=\"button\"\n\t\t\taria-haspopup=\"dialog\"\n\t\t\tdata-wp-bind--aria-label=\"state.thisImage.triggerButtonAriaLabel\"\n\t\t\tdata-wp-init=\"callbacks.initTriggerButton\"\n\t\t\tdata-wp-on--click=\"actions.showLightbox\"\n\t\t\tdata-wp-style--right=\"state.thisImage.buttonRight\"\n\t\t\tdata-wp-style--top=\"state.thisImage.buttonTop\"\n\t\t>\n\t\t\t<svg xmlns=\"http:\/\/www.w3.org\/2000\/svg\" width=\"12\" height=\"12\" fill=\"none\" viewBox=\"0 0 12 12\">\n\t\t\t\t<path fill=\"#fff\" d=\"M2 0a2 2 0 0 0-2 2v2h1.5V2a.5.5 0 0 1 .5-.5h2V0H2Zm2 10.5H2a.5.5 0 0 1-.5-.5V8H0v2a2 2 0 0 0 2 2h2v-1.5ZM8 12v-1.5h2a.5.5 0 0 0 .5-.5V8H12v2a2 2 0 0 1-2 2H8Zm2-12a2 2 0 0 1 2 2v2h-1.5V2a.5.5 0 0 0-.5-.5H8V0h2Z\" \/>\n\t\t\t<\/svg>\n\t\t<\/button><figcaption class=\"wp-element-caption\">Foto: Martin Abegglen from Bern, Switzerland \/ Wikimedia Commons, CC BY-SA 2.0<\/figcaption><\/figure>\n\n\n\n<h3 class=\"wp-block-heading\"><span class=\"ez-toc-section\" id=\"6_Croaziera_cu_vaporul_istoric_Lotschberg\"><\/span>6. Croazier\u0103 cu vaporul istoric L\u00f6tschberg<span class=\"ez-toc-section-end\"><\/span><\/h3>\n\n\n\n<p class=\"wp-block-paragraph\">Dac\u0103 preferi confortul \u00een locul efortului fizic, trebuie s\u0103 te plimbi cu ambarca\u021biunea. Pe lac opereaz\u0103 flota companiei BLS, a c\u0103rei m\u00e2ndrie cea mai mare este <strong>vaporul cu zbaturi DS L\u00f6tschberg din 1914<\/strong>. O croazier\u0103 pe aceast\u0103 ambarca\u021biune superb restaurat\u0103 te transport\u0103 imediat \u00een vremea lipsit\u0103 de griji a Belle \u00c9poque.<\/p>\n\n\n\n<p class=\"wp-block-paragraph\">Flota traverseaz\u0103 lacul de la \u00eenceputul lui aprilie p\u00e2n\u0103 la \u00eenceputul lui decembrie 2026. Traseul obi\u0219nuit duce din Interlaken prin B\u00f6nigen, Iseltwald \u0219i Giessbach p\u00e2n\u0103 \u00een ora\u0219ul Brienz. <strong>Biletul de baz\u0103 te cost\u0103 39 CHF<\/strong>, dar dac\u0103 de\u021bii Bernese Oberland Pass sau Swiss Travel Pass, croaziera este complet gratuit\u0103. Copiii de la 6 la 15 ani pl\u0103tesc jum\u0103tate.<\/p>\n\n\n\n<p class=\"wp-block-paragraph\">Pe l\u00e2ng\u0103 cursele obi\u0219nuite de zi, \u00een iulie \u0219i august se organizeaz\u0103 \u0219i <strong>croaziere speciale de s\u00e2mb\u0103t\u0103 seara<\/strong>. S\u0103 urm\u0103re\u0219ti apusul de pe puntea unui vapor istoric, \u00een timp ce pe l\u00e2ng\u0103 tine defileaz\u0103 pantele dramatice de munte \u2014 asta e cea mai romantic\u0103 experien\u021b\u0103 pe care \u021bi-o po\u021bi oferi aici.<\/p>\n\n\n\n<p class=\"wp-block-paragraph\">\ud83d\udca1 Sfat: <strong>Orarele \u0219i cump\u0103rarea biletelor<\/strong> le rezolvi din timp pe portalul <a href=\"https:\/\/www.bls-schiff.ch\" target=\"_blank\" rel=\"nofollow noopener\">vapoarelor BLS<\/a>. Recomand <strong>s\u0103 te \u00eembarci deja \u00een Interlaken<\/strong>, ca s\u0103 fii sigur c\u0103 ocupi cele mai bune locuri de pe puntea superioar\u0103 \u00eenainte ca ambarca\u021biunea s\u0103 ajung\u0103 \u00een B\u00f6nigen.<\/p>\n\n\n\n<figure data-wp-context=\"{&quot;imageId&quot;:&quot;6a95535ca4d35&quot;}\" data-wp-interactive=\"core\/image\" data-wp-key=\"6a95535ca4d35\" class=\"wp-block-image size-full wp-lightbox-container\"><img decoding=\"async\" width=\"1800\" height=\"1013\" data-wp-class--hide=\"state.isContentHidden\" data-wp-class--show=\"state.isContentVisible\" data-wp-init=\"callbacks.setButtonStyles\" data-wp-on--click=\"actions.showLightbox\" data-wp-on--load=\"callbacks.setButtonStyles\" data-wp-on--pointerdown=\"actions.preloadImage\" data-wp-on--pointerenter=\"actions.preloadImageWithDelay\" data-wp-on--pointerleave=\"actions.cancelPreload\" data-wp-on-window--resize=\"callbacks.setButtonStyles\" src=\"https:\/\/loudavymkrokem.cz\/wp-content\/uploads\/2026\/08\/articles-bonigen-11.jpg\" alt=\"Potec\u0103 turistic\u0103 marcat\u0103 deasupra lacului\" class=\"wp-image-404479\" title=\"\" srcset=\"https:\/\/loudavymkrokem.cz\/wp-content\/uploads\/2026\/08\/articles-bonigen-11.jpg 1800w, https:\/\/loudavymkrokem.cz\/wp-content\/uploads\/2026\/08\/articles-bonigen-11-300x169.jpg 300w, https:\/\/loudavymkrokem.cz\/wp-content\/uploads\/2026\/08\/articles-bonigen-11-700x394.jpg 700w, https:\/\/loudavymkrokem.cz\/wp-content\/uploads\/2026\/08\/articles-bonigen-11-768x432.jpg 768w, https:\/\/loudavymkrokem.cz\/wp-content\/uploads\/2026\/08\/articles-bonigen-11-1536x864.jpg 1536w, https:\/\/loudavymkrokem.cz\/wp-content\/uploads\/2026\/08\/articles-bonigen-11-696x392.jpg 696w, https:\/\/loudavymkrokem.cz\/wp-content\/uploads\/2026\/08\/articles-bonigen-11-1392x783.jpg 1392w\" sizes=\"(max-width: 1800px) 100vw, 1800px\" \/><button\n\t\t\tclass=\"lightbox-trigger\"\n\t\t\ttype=\"button\"\n\t\t\taria-haspopup=\"dialog\"\n\t\t\tdata-wp-bind--aria-label=\"state.thisImage.triggerButtonAriaLabel\"\n\t\t\tdata-wp-init=\"callbacks.initTriggerButton\"\n\t\t\tdata-wp-on--click=\"actions.showLightbox\"\n\t\t\tdata-wp-style--right=\"state.thisImage.buttonRight\"\n\t\t\tdata-wp-style--top=\"state.thisImage.buttonTop\"\n\t\t>\n\t\t\t<svg xmlns=\"http:\/\/www.w3.org\/2000\/svg\" width=\"12\" height=\"12\" fill=\"none\" viewBox=\"0 0 12 12\">\n\t\t\t\t<path fill=\"#fff\" d=\"M2 0a2 2 0 0 0-2 2v2h1.5V2a.5.5 0 0 1 .5-.5h2V0H2Zm2 10.5H2a.5.5 0 0 1-.5-.5V8H0v2a2 2 0 0 0 2 2h2v-1.5ZM8 12v-1.5h2a.5.5 0 0 0 .5-.5V8H12v2a2 2 0 0 1-2 2H8Zm2-12a2 2 0 0 1 2 2v2h-1.5V2a.5.5 0 0 0-.5-.5H8V0h2Z\" \/>\n\t\t\t<\/svg>\n\t\t<\/button><figcaption class=\"wp-element-caption\">Foto: Tina P. \/ Pexels<\/figcaption><\/figure>\n\n\n\n<h2 class=\"wp-block-heading\"><span class=\"ez-toc-section\" id=\"Drumetii_din_Bonigen_6_trasee_care_merita\"><\/span>Drume\u021bii din B\u00f6nigen: 6 trasee care merit\u0103<span class=\"ez-toc-section-end\"><\/span><\/h2>\n\n\n\n<p class=\"wp-block-paragraph\">Dac\u0103 faci parte dintre cei c\u0103rora le place s\u0103-\u0219i parcurg\u0103 excursia de la hotel, f\u0103r\u0103 s\u0103 fie nevoie s\u0103 navetezi undeva, B\u00f6nigen este locul t\u0103u. Zeci de kilometri de <strong>poteci perfect marcate<\/strong> \u00eencep chiar din pragul u\u0219ii. Regiunea ofer\u0103 totul, de la plimb\u0103ri u\u0219oare pe mal p\u00e2n\u0103 la <strong>ascensiuni de o zi \u00eentreag\u0103 cu diferen\u021b\u0103 de nivel brutal\u0103<\/strong>.<\/p>\n\n\n\n<p class=\"wp-block-paragraph\">Marcajul turistic elve\u021bian este precis, dar nu uita c\u0103 e\u0219ti \u00een Alpi. Poart\u0103 mereu cu tine <strong>suficient\u0103 ap\u0103<\/strong>, o hart\u0103 bun\u0103 \u00een telefon (de exemplu aplica\u021bia Komoot) \u0219i <strong>\u00eenc\u0103l\u021b\u0103minte solid\u0103<\/strong>. Vremea \u00ee\u0219i poate ar\u0103ta aici fa\u021ba mai aspr\u0103 foarte pe nea\u0219teptate.<\/p>\n\n\n\n<figure data-wp-context=\"{&quot;imageId&quot;:&quot;6a95535ca514c&quot;}\" data-wp-interactive=\"core\/image\" data-wp-key=\"6a95535ca514c\" class=\"wp-block-image size-full wp-lightbox-container\"><img decoding=\"async\" width=\"1800\" height=\"1200\" data-wp-class--hide=\"state.isContentHidden\" data-wp-class--show=\"state.isContentVisible\" data-wp-init=\"callbacks.setButtonStyles\" data-wp-on--click=\"actions.showLightbox\" data-wp-on--load=\"callbacks.setButtonStyles\" data-wp-on--pointerdown=\"actions.preloadImage\" data-wp-on--pointerenter=\"actions.preloadImageWithDelay\" data-wp-on--pointerleave=\"actions.cancelPreload\" data-wp-on-window--resize=\"callbacks.setButtonStyles\" src=\"https:\/\/loudavymkrokem.cz\/wp-content\/uploads\/2026\/08\/articles-bonigen-12.jpg\" alt=\"Cascad\u0103 care cade spre Lacul Brienz\" class=\"wp-image-404480\" title=\"\" srcset=\"https:\/\/loudavymkrokem.cz\/wp-content\/uploads\/2026\/08\/articles-bonigen-12.jpg 1800w, https:\/\/loudavymkrokem.cz\/wp-content\/uploads\/2026\/08\/articles-bonigen-12-300x200.jpg 300w, https:\/\/loudavymkrokem.cz\/wp-content\/uploads\/2026\/08\/articles-bonigen-12-700x467.jpg 700w, https:\/\/loudavymkrokem.cz\/wp-content\/uploads\/2026\/08\/articles-bonigen-12-768x512.jpg 768w, https:\/\/loudavymkrokem.cz\/wp-content\/uploads\/2026\/08\/articles-bonigen-12-1536x1024.jpg 1536w, https:\/\/loudavymkrokem.cz\/wp-content\/uploads\/2026\/08\/articles-bonigen-12-696x464.jpg 696w, https:\/\/loudavymkrokem.cz\/wp-content\/uploads\/2026\/08\/articles-bonigen-12-1392x928.jpg 1392w\" sizes=\"(max-width: 1800px) 100vw, 1800px\" \/><button\n\t\t\tclass=\"lightbox-trigger\"\n\t\t\ttype=\"button\"\n\t\t\taria-haspopup=\"dialog\"\n\t\t\tdata-wp-bind--aria-label=\"state.thisImage.triggerButtonAriaLabel\"\n\t\t\tdata-wp-init=\"callbacks.initTriggerButton\"\n\t\t\tdata-wp-on--click=\"actions.showLightbox\"\n\t\t\tdata-wp-style--right=\"state.thisImage.buttonRight\"\n\t\t\tdata-wp-style--top=\"state.thisImage.buttonTop\"\n\t\t>\n\t\t\t<svg xmlns=\"http:\/\/www.w3.org\/2000\/svg\" width=\"12\" height=\"12\" fill=\"none\" viewBox=\"0 0 12 12\">\n\t\t\t\t<path fill=\"#fff\" d=\"M2 0a2 2 0 0 0-2 2v2h1.5V2a.5.5 0 0 1 .5-.5h2V0H2Zm2 10.5H2a.5.5 0 0 1-.5-.5V8H0v2a2 2 0 0 0 2 2h2v-1.5ZM8 12v-1.5h2a.5.5 0 0 0 .5-.5V8H12v2a2 2 0 0 1-2 2H8Zm2-12a2 2 0 0 1 2 2v2h-1.5V2a.5.5 0 0 0-.5-.5H8V0h2Z\" \/>\n\t\t\t<\/svg>\n\t\t<\/button><figcaption class=\"wp-element-caption\">Foto: Tommes Frites \/ Pexels<\/figcaption><\/figure>\n\n\n\n<h3 class=\"wp-block-heading\"><span class=\"ez-toc-section\" id=\"7_Drumul_celor_trei_cascade_pe_etape\"><\/span>7. Drumul celor trei cascade pe etape<span class=\"ez-toc-section-end\"><\/span><\/h3>\n\n\n\n<p class=\"wp-block-paragraph\">Acesta este, f\u0103r\u0103 \u00eendoial\u0103, cel mai <strong>faimos traseu al \u00eentregii zone<\/strong>, care duce chiar de-a lungul malului Lacului Brienz, din B\u00f6nigen prin Iseltwald p\u00e2n\u0103 la Brienz. Pe drum te a\u0219teapt\u0103 <strong>trei cascade impresionante<\/strong>: Erschwandenbachfall, M\u00fclibachfall \u0219i, la final, cele mai cunoscute, Giessbachf\u00e4lle.<\/p>\n\n\n\n<p class=\"wp-block-paragraph\">Parametrii \u00eentregului traseu impun respect. M\u0103soar\u0103 <strong>18,2 kilometri cu o diferen\u021b\u0103 de nivel de 466 de metri<\/strong> \u0219i \u00ee\u021bi ia \u00een jur de 5 ore \u0219i 15 minute de mers efectiv. Poteca se leag\u0103n\u0103 \u00een sus \u0219i \u00een jos de-a lungul malului, \u00eentre 565 \u0219i 775 de metri, \u0219i ofer\u0103 priveli\u0219ti fantastice spre luciul turcoaz printre p\u0103durile dese.<\/p>\n\n\n\n<p class=\"wp-block-paragraph\">Genial la acest drum este c\u0103 se <strong>poate \u00eemp\u0103r\u021bi u\u0219or \u00een etape mai mici<\/strong>: din B\u00f6nigen p\u00e2n\u0103 \u00een Iseltwald 1 or\u0103 \u0219i 50 de minute, p\u00e2n\u0103 la cascada M\u00fclibach \u00eenc\u0103 35 de minute, de acolo pe Giessbach aproape 2 ore, iar p\u00e2n\u0103 la Brienz ultima or\u0103 \u0219i 20 de minute. Cel mai bun truc este s\u0103 pleci pe jos, s\u0103 ajungi la prima sau a doua cascad\u0103 \u0219i apoi s\u0103 sari pe vapor sau autobuz \u00eenapoi.<\/p>\n\n\n\n<p class=\"wp-block-paragraph\">\ud83d\udca1 Sfat: Dac\u0103 e\u0219ti \u00een c\u0103utarea unei excursii ideale de o jum\u0103tate de zi, \u00eencearc\u0103 <strong>prima etap\u0103, de la debarcaderul din B\u00f6nigen la cascada Erschwandenbach \u0219i mai departe \u00een Iseltwald<\/strong>. Aten\u021bie \u00eens\u0103 dincolo de Iseltwald: <strong>lipse\u0219te aici marcajul spre \u201eIsch&#8221;<\/strong> \u0219i e u\u0219or s\u0103 ratezi ultimele dou\u0103 cascade.<\/p>\n\n\n\n<figure data-wp-context=\"{&quot;imageId&quot;:&quot;6a95535ca5779&quot;}\" data-wp-interactive=\"core\/image\" data-wp-key=\"6a95535ca5779\" class=\"wp-block-image size-full wp-lightbox-container\"><img decoding=\"async\" width=\"1800\" height=\"1350\" data-wp-class--hide=\"state.isContentHidden\" data-wp-class--show=\"state.isContentVisible\" data-wp-init=\"callbacks.setButtonStyles\" data-wp-on--click=\"actions.showLightbox\" data-wp-on--load=\"callbacks.setButtonStyles\" data-wp-on--pointerdown=\"actions.preloadImage\" data-wp-on--pointerenter=\"actions.preloadImageWithDelay\" data-wp-on--pointerleave=\"actions.cancelPreload\" data-wp-on-window--resize=\"callbacks.setButtonStyles\" src=\"https:\/\/loudavymkrokem.cz\/wp-content\/uploads\/2026\/08\/articles-bonigen-13.jpg\" alt=\"Priveli\u0219te spre B\u00f6nigen \u0219i lac din dealurile din jur\" class=\"wp-image-404482\" title=\"\" srcset=\"https:\/\/loudavymkrokem.cz\/wp-content\/uploads\/2026\/08\/articles-bonigen-13.jpg 1800w, https:\/\/loudavymkrokem.cz\/wp-content\/uploads\/2026\/08\/articles-bonigen-13-300x225.jpg 300w, https:\/\/loudavymkrokem.cz\/wp-content\/uploads\/2026\/08\/articles-bonigen-13-700x525.jpg 700w, https:\/\/loudavymkrokem.cz\/wp-content\/uploads\/2026\/08\/articles-bonigen-13-768x576.jpg 768w, https:\/\/loudavymkrokem.cz\/wp-content\/uploads\/2026\/08\/articles-bonigen-13-1536x1152.jpg 1536w, https:\/\/loudavymkrokem.cz\/wp-content\/uploads\/2026\/08\/articles-bonigen-13-80x60.jpg 80w, https:\/\/loudavymkrokem.cz\/wp-content\/uploads\/2026\/08\/articles-bonigen-13-160x120.jpg 160w, https:\/\/loudavymkrokem.cz\/wp-content\/uploads\/2026\/08\/articles-bonigen-13-696x522.jpg 696w, https:\/\/loudavymkrokem.cz\/wp-content\/uploads\/2026\/08\/articles-bonigen-13-1392x1044.jpg 1392w\" sizes=\"(max-width: 1800px) 100vw, 1800px\" \/><button\n\t\t\tclass=\"lightbox-trigger\"\n\t\t\ttype=\"button\"\n\t\t\taria-haspopup=\"dialog\"\n\t\t\tdata-wp-bind--aria-label=\"state.thisImage.triggerButtonAriaLabel\"\n\t\t\tdata-wp-init=\"callbacks.initTriggerButton\"\n\t\t\tdata-wp-on--click=\"actions.showLightbox\"\n\t\t\tdata-wp-style--right=\"state.thisImage.buttonRight\"\n\t\t\tdata-wp-style--top=\"state.thisImage.buttonTop\"\n\t\t>\n\t\t\t<svg xmlns=\"http:\/\/www.w3.org\/2000\/svg\" width=\"12\" height=\"12\" fill=\"none\" viewBox=\"0 0 12 12\">\n\t\t\t\t<path fill=\"#fff\" d=\"M2 0a2 2 0 0 0-2 2v2h1.5V2a.5.5 0 0 1 .5-.5h2V0H2Zm2 10.5H2a.5.5 0 0 1-.5-.5V8H0v2a2 2 0 0 0 2 2h2v-1.5ZM8 12v-1.5h2a.5.5 0 0 0 .5-.5V8H12v2a2 2 0 0 1-2 2H8Zm2-12a2 2 0 0 1 2 2v2h-1.5V2a.5.5 0 0 0-.5-.5H8V0h2Z\" \/>\n\t\t\t<\/svg>\n\t\t<\/button><figcaption class=\"wp-element-caption\">Foto: Diacius \/ Wikimedia Commons, CC BY 4.0<\/figcaption><\/figure>\n\n\n\n<h3 class=\"wp-block-heading\"><span class=\"ez-toc-section\" id=\"8_Circuitul_Sytiberg_55_km_chiar_si_cu_caruciorul_de_teren\"><\/span>8. Circuitul Sytiberg: 5,5 km chiar \u0219i cu c\u0103ruciorul de teren<span class=\"ez-toc-section-end\"><\/span><\/h3>\n\n\n\n<p class=\"wp-block-paragraph\">C\u00e2nd vrei s\u0103 evadezi de la ap\u0103 mai sus, \u00een dealuri, \u0219i nu-\u021bi vine s\u0103 c\u0103l\u0103tore\u0219ti departe, \u00eencearc\u0103 acest <strong>circuit local (Rundwanderung Sytiberg)<\/strong>. Porne\u0219te <strong>chiar de la oficiul de turism<\/strong> \u0219i te poart\u0103 prin partea de sus a satului, unde vei vedea \u00een trecere \u0219i alte case istorice.<\/p>\n\n\n\n<p class=\"wp-block-paragraph\">Potrivit datelor oficiale ale regiunii, circuitul m\u0103soar\u0103 <strong>5,5 kilometri, dureaz\u0103 o or\u0103 \u0219i jum\u0103tate \u0219i urci pe el 146 de metri<\/strong>. Cel mai \u00eenalt punct se afl\u0103 la 712 metri, deci nu e vorba de niciun teren alpin \u00eenalt. Drumul te poart\u0103 prin p\u0103dure deas\u0103 \u0219i peste paji\u0219ti montane fotogenice.<\/p>\n\n\n\n<p class=\"wp-block-paragraph\">Pe drum treci pe l\u00e2ng\u0103 <strong>locul de gr\u0103tar Oberallmi cu priveli\u0219te<\/strong> \u0219i traversezi podul de lemn acoperit Aenderbergbr\u00fcgg, unul dintre cele mai fotogenice locuri din \u00eemprejurimi. Te \u00eentorci de-a lungul r\u00e2ului L\u00fctschine. Este un <strong>traseu perfect pentru o diminea\u021b\u0103<\/strong>, c\u00e2nd nu vrei s\u0103 petreci toat\u0103 ziua \u00een picioare.<\/p>\n\n\n\n<p class=\"wp-block-paragraph\">\ud83d\udca1 Sfat: Acesta este <strong>singurul traseu din B\u00f6nigen indicat oficial ca fiind practicabil cu c\u0103ruciorul de teren<\/strong>, a\u0219a c\u0103 este alegerea clar\u0103 c\u00e2nd ai cu tine copii foarte mici. Suprafa\u021ba din p\u0103dure este de obicei alunecoas\u0103 dup\u0103 ploaie, a\u0219a c\u0103 \u00eencal\u021b\u0103 mai bine bocanci cu talp\u0103 solid\u0103.<\/p>\n\n\n\n<figure data-wp-context=\"{&quot;imageId&quot;:&quot;6a95535ca5c9b&quot;}\" data-wp-interactive=\"core\/image\" data-wp-key=\"6a95535ca5c9b\" class=\"wp-block-image size-full wp-lightbox-container\"><img decoding=\"async\" width=\"1800\" height=\"1013\" data-wp-class--hide=\"state.isContentHidden\" data-wp-class--show=\"state.isContentVisible\" data-wp-init=\"callbacks.setButtonStyles\" data-wp-on--click=\"actions.showLightbox\" data-wp-on--load=\"callbacks.setButtonStyles\" data-wp-on--pointerdown=\"actions.preloadImage\" data-wp-on--pointerenter=\"actions.preloadImageWithDelay\" data-wp-on--pointerleave=\"actions.cancelPreload\" data-wp-on-window--resize=\"callbacks.setButtonStyles\" src=\"https:\/\/loudavymkrokem.cz\/wp-content\/uploads\/2026\/08\/articles-bonigen-14.jpg\" alt=\"Priveli\u0219te panoramic\u0103 de pe v\u00e2rf deasupra lacului\" class=\"wp-image-404484\" title=\"\" srcset=\"https:\/\/loudavymkrokem.cz\/wp-content\/uploads\/2026\/08\/articles-bonigen-14.jpg 1800w, https:\/\/loudavymkrokem.cz\/wp-content\/uploads\/2026\/08\/articles-bonigen-14-300x169.jpg 300w, https:\/\/loudavymkrokem.cz\/wp-content\/uploads\/2026\/08\/articles-bonigen-14-700x394.jpg 700w, https:\/\/loudavymkrokem.cz\/wp-content\/uploads\/2026\/08\/articles-bonigen-14-768x432.jpg 768w, https:\/\/loudavymkrokem.cz\/wp-content\/uploads\/2026\/08\/articles-bonigen-14-1536x864.jpg 1536w, https:\/\/loudavymkrokem.cz\/wp-content\/uploads\/2026\/08\/articles-bonigen-14-696x392.jpg 696w, https:\/\/loudavymkrokem.cz\/wp-content\/uploads\/2026\/08\/articles-bonigen-14-1392x783.jpg 1392w\" sizes=\"(max-width: 1800px) 100vw, 1800px\" \/><button\n\t\t\tclass=\"lightbox-trigger\"\n\t\t\ttype=\"button\"\n\t\t\taria-haspopup=\"dialog\"\n\t\t\tdata-wp-bind--aria-label=\"state.thisImage.triggerButtonAriaLabel\"\n\t\t\tdata-wp-init=\"callbacks.initTriggerButton\"\n\t\t\tdata-wp-on--click=\"actions.showLightbox\"\n\t\t\tdata-wp-style--right=\"state.thisImage.buttonRight\"\n\t\t\tdata-wp-style--top=\"state.thisImage.buttonTop\"\n\t\t>\n\t\t\t<svg xmlns=\"http:\/\/www.w3.org\/2000\/svg\" width=\"12\" height=\"12\" fill=\"none\" viewBox=\"0 0 12 12\">\n\t\t\t\t<path fill=\"#fff\" d=\"M2 0a2 2 0 0 0-2 2v2h1.5V2a.5.5 0 0 1 .5-.5h2V0H2Zm2 10.5H2a.5.5 0 0 1-.5-.5V8H0v2a2 2 0 0 0 2 2h2v-1.5ZM8 12v-1.5h2a.5.5 0 0 0 .5-.5V8H12v2a2 2 0 0 1-2 2H8Zm2-12a2 2 0 0 1 2 2v2h-1.5V2a.5.5 0 0 0-.5-.5H8V0h2Z\" \/>\n\t\t\t<\/svg>\n\t\t<\/button><figcaption class=\"wp-element-caption\">Foto: Sam Teano \/ Pexels<\/figcaption><\/figure>\n\n\n\n<h3 class=\"wp-block-heading\"><span class=\"ez-toc-section\" id=\"9_Circuitul_Haslerenegg_854_m_cu_carte_de_varf\"><\/span>9. Circuitul Haslerenegg (854 m) cu carte de v\u00e2rf<span class=\"ez-toc-section-end\"><\/span><\/h3>\n\n\n\n<p class=\"wp-block-paragraph\">Un alt circuit grozav \u00eencepe iar\u0103\u0219i de la oficiul de turism \u0219i duce prin c\u0103tunele Ried \u0219i Stockeren p\u00e2n\u0103 \u00een misterioasa p\u0103dure Bannwald. \u021aelul este <strong>creasta \u00eemp\u0103durit\u0103 Haslerenegg, la o altitudine de 854 de metri<\/strong>. Traseul m\u0103soar\u0103 <strong>6 kilometri, urci 287 de metri \u0219i \u00ee\u021bi ia dou\u0103 ore<\/strong>.<\/p>\n\n\n\n<p class=\"wp-block-paragraph\">Dealul ascunde \u0219i o bucat\u0103 de istorie aspr\u0103. \u00cen <strong>anii 1330<\/strong> s-au ciocnit aici muntenii din Hasli cu oastea domnilor de Weissenburg-Unspunnen \u0219i au pierdut lupta. Spre mormintele celor c\u0103zu\u021bi arat\u0103 \u0219i ast\u0103zi toponimul \u201ein den Grebinen&#8221;, iar \u00een 1924 s-a g\u0103sit aici o suli\u021b\u0103 de fier. Ast\u0103zi domne\u0219te aici lini\u0219tea \u0219i pe creast\u0103 g\u0103se\u0219ti o <strong>carte de v\u00e2rf<\/strong>, \u00een care te po\u021bi semna.<\/p>\n\n\n\n<p class=\"wp-block-paragraph\">Drumul de \u00eentoarcere te aduce prin Sytiberg \u0219i pe l\u00e2ng\u0103 locul de gr\u0103tar Oberallmi \u00eenapoi la lac. Traseul combin\u0103 <strong>poteci umbroase de p\u0103dure<\/strong> cu por\u021biuni \u00eensorite \u0219i este unul dintre acele drumuri unde, <strong>\u00een locul mul\u021bimilor de turi\u0219ti<\/strong>, \u00eent\u00e2lne\u0219ti doar localnici la plimbarea de duminic\u0103 cu c\u00e2inele.<\/p>\n\n\n\n<p class=\"wp-block-paragraph\">\ud83d\udca1 Sfat: Ia-\u021bi propriul pix, ca s\u0103 po\u021bi l\u0103sa \u00een cartea de v\u00e2rf un mesaj \u00een rom\u00e2n\u0103. \u0218i ia \u00een serios <strong>avertizarea oficial\u0103 de a nu veni aici pe ploaie sau pe teren \u00eenghe\u021bat<\/strong> \u2014 urcu\u0219ul pe creast\u0103 este abrupt, iar un sfert din traseu duce pe o potec\u0103 \u00eengust\u0103.<\/p>\n\n\n\n<figure data-wp-context=\"{&quot;imageId&quot;:&quot;6a95535ca62ca&quot;}\" data-wp-interactive=\"core\/image\" data-wp-key=\"6a95535ca62ca\" class=\"wp-block-image size-full wp-lightbox-container\"><img decoding=\"async\" width=\"1800\" height=\"1200\" data-wp-class--hide=\"state.isContentHidden\" data-wp-class--show=\"state.isContentVisible\" data-wp-init=\"callbacks.setButtonStyles\" data-wp-on--click=\"actions.showLightbox\" data-wp-on--load=\"callbacks.setButtonStyles\" data-wp-on--pointerdown=\"actions.preloadImage\" data-wp-on--pointerenter=\"actions.preloadImageWithDelay\" data-wp-on--pointerleave=\"actions.cancelPreload\" data-wp-on-window--resize=\"callbacks.setButtonStyles\" src=\"https:\/\/loudavymkrokem.cz\/wp-content\/uploads\/2026\/08\/articles-bonigen-15.jpg\" alt=\"Cascad\u0103 ascuns\u0103 \u00een p\u0103durea de deasupra B\u00f6nigenului\" class=\"wp-image-404489\" title=\"\" srcset=\"https:\/\/loudavymkrokem.cz\/wp-content\/uploads\/2026\/08\/articles-bonigen-15.jpg 1800w, https:\/\/loudavymkrokem.cz\/wp-content\/uploads\/2026\/08\/articles-bonigen-15-300x200.jpg 300w, https:\/\/loudavymkrokem.cz\/wp-content\/uploads\/2026\/08\/articles-bonigen-15-700x467.jpg 700w, https:\/\/loudavymkrokem.cz\/wp-content\/uploads\/2026\/08\/articles-bonigen-15-768x512.jpg 768w, https:\/\/loudavymkrokem.cz\/wp-content\/uploads\/2026\/08\/articles-bonigen-15-1536x1024.jpg 1536w, https:\/\/loudavymkrokem.cz\/wp-content\/uploads\/2026\/08\/articles-bonigen-15-696x464.jpg 696w, https:\/\/loudavymkrokem.cz\/wp-content\/uploads\/2026\/08\/articles-bonigen-15-1392x928.jpg 1392w\" sizes=\"(max-width: 1800px) 100vw, 1800px\" \/><button\n\t\t\tclass=\"lightbox-trigger\"\n\t\t\ttype=\"button\"\n\t\t\taria-haspopup=\"dialog\"\n\t\t\tdata-wp-bind--aria-label=\"state.thisImage.triggerButtonAriaLabel\"\n\t\t\tdata-wp-init=\"callbacks.initTriggerButton\"\n\t\t\tdata-wp-on--click=\"actions.showLightbox\"\n\t\t\tdata-wp-style--right=\"state.thisImage.buttonRight\"\n\t\t\tdata-wp-style--top=\"state.thisImage.buttonTop\"\n\t\t>\n\t\t\t<svg xmlns=\"http:\/\/www.w3.org\/2000\/svg\" width=\"12\" height=\"12\" fill=\"none\" viewBox=\"0 0 12 12\">\n\t\t\t\t<path fill=\"#fff\" d=\"M2 0a2 2 0 0 0-2 2v2h1.5V2a.5.5 0 0 1 .5-.5h2V0H2Zm2 10.5H2a.5.5 0 0 1-.5-.5V8H0v2a2 2 0 0 0 2 2h2v-1.5ZM8 12v-1.5h2a.5.5 0 0 0 .5-.5V8H12v2a2 2 0 0 1-2 2H8Zm2-12a2 2 0 0 1 2 2v2h-1.5V2a.5.5 0 0 0-.5-.5H8V0h2Z\" \/>\n\t\t\t<\/svg>\n\t\t<\/button><figcaption class=\"wp-element-caption\">Foto: Fez Brook \/ Pexels<\/figcaption><\/figure>\n\n\n\n<h3 class=\"wp-block-heading\"><span class=\"ez-toc-section\" id=\"10_Circuitul_spre_cascada_Erschwandenbach\"><\/span>10. Circuitul spre cascada Erschwandenbach<span class=\"ez-toc-section-end\"><\/span><\/h3>\n\n\n\n<p class=\"wp-block-paragraph\">Dac\u0103 nu vrei s\u0103 te aventurezi pe tot Drumul celor trei cascade, \u00ee\u021bi po\u021bi face un circuit frumos, \u00eenchis, doar spre prima dintre ele. Oficialul <strong>Rundwanderung Erschwandenfall m\u0103soar\u0103 8,7 kilometri \u0219i \u00ee\u021bi ia cam 2 ore \u0219i 35 de minute<\/strong> de mers obi\u0219nuit.<\/p>\n\n\n\n<p class=\"wp-block-paragraph\">Pe drum urci doar <strong>211 metri \u0219i oficial traseul este indicat ca u\u0219or<\/strong>, a\u0219a c\u0103 nu trebuie s\u0103 te temi de el nici cu copii mai mari. Cascada Erschwandenbach este superb ascuns\u0103 \u00een p\u0103durea ad\u00e2nc\u0103, iar apa cade aici peste st\u00e2nci suspendate. \u00centr-o zi canicular\u0103 de var\u0103, \u00eemprejurimile cascadei func\u021bioneaz\u0103 ca un aer condi\u021bionat natural perfect.<\/p>\n\n\n\n<p class=\"wp-block-paragraph\">Acest circuit este grozav prin faptul c\u0103 te poart\u0103 prin <strong>diferite tipuri de peisaj<\/strong>. O vreme mergi de-a lungul malului, apoi \u00eencepi s\u0103 urci \u00een dealuri \u0219i, \u00een final, te \u00eentorci pe drumuri de p\u0103dure cu <strong>priveli\u0219ti spre lacul glaciar<\/strong> \u00een ad\u00e2ncul de sub tine. Pe drum treci pe l\u00e2ng\u0103 o ferm\u0103 cu un mic magazin, altfel nu-\u021bi cumperi nimic pe traseu.<\/p>\n\n\n\n<p class=\"wp-block-paragraph\">\ud83d\udca1 Sfat: La cascada propriu-zis\u0103 se urc\u0103 pe o <strong>potec\u0103 \u00eengust\u0103 de p\u0103dure<\/strong>, a\u0219a c\u0103 <strong>sunt utile be\u021bele de trekking<\/strong>, care \u00ee\u021bi u\u0219ureaz\u0103 genunchii la cobor\u00e2rea \u00eenapoi \u00een sat.<\/p>\n\n\n\n<figure data-wp-context=\"{&quot;imageId&quot;:&quot;6a95535ca678c&quot;}\" data-wp-interactive=\"core\/image\" data-wp-key=\"6a95535ca678c\" class=\"wp-block-image size-full wp-lightbox-container\"><img decoding=\"async\" width=\"1800\" height=\"1199\" data-wp-class--hide=\"state.isContentHidden\" data-wp-class--show=\"state.isContentVisible\" data-wp-init=\"callbacks.setButtonStyles\" data-wp-on--click=\"actions.showLightbox\" data-wp-on--load=\"callbacks.setButtonStyles\" data-wp-on--pointerdown=\"actions.preloadImage\" data-wp-on--pointerenter=\"actions.preloadImageWithDelay\" data-wp-on--pointerleave=\"actions.cancelPreload\" data-wp-on-window--resize=\"callbacks.setButtonStyles\" src=\"https:\/\/loudavymkrokem.cz\/wp-content\/uploads\/2026\/08\/articles-bonigen-16.jpg\" alt=\"Potec\u0103 de coast\u0103 l\u00e2ng\u0103 Iseltwald\" class=\"wp-image-404490\" title=\"\" srcset=\"https:\/\/loudavymkrokem.cz\/wp-content\/uploads\/2026\/08\/articles-bonigen-16.jpg 1800w, https:\/\/loudavymkrokem.cz\/wp-content\/uploads\/2026\/08\/articles-bonigen-16-300x200.jpg 300w, https:\/\/loudavymkrokem.cz\/wp-content\/uploads\/2026\/08\/articles-bonigen-16-700x466.jpg 700w, https:\/\/loudavymkrokem.cz\/wp-content\/uploads\/2026\/08\/articles-bonigen-16-768x512.jpg 768w, https:\/\/loudavymkrokem.cz\/wp-content\/uploads\/2026\/08\/articles-bonigen-16-1536x1023.jpg 1536w, https:\/\/loudavymkrokem.cz\/wp-content\/uploads\/2026\/08\/articles-bonigen-16-696x464.jpg 696w, https:\/\/loudavymkrokem.cz\/wp-content\/uploads\/2026\/08\/articles-bonigen-16-1392x927.jpg 1392w\" sizes=\"(max-width: 1800px) 100vw, 1800px\" \/><button\n\t\t\tclass=\"lightbox-trigger\"\n\t\t\ttype=\"button\"\n\t\t\taria-haspopup=\"dialog\"\n\t\t\tdata-wp-bind--aria-label=\"state.thisImage.triggerButtonAriaLabel\"\n\t\t\tdata-wp-init=\"callbacks.initTriggerButton\"\n\t\t\tdata-wp-on--click=\"actions.showLightbox\"\n\t\t\tdata-wp-style--right=\"state.thisImage.buttonRight\"\n\t\t\tdata-wp-style--top=\"state.thisImage.buttonTop\"\n\t\t>\n\t\t\t<svg xmlns=\"http:\/\/www.w3.org\/2000\/svg\" width=\"12\" height=\"12\" fill=\"none\" viewBox=\"0 0 12 12\">\n\t\t\t\t<path fill=\"#fff\" d=\"M2 0a2 2 0 0 0-2 2v2h1.5V2a.5.5 0 0 1 .5-.5h2V0H2Zm2 10.5H2a.5.5 0 0 1-.5-.5V8H0v2a2 2 0 0 0 2 2h2v-1.5ZM8 12v-1.5h2a.5.5 0 0 0 .5-.5V8H12v2a2 2 0 0 1-2 2H8Zm2-12a2 2 0 0 1 2 2v2h-1.5V2a.5.5 0 0 0-.5-.5H8V0h2Z\" \/>\n\t\t\t<\/svg>\n\t\t<\/button><figcaption class=\"wp-element-caption\">Foto: Jean-Paul Wettstein \/ Pexels<\/figcaption><\/figure>\n\n\n\n<h3 class=\"wp-block-heading\"><span class=\"ez-toc-section\" id=\"11_Poteca_de_coasta_Uferweg_din_Iseltwald_pe_Giessbach\"><\/span>11. Poteca de coast\u0103 Uferweg din Iseltwald pe Giessbach<span class=\"ez-toc-section-end\"><\/span><\/h3>\n\n\n\n<p class=\"wp-block-paragraph\">Acest traseu nu \u00eencepe chiar \u00een B\u00f6nigen, dar este una dintre cele mai frumoase plimb\u0103ri din toat\u0103 Elve\u021bia, pe care ar fi un p\u0103cat s\u0103 o omi\u021bi. Diminea\u021ba te urci pur \u0219i simplu \u00een <strong>autobuzul 103 (pe care \u00eel ai gratuit cu Guest Card)<\/strong> sau pe vapor \u0219i te la\u0219i dus \u00een vecinul Iseltwald, unde porne\u0219te poteca.<\/p>\n\n\n\n<p class=\"wp-block-paragraph\">De acolo duce a\u0219a-numita <strong>Uferweg, chiar de-a lungul \u021b\u0103rmului st\u00e2ncos p\u00e2n\u0103 la cascadele Giessbach<\/strong>. <strong>Nu te a\u0219tepta \u00eens\u0103 la o promenad\u0103 dreapt\u0103<\/strong> \u2014 chiar \u00een primul kilometru urci vreo sut\u0103 cincizeci de metri, drumul se \u00eengusteaz\u0103 pe alocuri \u0219i unele por\u021biuni sunt s\u0103pate \u00een st\u00e2nc\u0103. R\u0103splata sunt golfurile romantice, unde vara \u00ee\u021bi po\u021bi r\u0103cori picioarele.<\/p>\n\n\n\n<p class=\"wp-block-paragraph\">Traseul m\u0103soar\u0103 <strong>cam 5,3 kilometri \u0219i \u00ee\u021bi ia o or\u0103 \u0219i jum\u0103tate<\/strong>, dar serpentinele de la cascade sunt de-a dreptul abrupte \u0219i, f\u0103r\u0103 be\u021be, cobor\u00e2rea pe ele este nepl\u0103cut\u0103. Pe drum nu-\u021bi cumperi nimic de m\u00e2ncare, a\u0219a c\u0103 ia gustarea cu tine. Te po\u021bi r\u0103spl\u0103ti apoi cu o cafea pe terasa hotelului istoric \u0219i te po\u021bi \u00eentoarce \u00een B\u00f6nigen cu vaporul de dup\u0103-amiaz\u0103.<\/p>\n\n\n\n<p class=\"wp-block-paragraph\">\ud83d\udca1 Sfat: <strong>Poteca este de obicei \u00eenchis\u0103 peste iarn\u0103 din cauza c\u0103derilor de pietre<\/strong> \u0219i se deschide de regul\u0103 la sf\u00e2r\u0219itul lui martie \u2014 \u00een sezonul 2026 este practicabil\u0103, dar \u00eenainte de excursie verific\u0103 mai bine starea actual\u0103 pe site-urile localit\u0103\u021bilor Iseltwald sau Brienz. \u0218i pleac\u0103 <strong>c\u00e2t mai devreme diminea\u021ba<\/strong>, dup\u0103-amiaza e de obicei plin aici.<\/p>\n\n\n\n<figure data-wp-context=\"{&quot;imageId&quot;:&quot;6a95535ca6cbe&quot;}\" data-wp-interactive=\"core\/image\" data-wp-key=\"6a95535ca6cbe\" class=\"wp-block-image size-full wp-lightbox-container\"><img decoding=\"async\" width=\"1800\" height=\"1200\" data-wp-class--hide=\"state.isContentHidden\" data-wp-class--show=\"state.isContentVisible\" data-wp-init=\"callbacks.setButtonStyles\" data-wp-on--click=\"actions.showLightbox\" data-wp-on--load=\"callbacks.setButtonStyles\" data-wp-on--pointerdown=\"actions.preloadImage\" data-wp-on--pointerenter=\"actions.preloadImageWithDelay\" data-wp-on--pointerleave=\"actions.cancelPreload\" data-wp-on-window--resize=\"callbacks.setButtonStyles\" src=\"https:\/\/loudavymkrokem.cz\/wp-content\/uploads\/2026\/08\/articles-bonigen-17.jpg\" alt=\"Potec\u0103 de p\u0103dure care urc\u0103 pe Harder Kulm\" class=\"wp-image-404495\" title=\"\" srcset=\"https:\/\/loudavymkrokem.cz\/wp-content\/uploads\/2026\/08\/articles-bonigen-17.jpg 1800w, https:\/\/loudavymkrokem.cz\/wp-content\/uploads\/2026\/08\/articles-bonigen-17-300x200.jpg 300w, https:\/\/loudavymkrokem.cz\/wp-content\/uploads\/2026\/08\/articles-bonigen-17-700x467.jpg 700w, https:\/\/loudavymkrokem.cz\/wp-content\/uploads\/2026\/08\/articles-bonigen-17-768x512.jpg 768w, https:\/\/loudavymkrokem.cz\/wp-content\/uploads\/2026\/08\/articles-bonigen-17-1536x1024.jpg 1536w, https:\/\/loudavymkrokem.cz\/wp-content\/uploads\/2026\/08\/articles-bonigen-17-696x464.jpg 696w, https:\/\/loudavymkrokem.cz\/wp-content\/uploads\/2026\/08\/articles-bonigen-17-1392x928.jpg 1392w\" sizes=\"(max-width: 1800px) 100vw, 1800px\" \/><button\n\t\t\tclass=\"lightbox-trigger\"\n\t\t\ttype=\"button\"\n\t\t\taria-haspopup=\"dialog\"\n\t\t\tdata-wp-bind--aria-label=\"state.thisImage.triggerButtonAriaLabel\"\n\t\t\tdata-wp-init=\"callbacks.initTriggerButton\"\n\t\t\tdata-wp-on--click=\"actions.showLightbox\"\n\t\t\tdata-wp-style--right=\"state.thisImage.buttonRight\"\n\t\t\tdata-wp-style--top=\"state.thisImage.buttonTop\"\n\t\t>\n\t\t\t<svg xmlns=\"http:\/\/www.w3.org\/2000\/svg\" width=\"12\" height=\"12\" fill=\"none\" viewBox=\"0 0 12 12\">\n\t\t\t\t<path fill=\"#fff\" d=\"M2 0a2 2 0 0 0-2 2v2h1.5V2a.5.5 0 0 1 .5-.5h2V0H2Zm2 10.5H2a.5.5 0 0 1-.5-.5V8H0v2a2 2 0 0 0 2 2h2v-1.5ZM8 12v-1.5h2a.5.5 0 0 0 .5-.5V8H12v2a2 2 0 0 1-2 2H8Zm2-12a2 2 0 0 1 2 2v2h-1.5V2a.5.5 0 0 0-.5-.5H8V0h2Z\" \/>\n\t\t\t<\/svg>\n\t\t<\/button><figcaption class=\"wp-element-caption\">Foto: \u041f\u0430\u0432\u0435\u043b \u0413\u0430\u0432\u0440\u0438\u043a\u043e\u0432 \/ Pexels<\/figcaption><\/figure>\n\n\n\n<h3 class=\"wp-block-heading\"><span class=\"ez-toc-section\" id=\"12_Provocarea_pe_jos_urcusul_pe_Harder_Kulm\"><\/span>12. Provocarea pe jos: urcu\u0219ul pe Harder Kulm<span class=\"ez-toc-section-end\"><\/span><\/h3>\n\n\n\n<p class=\"wp-block-paragraph\">Majoritatea turi\u0219tilor urc\u0103 comod la <strong>belvederea Harder Kulm<\/strong> cu telecabina, dar pentru drume\u021bii rezisten\u021bi exist\u0103 aici o provocare mult mai mare. Din B\u00f6nigen \u00ee\u021bi po\u021bi parcurge tot drumul p\u00e2n\u0103 \u00een v\u00e2rf cinstit, pe jos. Preg\u0103te\u0219te-te \u00eens\u0103 c\u0103 va fi un <strong>adev\u0103rat c\u0103l\u0103u pentru gambele tale<\/strong>.<\/p>\n\n\n\n<p class=\"wp-block-paragraph\">Potrivit \u00eenregistr\u0103rilor din Komoot, acest circuit de o zi \u00eentreag\u0103 m\u0103soar\u0103 <strong>13,5 kilometri, iar timpul efectiv de mers este de 5 ore \u0219i 16 minute<\/strong>. Pe drum trebuie s\u0103 dep\u0103\u0219e\u0219ti o <strong>diferen\u021b\u0103 de nivel dur\u0103 de 750 de metri<\/strong>, ceea ce claseaz\u0103 clar traseul \u00een categoria celor solicitante. Urcu\u0219ul este sigur, dar foarte abrupt \u0219i nesf\u00e2r\u0219it.<\/p>\n\n\n\n<p class=\"wp-block-paragraph\">R\u0103splata pentru truda asta este \u00eens\u0103 dulce. Vei c\u0103p\u0103ta un sentiment de nerepetat de satisfac\u021bie c\u00e2nd <strong>ajungi pe platforma belvederei<\/strong> printre turi\u0219tii care tocmai au cobor\u00e2t din telecabin\u0103. Pe drumul \u00een sus, \u00een plus, <strong>\u00eent\u00e2lne\u0219ti un minim de oameni<\/strong> \u0219i te bucuri de lini\u0219tea p\u0103durii, pe care \u00een v\u00e2rful propriu-zis nu o mai g\u0103se\u0219ti \u00een niciun caz.<\/p>\n\n\n\n<p class=\"wp-block-paragraph\">\ud83d\udca1 Sfat: Dac\u0103 r\u0103m\u00e2i sus f\u0103r\u0103 puteri, nu se \u00eent\u00e2mpl\u0103 nimic. Po\u021bi cump\u0103ra de la restaurant un <strong>bilet dus de telecabin\u0103<\/strong> spre Interlaken \u0219i s\u0103 <strong>faci restul drumului cu autobuzul<\/strong>.<\/p>\n\n\n\n<figure data-wp-context=\"{&quot;imageId&quot;:&quot;6a95535ca7489&quot;}\" data-wp-interactive=\"core\/image\" data-wp-key=\"6a95535ca7489\" class=\"wp-block-image size-full wp-lightbox-container\"><img decoding=\"async\" width=\"1920\" height=\"1280\" data-wp-class--hide=\"state.isContentHidden\" data-wp-class--show=\"state.isContentVisible\" data-wp-init=\"callbacks.setButtonStyles\" data-wp-on--click=\"actions.showLightbox\" data-wp-on--load=\"callbacks.setButtonStyles\" data-wp-on--pointerdown=\"actions.preloadImage\" data-wp-on--pointerenter=\"actions.preloadImageWithDelay\" data-wp-on--pointerleave=\"actions.cancelPreload\" data-wp-on-window--resize=\"callbacks.setButtonStyles\" src=\"https:\/\/loudavymkrokem.cz\/wp-content\/uploads\/2026\/08\/bonigen-lanovka-grindelwald-first.jpg\" alt=\"Gondola din Grindelwald spre First deasupra paji\u0219tilor alpine\" class=\"wp-image-407333\" title=\"\" srcset=\"https:\/\/loudavymkrokem.cz\/wp-content\/uploads\/2026\/08\/bonigen-lanovka-grindelwald-first.jpg 1920w, https:\/\/loudavymkrokem.cz\/wp-content\/uploads\/2026\/08\/bonigen-lanovka-grindelwald-first-300x200.jpg 300w, https:\/\/loudavymkrokem.cz\/wp-content\/uploads\/2026\/08\/bonigen-lanovka-grindelwald-first-700x467.jpg 700w, https:\/\/loudavymkrokem.cz\/wp-content\/uploads\/2026\/08\/bonigen-lanovka-grindelwald-first-768x512.jpg 768w, https:\/\/loudavymkrokem.cz\/wp-content\/uploads\/2026\/08\/bonigen-lanovka-grindelwald-first-1536x1024.jpg 1536w, https:\/\/loudavymkrokem.cz\/wp-content\/uploads\/2026\/08\/bonigen-lanovka-grindelwald-first-696x464.jpg 696w, https:\/\/loudavymkrokem.cz\/wp-content\/uploads\/2026\/08\/bonigen-lanovka-grindelwald-first-1392x928.jpg 1392w\" sizes=\"(max-width: 1920px) 100vw, 1920px\" \/><button\n\t\t\tclass=\"lightbox-trigger\"\n\t\t\ttype=\"button\"\n\t\t\taria-haspopup=\"dialog\"\n\t\t\tdata-wp-bind--aria-label=\"state.thisImage.triggerButtonAriaLabel\"\n\t\t\tdata-wp-init=\"callbacks.initTriggerButton\"\n\t\t\tdata-wp-on--click=\"actions.showLightbox\"\n\t\t\tdata-wp-style--right=\"state.thisImage.buttonRight\"\n\t\t\tdata-wp-style--top=\"state.thisImage.buttonTop\"\n\t\t>\n\t\t\t<svg xmlns=\"http:\/\/www.w3.org\/2000\/svg\" width=\"12\" height=\"12\" fill=\"none\" viewBox=\"0 0 12 12\">\n\t\t\t\t<path fill=\"#fff\" d=\"M2 0a2 2 0 0 0-2 2v2h1.5V2a.5.5 0 0 1 .5-.5h2V0H2Zm2 10.5H2a.5.5 0 0 1-.5-.5V8H0v2a2 2 0 0 0 2 2h2v-1.5ZM8 12v-1.5h2a.5.5 0 0 0 .5-.5V8H12v2a2 2 0 0 1-2 2H8Zm2-12a2 2 0 0 1 2 2v2h-1.5V2a.5.5 0 0 0-.5-.5H8V0h2Z\" \/>\n\t\t\t<\/svg>\n\t\t<\/button><figcaption class=\"wp-element-caption\">Foto: W. Bulach \/ Wikimedia Commons, CC BY-SA 4.0<\/figcaption><\/figure>\n\n\n\n<h2 class=\"wp-block-heading\"><span class=\"ez-toc-section\" id=\"Drumetii_la_care_te_urca_telecabina_6_trasee_deasupra_vaii\"><\/span>Drume\u021bii la care te urc\u0103 telecabina: 6 trasee deasupra v\u0103ii<span class=\"ez-toc-section-end\"><\/span><\/h2>\n\n\n\n<p class=\"wp-block-paragraph\">Acesta e un lucru pe care l-am \u00een\u021beles eu \u00eens\u0103mi abia la fa\u021ba locului: <strong>\u00een Bernese Oberland aproape nic\u0103ieri nu se merge de jos<\/strong>. Clasic este s\u0103 urci cu telecabina sau cu trenul din\u021bat deasupra limitei p\u0103durii \u0219i abia acolo s\u0103 \u00eencepi s\u0103 mergi. \u00ce\u021bi economise\u0219ti o mie de metri de diferen\u021b\u0103 de nivel \u0219i te treze\u0219ti direct \u00een peisajul pentru care ai venit aici.<\/p>\n\n\n\n<p class=\"wp-block-paragraph\">\u021aine \u00eens\u0103 cont c\u0103 <strong>telecabinele elve\u021biene sunt brutal de scumpe<\/strong>. Dac\u0103 pl\u0103nuie\u0219ti mai mult de dou\u0103 astfel de excursii, calculeaz\u0103-\u021bi <strong>Bernese Oberland Pass<\/strong> \u2014 pe trei zile cost\u0103 240 de franci \u0219i o mul\u021bime de instala\u021bii le ai cu el gratuit sau la jum\u0103tate de pre\u021b. Iar la belvederele scumpe urc\u0103 doar pe vreme senin\u0103, altfel pl\u0103te\u0219ti zeci de franci pentru o priveli\u0219te \u00een cea\u021b\u0103.<\/p>\n\n\n\n<figure data-wp-context=\"{&quot;imageId&quot;:&quot;6a95535ca7b3e&quot;}\" data-wp-interactive=\"core\/image\" data-wp-key=\"6a95535ca7b3e\" class=\"wp-block-image size-full wp-lightbox-container\"><img decoding=\"async\" width=\"1920\" height=\"1080\" data-wp-class--hide=\"state.isContentHidden\" data-wp-class--show=\"state.isContentVisible\" data-wp-init=\"callbacks.setButtonStyles\" data-wp-on--click=\"actions.showLightbox\" data-wp-on--load=\"callbacks.setButtonStyles\" data-wp-on--pointerdown=\"actions.preloadImage\" data-wp-on--pointerenter=\"actions.preloadImageWithDelay\" data-wp-on--pointerleave=\"actions.cancelPreload\" data-wp-on-window--resize=\"callbacks.setButtonStyles\" src=\"https:\/\/loudavymkrokem.cz\/wp-content\/uploads\/2026\/08\/bonigen-bachalpsee-jezero-first-1.jpg\" alt=\"Lacul de munte Bachalpsee de deasupra Grindelwaldului cu reflexia piscurilor glaciare\" class=\"wp-image-407122\" title=\"\" srcset=\"https:\/\/loudavymkrokem.cz\/wp-content\/uploads\/2026\/08\/bonigen-bachalpsee-jezero-first-1.jpg 1920w, https:\/\/loudavymkrokem.cz\/wp-content\/uploads\/2026\/08\/bonigen-bachalpsee-jezero-first-1-300x169.jpg 300w, https:\/\/loudavymkrokem.cz\/wp-content\/uploads\/2026\/08\/bonigen-bachalpsee-jezero-first-1-700x394.jpg 700w, https:\/\/loudavymkrokem.cz\/wp-content\/uploads\/2026\/08\/bonigen-bachalpsee-jezero-first-1-768x432.jpg 768w, https:\/\/loudavymkrokem.cz\/wp-content\/uploads\/2026\/08\/bonigen-bachalpsee-jezero-first-1-1536x864.jpg 1536w, https:\/\/loudavymkrokem.cz\/wp-content\/uploads\/2026\/08\/bonigen-bachalpsee-jezero-first-1-696x392.jpg 696w, https:\/\/loudavymkrokem.cz\/wp-content\/uploads\/2026\/08\/bonigen-bachalpsee-jezero-first-1-1392x783.jpg 1392w\" sizes=\"(max-width: 1920px) 100vw, 1920px\" \/><button\n\t\t\tclass=\"lightbox-trigger\"\n\t\t\ttype=\"button\"\n\t\t\taria-haspopup=\"dialog\"\n\t\t\tdata-wp-bind--aria-label=\"state.thisImage.triggerButtonAriaLabel\"\n\t\t\tdata-wp-init=\"callbacks.initTriggerButton\"\n\t\t\tdata-wp-on--click=\"actions.showLightbox\"\n\t\t\tdata-wp-style--right=\"state.thisImage.buttonRight\"\n\t\t\tdata-wp-style--top=\"state.thisImage.buttonTop\"\n\t\t>\n\t\t\t<svg xmlns=\"http:\/\/www.w3.org\/2000\/svg\" width=\"12\" height=\"12\" fill=\"none\" viewBox=\"0 0 12 12\">\n\t\t\t\t<path fill=\"#fff\" d=\"M2 0a2 2 0 0 0-2 2v2h1.5V2a.5.5 0 0 1 .5-.5h2V0H2Zm2 10.5H2a.5.5 0 0 1-.5-.5V8H0v2a2 2 0 0 0 2 2h2v-1.5ZM8 12v-1.5h2a.5.5 0 0 0 .5-.5V8H12v2a2 2 0 0 1-2 2H8Zm2-12a2 2 0 0 1 2 2v2h-1.5V2a.5.5 0 0 0-.5-.5H8V0h2Z\" \/>\n\t\t\t<\/svg>\n\t\t<\/button><figcaption class=\"wp-element-caption\">Foto: Chnebelh\u00e4x \/ Wikimedia Commons, CC BY-SA 4.0<\/figcaption><\/figure>\n\n\n\n<h3 class=\"wp-block-heading\"><span class=\"ez-toc-section\" id=\"13_De_la_First_la_lacul_Bachalpsee\"><\/span>13. De la First la lacul Bachalpsee<span class=\"ez-toc-section-end\"><\/span><\/h3>\n\n\n\n<p class=\"wp-block-paragraph\">Dac\u0103 ai timp doar pentru o singur\u0103 drume\u021bie montan\u0103 \u00een \u00eemprejurimi, s\u0103 fie asta. Din Grindelwald te urc\u0103 gondola pe <strong>First, la o altitudine de 2.167 de metri<\/strong>, iar de acolo se merge pe un drum lat, \u00eentre\u021binut, p\u00e2n\u0103 la <strong>lacul Bachalpsee, la 2.265 de metri<\/strong>. Dus-\u00eentors dureaz\u0103 <strong>mai pu\u021bin de dou\u0103 ore \u0219i urci doar ceva peste 200 de metri<\/strong>.<\/p>\n\n\n\n<p class=\"wp-block-paragraph\">Lacul acela este motivul pentru care se vine aici. Pe vreme f\u0103r\u0103 v\u00e2nt, \u00een el se oglindesc <strong>Wetterhorn, Schreckhorn \u0219i Finsteraarhorn<\/strong>, adic\u0103 piscuri glaciare de peste patru mii de metri, pe care le ai dintr-odat\u0103 \u00eentregi pe luciul de sub tine. Este una dintre cele mai fotografiate priveli\u0219ti din Alpii elve\u021bieni \u0219i, \u00een realitate, func\u021bioneaz\u0103 \u00eenc\u0103 \u0219i mai bine dec\u00e2t \u00een poze.<\/p>\n\n\n\n<p class=\"wp-block-paragraph\">Din Interlaken ajungi aici cu trenul p\u00e2n\u0103 \u00een Grindelwald \u00een cam 35 de minute \u0219i apoi cu gondola \u00eenc\u0103 25 de minute. <strong>Biletul dus-\u00eentors pe First cost\u0103 \u00een plin sezon 76 de franci<\/strong>, cu jum\u0103tate de tarif sau cu Swiss Travel Pass pl\u0103te\u0219ti 38.<\/p>\n\n\n\n<p class=\"wp-block-paragraph\">\ud83d\udca1 Sfat: Pleac\u0103 chiar cu prima curs\u0103 de diminea\u021b\u0103 \u2014 pe la ora zece, drumul spre lac se transform\u0103 \u00eentr-un \u0219ir care \u00eenainteaz\u0103 cu greu, iar <strong>luciul apei este de obicei \u00eencre\u021bit de v\u00e2nt dup\u0103 pr\u00e2nz<\/strong>, a\u0219a c\u0103 reflexia mun\u021bilor nu o mai prinzi. Iar \u00een trenul din Interlaken <strong>a\u0219az\u0103-te \u00een partea din spate a garniturii<\/strong>: la Zweil\u00fctschinen trenul se \u00eemparte, iar jum\u0103tatea din fa\u021b\u0103 merge spre Lauterbrunnen.<\/p>\n\n\n\n<figure data-wp-context=\"{&quot;imageId&quot;:&quot;6a95535ca8239&quot;}\" data-wp-interactive=\"core\/image\" data-wp-key=\"6a95535ca8239\" class=\"wp-block-image size-full wp-lightbox-container\"><img decoding=\"async\" width=\"1920\" height=\"1440\" data-wp-class--hide=\"state.isContentHidden\" data-wp-class--show=\"state.isContentVisible\" data-wp-init=\"callbacks.setButtonStyles\" data-wp-on--click=\"actions.showLightbox\" data-wp-on--load=\"callbacks.setButtonStyles\" data-wp-on--pointerdown=\"actions.preloadImage\" data-wp-on--pointerenter=\"actions.preloadImageWithDelay\" data-wp-on--pointerleave=\"actions.cancelPreload\" data-wp-on-window--resize=\"callbacks.setButtonStyles\" src=\"https:\/\/loudavymkrokem.cz\/wp-content\/uploads\/2026\/08\/bonigen-faulhorn-horsky-hotel-1.jpg\" alt=\"V\u00e2rful Faulhorn cu hotelul montan istoric din 1832\" class=\"wp-image-407129\" title=\"\" srcset=\"https:\/\/loudavymkrokem.cz\/wp-content\/uploads\/2026\/08\/bonigen-faulhorn-horsky-hotel-1.jpg 1920w, https:\/\/loudavymkrokem.cz\/wp-content\/uploads\/2026\/08\/bonigen-faulhorn-horsky-hotel-1-300x225.jpg 300w, https:\/\/loudavymkrokem.cz\/wp-content\/uploads\/2026\/08\/bonigen-faulhorn-horsky-hotel-1-700x525.jpg 700w, https:\/\/loudavymkrokem.cz\/wp-content\/uploads\/2026\/08\/bonigen-faulhorn-horsky-hotel-1-768x576.jpg 768w, https:\/\/loudavymkrokem.cz\/wp-content\/uploads\/2026\/08\/bonigen-faulhorn-horsky-hotel-1-1536x1152.jpg 1536w, https:\/\/loudavymkrokem.cz\/wp-content\/uploads\/2026\/08\/bonigen-faulhorn-horsky-hotel-1-80x60.jpg 80w, https:\/\/loudavymkrokem.cz\/wp-content\/uploads\/2026\/08\/bonigen-faulhorn-horsky-hotel-1-160x120.jpg 160w, https:\/\/loudavymkrokem.cz\/wp-content\/uploads\/2026\/08\/bonigen-faulhorn-horsky-hotel-1-696x522.jpg 696w, https:\/\/loudavymkrokem.cz\/wp-content\/uploads\/2026\/08\/bonigen-faulhorn-horsky-hotel-1-1392x1044.jpg 1392w\" sizes=\"(max-width: 1920px) 100vw, 1920px\" \/><button\n\t\t\tclass=\"lightbox-trigger\"\n\t\t\ttype=\"button\"\n\t\t\taria-haspopup=\"dialog\"\n\t\t\tdata-wp-bind--aria-label=\"state.thisImage.triggerButtonAriaLabel\"\n\t\t\tdata-wp-init=\"callbacks.initTriggerButton\"\n\t\t\tdata-wp-on--click=\"actions.showLightbox\"\n\t\t\tdata-wp-style--right=\"state.thisImage.buttonRight\"\n\t\t\tdata-wp-style--top=\"state.thisImage.buttonTop\"\n\t\t>\n\t\t\t<svg xmlns=\"http:\/\/www.w3.org\/2000\/svg\" width=\"12\" height=\"12\" fill=\"none\" viewBox=\"0 0 12 12\">\n\t\t\t\t<path fill=\"#fff\" d=\"M2 0a2 2 0 0 0-2 2v2h1.5V2a.5.5 0 0 1 .5-.5h2V0H2Zm2 10.5H2a.5.5 0 0 1-.5-.5V8H0v2a2 2 0 0 0 2 2h2v-1.5ZM8 12v-1.5h2a.5.5 0 0 0 .5-.5V8H12v2a2 2 0 0 1-2 2H8Zm2-12a2 2 0 0 1 2 2v2h-1.5V2a.5.5 0 0 0-.5-.5H8V0h2Z\" \/>\n\t\t\t<\/svg>\n\t\t<\/button><figcaption class=\"wp-element-caption\">Foto: Whgler \/ Wikimedia Commons, CC BY-SA 3.0<\/figcaption><\/figure>\n\n\n\n<h3 class=\"wp-block-heading\"><span class=\"ez-toc-section\" id=\"14_Traversarea_regala_de_creasta_Schynige_Platte_%E2%80%93_Faulhorn_%E2%80%93_First\"><\/span>14. Traversarea regal\u0103 de creast\u0103 Schynige Platte \u2013 Faulhorn \u2013 First<span class=\"ez-toc-section-end\"><\/span><\/h3>\n\n\n\n<p class=\"wp-block-paragraph\">Aceasta este cea mai faimoas\u0103 drume\u021bie de o zi a \u00eentregii regiuni, iar sursele franceze \u0219i engleze o claseaz\u0103 la unison printre cele mai frumoase din Elve\u021bia. Urci cu trenul din\u021bat pe <strong>Schynige Platte<\/strong>, mergi toat\u0103 ziua pe creast\u0103, cu lacurile Thun \u0219i Brienz pe o parte \u0219i cu Eiger, M\u00f6nch \u0219i Jungfrau pe cealalt\u0103, iar \u00een jos cobori cu gondola de pe First.<\/p>\n\n\n\n<p class=\"wp-block-paragraph\">Sunt <strong>cam 16 p\u00e2n\u0103 la 17 kilometri \u0219i socote\u0219te cu \u0219ase p\u00e2n\u0103 la opt ore<\/strong>, \u00een func\u021bie de c\u00e2t de des te opre\u0219ti. Cel mai \u00eenalt punct este <strong>Faulhorn, la 2.681 de metri<\/strong>, unde urci din Schynige Platte \u00een 4 ore \u0219i 10 minute. Pe drum treci pe l\u00e2ng\u0103 lacul S\u00e4gistalsee, iar \u00een final cobori pe l\u00e2ng\u0103 Bachalpsee.<\/p>\n\n\n\n<p class=\"wp-block-paragraph\">Pe v\u00e2rful Faulhorn se afl\u0103 un <strong>hotel montan din 1832<\/strong> \u2014 mai vechi sunt \u00een Elve\u021bia doar dou\u0103. Se poate \u00eennopta \u00een el \u0219i este o variant\u0103 pe care a\u0219 lua-o \u00een calcul pentru oricine nu vrea s\u0103-\u0219i parcurg\u0103 tot traseul dintr-o suflare. \u00cel \u00eempar\u021bi \u00een dou\u0103 zile lejere \u0219i, pe deasupra, ai \u0219i r\u0103s\u0103ritul de soare peste ghe\u021bari.<\/p>\n\n\n\n<p class=\"wp-block-paragraph\">\ud83d\udca1 Sfat: Fii atent la orar \u2014 <strong>trenul din\u021bat pe Schynige Platte circul\u0103 abia din 13 iunie p\u00e2n\u0103 \u00een 25 octombrie<\/strong>, iar ultima gondol\u0103 de pe First pleac\u0103 dup\u0103-amiaza. Cazarea pe Faulhorn te cost\u0103 <strong>de la 80 de franci, cu demipensiune<\/strong>, dar \u021bine cont c\u0103 sus <strong>nu sunt du\u0219uri \u0219i nici ap\u0103 potabil\u0103<\/strong>, iar la dormitorul comun este obligatorie o hus\u0103 de sac de dormit.<\/p>\n\n\n\n<figure data-wp-context=\"{&quot;imageId&quot;:&quot;6a95535ca87ae&quot;}\" data-wp-interactive=\"core\/image\" data-wp-key=\"6a95535ca87ae\" class=\"wp-block-image size-full wp-lightbox-container\"><img decoding=\"async\" width=\"1600\" height=\"1200\" data-wp-class--hide=\"state.isContentHidden\" data-wp-class--show=\"state.isContentVisible\" data-wp-init=\"callbacks.setButtonStyles\" data-wp-on--click=\"actions.showLightbox\" data-wp-on--load=\"callbacks.setButtonStyles\" data-wp-on--pointerdown=\"actions.preloadImage\" data-wp-on--pointerenter=\"actions.preloadImageWithDelay\" data-wp-on--pointerleave=\"actions.cancelPreload\" data-wp-on-window--resize=\"callbacks.setButtonStyles\" src=\"https:\/\/loudavymkrokem.cz\/wp-content\/uploads\/2026\/08\/bonigen-mannlichen-kleine-scheidegg-1.jpg\" alt=\"Drumul panoramic de la M\u00e4nnlichen la Kleine Scheidegg cu masivul Jungfrau\" class=\"wp-image-407132\" title=\"\" srcset=\"https:\/\/loudavymkrokem.cz\/wp-content\/uploads\/2026\/08\/bonigen-mannlichen-kleine-scheidegg-1.jpg 1600w, https:\/\/loudavymkrokem.cz\/wp-content\/uploads\/2026\/08\/bonigen-mannlichen-kleine-scheidegg-1-300x225.jpg 300w, https:\/\/loudavymkrokem.cz\/wp-content\/uploads\/2026\/08\/bonigen-mannlichen-kleine-scheidegg-1-700x525.jpg 700w, https:\/\/loudavymkrokem.cz\/wp-content\/uploads\/2026\/08\/bonigen-mannlichen-kleine-scheidegg-1-768x576.jpg 768w, https:\/\/loudavymkrokem.cz\/wp-content\/uploads\/2026\/08\/bonigen-mannlichen-kleine-scheidegg-1-1536x1152.jpg 1536w, https:\/\/loudavymkrokem.cz\/wp-content\/uploads\/2026\/08\/bonigen-mannlichen-kleine-scheidegg-1-80x60.jpg 80w, https:\/\/loudavymkrokem.cz\/wp-content\/uploads\/2026\/08\/bonigen-mannlichen-kleine-scheidegg-1-160x120.jpg 160w, https:\/\/loudavymkrokem.cz\/wp-content\/uploads\/2026\/08\/bonigen-mannlichen-kleine-scheidegg-1-696x522.jpg 696w, https:\/\/loudavymkrokem.cz\/wp-content\/uploads\/2026\/08\/bonigen-mannlichen-kleine-scheidegg-1-1392x1044.jpg 1392w\" sizes=\"(max-width: 1600px) 100vw, 1600px\" \/><button\n\t\t\tclass=\"lightbox-trigger\"\n\t\t\ttype=\"button\"\n\t\t\taria-haspopup=\"dialog\"\n\t\t\tdata-wp-bind--aria-label=\"state.thisImage.triggerButtonAriaLabel\"\n\t\t\tdata-wp-init=\"callbacks.initTriggerButton\"\n\t\t\tdata-wp-on--click=\"actions.showLightbox\"\n\t\t\tdata-wp-style--right=\"state.thisImage.buttonRight\"\n\t\t\tdata-wp-style--top=\"state.thisImage.buttonTop\"\n\t\t>\n\t\t\t<svg xmlns=\"http:\/\/www.w3.org\/2000\/svg\" width=\"12\" height=\"12\" fill=\"none\" viewBox=\"0 0 12 12\">\n\t\t\t\t<path fill=\"#fff\" d=\"M2 0a2 2 0 0 0-2 2v2h1.5V2a.5.5 0 0 1 .5-.5h2V0H2Zm2 10.5H2a.5.5 0 0 1-.5-.5V8H0v2a2 2 0 0 0 2 2h2v-1.5ZM8 12v-1.5h2a.5.5 0 0 0 .5-.5V8H12v2a2 2 0 0 1-2 2H8Zm2-12a2 2 0 0 1 2 2v2h-1.5V2a.5.5 0 0 0-.5-.5H8V0h2Z\" \/>\n\t\t\t<\/svg>\n\t\t<\/button><figcaption class=\"wp-element-caption\">Foto: Timo Newton-Syms \/ Wikimedia Commons, CC BY-SA 2.0<\/figcaption><\/figure>\n\n\n\n<!-- LKM_GYG_CARD start q=\"bonigen\" lang=\"ro\" rendered=\"2026-08-31T08:43:14+00:00\" v=\"1\" -->\n\n<!-- LKM_GYG_CARD end -->\n\n\n\n\n<div class=\"lk-stays-module\">\n<style>\n\/* \u2500\u2500\u2500 RESET PRO GUTENBERG \u2500\u2500\u2500 *\/\n.lk-stays-module * { box-sizing: border-box; margin: 0; padding: 0; }\n\n\/* \u2500\u2500\u2500 WRAPPER \u2500\u2500\u2500 *\/\n.lk-stays-module {\n  font-family: 'DM Sans', Georgia, sans-serif;\n  max-width: 100%;\n  margin: 2.5rem auto;\n  background: linear-gradient(135deg, #fdfaf5 0%, #fcf8f0 100%);\n  border: 1px solid #e8dfd4;\n  border-radius: 16px;\n  overflow: hidden;\n  box-shadow: 0 16px 48px rgba(195, 159, 118, 0.25), 0 4px 12px rgba(0,0,0,0.08);\n}\n\n\/* \u2500\u2500\u2500 HEADER \u2500\u2500\u2500 *\/\n.lk-stays-header {\n  position: relative;\n  padding: 24px 36px 24px;\n  background: linear-gradient(135deg, #c39f76 0%, #d4b188 60%, #c39f76 100%);\n  border-bottom: 1px solid rgba(255,255,255,.15);\n  display: flex;\n  align-items: center;\n  gap: 18px;\n}\n.lk-stays-header::before {\n  content: '';\n  position: absolute;\n  inset: 0;\n  background: url(\"data:image\/svg+xml,%3Csvg width='60' height='60' viewBox='0 0 60 60' xmlns='http:\/\/www.w3.org\/2000\/svg'%3E%3Cg fill='none' fill-rule='evenodd'%3E%3Cg fill='%23ffffff' fill-opacity='0.05'%3E%3Cpath d='M36 34v-4h-2v4h-4v2h4v4h2v-4h4v-2h-4zm0-30V0h-2v4h-4v2h4v4h2V6h4V4h-4zM6 34v-4H4v4H0v2h4v4h2v-4h4v-2H6zM6 4V0H4v4H0v2h4v4h2V6h4V4H6z'\/%3E%3C\/g%3E%3C\/g%3E%3C\/svg%3E\") repeat;\n  pointer-events: none;\n}\n.lk-stays-icon {\n  flex-shrink: 0;\n  width: 68px;\n  height: 68px;\n  border-radius: 14px;\n  background: linear-gradient(135deg, #fff 0%, #f9f6f0 100%);\n  display: flex;\n  align-items: center;\n  justify-content: center;\n  font-size: 26px;\n  box-shadow: 0 4px 12px rgba(0,0,0,0.15);\n}\n.lk-stays-eyebrow {\n  font-size: 10px;\n  font-weight: 500;\n  letter-spacing: 2.5px;\n  text-transform: uppercase;\n  color: rgba(255,255,255,.85);\n  margin: 0 0 5px 0;\n}\n.lk-stays-title {\n  font-family: 'Playfair Display', Georgia, serif;\n  font-size: 24px;\n  font-weight: 700;\n  color: #fff;\n  line-height: 1.2;\n  text-shadow: 0 1px 2px rgba(0,0,0,0.1);\n  margin: 0;\n}\n.lk-stays-subtitle {\n  font-size: 13px;\n  color: rgba(255,255,255,.75);\n  margin: 4px 0 0 0;\n  font-weight: 300;\n}\n\n\/* \u2500\u2500\u2500 CARDS GRID \u2500\u2500\u2500 *\/\n.lk-stays-grid {\n  display: grid;\n  grid-template-columns: 1fr 1fr;\n  gap: 1px;\n  background: rgba(195, 159, 118, 0.12);\n}\n\n\/* \u2500\u2500\u2500 SINGLE CARD \u2500\u2500\u2500 *\/\n.lk-stay-card {\n  background: #ffffff;\n  padding: 26px;\n  display: flex;\n  flex-direction: column;\n  gap: 11px;\n  transition: all 0.3s ease;\n  text-decoration: none;\n  color: inherit;\n  position: relative;\n}\n.lk-stay-card:hover {\n  background: #fffbf5;\n  transform: translateY(-2px);\n  box-shadow: 0 8px 24px rgba(195, 159, 118, 0.18);\n  z-index: 1;\n}\n.lk-stay-card.featured {\n  background: linear-gradient(135deg, #fffdf9 0%, #fff9f0 100%);\n  box-shadow: 0 4px 16px rgba(195, 159, 118, 0.15), inset 0 1px 0 rgba(195, 159, 118, 0.1);\n}\n.lk-stay-card.featured:hover {\n  background: linear-gradient(135deg, #fffbf5 0%, #fff8ed 100%);\n  box-shadow: 0 8px 24px rgba(195, 159, 118, 0.25), inset 0 1px 0 rgba(195, 159, 118, 0.15);\n}\n\n.lk-stay-badge {\n  display: inline-flex;\n  align-items: center;\n  gap: 5px;\n  font-size: 10px;\n  font-weight: 500;\n  letter-spacing: 1.5px;\n  text-transform: uppercase;\n  padding: 5px 11px;\n  border-radius: 20px;\n  width: fit-content;\n}\n.badge-top     { background: linear-gradient(135deg, #c39f76 0%, #d4b188 100%); color: #fff; border: 1px solid #c39f76; font-weight: 600; box-shadow: 0 2px 8px rgba(195,159,118,0.3); }\n.badge-luxury  { background: rgba(195,159,118,.12); color: #c39f76; border: 1px solid rgba(195,159,118,.25); }\n.badge-boutique{ background: rgba(54,133,252,.08); color: #3685fc; border: 1px solid rgba(54,133,252,.2); }\n.badge-nature  { background: rgba(130,190,100,.1); color: #6b9c4a; border: 1px solid rgba(130,190,100,.2); }\n.badge-remote  { background: rgba(195,159,118,.12); color: #a67e50; border: 1px solid rgba(195,159,118,.25); }\n\n.lk-stay-name {\n  font-family: 'Playfair Display', Georgia, serif;\n  font-size: 18px;\n  font-weight: 700;\n  color: #111827;\n  line-height: 1.3;\n}\n.lk-stay-desc {\n  font-size: 13.5px;\n  color: #525252;\n  line-height: 1.65;\n  font-weight: 300;\n  flex: 1;\n}\n\n.lk-stay-meta {\n  display: flex;\n  align-items: center;\n  gap: 12px;\n  flex-wrap: wrap;\n  margin-top: 4px;\n}\n.lk-stay-price {\n  font-size: 13px;\n  color: #6b7280;\n}\n.lk-stay-price strong {\n  color: #c39f76;\n  font-weight: 500;\n}\n.lk-stay-stars {\n  color: #c39f76;\n  font-size: 11px;\n  letter-spacing: 1px;\n}\n\n\/* \u2500\u2500\u2500 CTA BUTTON \u2500\u2500\u2500 *\/\n.lk-stay-cta {\n  display: inline-flex;\n  align-items: center;\n  justify-content: center;\n  gap: 7px;\n  margin-top: 8px;\n  padding: 11px 20px;\n  border-radius: 8px;\n  background: linear-gradient(135deg, #3685fc 0%, #2a6fd9 100%);\n  color: #fff;\n  font-size: 13px;\n  font-weight: 500;\n  text-decoration: none;\n  letter-spacing: .3px;\n  transition: all .2s ease;\n  cursor: pointer;\n  border: none;\n  text-align: center;\n  box-shadow: 0 4px 12px rgba(54, 133, 252, 0.25);\n}\n.lk-stay-cta:hover {\n  background: linear-gradient(135deg, #2a6fd9 0%, #1e5bc4 100%);\n  transform: translateY(-1px);\n  box-shadow: 0 6px 16px rgba(54, 133, 252, 0.35);\n}\n.lk-stay-cta svg { flex-shrink: 0; }\n\n\/* \u2500\u2500\u2500 FOOTER \u2500\u2500\u2500 *\/\n.lk-stays-footer {\n  padding: 18px 36px;\n  background: linear-gradient(to bottom, #fdfaf5 0%, #f9f4ed 100%);\n  border-top: 1px solid rgba(195, 159, 118, 0.15);\n  display: flex;\n  align-items: center;\n  justify-content: space-between;\n  flex-wrap: wrap;\n  gap: 12px;\n}\n.lk-stays-footer-note {\n  font-size: 11.5px;\n  color: #6b7280;\n  font-weight: 300;\n  line-height: 1.5;\n}\n.lk-stays-footer-note a {\n  color: #c39f76;\n  text-decoration: none;\n  font-weight: 400;\n}\n.lk-stays-footer-note a:hover {\n  text-decoration: underline;\n}\n.lk-stays-all-btn {\n  display: inline-flex;\n  align-items: center;\n  gap: 6px;\n  font-size: 12.5px;\n  font-weight: 500;\n  color: #c39f76;\n  text-decoration: none;\n  border: 1px solid rgba(195, 159, 118, 0.35);\n  padding: 8px 18px;\n  border-radius: 8px;\n  transition: all .2s ease;\n}\n.lk-stays-all-btn:hover {\n  background: rgba(195, 159, 118, 0.08);\n  border-color: rgba(195, 159, 118, 0.5);\n}\n\n\/* \u2500\u2500\u2500 RESPONSIVE \u2500\u2500\u2500 *\/\n@media (max-width: 600px) {\n  .lk-stays-grid { grid-template-columns: 1fr; }\n  .lk-stays-header { padding: 24px 20px; }\n  .lk-stays-footer { padding: 16px 20px; }\n  .lk-stay-card { padding: 22px; }\n  .lk-stays-title { font-size: 20px; }\n}\n<\/style>\n\n  <!-- HEADER -->\n  <div class=\"lk-stays-header\">\n    <img decoding=\"async\" src=\"https:\/\/loudavymkrokem.cz\/wp-content\/uploads\/2026\/02\/lukas-a-lucka.jpg\" alt=\"\" style=\"width: 75px; height: 75px; border-radius: 8px; flex-shrink: 0; object-fit: cover; display: block; margin: 4px 0;\" title=\"\">\n    <div class=\"lk-stays-header-text\">\n      <div class=\"lk-stays-eyebrow\">Luk\u00e1\u0161 \u0219i Lucie recomand\u0103<\/div>\n      <div class=\"lk-stays-title\">Unde s\u0103 te cazezi \u00een B\u00f6nigen<\/div>\n      <div class=\"lk-stays-subtitle\">6 caz\u0103ri \u2014 hoteluri, campinguri \u0219i alte op\u021biuni de cazare<\/div>\n    <\/div>\n  <\/div>\n\n  <!-- CARDS -->\n  <div class=\"lk-stays-grid\">\n\n    <a class=\"lk-stay-card featured\" href=\"https:\/\/www.stay22.com\/allez\/roam?aid=lukaskonecny&#038;campaign=loudavymkrokemcz&#038;campaign=ro&#038;campaign=bonigen&#038;hotelname=Hotel%20Seiler%20au%20Lac&#038;address=B%C3%B6nigen%2C%20%C5%A0v%C3%BDcarsko\" target=\"_blank\" rel=\"nofollow noopener\">\n      <span class=\"lk-stay-badge badge-top\">\u2b50 TOP ALEGERE<\/span>\n      <span class=\"lk-stay-badge badge-nature\">\ud83c\udfe8 Hotel<\/span>\n      <div class=\"lk-stay-name\">Hotel Seiler au Lac<\/div>\n      <div class=\"lk-stay-desc\">Situat direct pe malul lacului, vaporul opre\u0219te chiar \u00een fa\u021ba u\u0219ii. Patruzeci de camere, vedere la mun\u021bi \u0219i lac.<\/div>\n      <div class=\"lk-stay-meta\">\n        <span class=\"lk-stay-stars\">\u2605\u2605\u2605\u2605<\/span>\n        <span class=\"lk-stay-price\">Verific\u0103 pre\u021burile<\/span>\n      <\/div>\n      <span class=\"lk-stay-cta\">\n        <svg width=\"14\" height=\"14\" viewBox=\"0 0 24 24\" fill=\"none\" stroke=\"currentColor\" stroke-width=\"2\"><path d=\"M18 13v6a2 2 0 0 1-2 2H5a2 2 0 0 1-2-2V8a2 2 0 0 1 2-2h6\"\/><polyline points=\"15 3 21 3 21 9\"\/><line x1=\"10\" y1=\"14\" x2=\"21\" y2=\"3\"\/><\/svg>\n        Verific\u0103 disponibilitatea\n      <\/span>\n    <\/a>\n\n    <a class=\"lk-stay-card\" href=\"https:\/\/www.stay22.com\/allez\/roam?aid=lukaskonecny&#038;campaign=loudavymkrokemcz&#038;campaign=ro&#038;campaign=bonigen&#038;hotelname=Seehotel%20B%C3%B6nigen&#038;address=B%C3%B6nigen%2C%20%C5%A0v%C3%BDcarsko\" target=\"_blank\" rel=\"nofollow noopener\">\n      <span class=\"lk-stay-badge badge-nature\">\ud83c\udfe8 Hotel<\/span>\n      <div class=\"lk-stay-name\">Seehotel B\u00f6nigen<\/div>\n      <div class=\"lk-stay-desc\">Op\u021biune excelent\u0103 pentru familii cu vedere panoramic\u0103, restaurant propriu renumit \u0219i mic dejun bogat.<\/div>\n      <div class=\"lk-stay-meta\">\n        <span class=\"lk-stay-stars\">\u2605\u2605\u2605\u2605<\/span>\n        <span class=\"lk-stay-price\">Verific\u0103 pre\u021burile<\/span>\n      <\/div>\n      <span class=\"lk-stay-cta\">\n        <svg width=\"14\" height=\"14\" viewBox=\"0 0 24 24\" fill=\"none\" stroke=\"currentColor\" stroke-width=\"2\"><path d=\"M18 13v6a2 2 0 0 1-2 2H5a2 2 0 0 1-2-2V8a2 2 0 0 1 2-2h6\"\/><polyline points=\"15 3 21 3 21 9\"\/><line x1=\"10\" y1=\"14\" x2=\"21\" y2=\"3\"\/><\/svg>\n        Verific\u0103 disponibilitatea\n      <\/span>\n    <\/a>\n\n    <a class=\"lk-stay-card\" href=\"https:\/\/www.stay22.com\/allez\/roam?aid=lukaskonecny&#038;campaign=loudavymkrokemcz&#038;campaign=ro&#038;campaign=bonigen&#038;hotelname=TCS%20Camping%20B%C3%B6nigen%20Brienzersee&#038;address=B%C3%B6nigen%2C%20%C5%A0v%C3%BDcarsko\" target=\"_blank\" rel=\"nofollow noopener\">\n      <span class=\"lk-stay-badge badge-nature\">\u26fa Camping<\/span>\n      <div class=\"lk-stay-name\">TCS Camping B\u00f6nigen Brienzersee<\/div>\n      <div class=\"lk-stay-desc\">Varianta perfect\u0103 pentru buget mic direct l\u00e2ng\u0103 lac, la 200 m de plaj\u0103. F\u0103r\u0103 piscin\u0103, doar loc de joac\u0103 cu ap\u0103.<\/div>\n      <div class=\"lk-stay-meta\">\n        <span class=\"lk-stay-stars\">\u2605\u2605\u2605\u2605<\/span>\n        <span class=\"lk-stay-price\">de la 72-80 EUR\/noapte<\/span>\n      <\/div>\n      <span class=\"lk-stay-cta\">\n        <svg width=\"14\" height=\"14\" viewBox=\"0 0 24 24\" fill=\"none\" stroke=\"currentColor\" stroke-width=\"2\"><path d=\"M18 13v6a2 2 0 0 1-2 2H5a2 2 0 0 1-2-2V8a2 2 0 0 1 2-2h6\"\/><polyline points=\"15 3 21 3 21 9\"\/><line x1=\"10\" y1=\"14\" x2=\"21\" y2=\"3\"\/><\/svg>\n        Verific\u0103 disponibilitatea\n      <\/span>\n    <\/a>\n\n    <a class=\"lk-stay-card\" href=\"https:\/\/www.stay22.com\/allez\/roam?aid=lukaskonecny&#038;campaign=loudavymkrokemcz&#038;campaign=ro&#038;campaign=bonigen&#038;hotelname=Mountain%20and%20Lake&#038;address=B%C3%B6nigen%2C%20%C5%A0v%C3%BDcarsko\" target=\"_blank\" rel=\"nofollow noopener\">\n      <span class=\"lk-stay-badge badge-nature\">\ud83c\udfe1 Apartament<\/span>\n      <div class=\"lk-stay-name\">Mountain and Lake<\/div>\n      <div class=\"lk-stay-desc\">Apartament privat cu recenzii fantastice, buc\u0103t\u0103rie complet utilat\u0103 \u0219i teras\u0103 frumoas\u0103 pentru \u0219ederi mai lungi.<\/div>\n      <div class=\"lk-stay-meta\">\n        <span class=\"lk-stay-stars\">\u2605\u2605\u2605\u2605<\/span>\n        <span class=\"lk-stay-price\">Verific\u0103 pre\u021burile<\/span>\n      <\/div>\n      <span class=\"lk-stay-cta\">\n        <svg width=\"14\" height=\"14\" viewBox=\"0 0 24 24\" fill=\"none\" stroke=\"currentColor\" stroke-width=\"2\"><path d=\"M18 13v6a2 2 0 0 1-2 2H5a2 2 0 0 1-2-2V8a2 2 0 0 1 2-2h6\"\/><polyline points=\"15 3 21 3 21 9\"\/><line x1=\"10\" y1=\"14\" x2=\"21\" y2=\"3\"\/><\/svg>\n        Verific\u0103 disponibilitatea\n      <\/span>\n    <\/a>\n\n    <a class=\"lk-stay-card\" href=\"https:\/\/www.stay22.com\/allez\/roam?aid=lukaskonecny&#038;campaign=loudavymkrokemcz&#038;campaign=ro&#038;campaign=bonigen&#038;hotelname=Walida&#038;address=B%C3%B6nigen%2C%20%C5%A0v%C3%BDcarsko\" target=\"_blank\" rel=\"nofollow noopener\">\n      <span class=\"lk-stay-badge badge-nature\">\ud83c\udfe8 Hotel<\/span>\n      <div class=\"lk-stay-name\">Walida<\/div>\n      <div class=\"lk-stay-desc\">Hotel mai simplu dar pl\u0103cut la un pre\u021b rezonabil, balcoane cu vedere la v\u00e2rfurile alpine.<\/div>\n      <div class=\"lk-stay-meta\">\n        <span class=\"lk-stay-stars\">\u2605\u2605\u2605\u2605<\/span>\n        <span class=\"lk-stay-price\">Verific\u0103 pre\u021burile<\/span>\n      <\/div>\n      <span class=\"lk-stay-cta\">\n        <svg width=\"14\" height=\"14\" viewBox=\"0 0 24 24\" fill=\"none\" stroke=\"currentColor\" stroke-width=\"2\"><path d=\"M18 13v6a2 2 0 0 1-2 2H5a2 2 0 0 1-2-2V8a2 2 0 0 1 2-2h6\"\/><polyline points=\"15 3 21 3 21 9\"\/><line x1=\"10\" y1=\"14\" x2=\"21\" y2=\"3\"\/><\/svg>\n        Verific\u0103 disponibilitatea\n      <\/span>\n    <\/a>\n\n    <a class=\"lk-stay-card\" href=\"https:\/\/www.stay22.com\/allez\/roam?aid=lukaskonecny&#038;campaign=loudavymkrokemcz&#038;campaign=ro&#038;campaign=bonigen&#038;address=B%C3%B6nigen&#038;hotelname=Grandhotel+Giessbach&#038;search=Grandhotel+Giessbach&#038;category=accommodation\" target=\"_blank\" rel=\"nofollow noopener\">\n      <span class=\"lk-stay-badge badge-nature\">\u2b50 Luxury<\/span>\n      <div class=\"lk-stay-name\">Grandhotel Giessbach<\/div>\n      <div class=\"lk-stay-desc\">Palat de lux din secolul al XIX-lea deasupra cascadelor Giessbach cu 22 hectare de parc \u0219i teras\u0103 panoramic\u0103.<\/div>\n      <div class=\"lk-stay-meta\">\n        <span class=\"lk-stay-stars\">\u2605\u2605\u2605\u2605<\/span>\n        <span class=\"lk-stay-price\">Verific\u0103 pre\u021burile<\/span>\n      <\/div>\n      <span class=\"lk-stay-cta\">\n        <svg width=\"14\" height=\"14\" viewBox=\"0 0 24 24\" fill=\"none\" stroke=\"currentColor\" stroke-width=\"2\"><path d=\"M18 13v6a2 2 0 0 1-2 2H5a2 2 0 0 1-2-2V8a2 2 0 0 1 2-2h6\"\/><polyline points=\"15 3 21 3 21 9\"\/><line x1=\"10\" y1=\"14\" x2=\"21\" y2=\"3\"\/><\/svg>\n        Verific\u0103 disponibilitatea\n      <\/span>\n    <\/a>\n\n  <\/div>\n\n  \n<\/div>\n\n\n\n\n<h3 class=\"wp-block-heading\"><span class=\"ez-toc-section\" id=\"15_Mannlichen_si_drumul_panoramic_spre_Kleine_Scheidegg\"><\/span>15. M\u00e4nnlichen \u0219i drumul panoramic spre Kleine Scheidegg<span class=\"ez-toc-section-end\"><\/span><\/h3>\n\n\n\n<p class=\"wp-block-paragraph\">Aceasta e alegerea mea clar\u0103 c\u00e2nd merg la munte cu copii mici. Telecabina te urc\u0103 pe <strong>M\u00e4nnlichen, la 2.222 de metri<\/strong>, iar de acolo duce spre Kleine Scheidegg un <strong>drum panoramic lung de 4,5 kilometri<\/strong>, care \u00ee\u021bi ia o or\u0103 p\u00e2n\u0103 la o or\u0103 \u0219i jum\u0103tate. Aproape tot timpul se merge la vale \u0219i <strong>este un drum lat de pietri\u0219, practicabil chiar \u0219i cu c\u0103ruciorul de teren<\/strong>.<\/p>\n\n\n\n<p class=\"wp-block-paragraph\">Tot timpul ai chiar \u00een fa\u021ba ta pe <strong>Eiger, M\u00f6nch \u0219i Jungfrau<\/strong>, a\u0219a c\u0103 este cel mai bun raport priveli\u0219te\u2013efort depus pe care \u00eel g\u0103se\u0219ti \u00een regiune. La \u021bel, pe <strong>Kleine Scheidegg, la 2.061 de metri<\/strong>, te urci \u00een tren \u0219i te la\u0219i dus \u00eenapoi \u00een vale.<\/p>\n\n\n\n<p class=\"wp-block-paragraph\">\u00cenainte s\u0103 pleci, mai f\u0103-\u021bi un <strong>Royal Walk<\/strong> \u2014 este o ramifica\u021bie de la sta\u021bia superioar\u0103 p\u00e2n\u0103 la v\u00e2rful propriu-zis al M\u00e4nnlichenului, la 2.345 de metri. Urci doar ceva peste o sut\u0103 de metri \u0219i \u00ee\u021bi ia <strong>o jum\u0103tate de or\u0103<\/strong>, dar panorama de sus este cu o clas\u0103 mai bun\u0103 dec\u00e2t cea din sta\u021bie.<\/p>\n\n\n\n<p class=\"wp-block-paragraph\">\ud83d\udca1 Sfat: Telecabinele pe M\u00e4nnlichen circul\u0103 <strong>din 23 mai p\u00e2n\u0103 \u00een 25 octombrie<\/strong>. Din Wengen \u00ee\u021bi po\u021bi cump\u0103ra, cu un supliment de cinci franci, \u201eRoyal Ride&#8221; \u0219i po\u021bi urca <strong>pe balconul deschis de pe acoperi\u0219ul cabinei<\/strong> \u2014 copiii sunt de-a dreptul \u00een extaz.<\/p>\n\n\n\n<figure data-wp-context=\"{&quot;imageId&quot;:&quot;6a95535ca8ff5&quot;}\" data-wp-interactive=\"core\/image\" data-wp-key=\"6a95535ca8ff5\" class=\"wp-block-image size-full wp-lightbox-container\"><img decoding=\"async\" width=\"1920\" height=\"1289\" data-wp-class--hide=\"state.isContentHidden\" data-wp-class--show=\"state.isContentVisible\" data-wp-init=\"callbacks.setButtonStyles\" data-wp-on--click=\"actions.showLightbox\" data-wp-on--load=\"callbacks.setButtonStyles\" data-wp-on--pointerdown=\"actions.preloadImage\" data-wp-on--pointerenter=\"actions.preloadImageWithDelay\" data-wp-on--pointerleave=\"actions.cancelPreload\" data-wp-on-window--resize=\"callbacks.setButtonStyles\" src=\"https:\/\/loudavymkrokem.cz\/wp-content\/uploads\/2026\/08\/bonigen-eiger-severni-stena-1.jpg\" alt=\"Peretele nordic al Eigerului, pe sub care duce Eiger Trail\" class=\"wp-image-407136\" title=\"\" srcset=\"https:\/\/loudavymkrokem.cz\/wp-content\/uploads\/2026\/08\/bonigen-eiger-severni-stena-1.jpg 1920w, https:\/\/loudavymkrokem.cz\/wp-content\/uploads\/2026\/08\/bonigen-eiger-severni-stena-1-300x201.jpg 300w, https:\/\/loudavymkrokem.cz\/wp-content\/uploads\/2026\/08\/bonigen-eiger-severni-stena-1-700x470.jpg 700w, https:\/\/loudavymkrokem.cz\/wp-content\/uploads\/2026\/08\/bonigen-eiger-severni-stena-1-768x516.jpg 768w, https:\/\/loudavymkrokem.cz\/wp-content\/uploads\/2026\/08\/bonigen-eiger-severni-stena-1-1536x1031.jpg 1536w, https:\/\/loudavymkrokem.cz\/wp-content\/uploads\/2026\/08\/bonigen-eiger-severni-stena-1-696x467.jpg 696w, https:\/\/loudavymkrokem.cz\/wp-content\/uploads\/2026\/08\/bonigen-eiger-severni-stena-1-1392x935.jpg 1392w\" sizes=\"(max-width: 1920px) 100vw, 1920px\" \/><button\n\t\t\tclass=\"lightbox-trigger\"\n\t\t\ttype=\"button\"\n\t\t\taria-haspopup=\"dialog\"\n\t\t\tdata-wp-bind--aria-label=\"state.thisImage.triggerButtonAriaLabel\"\n\t\t\tdata-wp-init=\"callbacks.initTriggerButton\"\n\t\t\tdata-wp-on--click=\"actions.showLightbox\"\n\t\t\tdata-wp-style--right=\"state.thisImage.buttonRight\"\n\t\t\tdata-wp-style--top=\"state.thisImage.buttonTop\"\n\t\t>\n\t\t\t<svg xmlns=\"http:\/\/www.w3.org\/2000\/svg\" width=\"12\" height=\"12\" fill=\"none\" viewBox=\"0 0 12 12\">\n\t\t\t\t<path fill=\"#fff\" d=\"M2 0a2 2 0 0 0-2 2v2h1.5V2a.5.5 0 0 1 .5-.5h2V0H2Zm2 10.5H2a.5.5 0 0 1-.5-.5V8H0v2a2 2 0 0 0 2 2h2v-1.5ZM8 12v-1.5h2a.5.5 0 0 0 .5-.5V8H12v2a2 2 0 0 1-2 2H8Zm2-12a2 2 0 0 1 2 2v2h-1.5V2a.5.5 0 0 0-.5-.5H8V0h2Z\" \/>\n\t\t\t<\/svg>\n\t\t<\/button><figcaption class=\"wp-element-caption\">Foto: Kurt Ritschard \/ Wikimedia Commons, CC BY-SA 2.0<\/figcaption><\/figure>\n\n\n\n<h3 class=\"wp-block-heading\"><span class=\"ez-toc-section\" id=\"16_Eiger_Trail_chiar_pe_sub_peretele_nordic\"><\/span>16. Eiger Trail chiar pe sub peretele nordic<span class=\"ez-toc-section-end\"><\/span><\/h3>\n\n\n\n<p class=\"wp-block-paragraph\">Dac\u0103 te intereseaz\u0103 mun\u021bii \u0219i ca poveste, \u0103sta e traseul. Urci pe <strong>Eigergletscher, la 2.348 de metri<\/strong>, iar de acolo mergi <strong>cam \u0219ase kilometri \u00een jos, p\u00e2n\u0103 \u00een Alpiglen, la 1.616 metri<\/strong>. Timp de dou\u0103 ore \u00eentregi te mi\u0219ti chiar pe sub <strong>peretele nordic al Eigerului<\/strong>, care se \u00eenal\u021b\u0103 deasupra ta peste 1.600 de metri.<\/p>\n\n\n\n<p class=\"wp-block-paragraph\">Este un loc unde s-au scris \u0219i s-au \u00eencheiat destine alpiniste, iar pe traseu g\u0103se\u0219ti \u0219i o plac\u0103 cu pl\u0103cu\u021be comemorative. Drumul este indicat ca <strong>mediu de solicitant, cobori pe el \u00een jur de 780 de metri<\/strong>, iar \u00een por\u021biunile mai expuse sunt \u00eentinse cabluri de asigurare. Te po\u021bi r\u0103cori la \u00eenceput \u0219i la final.<\/p>\n\n\n\n<p class=\"wp-block-paragraph\">Aten\u021bie la sezon, pentru c\u0103 aceast\u0103 potec\u0103 se deschide cel mai t\u00e2rziu dintre toate. <strong>Z\u0103pada o \u021bine deseori \u00eenchis\u0103 p\u00e2n\u0103 la \u00eenceputul lui iulie<\/strong> \u0219i este de obicei practicabil\u0103 cam p\u00e2n\u0103 la jum\u0103tatea lui octombrie. \u00cenainte de excursie verific\u0103 mereu starea actual\u0103 \u2014 se poate schimba de pe o zi pe alta.<\/p>\n\n\n\n<p class=\"wp-block-paragraph\">\ud83d\udca1 Sfat: <strong>Cu c\u0103ruciorul nu ajungi aici<\/strong>, iar copiii mai mici vor avea nevoie de ajutor \u00een por\u021biunile pietroase. \u00cenapoi din Alpiglen merge trenul spre Grindelwald, dar este o <strong>sta\u021bie la cerere<\/strong>, a\u0219a c\u0103 nu uita s\u0103-i faci mecanicului semn.<\/p>\n\n\n\n<figure data-wp-context=\"{&quot;imageId&quot;:&quot;6a95535ca9723&quot;}\" data-wp-interactive=\"core\/image\" data-wp-key=\"6a95535ca9723\" class=\"wp-block-image size-full wp-lightbox-container\"><img decoding=\"async\" width=\"1920\" height=\"1282\" data-wp-class--hide=\"state.isContentHidden\" data-wp-class--show=\"state.isContentVisible\" data-wp-init=\"callbacks.setButtonStyles\" data-wp-on--click=\"actions.showLightbox\" data-wp-on--load=\"callbacks.setButtonStyles\" data-wp-on--pointerdown=\"actions.preloadImage\" data-wp-on--pointerenter=\"actions.preloadImageWithDelay\" data-wp-on--pointerleave=\"actions.cancelPreload\" data-wp-on-window--resize=\"callbacks.setButtonStyles\" src=\"https:\/\/loudavymkrokem.cz\/wp-content\/uploads\/2026\/08\/bonigen-niederhorn-kozorozec-1.jpg\" alt=\"Capre negre tinere pe creasta Niederhornului \u00een amurg\" class=\"wp-image-407139\" title=\"\" srcset=\"https:\/\/loudavymkrokem.cz\/wp-content\/uploads\/2026\/08\/bonigen-niederhorn-kozorozec-1.jpg 1920w, https:\/\/loudavymkrokem.cz\/wp-content\/uploads\/2026\/08\/bonigen-niederhorn-kozorozec-1-300x200.jpg 300w, https:\/\/loudavymkrokem.cz\/wp-content\/uploads\/2026\/08\/bonigen-niederhorn-kozorozec-1-700x467.jpg 700w, https:\/\/loudavymkrokem.cz\/wp-content\/uploads\/2026\/08\/bonigen-niederhorn-kozorozec-1-768x513.jpg 768w, https:\/\/loudavymkrokem.cz\/wp-content\/uploads\/2026\/08\/bonigen-niederhorn-kozorozec-1-1536x1026.jpg 1536w, https:\/\/loudavymkrokem.cz\/wp-content\/uploads\/2026\/08\/bonigen-niederhorn-kozorozec-1-696x465.jpg 696w, https:\/\/loudavymkrokem.cz\/wp-content\/uploads\/2026\/08\/bonigen-niederhorn-kozorozec-1-1392x929.jpg 1392w\" sizes=\"(max-width: 1920px) 100vw, 1920px\" \/><button\n\t\t\tclass=\"lightbox-trigger\"\n\t\t\ttype=\"button\"\n\t\t\taria-haspopup=\"dialog\"\n\t\t\tdata-wp-bind--aria-label=\"state.thisImage.triggerButtonAriaLabel\"\n\t\t\tdata-wp-init=\"callbacks.initTriggerButton\"\n\t\t\tdata-wp-on--click=\"actions.showLightbox\"\n\t\t\tdata-wp-style--right=\"state.thisImage.buttonRight\"\n\t\t\tdata-wp-style--top=\"state.thisImage.buttonTop\"\n\t\t>\n\t\t\t<svg xmlns=\"http:\/\/www.w3.org\/2000\/svg\" width=\"12\" height=\"12\" fill=\"none\" viewBox=\"0 0 12 12\">\n\t\t\t\t<path fill=\"#fff\" d=\"M2 0a2 2 0 0 0-2 2v2h1.5V2a.5.5 0 0 1 .5-.5h2V0H2Zm2 10.5H2a.5.5 0 0 1-.5-.5V8H0v2a2 2 0 0 0 2 2h2v-1.5ZM8 12v-1.5h2a.5.5 0 0 0 .5-.5V8H12v2a2 2 0 0 1-2 2H8Zm2-12a2 2 0 0 1 2 2v2h-1.5V2a.5.5 0 0 0-.5-.5H8V0h2Z\" \/>\n\t\t\t<\/svg>\n\t\t<\/button><figcaption class=\"wp-element-caption\">Foto: Ostaehli \/ Wikimedia Commons, CC BY-SA 4.0<\/figcaption><\/figure>\n\n\n\n<h3 class=\"wp-block-heading\"><span class=\"ez-toc-section\" id=\"17_Niederhorn_si_caprele_de_munte_deasupra_Lacului_Thun\"><\/span>17. Niederhorn \u0219i caprele de munte deasupra Lacului Thun<span class=\"ez-toc-section-end\"><\/span><\/h3>\n\n\n\n<p class=\"wp-block-paragraph\">\u00cen timp ce to\u021bi merg \u00een Grindelwald, pe partea cealalt\u0103 a Interlakenului este <strong>Niederhorn, la 1.950 de metri<\/strong>, \u0219i este cu mult mai mult\u0103 lini\u0219te acolo. Sus ajungi de pe malul Lacului Thun cu funicularul terestru \u0219i apoi cu gondola, \u00een total dureaz\u0103 <strong>cam o jum\u0103tate de or\u0103<\/strong>.<\/p>\n\n\n\n<p class=\"wp-block-paragraph\">Atrac\u021bia principal\u0103 de aici o reprezint\u0103 <strong>caprele de munte (ibec\u0219ii)<\/strong>. Colonia local\u0103 a fost \u00eentemeiat\u0103 \u00een 1949 prin eliberarea a trei masculi, iar ast\u0103zi tr\u0103iesc aici <strong>\u00eentre \u0219aptezeci \u0219i cinci \u0219i o sut\u0103<\/strong>. Din iulie p\u00e2n\u0103 \u00een septembrie, \u00een plus, \u00een fiecare joi diminea\u021b\u0103 porne\u0219te de aici o expedi\u021bie ghidat\u0103 cu un specialist local, chiar spre turme.<\/p>\n\n\n\n<p class=\"wp-block-paragraph\">Traversarea de creast\u0103 de aici spre <strong>Gemmenalphorn, la 2.061 de metri<\/strong>, a c\u00e2\u0219tigat medalia de aur pentru cea mai frumoas\u0103 potec\u0103 turistic\u0103 din Elve\u021bia, dar este o afacere de o zi \u00eentreag\u0103, pentru cei rezisten\u021bi. Cu copiii te descurci cu <strong>circuitul de \u0219ase sute de metri chiar de l\u00e2ng\u0103 sta\u021bie<\/strong>, pe care \u00eel faci \u00eentr-o jum\u0103tate de or\u0103, iar sus e un restaurant cu loc de joac\u0103.<\/p>\n\n\n\n<p class=\"wp-block-paragraph\">\ud83d\udca1 Sfat: Telecabinele circul\u0103 <strong>din 1 mai p\u00e2n\u0103 \u00een 15 noiembrie<\/strong>. Biletul dus-\u00eentors de la lac cost\u0103 65 de franci, dar dac\u0103 urci cu autobuzul p\u00e2n\u0103 \u00een Beatenberg \u0219i te sui acolo, <strong>pl\u0103te\u0219ti doar 49<\/strong>. Niederhorn ofer\u0103, \u00een plus, <strong>o reducere de familie \u2014 pl\u0103te\u0219ti doar pentru primul copil<\/strong>.<\/p>\n\n\n\n<figure data-wp-context=\"{&quot;imageId&quot;:&quot;6a95535ca9e24&quot;}\" data-wp-interactive=\"core\/image\" data-wp-key=\"6a95535ca9e24\" class=\"wp-block-image size-full wp-lightbox-container\"><img decoding=\"async\" width=\"1920\" height=\"1280\" data-wp-class--hide=\"state.isContentHidden\" data-wp-class--show=\"state.isContentVisible\" data-wp-init=\"callbacks.setButtonStyles\" data-wp-on--click=\"actions.showLightbox\" data-wp-on--load=\"callbacks.setButtonStyles\" data-wp-on--pointerdown=\"actions.preloadImage\" data-wp-on--pointerenter=\"actions.preloadImageWithDelay\" data-wp-on--pointerleave=\"actions.cancelPreload\" data-wp-on-window--resize=\"callbacks.setButtonStyles\" src=\"https:\/\/loudavymkrokem.cz\/wp-content\/uploads\/2026\/08\/bonigen-brienzer-rothorn-parni-lokomotiva.jpg\" alt=\"Locomotiv\u0103 cu abur a c\u0103ii ferate din\u021bate la sta\u021bia de v\u00e2rf Brienzer Rothorn\" class=\"wp-image-407156\" title=\"\" srcset=\"https:\/\/loudavymkrokem.cz\/wp-content\/uploads\/2026\/08\/bonigen-brienzer-rothorn-parni-lokomotiva.jpg 1920w, https:\/\/loudavymkrokem.cz\/wp-content\/uploads\/2026\/08\/bonigen-brienzer-rothorn-parni-lokomotiva-300x200.jpg 300w, https:\/\/loudavymkrokem.cz\/wp-content\/uploads\/2026\/08\/bonigen-brienzer-rothorn-parni-lokomotiva-700x467.jpg 700w, https:\/\/loudavymkrokem.cz\/wp-content\/uploads\/2026\/08\/bonigen-brienzer-rothorn-parni-lokomotiva-768x512.jpg 768w, https:\/\/loudavymkrokem.cz\/wp-content\/uploads\/2026\/08\/bonigen-brienzer-rothorn-parni-lokomotiva-1536x1024.jpg 1536w, https:\/\/loudavymkrokem.cz\/wp-content\/uploads\/2026\/08\/bonigen-brienzer-rothorn-parni-lokomotiva-696x464.jpg 696w, https:\/\/loudavymkrokem.cz\/wp-content\/uploads\/2026\/08\/bonigen-brienzer-rothorn-parni-lokomotiva-1392x928.jpg 1392w\" sizes=\"(max-width: 1920px) 100vw, 1920px\" \/><button\n\t\t\tclass=\"lightbox-trigger\"\n\t\t\ttype=\"button\"\n\t\t\taria-haspopup=\"dialog\"\n\t\t\tdata-wp-bind--aria-label=\"state.thisImage.triggerButtonAriaLabel\"\n\t\t\tdata-wp-init=\"callbacks.initTriggerButton\"\n\t\t\tdata-wp-on--click=\"actions.showLightbox\"\n\t\t\tdata-wp-style--right=\"state.thisImage.buttonRight\"\n\t\t\tdata-wp-style--top=\"state.thisImage.buttonTop\"\n\t\t>\n\t\t\t<svg xmlns=\"http:\/\/www.w3.org\/2000\/svg\" width=\"12\" height=\"12\" fill=\"none\" viewBox=\"0 0 12 12\">\n\t\t\t\t<path fill=\"#fff\" d=\"M2 0a2 2 0 0 0-2 2v2h1.5V2a.5.5 0 0 1 .5-.5h2V0H2Zm2 10.5H2a.5.5 0 0 1-.5-.5V8H0v2a2 2 0 0 0 2 2h2v-1.5ZM8 12v-1.5h2a.5.5 0 0 0 .5-.5V8H12v2a2 2 0 0 1-2 2H8Zm2-12a2 2 0 0 1 2 2v2h-1.5V2a.5.5 0 0 0-.5-.5H8V0h2Z\" \/>\n\t\t\t<\/svg>\n\t\t<\/button><figcaption class=\"wp-element-caption\">Foto: Uwelino \/ Wikimedia Commons, CC BY-SA 4.0<\/figcaption><\/figure>\n\n\n\n<h3 class=\"wp-block-heading\"><span class=\"ez-toc-section\" id=\"18_Cu_trenul_dintat_cu_abur_pe_Brienzer_Rothorn\"><\/span>18. Cu trenul din\u021bat cu abur pe Brienzer Rothorn<span class=\"ez-toc-section-end\"><\/span><\/h3>\n\n\n\n<p class=\"wp-block-paragraph\">Aceast\u0103 excursie este o experien\u021b\u0103 chiar prin drumul \u00een sine. Din Brienz, de la cel\u0103lalt cap\u0103t al lacului, pleac\u0103 o <strong>cale ferat\u0103 din\u021bat\u0103 cu abur din 1892<\/strong>, care este, \u00eempreun\u0103 cu linia de pe Furka, <strong>singura cale ferat\u0103 operat\u0103 regulat cu abur din Elve\u021bia<\/strong>. \u00centr-o or\u0103 urc\u0103 pe cei \u0219apte kilometri \u0219i jum\u0103tate de linie o <strong>diferen\u021b\u0103 de nivel de 1.678 de metri<\/strong>.<\/p>\n\n\n\n<p class=\"wp-block-paragraph\">Sta\u021bia superioar\u0103 se afl\u0103 la <strong>2.244 de metri<\/strong>, iar pe v\u00e2rful propriu-zis al Brienzer Rothornului, la 2.350 de metri, urci <strong>\u00een cincisprezece minute<\/strong>. Panorama de aici este extraordinar\u0103 \u2014 se spune c\u0103 de aici se v\u0103d <strong>693 de v\u00e2rfuri<\/strong>. Sus sunt dou\u0103 restaurante, iar \u00een hotelul montan se poate \u0219i \u00eennopta.<\/p>\n\n\n\n<p class=\"wp-block-paragraph\">Cine vrea s\u0103 mearg\u0103 pe jos poate cobor\u00ee la sta\u021bia intermediar\u0103 <strong>Planalp \u00een dou\u0103 ore \u0219i jum\u0103tate<\/strong> \u0219i de acolo s\u0103 coboare cu trenul. Cobori totodat\u0103 vreo mie de metri, a\u0219a c\u0103 le d\u0103 de furc\u0103 genunchilor. Din B\u00f6nigen ajungi aici prin Interlaken Ost, de unde p\u00e2n\u0103 la Brienz cu trenul faci <strong>mai pu\u021bin de dou\u0103zeci de minute<\/strong>.<\/p>\n\n\n\n<p class=\"wp-block-paragraph\">\ud83d\udca1 Sfat: P\u00e2n\u0103 \u00een v\u00e2rf se circul\u0103 <strong>doar din 6 iunie p\u00e2n\u0103 \u00een 25 octombrie<\/strong>, mai devreme calea ferat\u0103 se termin\u0103 la Planalp. Biletul dus-\u00eentors cost\u0103 98 de franci, dar <strong>copiii de la \u0219ase la cincisprezece ani merg cu zece franci<\/strong>, iar cu Bernese Oberland Pass ai c\u0103l\u0103toria gratuit. Cu opt franci \u00ee\u021bi po\u021bi rezerva un loc anume.<\/p>\n\n\n\n<figure data-wp-context=\"{&quot;imageId&quot;:&quot;6a95535caa545&quot;}\" data-wp-interactive=\"core\/image\" data-wp-key=\"6a95535caa545\" class=\"wp-block-image size-full wp-lightbox-container\"><img decoding=\"async\" width=\"1800\" height=\"1224\" data-wp-class--hide=\"state.isContentHidden\" data-wp-class--show=\"state.isContentVisible\" data-wp-init=\"callbacks.setButtonStyles\" data-wp-on--click=\"actions.showLightbox\" data-wp-on--load=\"callbacks.setButtonStyles\" data-wp-on--pointerdown=\"actions.preloadImage\" data-wp-on--pointerenter=\"actions.preloadImageWithDelay\" data-wp-on--pointerleave=\"actions.cancelPreload\" data-wp-on-window--resize=\"callbacks.setButtonStyles\" src=\"https:\/\/loudavymkrokem.cz\/wp-content\/uploads\/2026\/08\/articles-bonigen-18.jpg\" alt=\"Lacul Brienz din perspectiva p\u0103s\u0103rii\" class=\"wp-image-404497\" title=\"\" srcset=\"https:\/\/loudavymkrokem.cz\/wp-content\/uploads\/2026\/08\/articles-bonigen-18.jpg 1800w, https:\/\/loudavymkrokem.cz\/wp-content\/uploads\/2026\/08\/articles-bonigen-18-300x204.jpg 300w, https:\/\/loudavymkrokem.cz\/wp-content\/uploads\/2026\/08\/articles-bonigen-18-700x476.jpg 700w, https:\/\/loudavymkrokem.cz\/wp-content\/uploads\/2026\/08\/articles-bonigen-18-768x522.jpg 768w, https:\/\/loudavymkrokem.cz\/wp-content\/uploads\/2026\/08\/articles-bonigen-18-1536x1044.jpg 1536w, https:\/\/loudavymkrokem.cz\/wp-content\/uploads\/2026\/08\/articles-bonigen-18-696x473.jpg 696w, https:\/\/loudavymkrokem.cz\/wp-content\/uploads\/2026\/08\/articles-bonigen-18-1392x947.jpg 1392w\" sizes=\"(max-width: 1800px) 100vw, 1800px\" \/><button\n\t\t\tclass=\"lightbox-trigger\"\n\t\t\ttype=\"button\"\n\t\t\taria-haspopup=\"dialog\"\n\t\t\tdata-wp-bind--aria-label=\"state.thisImage.triggerButtonAriaLabel\"\n\t\t\tdata-wp-init=\"callbacks.initTriggerButton\"\n\t\t\tdata-wp-on--click=\"actions.showLightbox\"\n\t\t\tdata-wp-style--right=\"state.thisImage.buttonRight\"\n\t\t\tdata-wp-style--top=\"state.thisImage.buttonTop\"\n\t\t>\n\t\t\t<svg xmlns=\"http:\/\/www.w3.org\/2000\/svg\" width=\"12\" height=\"12\" fill=\"none\" viewBox=\"0 0 12 12\">\n\t\t\t\t<path fill=\"#fff\" d=\"M2 0a2 2 0 0 0-2 2v2h1.5V2a.5.5 0 0 1 .5-.5h2V0H2Zm2 10.5H2a.5.5 0 0 1-.5-.5V8H0v2a2 2 0 0 0 2 2h2v-1.5ZM8 12v-1.5h2a.5.5 0 0 0 .5-.5V8H12v2a2 2 0 0 1-2 2H8Zm2-12a2 2 0 0 1 2 2v2h-1.5V2a.5.5 0 0 0-.5-.5H8V0h2Z\" \/>\n\t\t\t<\/svg>\n\t\t<\/button><figcaption class=\"wp-element-caption\">Foto: Carsten Steger \/ Wikimedia Commons, CC BY-SA 4.0<\/figcaption><\/figure>\n\n\n\n<h2 class=\"wp-block-heading\"><span class=\"ez-toc-section\" id=\"Excursii_din_Bonigen_6_idei_pentru_imprejurimi\"><\/span>Excursii din B\u00f6nigen: 6 idei pentru \u00eemprejurimi<span class=\"ez-toc-section-end\"><\/span><\/h2>\n\n\n\n<p class=\"wp-block-paragraph\">Dac\u0103 ai B\u00f6nigen ca baz\u0103 de acas\u0103, \u021bi se deschide <strong>tot Bernese Oberland<\/strong> ca \u00een palm\u0103. Aici vei avea nevoie deja de un <strong>buget pu\u021bin mai mare<\/strong>, pentru c\u0103 telecabinele \u0219i trenurile montane elve\u021biene nu sunt o afacere ieftin\u0103, dar experien\u021bele de pe ele \u00ee\u021bi r\u0103m\u00e2n \u00een memorie pe via\u021b\u0103.<\/p>\n\n\n\n<p class=\"wp-block-paragraph\">\u00ce\u021bi recomand s\u0103-\u021bi planifici excursiile \u00een func\u021bie de <strong>prognoza actual\u0103 a vremii<\/strong>. La belvederele montane scumpe are sens s\u0103 mergi doar \u00een zilele \u00een care este <strong>cer absolut senin<\/strong>, altfel pl\u0103te\u0219ti zeci de franci pentru o priveli\u0219te \u00een cea\u021ba cenu\u0219ie \u0219i opac\u0103.<\/p>\n\n\n\n<figure data-wp-context=\"{&quot;imageId&quot;:&quot;6a95535caab8c&quot;}\" data-wp-interactive=\"core\/image\" data-wp-key=\"6a95535caab8c\" class=\"wp-block-image size-full wp-lightbox-container\"><img decoding=\"async\" width=\"1800\" height=\"1011\" data-wp-class--hide=\"state.isContentHidden\" data-wp-class--show=\"state.isContentVisible\" data-wp-init=\"callbacks.setButtonStyles\" data-wp-on--click=\"actions.showLightbox\" data-wp-on--load=\"callbacks.setButtonStyles\" data-wp-on--pointerdown=\"actions.preloadImage\" data-wp-on--pointerenter=\"actions.preloadImageWithDelay\" data-wp-on--pointerleave=\"actions.cancelPreload\" data-wp-on-window--resize=\"callbacks.setButtonStyles\" src=\"https:\/\/loudavymkrokem.cz\/wp-content\/uploads\/2026\/08\/articles-bonigen-19.jpg\" alt=\"Belvederea Harder Kulm deasupra Interlakenului\" class=\"wp-image-404500\" title=\"\" srcset=\"https:\/\/loudavymkrokem.cz\/wp-content\/uploads\/2026\/08\/articles-bonigen-19.jpg 1800w, https:\/\/loudavymkrokem.cz\/wp-content\/uploads\/2026\/08\/articles-bonigen-19-300x169.jpg 300w, https:\/\/loudavymkrokem.cz\/wp-content\/uploads\/2026\/08\/articles-bonigen-19-700x393.jpg 700w, https:\/\/loudavymkrokem.cz\/wp-content\/uploads\/2026\/08\/articles-bonigen-19-768x431.jpg 768w, https:\/\/loudavymkrokem.cz\/wp-content\/uploads\/2026\/08\/articles-bonigen-19-1536x863.jpg 1536w, https:\/\/loudavymkrokem.cz\/wp-content\/uploads\/2026\/08\/articles-bonigen-19-696x391.jpg 696w, https:\/\/loudavymkrokem.cz\/wp-content\/uploads\/2026\/08\/articles-bonigen-19-1392x782.jpg 1392w\" sizes=\"(max-width: 1800px) 100vw, 1800px\" \/><button\n\t\t\tclass=\"lightbox-trigger\"\n\t\t\ttype=\"button\"\n\t\t\taria-haspopup=\"dialog\"\n\t\t\tdata-wp-bind--aria-label=\"state.thisImage.triggerButtonAriaLabel\"\n\t\t\tdata-wp-init=\"callbacks.initTriggerButton\"\n\t\t\tdata-wp-on--click=\"actions.showLightbox\"\n\t\t\tdata-wp-style--right=\"state.thisImage.buttonRight\"\n\t\t\tdata-wp-style--top=\"state.thisImage.buttonTop\"\n\t\t>\n\t\t\t<svg xmlns=\"http:\/\/www.w3.org\/2000\/svg\" width=\"12\" height=\"12\" fill=\"none\" viewBox=\"0 0 12 12\">\n\t\t\t\t<path fill=\"#fff\" d=\"M2 0a2 2 0 0 0-2 2v2h1.5V2a.5.5 0 0 1 .5-.5h2V0H2Zm2 10.5H2a.5.5 0 0 1-.5-.5V8H0v2a2 2 0 0 0 2 2h2v-1.5ZM8 12v-1.5h2a.5.5 0 0 0 .5-.5V8H12v2a2 2 0 0 1-2 2H8Zm2-12a2 2 0 0 1 2 2v2h-1.5V2a.5.5 0 0 0-.5-.5H8V0h2Z\" \/>\n\t\t\t<\/svg>\n\t\t<\/button><figcaption class=\"wp-element-caption\">Foto: Ollie Craig \/ Pexels<\/figcaption><\/figure>\n\n\n\n<h3 class=\"wp-block-heading\"><span class=\"ez-toc-section\" id=\"19_Harder_Kulm_muntele_de_acasa_al_Interlakenului\"><\/span>19. Harder Kulm: muntele de acas\u0103 al Interlakenului<span class=\"ez-toc-section-end\"><\/span><\/h3>\n\n\n\n<p class=\"wp-block-paragraph\">Aceasta e o obliga\u021bie absolut\u0103. <strong>Harder Kulm, la o altitudine de 1.322 de metri<\/strong>, este cunoscut ca muntele de acas\u0103 al Interlakenului \u0219i ofer\u0103 cea mai iconic\u0103 priveli\u0219te din toat\u0103 zona. Funicularul terestru istoric te urc\u0103 din vale \u00een doar 10 minute, timp \u00een care dep\u0103\u0219e\u0219te 755 de metri diferen\u021b\u0103 de nivel pe o linie lung\u0103 de doar 1,4 kilometri.<\/p>\n\n\n\n<p class=\"wp-block-paragraph\">Pentru 2026, <strong>biletul dus-\u00eentors pentru un adult cost\u0103 44 CHF<\/strong>. Dac\u0103 ai Swiss Travel Pass sau Bernese Oberland Pass, prime\u0219ti o reducere de 50%. Funicularul circul\u0103 din 3 aprilie p\u00e2n\u0103 \u00een 29 noiembrie, din jum\u0103tate \u00een jum\u0103tate de or\u0103, iar vara po\u021bi cobor\u00ee chiar \u0219i t\u00e2rziu \u00een noapte.<\/p>\n\n\n\n<p class=\"wp-block-paragraph\">Sus te a\u0219teapt\u0103 faimoasa <strong>platform\u0103 de belvedere Two Lakes Bridge<\/strong>, care iese dramatic deasupra pr\u0103pastiei ad\u00e2nci. Stai pe ea \u0219i sub tine vezi \u00een acela\u0219i timp ambele lacuri (Thunersee \u0219i Brienzersee), iar chiar \u00een fa\u021ba ta ai maiestuoasa treime alpin\u0103 Eiger, M\u00f6nch \u0219i Jungfrau. Arat\u0103 aici de-a dreptul ca dintr-un decor de film.<\/p>\n\n\n\n<p class=\"wp-block-paragraph\">\ud83d\udca1 Sfat: <strong>Evit\u0103 cozile<\/strong> \u0219i cump\u0103r\u0103-\u021bi <strong>biletul din timp online<\/strong>, direct pe site-ul <a href=\"https:\/\/www.harder-kulm.com\" target=\"_blank\" rel=\"nofollow noopener\">Harder Kulm<\/a>. Prime\u0219ti un cod QR \u00een telefon \u0219i treci direct la turniche\u021bi.<\/p>\n\n\n\n<figure data-wp-context=\"{&quot;imageId&quot;:&quot;6a95535cab29c&quot;}\" data-wp-interactive=\"core\/image\" data-wp-key=\"6a95535cab29c\" class=\"wp-block-image size-full wp-lightbox-container\"><img decoding=\"async\" width=\"1800\" height=\"1350\" data-wp-class--hide=\"state.isContentHidden\" data-wp-class--show=\"state.isContentVisible\" data-wp-init=\"callbacks.setButtonStyles\" data-wp-on--click=\"actions.showLightbox\" data-wp-on--load=\"callbacks.setButtonStyles\" data-wp-on--pointerdown=\"actions.preloadImage\" data-wp-on--pointerenter=\"actions.preloadImageWithDelay\" data-wp-on--pointerleave=\"actions.cancelPreload\" data-wp-on-window--resize=\"callbacks.setButtonStyles\" src=\"https:\/\/loudavymkrokem.cz\/wp-content\/uploads\/2026\/08\/articles-bonigen-20.jpg\" alt=\"Cascadele Giessbach \u00een cascade\" class=\"wp-image-404502\" title=\"\" srcset=\"https:\/\/loudavymkrokem.cz\/wp-content\/uploads\/2026\/08\/articles-bonigen-20.jpg 1800w, https:\/\/loudavymkrokem.cz\/wp-content\/uploads\/2026\/08\/articles-bonigen-20-300x225.jpg 300w, https:\/\/loudavymkrokem.cz\/wp-content\/uploads\/2026\/08\/articles-bonigen-20-700x525.jpg 700w, https:\/\/loudavymkrokem.cz\/wp-content\/uploads\/2026\/08\/articles-bonigen-20-768x576.jpg 768w, https:\/\/loudavymkrokem.cz\/wp-content\/uploads\/2026\/08\/articles-bonigen-20-1536x1152.jpg 1536w, https:\/\/loudavymkrokem.cz\/wp-content\/uploads\/2026\/08\/articles-bonigen-20-80x60.jpg 80w, https:\/\/loudavymkrokem.cz\/wp-content\/uploads\/2026\/08\/articles-bonigen-20-160x120.jpg 160w, https:\/\/loudavymkrokem.cz\/wp-content\/uploads\/2026\/08\/articles-bonigen-20-696x522.jpg 696w, https:\/\/loudavymkrokem.cz\/wp-content\/uploads\/2026\/08\/articles-bonigen-20-1392x1044.jpg 1392w\" sizes=\"(max-width: 1800px) 100vw, 1800px\" \/><button\n\t\t\tclass=\"lightbox-trigger\"\n\t\t\ttype=\"button\"\n\t\t\taria-haspopup=\"dialog\"\n\t\t\tdata-wp-bind--aria-label=\"state.thisImage.triggerButtonAriaLabel\"\n\t\t\tdata-wp-init=\"callbacks.initTriggerButton\"\n\t\t\tdata-wp-on--click=\"actions.showLightbox\"\n\t\t\tdata-wp-style--right=\"state.thisImage.buttonRight\"\n\t\t\tdata-wp-style--top=\"state.thisImage.buttonTop\"\n\t\t>\n\t\t\t<svg xmlns=\"http:\/\/www.w3.org\/2000\/svg\" width=\"12\" height=\"12\" fill=\"none\" viewBox=\"0 0 12 12\">\n\t\t\t\t<path fill=\"#fff\" d=\"M2 0a2 2 0 0 0-2 2v2h1.5V2a.5.5 0 0 1 .5-.5h2V0H2Zm2 10.5H2a.5.5 0 0 1-.5-.5V8H0v2a2 2 0 0 0 2 2h2v-1.5ZM8 12v-1.5h2a.5.5 0 0 0 .5-.5V8H12v2a2 2 0 0 1-2 2H8Zm2-12a2 2 0 0 1 2 2v2h-1.5V2a.5.5 0 0 0-.5-.5H8V0h2Z\" \/>\n\t\t\t<\/svg>\n\t\t<\/button><figcaption class=\"wp-element-caption\">Foto: Metehan \u0218eker \/ Pexels<\/figcaption><\/figure>\n\n\n\n<h3 class=\"wp-block-heading\"><span class=\"ez-toc-section\" id=\"20_Cascadele_Giessbach_si_trecerea_pe_sub_apa\"><\/span>20. Cascadele Giessbach \u0219i trecerea pe sub ap\u0103<span class=\"ez-toc-section-end\"><\/span><\/h3>\n\n\n\n<p class=\"wp-block-paragraph\">Apa cade aici <strong>\u00een 14 cascade<\/strong>, de la vreo 400 de metri, direct \u00een lac \u0219i, \u00eenainte s\u0103 \u00eencepi s\u0103 te g\u00e2nde\u0219ti c\u0103 ai v\u0103zut cascade \u0219i \u00een alt\u0103 parte, a\u0219teapt\u0103 s\u0103 vezi ce urmeaz\u0103. \u00cen jurul cascadelor duce o <strong>re\u021bea de poteci perfect \u00eentre\u021binute<\/strong>, care te duc p\u00e2n\u0103 la cele mai zgomotoase \u0219i mai s\u0103lbatice por\u021biuni.<\/p>\n\n\n\n<p class=\"wp-block-paragraph\">Cea mai mare atrac\u021bie este <strong>poteca ce duce chiar \u00ceN SPATELE uneia dintre cascade<\/strong>. Po\u021bi trece pe sub o st\u00e2nc\u0103 masiv\u0103 suspendat\u0103 \u0219i po\u021bi privi prin peretele de ap\u0103 c\u0103z\u0103toare \u00een jos, spre lacul turcoaz \u0219i mun\u021bii din jur. Este un circuit sigur, de vreo 20 de minute, care te va cuceri absolut.<\/p>\n\n\n\n<p class=\"wp-block-paragraph\">Po\u021bi ajunge aici cu ma\u0219ina (<strong>parcarea cost\u0103 15 CHF<\/strong> pe zi \u00een plin sezon), dar mult mai cu stil este <strong>s\u0103 vii cu vaporul p\u00e2n\u0103 la sta\u021bia<\/strong> Giessbach See. De acolo duce drumul fie pe jos, fie cu funicularul istoric, chiar la \u00eenceputul potecilor.<\/p>\n\n\n\n<p class=\"wp-block-paragraph\">\ud83d\udca1 Sfat: Dac\u0103 te preg\u0103te\u0219ti s\u0103 vii aici prim\u0103vara, \u00een perioada topirii z\u0103pezii, sau dup\u0103 ploi abundente, \u021bine cont c\u0103 pe poteca din spatele cascadei <strong>vei face un du\u0219 pe cinste<\/strong>. <strong>Geaca impermeabil\u0103 este o necesitate<\/strong>.<\/p>\n\n\n\n<figure data-wp-context=\"{&quot;imageId&quot;:&quot;6a95535cabaa0&quot;}\" data-wp-interactive=\"core\/image\" data-wp-key=\"6a95535cabaa0\" class=\"wp-block-image size-full wp-lightbox-container\"><img decoding=\"async\" width=\"1800\" height=\"1350\" data-wp-class--hide=\"state.isContentHidden\" data-wp-class--show=\"state.isContentVisible\" data-wp-init=\"callbacks.setButtonStyles\" data-wp-on--click=\"actions.showLightbox\" data-wp-on--load=\"callbacks.setButtonStyles\" data-wp-on--pointerdown=\"actions.preloadImage\" data-wp-on--pointerenter=\"actions.preloadImageWithDelay\" data-wp-on--pointerleave=\"actions.cancelPreload\" data-wp-on-window--resize=\"callbacks.setButtonStyles\" src=\"https:\/\/loudavymkrokem.cz\/wp-content\/uploads\/2026\/08\/articles-bonigen-21.jpg\" alt=\"Grandhotel Giessbach \u0219i funicularul istoric\" class=\"wp-image-404504\" title=\"\" srcset=\"https:\/\/loudavymkrokem.cz\/wp-content\/uploads\/2026\/08\/articles-bonigen-21.jpg 1800w, https:\/\/loudavymkrokem.cz\/wp-content\/uploads\/2026\/08\/articles-bonigen-21-300x225.jpg 300w, https:\/\/loudavymkrokem.cz\/wp-content\/uploads\/2026\/08\/articles-bonigen-21-700x525.jpg 700w, https:\/\/loudavymkrokem.cz\/wp-content\/uploads\/2026\/08\/articles-bonigen-21-768x576.jpg 768w, https:\/\/loudavymkrokem.cz\/wp-content\/uploads\/2026\/08\/articles-bonigen-21-1536x1152.jpg 1536w, https:\/\/loudavymkrokem.cz\/wp-content\/uploads\/2026\/08\/articles-bonigen-21-80x60.jpg 80w, https:\/\/loudavymkrokem.cz\/wp-content\/uploads\/2026\/08\/articles-bonigen-21-160x120.jpg 160w, https:\/\/loudavymkrokem.cz\/wp-content\/uploads\/2026\/08\/articles-bonigen-21-696x522.jpg 696w, https:\/\/loudavymkrokem.cz\/wp-content\/uploads\/2026\/08\/articles-bonigen-21-1392x1044.jpg 1392w\" sizes=\"(max-width: 1800px) 100vw, 1800px\" \/><button\n\t\t\tclass=\"lightbox-trigger\"\n\t\t\ttype=\"button\"\n\t\t\taria-haspopup=\"dialog\"\n\t\t\tdata-wp-bind--aria-label=\"state.thisImage.triggerButtonAriaLabel\"\n\t\t\tdata-wp-init=\"callbacks.initTriggerButton\"\n\t\t\tdata-wp-on--click=\"actions.showLightbox\"\n\t\t\tdata-wp-style--right=\"state.thisImage.buttonRight\"\n\t\t\tdata-wp-style--top=\"state.thisImage.buttonTop\"\n\t\t>\n\t\t\t<svg xmlns=\"http:\/\/www.w3.org\/2000\/svg\" width=\"12\" height=\"12\" fill=\"none\" viewBox=\"0 0 12 12\">\n\t\t\t\t<path fill=\"#fff\" d=\"M2 0a2 2 0 0 0-2 2v2h1.5V2a.5.5 0 0 1 .5-.5h2V0H2Zm2 10.5H2a.5.5 0 0 1-.5-.5V8H0v2a2 2 0 0 0 2 2h2v-1.5ZM8 12v-1.5h2a.5.5 0 0 0 .5-.5V8H12v2a2 2 0 0 1-2 2H8Zm2-12a2 2 0 0 1 2 2v2h-1.5V2a.5.5 0 0 0-.5-.5H8V0h2Z\" \/>\n\t\t\t<\/svg>\n\t\t<\/button><figcaption class=\"wp-element-caption\">Foto: JoachimKohler-HB \/ Wikimedia Commons, CC BY-SA 4.0<\/figcaption><\/figure>\n\n\n\n<h3 class=\"wp-block-heading\"><span class=\"ez-toc-section\" id=\"21_Cel_mai_vechi_funicular_turistic_elvetian_si_Grandhotelul\"><\/span>21. Cel mai vechi funicular turistic elve\u021bian \u0219i Grandhotelul<span class=\"ez-toc-section-end\"><\/span><\/h3>\n\n\n\n<p class=\"wp-block-paragraph\">C\u00e2nd vii deja cu vaporul sub cascadele Giessbach, nu rata unicatul tehnic. De la debarcader \u00een sus, spre hotel, circul\u0103 <strong>Giessbachbahn \u2014 cel mai vechi funicular terestru \u00eenc\u0103 operat din Elve\u021bia<\/strong>. Circul\u0103 din 1879 \u0219i a fost primul funicular elve\u021bian construit exclusiv pentru turi\u0219ti. Vagona\u0219ele lui ro\u0219ii istorice sunt incredibil de fotogenice.<\/p>\n\n\n\n<p class=\"wp-block-paragraph\">Sta\u021bia superioar\u0103 te las\u0103 chiar \u00een fa\u021ba por\u021bilor impresionantului <strong>Grandhotel Giessbach<\/strong>. Acest palat de lux din secolul al XIX-lea a g\u0103zduit elita din toat\u0103 lumea \u0219i \u0219i-a p\u0103strat p\u00e2n\u0103 ast\u0103zi atmosfera aristocratic\u0103. \u00cen jurul hotelului se \u00eentinde un <strong>parc atent \u00eentre\u021binut, de o suprafa\u021b\u0103 incredibil\u0103 de 22 de hectare<\/strong>, prin care te po\u021bi plimba liber.<\/p>\n\n\n\n<p class=\"wp-block-paragraph\">Chiar dac\u0103 nu locuie\u0219ti la hotel, \u00ee\u021bi recomand cu siguran\u021b\u0103 s\u0103 te a\u0219ezi pe <strong>uria\u0219a lor teras\u0103 de belvedere<\/strong>. <strong>Cafeaua cost\u0103 aici o avere<\/strong>, dar cu cascadele pe fundal \u0219i cu acea atmosfer\u0103 aristocratic\u0103 te vei sim\u021bi ca \u00eentr-un roman de Agatha Christie, iar asta chiar merit\u0103. \u263a\ufe0f<\/p>\n\n\n\n<p class=\"wp-block-paragraph\">\ud83d\udca1 Sfat: Mai multe despre <strong>istoria hotelului<\/strong> \u0219i <strong>orarele actuale ale funicularului<\/strong> po\u021bi citi pe frumosul site <a href=\"https:\/\/www.giessbach.ch\" target=\"_blank\" rel=\"nofollow noopener\">Grandhotel Giessbach<\/a>.<\/p>\n\n\n\n<figure data-wp-context=\"{&quot;imageId&quot;:&quot;6a95535cac1d4&quot;}\" data-wp-interactive=\"core\/image\" data-wp-key=\"6a95535cac1d4\" class=\"wp-block-image size-full wp-lightbox-container\"><img decoding=\"async\" width=\"1800\" height=\"1350\" data-wp-class--hide=\"state.isContentHidden\" data-wp-class--show=\"state.isContentVisible\" data-wp-init=\"callbacks.setButtonStyles\" data-wp-on--click=\"actions.showLightbox\" data-wp-on--load=\"callbacks.setButtonStyles\" data-wp-on--pointerdown=\"actions.preloadImage\" data-wp-on--pointerenter=\"actions.preloadImageWithDelay\" data-wp-on--pointerleave=\"actions.cancelPreload\" data-wp-on-window--resize=\"callbacks.setButtonStyles\" src=\"https:\/\/loudavymkrokem.cz\/wp-content\/uploads\/2026\/08\/articles-bonigen-22.jpg\" alt=\"Satul Iseltwald pe peninsula din lac\" class=\"wp-image-404505\" title=\"\" srcset=\"https:\/\/loudavymkrokem.cz\/wp-content\/uploads\/2026\/08\/articles-bonigen-22.jpg 1800w, https:\/\/loudavymkrokem.cz\/wp-content\/uploads\/2026\/08\/articles-bonigen-22-300x225.jpg 300w, https:\/\/loudavymkrokem.cz\/wp-content\/uploads\/2026\/08\/articles-bonigen-22-700x525.jpg 700w, https:\/\/loudavymkrokem.cz\/wp-content\/uploads\/2026\/08\/articles-bonigen-22-768x576.jpg 768w, https:\/\/loudavymkrokem.cz\/wp-content\/uploads\/2026\/08\/articles-bonigen-22-1536x1152.jpg 1536w, https:\/\/loudavymkrokem.cz\/wp-content\/uploads\/2026\/08\/articles-bonigen-22-80x60.jpg 80w, https:\/\/loudavymkrokem.cz\/wp-content\/uploads\/2026\/08\/articles-bonigen-22-160x120.jpg 160w, https:\/\/loudavymkrokem.cz\/wp-content\/uploads\/2026\/08\/articles-bonigen-22-696x522.jpg 696w, https:\/\/loudavymkrokem.cz\/wp-content\/uploads\/2026\/08\/articles-bonigen-22-1392x1044.jpg 1392w\" sizes=\"(max-width: 1800px) 100vw, 1800px\" \/><button\n\t\t\tclass=\"lightbox-trigger\"\n\t\t\ttype=\"button\"\n\t\t\taria-haspopup=\"dialog\"\n\t\t\tdata-wp-bind--aria-label=\"state.thisImage.triggerButtonAriaLabel\"\n\t\t\tdata-wp-init=\"callbacks.initTriggerButton\"\n\t\t\tdata-wp-on--click=\"actions.showLightbox\"\n\t\t\tdata-wp-style--right=\"state.thisImage.buttonRight\"\n\t\t\tdata-wp-style--top=\"state.thisImage.buttonTop\"\n\t\t>\n\t\t\t<svg xmlns=\"http:\/\/www.w3.org\/2000\/svg\" width=\"12\" height=\"12\" fill=\"none\" viewBox=\"0 0 12 12\">\n\t\t\t\t<path fill=\"#fff\" d=\"M2 0a2 2 0 0 0-2 2v2h1.5V2a.5.5 0 0 1 .5-.5h2V0H2Zm2 10.5H2a.5.5 0 0 1-.5-.5V8H0v2a2 2 0 0 0 2 2h2v-1.5ZM8 12v-1.5h2a.5.5 0 0 0 .5-.5V8H12v2a2 2 0 0 1-2 2H8Zm2-12a2 2 0 0 1 2 2v2h-1.5V2a.5.5 0 0 0-.5-.5H8V0h2Z\" \/>\n\t\t\t<\/svg>\n\t\t<\/button><figcaption class=\"wp-element-caption\">Foto: PKurmannCH \/ Wikimedia Commons, CC BY-SA 4.0<\/figcaption><\/figure>\n\n\n\n<h3 class=\"wp-block-heading\"><span class=\"ez-toc-section\" id=\"22_Iseltwald_si_debarcaderul_iconic_din_serial\"><\/span>22. Iseltwald \u0219i debarcaderul iconic din serial<span class=\"ez-toc-section-end\"><\/span><\/h3>\n\n\n\n<p class=\"wp-block-paragraph\">Satul vecin Iseltwald este o a\u0219ezare pitoreasc\u0103 pe o mic\u0103 peninsul\u0103, unde din B\u00f6nigen te duce vaporul sau autobuzul 103. Debarcaderul local de lemn a devenit \u00eens\u0103 recent o senza\u021bie viral\u0103, pentru c\u0103 aici s-a filmat o scen\u0103 cheie pentru <strong>faimosul serial coreean de pe Netflix, Crash Landing on You<\/strong>.<\/p>\n\n\n\n<p class=\"wp-block-paragraph\">De atunci se revars\u0103 aici mul\u021bimi de turi\u0219ti asiatici, care vor s\u0103-\u0219i fac\u0103 o poz\u0103 \u00een acela\u0219i loc ca eroii lor din serial. Localitatea a rezolvat inteligent situa\u021bia \u0219i a instalat \u00een fa\u021ba debarcaderului <strong>un turnichet care \u00eencaseaz\u0103 o \u201etax\u0103 de selfie&#8221; de 5 CHF<\/strong>. Venitul merge la cur\u0103\u021barea satului \u0219i la ridicarea gunoiului r\u0103mas \u00een urma mul\u021bimilor de turi\u0219ti. Doar \u00een 2024, prin turnichet au trecut aproape 50 de mii de oameni, iar localitatea a \u00eencasat pe el \u00een jur de 245 de mii de franci. Toaletele publice cu un franc au ad\u0103ugat la asta \u00eenc\u0103 58 de mii.<\/p>\n\n\n\n<p class=\"wp-block-paragraph\">Pe l\u00e2ng\u0103 debarcader vei vedea aici \u0219i <strong>frumosul castel Seeburg din 1907<\/strong>, care func\u021bioneaz\u0103 ca simbol al satului (din p\u0103cate este \u00een proprietate privat\u0103 \u0219i \u00eel vezi doar din exterior). \u00cen lac, la o mic\u0103 distan\u021b\u0103 de mal, se afl\u0103 Schn\u00e4ggeninseli, singura insul\u0103 din Lacul Brienz, unde, potrivit legendei, c\u0103lug\u0103rii cre\u0219teau melci.<\/p>\n\n\n\n<p class=\"wp-block-paragraph\">\ud83d\udca1 Sfat: Dac\u0103 vrei s\u0103 <strong>evi\u021bi mul\u021bimile de la turnichet<\/strong> \u0219i s\u0103 ai lini\u0219te s\u0103 vizitezi satul, uit\u0103-te la informa\u021biile de pe <a href=\"https:\/\/www.boenigen-iseltwald.ch\" target=\"_blank\" rel=\"nofollow noopener\">site-ul turistic<\/a> \u0219i planific\u0103-\u021bi vizita \u00een Iseltwald <strong>chiar dis-de-diminea\u021b\u0103<\/strong>.<\/p>\n\n\n\n<figure data-wp-context=\"{&quot;imageId&quot;:&quot;6a95535cac96e&quot;}\" data-wp-interactive=\"core\/image\" data-wp-key=\"6a95535cac96e\" class=\"wp-block-image size-full wp-lightbox-container\"><img decoding=\"async\" width=\"1800\" height=\"1221\" data-wp-class--hide=\"state.isContentHidden\" data-wp-class--show=\"state.isContentVisible\" data-wp-init=\"callbacks.setButtonStyles\" data-wp-on--click=\"actions.showLightbox\" data-wp-on--load=\"callbacks.setButtonStyles\" data-wp-on--pointerdown=\"actions.preloadImage\" data-wp-on--pointerenter=\"actions.preloadImageWithDelay\" data-wp-on--pointerleave=\"actions.cancelPreload\" data-wp-on-window--resize=\"callbacks.setButtonStyles\" src=\"https:\/\/loudavymkrokem.cz\/wp-content\/uploads\/2026\/08\/articles-bonigen-23.jpg\" alt=\"Trenul din\u021bat pe Schynige Platte\" class=\"wp-image-404508\" title=\"\" srcset=\"https:\/\/loudavymkrokem.cz\/wp-content\/uploads\/2026\/08\/articles-bonigen-23.jpg 1800w, https:\/\/loudavymkrokem.cz\/wp-content\/uploads\/2026\/08\/articles-bonigen-23-300x204.jpg 300w, https:\/\/loudavymkrokem.cz\/wp-content\/uploads\/2026\/08\/articles-bonigen-23-700x475.jpg 700w, https:\/\/loudavymkrokem.cz\/wp-content\/uploads\/2026\/08\/articles-bonigen-23-768x521.jpg 768w, https:\/\/loudavymkrokem.cz\/wp-content\/uploads\/2026\/08\/articles-bonigen-23-1536x1042.jpg 1536w, https:\/\/loudavymkrokem.cz\/wp-content\/uploads\/2026\/08\/articles-bonigen-23-696x472.jpg 696w, https:\/\/loudavymkrokem.cz\/wp-content\/uploads\/2026\/08\/articles-bonigen-23-1392x944.jpg 1392w\" sizes=\"(max-width: 1800px) 100vw, 1800px\" \/><button\n\t\t\tclass=\"lightbox-trigger\"\n\t\t\ttype=\"button\"\n\t\t\taria-haspopup=\"dialog\"\n\t\t\tdata-wp-bind--aria-label=\"state.thisImage.triggerButtonAriaLabel\"\n\t\t\tdata-wp-init=\"callbacks.initTriggerButton\"\n\t\t\tdata-wp-on--click=\"actions.showLightbox\"\n\t\t\tdata-wp-style--right=\"state.thisImage.buttonRight\"\n\t\t\tdata-wp-style--top=\"state.thisImage.buttonTop\"\n\t\t>\n\t\t\t<svg xmlns=\"http:\/\/www.w3.org\/2000\/svg\" width=\"12\" height=\"12\" fill=\"none\" viewBox=\"0 0 12 12\">\n\t\t\t\t<path fill=\"#fff\" d=\"M2 0a2 2 0 0 0-2 2v2h1.5V2a.5.5 0 0 1 .5-.5h2V0H2Zm2 10.5H2a.5.5 0 0 1-.5-.5V8H0v2a2 2 0 0 0 2 2h2v-1.5ZM8 12v-1.5h2a.5.5 0 0 0 .5-.5V8H12v2a2 2 0 0 1-2 2H8Zm2-12a2 2 0 0 1 2 2v2h-1.5V2a.5.5 0 0 0-.5-.5H8V0h2Z\" \/>\n\t\t\t<\/svg>\n\t\t<\/button><figcaption class=\"wp-element-caption\">Foto: JoachimKohler-HB \/ Wikimedia Commons, CC BY-SA 4.0<\/figcaption><\/figure>\n\n\n\n<h3 class=\"wp-block-heading\"><span class=\"ez-toc-section\" id=\"23_Schynige_Platte_trenul_dintat_si_gradina_alpina\"><\/span>23. Schynige Platte: trenul din\u021bat \u0219i gr\u0103dina alpin\u0103<span class=\"ez-toc-section-end\"><\/span><\/h3>\n\n\n\n<p class=\"wp-block-paragraph\">Pentru aceast\u0103 excursie e suficient s\u0103 te mu\u021bi \u00een apropiatul Wilderswil, de unde pleac\u0103 istorica cale ferat\u0103 din\u021bat\u0103 spre <strong>Schynige Platte, la o altitudine de 1.967 de metri<\/strong>. C\u0103l\u0103toria cu vechile vagona\u0219e de lemn dureaz\u0103 aproape o or\u0103 \u0219i este pur\u0103 romantism. Biletul dus-\u00eentors te cost\u0103 \u00een 2026 <strong>68 CHF pentru un adult<\/strong>, cu jum\u0103tate de tarif sau cu Swiss Travel Pass 34 CHF, iar <strong>cu Bernese Oberland Pass ai c\u0103l\u0103toria gratuit<\/strong>. Trenul din\u021bat circul\u0103 din 13 iunie p\u00e2n\u0103 \u00een 25 octombrie.<\/p>\n\n\n\n<p class=\"wp-block-paragraph\">Sus te \u00eent\u00e2mpin\u0103 o impresionant\u0103 <strong>gr\u0103din\u0103 botanic\u0103 alpin\u0103<\/strong>, unde, pe un traseu circular atent \u00eentre\u021binut, cresc \u00een jur de <strong>800 de specii de plante de mare altitudine<\/strong>, inclusiv rara floare de col\u021b. Totul este frumos etichetat \u0219i sortat dup\u0103 biotopurile naturale.<\/p>\n\n\n\n<p class=\"wp-block-paragraph\">Cea mai bun\u0103 experien\u021b\u0103 este \u00eens\u0103 <strong>Panoramaweg<\/strong>, drumul circular. Este o drume\u021bie lejer\u0103 de cam 2,5 ore, care te duce la dou\u0103 belvederi fantastice, pe st\u00e2ncile Daube \u0219i Oberberghorn. Este un traseu potrivit pentru toat\u0103 familia, care nu necesit\u0103 nicio abilitate de alpinism, dar ofer\u0103 priveli\u0219ti ca pentru profesioni\u0219ti.<\/p>\n\n\n\n<p class=\"wp-block-paragraph\">\ud83d\udca1 Sfat: \u00cen 2026, la anumite date (de obicei de la jum\u0103tatea lui iunie p\u00e2n\u0103 \u00een octombrie) se aplic\u0103 <strong>diferite reduceri speciale<\/strong>, a\u0219a c\u0103 nu uita ca la cump\u0103rarea de la cas\u0103 s\u0103 verifici dac\u0103 nu ai <strong>dreptul la un bilet mai ieftin<\/strong>.<\/p>\n\n\n\n<figure data-wp-context=\"{&quot;imageId&quot;:&quot;6a95535cad0f3&quot;}\" data-wp-interactive=\"core\/image\" data-wp-key=\"6a95535cad0f3\" class=\"wp-block-image size-full wp-lightbox-container\"><img decoding=\"async\" width=\"1800\" height=\"1350\" data-wp-class--hide=\"state.isContentHidden\" data-wp-class--show=\"state.isContentVisible\" data-wp-init=\"callbacks.setButtonStyles\" data-wp-on--click=\"actions.showLightbox\" data-wp-on--load=\"callbacks.setButtonStyles\" data-wp-on--pointerdown=\"actions.preloadImage\" data-wp-on--pointerenter=\"actions.preloadImageWithDelay\" data-wp-on--pointerleave=\"actions.cancelPreload\" data-wp-on-window--resize=\"callbacks.setButtonStyles\" src=\"https:\/\/loudavymkrokem.cz\/wp-content\/uploads\/2026\/08\/articles-bonigen-24.jpg\" alt=\"Interlaken cu priveli\u0219te spre Jungfrau\" class=\"wp-image-404509\" title=\"\" srcset=\"https:\/\/loudavymkrokem.cz\/wp-content\/uploads\/2026\/08\/articles-bonigen-24.jpg 1800w, https:\/\/loudavymkrokem.cz\/wp-content\/uploads\/2026\/08\/articles-bonigen-24-300x225.jpg 300w, https:\/\/loudavymkrokem.cz\/wp-content\/uploads\/2026\/08\/articles-bonigen-24-700x525.jpg 700w, https:\/\/loudavymkrokem.cz\/wp-content\/uploads\/2026\/08\/articles-bonigen-24-768x576.jpg 768w, https:\/\/loudavymkrokem.cz\/wp-content\/uploads\/2026\/08\/articles-bonigen-24-1536x1152.jpg 1536w, https:\/\/loudavymkrokem.cz\/wp-content\/uploads\/2026\/08\/articles-bonigen-24-80x60.jpg 80w, https:\/\/loudavymkrokem.cz\/wp-content\/uploads\/2026\/08\/articles-bonigen-24-160x120.jpg 160w, https:\/\/loudavymkrokem.cz\/wp-content\/uploads\/2026\/08\/articles-bonigen-24-696x522.jpg 696w, https:\/\/loudavymkrokem.cz\/wp-content\/uploads\/2026\/08\/articles-bonigen-24-1392x1044.jpg 1392w\" sizes=\"(max-width: 1800px) 100vw, 1800px\" \/><button\n\t\t\tclass=\"lightbox-trigger\"\n\t\t\ttype=\"button\"\n\t\t\taria-haspopup=\"dialog\"\n\t\t\tdata-wp-bind--aria-label=\"state.thisImage.triggerButtonAriaLabel\"\n\t\t\tdata-wp-init=\"callbacks.initTriggerButton\"\n\t\t\tdata-wp-on--click=\"actions.showLightbox\"\n\t\t\tdata-wp-style--right=\"state.thisImage.buttonRight\"\n\t\t\tdata-wp-style--top=\"state.thisImage.buttonTop\"\n\t\t>\n\t\t\t<svg xmlns=\"http:\/\/www.w3.org\/2000\/svg\" width=\"12\" height=\"12\" fill=\"none\" viewBox=\"0 0 12 12\">\n\t\t\t\t<path fill=\"#fff\" d=\"M2 0a2 2 0 0 0-2 2v2h1.5V2a.5.5 0 0 1 .5-.5h2V0H2Zm2 10.5H2a.5.5 0 0 1-.5-.5V8H0v2a2 2 0 0 0 2 2h2v-1.5ZM8 12v-1.5h2a.5.5 0 0 0 .5-.5V8H12v2a2 2 0 0 1-2 2H8Zm2-12a2 2 0 0 1 2 2v2h-1.5V2a.5.5 0 0 0-.5-.5H8V0h2Z\" \/>\n\t\t\t<\/svg>\n\t\t<\/button><figcaption class=\"wp-element-caption\">Foto: Paebi \/ Wikimedia Commons, CC BY-SA 4.0<\/figcaption><\/figure>\n\n\n\n<h3 class=\"wp-block-heading\"><span class=\"ez-toc-section\" id=\"24_Interlaken_baza_turistica_vecina\"><\/span>24. Interlaken: baza turistic\u0103 vecin\u0103<span class=\"ez-toc-section-end\"><\/span><\/h3>\n\n\n\n<p class=\"wp-block-paragraph\">C\u00e2nd te-ai s\u0103turat de lini\u0219tea B\u00f6nigenului, e suficient s\u0103 sari \u00een autobuzul 103 \u0219i \u00een mai pu\u021bin de 10 minute e\u0219ti \u00een centrul Interlakenului. Acest ora\u0219 este exact opusul. Este <strong>agitat, plin de magazine cu suveniruri, de buticuri de lux cu ceasuri<\/strong>, iar deasupra capului se rotesc \u00eencontinuu zeci de parapanti\u0219ti, care aterizeaz\u0103 pe marea paji\u0219te H\u00f6hematte, chiar \u00een centru.<\/p>\n\n\n\n<p class=\"wp-block-paragraph\">G\u0103se\u0219ti aici cele mai bune supermarketuri pentru aprovizionare, o mul\u021bime de restaurante din toat\u0103 lumea \u0219i un cazinou uria\u0219. Interlaken func\u021bioneaz\u0103, \u00een plus, ca <strong>principalul nod de transport<\/strong> pentru cele mai mari excursii din regiune, inclusiv <strong>extrem de scumpul tren din\u021bat spre Jungfraujoch<\/strong> (Top of Europe).<\/p>\n\n\n\n<p class=\"wp-block-paragraph\">E pl\u0103cut s\u0103 str\u0103ba\u021bi ora\u0219ul, s\u0103 cumperi ciocolat\u0103 \u0219i s\u0103 absorbi atmosfera aceea interna\u021bional\u0103, dar vei vedea c\u0103 seara te vei \u00eentoarce cu bucurie enorm\u0103 <strong>\u00eenapoi \u00een satul lini\u0219tit<\/strong> de l\u00e2ng\u0103 lac. Interlaken este un slujitor grozav, dar ca baz\u0103 de locuit este, pe gustul meu, <strong>mult prea haotic<\/strong>.<\/p>\n\n\n\n<p class=\"wp-block-paragraph\">\ud83d\udca1 Sfat: Toate <strong>informa\u021biile despre evenimentele actuale<\/strong>, festivaluri \u0219i telecabinele din \u00eemprejurimile mai largi le g\u0103se\u0219ti cel mai bine prelucrate pe portalul <a href=\"https:\/\/www.interlaken.swiss\" target=\"_blank\" rel=\"nofollow noopener\">Interlaken<\/a>, pe care <strong>salveaz\u0103-l la favorite<\/strong>.<\/p>\n\n\n\n<figure data-wp-context=\"{&quot;imageId&quot;:&quot;6a95535cad81d&quot;}\" data-wp-interactive=\"core\/image\" data-wp-key=\"6a95535cad81d\" class=\"wp-block-image size-full wp-lightbox-container\"><img decoding=\"async\" width=\"1800\" height=\"1200\" data-wp-class--hide=\"state.isContentHidden\" data-wp-class--show=\"state.isContentVisible\" data-wp-init=\"callbacks.setButtonStyles\" data-wp-on--click=\"actions.showLightbox\" data-wp-on--load=\"callbacks.setButtonStyles\" data-wp-on--pointerdown=\"actions.preloadImage\" data-wp-on--pointerenter=\"actions.preloadImageWithDelay\" data-wp-on--pointerleave=\"actions.cancelPreload\" data-wp-on-window--resize=\"callbacks.setButtonStyles\" src=\"https:\/\/loudavymkrokem.cz\/wp-content\/uploads\/2026\/08\/articles-bonigen-25.jpg\" alt=\"Excursie de familie la Lacul Brienz\" class=\"wp-image-404513\" title=\"\" srcset=\"https:\/\/loudavymkrokem.cz\/wp-content\/uploads\/2026\/08\/articles-bonigen-25.jpg 1800w, https:\/\/loudavymkrokem.cz\/wp-content\/uploads\/2026\/08\/articles-bonigen-25-300x200.jpg 300w, https:\/\/loudavymkrokem.cz\/wp-content\/uploads\/2026\/08\/articles-bonigen-25-700x467.jpg 700w, https:\/\/loudavymkrokem.cz\/wp-content\/uploads\/2026\/08\/articles-bonigen-25-768x512.jpg 768w, https:\/\/loudavymkrokem.cz\/wp-content\/uploads\/2026\/08\/articles-bonigen-25-1536x1024.jpg 1536w, https:\/\/loudavymkrokem.cz\/wp-content\/uploads\/2026\/08\/articles-bonigen-25-696x464.jpg 696w, https:\/\/loudavymkrokem.cz\/wp-content\/uploads\/2026\/08\/articles-bonigen-25-1392x928.jpg 1392w\" sizes=\"(max-width: 1800px) 100vw, 1800px\" \/><button\n\t\t\tclass=\"lightbox-trigger\"\n\t\t\ttype=\"button\"\n\t\t\taria-haspopup=\"dialog\"\n\t\t\tdata-wp-bind--aria-label=\"state.thisImage.triggerButtonAriaLabel\"\n\t\t\tdata-wp-init=\"callbacks.initTriggerButton\"\n\t\t\tdata-wp-on--click=\"actions.showLightbox\"\n\t\t\tdata-wp-style--right=\"state.thisImage.buttonRight\"\n\t\t\tdata-wp-style--top=\"state.thisImage.buttonTop\"\n\t\t>\n\t\t\t<svg xmlns=\"http:\/\/www.w3.org\/2000\/svg\" width=\"12\" height=\"12\" fill=\"none\" viewBox=\"0 0 12 12\">\n\t\t\t\t<path fill=\"#fff\" d=\"M2 0a2 2 0 0 0-2 2v2h1.5V2a.5.5 0 0 1 .5-.5h2V0H2Zm2 10.5H2a.5.5 0 0 1-.5-.5V8H0v2a2 2 0 0 0 2 2h2v-1.5ZM8 12v-1.5h2a.5.5 0 0 0 .5-.5V8H12v2a2 2 0 0 1-2 2H8Zm2-12a2 2 0 0 1 2 2v2h-1.5V2a.5.5 0 0 0-.5-.5H8V0h2Z\" \/>\n\t\t\t<\/svg>\n\t\t<\/button><figcaption class=\"wp-element-caption\">Foto: Nicojonesgodel \/ Wikimedia Commons, CC BY-SA 4.0<\/figcaption><\/figure>\n\n\n\n<h2 class=\"wp-block-heading\"><span class=\"ez-toc-section\" id=\"Bonigen_cu_copiii_ce_sa_faci_cu_familia\"><\/span>B\u00f6nigen cu copiii: ce s\u0103 faci cu familia<span class=\"ez-toc-section-end\"><\/span><\/h2>\n\n\n\n<p class=\"wp-block-paragraph\">Bernese Oberland poate fi destul de nemilos cu portofelul familiei, dar B\u00f6nigen este \u00een aceast\u0103 privin\u021b\u0103 surprinz\u0103tor de primitor \u0219i are un avantaj uria\u0219. O mul\u021bime de activit\u0103\u021bi se pot face chiar \u00een jurul apei <strong>f\u0103r\u0103 s\u0103 fie nevoie s\u0103 pl\u0103te\u0219ti telecabine scumpe<\/strong>, iar terenul este suficient de plat \u00eenc\u00e2t s\u0103-l <strong>parcurg\u0103 \u0219i copiii mai mici<\/strong> f\u0103r\u0103 morm\u0103ieli inutile.<\/p>\n\n\n\n<p class=\"wp-block-paragraph\">Centrala turistic\u0103 local\u0103 \u0219tie, \u00een plus, foarte bine c\u0103 familiile formeaz\u0103 o parte important\u0103 a vizitatorilor, a\u0219a c\u0103 g\u0103se\u0219ti aici <strong>o mul\u021bime de atrac\u021bii de\u0219tepte<\/strong>, care \u00eei \u021bin pe copii \u00een mi\u0219care \u0219i, \u00een acela\u0219i timp, nu \u00eei plictisesc. Iat\u0103 <strong>cinci sfaturi verificate<\/strong> despre ce s\u0103 faci cu copiii:<\/p>\n\n\n\n<figure data-wp-context=\"{&quot;imageId&quot;:&quot;6a95535cade41&quot;}\" data-wp-interactive=\"core\/image\" data-wp-key=\"6a95535cade41\" class=\"wp-block-image size-full wp-lightbox-container\"><img decoding=\"async\" width=\"1800\" height=\"1321\" data-wp-class--hide=\"state.isContentHidden\" data-wp-class--show=\"state.isContentVisible\" data-wp-init=\"callbacks.setButtonStyles\" data-wp-on--click=\"actions.showLightbox\" data-wp-on--load=\"callbacks.setButtonStyles\" data-wp-on--pointerdown=\"actions.preloadImage\" data-wp-on--pointerenter=\"actions.preloadImageWithDelay\" data-wp-on--pointerleave=\"actions.cancelPreload\" data-wp-on-window--resize=\"callbacks.setButtonStyles\" src=\"https:\/\/loudavymkrokem.cz\/wp-content\/uploads\/2026\/08\/articles-bonigen-26.jpg\" alt=\"\u0218trand l\u00e2ng\u0103 lac cu facilit\u0103\u021bi pentru copii\" class=\"wp-image-404514\" title=\"\" srcset=\"https:\/\/loudavymkrokem.cz\/wp-content\/uploads\/2026\/08\/articles-bonigen-26.jpg 1800w, https:\/\/loudavymkrokem.cz\/wp-content\/uploads\/2026\/08\/articles-bonigen-26-300x220.jpg 300w, https:\/\/loudavymkrokem.cz\/wp-content\/uploads\/2026\/08\/articles-bonigen-26-700x514.jpg 700w, https:\/\/loudavymkrokem.cz\/wp-content\/uploads\/2026\/08\/articles-bonigen-26-768x564.jpg 768w, https:\/\/loudavymkrokem.cz\/wp-content\/uploads\/2026\/08\/articles-bonigen-26-1536x1127.jpg 1536w, https:\/\/loudavymkrokem.cz\/wp-content\/uploads\/2026\/08\/articles-bonigen-26-80x60.jpg 80w, https:\/\/loudavymkrokem.cz\/wp-content\/uploads\/2026\/08\/articles-bonigen-26-696x511.jpg 696w, https:\/\/loudavymkrokem.cz\/wp-content\/uploads\/2026\/08\/articles-bonigen-26-1392x1022.jpg 1392w\" sizes=\"(max-width: 1800px) 100vw, 1800px\" \/><button\n\t\t\tclass=\"lightbox-trigger\"\n\t\t\ttype=\"button\"\n\t\t\taria-haspopup=\"dialog\"\n\t\t\tdata-wp-bind--aria-label=\"state.thisImage.triggerButtonAriaLabel\"\n\t\t\tdata-wp-init=\"callbacks.initTriggerButton\"\n\t\t\tdata-wp-on--click=\"actions.showLightbox\"\n\t\t\tdata-wp-style--right=\"state.thisImage.buttonRight\"\n\t\t\tdata-wp-style--top=\"state.thisImage.buttonTop\"\n\t\t>\n\t\t\t<svg xmlns=\"http:\/\/www.w3.org\/2000\/svg\" width=\"12\" height=\"12\" fill=\"none\" viewBox=\"0 0 12 12\">\n\t\t\t\t<path fill=\"#fff\" d=\"M2 0a2 2 0 0 0-2 2v2h1.5V2a.5.5 0 0 1 .5-.5h2V0H2Zm2 10.5H2a.5.5 0 0 1-.5-.5V8H0v2a2 2 0 0 0 2 2h2v-1.5ZM8 12v-1.5h2a.5.5 0 0 0 .5-.5V8H12v2a2 2 0 0 1-2 2H8Zm2-12a2 2 0 0 1 2 2v2h-1.5V2a.5.5 0 0 0-.5-.5H8V0h2Z\" \/>\n\t\t\t<\/svg>\n\t\t<\/button><figcaption class=\"wp-element-caption\">Foto: Patrick Nouhailler \/ Wikimedia Commons, CC BY-SA 3.0<\/figcaption><\/figure>\n\n\n\n<h3 class=\"wp-block-heading\"><span class=\"ez-toc-section\" id=\"Plaja_The_Beach_si_locul_de_joaca_generos\"><\/span>Plaja The Beach \u0219i locul de joac\u0103 generos<span class=\"ez-toc-section-end\"><\/span><\/h3>\n\n\n\n<p class=\"wp-block-paragraph\">C\u00e2nd e cald afar\u0103, aceasta e o certitudine absolut\u0103. <strong>Intrarea de 4 CHF pentru un copil<\/strong> (p\u00e2n\u0103 la 15 ani) este, la standardele elve\u021biene, o sum\u0103 glumea\u021b\u0103. Copiii se pot dezl\u0103n\u021bui \u00een <strong>bazinul \u00eenc\u0103lzit cu ad\u00e2ncime ideal\u0103 pentru joac\u0103<\/strong> sau \u00een balta de b\u0103l\u0103ceal\u0103, sigur\u0103, pentru copii.<\/p>\n\n\n\n<p class=\"wp-block-paragraph\">Parte a complexului este un <strong>loc de joac\u0103 mare cu atrac\u021bii acvatice<\/strong>, unde odraslele se stropesc f\u0103r\u0103 probleme cu ap\u0103 \u0219i construiesc castele din nisip. \u00centregul spa\u021biu este, \u00een plus, <strong>accesibil f\u0103r\u0103 probleme cu c\u0103ruciorul<\/strong>, a\u0219a c\u0103 ajungi aici u\u0219or \u0219i cu cei mai mici excursioni\u0219ti.<\/p>\n\n\n\n<figure data-wp-context=\"{&quot;imageId&quot;:&quot;6a95535cae508&quot;}\" data-wp-interactive=\"core\/image\" data-wp-key=\"6a95535cae508\" class=\"wp-block-image size-full wp-lightbox-container\"><img decoding=\"async\" width=\"1800\" height=\"1199\" data-wp-class--hide=\"state.isContentHidden\" data-wp-class--show=\"state.isContentVisible\" data-wp-init=\"callbacks.setButtonStyles\" data-wp-on--click=\"actions.showLightbox\" data-wp-on--load=\"callbacks.setButtonStyles\" data-wp-on--pointerdown=\"actions.preloadImage\" data-wp-on--pointerenter=\"actions.preloadImageWithDelay\" data-wp-on--pointerleave=\"actions.cancelPreload\" data-wp-on-window--resize=\"callbacks.setButtonStyles\" src=\"https:\/\/loudavymkrokem.cz\/wp-content\/uploads\/2026\/08\/articles-bonigen-27.jpg\" alt=\"Uli\u021bele satului Iseltwald\" class=\"wp-image-404516\" title=\"\" srcset=\"https:\/\/loudavymkrokem.cz\/wp-content\/uploads\/2026\/08\/articles-bonigen-27.jpg 1800w, https:\/\/loudavymkrokem.cz\/wp-content\/uploads\/2026\/08\/articles-bonigen-27-300x200.jpg 300w, https:\/\/loudavymkrokem.cz\/wp-content\/uploads\/2026\/08\/articles-bonigen-27-700x466.jpg 700w, https:\/\/loudavymkrokem.cz\/wp-content\/uploads\/2026\/08\/articles-bonigen-27-768x512.jpg 768w, https:\/\/loudavymkrokem.cz\/wp-content\/uploads\/2026\/08\/articles-bonigen-27-1536x1023.jpg 1536w, https:\/\/loudavymkrokem.cz\/wp-content\/uploads\/2026\/08\/articles-bonigen-27-696x464.jpg 696w, https:\/\/loudavymkrokem.cz\/wp-content\/uploads\/2026\/08\/articles-bonigen-27-1392x927.jpg 1392w\" sizes=\"(max-width: 1800px) 100vw, 1800px\" \/><button\n\t\t\tclass=\"lightbox-trigger\"\n\t\t\ttype=\"button\"\n\t\t\taria-haspopup=\"dialog\"\n\t\t\tdata-wp-bind--aria-label=\"state.thisImage.triggerButtonAriaLabel\"\n\t\t\tdata-wp-init=\"callbacks.initTriggerButton\"\n\t\t\tdata-wp-on--click=\"actions.showLightbox\"\n\t\t\tdata-wp-style--right=\"state.thisImage.buttonRight\"\n\t\t\tdata-wp-style--top=\"state.thisImage.buttonTop\"\n\t\t>\n\t\t\t<svg xmlns=\"http:\/\/www.w3.org\/2000\/svg\" width=\"12\" height=\"12\" fill=\"none\" viewBox=\"0 0 12 12\">\n\t\t\t\t<path fill=\"#fff\" d=\"M2 0a2 2 0 0 0-2 2v2h1.5V2a.5.5 0 0 1 .5-.5h2V0H2Zm2 10.5H2a.5.5 0 0 1-.5-.5V8H0v2a2 2 0 0 0 2 2h2v-1.5ZM8 12v-1.5h2a.5.5 0 0 0 .5-.5V8H12v2a2 2 0 0 1-2 2H8Zm2-12a2 2 0 0 1 2 2v2h-1.5V2a.5.5 0 0 0-.5-.5H8V0h2Z\" \/>\n\t\t\t<\/svg>\n\t\t<\/button><figcaption class=\"wp-element-caption\">Foto: Jean-Paul Wettstein \/ Pexels<\/figcaption><\/figure>\n\n\n\n<h3 class=\"wp-block-heading\"><span class=\"ez-toc-section\" id=\"Cautarea_comorii_si_jocul_detectivist_in_Iseltwald\"><\/span>C\u0103utarea comorii \u0219i jocul detectivist \u00een Iseltwald<span class=\"ez-toc-section-end\"><\/span><\/h3>\n\n\n\n<p class=\"wp-block-paragraph\">Cum s\u0103-i faci pe copii s\u0103 mearg\u0103 f\u0103r\u0103 s\u0103 se pl\u00e2ng\u0103? Prin joc! Chiar \u00een B\u00f6nigen po\u021bi porni cu copiii pe <strong>Schatzsuche B\u00f6nigen (c\u0103utarea comorii pentru familii)<\/strong>, care este o form\u0103 juc\u0103u\u0219\u0103 de vizitare a satului cu \u00eendeplinirea unor sarcini. Opririle sunt g\u00e2ndite inteligent, astfel \u00eenc\u00e2t s\u0103 distreze toate genera\u021biile.<\/p>\n\n\n\n<p class=\"wp-block-paragraph\">\u00cen vecinul Iseltwald func\u021bioneaz\u0103, la r\u00e2ndul s\u0103u, <strong>KrimiSpass Iseltwald<\/strong>, un joc detectivist digital pentru telefoane inteligente, unde copiii, \u00een timp ce se plimb\u0103 prin \u00eemprejurimi, rezolv\u0103 un caz misterios. Dureaz\u0103 exact at\u00e2t c\u00e2t s\u0103 le men\u021bin\u0103 aten\u021bia \u0219i s\u0103 nu doar\u0103 pe nimeni picioarele.<\/p>\n\n\n\n<figure data-wp-context=\"{&quot;imageId&quot;:&quot;6a95535caeba9&quot;}\" data-wp-interactive=\"core\/image\" data-wp-key=\"6a95535caeba9\" class=\"wp-block-image size-full wp-lightbox-container\"><img decoding=\"async\" width=\"1800\" height=\"1073\" data-wp-class--hide=\"state.isContentHidden\" data-wp-class--show=\"state.isContentVisible\" data-wp-init=\"callbacks.setButtonStyles\" data-wp-on--click=\"actions.showLightbox\" data-wp-on--load=\"callbacks.setButtonStyles\" data-wp-on--pointerdown=\"actions.preloadImage\" data-wp-on--pointerenter=\"actions.preloadImageWithDelay\" data-wp-on--pointerleave=\"actions.cancelPreload\" data-wp-on-window--resize=\"callbacks.setButtonStyles\" src=\"https:\/\/loudavymkrokem.cz\/wp-content\/uploads\/2026\/08\/articles-bonigen-28.jpg\" alt=\"Camping l\u00e2ng\u0103 un lac la munte\" class=\"wp-image-404519\" title=\"\" srcset=\"https:\/\/loudavymkrokem.cz\/wp-content\/uploads\/2026\/08\/articles-bonigen-28.jpg 1800w, https:\/\/loudavymkrokem.cz\/wp-content\/uploads\/2026\/08\/articles-bonigen-28-300x179.jpg 300w, https:\/\/loudavymkrokem.cz\/wp-content\/uploads\/2026\/08\/articles-bonigen-28-700x417.jpg 700w, https:\/\/loudavymkrokem.cz\/wp-content\/uploads\/2026\/08\/articles-bonigen-28-768x458.jpg 768w, https:\/\/loudavymkrokem.cz\/wp-content\/uploads\/2026\/08\/articles-bonigen-28-1536x916.jpg 1536w, https:\/\/loudavymkrokem.cz\/wp-content\/uploads\/2026\/08\/articles-bonigen-28-696x415.jpg 696w, https:\/\/loudavymkrokem.cz\/wp-content\/uploads\/2026\/08\/articles-bonigen-28-1392x830.jpg 1392w\" sizes=\"(max-width: 1800px) 100vw, 1800px\" \/><button\n\t\t\tclass=\"lightbox-trigger\"\n\t\t\ttype=\"button\"\n\t\t\taria-haspopup=\"dialog\"\n\t\t\tdata-wp-bind--aria-label=\"state.thisImage.triggerButtonAriaLabel\"\n\t\t\tdata-wp-init=\"callbacks.initTriggerButton\"\n\t\t\tdata-wp-on--click=\"actions.showLightbox\"\n\t\t\tdata-wp-style--right=\"state.thisImage.buttonRight\"\n\t\t\tdata-wp-style--top=\"state.thisImage.buttonTop\"\n\t\t>\n\t\t\t<svg xmlns=\"http:\/\/www.w3.org\/2000\/svg\" width=\"12\" height=\"12\" fill=\"none\" viewBox=\"0 0 12 12\">\n\t\t\t\t<path fill=\"#fff\" d=\"M2 0a2 2 0 0 0-2 2v2h1.5V2a.5.5 0 0 1 .5-.5h2V0H2Zm2 10.5H2a.5.5 0 0 1-.5-.5V8H0v2a2 2 0 0 0 2 2h2v-1.5ZM8 12v-1.5h2a.5.5 0 0 0 .5-.5V8H12v2a2 2 0 0 1-2 2H8Zm2-12a2 2 0 0 1 2 2v2h-1.5V2a.5.5 0 0 0-.5-.5H8V0h2Z\" \/>\n\t\t\t<\/svg>\n\t\t<\/button><figcaption class=\"wp-element-caption\">Foto: Syed Qaarif Andrabi \/ Pexels<\/figcaption><\/figure>\n\n\n\n<h3 class=\"wp-block-heading\"><span class=\"ez-toc-section\" id=\"Campingul_TCS_pozitie_grozava_dar_cu_o_mare_rezerva\"><\/span>Campingul TCS: pozi\u021bie grozav\u0103, dar cu o mare rezerv\u0103<span class=\"ez-toc-section-end\"><\/span><\/h3>\n\n\n\n<p class=\"wp-block-paragraph\"><strong>TCS Camping B\u00f6nigen Brienzersee<\/strong> de pe Campingstrasse 14 se afl\u0103 chiar l\u00e2ng\u0103 lac \u0219i la dou\u0103 sute de metri de plaj\u0103. Pozi\u021bia este cu adev\u0103rat grozav\u0103 \u0219i acesta e un lucru pe care nimeni nu i-l poate lua. Sezonul dureaz\u0103 <strong>de la 2 aprilie p\u00e2n\u0103 la 18 octombrie<\/strong>, iar vara pl\u0103te\u0219ti \u00een jur de 72 p\u00e2n\u0103 la 80 de euro pe noapte.<\/p>\n\n\n\n<p class=\"wp-block-paragraph\">Chiar de la \u00eenceput trebuie \u00eens\u0103 s\u0103 pun la punct un lucru pe care \u00eel copiaz\u0103 o mul\u021bime de site-uri, at\u00e2t din str\u0103in\u0103tate, c\u00e2t \u0219i de la noi: <strong>la camping nu exist\u0103 bazin cu tobogan \u0219i nici plimb\u0103ri c\u0103lare<\/strong>. Aici e doar o balt\u0103 de b\u0103l\u0103ceal\u0103 pentru copii, un loc de joac\u0103 \u0219i un \u021barc cu iepuri \u0219i g\u0103ini. Bazinul \u00eenc\u0103lzit \u0219i toboganele sunt pe <strong>\u0219trandul vecin The Beach, unde oaspe\u021bii campingului merg gratuit<\/strong> \u2014 numai c\u0103 acesta este deschis doar de la jum\u0103tatea lunii mai p\u00e2n\u0103 la jum\u0103tatea lui septembrie, a\u0219a c\u0103 o parte din sezonul campingului este \u00eenchis.<\/p>\n\n\n\n<p class=\"wp-block-paragraph\">\u0218i acum partea nepl\u0103cut\u0103. Am fost aici <strong>cu fiul de doi ani, care tocmai se antrena la oli\u021b\u0103<\/strong>, iar chiar \u00een prima zi i s-a \u00eent\u00e2mplat un accident. I-am scos pantalonii uzi \u0219i l-am a\u0219ezat pe iarb\u0103, \u00een caz c\u0103 mai avea nevoie s\u0103 termine ce \u00eencepuse. \u00cen c\u00e2teva clipe, un angajat al campingului st\u0103tea l\u00e2ng\u0103 noi \u0219i a numit asta \u201edisgusting&#8221;, spun\u00e2nd c\u0103 nu ai voie s\u0103 faci pipi pe iarb\u0103 atunci c\u00e2nd sunt disponibile toalete.<\/p>\n\n\n\n<p class=\"wp-block-paragraph\">Peste cinci minute a venit un al doilea angajat, spun\u00e2nd c\u0103 managerul a raportat asta, \u0219i ne-a explicat din nou c\u0103 <strong>fiecare copil doar \u0219tie s\u0103 foloseasc\u0103 toaleta<\/strong> \u0219i c\u0103 a\u0219a ceva nu s-a mai \u00eent\u00e2mplat niciodat\u0103 acolo. Un copil de doi ani \u00een antrenamentul la oli\u021b\u0103 are pur \u0219i simplu accidente, iar noi eram acolo \u0219i am rezolvat imediat. Nu ne-a deranjat reamintirea regulilor, ci <strong>acel ton ostil \u0219i umilitor<\/strong>.<\/p>\n\n\n\n<p class=\"wp-block-paragraph\">Restul sejurului ne-am sim\u021bit acolo nedori\u021bi. Personalului i-a\u0219 da <strong>un unu din cinci, pozi\u021biei un cinci din cinci<\/strong>. \u0218i nu suntem singurii: pe TripAdvisor campingul are doar 3,9 din 5, iar scorul pentru servire este cel mai sc\u0103zut din toat\u0103 evaluarea. \u00cen aprilie 2026, o alt\u0103 familie a intitulat o recenzie direct \u201eFamilien nicht willkommen&#8221;, dup\u0103 ce personalul a reac\u021bionat dispropor\u021bionat la firimiturile l\u0103sate de copilul lor de un an \u0219i cel de patru ani.<\/p>\n\n\n\n<p class=\"wp-block-paragraph\">\ud83d\udca1 Sfat: Dac\u0103 vrei s\u0103 faci camping \u00een B\u00f6nigen \u0219i ai cu tine un copil mic, \u021bine cont de cum se procedeaz\u0103 aici \u2014 <strong>familiilor cu cei mai mici copii nu le recomand acest camping, dup\u0103 propria experien\u021b\u0103<\/strong>. Ia mai bine \u00een calcul un apartament cu buc\u0103t\u0103rie, care \u00een Elve\u021bia oricum iese mai bine dec\u00e2t m\u00e2ncatul la restaurant. Cine totu\u0219i merge, s\u0103 cear\u0103 <strong>locul num\u0103rul 22<\/strong> \u2014 este singurul unde gardul viu las\u0103 priveli\u0219tea spre lac.<\/p>\n\n\n\n<figure data-wp-context=\"{&quot;imageId&quot;:&quot;6a95535caf3dd&quot;}\" data-wp-interactive=\"core\/image\" data-wp-key=\"6a95535caf3dd\" class=\"wp-block-image size-full wp-lightbox-container\"><img decoding=\"async\" width=\"1800\" height=\"1275\" data-wp-class--hide=\"state.isContentHidden\" data-wp-class--show=\"state.isContentVisible\" data-wp-init=\"callbacks.setButtonStyles\" data-wp-on--click=\"actions.showLightbox\" data-wp-on--load=\"callbacks.setButtonStyles\" data-wp-on--pointerdown=\"actions.preloadImage\" data-wp-on--pointerenter=\"actions.preloadImageWithDelay\" data-wp-on--pointerleave=\"actions.cancelPreload\" data-wp-on-window--resize=\"callbacks.setButtonStyles\" src=\"https:\/\/loudavymkrokem.cz\/wp-content\/uploads\/2026\/08\/articles-bonigen-29.jpg\" alt=\"Gr\u0103dina alpin\u0103 de pe Schynige Platte\" class=\"wp-image-404524\" title=\"\" srcset=\"https:\/\/loudavymkrokem.cz\/wp-content\/uploads\/2026\/08\/articles-bonigen-29.jpg 1800w, https:\/\/loudavymkrokem.cz\/wp-content\/uploads\/2026\/08\/articles-bonigen-29-300x213.jpg 300w, https:\/\/loudavymkrokem.cz\/wp-content\/uploads\/2026\/08\/articles-bonigen-29-700x496.jpg 700w, https:\/\/loudavymkrokem.cz\/wp-content\/uploads\/2026\/08\/articles-bonigen-29-768x544.jpg 768w, https:\/\/loudavymkrokem.cz\/wp-content\/uploads\/2026\/08\/articles-bonigen-29-1536x1088.jpg 1536w, https:\/\/loudavymkrokem.cz\/wp-content\/uploads\/2026\/08\/articles-bonigen-29-696x493.jpg 696w, https:\/\/loudavymkrokem.cz\/wp-content\/uploads\/2026\/08\/articles-bonigen-29-1392x986.jpg 1392w\" sizes=\"(max-width: 1800px) 100vw, 1800px\" \/><button\n\t\t\tclass=\"lightbox-trigger\"\n\t\t\ttype=\"button\"\n\t\t\taria-haspopup=\"dialog\"\n\t\t\tdata-wp-bind--aria-label=\"state.thisImage.triggerButtonAriaLabel\"\n\t\t\tdata-wp-init=\"callbacks.initTriggerButton\"\n\t\t\tdata-wp-on--click=\"actions.showLightbox\"\n\t\t\tdata-wp-style--right=\"state.thisImage.buttonRight\"\n\t\t\tdata-wp-style--top=\"state.thisImage.buttonTop\"\n\t\t>\n\t\t\t<svg xmlns=\"http:\/\/www.w3.org\/2000\/svg\" width=\"12\" height=\"12\" fill=\"none\" viewBox=\"0 0 12 12\">\n\t\t\t\t<path fill=\"#fff\" d=\"M2 0a2 2 0 0 0-2 2v2h1.5V2a.5.5 0 0 1 .5-.5h2V0H2Zm2 10.5H2a.5.5 0 0 1-.5-.5V8H0v2a2 2 0 0 0 2 2h2v-1.5ZM8 12v-1.5h2a.5.5 0 0 0 .5-.5V8H12v2a2 2 0 0 1-2 2H8Zm2-12a2 2 0 0 1 2 2v2h-1.5V2a.5.5 0 0 0-.5-.5H8V0h2Z\" \/>\n\t\t\t<\/svg>\n\t\t<\/button><figcaption class=\"wp-element-caption\">Foto: Murray Foubister \/ Wikimedia Commons, CC BY-SA 2.0<\/figcaption><\/figure>\n\n\n\n<h3 class=\"wp-block-heading\"><span class=\"ez-toc-section\" id=\"Lilys_Alpenspielplatz_si_Panoramaweg_pe_Schynige_Platte\"><\/span>Lily&#8217;s Alpenspielplatz \u0219i Panoramaweg pe Schynige Platte<span class=\"ez-toc-section-end\"><\/span><\/h3>\n\n\n\n<p class=\"wp-block-paragraph\">C\u00e2nd mergi cu trenul din\u021bat pe Schynige Platte, copiii vor fi \u00eenc\u00e2nta\u021bi de locul de joac\u0103 alpin local Lily&#8217;s Alpenspielplatz. Vor g\u0103si aici o <strong>potec\u0103 de echilibru plin\u0103 de aventur\u0103, un tobogan uria\u0219 \u0219i un c\u0103\u021b\u0103r\u0103tor \u00een form\u0103 de cuib de vultur<\/strong>, cu priveli\u0219te spre mun\u021bii maiestuo\u0219i \u00eenz\u0103pezi\u021bi.<\/p>\n\n\n\n<p class=\"wp-block-paragraph\">Drume\u021bia care urmeaz\u0103, pe traseul circular Panoramaweg, <strong>dureaz\u0103 cam 2,5 ore<\/strong>, iar terenul este at\u00e2t de prietenos \u00eenc\u00e2t, cu pu\u021bin ajutor, \u00eel <strong>parcurg \u0219i pre\u0219colarii<\/strong>. Drumul este lat, sigur \u0219i plin de b\u0103nci, unde te po\u021bi opri oric\u00e2nd la o gustare.<\/p>\n\n\n\n<figure data-wp-context=\"{&quot;imageId&quot;:&quot;6a95535cafa42&quot;}\" data-wp-interactive=\"core\/image\" data-wp-key=\"6a95535cafa42\" class=\"wp-block-image size-full wp-lightbox-container\"><img decoding=\"async\" width=\"1800\" height=\"1800\" data-wp-class--hide=\"state.isContentHidden\" data-wp-class--show=\"state.isContentVisible\" data-wp-init=\"callbacks.setButtonStyles\" data-wp-on--click=\"actions.showLightbox\" data-wp-on--load=\"callbacks.setButtonStyles\" data-wp-on--pointerdown=\"actions.preloadImage\" data-wp-on--pointerenter=\"actions.preloadImageWithDelay\" data-wp-on--pointerleave=\"actions.cancelPreload\" data-wp-on-window--resize=\"callbacks.setButtonStyles\" src=\"https:\/\/loudavymkrokem.cz\/wp-content\/uploads\/2026\/08\/articles-bonigen-30.jpg\" alt=\"Vaporul BLS pe Lacul Brienz\" class=\"wp-image-404528\" title=\"\" srcset=\"https:\/\/loudavymkrokem.cz\/wp-content\/uploads\/2026\/08\/articles-bonigen-30.jpg 1800w, https:\/\/loudavymkrokem.cz\/wp-content\/uploads\/2026\/08\/articles-bonigen-30-300x300.jpg 300w, https:\/\/loudavymkrokem.cz\/wp-content\/uploads\/2026\/08\/articles-bonigen-30-700x700.jpg 700w, https:\/\/loudavymkrokem.cz\/wp-content\/uploads\/2026\/08\/articles-bonigen-30-150x150.jpg 150w, https:\/\/loudavymkrokem.cz\/wp-content\/uploads\/2026\/08\/articles-bonigen-30-768x768.jpg 768w, https:\/\/loudavymkrokem.cz\/wp-content\/uploads\/2026\/08\/articles-bonigen-30-1536x1536.jpg 1536w, https:\/\/loudavymkrokem.cz\/wp-content\/uploads\/2026\/08\/articles-bonigen-30-696x696.jpg 696w, https:\/\/loudavymkrokem.cz\/wp-content\/uploads\/2026\/08\/articles-bonigen-30-1392x1392.jpg 1392w\" sizes=\"(max-width: 1800px) 100vw, 1800px\" \/><button\n\t\t\tclass=\"lightbox-trigger\"\n\t\t\ttype=\"button\"\n\t\t\taria-haspopup=\"dialog\"\n\t\t\tdata-wp-bind--aria-label=\"state.thisImage.triggerButtonAriaLabel\"\n\t\t\tdata-wp-init=\"callbacks.initTriggerButton\"\n\t\t\tdata-wp-on--click=\"actions.showLightbox\"\n\t\t\tdata-wp-style--right=\"state.thisImage.buttonRight\"\n\t\t\tdata-wp-style--top=\"state.thisImage.buttonTop\"\n\t\t>\n\t\t\t<svg xmlns=\"http:\/\/www.w3.org\/2000\/svg\" width=\"12\" height=\"12\" fill=\"none\" viewBox=\"0 0 12 12\">\n\t\t\t\t<path fill=\"#fff\" d=\"M2 0a2 2 0 0 0-2 2v2h1.5V2a.5.5 0 0 1 .5-.5h2V0H2Zm2 10.5H2a.5.5 0 0 1-.5-.5V8H0v2a2 2 0 0 0 2 2h2v-1.5ZM8 12v-1.5h2a.5.5 0 0 0 .5-.5V8H12v2a2 2 0 0 1-2 2H8Zm2-12a2 2 0 0 1 2 2v2h-1.5V2a.5.5 0 0 0-.5-.5H8V0h2Z\" \/>\n\t\t\t<\/svg>\n\t\t<\/button><figcaption class=\"wp-element-caption\">Foto: JoachimKohler-HB \/ Wikimedia Commons, CC BY-SA 4.0<\/figcaption><\/figure>\n\n\n\n<h3 class=\"wp-block-heading\"><span class=\"ez-toc-section\" id=\"Vaporul_si_promenada_fara_bariere_cu_caruciorul\"><\/span>Vaporul \u0219i promenada f\u0103r\u0103 bariere cu c\u0103ruciorul<span class=\"ez-toc-section-end\"><\/span><\/h3>\n\n\n\n<p class=\"wp-block-paragraph\">\u00cens\u0103\u0219i c\u0103l\u0103toria cu vaporul istoric este pentru copii o experien\u021b\u0103 uria\u0219\u0103 (\u0219i \u021bine minte c\u0103 <strong>copiii sub 6 ani c\u0103l\u0103toresc pe vapoarele BLS complet gratuit<\/strong>, iar cei mai mari, p\u00e2n\u0103 la 15 ani, au jum\u0103tate de tarif). Pe punte pot urm\u0103ri roata uria\u0219\u0103 cu zbaturi \u00een mi\u0219care, ceea ce \u00eei \u021bine ocupa\u021bi bine o jum\u0103tate de or\u0103.<\/p>\n\n\n\n<p class=\"wp-block-paragraph\">Cu c\u0103ruciorul po\u021bi porni, \u00een plus, pe <strong>Seepromenadeweg<\/strong>, o plimbare frumoas\u0103, lat\u0103 \u0219i complet f\u0103r\u0103 bariere de-a lungul lacului \u0219i al r\u00e2ului Aare spre Interlaken. Nic\u0103ieri pe drum nu dai peste trepte enervante, iar suprafa\u021ba este frumos de neted\u0103.<\/p>\n\n\n\n<figure data-wp-context=\"{&quot;imageId&quot;:&quot;6a95535cb0087&quot;}\" data-wp-interactive=\"core\/image\" data-wp-key=\"6a95535cb0087\" class=\"wp-block-image size-full wp-lightbox-container\"><img decoding=\"async\" width=\"1800\" height=\"1200\" data-wp-class--hide=\"state.isContentHidden\" data-wp-class--show=\"state.isContentVisible\" data-wp-init=\"callbacks.setButtonStyles\" data-wp-on--click=\"actions.showLightbox\" data-wp-on--load=\"callbacks.setButtonStyles\" data-wp-on--pointerdown=\"actions.preloadImage\" data-wp-on--pointerenter=\"actions.preloadImageWithDelay\" data-wp-on--pointerleave=\"actions.cancelPreload\" data-wp-on-window--resize=\"callbacks.setButtonStyles\" src=\"https:\/\/loudavymkrokem.cz\/wp-content\/uploads\/2026\/08\/articles-bonigen-31.jpg\" alt=\"Satul B\u00f6nigen \u0219i restaurantele sale\" class=\"wp-image-404530\" title=\"\" srcset=\"https:\/\/loudavymkrokem.cz\/wp-content\/uploads\/2026\/08\/articles-bonigen-31.jpg 1800w, https:\/\/loudavymkrokem.cz\/wp-content\/uploads\/2026\/08\/articles-bonigen-31-300x200.jpg 300w, https:\/\/loudavymkrokem.cz\/wp-content\/uploads\/2026\/08\/articles-bonigen-31-700x467.jpg 700w, https:\/\/loudavymkrokem.cz\/wp-content\/uploads\/2026\/08\/articles-bonigen-31-768x512.jpg 768w, https:\/\/loudavymkrokem.cz\/wp-content\/uploads\/2026\/08\/articles-bonigen-31-1536x1024.jpg 1536w, https:\/\/loudavymkrokem.cz\/wp-content\/uploads\/2026\/08\/articles-bonigen-31-696x464.jpg 696w, https:\/\/loudavymkrokem.cz\/wp-content\/uploads\/2026\/08\/articles-bonigen-31-1392x928.jpg 1392w\" sizes=\"(max-width: 1800px) 100vw, 1800px\" \/><button\n\t\t\tclass=\"lightbox-trigger\"\n\t\t\ttype=\"button\"\n\t\t\taria-haspopup=\"dialog\"\n\t\t\tdata-wp-bind--aria-label=\"state.thisImage.triggerButtonAriaLabel\"\n\t\t\tdata-wp-init=\"callbacks.initTriggerButton\"\n\t\t\tdata-wp-on--click=\"actions.showLightbox\"\n\t\t\tdata-wp-style--right=\"state.thisImage.buttonRight\"\n\t\t\tdata-wp-style--top=\"state.thisImage.buttonTop\"\n\t\t>\n\t\t\t<svg xmlns=\"http:\/\/www.w3.org\/2000\/svg\" width=\"12\" height=\"12\" fill=\"none\" viewBox=\"0 0 12 12\">\n\t\t\t\t<path fill=\"#fff\" d=\"M2 0a2 2 0 0 0-2 2v2h1.5V2a.5.5 0 0 1 .5-.5h2V0H2Zm2 10.5H2a.5.5 0 0 1-.5-.5V8H0v2a2 2 0 0 0 2 2h2v-1.5ZM8 12v-1.5h2a.5.5 0 0 0 .5-.5V8H12v2a2 2 0 0 1-2 2H8Zm2-12a2 2 0 0 1 2 2v2h-1.5V2a.5.5 0 0 0-.5-.5H8V0h2Z\" \/>\n\t\t\t<\/svg>\n\t\t<\/button><figcaption class=\"wp-element-caption\">Foto: Freek Wolsink \/ Pexels<\/figcaption><\/figure>\n\n\n\n<h2 class=\"wp-block-heading\"><span class=\"ez-toc-section\" id=\"Unde_sa_mananci_in_Bonigen\"><\/span>Unde s\u0103 m\u0103n\u00e2nci \u00een B\u00f6nigen<span class=\"ez-toc-section-end\"><\/span><\/h2>\n\n\n\n<p class=\"wp-block-paragraph\">Scena gastro chiar din sat este mai degrab\u0103 intim\u0103, p\u00e2n\u0103 la urm\u0103 nu este niciun ora\u0219 mare. Majoritatea oamenilor merg pentru varietatea mare de buc\u0103t\u0103rii cu autobuzul \u00een apropiatul Interlaken, dar \u0219i chiar l\u00e2ng\u0103 lac g\u0103se\u0219ti c\u00e2teva localuri foarte pl\u0103cute unde te po\u021bi odihni dup\u0103 drume\u021bie. Restaurantele locale servesc adesea <strong>pe\u0219te proasp\u0103t din Lacul Brienz<\/strong>, care este o <strong>specialitate local\u0103 renumit\u0103<\/strong>, pentru care se adun\u0103 c\u0103l\u0103tori din \u00eemprejurimile largi.<\/p>\n\n\n\n<p class=\"wp-block-paragraph\">Dac\u0103 e\u0219ti \u00een c\u0103utarea unei certitudini dup\u0103 o zi solicitant\u0103, iat\u0103 localurile cu evaluare excelent\u0103:<\/p>\n\n\n\n<figure data-wp-context=\"{&quot;imageId&quot;:&quot;6a95535cb070a&quot;}\" data-wp-interactive=\"core\/image\" data-wp-key=\"6a95535cb070a\" class=\"wp-block-image size-full wp-lightbox-container\"><img decoding=\"async\" width=\"1800\" height=\"1200\" data-wp-class--hide=\"state.isContentHidden\" data-wp-class--show=\"state.isContentVisible\" data-wp-init=\"callbacks.setButtonStyles\" data-wp-on--click=\"actions.showLightbox\" data-wp-on--load=\"callbacks.setButtonStyles\" data-wp-on--pointerdown=\"actions.preloadImage\" data-wp-on--pointerenter=\"actions.preloadImageWithDelay\" data-wp-on--pointerleave=\"actions.cancelPreload\" data-wp-on-window--resize=\"callbacks.setButtonStyles\" src=\"https:\/\/loudavymkrokem.cz\/wp-content\/uploads\/2026\/08\/articles-bonigen-32.jpg\" alt=\"Pizza \u00eentr-un restaurant l\u00e2ng\u0103 lac\" class=\"wp-image-404535\" title=\"\" srcset=\"https:\/\/loudavymkrokem.cz\/wp-content\/uploads\/2026\/08\/articles-bonigen-32.jpg 1800w, https:\/\/loudavymkrokem.cz\/wp-content\/uploads\/2026\/08\/articles-bonigen-32-300x200.jpg 300w, https:\/\/loudavymkrokem.cz\/wp-content\/uploads\/2026\/08\/articles-bonigen-32-700x467.jpg 700w, https:\/\/loudavymkrokem.cz\/wp-content\/uploads\/2026\/08\/articles-bonigen-32-768x512.jpg 768w, https:\/\/loudavymkrokem.cz\/wp-content\/uploads\/2026\/08\/articles-bonigen-32-1536x1024.jpg 1536w, https:\/\/loudavymkrokem.cz\/wp-content\/uploads\/2026\/08\/articles-bonigen-32-696x464.jpg 696w, https:\/\/loudavymkrokem.cz\/wp-content\/uploads\/2026\/08\/articles-bonigen-32-1392x928.jpg 1392w\" sizes=\"(max-width: 1800px) 100vw, 1800px\" \/><button\n\t\t\tclass=\"lightbox-trigger\"\n\t\t\ttype=\"button\"\n\t\t\taria-haspopup=\"dialog\"\n\t\t\tdata-wp-bind--aria-label=\"state.thisImage.triggerButtonAriaLabel\"\n\t\t\tdata-wp-init=\"callbacks.initTriggerButton\"\n\t\t\tdata-wp-on--click=\"actions.showLightbox\"\n\t\t\tdata-wp-style--right=\"state.thisImage.buttonRight\"\n\t\t\tdata-wp-style--top=\"state.thisImage.buttonTop\"\n\t\t>\n\t\t\t<svg xmlns=\"http:\/\/www.w3.org\/2000\/svg\" width=\"12\" height=\"12\" fill=\"none\" viewBox=\"0 0 12 12\">\n\t\t\t\t<path fill=\"#fff\" d=\"M2 0a2 2 0 0 0-2 2v2h1.5V2a.5.5 0 0 1 .5-.5h2V0H2Zm2 10.5H2a.5.5 0 0 1-.5-.5V8H0v2a2 2 0 0 0 2 2h2v-1.5ZM8 12v-1.5h2a.5.5 0 0 0 .5-.5V8H12v2a2 2 0 0 1-2 2H8Zm2-12a2 2 0 0 1 2 2v2h-1.5V2a.5.5 0 0 0-.5-.5H8V0h2Z\" \/>\n\t\t\t<\/svg>\n\t\t<\/button><figcaption class=\"wp-element-caption\">Foto: Cup of  Couple \/ Pexels<\/figcaption><\/figure>\n\n\n\n<h3 class=\"wp-block-heading\"><span class=\"ez-toc-section\" id=\"Pizzeria_La_Boheme\"><\/span>Pizzeria La Boh\u00e8me<span class=\"ez-toc-section-end\"><\/span><\/h3>\n\n\n\n<p class=\"wp-block-paragraph\">O g\u0103se\u0219ti chiar \u00een cl\u0103direa hotelului Seiler au Lac de pe falez\u0103 (Am Quai 3). Pe Google are o not\u0103 foarte solid\u0103, de 4,4, \u0219i este o <strong>alegere absolut sigur\u0103 \u0219i s\u0103ioas\u0103, dac\u0103 nu vrei s\u0103 experimentezi \u00eendelung cu meniul<\/strong> dup\u0103 o zi solicitant\u0103.<\/p>\n\n\n\n<p class=\"wp-block-paragraph\">Nu rata neap\u0103rat <strong>pizza Margherita excelent\u0103<\/strong> cu br\u00e2nz\u0103 \u00een plus sau pastele delicioase. Se st\u0103 aici <strong>frumos de aproape de ap\u0103<\/strong>, atmosfera este pl\u0103cut de relaxat\u0103, iar personalul este absolut obi\u0219nuit \u0219i cu turi\u0219tii asuda\u021bi, \u00een bocanci grei.<\/p>\n\n\n\n<figure data-wp-context=\"{&quot;imageId&quot;:&quot;6a95535cb0d32&quot;}\" data-wp-interactive=\"core\/image\" data-wp-key=\"6a95535cb0d32\" class=\"wp-block-image size-full wp-lightbox-container\"><img decoding=\"async\" width=\"1800\" height=\"1200\" data-wp-class--hide=\"state.isContentHidden\" data-wp-class--show=\"state.isContentVisible\" data-wp-init=\"callbacks.setButtonStyles\" data-wp-on--click=\"actions.showLightbox\" data-wp-on--load=\"callbacks.setButtonStyles\" data-wp-on--pointerdown=\"actions.preloadImage\" data-wp-on--pointerenter=\"actions.preloadImageWithDelay\" data-wp-on--pointerleave=\"actions.cancelPreload\" data-wp-on-window--resize=\"callbacks.setButtonStyles\" src=\"https:\/\/loudavymkrokem.cz\/wp-content\/uploads\/2026\/08\/articles-bonigen-33.jpg\" alt=\"\u00cenghe\u021bat\u0103 dup\u0103 drume\u021bie l\u00e2ng\u0103 lac\" class=\"wp-image-404537\" title=\"\" srcset=\"https:\/\/loudavymkrokem.cz\/wp-content\/uploads\/2026\/08\/articles-bonigen-33.jpg 1800w, https:\/\/loudavymkrokem.cz\/wp-content\/uploads\/2026\/08\/articles-bonigen-33-300x200.jpg 300w, https:\/\/loudavymkrokem.cz\/wp-content\/uploads\/2026\/08\/articles-bonigen-33-700x467.jpg 700w, https:\/\/loudavymkrokem.cz\/wp-content\/uploads\/2026\/08\/articles-bonigen-33-768x512.jpg 768w, https:\/\/loudavymkrokem.cz\/wp-content\/uploads\/2026\/08\/articles-bonigen-33-1536x1024.jpg 1536w, https:\/\/loudavymkrokem.cz\/wp-content\/uploads\/2026\/08\/articles-bonigen-33-696x464.jpg 696w, https:\/\/loudavymkrokem.cz\/wp-content\/uploads\/2026\/08\/articles-bonigen-33-1392x928.jpg 1392w\" sizes=\"(max-width: 1800px) 100vw, 1800px\" \/><button\n\t\t\tclass=\"lightbox-trigger\"\n\t\t\ttype=\"button\"\n\t\t\taria-haspopup=\"dialog\"\n\t\t\tdata-wp-bind--aria-label=\"state.thisImage.triggerButtonAriaLabel\"\n\t\t\tdata-wp-init=\"callbacks.initTriggerButton\"\n\t\t\tdata-wp-on--click=\"actions.showLightbox\"\n\t\t\tdata-wp-style--right=\"state.thisImage.buttonRight\"\n\t\t\tdata-wp-style--top=\"state.thisImage.buttonTop\"\n\t\t>\n\t\t\t<svg xmlns=\"http:\/\/www.w3.org\/2000\/svg\" width=\"12\" height=\"12\" fill=\"none\" viewBox=\"0 0 12 12\">\n\t\t\t\t<path fill=\"#fff\" d=\"M2 0a2 2 0 0 0-2 2v2h1.5V2a.5.5 0 0 1 .5-.5h2V0H2Zm2 10.5H2a.5.5 0 0 1-.5-.5V8H0v2a2 2 0 0 0 2 2h2v-1.5ZM8 12v-1.5h2a.5.5 0 0 0 .5-.5V8H12v2a2 2 0 0 1-2 2H8Zm2-12a2 2 0 0 1 2 2v2h-1.5V2a.5.5 0 0 0-.5-.5H8V0h2Z\" \/>\n\t\t\t<\/svg>\n\t\t<\/button><figcaption class=\"wp-element-caption\">Foto: Maria Orlova \/ Pexels<\/figcaption><\/figure>\n\n\n\n<h3 class=\"wp-block-heading\"><span class=\"ez-toc-section\" id=\"Sweet_Ride\"><\/span>Sweet Ride<span class=\"ez-toc-section-end\"><\/span><\/h3>\n\n\n\n<p class=\"wp-block-paragraph\">Acesta este <strong>cel mai bine evaluat local din toat\u0103 localitatea<\/strong> (scor 4,9 din aproape dou\u0103 sute de recenzii). Este o cafenea \u0219i o gelaterie mai mic\u0103, extrem de simpatic\u0103, de l\u00e2ng\u0103 ap\u0103, unde pur \u0219i simplu trebuie s\u0103 treci pentru o r\u0103splat\u0103 dulce de dup\u0103-amiaz\u0103 pentru kilometrii parcur\u0219i.<\/p>\n\n\n\n<p class=\"wp-block-paragraph\">\u00cencearc\u0103 cafeaua lor de specialitate \u0219i, mai ales, <strong>\u00eenghe\u021bata artizanal\u0103 fantastic\u0103<\/strong>, pe care o iubesc \u0219i localnicii, \u0219i turi\u0219tii str\u0103ini. Este exact locul unde vrei s\u0103 te a\u0219ezi lini\u0219tit dup\u0103 o excursie de o zi \u00eentreag\u0103, la soare, \u0219i s\u0103 <strong>prive\u0219ti pur \u0219i simplu luciul lacului<\/strong>.<\/p>\n\n\n\n<figure data-wp-context=\"{&quot;imageId&quot;:&quot;6a95535cb1374&quot;}\" data-wp-interactive=\"core\/image\" data-wp-key=\"6a95535cb1374\" class=\"wp-block-image size-full wp-lightbox-container\"><img decoding=\"async\" width=\"1800\" height=\"1185\" data-wp-class--hide=\"state.isContentHidden\" data-wp-class--show=\"state.isContentVisible\" data-wp-init=\"callbacks.setButtonStyles\" data-wp-on--click=\"actions.showLightbox\" data-wp-on--load=\"callbacks.setButtonStyles\" data-wp-on--pointerdown=\"actions.preloadImage\" data-wp-on--pointerenter=\"actions.preloadImageWithDelay\" data-wp-on--pointerleave=\"actions.cancelPreload\" data-wp-on-window--resize=\"callbacks.setButtonStyles\" src=\"https:\/\/loudavymkrokem.cz\/wp-content\/uploads\/2026\/08\/articles-bonigen-34.jpg\" alt=\"Restaurant elve\u021bian primitor\" class=\"wp-image-404541\" title=\"\" srcset=\"https:\/\/loudavymkrokem.cz\/wp-content\/uploads\/2026\/08\/articles-bonigen-34.jpg 1800w, https:\/\/loudavymkrokem.cz\/wp-content\/uploads\/2026\/08\/articles-bonigen-34-300x198.jpg 300w, https:\/\/loudavymkrokem.cz\/wp-content\/uploads\/2026\/08\/articles-bonigen-34-700x461.jpg 700w, https:\/\/loudavymkrokem.cz\/wp-content\/uploads\/2026\/08\/articles-bonigen-34-768x506.jpg 768w, https:\/\/loudavymkrokem.cz\/wp-content\/uploads\/2026\/08\/articles-bonigen-34-1536x1011.jpg 1536w, https:\/\/loudavymkrokem.cz\/wp-content\/uploads\/2026\/08\/articles-bonigen-34-696x458.jpg 696w, https:\/\/loudavymkrokem.cz\/wp-content\/uploads\/2026\/08\/articles-bonigen-34-1392x916.jpg 1392w\" sizes=\"(max-width: 1800px) 100vw, 1800px\" \/><button\n\t\t\tclass=\"lightbox-trigger\"\n\t\t\ttype=\"button\"\n\t\t\taria-haspopup=\"dialog\"\n\t\t\tdata-wp-bind--aria-label=\"state.thisImage.triggerButtonAriaLabel\"\n\t\t\tdata-wp-init=\"callbacks.initTriggerButton\"\n\t\t\tdata-wp-on--click=\"actions.showLightbox\"\n\t\t\tdata-wp-style--right=\"state.thisImage.buttonRight\"\n\t\t\tdata-wp-style--top=\"state.thisImage.buttonTop\"\n\t\t>\n\t\t\t<svg xmlns=\"http:\/\/www.w3.org\/2000\/svg\" width=\"12\" height=\"12\" fill=\"none\" viewBox=\"0 0 12 12\">\n\t\t\t\t<path fill=\"#fff\" d=\"M2 0a2 2 0 0 0-2 2v2h1.5V2a.5.5 0 0 1 .5-.5h2V0H2Zm2 10.5H2a.5.5 0 0 1-.5-.5V8H0v2a2 2 0 0 0 2 2h2v-1.5ZM8 12v-1.5h2a.5.5 0 0 0 .5-.5V8H12v2a2 2 0 0 1-2 2H8Zm2-12a2 2 0 0 1 2 2v2h-1.5V2a.5.5 0 0 0-.5-.5H8V0h2Z\" \/>\n\t\t\t<\/svg>\n\t\t<\/button><figcaption class=\"wp-element-caption\">Foto: Lucia Barreiros  Silva \/ Pexels<\/figcaption><\/figure>\n\n\n\n<h3 class=\"wp-block-heading\"><span class=\"ez-toc-section\" id=\"Restaurant_Baren_Bonigen\"><\/span>Restaurant B\u00e4ren B\u00f6nigen<span class=\"ez-toc-section-end\"><\/span><\/h3>\n\n\n\n<p class=\"wp-block-paragraph\">Localul tradi\u021bional elve\u021bian de pe strada principal\u0103 Hauptstrasse te va \u00eenc\u00e2nta cu atmosfera sa local\u0103 nefalsificat\u0103 \u0219i cu arhitectura tipic\u0103. Oaspe\u021bii men\u021bioneaz\u0103 adesea \u00een recenzii c\u0103 i-au trimis aici chiar gazdele lor, ca <strong>un sfat avizat pentru m\u00e2ncare garantat bun\u0103<\/strong>.<\/p>\n\n\n\n<p class=\"wp-block-paragraph\">Au aici un personal foarte prietenos \u0219i amabil, <strong>un nivel mediu de pre\u021buri<\/strong> \u0219i pe meniu o mul\u021bime de <strong>clasice elve\u021biene autentice<\/strong>, cum sunt specialit\u0103\u021bile cu br\u00e2nz\u0103 \u0219i supele consistente de cas\u0103. O alegere ideal\u0103 ca s\u0103 te \u00eenc\u0103lze\u0219ti c\u00e2nd tocmai plou\u0103.<\/p>\n\n\n\n<h2 class=\"wp-block-heading\"><span class=\"ez-toc-section\" id=\"Incotro_mai_departe_din_Bonigen\"><\/span>\u00cencotro mai departe din B\u00f6nigen<span class=\"ez-toc-section-end\"><\/span><\/h2>\n\n\n\n<p class=\"wp-block-paragraph\">Elve\u021bia este un teren de joac\u0103 uria\u0219, iar din Bernese Oberland ai <strong>aproape de alte destina\u021bii fantastice<\/strong>. Dac\u0103 mai ai \u00een itinerar c\u00e2teva zile libere, uit\u0103-te neap\u0103rat la aceste <strong>alte ghiduri ale mele<\/strong>:<\/p>\n\n\n\n<ul class=\"wp-block-list\">\n<li><a href=\"https:\/\/loudavymkrokem.cz\/ro\/interlaken-elvetia-atractii-turistice\/\">Interlaken \u0219i Jungfraujoch<\/a>: ghid detaliat al vecinului agitat \u0219i al excursiei pe acoperi\u0219ul Europei.<\/li>\n\n\n\n<li><a href=\"https:\/\/loudavymkrokem.cz\/ro\/grindelwald-elvetia-obiective\/\">Grindelwald<\/a>: satul glaciar str\u00e2ns sub peretele nordic al Eigerului, unde ajungi cu trenul c\u00e2t ai clipi.<\/li>\n\n\n\n<li><a href=\"https:\/\/loudavymkrokem.cz\/ro\/lauterbrunnen-elvetia\/\">Lauterbrunnen<\/a>: valea cu 72 de cascade, care se spune c\u0103 l-a inspirat pe Tolkien c\u00e2nd scria St\u0103p\u00e2nul Inelelor.<\/li>\n\n\n\n<li><a href=\"https:\/\/loudavymkrokem.cz\/ro\/vacanta-elvetia-locuri\/\">Vacan\u021b\u0103 \u00een Elve\u021bia<\/a>: articolul-sumar uria\u0219, plin de sfaturi practice pentru c\u0103l\u0103toria prin toat\u0103 \u021bara.<\/li>\n<\/ul>\n\n\n\n<h2 class=\"wp-block-heading\"><span class=\"ez-toc-section\" id=\"Intrebari_frecvente\"><\/span>\u00centreb\u0103ri frecvente<span class=\"ez-toc-section-end\"><\/span><\/h2>\n\n\n<div id=\"rank-math-faq\" class=\"rank-math-block\">\n<div class=\"rank-math-list \">\n<div id=\"faq-question-1787934924000\" class=\"rank-math-list-item\">\n<h3 class=\"rank-math-question \"><span class=\"ez-toc-section\" id=\"Merita_sa_stai_in_Bonigen_in_loc_de_Interlaken\"><\/span>Merit\u0103 s\u0103 stai \u00een B\u00f6nigen \u00een loc de Interlaken?<span class=\"ez-toc-section-end\"><\/span><\/h3>\n<div class=\"rank-math-answer \">\n\n<p>Cu siguran\u021b\u0103 da. <strong>B\u00f6nigen ofer\u0103 mult mai mult\u0103 lini\u0219te<\/strong>, o atmosfer\u0103 autentic\u0103 de sat tradi\u021bional, iar cazarea este considerabil mai ieftin\u0103 dec\u00e2t \u00een centrul aglomerat al Interlaken-ului. \u00cen plus, datorit\u0103 Guest Card po\u021bi c\u0103l\u0103tori gratuit \u00een ora\u0219, iar drumul dureaz\u0103 doar 9 minute.<\/p>\n\n<\/div>\n<\/div>\n<div id=\"faq-question-1787934924001\" class=\"rank-math-list-item\">\n<h3 class=\"rank-math-question \"><span class=\"ez-toc-section\" id=\"Cum_ajungi_acolo_din_Interlaken\"><\/span>Cum ajungi acolo din Interlaken?<span class=\"ez-toc-section-end\"><\/span><\/h3>\n<div class=\"rank-math-answer \">\n\n<p>Cea mai simpl\u0103 variant\u0103 este s\u0103 iei <strong>autobuzul linia 103<\/strong> direct din fa\u021ba g\u0103rii Interlaken Ost. Circul\u0103 la fiecare jum\u0103tate de or\u0103. O alt\u0103 op\u021biune frumoas\u0103 este s\u0103 vii cu vaporul istoric pe lac (aproximativ 10 minute de traversare) sau s\u0103 faci o plimbare relaxant\u0103 de 40 de minute pe jos, de-a lungul malului.<\/p>\n\n<\/div>\n<\/div>\n<div id=\"faq-question-1787934924002\" class=\"rank-math-list-item\">\n<h3 class=\"rank-math-question \"><span class=\"ez-toc-section\" id=\"Se_poate_face_baie_in_lacul_Brienz\"><\/span>Se poate face baie \u00een lacul Brienz?<span class=\"ez-toc-section-end\"><\/span><\/h3>\n<div class=\"rank-math-answer \">\n\n<p>Da, dar este mai degrab\u0103 <strong>pentru cei curajo\u0219i<\/strong>. Lacul este de origine glaciar\u0103, a\u0219a c\u0103, chiar \u0219i \u00een cea mai cald\u0103 lun\u0103, august, apa are de obicei doar 18 p\u00e2n\u0103 la 22 \u00b0C. Dac\u0103 apa rece te deranjeaz\u0103, plaja local\u0103 The Beach ofer\u0103 din fericire o piscin\u0103 \u00eenc\u0103lzit\u0103.<\/p>\n\n<\/div>\n<\/div>\n<div id=\"faq-question-1787934924003\" class=\"rank-math-list-item\">\n<h3 class=\"rank-math-question \"><span class=\"ez-toc-section\" id=\"Cate_zile_sunt_suficiente_pentru_vizita\"><\/span>C\u00e2te zile sunt suficiente pentru vizit\u0103?<span class=\"ez-toc-section-end\"><\/span><\/h3>\n<div class=\"rank-math-answer \">\n\n<p>Po\u021bi explora satul \u00eensu\u0219i \u00eentr-o dup\u0103-amiaz\u0103, dar ca <strong>baz\u0103 pentru excursii este ideal pentru 3 p\u00e2n\u0103 la 5 zile<\/strong>. Ai timp s\u0103 vizitezi Harder Kulm, s\u0103 parcurgi Drumul celor trei cascade spre Giessbach, s\u0103 \u00eenchiriezi un caiac \u0219i s\u0103 te urci cu trenul cu cremalier\u0103 pe Schynige Platte.<\/p>\n\n<\/div>\n<\/div>\n<div id=\"faq-question-1787934924004\" class=\"rank-math-list-item\">\n<h3 class=\"rank-math-question \"><span class=\"ez-toc-section\" id=\"Ce_poti_face_pe_vreme_ploioasa\"><\/span>Ce po\u021bi face pe vreme ploioas\u0103?<span class=\"ez-toc-section-end\"><\/span><\/h3>\n<div class=\"rank-math-answer \">\n\n<p>\u00cen zilele ploioase (care sunt aproximativ 10 pe lun\u0103 chiar \u0219i vara) merit\u0103 s\u0103 vizitezi <strong>muzeul satului \u201ealte Pinte&#8221;<\/strong> sau s\u0103 mergi cu autobuzul p\u00e2n\u0103 \u00een Interlaken, unde g\u0103se\u0219ti multe atrac\u021bii acoperite, magazine, cafenele \u0219i chiar un complex mare de piscine sau un cazinou.<\/p>\n\n<\/div>\n<\/div>\n<div id=\"faq-question-1787934924005\" class=\"rank-math-list-item\">\n<h3 class=\"rank-math-question \"><span class=\"ez-toc-section\" id=\"Este_potrivit_pentru_copii\"><\/span>Este potrivit pentru copii?<span class=\"ez-toc-section-end\"><\/span><\/h3>\n<div class=\"rank-math-answer \">\n\n<p>B\u00f6nigen este <strong>absolut fantastic pentru familii<\/strong>. Aici g\u0103se\u0219ti locuri de joac\u0103 grozave l\u00e2ng\u0103 plaj\u0103, campinguri familiale cu piscin\u0103, trasee plane accesibile pentru c\u0103rucioare de-a lungul r\u00e2ului, iar copiii ador\u0103 plimbarea cu vaporul istoric. V\u00e2n\u0103toarea de comori interactiv\u0103 \u00eei va distra o dup\u0103-amiaz\u0103 \u00eentreag\u0103.<\/p>\n\n<\/div>\n<\/div>\n<div id=\"faq-question-1787934924006\" class=\"rank-math-list-item\">\n<h3 class=\"rank-math-question \"><span class=\"ez-toc-section\" id=\"Cat_costa_excursia_la_Harder_Kulm\"><\/span>C\u00e2t cost\u0103 excursia la Harder Kulm?<span class=\"ez-toc-section-end\"><\/span><\/h3>\n<div class=\"rank-math-answer \">\n\n<p>\u00cen sezonul 2026, <strong>biletul dus-\u00eentors cu telegondola pentru un adult cost\u0103 44 CHF<\/strong>. Dac\u0103 ai copii \u00eentre 6 \u0219i 15 ani, pl\u0103tesc doar jum\u0103tate (sub 6 ani gratuit). Cu carduri precum Swiss Travel Pass sau Bernese Oberland Pass beneficiezi de o reducere foarte pl\u0103cut\u0103 de 50%.<\/p>\n\n<\/div>\n<\/div>\n<div id=\"faq-question-1787934924007\" class=\"rank-math-list-item\">\n<h3 class=\"rank-math-question \"><span class=\"ez-toc-section\" id=\"Este_pontoanul_din_Iseltwald_cu_taxa\"><\/span>Este pontoanul din Iseltwald cu tax\u0103?<span class=\"ez-toc-section-end\"><\/span><\/h3>\n<div class=\"rank-math-answer \">\n\n<p>Da, din cauza afluxului uria\u0219 de turi\u0219ti asiatici dup\u0103 succesul serialului Crash Landing on You, comuna a instalat \u00een fa\u021ba pontonului un <strong>turniket<\/strong>. Pentru a face celebrul \u201eselfie&#8221; pe pontonul de lemn se percepe acum o tax\u0103 de 5 CHF, care merge c\u0103tre \u00eentre\u021binerea satului.<\/p>\n\n<\/div>\n<\/div>\n<\/div>\n<\/div>","protected":false},"excerpt":{"rendered":"<p>Descoper\u0103 perla ascuns\u0103 de la Lacul Brienz, unde te a\u0219teapt\u0103 case superbe de lemn, ap\u0103 turcoaz \u0219i drume\u021bii montane fantastice, departe de mul\u021bimile de turi\u0219ti.<\/p>\n","protected":false},"author":3,"featured_media":404497,"comment_status":"open","ping_status":"open","sticky":false,"template":"","format":"standard","meta":{"_acf_changed":false,"footnotes":"","rank_math_title":"B\u00f6nigen la Lacul Brienz: 24 de idei pentru 2026","rank_math_description":"B\u00f6nigen la Lacul Brienz este perla ascuns\u0103 a Elve\u021biei: case de lemn, ap\u0103 turcoaz \u0219i drume\u021bii spectaculoase. Descoper\u0103 24 de idei pentru vacan\u021ba ta din 2026!","rank_math_focus_keyword":"B\u00f6nigen Lacul Brienz","rank_math_seo_score":""},"categories":[2015,2104,2021],"tags":[],"class_list":["post-409593","post","type-post","status-publish","format-standard","has-post-thumbnail","category-calatorii","category-elvetia","category-europa"],"acf":[],"featured_image_src":"https:\/\/loudavymkrokem.cz\/wp-content\/uploads\/2026\/08\/articles-bonigen-18.jpg","author_info":{"display_name":"Lucie Kone\u010dn\u00e1","author_link":"https:\/\/loudavymkrokem.cz\/ro\/author\/lucie-konecna\/"},"_links":{"self":[{"href":"https:\/\/loudavymkrokem.cz\/ro\/wp-json\/wp\/v2\/posts\/409593","targetHints":{"allow":["GET"]}}],"collection":[{"href":"https:\/\/loudavymkrokem.cz\/ro\/wp-json\/wp\/v2\/posts"}],"about":[{"href":"https:\/\/loudavymkrokem.cz\/ro\/wp-json\/wp\/v2\/types\/post"}],"author":[{"embeddable":true,"href":"https:\/\/loudavymkrokem.cz\/ro\/wp-json\/wp\/v2\/users\/3"}],"replies":[{"embeddable":true,"href":"https:\/\/loudavymkrokem.cz\/ro\/wp-json\/wp\/v2\/comments?post=409593"}],"version-history":[{"count":3,"href":"https:\/\/loudavymkrokem.cz\/ro\/wp-json\/wp\/v2\/posts\/409593\/revisions"}],"predecessor-version":[{"id":409596,"href":"https:\/\/loudavymkrokem.cz\/ro\/wp-json\/wp\/v2\/posts\/409593\/revisions\/409596"}],"wp:featuredmedia":[{"embeddable":true,"href":"https:\/\/loudavymkrokem.cz\/ro\/wp-json\/wp\/v2\/media\/404497"}],"wp:attachment":[{"href":"https:\/\/loudavymkrokem.cz\/ro\/wp-json\/wp\/v2\/media?parent=409593"}],"wp:term":[{"taxonomy":"category","embeddable":true,"href":"https:\/\/loudavymkrokem.cz\/ro\/wp-json\/wp\/v2\/categories?post=409593"},{"taxonomy":"post_tag","embeddable":true,"href":"https:\/\/loudavymkrokem.cz\/ro\/wp-json\/wp\/v2\/tags?post=409593"}],"curies":[{"name":"wp","href":"https:\/\/api.w.org\/{rel}","templated":true}]}}