{"id":409590,"date":"2026-08-26T17:25:52","date_gmt":"2026-08-26T15:25:52","guid":{"rendered":"https:\/\/loudavymkrokem.cz\/pisek-cu-copiii\/"},"modified":"2026-08-31T10:41:57","modified_gmt":"2026-08-31T08:41:57","slug":"pisek-cu-copiii","status":"publish","type":"post","link":"https:\/\/loudavymkrokem.cz\/ro\/pisek-cu-copiii\/","title":{"rendered":"P\u00edsek cu copiii: 44 de idei de la o m\u0103mic\u0103 local\u0103 \u00een 2026"},"content":{"rendered":"\n<p class=\"wp-block-paragraph\">Pl\u0103nuie\u0219ti s\u0103 vizitezi P\u00edsek cu copiii? Pentru mine este o chestiune de suflet, pentru c\u0103 m-am n\u0103scut \u00een acest frumos ora\u0219 din sudul Cehiei \u0219i mi-am petrecut aici copil\u0103ria. De\u0219i apoi am locuit mul\u021bi ani la Praga, de cur\u00e2nd eu \u0219i so\u021bul meu Luk\u00e1\u0161 am decis s\u0103 <strong>ne \u00eentoarcem \u00een sud<\/strong>, a\u0219a c\u0103 acum locuim aici \u00eempreun\u0103 cu fiul nostru Jon\u00e1\u0161ek, de doi ani. Din postura de m\u0103mic\u0103 local\u0103 \u00ee\u021bi pot spune cu con\u0219tiin\u021ba curat\u0103 c\u0103 <strong>P\u00edsek este o destina\u021bie absolut ideal\u0103 pentru familiile cu copii<\/strong>, unde ai totul frumos la \u00eendem\u00e2n\u0103.<\/p>\n\n\n\n<p class=\"wp-block-paragraph\">Cum m\u0103 plimb zilnic prin ora\u0219 cu c\u0103ruciorul \u0219i cu un copil energic, \u0219tiu foarte bine c\u00e2t de greu este uneori s\u0103 inventezi un program care s\u0103 distreze toat\u0103 familia. De aceea am decis s\u0103 scriu acest ghid cuprinz\u0103tor, \u00een care vei g\u0103si <strong>cele mai bune spa\u021bii de joac\u0103 interioare, terenuri de joac\u0103 \u00een aer liber \u0219i idei de excursii<\/strong>, ca vacan\u021ba ta \u00een familie s\u0103 decurg\u0103 c\u00e2t mai lin. P\u00edsek nu \u00eenseamn\u0103 doar cel mai vechi Pod de Piatr\u0103, ci ofer\u0103 facilit\u0103\u021bi uimitoare pentru copiii de toate v\u00e2rstele.<\/p>\n\n\n\n<p class=\"wp-block-paragraph\">Am preg\u0103tit pentru tine 40 de idei pe care noi, m\u0103micile locale, ni le trimitem \u00eentruna prin diverse grupuri \u0219i le retransmitem prietenelor care abia urmeaz\u0103 s\u0103 vin\u0103. Am ad\u0103ugat \u0219i informa\u021bii practice despre pre\u021buri \u0219i programul de func\u021bionare pentru anul 2026. Fie c\u0103 vii la noi pentru un weekend prelungit, fie pentru toat\u0103 vacan\u021ba de var\u0103, <strong>sunt convins\u0103 c\u0103 din aceast\u0103 list\u0103 \u00ee\u021bi vei alc\u0103tui u\u0219or un itinerar<\/strong> pe care \u021bi-l vei aminti mult\u0103 vreme.<\/p>\n\n\n\n<figure data-wp-context=\"{&quot;imageId&quot;:&quot;6a9556fde2474&quot;}\" data-wp-interactive=\"core\/image\" data-wp-key=\"6a9556fde2474\" class=\"wp-block-image size-full wp-lightbox-container\"><img decoding=\"async\" width=\"2200\" height=\"1467\" data-wp-class--hide=\"state.isContentHidden\" data-wp-class--show=\"state.isContentVisible\" data-wp-init=\"callbacks.setButtonStyles\" data-wp-on--click=\"actions.showLightbox\" data-wp-on--load=\"callbacks.setButtonStyles\" data-wp-on--pointerdown=\"actions.preloadImage\" data-wp-on--pointerenter=\"actions.preloadImageWithDelay\" data-wp-on--pointerleave=\"actions.cancelPreload\" data-wp-on-window--resize=\"callbacks.setButtonStyles\" src=\"https:\/\/loudavymkrokem.cz\/wp-content\/uploads\/2026\/08\/pisek-kamenny-most-den.jpg\" alt=\"Podul de Piatr\u0103 din P\u00edsek \u00eentr-o zi de var\u0103\" class=\"wp-image-399336\" title=\"\" srcset=\"https:\/\/loudavymkrokem.cz\/wp-content\/uploads\/2026\/08\/pisek-kamenny-most-den.jpg 2200w, https:\/\/loudavymkrokem.cz\/wp-content\/uploads\/2026\/08\/pisek-kamenny-most-den-300x200.jpg 300w, https:\/\/loudavymkrokem.cz\/wp-content\/uploads\/2026\/08\/pisek-kamenny-most-den-700x467.jpg 700w, https:\/\/loudavymkrokem.cz\/wp-content\/uploads\/2026\/08\/pisek-kamenny-most-den-768x512.jpg 768w, https:\/\/loudavymkrokem.cz\/wp-content\/uploads\/2026\/08\/pisek-kamenny-most-den-1536x1024.jpg 1536w, https:\/\/loudavymkrokem.cz\/wp-content\/uploads\/2026\/08\/pisek-kamenny-most-den-2048x1366.jpg 2048w, https:\/\/loudavymkrokem.cz\/wp-content\/uploads\/2026\/08\/pisek-kamenny-most-den-696x464.jpg 696w, https:\/\/loudavymkrokem.cz\/wp-content\/uploads\/2026\/08\/pisek-kamenny-most-den-1392x928.jpg 1392w, https:\/\/loudavymkrokem.cz\/wp-content\/uploads\/2026\/08\/pisek-kamenny-most-den-1920x1280.jpg 1920w\" sizes=\"(max-width: 2200px) 100vw, 2200px\" \/><button\n\t\t\tclass=\"lightbox-trigger\"\n\t\t\ttype=\"button\"\n\t\t\taria-haspopup=\"dialog\"\n\t\t\tdata-wp-bind--aria-label=\"state.thisImage.triggerButtonAriaLabel\"\n\t\t\tdata-wp-init=\"callbacks.initTriggerButton\"\n\t\t\tdata-wp-on--click=\"actions.showLightbox\"\n\t\t\tdata-wp-style--right=\"state.thisImage.buttonRight\"\n\t\t\tdata-wp-style--top=\"state.thisImage.buttonTop\"\n\t\t>\n\t\t\t<svg xmlns=\"http:\/\/www.w3.org\/2000\/svg\" width=\"12\" height=\"12\" fill=\"none\" viewBox=\"0 0 12 12\">\n\t\t\t\t<path fill=\"#fff\" d=\"M2 0a2 2 0 0 0-2 2v2h1.5V2a.5.5 0 0 1 .5-.5h2V0H2Zm2 10.5H2a.5.5 0 0 1-.5-.5V8H0v2a2 2 0 0 0 2 2h2v-1.5ZM8 12v-1.5h2a.5.5 0 0 0 .5-.5V8H12v2a2 2 0 0 1-2 2H8Zm2-12a2 2 0 0 1 2 2v2h-1.5V2a.5.5 0 0 0-.5-.5H8V0h2Z\" \/>\n\t\t\t<\/svg>\n\t\t<\/button><\/figure>\n\n\n\n<div id=\"ez-toc-container\" class=\"ez-toc-v2_0_86 ez-toc-wrap-left counter-hierarchy ez-toc-counter ez-toc-grey ez-toc-container-direction\">\n<div class=\"ez-toc-title-container\">\n<p class=\"ez-toc-title\" style=\"cursor:inherit\">Cuprinsul articolului<\/p>\n<span class=\"ez-toc-title-toggle\"><a href=\"#\" class=\"ez-toc-pull-right ez-toc-btn ez-toc-btn-xs ez-toc-btn-default ez-toc-toggle\" aria-label=\"Toggle Table of Content\"><span class=\"ez-toc-js-icon-con\"><span class=\"\"><span class=\"eztoc-hide\" style=\"display:none;\">Toggle<\/span><span class=\"ez-toc-icon-toggle-span\"><svg style=\"fill: #999;color:#999\" xmlns=\"http:\/\/www.w3.org\/2000\/svg\" class=\"list-377408\" width=\"20px\" height=\"20px\" viewBox=\"0 0 24 24\" fill=\"none\"><path d=\"M6 6H4v2h2V6zm14 0H8v2h12V6zM4 11h2v2H4v-2zm16 0H8v2h12v-2zM4 16h2v2H4v-2zm16 0H8v2h12v-2z\" fill=\"currentColor\"><\/path><\/svg><svg style=\"fill: #999;color:#999\" class=\"arrow-unsorted-368013\" xmlns=\"http:\/\/www.w3.org\/2000\/svg\" width=\"10px\" height=\"10px\" viewBox=\"0 0 24 24\" version=\"1.2\" baseProfile=\"tiny\"><path d=\"M18.2 9.3l-6.2-6.3-6.2 6.3c-.2.2-.3.4-.3.7s.1.5.3.7c.2.2.4.3.7.3h11c.3 0 .5-.1.7-.3.2-.2.3-.5.3-.7s-.1-.5-.3-.7zM5.8 14.7l6.2 6.3 6.2-6.3c.2-.2.3-.5.3-.7s-.1-.5-.3-.7c-.2-.2-.4-.3-.7-.3h-11c-.3 0-.5.1-.7.3-.2.2-.3.5-.3.7s.1.5.3.7z\"\/><\/svg><\/span><\/span><\/span><\/a><\/span><\/div>\n<nav><ul class='ez-toc-list ez-toc-list-level-1 ' ><ul class='ez-toc-list-level-3' ><li class='ez-toc-heading-level-3'><a class=\"ez-toc-link ez-toc-heading-1\" href=\"https:\/\/loudavymkrokem.cz\/ro\/pisek-cu-copiii\/#Rezumat_pentru_cei_care_nu_au_timp_sa_citeasca_tot_articolul\" >Rezumat pentru cei care nu au timp s\u0103 citeasc\u0103 tot articolul<\/a><\/li><\/ul><\/li><li class='ez-toc-page-1 ez-toc-heading-level-2'><a class=\"ez-toc-link ez-toc-heading-2\" href=\"https:\/\/loudavymkrokem.cz\/ro\/pisek-cu-copiii\/#Cand_sa_pleci_in_Pisek_cu_copiii\" >C\u00e2nd s\u0103 pleci \u00een P\u00edsek cu copiii<\/a><\/li><li class='ez-toc-page-1 ez-toc-heading-level-2'><a class=\"ez-toc-link ez-toc-heading-3\" href=\"https:\/\/loudavymkrokem.cz\/ro\/pisek-cu-copiii\/#Unde_sa_te_cazezi_in_Pisek_cu_copiii\" >Unde s\u0103 te cazezi \u00een P\u00edsek cu copiii<\/a><\/li><li class='ez-toc-page-1 ez-toc-heading-level-2'><a class=\"ez-toc-link ez-toc-heading-4\" href=\"https:\/\/loudavymkrokem.cz\/ro\/pisek-cu-copiii\/#Spatii_de_joaca_si_distractie_la_interior_in_Pisek\" >Spa\u021bii de joac\u0103 \u0219i distrac\u021bie la interior \u00een P\u00edsek<\/a><ul class='ez-toc-list-level-3' ><li class='ez-toc-heading-level-3'><a class=\"ez-toc-link ez-toc-heading-5\" href=\"https:\/\/loudavymkrokem.cz\/ro\/pisek-cu-copiii\/#1_Myska_herna\" >1. My\u0161ka herna<\/a><\/li><li class='ez-toc-page-1 ez-toc-heading-level-3'><a class=\"ez-toc-link ez-toc-heading-6\" href=\"https:\/\/loudavymkrokem.cz\/ro\/pisek-cu-copiii\/#2_Sladovna_%E2%80%93_expozitia_Pilariste\" >2. Sladovna \u2013 expozi\u021bia Pila\u0159i\u0161t\u011b<\/a><\/li><li class='ez-toc-page-1 ez-toc-heading-level-3'><a class=\"ez-toc-link ez-toc-heading-7\" href=\"https:\/\/loudavymkrokem.cz\/ro\/pisek-cu-copiii\/#3_Sladovna_%E2%80%93_expozitia_Mraveniste\" >3. Sladovna \u2013 expozi\u021bia Mraveni\u0161t\u011b<\/a><\/li><li class='ez-toc-page-1 ez-toc-heading-level-3'><a class=\"ez-toc-link ez-toc-heading-8\" href=\"https:\/\/loudavymkrokem.cz\/ro\/pisek-cu-copiii\/#4_Fazole_%E2%80%93_ateliere_Montessori\" >4. Fazole \u2013 ateliere Montessori<\/a><\/li><li class='ez-toc-page-1 ez-toc-heading-level-3'><a class=\"ez-toc-link ez-toc-heading-9\" href=\"https:\/\/loudavymkrokem.cz\/ro\/pisek-cu-copiii\/#5_Hernajs\" >5. Hernajs<\/a><\/li><li class='ez-toc-page-1 ez-toc-heading-level-3'><a class=\"ez-toc-link ez-toc-heading-10\" href=\"https:\/\/loudavymkrokem.cz\/ro\/pisek-cu-copiii\/#6_Mini_Academy_Pisek\" >6. Mini Academy P\u00edsek<\/a><\/li><li class='ez-toc-page-1 ez-toc-heading-level-3'><a class=\"ez-toc-link ez-toc-heading-11\" href=\"https:\/\/loudavymkrokem.cz\/ro\/pisek-cu-copiii\/#7_Laser_Arena_Pisek_Game_Cafe_Bar\" >7. Laser Ar\u00e9na P\u00edsek &amp; Game Caf\u00e9 Bar<\/a><\/li><li class='ez-toc-page-1 ez-toc-heading-level-3'><a class=\"ez-toc-link ez-toc-heading-12\" href=\"https:\/\/loudavymkrokem.cz\/ro\/pisek-cu-copiii\/#8_LezeTop_%E2%80%93_Centrul_de_catarare_Pisek\" >8. LezeTop \u2013 Centrul de c\u0103\u021b\u0103rare P\u00edsek<\/a><\/li><li class='ez-toc-page-1 ez-toc-heading-level-3'><a class=\"ez-toc-link ez-toc-heading-13\" href=\"https:\/\/loudavymkrokem.cz\/ro\/pisek-cu-copiii\/#9_Stadionul_de_inot\" >9. Stadionul de \u00eenot<\/a><\/li><li class='ez-toc-page-1 ez-toc-heading-level-3'><a class=\"ez-toc-link ez-toc-heading-14\" href=\"https:\/\/loudavymkrokem.cz\/ro\/pisek-cu-copiii\/#10_Centrul_de_ingrijire_a_mamei_si_copilului\" >10. Centrul de \u00eengrijire a mamei \u0219i copilului<\/a><\/li><li class='ez-toc-page-1 ez-toc-heading-level-3'><a class=\"ez-toc-link ez-toc-heading-15\" href=\"https:\/\/loudavymkrokem.cz\/ro\/pisek-cu-copiii\/#11_Biblioteca_oraseneasca_si_cafeneaua_Upekla\" >11. Biblioteca or\u0103\u0219eneasc\u0103 \u0219i cafeneaua Upekla<\/a><\/li><\/ul><\/li><li class='ez-toc-page-1 ez-toc-heading-level-2'><a class=\"ez-toc-link ez-toc-heading-16\" href=\"https:\/\/loudavymkrokem.cz\/ro\/pisek-cu-copiii\/#Terenuri_de_joaca_parc_si_rau_Pisek_cu_copiii_in_aer_liber\" >Terenuri de joac\u0103, parc \u0219i r\u00e2u: P\u00edsek cu copiii \u00een aer liber<\/a><ul class='ez-toc-list-level-3' ><li class='ez-toc-heading-level-3'><a class=\"ez-toc-link ez-toc-heading-17\" href=\"https:\/\/loudavymkrokem.cz\/ro\/pisek-cu-copiii\/#12_Sculpturi_din_nisip_pe_chei\" >12. Sculpturi din nisip pe chei<\/a><\/li><li class='ez-toc-page-1 ez-toc-heading-level-3'><a class=\"ez-toc-link ez-toc-heading-18\" href=\"https:\/\/loudavymkrokem.cz\/ro\/pisek-cu-copiii\/#13_Podul_de_Piatra_si_cheiul\" >13. Podul de Piatr\u0103 \u0219i cheiul<\/a><\/li><li class='ez-toc-page-1 ez-toc-heading-level-3'><a class=\"ez-toc-link ez-toc-heading-19\" href=\"https:\/\/loudavymkrokem.cz\/ro\/pisek-cu-copiii\/#14_Insula_orasului\" >14. Insula ora\u0219ului<\/a><\/li><li class='ez-toc-page-1 ez-toc-heading-level-3'><a class=\"ez-toc-link ez-toc-heading-20\" href=\"https:\/\/loudavymkrokem.cz\/ro\/pisek-cu-copiii\/#15_Terenul_rutier_de_la_Sf_Vaclav\" >15. Terenul rutier de la Sf. V\u00e1clav<\/a><\/li><li class='ez-toc-page-1 ez-toc-heading-level-3'><a class=\"ez-toc-link ez-toc-heading-21\" href=\"https:\/\/loudavymkrokem.cz\/ro\/pisek-cu-copiii\/#16_Cheiul_Jiraskovo_si_terenul_de_bile\" >16. Cheiul Jir\u00e1skovo \u0219i terenul de bile<\/a><\/li><li class='ez-toc-page-1 ez-toc-heading-level-3'><a class=\"ez-toc-link ez-toc-heading-22\" href=\"https:\/\/loudavymkrokem.cz\/ro\/pisek-cu-copiii\/#17_Terenul_de_joaca_cu_cerbul_Na_Trubach\" >17. Terenul de joac\u0103 cu cerbul Na Trub\u00e1ch<\/a><\/li><li class='ez-toc-page-1 ez-toc-heading-level-3'><a class=\"ez-toc-link ez-toc-heading-23\" href=\"https:\/\/loudavymkrokem.cz\/ro\/pisek-cu-copiii\/#18_Gradina_Palacky\" >18. Gr\u0103dina Palack\u00fd<\/a><\/li><li class='ez-toc-page-1 ez-toc-heading-level-3'><a class=\"ez-toc-link ez-toc-heading-24\" href=\"https:\/\/loudavymkrokem.cz\/ro\/pisek-cu-copiii\/#19_Plaja_de_la_Vaclav\" >19. Plaja de la V\u00e1clav<\/a><\/li><li class='ez-toc-page-1 ez-toc-heading-level-3'><a class=\"ez-toc-link ez-toc-heading-25\" href=\"https:\/\/loudavymkrokem.cz\/ro\/pisek-cu-copiii\/#20_Barci_si_sporturi_nautice_pe_Otava\" >20. B\u0103rci \u0219i sporturi nautice pe Otava<\/a><\/li><li class='ez-toc-page-1 ez-toc-heading-level-3'><a class=\"ez-toc-link ez-toc-heading-26\" href=\"https:\/\/loudavymkrokem.cz\/ro\/pisek-cu-copiii\/#21_Tarcul_U_Vodaka\" >21. \u021aarcul U Vod\u00e1ka<\/a><\/li><li class='ez-toc-page-1 ez-toc-heading-level-3'><a class=\"ez-toc-link ez-toc-heading-27\" href=\"https:\/\/loudavymkrokem.cz\/ro\/pisek-cu-copiii\/#22_Labirintul_3D_Zivec\" >22. Labirintul 3D \u017divec<\/a><\/li><li class='ez-toc-page-1 ez-toc-heading-level-3'><a class=\"ez-toc-link ez-toc-heading-28\" href=\"https:\/\/loudavymkrokem.cz\/ro\/pisek-cu-copiii\/#23_Turnul_de_belvedere_Jarnik\" >23. Turnul de belvedere Jarn\u00edk<\/a><\/li><li class='ez-toc-page-1 ez-toc-heading-level-3'><a class=\"ez-toc-link ez-toc-heading-29\" href=\"https:\/\/loudavymkrokem.cz\/ro\/pisek-cu-copiii\/#24_Pista_de_bile_Hradiste\" >24. Pista de bile Hradi\u0161t\u011b<\/a><\/li><li class='ez-toc-page-1 ez-toc-heading-level-3'><a class=\"ez-toc-link ez-toc-heading-30\" href=\"https:\/\/loudavymkrokem.cz\/ro\/pisek-cu-copiii\/#25_Groapa_de_nisip_uriasa_Vystaviste\" >25. Groapa de nisip uria\u0219\u0103 V\u00fdstavi\u0161t\u011b<\/a><\/li><\/ul><\/li><li class='ez-toc-page-1 ez-toc-heading-level-2'><a class=\"ez-toc-link ez-toc-heading-31\" href=\"https:\/\/loudavymkrokem.cz\/ro\/pisek-cu-copiii\/#Excursii_cu_copiii_in_imprejurimile_orasului_Pisek\" >Excursii cu copiii \u00een \u00eemprejurimile ora\u0219ului P\u00edsek<\/a><ul class='ez-toc-list-level-3' ><li class='ez-toc-heading-level-3'><a class=\"ez-toc-link ez-toc-heading-32\" href=\"https:\/\/loudavymkrokem.cz\/ro\/pisek-cu-copiii\/#26_Farmapark_Maletice\" >26. Farmapark Maletice<\/a><\/li><li class='ez-toc-page-1 ez-toc-heading-level-3'><a class=\"ez-toc-link ez-toc-heading-33\" href=\"https:\/\/loudavymkrokem.cz\/ro\/pisek-cu-copiii\/#27_Nase_zviratka_Putim\" >27. Na\u0161e zv\u00ed\u0159\u00e1tka Putim<\/a><\/li><li class='ez-toc-page-1 ez-toc-heading-level-3'><a class=\"ez-toc-link ez-toc-heading-34\" href=\"https:\/\/loudavymkrokem.cz\/ro\/pisek-cu-copiii\/#28_Ferma_Kozel_din_Predotice\" >28. Ferma Kozel din P\u0159edotice<\/a><\/li><li class='ez-toc-page-1 ez-toc-heading-level-3'><a class=\"ez-toc-link ez-toc-heading-35\" href=\"https:\/\/loudavymkrokem.cz\/ro\/pisek-cu-copiii\/#29_Ferma_Stary_Bor_de_langa_Sedlice\" >29. Ferma Star\u00fd Bor de l\u00e2ng\u0103 Sedlice<\/a><\/li><li class='ez-toc-page-1 ez-toc-heading-level-3'><a class=\"ez-toc-link ez-toc-heading-36\" href=\"https:\/\/loudavymkrokem.cz\/ro\/pisek-cu-copiii\/#30_Grajdurile_Stetice\" >30. Grajdurile \u0160t\u011btice<\/a><\/li><li class='ez-toc-page-1 ez-toc-heading-level-3'><a class=\"ez-toc-link ez-toc-heading-37\" href=\"https:\/\/loudavymkrokem.cz\/ro\/pisek-cu-copiii\/#31_Ranch_Calamity_Jane_din_Probulov\" >31. Ranch Calamity Jane din Probulov<\/a><\/li><li class='ez-toc-page-1 ez-toc-heading-level-3'><a class=\"ez-toc-link ez-toc-heading-38\" href=\"https:\/\/loudavymkrokem.cz\/ro\/pisek-cu-copiii\/#32_Fiziland_Protivin\" >32. Fiziland Protiv\u00edn<\/a><\/li><li class='ez-toc-page-1 ez-toc-heading-level-3'><a class=\"ez-toc-link ez-toc-heading-39\" href=\"https:\/\/loudavymkrokem.cz\/ro\/pisek-cu-copiii\/#33_Kralovstvi_casu_Protivin\" >33. Kr\u00e1lovstv\u00ed \u010dasu Protiv\u00edn<\/a><\/li><li class='ez-toc-page-1 ez-toc-heading-level-3'><a class=\"ez-toc-link ez-toc-heading-40\" href=\"https:\/\/loudavymkrokem.cz\/ro\/pisek-cu-copiii\/#34_Gradina_zoologica_a_crocodililor_din_Protivin\" >34. Gr\u0103dina zoologic\u0103 a crocodililor din Protiv\u00edn<\/a><\/li><li class='ez-toc-page-1 ez-toc-heading-level-3'><a class=\"ez-toc-link ez-toc-heading-41\" href=\"https:\/\/loudavymkrokem.cz\/ro\/pisek-cu-copiii\/#35_Fieraria_de_basm_din_Selibov\" >35. Fier\u0103ria de basm din Selibov<\/a><\/li><li class='ez-toc-page-1 ez-toc-heading-level-3'><a class=\"ez-toc-link ez-toc-heading-42\" href=\"https:\/\/loudavymkrokem.cz\/ro\/pisek-cu-copiii\/#36_Zemeraj_Kovarov\" >36. Zem\u011br\u00e1j Kov\u00e1\u0159ov<\/a><\/li><li class='ez-toc-page-1 ez-toc-heading-level-3'><a class=\"ez-toc-link ez-toc-heading-43\" href=\"https:\/\/loudavymkrokem.cz\/ro\/pisek-cu-copiii\/#37_Bagrarium_Strakonice\" >37. Bagr\u00e1rium Strakonice<\/a><\/li><li class='ez-toc-page-1 ez-toc-heading-level-3'><a class=\"ez-toc-link ez-toc-heading-44\" href=\"https:\/\/loudavymkrokem.cz\/ro\/pisek-cu-copiii\/#38_Zvikov_si_vaporul_spre_Orlik\" >38. Zv\u00edkov \u0219i vaporul spre Orl\u00edk<\/a><\/li><li class='ez-toc-page-1 ez-toc-heading-level-3'><a class=\"ez-toc-link ez-toc-heading-45\" href=\"https:\/\/loudavymkrokem.cz\/ro\/pisek-cu-copiii\/#39_Castelul_Blatna_si_cerbii_lopatari\" >39. Castelul Blatn\u00e1 \u0219i cerbii lop\u0103tari<\/a><\/li><li class='ez-toc-page-1 ez-toc-heading-level-3'><a class=\"ez-toc-link ez-toc-heading-46\" href=\"https:\/\/loudavymkrokem.cz\/ro\/pisek-cu-copiii\/#40_ZOO_Hluboka\" >40. ZOO Hlubok\u00e1<\/a><\/li><li class='ez-toc-page-1 ez-toc-heading-level-3'><a class=\"ez-toc-link ez-toc-heading-47\" href=\"https:\/\/loudavymkrokem.cz\/ro\/pisek-cu-copiii\/#41_Tabor_si_muzeele_sale\" >41. T\u00e1bor \u0219i muzeele sale<\/a><\/li><li class='ez-toc-page-1 ez-toc-heading-level-3'><a class=\"ez-toc-link ez-toc-heading-48\" href=\"https:\/\/loudavymkrokem.cz\/ro\/pisek-cu-copiii\/#42_Muzeul_mastilor_din_Milevsko\" >42. Muzeul m\u0103\u0219tilor din Milevsko<\/a><\/li><li class='ez-toc-page-1 ez-toc-heading-level-3'><a class=\"ez-toc-link ez-toc-heading-49\" href=\"https:\/\/loudavymkrokem.cz\/ro\/pisek-cu-copiii\/#43_Aquaparkul_Horazdovice\" >43. Aquaparkul Hora\u017e\u010fovice<\/a><\/li><li class='ez-toc-page-1 ez-toc-heading-level-3'><a class=\"ez-toc-link ez-toc-heading-50\" href=\"https:\/\/loudavymkrokem.cz\/ro\/pisek-cu-copiii\/#44_Vodnany_si_muzeul_pescaresc\" >44. Vod\u0148any \u0219i muzeul pesc\u0103resc<\/a><\/li><\/ul><\/li><li class='ez-toc-page-1 ez-toc-heading-level-2'><a class=\"ez-toc-link ez-toc-heading-51\" href=\"https:\/\/loudavymkrokem.cz\/ro\/pisek-cu-copiii\/#Unde_sa_mananci_in_Pisek_cu_copiii\" >Unde s\u0103 m\u0103n\u00e2nci \u00een P\u00edsek cu copiii<\/a><\/li><li class='ez-toc-page-1 ez-toc-heading-level-2'><a class=\"ez-toc-link ez-toc-heading-52\" href=\"https:\/\/loudavymkrokem.cz\/ro\/pisek-cu-copiii\/#Ce_sa_faci_in_Pisek_cu_copiii_cand_ploua\" >Ce s\u0103 faci \u00een P\u00edsek cu copiii c\u00e2nd plou\u0103<\/a><\/li><li class='ez-toc-page-1 ez-toc-heading-level-2'><a class=\"ez-toc-link ez-toc-heading-53\" href=\"https:\/\/loudavymkrokem.cz\/ro\/pisek-cu-copiii\/#Sfaturi_practice_pentru_familii_parcare_carucior_infasat\" >Sfaturi practice pentru familii: parcare, c\u0103rucior, \u00eenf\u0103\u0219at<\/a><\/li><li class='ez-toc-page-1 ez-toc-heading-level-2'><a class=\"ez-toc-link ez-toc-heading-54\" href=\"https:\/\/loudavymkrokem.cz\/ro\/pisek-cu-copiii\/#Unde_sa_mergi_mai_departe\" >Unde s\u0103 mergi mai departe<\/a><\/li><li class='ez-toc-page-1 ez-toc-heading-level-2'><a class=\"ez-toc-link ez-toc-heading-55\" href=\"https:\/\/loudavymkrokem.cz\/ro\/pisek-cu-copiii\/#Intrebari_frecvente\" >\u00centreb\u0103ri frecvente<\/a><ul class='ez-toc-list-level-3' ><li class='ez-toc-heading-level-3'><a class=\"ez-toc-link ez-toc-heading-56\" href=\"https:\/\/loudavymkrokem.cz\/ro\/pisek-cu-copiii\/#Ce_sa_faci_cu_copiii_in_Pisek_cand_ploua\" >Ce s\u0103 faci cu copiii \u00een P\u00edsek c\u00e2nd plou\u0103?<\/a><\/li><li class='ez-toc-page-1 ez-toc-heading-level-3'><a class=\"ez-toc-link ez-toc-heading-57\" href=\"https:\/\/loudavymkrokem.cz\/ro\/pisek-cu-copiii\/#Cat_costa_Sladovna\" >C\u00e2t cost\u0103 Sladovna?<\/a><\/li><li class='ez-toc-page-1 ez-toc-heading-level-3'><a class=\"ez-toc-link ez-toc-heading-58\" href=\"https:\/\/loudavymkrokem.cz\/ro\/pisek-cu-copiii\/#Unde_sa_mergi_in_Pisek_cu_un_copil_mic\" >Unde s\u0103 mergi \u00een P\u00edsek cu un copil mic?<\/a><\/li><li class='ez-toc-page-1 ez-toc-heading-level-3'><a class=\"ez-toc-link ez-toc-heading-59\" href=\"https:\/\/loudavymkrokem.cz\/ro\/pisek-cu-copiii\/#Care_este_cea_mai_buna_sala_de_joaca_din_Pisek\" >Care este cea mai bun\u0103 sal\u0103 de joac\u0103 din P\u00edsek?<\/a><\/li><li class='ez-toc-page-1 ez-toc-heading-level-3'><a class=\"ez-toc-link ez-toc-heading-60\" href=\"https:\/\/loudavymkrokem.cz\/ro\/pisek-cu-copiii\/#Care_sunt_cele_mai_bune_excursii_la_maximum_20_de_minute\" >Care sunt cele mai bune excursii la maximum 20 de minute?<\/a><\/li><li class='ez-toc-page-1 ez-toc-heading-level-3'><a class=\"ez-toc-link ez-toc-heading-61\" href=\"https:\/\/loudavymkrokem.cz\/ro\/pisek-cu-copiii\/#Este_Pisek_potrivit_cu_caruciorul\" >Este P\u00edsek potrivit cu c\u0103ruciorul?<\/a><\/li><li class='ez-toc-page-1 ez-toc-heading-level-3'><a class=\"ez-toc-link ez-toc-heading-62\" href=\"https:\/\/loudavymkrokem.cz\/ro\/pisek-cu-copiii\/#Unde_sa_inoti_cu_copiii_in_Pisek\" >Unde s\u0103 \u00eeno\u021bi cu copiii \u00een P\u00edsek?<\/a><\/li><li class='ez-toc-page-1 ez-toc-heading-level-3'><a class=\"ez-toc-link ez-toc-heading-63\" href=\"https:\/\/loudavymkrokem.cz\/ro\/pisek-cu-copiii\/#Unde_sa_mergi_cu_copiii_gratuit\" >Unde s\u0103 mergi cu copiii gratuit?<\/a><\/li><\/ul><\/li><\/ul><\/nav><\/div>\n<h3 class=\"wp-block-heading\"><span class=\"ez-toc-section\" id=\"Rezumat_pentru_cei_care_nu_au_timp_sa_citeasca_tot_articolul\"><\/span>Rezumat pentru cei care nu au timp s\u0103 citeasc\u0103 tot articolul<span class=\"ez-toc-section-end\"><\/span><\/h3>\n\n\n\n<ul class=\"wp-block-list\">\n<li><strong>Cel mai mare spa\u021biu de joac\u0103 interior:<\/strong> My\u0161ka herna din Porty\u010d are, ce-i drept, dot\u0103ri destul de \u00eenvechite, dar r\u0103m\u00e2ne cel mai mare spa\u021biu de joac\u0103 din P\u00edsek, a\u0219a c\u0103 mergem acolo.<\/li>\n\n\n\n<li><strong>Cultur\u0103 pentru copii:<\/strong> Sladovna, cu expozi\u021biile Pila\u0159i\u0161t\u011b \u0219i Mraveni\u0161t\u011b, este o vizit\u0103 obligatorie \u2014 doar nu uita s\u0103 cumperi biletele din timp, online.<\/li>\n\n\n\n<li><strong>Cel mai \u00eendr\u0103git teren de joac\u0103:<\/strong> Noul teren cu cerbul uria\u0219 din lemn Na Trub\u00e1ch \u0219i pistele de bile de pe cheiul Jir\u00e1skovo \u00eei vor \u021bine pe copii ocupa\u021bi o dup\u0103-amiaz\u0103 \u00eentreag\u0103.<\/li>\n\n\n\n<li><strong>Cafenea cu col\u021b de joac\u0103:<\/strong> Preferata noastr\u0103, Travel Cafe, are \u00een curtea interioar\u0103 o teras\u0103 cu o groap\u0103 de nisip grozav\u0103 \u0219i o c\u0103su\u021b\u0103.<\/li>\n\n\n\n<li><strong>Top 3 excursii \u00een \u00eemprejurimi:<\/strong> Farmapark Maletice, Kr\u00e1lovstv\u00ed \u010dasu din Protiv\u00edn \u0219i Fier\u0103ria de basm din Selibov sunt pariuri sigure.<\/li>\n\n\n\n<li><strong>Ce faci c\u00e2nd plou\u0103:<\/strong> Te salveaz\u0103 Sladovna, My\u0161ka herna, bazinul de la stadionul de \u00eenot, micul spa\u021biu de joac\u0103 Hernajs sau cinematograful Porty\u010d.<\/li>\n<\/ul>\n\n\n\n<h2 class=\"wp-block-heading\"><span class=\"ez-toc-section\" id=\"Cand_sa_pleci_in_Pisek_cu_copiii\"><\/span>C\u00e2nd s\u0103 pleci \u00een P\u00edsek cu copiii<span class=\"ez-toc-section-end\"><\/span><\/h2>\n\n\n\n<figure data-wp-context=\"{&quot;imageId&quot;:&quot;6a9556fde29ea&quot;}\" data-wp-interactive=\"core\/image\" data-wp-key=\"6a9556fde29ea\" class=\"wp-block-image size-full wp-lightbox-container\"><img decoding=\"async\" width=\"2200\" height=\"1467\" data-wp-class--hide=\"state.isContentHidden\" data-wp-class--show=\"state.isContentVisible\" data-wp-init=\"callbacks.setButtonStyles\" data-wp-on--click=\"actions.showLightbox\" data-wp-on--load=\"callbacks.setButtonStyles\" data-wp-on--pointerdown=\"actions.preloadImage\" data-wp-on--pointerenter=\"actions.preloadImageWithDelay\" data-wp-on--pointerleave=\"actions.cancelPreload\" data-wp-on-window--resize=\"callbacks.setButtonStyles\" src=\"https:\/\/loudavymkrokem.cz\/wp-content\/uploads\/2026\/08\/pisek-mestanske-domy-velke-namesti.jpg\" alt=\"Case burgheze colorate \u00een Pia\u021ba Mare din P\u00edsek\" class=\"wp-image-399373\" title=\"\" srcset=\"https:\/\/loudavymkrokem.cz\/wp-content\/uploads\/2026\/08\/pisek-mestanske-domy-velke-namesti.jpg 2200w, https:\/\/loudavymkrokem.cz\/wp-content\/uploads\/2026\/08\/pisek-mestanske-domy-velke-namesti-300x200.jpg 300w, https:\/\/loudavymkrokem.cz\/wp-content\/uploads\/2026\/08\/pisek-mestanske-domy-velke-namesti-700x467.jpg 700w, https:\/\/loudavymkrokem.cz\/wp-content\/uploads\/2026\/08\/pisek-mestanske-domy-velke-namesti-768x512.jpg 768w, https:\/\/loudavymkrokem.cz\/wp-content\/uploads\/2026\/08\/pisek-mestanske-domy-velke-namesti-1536x1024.jpg 1536w, https:\/\/loudavymkrokem.cz\/wp-content\/uploads\/2026\/08\/pisek-mestanske-domy-velke-namesti-2048x1366.jpg 2048w, https:\/\/loudavymkrokem.cz\/wp-content\/uploads\/2026\/08\/pisek-mestanske-domy-velke-namesti-696x464.jpg 696w, https:\/\/loudavymkrokem.cz\/wp-content\/uploads\/2026\/08\/pisek-mestanske-domy-velke-namesti-1392x928.jpg 1392w, https:\/\/loudavymkrokem.cz\/wp-content\/uploads\/2026\/08\/pisek-mestanske-domy-velke-namesti-1920x1280.jpg 1920w\" sizes=\"(max-width: 2200px) 100vw, 2200px\" \/><button\n\t\t\tclass=\"lightbox-trigger\"\n\t\t\ttype=\"button\"\n\t\t\taria-haspopup=\"dialog\"\n\t\t\tdata-wp-bind--aria-label=\"state.thisImage.triggerButtonAriaLabel\"\n\t\t\tdata-wp-init=\"callbacks.initTriggerButton\"\n\t\t\tdata-wp-on--click=\"actions.showLightbox\"\n\t\t\tdata-wp-style--right=\"state.thisImage.buttonRight\"\n\t\t\tdata-wp-style--top=\"state.thisImage.buttonTop\"\n\t\t>\n\t\t\t<svg xmlns=\"http:\/\/www.w3.org\/2000\/svg\" width=\"12\" height=\"12\" fill=\"none\" viewBox=\"0 0 12 12\">\n\t\t\t\t<path fill=\"#fff\" d=\"M2 0a2 2 0 0 0-2 2v2h1.5V2a.5.5 0 0 1 .5-.5h2V0H2Zm2 10.5H2a.5.5 0 0 1-.5-.5V8H0v2a2 2 0 0 0 2 2h2v-1.5ZM8 12v-1.5h2a.5.5 0 0 0 .5-.5V8H12v2a2 2 0 0 1-2 2H8Zm2-12a2 2 0 0 1 2 2v2h-1.5V2a.5.5 0 0 0-.5-.5H8V0h2Z\" \/>\n\t\t\t<\/svg>\n\t\t<\/button><\/figure>\n\n\n\n<p class=\"wp-block-paragraph\">P\u00edsek este frumos tot anul, dar dac\u0103 vrei s\u0103 te bucuri de ora\u0219 din plin, inclusiv de activit\u0103\u021bile \u00een aer liber, <strong>momentul ideal de vizitare este de la sf\u00e2r\u0219itul lunii mai p\u00e2n\u0103 \u00een septembrie<\/strong>. De la sf\u00e2r\u0219itul lui mai, pe cheiul de l\u00e2ng\u0103 Podul de Piatr\u0103 r\u0103sar periodic sculpturi uria\u0219e din nisip, care sunt o mare atrac\u021bie, iar lunile de var\u0103 te invit\u0103 direct la o vizit\u0103 la frumoasa plaj\u0103 fluvial\u0103 de l\u00e2ng\u0103 Sf\u00e2ntul V\u00e1clav.<\/p>\n\n\n\n<p class=\"wp-block-paragraph\">Dac\u0103 te preg\u0103te\u0219ti s\u0103 vii la noi iarna sau toamna, <strong>cu siguran\u021b\u0103 nu te vei plictisi<\/strong>, pentru c\u0103 ora\u0219ul are facilit\u0103\u021bi interioare excelente, \u00een frunte cu Sladovna \u0219i mai multe spa\u021bii de joac\u0103, a\u0219a c\u0103 programul e asigurat chiar dac\u0103 plou\u0103 cu g\u0103leata. Pentru o vizit\u0103 cu copiii recomand s\u0103 \u00ee\u021bi rezervi <strong>m\u0103car un weekend prelungit<\/strong>, dar dac\u0103 vrei s\u0103 prinzi \u0219i excursiile din \u00eemprejurimi, po\u021bi petrece aici lini\u0219tit o s\u0103pt\u0103m\u00e2n\u0103 \u00eentreag\u0103 plin\u0103 de experien\u021be.<\/p>\n\n\n\n<h2 class=\"wp-block-heading\"><span class=\"ez-toc-section\" id=\"Unde_sa_te_cazezi_in_Pisek_cu_copiii\"><\/span>Unde s\u0103 te cazezi \u00een P\u00edsek cu copiii<span class=\"ez-toc-section-end\"><\/span><\/h2>\n\n\n\n<figure data-wp-context=\"{&quot;imageId&quot;:&quot;6a9556fde2e61&quot;}\" data-wp-interactive=\"core\/image\" data-wp-key=\"6a9556fde2e61\" class=\"wp-block-image size-full wp-lightbox-container\"><img decoding=\"async\" width=\"2200\" height=\"1467\" data-wp-class--hide=\"state.isContentHidden\" data-wp-class--show=\"state.isContentVisible\" data-wp-init=\"callbacks.setButtonStyles\" data-wp-on--click=\"actions.showLightbox\" data-wp-on--load=\"callbacks.setButtonStyles\" data-wp-on--pointerdown=\"actions.preloadImage\" data-wp-on--pointerenter=\"actions.preloadImageWithDelay\" data-wp-on--pointerleave=\"actions.cancelPreload\" data-wp-on-window--resize=\"callbacks.setButtonStyles\" src=\"https:\/\/loudavymkrokem.cz\/wp-content\/uploads\/2026\/08\/pisek-fontana-hotel-otava.jpg\" alt=\"F\u00e2nt\u00e2n\u0103 \u00een centrul P\u00edsek, cu Hotel Otava \u00een fundal\" class=\"wp-image-399365\" title=\"\" srcset=\"https:\/\/loudavymkrokem.cz\/wp-content\/uploads\/2026\/08\/pisek-fontana-hotel-otava.jpg 2200w, https:\/\/loudavymkrokem.cz\/wp-content\/uploads\/2026\/08\/pisek-fontana-hotel-otava-300x200.jpg 300w, https:\/\/loudavymkrokem.cz\/wp-content\/uploads\/2026\/08\/pisek-fontana-hotel-otava-700x467.jpg 700w, https:\/\/loudavymkrokem.cz\/wp-content\/uploads\/2026\/08\/pisek-fontana-hotel-otava-768x512.jpg 768w, https:\/\/loudavymkrokem.cz\/wp-content\/uploads\/2026\/08\/pisek-fontana-hotel-otava-1536x1024.jpg 1536w, https:\/\/loudavymkrokem.cz\/wp-content\/uploads\/2026\/08\/pisek-fontana-hotel-otava-2048x1366.jpg 2048w, https:\/\/loudavymkrokem.cz\/wp-content\/uploads\/2026\/08\/pisek-fontana-hotel-otava-696x464.jpg 696w, https:\/\/loudavymkrokem.cz\/wp-content\/uploads\/2026\/08\/pisek-fontana-hotel-otava-1392x928.jpg 1392w, https:\/\/loudavymkrokem.cz\/wp-content\/uploads\/2026\/08\/pisek-fontana-hotel-otava-1920x1280.jpg 1920w\" sizes=\"(max-width: 2200px) 100vw, 2200px\" \/><button\n\t\t\tclass=\"lightbox-trigger\"\n\t\t\ttype=\"button\"\n\t\t\taria-haspopup=\"dialog\"\n\t\t\tdata-wp-bind--aria-label=\"state.thisImage.triggerButtonAriaLabel\"\n\t\t\tdata-wp-init=\"callbacks.initTriggerButton\"\n\t\t\tdata-wp-on--click=\"actions.showLightbox\"\n\t\t\tdata-wp-style--right=\"state.thisImage.buttonRight\"\n\t\t\tdata-wp-style--top=\"state.thisImage.buttonTop\"\n\t\t>\n\t\t\t<svg xmlns=\"http:\/\/www.w3.org\/2000\/svg\" width=\"12\" height=\"12\" fill=\"none\" viewBox=\"0 0 12 12\">\n\t\t\t\t<path fill=\"#fff\" d=\"M2 0a2 2 0 0 0-2 2v2h1.5V2a.5.5 0 0 1 .5-.5h2V0H2Zm2 10.5H2a.5.5 0 0 1-.5-.5V8H0v2a2 2 0 0 0 2 2h2v-1.5ZM8 12v-1.5h2a.5.5 0 0 0 .5-.5V8H12v2a2 2 0 0 1-2 2H8Zm2-12a2 2 0 0 1 2 2v2h-1.5V2a.5.5 0 0 0-.5-.5H8V0h2Z\" \/>\n\t\t\t<\/svg>\n\t\t<\/button><\/figure>\n\n\n\n<p class=\"wp-block-paragraph\">Alegerea caz\u0103rii este esen\u021bial\u0103 pentru familiile cu copii, iar \u00een P\u00edsek g\u0103se\u0219ti mai multe op\u021biuni excelente chiar \u00een centru. <strong><a href=\"https:\/\/www.stay22.com\/allez\/roam?aid=lukaskonecny&amp;campaign=loudavymkrokemcz&amp;campaign=pisek-s-detmi&amp;hotelname=Hotel%20Biograf&amp;address=P%C3%ADsek%2C%20%C4%8Cesko\" target=\"_blank\" rel=\"noopener nofollow sponsored\">Hotel Biograf<\/a><\/strong> este un frumos hotel de patru stele la o arunc\u0103tur\u0103 de b\u0103\u021b de centru, cu un rating excelent de 8,6 pe Booking, iar p\u0103rin\u021bii vor aprecia cu siguran\u021b\u0103 posibilitatea unei relax\u0103ri de sear\u0103 la saun\u0103.<\/p>\n\n\n\n<p class=\"wp-block-paragraph\">Istoricul <strong>Hotel Otava<\/strong>, cu picturile lui Ale\u0161 pe fa\u021bad\u0103, are dup\u0103 renovare, la parter, noua <strong>Caf\u00e9 Otava<\/strong> (mic dejun de la 7:30, meniu de pr\u00e2nz, deserturi de cas\u0103) \u2014 o adres\u0103 excelent\u0103 pentru micul dejun cu copiii. Camerele nu le vei g\u0103si \u00eens\u0103 momentan pe Booking, a\u0219a c\u0103 pentru cazare orienteaz\u0103-te mai degrab\u0103 c\u0103tre Biograf sau U Kapli\u010dky. Dac\u0103 e\u0219ti \u00een c\u0103utarea unei experien\u021be gastronomice moderne combinate cu cazare, arunc\u0103 o privire la <strong><a href=\"https:\/\/www.stay22.com\/allez\/roam?aid=lukaskonecny&amp;campaign=loudavymkrokemcz&amp;campaign=pisek-s-detmi&amp;hotelname=Hotel%20U%20Kapli%C4%8Dky&amp;address=P%C3%ADsek%2C%20%C4%8Cesko\" target=\"_blank\" rel=\"noopener nofollow sponsored\">Hotel U Kapli\u010dky<\/a><\/strong>, al c\u0103rui restaurant Chapelle a ajuns chiar \u0219i \u00een selec\u021bia Ghidului Michelin.<\/p>\n\n\n\n<p class=\"wp-block-paragraph\">Pentru familiile care vin aici mai ales vara, pentru sc\u0103ldat \u0219i sport, este absolut ideal <strong><a href=\"https:\/\/www.stay22.com\/allez\/roam?aid=lukaskonecny&amp;campaign=loudavymkrokemcz&amp;campaign=pisek-s-detmi&amp;hotelname=Penzion%20Sport&amp;address=P%C3%ADsek%2C%20%C4%8Cesko\" target=\"_blank\" rel=\"noopener nofollow sponsored\">Penzion Sport<\/a><\/strong>, care se afl\u0103 chiar l\u00e2ng\u0103 r\u00e2u, \u00een incinta plajei ora\u0219ului. Avantajul e c\u0103 restaurantul cu teras\u0103 se afl\u0103 direct \u00een incint\u0103, a\u0219a c\u0103 p\u00e2n\u0103 la bazine \u0219i la piscina pentru copii ai doar c\u00e2\u021biva pa\u0219i. Toate aceste caz\u0103ri le rezervi u\u0219or prin Booking, unde din c\u00e2nd \u00een c\u00e2nd dai \u0219i de reduceri interesante.<\/p>\n\n\n\n<h2 class=\"wp-block-heading\"><span class=\"ez-toc-section\" id=\"Spatii_de_joaca_si_distractie_la_interior_in_Pisek\"><\/span>Spa\u021bii de joac\u0103 \u0219i distrac\u021bie la interior \u00een P\u00edsek<span class=\"ez-toc-section-end\"><\/span><\/h2>\n\n\n\n<p class=\"wp-block-paragraph\">C\u00e2nd vremea nu \u021bine cu tine sau pur \u0219i simplu ai nevoie s\u0103 te ad\u0103poste\u0219ti pentru c\u00e2teva ore de soarele verii, P\u00edsek ofer\u0103 o mul\u021bime de op\u021biuni interioare. Un rezumat actualizat continuu al spa\u021biilor de joac\u0103, al cafenelelor cu col\u021b pentru copii \u0219i al terenurilor de joac\u0103, cu program verificat, g\u0103se\u0219ti pe <a href=\"https:\/\/pisek.info\/deti\/hernicky\" target=\"_blank\" rel=\"noopener\">pisek.info\/deti\/hernicky<\/a>. Locurile astea le are \u00een telefon fiecare m\u0103mic\u0103 din P\u00edsek.<\/p>\n\n\n\n<h3 class=\"wp-block-heading\"><span class=\"ez-toc-section\" id=\"1_Myska_herna\"><\/span>1. My\u0161ka herna<span class=\"ez-toc-section-end\"><\/span><\/h3>\n\n\n\n<figure data-wp-context=\"{&quot;imageId&quot;:&quot;6a9556fde33b6&quot;}\" data-wp-interactive=\"core\/image\" data-wp-key=\"6a9556fde33b6\" class=\"wp-block-image size-full wp-lightbox-container\"><img decoding=\"async\" width=\"2200\" height=\"1467\" data-wp-class--hide=\"state.isContentHidden\" data-wp-class--show=\"state.isContentVisible\" data-wp-init=\"callbacks.setButtonStyles\" data-wp-on--click=\"actions.showLightbox\" data-wp-on--load=\"callbacks.setButtonStyles\" data-wp-on--pointerdown=\"actions.preloadImage\" data-wp-on--pointerenter=\"actions.preloadImageWithDelay\" data-wp-on--pointerleave=\"actions.cancelPreload\" data-wp-on-window--resize=\"callbacks.setButtonStyles\" src=\"https:\/\/loudavymkrokem.cz\/wp-content\/uploads\/2026\/08\/pisek-myska-herna-bazenek-s-micky.jpg\" alt=\"Bazin cu bile \u00een My\u0161ka herna din P\u00edsek\" class=\"wp-image-399531\" title=\"\" srcset=\"https:\/\/loudavymkrokem.cz\/wp-content\/uploads\/2026\/08\/pisek-myska-herna-bazenek-s-micky.jpg 2200w, https:\/\/loudavymkrokem.cz\/wp-content\/uploads\/2026\/08\/pisek-myska-herna-bazenek-s-micky-300x200.jpg 300w, https:\/\/loudavymkrokem.cz\/wp-content\/uploads\/2026\/08\/pisek-myska-herna-bazenek-s-micky-700x467.jpg 700w, https:\/\/loudavymkrokem.cz\/wp-content\/uploads\/2026\/08\/pisek-myska-herna-bazenek-s-micky-768x512.jpg 768w, https:\/\/loudavymkrokem.cz\/wp-content\/uploads\/2026\/08\/pisek-myska-herna-bazenek-s-micky-1536x1024.jpg 1536w, https:\/\/loudavymkrokem.cz\/wp-content\/uploads\/2026\/08\/pisek-myska-herna-bazenek-s-micky-2048x1366.jpg 2048w, https:\/\/loudavymkrokem.cz\/wp-content\/uploads\/2026\/08\/pisek-myska-herna-bazenek-s-micky-696x464.jpg 696w, https:\/\/loudavymkrokem.cz\/wp-content\/uploads\/2026\/08\/pisek-myska-herna-bazenek-s-micky-1392x928.jpg 1392w, https:\/\/loudavymkrokem.cz\/wp-content\/uploads\/2026\/08\/pisek-myska-herna-bazenek-s-micky-1920x1280.jpg 1920w\" sizes=\"(max-width: 2200px) 100vw, 2200px\" \/><button\n\t\t\tclass=\"lightbox-trigger\"\n\t\t\ttype=\"button\"\n\t\t\taria-haspopup=\"dialog\"\n\t\t\tdata-wp-bind--aria-label=\"state.thisImage.triggerButtonAriaLabel\"\n\t\t\tdata-wp-init=\"callbacks.initTriggerButton\"\n\t\t\tdata-wp-on--click=\"actions.showLightbox\"\n\t\t\tdata-wp-style--right=\"state.thisImage.buttonRight\"\n\t\t\tdata-wp-style--top=\"state.thisImage.buttonTop\"\n\t\t>\n\t\t\t<svg xmlns=\"http:\/\/www.w3.org\/2000\/svg\" width=\"12\" height=\"12\" fill=\"none\" viewBox=\"0 0 12 12\">\n\t\t\t\t<path fill=\"#fff\" d=\"M2 0a2 2 0 0 0-2 2v2h1.5V2a.5.5 0 0 1 .5-.5h2V0H2Zm2 10.5H2a.5.5 0 0 1-.5-.5V8H0v2a2 2 0 0 0 2 2h2v-1.5ZM8 12v-1.5h2a.5.5 0 0 0 .5-.5V8H12v2a2 2 0 0 1-2 2H8Zm2-12a2 2 0 0 1 2 2v2h-1.5V2a.5.5 0 0 0-.5-.5H8V0h2Z\" \/>\n\t\t\t<\/svg>\n\t\t<\/button><\/figure>\n\n\n\n<p class=\"wp-block-paragraph\">Acesta este de departe <strong>cel mai mare loc de joac\u0103 interior din P\u00edsek<\/strong>, pe care \u00eel g\u0103se\u0219ti pe strada V Porty\u010di (nr. 450), iar noi, familiile locale, venim aici chiar des, mai ales c\u00e2nd plou\u0103 cu g\u0103leata. \u00cen spa\u021biu g\u0103se\u0219ti tobogane \u0219i c\u0103\u021b\u0103r\u0103toare uria\u0219e, o trambulin\u0103 mare \u0219i o mul\u021bime de piese de construc\u021bie din burete, din care copiii \u00ee\u0219i fac bunc\u0103re.<\/p>\n\n\n\n<p class=\"wp-block-paragraph\">Spa\u021biul este destinat \u00een principal <strong>copiilor p\u00e2n\u0103 la 10 ani<\/strong>, dar datorit\u0103 elementelor speciale de joac\u0103 se distreaz\u0103 aici \u0219i cei mai mici copila\u0219i, pentru care este preg\u0103tit un mediu sigur. \u00centre timp, p\u0103rin\u021bii se pot a\u0219eza \u00een zona de cafenea, \u00ee\u0219i pot lua o cafea \u0219i \u00eei pot avea pe copii tot timpul sub ochi.<\/p>\n\n\n\n<p class=\"wp-block-paragraph\">Pre\u021bul depinde de timpul petrecut \u00een spa\u021biul de joac\u0103 \u2014 o or\u0103 pentru un copil cost\u0103 \u00een jur de 18 lei (84 K\u010d), dar cu circa 28 de lei (129 K\u010d) po\u021bi sta lini\u0219tit toat\u0103 ziua. Bebelu\u0219ii p\u00e2n\u0103 la un an pl\u0103tesc doar circa 11 lei (49 K\u010d), iar \u00eenso\u021bitorul adult, simbolicii 11 lei (50 K\u010d), ceea ce face din My\u0161ka o distrac\u021bie foarte accesibil\u0103.<\/p>\n\n\n\n<p class=\"wp-block-paragraph\">S\u0103 fim sinceri: <strong>dot\u0103rile sunt deja bine \u00eenvechite<\/strong> \u0219i nu miroase nimic aici a nou. R\u0103m\u00e2ne \u00eens\u0103 p\u00e2n\u0103 \u00een prezent cel mai mare spa\u021biu de joac\u0103 din P\u00edsek \u0219i exact de aceea continu\u0103m s\u0103 venim. Nic\u0103ieri altundeva \u00een ora\u0219 copiii nu au at\u00e2ta loc de alergat.<\/p>\n\n\n\n<h3 class=\"wp-block-heading\"><span class=\"ez-toc-section\" id=\"2_Sladovna_%E2%80%93_expozitia_Pilariste\"><\/span>2. Sladovna \u2013 expozi\u021bia Pila\u0159i\u0161t\u011b<span class=\"ez-toc-section-end\"><\/span><\/h3>\n\n\n\n<figure data-wp-context=\"{&quot;imageId&quot;:&quot;6a9556fde3847&quot;}\" data-wp-interactive=\"core\/image\" data-wp-key=\"6a9556fde3847\" class=\"wp-block-image size-full wp-lightbox-container\"><img decoding=\"async\" width=\"2200\" height=\"1457\" data-wp-class--hide=\"state.isContentHidden\" data-wp-class--show=\"state.isContentVisible\" data-wp-init=\"callbacks.setButtonStyles\" data-wp-on--click=\"actions.showLightbox\" data-wp-on--load=\"callbacks.setButtonStyles\" data-wp-on--pointerdown=\"actions.preloadImage\" data-wp-on--pointerenter=\"actions.preloadImageWithDelay\" data-wp-on--pointerleave=\"actions.cancelPreload\" data-wp-on-window--resize=\"callbacks.setButtonStyles\" src=\"https:\/\/loudavymkrokem.cz\/wp-content\/uploads\/2026\/08\/sladovna-pisek-pilariste-expozice.jpg\" alt=\"Expozi\u021bia Pila\u0159i\u0161t\u011b din Sladovna P\u00edsek\" class=\"wp-image-399622\" title=\"\" srcset=\"https:\/\/loudavymkrokem.cz\/wp-content\/uploads\/2026\/08\/sladovna-pisek-pilariste-expozice.jpg 2200w, https:\/\/loudavymkrokem.cz\/wp-content\/uploads\/2026\/08\/sladovna-pisek-pilariste-expozice-300x199.jpg 300w, https:\/\/loudavymkrokem.cz\/wp-content\/uploads\/2026\/08\/sladovna-pisek-pilariste-expozice-700x464.jpg 700w, https:\/\/loudavymkrokem.cz\/wp-content\/uploads\/2026\/08\/sladovna-pisek-pilariste-expozice-768x509.jpg 768w, https:\/\/loudavymkrokem.cz\/wp-content\/uploads\/2026\/08\/sladovna-pisek-pilariste-expozice-1536x1017.jpg 1536w, https:\/\/loudavymkrokem.cz\/wp-content\/uploads\/2026\/08\/sladovna-pisek-pilariste-expozice-2048x1356.jpg 2048w, https:\/\/loudavymkrokem.cz\/wp-content\/uploads\/2026\/08\/sladovna-pisek-pilariste-expozice-696x461.jpg 696w, https:\/\/loudavymkrokem.cz\/wp-content\/uploads\/2026\/08\/sladovna-pisek-pilariste-expozice-1392x922.jpg 1392w, https:\/\/loudavymkrokem.cz\/wp-content\/uploads\/2026\/08\/sladovna-pisek-pilariste-expozice-1920x1272.jpg 1920w\" sizes=\"(max-width: 2200px) 100vw, 2200px\" \/><button\n\t\t\tclass=\"lightbox-trigger\"\n\t\t\ttype=\"button\"\n\t\t\taria-haspopup=\"dialog\"\n\t\t\tdata-wp-bind--aria-label=\"state.thisImage.triggerButtonAriaLabel\"\n\t\t\tdata-wp-init=\"callbacks.initTriggerButton\"\n\t\t\tdata-wp-on--click=\"actions.showLightbox\"\n\t\t\tdata-wp-style--right=\"state.thisImage.buttonRight\"\n\t\t\tdata-wp-style--top=\"state.thisImage.buttonTop\"\n\t\t>\n\t\t\t<svg xmlns=\"http:\/\/www.w3.org\/2000\/svg\" width=\"12\" height=\"12\" fill=\"none\" viewBox=\"0 0 12 12\">\n\t\t\t\t<path fill=\"#fff\" d=\"M2 0a2 2 0 0 0-2 2v2h1.5V2a.5.5 0 0 1 .5-.5h2V0H2Zm2 10.5H2a.5.5 0 0 1-.5-.5V8H0v2a2 2 0 0 0 2 2h2v-1.5ZM8 12v-1.5h2a.5.5 0 0 0 .5-.5V8H12v2a2 2 0 0 1-2 2H8Zm2-12a2 2 0 0 1 2 2v2h-1.5V2a.5.5 0 0 0-.5-.5H8V0h2Z\" \/>\n\t\t\t<\/svg>\n\t\t<\/button><\/figure>\n\n\n\n<figure data-wp-context=\"{&quot;imageId&quot;:&quot;6a9556fde3ba8&quot;}\" data-wp-interactive=\"core\/image\" data-wp-key=\"6a9556fde3ba8\" class=\"wp-block-image size-full wp-lightbox-container\"><img decoding=\"async\" width=\"2200\" height=\"1467\" data-wp-class--hide=\"state.isContentHidden\" data-wp-class--show=\"state.isContentVisible\" data-wp-init=\"callbacks.setButtonStyles\" data-wp-on--click=\"actions.showLightbox\" data-wp-on--load=\"callbacks.setButtonStyles\" data-wp-on--pointerdown=\"actions.preloadImage\" data-wp-on--pointerenter=\"actions.preloadImageWithDelay\" data-wp-on--pointerleave=\"actions.cancelPreload\" data-wp-on-window--resize=\"callbacks.setButtonStyles\" src=\"https:\/\/loudavymkrokem.cz\/wp-content\/uploads\/2026\/08\/pisek-sladovna.jpg\" alt=\"Sladovna P\u00edsek, galerie prin joac\u0103 pentru copii\" class=\"wp-image-399379\" title=\"\" srcset=\"https:\/\/loudavymkrokem.cz\/wp-content\/uploads\/2026\/08\/pisek-sladovna.jpg 2200w, https:\/\/loudavymkrokem.cz\/wp-content\/uploads\/2026\/08\/pisek-sladovna-300x200.jpg 300w, https:\/\/loudavymkrokem.cz\/wp-content\/uploads\/2026\/08\/pisek-sladovna-700x467.jpg 700w, https:\/\/loudavymkrokem.cz\/wp-content\/uploads\/2026\/08\/pisek-sladovna-768x512.jpg 768w, https:\/\/loudavymkrokem.cz\/wp-content\/uploads\/2026\/08\/pisek-sladovna-1536x1024.jpg 1536w, https:\/\/loudavymkrokem.cz\/wp-content\/uploads\/2026\/08\/pisek-sladovna-2048x1366.jpg 2048w, https:\/\/loudavymkrokem.cz\/wp-content\/uploads\/2026\/08\/pisek-sladovna-696x464.jpg 696w, https:\/\/loudavymkrokem.cz\/wp-content\/uploads\/2026\/08\/pisek-sladovna-1392x928.jpg 1392w, https:\/\/loudavymkrokem.cz\/wp-content\/uploads\/2026\/08\/pisek-sladovna-1920x1280.jpg 1920w\" sizes=\"(max-width: 2200px) 100vw, 2200px\" \/><button\n\t\t\tclass=\"lightbox-trigger\"\n\t\t\ttype=\"button\"\n\t\t\taria-haspopup=\"dialog\"\n\t\t\tdata-wp-bind--aria-label=\"state.thisImage.triggerButtonAriaLabel\"\n\t\t\tdata-wp-init=\"callbacks.initTriggerButton\"\n\t\t\tdata-wp-on--click=\"actions.showLightbox\"\n\t\t\tdata-wp-style--right=\"state.thisImage.buttonRight\"\n\t\t\tdata-wp-style--top=\"state.thisImage.buttonTop\"\n\t\t>\n\t\t\t<svg xmlns=\"http:\/\/www.w3.org\/2000\/svg\" width=\"12\" height=\"12\" fill=\"none\" viewBox=\"0 0 12 12\">\n\t\t\t\t<path fill=\"#fff\" d=\"M2 0a2 2 0 0 0-2 2v2h1.5V2a.5.5 0 0 1 .5-.5h2V0H2Zm2 10.5H2a.5.5 0 0 1-.5-.5V8H0v2a2 2 0 0 0 2 2h2v-1.5ZM8 12v-1.5h2a.5.5 0 0 0 .5-.5V8H12v2a2 2 0 0 1-2 2H8Zm2-12a2 2 0 0 1 2 2v2h-1.5V2a.5.5 0 0 0-.5-.5H8V0h2Z\" \/>\n\t\t\t<\/svg>\n\t\t<\/button><\/figure>\n\n\n\n<p class=\"wp-block-paragraph\"><a href=\"https:\/\/www.sladovna.cz\" target=\"_blank\" rel=\"nofollow noopener\">Sladovna<\/a>, care func\u021bioneaz\u0103 ca o galerie uria\u0219\u0103 prin joac\u0103, este <strong>o adev\u0103rat\u0103 unicitate \u0219i m\u00e2ndria ora\u0219ului P\u00edsek<\/strong>, pe care nu ai voie s\u0103 o ratezi. Partea sa numit\u0103 Pila\u0159i\u0161t\u011b este creat\u0103 special pentru cei mai mici copii, de la na\u0219tere p\u00e2n\u0103 la \u0219ase ani, care pot descoperi aici lumea \u00een siguran\u021b\u0103 prin culori, sunete \u0219i senza\u021bii tactile.<\/p>\n\n\n\n<p class=\"wp-block-paragraph\">Spa\u021biul este inspirat de opera ilustratorului Radek Pila\u0159, iar <strong>copiii se pot t\u00e2r\u00ee aici, se pot c\u0103\u021b\u0103ra \u00een ascunz\u0103tori moi<\/strong> \u0219i se pot juca cu elemente interactive. Dat\u0103 fiind popularitatea enorm\u0103 a Sladovnei printre turi\u0219tii veni\u021bi de departe, \u00ee\u021bi recomand s\u0103 afli intervalele libere \u0219i s\u0103 cumperi biletele din timp, online.<\/p>\n\n\n\n<p class=\"wp-block-paragraph\">Intr\u0103rile la Pila\u0159i\u0161t\u011b se fac <strong>\u00een blocuri de timp dedicate, de c\u00e2te 90 de minute<\/strong>, ca \u00een\u0103untru s\u0103 nu fie aglomerat, iar pre\u021bul de baz\u0103 pentru anul 2026 este de circa 26 de lei (120 K\u010d) de persoan\u0103. Copiii p\u00e2n\u0103 la un an au intrare gratuit\u0103, iar c\u0103ruciorul \u00eel parchezi f\u0103r\u0103 probleme \u00een garderoba mare de la parter.<\/p>\n\n\n\n<h3 class=\"wp-block-heading\"><span class=\"ez-toc-section\" id=\"3_Sladovna_%E2%80%93_expozitia_Mraveniste\"><\/span>3. Sladovna \u2013 expozi\u021bia Mraveni\u0161t\u011b<span class=\"ez-toc-section-end\"><\/span><\/h3>\n\n\n\n<p class=\"wp-block-paragraph\">\u00cen timp ce Pila\u0159i\u0161t\u011b este pentru cei mici, copiii mai mari, de la trei ani, vor fi <strong>absolut cuceri\u021bi de Mu\u0219uroiul uria\u0219<\/strong> (Mraveni\u0161t\u011b), care se afl\u0103 la un etaj superior al Sladovnei. Este vorba despre un labirint uria\u0219 din lemn, plin de tuneluri, poduri \u0219i c\u0103\u021b\u0103r\u0103toare, unde copiii devin pentru o clip\u0103 mici furnici \u0219i exploreaz\u0103 complicatul sistem de coridoare.<\/p>\n\n\n\n<p class=\"wp-block-paragraph\">\u00cen Mraveni\u0161t\u011b, vizitatorii intr\u0103 <strong>la intervale de o jum\u0103tate de or\u0103<\/strong>, ca \u00een tunelurile \u00eenguste s\u0103 nu se formeze ambuteiaje, iar accesul este inclus \u00een biletul pentru expozi\u021biile principale (circa 33 de lei \/ 150 K\u010d, copiii p\u00e2n\u0103 la 3 ani gratuit). Acestea se schimb\u0103 periodic, a\u0219a c\u0103, chiar dac\u0103 vii \u00een P\u00edsek de mai multe ori, mereu dai peste ceva nou.<\/p>\n\n\n\n<p class=\"wp-block-paragraph\">Dac\u0103 vrei s\u0103 te odihne\u0219ti \u00een timpul vizitei, <strong>\u00een foaier g\u0103se\u0219ti un automat de cafea<\/strong> sau po\u021bi merge direct la cafeneaua al\u0103turat\u0103, Balz\u00e1m Caf\u00e9. Biletul de familie pentru expozi\u021biile principale ajunge la aproximativ 110\u2013130 de lei (500\u2013600 K\u010d), ceea ce, pentru orele de distrac\u021bie de calitate, chiar merit\u0103.<\/p>\n\n\n\n<h3 class=\"wp-block-heading\"><span class=\"ez-toc-section\" id=\"4_Fazole_%E2%80%93_ateliere_Montessori\"><\/span>4. Fazole \u2013 ateliere Montessori<span class=\"ez-toc-section-end\"><\/span><\/h3>\n\n\n\n<figure data-wp-context=\"{&quot;imageId&quot;:&quot;6a9556fde418e&quot;}\" data-wp-interactive=\"core\/image\" data-wp-key=\"6a9556fde418e\" class=\"wp-block-image size-full wp-lightbox-container\"><img decoding=\"async\" width=\"1600\" height=\"1067\" data-wp-class--hide=\"state.isContentHidden\" data-wp-class--show=\"state.isContentVisible\" data-wp-init=\"callbacks.setButtonStyles\" data-wp-on--click=\"actions.showLightbox\" data-wp-on--load=\"callbacks.setButtonStyles\" data-wp-on--pointerdown=\"actions.preloadImage\" data-wp-on--pointerenter=\"actions.preloadImageWithDelay\" data-wp-on--pointerleave=\"actions.cancelPreload\" data-wp-on-window--resize=\"callbacks.setButtonStyles\" src=\"https:\/\/loudavymkrokem.cz\/wp-content\/uploads\/2026\/08\/fazole-montessori-pomucky-pisek.jpg\" alt=\"Materiale Montessori \u00een atelierele Fazole din P\u00edsek\" class=\"wp-image-399691\" title=\"\" srcset=\"https:\/\/loudavymkrokem.cz\/wp-content\/uploads\/2026\/08\/fazole-montessori-pomucky-pisek.jpg 1600w, https:\/\/loudavymkrokem.cz\/wp-content\/uploads\/2026\/08\/fazole-montessori-pomucky-pisek-300x200.jpg 300w, https:\/\/loudavymkrokem.cz\/wp-content\/uploads\/2026\/08\/fazole-montessori-pomucky-pisek-700x467.jpg 700w, https:\/\/loudavymkrokem.cz\/wp-content\/uploads\/2026\/08\/fazole-montessori-pomucky-pisek-768x512.jpg 768w, https:\/\/loudavymkrokem.cz\/wp-content\/uploads\/2026\/08\/fazole-montessori-pomucky-pisek-1536x1024.jpg 1536w, https:\/\/loudavymkrokem.cz\/wp-content\/uploads\/2026\/08\/fazole-montessori-pomucky-pisek-696x464.jpg 696w, https:\/\/loudavymkrokem.cz\/wp-content\/uploads\/2026\/08\/fazole-montessori-pomucky-pisek-1392x928.jpg 1392w\" sizes=\"(max-width: 1600px) 100vw, 1600px\" \/><button\n\t\t\tclass=\"lightbox-trigger\"\n\t\t\ttype=\"button\"\n\t\t\taria-haspopup=\"dialog\"\n\t\t\tdata-wp-bind--aria-label=\"state.thisImage.triggerButtonAriaLabel\"\n\t\t\tdata-wp-init=\"callbacks.initTriggerButton\"\n\t\t\tdata-wp-on--click=\"actions.showLightbox\"\n\t\t\tdata-wp-style--right=\"state.thisImage.buttonRight\"\n\t\t\tdata-wp-style--top=\"state.thisImage.buttonTop\"\n\t\t>\n\t\t\t<svg xmlns=\"http:\/\/www.w3.org\/2000\/svg\" width=\"12\" height=\"12\" fill=\"none\" viewBox=\"0 0 12 12\">\n\t\t\t\t<path fill=\"#fff\" d=\"M2 0a2 2 0 0 0-2 2v2h1.5V2a.5.5 0 0 1 .5-.5h2V0H2Zm2 10.5H2a.5.5 0 0 1-.5-.5V8H0v2a2 2 0 0 0 2 2h2v-1.5ZM8 12v-1.5h2a.5.5 0 0 0 .5-.5V8H12v2a2 2 0 0 1-2 2H8Zm2-12a2 2 0 0 1 2 2v2h-1.5V2a.5.5 0 0 0-.5-.5H8V0h2Z\" \/>\n\t\t\t<\/svg>\n\t\t<\/button><\/figure>\n\n\n\n<p class=\"wp-block-paragraph\">Pentru p\u0103rin\u021bii copila\u0219ilor cu v\u00e2rste \u00eentre unu \u0219i trei ani func\u021bioneaz\u0103 \u00een P\u00edsek <strong>frumoasele ateliere Montessori Fazole<\/strong>, conduse de instructoare axate pe o abordare respectuoas\u0103. \u00centr-un mediu special amenajat, copiii pot \u00eencerca lucrul cu materialele Montessori, \u00ee\u0219i pot antrena motricitatea fin\u0103 \u0219i pot \u00eenv\u0103\u021ba s\u0103 fie independen\u021bi.<\/p>\n\n\n\n<p class=\"wp-block-paragraph\">Atelierele pentru public au loc <strong>de obicei joia diminea\u021ba<\/strong>, dar cum capacitatea este limitat\u0103 la maximum \u0219ase copii, trebuie s\u0103 \u00ee\u021bi rezervi locul \u00eentotdeauna din timp. Pre\u021bul este de circa 44 de lei (200 K\u010d) pentru o diminea\u021b\u0103, iar \u00een pre\u021b este inclus\u0103 \u0219i o gustare s\u0103n\u0103toas\u0103 pentru copil.<\/p>\n\n\n\n<p class=\"wp-block-paragraph\">Fii doar atent la adresa corect\u0103, pentru c\u0103 <strong>unele site-uri mai vechi indic\u0103 strada Sedl\u00e1\u010dkova<\/strong>, dar \u00een prezent atelierele pentru public ar trebui s\u0103 aib\u0103 loc pe strada Karlova. A\u0219a c\u0103 mai bine verific\u0103 asta pe site-ul lor \u00eenainte de vizit\u0103.<\/p>\n\n\n\n<h3 class=\"wp-block-heading\"><span class=\"ez-toc-section\" id=\"5_Hernajs\"><\/span>5. Hernajs<span class=\"ez-toc-section-end\"><\/span><\/h3>\n\n\n\n<figure data-wp-context=\"{&quot;imageId&quot;:&quot;6a9556fde45df&quot;}\" data-wp-interactive=\"core\/image\" data-wp-key=\"6a9556fde45df\" class=\"wp-block-image size-full wp-lightbox-container\"><img decoding=\"async\" width=\"2200\" height=\"1455\" data-wp-class--hide=\"state.isContentHidden\" data-wp-class--show=\"state.isContentVisible\" data-wp-init=\"callbacks.setButtonStyles\" data-wp-on--click=\"actions.showLightbox\" data-wp-on--load=\"callbacks.setButtonStyles\" data-wp-on--pointerdown=\"actions.preloadImage\" data-wp-on--pointerenter=\"actions.preloadImageWithDelay\" data-wp-on--pointerleave=\"actions.cancelPreload\" data-wp-on-window--resize=\"callbacks.setButtonStyles\" src=\"https:\/\/loudavymkrokem.cz\/wp-content\/uploads\/2026\/08\/pisek-hernajs-hernicka-az-na-pudu.jpg\" alt=\"Spa\u021biul de joac\u0103 Hernajs din P\u00edsek\" class=\"wp-image-399527\" title=\"\" srcset=\"https:\/\/loudavymkrokem.cz\/wp-content\/uploads\/2026\/08\/pisek-hernajs-hernicka-az-na-pudu.jpg 2200w, https:\/\/loudavymkrokem.cz\/wp-content\/uploads\/2026\/08\/pisek-hernajs-hernicka-az-na-pudu-300x198.jpg 300w, https:\/\/loudavymkrokem.cz\/wp-content\/uploads\/2026\/08\/pisek-hernajs-hernicka-az-na-pudu-700x463.jpg 700w, https:\/\/loudavymkrokem.cz\/wp-content\/uploads\/2026\/08\/pisek-hernajs-hernicka-az-na-pudu-768x508.jpg 768w, https:\/\/loudavymkrokem.cz\/wp-content\/uploads\/2026\/08\/pisek-hernajs-hernicka-az-na-pudu-1536x1016.jpg 1536w, https:\/\/loudavymkrokem.cz\/wp-content\/uploads\/2026\/08\/pisek-hernajs-hernicka-az-na-pudu-2048x1354.jpg 2048w, https:\/\/loudavymkrokem.cz\/wp-content\/uploads\/2026\/08\/pisek-hernajs-hernicka-az-na-pudu-696x460.jpg 696w, https:\/\/loudavymkrokem.cz\/wp-content\/uploads\/2026\/08\/pisek-hernajs-hernicka-az-na-pudu-1392x921.jpg 1392w, https:\/\/loudavymkrokem.cz\/wp-content\/uploads\/2026\/08\/pisek-hernajs-hernicka-az-na-pudu-1920x1270.jpg 1920w\" sizes=\"(max-width: 2200px) 100vw, 2200px\" \/><button\n\t\t\tclass=\"lightbox-trigger\"\n\t\t\ttype=\"button\"\n\t\t\taria-haspopup=\"dialog\"\n\t\t\tdata-wp-bind--aria-label=\"state.thisImage.triggerButtonAriaLabel\"\n\t\t\tdata-wp-init=\"callbacks.initTriggerButton\"\n\t\t\tdata-wp-on--click=\"actions.showLightbox\"\n\t\t\tdata-wp-style--right=\"state.thisImage.buttonRight\"\n\t\t\tdata-wp-style--top=\"state.thisImage.buttonTop\"\n\t\t>\n\t\t\t<svg xmlns=\"http:\/\/www.w3.org\/2000\/svg\" width=\"12\" height=\"12\" fill=\"none\" viewBox=\"0 0 12 12\">\n\t\t\t\t<path fill=\"#fff\" d=\"M2 0a2 2 0 0 0-2 2v2h1.5V2a.5.5 0 0 1 .5-.5h2V0H2Zm2 10.5H2a.5.5 0 0 1-.5-.5V8H0v2a2 2 0 0 0 2 2h2v-1.5ZM8 12v-1.5h2a.5.5 0 0 0 .5-.5V8H12v2a2 2 0 0 1-2 2H8Zm2-12a2 2 0 0 1 2 2v2h-1.5V2a.5.5 0 0 0-.5-.5H8V0h2Z\" \/>\n\t\t\t<\/svg>\n\t\t<\/button><\/figure>\n\n\n\n<p class=\"wp-block-paragraph\">Hernajs se afl\u0103 pe strada Jungmannova, \u00een aceea\u0219i cl\u0103dire cu cafeneaua A\u017e na p\u016fdu. <strong>Spa\u021biul de joac\u0103 nu \u021bine \u00eens\u0103 de cafenea<\/strong>, este o afacere separat\u0103 \u2014 au doar o intrare comun\u0103, iar cafeaua de la cafenea o po\u021bi lua cu tine sus, la copii.<\/p>\n\n\n\n<p class=\"wp-block-paragraph\">Este <strong>un mic spa\u021biu de joac\u0103 la etaj<\/strong>, cu juc\u0103rii din lemn \u2014 buc\u0103t\u0103rie, c\u0103su\u021b\u0103 de p\u0103pu\u0219i, instrumente muzicale pentru cei mici. Eu \u0219i Jon\u00e1\u0161ek veneam aici mai ales \u00eentre primul \u0219i al doilea an de via\u021b\u0103. De c\u00e2nd a \u00eenceput s\u0103 fie mai activ, venim mai rar, pentru c\u0103 pur \u0219i simplu nu e loc de alergat.<\/p>\n\n\n\n<p class=\"wp-block-paragraph\">Pe <a href=\"https:\/\/www.instagram.com\/her.najs\/\" target=\"_blank\" rel=\"nofollow noopener\">Instagram @her.najs<\/a> g\u0103se\u0219ti informa\u021bii \u0219i despre cercuri, ateliere \u0219i jocuri senzoriale. Programul se schimb\u0103 \u00eens\u0103 teribil de des \u0219i adesea nu au loc, a\u0219a c\u0103 mai bine verific\u0103 \u00eentotdeauna data \u00een avans. Pre\u021b public nu au afi\u0219at.<\/p>\n\n\n\n<h3 class=\"wp-block-heading\"><span class=\"ez-toc-section\" id=\"6_Mini_Academy_Pisek\"><\/span>6. Mini Academy P\u00edsek<span class=\"ez-toc-section-end\"><\/span><\/h3>\n\n\n\n<p class=\"wp-block-paragraph\">Un alt loc interesant pentru familii este Mini Academy de pe strada Pra\u017esk\u00e1, care se <strong>axeaz\u0103 \u00een principal pe cercuri pentru copii<\/strong> \u0219i activit\u0103\u021bi organizate. Ofer\u0103 chiar multe (un rezumat complet al cercurilor din P\u00edsek \u00een func\u021bie de v\u00e2rst\u0103 are <a href=\"https:\/\/pisek.info\/deti\/krouzky\" target=\"_blank\" rel=\"noopener\">pisek.info<\/a>), de la \u00eendr\u0103gitele Mimihr\u00e1tky pentru copii p\u00e2n\u0103 la doi ani, la jocurile senzoriale, p\u00e2n\u0103 la cercuri moderne precum Hobby Horse sau gimnastic\u0103.<\/p>\n\n\n\n<p class=\"wp-block-paragraph\">Este vorba \u00een principal despre cercuri regulate, nu despre un spa\u021biu de joac\u0103 liber, a\u0219a c\u0103 verific\u0103 datele \u0219i pre\u021burile concrete direct la ei, prin telefon sau pe site \u2014 \u0219i, apropo, po\u021bi \u00eenchiria spa\u021biile \u0219i pentru o petrecere aniversar\u0103.<\/p>\n\n\n\n<p class=\"wp-block-paragraph\">\ud83d\udca1 <strong>Sfat:<\/strong> Taberele de zi din vacan\u021b\u0103 le organizeaz\u0103 Laser Ar\u00e9na (vezi ideea urm\u0103toare), iar la Mini Academy \u00eentreab\u0103 de oferta actual\u0103.<\/p>\n\n\n\n<h3 class=\"wp-block-heading\"><span class=\"ez-toc-section\" id=\"7_Laser_Arena_Pisek_Game_Cafe_Bar\"><\/span>7. Laser Ar\u00e9na P\u00edsek &amp; Game Caf\u00e9 Bar<span class=\"ez-toc-section-end\"><\/span><\/h3>\n\n\n\n<figure data-wp-context=\"{&quot;imageId&quot;:&quot;6a9556fde4ade&quot;}\" data-wp-interactive=\"core\/image\" data-wp-key=\"6a9556fde4ade\" class=\"wp-block-image size-full wp-lightbox-container\"><img decoding=\"async\" width=\"2000\" height=\"1333\" data-wp-class--hide=\"state.isContentHidden\" data-wp-class--show=\"state.isContentVisible\" data-wp-init=\"callbacks.setButtonStyles\" data-wp-on--click=\"actions.showLightbox\" data-wp-on--load=\"callbacks.setButtonStyles\" data-wp-on--pointerdown=\"actions.preloadImage\" data-wp-on--pointerenter=\"actions.preloadImageWithDelay\" data-wp-on--pointerleave=\"actions.cancelPreload\" data-wp-on-window--resize=\"callbacks.setButtonStyles\" src=\"https:\/\/loudavymkrokem.cz\/wp-content\/uploads\/2026\/08\/laser-arena-pisek.jpg\" alt=\"Laser game \u00een Laser Ar\u00e9na P\u00edsek\" class=\"wp-image-399679\" title=\"\" srcset=\"https:\/\/loudavymkrokem.cz\/wp-content\/uploads\/2026\/08\/laser-arena-pisek.jpg 2000w, https:\/\/loudavymkrokem.cz\/wp-content\/uploads\/2026\/08\/laser-arena-pisek-300x200.jpg 300w, https:\/\/loudavymkrokem.cz\/wp-content\/uploads\/2026\/08\/laser-arena-pisek-700x467.jpg 700w, https:\/\/loudavymkrokem.cz\/wp-content\/uploads\/2026\/08\/laser-arena-pisek-768x512.jpg 768w, https:\/\/loudavymkrokem.cz\/wp-content\/uploads\/2026\/08\/laser-arena-pisek-1536x1024.jpg 1536w, https:\/\/loudavymkrokem.cz\/wp-content\/uploads\/2026\/08\/laser-arena-pisek-696x464.jpg 696w, https:\/\/loudavymkrokem.cz\/wp-content\/uploads\/2026\/08\/laser-arena-pisek-1392x928.jpg 1392w, https:\/\/loudavymkrokem.cz\/wp-content\/uploads\/2026\/08\/laser-arena-pisek-1920x1280.jpg 1920w\" sizes=\"(max-width: 2000px) 100vw, 2000px\" \/><button\n\t\t\tclass=\"lightbox-trigger\"\n\t\t\ttype=\"button\"\n\t\t\taria-haspopup=\"dialog\"\n\t\t\tdata-wp-bind--aria-label=\"state.thisImage.triggerButtonAriaLabel\"\n\t\t\tdata-wp-init=\"callbacks.initTriggerButton\"\n\t\t\tdata-wp-on--click=\"actions.showLightbox\"\n\t\t\tdata-wp-style--right=\"state.thisImage.buttonRight\"\n\t\t\tdata-wp-style--top=\"state.thisImage.buttonTop\"\n\t\t>\n\t\t\t<svg xmlns=\"http:\/\/www.w3.org\/2000\/svg\" width=\"12\" height=\"12\" fill=\"none\" viewBox=\"0 0 12 12\">\n\t\t\t\t<path fill=\"#fff\" d=\"M2 0a2 2 0 0 0-2 2v2h1.5V2a.5.5 0 0 1 .5-.5h2V0H2Zm2 10.5H2a.5.5 0 0 1-.5-.5V8H0v2a2 2 0 0 0 2 2h2v-1.5ZM8 12v-1.5h2a.5.5 0 0 0 .5-.5V8H12v2a2 2 0 0 1-2 2H8Zm2-12a2 2 0 0 1 2 2v2h-1.5V2a.5.5 0 0 0-.5-.5H8V0h2Z\" \/>\n\t\t\t<\/svg>\n\t\t<\/button><\/figure>\n\n\n\n<p class=\"wp-block-paragraph\">Dac\u0103 ai \u00een familie \u0219i copii mai mari sau adolescen\u021bi, du-i neap\u0103rat la magazinul Luna din Pia\u021ba Mare, unde, la etajul al treilea, se ascunde o <strong>Laser Ar\u00e9na pe cinste<\/strong>. Pentru copiii mici, de la aproximativ \u0219ase ani, regula este c\u0103 poate juca oricine reu\u0219e\u0219te s\u0103 poarte vesta luminoas\u0103 de joc.<\/p>\n\n\n\n<p class=\"wp-block-paragraph\">\u00cen timp ce copiii mai mari alearg\u0103 \u00een arena \u00eentunecat\u0103, tu te po\u021bi a\u0219eza \u00een al\u0103turatul Game Caf\u00e9 Bar, care, \u00een plus, <strong>s-a g\u00e2ndit \u0219i la bebelu\u0219i \u0219i l-au dotat cu un col\u021b pentru copii<\/strong>, cu mas\u0103 de \u00eenf\u0103\u0219at. Pe l\u00e2ng\u0103 laser game, g\u0103se\u0219ti aici \u0219i biliard, fotbal de mas\u0103, un simulator de curse sau ochelari pentru realitate virtual\u0103.<\/p>\n\n\n\n<p class=\"wp-block-paragraph\">Pre\u021bul de baz\u0103 <strong>pentru o partid\u0103 de laser game este de circa 24 de lei (110 K\u010d)<\/strong>, dar \u00een weekend \u0219i \u00een vacan\u021be este de obicei plin, a\u0219a c\u0103 \u00ee\u021bi recomand s\u0103 faci o rezervare din timp. De regul\u0103 au deschis de vineri p\u00e2n\u0103 duminic\u0103, iar \u00een zilele lucr\u0103toare depinde de programare.<\/p>\n\n\n\n<h3 class=\"wp-block-heading\"><span class=\"ez-toc-section\" id=\"8_LezeTop_%E2%80%93_Centrul_de_catarare_Pisek\"><\/span>8. LezeTop \u2013 Centrul de c\u0103\u021b\u0103rare P\u00edsek<span class=\"ez-toc-section-end\"><\/span><\/h3>\n\n\n\n<figure data-wp-context=\"{&quot;imageId&quot;:&quot;6a9556fde4edf&quot;}\" data-wp-interactive=\"core\/image\" data-wp-key=\"6a9556fde4edf\" class=\"wp-block-image size-full wp-lightbox-container\"><img decoding=\"async\" width=\"1280\" height=\"721\" data-wp-class--hide=\"state.isContentHidden\" data-wp-class--show=\"state.isContentVisible\" data-wp-init=\"callbacks.setButtonStyles\" data-wp-on--click=\"actions.showLightbox\" data-wp-on--load=\"callbacks.setButtonStyles\" data-wp-on--pointerdown=\"actions.preloadImage\" data-wp-on--pointerenter=\"actions.preloadImageWithDelay\" data-wp-on--pointerleave=\"actions.cancelPreload\" data-wp-on-window--resize=\"callbacks.setButtonStyles\" src=\"https:\/\/loudavymkrokem.cz\/wp-content\/uploads\/2026\/08\/lezetop-lezecke-centrum-pisek.jpg\" alt=\"Perete de c\u0103\u021b\u0103rare \u00een centrul LezeTop P\u00edsek\" class=\"wp-image-399686\" title=\"\" srcset=\"https:\/\/loudavymkrokem.cz\/wp-content\/uploads\/2026\/08\/lezetop-lezecke-centrum-pisek.jpg 1280w, https:\/\/loudavymkrokem.cz\/wp-content\/uploads\/2026\/08\/lezetop-lezecke-centrum-pisek-300x169.jpg 300w, https:\/\/loudavymkrokem.cz\/wp-content\/uploads\/2026\/08\/lezetop-lezecke-centrum-pisek-700x394.jpg 700w, https:\/\/loudavymkrokem.cz\/wp-content\/uploads\/2026\/08\/lezetop-lezecke-centrum-pisek-768x433.jpg 768w, https:\/\/loudavymkrokem.cz\/wp-content\/uploads\/2026\/08\/lezetop-lezecke-centrum-pisek-696x392.jpg 696w\" sizes=\"(max-width: 1280px) 100vw, 1280px\" \/><button\n\t\t\tclass=\"lightbox-trigger\"\n\t\t\ttype=\"button\"\n\t\t\taria-haspopup=\"dialog\"\n\t\t\tdata-wp-bind--aria-label=\"state.thisImage.triggerButtonAriaLabel\"\n\t\t\tdata-wp-init=\"callbacks.initTriggerButton\"\n\t\t\tdata-wp-on--click=\"actions.showLightbox\"\n\t\t\tdata-wp-style--right=\"state.thisImage.buttonRight\"\n\t\t\tdata-wp-style--top=\"state.thisImage.buttonTop\"\n\t\t>\n\t\t\t<svg xmlns=\"http:\/\/www.w3.org\/2000\/svg\" width=\"12\" height=\"12\" fill=\"none\" viewBox=\"0 0 12 12\">\n\t\t\t\t<path fill=\"#fff\" d=\"M2 0a2 2 0 0 0-2 2v2h1.5V2a.5.5 0 0 1 .5-.5h2V0H2Zm2 10.5H2a.5.5 0 0 1-.5-.5V8H0v2a2 2 0 0 0 2 2h2v-1.5ZM8 12v-1.5h2a.5.5 0 0 0 .5-.5V8H12v2a2 2 0 0 1-2 2H8Zm2-12a2 2 0 0 1 2 2v2h-1.5V2a.5.5 0 0 0-.5-.5H8V0h2Z\" \/>\n\t\t\t<\/svg>\n\t\t<\/button><\/figure>\n\n\n\n<p class=\"wp-block-paragraph\">Pentru toate maimu\u021bicile mici care acas\u0103 se ca\u021b\u0103r\u0103 pe mobil\u0103, este absolut <strong>ideal\u0103 o vizit\u0103 la <a href=\"https:\/\/lezetop.cz\" target=\"_blank\" rel=\"nofollow noopener\">centrul de c\u0103\u021b\u0103rare LezeTop<\/a><\/strong> de pe strada U Vod\u00e1rny. Au aici o suprafa\u021b\u0103 uria\u0219\u0103, de peste 1500 de metri p\u0103tra\u021bi, \u0219i peste 150 de trasee de c\u0103\u021b\u0103rare de diferite dificult\u0103\u021bi.<\/p>\n\n\n\n<p class=\"wp-block-paragraph\">Nu-\u021bi fie team\u0103 s\u0103 vii nici cu \u00eencep\u0103tori absolu\u021bi, pentru c\u0103 <strong>au un perete special pentru copii \u0219i un boulder<\/strong>, unde c\u0103\u021b\u0103ratul \u00eel \u00eencearc\u0103 \u00een siguran\u021b\u0103 \u0219i cei mai mici, f\u0103r\u0103 s\u0103 fie nevoie de asigurare complicat\u0103. Tot echipamentul, inclusiv escarpini mici, \u021bi-l \u00eemprumut\u0103 cu pl\u0103cere direct la recep\u021bie.<\/p>\n\n\n\n<p class=\"wp-block-paragraph\">\u00centregul spa\u021biu este complet f\u0103r\u0103 bariere, a\u0219a c\u0103 ajungi aici \u0219i cu c\u0103ruciorul, iar c\u00e2nd vei fi stors de puteri de la c\u0103\u021b\u0103rat, te a\u0219ezi la barul lor, unde nu lipse\u0219te nici un mic col\u021b pentru copii. Au deschis \u00een fiecare zi, de la zece diminea\u021ba p\u00e2n\u0103 seara.<\/p>\n\n\n\n<h3 class=\"wp-block-heading\"><span class=\"ez-toc-section\" id=\"9_Stadionul_de_inot\"><\/span>9. Stadionul de \u00eenot<span class=\"ez-toc-section-end\"><\/span><\/h3>\n\n\n\n<p class=\"wp-block-paragraph\">C\u00e2nd afar\u0103 e umed \u0219i rece, te salveaz\u0103 cu siguran\u021b\u0103 stadionul de \u00eenot din P\u00edsek, de pe strada Ostrovn\u00ed, unde <strong>familiile locale merg la sc\u0103ldat \u00een weekend<\/strong>. Pentru copii e preg\u0103tit un bazin cu dimensiuni de nou\u0103 pe \u0219ase metri, cu o ad\u00e2ncime maxim\u0103 de nou\u0103zeci de centimetri, a\u0219a c\u0103 ajung u\u0219or la fund.<\/p>\n\n\n\n<p class=\"wp-block-paragraph\">\u00cen timp ce copiii se b\u0103l\u0103cesc \u00een ap\u0103 cald\u0103, <strong>adul\u021bii se pot perinda prin camerele cu aburi<\/strong>, care sunt disponibile chiar l\u00e2ng\u0103 bazin. \u00cen lunile de var\u0103 se poate ie\u0219i, \u00een plus, pe terasa exterioar\u0103, ca s\u0103 prinzi pu\u021bin bronz pe \u0219ezlonguri.<\/p>\n\n\n\n<p class=\"wp-block-paragraph\">Pre\u021burile la intrare se schimb\u0103 des, iar <strong>pe site au afi\u0219at o list\u0103 mai veche, din 2022<\/strong>, conform c\u0103reia adul\u021bii pl\u0103tesc circa 22 de lei (100 K\u010d), iar copiii sub 140 de centimetri, circa 13 lei (60 K\u010d) pentru dou\u0103 ore \u2014 a\u0219a c\u0103 mai bine ia \u00een calcul c\u0103 la cas\u0103 sumele pot fi ceva mai mari. Este deschis \u00een fiecare zi, dar \u00een weekend abia dup\u0103-amiaza.<\/p>\n\n\n\n<h3 class=\"wp-block-heading\"><span class=\"ez-toc-section\" id=\"10_Centrul_de_ingrijire_a_mamei_si_copilului\"><\/span>10. Centrul de \u00eengrijire a mamei \u0219i copilului<span class=\"ez-toc-section-end\"><\/span><\/h3>\n\n\n\n<p class=\"wp-block-paragraph\">Dac\u0103 ai un bebelu\u0219 foarte mic \u0219i vrei s\u0103 v\u0103 bucura\u021bi de ap\u0103 \u00eentr-un cadru mai intim, arunc\u0103 o privire la oferta Centrului de \u00eengrijire a mamei \u0219i copilului de pe strada Erbenova. Au aici <strong>un bazin special \u00eenc\u0103lzit pentru copii<\/strong>, \u00een care se desf\u0103\u0219oar\u0103 cursuri de \u00eenot pentru sugari \u0219i copila\u0219i p\u00e2n\u0103 la v\u00e2rsta de \u0219ase ani.<\/p>\n\n\n\n<p class=\"wp-block-paragraph\">Pe l\u00e2ng\u0103 bazin, \u00een centru func\u021bioneaz\u0103 \u0219i <strong>un col\u021b pl\u0103cut pentru copii<\/strong>, unde cei mici se pot juca dup\u0103 \u00eenot \u0219i se pot aclimatiza \u00eenainte de a ie\u0219i afar\u0103. Centrul se concentreaz\u0103 \u00een principal pe cursuri regulate \u0219i fizioterapie, a\u0219a c\u0103 intr\u0103rile individuale trebuie consultate \u00eentotdeauna telefonic.<\/p>\n\n\n\n<p class=\"wp-block-paragraph\">Programul este <strong>de luni p\u00e2n\u0103 vineri<\/strong> (L\u2013J 8\u201318, V 8\u201316), dar pentru informa\u021bii exacte despre capacit\u0103\u021bile libere \u0219i pre\u021burile actuale \u00ee\u021bi recomand s\u0103 suni, pentru c\u0103 aceste informa\u021bii lipsesc, din p\u0103cate, de pe site.<\/p>\n\n\n\n<h3 class=\"wp-block-heading\"><span class=\"ez-toc-section\" id=\"11_Biblioteca_oraseneasca_si_cafeneaua_Upekla\"><\/span>11. Biblioteca or\u0103\u0219eneasc\u0103 \u0219i cafeneaua Upekla<span class=\"ez-toc-section-end\"><\/span><\/h3>\n\n\n\n<figure data-wp-context=\"{&quot;imageId&quot;:&quot;6a9556fde54b2&quot;}\" data-wp-interactive=\"core\/image\" data-wp-key=\"6a9556fde54b2\" class=\"wp-block-image size-full wp-lightbox-container\"><img decoding=\"async\" width=\"2200\" height=\"1650\" data-wp-class--hide=\"state.isContentHidden\" data-wp-class--show=\"state.isContentVisible\" data-wp-init=\"callbacks.setButtonStyles\" data-wp-on--click=\"actions.showLightbox\" data-wp-on--load=\"callbacks.setButtonStyles\" data-wp-on--pointerdown=\"actions.preloadImage\" data-wp-on--pointerenter=\"actions.preloadImageWithDelay\" data-wp-on--pointerleave=\"actions.cancelPreload\" data-wp-on-window--resize=\"callbacks.setButtonStyles\" src=\"https:\/\/loudavymkrokem.cz\/wp-content\/uploads\/2026\/08\/pisek-knihovna-vnitroblok-piskoviste-upekla.jpg\" alt=\"Curtea interioar\u0103 a Bibliotecii or\u0103\u0219ene\u0219ti P\u00edsek, cu groap\u0103 de nisip l\u00e2ng\u0103 cafeneaua Upekla\" class=\"wp-image-399544\" title=\"\" srcset=\"https:\/\/loudavymkrokem.cz\/wp-content\/uploads\/2026\/08\/pisek-knihovna-vnitroblok-piskoviste-upekla.jpg 2200w, https:\/\/loudavymkrokem.cz\/wp-content\/uploads\/2026\/08\/pisek-knihovna-vnitroblok-piskoviste-upekla-300x225.jpg 300w, https:\/\/loudavymkrokem.cz\/wp-content\/uploads\/2026\/08\/pisek-knihovna-vnitroblok-piskoviste-upekla-700x525.jpg 700w, https:\/\/loudavymkrokem.cz\/wp-content\/uploads\/2026\/08\/pisek-knihovna-vnitroblok-piskoviste-upekla-768x576.jpg 768w, https:\/\/loudavymkrokem.cz\/wp-content\/uploads\/2026\/08\/pisek-knihovna-vnitroblok-piskoviste-upekla-1536x1152.jpg 1536w, https:\/\/loudavymkrokem.cz\/wp-content\/uploads\/2026\/08\/pisek-knihovna-vnitroblok-piskoviste-upekla-2048x1536.jpg 2048w, https:\/\/loudavymkrokem.cz\/wp-content\/uploads\/2026\/08\/pisek-knihovna-vnitroblok-piskoviste-upekla-80x60.jpg 80w, https:\/\/loudavymkrokem.cz\/wp-content\/uploads\/2026\/08\/pisek-knihovna-vnitroblok-piskoviste-upekla-160x120.jpg 160w, https:\/\/loudavymkrokem.cz\/wp-content\/uploads\/2026\/08\/pisek-knihovna-vnitroblok-piskoviste-upekla-696x522.jpg 696w, https:\/\/loudavymkrokem.cz\/wp-content\/uploads\/2026\/08\/pisek-knihovna-vnitroblok-piskoviste-upekla-1392x1044.jpg 1392w, https:\/\/loudavymkrokem.cz\/wp-content\/uploads\/2026\/08\/pisek-knihovna-vnitroblok-piskoviste-upekla-1920x1440.jpg 1920w\" sizes=\"(max-width: 2200px) 100vw, 2200px\" \/><button\n\t\t\tclass=\"lightbox-trigger\"\n\t\t\ttype=\"button\"\n\t\t\taria-haspopup=\"dialog\"\n\t\t\tdata-wp-bind--aria-label=\"state.thisImage.triggerButtonAriaLabel\"\n\t\t\tdata-wp-init=\"callbacks.initTriggerButton\"\n\t\t\tdata-wp-on--click=\"actions.showLightbox\"\n\t\t\tdata-wp-style--right=\"state.thisImage.buttonRight\"\n\t\t\tdata-wp-style--top=\"state.thisImage.buttonTop\"\n\t\t>\n\t\t\t<svg xmlns=\"http:\/\/www.w3.org\/2000\/svg\" width=\"12\" height=\"12\" fill=\"none\" viewBox=\"0 0 12 12\">\n\t\t\t\t<path fill=\"#fff\" d=\"M2 0a2 2 0 0 0-2 2v2h1.5V2a.5.5 0 0 1 .5-.5h2V0H2Zm2 10.5H2a.5.5 0 0 1-.5-.5V8H0v2a2 2 0 0 0 2 2h2v-1.5ZM8 12v-1.5h2a.5.5 0 0 0 .5-.5V8H12v2a2 2 0 0 1-2 2H8Zm2-12a2 2 0 0 1 2 2v2h-1.5V2a.5.5 0 0 0-.5-.5H8V0h2Z\" \/>\n\t\t\t<\/svg>\n\t\t<\/button><\/figure>\n\n\n\n<figure data-wp-context=\"{&quot;imageId&quot;:&quot;6a9556fde590a&quot;}\" data-wp-interactive=\"core\/image\" data-wp-key=\"6a9556fde590a\" class=\"wp-block-image size-full wp-lightbox-container\"><img decoding=\"async\" width=\"2200\" height=\"1467\" data-wp-class--hide=\"state.isContentHidden\" data-wp-class--show=\"state.isContentVisible\" data-wp-init=\"callbacks.setButtonStyles\" data-wp-on--click=\"actions.showLightbox\" data-wp-on--load=\"callbacks.setButtonStyles\" data-wp-on--pointerdown=\"actions.preloadImage\" data-wp-on--pointerenter=\"actions.preloadImageWithDelay\" data-wp-on--pointerleave=\"actions.cancelPreload\" data-wp-on-window--resize=\"callbacks.setButtonStyles\" src=\"https:\/\/loudavymkrokem.cz\/wp-content\/uploads\/2026\/08\/pisek-mestska-knihovna.jpg\" alt=\"Cl\u0103direa Bibliotecii or\u0103\u0219ene\u0219ti P\u00edsek din Pia\u021ba Ale\u0161\" class=\"wp-image-399360\" title=\"\" srcset=\"https:\/\/loudavymkrokem.cz\/wp-content\/uploads\/2026\/08\/pisek-mestska-knihovna.jpg 2200w, https:\/\/loudavymkrokem.cz\/wp-content\/uploads\/2026\/08\/pisek-mestska-knihovna-300x200.jpg 300w, https:\/\/loudavymkrokem.cz\/wp-content\/uploads\/2026\/08\/pisek-mestska-knihovna-700x467.jpg 700w, https:\/\/loudavymkrokem.cz\/wp-content\/uploads\/2026\/08\/pisek-mestska-knihovna-768x512.jpg 768w, https:\/\/loudavymkrokem.cz\/wp-content\/uploads\/2026\/08\/pisek-mestska-knihovna-1536x1024.jpg 1536w, https:\/\/loudavymkrokem.cz\/wp-content\/uploads\/2026\/08\/pisek-mestska-knihovna-2048x1366.jpg 2048w, https:\/\/loudavymkrokem.cz\/wp-content\/uploads\/2026\/08\/pisek-mestska-knihovna-696x464.jpg 696w, https:\/\/loudavymkrokem.cz\/wp-content\/uploads\/2026\/08\/pisek-mestska-knihovna-1392x928.jpg 1392w, https:\/\/loudavymkrokem.cz\/wp-content\/uploads\/2026\/08\/pisek-mestska-knihovna-1920x1280.jpg 1920w\" sizes=\"(max-width: 2200px) 100vw, 2200px\" \/><button\n\t\t\tclass=\"lightbox-trigger\"\n\t\t\ttype=\"button\"\n\t\t\taria-haspopup=\"dialog\"\n\t\t\tdata-wp-bind--aria-label=\"state.thisImage.triggerButtonAriaLabel\"\n\t\t\tdata-wp-init=\"callbacks.initTriggerButton\"\n\t\t\tdata-wp-on--click=\"actions.showLightbox\"\n\t\t\tdata-wp-style--right=\"state.thisImage.buttonRight\"\n\t\t\tdata-wp-style--top=\"state.thisImage.buttonTop\"\n\t\t>\n\t\t\t<svg xmlns=\"http:\/\/www.w3.org\/2000\/svg\" width=\"12\" height=\"12\" fill=\"none\" viewBox=\"0 0 12 12\">\n\t\t\t\t<path fill=\"#fff\" d=\"M2 0a2 2 0 0 0-2 2v2h1.5V2a.5.5 0 0 1 .5-.5h2V0H2Zm2 10.5H2a.5.5 0 0 1-.5-.5V8H0v2a2 2 0 0 0 2 2h2v-1.5ZM8 12v-1.5h2a.5.5 0 0 0 .5-.5V8H12v2a2 2 0 0 1-2 2H8Zm2-12a2 2 0 0 1 2 2v2h-1.5V2a.5.5 0 0 0-.5-.5H8V0h2Z\" \/>\n\t\t\t<\/svg>\n\t\t<\/button><\/figure>\n\n\n\n<p class=\"wp-block-paragraph\">Biblioteca or\u0103\u0219eneasc\u0103 din Pia\u021ba Ale\u0161 nu este doar un plictisitor loc de \u00eemprumutat c\u0103r\u021bi, ci <strong>sec\u021bia pentru copii din P\u00edsek este pur \u0219i simplu o \u00eenc\u00e2ntare pentru ochi<\/strong>. Spa\u021biul este superb zugr\u0103vit \u00een stil submarin, \u00een pere\u021bi sunt \u00eencastrate dou\u0103 acvarii mari, cu pe\u0219ti\u0219ori vii, \u0219i nu lipse\u0219te nici un tobogan adev\u0103rat pentru copii.<\/p>\n\n\n\n<p class=\"wp-block-paragraph\">\u00cen aceea\u0219i cl\u0103dire se afl\u0103 cofet\u0103ria \u0219i cafeneaua <strong>Upekla<\/strong>, de care \u021bine \u0219i curtea din interior. \u0218i exact acolo este ascuns\u0103 <strong>o groap\u0103 de nisip \u0219i un spa\u021biu destul de mare<\/strong>, unde copiii se dezl\u0103n\u021buie lini\u0219ti\u021bi \u00een timp ce tu \u00ee\u021bi termini cafeaua. De la sec\u021bia pentru copii ajungi peste curte, a\u0219a c\u0103 cititul \u0219i joaca pot fi combinate \u00eentr-o singur\u0103 diminea\u021b\u0103.<\/p>\n\n\n\n<p class=\"wp-block-paragraph\">\ud83d\udca1 <strong>Sfat:<\/strong> La Upekla se g\u00e2ndesc \u0219i la dieta f\u0103r\u0103 gluten, a\u0219a c\u0103 \u00ee\u0219i poate lua o pr\u0103jitur\u0103 \u0219i un copil cu boal\u0103 celiac\u0103.<\/p>\n\n\n\n<h2 class=\"wp-block-heading\"><span class=\"ez-toc-section\" id=\"Terenuri_de_joaca_parc_si_rau_Pisek_cu_copiii_in_aer_liber\"><\/span>Terenuri de joac\u0103, parc \u0219i r\u00e2u: P\u00edsek cu copiii \u00een aer liber<span class=\"ez-toc-section-end\"><\/span><\/h2>\n\n\n\n<p class=\"wp-block-paragraph\">De \u00eendat\u0103 ce iese soarele, P\u00edsek prinde via\u021b\u0103 \u0219i toate familiile se mut\u0103 spre r\u00e2u \u0219i \u00een parcuri. Iat\u0103 un rezumat al locurilor unde copiii se distreaz\u0103 garantat \u00een aer curat.<\/p>\n\n\n\n<h3 class=\"wp-block-heading\"><span class=\"ez-toc-section\" id=\"12_Sculpturi_din_nisip_pe_chei\"><\/span>12. Sculpturi din nisip pe chei<span class=\"ez-toc-section-end\"><\/span><\/h3>\n\n\n\n<figure data-wp-context=\"{&quot;imageId&quot;:&quot;6a9556fde61b1&quot;}\" data-wp-interactive=\"core\/image\" data-wp-key=\"6a9556fde61b1\" class=\"wp-block-image size-full wp-lightbox-container\"><img decoding=\"async\" width=\"2000\" height=\"1333\" data-wp-class--hide=\"state.isContentHidden\" data-wp-class--show=\"state.isContentVisible\" data-wp-init=\"callbacks.setButtonStyles\" data-wp-on--click=\"actions.showLightbox\" data-wp-on--load=\"callbacks.setButtonStyles\" data-wp-on--pointerdown=\"actions.preloadImage\" data-wp-on--pointerenter=\"actions.preloadImageWithDelay\" data-wp-on--pointerleave=\"actions.cancelPreload\" data-wp-on-window--resize=\"callbacks.setButtonStyles\" src=\"https:\/\/loudavymkrokem.cz\/wp-content\/uploads\/2026\/08\/sochy-z-pisku-naplavka-kamenny-most.jpg\" alt=\"Sculpturi din nisip pe cheiul Otavei, l\u00e2ng\u0103 Podul de Piatr\u0103 din P\u00edsek\" class=\"wp-image-399607\" title=\"\" srcset=\"https:\/\/loudavymkrokem.cz\/wp-content\/uploads\/2026\/08\/sochy-z-pisku-naplavka-kamenny-most.jpg 2000w, https:\/\/loudavymkrokem.cz\/wp-content\/uploads\/2026\/08\/sochy-z-pisku-naplavka-kamenny-most-300x200.jpg 300w, https:\/\/loudavymkrokem.cz\/wp-content\/uploads\/2026\/08\/sochy-z-pisku-naplavka-kamenny-most-700x467.jpg 700w, https:\/\/loudavymkrokem.cz\/wp-content\/uploads\/2026\/08\/sochy-z-pisku-naplavka-kamenny-most-768x512.jpg 768w, https:\/\/loudavymkrokem.cz\/wp-content\/uploads\/2026\/08\/sochy-z-pisku-naplavka-kamenny-most-1536x1024.jpg 1536w, https:\/\/loudavymkrokem.cz\/wp-content\/uploads\/2026\/08\/sochy-z-pisku-naplavka-kamenny-most-696x464.jpg 696w, https:\/\/loudavymkrokem.cz\/wp-content\/uploads\/2026\/08\/sochy-z-pisku-naplavka-kamenny-most-1392x928.jpg 1392w, https:\/\/loudavymkrokem.cz\/wp-content\/uploads\/2026\/08\/sochy-z-pisku-naplavka-kamenny-most-1920x1280.jpg 1920w\" sizes=\"(max-width: 2000px) 100vw, 2000px\" \/><button\n\t\t\tclass=\"lightbox-trigger\"\n\t\t\ttype=\"button\"\n\t\t\taria-haspopup=\"dialog\"\n\t\t\tdata-wp-bind--aria-label=\"state.thisImage.triggerButtonAriaLabel\"\n\t\t\tdata-wp-init=\"callbacks.initTriggerButton\"\n\t\t\tdata-wp-on--click=\"actions.showLightbox\"\n\t\t\tdata-wp-style--right=\"state.thisImage.buttonRight\"\n\t\t\tdata-wp-style--top=\"state.thisImage.buttonTop\"\n\t\t>\n\t\t\t<svg xmlns=\"http:\/\/www.w3.org\/2000\/svg\" width=\"12\" height=\"12\" fill=\"none\" viewBox=\"0 0 12 12\">\n\t\t\t\t<path fill=\"#fff\" d=\"M2 0a2 2 0 0 0-2 2v2h1.5V2a.5.5 0 0 1 .5-.5h2V0H2Zm2 10.5H2a.5.5 0 0 1-.5-.5V8H0v2a2 2 0 0 0 2 2h2v-1.5ZM8 12v-1.5h2a.5.5 0 0 0 .5-.5V8H12v2a2 2 0 0 1-2 2H8Zm2-12a2 2 0 0 1 2 2v2h-1.5V2a.5.5 0 0 0-.5-.5H8V0h2Z\" \/>\n\t\t\t<\/svg>\n\t\t<\/button><\/figure>\n\n\n\n<figure data-wp-context=\"{&quot;imageId&quot;:&quot;6a9556fde66e9&quot;}\" data-wp-interactive=\"core\/image\" data-wp-key=\"6a9556fde66e9\" class=\"wp-block-image size-full wp-lightbox-container\"><img decoding=\"async\" width=\"2200\" height=\"1467\" data-wp-class--hide=\"state.isContentHidden\" data-wp-class--show=\"state.isContentVisible\" data-wp-init=\"callbacks.setButtonStyles\" data-wp-on--click=\"actions.showLightbox\" data-wp-on--load=\"callbacks.setButtonStyles\" data-wp-on--pointerdown=\"actions.preloadImage\" data-wp-on--pointerenter=\"actions.preloadImageWithDelay\" data-wp-on--pointerleave=\"actions.cancelPreload\" data-wp-on-window--resize=\"callbacks.setButtonStyles\" src=\"https:\/\/loudavymkrokem.cz\/wp-content\/uploads\/2026\/08\/pisek-otava-naplavka-most.jpg\" alt=\"Cheiul Otavei l\u00e2ng\u0103 Podul de Piatr\u0103 din P\u00edsek\" class=\"wp-image-399329\" title=\"\" srcset=\"https:\/\/loudavymkrokem.cz\/wp-content\/uploads\/2026\/08\/pisek-otava-naplavka-most.jpg 2200w, https:\/\/loudavymkrokem.cz\/wp-content\/uploads\/2026\/08\/pisek-otava-naplavka-most-300x200.jpg 300w, https:\/\/loudavymkrokem.cz\/wp-content\/uploads\/2026\/08\/pisek-otava-naplavka-most-700x467.jpg 700w, https:\/\/loudavymkrokem.cz\/wp-content\/uploads\/2026\/08\/pisek-otava-naplavka-most-768x512.jpg 768w, https:\/\/loudavymkrokem.cz\/wp-content\/uploads\/2026\/08\/pisek-otava-naplavka-most-1536x1024.jpg 1536w, https:\/\/loudavymkrokem.cz\/wp-content\/uploads\/2026\/08\/pisek-otava-naplavka-most-2048x1366.jpg 2048w, https:\/\/loudavymkrokem.cz\/wp-content\/uploads\/2026\/08\/pisek-otava-naplavka-most-696x464.jpg 696w, https:\/\/loudavymkrokem.cz\/wp-content\/uploads\/2026\/08\/pisek-otava-naplavka-most-1392x928.jpg 1392w, https:\/\/loudavymkrokem.cz\/wp-content\/uploads\/2026\/08\/pisek-otava-naplavka-most-1920x1280.jpg 1920w\" sizes=\"(max-width: 2200px) 100vw, 2200px\" \/><button\n\t\t\tclass=\"lightbox-trigger\"\n\t\t\ttype=\"button\"\n\t\t\taria-haspopup=\"dialog\"\n\t\t\tdata-wp-bind--aria-label=\"state.thisImage.triggerButtonAriaLabel\"\n\t\t\tdata-wp-init=\"callbacks.initTriggerButton\"\n\t\t\tdata-wp-on--click=\"actions.showLightbox\"\n\t\t\tdata-wp-style--right=\"state.thisImage.buttonRight\"\n\t\t\tdata-wp-style--top=\"state.thisImage.buttonTop\"\n\t\t>\n\t\t\t<svg xmlns=\"http:\/\/www.w3.org\/2000\/svg\" width=\"12\" height=\"12\" fill=\"none\" viewBox=\"0 0 12 12\">\n\t\t\t\t<path fill=\"#fff\" d=\"M2 0a2 2 0 0 0-2 2v2h1.5V2a.5.5 0 0 1 .5-.5h2V0H2Zm2 10.5H2a.5.5 0 0 1-.5-.5V8H0v2a2 2 0 0 0 2 2h2v-1.5ZM8 12v-1.5h2a.5.5 0 0 0 .5-.5V8H12v2a2 2 0 0 1-2 2H8Zm2-12a2 2 0 0 1 2 2v2h-1.5V2a.5.5 0 0 0-.5-.5H8V0h2Z\" \/>\n\t\t\t<\/svg>\n\t\t<\/button><\/figure>\n\n\n\n<p class=\"wp-block-paragraph\">Acesta este <strong>un adev\u0103rat simbol al verii din P\u00edsek<\/strong>, care atrage vizitatori din toat\u0103 \u021bara. \u00cen fiecare an, de la sf\u00e2r\u0219itul lui mai, pe cheiul de l\u00e2ng\u0103 Podul de Piatr\u0103 \u00eencep s\u0103 r\u0103sar\u0103 sculpturi uria\u0219e din nisip, create de sculptori experimenta\u021bi, iar \u00een fiecare an au o tem\u0103 complet diferit\u0103.<\/p>\n\n\n\n<p class=\"wp-block-paragraph\">Acest eveniment se numea odinioar\u0103 Cip\u00edskovi\u0161t\u011b, ast\u0103zi \u00eel g\u0103se\u0219ti sub numele Sculpturi din nisip \u00een P\u00edsek, iar <strong>\u00eentreaga expozi\u021bie este accesibil\u0103 absolut gratuit<\/strong> toat\u0103 vara, p\u00e2n\u0103 c\u00e2nd sculpturile sunt distruse de ploile de toamn\u0103. Este preg\u0103tit mereu \u0219i un festival \u00eenso\u021bitor, P\u00edskovi\u0161t\u011b, cu program pentru familii.<\/p>\n\n\n\n<p class=\"wp-block-paragraph\">Pentru copila\u0219i este fascinant s\u0103 <strong>priveasc\u0103 acele castele uria\u0219e de nisip<\/strong>, iar \u00een plus po\u021bi face o plimbare de-a lungul r\u00e2ului \u0219i te po\u021bi opri la o \u00eenghe\u021bat\u0103 la Pomodoro, l\u00e2ng\u0103 biseric\u0103, sau la vreuna dintre cafenelele de l\u00e2ng\u0103 pod.<\/p>\n\n\n\n<h3 class=\"wp-block-heading\"><span class=\"ez-toc-section\" id=\"13_Podul_de_Piatra_si_cheiul\"><\/span>13. Podul de Piatr\u0103 \u0219i cheiul<span class=\"ez-toc-section-end\"><\/span><\/h3>\n\n\n\n<figure data-wp-context=\"{&quot;imageId&quot;:&quot;6a9556fde6e0f&quot;}\" data-wp-interactive=\"core\/image\" data-wp-key=\"6a9556fde6e0f\" class=\"wp-block-image size-full wp-lightbox-container\"><img decoding=\"async\" width=\"2200\" height=\"1467\" data-wp-class--hide=\"state.isContentHidden\" data-wp-class--show=\"state.isContentVisible\" data-wp-init=\"callbacks.setButtonStyles\" data-wp-on--click=\"actions.showLightbox\" data-wp-on--load=\"callbacks.setButtonStyles\" data-wp-on--pointerdown=\"actions.preloadImage\" data-wp-on--pointerenter=\"actions.preloadImageWithDelay\" data-wp-on--pointerleave=\"actions.cancelPreload\" data-wp-on-window--resize=\"callbacks.setButtonStyles\" src=\"https:\/\/loudavymkrokem.cz\/wp-content\/uploads\/2026\/08\/pisek-kamenny-most-sochy.jpg\" alt=\"Podul de Piatr\u0103 din P\u00edsek cu statui baroce de sfin\u021bi\" class=\"wp-image-399324\" title=\"\" srcset=\"https:\/\/loudavymkrokem.cz\/wp-content\/uploads\/2026\/08\/pisek-kamenny-most-sochy.jpg 2200w, https:\/\/loudavymkrokem.cz\/wp-content\/uploads\/2026\/08\/pisek-kamenny-most-sochy-300x200.jpg 300w, https:\/\/loudavymkrokem.cz\/wp-content\/uploads\/2026\/08\/pisek-kamenny-most-sochy-700x467.jpg 700w, https:\/\/loudavymkrokem.cz\/wp-content\/uploads\/2026\/08\/pisek-kamenny-most-sochy-768x512.jpg 768w, https:\/\/loudavymkrokem.cz\/wp-content\/uploads\/2026\/08\/pisek-kamenny-most-sochy-1536x1024.jpg 1536w, https:\/\/loudavymkrokem.cz\/wp-content\/uploads\/2026\/08\/pisek-kamenny-most-sochy-2048x1366.jpg 2048w, https:\/\/loudavymkrokem.cz\/wp-content\/uploads\/2026\/08\/pisek-kamenny-most-sochy-696x464.jpg 696w, https:\/\/loudavymkrokem.cz\/wp-content\/uploads\/2026\/08\/pisek-kamenny-most-sochy-1392x928.jpg 1392w, https:\/\/loudavymkrokem.cz\/wp-content\/uploads\/2026\/08\/pisek-kamenny-most-sochy-1920x1280.jpg 1920w\" sizes=\"(max-width: 2200px) 100vw, 2200px\" \/><button\n\t\t\tclass=\"lightbox-trigger\"\n\t\t\ttype=\"button\"\n\t\t\taria-haspopup=\"dialog\"\n\t\t\tdata-wp-bind--aria-label=\"state.thisImage.triggerButtonAriaLabel\"\n\t\t\tdata-wp-init=\"callbacks.initTriggerButton\"\n\t\t\tdata-wp-on--click=\"actions.showLightbox\"\n\t\t\tdata-wp-style--right=\"state.thisImage.buttonRight\"\n\t\t\tdata-wp-style--top=\"state.thisImage.buttonTop\"\n\t\t>\n\t\t\t<svg xmlns=\"http:\/\/www.w3.org\/2000\/svg\" width=\"12\" height=\"12\" fill=\"none\" viewBox=\"0 0 12 12\">\n\t\t\t\t<path fill=\"#fff\" d=\"M2 0a2 2 0 0 0-2 2v2h1.5V2a.5.5 0 0 1 .5-.5h2V0H2Zm2 10.5H2a.5.5 0 0 1-.5-.5V8H0v2a2 2 0 0 0 2 2h2v-1.5ZM8 12v-1.5h2a.5.5 0 0 0 .5-.5V8H12v2a2 2 0 0 1-2 2H8Zm2-12a2 2 0 0 1 2 2v2h-1.5V2a.5.5 0 0 0-.5-.5H8V0h2Z\" \/>\n\t\t\t<\/svg>\n\t\t<\/button><\/figure>\n\n\n\n<p class=\"wp-block-paragraph\">C\u00e2nd vei fi deja l\u00e2ng\u0103 sculpturi, nu ai voie s\u0103 ratezi o plimbare pe \u00eensu\u0219i Podul de Piatr\u0103, care este <strong>cel mai vechi pod p\u0103strat din Republica Ceh\u0103<\/strong> \u0219i dateaz\u0103 \u00eenc\u0103 din secolul al XIII-lea. Pentru copii, podul este interesant prin ni\u0219ele \u0219i statuile sale, printre care pot alerga, \u00eentruc\u00e2t aici accesul ma\u0219inilor este interzis.<\/p>\n\n\n\n<p class=\"wp-block-paragraph\">Sub pod trece un chei frumos amenajat, unde <strong>familiile locale merg regulat s\u0103 hr\u0103neasc\u0103 ra\u021bele \u0219i lebedele<\/strong>. Doar te rog s\u0103 re\u021bii c\u0103 p\u00e2inea d\u0103uneaz\u0103 p\u0103s\u0103rilor, a\u0219a c\u0103 mai bine adu-le pu\u021bin porumb, maz\u0103re sau granule speciale pentru p\u0103s\u0103ri de ap\u0103.<\/p>\n\n\n\n<p class=\"wp-block-paragraph\">De pe chei se deschide, de asemenea, <strong>o priveli\u0219te frumoas\u0103 spre castelul din P\u00edsek<\/strong>, iar \u00eentreaga scenerie o po\u021bi poza pentru albumul de familie. Plimbarea de-a lungul apei este, \u00een plus, complet f\u0103r\u0103 bariere, a\u0219a c\u0103 \u0219i c\u0103rucioarele, \u0219i bicicletele f\u0103r\u0103 pedale ale copiilor trec pe aici f\u0103r\u0103 cea mai mic\u0103 problem\u0103.<\/p>\n\n\n\n<h3 class=\"wp-block-heading\"><span class=\"ez-toc-section\" id=\"14_Insula_orasului\"><\/span>14. Insula ora\u0219ului<span class=\"ez-toc-section-end\"><\/span><\/h3>\n\n\n\n<figure data-wp-context=\"{&quot;imageId&quot;:&quot;6a9556fde7568&quot;}\" data-wp-interactive=\"core\/image\" data-wp-key=\"6a9556fde7568\" class=\"wp-block-image size-full wp-lightbox-container\"><img decoding=\"async\" width=\"1200\" height=\"800\" data-wp-class--hide=\"state.isContentHidden\" data-wp-class--show=\"state.isContentVisible\" data-wp-init=\"callbacks.setButtonStyles\" data-wp-on--click=\"actions.showLightbox\" data-wp-on--load=\"callbacks.setButtonStyles\" data-wp-on--pointerdown=\"actions.preloadImage\" data-wp-on--pointerenter=\"actions.preloadImageWithDelay\" data-wp-on--pointerleave=\"actions.cancelPreload\" data-wp-on-window--resize=\"callbacks.setButtonStyles\" src=\"https:\/\/loudavymkrokem.cz\/wp-content\/uploads\/2026\/08\/mestsky-ostrov-pisek-zahradka.jpg\" alt=\"Teras\u0103 de var\u0103 pe Insula ora\u0219ului din P\u00edsek\" class=\"wp-image-399671\" title=\"\" srcset=\"https:\/\/loudavymkrokem.cz\/wp-content\/uploads\/2026\/08\/mestsky-ostrov-pisek-zahradka.jpg 1200w, https:\/\/loudavymkrokem.cz\/wp-content\/uploads\/2026\/08\/mestsky-ostrov-pisek-zahradka-300x200.jpg 300w, https:\/\/loudavymkrokem.cz\/wp-content\/uploads\/2026\/08\/mestsky-ostrov-pisek-zahradka-700x467.jpg 700w, https:\/\/loudavymkrokem.cz\/wp-content\/uploads\/2026\/08\/mestsky-ostrov-pisek-zahradka-768x512.jpg 768w, https:\/\/loudavymkrokem.cz\/wp-content\/uploads\/2026\/08\/mestsky-ostrov-pisek-zahradka-696x464.jpg 696w\" sizes=\"(max-width: 1200px) 100vw, 1200px\" \/><button\n\t\t\tclass=\"lightbox-trigger\"\n\t\t\ttype=\"button\"\n\t\t\taria-haspopup=\"dialog\"\n\t\t\tdata-wp-bind--aria-label=\"state.thisImage.triggerButtonAriaLabel\"\n\t\t\tdata-wp-init=\"callbacks.initTriggerButton\"\n\t\t\tdata-wp-on--click=\"actions.showLightbox\"\n\t\t\tdata-wp-style--right=\"state.thisImage.buttonRight\"\n\t\t\tdata-wp-style--top=\"state.thisImage.buttonTop\"\n\t\t>\n\t\t\t<svg xmlns=\"http:\/\/www.w3.org\/2000\/svg\" width=\"12\" height=\"12\" fill=\"none\" viewBox=\"0 0 12 12\">\n\t\t\t\t<path fill=\"#fff\" d=\"M2 0a2 2 0 0 0-2 2v2h1.5V2a.5.5 0 0 1 .5-.5h2V0H2Zm2 10.5H2a.5.5 0 0 1-.5-.5V8H0v2a2 2 0 0 0 2 2h2v-1.5ZM8 12v-1.5h2a.5.5 0 0 0 .5-.5V8H12v2a2 2 0 0 1-2 2H8Zm2-12a2 2 0 0 1 2 2v2h-1.5V2a.5.5 0 0 0-.5-.5H8V0h2Z\" \/>\n\t\t\t<\/svg>\n\t\t<\/button><\/figure>\n\n\n\n<p class=\"wp-block-paragraph\">Insula ora\u0219ului, \u00eenconjurat\u0103 de r\u00e2ul Otava, este <strong>o oaz\u0103 verde lini\u0219tit\u0103 chiar \u00een centrul ora\u0219ului<\/strong>, la care ajungi peste o pasarel\u0103. G\u0103se\u0219ti aici un parc mare, cu copaci \u00eenal\u021bi \u0219i frumo\u0219i, care \u00een vara torid\u0103 ofer\u0103 umbra at\u00e2t de necesar\u0103.<\/p>\n\n\n\n<p class=\"wp-block-paragraph\">Pentru copii este preg\u0103tit aici <strong>un teren de joac\u0103 mare \u0219i \u00eemprejmuit, cu elemente moderne<\/strong>, unde nu trebuie s\u0103 te temi c\u0103 \u00ee\u021bi fuge copilul undeva. Chiar l\u00e2ng\u0103 terenul de joac\u0103, copiii mai mari \u0219i adul\u021bii pot juca minigolf pe terenul local, bine \u00eentre\u021binut.<\/p>\n\n\n\n<p class=\"wp-block-paragraph\">C\u00e2nd copiii se fac foame, <strong>pe insul\u0103 func\u021bioneaz\u0103 tradi\u021bionalul Restaurant Ostrov<\/strong>, care are l\u00e2ng\u0103 terasa de var\u0103 propriul teren de joac\u0103 mai mic, a\u0219a c\u0103 \u00ee\u021bi po\u021bi termina lini\u0219tit pr\u00e2nzul \u00een timp ce copiii se joac\u0103 al\u0103turi.<\/p>\n\n\n\n<h3 class=\"wp-block-heading\"><span class=\"ez-toc-section\" id=\"15_Terenul_rutier_de_la_Sf_Vaclav\"><\/span>15. Terenul rutier de la Sf. V\u00e1clav<span class=\"ez-toc-section-end\"><\/span><\/h3>\n\n\n\n<figure data-wp-context=\"{&quot;imageId&quot;:&quot;6a9556fde7c86&quot;}\" data-wp-interactive=\"core\/image\" data-wp-key=\"6a9556fde7c86\" class=\"wp-block-image size-full wp-lightbox-container\"><img decoding=\"async\" width=\"1024\" height=\"461\" data-wp-class--hide=\"state.isContentHidden\" data-wp-class--show=\"state.isContentVisible\" data-wp-init=\"callbacks.setButtonStyles\" data-wp-on--click=\"actions.showLightbox\" data-wp-on--load=\"callbacks.setButtonStyles\" data-wp-on--pointerdown=\"actions.preloadImage\" data-wp-on--pointerenter=\"actions.preloadImageWithDelay\" data-wp-on--pointerleave=\"actions.cancelPreload\" data-wp-on-window--resize=\"callbacks.setButtonStyles\" src=\"https:\/\/loudavymkrokem.cz\/wp-content\/uploads\/2026\/08\/dopravni-hriste-u-sv-vaclava-pisek.jpg\" alt=\"Teren rutier pentru copii la Sf. V\u00e1clav din P\u00edsek, dup\u0103 renovare\" class=\"wp-image-399632\" title=\"\" srcset=\"https:\/\/loudavymkrokem.cz\/wp-content\/uploads\/2026\/08\/dopravni-hriste-u-sv-vaclava-pisek.jpg 1024w, https:\/\/loudavymkrokem.cz\/wp-content\/uploads\/2026\/08\/dopravni-hriste-u-sv-vaclava-pisek-300x135.jpg 300w, https:\/\/loudavymkrokem.cz\/wp-content\/uploads\/2026\/08\/dopravni-hriste-u-sv-vaclava-pisek-700x315.jpg 700w, https:\/\/loudavymkrokem.cz\/wp-content\/uploads\/2026\/08\/dopravni-hriste-u-sv-vaclava-pisek-768x346.jpg 768w, https:\/\/loudavymkrokem.cz\/wp-content\/uploads\/2026\/08\/dopravni-hriste-u-sv-vaclava-pisek-696x313.jpg 696w\" sizes=\"(max-width: 1024px) 100vw, 1024px\" \/><button\n\t\t\tclass=\"lightbox-trigger\"\n\t\t\ttype=\"button\"\n\t\t\taria-haspopup=\"dialog\"\n\t\t\tdata-wp-bind--aria-label=\"state.thisImage.triggerButtonAriaLabel\"\n\t\t\tdata-wp-init=\"callbacks.initTriggerButton\"\n\t\t\tdata-wp-on--click=\"actions.showLightbox\"\n\t\t\tdata-wp-style--right=\"state.thisImage.buttonRight\"\n\t\t\tdata-wp-style--top=\"state.thisImage.buttonTop\"\n\t\t>\n\t\t\t<svg xmlns=\"http:\/\/www.w3.org\/2000\/svg\" width=\"12\" height=\"12\" fill=\"none\" viewBox=\"0 0 12 12\">\n\t\t\t\t<path fill=\"#fff\" d=\"M2 0a2 2 0 0 0-2 2v2h1.5V2a.5.5 0 0 1 .5-.5h2V0H2Zm2 10.5H2a.5.5 0 0 1-.5-.5V8H0v2a2 2 0 0 0 2 2h2v-1.5ZM8 12v-1.5h2a.5.5 0 0 0 .5-.5V8H12v2a2 2 0 0 1-2 2H8Zm2-12a2 2 0 0 1 2 2v2h-1.5V2a.5.5 0 0 0-.5-.5H8V0h2Z\" \/>\n\t\t\t<\/svg>\n\t\t<\/button><\/figure>\n\n\n\n<p class=\"wp-block-paragraph\">Terenul rutier de pe cheiul Z\u00e1tavsk\u00e9 a trecut de cur\u00e2nd printr-o mare renovare, iar din mai 2025 este <strong>redeschis \u00een plin\u0103 splendoare<\/strong>. Este un adev\u0103rat rai pentru to\u021bi micii iubitori de ma\u0219inu\u021be, biciclete f\u0103r\u0103 pedale \u0219i trotinete, care \u00ee\u0219i pot antrena aici mersul conform regulilor.<\/p>\n\n\n\n<p class=\"wp-block-paragraph\">Pe teren nu lipsesc <strong>semafoare adev\u0103rate \u0219i func\u021bionale, un sens giratoriu, treceri de pietoni<\/strong> \u0219i diverse indicatoare rutiere. Dac\u0103 nu ai cu tine un vehicul propriu, po\u021bi \u00eenchiria aici, cu circa 11 lei (50 K\u010d) pe jum\u0103tate de or\u0103, kart-uri cu pedale pe cinste, care \u00eei distreaz\u0103 mai ales pe pre\u0219colari \u0219i pe \u0219colarii mai mici.<\/p>\n\n\n\n<p class=\"wp-block-paragraph\">\u00cen lunile de var\u0103, \u00een vacan\u021b\u0103, au <strong>deschis \u00een fiecare zi, diminea\u021ba \u0219i dup\u0103-amiaza<\/strong>, iar prim\u0103vara \u0219i toamna func\u021bioneaz\u0103 mai degrab\u0103 dup\u0103-amiaza \u0219i \u00een weekend. Intrarea \u00een incint\u0103 cu biciclet\u0103 proprie sau cu biciclet\u0103 f\u0103r\u0103 pedale este complet gratuit\u0103.<\/p>\n\n\n\n<p class=\"wp-block-paragraph\">Chiar l\u00e2ng\u0103 teren func\u021bioneaz\u0103, \u00een plus, <strong>YEZ Caf\u00e9<\/strong>, a\u0219a c\u0103 ai unde s\u0103 te a\u0219ezi la o cafea \u0219i ceva de m\u00e2ncare. \u0218i pentru c\u0103 mai este \u0219i <strong>o groap\u0103 de nisip pentru cei mici<\/strong>, se distreaz\u0103 \u0219i fra\u021bii care \u00eenc\u0103 nu ajung la kart-urile cu pedale.<\/p>\n\n\n\n<h3 class=\"wp-block-heading\"><span class=\"ez-toc-section\" id=\"16_Cheiul_Jiraskovo_si_terenul_de_bile\"><\/span>16. Cheiul Jir\u00e1skovo \u0219i terenul de bile<span class=\"ez-toc-section-end\"><\/span><\/h3>\n\n\n\n<p class=\"wp-block-paragraph\">Cheiul Jir\u00e1skovo este un alt spa\u021biu excelent amenajat l\u00e2ng\u0103 r\u00e2u, unde se afl\u0103 <strong>un teren unic de bile, cu o suprafa\u021b\u0103 de 186 de metri p\u0103tra\u021bi<\/strong>. G\u0103se\u0219ti aici nou\u0103 piste diferite \u0219i chiar \u0219i un tobogan special pentru bile, ceea ce \u00eei poate \u021bine pe copii ocupa\u021bi o perioad\u0103 incredibil de lung\u0103.<\/p>\n\n\n\n<p class=\"wp-block-paragraph\">Dac\u0103 nu ai bile proprii, nu dispera: <strong>po\u021bi cump\u0103ra bile cu circa 5 lei (20 K\u010d)<\/strong> de la centrul de informare din apropiere sau direct dintr-un automat de l\u00e2ng\u0103 pist\u0103. \u00centregul spa\u021biu este uimitor de interactiv \u0219i juc\u0103u\u0219, chiar dac\u0103 \u00eendr\u0103gitul pumptrack a fost, din p\u0103cate, \u00eendep\u0103rtat de aici \u00een mai 2026.<\/p>\n\n\n\n<p class=\"wp-block-paragraph\">Pe l\u00e2ng\u0103 bile, g\u0103se\u0219ti aici \u0219i <strong>un teren de joac\u0103 din nuiele vii de salcie<\/strong>, o potec\u0103 pentru mers descul\u021b, unde copiii \u00eencearc\u0103 diverse suprafe\u021be, \u0219i un teren de parkour Flux pentru sportivii mai mari, a\u0219a c\u0103 aici se \u00eempletesc activit\u0103\u021bi pentru toate categoriile de v\u00e2rst\u0103.<\/p>\n\n\n\n<h3 class=\"wp-block-heading\"><span class=\"ez-toc-section\" id=\"17_Terenul_de_joaca_cu_cerbul_Na_Trubach\"><\/span>17. Terenul de joac\u0103 cu cerbul Na Trub\u00e1ch<span class=\"ez-toc-section-end\"><\/span><\/h3>\n\n\n\n<figure data-wp-context=\"{&quot;imageId&quot;:&quot;6a9556fde8553&quot;}\" data-wp-interactive=\"core\/image\" data-wp-key=\"6a9556fde8553\" class=\"wp-block-image size-full wp-lightbox-container\"><img decoding=\"async\" width=\"1920\" height=\"1440\" data-wp-class--hide=\"state.isContentHidden\" data-wp-class--show=\"state.isContentVisible\" data-wp-init=\"callbacks.setButtonStyles\" data-wp-on--click=\"actions.showLightbox\" data-wp-on--load=\"callbacks.setButtonStyles\" data-wp-on--pointerdown=\"actions.preloadImage\" data-wp-on--pointerenter=\"actions.preloadImageWithDelay\" data-wp-on--pointerleave=\"actions.cancelPreload\" data-wp-on-window--resize=\"callbacks.setButtonStyles\" src=\"https:\/\/loudavymkrokem.cz\/wp-content\/uploads\/2026\/08\/hriste-jelen-na-trubach-pisek.jpg\" alt=\"Cerb de lemn cu tobogan pe terenul de joac\u0103 Na Trub\u00e1ch din P\u00edsek\" class=\"wp-image-399616\" title=\"\" srcset=\"https:\/\/loudavymkrokem.cz\/wp-content\/uploads\/2026\/08\/hriste-jelen-na-trubach-pisek.jpg 1920w, https:\/\/loudavymkrokem.cz\/wp-content\/uploads\/2026\/08\/hriste-jelen-na-trubach-pisek-300x225.jpg 300w, https:\/\/loudavymkrokem.cz\/wp-content\/uploads\/2026\/08\/hriste-jelen-na-trubach-pisek-700x525.jpg 700w, https:\/\/loudavymkrokem.cz\/wp-content\/uploads\/2026\/08\/hriste-jelen-na-trubach-pisek-768x576.jpg 768w, https:\/\/loudavymkrokem.cz\/wp-content\/uploads\/2026\/08\/hriste-jelen-na-trubach-pisek-1536x1152.jpg 1536w, https:\/\/loudavymkrokem.cz\/wp-content\/uploads\/2026\/08\/hriste-jelen-na-trubach-pisek-80x60.jpg 80w, https:\/\/loudavymkrokem.cz\/wp-content\/uploads\/2026\/08\/hriste-jelen-na-trubach-pisek-160x120.jpg 160w, https:\/\/loudavymkrokem.cz\/wp-content\/uploads\/2026\/08\/hriste-jelen-na-trubach-pisek-696x522.jpg 696w, https:\/\/loudavymkrokem.cz\/wp-content\/uploads\/2026\/08\/hriste-jelen-na-trubach-pisek-1392x1044.jpg 1392w\" sizes=\"(max-width: 1920px) 100vw, 1920px\" \/><button\n\t\t\tclass=\"lightbox-trigger\"\n\t\t\ttype=\"button\"\n\t\t\taria-haspopup=\"dialog\"\n\t\t\tdata-wp-bind--aria-label=\"state.thisImage.triggerButtonAriaLabel\"\n\t\t\tdata-wp-init=\"callbacks.initTriggerButton\"\n\t\t\tdata-wp-on--click=\"actions.showLightbox\"\n\t\t\tdata-wp-style--right=\"state.thisImage.buttonRight\"\n\t\t\tdata-wp-style--top=\"state.thisImage.buttonTop\"\n\t\t>\n\t\t\t<svg xmlns=\"http:\/\/www.w3.org\/2000\/svg\" width=\"12\" height=\"12\" fill=\"none\" viewBox=\"0 0 12 12\">\n\t\t\t\t<path fill=\"#fff\" d=\"M2 0a2 2 0 0 0-2 2v2h1.5V2a.5.5 0 0 1 .5-.5h2V0H2Zm2 10.5H2a.5.5 0 0 1-.5-.5V8H0v2a2 2 0 0 0 2 2h2v-1.5ZM8 12v-1.5h2a.5.5 0 0 0 .5-.5V8H12v2a2 2 0 0 1-2 2H8Zm2-12a2 2 0 0 1 2 2v2h-1.5V2a.5.5 0 0 0-.5-.5H8V0h2Z\" \/>\n\t\t\t<\/svg>\n\t\t<\/button><\/figure>\n\n\n\n<p class=\"wp-block-paragraph\">Aceasta este <strong>o bijuterie nou-nou\u021b\u0103 a anului 2026<\/strong>, de care to\u021bi copiii din P\u00edsek sunt absolut \u00eenc\u00e2nta\u021bi. Elementul dominant al noului teren de joac\u0103 \u00een p\u0103dure Na Trub\u00e1ch este un cerb uria\u0219 din lemn, \u00eenalt de opt metri, care func\u021bioneaz\u0103 pe de o parte ca punct de belvedere, dar mai ales ca o c\u0103\u021b\u0103r\u0103toare complex\u0103, cu tobogan.<\/p>\n\n\n\n<p class=\"wp-block-paragraph\">\u00cen jurul cerbului se \u00eentinde <strong>un spa\u021biu frumos cu leag\u0103ne, bu\u0219teni de lemn pentru echilibru<\/strong> \u0219i o groap\u0103 mare de nisip pentru copila\u0219i. Terenul este conceput \u00een stil natural, ca s\u0103 se integreze \u00een mediul \u00eenconjur\u0103tor, iar \u00een plan este s\u0103 se adauge treptat \u0219i o statuie de furnic\u0103, una de bufni\u021b\u0103 \u0219i una de veveri\u021b\u0103.<\/p>\n\n\n\n<p class=\"wp-block-paragraph\">Dat fiind c\u0103 terenul este complet nou, <strong>a\u0219teapt\u0103-te ca \u00een weekend s\u0103 fie plin<\/strong>, a\u0219a c\u0103, cu copii mai mici, \u00ee\u021bi recomand s\u0103 pleci mai degrab\u0103 \u00eentr-o zi lucr\u0103toare, diminea\u021ba.<\/p>\n\n\n\n<h3 class=\"wp-block-heading\"><span class=\"ez-toc-section\" id=\"18_Gradina_Palacky\"><\/span>18. Gr\u0103dina Palack\u00fd<span class=\"ez-toc-section-end\"><\/span><\/h3>\n\n\n\n<figure data-wp-context=\"{&quot;imageId&quot;:&quot;6a9556fde8c19&quot;}\" data-wp-interactive=\"core\/image\" data-wp-key=\"6a9556fde8c19\" class=\"wp-block-image size-full wp-lightbox-container\"><img decoding=\"async\" width=\"1200\" height=\"800\" data-wp-class--hide=\"state.isContentHidden\" data-wp-class--show=\"state.isContentVisible\" data-wp-init=\"callbacks.setButtonStyles\" data-wp-on--click=\"actions.showLightbox\" data-wp-on--load=\"callbacks.setButtonStyles\" data-wp-on--pointerdown=\"actions.preloadImage\" data-wp-on--pointerenter=\"actions.preloadImageWithDelay\" data-wp-on--pointerleave=\"actions.cancelPreload\" data-wp-on-window--resize=\"callbacks.setButtonStyles\" src=\"https:\/\/loudavymkrokem.cz\/wp-content\/uploads\/2026\/08\/palackeho-sady-pisek-jaro.jpg\" alt=\"Gr\u0103dina Palack\u00fd din P\u00edsek prim\u0103vara, cu monumentul lui Franti\u0161ek Palack\u00fd\" class=\"wp-image-399648\" title=\"\" srcset=\"https:\/\/loudavymkrokem.cz\/wp-content\/uploads\/2026\/08\/palackeho-sady-pisek-jaro.jpg 1200w, https:\/\/loudavymkrokem.cz\/wp-content\/uploads\/2026\/08\/palackeho-sady-pisek-jaro-300x200.jpg 300w, https:\/\/loudavymkrokem.cz\/wp-content\/uploads\/2026\/08\/palackeho-sady-pisek-jaro-700x467.jpg 700w, https:\/\/loudavymkrokem.cz\/wp-content\/uploads\/2026\/08\/palackeho-sady-pisek-jaro-768x512.jpg 768w, https:\/\/loudavymkrokem.cz\/wp-content\/uploads\/2026\/08\/palackeho-sady-pisek-jaro-696x464.jpg 696w\" sizes=\"(max-width: 1200px) 100vw, 1200px\" \/><button\n\t\t\tclass=\"lightbox-trigger\"\n\t\t\ttype=\"button\"\n\t\t\taria-haspopup=\"dialog\"\n\t\t\tdata-wp-bind--aria-label=\"state.thisImage.triggerButtonAriaLabel\"\n\t\t\tdata-wp-init=\"callbacks.initTriggerButton\"\n\t\t\tdata-wp-on--click=\"actions.showLightbox\"\n\t\t\tdata-wp-style--right=\"state.thisImage.buttonRight\"\n\t\t\tdata-wp-style--top=\"state.thisImage.buttonTop\"\n\t\t>\n\t\t\t<svg xmlns=\"http:\/\/www.w3.org\/2000\/svg\" width=\"12\" height=\"12\" fill=\"none\" viewBox=\"0 0 12 12\">\n\t\t\t\t<path fill=\"#fff\" d=\"M2 0a2 2 0 0 0-2 2v2h1.5V2a.5.5 0 0 1 .5-.5h2V0H2Zm2 10.5H2a.5.5 0 0 1-.5-.5V8H0v2a2 2 0 0 0 2 2h2v-1.5ZM8 12v-1.5h2a.5.5 0 0 0 .5-.5V8H12v2a2 2 0 0 1-2 2H8Zm2-12a2 2 0 0 1 2 2v2h-1.5V2a.5.5 0 0 0-.5-.5H8V0h2Z\" \/>\n\t\t\t<\/svg>\n\t\t<\/button><\/figure>\n\n\n\n<figure data-wp-context=\"{&quot;imageId&quot;:&quot;6a9556fde911d&quot;}\" data-wp-interactive=\"core\/image\" data-wp-key=\"6a9556fde911d\" class=\"wp-block-image size-full wp-lightbox-container\"><img decoding=\"async\" width=\"2200\" height=\"1467\" data-wp-class--hide=\"state.isContentHidden\" data-wp-class--show=\"state.isContentVisible\" data-wp-init=\"callbacks.setButtonStyles\" data-wp-on--click=\"actions.showLightbox\" data-wp-on--load=\"callbacks.setButtonStyles\" data-wp-on--pointerdown=\"actions.preloadImage\" data-wp-on--pointerenter=\"actions.preloadImageWithDelay\" data-wp-on--pointerleave=\"actions.cancelPreload\" data-wp-on-window--resize=\"callbacks.setButtonStyles\" src=\"https:\/\/loudavymkrokem.cz\/wp-content\/uploads\/2026\/08\/pisek-fontana-centrum.jpg\" alt=\"F\u00e2nt\u00e2n\u0103 \u00een centrul istoric al ora\u0219ului P\u00edsek\" class=\"wp-image-399366\" title=\"\" srcset=\"https:\/\/loudavymkrokem.cz\/wp-content\/uploads\/2026\/08\/pisek-fontana-centrum.jpg 2200w, https:\/\/loudavymkrokem.cz\/wp-content\/uploads\/2026\/08\/pisek-fontana-centrum-300x200.jpg 300w, https:\/\/loudavymkrokem.cz\/wp-content\/uploads\/2026\/08\/pisek-fontana-centrum-700x467.jpg 700w, https:\/\/loudavymkrokem.cz\/wp-content\/uploads\/2026\/08\/pisek-fontana-centrum-768x512.jpg 768w, https:\/\/loudavymkrokem.cz\/wp-content\/uploads\/2026\/08\/pisek-fontana-centrum-1536x1024.jpg 1536w, https:\/\/loudavymkrokem.cz\/wp-content\/uploads\/2026\/08\/pisek-fontana-centrum-2048x1366.jpg 2048w, https:\/\/loudavymkrokem.cz\/wp-content\/uploads\/2026\/08\/pisek-fontana-centrum-696x464.jpg 696w, https:\/\/loudavymkrokem.cz\/wp-content\/uploads\/2026\/08\/pisek-fontana-centrum-1392x928.jpg 1392w, https:\/\/loudavymkrokem.cz\/wp-content\/uploads\/2026\/08\/pisek-fontana-centrum-1920x1280.jpg 1920w\" sizes=\"(max-width: 2200px) 100vw, 2200px\" \/><button\n\t\t\tclass=\"lightbox-trigger\"\n\t\t\ttype=\"button\"\n\t\t\taria-haspopup=\"dialog\"\n\t\t\tdata-wp-bind--aria-label=\"state.thisImage.triggerButtonAriaLabel\"\n\t\t\tdata-wp-init=\"callbacks.initTriggerButton\"\n\t\t\tdata-wp-on--click=\"actions.showLightbox\"\n\t\t\tdata-wp-style--right=\"state.thisImage.buttonRight\"\n\t\t\tdata-wp-style--top=\"state.thisImage.buttonTop\"\n\t\t>\n\t\t\t<svg xmlns=\"http:\/\/www.w3.org\/2000\/svg\" width=\"12\" height=\"12\" fill=\"none\" viewBox=\"0 0 12 12\">\n\t\t\t\t<path fill=\"#fff\" d=\"M2 0a2 2 0 0 0-2 2v2h1.5V2a.5.5 0 0 1 .5-.5h2V0H2Zm2 10.5H2a.5.5 0 0 1-.5-.5V8H0v2a2 2 0 0 0 2 2h2v-1.5ZM8 12v-1.5h2a.5.5 0 0 0 .5-.5V8H12v2a2 2 0 0 1-2 2H8Zm2-12a2 2 0 0 1 2 2v2h-1.5V2a.5.5 0 0 0-.5-.5H8V0h2Z\" \/>\n\t\t\t<\/svg>\n\t\t<\/button><\/figure>\n\n\n\n<p class=\"wp-block-paragraph\">Gr\u0103dina Palack\u00fd este <strong>cel mai mare parc din centrul ora\u0219ului P\u00edsek<\/strong>, care a luat na\u0219tere pe locul fostelor \u0219an\u021buri ale fortifica\u021biilor. Este un loc ideal pentru o plimbare lini\u0219tit\u0103 cu c\u0103ruciorul, sub coroanele copacilor b\u0103tr\u00e2ni, iar vara au loc adesea aici diverse concerte de promenad\u0103.<\/p>\n\n\n\n<p class=\"wp-block-paragraph\">La marginea de vest a parcului se afl\u0103 <strong>un teren de joac\u0103 mai mic pentru copii, cu suprafa\u021b\u0103 din pietri\u0219<\/strong>, dominat de o frumoas\u0103 c\u0103\u021b\u0103r\u0103toare din lemn \u00een form\u0103 de pe\u0219te. G\u0103se\u0219ti aici \u0219i balansoare cu arc pentru copila\u0219i \u0219i un \u00eendr\u0103git leag\u0103n suspendat.<\/p>\n\n\n\n<p class=\"wp-block-paragraph\">Singurul dezavantaj al acestui teren de joac\u0103 este c\u0103 <strong>chiar l\u00e2ng\u0103 elementele de joac\u0103 lipsesc b\u0103ncile<\/strong> pentru p\u0103rin\u021bi, a\u0219a c\u0103 de cele mai multe ori trebuie s\u0103 stai \u00een picioare al\u0103turi sau s\u0103 te a\u0219ezi pe marginea bordurilor de lemn. Chiar \u0219i a\u0219a, este o oprire excelent\u0103 \u00een hoin\u0103relile prin ora\u0219.<\/p>\n\n\n\n<h3 class=\"wp-block-heading\"><span class=\"ez-toc-section\" id=\"19_Plaja_de_la_Vaclav\"><\/span>19. Plaja de la V\u00e1clav<span class=\"ez-toc-section-end\"><\/span><\/h3>\n\n\n\n<p class=\"wp-block-paragraph\">C\u00e2nd se abat caniculele de var\u0103, tot ora\u0219ul se mut\u0103 la plaja de la V\u00e1clav, care se afl\u0103 pe cheiul Z\u00e1tavsk\u00e9. Aceast\u0103 incint\u0103 \u00eembin\u0103 <strong>sc\u0103ldatul clasic \u00een r\u00e2ul Otava cu bazine moderne<\/strong>, a\u0219a c\u0103 fiecare \u00ee\u0219i g\u0103se\u0219te ceva pe placul lui.<\/p>\n\n\n\n<p class=\"wp-block-paragraph\">Pentru familiile cu copii sunt preg\u0103tite aici <strong>un bazin pu\u021bin ad\u00e2nc cu tobogan \u0219i o piscin\u0103 separat\u0103 pentru b\u0103l\u0103ceal\u0103<\/strong>, pentru cei mai mici copila\u0219i. \u00cen jurul bazinelor sunt suprafe\u021be cu iarb\u0103 pentru p\u0103turi \u0219i nu lipsesc nici copacii \u00eenal\u021bi, sub care te po\u021bi ad\u0103posti la umbr\u0103 cu c\u0103ruciorul.<\/p>\n\n\n\n<p class=\"wp-block-paragraph\">Plaja func\u021bioneaz\u0103 <strong>din mai p\u00e2n\u0103 \u00een septembrie, \u00een fiecare zi p\u00e2n\u0103 la \u0219apte \u0219i jum\u0103tate seara<\/strong>, adul\u021bii pl\u0103tesc pentru intrare circa 20 de lei (90 K\u010d), iar copiii sub 140 de centimetri, circa 13 lei (60 K\u010d). Avantajul este c\u0103 chiar \u00een incint\u0103 func\u021bioneaz\u0103 restaurantul pensiunii al\u0103turate Sport, a\u0219a c\u0103 pr\u00e2nzul e asigurat.<\/p>\n\n\n\n<h3 class=\"wp-block-heading\"><span class=\"ez-toc-section\" id=\"20_Barci_si_sporturi_nautice_pe_Otava\"><\/span>20. B\u0103rci \u0219i sporturi nautice pe Otava<span class=\"ez-toc-section-end\"><\/span><\/h3>\n\n\n\n<p class=\"wp-block-paragraph\">R\u00e2ul Otava nu doar curge prin P\u00edsek, ci te invit\u0103 direct la diverse pl\u0103ceri acvatice, pe care le po\u021bi face \u0219i cu copii mai mici. <strong>Chiar l\u00e2ng\u0103 Insula ora\u0219ului func\u021bioneaz\u0103 un punct de \u00eenchiriere<\/strong>, unde po\u021bi \u00eenchiria \u00een sezon b\u0103rcu\u021be clasice cu v\u00e2sle sau hidrobiciclete.<\/p>\n\n\n\n<p class=\"wp-block-paragraph\">Copiii ador\u0103 c\u00e2nd pot <strong>privi din barc\u0103 ora\u0219ul dintr-o perspectiv\u0103 complet diferit\u0103<\/strong> \u0219i pot urm\u0103ri de aproape ra\u021bele care plutesc pe ap\u0103. La plaja de la V\u00e1clav \u00eenchiriezi, la r\u00e2ndul t\u0103u, o barc\u0103 cu circa 22 de lei (100 K\u010d) pe or\u0103 \u0219i po\u021bi v\u00e2sli o bucat\u0103 pe Otava.<\/p>\n\n\n\n<p class=\"wp-block-paragraph\">Dac\u0103 \u00ee\u021bi plac excursiile mai lungi, <strong>Otava este un r\u00e2u vestit pentru sporturile nautice<\/strong>, a\u0219a c\u0103 po\u021bi planifica cu familia cobor\u00e2rea unuia dintre tronsoanele mai lini\u0219tite, iar puncte de \u00eenchiriere de b\u0103rci \u0219i rafturi sunt mai multe \u00een \u00eemprejurimile ora\u0219ului P\u00edsek.<\/p>\n\n\n\n<h3 class=\"wp-block-heading\"><span class=\"ez-toc-section\" id=\"21_Tarcul_U_Vodaka\"><\/span>21. \u021aarcul U Vod\u00e1ka<span class=\"ez-toc-section-end\"><\/span><\/h3>\n\n\n\n<figure data-wp-context=\"{&quot;imageId&quot;:&quot;6a9556fde9b40&quot;}\" data-wp-interactive=\"core\/image\" data-wp-key=\"6a9556fde9b40\" class=\"wp-block-image size-full wp-lightbox-container\"><img decoding=\"async\" width=\"960\" height=\"640\" data-wp-class--hide=\"state.isContentHidden\" data-wp-class--show=\"state.isContentVisible\" data-wp-init=\"callbacks.setButtonStyles\" data-wp-on--click=\"actions.showLightbox\" data-wp-on--load=\"callbacks.setButtonStyles\" data-wp-on--pointerdown=\"actions.preloadImage\" data-wp-on--pointerenter=\"actions.preloadImageWithDelay\" data-wp-on--pointerleave=\"actions.cancelPreload\" data-wp-on-window--resize=\"callbacks.setButtonStyles\" src=\"https:\/\/loudavymkrokem.cz\/wp-content\/uploads\/2026\/08\/oburka-u-vodaka-danci.jpg\" alt=\"Cerbi lop\u0103tari \u00een \u021barcul U Vod\u00e1ka din Mun\u021bii P\u00edsek\" class=\"wp-image-399639\" title=\"\" srcset=\"https:\/\/loudavymkrokem.cz\/wp-content\/uploads\/2026\/08\/oburka-u-vodaka-danci.jpg 960w, https:\/\/loudavymkrokem.cz\/wp-content\/uploads\/2026\/08\/oburka-u-vodaka-danci-300x200.jpg 300w, https:\/\/loudavymkrokem.cz\/wp-content\/uploads\/2026\/08\/oburka-u-vodaka-danci-700x467.jpg 700w, https:\/\/loudavymkrokem.cz\/wp-content\/uploads\/2026\/08\/oburka-u-vodaka-danci-768x512.jpg 768w, https:\/\/loudavymkrokem.cz\/wp-content\/uploads\/2026\/08\/oburka-u-vodaka-danci-696x464.jpg 696w\" sizes=\"(max-width: 960px) 100vw, 960px\" \/><button\n\t\t\tclass=\"lightbox-trigger\"\n\t\t\ttype=\"button\"\n\t\t\taria-haspopup=\"dialog\"\n\t\t\tdata-wp-bind--aria-label=\"state.thisImage.triggerButtonAriaLabel\"\n\t\t\tdata-wp-init=\"callbacks.initTriggerButton\"\n\t\t\tdata-wp-on--click=\"actions.showLightbox\"\n\t\t\tdata-wp-style--right=\"state.thisImage.buttonRight\"\n\t\t\tdata-wp-style--top=\"state.thisImage.buttonTop\"\n\t\t>\n\t\t\t<svg xmlns=\"http:\/\/www.w3.org\/2000\/svg\" width=\"12\" height=\"12\" fill=\"none\" viewBox=\"0 0 12 12\">\n\t\t\t\t<path fill=\"#fff\" d=\"M2 0a2 2 0 0 0-2 2v2h1.5V2a.5.5 0 0 1 .5-.5h2V0H2Zm2 10.5H2a.5.5 0 0 1-.5-.5V8H0v2a2 2 0 0 0 2 2h2v-1.5ZM8 12v-1.5h2a.5.5 0 0 0 .5-.5V8H12v2a2 2 0 0 1-2 2H8Zm2-12a2 2 0 0 1 2 2v2h-1.5V2a.5.5 0 0 0-.5-.5H8V0h2Z\" \/>\n\t\t\t<\/svg>\n\t\t<\/button><\/figure>\n\n\n\n<p class=\"wp-block-paragraph\">Pentru familiile care iubesc animalele \u0219i natura, <strong>o destina\u021bie frumoas\u0103 de plimbare este \u021barcul din p\u0103dure U Vod\u00e1ka<\/strong>, care se afl\u0103 la marginea Mun\u021bilor P\u00edsek. E doar la o arunc\u0103tur\u0103 de b\u0103\u021b de ora\u0219, dar te treze\u0219ti totu\u0219i \u00een lini\u0219tea deplin\u0103 a p\u0103durii.<\/p>\n\n\n\n<p class=\"wp-block-paragraph\">De pe platforma de belvedere \u0219i de-a lungul gardului po\u021bi <strong>privi cerbi lop\u0103tari \u0219i muflon\u0438<\/strong>, care sunt obi\u0219nui\u021bi cu oamenii, ceea ce \u00eei \u021bine pe copii ocupa\u021bi o perioad\u0103 lung\u0103. Spre \u021barc duce un drum u\u0219or de p\u0103dure, pe care \u00eel parcurg \u0219i picioarele mici; cu c\u0103ruciorul, ia \u00een calcul terenul.<\/p>\n\n\n\n<p class=\"wp-block-paragraph\">Cel mai bun lucru la aceast\u0103 excursie este c\u0103 <strong>este accesibil\u0103 tot anul \u0219i complet gratuit<\/strong>, a\u0219a c\u0103 familiile locale pleac\u0103 aici lini\u0219tit chiar \u0219i iarna, cu un termos de ceai, c\u00e2nd ninge, iar animalele se v\u0103d frumos \u00een p\u0103durea \u00eenz\u0103pezit\u0103.<\/p>\n\n\n\n<h3 class=\"wp-block-heading\"><span class=\"ez-toc-section\" id=\"22_Labirintul_3D_Zivec\"><\/span>22. Labirintul 3D \u017divec<span class=\"ez-toc-section-end\"><\/span><\/h3>\n\n\n\n<figure data-wp-context=\"{&quot;imageId&quot;:&quot;6a9556fde9ff6&quot;}\" data-wp-interactive=\"core\/image\" data-wp-key=\"6a9556fde9ff6\" class=\"wp-block-image size-full wp-lightbox-container\"><img decoding=\"async\" width=\"1200\" height=\"600\" data-wp-class--hide=\"state.isContentHidden\" data-wp-class--show=\"state.isContentVisible\" data-wp-init=\"callbacks.setButtonStyles\" data-wp-on--click=\"actions.showLightbox\" data-wp-on--load=\"callbacks.setButtonStyles\" data-wp-on--pointerdown=\"actions.preloadImage\" data-wp-on--pointerenter=\"actions.preloadImageWithDelay\" data-wp-on--pointerleave=\"actions.cancelPreload\" data-wp-on-window--resize=\"callbacks.setButtonStyles\" src=\"https:\/\/loudavymkrokem.cz\/wp-content\/uploads\/2026\/08\/chata-zivec-3d-bludiste-pisecke-hory.jpg\" alt=\"Teren de joac\u0103 cu fr\u00e2nghii \u0219i labirint 3D l\u00e2ng\u0103 cabana \u017divec din Mun\u021bii P\u00edsek\" class=\"wp-image-399626\" title=\"\" srcset=\"https:\/\/loudavymkrokem.cz\/wp-content\/uploads\/2026\/08\/chata-zivec-3d-bludiste-pisecke-hory.jpg 1200w, https:\/\/loudavymkrokem.cz\/wp-content\/uploads\/2026\/08\/chata-zivec-3d-bludiste-pisecke-hory-300x150.jpg 300w, https:\/\/loudavymkrokem.cz\/wp-content\/uploads\/2026\/08\/chata-zivec-3d-bludiste-pisecke-hory-700x350.jpg 700w, https:\/\/loudavymkrokem.cz\/wp-content\/uploads\/2026\/08\/chata-zivec-3d-bludiste-pisecke-hory-768x384.jpg 768w, https:\/\/loudavymkrokem.cz\/wp-content\/uploads\/2026\/08\/chata-zivec-3d-bludiste-pisecke-hory-696x348.jpg 696w\" sizes=\"(max-width: 1200px) 100vw, 1200px\" \/><button\n\t\t\tclass=\"lightbox-trigger\"\n\t\t\ttype=\"button\"\n\t\t\taria-haspopup=\"dialog\"\n\t\t\tdata-wp-bind--aria-label=\"state.thisImage.triggerButtonAriaLabel\"\n\t\t\tdata-wp-init=\"callbacks.initTriggerButton\"\n\t\t\tdata-wp-on--click=\"actions.showLightbox\"\n\t\t\tdata-wp-style--right=\"state.thisImage.buttonRight\"\n\t\t\tdata-wp-style--top=\"state.thisImage.buttonTop\"\n\t\t>\n\t\t\t<svg xmlns=\"http:\/\/www.w3.org\/2000\/svg\" width=\"12\" height=\"12\" fill=\"none\" viewBox=\"0 0 12 12\">\n\t\t\t\t<path fill=\"#fff\" d=\"M2 0a2 2 0 0 0-2 2v2h1.5V2a.5.5 0 0 1 .5-.5h2V0H2Zm2 10.5H2a.5.5 0 0 1-.5-.5V8H0v2a2 2 0 0 0 2 2h2v-1.5ZM8 12v-1.5h2a.5.5 0 0 0 .5-.5V8H12v2a2 2 0 0 1-2 2H8Zm2-12a2 2 0 0 1 2 2v2h-1.5V2a.5.5 0 0 0-.5-.5H8V0h2Z\" \/>\n\t\t\t<\/svg>\n\t\t<\/button><\/figure>\n\n\n\n<p class=\"wp-block-paragraph\">\u00cen p\u0103durile de deasupra ora\u0219ului P\u00edsek, chiar l\u00e2ng\u0103 cunoscuta caban\u0103 \u017divec, a r\u0103s\u0103rit <strong>un labirint 3D unic, suspendat printre copaci<\/strong>. Este vorba despre un sistem de pasarele \u0219i c\u0103su\u021be suspendate, complet asigurate cu plase de protec\u021bie, a\u0219a c\u0103 nu ai nevoie de nicio asigurare de alpinism \u0219i nici de c\u0103\u0219ti.<\/p>\n\n\n\n<p class=\"wp-block-paragraph\">Atrac\u021bia se afl\u0103 <strong>la o \u00een\u0103l\u021bime \u00eentre trei metri \u0219i jum\u0103tate \u0219i \u0219ase metri deasupra solului<\/strong>, ceea ce garanteaz\u0103 o por\u021bie zdrav\u0103n\u0103 de adrenalin\u0103. Copiii de la trei la \u0219apte ani pot intra aici doar \u00eenso\u021bi\u021bi de un adult, iar pentru cei mai mici este preg\u0103tit jos, la sol, un teren de joac\u0103 mai mic cu fr\u00e2nghii, \u00een p\u0103dure, cu o c\u0103su\u021b\u0103 de cristal.<\/p>\n\n\n\n<p class=\"wp-block-paragraph\">Labirintul este <strong>parte a traseului tematic Drumul nestematelor \u0219i este liber accesibil<\/strong>, a\u0219a c\u0103 nu pl\u0103te\u0219ti niciun fel de intrare. Po\u021bi l\u0103sa ma\u0219ina \u00een parcarea U T\u0159\u00ed rybn\u00edk\u016f sau U Honz\u00ed\u010dka \u0219i po\u021bi ajunge aici printr-o plimbare pl\u0103cut\u0103 prin p\u0103dure.<\/p>\n\n\n\n<h3 class=\"wp-block-heading\"><span class=\"ez-toc-section\" id=\"23_Turnul_de_belvedere_Jarnik\"><\/span>23. Turnul de belvedere Jarn\u00edk<span class=\"ez-toc-section-end\"><\/span><\/h3>\n\n\n\n<figure data-wp-context=\"{&quot;imageId&quot;:&quot;6a9556fdea474&quot;}\" data-wp-interactive=\"core\/image\" data-wp-key=\"6a9556fdea474\" class=\"wp-block-image size-full wp-lightbox-container\"><img decoding=\"async\" width=\"1000\" height=\"562\" data-wp-class--hide=\"state.isContentHidden\" data-wp-class--show=\"state.isContentVisible\" data-wp-init=\"callbacks.setButtonStyles\" data-wp-on--click=\"actions.showLightbox\" data-wp-on--load=\"callbacks.setButtonStyles\" data-wp-on--pointerdown=\"actions.preloadImage\" data-wp-on--pointerenter=\"actions.preloadImageWithDelay\" data-wp-on--pointerleave=\"actions.cancelPreload\" data-wp-on-window--resize=\"callbacks.setButtonStyles\" src=\"https:\/\/loudavymkrokem.cz\/wp-content\/uploads\/2026\/08\/rozhledna-jarnik-pisecke-hory.jpg\" alt=\"Turnul de belvedere Jarn\u00edk din Mun\u021bii P\u00edsek v\u0103zut din dron\u0103\" class=\"wp-image-399674\" title=\"\" srcset=\"https:\/\/loudavymkrokem.cz\/wp-content\/uploads\/2026\/08\/rozhledna-jarnik-pisecke-hory.jpg 1000w, https:\/\/loudavymkrokem.cz\/wp-content\/uploads\/2026\/08\/rozhledna-jarnik-pisecke-hory-300x169.jpg 300w, https:\/\/loudavymkrokem.cz\/wp-content\/uploads\/2026\/08\/rozhledna-jarnik-pisecke-hory-700x393.jpg 700w, https:\/\/loudavymkrokem.cz\/wp-content\/uploads\/2026\/08\/rozhledna-jarnik-pisecke-hory-768x432.jpg 768w, https:\/\/loudavymkrokem.cz\/wp-content\/uploads\/2026\/08\/rozhledna-jarnik-pisecke-hory-696x391.jpg 696w\" sizes=\"(max-width: 1000px) 100vw, 1000px\" \/><button\n\t\t\tclass=\"lightbox-trigger\"\n\t\t\ttype=\"button\"\n\t\t\taria-haspopup=\"dialog\"\n\t\t\tdata-wp-bind--aria-label=\"state.thisImage.triggerButtonAriaLabel\"\n\t\t\tdata-wp-init=\"callbacks.initTriggerButton\"\n\t\t\tdata-wp-on--click=\"actions.showLightbox\"\n\t\t\tdata-wp-style--right=\"state.thisImage.buttonRight\"\n\t\t\tdata-wp-style--top=\"state.thisImage.buttonTop\"\n\t\t>\n\t\t\t<svg xmlns=\"http:\/\/www.w3.org\/2000\/svg\" width=\"12\" height=\"12\" fill=\"none\" viewBox=\"0 0 12 12\">\n\t\t\t\t<path fill=\"#fff\" d=\"M2 0a2 2 0 0 0-2 2v2h1.5V2a.5.5 0 0 1 .5-.5h2V0H2Zm2 10.5H2a.5.5 0 0 1-.5-.5V8H0v2a2 2 0 0 0 2 2h2v-1.5ZM8 12v-1.5h2a.5.5 0 0 0 .5-.5V8H12v2a2 2 0 0 1-2 2H8Zm2-12a2 2 0 0 1 2 2v2h-1.5V2a.5.5 0 0 0-.5-.5H8V0h2Z\" \/>\n\t\t\t<\/svg>\n\t\t<\/button><\/figure>\n\n\n\n<p class=\"wp-block-paragraph\">C\u00e2nd vei fi deja l\u00e2ng\u0103 cabana \u017divec, f\u0103 neap\u0103rat o plimbare de aproximativ \u0219apte sute de metri pe marcajul turistic albastru <strong>p\u00e2n\u0103 la turnul de belvedere din fier Jarn\u00edk<\/strong>, care se \u00eenal\u021b\u0103 la 606 metri deasupra nivelului m\u0103rii. Urcu\u0219ul \u00eel fac \u0219i pre\u0219colarii mai activi, doar fii atent c\u0103 sus duc 182 de trepte destul de transparente.<\/p>\n\n\n\n<p class=\"wp-block-paragraph\">De pe platforma de belvedere \u021bi se deschide <strong>o priveli\u0219te superb\u0103 spre \u00eentreaga regiune P\u00edsek \u0219i spre Mun\u021bii \u0160umava<\/strong>, ceea ce merit\u0103 cu siguran\u021b\u0103 efortul. Accesul pe turn este gratuit, dar iarna \u0219i \u00een afara sezonului este de obicei \u00eencuiat, iar cheile trebuie s\u0103 le \u00eemprumu\u021bi chiar de la cabana \u017divec.<\/p>\n\n\n\n<p class=\"wp-block-paragraph\">\ud83d\udca1 <strong>Sfat:<\/strong> Dac\u0103 pl\u0103nuie\u0219ti s\u0103 combini excursia cu un pr\u00e2nz, verific\u0103 din timp programul restaurantului de la cabana \u017divec, pentru c\u0103 \u00een regim de iarn\u0103 au de obicei deschis doar de vineri p\u00e2n\u0103 duminic\u0103.<\/p>\n\n\n\n<h3 class=\"wp-block-heading\"><span class=\"ez-toc-section\" id=\"24_Pista_de_bile_Hradiste\"><\/span>24. Pista de bile Hradi\u0161t\u011b<span class=\"ez-toc-section-end\"><\/span><\/h3>\n\n\n\n<p class=\"wp-block-paragraph\">\u00cen p\u0103durile de la marginea ora\u0219ului, pe Hradi\u0161t\u011b, unde se afla o fort\u0103rea\u021b\u0103 preistoric\u0103, a luat na\u0219tere \u00een august 2025 <strong>o fantastic\u0103 pist\u0103 de bile \u00een p\u0103dure, de patruzeci de metri<\/strong>. Este uimitor integrat\u0103 \u00een terenul natural, traverseaz\u0103 cioate \u0219i denivel\u0103ri, iar copiii pot alerga \u00een sus \u0219i \u00een jos de-a lungul ei ore \u00een \u0219ir.<\/p>\n\n\n\n<p class=\"wp-block-paragraph\">Spre deosebire de terenul de bile de pe chei, aici <strong>nu exist\u0103 niciun automat, a\u0219a c\u0103 trebuie s\u0103 \u00ee\u021bi aduci bilele proprii<\/strong> de acas\u0103, ideal cele mai mari, din lemn sau din sticl\u0103. Pista face parte din traseele sportive mai extinse din p\u0103dure, a\u0219a c\u0103 vei da aici \u0219i de diverse elemente de exerci\u021bii.<\/p>\n\n\n\n<p class=\"wp-block-paragraph\">Plimbarea prin p\u0103durea de pe Hradi\u0161t\u011b este <strong>foarte lini\u0219titoare \u0219i o faci \u0219i cu un c\u0103rucior de teren<\/strong>, doar ia \u00een calcul o pant\u0103 u\u0219oar\u0103, pentru c\u0103 pista este construit\u0103 \u00een versant, ca bilele s\u0103 aib\u0103 viteza potrivit\u0103.<\/p>\n\n\n\n<!-- LKM_GYG_CARD start q=\"pisek detmi\" lang=\"ro\" rendered=\"2026-08-31T08:41:33+00:00\" v=\"1\" -->\n<style id=\"lk-gyg-styles\">\n@import url(\"https:\/\/fonts.googleapis.com\/css2?family=Playfair+Display:wght@700&family=DM+Sans:wght@300;400;500;600&display=swap\");\n\/* === LK GYG karty \u2014 CRO redesign 2026-05 (namespace .lkx-) ===\n   C\u00edl: vy\u0161\u0161\u00ed CTR (hero + v\u00fdrazn\u00fd social proof + ak\u010dn\u00ed CTA, m\u00e9n\u011b \"reklamn\u00ed\").\n   Injektuje se inline do prvn\u00edho markeru postu (refresh_cards.py --inline-css). *\/\n.lkx-module, .lkx-module *{box-sizing:border-box;margin:0;padding:0}\n.lkx-module{\n  font-family:'DM Sans',-apple-system,Segoe UI,Roboto,Georgia,sans-serif;\n  max-width:860px;margin:2.5rem auto;color:#1f2328;\n}\n\n\/* HEADER \u2014 lehk\u00fd editorsk\u00fd, \u017e\u00e1dn\u00fd bannerov\u00fd blok; nadpis + popisek pod n\u00edm *\/\n.lkx-head{margin-bottom:16px}\n.lkx-head-main{display:flex;align-items:center;gap:10px}\n.lkx-head-accent{width:26px;height:3px;border-radius:2px;background:#c39f76;flex-shrink:0}\n.lkx-head-title{font-family:'Playfair Display',Georgia,serif;font-size:21px;font-weight:700;color:#1a1a1a;line-height:1.25}\n.lkx-head-meta{display:block;font-size:11px;letter-spacing:.3px;color:#9aa0a6;margin-top:4px;margin-left:36px}\n\n\/* HERO *\/\n.lkx-hero{display:grid;grid-template-columns:300px 1fr;background:#fff;border:1px solid #ece7df;border-radius:14px;overflow:hidden;text-decoration:none!important;color:inherit;box-shadow:0 6px 20px rgba(0,0,0,.06);transition:box-shadow .2s,transform .2s;margin-bottom:14px}\n.lkx-hero:hover{box-shadow:0 12px 30px rgba(0,0,0,.12);transform:translateY(-2px)}\n.lkx-hero-img{position:relative;min-height:230px;background-size:cover;background-position:center;background-color:#eee}\n.lkx-hero-body{padding:22px 24px;display:flex;flex-direction:column}\n.lkx-pick{position:absolute;top:12px;left:12px;background:#1a1a1a;color:#fff;font-size:11px;font-weight:700;letter-spacing:.5px;padding:5px 11px;border-radius:20px}\n\n\/* TITLE *\/\n.lkx-title{font-size:19px;font-weight:700;color:#161616;line-height:1.3}\n.lkx-title-sm{font-size:14.5px;line-height:1.35;display:-webkit-box;-webkit-line-clamp:2;-webkit-box-orient:vertical;overflow:hidden}\n\n\/* SOCIAL PROOF \u2014 v\u00fdrazn\u011b, naho\u0159e *\/\n.lkx-proof{display:flex;align-items:center;gap:7px;margin-top:12px;font-size:15px;color:#3a3a3a}\n.lkx-proof b{font-size:16px;color:#161616}\n.lkx-stars{color:#f5a623;letter-spacing:1px}\n.lkx-proof-sm{font-size:12.5px;margin-top:8px;gap:5px}\n.lkx-proof-sm b{font-size:13px}\n.lkx-proof-new{color:#3685fc;font-weight:600}\n\n\/* PRICE \u2014 n\u00edzk\u00e1 kotva *\/\n.lkx-price{font-size:14px;color:#6b7280}\n.lkx-price b{font-size:20px;color:#161616;font-weight:700}\n.lkx-price-sm b{font-size:15px}\n\n\/* CTA \u2014 tepl\u00e9 ak\u010dn\u00ed tla\u010d\u00edtko *\/\n.lkx-cta{display:inline-flex;align-items:center;justify-content:center;text-decoration:none!important;font-weight:700;color:#fff!important;background:linear-gradient(135deg,#f6743f,#e8552a);border-radius:10px;box-shadow:0 6px 16px rgba(232,85,42,.32);transition:box-shadow .2s}\n.lkx-cta-hero{font-size:15px;padding:13px 22px}\n.lkx-hero:hover .lkx-cta-hero{box-shadow:0 8px 22px rgba(232,85,42,.45)}\n.lkx-cta-sm{font-size:12.5px;padding:9px 14px;width:100%;margin-top:2px}\n.lkx-hero-bottom{margin-top:auto;padding-top:18px;display:flex;align-items:center;justify-content:space-between;gap:14px;flex-wrap:wrap}\n\n\/* BADGE \u2014 jeden v\u00fdrazn\u00fd na fotce *\/\n.lkx-badge{position:absolute;top:12px;right:12px;font-size:10.5px;font-weight:700;letter-spacing:.3px;padding:5px 10px;border-radius:16px;color:#fff}\n.lkx-badge.badge-urgency{background:rgba(214,40,40,.92)}\n.lkx-badge.badge-new{background:rgba(54,133,252,.92)}\n.lkx-badge.badge-top{background:rgba(195,159,118,.95)}\n.lkx-badge.badge-info{background:rgba(40,40,40,.78)}\n\n\/* SECONDARY GRID *\/\n.lkx-grid{display:grid;grid-template-columns:1fr 1fr;gap:14px}\n.lkx-card{background:#fff;border:1px solid #ece7df;border-radius:14px;overflow:hidden;text-decoration:none!important;color:inherit;box-shadow:0 4px 14px rgba(0,0,0,.05);display:flex;flex-direction:column;transition:box-shadow .2s,transform .2s}\n.lkx-card:hover{box-shadow:0 10px 24px rgba(0,0,0,.1);transform:translateY(-2px)}\n.lkx-card-img{position:relative;aspect-ratio:16\/10;background-size:cover;background-position:center;background-color:#eee}\n.lkx-card-body{padding:14px 16px 16px;display:flex;flex-direction:column;gap:7px;flex:1}\n.lkx-card-bottom{margin-top:auto;padding-top:10px;display:flex;align-items:center;justify-content:space-between;gap:8px}\n\n\/* DISCLOSURE \u2014 drobn\u00e1, kv\u016fli d\u016fv\u011b\u0159e\/z\u00e1konu *\/\n.lkx-disclosure{font-size:11px;color:#a7adb3;text-align:center;margin-top:14px;line-height:1.6}\n.lkx-disclosure a{color:#c39f76;text-decoration:none}\n\n@media(max-width:680px){\n  .lkx-hero{grid-template-columns:1fr}\n  .lkx-hero-img{min-height:180px}\n  .lkx-grid{grid-template-columns:1fr}\n  .lkx-head-meta{margin-left:0;width:100%}\n  .lkx-head-title{font-size:19px}\n}\n\n<\/style>\n<div class=\"lkx-module\" data-query=\"pisek detmi\">\n  <div class=\"lkx-head\">\n    <div class=\"lkx-head-main\">\n      <span class=\"lkx-head-accent\"><\/span>\n      <span class=\"lkx-head-title\">Experien\u021be \u0219i bilete<\/span>\n    <\/div>\n    <span class=\"lkx-head-meta\">evaluat de c\u0103l\u0103tori \u00b7 GetYourGuide<\/span>\n  <\/div><a class=\"lkx-hero\" href=\"https:\/\/www.getyourguide.com\/ro-ro\/pisa-l157\/pisa-bilet-de-intrare-la-turnul-inclinat-si-catedrala-t51230\/?partner_id=MKZ64IS&amp;utm_medium=online_publisher&amp;cmp=pisek-cu-copiii\" target=\"_blank\" rel=\"sponsored noopener nofollow\">\n    <div class=\"lkx-hero-img\" style=\"background-image:url('https:\/\/cdn.getyourguide.com\/img\/tour\/54f3f0c6a2ddb2ef.jpeg\/132.jpg')\" role=\"img\" aria-label=\"Pisa: bilet de intrare la Turnul \u00cenclinat \u0219i Catedral\u0103\">\n      <span class=\"lkx-pick\">\u2605 Recomandarea noastr\u0103<\/span><\/div>\n    <div class=\"lkx-hero-body\">\n      <div class=\"lkx-title\">Pisa: bilet de intrare la Turnul \u00cenclinat \u0219i Catedral\u0103<\/div>\n      <div class=\"lkx-proof\">\n      <span class=\"lkx-stars\">\u2605\u2605\u2605\u2605\u2605<\/span>\n      <b>4.5<\/b> \u00b7 14 186 de recenzii\n    <\/div>\n      <div class=\"lkx-hero-bottom\"><div class=\"lkx-price\">de la <b>24\u00a0EUR<\/b><\/div><span class=\"lkx-cta lkx-cta-hero\">Vreau aceast\u0103 experien\u021b\u0103 \u2192<\/span>\n      <\/div>\n    <\/div>\n  <\/a><div class=\"lkx-grid\"><a class=\"lkx-card\" href=\"https:\/\/www.getyourguide.com\/ro-ro\/pisa-l157\/pisa-piata-miracolelor-bilet-pentru-monumente-cu-turnul-inclinat-t429972\/?partner_id=MKZ64IS&amp;utm_medium=online_publisher&amp;cmp=pisek-cu-copiii\" target=\"_blank\" rel=\"sponsored noopener nofollow\">\n      <div class=\"lkx-card-img\" style=\"background-image:url('https:\/\/cdn.getyourguide.com\/img\/tour\/6316fe2f94af9.jpeg\/132.jpg')\" role=\"img\" aria-label=\"Pisa: Pia\u021ba Miracolelor Bilet pentru monumente cu Turnul \u00cenclinat\"><\/div>\n      <div class=\"lkx-card-body\">\n        <div class=\"lkx-title lkx-title-sm\">Pisa: Pia\u021ba Miracolelor Bilet pentru monumente cu Turnul \u00cenclinat<\/div>\n        <div class=\"lkx-proof lkx-proof-sm\">\n      <span class=\"lkx-stars\">\u2605<\/span>\n      <b>4.6<\/b> \u00b7 1 293\n    <\/div>\n        <div class=\"lkx-card-bottom\"><span class=\"lkx-price lkx-price-sm\">de la <b>37\u00a0EUR<\/b><\/span><span class=\"lkx-cta lkx-cta-sm\">Vezi datele \u2192<\/span>\n        <\/div>\n      <\/div>\n    <\/a><a class=\"lkx-card\" href=\"https:\/\/www.getyourguide.com\/ro-ro\/pisa-l157\/pisa-timed-entry-bilete-pentru-turnul-inclinat-si-catedrala-t429970\/?partner_id=MKZ64IS&amp;utm_medium=online_publisher&amp;cmp=pisek-cu-copiii\" target=\"_blank\" rel=\"sponsored noopener nofollow\">\n      <div class=\"lkx-card-img\" style=\"background-image:url('https:\/\/cdn.getyourguide.com\/img\/tour\/6316f7d9b873b.jpeg\/132.jpg')\" role=\"img\" aria-label=\"Pisa: Bilete pentru Turnul \u00cenclinat \u0219i Catedral\u0103 cu intrare programat\u0103\"><\/div>\n      <div class=\"lkx-card-body\">\n        <div class=\"lkx-title lkx-title-sm\">Pisa: Bilete pentru Turnul \u00cenclinat \u0219i Catedral\u0103 cu intrare programat\u0103<\/div>\n        <div class=\"lkx-proof lkx-proof-sm\">\n      <span class=\"lkx-stars\">\u2605<\/span>\n      <b>4.4<\/b> \u00b7 3 038\n    <\/div>\n        <div class=\"lkx-card-bottom\"><span class=\"lkx-price lkx-price-sm\">de la <b>30\u00a0EUR<\/b><\/span><span class=\"lkx-cta lkx-cta-sm\">Vezi datele \u2192<\/span>\n        <\/div>\n      <\/div>\n    <\/a><\/div><div class=\"lkx-disclosure\">\ud83d\udd17 Linkurile sunt de afiliere \u2014 nu \u00ee\u021bi schimb\u0103 pre\u021bul, dar ne ajut\u0103 s\u0103 cre\u0103m con\u021binut. \u00b7 <a href=\"https:\/\/www.getyourguide.com\/ro-ro\/s\/?q=pisek+detmi&amp;partner_id=MKZ64IS&amp;utm_medium=online_publisher\" target=\"_blank\" rel=\"sponsored noopener nofollow\">Toate experien\u021bele \u2192<\/a><\/div>\n<\/div>\n<!-- LKM_GYG_CARD end -->\n\n\n\n\n<div class=\"lk-stays-module\">\n<style>\n\/* \u2500\u2500\u2500 RESET PRO GUTENBERG \u2500\u2500\u2500 *\/\n.lk-stays-module * { box-sizing: border-box; margin: 0; padding: 0; }\n\n\/* \u2500\u2500\u2500 WRAPPER \u2500\u2500\u2500 *\/\n.lk-stays-module {\n  font-family: 'DM Sans', Georgia, sans-serif;\n  max-width: 100%;\n  margin: 2.5rem auto;\n  background: linear-gradient(135deg, #fdfaf5 0%, #fcf8f0 100%);\n  border: 1px solid #e8dfd4;\n  border-radius: 16px;\n  overflow: hidden;\n  box-shadow: 0 16px 48px rgba(195, 159, 118, 0.25), 0 4px 12px rgba(0,0,0,0.08);\n}\n\n\/* \u2500\u2500\u2500 HEADER \u2500\u2500\u2500 *\/\n.lk-stays-header {\n  position: relative;\n  padding: 24px 36px 24px;\n  background: linear-gradient(135deg, #c39f76 0%, #d4b188 60%, #c39f76 100%);\n  border-bottom: 1px solid rgba(255,255,255,.15);\n  display: flex;\n  align-items: center;\n  gap: 18px;\n}\n.lk-stays-header::before {\n  content: '';\n  position: absolute;\n  inset: 0;\n  background: url(\"data:image\/svg+xml,%3Csvg width='60' height='60' viewBox='0 0 60 60' xmlns='http:\/\/www.w3.org\/2000\/svg'%3E%3Cg fill='none' fill-rule='evenodd'%3E%3Cg fill='%23ffffff' fill-opacity='0.05'%3E%3Cpath d='M36 34v-4h-2v4h-4v2h4v4h2v-4h4v-2h-4zm0-30V0h-2v4h-4v2h4v4h2V6h4V4h-4zM6 34v-4H4v4H0v2h4v4h2v-4h4v-2H6zM6 4V0H4v4H0v2h4v4h2V6h4V4H6z'\/%3E%3C\/g%3E%3C\/g%3E%3C\/svg%3E\") repeat;\n  pointer-events: none;\n}\n.lk-stays-icon {\n  flex-shrink: 0;\n  width: 68px;\n  height: 68px;\n  border-radius: 14px;\n  background: linear-gradient(135deg, #fff 0%, #f9f6f0 100%);\n  display: flex;\n  align-items: center;\n  justify-content: center;\n  font-size: 26px;\n  box-shadow: 0 4px 12px rgba(0,0,0,0.15);\n}\n.lk-stays-eyebrow {\n  font-size: 10px;\n  font-weight: 500;\n  letter-spacing: 2.5px;\n  text-transform: uppercase;\n  color: rgba(255,255,255,.85);\n  margin: 0 0 5px 0;\n}\n.lk-stays-title {\n  font-family: 'Playfair Display', Georgia, serif;\n  font-size: 24px;\n  font-weight: 700;\n  color: #fff;\n  line-height: 1.2;\n  text-shadow: 0 1px 2px rgba(0,0,0,0.1);\n  margin: 0;\n}\n.lk-stays-subtitle {\n  font-size: 13px;\n  color: rgba(255,255,255,.75);\n  margin: 4px 0 0 0;\n  font-weight: 300;\n}\n\n\/* \u2500\u2500\u2500 CARDS GRID \u2500\u2500\u2500 *\/\n.lk-stays-grid {\n  display: grid;\n  grid-template-columns: 1fr 1fr;\n  gap: 1px;\n  background: rgba(195, 159, 118, 0.12);\n}\n\n\/* \u2500\u2500\u2500 SINGLE CARD \u2500\u2500\u2500 *\/\n.lk-stay-card {\n  background: #ffffff;\n  padding: 26px;\n  display: flex;\n  flex-direction: column;\n  gap: 11px;\n  transition: all 0.3s ease;\n  text-decoration: none;\n  color: inherit;\n  position: relative;\n}\n.lk-stay-card:hover {\n  background: #fffbf5;\n  transform: translateY(-2px);\n  box-shadow: 0 8px 24px rgba(195, 159, 118, 0.18);\n  z-index: 1;\n}\n.lk-stay-card.featured {\n  background: linear-gradient(135deg, #fffdf9 0%, #fff9f0 100%);\n  box-shadow: 0 4px 16px rgba(195, 159, 118, 0.15), inset 0 1px 0 rgba(195, 159, 118, 0.1);\n}\n.lk-stay-card.featured:hover {\n  background: linear-gradient(135deg, #fffbf5 0%, #fff8ed 100%);\n  box-shadow: 0 8px 24px rgba(195, 159, 118, 0.25), inset 0 1px 0 rgba(195, 159, 118, 0.15);\n}\n\n.lk-stay-badge {\n  display: inline-flex;\n  align-items: center;\n  gap: 5px;\n  font-size: 10px;\n  font-weight: 500;\n  letter-spacing: 1.5px;\n  text-transform: uppercase;\n  padding: 5px 11px;\n  border-radius: 20px;\n  width: fit-content;\n}\n.badge-top     { background: linear-gradient(135deg, #c39f76 0%, #d4b188 100%); color: #fff; border: 1px solid #c39f76; font-weight: 600; box-shadow: 0 2px 8px rgba(195,159,118,0.3); }\n.badge-luxury  { background: rgba(195,159,118,.12); color: #c39f76; border: 1px solid rgba(195,159,118,.25); }\n.badge-boutique{ background: rgba(54,133,252,.08); color: #3685fc; border: 1px solid rgba(54,133,252,.2); }\n.badge-nature  { background: rgba(130,190,100,.1); color: #6b9c4a; border: 1px solid rgba(130,190,100,.2); }\n.badge-remote  { background: rgba(195,159,118,.12); color: #a67e50; border: 1px solid rgba(195,159,118,.25); }\n\n.lk-stay-name {\n  font-family: 'Playfair Display', Georgia, serif;\n  font-size: 18px;\n  font-weight: 700;\n  color: #111827;\n  line-height: 1.3;\n}\n.lk-stay-desc {\n  font-size: 13.5px;\n  color: #525252;\n  line-height: 1.65;\n  font-weight: 300;\n  flex: 1;\n}\n\n.lk-stay-meta {\n  display: flex;\n  align-items: center;\n  gap: 12px;\n  flex-wrap: wrap;\n  margin-top: 4px;\n}\n.lk-stay-price {\n  font-size: 13px;\n  color: #6b7280;\n}\n.lk-stay-price strong {\n  color: #c39f76;\n  font-weight: 500;\n}\n.lk-stay-stars {\n  color: #c39f76;\n  font-size: 11px;\n  letter-spacing: 1px;\n}\n\n\/* \u2500\u2500\u2500 CTA BUTTON \u2500\u2500\u2500 *\/\n.lk-stay-cta {\n  display: inline-flex;\n  align-items: center;\n  justify-content: center;\n  gap: 7px;\n  margin-top: 8px;\n  padding: 11px 20px;\n  border-radius: 8px;\n  background: linear-gradient(135deg, #3685fc 0%, #2a6fd9 100%);\n  color: #fff;\n  font-size: 13px;\n  font-weight: 500;\n  text-decoration: none;\n  letter-spacing: .3px;\n  transition: all .2s ease;\n  cursor: pointer;\n  border: none;\n  text-align: center;\n  box-shadow: 0 4px 12px rgba(54, 133, 252, 0.25);\n}\n.lk-stay-cta:hover {\n  background: linear-gradient(135deg, #2a6fd9 0%, #1e5bc4 100%);\n  transform: translateY(-1px);\n  box-shadow: 0 6px 16px rgba(54, 133, 252, 0.35);\n}\n.lk-stay-cta svg { flex-shrink: 0; }\n\n\/* \u2500\u2500\u2500 FOOTER \u2500\u2500\u2500 *\/\n.lk-stays-footer {\n  padding: 18px 36px;\n  background: linear-gradient(to bottom, #fdfaf5 0%, #f9f4ed 100%);\n  border-top: 1px solid rgba(195, 159, 118, 0.15);\n  display: flex;\n  align-items: center;\n  justify-content: space-between;\n  flex-wrap: wrap;\n  gap: 12px;\n}\n.lk-stays-footer-note {\n  font-size: 11.5px;\n  color: #6b7280;\n  font-weight: 300;\n  line-height: 1.5;\n}\n.lk-stays-footer-note a {\n  color: #c39f76;\n  text-decoration: none;\n  font-weight: 400;\n}\n.lk-stays-footer-note a:hover {\n  text-decoration: underline;\n}\n.lk-stays-all-btn {\n  display: inline-flex;\n  align-items: center;\n  gap: 6px;\n  font-size: 12.5px;\n  font-weight: 500;\n  color: #c39f76;\n  text-decoration: none;\n  border: 1px solid rgba(195, 159, 118, 0.35);\n  padding: 8px 18px;\n  border-radius: 8px;\n  transition: all .2s ease;\n}\n.lk-stays-all-btn:hover {\n  background: rgba(195, 159, 118, 0.08);\n  border-color: rgba(195, 159, 118, 0.5);\n}\n\n\/* \u2500\u2500\u2500 RESPONSIVE \u2500\u2500\u2500 *\/\n@media (max-width: 600px) {\n  .lk-stays-grid { grid-template-columns: 1fr; }\n  .lk-stays-header { padding: 24px 20px; }\n  .lk-stays-footer { padding: 16px 20px; }\n  .lk-stay-card { padding: 22px; }\n  .lk-stays-title { font-size: 20px; }\n}\n<\/style>\n\n  <!-- HEADER -->\n  <div class=\"lk-stays-header\">\n    <img decoding=\"async\" src=\"https:\/\/loudavymkrokem.cz\/wp-content\/uploads\/2026\/02\/lukas-a-lucka.jpg\" alt=\"\" style=\"width: 75px; height: 75px; border-radius: 8px; flex-shrink: 0; object-fit: cover; display: block; margin: 4px 0;\" title=\"\">\n    <div class=\"lk-stays-header-text\">\n      <div class=\"lk-stays-eyebrow\">Luk\u00e1\u0161 \u0219i Lucie recomand\u0103<\/div>\n      <div class=\"lk-stays-title\">Unde s\u0103 te cazezi \u00een P\u00edsek<\/div>\n      <div class=\"lk-stays-subtitle\">5 caz\u0103ri \u2014 hoteluri \u0219i alte op\u021biuni de cazare<\/div>\n    <\/div>\n  <\/div>\n\n  <!-- CARDS -->\n  <div class=\"lk-stays-grid\">\n\n    <a class=\"lk-stay-card featured\" href=\"https:\/\/www.stay22.com\/allez\/roam?aid=lukaskonecny&#038;campaign=loudavymkrokemcz&#038;campaign=ro&#038;campaign=pisek-s-detmi&#038;hotelname=Hotel%20Biograf&#038;address=P%C3%ADsek%2C%20%C4%8Cesko\" target=\"_blank\" rel=\"nofollow noopener\">\n      <span class=\"lk-stay-badge badge-top\">\u2b50 TOP ALEGERE<\/span>\n      <span class=\"lk-stay-badge badge-nature\">\ud83c\udfe8 Hotel<\/span>\n      <div class=\"lk-stay-name\">Hotel Biograf<\/div>\n      <div class=\"lk-stay-desc\">Hotel de patru stele la c\u00e2\u021biva pa\u0219i de centru, cu nota 8,6 pe Booking \u0219i saun\u0103 pentru relaxare seara.<\/div>\n      <div class=\"lk-stay-meta\">\n        <span class=\"lk-stay-stars\">\u2605\u2605\u2605\u2605<\/span>\n        <span class=\"lk-stay-price\">Verific\u0103 pre\u021burile<\/span>\n      <\/div>\n      <span class=\"lk-stay-cta\">\n        <svg width=\"14\" height=\"14\" viewBox=\"0 0 24 24\" fill=\"none\" stroke=\"currentColor\" stroke-width=\"2\"><path d=\"M18 13v6a2 2 0 0 1-2 2H5a2 2 0 0 1-2-2V8a2 2 0 0 1 2-2h6\"\/><polyline points=\"15 3 21 3 21 9\"\/><line x1=\"10\" y1=\"14\" x2=\"21\" y2=\"3\"\/><\/svg>\n        Verific\u0103 disponibilitatea\n      <\/span>\n    <\/a>\n\n    <a class=\"lk-stay-card\" href=\"https:\/\/www.stay22.com\/allez\/roam?aid=lukaskonecny&#038;campaign=loudavymkrokemcz&#038;campaign=ro&#038;campaign=piseksdetmi&#038;address=P%C3%ADsek&#038;hotelname=Hotel+Otava&#038;search=Hotel+Otava&#038;category=accommodation\" target=\"_blank\" rel=\"nofollow noopener\">\n      <span class=\"lk-stay-badge badge-nature\">\ud83c\udfe8 Hotel<\/span>\n      <div class=\"lk-stay-name\">Hotel Otava<\/div>\n      <div class=\"lk-stay-desc\">Hotel istoric cu picturile lui Al\u0161a pe fa\u021bad\u0103, renovat, cu Caf\u00e9 Otava la parter.<\/div>\n      <div class=\"lk-stay-meta\">\n        <span class=\"lk-stay-stars\">\u2605\u2605\u2605\u2605<\/span>\n        <span class=\"lk-stay-price\">Verific\u0103 pre\u021burile<\/span>\n      <\/div>\n      <span class=\"lk-stay-cta\">\n        <svg width=\"14\" height=\"14\" viewBox=\"0 0 24 24\" fill=\"none\" stroke=\"currentColor\" stroke-width=\"2\"><path d=\"M18 13v6a2 2 0 0 1-2 2H5a2 2 0 0 1-2-2V8a2 2 0 0 1 2-2h6\"\/><polyline points=\"15 3 21 3 21 9\"\/><line x1=\"10\" y1=\"14\" x2=\"21\" y2=\"3\"\/><\/svg>\n        Verific\u0103 disponibilitatea\n      <\/span>\n    <\/a>\n\n    <a class=\"lk-stay-card\" href=\"https:\/\/www.stay22.com\/allez\/roam?aid=lukaskonecny&#038;campaign=loudavymkrokemcz&#038;campaign=ro&#038;campaign=pisek-s-detmi&#038;hotelname=Hotel%20U%20Kapli%C4%8Dky&#038;address=P%C3%ADsek%2C%20%C4%8Cesko\" target=\"_blank\" rel=\"nofollow noopener\">\n      <span class=\"lk-stay-badge badge-nature\">\ud83c\udfe8 Hotel<\/span>\n      <div class=\"lk-stay-name\">Hotel U Kapli\u010dky<\/div>\n      <div class=\"lk-stay-desc\">Hotel modern cu experien\u021b\u0103 gastronomic\u0103, restaurantul Chapelle este \u00een ghidul Michelin.<\/div>\n      <div class=\"lk-stay-meta\">\n        <span class=\"lk-stay-stars\">\u2605\u2605\u2605\u2605<\/span>\n        <span class=\"lk-stay-price\">Verific\u0103 pre\u021burile<\/span>\n      <\/div>\n      <span class=\"lk-stay-cta\">\n        <svg width=\"14\" height=\"14\" viewBox=\"0 0 24 24\" fill=\"none\" stroke=\"currentColor\" stroke-width=\"2\"><path d=\"M18 13v6a2 2 0 0 1-2 2H5a2 2 0 0 1-2-2V8a2 2 0 0 1 2-2h6\"\/><polyline points=\"15 3 21 3 21 9\"\/><line x1=\"10\" y1=\"14\" x2=\"21\" y2=\"3\"\/><\/svg>\n        Verific\u0103 disponibilitatea\n      <\/span>\n    <\/a>\n\n    <a class=\"lk-stay-card\" href=\"https:\/\/www.stay22.com\/allez\/roam?aid=lukaskonecny&#038;campaign=loudavymkrokemcz&#038;campaign=ro&#038;campaign=pisek-s-detmi&#038;hotelname=Penzion%20Sport&#038;address=P%C3%ADsek%2C%20%C4%8Cesko\" target=\"_blank\" rel=\"nofollow noopener\">\n      <span class=\"lk-stay-badge badge-nature\">\ud83c\udfe1 Pensiune\/B&#038;B<\/span>\n      <div class=\"lk-stay-name\">Penzion Sport<\/div>\n      <div class=\"lk-stay-desc\">Pensiune l\u00e2ng\u0103 r\u00e2u \u00een incinta piscinei, ideal\u0103 pentru \u00eenot. Restaurant cu teras\u0103 la c\u00e2\u021biva pa\u0219i de bazine.<\/div>\n      <div class=\"lk-stay-meta\">\n        <span class=\"lk-stay-stars\">\u2605\u2605\u2605\u2605<\/span>\n        <span class=\"lk-stay-price\">Verific\u0103 pre\u021burile<\/span>\n      <\/div>\n      <span class=\"lk-stay-cta\">\n        <svg width=\"14\" height=\"14\" viewBox=\"0 0 24 24\" fill=\"none\" stroke=\"currentColor\" stroke-width=\"2\"><path d=\"M18 13v6a2 2 0 0 1-2 2H5a2 2 0 0 1-2-2V8a2 2 0 0 1 2-2h6\"\/><polyline points=\"15 3 21 3 21 9\"\/><line x1=\"10\" y1=\"14\" x2=\"21\" y2=\"3\"\/><\/svg>\n        Verific\u0103 disponibilitatea\n      <\/span>\n    <\/a>\n\n    <a class=\"lk-stay-card\" href=\"https:\/\/www.stay22.com\/allez\/roam?aid=lukaskonecny&#038;campaign=loudavymkrokemcz&#038;campaign=ro&#038;campaign=piseksdetmi&#038;address=p\u00edsek\" target=\"_blank\" rel=\"nofollow noopener\">\n      <span class=\"lk-stay-badge badge-nature\">\ud83d\udd0d Caut\u0103<\/span>\n      <div class=\"lk-stay-name\">Vezi toate caz\u0103rile din P\u00edsek<\/div>\n      <div class=\"lk-stay-desc\">Exploreaz\u0103 toate op\u021biunile de cazare disponibile \u00een P\u00edsek \u0219i g\u0103se\u0219te cea mai bun\u0103 conform preferin\u021belor \u0219i bugetului t\u0103u.<\/div>\n      <div class=\"lk-stay-meta\">\n        <span class=\"lk-stay-stars\">\u2605\u2605\u2605\u2605<\/span>\n        <span class=\"lk-stay-price\">Compar\u0103 pre\u021burile<\/span>\n      <\/div>\n      <span class=\"lk-stay-cta\">\n        <svg width=\"14\" height=\"14\" viewBox=\"0 0 24 24\" fill=\"none\" stroke=\"currentColor\" stroke-width=\"2\"><path d=\"M18 13v6a2 2 0 0 1-2 2H5a2 2 0 0 1-2-2V8a2 2 0 0 1 2-2h6\"\/><polyline points=\"15 3 21 3 21 9\"\/><line x1=\"10\" y1=\"14\" x2=\"21\" y2=\"3\"\/><\/svg>\n        Verific\u0103 disponibilitatea\n      <\/span>\n    <\/a>\n\n  <\/div>\n\n  \n<\/div>\n\n\n\n\n<h3 class=\"wp-block-heading\"><span class=\"ez-toc-section\" id=\"25_Groapa_de_nisip_uriasa_Vystaviste\"><\/span>25. Groapa de nisip uria\u0219\u0103 V\u00fdstavi\u0161t\u011b<span class=\"ez-toc-section-end\"><\/span><\/h3>\n\n\n\n<p class=\"wp-block-paragraph\">Dac\u0103 ai acas\u0103 un constructor \u00eenver\u0219unat de castele de nisip, du-l l\u00e2ng\u0103 incinta V\u00fdstavi\u0161t\u011b din P\u00edsek, unde se afl\u0103 <strong>o groap\u0103 public\u0103 de nisip absolut uria\u0219\u0103<\/strong>. Este o suprafa\u021b\u0103 de nisip at\u00e2t de mare, \u00eenc\u00e2t se joac\u0103 aici zeci de copii deodat\u0103 \u0219i nu se deranjeaz\u0103 deloc unul pe altul.<\/p>\n\n\n\n<p class=\"wp-block-paragraph\">Avantajul acestui loc este <strong>parcarea uria\u0219\u0103 \u0219i foarte ieftin\u0103 chiar al\u0103turi<\/strong>, a\u0219a c\u0103 nu trebuie s\u0103 cari juc\u0103riile, formele de nisip \u0219i bicicletele f\u0103r\u0103 pedale nic\u0103ieri departe. Groapa de nisip este, \u00een plus, par\u021bial umbrit\u0103 de copaci, a\u0219a c\u0103 po\u021bi rezista aici chiar \u0219i \u00een ar\u0219i\u021ba verii.<\/p>\n\n\n\n<p class=\"wp-block-paragraph\">Este, \u00een plus, <strong>la doar c\u00e2teva minute de mers de r\u00e2u \u0219i de centru<\/strong>, a\u0219a c\u0103 o po\u021bi combina u\u0219or cu alte activit\u0103\u021bi din P\u00edsek.<\/p>\n\n\n\n<h2 class=\"wp-block-heading\"><span class=\"ez-toc-section\" id=\"Excursii_cu_copiii_in_imprejurimile_orasului_Pisek\"><\/span>Excursii cu copiii \u00een \u00eemprejurimile ora\u0219ului P\u00edsek<span class=\"ez-toc-section-end\"><\/span><\/h2>\n\n\n\n<p class=\"wp-block-paragraph\">Toate aceste locuri se afl\u0103 la maximum 45 de minute de mers cu ma\u0219ina, a\u0219a c\u0103 pot fi f\u0103cute ca excursii de o zi.<\/p>\n\n\n\n<h3 class=\"wp-block-heading\"><span class=\"ez-toc-section\" id=\"26_Farmapark_Maletice\"><\/span>26. Farmapark Maletice<span class=\"ez-toc-section-end\"><\/span><\/h3>\n\n\n\n<figure data-wp-context=\"{&quot;imageId&quot;:&quot;6a9556fdeac10&quot;}\" data-wp-interactive=\"core\/image\" data-wp-key=\"6a9556fdeac10\" class=\"wp-block-image size-full wp-lightbox-container\"><img decoding=\"async\" width=\"2048\" height=\"1365\" data-wp-class--hide=\"state.isContentHidden\" data-wp-class--show=\"state.isContentVisible\" data-wp-init=\"callbacks.setButtonStyles\" data-wp-on--click=\"actions.showLightbox\" data-wp-on--load=\"callbacks.setButtonStyles\" data-wp-on--pointerdown=\"actions.preloadImage\" data-wp-on--pointerenter=\"actions.preloadImageWithDelay\" data-wp-on--pointerleave=\"actions.cancelPreload\" data-wp-on-window--resize=\"callbacks.setButtonStyles\" src=\"https:\/\/loudavymkrokem.cz\/wp-content\/uploads\/2026\/08\/farmapark-maletice-alpaka.jpg\" alt=\"Alpaca \u00een \u021barcul Farmaparkului Maletice de l\u00e2ng\u0103 P\u00edsek\" class=\"wp-image-399568\" title=\"\" srcset=\"https:\/\/loudavymkrokem.cz\/wp-content\/uploads\/2026\/08\/farmapark-maletice-alpaka.jpg 2048w, https:\/\/loudavymkrokem.cz\/wp-content\/uploads\/2026\/08\/farmapark-maletice-alpaka-300x200.jpg 300w, https:\/\/loudavymkrokem.cz\/wp-content\/uploads\/2026\/08\/farmapark-maletice-alpaka-700x467.jpg 700w, https:\/\/loudavymkrokem.cz\/wp-content\/uploads\/2026\/08\/farmapark-maletice-alpaka-768x512.jpg 768w, https:\/\/loudavymkrokem.cz\/wp-content\/uploads\/2026\/08\/farmapark-maletice-alpaka-1536x1024.jpg 1536w, https:\/\/loudavymkrokem.cz\/wp-content\/uploads\/2026\/08\/farmapark-maletice-alpaka-696x464.jpg 696w, https:\/\/loudavymkrokem.cz\/wp-content\/uploads\/2026\/08\/farmapark-maletice-alpaka-1392x928.jpg 1392w, https:\/\/loudavymkrokem.cz\/wp-content\/uploads\/2026\/08\/farmapark-maletice-alpaka-1920x1280.jpg 1920w\" sizes=\"(max-width: 2048px) 100vw, 2048px\" \/><button\n\t\t\tclass=\"lightbox-trigger\"\n\t\t\ttype=\"button\"\n\t\t\taria-haspopup=\"dialog\"\n\t\t\tdata-wp-bind--aria-label=\"state.thisImage.triggerButtonAriaLabel\"\n\t\t\tdata-wp-init=\"callbacks.initTriggerButton\"\n\t\t\tdata-wp-on--click=\"actions.showLightbox\"\n\t\t\tdata-wp-style--right=\"state.thisImage.buttonRight\"\n\t\t\tdata-wp-style--top=\"state.thisImage.buttonTop\"\n\t\t>\n\t\t\t<svg xmlns=\"http:\/\/www.w3.org\/2000\/svg\" width=\"12\" height=\"12\" fill=\"none\" viewBox=\"0 0 12 12\">\n\t\t\t\t<path fill=\"#fff\" d=\"M2 0a2 2 0 0 0-2 2v2h1.5V2a.5.5 0 0 1 .5-.5h2V0H2Zm2 10.5H2a.5.5 0 0 1-.5-.5V8H0v2a2 2 0 0 0 2 2h2v-1.5ZM8 12v-1.5h2a.5.5 0 0 0 .5-.5V8H12v2a2 2 0 0 1-2 2H8Zm2-12a2 2 0 0 1 2 2v2h-1.5V2a.5.5 0 0 0-.5-.5H8V0h2Z\" \/>\n\t\t\t<\/svg>\n\t\t<\/button><\/figure>\n\n\n\n<p class=\"wp-block-paragraph\"><a href=\"https:\/\/www.farmaparkmaletice.cz\" target=\"_blank\" rel=\"nofollow noopener\">Acest parc-ferm\u0103 nou-nou\u021b<\/a> a fost deschis abia \u00een vara lui 2025 \u0219i tr\u0103ie\u0219te anul acesta al doilea s\u0103u sezon, afl\u00e2ndu-se <strong>la doar dou\u0103sprezece minute cu ma\u0219ina, \u00een direc\u021bia Protiv\u00edn<\/strong>. Copiii pot vedea aici de aproape capre, oi\u021be, lame alpaca, porcu\u0219i dr\u0103g\u0103la\u0219i sau papagali \u0219i pot chiar \u00eencerca, contra unei suprataxe, \u021bes\u0103latul \u0219i plimbarea pe ponei.<\/p>\n\n\n\n<p class=\"wp-block-paragraph\">Cel mai mare hit sunt \u00eens\u0103 <strong>trambulinele de aer uria\u0219e, pe care proprietarii le declar\u0103 cele mai mari din Cehia<\/strong>, unde copiii se dezl\u0103n\u021buie p\u00e2n\u0103 cad de oboseal\u0103. Pe l\u00e2ng\u0103 acestea, g\u0103se\u0219ti aici un labirint de f\u00e2n, perne de ap\u0103 pe o plaj\u0103 de nisip, telecabine \u0219i o groap\u0103 de nisip acoperit\u0103, a\u0219a c\u0103 ai aici program pentru minimum o jum\u0103tate de zi.<\/p>\n\n\n\n<p class=\"wp-block-paragraph\">Pre\u021bul de intrare la fa\u021ba locului este de <strong>circa 55 de lei (250 K\u010d) pentru copii \u0219i 46 de lei (210 K\u010d) pentru adul\u021bi<\/strong>, dar dac\u0103 \u00ee\u021bi cumperi biletele din timp, online, economise\u0219ti la intrarea de familie chiar \u0219i \u00een jur de 22 de lei. Copiii p\u00e2n\u0103 la doi ani au intrare gratuit\u0103, iar \u00een\u0103untru func\u021bioneaz\u0103 un bistro, unde se pl\u0103te\u0219te exclusiv cu cardul.<\/p>\n\n\n\n<h3 class=\"wp-block-heading\"><span class=\"ez-toc-section\" id=\"27_Nase_zviratka_Putim\"><\/span>27. Na\u0161e zv\u00ed\u0159\u00e1tka Putim<span class=\"ez-toc-section-end\"><\/span><\/h3>\n\n\n\n<figure data-wp-context=\"{&quot;imageId&quot;:&quot;6a9556fdeb0a7&quot;}\" data-wp-interactive=\"core\/image\" data-wp-key=\"6a9556fdeb0a7\" class=\"wp-block-image size-full wp-lightbox-container\"><img decoding=\"async\" width=\"1000\" height=\"563\" data-wp-class--hide=\"state.isContentHidden\" data-wp-class--show=\"state.isContentVisible\" data-wp-init=\"callbacks.setButtonStyles\" data-wp-on--click=\"actions.showLightbox\" data-wp-on--load=\"callbacks.setButtonStyles\" data-wp-on--pointerdown=\"actions.preloadImage\" data-wp-on--pointerenter=\"actions.preloadImageWithDelay\" data-wp-on--pointerleave=\"actions.cancelPreload\" data-wp-on-window--resize=\"callbacks.setButtonStyles\" src=\"https:\/\/loudavymkrokem.cz\/wp-content\/uploads\/2026\/08\/nase-zviratka-putim-klokan.jpg\" alt=\"Cangur \u00een minigr\u0103dina zoologic\u0103 Na\u0161e zv\u00ed\u0159\u00e1tka din Putim\" class=\"wp-image-399583\" title=\"\" srcset=\"https:\/\/loudavymkrokem.cz\/wp-content\/uploads\/2026\/08\/nase-zviratka-putim-klokan.jpg 1000w, https:\/\/loudavymkrokem.cz\/wp-content\/uploads\/2026\/08\/nase-zviratka-putim-klokan-300x169.jpg 300w, https:\/\/loudavymkrokem.cz\/wp-content\/uploads\/2026\/08\/nase-zviratka-putim-klokan-700x394.jpg 700w, https:\/\/loudavymkrokem.cz\/wp-content\/uploads\/2026\/08\/nase-zviratka-putim-klokan-768x432.jpg 768w, https:\/\/loudavymkrokem.cz\/wp-content\/uploads\/2026\/08\/nase-zviratka-putim-klokan-696x392.jpg 696w\" sizes=\"(max-width: 1000px) 100vw, 1000px\" \/><button\n\t\t\tclass=\"lightbox-trigger\"\n\t\t\ttype=\"button\"\n\t\t\taria-haspopup=\"dialog\"\n\t\t\tdata-wp-bind--aria-label=\"state.thisImage.triggerButtonAriaLabel\"\n\t\t\tdata-wp-init=\"callbacks.initTriggerButton\"\n\t\t\tdata-wp-on--click=\"actions.showLightbox\"\n\t\t\tdata-wp-style--right=\"state.thisImage.buttonRight\"\n\t\t\tdata-wp-style--top=\"state.thisImage.buttonTop\"\n\t\t>\n\t\t\t<svg xmlns=\"http:\/\/www.w3.org\/2000\/svg\" width=\"12\" height=\"12\" fill=\"none\" viewBox=\"0 0 12 12\">\n\t\t\t\t<path fill=\"#fff\" d=\"M2 0a2 2 0 0 0-2 2v2h1.5V2a.5.5 0 0 1 .5-.5h2V0H2Zm2 10.5H2a.5.5 0 0 1-.5-.5V8H0v2a2 2 0 0 0 2 2h2v-1.5ZM8 12v-1.5h2a.5.5 0 0 0 .5-.5V8H12v2a2 2 0 0 1-2 2H8Zm2-12a2 2 0 0 1 2 2v2h-1.5V2a.5.5 0 0 0-.5-.5H8V0h2Z\" \/>\n\t\t\t<\/svg>\n\t\t<\/button><\/figure>\n\n\n\n<p class=\"wp-block-paragraph\">P\u00e2n\u0103 la apropiata Putim, faimoas\u0103 datorit\u0103 bravului soldat \u0160vejk, ai din P\u00edsek doar \u0219ase kilometri. Se afl\u0103 aici <strong>un frumos \u0219i cu drag construit col\u021b zoologic, Na\u0161e zv\u00ed\u0159\u00e1tka<\/strong>, de care se ocup\u0103 doamna Koz\u00e1kov\u00e1, \u0219i vei vedea aici canguri Bennett, suricate, r\u0103pitoare \u0219i o cioar\u0103 vorbitoare.<\/p>\n\n\n\n<p class=\"wp-block-paragraph\">\u00centreaga incint\u0103 este conceput\u0103 foarte prietenos pentru familii, iar pe l\u00e2ng\u0103 animale copiii g\u0103sesc aici \u0219i <strong>un pl\u0103cut teren de joac\u0103 retro, cu elemente pentru copii de la doi la doisprezece ani<\/strong>. Copila\u0219ii vor aprecia cu siguran\u021b\u0103 cel mai mult \u021barcurile cu capre, oi\u021be \u0219i iepura\u0219i, pe care \u00eei pot privi de foarte aproape.<\/p>\n\n\n\n<p class=\"wp-block-paragraph\">Cel mai bun lucru la acest loc este c\u0103 <strong>intrarea este complet gratuit\u0103 sau contra unei contribu\u021bii benevole<\/strong> \u00een pu\u0219culi\u021b\u0103, iar programul e \u00een fiecare zi de la nou\u0103 diminea\u021ba p\u00e2n\u0103 la \u0219apte seara. Ma\u0219ina o parchezi gratuit la aproximativ o jum\u0103tate de kilometru de incint\u0103, iar \u00een\u0103untru po\u021bi cump\u0103ra o mic\u0103 gustare.<\/p>\n\n\n\n<h3 class=\"wp-block-heading\"><span class=\"ez-toc-section\" id=\"28_Ferma_Kozel_din_Predotice\"><\/span>28. Ferma Kozel din P\u0159edotice<span class=\"ez-toc-section-end\"><\/span><\/h3>\n\n\n\n<p class=\"wp-block-paragraph\">P\u00e2n\u0103 la P\u0159edotice ai din P\u00edsek <strong>sub 13 kilometri \u0219i dou\u0103sprezece minute de mers<\/strong>, a\u0219a c\u0103 este unul dintre cele mai apropiate parcuri-ferm\u0103 pe care le avem. Animalele de aici sunt obi\u0219nuite cu copiii, se las\u0103 m\u00e2ng\u00e2iate \u0219i hr\u0103nite, iar \u00eentreaga incint\u0103 las\u0103 impresia mai degrab\u0103 de ferm\u0103 de familie dec\u00e2t de atrac\u021bie cu plat\u0103.<\/p>\n\n\n\n<p class=\"wp-block-paragraph\">Pe l\u00e2ng\u0103 animale, pe copii \u00eei a\u0219teapt\u0103 aici <strong>un carusel, juc\u0103rii \u0219i jocuri de cunoa\u0219tere<\/strong> prin incint\u0103, a\u0219a c\u0103 se distreaz\u0103 \u0219i cei care termin\u0103 repede cu m\u00e2ng\u00e2iatul caprelor. La intrare func\u021bioneaz\u0103 un chio\u0219c cu gust\u0103ri, unde po\u021bi sta lini\u0219tit la o mas\u0103.<\/p>\n\n\n\n<p class=\"wp-block-paragraph\">\ud83d\udca1 <strong>Sfat:<\/strong> <strong>Miercurea sunt \u00eenchi\u0219i<\/strong>, altfel programul e de la zece la \u0219ase. Pre\u021bul actual de intrare \u00eel g\u0103se\u0219ti pe kozluvstatek.cz sau \u00eentreab\u0103 la telefonul 775 172 474.<\/p>\n\n\n\n<h3 class=\"wp-block-heading\"><span class=\"ez-toc-section\" id=\"29_Ferma_Stary_Bor_de_langa_Sedlice\"><\/span>29. Ferma Star\u00fd Bor de l\u00e2ng\u0103 Sedlice<span class=\"ez-toc-section-end\"><\/span><\/h3>\n\n\n\n<p class=\"wp-block-paragraph\">Ferma Star\u00fd Bor se afl\u0103 l\u00e2ng\u0103 Sedlice, la <strong>16 kilometri \u0219i un sfert de or\u0103 de mers de P\u00edsek<\/strong>, \u0219i este unul dintre acele locuri care cucere\u0219te \u0219i p\u0103rin\u021bii. Cele mai multe animale au ajuns aici de la st\u0103p\u00e2ni care nu s-au putut sau nu au vrut s\u0103 se ocupe de ele, a\u0219a c\u0103 este pe jum\u0103tate ferm\u0103 \u0219i pe jum\u0103tate ad\u0103post.<\/p>\n\n\n\n<p class=\"wp-block-paragraph\">Vei vedea aici <strong>stru\u021bi, emu, lame, capre, oi \u0219i papagali \u0219i p\u0103uni exotici<\/strong>, animalele se pot hr\u0103ni, iar prin incint\u0103 sunt r\u0103sp\u00e2ndite rebusuri, pe care copiii le dezleag\u0103 \u00een timp ce le ocolesc. Exist\u0103 un teren de joac\u0103 \u0219i o tarab\u0103 cu gust\u0103ri, unde au, printre altele, \u00eenghe\u021bat\u0103, inclusiv f\u0103r\u0103 gluten.<\/p>\n\n\n\n<p class=\"wp-block-paragraph\">Ferma func\u021bioneaz\u0103 <strong>sezonier, aproximativ din mai p\u00e2n\u0103 \u00een septembrie, zilnic de la unsprezece la \u0219ase<\/strong>. Intrarea, potrivit vizitatorilor, este de obicei benevol\u0103, dar mai bine verific-o din timp pe farmastarybor.cz sau la telefonul 606 560 993. Un c\u0103rucior mai adaptat pentru teren se descurc\u0103 \u00een incint\u0103, iar vizita o po\u021bi prelungi cu o plimbare \u00een jurul iazului.<\/p>\n\n\n\n<h3 class=\"wp-block-heading\"><span class=\"ez-toc-section\" id=\"30_Grajdurile_Stetice\"><\/span>30. Grajdurile \u0160t\u011btice<span class=\"ez-toc-section-end\"><\/span><\/h3>\n\n\n\n<p class=\"wp-block-paragraph\">\u0160t\u011btice, de l\u00e2ng\u0103 Ra\u017eice, sunt din P\u00edsek la <strong>sub 12 kilometri, adic\u0103 un sfert de or\u0103 cu ma\u0219ina<\/strong>, \u0219i sunt grajdurile din zon\u0103 cu cel mai bun rating. De aici se merge la plimb\u0103ri \u00een \u00eemprejurimi \u0219i iau \u0219i \u00eencep\u0103tori absolu\u021bi, a\u0219a c\u0103 po\u021bi pleca aici \u0219i cu un copil care nu a stat niciodat\u0103 pe cal.<\/p>\n\n\n\n<p class=\"wp-block-paragraph\">Peste vacan\u021b\u0103, <strong>familiile din P\u00edsek vin aici la plimb\u0103ri \u00een mod regulat<\/strong>, iar \u00een recenzii se laud\u0103 \u00een mod repetat atitudinea oamenilor care se ocup\u0103 de cai. Datele \u0219i condi\u021biile pentru copii stabile\u0219te-le din timp pe stajestetice.cz sau la telefonul 724 759 880.<\/p>\n\n\n\n<h3 class=\"wp-block-heading\"><span class=\"ez-toc-section\" id=\"31_Ranch_Calamity_Jane_din_Probulov\"><\/span>31. Ranch Calamity Jane din Probulov<span class=\"ez-toc-section-end\"><\/span><\/h3>\n\n\n\n<p class=\"wp-block-paragraph\">Ranchul de l\u00e2ng\u0103 Probulov este ceva mai departe, la <strong>32 de kilometri \u0219i o jum\u0103tate de or\u0103 de mers<\/strong>, \u00een schimb se apropie de barajul Orl\u00edk, a\u0219a c\u0103 poate fi combinat cu o excursie la ap\u0103. Incinta este chiar \u00eentins\u0103: cai, animale de ferm\u0103, p\u0103\u0219uni \u0219i atmosfer\u0103 western.<\/p>\n\n\n\n<p class=\"wp-block-paragraph\">Pe l\u00e2ng\u0103 c\u0103l\u0103ritul pe cal, func\u021bioneaz\u0103 aici \u0219i <strong>o zon\u0103 de camping cu tipiuri, unde se poate \u00eennopta<\/strong>, ceea ce vor aprecia mai ales copiii mai mari. De obicei au deschis zilnic de la zece la \u0219ase; programul \u0219i pre\u021burile verific\u0103-le pe calamity.cz sau la telefonul 775 646 461.<\/p>\n\n\n\n<h3 class=\"wp-block-heading\"><span class=\"ez-toc-section\" id=\"32_Fiziland_Protivin\"><\/span>32. Fiziland Protiv\u00edn<span class=\"ez-toc-section-end\"><\/span><\/h3>\n\n\n\n<figure data-wp-context=\"{&quot;imageId&quot;:&quot;6a9556fdeb831&quot;}\" data-wp-interactive=\"core\/image\" data-wp-key=\"6a9556fdeb831\" class=\"wp-block-image size-full wp-lightbox-container\"><img decoding=\"async\" width=\"2200\" height=\"1467\" data-wp-class--hide=\"state.isContentHidden\" data-wp-class--show=\"state.isContentVisible\" data-wp-init=\"callbacks.setButtonStyles\" data-wp-on--click=\"actions.showLightbox\" data-wp-on--load=\"callbacks.setButtonStyles\" data-wp-on--pointerdown=\"actions.preloadImage\" data-wp-on--pointerenter=\"actions.preloadImageWithDelay\" data-wp-on--pointerleave=\"actions.cancelPreload\" data-wp-on-window--resize=\"callbacks.setButtonStyles\" src=\"https:\/\/loudavymkrokem.cz\/wp-content\/uploads\/2026\/08\/fiziland-protivin-herna.jpg\" alt=\"Spa\u021biul de joac\u0103 interior Fiziland din Protiv\u00edn, cu groap\u0103 de burete \u0219i c\u0103\u021b\u0103r\u0103toare\" class=\"wp-image-399563\" title=\"\" srcset=\"https:\/\/loudavymkrokem.cz\/wp-content\/uploads\/2026\/08\/fiziland-protivin-herna.jpg 2200w, https:\/\/loudavymkrokem.cz\/wp-content\/uploads\/2026\/08\/fiziland-protivin-herna-300x200.jpg 300w, https:\/\/loudavymkrokem.cz\/wp-content\/uploads\/2026\/08\/fiziland-protivin-herna-700x467.jpg 700w, https:\/\/loudavymkrokem.cz\/wp-content\/uploads\/2026\/08\/fiziland-protivin-herna-768x512.jpg 768w, https:\/\/loudavymkrokem.cz\/wp-content\/uploads\/2026\/08\/fiziland-protivin-herna-1536x1024.jpg 1536w, https:\/\/loudavymkrokem.cz\/wp-content\/uploads\/2026\/08\/fiziland-protivin-herna-2048x1366.jpg 2048w, https:\/\/loudavymkrokem.cz\/wp-content\/uploads\/2026\/08\/fiziland-protivin-herna-696x464.jpg 696w, https:\/\/loudavymkrokem.cz\/wp-content\/uploads\/2026\/08\/fiziland-protivin-herna-1392x928.jpg 1392w, https:\/\/loudavymkrokem.cz\/wp-content\/uploads\/2026\/08\/fiziland-protivin-herna-1920x1280.jpg 1920w\" sizes=\"(max-width: 2200px) 100vw, 2200px\" \/><button\n\t\t\tclass=\"lightbox-trigger\"\n\t\t\ttype=\"button\"\n\t\t\taria-haspopup=\"dialog\"\n\t\t\tdata-wp-bind--aria-label=\"state.thisImage.triggerButtonAriaLabel\"\n\t\t\tdata-wp-init=\"callbacks.initTriggerButton\"\n\t\t\tdata-wp-on--click=\"actions.showLightbox\"\n\t\t\tdata-wp-style--right=\"state.thisImage.buttonRight\"\n\t\t\tdata-wp-style--top=\"state.thisImage.buttonTop\"\n\t\t>\n\t\t\t<svg xmlns=\"http:\/\/www.w3.org\/2000\/svg\" width=\"12\" height=\"12\" fill=\"none\" viewBox=\"0 0 12 12\">\n\t\t\t\t<path fill=\"#fff\" d=\"M2 0a2 2 0 0 0-2 2v2h1.5V2a.5.5 0 0 1 .5-.5h2V0H2Zm2 10.5H2a.5.5 0 0 1-.5-.5V8H0v2a2 2 0 0 0 2 2h2v-1.5ZM8 12v-1.5h2a.5.5 0 0 0 .5-.5V8H12v2a2 2 0 0 1-2 2H8Zm2-12a2 2 0 0 1 2 2v2h-1.5V2a.5.5 0 0 0-.5-.5H8V0h2Z\" \/>\n\t\t\t<\/svg>\n\t\t<\/button><\/figure>\n\n\n\n<p class=\"wp-block-paragraph\">Dac\u0103 ai acas\u0103 \u0219colari sau urm\u0103re\u0219ti youtuberi pentru copii, cuno\u0219ti cu siguran\u021b\u0103 numele Fizi, care a deschis \u00een Protiv\u00edn (la aproximativ 15 minute de P\u00edsek) <strong>propriul parc de distrac\u021bii uria\u0219, <a href=\"https:\/\/fiziland.cz\" target=\"_blank\" rel=\"nofollow noopener\">Fiziland<\/a><\/strong>. \u00centr-o hal\u0103 uria\u0219\u0103, to\u021bi trebuie s\u0103 se mi\u0219te doar \u00een \u0219osete \u0219i se recomand\u0103 pantaloni lungi \u0219i m\u00e2neci lungi, din motive de siguran\u021b\u0103 la atrac\u021bii.<\/p>\n\n\n\n<p class=\"wp-block-paragraph\">Copiii g\u0103sesc aici <strong>tobogane uria\u0219e, piste de curse, gropi de burete \u0219i o mul\u021bime de trambuline uria\u0219e<\/strong>, nu lipsesc nici terenul de joac\u0103 exterior \u0219i numeroasele jocuri automate. Pentru cei mai mici copila\u0219i este delimitat\u0103 o zon\u0103 de lini\u0219te, ca s\u0103 nu-i doboare copiii mai mari \u00een timpul jocurilor s\u0103lbatice.<\/p>\n\n\n\n<p class=\"wp-block-paragraph\">Ia \u00een calcul c\u0103 <strong>o vizit\u0103 la Fiziland nu este tocmai o afacere ieftin\u0103<\/strong>: biletul pentru copil cost\u0103 circa 85 de lei (389 K\u010d), \u00eenso\u021bitorul adult 35 de lei (159 K\u010d), iar cel mai avantajos pachet de familie, pentru doi adul\u021bi \u0219i doi copii, ajunge la circa 194 de lei (889 K\u010d). Interesul este \u00eens\u0103 at\u00e2t de mare, \u00eenc\u00e2t v\u00e2nzarea biletelor la fa\u021ba locului nu este deloc garantat\u0103, a\u0219a c\u0103 trebuie s\u0103 faci o rezervare \u00een magazinul online cu cel pu\u021bin o zi sau dou\u0103 \u00een avans. Toate atrac\u021biile, pre\u021burile \u0219i sfaturile despre unde te po\u021bi caza \u00een jurul parcului le-am scris \u00eentr-un articol separat, <a href=\"https:\/\/loudavymkrokem.cz\/fiziland-protivin\/\">despre Fiziland din Protiv\u00edn<\/a>.<\/p>\n\n\n\n<h3 class=\"wp-block-heading\"><span class=\"ez-toc-section\" id=\"33_Kralovstvi_casu_Protivin\"><\/span>33. Kr\u00e1lovstv\u00ed \u010dasu Protiv\u00edn<span class=\"ez-toc-section-end\"><\/span><\/h3>\n\n\n\n<figure data-wp-context=\"{&quot;imageId&quot;:&quot;6a9556fdebcdd&quot;}\" data-wp-interactive=\"core\/image\" data-wp-key=\"6a9556fdebcdd\" class=\"wp-block-image size-full wp-lightbox-container\"><img decoding=\"async\" width=\"1440\" height=\"960\" data-wp-class--hide=\"state.isContentHidden\" data-wp-class--show=\"state.isContentVisible\" data-wp-init=\"callbacks.setButtonStyles\" data-wp-on--click=\"actions.showLightbox\" data-wp-on--load=\"callbacks.setButtonStyles\" data-wp-on--pointerdown=\"actions.preloadImage\" data-wp-on--pointerenter=\"actions.preloadImageWithDelay\" data-wp-on--pointerleave=\"actions.cancelPreload\" data-wp-on-window--resize=\"callbacks.setButtonStyles\" src=\"https:\/\/loudavymkrokem.cz\/wp-content\/uploads\/2026\/08\/kralovstvi-casu-protivin-vila.jpg\" alt=\"Vila \u00een stil secession Kr\u00e1lovstv\u00ed \u010dasu din Protiv\u00edn\" class=\"wp-image-399570\" title=\"\" srcset=\"https:\/\/loudavymkrokem.cz\/wp-content\/uploads\/2026\/08\/kralovstvi-casu-protivin-vila.jpg 1440w, https:\/\/loudavymkrokem.cz\/wp-content\/uploads\/2026\/08\/kralovstvi-casu-protivin-vila-300x200.jpg 300w, https:\/\/loudavymkrokem.cz\/wp-content\/uploads\/2026\/08\/kralovstvi-casu-protivin-vila-700x467.jpg 700w, https:\/\/loudavymkrokem.cz\/wp-content\/uploads\/2026\/08\/kralovstvi-casu-protivin-vila-768x512.jpg 768w, https:\/\/loudavymkrokem.cz\/wp-content\/uploads\/2026\/08\/kralovstvi-casu-protivin-vila-696x464.jpg 696w, https:\/\/loudavymkrokem.cz\/wp-content\/uploads\/2026\/08\/kralovstvi-casu-protivin-vila-1392x928.jpg 1392w\" sizes=\"(max-width: 1440px) 100vw, 1440px\" \/><button\n\t\t\tclass=\"lightbox-trigger\"\n\t\t\ttype=\"button\"\n\t\t\taria-haspopup=\"dialog\"\n\t\t\tdata-wp-bind--aria-label=\"state.thisImage.triggerButtonAriaLabel\"\n\t\t\tdata-wp-init=\"callbacks.initTriggerButton\"\n\t\t\tdata-wp-on--click=\"actions.showLightbox\"\n\t\t\tdata-wp-style--right=\"state.thisImage.buttonRight\"\n\t\t\tdata-wp-style--top=\"state.thisImage.buttonTop\"\n\t\t>\n\t\t\t<svg xmlns=\"http:\/\/www.w3.org\/2000\/svg\" width=\"12\" height=\"12\" fill=\"none\" viewBox=\"0 0 12 12\">\n\t\t\t\t<path fill=\"#fff\" d=\"M2 0a2 2 0 0 0-2 2v2h1.5V2a.5.5 0 0 1 .5-.5h2V0H2Zm2 10.5H2a.5.5 0 0 1-.5-.5V8H0v2a2 2 0 0 0 2 2h2v-1.5ZM8 12v-1.5h2a.5.5 0 0 0 .5-.5V8H12v2a2 2 0 0 1-2 2H8Zm2-12a2 2 0 0 1 2 2v2h-1.5V2a.5.5 0 0 0-.5-.5H8V0h2Z\" \/>\n\t\t\t<\/svg>\n\t\t<\/button><\/figure>\n\n\n\n<p class=\"wp-block-paragraph\">C\u00e2nd vei fi deja \u00een Protiv\u00edn, nu ai voie s\u0103 ratezi Kr\u00e1lovstv\u00ed \u010dasu (Regatul timpului), care este <strong>o vil\u0103 \u00een stil secession uimitor restaurat\u0103<\/strong>, ce func\u021bioneaz\u0103 ca muzeu al ceasurilor, dar mai ales ca un rai absolut pentru familiile cu copii. Expozi\u021bia cu ceasuri istorice \u0219i mecanismul de turn este, ce-i drept, la etaj, dar ce e mai important pentru copii se petrece la parter \u0219i \u00een gr\u0103din\u0103.<\/p>\n\n\n\n<p class=\"wp-block-paragraph\">G\u0103se\u0219ti aici <strong>un frumos atelier creativ, unde copiii fac ceasuri de\u0219tept\u0103toare sau marionete<\/strong>, \u0219i un spa\u021biu de joac\u0103 uimitor, cu buc\u0103t\u0103rie \u0219i biciclete f\u0103r\u0103 pedale. \u0218i mai bun\u0103 este gr\u0103dina \u00eemprejmuit\u0103, cu tobogan, telecabin\u0103 \u0219i o mul\u021bime de c\u0103\u021b\u0103r\u0103toare, unde copiii se dezl\u0103n\u021buie \u00een timp ce tu stai la o cafea.<\/p>\n\n\n\n<p class=\"wp-block-paragraph\">Cel mai bun lucru la sf\u00e2r\u0219it \u2014 <strong>spa\u021biul de joac\u0103 \u0219i gr\u0103dina sunt complet gratuite pentru clien\u021bii cafenelei<\/strong>, se pl\u0103te\u0219te doar intrarea la muzeul propriu-zis al ceasurilor (adul\u021bi circa 20 de lei \/ 90 K\u010d, copii circa 13 lei \/ 60 K\u010d). Pentru familiile cu copila\u0219i de doi ani este un loc ideal, care te salveaz\u0103 \u00een siguran\u021b\u0103 \u0219i \u00een caz de ploaie.<\/p>\n\n\n\n<h3 class=\"wp-block-heading\"><span class=\"ez-toc-section\" id=\"34_Gradina_zoologica_a_crocodililor_din_Protivin\"><\/span>34. Gr\u0103dina zoologic\u0103 a crocodililor din Protiv\u00edn<span class=\"ez-toc-section-end\"><\/span><\/h3>\n\n\n\n<figure data-wp-context=\"{&quot;imageId&quot;:&quot;6a9556fdec17e&quot;}\" data-wp-interactive=\"core\/image\" data-wp-key=\"6a9556fdec17e\" class=\"wp-block-image size-full wp-lightbox-container\"><img decoding=\"async\" width=\"1120\" height=\"800\" data-wp-class--hide=\"state.isContentHidden\" data-wp-class--show=\"state.isContentVisible\" data-wp-init=\"callbacks.setButtonStyles\" data-wp-on--click=\"actions.showLightbox\" data-wp-on--load=\"callbacks.setButtonStyles\" data-wp-on--pointerdown=\"actions.preloadImage\" data-wp-on--pointerenter=\"actions.preloadImageWithDelay\" data-wp-on--pointerleave=\"actions.cancelPreload\" data-wp-on-window--resize=\"callbacks.setButtonStyles\" src=\"https:\/\/loudavymkrokem.cz\/wp-content\/uploads\/2026\/08\/krokodyli-zoo-protivin-aligator.jpg\" alt=\"Aligator \u00een Gr\u0103dina zoologic\u0103 a crocodililor din Protiv\u00edn\" class=\"wp-image-399574\" title=\"\" srcset=\"https:\/\/loudavymkrokem.cz\/wp-content\/uploads\/2026\/08\/krokodyli-zoo-protivin-aligator.jpg 1120w, https:\/\/loudavymkrokem.cz\/wp-content\/uploads\/2026\/08\/krokodyli-zoo-protivin-aligator-300x214.jpg 300w, https:\/\/loudavymkrokem.cz\/wp-content\/uploads\/2026\/08\/krokodyli-zoo-protivin-aligator-700x500.jpg 700w, https:\/\/loudavymkrokem.cz\/wp-content\/uploads\/2026\/08\/krokodyli-zoo-protivin-aligator-768x549.jpg 768w, https:\/\/loudavymkrokem.cz\/wp-content\/uploads\/2026\/08\/krokodyli-zoo-protivin-aligator-696x497.jpg 696w\" sizes=\"(max-width: 1120px) 100vw, 1120px\" \/><button\n\t\t\tclass=\"lightbox-trigger\"\n\t\t\ttype=\"button\"\n\t\t\taria-haspopup=\"dialog\"\n\t\t\tdata-wp-bind--aria-label=\"state.thisImage.triggerButtonAriaLabel\"\n\t\t\tdata-wp-init=\"callbacks.initTriggerButton\"\n\t\t\tdata-wp-on--click=\"actions.showLightbox\"\n\t\t\tdata-wp-style--right=\"state.thisImage.buttonRight\"\n\t\t\tdata-wp-style--top=\"state.thisImage.buttonTop\"\n\t\t>\n\t\t\t<svg xmlns=\"http:\/\/www.w3.org\/2000\/svg\" width=\"12\" height=\"12\" fill=\"none\" viewBox=\"0 0 12 12\">\n\t\t\t\t<path fill=\"#fff\" d=\"M2 0a2 2 0 0 0-2 2v2h1.5V2a.5.5 0 0 1 .5-.5h2V0H2Zm2 10.5H2a.5.5 0 0 1-.5-.5V8H0v2a2 2 0 0 0 2 2h2v-1.5ZM8 12v-1.5h2a.5.5 0 0 0 .5-.5V8H12v2a2 2 0 0 1-2 2H8Zm2-12a2 2 0 0 1 2 2v2h-1.5V2a.5.5 0 0 0-.5-.5H8V0h2Z\" \/>\n\t\t\t<\/svg>\n\t\t<\/button><\/figure>\n\n\n\n<p class=\"wp-block-paragraph\">A treia oar\u0103 Protiv\u00edn, de data asta pentru iubitorii de reptile, pentru c\u0103 aici, chiar \u00een pia\u021b\u0103, se afl\u0103 <strong><a href=\"https:\/\/www.krokodylizoo.cz\" target=\"_blank\" rel=\"nofollow noopener\">Gr\u0103dina zoologic\u0103 a crocodililor<\/a>, unde cresc peste o sut\u0103 dintre aceste animale preistorice<\/strong>. \u00centreaga expozi\u021bie este, \u00een plus, complet f\u0103r\u0103 bariere, a\u0219a c\u0103 ajungi u\u0219or aici \u0219i cu c\u0103ruciorul.<\/p>\n\n\n\n<p class=\"wp-block-paragraph\">Crocodilii pot fi v\u0103zu\u021bi \u00een terarii uria\u0219e, iar <strong>intrarea de familie pentru doi adul\u021bi \u0219i doi copii ajunge la circa 220 de lei (1000 K\u010d)<\/strong>, copiii p\u00e2n\u0103 la doi ani av\u00e2nd, ca de obicei, intrare gratuit\u0103. De regul\u0103 au deschis din septembrie p\u00e2n\u0103 \u00een iunie p\u00e2n\u0103 la patru dup\u0103-amiaza, iar vara cu o or\u0103 mai mult.<\/p>\n\n\n\n<p class=\"wp-block-paragraph\">Fii doar atent c\u0103 <strong>\u00eendr\u0103gita hr\u0103nire comentat\u0103 a crocodililor face \u00een prezent parte doar dintr-un tur exclusiv cu plat\u0103<\/strong>, a\u0219a c\u0103, dac\u0103 vrei s\u0103 vezi animalele \u00een ac\u021biune, trebuie s\u0103 pl\u0103te\u0219ti \u00een plus pentru aceast\u0103 experien\u021b\u0103. Ma\u0219ina o parchezi u\u0219or gratuit pe str\u0103zile din jur sau l\u00e2ng\u0103 apropiatul magazin Norma.<\/p>\n\n\n\n<h3 class=\"wp-block-heading\"><span class=\"ez-toc-section\" id=\"35_Fieraria_de_basm_din_Selibov\"><\/span>35. Fier\u0103ria de basm din Selibov<span class=\"ez-toc-section-end\"><\/span><\/h3>\n\n\n\n<figure data-wp-context=\"{&quot;imageId&quot;:&quot;6a9556fdec722&quot;}\" data-wp-interactive=\"core\/image\" data-wp-key=\"6a9556fdec722\" class=\"wp-block-image size-full wp-lightbox-container\"><img decoding=\"async\" width=\"2000\" height=\"1333\" data-wp-class--hide=\"state.isContentHidden\" data-wp-class--show=\"state.isContentVisible\" data-wp-init=\"callbacks.setButtonStyles\" data-wp-on--click=\"actions.showLightbox\" data-wp-on--load=\"callbacks.setButtonStyles\" data-wp-on--pointerdown=\"actions.preloadImage\" data-wp-on--pointerenter=\"actions.preloadImageWithDelay\" data-wp-on--pointerleave=\"actions.cancelPreload\" data-wp-on-window--resize=\"callbacks.setButtonStyles\" src=\"https:\/\/loudavymkrokem.cz\/wp-content\/uploads\/2026\/08\/pohadkova-kovarna-selibov.jpg\" alt=\"Fier\u0103ria de basm din Selibov, cu acoperi\u0219 de stuf\" class=\"wp-image-399577\" title=\"\" srcset=\"https:\/\/loudavymkrokem.cz\/wp-content\/uploads\/2026\/08\/pohadkova-kovarna-selibov.jpg 2000w, https:\/\/loudavymkrokem.cz\/wp-content\/uploads\/2026\/08\/pohadkova-kovarna-selibov-300x200.jpg 300w, https:\/\/loudavymkrokem.cz\/wp-content\/uploads\/2026\/08\/pohadkova-kovarna-selibov-700x467.jpg 700w, https:\/\/loudavymkrokem.cz\/wp-content\/uploads\/2026\/08\/pohadkova-kovarna-selibov-768x512.jpg 768w, https:\/\/loudavymkrokem.cz\/wp-content\/uploads\/2026\/08\/pohadkova-kovarna-selibov-1536x1024.jpg 1536w, https:\/\/loudavymkrokem.cz\/wp-content\/uploads\/2026\/08\/pohadkova-kovarna-selibov-696x464.jpg 696w, https:\/\/loudavymkrokem.cz\/wp-content\/uploads\/2026\/08\/pohadkova-kovarna-selibov-1392x928.jpg 1392w, https:\/\/loudavymkrokem.cz\/wp-content\/uploads\/2026\/08\/pohadkova-kovarna-selibov-1920x1280.jpg 1920w\" sizes=\"(max-width: 2000px) 100vw, 2000px\" \/><button\n\t\t\tclass=\"lightbox-trigger\"\n\t\t\ttype=\"button\"\n\t\t\taria-haspopup=\"dialog\"\n\t\t\tdata-wp-bind--aria-label=\"state.thisImage.triggerButtonAriaLabel\"\n\t\t\tdata-wp-init=\"callbacks.initTriggerButton\"\n\t\t\tdata-wp-on--click=\"actions.showLightbox\"\n\t\t\tdata-wp-style--right=\"state.thisImage.buttonRight\"\n\t\t\tdata-wp-style--top=\"state.thisImage.buttonTop\"\n\t\t>\n\t\t\t<svg xmlns=\"http:\/\/www.w3.org\/2000\/svg\" width=\"12\" height=\"12\" fill=\"none\" viewBox=\"0 0 12 12\">\n\t\t\t\t<path fill=\"#fff\" d=\"M2 0a2 2 0 0 0-2 2v2h1.5V2a.5.5 0 0 1 .5-.5h2V0H2Zm2 10.5H2a.5.5 0 0 1-.5-.5V8H0v2a2 2 0 0 0 2 2h2v-1.5ZM8 12v-1.5h2a.5.5 0 0 0 .5-.5V8H12v2a2 2 0 0 1-2 2H8Zm2-12a2 2 0 0 1 2 2v2h-1.5V2a.5.5 0 0 0-.5-.5H8V0h2Z\" \/>\n\t\t\t<\/svg>\n\t\t<\/button><\/figure>\n\n\n\n<p class=\"wp-block-paragraph\">\u00cen drum spre Protiv\u00edn, opre\u0219te-te neap\u0103rat \u00een micu\u021bul sat Selibov, unde se afl\u0103 <strong>fermec\u0103toarea Fier\u0103rie de basm, care \u00eei entuziasmeaz\u0103 mai ales pe pre\u0219colari<\/strong>. Chiar la intrare te \u00eent\u00e2mpin\u0103 m\u0103g\u0103ru\u0219ii vii Aladin \u0219i Iasmina, iar \u00een\u0103untru copiii se pot deghiza \u00een cele mai diverse personaje de basm.<\/p>\n\n\n\n<p class=\"wp-block-paragraph\">\u00centreaga vizit\u0103 \u00ee\u021bi ia aproximativ dou\u0103 ore, \u00een care <strong>treci prin grajdul de basm, \u00eencerci atelierul creativ \u0219i te r\u0103t\u0103ce\u0219ti \u00een labirintul<\/strong> cu personaje. \u00cen jurul fier\u0103riei trece, \u00een plus, poteca berzei Ferdinand, cu dou\u0103sprezece opriri distractive.<\/p>\n\n\n\n<p class=\"wp-block-paragraph\">Intrarea este anul acesta <strong>unic\u0103 pentru to\u021bi \u0219i este de circa 21 de lei (95 K\u010d)<\/strong>, iar micu\u021bii p\u00e2n\u0103 la doi ani nu pl\u0103tesc nimic. \u00cen vacan\u021ba de var\u0103 au deschis \u00een fiecare zi, iar \u00een afara sezonului func\u021bioneaz\u0103 mai ales \u00een weekend \u0219i organizeaz\u0103 evenimente frumoase \u0219i \u00een perioada Adventului, c\u00e2nd miroase a bucate la U \u010cerven\u00e9 karkulky.<\/p>\n\n\n\n<h3 class=\"wp-block-heading\"><span class=\"ez-toc-section\" id=\"36_Zemeraj_Kovarov\"><\/span>36. Zem\u011br\u00e1j Kov\u00e1\u0159ov<span class=\"ez-toc-section-end\"><\/span><\/h3>\n\n\n\n<figure data-wp-context=\"{&quot;imageId&quot;:&quot;6a9556fdece98&quot;}\" data-wp-interactive=\"core\/image\" data-wp-key=\"6a9556fdece98\" class=\"wp-block-image size-full wp-lightbox-container\"><img decoding=\"async\" width=\"1400\" height=\"550\" data-wp-class--hide=\"state.isContentHidden\" data-wp-class--show=\"state.isContentVisible\" data-wp-init=\"callbacks.setButtonStyles\" data-wp-on--click=\"actions.showLightbox\" data-wp-on--load=\"callbacks.setButtonStyles\" data-wp-on--pointerdown=\"actions.preloadImage\" data-wp-on--pointerenter=\"actions.preloadImageWithDelay\" data-wp-on--pointerleave=\"actions.cancelPreload\" data-wp-on-window--resize=\"callbacks.setButtonStyles\" src=\"https:\/\/loudavymkrokem.cz\/wp-content\/uploads\/2026\/08\/zemeraj-kovarov-lidova-staveni.jpg\" alt=\"Construc\u021bii tradi\u021bionale \u00een parcul de experien\u021be Zem\u011br\u00e1j de l\u00e2ng\u0103 Kov\u00e1\u0159ov\" class=\"wp-image-399579\" title=\"\" srcset=\"https:\/\/loudavymkrokem.cz\/wp-content\/uploads\/2026\/08\/zemeraj-kovarov-lidova-staveni.jpg 1400w, https:\/\/loudavymkrokem.cz\/wp-content\/uploads\/2026\/08\/zemeraj-kovarov-lidova-staveni-300x118.jpg 300w, https:\/\/loudavymkrokem.cz\/wp-content\/uploads\/2026\/08\/zemeraj-kovarov-lidova-staveni-700x275.jpg 700w, https:\/\/loudavymkrokem.cz\/wp-content\/uploads\/2026\/08\/zemeraj-kovarov-lidova-staveni-768x302.jpg 768w, https:\/\/loudavymkrokem.cz\/wp-content\/uploads\/2026\/08\/zemeraj-kovarov-lidova-staveni-696x273.jpg 696w, https:\/\/loudavymkrokem.cz\/wp-content\/uploads\/2026\/08\/zemeraj-kovarov-lidova-staveni-1392x547.jpg 1392w\" sizes=\"(max-width: 1400px) 100vw, 1400px\" \/><button\n\t\t\tclass=\"lightbox-trigger\"\n\t\t\ttype=\"button\"\n\t\t\taria-haspopup=\"dialog\"\n\t\t\tdata-wp-bind--aria-label=\"state.thisImage.triggerButtonAriaLabel\"\n\t\t\tdata-wp-init=\"callbacks.initTriggerButton\"\n\t\t\tdata-wp-on--click=\"actions.showLightbox\"\n\t\t\tdata-wp-style--right=\"state.thisImage.buttonRight\"\n\t\t\tdata-wp-style--top=\"state.thisImage.buttonTop\"\n\t\t>\n\t\t\t<svg xmlns=\"http:\/\/www.w3.org\/2000\/svg\" width=\"12\" height=\"12\" fill=\"none\" viewBox=\"0 0 12 12\">\n\t\t\t\t<path fill=\"#fff\" d=\"M2 0a2 2 0 0 0-2 2v2h1.5V2a.5.5 0 0 1 .5-.5h2V0H2Zm2 10.5H2a.5.5 0 0 1-.5-.5V8H0v2a2 2 0 0 0 2 2h2v-1.5ZM8 12v-1.5h2a.5.5 0 0 0 .5-.5V8H12v2a2 2 0 0 1-2 2H8Zm2-12a2 2 0 0 1 2 2v2h-1.5V2a.5.5 0 0 0-.5-.5H8V0h2Z\" \/>\n\t\t\t<\/svg>\n\t\t<\/button><\/figure>\n\n\n\n<p class=\"wp-block-paragraph\">La aproximativ 35 de minute de mers de P\u00edsek se afl\u0103 <strong><a href=\"https:\/\/www.zemeraj.cz\" target=\"_blank\" rel=\"nofollow noopener\">Zem\u011br\u00e1j<\/a>, care este o incint\u0103 natural\u0103 uria\u0219\u0103 axat\u0103 pe istoria \u0219i tradi\u021biile cehe<\/strong>. Pentru cei mai mici este preg\u0103tit aici un superb sat pentru copii, Hrejkov, unde pot \u00eencerca me\u0219te\u0219uguri vechi \u0219i se pot juca \u00een c\u0103su\u021be de lemn cu stil.<\/p>\n\n\n\n<p class=\"wp-block-paragraph\">Aici \u00ee\u0219i g\u0103sesc locul to\u021bi copiii care iubesc mi\u0219carea \u00een natur\u0103 \u2014 exist\u0103 <strong>o potec\u0103 de un kilometru pentru mers descul\u021b, jocuri de ap\u0103 \u0219i un sit arheologic<\/strong> \u0219i pute\u021bi chiar coace \u00eempreun\u0103 lipii din aluat. Dat fiind terenul natural, las\u0103 acas\u0103 adida\u0219ii albi \u0219i ia-\u021bi \u00eenc\u0103l\u021b\u0103minte solid\u0103.<\/p>\n\n\n\n<p class=\"wp-block-paragraph\">Intrarea la Zem\u011br\u00e1j cost\u0103 <strong>circa 41 de lei (190 K\u010d) pentru adul\u021bi \u0219i 37 de lei (170 K\u010d) pentru copii de la doi ani<\/strong>, parcarea la incint\u0103 este gratuit\u0103. Au deschis din mai p\u00e2n\u0103 la sf\u00e2r\u0219itul lui septembrie, vara func\u021bion\u00e2nd \u00een fiecare zi de la nou\u0103 \u0219i jum\u0103tate diminea\u021ba p\u00e2n\u0103 seara.<\/p>\n\n\n\n<h3 class=\"wp-block-heading\"><span class=\"ez-toc-section\" id=\"37_Bagrarium_Strakonice\"><\/span>37. Bagr\u00e1rium Strakonice<span class=\"ez-toc-section-end\"><\/span><\/h3>\n\n\n\n<p class=\"wp-block-paragraph\">P\u00e2n\u0103 la Strakonice ai din P\u00edsek aproximativ o jum\u0103tate de or\u0103, iar din februarie 2026 se afl\u0103 aici <strong>primul Bagr\u00e1rium acoperit din Cehia<\/strong>, ceea ce este o adev\u0103rat\u0103 unicitate. Este vorba despre un spa\u021biu de joac\u0103 acoperit uria\u0219, cu groap\u0103 de nisip, unde copiii comand\u0103 modele RC realiste \u0219i mari de excavatoare, \u00eenc\u0103rc\u0103toare \u0219i basculante.<\/p>\n\n\n\n<p class=\"wp-block-paragraph\">La aceast\u0103 idee trebuie s\u0103 atrag insistent aten\u021bia c\u0103 <strong>atrac\u021bia este potrivit\u0103 abia pentru copiii de la \u0219ase ani<\/strong>, pentru c\u0103 manevrarea utilajelor necesit\u0103 o bun\u0103 motricitate fin\u0103 \u0219i coordonarea ambelor m\u00e2ini, a\u0219a c\u0103 pentru copila\u0219i este complet nepotrivit\u0103. Dac\u0103 ai \u00eens\u0103 un frate mai mare care iube\u0219te construc\u021biile, va fi pentru el experien\u021ba anului.<\/p>\n\n\n\n<p class=\"wp-block-paragraph\">Cursele se desf\u0103\u0219oar\u0103 \u00een sloturi de o jum\u0103tate de or\u0103, iar <strong>pentru un utilaj pe treizeci de minute pl\u0103te\u0219ti circa 61 de lei (279 K\u010d)<\/strong>, \u00een pre\u021b fiind inclus\u0103 \u0219i o b\u0103utur\u0103. Din cauza interesului mare, este necesar s\u0103 faci o rezervare online cu cel pu\u021bin o zi \u00een avans; au deschis de la zece la \u0219ase seara.<\/p>\n\n\n\n<h3 class=\"wp-block-heading\"><span class=\"ez-toc-section\" id=\"38_Zvikov_si_vaporul_spre_Orlik\"><\/span>38. Zv\u00edkov \u0219i vaporul spre Orl\u00edk<span class=\"ez-toc-section-end\"><\/span><\/h3>\n\n\n\n<figure data-wp-context=\"{&quot;imageId&quot;:&quot;6a9556fded7b0&quot;}\" data-wp-interactive=\"core\/image\" data-wp-key=\"6a9556fded7b0\" class=\"wp-block-image size-full wp-lightbox-container\"><img decoding=\"async\" width=\"1600\" height=\"856\" data-wp-class--hide=\"state.isContentHidden\" data-wp-class--show=\"state.isContentVisible\" data-wp-init=\"callbacks.setButtonStyles\" data-wp-on--click=\"actions.showLightbox\" data-wp-on--load=\"callbacks.setButtonStyles\" data-wp-on--pointerdown=\"actions.preloadImage\" data-wp-on--pointerenter=\"actions.preloadImageWithDelay\" data-wp-on--pointerleave=\"actions.cancelPreload\" data-wp-on-window--resize=\"callbacks.setButtonStyles\" src=\"https:\/\/loudavymkrokem.cz\/wp-content\/uploads\/2026\/08\/hrad-zvikov-soutok-otavy-a-vltavy.jpg\" alt=\"Cetatea Zv\u00edkov la confluen\u021ba Otavei cu Vltava\" class=\"wp-image-399401\" title=\"\" srcset=\"https:\/\/loudavymkrokem.cz\/wp-content\/uploads\/2026\/08\/hrad-zvikov-soutok-otavy-a-vltavy.jpg 1600w, https:\/\/loudavymkrokem.cz\/wp-content\/uploads\/2026\/08\/hrad-zvikov-soutok-otavy-a-vltavy-300x161.jpg 300w, https:\/\/loudavymkrokem.cz\/wp-content\/uploads\/2026\/08\/hrad-zvikov-soutok-otavy-a-vltavy-700x375.jpg 700w, https:\/\/loudavymkrokem.cz\/wp-content\/uploads\/2026\/08\/hrad-zvikov-soutok-otavy-a-vltavy-768x411.jpg 768w, https:\/\/loudavymkrokem.cz\/wp-content\/uploads\/2026\/08\/hrad-zvikov-soutok-otavy-a-vltavy-1536x822.jpg 1536w, https:\/\/loudavymkrokem.cz\/wp-content\/uploads\/2026\/08\/hrad-zvikov-soutok-otavy-a-vltavy-696x372.jpg 696w, https:\/\/loudavymkrokem.cz\/wp-content\/uploads\/2026\/08\/hrad-zvikov-soutok-otavy-a-vltavy-1392x745.jpg 1392w\" sizes=\"(max-width: 1600px) 100vw, 1600px\" \/><button\n\t\t\tclass=\"lightbox-trigger\"\n\t\t\ttype=\"button\"\n\t\t\taria-haspopup=\"dialog\"\n\t\t\tdata-wp-bind--aria-label=\"state.thisImage.triggerButtonAriaLabel\"\n\t\t\tdata-wp-init=\"callbacks.initTriggerButton\"\n\t\t\tdata-wp-on--click=\"actions.showLightbox\"\n\t\t\tdata-wp-style--right=\"state.thisImage.buttonRight\"\n\t\t\tdata-wp-style--top=\"state.thisImage.buttonTop\"\n\t\t>\n\t\t\t<svg xmlns=\"http:\/\/www.w3.org\/2000\/svg\" width=\"12\" height=\"12\" fill=\"none\" viewBox=\"0 0 12 12\">\n\t\t\t\t<path fill=\"#fff\" d=\"M2 0a2 2 0 0 0-2 2v2h1.5V2a.5.5 0 0 1 .5-.5h2V0H2Zm2 10.5H2a.5.5 0 0 1-.5-.5V8H0v2a2 2 0 0 0 2 2h2v-1.5ZM8 12v-1.5h2a.5.5 0 0 0 .5-.5V8H12v2a2 2 0 0 1-2 2H8Zm2-12a2 2 0 0 1 2 2v2h-1.5V2a.5.5 0 0 0-.5-.5H8V0h2Z\" \/>\n\t\t\t<\/svg>\n\t\t<\/button><\/figure>\n\n\n\n<p class=\"wp-block-paragraph\">Combina\u021bia dintre o cetate \u0219i o plimbare cu barca sun\u0103 ca o excursie de var\u0103 perfect\u0103, \u0219i exact asta ofer\u0103 cetatea Zv\u00edkov, care se afl\u0103 la aproximativ 25 de minute de P\u00edsek. Aceast\u0103 <strong>cetate maiestuoas\u0103 de la confluen\u021ba Vltavei cu Otava<\/strong> are un exterior frumos, iar vizitarea palatului regal se face f\u0103r\u0103 ghid, a\u0219a c\u0103 o po\u021bi parcurge \u00een propriul ritm, ceea ce vei aprecia la maximum cu ni\u0219te copii neast\u00e2mp\u0103ra\u021bi.<\/p>\n\n\n\n<p class=\"wp-block-paragraph\">Chiar sub cetate se afl\u0103 debarcaderul, de unde <strong>\u00een sezonul de var\u0103 pleac\u0103 vapoare \u00een direc\u021bia castelului Orl\u00edk<\/strong>. Croaziera \u00een sine dureaz\u0103 sub o or\u0103, ceea ce este exact c\u00e2t trebuie pentru ca cei mici s\u0103 se distreze \u0219i s\u0103 nu se plictiseasc\u0103, iar pentru un adult pl\u0103te\u0219ti circa 65 de lei (300 K\u010d), \u00een timp ce copiii p\u00e2n\u0103 la trei ani c\u0103l\u0103toresc gratuit.<\/p>\n\n\n\n<p class=\"wp-block-paragraph\">Dac\u0103 te decizi s\u0103 vizitezi \u0219i castelul Orl\u00edk \u00een sine, ia \u00een calcul c\u0103 <strong>vizitarea castelului dureaz\u0103 aproape o or\u0103<\/strong>, ceea ce, pentru un copila\u0219 de doi ani, poate fi deja prea mult, a\u0219a c\u0103, cu copii mai mici, \u00ee\u021bi recomand s\u0103 r\u0103m\u00e2i doar la croazier\u0103 \u0219i la un picnic la poalele castelului.<\/p>\n\n\n\n<h3 class=\"wp-block-heading\"><span class=\"ez-toc-section\" id=\"39_Castelul_Blatna_si_cerbii_lopatari\"><\/span>39. Castelul Blatn\u00e1 \u0219i cerbii lop\u0103tari<span class=\"ez-toc-section-end\"><\/span><\/h3>\n\n\n\n<figure data-wp-context=\"{&quot;imageId&quot;:&quot;6a9556fdededb&quot;}\" data-wp-interactive=\"core\/image\" data-wp-key=\"6a9556fdededb\" class=\"wp-block-image size-full wp-lightbox-container\"><img decoding=\"async\" width=\"1920\" height=\"1280\" data-wp-class--hide=\"state.isContentHidden\" data-wp-class--show=\"state.isContentVisible\" data-wp-init=\"callbacks.setButtonStyles\" data-wp-on--click=\"actions.showLightbox\" data-wp-on--load=\"callbacks.setButtonStyles\" data-wp-on--pointerdown=\"actions.preloadImage\" data-wp-on--pointerenter=\"actions.preloadImageWithDelay\" data-wp-on--pointerleave=\"actions.cancelPreload\" data-wp-on-window--resize=\"callbacks.setButtonStyles\" src=\"https:\/\/loudavymkrokem.cz\/wp-content\/uploads\/2026\/08\/zamek-blatna-vodni-zamek-park.jpg\" alt=\"Castelul pe ap\u0103 Blatn\u00e1, cu parc plin de cerbi lop\u0103tari\" class=\"wp-image-399409\" title=\"\" srcset=\"https:\/\/loudavymkrokem.cz\/wp-content\/uploads\/2026\/08\/zamek-blatna-vodni-zamek-park.jpg 1920w, https:\/\/loudavymkrokem.cz\/wp-content\/uploads\/2026\/08\/zamek-blatna-vodni-zamek-park-300x200.jpg 300w, https:\/\/loudavymkrokem.cz\/wp-content\/uploads\/2026\/08\/zamek-blatna-vodni-zamek-park-700x467.jpg 700w, https:\/\/loudavymkrokem.cz\/wp-content\/uploads\/2026\/08\/zamek-blatna-vodni-zamek-park-768x512.jpg 768w, https:\/\/loudavymkrokem.cz\/wp-content\/uploads\/2026\/08\/zamek-blatna-vodni-zamek-park-1536x1024.jpg 1536w, https:\/\/loudavymkrokem.cz\/wp-content\/uploads\/2026\/08\/zamek-blatna-vodni-zamek-park-696x464.jpg 696w, https:\/\/loudavymkrokem.cz\/wp-content\/uploads\/2026\/08\/zamek-blatna-vodni-zamek-park-1392x928.jpg 1392w\" sizes=\"(max-width: 1920px) 100vw, 1920px\" \/><button\n\t\t\tclass=\"lightbox-trigger\"\n\t\t\ttype=\"button\"\n\t\t\taria-haspopup=\"dialog\"\n\t\t\tdata-wp-bind--aria-label=\"state.thisImage.triggerButtonAriaLabel\"\n\t\t\tdata-wp-init=\"callbacks.initTriggerButton\"\n\t\t\tdata-wp-on--click=\"actions.showLightbox\"\n\t\t\tdata-wp-style--right=\"state.thisImage.buttonRight\"\n\t\t\tdata-wp-style--top=\"state.thisImage.buttonTop\"\n\t\t>\n\t\t\t<svg xmlns=\"http:\/\/www.w3.org\/2000\/svg\" width=\"12\" height=\"12\" fill=\"none\" viewBox=\"0 0 12 12\">\n\t\t\t\t<path fill=\"#fff\" d=\"M2 0a2 2 0 0 0-2 2v2h1.5V2a.5.5 0 0 1 .5-.5h2V0H2Zm2 10.5H2a.5.5 0 0 1-.5-.5V8H0v2a2 2 0 0 0 2 2h2v-1.5ZM8 12v-1.5h2a.5.5 0 0 0 .5-.5V8H12v2a2 2 0 0 1-2 2H8Zm2-12a2 2 0 0 1 2 2v2h-1.5V2a.5.5 0 0 0-.5-.5H8V0h2Z\" \/>\n\t\t\t<\/svg>\n\t\t<\/button><\/figure>\n\n\n\n<p class=\"wp-block-paragraph\">Castelul pe ap\u0103 Blatn\u00e1 este la aproximativ o jum\u0103tate de or\u0103 de mers \u0219i este <strong>unul dintre cele mai \u00eendr\u0103gite locuri ale familiilor locale<\/strong>, datorit\u0103 uimitorului parc al castelului. \u00cen el alearg\u0103 liber o ciread\u0103 de cerbi lop\u0103tari, care sunt obi\u0219nui\u021bi cu vizitatorii \u0219i se las\u0103 privi\u021bi de la c\u00e2\u021biva metri.<\/p>\n\n\n\n<p class=\"wp-block-paragraph\">Intrarea \u00een parc cost\u0103 <strong>doar circa 11 lei (50 K\u010d), iar copiii p\u00e2n\u0103 la \u0219ase ani au intrare complet gratuit\u0103<\/strong>, programul fiind \u00een fiecare zi de diminea\u021ba devreme p\u00e2n\u0103 seara. Doar fii foarte atent \u00een timpul bonc\u0103nitului de toamn\u0103, c\u00e2nd este interzis\u0103 cu stricte\u021be hr\u0103nirea \u0219i apropierea de animale.<\/p>\n\n\n\n<p class=\"wp-block-paragraph\">Vara, castelul organizeaz\u0103 \u0219i <strong>vizite speciale pentru copii, de la trei ani<\/strong>, care dureaz\u0103 aproximativ 40 de minute \u0219i trebuie rezervate din timp. Dup\u0103 plimbare, treci neap\u0103rat pe la cafeneaua castelului Oh My Deer, unde uneori, \u00een \u021barc, vei vedea \u0219i dr\u0103g\u0103la\u0219e lame alpaca.<\/p>\n\n\n\n<h3 class=\"wp-block-heading\"><span class=\"ez-toc-section\" id=\"40_ZOO_Hluboka\"><\/span>40. ZOO Hlubok\u00e1<span class=\"ez-toc-section-end\"><\/span><\/h3>\n\n\n\n<figure data-wp-context=\"{&quot;imageId&quot;:&quot;6a9556fdee57c&quot;}\" data-wp-interactive=\"core\/image\" data-wp-key=\"6a9556fdee57c\" class=\"wp-block-image size-full wp-lightbox-container\"><img decoding=\"async\" width=\"1600\" height=\"1244\" data-wp-class--hide=\"state.isContentHidden\" data-wp-class--show=\"state.isContentVisible\" data-wp-init=\"callbacks.setButtonStyles\" data-wp-on--click=\"actions.showLightbox\" data-wp-on--load=\"callbacks.setButtonStyles\" data-wp-on--pointerdown=\"actions.preloadImage\" data-wp-on--pointerenter=\"actions.preloadImageWithDelay\" data-wp-on--pointerleave=\"actions.cancelPreload\" data-wp-on-window--resize=\"callbacks.setButtonStyles\" src=\"https:\/\/loudavymkrokem.cz\/wp-content\/uploads\/2026\/08\/zamek-hluboka-nad-vltavou-zapad-slunce.jpg\" alt=\"Castelul Hlubok\u00e1 nad Vltavou la apus de soare\" class=\"wp-image-399405\" title=\"\" srcset=\"https:\/\/loudavymkrokem.cz\/wp-content\/uploads\/2026\/08\/zamek-hluboka-nad-vltavou-zapad-slunce.jpg 1600w, https:\/\/loudavymkrokem.cz\/wp-content\/uploads\/2026\/08\/zamek-hluboka-nad-vltavou-zapad-slunce-300x233.jpg 300w, https:\/\/loudavymkrokem.cz\/wp-content\/uploads\/2026\/08\/zamek-hluboka-nad-vltavou-zapad-slunce-700x544.jpg 700w, https:\/\/loudavymkrokem.cz\/wp-content\/uploads\/2026\/08\/zamek-hluboka-nad-vltavou-zapad-slunce-768x597.jpg 768w, https:\/\/loudavymkrokem.cz\/wp-content\/uploads\/2026\/08\/zamek-hluboka-nad-vltavou-zapad-slunce-1536x1194.jpg 1536w, https:\/\/loudavymkrokem.cz\/wp-content\/uploads\/2026\/08\/zamek-hluboka-nad-vltavou-zapad-slunce-696x541.jpg 696w, https:\/\/loudavymkrokem.cz\/wp-content\/uploads\/2026\/08\/zamek-hluboka-nad-vltavou-zapad-slunce-1392x1082.jpg 1392w\" sizes=\"(max-width: 1600px) 100vw, 1600px\" \/><button\n\t\t\tclass=\"lightbox-trigger\"\n\t\t\ttype=\"button\"\n\t\t\taria-haspopup=\"dialog\"\n\t\t\tdata-wp-bind--aria-label=\"state.thisImage.triggerButtonAriaLabel\"\n\t\t\tdata-wp-init=\"callbacks.initTriggerButton\"\n\t\t\tdata-wp-on--click=\"actions.showLightbox\"\n\t\t\tdata-wp-style--right=\"state.thisImage.buttonRight\"\n\t\t\tdata-wp-style--top=\"state.thisImage.buttonTop\"\n\t\t>\n\t\t\t<svg xmlns=\"http:\/\/www.w3.org\/2000\/svg\" width=\"12\" height=\"12\" fill=\"none\" viewBox=\"0 0 12 12\">\n\t\t\t\t<path fill=\"#fff\" d=\"M2 0a2 2 0 0 0-2 2v2h1.5V2a.5.5 0 0 1 .5-.5h2V0H2Zm2 10.5H2a.5.5 0 0 1-.5-.5V8H0v2a2 2 0 0 0 2 2h2v-1.5ZM8 12v-1.5h2a.5.5 0 0 0 .5-.5V8H12v2a2 2 0 0 1-2 2H8Zm2-12a2 2 0 0 1 2 2v2h-1.5V2a.5.5 0 0 0-.5-.5H8V0h2Z\" \/>\n\t\t\t<\/svg>\n\t\t<\/button><\/figure>\n\n\n\n<p class=\"wp-block-paragraph\">Gr\u0103dina zoologic\u0103 din sudul Cehiei, de la Hlubok\u00e1, este <strong>frumoas\u0103, compact\u0103 \u0219i se afl\u0103 la aproximativ 40 de minute de P\u00edsek<\/strong>, a\u0219a c\u0103 este o destina\u021bie ideal\u0103 pentru o excursie de o jum\u0103tate de zi. Cresc aici \u00een special animale din zona temperat\u0103 a Europei \u0219i Asiei, iar datorit\u0103 terenului plat, \u00eentreaga gr\u0103din\u0103 zoologic\u0103 se parcurge minunat cu c\u0103ruciorul.<\/p>\n\n\n\n<p class=\"wp-block-paragraph\">Intrarea de baz\u0103 pentru un adult este de circa 39 de lei (180 K\u010d), iar <strong>copiii p\u00e2n\u0103 la 90 de centimetri \u00een\u0103l\u021bime au intrare complet gratuit\u0103<\/strong>. Gr\u0103dina zoologic\u0103 are deschis tot anul, \u00een sezonul de var\u0103 de la opt \u0219i jum\u0103tate diminea\u021ba p\u00e2n\u0103 la \u0219apte seara, iar la intrare se pl\u0103te\u0219te o parcare de aproximativ 17 lei (80 K\u010d) pe zi.<\/p>\n\n\n\n<p class=\"wp-block-paragraph\">Chiar l\u00e2ng\u0103 gr\u0103dina zoologic\u0103 se afl\u0103 <strong>\u00eendr\u0103gitul Park Hlubok\u00e1<\/strong>, unde copiii mai mari, de la \u0219ase ani, pot \u00eencerca un traseu cu fr\u00e2nghii plin de adrenalin\u0103 sau \u00eentreaga familie poate juca minigolf \u0219i poate s\u0103ri pe trambuline bungee.<\/p>\n\n\n\n<h3 class=\"wp-block-heading\"><span class=\"ez-toc-section\" id=\"41_Tabor_si_muzeele_sale\"><\/span>41. T\u00e1bor \u0219i muzeele sale<span class=\"ez-toc-section-end\"><\/span><\/h3>\n\n\n\n<figure data-wp-context=\"{&quot;imageId&quot;:&quot;6a9556fdeec61&quot;}\" data-wp-interactive=\"core\/image\" data-wp-key=\"6a9556fdeec61\" class=\"wp-block-image size-full wp-lightbox-container\"><img decoding=\"async\" width=\"1200\" height=\"800\" data-wp-class--hide=\"state.isContentHidden\" data-wp-class--show=\"state.isContentVisible\" data-wp-init=\"callbacks.setButtonStyles\" data-wp-on--click=\"actions.showLightbox\" data-wp-on--load=\"callbacks.setButtonStyles\" data-wp-on--pointerdown=\"actions.preloadImage\" data-wp-on--pointerenter=\"actions.preloadImageWithDelay\" data-wp-on--pointerleave=\"actions.cancelPreload\" data-wp-on-window--resize=\"callbacks.setButtonStyles\" src=\"https:\/\/loudavymkrokem.cz\/wp-content\/uploads\/2026\/03\/tabor-co-videt-3.jpg\" alt=\"T\u00e1bor\" class=\"wp-image-132729\" title=\"\" srcset=\"https:\/\/loudavymkrokem.cz\/wp-content\/uploads\/2026\/03\/tabor-co-videt-3.jpg 1200w, https:\/\/loudavymkrokem.cz\/wp-content\/uploads\/2026\/03\/tabor-co-videt-3-300x200.jpg 300w, https:\/\/loudavymkrokem.cz\/wp-content\/uploads\/2026\/03\/tabor-co-videt-3-700x467.jpg 700w, https:\/\/loudavymkrokem.cz\/wp-content\/uploads\/2026\/03\/tabor-co-videt-3-768x512.jpg 768w, https:\/\/loudavymkrokem.cz\/wp-content\/uploads\/2026\/03\/tabor-co-videt-3-696x464.jpg 696w\" sizes=\"(max-width: 1200px) 100vw, 1200px\" \/><button\n\t\t\tclass=\"lightbox-trigger\"\n\t\t\ttype=\"button\"\n\t\t\taria-haspopup=\"dialog\"\n\t\t\tdata-wp-bind--aria-label=\"state.thisImage.triggerButtonAriaLabel\"\n\t\t\tdata-wp-init=\"callbacks.initTriggerButton\"\n\t\t\tdata-wp-on--click=\"actions.showLightbox\"\n\t\t\tdata-wp-style--right=\"state.thisImage.buttonRight\"\n\t\t\tdata-wp-style--top=\"state.thisImage.buttonTop\"\n\t\t>\n\t\t\t<svg xmlns=\"http:\/\/www.w3.org\/2000\/svg\" width=\"12\" height=\"12\" fill=\"none\" viewBox=\"0 0 12 12\">\n\t\t\t\t<path fill=\"#fff\" d=\"M2 0a2 2 0 0 0-2 2v2h1.5V2a.5.5 0 0 1 .5-.5h2V0H2Zm2 10.5H2a.5.5 0 0 1-.5-.5V8H0v2a2 2 0 0 0 2 2h2v-1.5ZM8 12v-1.5h2a.5.5 0 0 0 .5-.5V8H12v2a2 2 0 0 1-2 2H8Zm2-12a2 2 0 0 1 2 2v2h-1.5V2a.5.5 0 0 0-.5-.5H8V0h2Z\" \/>\n\t\t\t<\/svg>\n\t\t<\/button><\/figure>\n\n\n\n<p class=\"wp-block-paragraph\">Ora\u0219ul istoric T\u00e1bor, aflat la sub o or\u0103 de mers, este <strong>o salvare excelent\u0103 c\u00e2nd plou\u0103 \u00een vacan\u021b\u0103<\/strong>, pentru c\u0103 aici g\u0103se\u0219ti dou\u0103 muzee uimitoare. Primul este vestitul Muzeu al ciocolatei \u0219i mar\u021bipanului, unde vei vedea sculpturi incredibile din aceste materiale dulci (intrare circa 63 de lei \/ 290 K\u010d, copii 44 de lei \/ 200 K\u010d, sub 100 cm gratuit, familie 181 de lei \/ 830 K\u010d).<\/p>\n\n\n\n<p class=\"wp-block-paragraph\">Chiar \u00een apropiere se afl\u0103 <strong>Muzeul Lego, care ofer\u0103 un spa\u021biu de joac\u0103 uria\u0219 cu c\u0103r\u0103mizi<\/strong>, unde copiii rezist\u0103 construind ore \u00een \u0219ir, iar copila\u0219ii p\u00e2n\u0103 la trei ani au aici intrare gratuit\u0103. Expozi\u021bia este plin\u0103 de modele uria\u0219e \u0219i butoane interactive.<\/p>\n\n\n\n<p class=\"wp-block-paragraph\">Dac\u0103, dimpotriv\u0103, ar str\u0103luci soarele, <strong>po\u021bi pleca la gr\u0103dina zoologic\u0103 local\u0103 ZOO T\u00e1bor din V\u011btrovy<\/strong>, care este mai mic\u0103, dar foarte pl\u0103cut\u0103. Intrarea \u00eel cost\u0103 pe un adult doar circa 24 de lei (110 K\u010d), iar copiii p\u00e2n\u0103 la trei ani, din nou, nu pl\u0103tesc nimic.<\/p>\n\n\n\n<h3 class=\"wp-block-heading\"><span class=\"ez-toc-section\" id=\"42_Muzeul_mastilor_din_Milevsko\"><\/span>42. Muzeul m\u0103\u0219tilor din Milevsko<span class=\"ez-toc-section-end\"><\/span><\/h3>\n\n\n\n<figure data-wp-context=\"{&quot;imageId&quot;:&quot;6a9556fdef598&quot;}\" data-wp-interactive=\"core\/image\" data-wp-key=\"6a9556fdef598\" class=\"wp-block-image size-full wp-lightbox-container\"><img decoding=\"async\" width=\"1200\" height=\"800\" data-wp-class--hide=\"state.isContentHidden\" data-wp-class--show=\"state.isContentVisible\" data-wp-init=\"callbacks.setButtonStyles\" data-wp-on--click=\"actions.showLightbox\" data-wp-on--load=\"callbacks.setButtonStyles\" data-wp-on--pointerdown=\"actions.preloadImage\" data-wp-on--pointerenter=\"actions.preloadImageWithDelay\" data-wp-on--pointerleave=\"actions.cancelPreload\" data-wp-on-window--resize=\"callbacks.setButtonStyles\" src=\"https:\/\/loudavymkrokem.cz\/wp-content\/uploads\/2026\/08\/muzeum-milevskych-maskar-expozice.jpg\" alt=\"M\u0103\u0219ti de carnaval \u00een Muzeul m\u0103\u0219tilor din Milevsko\" class=\"wp-image-399585\" title=\"\" srcset=\"https:\/\/loudavymkrokem.cz\/wp-content\/uploads\/2026\/08\/muzeum-milevskych-maskar-expozice.jpg 1200w, https:\/\/loudavymkrokem.cz\/wp-content\/uploads\/2026\/08\/muzeum-milevskych-maskar-expozice-300x200.jpg 300w, https:\/\/loudavymkrokem.cz\/wp-content\/uploads\/2026\/08\/muzeum-milevskych-maskar-expozice-700x467.jpg 700w, https:\/\/loudavymkrokem.cz\/wp-content\/uploads\/2026\/08\/muzeum-milevskych-maskar-expozice-768x512.jpg 768w, https:\/\/loudavymkrokem.cz\/wp-content\/uploads\/2026\/08\/muzeum-milevskych-maskar-expozice-696x464.jpg 696w\" sizes=\"(max-width: 1200px) 100vw, 1200px\" \/><button\n\t\t\tclass=\"lightbox-trigger\"\n\t\t\ttype=\"button\"\n\t\t\taria-haspopup=\"dialog\"\n\t\t\tdata-wp-bind--aria-label=\"state.thisImage.triggerButtonAriaLabel\"\n\t\t\tdata-wp-init=\"callbacks.initTriggerButton\"\n\t\t\tdata-wp-on--click=\"actions.showLightbox\"\n\t\t\tdata-wp-style--right=\"state.thisImage.buttonRight\"\n\t\t\tdata-wp-style--top=\"state.thisImage.buttonTop\"\n\t\t>\n\t\t\t<svg xmlns=\"http:\/\/www.w3.org\/2000\/svg\" width=\"12\" height=\"12\" fill=\"none\" viewBox=\"0 0 12 12\">\n\t\t\t\t<path fill=\"#fff\" d=\"M2 0a2 2 0 0 0-2 2v2h1.5V2a.5.5 0 0 1 .5-.5h2V0H2Zm2 10.5H2a.5.5 0 0 1-.5-.5V8H0v2a2 2 0 0 0 2 2h2v-1.5ZM8 12v-1.5h2a.5.5 0 0 0 .5-.5V8H12v2a2 2 0 0 1-2 2H8Zm2-12a2 2 0 0 1 2 2v2h-1.5V2a.5.5 0 0 0-.5-.5H8V0h2Z\" \/>\n\t\t\t<\/svg>\n\t\t<\/button><\/figure>\n\n\n\n<p class=\"wp-block-paragraph\">Despre ora\u0219ul Milevsko se \u0219tie c\u0103 are cel mai vechi alai de carnaval din \u021bar\u0103, iar de aceea aici, la aproximativ 25 de minute de P\u00edsek, a luat na\u0219tere <strong>unicul Muzeu al m\u0103\u0219tilor din Milevsko<\/strong>. Este un muzeu mai mic, dar foarte vizual, plin de m\u0103\u0219ti uria\u0219e \u0219i colorate, care \u00eei vor captiva garantat pe copii.<\/p>\n\n\n\n<p class=\"wp-block-paragraph\">Vizitarea nu dureaz\u0103 inutil de mult, a\u0219a c\u0103 o parcurg u\u0219or \u0219i <strong>copila\u0219ii ner\u0103bd\u0103tori<\/strong>, iar intrarea de familie ajunge la doar circa 31 de lei (140 K\u010d). \u00cen lunile de var\u0103 au deschis de luni p\u00e2n\u0103 s\u00e2mb\u0103t\u0103, iar duminica abia dup\u0103-amiaza.<\/p>\n\n\n\n<p class=\"wp-block-paragraph\">Dup\u0103 vizitarea muzeului, te po\u021bi <strong>plimba prin frumoasa incint\u0103 a apropiatei m\u0103n\u0103stiri din Milevsko<\/strong>, care este \u00eenconjurat\u0103 de natur\u0103 \u0219i unde copiii pot alerga liber pe suprafe\u021bele cu iarb\u0103, departe de \u0219osea.<\/p>\n\n\n\n<h3 class=\"wp-block-heading\"><span class=\"ez-toc-section\" id=\"43_Aquaparkul_Horazdovice\"><\/span>43. Aquaparkul Hora\u017e\u010fovice<span class=\"ez-toc-section-end\"><\/span><\/h3>\n\n\n\n<figure data-wp-context=\"{&quot;imageId&quot;:&quot;6a9556fdefdb3&quot;}\" data-wp-interactive=\"core\/image\" data-wp-key=\"6a9556fdefdb3\" class=\"wp-block-image size-full wp-lightbox-container\"><img decoding=\"async\" width=\"1919\" height=\"1281\" data-wp-class--hide=\"state.isContentHidden\" data-wp-class--show=\"state.isContentVisible\" data-wp-init=\"callbacks.setButtonStyles\" data-wp-on--click=\"actions.showLightbox\" data-wp-on--load=\"callbacks.setButtonStyles\" data-wp-on--pointerdown=\"actions.preloadImage\" data-wp-on--pointerenter=\"actions.preloadImageWithDelay\" data-wp-on--pointerleave=\"actions.cancelPreload\" data-wp-on-window--resize=\"callbacks.setButtonStyles\" src=\"https:\/\/loudavymkrokem.cz\/wp-content\/uploads\/2026\/08\/aquapark-horazdovice-bazen-tobogan.jpg\" alt=\"Sala cu bazine a Aquaparkului Hora\u017e\u010fovice, cu tobogan\" class=\"wp-image-399591\" title=\"\" srcset=\"https:\/\/loudavymkrokem.cz\/wp-content\/uploads\/2026\/08\/aquapark-horazdovice-bazen-tobogan.jpg 1919w, https:\/\/loudavymkrokem.cz\/wp-content\/uploads\/2026\/08\/aquapark-horazdovice-bazen-tobogan-300x200.jpg 300w, https:\/\/loudavymkrokem.cz\/wp-content\/uploads\/2026\/08\/aquapark-horazdovice-bazen-tobogan-700x467.jpg 700w, https:\/\/loudavymkrokem.cz\/wp-content\/uploads\/2026\/08\/aquapark-horazdovice-bazen-tobogan-768x513.jpg 768w, https:\/\/loudavymkrokem.cz\/wp-content\/uploads\/2026\/08\/aquapark-horazdovice-bazen-tobogan-1536x1025.jpg 1536w, https:\/\/loudavymkrokem.cz\/wp-content\/uploads\/2026\/08\/aquapark-horazdovice-bazen-tobogan-696x465.jpg 696w, https:\/\/loudavymkrokem.cz\/wp-content\/uploads\/2026\/08\/aquapark-horazdovice-bazen-tobogan-1392x929.jpg 1392w\" sizes=\"(max-width: 1919px) 100vw, 1919px\" \/><button\n\t\t\tclass=\"lightbox-trigger\"\n\t\t\ttype=\"button\"\n\t\t\taria-haspopup=\"dialog\"\n\t\t\tdata-wp-bind--aria-label=\"state.thisImage.triggerButtonAriaLabel\"\n\t\t\tdata-wp-init=\"callbacks.initTriggerButton\"\n\t\t\tdata-wp-on--click=\"actions.showLightbox\"\n\t\t\tdata-wp-style--right=\"state.thisImage.buttonRight\"\n\t\t\tdata-wp-style--top=\"state.thisImage.buttonTop\"\n\t\t>\n\t\t\t<svg xmlns=\"http:\/\/www.w3.org\/2000\/svg\" width=\"12\" height=\"12\" fill=\"none\" viewBox=\"0 0 12 12\">\n\t\t\t\t<path fill=\"#fff\" d=\"M2 0a2 2 0 0 0-2 2v2h1.5V2a.5.5 0 0 1 .5-.5h2V0H2Zm2 10.5H2a.5.5 0 0 1-.5-.5V8H0v2a2 2 0 0 0 2 2h2v-1.5ZM8 12v-1.5h2a.5.5 0 0 0 .5-.5V8H12v2a2 2 0 0 1-2 2H8Zm2-12a2 2 0 0 1 2 2v2h-1.5V2a.5.5 0 0 0-.5-.5H8V0h2Z\" \/>\n\t\t\t<\/svg>\n\t\t<\/button><\/figure>\n\n\n\n<p class=\"wp-block-paragraph\">C\u00e2nd vrei s\u0103 te scalzi ca lumea \u0219i bazinul din P\u00edsek nu-\u021bi ajunge, <strong>pleac\u0103 spre Hora\u017e\u010fovice, aflat la aproximativ 45 de minute, la aquaparkul local<\/strong>. Spre deosebire de stadioanele de \u00eenot clasice, aici au apa \u00eenc\u0103lzit\u0103 la frumoasele 28,4 \u00b0C, ceea ce vei aprecia mai ales cu copii mici, friguro\u0219i.<\/p>\n\n\n\n<p class=\"wp-block-paragraph\">Pentru familii, este perfect dotat un <strong>bazin pentru copii, cu dou\u0103 tobogane \u0219i o ciuperc\u0103 de ap\u0103<\/strong> \u00een form\u0103 de burete-p\u0103l\u0103rie. Intrarea este foarte prietenoas\u0103: un adult pl\u0103te\u0219te pentru dou\u0103 ore circa 35 de lei (160 K\u010d), iar intrarea de familie ajunge la frumoasa sum\u0103 de 107 lei (490 K\u010d).<\/p>\n\n\n\n<p class=\"wp-block-paragraph\">Singurul lucru la care trebuie s\u0103 fii atent este <strong>opriria tehnologic\u0103 regulat\u0103 de toamn\u0103<\/strong>, care \u00een 2026 cade \u00een perioada 31 august\u201313 septembrie, a\u0219a c\u0103 \u00een acest interval s\u0103 nu pleci aici \u0219i mai bine alege alt program.<\/p>\n\n\n\n<h3 class=\"wp-block-heading\"><span class=\"ez-toc-section\" id=\"44_Vodnany_si_muzeul_pescaresc\"><\/span>44. Vod\u0148any \u0219i muzeul pesc\u0103resc<span class=\"ez-toc-section-end\"><\/span><\/h3>\n\n\n\n<p class=\"wp-block-paragraph\">La doar pu\u021bin peste dou\u0103zeci de kilometri de P\u00edsek se afl\u0103 <strong>ora\u0219ul iazurilor, Vod\u0148any<\/strong>, care ofer\u0103 o alternativ\u0103 foarte pl\u0103cut\u0103 \u0219i lini\u0219tit\u0103 la destina\u021biile turistice mai aglomerate. Pe copii \u00eei va \u00eenc\u00e2nta cu siguran\u021b\u0103 Lesopark Z\u00e1ti\u0161\u00ed, prin care trece distractiva Potec\u0103 a berzei Vod\u0148an, care este, \u00een plus, liber accesibil\u0103 \u0219i complet gratuit\u0103.<\/p>\n\n\n\n<p class=\"wp-block-paragraph\">Dup\u0103 plimbarea \u00een natur\u0103 te po\u021bi <strong>muta la Muzeul pesc\u0103riei<\/strong>, unde pot fi v\u0103zute acvarii mari cu pe\u0219ti vii de ap\u0103 dulce, ceea ce este \u00eentotdeauna o mare experien\u021b\u0103 pentru copila\u0219i. Dac\u0103 \u00ee\u021bi mai r\u0103m\u00e2ne energie, pleac\u0103 pu\u021bin \u00een afara ora\u0219ului spre turnul de belvedere liber accesibil Haniperk, de unde se deschide o priveli\u0219te frumoas\u0103 spre regiune.<\/p>\n\n\n\n<h2 class=\"wp-block-heading\"><span class=\"ez-toc-section\" id=\"Unde_sa_mananci_in_Pisek_cu_copiii\"><\/span>Unde s\u0103 m\u0103n\u00e2nci \u00een P\u00edsek cu copiii<span class=\"ez-toc-section-end\"><\/span><\/h2>\n\n\n\n<figure data-wp-context=\"{&quot;imageId&quot;:&quot;6a9556fdf05bb&quot;}\" data-wp-interactive=\"core\/image\" data-wp-key=\"6a9556fdf05bb\" class=\"wp-block-image size-full wp-lightbox-container\"><img decoding=\"async\" width=\"2200\" height=\"1650\" data-wp-class--hide=\"state.isContentHidden\" data-wp-class--show=\"state.isContentVisible\" data-wp-init=\"callbacks.setButtonStyles\" data-wp-on--click=\"actions.showLightbox\" data-wp-on--load=\"callbacks.setButtonStyles\" data-wp-on--pointerdown=\"actions.preloadImage\" data-wp-on--pointerenter=\"actions.preloadImageWithDelay\" data-wp-on--pointerleave=\"actions.cancelPreload\" data-wp-on-window--resize=\"callbacks.setButtonStyles\" src=\"https:\/\/loudavymkrokem.cz\/wp-content\/uploads\/2026\/08\/pisek-travel-cafe-piskoviste-domecek.jpg\" alt=\"Groap\u0103 de nisip cu c\u0103su\u021b\u0103 pe terasa Travel Cafe din P\u00edsek\" class=\"wp-image-399550\" title=\"\" srcset=\"https:\/\/loudavymkrokem.cz\/wp-content\/uploads\/2026\/08\/pisek-travel-cafe-piskoviste-domecek.jpg 2200w, https:\/\/loudavymkrokem.cz\/wp-content\/uploads\/2026\/08\/pisek-travel-cafe-piskoviste-domecek-300x225.jpg 300w, https:\/\/loudavymkrokem.cz\/wp-content\/uploads\/2026\/08\/pisek-travel-cafe-piskoviste-domecek-700x525.jpg 700w, https:\/\/loudavymkrokem.cz\/wp-content\/uploads\/2026\/08\/pisek-travel-cafe-piskoviste-domecek-768x576.jpg 768w, https:\/\/loudavymkrokem.cz\/wp-content\/uploads\/2026\/08\/pisek-travel-cafe-piskoviste-domecek-1536x1152.jpg 1536w, https:\/\/loudavymkrokem.cz\/wp-content\/uploads\/2026\/08\/pisek-travel-cafe-piskoviste-domecek-2048x1536.jpg 2048w, https:\/\/loudavymkrokem.cz\/wp-content\/uploads\/2026\/08\/pisek-travel-cafe-piskoviste-domecek-80x60.jpg 80w, https:\/\/loudavymkrokem.cz\/wp-content\/uploads\/2026\/08\/pisek-travel-cafe-piskoviste-domecek-160x120.jpg 160w, https:\/\/loudavymkrokem.cz\/wp-content\/uploads\/2026\/08\/pisek-travel-cafe-piskoviste-domecek-696x522.jpg 696w, https:\/\/loudavymkrokem.cz\/wp-content\/uploads\/2026\/08\/pisek-travel-cafe-piskoviste-domecek-1392x1044.jpg 1392w, https:\/\/loudavymkrokem.cz\/wp-content\/uploads\/2026\/08\/pisek-travel-cafe-piskoviste-domecek-1920x1440.jpg 1920w\" sizes=\"(max-width: 2200px) 100vw, 2200px\" \/><button\n\t\t\tclass=\"lightbox-trigger\"\n\t\t\ttype=\"button\"\n\t\t\taria-haspopup=\"dialog\"\n\t\t\tdata-wp-bind--aria-label=\"state.thisImage.triggerButtonAriaLabel\"\n\t\t\tdata-wp-init=\"callbacks.initTriggerButton\"\n\t\t\tdata-wp-on--click=\"actions.showLightbox\"\n\t\t\tdata-wp-style--right=\"state.thisImage.buttonRight\"\n\t\t\tdata-wp-style--top=\"state.thisImage.buttonTop\"\n\t\t>\n\t\t\t<svg xmlns=\"http:\/\/www.w3.org\/2000\/svg\" width=\"12\" height=\"12\" fill=\"none\" viewBox=\"0 0 12 12\">\n\t\t\t\t<path fill=\"#fff\" d=\"M2 0a2 2 0 0 0-2 2v2h1.5V2a.5.5 0 0 1 .5-.5h2V0H2Zm2 10.5H2a.5.5 0 0 1-.5-.5V8H0v2a2 2 0 0 0 2 2h2v-1.5ZM8 12v-1.5h2a.5.5 0 0 0 .5-.5V8H12v2a2 2 0 0 1-2 2H8Zm2-12a2 2 0 0 1 2 2v2h-1.5V2a.5.5 0 0 0-.5-.5H8V0h2Z\" \/>\n\t\t\t<\/svg>\n\t\t<\/button><\/figure>\n\n\n\n<figure data-wp-context=\"{&quot;imageId&quot;:&quot;6a9556fdf0b27&quot;}\" data-wp-interactive=\"core\/image\" data-wp-key=\"6a9556fdf0b27\" class=\"wp-block-image size-full wp-lightbox-container\"><img decoding=\"async\" width=\"2200\" height=\"1467\" data-wp-class--hide=\"state.isContentHidden\" data-wp-class--show=\"state.isContentVisible\" data-wp-init=\"callbacks.setButtonStyles\" data-wp-on--click=\"actions.showLightbox\" data-wp-on--load=\"callbacks.setButtonStyles\" data-wp-on--pointerdown=\"actions.preloadImage\" data-wp-on--pointerenter=\"actions.preloadImageWithDelay\" data-wp-on--pointerleave=\"actions.cancelPreload\" data-wp-on-window--resize=\"callbacks.setButtonStyles\" src=\"https:\/\/loudavymkrokem.cz\/wp-content\/uploads\/2026\/08\/pisek-namesticko-zahradky.jpg\" alt=\"Pia\u021beta din centrul ora\u0219ului P\u00edsek cu terase de var\u0103\" class=\"wp-image-399382\" title=\"\" srcset=\"https:\/\/loudavymkrokem.cz\/wp-content\/uploads\/2026\/08\/pisek-namesticko-zahradky.jpg 2200w, https:\/\/loudavymkrokem.cz\/wp-content\/uploads\/2026\/08\/pisek-namesticko-zahradky-300x200.jpg 300w, https:\/\/loudavymkrokem.cz\/wp-content\/uploads\/2026\/08\/pisek-namesticko-zahradky-700x467.jpg 700w, https:\/\/loudavymkrokem.cz\/wp-content\/uploads\/2026\/08\/pisek-namesticko-zahradky-768x512.jpg 768w, https:\/\/loudavymkrokem.cz\/wp-content\/uploads\/2026\/08\/pisek-namesticko-zahradky-1536x1024.jpg 1536w, https:\/\/loudavymkrokem.cz\/wp-content\/uploads\/2026\/08\/pisek-namesticko-zahradky-2048x1366.jpg 2048w, https:\/\/loudavymkrokem.cz\/wp-content\/uploads\/2026\/08\/pisek-namesticko-zahradky-696x464.jpg 696w, https:\/\/loudavymkrokem.cz\/wp-content\/uploads\/2026\/08\/pisek-namesticko-zahradky-1392x928.jpg 1392w, https:\/\/loudavymkrokem.cz\/wp-content\/uploads\/2026\/08\/pisek-namesticko-zahradky-1920x1280.jpg 1920w\" sizes=\"(max-width: 2200px) 100vw, 2200px\" \/><button\n\t\t\tclass=\"lightbox-trigger\"\n\t\t\ttype=\"button\"\n\t\t\taria-haspopup=\"dialog\"\n\t\t\tdata-wp-bind--aria-label=\"state.thisImage.triggerButtonAriaLabel\"\n\t\t\tdata-wp-init=\"callbacks.initTriggerButton\"\n\t\t\tdata-wp-on--click=\"actions.showLightbox\"\n\t\t\tdata-wp-style--right=\"state.thisImage.buttonRight\"\n\t\t\tdata-wp-style--top=\"state.thisImage.buttonTop\"\n\t\t>\n\t\t\t<svg xmlns=\"http:\/\/www.w3.org\/2000\/svg\" width=\"12\" height=\"12\" fill=\"none\" viewBox=\"0 0 12 12\">\n\t\t\t\t<path fill=\"#fff\" d=\"M2 0a2 2 0 0 0-2 2v2h1.5V2a.5.5 0 0 1 .5-.5h2V0H2Zm2 10.5H2a.5.5 0 0 1-.5-.5V8H0v2a2 2 0 0 0 2 2h2v-1.5ZM8 12v-1.5h2a.5.5 0 0 0 .5-.5V8H12v2a2 2 0 0 1-2 2H8Zm2-12a2 2 0 0 1 2 2v2h-1.5V2a.5.5 0 0 0-.5-.5H8V0h2Z\" \/>\n\t\t\t<\/svg>\n\t\t<\/button><\/figure>\n\n\n\n<p class=\"wp-block-paragraph\">C\u00e2nd vine vorba de m\u00e2ncare \u0219i cafea, nu m\u0103 las de <strong>Travel Cafe de pe strada Komensk\u00e9ho<\/strong>, unde eu, Jon\u00e1\u0161ek \u0219i Luk\u00e1\u0161 mergem cel mai des \u0219i st\u0103m aproape mereu afar\u0103. Au aici o teras\u0103 uimitoare \u00een curtea interioar\u0103, cu o groap\u0103 de nisip pe cinste \u0219i o mic\u0103 c\u0103su\u021b\u0103, a\u0219a c\u0103 \u00eemi beau lini\u0219tit\u0103 cafeaua de specialitate \u00een timp ce cel mic se joac\u0103 cu formele de nisip.<\/p>\n\n\n\n<p class=\"wp-block-paragraph\">Nu e vorba doar de cafea: au <strong>mic dejunuri perfecte \u0219i pr\u00e2nzuri u\u0219oare<\/strong>, a\u0219a c\u0103 m\u00e2nc\u0103m aici cu to\u021bii, inclusiv cel mic, care \u00ee\u0219i ia cl\u0103tite. Pentru noi este clar cea mai \u00eendr\u0103git\u0103 adres\u0103 din ora\u0219.<\/p>\n\n\n\n<p class=\"wp-block-paragraph\">Dac\u0103 e\u0219ti \u00een c\u0103utarea altor cafenele prietenoase cu copiii, \u00eencearc\u0103 neap\u0103rat <strong>SOHO Cafe, cu col\u021b \u00eemprejmuit \u0219i cl\u0103tite excelente<\/strong>, sau cafeneaua Sova na V\u011btvi, care are propria pr\u0103jitorie \u0219i un col\u021b de joac\u0103. O alegere excelent\u0103 este \u0219i <strong>YEZ Caf\u00e9, chiar l\u00e2ng\u0103 terenul rutier<\/strong>, unde au o groap\u0103 de nisip pentru cei mici, sau cofet\u0103ria Upekla (au \u0219i deserturi f\u0103r\u0103 gluten), care ascunde \u00eenc\u0103 o groap\u0103 de nisip \u00een curtea sa.<\/p>\n\n\n\n<p class=\"wp-block-paragraph\">Dac\u0103 vrei s\u0103 combini pr\u00e2nzul cu statul afar\u0103, <strong>Restaurantul Ostrov se afl\u0103 chiar \u00een parc, l\u00e2ng\u0103 r\u00e2u<\/strong>, iar chiar l\u00e2ng\u0103 terasa sa de var\u0103 g\u0103se\u0219ti un teren de joac\u0103 \u00eemprejmuit pentru copii. Astfel, p\u0103rin\u021bii pot savura \u00een semiumbr\u0103 m\u00e2ncarea, \u00een timp ce copiii mai mari se joac\u0103 al\u0103turi sau se antreneaz\u0103 la minigolful local.<\/p>\n\n\n\n<p class=\"wp-block-paragraph\">Pentru un pr\u00e2nz sau o cin\u0103 consistent\u0103 \u00ee\u021bi recomand din suflet <strong>restaurantul indian Tandoor<\/strong>, unde g\u0103tesc buc\u0103tari nepalezi excelen\u021bi \u0219i fac cel mai bun Palak Paneer vegetarian, pe care eu \u0219i so\u021bul \u00eel a\u0219tept\u0103m mereu cu ner\u0103bdare. Sau treci pe la restaurantul Do Nebe din Gr\u0103dina Palack\u00fd. Este, ce-i drept, \u00een principal un steakhouse, iar <strong>meniul se schimb\u0103 \u00eentruna<\/strong>, a\u0219a c\u0103 niciodat\u0103 nu \u0219tiu dinainte dac\u0103, fiind vegetarieni, o s\u0103 avem ce m\u00e2nca. Din c\u00e2nd \u00een c\u00e2nd au totu\u0219i ceva f\u0103r\u0103 carne, a\u0219a c\u0103 venim aici.<\/p>\n\n\n\n<p class=\"wp-block-paragraph\">C\u00e2nd te apuc\u0103 pofta de buc\u0103t\u0103rie italian\u0103 clasic\u0103, <strong>Pizzeria San Marco din Pia\u021ba Mare<\/strong> ofer\u0103 o pizza excelent\u0103 din cuptor pe lemne \u0219i paste de cas\u0103 delicioase. La fel de excelent este \u0219i restaurantul italian Pomodoro, chiar l\u00e2ng\u0103 biseric\u0103, unde vara, pe teras\u0103, \u00ee\u021bi po\u021bi lua \u00een plus \u00eenghe\u021bata lor de cas\u0103 extraordinar\u0103.<\/p>\n\n\n\n<p class=\"wp-block-paragraph\">\u00cen ceea ce prive\u0219te o alt\u0103 cafea de specialitate, \u00eendreapt\u0103-te mai bine spre <strong>localul Coffee Dealer de pe strada Drl\u00ed\u010dov<\/strong>, unde fac un filtru excelent. Des recomandata Kaf\u00e9rna are, ce-i drept, cafeaua bun\u0103, dar personalul e \u00een stare s\u0103 \u021bipe la tine, din motive necunoscute, peste toat\u0103 strada. Aceast\u0103 cafenea este cunoscut\u0103 printre localnici pentru personalul nepl\u0103cut \u0219i e p\u0103cat s\u0103-\u021bi strici astfel vizita, a\u0219a c\u0103 mai bine cheltuie\u0219te banii la c\u00e2\u021biva pa\u0219i distan\u021b\u0103, la Coffee Dealer.<\/p>\n\n\n\n<h2 class=\"wp-block-heading\"><span class=\"ez-toc-section\" id=\"Ce_sa_faci_in_Pisek_cu_copiii_cand_ploua\"><\/span>Ce s\u0103 faci \u00een P\u00edsek cu copiii c\u00e2nd plou\u0103<span class=\"ez-toc-section-end\"><\/span><\/h2>\n\n\n\n<figure data-wp-context=\"{&quot;imageId&quot;:&quot;6a9556fdf142e&quot;}\" data-wp-interactive=\"core\/image\" data-wp-key=\"6a9556fdf142e\" class=\"wp-block-image size-full wp-lightbox-container\"><img decoding=\"async\" width=\"2200\" height=\"1467\" data-wp-class--hide=\"state.isContentHidden\" data-wp-class--show=\"state.isContentVisible\" data-wp-init=\"callbacks.setButtonStyles\" data-wp-on--click=\"actions.showLightbox\" data-wp-on--load=\"callbacks.setButtonStyles\" data-wp-on--pointerdown=\"actions.preloadImage\" data-wp-on--pointerenter=\"actions.preloadImageWithDelay\" data-wp-on--pointerleave=\"actions.cancelPreload\" data-wp-on-window--resize=\"callbacks.setButtonStyles\" src=\"https:\/\/loudavymkrokem.cz\/wp-content\/uploads\/2026\/08\/pisek-prachenske-muzeum-vstup.jpg\" alt=\"Trecere spre curtea Muzeului Pr\u00e1che\u0148 din P\u00edsek\" class=\"wp-image-399345\" title=\"\" srcset=\"https:\/\/loudavymkrokem.cz\/wp-content\/uploads\/2026\/08\/pisek-prachenske-muzeum-vstup.jpg 2200w, https:\/\/loudavymkrokem.cz\/wp-content\/uploads\/2026\/08\/pisek-prachenske-muzeum-vstup-300x200.jpg 300w, https:\/\/loudavymkrokem.cz\/wp-content\/uploads\/2026\/08\/pisek-prachenske-muzeum-vstup-700x467.jpg 700w, https:\/\/loudavymkrokem.cz\/wp-content\/uploads\/2026\/08\/pisek-prachenske-muzeum-vstup-768x512.jpg 768w, https:\/\/loudavymkrokem.cz\/wp-content\/uploads\/2026\/08\/pisek-prachenske-muzeum-vstup-1536x1024.jpg 1536w, https:\/\/loudavymkrokem.cz\/wp-content\/uploads\/2026\/08\/pisek-prachenske-muzeum-vstup-2048x1366.jpg 2048w, https:\/\/loudavymkrokem.cz\/wp-content\/uploads\/2026\/08\/pisek-prachenske-muzeum-vstup-696x464.jpg 696w, https:\/\/loudavymkrokem.cz\/wp-content\/uploads\/2026\/08\/pisek-prachenske-muzeum-vstup-1392x928.jpg 1392w, https:\/\/loudavymkrokem.cz\/wp-content\/uploads\/2026\/08\/pisek-prachenske-muzeum-vstup-1920x1280.jpg 1920w\" sizes=\"(max-width: 2200px) 100vw, 2200px\" \/><button\n\t\t\tclass=\"lightbox-trigger\"\n\t\t\ttype=\"button\"\n\t\t\taria-haspopup=\"dialog\"\n\t\t\tdata-wp-bind--aria-label=\"state.thisImage.triggerButtonAriaLabel\"\n\t\t\tdata-wp-init=\"callbacks.initTriggerButton\"\n\t\t\tdata-wp-on--click=\"actions.showLightbox\"\n\t\t\tdata-wp-style--right=\"state.thisImage.buttonRight\"\n\t\t\tdata-wp-style--top=\"state.thisImage.buttonTop\"\n\t\t>\n\t\t\t<svg xmlns=\"http:\/\/www.w3.org\/2000\/svg\" width=\"12\" height=\"12\" fill=\"none\" viewBox=\"0 0 12 12\">\n\t\t\t\t<path fill=\"#fff\" d=\"M2 0a2 2 0 0 0-2 2v2h1.5V2a.5.5 0 0 1 .5-.5h2V0H2Zm2 10.5H2a.5.5 0 0 1-.5-.5V8H0v2a2 2 0 0 0 2 2h2v-1.5ZM8 12v-1.5h2a.5.5 0 0 0 .5-.5V8H12v2a2 2 0 0 1-2 2H8Zm2-12a2 2 0 0 1 2 2v2h-1.5V2a.5.5 0 0 0-.5-.5H8V0h2Z\" \/>\n\t\t\t<\/svg>\n\t\t<\/button><\/figure>\n\n\n\n<p class=\"wp-block-paragraph\">Chiar dac\u0103 \u00een vacan\u021b\u0103 te surprinde vremea rea, \u00een P\u00edsek nu conteaz\u0103 deloc. Iat\u0103 <strong>un scurt rezumat al celor mai bune op\u021biuni<\/strong> unde te po\u021bi ad\u0103posti cu copiii la uscat:<\/p>\n\n\n\n<ul class=\"wp-block-list\">\n<li><strong>Sladovna P\u00edsek:<\/strong> Ascunde-te pentru c\u00e2teva ore \u00een Pila\u0159i\u0161t\u011b sau Mraveni\u0161t\u011b, dar cump\u0103r\u0103 biletele online.<\/li>\n\n\n\n<li><strong>My\u0161ka herna:<\/strong> C\u0103\u021b\u0103r\u0103toarele uria\u0219e \u0219i trambulinele din Porty\u010d \u00eei obosesc sigur pe copiii de p\u00e2n\u0103 la zece ani.<\/li>\n\n\n\n<li><strong>Stadionul de \u00eenot:<\/strong> Apa cald\u0103 din bazinul pentru copii te \u00eenc\u0103lze\u0219te \u0219i scurteaz\u0103 o dup\u0103-amiaz\u0103 ploioas\u0103.<\/li>\n\n\n\n<li><strong>Hernajs:<\/strong> Mic spa\u021biu de joac\u0103 la etaj, cu juc\u0103rii din lemn, ideal pentru copila\u0219i de p\u00e2n\u0103 la doi ani.<\/li>\n\n\n\n<li><strong>Cinematograful Porty\u010d:<\/strong> Cinema digital modern pe strada \u010cechova, care programeaz\u0103 spectacole de dup\u0103-amiaz\u0103 pentru copii.<\/li>\n\n\n\n<li><strong>Laser Ar\u00e9na P\u00edsek:<\/strong> Op\u021biune de ac\u021biune excelent\u0103 pentru copiii mai mari \u0219i \u0219colari, chiar \u00een pia\u021b\u0103.<\/li>\n\n\n\n<li><strong>LezeTop:<\/strong> Perete de c\u0103\u021b\u0103rare interior cu un boulder sigur pentru copii \u0219i un bar pl\u0103cut.<\/li>\n<\/ul>\n\n\n\n<h2 class=\"wp-block-heading\"><span class=\"ez-toc-section\" id=\"Sfaturi_practice_pentru_familii_parcare_carucior_infasat\"><\/span>Sfaturi practice pentru familii: parcare, c\u0103rucior, \u00eenf\u0103\u0219at<span class=\"ez-toc-section-end\"><\/span><\/h2>\n\n\n\n<figure data-wp-context=\"{&quot;imageId&quot;:&quot;6a9556fdf1c7b&quot;}\" data-wp-interactive=\"core\/image\" data-wp-key=\"6a9556fdf1c7b\" class=\"wp-block-image size-full wp-lightbox-container\"><img decoding=\"async\" width=\"2200\" height=\"1467\" data-wp-class--hide=\"state.isContentHidden\" data-wp-class--show=\"state.isContentVisible\" data-wp-init=\"callbacks.setButtonStyles\" data-wp-on--click=\"actions.showLightbox\" data-wp-on--load=\"callbacks.setButtonStyles\" data-wp-on--pointerdown=\"actions.preloadImage\" data-wp-on--pointerenter=\"actions.preloadImageWithDelay\" data-wp-on--pointerleave=\"actions.cancelPreload\" data-wp-on-window--resize=\"callbacks.setButtonStyles\" src=\"https:\/\/loudavymkrokem.cz\/wp-content\/uploads\/2026\/08\/pisek-ulicka-vez-radnice.jpg\" alt=\"Ulicioar\u0103 \u00een centrul istoric al ora\u0219ului P\u00edsek, cu turnul prim\u0103riei\" class=\"wp-image-399384\" title=\"\" srcset=\"https:\/\/loudavymkrokem.cz\/wp-content\/uploads\/2026\/08\/pisek-ulicka-vez-radnice.jpg 2200w, https:\/\/loudavymkrokem.cz\/wp-content\/uploads\/2026\/08\/pisek-ulicka-vez-radnice-300x200.jpg 300w, https:\/\/loudavymkrokem.cz\/wp-content\/uploads\/2026\/08\/pisek-ulicka-vez-radnice-700x467.jpg 700w, https:\/\/loudavymkrokem.cz\/wp-content\/uploads\/2026\/08\/pisek-ulicka-vez-radnice-768x512.jpg 768w, https:\/\/loudavymkrokem.cz\/wp-content\/uploads\/2026\/08\/pisek-ulicka-vez-radnice-1536x1024.jpg 1536w, https:\/\/loudavymkrokem.cz\/wp-content\/uploads\/2026\/08\/pisek-ulicka-vez-radnice-2048x1366.jpg 2048w, https:\/\/loudavymkrokem.cz\/wp-content\/uploads\/2026\/08\/pisek-ulicka-vez-radnice-696x464.jpg 696w, https:\/\/loudavymkrokem.cz\/wp-content\/uploads\/2026\/08\/pisek-ulicka-vez-radnice-1392x928.jpg 1392w, https:\/\/loudavymkrokem.cz\/wp-content\/uploads\/2026\/08\/pisek-ulicka-vez-radnice-1920x1280.jpg 1920w\" sizes=\"(max-width: 2200px) 100vw, 2200px\" \/><button\n\t\t\tclass=\"lightbox-trigger\"\n\t\t\ttype=\"button\"\n\t\t\taria-haspopup=\"dialog\"\n\t\t\tdata-wp-bind--aria-label=\"state.thisImage.triggerButtonAriaLabel\"\n\t\t\tdata-wp-init=\"callbacks.initTriggerButton\"\n\t\t\tdata-wp-on--click=\"actions.showLightbox\"\n\t\t\tdata-wp-style--right=\"state.thisImage.buttonRight\"\n\t\t\tdata-wp-style--top=\"state.thisImage.buttonTop\"\n\t\t>\n\t\t\t<svg xmlns=\"http:\/\/www.w3.org\/2000\/svg\" width=\"12\" height=\"12\" fill=\"none\" viewBox=\"0 0 12 12\">\n\t\t\t\t<path fill=\"#fff\" d=\"M2 0a2 2 0 0 0-2 2v2h1.5V2a.5.5 0 0 1 .5-.5h2V0H2Zm2 10.5H2a.5.5 0 0 1-.5-.5V8H0v2a2 2 0 0 0 2 2h2v-1.5ZM8 12v-1.5h2a.5.5 0 0 0 .5-.5V8H12v2a2 2 0 0 1-2 2H8Zm2-12a2 2 0 0 1 2 2v2h-1.5V2a.5.5 0 0 0-.5-.5H8V0h2Z\" \/>\n\t\t\t<\/svg>\n\t\t<\/button><\/figure>\n\n\n\n<p class=\"wp-block-paragraph\">Deplasarea prin P\u00edsek este destul de u\u0219oar\u0103, dar pentru parcarea \u00een centru <strong>descarc\u0103-\u021bi neap\u0103rat aplica\u021bia MPLA<\/strong>, prin care pl\u0103te\u0219ti simplu parcarea, f\u0103r\u0103 s\u0103 cau\u021bi m\u0103run\u021bi\u0219. Dac\u0103 vrei s\u0103 parchezi complet gratuit, las\u0103 ma\u0219ina l\u00e2ng\u0103 sala de sport Elim sau parchezi foarte ieftin \u00een parcarea mare de la V\u00fdstavi\u0161t\u011b.<\/p>\n\n\n\n<p class=\"wp-block-paragraph\">Cu c\u0103ruciorul ajungi aproape peste tot, dar re\u021bine c\u0103 <strong>\u00een centrul istoric sunt pavaje \u0219i piatr\u0103 de r\u00e2u<\/strong>, a\u0219a c\u0103 \u00ee\u021bi vor prinde bine mai degrab\u0103 ro\u021bile mai mari, gonflabile. Dimpotriv\u0103, de-a lungul r\u00e2ului \u0219i \u00een parcuri, drumurile sunt frumos plane \u0219i asfaltate.<\/p>\n\n\n\n<p class=\"wp-block-paragraph\">La vizitarea vestitei Sladovna nu trebuie s\u0103 te temi de logistic\u0103 complicat\u0103, pentru c\u0103 <strong>c\u0103ruciorul \u00eel parchezi comod \u00een garderoba spa\u021bioas\u0103 de la parter<\/strong>, unde este rezervat loc pentru el. La fel, majoritatea cafenelelor \u0219i restaurantelor din lista mea dispun de scaune pentru copii \u0219i de facilit\u0103\u021bi pentru un \u00eenf\u0103\u0219at comod.<\/p>\n\n\n\n<h2 class=\"wp-block-heading\"><span class=\"ez-toc-section\" id=\"Unde_sa_mergi_mai_departe\"><\/span>Unde s\u0103 mergi mai departe<span class=\"ez-toc-section-end\"><\/span><\/h2>\n\n\n\n<p class=\"wp-block-paragraph\">Ce se \u00eent\u00e2mpl\u0103 chiar acum \u00een P\u00edsek urm\u0103re\u0219te pe <a href=\"https:\/\/pisek.info\/akce\" target=\"_blank\" rel=\"noopener\">pisek.info\/akce<\/a>, un rezumat al locurilor \u0219i monumentelor are <a href=\"https:\/\/pisek.info\/mista\" target=\"_blank\" rel=\"noopener\">pisek.info\/mista<\/a>, iar p\u0103rin\u021bii vor aprecia \u00eentreaga sec\u021biune <a href=\"https:\/\/pisek.info\/deti\" target=\"_blank\" rel=\"noopener\">Copii<\/a>, cu gr\u0103dini\u021be, grupuri de copii \u0219i cercuri.<\/p>\n\n\n\n<p class=\"wp-block-paragraph\">Dac\u0103 P\u00edsek te-a atras \u0219i vrei s\u0103 \u00eel explorezi \u0219i mai mult, cite\u0219te articolul nostru <a href=\"https:\/\/loudavymkrokem.cz\/co-videt-v-pisku\/\">Ce s\u0103 vezi \u00een P\u00edsek: 39 de idei de la o localnic\u0103<\/a>, unde g\u0103se\u0219ti o mul\u021bime de curiozit\u0103\u021bi istorice. Pentru planificarea unei vacan\u021be mai lungi \u00ee\u021bi va prinde bine ghidul <a href=\"https:\/\/loudavymkrokem.cz\/ro\/vacanta-boemia-de-sud\/\">Unde s\u0103 pleci \u00een vacan\u021b\u0103 \u00een sudul Cehiei<\/a> sau inspira\u021bie pentru <a href=\"https:\/\/loudavymkrokem.cz\/ro\/boemia-cehia-orase-frumoase\/\">8 excursii prin sudul Cehiei<\/a>.<\/p>\n\n\n\n<p class=\"wp-block-paragraph\">Dac\u0103 \u00ee\u021bi place s\u0103 descoperi \u0219i alte ora\u0219e frumoase, arunc\u0103 o privire la articolul nostru <a href=\"https:\/\/loudavymkrokem.cz\/ro\/tabor-cehia-ce-vezi\/\">Ce s\u0103 vezi \u00een T\u00e1bor<\/a> \u0219i nu uita nici de <a href=\"https:\/\/loudavymkrokem.cz\/ro\/ceske-budejovice-cehia\/\">\u010cesk\u00e9 Bud\u011bjovice<\/a>. Iubitorii de natur\u0103 vor aprecia cu siguran\u021b\u0103 ideile despre <a href=\"https:\/\/loudavymkrokem.cz\/ro\/sumava-cehia-carucior-excursii\/\">Mun\u021bii \u0160umava cu c\u0103ruciorul<\/a>, iar pentru o perspectiv\u0103 mai larg\u0103 arunc\u0103 o privire la <a href=\"https:\/\/loudavymkrokem.cz\/ro\/vacanta-in-cehia\/\">Unde s\u0103 pleci \u00een vacan\u021b\u0103 \u00een Cehia<\/a>.<\/p>\n\n\n\n<p class=\"wp-block-paragraph\">Iar dac\u0103 pl\u0103nuie\u0219ti excursii \u0219i \u00een afara destina\u021biilor de familie, arunc\u0103 o privire la <a href=\"https:\/\/loudavymkrokem.cz\/ro\/excursii-imprejurimi-pisek\/\">Excursii \u00een \u00eemprejurimile ora\u0219ului P\u00edsek: 30 de idei de la o localnic\u0103<\/a>, unde g\u0103se\u0219ti cet\u0103\u021bi, castele, turnuri de belvedere \u0219i locuri cu ap\u0103, ordonate dup\u0103 distan\u021ba fa\u021b\u0103 de P\u00edsek.<\/p>\n\n\n\n<h2 class=\"wp-block-heading\"><span class=\"ez-toc-section\" id=\"Intrebari_frecvente\"><\/span>\u00centreb\u0103ri frecvente<span class=\"ez-toc-section-end\"><\/span><\/h2>\n\n\n<div id=\"rank-math-faq\" class=\"rank-math-block\">\n<div class=\"rank-math-list \">\n<div id=\"faq-question-1787751907000\" class=\"rank-math-list-item\">\n<h3 class=\"rank-math-question \"><span class=\"ez-toc-section\" id=\"Ce_sa_faci_cu_copiii_in_Pisek_cand_ploua\"><\/span>Ce s\u0103 faci cu copiii \u00een P\u00edsek c\u00e2nd plou\u0103?<span class=\"ez-toc-section-end\"><\/span><\/h3>\n<div class=\"rank-math-answer \">\n\n<p>Cea mai bun\u0103 salvare de ploaie este galeria interactiv\u0103 Sladovna cu expozi\u021biile Pila\u0159i\u0161t\u011b \u0219i Mraveni\u0161t\u011b. O alternativ\u0103 excelent\u0103 este uria\u0219a sal\u0103 de joac\u0103 My\u0161ka din Porty\u010d, piscina de la stadionul de \u00eenot sau micu\u021ba sal\u0103 de joac\u0103 Hernajs pe strada Jungmannova. Pentru o dup\u0103-amiaz\u0103 ploioas\u0103 se potrive\u0219te \u0219i cinematograful Porty\u010d cu spectacole pentru copii.<\/p>\n\n<\/div>\n<\/div>\n<div id=\"faq-question-1787751907001\" class=\"rank-math-list-item\">\n<h3 class=\"rank-math-question \"><span class=\"ez-toc-section\" id=\"Cat_costa_Sladovna\"><\/span>C\u00e2t cost\u0103 Sladovna?<span class=\"ez-toc-section-end\"><\/span><\/h3>\n<div class=\"rank-math-answer \">\n\n<p>Biletul de baz\u0103 la Pila\u0159i\u0161t\u011b cost\u0103 60 lei per persoan\u0103, bebelu\u0219ii sub un an av\u00e2nd intrare gratuit\u0103. Biletul de familie pentru expozi\u021biile principale variaz\u0103 \u00eentre 240 \u0219i 290 lei. Cu siguran\u021b\u0103 rezerva\u021bi-v\u0103 biletele \u00een avans online, capacitatea se epuizeaz\u0103 rapid.<\/p>\n\n<\/div>\n<\/div>\n<div id=\"faq-question-1787751907002\" class=\"rank-math-list-item\">\n<h3 class=\"rank-math-question \"><span class=\"ez-toc-section\" id=\"Unde_sa_mergi_in_Pisek_cu_un_copil_mic\"><\/span>Unde s\u0103 mergi \u00een P\u00edsek cu un copil mic?<span class=\"ez-toc-section-end\"><\/span><\/h3>\n<div class=\"rank-math-answer \">\n\n<p>Pentru copiii de doi ani este ideal Pila\u0159i\u0161t\u011b din Sladovna, nisip\u0103ria de la Travel Cafe sau noul loc de joac\u0103 de pe Na Trub\u00e1ch. Din excursiile din \u00eemprejurimi, cei mici apreciaz\u0103 cel mai mult mini-gr\u0103dina zoologic\u0103 Na\u0161e zv\u00ed\u0159\u00e1tka din Putim, care \u00een plus este complet gratuit\u0103.<\/p>\n\n<\/div>\n<\/div>\n<div id=\"faq-question-1787751907003\" class=\"rank-math-list-item\">\n<h3 class=\"rank-math-question \"><span class=\"ez-toc-section\" id=\"Care_este_cea_mai_buna_sala_de_joaca_din_Pisek\"><\/span>Care este cea mai bun\u0103 sal\u0103 de joac\u0103 din P\u00edsek?<span class=\"ez-toc-section-end\"><\/span><\/h3>\n<div class=\"rank-math-answer \">\n\n<p>Cea mai mare \u0219i cea mai vizitat\u0103 este sala de joac\u0103 My\u0161ka pe strada V Porty\u010di. Dot\u0103rile sunt deja \u00eenvechite, dar \u00eenc\u0103 este cel mai mare spa\u021biu din ora\u0219: structuri uria\u0219e de c\u0103\u021b \u0103rat, trambulin\u0103 \u0219i col\u021b sigur pentru copii mici. Pentru o or\u0103 pl\u0103ti\u021bi 40 lei, dar copiii se distreaz\u0103 aici f\u0103r\u0103 probleme chiar \u0219i toat\u0103 diminea\u021ba.<\/p>\n\n<\/div>\n<\/div>\n<div id=\"faq-question-1787751907004\" class=\"rank-math-list-item\">\n<h3 class=\"rank-math-question \"><span class=\"ez-toc-section\" id=\"Care_sunt_cele_mai_bune_excursii_la_maximum_20_de_minute\"><\/span>Care sunt cele mai bune excursii la maximum 20 de minute?<span class=\"ez-toc-section-end\"><\/span><\/h3>\n<div class=\"rank-math-answer \">\n\n<p>Cu siguran\u021b\u0103 nu rata\u021bi noul Farmapark Maletice cu trambuline uria\u0219e \u0219i animale. O alegere excelent\u0103 este \u0219i Kr\u00e1lovstv\u00ed \u010dasu din Protiv\u00edn, unde exist\u0103 o sal\u0103 de joac\u0103 minunat\u0103 cu cafenea, sau fermec\u0103toarea Poh\u00e1dkov\u00e1 kov\u00e1rna din Selibov cu m\u0103g\u0103ru\u0219i vii \u0219i ateliere creative.<\/p>\n\n<\/div>\n<\/div>\n<div id=\"faq-question-1787751907005\" class=\"rank-math-list-item\">\n<h3 class=\"rank-math-question \"><span class=\"ez-toc-section\" id=\"Este_Pisek_potrivit_cu_caruciorul\"><\/span>Este P\u00edsek potrivit cu c\u0103ruciorul?<span class=\"ez-toc-section-end\"><\/span><\/h3>\n<div class=\"rank-math-answer \">\n\n<p>Da, P\u00edsek este foarte prietenos cu c\u0103rucioarele. Malul r\u00e2ului Otava, M\u011bstsk\u00fd ostrov \u0219i p\u0103durile din \u00eemprejurimi din P\u00edseck\u00e9 hory au alei frumoase asfaltate sau consolidate. Doar \u00een centrul istoric, \u00een pie\u021be, ve\u021bi \u00eent\u00e2lni pavaj clasic \u0219i pietre de r\u00e2u.<\/p>\n\n<\/div>\n<\/div>\n<div id=\"faq-question-1787751907006\" class=\"rank-math-list-item\">\n<h3 class=\"rank-math-question \"><span class=\"ez-toc-section\" id=\"Unde_sa_inoti_cu_copiii_in_Pisek\"><\/span>Unde s\u0103 \u00eeno\u021bi cu copiii \u00een P\u00edsek?<span class=\"ez-toc-section-end\"><\/span><\/h3>\n<div class=\"rank-math-answer \">\n\n<p>Vara este absolut de neegalat strand ul u V\u00e1clava direct pe r\u00e2u, unde g\u0103si\u021bi \u0219i o piscin\u0103 pentru copii cu tobogan \u0219i loc pentru pici. \u00cen afara sezonului estival, merge\u021bi cu copiii la stadionul municipal de \u00eenot, care ofer\u0103 piscin\u0103 \u00eenc\u0103lzit\u0103 pentru copii \u0219i saune cu aburi.<\/p>\n\n<\/div>\n<\/div>\n<div id=\"faq-question-1787751907007\" class=\"rank-math-list-item\">\n<h3 class=\"rank-math-question \"><span class=\"ez-toc-section\" id=\"Unde_sa_mergi_cu_copiii_gratuit\"><\/span>Unde s\u0103 mergi cu copiii gratuit?<span class=\"ez-toc-section-end\"><\/span><\/h3>\n<div class=\"rank-math-answer \">\n\n<p>Complet gratuit este vizitarea uria\u0219elor Sculpturi din nisip de pe dig \u0219i hr\u0103nirea c\u0103prioarelelor de la ocolul forestier U Vod\u00e1ka. Gratuit este \u0219i intrarea pe extraordinarul teren de joac\u0103 cu bile de pe malul Jir\u00e1skovo sau frumoasa mini-gr\u0103din\u0103 zoologic\u0103 cu canguri \u0219i surica\u021bi din apropriata Putim.<\/p>\n\n<\/div>\n<\/div>\n<\/div>\n<\/div>","protected":false},"excerpt":{"rendered":"<p>Pl\u0103nuie\u0219ti o vacan\u021b\u0103 \u00een familie \u00een sudul Cehiei? O m\u0103mic\u0103 local\u0103 \u00ee\u021bi recomand\u0103 cele mai bune spa\u021bii de joac\u0103, terenuri \u0219i excursii din P\u00edsek, pe care le vei \u00eendr\u0103gi al\u0103turi de copii.<\/p>\n","protected":false},"author":3,"featured_media":399352,"comment_status":"open","ping_status":"open","sticky":false,"template":"","format":"standard","meta":{"_acf_changed":false,"footnotes":"","rank_math_title":"P\u00edsek cu copiii: 44 de idei de la o m\u0103mic\u0103 local\u0103","rank_math_description":"Descoper\u0103 P\u00edsek cu copiii: 44 de idei de la o m\u0103mic\u0103 local\u0103 pentru spa\u021bii de joac\u0103, terenuri \u0219i excursii \u00een 2026. Planific\u0103-\u021bi acum vacan\u021ba perfect\u0103 \u00een familie!","rank_math_focus_keyword":"P\u00edsek cu copiii","rank_math_seo_score":""},"categories":[2015,2021,2100],"tags":[],"class_list":["post-409590","post","type-post","status-publish","format-standard","has-post-thumbnail","category-calatorii","category-europa","category-republica-ceha"],"acf":[],"featured_image_src":"https:\/\/loudavymkrokem.cz\/wp-content\/uploads\/2026\/08\/pisek-velke-namesti-vez-kostela.jpg","author_info":{"display_name":"Lucie Kone\u010dn\u00e1","author_link":"https:\/\/loudavymkrokem.cz\/ro\/author\/lucie-konecna\/"},"_links":{"self":[{"href":"https:\/\/loudavymkrokem.cz\/ro\/wp-json\/wp\/v2\/posts\/409590","targetHints":{"allow":["GET"]}}],"collection":[{"href":"https:\/\/loudavymkrokem.cz\/ro\/wp-json\/wp\/v2\/posts"}],"about":[{"href":"https:\/\/loudavymkrokem.cz\/ro\/wp-json\/wp\/v2\/types\/post"}],"author":[{"embeddable":true,"href":"https:\/\/loudavymkrokem.cz\/ro\/wp-json\/wp\/v2\/users\/3"}],"replies":[{"embeddable":true,"href":"https:\/\/loudavymkrokem.cz\/ro\/wp-json\/wp\/v2\/comments?post=409590"}],"version-history":[{"count":2,"href":"https:\/\/loudavymkrokem.cz\/ro\/wp-json\/wp\/v2\/posts\/409590\/revisions"}],"predecessor-version":[{"id":409592,"href":"https:\/\/loudavymkrokem.cz\/ro\/wp-json\/wp\/v2\/posts\/409590\/revisions\/409592"}],"wp:featuredmedia":[{"embeddable":true,"href":"https:\/\/loudavymkrokem.cz\/ro\/wp-json\/wp\/v2\/media\/399352"}],"wp:attachment":[{"href":"https:\/\/loudavymkrokem.cz\/ro\/wp-json\/wp\/v2\/media?parent=409590"}],"wp:term":[{"taxonomy":"category","embeddable":true,"href":"https:\/\/loudavymkrokem.cz\/ro\/wp-json\/wp\/v2\/categories?post=409590"},{"taxonomy":"post_tag","embeddable":true,"href":"https:\/\/loudavymkrokem.cz\/ro\/wp-json\/wp\/v2\/tags?post=409590"}],"curies":[{"name":"wp","href":"https:\/\/api.w.org\/{rel}","templated":true}]}}