{"id":409584,"date":"2026-08-28T17:56:32","date_gmt":"2026-08-28T15:56:32","guid":{"rendered":"https:\/\/loudavymkrokem.cz\/vacanta-iordania-petra\/"},"modified":"2026-08-31T10:38:34","modified_gmt":"2026-08-31T08:38:34","slug":"vacanta-iordania-petra","status":"publish","type":"post","link":"https:\/\/loudavymkrokem.cz\/ro\/vacanta-iordania-petra\/","title":{"rendered":"Vacan\u021b\u0103 \u00een Iordania: 20 de sfaturi de la Petra la Wadi Rum \u00een 2026"},"content":{"rendered":"\n<!-- lk-tldr -->\n<div class=\"lk-tldr\" style=\"background:#f7f5f0;border-left:4px solid #c39f76;border-radius:0 10px 10px 0;padding:14px 18px;margin:0 0 26px;font-size:15px;line-height:1.65;\"><strong style=\"display:block;font-size:12px;text-transform:uppercase;letter-spacing:.06em;color:#a9885a;margin-bottom:5px;\">TL;DR<\/strong>Iordania este \u021bara unde diminea\u021ba stai \u00eentr-un defileu \u00een fa\u021ba <strong>Petrei<\/strong> s\u0103pate \u00een st\u00e2nc\u0103, dup\u0103-amiaza gone\u0219ti cu jeepul prin de\u0219ertul ro\u0219u <strong>Wadi Rum<\/strong>, iar seara te la\u0219i purtat de apele <strong>M\u0103rii Moarte<\/strong> \u2014 \u0219i toate \u00eencap \u00eentr-o singur\u0103 s\u0103pt\u0103m\u00e2n\u0103. Cele mai bune luni sunt <strong>martie\u2013mai \u0219i septembrie\u2013noiembrie<\/strong>: \u00een iulie la Petra sunt 33,6 \u00b0C, iar la Marea Moart\u0103 38,5 \u00b0C. \u26a0\ufe0f Rezolv\u0103 cel mai important lucru din timp: <strong>Jordan Pass<\/strong> se cump\u0103r\u0103 online \u00eenainte de sosire, include peste 40 de obiective, printre care Petra, \u0219i scute\u0219te taxa de viz\u0103 dac\u0103 stai \u00een \u021bar\u0103 cel pu\u021bin 3 nop\u021bi. Iordania nu e ieftin\u0103 \u2014 dinarul e printre cele mai puternice monede din lume.<\/div>\n<!-- \/lk-tldr -->\n\n\n\n<!-- lk-navbar -->\n<div class=\"lk-navbar\" style=\"margin:0 0 28px;\"><div style=\"font-size:12px;text-transform:uppercase;letter-spacing:.06em;color:#a9885a;font-weight:700;margin-bottom:9px;\">Linkuri rapide<\/div><div style=\"display:flex;flex-wrap:wrap;gap:9px;\"><a href=\"#Cand_sa_mergi_in_Iordania_vremea_luna_cu_luna\" style=\"background:#c39f76;color:#fff;border:1px solid #c39f76;font-weight:700;padding:9px 15px;border-radius:22px;font-size:14px;text-decoration:none;display:inline-block;line-height:1;\">\ud83c\udf21\ufe0f C\u00e2nd s\u0103 mergi<\/a><a href=\"#Ce_sa_vezi_in_Iordania_20_de_sfaturi_de_la_Petra_la_Marea_Rosie\" style=\"background:#fff;color:#6b5a44;border:1px solid #e2d6c1;font-weight:600;padding:9px 15px;border-radius:22px;font-size:14px;text-decoration:none;display:inline-block;line-height:1;\">\ud83d\udccd 20 de sfaturi<\/a><a href=\"#Jordan_Pass_cel_mai_important_lucru_de_rezolvat_inainte_de_plecare\" style=\"background:#fff;color:#6b5a44;border:1px solid #e2d6c1;font-weight:600;padding:9px 15px;border-radius:22px;font-size:14px;text-decoration:none;display:inline-block;line-height:1;\">\ud83c\udf9f\ufe0f Jordan Pass<\/a><a href=\"#Itinerar_de_7_si_10_zile_cum_sa_iti_planifici_Iordania\" style=\"background:#fff;color:#6b5a44;border:1px solid #e2d6c1;font-weight:600;padding:9px 15px;border-radius:22px;font-size:14px;text-decoration:none;display:inline-block;line-height:1;\">\ud83d\uddfa\ufe0f Itinerar<\/a><a href=\"#Unde_sa_te_cazezi_in_Iordania\" style=\"background:#fff;color:#6b5a44;border:1px solid #e2d6c1;font-weight:600;padding:9px 15px;border-radius:22px;font-size:14px;text-decoration:none;display:inline-block;line-height:1;\">\ud83c\udfe8 Unde stai<\/a><a href=\"#Cat_costa_o_vacanta_in_Iordania\" style=\"background:#fff;color:#6b5a44;border:1px solid #e2d6c1;font-weight:600;padding:9px 15px;border-radius:22px;font-size:14px;text-decoration:none;display:inline-block;line-height:1;\">\ud83d\udcb0 Pre\u021buri<\/a><a href=\"#Intrebari_frecvente\" style=\"background:#fff;color:#6b5a44;border:1px solid #e2d6c1;font-weight:600;padding:9px 15px;border-radius:22px;font-size:14px;text-decoration:none;display:inline-block;line-height:1;\">\u2753 FAQ<\/a><\/div><\/div>\n<!-- \/lk-navbar -->\n\n\n\n<p class=\"wp-block-paragraph\"><strong>Iordania<\/strong> este exact acea \u021bar\u0103 unde diminea\u021ba stai \u00eentr-un defileu \u00eengust \u00een fa\u021ba fa\u021badei roz a Petrei s\u0103pate \u00een st\u00e2nc\u0103, dup\u0103-amiaza gone\u0219ti deja cu jeepul prin de\u0219ertul ro\u0219u, iar seara te la\u0219i purtat de apa s\u0103rat\u0103 a M\u0103rii Moarte \u2014 \u0219i toate acestea \u00eencap comod \u00eentr-o singur\u0103 s\u0103pt\u0103m\u00e2n\u0103. C\u0103l\u0103torii care se \u00eentorc de acolo complet entuziasma\u021bi spun c\u0103 e o destina\u021bie incredibil de variat\u0103, greu de g\u0103sit pe hart\u0103 \u00een alt\u0103 parte.<\/p>\n\n\n\n<p class=\"wp-block-paragraph\">Dac\u0103 tocmai pl\u0103nuie\u0219ti ca urm\u0103toarea ta <strong>vacan\u021b\u0103 \u00een Iordania<\/strong> s\u0103 prind\u0103 contur real, sigur te intereseaz\u0103 cea mai important\u0103 \u00eentrebare, \u0219i anume <strong>ce s\u0103 vezi \u00een Iordania<\/strong> \u0219i cum s\u0103 organizezi totul. Asta \u00eenseamn\u0103 nu doar c\u0103l\u0103toria \u00een sine, ci \u0219i necesitatea de a te descurca \u00eentr-o cultur\u0103 pu\u021bin diferit\u0103, unde la Amman \u0219i pe litoral se poart\u0103 haine obi\u0219nuite, dar la obiectivele istorice se cer umeri \u0219i genunchi acoperi\u021bi. Trebuie s\u0103 iei \u00een calcul \u0219i faptul c\u0103 dinarul local e printre cele mai puternice monede din lume, a\u0219a c\u0103 aici cu siguran\u021b\u0103 nu e chiar ieftin.<\/p>\n\n\n\n<p class=\"wp-block-paragraph\">\u00cen acest ghid amplu vei g\u0103si 20 de sfaturi atent alese pentru cele mai frumoase locuri, tabele exacte cu vremea lun\u0103 de lun\u0103 bazate pe date reale de zece ani pentru Petra \u0219i Aqaba \u0219i un itinerar detaliat. Ne vom uita \u0219i la motivul pentru care aproape \u00eentotdeauna merit\u0103 s\u0103 \u00ee\u021bi iei a\u0219a-numitul <strong>Jordan Pass<\/strong>, a c\u0103rui variant\u0103 de baz\u0103 Wanderer cost\u0103 orientativ \u00een jur de 70 JOD (verific\u0103 mereu pe site-ul oficial), \u0219i vom analiza chestiunea siguran\u021bei, ca s\u0103 po\u021bi pleca complet lini\u0219tit \u263a\ufe0f.<\/p>\n\n\n\n<figure data-wp-context=\"{&quot;imageId&quot;:&quot;6a955d0e1d72e&quot;}\" data-wp-interactive=\"core\/image\" data-wp-key=\"6a955d0e1d72e\" class=\"wp-block-image size-full wp-lightbox-container\"><img decoding=\"async\" width=\"1500\" height=\"1125\" data-wp-class--hide=\"state.isContentHidden\" data-wp-class--show=\"state.isContentVisible\" data-wp-init=\"callbacks.setButtonStyles\" data-wp-on--click=\"actions.showLightbox\" data-wp-on--load=\"callbacks.setButtonStyles\" data-wp-on--pointerdown=\"actions.preloadImage\" data-wp-on--pointerenter=\"actions.preloadImageWithDelay\" data-wp-on--pointerleave=\"actions.cancelPreload\" data-wp-on-window--resize=\"callbacks.setButtonStyles\" src=\"https:\/\/loudavymkrokem.cz\/wp-content\/uploads\/2026\/08\/dovolena-jordansko-uvod.jpg\" alt=\"De\u0219ertul ro\u0219u Wadi Rum\" class=\"wp-image-400017\" title=\"\" srcset=\"https:\/\/loudavymkrokem.cz\/wp-content\/uploads\/2026\/08\/dovolena-jordansko-uvod.jpg 1500w, https:\/\/loudavymkrokem.cz\/wp-content\/uploads\/2026\/08\/dovolena-jordansko-uvod-300x225.jpg 300w, https:\/\/loudavymkrokem.cz\/wp-content\/uploads\/2026\/08\/dovolena-jordansko-uvod-700x525.jpg 700w, https:\/\/loudavymkrokem.cz\/wp-content\/uploads\/2026\/08\/dovolena-jordansko-uvod-768x576.jpg 768w, https:\/\/loudavymkrokem.cz\/wp-content\/uploads\/2026\/08\/dovolena-jordansko-uvod-80x60.jpg 80w, https:\/\/loudavymkrokem.cz\/wp-content\/uploads\/2026\/08\/dovolena-jordansko-uvod-160x120.jpg 160w, https:\/\/loudavymkrokem.cz\/wp-content\/uploads\/2026\/08\/dovolena-jordansko-uvod-696x522.jpg 696w, https:\/\/loudavymkrokem.cz\/wp-content\/uploads\/2026\/08\/dovolena-jordansko-uvod-1392x1044.jpg 1392w\" sizes=\"(max-width: 1500px) 100vw, 1500px\" \/><button\n\t\t\tclass=\"lightbox-trigger\"\n\t\t\ttype=\"button\"\n\t\t\taria-haspopup=\"dialog\"\n\t\t\tdata-wp-bind--aria-label=\"state.thisImage.triggerButtonAriaLabel\"\n\t\t\tdata-wp-init=\"callbacks.initTriggerButton\"\n\t\t\tdata-wp-on--click=\"actions.showLightbox\"\n\t\t\tdata-wp-style--right=\"state.thisImage.buttonRight\"\n\t\t\tdata-wp-style--top=\"state.thisImage.buttonTop\"\n\t\t>\n\t\t\t<svg xmlns=\"http:\/\/www.w3.org\/2000\/svg\" width=\"12\" height=\"12\" fill=\"none\" viewBox=\"0 0 12 12\">\n\t\t\t\t<path fill=\"#fff\" d=\"M2 0a2 2 0 0 0-2 2v2h1.5V2a.5.5 0 0 1 .5-.5h2V0H2Zm2 10.5H2a.5.5 0 0 1-.5-.5V8H0v2a2 2 0 0 0 2 2h2v-1.5ZM8 12v-1.5h2a.5.5 0 0 0 .5-.5V8H12v2a2 2 0 0 1-2 2H8Zm2-12a2 2 0 0 1 2 2v2h-1.5V2a.5.5 0 0 0-.5-.5H8V0h2Z\" \/>\n\t\t\t<\/svg>\n\t\t<\/button><figcaption class=\"wp-element-caption\">De\u0219ertul ro\u0219u Wadi Rum (Foto: John Romano D&#8217;Orazio \/ Wikimedia Commons, CC BY-SA 4.0)<\/figcaption><\/figure>\n\n\n\n<div id=\"ez-toc-container\" class=\"ez-toc-v2_0_86 ez-toc-wrap-left counter-hierarchy ez-toc-counter ez-toc-grey ez-toc-container-direction\">\n<div class=\"ez-toc-title-container\">\n<p class=\"ez-toc-title\" style=\"cursor:inherit\">Cuprinsul articolului<\/p>\n<span class=\"ez-toc-title-toggle\"><a href=\"#\" class=\"ez-toc-pull-right ez-toc-btn ez-toc-btn-xs ez-toc-btn-default ez-toc-toggle\" aria-label=\"Toggle Table of Content\"><span class=\"ez-toc-js-icon-con\"><span class=\"\"><span class=\"eztoc-hide\" style=\"display:none;\">Toggle<\/span><span class=\"ez-toc-icon-toggle-span\"><svg style=\"fill: #999;color:#999\" xmlns=\"http:\/\/www.w3.org\/2000\/svg\" class=\"list-377408\" width=\"20px\" height=\"20px\" viewBox=\"0 0 24 24\" fill=\"none\"><path d=\"M6 6H4v2h2V6zm14 0H8v2h12V6zM4 11h2v2H4v-2zm16 0H8v2h12v-2zM4 16h2v2H4v-2zm16 0H8v2h12v-2z\" fill=\"currentColor\"><\/path><\/svg><svg style=\"fill: #999;color:#999\" class=\"arrow-unsorted-368013\" xmlns=\"http:\/\/www.w3.org\/2000\/svg\" width=\"10px\" height=\"10px\" viewBox=\"0 0 24 24\" version=\"1.2\" baseProfile=\"tiny\"><path d=\"M18.2 9.3l-6.2-6.3-6.2 6.3c-.2.2-.3.4-.3.7s.1.5.3.7c.2.2.4.3.7.3h11c.3 0 .5-.1.7-.3.2-.2.3-.5.3-.7s-.1-.5-.3-.7zM5.8 14.7l6.2 6.3 6.2-6.3c.2-.2.3-.5.3-.7s-.1-.5-.3-.7c-.2-.2-.4-.3-.7-.3h-11c-.3 0-.5.1-.7.3-.2.2-.3.5-.3.7s.1.5.3.7z\"\/><\/svg><\/span><\/span><\/span><\/a><\/span><\/div>\n<nav><ul class='ez-toc-list ez-toc-list-level-1 ' ><li class='ez-toc-page-1 ez-toc-heading-level-2'><a class=\"ez-toc-link ez-toc-heading-1\" href=\"https:\/\/loudavymkrokem.cz\/ro\/vacanta-iordania-petra\/#Rezumat\" >Rezumat<\/a><\/li><li class='ez-toc-page-1 ez-toc-heading-level-2'><a class=\"ez-toc-link ez-toc-heading-2\" href=\"https:\/\/loudavymkrokem.cz\/ro\/vacanta-iordania-petra\/#De_ce_sa_mergi_in_Iordania_si_pentru_cine_nu_e_potrivita\" >De ce s\u0103 mergi \u00een Iordania (\u0219i pentru cine nu e potrivit\u0103)<\/a><ul class='ez-toc-list-level-3' ><li class='ez-toc-heading-level-3'><a class=\"ez-toc-link ez-toc-heading-3\" href=\"https:\/\/loudavymkrokem.cz\/ro\/vacanta-iordania-petra\/#6_motive_pentru_care_Iordania_merita_drumul\" >6 motive pentru care Iordania merit\u0103 drumul<\/a><\/li><li class='ez-toc-page-1 ez-toc-heading-level-3'><a class=\"ez-toc-link ez-toc-heading-4\" href=\"https:\/\/loudavymkrokem.cz\/ro\/vacanta-iordania-petra\/#Cui_nu_i_se_potriveste_Iordania\" >Cui nu i se potrive\u0219te Iordania<\/a><\/li><\/ul><\/li><li class='ez-toc-page-1 ez-toc-heading-level-2'><a class=\"ez-toc-link ez-toc-heading-5\" href=\"https:\/\/loudavymkrokem.cz\/ro\/vacanta-iordania-petra\/#Cand_sa_mergi_in_Iordania_vremea_luna_cu_luna\" >C\u00e2nd s\u0103 mergi \u00een Iordania: vremea lun\u0103 cu lun\u0103<\/a><ul class='ez-toc-list-level-3' ><li class='ez-toc-heading-level-3'><a class=\"ez-toc-link ez-toc-heading-6\" href=\"https:\/\/loudavymkrokem.cz\/ro\/vacanta-iordania-petra\/#Aqaba_si_Marea_Rosie_cand_te_poti_scalda\" >Aqaba \u0219i Marea Ro\u0219ie: c\u00e2nd te po\u021bi sc\u0103lda<\/a><\/li><li class='ez-toc-page-1 ez-toc-heading-level-3'><a class=\"ez-toc-link ez-toc-heading-7\" href=\"https:\/\/loudavymkrokem.cz\/ro\/vacanta-iordania-petra\/#Amman_Marea_Moarta_si_Wadi_Rum_trei_climate_diferite_intr-o_singura_tara\" >Amman, Marea Moart\u0103 \u0219i Wadi Rum: trei climate diferite \u00eentr-o singur\u0103 \u021bar\u0103<\/a><\/li><li class='ez-toc-page-1 ez-toc-heading-level-3'><a class=\"ez-toc-link ez-toc-heading-8\" href=\"https:\/\/loudavymkrokem.cz\/ro\/vacanta-iordania-petra\/#Cele_mai_bune_luni_in_functie_de_tipul_calatoriei\" >Cele mai bune luni \u00een func\u021bie de tipul c\u0103l\u0103toriei<\/a><\/li><\/ul><\/li><li class='ez-toc-page-1 ez-toc-heading-level-2'><a class=\"ez-toc-link ez-toc-heading-9\" href=\"https:\/\/loudavymkrokem.cz\/ro\/vacanta-iordania-petra\/#Ce_sa_vezi_in_Iordania_20_de_sfaturi_de_la_Petra_la_Marea_Rosie\" >Ce s\u0103 vezi \u00een Iordania: 20 de sfaturi de la Petra la Marea Ro\u0219ie<\/a><ul class='ez-toc-list-level-3' ><li class='ez-toc-heading-level-3'><a class=\"ez-toc-link ez-toc-heading-10\" href=\"https:\/\/loudavymkrokem.cz\/ro\/vacanta-iordania-petra\/#1_Siq_si_Trezoreria_intrarea_in_Petra_de_neuitat\" >1. Siq \u0219i Trezoreria: intrarea \u00een Petra, de neuitat<\/a><\/li><li class='ez-toc-page-1 ez-toc-heading-level-3'><a class=\"ez-toc-link ez-toc-heading-11\" href=\"https:\/\/loudavymkrokem.cz\/ro\/vacanta-iordania-petra\/#2_Manastirea_Ad-Deir_800_de_trepte_care_merita\" >2. M\u0103n\u0103stirea Ad-Deir: 800 de trepte care merit\u0103<\/a><\/li><li class='ez-toc-page-1 ez-toc-heading-level-3'><a class=\"ez-toc-link ez-toc-heading-12\" href=\"https:\/\/loudavymkrokem.cz\/ro\/vacanta-iordania-petra\/#3_Mormintele_regale_si_teatrul_roman\" >3. Mormintele regale \u0219i teatrul roman<\/a><\/li><li class='ez-toc-page-1 ez-toc-heading-level-3'><a class=\"ez-toc-link ez-toc-heading-13\" href=\"https:\/\/loudavymkrokem.cz\/ro\/vacanta-iordania-petra\/#4_Belvederea_de_deasupra_Trezoreriei_si_potecile_Petrei\" >4. Belvederea de deasupra Trezoreriei \u0219i potecile Petrei<\/a><\/li><li class='ez-toc-page-1 ez-toc-heading-level-3'><a class=\"ez-toc-link ez-toc-heading-14\" href=\"https:\/\/loudavymkrokem.cz\/ro\/vacanta-iordania-petra\/#5_Mica_Petra_Siq_al-Barid\" >5. Mica Petra (Siq al-Barid)<\/a><\/li><li class='ez-toc-page-1 ez-toc-heading-level-3'><a class=\"ez-toc-link ez-toc-heading-15\" href=\"https:\/\/loudavymkrokem.cz\/ro\/vacanta-iordania-petra\/#6_Petra_by_Night\" >6. Petra by Night<\/a><\/li><li class='ez-toc-page-1 ez-toc-heading-level-3'><a class=\"ez-toc-link ez-toc-heading-16\" href=\"https:\/\/loudavymkrokem.cz\/ro\/vacanta-iordania-petra\/#7_Wadi_Musa_baza_pentru_vizitarea_Petrei\" >7. Wadi Musa: baza pentru vizitarea Petrei<\/a><\/li><li class='ez-toc-page-1 ez-toc-heading-level-3'><a class=\"ez-toc-link ez-toc-heading-17\" href=\"https:\/\/loudavymkrokem.cz\/ro\/vacanta-iordania-petra\/#8_Wadi_Rum_desertul_rosu_din_filme\" >8. Wadi Rum: de\u0219ertul ro\u0219u din filme<\/a><\/li><li class='ez-toc-page-1 ez-toc-heading-level-3'><a class=\"ez-toc-link ez-toc-heading-18\" href=\"https:\/\/loudavymkrokem.cz\/ro\/vacanta-iordania-petra\/#9_Dormitul_intr-o_tabara_beduina_sub_stele\" >9. Dormitul \u00eentr-o tab\u0103r\u0103 beduin\u0103 sub stele<\/a><\/li><li class='ez-toc-page-1 ez-toc-heading-level-3'><a class=\"ez-toc-link ez-toc-heading-19\" href=\"https:\/\/loudavymkrokem.cz\/ro\/vacanta-iordania-petra\/#10_Podul_de_stanca_Umm_Fruth_si_izvorul_lui_Lawrence\" >10. Podul de st\u00e2nc\u0103 Umm Fruth \u0219i izvorul lui Lawrence<\/a><\/li><li class='ez-toc-page-1 ez-toc-heading-level-3'><a class=\"ez-toc-link ez-toc-heading-20\" href=\"https:\/\/loudavymkrokem.cz\/ro\/vacanta-iordania-petra\/#11_Marea_Moarta_cel_mai_jos_loc_de_pe_uscat\" >11. Marea Moart\u0103: cel mai jos loc de pe uscat<\/a><\/li><li class='ez-toc-page-1 ez-toc-heading-level-3'><a class=\"ez-toc-link ez-toc-heading-21\" href=\"https:\/\/loudavymkrokem.cz\/ro\/vacanta-iordania-petra\/#12_Wadi_Mujib_canionul_prin_care_inaintezi_impotriva_curentului\" >12. Wadi Mujib: canionul prin care \u00eenaintezi \u00eempotriva curentului<\/a><\/li><li class='ez-toc-page-1 ez-toc-heading-level-3'><a class=\"ez-toc-link ez-toc-heading-22\" href=\"https:\/\/loudavymkrokem.cz\/ro\/vacanta-iordania-petra\/#13_Madaba_si_harta_din_mozaic\" >13. Madaba \u0219i harta din mozaic<\/a><\/li><li class='ez-toc-page-1 ez-toc-heading-level-3'><a class=\"ez-toc-link ez-toc-heading-23\" href=\"https:\/\/loudavymkrokem.cz\/ro\/vacanta-iordania-petra\/#14_Muntele_Nebo\" >14. Muntele Nebo<\/a><\/li><li class='ez-toc-page-1 ez-toc-heading-level-3'><a class=\"ez-toc-link ez-toc-heading-24\" href=\"https:\/\/loudavymkrokem.cz\/ro\/vacanta-iordania-petra\/#15_Kerak_si_Shobak_castele_cruciate\" >15. Kerak \u0219i Shobak: castele cruciate<\/a><\/li><li class='ez-toc-page-1 ez-toc-heading-level-3'><a class=\"ez-toc-link ez-toc-heading-25\" href=\"https:\/\/loudavymkrokem.cz\/ro\/vacanta-iordania-petra\/#16_Citadela_din_Amman_si_teatrul_roman\" >16. Citadela din Amman \u0219i teatrul roman<\/a><\/li><li class='ez-toc-page-1 ez-toc-heading-level-3'><a class=\"ez-toc-link ez-toc-heading-26\" href=\"https:\/\/loudavymkrokem.cz\/ro\/vacanta-iordania-petra\/#17_Jerash_cel_mai_bine_pastrat_oras_roman_din_afara_Italiei\" >17. Jerash: cel mai bine p\u0103strat ora\u0219 roman din afara Italiei<\/a><\/li><li class='ez-toc-page-1 ez-toc-heading-level-3'><a class=\"ez-toc-link ez-toc-heading-27\" href=\"https:\/\/loudavymkrokem.cz\/ro\/vacanta-iordania-petra\/#18_Amman_downtown_souk_si_cafenele\" >18. Amman: downtown, souk \u0219i cafenele<\/a><\/li><li class='ez-toc-page-1 ez-toc-heading-level-3'><a class=\"ez-toc-link ez-toc-heading-28\" href=\"https:\/\/loudavymkrokem.cz\/ro\/vacanta-iordania-petra\/#19_Ajloun_si_castelul_lui_Saladin\" >19. Ajloun \u0219i castelul lui Saladin<\/a><\/li><li class='ez-toc-page-1 ez-toc-heading-level-3'><a class=\"ez-toc-link ez-toc-heading-29\" href=\"https:\/\/loudavymkrokem.cz\/ro\/vacanta-iordania-petra\/#20_Aqaba_si_Marea_Rosie\" >20. Aqaba \u0219i Marea Ro\u0219ie<\/a><\/li><\/ul><\/li><li class='ez-toc-page-1 ez-toc-heading-level-2'><a class=\"ez-toc-link ez-toc-heading-30\" href=\"https:\/\/loudavymkrokem.cz\/ro\/vacanta-iordania-petra\/#Jordan_Pass_cel_mai_important_lucru_de_rezolvat_inainte_de_plecare\" >Jordan Pass: cel mai important lucru de rezolvat \u00eenainte de plecare<\/a><\/li><li class='ez-toc-page-1 ez-toc-heading-level-2'><a class=\"ez-toc-link ez-toc-heading-31\" href=\"https:\/\/loudavymkrokem.cz\/ro\/vacanta-iordania-petra\/#Itinerar_de_7_si_10_zile_cum_sa-ti_planifici_Iordania\" >Itinerar de 7 \u0219i 10 zile: cum s\u0103-\u021bi planifici Iordania<\/a><ul class='ez-toc-list-level-3' ><li class='ez-toc-heading-level-3'><a class=\"ez-toc-link ez-toc-heading-32\" href=\"https:\/\/loudavymkrokem.cz\/ro\/vacanta-iordania-petra\/#O_saptamana_clasica\" >O s\u0103pt\u0103m\u00e2n\u0103 clasic\u0103<\/a><\/li><li class='ez-toc-page-1 ez-toc-heading-level-3'><a class=\"ez-toc-link ez-toc-heading-33\" href=\"https:\/\/loudavymkrokem.cz\/ro\/vacanta-iordania-petra\/#Zece_zile_fara_graba\" >Zece zile f\u0103r\u0103 grab\u0103<\/a><\/li><\/ul><\/li><li class='ez-toc-page-1 ez-toc-heading-level-2'><a class=\"ez-toc-link ez-toc-heading-34\" href=\"https:\/\/loudavymkrokem.cz\/ro\/vacanta-iordania-petra\/#Unde_sa_te_cazezi_in_Iordania\" >Unde s\u0103 te cazezi \u00een Iordania<\/a><ul class='ez-toc-list-level-3' ><li class='ez-toc-heading-level-3'><a class=\"ez-toc-link ez-toc-heading-35\" href=\"https:\/\/loudavymkrokem.cz\/ro\/vacanta-iordania-petra\/#Prezentarea_zonelor\" >Prezentarea zonelor<\/a><\/li><li class='ez-toc-page-1 ez-toc-heading-level-3'><a class=\"ez-toc-link ez-toc-heading-36\" href=\"https:\/\/loudavymkrokem.cz\/ro\/vacanta-iordania-petra\/#Sfaturi_concrete_de_cazare\" >Sfaturi concrete de cazare<\/a><\/li><\/ul><\/li><li class='ez-toc-page-1 ez-toc-heading-level-2'><a class=\"ez-toc-link ez-toc-heading-37\" href=\"https:\/\/loudavymkrokem.cz\/ro\/vacanta-iordania-petra\/#Ce_sa_mananci_in_Iordania\" >Ce s\u0103 m\u0103n\u00e2nci \u00een Iordania<\/a><\/li><li class='ez-toc-page-1 ez-toc-heading-level-2'><a class=\"ez-toc-link ez-toc-heading-38\" href=\"https:\/\/loudavymkrokem.cz\/ro\/vacanta-iordania-petra\/#Cat_costa_o_vacanta_in_Iordania\" >C\u00e2t cost\u0103 o vacan\u021b\u0103 \u00een Iordania<\/a><\/li><li class='ez-toc-page-1 ez-toc-heading-level-2'><a class=\"ez-toc-link ez-toc-heading-39\" href=\"https:\/\/loudavymkrokem.cz\/ro\/vacanta-iordania-petra\/#Transportul_prin_Iordania\" >Transportul prin Iordania<\/a><ul class='ez-toc-list-level-3' ><li class='ez-toc-heading-level-3'><a class=\"ez-toc-link ez-toc-heading-40\" href=\"https:\/\/loudavymkrokem.cz\/ro\/vacanta-iordania-petra\/#Masina_inchiriata\" >Ma\u0219ina \u00eenchiriat\u0103<\/a><\/li><li class='ez-toc-page-1 ez-toc-heading-level-3'><a class=\"ez-toc-link ez-toc-heading-41\" href=\"https:\/\/loudavymkrokem.cz\/ro\/vacanta-iordania-petra\/#Sofer_sau_tur_organizat\" >\u0218ofer sau tur organizat<\/a><\/li><li class='ez-toc-page-1 ez-toc-heading-level-3'><a class=\"ez-toc-link ez-toc-heading-42\" href=\"https:\/\/loudavymkrokem.cz\/ro\/vacanta-iordania-petra\/#Autobuzele_JETT_si_taxiul\" >Autobuzele JETT \u0219i taxiul<\/a><\/li><\/ul><\/li><li class='ez-toc-page-1 ez-toc-heading-level-2'><a class=\"ez-toc-link ez-toc-heading-43\" href=\"https:\/\/loudavymkrokem.cz\/ro\/vacanta-iordania-petra\/#La_ce_sa_fii_atent_in_Iordania\" >La ce s\u0103 fii atent \u00een Iordania<\/a><\/li><li class='ez-toc-page-1 ez-toc-heading-level-2'><a class=\"ez-toc-link ez-toc-heading-44\" href=\"https:\/\/loudavymkrokem.cz\/ro\/vacanta-iordania-petra\/#Este_Iordania_sigura\" >Este Iordania sigur\u0103?<\/a><\/li><li class='ez-toc-page-1 ez-toc-heading-level-2'><a class=\"ez-toc-link ez-toc-heading-45\" href=\"https:\/\/loudavymkrokem.cz\/ro\/vacanta-iordania-petra\/#Incotro_mai_departe_alte_sfaturi_pentru_calatorii_prin_istorie_si_desert\" >\u00cencotro mai departe: alte sfaturi pentru c\u0103l\u0103torii prin istorie \u0219i de\u0219ert<\/a><\/li><li class='ez-toc-page-1 ez-toc-heading-level-2'><a class=\"ez-toc-link ez-toc-heading-46\" href=\"https:\/\/loudavymkrokem.cz\/ro\/vacanta-iordania-petra\/#Intrebari_frecvente\" >\u00centreb\u0103ri frecvente<\/a><ul class='ez-toc-list-level-3' ><li class='ez-toc-heading-level-3'><a class=\"ez-toc-link ez-toc-heading-47\" href=\"https:\/\/loudavymkrokem.cz\/ro\/vacanta-iordania-petra\/#Cand_este_cel_mai_bun_moment_pentru_a_merge_in_Iordania\" >C\u00e2nd este cel mai bun moment pentru a merge \u00een Iordania?<\/a><\/li><li class='ez-toc-page-1 ez-toc-heading-level-3'><a class=\"ez-toc-link ez-toc-heading-48\" href=\"https:\/\/loudavymkrokem.cz\/ro\/vacanta-iordania-petra\/#Merita_Jordan_Pass\" >Merit\u0103 Jordan Pass?<\/a><\/li><li class='ez-toc-page-1 ez-toc-heading-level-3'><a class=\"ez-toc-link ez-toc-heading-49\" href=\"https:\/\/loudavymkrokem.cz\/ro\/vacanta-iordania-petra\/#Cate_zile_am_nevoie_pentru_Iordania\" >C\u00e2te zile am nevoie pentru Iordania?<\/a><\/li><li class='ez-toc-page-1 ez-toc-heading-level-3'><a class=\"ez-toc-link ez-toc-heading-50\" href=\"https:\/\/loudavymkrokem.cz\/ro\/vacanta-iordania-petra\/#Cat_timp_am_nevoie_pentru_Petra\" >C\u00e2t timp am nevoie pentru Petra?<\/a><\/li><li class='ez-toc-page-1 ez-toc-heading-level-3'><a class=\"ez-toc-link ez-toc-heading-51\" href=\"https:\/\/loudavymkrokem.cz\/ro\/vacanta-iordania-petra\/#Este_Iordania_sigura-2\" >Este Iordania sigur\u0103?<\/a><\/li><li class='ez-toc-page-1 ez-toc-heading-level-3'><a class=\"ez-toc-link ez-toc-heading-52\" href=\"https:\/\/loudavymkrokem.cz\/ro\/vacanta-iordania-petra\/#Se_poate_face_baie_in_Iordania\" >Se poate face baie \u00een Iordania?<\/a><\/li><li class='ez-toc-page-1 ez-toc-heading-level-3'><a class=\"ez-toc-link ez-toc-heading-53\" href=\"https:\/\/loudavymkrokem.cz\/ro\/vacanta-iordania-petra\/#Am_nevoie_de_viza_pentru_Iordania\" >Am nevoie de viz\u0103 pentru Iordania?<\/a><\/li><li class='ez-toc-page-1 ez-toc-heading-level-3'><a class=\"ez-toc-link ez-toc-heading-54\" href=\"https:\/\/loudavymkrokem.cz\/ro\/vacanta-iordania-petra\/#Pot_manca_vegetarienii_in_Iordania\" >Pot m\u00e2nca vegetarienii \u00een Iordania?<\/a><\/li><\/ul><\/li><\/ul><\/nav><\/div>\n<h2 id=\"Rezumat\" class=\"wp-block-heading\"><span class=\"ez-toc-section\" id=\"Rezumat\"><\/span>Rezumat<span class=\"ez-toc-section-end\"><\/span><\/h2>\n\n\n\n<ul class=\"wp-block-list\">\n<li>Petra figureaz\u0103 pe lista UNESCO \u0219i pe bun\u0103 dreptate se num\u0103r\u0103 printre <strong>cele \u0219apte noi minuni ale lumii<\/strong>.<\/li>\n\n\n\n<li><strong>Jordan Pass<\/strong> se cump\u0103r\u0103 exclusiv online \u00eenainte de sosirea \u00een \u021bar\u0103, scute\u0219te taxa de viz\u0103 la un sejur de cel pu\u021bin 3 nop\u021bi \u0219i include intrarea la peste 40 de obiective, inclusiv Petra.<\/li>\n\n\n\n<li><strong>Cele mai bune luni<\/strong> turistice pentru vizit\u0103 sunt martie\u2013mai \u0219i apoi septembrie\u2013noiembrie.<\/li>\n\n\n\n<li>Chiar la Petra temperaturile urc\u0103 \u00een iulie p\u00e2n\u0103 la 33,6 \u00b0C, dar cum ora\u0219ul se afl\u0103 la 1 130 de metri altitudine, <strong>nop\u021bile sunt r\u0103coroase<\/strong> chiar \u0219i \u00een plin\u0103 var\u0103 torid\u0103.<\/li>\n\n\n\n<li><strong>Marea Moart\u0103<\/strong> se afl\u0103 cu aproximativ 430 de metri sub nivelul oceanului planetar, motiv pentru care are cea mai cald\u0103 clim\u0103 din toat\u0103 \u021bara.<\/li>\n\n\n\n<li>Ora\u0219ul-port <strong>Aqaba, la Marea Ro\u0219ie<\/strong>, atrage cu o ap\u0103 de peste 21 \u00b0C chiar \u0219i \u00een miezul iernii, de aceea e o destina\u021bie de scufund\u0103ri renumit\u0103.<\/li>\n\n\n\n<li><strong>Wadi Rum<\/strong> este vestitul de\u0219ert ro\u0219u unde regizorii au filmat Mar\u021bianul sau Dune, iar aici dormi \u00een tabere beduine tradi\u021bionale, sub stele.<\/li>\n\n\n\n<li>C\u0103l\u0103toria prin Iordania <strong>nu e ieftin\u0103<\/strong>, fiindc\u0103 dinarul local se num\u0103r\u0103 printre cele mai puternice monede din \u00eentreaga lume.<\/li>\n<\/ul>\n\n\n\n<h2 id=\"De_ce_sa_mergi_in_Iordania_si_pentru_cine_nu_e_potrivita\" class=\"wp-block-heading\"><span class=\"ez-toc-section\" id=\"De_ce_sa_mergi_in_Iordania_si_pentru_cine_nu_e_potrivita\"><\/span>De ce s\u0103 mergi \u00een Iordania (\u0219i pentru cine nu e potrivit\u0103)<span class=\"ez-toc-section-end\"><\/span><\/h2>\n\n\n\n<p class=\"wp-block-paragraph\">Regatul Ha\u0219emit al Iordaniei, cum sun\u0103 numele oficial complet, atrage cu un amestec absolut unic de istorie \u0219i frumuse\u021bi naturale, care dup\u0103 toate aparen\u021bele te prinde \u0219i nu-\u021bi mai d\u0103 drumul. Dar \u00eenainte s\u0103 \u00eencepi s\u0103 cumperi entuziasmat bilete de avion cu escal\u0103 la Istanbul sau la Viena, hai s\u0103 spunem sincer \u00een ce e <strong>absolut fantastic\u0103<\/strong> aceast\u0103 \u021bar\u0103 din Orientul Mijlociu \u0219i cui, dimpotriv\u0103, i-ar putea sta specificul ei \u00een cale.<\/p>\n\n\n\n<h3 id=\"6_motive_pentru_care_Iordania_merita_drumul\" class=\"wp-block-heading\"><span class=\"ez-toc-section\" id=\"6_motive_pentru_care_Iordania_merita_drumul\"><\/span>6 motive pentru care Iordania merit\u0103 drumul<span class=\"ez-toc-section-end\"><\/span><\/h3>\n\n\n\n<p class=\"wp-block-paragraph\"><strong>Petra ca o comoar\u0103 istoric\u0103:<\/strong> vizitarea acestui str\u0103vechi ora\u0219 nabatean se spune c\u0103 e printre <strong>cele mai puternice experien\u021be<\/strong> pe care le po\u021bi aduna \u00een lumea c\u0103l\u0103toriilor, iar to\u021bi cei care au fost acolo vorbesc despre uimirea total\u0103 la prima privire asupra faimoasei Trezorerii.<\/p>\n\n\n\n<p class=\"wp-block-paragraph\"><strong>De\u0219ertul Wadi Rum \u0219i dormitul sub stele:<\/strong> \u00eennoptarea \u00eentr-o tab\u0103r\u0103 beduin\u0103 \u00eenconjurat\u0103 de st\u00e2nci ro\u0219ii de gresie are, se pare, o atmosfer\u0103 incredibil\u0103, mai ales c\u00e2nd seara stai l\u00e2ng\u0103 foc \u0219i mii de stele str\u0103lucesc deasupra ta.<\/p>\n\n\n\n<p class=\"wp-block-paragraph\"><strong>Marea Moart\u0103:<\/strong> s\u0103 te scufunzi, sau mai degrab\u0103 s\u0103 te \u00eentinzi \u00een apa extrem de s\u0103rat\u0103 din <strong>cel mai jos punct de pe uscat<\/strong>, e o distrac\u021bie uria\u0219\u0103, la care \u00een plus te relaxezi minunat \u0219i faci ceva bun pentru pielea ta.<\/p>\n\n\n\n<p class=\"wp-block-paragraph\"><strong>Totul e aproape unul de altul:<\/strong> reu\u0219e\u0219ti s\u0103 <strong>parcurgi \u021bara \u00eentr-o s\u0103pt\u0103m\u00e2n\u0103<\/strong>, fiindc\u0103 atrac\u021biile principale nu sunt la mii de kilometri distan\u021b\u0103, iar deplas\u0103rile dintre ele nu-\u021bi iau zile \u00eentregi.<\/p>\n\n\n\n<p class=\"wp-block-paragraph\"><strong>Ospitalitate \u0219i siguran\u021b\u0103 deosebite:<\/strong> de\u0219i ne afl\u0103m \u00een Orientul Mijlociu, Iordania trece drept o \u021bar\u0103 musulman\u0103 foarte stabil\u0103 \u0219i deschis\u0103, unde localnicii te \u00eent\u00e2mpin\u0103 bucuro\u0219i cu un z\u00e2mbet sincer \u0219i un ceai fierbinte.<\/p>\n\n\n\n<p class=\"wp-block-paragraph\"><strong>Combina\u021bia de istorie, de\u0219ert \u0219i mare:<\/strong> pu\u021bine state \u00ee\u021bi ofer\u0103 posibilitatea ca \u00een c\u00e2teva zile s\u0103 admiri coloane antice, s\u0103 conduci un jeep pe dune, iar imediat dup\u0103 aceea <strong>s\u0103 faci snorkeling pe recife de corali<\/strong> la Aqaba, singurul port iordanian.<\/p>\n\n\n\n<h3 id=\"Cui_nu_i_se_potriveste_Iordania\" class=\"wp-block-heading\"><span class=\"ez-toc-section\" id=\"Cui_nu_i_se_potriveste_Iordania\"><\/span>Cui nu i se potrive\u0219te Iordania<span class=\"ez-toc-section-end\"><\/span><\/h3>\n\n\n\n<p class=\"wp-block-paragraph\">Chiar dac\u0103 totul sun\u0103 absolut idilic, exist\u0103 tipuri de c\u0103l\u0103tori pentru care aceast\u0103 \u021bar\u0103 arab\u0103 nu va fi alegerea potrivit\u0103. Ia \u00een calcul mai degrab\u0103 o alt\u0103 destina\u021bie dac\u0103 te \u00eencadrezi \u00een vreuna dintre categoriile de mai jos, ca s\u0103 nu ajungi <strong>dezam\u0103git degeaba<\/strong> la fa\u021ba locului \ud83d\ude05.<\/p>\n\n\n\n<ul class=\"wp-block-list\">\n<li>Cau\u021bi o <strong>vacan\u021b\u0103 de-a dreptul ieftin\u0103<\/strong>, pentru c\u0103 intr\u0103rile la obiective, transportul \u0219i cazarea se scumpesc serios \u00een dinari puternici.<\/li>\n\n\n\n<li>Vrei tot timpul <strong>doar s\u0103 stai la mare<\/strong>, pentru care se potrive\u0219te mult mai bine vecinul Egipt, cu resorturi mari \u0219i plaje lungi de nisip.<\/li>\n\n\n\n<li>Ai <strong>probleme la mers<\/strong>, pentru c\u0103 doar la vizitarea Petrei parcurgi lejer 15 kilometri pe zi \u0219i foarte des urci pe pante abrupte.<\/li>\n\n\n\n<li>Supor\u021bi greu <strong>c\u0103ldura mare<\/strong>, care aici pune st\u0103p\u00e2nire deplin peste var\u0103, c\u00e2nd temperaturile la Petra dep\u0103\u0219esc 33 \u00b0C, iar la Marea Moart\u0103 se apropie de 40.<\/li>\n\n\n\n<li>Te a\u0219tep\u021bi s\u0103 po\u021bi bea peste tot <strong>alcool liber \u0219i ieftin<\/strong>, fiindc\u0103 \u00eentr-o \u021bar\u0103 musulman\u0103 v\u00e2nzarea lui e destul de limitat\u0103, iar pre\u021burile \u00een restaurante sunt de regul\u0103 extrem de ridicate.<\/li>\n<\/ul>\n\n\n\n<h2 id=\"Cand_sa_mergi_in_Iordania_vremea_luna_cu_luna\" class=\"wp-block-heading\"><span class=\"ez-toc-section\" id=\"Cand_sa_mergi_in_Iordania_vremea_luna_cu_luna\"><\/span>C\u00e2nd s\u0103 mergi \u00een Iordania: vremea lun\u0103 cu lun\u0103<span class=\"ez-toc-section-end\"><\/span><\/h2>\n\n\n\n<p class=\"wp-block-paragraph\">Poate te surprinde, dar Iordania nu e deloc uniform\u0103 din punct de vedere climatic \u0219i nu e suficient s\u0103 te ui\u021bi la o singur\u0103 temperatur\u0103 medie. \u00cen timp ce capitala Amman \u0219i faimoasa Petra se afl\u0103 destul de sus \u00een mun\u021bi \u0219i acolo e mai r\u0103coare, Marea Moart\u0103 se g\u0103se\u0219te ad\u00e2nc sub nivelul oceanului \u0219i reprezint\u0103 <strong>cea mai cald\u0103 zon\u0103 din \u021bar\u0103<\/strong>. La asta trebuie s\u0103 adaugi Aqaba din sud, la Marea Ro\u0219ie, \u0219i imprevizibilul de\u0219ert Wadi Rum, unde te a\u0219teapt\u0103 diferen\u021be de temperatur\u0103 cu adev\u0103rat mari \u00eentre zi \u0219i noapte.<\/p>\n\n\n\n<p class=\"wp-block-paragraph\">Ca s\u0103-\u021bi u\u0219urez c\u00e2t mai mult planificarea, am preg\u0103tit tabele detaliate care nu pornesc de la estim\u0103ri, ci de la medii exacte pe zece ani, \u00eentre 2015 \u0219i 2024, provenite din reanaliza ERA5. Din aceste date cite\u0219ti exact <strong>c\u00e2nd e momentul ideal<\/strong> pentru descoperirea obiectivelor antice \u0219i c\u00e2nd, dimpotriv\u0103, te-ai coace de viu.<\/p>\n\n\n\n<figure class=\"wp-block-table is-style-stripes\" style=\"overflow-x:auto\"><table><thead><tr><th>Luna<\/th><th>Ziua<\/th><th>Noaptea<\/th><th>Zile cu ploaie<\/th><th>Soare\/zi<\/th><\/tr><\/thead><tbody><tr><td><strong>ianuarie<\/strong><\/td><td>11 \u00b0C<\/td><td>4 \u00b0C<\/td><td>7,8<\/td><td>9,2 h<\/td><\/tr><tr><td><strong>februarie<\/strong><\/td><td>13 \u00b0C<\/td><td>5 \u00b0C<\/td><td>7,0<\/td><td>9,7 h<\/td><\/tr><tr><td><strong>martie<\/strong><\/td><td>17 \u00b0C<\/td><td>7 \u00b0C<\/td><td>4,9<\/td><td>10,8 h<\/td><\/tr><tr><td><strong>aprilie<\/strong><\/td><td>22 \u00b0C<\/td><td>11 \u00b0C<\/td><td>2,7<\/td><td>12,0 h<\/td><\/tr><tr><td><strong>mai<\/strong><\/td><td>26 \u00b0C<\/td><td>15 \u00b0C<\/td><td>1,0<\/td><td>12,7 h<\/td><\/tr><tr><td><strong>iunie<\/strong><\/td><td>29 \u00b0C<\/td><td>18 \u00b0C<\/td><td>0,1<\/td><td>13,1 h<\/td><\/tr><tr><td><strong>iulie<\/strong><\/td><td>31 \u00b0C<\/td><td>20 \u00b0C<\/td><td>0,0<\/td><td>13,1 h<\/td><\/tr><tr><td><strong>august<\/strong><\/td><td>31 \u00b0C<\/td><td>21 \u00b0C<\/td><td>0,3<\/td><td>12,8 h<\/td><\/tr><tr><td><strong>septembrie<\/strong><\/td><td>29 \u00b0C<\/td><td>19 \u00b0C<\/td><td>0,3<\/td><td>11,5 h<\/td><\/tr><tr><td><strong>octombrie<\/strong><\/td><td>24 \u00b0C<\/td><td>15 \u00b0C<\/td><td>1,9<\/td><td>10,7 h<\/td><\/tr><tr><td><strong>noiembrie<\/strong><\/td><td>18 \u00b0C<\/td><td>10 \u00b0C<\/td><td>4,5<\/td><td>9,9 h<\/td><\/tr><tr><td><strong>decembrie<\/strong><\/td><td>14 \u00b0C<\/td><td>6 \u00b0C<\/td><td>4,8<\/td><td>9,1 h<\/td><\/tr><\/tbody><\/table><figcaption class=\"wp-element-caption\">Petra se afl\u0103 la circa 1 130 m altitudine, de aceea nop\u021bile sunt mai reci dec\u00e2t se a\u0219teapt\u0103 lumea. Medii pe zece ani 2015\u20132024 din reanaliza ERA5.<\/figcaption><\/figure>\n\n\n\n<p class=\"wp-block-paragraph\">Altitudinea Petrei se situeaz\u0103 \u00een jur de 1 130 de metri, ceea ce influen\u021beaz\u0103 decisiv clima local\u0103 \u0219i aduce seri mai r\u0103coroase chiar \u0219i \u00een lunile toride de var\u0103.<\/p>\n\n\n\n<ul class=\"wp-block-list\">\n<li><strong>Ianuarie:<\/strong> ziua 11,2 \u00b0C, noaptea 4,0 \u00b0C, zile cu ploaie 7,8, soare 9,2 h\/zi<\/li>\n\n\n\n<li><strong>Februarie:<\/strong> ziua 12,9 \u00b0C, noaptea 4,9 \u00b0C, zile cu ploaie 7,0, soare 9,7 h\/zi<\/li>\n\n\n\n<li><strong>Martie:<\/strong> ziua 16,6 \u00b0C, noaptea 7,4 \u00b0C, zile cu ploaie 4,9, soare 10,8 h\/zi<\/li>\n\n\n\n<li><strong>Aprilie:<\/strong> ziua 21,8 \u00b0C, noaptea 11,3 \u00b0C, zile cu ploaie 2,7, soare 12,0 h\/zi<\/li>\n\n\n\n<li><strong>Mai:<\/strong> ziua 26,4 \u00b0C, noaptea 15,4 \u00b0C, zile cu ploaie 1,0, soare 12,7 h\/zi<\/li>\n\n\n\n<li><strong>Iunie:<\/strong> ziua 29,0 \u00b0C, noaptea 18,3 \u00b0C, zile cu ploaie 0,1, soare 13,1 h\/zi<\/li>\n\n\n\n<li><strong>Iulie:<\/strong> ziua 30,7 \u00b0C, noaptea 20,2 \u00b0C, zile cu ploaie 0,0, soare 13,1 h\/zi<\/li>\n\n\n\n<li><strong>August:<\/strong> ziua 30,8 \u00b0C, noaptea 20,6 \u00b0C, zile cu ploaie 0,3, soare 12,8 h\/zi<\/li>\n\n\n\n<li><strong>Septembrie:<\/strong> ziua 28,7 \u00b0C, noaptea 18,8 \u00b0C, zile cu ploaie 0,3, soare 11,5 h\/zi<\/li>\n\n\n\n<li><strong>Octombrie:<\/strong> ziua 24,2 \u00b0C, noaptea 15,4 \u00b0C, zile cu ploaie 1,9, soare 10,7 h\/zi<\/li>\n\n\n\n<li><strong>Noiembrie:<\/strong> ziua 18,3 \u00b0C, noaptea 10,5 \u00b0C, zile cu ploaie 4,5, soare 9,9 h\/zi<\/li>\n\n\n\n<li><strong>Decembrie:<\/strong> ziua 13,5 \u00b0C, noaptea 6,4 \u00b0C, zile cu ploaie 4,8, soare 9,1 h\/zi<\/li>\n<\/ul>\n\n\n\n<h3 id=\"Aqaba_si_Marea_Rosie_cand_te_poti_scalda\" class=\"wp-block-heading\"><span class=\"ez-toc-section\" id=\"Aqaba_si_Marea_Rosie_cand_te_poti_scalda\"><\/span>Aqaba \u0219i Marea Ro\u0219ie: c\u00e2nd te po\u021bi sc\u0103lda<span class=\"ez-toc-section-end\"><\/span><\/h3>\n\n\n\n<p class=\"wp-block-paragraph\">Singurul port iordanian se afl\u0103 \u00een extremitatea sudic\u0103 a \u021b\u0103rii \u0219i ofer\u0103 condi\u021bii fantastice pentru iubitorii lumii subacvatice. Temperatura apei m\u0103rii, pe care o dau conform unui model marin de \u00eencredere pentru anii 2019\u20132024, <strong>nu coboar\u0103 sub 21,4 \u00b0C<\/strong> nici \u00een miezul iernii (media din februarie e 21,8 \u00b0C), a\u0219a c\u0103 te po\u021bi scufunda absolut tot anul.<\/p>\n\n\n\n<p class=\"wp-block-paragraph\">Ai \u00eens\u0103 mare grij\u0103 la vacan\u021ba de var\u0103, pentru c\u0103 \u00een iulie \u0219i august aerul de pe uscat se \u00eenc\u0103lze\u0219te la 40,1 \u00b0C \u0219i 39,7 \u00b0C. Aceste valori reprezint\u0103 deja un <strong>adev\u0103rat extrem<\/strong> pentru un turist obi\u0219nuit, \u00een care nu po\u021bi face altceva dec\u00e2t s\u0103 stai \u00eentr-o camer\u0103 cu aer condi\u021bionat.<\/p>\n\n\n\n<figure class=\"wp-block-table is-style-stripes\"><table class=\"has-fixed-layout\"><thead><tr><th>Luna<\/th><th>Ziua<\/th><th>Noaptea<\/th><th>Marea<\/th><th>Zile cu ploaie<\/th><th>Soare\/zi<\/th><\/tr><\/thead><tbody><tr><td><strong>ianuarie<\/strong><\/td><td>20 \u00b0C<\/td><td>10 \u00b0C<\/td><td>23 \u00b0C<\/td><td>1,3<\/td><td>9,5 h<\/td><\/tr><tr><td><strong>februarie<\/strong><\/td><td>22 \u00b0C<\/td><td>12 \u00b0C<\/td><td>22 \u00b0C<\/td><td>2,5<\/td><td>9,8 h<\/td><\/tr><tr><td><strong>martie<\/strong><\/td><td>26 \u00b0C<\/td><td>14 \u00b0C<\/td><td>22 \u00b0C<\/td><td>1,2<\/td><td>10,9 h<\/td><\/tr><tr><td><strong>aprilie<\/strong><\/td><td>31 \u00b0C<\/td><td>18 \u00b0C<\/td><td>22 \u00b0C<\/td><td>0,5<\/td><td>11,9 h<\/td><\/tr><tr><td><strong>mai<\/strong><\/td><td>36 \u00b0C<\/td><td>22 \u00b0C<\/td><td>24 \u00b0C<\/td><td>0,4<\/td><td>12,6 h<\/td><\/tr><tr><td><strong>iunie<\/strong><\/td><td>38 \u00b0C<\/td><td>25 \u00b0C<\/td><td>26 \u00b0C<\/td><td>0,0<\/td><td>13,1 h<\/td><\/tr><tr><td><strong>iulie<\/strong><\/td><td>40 \u00b0C<\/td><td>27 \u00b0C<\/td><td>29 \u00b0C<\/td><td>0,0<\/td><td>13,1 h<\/td><\/tr><tr><td><strong>august<\/strong><\/td><td>40 \u00b0C<\/td><td>27 \u00b0C<\/td><td>29 \u00b0C<\/td><td>0,0<\/td><td>12,6 h<\/td><\/tr><tr><td><strong>septembrie<\/strong><\/td><td>37 \u00b0C<\/td><td>25 \u00b0C<\/td><td>28 \u00b0C<\/td><td>0,0<\/td><td>11,4 h<\/td><\/tr><tr><td><strong>octombrie<\/strong><\/td><td>33 \u00b0C<\/td><td>22 \u00b0C<\/td><td>26 \u00b0C<\/td><td>0,4<\/td><td>10,8 h<\/td><\/tr><tr><td><strong>noiembrie<\/strong><\/td><td>27 \u00b0C<\/td><td>17 \u00b0C<\/td><td>25 \u00b0C<\/td><td>0,6<\/td><td>10,0 h<\/td><\/tr><tr><td><strong>decembrie<\/strong><\/td><td>22 \u00b0C<\/td><td>12 \u00b0C<\/td><td>24 \u00b0C<\/td><td>0,8<\/td><td>9,3 h<\/td><\/tr><\/tbody><\/table><figcaption class=\"wp-element-caption\">Aqaba, la Marea Ro\u0219ie: marea nu coboar\u0103 sub 21,4 \u00b0C nici \u00een februarie, dar vara pe uscat sunt peste 40 \u00b0C. Medii 2015\u20132024 (ERA5), temperatura m\u0103rii 2019\u20132024.<\/figcaption><\/figure>\n\n\n\n<ul class=\"wp-block-list\">\n<li><strong>Ianuarie:<\/strong> ziua 20,5 \u00b0C, noaptea 10,5 \u00b0C, marea 22,7 \u00b0C, zile cu ploaie 1,3, soare 9,5 h\/zi<\/li>\n\n\n\n<li><strong>Februarie:<\/strong> ziua 22,4 \u00b0C, noaptea 11,5 \u00b0C, marea 21,8 \u00b0C, zile cu ploaie 2,5, soare 9,8 h\/zi<\/li>\n\n\n\n<li><strong>Martie:<\/strong> ziua 25,9 \u00b0C, noaptea 14,4 \u00b0C, marea 21,7 \u00b0C, zile cu ploaie 1,2, soare 10,9 h\/zi<\/li>\n\n\n\n<li><strong>Aprilie:<\/strong> ziua 31,1 \u00b0C, noaptea 18,2 \u00b0C, marea 22,5 \u00b0C, zile cu ploaie 0,5, soare 11,9 h\/zi<\/li>\n\n\n\n<li><strong>Mai:<\/strong> ziua 35,5 \u00b0C, noaptea 22,0 \u00b0C, marea 23,9 \u00b0C, zile cu ploaie 0,4, soare 12,6 h\/zi<\/li>\n\n\n\n<li><strong>Iunie:<\/strong> ziua 38,4 \u00b0C, noaptea 24,8 \u00b0C, marea 26,2 \u00b0C, zile cu ploaie 0,0, soare 13,1 h\/zi<\/li>\n\n\n\n<li><strong>Iulie:<\/strong> ziua 40,1 \u00b0C, noaptea 26,7 \u00b0C, marea 28,6 \u00b0C, zile cu ploaie 0,0, soare 13,1 h\/zi<\/li>\n\n\n\n<li><strong>August:<\/strong> ziua 39,7 \u00b0C, noaptea 26,8 \u00b0C, marea 29,4 \u00b0C, zile cu ploaie 0,0, soare 12,6 h\/zi<\/li>\n\n\n\n<li><strong>Septembrie:<\/strong> ziua 37,2 \u00b0C, noaptea 25,0 \u00b0C, marea 27,9 \u00b0C, zile cu ploaie 0,0, soare 11,4 h\/zi<\/li>\n\n\n\n<li><strong>Octombrie:<\/strong> ziua 32,7 \u00b0C, noaptea 21,5 \u00b0C, marea 26,0 \u00b0C, zile cu ploaie 0,4, soare 10,8 h\/zi<\/li>\n\n\n\n<li><strong>Noiembrie:<\/strong> ziua 27,2 \u00b0C, noaptea 16,8 \u00b0C, marea 24,9 \u00b0C, zile cu ploaie 0,6, soare 10,0 h\/zi<\/li>\n\n\n\n<li><strong>Decembrie:<\/strong> ziua 22,4 \u00b0C, noaptea 12,5 \u00b0C, marea 23,5 \u00b0C, zile cu ploaie 0,8, soare 9,3 h\/zi<\/li>\n<\/ul>\n\n\n\n<h3 id=\"Amman_Marea_Moarta_si_Wadi_Rum_trei_climate_diferite_intr_o_singura_tara\" class=\"wp-block-heading\"><span class=\"ez-toc-section\" id=\"Amman_Marea_Moarta_si_Wadi_Rum_trei_climate_diferite_intr-o_singura_tara\"><\/span>Amman, Marea Moart\u0103 \u0219i Wadi Rum: trei climate diferite \u00eentr-o singur\u0103 \u021bar\u0103<span class=\"ez-toc-section-end\"><\/span><\/h3>\n\n\n\n<p class=\"wp-block-paragraph\">Dac\u0103 te ui\u021bi la celelalte zone-cheie, vezi frumos c\u00e2t de mult difer\u0103 clima \u00een func\u021bie de altitudinea concret\u0103. \u00cen timp ce la Amman, care se afl\u0103 la 811 metri, m\u0103sori \u00een ianuarie 11,7 \u00b0C ziua \u0219i 32,8 \u00b0C \u00een iulie, la Marea Moart\u0103, ad\u00e2nc \u00een depresiune (427 de metri sub nivelul oceanului), zilele de ianuarie se \u00eenc\u0103lzesc la 20,0 \u00b0C, iar cele de iulie ating 38,5 \u00b0C dogoritoare. De\u0219ertul Wadi Rum, cu altitudinea de 951 de metri, se comport\u0103 din nou pu\u021bin altfel, fiindc\u0103 ofer\u0103 zile de var\u0103 cu 34,8 \u00b0C, dar \u00een acela\u0219i timp <strong>varia\u021bii uria\u0219e<\/strong> \u00eentre lumina soarelui \u0219i \u00eentuneric.<\/p>\n\n\n\n<p class=\"wp-block-paragraph\">C\u0103l\u0103torii atrag adesea aten\u021bia c\u0103 \u00een de\u0219ert \u0219i la muntoasa Petra te pot lua prin surprindere temperaturile nocturne, fiindc\u0103 \u00een ianuarie coboar\u0103 \u00een Wadi Rum spre 3,4 \u00b0C \u0219i la Amman spre 4,8 \u00b0C. Asta \u00eenseamn\u0103 un singur lucru, \u0219i anume c\u0103 <strong>o hanorac\u0103 \u00ee\u021bi va prinde bine<\/strong> chiar \u0219i vara, pentru serile mai r\u0103coroase, iar iarna trebuie s\u0103-\u021bi pui \u00een rucsac o geac\u0103 cu adev\u0103rat groas\u0103. Mai jos po\u021bi vedea cifrele exacte pe care se bazeaz\u0103 aceste observa\u021bii.<\/p>\n\n\n\n<p class=\"wp-block-paragraph\"><strong>Amman:<\/strong><\/p>\n\n\n\n<ul class=\"wp-block-list\">\n<li><strong>Ianuarie:<\/strong> ziua 11,7 \u00b0C, noaptea 4,8 \u00b0C, zile cu ploaie 9,6, soare 8,7 h\/zi<\/li>\n\n\n\n<li><strong>Februarie:<\/strong> ziua 13,6 \u00b0C, noaptea 5,5 \u00b0C, zile cu ploaie 8,9, soare 9,3 h\/zi<\/li>\n\n\n\n<li><strong>Martie:<\/strong> ziua 16,9 \u00b0C, noaptea 7,7 \u00b0C, zile cu ploaie 7,6, soare 10,4 h\/zi<\/li>\n\n\n\n<li><strong>Aprilie:<\/strong> ziua 22,7 \u00b0C, noaptea 11,6 \u00b0C, zile cu ploaie 3,7, soare 11,9 h\/zi<\/li>\n\n\n\n<li><strong>Mai:<\/strong> ziua 27,5 \u00b0C, noaptea 15,5 \u00b0C, zile cu ploaie 1,8, soare 12,7 h\/zi<\/li>\n\n\n\n<li><strong>Iunie:<\/strong> ziua 30,7 \u00b0C, noaptea 18,5 \u00b0C, zile cu ploaie 0,4, soare 13,1 h\/zi<\/li>\n\n\n\n<li><strong>Iulie:<\/strong> ziua 32,8 \u00b0C, noaptea 20,6 \u00b0C, zile cu ploaie 0,0, soare 13,2 h\/zi<\/li>\n\n\n\n<li><strong>August:<\/strong> ziua 32,8 \u00b0C, noaptea 20,7 \u00b0C, zile cu ploaie 0,0, soare 12,9 h\/zi<\/li>\n\n\n\n<li><strong>Septembrie:<\/strong> ziua 30,8 \u00b0C, noaptea 19,4 \u00b0C, zile cu ploaie 0,6, soare 11,6 h\/zi<\/li>\n\n\n\n<li><strong>Octombrie:<\/strong> ziua 26,1 \u00b0C, noaptea 16,3 \u00b0C, zile cu ploaie 2,1, soare 10,6 h\/zi<\/li>\n\n\n\n<li><strong>Noiembrie:<\/strong> ziua 19,5 \u00b0C, noaptea 11,1 \u00b0C, zile cu ploaie 5,6, soare 9,4 h\/zi<\/li>\n\n\n\n<li><strong>Decembrie:<\/strong> ziua 14,2 \u00b0C, noaptea 7,0 \u00b0C, zile cu ploaie 6,3, soare 8,4 h\/zi<\/li>\n<\/ul>\n\n\n\n<p class=\"wp-block-paragraph\"><strong>Marea Moart\u0103:<\/strong><\/p>\n\n\n\n<ul class=\"wp-block-list\">\n<li><strong>Ianuarie:<\/strong> ziua 20,0 \u00b0C, noaptea 14,0 \u00b0C, zile cu ploaie 7,0, soare 9,1 h\/zi<\/li>\n\n\n\n<li><strong>Februarie:<\/strong> ziua 21,1 \u00b0C, noaptea 14,7 \u00b0C, zile cu ploaie 6,5, soare 9,5 h\/zi<\/li>\n\n\n\n<li><strong>Martie:<\/strong> ziua 24,4 \u00b0C, noaptea 17,0 \u00b0C, zile cu ploaie 4,0, soare 10,5 h\/zi<\/li>\n\n\n\n<li><strong>Aprilie:<\/strong> ziua 29,6 \u00b0C, noaptea 20,9 \u00b0C, zile cu ploaie 1,6, soare 11,8 h\/zi<\/li>\n\n\n\n<li><strong>Mai:<\/strong> ziua 34,0 \u00b0C, noaptea 24,6 \u00b0C, zile cu ploaie 0,7, soare 12,6 h\/zi<\/li>\n\n\n\n<li><strong>Iunie:<\/strong> ziua 36,5 \u00b0C, noaptea 27,2 \u00b0C, zile cu ploaie 0,3, soare 13,1 h\/zi<\/li>\n\n\n\n<li><strong>Iulie:<\/strong> ziua 38,5 \u00b0C, noaptea 29,4 \u00b0C, zile cu ploaie 0,0, soare 13,2 h\/zi<\/li>\n\n\n\n<li><strong>August:<\/strong> ziua 38,0 \u00b0C, noaptea 29,4 \u00b0C, zile cu ploaie 0,0, soare 12,7 h\/zi<\/li>\n\n\n\n<li><strong>Septembrie:<\/strong> ziua 35,9 \u00b0C, noaptea 28,2 \u00b0C, zile cu ploaie 0,2, soare 11,5 h\/zi<\/li>\n\n\n\n<li><strong>Octombrie:<\/strong> ziua 31,9 \u00b0C, noaptea 25,2 \u00b0C, zile cu ploaie 0,8, soare 10,6 h\/zi<\/li>\n\n\n\n<li><strong>Noiembrie:<\/strong> ziua 26,6 \u00b0C, noaptea 20,6 \u00b0C, zile cu ploaie 3,7, soare 9,5 h\/zi<\/li>\n\n\n\n<li><strong>Decembrie:<\/strong> ziua 22,0 \u00b0C, noaptea 16,5 \u00b0C, zile cu ploaie 4,3, soare 8,6 h\/zi<\/li>\n<\/ul>\n\n\n\n<p class=\"wp-block-paragraph\"><strong>Wadi Rum:<\/strong><\/p>\n\n\n\n<ul class=\"wp-block-list\">\n<li><strong>Ianuarie:<\/strong> ziua 14,3 \u00b0C, noaptea 3,4 \u00b0C, zile cu ploaie 1,8, soare 9,4 h\/zi<\/li>\n\n\n\n<li><strong>Februarie:<\/strong> ziua 16,5 \u00b0C, noaptea 4,5 \u00b0C, zile cu ploaie 2,1, soare 9,9 h\/zi<\/li>\n\n\n\n<li><strong>Martie:<\/strong> ziua 20,5 \u00b0C, noaptea 7,7 \u00b0C, zile cu ploaie 1,7, soare 11,0 h\/zi<\/li>\n\n\n\n<li><strong>Aprilie:<\/strong> ziua 25,6 \u00b0C, noaptea 11,6 \u00b0C, zile cu ploaie 0,9, soare 12,0 h\/zi<\/li>\n\n\n\n<li><strong>Mai:<\/strong> ziua 30,1 \u00b0C, noaptea 16,0 \u00b0C, zile cu ploaie 0,4, soare 12,7 h\/zi<\/li>\n\n\n\n<li><strong>Iunie:<\/strong> ziua 33,1 \u00b0C, noaptea 19,2 \u00b0C, zile cu ploaie 0,1, soare 13,1 h\/zi<\/li>\n\n\n\n<li><strong>Iulie:<\/strong> ziua 34,8 \u00b0C, noaptea 21,0 \u00b0C, zile cu ploaie 0,0, soare 13,1 h\/zi<\/li>\n\n\n\n<li><strong>August:<\/strong> ziua 35,1 \u00b0C, noaptea 21,0 \u00b0C, zile cu ploaie 0,1, soare 12,7 h\/zi<\/li>\n\n\n\n<li><strong>Septembrie:<\/strong> ziua 33,2 \u00b0C, noaptea 19,4 \u00b0C, zile cu ploaie 0,2, soare 11,5 h\/zi<\/li>\n\n\n\n<li><strong>Octombrie:<\/strong> ziua 28,2 \u00b0C, noaptea 15,5 \u00b0C, zile cu ploaie 0,9, soare 10,8 h\/zi<\/li>\n\n\n\n<li><strong>Noiembrie:<\/strong> ziua 21,3 \u00b0C, noaptea 9,8 \u00b0C, zile cu ploaie 1,1, soare 10,1 h\/zi<\/li>\n\n\n\n<li><strong>Decembrie:<\/strong> ziua 16,2 \u00b0C, noaptea 5,3 \u00b0C, zile cu ploaie 1,2, soare 9,4 h\/zi<\/li>\n<\/ul>\n\n\n\n<h3 id=\"Cele_mai_bune_luni_in_functie_de_tipul_calatoriei\" class=\"wp-block-heading\"><span class=\"ez-toc-section\" id=\"Cele_mai_bune_luni_in_functie_de_tipul_calatoriei\"><\/span>Cele mai bune luni \u00een func\u021bie de tipul c\u0103l\u0103toriei<span class=\"ez-toc-section-end\"><\/span><\/h3>\n\n\n\n<ul class=\"wp-block-list\">\n<li><strong>Turism cultural \u0219i Petra:<\/strong> ideale sunt lunile de prim\u0103var\u0103 martie\u2013mai \u0219i apoi fereastra de toamn\u0103 din septembrie p\u00e2n\u0103 \u00een noiembrie, c\u00e2nd temperaturile pl\u0103cute permit drume\u021bii lungi pe jos.<\/li>\n\n\n\n<li><strong>De\u0219ertul \u0219i dormitul sub stele:<\/strong> vino aici prim\u0103vara sau toamna, fiindc\u0103 iarna temperaturile nocturne din Wadi Rum coboar\u0103 spre zero \u0219i \u00een cort \u021bi-ar fi cu adev\u0103rat foarte frig.<\/li>\n\n\n\n<li><strong>Scufund\u0103ri la Aqaba:<\/strong> te po\u021bi sc\u0103lda f\u0103r\u0103 probleme tot anul, dar cel mai bun compromis \u00eentre apa cald\u0103 \u0219i aerul suportabil \u00eel ofer\u0103 perioada octombrie\u2013mai.<\/li>\n\n\n\n<li><strong>C\u00e2nd e mai bine s\u0103 evi\u021bi:<\/strong> iulie \u0219i august aduc c\u0103lduri extreme, care mai ales la Marea Moart\u0103 \u0219i \u00een sud, la Aqaba, sunt nespus de epuizante pentru un turist obi\u0219nuit.<\/li>\n<\/ul>\n\n\n\n<h2 id=\"Ce_sa_vezi_in_Iordania_20_de_sfaturi_de_la_Petra_la_Marea_Rosie\" class=\"wp-block-heading\"><span class=\"ez-toc-section\" id=\"Ce_sa_vezi_in_Iordania_20_de_sfaturi_de_la_Petra_la_Marea_Rosie\"><\/span>Ce s\u0103 vezi \u00een Iordania: 20 de sfaturi de la Petra la Marea Ro\u0219ie<span class=\"ez-toc-section-end\"><\/span><\/h2>\n\n\n\n<p class=\"wp-block-paragraph\">Iordania este, din fericire, o \u021bar\u0103 destul de compact\u0103, a\u0219a c\u0103 o parcurgi frumos \u00een vreo \u0219apte\u2013zece zile, fie cu o ma\u0219in\u0103 \u00eenchiriat\u0103, fie cu un \u0219ofer local angajat. Traseul se \u00eemparte de obicei \u00een c\u00e2teva blocuri logice: \u00eencepi \u00een nord, la Amman, parcurgi istorica Drum al Regilor pe l\u00e2ng\u0103 Marea Moart\u0103, explorezi faimoasa Petra \u0219i \u00een final ajungi \u00een de\u0219ertul Wadi Rum sau la Marea Ro\u0219ie, la Aqaba. Cu siguran\u021b\u0103 te va \u00eenc\u00e2nta c\u00e2t de variat\u0103 e aceast\u0103 \u021bar\u0103 din Orientul Mijlociu \u2014 doar c\u0103 trebuie s\u0103 te preg\u0103te\u0219ti ca moneda local\u0103 s\u0103 fie <strong>dinarul iordanian (JOD)<\/strong>, care e surprinz\u0103tor una dintre cele mai puternice monede din lume.<\/p>\n\n\n\n<p class=\"wp-block-paragraph\">Iordania nu se num\u0103r\u0103 deloc printre destina\u021biile de-a dreptul ieftine, a\u0219a c\u0103 merit\u0103 s\u0103-\u021bi urm\u0103re\u0219ti bugetul \u0219i s\u0103 cau\u021bi <a href=\"https:\/\/loudavymkrokem.cz\/ro\/bilete-avion-ieftine\/\">cum s\u0103 g\u0103se\u0219ti bilete de avion ieftine<\/a>, pentru c\u0103 de la Bucure\u0219ti nu zboar\u0103 nimic direct \u0219i trebuie s\u0103 iei \u00een calcul o escal\u0103, de obicei prin Istanbul, Viena sau Dubai. Zboruri convenabile spre Amman g\u0103se\u0219ti de exemplu cu Wizz Air sau TAROM cu escal\u0103. Limba oficial\u0103 e desigur araba, dar \u00een serviciile turistice te \u00een\u021belegi absolut normal \u00een englez\u0103, ceea ce u\u0219ureaz\u0103 enorm c\u0103l\u0103toria. Fiind o \u021bar\u0103 musulman\u0103, se recomand\u0103 ca \u00een afara centrelor turistice principale \u0219i a sta\u021biunilor s\u0103 alegi haine mai conservatoare, cu umeri \u0219i genunchi acoperi\u021bi, chiar dac\u0103 altfel localnicii sunt foarte deschi\u0219i \u0219i s\u0103ritori cu str\u0103inii.<\/p>\n\n\n\n<h3 id=\"1_Siq_si_Trezoreria_intrarea_in_Petra_de_neuitat\" class=\"wp-block-heading\"><span class=\"ez-toc-section\" id=\"1_Siq_si_Trezoreria_intrarea_in_Petra_de_neuitat\"><\/span>1. Siq \u0219i Trezoreria: intrarea \u00een Petra, de neuitat<span class=\"ez-toc-section-end\"><\/span><\/h3>\n\n\n\n<p class=\"wp-block-paragraph\">C\u00e2nd spui Iordania, absolut oricui \u00eei vine imediat \u00een minte faimoasa Petra din Iordania, care pe bun\u0103 dreptate figureaz\u0103 pe lista UNESCO \u0219i se num\u0103r\u0103 printre a\u0219a-numitele \u0219apte noi minuni ale lumii. Intrarea propriu-zis\u0103 \u00een acest str\u0103vechi ora\u0219 nabatean trece printr-un <strong>defileu \u00eengust, Siq, de peste un kilometru<\/strong>, care \u0219erpuie\u0219te printre pere\u021bi \u00eenal\u021bi de st\u00e2nc\u0103, iar la cap\u0103tul lui \u00ee\u021bi apare \u00een fa\u021b\u0103 fa\u021bada iconic\u0103 Al-Khazneh, numit\u0103 Trezoreria. Din poze \u0219i din pove\u0219tile c\u0103l\u0103torilor reiese c\u0103 e momentul \u00een care r\u0103m\u00e2i cu gura c\u0103scat\u0103, fiindc\u0103 acea construc\u021bie uria\u0219\u0103 s\u0103pat\u0103 \u00een st\u00e2nc\u0103 are un aer incredibil de maiestuos.<\/p>\n\n\n\n<figure data-wp-context=\"{&quot;imageId&quot;:&quot;6a955d0e1f30c&quot;}\" data-wp-interactive=\"core\/image\" data-wp-key=\"6a955d0e1f30c\" class=\"wp-block-image size-full wp-lightbox-container\"><img decoding=\"async\" width=\"1500\" height=\"1004\" data-wp-class--hide=\"state.isContentHidden\" data-wp-class--show=\"state.isContentVisible\" data-wp-init=\"callbacks.setButtonStyles\" data-wp-on--click=\"actions.showLightbox\" data-wp-on--load=\"callbacks.setButtonStyles\" data-wp-on--pointerdown=\"actions.preloadImage\" data-wp-on--pointerenter=\"actions.preloadImageWithDelay\" data-wp-on--pointerleave=\"actions.cancelPreload\" data-wp-on-window--resize=\"callbacks.setButtonStyles\" src=\"https:\/\/loudavymkrokem.cz\/wp-content\/uploads\/2026\/08\/dovolena-jordansko-t01.jpg\" alt=\"Defileul Siq care duce spre Petra\" class=\"wp-image-400018\" title=\"\" srcset=\"https:\/\/loudavymkrokem.cz\/wp-content\/uploads\/2026\/08\/dovolena-jordansko-t01.jpg 1500w, https:\/\/loudavymkrokem.cz\/wp-content\/uploads\/2026\/08\/dovolena-jordansko-t01-300x201.jpg 300w, https:\/\/loudavymkrokem.cz\/wp-content\/uploads\/2026\/08\/dovolena-jordansko-t01-700x469.jpg 700w, https:\/\/loudavymkrokem.cz\/wp-content\/uploads\/2026\/08\/dovolena-jordansko-t01-768x514.jpg 768w, https:\/\/loudavymkrokem.cz\/wp-content\/uploads\/2026\/08\/dovolena-jordansko-t01-696x466.jpg 696w, https:\/\/loudavymkrokem.cz\/wp-content\/uploads\/2026\/08\/dovolena-jordansko-t01-1392x932.jpg 1392w\" sizes=\"(max-width: 1500px) 100vw, 1500px\" \/><button\n\t\t\tclass=\"lightbox-trigger\"\n\t\t\ttype=\"button\"\n\t\t\taria-haspopup=\"dialog\"\n\t\t\tdata-wp-bind--aria-label=\"state.thisImage.triggerButtonAriaLabel\"\n\t\t\tdata-wp-init=\"callbacks.initTriggerButton\"\n\t\t\tdata-wp-on--click=\"actions.showLightbox\"\n\t\t\tdata-wp-style--right=\"state.thisImage.buttonRight\"\n\t\t\tdata-wp-style--top=\"state.thisImage.buttonTop\"\n\t\t>\n\t\t\t<svg xmlns=\"http:\/\/www.w3.org\/2000\/svg\" width=\"12\" height=\"12\" fill=\"none\" viewBox=\"0 0 12 12\">\n\t\t\t\t<path fill=\"#fff\" d=\"M2 0a2 2 0 0 0-2 2v2h1.5V2a.5.5 0 0 1 .5-.5h2V0H2Zm2 10.5H2a.5.5 0 0 1-.5-.5V8H0v2a2 2 0 0 0 2 2h2v-1.5ZM8 12v-1.5h2a.5.5 0 0 0 .5-.5V8H12v2a2 2 0 0 1-2 2H8Zm2-12a2 2 0 0 1 2 2v2h-1.5V2a.5.5 0 0 0-.5-.5H8V0h2Z\" \/>\n\t\t\t<\/svg>\n\t\t<\/button><figcaption class=\"wp-element-caption\">Defileul Siq care duce spre Petra (Foto: Berthold Werner \/ Wikimedia Commons, CC BY 3.0)<\/figcaption><\/figure>\n\n\n\n<p class=\"wp-block-paragraph\">Sfatul practic e clar: <strong>ajungi la intrare devreme diminea\u021ba, imediat dup\u0103 deschidere<\/strong>, pentru c\u0103 diminea\u021ba \u00een defileu e \u00eenc\u0103 o r\u0103coare pl\u0103cut\u0103, iar pe Trezorerie cade o lumin\u0103 frumoas\u0103 a soarelui \u2014 \u00een plus, evi\u021bi cele mai mari aglomera\u021bii. Ia-\u021bi neap\u0103rat, \u00eenainte de sosire, biletul digital online <strong>Jordan Pass<\/strong>, care la un sejur de cel pu\u021bin trei nop\u021bi \u00ee\u021bi scute\u0219te viza turistic\u0103 \u0219i include intrarea la Petra, fiindc\u0103 altfel doar biletul de acces \u00een incint\u0103 te-ar costa zeci de dinari. Cea mai ieftin\u0103 variant\u0103, Wanderer, cost\u0103 orientativ \u00een jur de 70 JOD (aproximativ 500 lei), dar pre\u021burile se mai schimb\u0103 din c\u00e2nd \u00een c\u00e2nd, a\u0219a c\u0103 verific\u0103 mereu pe site-ul oficial.<\/p>\n\n\n\n<h3 id=\"2_Manastirea_Ad_Deir_800_de_trepte_care_merita\" class=\"wp-block-heading\"><span class=\"ez-toc-section\" id=\"2_Manastirea_Ad-Deir_800_de_trepte_care_merita\"><\/span>2. M\u0103n\u0103stirea Ad-Deir: 800 de trepte care merit\u0103<span class=\"ez-toc-section-end\"><\/span><\/h3>\n\n\n\n<p class=\"wp-block-paragraph\">Chiar dac\u0103 Trezoreria e cea mai faimoas\u0103, <strong>cea mai mare fa\u021bad\u0103 s\u0103pat\u0103 \u00een st\u00e2nc\u0103 din toat\u0103 Petra este M\u0103n\u0103stirea Ad-Deir<\/strong>, la care \u00eens\u0103 trebuie s\u0103 urci pe vreo opt sute de trepte str\u0103vechi. C\u0103l\u0103torii sunt de acord c\u0103 e o performan\u021b\u0103 sportiv\u0103 destul de serioas\u0103, dar sus te a\u0219teapt\u0103 nu doar priveli\u0219tea acestei construc\u021bii monumentale, ci \u0219i o mic\u0103 ceain\u0103rie beduin\u0103, unde te po\u021bi odihni dup\u0103 urcu\u0219 \u0219i savura panorama mun\u021bilor din jur. Se spune c\u0103 e un loc mult mai lini\u0219tit dec\u00e2t partea central\u0103 a Petrei, fiindc\u0103 nu orice turist are r\u0103bdarea \u0219i puterea s\u0103 se ca\u021b\u0103re p\u00e2n\u0103 aici.<\/p>\n\n\n\n<figure data-wp-context=\"{&quot;imageId&quot;:&quot;6a955d0e1fb8f&quot;}\" data-wp-interactive=\"core\/image\" data-wp-key=\"6a955d0e1fb8f\" class=\"wp-block-image size-full wp-lightbox-container\"><img decoding=\"async\" width=\"1500\" height=\"990\" data-wp-class--hide=\"state.isContentHidden\" data-wp-class--show=\"state.isContentVisible\" data-wp-init=\"callbacks.setButtonStyles\" data-wp-on--click=\"actions.showLightbox\" data-wp-on--load=\"callbacks.setButtonStyles\" data-wp-on--pointerdown=\"actions.preloadImage\" data-wp-on--pointerenter=\"actions.preloadImageWithDelay\" data-wp-on--pointerleave=\"actions.cancelPreload\" data-wp-on-window--resize=\"callbacks.setButtonStyles\" src=\"https:\/\/loudavymkrokem.cz\/wp-content\/uploads\/2026\/08\/dovolena-jordansko-t02.jpg\" alt=\"M\u0103n\u0103stirea Ad-Deir din Petra\" class=\"wp-image-400021\" title=\"\" srcset=\"https:\/\/loudavymkrokem.cz\/wp-content\/uploads\/2026\/08\/dovolena-jordansko-t02.jpg 1500w, https:\/\/loudavymkrokem.cz\/wp-content\/uploads\/2026\/08\/dovolena-jordansko-t02-300x198.jpg 300w, https:\/\/loudavymkrokem.cz\/wp-content\/uploads\/2026\/08\/dovolena-jordansko-t02-700x462.jpg 700w, https:\/\/loudavymkrokem.cz\/wp-content\/uploads\/2026\/08\/dovolena-jordansko-t02-768x507.jpg 768w, https:\/\/loudavymkrokem.cz\/wp-content\/uploads\/2026\/08\/dovolena-jordansko-t02-696x459.jpg 696w, https:\/\/loudavymkrokem.cz\/wp-content\/uploads\/2026\/08\/dovolena-jordansko-t02-1392x919.jpg 1392w\" sizes=\"(max-width: 1500px) 100vw, 1500px\" \/><button\n\t\t\tclass=\"lightbox-trigger\"\n\t\t\ttype=\"button\"\n\t\t\taria-haspopup=\"dialog\"\n\t\t\tdata-wp-bind--aria-label=\"state.thisImage.triggerButtonAriaLabel\"\n\t\t\tdata-wp-init=\"callbacks.initTriggerButton\"\n\t\t\tdata-wp-on--click=\"actions.showLightbox\"\n\t\t\tdata-wp-style--right=\"state.thisImage.buttonRight\"\n\t\t\tdata-wp-style--top=\"state.thisImage.buttonTop\"\n\t\t>\n\t\t\t<svg xmlns=\"http:\/\/www.w3.org\/2000\/svg\" width=\"12\" height=\"12\" fill=\"none\" viewBox=\"0 0 12 12\">\n\t\t\t\t<path fill=\"#fff\" d=\"M2 0a2 2 0 0 0-2 2v2h1.5V2a.5.5 0 0 1 .5-.5h2V0H2Zm2 10.5H2a.5.5 0 0 1-.5-.5V8H0v2a2 2 0 0 0 2 2h2v-1.5ZM8 12v-1.5h2a.5.5 0 0 0 .5-.5V8H12v2a2 2 0 0 1-2 2H8Zm2-12a2 2 0 0 1 2 2v2h-1.5V2a.5.5 0 0 0-.5-.5H8V0h2Z\" \/>\n\t\t\t<\/svg>\n\t\t<\/button><figcaption class=\"wp-element-caption\">M\u0103n\u0103stirea Ad-Deir din Petra (Foto: Diego Delso \/ Wikimedia Commons, CC BY-SA 3.0)<\/figcaption><\/figure>\n\n\n\n<p class=\"wp-block-paragraph\">Dac\u0103 vrei s\u0103-\u021bi u\u0219urezi c\u00e2t mai mult drumul, <strong>porne\u0219te spre M\u0103n\u0103stire abia dup\u0103-amiaza t\u00e2rziu<\/strong>, c\u00e2nd cea mai mare parte a sc\u0103rilor e milostiv ascuns\u0103 \u00een umbr\u0103 \u0219i nu te coci la soarele direct. Fa\u021bada Ad-Deir e \u00een plus, la aceast\u0103 or\u0103, minunat luminat\u0103 de soarele apun\u00e2nd, ceea ce creeaz\u0103 condi\u021bii perfecte pentru fotografii \u2014 doar c\u0103 trebuie s\u0103 fii atent la timp, ca s\u0103 apuci s\u0103 te \u00eentorci la intrare \u00eenainte de l\u0103sarea \u00eentunericului \u263a\ufe0f.<\/p>\n\n\n\n<h3 id=\"3_Mormintele_regale_si_teatrul_roman\" class=\"wp-block-heading\"><span class=\"ez-toc-section\" id=\"3_Mormintele_regale_si_teatrul_roman\"><\/span>3. Mormintele regale \u0219i teatrul roman<span class=\"ez-toc-section-end\"><\/span><\/h3>\n\n\n\n<p class=\"wp-block-paragraph\">C\u00e2nd parcurgi valea principal\u0103 a Petrei, cu siguran\u021b\u0103 vei observa pe dreapta ni\u0219te construc\u021bii uria\u0219e s\u0103pate sus \u00een masivul de st\u00e2nc\u0103, c\u0103rora li se spune la un loc <strong>Mormintele Regale<\/strong>. Printre ele se num\u0103r\u0103 mai ales Morm\u00e2ntul cu Urn\u0103, cu bol\u021bi masive, Morm\u00e2ntul de M\u0103tase, cu dungi de gresie incredibil de colorate, \u0219i Morm\u00e2ntul Corintic, iar imediat mai \u00eencolo dai peste m\u0103re\u021bul teatru roman, care, spre deosebire de majoritatea altor construc\u021bii antice de acest tip, e s\u0103pat direct \u00een st\u00e2nca vie. Asta arat\u0103 leg\u0103tura fascinant\u0103 dintre arhitectura nabatean\u0103 original\u0103 \u0219i influen\u021ba roman\u0103 de mai t\u00e2rziu, care a modelat ora\u0219ul.<\/p>\n\n\n\n<figure data-wp-context=\"{&quot;imageId&quot;:&quot;6a955d0e2031a&quot;}\" data-wp-interactive=\"core\/image\" data-wp-key=\"6a955d0e2031a\" class=\"wp-block-image size-full wp-lightbox-container\"><img decoding=\"async\" width=\"1500\" height=\"1000\" data-wp-class--hide=\"state.isContentHidden\" data-wp-class--show=\"state.isContentVisible\" data-wp-init=\"callbacks.setButtonStyles\" data-wp-on--click=\"actions.showLightbox\" data-wp-on--load=\"callbacks.setButtonStyles\" data-wp-on--pointerdown=\"actions.preloadImage\" data-wp-on--pointerenter=\"actions.preloadImageWithDelay\" data-wp-on--pointerleave=\"actions.cancelPreload\" data-wp-on-window--resize=\"callbacks.setButtonStyles\" src=\"https:\/\/loudavymkrokem.cz\/wp-content\/uploads\/2026\/08\/dovolena-jordansko-t03.jpg\" alt=\"Mormintele regale din Petra\" class=\"wp-image-400025\" title=\"\" srcset=\"https:\/\/loudavymkrokem.cz\/wp-content\/uploads\/2026\/08\/dovolena-jordansko-t03.jpg 1500w, https:\/\/loudavymkrokem.cz\/wp-content\/uploads\/2026\/08\/dovolena-jordansko-t03-300x200.jpg 300w, https:\/\/loudavymkrokem.cz\/wp-content\/uploads\/2026\/08\/dovolena-jordansko-t03-700x467.jpg 700w, https:\/\/loudavymkrokem.cz\/wp-content\/uploads\/2026\/08\/dovolena-jordansko-t03-768x512.jpg 768w, https:\/\/loudavymkrokem.cz\/wp-content\/uploads\/2026\/08\/dovolena-jordansko-t03-696x464.jpg 696w, https:\/\/loudavymkrokem.cz\/wp-content\/uploads\/2026\/08\/dovolena-jordansko-t03-1392x928.jpg 1392w\" sizes=\"(max-width: 1500px) 100vw, 1500px\" \/><button\n\t\t\tclass=\"lightbox-trigger\"\n\t\t\ttype=\"button\"\n\t\t\taria-haspopup=\"dialog\"\n\t\t\tdata-wp-bind--aria-label=\"state.thisImage.triggerButtonAriaLabel\"\n\t\t\tdata-wp-init=\"callbacks.initTriggerButton\"\n\t\t\tdata-wp-on--click=\"actions.showLightbox\"\n\t\t\tdata-wp-style--right=\"state.thisImage.buttonRight\"\n\t\t\tdata-wp-style--top=\"state.thisImage.buttonTop\"\n\t\t>\n\t\t\t<svg xmlns=\"http:\/\/www.w3.org\/2000\/svg\" width=\"12\" height=\"12\" fill=\"none\" viewBox=\"0 0 12 12\">\n\t\t\t\t<path fill=\"#fff\" d=\"M2 0a2 2 0 0 0-2 2v2h1.5V2a.5.5 0 0 1 .5-.5h2V0H2Zm2 10.5H2a.5.5 0 0 1-.5-.5V8H0v2a2 2 0 0 0 2 2h2v-1.5ZM8 12v-1.5h2a.5.5 0 0 0 .5-.5V8H12v2a2 2 0 0 1-2 2H8Zm2-12a2 2 0 0 1 2 2v2h-1.5V2a.5.5 0 0 0-.5-.5H8V0h2Z\" \/>\n\t\t\t<\/svg>\n\t\t<\/button><figcaption class=\"wp-element-caption\">Mormintele regale din Petra (Foto: Berthold Werner \/ Wikimedia Commons, Public domain)<\/figcaption><\/figure>\n\n\n\n<p class=\"wp-block-paragraph\">Pentru cea mai bun\u0103 experien\u021b\u0103 a Mormintelor Regale se recomand\u0103 <strong>s\u0103-\u021bi planifici vizita pentru dup\u0103-amiaza t\u00e2rziu<\/strong>, c\u00e2nd soarele bate \u00een ele, iar gresia cap\u0103t\u0103 o culoare ro\u0219ie \u0219i portocalie incredibil de saturat\u0103. Plimbarea p\u00e2n\u0103 acolo nu e deloc dificil\u0103, duce doar o serie de trepte line, iar din micul platou din fa\u021ba Morm\u00e2ntului cu Urn\u0103 \u021bi se deschide o priveli\u0219te superb\u0103 asupra \u00eentregii p\u0103r\u021bi centrale a ora\u0219ului antic, unde te po\u021bi a\u0219eza o clip\u0103 \u0219i absorbi acea atmosfer\u0103 de demult.<\/p>\n\n\n\n<h3 id=\"4_Belvederea_de_deasupra_Trezoreriei_si_potecile_Petrei\" class=\"wp-block-heading\"><span class=\"ez-toc-section\" id=\"4_Belvederea_de_deasupra_Trezoreriei_si_potecile_Petrei\"><\/span>4. Belvederea de deasupra Trezoreriei \u0219i potecile Petrei<span class=\"ez-toc-section-end\"><\/span><\/h3>\n\n\n\n<p class=\"wp-block-paragraph\">Pe l\u00e2ng\u0103 traseele principale, Petra ofer\u0103 \u0219i o serie \u00eentreag\u0103 de poteci alternative, care te duc sus, deasupra v\u0103ii, \u0219i \u00ee\u021bi arat\u0103 ora\u0219ul dintr-o perspectiv\u0103 complet diferit\u0103. Un hit uria\u0219 sunt <strong>potecile care duc pe st\u00e2nca chiar deasupra Trezoreriei<\/strong>, de unde iau na\u0219tere acele poze faimoase \u00een care stai pe marginea pr\u0103pastiei, iar sub tine se ghemuie\u0219te templul monumental cu turi\u0219ti minusculi. E o priveli\u0219te superb\u0103, dar necesit\u0103 pu\u021bin c\u0103\u021b\u0103rat pe trepte de piatr\u0103 mai abrupte, a\u0219a c\u0103 \u00eenc\u0103l\u021b\u0103mintea solid\u0103 e o absolut\u0103 necesitate pentru un mers \u00een siguran\u021b\u0103 pe teren.<\/p>\n\n\n\n<figure data-wp-context=\"{&quot;imageId&quot;:&quot;6a955d0e20b58&quot;}\" data-wp-interactive=\"core\/image\" data-wp-key=\"6a955d0e20b58\" class=\"wp-block-image size-full wp-lightbox-container\"><img decoding=\"async\" width=\"1500\" height=\"999\" data-wp-class--hide=\"state.isContentHidden\" data-wp-class--show=\"state.isContentVisible\" data-wp-init=\"callbacks.setButtonStyles\" data-wp-on--click=\"actions.showLightbox\" data-wp-on--load=\"callbacks.setButtonStyles\" data-wp-on--pointerdown=\"actions.preloadImage\" data-wp-on--pointerenter=\"actions.preloadImageWithDelay\" data-wp-on--pointerleave=\"actions.cancelPreload\" data-wp-on-window--resize=\"callbacks.setButtonStyles\" src=\"https:\/\/loudavymkrokem.cz\/wp-content\/uploads\/2026\/08\/dovolena-jordansko-t04.jpg\" alt=\"Belvedere deasupra Trezoreriei din Petra\" class=\"wp-image-400028\" title=\"\" srcset=\"https:\/\/loudavymkrokem.cz\/wp-content\/uploads\/2026\/08\/dovolena-jordansko-t04.jpg 1500w, https:\/\/loudavymkrokem.cz\/wp-content\/uploads\/2026\/08\/dovolena-jordansko-t04-300x200.jpg 300w, https:\/\/loudavymkrokem.cz\/wp-content\/uploads\/2026\/08\/dovolena-jordansko-t04-700x466.jpg 700w, https:\/\/loudavymkrokem.cz\/wp-content\/uploads\/2026\/08\/dovolena-jordansko-t04-768x511.jpg 768w, https:\/\/loudavymkrokem.cz\/wp-content\/uploads\/2026\/08\/dovolena-jordansko-t04-696x464.jpg 696w, https:\/\/loudavymkrokem.cz\/wp-content\/uploads\/2026\/08\/dovolena-jordansko-t04-1392x927.jpg 1392w\" sizes=\"(max-width: 1500px) 100vw, 1500px\" \/><button\n\t\t\tclass=\"lightbox-trigger\"\n\t\t\ttype=\"button\"\n\t\t\taria-haspopup=\"dialog\"\n\t\t\tdata-wp-bind--aria-label=\"state.thisImage.triggerButtonAriaLabel\"\n\t\t\tdata-wp-init=\"callbacks.initTriggerButton\"\n\t\t\tdata-wp-on--click=\"actions.showLightbox\"\n\t\t\tdata-wp-style--right=\"state.thisImage.buttonRight\"\n\t\t\tdata-wp-style--top=\"state.thisImage.buttonTop\"\n\t\t>\n\t\t\t<svg xmlns=\"http:\/\/www.w3.org\/2000\/svg\" width=\"12\" height=\"12\" fill=\"none\" viewBox=\"0 0 12 12\">\n\t\t\t\t<path fill=\"#fff\" d=\"M2 0a2 2 0 0 0-2 2v2h1.5V2a.5.5 0 0 1 .5-.5h2V0H2Zm2 10.5H2a.5.5 0 0 1-.5-.5V8H0v2a2 2 0 0 0 2 2h2v-1.5ZM8 12v-1.5h2a.5.5 0 0 0 .5-.5V8H12v2a2 2 0 0 1-2 2H8Zm2-12a2 2 0 0 1 2 2v2h-1.5V2a.5.5 0 0 0-.5-.5H8V0h2Z\" \/>\n\t\t\t<\/svg>\n\t\t<\/button><figcaption class=\"wp-element-caption\">Belvedere deasupra Trezoreriei din Petra (Foto: Boris Debic \/ Wikimedia Commons, CC BY-SA 4.0)<\/figcaption><\/figure>\n\n\n\n<p class=\"wp-block-paragraph\">\u00cen leg\u0103tur\u0103 cu aceste belvedere trebuie s\u0103 te aten\u021bionez asupra unui lucru important, pentru c\u0103 <strong>spre unele scurt\u0103turi te vor ademeni beduinii locali<\/strong> \u0219i \u00ee\u021bi vor oferi ghidaj pe bani. Se spune c\u0103 unele dintre aceste poteci laterale sunt destul de \u00eenc\u00e2lcite \u0219i poate chiar periculoase f\u0103r\u0103 \u00eenso\u021bitor local, a\u0219a c\u0103, dac\u0103 te hot\u0103r\u0103\u0219ti s\u0103 apelezi la serviciile lor, stabile\u0219te mereu foarte clar pre\u021bul final dinainte, ca s\u0103 evi\u021bi o tocmeal\u0103 nepl\u0103cut\u0103 la sf\u00e2r\u0219itul drumului.<\/p>\n\n\n\n<h3 id=\"5_Mica_Petra_Siq_al_Barid\" class=\"wp-block-heading\"><span class=\"ez-toc-section\" id=\"5_Mica_Petra_Siq_al-Barid\"><\/span>5. Mica Petra (Siq al-Barid)<span class=\"ez-toc-section-end\"><\/span><\/h3>\n\n\n\n<p class=\"wp-block-paragraph\">Dac\u0103 vrei s\u0103 respiri atmosfera arhitecturii nabateene \u00eenc\u0103 \u00eenainte de a intra \u00een cea mai mare nebunie a mul\u021bimilor, mergi s\u0103 vezi a\u0219a-numita Mic\u0103 Petra, numit\u0103 oficial Siq al-Barid. E vorba de un <strong>a\u0219ez\u0103m\u00e2nt istoric mai mic, ascuns \u00een st\u00e2ncile de gresie<\/strong>, la o mic\u0103 distan\u021b\u0103 de incinta principal\u0103, care probabil a servit c\u00e2ndva ca un fel de suburbie comercial\u0103 pentru caravane. Cea mai mare bijuterie a acestui loc este tavanul pictat p\u0103strat \u00eentr-una dintre \u00eenc\u0103perile s\u0103pate, unde \u0219i azi po\u021bi vedea fresce detaliate cu motive de vi\u021b\u0103-de-vie \u0219i p\u0103s\u0103ri, ceea ce e un unicat absolut \u00een zon\u0103.<\/p>\n\n\n\n<figure data-wp-context=\"{&quot;imageId&quot;:&quot;6a955d0e213f1&quot;}\" data-wp-interactive=\"core\/image\" data-wp-key=\"6a955d0e213f1\" class=\"wp-block-image size-full wp-lightbox-container\"><img decoding=\"async\" width=\"1500\" height=\"996\" data-wp-class--hide=\"state.isContentHidden\" data-wp-class--show=\"state.isContentVisible\" data-wp-init=\"callbacks.setButtonStyles\" data-wp-on--click=\"actions.showLightbox\" data-wp-on--load=\"callbacks.setButtonStyles\" data-wp-on--pointerdown=\"actions.preloadImage\" data-wp-on--pointerenter=\"actions.preloadImageWithDelay\" data-wp-on--pointerleave=\"actions.cancelPreload\" data-wp-on-window--resize=\"callbacks.setButtonStyles\" src=\"https:\/\/loudavymkrokem.cz\/wp-content\/uploads\/2026\/08\/dovolena-jordansko-t05.jpg\" alt=\"Mica Petra, Siq al-Barid\" class=\"wp-image-400030\" title=\"\" srcset=\"https:\/\/loudavymkrokem.cz\/wp-content\/uploads\/2026\/08\/dovolena-jordansko-t05.jpg 1500w, https:\/\/loudavymkrokem.cz\/wp-content\/uploads\/2026\/08\/dovolena-jordansko-t05-300x199.jpg 300w, https:\/\/loudavymkrokem.cz\/wp-content\/uploads\/2026\/08\/dovolena-jordansko-t05-700x465.jpg 700w, https:\/\/loudavymkrokem.cz\/wp-content\/uploads\/2026\/08\/dovolena-jordansko-t05-768x510.jpg 768w, https:\/\/loudavymkrokem.cz\/wp-content\/uploads\/2026\/08\/dovolena-jordansko-t05-696x462.jpg 696w, https:\/\/loudavymkrokem.cz\/wp-content\/uploads\/2026\/08\/dovolena-jordansko-t05-1392x924.jpg 1392w\" sizes=\"(max-width: 1500px) 100vw, 1500px\" \/><button\n\t\t\tclass=\"lightbox-trigger\"\n\t\t\ttype=\"button\"\n\t\t\taria-haspopup=\"dialog\"\n\t\t\tdata-wp-bind--aria-label=\"state.thisImage.triggerButtonAriaLabel\"\n\t\t\tdata-wp-init=\"callbacks.initTriggerButton\"\n\t\t\tdata-wp-on--click=\"actions.showLightbox\"\n\t\t\tdata-wp-style--right=\"state.thisImage.buttonRight\"\n\t\t\tdata-wp-style--top=\"state.thisImage.buttonTop\"\n\t\t>\n\t\t\t<svg xmlns=\"http:\/\/www.w3.org\/2000\/svg\" width=\"12\" height=\"12\" fill=\"none\" viewBox=\"0 0 12 12\">\n\t\t\t\t<path fill=\"#fff\" d=\"M2 0a2 2 0 0 0-2 2v2h1.5V2a.5.5 0 0 1 .5-.5h2V0H2Zm2 10.5H2a.5.5 0 0 1-.5-.5V8H0v2a2 2 0 0 0 2 2h2v-1.5ZM8 12v-1.5h2a.5.5 0 0 0 .5-.5V8H12v2a2 2 0 0 1-2 2H8Zm2-12a2 2 0 0 1 2 2v2h-1.5V2a.5.5 0 0 0-.5-.5H8V0h2Z\" \/>\n\t\t\t<\/svg>\n\t\t<\/button><figcaption class=\"wp-element-caption\">Mica Petra, Siq al-Barid (Foto: hikinginjordan \/ Wikimedia Commons, CC BY-SA 3.0)<\/figcaption><\/figure>\n\n\n\n<p class=\"wp-block-paragraph\">Mica Petra e adesea ignorat\u0103 de turi\u0219ti, ceea ce e de fapt un avantaj uria\u0219, fiindc\u0103 aici <strong>vezi frumosul ora\u0219 din st\u00e2nc\u0103 \u00een relativ\u0103 lini\u0219te<\/strong>, f\u0103r\u0103 sute de al\u021bi oameni cu aparate foto. C\u0103l\u0103torii recomand\u0103 s\u0103 incluzi aceast\u0103 oprire chiar la \u00eenceputul sejurului t\u0103u \u00een zon\u0103, pentru c\u0103 func\u021bioneaz\u0103 ca un prolog excelent \u00eenaintea marelui ora\u0219, iar pentru explorare \u00ee\u021bi e suficient\u0103 aproximativ o or\u0103.<\/p>\n\n\n\n<h3 id=\"6_Petra_by_Night\" class=\"wp-block-heading\"><span class=\"ez-toc-section\" id=\"6_Petra_by_Night\"><\/span>6. Petra by Night<span class=\"ez-toc-section-end\"><\/span><\/h3>\n\n\n\n<p class=\"wp-block-paragraph\">Fa\u021ba magic\u0103 \u0219i foarte romantic\u0103 a acestui loc o po\u021bi cunoa\u0219te \u00een timpul programului de sear\u0103 Petra by Night, c\u00e2nd \u00eentregul defileu Siq \u0219i esplanada din fa\u021ba Trezoreriei se <strong>lumineaz\u0103 cu mii de lum\u00e2n\u0103rele<\/strong>. Oamenii se a\u0219az\u0103 pe covoare \u00eentinse \u00een nisip, beau ceaiul tradi\u021bional dulce \u0219i ascult\u0103 muzica melancolic\u0103 a fluierelor beduine, \u00een timp ce pe fa\u021bada antic\u0103 se proiecteaz\u0103 lumini colorate fine. E un eveniment nespus de fotogenic, care dup\u0103 multe recenzii are un aer mistic, mai ales c\u00e2nd deasupra \u00eentregului canion uria\u0219 str\u0103luce\u0219te cerul nop\u021bii plin de stele.<\/p>\n\n\n\n<figure data-wp-context=\"{&quot;imageId&quot;:&quot;6a955d0e218a1&quot;}\" data-wp-interactive=\"core\/image\" data-wp-key=\"6a955d0e218a1\" class=\"wp-block-image size-full wp-lightbox-container\"><img decoding=\"async\" width=\"1500\" height=\"1125\" data-wp-class--hide=\"state.isContentHidden\" data-wp-class--show=\"state.isContentVisible\" data-wp-init=\"callbacks.setButtonStyles\" data-wp-on--click=\"actions.showLightbox\" data-wp-on--load=\"callbacks.setButtonStyles\" data-wp-on--pointerdown=\"actions.preloadImage\" data-wp-on--pointerenter=\"actions.preloadImageWithDelay\" data-wp-on--pointerleave=\"actions.cancelPreload\" data-wp-on-window--resize=\"callbacks.setButtonStyles\" src=\"https:\/\/loudavymkrokem.cz\/wp-content\/uploads\/2026\/08\/dovolena-jordansko-t06.jpg\" alt=\"Petra by Night \u00een lumina lum\u00e2n\u0103rilor\" class=\"wp-image-400032\" title=\"\" srcset=\"https:\/\/loudavymkrokem.cz\/wp-content\/uploads\/2026\/08\/dovolena-jordansko-t06.jpg 1500w, https:\/\/loudavymkrokem.cz\/wp-content\/uploads\/2026\/08\/dovolena-jordansko-t06-300x225.jpg 300w, https:\/\/loudavymkrokem.cz\/wp-content\/uploads\/2026\/08\/dovolena-jordansko-t06-700x525.jpg 700w, https:\/\/loudavymkrokem.cz\/wp-content\/uploads\/2026\/08\/dovolena-jordansko-t06-768x576.jpg 768w, https:\/\/loudavymkrokem.cz\/wp-content\/uploads\/2026\/08\/dovolena-jordansko-t06-80x60.jpg 80w, https:\/\/loudavymkrokem.cz\/wp-content\/uploads\/2026\/08\/dovolena-jordansko-t06-160x120.jpg 160w, https:\/\/loudavymkrokem.cz\/wp-content\/uploads\/2026\/08\/dovolena-jordansko-t06-696x522.jpg 696w, https:\/\/loudavymkrokem.cz\/wp-content\/uploads\/2026\/08\/dovolena-jordansko-t06-1392x1044.jpg 1392w\" sizes=\"(max-width: 1500px) 100vw, 1500px\" \/><button\n\t\t\tclass=\"lightbox-trigger\"\n\t\t\ttype=\"button\"\n\t\t\taria-haspopup=\"dialog\"\n\t\t\tdata-wp-bind--aria-label=\"state.thisImage.triggerButtonAriaLabel\"\n\t\t\tdata-wp-init=\"callbacks.initTriggerButton\"\n\t\t\tdata-wp-on--click=\"actions.showLightbox\"\n\t\t\tdata-wp-style--right=\"state.thisImage.buttonRight\"\n\t\t\tdata-wp-style--top=\"state.thisImage.buttonTop\"\n\t\t>\n\t\t\t<svg xmlns=\"http:\/\/www.w3.org\/2000\/svg\" width=\"12\" height=\"12\" fill=\"none\" viewBox=\"0 0 12 12\">\n\t\t\t\t<path fill=\"#fff\" d=\"M2 0a2 2 0 0 0-2 2v2h1.5V2a.5.5 0 0 1 .5-.5h2V0H2Zm2 10.5H2a.5.5 0 0 1-.5-.5V8H0v2a2 2 0 0 0 2 2h2v-1.5ZM8 12v-1.5h2a.5.5 0 0 0 .5-.5V8H12v2a2 2 0 0 1-2 2H8Zm2-12a2 2 0 0 1 2 2v2h-1.5V2a.5.5 0 0 0-.5-.5H8V0h2Z\" \/>\n\t\t\t<\/svg>\n\t\t<\/button><figcaption class=\"wp-element-caption\">Petra by Night \u00een lumina lum\u00e2n\u0103rilor (Foto: krebsmaus07 \/ Wikimedia Commons, CC BY 2.0)<\/figcaption><\/figure>\n\n\n\n<p class=\"wp-block-paragraph\">Trebuie \u00eens\u0103 s\u0103 adaug sincer o informa\u021bie practic\u0103 esen\u021bial\u0103, fiindc\u0103 <strong>aceast\u0103 experien\u021b\u0103 de sear\u0103 NU face parte din Jordan Pass<\/strong> \u0219i trebuie s\u0103-\u021bi cumperi un bilet special direct la fa\u021ba locului, pe dinari \u00een plus. Programul are loc, \u00een plus, doar \u00een anumite zile ale s\u0103pt\u0103m\u00e2nii, de obicei luni, miercuri \u0219i joi, a\u0219a c\u0103 trebuie s\u0103-\u021bi planifici de\u0219tept itinerarul \u00een func\u021bie de asta \u0219i, mai ales, s\u0103 nu te a\u0219tep\u021bi la o atmosfer\u0103 intim\u0103 \u2014 acolo vor sta cu tine cu adev\u0103rat mul\u021bi vizitatori \ud83d\ude05.<\/p>\n\n\n\n<h3 id=\"7_Wadi_Musa_baza_pentru_vizitarea_Petrei\" class=\"wp-block-heading\"><span class=\"ez-toc-section\" id=\"7_Wadi_Musa_baza_pentru_vizitarea_Petrei\"><\/span>7. Wadi Musa: baza pentru vizitarea Petrei<span class=\"ez-toc-section-end\"><\/span><\/h3>\n\n\n\n<p class=\"wp-block-paragraph\">C\u00e2nd mergi s\u0103 vizitezi Petra, de fapt vei sta \u0219i \u00ee\u021bi vei petrece serile \u00een or\u0103\u0219elul al\u0103turat Wadi Musa, care a crescut chiar la intrarea \u00een centrul de vizitare \u0219i serve\u0219te drept <strong>principala baz\u0103 turistic\u0103 a \u00eentregii zone<\/strong>. G\u0103se\u0219ti aici absolut tot ce-\u021bi trebuie pentru o vacan\u021b\u0103 mul\u021bumit\u0103, de la hoteluri interna\u021bionale de lux, trec\u00e2nd prin pensiuni de familie primitoare, p\u00e2n\u0103 la o mul\u021bime nesf\u00e2r\u0219it\u0103 de cafenele \u0219i restaurante. Chiar aici po\u021bi \u00eencerca buc\u0103t\u0103ria iordanian\u0103 tradi\u021bional\u0103, specialitatea local\u0103 fiind diverse feluri cu carne \u0219i legume coapte \u00een cuptoare subterane, de care se spune c\u0103 se bucur\u0103 mult c\u0103l\u0103torii, plus un humus sau falafel excelent.<\/p>\n\n\n\n<figure data-wp-context=\"{&quot;imageId&quot;:&quot;6a955d0e21fa4&quot;}\" data-wp-interactive=\"core\/image\" data-wp-key=\"6a955d0e21fa4\" class=\"wp-block-image size-full wp-lightbox-container\"><img decoding=\"async\" width=\"1500\" height=\"996\" data-wp-class--hide=\"state.isContentHidden\" data-wp-class--show=\"state.isContentVisible\" data-wp-init=\"callbacks.setButtonStyles\" data-wp-on--click=\"actions.showLightbox\" data-wp-on--load=\"callbacks.setButtonStyles\" data-wp-on--pointerdown=\"actions.preloadImage\" data-wp-on--pointerenter=\"actions.preloadImageWithDelay\" data-wp-on--pointerleave=\"actions.cancelPreload\" data-wp-on-window--resize=\"callbacks.setButtonStyles\" src=\"https:\/\/loudavymkrokem.cz\/wp-content\/uploads\/2026\/08\/dovolena-jordansko-t07.jpg\" alt=\"Or\u0103\u0219elul Wadi Musa la intrarea \u00een Petra\" class=\"wp-image-400034\" title=\"\" srcset=\"https:\/\/loudavymkrokem.cz\/wp-content\/uploads\/2026\/08\/dovolena-jordansko-t07.jpg 1500w, https:\/\/loudavymkrokem.cz\/wp-content\/uploads\/2026\/08\/dovolena-jordansko-t07-300x199.jpg 300w, https:\/\/loudavymkrokem.cz\/wp-content\/uploads\/2026\/08\/dovolena-jordansko-t07-700x465.jpg 700w, https:\/\/loudavymkrokem.cz\/wp-content\/uploads\/2026\/08\/dovolena-jordansko-t07-768x510.jpg 768w, https:\/\/loudavymkrokem.cz\/wp-content\/uploads\/2026\/08\/dovolena-jordansko-t07-696x462.jpg 696w, https:\/\/loudavymkrokem.cz\/wp-content\/uploads\/2026\/08\/dovolena-jordansko-t07-1392x924.jpg 1392w\" sizes=\"(max-width: 1500px) 100vw, 1500px\" \/><button\n\t\t\tclass=\"lightbox-trigger\"\n\t\t\ttype=\"button\"\n\t\t\taria-haspopup=\"dialog\"\n\t\t\tdata-wp-bind--aria-label=\"state.thisImage.triggerButtonAriaLabel\"\n\t\t\tdata-wp-init=\"callbacks.initTriggerButton\"\n\t\t\tdata-wp-on--click=\"actions.showLightbox\"\n\t\t\tdata-wp-style--right=\"state.thisImage.buttonRight\"\n\t\t\tdata-wp-style--top=\"state.thisImage.buttonTop\"\n\t\t>\n\t\t\t<svg xmlns=\"http:\/\/www.w3.org\/2000\/svg\" width=\"12\" height=\"12\" fill=\"none\" viewBox=\"0 0 12 12\">\n\t\t\t\t<path fill=\"#fff\" d=\"M2 0a2 2 0 0 0-2 2v2h1.5V2a.5.5 0 0 1 .5-.5h2V0H2Zm2 10.5H2a.5.5 0 0 1-.5-.5V8H0v2a2 2 0 0 0 2 2h2v-1.5ZM8 12v-1.5h2a.5.5 0 0 0 .5-.5V8H12v2a2 2 0 0 1-2 2H8Zm2-12a2 2 0 0 1 2 2v2h-1.5V2a.5.5 0 0 0-.5-.5H8V0h2Z\" \/>\n\t\t\t<\/svg>\n\t\t<\/button><figcaption class=\"wp-element-caption\">Or\u0103\u0219elul Wadi Musa la intrarea \u00een Petra (Foto: Jorge L\u00e1scar from Australia \/ Wikimedia Commons, CC BY 2.0)<\/figcaption><\/figure>\n\n\n\n<p class=\"wp-block-paragraph\">C\u00e2nd alegi cazarea \u00een Wadi Musa, ai mare grij\u0103 la un lucru esen\u021bial, pentru c\u0103 <strong>tot or\u0103\u0219elul e construit pe un deal destul de abrupt<\/strong>, al c\u0103rui punct cel mai jos e la poarta spre Petra. Dac\u0103 \u00ee\u021bi rezervi un hotel mai ieftin sus pe deal, diminea\u021ba cobori frumos la vale spre obiectiv, dar dup\u0103-amiaza, dup\u0103 dou\u0103zeci de kilometri parcur\u0219i, te a\u0219teapt\u0103 un urcu\u0219 foarte greu \u00eenapoi, a\u0219a c\u0103 de multe ori e mai bine s\u0103 pl\u0103te\u0219ti pu\u021bin \u00een plus pentru un hotel mai aproape de intrare sau s\u0103 folose\u0219ti un taxi.<\/p>\n\n\n\n<h3 id=\"8_Wadi_Rum_desertul_rosu_din_filme\" class=\"wp-block-heading\"><span class=\"ez-toc-section\" id=\"8_Wadi_Rum_desertul_rosu_din_filme\"><\/span>8. Wadi Rum: de\u0219ertul ro\u0219u din filme<span class=\"ez-toc-section-end\"><\/span><\/h3>\n\n\n\n<p class=\"wp-block-paragraph\">Odat\u0103 ce la\u0219i mun\u021bii \u00een urm\u0103 \u0219i porne\u0219ti spre sud, se deschide \u00een fa\u021ba ta zona protejat\u0103 Wadi Rum, adic\u0103 <strong>faimosul de\u0219ert ro\u0219u \u00eenscris pe lista UNESCO<\/strong>, care arat\u0103 literalmente ca de pe alt\u0103 planet\u0103. Nu-i de mirare c\u0103 aceast\u0103 vale incredibil de dramatic\u0103, cu masive uria\u0219e de gresie \u0219i granit, a fost \u00eendr\u0103git\u0103 de regizorii de la Hollywood \u2014 aici s-au filmat celebrul Mar\u021bianul, epica Dune sau clasicul film Lawrence al Arabiei. Culoarea nisipului se schimb\u0103 aici pe parcursul zilei, de la galben intens, prin portocaliu, p\u00e2n\u0103 la ro\u0219u \u00eenchis, ceea ce, \u00een combina\u021bie cu forma\u021biunile st\u00e2ncoase bizare, creeaz\u0103 decoruri de la care nu-\u021bi po\u021bi lua ochii.<\/p>\n\n\n\n<figure data-wp-context=\"{&quot;imageId&quot;:&quot;6a955d0e22442&quot;}\" data-wp-interactive=\"core\/image\" data-wp-key=\"6a955d0e22442\" class=\"wp-block-image size-full wp-lightbox-container\"><img decoding=\"async\" width=\"1500\" height=\"1000\" data-wp-class--hide=\"state.isContentHidden\" data-wp-class--show=\"state.isContentVisible\" data-wp-init=\"callbacks.setButtonStyles\" data-wp-on--click=\"actions.showLightbox\" data-wp-on--load=\"callbacks.setButtonStyles\" data-wp-on--pointerdown=\"actions.preloadImage\" data-wp-on--pointerenter=\"actions.preloadImageWithDelay\" data-wp-on--pointerleave=\"actions.cancelPreload\" data-wp-on-window--resize=\"callbacks.setButtonStyles\" src=\"https:\/\/loudavymkrokem.cz\/wp-content\/uploads\/2026\/08\/dovolena-jordansko-t08.jpg\" alt=\"Forma\u021biuni st\u00e2ncoase \u00een Wadi Rum\" class=\"wp-image-400035\" title=\"\" srcset=\"https:\/\/loudavymkrokem.cz\/wp-content\/uploads\/2026\/08\/dovolena-jordansko-t08.jpg 1500w, https:\/\/loudavymkrokem.cz\/wp-content\/uploads\/2026\/08\/dovolena-jordansko-t08-300x200.jpg 300w, https:\/\/loudavymkrokem.cz\/wp-content\/uploads\/2026\/08\/dovolena-jordansko-t08-700x467.jpg 700w, https:\/\/loudavymkrokem.cz\/wp-content\/uploads\/2026\/08\/dovolena-jordansko-t08-768x512.jpg 768w, https:\/\/loudavymkrokem.cz\/wp-content\/uploads\/2026\/08\/dovolena-jordansko-t08-696x464.jpg 696w, https:\/\/loudavymkrokem.cz\/wp-content\/uploads\/2026\/08\/dovolena-jordansko-t08-1392x928.jpg 1392w\" sizes=\"(max-width: 1500px) 100vw, 1500px\" \/><button\n\t\t\tclass=\"lightbox-trigger\"\n\t\t\ttype=\"button\"\n\t\t\taria-haspopup=\"dialog\"\n\t\t\tdata-wp-bind--aria-label=\"state.thisImage.triggerButtonAriaLabel\"\n\t\t\tdata-wp-init=\"callbacks.initTriggerButton\"\n\t\t\tdata-wp-on--click=\"actions.showLightbox\"\n\t\t\tdata-wp-style--right=\"state.thisImage.buttonRight\"\n\t\t\tdata-wp-style--top=\"state.thisImage.buttonTop\"\n\t\t>\n\t\t\t<svg xmlns=\"http:\/\/www.w3.org\/2000\/svg\" width=\"12\" height=\"12\" fill=\"none\" viewBox=\"0 0 12 12\">\n\t\t\t\t<path fill=\"#fff\" d=\"M2 0a2 2 0 0 0-2 2v2h1.5V2a.5.5 0 0 1 .5-.5h2V0H2Zm2 10.5H2a.5.5 0 0 1-.5-.5V8H0v2a2 2 0 0 0 2 2h2v-1.5ZM8 12v-1.5h2a.5.5 0 0 0 .5-.5V8H12v2a2 2 0 0 1-2 2H8Zm2-12a2 2 0 0 1 2 2v2h-1.5V2a.5.5 0 0 0-.5-.5H8V0h2Z\" \/>\n\t\t\t<\/svg>\n\t\t<\/button><figcaption class=\"wp-element-caption\">Forma\u021biuni st\u00e2ncoase \u00een Wadi Rum (Foto: Vyacheslav Argenberg \/ Wikimedia Commons, CC BY 4.0)<\/figcaption><\/figure>\n\n\n\n<p class=\"wp-block-paragraph\">Cel mai bun mod de a explora aceast\u0103 frumuse\u021be \u00eentins\u0103 sunt <strong>excursiile cu jeepul al\u0103turi de beduinii locali<\/strong>, care cunosc fiecare centimetru al de\u0219ertului \u0219i te duc \u00een cele mai interesante locuri. De obicei te \u00een\u021belegi pe o excursie de o jum\u0103tate de zi sau de o zi \u00eentreag\u0103 \u00een bena unui vehicul de teren, \u00een timpul c\u0103reia cobori dune uria\u0219e de nisip, admiri poduri de st\u00e2nc\u0103 \u0219i bei ceai de ment\u0103 prea \u00eendulcit l\u00e2ng\u0103 foc, \u00een corturi beduine mici din mijlocul pustiet\u0103\u021bii.<\/p>\n\n\n\n<h3 id=\"9_Dormitul_intr_o_tabara_beduina_sub_stele\" class=\"wp-block-heading\"><span class=\"ez-toc-section\" id=\"9_Dormitul_intr-o_tabara_beduina_sub_stele\"><\/span>9. Dormitul \u00eentr-o tab\u0103r\u0103 beduin\u0103 sub stele<span class=\"ez-toc-section-end\"><\/span><\/h3>\n\n\n\n<p class=\"wp-block-paragraph\">Vizitarea de\u0219ertului nu ar fi complet\u0103 f\u0103r\u0103 s\u0103 petreci acolo m\u0103car o noapte, fiindc\u0103 cazarea \u00een Wadi Rum e un capitol aparte. Po\u021bi alege de la corturi beduine foarte simple \u0219i autentice, \u021besute din p\u0103r de capr\u0103, p\u00e2n\u0103 la <strong>bule luxoase din sticl\u0103, cu aer condi\u021bionat \u0219i vedere spre cer<\/strong>, c\u0103rora li se spune adesea corturi mar\u021biene. Potrivit recenziilor, observarea nocturn\u0103 a stelelor \u00een de\u0219ert, unde nu exist\u0103 aproape deloc poluare luminoas\u0103, e o priveli\u0219te cople\u0219itoare, care li se \u00eentip\u0103re\u0219te oamenilor \u00een memorie pentru foarte mult timp.<\/p>\n\n\n\n<figure data-wp-context=\"{&quot;imageId&quot;:&quot;6a955d0e22902&quot;}\" data-wp-interactive=\"core\/image\" data-wp-key=\"6a955d0e22902\" class=\"wp-block-image size-full wp-lightbox-container\"><img decoding=\"async\" width=\"1500\" height=\"1004\" data-wp-class--hide=\"state.isContentHidden\" data-wp-class--show=\"state.isContentVisible\" data-wp-init=\"callbacks.setButtonStyles\" data-wp-on--click=\"actions.showLightbox\" data-wp-on--load=\"callbacks.setButtonStyles\" data-wp-on--pointerdown=\"actions.preloadImage\" data-wp-on--pointerenter=\"actions.preloadImageWithDelay\" data-wp-on--pointerleave=\"actions.cancelPreload\" data-wp-on-window--resize=\"callbacks.setButtonStyles\" src=\"https:\/\/loudavymkrokem.cz\/wp-content\/uploads\/2026\/08\/dovolena-jordansko-t09.jpg\" alt=\"Tab\u0103r\u0103 beduin\u0103 \u00een Wadi Rum\" class=\"wp-image-400036\" title=\"\" srcset=\"https:\/\/loudavymkrokem.cz\/wp-content\/uploads\/2026\/08\/dovolena-jordansko-t09.jpg 1500w, https:\/\/loudavymkrokem.cz\/wp-content\/uploads\/2026\/08\/dovolena-jordansko-t09-300x201.jpg 300w, https:\/\/loudavymkrokem.cz\/wp-content\/uploads\/2026\/08\/dovolena-jordansko-t09-700x469.jpg 700w, https:\/\/loudavymkrokem.cz\/wp-content\/uploads\/2026\/08\/dovolena-jordansko-t09-768x514.jpg 768w, https:\/\/loudavymkrokem.cz\/wp-content\/uploads\/2026\/08\/dovolena-jordansko-t09-696x466.jpg 696w, https:\/\/loudavymkrokem.cz\/wp-content\/uploads\/2026\/08\/dovolena-jordansko-t09-1392x932.jpg 1392w\" sizes=\"(max-width: 1500px) 100vw, 1500px\" \/><button\n\t\t\tclass=\"lightbox-trigger\"\n\t\t\ttype=\"button\"\n\t\t\taria-haspopup=\"dialog\"\n\t\t\tdata-wp-bind--aria-label=\"state.thisImage.triggerButtonAriaLabel\"\n\t\t\tdata-wp-init=\"callbacks.initTriggerButton\"\n\t\t\tdata-wp-on--click=\"actions.showLightbox\"\n\t\t\tdata-wp-style--right=\"state.thisImage.buttonRight\"\n\t\t\tdata-wp-style--top=\"state.thisImage.buttonTop\"\n\t\t>\n\t\t\t<svg xmlns=\"http:\/\/www.w3.org\/2000\/svg\" width=\"12\" height=\"12\" fill=\"none\" viewBox=\"0 0 12 12\">\n\t\t\t\t<path fill=\"#fff\" d=\"M2 0a2 2 0 0 0-2 2v2h1.5V2a.5.5 0 0 1 .5-.5h2V0H2Zm2 10.5H2a.5.5 0 0 1-.5-.5V8H0v2a2 2 0 0 0 2 2h2v-1.5ZM8 12v-1.5h2a.5.5 0 0 0 .5-.5V8H12v2a2 2 0 0 1-2 2H8Zm2-12a2 2 0 0 1 2 2v2h-1.5V2a.5.5 0 0 0-.5-.5H8V0h2Z\" \/>\n\t\t\t<\/svg>\n\t\t<\/button><figcaption class=\"wp-element-caption\">Tab\u0103r\u0103 beduin\u0103 \u00een Wadi Rum (Foto: Berthold Werner \/ Wikimedia Commons, CC BY-SA 3.0)<\/figcaption><\/figure>\n\n\n\n<p class=\"wp-block-paragraph\">Te avertizez \u00eens\u0103 foarte insistent s\u0103 nu subestimezi clima de\u0219ertului, pentru c\u0103 varia\u021biile de temperatur\u0103 sunt aici uria\u0219e \u0219i cer o \u00eempachetare bine g\u00e2ndit\u0103 a rucsacului. \u00cen timp ce vara e o c\u0103ldur\u0103 insuportabil\u0103 p\u00e2n\u0103 seara t\u00e2rziu, <strong>\u00een lunile de iarn\u0103 temperaturile coboar\u0103 noaptea cu adev\u0103rat jos<\/strong>, aproape de zero, a\u0219a c\u0103 straturile de haine groase \u0219i \u0219osetele groase de dormit vor fi salvarea ta uria\u0219\u0103, dac\u0103 mergi \u00een afara sezonului.<\/p>\n\n\n\n<h3 id=\"10_Podul_de_stanca_Umm_Fruth_si_izvorul_lui_Lawrence\" class=\"wp-block-heading\"><span class=\"ez-toc-section\" id=\"10_Podul_de_stanca_Umm_Fruth_si_izvorul_lui_Lawrence\"><\/span>10. Podul de st\u00e2nc\u0103 Umm Fruth \u0219i izvorul lui Lawrence<span class=\"ez-toc-section-end\"><\/span><\/h3>\n\n\n\n<p class=\"wp-block-paragraph\">\u00cen timpul travers\u0103rii de\u0219ertului cu jeepul, ghizii te vor duce cu siguran\u021b\u0103 \u00een c\u00e2teva locuri specifice, dintre care printre cele mai cunoscute se num\u0103r\u0103 podul natural de st\u00e2nc\u0103 Umm Fruth \u0219i istoricul izvor al lui Lawrence. <strong>Podul de st\u00e2nc\u0103 Umm Fruth este o arcad\u0103 natural\u0103<\/strong>, care s-a format de-a lungul a mii de ani sub ac\u021biunea v\u00e2ntului \u0219i a nisipului, \u00een timp ce izvorul lui Lawrence e un mic ad\u0103post de ap\u0103 sus \u00een st\u00e2nci, \u00een jurul c\u0103ruia g\u0103se\u0219ti \u0219i inscrip\u021bii nabateene str\u0103vechi s\u0103pate \u00een piatr\u0103. Sunt exact acele locuri unde \u00ee\u021bi dai seama c\u00e2t de puternic\u0103 e natura \u0219i c\u00e2t de lung\u0103 e istoria locuirii umane \u00een acest peisaj aparent neprimitor.<\/p>\n\n\n\n<figure data-wp-context=\"{&quot;imageId&quot;:&quot;6a955d0e22d97&quot;}\" data-wp-interactive=\"core\/image\" data-wp-key=\"6a955d0e22d97\" class=\"wp-block-image size-full wp-lightbox-container\"><img decoding=\"async\" width=\"1500\" height=\"1125\" data-wp-class--hide=\"state.isContentHidden\" data-wp-class--show=\"state.isContentVisible\" data-wp-init=\"callbacks.setButtonStyles\" data-wp-on--click=\"actions.showLightbox\" data-wp-on--load=\"callbacks.setButtonStyles\" data-wp-on--pointerdown=\"actions.preloadImage\" data-wp-on--pointerenter=\"actions.preloadImageWithDelay\" data-wp-on--pointerleave=\"actions.cancelPreload\" data-wp-on-window--resize=\"callbacks.setButtonStyles\" src=\"https:\/\/loudavymkrokem.cz\/wp-content\/uploads\/2026\/08\/dovolena-jordansko-t10.jpg\" alt=\"Podul de st\u00e2nc\u0103 Umm Fruth\" class=\"wp-image-400038\" title=\"\" srcset=\"https:\/\/loudavymkrokem.cz\/wp-content\/uploads\/2026\/08\/dovolena-jordansko-t10.jpg 1500w, https:\/\/loudavymkrokem.cz\/wp-content\/uploads\/2026\/08\/dovolena-jordansko-t10-300x225.jpg 300w, https:\/\/loudavymkrokem.cz\/wp-content\/uploads\/2026\/08\/dovolena-jordansko-t10-700x525.jpg 700w, https:\/\/loudavymkrokem.cz\/wp-content\/uploads\/2026\/08\/dovolena-jordansko-t10-768x576.jpg 768w, https:\/\/loudavymkrokem.cz\/wp-content\/uploads\/2026\/08\/dovolena-jordansko-t10-80x60.jpg 80w, https:\/\/loudavymkrokem.cz\/wp-content\/uploads\/2026\/08\/dovolena-jordansko-t10-160x120.jpg 160w, https:\/\/loudavymkrokem.cz\/wp-content\/uploads\/2026\/08\/dovolena-jordansko-t10-696x522.jpg 696w, https:\/\/loudavymkrokem.cz\/wp-content\/uploads\/2026\/08\/dovolena-jordansko-t10-1392x1044.jpg 1392w\" sizes=\"(max-width: 1500px) 100vw, 1500px\" \/><button\n\t\t\tclass=\"lightbox-trigger\"\n\t\t\ttype=\"button\"\n\t\t\taria-haspopup=\"dialog\"\n\t\t\tdata-wp-bind--aria-label=\"state.thisImage.triggerButtonAriaLabel\"\n\t\t\tdata-wp-init=\"callbacks.initTriggerButton\"\n\t\t\tdata-wp-on--click=\"actions.showLightbox\"\n\t\t\tdata-wp-style--right=\"state.thisImage.buttonRight\"\n\t\t\tdata-wp-style--top=\"state.thisImage.buttonTop\"\n\t\t>\n\t\t\t<svg xmlns=\"http:\/\/www.w3.org\/2000\/svg\" width=\"12\" height=\"12\" fill=\"none\" viewBox=\"0 0 12 12\">\n\t\t\t\t<path fill=\"#fff\" d=\"M2 0a2 2 0 0 0-2 2v2h1.5V2a.5.5 0 0 1 .5-.5h2V0H2Zm2 10.5H2a.5.5 0 0 1-.5-.5V8H0v2a2 2 0 0 0 2 2h2v-1.5ZM8 12v-1.5h2a.5.5 0 0 0 .5-.5V8H12v2a2 2 0 0 1-2 2H8Zm2-12a2 2 0 0 1 2 2v2h-1.5V2a.5.5 0 0 0-.5-.5H8V0h2Z\" \/>\n\t\t\t<\/svg>\n\t\t<\/button><figcaption class=\"wp-element-caption\">Podul de st\u00e2nc\u0103 Umm Fruth (Foto: Raki_Man \/ Wikimedia Commons, CC BY 3.0)<\/figcaption><\/figure>\n\n\n\n<p class=\"wp-block-paragraph\">Pe podul de st\u00e2nc\u0103 chiar se poate urca, ceea ce e o atrac\u021bie \u00eendr\u0103git\u0103 de c\u0103l\u0103torii mai curajo\u0219i, dar <strong>te a\u0219teapt\u0103 un urcu\u0219 destul de abrupt pe st\u00e2nca neted\u0103<\/strong>, unde chiar prind bine ni\u0219te tena\u0219i solizi \u0219i s\u0103 nu-\u021bi fie fric\u0103 de \u00een\u0103l\u021bimi. Spre izvorul lui Lawrence duce iar\u0103\u0219i un drum pe albia unei v\u0103i care miroase a ment\u0103 s\u0103lbatic\u0103 \u0219i, chiar dac\u0103 sus g\u0103se\u0219ti adesea doar o mic\u0103 b\u0103ltoac\u0103, priveli\u0219tea peste valea uria\u0219\u0103 de gresie de la acea \u00een\u0103l\u021bime merit\u0103 cu siguran\u021b\u0103 pu\u021bin efort fizic.<\/p>\n\n\n\n<h3 id=\"11_Marea_Moarta_cel_mai_jos_loc_de_pe_uscat\" class=\"wp-block-heading\"><span class=\"ez-toc-section\" id=\"11_Marea_Moarta_cel_mai_jos_loc_de_pe_uscat\"><\/span>11. Marea Moart\u0103: cel mai jos loc de pe uscat<span class=\"ez-toc-section-end\"><\/span><\/h3>\n\n\n\n<p class=\"wp-block-paragraph\">Odat\u0103 ce te apropii de grani\u021ba cu Israelul, \u00eencepi s\u0103 cobori tot mai ad\u00e2nc, p\u00e2n\u0103 ajungi la Marea Moart\u0103, a c\u0103rei suprafa\u021b\u0103 se afl\u0103 cu aproximativ 430 de metri sub nivelul oceanului planetar, form\u00e2nd astfel <strong>cel mai jos loc de pe planeta noastr\u0103<\/strong>. Datorit\u0103 acestei pozi\u021bii unice \u0219i evapor\u0103rii extreme, apa e aici at\u00e2t de incredibil de s\u0103rat\u0103 \u00eenc\u00e2t omul pur \u0219i simplu nu se poate scufunda \u00een ea, iar \u00een plus, chiar \u0219i iarna, aici e mai pl\u0103cut \u0219i mai cald dec\u00e2t \u00een restul \u021b\u0103rii. Oamenii vin aici mai ales ca s\u0103 se lase purta\u021bi liber la suprafa\u021b\u0103 \u0219i s\u0103 se ung\u0103 din cap p\u00e2n\u0103-n picioare cu n\u0103molul mineral t\u0103m\u0103duitor, despre care se spune c\u0103 face minuni cu pielea.<\/p>\n\n\n\n<figure data-wp-context=\"{&quot;imageId&quot;:&quot;6a955d0e233b0&quot;}\" data-wp-interactive=\"core\/image\" data-wp-key=\"6a955d0e233b0\" class=\"wp-block-image size-full wp-lightbox-container\"><img decoding=\"async\" width=\"1500\" height=\"996\" data-wp-class--hide=\"state.isContentHidden\" data-wp-class--show=\"state.isContentVisible\" data-wp-init=\"callbacks.setButtonStyles\" data-wp-on--click=\"actions.showLightbox\" data-wp-on--load=\"callbacks.setButtonStyles\" data-wp-on--pointerdown=\"actions.preloadImage\" data-wp-on--pointerenter=\"actions.preloadImageWithDelay\" data-wp-on--pointerleave=\"actions.cancelPreload\" data-wp-on-window--resize=\"callbacks.setButtonStyles\" src=\"https:\/\/loudavymkrokem.cz\/wp-content\/uploads\/2026\/08\/dovolena-jordansko-t11.jpg\" alt=\"Cristale de sare la Marea Moart\u0103\" class=\"wp-image-400040\" title=\"\" srcset=\"https:\/\/loudavymkrokem.cz\/wp-content\/uploads\/2026\/08\/dovolena-jordansko-t11.jpg 1500w, https:\/\/loudavymkrokem.cz\/wp-content\/uploads\/2026\/08\/dovolena-jordansko-t11-300x199.jpg 300w, https:\/\/loudavymkrokem.cz\/wp-content\/uploads\/2026\/08\/dovolena-jordansko-t11-700x465.jpg 700w, https:\/\/loudavymkrokem.cz\/wp-content\/uploads\/2026\/08\/dovolena-jordansko-t11-768x510.jpg 768w, https:\/\/loudavymkrokem.cz\/wp-content\/uploads\/2026\/08\/dovolena-jordansko-t11-696x462.jpg 696w, https:\/\/loudavymkrokem.cz\/wp-content\/uploads\/2026\/08\/dovolena-jordansko-t11-1392x924.jpg 1392w\" sizes=\"(max-width: 1500px) 100vw, 1500px\" \/><button\n\t\t\tclass=\"lightbox-trigger\"\n\t\t\ttype=\"button\"\n\t\t\taria-haspopup=\"dialog\"\n\t\t\tdata-wp-bind--aria-label=\"state.thisImage.triggerButtonAriaLabel\"\n\t\t\tdata-wp-init=\"callbacks.initTriggerButton\"\n\t\t\tdata-wp-on--click=\"actions.showLightbox\"\n\t\t\tdata-wp-style--right=\"state.thisImage.buttonRight\"\n\t\t\tdata-wp-style--top=\"state.thisImage.buttonTop\"\n\t\t>\n\t\t\t<svg xmlns=\"http:\/\/www.w3.org\/2000\/svg\" width=\"12\" height=\"12\" fill=\"none\" viewBox=\"0 0 12 12\">\n\t\t\t\t<path fill=\"#fff\" d=\"M2 0a2 2 0 0 0-2 2v2h1.5V2a.5.5 0 0 1 .5-.5h2V0H2Zm2 10.5H2a.5.5 0 0 1-.5-.5V8H0v2a2 2 0 0 0 2 2h2v-1.5ZM8 12v-1.5h2a.5.5 0 0 0 .5-.5V8H12v2a2 2 0 0 1-2 2H8Zm2-12a2 2 0 0 1 2 2v2h-1.5V2a.5.5 0 0 0-.5-.5H8V0h2Z\" \/>\n\t\t\t<\/svg>\n\t\t<\/button><figcaption class=\"wp-element-caption\">Cristale de sare la Marea Moart\u0103 (Foto: Jorge L\u00e1scar from Australia \/ Wikimedia Commons, CC BY 2.0)<\/figcaption><\/figure>\n\n\n\n<p class=\"wp-block-paragraph\">\u00cen acela\u0219i timp, trebuie s\u0103 dau un avertisment uria\u0219 \u0219i important, pentru c\u0103 sc\u0103ldatul \u00een aceast\u0103 saramur\u0103 extrem\u0103 are regulile lui stricte, altfel vei suferi mult. <strong>Nu te b\u0103rbieri sub nicio form\u0103 cu o zi \u00eenainte<\/strong>, nu-\u021bi b\u0103ga niciodat\u0103 capul sub ap\u0103, ca s\u0103 nu-\u021bi sar\u0103 sare \u00een ochi, ia-\u021bi neap\u0103rat papuci de ap\u0103 din cauza cristalelor de sare ascu\u021bite de pe fund \u0219i, imediat ce ie\u0219i, cl\u0103te\u0219te-te temeinic sub un du\u0219 cu ap\u0103 dulce.<\/p>\n\n\n\n<!-- LKM_GYG_CARD start q=\"jordansko\" lang=\"ro\" rendered=\"2026-08-31T08:38:12+00:00\" v=\"1\" -->\n\n<!-- LKM_GYG_CARD end -->\n\n\n\n\n<div class=\"lk-stays-module\">\n<style>\n\/* \u2500\u2500\u2500 RESET PRO GUTENBERG \u2500\u2500\u2500 *\/\n.lk-stays-module * { box-sizing: border-box; margin: 0; padding: 0; }\n\n\/* \u2500\u2500\u2500 WRAPPER \u2500\u2500\u2500 *\/\n.lk-stays-module {\n  font-family: 'DM Sans', Georgia, sans-serif;\n  max-width: 100%;\n  margin: 2.5rem auto;\n  background: linear-gradient(135deg, #fdfaf5 0%, #fcf8f0 100%);\n  border: 1px solid #e8dfd4;\n  border-radius: 16px;\n  overflow: hidden;\n  box-shadow: 0 16px 48px rgba(195, 159, 118, 0.25), 0 4px 12px rgba(0,0,0,0.08);\n}\n\n\/* \u2500\u2500\u2500 HEADER \u2500\u2500\u2500 *\/\n.lk-stays-header {\n  position: relative;\n  padding: 24px 36px 24px;\n  background: linear-gradient(135deg, #c39f76 0%, #d4b188 60%, #c39f76 100%);\n  border-bottom: 1px solid rgba(255,255,255,.15);\n  display: flex;\n  align-items: center;\n  gap: 18px;\n}\n.lk-stays-header::before {\n  content: '';\n  position: absolute;\n  inset: 0;\n  background: url(\"data:image\/svg+xml,%3Csvg width='60' height='60' viewBox='0 0 60 60' xmlns='http:\/\/www.w3.org\/2000\/svg'%3E%3Cg fill='none' fill-rule='evenodd'%3E%3Cg fill='%23ffffff' fill-opacity='0.05'%3E%3Cpath d='M36 34v-4h-2v4h-4v2h4v4h2v-4h4v-2h-4zm0-30V0h-2v4h-4v2h4v4h2V6h4V4h-4zM6 34v-4H4v4H0v2h4v4h2v-4h4v-2H6zM6 4V0H4v4H0v2h4v4h2V6h4V4H6z'\/%3E%3C\/g%3E%3C\/g%3E%3C\/svg%3E\") repeat;\n  pointer-events: none;\n}\n.lk-stays-icon {\n  flex-shrink: 0;\n  width: 68px;\n  height: 68px;\n  border-radius: 14px;\n  background: linear-gradient(135deg, #fff 0%, #f9f6f0 100%);\n  display: flex;\n  align-items: center;\n  justify-content: center;\n  font-size: 26px;\n  box-shadow: 0 4px 12px rgba(0,0,0,0.15);\n}\n.lk-stays-eyebrow {\n  font-size: 10px;\n  font-weight: 500;\n  letter-spacing: 2.5px;\n  text-transform: uppercase;\n  color: rgba(255,255,255,.85);\n  margin: 0 0 5px 0;\n}\n.lk-stays-title {\n  font-family: 'Playfair Display', Georgia, serif;\n  font-size: 24px;\n  font-weight: 700;\n  color: #fff;\n  line-height: 1.2;\n  text-shadow: 0 1px 2px rgba(0,0,0,0.1);\n  margin: 0;\n}\n.lk-stays-subtitle {\n  font-size: 13px;\n  color: rgba(255,255,255,.75);\n  margin: 4px 0 0 0;\n  font-weight: 300;\n}\n\n\/* \u2500\u2500\u2500 CARDS GRID \u2500\u2500\u2500 *\/\n.lk-stays-grid {\n  display: grid;\n  grid-template-columns: 1fr 1fr;\n  gap: 1px;\n  background: rgba(195, 159, 118, 0.12);\n}\n\n\/* \u2500\u2500\u2500 SINGLE CARD \u2500\u2500\u2500 *\/\n.lk-stay-card {\n  background: #ffffff;\n  padding: 26px;\n  display: flex;\n  flex-direction: column;\n  gap: 11px;\n  transition: all 0.3s ease;\n  text-decoration: none;\n  color: inherit;\n  position: relative;\n}\n.lk-stay-card:hover {\n  background: #fffbf5;\n  transform: translateY(-2px);\n  box-shadow: 0 8px 24px rgba(195, 159, 118, 0.18);\n  z-index: 1;\n}\n.lk-stay-card.featured {\n  background: linear-gradient(135deg, #fffdf9 0%, #fff9f0 100%);\n  box-shadow: 0 4px 16px rgba(195, 159, 118, 0.15), inset 0 1px 0 rgba(195, 159, 118, 0.1);\n}\n.lk-stay-card.featured:hover {\n  background: linear-gradient(135deg, #fffbf5 0%, #fff8ed 100%);\n  box-shadow: 0 8px 24px rgba(195, 159, 118, 0.25), inset 0 1px 0 rgba(195, 159, 118, 0.15);\n}\n\n.lk-stay-badge {\n  display: inline-flex;\n  align-items: center;\n  gap: 5px;\n  font-size: 10px;\n  font-weight: 500;\n  letter-spacing: 1.5px;\n  text-transform: uppercase;\n  padding: 5px 11px;\n  border-radius: 20px;\n  width: fit-content;\n}\n.badge-top     { background: linear-gradient(135deg, #c39f76 0%, #d4b188 100%); color: #fff; border: 1px solid #c39f76; font-weight: 600; box-shadow: 0 2px 8px rgba(195,159,118,0.3); }\n.badge-luxury  { background: rgba(195,159,118,.12); color: #c39f76; border: 1px solid rgba(195,159,118,.25); }\n.badge-boutique{ background: rgba(54,133,252,.08); color: #3685fc; border: 1px solid rgba(54,133,252,.2); }\n.badge-nature  { background: rgba(130,190,100,.1); color: #6b9c4a; border: 1px solid rgba(130,190,100,.2); }\n.badge-remote  { background: rgba(195,159,118,.12); color: #a67e50; border: 1px solid rgba(195,159,118,.25); }\n\n.lk-stay-name {\n  font-family: 'Playfair Display', Georgia, serif;\n  font-size: 18px;\n  font-weight: 700;\n  color: #111827;\n  line-height: 1.3;\n}\n.lk-stay-desc {\n  font-size: 13.5px;\n  color: #525252;\n  line-height: 1.65;\n  font-weight: 300;\n  flex: 1;\n}\n\n.lk-stay-meta {\n  display: flex;\n  align-items: center;\n  gap: 12px;\n  flex-wrap: wrap;\n  margin-top: 4px;\n}\n.lk-stay-price {\n  font-size: 13px;\n  color: #6b7280;\n}\n.lk-stay-price strong {\n  color: #c39f76;\n  font-weight: 500;\n}\n.lk-stay-stars {\n  color: #c39f76;\n  font-size: 11px;\n  letter-spacing: 1px;\n}\n\n\/* \u2500\u2500\u2500 CTA BUTTON \u2500\u2500\u2500 *\/\n.lk-stay-cta {\n  display: inline-flex;\n  align-items: center;\n  justify-content: center;\n  gap: 7px;\n  margin-top: 8px;\n  padding: 11px 20px;\n  border-radius: 8px;\n  background: linear-gradient(135deg, #3685fc 0%, #2a6fd9 100%);\n  color: #fff;\n  font-size: 13px;\n  font-weight: 500;\n  text-decoration: none;\n  letter-spacing: .3px;\n  transition: all .2s ease;\n  cursor: pointer;\n  border: none;\n  text-align: center;\n  box-shadow: 0 4px 12px rgba(54, 133, 252, 0.25);\n}\n.lk-stay-cta:hover {\n  background: linear-gradient(135deg, #2a6fd9 0%, #1e5bc4 100%);\n  transform: translateY(-1px);\n  box-shadow: 0 6px 16px rgba(54, 133, 252, 0.35);\n}\n.lk-stay-cta svg { flex-shrink: 0; }\n\n\/* \u2500\u2500\u2500 FOOTER \u2500\u2500\u2500 *\/\n.lk-stays-footer {\n  padding: 18px 36px;\n  background: linear-gradient(to bottom, #fdfaf5 0%, #f9f4ed 100%);\n  border-top: 1px solid rgba(195, 159, 118, 0.15);\n  display: flex;\n  align-items: center;\n  justify-content: space-between;\n  flex-wrap: wrap;\n  gap: 12px;\n}\n.lk-stays-footer-note {\n  font-size: 11.5px;\n  color: #6b7280;\n  font-weight: 300;\n  line-height: 1.5;\n}\n.lk-stays-footer-note a {\n  color: #c39f76;\n  text-decoration: none;\n  font-weight: 400;\n}\n.lk-stays-footer-note a:hover {\n  text-decoration: underline;\n}\n.lk-stays-all-btn {\n  display: inline-flex;\n  align-items: center;\n  gap: 6px;\n  font-size: 12.5px;\n  font-weight: 500;\n  color: #c39f76;\n  text-decoration: none;\n  border: 1px solid rgba(195, 159, 118, 0.35);\n  padding: 8px 18px;\n  border-radius: 8px;\n  transition: all .2s ease;\n}\n.lk-stays-all-btn:hover {\n  background: rgba(195, 159, 118, 0.08);\n  border-color: rgba(195, 159, 118, 0.5);\n}\n\n\/* \u2500\u2500\u2500 RESPONSIVE \u2500\u2500\u2500 *\/\n@media (max-width: 600px) {\n  .lk-stays-grid { grid-template-columns: 1fr; }\n  .lk-stays-header { padding: 24px 20px; }\n  .lk-stays-footer { padding: 16px 20px; }\n  .lk-stay-card { padding: 22px; }\n  .lk-stays-title { font-size: 20px; }\n}\n<\/style>\n\n  <!-- HEADER -->\n  <div class=\"lk-stays-header\">\n    <img decoding=\"async\" src=\"https:\/\/loudavymkrokem.cz\/wp-content\/uploads\/2026\/02\/lukas-a-lucka.jpg\" alt=\"\" style=\"width: 75px; height: 75px; border-radius: 8px; flex-shrink: 0; object-fit: cover; display: block; margin: 4px 0;\" title=\"\">\n    <div class=\"lk-stays-header-text\">\n      <div class=\"lk-stays-eyebrow\">Luk\u00e1\u0161 \u0219i Lucie recomand\u0103<\/div>\n      <div class=\"lk-stays-title\">Unde s\u0103 te cazezi \u00een Iordania<\/div>\n      <div class=\"lk-stays-subtitle\">6 caz\u0103ri \u2014 resort-uri, hoteluri \u0219i alte op\u021biuni de cazare<\/div>\n    <\/div>\n  <\/div>\n\n  <!-- CARDS -->\n  <div class=\"lk-stays-grid\">\n\n    <a class=\"lk-stay-card featured\" href=\"https:\/\/www.stay22.com\/allez\/roam?aid=lukaskonecny&#038;campaign=loudavymkrokemcz&#038;campaign=ro&#038;campaign=dovolena-jordansko&#038;hotelname=M%C3%B6venpick%20Resort%20Petra&#038;address=Wadi%20Musa%2C%20Jord%C3%A1nsko\" target=\"_blank\" rel=\"nofollow noopener\">\n      <span class=\"lk-stay-badge badge-top\">\u2b50 TOP ALEGERE<\/span>\n      <span class=\"lk-stay-badge badge-nature\">\ud83c\udfe8 Hotel<\/span>\n      <div class=\"lk-stay-name\">M\u00f6venpick Resort Petra<\/div>\n      <div class=\"lk-stay-desc\">Un hotel frumos \u00een ora\u0219ul Wadi Musa, situat chiar l\u00e2ng\u0103 intrarea principal\u0103 \u00een Petra.<\/div>\n      <div class=\"lk-stay-meta\">\n        <span class=\"lk-stay-stars\">\u2605\u2605\u2605\u2605<\/span>\n        <span class=\"lk-stay-price\">Verific\u0103 pre\u021burile<\/span>\n      <\/div>\n      <span class=\"lk-stay-cta\">\n        <svg width=\"14\" height=\"14\" viewBox=\"0 0 24 24\" fill=\"none\" stroke=\"currentColor\" stroke-width=\"2\"><path d=\"M18 13v6a2 2 0 0 1-2 2H5a2 2 0 0 1-2-2V8a2 2 0 0 1 2-2h6\"\/><polyline points=\"15 3 21 3 21 9\"\/><line x1=\"10\" y1=\"14\" x2=\"21\" y2=\"3\"\/><\/svg>\n        Verific\u0103 disponibilitatea\n      <\/span>\n    <\/a>\n\n    <a class=\"lk-stay-card\" href=\"https:\/\/www.stay22.com\/allez\/roam?aid=lukaskonecny&#038;campaign=loudavymkrokemcz&#038;campaign=ro&#038;campaign=dovolena-jordansko&#038;hotelname=Petra%20Guest%20House%20Hotel&#038;address=Wadi%20Musa%2C%20Jord%C3%A1nsko\" target=\"_blank\" rel=\"nofollow noopener\">\n      <span class=\"lk-stay-badge badge-nature\">\ud83c\udfe8 Hotel<\/span>\n      <div class=\"lk-stay-name\">Petra Guest House Hotel<\/div>\n      <div class=\"lk-stay-desc\">Cazare chiar l\u00e2ng\u0103 poarta ora\u0219ului din st\u00e2nc\u0103, unde vei g\u0103si un bar unic amplasat \u00eentr-o pe\u0219ter\u0103 nabatean\u0103.<\/div>\n      <div class=\"lk-stay-meta\">\n        <span class=\"lk-stay-stars\">\u2605\u2605\u2605\u2605<\/span>\n        <span class=\"lk-stay-price\">Verific\u0103 pre\u021burile<\/span>\n      <\/div>\n      <span class=\"lk-stay-cta\">\n        <svg width=\"14\" height=\"14\" viewBox=\"0 0 24 24\" fill=\"none\" stroke=\"currentColor\" stroke-width=\"2\"><path d=\"M18 13v6a2 2 0 0 1-2 2H5a2 2 0 0 1-2-2V8a2 2 0 0 1 2-2h6\"\/><polyline points=\"15 3 21 3 21 9\"\/><line x1=\"10\" y1=\"14\" x2=\"21\" y2=\"3\"\/><\/svg>\n        Verific\u0103 disponibilitatea\n      <\/span>\n    <\/a>\n\n    <a class=\"lk-stay-card\" href=\"https:\/\/www.stay22.com\/allez\/roam?aid=lukaskonecny&#038;campaign=loudavymkrokemcz&#038;campaign=ro&#038;campaign=dovolena-jordansko&#038;hotelname=M%C3%B6venpick%20Resort%20%26%20Spa%20Dead%20Sea&#038;address=Sweimeh%2C%20Mrtv%C3%A9%20mo%C5%99e%2C%20Jord%C3%A1nsko\" target=\"_blank\" rel=\"nofollow noopener\">\n      <span class=\"lk-stay-badge badge-nature\">\ud83c\udf32 Resort<\/span>\n      <div class=\"lk-stay-name\">M\u00f6venpick Resort &#038; Spa Dead Sea<\/div>\n      <div class=\"lk-stay-desc\">Un resort mare \u0219i popular la Marea Moart\u0103, care are propria plaj\u0103 \u0219i recipiente cu n\u0103mol terapeutic.<\/div>\n      <div class=\"lk-stay-meta\">\n        <span class=\"lk-stay-stars\">\u2605\u2605\u2605\u2605<\/span>\n        <span class=\"lk-stay-price\">Verific\u0103 pre\u021burile<\/span>\n      <\/div>\n      <span class=\"lk-stay-cta\">\n        <svg width=\"14\" height=\"14\" viewBox=\"0 0 24 24\" fill=\"none\" stroke=\"currentColor\" stroke-width=\"2\"><path d=\"M18 13v6a2 2 0 0 1-2 2H5a2 2 0 0 1-2-2V8a2 2 0 0 1 2-2h6\"\/><polyline points=\"15 3 21 3 21 9\"\/><line x1=\"10\" y1=\"14\" x2=\"21\" y2=\"3\"\/><\/svg>\n        Verific\u0103 disponibilitatea\n      <\/span>\n    <\/a>\n\n    <a class=\"lk-stay-card\" href=\"https:\/\/www.stay22.com\/allez\/roam?aid=lukaskonecny&#038;campaign=loudavymkrokemcz&#038;campaign=ro&#038;campaign=dovolena-jordansko&#038;hotelname=Kempinski%20Hotel%20Ishtar%20Dead%20Sea&#038;address=Sweimeh%2C%20Mrtv%C3%A9%20mo%C5%99e%2C%20Jord%C3%A1nsko\" target=\"_blank\" rel=\"nofollow noopener\">\n      <span class=\"lk-stay-badge badge-nature\">\u2b50 Luxury<\/span>\n      <div class=\"lk-stay-name\">Kempinski Hotel Ishtar Dead Sea<\/div>\n      <div class=\"lk-stay-desc\">Complex luxos \u0219i \u00eentins la Marea Moart\u0103, cu mai multe piscine \u0219i confort deosebit pentru oaspe\u021bi.<\/div>\n      <div class=\"lk-stay-meta\">\n        <span class=\"lk-stay-stars\">\u2605\u2605\u2605\u2605<\/span>\n        <span class=\"lk-stay-price\">Verific\u0103 pre\u021burile<\/span>\n      <\/div>\n      <span class=\"lk-stay-cta\">\n        <svg width=\"14\" height=\"14\" viewBox=\"0 0 24 24\" fill=\"none\" stroke=\"currentColor\" stroke-width=\"2\"><path d=\"M18 13v6a2 2 0 0 1-2 2H5a2 2 0 0 1-2-2V8a2 2 0 0 1 2-2h6\"\/><polyline points=\"15 3 21 3 21 9\"\/><line x1=\"10\" y1=\"14\" x2=\"21\" y2=\"3\"\/><\/svg>\n        Verific\u0103 disponibilitatea\n      <\/span>\n    <\/a>\n\n    <a class=\"lk-stay-card\" href=\"https:\/\/www.stay22.com\/allez\/roam?aid=lukaskonecny&#038;campaign=loudavymkrokemcz&#038;campaign=ro&#038;campaign=dovolena-jordansko&#038;hotelname=Memories%20Aicha%20Luxury%20Camp&#038;address=Wadi%20Rum%2C%20Jord%C3%A1nsko\" target=\"_blank\" rel=\"nofollow noopener\">\n      <span class=\"lk-stay-badge badge-nature\">\u26fa Camping<\/span>\n      <div class=\"lk-stay-name\">Memories Aicha Luxury Camp<\/div>\n      <div class=\"lk-stay-desc\">O experien\u021b\u0103 excep\u021bional\u0103 \u00een Wadi Rum cu bule de sticl\u0103, de unde ai o priveli\u0219te minunat\u0103 asupra stelelor noaptea.<\/div>\n      <div class=\"lk-stay-meta\">\n        <span class=\"lk-stay-stars\">\u2605\u2605\u2605\u2605<\/span>\n        <span class=\"lk-stay-price\">Verific\u0103 pre\u021burile<\/span>\n      <\/div>\n      <span class=\"lk-stay-cta\">\n        <svg width=\"14\" height=\"14\" viewBox=\"0 0 24 24\" fill=\"none\" stroke=\"currentColor\" stroke-width=\"2\"><path d=\"M18 13v6a2 2 0 0 1-2 2H5a2 2 0 0 1-2-2V8a2 2 0 0 1 2-2h6\"\/><polyline points=\"15 3 21 3 21 9\"\/><line x1=\"10\" y1=\"14\" x2=\"21\" y2=\"3\"\/><\/svg>\n        Verific\u0103 disponibilitatea\n      <\/span>\n    <\/a>\n\n    <a class=\"lk-stay-card\" href=\"https:\/\/www.stay22.com\/allez\/roam?aid=lukaskonecny&#038;campaign=loudavymkrokemcz&#038;campaign=ro&#038;campaign=dovolena-jordansko&#038;hotelname=The%20Boutique%20Hotel%20Amman&#038;address=Amm%C3%A1n%2C%20Jord%C3%A1nsko\" target=\"_blank\" rel=\"nofollow noopener\">\n      <span class=\"lk-stay-badge badge-nature\">\ud83c\udfe8 Hotel<\/span>\n      <div class=\"lk-stay-name\">The Boutique Hotel Amman<\/div>\n      <div class=\"lk-stay-desc\">O baz\u0103 lini\u0219tit\u0103 \u0219i accesibil\u0103 ca pre\u021b, situat\u0103 chiar \u00een centrul capitalei.<\/div>\n      <div class=\"lk-stay-meta\">\n        <span class=\"lk-stay-stars\">\u2605\u2605\u2605\u2605<\/span>\n        <span class=\"lk-stay-price\">Verific\u0103 pre\u021burile<\/span>\n      <\/div>\n      <span class=\"lk-stay-cta\">\n        <svg width=\"14\" height=\"14\" viewBox=\"0 0 24 24\" fill=\"none\" stroke=\"currentColor\" stroke-width=\"2\"><path d=\"M18 13v6a2 2 0 0 1-2 2H5a2 2 0 0 1-2-2V8a2 2 0 0 1 2-2h6\"\/><polyline points=\"15 3 21 3 21 9\"\/><line x1=\"10\" y1=\"14\" x2=\"21\" y2=\"3\"\/><\/svg>\n        Verific\u0103 disponibilitatea\n      <\/span>\n    <\/a>\n\n  <\/div>\n\n  \n<\/div>\n\n\n\n\n<h3 id=\"12_Wadi_Mujib_canionul_prin_care_te_uzi_impotriva_curentului\" class=\"wp-block-heading\"><span class=\"ez-toc-section\" id=\"12_Wadi_Mujib_canionul_prin_care_inaintezi_impotriva_curentului\"><\/span>12. Wadi Mujib: canionul prin care \u00eenaintezi \u00eempotriva curentului<span class=\"ez-toc-section-end\"><\/span><\/h3>\n\n\n\n<p class=\"wp-block-paragraph\">Chiar pe malurile M\u0103rii Moarte se afl\u0103 intrarea \u00een rezerva\u021bia natural\u0103 Wadi Mujib, un defileu fenomenal de gresie prin care curge un r\u00e2u s\u0103lbatic. Atrac\u021bia principal\u0103 de aici e a\u0219a-numitul Siq Trail, adic\u0103 un <strong>trek umed condus direct pe albia r\u00e2ului, \u00eempotriva curentului<\/strong>, unde trebuie s\u0103 treci prin ap\u0103, s\u0103 \u00eeno\u021bi \u0219i chiar s\u0103 te ca\u021beri pe corzi peste cascade mai mici, \u00eentr-un canion \u00eengust. Dup\u0103 experien\u021ba aventurierilor, e o distrac\u021bie uria\u0219\u0103 \u0219i o r\u0103corire pe cinste \u00een zilele fierbin\u021bi, dar \u0219i o provocare fizic\u0103 destul de serioas\u0103, pentru care ar trebui s\u0103 ai m\u0103car o condi\u021bie de baz\u0103.<\/p>\n\n\n\n<figure data-wp-context=\"{&quot;imageId&quot;:&quot;6a955d0e23c8d&quot;}\" data-wp-interactive=\"core\/image\" data-wp-key=\"6a955d0e23c8d\" class=\"wp-block-image size-full wp-lightbox-container\"><img decoding=\"async\" width=\"1500\" height=\"1004\" data-wp-class--hide=\"state.isContentHidden\" data-wp-class--show=\"state.isContentVisible\" data-wp-init=\"callbacks.setButtonStyles\" data-wp-on--click=\"actions.showLightbox\" data-wp-on--load=\"callbacks.setButtonStyles\" data-wp-on--pointerdown=\"actions.preloadImage\" data-wp-on--pointerenter=\"actions.preloadImageWithDelay\" data-wp-on--pointerleave=\"actions.cancelPreload\" data-wp-on-window--resize=\"callbacks.setButtonStyles\" src=\"https:\/\/loudavymkrokem.cz\/wp-content\/uploads\/2026\/08\/dovolena-jordansko-t12.jpg\" alt=\"Canionul Wadi Mujib\" class=\"wp-image-400043\" title=\"\" srcset=\"https:\/\/loudavymkrokem.cz\/wp-content\/uploads\/2026\/08\/dovolena-jordansko-t12.jpg 1500w, https:\/\/loudavymkrokem.cz\/wp-content\/uploads\/2026\/08\/dovolena-jordansko-t12-300x201.jpg 300w, https:\/\/loudavymkrokem.cz\/wp-content\/uploads\/2026\/08\/dovolena-jordansko-t12-700x469.jpg 700w, https:\/\/loudavymkrokem.cz\/wp-content\/uploads\/2026\/08\/dovolena-jordansko-t12-768x514.jpg 768w, https:\/\/loudavymkrokem.cz\/wp-content\/uploads\/2026\/08\/dovolena-jordansko-t12-696x466.jpg 696w, https:\/\/loudavymkrokem.cz\/wp-content\/uploads\/2026\/08\/dovolena-jordansko-t12-1392x932.jpg 1392w\" sizes=\"(max-width: 1500px) 100vw, 1500px\" \/><button\n\t\t\tclass=\"lightbox-trigger\"\n\t\t\ttype=\"button\"\n\t\t\taria-haspopup=\"dialog\"\n\t\t\tdata-wp-bind--aria-label=\"state.thisImage.triggerButtonAriaLabel\"\n\t\t\tdata-wp-init=\"callbacks.initTriggerButton\"\n\t\t\tdata-wp-on--click=\"actions.showLightbox\"\n\t\t\tdata-wp-style--right=\"state.thisImage.buttonRight\"\n\t\t\tdata-wp-style--top=\"state.thisImage.buttonTop\"\n\t\t>\n\t\t\t<svg xmlns=\"http:\/\/www.w3.org\/2000\/svg\" width=\"12\" height=\"12\" fill=\"none\" viewBox=\"0 0 12 12\">\n\t\t\t\t<path fill=\"#fff\" d=\"M2 0a2 2 0 0 0-2 2v2h1.5V2a.5.5 0 0 1 .5-.5h2V0H2Zm2 10.5H2a.5.5 0 0 1-.5-.5V8H0v2a2 2 0 0 0 2 2h2v-1.5ZM8 12v-1.5h2a.5.5 0 0 0 .5-.5V8H12v2a2 2 0 0 1-2 2H8Zm2-12a2 2 0 0 1 2 2v2h-1.5V2a.5.5 0 0 0-.5-.5H8V0h2Z\" \/>\n\t\t\t<\/svg>\n\t\t<\/button><figcaption class=\"wp-element-caption\">Canionul Wadi Mujib (Foto: Berthold Werner \/ Wikimedia Commons, CC BY 3.0)<\/figcaption><\/figure>\n\n\n\n<p class=\"wp-block-paragraph\">Acest canyoning e \u00eens\u0103 o chestiune strict sezonier\u0103 \u0219i trebuie s\u0103 iei \u00een calcul c\u0103 aici natura are mereu ultimul cuv\u00e2nt, a\u0219a c\u0103 planurile se pot schimba rapid. \u00cen lunile de iarn\u0103 \u0219i dup\u0103 ploi abundente, <strong>\u00eentregul defileu se \u00eenchide strict din motive de siguran\u021b\u0103<\/strong>, fiindc\u0103 \u00een spa\u021biul \u00eengust exist\u0103 un risc uria\u0219 de viituri fulger\u0103toare, care te-ar m\u0103tura. Dac\u0103 vii aici prim\u0103vara sau toamna \u0219i nu plou\u0103, nu uita neap\u0103rat de o hus\u0103 impermeabil\u0103 de calitate pentru telefon \u0219i de ni\u0219te pantofi care se pot uda.<\/p>\n\n\n\n<h3 id=\"13_Madaba_si_harta_din_mozaic\" class=\"wp-block-heading\"><span class=\"ez-toc-section\" id=\"13_Madaba_si_harta_din_mozaic\"><\/span>13. Madaba \u0219i harta din mozaic<span class=\"ez-toc-section-end\"><\/span><\/h3>\n\n\n\n<p class=\"wp-block-paragraph\">C\u00e2nd porne\u0219ti pe faimosul Drum al Regilor, nu ar trebui s\u0103 ratezi simpaticul or\u0103\u0219el Madaba, care s-a f\u0103cut cunoscut ca centru al artei bizantine. \u00centr-o discret\u0103 biseric\u0103 ortodox\u0103 greac\u0103 a Sf\u00e2ntului Gheorghe se ascunde pe podea o adev\u0103rat\u0103 comoar\u0103 istoric\u0103, \u0219i anume <strong>faimoasa hart\u0103 din mozaic a \u021a\u0103rii Sfinte din secolul al \u0219aselea<\/strong>, alc\u0103tuit\u0103 din peste dou\u0103 milioane de pietricele colorate. Harta \u00eenf\u0103\u021bi\u0219eaz\u0103 \u00een detaliu Ierusalimul, valea r\u00e2ului Iordan \u0219i Marea Moart\u0103 \u0219i se spune c\u0103 a servit drept ajutor de orientare pentru pelerinii de atunci, ceea ce face din ea cea mai veche oper\u0103 cartografic\u0103 de acest fel p\u0103strat\u0103 \u00een lume.<\/p>\n\n\n\n<figure data-wp-context=\"{&quot;imageId&quot;:&quot;6a955d0e24444&quot;}\" data-wp-interactive=\"core\/image\" data-wp-key=\"6a955d0e24444\" class=\"wp-block-image size-full wp-lightbox-container\"><img decoding=\"async\" width=\"1500\" height=\"700\" data-wp-class--hide=\"state.isContentHidden\" data-wp-class--show=\"state.isContentVisible\" data-wp-init=\"callbacks.setButtonStyles\" data-wp-on--click=\"actions.showLightbox\" data-wp-on--load=\"callbacks.setButtonStyles\" data-wp-on--pointerdown=\"actions.preloadImage\" data-wp-on--pointerenter=\"actions.preloadImageWithDelay\" data-wp-on--pointerleave=\"actions.cancelPreload\" data-wp-on-window--resize=\"callbacks.setButtonStyles\" src=\"https:\/\/loudavymkrokem.cz\/wp-content\/uploads\/2026\/08\/dovolena-jordansko-t13.jpg\" alt=\"Harta din mozaic din Madaba\" class=\"wp-image-400044\" title=\"\" srcset=\"https:\/\/loudavymkrokem.cz\/wp-content\/uploads\/2026\/08\/dovolena-jordansko-t13.jpg 1500w, https:\/\/loudavymkrokem.cz\/wp-content\/uploads\/2026\/08\/dovolena-jordansko-t13-300x140.jpg 300w, https:\/\/loudavymkrokem.cz\/wp-content\/uploads\/2026\/08\/dovolena-jordansko-t13-700x327.jpg 700w, https:\/\/loudavymkrokem.cz\/wp-content\/uploads\/2026\/08\/dovolena-jordansko-t13-768x358.jpg 768w, https:\/\/loudavymkrokem.cz\/wp-content\/uploads\/2026\/08\/dovolena-jordansko-t13-696x325.jpg 696w, https:\/\/loudavymkrokem.cz\/wp-content\/uploads\/2026\/08\/dovolena-jordansko-t13-1392x650.jpg 1392w\" sizes=\"(max-width: 1500px) 100vw, 1500px\" \/><button\n\t\t\tclass=\"lightbox-trigger\"\n\t\t\ttype=\"button\"\n\t\t\taria-haspopup=\"dialog\"\n\t\t\tdata-wp-bind--aria-label=\"state.thisImage.triggerButtonAriaLabel\"\n\t\t\tdata-wp-init=\"callbacks.initTriggerButton\"\n\t\t\tdata-wp-on--click=\"actions.showLightbox\"\n\t\t\tdata-wp-style--right=\"state.thisImage.buttonRight\"\n\t\t\tdata-wp-style--top=\"state.thisImage.buttonTop\"\n\t\t>\n\t\t\t<svg xmlns=\"http:\/\/www.w3.org\/2000\/svg\" width=\"12\" height=\"12\" fill=\"none\" viewBox=\"0 0 12 12\">\n\t\t\t\t<path fill=\"#fff\" d=\"M2 0a2 2 0 0 0-2 2v2h1.5V2a.5.5 0 0 1 .5-.5h2V0H2Zm2 10.5H2a.5.5 0 0 1-.5-.5V8H0v2a2 2 0 0 0 2 2h2v-1.5ZM8 12v-1.5h2a.5.5 0 0 0 .5-.5V8H12v2a2 2 0 0 1-2 2H8Zm2-12a2 2 0 0 1 2 2v2h-1.5V2a.5.5 0 0 0-.5-.5H8V0h2Z\" \/>\n\t\t\t<\/svg>\n\t\t<\/button><figcaption class=\"wp-element-caption\">Harta din mozaic din Madaba (Foto: Bernard Gagnon \/ Wikimedia Commons, CC BY-SA 3.0)<\/figcaption><\/figure>\n\n\n\n<p class=\"wp-block-paragraph\">Oprirea la Madaba e o <strong>diversificare ideal\u0103 a drumului la deplasarea spre sud<\/strong>, pentru c\u0103 or\u0103\u0219elul \u00een sine are o atmosfer\u0103 foarte pl\u0103cut\u0103 \u0219i relaxat\u0103, plin\u0103 de mici pr\u0103v\u0103lii \u0219i cafenele dr\u0103gu\u021be. Vizitarea bisericii cu mozaicul \u00ee\u021bi ia doar c\u00e2teva zeci de minute, dar merit\u0103 s\u0103 te plimbi \u0219i pe str\u0103du\u021bele din jur, unde func\u021bioneaz\u0103 \u0219i azi ateliere me\u0219te\u0219ug\u0103re\u0219ti tradi\u021bionale, \u00een care arti\u0219tii locali creeaz\u0103 \u00een continuare mozaicuri superbe cu vechea tehnic\u0103 original\u0103.<\/p>\n\n\n\n<h3 id=\"14_Muntele_Nebo\" class=\"wp-block-heading\"><span class=\"ez-toc-section\" id=\"14_Muntele_Nebo\"><\/span>14. Muntele Nebo<span class=\"ez-toc-section-end\"><\/span><\/h3>\n\n\n\n<p class=\"wp-block-paragraph\">La o mic\u0103 distan\u021b\u0103 de Madaba se \u00eenal\u021b\u0103 memorabilul Munte Nebo, un loc de imens\u0103 \u00eensemn\u0103tate religioas\u0103 \u0219i istoric\u0103 pentru credincio\u0219ii din \u00eentreaga lume. Potrivit tradi\u021biei biblice, este exact acel v\u00e2rf <strong>de pe care profetul Moise a v\u0103zut \u021bara f\u0103g\u0103duin\u021bei<\/strong> \u00eenainte de moartea sa, iar \u00een cinstea lui se ridic\u0103 azi aici o biseric\u0103 memorial\u0103 modern\u0103 cu alte mozaicuri antice superbe. Pentru c\u0103l\u0103torul obi\u0219nuit, \u00eens\u0103, cea mai mare atrac\u021bie este chiar terasa panoramic\u0103, de unde pe vreme senin\u0103 se deschide o panoram\u0103 larg\u0103, prin care vezi p\u00e2n\u0103 la Ierihon, spre valea r\u00e2ului Iordan \u0219i spre luciul albastru al M\u0103rii Moarte.<\/p>\n\n\n\n<figure data-wp-context=\"{&quot;imageId&quot;:&quot;6a955d0e24d45&quot;}\" data-wp-interactive=\"core\/image\" data-wp-key=\"6a955d0e24d45\" class=\"wp-block-image size-full wp-lightbox-container\"><img decoding=\"async\" width=\"1500\" height=\"1008\" data-wp-class--hide=\"state.isContentHidden\" data-wp-class--show=\"state.isContentVisible\" data-wp-init=\"callbacks.setButtonStyles\" data-wp-on--click=\"actions.showLightbox\" data-wp-on--load=\"callbacks.setButtonStyles\" data-wp-on--pointerdown=\"actions.preloadImage\" data-wp-on--pointerenter=\"actions.preloadImageWithDelay\" data-wp-on--pointerleave=\"actions.cancelPreload\" data-wp-on-window--resize=\"callbacks.setButtonStyles\" src=\"https:\/\/loudavymkrokem.cz\/wp-content\/uploads\/2026\/08\/dovolena-jordansko-t14.jpg\" alt=\"Monumentul de pe Muntele Nebo\" class=\"wp-image-400045\" title=\"\" srcset=\"https:\/\/loudavymkrokem.cz\/wp-content\/uploads\/2026\/08\/dovolena-jordansko-t14.jpg 1500w, https:\/\/loudavymkrokem.cz\/wp-content\/uploads\/2026\/08\/dovolena-jordansko-t14-300x202.jpg 300w, https:\/\/loudavymkrokem.cz\/wp-content\/uploads\/2026\/08\/dovolena-jordansko-t14-700x470.jpg 700w, https:\/\/loudavymkrokem.cz\/wp-content\/uploads\/2026\/08\/dovolena-jordansko-t14-768x516.jpg 768w, https:\/\/loudavymkrokem.cz\/wp-content\/uploads\/2026\/08\/dovolena-jordansko-t14-696x468.jpg 696w, https:\/\/loudavymkrokem.cz\/wp-content\/uploads\/2026\/08\/dovolena-jordansko-t14-1392x935.jpg 1392w\" sizes=\"(max-width: 1500px) 100vw, 1500px\" \/><button\n\t\t\tclass=\"lightbox-trigger\"\n\t\t\ttype=\"button\"\n\t\t\taria-haspopup=\"dialog\"\n\t\t\tdata-wp-bind--aria-label=\"state.thisImage.triggerButtonAriaLabel\"\n\t\t\tdata-wp-init=\"callbacks.initTriggerButton\"\n\t\t\tdata-wp-on--click=\"actions.showLightbox\"\n\t\t\tdata-wp-style--right=\"state.thisImage.buttonRight\"\n\t\t\tdata-wp-style--top=\"state.thisImage.buttonTop\"\n\t\t>\n\t\t\t<svg xmlns=\"http:\/\/www.w3.org\/2000\/svg\" width=\"12\" height=\"12\" fill=\"none\" viewBox=\"0 0 12 12\">\n\t\t\t\t<path fill=\"#fff\" d=\"M2 0a2 2 0 0 0-2 2v2h1.5V2a.5.5 0 0 1 .5-.5h2V0H2Zm2 10.5H2a.5.5 0 0 1-.5-.5V8H0v2a2 2 0 0 0 2 2h2v-1.5ZM8 12v-1.5h2a.5.5 0 0 0 .5-.5V8H12v2a2 2 0 0 1-2 2H8Zm2-12a2 2 0 0 1 2 2v2h-1.5V2a.5.5 0 0 0-.5-.5H8V0h2Z\" \/>\n\t\t\t<\/svg>\n\t\t<\/button><figcaption class=\"wp-element-caption\">Monumentul de pe Muntele Nebo (Foto: Faris El-Gwely \/ Wikimedia Commons, CC BY-SA 4.0)<\/figcaption><\/figure>\n\n\n\n<p class=\"wp-block-paragraph\">Drumul spre Muntele Nebo e foarte simplu \u0219i <strong>se combin\u0103 adesea \u00eentr-o singur\u0103 excursie de o jum\u0103tate de zi chiar cu vizitarea Madabei<\/strong>, fiindc\u0103 se afl\u0103 cu adev\u0103rat aproape unul de altul, pe o \u0219osea asfaltat\u0103 de calitate. \u00centreaga zon\u0103 e foarte frumos \u00eentre\u021binut\u0103 \u0219i, chiar dac\u0103 nu e\u0219ti un credincios profund, atmosfera nespus de lini\u0219tit\u0103 a locului, pe care l-au vizitat \u00een trecut mai mul\u021bi papi, \u00ee\u021bi insufl\u0103 un uria\u0219 respect fa\u021b\u0103 de istoria acestei regiuni fascinante.<\/p>\n\n\n\n<h3 id=\"15_Kerak_si_Shobak_castele_cruciate\" class=\"wp-block-heading\"><span class=\"ez-toc-section\" id=\"15_Kerak_si_Shobak_castele_cruciate\"><\/span>15. Kerak \u0219i Shobak: castele cruciate<span class=\"ez-toc-section-end\"><\/span><\/h3>\n\n\n\n<p class=\"wp-block-paragraph\">Drumul Regilor spre sud, c\u0103tre Petra, e m\u0103rginit de r\u0103m\u0103\u0219i\u021bele unei istorii medievale zbuciumate, dintre care se remarc\u0103 cel mai mult puternicele cet\u0103\u021bi Kerak \u0219i Shobak. Aceste <strong>impun\u0103toare castele cruciate din secolul al doisprezecelea<\/strong> au fost construite strategic pe dealuri \u00eenalte, ca s\u0103 controleze rutele comerciale importante, \u0219i uimesc \u0219i azi prin zidurile masive \u0219i priveli\u0219tile spre v\u0103i ad\u00e2nci. Kerak e dintre ele considerabil mai mare \u0219i mai cunoscut, are bol\u021bi subterane uria\u0219e p\u0103strate \u0219i l-a f\u0103cut celebru crudul st\u0103p\u00e2n Renaud de Ch\u00e2tillon, \u00een timp ce mai micul Shobak ofer\u0103 o atmosfer\u0103 mult mai pustie \u0219i mai s\u0103lbatic\u0103.<\/p>\n\n\n\n<figure data-wp-context=\"{&quot;imageId&quot;:&quot;6a955d0e25332&quot;}\" data-wp-interactive=\"core\/image\" data-wp-key=\"6a955d0e25332\" class=\"wp-block-image size-full wp-lightbox-container\"><img decoding=\"async\" width=\"1500\" height=\"1004\" data-wp-class--hide=\"state.isContentHidden\" data-wp-class--show=\"state.isContentVisible\" data-wp-init=\"callbacks.setButtonStyles\" data-wp-on--click=\"actions.showLightbox\" data-wp-on--load=\"callbacks.setButtonStyles\" data-wp-on--pointerdown=\"actions.preloadImage\" data-wp-on--pointerenter=\"actions.preloadImageWithDelay\" data-wp-on--pointerleave=\"actions.cancelPreload\" data-wp-on-window--resize=\"callbacks.setButtonStyles\" src=\"https:\/\/loudavymkrokem.cz\/wp-content\/uploads\/2026\/08\/dovolena-jordansko-t15.jpg\" alt=\"Castelul cruciat Kerak\" class=\"wp-image-400047\" title=\"\" srcset=\"https:\/\/loudavymkrokem.cz\/wp-content\/uploads\/2026\/08\/dovolena-jordansko-t15.jpg 1500w, https:\/\/loudavymkrokem.cz\/wp-content\/uploads\/2026\/08\/dovolena-jordansko-t15-300x201.jpg 300w, https:\/\/loudavymkrokem.cz\/wp-content\/uploads\/2026\/08\/dovolena-jordansko-t15-700x469.jpg 700w, https:\/\/loudavymkrokem.cz\/wp-content\/uploads\/2026\/08\/dovolena-jordansko-t15-768x514.jpg 768w, https:\/\/loudavymkrokem.cz\/wp-content\/uploads\/2026\/08\/dovolena-jordansko-t15-696x466.jpg 696w, https:\/\/loudavymkrokem.cz\/wp-content\/uploads\/2026\/08\/dovolena-jordansko-t15-1392x932.jpg 1392w\" sizes=\"(max-width: 1500px) 100vw, 1500px\" \/><button\n\t\t\tclass=\"lightbox-trigger\"\n\t\t\ttype=\"button\"\n\t\t\taria-haspopup=\"dialog\"\n\t\t\tdata-wp-bind--aria-label=\"state.thisImage.triggerButtonAriaLabel\"\n\t\t\tdata-wp-init=\"callbacks.initTriggerButton\"\n\t\t\tdata-wp-on--click=\"actions.showLightbox\"\n\t\t\tdata-wp-style--right=\"state.thisImage.buttonRight\"\n\t\t\tdata-wp-style--top=\"state.thisImage.buttonTop\"\n\t\t>\n\t\t\t<svg xmlns=\"http:\/\/www.w3.org\/2000\/svg\" width=\"12\" height=\"12\" fill=\"none\" viewBox=\"0 0 12 12\">\n\t\t\t\t<path fill=\"#fff\" d=\"M2 0a2 2 0 0 0-2 2v2h1.5V2a.5.5 0 0 1 .5-.5h2V0H2Zm2 10.5H2a.5.5 0 0 1-.5-.5V8H0v2a2 2 0 0 0 2 2h2v-1.5ZM8 12v-1.5h2a.5.5 0 0 0 .5-.5V8H12v2a2 2 0 0 1-2 2H8Zm2-12a2 2 0 0 1 2 2v2h-1.5V2a.5.5 0 0 0-.5-.5H8V0h2Z\" \/>\n\t\t\t<\/svg>\n\t\t<\/button><figcaption class=\"wp-element-caption\">Castelul cruciat Kerak (Foto: Berthold Werner \/ Wikimedia Commons, CC BY 3.0)<\/figcaption><\/figure>\n\n\n\n<p class=\"wp-block-paragraph\">C\u00e2nd colinzi ace\u0219ti colo\u0219i de piatr\u0103, preg\u0103te\u0219te-te c\u0103 <strong>\u00een coridoarele subterane \u0219i \u00een fostele temni\u021be e bezn\u0103 absolut\u0103<\/strong>, a\u0219a c\u0103 ia-\u021bi neap\u0103rat o lantern\u0103 puternic\u0103 sau m\u0103car \u00eencarc\u0103-\u021bi bine telefonul. Explorarea sc\u0103rilor pe jum\u0103tate ruinate \u0219i a tunelurilor secrete de evadare \u00eel distreaz\u0103 cam pe orice aventurier, doar fii foarte atent pe unde calci, pentru c\u0103 balustradele \u0219i pl\u0103cu\u021bele de avertizare nu prea sunt la mod\u0103 pe obiectivele iordaniene.<\/p>\n\n\n\n<h3 id=\"16_Citadela_din_Amman_si_teatrul_roman\" class=\"wp-block-heading\"><span class=\"ez-toc-section\" id=\"16_Citadela_din_Amman_si_teatrul_roman\"><\/span>16. Citadela din Amman \u0219i teatrul roman<span class=\"ez-toc-section-end\"><\/span><\/h3>\n\n\n\n<p class=\"wp-block-paragraph\">Capitala Amman este o metropol\u0103 uria\u0219\u0103 \u0219i agitat\u0103, \u00eentins\u0103 pe multe dealuri, a c\u0103rei inim\u0103 istoric\u0103 absolut\u0103 este a\u0219a-numita Citadel\u0103, care se \u00eenal\u021b\u0103 deasupra ora\u0219ului. \u00centr-un singur loc se \u00eent\u00e2lnesc aici urmele multor civiliza\u021bii, a\u0219a c\u0103 vezi unele l\u00e2ng\u0103 altele <strong>r\u0103m\u0103\u0219i\u021bele m\u0103re\u021bului Templu al lui Hercule roman, cu coloane uria\u0219e<\/strong>, \u0219i Palatul omeiad p\u0103strat, cu o cupol\u0103 frumoas\u0103. C\u00e2nd prive\u0219ti de aici jos, spre centrul agitat, vezi o alt\u0103 bijuterie arhitectural\u0103: teatrul roman uria\u0219 s\u0103pat \u00een coast\u0103, \u00een care \u00eenc\u0103peau p\u00e2n\u0103 la \u0219ase mii de spectatori.<\/p>\n\n\n\n<figure data-wp-context=\"{&quot;imageId&quot;:&quot;6a955d0e2599f&quot;}\" data-wp-interactive=\"core\/image\" data-wp-key=\"6a955d0e2599f\" class=\"wp-block-image size-full wp-lightbox-container\"><img decoding=\"async\" width=\"1500\" height=\"1000\" data-wp-class--hide=\"state.isContentHidden\" data-wp-class--show=\"state.isContentVisible\" data-wp-init=\"callbacks.setButtonStyles\" data-wp-on--click=\"actions.showLightbox\" data-wp-on--load=\"callbacks.setButtonStyles\" data-wp-on--pointerdown=\"actions.preloadImage\" data-wp-on--pointerenter=\"actions.preloadImageWithDelay\" data-wp-on--pointerleave=\"actions.cancelPreload\" data-wp-on-window--resize=\"callbacks.setButtonStyles\" src=\"https:\/\/loudavymkrokem.cz\/wp-content\/uploads\/2026\/08\/dovolena-jordansko-t16.jpg\" alt=\"Citadela din Amman cu Templul lui Hercule\" class=\"wp-image-400050\" title=\"\" srcset=\"https:\/\/loudavymkrokem.cz\/wp-content\/uploads\/2026\/08\/dovolena-jordansko-t16.jpg 1500w, https:\/\/loudavymkrokem.cz\/wp-content\/uploads\/2026\/08\/dovolena-jordansko-t16-300x200.jpg 300w, https:\/\/loudavymkrokem.cz\/wp-content\/uploads\/2026\/08\/dovolena-jordansko-t16-700x467.jpg 700w, https:\/\/loudavymkrokem.cz\/wp-content\/uploads\/2026\/08\/dovolena-jordansko-t16-768x512.jpg 768w, https:\/\/loudavymkrokem.cz\/wp-content\/uploads\/2026\/08\/dovolena-jordansko-t16-696x464.jpg 696w, https:\/\/loudavymkrokem.cz\/wp-content\/uploads\/2026\/08\/dovolena-jordansko-t16-1392x928.jpg 1392w\" sizes=\"(max-width: 1500px) 100vw, 1500px\" \/><button\n\t\t\tclass=\"lightbox-trigger\"\n\t\t\ttype=\"button\"\n\t\t\taria-haspopup=\"dialog\"\n\t\t\tdata-wp-bind--aria-label=\"state.thisImage.triggerButtonAriaLabel\"\n\t\t\tdata-wp-init=\"callbacks.initTriggerButton\"\n\t\t\tdata-wp-on--click=\"actions.showLightbox\"\n\t\t\tdata-wp-style--right=\"state.thisImage.buttonRight\"\n\t\t\tdata-wp-style--top=\"state.thisImage.buttonTop\"\n\t\t>\n\t\t\t<svg xmlns=\"http:\/\/www.w3.org\/2000\/svg\" width=\"12\" height=\"12\" fill=\"none\" viewBox=\"0 0 12 12\">\n\t\t\t\t<path fill=\"#fff\" d=\"M2 0a2 2 0 0 0-2 2v2h1.5V2a.5.5 0 0 1 .5-.5h2V0H2Zm2 10.5H2a.5.5 0 0 1-.5-.5V8H0v2a2 2 0 0 0 2 2h2v-1.5ZM8 12v-1.5h2a.5.5 0 0 0 .5-.5V8H12v2a2 2 0 0 1-2 2H8Zm2-12a2 2 0 0 1 2 2v2h-1.5V2a.5.5 0 0 0-.5-.5H8V0h2Z\" \/>\n\t\t\t<\/svg>\n\t\t<\/button><figcaption class=\"wp-element-caption\">Citadela din Amman cu Templul lui Hercule (Foto: yeowatzup \/ Wikimedia Commons, CC BY 2.0)<\/figcaption><\/figure>\n\n\n\n<p class=\"wp-block-paragraph\">Ambele aceste obiective sunt fire\u0219te <strong>incluse \u00een biletul digital Jordan Pass<\/strong>, a\u0219a c\u0103 nu rata vizitarea lor, chiar dac\u0103 \u00een capital\u0103 te opre\u0219ti doar pentru scurt timp. Majoritatea ghizilor te sf\u0103tuiesc s\u0103 porne\u0219ti spre Citadel\u0103 cu aproximativ o or\u0103 \u00eenainte de apus, fiindc\u0103 acea lumin\u0103 bl\u00e2nd\u0103 de sear\u0103 coloreaz\u0103 frumos \u00een galben casele de gresie din jur \u0219i, \u00een plus, din minarete \u00eencepe s\u0103 r\u0103sune sincron, din tot ora\u0219ul, chemarea de sear\u0103 la rug\u0103ciune, un moment cultural nespus de puternic.<\/p>\n\n\n\n<h3 id=\"17_Jerash_cel_mai_bine_pastrat_oras_roman_din_afara_Italiei\" class=\"wp-block-heading\"><span class=\"ez-toc-section\" id=\"17_Jerash_cel_mai_bine_pastrat_oras_roman_din_afara_Italiei\"><\/span>17. Jerash: cel mai bine p\u0103strat ora\u0219 roman din afara Italiei<span class=\"ez-toc-section-end\"><\/span><\/h3>\n\n\n\n<p class=\"wp-block-paragraph\">Dac\u0103 iube\u0219ti istoria antic\u0103, atunci excursia la nord de Amman, \u00een str\u0103vechiul ora\u0219 Jerash, te va \u00eenc\u00e2nta, pentru c\u0103 se spune c\u0103 e unul dintre cele mai bine p\u0103strate ora\u0219e romane din afara teritoriului Italiei. G\u0103se\u0219ti aici <strong>un forum oval fascinant, m\u0103rginit de zeci de coloane \u00eenalte<\/strong>, o lung\u0103 arter\u0103 pavat\u0103, Cardo Maximus, un hipodrom uria\u0219 pentru curse de care \u0219i dou\u0103 teatre de piatr\u0103 minunat p\u0103strate. C\u00e2nd te plimbi pe sub arcurile de triumf \u00eempodobite, ai impresia c\u0103 te-ai \u00eentors \u00een timp cu dou\u0103 mii de ani, fiindc\u0103 nivelul de conservare al construc\u021biilor e aici, \u00een Orientul Mijlociu, cu adev\u0103rat nemaiv\u0103zut.<\/p>\n\n\n\n<figure data-wp-context=\"{&quot;imageId&quot;:&quot;6a955d0e25e83&quot;}\" data-wp-interactive=\"core\/image\" data-wp-key=\"6a955d0e25e83\" class=\"wp-block-image size-full wp-lightbox-container\"><img decoding=\"async\" width=\"1500\" height=\"1125\" data-wp-class--hide=\"state.isContentHidden\" data-wp-class--show=\"state.isContentVisible\" data-wp-init=\"callbacks.setButtonStyles\" data-wp-on--click=\"actions.showLightbox\" data-wp-on--load=\"callbacks.setButtonStyles\" data-wp-on--pointerdown=\"actions.preloadImage\" data-wp-on--pointerenter=\"actions.preloadImageWithDelay\" data-wp-on--pointerleave=\"actions.cancelPreload\" data-wp-on-window--resize=\"callbacks.setButtonStyles\" src=\"https:\/\/loudavymkrokem.cz\/wp-content\/uploads\/2026\/08\/dovolena-jordansko-t17.jpg\" alt=\"Forumul oval din Jerash\" class=\"wp-image-400053\" title=\"\" srcset=\"https:\/\/loudavymkrokem.cz\/wp-content\/uploads\/2026\/08\/dovolena-jordansko-t17.jpg 1500w, https:\/\/loudavymkrokem.cz\/wp-content\/uploads\/2026\/08\/dovolena-jordansko-t17-300x225.jpg 300w, https:\/\/loudavymkrokem.cz\/wp-content\/uploads\/2026\/08\/dovolena-jordansko-t17-700x525.jpg 700w, https:\/\/loudavymkrokem.cz\/wp-content\/uploads\/2026\/08\/dovolena-jordansko-t17-768x576.jpg 768w, https:\/\/loudavymkrokem.cz\/wp-content\/uploads\/2026\/08\/dovolena-jordansko-t17-80x60.jpg 80w, https:\/\/loudavymkrokem.cz\/wp-content\/uploads\/2026\/08\/dovolena-jordansko-t17-160x120.jpg 160w, https:\/\/loudavymkrokem.cz\/wp-content\/uploads\/2026\/08\/dovolena-jordansko-t17-696x522.jpg 696w, https:\/\/loudavymkrokem.cz\/wp-content\/uploads\/2026\/08\/dovolena-jordansko-t17-1392x1044.jpg 1392w\" sizes=\"(max-width: 1500px) 100vw, 1500px\" \/><button\n\t\t\tclass=\"lightbox-trigger\"\n\t\t\ttype=\"button\"\n\t\t\taria-haspopup=\"dialog\"\n\t\t\tdata-wp-bind--aria-label=\"state.thisImage.triggerButtonAriaLabel\"\n\t\t\tdata-wp-init=\"callbacks.initTriggerButton\"\n\t\t\tdata-wp-on--click=\"actions.showLightbox\"\n\t\t\tdata-wp-style--right=\"state.thisImage.buttonRight\"\n\t\t\tdata-wp-style--top=\"state.thisImage.buttonTop\"\n\t\t>\n\t\t\t<svg xmlns=\"http:\/\/www.w3.org\/2000\/svg\" width=\"12\" height=\"12\" fill=\"none\" viewBox=\"0 0 12 12\">\n\t\t\t\t<path fill=\"#fff\" d=\"M2 0a2 2 0 0 0-2 2v2h1.5V2a.5.5 0 0 1 .5-.5h2V0H2Zm2 10.5H2a.5.5 0 0 1-.5-.5V8H0v2a2 2 0 0 0 2 2h2v-1.5ZM8 12v-1.5h2a.5.5 0 0 0 .5-.5V8H12v2a2 2 0 0 1-2 2H8Zm2-12a2 2 0 0 1 2 2v2h-1.5V2a.5.5 0 0 0-.5-.5H8V0h2Z\" \/>\n\t\t\t<\/svg>\n\t\t<\/button><figcaption class=\"wp-element-caption\">Forumul oval din Jerash (Foto: Dennis G. Jarvis \/ Wikimedia Commons, CC BY-SA 2.0)<\/figcaption><\/figure>\n\n\n\n<p class=\"wp-block-paragraph\">\u00centinderea \u00eentregii zone arheologice e uria\u0219\u0103, a\u0219a c\u0103 <strong>rezerv\u0103-\u021bi pentru vizit\u0103 cu siguran\u021b\u0103 m\u0103car o jum\u0103tate de zi<\/strong> \u0219i nu uita s\u0103-\u021bi iei destul\u0103 ap\u0103 de b\u0103ut, fiindc\u0103 \u00een\u0103untru te ascunzi rar la umbr\u0103. Jerash e foarte u\u0219or accesibil cu ma\u0219ina obi\u0219nuit\u0103 sau cu autobuzul din capital\u0103, \u0219oselele spre nord sunt de calitate, iar pentru mul\u021bi c\u0103l\u0103tori acest loc devine cea mai mare surpriz\u0103 a \u00eentregului itinerar iordanian.<\/p>\n\n\n\n<h3 id=\"18_Amman_downtown_souk_si_cafenele\" class=\"wp-block-heading\"><span class=\"ez-toc-section\" id=\"18_Amman_downtown_souk_si_cafenele\"><\/span>18. Amman: downtown, souk \u0219i cafenele<span class=\"ez-toc-section-end\"><\/span><\/h3>\n\n\n\n<p class=\"wp-block-paragraph\">Dar Amman nu \u00eenseamn\u0103 doar s\u0103p\u0103turi, e \u0219i un ora\u0219 vibrant, plin de via\u021b\u0103, unde lumea arab\u0103 tradi\u021bional\u0103 se amestec\u0103 cu cultura modern\u0103 \u0219i cu o gastronomie excelent\u0103. Merit\u0103 explorat mai ales centrul istoric downtown, cu pie\u021bele lui agitate, adic\u0103 souk-urile, unde cumperi mirodenii \u0219i curmale proaspete, iar pe de alt\u0103 parte <strong>moderna strad\u0103 Rainbow Street, m\u0103rginit\u0103 de cafenele stilate<\/strong> \u0219i galerii de art\u0103. Chiar pe aceste str\u0103du\u021be se concentreaz\u0103 via\u021ba social\u0103 \u2014 tinerii iordanieni fumeaz\u0103 seara narghilea, beau cafea tare cu cardamom \u0219i discut\u0103 \u00een localuri care nu ar da ras\u0103 nici \u00een Europa de Vest.<\/p>\n\n\n\n<figure data-wp-context=\"{&quot;imageId&quot;:&quot;6a955d0e2631e&quot;}\" data-wp-interactive=\"core\/image\" data-wp-key=\"6a955d0e2631e\" class=\"wp-block-image size-full wp-lightbox-container\"><img decoding=\"async\" width=\"1500\" height=\"1000\" data-wp-class--hide=\"state.isContentHidden\" data-wp-class--show=\"state.isContentVisible\" data-wp-init=\"callbacks.setButtonStyles\" data-wp-on--click=\"actions.showLightbox\" data-wp-on--load=\"callbacks.setButtonStyles\" data-wp-on--pointerdown=\"actions.preloadImage\" data-wp-on--pointerenter=\"actions.preloadImageWithDelay\" data-wp-on--pointerleave=\"actions.cancelPreload\" data-wp-on-window--resize=\"callbacks.setButtonStyles\" src=\"https:\/\/loudavymkrokem.cz\/wp-content\/uploads\/2026\/08\/dovolena-jordansko-t18.jpg\" alt=\"Panorama Ammanului de la citadel\u0103\" class=\"wp-image-400055\" title=\"\" srcset=\"https:\/\/loudavymkrokem.cz\/wp-content\/uploads\/2026\/08\/dovolena-jordansko-t18.jpg 1500w, https:\/\/loudavymkrokem.cz\/wp-content\/uploads\/2026\/08\/dovolena-jordansko-t18-300x200.jpg 300w, https:\/\/loudavymkrokem.cz\/wp-content\/uploads\/2026\/08\/dovolena-jordansko-t18-700x467.jpg 700w, https:\/\/loudavymkrokem.cz\/wp-content\/uploads\/2026\/08\/dovolena-jordansko-t18-768x512.jpg 768w, https:\/\/loudavymkrokem.cz\/wp-content\/uploads\/2026\/08\/dovolena-jordansko-t18-696x464.jpg 696w, https:\/\/loudavymkrokem.cz\/wp-content\/uploads\/2026\/08\/dovolena-jordansko-t18-1392x928.jpg 1392w\" sizes=\"(max-width: 1500px) 100vw, 1500px\" \/><button\n\t\t\tclass=\"lightbox-trigger\"\n\t\t\ttype=\"button\"\n\t\t\taria-haspopup=\"dialog\"\n\t\t\tdata-wp-bind--aria-label=\"state.thisImage.triggerButtonAriaLabel\"\n\t\t\tdata-wp-init=\"callbacks.initTriggerButton\"\n\t\t\tdata-wp-on--click=\"actions.showLightbox\"\n\t\t\tdata-wp-style--right=\"state.thisImage.buttonRight\"\n\t\t\tdata-wp-style--top=\"state.thisImage.buttonTop\"\n\t\t>\n\t\t\t<svg xmlns=\"http:\/\/www.w3.org\/2000\/svg\" width=\"12\" height=\"12\" fill=\"none\" viewBox=\"0 0 12 12\">\n\t\t\t\t<path fill=\"#fff\" d=\"M2 0a2 2 0 0 0-2 2v2h1.5V2a.5.5 0 0 1 .5-.5h2V0H2Zm2 10.5H2a.5.5 0 0 1-.5-.5V8H0v2a2 2 0 0 0 2 2h2v-1.5ZM8 12v-1.5h2a.5.5 0 0 0 .5-.5V8H12v2a2 2 0 0 1-2 2H8Zm2-12a2 2 0 0 1 2 2v2h-1.5V2a.5.5 0 0 0-.5-.5H8V0h2Z\" \/>\n\t\t\t<\/svg>\n\t\t<\/button><figcaption class=\"wp-element-caption\">Panorama Ammanului de la citadel\u0103 (Foto: AXP Photography \/ Pexels)<\/figcaption><\/figure>\n\n\n\n<p class=\"wp-block-paragraph\">Iordania e, \u00een general, o \u021bar\u0103 musulman\u0103 foarte sigur\u0103 \u0219i destul de deschis\u0103, totu\u0219i, c\u00e2nd colinzi ora\u0219ul \u00een afara resorturilor hoteliere, <strong>ai mereu grij\u0103 la o \u00eembr\u0103c\u0103minte respectuoas\u0103<\/strong>, ceea ce \u00een practic\u0103 \u00eenseamn\u0103 umeri \u0219i genunchi acoperi\u021bi at\u00e2t pentru femei, c\u00e2t \u0219i pentru b\u0103rba\u021bi. Capitala e altfel foarte primitoare cu turi\u0219tii, iar dac\u0103 ai vrea s\u0103-\u021bi prelunge\u0219ti sejurul, te po\u021bi inspira din sfaturile noastre despre <a href=\"https:\/\/loudavymkrokem.cz\/ro\/vacanta-septembrie-idei\/\">unde s\u0103 mergi \u00een vacan\u021b\u0103 \u00een septembrie<\/a>, c\u00e2nd \u00eencepe aici o toamn\u0103 foarte pl\u0103cut\u0103, f\u0103r\u0103 c\u0103lduri extreme.<\/p>\n\n\n\n<h3 id=\"19_Ajloun_si_castelul_lui_Saladin\" class=\"wp-block-heading\"><span class=\"ez-toc-section\" id=\"19_Ajloun_si_castelul_lui_Saladin\"><\/span>19. Ajloun \u0219i castelul lui Saladin<span class=\"ez-toc-section-end\"><\/span><\/h3>\n\n\n\n<p class=\"wp-block-paragraph\">Dac\u0103 tot mergi \u00een nordul \u021b\u0103rii ca s\u0103 cuno\u0219ti Jerash, merit\u0103 s\u0103 \u00eenaintezi pu\u021bin mai departe pe dealuri, spre ora\u0219ul Ajloun, unde se \u00eenal\u021b\u0103 un masiv castel medieval din secolul al doisprezecelea. Aceast\u0103 cetate de necucerit nu a fost construit\u0103 de crucia\u021bi, ci dimpotriv\u0103, de vestitul comandant arab Saladin, ca s\u0103 apere zona de raidurile cre\u0219tinilor \u0219i s\u0103 controleze minele locale de fier. Ceea ce te va surprinde garantat \u00een aceast\u0103 zon\u0103 nordic\u0103 este <strong>peisajul pe nea\u0219teptate de verde, plin de p\u0103duri de pini<\/strong> \u0219i cr\u00e2nguri de m\u0103slini, care contrasteaz\u0103 uria\u0219 cu de\u0219ertul uscat \u0219i p\u00e2rjolit din sudul regatului.<\/p>\n\n\n\n<figure data-wp-context=\"{&quot;imageId&quot;:&quot;6a955d0e2678a&quot;}\" data-wp-interactive=\"core\/image\" data-wp-key=\"6a955d0e2678a\" class=\"wp-block-image size-full wp-lightbox-container\"><img decoding=\"async\" width=\"1500\" height=\"1125\" data-wp-class--hide=\"state.isContentHidden\" data-wp-class--show=\"state.isContentVisible\" data-wp-init=\"callbacks.setButtonStyles\" data-wp-on--click=\"actions.showLightbox\" data-wp-on--load=\"callbacks.setButtonStyles\" data-wp-on--pointerdown=\"actions.preloadImage\" data-wp-on--pointerenter=\"actions.preloadImageWithDelay\" data-wp-on--pointerleave=\"actions.cancelPreload\" data-wp-on-window--resize=\"callbacks.setButtonStyles\" src=\"https:\/\/loudavymkrokem.cz\/wp-content\/uploads\/2026\/08\/dovolena-jordansko-t19.jpg\" alt=\"Castelul Ajloun din nordul Iordaniei\" class=\"wp-image-400057\" title=\"\" srcset=\"https:\/\/loudavymkrokem.cz\/wp-content\/uploads\/2026\/08\/dovolena-jordansko-t19.jpg 1500w, https:\/\/loudavymkrokem.cz\/wp-content\/uploads\/2026\/08\/dovolena-jordansko-t19-300x225.jpg 300w, https:\/\/loudavymkrokem.cz\/wp-content\/uploads\/2026\/08\/dovolena-jordansko-t19-700x525.jpg 700w, https:\/\/loudavymkrokem.cz\/wp-content\/uploads\/2026\/08\/dovolena-jordansko-t19-768x576.jpg 768w, https:\/\/loudavymkrokem.cz\/wp-content\/uploads\/2026\/08\/dovolena-jordansko-t19-80x60.jpg 80w, https:\/\/loudavymkrokem.cz\/wp-content\/uploads\/2026\/08\/dovolena-jordansko-t19-160x120.jpg 160w, https:\/\/loudavymkrokem.cz\/wp-content\/uploads\/2026\/08\/dovolena-jordansko-t19-696x522.jpg 696w, https:\/\/loudavymkrokem.cz\/wp-content\/uploads\/2026\/08\/dovolena-jordansko-t19-1392x1044.jpg 1392w\" sizes=\"(max-width: 1500px) 100vw, 1500px\" \/><button\n\t\t\tclass=\"lightbox-trigger\"\n\t\t\ttype=\"button\"\n\t\t\taria-haspopup=\"dialog\"\n\t\t\tdata-wp-bind--aria-label=\"state.thisImage.triggerButtonAriaLabel\"\n\t\t\tdata-wp-init=\"callbacks.initTriggerButton\"\n\t\t\tdata-wp-on--click=\"actions.showLightbox\"\n\t\t\tdata-wp-style--right=\"state.thisImage.buttonRight\"\n\t\t\tdata-wp-style--top=\"state.thisImage.buttonTop\"\n\t\t>\n\t\t\t<svg xmlns=\"http:\/\/www.w3.org\/2000\/svg\" width=\"12\" height=\"12\" fill=\"none\" viewBox=\"0 0 12 12\">\n\t\t\t\t<path fill=\"#fff\" d=\"M2 0a2 2 0 0 0-2 2v2h1.5V2a.5.5 0 0 1 .5-.5h2V0H2Zm2 10.5H2a.5.5 0 0 1-.5-.5V8H0v2a2 2 0 0 0 2 2h2v-1.5ZM8 12v-1.5h2a.5.5 0 0 0 .5-.5V8H12v2a2 2 0 0 1-2 2H8Zm2-12a2 2 0 0 1 2 2v2h-1.5V2a.5.5 0 0 0-.5-.5H8V0h2Z\" \/>\n\t\t\t<\/svg>\n\t\t<\/button><figcaption class=\"wp-element-caption\">Castelul Ajloun din nordul Iordaniei (Foto: hikinginjordan \/ Wikimedia Commons, CC BY-SA 3.0)<\/figcaption><\/figure>\n\n\n\n<p class=\"wp-block-paragraph\">Drumul spre castel \u0219erpuie\u0219te frumos pe teren muntos, a\u0219a c\u0103, dac\u0103 conduci o ma\u0219in\u0103 \u00eenchiriat\u0103, fii atent la por\u021biunile \u00eenguste \u0219i la comportamentul imprevizibil al \u0219oferilor locali, care iau regulile de circula\u021bie mai degrab\u0103 ca pe recomand\u0103ri. La astfel de deplas\u0103ri pe cont propriu, e absolut esen\u021bial s\u0103 ai o <a href=\"https:\/\/loudavymkrokem.cz\/jak-vybrat-cestovni-pojisteni-na-dovolenou\/\">asigurare de c\u0103l\u0103torie<\/a> de calitate, pentru c\u0103, de\u0219i \u021bara e sigur\u0103, un mic accident sau o problem\u0103 de s\u0103n\u0103tate departe de ora\u0219ele mari poate complica mult toat\u0103 vacan\u021ba.<\/p>\n\n\n\n<h3 id=\"20_Aqaba_si_Marea_Rosie\" class=\"wp-block-heading\"><span class=\"ez-toc-section\" id=\"20_Aqaba_si_Marea_Rosie\"><\/span>20. Aqaba \u0219i Marea Ro\u0219ie<span class=\"ez-toc-section-end\"><\/span><\/h3>\n\n\n\n<p class=\"wp-block-paragraph\">\u00cen extremitatea sudic\u0103 se afl\u0103 ora\u0219ul Aqaba, singurul port iordanian \u0219i, totodat\u0103, o destina\u021bie de plaj\u0103 \u00eendr\u0103git\u0103 pe malurile M\u0103rii Ro\u0219ii. E un mic rai pentru iubitorii lumii subacvatice, fiindc\u0103 aici se g\u0103sesc <strong>recife de corali superbe, ideale pentru snorkeling \u0219i scufund\u0103ri<\/strong>, la care po\u021bi explora \u0219i epave de nave sau avioane scufundate inten\u021bionat. Un avantaj uria\u0219 al acestei loca\u021bii este vremea foarte constant\u0103 \u0219i cald\u0103, pentru c\u0103 nici \u00een miezul iernii temperatura apei m\u0103rii nu coboar\u0103, se spune, sub 21 \u00b0C, a\u0219a c\u0103 te \u00eenc\u0103lze\u0219ti aici practic oric\u00e2nd \u00een cursul anului.<\/p>\n\n\n\n<figure data-wp-context=\"{&quot;imageId&quot;:&quot;6a955d0e26c05&quot;}\" data-wp-interactive=\"core\/image\" data-wp-key=\"6a955d0e26c05\" class=\"wp-block-image size-full wp-lightbox-container\"><img decoding=\"async\" width=\"1500\" height=\"1125\" data-wp-class--hide=\"state.isContentHidden\" data-wp-class--show=\"state.isContentVisible\" data-wp-init=\"callbacks.setButtonStyles\" data-wp-on--click=\"actions.showLightbox\" data-wp-on--load=\"callbacks.setButtonStyles\" data-wp-on--pointerdown=\"actions.preloadImage\" data-wp-on--pointerenter=\"actions.preloadImageWithDelay\" data-wp-on--pointerleave=\"actions.cancelPreload\" data-wp-on-window--resize=\"callbacks.setButtonStyles\" src=\"https:\/\/loudavymkrokem.cz\/wp-content\/uploads\/2026\/08\/dovolena-jordansko-t20.jpg\" alt=\"Aqaba la Marea Ro\u0219ie\" class=\"wp-image-400059\" title=\"\" srcset=\"https:\/\/loudavymkrokem.cz\/wp-content\/uploads\/2026\/08\/dovolena-jordansko-t20.jpg 1500w, https:\/\/loudavymkrokem.cz\/wp-content\/uploads\/2026\/08\/dovolena-jordansko-t20-300x225.jpg 300w, https:\/\/loudavymkrokem.cz\/wp-content\/uploads\/2026\/08\/dovolena-jordansko-t20-700x525.jpg 700w, https:\/\/loudavymkrokem.cz\/wp-content\/uploads\/2026\/08\/dovolena-jordansko-t20-768x576.jpg 768w, https:\/\/loudavymkrokem.cz\/wp-content\/uploads\/2026\/08\/dovolena-jordansko-t20-80x60.jpg 80w, https:\/\/loudavymkrokem.cz\/wp-content\/uploads\/2026\/08\/dovolena-jordansko-t20-160x120.jpg 160w, https:\/\/loudavymkrokem.cz\/wp-content\/uploads\/2026\/08\/dovolena-jordansko-t20-696x522.jpg 696w, https:\/\/loudavymkrokem.cz\/wp-content\/uploads\/2026\/08\/dovolena-jordansko-t20-1392x1044.jpg 1392w\" sizes=\"(max-width: 1500px) 100vw, 1500px\" \/><button\n\t\t\tclass=\"lightbox-trigger\"\n\t\t\ttype=\"button\"\n\t\t\taria-haspopup=\"dialog\"\n\t\t\tdata-wp-bind--aria-label=\"state.thisImage.triggerButtonAriaLabel\"\n\t\t\tdata-wp-init=\"callbacks.initTriggerButton\"\n\t\t\tdata-wp-on--click=\"actions.showLightbox\"\n\t\t\tdata-wp-style--right=\"state.thisImage.buttonRight\"\n\t\t\tdata-wp-style--top=\"state.thisImage.buttonTop\"\n\t\t>\n\t\t\t<svg xmlns=\"http:\/\/www.w3.org\/2000\/svg\" width=\"12\" height=\"12\" fill=\"none\" viewBox=\"0 0 12 12\">\n\t\t\t\t<path fill=\"#fff\" d=\"M2 0a2 2 0 0 0-2 2v2h1.5V2a.5.5 0 0 1 .5-.5h2V0H2Zm2 10.5H2a.5.5 0 0 1-.5-.5V8H0v2a2 2 0 0 0 2 2h2v-1.5ZM8 12v-1.5h2a.5.5 0 0 0 .5-.5V8H12v2a2 2 0 0 1-2 2H8Zm2-12a2 2 0 0 1 2 2v2h-1.5V2a.5.5 0 0 0-.5-.5H8V0h2Z\" \/>\n\t\t\t<\/svg>\n\t\t<\/button><figcaption class=\"wp-element-caption\">Aqaba la Marea Ro\u0219ie (Foto: Gerda Arendt \/ Wikimedia Commons, CC BY-SA 4.0)<\/figcaption><\/figure>\n\n\n\n<p class=\"wp-block-paragraph\">Aqaba se afl\u0103 la doar vreo or\u0103 de mers cu ma\u0219ina de de\u0219ertul Wadi Rum, a\u0219a c\u0103 <strong>are perfect sens s\u0103 \u00eencheia\u021bi chiar aici \u00eentregul roadtrip iordanian<\/strong> \u0219i, dup\u0103 mersul solicitant printre obiective, s\u0103 v\u0103 r\u0103sf\u0103\u021ba\u021bi cu c\u00e2teva zile de relaxare binemeritat\u0103 pe plaj\u0103. Func\u021bioneaz\u0103 aici o mul\u021bime de resorturi interna\u021bionale, unde po\u021bi merge lini\u0219tit \u00een costum de baie obi\u0219nuit, iar \u00een plus tot ora\u0219ul e o zon\u0103 economic\u0103 special\u0103, cu taxe mai mici, ceea ce \u00eel face un loc bun pentru a cump\u0103ra ultimele suveniruri \u00eenainte de drumul spre cas\u0103.<\/p>\n\n\n\n<h2 id=\"Jordan_Pass_cel_mai_important_lucru_de_rezolvat_inainte_de_plecare\" class=\"wp-block-heading\"><span class=\"ez-toc-section\" id=\"Jordan_Pass_cel_mai_important_lucru_de_rezolvat_inainte_de_plecare\"><\/span>Jordan Pass: cel mai important lucru de rezolvat \u00eenainte de plecare<span class=\"ez-toc-section-end\"><\/span><\/h2>\n\n\n\n<p class=\"wp-block-paragraph\">Dac\u0103 \u00ee\u021bi planifici drumul spre acest regat, sigur te va interesa <strong>cum s\u0103 economise\u0219ti la intr\u0103ri \u0219i vize<\/strong>. Cel mai bun pas este achizi\u021bionarea unui bilet digital special, despre care c\u0103l\u0103torii vorbesc ca despre baza absolut\u0103 pentru orice turist. \u00ce\u021bi economise\u0219te nu doar o gr\u0103mad\u0103 de bani, ci \u0219i timp \u0219i griji la grani\u021b\u0103.<\/p>\n\n\n\n<p class=\"wp-block-paragraph\">Acest document de\u0219tept merit\u0103 practic pentru toat\u0103 lumea, pentru c\u0103 <strong>doar intrarea la Petra cost\u0103 zeci de dinari<\/strong>, \u00een func\u021bie de num\u0103rul de zile. \u021aine \u00eens\u0103 cont c\u0103 pre\u021burile \u0219i condi\u021biile se mai schimb\u0103 din c\u00e2nd \u00een c\u00e2nd, a\u0219a c\u0103 verific\u0103 mereu totul dinainte pe site-urile oficiale.<\/p>\n\n\n\n<ul class=\"wp-block-list\">\n<li><strong>Se cump\u0103r\u0103 online \u00eenainte de sosire<\/strong> \u0219i include intrarea la peste 40 de obiective (printre altele Petra, Wadi Rum, Jerash \u0219i Citadela din Amman).<\/li>\n\n\n\n<li><strong>Scute\u0219te taxa de viz\u0103 turistic\u0103<\/strong>, dar asta e valabil doar \u00een cazul \u00een care stai \u00een Iordania cel pu\u021bin 3 nop\u021bi.<\/li>\n\n\n\n<li>Exist\u0103 \u00een trei variante, \u00een func\u021bie de c\u00e2te zile vrei s\u0103 petreci la Petra (cea mai ieftin\u0103 versiune, Wanderer, iese orientativ \u00een jur de 70 JOD).<\/li>\n\n\n\n<li>Evenimentul de sear\u0103 <strong>Petra by Night nu e inclus \u00een Pass<\/strong> \u0219i trebuie s\u0103-l pl\u0103te\u0219ti separat, la fa\u021ba locului.<\/li>\n<\/ul>\n\n\n\n<p class=\"wp-block-paragraph\">\ud83d\udca1 SFAT: Cardul digital e suficient s\u0103-l descarci pe telefon, pentru c\u0103 la grani\u021b\u0103 \u0219i la intr\u0103ri se arat\u0103 doar codul QR. \u00cel po\u021bi cump\u0103ra de pe <a href=\"https:\/\/www.jordanpass.jo\/\" target=\"_blank\" rel=\"nofollow noopener\">pagina oficial\u0103 Jordan Pass<\/a>.<\/p>\n\n\n\n<h2 id=\"Itinerar_de_7_si_10_zile_cum_sa_iti_planifici_Iordania\" class=\"wp-block-heading\"><span class=\"ez-toc-section\" id=\"Itinerar_de_7_si_10_zile_cum_sa-ti_planifici_Iordania\"><\/span>Itinerar de 7 \u0219i 10 zile: cum s\u0103-\u021bi planifici Iordania<span class=\"ez-toc-section-end\"><\/span><\/h2>\n\n\n\n<p class=\"wp-block-paragraph\">Alc\u0103tuirea unui plan de c\u0103l\u0103torie coerent e uneori o adev\u0103rat\u0103 b\u0103taie de cap, dar, potrivit recomand\u0103rilor c\u0103l\u0103torilor, <strong>circuitul principal se poate face \u00eentr-o s\u0103pt\u0103m\u00e2n\u0103<\/strong>. Dac\u0103 ai mai mult timp, merit\u0103 cu siguran\u021b\u0103 s\u0103 adaugi zile \u00een plus pentru sc\u0103ldat la mare sau pentru explorarea obiectivelor mai izolate din sudul \u021b\u0103rii.<\/p>\n\n\n\n<h3 id=\"O_saptamana_clasica\" class=\"wp-block-heading\"><span class=\"ez-toc-section\" id=\"O_saptamana_clasica\"><\/span>O s\u0103pt\u0103m\u00e2n\u0103 clasic\u0103<span class=\"ez-toc-section-end\"><\/span><\/h3>\n\n\n\n<ul class=\"wp-block-list\">\n<li><strong>Ziua 1:<\/strong> sosire la Amman \u0219i vizitarea citadelei istorice.<\/li>\n\n\n\n<li><strong>Ziua 2:<\/strong> excursie \u00een nord, la anticul Jerash \u0219i la castelul Ajloun.<\/li>\n\n\n\n<li><strong>Ziua 3:<\/strong> oprire la Madaba, priveli\u0219te de pe Muntele Nebo \u0219i deplasare spre Marea Moart\u0103.<\/li>\n\n\n\n<li><strong>Ziua 4:<\/strong> odihn\u0103 la Marea Moart\u0103 \u0219i deplasare dup\u0103-amiaza spre ora\u0219ul Wadi Musa.<\/li>\n\n\n\n<li><strong>Ziua 5:<\/strong> o zi \u00eentreag\u0103 rezervat\u0103 traseului principal din ora\u0219ul de st\u00e2nc\u0103 Petra.<\/li>\n\n\n\n<li><strong>Ziua 6:<\/strong> diminea\u021ba vizitarea Micii Petra, iar dup\u0103-amiaza deplasarea \u00een de\u0219ertul Wadi Rum, cu \u00eennoptare \u00een tab\u0103r\u0103.<\/li>\n\n\n\n<li><strong>Ziua 7:<\/strong> trezire matinal\u0103 \u00een Wadi Rum \u0219i apoi zborul sau deplasarea spre Aqaba.<\/li>\n<\/ul>\n\n\n\n<h3 id=\"Zece_zile_fara_graba\" class=\"wp-block-heading\"><span class=\"ez-toc-section\" id=\"Zece_zile_fara_graba\"><\/span>Zece zile f\u0103r\u0103 grab\u0103<span class=\"ez-toc-section-end\"><\/span><\/h3>\n\n\n\n<ul class=\"wp-block-list\">\n<li><strong>Ziua 8:<\/strong> adaug\u0103 o a doua zi la Petra \u0219i urc\u0103 p\u00e2n\u0103 la \u00eendep\u0103rtata m\u0103n\u0103stire Ad-Deir.<\/li>\n\n\n\n<li><strong>Ziua 9:<\/strong> mergi la Aqaba, la scufund\u0103ri \u0219i o zi \u00eentreag\u0103 de relaxare la Marea Ro\u0219ie.<\/li>\n\n\n\n<li><strong>Ziua 10:<\/strong> folose\u0219te ziua \u00een plus pentru traversarea defileului Wadi Mujib sau exploreaz\u0103 castelele cruciate Kerak \u0219i Shobak.<\/li>\n<\/ul>\n\n\n\n<h2 id=\"Unde_sa_te_cazezi_in_Iordania\" class=\"wp-block-heading\"><span class=\"ez-toc-section\" id=\"Unde_sa_te_cazezi_in_Iordania\"><\/span>Unde s\u0103 te cazezi \u00een Iordania<span class=\"ez-toc-section-end\"><\/span><\/h2>\n\n\n\n<p class=\"wp-block-paragraph\">C\u0103utarea unui loc de dormit \u00een aceast\u0103 \u021bar\u0103 are specificul ei \u0219i <strong>merit\u0103 s\u0103 alegi strategic<\/strong>, \u00een func\u021bie de \u00eencotro te \u00eendrep\u021bi. C\u0103l\u0103torii se bucur\u0103 c\u0103 oferta merge de la pensiuni urbane simple p\u00e2n\u0103 la corturi luxoase din sticl\u0103, chiar \u00een dunele de nisip.<\/p>\n\n\n\n<p class=\"wp-block-paragraph\">\ud83d\udca1 <strong>Sfat:<\/strong> cazarea \u00een Wadi Musa \u0219i la Marea Moart\u0103 se epuizeaz\u0103 cu mult timp \u00eenainte \u00een plin sezon, fiindc\u0103 op\u021biunile rezonabile sunt pu\u021bine. Parcurge <a href=\"https:\/\/www.stay22.com\/allez\/roam?aid=lukaskonecny&amp;campaign=loudavymkrokemcz&amp;campaign=dovolena-jordansko&amp;address=Jord%C3%A1nsko\" target=\"_blank\" rel=\"nofollow noopener sponsored\">oferta actual\u0103 de cazare \u00een Iordania<\/a> \u0219i rezerv\u0103 cu anulare gratuit\u0103.<\/p>\n\n\n\n<h3 id=\"Prezentarea_zonelor\" class=\"wp-block-heading\"><span class=\"ez-toc-section\" id=\"Prezentarea_zonelor\"><\/span>Prezentarea zonelor<span class=\"ez-toc-section-end\"><\/span><\/h3>\n\n\n\n<ul class=\"wp-block-list\">\n<li><strong>Amman:<\/strong> baz\u0103 excelent\u0103 pentru excursii \u00een nord, apropiere de aeroport \u0219i cea mai bun\u0103 ofert\u0103 de restaurante urbane.<\/li>\n\n\n\n<li><strong>Wadi Musa:<\/strong> practic singura baz\u0103 rezonabil\u0103 pentru vizitarea Petrei, pentru c\u0103 aici g\u0103se\u0219ti toate facilit\u0103\u021bile chiar la intrare.<\/li>\n\n\n\n<li><strong>Marea Moart\u0103:<\/strong> resorturi mari cu acces direct la plaj\u0103 \u0219i la n\u0103molul t\u0103m\u0103duitor, dar altfel \u00een \u00eemprejurimi nu te a\u0219tepta la altceva de explorat.<\/li>\n\n\n\n<li><strong>Wadi Rum:<\/strong> tabere beduine, unde dormi direct \u00een de\u0219ert, a\u0219a c\u0103 nu conta pe standardul hotelier clasic.<\/li>\n\n\n\n<li><strong>Aqaba:<\/strong> destina\u021bie la Marea Ro\u0219ie, care ofer\u0103 hoteluri aproape de plaj\u0103 \u0219i condi\u021bii excelente pentru scufund\u0103ri.<\/li>\n<\/ul>\n\n\n\n<h3 id=\"Sfaturi_concrete_de_cazare\" class=\"wp-block-heading\"><span class=\"ez-toc-section\" id=\"Sfaturi_concrete_de_cazare\"><\/span>Sfaturi concrete de cazare<span class=\"ez-toc-section-end\"><\/span><\/h3>\n\n\n\n<ul class=\"wp-block-list\">\n<li><strong><a href=\"https:\/\/www.stay22.com\/allez\/roam?aid=lukaskonecny&amp;campaign=loudavymkrokemcz&amp;campaign=dovolena-jordansko&amp;hotelname=M%C3%B6venpick%20Resort%20Petra&amp;address=Wadi%20Musa%2C%20Jord%C3%A1nsko\" target=\"_blank\" rel=\"noopener nofollow sponsored\">M\u00f6venpick Resort Petra<\/a>:<\/strong> hotel superb \u00een ora\u0219ul Wadi Musa, situat chiar l\u00e2ng\u0103 intrarea principal\u0103 \u00een Petra.<\/li>\n\n\n\n<li><strong><a href=\"https:\/\/www.stay22.com\/allez\/roam?aid=lukaskonecny&amp;campaign=loudavymkrokemcz&amp;campaign=dovolena-jordansko&amp;hotelname=Petra%20Guest%20House%20Hotel&amp;address=Wadi%20Musa%2C%20Jord%C3%A1nsko\" target=\"_blank\" rel=\"noopener nofollow sponsored\">Petra Guest House Hotel<\/a>:<\/strong> cazare chiar l\u00e2ng\u0103 poarta ora\u0219ului de st\u00e2nc\u0103, unde g\u0103se\u0219ti un bar unic amenajat \u00eentr-o pe\u0219ter\u0103 nabatean\u0103.<\/li>\n\n\n\n<li><strong><a href=\"https:\/\/www.stay22.com\/allez\/roam?aid=lukaskonecny&amp;campaign=loudavymkrokemcz&amp;campaign=dovolena-jordansko&amp;hotelname=M%C3%B6venpick%20Resort%20%26%20Spa%20Dead%20Sea&amp;address=Sweimeh%2C%20Mrtv%C3%A9%20mo%C5%99e%2C%20Jord%C3%A1nsko\" target=\"_blank\" rel=\"noopener nofollow sponsored\">M\u00f6venpick Resort &amp; Spa Dead Sea<\/a>:<\/strong> resort mare \u0219i \u00eendr\u0103git la Marea Moart\u0103, cu plaj\u0103 proprie \u0219i recipiente cu n\u0103mol t\u0103m\u0103duitor.<\/li>\n\n\n\n<li><strong><a href=\"https:\/\/www.stay22.com\/allez\/roam?aid=lukaskonecny&amp;campaign=loudavymkrokemcz&amp;campaign=dovolena-jordansko&amp;hotelname=Kempinski%20Hotel%20Ishtar%20Dead%20Sea&amp;address=Sweimeh%2C%20Mrtv%C3%A9%20mo%C5%99e%2C%20Jord%C3%A1nsko\" target=\"_blank\" rel=\"noopener nofollow sponsored\">Kempinski Hotel Ishtar Dead Sea<\/a>:<\/strong> complex \u00eentins \u0219i luxos la Marea Moart\u0103, cu mai multe piscine \u0219i mult confort pentru oaspe\u021bi.<\/li>\n\n\n\n<li><strong><a href=\"https:\/\/www.stay22.com\/allez\/roam?aid=lukaskonecny&amp;campaign=loudavymkrokemcz&amp;campaign=dovolena-jordansko&amp;hotelname=Memories%20Aicha%20Luxury%20Camp&amp;address=Wadi%20Rum%2C%20Jord%C3%A1nsko\" target=\"_blank\" rel=\"noopener nofollow sponsored\">Memories Aicha Luxury Camp<\/a>:<\/strong> experien\u021b\u0103 excep\u021bional\u0103 \u00een Wadi Rum, cu bule din sticl\u0103 de unde ai noaptea o priveli\u0219te superb\u0103 spre stele.<\/li>\n\n\n\n<li><strong><a href=\"https:\/\/www.stay22.com\/allez\/roam?aid=lukaskonecny&amp;campaign=loudavymkrokemcz&amp;campaign=dovolena-jordansko&amp;hotelname=The%20Boutique%20Hotel%20Amman&amp;address=Amm%C3%A1n%2C%20Jord%C3%A1nsko\" target=\"_blank\" rel=\"noopener nofollow sponsored\">The Boutique Hotel Amman<\/a>:<\/strong> baz\u0103 lini\u0219tit\u0103 \u0219i accesibil\u0103 ca pre\u021b, situat\u0103 chiar \u00een centrul capitalei.<\/li>\n<\/ul>\n\n\n\n<h2 id=\"Ce_sa_mananci_in_Iordania\" class=\"wp-block-heading\"><span class=\"ez-toc-section\" id=\"Ce_sa_mananci_in_Iordania\"><\/span>Ce s\u0103 m\u0103n\u00e2nci \u00een Iordania<span class=\"ez-toc-section-end\"><\/span><\/h2>\n\n\n\n<p class=\"wp-block-paragraph\">Buc\u0103t\u0103ria local\u0103 e plin\u0103 de mirodenii \u0219i ingrediente proaspete, care se \u00eempart adesea la o singur\u0103 mas\u0103 mare, cu prietenii \u0219i familia. Dup\u0103 multe recenzii, e un <strong>adev\u0103rat rai pentru iubitorii de m\u00e2ncare<\/strong>, indiferent dac\u0103 preferi legumele sau cau\u021bi specialit\u0103\u021bi cu carne.<\/p>\n\n\n\n<figure data-wp-context=\"{&quot;imageId&quot;:&quot;6a955d0e27847&quot;}\" data-wp-interactive=\"core\/image\" data-wp-key=\"6a955d0e27847\" class=\"wp-block-image size-full wp-lightbox-container\"><img decoding=\"async\" width=\"1500\" height=\"1120\" data-wp-class--hide=\"state.isContentHidden\" data-wp-class--show=\"state.isContentVisible\" data-wp-init=\"callbacks.setButtonStyles\" data-wp-on--click=\"actions.showLightbox\" data-wp-on--load=\"callbacks.setButtonStyles\" data-wp-on--pointerdown=\"actions.preloadImage\" data-wp-on--pointerenter=\"actions.preloadImageWithDelay\" data-wp-on--pointerleave=\"actions.cancelPreload\" data-wp-on-window--resize=\"callbacks.setButtonStyles\" src=\"https:\/\/loudavymkrokem.cz\/wp-content\/uploads\/2026\/08\/dovolena-jordansko-food.jpg\" alt=\"Humus \u0219i mezze, baza buc\u0103t\u0103riei iordaniene\" class=\"wp-image-400060\" title=\"\" srcset=\"https:\/\/loudavymkrokem.cz\/wp-content\/uploads\/2026\/08\/dovolena-jordansko-food.jpg 1500w, https:\/\/loudavymkrokem.cz\/wp-content\/uploads\/2026\/08\/dovolena-jordansko-food-300x224.jpg 300w, https:\/\/loudavymkrokem.cz\/wp-content\/uploads\/2026\/08\/dovolena-jordansko-food-700x523.jpg 700w, https:\/\/loudavymkrokem.cz\/wp-content\/uploads\/2026\/08\/dovolena-jordansko-food-768x573.jpg 768w, https:\/\/loudavymkrokem.cz\/wp-content\/uploads\/2026\/08\/dovolena-jordansko-food-80x60.jpg 80w, https:\/\/loudavymkrokem.cz\/wp-content\/uploads\/2026\/08\/dovolena-jordansko-food-160x120.jpg 160w, https:\/\/loudavymkrokem.cz\/wp-content\/uploads\/2026\/08\/dovolena-jordansko-food-696x520.jpg 696w, https:\/\/loudavymkrokem.cz\/wp-content\/uploads\/2026\/08\/dovolena-jordansko-food-1392x1039.jpg 1392w\" sizes=\"(max-width: 1500px) 100vw, 1500px\" \/><button\n\t\t\tclass=\"lightbox-trigger\"\n\t\t\ttype=\"button\"\n\t\t\taria-haspopup=\"dialog\"\n\t\t\tdata-wp-bind--aria-label=\"state.thisImage.triggerButtonAriaLabel\"\n\t\t\tdata-wp-init=\"callbacks.initTriggerButton\"\n\t\t\tdata-wp-on--click=\"actions.showLightbox\"\n\t\t\tdata-wp-style--right=\"state.thisImage.buttonRight\"\n\t\t\tdata-wp-style--top=\"state.thisImage.buttonTop\"\n\t\t>\n\t\t\t<svg xmlns=\"http:\/\/www.w3.org\/2000\/svg\" width=\"12\" height=\"12\" fill=\"none\" viewBox=\"0 0 12 12\">\n\t\t\t\t<path fill=\"#fff\" d=\"M2 0a2 2 0 0 0-2 2v2h1.5V2a.5.5 0 0 1 .5-.5h2V0H2Zm2 10.5H2a.5.5 0 0 1-.5-.5V8H0v2a2 2 0 0 0 2 2h2v-1.5ZM8 12v-1.5h2a.5.5 0 0 0 .5-.5V8H12v2a2 2 0 0 1-2 2H8Zm2-12a2 2 0 0 1 2 2v2h-1.5V2a.5.5 0 0 0-.5-.5H8V0h2Z\" \/>\n\t\t\t<\/svg>\n\t\t<\/button><figcaption class=\"wp-element-caption\">Humus \u0219i mezze, baza buc\u0103t\u0103riei iordaniene (Foto: Israel.clinic \/ Wikimedia Commons, CC BY-SA 3.0)<\/figcaption><\/figure>\n\n\n\n<p class=\"wp-block-paragraph\">Masa tradi\u021bional\u0103 \u00eencepe de obicei cu a\u0219a-numitul mezze, adic\u0103 o <strong>gr\u0103mad\u0103 de boluri mici cu diverse aperitive<\/strong>. De\u0219i felul na\u021bional e mansaf, cu carne de miel \u0219i sos de iaurt, o specialitate local\u0103 tipic\u0103, noi ne bucur\u0103m mereu cel mai mult de selec\u021bia incredibil de variat\u0103 de feluri cu legume \u0219i leguminoase.<\/p>\n\n\n\n<ul class=\"wp-block-list\">\n<li><strong>Humus:<\/strong> crede-m\u0103 c\u0103 \u00een Orientul Mijlociu aceast\u0103 past\u0103 de n\u0103ut joac\u0103 \u00eentr-o cu totul alt\u0103 lig\u0103 dec\u00e2t cea din magazinul obi\u0219nuit.<\/li>\n\n\n\n<li><strong>Falafel:<\/strong> chiftele pr\u0103jite de n\u0103ut, care reprezint\u0103 aici un mic dejun absolut clasic \u0219i foarte \u00eendr\u0103git.<\/li>\n\n\n\n<li><strong>Mutabbal \u0219i baba ghanoush:<\/strong> paste excelente din vinete coapte, care se remarc\u0103 printr-un gust fin, afumat.<\/li>\n\n\n\n<li><strong>Fattoush \u0219i tabbouleh:<\/strong> salate proaspete \u0219i crocante, cu o mul\u021bime uria\u0219\u0103 de ierburi proaspete, ro\u0219ii \u0219i suc de l\u0103m\u00e2ie.<\/li>\n\n\n\n<li><strong>Manakish:<\/strong> lipie cald\u0103 pres\u0103rat\u0103 cu zaatar, adic\u0103 un amestec nespus de aromat de cimbru \u0219i susan.<\/li>\n\n\n\n<li><strong>Maqluba \u00een versiune vegetarian\u0103:<\/strong> tradi\u021bionala oal\u0103 r\u0103sturnat\u0103 de orez cu legume \u0219i mirodenii din bel\u0219ug.<\/li>\n\n\n\n<li><strong>Knafeh:<\/strong> desert dulce din br\u00e2nz\u0103 \u0219i aluat filat cu sirop, un clasic iordanian \u00eendr\u0103git \u00een toat\u0103 regiunea.<\/li>\n\n\n\n<li><strong>Ceaiul beduin cu salvie \u0219i ment\u0103:<\/strong> aceast\u0103 b\u0103utur\u0103 fierbinte \u0219i dulce se ofer\u0103 absolut peste tot \u0219i aproape c\u0103 nu po\u021bi s-o refuzi \ud83d\ude05.<\/li>\n<\/ul>\n\n\n\n<p class=\"wp-block-paragraph\">\ud83d\udca1 SFAT: \u00cen Iordania po\u021bi fi vegetarian foarte u\u0219or, pentru c\u0103 aperitivele locale mezze sunt \u00een mare parte pur vegetale \u0219i absolut delicioase.<\/p>\n\n\n\n<h2 id=\"Cat_costa_o_vacanta_in_Iordania\" class=\"wp-block-heading\"><span class=\"ez-toc-section\" id=\"Cat_costa_o_vacanta_in_Iordania\"><\/span>C\u00e2t cost\u0103 o vacan\u021b\u0103 \u00een Iordania<span class=\"ez-toc-section-end\"><\/span><\/h2>\n\n\n\n<p class=\"wp-block-paragraph\">O mul\u021bime de c\u0103l\u0103tori r\u0103m\u00e2n pu\u021bin \u00een \u0219oc c\u00e2nd afl\u0103 c\u0103 <strong>Iordania nu e deloc o destina\u021bie ieftin\u0103<\/strong>. Dinarul local (JOD) e printre cele mai puternice monede din lume (orientativ 1 \u20ac iese pe circa 8,2 lei \u0219i 1 USD e 7 lei, iar dinarul e legat fix de dolar). Intr\u0103rile la principalele obiective sunt destul de scumpe, a\u0219a c\u0103 preg\u0103te\u0219te-\u021bi dinainte o estimare orientativ\u0103 a bugetului.<\/p>\n\n\n\n<ul class=\"wp-block-list\">\n<li><strong>Bilete de avion cu escal\u0103:<\/strong> de la Bucure\u0219ti nu exist\u0103 zbor direct (se zboar\u0103 prin Istanbul, Viena sau Dubai), a\u0219a c\u0103 socote\u0219te cam 1 300\u20132 600 lei pentru ambele.<\/li>\n\n\n\n<li><strong>Jordan Pass:<\/strong> pentru dou\u0103 bilete de baz\u0103 pl\u0103te\u0219ti \u00een echivalent orientativ \u00een jur de 1 000\u20131 100 lei.<\/li>\n\n\n\n<li><strong>Cazare:<\/strong> pre\u021bul pentru un sejur de o s\u0103pt\u0103m\u00e2n\u0103 pentru dou\u0103 persoane se situeaz\u0103 de obicei \u00eentre 2 200 \u0219i 4 400 lei, \u00een func\u021bie de nivelul hotelurilor.<\/li>\n\n\n\n<li><strong>M\u00e2ncare:<\/strong> masa te va costa orientativ 1 100\u20132 200 lei, dac\u0103 combini de\u0219tept tarabele stradale \u0219i restaurantele clasice.<\/li>\n\n\n\n<li><strong>Transport \u0219i \u0219ofer sau ma\u0219in\u0103 \u00eenchiriat\u0103:<\/strong> \u00eenchirierea s\u0103pt\u0103m\u00e2nal\u0103 a unei ma\u0219ini cu benzin\u0103 cost\u0103 de obicei \u00een jur de 1 700\u20133 100 lei.<\/li>\n\n\n\n<li><strong>Excursii \u0219i tab\u0103ra beduin\u0103:<\/strong> jeepurile \u00een de\u0219ert \u0219i \u00eennoptarea pentru doi ies pe al\u021bi 900\u20131 700 lei.<\/li>\n<\/ul>\n\n\n\n<p class=\"wp-block-paragraph\">\ud83d\udca1 SFAT: Dac\u0103 vrei s\u0103 economise\u0219ti \u00eenc\u0103 de la \u00eenceputul planific\u0103rii, cite\u0219te articolul nostru despre <a href=\"https:\/\/loudavymkrokem.cz\/ro\/bilete-avion-ieftine\/\">cum s\u0103 g\u0103se\u0219ti bilete de avion ieftine<\/a>.<\/p>\n\n\n\n<h2 id=\"Transportul_prin_Iordania\" class=\"wp-block-heading\"><span class=\"ez-toc-section\" id=\"Transportul_prin_Iordania\"><\/span>Transportul prin Iordania<span class=\"ez-toc-section-end\"><\/span><\/h2>\n\n\n\n<p class=\"wp-block-paragraph\">Deplasarea prin \u021bar\u0103 e mult mai simpl\u0103 dec\u00e2t ar p\u0103rea la prima vedere de pe hart\u0103. Majoritatea oamenilor aleg <strong>o combina\u021bie de mijloace de transport diferite<\/strong>, ca s\u0103 vad\u0103 c\u00e2t mai multe locuri f\u0103r\u0103 stres inutil \u0219i f\u0103r\u0103 teama de a se r\u0103t\u0103ci.<\/p>\n\n\n\n<h3 id=\"Masina_inchiriata\" class=\"wp-block-heading\"><span class=\"ez-toc-section\" id=\"Masina_inchiriata\"><\/span>Ma\u0219ina \u00eenchiriat\u0103<span class=\"ez-toc-section-end\"><\/span><\/h3>\n\n\n\n<p class=\"wp-block-paragraph\">Condusul e aici destul de lejer \u0219i <strong>se circul\u0103 clasic pe dreapta<\/strong>, a\u0219a c\u0103 te obi\u0219nuie\u0219ti repede cu traficul. \u0218oselele dintre principalele locuri turistice sunt surprinz\u0103tor de bune \u0219i bine semnalizate inclusiv \u00een englez\u0103.<\/p>\n\n\n\n<p class=\"wp-block-paragraph\">Dac\u0103 porne\u0219ti spre sud, nu rata legendarul Drum al Regilor. E mult mai lent dec\u00e2t autostrada modern\u0103 principal\u0103, dar \u00ee\u021bi ofer\u0103 cele mai frumoase priveli\u0219ti spre canioanele ad\u00e2nci.<\/p>\n\n\n\n<h3 id=\"Sofer_sau_tur_organizat\" class=\"wp-block-heading\"><span class=\"ez-toc-section\" id=\"Sofer_sau_tur_organizat\"><\/span>\u0218ofer sau tur organizat<span class=\"ez-toc-section-end\"><\/span><\/h3>\n\n\n\n<p class=\"wp-block-paragraph\">Dac\u0103 nu te \u00eencume\u021bi s\u0103 conduci \u00eentr-o \u021bar\u0103 str\u0103in\u0103, \u00eenchirierea unei ma\u0219ini cu \u0219ofer local e aici o practic\u0103 foarte obi\u0219nuit\u0103. Se spune c\u0103 e o <strong>modalitate excelent\u0103 de a c\u0103l\u0103tori<\/strong>, prin care afli o mul\u021bime de lucruri interesante de la localnici \u0219i evi\u021bi urm\u0103rirea ne\u00eencetat\u0103 a naviga\u021biei.<\/p>\n\n\n\n<p class=\"wp-block-paragraph\">Drumul dintre Amman \u0219i Petra dureaz\u0103 aproximativ trei ore de mers, a\u0219a c\u0103 se poate face u\u0219or \u0219i \u00een cadrul unei excursii organizate de o zi. Mul\u021bi turi\u0219ti se laud\u0103 c\u0103 le-a economisit o gr\u0103mad\u0103 de b\u0103t\u0103i de cap organizatorice.<\/p>\n\n\n\n<h3 id=\"Autobuzele_JETT_si_taxiul\" class=\"wp-block-heading\"><span class=\"ez-toc-section\" id=\"Autobuzele_JETT_si_taxiul\"><\/span>Autobuzele JETT \u0219i taxiul<span class=\"ez-toc-section-end\"><\/span><\/h3>\n\n\n\n<p class=\"wp-block-paragraph\">Pentru c\u0103l\u0103toria \u00eentre ora\u0219ele mari func\u021bioneaz\u0103 excelent autobuzele confortabile ale companiei JETT, care leag\u0103 \u00een mod fiabil Amman, Petra \u0219i sudicul Aqaba. Biletele se pot cump\u0103ra online, iar vehiculele sunt de regul\u0103 complet climatizate.<\/p>\n\n\n\n<p class=\"wp-block-paragraph\">\u00cen ora\u0219e, uit\u0103 apoi de tocmelile \u00eendelungate cu taximetri\u0219tii de pe strad\u0103. Func\u021bioneaz\u0103 mult mai bine <strong>aplica\u021bia mobil\u0103 Careem<\/strong>, prin care \u00ee\u021bi chemi u\u0219or o ma\u0219in\u0103 \u0219i vezi dinainte clar pre\u021bul final al cursei.<\/p>\n\n\n\n<h2 id=\"La_ce_sa_fii_atent_in_Iordania\" class=\"wp-block-heading\"><span class=\"ez-toc-section\" id=\"La_ce_sa_fii_atent_in_Iordania\"><\/span>La ce s\u0103 fii atent \u00een Iordania<span class=\"ez-toc-section-end\"><\/span><\/h2>\n\n\n\n<p class=\"wp-block-paragraph\">Chiar dac\u0103 aceast\u0103 destina\u021bie e foarte primitoare cu turi\u0219tii, uneori te pot lua prin surprindere ni\u0219te m\u0103run\u021bi\u0219uri nepl\u0103cute. E mai bine s\u0103 te <strong>preg\u0103te\u0219ti dinainte pentru specificul local<\/strong>, ca s\u0103 te bucuri de vacan\u021b\u0103 c\u00e2t mai relaxat, f\u0103r\u0103 complica\u021bii inutile \u263a\ufe0f.<\/p>\n\n\n\n<ul class=\"wp-block-list\">\n<li><strong>C\u0103ldura \u0219i lipsa de umbr\u0103 la Petra:<\/strong> soarele \u0219tie s\u0103 fie aici nemilos, a\u0219a c\u0103 nu subestima rezervele mari de ap\u0103 \u0219i o p\u0103l\u0103rie.<\/li>\n\n\n\n<li><strong>Kilometrii parcur\u0219i:<\/strong> \u00een ora\u0219ul de st\u00e2nc\u0103 parcurgi \u00een mod obi\u0219nuit 12\u201315 km pe zi, de aceea ni\u0219te bocanci de drume\u021bie de calitate sunt o absolut\u0103 necesitate.<\/li>\n\n\n\n<li><strong>Ofertele de m\u0103g\u0103ru\u0219i \u0219i c\u0103mile la Petra:<\/strong> localnicii \u00ee\u021bi vor oferi ne\u00eencetat o curs\u0103, dar chestiunea bun\u0103st\u0103rii animalelor e aici foarte problematic\u0103 \u0219i majoritatea oamenilor nu o recomand\u0103.<\/li>\n\n\n\n<li><strong>Insisten\u021ba cu transportul \u0219i suvenirurile:<\/strong> v\u00e2nz\u0103torii \u0219tiu s\u0103 fie uneori insisten\u021bi, a\u0219a c\u0103 trebuie s\u0103 te \u00eenarmezi cu r\u0103bdare \u0219i s\u0103 \u00eenve\u021bi s\u0103 refuzi politicos.<\/li>\n\n\n\n<li><strong>Frigul din timpul nop\u021bii \u00een de\u0219ert:<\/strong> temperaturile din Wadi Rum scad brusc dup\u0103 apusul soarelui, chiar \u0219i \u00een lunile mai calde de prim\u0103var\u0103.<\/li>\n\n\n\n<li><strong>Regulile de la Marea Moart\u0103:<\/strong> b\u0103rbieritul cu o zi \u00eenainte e o idee proast\u0103, capul nu trebuie niciodat\u0103 b\u0103gat sub ap\u0103 \u0219i cu siguran\u021b\u0103 \u00ee\u021bi vor prinde bine ni\u0219te papuci de ap\u0103 \u00eempotriva cristalelor ascu\u021bite.<\/li>\n\n\n\n<li><strong>\u00cenchiderea Wadi Mujib dup\u0103 ploi:<\/strong> acest defileu acvatic \u00eendr\u0103git e adesea \u00eenchis din cauza pericolului de viituri fulger\u0103toare nea\u0219teptate.<\/li>\n\n\n\n<li><strong>Recomand\u0103rile actuale de siguran\u021b\u0103:<\/strong> av\u00e2nd \u00een vedere pozi\u021bia \u021b\u0103rii \u00een \u00eentreaga regiune, merit\u0103 s\u0103 urm\u0103re\u0219ti atent avertiz\u0103rile autorit\u0103\u021bilor competente.<\/li>\n<\/ul>\n\n\n\n<p class=\"wp-block-paragraph\">\u00cenainte de plecare, cite\u0219te mereu recomand\u0103rile actuale ale <a href=\"https:\/\/www.mae.ro\/travel-conditions\" target=\"_blank\" rel=\"nofollow noopener\">Ministerului Afacerilor Externe<\/a>.<\/p>\n\n\n\n<h2 id=\"Este_Iordania_sigura\" class=\"wp-block-heading\"><span class=\"ez-toc-section\" id=\"Este_Iordania_sigura\"><\/span>Este Iordania sigur\u0103?<span class=\"ez-toc-section-end\"><\/span><\/h2>\n\n\n\n<p class=\"wp-block-paragraph\">\u00centrebarea despre siguran\u021b\u0103 le vine \u00een minte cam tuturor celor care se uit\u0103 pe harta Orientului Mijlociu \u0219i v\u0103d statele din jur. Adev\u0103rul e \u00eens\u0103 c\u0103 acest regat <strong>se num\u0103r\u0103 de mult timp printre \u021b\u0103rile foarte stabile<\/strong> din \u00eentreaga regiune, iar zonele turistice sunt considerate absolut sigure. Criminalitatea fa\u021b\u0103 de str\u0103ini e extrem de sc\u0103zut\u0103, iar localnicii sunt, dimpotriv\u0103, incredibil de ospitalieri, s\u0103ritori \u0219i bucuro\u0219i s\u0103 ajute.<\/p>\n\n\n\n<p class=\"wp-block-paragraph\">\u00cen acela\u0219i timp, e o \u021bar\u0103 care se \u00eenvecineaz\u0103 direct cu zone destul de nelini\u0219tite, a\u0219a c\u0103 situa\u021bia de dincolo de grani\u021b\u0103 se poate schimba din c\u00e2nd \u00een c\u00e2nd. De aceea merit\u0103 mereu s\u0103 verifici recomand\u0103rile Ministerului Afacerilor Externe \u0219i s\u0103-\u021bi faci \u00eenainte de c\u0103l\u0103torie o <a href=\"https:\/\/loudavymkrokem.cz\/jak-vybrat-cestovni-pojisteni-na-dovolenou\/\">asigurare de c\u0103l\u0103torie<\/a> de \u00eencredere, care s\u0103 acopere \u00een siguran\u021b\u0103 \u0219i eventuala anulare a biletelor de avion \u0219i a caz\u0103rii.<\/p>\n\n\n\n<h2 id=\"Incotro_mai_departe_alte_sfaturi_pentru_calatorii_prin_istorie_si_desert\" class=\"wp-block-heading\"><span class=\"ez-toc-section\" id=\"Incotro_mai_departe_alte_sfaturi_pentru_calatorii_prin_istorie_si_desert\"><\/span>\u00cencotro mai departe: alte sfaturi pentru c\u0103l\u0103torii prin istorie \u0219i de\u0219ert<span class=\"ez-toc-section-end\"><\/span><\/h2>\n\n\n\n<p class=\"wp-block-paragraph\">Dac\u0103 te atrage lumea arab\u0103, dunele de nisip sau doar cau\u021bi <strong>inspira\u021bie pentru urm\u0103toarea ta evadare spre c\u0103ldur\u0103<\/strong>, avem preg\u0103tite pentru tine c\u00e2teva ghiduri utile \u00een plus.<\/p>\n\n\n\n<ul class=\"wp-block-list\">\n<li><a href=\"https:\/\/loudavymkrokem.cz\/ro\/vacanta-septembrie-idei\/\">Unde s\u0103 mergi \u00een vacan\u021b\u0103 \u00een septembrie<\/a><\/li>\n\n\n\n<li><a href=\"https:\/\/loudavymkrokem.cz\/ro\/vacante-egipt-idei\/\">Unde s\u0103 mergi \u00een vacan\u021b\u0103 \u00een Egipt<\/a><\/li>\n\n\n\n<li><a href=\"https:\/\/loudavymkrokem.cz\/ro\/vacanta-oman-locuri-vizitat\/\">Vacan\u021b\u0103 \u00een Oman<\/a><\/li>\n\n\n\n<li><a href=\"https:\/\/loudavymkrokem.cz\/ro\/bilete-avion-ieftine\/\">Cum s\u0103 g\u0103se\u0219ti bilete de avion ieftine<\/a><\/li>\n\n\n\n<li><a href=\"https:\/\/loudavymkrokem.cz\/jak-vybrat-cestovni-pojisteni-na-dovolenou\/\">Asigurare de c\u0103l\u0103torie<\/a><\/li>\n<\/ul>\n\n\n\n<h2 id=\"Intrebari_frecvente\" class=\"wp-block-heading\"><span class=\"ez-toc-section\" id=\"Intrebari_frecvente\"><\/span>\u00centreb\u0103ri frecvente<span class=\"ez-toc-section-end\"><\/span><\/h2>\n\n\n\n<p class=\"wp-block-paragraph\">Planificarea unei c\u0103l\u0103torii \u00een Orientul Mijlociu aduce mereu cu sine o gr\u0103mad\u0103 de \u00eentreb\u0103ri practice \u0219i detalii organizatorice. De aceea am adunat <strong>r\u0103spunsuri la cele mai frecvente lucruri<\/strong> pe care le rezolv\u0103 c\u0103l\u0103torii \u00eenainte de a cump\u0103ra biletele de avion.<\/p>\n\n\n<div id=\"rank-math-faq\" class=\"rank-math-block\">\n<div class=\"rank-math-list \">\n<div id=\"faq-question-1787758998000\" class=\"rank-math-list-item\">\n<h3 class=\"rank-math-question \"><span class=\"ez-toc-section\" id=\"Cand_este_cel_mai_bun_moment_pentru_a_merge_in_Iordania\"><\/span>C\u00e2nd este cel mai bun moment pentru a merge \u00een Iordania?<span class=\"ez-toc-section-end\"><\/span><\/h3>\n<div class=\"rank-math-answer \">\n\n<p>Perioada ideal\u0103 pentru a vizita aceast\u0103 \u021bar\u0103 este martie-mai \u00een prim\u0103var\u0103 \u0219i apoi septembrie-noiembrie \u00een toamn\u0103. \u00cen aceste luni temperaturile sunt pl\u0103cute, permi\u021b\u00e2nd plimb\u0103ri lungi prin obiectivele turistice \u0219i un somn confortabil \u00een taberele din de\u0219ert. Dimpotriv\u0103, c\u0103l\u0103torii experimenta\u021bi recomand\u0103 s\u0103 evi\u021bi lunile de var\u0103, deoarece temperaturile ating valori extreme. De exemplu, \u00een iulie temperatura medie \u00een Petra este de 33,6 \u00b0C, iar la Marea Moart\u0103 ajunge chiar la 38,5 \u00b0C, ceea ce face din vizitare o experien\u021b\u0103 cu adev\u0103rat epuizant\u0103. Lunile de iarn\u0103 pot aduce, la r\u00e2ndul lor, nop\u021bi reci \u0219i ploi ocazionale.<\/p>\n\n<\/div>\n<\/div>\n<div id=\"faq-question-1787758998001\" class=\"rank-math-list-item\">\n<h3 class=\"rank-math-question \"><span class=\"ez-toc-section\" id=\"Merita_Jordan_Pass\"><\/span>Merit\u0103 Jordan Pass?<span class=\"ez-toc-section-end\"><\/span><\/h3>\n<div class=\"rank-math-answer \">\n\n<p>Acest card turistic special merit\u0103 practic \u00eentotdeauna c\u00e2nd mergi la Petra \u0219i r\u0103m\u00e2i \u00een \u021bar\u0103 cel pu\u021bin 3 nop\u021bi. Principalul s\u0103u avantaj este c\u0103 \u00ee\u021bi scute\u0219te complet de taxa de viz\u0103 turistic\u0103 \u0219i \u00een acela\u0219i timp include intrare gratuit\u0103 la peste 40 de obiective turistice. Se cump\u0103r\u0103 u\u0219or online \u00eenainte de zbor \u0219i apoi e suficient s\u0103-l ar\u0103\u021bi \u00een telefon. Av\u00e2nd \u00een vedere c\u0103 doar intrarea \u00een ora\u0219ul s\u0103pat \u00een st\u00e2nc\u0103 cost\u0103 o sum\u0103 considerabil\u0103, prin achizi\u021bionarea acestui document economise\u0219ti o mare parte din buget chiar din primele zile de vacan\u021b\u0103. Asigur\u0103-te \u00eens\u0103 s\u0103 verifici condi\u021bia privind num\u0103rul minim de \u00eennopt\u0103ri.<\/p>\n\n<\/div>\n<\/div>\n<div id=\"faq-question-1787758998002\" class=\"rank-math-list-item\">\n<h3 class=\"rank-math-question \"><span class=\"ez-toc-section\" id=\"Cate_zile_am_nevoie_pentru_Iordania\"><\/span>C\u00e2te zile am nevoie pentru Iordania?<span class=\"ez-toc-section-end\"><\/span><\/h3>\n<div class=\"rank-math-answer \">\n\n<p>Minimul absolut pentru a vizita rapid cele mai importante locuri este de 5 zile, dar durata ideal\u0103 pentru o vacan\u021b\u0103 confortabil\u0103 se situeaz\u0103 mai degrab\u0103 \u00eentre 7 \u0219i 10 zile. \u00centr-o s\u0103pt\u0103m\u00e2n\u0103 vei putea vizita Amman, Marea Moart\u0103, Petra \u0219i s\u0103 dormi \u00een Wadi Rum f\u0103r\u0103 grab\u0103 mare. Dac\u0103 adaugi \u00eenc\u0103 trei zile, \u00ee\u021bi po\u021bi permite \u0219i relaxare la Marea Ro\u0219ie \u00een Aqaba sau explorarea castelelor cruciate mai pu\u021bin cunoscute. Pentru Petra \u00een sine calculeaz\u0103 cu siguran\u021b\u0103 o zi \u00eentreag\u0103, dar mul\u021bi oameni laud\u0103 faptul c\u0103 pentru o explorare serioas\u0103 a sitului sunt mult mai bune dou\u0103 zile.<\/p>\n\n<\/div>\n<\/div>\n<div id=\"faq-question-1787758998003\" class=\"rank-math-list-item\">\n<h3 class=\"rank-math-question \"><span class=\"ez-toc-section\" id=\"Cat_timp_am_nevoie_pentru_Petra\"><\/span>C\u00e2t timp am nevoie pentru Petra?<span class=\"ez-toc-section-end\"><\/span><\/h3>\n<div class=\"rank-math-answer \">\n\n<p>Pentru o vizitare de baz\u0103 vei avea nevoie de minimum o zi \u00eentreag\u0103, timp \u00een care vei putea parcurge confortabil traseul principal prin vale \u0219i s\u0103 vezi cele mai cunoscute morminte. Dar dac\u0103 vrei s\u0103 explorezi situl mai \u00een profunzime \u0219i s\u0103 urci \u0219i la m\u0103n\u0103stirea mai \u00eendep\u0103rtat\u0103 Ad-Deir, sunt recomandate dou\u0103 zile. \u021aine cont c\u0103 terenul este foarte \u00eentins \u0219i se urc\u0103 mult la deal. \u00cen mod obi\u0219nuit preg\u0103te\u0219te-te s\u0103 parcurgi aproximativ 12-15 km pe zi \u00een soare direct, a\u0219a c\u0103 este mult mai bine s\u0103 \u00eempar\u021bi vizita \u00een mod inteligent.<\/p>\n\n<\/div>\n<\/div>\n<div id=\"faq-question-1787758998004\" class=\"rank-math-list-item\">\n<h3 class=\"rank-math-question \"><span class=\"ez-toc-section\" id=\"Este_Iordania_sigura-2\"><\/span>Este Iordania sigur\u0103?<span class=\"ez-toc-section-end\"><\/span><\/h3>\n<div class=\"rank-math-answer \">\n\n<p>Da, zonele turistice apar\u021bin pe termen lung celor mai sigure din \u00eentreaga regiune. \u021aara are un guvern stabil \u0219i for\u021bele de securitate supravegheaz\u0103 cu mare aten\u021bie ca nimic s\u0103 nu li se \u00eent\u00e2mple str\u0103inilor. Criminalitatea obi\u0219nuit\u0103 \u00eendreptat\u0103 \u00eempotriva turi\u0219tilor este absolut minim\u0103 \u0219i localnicii sunt renumi\u021bi pentru ospitalitatea lor cald\u0103. Cu toate acestea, este important s\u0103 nu uit\u0103m c\u0103 \u021bara se afl\u0103 \u00een vecin\u0103tatea unor zone instabile. A\u0219adar, \u00eenainte de fiecare c\u0103l\u0103torie urm\u0103re\u0219te pentru siguran\u021b\u0103 recomand\u0103rile actuale ale Ministerului Afacerilor Externe, pentru a fi la curent cu eventualele schimb\u0103ri sau avertismente locale.<\/p>\n\n<\/div>\n<\/div>\n<div id=\"faq-question-1787758998005\" class=\"rank-math-list-item\">\n<h3 class=\"rank-math-question \"><span class=\"ez-toc-section\" id=\"Se_poate_face_baie_in_Iordania\"><\/span>Se poate face baie \u00een Iordania?<span class=\"ez-toc-section-end\"><\/span><\/h3>\n<div class=\"rank-math-answer \">\n\n<p>\u00cenotul este cu siguran\u021b\u0103 posibil aici, dar trebuie s\u0103 \u0219tii exact unde s\u0103 mergi. \u00cenotul clasic \u0219i sporturile nautice le po\u021bi practica \u00een Aqaba la Marea Ro\u0219ie, unde te po\u021bi sc\u0103lda tot anul \u0219i temperatura apei nici iarna nu scade sub 21,4 \u00b0C. Spre deosebire de aceasta, faimoasa Mare Moart\u0103 este mai degrab\u0103 o experien\u021b\u0103 unic\u0103 dec\u00e2t \u00eenotul tradi\u021bional. Din cauza con\u021binutului extrem de ridicat de sare nu po\u021bi deloc s\u0103 \u00eeno\u021bi \u00een ea, apa pur \u0219i simplu te men\u021bine la suprafa\u021b\u0103 \u0219i tu te legeni confortabil pe val. Mai mult, trebuie s\u0103 intri \u00een ap\u0103 foarte atent, ca s\u0103 nu-\u021bi strope\u0219ti ochii.<\/p>\n\n<\/div>\n<\/div>\n<div id=\"faq-question-1787758998006\" class=\"rank-math-list-item\">\n<h3 class=\"rank-math-question \"><span class=\"ez-toc-section\" id=\"Am_nevoie_de_viza_pentru_Iordania\"><\/span>Am nevoie de viz\u0103 pentru Iordania?<span class=\"ez-toc-section-end\"><\/span><\/h3>\n<div class=\"rank-math-answer \">\n\n<p>Da, pentru intrarea \u00een \u021bar\u0103 viza turistic\u0103 este obligatorie, dar exist\u0103 o modalitate foarte simpl\u0103 de a evita plata acesteia. Dac\u0103 achizi\u021bionezi \u00een avans online Jordan Pass-ul men\u021bionat \u0219i petreci \u00een regat cel pu\u021bin 3 nop\u021bi, taxa de viz\u0103 \u00ee\u021bi este anulat\u0103 automat. La aeroport ar\u0103\u021bi doar codul QR \u0219i prime\u0219ti \u0219tampila \u00een pa\u0219aport. Dac\u0103 ai dormi \u00een \u021bar\u0103 mai pu\u021bine nop\u021bi, ar trebui s\u0103 pl\u0103te\u0219ti viza \u00een mod standard la sosire. \u00cen orice caz, verific\u0103 \u00eentotdeauna condi\u021biile actuale de intrare \u00eenainte de c\u0103l\u0103torie, deoarece regulile birocratice se schimb\u0103 uneori.<\/p>\n\n<\/div>\n<\/div>\n<div id=\"faq-question-1787758998007\" class=\"rank-math-list-item\">\n<h3 class=\"rank-math-question \"><span class=\"ez-toc-section\" id=\"Pot_manca_vegetarienii_in_Iordania\"><\/span>Pot m\u00e2nca vegetarienii \u00een Iordania?<span class=\"ez-toc-section-end\"><\/span><\/h3>\n<div class=\"rank-math-answer \">\n\n<p>F\u0103r\u0103 nicio problem\u0103, aceast\u0103 destina\u021bie este extrem de prietenoas\u0103 cu persoanele care urmeaz\u0103 o alimenta\u021bie pe baz\u0103 de plante \u0219i se g\u0103te\u0219te foarte bine aici. Aperitivele tradi\u021bionale arabe numite mezze sunt de fapt \u00een mare parte complet vegetale. Te po\u021bi bucura de un hummus excelent \u0219i autentic, falafel crocant, mutabbal de vinete sau salata r\u0103coritoare fattoush. La toate acestea se serve\u0219te o pl\u0103cint\u0103 cald\u0103 manakish cu condimente. E suficient s\u0103 comenzi \u00een restaurant c\u00e2teva dintre aceste boluri mici \u0219i ob\u021bii un osp\u0103\u021b uria\u0219. Mul\u021bi c\u0103l\u0103tori sunt de acord c\u0103 tocmai aceste delicatese f\u0103r\u0103 carne sunt printre cele mai bune \u00een absolut.<\/p>\n\n<\/div>\n<\/div>\n<\/div>\n<\/div>","protected":false},"excerpt":{"rendered":"<p>Te atrage o vacan\u021b\u0103 \u00een Iordania plin\u0103 de monumente antice \u0219i frumuse\u021bi de\u0219ertice? Afl\u0103 tot despre siguran\u021b\u0103, buget \u0219i sfaturi pentru un itinerar perfect al c\u0103l\u0103toriei tale.<\/p>\n","protected":false},"author":3,"featured_media":400015,"comment_status":"open","ping_status":"open","sticky":false,"template":"","format":"standard","meta":{"_acf_changed":false,"footnotes":"","rank_math_title":"Vacan\u021b\u0103 \u00een Iordania: 20 de sfaturi de la Petra la Wadi Rum","rank_math_description":"Vacan\u021b\u0103 \u00een Iordania: ghid complet cu 20 de locuri de la Petra la Wadi Rum, tabele cu vremea, itinerar \u0219i buget. Planific\u0103-\u021bi acum c\u0103l\u0103toria perfect\u0103!","rank_math_focus_keyword":"iordania","rank_math_seo_score":""},"categories":[2007,2015],"tags":[],"class_list":["post-409584","post","type-post","status-publish","format-standard","has-post-thumbnail","category-asia","category-calatorii"],"acf":[],"featured_image_src":"https:\/\/loudavymkrokem.cz\/wp-content\/uploads\/2026\/08\/dovolena-jordansko-hero.jpg","author_info":{"display_name":"Lucie Kone\u010dn\u00e1","author_link":"https:\/\/loudavymkrokem.cz\/ro\/author\/lucie-konecna\/"},"_links":{"self":[{"href":"https:\/\/loudavymkrokem.cz\/ro\/wp-json\/wp\/v2\/posts\/409584","targetHints":{"allow":["GET"]}}],"collection":[{"href":"https:\/\/loudavymkrokem.cz\/ro\/wp-json\/wp\/v2\/posts"}],"about":[{"href":"https:\/\/loudavymkrokem.cz\/ro\/wp-json\/wp\/v2\/types\/post"}],"author":[{"embeddable":true,"href":"https:\/\/loudavymkrokem.cz\/ro\/wp-json\/wp\/v2\/users\/3"}],"replies":[{"embeddable":true,"href":"https:\/\/loudavymkrokem.cz\/ro\/wp-json\/wp\/v2\/comments?post=409584"}],"version-history":[{"count":2,"href":"https:\/\/loudavymkrokem.cz\/ro\/wp-json\/wp\/v2\/posts\/409584\/revisions"}],"predecessor-version":[{"id":409586,"href":"https:\/\/loudavymkrokem.cz\/ro\/wp-json\/wp\/v2\/posts\/409584\/revisions\/409586"}],"wp:featuredmedia":[{"embeddable":true,"href":"https:\/\/loudavymkrokem.cz\/ro\/wp-json\/wp\/v2\/media\/400015"}],"wp:attachment":[{"href":"https:\/\/loudavymkrokem.cz\/ro\/wp-json\/wp\/v2\/media?parent=409584"}],"wp:term":[{"taxonomy":"category","embeddable":true,"href":"https:\/\/loudavymkrokem.cz\/ro\/wp-json\/wp\/v2\/categories?post=409584"},{"taxonomy":"post_tag","embeddable":true,"href":"https:\/\/loudavymkrokem.cz\/ro\/wp-json\/wp\/v2\/tags?post=409584"}],"curies":[{"name":"wp","href":"https:\/\/api.w.org\/{rel}","templated":true}]}}