{"id":409573,"date":"2026-08-29T20:24:18","date_gmt":"2026-08-29T18:24:18","guid":{"rendered":"https:\/\/loudavymkrokem.cz\/tartu-estonia-de-vazut\/"},"modified":"2026-08-31T10:33:48","modified_gmt":"2026-08-31T08:33:48","slug":"tartu-estonia-de-vazut","status":"publish","type":"post","link":"https:\/\/loudavymkrokem.cz\/ro\/tartu-estonia-de-vazut\/","title":{"rendered":"Tartu, Estonia: 12 lucruri de v\u0103zut \u00een inima studen\u021beasc\u0103 a \u021b\u0103rii (2026)"},"content":{"rendered":"\n<p class=\"wp-block-paragraph\">\u00cen timp ce Tallinn se aglomereaz\u0103 adesea \u00een timpul zilei cu turi\u0219ti de pe vasele de croazier\u0103, Tartu, Estonia tr\u0103ie\u0219te \u00eentr-un ritm complet diferit. Acest <strong>al doilea cel mai mare ora\u0219 al Estoniei<\/strong> se afl\u0103 la aproximativ dou\u0103 ore de mers spre sud \u0219i apar\u021bine \u00een primul r\u00e2nd studen\u021bilor. Vei g\u0103si aici o atmosfer\u0103 mult mai relaxat\u0103, care te prinde imediat \u00een ritmul ei lini\u0219tit.<\/p>\n\n\n\n<p class=\"wp-block-paragraph\">I se spune ora\u0219ul g\u00e2ndurilor bune, iar universitatea local\u0103, <strong>fondat\u0103 \u00eenc\u0103 din 1632<\/strong>, \u00eel transform\u0103 \u00eentr-o adev\u0103rat\u0103 inim\u0103 intelectual\u0103 a \u021b\u0103rii. Turi\u0219tii nu se \u00eenghesuie prea mult aici, dar tocmai de aceea, potrivit multor c\u0103l\u0103tori, te a\u0219teapt\u0103 o experien\u021b\u0103 cu at\u00e2t mai autentic\u0103. Nu duci lips\u0103 de cafenele grozave, parcuri superbe \u0219i o arhitectur\u0103 pe care nu ai mai v\u0103zut-o de o mie de ori.<\/p>\n\n\n\n<p class=\"wp-block-paragraph\">\u00ce\u021bi dau <strong>12 sfaturi<\/strong> despre ce nu trebuie s\u0103 ratezi \u00een ora\u0219 \u2014 de la cafenelele din cur\u021bile creative p\u00e2n\u0103 la muzeul care te las\u0103 cu gura c\u0103scat\u0103. \u0218i \u00ee\u021bi spun \u0219i cum ajungi cel mai bine aici, <strong>c\u00e2t timp s\u0103-\u021bi rezervi pentru vizit\u0103<\/strong> \u0219i unde s\u0103 te cazezi strategic, ca s\u0103 ai totul la \u00eendem\u00e2n\u0103.<\/p>\n\n\n\n<figure data-wp-context=\"{&quot;imageId&quot;:&quot;6a955bd950113&quot;}\" data-wp-interactive=\"core\/image\" data-wp-key=\"6a955bd950113\" class=\"wp-block-image size-full wp-lightbox-container\"><img decoding=\"async\" width=\"1800\" height=\"872\" data-wp-class--hide=\"state.isContentHidden\" data-wp-class--show=\"state.isContentVisible\" data-wp-init=\"callbacks.setButtonStyles\" data-wp-on--click=\"actions.showLightbox\" data-wp-on--load=\"callbacks.setButtonStyles\" data-wp-on--pointerdown=\"actions.preloadImage\" data-wp-on--pointerenter=\"actions.preloadImageWithDelay\" data-wp-on--pointerleave=\"actions.cancelPreload\" data-wp-on-window--resize=\"callbacks.setButtonStyles\" src=\"https:\/\/loudavymkrokem.cz\/wp-content\/uploads\/2026\/07\/estonsko-clanky-tartu-co-videt-01.jpg\" alt=\"Pia\u021ba prim\u0103riei din Tartu\" class=\"wp-image-350586\" title=\"\" srcset=\"https:\/\/loudavymkrokem.cz\/wp-content\/uploads\/2026\/07\/estonsko-clanky-tartu-co-videt-01.jpg 1800w, https:\/\/loudavymkrokem.cz\/wp-content\/uploads\/2026\/07\/estonsko-clanky-tartu-co-videt-01-300x145.jpg 300w, https:\/\/loudavymkrokem.cz\/wp-content\/uploads\/2026\/07\/estonsko-clanky-tartu-co-videt-01-700x339.jpg 700w, https:\/\/loudavymkrokem.cz\/wp-content\/uploads\/2026\/07\/estonsko-clanky-tartu-co-videt-01-768x372.jpg 768w, https:\/\/loudavymkrokem.cz\/wp-content\/uploads\/2026\/07\/estonsko-clanky-tartu-co-videt-01-1536x744.jpg 1536w, https:\/\/loudavymkrokem.cz\/wp-content\/uploads\/2026\/07\/estonsko-clanky-tartu-co-videt-01-696x337.jpg 696w, https:\/\/loudavymkrokem.cz\/wp-content\/uploads\/2026\/07\/estonsko-clanky-tartu-co-videt-01-1392x674.jpg 1392w\" sizes=\"(max-width: 1800px) 100vw, 1800px\" \/><button\n\t\t\tclass=\"lightbox-trigger\"\n\t\t\ttype=\"button\"\n\t\t\taria-haspopup=\"dialog\"\n\t\t\tdata-wp-bind--aria-label=\"state.thisImage.triggerButtonAriaLabel\"\n\t\t\tdata-wp-init=\"callbacks.initTriggerButton\"\n\t\t\tdata-wp-on--click=\"actions.showLightbox\"\n\t\t\tdata-wp-style--right=\"state.thisImage.buttonRight\"\n\t\t\tdata-wp-style--top=\"state.thisImage.buttonTop\"\n\t\t>\n\t\t\t<svg xmlns=\"http:\/\/www.w3.org\/2000\/svg\" width=\"12\" height=\"12\" fill=\"none\" viewBox=\"0 0 12 12\">\n\t\t\t\t<path fill=\"#fff\" d=\"M2 0a2 2 0 0 0-2 2v2h1.5V2a.5.5 0 0 1 .5-.5h2V0H2Zm2 10.5H2a.5.5 0 0 1-.5-.5V8H0v2a2 2 0 0 0 2 2h2v-1.5ZM8 12v-1.5h2a.5.5 0 0 0 .5-.5V8H12v2a2 2 0 0 1-2 2H8Zm2-12a2 2 0 0 1 2 2v2h-1.5V2a.5.5 0 0 0-.5-.5H8V0h2Z\" \/>\n\t\t\t<\/svg>\n\t\t<\/button><figcaption class=\"wp-element-caption\">Foto: Cayambe \/ Wikimedia Commons, CC BY-SA 4.0<\/figcaption><\/figure>\n\n\n\n<div id=\"ez-toc-container\" class=\"ez-toc-v2_0_86 ez-toc-wrap-left counter-hierarchy ez-toc-counter ez-toc-grey ez-toc-container-direction\">\n<div class=\"ez-toc-title-container\">\n<p class=\"ez-toc-title\" style=\"cursor:inherit\">Cuprinsul articolului<\/p>\n<span class=\"ez-toc-title-toggle\"><a href=\"#\" class=\"ez-toc-pull-right ez-toc-btn ez-toc-btn-xs ez-toc-btn-default ez-toc-toggle\" aria-label=\"Toggle Table of Content\"><span class=\"ez-toc-js-icon-con\"><span class=\"\"><span class=\"eztoc-hide\" style=\"display:none;\">Toggle<\/span><span class=\"ez-toc-icon-toggle-span\"><svg style=\"fill: #999;color:#999\" xmlns=\"http:\/\/www.w3.org\/2000\/svg\" class=\"list-377408\" width=\"20px\" height=\"20px\" viewBox=\"0 0 24 24\" fill=\"none\"><path d=\"M6 6H4v2h2V6zm14 0H8v2h12V6zM4 11h2v2H4v-2zm16 0H8v2h12v-2zM4 16h2v2H4v-2zm16 0H8v2h12v-2z\" fill=\"currentColor\"><\/path><\/svg><svg style=\"fill: #999;color:#999\" class=\"arrow-unsorted-368013\" xmlns=\"http:\/\/www.w3.org\/2000\/svg\" width=\"10px\" height=\"10px\" viewBox=\"0 0 24 24\" version=\"1.2\" baseProfile=\"tiny\"><path d=\"M18.2 9.3l-6.2-6.3-6.2 6.3c-.2.2-.3.4-.3.7s.1.5.3.7c.2.2.4.3.7.3h11c.3 0 .5-.1.7-.3.2-.2.3-.5.3-.7s-.1-.5-.3-.7zM5.8 14.7l6.2 6.3 6.2-6.3c.2-.2.3-.5.3-.7s-.1-.5-.3-.7c-.2-.2-.4-.3-.7-.3h-11c-.3 0-.5.1-.7.3-.2.2-.3.5-.3.7s.1.5.3.7z\"\/><\/svg><\/span><\/span><\/span><\/a><\/span><\/div>\n<nav><ul class='ez-toc-list ez-toc-list-level-1 ' ><ul class='ez-toc-list-level-3' ><li class='ez-toc-heading-level-3'><a class=\"ez-toc-link ez-toc-heading-1\" href=\"https:\/\/loudavymkrokem.cz\/ro\/tartu-estonia-de-vazut\/#Rezumat\" >Rezumat<\/a><\/li><\/ul><\/li><li class='ez-toc-page-1 ez-toc-heading-level-2'><a class=\"ez-toc-link ez-toc-heading-2\" href=\"https:\/\/loudavymkrokem.cz\/ro\/tartu-estonia-de-vazut\/#Cand_sa_vizitezi_Tartu\" >C\u00e2nd s\u0103 vizitezi Tartu<\/a><\/li><li class='ez-toc-page-1 ez-toc-heading-level-2'><a class=\"ez-toc-link ez-toc-heading-3\" href=\"https:\/\/loudavymkrokem.cz\/ro\/tartu-estonia-de-vazut\/#Cum_ajungi_in_Tartu\" >Cum ajungi \u00een Tartu<\/a><\/li><li class='ez-toc-page-1 ez-toc-heading-level-2'><a class=\"ez-toc-link ez-toc-heading-4\" href=\"https:\/\/loudavymkrokem.cz\/ro\/tartu-estonia-de-vazut\/#Unde_sa_te_cazezi_in_Tartu\" >Unde s\u0103 te cazezi \u00een Tartu<\/a><\/li><li class='ez-toc-page-1 ez-toc-heading-level-2'><a class=\"ez-toc-link ez-toc-heading-5\" href=\"https:\/\/loudavymkrokem.cz\/ro\/tartu-estonia-de-vazut\/#12_lucruri_de_vazut_si_de_trait_in_Tartu_Estonia\" >12 lucruri de v\u0103zut \u0219i de tr\u0103it \u00een Tartu, Estonia<\/a><ul class='ez-toc-list-level-3' ><li class='ez-toc-heading-level-3'><a class=\"ez-toc-link ez-toc-heading-6\" href=\"https:\/\/loudavymkrokem.cz\/ro\/tartu-estonia-de-vazut\/#1_Piata_Primariei_si_fantana_cu_studentii_care_se_saruta\" >1. Pia\u021ba Prim\u0103riei \u0219i f\u00e2nt\u00e2na cu studen\u021bii care se s\u0103rut\u0103<\/a><\/li><li class='ez-toc-page-1 ez-toc-heading-level-3'><a class=\"ez-toc-link ez-toc-heading-7\" href=\"https:\/\/loudavymkrokem.cz\/ro\/tartu-estonia-de-vazut\/#2_Cladirea_principala_a_universitatii_si_carcerul_istoric\" >2. Cl\u0103direa principal\u0103 a universit\u0103\u021bii \u0219i carcerul istoric<\/a><\/li><li class='ez-toc-page-1 ez-toc-heading-level-3'><a class=\"ez-toc-link ez-toc-heading-8\" href=\"https:\/\/loudavymkrokem.cz\/ro\/tartu-estonia-de-vazut\/#3_Dealul_Toomemagi_si_ruinele_catedralei_gotice\" >3. Dealul Toomem\u00e4gi \u0219i ruinele catedralei gotice<\/a><\/li><li class='ez-toc-page-1 ez-toc-heading-level-3'><a class=\"ez-toc-link ez-toc-heading-9\" href=\"https:\/\/loudavymkrokem.cz\/ro\/tartu-estonia-de-vazut\/#4_Podul_Ingerului_si_Podul_Diavolului_pline_de_superstitii\" >4. Podul \u00cengerului \u0219i Podul Diavolului, pline de supersti\u021bii<\/a><\/li><li class='ez-toc-page-1 ez-toc-heading-level-3'><a class=\"ez-toc-link ez-toc-heading-10\" href=\"https:\/\/loudavymkrokem.cz\/ro\/tartu-estonia-de-vazut\/#5_Centrul_stiintific_AHHAA\" >5. Centrul \u0219tiin\u021bific AHHAA<\/a><\/li><li class='ez-toc-page-1 ez-toc-heading-level-3'><a class=\"ez-toc-link ez-toc-heading-11\" href=\"https:\/\/loudavymkrokem.cz\/ro\/tartu-estonia-de-vazut\/#6_Muzeul_National_Estonian_ERM\" >6. Muzeul Na\u021bional Estonian (ERM)<\/a><\/li><li class='ez-toc-page-1 ez-toc-heading-level-3'><a class=\"ez-toc-link ez-toc-heading-12\" href=\"https:\/\/loudavymkrokem.cz\/ro\/tartu-estonia-de-vazut\/#7_Cartierul_de_lemn_Supilinn_Orasul-Supa\" >7. Cartierul de lemn Supilinn (Ora\u0219ul-Sup\u0103)<\/a><\/li><li class='ez-toc-page-1 ez-toc-heading-level-3'><a class=\"ez-toc-link ez-toc-heading-13\" href=\"https:\/\/loudavymkrokem.cz\/ro\/tartu-estonia-de-vazut\/#8_Centrul_creativ_Aparaaditehas\" >8. Centrul creativ Aparaaditehas<\/a><\/li><li class='ez-toc-page-1 ez-toc-heading-level-3'><a class=\"ez-toc-link ez-toc-heading-14\" href=\"https:\/\/loudavymkrokem.cz\/ro\/tartu-estonia-de-vazut\/#9_Raul_Emajogi_si_podul_arcuit_Kaarsild\" >9. R\u00e2ul Emaj\u00f5gi \u0219i podul arcuit Kaarsild<\/a><\/li><li class='ez-toc-page-1 ez-toc-heading-level-3'><a class=\"ez-toc-link ez-toc-heading-15\" href=\"https:\/\/loudavymkrokem.cz\/ro\/tartu-estonia-de-vazut\/#10_Gradina_botanica_a_universitatii\" >10. Gr\u0103dina botanic\u0103 a universit\u0103\u021bii<\/a><\/li><li class='ez-toc-page-1 ez-toc-heading-level-3'><a class=\"ez-toc-link ez-toc-heading-16\" href=\"https:\/\/loudavymkrokem.cz\/ro\/tartu-estonia-de-vazut\/#11_Observatorul_din_Tartu_pe_lista_UNESCO\" >11. Observatorul din Tartu, pe lista UNESCO<\/a><\/li><li class='ez-toc-page-1 ez-toc-heading-level-3'><a class=\"ez-toc-link ez-toc-heading-17\" href=\"https:\/\/loudavymkrokem.cz\/ro\/tartu-estonia-de-vazut\/#12_Pussirohukelder_Pulberaria_cu_tavanul_record\" >12. P\u00fcssirohukelder (Pulber\u0103ria) cu tavanul record<\/a><\/li><\/ul><\/li><li class='ez-toc-page-1 ez-toc-heading-level-2'><a class=\"ez-toc-link ez-toc-heading-18\" href=\"https:\/\/loudavymkrokem.cz\/ro\/tartu-estonia-de-vazut\/#Ce_a_ramas_in_Tartu_dupa_titlul_de_Capitala_Europeana_a_Culturii\" >Ce a r\u0103mas \u00een Tartu dup\u0103 titlul de Capital\u0103 European\u0103 a Culturii<\/a><\/li><li class='ez-toc-page-1 ez-toc-heading-level-2'><a class=\"ez-toc-link ez-toc-heading-19\" href=\"https:\/\/loudavymkrokem.cz\/ro\/tartu-estonia-de-vazut\/#Excursii_din_Tartu\" >Excursii din Tartu<\/a><\/li><li class='ez-toc-page-1 ez-toc-heading-level-2'><a class=\"ez-toc-link ez-toc-heading-20\" href=\"https:\/\/loudavymkrokem.cz\/ro\/tartu-estonia-de-vazut\/#Unde_sa_mananci\" >Unde s\u0103 m\u0103n\u00e2nci<\/a><\/li><li class='ez-toc-page-1 ez-toc-heading-level-2'><a class=\"ez-toc-link ez-toc-heading-21\" href=\"https:\/\/loudavymkrokem.cz\/ro\/tartu-estonia-de-vazut\/#Unde_sa_mergi_mai_departe\" >Unde s\u0103 mergi mai departe<\/a><\/li><li class='ez-toc-page-1 ez-toc-heading-level-2'><a class=\"ez-toc-link ez-toc-heading-22\" href=\"https:\/\/loudavymkrokem.cz\/ro\/tartu-estonia-de-vazut\/#Intrebari_frecvente\" >\u00centreb\u0103ri frecvente<\/a><ul class='ez-toc-list-level-3' ><li class='ez-toc-heading-level-3'><a class=\"ez-toc-link ez-toc-heading-23\" href=\"https:\/\/loudavymkrokem.cz\/ro\/tartu-estonia-de-vazut\/#Merita_cu_adevarat_o_excursie_la_Tartu\" >Merit\u0103 cu adev\u0103rat o excursie la Tartu?<\/a><\/li><li class='ez-toc-page-1 ez-toc-heading-level-3'><a class=\"ez-toc-link ez-toc-heading-24\" href=\"https:\/\/loudavymkrokem.cz\/ro\/tartu-estonia-de-vazut\/#Care_este_cel_mai_bun_mod_de_a_ajunge_de_la_Tallinn_la_Tartu\" >Care este cel mai bun mod de a ajunge de la Tallinn la Tartu?<\/a><\/li><li class='ez-toc-page-1 ez-toc-heading-level-3'><a class=\"ez-toc-link ez-toc-heading-25\" href=\"https:\/\/loudavymkrokem.cz\/ro\/tartu-estonia-de-vazut\/#Cate_zile_imi_sunt_suficiente_pentru_vizitare\" >C\u00e2te zile \u00eemi sunt suficiente pentru vizitare?<\/a><\/li><li class='ez-toc-page-1 ez-toc-heading-level-3'><a class=\"ez-toc-link ez-toc-heading-26\" href=\"https:\/\/loudavymkrokem.cz\/ro\/tartu-estonia-de-vazut\/#Ce_ar_trebui_neaparat_sa_vad_la_Tartu\" >Ce ar trebui neap\u0103rat s\u0103 v\u0103d la Tartu?<\/a><\/li><li class='ez-toc-page-1 ez-toc-heading-level-3'><a class=\"ez-toc-link ez-toc-heading-27\" href=\"https:\/\/loudavymkrokem.cz\/ro\/tartu-estonia-de-vazut\/#Este_centrul_stiintific_AHHAA_potrivit_pentru_copii\" >Este centrul \u0219tiin\u021bific AHHAA potrivit pentru copii?<\/a><\/li><li class='ez-toc-page-1 ez-toc-heading-level-3'><a class=\"ez-toc-link ez-toc-heading-28\" href=\"https:\/\/loudavymkrokem.cz\/ro\/tartu-estonia-de-vazut\/#Cat_costa_aproximativ_intrarea_la_principalele_muzee\" >C\u00e2t cost\u0103 aproximativ intrarea la principalele muzee?<\/a><\/li><li class='ez-toc-page-1 ez-toc-heading-level-3'><a class=\"ez-toc-link ez-toc-heading-29\" href=\"https:\/\/loudavymkrokem.cz\/ro\/tartu-estonia-de-vazut\/#Cand_este_cea_mai_buna_perioada_pentru_o_vizita\" >C\u00e2nd este cea mai bun\u0103 perioad\u0103 pentru o vizit\u0103?<\/a><\/li><li class='ez-toc-page-1 ez-toc-heading-level-3'><a class=\"ez-toc-link ez-toc-heading-30\" href=\"https:\/\/loudavymkrokem.cz\/ro\/tartu-estonia-de-vazut\/#Ce_a_ramas_in_oras_din_titlul_de_Capitala_Europeana_a_Culturii\" >Ce a r\u0103mas \u00een ora\u0219 din titlul de Capital\u0103 European\u0103 a Culturii?<\/a><\/li><li class='ez-toc-page-1 ez-toc-heading-level-3'><a class=\"ez-toc-link ez-toc-heading-31\" href=\"https:\/\/loudavymkrokem.cz\/ro\/tartu-estonia-de-vazut\/#Unde_poti_manca_bine_si_ieftin\" >Unde po\u021bi m\u00e2nca bine \u0219i ieftin?<\/a><\/li><\/ul><\/li><\/ul><\/nav><\/div>\n<h3 class=\"wp-block-heading\"><span class=\"ez-toc-section\" id=\"Rezumat\"><\/span>Rezumat<span class=\"ez-toc-section-end\"><\/span><\/h3>\n\n\n\n<ul class=\"wp-block-list\">\n\n<li>  <strong>De ce s\u0103 mergi \u00een Tartu:<\/strong> Este un ora\u0219 universitar cu o atmosfer\u0103 incredibil de relaxat\u0103, care nu este sufocat de turi\u0219ti.<\/li>\n\n\n\n<li>  <strong>C\u00e2te zile s\u0103-\u021bi rezervi:<\/strong> Pentru obiectivele din ora\u0219 \u00ee\u021bi ajung o zi sau dou\u0103, dar cu excursii \u00een \u00eemprejurimi po\u021bi sta lini\u0219tit trei zile.<\/li>\n\n\n\n<li>  <strong>Cum ajungi aici:<\/strong> Din Tallinn circul\u0103 trenuri Elron foarte confortabile \u0219i autobuze Lux Express, iar drumul dureaz\u0103 aproximativ dou\u0103 ore.<\/li>\n\n\n\n<li>  <strong>Ce nu trebuie s\u0103 ratezi:<\/strong> Centrul \u0219tiin\u021bific AHHAA, Muzeul Na\u021bional Estonian (ERM) \u0219i romanticul deal Toomem\u00e4gi.<\/li>\n\n\n\n<li>  <strong>C\u00e2t cost\u0103:<\/strong> Pre\u021burile sunt ceva mai prietenoase dec\u00e2t \u00een capital\u0103, pentru un meniu de pr\u00e2nz pl\u0103te\u0219ti de obicei \u00eentre 5 \u0219i 8 euro.<\/li>\n\n\n\n<li>  <strong>C\u00e2nd s\u0103 pleci:<\/strong> Cea mai bun\u0103 atmosfer\u0103 o prinzi \u00een timpul anului academic, prim\u0103vara sau toamna, c\u00e2nd ora\u0219ul vibreaz\u0103 de via\u021b\u0103 studen\u021beasc\u0103.<\/li>\n\n\n<\/ul>\n\n\n\n<figure data-wp-context=\"{&quot;imageId&quot;:&quot;6a955bd95075d&quot;}\" data-wp-interactive=\"core\/image\" data-wp-key=\"6a955bd95075d\" class=\"wp-block-image size-full wp-lightbox-container\"><img decoding=\"async\" width=\"1800\" height=\"1200\" data-wp-class--hide=\"state.isContentHidden\" data-wp-class--show=\"state.isContentVisible\" data-wp-init=\"callbacks.setButtonStyles\" data-wp-on--click=\"actions.showLightbox\" data-wp-on--load=\"callbacks.setButtonStyles\" data-wp-on--pointerdown=\"actions.preloadImage\" data-wp-on--pointerenter=\"actions.preloadImageWithDelay\" data-wp-on--pointerleave=\"actions.cancelPreload\" data-wp-on-window--resize=\"callbacks.setButtonStyles\" src=\"https:\/\/loudavymkrokem.cz\/wp-content\/uploads\/2026\/07\/estonsko-clanky-tartu-co-videt-02.jpg\" alt=\"Tartu toamna\" class=\"wp-image-350592\" title=\"\" srcset=\"https:\/\/loudavymkrokem.cz\/wp-content\/uploads\/2026\/07\/estonsko-clanky-tartu-co-videt-02.jpg 1800w, https:\/\/loudavymkrokem.cz\/wp-content\/uploads\/2026\/07\/estonsko-clanky-tartu-co-videt-02-300x200.jpg 300w, https:\/\/loudavymkrokem.cz\/wp-content\/uploads\/2026\/07\/estonsko-clanky-tartu-co-videt-02-700x467.jpg 700w, https:\/\/loudavymkrokem.cz\/wp-content\/uploads\/2026\/07\/estonsko-clanky-tartu-co-videt-02-768x512.jpg 768w, https:\/\/loudavymkrokem.cz\/wp-content\/uploads\/2026\/07\/estonsko-clanky-tartu-co-videt-02-1536x1024.jpg 1536w, https:\/\/loudavymkrokem.cz\/wp-content\/uploads\/2026\/07\/estonsko-clanky-tartu-co-videt-02-696x464.jpg 696w, https:\/\/loudavymkrokem.cz\/wp-content\/uploads\/2026\/07\/estonsko-clanky-tartu-co-videt-02-1392x928.jpg 1392w\" sizes=\"(max-width: 1800px) 100vw, 1800px\" \/><button\n\t\t\tclass=\"lightbox-trigger\"\n\t\t\ttype=\"button\"\n\t\t\taria-haspopup=\"dialog\"\n\t\t\tdata-wp-bind--aria-label=\"state.thisImage.triggerButtonAriaLabel\"\n\t\t\tdata-wp-init=\"callbacks.initTriggerButton\"\n\t\t\tdata-wp-on--click=\"actions.showLightbox\"\n\t\t\tdata-wp-style--right=\"state.thisImage.buttonRight\"\n\t\t\tdata-wp-style--top=\"state.thisImage.buttonTop\"\n\t\t>\n\t\t\t<svg xmlns=\"http:\/\/www.w3.org\/2000\/svg\" width=\"12\" height=\"12\" fill=\"none\" viewBox=\"0 0 12 12\">\n\t\t\t\t<path fill=\"#fff\" d=\"M2 0a2 2 0 0 0-2 2v2h1.5V2a.5.5 0 0 1 .5-.5h2V0H2Zm2 10.5H2a.5.5 0 0 1-.5-.5V8H0v2a2 2 0 0 0 2 2h2v-1.5ZM8 12v-1.5h2a.5.5 0 0 0 .5-.5V8H12v2a2 2 0 0 1-2 2H8Zm2-12a2 2 0 0 1 2 2v2h-1.5V2a.5.5 0 0 0-.5-.5H8V0h2Z\" \/>\n\t\t\t<\/svg>\n\t\t<\/button><figcaption class=\"wp-element-caption\">Foto: Aira Evard \/ Pexels<\/figcaption><\/figure>\n\n\n\n<h2 class=\"wp-block-heading\"><span class=\"ez-toc-section\" id=\"Cand_sa_vizitezi_Tartu\"><\/span>C\u00e2nd s\u0103 vizitezi Tartu<span class=\"ez-toc-section-end\"><\/span><\/h2>\n\n\n\n<p class=\"wp-block-paragraph\">C\u00e2nd \u00ee\u021bi planifici c\u0103l\u0103toria, e bine s\u0103 \u0219tii c\u0103 Tartu este <strong>\u00een primul r\u00e2nd un ora\u0219 studen\u021besc<\/strong>. De aceea, atmosfera lui se schimb\u0103 radical \u00een func\u021bie de calendarul academic.<\/p>\n\n\n\n<p class=\"wp-block-paragraph\">Dac\u0103 vii \u00een august, \u00een plin\u0103 vacan\u021b\u0103, ora\u0219ul va fi <strong>frumos de gol \u0219i lini\u0219tit<\/strong>, dar \u00eei va lipsi energia adev\u0103rat\u0103. Cel mai bun moment pentru vizit\u0103 este a\u0219adar sf\u00e2r\u0219itul prim\u0103verii sau \u00eenceputul toamnei, c\u00e2nd str\u0103zile se umplu de tineri \u0219i totul e plin de via\u021b\u0103.<\/p>\n\n\n\n<p class=\"wp-block-paragraph\">Prim\u0103vara po\u021bi prinde \u0219i celebrele <strong>festivaluri studen\u021be\u0219ti<\/strong>, care transform\u0103 tot centrul \u00eentr-o mare s\u0103rb\u0103toare. Vremea din Estonia poate fi destul de imprevizibil\u0103, a\u0219a c\u0103 \u00eempacheteaz\u0103 neap\u0103rat haine \u00een straturi chiar \u0219i pentru lunile de var\u0103. Iernile sunt, \u00een schimb, geroase \u0219i pline de z\u0103pad\u0103, ceea ce are un farmec inconfundabil, mai ales c\u00e2nd te plimbi prin parcurile \u00eenz\u0103pezite \u0219i apoi te \u00eenc\u0103lze\u0219ti \u00eentr-una dintre cafenelele cochete din zon\u0103.<\/p>\n\n\n\n<p class=\"wp-block-paragraph\">C\u00e2te zile s\u0103-\u021bi rezervi pentru vizit\u0103? Pentru centrul propriu-zis \u0219i muzeele principale <strong>\u00ee\u021bi ajung una\u2013dou\u0103 zile<\/strong>. Dac\u0103 vrei \u00eens\u0103 s\u0103 descoperi \u0219i natura din jur \u0219i lacurile, \u00ee\u021bi recomand s\u0103-\u021bi planifici direct trei zile.<\/p>\n\n\n\n<figure data-wp-context=\"{&quot;imageId&quot;:&quot;6a955bd950eab&quot;}\" data-wp-interactive=\"core\/image\" data-wp-key=\"6a955bd950eab\" class=\"wp-block-image size-full wp-lightbox-container\"><img decoding=\"async\" width=\"1800\" height=\"1350\" data-wp-class--hide=\"state.isContentHidden\" data-wp-class--show=\"state.isContentVisible\" data-wp-init=\"callbacks.setButtonStyles\" data-wp-on--click=\"actions.showLightbox\" data-wp-on--load=\"callbacks.setButtonStyles\" data-wp-on--pointerdown=\"actions.preloadImage\" data-wp-on--pointerenter=\"actions.preloadImageWithDelay\" data-wp-on--pointerleave=\"actions.cancelPreload\" data-wp-on-window--resize=\"callbacks.setButtonStyles\" src=\"https:\/\/loudavymkrokem.cz\/wp-content\/uploads\/2026\/07\/estonsko-clanky-tartu-co-videt-03.jpg\" alt=\"Trenul Elron, cu care se ajunge din Tallinn la Tartu\" class=\"wp-image-350602\" title=\"\" srcset=\"https:\/\/loudavymkrokem.cz\/wp-content\/uploads\/2026\/07\/estonsko-clanky-tartu-co-videt-03.jpg 1800w, https:\/\/loudavymkrokem.cz\/wp-content\/uploads\/2026\/07\/estonsko-clanky-tartu-co-videt-03-300x225.jpg 300w, https:\/\/loudavymkrokem.cz\/wp-content\/uploads\/2026\/07\/estonsko-clanky-tartu-co-videt-03-700x525.jpg 700w, https:\/\/loudavymkrokem.cz\/wp-content\/uploads\/2026\/07\/estonsko-clanky-tartu-co-videt-03-768x576.jpg 768w, https:\/\/loudavymkrokem.cz\/wp-content\/uploads\/2026\/07\/estonsko-clanky-tartu-co-videt-03-1536x1152.jpg 1536w, https:\/\/loudavymkrokem.cz\/wp-content\/uploads\/2026\/07\/estonsko-clanky-tartu-co-videt-03-80x60.jpg 80w, https:\/\/loudavymkrokem.cz\/wp-content\/uploads\/2026\/07\/estonsko-clanky-tartu-co-videt-03-160x120.jpg 160w, https:\/\/loudavymkrokem.cz\/wp-content\/uploads\/2026\/07\/estonsko-clanky-tartu-co-videt-03-696x522.jpg 696w, https:\/\/loudavymkrokem.cz\/wp-content\/uploads\/2026\/07\/estonsko-clanky-tartu-co-videt-03-1392x1044.jpg 1392w\" sizes=\"(max-width: 1800px) 100vw, 1800px\" \/><button\n\t\t\tclass=\"lightbox-trigger\"\n\t\t\ttype=\"button\"\n\t\t\taria-haspopup=\"dialog\"\n\t\t\tdata-wp-bind--aria-label=\"state.thisImage.triggerButtonAriaLabel\"\n\t\t\tdata-wp-init=\"callbacks.initTriggerButton\"\n\t\t\tdata-wp-on--click=\"actions.showLightbox\"\n\t\t\tdata-wp-style--right=\"state.thisImage.buttonRight\"\n\t\t\tdata-wp-style--top=\"state.thisImage.buttonTop\"\n\t\t>\n\t\t\t<svg xmlns=\"http:\/\/www.w3.org\/2000\/svg\" width=\"12\" height=\"12\" fill=\"none\" viewBox=\"0 0 12 12\">\n\t\t\t\t<path fill=\"#fff\" d=\"M2 0a2 2 0 0 0-2 2v2h1.5V2a.5.5 0 0 1 .5-.5h2V0H2Zm2 10.5H2a.5.5 0 0 1-.5-.5V8H0v2a2 2 0 0 0 2 2h2v-1.5ZM8 12v-1.5h2a.5.5 0 0 0 .5-.5V8H12v2a2 2 0 0 1-2 2H8Zm2-12a2 2 0 0 1 2 2v2h-1.5V2a.5.5 0 0 0-.5-.5H8V0h2Z\" \/>\n\t\t\t<\/svg>\n\t\t<\/button><figcaption class=\"wp-element-caption\">Foto: Leonid Malikov \/ Wikimedia Commons, CC BY-SA 4.0<\/figcaption><\/figure>\n\n\n\n<h2 class=\"wp-block-heading\"><span class=\"ez-toc-section\" id=\"Cum_ajungi_in_Tartu\"><\/span>Cum ajungi \u00een Tartu<span class=\"ez-toc-section-end\"><\/span><\/h2>\n\n\n\n<p class=\"wp-block-paragraph\">Drumul de la nord la sud este incredibil de simplu \u0219i confortabil \u00een Estonia. Din Tallinn la Tartu te duc cel mai bine <a href=\"https:\/\/elron.ee\/\" rel=\"nofollow noopener\" target=\"_blank\"><strong>trenurile portocalii ale companiei Elron<\/strong><\/a>, care circul\u0103 foarte des \u0219i de \u00eencredere.<\/p>\n\n\n\n<p class=\"wp-block-paragraph\">Drumul cu trenul dureaz\u0103 aproximativ dou\u0103 ore, dou\u0103 ore \u0219i jum\u0103tate, iar biletele cost\u0103 <strong>orientativ \u00een jur de 10 euro<\/strong> (circa 50 lei). Trenurile sunt curate, spa\u021bioase \u0219i ofer\u0103 Wi-Fi gratuit, a\u0219a c\u0103 \u00ee\u021bi po\u021bi planifica \u00een lini\u0219te itinerarul pe drum. Dac\u0103 \u00ee\u021bi cumperi biletul din timp online, pe site-ul lor, prime\u0219ti \u00een plus o reducere pl\u0103cut\u0103, de\u0219i po\u021bi pl\u0103ti f\u0103r\u0103 probleme \u0219i cu cardul direct la conductor.<\/p>\n\n\n\n<p class=\"wp-block-paragraph\">O alt\u0103 variant\u0103 excelent\u0103 sunt <a href=\"https:\/\/luxexpress.eu\/\" rel=\"nofollow noopener\" target=\"_blank\"><strong>autobuzele Lux Express<\/strong><\/a>, care ofer\u0103 un confort deosebit, inclusiv ecrane \u00een sp\u0103tarele scaunelor \u0219i aparat de cafea gratuit. Te duc direct \u00een centrul ora\u0219ului Tartu \u0219i cost\u0103 cam la fel ca trenurile.<\/p>\n\n\n\n<p class=\"wp-block-paragraph\">Dac\u0103 \u00ee\u021bi planifici un road trip mai amplu prin \u021a\u0103rile Baltice, are sens s\u0103 <strong>\u00eenchiriezi o ma\u0219in\u0103<\/strong>. \u0218oselele din Estonia sunt \u00een stare excelent\u0103, iar Tartu are chiar \u0219i un mic aeroport, de\u0219i majoritatea zborurilor interna\u021bionale ajung tocmai \u00een Tallinn.<\/p>\n\n\n\n<figure data-wp-context=\"{&quot;imageId&quot;:&quot;6a955bd9515ed&quot;}\" data-wp-interactive=\"core\/image\" data-wp-key=\"6a955bd9515ed\" class=\"wp-block-image size-full wp-lightbox-container\"><img decoding=\"async\" width=\"1800\" height=\"1201\" data-wp-class--hide=\"state.isContentHidden\" data-wp-class--show=\"state.isContentVisible\" data-wp-init=\"callbacks.setButtonStyles\" data-wp-on--click=\"actions.showLightbox\" data-wp-on--load=\"callbacks.setButtonStyles\" data-wp-on--pointerdown=\"actions.preloadImage\" data-wp-on--pointerenter=\"actions.preloadImageWithDelay\" data-wp-on--pointerleave=\"actions.cancelPreload\" data-wp-on-window--resize=\"callbacks.setButtonStyles\" src=\"https:\/\/loudavymkrokem.cz\/wp-content\/uploads\/2026\/07\/estonsko-clanky-tartu-co-videt-04.jpg\" alt=\"Camer\u0103 de hotel \u00een Tartu\" class=\"wp-image-350609\" title=\"\" srcset=\"https:\/\/loudavymkrokem.cz\/wp-content\/uploads\/2026\/07\/estonsko-clanky-tartu-co-videt-04.jpg 1800w, https:\/\/loudavymkrokem.cz\/wp-content\/uploads\/2026\/07\/estonsko-clanky-tartu-co-videt-04-300x200.jpg 300w, https:\/\/loudavymkrokem.cz\/wp-content\/uploads\/2026\/07\/estonsko-clanky-tartu-co-videt-04-700x467.jpg 700w, https:\/\/loudavymkrokem.cz\/wp-content\/uploads\/2026\/07\/estonsko-clanky-tartu-co-videt-04-768x512.jpg 768w, https:\/\/loudavymkrokem.cz\/wp-content\/uploads\/2026\/07\/estonsko-clanky-tartu-co-videt-04-1536x1025.jpg 1536w, https:\/\/loudavymkrokem.cz\/wp-content\/uploads\/2026\/07\/estonsko-clanky-tartu-co-videt-04-696x464.jpg 696w, https:\/\/loudavymkrokem.cz\/wp-content\/uploads\/2026\/07\/estonsko-clanky-tartu-co-videt-04-1392x929.jpg 1392w\" sizes=\"(max-width: 1800px) 100vw, 1800px\" \/><button\n\t\t\tclass=\"lightbox-trigger\"\n\t\t\ttype=\"button\"\n\t\t\taria-haspopup=\"dialog\"\n\t\t\tdata-wp-bind--aria-label=\"state.thisImage.triggerButtonAriaLabel\"\n\t\t\tdata-wp-init=\"callbacks.initTriggerButton\"\n\t\t\tdata-wp-on--click=\"actions.showLightbox\"\n\t\t\tdata-wp-style--right=\"state.thisImage.buttonRight\"\n\t\t\tdata-wp-style--top=\"state.thisImage.buttonTop\"\n\t\t>\n\t\t\t<svg xmlns=\"http:\/\/www.w3.org\/2000\/svg\" width=\"12\" height=\"12\" fill=\"none\" viewBox=\"0 0 12 12\">\n\t\t\t\t<path fill=\"#fff\" d=\"M2 0a2 2 0 0 0-2 2v2h1.5V2a.5.5 0 0 1 .5-.5h2V0H2Zm2 10.5H2a.5.5 0 0 1-.5-.5V8H0v2a2 2 0 0 0 2 2h2v-1.5ZM8 12v-1.5h2a.5.5 0 0 0 .5-.5V8H12v2a2 2 0 0 1-2 2H8Zm2-12a2 2 0 0 1 2 2v2h-1.5V2a.5.5 0 0 0-.5-.5H8V0h2Z\" \/>\n\t\t\t<\/svg>\n\t\t<\/button><figcaption class=\"wp-element-caption\">Foto: Max Vakhtbovych \/ Pexels<\/figcaption><\/figure>\n\n\n\n<h2 class=\"wp-block-heading\"><span class=\"ez-toc-section\" id=\"Unde_sa_te_cazezi_in_Tartu\"><\/span>Unde s\u0103 te cazezi \u00een Tartu<span class=\"ez-toc-section-end\"><\/span><\/h2>\n\n\n\n<p class=\"wp-block-paragraph\"><em>\ud83d\udca1 Sfat pentru cazare \u0219i experien\u021be: Prefer\u0103m s\u0103 c\u0103ut\u0103m cazarea pe <a class=\"thirstylink\" rel=\"nofollow\" target=\"_blank\" title=\"Booking.com\" href=\"https:\/\/loudavymkrokem.cz\/doporucujeme\/booking-com\/\" data-shortcode=\"true\">Booking.com<\/a>, unde de obicei sunt <strong>cele mai bune condi\u021bii de anulare<\/strong>. <strong>Biletele, excursiile \u0219i activit\u0103\u021bile<\/strong> merit\u0103 apoi comparate \u0219i cump\u0103rate prin <a class=\"thirstylink\" rel=\"nofollow\" target=\"_blank\" title=\"GetYourGuide\" href=\"https:\/\/loudavymkrokem.cz\/doporucujeme\/getyourguide\/\" data-shortcode=\"true\">GetYourGuide<\/a>.<\/em><\/p>\n\n\n\n<p class=\"wp-block-paragraph\">Oferta de cazare din ora\u0219ul universitar este foarte variat\u0103 \u0219i mul\u021bume\u0219te deopotriv\u0103 backpackerii \u0219i iubitorii de lux. Majoritatea locurilor interesante se afl\u0103 la distan\u021b\u0103 de mers pe jos de centru, a\u0219a c\u0103 <strong>zona din jurul Ora\u0219ului Vechi<\/strong> este absolut ideal\u0103.<\/p>\n\n\n\n<p class=\"wp-block-paragraph\"><a href=\"https:\/\/www.stay22.com\/allez\/roam?aid=lukaskonecny&#038;campaign=loudavymkrokemcz&#038;campaign=tartu-co-videt&#038;hotelname=Lydia%20Hotel&#038;address=Tartu%2C%20Estonsko\" rel=\"nofollow noopener\" target=\"_blank\"><strong>Lydia Hotel<\/strong><\/a> de pe \u00dclikooli 14 este una dintre cele mai bine cotate adrese, chiar \u00een inima ora\u0219ului, cu piscin\u0103 \u0219i saun\u0103, a\u0219a c\u0103 dup\u0103 o zi \u00eentreag\u0103 de b\u0103tut str\u0103du\u021bele este o adev\u0103rat\u0103 salvare.<\/p>\n\n\n\n<p class=\"wp-block-paragraph\">Dac\u0103 \u00ee\u021bi dore\u0219ti mai degrab\u0103 o experien\u021b\u0103 wellness dec\u00e2t o simpl\u0103 baz\u0103 de plecare, c\u0103l\u0103torii laud\u0103 <a href=\"https:\/\/www.stay22.com\/allez\/roam?aid=lukaskonecny&#038;campaign=loudavymkrokemcz&#038;campaign=tartu-co-videt&#038;hotelname=V%20Spa%20Hotel%20and%20Conference%20centre&#038;address=Tartu%2C%20Estonsko\" rel=\"nofollow noopener\" target=\"_blank\"><strong>V Spa &amp; Conference Hotel<\/strong><\/a>, unde prime\u0219ti pe l\u00e2ng\u0103 camer\u0103 \u0219i un complex balnear pe cinste. Pentru iubitorii de atmosfer\u0103 istoric\u0103, o alegere excelent\u0103 este boutique-ul <strong><a href=\"https:\/\/www.stay22.com\/allez\/roam?aid=lukaskonecny&#038;campaign=loudavymkrokemcz&#038;campaign=tartu-co-videt&#038;hotelname=Hotel%20Antonius&#038;address=Tartu%2C%20Estonsko\" target=\"_blank\" rel=\"noopener nofollow sponsored\">Hotel Antonius<\/a><\/strong>, cu interioare de epoc\u0103 uimitoare.<\/p>\n\n\n\n<p class=\"wp-block-paragraph\">Pentru c\u0103l\u0103torii cu buget limitat exist\u0103 stilatul <strong><a href=\"https:\/\/www.stay22.com\/allez\/roam?aid=lukaskonecny&#038;campaign=loudavymkrokemcz&#038;campaign=tartu-co-videt&#038;hotelname=Hektor%20Design%20Hostel&#038;address=Tartu%2C%20Estonsko\" target=\"_blank\" rel=\"noopener nofollow sponsored\">Hektor Design Hostel<\/a><\/strong>, care combin\u0103 accesibilitatea cu un design nordic excelent. O alt\u0103 alegere de \u00eencredere din clasa medie este <strong><a href=\"https:\/\/www.stay22.com\/allez\/roam?aid=lukaskonecny&#038;campaign=loudavymkrokemcz&#038;campaign=tartu-co-videt&#038;hotelname=Dorpat%20Hotel&#038;address=Tartu%2C%20Estonsko\" target=\"_blank\" rel=\"noopener nofollow sponsored\">Dorpat Hotel<\/a><\/strong>, aflat chiar pe malul r\u00e2ului Emaj\u00f5gi.<\/p>\n\n\n\n<p class=\"wp-block-paragraph\">\ud83d\udca1 Sfat: Indiferent ce tip de cazare alegi, rezolvi rezervarea u\u0219or, ca de obicei, prin Booking, unde g\u0103se\u0219ti <strong>o mul\u021bime de alte apartamente<\/strong> potrivite pentru un buget de student.<\/p>\n\n\n\n<figure data-wp-context=\"{&quot;imageId&quot;:&quot;6a955bd951da3&quot;}\" data-wp-interactive=\"core\/image\" data-wp-key=\"6a955bd951da3\" class=\"wp-block-image size-full wp-lightbox-container\"><img decoding=\"async\" width=\"1800\" height=\"1348\" data-wp-class--hide=\"state.isContentHidden\" data-wp-class--show=\"state.isContentVisible\" data-wp-init=\"callbacks.setButtonStyles\" data-wp-on--click=\"actions.showLightbox\" data-wp-on--load=\"callbacks.setButtonStyles\" data-wp-on--pointerdown=\"actions.preloadImage\" data-wp-on--pointerenter=\"actions.preloadImageWithDelay\" data-wp-on--pointerleave=\"actions.cancelPreload\" data-wp-on-window--resize=\"callbacks.setButtonStyles\" src=\"https:\/\/loudavymkrokem.cz\/wp-content\/uploads\/2026\/07\/estonsko-clanky-tartu-co-videt-05.jpg\" alt=\"Tartu \u0219i r\u00e2ul Emaj\u00f5gi\" class=\"wp-image-350616\" title=\"\" srcset=\"https:\/\/loudavymkrokem.cz\/wp-content\/uploads\/2026\/07\/estonsko-clanky-tartu-co-videt-05.jpg 1800w, https:\/\/loudavymkrokem.cz\/wp-content\/uploads\/2026\/07\/estonsko-clanky-tartu-co-videt-05-300x225.jpg 300w, https:\/\/loudavymkrokem.cz\/wp-content\/uploads\/2026\/07\/estonsko-clanky-tartu-co-videt-05-700x524.jpg 700w, https:\/\/loudavymkrokem.cz\/wp-content\/uploads\/2026\/07\/estonsko-clanky-tartu-co-videt-05-768x575.jpg 768w, https:\/\/loudavymkrokem.cz\/wp-content\/uploads\/2026\/07\/estonsko-clanky-tartu-co-videt-05-1536x1150.jpg 1536w, https:\/\/loudavymkrokem.cz\/wp-content\/uploads\/2026\/07\/estonsko-clanky-tartu-co-videt-05-80x60.jpg 80w, https:\/\/loudavymkrokem.cz\/wp-content\/uploads\/2026\/07\/estonsko-clanky-tartu-co-videt-05-160x120.jpg 160w, https:\/\/loudavymkrokem.cz\/wp-content\/uploads\/2026\/07\/estonsko-clanky-tartu-co-videt-05-696x521.jpg 696w, https:\/\/loudavymkrokem.cz\/wp-content\/uploads\/2026\/07\/estonsko-clanky-tartu-co-videt-05-1392x1042.jpg 1392w\" sizes=\"(max-width: 1800px) 100vw, 1800px\" \/><button\n\t\t\tclass=\"lightbox-trigger\"\n\t\t\ttype=\"button\"\n\t\t\taria-haspopup=\"dialog\"\n\t\t\tdata-wp-bind--aria-label=\"state.thisImage.triggerButtonAriaLabel\"\n\t\t\tdata-wp-init=\"callbacks.initTriggerButton\"\n\t\t\tdata-wp-on--click=\"actions.showLightbox\"\n\t\t\tdata-wp-style--right=\"state.thisImage.buttonRight\"\n\t\t\tdata-wp-style--top=\"state.thisImage.buttonTop\"\n\t\t>\n\t\t\t<svg xmlns=\"http:\/\/www.w3.org\/2000\/svg\" width=\"12\" height=\"12\" fill=\"none\" viewBox=\"0 0 12 12\">\n\t\t\t\t<path fill=\"#fff\" d=\"M2 0a2 2 0 0 0-2 2v2h1.5V2a.5.5 0 0 1 .5-.5h2V0H2Zm2 10.5H2a.5.5 0 0 1-.5-.5V8H0v2a2 2 0 0 0 2 2h2v-1.5ZM8 12v-1.5h2a.5.5 0 0 0 .5-.5V8H12v2a2 2 0 0 1-2 2H8Zm2-12a2 2 0 0 1 2 2v2h-1.5V2a.5.5 0 0 0-.5-.5H8V0h2Z\" \/>\n\t\t\t<\/svg>\n\t\t<\/button><figcaption class=\"wp-element-caption\">Foto: Sergei Gussev \/ Wikimedia Commons, CC BY 4.0<\/figcaption><\/figure>\n\n\n\n<h2 class=\"wp-block-heading\"><span class=\"ez-toc-section\" id=\"12_lucruri_de_vazut_si_de_trait_in_Tartu_Estonia\"><\/span>12 lucruri de v\u0103zut \u0219i de tr\u0103it \u00een Tartu, Estonia<span class=\"ez-toc-section-end\"><\/span><\/h2>\n\n\n\n<p class=\"wp-block-paragraph\">Hai s\u0103 vedem \u00eempreun\u0103 ce are cel mai interesant de oferit acest ora\u0219 simpatic. De la str\u0103du\u021be istorice, trec\u00e2nd prin muzee moderne, p\u00e2n\u0103 la <strong>centre creative pline de cafea bun\u0103<\/strong>, pe scurt, pentru fiecare c\u00e2te ceva.<\/p>\n\n\n\n<figure data-wp-context=\"{&quot;imageId&quot;:&quot;6a955bd9522d6&quot;}\" data-wp-interactive=\"core\/image\" data-wp-key=\"6a955bd9522d6\" class=\"wp-block-image size-full wp-lightbox-container\"><img decoding=\"async\" width=\"1800\" height=\"1350\" data-wp-class--hide=\"state.isContentHidden\" data-wp-class--show=\"state.isContentVisible\" data-wp-init=\"callbacks.setButtonStyles\" data-wp-on--click=\"actions.showLightbox\" data-wp-on--load=\"callbacks.setButtonStyles\" data-wp-on--pointerdown=\"actions.preloadImage\" data-wp-on--pointerenter=\"actions.preloadImageWithDelay\" data-wp-on--pointerleave=\"actions.cancelPreload\" data-wp-on-window--resize=\"callbacks.setButtonStyles\" src=\"https:\/\/loudavymkrokem.cz\/wp-content\/uploads\/2026\/07\/estonsko-clanky-tartu-co-videt-06.jpg\" alt=\"F\u00e2nt\u00e2na cu studen\u021bii care se s\u0103rut\u0103\" class=\"wp-image-350623\" title=\"\" srcset=\"https:\/\/loudavymkrokem.cz\/wp-content\/uploads\/2026\/07\/estonsko-clanky-tartu-co-videt-06.jpg 1800w, https:\/\/loudavymkrokem.cz\/wp-content\/uploads\/2026\/07\/estonsko-clanky-tartu-co-videt-06-300x225.jpg 300w, https:\/\/loudavymkrokem.cz\/wp-content\/uploads\/2026\/07\/estonsko-clanky-tartu-co-videt-06-700x525.jpg 700w, https:\/\/loudavymkrokem.cz\/wp-content\/uploads\/2026\/07\/estonsko-clanky-tartu-co-videt-06-768x576.jpg 768w, https:\/\/loudavymkrokem.cz\/wp-content\/uploads\/2026\/07\/estonsko-clanky-tartu-co-videt-06-1536x1152.jpg 1536w, https:\/\/loudavymkrokem.cz\/wp-content\/uploads\/2026\/07\/estonsko-clanky-tartu-co-videt-06-80x60.jpg 80w, https:\/\/loudavymkrokem.cz\/wp-content\/uploads\/2026\/07\/estonsko-clanky-tartu-co-videt-06-160x120.jpg 160w, https:\/\/loudavymkrokem.cz\/wp-content\/uploads\/2026\/07\/estonsko-clanky-tartu-co-videt-06-696x522.jpg 696w, https:\/\/loudavymkrokem.cz\/wp-content\/uploads\/2026\/07\/estonsko-clanky-tartu-co-videt-06-1392x1044.jpg 1392w\" sizes=\"(max-width: 1800px) 100vw, 1800px\" \/><button\n\t\t\tclass=\"lightbox-trigger\"\n\t\t\ttype=\"button\"\n\t\t\taria-haspopup=\"dialog\"\n\t\t\tdata-wp-bind--aria-label=\"state.thisImage.triggerButtonAriaLabel\"\n\t\t\tdata-wp-init=\"callbacks.initTriggerButton\"\n\t\t\tdata-wp-on--click=\"actions.showLightbox\"\n\t\t\tdata-wp-style--right=\"state.thisImage.buttonRight\"\n\t\t\tdata-wp-style--top=\"state.thisImage.buttonTop\"\n\t\t>\n\t\t\t<svg xmlns=\"http:\/\/www.w3.org\/2000\/svg\" width=\"12\" height=\"12\" fill=\"none\" viewBox=\"0 0 12 12\">\n\t\t\t\t<path fill=\"#fff\" d=\"M2 0a2 2 0 0 0-2 2v2h1.5V2a.5.5 0 0 1 .5-.5h2V0H2Zm2 10.5H2a.5.5 0 0 1-.5-.5V8H0v2a2 2 0 0 0 2 2h2v-1.5ZM8 12v-1.5h2a.5.5 0 0 0 .5-.5V8H12v2a2 2 0 0 1-2 2H8Zm2-12a2 2 0 0 1 2 2v2h-1.5V2a.5.5 0 0 0-.5-.5H8V0h2Z\" \/>\n\t\t\t<\/svg>\n\t\t<\/button><figcaption class=\"wp-element-caption\">Foto: HendrixEesti \/ Wikimedia Commons, Public domain<\/figcaption><\/figure>\n\n\n\n<h3 class=\"wp-block-heading\"><span class=\"ez-toc-section\" id=\"1_Piata_Primariei_si_fantana_cu_studentii_care_se_saruta\"><\/span>1. Pia\u021ba Prim\u0103riei \u0219i f\u00e2nt\u00e2na cu studen\u021bii care se s\u0103rut\u0103<span class=\"ez-toc-section-end\"><\/span><\/h3>\n\n\n\n<p class=\"wp-block-paragraph\">\u00ce\u021bi recomand s\u0103 \u00eencepi vizita chiar \u00een inima ora\u0219ului, \u00een <strong>Pia\u021ba Prim\u0103riei<\/strong> (Raekoja plats). Acest spa\u021biu alungit coboar\u0103 u\u0219or spre r\u00e2u \u0219i este \u00eenconjurat de cl\u0103diri clasiciste superbe \u00een culori pastelate.<\/p>\n\n\n\n<p class=\"wp-block-paragraph\">Elementul dominant al \u00eentregii pie\u021be este <strong>maiestuoasa cl\u0103dire a prim\u0103riei<\/strong>, iar chiar \u00een fa\u021ba ei se afl\u0103 <strong>statuia studen\u021bilor care se s\u0103rut\u0103<\/strong>. Este cel mai fotografiat simbol al ora\u0219ului \u0219i, sincer, statueta \u00ee\u021bi fr\u00e2nge inima \u2014 doi studen\u021bi, o umbrel\u0103, iar toat\u0103 lumea din jurul lor ud\u0103.<\/p>\n\n\n\n<p class=\"wp-block-paragraph\">\u00cen jurul pie\u021bei g\u0103se\u0219ti o mul\u021bime de terase unde po\u021bi bea o cafea \u0219i te po\u021bi l\u0103sa cuprins de tihna locului. Vizitarea acestui loc \u00ee\u021bi <strong>ia aproximativ 30 de minute<\/strong>, iar accesul este, fire\u0219te, complet gratuit.<\/p>\n\n\n\n<p class=\"wp-block-paragraph\">\ud83d\udca1 Sfat: \u00cen lunile de iarn\u0103, tocmai \u00een aceast\u0103 pia\u021b\u0103 au loc <strong>fermec\u0103toarele t\u00e2rguri de Cr\u0103ciun<\/strong>, pe care c\u0103l\u0103torii le apreciaz\u0103 ca fiind printre cele mai frumoase din \u021a\u0103rile Baltice.<\/p>\n\n\n\n<figure data-wp-context=\"{&quot;imageId&quot;:&quot;6a955bd952a1c&quot;}\" data-wp-interactive=\"core\/image\" data-wp-key=\"6a955bd952a1c\" class=\"wp-block-image size-full wp-lightbox-container\"><img decoding=\"async\" width=\"1800\" height=\"1125\" data-wp-class--hide=\"state.isContentHidden\" data-wp-class--show=\"state.isContentVisible\" data-wp-init=\"callbacks.setButtonStyles\" data-wp-on--click=\"actions.showLightbox\" data-wp-on--load=\"callbacks.setButtonStyles\" data-wp-on--pointerdown=\"actions.preloadImage\" data-wp-on--pointerenter=\"actions.preloadImageWithDelay\" data-wp-on--pointerleave=\"actions.cancelPreload\" data-wp-on-window--resize=\"callbacks.setButtonStyles\" src=\"https:\/\/loudavymkrokem.cz\/wp-content\/uploads\/2026\/07\/estonsko-clanky-tartu-co-videt-07.jpg\" alt=\"Cl\u0103direa principal\u0103 a Universit\u0103\u021bii din Tartu\" class=\"wp-image-350629\" title=\"\" srcset=\"https:\/\/loudavymkrokem.cz\/wp-content\/uploads\/2026\/07\/estonsko-clanky-tartu-co-videt-07.jpg 1800w, https:\/\/loudavymkrokem.cz\/wp-content\/uploads\/2026\/07\/estonsko-clanky-tartu-co-videt-07-300x188.jpg 300w, https:\/\/loudavymkrokem.cz\/wp-content\/uploads\/2026\/07\/estonsko-clanky-tartu-co-videt-07-700x438.jpg 700w, https:\/\/loudavymkrokem.cz\/wp-content\/uploads\/2026\/07\/estonsko-clanky-tartu-co-videt-07-768x480.jpg 768w, https:\/\/loudavymkrokem.cz\/wp-content\/uploads\/2026\/07\/estonsko-clanky-tartu-co-videt-07-1536x960.jpg 1536w, https:\/\/loudavymkrokem.cz\/wp-content\/uploads\/2026\/07\/estonsko-clanky-tartu-co-videt-07-696x435.jpg 696w, https:\/\/loudavymkrokem.cz\/wp-content\/uploads\/2026\/07\/estonsko-clanky-tartu-co-videt-07-1392x870.jpg 1392w\" sizes=\"(max-width: 1800px) 100vw, 1800px\" \/><button\n\t\t\tclass=\"lightbox-trigger\"\n\t\t\ttype=\"button\"\n\t\t\taria-haspopup=\"dialog\"\n\t\t\tdata-wp-bind--aria-label=\"state.thisImage.triggerButtonAriaLabel\"\n\t\t\tdata-wp-init=\"callbacks.initTriggerButton\"\n\t\t\tdata-wp-on--click=\"actions.showLightbox\"\n\t\t\tdata-wp-style--right=\"state.thisImage.buttonRight\"\n\t\t\tdata-wp-style--top=\"state.thisImage.buttonTop\"\n\t\t>\n\t\t\t<svg xmlns=\"http:\/\/www.w3.org\/2000\/svg\" width=\"12\" height=\"12\" fill=\"none\" viewBox=\"0 0 12 12\">\n\t\t\t\t<path fill=\"#fff\" d=\"M2 0a2 2 0 0 0-2 2v2h1.5V2a.5.5 0 0 1 .5-.5h2V0H2Zm2 10.5H2a.5.5 0 0 1-.5-.5V8H0v2a2 2 0 0 0 2 2h2v-1.5ZM8 12v-1.5h2a.5.5 0 0 0 .5-.5V8H12v2a2 2 0 0 1-2 2H8Zm2-12a2 2 0 0 1 2 2v2h-1.5V2a.5.5 0 0 0-.5-.5H8V0h2Z\" \/>\n\t\t\t<\/svg>\n\t\t<\/button><figcaption class=\"wp-element-caption\">Foto: A.Savin \/ Wikimedia Commons, FAL<\/figcaption><\/figure>\n\n\n\n<h3 class=\"wp-block-heading\"><span class=\"ez-toc-section\" id=\"2_Cladirea_principala_a_universitatii_si_carcerul_istoric\"><\/span>2. Cl\u0103direa principal\u0103 a universit\u0103\u021bii \u0219i carcerul istoric<span class=\"ez-toc-section-end\"><\/span><\/h3>\n\n\n\n<p class=\"wp-block-paragraph\">La doar c\u00e2\u021biva pa\u0219i de prim\u0103rie dai de cl\u0103direa principal\u0103 a Universit\u0103\u021bii din Tartu, care se m\u00e2ndre\u0219te cu o <strong>impozant\u0103 fa\u021bad\u0103 clasicist\u0103<\/strong> cu \u0219ase coloane masive. Aceast\u0103 institu\u021bie este absolut esen\u021bial\u0103 pentru ora\u0219, pentru c\u0103 a fost fondat\u0103 de regele suedez Gustav al II-lea Adolf \u00eenc\u0103 din 1632.<\/p>\n\n\n\n<p class=\"wp-block-paragraph\">Un lucru interesant este c\u0103 \u00een podul cl\u0103dirii se ascunde a\u0219a-numitul <strong>carcer studen\u021besc<\/strong>, o celul\u0103 istoric\u0103 pentru studen\u021bii neascult\u0103tori. Ei erau \u00eenchi\u0219i aici pentru abateri precum b\u0103t\u0103i, insulte aduse doamnelor sau nereturnarea c\u0103r\u021bilor la bibliotec\u0103.<\/p>\n\n\n\n<p class=\"wp-block-paragraph\">Pere\u021bii carcerului sunt \u0219i ast\u0103zi <strong>acoperi\u021bi cu inscrip\u021bii \u0219i desene de epoc\u0103<\/strong>, pe care studen\u021bii pedepsi\u021bi le-au l\u0103sat din plictiseal\u0103. G\u0103se\u0219ti acolo poezioare, caricaturi ale profesorilor \u0219i oftaturi disperate. Este o incursiune fascinant\u0103 \u00een istoria vie\u021bii studen\u021be\u0219ti.<\/p>\n\n\n\n<p class=\"wp-block-paragraph\">\ud83d\udca1 Sfat: Vizitarea cl\u0103dirii principale \u0219i a carcerului \u00ee\u021bi ia <strong>aproximativ o or\u0103<\/strong>. Pre\u021bul de intrare orientativ se \u00eenv\u00e2rte \u00een jurul a 2 euro (circa 10 lei).<\/p>\n\n\n\n<figure data-wp-context=\"{&quot;imageId&quot;:&quot;6a955bd95310c&quot;}\" data-wp-interactive=\"core\/image\" data-wp-key=\"6a955bd95310c\" class=\"wp-block-image size-full wp-lightbox-container\"><img decoding=\"async\" width=\"1800\" height=\"1350\" data-wp-class--hide=\"state.isContentHidden\" data-wp-class--show=\"state.isContentVisible\" data-wp-init=\"callbacks.setButtonStyles\" data-wp-on--click=\"actions.showLightbox\" data-wp-on--load=\"callbacks.setButtonStyles\" data-wp-on--pointerdown=\"actions.preloadImage\" data-wp-on--pointerenter=\"actions.preloadImageWithDelay\" data-wp-on--pointerleave=\"actions.cancelPreload\" data-wp-on-window--resize=\"callbacks.setButtonStyles\" src=\"https:\/\/loudavymkrokem.cz\/wp-content\/uploads\/2026\/07\/estonsko-clanky-tartu-co-videt-08.jpg\" alt=\"Ruinele catedralei gotice de pe Toomem\u00e4gi\" class=\"wp-image-350635\" title=\"\" srcset=\"https:\/\/loudavymkrokem.cz\/wp-content\/uploads\/2026\/07\/estonsko-clanky-tartu-co-videt-08.jpg 1800w, https:\/\/loudavymkrokem.cz\/wp-content\/uploads\/2026\/07\/estonsko-clanky-tartu-co-videt-08-300x225.jpg 300w, https:\/\/loudavymkrokem.cz\/wp-content\/uploads\/2026\/07\/estonsko-clanky-tartu-co-videt-08-700x525.jpg 700w, https:\/\/loudavymkrokem.cz\/wp-content\/uploads\/2026\/07\/estonsko-clanky-tartu-co-videt-08-768x576.jpg 768w, https:\/\/loudavymkrokem.cz\/wp-content\/uploads\/2026\/07\/estonsko-clanky-tartu-co-videt-08-1536x1152.jpg 1536w, https:\/\/loudavymkrokem.cz\/wp-content\/uploads\/2026\/07\/estonsko-clanky-tartu-co-videt-08-80x60.jpg 80w, https:\/\/loudavymkrokem.cz\/wp-content\/uploads\/2026\/07\/estonsko-clanky-tartu-co-videt-08-160x120.jpg 160w, https:\/\/loudavymkrokem.cz\/wp-content\/uploads\/2026\/07\/estonsko-clanky-tartu-co-videt-08-696x522.jpg 696w, https:\/\/loudavymkrokem.cz\/wp-content\/uploads\/2026\/07\/estonsko-clanky-tartu-co-videt-08-1392x1044.jpg 1392w\" sizes=\"(max-width: 1800px) 100vw, 1800px\" \/><button\n\t\t\tclass=\"lightbox-trigger\"\n\t\t\ttype=\"button\"\n\t\t\taria-haspopup=\"dialog\"\n\t\t\tdata-wp-bind--aria-label=\"state.thisImage.triggerButtonAriaLabel\"\n\t\t\tdata-wp-init=\"callbacks.initTriggerButton\"\n\t\t\tdata-wp-on--click=\"actions.showLightbox\"\n\t\t\tdata-wp-style--right=\"state.thisImage.buttonRight\"\n\t\t\tdata-wp-style--top=\"state.thisImage.buttonTop\"\n\t\t>\n\t\t\t<svg xmlns=\"http:\/\/www.w3.org\/2000\/svg\" width=\"12\" height=\"12\" fill=\"none\" viewBox=\"0 0 12 12\">\n\t\t\t\t<path fill=\"#fff\" d=\"M2 0a2 2 0 0 0-2 2v2h1.5V2a.5.5 0 0 1 .5-.5h2V0H2Zm2 10.5H2a.5.5 0 0 1-.5-.5V8H0v2a2 2 0 0 0 2 2h2v-1.5ZM8 12v-1.5h2a.5.5 0 0 0 .5-.5V8H12v2a2 2 0 0 1-2 2H8Zm2-12a2 2 0 0 1 2 2v2h-1.5V2a.5.5 0 0 0-.5-.5H8V0h2Z\" \/>\n\t\t\t<\/svg>\n\t\t<\/button><figcaption class=\"wp-element-caption\">Foto: Adam Jones \/ Wikimedia Commons, CC BY-SA 2.0<\/figcaption><\/figure>\n\n\n\n<h3 class=\"wp-block-heading\"><span class=\"ez-toc-section\" id=\"3_Dealul_Toomemagi_si_ruinele_catedralei_gotice\"><\/span>3. Dealul Toomem\u00e4gi \u0219i ruinele catedralei gotice<span class=\"ez-toc-section-end\"><\/span><\/h3>\n\n\n\n<p class=\"wp-block-paragraph\">Chiar \u00een spatele prim\u0103riei se ridic\u0103 \u00eentinsul deal \u00eemp\u0103durit Toomem\u00e4gi, care func\u021bioneaz\u0103 ca pl\u0103m\u00e2nul verde al \u00eentregului ora\u0219. Acest parc uria\u0219 este plin de copaci b\u0103tr\u00e2ni \u0219i b\u0103nci, a\u0219a c\u0103 studen\u021bii <strong>\u00eel folosesc cu pl\u0103cere ca sal\u0103 de lectur\u0103 \u00een aer liber<\/strong> \u00eenaintea examenelor.<\/p>\n\n\n\n<p class=\"wp-block-paragraph\">Chiar pe v\u00e2rful dealului se \u00eenal\u021b\u0103 <strong>monumentalele ruine de c\u0103r\u0103mid\u0103<\/strong> ale unei catedrale gotice din secolul al XIII-lea. Bol\u021bile dezgolite care se av\u00e2nt\u0103 spre cer au o atmosfer\u0103 incredibil de misterioas\u0103 \u0219i se num\u0103r\u0103 printre cele mai frumoase locuri din Tartu.<\/p>\n\n\n\n<p class=\"wp-block-paragraph\">O parte a catedralei a fost reconstruit\u0103 \u00een secolul al XIX-lea, iar ast\u0103zi g\u0103zduie\u0219te <strong>muzeul universit\u0103\u021bii<\/strong>, de unde, dup\u0103 ce urci \u00een turnurile p\u0103strate, ai o <strong>priveli\u0219te superb\u0103 asupra \u00eentregului ora\u0219<\/strong>.<\/p>\n\n\n\n<p class=\"wp-block-paragraph\">\ud83d\udca1 Sfat: Plimbarea prin parc este gratuit\u0103 \u0219i <strong>rezerv\u0103-\u021bi lini\u0219tit dou\u0103 ore pentru ea<\/strong>. Accesul \u00een turnuri \u0219i \u00een muzeu cost\u0103 orientativ 7 euro (circa 35 lei).<\/p>\n\n\n\n<figure data-wp-context=\"{&quot;imageId&quot;:&quot;6a955bd953794&quot;}\" data-wp-interactive=\"core\/image\" data-wp-key=\"6a955bd953794\" class=\"wp-block-image size-full wp-lightbox-container\"><img decoding=\"async\" width=\"1800\" height=\"1350\" data-wp-class--hide=\"state.isContentHidden\" data-wp-class--show=\"state.isContentVisible\" data-wp-init=\"callbacks.setButtonStyles\" data-wp-on--click=\"actions.showLightbox\" data-wp-on--load=\"callbacks.setButtonStyles\" data-wp-on--pointerdown=\"actions.preloadImage\" data-wp-on--pointerenter=\"actions.preloadImageWithDelay\" data-wp-on--pointerleave=\"actions.cancelPreload\" data-wp-on-window--resize=\"callbacks.setButtonStyles\" src=\"https:\/\/loudavymkrokem.cz\/wp-content\/uploads\/2026\/07\/estonsko-clanky-tartu-co-videt-09.jpg\" alt=\"Podul \u00cengerului pe Toomem\u00e4gi\" class=\"wp-image-350644\" title=\"\" srcset=\"https:\/\/loudavymkrokem.cz\/wp-content\/uploads\/2026\/07\/estonsko-clanky-tartu-co-videt-09.jpg 1800w, https:\/\/loudavymkrokem.cz\/wp-content\/uploads\/2026\/07\/estonsko-clanky-tartu-co-videt-09-300x225.jpg 300w, https:\/\/loudavymkrokem.cz\/wp-content\/uploads\/2026\/07\/estonsko-clanky-tartu-co-videt-09-700x525.jpg 700w, https:\/\/loudavymkrokem.cz\/wp-content\/uploads\/2026\/07\/estonsko-clanky-tartu-co-videt-09-768x576.jpg 768w, https:\/\/loudavymkrokem.cz\/wp-content\/uploads\/2026\/07\/estonsko-clanky-tartu-co-videt-09-1536x1152.jpg 1536w, https:\/\/loudavymkrokem.cz\/wp-content\/uploads\/2026\/07\/estonsko-clanky-tartu-co-videt-09-80x60.jpg 80w, https:\/\/loudavymkrokem.cz\/wp-content\/uploads\/2026\/07\/estonsko-clanky-tartu-co-videt-09-160x120.jpg 160w, https:\/\/loudavymkrokem.cz\/wp-content\/uploads\/2026\/07\/estonsko-clanky-tartu-co-videt-09-696x522.jpg 696w, https:\/\/loudavymkrokem.cz\/wp-content\/uploads\/2026\/07\/estonsko-clanky-tartu-co-videt-09-1392x1044.jpg 1392w\" sizes=\"(max-width: 1800px) 100vw, 1800px\" \/><button\n\t\t\tclass=\"lightbox-trigger\"\n\t\t\ttype=\"button\"\n\t\t\taria-haspopup=\"dialog\"\n\t\t\tdata-wp-bind--aria-label=\"state.thisImage.triggerButtonAriaLabel\"\n\t\t\tdata-wp-init=\"callbacks.initTriggerButton\"\n\t\t\tdata-wp-on--click=\"actions.showLightbox\"\n\t\t\tdata-wp-style--right=\"state.thisImage.buttonRight\"\n\t\t\tdata-wp-style--top=\"state.thisImage.buttonTop\"\n\t\t>\n\t\t\t<svg xmlns=\"http:\/\/www.w3.org\/2000\/svg\" width=\"12\" height=\"12\" fill=\"none\" viewBox=\"0 0 12 12\">\n\t\t\t\t<path fill=\"#fff\" d=\"M2 0a2 2 0 0 0-2 2v2h1.5V2a.5.5 0 0 1 .5-.5h2V0H2Zm2 10.5H2a.5.5 0 0 1-.5-.5V8H0v2a2 2 0 0 0 2 2h2v-1.5ZM8 12v-1.5h2a.5.5 0 0 0 .5-.5V8H12v2a2 2 0 0 1-2 2H8Zm2-12a2 2 0 0 1 2 2v2h-1.5V2a.5.5 0 0 0-.5-.5H8V0h2Z\" \/>\n\t\t\t<\/svg>\n\t\t<\/button><figcaption class=\"wp-element-caption\">Foto: Tusklikupreili \/ Wikimedia Commons, CC BY-SA 4.0<\/figcaption><\/figure>\n\n\n\n<h3 class=\"wp-block-heading\"><span class=\"ez-toc-section\" id=\"4_Podul_Ingerului_si_Podul_Diavolului_pline_de_superstitii\"><\/span>4. Podul \u00cengerului \u0219i Podul Diavolului, pline de supersti\u021bii<span class=\"ez-toc-section-end\"><\/span><\/h3>\n\n\n\n<p class=\"wp-block-paragraph\">C\u00e2nd te plimbi pe dealul Toomem\u00e4gi, dai cu siguran\u021b\u0103 de dou\u0103 poduri celebre. Cel mai deschis la culoare se nume\u0219te <strong>Podul \u00cengerului<\/strong> (Inglisild) \u0219i a fost construit \u00een onoarea primului rector al universit\u0103\u021bii re\u00eenfiin\u021bate.<\/p>\n\n\n\n<p class=\"wp-block-paragraph\">De acest pod se leag\u0103 o supersti\u021bie studen\u021beasc\u0103 frumoas\u0103. Se spune c\u0103, atunci c\u00e2nd treci prima dat\u0103 peste el, <strong>trebuie s\u0103-\u021bi \u021bii respira\u021bia<\/strong> \u0219i s\u0103-\u021bi pui o dorin\u021b\u0103. Dac\u0103 reu\u0219e\u0219ti s\u0103 ajungi \u00een cealalt\u0103 parte, dorin\u021ba \u021bi se \u00eempline\u0219te negre\u0219it. \u00cencearc\u0103 \u00eens\u0103 s\u0103-\u021bi dore\u0219ti ceva pentru care \u00ee\u021bi ajunge aerul, pentru c\u0103 podul nu e chiar cel mai scurt.<\/p>\n\n\n\n<p class=\"wp-block-paragraph\">Ceva mai \u00eencolo se afl\u0103 mai \u00eentunecatul <strong>Pod al Diavolului<\/strong> (Kuradisild), construit cu ocazia anivers\u0103rii dinastiei Romanov. Contrastul dintre cele dou\u0103 construc\u021bii completeaz\u0103 frumos diversitatea istoric\u0103 a \u00eentregului deal.<\/p>\n\n\n\n<p class=\"wp-block-paragraph\">\ud83d\udca1 Sfat: Vizitarea ambelor poduri \u0219i \u00eencercarea norocului cu respira\u021bia \u021binut\u0103 \u00ee\u021bi <strong>ia aproximativ 30 de minute<\/strong> \u0219i este, fire\u0219te, gratuit\u0103.<\/p>\n\n\n\n<figure data-wp-context=\"{&quot;imageId&quot;:&quot;6a955bd953e65&quot;}\" data-wp-interactive=\"core\/image\" data-wp-key=\"6a955bd953e65\" class=\"wp-block-image size-full wp-lightbox-container\"><img decoding=\"async\" width=\"1800\" height=\"1200\" data-wp-class--hide=\"state.isContentHidden\" data-wp-class--show=\"state.isContentVisible\" data-wp-init=\"callbacks.setButtonStyles\" data-wp-on--click=\"actions.showLightbox\" data-wp-on--load=\"callbacks.setButtonStyles\" data-wp-on--pointerdown=\"actions.preloadImage\" data-wp-on--pointerenter=\"actions.preloadImageWithDelay\" data-wp-on--pointerleave=\"actions.cancelPreload\" data-wp-on-window--resize=\"callbacks.setButtonStyles\" src=\"https:\/\/loudavymkrokem.cz\/wp-content\/uploads\/2026\/07\/estonsko-clanky-tartu-co-videt-10.jpg\" alt=\"Centrul \u0219tiin\u021bific AHHAA\" class=\"wp-image-350651\" title=\"\" srcset=\"https:\/\/loudavymkrokem.cz\/wp-content\/uploads\/2026\/07\/estonsko-clanky-tartu-co-videt-10.jpg 1800w, https:\/\/loudavymkrokem.cz\/wp-content\/uploads\/2026\/07\/estonsko-clanky-tartu-co-videt-10-300x200.jpg 300w, https:\/\/loudavymkrokem.cz\/wp-content\/uploads\/2026\/07\/estonsko-clanky-tartu-co-videt-10-700x467.jpg 700w, https:\/\/loudavymkrokem.cz\/wp-content\/uploads\/2026\/07\/estonsko-clanky-tartu-co-videt-10-768x512.jpg 768w, https:\/\/loudavymkrokem.cz\/wp-content\/uploads\/2026\/07\/estonsko-clanky-tartu-co-videt-10-1536x1024.jpg 1536w, https:\/\/loudavymkrokem.cz\/wp-content\/uploads\/2026\/07\/estonsko-clanky-tartu-co-videt-10-696x464.jpg 696w, https:\/\/loudavymkrokem.cz\/wp-content\/uploads\/2026\/07\/estonsko-clanky-tartu-co-videt-10-1392x928.jpg 1392w\" sizes=\"(max-width: 1800px) 100vw, 1800px\" \/><button\n\t\t\tclass=\"lightbox-trigger\"\n\t\t\ttype=\"button\"\n\t\t\taria-haspopup=\"dialog\"\n\t\t\tdata-wp-bind--aria-label=\"state.thisImage.triggerButtonAriaLabel\"\n\t\t\tdata-wp-init=\"callbacks.initTriggerButton\"\n\t\t\tdata-wp-on--click=\"actions.showLightbox\"\n\t\t\tdata-wp-style--right=\"state.thisImage.buttonRight\"\n\t\t\tdata-wp-style--top=\"state.thisImage.buttonTop\"\n\t\t>\n\t\t\t<svg xmlns=\"http:\/\/www.w3.org\/2000\/svg\" width=\"12\" height=\"12\" fill=\"none\" viewBox=\"0 0 12 12\">\n\t\t\t\t<path fill=\"#fff\" d=\"M2 0a2 2 0 0 0-2 2v2h1.5V2a.5.5 0 0 1 .5-.5h2V0H2Zm2 10.5H2a.5.5 0 0 1-.5-.5V8H0v2a2 2 0 0 0 2 2h2v-1.5ZM8 12v-1.5h2a.5.5 0 0 0 .5-.5V8H12v2a2 2 0 0 1-2 2H8Zm2-12a2 2 0 0 1 2 2v2h-1.5V2a.5.5 0 0 0-.5-.5H8V0h2Z\" \/>\n\t\t\t<\/svg>\n\t\t<\/button><figcaption class=\"wp-element-caption\">Foto: M\u00e4rt Kose \/ Wikimedia Commons, CC BY 4.0<\/figcaption><\/figure>\n\n\n\n<h3 class=\"wp-block-heading\"><span class=\"ez-toc-section\" id=\"5_Centrul_stiintific_AHHAA\"><\/span>5. Centrul \u0219tiin\u021bific AHHAA<span class=\"ez-toc-section-end\"><\/span><\/h3>\n\n\n\n<p class=\"wp-block-paragraph\">Dac\u0103 te pasioneaz\u0103 \u0219tiin\u021ba sau c\u0103l\u0103tore\u0219ti cu copiii, acest loc nu trebuie ratat. AHHAA este <a href=\"https:\/\/ahhaa.ee\/\" rel=\"nofollow noopener\" target=\"_blank\"><strong>cel mai mare centru \u0219tiin\u021bific din \u021a\u0103rile Baltice<\/strong><\/a> \u0219i reprezint\u0103 un adev\u0103rat paradis pentru firile curioase.<\/p>\n\n\n\n<p class=\"wp-block-paragraph\">Nu te a\u0219tepta la vitrine plictisitoare, aici trebuie s\u0103 <strong>atingi \u0219i s\u0103 \u00eencerci totul<\/strong>. Po\u021bi merge cu bicicleta pe o s\u00e2rm\u0103 \u00eentins\u0103 sus, aproape de tavan, te po\u021bi r\u0103t\u0103ci \u00eentr-un labirint de oglinzi sau po\u021bi explora lumea acvatic\u0103.<\/p>\n\n\n\n<p class=\"wp-block-paragraph\">Este \u0219i un refugiu absolut ideal \u00een cazul \u00een care vremea din Estonia nu \u021bi-ar fi favorabil\u0103 \u0219i ar \u00eencepe s\u0103 plou\u0103. Biletele pentru astfel de atrac\u021bii le po\u021bi uneori rezerva \u0219i <strong>online, prin platforme precum GetYourGuide<\/strong>.<\/p>\n\n\n\n<p class=\"wp-block-paragraph\">\ud83d\udca1 Sfat: Vizita te \u021bine ocupat f\u0103r\u0103 probleme <strong>trei\u2013patru ore<\/strong>. Pre\u021bul orientativ pentru o familie este \u00een jur de 45 de euro (circa 220 lei), iar un adult pl\u0103te\u0219te 20 de euro (circa 100 lei).<\/p>\n\n\n\n<figure data-wp-context=\"{&quot;imageId&quot;:&quot;6a955bd95454b&quot;}\" data-wp-interactive=\"core\/image\" data-wp-key=\"6a955bd95454b\" class=\"wp-block-image size-full wp-lightbox-container\"><img decoding=\"async\" width=\"1800\" height=\"1200\" data-wp-class--hide=\"state.isContentHidden\" data-wp-class--show=\"state.isContentVisible\" data-wp-init=\"callbacks.setButtonStyles\" data-wp-on--click=\"actions.showLightbox\" data-wp-on--load=\"callbacks.setButtonStyles\" data-wp-on--pointerdown=\"actions.preloadImage\" data-wp-on--pointerenter=\"actions.preloadImageWithDelay\" data-wp-on--pointerleave=\"actions.cancelPreload\" data-wp-on-window--resize=\"callbacks.setButtonStyles\" src=\"https:\/\/loudavymkrokem.cz\/wp-content\/uploads\/2026\/07\/estonsko-clanky-tartu-co-videt-11.jpg\" alt=\"Muzeul Na\u021bional Estonian pe fostul aeroport\" class=\"wp-image-350661\" title=\"\" srcset=\"https:\/\/loudavymkrokem.cz\/wp-content\/uploads\/2026\/07\/estonsko-clanky-tartu-co-videt-11.jpg 1800w, https:\/\/loudavymkrokem.cz\/wp-content\/uploads\/2026\/07\/estonsko-clanky-tartu-co-videt-11-300x200.jpg 300w, https:\/\/loudavymkrokem.cz\/wp-content\/uploads\/2026\/07\/estonsko-clanky-tartu-co-videt-11-700x467.jpg 700w, https:\/\/loudavymkrokem.cz\/wp-content\/uploads\/2026\/07\/estonsko-clanky-tartu-co-videt-11-768x512.jpg 768w, https:\/\/loudavymkrokem.cz\/wp-content\/uploads\/2026\/07\/estonsko-clanky-tartu-co-videt-11-1536x1024.jpg 1536w, https:\/\/loudavymkrokem.cz\/wp-content\/uploads\/2026\/07\/estonsko-clanky-tartu-co-videt-11-696x464.jpg 696w, https:\/\/loudavymkrokem.cz\/wp-content\/uploads\/2026\/07\/estonsko-clanky-tartu-co-videt-11-1392x928.jpg 1392w\" sizes=\"(max-width: 1800px) 100vw, 1800px\" \/><button\n\t\t\tclass=\"lightbox-trigger\"\n\t\t\ttype=\"button\"\n\t\t\taria-haspopup=\"dialog\"\n\t\t\tdata-wp-bind--aria-label=\"state.thisImage.triggerButtonAriaLabel\"\n\t\t\tdata-wp-init=\"callbacks.initTriggerButton\"\n\t\t\tdata-wp-on--click=\"actions.showLightbox\"\n\t\t\tdata-wp-style--right=\"state.thisImage.buttonRight\"\n\t\t\tdata-wp-style--top=\"state.thisImage.buttonTop\"\n\t\t>\n\t\t\t<svg xmlns=\"http:\/\/www.w3.org\/2000\/svg\" width=\"12\" height=\"12\" fill=\"none\" viewBox=\"0 0 12 12\">\n\t\t\t\t<path fill=\"#fff\" d=\"M2 0a2 2 0 0 0-2 2v2h1.5V2a.5.5 0 0 1 .5-.5h2V0H2Zm2 10.5H2a.5.5 0 0 1-.5-.5V8H0v2a2 2 0 0 0 2 2h2v-1.5ZM8 12v-1.5h2a.5.5 0 0 0 .5-.5V8H12v2a2 2 0 0 1-2 2H8Zm2-12a2 2 0 0 1 2 2v2h-1.5V2a.5.5 0 0 0-.5-.5H8V0h2Z\" \/>\n\t\t\t<\/svg>\n\t\t<\/button><figcaption class=\"wp-element-caption\">Foto: WanderingTrad \/ Wikimedia Commons, CC BY-SA 4.0<\/figcaption><\/figure>\n\n\n\n<h3 class=\"wp-block-heading\"><span class=\"ez-toc-section\" id=\"6_Muzeul_National_Estonian_ERM\"><\/span>6. Muzeul Na\u021bional Estonian (ERM)<span class=\"ez-toc-section-end\"><\/span><\/h3>\n\n\n\n<p class=\"wp-block-paragraph\">Chiar dac\u0103 \u00een mod normal nu prea cau\u021bi muzee, acesta te va l\u0103sa probabil cu gura c\u0103scat\u0103. <a href=\"https:\/\/www.erm.ee\/\" rel=\"nofollow noopener\" target=\"_blank\"><strong>Muzeul Na\u021bional Estonian (ERM)<\/strong><\/a> se afl\u0103 la marginea ora\u0219ului, \u00een cartierul Raadi, \u0219i st\u0103 pe locul unui fost aeroport militar sovietic.<\/p>\n\n\n\n<p class=\"wp-block-paragraph\">Cl\u0103direa \u00een sine este un <strong>uria\u0219 triumf arhitectural<\/strong>, o imens\u0103 <strong>pan\u0103 de sticl\u0103 lung\u0103 de 350 de metri<\/strong>, care continu\u0103 lin fosta pist\u0103 de aterizare.<\/p>\n\n\n\n<p class=\"wp-block-paragraph\">\u00cen\u0103untru g\u0103se\u0219ti expozi\u021bii interactive realizate la cel mai \u00eenalt nivel, care contureaz\u0103 istoria Estoniei \u0219i a popoarelor fino-ugrice. Toate textele sunt pe ni\u0219te carduri inteligente speciale, pe care le setezi la intrare pe limba ta, ceea ce este incredibil de practic. Deosebit de puternic\u0103 este partea dedicat\u0103 <strong>vie\u021bii de zi cu zi din timpul ocupa\u021biei sovietice<\/strong>, care \u00ee\u021bi explic\u0103 multe despre mentalitatea local\u0103.<\/p>\n\n\n\n<p class=\"wp-block-paragraph\">\ud83d\udca1 Sfat: Pentru acest loc uimitor rezerv\u0103-\u021bi <strong>minimum trei ore<\/strong>. Pre\u021bul de intrare orientativ este de aproximativ 15 euro (circa 75 lei).<\/p>\n\n\n\n<figure data-wp-context=\"{&quot;imageId&quot;:&quot;6a955bd954c1f&quot;}\" data-wp-interactive=\"core\/image\" data-wp-key=\"6a955bd954c1f\" class=\"wp-block-image size-full wp-lightbox-container\"><img decoding=\"async\" width=\"1800\" height=\"1224\" data-wp-class--hide=\"state.isContentHidden\" data-wp-class--show=\"state.isContentVisible\" data-wp-init=\"callbacks.setButtonStyles\" data-wp-on--click=\"actions.showLightbox\" data-wp-on--load=\"callbacks.setButtonStyles\" data-wp-on--pointerdown=\"actions.preloadImage\" data-wp-on--pointerenter=\"actions.preloadImageWithDelay\" data-wp-on--pointerleave=\"actions.cancelPreload\" data-wp-on-window--resize=\"callbacks.setButtonStyles\" src=\"https:\/\/loudavymkrokem.cz\/wp-content\/uploads\/2026\/07\/estonsko-clanky-tartu-co-videt-12.jpg\" alt=\"C\u0103su\u021be de lemn \u00een cartierul Supilinn\" class=\"wp-image-350671\" title=\"\" srcset=\"https:\/\/loudavymkrokem.cz\/wp-content\/uploads\/2026\/07\/estonsko-clanky-tartu-co-videt-12.jpg 1800w, https:\/\/loudavymkrokem.cz\/wp-content\/uploads\/2026\/07\/estonsko-clanky-tartu-co-videt-12-300x204.jpg 300w, https:\/\/loudavymkrokem.cz\/wp-content\/uploads\/2026\/07\/estonsko-clanky-tartu-co-videt-12-700x476.jpg 700w, https:\/\/loudavymkrokem.cz\/wp-content\/uploads\/2026\/07\/estonsko-clanky-tartu-co-videt-12-768x522.jpg 768w, https:\/\/loudavymkrokem.cz\/wp-content\/uploads\/2026\/07\/estonsko-clanky-tartu-co-videt-12-1536x1044.jpg 1536w, https:\/\/loudavymkrokem.cz\/wp-content\/uploads\/2026\/07\/estonsko-clanky-tartu-co-videt-12-696x473.jpg 696w, https:\/\/loudavymkrokem.cz\/wp-content\/uploads\/2026\/07\/estonsko-clanky-tartu-co-videt-12-1392x947.jpg 1392w\" sizes=\"(max-width: 1800px) 100vw, 1800px\" \/><button\n\t\t\tclass=\"lightbox-trigger\"\n\t\t\ttype=\"button\"\n\t\t\taria-haspopup=\"dialog\"\n\t\t\tdata-wp-bind--aria-label=\"state.thisImage.triggerButtonAriaLabel\"\n\t\t\tdata-wp-init=\"callbacks.initTriggerButton\"\n\t\t\tdata-wp-on--click=\"actions.showLightbox\"\n\t\t\tdata-wp-style--right=\"state.thisImage.buttonRight\"\n\t\t\tdata-wp-style--top=\"state.thisImage.buttonTop\"\n\t\t>\n\t\t\t<svg xmlns=\"http:\/\/www.w3.org\/2000\/svg\" width=\"12\" height=\"12\" fill=\"none\" viewBox=\"0 0 12 12\">\n\t\t\t\t<path fill=\"#fff\" d=\"M2 0a2 2 0 0 0-2 2v2h1.5V2a.5.5 0 0 1 .5-.5h2V0H2Zm2 10.5H2a.5.5 0 0 1-.5-.5V8H0v2a2 2 0 0 0 2 2h2v-1.5ZM8 12v-1.5h2a.5.5 0 0 0 .5-.5V8H12v2a2 2 0 0 1-2 2H8Zm2-12a2 2 0 0 1 2 2v2h-1.5V2a.5.5 0 0 0-.5-.5H8V0h2Z\" \/>\n\t\t\t<\/svg>\n\t\t<\/button><figcaption class=\"wp-element-caption\">Foto: Kurt Smith \/ Pexels<\/figcaption><\/figure>\n\n\n\n<!-- LKM_GYG_CARD start q=\"tartu\" lang=\"ro\" rendered=\"2026-08-31T08:33:26+00:00\" v=\"1\" -->\n\n<!-- LKM_GYG_CARD end -->\n\n\n\n\n<div class=\"lk-stays-module\">\n<style>\n\/* \u2500\u2500\u2500 RESET PRO GUTENBERG \u2500\u2500\u2500 *\/\n.lk-stays-module * { box-sizing: border-box; margin: 0; padding: 0; }\n\n\/* \u2500\u2500\u2500 WRAPPER \u2500\u2500\u2500 *\/\n.lk-stays-module {\n  font-family: 'DM Sans', Georgia, sans-serif;\n  max-width: 100%;\n  margin: 2.5rem auto;\n  background: linear-gradient(135deg, #fdfaf5 0%, #fcf8f0 100%);\n  border: 1px solid #e8dfd4;\n  border-radius: 16px;\n  overflow: hidden;\n  box-shadow: 0 16px 48px rgba(195, 159, 118, 0.25), 0 4px 12px rgba(0,0,0,0.08);\n}\n\n\/* \u2500\u2500\u2500 HEADER \u2500\u2500\u2500 *\/\n.lk-stays-header {\n  position: relative;\n  padding: 24px 36px 24px;\n  background: linear-gradient(135deg, #c39f76 0%, #d4b188 60%, #c39f76 100%);\n  border-bottom: 1px solid rgba(255,255,255,.15);\n  display: flex;\n  align-items: center;\n  gap: 18px;\n}\n.lk-stays-header::before {\n  content: '';\n  position: absolute;\n  inset: 0;\n  background: url(\"data:image\/svg+xml,%3Csvg width='60' height='60' viewBox='0 0 60 60' xmlns='http:\/\/www.w3.org\/2000\/svg'%3E%3Cg fill='none' fill-rule='evenodd'%3E%3Cg fill='%23ffffff' fill-opacity='0.05'%3E%3Cpath d='M36 34v-4h-2v4h-4v2h4v4h2v-4h4v-2h-4zm0-30V0h-2v4h-4v2h4v4h2V6h4V4h-4zM6 34v-4H4v4H0v2h4v4h2v-4h4v-2H6zM6 4V0H4v4H0v2h4v4h2V6h4V4H6z'\/%3E%3C\/g%3E%3C\/g%3E%3C\/svg%3E\") repeat;\n  pointer-events: none;\n}\n.lk-stays-icon {\n  flex-shrink: 0;\n  width: 68px;\n  height: 68px;\n  border-radius: 14px;\n  background: linear-gradient(135deg, #fff 0%, #f9f6f0 100%);\n  display: flex;\n  align-items: center;\n  justify-content: center;\n  font-size: 26px;\n  box-shadow: 0 4px 12px rgba(0,0,0,0.15);\n}\n.lk-stays-eyebrow {\n  font-size: 10px;\n  font-weight: 500;\n  letter-spacing: 2.5px;\n  text-transform: uppercase;\n  color: rgba(255,255,255,.85);\n  margin: 0 0 5px 0;\n}\n.lk-stays-title {\n  font-family: 'Playfair Display', Georgia, serif;\n  font-size: 24px;\n  font-weight: 700;\n  color: #fff;\n  line-height: 1.2;\n  text-shadow: 0 1px 2px rgba(0,0,0,0.1);\n  margin: 0;\n}\n.lk-stays-subtitle {\n  font-size: 13px;\n  color: rgba(255,255,255,.75);\n  margin: 4px 0 0 0;\n  font-weight: 300;\n}\n\n\/* \u2500\u2500\u2500 CARDS GRID \u2500\u2500\u2500 *\/\n.lk-stays-grid {\n  display: grid;\n  grid-template-columns: 1fr 1fr;\n  gap: 1px;\n  background: rgba(195, 159, 118, 0.12);\n}\n\n\/* \u2500\u2500\u2500 SINGLE CARD \u2500\u2500\u2500 *\/\n.lk-stay-card {\n  background: #ffffff;\n  padding: 26px;\n  display: flex;\n  flex-direction: column;\n  gap: 11px;\n  transition: all 0.3s ease;\n  text-decoration: none;\n  color: inherit;\n  position: relative;\n}\n.lk-stay-card:hover {\n  background: #fffbf5;\n  transform: translateY(-2px);\n  box-shadow: 0 8px 24px rgba(195, 159, 118, 0.18);\n  z-index: 1;\n}\n.lk-stay-card.featured {\n  background: linear-gradient(135deg, #fffdf9 0%, #fff9f0 100%);\n  box-shadow: 0 4px 16px rgba(195, 159, 118, 0.15), inset 0 1px 0 rgba(195, 159, 118, 0.1);\n}\n.lk-stay-card.featured:hover {\n  background: linear-gradient(135deg, #fffbf5 0%, #fff8ed 100%);\n  box-shadow: 0 8px 24px rgba(195, 159, 118, 0.25), inset 0 1px 0 rgba(195, 159, 118, 0.15);\n}\n\n.lk-stay-badge {\n  display: inline-flex;\n  align-items: center;\n  gap: 5px;\n  font-size: 10px;\n  font-weight: 500;\n  letter-spacing: 1.5px;\n  text-transform: uppercase;\n  padding: 5px 11px;\n  border-radius: 20px;\n  width: fit-content;\n}\n.badge-top     { background: linear-gradient(135deg, #c39f76 0%, #d4b188 100%); color: #fff; border: 1px solid #c39f76; font-weight: 600; box-shadow: 0 2px 8px rgba(195,159,118,0.3); }\n.badge-luxury  { background: rgba(195,159,118,.12); color: #c39f76; border: 1px solid rgba(195,159,118,.25); }\n.badge-boutique{ background: rgba(54,133,252,.08); color: #3685fc; border: 1px solid rgba(54,133,252,.2); }\n.badge-nature  { background: rgba(130,190,100,.1); color: #6b9c4a; border: 1px solid rgba(130,190,100,.2); }\n.badge-remote  { background: rgba(195,159,118,.12); color: #a67e50; border: 1px solid rgba(195,159,118,.25); }\n\n.lk-stay-name {\n  font-family: 'Playfair Display', Georgia, serif;\n  font-size: 18px;\n  font-weight: 700;\n  color: #111827;\n  line-height: 1.3;\n}\n.lk-stay-desc {\n  font-size: 13.5px;\n  color: #525252;\n  line-height: 1.65;\n  font-weight: 300;\n  flex: 1;\n}\n\n.lk-stay-meta {\n  display: flex;\n  align-items: center;\n  gap: 12px;\n  flex-wrap: wrap;\n  margin-top: 4px;\n}\n.lk-stay-price {\n  font-size: 13px;\n  color: #6b7280;\n}\n.lk-stay-price strong {\n  color: #c39f76;\n  font-weight: 500;\n}\n.lk-stay-stars {\n  color: #c39f76;\n  font-size: 11px;\n  letter-spacing: 1px;\n}\n\n\/* \u2500\u2500\u2500 CTA BUTTON \u2500\u2500\u2500 *\/\n.lk-stay-cta {\n  display: inline-flex;\n  align-items: center;\n  justify-content: center;\n  gap: 7px;\n  margin-top: 8px;\n  padding: 11px 20px;\n  border-radius: 8px;\n  background: linear-gradient(135deg, #3685fc 0%, #2a6fd9 100%);\n  color: #fff;\n  font-size: 13px;\n  font-weight: 500;\n  text-decoration: none;\n  letter-spacing: .3px;\n  transition: all .2s ease;\n  cursor: pointer;\n  border: none;\n  text-align: center;\n  box-shadow: 0 4px 12px rgba(54, 133, 252, 0.25);\n}\n.lk-stay-cta:hover {\n  background: linear-gradient(135deg, #2a6fd9 0%, #1e5bc4 100%);\n  transform: translateY(-1px);\n  box-shadow: 0 6px 16px rgba(54, 133, 252, 0.35);\n}\n.lk-stay-cta svg { flex-shrink: 0; }\n\n\/* \u2500\u2500\u2500 FOOTER \u2500\u2500\u2500 *\/\n.lk-stays-footer {\n  padding: 18px 36px;\n  background: linear-gradient(to bottom, #fdfaf5 0%, #f9f4ed 100%);\n  border-top: 1px solid rgba(195, 159, 118, 0.15);\n  display: flex;\n  align-items: center;\n  justify-content: space-between;\n  flex-wrap: wrap;\n  gap: 12px;\n}\n.lk-stays-footer-note {\n  font-size: 11.5px;\n  color: #6b7280;\n  font-weight: 300;\n  line-height: 1.5;\n}\n.lk-stays-footer-note a {\n  color: #c39f76;\n  text-decoration: none;\n  font-weight: 400;\n}\n.lk-stays-footer-note a:hover {\n  text-decoration: underline;\n}\n.lk-stays-all-btn {\n  display: inline-flex;\n  align-items: center;\n  gap: 6px;\n  font-size: 12.5px;\n  font-weight: 500;\n  color: #c39f76;\n  text-decoration: none;\n  border: 1px solid rgba(195, 159, 118, 0.35);\n  padding: 8px 18px;\n  border-radius: 8px;\n  transition: all .2s ease;\n}\n.lk-stays-all-btn:hover {\n  background: rgba(195, 159, 118, 0.08);\n  border-color: rgba(195, 159, 118, 0.5);\n}\n\n\/* \u2500\u2500\u2500 RESPONSIVE \u2500\u2500\u2500 *\/\n@media (max-width: 600px) {\n  .lk-stays-grid { grid-template-columns: 1fr; }\n  .lk-stays-header { padding: 24px 20px; }\n  .lk-stays-footer { padding: 16px 20px; }\n  .lk-stay-card { padding: 22px; }\n  .lk-stays-title { font-size: 20px; }\n}\n<\/style>\n\n  <!-- HEADER -->\n  <div class=\"lk-stays-header\">\n    <img decoding=\"async\" src=\"https:\/\/loudavymkrokem.cz\/wp-content\/uploads\/2026\/02\/lukas-a-lucka.jpg\" alt=\"\" style=\"width: 75px; height: 75px; border-radius: 8px; flex-shrink: 0; object-fit: cover; display: block; margin: 4px 0;\" title=\"\">\n    <div class=\"lk-stays-header-text\">\n      <div class=\"lk-stays-eyebrow\">Luk\u00e1\u0161 \u0219i Lucie recomand\u0103<\/div>\n      <div class=\"lk-stays-title\">Unde s\u0103 te cazezi \u00een Tartu<\/div>\n      <div class=\"lk-stays-subtitle\">6 caz\u0103ri \u2014 hoteluri, hoteluri wellness \u0219i alte op\u021biuni de cazare<\/div>\n    <\/div>\n  <\/div>\n\n  <!-- CARDS -->\n  <div class=\"lk-stays-grid\">\n\n    <a class=\"lk-stay-card featured\" href=\"https:\/\/www.stay22.com\/allez\/roam?aid=lukaskonecny&#038;campaign=loudavymkrokemcz&#038;campaign=ro&#038;campaign=tartu-co-videt&#038;hotelname=Lydia%20Hotel&#038;address=Tartu%2C%20Estonsko\" target=\"_blank\" rel=\"nofollow noopener\">\n      <span class=\"lk-stay-badge badge-top\">\u2b50 TOP ALEGERE<\/span>\n      <span class=\"lk-stay-badge badge-nature\">\ud83c\udfe8 Hotel<\/span>\n      <div class=\"lk-stay-name\">Lydia Hotel<\/div>\n      <div class=\"lk-stay-desc\">Una dintre cele mai bine cotate adrese direct \u00een inima ora\u0219ului, cu piscin\u0103 \u0219i saun\u0103.<\/div>\n      <div class=\"lk-stay-meta\">\n        <span class=\"lk-stay-stars\">\u2605\u2605\u2605\u2605<\/span>\n        <span class=\"lk-stay-price\">Verific\u0103 pre\u021burile<\/span>\n      <\/div>\n      <span class=\"lk-stay-cta\">\n        <svg width=\"14\" height=\"14\" viewBox=\"0 0 24 24\" fill=\"none\" stroke=\"currentColor\" stroke-width=\"2\"><path d=\"M18 13v6a2 2 0 0 1-2 2H5a2 2 0 0 1-2-2V8a2 2 0 0 1 2-2h6\"\/><polyline points=\"15 3 21 3 21 9\"\/><line x1=\"10\" y1=\"14\" x2=\"21\" y2=\"3\"\/><\/svg>\n        Verific\u0103 disponibilitatea\n      <\/span>\n    <\/a>\n\n    <a class=\"lk-stay-card\" href=\"https:\/\/www.stay22.com\/allez\/roam?aid=lukaskonecny&#038;campaign=loudavymkrokemcz&#038;campaign=ro&#038;campaign=tartu-co-videt&#038;hotelname=V%20Spa%20Hotel%20and%20Conference%20centre&#038;address=Tartu%2C%20Estonsko\" target=\"_blank\" rel=\"nofollow noopener\">\n      <span class=\"lk-stay-badge badge-nature\">\u2b50 Luxury<\/span>\n      <div class=\"lk-stay-name\">V Spa Hotel and Conference centre<\/div>\n      <div class=\"lk-stay-desc\">Experien\u021b\u0103 wellness cu un complex spa complet direct \u00een hotel.<\/div>\n      <div class=\"lk-stay-meta\">\n        <span class=\"lk-stay-stars\">\u2605\u2605\u2605\u2605<\/span>\n        <span class=\"lk-stay-price\">Verific\u0103 pre\u021burile<\/span>\n      <\/div>\n      <span class=\"lk-stay-cta\">\n        <svg width=\"14\" height=\"14\" viewBox=\"0 0 24 24\" fill=\"none\" stroke=\"currentColor\" stroke-width=\"2\"><path d=\"M18 13v6a2 2 0 0 1-2 2H5a2 2 0 0 1-2-2V8a2 2 0 0 1 2-2h6\"\/><polyline points=\"15 3 21 3 21 9\"\/><line x1=\"10\" y1=\"14\" x2=\"21\" y2=\"3\"\/><\/svg>\n        Verific\u0103 disponibilitatea\n      <\/span>\n    <\/a>\n\n    <a class=\"lk-stay-card\" href=\"https:\/\/www.stay22.com\/allez\/roam?aid=lukaskonecny&#038;campaign=loudavymkrokemcz&#038;campaign=ro&#038;campaign=tartu-co-videt&#038;hotelname=Hotel%20Antonius&#038;address=Tartu%2C%20Estonsko\" target=\"_blank\" rel=\"nofollow noopener\">\n      <span class=\"lk-stay-badge badge-nature\">\ud83c\udfe8 Hotel<\/span>\n      <div class=\"lk-stay-name\">Hotel Antonius<\/div>\n      <div class=\"lk-stay-desc\">Hotel boutique cu atmosfer\u0103 istoric\u0103 \u0219i interioare antice uimitoare.<\/div>\n      <div class=\"lk-stay-meta\">\n        <span class=\"lk-stay-stars\">\u2605\u2605\u2605\u2605<\/span>\n        <span class=\"lk-stay-price\">Verific\u0103 pre\u021burile<\/span>\n      <\/div>\n      <span class=\"lk-stay-cta\">\n        <svg width=\"14\" height=\"14\" viewBox=\"0 0 24 24\" fill=\"none\" stroke=\"currentColor\" stroke-width=\"2\"><path d=\"M18 13v6a2 2 0 0 1-2 2H5a2 2 0 0 1-2-2V8a2 2 0 0 1 2-2h6\"\/><polyline points=\"15 3 21 3 21 9\"\/><line x1=\"10\" y1=\"14\" x2=\"21\" y2=\"3\"\/><\/svg>\n        Verific\u0103 disponibilitatea\n      <\/span>\n    <\/a>\n\n    <a class=\"lk-stay-card\" href=\"https:\/\/www.stay22.com\/allez\/roam?aid=lukaskonecny&#038;campaign=loudavymkrokemcz&#038;campaign=ro&#038;campaign=tartu-co-videt&#038;hotelname=Hektor%20Design%20Hostel&#038;address=Tartu%2C%20Estonsko\" target=\"_blank\" rel=\"nofollow noopener\">\n      <span class=\"lk-stay-badge badge-nature\">\ud83c\udfe1 Pension\/B&#038;B<\/span>\n      <div class=\"lk-stay-name\">Hektor Design Hostel<\/div>\n      <div class=\"lk-stay-desc\">Hostel elegant care combin\u0103 accesibilitatea cu un design nordic excelent pentru c\u0103l\u0103torii cu buget limitat.<\/div>\n      <div class=\"lk-stay-meta\">\n        <span class=\"lk-stay-stars\">\u2605\u2605\u2605\u2605<\/span>\n        <span class=\"lk-stay-price\">Verific\u0103 pre\u021burile<\/span>\n      <\/div>\n      <span class=\"lk-stay-cta\">\n        <svg width=\"14\" height=\"14\" viewBox=\"0 0 24 24\" fill=\"none\" stroke=\"currentColor\" stroke-width=\"2\"><path d=\"M18 13v6a2 2 0 0 1-2 2H5a2 2 0 0 1-2-2V8a2 2 0 0 1 2-2h6\"\/><polyline points=\"15 3 21 3 21 9\"\/><line x1=\"10\" y1=\"14\" x2=\"21\" y2=\"3\"\/><\/svg>\n        Verific\u0103 disponibilitatea\n      <\/span>\n    <\/a>\n\n    <a class=\"lk-stay-card\" href=\"https:\/\/www.stay22.com\/allez\/roam?aid=lukaskonecny&#038;campaign=loudavymkrokemcz&#038;campaign=ro&#038;campaign=tartu-co-videt&#038;hotelname=Dorpat%20Hotel&#038;address=Tartu%2C%20Estonsko\" target=\"_blank\" rel=\"nofollow noopener\">\n      <span class=\"lk-stay-badge badge-nature\">\ud83c\udfe8 Hotel<\/span>\n      <div class=\"lk-stay-name\">Dorpat Hotel<\/div>\n      <div class=\"lk-stay-desc\">Op\u021biune de clas\u0103 medie fiabil\u0103 situat\u0103 chiar pe malul r\u00e2ului Emaj\u00f5gi.<\/div>\n      <div class=\"lk-stay-meta\">\n        <span class=\"lk-stay-stars\">\u2605\u2605\u2605\u2605<\/span>\n        <span class=\"lk-stay-price\">Verific\u0103 pre\u021burile<\/span>\n      <\/div>\n      <span class=\"lk-stay-cta\">\n        <svg width=\"14\" height=\"14\" viewBox=\"0 0 24 24\" fill=\"none\" stroke=\"currentColor\" stroke-width=\"2\"><path d=\"M18 13v6a2 2 0 0 1-2 2H5a2 2 0 0 1-2-2V8a2 2 0 0 1 2-2h6\"\/><polyline points=\"15 3 21 3 21 9\"\/><line x1=\"10\" y1=\"14\" x2=\"21\" y2=\"3\"\/><\/svg>\n        Verific\u0103 disponibilitatea\n      <\/span>\n    <\/a>\n\n    <a class=\"lk-stay-card\" href=\"https:\/\/www.stay22.com\/allez\/roam?aid=lukaskonecny&#038;campaign=loudavymkrokemcz&#038;campaign=ro&#038;campaign=tartucovidet&#038;address=tartu\" target=\"_blank\" rel=\"nofollow noopener\">\n      <span class=\"lk-stay-badge badge-nature\">\ud83d\udd0d Caut\u0103<\/span>\n      <div class=\"lk-stay-name\">Vezi toate caz\u0103rile din Tartu<\/div>\n      <div class=\"lk-stay-desc\">Exploreaz\u0103 toate op\u021biunile de cazare disponibile \u00een Tartu \u0219i g\u0103se\u0219te cea mai bun\u0103 \u00een func\u021bie de preferin\u021bele \u0219i bugetul t\u0103u.<\/div>\n      <div class=\"lk-stay-meta\">\n        <span class=\"lk-stay-stars\">\u2605\u2605\u2605\u2605<\/span>\n        <span class=\"lk-stay-price\">Compar\u0103 pre\u021burile<\/span>\n      <\/div>\n      <span class=\"lk-stay-cta\">\n        <svg width=\"14\" height=\"14\" viewBox=\"0 0 24 24\" fill=\"none\" stroke=\"currentColor\" stroke-width=\"2\"><path d=\"M18 13v6a2 2 0 0 1-2 2H5a2 2 0 0 1-2-2V8a2 2 0 0 1 2-2h6\"\/><polyline points=\"15 3 21 3 21 9\"\/><line x1=\"10\" y1=\"14\" x2=\"21\" y2=\"3\"\/><\/svg>\n        Verific\u0103 disponibilitatea\n      <\/span>\n    <\/a>\n\n  <\/div>\n\n  \n<\/div>\n\n\n\n\n<h3 class=\"wp-block-heading\"><span class=\"ez-toc-section\" id=\"7_Cartierul_de_lemn_Supilinn_Orasul-Supa\"><\/span>7. Cartierul de lemn Supilinn (Ora\u0219ul-Sup\u0103)<span class=\"ez-toc-section-end\"><\/span><\/h3>\n\n\n\n<p class=\"wp-block-paragraph\">La o arunc\u0103tur\u0103 de b\u0103\u021b de centru, spre r\u00e2u, se afl\u0103 un cartier parc\u0103 desprins din secolul trecut. Supilinn formeaz\u0103 un <strong>labirint de vechi c\u0103su\u021be de lemn colorate<\/strong>, care au un farmec incredibil.<\/p>\n\n\n\n<p class=\"wp-block-paragraph\">Numele lui \u00eenseamn\u0103 \u00een traducere Ora\u0219ul-Sup\u0103 \u0219i vine de la faptul c\u0103 str\u0103zile locale sunt <strong>denumite dup\u0103 diferite legume<\/strong>. Dai aici de Strada Maz\u0103rii, Strada Cartofului, Strada Fasolei sau Strada Pepenelui.<\/p>\n\n\n\n<p class=\"wp-block-paragraph\">Odinioar\u0103 era o colonie muncitoreasc\u0103 neglijat\u0103, dar ast\u0103zi este o <strong>adres\u0103 boem\u0103 c\u0103utat\u0103<\/strong>, plin\u0103 de gr\u0103dini comunitare \u0219i art\u0103 stradal\u0103, unde te r\u0103t\u0103ce\u0219ti lini\u0219tit cu aparatul foto vreo or\u0103.<\/p>\n\n\n\n<p class=\"wp-block-paragraph\">\ud83d\udca1 Sfat: R\u0103t\u0103ce\u0219te-te pe str\u0103du\u021be cu aparatul foto \u00een m\u00e2n\u0103, plimbarea \u00ee\u021bi <strong>ia aproximativ o or\u0103<\/strong> \u0219i nu cost\u0103 niciun cent.<\/p>\n\n\n\n<figure data-wp-context=\"{&quot;imageId&quot;:&quot;6a955bd95534a&quot;}\" data-wp-interactive=\"core\/image\" data-wp-key=\"6a955bd95534a\" class=\"wp-block-image size-full wp-lightbox-container\"><img decoding=\"async\" width=\"1800\" height=\"1200\" data-wp-class--hide=\"state.isContentHidden\" data-wp-class--show=\"state.isContentVisible\" data-wp-init=\"callbacks.setButtonStyles\" data-wp-on--click=\"actions.showLightbox\" data-wp-on--load=\"callbacks.setButtonStyles\" data-wp-on--pointerdown=\"actions.preloadImage\" data-wp-on--pointerenter=\"actions.preloadImageWithDelay\" data-wp-on--pointerleave=\"actions.cancelPreload\" data-wp-on-window--resize=\"callbacks.setButtonStyles\" src=\"https:\/\/loudavymkrokem.cz\/wp-content\/uploads\/2026\/07\/estonsko-clanky-tartu-co-videt-13.jpg\" alt=\"Centrul creativ Aparaaditehas\" class=\"wp-image-350682\" title=\"\" srcset=\"https:\/\/loudavymkrokem.cz\/wp-content\/uploads\/2026\/07\/estonsko-clanky-tartu-co-videt-13.jpg 1800w, https:\/\/loudavymkrokem.cz\/wp-content\/uploads\/2026\/07\/estonsko-clanky-tartu-co-videt-13-300x200.jpg 300w, https:\/\/loudavymkrokem.cz\/wp-content\/uploads\/2026\/07\/estonsko-clanky-tartu-co-videt-13-700x467.jpg 700w, https:\/\/loudavymkrokem.cz\/wp-content\/uploads\/2026\/07\/estonsko-clanky-tartu-co-videt-13-768x512.jpg 768w, https:\/\/loudavymkrokem.cz\/wp-content\/uploads\/2026\/07\/estonsko-clanky-tartu-co-videt-13-1536x1024.jpg 1536w, https:\/\/loudavymkrokem.cz\/wp-content\/uploads\/2026\/07\/estonsko-clanky-tartu-co-videt-13-696x464.jpg 696w, https:\/\/loudavymkrokem.cz\/wp-content\/uploads\/2026\/07\/estonsko-clanky-tartu-co-videt-13-1392x928.jpg 1392w\" sizes=\"(max-width: 1800px) 100vw, 1800px\" \/><button\n\t\t\tclass=\"lightbox-trigger\"\n\t\t\ttype=\"button\"\n\t\t\taria-haspopup=\"dialog\"\n\t\t\tdata-wp-bind--aria-label=\"state.thisImage.triggerButtonAriaLabel\"\n\t\t\tdata-wp-init=\"callbacks.initTriggerButton\"\n\t\t\tdata-wp-on--click=\"actions.showLightbox\"\n\t\t\tdata-wp-style--right=\"state.thisImage.buttonRight\"\n\t\t\tdata-wp-style--top=\"state.thisImage.buttonTop\"\n\t\t>\n\t\t\t<svg xmlns=\"http:\/\/www.w3.org\/2000\/svg\" width=\"12\" height=\"12\" fill=\"none\" viewBox=\"0 0 12 12\">\n\t\t\t\t<path fill=\"#fff\" d=\"M2 0a2 2 0 0 0-2 2v2h1.5V2a.5.5 0 0 1 .5-.5h2V0H2Zm2 10.5H2a.5.5 0 0 1-.5-.5V8H0v2a2 2 0 0 0 2 2h2v-1.5ZM8 12v-1.5h2a.5.5 0 0 0 .5-.5V8H12v2a2 2 0 0 1-2 2H8Zm2-12a2 2 0 0 1 2 2v2h-1.5V2a.5.5 0 0 0-.5-.5H8V0h2Z\" \/>\n\t\t\t<\/svg>\n\t\t<\/button><figcaption class=\"wp-element-caption\">Foto: Ivo Kruusam\u00e4gi \/ Wikimedia Commons, CC BY-SA 4.0<\/figcaption><\/figure>\n\n\n\n<h3 class=\"wp-block-heading\"><span class=\"ez-toc-section\" id=\"8_Centrul_creativ_Aparaaditehas\"><\/span>8. Centrul creativ Aparaaditehas<span class=\"ez-toc-section-end\"><\/span><\/h3>\n\n\n\n<p class=\"wp-block-paragraph\">O transformare hipstereasc\u0103 asem\u0103n\u0103toare a suferit \u0219i fosta fabric\u0103 sovietic\u0103 Aparaaditehas. Odinioar\u0103 se produceau aici instala\u021bii de r\u0103cire \u0219i piese secrete pentru submarine, iar ast\u0103zi este <strong>r\u0103spunsul ora\u0219ului Tartu la Telliskivi din Tallinn<\/strong>.<\/p>\n\n\n\n<p class=\"wp-block-paragraph\">Acest uria\u0219 complex industrial s-a transformat \u00eentr-un centru creativ. Curtea este plin\u0103 de \u0219ezlonguri, iar aici g\u0103se\u0219ti <strong>boutique-uri independente, ateliere de art\u0103<\/strong> \u0219i cafenele absolut grozave cu cafea de specialitate. Descoperi chiar \u0219i anticariate \u0219i magazine cu design local sustenabil.<\/p>\n\n\n\n<p class=\"wp-block-paragraph\">Este exact locul unde studen\u021bii vin s\u00e2mb\u0103t\u0103 diminea\u021ba s\u0103 <strong>ia un brunch<\/strong> sau s\u0103 lucreze cu laptopul \u00een m\u00e2n\u0103.<\/p>\n\n\n\n<p class=\"wp-block-paragraph\">\ud83d\udca1 Sfat: Accesul \u00een incint\u0103 este gratuit, dar rezerv\u0103-\u021bi neap\u0103rat <strong>una\u2013dou\u0103 ore<\/strong> pentru a explora magazinele \u0219i pentru un popas la o m\u00e2ncare bun\u0103.<\/p>\n\n\n\n<figure data-wp-context=\"{&quot;imageId&quot;:&quot;6a955bd9559f1&quot;}\" data-wp-interactive=\"core\/image\" data-wp-key=\"6a955bd9559f1\" class=\"wp-block-image size-full wp-lightbox-container\"><img decoding=\"async\" width=\"1800\" height=\"970\" data-wp-class--hide=\"state.isContentHidden\" data-wp-class--show=\"state.isContentVisible\" data-wp-init=\"callbacks.setButtonStyles\" data-wp-on--click=\"actions.showLightbox\" data-wp-on--load=\"callbacks.setButtonStyles\" data-wp-on--pointerdown=\"actions.preloadImage\" data-wp-on--pointerenter=\"actions.preloadImageWithDelay\" data-wp-on--pointerleave=\"actions.cancelPreload\" data-wp-on-window--resize=\"callbacks.setButtonStyles\" src=\"https:\/\/loudavymkrokem.cz\/wp-content\/uploads\/2026\/07\/estonsko-clanky-tartu-co-videt-14.jpg\" alt=\"Podul arcuit Kaarsild peste Emaj\u00f5gi\" class=\"wp-image-350689\" title=\"\" srcset=\"https:\/\/loudavymkrokem.cz\/wp-content\/uploads\/2026\/07\/estonsko-clanky-tartu-co-videt-14.jpg 1800w, https:\/\/loudavymkrokem.cz\/wp-content\/uploads\/2026\/07\/estonsko-clanky-tartu-co-videt-14-300x162.jpg 300w, https:\/\/loudavymkrokem.cz\/wp-content\/uploads\/2026\/07\/estonsko-clanky-tartu-co-videt-14-700x377.jpg 700w, https:\/\/loudavymkrokem.cz\/wp-content\/uploads\/2026\/07\/estonsko-clanky-tartu-co-videt-14-768x414.jpg 768w, https:\/\/loudavymkrokem.cz\/wp-content\/uploads\/2026\/07\/estonsko-clanky-tartu-co-videt-14-1536x828.jpg 1536w, https:\/\/loudavymkrokem.cz\/wp-content\/uploads\/2026\/07\/estonsko-clanky-tartu-co-videt-14-696x375.jpg 696w, https:\/\/loudavymkrokem.cz\/wp-content\/uploads\/2026\/07\/estonsko-clanky-tartu-co-videt-14-1392x750.jpg 1392w\" sizes=\"(max-width: 1800px) 100vw, 1800px\" \/><button\n\t\t\tclass=\"lightbox-trigger\"\n\t\t\ttype=\"button\"\n\t\t\taria-haspopup=\"dialog\"\n\t\t\tdata-wp-bind--aria-label=\"state.thisImage.triggerButtonAriaLabel\"\n\t\t\tdata-wp-init=\"callbacks.initTriggerButton\"\n\t\t\tdata-wp-on--click=\"actions.showLightbox\"\n\t\t\tdata-wp-style--right=\"state.thisImage.buttonRight\"\n\t\t\tdata-wp-style--top=\"state.thisImage.buttonTop\"\n\t\t>\n\t\t\t<svg xmlns=\"http:\/\/www.w3.org\/2000\/svg\" width=\"12\" height=\"12\" fill=\"none\" viewBox=\"0 0 12 12\">\n\t\t\t\t<path fill=\"#fff\" d=\"M2 0a2 2 0 0 0-2 2v2h1.5V2a.5.5 0 0 1 .5-.5h2V0H2Zm2 10.5H2a.5.5 0 0 1-.5-.5V8H0v2a2 2 0 0 0 2 2h2v-1.5ZM8 12v-1.5h2a.5.5 0 0 0 .5-.5V8H12v2a2 2 0 0 1-2 2H8Zm2-12a2 2 0 0 1 2 2v2h-1.5V2a.5.5 0 0 0-.5-.5H8V0h2Z\" \/>\n\t\t\t<\/svg>\n\t\t<\/button><figcaption class=\"wp-element-caption\">Foto: Cayambe \/ Wikimedia Commons, CC BY-SA 4.0<\/figcaption><\/figure>\n\n\n\n<h3 class=\"wp-block-heading\"><span class=\"ez-toc-section\" id=\"9_Raul_Emajogi_si_podul_arcuit_Kaarsild\"><\/span>9. R\u00e2ul Emaj\u00f5gi \u0219i podul arcuit Kaarsild<span class=\"ez-toc-section-end\"><\/span><\/h3>\n\n\n\n<p class=\"wp-block-paragraph\">Tartu este traversat de latul r\u00e2u Emaj\u00f5gi, ale c\u0103rui maluri reprezint\u0103 o alt\u0103 zon\u0103 de relaxare \u00eendr\u0103git\u0103. Vara func\u021bioneaz\u0103 aici <strong>cafenele \u0219i baruri \u00een aer liber<\/strong>, unde e via\u021b\u0103 p\u00e2n\u0103 t\u00e2rziu \u00een noapte.<\/p>\n\n\n\n<p class=\"wp-block-paragraph\">Cele dou\u0103 maluri sunt unite de imposibil de ratat <strong>podul arcuit Kaarsild<\/strong>, care a ap\u0103rut pe locul podului de piatr\u0103 original, distrus \u00een timpul r\u0103zboiului. Peste pod trece doar zon\u0103 pietonal\u0103, a\u0219a c\u0103 \u00eel po\u021bi traversa \u00een lini\u0219te.<\/p>\n\n\n\n<p class=\"wp-block-paragraph\">Potrivit tradi\u021biilor locale, unii studen\u021bi curajo\u0219i \u00eencearc\u0103 uneori s\u0103 <strong>treac\u0103 podul direct pe arcul lui \u00eenalt<\/strong>, ceea ce este strict interzis, dar \u00eei adaug\u0103 locului o aur\u0103 de legend\u0103.<\/p>\n\n\n\n<p class=\"wp-block-paragraph\">\ud83d\udca1 Sfat: O plimbare lent\u0103 pe malul r\u00e2ului cu vedere la pod \u00ee\u021bi <strong>ia aproximativ 45 de minute<\/strong>. Noaptea, podul este pe deasupra frumos iluminat.<\/p>\n\n\n\n<figure data-wp-context=\"{&quot;imageId&quot;:&quot;6a955bd95605d&quot;}\" data-wp-interactive=\"core\/image\" data-wp-key=\"6a955bd95605d\" class=\"wp-block-image size-full wp-lightbox-container\"><img decoding=\"async\" width=\"1800\" height=\"1012\" data-wp-class--hide=\"state.isContentHidden\" data-wp-class--show=\"state.isContentVisible\" data-wp-init=\"callbacks.setButtonStyles\" data-wp-on--click=\"actions.showLightbox\" data-wp-on--load=\"callbacks.setButtonStyles\" data-wp-on--pointerdown=\"actions.preloadImage\" data-wp-on--pointerenter=\"actions.preloadImageWithDelay\" data-wp-on--pointerleave=\"actions.cancelPreload\" data-wp-on-window--resize=\"callbacks.setButtonStyles\" src=\"https:\/\/loudavymkrokem.cz\/wp-content\/uploads\/2026\/07\/estonsko-clanky-tartu-co-videt-15.jpg\" alt=\"Gr\u0103dina botanic\u0103 a universit\u0103\u021bii\" class=\"wp-image-350695\" title=\"\" srcset=\"https:\/\/loudavymkrokem.cz\/wp-content\/uploads\/2026\/07\/estonsko-clanky-tartu-co-videt-15.jpg 1800w, https:\/\/loudavymkrokem.cz\/wp-content\/uploads\/2026\/07\/estonsko-clanky-tartu-co-videt-15-300x169.jpg 300w, https:\/\/loudavymkrokem.cz\/wp-content\/uploads\/2026\/07\/estonsko-clanky-tartu-co-videt-15-700x394.jpg 700w, https:\/\/loudavymkrokem.cz\/wp-content\/uploads\/2026\/07\/estonsko-clanky-tartu-co-videt-15-768x432.jpg 768w, https:\/\/loudavymkrokem.cz\/wp-content\/uploads\/2026\/07\/estonsko-clanky-tartu-co-videt-15-1536x864.jpg 1536w, https:\/\/loudavymkrokem.cz\/wp-content\/uploads\/2026\/07\/estonsko-clanky-tartu-co-videt-15-696x391.jpg 696w, https:\/\/loudavymkrokem.cz\/wp-content\/uploads\/2026\/07\/estonsko-clanky-tartu-co-videt-15-1392x783.jpg 1392w\" sizes=\"(max-width: 1800px) 100vw, 1800px\" \/><button\n\t\t\tclass=\"lightbox-trigger\"\n\t\t\ttype=\"button\"\n\t\t\taria-haspopup=\"dialog\"\n\t\t\tdata-wp-bind--aria-label=\"state.thisImage.triggerButtonAriaLabel\"\n\t\t\tdata-wp-init=\"callbacks.initTriggerButton\"\n\t\t\tdata-wp-on--click=\"actions.showLightbox\"\n\t\t\tdata-wp-style--right=\"state.thisImage.buttonRight\"\n\t\t\tdata-wp-style--top=\"state.thisImage.buttonTop\"\n\t\t>\n\t\t\t<svg xmlns=\"http:\/\/www.w3.org\/2000\/svg\" width=\"12\" height=\"12\" fill=\"none\" viewBox=\"0 0 12 12\">\n\t\t\t\t<path fill=\"#fff\" d=\"M2 0a2 2 0 0 0-2 2v2h1.5V2a.5.5 0 0 1 .5-.5h2V0H2Zm2 10.5H2a.5.5 0 0 1-.5-.5V8H0v2a2 2 0 0 0 2 2h2v-1.5ZM8 12v-1.5h2a.5.5 0 0 0 .5-.5V8H12v2a2 2 0 0 1-2 2H8Zm2-12a2 2 0 0 1 2 2v2h-1.5V2a.5.5 0 0 0-.5-.5H8V0h2Z\" \/>\n\t\t\t<\/svg>\n\t\t<\/button><figcaption class=\"wp-element-caption\">Foto: Sillerkiil \/ Wikimedia Commons, CC BY-SA 4.0<\/figcaption><\/figure>\n\n\n\n<h3 class=\"wp-block-heading\"><span class=\"ez-toc-section\" id=\"10_Gradina_botanica_a_universitatii\"><\/span>10. Gr\u0103dina botanic\u0103 a universit\u0103\u021bii<span class=\"ez-toc-section-end\"><\/span><\/h3>\n\n\n\n<p class=\"wp-block-paragraph\">Iubitorii de natur\u0103 nu ar trebui s\u0103 rateze gr\u0103dina botanic\u0103 a universit\u0103\u021bii, care se afl\u0103 <strong>la doar c\u00e2\u021biva pa\u0219i de vechile ziduri<\/strong>. Este una dintre cele mai vechi gr\u0103dini botanice din \u021a\u0103rile Baltice \u0219i ofer\u0103 o superb\u0103 oaz\u0103 de lini\u0219te.<\/p>\n\n\n\n<p class=\"wp-block-paragraph\">G\u0103se\u0219ti aici expozi\u021bii exterioare \u00eengrijite cu precizie, iazuri \u0219i sute de specii de plante. Este <strong>locul ideal pentru un picnic dup\u0103-amiaza<\/strong> sau doar pentru o lectur\u0103 tihnit\u0103 pe o banc\u0103.<\/p>\n\n\n\n<p class=\"wp-block-paragraph\">Contra unei mici taxe, po\u021bi vizita \u0219i <strong>marile sere cu palmieri<\/strong>, care te transport\u0103 imediat \u00eentr-un climat tropical.<\/p>\n\n\n\n<p class=\"wp-block-paragraph\">\ud83d\udca1 Sfat: Zona exterioar\u0103 este accesibil\u0103 gratuit, iar intrarea \u00een sere cost\u0103 <strong>orientativ 3 euro<\/strong> (circa 15 lei). Vizita \u00ee\u021bi ia aproximativ o or\u0103, o or\u0103 \u0219i jum\u0103tate.<\/p>\n\n\n\n<figure data-wp-context=\"{&quot;imageId&quot;:&quot;6a955bd956773&quot;}\" data-wp-interactive=\"core\/image\" data-wp-key=\"6a955bd956773\" class=\"wp-block-image size-full wp-lightbox-container\"><img decoding=\"async\" width=\"1800\" height=\"1350\" data-wp-class--hide=\"state.isContentHidden\" data-wp-class--show=\"state.isContentVisible\" data-wp-init=\"callbacks.setButtonStyles\" data-wp-on--click=\"actions.showLightbox\" data-wp-on--load=\"callbacks.setButtonStyles\" data-wp-on--pointerdown=\"actions.preloadImage\" data-wp-on--pointerenter=\"actions.preloadImageWithDelay\" data-wp-on--pointerleave=\"actions.cancelPreload\" data-wp-on-window--resize=\"callbacks.setButtonStyles\" src=\"https:\/\/loudavymkrokem.cz\/wp-content\/uploads\/2026\/07\/estonsko-clanky-tartu-co-videt-16.jpg\" alt=\"Observatorul din Tartu, \u00eenscris \u00een patrimoniul UNESCO\" class=\"wp-image-350703\" title=\"\" srcset=\"https:\/\/loudavymkrokem.cz\/wp-content\/uploads\/2026\/07\/estonsko-clanky-tartu-co-videt-16.jpg 1800w, https:\/\/loudavymkrokem.cz\/wp-content\/uploads\/2026\/07\/estonsko-clanky-tartu-co-videt-16-300x225.jpg 300w, https:\/\/loudavymkrokem.cz\/wp-content\/uploads\/2026\/07\/estonsko-clanky-tartu-co-videt-16-700x525.jpg 700w, https:\/\/loudavymkrokem.cz\/wp-content\/uploads\/2026\/07\/estonsko-clanky-tartu-co-videt-16-768x576.jpg 768w, https:\/\/loudavymkrokem.cz\/wp-content\/uploads\/2026\/07\/estonsko-clanky-tartu-co-videt-16-1536x1152.jpg 1536w, https:\/\/loudavymkrokem.cz\/wp-content\/uploads\/2026\/07\/estonsko-clanky-tartu-co-videt-16-80x60.jpg 80w, https:\/\/loudavymkrokem.cz\/wp-content\/uploads\/2026\/07\/estonsko-clanky-tartu-co-videt-16-160x120.jpg 160w, https:\/\/loudavymkrokem.cz\/wp-content\/uploads\/2026\/07\/estonsko-clanky-tartu-co-videt-16-696x522.jpg 696w, https:\/\/loudavymkrokem.cz\/wp-content\/uploads\/2026\/07\/estonsko-clanky-tartu-co-videt-16-1392x1044.jpg 1392w\" sizes=\"(max-width: 1800px) 100vw, 1800px\" \/><button\n\t\t\tclass=\"lightbox-trigger\"\n\t\t\ttype=\"button\"\n\t\t\taria-haspopup=\"dialog\"\n\t\t\tdata-wp-bind--aria-label=\"state.thisImage.triggerButtonAriaLabel\"\n\t\t\tdata-wp-init=\"callbacks.initTriggerButton\"\n\t\t\tdata-wp-on--click=\"actions.showLightbox\"\n\t\t\tdata-wp-style--right=\"state.thisImage.buttonRight\"\n\t\t\tdata-wp-style--top=\"state.thisImage.buttonTop\"\n\t\t>\n\t\t\t<svg xmlns=\"http:\/\/www.w3.org\/2000\/svg\" width=\"12\" height=\"12\" fill=\"none\" viewBox=\"0 0 12 12\">\n\t\t\t\t<path fill=\"#fff\" d=\"M2 0a2 2 0 0 0-2 2v2h1.5V2a.5.5 0 0 1 .5-.5h2V0H2Zm2 10.5H2a.5.5 0 0 1-.5-.5V8H0v2a2 2 0 0 0 2 2h2v-1.5ZM8 12v-1.5h2a.5.5 0 0 0 .5-.5V8H12v2a2 2 0 0 1-2 2H8Zm2-12a2 2 0 0 1 2 2v2h-1.5V2a.5.5 0 0 0-.5-.5H8V0h2Z\" \/>\n\t\t\t<\/svg>\n\t\t<\/button><figcaption class=\"wp-element-caption\">Foto: Oth \/ Wikimedia Commons, CC BY-SA 3.0<\/figcaption><\/figure>\n\n\n\n<h3 class=\"wp-block-heading\"><span class=\"ez-toc-section\" id=\"11_Observatorul_din_Tartu_pe_lista_UNESCO\"><\/span>11. Observatorul din Tartu, pe lista UNESCO<span class=\"ez-toc-section-end\"><\/span><\/h3>\n\n\n\n<p class=\"wp-block-paragraph\">Chiar pe dealul Toomem\u00e4gi g\u0103se\u0219ti \u00eenc\u0103 o raritate, \u0219i anume observatorul astronomic istoric al universit\u0103\u021bii. Aceast\u0103 cl\u0103dire discret\u0103 a jucat un <strong>rol uria\u0219 \u00een istoria astronomiei mondiale<\/strong>.<\/p>\n\n\n\n<p class=\"wp-block-paragraph\">Tocmai de aici, \u00een secolul al XIX-lea, astronomul Friedrich Georg Wilhelm von Struve \u0219i-a condus celebrele m\u0103sur\u0103tori ale formei \u0219i dimensiunii P\u0103m\u00e2ntului. Datorit\u0103 a\u0219a-numitului Arc geodezic Struve, observatorul a <strong>ajuns p\u00e2n\u0103 pe lista patrimoniului mondial UNESCO<\/strong>.<\/p>\n\n\n\n<p class=\"wp-block-paragraph\">\u00cen\u0103untru po\u021bi admira <strong>telescoape istorice \u0219i h\u0103r\u021bi vechi ale bol\u021bii cere\u0219ti<\/strong>, ceea ce \u00eei entuziasmeaz\u0103 nu doar pe fanii \u0219tiin\u021bei, ci pe oricine iube\u0219te aparatele vechi.<\/p>\n\n\n\n<p class=\"wp-block-paragraph\">\ud83d\udca1 Sfat: Vizitarea muzeului din interiorul observatorului \u00ee\u021bi <strong>ia aproximativ o or\u0103<\/strong>. Pre\u021bul de intrare orientativ se \u00eenv\u00e2rte \u00een jurul a 5 euro (circa 25 lei).<\/p>\n\n\n\n<figure data-wp-context=\"{&quot;imageId&quot;:&quot;6a955bd956dec&quot;}\" data-wp-interactive=\"core\/image\" data-wp-key=\"6a955bd956dec\" class=\"wp-block-image size-full wp-lightbox-container\"><img decoding=\"async\" width=\"1800\" height=\"1036\" data-wp-class--hide=\"state.isContentHidden\" data-wp-class--show=\"state.isContentVisible\" data-wp-init=\"callbacks.setButtonStyles\" data-wp-on--click=\"actions.showLightbox\" data-wp-on--load=\"callbacks.setButtonStyles\" data-wp-on--pointerdown=\"actions.preloadImage\" data-wp-on--pointerenter=\"actions.preloadImageWithDelay\" data-wp-on--pointerleave=\"actions.cancelPreload\" data-wp-on-window--resize=\"callbacks.setButtonStyles\" src=\"https:\/\/loudavymkrokem.cz\/wp-content\/uploads\/2026\/07\/estonsko-clanky-tartu-co-videt-17.jpg\" alt=\"Pulber\u0103ria P\u00fcssirohukelder\" class=\"wp-image-350709\" title=\"\" srcset=\"https:\/\/loudavymkrokem.cz\/wp-content\/uploads\/2026\/07\/estonsko-clanky-tartu-co-videt-17.jpg 1800w, https:\/\/loudavymkrokem.cz\/wp-content\/uploads\/2026\/07\/estonsko-clanky-tartu-co-videt-17-300x173.jpg 300w, https:\/\/loudavymkrokem.cz\/wp-content\/uploads\/2026\/07\/estonsko-clanky-tartu-co-videt-17-700x403.jpg 700w, https:\/\/loudavymkrokem.cz\/wp-content\/uploads\/2026\/07\/estonsko-clanky-tartu-co-videt-17-768x442.jpg 768w, https:\/\/loudavymkrokem.cz\/wp-content\/uploads\/2026\/07\/estonsko-clanky-tartu-co-videt-17-1536x884.jpg 1536w, https:\/\/loudavymkrokem.cz\/wp-content\/uploads\/2026\/07\/estonsko-clanky-tartu-co-videt-17-696x401.jpg 696w, https:\/\/loudavymkrokem.cz\/wp-content\/uploads\/2026\/07\/estonsko-clanky-tartu-co-videt-17-1392x801.jpg 1392w\" sizes=\"(max-width: 1800px) 100vw, 1800px\" \/><button\n\t\t\tclass=\"lightbox-trigger\"\n\t\t\ttype=\"button\"\n\t\t\taria-haspopup=\"dialog\"\n\t\t\tdata-wp-bind--aria-label=\"state.thisImage.triggerButtonAriaLabel\"\n\t\t\tdata-wp-init=\"callbacks.initTriggerButton\"\n\t\t\tdata-wp-on--click=\"actions.showLightbox\"\n\t\t\tdata-wp-style--right=\"state.thisImage.buttonRight\"\n\t\t\tdata-wp-style--top=\"state.thisImage.buttonTop\"\n\t\t>\n\t\t\t<svg xmlns=\"http:\/\/www.w3.org\/2000\/svg\" width=\"12\" height=\"12\" fill=\"none\" viewBox=\"0 0 12 12\">\n\t\t\t\t<path fill=\"#fff\" d=\"M2 0a2 2 0 0 0-2 2v2h1.5V2a.5.5 0 0 1 .5-.5h2V0H2Zm2 10.5H2a.5.5 0 0 1-.5-.5V8H0v2a2 2 0 0 0 2 2h2v-1.5ZM8 12v-1.5h2a.5.5 0 0 0 .5-.5V8H12v2a2 2 0 0 1-2 2H8Zm2-12a2 2 0 0 1 2 2v2h-1.5V2a.5.5 0 0 0-.5-.5H8V0h2Z\" \/>\n\t\t\t<\/svg>\n\t\t<\/button><figcaption class=\"wp-element-caption\">Foto: Lauri Veerde \/ Wikimedia Commons, CC BY-SA 4.0<\/figcaption><\/figure>\n\n\n\n<h3 class=\"wp-block-heading\"><span class=\"ez-toc-section\" id=\"12_Pussirohukelder_Pulberaria_cu_tavanul_record\"><\/span>12. P\u00fcssirohukelder (Pulber\u0103ria) cu tavanul record<span class=\"ez-toc-section-end\"><\/span><\/h3>\n\n\n\n<p class=\"wp-block-paragraph\">C\u00e2nd cobori de pe dealul Toomem\u00e4gi, nu trebuie s\u0103 ratezi legendara ber\u0103rie P\u00fcssirohukelder. Acest local se afl\u0103 \u00eentr-un <strong>fost depozit de praf de pu\u0219c\u0103<\/strong>, s\u0103pat direct \u00een panta abrupt\u0103 a dealului.<\/p>\n\n\n\n<p class=\"wp-block-paragraph\">Ber\u0103ria se m\u00e2ndre\u0219te pe deasupra cu un record cu totul unic, pentru c\u0103 are <strong>se pare cel mai \u00eenalt tavan de ber\u0103rie din Europa<\/strong>. Potrivit localnicilor, m\u0103soar\u0103 peste 10 metri \u0219i d\u0103 \u00eentregului spa\u021biu atmosfera unei pe\u0219teri uria\u0219e.<\/p>\n\n\n\n<p class=\"wp-block-paragraph\">Chiar dac\u0103 majoritatea vin aici s\u0103 stea seara, \u00ee\u021bi recomand s\u0103 arunci o privire \u00een\u0103untru \u00eenc\u0103 din timpul zilei, pentru c\u0103 <strong>interiorul de c\u0103r\u0103mid\u0103 ro\u0219ie<\/strong> chiar merit\u0103 v\u0103zut.<\/p>\n\n\n\n<p class=\"wp-block-paragraph\">\ud83d\udca1 Sfat: Po\u021bi combina vizita cu pr\u00e2nzul, un popas aici \u00ee\u021bi <strong>ia aproximativ o or\u0103<\/strong>. Intrarea este, fire\u0219te, gratuit\u0103, pl\u0103te\u0219ti doar consuma\u021bia.<\/p>\n\n\n\n<figure data-wp-context=\"{&quot;imageId&quot;:&quot;6a955bd9574d5&quot;}\" data-wp-interactive=\"core\/image\" data-wp-key=\"6a955bd9574d5\" class=\"wp-block-image size-full wp-lightbox-container\"><img decoding=\"async\" width=\"1800\" height=\"1350\" data-wp-class--hide=\"state.isContentHidden\" data-wp-class--show=\"state.isContentVisible\" data-wp-init=\"callbacks.setButtonStyles\" data-wp-on--click=\"actions.showLightbox\" data-wp-on--load=\"callbacks.setButtonStyles\" data-wp-on--pointerdown=\"actions.preloadImage\" data-wp-on--pointerenter=\"actions.preloadImageWithDelay\" data-wp-on--pointerleave=\"actions.cancelPreload\" data-wp-on-window--resize=\"callbacks.setButtonStyles\" src=\"https:\/\/loudavymkrokem.cz\/wp-content\/uploads\/2026\/07\/estonsko-clanky-tartu-co-videt-18.jpg\" alt=\"Tartu ca Capital\u0103 European\u0103 a Culturii\" class=\"wp-image-350715\" title=\"\" srcset=\"https:\/\/loudavymkrokem.cz\/wp-content\/uploads\/2026\/07\/estonsko-clanky-tartu-co-videt-18.jpg 1800w, https:\/\/loudavymkrokem.cz\/wp-content\/uploads\/2026\/07\/estonsko-clanky-tartu-co-videt-18-300x225.jpg 300w, https:\/\/loudavymkrokem.cz\/wp-content\/uploads\/2026\/07\/estonsko-clanky-tartu-co-videt-18-700x525.jpg 700w, https:\/\/loudavymkrokem.cz\/wp-content\/uploads\/2026\/07\/estonsko-clanky-tartu-co-videt-18-768x576.jpg 768w, https:\/\/loudavymkrokem.cz\/wp-content\/uploads\/2026\/07\/estonsko-clanky-tartu-co-videt-18-1536x1152.jpg 1536w, https:\/\/loudavymkrokem.cz\/wp-content\/uploads\/2026\/07\/estonsko-clanky-tartu-co-videt-18-80x60.jpg 80w, https:\/\/loudavymkrokem.cz\/wp-content\/uploads\/2026\/07\/estonsko-clanky-tartu-co-videt-18-160x120.jpg 160w, https:\/\/loudavymkrokem.cz\/wp-content\/uploads\/2026\/07\/estonsko-clanky-tartu-co-videt-18-696x522.jpg 696w, https:\/\/loudavymkrokem.cz\/wp-content\/uploads\/2026\/07\/estonsko-clanky-tartu-co-videt-18-1392x1044.jpg 1392w\" sizes=\"(max-width: 1800px) 100vw, 1800px\" \/><button\n\t\t\tclass=\"lightbox-trigger\"\n\t\t\ttype=\"button\"\n\t\t\taria-haspopup=\"dialog\"\n\t\t\tdata-wp-bind--aria-label=\"state.thisImage.triggerButtonAriaLabel\"\n\t\t\tdata-wp-init=\"callbacks.initTriggerButton\"\n\t\t\tdata-wp-on--click=\"actions.showLightbox\"\n\t\t\tdata-wp-style--right=\"state.thisImage.buttonRight\"\n\t\t\tdata-wp-style--top=\"state.thisImage.buttonTop\"\n\t\t>\n\t\t\t<svg xmlns=\"http:\/\/www.w3.org\/2000\/svg\" width=\"12\" height=\"12\" fill=\"none\" viewBox=\"0 0 12 12\">\n\t\t\t\t<path fill=\"#fff\" d=\"M2 0a2 2 0 0 0-2 2v2h1.5V2a.5.5 0 0 1 .5-.5h2V0H2Zm2 10.5H2a.5.5 0 0 1-.5-.5V8H0v2a2 2 0 0 0 2 2h2v-1.5ZM8 12v-1.5h2a.5.5 0 0 0 .5-.5V8H12v2a2 2 0 0 1-2 2H8Zm2-12a2 2 0 0 1 2 2v2h-1.5V2a.5.5 0 0 0-.5-.5H8V0h2Z\" \/>\n\t\t\t<\/svg>\n\t\t<\/button><figcaption class=\"wp-element-caption\">Foto: Loode-Boreaallane \/ Wikimedia Commons, CC BY-SA 4.0<\/figcaption><\/figure>\n\n\n\n<h2 class=\"wp-block-heading\"><span class=\"ez-toc-section\" id=\"Ce_a_ramas_in_Tartu_dupa_titlul_de_Capitala_Europeana_a_Culturii\"><\/span>Ce a r\u0103mas \u00een Tartu dup\u0103 titlul de Capital\u0103 European\u0103 a Culturii<span class=\"ez-toc-section-end\"><\/span><\/h2>\n\n\n\n<p class=\"wp-block-paragraph\">Anul 2024 a fost absolut definitoriu pentru ora\u0219, pentru c\u0103 a purtat cu m\u00e2ndrie titlul de <strong>Capital\u0103 European\u0103 a Culturii<\/strong>. Spre deosebire de alte ora\u0219e, unde dup\u0103 artificii r\u0103m\u00e2n doar datorii, aici lucrurile au ie\u0219it pe cinste, iar efectele pozitive dureaz\u0103 p\u00e2n\u0103 azi.<\/p>\n\n\n\n<p class=\"wp-block-paragraph\">Potrivit cifrelor oficiale, programul a atras peste <strong>1,34 milioane de vizitatori<\/strong>, ceea ce a dep\u0103\u0219it absolut toate a\u0219tept\u0103rile. Ora\u0219ul s-a obi\u0219nuit s\u0103 organizeze evenimente grozave, iar turi\u0219tii s-au obi\u0219nuit s\u0103 vin\u0103, a\u0219a c\u0103 \u00eenc\u0103 \u00een 2025 num\u0103rul \u00eennopt\u0103rilor a crescut cu 15%, ceea ce nu e pu\u021bin.<\/p>\n\n\n\n<p class=\"wp-block-paragraph\">Tartu profit\u0103 \u0219i acum de acest dopaj cultural. Au r\u0103mas aici <strong>parcuri frumos renovate, noi gr\u0103dini comunitare<\/strong> \u0219i o mul\u021bime de mici instala\u021bii artistice \u00een spa\u021biul public. Centrele creative din vechile fabrici merg din plin, iar ora\u0219ul \u00ee\u0219i p\u0103streaz\u0103 un vibe cultural fantastic.<\/p>\n\n\n\n<figure data-wp-context=\"{&quot;imageId&quot;:&quot;6a955bd957bb1&quot;}\" data-wp-interactive=\"core\/image\" data-wp-key=\"6a955bd957bb1\" class=\"wp-block-image size-full wp-lightbox-container\"><img decoding=\"async\" width=\"1800\" height=\"1350\" data-wp-class--hide=\"state.isContentHidden\" data-wp-class--show=\"state.isContentVisible\" data-wp-init=\"callbacks.setButtonStyles\" data-wp-on--click=\"actions.showLightbox\" data-wp-on--load=\"callbacks.setButtonStyles\" data-wp-on--pointerdown=\"actions.preloadImage\" data-wp-on--pointerenter=\"actions.preloadImageWithDelay\" data-wp-on--pointerleave=\"actions.cancelPreload\" data-wp-on-window--resize=\"callbacks.setButtonStyles\" src=\"https:\/\/loudavymkrokem.cz\/wp-content\/uploads\/2026\/07\/estonsko-clanky-tartu-co-videt-19.jpg\" alt=\"Lacul Peipus, \u00een apropiere de Tartu\" class=\"wp-image-350720\" title=\"\" srcset=\"https:\/\/loudavymkrokem.cz\/wp-content\/uploads\/2026\/07\/estonsko-clanky-tartu-co-videt-19.jpg 1800w, https:\/\/loudavymkrokem.cz\/wp-content\/uploads\/2026\/07\/estonsko-clanky-tartu-co-videt-19-300x225.jpg 300w, https:\/\/loudavymkrokem.cz\/wp-content\/uploads\/2026\/07\/estonsko-clanky-tartu-co-videt-19-700x525.jpg 700w, https:\/\/loudavymkrokem.cz\/wp-content\/uploads\/2026\/07\/estonsko-clanky-tartu-co-videt-19-768x576.jpg 768w, https:\/\/loudavymkrokem.cz\/wp-content\/uploads\/2026\/07\/estonsko-clanky-tartu-co-videt-19-1536x1152.jpg 1536w, https:\/\/loudavymkrokem.cz\/wp-content\/uploads\/2026\/07\/estonsko-clanky-tartu-co-videt-19-80x60.jpg 80w, https:\/\/loudavymkrokem.cz\/wp-content\/uploads\/2026\/07\/estonsko-clanky-tartu-co-videt-19-160x120.jpg 160w, https:\/\/loudavymkrokem.cz\/wp-content\/uploads\/2026\/07\/estonsko-clanky-tartu-co-videt-19-696x522.jpg 696w, https:\/\/loudavymkrokem.cz\/wp-content\/uploads\/2026\/07\/estonsko-clanky-tartu-co-videt-19-1392x1044.jpg 1392w\" sizes=\"(max-width: 1800px) 100vw, 1800px\" \/><button\n\t\t\tclass=\"lightbox-trigger\"\n\t\t\ttype=\"button\"\n\t\t\taria-haspopup=\"dialog\"\n\t\t\tdata-wp-bind--aria-label=\"state.thisImage.triggerButtonAriaLabel\"\n\t\t\tdata-wp-init=\"callbacks.initTriggerButton\"\n\t\t\tdata-wp-on--click=\"actions.showLightbox\"\n\t\t\tdata-wp-style--right=\"state.thisImage.buttonRight\"\n\t\t\tdata-wp-style--top=\"state.thisImage.buttonTop\"\n\t\t>\n\t\t\t<svg xmlns=\"http:\/\/www.w3.org\/2000\/svg\" width=\"12\" height=\"12\" fill=\"none\" viewBox=\"0 0 12 12\">\n\t\t\t\t<path fill=\"#fff\" d=\"M2 0a2 2 0 0 0-2 2v2h1.5V2a.5.5 0 0 1 .5-.5h2V0H2Zm2 10.5H2a.5.5 0 0 1-.5-.5V8H0v2a2 2 0 0 0 2 2h2v-1.5ZM8 12v-1.5h2a.5.5 0 0 0 .5-.5V8H12v2a2 2 0 0 1-2 2H8Zm2-12a2 2 0 0 1 2 2v2h-1.5V2a.5.5 0 0 0-.5-.5H8V0h2Z\" \/>\n\t\t\t<\/svg>\n\t\t<\/button><figcaption class=\"wp-element-caption\">Foto: Shi Annan \/ Wikimedia Commons, CC BY-SA 4.0<\/figcaption><\/figure>\n\n\n\n<h2 class=\"wp-block-heading\"><span class=\"ez-toc-section\" id=\"Excursii_din_Tartu\"><\/span>Excursii din Tartu<span class=\"ez-toc-section-end\"><\/span><\/h2>\n\n\n\n<p class=\"wp-block-paragraph\">Odat\u0103 ajuns \u00een sudul Estoniei, ar fi p\u0103cat s\u0103 nu ie\u0219i dincolo de grani\u021bele ora\u0219ului. La aproximativ o or\u0103 de mers spre nord-est se afl\u0103 <strong>uria\u0219ul lac Peipus<\/strong> (Peipsi j\u00e4rv), care formeaz\u0103 grani\u021ba natural\u0103 cu Rusia.<\/p>\n\n\n\n<p class=\"wp-block-paragraph\">De-a lungul malurilor sale se \u00eentinde a\u0219a-numitul <strong>Drum al Cepei<\/strong>, unde tr\u0103ie\u0219te o comunitate de vechi credincio\u0219i ru\u0219i. Localnicii v\u00e2nd aici, \u00een fa\u021ba c\u0103su\u021belor de lemn, cozi uria\u0219e de ceap\u0103 cultivat\u0103 de ei \u0219i merit\u0103 neap\u0103rat s\u0103 te opre\u0219ti \u00eentr-una dintre ceain\u0103rii, unde \u021bi se prepar\u0103 ceai \u00eentr-un samovar istoric (atmosfera e ca din alt\u0103 lume).<\/p>\n\n\n\n<p class=\"wp-block-paragraph\">Spre sud de Tartu, peisajul se onduleaz\u0103 pe nea\u0219teptate. \u00cen regiunea Otep\u00e4\u00e4, care func\u021bioneaz\u0103 ca <strong>renumit\u0103 sta\u021biune de iarn\u0103<\/strong>, g\u0103se\u0219ti v\u0103i ad\u00e2nci \u0219i sute de lacuri. \u0218i mai ad\u00e2nc, spre sud-est, se afl\u0103 regiunea V\u00f5romaa, casa celebrelor saune cu fum, \u00eenscrise \u00een patrimoniul UNESCO. Pentru aceste excursii este \u00eens\u0103 ideal s\u0103 ai la dispozi\u021bie o ma\u0219in\u0103 \u00eenchiriat\u0103, pentru c\u0103 autobuzele rurale circul\u0103 destul de sporadic.<\/p>\n\n\n\n<figure data-wp-context=\"{&quot;imageId&quot;:&quot;6a955bd9581de&quot;}\" data-wp-interactive=\"core\/image\" data-wp-key=\"6a955bd9581de\" class=\"wp-block-image size-full wp-lightbox-container\"><img decoding=\"async\" width=\"1800\" height=\"1013\" data-wp-class--hide=\"state.isContentHidden\" data-wp-class--show=\"state.isContentVisible\" data-wp-init=\"callbacks.setButtonStyles\" data-wp-on--click=\"actions.showLightbox\" data-wp-on--load=\"callbacks.setButtonStyles\" data-wp-on--pointerdown=\"actions.preloadImage\" data-wp-on--pointerenter=\"actions.preloadImageWithDelay\" data-wp-on--pointerleave=\"actions.cancelPreload\" data-wp-on-window--resize=\"callbacks.setButtonStyles\" src=\"https:\/\/loudavymkrokem.cz\/wp-content\/uploads\/2026\/07\/estonsko-clanky-tartu-co-videt-20.jpg\" alt=\"Pr\u00e2nz f\u0103r\u0103 carne \u00eentr-o cafenea studen\u021beasc\u0103\" class=\"wp-image-350725\" title=\"\" srcset=\"https:\/\/loudavymkrokem.cz\/wp-content\/uploads\/2026\/07\/estonsko-clanky-tartu-co-videt-20.jpg 1800w, https:\/\/loudavymkrokem.cz\/wp-content\/uploads\/2026\/07\/estonsko-clanky-tartu-co-videt-20-300x169.jpg 300w, https:\/\/loudavymkrokem.cz\/wp-content\/uploads\/2026\/07\/estonsko-clanky-tartu-co-videt-20-700x394.jpg 700w, https:\/\/loudavymkrokem.cz\/wp-content\/uploads\/2026\/07\/estonsko-clanky-tartu-co-videt-20-768x432.jpg 768w, https:\/\/loudavymkrokem.cz\/wp-content\/uploads\/2026\/07\/estonsko-clanky-tartu-co-videt-20-1536x864.jpg 1536w, https:\/\/loudavymkrokem.cz\/wp-content\/uploads\/2026\/07\/estonsko-clanky-tartu-co-videt-20-696x392.jpg 696w, https:\/\/loudavymkrokem.cz\/wp-content\/uploads\/2026\/07\/estonsko-clanky-tartu-co-videt-20-1392x783.jpg 1392w\" sizes=\"(max-width: 1800px) 100vw, 1800px\" \/><button\n\t\t\tclass=\"lightbox-trigger\"\n\t\t\ttype=\"button\"\n\t\t\taria-haspopup=\"dialog\"\n\t\t\tdata-wp-bind--aria-label=\"state.thisImage.triggerButtonAriaLabel\"\n\t\t\tdata-wp-init=\"callbacks.initTriggerButton\"\n\t\t\tdata-wp-on--click=\"actions.showLightbox\"\n\t\t\tdata-wp-style--right=\"state.thisImage.buttonRight\"\n\t\t\tdata-wp-style--top=\"state.thisImage.buttonTop\"\n\t\t>\n\t\t\t<svg xmlns=\"http:\/\/www.w3.org\/2000\/svg\" width=\"12\" height=\"12\" fill=\"none\" viewBox=\"0 0 12 12\">\n\t\t\t\t<path fill=\"#fff\" d=\"M2 0a2 2 0 0 0-2 2v2h1.5V2a.5.5 0 0 1 .5-.5h2V0H2Zm2 10.5H2a.5.5 0 0 1-.5-.5V8H0v2a2 2 0 0 0 2 2h2v-1.5ZM8 12v-1.5h2a.5.5 0 0 0 .5-.5V8H12v2a2 2 0 0 1-2 2H8Zm2-12a2 2 0 0 1 2 2v2h-1.5V2a.5.5 0 0 0-.5-.5H8V0h2Z\" \/>\n\t\t\t<\/svg>\n\t\t<\/button><figcaption class=\"wp-element-caption\">Foto: thecactusena \u200e \/ Pexels<\/figcaption><\/figure>\n\n\n\n<h2 class=\"wp-block-heading\"><span class=\"ez-toc-section\" id=\"Unde_sa_mananci\"><\/span>Unde s\u0103 m\u0103n\u00e2nci<span class=\"ez-toc-section-end\"><\/span><\/h2>\n\n\n\n<p class=\"wp-block-paragraph\">Gastronomia estonian\u0103 te surprinde foarte pl\u0103cut, dar preg\u0103te\u0219te-te c\u0103 pre\u021burile nu mai sunt de mult at\u00e2t de mici ca odinioar\u0103. Cheia secret\u0103 pentru m\u00e2ncare ieftin\u0103 este <strong>cuv\u00e2ntul magic p\u00e4evapraad<\/strong> (meniul zilei).<\/p>\n\n\n\n<p class=\"wp-block-paragraph\">\u00cen fiecare zi lucr\u0103toare, \u00een jurul pr\u00e2nzului, bistrourile \u0219i cafenelele locale ofer\u0103 un meniu complet, care <strong>cost\u0103 aproximativ \u00eentre 5 \u0219i 8 euro<\/strong> (circa 25\u201340 lei). M\u0103n\u00e2nci astfel al\u0103turi de studen\u021bii locali la un pre\u021b foarte corect. O mul\u021bime de astfel de localuri g\u0103se\u0219ti tocmai \u00een jurul universit\u0103\u021bii sau \u00een cartierul creativ Aparaaditehas. O alegere excelent\u0103 pentru meniul zilei este, de exemplu, <strong>Kolm Tilli<\/strong>, chiar \u00een Aparaaditehas, sau renumita cafenea <strong>Werner Caf\u00e9<\/strong>, la c\u00e2\u021biva pa\u0219i de universitate, unde, apropo, au cele mai bune pr\u0103jituri din ora\u0219.<\/p>\n\n\n\n<p class=\"wp-block-paragraph\">Restaurantele locale de pe malul apei te ademenesc cu specialit\u0103\u021bi de pe\u0219te \u0219i <strong>carne afumat\u0103 \u00een saun\u0103 cu fum<\/strong> (\u0219i da, buc\u0103t\u0103ria de saun\u0103 este aici o chestie chiar important\u0103), dar po\u021bi comanda lini\u0219tit \u0219i <strong>pelmeni vegetarieni<\/strong> sau o sup\u0103 crem\u0103 de legume, nu merit\u0103 trecute cu vederea.<\/p>\n\n\n\n<h2 class=\"wp-block-heading\"><span class=\"ez-toc-section\" id=\"Unde_sa_mergi_mai_departe\"><\/span>Unde s\u0103 mergi mai departe<span class=\"ez-toc-section-end\"><\/span><\/h2>\n\n\n\n<p class=\"wp-block-paragraph\">Dac\u0103 te atrag \u021a\u0103rile Baltice \u0219i \u00ee\u021bi planifici o c\u0103l\u0103torie mai lung\u0103, am preg\u0103tit pentru tine <strong>o mul\u021bime de alte articole utile<\/strong>.<\/p>\n\n\n\n<ul class=\"wp-block-list\">\n\n<li>  Te intereseaz\u0103 ce mai are de oferit restul \u021b\u0103rii? Cite\u0219te articolul <a href=\"https:\/\/loudavymkrokem.cz\/ro\/estonia-ce-sa-vezi\/\">Estonia: 25 de lucruri de v\u0103zut \u0219i de tr\u0103it<\/a>.<\/li>\n\n\n\n<li>  Sau mergi direct \u00een capital\u0103 cu ghidul <a href=\"https:\/\/loudavymkrokem.cz\/ro\/tallinn-estonia-obiective\/\">Tallinn: 20 de lucruri de v\u0103zut \u0219i de f\u0103cut \u00een metropola estonian\u0103<\/a>.<\/li>\n\n\n\n<li>  Ca s\u0103 nu te ia vremea prin surprindere, arunc\u0103 o privire pe <a href=\"https:\/\/loudavymkrokem.cz\/ro\/cand-sa-mergi-estonia\/\">C\u00e2nd s\u0103 mergi \u00een Estonia: vremea lun\u0103 cu lun\u0103<\/a>.<\/li>\n\n\n\n<li>  Te tenteaz\u0103 un road trip pe cinste? Parcurge <a href=\"https:\/\/loudavymkrokem.cz\/ro\/care-sunt-tarile-baltice\/\">\u021a\u0103rile Baltice \u00een 10 zile: itinerar prin Estonia, Letonia \u0219i Lituania<\/a>.<\/li>\n\n\n\n<li>  Iar dac\u0103 iube\u0219ti wellness-ul, nu trebuie s\u0103 ratezi textul <a href=\"https:\/\/loudavymkrokem.cz\/ro\/saune-estonia-cele-mai-bune\/\">B\u0103ile \u0219i saunele estoniene: 200 de ani de tradi\u021bie<\/a>.<\/li>\n\n\n\n<li>  Sfaturi practice pentru drum g\u0103se\u0219ti \u00een articolul <a href=\"https:\/\/loudavymkrokem.cz\/ro\/cum-ajungi-estonia\/\">Cum ajungi \u00een Estonia: bilete de avion, feribot \u0219i cu ma\u0219ina<\/a>.<\/li>\n\n\n<\/ul>\n\n\n\n<h2 class=\"wp-block-heading\"><span class=\"ez-toc-section\" id=\"Intrebari_frecvente\"><\/span>\u00centreb\u0103ri frecvente<span class=\"ez-toc-section-end\"><\/span><\/h2>\n\n\n<div id=\"rank-math-faq\" class=\"rank-math-block\">\n<div class=\"rank-math-list \">\n<div id=\"faq-question-1785261104000\" class=\"rank-math-list-item\">\n<h3 class=\"rank-math-question \"><span class=\"ez-toc-section\" id=\"Merita_cu_adevarat_o_excursie_la_Tartu\"><\/span>Merit\u0103 cu adev\u0103rat o excursie la Tartu?<span class=\"ez-toc-section-end\"><\/span><\/h3>\n<div class=\"rank-math-answer \">\n\n<p>Cu siguran\u021b\u0103 da. \u00cen timp ce capitala este de obicei plin\u0103 de turi\u0219ti \u00een timpul zilei, Tartu v\u0103 ofer\u0103 o perspectiv\u0103 mult mai <strong>autentic\u0103 \u0219i lini\u0219tit\u0103<\/strong> asupra vie\u021bii estoniene, cu o atmosfer\u0103 studen\u021beasc\u0103 incredibil de relaxant\u0103.<\/p>\n\n<\/div>\n<\/div>\n<div id=\"faq-question-1785261104001\" class=\"rank-math-list-item\">\n<h3 class=\"rank-math-question \"><span class=\"ez-toc-section\" id=\"Care_este_cel_mai_bun_mod_de_a_ajunge_de_la_Tallinn_la_Tartu\"><\/span>Care este cel mai bun mod de a ajunge de la Tallinn la Tartu?<span class=\"ez-toc-section-end\"><\/span><\/h3>\n<div class=\"rank-math-answer \">\n\n<p>Cea mai confortabil\u0103 \u0219i cea mai rapid\u0103 cale sunt <strong>trenurile portocalii Elron<\/strong>, care circul\u0103 foarte frecvent. C\u0103l\u0103toria dureaz\u0103 pu\u021bin peste dou\u0103 ore, iar biletul cost\u0103 aproximativ 10 euro (circa 50 lei). O alt\u0103 variant\u0103 excelent\u0103 sunt autobuzele de lux Lux Express.<\/p>\n\n<\/div>\n<\/div>\n<div id=\"faq-question-1785261104002\" class=\"rank-math-list-item\">\n<h3 class=\"rank-math-question \"><span class=\"ez-toc-section\" id=\"Cate_zile_imi_sunt_suficiente_pentru_vizitare\"><\/span>C\u00e2te zile \u00eemi sunt suficiente pentru vizitare?<span class=\"ez-toc-section-end\"><\/span><\/h3>\n<div class=\"rank-math-answer \">\n\n<p>Dac\u0103 dori\u021bi s\u0103 vede\u021bi doar principalele atrac\u021bii din centru \u0219i s\u0103 vizita\u021bi un muzeu, <strong>se poate face \u00eentr-o zi plin\u0103<\/strong>. Ideal este \u00eens\u0103 s\u0103 v\u0103 rezerva\u021bi dou\u0103 zile, iar dac\u0103 dori\u021bi s\u0103 merge\u021bi \u0219i la lacul Peipus, planifica\u021bi direct trei zile.<\/p>\n\n<\/div>\n<\/div>\n<div id=\"faq-question-1785261104003\" class=\"rank-math-list-item\">\n<h3 class=\"rank-math-question \"><span class=\"ez-toc-section\" id=\"Ce_ar_trebui_neaparat_sa_vad_la_Tartu\"><\/span>Ce ar trebui neap\u0103rat s\u0103 v\u0103d la Tartu?<span class=\"ez-toc-section-end\"><\/span><\/h3>\n<div class=\"rank-math-answer \">\n\n<p>Nu rata\u021bi cu siguran\u021b\u0103 colina romantic\u0103 Toomem\u00e4gi cu ruinele catedralei gotice, Pia\u021ba Prim\u0103riei cu statuia studen\u021bilor care se s\u0103rut\u0103 \u0219i <strong>cartierul creativ Aparaaditehas<\/strong>. Merit\u0103 vizitat \u0219i Muzeul Na\u021bional Estonian (ERM).<\/p>\n\n<\/div>\n<\/div>\n<div id=\"faq-question-1785261104004\" class=\"rank-math-list-item\">\n<h3 class=\"rank-math-question \"><span class=\"ez-toc-section\" id=\"Este_centrul_stiintific_AHHAA_potrivit_pentru_copii\"><\/span>Este centrul \u0219tiin\u021bific AHHAA potrivit pentru copii?<span class=\"ez-toc-section-end\"><\/span><\/h3>\n<div class=\"rank-math-answer \">\n\n<p>Este un adev\u0103rat paradis pentru ei. Este vorba despre <strong>cel mai mare muzeu interactiv din regiunea Baltic\u0103<\/strong>, unde copiii (\u0219i adul\u021bii) pot atinge, \u00eencerca \u0219i explora totul. Ve\u021bi petrece aici cu u\u0219urin\u021b\u0103 jum\u0103tate de zi.<\/p>\n\n<\/div>\n<\/div>\n<div id=\"faq-question-1785261104005\" class=\"rank-math-list-item\">\n<h3 class=\"rank-math-question \"><span class=\"ez-toc-section\" id=\"Cat_costa_aproximativ_intrarea_la_principalele_muzee\"><\/span>C\u00e2t cost\u0103 aproximativ intrarea la principalele muzee?<span class=\"ez-toc-section-end\"><\/span><\/h3>\n<div class=\"rank-math-answer \">\n\n<p>Pre\u021burile variaz\u0103 foarte mult. Majoritatea parcurilor \u0219i monumentelor \u00een aer liber sunt gratuite. Intrarea la Muzeul Na\u021bional Estonian (ERM) cost\u0103 <strong>\u00een jur de 15 euro (75 lei)<\/strong>, iar biletul de familie pentru centrul AHHAA se ridic\u0103 la aproximativ 45 euro (225 lei).<\/p>\n\n<\/div>\n<\/div>\n<div id=\"faq-question-1785261104006\" class=\"rank-math-list-item\">\n<h3 class=\"rank-math-question \"><span class=\"ez-toc-section\" id=\"Cand_este_cea_mai_buna_perioada_pentru_o_vizita\"><\/span>C\u00e2nd este cea mai bun\u0103 perioad\u0103 pentru o vizit\u0103?<span class=\"ez-toc-section-end\"><\/span><\/h3>\n<div class=\"rank-math-answer \">\n\n<p>V\u0103 ve\u021bi bucura cel mai mult de ora\u0219 <strong>prim\u0103vara sau la \u00eenceputul toamnei<\/strong>, c\u00e2nd domne\u0219te o adev\u0103rat\u0103 atmosfer\u0103 academic\u0103 \u0219i str\u0103zile sunt pline de studen\u021bi. \u00cen august, ora\u0219ul este frumos, dar considerabil mai gol.<\/p>\n\n<\/div>\n<\/div>\n<div id=\"faq-question-1785261104007\" class=\"rank-math-list-item\">\n<h3 class=\"rank-math-question \"><span class=\"ez-toc-section\" id=\"Ce_a_ramas_in_oras_din_titlul_de_Capitala_Europeana_a_Culturii\"><\/span>Ce a r\u0103mas \u00een ora\u0219 din titlul de Capital\u0103 European\u0103 a Culturii?<span class=\"ez-toc-section-end\"><\/span><\/h3>\n<div class=\"rank-math-answer \">\n\n<p>Ora\u0219ul beneficiaz\u0103 \u0219i ast\u0103zi de acest titlu din 2024. Au r\u0103mas <strong>parcuri comunitare renovate, cafenele nou deschise<\/strong> \u0219i o mul\u021bime de instala\u021bii artistice mici care dau str\u0103zilor un aer modern.<\/p>\n\n<\/div>\n<\/div>\n<div id=\"faq-question-1785261104008\" class=\"rank-math-list-item\">\n<h3 class=\"rank-math-question \"><span class=\"ez-toc-section\" id=\"Unde_poti_manca_bine_si_ieftin\"><\/span>Unde po\u021bi m\u00e2nca bine \u0219i ieftin?<span class=\"ez-toc-section-end\"><\/span><\/h3>\n<div class=\"rank-math-answer \">\n\n<p>C\u0103uta\u021bi inscrip\u021biile cu <strong>p\u00e4evapraad<\/strong>, ceea ce \u00eenseamn\u0103 meniu zilnic de pr\u00e2nz. \u00cen aceste bistrouri \u0219i cafenele v\u0103 ve\u021bi putea servi un pr\u00e2nz de calitate \u00een zilele lucr\u0103toare la un pre\u021b orientativ \u00eentre 5 \u0219i 8 euro (25 \u0219i 40 lei).<\/p>\n\n<\/div>\n<\/div>\n<\/div>\n<\/div>","protected":false},"excerpt":{"rendered":"<p>Descoper\u0103 inima universitar\u0103 a Estoniei, plin\u0103 de cafenele, parcuri romantice \u0219i muzee interactive, unde \u00eenc\u0103 nu ajung mul\u021bimile de turi\u0219ti. Din Tallinn ajungi aici \u00een doar dou\u0103 ore.<\/p>\n","protected":false},"author":3,"featured_media":351025,"comment_status":"open","ping_status":"open","sticky":false,"template":"","format":"standard","meta":{"_acf_changed":false,"footnotes":"","rank_math_title":"Tartu, Estonia: 12 lucruri de v\u0103zut \u00een ora\u0219ul studen\u021bilor","rank_math_description":"Tartu, Estonia: 12 lucruri de v\u0103zut \u00een inima studen\u021beasc\u0103 a \u021b\u0103rii \u2014 muzee, parcuri \u0219i cafenele. Descoper\u0103 cum ajungi \u0219i unde te cazezi. Cite\u0219te ghidul!","rank_math_focus_keyword":"tartu estonia","rank_math_seo_score":""},"categories":[2015,2021],"tags":[],"class_list":["post-409573","post","type-post","status-publish","format-standard","has-post-thumbnail","category-calatorii","category-europa"],"acf":[],"featured_image_src":"https:\/\/loudavymkrokem.cz\/wp-content\/uploads\/2026\/07\/tartu-co-videt-hero.jpg","author_info":{"display_name":"Lucie Kone\u010dn\u00e1","author_link":"https:\/\/loudavymkrokem.cz\/ro\/author\/lucie-konecna\/"},"_links":{"self":[{"href":"https:\/\/loudavymkrokem.cz\/ro\/wp-json\/wp\/v2\/posts\/409573","targetHints":{"allow":["GET"]}}],"collection":[{"href":"https:\/\/loudavymkrokem.cz\/ro\/wp-json\/wp\/v2\/posts"}],"about":[{"href":"https:\/\/loudavymkrokem.cz\/ro\/wp-json\/wp\/v2\/types\/post"}],"author":[{"embeddable":true,"href":"https:\/\/loudavymkrokem.cz\/ro\/wp-json\/wp\/v2\/users\/3"}],"replies":[{"embeddable":true,"href":"https:\/\/loudavymkrokem.cz\/ro\/wp-json\/wp\/v2\/comments?post=409573"}],"version-history":[{"count":2,"href":"https:\/\/loudavymkrokem.cz\/ro\/wp-json\/wp\/v2\/posts\/409573\/revisions"}],"predecessor-version":[{"id":409576,"href":"https:\/\/loudavymkrokem.cz\/ro\/wp-json\/wp\/v2\/posts\/409573\/revisions\/409576"}],"wp:featuredmedia":[{"embeddable":true,"href":"https:\/\/loudavymkrokem.cz\/ro\/wp-json\/wp\/v2\/media\/351025"}],"wp:attachment":[{"href":"https:\/\/loudavymkrokem.cz\/ro\/wp-json\/wp\/v2\/media?parent=409573"}],"wp:term":[{"taxonomy":"category","embeddable":true,"href":"https:\/\/loudavymkrokem.cz\/ro\/wp-json\/wp\/v2\/categories?post=409573"},{"taxonomy":"post_tag","embeddable":true,"href":"https:\/\/loudavymkrokem.cz\/ro\/wp-json\/wp\/v2\/tags?post=409573"}],"curies":[{"name":"wp","href":"https:\/\/api.w.org\/{rel}","templated":true}]}}