{"id":409551,"date":"2026-08-27T11:40:20","date_gmt":"2026-08-27T09:40:20","guid":{"rendered":"https:\/\/loudavymkrokem.cz\/olomouc-cehia-cu-copiii\/"},"modified":"2026-08-31T10:26:16","modified_gmt":"2026-08-31T08:26:16","slug":"olomouc-cehia-cu-copiii","status":"publish","type":"post","link":"https:\/\/loudavymkrokem.cz\/ro\/olomouc-cehia-cu-copiii\/","title":{"rendered":"Olomouc, Cehia cu copiii: 34 de idei pentru 2026"},"content":{"rendered":"\n<p class=\"wp-block-paragraph\"><strong>Olomouc, \u00een Cehia, cu copiii<\/strong> sun\u0103 la prima vedere ca un plan destul de riscant. C\u00e2nd auzi \u201ea doua cea mai mare rezerva\u021bie urban\u0103 de monumente din Cehia&#8221;, mul\u021bi p\u0103rin\u021bi \u00ee\u0219i imagineaz\u0103 imediat copii plictisi\u021bi, care se t\u00e2r\u0103sc moroc\u0103no\u0219i pe pavaj \u0219i \u00eentreab\u0103 la fiecare cinci minute c\u00e2nd merg \u00een sf\u00e2r\u0219it la locul de joac\u0103. Dar Olomouc te p\u0103c\u0103le\u0219te. E un ora\u0219 incredibil de compact, unde ai tot ce conteaz\u0103 la distan\u021b\u0103 de mers pe jos, centrul istoric func\u021bioneaz\u0103 ca o zon\u0103 pietonal\u0103 \u00eentins\u0103 \u0219i, cel mai important, ofer\u0103 at\u00e2t de mult\u0103 distrac\u021bie interactiv\u0103 \u00eenc\u00e2t nu vei \u0219ti unde s\u0103 sari mai \u00eent\u00e2i. A\u0219a c\u0103, dac\u0103 te g\u00e2nde\u0219ti <strong>unde s\u0103 mergi cu copiii \u00een Olomouc<\/strong>, preg\u0103te\u0219te-te: un singur weekend s-ar putea s\u0103 nu \u00ee\u021bi ajung\u0103.<\/p>\n\n\n\n<p class=\"wp-block-paragraph\">Familia noastr\u0103 s-a \u00eendr\u0103gostit complet de acest ora\u0219, pentru c\u0103 din punctul de vedere al unui p\u0103rinte e pur \u0219i simplu o destina\u021bie ideal\u0103. Nu trebuie s\u0103 te mu\u021bi \u00eencontinuu cu transportul \u00een comun aglomerat, cu c\u0103ruciorul te descurci surprinz\u0103tor de bine, iar cultura cafenelelor locale este renumit\u0103. De aceea am adunat idei pentru <strong>Olomouc cu copiii<\/strong> care s\u0103 fie utile pe orice vreme: ce s\u0103 faci afar\u0103 c\u00e2nd str\u0103luce\u0219te soarele, unde s\u0103 te ad\u0103poste\u0219ti c\u00e2nd \u00eencepe s\u0103 plou\u0103 \u0219i unde s\u0103 mergi dac\u0103 \u00ee\u021bi mai r\u0103m\u00e2ne o zi \u00een plus.<\/p>\n\n\n\n<p class=\"wp-block-paragraph\">Fie c\u0103 ai acas\u0103 un copila\u0219 mic care are nevoie mai ales de un spa\u021biu sigur de alergat, fie un \u0219colar mai mare care apreciaz\u0103 mai degrab\u0103 adrenalina \u0219i experimentele \u0219tiin\u021bifice, aici va g\u0103si ceva pe placul lui. Vei descoperi cele mai bune atrac\u021bii, spa\u021bii de joac\u0103 \u00eendr\u0103gite, o gr\u0103din\u0103 zoologic\u0103 pe dealul de deasupra ora\u0219ului \u0219i idei de locuri unde po\u021bi m\u00e2nca cu familia f\u0103r\u0103 stres.<\/p>\n\n\n\n<figure data-wp-context=\"{&quot;imageId&quot;:&quot;6a95539fa78e1&quot;}\" data-wp-interactive=\"core\/image\" data-wp-key=\"6a95539fa78e1\" class=\"wp-block-image size-full wp-lightbox-container\"><img decoding=\"async\" width=\"1650\" height=\"2200\" data-wp-class--hide=\"state.isContentHidden\" data-wp-class--show=\"state.isContentVisible\" data-wp-init=\"callbacks.setButtonStyles\" data-wp-on--click=\"actions.showLightbox\" data-wp-on--load=\"callbacks.setButtonStyles\" data-wp-on--pointerdown=\"actions.preloadImage\" data-wp-on--pointerenter=\"actions.preloadImageWithDelay\" data-wp-on--pointerleave=\"actions.cancelPreload\" data-wp-on-window--resize=\"callbacks.setButtonStyles\" src=\"https:\/\/loudavymkrokem.cz\/wp-content\/uploads\/2026\/08\/olomouc-s-detmi-hernicka-drevene-hracky.jpg\" alt=\"Spa\u021biu de joac\u0103 pentru copii \u00een centrul ora\u0219ului Olomouc, cu juc\u0103rii din lemn \u0219i c\u0103su\u021b\u0103\" class=\"wp-image-401018\" title=\"\" srcset=\"https:\/\/loudavymkrokem.cz\/wp-content\/uploads\/2026\/08\/olomouc-s-detmi-hernicka-drevene-hracky.jpg 1650w, https:\/\/loudavymkrokem.cz\/wp-content\/uploads\/2026\/08\/olomouc-s-detmi-hernicka-drevene-hracky-225x300.jpg 225w, https:\/\/loudavymkrokem.cz\/wp-content\/uploads\/2026\/08\/olomouc-s-detmi-hernicka-drevene-hracky-700x933.jpg 700w, https:\/\/loudavymkrokem.cz\/wp-content\/uploads\/2026\/08\/olomouc-s-detmi-hernicka-drevene-hracky-768x1024.jpg 768w, https:\/\/loudavymkrokem.cz\/wp-content\/uploads\/2026\/08\/olomouc-s-detmi-hernicka-drevene-hracky-1152x1536.jpg 1152w, https:\/\/loudavymkrokem.cz\/wp-content\/uploads\/2026\/08\/olomouc-s-detmi-hernicka-drevene-hracky-1536x2048.jpg 1536w, https:\/\/loudavymkrokem.cz\/wp-content\/uploads\/2026\/08\/olomouc-s-detmi-hernicka-drevene-hracky-696x928.jpg 696w, https:\/\/loudavymkrokem.cz\/wp-content\/uploads\/2026\/08\/olomouc-s-detmi-hernicka-drevene-hracky-1392x1856.jpg 1392w\" sizes=\"(max-width: 1650px) 100vw, 1650px\" \/><button\n\t\t\tclass=\"lightbox-trigger\"\n\t\t\ttype=\"button\"\n\t\t\taria-haspopup=\"dialog\"\n\t\t\tdata-wp-bind--aria-label=\"state.thisImage.triggerButtonAriaLabel\"\n\t\t\tdata-wp-init=\"callbacks.initTriggerButton\"\n\t\t\tdata-wp-on--click=\"actions.showLightbox\"\n\t\t\tdata-wp-style--right=\"state.thisImage.buttonRight\"\n\t\t\tdata-wp-style--top=\"state.thisImage.buttonTop\"\n\t\t>\n\t\t\t<svg xmlns=\"http:\/\/www.w3.org\/2000\/svg\" width=\"12\" height=\"12\" fill=\"none\" viewBox=\"0 0 12 12\">\n\t\t\t\t<path fill=\"#fff\" d=\"M2 0a2 2 0 0 0-2 2v2h1.5V2a.5.5 0 0 1 .5-.5h2V0H2Zm2 10.5H2a.5.5 0 0 1-.5-.5V8H0v2a2 2 0 0 0 2 2h2v-1.5ZM8 12v-1.5h2a.5.5 0 0 0 .5-.5V8H12v2a2 2 0 0 1-2 2H8Zm2-12a2 2 0 0 1 2 2v2h-1.5V2a.5.5 0 0 0-.5-.5H8V0h2Z\" \/>\n\t\t\t<\/svg>\n\t\t<\/button><figcaption class=\"wp-element-caption\">Spa\u021biile de joac\u0103 din centrul Olomoucului salveaz\u0103 orice zi ploioas\u0103<\/figcaption><\/figure>\n\n\n\n<div id=\"ez-toc-container\" class=\"ez-toc-v2_0_86 ez-toc-wrap-left counter-hierarchy ez-toc-counter ez-toc-grey ez-toc-container-direction\">\n<div class=\"ez-toc-title-container\">\n<p class=\"ez-toc-title\" style=\"cursor:inherit\">Cuprinsul articolului<\/p>\n<span class=\"ez-toc-title-toggle\"><a href=\"#\" class=\"ez-toc-pull-right ez-toc-btn ez-toc-btn-xs ez-toc-btn-default ez-toc-toggle\" aria-label=\"Toggle Table of Content\"><span class=\"ez-toc-js-icon-con\"><span class=\"\"><span class=\"eztoc-hide\" style=\"display:none;\">Toggle<\/span><span class=\"ez-toc-icon-toggle-span\"><svg style=\"fill: #999;color:#999\" xmlns=\"http:\/\/www.w3.org\/2000\/svg\" class=\"list-377408\" width=\"20px\" height=\"20px\" viewBox=\"0 0 24 24\" fill=\"none\"><path d=\"M6 6H4v2h2V6zm14 0H8v2h12V6zM4 11h2v2H4v-2zm16 0H8v2h12v-2zM4 16h2v2H4v-2zm16 0H8v2h12v-2z\" fill=\"currentColor\"><\/path><\/svg><svg style=\"fill: #999;color:#999\" class=\"arrow-unsorted-368013\" xmlns=\"http:\/\/www.w3.org\/2000\/svg\" width=\"10px\" height=\"10px\" viewBox=\"0 0 24 24\" version=\"1.2\" baseProfile=\"tiny\"><path d=\"M18.2 9.3l-6.2-6.3-6.2 6.3c-.2.2-.3.4-.3.7s.1.5.3.7c.2.2.4.3.7.3h11c.3 0 .5-.1.7-.3.2-.2.3-.5.3-.7s-.1-.5-.3-.7zM5.8 14.7l6.2 6.3 6.2-6.3c.2-.2.3-.5.3-.7s-.1-.5-.3-.7c-.2-.2-.4-.3-.7-.3h-11c-.3 0-.5.1-.7.3-.2.2-.3.5-.3.7s.1.5.3.7z\"\/><\/svg><\/span><\/span><\/span><\/a><\/span><\/div>\n<nav><ul class='ez-toc-list ez-toc-list-level-1 ' ><ul class='ez-toc-list-level-3' ><li class='ez-toc-heading-level-3'><a class=\"ez-toc-link ez-toc-heading-1\" href=\"https:\/\/loudavymkrokem.cz\/ro\/olomouc-cehia-cu-copiii\/#Rezumat_Olomouc_cu_copiii_pe_scurt\" >Rezumat: Olomouc cu copiii pe scurt<\/a><\/li><\/ul><\/li><li class='ez-toc-page-1 ez-toc-heading-level-2'><a class=\"ez-toc-link ez-toc-heading-2\" href=\"https:\/\/loudavymkrokem.cz\/ro\/olomouc-cehia-cu-copiii\/#Cand_sa_mergi_in_Olomouc_cu_copiii\" >C\u00e2nd s\u0103 mergi \u00een Olomouc cu copiii<\/a><\/li><li class='ez-toc-page-1 ez-toc-heading-level-2'><a class=\"ez-toc-link ez-toc-heading-3\" href=\"https:\/\/loudavymkrokem.cz\/ro\/olomouc-cehia-cu-copiii\/#Unde_sa_stai_in_Olomouc_cu_copiii\" >Unde s\u0103 stai \u00een Olomouc cu copiii<\/a><\/li><li class='ez-toc-page-1 ez-toc-heading-level-2'><a class=\"ez-toc-link ez-toc-heading-4\" href=\"https:\/\/loudavymkrokem.cz\/ro\/olomouc-cehia-cu-copiii\/#Ce_sa_faci_in_Olomouc_cu_copiii_afara\" >Ce s\u0103 faci \u00een Olomouc cu copiii afar\u0103<\/a><ul class='ez-toc-list-level-3' ><li class='ez-toc-heading-level-3'><a class=\"ez-toc-link ez-toc-heading-5\" href=\"https:\/\/loudavymkrokem.cz\/ro\/olomouc-cehia-cu-copiii\/#1_Ceasul_astronomic_din_Olomouc\" >1. Ceasul astronomic din Olomouc<\/a><\/li><li class='ez-toc-page-1 ez-toc-heading-level-3'><a class=\"ez-toc-link ez-toc-heading-6\" href=\"https:\/\/loudavymkrokem.cz\/ro\/olomouc-cehia-cu-copiii\/#2_Coloana_Sfintei_Treimi\" >2. Coloana Sfintei Treimi<\/a><\/li><li class='ez-toc-page-1 ez-toc-heading-level-3'><a class=\"ez-toc-link ez-toc-heading-7\" href=\"https:\/\/loudavymkrokem.cz\/ro\/olomouc-cehia-cu-copiii\/#3_Vanatoarea_de_comori_a_fantanilor_baroce\" >3. V\u00e2n\u0103toarea de comori a f\u00e2nt\u00e2nilor baroce<\/a><\/li><li class='ez-toc-page-1 ez-toc-heading-level-3'><a class=\"ez-toc-link ez-toc-heading-8\" href=\"https:\/\/loudavymkrokem.cz\/ro\/olomouc-cehia-cu-copiii\/#4_Turnul_primariei\" >4. Turnul prim\u0103riei<\/a><\/li><li class='ez-toc-page-1 ez-toc-heading-level-3'><a class=\"ez-toc-link ez-toc-heading-9\" href=\"https:\/\/loudavymkrokem.cz\/ro\/olomouc-cehia-cu-copiii\/#5_Biserica_Sf_Mauriciu_si_urcarea_in_turn\" >5. Biserica Sf. Mauriciu \u0219i urcarea \u00een turn<\/a><\/li><li class='ez-toc-page-1 ez-toc-heading-level-3'><a class=\"ez-toc-link ez-toc-heading-10\" href=\"https:\/\/loudavymkrokem.cz\/ro\/olomouc-cehia-cu-copiii\/#6_Gradinile_Smetana\" >6. Gr\u0103dinile Smetana<\/a><\/li><li class='ez-toc-page-1 ez-toc-heading-level-3'><a class=\"ez-toc-link ez-toc-heading-11\" href=\"https:\/\/loudavymkrokem.cz\/ro\/olomouc-cehia-cu-copiii\/#7_Gradinile_Bezruc_si_zidurile_de_aparare\" >7. Gr\u0103dinile Bezru\u010d \u0219i zidurile de ap\u0103rare<\/a><\/li><li class='ez-toc-page-1 ez-toc-heading-level-3'><a class=\"ez-toc-link ez-toc-heading-12\" href=\"https:\/\/loudavymkrokem.cz\/ro\/olomouc-cehia-cu-copiii\/#8_Roseraium\" >8. Roseraium<\/a><\/li><li class='ez-toc-page-1 ez-toc-heading-level-3'><a class=\"ez-toc-link ez-toc-heading-13\" href=\"https:\/\/loudavymkrokem.cz\/ro\/olomouc-cehia-cu-copiii\/#9_Fortificatia_Coroanei\" >9. Fortifica\u021bia Coroanei<\/a><\/li><li class='ez-toc-page-1 ez-toc-heading-level-3'><a class=\"ez-toc-link ez-toc-heading-14\" href=\"https:\/\/loudavymkrokem.cz\/ro\/olomouc-cehia-cu-copiii\/#10_Muraluri_si_street_art_in_gangurile_pasajelor\" >10. Muraluri \u0219i street art \u00een gangurile pasajelor<\/a><\/li><\/ul><\/li><li class='ez-toc-page-1 ez-toc-heading-level-2'><a class=\"ez-toc-link ez-toc-heading-15\" href=\"https:\/\/loudavymkrokem.cz\/ro\/olomouc-cehia-cu-copiii\/#Cand_ploua_spatii_de_joaca_muzee_si_centre_de_distractii\" >C\u00e2nd plou\u0103: spa\u021bii de joac\u0103, muzee \u0219i centre de distrac\u021bii<\/a><ul class='ez-toc-list-level-3' ><li class='ez-toc-heading-level-3'><a class=\"ez-toc-link ez-toc-heading-16\" href=\"https:\/\/loudavymkrokem.cz\/ro\/olomouc-cehia-cu-copiii\/#11_Cetatea_Cunoasterii\" >11. Cetatea Cunoa\u0219terii<\/a><\/li><li class='ez-toc-page-1 ez-toc-heading-level-3'><a class=\"ez-toc-link ez-toc-heading-17\" href=\"https:\/\/loudavymkrokem.cz\/ro\/olomouc-cehia-cu-copiii\/#12_JaSam\" >12. J\u00e1S\u00e1m<\/a><\/li><li class='ez-toc-page-1 ez-toc-heading-level-3'><a class=\"ez-toc-link ez-toc-heading-18\" href=\"https:\/\/loudavymkrokem.cz\/ro\/olomouc-cehia-cu-copiii\/#13_V_lese\" >13. V lese<\/a><\/li><li class='ez-toc-page-1 ez-toc-heading-level-3'><a class=\"ez-toc-link ez-toc-heading-19\" href=\"https:\/\/loudavymkrokem.cz\/ro\/olomouc-cehia-cu-copiii\/#14_Clovickov\" >14. \u010clov\u00ed\u010dkov<\/a><\/li><li class='ez-toc-page-1 ez-toc-heading-level-3'><a class=\"ez-toc-link ez-toc-heading-20\" href=\"https:\/\/loudavymkrokem.cz\/ro\/olomouc-cehia-cu-copiii\/#15_Snoezelen_Olomouc\" >15. Snoezelen Olomouc<\/a><\/li><li class='ez-toc-page-1 ez-toc-heading-level-3'><a class=\"ez-toc-link ez-toc-heading-21\" href=\"https:\/\/loudavymkrokem.cz\/ro\/olomouc-cehia-cu-copiii\/#16_Parcul_de_distractii_pentru_familie_Krokodylek\" >16. Parcul de distrac\u021bii pentru familie Krokod\u00fdlek<\/a><\/li><li class='ez-toc-page-1 ez-toc-heading-level-3'><a class=\"ez-toc-link ez-toc-heading-22\" href=\"https:\/\/loudavymkrokem.cz\/ro\/olomouc-cehia-cu-copiii\/#17_Amazonie_Olomouc\" >17. Amazonie Olomouc<\/a><\/li><li class='ez-toc-page-1 ez-toc-heading-level-3'><a class=\"ez-toc-link ez-toc-heading-23\" href=\"https:\/\/loudavymkrokem.cz\/ro\/olomouc-cehia-cu-copiii\/#18_Centrul_de_franghii_PROUD\" >18. Centrul de fr\u00e2nghii PROUD<\/a><\/li><li class='ez-toc-page-1 ez-toc-heading-level-3'><a class=\"ez-toc-link ez-toc-heading-24\" href=\"https:\/\/loudavymkrokem.cz\/ro\/olomouc-cehia-cu-copiii\/#19_Muzeul_Regional_Olomouc\" >19. Muzeul Regional Olomouc<\/a><\/li><li class='ez-toc-page-1 ez-toc-heading-level-3'><a class=\"ez-toc-link ez-toc-heading-25\" href=\"https:\/\/loudavymkrokem.cz\/ro\/olomouc-cehia-cu-copiii\/#20_Casa_Bantuita\" >20. Casa B\u00e2ntuit\u0103<\/a><\/li><\/ul><\/li><li class='ez-toc-page-1 ez-toc-heading-level-2'><a class=\"ez-toc-link ez-toc-heading-26\" href=\"https:\/\/loudavymkrokem.cz\/ro\/olomouc-cehia-cu-copiii\/#Apa_sport_si_zbenguiala\" >Ap\u0103, sport \u0219i zbenguial\u0103<\/a><ul class='ez-toc-list-level-3' ><li class='ez-toc-heading-level-3'><a class=\"ez-toc-link ez-toc-heading-27\" href=\"https:\/\/loudavymkrokem.cz\/ro\/olomouc-cehia-cu-copiii\/#21_Aquapark_Olomouc\" >21. Aquapark Olomouc<\/a><\/li><li class='ez-toc-page-1 ez-toc-heading-level-3'><a class=\"ez-toc-link ez-toc-heading-28\" href=\"https:\/\/loudavymkrokem.cz\/ro\/olomouc-cehia-cu-copiii\/#22_Centrum_Semafor\" >22. Centrum Semafor<\/a><\/li><li class='ez-toc-page-1 ez-toc-heading-level-3'><a class=\"ez-toc-link ez-toc-heading-29\" href=\"https:\/\/loudavymkrokem.cz\/ro\/olomouc-cehia-cu-copiii\/#23_Parcul_de_aventura_Veverak\" >23. Parcul de aventur\u0103 Vever\u00e1k<\/a><\/li><li class='ez-toc-page-1 ez-toc-heading-level-3'><a class=\"ez-toc-link ez-toc-heading-30\" href=\"https:\/\/loudavymkrokem.cz\/ro\/olomouc-cehia-cu-copiii\/#24_Locuri_de_joaca_in_parcuri\" >24. Locuri de joac\u0103 \u00een parcuri<\/a><\/li><\/ul><\/li><li class='ez-toc-page-1 ez-toc-heading-level-2'><a class=\"ez-toc-link ez-toc-heading-31\" href=\"https:\/\/loudavymkrokem.cz\/ro\/olomouc-cehia-cu-copiii\/#Svaty_Kopecek_gradina_zoologica_si_o_zi_intreaga_deasupra_orasului\" >Svat\u00fd Kope\u010dek: gr\u0103dina zoologic\u0103 \u0219i o zi \u00eentreag\u0103 deasupra ora\u0219ului<\/a><ul class='ez-toc-list-level-3' ><li class='ez-toc-heading-level-3'><a class=\"ez-toc-link ez-toc-heading-32\" href=\"https:\/\/loudavymkrokem.cz\/ro\/olomouc-cehia-cu-copiii\/#25_Gradina_Zoologica_Olomouc_de_la_Svaty_Kopecek\" >25. Gr\u0103dina Zoologic\u0103 Olomouc de la Svat\u00fd Kope\u010dek<\/a><\/li><li class='ez-toc-page-1 ez-toc-heading-level-3'><a class=\"ez-toc-link ez-toc-heading-33\" href=\"https:\/\/loudavymkrokem.cz\/ro\/olomouc-cehia-cu-copiii\/#26_Turnul_de_observatie_din_gradina_zoologica\" >26. Turnul de observa\u021bie din gr\u0103dina zoologic\u0103<\/a><\/li><li class='ez-toc-page-1 ez-toc-heading-level-3'><a class=\"ez-toc-link ez-toc-heading-34\" href=\"https:\/\/loudavymkrokem.cz\/ro\/olomouc-cehia-cu-copiii\/#27_Bazilica_Vizitatiunii_Sfintei_Fecioare_Maria\" >27. Bazilica Vizita\u021biunii Sfintei Fecioare Maria<\/a><\/li><\/ul><\/li><li class='ez-toc-page-1 ez-toc-heading-level-2'><a class=\"ez-toc-link ez-toc-heading-35\" href=\"https:\/\/loudavymkrokem.cz\/ro\/olomouc-cehia-cu-copiii\/#Excursii_din_Olomouc_cu_copiii\" >Excursii din Olomouc cu copiii<\/a><ul class='ez-toc-list-level-3' ><li class='ez-toc-heading-level-3'><a class=\"ez-toc-link ez-toc-heading-36\" href=\"https:\/\/loudavymkrokem.cz\/ro\/olomouc-cehia-cu-copiii\/#28_DinoPark_si_ZOO_Park_Vyskov\" >28. DinoPark \u0219i ZOO Park Vy\u0161kov<\/a><\/li><li class='ez-toc-page-1 ez-toc-heading-level-3'><a class=\"ez-toc-link ez-toc-heading-37\" href=\"https:\/\/loudavymkrokem.cz\/ro\/olomouc-cehia-cu-copiii\/#29_Castelul_Bouzov\" >29. Castelul Bouzov<\/a><\/li><li class='ez-toc-page-1 ez-toc-heading-level-3'><a class=\"ez-toc-link ez-toc-heading-38\" href=\"https:\/\/loudavymkrokem.cz\/ro\/olomouc-cehia-cu-copiii\/#30_Pesterile_Mladec\" >30. Pe\u0219terile Mlade\u010d<\/a><\/li><li class='ez-toc-page-1 ez-toc-heading-level-3'><a class=\"ez-toc-link ez-toc-heading-39\" href=\"https:\/\/loudavymkrokem.cz\/ro\/olomouc-cehia-cu-copiii\/#31_Pesterile_Javoricko\" >31. Pe\u0219terile Javo\u0159\u00ed\u010dko<\/a><\/li><li class='ez-toc-page-1 ez-toc-heading-level-3'><a class=\"ez-toc-link ez-toc-heading-40\" href=\"https:\/\/loudavymkrokem.cz\/ro\/olomouc-cehia-cu-copiii\/#32_Muzeul_branzeturilor_din_Olomouc_la_Lostice\" >32. Muzeul br\u00e2nzeturilor din Olomouc, la Lo\u0161tice<\/a><\/li><li class='ez-toc-page-1 ez-toc-heading-level-3'><a class=\"ez-toc-link ez-toc-heading-41\" href=\"https:\/\/loudavymkrokem.cz\/ro\/olomouc-cehia-cu-copiii\/#33_Muzeul_pentru_copii_Praded_din_Bludov\" >33. Muzeul pentru copii Prad\u011bd din Bludov<\/a><\/li><li class='ez-toc-page-1 ez-toc-heading-level-3'><a class=\"ez-toc-link ez-toc-heading-42\" href=\"https:\/\/loudavymkrokem.cz\/ro\/olomouc-cehia-cu-copiii\/#34_Fort_Radikov\" >34. Fort Rad\u00edkov<\/a><\/li><\/ul><\/li><li class='ez-toc-page-1 ez-toc-heading-level-2'><a class=\"ez-toc-link ez-toc-heading-43\" href=\"https:\/\/loudavymkrokem.cz\/ro\/olomouc-cehia-cu-copiii\/#Unde_sa_mananci_cu_copiii\" >Unde s\u0103 m\u0103n\u00e2nci cu copiii<\/a><\/li><li class='ez-toc-page-1 ez-toc-heading-level-2'><a class=\"ez-toc-link ez-toc-heading-44\" href=\"https:\/\/loudavymkrokem.cz\/ro\/olomouc-cehia-cu-copiii\/#Informatii_practice\" >Informa\u021bii practice<\/a><\/li><li class='ez-toc-page-1 ez-toc-heading-level-2'><a class=\"ez-toc-link ez-toc-heading-45\" href=\"https:\/\/loudavymkrokem.cz\/ro\/olomouc-cehia-cu-copiii\/#Unde_mergi_mai_departe\" >Unde mergi mai departe<\/a><\/li><li class='ez-toc-page-1 ez-toc-heading-level-2'><a class=\"ez-toc-link ez-toc-heading-46\" href=\"https:\/\/loudavymkrokem.cz\/ro\/olomouc-cehia-cu-copiii\/#Intrebari_frecvente\" >\u00centreb\u0103ri frecvente<\/a><ul class='ez-toc-list-level-3' ><li class='ez-toc-heading-level-3'><a class=\"ez-toc-link ez-toc-heading-47\" href=\"https:\/\/loudavymkrokem.cz\/ro\/olomouc-cehia-cu-copiii\/#Unde_sa_mergi_in_Olomouc_cu_copiii_cand_ploua\" >Unde s\u0103 mergi \u00een Olomouc cu copiii c\u00e2nd plou\u0103?<\/a><\/li><li class='ez-toc-page-1 ez-toc-heading-level-3'><a class=\"ez-toc-link ez-toc-heading-48\" href=\"https:\/\/loudavymkrokem.cz\/ro\/olomouc-cehia-cu-copiii\/#Cat_costa_ZOO_Olomouc\" >C\u00e2t cost\u0103 ZOO Olomouc?<\/a><\/li><li class='ez-toc-page-1 ez-toc-heading-level-3'><a class=\"ez-toc-link ez-toc-heading-49\" href=\"https:\/\/loudavymkrokem.cz\/ro\/olomouc-cehia-cu-copiii\/#Cum_ajungi_pe_Svaty_Kopecek\" >Cum ajungi pe Svat\u00fd Kope\u010dek?<\/a><\/li><li class='ez-toc-page-1 ez-toc-heading-level-3'><a class=\"ez-toc-link ez-toc-heading-50\" href=\"https:\/\/loudavymkrokem.cz\/ro\/olomouc-cehia-cu-copiii\/#Este_Olomouc_potrivit_cu_caruciorul\" >Este Olomouc potrivit cu c\u0103ruciorul?<\/a><\/li><li class='ez-toc-page-1 ez-toc-heading-level-3'><a class=\"ez-toc-link ez-toc-heading-51\" href=\"https:\/\/loudavymkrokem.cz\/ro\/olomouc-cehia-cu-copiii\/#Unde_sa_mergi_cu_copiii_in_Olomouc_gratuit\" >Unde s\u0103 mergi cu copiii \u00een Olomouc gratuit?<\/a><\/li><li class='ez-toc-page-1 ez-toc-heading-level-3'><a class=\"ez-toc-link ez-toc-heading-52\" href=\"https:\/\/loudavymkrokem.cz\/ro\/olomouc-cehia-cu-copiii\/#Cate_zile_avem_nevoie_pentru_Olomouc_cu_copiii\" >C\u00e2te zile avem nevoie pentru Olomouc cu copiii?<\/a><\/li><li class='ez-toc-page-1 ez-toc-heading-level-3'><a class=\"ez-toc-link ez-toc-heading-53\" href=\"https:\/\/loudavymkrokem.cz\/ro\/olomouc-cehia-cu-copiii\/#Unde_sa_mergi_in_excursie_din_Olomouc_cu_copiii\" >Unde s\u0103 mergi \u00een excursie din Olomouc cu copiii?<\/a><\/li><li class='ez-toc-page-1 ez-toc-heading-level-3'><a class=\"ez-toc-link ez-toc-heading-54\" href=\"https:\/\/loudavymkrokem.cz\/ro\/olomouc-cehia-cu-copiii\/#Cat_de_departe_este_DinoPark_Vyskov_de_Olomouc\" >C\u00e2t de departe este DinoPark Vy\u0161kov de Olomouc?<\/a><\/li><\/ul><\/li><\/ul><\/nav><\/div>\n<h3 class=\"wp-block-heading\"><span class=\"ez-toc-section\" id=\"Rezumat_Olomouc_cu_copiii_pe_scurt\"><\/span>Rezumat: Olomouc cu copiii pe scurt<span class=\"ez-toc-section-end\"><\/span><\/h3>\n\n\n\n<ul class=\"wp-block-list\">\n\n<li><strong>Pe vreme frumoas\u0103:<\/strong> F\u0103 o v\u00e2n\u0103toare de comori a f\u00e2nt\u00e2nilor baroce din centru, a\u0219teapt\u0103 b\u0103taia de amiaz\u0103 a ceasului astronomic neobi\u0219nuit, mergi \u00een \u00eentinsele gr\u0103dini Smetana sau porne\u0219te \u00een explorarea Fortifica\u021biei Coroanei.<\/li>\n\n\n\n<li><strong>C\u00e2nd plou\u0103:<\/strong> Olomouc este un paradis pentru zilele ploioase. Te a\u0219teapt\u0103 uria\u0219a Cetate a Cunoa\u0219terii plin\u0103 de \u0219tiin\u021b\u0103, marele parc de distrac\u021bii Krokod\u00fdlek \u0219i o concentra\u021bie absolut nemaiv\u0103zut\u0103 de spa\u021bii de joac\u0103 superbe pentru copii chiar \u00een centru, cu cafea de specialitate pentru p\u0103rin\u021bi.<\/li>\n\n\n\n<li><strong>Unde s\u0103 faci o excursie:<\/strong> Svat\u00fd Kope\u010dek cu gr\u0103dina zoologic\u0103 este obligatoriu, dar dac\u0103 ai ma\u0219in\u0103, ia \u00een considerare \u0219i fantasticul DinoPark din Vy\u0161kov sau castelul de poveste Bouzov.<\/li>\n\n\n\n<li><strong>Unde s\u0103 stai:<\/strong> O alegere excelent\u0103 \u00een centru este OREA Hotel Arigone, unde copiii sub 5,99 ani stau gratuit, iar p\u0103rin\u021bii pot intra \u00een jacuzzi-ul din camer\u0103 dup\u0103 ce i-au adormit.<\/li>\n\n\n\n<li><strong>De c\u00e2te zile ai nevoie:<\/strong> Centrul istoric \u00eel parcurgi \u00eentr-o zi, dar dac\u0103 vrei s\u0103 vezi \u0219i gr\u0103dina zoologic\u0103 \u0219i s\u0103 te bucuri de spa\u021biile de joac\u0103 sau de aquapark, ideal sunt 2-3 zile.<\/li>\n\n\n<\/ul>\n\n\n\n<h2 class=\"wp-block-heading\"><span class=\"ez-toc-section\" id=\"Cand_sa_mergi_in_Olomouc_cu_copiii\"><\/span>C\u00e2nd s\u0103 mergi \u00een Olomouc cu copiii<span class=\"ez-toc-section-end\"><\/span><\/h2>\n\n\n\n<figure data-wp-context=\"{&quot;imageId&quot;:&quot;6a95539fa80f7&quot;}\" data-wp-interactive=\"core\/image\" data-wp-key=\"6a95539fa80f7\" class=\"wp-block-image size-full wp-lightbox-container\"><img decoding=\"async\" width=\"2200\" height=\"1467\" data-wp-class--hide=\"state.isContentHidden\" data-wp-class--show=\"state.isContentVisible\" data-wp-init=\"callbacks.setButtonStyles\" data-wp-on--click=\"actions.showLightbox\" data-wp-on--load=\"callbacks.setButtonStyles\" data-wp-on--pointerdown=\"actions.preloadImage\" data-wp-on--pointerenter=\"actions.preloadImageWithDelay\" data-wp-on--pointerleave=\"actions.cancelPreload\" data-wp-on-window--resize=\"callbacks.setButtonStyles\" src=\"https:\/\/loudavymkrokem.cz\/wp-content\/uploads\/2026\/08\/olomouc-s-detmi-namesti-se-stromy.jpg\" alt=\"Cas\u0103 baroc\u0103 \u0219i statuie \u00een pia\u021ba din Olomouc, cu copaci\" class=\"wp-image-401042\" title=\"\" srcset=\"https:\/\/loudavymkrokem.cz\/wp-content\/uploads\/2026\/08\/olomouc-s-detmi-namesti-se-stromy.jpg 2200w, https:\/\/loudavymkrokem.cz\/wp-content\/uploads\/2026\/08\/olomouc-s-detmi-namesti-se-stromy-300x200.jpg 300w, https:\/\/loudavymkrokem.cz\/wp-content\/uploads\/2026\/08\/olomouc-s-detmi-namesti-se-stromy-700x467.jpg 700w, https:\/\/loudavymkrokem.cz\/wp-content\/uploads\/2026\/08\/olomouc-s-detmi-namesti-se-stromy-768x512.jpg 768w, https:\/\/loudavymkrokem.cz\/wp-content\/uploads\/2026\/08\/olomouc-s-detmi-namesti-se-stromy-1536x1024.jpg 1536w, https:\/\/loudavymkrokem.cz\/wp-content\/uploads\/2026\/08\/olomouc-s-detmi-namesti-se-stromy-2048x1366.jpg 2048w, https:\/\/loudavymkrokem.cz\/wp-content\/uploads\/2026\/08\/olomouc-s-detmi-namesti-se-stromy-696x464.jpg 696w, https:\/\/loudavymkrokem.cz\/wp-content\/uploads\/2026\/08\/olomouc-s-detmi-namesti-se-stromy-1392x928.jpg 1392w, https:\/\/loudavymkrokem.cz\/wp-content\/uploads\/2026\/08\/olomouc-s-detmi-namesti-se-stromy-1920x1280.jpg 1920w\" sizes=\"(max-width: 2200px) 100vw, 2200px\" \/><button\n\t\t\tclass=\"lightbox-trigger\"\n\t\t\ttype=\"button\"\n\t\t\taria-haspopup=\"dialog\"\n\t\t\tdata-wp-bind--aria-label=\"state.thisImage.triggerButtonAriaLabel\"\n\t\t\tdata-wp-init=\"callbacks.initTriggerButton\"\n\t\t\tdata-wp-on--click=\"actions.showLightbox\"\n\t\t\tdata-wp-style--right=\"state.thisImage.buttonRight\"\n\t\t\tdata-wp-style--top=\"state.thisImage.buttonTop\"\n\t\t>\n\t\t\t<svg xmlns=\"http:\/\/www.w3.org\/2000\/svg\" width=\"12\" height=\"12\" fill=\"none\" viewBox=\"0 0 12 12\">\n\t\t\t\t<path fill=\"#fff\" d=\"M2 0a2 2 0 0 0-2 2v2h1.5V2a.5.5 0 0 1 .5-.5h2V0H2Zm2 10.5H2a.5.5 0 0 1-.5-.5V8H0v2a2 2 0 0 0 2 2h2v-1.5ZM8 12v-1.5h2a.5.5 0 0 0 .5-.5V8H12v2a2 2 0 0 1-2 2H8Zm2-12a2 2 0 0 1 2 2v2h-1.5V2a.5.5 0 0 0-.5-.5H8V0h2Z\" \/>\n\t\t\t<\/svg>\n\t\t<\/button><figcaption class=\"wp-element-caption\">Pie\u021bele lini\u0219tite din Olomouc, cu copaci, unde po\u021bi respira o clip\u0103 al\u0103turi de copii<\/figcaption><\/figure>\n\n\n\n<p class=\"wp-block-paragraph\">Olomouc are un mare avantaj: e o destina\u021bie pentru tot anul, care nu \u00ee\u0219i \u00eenchide por\u021bile odat\u0103 cu sf\u00e2r\u0219itul vacan\u021bei de var\u0103. A\u0219adar, c\u00e2nd merit\u0103 cel mai mult s\u0103 mergi aici? Depinde \u00een principal de ce a\u0219tep\u021bi de la excursie \u0219i de v\u00e2rsta copiilor pe care \u00eei iei cu tine. Conteaz\u0103 mai ales ce activit\u0103\u021bi preferi \u00een familie \u0219i c\u00e2t de mari sunt cei mici pe care \u00eei aduci.<\/p>\n\n\n\n<p class=\"wp-block-paragraph\">Prim\u0103vara e absolut magic\u0103 \u00een Olomouc, mai ales aprilie \u0219i mai. Dac\u0103 nimere\u0219ti s\u0103pt\u0103m\u00e2na potrivit\u0103, vei vedea \u00een gr\u0103dinile Bezru\u010d, sub ziduri, magnoliile \u00eenflorite &#8211; o priveli\u0219te care \u00eei cucere\u0219te chiar \u0219i pe cei mai \u00eenver\u0219una\u021bi du\u0219mani ai romantismului &#8211; iar pu\u021bin mai \u00eencolo se treze\u0219te \u00eencet superbul Roseraium. Vara \u00ee\u021bi ofer\u0103 posibilitatea s\u0103 te r\u0103core\u0219ti \u00een aquaparkul local, s\u0103 petreci zile lungi \u00een gr\u0103dina zoologic\u0103 de la Svat\u00fd Kope\u010dek \u0219i s\u0103 te bucuri de plimb\u0103ri \u00een amurg prin centrul pustiu, cu o \u00eenghe\u021bat\u0103 la cornet \u00een m\u00e2n\u0103.<\/p>\n\n\n\n<p class=\"wp-block-paragraph\">Toamna coloreaz\u0103 parcurile \u00eentinse din Olomouc \u00een auriu \u0219i e momentul ideal pentru muzee \u0219i spa\u021bii de joac\u0103 interioare, dintre care aici g\u0103se\u0219ti din bel\u0219ug. \u0218i nu pot s\u0103 uit iarna, mai exact adventul. T\u00e2rgurile de Cr\u0103ciun din Olomouc, \u00een Pia\u021ba de Sus \u0219i Pia\u021ba de Jos, se num\u0103r\u0103 constant printre cele mai frumoase din toat\u0103 \u021bara: miroase a punci, decorurile se aprind, iar pentru copii e o poveste adev\u0103rat\u0103. Pentru esen\u021bial, adic\u0103 centrul \u0219i gr\u0103dina zoologic\u0103, \u00ee\u021bi ajung dou\u0103 zile, dar dac\u0103 vrei s\u0103 adaugi \u0219i excursii \u00een \u00eemprejurimi, rezerv\u0103-\u021bi lini\u0219tit un weekend prelungit.<\/p>\n\n\n\n<h2 class=\"wp-block-heading\"><span class=\"ez-toc-section\" id=\"Unde_sa_stai_in_Olomouc_cu_copiii\"><\/span>Unde s\u0103 stai \u00een Olomouc cu copiii<span class=\"ez-toc-section-end\"><\/span><\/h2>\n\n\n\n<figure data-wp-context=\"{&quot;imageId&quot;:&quot;6a95539fa8906&quot;}\" data-wp-interactive=\"core\/image\" data-wp-key=\"6a95539fa8906\" class=\"wp-block-image size-full wp-lightbox-container\"><img decoding=\"async\" width=\"2200\" height=\"1467\" data-wp-class--hide=\"state.isContentHidden\" data-wp-class--show=\"state.isContentVisible\" data-wp-init=\"callbacks.setButtonStyles\" data-wp-on--click=\"actions.showLightbox\" data-wp-on--load=\"callbacks.setButtonStyles\" data-wp-on--pointerdown=\"actions.preloadImage\" data-wp-on--pointerenter=\"actions.preloadImageWithDelay\" data-wp-on--pointerleave=\"actions.cancelPreload\" data-wp-on-window--resize=\"callbacks.setButtonStyles\" src=\"https:\/\/loudavymkrokem.cz\/wp-content\/uploads\/2026\/08\/olomouc-s-detmi-hotel-arigone-wellness.jpg\" alt=\"Copil pe \u0219ezlong \u00een camera wellness a hotelului Arigone din Olomouc\" class=\"wp-image-401101\" title=\"\" srcset=\"https:\/\/loudavymkrokem.cz\/wp-content\/uploads\/2026\/08\/olomouc-s-detmi-hotel-arigone-wellness.jpg 2200w, https:\/\/loudavymkrokem.cz\/wp-content\/uploads\/2026\/08\/olomouc-s-detmi-hotel-arigone-wellness-300x200.jpg 300w, https:\/\/loudavymkrokem.cz\/wp-content\/uploads\/2026\/08\/olomouc-s-detmi-hotel-arigone-wellness-700x467.jpg 700w, https:\/\/loudavymkrokem.cz\/wp-content\/uploads\/2026\/08\/olomouc-s-detmi-hotel-arigone-wellness-768x512.jpg 768w, https:\/\/loudavymkrokem.cz\/wp-content\/uploads\/2026\/08\/olomouc-s-detmi-hotel-arigone-wellness-1536x1024.jpg 1536w, https:\/\/loudavymkrokem.cz\/wp-content\/uploads\/2026\/08\/olomouc-s-detmi-hotel-arigone-wellness-2048x1366.jpg 2048w, https:\/\/loudavymkrokem.cz\/wp-content\/uploads\/2026\/08\/olomouc-s-detmi-hotel-arigone-wellness-696x464.jpg 696w, https:\/\/loudavymkrokem.cz\/wp-content\/uploads\/2026\/08\/olomouc-s-detmi-hotel-arigone-wellness-1392x928.jpg 1392w, https:\/\/loudavymkrokem.cz\/wp-content\/uploads\/2026\/08\/olomouc-s-detmi-hotel-arigone-wellness-1920x1280.jpg 1920w\" sizes=\"(max-width: 2200px) 100vw, 2200px\" \/><button\n\t\t\tclass=\"lightbox-trigger\"\n\t\t\ttype=\"button\"\n\t\t\taria-haspopup=\"dialog\"\n\t\t\tdata-wp-bind--aria-label=\"state.thisImage.triggerButtonAriaLabel\"\n\t\t\tdata-wp-init=\"callbacks.initTriggerButton\"\n\t\t\tdata-wp-on--click=\"actions.showLightbox\"\n\t\t\tdata-wp-style--right=\"state.thisImage.buttonRight\"\n\t\t\tdata-wp-style--top=\"state.thisImage.buttonTop\"\n\t\t>\n\t\t\t<svg xmlns=\"http:\/\/www.w3.org\/2000\/svg\" width=\"12\" height=\"12\" fill=\"none\" viewBox=\"0 0 12 12\">\n\t\t\t\t<path fill=\"#fff\" d=\"M2 0a2 2 0 0 0-2 2v2h1.5V2a.5.5 0 0 1 .5-.5h2V0H2Zm2 10.5H2a.5.5 0 0 1-.5-.5V8H0v2a2 2 0 0 0 2 2h2v-1.5ZM8 12v-1.5h2a.5.5 0 0 0 .5-.5V8H12v2a2 2 0 0 1-2 2H8Zm2-12a2 2 0 0 1 2 2v2h-1.5V2a.5.5 0 0 0-.5-.5H8V0h2Z\" \/>\n\t\t\t<\/svg>\n\t\t<\/button><figcaption class=\"wp-element-caption\">Camera wellness din hotelul Arigone: copilul adoarme, iar p\u0103rin\u021bii au \u00een sf\u00e2r\u0219it o clip\u0103 pentru ei<\/figcaption><\/figure>\n\n\n\n<p class=\"wp-block-paragraph\">Cazarea cu copiii \u00een ora\u0219ele istorice e uneori o adev\u0103rat\u0103 provocare, pentru c\u0103 trebuie s\u0103 \u00eembini apropierea de monumente cu confortul, cu parcarea bun\u0103 \u0219i, dac\u0103 se poate, cu pu\u021bin lux pentru p\u0103rin\u021bi. Noi am avut mare noroc la alegerea hotelului \u00een timpul vizitei \u0219i trebuie s\u0103 spun c\u0103 ne-a f\u0103cut sejurul incredibil de pl\u0103cut.<\/p>\n\n\n\n<p class=\"wp-block-paragraph\">Am stat la <strong>OREA Hotel Arigone<\/strong>, chiar \u00een centrul istoric, \u0219i a fost o lovitur\u0103 perfect\u0103. Nu e un hotel tipic cu program de anima\u021bie g\u0103l\u0103gios \u0219i mascote la micul dejun, dar pentru noi, p\u0103rin\u021bii, a func\u021bionat ca o terapie perfect\u0103. Am avut o camer\u0103 wellness cu jacuzzi \u0219i saun\u0103 proprie. \u00ce\u021bi po\u021bi imagina probabil u\u0219urarea c\u00e2nd, seara, l-am adormit \u00een sf\u00e2r\u0219it pe micu\u021bul Jon\u00e1\u0161 \u0219i ne-am putut cufunda, eu \u0219i Luk\u00e1\u0161, \u00een bule, f\u0103r\u0103 s\u0103 fim nevoi\u021bi s\u0103 ie\u0219im din camer\u0103. Pe deasupra, au un mic dejun absolut fantastic, copiii sub 5,99 ani stau complet gratuit, iar cele mai bune spa\u021bii de joac\u0103 \u0219i cafenele pentru copii sunt la doar c\u00e2teva minute de mers pe jos, agale.<\/p>\n\n\n\n<p class=\"wp-block-paragraph\">\ud83d\udc49 <strong><a href=\"https:\/\/www.stay22.com\/allez\/roam?aid=lukaskonecny&#038;campaign=loudavymkrokemcz&#038;campaign=olomoucsdetmi&#038;hotelname=OREA%20Hotel%20Arigone%20Olomouc&#038;address=Olomouc%2C%20Cesko&#038;category=accommodation\" target=\"_blank\" rel=\"nofollow sponsored noopener\">Verific\u0103 pre\u021burile \u0219i disponibilitatea hotelului Arigone<\/a><\/strong> \u00b7 l-am descris \u00een detaliu \u00een <a href=\"https:\/\/loudavymkrokem.cz\/ro\/orea-hotel-arigone-olomouc-cehia\/\">recenzia OREA Hotel Arigone<\/a>.<\/p>\n\n\n\n<p class=\"wp-block-paragraph\">Dac\u0103 acest hotel ar fi ocupat, <strong><a href=\"https:\/\/www.stay22.com\/allez\/roam?aid=lukaskonecny&amp;campaign=loudavymkrokemcz&amp;campaign=olomouc-s-detmi&amp;address=Olomouc%2C%20Cesko\" target=\"_blank\" rel=\"nofollow sponsored noopener\">arunc\u0103 o privire la alte caz\u0103ri din Olomouc<\/a><\/strong>, op\u021biuni sunt o gr\u0103mad\u0103. P\u0103rin\u021bii laud\u0103 adesea \u00een recenzii diverse apartamente de familie r\u0103sp\u00e2ndite prin centru, care \u00ee\u021bi dau posibilitatea s\u0103 \u00ee\u021bi g\u0103te\u0219ti propria m\u00e2ncare, ceea ce e mereu util cu copiii mai mici. Doar c\u00e2nd rezervi o cazare chiar \u00een inima ora\u0219ului, verific\u0103 mereu cu aten\u021bie cum stau lucrurile cu parcarea, pentru c\u0103 zona pietonal\u0103 are reguli stricte, iar parc\u0103rile publice din jur pot pune serios la \u00eencercare bugetul familiei.<\/p>\n\n\n\n<h2 class=\"wp-block-heading\"><span class=\"ez-toc-section\" id=\"Ce_sa_faci_in_Olomouc_cu_copiii_afara\"><\/span>Ce s\u0103 faci \u00een Olomouc cu copiii afar\u0103<span class=\"ez-toc-section-end\"><\/span><\/h2>\n\n\n\n<p class=\"wp-block-paragraph\">C\u00e2nd iese soarele \u0219i vremea \u00ee\u021bi e prielnic\u0103, centrul istoric al Olomoucului e un mare teren de joac\u0103 \u00een aer liber, plin de surprize. Nu e vorba doar de a privi \u00een t\u0103cere fa\u021badele vechi &#8211; ora\u0219ul are un suflet juc\u0103u\u0219 \u0219i o mul\u021bime de col\u021bi\u0219oare care \u00eei vor distra chiar \u0219i pe cei mai mici c\u0103l\u0103tori. Am preg\u0103tit pentru tine zece idei de activit\u0103\u021bi \u00een aer liber datorit\u0103 c\u0103rora <strong>Olomouc pentru copii<\/strong> va fi o experien\u021b\u0103, nu o pedeaps\u0103.<\/p>\n\n\n\n<h3 class=\"wp-block-heading\"><span class=\"ez-toc-section\" id=\"1_Ceasul_astronomic_din_Olomouc\"><\/span>1. Ceasul astronomic din Olomouc<span class=\"ez-toc-section-end\"><\/span><\/h3>\n\n\n\n<figure data-wp-context=\"{&quot;imageId&quot;:&quot;6a95539fa8e40&quot;}\" data-wp-interactive=\"core\/image\" data-wp-key=\"6a95539fa8e40\" class=\"wp-block-image size-full wp-lightbox-container\"><img decoding=\"async\" width=\"2200\" height=\"1467\" data-wp-class--hide=\"state.isContentHidden\" data-wp-class--show=\"state.isContentVisible\" data-wp-init=\"callbacks.setButtonStyles\" data-wp-on--click=\"actions.showLightbox\" data-wp-on--load=\"callbacks.setButtonStyles\" data-wp-on--pointerdown=\"actions.preloadImage\" data-wp-on--pointerenter=\"actions.preloadImageWithDelay\" data-wp-on--pointerleave=\"actions.cancelPreload\" data-wp-on-window--resize=\"callbacks.setButtonStyles\" src=\"https:\/\/loudavymkrokem.cz\/wp-content\/uploads\/2026\/08\/olomouc-s-detmi-orloj-detail.jpg\" alt=\"Detaliu al ceasului astronomic din Olomouc, cu figuri de muncitori \u0219i cadrane\" class=\"wp-image-401020\" title=\"\" srcset=\"https:\/\/loudavymkrokem.cz\/wp-content\/uploads\/2026\/08\/olomouc-s-detmi-orloj-detail.jpg 2200w, https:\/\/loudavymkrokem.cz\/wp-content\/uploads\/2026\/08\/olomouc-s-detmi-orloj-detail-300x200.jpg 300w, https:\/\/loudavymkrokem.cz\/wp-content\/uploads\/2026\/08\/olomouc-s-detmi-orloj-detail-700x467.jpg 700w, https:\/\/loudavymkrokem.cz\/wp-content\/uploads\/2026\/08\/olomouc-s-detmi-orloj-detail-768x512.jpg 768w, https:\/\/loudavymkrokem.cz\/wp-content\/uploads\/2026\/08\/olomouc-s-detmi-orloj-detail-1536x1024.jpg 1536w, https:\/\/loudavymkrokem.cz\/wp-content\/uploads\/2026\/08\/olomouc-s-detmi-orloj-detail-2048x1366.jpg 2048w, https:\/\/loudavymkrokem.cz\/wp-content\/uploads\/2026\/08\/olomouc-s-detmi-orloj-detail-696x464.jpg 696w, https:\/\/loudavymkrokem.cz\/wp-content\/uploads\/2026\/08\/olomouc-s-detmi-orloj-detail-1392x928.jpg 1392w, https:\/\/loudavymkrokem.cz\/wp-content\/uploads\/2026\/08\/olomouc-s-detmi-orloj-detail-1920x1280.jpg 1920w\" sizes=\"(max-width: 2200px) 100vw, 2200px\" \/><button\n\t\t\tclass=\"lightbox-trigger\"\n\t\t\ttype=\"button\"\n\t\t\taria-haspopup=\"dialog\"\n\t\t\tdata-wp-bind--aria-label=\"state.thisImage.triggerButtonAriaLabel\"\n\t\t\tdata-wp-init=\"callbacks.initTriggerButton\"\n\t\t\tdata-wp-on--click=\"actions.showLightbox\"\n\t\t\tdata-wp-style--right=\"state.thisImage.buttonRight\"\n\t\t\tdata-wp-style--top=\"state.thisImage.buttonTop\"\n\t\t>\n\t\t\t<svg xmlns=\"http:\/\/www.w3.org\/2000\/svg\" width=\"12\" height=\"12\" fill=\"none\" viewBox=\"0 0 12 12\">\n\t\t\t\t<path fill=\"#fff\" d=\"M2 0a2 2 0 0 0-2 2v2h1.5V2a.5.5 0 0 1 .5-.5h2V0H2Zm2 10.5H2a.5.5 0 0 1-.5-.5V8H0v2a2 2 0 0 0 2 2h2v-1.5ZM8 12v-1.5h2a.5.5 0 0 0 .5-.5V8H12v2a2 2 0 0 1-2 2H8Zm2-12a2 2 0 0 1 2 2v2h-1.5V2a.5.5 0 0 0-.5-.5H8V0h2Z\" \/>\n\t\t\t<\/svg>\n\t\t<\/button><figcaption class=\"wp-element-caption\">Pe ceas defileaz\u0103 muncitori \u00een loc de apostoli. Copiii se distreaz\u0103 de obicei.<\/figcaption><\/figure>\n\n\n\n<p class=\"wp-block-paragraph\">\u00cen timp ce ceasul astronomic din Praga arat\u0103 apostolii undeva sus, deasupra capetelor mul\u021bimii, cel din Olomouc, din Pia\u021ba de Sus, chiar pe cl\u0103direa prim\u0103riei, are dou\u0103 mari avantaje pentru familiile cu copii. \u00cen primul r\u00e2nd, se afl\u0103 frumos la nivelul ochilor, a\u0219a c\u0103 \u0219i cei mici v\u0103d f\u0103r\u0103 probleme toate figurile care se mi\u0219c\u0103, iar \u00een al doilea r\u00e2nd e pur \u0219i simplu o unicitate mondial\u0103. E unul dintre pu\u021binele ceasuri astronomice din lume care, dup\u0103 ce a fost distrus la sf\u00e2r\u0219itul r\u0103zboiului, a fost reconstruit \u00eentre 1947 \u0219i 1955 \u00een spiritul realismului socialist, dup\u0103 proiectul lui Karel Svolinsk\u00fd.<\/p>\n\n\n\n<p class=\"wp-block-paragraph\">A\u0219a c\u0103, \u00een locul sfin\u021bilor, vei vedea defil\u00e2nd un fierar, un brutar, un chimist \u0219i al\u021bi proletari cinsti\u021bi, ceea ce \u00eei distreaz\u0103 de obicei enorm pe copii, pentru c\u0103 \u00een\u021beleg aceste meserii mai bine dec\u00e2t personajele istorice. Toat\u0103 aceast\u0103 frumuse\u021be se pune \u00een mi\u0219care \u00een fiecare zi <strong>exact la amiaz\u0103<\/strong>, a\u0219a c\u0103 planific\u0103-\u021bi plimbarea prin ora\u0219 astfel \u00eenc\u00e2t s\u0103 fii aici, preg\u0103tit, \u00eenainte de ora dou\u0103sprezece.<\/p>\n\n\n\n<h3 class=\"wp-block-heading\"><span class=\"ez-toc-section\" id=\"2_Coloana_Sfintei_Treimi\"><\/span>2. Coloana Sfintei Treimi<span class=\"ez-toc-section-end\"><\/span><\/h3>\n\n\n\n<figure data-wp-context=\"{&quot;imageId&quot;:&quot;6a95539fa92b1&quot;}\" data-wp-interactive=\"core\/image\" data-wp-key=\"6a95539fa92b1\" class=\"wp-block-image size-full wp-lightbox-container\"><img decoding=\"async\" width=\"1800\" height=\"1208\" data-wp-class--hide=\"state.isContentHidden\" data-wp-class--show=\"state.isContentVisible\" data-wp-init=\"callbacks.setButtonStyles\" data-wp-on--click=\"actions.showLightbox\" data-wp-on--load=\"callbacks.setButtonStyles\" data-wp-on--pointerdown=\"actions.preloadImage\" data-wp-on--pointerenter=\"actions.preloadImageWithDelay\" data-wp-on--pointerleave=\"actions.cancelPreload\" data-wp-on-window--resize=\"callbacks.setButtonStyles\" src=\"https:\/\/loudavymkrokem.cz\/wp-content\/uploads\/2026\/08\/olomouc-s-detmi-sloup-horni-namesti.jpg\" alt=\"Coloana Sfintei Treimi \u00een Pia\u021ba de Sus din Olomouc\" class=\"wp-image-401195\" title=\"\" srcset=\"https:\/\/loudavymkrokem.cz\/wp-content\/uploads\/2026\/08\/olomouc-s-detmi-sloup-horni-namesti.jpg 1800w, https:\/\/loudavymkrokem.cz\/wp-content\/uploads\/2026\/08\/olomouc-s-detmi-sloup-horni-namesti-300x201.jpg 300w, https:\/\/loudavymkrokem.cz\/wp-content\/uploads\/2026\/08\/olomouc-s-detmi-sloup-horni-namesti-700x470.jpg 700w, https:\/\/loudavymkrokem.cz\/wp-content\/uploads\/2026\/08\/olomouc-s-detmi-sloup-horni-namesti-768x515.jpg 768w, https:\/\/loudavymkrokem.cz\/wp-content\/uploads\/2026\/08\/olomouc-s-detmi-sloup-horni-namesti-1536x1031.jpg 1536w, https:\/\/loudavymkrokem.cz\/wp-content\/uploads\/2026\/08\/olomouc-s-detmi-sloup-horni-namesti-696x467.jpg 696w, https:\/\/loudavymkrokem.cz\/wp-content\/uploads\/2026\/08\/olomouc-s-detmi-sloup-horni-namesti-1392x934.jpg 1392w\" sizes=\"(max-width: 1800px) 100vw, 1800px\" \/><button\n\t\t\tclass=\"lightbox-trigger\"\n\t\t\ttype=\"button\"\n\t\t\taria-haspopup=\"dialog\"\n\t\t\tdata-wp-bind--aria-label=\"state.thisImage.triggerButtonAriaLabel\"\n\t\t\tdata-wp-init=\"callbacks.initTriggerButton\"\n\t\t\tdata-wp-on--click=\"actions.showLightbox\"\n\t\t\tdata-wp-style--right=\"state.thisImage.buttonRight\"\n\t\t\tdata-wp-style--top=\"state.thisImage.buttonTop\"\n\t\t>\n\t\t\t<svg xmlns=\"http:\/\/www.w3.org\/2000\/svg\" width=\"12\" height=\"12\" fill=\"none\" viewBox=\"0 0 12 12\">\n\t\t\t\t<path fill=\"#fff\" d=\"M2 0a2 2 0 0 0-2 2v2h1.5V2a.5.5 0 0 1 .5-.5h2V0H2Zm2 10.5H2a.5.5 0 0 1-.5-.5V8H0v2a2 2 0 0 0 2 2h2v-1.5ZM8 12v-1.5h2a.5.5 0 0 0 .5-.5V8H12v2a2 2 0 0 1-2 2H8Zm2-12a2 2 0 0 1 2 2v2h-1.5V2a.5.5 0 0 0-.5-.5H8V0h2Z\" \/>\n\t\t\t<\/svg>\n\t\t<\/button><figcaption class=\"wp-element-caption\">Coloana Sfintei Treimi este cel mai mare grup statuar baroc din Europa Central\u0103<\/figcaption><\/figure>\n\n\n\n<p class=\"wp-block-paragraph\">La doar c\u00e2\u021biva pa\u0219i de ceasul astronomic, \u00een Pia\u021ba de Sus, troneaz\u0103 un monument pe care ar fi un p\u0103cat s\u0103 \u00eel ratezi, pentru c\u0103 se m\u00e2ndre\u0219te cu \u00eenscrierea \u00een patrimoniul <strong>UNESCO din anul 2000<\/strong>. Este o coloan\u0103 uria\u0219\u0103 a ciumei, \u00eenalt\u0103 de aproximativ 32 de metri, cel mai mare grup statuar baroc dintr-o singur\u0103 sculptur\u0103 din toat\u0103 Europa Central\u0103.<\/p>\n\n\n\n<p class=\"wp-block-paragraph\">Pentru copii, dimensiunea coloanei \u00een sine e uluitoare \u0219i, mai mult, \u00een soclul ei masiv se ascunde o capel\u0103 mic\u0103. Chiar dac\u0103 nu po\u021bi intra \u00een\u0103untru oric\u00e2nd, doar con\u0219tiin\u021ba c\u0103 \u00een \u201ecoloana cea mare e ascuns\u0103 o c\u0103su\u021b\u0103&#8221; func\u021bioneaz\u0103 absolut infailibil asupra imagina\u021biei copiilor.<\/p>\n\n\n\n<h3 class=\"wp-block-heading\"><span class=\"ez-toc-section\" id=\"3_Vanatoarea_de_comori_a_fantanilor_baroce\"><\/span>3. V\u00e2n\u0103toarea de comori a f\u00e2nt\u00e2nilor baroce<span class=\"ez-toc-section-end\"><\/span><\/h3>\n\n\n\n<figure data-wp-context=\"{&quot;imageId&quot;:&quot;6a95539fa9865&quot;}\" data-wp-interactive=\"core\/image\" data-wp-key=\"6a95539fa9865\" class=\"wp-block-image size-full wp-lightbox-container\"><img decoding=\"async\" width=\"2200\" height=\"1467\" data-wp-class--hide=\"state.isContentHidden\" data-wp-class--show=\"state.isContentVisible\" data-wp-init=\"callbacks.setButtonStyles\" data-wp-on--click=\"actions.showLightbox\" data-wp-on--load=\"callbacks.setButtonStyles\" data-wp-on--pointerdown=\"actions.preloadImage\" data-wp-on--pointerenter=\"actions.preloadImageWithDelay\" data-wp-on--pointerleave=\"actions.cancelPreload\" data-wp-on-window--resize=\"callbacks.setButtonStyles\" src=\"https:\/\/loudavymkrokem.cz\/wp-content\/uploads\/2026\/08\/olomouc-s-detmi-caesarova-kasna.jpg\" alt=\"F\u00e2nt\u00e2na lui Cezar \u00een Pia\u021ba de Sus din Olomouc\" class=\"wp-image-401030\" title=\"\" srcset=\"https:\/\/loudavymkrokem.cz\/wp-content\/uploads\/2026\/08\/olomouc-s-detmi-caesarova-kasna.jpg 2200w, https:\/\/loudavymkrokem.cz\/wp-content\/uploads\/2026\/08\/olomouc-s-detmi-caesarova-kasna-300x200.jpg 300w, https:\/\/loudavymkrokem.cz\/wp-content\/uploads\/2026\/08\/olomouc-s-detmi-caesarova-kasna-700x467.jpg 700w, https:\/\/loudavymkrokem.cz\/wp-content\/uploads\/2026\/08\/olomouc-s-detmi-caesarova-kasna-768x512.jpg 768w, https:\/\/loudavymkrokem.cz\/wp-content\/uploads\/2026\/08\/olomouc-s-detmi-caesarova-kasna-1536x1024.jpg 1536w, https:\/\/loudavymkrokem.cz\/wp-content\/uploads\/2026\/08\/olomouc-s-detmi-caesarova-kasna-2048x1366.jpg 2048w, https:\/\/loudavymkrokem.cz\/wp-content\/uploads\/2026\/08\/olomouc-s-detmi-caesarova-kasna-696x464.jpg 696w, https:\/\/loudavymkrokem.cz\/wp-content\/uploads\/2026\/08\/olomouc-s-detmi-caesarova-kasna-1392x928.jpg 1392w, https:\/\/loudavymkrokem.cz\/wp-content\/uploads\/2026\/08\/olomouc-s-detmi-caesarova-kasna-1920x1280.jpg 1920w\" sizes=\"(max-width: 2200px) 100vw, 2200px\" \/><button\n\t\t\tclass=\"lightbox-trigger\"\n\t\t\ttype=\"button\"\n\t\t\taria-haspopup=\"dialog\"\n\t\t\tdata-wp-bind--aria-label=\"state.thisImage.triggerButtonAriaLabel\"\n\t\t\tdata-wp-init=\"callbacks.initTriggerButton\"\n\t\t\tdata-wp-on--click=\"actions.showLightbox\"\n\t\t\tdata-wp-style--right=\"state.thisImage.buttonRight\"\n\t\t\tdata-wp-style--top=\"state.thisImage.buttonTop\"\n\t\t>\n\t\t\t<svg xmlns=\"http:\/\/www.w3.org\/2000\/svg\" width=\"12\" height=\"12\" fill=\"none\" viewBox=\"0 0 12 12\">\n\t\t\t\t<path fill=\"#fff\" d=\"M2 0a2 2 0 0 0-2 2v2h1.5V2a.5.5 0 0 1 .5-.5h2V0H2Zm2 10.5H2a.5.5 0 0 1-.5-.5V8H0v2a2 2 0 0 0 2 2h2v-1.5ZM8 12v-1.5h2a.5.5 0 0 0 .5-.5V8H12v2a2 2 0 0 1-2 2H8Zm2-12a2 2 0 0 1 2 2v2h-1.5V2a.5.5 0 0 0-.5-.5H8V0h2Z\" \/>\n\t\t\t<\/svg>\n\t\t<\/button><figcaption class=\"wp-element-caption\">F\u00e2nt\u00e2na lui Cezar din Pia\u021ba de Sus. Caut\u0103 sub cal c\u00e2inele, simbolul fidelit\u0103\u021bii ora\u0219ului.<\/figcaption><\/figure>\n\n\n\n<p class=\"wp-block-paragraph\">Dup\u0103 p\u0103rerea mea, \u0103sta e cel mai bun mod de a-i plimba pe copii prin tot centrul istoric f\u0103r\u0103 ca ei s\u0103 observe m\u0103car c\u0103, de fapt, \u201eumbl\u0103 pe la monumente&#8221;. Olomouc are singurul ansamblu at\u00e2t de amplu de f\u00e2nt\u00e2ni baroce p\u0103strate din Cehia, iar tu po\u021bi transforma asta \u00eentr-un joc de familie pe cinste.<\/p>\n\n\n\n<p class=\"wp-block-paragraph\">D\u0103-le copiilor o hart\u0103 \u0219i las\u0103-i s\u0103 caute f\u00e2nt\u00e2na lui Neptun din 1683, care e cea mai veche, f\u00e2nt\u00e2nile lui Hercule, Jupiter, Mercur, f\u00e2nt\u00e2na Tritonilor \u0219i maiestuoasa <strong>f\u00e2nt\u00e2n\u0103 a lui Cezar<\/strong>, unde trebuie s\u0103 g\u0103seasc\u0103 c\u00e2inele de sub cal, care simbolizeaz\u0103 fidelitatea ora\u0219ului fa\u021b\u0103 de suveran. Un adev\u0103rat hit pentru copii este \u00eens\u0103 moderna <strong>f\u00e2nt\u00e2n\u0103 a lui Arion<\/strong> din 2002, a sculptorului Ivan Theimer. Din ea face parte o mare <strong>broasc\u0103 \u021bestoas\u0103<\/strong> din bronz, l\u00e2ng\u0103 care se opre\u0219te parc\u0103 orice copil care trece pe acolo.<\/p>\n\n\n\n<h3 class=\"wp-block-heading\"><span class=\"ez-toc-section\" id=\"4_Turnul_primariei\"><\/span>4. Turnul prim\u0103riei<span class=\"ez-toc-section-end\"><\/span><\/h3>\n\n\n\n<figure data-wp-context=\"{&quot;imageId&quot;:&quot;6a95539fa9f94&quot;}\" data-wp-interactive=\"core\/image\" data-wp-key=\"6a95539fa9f94\" class=\"wp-block-image size-full wp-lightbox-container\"><img decoding=\"async\" width=\"2200\" height=\"1467\" data-wp-class--hide=\"state.isContentHidden\" data-wp-class--show=\"state.isContentVisible\" data-wp-init=\"callbacks.setButtonStyles\" data-wp-on--click=\"actions.showLightbox\" data-wp-on--load=\"callbacks.setButtonStyles\" data-wp-on--pointerdown=\"actions.preloadImage\" data-wp-on--pointerenter=\"actions.preloadImageWithDelay\" data-wp-on--pointerleave=\"actions.cancelPreload\" data-wp-on-window--resize=\"callbacks.setButtonStyles\" src=\"https:\/\/loudavymkrokem.cz\/wp-content\/uploads\/2026\/08\/olomouc-s-detmi-radnice-orloj.jpg\" alt=\"Prim\u0103ria din Olomouc cu ceas astronomic \u00een Pia\u021ba de Sus\" class=\"wp-image-401026\" title=\"\" srcset=\"https:\/\/loudavymkrokem.cz\/wp-content\/uploads\/2026\/08\/olomouc-s-detmi-radnice-orloj.jpg 2200w, https:\/\/loudavymkrokem.cz\/wp-content\/uploads\/2026\/08\/olomouc-s-detmi-radnice-orloj-300x200.jpg 300w, https:\/\/loudavymkrokem.cz\/wp-content\/uploads\/2026\/08\/olomouc-s-detmi-radnice-orloj-700x467.jpg 700w, https:\/\/loudavymkrokem.cz\/wp-content\/uploads\/2026\/08\/olomouc-s-detmi-radnice-orloj-768x512.jpg 768w, https:\/\/loudavymkrokem.cz\/wp-content\/uploads\/2026\/08\/olomouc-s-detmi-radnice-orloj-1536x1024.jpg 1536w, https:\/\/loudavymkrokem.cz\/wp-content\/uploads\/2026\/08\/olomouc-s-detmi-radnice-orloj-2048x1366.jpg 2048w, https:\/\/loudavymkrokem.cz\/wp-content\/uploads\/2026\/08\/olomouc-s-detmi-radnice-orloj-696x464.jpg 696w, https:\/\/loudavymkrokem.cz\/wp-content\/uploads\/2026\/08\/olomouc-s-detmi-radnice-orloj-1392x928.jpg 1392w, https:\/\/loudavymkrokem.cz\/wp-content\/uploads\/2026\/08\/olomouc-s-detmi-radnice-orloj-1920x1280.jpg 1920w\" sizes=\"(max-width: 2200px) 100vw, 2200px\" \/><button\n\t\t\tclass=\"lightbox-trigger\"\n\t\t\ttype=\"button\"\n\t\t\taria-haspopup=\"dialog\"\n\t\t\tdata-wp-bind--aria-label=\"state.thisImage.triggerButtonAriaLabel\"\n\t\t\tdata-wp-init=\"callbacks.initTriggerButton\"\n\t\t\tdata-wp-on--click=\"actions.showLightbox\"\n\t\t\tdata-wp-style--right=\"state.thisImage.buttonRight\"\n\t\t\tdata-wp-style--top=\"state.thisImage.buttonTop\"\n\t\t>\n\t\t\t<svg xmlns=\"http:\/\/www.w3.org\/2000\/svg\" width=\"12\" height=\"12\" fill=\"none\" viewBox=\"0 0 12 12\">\n\t\t\t\t<path fill=\"#fff\" d=\"M2 0a2 2 0 0 0-2 2v2h1.5V2a.5.5 0 0 1 .5-.5h2V0H2Zm2 10.5H2a.5.5 0 0 1-.5-.5V8H0v2a2 2 0 0 0 2 2h2v-1.5ZM8 12v-1.5h2a.5.5 0 0 0 .5-.5V8H12v2a2 2 0 0 1-2 2H8Zm2-12a2 2 0 0 1 2 2v2h-1.5V2a.5.5 0 0 0-.5-.5H8V0h2Z\" \/>\n\t\t\t<\/svg>\n\t\t<\/button><figcaption class=\"wp-element-caption\">Prim\u0103ria cu ceasul astronomic \u0219i turnul pe care po\u021bi urca cu ghid<\/figcaption><\/figure>\n\n\n\n<p class=\"wp-block-paragraph\">Dac\u0103 ai cu tine copii un pic mai m\u0103ri\u0219ori, care deja pot urca ni\u0219te trepte, nu rata \u00een niciun caz priveli\u0219tea ora\u0219ului de la \u00een\u0103l\u021bime. Turnul prim\u0103riei m\u0103soar\u0103 respectabilii 75 de metri \u0219i se \u00eenal\u021b\u0103 chiar deasupra Pie\u021bei de Sus, imediat l\u00e2ng\u0103 faimosul ceas astronomic.<\/p>\n\n\n\n<p class=\"wp-block-paragraph\">Urcarea se face sezonier \u0219i mereu cu ghid, a\u0219a c\u0103 vei afla \u0219i c\u00e2te ceva interesant din istorie. Priveli\u0219tea de pe galerie \u00ee\u021bi taie respira\u021bia: vezi de acolo toate acoperi\u0219urile ro\u0219ii, uli\u021bele \u00eentortocheate \u0219i dealurile din jur, ceea ce merit\u0103 cu siguran\u021b\u0103 efortul din picioare.<\/p>\n\n\n\n<h3 class=\"wp-block-heading\"><span class=\"ez-toc-section\" id=\"5_Biserica_Sf_Mauriciu_si_urcarea_in_turn\"><\/span>5. Biserica Sf. Mauriciu \u0219i urcarea \u00een turn<span class=\"ez-toc-section-end\"><\/span><\/h3>\n\n\n\n<figure data-wp-context=\"{&quot;imageId&quot;:&quot;6a95539faa6b0&quot;}\" data-wp-interactive=\"core\/image\" data-wp-key=\"6a95539faa6b0\" class=\"wp-block-image size-full wp-lightbox-container\"><img decoding=\"async\" width=\"1467\" height=\"2200\" data-wp-class--hide=\"state.isContentHidden\" data-wp-class--show=\"state.isContentVisible\" data-wp-init=\"callbacks.setButtonStyles\" data-wp-on--click=\"actions.showLightbox\" data-wp-on--load=\"callbacks.setButtonStyles\" data-wp-on--pointerdown=\"actions.preloadImage\" data-wp-on--pointerenter=\"actions.preloadImageWithDelay\" data-wp-on--pointerleave=\"actions.cancelPreload\" data-wp-on-window--resize=\"callbacks.setButtonStyles\" src=\"https:\/\/loudavymkrokem.cz\/wp-content\/uploads\/2026\/08\/olomouc-s-detmi-ulicka-s-vezi.jpg\" alt=\"Ulicioar\u0103 din Olomouc cu turn de biseric\u0103 \u00een fundal\" class=\"wp-image-401159\" title=\"\" srcset=\"https:\/\/loudavymkrokem.cz\/wp-content\/uploads\/2026\/08\/olomouc-s-detmi-ulicka-s-vezi.jpg 1467w, https:\/\/loudavymkrokem.cz\/wp-content\/uploads\/2026\/08\/olomouc-s-detmi-ulicka-s-vezi-200x300.jpg 200w, https:\/\/loudavymkrokem.cz\/wp-content\/uploads\/2026\/08\/olomouc-s-detmi-ulicka-s-vezi-700x1050.jpg 700w, https:\/\/loudavymkrokem.cz\/wp-content\/uploads\/2026\/08\/olomouc-s-detmi-ulicka-s-vezi-768x1152.jpg 768w, https:\/\/loudavymkrokem.cz\/wp-content\/uploads\/2026\/08\/olomouc-s-detmi-ulicka-s-vezi-1024x1536.jpg 1024w, https:\/\/loudavymkrokem.cz\/wp-content\/uploads\/2026\/08\/olomouc-s-detmi-ulicka-s-vezi-1366x2048.jpg 1366w, https:\/\/loudavymkrokem.cz\/wp-content\/uploads\/2026\/08\/olomouc-s-detmi-ulicka-s-vezi-696x1044.jpg 696w, https:\/\/loudavymkrokem.cz\/wp-content\/uploads\/2026\/08\/olomouc-s-detmi-ulicka-s-vezi-1392x2088.jpg 1392w\" sizes=\"(max-width: 1467px) 100vw, 1467px\" \/><button\n\t\t\tclass=\"lightbox-trigger\"\n\t\t\ttype=\"button\"\n\t\t\taria-haspopup=\"dialog\"\n\t\t\tdata-wp-bind--aria-label=\"state.thisImage.triggerButtonAriaLabel\"\n\t\t\tdata-wp-init=\"callbacks.initTriggerButton\"\n\t\t\tdata-wp-on--click=\"actions.showLightbox\"\n\t\t\tdata-wp-style--right=\"state.thisImage.buttonRight\"\n\t\t\tdata-wp-style--top=\"state.thisImage.buttonTop\"\n\t\t>\n\t\t\t<svg xmlns=\"http:\/\/www.w3.org\/2000\/svg\" width=\"12\" height=\"12\" fill=\"none\" viewBox=\"0 0 12 12\">\n\t\t\t\t<path fill=\"#fff\" d=\"M2 0a2 2 0 0 0-2 2v2h1.5V2a.5.5 0 0 1 .5-.5h2V0H2Zm2 10.5H2a.5.5 0 0 1-.5-.5V8H0v2a2 2 0 0 0 2 2h2v-1.5ZM8 12v-1.5h2a.5.5 0 0 0 .5-.5V8H12v2a2 2 0 0 1-2 2H8Zm2-12a2 2 0 0 1 2 2v2h-1.5V2a.5.5 0 0 0-.5-.5H8V0h2Z\" \/>\n\t\t\t<\/svg>\n\t\t<\/button><figcaption class=\"wp-element-caption\">Turnurile bisericilor r\u0103sar deasupra uli\u021belor din Olomouc aproape la fiecare col\u021b<\/figcaption><\/figure>\n\n\n\n<p class=\"wp-block-paragraph\">O priveli\u0219te \u0219i mai frumoas\u0103 se ofer\u0103, se pare, din turnul Bisericii Sf. Mauriciu, care m\u0103soar\u0103 46 de metri, iar sus duce o scar\u0103 veche \u00een spiral\u0103, frumoas\u0103, care \u00een sine parc\u0103 ar fi dintr-un film de aventuri. Este deschis de regul\u0103 din mai p\u00e2n\u0103 \u00een septembrie \u0219i doar pe vreme bun\u0103, ca s\u0103 fie sigur.<\/p>\n\n\n\n<p class=\"wp-block-paragraph\">Pe l\u00e2ng\u0103 panorama superb\u0103, aceast\u0103 biseric\u0103 mai are o mare atrac\u021bie. Ad\u0103poste\u0219te <strong>cea mai mare org\u0103 din Europa Central\u0103<\/strong>. Dac\u0103 ai noroc \u0219i tocmai exerseaz\u0103 cineva sau are loc un concert, sunetul maiestuos care r\u0103sun\u0103 \u00een nava uria\u0219\u0103 a bisericii te va \u021bintui garantat pe loc.<\/p>\n\n\n\n<h3 class=\"wp-block-heading\"><span class=\"ez-toc-section\" id=\"6_Gradinile_Smetana\"><\/span>6. Gr\u0103dinile Smetana<span class=\"ez-toc-section-end\"><\/span><\/h3>\n\n\n\n<figure data-wp-context=\"{&quot;imageId&quot;:&quot;6a95539faaf75&quot;}\" data-wp-interactive=\"core\/image\" data-wp-key=\"6a95539faaf75\" class=\"wp-block-image size-full wp-lightbox-container\"><img decoding=\"async\" width=\"1350\" height=\"1800\" data-wp-class--hide=\"state.isContentHidden\" data-wp-class--show=\"state.isContentVisible\" data-wp-init=\"callbacks.setButtonStyles\" data-wp-on--click=\"actions.showLightbox\" data-wp-on--load=\"callbacks.setButtonStyles\" data-wp-on--pointerdown=\"actions.preloadImage\" data-wp-on--pointerenter=\"actions.preloadImageWithDelay\" data-wp-on--pointerleave=\"actions.cancelPreload\" data-wp-on-window--resize=\"callbacks.setButtonStyles\" src=\"https:\/\/loudavymkrokem.cz\/wp-content\/uploads\/2026\/08\/olomouc-s-detmi-smetanovy-sady.jpg\" alt=\"Alee \u0219i straturi de flori \u00een gr\u0103dinile Smetana din Olomouc\" class=\"wp-image-401155\" title=\"\" srcset=\"https:\/\/loudavymkrokem.cz\/wp-content\/uploads\/2026\/08\/olomouc-s-detmi-smetanovy-sady.jpg 1350w, https:\/\/loudavymkrokem.cz\/wp-content\/uploads\/2026\/08\/olomouc-s-detmi-smetanovy-sady-225x300.jpg 225w, https:\/\/loudavymkrokem.cz\/wp-content\/uploads\/2026\/08\/olomouc-s-detmi-smetanovy-sady-700x933.jpg 700w, https:\/\/loudavymkrokem.cz\/wp-content\/uploads\/2026\/08\/olomouc-s-detmi-smetanovy-sady-768x1024.jpg 768w, https:\/\/loudavymkrokem.cz\/wp-content\/uploads\/2026\/08\/olomouc-s-detmi-smetanovy-sady-1152x1536.jpg 1152w, https:\/\/loudavymkrokem.cz\/wp-content\/uploads\/2026\/08\/olomouc-s-detmi-smetanovy-sady-696x928.jpg 696w\" sizes=\"(max-width: 1350px) 100vw, 1350px\" \/><button\n\t\t\tclass=\"lightbox-trigger\"\n\t\t\ttype=\"button\"\n\t\t\taria-haspopup=\"dialog\"\n\t\t\tdata-wp-bind--aria-label=\"state.thisImage.triggerButtonAriaLabel\"\n\t\t\tdata-wp-init=\"callbacks.initTriggerButton\"\n\t\t\tdata-wp-on--click=\"actions.showLightbox\"\n\t\t\tdata-wp-style--right=\"state.thisImage.buttonRight\"\n\t\t\tdata-wp-style--top=\"state.thisImage.buttonTop\"\n\t\t>\n\t\t\t<svg xmlns=\"http:\/\/www.w3.org\/2000\/svg\" width=\"12\" height=\"12\" fill=\"none\" viewBox=\"0 0 12 12\">\n\t\t\t\t<path fill=\"#fff\" d=\"M2 0a2 2 0 0 0-2 2v2h1.5V2a.5.5 0 0 1 .5-.5h2V0H2Zm2 10.5H2a.5.5 0 0 1-.5-.5V8H0v2a2 2 0 0 0 2 2h2v-1.5ZM8 12v-1.5h2a.5.5 0 0 0 .5-.5V8H12v2a2 2 0 0 1-2 2H8Zm2-12a2 2 0 0 1 2 2v2h-1.5V2a.5.5 0 0 0-.5-.5H8V0h2Z\" \/>\n\t\t\t<\/svg>\n\t\t<\/button><figcaption class=\"wp-element-caption\">Aleile largi din gr\u0103dinile Smetana sunt ideale pentru bicicletele f\u0103r\u0103 pedale \u0219i c\u0103rucior<\/figcaption><\/figure>\n\n\n\n<p class=\"wp-block-paragraph\">C\u00e2nd to\u021bi s-au s\u0103turat de pavaj \u0219i trebuie s\u0103-i la\u0219i pe copii s\u0103 alerge pu\u021bin, \u00eendreapt\u0103-te spre gr\u0103dinile Smetana. E un parc \u00eentins \u0219i minunat \u00eentre\u021binut, la doar c\u00e2\u021biva pa\u0219i de centru, care se m\u00e2ndre\u0219te pe h\u0103r\u021bi cu un scor excelent de 4,6 stele. G\u0103se\u0219ti aici o mul\u021bime de copaci \u00eenal\u021bi care ofer\u0103 o umbr\u0103 binef\u0103c\u0103toare \u00een zilele toride de var\u0103 \u0219i alei asfaltate nesf\u00e2r\u0219ite, ideale pentru bicicletele f\u0103r\u0103 pedale.<\/p>\n\n\n\n<p class=\"wp-block-paragraph\">E o lini\u0219te uria\u0219\u0103 \u0219i mult spa\u021biu pentru picnic pe iarb\u0103. P\u0103rin\u021bii \u00eens\u0103 atrag adesea aten\u021bia sincer \u00een recenzii asupra unui mic dezavantaj: pentru un parc at\u00e2t de mare exist\u0103 doar un singur loc de joac\u0103 pentru copii, a\u0219a c\u0103 la orele de v\u00e2rf poate fi destul\u0103 \u00eembulzeal\u0103.<\/p>\n\n\n\n<h3 class=\"wp-block-heading\"><span class=\"ez-toc-section\" id=\"7_Gradinile_Bezruc_si_zidurile_de_aparare\"><\/span>7. Gr\u0103dinile Bezru\u010d \u0219i zidurile de ap\u0103rare<span class=\"ez-toc-section-end\"><\/span><\/h3>\n\n\n\n<figure data-wp-context=\"{&quot;imageId&quot;:&quot;6a95539fab423&quot;}\" data-wp-interactive=\"core\/image\" data-wp-key=\"6a95539fab423\" class=\"wp-block-image size-full wp-lightbox-container\"><img decoding=\"async\" width=\"1800\" height=\"1350\" data-wp-class--hide=\"state.isContentHidden\" data-wp-class--show=\"state.isContentVisible\" data-wp-init=\"callbacks.setButtonStyles\" data-wp-on--click=\"actions.showLightbox\" data-wp-on--load=\"callbacks.setButtonStyles\" data-wp-on--pointerdown=\"actions.preloadImage\" data-wp-on--pointerenter=\"actions.preloadImageWithDelay\" data-wp-on--pointerleave=\"actions.cancelPreload\" data-wp-on-window--resize=\"callbacks.setButtonStyles\" src=\"https:\/\/loudavymkrokem.cz\/wp-content\/uploads\/2026\/08\/olomouc-s-detmi-bezrucovy-sady.jpg\" alt=\"Ziduri de cetate cu turnule\u021b \u00een gr\u0103dinile Bezru\u010d din Olomouc\" class=\"wp-image-401121\" title=\"\" srcset=\"https:\/\/loudavymkrokem.cz\/wp-content\/uploads\/2026\/08\/olomouc-s-detmi-bezrucovy-sady.jpg 1800w, https:\/\/loudavymkrokem.cz\/wp-content\/uploads\/2026\/08\/olomouc-s-detmi-bezrucovy-sady-300x225.jpg 300w, https:\/\/loudavymkrokem.cz\/wp-content\/uploads\/2026\/08\/olomouc-s-detmi-bezrucovy-sady-700x525.jpg 700w, https:\/\/loudavymkrokem.cz\/wp-content\/uploads\/2026\/08\/olomouc-s-detmi-bezrucovy-sady-768x576.jpg 768w, https:\/\/loudavymkrokem.cz\/wp-content\/uploads\/2026\/08\/olomouc-s-detmi-bezrucovy-sady-1536x1152.jpg 1536w, https:\/\/loudavymkrokem.cz\/wp-content\/uploads\/2026\/08\/olomouc-s-detmi-bezrucovy-sady-80x60.jpg 80w, https:\/\/loudavymkrokem.cz\/wp-content\/uploads\/2026\/08\/olomouc-s-detmi-bezrucovy-sady-160x120.jpg 160w, https:\/\/loudavymkrokem.cz\/wp-content\/uploads\/2026\/08\/olomouc-s-detmi-bezrucovy-sady-696x522.jpg 696w, https:\/\/loudavymkrokem.cz\/wp-content\/uploads\/2026\/08\/olomouc-s-detmi-bezrucovy-sady-1392x1044.jpg 1392w\" sizes=\"(max-width: 1800px) 100vw, 1800px\" \/><button\n\t\t\tclass=\"lightbox-trigger\"\n\t\t\ttype=\"button\"\n\t\t\taria-haspopup=\"dialog\"\n\t\t\tdata-wp-bind--aria-label=\"state.thisImage.triggerButtonAriaLabel\"\n\t\t\tdata-wp-init=\"callbacks.initTriggerButton\"\n\t\t\tdata-wp-on--click=\"actions.showLightbox\"\n\t\t\tdata-wp-style--right=\"state.thisImage.buttonRight\"\n\t\t\tdata-wp-style--top=\"state.thisImage.buttonTop\"\n\t\t>\n\t\t\t<svg xmlns=\"http:\/\/www.w3.org\/2000\/svg\" width=\"12\" height=\"12\" fill=\"none\" viewBox=\"0 0 12 12\">\n\t\t\t\t<path fill=\"#fff\" d=\"M2 0a2 2 0 0 0-2 2v2h1.5V2a.5.5 0 0 1 .5-.5h2V0H2Zm2 10.5H2a.5.5 0 0 1-.5-.5V8H0v2a2 2 0 0 0 2 2h2v-1.5ZM8 12v-1.5h2a.5.5 0 0 0 .5-.5V8H12v2a2 2 0 0 1-2 2H8Zm2-12a2 2 0 0 1 2 2v2h-1.5V2a.5.5 0 0 0-.5-.5H8V0h2Z\" \/>\n\t\t\t<\/svg>\n\t\t<\/button><figcaption class=\"wp-element-caption\">Zidurile cu turnule\u021b din gr\u0103dinile Bezru\u010d, decorul ideal pentru jocuri de cavaleri<\/figcaption><\/figure>\n\n\n\n<p class=\"wp-block-paragraph\">La un pas de gr\u0103dinile Smetana, \u00eentinz\u00e2ndu-se sub vechile ziduri ale ora\u0219ului, se afl\u0103 gr\u0103dinile Bezru\u010d. Dac\u0103 vii aici prim\u0103vara, vei tr\u0103i un spectacol incredibil, pentru c\u0103 tot parcul se aprinde cu magnoliile frumos \u00eenflorite, sub care se pozeaz\u0103 parc\u0103 orice vizitator al ora\u0219ului.<\/p>\n\n\n\n<p class=\"wp-block-paragraph\">Pentru copii, o atrac\u021bie grozav\u0103 e traseul tematic care merge de-a lungul vechilor fortifica\u021bii baroce. Sim\u021bi aici suflul istoriei vechiului ora\u0219 fortificat, iar pentru b\u0103ie\u021bii care iubesc cavalerii \u0219i castelele, aceste ziduri masive de c\u0103r\u0103mid\u0103 sunt parc\u0103 f\u0103cute pentru tot felul de jocuri de lupt\u0103 pline de imagina\u021bie.<\/p>\n\n\n\n<h3 class=\"wp-block-heading\"><span class=\"ez-toc-section\" id=\"8_Roseraium\"><\/span>8. Roseraium<span class=\"ez-toc-section-end\"><\/span><\/h3>\n\n\n\n<figure data-wp-context=\"{&quot;imageId&quot;:&quot;6a95539faba2c&quot;}\" data-wp-interactive=\"core\/image\" data-wp-key=\"6a95539faba2c\" class=\"wp-block-image size-full wp-lightbox-container\"><img decoding=\"async\" width=\"1800\" height=\"1347\" data-wp-class--hide=\"state.isContentHidden\" data-wp-class--show=\"state.isContentVisible\" data-wp-init=\"callbacks.setButtonStyles\" data-wp-on--click=\"actions.showLightbox\" data-wp-on--load=\"callbacks.setButtonStyles\" data-wp-on--pointerdown=\"actions.preloadImage\" data-wp-on--pointerenter=\"actions.preloadImageWithDelay\" data-wp-on--pointerleave=\"actions.cancelPreload\" data-wp-on-window--resize=\"callbacks.setButtonStyles\" src=\"https:\/\/loudavymkrokem.cz\/wp-content\/uploads\/2026\/08\/olomouc-s-detmi-rozarium.jpg\" alt=\"Roseraium din Olomouc cu straturi \u00eenflorite de trandafiri\" class=\"wp-image-401109\" title=\"\" srcset=\"https:\/\/loudavymkrokem.cz\/wp-content\/uploads\/2026\/08\/olomouc-s-detmi-rozarium.jpg 1800w, https:\/\/loudavymkrokem.cz\/wp-content\/uploads\/2026\/08\/olomouc-s-detmi-rozarium-300x225.jpg 300w, https:\/\/loudavymkrokem.cz\/wp-content\/uploads\/2026\/08\/olomouc-s-detmi-rozarium-700x524.jpg 700w, https:\/\/loudavymkrokem.cz\/wp-content\/uploads\/2026\/08\/olomouc-s-detmi-rozarium-768x575.jpg 768w, https:\/\/loudavymkrokem.cz\/wp-content\/uploads\/2026\/08\/olomouc-s-detmi-rozarium-1536x1149.jpg 1536w, https:\/\/loudavymkrokem.cz\/wp-content\/uploads\/2026\/08\/olomouc-s-detmi-rozarium-80x60.jpg 80w, https:\/\/loudavymkrokem.cz\/wp-content\/uploads\/2026\/08\/olomouc-s-detmi-rozarium-160x120.jpg 160w, https:\/\/loudavymkrokem.cz\/wp-content\/uploads\/2026\/08\/olomouc-s-detmi-rozarium-696x521.jpg 696w, https:\/\/loudavymkrokem.cz\/wp-content\/uploads\/2026\/08\/olomouc-s-detmi-rozarium-1392x1042.jpg 1392w\" sizes=\"(max-width: 1800px) 100vw, 1800px\" \/><button\n\t\t\tclass=\"lightbox-trigger\"\n\t\t\ttype=\"button\"\n\t\t\taria-haspopup=\"dialog\"\n\t\t\tdata-wp-bind--aria-label=\"state.thisImage.triggerButtonAriaLabel\"\n\t\t\tdata-wp-init=\"callbacks.initTriggerButton\"\n\t\t\tdata-wp-on--click=\"actions.showLightbox\"\n\t\t\tdata-wp-style--right=\"state.thisImage.buttonRight\"\n\t\t\tdata-wp-style--top=\"state.thisImage.buttonTop\"\n\t\t>\n\t\t\t<svg xmlns=\"http:\/\/www.w3.org\/2000\/svg\" width=\"12\" height=\"12\" fill=\"none\" viewBox=\"0 0 12 12\">\n\t\t\t\t<path fill=\"#fff\" d=\"M2 0a2 2 0 0 0-2 2v2h1.5V2a.5.5 0 0 1 .5-.5h2V0H2Zm2 10.5H2a.5.5 0 0 1-.5-.5V8H0v2a2 2 0 0 0 2 2h2v-1.5ZM8 12v-1.5h2a.5.5 0 0 0 .5-.5V8H12v2a2 2 0 0 1-2 2H8Zm2-12a2 2 0 0 1 2 2v2h-1.5V2a.5.5 0 0 0-.5-.5H8V0h2Z\" \/>\n\t\t\t<\/svg>\n\t\t<\/button><figcaption class=\"wp-element-caption\">Roseraium are alei largi \u0219i drepte, a\u0219a c\u0103 te descurci bine cu c\u0103ruciorul<\/figcaption><\/figure>\n\n\n\n<p class=\"wp-block-paragraph\">Pe strada 17. listopadu g\u0103se\u0219ti o alt\u0103 oaz\u0103 verde, Roseraiumul din Olomouc, care func\u021bioneaz\u0103 ca gr\u0103din\u0103 botanic\u0103 \u0219i gr\u0103din\u0103 de trandafiri \u00eentr-una. Este un loc extrem de \u00eendr\u0103git, ceea ce dovede\u0219te nota de <strong>4,7 din 1.877 de recenzii<\/strong>, iar localnicii vin aici cu mare pl\u0103cere la plimb\u0103ri de weekend.<\/p>\n\n\n\n<p class=\"wp-block-paragraph\">Un avantaj uria\u0219 pentru familii este faptul c\u0103 zona e par\u021bial f\u0103r\u0103 bariere \u0219i se m\u00e2ndre\u0219te cu alei largi \u0219i drepte, a\u0219a c\u0103 e absolut minunat dac\u0103 te deplasezi <strong>cu c\u0103ruciorul<\/strong>. \u00cen perioada de \u00eenflorire a trandafirilor, \u00een plus, e un asemenea parfum aici, \u00eenc\u00e2t nu vei mai vrea deloc s\u0103 pleci.<\/p>\n\n\n\n<h3 class=\"wp-block-heading\"><span class=\"ez-toc-section\" id=\"9_Fortificatia_Coroanei\"><\/span>9. Fortifica\u021bia Coroanei<span class=\"ez-toc-section-end\"><\/span><\/h3>\n\n\n\n<figure data-wp-context=\"{&quot;imageId&quot;:&quot;6a95539fac0a4&quot;}\" data-wp-interactive=\"core\/image\" data-wp-key=\"6a95539fac0a4\" class=\"wp-block-image size-full wp-lightbox-container\"><img decoding=\"async\" width=\"1800\" height=\"1350\" data-wp-class--hide=\"state.isContentHidden\" data-wp-class--show=\"state.isContentVisible\" data-wp-init=\"callbacks.setButtonStyles\" data-wp-on--click=\"actions.showLightbox\" data-wp-on--load=\"callbacks.setButtonStyles\" data-wp-on--pointerdown=\"actions.preloadImage\" data-wp-on--pointerenter=\"actions.preloadImageWithDelay\" data-wp-on--pointerleave=\"actions.cancelPreload\" data-wp-on-window--resize=\"callbacks.setButtonStyles\" src=\"https:\/\/loudavymkrokem.cz\/wp-content\/uploads\/2026\/08\/olomouc-s-detmi-korunni-pevnustka.jpg\" alt=\"Zidurile Fortifica\u021biei Coroanei din Olomouc\" class=\"wp-image-401103\" title=\"\" srcset=\"https:\/\/loudavymkrokem.cz\/wp-content\/uploads\/2026\/08\/olomouc-s-detmi-korunni-pevnustka.jpg 1800w, https:\/\/loudavymkrokem.cz\/wp-content\/uploads\/2026\/08\/olomouc-s-detmi-korunni-pevnustka-300x225.jpg 300w, https:\/\/loudavymkrokem.cz\/wp-content\/uploads\/2026\/08\/olomouc-s-detmi-korunni-pevnustka-700x525.jpg 700w, https:\/\/loudavymkrokem.cz\/wp-content\/uploads\/2026\/08\/olomouc-s-detmi-korunni-pevnustka-768x576.jpg 768w, https:\/\/loudavymkrokem.cz\/wp-content\/uploads\/2026\/08\/olomouc-s-detmi-korunni-pevnustka-1536x1152.jpg 1536w, https:\/\/loudavymkrokem.cz\/wp-content\/uploads\/2026\/08\/olomouc-s-detmi-korunni-pevnustka-80x60.jpg 80w, https:\/\/loudavymkrokem.cz\/wp-content\/uploads\/2026\/08\/olomouc-s-detmi-korunni-pevnustka-160x120.jpg 160w, https:\/\/loudavymkrokem.cz\/wp-content\/uploads\/2026\/08\/olomouc-s-detmi-korunni-pevnustka-696x522.jpg 696w, https:\/\/loudavymkrokem.cz\/wp-content\/uploads\/2026\/08\/olomouc-s-detmi-korunni-pevnustka-1392x1044.jpg 1392w\" sizes=\"(max-width: 1800px) 100vw, 1800px\" \/><button\n\t\t\tclass=\"lightbox-trigger\"\n\t\t\ttype=\"button\"\n\t\t\taria-haspopup=\"dialog\"\n\t\t\tdata-wp-bind--aria-label=\"state.thisImage.triggerButtonAriaLabel\"\n\t\t\tdata-wp-init=\"callbacks.initTriggerButton\"\n\t\t\tdata-wp-on--click=\"actions.showLightbox\"\n\t\t\tdata-wp-style--right=\"state.thisImage.buttonRight\"\n\t\t\tdata-wp-style--top=\"state.thisImage.buttonTop\"\n\t\t>\n\t\t\t<svg xmlns=\"http:\/\/www.w3.org\/2000\/svg\" width=\"12\" height=\"12\" fill=\"none\" viewBox=\"0 0 12 12\">\n\t\t\t\t<path fill=\"#fff\" d=\"M2 0a2 2 0 0 0-2 2v2h1.5V2a.5.5 0 0 1 .5-.5h2V0H2Zm2 10.5H2a.5.5 0 0 1-.5-.5V8H0v2a2 2 0 0 0 2 2h2v-1.5ZM8 12v-1.5h2a.5.5 0 0 0 .5-.5V8H12v2a2 2 0 0 1-2 2H8Zm2-12a2 2 0 0 1 2 2v2h-1.5V2a.5.5 0 0 0-.5-.5H8V0h2Z\" \/>\n\t\t\t<\/svg>\n\t\t<\/button><figcaption class=\"wp-element-caption\">Zidurile Fortifica\u021biei Coroanei, unde se afl\u0103 \u0219i Cetatea Cunoa\u0219terii<\/figcaption><\/figure>\n\n\n\n<p class=\"wp-block-paragraph\">Olomouc a fost c\u00e2ndva o cetate puternic\u0103, iar o bucat\u0103 din aceast\u0103 istorie militar\u0103 o po\u021bi atinge \u00een complexul Fortifica\u021biei Coroanei, la adresa Michalsk\u00e1 8. Aici se afl\u0103 o por\u021biune bine p\u0103strat\u0103 a cet\u0103\u021bii baroce tereziene, iar \u00een fosta pulber\u0103rie de r\u0103zboi se afl\u0103 ast\u0103zi un muzeu, unde po\u021bi vedea un model uria\u0219 din ipsos al fortifica\u021biilor originale ale ora\u0219ului. Oamenii iubesc mult acest loc \u0219i \u00eei dau o not\u0103 frumoas\u0103 de <strong>4,6 din 733 de recenzii<\/strong>.<\/p>\n\n\n\n<p class=\"wp-block-paragraph\">Complexul este deschis din aprilie p\u00e2n\u0103 \u00een octombrie (lunea e \u00eenchis, altfel mar\u021bi-vineri 9-17, weekendul 10-17), ultima vizit\u0103 posibil\u0103 fiind la 16:30. Pre\u021bul de intrare este foarte prietenos: adul\u021bii pl\u0103tesc <strong>13 lei (60 K\u010d)<\/strong>, copiii \u00eentre 6 \u0219i 15 ani <strong>7 lei (30 K\u010d)<\/strong>, iar cei mai mici, sub 6 ani, intr\u0103 complet gratuit. Sunt disponibile \u0219i bilete de familie avantajoase, la 26 lei (120 K\u010d, 2+1) sau 33 lei (150 K\u010d) pentru familiile mai mari.<\/p>\n\n\n\n<h3 class=\"wp-block-heading\"><span class=\"ez-toc-section\" id=\"10_Muraluri_si_street_art_in_gangurile_pasajelor\"><\/span>10. Muraluri \u0219i street art \u00een gangurile pasajelor<span class=\"ez-toc-section-end\"><\/span><\/h3>\n\n\n\n<figure data-wp-context=\"{&quot;imageId&quot;:&quot;6a95539fac7b0&quot;}\" data-wp-interactive=\"core\/image\" data-wp-key=\"6a95539fac7b0\" class=\"wp-block-image size-full wp-lightbox-container\"><img decoding=\"async\" width=\"2200\" height=\"1467\" data-wp-class--hide=\"state.isContentHidden\" data-wp-class--show=\"state.isContentVisible\" data-wp-init=\"callbacks.setButtonStyles\" data-wp-on--click=\"actions.showLightbox\" data-wp-on--load=\"callbacks.setButtonStyles\" data-wp-on--pointerdown=\"actions.preloadImage\" data-wp-on--pointerenter=\"actions.preloadImageWithDelay\" data-wp-on--pointerleave=\"actions.cancelPreload\" data-wp-on-window--resize=\"callbacks.setButtonStyles\" src=\"https:\/\/loudavymkrokem.cz\/wp-content\/uploads\/2026\/08\/olomouc-s-detmi-mural-detail-klenba.jpg\" alt=\"Pictur\u0103 albastr\u0103 pe bolta unui pasaj din centrul Olomoucului\" class=\"wp-image-401048\" title=\"\" srcset=\"https:\/\/loudavymkrokem.cz\/wp-content\/uploads\/2026\/08\/olomouc-s-detmi-mural-detail-klenba.jpg 2200w, https:\/\/loudavymkrokem.cz\/wp-content\/uploads\/2026\/08\/olomouc-s-detmi-mural-detail-klenba-300x200.jpg 300w, https:\/\/loudavymkrokem.cz\/wp-content\/uploads\/2026\/08\/olomouc-s-detmi-mural-detail-klenba-700x467.jpg 700w, https:\/\/loudavymkrokem.cz\/wp-content\/uploads\/2026\/08\/olomouc-s-detmi-mural-detail-klenba-768x512.jpg 768w, https:\/\/loudavymkrokem.cz\/wp-content\/uploads\/2026\/08\/olomouc-s-detmi-mural-detail-klenba-1536x1024.jpg 1536w, https:\/\/loudavymkrokem.cz\/wp-content\/uploads\/2026\/08\/olomouc-s-detmi-mural-detail-klenba-2048x1366.jpg 2048w, https:\/\/loudavymkrokem.cz\/wp-content\/uploads\/2026\/08\/olomouc-s-detmi-mural-detail-klenba-696x464.jpg 696w, https:\/\/loudavymkrokem.cz\/wp-content\/uploads\/2026\/08\/olomouc-s-detmi-mural-detail-klenba-1392x928.jpg 1392w, https:\/\/loudavymkrokem.cz\/wp-content\/uploads\/2026\/08\/olomouc-s-detmi-mural-detail-klenba-1920x1280.jpg 1920w\" sizes=\"(max-width: 2200px) 100vw, 2200px\" \/><button\n\t\t\tclass=\"lightbox-trigger\"\n\t\t\ttype=\"button\"\n\t\t\taria-haspopup=\"dialog\"\n\t\t\tdata-wp-bind--aria-label=\"state.thisImage.triggerButtonAriaLabel\"\n\t\t\tdata-wp-init=\"callbacks.initTriggerButton\"\n\t\t\tdata-wp-on--click=\"actions.showLightbox\"\n\t\t\tdata-wp-style--right=\"state.thisImage.buttonRight\"\n\t\t\tdata-wp-style--top=\"state.thisImage.buttonTop\"\n\t\t>\n\t\t\t<svg xmlns=\"http:\/\/www.w3.org\/2000\/svg\" width=\"12\" height=\"12\" fill=\"none\" viewBox=\"0 0 12 12\">\n\t\t\t\t<path fill=\"#fff\" d=\"M2 0a2 2 0 0 0-2 2v2h1.5V2a.5.5 0 0 1 .5-.5h2V0H2Zm2 10.5H2a.5.5 0 0 1-.5-.5V8H0v2a2 2 0 0 0 2 2h2v-1.5ZM8 12v-1.5h2a.5.5 0 0 0 .5-.5V8H12v2a2 2 0 0 1-2 2H8Zm2-12a2 2 0 0 1 2 2v2h-1.5V2a.5.5 0 0 0-.5-.5H8V0h2Z\" \/>\n\t\t\t<\/svg>\n\t\t<\/button><figcaption class=\"wp-element-caption\">Pasajele cu picturi sunt pentru copii cea mai frumoas\u0103 parte a plimb\u0103rii prin centru<\/figcaption><\/figure>\n\n\n\n<figure data-wp-context=\"{&quot;imageId&quot;:&quot;6a95539facd55&quot;}\" data-wp-interactive=\"core\/image\" data-wp-key=\"6a95539facd55\" class=\"wp-block-image size-full wp-lightbox-container\"><img decoding=\"async\" width=\"2200\" height=\"1467\" data-wp-class--hide=\"state.isContentHidden\" data-wp-class--show=\"state.isContentVisible\" data-wp-init=\"callbacks.setButtonStyles\" data-wp-on--click=\"actions.showLightbox\" data-wp-on--load=\"callbacks.setButtonStyles\" data-wp-on--pointerdown=\"actions.preloadImage\" data-wp-on--pointerenter=\"actions.preloadImageWithDelay\" data-wp-on--pointerleave=\"actions.cancelPreload\" data-wp-on-window--resize=\"callbacks.setButtonStyles\" src=\"https:\/\/loudavymkrokem.cz\/wp-content\/uploads\/2026\/08\/olomouc-s-detmi-mural-stit-domu.jpg\" alt=\"Pictur\u0103 de mari dimensiuni pe frontonul unei case din Olomouc\" class=\"wp-image-401040\" title=\"\" srcset=\"https:\/\/loudavymkrokem.cz\/wp-content\/uploads\/2026\/08\/olomouc-s-detmi-mural-stit-domu.jpg 2200w, https:\/\/loudavymkrokem.cz\/wp-content\/uploads\/2026\/08\/olomouc-s-detmi-mural-stit-domu-300x200.jpg 300w, https:\/\/loudavymkrokem.cz\/wp-content\/uploads\/2026\/08\/olomouc-s-detmi-mural-stit-domu-700x467.jpg 700w, https:\/\/loudavymkrokem.cz\/wp-content\/uploads\/2026\/08\/olomouc-s-detmi-mural-stit-domu-768x512.jpg 768w, https:\/\/loudavymkrokem.cz\/wp-content\/uploads\/2026\/08\/olomouc-s-detmi-mural-stit-domu-1536x1024.jpg 1536w, https:\/\/loudavymkrokem.cz\/wp-content\/uploads\/2026\/08\/olomouc-s-detmi-mural-stit-domu-2048x1366.jpg 2048w, https:\/\/loudavymkrokem.cz\/wp-content\/uploads\/2026\/08\/olomouc-s-detmi-mural-stit-domu-696x464.jpg 696w, https:\/\/loudavymkrokem.cz\/wp-content\/uploads\/2026\/08\/olomouc-s-detmi-mural-stit-domu-1392x928.jpg 1392w, https:\/\/loudavymkrokem.cz\/wp-content\/uploads\/2026\/08\/olomouc-s-detmi-mural-stit-domu-1920x1280.jpg 1920w\" sizes=\"(max-width: 2200px) 100vw, 2200px\" \/><button\n\t\t\tclass=\"lightbox-trigger\"\n\t\t\ttype=\"button\"\n\t\t\taria-haspopup=\"dialog\"\n\t\t\tdata-wp-bind--aria-label=\"state.thisImage.triggerButtonAriaLabel\"\n\t\t\tdata-wp-init=\"callbacks.initTriggerButton\"\n\t\t\tdata-wp-on--click=\"actions.showLightbox\"\n\t\t\tdata-wp-style--right=\"state.thisImage.buttonRight\"\n\t\t\tdata-wp-style--top=\"state.thisImage.buttonTop\"\n\t\t>\n\t\t\t<svg xmlns=\"http:\/\/www.w3.org\/2000\/svg\" width=\"12\" height=\"12\" fill=\"none\" viewBox=\"0 0 12 12\">\n\t\t\t\t<path fill=\"#fff\" d=\"M2 0a2 2 0 0 0-2 2v2h1.5V2a.5.5 0 0 1 .5-.5h2V0H2Zm2 10.5H2a.5.5 0 0 1-.5-.5V8H0v2a2 2 0 0 0 2 2h2v-1.5ZM8 12v-1.5h2a.5.5 0 0 0 .5-.5V8H12v2a2 2 0 0 1-2 2H8Zm2-12a2 2 0 0 1 2 2v2h-1.5V2a.5.5 0 0 0-.5-.5H8V0h2Z\" \/>\n\t\t\t<\/svg>\n\t\t<\/button><figcaption class=\"wp-element-caption\">Picturile de mari dimensiuni le g\u0103se\u0219ti \u0219i pe frontoanele caselor obi\u0219nuite<\/figcaption><\/figure>\n\n\n\n<p class=\"wp-block-paragraph\">Ultima idee de activit\u0103\u021bi \u00een aer liber e un fel de v\u00e2n\u0103toare urban\u0103. Olomouc respir\u0103 istorie, dar nu se teme nici de arta modern\u0103. Chiar \u00een centru, adesea ascunse \u00een pasaje, sub arcade sau pe frontoanele \u00eenalte ale caselor vechi, se afl\u0103 c\u00e2teva muraluri fascinante de mari dimensiuni.<\/p>\n\n\n\n<p class=\"wp-block-paragraph\">\u00cencearc\u0103 s\u0103 g\u0103se\u0219ti din timp locurile \u00een care se afl\u0103 \u0219i transform\u0103 plimbarea prin ora\u0219 \u00eentr-un joc de detectivi. Copiii descoper\u0103 de obicei aceste picturi uria\u0219e \u0219i colorate cu un entuziasm imens, iar asta se poate combina absolut ideal, de exemplu, cu deja men\u021bionata v\u00e2n\u0103toare a f\u00e2nt\u00e2nilor baroce.<\/p>\n\n\n\n<h2 class=\"wp-block-heading\"><span class=\"ez-toc-section\" id=\"Cand_ploua_spatii_de_joaca_muzee_si_centre_de_distractii\"><\/span>C\u00e2nd plou\u0103: spa\u021bii de joac\u0103, muzee \u0219i centre de distrac\u021bii<span class=\"ez-toc-section-end\"><\/span><\/h2>\n\n\n\n<p class=\"wp-block-paragraph\">Dac\u0103 te \u00eentrebi <strong>unde s\u0103 mergi \u00een Olomouc cu copiii c\u00e2nd plou\u0103<\/strong>, am o veste minunat\u0103 pentru tine. Acest ora\u0219 este preg\u0103tit pentru zilele ploioase poate cel mai bine din toat\u0103 \u021bara. Concentra\u021bia de spa\u021bii de joac\u0103 interioare de calitate \u0219i de expozi\u021bii interactive e absolut nemaiv\u0103zut\u0103, iar pe noi una dintre acele spa\u021bii de joac\u0103 superbe din centru ne-a salvat toat\u0103 dup\u0103-amiaza. Hai s\u0103 vedem cele mai bune op\u021biuni.<\/p>\n\n\n\n<h3 class=\"wp-block-heading\"><span class=\"ez-toc-section\" id=\"11_Cetatea_Cunoasterii\"><\/span>11. Cetatea Cunoa\u0219terii<span class=\"ez-toc-section-end\"><\/span><\/h3>\n\n\n\n<figure data-wp-context=\"{&quot;imageId&quot;:&quot;6a95539fad653&quot;}\" data-wp-interactive=\"core\/image\" data-wp-key=\"6a95539fad653\" class=\"wp-block-image size-full wp-lightbox-container\"><img decoding=\"async\" width=\"1800\" height=\"1347\" data-wp-class--hide=\"state.isContentHidden\" data-wp-class--show=\"state.isContentVisible\" data-wp-init=\"callbacks.setButtonStyles\" data-wp-on--click=\"actions.showLightbox\" data-wp-on--load=\"callbacks.setButtonStyles\" data-wp-on--pointerdown=\"actions.preloadImage\" data-wp-on--pointerenter=\"actions.preloadImageWithDelay\" data-wp-on--pointerleave=\"actions.cancelPreload\" data-wp-on-window--resize=\"callbacks.setButtonStyles\" src=\"https:\/\/loudavymkrokem.cz\/wp-content\/uploads\/2026\/08\/olomouc-s-detmi-pevnost-poznani.jpg\" alt=\"Expozi\u021bie interactiv\u0103 \u00een Cetatea Cunoa\u0219terii din Olomouc\" class=\"wp-image-401123\" title=\"\" srcset=\"https:\/\/loudavymkrokem.cz\/wp-content\/uploads\/2026\/08\/olomouc-s-detmi-pevnost-poznani.jpg 1800w, https:\/\/loudavymkrokem.cz\/wp-content\/uploads\/2026\/08\/olomouc-s-detmi-pevnost-poznani-300x225.jpg 300w, https:\/\/loudavymkrokem.cz\/wp-content\/uploads\/2026\/08\/olomouc-s-detmi-pevnost-poznani-700x524.jpg 700w, https:\/\/loudavymkrokem.cz\/wp-content\/uploads\/2026\/08\/olomouc-s-detmi-pevnost-poznani-768x575.jpg 768w, https:\/\/loudavymkrokem.cz\/wp-content\/uploads\/2026\/08\/olomouc-s-detmi-pevnost-poznani-1536x1149.jpg 1536w, https:\/\/loudavymkrokem.cz\/wp-content\/uploads\/2026\/08\/olomouc-s-detmi-pevnost-poznani-80x60.jpg 80w, https:\/\/loudavymkrokem.cz\/wp-content\/uploads\/2026\/08\/olomouc-s-detmi-pevnost-poznani-160x120.jpg 160w, https:\/\/loudavymkrokem.cz\/wp-content\/uploads\/2026\/08\/olomouc-s-detmi-pevnost-poznani-696x521.jpg 696w, https:\/\/loudavymkrokem.cz\/wp-content\/uploads\/2026\/08\/olomouc-s-detmi-pevnost-poznani-1392x1042.jpg 1392w\" sizes=\"(max-width: 1800px) 100vw, 1800px\" \/><button\n\t\t\tclass=\"lightbox-trigger\"\n\t\t\ttype=\"button\"\n\t\t\taria-haspopup=\"dialog\"\n\t\t\tdata-wp-bind--aria-label=\"state.thisImage.triggerButtonAriaLabel\"\n\t\t\tdata-wp-init=\"callbacks.initTriggerButton\"\n\t\t\tdata-wp-on--click=\"actions.showLightbox\"\n\t\t\tdata-wp-style--right=\"state.thisImage.buttonRight\"\n\t\t\tdata-wp-style--top=\"state.thisImage.buttonTop\"\n\t\t>\n\t\t\t<svg xmlns=\"http:\/\/www.w3.org\/2000\/svg\" width=\"12\" height=\"12\" fill=\"none\" viewBox=\"0 0 12 12\">\n\t\t\t\t<path fill=\"#fff\" d=\"M2 0a2 2 0 0 0-2 2v2h1.5V2a.5.5 0 0 1 .5-.5h2V0H2Zm2 10.5H2a.5.5 0 0 1-.5-.5V8H0v2a2 2 0 0 0 2 2h2v-1.5ZM8 12v-1.5h2a.5.5 0 0 0 .5-.5V8H12v2a2 2 0 0 1-2 2H8Zm2-12a2 2 0 0 1 2 2v2h-1.5V2a.5.5 0 0 0-.5-.5H8V0h2Z\" \/>\n\t\t\t<\/svg>\n\t\t<\/button><figcaption class=\"wp-element-caption\">Peste o sut\u0103 de exponate interactive, pe care copiii pot pune m\u00e2na la toate<\/figcaption><\/figure>\n\n\n\n<p class=\"wp-block-paragraph\">Dac\u0103 e\u0219ti \u00een c\u0103utarea unui program pentru o \u00eentreag\u0103 dup\u0103-amiaz\u0103 ploioas\u0103, centrul \u0219tiin\u021bific interactiv al Universit\u0103\u021bii Palack\u00fd, <a href=\"https:\/\/www.pevnostpoznani.cz\/\" target=\"_blank\" rel=\"nofollow noopener\">Cetatea Cunoa\u0219terii<\/a>, situat \u00een complexul Fortifica\u021biei Coroanei (17. listopadu 939), este num\u0103rul unu absolut. Cetatea Cunoa\u0219terii are o not\u0103 incredibil\u0103 de <strong>4,7 din aproape trei mii de recenzii<\/strong>, iar pe suprafa\u021ba unei vechi cl\u0103diri militare se \u00eentind aici patru expozi\u021bii principale: \u00cen istorie!, Apa vie, Mintea la \u00eendem\u00e2n\u0103 \u0219i Lumin\u0103 \u0219i \u00eentuneric.<\/p>\n\n\n\n<p class=\"wp-block-paragraph\">\u00cen total, te a\u0219teapt\u0103 aici peste <strong>100 de exponate interactive<\/strong>, pe care copiii pot pune m\u00e2na, le pot \u00eencerca \u0219i explora, plus un uimitor <strong>planetariu digital<\/strong>. E deschis \u00een zilele lucr\u0103toare de la 9 la 17 \u0219i \u00een weekend de la 10 la 18 (aten\u021bie, din septembrie p\u00e2n\u0103 \u00een mai lunea e \u00eenchis). Un adult pl\u0103te\u0219te <strong>41 lei (190 K\u010d)<\/strong>, biletul redus pentru copii, studen\u021bi \u0219i seniori este <strong>35 lei (160 K\u010d)<\/strong>, iar biletele de familie variaz\u0103 \u00eentre 100 \u0219i 170 lei (460-775 K\u010d), \u00een func\u021bie de num\u0103rul de membri. Dac\u0103 vrei s\u0103 intri doar la o singur\u0103 expozi\u021bie anume, te va costa 15 lei (70 K\u010d).<\/p>\n\n\n\n<h3 class=\"wp-block-heading\"><span class=\"ez-toc-section\" id=\"12_JaSam\"><\/span>12. J\u00e1S\u00e1m<span class=\"ez-toc-section-end\"><\/span><\/h3>\n\n\n\n<p class=\"wp-block-paragraph\">Chiar \u00een inima ora\u0219ului, \u00een <strong>Pia\u021ba de Sus 7<\/strong>, la c\u00e2\u021biva pa\u0219i vizavi de ceasul astronomic, \u00eentre un bistrou de lavand\u0103 \u0219i un magazin de br\u00e2nzeturi, se ascunde spa\u021biul de joac\u0103 pentru copii cu cafenea J\u00e1S\u00e1m. Acest loc e \u00eentruchiparea visului oric\u0103rui p\u0103rinte care vrea s\u0103 \u00ee\u0219i bea \u00een lini\u0219te cafeaua cald\u0103, \u00een timp ce copilul se joac\u0103 \u00een siguran\u021b\u0103. Nota de <strong>4,7 de la 219 vizitatori<\/strong> vorbe\u0219te de la sine.<\/p>\n\n\n\n<p class=\"wp-block-paragraph\">Este extrem de primitor aici, plin de juc\u0103rii de lemn de calitate. Copiii g\u0103sesc o buc\u0103t\u0103rioar\u0103, un magazina\u0219, o trus\u0103 de doctor, un banc de lucru pe cinste pentru micii me\u0219teri \u0219i tobogane mari cu spaliere. P\u0103rin\u021bii pot savura \u00eentre timp cafea de specialitate de la pr\u0103jitoria local\u0103 sau pr\u0103jituri de cas\u0103 excelente \u0219i meniuri de mic dejun. E deschis \u00een fiecare zi lucr\u0103toare de la 8:00 la 19:00 \u0219i \u00een weekend de la 9:00 la 19:00. Un plus uria\u0219 e c\u0103 intrarea se pl\u0103te\u0219te doar pentru copiii care se joac\u0103, adul\u021bii care \u00eei \u00eenso\u021besc nu pl\u0103tesc nimic.<\/p>\n\n\n\n<h3 class=\"wp-block-heading\"><span class=\"ez-toc-section\" id=\"13_V_lese\"><\/span>13. V lese<span class=\"ez-toc-section-end\"><\/span><\/h3>\n\n\n\n<figure data-wp-context=\"{&quot;imageId&quot;:&quot;6a95539fadf0b&quot;}\" data-wp-interactive=\"core\/image\" data-wp-key=\"6a95539fadf0b\" class=\"wp-block-image size-full wp-lightbox-container\"><img decoding=\"async\" width=\"2200\" height=\"1467\" data-wp-class--hide=\"state.isContentHidden\" data-wp-class--show=\"state.isContentVisible\" data-wp-init=\"callbacks.setButtonStyles\" data-wp-on--click=\"actions.showLightbox\" data-wp-on--load=\"callbacks.setButtonStyles\" data-wp-on--pointerdown=\"actions.preloadImage\" data-wp-on--pointerenter=\"actions.preloadImageWithDelay\" data-wp-on--pointerleave=\"actions.cancelPreload\" data-wp-on-window--resize=\"callbacks.setButtonStyles\" src=\"https:\/\/loudavymkrokem.cz\/wp-content\/uploads\/2026\/08\/olomouc-s-detmi-zerotinovo-namesti.jpg\" alt=\"Case \u00een Pia\u021ba \u017derot\u00edn din Olomouc\" class=\"wp-image-401044\" title=\"\" srcset=\"https:\/\/loudavymkrokem.cz\/wp-content\/uploads\/2026\/08\/olomouc-s-detmi-zerotinovo-namesti.jpg 2200w, https:\/\/loudavymkrokem.cz\/wp-content\/uploads\/2026\/08\/olomouc-s-detmi-zerotinovo-namesti-300x200.jpg 300w, https:\/\/loudavymkrokem.cz\/wp-content\/uploads\/2026\/08\/olomouc-s-detmi-zerotinovo-namesti-700x467.jpg 700w, https:\/\/loudavymkrokem.cz\/wp-content\/uploads\/2026\/08\/olomouc-s-detmi-zerotinovo-namesti-768x512.jpg 768w, https:\/\/loudavymkrokem.cz\/wp-content\/uploads\/2026\/08\/olomouc-s-detmi-zerotinovo-namesti-1536x1024.jpg 1536w, https:\/\/loudavymkrokem.cz\/wp-content\/uploads\/2026\/08\/olomouc-s-detmi-zerotinovo-namesti-2048x1366.jpg 2048w, https:\/\/loudavymkrokem.cz\/wp-content\/uploads\/2026\/08\/olomouc-s-detmi-zerotinovo-namesti-696x464.jpg 696w, https:\/\/loudavymkrokem.cz\/wp-content\/uploads\/2026\/08\/olomouc-s-detmi-zerotinovo-namesti-1392x928.jpg 1392w, https:\/\/loudavymkrokem.cz\/wp-content\/uploads\/2026\/08\/olomouc-s-detmi-zerotinovo-namesti-1920x1280.jpg 1920w\" sizes=\"(max-width: 2200px) 100vw, 2200px\" \/><button\n\t\t\tclass=\"lightbox-trigger\"\n\t\t\ttype=\"button\"\n\t\t\taria-haspopup=\"dialog\"\n\t\t\tdata-wp-bind--aria-label=\"state.thisImage.triggerButtonAriaLabel\"\n\t\t\tdata-wp-init=\"callbacks.initTriggerButton\"\n\t\t\tdata-wp-on--click=\"actions.showLightbox\"\n\t\t\tdata-wp-style--right=\"state.thisImage.buttonRight\"\n\t\t\tdata-wp-style--top=\"state.thisImage.buttonTop\"\n\t\t>\n\t\t\t<svg xmlns=\"http:\/\/www.w3.org\/2000\/svg\" width=\"12\" height=\"12\" fill=\"none\" viewBox=\"0 0 12 12\">\n\t\t\t\t<path fill=\"#fff\" d=\"M2 0a2 2 0 0 0-2 2v2h1.5V2a.5.5 0 0 1 .5-.5h2V0H2Zm2 10.5H2a.5.5 0 0 1-.5-.5V8H0v2a2 2 0 0 0 2 2h2v-1.5ZM8 12v-1.5h2a.5.5 0 0 0 .5-.5V8H12v2a2 2 0 0 1-2 2H8Zm2-12a2 2 0 0 1 2 2v2h-1.5V2a.5.5 0 0 0-.5-.5H8V0h2Z\" \/>\n\t\t\t<\/svg>\n\t\t<\/button><figcaption class=\"wp-element-caption\">Pia\u021ba \u017derot\u00edn, unde g\u0103se\u0219ti o cafenea cu spa\u021biu de joac\u0103 montessori<\/figcaption><\/figure>\n\n\n\n<figure data-wp-context=\"{&quot;imageId&quot;:&quot;6a95539fae570&quot;}\" data-wp-interactive=\"core\/image\" data-wp-key=\"6a95539fae570\" class=\"wp-block-image size-full wp-lightbox-container\"><img decoding=\"async\" width=\"2200\" height=\"1467\" data-wp-class--hide=\"state.isContentHidden\" data-wp-class--show=\"state.isContentVisible\" data-wp-init=\"callbacks.setButtonStyles\" data-wp-on--click=\"actions.showLightbox\" data-wp-on--load=\"callbacks.setButtonStyles\" data-wp-on--pointerdown=\"actions.preloadImage\" data-wp-on--pointerenter=\"actions.preloadImageWithDelay\" data-wp-on--pointerleave=\"actions.cancelPreload\" data-wp-on-window--resize=\"callbacks.setButtonStyles\" src=\"https:\/\/loudavymkrokem.cz\/wp-content\/uploads\/2026\/08\/olomouc-s-detmi-kavarna-interier.jpg\" alt=\"Interiorul unei cafenele din Olomouc cu design natural\" class=\"wp-image-401023\" title=\"\" srcset=\"https:\/\/loudavymkrokem.cz\/wp-content\/uploads\/2026\/08\/olomouc-s-detmi-kavarna-interier.jpg 2200w, https:\/\/loudavymkrokem.cz\/wp-content\/uploads\/2026\/08\/olomouc-s-detmi-kavarna-interier-300x200.jpg 300w, https:\/\/loudavymkrokem.cz\/wp-content\/uploads\/2026\/08\/olomouc-s-detmi-kavarna-interier-700x467.jpg 700w, https:\/\/loudavymkrokem.cz\/wp-content\/uploads\/2026\/08\/olomouc-s-detmi-kavarna-interier-768x512.jpg 768w, https:\/\/loudavymkrokem.cz\/wp-content\/uploads\/2026\/08\/olomouc-s-detmi-kavarna-interier-1536x1024.jpg 1536w, https:\/\/loudavymkrokem.cz\/wp-content\/uploads\/2026\/08\/olomouc-s-detmi-kavarna-interier-2048x1366.jpg 2048w, https:\/\/loudavymkrokem.cz\/wp-content\/uploads\/2026\/08\/olomouc-s-detmi-kavarna-interier-696x464.jpg 696w, https:\/\/loudavymkrokem.cz\/wp-content\/uploads\/2026\/08\/olomouc-s-detmi-kavarna-interier-1392x928.jpg 1392w, https:\/\/loudavymkrokem.cz\/wp-content\/uploads\/2026\/08\/olomouc-s-detmi-kavarna-interier-1920x1280.jpg 1920w\" sizes=\"(max-width: 2200px) 100vw, 2200px\" \/><button\n\t\t\tclass=\"lightbox-trigger\"\n\t\t\ttype=\"button\"\n\t\t\taria-haspopup=\"dialog\"\n\t\t\tdata-wp-bind--aria-label=\"state.thisImage.triggerButtonAriaLabel\"\n\t\t\tdata-wp-init=\"callbacks.initTriggerButton\"\n\t\t\tdata-wp-on--click=\"actions.showLightbox\"\n\t\t\tdata-wp-style--right=\"state.thisImage.buttonRight\"\n\t\t\tdata-wp-style--top=\"state.thisImage.buttonTop\"\n\t\t>\n\t\t\t<svg xmlns=\"http:\/\/www.w3.org\/2000\/svg\" width=\"12\" height=\"12\" fill=\"none\" viewBox=\"0 0 12 12\">\n\t\t\t\t<path fill=\"#fff\" d=\"M2 0a2 2 0 0 0-2 2v2h1.5V2a.5.5 0 0 1 .5-.5h2V0H2Zm2 10.5H2a.5.5 0 0 1-.5-.5V8H0v2a2 2 0 0 0 2 2h2v-1.5ZM8 12v-1.5h2a.5.5 0 0 0 .5-.5V8H12v2a2 2 0 0 1-2 2H8Zm2-12a2 2 0 0 1 2 2v2h-1.5V2a.5.5 0 0 0-.5-.5H8V0h2Z\" \/>\n\t\t\t<\/svg>\n\t\t<\/button><figcaption class=\"wp-element-caption\">Cafenelele din centrul Olomoucului se g\u00e2ndesc \u0219i la copii, \u0219i la p\u0103rin\u021bi<\/figcaption><\/figure>\n\n\n\n<p class=\"wp-block-paragraph\">La un pas mai \u00eencolo, \u00een Pia\u021ba \u017derot\u00edn 3, g\u0103se\u0219ti o alt\u0103 bijuterie printre cafenelele cu spa\u021biu de joac\u0103 pentru copii. Localul V lese promoveaz\u0103 o abordare simpatic\u0103 montessori \u0219i zero waste, iar din recenziile cu media de <strong>4,7 de la peste cinci sute de oameni<\/strong> e clar c\u0103 fac asta grozav. \u00cen loc de juc\u0103rii de plastic g\u0103l\u0103gioase, aici domne\u0219te lini\u0219tea \u0219i o gr\u0103mad\u0103 de <strong>juc\u0103rii de lemn cehe\u0219ti<\/strong> autentice.<\/p>\n\n\n\n<p class=\"wp-block-paragraph\">Copiii se pot da \u00een leag\u0103n, pot descoperi copacul cu sunete, se pot juca cu curcubeul de lemn, pot cerceta un uria\u0219 activity board sau un joc de memorie tactil. Biletul pe toat\u0103 ziua cost\u0103 modicii <strong>13 lei (60 K\u010d)<\/strong> (redus 7 lei \/ 30 K\u010d), iar un avantaj imens e c\u0103, av\u00e2nd br\u0103\u021bara pe m\u00e2n\u0103, po\u021bi ie\u0219i \u00een timpul zilei \u0219i te po\u021bi \u00eentoarce apoi. Din cauza popularit\u0103\u021bii, uneori e \u00eens\u0103 plin. E deschis de luni p\u00e2n\u0103 vineri 9:00-19:00 \u0219i \u00een weekend 10:00-19:00.<\/p>\n\n\n\n<h3 class=\"wp-block-heading\"><span class=\"ez-toc-section\" id=\"14_Clovickov\"><\/span>14. \u010clov\u00ed\u010dkov<span class=\"ez-toc-section-end\"><\/span><\/h3>\n\n\n\n<p class=\"wp-block-paragraph\">Dac\u0103 ai nevoie neap\u0103rat de o suprafa\u021b\u0103 mare pe care copiii s\u0103-\u0219i ard\u0103 energia acumulat\u0103, pe strada 8. kv\u011btna 24 g\u0103se\u0219ti \u00eendr\u0103gitul spa\u021biu de joac\u0103 \u010clov\u00ed\u010dkov (nota 4,1). E o suprafa\u021b\u0103 de joac\u0103 mare, clasic\u0103, cu tobogane, unde copiii mai mici se distreaz\u0103 \u00een mod sigur c\u00e2teva ore bune.<\/p>\n\n\n\n<p class=\"wp-block-paragraph\">P\u0103rin\u021bii au aici la dispozi\u021bie un loc de stat cu ofert\u0103 de cafea \u0219i ceaiuri, iar marele atu e f\u0103r\u0103 \u00eendoial\u0103 pre\u021bul. Intrarea cost\u0103 doar frumo\u0219ii <strong>13 lei (59 K\u010d) de copil, pe timp nelimitat<\/strong>, ceea ce \u00een ziua de azi e o sum\u0103 chiar foarte pl\u0103cut\u0103 pentru salvarea unei dup\u0103-amiezi ploioase.<\/p>\n\n\n\n<h3 class=\"wp-block-heading\"><span class=\"ez-toc-section\" id=\"15_Snoezelen_Olomouc\"><\/span>15. Snoezelen Olomouc<span class=\"ez-toc-section-end\"><\/span><\/h3>\n\n\n\n<figure data-wp-context=\"{&quot;imageId&quot;:&quot;6a95539faed68&quot;}\" data-wp-interactive=\"core\/image\" data-wp-key=\"6a95539faed68\" class=\"wp-block-image size-full wp-lightbox-container\"><img decoding=\"async\" width=\"1200\" height=\"800\" data-wp-class--hide=\"state.isContentHidden\" data-wp-class--show=\"state.isContentVisible\" data-wp-init=\"callbacks.setButtonStyles\" data-wp-on--click=\"actions.showLightbox\" data-wp-on--load=\"callbacks.setButtonStyles\" data-wp-on--pointerdown=\"actions.preloadImage\" data-wp-on--pointerenter=\"actions.preloadImageWithDelay\" data-wp-on--pointerleave=\"actions.cancelPreload\" data-wp-on-window--resize=\"callbacks.setButtonStyles\" src=\"https:\/\/loudavymkrokem.cz\/wp-content\/uploads\/2026\/08\/olomouc-s-detmi-snoezelen.jpg\" alt=\"Spa\u021biu de joac\u0103 multisenzorial Snoezelen Olomouc cu iluminat colorat\" class=\"wp-image-403598\" title=\"\" srcset=\"https:\/\/loudavymkrokem.cz\/wp-content\/uploads\/2026\/08\/olomouc-s-detmi-snoezelen.jpg 1200w, https:\/\/loudavymkrokem.cz\/wp-content\/uploads\/2026\/08\/olomouc-s-detmi-snoezelen-300x200.jpg 300w, https:\/\/loudavymkrokem.cz\/wp-content\/uploads\/2026\/08\/olomouc-s-detmi-snoezelen-700x467.jpg 700w, https:\/\/loudavymkrokem.cz\/wp-content\/uploads\/2026\/08\/olomouc-s-detmi-snoezelen-768x512.jpg 768w, https:\/\/loudavymkrokem.cz\/wp-content\/uploads\/2026\/08\/olomouc-s-detmi-snoezelen-696x464.jpg 696w\" sizes=\"(max-width: 1200px) 100vw, 1200px\" \/><button\n\t\t\tclass=\"lightbox-trigger\"\n\t\t\ttype=\"button\"\n\t\t\taria-haspopup=\"dialog\"\n\t\t\tdata-wp-bind--aria-label=\"state.thisImage.triggerButtonAriaLabel\"\n\t\t\tdata-wp-init=\"callbacks.initTriggerButton\"\n\t\t\tdata-wp-on--click=\"actions.showLightbox\"\n\t\t\tdata-wp-style--right=\"state.thisImage.buttonRight\"\n\t\t\tdata-wp-style--top=\"state.thisImage.buttonTop\"\n\t\t>\n\t\t\t<svg xmlns=\"http:\/\/www.w3.org\/2000\/svg\" width=\"12\" height=\"12\" fill=\"none\" viewBox=\"0 0 12 12\">\n\t\t\t\t<path fill=\"#fff\" d=\"M2 0a2 2 0 0 0-2 2v2h1.5V2a.5.5 0 0 1 .5-.5h2V0H2Zm2 10.5H2a.5.5 0 0 1-.5-.5V8H0v2a2 2 0 0 0 2 2h2v-1.5ZM8 12v-1.5h2a.5.5 0 0 0 .5-.5V8H12v2a2 2 0 0 1-2 2H8Zm2-12a2 2 0 0 1 2 2v2h-1.5V2a.5.5 0 0 0-.5-.5H8V0h2Z\" \/>\n\t\t\t<\/svg>\n\t\t<\/button><figcaption class=\"wp-element-caption\">Spa\u021biul de joac\u0103 multisenzorial Snoezelen func\u021bioneaz\u0103 \u00eentr-un ritm complet diferit de spa\u021biile de joac\u0103 obi\u0219nuite | Foto: Snoezelen Olomouc<\/figcaption><\/figure>\n\n\n\n<p class=\"wp-block-paragraph\">Pe strada Mari\u00e1nsk\u00e1 7 se ascunde un tip un pic diferit de spa\u021biu de joac\u0103, pe care \u00eel vei aprecia mai ales dac\u0103 ai copii foarte mici sau copii cu nevoi speciale, care nu suport\u0103 zgomotul obi\u0219nuit al spa\u021biilor mari. Snoezelen este un spa\u021biu de joac\u0103 relaxant \u0219i multisenzorial, conceput astfel \u00eenc\u00e2t s\u0103 lini\u0219teasc\u0103 \u0219i s\u0103 stimuleze bl\u00e2nd sim\u021burile (nota 4,5).<\/p>\n\n\n\n<p class=\"wp-block-paragraph\">G\u0103se\u0219ti aici tot felul de elemente luminoase, cilindri cu bule, muzic\u0103 relaxant\u0103 \u0219i materiale tactile pl\u0103cute. E o oaz\u0103 de lini\u0219te \u00een mijlocul ora\u0219ului, unde vii s\u0103 te odihne\u0219ti cu adev\u0103rat \u0219i s\u0103 percepi lumea \u00eentr-un ritm un pic diferit, mai lent.<\/p>\n\n\n\n<h3 class=\"wp-block-heading\"><span class=\"ez-toc-section\" id=\"16_Parcul_de_distractii_pentru_familie_Krokodylek\"><\/span>16. Parcul de distrac\u021bii pentru familie Krokod\u00fdlek<span class=\"ez-toc-section-end\"><\/span><\/h3>\n\n\n\n<figure data-wp-context=\"{&quot;imageId&quot;:&quot;6a95539faf320&quot;}\" data-wp-interactive=\"core\/image\" data-wp-key=\"6a95539faf320\" class=\"wp-block-image size-full wp-lightbox-container\"><img decoding=\"async\" width=\"1498\" height=\"1000\" data-wp-class--hide=\"state.isContentHidden\" data-wp-class--show=\"state.isContentVisible\" data-wp-init=\"callbacks.setButtonStyles\" data-wp-on--click=\"actions.showLightbox\" data-wp-on--load=\"callbacks.setButtonStyles\" data-wp-on--pointerdown=\"actions.preloadImage\" data-wp-on--pointerenter=\"actions.preloadImageWithDelay\" data-wp-on--pointerleave=\"actions.cancelPreload\" data-wp-on-window--resize=\"callbacks.setButtonStyles\" src=\"https:\/\/loudavymkrokem.cz\/wp-content\/uploads\/2026\/08\/olomouc-s-detmi-krokodylek.jpg\" alt=\"Copii pe o atrac\u021bie gonflabil\u0103 \u00een parcul de distrac\u021bii Krokod\u00fdlek din Olomouc\" class=\"wp-image-403596\" title=\"\" srcset=\"https:\/\/loudavymkrokem.cz\/wp-content\/uploads\/2026\/08\/olomouc-s-detmi-krokodylek.jpg 1498w, https:\/\/loudavymkrokem.cz\/wp-content\/uploads\/2026\/08\/olomouc-s-detmi-krokodylek-300x200.jpg 300w, https:\/\/loudavymkrokem.cz\/wp-content\/uploads\/2026\/08\/olomouc-s-detmi-krokodylek-700x467.jpg 700w, https:\/\/loudavymkrokem.cz\/wp-content\/uploads\/2026\/08\/olomouc-s-detmi-krokodylek-768x513.jpg 768w, https:\/\/loudavymkrokem.cz\/wp-content\/uploads\/2026\/08\/olomouc-s-detmi-krokodylek-696x465.jpg 696w, https:\/\/loudavymkrokem.cz\/wp-content\/uploads\/2026\/08\/olomouc-s-detmi-krokodylek-1392x929.jpg 1392w\" sizes=\"(max-width: 1498px) 100vw, 1498px\" \/><button\n\t\t\tclass=\"lightbox-trigger\"\n\t\t\ttype=\"button\"\n\t\t\taria-haspopup=\"dialog\"\n\t\t\tdata-wp-bind--aria-label=\"state.thisImage.triggerButtonAriaLabel\"\n\t\t\tdata-wp-init=\"callbacks.initTriggerButton\"\n\t\t\tdata-wp-on--click=\"actions.showLightbox\"\n\t\t\tdata-wp-style--right=\"state.thisImage.buttonRight\"\n\t\t\tdata-wp-style--top=\"state.thisImage.buttonTop\"\n\t\t>\n\t\t\t<svg xmlns=\"http:\/\/www.w3.org\/2000\/svg\" width=\"12\" height=\"12\" fill=\"none\" viewBox=\"0 0 12 12\">\n\t\t\t\t<path fill=\"#fff\" d=\"M2 0a2 2 0 0 0-2 2v2h1.5V2a.5.5 0 0 1 .5-.5h2V0H2Zm2 10.5H2a.5.5 0 0 1-.5-.5V8H0v2a2 2 0 0 0 2 2h2v-1.5ZM8 12v-1.5h2a.5.5 0 0 0 .5-.5V8H12v2a2 2 0 0 1-2 2H8Zm2-12a2 2 0 0 1 2 2v2h-1.5V2a.5.5 0 0 0-.5-.5H8V0h2Z\" \/>\n\t\t\t<\/svg>\n\t\t<\/button><figcaption class=\"wp-element-caption\">Krokod\u00fdlek are 25 de atrac\u021bii pe o suprafa\u021b\u0103 de 3.000 m\u00b2 | Foto: Krokod\u00fdlek Olomouc<\/figcaption><\/figure>\n\n\n\n<p class=\"wp-block-paragraph\">C\u00e2nd trebuie s\u0103 sco\u021bi cele mai grele arme \u00eempotriva plictiselii copiilor, trebuie s\u0103 mergi \u00een cartierul Lazce, pe strada Florykova 556. Aici se afl\u0103 <a href=\"https:\/\/www.krokodylek-olomouc.cz\/\" target=\"_blank\" rel=\"nofollow noopener\">Krokod\u00fdlek<\/a>, unul dintre cele mai mari parcuri de distrac\u021bii pentru copii din toat\u0103 Moravia, care se m\u00e2ndre\u0219te cu o not\u0103 respectabil\u0103 de <strong>4,5 din 1.659 de recenzii<\/strong>. Pe o suprafa\u021b\u0103 de peste <strong>3.000 de metri p\u0103tra\u021bi<\/strong> se \u00eentind aici incredibile <strong>25 de atrac\u021bii uria\u0219e<\/strong>.<\/p>\n\n\n\n<p class=\"wp-block-paragraph\">Copiii nu vor \u0219ti unde s\u0103 se duc\u0103 mai \u00eent\u00e2i. Exist\u0103 o corabie de pira\u021bi masiv\u0103 din lemn, tobogane cu structuri pe trei niveluri, trambuline, un perete de escalad\u0103, un iaz cu atrac\u021bii, o aren\u0103 cu tunuri pentru b\u0103t\u0103lii cu bile de burete, o pist\u0103 de motociclete \u0219i un panou unic pin-art cu 40.000 de tije pentru imprimarea corpului. Sunt disponibile \u0219i un restaurant \u0219i un col\u021b mai lini\u0219tit cu jocuri de societate. Biletul pe toat\u0103 ziua, de vineri p\u00e2n\u0103 duminic\u0103, cost\u0103 <strong>74 lei (339 K\u010d) de copil \u0219i 30 lei (139 K\u010d) de adult<\/strong> (familie 192 lei \/ 879 K\u010d), iar de luni p\u00e2n\u0103 joi e mai ieftin: <strong>56 lei (259 K\u010d) de copil \u0219i 26 lei (119 K\u010d) de adult<\/strong> (familie 152 lei \/ 699 K\u010d). Po\u021bi alege \u0219i un bilet pe or\u0103, de la 24 lei (109 K\u010d) de copil.<\/p>\n\n\n\n<h3 class=\"wp-block-heading\"><span class=\"ez-toc-section\" id=\"17_Amazonie_Olomouc\"><\/span>17. Amazonie Olomouc<span class=\"ez-toc-section-end\"><\/span><\/h3>\n\n\n\n<p class=\"wp-block-paragraph\">Un alt punct de sprijin \u00eendr\u0103git pe harta zilelor ploioase este centrul pentru copii Amazonie, la adresa Pra\u017esk\u00e1 255\/41 (nota 4,3). Este un spa\u021biu de joac\u0103 interior clasic, dar foarte bine dotat, ideal pentru acele zile \u00een care copiii pur \u0219i simplu au nevoie s\u0103 se ca\u021b\u0103re, s\u0103 sar\u0103 \u0219i s\u0103 se dea pe tobogan.<\/p>\n\n\n\n<p class=\"wp-block-paragraph\">\u00cen\u0103untru \u00eei a\u0219teapt\u0103 o structur\u0103 uria\u0219\u0103 care se \u00eentinde pe mai multe niveluri, un castel gonflabil pentru iubitorii de s\u0103rituri, o mul\u021bime de leag\u0103ne bine c\u0103ptu\u0219ite, tobogane rapide \u0219i, bine\u00een\u021beles, at\u00e2t de \u00eendr\u0103gitul bazin uria\u0219 plin de bile colorate de plastic, din care de obicei nu po\u021bi scoate copiii afar\u0103.<\/p>\n\n\n\n<h3 class=\"wp-block-heading\"><span class=\"ez-toc-section\" id=\"18_Centrul_de_franghii_PROUD\"><\/span>18. Centrul de fr\u00e2nghii PROUD<span class=\"ez-toc-section-end\"><\/span><\/h3>\n\n\n\n<p class=\"wp-block-paragraph\">Poate \u00ee\u021bi spui c\u0103 un centru de fr\u00e2nghii cu copii mici nu are sens, dar filiala PROUD de pe strada Lazeck\u00e1 50\/49 te va scoate din eroare (not\u0103 excelent\u0103 de <strong>4,6 din 347 de recenzii<\/strong>). Au aici distrac\u021bia g\u00e2ndit\u0103 astfel \u00eenc\u00e2t s\u0103 se distreze absolut toate categoriile de v\u00e2rst\u0103.<\/p>\n\n\n\n<p class=\"wp-block-paragraph\">Pe l\u00e2ng\u0103 obstacolele \u00eenalte pentru copiii mai mari \u0219i adul\u021bi, g\u0103se\u0219ti aici tot felul de leag\u0103ne, trambuline mari cu aer \u00eencorporate \u00een sol, perne de ap\u0103 \u0219i, mai ales, obstacole joase din fr\u00e2nghii, aproape de sol, care sunt sigure \u0219i <strong>potrivite deja pentru copii de la 1 an<\/strong>. E un loc grozav pentru antrenarea motricit\u0103\u021bii grosiere \u0219i a echilibrului.<\/p>\n\n\n\n<h3 class=\"wp-block-heading\"><span class=\"ez-toc-section\" id=\"19_Muzeul_Regional_Olomouc\"><\/span>19. Muzeul Regional Olomouc<span class=\"ez-toc-section-end\"><\/span><\/h3>\n\n\n\n<figure data-wp-context=\"{&quot;imageId&quot;:&quot;6a95539fafcc4&quot;}\" data-wp-interactive=\"core\/image\" data-wp-key=\"6a95539fafcc4\" class=\"wp-block-image size-full wp-lightbox-container\"><img decoding=\"async\" width=\"2200\" height=\"1467\" data-wp-class--hide=\"state.isContentHidden\" data-wp-class--show=\"state.isContentVisible\" data-wp-init=\"callbacks.setButtonStyles\" data-wp-on--click=\"actions.showLightbox\" data-wp-on--load=\"callbacks.setButtonStyles\" data-wp-on--pointerdown=\"actions.preloadImage\" data-wp-on--pointerenter=\"actions.preloadImageWithDelay\" data-wp-on--pointerleave=\"actions.cancelPreload\" data-wp-on-window--resize=\"callbacks.setButtonStyles\" src=\"https:\/\/loudavymkrokem.cz\/wp-content\/uploads\/2026\/08\/olomouc-s-detmi-muzeum-umeni.jpg\" alt=\"Cl\u0103direa Muzeului de Art\u0103 din Olomouc\" class=\"wp-image-401036\" title=\"\" srcset=\"https:\/\/loudavymkrokem.cz\/wp-content\/uploads\/2026\/08\/olomouc-s-detmi-muzeum-umeni.jpg 2200w, https:\/\/loudavymkrokem.cz\/wp-content\/uploads\/2026\/08\/olomouc-s-detmi-muzeum-umeni-300x200.jpg 300w, https:\/\/loudavymkrokem.cz\/wp-content\/uploads\/2026\/08\/olomouc-s-detmi-muzeum-umeni-700x467.jpg 700w, https:\/\/loudavymkrokem.cz\/wp-content\/uploads\/2026\/08\/olomouc-s-detmi-muzeum-umeni-768x512.jpg 768w, https:\/\/loudavymkrokem.cz\/wp-content\/uploads\/2026\/08\/olomouc-s-detmi-muzeum-umeni-1536x1024.jpg 1536w, https:\/\/loudavymkrokem.cz\/wp-content\/uploads\/2026\/08\/olomouc-s-detmi-muzeum-umeni-2048x1366.jpg 2048w, https:\/\/loudavymkrokem.cz\/wp-content\/uploads\/2026\/08\/olomouc-s-detmi-muzeum-umeni-696x464.jpg 696w, https:\/\/loudavymkrokem.cz\/wp-content\/uploads\/2026\/08\/olomouc-s-detmi-muzeum-umeni-1392x928.jpg 1392w, https:\/\/loudavymkrokem.cz\/wp-content\/uploads\/2026\/08\/olomouc-s-detmi-muzeum-umeni-1920x1280.jpg 1920w\" sizes=\"(max-width: 2200px) 100vw, 2200px\" \/><button\n\t\t\tclass=\"lightbox-trigger\"\n\t\t\ttype=\"button\"\n\t\t\taria-haspopup=\"dialog\"\n\t\t\tdata-wp-bind--aria-label=\"state.thisImage.triggerButtonAriaLabel\"\n\t\t\tdata-wp-init=\"callbacks.initTriggerButton\"\n\t\t\tdata-wp-on--click=\"actions.showLightbox\"\n\t\t\tdata-wp-style--right=\"state.thisImage.buttonRight\"\n\t\t\tdata-wp-style--top=\"state.thisImage.buttonTop\"\n\t\t>\n\t\t\t<svg xmlns=\"http:\/\/www.w3.org\/2000\/svg\" width=\"12\" height=\"12\" fill=\"none\" viewBox=\"0 0 12 12\">\n\t\t\t\t<path fill=\"#fff\" d=\"M2 0a2 2 0 0 0-2 2v2h1.5V2a.5.5 0 0 1 .5-.5h2V0H2Zm2 10.5H2a.5.5 0 0 1-.5-.5V8H0v2a2 2 0 0 0 2 2h2v-1.5ZM8 12v-1.5h2a.5.5 0 0 0 .5-.5V8H12v2a2 2 0 0 1-2 2H8Zm2-12a2 2 0 0 1 2 2v2h-1.5V2a.5.5 0 0 0-.5-.5H8V0h2Z\" \/>\n\t\t\t<\/svg>\n\t\t<\/button><figcaption class=\"wp-element-caption\">Muzeele din Olomouc se afl\u0103 \u00een cl\u0103diri istorice, chiar \u00een centru<\/figcaption><\/figure>\n\n\n\n<p class=\"wp-block-paragraph\">Dac\u0103 preferi pu\u021bin\u0103 cultur\u0103 \u0219i educa\u021bie la ad\u0103post, Muzeul Regional din Pia\u021ba Republicii 5 este o alegere excelent\u0103, l\u0103udat\u0103 de peste 900 de vizitatori cu o not\u0103 medie de 4,5. Nu e nicio plictiseal\u0103 pr\u0103fuit\u0103 plin\u0103 de interdic\u021bii de a atinge vitrinele.<\/p>\n\n\n\n<p class=\"wp-block-paragraph\">Muzeul cartografiaz\u0103 foarte frumos \u0219i captivant istoria ora\u0219ului \u0219i a \u00eentregului \u021binut \u0219i are o expozi\u021bie superb\u0103 despre natur\u0103. Expozi\u021biile \u00eencearc\u0103 s\u0103 \u021bin\u0103 pasul cu vremurile, a\u0219a c\u0103 vei g\u0103si \u00een ele o mul\u021bime de elemente interactive, ecrane tactile \u0219i demonstra\u021bii care reu\u0219esc s\u0103 men\u021bin\u0103 aten\u021bia copiilor f\u0103r\u0103 probleme.<\/p>\n\n\n\n<h3 class=\"wp-block-heading\"><span class=\"ez-toc-section\" id=\"20_Casa_Bantuita\"><\/span>20. Casa B\u00e2ntuit\u0103<span class=\"ez-toc-section-end\"><\/span><\/h3>\n\n\n\n<figure data-wp-context=\"{&quot;imageId&quot;:&quot;6a95539fb03b8&quot;}\" data-wp-interactive=\"core\/image\" data-wp-key=\"6a95539fb03b8\" class=\"wp-block-image size-full wp-lightbox-container\"><img decoding=\"async\" width=\"1024\" height=\"1536\" data-wp-class--hide=\"state.isContentHidden\" data-wp-class--show=\"state.isContentVisible\" data-wp-init=\"callbacks.setButtonStyles\" data-wp-on--click=\"actions.showLightbox\" data-wp-on--load=\"callbacks.setButtonStyles\" data-wp-on--pointerdown=\"actions.preloadImage\" data-wp-on--pointerenter=\"actions.preloadImageWithDelay\" data-wp-on--pointerleave=\"actions.cancelPreload\" data-wp-on-window--resize=\"callbacks.setButtonStyles\" src=\"https:\/\/loudavymkrokem.cz\/wp-content\/uploads\/2026\/08\/olomouc-s-detmi-strasidelny-dum.jpg\" alt=\"Personaj \u00eenfrico\u0219\u0103tor \u00een Casa B\u00e2ntuit\u0103 din Olomouc\" class=\"wp-image-403603\" title=\"\" srcset=\"https:\/\/loudavymkrokem.cz\/wp-content\/uploads\/2026\/08\/olomouc-s-detmi-strasidelny-dum.jpg 1024w, https:\/\/loudavymkrokem.cz\/wp-content\/uploads\/2026\/08\/olomouc-s-detmi-strasidelny-dum-200x300.jpg 200w, https:\/\/loudavymkrokem.cz\/wp-content\/uploads\/2026\/08\/olomouc-s-detmi-strasidelny-dum-700x1050.jpg 700w, https:\/\/loudavymkrokem.cz\/wp-content\/uploads\/2026\/08\/olomouc-s-detmi-strasidelny-dum-768x1152.jpg 768w, https:\/\/loudavymkrokem.cz\/wp-content\/uploads\/2026\/08\/olomouc-s-detmi-strasidelny-dum-696x1044.jpg 696w\" sizes=\"(max-width: 1024px) 100vw, 1024px\" \/><button\n\t\t\tclass=\"lightbox-trigger\"\n\t\t\ttype=\"button\"\n\t\t\taria-haspopup=\"dialog\"\n\t\t\tdata-wp-bind--aria-label=\"state.thisImage.triggerButtonAriaLabel\"\n\t\t\tdata-wp-init=\"callbacks.initTriggerButton\"\n\t\t\tdata-wp-on--click=\"actions.showLightbox\"\n\t\t\tdata-wp-style--right=\"state.thisImage.buttonRight\"\n\t\t\tdata-wp-style--top=\"state.thisImage.buttonTop\"\n\t\t>\n\t\t\t<svg xmlns=\"http:\/\/www.w3.org\/2000\/svg\" width=\"12\" height=\"12\" fill=\"none\" viewBox=\"0 0 12 12\">\n\t\t\t\t<path fill=\"#fff\" d=\"M2 0a2 2 0 0 0-2 2v2h1.5V2a.5.5 0 0 1 .5-.5h2V0H2Zm2 10.5H2a.5.5 0 0 1-.5-.5V8H0v2a2 2 0 0 0 2 2h2v-1.5ZM8 12v-1.5h2a.5.5 0 0 0 .5-.5V8H12v2a2 2 0 0 1-2 2H8Zm2-12a2 2 0 0 1 2 2v2h-1.5V2a.5.5 0 0 0-.5-.5H8V0h2Z\" \/>\n\t\t\t<\/svg>\n\t\t<\/button><figcaption class=\"wp-element-caption\">Casa B\u00e2ntuit\u0103 e cu adev\u0103rat doar pentru copiii mai mari | Foto: Stra\u0161ideln\u00fd d\u016fm Olomouc<\/figcaption><\/figure>\n\n\n\n<p class=\"wp-block-paragraph\">Ai acas\u0103 copii deja mai m\u0103ri\u0219ori, pe care spa\u021biile de joac\u0103 clasice \u00eei plictisesc \u0219i caut\u0103 mai degrab\u0103 adrenalin\u0103? Atunci mergi pe strada Komensk\u00e9ho 865, unde g\u0103se\u0219ti Casa B\u00e2ntuit\u0103 cu o not\u0103 absolut incredibil\u0103 de <strong>4,9 din peste 400 de recenzii<\/strong>. Te avertizez \u00eens\u0103 din nou sincer: asta e <strong>cu adev\u0103rat doar pentru copiii mai mari \u0219i mai curajo\u0219i<\/strong>, pe cei mici i-ar speria garantat p\u00e2n\u0103 la lacrimi.<\/p>\n\n\n\n<p class=\"wp-block-paragraph\">Este un tur \u00eentunecat plin de adrenalin\u0103, cu o poveste horror elaborat\u0103, a c\u0103rei tem\u0103 se \u00eennoie\u0219te \u0219i se schimb\u0103 \u00een plus \u00een fiecare an, a\u0219a c\u0103 nu se plictise\u0219te. Dac\u0103 ai c\u0103uta \u0219i mai mult\u0103 distrac\u021bie pentru adolescen\u021bi, un pic mai \u00eencolo \u00een ora\u0219 func\u021bioneaz\u0103 \u0219i un escape room excelent evaluat, <strong>Mistr \u00faniku<\/strong>, unde trebuie s\u0103 \u00ee\u0219i pun\u0103 mintea la contribu\u021bie ca s\u0103 ias\u0103 \u00een limita de timp.<\/p>\n\n\n\n<!-- LKM_GYG_CARD start q=\"olomouc detmi\" lang=\"ro\" rendered=\"2026-08-31T08:25:53+00:00\" v=\"1\" -->\n<style id=\"lk-gyg-styles\">\n@import url(\"https:\/\/fonts.googleapis.com\/css2?family=Playfair+Display:wght@700&family=DM+Sans:wght@300;400;500;600&display=swap\");\n\/* === LK GYG karty \u2014 CRO redesign 2026-05 (namespace .lkx-) ===\n   C\u00edl: vy\u0161\u0161\u00ed CTR (hero + v\u00fdrazn\u00fd social proof + ak\u010dn\u00ed CTA, m\u00e9n\u011b \"reklamn\u00ed\").\n   Injektuje se inline do prvn\u00edho markeru postu (refresh_cards.py --inline-css). *\/\n.lkx-module, .lkx-module *{box-sizing:border-box;margin:0;padding:0}\n.lkx-module{\n  font-family:'DM Sans',-apple-system,Segoe UI,Roboto,Georgia,sans-serif;\n  max-width:860px;margin:2.5rem auto;color:#1f2328;\n}\n\n\/* HEADER \u2014 lehk\u00fd editorsk\u00fd, \u017e\u00e1dn\u00fd bannerov\u00fd blok; nadpis + popisek pod n\u00edm *\/\n.lkx-head{margin-bottom:16px}\n.lkx-head-main{display:flex;align-items:center;gap:10px}\n.lkx-head-accent{width:26px;height:3px;border-radius:2px;background:#c39f76;flex-shrink:0}\n.lkx-head-title{font-family:'Playfair Display',Georgia,serif;font-size:21px;font-weight:700;color:#1a1a1a;line-height:1.25}\n.lkx-head-meta{display:block;font-size:11px;letter-spacing:.3px;color:#9aa0a6;margin-top:4px;margin-left:36px}\n\n\/* HERO *\/\n.lkx-hero{display:grid;grid-template-columns:300px 1fr;background:#fff;border:1px solid #ece7df;border-radius:14px;overflow:hidden;text-decoration:none!important;color:inherit;box-shadow:0 6px 20px rgba(0,0,0,.06);transition:box-shadow .2s,transform .2s;margin-bottom:14px}\n.lkx-hero:hover{box-shadow:0 12px 30px rgba(0,0,0,.12);transform:translateY(-2px)}\n.lkx-hero-img{position:relative;min-height:230px;background-size:cover;background-position:center;background-color:#eee}\n.lkx-hero-body{padding:22px 24px;display:flex;flex-direction:column}\n.lkx-pick{position:absolute;top:12px;left:12px;background:#1a1a1a;color:#fff;font-size:11px;font-weight:700;letter-spacing:.5px;padding:5px 11px;border-radius:20px}\n\n\/* TITLE *\/\n.lkx-title{font-size:19px;font-weight:700;color:#161616;line-height:1.3}\n.lkx-title-sm{font-size:14.5px;line-height:1.35;display:-webkit-box;-webkit-line-clamp:2;-webkit-box-orient:vertical;overflow:hidden}\n\n\/* SOCIAL PROOF \u2014 v\u00fdrazn\u011b, naho\u0159e *\/\n.lkx-proof{display:flex;align-items:center;gap:7px;margin-top:12px;font-size:15px;color:#3a3a3a}\n.lkx-proof b{font-size:16px;color:#161616}\n.lkx-stars{color:#f5a623;letter-spacing:1px}\n.lkx-proof-sm{font-size:12.5px;margin-top:8px;gap:5px}\n.lkx-proof-sm b{font-size:13px}\n.lkx-proof-new{color:#3685fc;font-weight:600}\n\n\/* PRICE \u2014 n\u00edzk\u00e1 kotva *\/\n.lkx-price{font-size:14px;color:#6b7280}\n.lkx-price b{font-size:20px;color:#161616;font-weight:700}\n.lkx-price-sm b{font-size:15px}\n\n\/* CTA \u2014 tepl\u00e9 ak\u010dn\u00ed tla\u010d\u00edtko *\/\n.lkx-cta{display:inline-flex;align-items:center;justify-content:center;text-decoration:none!important;font-weight:700;color:#fff!important;background:linear-gradient(135deg,#f6743f,#e8552a);border-radius:10px;box-shadow:0 6px 16px rgba(232,85,42,.32);transition:box-shadow .2s}\n.lkx-cta-hero{font-size:15px;padding:13px 22px}\n.lkx-hero:hover .lkx-cta-hero{box-shadow:0 8px 22px rgba(232,85,42,.45)}\n.lkx-cta-sm{font-size:12.5px;padding:9px 14px;width:100%;margin-top:2px}\n.lkx-hero-bottom{margin-top:auto;padding-top:18px;display:flex;align-items:center;justify-content:space-between;gap:14px;flex-wrap:wrap}\n\n\/* BADGE \u2014 jeden v\u00fdrazn\u00fd na fotce *\/\n.lkx-badge{position:absolute;top:12px;right:12px;font-size:10.5px;font-weight:700;letter-spacing:.3px;padding:5px 10px;border-radius:16px;color:#fff}\n.lkx-badge.badge-urgency{background:rgba(214,40,40,.92)}\n.lkx-badge.badge-new{background:rgba(54,133,252,.92)}\n.lkx-badge.badge-top{background:rgba(195,159,118,.95)}\n.lkx-badge.badge-info{background:rgba(40,40,40,.78)}\n\n\/* SECONDARY GRID *\/\n.lkx-grid{display:grid;grid-template-columns:1fr 1fr;gap:14px}\n.lkx-card{background:#fff;border:1px solid #ece7df;border-radius:14px;overflow:hidden;text-decoration:none!important;color:inherit;box-shadow:0 4px 14px rgba(0,0,0,.05);display:flex;flex-direction:column;transition:box-shadow .2s,transform .2s}\n.lkx-card:hover{box-shadow:0 10px 24px rgba(0,0,0,.1);transform:translateY(-2px)}\n.lkx-card-img{position:relative;aspect-ratio:16\/10;background-size:cover;background-position:center;background-color:#eee}\n.lkx-card-body{padding:14px 16px 16px;display:flex;flex-direction:column;gap:7px;flex:1}\n.lkx-card-bottom{margin-top:auto;padding-top:10px;display:flex;align-items:center;justify-content:space-between;gap:8px}\n\n\/* DISCLOSURE \u2014 drobn\u00e1, kv\u016fli d\u016fv\u011b\u0159e\/z\u00e1konu *\/\n.lkx-disclosure{font-size:11px;color:#a7adb3;text-align:center;margin-top:14px;line-height:1.6}\n.lkx-disclosure a{color:#c39f76;text-decoration:none}\n\n@media(max-width:680px){\n  .lkx-hero{grid-template-columns:1fr}\n  .lkx-hero-img{min-height:180px}\n  .lkx-grid{grid-template-columns:1fr}\n  .lkx-head-meta{margin-left:0;width:100%}\n  .lkx-head-title{font-size:19px}\n}\n\n<\/style>\n<div class=\"lkx-module\" data-query=\"olomouc detmi\">\n  <div class=\"lkx-head\">\n    <div class=\"lkx-head-main\">\n      <span class=\"lkx-head-accent\"><\/span>\n      <span class=\"lkx-head-title\">Experien\u021be \u0219i bilete<\/span>\n    <\/div>\n    <span class=\"lkx-head-meta\">evaluat de c\u0103l\u0103tori \u00b7 GetYourGuide<\/span>\n  <\/div><a class=\"lkx-hero\" href=\"https:\/\/www.getyourguide.com\/ro-ro\/brno-l1424\/cel-mai-bun-parasutism-aproape-de-brno-si-olomouc-t697519\/?partner_id=MKZ64IS&amp;utm_medium=online_publisher&amp;cmp=olomouc-cehia-cu-copiii\" target=\"_blank\" rel=\"sponsored noopener nofollow\">\n    <div class=\"lkx-hero-img\" style=\"background-image:url('https:\/\/cdn.getyourguide.com\/img\/tour\/77314017c5d8a79fe7c540650c4d90b10bab06f07726e27d012e895880f664e4.jpeg\/132.jpg')\" role=\"img\" aria-label=\"Cel mai bun para\u0219utism aproape de Brno \u0219i Olomouc\">\n      <span class=\"lkx-pick\">\u2605 Recomandarea noastr\u0103<\/span><\/div>\n    <div class=\"lkx-hero-body\">\n      <div class=\"lkx-title\">Cel mai bun para\u0219utism aproape de Brno \u0219i Olomouc<\/div>\n      <div class=\"lkx-proof\">\n      <span class=\"lkx-stars\">\u2605\u2605\u2605\u2605\u2605<\/span>\n      <b>5.0<\/b> \u00b7 3 de recenzii\n    <\/div>\n      <div class=\"lkx-hero-bottom\"><div class=\"lkx-price\">de la <b>294\u00a0EUR<\/b><\/div><span class=\"lkx-cta lkx-cta-hero\">Vreau aceast\u0103 experien\u021b\u0103 \u2192<\/span>\n      <\/div>\n    <\/div>\n  <\/a><div class=\"lkx-grid\"><a class=\"lkx-card\" href=\"https:\/\/www.getyourguide.com\/ro-ro\/brno-l1424\/bilet-de-intrare-la-muzeul-iluziilor-absurdia-t1105361\/?partner_id=MKZ64IS&amp;utm_medium=online_publisher&amp;cmp=olomouc-cehia-cu-copiii\" target=\"_blank\" rel=\"sponsored noopener nofollow\">\n      <div class=\"lkx-card-img\" style=\"background-image:url('https:\/\/cdn.getyourguide.com\/img\/tour\/81f87563c34900e45fa37c969e3b68ed43f57ac33fe371213200ed915b5697a9.jpg\/132.jpg')\" role=\"img\" aria-label=\"Absurdia Brno - Bilet de intrare la muzeul iluziilor\"><\/div>\n      <div class=\"lkx-card-body\">\n        <div class=\"lkx-title lkx-title-sm\">Absurdia Brno &#8211; Bilet de intrare la muzeul iluziilor<\/div>\n        <div class=\"lkx-proof lkx-proof-sm\">\n      <span class=\"lkx-stars\">\u2605<\/span>\n      <b>4.1<\/b> \u00b7 11\n    <\/div>\n        <div class=\"lkx-card-bottom\"><span class=\"lkx-price lkx-price-sm\">de la <b>13\u00a0EUR<\/b><\/span><span class=\"lkx-cta lkx-cta-sm\">Vezi datele \u2192<\/span>\n        <\/div>\n      <\/div>\n    <\/a><a class=\"lkx-card\" href=\"https:\/\/www.getyourguide.com\/ro-ro\/brno-l1424\/brno-tur-pe-jos-in-centrul-istoric-al-orasului-t57580\/?partner_id=MKZ64IS&amp;utm_medium=online_publisher&amp;cmp=olomouc-cehia-cu-copiii\" target=\"_blank\" rel=\"sponsored noopener nofollow\">\n      <div class=\"lkx-card-img\" style=\"background-image:url('https:\/\/cdn.getyourguide.com\/img\/tour\/562e037e75f0f.jpeg\/132.jpg')\" role=\"img\" aria-label=\"Brno: Tur pe jos \u00een centrul istoric al ora\u0219ului\"><\/div>\n      <div class=\"lkx-card-body\">\n        <div class=\"lkx-title lkx-title-sm\">Brno: Tur pe jos \u00een centrul istoric al ora\u0219ului<\/div>\n        <div class=\"lkx-proof lkx-proof-sm\">\n      <span class=\"lkx-stars\">\u2605<\/span>\n      <b>4.0<\/b> \u00b7 339\n    <\/div>\n        <div class=\"lkx-card-bottom\"><span class=\"lkx-price lkx-price-sm\">de la <b>30\u00a0EUR<\/b><\/span><span class=\"lkx-cta lkx-cta-sm\">Vezi datele \u2192<\/span>\n        <\/div>\n      <\/div>\n    <\/a><\/div><div class=\"lkx-disclosure\">\ud83d\udd17 Linkurile sunt de afiliere \u2014 nu \u00ee\u021bi schimb\u0103 pre\u021bul, dar ne ajut\u0103 s\u0103 cre\u0103m con\u021binut. \u00b7 <a href=\"https:\/\/www.getyourguide.com\/ro-ro\/s\/?q=olomouc+detmi&amp;partner_id=MKZ64IS&amp;utm_medium=online_publisher\" target=\"_blank\" rel=\"sponsored noopener nofollow\">Toate experien\u021bele \u2192<\/a><\/div>\n<\/div>\n<!-- LKM_GYG_CARD end -->\n\n\n\n\n<div class=\"lk-stays-module\">\n<style>\n\/* \u2500\u2500\u2500 RESET PRO GUTENBERG \u2500\u2500\u2500 *\/\n.lk-stays-module * { box-sizing: border-box; margin: 0; padding: 0; }\n\n\/* \u2500\u2500\u2500 WRAPPER \u2500\u2500\u2500 *\/\n.lk-stays-module {\n  font-family: 'DM Sans', Georgia, sans-serif;\n  max-width: 100%;\n  margin: 2.5rem auto;\n  background: linear-gradient(135deg, #fdfaf5 0%, #fcf8f0 100%);\n  border: 1px solid #e8dfd4;\n  border-radius: 16px;\n  overflow: hidden;\n  box-shadow: 0 16px 48px rgba(195, 159, 118, 0.25), 0 4px 12px rgba(0,0,0,0.08);\n}\n\n\/* \u2500\u2500\u2500 HEADER \u2500\u2500\u2500 *\/\n.lk-stays-header {\n  position: relative;\n  padding: 24px 36px 24px;\n  background: linear-gradient(135deg, #c39f76 0%, #d4b188 60%, #c39f76 100%);\n  border-bottom: 1px solid rgba(255,255,255,.15);\n  display: flex;\n  align-items: center;\n  gap: 18px;\n}\n.lk-stays-header::before {\n  content: '';\n  position: absolute;\n  inset: 0;\n  background: url(\"data:image\/svg+xml,%3Csvg width='60' height='60' viewBox='0 0 60 60' xmlns='http:\/\/www.w3.org\/2000\/svg'%3E%3Cg fill='none' fill-rule='evenodd'%3E%3Cg fill='%23ffffff' fill-opacity='0.05'%3E%3Cpath d='M36 34v-4h-2v4h-4v2h4v4h2v-4h4v-2h-4zm0-30V0h-2v4h-4v2h4v4h2V6h4V4h-4zM6 34v-4H4v4H0v2h4v4h2v-4h4v-2H6zM6 4V0H4v4H0v2h4v4h2V6h4V4H6z'\/%3E%3C\/g%3E%3C\/g%3E%3C\/svg%3E\") repeat;\n  pointer-events: none;\n}\n.lk-stays-icon {\n  flex-shrink: 0;\n  width: 68px;\n  height: 68px;\n  border-radius: 14px;\n  background: linear-gradient(135deg, #fff 0%, #f9f6f0 100%);\n  display: flex;\n  align-items: center;\n  justify-content: center;\n  font-size: 26px;\n  box-shadow: 0 4px 12px rgba(0,0,0,0.15);\n}\n.lk-stays-eyebrow {\n  font-size: 10px;\n  font-weight: 500;\n  letter-spacing: 2.5px;\n  text-transform: uppercase;\n  color: rgba(255,255,255,.85);\n  margin: 0 0 5px 0;\n}\n.lk-stays-title {\n  font-family: 'Playfair Display', Georgia, serif;\n  font-size: 24px;\n  font-weight: 700;\n  color: #fff;\n  line-height: 1.2;\n  text-shadow: 0 1px 2px rgba(0,0,0,0.1);\n  margin: 0;\n}\n.lk-stays-subtitle {\n  font-size: 13px;\n  color: rgba(255,255,255,.75);\n  margin: 4px 0 0 0;\n  font-weight: 300;\n}\n\n\/* \u2500\u2500\u2500 CARDS GRID \u2500\u2500\u2500 *\/\n.lk-stays-grid {\n  display: grid;\n  grid-template-columns: 1fr 1fr;\n  gap: 1px;\n  background: rgba(195, 159, 118, 0.12);\n}\n\n\/* \u2500\u2500\u2500 SINGLE CARD \u2500\u2500\u2500 *\/\n.lk-stay-card {\n  background: #ffffff;\n  padding: 26px;\n  display: flex;\n  flex-direction: column;\n  gap: 11px;\n  transition: all 0.3s ease;\n  text-decoration: none;\n  color: inherit;\n  position: relative;\n}\n.lk-stay-card:hover {\n  background: #fffbf5;\n  transform: translateY(-2px);\n  box-shadow: 0 8px 24px rgba(195, 159, 118, 0.18);\n  z-index: 1;\n}\n.lk-stay-card.featured {\n  background: linear-gradient(135deg, #fffdf9 0%, #fff9f0 100%);\n  box-shadow: 0 4px 16px rgba(195, 159, 118, 0.15), inset 0 1px 0 rgba(195, 159, 118, 0.1);\n}\n.lk-stay-card.featured:hover {\n  background: linear-gradient(135deg, #fffbf5 0%, #fff8ed 100%);\n  box-shadow: 0 8px 24px rgba(195, 159, 118, 0.25), inset 0 1px 0 rgba(195, 159, 118, 0.15);\n}\n\n.lk-stay-badge {\n  display: inline-flex;\n  align-items: center;\n  gap: 5px;\n  font-size: 10px;\n  font-weight: 500;\n  letter-spacing: 1.5px;\n  text-transform: uppercase;\n  padding: 5px 11px;\n  border-radius: 20px;\n  width: fit-content;\n}\n.badge-top     { background: linear-gradient(135deg, #c39f76 0%, #d4b188 100%); color: #fff; border: 1px solid #c39f76; font-weight: 600; box-shadow: 0 2px 8px rgba(195,159,118,0.3); }\n.badge-luxury  { background: rgba(195,159,118,.12); color: #c39f76; border: 1px solid rgba(195,159,118,.25); }\n.badge-boutique{ background: rgba(54,133,252,.08); color: #3685fc; border: 1px solid rgba(54,133,252,.2); }\n.badge-nature  { background: rgba(130,190,100,.1); color: #6b9c4a; border: 1px solid rgba(130,190,100,.2); }\n.badge-remote  { background: rgba(195,159,118,.12); color: #a67e50; border: 1px solid rgba(195,159,118,.25); }\n\n.lk-stay-name {\n  font-family: 'Playfair Display', Georgia, serif;\n  font-size: 18px;\n  font-weight: 700;\n  color: #111827;\n  line-height: 1.3;\n}\n.lk-stay-desc {\n  font-size: 13.5px;\n  color: #525252;\n  line-height: 1.65;\n  font-weight: 300;\n  flex: 1;\n}\n\n.lk-stay-meta {\n  display: flex;\n  align-items: center;\n  gap: 12px;\n  flex-wrap: wrap;\n  margin-top: 4px;\n}\n.lk-stay-price {\n  font-size: 13px;\n  color: #6b7280;\n}\n.lk-stay-price strong {\n  color: #c39f76;\n  font-weight: 500;\n}\n.lk-stay-stars {\n  color: #c39f76;\n  font-size: 11px;\n  letter-spacing: 1px;\n}\n\n\/* \u2500\u2500\u2500 CTA BUTTON \u2500\u2500\u2500 *\/\n.lk-stay-cta {\n  display: inline-flex;\n  align-items: center;\n  justify-content: center;\n  gap: 7px;\n  margin-top: 8px;\n  padding: 11px 20px;\n  border-radius: 8px;\n  background: linear-gradient(135deg, #3685fc 0%, #2a6fd9 100%);\n  color: #fff;\n  font-size: 13px;\n  font-weight: 500;\n  text-decoration: none;\n  letter-spacing: .3px;\n  transition: all .2s ease;\n  cursor: pointer;\n  border: none;\n  text-align: center;\n  box-shadow: 0 4px 12px rgba(54, 133, 252, 0.25);\n}\n.lk-stay-cta:hover {\n  background: linear-gradient(135deg, #2a6fd9 0%, #1e5bc4 100%);\n  transform: translateY(-1px);\n  box-shadow: 0 6px 16px rgba(54, 133, 252, 0.35);\n}\n.lk-stay-cta svg { flex-shrink: 0; }\n\n\/* \u2500\u2500\u2500 FOOTER \u2500\u2500\u2500 *\/\n.lk-stays-footer {\n  padding: 18px 36px;\n  background: linear-gradient(to bottom, #fdfaf5 0%, #f9f4ed 100%);\n  border-top: 1px solid rgba(195, 159, 118, 0.15);\n  display: flex;\n  align-items: center;\n  justify-content: space-between;\n  flex-wrap: wrap;\n  gap: 12px;\n}\n.lk-stays-footer-note {\n  font-size: 11.5px;\n  color: #6b7280;\n  font-weight: 300;\n  line-height: 1.5;\n}\n.lk-stays-footer-note a {\n  color: #c39f76;\n  text-decoration: none;\n  font-weight: 400;\n}\n.lk-stays-footer-note a:hover {\n  text-decoration: underline;\n}\n.lk-stays-all-btn {\n  display: inline-flex;\n  align-items: center;\n  gap: 6px;\n  font-size: 12.5px;\n  font-weight: 500;\n  color: #c39f76;\n  text-decoration: none;\n  border: 1px solid rgba(195, 159, 118, 0.35);\n  padding: 8px 18px;\n  border-radius: 8px;\n  transition: all .2s ease;\n}\n.lk-stays-all-btn:hover {\n  background: rgba(195, 159, 118, 0.08);\n  border-color: rgba(195, 159, 118, 0.5);\n}\n\n\/* \u2500\u2500\u2500 RESPONSIVE \u2500\u2500\u2500 *\/\n@media (max-width: 600px) {\n  .lk-stays-grid { grid-template-columns: 1fr; }\n  .lk-stays-header { padding: 24px 20px; }\n  .lk-stays-footer { padding: 16px 20px; }\n  .lk-stay-card { padding: 22px; }\n  .lk-stays-title { font-size: 20px; }\n}\n<\/style>\n\n  <!-- HEADER -->\n  <div class=\"lk-stays-header\">\n    <img decoding=\"async\" src=\"https:\/\/loudavymkrokem.cz\/wp-content\/uploads\/2026\/02\/lukas-a-lucka.jpg\" alt=\"\" style=\"width: 75px; height: 75px; border-radius: 8px; flex-shrink: 0; object-fit: cover; display: block; margin: 4px 0;\" title=\"\">\n    <div class=\"lk-stays-header-text\">\n      <div class=\"lk-stays-eyebrow\">Luk\u00e1\u0161 \u0219i Lucie recomand\u0103<\/div>\n      <div class=\"lk-stays-title\">Unde s\u0103 te cazezi \u00een Olomouc<\/div>\n      <div class=\"lk-stays-subtitle\">2 caz\u0103ri \u2014 hoteluri wellness \u0219i alte op\u021biuni de cazare<\/div>\n    <\/div>\n  <\/div>\n\n  <!-- CARDS -->\n  <div class=\"lk-stays-grid\">\n\n    <a class=\"lk-stay-card featured\" href=\"https:\/\/www.stay22.com\/allez\/roam?aid=lukaskonecny&#038;campaign=loudavymkrokemcz&#038;campaign=ro&#038;campaign=olomoucsdetmi&#038;hotelname=OREA%20Hotel%20Arigone%20Olomouc&#038;address=Olomouc%2C%20Cesko&#038;category=accommodation\" target=\"_blank\" rel=\"nofollow noopener\">\n      <span class=\"lk-stay-badge badge-top\">\u2b50 TOP ALEGERE<\/span>\n      <span class=\"lk-stay-badge badge-nature\">\u2b50 Luxury<\/span>\n      <div class=\"lk-stay-name\">OREA Hotel Arigone<\/div>\n      <div class=\"lk-stay-desc\">Hotel \u00een centrul istoric cu camere wellness, jacuzzi propriu \u0219i saun\u0103. Copiii p\u00e2n\u0103 la 5,99 ani gratuit, mic dejun fantastic.<\/div>\n      <div class=\"lk-stay-meta\">\n        <span class=\"lk-stay-stars\">\u2605\u2605\u2605\u2605<\/span>\n        <span class=\"lk-stay-price\">Verific\u0103 pre\u021burile<\/span>\n      <\/div>\n      <span class=\"lk-stay-cta\">\n        <svg width=\"14\" height=\"14\" viewBox=\"0 0 24 24\" fill=\"none\" stroke=\"currentColor\" stroke-width=\"2\"><path d=\"M18 13v6a2 2 0 0 1-2 2H5a2 2 0 0 1-2-2V8a2 2 0 0 1 2-2h6\"\/><polyline points=\"15 3 21 3 21 9\"\/><line x1=\"10\" y1=\"14\" x2=\"21\" y2=\"3\"\/><\/svg>\n        Verific\u0103 disponibilitatea\n      <\/span>\n    <\/a>\n\n    <a class=\"lk-stay-card\" href=\"https:\/\/www.stay22.com\/allez\/roam?aid=lukaskonecny&#038;campaign=loudavymkrokemcz&#038;campaign=ro&#038;campaign=olomouc-s-detmi&#038;address=Olomouc%2C%20Cesko\" target=\"_blank\" rel=\"nofollow noopener\">\n      <span class=\"lk-stay-badge badge-nature\">\ud83c\udfe1 Pension\/B&#038;B<\/span>\n      <div class=\"lk-stay-name\">Alte caz\u0103ri \u00een Olomouc<\/div>\n      <div class=\"lk-stay-desc\">Apartamente de familie \u00een centru cu posibilitate de g\u0103tit. Potrivite pentru familii cu copii mici.<\/div>\n      <div class=\"lk-stay-meta\">\n        <span class=\"lk-stay-stars\">\u2605\u2605\u2605\u2605<\/span>\n        <span class=\"lk-stay-price\">Verific\u0103 pre\u021burile<\/span>\n      <\/div>\n      <span class=\"lk-stay-cta\">\n        <svg width=\"14\" height=\"14\" viewBox=\"0 0 24 24\" fill=\"none\" stroke=\"currentColor\" stroke-width=\"2\"><path d=\"M18 13v6a2 2 0 0 1-2 2H5a2 2 0 0 1-2-2V8a2 2 0 0 1 2-2h6\"\/><polyline points=\"15 3 21 3 21 9\"\/><line x1=\"10\" y1=\"14\" x2=\"21\" y2=\"3\"\/><\/svg>\n        Verific\u0103 disponibilitatea\n      <\/span>\n    <\/a>\n\n  <\/div>\n\n  \n<\/div>\n\n\n\n\n<h2 class=\"wp-block-heading\"><span class=\"ez-toc-section\" id=\"Apa_sport_si_zbenguiala\"><\/span>Ap\u0103, sport \u0219i zbenguial\u0103<span class=\"ez-toc-section-end\"><\/span><\/h2>\n\n\n\n<p class=\"wp-block-paragraph\">C\u00e2nd mercurul termometrului urc\u0103 sus sau, dimpotriv\u0103, ai nevoie s\u0103 obose\u0219ti copiii cu sport activ, Olomouc ofer\u0103 posibilit\u0103\u021bi pe cinste unde s\u0103 v\u0103 dezl\u0103n\u021bui\u021bi. Fie c\u0103 e\u0219ti iubitor de tobogane, fie c\u0103 preferi mai degrab\u0103 bicicletele \u0219i structurile de c\u0103\u021b\u0103rat, cu siguran\u021b\u0103 nu te vei plictisi aici.<\/p>\n\n\n\n<h3 class=\"wp-block-heading\"><span class=\"ez-toc-section\" id=\"21_Aquapark_Olomouc\"><\/span>21. Aquapark Olomouc<span class=\"ez-toc-section-end\"><\/span><\/h3>\n\n\n\n<figure data-wp-context=\"{&quot;imageId&quot;:&quot;6a95539fb0d74&quot;}\" data-wp-interactive=\"core\/image\" data-wp-key=\"6a95539fb0d74\" class=\"wp-block-image size-full wp-lightbox-container\"><img decoding=\"async\" width=\"1800\" height=\"1013\" data-wp-class--hide=\"state.isContentHidden\" data-wp-class--show=\"state.isContentVisible\" data-wp-init=\"callbacks.setButtonStyles\" data-wp-on--click=\"actions.showLightbox\" data-wp-on--load=\"callbacks.setButtonStyles\" data-wp-on--pointerdown=\"actions.preloadImage\" data-wp-on--pointerenter=\"actions.preloadImageWithDelay\" data-wp-on--pointerleave=\"actions.cancelPreload\" data-wp-on-window--resize=\"callbacks.setButtonStyles\" src=\"https:\/\/loudavymkrokem.cz\/wp-content\/uploads\/2026\/08\/olomouc-s-detmi-aquapark.jpg\" alt=\"Cl\u0103direa Aquaparkului Olomouc din Slavon\u00edn\" class=\"wp-image-401126\" title=\"\" srcset=\"https:\/\/loudavymkrokem.cz\/wp-content\/uploads\/2026\/08\/olomouc-s-detmi-aquapark.jpg 1800w, https:\/\/loudavymkrokem.cz\/wp-content\/uploads\/2026\/08\/olomouc-s-detmi-aquapark-300x169.jpg 300w, https:\/\/loudavymkrokem.cz\/wp-content\/uploads\/2026\/08\/olomouc-s-detmi-aquapark-700x394.jpg 700w, https:\/\/loudavymkrokem.cz\/wp-content\/uploads\/2026\/08\/olomouc-s-detmi-aquapark-768x432.jpg 768w, https:\/\/loudavymkrokem.cz\/wp-content\/uploads\/2026\/08\/olomouc-s-detmi-aquapark-1536x864.jpg 1536w, https:\/\/loudavymkrokem.cz\/wp-content\/uploads\/2026\/08\/olomouc-s-detmi-aquapark-696x392.jpg 696w, https:\/\/loudavymkrokem.cz\/wp-content\/uploads\/2026\/08\/olomouc-s-detmi-aquapark-1392x783.jpg 1392w\" sizes=\"(max-width: 1800px) 100vw, 1800px\" \/><button\n\t\t\tclass=\"lightbox-trigger\"\n\t\t\ttype=\"button\"\n\t\t\taria-haspopup=\"dialog\"\n\t\t\tdata-wp-bind--aria-label=\"state.thisImage.triggerButtonAriaLabel\"\n\t\t\tdata-wp-init=\"callbacks.initTriggerButton\"\n\t\t\tdata-wp-on--click=\"actions.showLightbox\"\n\t\t\tdata-wp-style--right=\"state.thisImage.buttonRight\"\n\t\t\tdata-wp-style--top=\"state.thisImage.buttonTop\"\n\t\t>\n\t\t\t<svg xmlns=\"http:\/\/www.w3.org\/2000\/svg\" width=\"12\" height=\"12\" fill=\"none\" viewBox=\"0 0 12 12\">\n\t\t\t\t<path fill=\"#fff\" d=\"M2 0a2 2 0 0 0-2 2v2h1.5V2a.5.5 0 0 1 .5-.5h2V0H2Zm2 10.5H2a.5.5 0 0 1-.5-.5V8H0v2a2 2 0 0 0 2 2h2v-1.5ZM8 12v-1.5h2a.5.5 0 0 0 .5-.5V8H12v2a2 2 0 0 1-2 2H8Zm2-12a2 2 0 0 1 2 2v2h-1.5V2a.5.5 0 0 0-.5-.5H8V0h2Z\" \/>\n\t\t\t<\/svg>\n\t\t<\/button><figcaption class=\"wp-element-caption\">Aquaparkul din Slavon\u00edn are o parte acoperit\u0103 \u0219i una \u00een aer liber, plus lumea copiilor Akv\u00e1rko<\/figcaption><\/figure>\n\n\n\n<p class=\"wp-block-paragraph\">Marea <a href=\"https:\/\/www.aqua-olomouc.cz\/\" target=\"_blank\" rel=\"nofollow noopener\">lume acvatic\u0103 a Olomoucului<\/a> o g\u0103se\u0219ti la adresa Kafkova 526\/21, \u00een cartierul Slavon\u00edn. E un complex uria\u0219 cu nota 4,2 de la aproape patru mii de oameni, care combin\u0103 o parte acoperit\u0103 \u00eentins\u0103 pentru iarn\u0103 cu un spa\u021biu exterior grozav pentru var\u0103. G\u0103se\u0219ti aici tobogane pe cinste, o mul\u021bime de tobogane rapide, o zon\u0103 cu saune pentru adul\u021bi, un parc de activit\u0103\u021bi \u0219i un restaurant, unde alungi u\u0219or foamea de lup de dup\u0103 \u00eenot.<\/p>\n\n\n\n<p class=\"wp-block-paragraph\">Pentru cei mici exist\u0103 o lume special\u0103 a copiilor, <strong>Akv\u00e1rko<\/strong>. \u00cen ceea ce prive\u0219te temperatura apei, <strong>bazinul pentru copii are frumoasele 32 \u00b0C<\/strong>, bazinul cu masaj tot 32 \u00b0C, iar jacuzzi-urile \u00eenc\u0103lzesc p\u00e2n\u0103 la 34-36 \u00b0C. Din recenziile p\u0103rin\u021bilor reiese \u00eens\u0103 un avertisment important: bazinul mare de recreere are doar 28 \u00b0C, ceea ce pentru copiii mai mici poate deveni dup\u0103 o vreme r\u0103coros ca senza\u021bie, a\u0219a c\u0103, cu cei mai mici, e mai bine s\u0103 petreci timpul mai ales \u00een Akv\u00e1rko separat. Aquaparkul are un avantaj practic pe care \u00eel vei aprecia cu copiii \u00een ma\u0219in\u0103: cobori direct de pe autostrad\u0103 \u0219i parchezi f\u0103r\u0103 s\u0103 cau\u021bi loc.<\/p>\n\n\n\n<h3 class=\"wp-block-heading\"><span class=\"ez-toc-section\" id=\"22_Centrum_Semafor\"><\/span>22. Centrum Semafor<span class=\"ez-toc-section-end\"><\/span><\/h3>\n\n\n\n<figure data-wp-context=\"{&quot;imageId&quot;:&quot;6a95539fb1453&quot;}\" data-wp-interactive=\"core\/image\" data-wp-key=\"6a95539fb1453\" class=\"wp-block-image size-full wp-lightbox-container\"><img decoding=\"async\" width=\"1216\" height=\"913\" data-wp-class--hide=\"state.isContentHidden\" data-wp-class--show=\"state.isContentVisible\" data-wp-init=\"callbacks.setButtonStyles\" data-wp-on--click=\"actions.showLightbox\" data-wp-on--load=\"callbacks.setButtonStyles\" data-wp-on--pointerdown=\"actions.preloadImage\" data-wp-on--pointerenter=\"actions.preloadImageWithDelay\" data-wp-on--pointerleave=\"actions.cancelPreload\" data-wp-on-window--resize=\"callbacks.setButtonStyles\" src=\"https:\/\/loudavymkrokem.cz\/wp-content\/uploads\/2026\/08\/olomouc-s-detmi-centrum-semafor.jpg\" alt=\"Parcul de educa\u021bie rutier\u0103 Centrum Semafor din Olomouc cu semafoare \u0219i indicatoare\" class=\"wp-image-403597\" title=\"\" srcset=\"https:\/\/loudavymkrokem.cz\/wp-content\/uploads\/2026\/08\/olomouc-s-detmi-centrum-semafor.jpg 1216w, https:\/\/loudavymkrokem.cz\/wp-content\/uploads\/2026\/08\/olomouc-s-detmi-centrum-semafor-300x225.jpg 300w, https:\/\/loudavymkrokem.cz\/wp-content\/uploads\/2026\/08\/olomouc-s-detmi-centrum-semafor-700x526.jpg 700w, https:\/\/loudavymkrokem.cz\/wp-content\/uploads\/2026\/08\/olomouc-s-detmi-centrum-semafor-768x577.jpg 768w, https:\/\/loudavymkrokem.cz\/wp-content\/uploads\/2026\/08\/olomouc-s-detmi-centrum-semafor-80x60.jpg 80w, https:\/\/loudavymkrokem.cz\/wp-content\/uploads\/2026\/08\/olomouc-s-detmi-centrum-semafor-160x120.jpg 160w, https:\/\/loudavymkrokem.cz\/wp-content\/uploads\/2026\/08\/olomouc-s-detmi-centrum-semafor-696x523.jpg 696w\" sizes=\"(max-width: 1216px) 100vw, 1216px\" \/><button\n\t\t\tclass=\"lightbox-trigger\"\n\t\t\ttype=\"button\"\n\t\t\taria-haspopup=\"dialog\"\n\t\t\tdata-wp-bind--aria-label=\"state.thisImage.triggerButtonAriaLabel\"\n\t\t\tdata-wp-init=\"callbacks.initTriggerButton\"\n\t\t\tdata-wp-on--click=\"actions.showLightbox\"\n\t\t\tdata-wp-style--right=\"state.thisImage.buttonRight\"\n\t\t\tdata-wp-style--top=\"state.thisImage.buttonTop\"\n\t\t>\n\t\t\t<svg xmlns=\"http:\/\/www.w3.org\/2000\/svg\" width=\"12\" height=\"12\" fill=\"none\" viewBox=\"0 0 12 12\">\n\t\t\t\t<path fill=\"#fff\" d=\"M2 0a2 2 0 0 0-2 2v2h1.5V2a.5.5 0 0 1 .5-.5h2V0H2Zm2 10.5H2a.5.5 0 0 1-.5-.5V8H0v2a2 2 0 0 0 2 2h2v-1.5ZM8 12v-1.5h2a.5.5 0 0 0 .5-.5V8H12v2a2 2 0 0 1-2 2H8Zm2-12a2 2 0 0 1 2 2v2h-1.5V2a.5.5 0 0 0-.5-.5H8V0h2Z\" \/>\n\t\t\t<\/svg>\n\t\t<\/button><figcaption class=\"wp-element-caption\">Singurul parc de educa\u021bie rutier\u0103 din Olomouc are semafoare func\u021bionale \u0219i trecere la nivel | Foto: Centrum Semafor Olomouc<\/figcaption><\/figure>\n\n\n\n<p class=\"wp-block-paragraph\">Dac\u0103 copiii t\u0103i iubesc s\u0103 mearg\u0103 pe orice are ro\u021bi, nu trebuie s\u0103 ratezi Centrum Semafor de pe strada Legion\u00e1\u0159sk\u00e1 15 (not\u0103 fantastic\u0103 de <strong>4,8 din 140 de recenzii<\/strong>). Este <strong>singurul parc specializat de educa\u021bie rutier\u0103 din tot Olomoucul<\/strong> \u0219i e cu adev\u0103rat la nivel. Aleile sunt m\u0103rginite de indicatoare reale, la intersec\u021bii clipesc semafoare func\u021bionale, nu lipsesc nici trecerile de pietoni, nici trecerea la nivel cu cale ferat\u0103, cu elemente sonore \u0219i luminoase.<\/p>\n\n\n\n<p class=\"wp-block-paragraph\">Dac\u0103 nu ai cu tine propriul parc auto, nu are deloc importan\u021b\u0103. Func\u021bioneaz\u0103 aici o \u00eenchiriere grozav\u0103 la <strong>11 lei (50 K\u010d) pe or\u0103 sau 44 lei (200 K\u010d) pe toat\u0103 ziua<\/strong>. \u00cenchirierea bicicletelor pentru copii de p\u00e2n\u0103 la 24 de \u021boli cost\u0103 chiar jum\u0103tate de pre\u021b, \u0219i au la dispozi\u021bie \u00een jur de 50 de biciclete, apoi trotinete, \u00eendr\u0103gitele karturi cu pedale \u0219i chiar \u0219i handbike-uri. E deschis din aprilie p\u00e2n\u0103 \u00een iunie \u0219i toamna, \u00een septembrie \u0219i octombrie (zile lucr\u0103toare 14-18, weekend \u0219i s\u0103rb\u0103tori 10-12 \u0219i 14-18), \u00een lunile de vacan\u021b\u0103 de var\u0103 programul difer\u0103 un pic, a\u0219a c\u0103 mai bine verific\u0103-l.<\/p>\n\n\n\n<h3 class=\"wp-block-heading\"><span class=\"ez-toc-section\" id=\"23_Parcul_de_aventura_Veverak\"><\/span>23. Parcul de aventur\u0103 Vever\u00e1k<span class=\"ez-toc-section-end\"><\/span><\/h3>\n\n\n\n<figure data-wp-context=\"{&quot;imageId&quot;:&quot;6a95539fb1b66&quot;}\" data-wp-interactive=\"core\/image\" data-wp-key=\"6a95539fb1b66\" class=\"wp-block-image size-full wp-lightbox-container\"><img decoding=\"async\" width=\"1800\" height=\"1013\" data-wp-class--hide=\"state.isContentHidden\" data-wp-class--show=\"state.isContentVisible\" data-wp-init=\"callbacks.setButtonStyles\" data-wp-on--click=\"actions.showLightbox\" data-wp-on--load=\"callbacks.setButtonStyles\" data-wp-on--pointerdown=\"actions.preloadImage\" data-wp-on--pointerenter=\"actions.preloadImageWithDelay\" data-wp-on--pointerleave=\"actions.cancelPreload\" data-wp-on-window--resize=\"callbacks.setButtonStyles\" src=\"https:\/\/loudavymkrokem.cz\/wp-content\/uploads\/2026\/08\/olomouc-s-detmi-lanovy-park-veverak.jpg\" alt=\"Copil pe un obstacol de fr\u00e2nghii \u00een parcul de aventur\u0103 Vever\u00e1k de la Svat\u00fd Kope\u010dek\" class=\"wp-image-403608\" title=\"\" srcset=\"https:\/\/loudavymkrokem.cz\/wp-content\/uploads\/2026\/08\/olomouc-s-detmi-lanovy-park-veverak.jpg 1800w, https:\/\/loudavymkrokem.cz\/wp-content\/uploads\/2026\/08\/olomouc-s-detmi-lanovy-park-veverak-300x169.jpg 300w, https:\/\/loudavymkrokem.cz\/wp-content\/uploads\/2026\/08\/olomouc-s-detmi-lanovy-park-veverak-700x394.jpg 700w, https:\/\/loudavymkrokem.cz\/wp-content\/uploads\/2026\/08\/olomouc-s-detmi-lanovy-park-veverak-768x432.jpg 768w, https:\/\/loudavymkrokem.cz\/wp-content\/uploads\/2026\/08\/olomouc-s-detmi-lanovy-park-veverak-1536x864.jpg 1536w, https:\/\/loudavymkrokem.cz\/wp-content\/uploads\/2026\/08\/olomouc-s-detmi-lanovy-park-veverak-696x392.jpg 696w, https:\/\/loudavymkrokem.cz\/wp-content\/uploads\/2026\/08\/olomouc-s-detmi-lanovy-park-veverak-1392x783.jpg 1392w\" sizes=\"(max-width: 1800px) 100vw, 1800px\" \/><button\n\t\t\tclass=\"lightbox-trigger\"\n\t\t\ttype=\"button\"\n\t\t\taria-haspopup=\"dialog\"\n\t\t\tdata-wp-bind--aria-label=\"state.thisImage.triggerButtonAriaLabel\"\n\t\t\tdata-wp-init=\"callbacks.initTriggerButton\"\n\t\t\tdata-wp-on--click=\"actions.showLightbox\"\n\t\t\tdata-wp-style--right=\"state.thisImage.buttonRight\"\n\t\t\tdata-wp-style--top=\"state.thisImage.buttonTop\"\n\t\t>\n\t\t\t<svg xmlns=\"http:\/\/www.w3.org\/2000\/svg\" width=\"12\" height=\"12\" fill=\"none\" viewBox=\"0 0 12 12\">\n\t\t\t\t<path fill=\"#fff\" d=\"M2 0a2 2 0 0 0-2 2v2h1.5V2a.5.5 0 0 1 .5-.5h2V0H2Zm2 10.5H2a.5.5 0 0 1-.5-.5V8H0v2a2 2 0 0 0 2 2h2v-1.5ZM8 12v-1.5h2a.5.5 0 0 0 .5-.5V8H12v2a2 2 0 0 1-2 2H8Zm2-12a2 2 0 0 1 2 2v2h-1.5V2a.5.5 0 0 0-.5-.5H8V0h2Z\" \/>\n\t\t\t<\/svg>\n\t\t<\/button><figcaption class=\"wp-element-caption\">Parcul de aventur\u0103 Vever\u00e1k se poate combina grozav cu o vizit\u0103 la gr\u0103dina zoologic\u0103 | Foto: Lanov\u00fd park Vever\u00e1k<\/figcaption><\/figure>\n\n\n\n<p class=\"wp-block-paragraph\">O alt\u0103 doz\u0103 grozav\u0103 de mi\u0219care o po\u021bi lua \u00een parcul de aventur\u0103 Vever\u00e1k, care se afl\u0103 l\u00e2ng\u0103 strada Darwinova, chiar la Svat\u00fd Kope\u010dek. P\u0103rin\u021bii \u00eel laud\u0103 cu o not\u0103 foarte mare de <strong>4,7<\/strong>, pentru c\u0103 ofer\u0103 trasee \u00eemp\u0103r\u021bite dup\u0103 dificultate astfel \u00eenc\u00e2t s\u0103 se bucure at\u00e2t copiii mai mici, c\u00e2t \u0219i adul\u021bii care caut\u0103 pu\u021bin\u0103 adrenalin\u0103 la \u00een\u0103l\u021bime.<\/p>\n\n\n\n<p class=\"wp-block-paragraph\">Pe deasupra, totul e supravegheat de instructori profesioni\u0219ti, care explic\u0103 asigurarea \u0219i ajut\u0103 c\u00e2nd cineva se blocheaz\u0103 pe un obstacol mai complicat. Un avantaj imens al acestui parc este pozi\u021bia lui, pentru c\u0103 vizita se poate combina absolut genial cu o excursie de o zi \u00eentreag\u0103 \u00een apropiata gr\u0103din\u0103 zoologic\u0103.<\/p>\n\n\n\n<h3 class=\"wp-block-heading\"><span class=\"ez-toc-section\" id=\"24_Locuri_de_joaca_in_parcuri\"><\/span>24. Locuri de joac\u0103 \u00een parcuri<span class=\"ez-toc-section-end\"><\/span><\/h3>\n\n\n\n<p class=\"wp-block-paragraph\">C\u00e2nd nu ai nevoie de mari activit\u0103\u021bi organizate \u0219i vrei doar s\u0103 stai o clip\u0103 pe o banc\u0103 \u00een timp ce copiii se dau \u00een leag\u0103n, Olomouc ofer\u0103 o serie de locuri de joac\u0103 publice clasice. Cele mai \u00eendr\u0103gite \u0219i mai bine \u00eentre\u021binute le g\u0103se\u0219ti \u00een deja men\u021bionatele gr\u0103dini Smetana \u0219i Bezru\u010d, dar \u0219i structuri de c\u0103\u021b\u0103rat mai mici \u0219i l\u0103zi cu nisip sunt r\u0103sp\u00e2ndite prin alte p\u0103r\u021bi ale centrului \u0219i ale \u00eemprejurimilor mai largi, a\u0219a c\u0103, \u00een hoin\u0103relile prin ora\u0219, mai devreme sau mai t\u00e2rziu vei da \u00een mod sigur peste ele.<\/p>\n\n\n\n<h2 class=\"wp-block-heading\"><span class=\"ez-toc-section\" id=\"Svaty_Kopecek_gradina_zoologica_si_o_zi_intreaga_deasupra_orasului\"><\/span>Svat\u00fd Kope\u010dek: gr\u0103dina zoologic\u0103 \u0219i o zi \u00eentreag\u0103 deasupra ora\u0219ului<span class=\"ez-toc-section-end\"><\/span><\/h2>\n\n\n\n<p class=\"wp-block-paragraph\">Dac\u0103 te preg\u0103te\u0219ti s\u0103 mergi \u00een Olomouc pentru mai mult de o zi, Svat\u00fd Kope\u010dek pur \u0219i simplu trebuie s\u0103 \u00eel incluzi \u00een itinerariu. Acest cartier \u00eemp\u0103durit care se \u00eenal\u021b\u0103 deasupra ora\u0219ului este sinonimul unei zile de familie perfecte, pline de animale, priveli\u0219ti frumoase \u0219i plimb\u0103ri \u00een natur\u0103.<\/p>\n\n\n\n<h3 class=\"wp-block-heading\"><span class=\"ez-toc-section\" id=\"25_Gradina_Zoologica_Olomouc_de_la_Svaty_Kopecek\"><\/span>25. Gr\u0103dina Zoologic\u0103 Olomouc de la Svat\u00fd Kope\u010dek<span class=\"ez-toc-section-end\"><\/span><\/h3>\n\n\n\n<figure data-wp-context=\"{&quot;imageId&quot;:&quot;6a95539fb24e1&quot;}\" data-wp-interactive=\"core\/image\" data-wp-key=\"6a95539fb24e1\" class=\"wp-block-image size-full wp-lightbox-container\"><img decoding=\"async\" width=\"1800\" height=\"1350\" data-wp-class--hide=\"state.isContentHidden\" data-wp-class--show=\"state.isContentVisible\" data-wp-init=\"callbacks.setButtonStyles\" data-wp-on--click=\"actions.showLightbox\" data-wp-on--load=\"callbacks.setButtonStyles\" data-wp-on--pointerdown=\"actions.preloadImage\" data-wp-on--pointerenter=\"actions.preloadImageWithDelay\" data-wp-on--pointerleave=\"actions.cancelPreload\" data-wp-on-window--resize=\"callbacks.setButtonStyles\" src=\"https:\/\/loudavymkrokem.cz\/wp-content\/uploads\/2026\/08\/olomouc-s-detmi-zoo-voliera.jpg\" alt=\"Cocori \u00eentr-o volier\u0103 la Gr\u0103dina Zoologic\u0103 Olomouc de la Svat\u00fd Kope\u010dek\" class=\"wp-image-401082\" title=\"\" srcset=\"https:\/\/loudavymkrokem.cz\/wp-content\/uploads\/2026\/08\/olomouc-s-detmi-zoo-voliera.jpg 1800w, https:\/\/loudavymkrokem.cz\/wp-content\/uploads\/2026\/08\/olomouc-s-detmi-zoo-voliera-300x225.jpg 300w, https:\/\/loudavymkrokem.cz\/wp-content\/uploads\/2026\/08\/olomouc-s-detmi-zoo-voliera-700x525.jpg 700w, https:\/\/loudavymkrokem.cz\/wp-content\/uploads\/2026\/08\/olomouc-s-detmi-zoo-voliera-768x576.jpg 768w, https:\/\/loudavymkrokem.cz\/wp-content\/uploads\/2026\/08\/olomouc-s-detmi-zoo-voliera-1536x1152.jpg 1536w, https:\/\/loudavymkrokem.cz\/wp-content\/uploads\/2026\/08\/olomouc-s-detmi-zoo-voliera-80x60.jpg 80w, https:\/\/loudavymkrokem.cz\/wp-content\/uploads\/2026\/08\/olomouc-s-detmi-zoo-voliera-160x120.jpg 160w, https:\/\/loudavymkrokem.cz\/wp-content\/uploads\/2026\/08\/olomouc-s-detmi-zoo-voliera-696x522.jpg 696w, https:\/\/loudavymkrokem.cz\/wp-content\/uploads\/2026\/08\/olomouc-s-detmi-zoo-voliera-1392x1044.jpg 1392w\" sizes=\"(max-width: 1800px) 100vw, 1800px\" \/><button\n\t\t\tclass=\"lightbox-trigger\"\n\t\t\ttype=\"button\"\n\t\t\taria-haspopup=\"dialog\"\n\t\t\tdata-wp-bind--aria-label=\"state.thisImage.triggerButtonAriaLabel\"\n\t\t\tdata-wp-init=\"callbacks.initTriggerButton\"\n\t\t\tdata-wp-on--click=\"actions.showLightbox\"\n\t\t\tdata-wp-style--right=\"state.thisImage.buttonRight\"\n\t\t\tdata-wp-style--top=\"state.thisImage.buttonTop\"\n\t\t>\n\t\t\t<svg xmlns=\"http:\/\/www.w3.org\/2000\/svg\" width=\"12\" height=\"12\" fill=\"none\" viewBox=\"0 0 12 12\">\n\t\t\t\t<path fill=\"#fff\" d=\"M2 0a2 2 0 0 0-2 2v2h1.5V2a.5.5 0 0 1 .5-.5h2V0H2Zm2 10.5H2a.5.5 0 0 1-.5-.5V8H0v2a2 2 0 0 0 2 2h2v-1.5ZM8 12v-1.5h2a.5.5 0 0 0 .5-.5V8H12v2a2 2 0 0 1-2 2H8Zm2-12a2 2 0 0 1 2 2v2h-1.5V2a.5.5 0 0 0-.5-.5H8V0h2Z\" \/>\n\t\t\t<\/svg>\n\t\t<\/button><figcaption class=\"wp-element-caption\">\u021aarcurile sunt integrate direct \u00een terenul forestier<\/figcaption><\/figure>\n\n\n\n<figure data-wp-context=\"{&quot;imageId&quot;:&quot;6a95539fb2985&quot;}\" data-wp-interactive=\"core\/image\" data-wp-key=\"6a95539fb2985\" class=\"wp-block-image size-full wp-lightbox-container\"><img decoding=\"async\" width=\"1800\" height=\"1195\" data-wp-class--hide=\"state.isContentHidden\" data-wp-class--show=\"state.isContentVisible\" data-wp-init=\"callbacks.setButtonStyles\" data-wp-on--click=\"actions.showLightbox\" data-wp-on--load=\"callbacks.setButtonStyles\" data-wp-on--pointerdown=\"actions.preloadImage\" data-wp-on--pointerenter=\"actions.preloadImageWithDelay\" data-wp-on--pointerleave=\"actions.cancelPreload\" data-wp-on-window--resize=\"callbacks.setButtonStyles\" src=\"https:\/\/loudavymkrokem.cz\/wp-content\/uploads\/2026\/08\/olomouc-s-detmi-zoo-vstup.jpg\" alt=\"Cl\u0103direa de la intrarea Gr\u0103dinii Zoologice Olomouc de la Svat\u00fd Kope\u010dek\" class=\"wp-image-401078\" title=\"\" srcset=\"https:\/\/loudavymkrokem.cz\/wp-content\/uploads\/2026\/08\/olomouc-s-detmi-zoo-vstup.jpg 1800w, https:\/\/loudavymkrokem.cz\/wp-content\/uploads\/2026\/08\/olomouc-s-detmi-zoo-vstup-300x199.jpg 300w, https:\/\/loudavymkrokem.cz\/wp-content\/uploads\/2026\/08\/olomouc-s-detmi-zoo-vstup-700x465.jpg 700w, https:\/\/loudavymkrokem.cz\/wp-content\/uploads\/2026\/08\/olomouc-s-detmi-zoo-vstup-768x510.jpg 768w, https:\/\/loudavymkrokem.cz\/wp-content\/uploads\/2026\/08\/olomouc-s-detmi-zoo-vstup-1536x1020.jpg 1536w, https:\/\/loudavymkrokem.cz\/wp-content\/uploads\/2026\/08\/olomouc-s-detmi-zoo-vstup-696x462.jpg 696w, https:\/\/loudavymkrokem.cz\/wp-content\/uploads\/2026\/08\/olomouc-s-detmi-zoo-vstup-1392x924.jpg 1392w\" sizes=\"(max-width: 1800px) 100vw, 1800px\" \/><button\n\t\t\tclass=\"lightbox-trigger\"\n\t\t\ttype=\"button\"\n\t\t\taria-haspopup=\"dialog\"\n\t\t\tdata-wp-bind--aria-label=\"state.thisImage.triggerButtonAriaLabel\"\n\t\t\tdata-wp-init=\"callbacks.initTriggerButton\"\n\t\t\tdata-wp-on--click=\"actions.showLightbox\"\n\t\t\tdata-wp-style--right=\"state.thisImage.buttonRight\"\n\t\t\tdata-wp-style--top=\"state.thisImage.buttonTop\"\n\t\t>\n\t\t\t<svg xmlns=\"http:\/\/www.w3.org\/2000\/svg\" width=\"12\" height=\"12\" fill=\"none\" viewBox=\"0 0 12 12\">\n\t\t\t\t<path fill=\"#fff\" d=\"M2 0a2 2 0 0 0-2 2v2h1.5V2a.5.5 0 0 1 .5-.5h2V0H2Zm2 10.5H2a.5.5 0 0 1-.5-.5V8H0v2a2 2 0 0 0 2 2h2v-1.5ZM8 12v-1.5h2a.5.5 0 0 0 .5-.5V8H12v2a2 2 0 0 1-2 2H8Zm2-12a2 2 0 0 1 2 2v2h-1.5V2a.5.5 0 0 0-.5-.5H8V0h2Z\" \/>\n\t\t\t<\/svg>\n\t\t<\/button><figcaption class=\"wp-element-caption\">Intrarea \u00een Gr\u0103dina Zoologic\u0103 Olomouc, ascuns\u0103 \u00een p\u0103durea de deasupra ora\u0219ului<\/figcaption><\/figure>\n\n\n\n<p class=\"wp-block-paragraph\">Aceasta e, f\u0103r\u0103 discu\u021bie, principala atrac\u021bie de familie a \u00eentregii regiuni. <a href=\"https:\/\/www.zoo-olomouc.cz\/\" target=\"_blank\" rel=\"nofollow noopener\">Gr\u0103dina Zoologic\u0103 Olomouc<\/a>, ascuns\u0103 \u00eentr-o p\u0103dure frumoas\u0103 de conifere, str\u00e2nge reac\u021bii entuziaste, iar scorul ei de <strong>4,4 din peste 16.500 de recenzii<\/strong> arat\u0103 c\u00e2t de mult e \u00eendr\u0103git\u0103. Animalele au aici \u021barcuri \u00eentinse integrate direct \u00een terenul forestier \u00een pant\u0103, a\u0219a c\u0103 vizita e \u00een acela\u0219i timp o plimbare pl\u0103cut\u0103 printre copaci, unde e umbr\u0103 pl\u0103cut\u0103 chiar \u0219i vara.<\/p>\n\n\n\n<p class=\"wp-block-paragraph\">Pre\u021burile de intrare difer\u0103 \u00een func\u021bie de sezon. \u00cen cel principal (din martie p\u00e2n\u0103 \u00een octombrie), un adult pl\u0103te\u0219te <strong>39 lei (180 K\u010d)<\/strong>, iar copiii, studen\u021bii sau seniorii <strong>31 lei (140 K\u010d)<\/strong>. \u00cen afara sezonului, \u00een lunile de iarn\u0103 (noiembrie-februarie), pre\u021burile sunt mai prietenoase: 33 lei (150 K\u010d) de adult \u0219i 26 lei (120 K\u010d) redus. Copiii cei mai mici, sub 3 ani, au intrarea complet gratuit\u0103, iar biletul de familie (2+2) cost\u0103 corectii <strong>131 lei (600 K\u010d)<\/strong>. Programul se schimb\u0103 \u0219i el odat\u0103 cu anotimpul. \u00cen ianuarie \u0219i februarie e deschis 9-16, \u00een martie \u0219i septembrie 9-17, din aprilie p\u00e2n\u0103 \u00een august se prelunge\u0219te la 9-18, iar din octombrie p\u00e2n\u0103 \u00een decembrie por\u021bile se \u00eenchid din nou la ora 16.<\/p>\n\n\n\n<p class=\"wp-block-paragraph\">\u0218i cum ajungi aici dac\u0103 nu vrei s\u0103 pl\u0103te\u0219ti parcarea de la gr\u0103dina zoologic\u0103? Absolut simplu. De la gara principal\u0103 (peronul D) circul\u0103 regulat <strong>autobuzul nr. 11<\/strong>. Cursele urmeaz\u0103 la intervale grozave de 10-15 minute, c\u0103l\u0103toria \u00een sine dureaz\u0103 \u00een jur de 20 de minute, iar de la sta\u021bie te a\u0219teapt\u0103 doar o scurt\u0103 plimbare de cinci-zece minute la deal u\u0219or, chiar p\u00e2n\u0103 la intrarea \u00een complex.<\/p>\n\n\n\n<h3 class=\"wp-block-heading\"><span class=\"ez-toc-section\" id=\"26_Turnul_de_observatie_din_gradina_zoologica\"><\/span>26. Turnul de observa\u021bie din gr\u0103dina zoologic\u0103<span class=\"ez-toc-section-end\"><\/span><\/h3>\n\n\n\n<figure data-wp-context=\"{&quot;imageId&quot;:&quot;6a95539fb2ea0&quot;}\" data-wp-interactive=\"core\/image\" data-wp-key=\"6a95539fb2ea0\" class=\"wp-block-image size-full wp-lightbox-container\"><img decoding=\"async\" width=\"1800\" height=\"1202\" data-wp-class--hide=\"state.isContentHidden\" data-wp-class--show=\"state.isContentVisible\" data-wp-init=\"callbacks.setButtonStyles\" data-wp-on--click=\"actions.showLightbox\" data-wp-on--load=\"callbacks.setButtonStyles\" data-wp-on--pointerdown=\"actions.preloadImage\" data-wp-on--pointerenter=\"actions.preloadImageWithDelay\" data-wp-on--pointerleave=\"actions.cancelPreload\" data-wp-on-window--resize=\"callbacks.setButtonStyles\" src=\"https:\/\/loudavymkrokem.cz\/wp-content\/uploads\/2026\/08\/olomouc-s-detmi-vyhlidkova-vez-zoo.jpg\" alt=\"Turnul de observa\u021bie din Gr\u0103dina Zoologic\u0103 Olomouc de la Svat\u00fd Kope\u010dek\" class=\"wp-image-403612\" title=\"\" srcset=\"https:\/\/loudavymkrokem.cz\/wp-content\/uploads\/2026\/08\/olomouc-s-detmi-vyhlidkova-vez-zoo.jpg 1800w, https:\/\/loudavymkrokem.cz\/wp-content\/uploads\/2026\/08\/olomouc-s-detmi-vyhlidkova-vez-zoo-300x200.jpg 300w, https:\/\/loudavymkrokem.cz\/wp-content\/uploads\/2026\/08\/olomouc-s-detmi-vyhlidkova-vez-zoo-700x467.jpg 700w, https:\/\/loudavymkrokem.cz\/wp-content\/uploads\/2026\/08\/olomouc-s-detmi-vyhlidkova-vez-zoo-768x513.jpg 768w, https:\/\/loudavymkrokem.cz\/wp-content\/uploads\/2026\/08\/olomouc-s-detmi-vyhlidkova-vez-zoo-1536x1026.jpg 1536w, https:\/\/loudavymkrokem.cz\/wp-content\/uploads\/2026\/08\/olomouc-s-detmi-vyhlidkova-vez-zoo-696x465.jpg 696w, https:\/\/loudavymkrokem.cz\/wp-content\/uploads\/2026\/08\/olomouc-s-detmi-vyhlidkova-vez-zoo-1392x930.jpg 1392w\" sizes=\"(max-width: 1800px) 100vw, 1800px\" \/><button\n\t\t\tclass=\"lightbox-trigger\"\n\t\t\ttype=\"button\"\n\t\t\taria-haspopup=\"dialog\"\n\t\t\tdata-wp-bind--aria-label=\"state.thisImage.triggerButtonAriaLabel\"\n\t\t\tdata-wp-init=\"callbacks.initTriggerButton\"\n\t\t\tdata-wp-on--click=\"actions.showLightbox\"\n\t\t\tdata-wp-style--right=\"state.thisImage.buttonRight\"\n\t\t\tdata-wp-style--top=\"state.thisImage.buttonTop\"\n\t\t>\n\t\t\t<svg xmlns=\"http:\/\/www.w3.org\/2000\/svg\" width=\"12\" height=\"12\" fill=\"none\" viewBox=\"0 0 12 12\">\n\t\t\t\t<path fill=\"#fff\" d=\"M2 0a2 2 0 0 0-2 2v2h1.5V2a.5.5 0 0 1 .5-.5h2V0H2Zm2 10.5H2a.5.5 0 0 1-.5-.5V8H0v2a2 2 0 0 0 2 2h2v-1.5ZM8 12v-1.5h2a.5.5 0 0 0 .5-.5V8H12v2a2 2 0 0 1-2 2H8Zm2-12a2 2 0 0 1 2 2v2h-1.5V2a.5.5 0 0 0-.5-.5H8V0h2Z\" \/>\n\t\t\t<\/svg>\n\t\t<\/button><figcaption class=\"wp-element-caption\">Din turnul de observa\u021bie vezi, pe vreme senin\u0103, p\u00e2n\u0103 la mun\u021bii Jesen\u00edky | Foto: Zoo Olomouc<\/figcaption><\/figure>\n\n\n\n<p class=\"wp-block-paragraph\">Chiar \u00een incinta gr\u0103dinii zoologice se \u00eenal\u021b\u0103 un turn de observa\u021bie uria\u0219 din o\u021bel (nota 4,6), pe care cu siguran\u021b\u0103 nu ar trebui s\u0103 \u00eel ratezi dac\u0103 nu ai r\u0103u de \u00een\u0103l\u021bime. Urcarea pe treptele cu gr\u0103tar d\u0103 pu\u021bin de furc\u0103, dar sus te a\u0219teapt\u0103 o recompens\u0103 sub forma unei priveli\u0219ti pe care nu o vei vedea nic\u0103ieri \u00een alt\u0103 parte.<\/p>\n\n\n\n<p class=\"wp-block-paragraph\">Pe vreme senin\u0103 \u021bi se deschide o panoram\u0103 care \u00ee\u021bi taie respira\u021bia asupra \u00eentregului Olomouc, \u00eentins jos \u00een c\u00e2mpie, iar c\u00e2nd te \u00eentorci \u00een cealalt\u0103 direc\u021bie, vezi p\u00e2n\u0103 la crestele maiestuo\u0219ilor mun\u021bi Jesen\u00edky. Iar pentru cei care au nevoie s\u0103 se r\u0103coreasc\u0103 dup\u0103 efort, chiar sub turn func\u021bioneaz\u0103 o cafenea pl\u0103cut\u0103.<\/p>\n\n\n\n<h3 class=\"wp-block-heading\"><span class=\"ez-toc-section\" id=\"27_Bazilica_Vizitatiunii_Sfintei_Fecioare_Maria\"><\/span>27. Bazilica Vizita\u021biunii Sfintei Fecioare Maria<span class=\"ez-toc-section-end\"><\/span><\/h3>\n\n\n\n<figure data-wp-context=\"{&quot;imageId&quot;:&quot;6a95539fb3392&quot;}\" data-wp-interactive=\"core\/image\" data-wp-key=\"6a95539fb3392\" class=\"wp-block-image size-full wp-lightbox-container\"><img decoding=\"async\" width=\"1800\" height=\"1350\" data-wp-class--hide=\"state.isContentHidden\" data-wp-class--show=\"state.isContentVisible\" data-wp-init=\"callbacks.setButtonStyles\" data-wp-on--click=\"actions.showLightbox\" data-wp-on--load=\"callbacks.setButtonStyles\" data-wp-on--pointerdown=\"actions.preloadImage\" data-wp-on--pointerenter=\"actions.preloadImageWithDelay\" data-wp-on--pointerleave=\"actions.cancelPreload\" data-wp-on-window--resize=\"callbacks.setButtonStyles\" src=\"https:\/\/loudavymkrokem.cz\/wp-content\/uploads\/2026\/08\/olomouc-s-detmi-bazilika-svaty-kopecek.jpg\" alt=\"Bazilica Vizita\u021biunii Sfintei Fecioare Maria de la Svat\u00fd Kope\u010dek, l\u00e2ng\u0103 Olomouc\" class=\"wp-image-401087\" title=\"\" srcset=\"https:\/\/loudavymkrokem.cz\/wp-content\/uploads\/2026\/08\/olomouc-s-detmi-bazilika-svaty-kopecek.jpg 1800w, https:\/\/loudavymkrokem.cz\/wp-content\/uploads\/2026\/08\/olomouc-s-detmi-bazilika-svaty-kopecek-300x225.jpg 300w, https:\/\/loudavymkrokem.cz\/wp-content\/uploads\/2026\/08\/olomouc-s-detmi-bazilika-svaty-kopecek-700x525.jpg 700w, https:\/\/loudavymkrokem.cz\/wp-content\/uploads\/2026\/08\/olomouc-s-detmi-bazilika-svaty-kopecek-768x576.jpg 768w, https:\/\/loudavymkrokem.cz\/wp-content\/uploads\/2026\/08\/olomouc-s-detmi-bazilika-svaty-kopecek-1536x1152.jpg 1536w, https:\/\/loudavymkrokem.cz\/wp-content\/uploads\/2026\/08\/olomouc-s-detmi-bazilika-svaty-kopecek-80x60.jpg 80w, https:\/\/loudavymkrokem.cz\/wp-content\/uploads\/2026\/08\/olomouc-s-detmi-bazilika-svaty-kopecek-160x120.jpg 160w, https:\/\/loudavymkrokem.cz\/wp-content\/uploads\/2026\/08\/olomouc-s-detmi-bazilika-svaty-kopecek-696x522.jpg 696w, https:\/\/loudavymkrokem.cz\/wp-content\/uploads\/2026\/08\/olomouc-s-detmi-bazilika-svaty-kopecek-1392x1044.jpg 1392w\" sizes=\"(max-width: 1800px) 100vw, 1800px\" \/><button\n\t\t\tclass=\"lightbox-trigger\"\n\t\t\ttype=\"button\"\n\t\t\taria-haspopup=\"dialog\"\n\t\t\tdata-wp-bind--aria-label=\"state.thisImage.triggerButtonAriaLabel\"\n\t\t\tdata-wp-init=\"callbacks.initTriggerButton\"\n\t\t\tdata-wp-on--click=\"actions.showLightbox\"\n\t\t\tdata-wp-style--right=\"state.thisImage.buttonRight\"\n\t\t\tdata-wp-style--top=\"state.thisImage.buttonTop\"\n\t\t>\n\t\t\t<svg xmlns=\"http:\/\/www.w3.org\/2000\/svg\" width=\"12\" height=\"12\" fill=\"none\" viewBox=\"0 0 12 12\">\n\t\t\t\t<path fill=\"#fff\" d=\"M2 0a2 2 0 0 0-2 2v2h1.5V2a.5.5 0 0 1 .5-.5h2V0H2Zm2 10.5H2a.5.5 0 0 1-.5-.5V8H0v2a2 2 0 0 0 2 2h2v-1.5ZM8 12v-1.5h2a.5.5 0 0 0 .5-.5V8H12v2a2 2 0 0 1-2 2H8Zm2-12a2 2 0 0 1 2 2v2h-1.5V2a.5.5 0 0 0-.5-.5H8V0h2Z\" \/>\n\t\t\t<\/svg>\n\t\t<\/button><figcaption class=\"wp-element-caption\">Bazilica de pelerinaj de la Svat\u00fd Kope\u010dek se vede deja c\u00e2nd te apropii de Olomouc<\/figcaption><\/figure>\n\n\n\n<p class=\"wp-block-paragraph\">Odat\u0103 ce e\u0219ti la Svat\u00fd Kope\u010dek, mergi pu\u021bin p\u00e2n\u0103 la Pia\u021ba Sadov\u00e9 1, unde se afl\u0103 uimitoarea Bazilic\u0103 de pelerinaj a Vizita\u021biunii Sfintei Fecioare Maria (not\u0103 fantastic\u0103 de <strong>4,8 din 2.572 de recenzii<\/strong>). E un reper pe care \u00eel vei vedea str\u0103lucind peste \u021binut deja c\u00e2nd te apropii de Olomouc.<\/p>\n\n\n\n<p class=\"wp-block-paragraph\">Aceast\u0103 superb\u0103 construc\u021bie baroc\u0103 a fost vizitat\u0103, de altfel, chiar de papa Ioan Paul al II-lea. Chiar dac\u0103 la prima vedere nu sun\u0103 ca o atrac\u021bie tipic\u0103 pentru copii, cl\u0103direa e at\u00e2t de uria\u0219\u0103 \u0219i maiestuoas\u0103 \u00eenc\u00e2t reu\u0219e\u0219te s\u0103 \u00eei capteze \u0219i pe micii exploratori, iar \u00een plus \u00een jurul ei se pot face plimb\u0103ri foarte frumoase \u0219i lini\u0219tite prin \u00eemprejurimile apropiate.<\/p>\n\n\n\n<h2 class=\"wp-block-heading\"><span class=\"ez-toc-section\" id=\"Excursii_din_Olomouc_cu_copiii\"><\/span>Excursii din Olomouc cu copiii<span class=\"ez-toc-section-end\"><\/span><\/h2>\n\n\n\n<p class=\"wp-block-paragraph\">Olomouc este situat strategic \u00een inima Moraviei, ceea ce \u00eenseamn\u0103 c\u0103, dac\u0103 ai la dispozi\u021bie o ma\u0219in\u0103, la o or\u0103 de mers \u021bi se deschide o cantitate incredibil\u0103 de alte destina\u021bii atractive. A\u0219adar, dac\u0103 \u00ee\u021bi r\u0103m\u00e2ne timp \u0219i vrei s\u0103 mergi pu\u021bin dincolo de hotarele ora\u0219ului, iat\u0103 cele mai bune idei pentru excursii de o jum\u0103tate de zi sau de o zi \u00eentreag\u0103.<\/p>\n\n\n\n<h3 class=\"wp-block-heading\"><span class=\"ez-toc-section\" id=\"28_DinoPark_si_ZOO_Park_Vyskov\"><\/span>28. DinoPark \u0219i ZOO Park Vy\u0161kov<span class=\"ez-toc-section-end\"><\/span><\/h3>\n\n\n\n<figure data-wp-context=\"{&quot;imageId&quot;:&quot;6a95539fb3889&quot;}\" data-wp-interactive=\"core\/image\" data-wp-key=\"6a95539fb3889\" class=\"wp-block-image size-full wp-lightbox-container\"><img decoding=\"async\" width=\"1800\" height=\"1209\" data-wp-class--hide=\"state.isContentHidden\" data-wp-class--show=\"state.isContentVisible\" data-wp-init=\"callbacks.setButtonStyles\" data-wp-on--click=\"actions.showLightbox\" data-wp-on--load=\"callbacks.setButtonStyles\" data-wp-on--pointerdown=\"actions.preloadImage\" data-wp-on--pointerenter=\"actions.preloadImageWithDelay\" data-wp-on--pointerleave=\"actions.cancelPreload\" data-wp-on-window--resize=\"callbacks.setButtonStyles\" src=\"https:\/\/loudavymkrokem.cz\/wp-content\/uploads\/2026\/08\/olomouc-s-detmi-zoopark-vyskov.jpg\" alt=\"C\u0103mil\u0103 cu o cocoa\u0219\u0103 \u00een ZOO Park Vy\u0161kov\" class=\"wp-image-401131\" title=\"\" srcset=\"https:\/\/loudavymkrokem.cz\/wp-content\/uploads\/2026\/08\/olomouc-s-detmi-zoopark-vyskov.jpg 1800w, https:\/\/loudavymkrokem.cz\/wp-content\/uploads\/2026\/08\/olomouc-s-detmi-zoopark-vyskov-300x202.jpg 300w, https:\/\/loudavymkrokem.cz\/wp-content\/uploads\/2026\/08\/olomouc-s-detmi-zoopark-vyskov-700x470.jpg 700w, https:\/\/loudavymkrokem.cz\/wp-content\/uploads\/2026\/08\/olomouc-s-detmi-zoopark-vyskov-768x516.jpg 768w, https:\/\/loudavymkrokem.cz\/wp-content\/uploads\/2026\/08\/olomouc-s-detmi-zoopark-vyskov-1536x1032.jpg 1536w, https:\/\/loudavymkrokem.cz\/wp-content\/uploads\/2026\/08\/olomouc-s-detmi-zoopark-vyskov-696x467.jpg 696w, https:\/\/loudavymkrokem.cz\/wp-content\/uploads\/2026\/08\/olomouc-s-detmi-zoopark-vyskov-1392x935.jpg 1392w\" sizes=\"(max-width: 1800px) 100vw, 1800px\" \/><button\n\t\t\tclass=\"lightbox-trigger\"\n\t\t\ttype=\"button\"\n\t\t\taria-haspopup=\"dialog\"\n\t\t\tdata-wp-bind--aria-label=\"state.thisImage.triggerButtonAriaLabel\"\n\t\t\tdata-wp-init=\"callbacks.initTriggerButton\"\n\t\t\tdata-wp-on--click=\"actions.showLightbox\"\n\t\t\tdata-wp-style--right=\"state.thisImage.buttonRight\"\n\t\t\tdata-wp-style--top=\"state.thisImage.buttonTop\"\n\t\t>\n\t\t\t<svg xmlns=\"http:\/\/www.w3.org\/2000\/svg\" width=\"12\" height=\"12\" fill=\"none\" viewBox=\"0 0 12 12\">\n\t\t\t\t<path fill=\"#fff\" d=\"M2 0a2 2 0 0 0-2 2v2h1.5V2a.5.5 0 0 1 .5-.5h2V0H2Zm2 10.5H2a.5.5 0 0 1-.5-.5V8H0v2a2 2 0 0 0 2 2h2v-1.5ZM8 12v-1.5h2a.5.5 0 0 0 .5-.5V8H12v2a2 2 0 0 1-2 2H8Zm2-12a2 2 0 0 1 2 2v2h-1.5V2a.5.5 0 0 0-.5-.5H8V0h2Z\" \/>\n\t\t\t<\/svg>\n\t\t<\/button><figcaption class=\"wp-element-caption\">Cu acela\u0219i bilet ai acces \u0219i la ZOO Park Vy\u0161kov, cu c\u0103mile \u0219i animale de ferm\u0103<\/figcaption><\/figure>\n\n\n\n<figure data-wp-context=\"{&quot;imageId&quot;:&quot;6a95539fb3c01&quot;}\" data-wp-interactive=\"core\/image\" data-wp-key=\"6a95539fb3c01\" class=\"wp-block-image size-full wp-lightbox-container\"><img decoding=\"async\" width=\"1800\" height=\"1350\" data-wp-class--hide=\"state.isContentHidden\" data-wp-class--show=\"state.isContentVisible\" data-wp-init=\"callbacks.setButtonStyles\" data-wp-on--click=\"actions.showLightbox\" data-wp-on--load=\"callbacks.setButtonStyles\" data-wp-on--pointerdown=\"actions.preloadImage\" data-wp-on--pointerenter=\"actions.preloadImageWithDelay\" data-wp-on--pointerleave=\"actions.cancelPreload\" data-wp-on-window--resize=\"callbacks.setButtonStyles\" src=\"https:\/\/loudavymkrokem.cz\/wp-content\/uploads\/2026\/08\/olomouc-s-detmi-dinopark-vyskov.jpg\" alt=\"Model de dinozaur \u00een DinoParkul din Vy\u0161kov\" class=\"wp-image-401129\" title=\"\" srcset=\"https:\/\/loudavymkrokem.cz\/wp-content\/uploads\/2026\/08\/olomouc-s-detmi-dinopark-vyskov.jpg 1800w, https:\/\/loudavymkrokem.cz\/wp-content\/uploads\/2026\/08\/olomouc-s-detmi-dinopark-vyskov-300x225.jpg 300w, https:\/\/loudavymkrokem.cz\/wp-content\/uploads\/2026\/08\/olomouc-s-detmi-dinopark-vyskov-700x525.jpg 700w, https:\/\/loudavymkrokem.cz\/wp-content\/uploads\/2026\/08\/olomouc-s-detmi-dinopark-vyskov-768x576.jpg 768w, https:\/\/loudavymkrokem.cz\/wp-content\/uploads\/2026\/08\/olomouc-s-detmi-dinopark-vyskov-1536x1152.jpg 1536w, https:\/\/loudavymkrokem.cz\/wp-content\/uploads\/2026\/08\/olomouc-s-detmi-dinopark-vyskov-80x60.jpg 80w, https:\/\/loudavymkrokem.cz\/wp-content\/uploads\/2026\/08\/olomouc-s-detmi-dinopark-vyskov-160x120.jpg 160w, https:\/\/loudavymkrokem.cz\/wp-content\/uploads\/2026\/08\/olomouc-s-detmi-dinopark-vyskov-696x522.jpg 696w, https:\/\/loudavymkrokem.cz\/wp-content\/uploads\/2026\/08\/olomouc-s-detmi-dinopark-vyskov-1392x1044.jpg 1392w\" sizes=\"(max-width: 1800px) 100vw, 1800px\" \/><button\n\t\t\tclass=\"lightbox-trigger\"\n\t\t\ttype=\"button\"\n\t\t\taria-haspopup=\"dialog\"\n\t\t\tdata-wp-bind--aria-label=\"state.thisImage.triggerButtonAriaLabel\"\n\t\t\tdata-wp-init=\"callbacks.initTriggerButton\"\n\t\t\tdata-wp-on--click=\"actions.showLightbox\"\n\t\t\tdata-wp-style--right=\"state.thisImage.buttonRight\"\n\t\t\tdata-wp-style--top=\"state.thisImage.buttonTop\"\n\t\t>\n\t\t\t<svg xmlns=\"http:\/\/www.w3.org\/2000\/svg\" width=\"12\" height=\"12\" fill=\"none\" viewBox=\"0 0 12 12\">\n\t\t\t\t<path fill=\"#fff\" d=\"M2 0a2 2 0 0 0-2 2v2h1.5V2a.5.5 0 0 1 .5-.5h2V0H2Zm2 10.5H2a.5.5 0 0 1-.5-.5V8H0v2a2 2 0 0 0 2 2h2v-1.5ZM8 12v-1.5h2a.5.5 0 0 0 .5-.5V8H12v2a2 2 0 0 1-2 2H8Zm2-12a2 2 0 0 1 2 2v2h-1.5V2a.5.5 0 0 0-.5-.5H8V0h2Z\" \/>\n\t\t\t<\/svg>\n\t\t<\/button><figcaption class=\"wp-element-caption\">\u00cen DinoParkul din Vy\u0161kov sunt peste o sut\u0103 de dinozauri, o parte dintre ei se mi\u0219c\u0103 \u0219i rag<\/figcaption><\/figure>\n\n\n\n<p class=\"wp-block-paragraph\">Aceast\u0103 excursie la <a href=\"https:\/\/www.dinopark.cz\/vyskov\" target=\"_blank\" rel=\"nofollow noopener\">DinoParkul Vy\u0161kov<\/a>, la aproximativ 45 de kilometri de Olomouc (Cukrovarsk\u00e1 9, Vy\u0161kov), trebuie pur \u0219i simplu s\u0103 o recomand din toat\u0103 inima, pentru c\u0103 eu \u0219i Luk\u00e1\u0161 \u0219i Jon\u00e1\u0161 am mers aici personal \u0219i a fost un hit total. Cuno\u0219ti acele momente c\u00e2nd ochii copilului str\u0103lucesc de uimire? Exact asta s-a \u00eent\u00e2mplat c\u00e2nd am descoperit un stegosaur robotic uria\u0219 care mergea. \u00cen tot complexul sunt peste <strong>100 de dinozauri<\/strong>, o parte dintre ei sunt statici, dar mul\u021bi sunt minunat sonoriza\u021bi \u0219i mobili. G\u0103se\u0219ti aici \u0219i un <strong>cinema 4D<\/strong>, DinoHurik\u00e1n-ul cu v\u00e2nt, un teren de paleontologie pe cinste pentru micii exploratori, o scen\u0103 elaborat\u0103 cu un avion pr\u0103bu\u0219it \u0219i copaci de cea\u021b\u0103 care \u00een var\u0103 te r\u0103coresc grozav.<\/p>\n\n\n\n<p class=\"wp-block-paragraph\">Interesant e c\u0103 biletul e valabil \u00eempreun\u0103 \u0219i pentru apropiatul <strong>ZOO Park Vy\u0161kov<\/strong>, care e mai mic \u0219i se concentreaz\u0103 mai ales pe animalele din cur\u021bile \u021b\u0103r\u0103ne\u0219ti \u0219i pe animalele de ferm\u0103, dar dai aici \u0219i peste c\u0103mile, maimu\u021be curioase sau stru\u021bi. \u00centre dinozauri \u0219i gr\u0103dina zoologic\u0103 navigheaz\u0103 un trenule\u021b special numit <strong>DinoExpres<\/strong>, care e o atrac\u021bie \u00een sine pentru copii. Oamenii iubesc aceste complexe: DinoParkul are nota <strong>4,5 din aproape 7 mii de recenzii<\/strong>, iar ZOO Parkul chiar <strong>4,5 din peste 7.700 de evalu\u0103ri<\/strong>. \ud83d\udca1 Din punct de vedere practic trebuie \u00eens\u0103 s\u0103 confirm un lucru la care atrag adesea aten\u021bia recenziile: oferta de gust\u0103ri chiar \u00een complex e destul de slab\u0103, iar \u00een unele locuri din ZOO Park nu se poate pl\u0103ti cu cardul. A\u0219a c\u0103 pune-\u021bi neap\u0103rat \u00een rucsac o gustare consistent\u0103 \u0219i nu uita numerarul, ca s\u0103 nu te ia prin surprindere pofta de \u00eenghe\u021bat\u0103.<\/p>\n\n\n\n<h3 class=\"wp-block-heading\"><span class=\"ez-toc-section\" id=\"29_Castelul_Bouzov\"><\/span>29. Castelul Bouzov<span class=\"ez-toc-section-end\"><\/span><\/h3>\n\n\n\n<figure data-wp-context=\"{&quot;imageId&quot;:&quot;6a95539fb408c&quot;}\" data-wp-interactive=\"core\/image\" data-wp-key=\"6a95539fb408c\" class=\"wp-block-image size-full wp-lightbox-container\"><img decoding=\"async\" width=\"1800\" height=\"1056\" data-wp-class--hide=\"state.isContentHidden\" data-wp-class--show=\"state.isContentVisible\" data-wp-init=\"callbacks.setButtonStyles\" data-wp-on--click=\"actions.showLightbox\" data-wp-on--load=\"callbacks.setButtonStyles\" data-wp-on--pointerdown=\"actions.preloadImage\" data-wp-on--pointerenter=\"actions.preloadImageWithDelay\" data-wp-on--pointerleave=\"actions.cancelPreload\" data-wp-on-window--resize=\"callbacks.setButtonStyles\" src=\"https:\/\/loudavymkrokem.cz\/wp-content\/uploads\/2026\/08\/olomouc-s-detmi-hrad-bouzov.jpg\" alt=\"Castelul de poveste Bouzov deasupra peisajului, nu departe de Olomouc\" class=\"wp-image-401093\" title=\"\" srcset=\"https:\/\/loudavymkrokem.cz\/wp-content\/uploads\/2026\/08\/olomouc-s-detmi-hrad-bouzov.jpg 1800w, https:\/\/loudavymkrokem.cz\/wp-content\/uploads\/2026\/08\/olomouc-s-detmi-hrad-bouzov-300x176.jpg 300w, https:\/\/loudavymkrokem.cz\/wp-content\/uploads\/2026\/08\/olomouc-s-detmi-hrad-bouzov-700x411.jpg 700w, https:\/\/loudavymkrokem.cz\/wp-content\/uploads\/2026\/08\/olomouc-s-detmi-hrad-bouzov-768x451.jpg 768w, https:\/\/loudavymkrokem.cz\/wp-content\/uploads\/2026\/08\/olomouc-s-detmi-hrad-bouzov-1536x901.jpg 1536w, https:\/\/loudavymkrokem.cz\/wp-content\/uploads\/2026\/08\/olomouc-s-detmi-hrad-bouzov-696x408.jpg 696w, https:\/\/loudavymkrokem.cz\/wp-content\/uploads\/2026\/08\/olomouc-s-detmi-hrad-bouzov-1392x817.jpg 1392w\" sizes=\"(max-width: 1800px) 100vw, 1800px\" \/><button\n\t\t\tclass=\"lightbox-trigger\"\n\t\t\ttype=\"button\"\n\t\t\taria-haspopup=\"dialog\"\n\t\t\tdata-wp-bind--aria-label=\"state.thisImage.triggerButtonAriaLabel\"\n\t\t\tdata-wp-init=\"callbacks.initTriggerButton\"\n\t\t\tdata-wp-on--click=\"actions.showLightbox\"\n\t\t\tdata-wp-style--right=\"state.thisImage.buttonRight\"\n\t\t\tdata-wp-style--top=\"state.thisImage.buttonTop\"\n\t\t>\n\t\t\t<svg xmlns=\"http:\/\/www.w3.org\/2000\/svg\" width=\"12\" height=\"12\" fill=\"none\" viewBox=\"0 0 12 12\">\n\t\t\t\t<path fill=\"#fff\" d=\"M2 0a2 2 0 0 0-2 2v2h1.5V2a.5.5 0 0 1 .5-.5h2V0H2Zm2 10.5H2a.5.5 0 0 1-.5-.5V8H0v2a2 2 0 0 0 2 2h2v-1.5ZM8 12v-1.5h2a.5.5 0 0 0 .5-.5V8H12v2a2 2 0 0 1-2 2H8Zm2-12a2 2 0 0 1 2 2v2h-1.5V2a.5.5 0 0 0-.5-.5H8V0h2Z\" \/>\n\t\t\t<\/svg>\n\t\t<\/button><figcaption class=\"wp-element-caption\">Bouzov arat\u0103 ca dintr-o poveste. De altfel, s-au filmat aici multe.<\/figcaption><\/figure>\n\n\n\n<p class=\"wp-block-paragraph\">La aproximativ 30 de kilometri de Olomouc se \u00eenal\u021b\u0103 un castel care arat\u0103 de parc\u0103 l-ar fi decupat cineva direct dintr-o carte ilustrat\u0103. Nu e de mirare c\u0103 la castelul de poveste Bouzov s-au filmat o mul\u021bime uria\u0219\u0103 de basme cehe\u0219ti. Vizitatorii \u00eel iubesc \u0219i i-au acordat un scor incredibil de <strong>4,8 din aproape 12.000 de recenzii<\/strong>.<\/p>\n\n\n\n<p class=\"wp-block-paragraph\">Cu copiii mici, pe care un ghidaj lung nu i-ar interesa, vestea bun\u0103 e c\u0103 \u00een prima curte a castelului intri complet liber, chiar \u0219i f\u0103r\u0103 s\u0103 cumperi bilet. Astfel po\u021bi vedea castelul, po\u021bi sorbi din atmosfera magic\u0103 de cavaleri, te po\u021bi poza l\u00e2ng\u0103 podul mobil \u0219i po\u021bi continua apoi \u00een lini\u0219te mai departe.<\/p>\n\n\n\n<h3 class=\"wp-block-heading\"><span class=\"ez-toc-section\" id=\"30_Pesterile_Mladec\"><\/span>30. Pe\u0219terile Mlade\u010d<span class=\"ez-toc-section-end\"><\/span><\/h3>\n\n\n\n<figure data-wp-context=\"{&quot;imageId&quot;:&quot;6a95539fb4501&quot;}\" data-wp-interactive=\"core\/image\" data-wp-key=\"6a95539fb4501\" class=\"wp-block-image size-full wp-lightbox-container\"><img decoding=\"async\" width=\"1350\" height=\"1800\" data-wp-class--hide=\"state.isContentHidden\" data-wp-class--show=\"state.isContentVisible\" data-wp-init=\"callbacks.setButtonStyles\" data-wp-on--click=\"actions.showLightbox\" data-wp-on--load=\"callbacks.setButtonStyles\" data-wp-on--pointerdown=\"actions.preloadImage\" data-wp-on--pointerenter=\"actions.preloadImageWithDelay\" data-wp-on--pointerleave=\"actions.cancelPreload\" data-wp-on-window--resize=\"callbacks.setButtonStyles\" src=\"https:\/\/loudavymkrokem.cz\/wp-content\/uploads\/2026\/08\/olomouc-s-detmi-mladecske-jeskyne.jpg\" alt=\"Stalactit\u0103 iluminat\u0103 \u00een pe\u0219terile Mlade\u010d\" class=\"wp-image-401100\" title=\"\" srcset=\"https:\/\/loudavymkrokem.cz\/wp-content\/uploads\/2026\/08\/olomouc-s-detmi-mladecske-jeskyne.jpg 1350w, https:\/\/loudavymkrokem.cz\/wp-content\/uploads\/2026\/08\/olomouc-s-detmi-mladecske-jeskyne-225x300.jpg 225w, https:\/\/loudavymkrokem.cz\/wp-content\/uploads\/2026\/08\/olomouc-s-detmi-mladecske-jeskyne-700x933.jpg 700w, https:\/\/loudavymkrokem.cz\/wp-content\/uploads\/2026\/08\/olomouc-s-detmi-mladecske-jeskyne-768x1024.jpg 768w, https:\/\/loudavymkrokem.cz\/wp-content\/uploads\/2026\/08\/olomouc-s-detmi-mladecske-jeskyne-1152x1536.jpg 1152w, https:\/\/loudavymkrokem.cz\/wp-content\/uploads\/2026\/08\/olomouc-s-detmi-mladecske-jeskyne-696x928.jpg 696w\" sizes=\"(max-width: 1350px) 100vw, 1350px\" \/><button\n\t\t\tclass=\"lightbox-trigger\"\n\t\t\ttype=\"button\"\n\t\t\taria-haspopup=\"dialog\"\n\t\t\tdata-wp-bind--aria-label=\"state.thisImage.triggerButtonAriaLabel\"\n\t\t\tdata-wp-init=\"callbacks.initTriggerButton\"\n\t\t\tdata-wp-on--click=\"actions.showLightbox\"\n\t\t\tdata-wp-style--right=\"state.thisImage.buttonRight\"\n\t\t\tdata-wp-style--top=\"state.thisImage.buttonTop\"\n\t\t>\n\t\t\t<svg xmlns=\"http:\/\/www.w3.org\/2000\/svg\" width=\"12\" height=\"12\" fill=\"none\" viewBox=\"0 0 12 12\">\n\t\t\t\t<path fill=\"#fff\" d=\"M2 0a2 2 0 0 0-2 2v2h1.5V2a.5.5 0 0 1 .5-.5h2V0H2Zm2 10.5H2a.5.5 0 0 1-.5-.5V8H0v2a2 2 0 0 0 2 2h2v-1.5ZM8 12v-1.5h2a.5.5 0 0 0 .5-.5V8H12v2a2 2 0 0 1-2 2H8Zm2-12a2 2 0 0 1 2 2v2h-1.5V2a.5.5 0 0 0-.5-.5H8V0h2Z\" \/>\n\t\t\t<\/svg>\n\t\t<\/button><figcaption class=\"wp-element-caption\">Vizita pe\u0219terilor Mlade\u010d dureaz\u0103 sub o or\u0103 \u0219i o pot face \u0219i copiii mai mici<\/figcaption><\/figure>\n\n\n\n<p class=\"wp-block-paragraph\">Dac\u0103 e\u0219ti \u00een c\u0103utarea unei aventuri subterane mai scurte, la aproximativ 25 de kilometri dep\u0103rtare, \u00een satul Mlade\u010d, se afl\u0103 pe\u0219teri carstice frumoase, cu nota <strong>4,7<\/strong>. Sunt cunoscute, printre altele, datorit\u0103 descoperirilor arheologice de oase de oameni preistorici.<\/p>\n\n\n\n<p class=\"wp-block-paragraph\">Dar de ce sunt grozave pentru familii? Traseul de vizitare \u00een sine dureaz\u0103 sub o or\u0103, nu e deloc extrem de solicitant fizic \u0219i, potrivit experien\u021bei multor vizitatori, este <strong>foarte potrivit \u0219i pentru copiii mici<\/strong>, care ar putea s\u0103 nu suporte bine o \u0219edere mai lung\u0103 \u00een subteranul r\u0103coros.<\/p>\n\n\n\n<h3 class=\"wp-block-heading\"><span class=\"ez-toc-section\" id=\"31_Pesterile_Javoricko\"><\/span>31. Pe\u0219terile Javo\u0159\u00ed\u010dko<span class=\"ez-toc-section-end\"><\/span><\/h3>\n\n\n\n<figure data-wp-context=\"{&quot;imageId&quot;:&quot;6a95539fb4947&quot;}\" data-wp-interactive=\"core\/image\" data-wp-key=\"6a95539fb4947\" class=\"wp-block-image size-full wp-lightbox-container\"><img decoding=\"async\" width=\"1350\" height=\"1800\" data-wp-class--hide=\"state.isContentHidden\" data-wp-class--show=\"state.isContentVisible\" data-wp-init=\"callbacks.setButtonStyles\" data-wp-on--click=\"actions.showLightbox\" data-wp-on--load=\"callbacks.setButtonStyles\" data-wp-on--pointerdown=\"actions.preloadImage\" data-wp-on--pointerenter=\"actions.preloadImageWithDelay\" data-wp-on--pointerleave=\"actions.cancelPreload\" data-wp-on-window--resize=\"callbacks.setButtonStyles\" src=\"https:\/\/loudavymkrokem.cz\/wp-content\/uploads\/2026\/08\/olomouc-s-detmi-javoricske-jeskyne.jpg\" alt=\"Decora\u021biuni de stalactite \u00een pe\u0219terile Javo\u0159\u00ed\u010dko\" class=\"wp-image-401096\" title=\"\" srcset=\"https:\/\/loudavymkrokem.cz\/wp-content\/uploads\/2026\/08\/olomouc-s-detmi-javoricske-jeskyne.jpg 1350w, https:\/\/loudavymkrokem.cz\/wp-content\/uploads\/2026\/08\/olomouc-s-detmi-javoricske-jeskyne-225x300.jpg 225w, https:\/\/loudavymkrokem.cz\/wp-content\/uploads\/2026\/08\/olomouc-s-detmi-javoricske-jeskyne-700x933.jpg 700w, https:\/\/loudavymkrokem.cz\/wp-content\/uploads\/2026\/08\/olomouc-s-detmi-javoricske-jeskyne-768x1024.jpg 768w, https:\/\/loudavymkrokem.cz\/wp-content\/uploads\/2026\/08\/olomouc-s-detmi-javoricske-jeskyne-1152x1536.jpg 1152w, https:\/\/loudavymkrokem.cz\/wp-content\/uploads\/2026\/08\/olomouc-s-detmi-javoricske-jeskyne-696x928.jpg 696w\" sizes=\"(max-width: 1350px) 100vw, 1350px\" \/><button\n\t\t\tclass=\"lightbox-trigger\"\n\t\t\ttype=\"button\"\n\t\t\taria-haspopup=\"dialog\"\n\t\t\tdata-wp-bind--aria-label=\"state.thisImage.triggerButtonAriaLabel\"\n\t\t\tdata-wp-init=\"callbacks.initTriggerButton\"\n\t\t\tdata-wp-on--click=\"actions.showLightbox\"\n\t\t\tdata-wp-style--right=\"state.thisImage.buttonRight\"\n\t\t\tdata-wp-style--top=\"state.thisImage.buttonTop\"\n\t\t>\n\t\t\t<svg xmlns=\"http:\/\/www.w3.org\/2000\/svg\" width=\"12\" height=\"12\" fill=\"none\" viewBox=\"0 0 12 12\">\n\t\t\t\t<path fill=\"#fff\" d=\"M2 0a2 2 0 0 0-2 2v2h1.5V2a.5.5 0 0 1 .5-.5h2V0H2Zm2 10.5H2a.5.5 0 0 1-.5-.5V8H0v2a2 2 0 0 0 2 2h2v-1.5ZM8 12v-1.5h2a.5.5 0 0 0 .5-.5V8H12v2a2 2 0 0 1-2 2H8Zm2-12a2 2 0 0 1 2 2v2h-1.5V2a.5.5 0 0 0-.5-.5H8V0h2Z\" \/>\n\t\t\t<\/svg>\n\t\t<\/button><figcaption class=\"wp-element-caption\">Pe\u0219terile Javo\u0159\u00ed\u010dko au decora\u021biuni superbe de stalactite, dar \u0219i 250 de trepte<\/figcaption><\/figure>\n\n\n\n<p class=\"wp-block-paragraph\">Un pic mai departe, la vreo 35 de kilometri de ora\u0219, se ascunde o alt\u0103 bijuterie subteran\u0103, \u0219i mai mare, pe\u0219terile Javo\u0159\u00ed\u010dko, cu decora\u021biuni de stalactite care \u00ee\u021bi taie respira\u021bia (not\u0103 excelent\u0103 de <strong>4,8 din aproape 3 mii de recenzii<\/strong>). Vizitarea acestui loc e o experien\u021b\u0103 imens\u0103, dar te avertizez sincer c\u0103 e o excursie potrivit\u0103 mai degrab\u0103 pentru copiii mai mari \u0219i mai rezisten\u021bi fizic.<\/p>\n\n\n\n<p class=\"wp-block-paragraph\">Dac\u0103 porne\u0219ti pe traseul nescurtat, lung de aproape 800 de metri, vei petrece \u00een pe\u0219ter\u0103 peste o or\u0103, pe alocuri te vei strecura prin coridoare destul de \u00eenguste \u0219i, mai ales, va trebui s\u0103 urci \u00een timpul vizitei \u00een jur de <strong>250 de trepte<\/strong>. Cu un copil mic \u00een bra\u021be, ar fi cu adev\u0103rat un chin.<\/p>\n\n\n\n<h3 class=\"wp-block-heading\"><span class=\"ez-toc-section\" id=\"32_Muzeul_branzeturilor_din_Olomouc_la_Lostice\"><\/span>32. Muzeul br\u00e2nzeturilor din Olomouc, la Lo\u0161tice<span class=\"ez-toc-section-end\"><\/span><\/h3>\n\n\n\n<figure data-wp-context=\"{&quot;imageId&quot;:&quot;6a95539fb4e4b&quot;}\" data-wp-interactive=\"core\/image\" data-wp-key=\"6a95539fb4e4b\" class=\"wp-block-image size-full wp-lightbox-container\"><img decoding=\"async\" width=\"1800\" height=\"1246\" data-wp-class--hide=\"state.isContentHidden\" data-wp-class--show=\"state.isContentVisible\" data-wp-init=\"callbacks.setButtonStyles\" data-wp-on--click=\"actions.showLightbox\" data-wp-on--load=\"callbacks.setButtonStyles\" data-wp-on--pointerdown=\"actions.preloadImage\" data-wp-on--pointerenter=\"actions.preloadImageWithDelay\" data-wp-on--pointerleave=\"actions.cancelPreload\" data-wp-on-window--resize=\"callbacks.setButtonStyles\" src=\"https:\/\/loudavymkrokem.cz\/wp-content\/uploads\/2026\/08\/olomouc-s-detmi-muzeum-tvaruzku.jpg\" alt=\"Expozi\u021bie \u00een Muzeul br\u00e2nzeturilor din Olomouc, la Lo\u0161tice\" class=\"wp-image-401116\" title=\"\" srcset=\"https:\/\/loudavymkrokem.cz\/wp-content\/uploads\/2026\/08\/olomouc-s-detmi-muzeum-tvaruzku.jpg 1800w, https:\/\/loudavymkrokem.cz\/wp-content\/uploads\/2026\/08\/olomouc-s-detmi-muzeum-tvaruzku-300x208.jpg 300w, https:\/\/loudavymkrokem.cz\/wp-content\/uploads\/2026\/08\/olomouc-s-detmi-muzeum-tvaruzku-700x485.jpg 700w, https:\/\/loudavymkrokem.cz\/wp-content\/uploads\/2026\/08\/olomouc-s-detmi-muzeum-tvaruzku-768x532.jpg 768w, https:\/\/loudavymkrokem.cz\/wp-content\/uploads\/2026\/08\/olomouc-s-detmi-muzeum-tvaruzku-1536x1063.jpg 1536w, https:\/\/loudavymkrokem.cz\/wp-content\/uploads\/2026\/08\/olomouc-s-detmi-muzeum-tvaruzku-696x482.jpg 696w, https:\/\/loudavymkrokem.cz\/wp-content\/uploads\/2026\/08\/olomouc-s-detmi-muzeum-tvaruzku-1392x964.jpg 1392w\" sizes=\"(max-width: 1800px) 100vw, 1800px\" \/><button\n\t\t\tclass=\"lightbox-trigger\"\n\t\t\ttype=\"button\"\n\t\t\taria-haspopup=\"dialog\"\n\t\t\tdata-wp-bind--aria-label=\"state.thisImage.triggerButtonAriaLabel\"\n\t\t\tdata-wp-init=\"callbacks.initTriggerButton\"\n\t\t\tdata-wp-on--click=\"actions.showLightbox\"\n\t\t\tdata-wp-style--right=\"state.thisImage.buttonRight\"\n\t\t\tdata-wp-style--top=\"state.thisImage.buttonTop\"\n\t\t>\n\t\t\t<svg xmlns=\"http:\/\/www.w3.org\/2000\/svg\" width=\"12\" height=\"12\" fill=\"none\" viewBox=\"0 0 12 12\">\n\t\t\t\t<path fill=\"#fff\" d=\"M2 0a2 2 0 0 0-2 2v2h1.5V2a.5.5 0 0 1 .5-.5h2V0H2Zm2 10.5H2a.5.5 0 0 1-.5-.5V8H0v2a2 2 0 0 0 2 2h2v-1.5ZM8 12v-1.5h2a.5.5 0 0 0 .5-.5V8H12v2a2 2 0 0 1-2 2H8Zm2-12a2 2 0 0 1 2 2v2h-1.5V2a.5.5 0 0 0-.5-.5H8V0h2Z\" \/>\n\t\t\t<\/svg>\n\t\t<\/button><figcaption class=\"wp-element-caption\">La Lo\u0161tice vei vedea cum se fabric\u0103 br\u00e2nzeturile de peste 400 de ani<\/figcaption><\/figure>\n\n\n\n<p class=\"wp-block-paragraph\">Br\u00e2nzeturile \u021bin pur \u0219i simplu de aceast\u0103 regiune, iar dac\u0103 vrei s\u0103 vezi cum se face aceast\u0103 comoar\u0103 parfumat\u0103 (\u0219i pentru unii mai degrab\u0103 mirositoare), mergi aproximativ 35 de kilometri p\u00e2n\u0103 la Lo\u0161tice, pe strada Palack\u00e9ho num\u0103rul 56. Muzeul local (nota <strong>4,8<\/strong>) este dedicat singurei br\u00e2nze cehe\u0219ti originale, care se produce aici ne\u00eentrerupt de respectabilii 400 de ani.<\/p>\n\n\n\n<p class=\"wp-block-paragraph\">Chiar dac\u0103 sun\u0103 ca o plictiseal\u0103 pentru adul\u021bi, copiilor le place de obicei enorm aceast\u0103 excursie, \u00een principal datorit\u0103 mirosului specific \u0219i omniprezent al matur\u0103rii, pe seama c\u0103ruia se pot \u00eemboldi \u0219i r\u00e2de. \ud83d\ude05 Br\u00e2nza este, bine\u00een\u021beles, din punctul de vedere al ingredientelor, absolut \u00een regul\u0103 pentru vegetarieni, a\u0219a c\u0103, dup\u0103 vizit\u0103, o po\u021bi cump\u0103ra acas\u0103 f\u0103r\u0103 remu\u0219c\u0103ri.<\/p>\n\n\n\n<h3 class=\"wp-block-heading\"><span class=\"ez-toc-section\" id=\"33_Muzeul_pentru_copii_Praded_din_Bludov\"><\/span>33. Muzeul pentru copii Prad\u011bd din Bludov<span class=\"ez-toc-section-end\"><\/span><\/h3>\n\n\n\n<figure data-wp-context=\"{&quot;imageId&quot;:&quot;6a95539fb56e3&quot;}\" data-wp-interactive=\"core\/image\" data-wp-key=\"6a95539fb56e3\" class=\"wp-block-image size-full wp-lightbox-container\"><img decoding=\"async\" width=\"800\" height=\"533\" data-wp-class--hide=\"state.isContentHidden\" data-wp-class--show=\"state.isContentVisible\" data-wp-init=\"callbacks.setButtonStyles\" data-wp-on--click=\"actions.showLightbox\" data-wp-on--load=\"callbacks.setButtonStyles\" data-wp-on--pointerdown=\"actions.preloadImage\" data-wp-on--pointerenter=\"actions.preloadImageWithDelay\" data-wp-on--pointerleave=\"actions.cancelPreload\" data-wp-on-window--resize=\"callbacks.setButtonStyles\" src=\"https:\/\/loudavymkrokem.cz\/wp-content\/uploads\/2026\/08\/olomouc-s-detmi-pradedovo-muzeum.jpg\" alt=\"C\u0103su\u021b\u0103 de lemn \u00een Muzeul pentru copii Prad\u011bd din Bludov\" class=\"wp-image-403605\" title=\"\" srcset=\"https:\/\/loudavymkrokem.cz\/wp-content\/uploads\/2026\/08\/olomouc-s-detmi-pradedovo-muzeum.jpg 800w, https:\/\/loudavymkrokem.cz\/wp-content\/uploads\/2026\/08\/olomouc-s-detmi-pradedovo-muzeum-300x200.jpg 300w, https:\/\/loudavymkrokem.cz\/wp-content\/uploads\/2026\/08\/olomouc-s-detmi-pradedovo-muzeum-700x466.jpg 700w, https:\/\/loudavymkrokem.cz\/wp-content\/uploads\/2026\/08\/olomouc-s-detmi-pradedovo-muzeum-768x512.jpg 768w, https:\/\/loudavymkrokem.cz\/wp-content\/uploads\/2026\/08\/olomouc-s-detmi-pradedovo-muzeum-696x464.jpg 696w\" sizes=\"(max-width: 800px) 100vw, 800px\" \/><button\n\t\t\tclass=\"lightbox-trigger\"\n\t\t\ttype=\"button\"\n\t\t\taria-haspopup=\"dialog\"\n\t\t\tdata-wp-bind--aria-label=\"state.thisImage.triggerButtonAriaLabel\"\n\t\t\tdata-wp-init=\"callbacks.initTriggerButton\"\n\t\t\tdata-wp-on--click=\"actions.showLightbox\"\n\t\t\tdata-wp-style--right=\"state.thisImage.buttonRight\"\n\t\t\tdata-wp-style--top=\"state.thisImage.buttonTop\"\n\t\t>\n\t\t\t<svg xmlns=\"http:\/\/www.w3.org\/2000\/svg\" width=\"12\" height=\"12\" fill=\"none\" viewBox=\"0 0 12 12\">\n\t\t\t\t<path fill=\"#fff\" d=\"M2 0a2 2 0 0 0-2 2v2h1.5V2a.5.5 0 0 1 .5-.5h2V0H2Zm2 10.5H2a.5.5 0 0 1-.5-.5V8H0v2a2 2 0 0 0 2 2h2v-1.5ZM8 12v-1.5h2a.5.5 0 0 0 .5-.5V8H12v2a2 2 0 0 1-2 2H8Zm2-12a2 2 0 0 1 2 2v2h-1.5V2a.5.5 0 0 0-.5-.5H8V0h2Z\" \/>\n\t\t\t<\/svg>\n\t\t<\/button><figcaption class=\"wp-element-caption\">Muzeul Prad\u011bd e construit astfel \u00eenc\u00e2t copiii s\u0103 se poat\u0103 juca cu tot | Foto: Prad\u011bdovo d\u011btsk\u00e9 muzeum<\/figcaption><\/figure>\n\n\n\n<p class=\"wp-block-paragraph\">Dac\u0103 \u00ee\u021bi faci o excursie un pic mai lung\u0103, de vreo 45 de kilometri spre nord, la Bludov, vei da peste un paradis creat pur \u0219i simplu pentru cei mai mici. Muzeul pentru copii Prad\u011bd \u00ee\u0219i men\u021bine o not\u0103 pe cinste de <strong>4,7 din aproape o mie de recenzii<\/strong> \u0219i e un loc unde s-au g\u00e2ndit cu adev\u0103rat la orice capriciu al copiilor.<\/p>\n\n\n\n<p class=\"wp-block-paragraph\">\u00centreaga expozi\u021bie \u0219i spa\u021biul exterior al\u0103turat sunt construite astfel \u00eenc\u00e2t copiii s\u0103 se poat\u0103 juca cu tot, s\u0103 descopere natura mun\u021bilor Jesen\u00edky \u00eentr-o form\u0103 ludic\u0103, s\u0103 alerge \u0219i s\u0103 se bucure de libertate f\u0103r\u0103 s\u0103 fie mustra\u021bi \u00eencontinuu c\u0103 nu au voie s\u0103 ating\u0103 lucrurile din muzeu.<\/p>\n\n\n\n<h3 class=\"wp-block-heading\"><span class=\"ez-toc-section\" id=\"34_Fort_Radikov\"><\/span>34. Fort Rad\u00edkov<span class=\"ez-toc-section-end\"><\/span><\/h3>\n\n\n\n<figure data-wp-context=\"{&quot;imageId&quot;:&quot;6a95539fb5f50&quot;}\" data-wp-interactive=\"core\/image\" data-wp-key=\"6a95539fb5f50\" class=\"wp-block-image size-full wp-lightbox-container\"><img decoding=\"async\" width=\"1800\" height=\"1350\" data-wp-class--hide=\"state.isContentHidden\" data-wp-class--show=\"state.isContentVisible\" data-wp-init=\"callbacks.setButtonStyles\" data-wp-on--click=\"actions.showLightbox\" data-wp-on--load=\"callbacks.setButtonStyles\" data-wp-on--pointerdown=\"actions.preloadImage\" data-wp-on--pointerenter=\"actions.preloadImageWithDelay\" data-wp-on--pointerleave=\"actions.cancelPreload\" data-wp-on-window--resize=\"callbacks.setButtonStyles\" src=\"https:\/\/loudavymkrokem.cz\/wp-content\/uploads\/2026\/08\/olomouc-s-detmi-fort-radikov.jpg\" alt=\"Intrarea \u00een Fort Rad\u00edkov, la marginea Olomoucului\" class=\"wp-image-401112\" title=\"\" srcset=\"https:\/\/loudavymkrokem.cz\/wp-content\/uploads\/2026\/08\/olomouc-s-detmi-fort-radikov.jpg 1800w, https:\/\/loudavymkrokem.cz\/wp-content\/uploads\/2026\/08\/olomouc-s-detmi-fort-radikov-300x225.jpg 300w, https:\/\/loudavymkrokem.cz\/wp-content\/uploads\/2026\/08\/olomouc-s-detmi-fort-radikov-700x525.jpg 700w, https:\/\/loudavymkrokem.cz\/wp-content\/uploads\/2026\/08\/olomouc-s-detmi-fort-radikov-768x576.jpg 768w, https:\/\/loudavymkrokem.cz\/wp-content\/uploads\/2026\/08\/olomouc-s-detmi-fort-radikov-1536x1152.jpg 1536w, https:\/\/loudavymkrokem.cz\/wp-content\/uploads\/2026\/08\/olomouc-s-detmi-fort-radikov-80x60.jpg 80w, https:\/\/loudavymkrokem.cz\/wp-content\/uploads\/2026\/08\/olomouc-s-detmi-fort-radikov-160x120.jpg 160w, https:\/\/loudavymkrokem.cz\/wp-content\/uploads\/2026\/08\/olomouc-s-detmi-fort-radikov-696x522.jpg 696w, https:\/\/loudavymkrokem.cz\/wp-content\/uploads\/2026\/08\/olomouc-s-detmi-fort-radikov-1392x1044.jpg 1392w\" sizes=\"(max-width: 1800px) 100vw, 1800px\" \/><button\n\t\t\tclass=\"lightbox-trigger\"\n\t\t\ttype=\"button\"\n\t\t\taria-haspopup=\"dialog\"\n\t\t\tdata-wp-bind--aria-label=\"state.thisImage.triggerButtonAriaLabel\"\n\t\t\tdata-wp-init=\"callbacks.initTriggerButton\"\n\t\t\tdata-wp-on--click=\"actions.showLightbox\"\n\t\t\tdata-wp-style--right=\"state.thisImage.buttonRight\"\n\t\t\tdata-wp-style--top=\"state.thisImage.buttonTop\"\n\t\t>\n\t\t\t<svg xmlns=\"http:\/\/www.w3.org\/2000\/svg\" width=\"12\" height=\"12\" fill=\"none\" viewBox=\"0 0 12 12\">\n\t\t\t\t<path fill=\"#fff\" d=\"M2 0a2 2 0 0 0-2 2v2h1.5V2a.5.5 0 0 1 .5-.5h2V0H2Zm2 10.5H2a.5.5 0 0 1-.5-.5V8H0v2a2 2 0 0 0 2 2h2v-1.5ZM8 12v-1.5h2a.5.5 0 0 0 .5-.5V8H12v2a2 2 0 0 1-2 2H8Zm2-12a2 2 0 0 1 2 2v2h-1.5V2a.5.5 0 0 0-.5-.5H8V0h2Z\" \/>\n\t\t\t<\/svg>\n\t\t<\/button><figcaption class=\"wp-element-caption\">Fort Rad\u00edkov, la marginea ora\u0219ului, \u00een jurul c\u0103ruia duce o plimbare frumoas\u0103 prin p\u0103dure<\/figcaption><\/figure>\n\n\n\n<p class=\"wp-block-paragraph\">Ultima idee te readuce chiar la marginea Olomoucului. Dac\u0103 te-a interesat Fortifica\u021bia Coroanei din centru, mergi cu siguran\u021b\u0103 s\u0103 vezi \u0219i Fort Rad\u00edkov (nota 4,3), care e una dintre celelalte fortifica\u021bii p\u0103strate ce formau c\u00e2ndva un inel de ap\u0103rare ingenios \u00een jurul ora\u0219ului.<\/p>\n\n\n\n<p class=\"wp-block-paragraph\">Pe l\u00e2ng\u0103 construc\u021bia militar\u0103 interesant\u0103 \u00een sine, atrac\u021bia principal\u0103 aici e natura frumoas\u0103. \u00cen jurul fortifica\u021biei duce o plimbare foarte frumoas\u0103 \u0219i lejer\u0103 prin p\u0103dure, unde po\u021bi culege conuri de brad, po\u021bi construi o c\u0103su\u021b\u0103 pentru spiridu\u0219i \u0219i te po\u021bi bucura de o clip\u0103 de lini\u0219te departe de agita\u021bia ora\u0219ului.<\/p>\n\n\n\n<h2 class=\"wp-block-heading\"><span class=\"ez-toc-section\" id=\"Unde_sa_mananci_cu_copiii\"><\/span>Unde s\u0103 m\u0103n\u00e2nci cu copiii<span class=\"ez-toc-section-end\"><\/span><\/h2>\n\n\n\n<p class=\"wp-block-paragraph\">Ca vegetarieni cu un copil mic, avem fa\u021b\u0103 de restaurante preten\u021bii destul de specifice, iar \u00een Olomouc nu am avut nici cea mai mic\u0103 problem\u0103 cu ele. Ca familie care nu m\u0103n\u00e2nc\u0103 carne, am pentru tine idei de locuri pe care mesenii locali, \u0219i mai ales cei vegetarieni, le ridic\u0103 \u00een sl\u0103vi \u00een recenzii. Iar cu pizza nu gre\u0219e\u0219ti niciodat\u0103 cu copiii.<\/p>\n\n\n\n<ul class=\"wp-block-list\">\n\n<li><strong>Koza z\u016fstala cel\u00e1<\/strong> (Ml\u00fdnsk\u00e1 952): Un restaurant vegetarian absolut fantastic \u0219i renumit, care \u00ee\u0219i men\u021bine o not\u0103 de top de <strong>4,8 din 517 recenzii<\/strong>. Mesenii laud\u0103 aici creativitatea uria\u0219\u0103 din farfurie, iar vara po\u021bi sta \u00een plus pe o teras\u0103 frumoas\u0103 \u0219i lini\u0219tit\u0103, unde copiii nu vor deranja pe nimeni.<\/li>\n\n\n\n<li><strong>Bistro ROZMAR\u00ddNY<\/strong> (Masarykova t\u0159. 61): Un alt local pur vegetarian (nota <strong>4,8 din 184<\/strong>) care func\u021bioneaz\u0103 ca bistrou. E alegerea ideal\u0103 c\u00e2nd trebuie s\u0103 bagi \u00een copii un pr\u00e2nz rapid, dar echilibrat nutri\u021bional \u0219i s\u0103n\u0103tos, plin de legume \u0219i leguminoase.<\/li>\n\n\n\n<li><strong>GREEN BAR<\/strong> (Ztracen\u00e1 3): Dac\u0103 te ia foamea \u00een mijlocul hoin\u0103relilor de diminea\u021b\u0103 prin centru, te va salva acest loc (nota 4,6 din 379). Au deschis deja de la ora 10 \u0219i ofer\u0103 m\u00e2ncare vegetarian\u0103 excelent\u0103 \u0219i, mai ales, rapid\u0103, sub form\u0103 de bufet, a\u0219a c\u0103 vezi exact ce \u00ee\u021bi pui \u00een farfurie.<\/li>\n\n\n\n<li><strong>Kathmandu<\/strong> (Doln\u00ed n\u00e1m. 25): \u00ce\u021bi place pu\u021bin exotic? Acest restaurant nepalez e un hit uria\u0219 \u00een Olomouc (fantasticii <strong>4,7 din 1.789 de evalu\u0103ri<\/strong>). P\u0103rin\u021bii men\u021bioneaz\u0103 foarte des personalul extrem de amabil, care te sf\u0103tuie\u0219te cu mare pl\u0103cere \u0219i r\u0103bdare la alegerea celor mai bune variante vegetariene, ca s\u0103 nu fie iute \u0219i s\u0103 plac\u0103 \u0219i micilor meseni.<\/li>\n\n\n\n<li><strong>Pizza Hradlo<\/strong> (Mr\u0161t\u00edkovo n\u00e1m. 6): Nota 4,7 din peste o mie de recenzii vorbe\u0219te clar. Cu copiii, pizza e pur \u0219i simplu mereu un pariu sigur, iar dac\u0103 alegi o Margherita clasic\u0103, se vor bucura to\u021bi.<\/li>\n\n\n\n<li><strong>Buon Gusto<\/strong> (Velkomoravsk\u00e1 8) \u0219i <strong>La Scala<\/strong> (Masarykova t\u0159. 15): Alte dou\u0103 pizzerii uimitoare cu note excelente (4,9 \u0219i 4,7). Ofer\u0103 o mul\u021bime de paste grozave \u0219i pizze f\u0103r\u0103 carne, care miros a Italia adev\u0103rat\u0103.<\/li>\n\n\n\n<li><strong>Zmrzlin\u00e1rium Caf\u00e9 Centro<\/strong> (Na St\u0159elnici 37): Nicio excursie de familie nu se \u00eencheie f\u0103r\u0103 un final dulce. Acest loc are nota 4,7 din aproape 1.700 de evalu\u0103ri \u0219i, potrivit localnicilor, aici fac cele mai bune deserturi \u0219i cea mai bun\u0103 \u00eenghe\u021bat\u0103 de departe.<\/li>\n\n\n\n<li><strong>Br\u00e2nzeturile din Olomouc<\/strong>: La final, nu pot s\u0103 uit m\u00e2ndria local\u0103. Singura br\u00e2nz\u0103 ceheasc\u0103 original\u0103 cu denumire protejat\u0103 de UE este, bine\u00een\u021beles, f\u0103r\u0103 carne, a\u0219a c\u0103 o po\u021bi gusta lini\u0219tit. Chiar \u00een centru g\u0103se\u0219ti un magazin specializat. Dac\u0103 la rece \u021bi se par prea aromate, \u00eencearc\u0103-le \u00eentr-o c\u00e2rciumioar\u0103 pr\u0103jite sau topite \u00eentr-o sup\u0103 de usturoi fierbinte, se pare c\u0103 au un gust vizibil mai fin.<\/li>\n\n\n<\/ul>\n\n\n\n<h2 class=\"wp-block-heading\"><span class=\"ez-toc-section\" id=\"Informatii_practice\"><\/span>Informa\u021bii practice<span class=\"ez-toc-section-end\"><\/span><\/h2>\n\n\n\n<figure data-wp-context=\"{&quot;imageId&quot;:&quot;6a95539fb6bd8&quot;}\" data-wp-interactive=\"core\/image\" data-wp-key=\"6a95539fb6bd8\" class=\"wp-block-image size-full wp-lightbox-container\"><img decoding=\"async\" width=\"2200\" height=\"1467\" data-wp-class--hide=\"state.isContentHidden\" data-wp-class--show=\"state.isContentVisible\" data-wp-init=\"callbacks.setButtonStyles\" data-wp-on--click=\"actions.showLightbox\" data-wp-on--load=\"callbacks.setButtonStyles\" data-wp-on--pointerdown=\"actions.preloadImage\" data-wp-on--pointerenter=\"actions.preloadImageWithDelay\" data-wp-on--pointerleave=\"actions.cancelPreload\" data-wp-on-window--resize=\"callbacks.setButtonStyles\" src=\"https:\/\/loudavymkrokem.cz\/wp-content\/uploads\/2026\/08\/olomouc-s-detmi-ulice-tramvaj.jpg\" alt=\"Strad\u0103 din Olomouc cu \u0219ine de tramvai \u00een centrul ora\u0219ului\" class=\"wp-image-401032\" title=\"\" srcset=\"https:\/\/loudavymkrokem.cz\/wp-content\/uploads\/2026\/08\/olomouc-s-detmi-ulice-tramvaj.jpg 2200w, https:\/\/loudavymkrokem.cz\/wp-content\/uploads\/2026\/08\/olomouc-s-detmi-ulice-tramvaj-300x200.jpg 300w, https:\/\/loudavymkrokem.cz\/wp-content\/uploads\/2026\/08\/olomouc-s-detmi-ulice-tramvaj-700x467.jpg 700w, https:\/\/loudavymkrokem.cz\/wp-content\/uploads\/2026\/08\/olomouc-s-detmi-ulice-tramvaj-768x512.jpg 768w, https:\/\/loudavymkrokem.cz\/wp-content\/uploads\/2026\/08\/olomouc-s-detmi-ulice-tramvaj-1536x1024.jpg 1536w, https:\/\/loudavymkrokem.cz\/wp-content\/uploads\/2026\/08\/olomouc-s-detmi-ulice-tramvaj-2048x1366.jpg 2048w, https:\/\/loudavymkrokem.cz\/wp-content\/uploads\/2026\/08\/olomouc-s-detmi-ulice-tramvaj-696x464.jpg 696w, https:\/\/loudavymkrokem.cz\/wp-content\/uploads\/2026\/08\/olomouc-s-detmi-ulice-tramvaj-1392x928.jpg 1392w, https:\/\/loudavymkrokem.cz\/wp-content\/uploads\/2026\/08\/olomouc-s-detmi-ulice-tramvaj-1920x1280.jpg 1920w\" sizes=\"(max-width: 2200px) 100vw, 2200px\" \/><button\n\t\t\tclass=\"lightbox-trigger\"\n\t\t\ttype=\"button\"\n\t\t\taria-haspopup=\"dialog\"\n\t\t\tdata-wp-bind--aria-label=\"state.thisImage.triggerButtonAriaLabel\"\n\t\t\tdata-wp-init=\"callbacks.initTriggerButton\"\n\t\t\tdata-wp-on--click=\"actions.showLightbox\"\n\t\t\tdata-wp-style--right=\"state.thisImage.buttonRight\"\n\t\t\tdata-wp-style--top=\"state.thisImage.buttonTop\"\n\t\t>\n\t\t\t<svg xmlns=\"http:\/\/www.w3.org\/2000\/svg\" width=\"12\" height=\"12\" fill=\"none\" viewBox=\"0 0 12 12\">\n\t\t\t\t<path fill=\"#fff\" d=\"M2 0a2 2 0 0 0-2 2v2h1.5V2a.5.5 0 0 1 .5-.5h2V0H2Zm2 10.5H2a.5.5 0 0 1-.5-.5V8H0v2a2 2 0 0 0 2 2h2v-1.5ZM8 12v-1.5h2a.5.5 0 0 0 .5-.5V8H12v2a2 2 0 0 1-2 2H8Zm2-12a2 2 0 0 1 2 2v2h-1.5V2a.5.5 0 0 0-.5-.5H8V0h2Z\" \/>\n\t\t\t<\/svg>\n\t\t<\/button><figcaption class=\"wp-element-caption\">Centrul e zon\u0103 pietonal\u0103, a\u0219a c\u0103 te descurci bine cu c\u0103ruciorul<\/figcaption><\/figure>\n\n\n\n<p class=\"wp-block-paragraph\">\u00cenainte s\u0103 porne\u0219ti, e bine s\u0103 cuno\u0219ti c\u00e2teva detalii practice care \u00ee\u021bi vor scuti o mul\u021bime de nervi \u0219i de bani imediat dup\u0103 sosire. Olomouc e u\u0219or accesibil, mai ales dac\u0103 te hot\u0103r\u0103\u0219ti s\u0103 la\u0219i ma\u0219ina acas\u0103 \u0219i alegi trenul. De la Praga ajungi aici cu un expres comod \u00een aproximativ <strong>2 ore \u0219i 15 minute<\/strong>, iar de la Brno drumul \u00ee\u021bi ia doar <strong>1,5 ore<\/strong>. C\u0103l\u0103toria cu trenul cu copiii e, \u00een plus, \u00een sine mult mai lini\u0219tit\u0103 dec\u00e2t s\u0103 te stresezi \u00een ambuteiajele de pe autostrad\u0103. Dac\u0103 vii \u00eens\u0103 din Rom\u00e2nia, cele mai simple variante sunt zborurile spre Praga sau Viena (de exemplu cu TAROM, Wizz Air sau Ryanair din Bucure\u0219ti), de unde continui apoi comod cu trenul.<\/p>\n\n\n\n<p class=\"wp-block-paragraph\">\u00cen ceea ce prive\u0219te deplasarea prin ora\u0219, centrul istoric func\u021bioneaz\u0103 ca o mare zon\u0103 pietonal\u0103 \u0219i, ca suprafa\u021b\u0103, e foarte compact, a\u0219a c\u0103 po\u021bi ajunge peste tot pe jos f\u0103r\u0103 probleme. Cu c\u0103ruciorul te descurci destul de bine \u0219i comod, doar trebuie s\u0103 fii pu\u021bin atent la pavajul zdruncinat care acoper\u0103 pia\u021ba principal\u0103, de\u0219i asta poate servi la bebelu\u0219ii mai mici drept un mijloc grozav de adormire. \u263a\ufe0f<\/p>\n\n\n\n<p class=\"wp-block-paragraph\">Dac\u0103 totu\u0219i c\u0103l\u0103tore\u0219ti cu ma\u0219ina, preg\u0103te\u0219te-te c\u0103 parcarea chiar \u00een centrul istoric e foarte scump\u0103 \u0219i locurile de parcare sunt \u00eentr-o lips\u0103 disperat\u0103. Merit\u0103 cu siguran\u021b\u0103 s\u0103 cau\u021bi mai degrab\u0103 unul dintre parc\u0103rile etajate de la marginea centrului sau, \u0219i mai bine, s\u0103 rezervi un hotel care ofer\u0103 parcare proprie pentru oaspe\u021bi. Spre locurile mai \u00eendep\u0103rtate func\u021bioneaz\u0103 apoi grozav transportul public local, o re\u021bea de fiabile tramvaie \u0219i autobuze, iar spre \u00eendr\u0103gitul Svat\u00fd Kope\u010dek te duce sigur deja men\u021bionatul <strong>autobuz nr. 11<\/strong> care pleac\u0103 din gara principal\u0103.<\/p>\n\n\n\n<h2 class=\"wp-block-heading\"><span class=\"ez-toc-section\" id=\"Unde_mergi_mai_departe\"><\/span>Unde mergi mai departe<span class=\"ez-toc-section-end\"><\/span><\/h2>\n\n\n\n<p class=\"wp-block-paragraph\">Te preg\u0103te\u0219ti s\u0103 mergi \u00een Moravia sau e\u0219ti \u00een c\u0103utarea altor idei de excursii cu copiii? Arunc\u0103 o privire la celelalte articole ale noastre:<\/p>\n\n\n\n<ul class=\"wp-block-list\">\n\n<li><a href=\"https:\/\/loudavymkrokem.cz\/ro\/olomouc-cehia-obiective\/\">Ce s\u0103 vezi \u00een Olomouc<\/a>: 14 idei de monumente care merit\u0103 v\u0103zute chiar \u0219i f\u0103r\u0103 copii.<\/li>\n\n\n\n<li><a href=\"https:\/\/loudavymkrokem.cz\/ro\/orea-hotel-arigone-olomouc-cehia\/\">Recenzia OREA Hotel Arigone<\/a>: un hotel \u00een centru cu jacuzzi \u0219i saun\u0103 chiar \u00een camer\u0103.<\/li>\n\n\n\n<li><a href=\"https:\/\/loudavymkrokem.cz\/ro\/aquaparcuri-cehia-familie\/\">Cele mai bune aquaparkuri din Cehia<\/a>: 13 idei unde s\u0103 mergi cu copiii la ap\u0103.<\/li>\n\n\n\n<li><a href=\"https:\/\/loudavymkrokem.cz\/ro\/vacanta-moravia-centrala\/\">Unde s\u0103 mergi \u00een vacan\u021b\u0103 \u00een Moravia Central\u0103<\/a>: 15 idei pentru Han\u00e1 \u0219i Vala\u0161sko.<\/li>\n\n\n\n<li><a href=\"https:\/\/loudavymkrokem.cz\/pisek-s-detmi\/\">P\u00edsek cu copiii<\/a>: un alt ora\u0219 cehesc compact, unde copiii nu se plictisesc.<\/li>\n\n\n<\/ul>\n\n\n\n<h2 class=\"wp-block-heading\"><span class=\"ez-toc-section\" id=\"Intrebari_frecvente\"><\/span>\u00centreb\u0103ri frecvente<span class=\"ez-toc-section-end\"><\/span><\/h2>\n\n\n\n<p class=\"wp-block-paragraph\">La final, am adunat \u00eentreb\u0103rile pe care p\u0103rin\u021bii le au cel mai des \u00eenainte de c\u0103l\u0103toria spre Olomouc. <strong>Pre\u021burile \u0219i programul se schimb\u0103 \u00eens\u0103, a\u0219a c\u0103 mai bine verific\u0103-le \u00eenc\u0103 o dat\u0103 \u00eenainte de excursie.<\/strong><\/p>\n\n\n<div id=\"rank-math-faq\" class=\"rank-math-block\">\n<div class=\"rank-math-list \">\n<div id=\"faq-question-1787773774000\" class=\"rank-math-list-item\">\n<h3 class=\"rank-math-question \"><span class=\"ez-toc-section\" id=\"Unde_sa_mergi_in_Olomouc_cu_copiii_cand_ploua\"><\/span>Unde s\u0103 mergi \u00een Olomouc cu copiii c\u00e2nd plou\u0103?<span class=\"ez-toc-section-end\"><\/span><\/h3>\n<div class=\"rank-math-answer \">\n\n<p>Olomouc este excelent preg\u0103tit pentru ploaie. Cel mai mare succes este centrul \u0219tiin\u021bific interactiv Pevnost pozn\u00e1n\u00ed din Korunn\u00ed pevn\u016fstka, iar pentru copiii mai mici recomand cafenelele minunate cu s\u0103li de joac\u0103 chiar \u00een centru (J\u00e1S\u00e1m sau sala de joac\u0103 montessori V lese). Copiii mai mari se pot distra ore \u00eentregi \u00een parcul uria\u0219 de distrac\u021bii Krokod\u00fdlek sau \u00een Amazonia.<\/p>\n\n<\/div>\n<\/div>\n<div id=\"faq-question-1787773774001\" class=\"rank-math-list-item\">\n<h3 class=\"rank-math-question \"><span class=\"ez-toc-section\" id=\"Cat_costa_ZOO_Olomouc\"><\/span>C\u00e2t cost\u0103 ZOO Olomouc?<span class=\"ez-toc-section-end\"><\/span><\/h3>\n<div class=\"rank-math-answer \">\n\n<p>Pre\u021burile la ZOO de pe Svat\u00fd Kope\u010dek difer\u0103 \u00een func\u021bie de sezonul \u00een curs. \u00cen sezonul principal (de la martie p\u00e2n\u0103 \u00een octombrie) adul\u021bii pl\u0103tesc 32 lei (180 K\u010d), iar tariful redus pentru copii \u0219i studen\u021bi este de 25 lei (140 K\u010d). \u00cen afara sezonului (de la noiembrie p\u00e2n\u0103 \u00een februarie) pre\u021burile sunt de 27 lei (150 K\u010d) \u0219i respectiv 22 lei (120 K\u010d). Copiii sub 3 ani au \u00eentotdeauna intrare gratuit\u0103, iar biletul de familie pentru doi adul\u021bi \u0219i doi copii cost\u0103 avantajos 105 lei (600 K\u010d).<\/p>\n\n<\/div>\n<\/div>\n<div id=\"faq-question-1787773774002\" class=\"rank-math-list-item\">\n<h3 class=\"rank-math-question \"><span class=\"ez-toc-section\" id=\"Cum_ajungi_pe_Svaty_Kopecek\"><\/span>Cum ajungi pe Svat\u00fd Kope\u010dek?<span class=\"ez-toc-section-end\"><\/span><\/h3>\n<div class=\"rank-math-answer \">\n\n<p>Cea mai u\u0219oar\u0103 \u0219i mai confortabil\u0103 cale este s\u0103 folose\u0219ti transportul public local. De la gara principal\u0103 din Olomouc (mai precis de la peroanul D) circul\u0103 regulat autobuzul cu num\u0103rul 11. Cursele circul\u0103 la intervale perfecte de 10 p\u00e2n\u0103 la 15 minute, c\u0103l\u0103toria \u00een sine dureaz\u0103 aproximativ 20 de minute, iar de la sta\u021bia de pe deal ajungi la ZOO pe jos \u00een mai pu\u021bin de zece minute.<\/p>\n\n<\/div>\n<\/div>\n<div id=\"faq-question-1787773774003\" class=\"rank-math-list-item\">\n<h3 class=\"rank-math-question \"><span class=\"ez-toc-section\" id=\"Este_Olomouc_potrivit_cu_caruciorul\"><\/span>Este Olomouc potrivit cu c\u0103ruciorul?<span class=\"ez-toc-section-end\"><\/span><\/h3>\n<div class=\"rank-math-answer \">\n\n<p>Da, foarte mult. \u00centregul centru istoric este practic o mare zon\u0103 pietonal\u0103 compact\u0103, a\u0219a c\u0103 nu trebuie s\u0103 evi\u021bi ma\u0219inile continuu. Singura piedic\u0103 pentru ro\u021bile mici pot fi pietrele de caldar\u00e2m \u0219i dalele de pe pie\u021bele principale. Plimb\u0103rile cu c\u0103ruciorul sunt apoi absolut ideale \u00een parcurile urbane \u00eentinse \u0219i plane, precum Smetanovy sady sau frumosul Roz\u00e1rium.<\/p>\n\n<\/div>\n<\/div>\n<div id=\"faq-question-1787773774004\" class=\"rank-math-list-item\">\n<h3 class=\"rank-math-question \"><span class=\"ez-toc-section\" id=\"Unde_sa_mergi_cu_copiii_in_Olomouc_gratuit\"><\/span>Unde s\u0103 mergi cu copiii \u00een Olomouc gratuit?<span class=\"ez-toc-section-end\"><\/span><\/h3>\n<div class=\"rank-math-answer \">\n\n<p>Complet f\u0103r\u0103 plat\u0103 po\u021bi s\u0103 te bucuri de c\u0103utarea tuturor f\u00e2nt\u00e2nilor baroce din centrul ora\u0219ului, s\u0103 a\u0219tep\u021bi ora pr\u00e2nzului c\u00e2nd celebrul ceas astronomic de la prim\u0103rie bate sau s\u0103 cau\u021bi muralele gigantice colorate \u0219i arta stradal\u0103 pe fa\u021badele caselor. Sunt de asemenea liber accesibile toate parcurile urbane \u00eentinse, inclusiv frumosul Roz\u00e1rium \u0219i Bezru\u010dovy sady de sub ziduri.<\/p>\n\n<\/div>\n<\/div>\n<div id=\"faq-question-1787773774005\" class=\"rank-math-list-item\">\n<h3 class=\"rank-math-question \"><span class=\"ez-toc-section\" id=\"Cate_zile_avem_nevoie_pentru_Olomouc_cu_copiii\"><\/span>C\u00e2te zile avem nevoie pentru Olomouc cu copiii?<span class=\"ez-toc-section-end\"><\/span><\/h3>\n<div class=\"rank-math-answer \">\n\n<p>Centrul istoric al ora\u0219ului cu toate f\u00e2nt\u00e2nile \u0219i ceasul astronomic \u00eel po\u021bi vizita lini\u0219tit \u00eentr-o zi. \u00cens\u0103 dac\u0103 vrei s\u0103 combini vizita cu o excursie de o jum\u0103tate de zi pe Svat\u00fd Kope\u010dek la ZOO, cu vizita la Pevnost pozn\u00e1n\u00ed sau cu \u00eenotul \u00een aquapark, durata ideal\u0103 pentru vizit\u0103 este de 2 p\u00e2n\u0103 la 3 zile, deci un weekend prelungit perfect.<\/p>\n\n<\/div>\n<\/div>\n<div id=\"faq-question-1787773774006\" class=\"rank-math-list-item\">\n<h3 class=\"rank-math-question \"><span class=\"ez-toc-section\" id=\"Unde_sa_mergi_in_excursie_din_Olomouc_cu_copiii\"><\/span>Unde s\u0103 mergi \u00een excursie din Olomouc cu copiii?<span class=\"ez-toc-section-end\"><\/span><\/h3>\n<div class=\"rank-math-answer \">\n\n<p>Dac\u0103 ai ma\u0219in\u0103, la aproximativ 45 de minute de mers de la Olomouc se ofer\u0103 o mul\u021bime de locuri frumoase. Un succes uria\u0219 este DinoPark \u0219i ZOO Park Vy\u0161kov, pentru istorie po\u021bi pleca la castelul de poveste Bouzov, iar pentru explorarea subteranului la pe\u0219terile Mlade\u010dsk\u00e9, mai scurte \u0219i mai pu\u021bin solicitante. Pentru copiii mai mici este fantastic \u0219i muzeul pentru copii Prad\u011bdovo din Bludov.<\/p>\n\n<\/div>\n<\/div>\n<div id=\"faq-question-1787773774007\" class=\"rank-math-list-item\">\n<h3 class=\"rank-math-question \"><span class=\"ez-toc-section\" id=\"Cat_de_departe_este_DinoPark_Vyskov_de_Olomouc\"><\/span>C\u00e2t de departe este DinoPark Vy\u0161kov de Olomouc?<span class=\"ez-toc-section-end\"><\/span><\/h3>\n<div class=\"rank-math-answer \">\n\n<p>DinoPark \u0219i ZOO Park din Vy\u0161kov se afl\u0103 la aproximativ 45 de kilometri de Olomouc. Drumul cu ma\u0219ina pe autostrad\u0103 \u00ee\u021bi ia aproximativ o jum\u0103tate de or\u0103, a\u0219a c\u0103 este o destina\u021bie absolut ideal\u0103 \u0219i lipsit\u0103 de efort pentru o minunat\u0103 excursie de familie de o jum\u0103tate de zi.<\/p>\n\n<\/div>\n<\/div>\n<\/div>\n<\/div>","protected":false},"excerpt":{"rendered":"<p>Spa\u021bii de joac\u0103 chiar \u00een Pia\u021ba de Sus, Cetatea Cunoa\u0219terii, gr\u0103dina zoologic\u0103 de la Svat\u00fd Kope\u010dek \u0219i DinoParkul din Vy\u0161kov. 34 de idei unde s\u0103 mergi \u00een Olomouc cu copiii pe vreme frumoas\u0103 \u0219i c\u00e2nd plou\u0103, cu pre\u021buri \u0219i program.<\/p>\n","protected":false},"author":3,"featured_media":401014,"comment_status":"open","ping_status":"open","sticky":false,"template":"","format":"standard","meta":{"_acf_changed":false,"footnotes":"","rank_math_title":"Olomouc, Cehia cu copiii: 34 de idei pentru 2026","rank_math_description":"Olomouc, Cehia cu copiii: 34 de idei pentru vreme frumoas\u0103 \u0219i zile ploioase, cu pre\u021buri \u0219i program. Gr\u0103din\u0103 zoologic\u0103, spa\u021bii de joac\u0103 \u0219i excursii. Descoper\u0103 acum!","rank_math_focus_keyword":"olomouc cehia","rank_math_seo_score":""},"categories":[2015,2021,2100],"tags":[],"class_list":["post-409551","post","type-post","status-publish","format-standard","has-post-thumbnail","category-calatorii","category-europa","category-republica-ceha"],"acf":[],"featured_image_src":"https:\/\/loudavymkrokem.cz\/wp-content\/uploads\/2026\/08\/olomouc-s-detmi-mural-prujezd.jpg","author_info":{"display_name":"Lucie Kone\u010dn\u00e1","author_link":"https:\/\/loudavymkrokem.cz\/ro\/author\/lucie-konecna\/"},"_links":{"self":[{"href":"https:\/\/loudavymkrokem.cz\/ro\/wp-json\/wp\/v2\/posts\/409551","targetHints":{"allow":["GET"]}}],"collection":[{"href":"https:\/\/loudavymkrokem.cz\/ro\/wp-json\/wp\/v2\/posts"}],"about":[{"href":"https:\/\/loudavymkrokem.cz\/ro\/wp-json\/wp\/v2\/types\/post"}],"author":[{"embeddable":true,"href":"https:\/\/loudavymkrokem.cz\/ro\/wp-json\/wp\/v2\/users\/3"}],"replies":[{"embeddable":true,"href":"https:\/\/loudavymkrokem.cz\/ro\/wp-json\/wp\/v2\/comments?post=409551"}],"version-history":[{"count":2,"href":"https:\/\/loudavymkrokem.cz\/ro\/wp-json\/wp\/v2\/posts\/409551\/revisions"}],"predecessor-version":[{"id":409555,"href":"https:\/\/loudavymkrokem.cz\/ro\/wp-json\/wp\/v2\/posts\/409551\/revisions\/409555"}],"wp:featuredmedia":[{"embeddable":true,"href":"https:\/\/loudavymkrokem.cz\/ro\/wp-json\/wp\/v2\/media\/401014"}],"wp:attachment":[{"href":"https:\/\/loudavymkrokem.cz\/ro\/wp-json\/wp\/v2\/media?parent=409551"}],"wp:term":[{"taxonomy":"category","embeddable":true,"href":"https:\/\/loudavymkrokem.cz\/ro\/wp-json\/wp\/v2\/categories?post=409551"},{"taxonomy":"post_tag","embeddable":true,"href":"https:\/\/loudavymkrokem.cz\/ro\/wp-json\/wp\/v2\/tags?post=409551"}],"curies":[{"name":"wp","href":"https:\/\/api.w.org\/{rel}","templated":true}]}}