{"id":409544,"date":"2026-08-29T02:00:00","date_gmt":"2026-08-29T00:00:00","guid":{"rendered":"https:\/\/loudavymkrokem.cz\/barcelona-spania-cum-ajungi\/"},"modified":"2026-08-31T10:24:27","modified_gmt":"2026-08-31T08:24:27","slug":"barcelona-spania-cum-ajungi","status":"publish","type":"post","link":"https:\/\/loudavymkrokem.cz\/ro\/barcelona-spania-cum-ajungi\/","title":{"rendered":"Barcelona, Spania: cum ajungi din Rom\u00e2nia (zboruri, pre\u021buri, tren 2026)"},"content":{"rendered":"\n<p class=\"wp-block-paragraph\">C\u00e2nd eu \u0219i Luk\u00e1\u0161 am plecat la \u00eenceputul lunii martie spre Barcelona, Spania, aveam un plan clar: s\u0103 explor\u0103m pe jos tot ce e mai important din ora\u0219. Ne-am cazat la superbul <strong>Hotel Gaud\u00ed, la doar c\u00e2\u021biva pa\u0219i de faimosul Palau G\u00fcell<\/strong>, o alegere care s-a dovedit absolut strategic\u0103 pentru a descoperi centrul pe jos. Ini\u021bial voiam s\u0103 urc\u0103m \u0219i pe cunoscutul deal Tibidabo, dar din cauza vremii destul de proaste \u0219i a recenziilor \u00eenfrico\u0219\u0103toare despre ma\u0219inile spartate constant, am renun\u021bat p\u00e2n\u0103 la urm\u0103 cu inima \u00eemp\u0103cat\u0103. \u00cens\u0103 indiferent dac\u0103 pl\u0103nuie\u0219ti s\u0103 str\u0103ba\u021bi uli\u021bele misterioase din cartierul gotic sau doar s\u0103 te bronzezi pe plaj\u0103, primul lucru pe care trebuie s\u0103-l l\u0103mure\u0219ti este chiar <strong>drumul din inima Europei p\u00e2n\u0103 pe coasta catalan\u0103<\/strong>. Modul de transport decide fundamental starea de spirit \u0219i bugetul cu care va porni concediul t\u0103u.<\/p>\n\n\n\n<figure data-wp-context=\"{&quot;imageId&quot;:&quot;6a95500b6aff3&quot;}\" data-wp-interactive=\"core\/image\" data-wp-key=\"6a95500b6aff3\" class=\"wp-block-image size-full wp-lightbox-container\"><img decoding=\"async\" width=\"1920\" height=\"1440\" data-wp-class--hide=\"state.isContentHidden\" data-wp-class--show=\"state.isContentVisible\" data-wp-init=\"callbacks.setButtonStyles\" data-wp-on--click=\"actions.showLightbox\" data-wp-on--load=\"callbacks.setButtonStyles\" data-wp-on--pointerdown=\"actions.preloadImage\" data-wp-on--pointerenter=\"actions.preloadImageWithDelay\" data-wp-on--pointerleave=\"actions.cancelPreload\" data-wp-on-window--resize=\"callbacks.setButtonStyles\" src=\"https:\/\/loudavymkrokem.cz\/wp-content\/uploads\/2026\/08\/barcelona-tri-ruzne-systemy-metra-te-zmatou.jpg\" alt=\"Autobuz interurban Sagal\u00e9s \u00een sta\u021bie\" class=\"wp-image-376460\" title=\"\" srcset=\"https:\/\/loudavymkrokem.cz\/wp-content\/uploads\/2026\/08\/barcelona-tri-ruzne-systemy-metra-te-zmatou.jpg 1920w, https:\/\/loudavymkrokem.cz\/wp-content\/uploads\/2026\/08\/barcelona-tri-ruzne-systemy-metra-te-zmatou-300x225.jpg 300w, https:\/\/loudavymkrokem.cz\/wp-content\/uploads\/2026\/08\/barcelona-tri-ruzne-systemy-metra-te-zmatou-700x525.jpg 700w, https:\/\/loudavymkrokem.cz\/wp-content\/uploads\/2026\/08\/barcelona-tri-ruzne-systemy-metra-te-zmatou-768x576.jpg 768w, https:\/\/loudavymkrokem.cz\/wp-content\/uploads\/2026\/08\/barcelona-tri-ruzne-systemy-metra-te-zmatou-1536x1152.jpg 1536w, https:\/\/loudavymkrokem.cz\/wp-content\/uploads\/2026\/08\/barcelona-tri-ruzne-systemy-metra-te-zmatou-80x60.jpg 80w, https:\/\/loudavymkrokem.cz\/wp-content\/uploads\/2026\/08\/barcelona-tri-ruzne-systemy-metra-te-zmatou-160x120.jpg 160w, https:\/\/loudavymkrokem.cz\/wp-content\/uploads\/2026\/08\/barcelona-tri-ruzne-systemy-metra-te-zmatou-696x522.jpg 696w, https:\/\/loudavymkrokem.cz\/wp-content\/uploads\/2026\/08\/barcelona-tri-ruzne-systemy-metra-te-zmatou-1392x1044.jpg 1392w\" sizes=\"(max-width: 1920px) 100vw, 1920px\" \/><button\n\t\t\tclass=\"lightbox-trigger\"\n\t\t\ttype=\"button\"\n\t\t\taria-haspopup=\"dialog\"\n\t\t\tdata-wp-bind--aria-label=\"state.thisImage.triggerButtonAriaLabel\"\n\t\t\tdata-wp-init=\"callbacks.initTriggerButton\"\n\t\t\tdata-wp-on--click=\"actions.showLightbox\"\n\t\t\tdata-wp-style--right=\"state.thisImage.buttonRight\"\n\t\t\tdata-wp-style--top=\"state.thisImage.buttonTop\"\n\t\t>\n\t\t\t<svg xmlns=\"http:\/\/www.w3.org\/2000\/svg\" width=\"12\" height=\"12\" fill=\"none\" viewBox=\"0 0 12 12\">\n\t\t\t\t<path fill=\"#fff\" d=\"M2 0a2 2 0 0 0-2 2v2h1.5V2a.5.5 0 0 1 .5-.5h2V0H2Zm2 10.5H2a.5.5 0 0 1-.5-.5V8H0v2a2 2 0 0 0 2 2h2v-1.5ZM8 12v-1.5h2a.5.5 0 0 0 .5-.5V8H12v2a2 2 0 0 1-2 2H8Zm2-12a2 2 0 0 1 2 2v2h-1.5V2a.5.5 0 0 0-.5-.5H8V0h2Z\" \/>\n\t\t\t<\/svg>\n\t\t<\/button><\/figure>\n\n\n\n<div id=\"ez-toc-container\" class=\"ez-toc-v2_0_86 ez-toc-wrap-left counter-hierarchy ez-toc-counter ez-toc-grey ez-toc-container-direction\">\n<div class=\"ez-toc-title-container\">\n<p class=\"ez-toc-title\" style=\"cursor:inherit\">Cuprinsul articolului<\/p>\n<span class=\"ez-toc-title-toggle\"><a href=\"#\" class=\"ez-toc-pull-right ez-toc-btn ez-toc-btn-xs ez-toc-btn-default ez-toc-toggle\" aria-label=\"Toggle Table of Content\"><span class=\"ez-toc-js-icon-con\"><span class=\"\"><span class=\"eztoc-hide\" style=\"display:none;\">Toggle<\/span><span class=\"ez-toc-icon-toggle-span\"><svg style=\"fill: #999;color:#999\" xmlns=\"http:\/\/www.w3.org\/2000\/svg\" class=\"list-377408\" width=\"20px\" height=\"20px\" viewBox=\"0 0 24 24\" fill=\"none\"><path d=\"M6 6H4v2h2V6zm14 0H8v2h12V6zM4 11h2v2H4v-2zm16 0H8v2h12v-2zM4 16h2v2H4v-2zm16 0H8v2h12v-2z\" fill=\"currentColor\"><\/path><\/svg><svg style=\"fill: #999;color:#999\" class=\"arrow-unsorted-368013\" xmlns=\"http:\/\/www.w3.org\/2000\/svg\" width=\"10px\" height=\"10px\" viewBox=\"0 0 24 24\" version=\"1.2\" baseProfile=\"tiny\"><path d=\"M18.2 9.3l-6.2-6.3-6.2 6.3c-.2.2-.3.4-.3.7s.1.5.3.7c.2.2.4.3.7.3h11c.3 0 .5-.1.7-.3.2-.2.3-.5.3-.7s-.1-.5-.3-.7zM5.8 14.7l6.2 6.3 6.2-6.3c.2-.2.3-.5.3-.7s-.1-.5-.3-.7c-.2-.2-.4-.3-.7-.3h-11c-.3 0-.5.1-.7.3-.2.2-.3.5-.3.7s.1.5.3.7z\"\/><\/svg><\/span><\/span><\/span><\/a><\/span><\/div>\n<nav><ul class='ez-toc-list ez-toc-list-level-1 ' ><ul class='ez-toc-list-level-3' ><li class='ez-toc-heading-level-3'><a class=\"ez-toc-link ez-toc-heading-1\" href=\"https:\/\/loudavymkrokem.cz\/ro\/barcelona-spania-cum-ajungi\/#Rezumat_pentru_cei_care_nu_au_timp_sa_citeasca_tot_articolul\" >Rezumat pentru cei care nu au timp s\u0103 citeasc\u0103 tot articolul<\/a><\/li><\/ul><\/li><li class='ez-toc-page-1 ez-toc-heading-level-2'><a class=\"ez-toc-link ez-toc-heading-2\" href=\"https:\/\/loudavymkrokem.cz\/ro\/barcelona-spania-cum-ajungi\/#Cazare_in_Barcelona_Spania_si_cat_costa_taxa_turistica\" >Cazare \u00een Barcelona, Spania \u0219i c\u00e2t cost\u0103 taxa turistic\u0103<\/a><\/li><li class='ez-toc-page-1 ez-toc-heading-level-2'><a class=\"ez-toc-link ez-toc-heading-3\" href=\"https:\/\/loudavymkrokem.cz\/ro\/barcelona-spania-cum-ajungi\/#11_lucruri_pe_care_trebuie_sa_le_stii_despre_drumul_spre_Barcelona\" >11 lucruri pe care trebuie s\u0103 le \u0219tii despre drumul spre Barcelona<\/a><ul class='ez-toc-list-level-3' ><li class='ez-toc-heading-level-3'><a class=\"ez-toc-link ez-toc-heading-4\" href=\"https:\/\/loudavymkrokem.cz\/ro\/barcelona-spania-cum-ajungi\/#1_Zboruri_directe_spre_Barcelona_si_cine_le_opereaza\" >1. Zboruri directe spre Barcelona \u0219i cine le opereaz\u0103<\/a><\/li><li class='ez-toc-page-1 ez-toc-heading-level-3'><a class=\"ez-toc-link ez-toc-heading-5\" href=\"https:\/\/loudavymkrokem.cz\/ro\/barcelona-spania-cum-ajungi\/#2_Preturi_orientative_ale_biletelor_de_avion_si_cand_sa_le_cumperi\" >2. Pre\u021buri orientative ale biletelor de avion \u0219i c\u00e2nd s\u0103 le cumperi<\/a><\/li><li class='ez-toc-page-1 ez-toc-heading-level-3'><a class=\"ez-toc-link ez-toc-heading-6\" href=\"https:\/\/loudavymkrokem.cz\/ro\/barcelona-spania-cum-ajungi\/#3_Ryanair_si_capcanele_low-cost_cu_bagajele\" >3. Ryanair \u0219i capcanele low-cost cu bagajele<\/a><\/li><li class='ez-toc-page-1 ez-toc-heading-level-3'><a class=\"ez-toc-link ez-toc-heading-7\" href=\"https:\/\/loudavymkrokem.cz\/ro\/barcelona-spania-cum-ajungi\/#4_Vueling_si_kilogramele_lor_treptate\" >4. Vueling \u0219i kilogramele lor treptate<\/a><\/li><li class='ez-toc-page-1 ez-toc-heading-level-3'><a class=\"ez-toc-link ez-toc-heading-8\" href=\"https:\/\/loudavymkrokem.cz\/ro\/barcelona-spania-cum-ajungi\/#5_Atentie_la_reducerile_de_curse_din_vara\" >5. Aten\u021bie la reducerile de curse din var\u0103<\/a><\/li><li class='ez-toc-page-1 ez-toc-heading-level-3'><a class=\"ez-toc-link ez-toc-heading-9\" href=\"https:\/\/loudavymkrokem.cz\/ro\/barcelona-spania-cum-ajungi\/#6_Aeroporturile_%E2%80%9Efalse%E2%80%9D_Girona_si_Reus\" >6. Aeroporturile \u201efalse&#8221; Girona \u0219i Reus<\/a><\/li><li class='ez-toc-page-1 ez-toc-heading-level-3'><a class=\"ez-toc-link ez-toc-heading-10\" href=\"https:\/\/loudavymkrokem.cz\/ro\/barcelona-spania-cum-ajungi\/#7_Cu_trenul_din_Europa_Centrala_pentru_gravide_si_cei_care_nu_zboara\" >7. Cu trenul din Europa Central\u0103: pentru gravide \u0219i cei care nu zboar\u0103<\/a><\/li><li class='ez-toc-page-1 ez-toc-heading-level-3'><a class=\"ez-toc-link ez-toc-heading-11\" href=\"https:\/\/loudavymkrokem.cz\/ro\/barcelona-spania-cum-ajungi\/#8_Traseu_alternativ_cu_trenul_prin_Paris\" >8. Traseu alternativ cu trenul prin Paris<\/a><\/li><li class='ez-toc-page-1 ez-toc-heading-level-3'><a class=\"ez-toc-link ez-toc-heading-12\" href=\"https:\/\/loudavymkrokem.cz\/ro\/barcelona-spania-cum-ajungi\/#9_Cu_masina_in_Barcelona_Pregateste-te_pentru_zona_ZBE\" >9. Cu ma\u0219ina \u00een Barcelona? Preg\u0103te\u0219te-te pentru zona ZBE<\/a><\/li><li class='ez-toc-page-1 ez-toc-heading-level-3'><a class=\"ez-toc-link ez-toc-heading-13\" href=\"https:\/\/loudavymkrokem.cz\/ro\/barcelona-spania-cum-ajungi\/#10_Cum_ajungi_de_la_aeroportul_El_Prat_in_centru\" >10. Cum ajungi de la aeroportul El Prat \u00een centru<\/a><\/li><li class='ez-toc-page-1 ez-toc-heading-level-3'><a class=\"ez-toc-link ez-toc-heading-14\" href=\"https:\/\/loudavymkrokem.cz\/ro\/barcelona-spania-cum-ajungi\/#11_Sejur_cu_agentia_vs_calatorie_pe_cont_propriu\" >11. Sejur cu agen\u021bia vs. c\u0103l\u0103torie pe cont propriu<\/a><\/li><\/ul><\/li><li class='ez-toc-page-1 ez-toc-heading-level-2'><a class=\"ez-toc-link ez-toc-heading-15\" href=\"https:\/\/loudavymkrokem.cz\/ro\/barcelona-spania-cum-ajungi\/#Rezumat_practic_si_preturi_orientative\" >Rezumat practic \u0219i pre\u021buri orientative<\/a><\/li><li class='ez-toc-page-1 ez-toc-heading-level-2'><a class=\"ez-toc-link ez-toc-heading-16\" href=\"https:\/\/loudavymkrokem.cz\/ro\/barcelona-spania-cum-ajungi\/#Unde_mai_poti_merge\" >Unde mai po\u021bi merge<\/a><\/li><li class='ez-toc-page-1 ez-toc-heading-level-2'><a class=\"ez-toc-link ez-toc-heading-17\" href=\"https:\/\/loudavymkrokem.cz\/ro\/barcelona-spania-cum-ajungi\/#Intrebari_frecvente\" >\u00centreb\u0103ri frecvente<\/a><ul class='ez-toc-list-level-3' ><li class='ez-toc-heading-level-3'><a class=\"ez-toc-link ez-toc-heading-18\" href=\"https:\/\/loudavymkrokem.cz\/ro\/barcelona-spania-cum-ajungi\/#Cat_dureaza_zborul_pana_la_Barcelona_din_Bucuresti\" >C\u00e2t dureaz\u0103 zborul p\u00e2n\u0103 la Barcelona din Bucure\u0219ti?<\/a><\/li><li class='ez-toc-page-1 ez-toc-heading-level-3'><a class=\"ez-toc-link ez-toc-heading-19\" href=\"https:\/\/loudavymkrokem.cz\/ro\/barcelona-spania-cum-ajungi\/#Cat_costa_orientativ_un_bilet_de_avion\" >C\u00e2t cost\u0103 orientativ un bilet de avion?<\/a><\/li><li class='ez-toc-page-1 ez-toc-heading-level-3'><a class=\"ez-toc-link ez-toc-heading-20\" href=\"https:\/\/loudavymkrokem.cz\/ro\/barcelona-spania-cum-ajungi\/#Functioneaza_biletul_obisnuit_de_metrou_de_la_aeroport\" >Func\u021bioneaz\u0103 biletul obi\u0219nuit de metrou de la aeroport?<\/a><\/li><li class='ez-toc-page-1 ez-toc-heading-level-3'><a class=\"ez-toc-link ez-toc-heading-21\" href=\"https:\/\/loudavymkrokem.cz\/ro\/barcelona-spania-cum-ajungi\/#Pot_merge_cu_masina_in_centrul_Barcelonei\" >Pot merge cu ma\u0219ina \u00een centrul Barcelonei?<\/a><\/li><li class='ez-toc-page-1 ez-toc-heading-level-3'><a class=\"ez-toc-link ez-toc-heading-22\" href=\"https:\/\/loudavymkrokem.cz\/ro\/barcelona-spania-cum-ajungi\/#Se_poate_ajunge_confortabil_la_Barcelona_cu_trenul\" >Se poate ajunge confortabil la Barcelona cu trenul?<\/a><\/li><li class='ez-toc-page-1 ez-toc-heading-level-3'><a class=\"ez-toc-link ez-toc-heading-23\" href=\"https:\/\/loudavymkrokem.cz\/ro\/barcelona-spania-cum-ajungi\/#La_ce_sa_fiu_atent_la_companiile_low-cost_precum_Ryanair\" >La ce s\u0103 fiu atent la companiile low-cost precum Ryanair?<\/a><\/li><li class='ez-toc-page-1 ez-toc-heading-level-3'><a class=\"ez-toc-link ez-toc-heading-24\" href=\"https:\/\/loudavymkrokem.cz\/ro\/barcelona-spania-cum-ajungi\/#Merita_sa_zbor_pe_aeroporturile_mai_indepartate_Girona_sau_Reus\" >Merit\u0103 s\u0103 zbor pe aeroporturile mai \u00eendep\u0103rtate Girona sau Reus?<\/a><\/li><\/ul><\/li><\/ul><\/nav><\/div>\n<h3 class=\"wp-block-heading\"><span class=\"ez-toc-section\" id=\"Rezumat_pentru_cei_care_nu_au_timp_sa_citeasca_tot_articolul\"><\/span>Rezumat pentru cei care nu au timp s\u0103 citeasc\u0103 tot articolul<span class=\"ez-toc-section-end\"><\/span><\/h3>\n\n\n\n<ul class=\"wp-block-list\">\n\n<li>  <strong>Din Rom\u00e2nia se ajunge la Barcelona cu zboruri directe<\/strong>, iar \u00een sezonul de var\u0103 2026 po\u021bi alege \u00een medie dintre 4 zboruri pe zi din marile ora\u0219e.<\/li>\n\n\n\n<li>  <strong>Zborul propriu-zis dureaz\u0103 \u00een jur de 2\u20133 ore<\/strong>, pe rut\u0103 concur\u00e2nd companii precum Wizz Air, Ryanair \u0219i TAROM.<\/li>\n\n\n\n<li>  <strong>Biletele pornesc orientativ de la 280 lei<\/strong>, dar vara, cu bagaj, socote\u0219te mai degrab\u0103 o sum\u0103 care dep\u0103\u0219e\u0219te 550 lei pentru un singur sens.<\/li>\n\n\n\n<li>  <strong>De la aeroportul El Prat spre centru circul\u0103 Aerob\u00fas cu 7,45 \u20ac (cca 160 lei)<\/strong>, \u00een timp ce biletul obi\u0219nuit T-casual nu e valabil pe metroul de la aeroport.<\/li>\n\n\n\n<li>  <strong>C\u0103l\u0103toria cu trenul din Europa Central\u0103 are un sens uria\u0219<\/strong> dac\u0103 nu po\u021bi zbura din motive de s\u0103n\u0103tate sau a\u0219tep\u021bi un copil.<\/li>\n\n\n\n<li>  <strong>Mai bine nu intra \u00een centrul Barcelonei cu ma\u0219ina<\/strong>, pentru c\u0103 ora\u0219ul are o zon\u0103 cu emisii sc\u0103zute ZBE foarte strict\u0103, sub amenin\u021barea unei amenzi de 200 \u20ac (cca 1.000 lei).<\/li>\n\n\n\n<li>  <strong>Evit\u0103 aeroporturile Girona \u0219i Reus<\/strong>, de la care te a\u0219teapt\u0103 un drum lung \u0219i scump cu autobuzul, dac\u0103 nu te \u00eendrep\u021bi direct spre coasta din jur.<\/li>\n\n\n<\/ul>\n\n\n\n<figure data-wp-context=\"{&quot;imageId&quot;:&quot;6a95500b6b8d4&quot;}\" data-wp-interactive=\"core\/image\" data-wp-key=\"6a95500b6b8d4\" class=\"wp-block-image size-full wp-lightbox-container\"><img decoding=\"async\" width=\"1034\" height=\"2560\" data-wp-class--hide=\"state.isContentHidden\" data-wp-class--show=\"state.isContentVisible\" data-wp-init=\"callbacks.setButtonStyles\" data-wp-on--click=\"actions.showLightbox\" data-wp-on--load=\"callbacks.setButtonStyles\" data-wp-on--pointerdown=\"actions.preloadImage\" data-wp-on--pointerenter=\"actions.preloadImageWithDelay\" data-wp-on--pointerleave=\"actions.cancelPreload\" data-wp-on-window--resize=\"callbacks.setButtonStyles\" src=\"https:\/\/loudavymkrokem.cz\/wp-content\/uploads\/2026\/08\/barcelona-kde-se-ubytovat-v-barcelone-a-kolik--scaled.jpg\" alt=\"Turnul Torre Gl\u00f2ries din Barcelona\" class=\"wp-image-376472\" title=\"\" srcset=\"https:\/\/loudavymkrokem.cz\/wp-content\/uploads\/2026\/08\/barcelona-kde-se-ubytovat-v-barcelone-a-kolik--scaled.jpg 1034w, https:\/\/loudavymkrokem.cz\/wp-content\/uploads\/2026\/08\/barcelona-kde-se-ubytovat-v-barcelone-a-kolik--121x300.jpg 121w, https:\/\/loudavymkrokem.cz\/wp-content\/uploads\/2026\/08\/barcelona-kde-se-ubytovat-v-barcelone-a-kolik--700x1733.jpg 700w, https:\/\/loudavymkrokem.cz\/wp-content\/uploads\/2026\/08\/barcelona-kde-se-ubytovat-v-barcelone-a-kolik--768x1902.jpg 768w, https:\/\/loudavymkrokem.cz\/wp-content\/uploads\/2026\/08\/barcelona-kde-se-ubytovat-v-barcelone-a-kolik--620x1536.jpg 620w, https:\/\/loudavymkrokem.cz\/wp-content\/uploads\/2026\/08\/barcelona-kde-se-ubytovat-v-barcelone-a-kolik--827x2048.jpg 827w, https:\/\/loudavymkrokem.cz\/wp-content\/uploads\/2026\/08\/barcelona-kde-se-ubytovat-v-barcelone-a-kolik--696x1723.jpg 696w, https:\/\/loudavymkrokem.cz\/wp-content\/uploads\/2026\/08\/barcelona-kde-se-ubytovat-v-barcelone-a-kolik--1392x3447.jpg 1392w\" sizes=\"(max-width: 1034px) 100vw, 1034px\" \/><button\n\t\t\tclass=\"lightbox-trigger\"\n\t\t\ttype=\"button\"\n\t\t\taria-haspopup=\"dialog\"\n\t\t\tdata-wp-bind--aria-label=\"state.thisImage.triggerButtonAriaLabel\"\n\t\t\tdata-wp-init=\"callbacks.initTriggerButton\"\n\t\t\tdata-wp-on--click=\"actions.showLightbox\"\n\t\t\tdata-wp-style--right=\"state.thisImage.buttonRight\"\n\t\t\tdata-wp-style--top=\"state.thisImage.buttonTop\"\n\t\t>\n\t\t\t<svg xmlns=\"http:\/\/www.w3.org\/2000\/svg\" width=\"12\" height=\"12\" fill=\"none\" viewBox=\"0 0 12 12\">\n\t\t\t\t<path fill=\"#fff\" d=\"M2 0a2 2 0 0 0-2 2v2h1.5V2a.5.5 0 0 1 .5-.5h2V0H2Zm2 10.5H2a.5.5 0 0 1-.5-.5V8H0v2a2 2 0 0 0 2 2h2v-1.5ZM8 12v-1.5h2a.5.5 0 0 0 .5-.5V8H12v2a2 2 0 0 1-2 2H8Zm2-12a2 2 0 0 1 2 2v2h-1.5V2a.5.5 0 0 0-.5-.5H8V0h2Z\" \/>\n\t\t\t<\/svg>\n\t\t<\/button><figcaption class=\"wp-element-caption\">Foto: Diliff \/ Wikimedia Commons, CC BY 2.5<\/figcaption><\/figure>\n\n\n\n<h2 class=\"wp-block-heading\"><span class=\"ez-toc-section\" id=\"Cazare_in_Barcelona_Spania_si_cat_costa_taxa_turistica\"><\/span>Cazare \u00een Barcelona, Spania \u0219i c\u00e2t cost\u0103 taxa turistic\u0103<span class=\"ez-toc-section-end\"><\/span><\/h2>\n\n\n\n<p class=\"wp-block-paragraph\"><em>\ud83d\udca1 <strong>Sfat pentru cazare \u0219i experien\u021be<\/strong>: Prefer\u0103m s\u0103 c\u0103ut\u0103m cazarea pe <a class=\"thirstylink\" rel=\"nofollow\" target=\"_blank\" title=\"Booking.com\" href=\"https:\/\/loudavymkrokem.cz\/doporucujeme\/booking-com\/\" data-shortcode=\"true\">Booking.com<\/a>, unde de obicei sunt <strong>cele mai bune condi\u021bii de anulare<\/strong>. Biletele, excursiile \u0219i activit\u0103\u021bile merit\u0103 apoi comparate \u0219i cump\u0103rate prin <a class=\"thirstylink\" rel=\"nofollow\" target=\"_blank\" title=\"GetYourGuide\" href=\"https:\/\/loudavymkrokem.cz\/doporucujeme\/getyourguide\/\" data-shortcode=\"true\">GetYourGuide<\/a>.<\/em><\/p>\n\n\n\n<p class=\"wp-block-paragraph\">Alegerea caz\u0103rii \u00een metropola catalan\u0103 a devenit destul de complicat\u0103 \u00een ultima vreme, pentru c\u0103 ora\u0219ul pl\u0103nuie\u0219te ca p\u00e2n\u0103 \u00een 2028 s\u0103 <strong>elimine complet toate licen\u021bele pentru apartamentele turistice<\/strong>. Prin urmare, pre\u021burile hotelurilor clasice cresc logic, iar oferta de cazare accesibil\u0103 se sub\u021biaz\u0103 nepl\u0103cut. La buget trebuie s\u0103 adaugi \u0219i noua tax\u0103 turistic\u0103, valabil\u0103 din aprilie 2026, care poate scumpi sejurul destul de mult. \u00cen luxul de cinci stele pl\u0103te\u0219ti 12 \u20ac (cca 260 lei) de persoan\u0103 \u0219i noapte, \u00eentr-un hotel standard de patru stele sunt 8,40 \u20ac, iar <strong>\u00een populatele apartamente turistice \u021bi se percep 9,50 \u20ac pe noapte<\/strong>. Se pl\u0103te\u0219te maximum pentru primele \u0219apte nop\u021bi, dar chiar \u0219i a\u0219a se adun\u0103 destul la un concediu mai lung.<\/p>\n\n\n\n<p class=\"wp-block-paragraph\">Noi, la vizita noastr\u0103, am mizat pe <strong>Hotel Gaud\u00ed<\/strong>, aflat la doar c\u00e2\u021biva pa\u0219i de faimosul Palau G\u00fcell \u0219i aproape de aglomeratul bulevard La Rambla. A fost o alegere absolut strategic\u0103 pentru a descoperi ora\u0219ul pe jos \u0219i, \u00een plus, au pe acoperi\u0219 o teras\u0103 superb\u0103 cu piscin\u0103, de unde vezi minunat co\u0219urile palatului lui Gaud\u00ed.<\/p>\n\n\n\n<p class=\"wp-block-paragraph\">Dac\u0103 e\u0219ti \u00een c\u0103utarea a ceva uluitor din punct de vedere vizual, arunc\u0103 neap\u0103rat o privire la <strong>Hotel Ayre Rosell\u00f3n<\/strong>, care se m\u00e2ndre\u0219te cu o priveli\u0219te care \u00ee\u021bi taie respira\u021bia chiar spre Sagrada Fam\u00edlia aflat\u0103 \u00een construc\u021bie, din barul de pe acoperi\u0219. Pentru c\u0103l\u0103torii cu buget mai mic se potrive\u0219te excelent <strong>Motel One Barcelona-Ciutadella<\/strong>, unde prime\u0219ti o camer\u0103 modern\u0103 \u0219i frumoas\u0103 chiar l\u00e2ng\u0103 un parc uria\u0219 \u0219i la distan\u021b\u0103 de mers pe jos de plaj\u0103. Dac\u0103 vrei s\u0103 tr\u0103ie\u0219ti luxul absolut \u0219i s\u0103 te treze\u0219ti \u00een susurul valurilor, uit\u0103-te la iconicul <strong>W Barcelona<\/strong>, acea cl\u0103dire faimoas\u0103 \u00een form\u0103 de vel\u0103 care domin\u0103 \u00eentreaga coast\u0103. Pentru backpackeri \u0219i c\u0103l\u0103torii solo, conform recenziilor, func\u021bioneaz\u0103 foarte bine <strong>Hostel One Paralelo<\/strong>, unde domne\u0219te o atmosfer\u0103 prietenoas\u0103 minunat\u0103 \u0219i se organizeaz\u0103 seri comune.<\/p>\n\n\n\n<figure data-wp-context=\"{&quot;imageId&quot;:&quot;6a95500b6c136&quot;}\" data-wp-interactive=\"core\/image\" data-wp-key=\"6a95500b6c136\" class=\"wp-block-image size-full wp-lightbox-container\"><img decoding=\"async\" width=\"1600\" height=\"1067\" data-wp-class--hide=\"state.isContentHidden\" data-wp-class--show=\"state.isContentVisible\" data-wp-init=\"callbacks.setButtonStyles\" data-wp-on--click=\"actions.showLightbox\" data-wp-on--load=\"callbacks.setButtonStyles\" data-wp-on--pointerdown=\"actions.preloadImage\" data-wp-on--pointerenter=\"actions.preloadImageWithDelay\" data-wp-on--pointerleave=\"actions.cancelPreload\" data-wp-on-window--resize=\"callbacks.setButtonStyles\" src=\"https:\/\/loudavymkrokem.cz\/wp-content\/uploads\/2026\/08\/barcelona-uber-a-bolt-tady-radeji-ani-nezapine-px.jpg\" alt=\"Taxi galben-negru din Barcelona\" class=\"wp-image-376459\" title=\"\" srcset=\"https:\/\/loudavymkrokem.cz\/wp-content\/uploads\/2026\/08\/barcelona-uber-a-bolt-tady-radeji-ani-nezapine-px.jpg 1600w, https:\/\/loudavymkrokem.cz\/wp-content\/uploads\/2026\/08\/barcelona-uber-a-bolt-tady-radeji-ani-nezapine-px-300x200.jpg 300w, https:\/\/loudavymkrokem.cz\/wp-content\/uploads\/2026\/08\/barcelona-uber-a-bolt-tady-radeji-ani-nezapine-px-700x467.jpg 700w, https:\/\/loudavymkrokem.cz\/wp-content\/uploads\/2026\/08\/barcelona-uber-a-bolt-tady-radeji-ani-nezapine-px-768x512.jpg 768w, https:\/\/loudavymkrokem.cz\/wp-content\/uploads\/2026\/08\/barcelona-uber-a-bolt-tady-radeji-ani-nezapine-px-1536x1024.jpg 1536w, https:\/\/loudavymkrokem.cz\/wp-content\/uploads\/2026\/08\/barcelona-uber-a-bolt-tady-radeji-ani-nezapine-px-696x464.jpg 696w, https:\/\/loudavymkrokem.cz\/wp-content\/uploads\/2026\/08\/barcelona-uber-a-bolt-tady-radeji-ani-nezapine-px-1392x928.jpg 1392w\" sizes=\"(max-width: 1600px) 100vw, 1600px\" \/><button\n\t\t\tclass=\"lightbox-trigger\"\n\t\t\ttype=\"button\"\n\t\t\taria-haspopup=\"dialog\"\n\t\t\tdata-wp-bind--aria-label=\"state.thisImage.triggerButtonAriaLabel\"\n\t\t\tdata-wp-init=\"callbacks.initTriggerButton\"\n\t\t\tdata-wp-on--click=\"actions.showLightbox\"\n\t\t\tdata-wp-style--right=\"state.thisImage.buttonRight\"\n\t\t\tdata-wp-style--top=\"state.thisImage.buttonTop\"\n\t\t>\n\t\t\t<svg xmlns=\"http:\/\/www.w3.org\/2000\/svg\" width=\"12\" height=\"12\" fill=\"none\" viewBox=\"0 0 12 12\">\n\t\t\t\t<path fill=\"#fff\" d=\"M2 0a2 2 0 0 0-2 2v2h1.5V2a.5.5 0 0 1 .5-.5h2V0H2Zm2 10.5H2a.5.5 0 0 1-.5-.5V8H0v2a2 2 0 0 0 2 2h2v-1.5ZM8 12v-1.5h2a.5.5 0 0 0 .5-.5V8H12v2a2 2 0 0 1-2 2H8Zm2-12a2 2 0 0 1 2 2v2h-1.5V2a.5.5 0 0 0-.5-.5H8V0h2Z\" \/>\n\t\t\t<\/svg>\n\t\t<\/button><\/figure>\n\n\n\n<h2 class=\"wp-block-heading\"><span class=\"ez-toc-section\" id=\"11_lucruri_pe_care_trebuie_sa_le_stii_despre_drumul_spre_Barcelona\"><\/span>11 lucruri pe care trebuie s\u0103 le \u0219tii despre drumul spre Barcelona<span class=\"ez-toc-section-end\"><\/span><\/h2>\n\n\n\n<figure data-wp-context=\"{&quot;imageId&quot;:&quot;6a95500b6c6e8&quot;}\" data-wp-interactive=\"core\/image\" data-wp-key=\"6a95500b6c6e8\" class=\"wp-block-image size-full wp-lightbox-container\"><img decoding=\"async\" width=\"1920\" height=\"1252\" data-wp-class--hide=\"state.isContentHidden\" data-wp-class--show=\"state.isContentVisible\" data-wp-init=\"callbacks.setButtonStyles\" data-wp-on--click=\"actions.showLightbox\" data-wp-on--load=\"callbacks.setButtonStyles\" data-wp-on--pointerdown=\"actions.preloadImage\" data-wp-on--pointerenter=\"actions.preloadImageWithDelay\" data-wp-on--pointerleave=\"actions.cancelPreload\" data-wp-on-window--resize=\"callbacks.setButtonStyles\" src=\"https:\/\/loudavymkrokem.cz\/wp-content\/uploads\/2026\/08\/barcelona-aerobus-je-sice-drazsi-ale-usetri-ne.jpg\" alt=\"Autobuze Aerob\u00fas \u00een sta\u021bie la Barcelona\" class=\"wp-image-376457\" title=\"\" srcset=\"https:\/\/loudavymkrokem.cz\/wp-content\/uploads\/2026\/08\/barcelona-aerobus-je-sice-drazsi-ale-usetri-ne.jpg 1920w, https:\/\/loudavymkrokem.cz\/wp-content\/uploads\/2026\/08\/barcelona-aerobus-je-sice-drazsi-ale-usetri-ne-300x196.jpg 300w, https:\/\/loudavymkrokem.cz\/wp-content\/uploads\/2026\/08\/barcelona-aerobus-je-sice-drazsi-ale-usetri-ne-700x456.jpg 700w, https:\/\/loudavymkrokem.cz\/wp-content\/uploads\/2026\/08\/barcelona-aerobus-je-sice-drazsi-ale-usetri-ne-768x501.jpg 768w, https:\/\/loudavymkrokem.cz\/wp-content\/uploads\/2026\/08\/barcelona-aerobus-je-sice-drazsi-ale-usetri-ne-1536x1002.jpg 1536w, https:\/\/loudavymkrokem.cz\/wp-content\/uploads\/2026\/08\/barcelona-aerobus-je-sice-drazsi-ale-usetri-ne-696x454.jpg 696w, https:\/\/loudavymkrokem.cz\/wp-content\/uploads\/2026\/08\/barcelona-aerobus-je-sice-drazsi-ale-usetri-ne-1392x908.jpg 1392w\" sizes=\"(max-width: 1920px) 100vw, 1920px\" \/><button\n\t\t\tclass=\"lightbox-trigger\"\n\t\t\ttype=\"button\"\n\t\t\taria-haspopup=\"dialog\"\n\t\t\tdata-wp-bind--aria-label=\"state.thisImage.triggerButtonAriaLabel\"\n\t\t\tdata-wp-init=\"callbacks.initTriggerButton\"\n\t\t\tdata-wp-on--click=\"actions.showLightbox\"\n\t\t\tdata-wp-style--right=\"state.thisImage.buttonRight\"\n\t\t\tdata-wp-style--top=\"state.thisImage.buttonTop\"\n\t\t>\n\t\t\t<svg xmlns=\"http:\/\/www.w3.org\/2000\/svg\" width=\"12\" height=\"12\" fill=\"none\" viewBox=\"0 0 12 12\">\n\t\t\t\t<path fill=\"#fff\" d=\"M2 0a2 2 0 0 0-2 2v2h1.5V2a.5.5 0 0 1 .5-.5h2V0H2Zm2 10.5H2a.5.5 0 0 1-.5-.5V8H0v2a2 2 0 0 0 2 2h2v-1.5ZM8 12v-1.5h2a.5.5 0 0 0 .5-.5V8H12v2a2 2 0 0 1-2 2H8Zm2-12a2 2 0 0 1 2 2v2h-1.5V2a.5.5 0 0 0-.5-.5H8V0h2Z\" \/>\n\t\t\t<\/svg>\n\t\t<\/button><\/figure>\n\n\n\n<h3 class=\"wp-block-heading\"><span class=\"ez-toc-section\" id=\"1_Zboruri_directe_spre_Barcelona_si_cine_le_opereaza\"><\/span>1. Zboruri directe spre Barcelona \u0219i cine le opereaz\u0103<span class=\"ez-toc-section-end\"><\/span><\/h3>\n\n\n\n<p class=\"wp-block-paragraph\">S\u0103 ajungi din Rom\u00e2nia \u00een metropola catalan\u0103 nu a fost niciodat\u0103 mai simplu, pentru c\u0103 \u201eautostrada aerian\u0103&#8221; pe aceast\u0103 rut\u0103 func\u021bioneaz\u0103 \u00een 2026 la tura\u021bie maxim\u0103. Distan\u021ba \u00een linie dreapt\u0103 e considerabil\u0103, dar avioanele moderne o parcurg confortabil \u00een aproximativ 2\u20133 ore. \u00cen sezonul de var\u0103, aeroporturile din Bucure\u0219ti, Cluj-Napoca \u0219i Timi\u0219oara sunt legate de aeroportul barcelonez El Prat prin numeroase zboruri directe s\u0103pt\u0103m\u00e2nale, a\u0219a c\u0103 ai de ales, \u00een medie, mai multe plec\u0103ri \u00een fiecare zi.<\/p>\n\n\n\n<p class=\"wp-block-paragraph\">Pia\u021ba este \u00eemp\u0103r\u021bit\u0103 \u00eentre c\u00e2\u021biva juc\u0103tori principali care se lupt\u0103 aprig pentru fiecare pasager. Cel mai mare rol \u00eel joac\u0103 <strong>Wizz Air<\/strong>, urmat\u0103 de <strong>Ryanair<\/strong>, iar pe unele rute mai g\u0103se\u0219ti \u0219i <strong>TAROM<\/strong>. Primele avioane de diminea\u021b\u0103 se ridic\u0103 de pe pist\u0103 foarte devreme, ceea ce e ideal pentru c\u0103l\u0103torii care vor s\u0103 prind\u0103 cafeaua de dup\u0103-amiaz\u0103 direct pe plaj\u0103. Dac\u0103, dimpotriv\u0103, preferi s\u0103 c\u0103l\u0103tore\u0219ti dup\u0103 program, ultimele curse de sear\u0103 pleac\u0103 seara t\u00e2rziu, iar \u00een pat ajungi pu\u021bin dup\u0103 miezul nop\u021bii.<\/p>\n\n\n\n<p class=\"wp-block-paragraph\">Concuren\u021ba, din fericire, \u00eempinge pre\u021burile \u00een jos \u0219i \u00ee\u021bi d\u0103 o libertate uria\u0219\u0103 de planificare, dar necesit\u0103 totodat\u0103 mult\u0103 aten\u021bie la alegerea transportatorului concret. Fiecare companie are <strong>reguli complet diferite pentru bagaje \u0219i taxe ascunse<\/strong>, care \u00ee\u021bi pot scumpi nepl\u0103cut biletul.<\/p>\n\n\n\n<p class=\"wp-block-paragraph\">\ud83d\udca1 Sfat: Compar\u0103 \u00eentotdeauna cu aten\u021bie de la ce aeroport pleci \u0219i din ce terminal, pentru c\u0103 <strong>companiile low-cost decoleaz\u0103 adesea din locuri diferite<\/strong>, iar confuziile din aeroport te pot costa mul\u021bi nervi \u0219i bani pe taxiuri.<\/p>\n\n\n\n<figure data-wp-context=\"{&quot;imageId&quot;:&quot;6a95500b6ce13&quot;}\" data-wp-interactive=\"core\/image\" data-wp-key=\"6a95500b6ce13\" class=\"wp-block-image size-full wp-lightbox-container\"><img decoding=\"async\" width=\"1600\" height=\"1067\" data-wp-class--hide=\"state.isContentHidden\" data-wp-class--show=\"state.isContentVisible\" data-wp-init=\"callbacks.setButtonStyles\" data-wp-on--click=\"actions.showLightbox\" data-wp-on--load=\"callbacks.setButtonStyles\" data-wp-on--pointerdown=\"actions.preloadImage\" data-wp-on--pointerenter=\"actions.preloadImageWithDelay\" data-wp-on--pointerleave=\"actions.cancelPreload\" data-wp-on-window--resize=\"callbacks.setButtonStyles\" src=\"https:\/\/loudavymkrokem.cz\/wp-content\/uploads\/2026\/08\/barcelona-vlak-r2-nord-je-nejlevnejsi-zachrana-px.jpg\" alt=\"Cl\u0103dire istoric\u0103 de gar\u0103 din Spania\" class=\"wp-image-376455\" title=\"\" srcset=\"https:\/\/loudavymkrokem.cz\/wp-content\/uploads\/2026\/08\/barcelona-vlak-r2-nord-je-nejlevnejsi-zachrana-px.jpg 1600w, https:\/\/loudavymkrokem.cz\/wp-content\/uploads\/2026\/08\/barcelona-vlak-r2-nord-je-nejlevnejsi-zachrana-px-300x200.jpg 300w, https:\/\/loudavymkrokem.cz\/wp-content\/uploads\/2026\/08\/barcelona-vlak-r2-nord-je-nejlevnejsi-zachrana-px-700x467.jpg 700w, https:\/\/loudavymkrokem.cz\/wp-content\/uploads\/2026\/08\/barcelona-vlak-r2-nord-je-nejlevnejsi-zachrana-px-768x512.jpg 768w, https:\/\/loudavymkrokem.cz\/wp-content\/uploads\/2026\/08\/barcelona-vlak-r2-nord-je-nejlevnejsi-zachrana-px-1536x1024.jpg 1536w, https:\/\/loudavymkrokem.cz\/wp-content\/uploads\/2026\/08\/barcelona-vlak-r2-nord-je-nejlevnejsi-zachrana-px-696x464.jpg 696w, https:\/\/loudavymkrokem.cz\/wp-content\/uploads\/2026\/08\/barcelona-vlak-r2-nord-je-nejlevnejsi-zachrana-px-1392x928.jpg 1392w\" sizes=\"(max-width: 1600px) 100vw, 1600px\" \/><button\n\t\t\tclass=\"lightbox-trigger\"\n\t\t\ttype=\"button\"\n\t\t\taria-haspopup=\"dialog\"\n\t\t\tdata-wp-bind--aria-label=\"state.thisImage.triggerButtonAriaLabel\"\n\t\t\tdata-wp-init=\"callbacks.initTriggerButton\"\n\t\t\tdata-wp-on--click=\"actions.showLightbox\"\n\t\t\tdata-wp-style--right=\"state.thisImage.buttonRight\"\n\t\t\tdata-wp-style--top=\"state.thisImage.buttonTop\"\n\t\t>\n\t\t\t<svg xmlns=\"http:\/\/www.w3.org\/2000\/svg\" width=\"12\" height=\"12\" fill=\"none\" viewBox=\"0 0 12 12\">\n\t\t\t\t<path fill=\"#fff\" d=\"M2 0a2 2 0 0 0-2 2v2h1.5V2a.5.5 0 0 1 .5-.5h2V0H2Zm2 10.5H2a.5.5 0 0 1-.5-.5V8H0v2a2 2 0 0 0 2 2h2v-1.5ZM8 12v-1.5h2a.5.5 0 0 0 .5-.5V8H12v2a2 2 0 0 1-2 2H8Zm2-12a2 2 0 0 1 2 2v2h-1.5V2a.5.5 0 0 0-.5-.5H8V0h2Z\" \/>\n\t\t\t<\/svg>\n\t\t<\/button><\/figure>\n\n\n\n<h3 class=\"wp-block-heading\"><span class=\"ez-toc-section\" id=\"2_Preturi_orientative_ale_biletelor_de_avion_si_cand_sa_le_cumperi\"><\/span>2. Pre\u021buri orientative ale biletelor de avion \u0219i c\u00e2nd s\u0103 le cumperi<span class=\"ez-toc-section-end\"><\/span><\/h3>\n\n\n\n<p class=\"wp-block-paragraph\">C\u00e2nd \u00eencepi s\u0103 cau\u021bi bilete de avion spre Barcelona, motoarele de c\u0103utare \u00ee\u021bi vor arunca probabil cifre incredibil de ademenitoare, cu care pur \u0219i simplu trebuie s\u0103 fii foarte prudent. Agregatoare cunoscute pot ar\u0103ta <strong>cele mai ieftine bilete deja de la aproximativ 280 lei<\/strong>, \u00een timp ce companiile \u00ee\u0219i fac publicitate la curse regulate de la sume mai mari. Sun\u0103 ca un vis \u00eemplinit despre un concediu ieftin, dar realitatea sezonului de var\u0103 st\u0103, din p\u0103cate, cu totul altfel.<\/p>\n\n\n\n<p class=\"wp-block-paragraph\">Nu te l\u0103sa p\u0103c\u0103lit de flutura\u0219ii de marketing, pentru c\u0103 aceste sume magice sunt valabile, de regul\u0103, doar pentru cele mai neatractive perioade din mijlocul unui noiembrie mohor\u00e2t. Pre\u021bul mediu al unui bilet dintr-un ora\u0219 rom\u00e2nesc spre Barcelona se \u00eenv\u00e2rte \u00een jur de <strong>500 lei<\/strong>, iar vorbim \u00een continuare doar despre un singur sens \u0219i complet f\u0103r\u0103 niciun bagaj. De \u00eendat\u0103 ce, \u00een iulie sau august, adaugi un troler clasic de cabin\u0103 \u0219i vrei s\u0103 stai l\u00e2ng\u0103 partenerul t\u0103u, socote\u0219te mai degrab\u0103 o sum\u0103 care dep\u0103\u0219e\u0219te 750 lei pentru un drum.<\/p>\n\n\n\n<p class=\"wp-block-paragraph\">Cea mai grav\u0103 gre\u0219eal\u0103 este s\u0103 cumperi biletele \u00een ultimul moment, c\u00e2nd pre\u021burile companiilor low-cost sar lini\u0219tit la triplul valorii lor obi\u0219nuite. <strong>Momentul ideal pentru cump\u0103rare este cu aproximativ dou\u0103-trei luni \u00eenainte de plecare<\/strong>, c\u00e2nd companiile \u00eenc\u0103 nu au capacitatea ocupat\u0103 \u0219i ofer\u0103 tarife rezonabile pentru muritorii de r\u00e2nd.<\/p>\n\n\n\n<p class=\"wp-block-paragraph\">\ud83d\udca1 Sfat: Dac\u0103 e\u0219ti flexibil cu data concediului, \u00eencearc\u0103 s\u0103 zbori la mijlocul s\u0103pt\u0103m\u00e2nii \u00een loc de vineri seara, pentru c\u0103 <strong>zborurile de mar\u021bi \u0219i miercuri sunt statistic cele mai ieftine<\/strong> din toat\u0103 s\u0103pt\u0103m\u00e2na \u0219i economise\u0219ti \u0219i la cazare.<\/p>\n\n\n\n<figure data-wp-context=\"{&quot;imageId&quot;:&quot;6a95500b6d56c&quot;}\" data-wp-interactive=\"core\/image\" data-wp-key=\"6a95500b6d56c\" class=\"wp-block-image size-full wp-lightbox-container\"><img decoding=\"async\" width=\"1600\" height=\"900\" data-wp-class--hide=\"state.isContentHidden\" data-wp-class--show=\"state.isContentVisible\" data-wp-init=\"callbacks.setButtonStyles\" data-wp-on--click=\"actions.showLightbox\" data-wp-on--load=\"callbacks.setButtonStyles\" data-wp-on--pointerdown=\"actions.preloadImage\" data-wp-on--pointerenter=\"actions.preloadImageWithDelay\" data-wp-on--pointerleave=\"actions.cancelPreload\" data-wp-on-window--resize=\"callbacks.setButtonStyles\" src=\"https:\/\/loudavymkrokem.cz\/wp-content\/uploads\/2026\/08\/barcelona-ryanair-a-nizkonakladove-pasti-se-za-px.jpg\" alt=\"Avion Ryanair la decolare\" class=\"wp-image-376473\" title=\"\" srcset=\"https:\/\/loudavymkrokem.cz\/wp-content\/uploads\/2026\/08\/barcelona-ryanair-a-nizkonakladove-pasti-se-za-px.jpg 1600w, https:\/\/loudavymkrokem.cz\/wp-content\/uploads\/2026\/08\/barcelona-ryanair-a-nizkonakladove-pasti-se-za-px-300x169.jpg 300w, https:\/\/loudavymkrokem.cz\/wp-content\/uploads\/2026\/08\/barcelona-ryanair-a-nizkonakladove-pasti-se-za-px-700x394.jpg 700w, https:\/\/loudavymkrokem.cz\/wp-content\/uploads\/2026\/08\/barcelona-ryanair-a-nizkonakladove-pasti-se-za-px-768x432.jpg 768w, https:\/\/loudavymkrokem.cz\/wp-content\/uploads\/2026\/08\/barcelona-ryanair-a-nizkonakladove-pasti-se-za-px-1536x864.jpg 1536w, https:\/\/loudavymkrokem.cz\/wp-content\/uploads\/2026\/08\/barcelona-ryanair-a-nizkonakladove-pasti-se-za-px-696x392.jpg 696w, https:\/\/loudavymkrokem.cz\/wp-content\/uploads\/2026\/08\/barcelona-ryanair-a-nizkonakladove-pasti-se-za-px-1392x783.jpg 1392w\" sizes=\"(max-width: 1600px) 100vw, 1600px\" \/><button\n\t\t\tclass=\"lightbox-trigger\"\n\t\t\ttype=\"button\"\n\t\t\taria-haspopup=\"dialog\"\n\t\t\tdata-wp-bind--aria-label=\"state.thisImage.triggerButtonAriaLabel\"\n\t\t\tdata-wp-init=\"callbacks.initTriggerButton\"\n\t\t\tdata-wp-on--click=\"actions.showLightbox\"\n\t\t\tdata-wp-style--right=\"state.thisImage.buttonRight\"\n\t\t\tdata-wp-style--top=\"state.thisImage.buttonTop\"\n\t\t>\n\t\t\t<svg xmlns=\"http:\/\/www.w3.org\/2000\/svg\" width=\"12\" height=\"12\" fill=\"none\" viewBox=\"0 0 12 12\">\n\t\t\t\t<path fill=\"#fff\" d=\"M2 0a2 2 0 0 0-2 2v2h1.5V2a.5.5 0 0 1 .5-.5h2V0H2Zm2 10.5H2a.5.5 0 0 1-.5-.5V8H0v2a2 2 0 0 0 2 2h2v-1.5ZM8 12v-1.5h2a.5.5 0 0 0 .5-.5V8H12v2a2 2 0 0 1-2 2H8Zm2-12a2 2 0 0 1 2 2v2h-1.5V2a.5.5 0 0 0-.5-.5H8V0h2Z\" \/>\n\t\t\t<\/svg>\n\t\t<\/button><figcaption class=\"wp-element-caption\">Foto: Grzegorz  Lewandowski \/ Pexels<\/figcaption><\/figure>\n\n\n\n<h3 class=\"wp-block-heading\"><span class=\"ez-toc-section\" id=\"3_Ryanair_si_capcanele_low-cost_cu_bagajele\"><\/span>3. Ryanair \u0219i capcanele low-cost cu bagajele<span class=\"ez-toc-section-end\"><\/span><\/h3>\n\n\n\n<p class=\"wp-block-paragraph\">\u00ce\u021bi cumperi un bilet ieftin \u0219i ai senza\u021bia grozav\u0103 c\u0103, \u00een sf\u00e2r\u0219it, ai p\u0103c\u0103lit \u00eentregul sistem de transport aerian. Apoi \u00eens\u0103 ajungi la poart\u0103, iar compania irlandez\u0103 \u00ee\u021bi \u00eentocme\u0219te o not\u0103 de plat\u0103 de la care, cum se zice, \u021bi se face p\u0103rul m\u0103ciuc\u0103. Mai ales la Ryanair, <strong>politica de bagaje reprezint\u0103 un joc dur<\/strong>, orientat inten\u021bionat spre cele mai mici gre\u0219eli ale c\u0103l\u0103torilor neaten\u021bi.<\/p>\n\n\n\n<p class=\"wp-block-paragraph\">\u00cen pre\u021bul de baz\u0103 al biletului ai voie doar cu o geant\u0103 personal\u0103 mic\u0103, ale c\u0103rei <strong>dimensiuni sunt strict limitate la 40 \u00d7 20 \u00d7 25 centimetri<\/strong>. Acest rucsac mic trebuie neap\u0103rat s\u0103 \u00eencap\u0103 sub scaunul din fa\u021ba ta, iar personalul de la poart\u0103 \u00eel m\u0103soar\u0103 adesea complet nemilos. Dac\u0103 vrei s\u0103 iei un troler clasic de cabin\u0103 de p\u00e2n\u0103 la zece kilograme, cu dimensiuni de 55 \u00d7 40 \u00d7 20 centimetri, trebuie s\u0103 pl\u0103te\u0219ti \u00een plus, \u00eenc\u0103 de la cump\u0103rarea biletului, serviciul Priority.<\/p>\n\n\n\n<p class=\"wp-block-paragraph\">Aici se \u00eenchide de obicei capcana pentru to\u021bi cei care nu citesc regulile p\u00e2n\u0103 la cap\u0103t. Cine nu cump\u0103r\u0103 Priority la timp \u0219i vine cu un troler mai mare p\u00e2n\u0103 la poart\u0103 <strong>pl\u0103te\u0219te pe loc o amend\u0103 ustur\u0103toare de 35 \u20ac (cca 175 lei)<\/strong> pentru bagajul necorespunz\u0103tor. Dac\u0103 trolerul t\u0103u este chiar mai mare dec\u00e2t limitele permise, aceast\u0103 penalizare sare imediat la incredibilii 69,99 \u20ac (cca 350 lei).<\/p>\n\n\n\n<p class=\"wp-block-paragraph\">\ud83d\udca1 Sfat: M\u0103soar\u0103-\u021bi \u00eentotdeauna rucsacul cu metrul \u00eenc\u0103 de acas\u0103 \u0219i nu te baza c\u0103 <strong>\u00eel vei strecura cumva discret la poart\u0103<\/strong>, pentru c\u0103 verific\u0103rile aleatorii de dimensiuni sunt extrem de frecvente la zborurile spre Spania.<\/p>\n\n\n\n<figure data-wp-context=\"{&quot;imageId&quot;:&quot;6a95500b6ddda&quot;}\" data-wp-interactive=\"core\/image\" data-wp-key=\"6a95500b6ddda\" class=\"wp-block-image size-full wp-lightbox-container\"><img decoding=\"async\" width=\"1600\" height=\"1067\" data-wp-class--hide=\"state.isContentHidden\" data-wp-class--show=\"state.isContentVisible\" data-wp-init=\"callbacks.setButtonStyles\" data-wp-on--click=\"actions.showLightbox\" data-wp-on--load=\"callbacks.setButtonStyles\" data-wp-on--pointerdown=\"actions.preloadImage\" data-wp-on--pointerenter=\"actions.preloadImageWithDelay\" data-wp-on--pointerleave=\"actions.cancelPreload\" data-wp-on-window--resize=\"callbacks.setButtonStyles\" src=\"https:\/\/loudavymkrokem.cz\/wp-content\/uploads\/2026\/08\/barcelona-vueling-a-jejich-odstupnovana-kila-px.jpg\" alt=\"Avioane pe platforma aeroportului Barcelona El Prat\" class=\"wp-image-376474\" title=\"\" srcset=\"https:\/\/loudavymkrokem.cz\/wp-content\/uploads\/2026\/08\/barcelona-vueling-a-jejich-odstupnovana-kila-px.jpg 1600w, https:\/\/loudavymkrokem.cz\/wp-content\/uploads\/2026\/08\/barcelona-vueling-a-jejich-odstupnovana-kila-px-300x200.jpg 300w, https:\/\/loudavymkrokem.cz\/wp-content\/uploads\/2026\/08\/barcelona-vueling-a-jejich-odstupnovana-kila-px-700x467.jpg 700w, https:\/\/loudavymkrokem.cz\/wp-content\/uploads\/2026\/08\/barcelona-vueling-a-jejich-odstupnovana-kila-px-768x512.jpg 768w, https:\/\/loudavymkrokem.cz\/wp-content\/uploads\/2026\/08\/barcelona-vueling-a-jejich-odstupnovana-kila-px-1536x1024.jpg 1536w, https:\/\/loudavymkrokem.cz\/wp-content\/uploads\/2026\/08\/barcelona-vueling-a-jejich-odstupnovana-kila-px-696x464.jpg 696w, https:\/\/loudavymkrokem.cz\/wp-content\/uploads\/2026\/08\/barcelona-vueling-a-jejich-odstupnovana-kila-px-1392x928.jpg 1392w\" sizes=\"(max-width: 1600px) 100vw, 1600px\" \/><button\n\t\t\tclass=\"lightbox-trigger\"\n\t\t\ttype=\"button\"\n\t\t\taria-haspopup=\"dialog\"\n\t\t\tdata-wp-bind--aria-label=\"state.thisImage.triggerButtonAriaLabel\"\n\t\t\tdata-wp-init=\"callbacks.initTriggerButton\"\n\t\t\tdata-wp-on--click=\"actions.showLightbox\"\n\t\t\tdata-wp-style--right=\"state.thisImage.buttonRight\"\n\t\t\tdata-wp-style--top=\"state.thisImage.buttonTop\"\n\t\t>\n\t\t\t<svg xmlns=\"http:\/\/www.w3.org\/2000\/svg\" width=\"12\" height=\"12\" fill=\"none\" viewBox=\"0 0 12 12\">\n\t\t\t\t<path fill=\"#fff\" d=\"M2 0a2 2 0 0 0-2 2v2h1.5V2a.5.5 0 0 1 .5-.5h2V0H2Zm2 10.5H2a.5.5 0 0 1-.5-.5V8H0v2a2 2 0 0 0 2 2h2v-1.5ZM8 12v-1.5h2a.5.5 0 0 0 .5-.5V8H12v2a2 2 0 0 1-2 2H8Zm2-12a2 2 0 0 1 2 2v2h-1.5V2a.5.5 0 0 0-.5-.5H8V0h2Z\" \/>\n\t\t\t<\/svg>\n\t\t<\/button><figcaption class=\"wp-element-caption\">Foto: Noland Live \/ Pexels<\/figcaption><\/figure>\n\n\n\n<h3 class=\"wp-block-heading\"><span class=\"ez-toc-section\" id=\"4_Vueling_si_kilogramele_lor_treptate\"><\/span>4. Vueling \u0219i kilogramele lor treptate<span class=\"ez-toc-section-end\"><\/span><\/h3>\n\n\n\n<p class=\"wp-block-paragraph\">Compania low-cost spaniol\u0103 Vueling, care are chiar la Barcelona baza sa principal\u0103 cea mai mare, joac\u0103 cu pasagerii un joc pu\u021bin diferit \u0219i, la prima vedere, mai prietenos. Se concentreaz\u0103 pe <strong>gradarea foarte detaliat\u0103 a greut\u0103\u021bii bagajelor de cal\u0103<\/strong>, ceea ce \u00ee\u021bi d\u0103 teoretic o posibilitate excelent\u0103 s\u0103 pl\u0103te\u0219ti exact pentru ce ai nevoie \u0219i folose\u0219ti cu adev\u0103rat.<\/p>\n\n\n\n<p class=\"wp-block-paragraph\">Dac\u0103 c\u0103l\u0103tore\u0219ti u\u0219or \u0219i nu ai nevoie s\u0103 cari lucruri inutile, <strong>un troler de cincisprezece kilograme \u00eel ob\u021bii \u00een prev\u00e2nzare deja de la aproximativ 40 lei<\/strong>. Un bagaj mai mare de dou\u0103zeci de kilograme te cost\u0103 \u00een jur de 50 lei, iar pentru un troler de dou\u0103zeci \u0219i cinci de kilograme pl\u0103te\u0219ti de la aproximativ 75 lei. Sun\u0103 absolut corect \u0219i transparent exact p\u00e2n\u0103 \u00een clipa \u00een care dep\u0103\u0219e\u0219ti, la aeroport, limita cump\u0103rat\u0103 chiar \u0219i cu un singur kilogram \u00een plus.<\/p>\n\n\n\n<p class=\"wp-block-paragraph\">De \u00eendat\u0103 ce c\u00e2ntarul de la ghi\u0219eul de check-in arat\u0103 mai mult dec\u00e2t ai pl\u0103tit oficial, z\u00e2mbetele personalului dispar rapid \u0219i <strong>urmeaz\u0103 taxe ustur\u0103toare pentru supragreutate percepute pentru fiecare kilogram<\/strong>. De aceea, merit\u0103 cu siguran\u021b\u0103 s\u0103-\u021bi c\u00e2nt\u0103re\u0219ti trolerul plin \u00eenc\u0103 de acas\u0103, pe un c\u00e2ntar personal, \u0219i mai bine s\u0103 cumperi direct o rezerv\u0103 de cinci kilograme mai mare pentru c\u00e2\u021biva lei \u00een plus.<\/p>\n\n\n\n<p class=\"wp-block-paragraph\">\ud83d\udca1 Sfat: Vueling ofer\u0103 \u00een tarifele mai scumpe posibilitatea de a schimba gratuit zborul, ceea ce <strong>poate fi util la planificarea imprevizibil\u0103 a concediului de var\u0103<\/strong>, c\u00e2nd planurile de familie se schimb\u0103 literalmente de la o zi la alta.<\/p>\n\n\n\n<figure data-wp-context=\"{&quot;imageId&quot;:&quot;6a95500b6e5ab&quot;}\" data-wp-interactive=\"core\/image\" data-wp-key=\"6a95500b6e5ab\" class=\"wp-block-image size-full wp-lightbox-container\"><img decoding=\"async\" width=\"1600\" height=\"900\" data-wp-class--hide=\"state.isContentHidden\" data-wp-class--show=\"state.isContentVisible\" data-wp-init=\"callbacks.setButtonStyles\" data-wp-on--click=\"actions.showLightbox\" data-wp-on--load=\"callbacks.setButtonStyles\" data-wp-on--pointerdown=\"actions.preloadImage\" data-wp-on--pointerenter=\"actions.preloadImageWithDelay\" data-wp-on--pointerleave=\"actions.cancelPreload\" data-wp-on-window--resize=\"callbacks.setButtonStyles\" src=\"https:\/\/loudavymkrokem.cz\/wp-content\/uploads\/2026\/08\/barcelona-pozor-na-letni-skrty-u-smartwings-px.jpg\" alt=\"Avion pe platforma aeroportului\" class=\"wp-image-376475\" title=\"\" srcset=\"https:\/\/loudavymkrokem.cz\/wp-content\/uploads\/2026\/08\/barcelona-pozor-na-letni-skrty-u-smartwings-px.jpg 1600w, https:\/\/loudavymkrokem.cz\/wp-content\/uploads\/2026\/08\/barcelona-pozor-na-letni-skrty-u-smartwings-px-300x169.jpg 300w, https:\/\/loudavymkrokem.cz\/wp-content\/uploads\/2026\/08\/barcelona-pozor-na-letni-skrty-u-smartwings-px-700x394.jpg 700w, https:\/\/loudavymkrokem.cz\/wp-content\/uploads\/2026\/08\/barcelona-pozor-na-letni-skrty-u-smartwings-px-768x432.jpg 768w, https:\/\/loudavymkrokem.cz\/wp-content\/uploads\/2026\/08\/barcelona-pozor-na-letni-skrty-u-smartwings-px-1536x864.jpg 1536w, https:\/\/loudavymkrokem.cz\/wp-content\/uploads\/2026\/08\/barcelona-pozor-na-letni-skrty-u-smartwings-px-696x392.jpg 696w, https:\/\/loudavymkrokem.cz\/wp-content\/uploads\/2026\/08\/barcelona-pozor-na-letni-skrty-u-smartwings-px-1392x783.jpg 1392w\" sizes=\"(max-width: 1600px) 100vw, 1600px\" \/><button\n\t\t\tclass=\"lightbox-trigger\"\n\t\t\ttype=\"button\"\n\t\t\taria-haspopup=\"dialog\"\n\t\t\tdata-wp-bind--aria-label=\"state.thisImage.triggerButtonAriaLabel\"\n\t\t\tdata-wp-init=\"callbacks.initTriggerButton\"\n\t\t\tdata-wp-on--click=\"actions.showLightbox\"\n\t\t\tdata-wp-style--right=\"state.thisImage.buttonRight\"\n\t\t\tdata-wp-style--top=\"state.thisImage.buttonTop\"\n\t\t>\n\t\t\t<svg xmlns=\"http:\/\/www.w3.org\/2000\/svg\" width=\"12\" height=\"12\" fill=\"none\" viewBox=\"0 0 12 12\">\n\t\t\t\t<path fill=\"#fff\" d=\"M2 0a2 2 0 0 0-2 2v2h1.5V2a.5.5 0 0 1 .5-.5h2V0H2Zm2 10.5H2a.5.5 0 0 1-.5-.5V8H0v2a2 2 0 0 0 2 2h2v-1.5ZM8 12v-1.5h2a.5.5 0 0 0 .5-.5V8H12v2a2 2 0 0 1-2 2H8Zm2-12a2 2 0 0 1 2 2v2h-1.5V2a.5.5 0 0 0-.5-.5H8V0h2Z\" \/>\n\t\t\t<\/svg>\n\t\t<\/button><figcaption class=\"wp-element-caption\">Foto: Dan Wright \/ Pexels<\/figcaption><\/figure>\n\n\n\n<h3 class=\"wp-block-heading\"><span class=\"ez-toc-section\" id=\"5_Atentie_la_reducerile_de_curse_din_vara\"><\/span>5. Aten\u021bie la reducerile de curse din var\u0103<span class=\"ez-toc-section-end\"><\/span><\/h3>\n\n\n\n<p class=\"wp-block-paragraph\">Companiile aeriene sunt pentru mul\u021bi c\u0103l\u0103tori din Rom\u00e2nia un pariu pe siguran\u021b\u0103 absolut\u0103, dar \u00een 2026 trebuie s\u0103 fii extrem de prudent la rezervarea concediului. Conform informa\u021biilor oficiale, unele companii au <strong>redus semnificativ frecven\u021bele pe c\u00e2teva rute populare<\/strong>, iar unele leg\u0103turi au fost chiar anulate complet.<\/p>\n\n\n\n<p class=\"wp-block-paragraph\">De\u0219i Barcelona nu figureaz\u0103, din fericire, printre rutele anulate oficial \u0219i companiile continu\u0103 s\u0103 zboare aici, este un semnal clar c\u0103 <strong>orarele de zbor din var\u0103 se pot schimba foarte dinamic<\/strong> \u00een func\u021bie de gradul actual de ocupare. Nu e nimic mai r\u0103u dec\u00e2t s\u0103 rezervi un hotel scump l\u00e2ng\u0103 plaj\u0103 \u0219i, cu c\u00e2teva s\u0103pt\u0103m\u00e2ni \u00eenainte de plecare, s\u0103 afli c\u0103 zborul t\u0103u de mar\u021bi a fost mutat brusc pe joi diminea\u021b\u0103.<\/p>\n\n\n\n<p class=\"wp-block-paragraph\">De aceea, verific\u0103 \u00eentotdeauna cu aten\u021bie toate orele orientative \u0219i zilele concrete de plecare <strong>direct pe site-ul oficial al transportatorului<\/strong>, chiar \u00eenainte de cump\u0103rarea final\u0103 a biletului. Nu te baza niciodat\u0103 doar pe date mai vechi din marile motoare de c\u0103utare, care pot avea mici \u00eent\u00e2rzieri \u00een actualizarea sistemelor \u0219i pot oferi zboruri inexistente.<\/p>\n\n\n\n<p class=\"wp-block-paragraph\">\ud83d\udca1 Sfat: Dac\u0103 compania \u00ee\u021bi anuleaz\u0103 zborul cu mai pu\u021bin de paisprezece zile \u00eenainte de plecare, <strong>ai dreptul, conform regulilor europene, la o compensa\u021bie financiar\u0103 generoas\u0103<\/strong>, a\u0219a c\u0103 fii atent s\u0103-\u021bi urm\u0103re\u0219ti drepturile.<\/p>\n\n\n\n<figure data-wp-context=\"{&quot;imageId&quot;:&quot;6a95500b6ecfb&quot;}\" data-wp-interactive=\"core\/image\" data-wp-key=\"6a95500b6ecfb\" class=\"wp-block-image size-full wp-lightbox-container\"><img decoding=\"async\" width=\"2000\" height=\"1333\" data-wp-class--hide=\"state.isContentHidden\" data-wp-class--show=\"state.isContentVisible\" data-wp-init=\"callbacks.setButtonStyles\" data-wp-on--click=\"actions.showLightbox\" data-wp-on--load=\"callbacks.setButtonStyles\" data-wp-on--pointerdown=\"actions.preloadImage\" data-wp-on--pointerenter=\"actions.preloadImageWithDelay\" data-wp-on--pointerleave=\"actions.cancelPreload\" data-wp-on-window--resize=\"callbacks.setButtonStyles\" src=\"https:\/\/loudavymkrokem.cz\/wp-content\/uploads\/2026\/08\/barcelona-strecha-vyhled.jpg\" alt=\"Priveli\u0219te spre acoperi\u0219urile ora\u0219ului vechi din Barcelona de pe o teras\u0103\" class=\"wp-image-376351\" title=\"\" srcset=\"https:\/\/loudavymkrokem.cz\/wp-content\/uploads\/2026\/08\/barcelona-strecha-vyhled.jpg 2000w, https:\/\/loudavymkrokem.cz\/wp-content\/uploads\/2026\/08\/barcelona-strecha-vyhled-300x200.jpg 300w, https:\/\/loudavymkrokem.cz\/wp-content\/uploads\/2026\/08\/barcelona-strecha-vyhled-700x467.jpg 700w, https:\/\/loudavymkrokem.cz\/wp-content\/uploads\/2026\/08\/barcelona-strecha-vyhled-768x512.jpg 768w, https:\/\/loudavymkrokem.cz\/wp-content\/uploads\/2026\/08\/barcelona-strecha-vyhled-1536x1024.jpg 1536w, https:\/\/loudavymkrokem.cz\/wp-content\/uploads\/2026\/08\/barcelona-strecha-vyhled-696x464.jpg 696w, https:\/\/loudavymkrokem.cz\/wp-content\/uploads\/2026\/08\/barcelona-strecha-vyhled-1392x928.jpg 1392w, https:\/\/loudavymkrokem.cz\/wp-content\/uploads\/2026\/08\/barcelona-strecha-vyhled-1920x1280.jpg 1920w\" sizes=\"(max-width: 2000px) 100vw, 2000px\" \/><button\n\t\t\tclass=\"lightbox-trigger\"\n\t\t\ttype=\"button\"\n\t\t\taria-haspopup=\"dialog\"\n\t\t\tdata-wp-bind--aria-label=\"state.thisImage.triggerButtonAriaLabel\"\n\t\t\tdata-wp-init=\"callbacks.initTriggerButton\"\n\t\t\tdata-wp-on--click=\"actions.showLightbox\"\n\t\t\tdata-wp-style--right=\"state.thisImage.buttonRight\"\n\t\t\tdata-wp-style--top=\"state.thisImage.buttonTop\"\n\t\t>\n\t\t\t<svg xmlns=\"http:\/\/www.w3.org\/2000\/svg\" width=\"12\" height=\"12\" fill=\"none\" viewBox=\"0 0 12 12\">\n\t\t\t\t<path fill=\"#fff\" d=\"M2 0a2 2 0 0 0-2 2v2h1.5V2a.5.5 0 0 1 .5-.5h2V0H2Zm2 10.5H2a.5.5 0 0 1-.5-.5V8H0v2a2 2 0 0 0 2 2h2v-1.5ZM8 12v-1.5h2a.5.5 0 0 0 .5-.5V8H12v2a2 2 0 0 1-2 2H8Zm2-12a2 2 0 0 1 2 2v2h-1.5V2a.5.5 0 0 0-.5-.5H8V0h2Z\" \/>\n\t\t\t<\/svg>\n\t\t<\/button><\/figure>\n\n\n\n<h3 class=\"wp-block-heading\"><span class=\"ez-toc-section\" id=\"6_Aeroporturile_%E2%80%9Efalse%E2%80%9D_Girona_si_Reus\"><\/span>6. Aeroporturile \u201efalse&#8221; Girona \u0219i Reus<span class=\"ez-toc-section-end\"><\/span><\/h3>\n\n\n\n<p class=\"wp-block-paragraph\">Ani mul\u021bi a fost valabil\u0103 o regul\u0103 foarte perfid\u0103: cele mai ieftine bilete cu inscrip\u021bia uria\u0219\u0103 \u201eBarcelona&#8221; nu te duceau, de fapt, deloc \u00een Barcelona. Companiile low-cost folosesc foarte bucuros <strong>aeroportul Girona\u2013Costa Brava din nord \u0219i aeroportul Reus din sud<\/strong>, ambele aflate la aproximativ o sut\u0103 de kilometri de metropola catalan\u0103 \u0219i necesit\u00e2nd transport suplimentar.<\/p>\n\n\n\n<p class=\"wp-block-paragraph\">Avertismentul esen\u021bial pentru 2026 const\u0103 \u00een faptul c\u0103 <strong>zborurile directe spre Girona sau Reus nu apar deloc \u00een orarele de var\u0103<\/strong>. Motoarele de c\u0103utare pot ar\u0103ta leg\u0103turi cu pre\u021buri de la 90 la 135 de dolari, dar dup\u0103 ce le deschizi vei constata c\u0103 e vorba mereu de zboruri foarte lungi cu escal\u0103, care nu au niciun sens pentru un concediu scurt.<\/p>\n\n\n\n<p class=\"wp-block-paragraph\">Chiar dac\u0103 ai descoperi un astfel de zbor prin alt ora\u0219, calculeaz\u0103-\u021bi dinainte capcana brutal\u0103 a transferului. Autobuzele liniei 604 ale companiei Sagal\u00e9s de la Girona la gara Estaci\u00f3 del Nord <strong>cost\u0103 22 \u20ac (cca 110 lei) pentru un sens<\/strong>, iar drumul dureaz\u0103 peste o or\u0103 \u0219i un sfert. De la Reus circul\u0103 compania Hispano Igualadina pentru orientativ 15 \u20ac pe sens, iar drumul se lunge\u0219te la o or\u0103 \u0219i dou\u0103zeci de minute. Aceste autobuze a\u0219teapt\u0103 la sosiri, dar la \u00eentoarcere trebuie s\u0103-\u021bi urm\u0103re\u0219ti singur cursa cu aten\u021bie.<\/p>\n\n\n\n<p class=\"wp-block-paragraph\">\ud83d\udca1 Sfat: Aceste aeroporturi \u00eendep\u0103rtate au sens logic doar dac\u0103 <strong>concediul t\u0103u se \u00eendrept\u0103 \u00een primul r\u00e2nd spre plajele Costa Brava sau spre parcul de distrac\u021bii PortAventura<\/strong>, altfel ocole\u0219te-le pe departe.<\/p>\n\n\n\n<figure data-wp-context=\"{&quot;imageId&quot;:&quot;6a95500b6f264&quot;}\" data-wp-interactive=\"core\/image\" data-wp-key=\"6a95500b6f264\" class=\"wp-block-image size-full wp-lightbox-container\"><img decoding=\"async\" width=\"1600\" height=\"1065\" data-wp-class--hide=\"state.isContentHidden\" data-wp-class--show=\"state.isContentVisible\" data-wp-init=\"callbacks.setButtonStyles\" data-wp-on--click=\"actions.showLightbox\" data-wp-on--load=\"callbacks.setButtonStyles\" data-wp-on--pointerdown=\"actions.preloadImage\" data-wp-on--pointerenter=\"actions.preloadImageWithDelay\" data-wp-on--pointerleave=\"actions.cancelPreload\" data-wp-on-window--resize=\"callbacks.setButtonStyles\" src=\"https:\/\/loudavymkrokem.cz\/wp-content\/uploads\/2026\/08\/barcelona-den-1-a-2-to-nejdulezitejsi-z-metrop-px.jpg\" alt=\"Peron de metrou din Barcelona\" class=\"wp-image-376542\" title=\"\" srcset=\"https:\/\/loudavymkrokem.cz\/wp-content\/uploads\/2026\/08\/barcelona-den-1-a-2-to-nejdulezitejsi-z-metrop-px.jpg 1600w, https:\/\/loudavymkrokem.cz\/wp-content\/uploads\/2026\/08\/barcelona-den-1-a-2-to-nejdulezitejsi-z-metrop-px-300x200.jpg 300w, https:\/\/loudavymkrokem.cz\/wp-content\/uploads\/2026\/08\/barcelona-den-1-a-2-to-nejdulezitejsi-z-metrop-px-700x466.jpg 700w, https:\/\/loudavymkrokem.cz\/wp-content\/uploads\/2026\/08\/barcelona-den-1-a-2-to-nejdulezitejsi-z-metrop-px-768x511.jpg 768w, https:\/\/loudavymkrokem.cz\/wp-content\/uploads\/2026\/08\/barcelona-den-1-a-2-to-nejdulezitejsi-z-metrop-px-1536x1022.jpg 1536w, https:\/\/loudavymkrokem.cz\/wp-content\/uploads\/2026\/08\/barcelona-den-1-a-2-to-nejdulezitejsi-z-metrop-px-696x463.jpg 696w, https:\/\/loudavymkrokem.cz\/wp-content\/uploads\/2026\/08\/barcelona-den-1-a-2-to-nejdulezitejsi-z-metrop-px-1392x927.jpg 1392w\" sizes=\"(max-width: 1600px) 100vw, 1600px\" \/><button\n\t\t\tclass=\"lightbox-trigger\"\n\t\t\ttype=\"button\"\n\t\t\taria-haspopup=\"dialog\"\n\t\t\tdata-wp-bind--aria-label=\"state.thisImage.triggerButtonAriaLabel\"\n\t\t\tdata-wp-init=\"callbacks.initTriggerButton\"\n\t\t\tdata-wp-on--click=\"actions.showLightbox\"\n\t\t\tdata-wp-style--right=\"state.thisImage.buttonRight\"\n\t\t\tdata-wp-style--top=\"state.thisImage.buttonTop\"\n\t\t>\n\t\t\t<svg xmlns=\"http:\/\/www.w3.org\/2000\/svg\" width=\"12\" height=\"12\" fill=\"none\" viewBox=\"0 0 12 12\">\n\t\t\t\t<path fill=\"#fff\" d=\"M2 0a2 2 0 0 0-2 2v2h1.5V2a.5.5 0 0 1 .5-.5h2V0H2Zm2 10.5H2a.5.5 0 0 1-.5-.5V8H0v2a2 2 0 0 0 2 2h2v-1.5ZM8 12v-1.5h2a.5.5 0 0 0 .5-.5V8H12v2a2 2 0 0 1-2 2H8Zm2-12a2 2 0 0 1 2 2v2h-1.5V2a.5.5 0 0 0-.5-.5H8V0h2Z\" \/>\n\t\t\t<\/svg>\n\t\t<\/button><\/figure>\n\n\n\n<!-- LKM_GYG_CARD start q=\"letenky barcelona\" lang=\"ro\" rendered=\"2026-08-31T08:24:04+00:00\" v=\"1\" -->\n<style id=\"lk-gyg-styles\">\n@import url(\"https:\/\/fonts.googleapis.com\/css2?family=Playfair+Display:wght@700&family=DM+Sans:wght@300;400;500;600&display=swap\");\n\/* === LK GYG karty \u2014 CRO redesign 2026-05 (namespace .lkx-) ===\n   C\u00edl: vy\u0161\u0161\u00ed CTR (hero + v\u00fdrazn\u00fd social proof + ak\u010dn\u00ed CTA, m\u00e9n\u011b \"reklamn\u00ed\").\n   Injektuje se inline do prvn\u00edho markeru postu (refresh_cards.py --inline-css). *\/\n.lkx-module, .lkx-module *{box-sizing:border-box;margin:0;padding:0}\n.lkx-module{\n  font-family:'DM Sans',-apple-system,Segoe UI,Roboto,Georgia,sans-serif;\n  max-width:860px;margin:2.5rem auto;color:#1f2328;\n}\n\n\/* HEADER \u2014 lehk\u00fd editorsk\u00fd, \u017e\u00e1dn\u00fd bannerov\u00fd blok; nadpis + popisek pod n\u00edm *\/\n.lkx-head{margin-bottom:16px}\n.lkx-head-main{display:flex;align-items:center;gap:10px}\n.lkx-head-accent{width:26px;height:3px;border-radius:2px;background:#c39f76;flex-shrink:0}\n.lkx-head-title{font-family:'Playfair Display',Georgia,serif;font-size:21px;font-weight:700;color:#1a1a1a;line-height:1.25}\n.lkx-head-meta{display:block;font-size:11px;letter-spacing:.3px;color:#9aa0a6;margin-top:4px;margin-left:36px}\n\n\/* HERO *\/\n.lkx-hero{display:grid;grid-template-columns:300px 1fr;background:#fff;border:1px solid #ece7df;border-radius:14px;overflow:hidden;text-decoration:none!important;color:inherit;box-shadow:0 6px 20px rgba(0,0,0,.06);transition:box-shadow .2s,transform .2s;margin-bottom:14px}\n.lkx-hero:hover{box-shadow:0 12px 30px rgba(0,0,0,.12);transform:translateY(-2px)}\n.lkx-hero-img{position:relative;min-height:230px;background-size:cover;background-position:center;background-color:#eee}\n.lkx-hero-body{padding:22px 24px;display:flex;flex-direction:column}\n.lkx-pick{position:absolute;top:12px;left:12px;background:#1a1a1a;color:#fff;font-size:11px;font-weight:700;letter-spacing:.5px;padding:5px 11px;border-radius:20px}\n\n\/* TITLE *\/\n.lkx-title{font-size:19px;font-weight:700;color:#161616;line-height:1.3}\n.lkx-title-sm{font-size:14.5px;line-height:1.35;display:-webkit-box;-webkit-line-clamp:2;-webkit-box-orient:vertical;overflow:hidden}\n\n\/* SOCIAL PROOF \u2014 v\u00fdrazn\u011b, naho\u0159e *\/\n.lkx-proof{display:flex;align-items:center;gap:7px;margin-top:12px;font-size:15px;color:#3a3a3a}\n.lkx-proof b{font-size:16px;color:#161616}\n.lkx-stars{color:#f5a623;letter-spacing:1px}\n.lkx-proof-sm{font-size:12.5px;margin-top:8px;gap:5px}\n.lkx-proof-sm b{font-size:13px}\n.lkx-proof-new{color:#3685fc;font-weight:600}\n\n\/* PRICE \u2014 n\u00edzk\u00e1 kotva *\/\n.lkx-price{font-size:14px;color:#6b7280}\n.lkx-price b{font-size:20px;color:#161616;font-weight:700}\n.lkx-price-sm b{font-size:15px}\n\n\/* CTA \u2014 tepl\u00e9 ak\u010dn\u00ed tla\u010d\u00edtko *\/\n.lkx-cta{display:inline-flex;align-items:center;justify-content:center;text-decoration:none!important;font-weight:700;color:#fff!important;background:linear-gradient(135deg,#f6743f,#e8552a);border-radius:10px;box-shadow:0 6px 16px rgba(232,85,42,.32);transition:box-shadow .2s}\n.lkx-cta-hero{font-size:15px;padding:13px 22px}\n.lkx-hero:hover .lkx-cta-hero{box-shadow:0 8px 22px rgba(232,85,42,.45)}\n.lkx-cta-sm{font-size:12.5px;padding:9px 14px;width:100%;margin-top:2px}\n.lkx-hero-bottom{margin-top:auto;padding-top:18px;display:flex;align-items:center;justify-content:space-between;gap:14px;flex-wrap:wrap}\n\n\/* BADGE \u2014 jeden v\u00fdrazn\u00fd na fotce *\/\n.lkx-badge{position:absolute;top:12px;right:12px;font-size:10.5px;font-weight:700;letter-spacing:.3px;padding:5px 10px;border-radius:16px;color:#fff}\n.lkx-badge.badge-urgency{background:rgba(214,40,40,.92)}\n.lkx-badge.badge-new{background:rgba(54,133,252,.92)}\n.lkx-badge.badge-top{background:rgba(195,159,118,.95)}\n.lkx-badge.badge-info{background:rgba(40,40,40,.78)}\n\n\/* SECONDARY GRID *\/\n.lkx-grid{display:grid;grid-template-columns:1fr 1fr;gap:14px}\n.lkx-card{background:#fff;border:1px solid #ece7df;border-radius:14px;overflow:hidden;text-decoration:none!important;color:inherit;box-shadow:0 4px 14px rgba(0,0,0,.05);display:flex;flex-direction:column;transition:box-shadow .2s,transform .2s}\n.lkx-card:hover{box-shadow:0 10px 24px rgba(0,0,0,.1);transform:translateY(-2px)}\n.lkx-card-img{position:relative;aspect-ratio:16\/10;background-size:cover;background-position:center;background-color:#eee}\n.lkx-card-body{padding:14px 16px 16px;display:flex;flex-direction:column;gap:7px;flex:1}\n.lkx-card-bottom{margin-top:auto;padding-top:10px;display:flex;align-items:center;justify-content:space-between;gap:8px}\n\n\/* DISCLOSURE \u2014 drobn\u00e1, kv\u016fli d\u016fv\u011b\u0159e\/z\u00e1konu *\/\n.lkx-disclosure{font-size:11px;color:#a7adb3;text-align:center;margin-top:14px;line-height:1.6}\n.lkx-disclosure a{color:#c39f76;text-decoration:none}\n\n@media(max-width:680px){\n  .lkx-hero{grid-template-columns:1fr}\n  .lkx-hero-img{min-height:180px}\n  .lkx-grid{grid-template-columns:1fr}\n  .lkx-head-meta{margin-left:0;width:100%}\n  .lkx-head-title{font-size:19px}\n}\n\n<\/style>\n<div class=\"lkx-module\" data-query=\"letenky barcelona\">\n  <div class=\"lkx-head\">\n    <div class=\"lkx-head-main\">\n      <span class=\"lkx-head-accent\"><\/span>\n      <span class=\"lkx-head-title\">Experien\u021be \u0219i bilete<\/span>\n    <\/div>\n    <span class=\"lkx-head-meta\">evaluat de c\u0103l\u0103tori \u00b7 GetYourGuide<\/span>\n  <\/div><a class=\"lkx-hero\" href=\"https:\/\/www.getyourguide.com\/ro-ro\/barcelona-l45\/hola-bcn-barcelona-travel-card-t50000\/?partner_id=MKZ64IS&amp;utm_medium=online_publisher&amp;cmp=barcelona-spania-cum-ajungi\" target=\"_blank\" rel=\"sponsored noopener nofollow\">\n    <div class=\"lkx-hero-img\" style=\"background-image:url('https:\/\/cdn.getyourguide.com\/img\/tour\/88b8b216ab478b32.jpeg\/132.jpg')\" role=\"img\" aria-label=\"Barcelona: Hola Barcelona Public Transport Travel Card\">\n      <span class=\"lkx-pick\">\u2605 Recomandarea noastr\u0103<\/span><\/div>\n    <div class=\"lkx-hero-body\">\n      <div class=\"lkx-title\">Barcelona: Hola Barcelona Public Transport Travel Card<\/div>\n      <div class=\"lkx-proof\">\n      <span class=\"lkx-stars\">\u2605\u2605\u2605\u2605\u2605<\/span>\n      <b>4.5<\/b> \u00b7 22 221 de recenzii\n    <\/div>\n      <div class=\"lkx-hero-bottom\"><div class=\"lkx-price\">de la <b>19\u00a0EUR<\/b><\/div><span class=\"lkx-cta lkx-cta-hero\">Vreau aceast\u0103 experien\u021b\u0103 \u2192<\/span>\n      <\/div>\n    <\/div>\n  <\/a><div class=\"lkx-grid\"><a class=\"lkx-card\" href=\"https:\/\/www.getyourguide.com\/ro-ro\/barcelona-l45\/barcelona-transfer-aerobus-de-lala-aeroport-catre-centrul-orasului-t1106572\/?partner_id=MKZ64IS&amp;utm_medium=online_publisher&amp;cmp=barcelona-spania-cum-ajungi\" target=\"_blank\" rel=\"sponsored noopener nofollow\">\n      <div class=\"lkx-card-img\" style=\"background-image:url('https:\/\/cdn.getyourguide.com\/img\/tour\/fb30594c49d3b13cd26d272195e3c49155cffbdb70f866369b29c429d17194e8.jpeg\/132.jpg')\" role=\"img\" aria-label=\"Barcelona: Transfer Aerob\u00fas de la\/la aeroport c\u0103tre centrul ora\u0219ului\"><\/div>\n      <div class=\"lkx-card-body\">\n        <div class=\"lkx-title lkx-title-sm\">Barcelona: Transfer Aerob\u00fas de la\/la aeroport c\u0103tre centrul ora\u0219ului<\/div>\n        <div class=\"lkx-proof lkx-proof-sm\">\n      <span class=\"lkx-stars\">\u2605<\/span>\n      <b>4.6<\/b> \u00b7 267\n    <\/div>\n        <div class=\"lkx-card-bottom\"><span class=\"lkx-price lkx-price-sm\">de la <b>8\u00a0EUR<\/b><\/span><span class=\"lkx-cta lkx-cta-sm\">Vezi datele \u2192<\/span>\n        <\/div>\n      <\/div>\n    <\/a><a class=\"lkx-card\" href=\"https:\/\/www.getyourguide.com\/ro-ro\/barcelona-l45\/sagrada-familia-bilet-fara-stat-la-coada-t50027\/?partner_id=MKZ64IS&amp;utm_medium=online_publisher&amp;cmp=barcelona-spania-cum-ajungi\" target=\"_blank\" rel=\"sponsored noopener nofollow\">\n      <div class=\"lkx-card-img\" style=\"background-image:url('https:\/\/cdn.getyourguide.com\/img\/tour\/62bacf6a87bba.jpeg\/132.jpg')\" role=\"img\" aria-label=\"Barcelona: Bilet de intrare la Sagrada Familia, cu ghid audio\"><\/div>\n      <div class=\"lkx-card-body\">\n        <div class=\"lkx-title lkx-title-sm\">Barcelona: Bilet de intrare la Sagrada Familia, cu ghid audio<\/div>\n        <div class=\"lkx-proof lkx-proof-sm\">\n      <span class=\"lkx-stars\">\u2605<\/span>\n      <b>4.6<\/b> \u00b7 117 939\n    <\/div>\n        <div class=\"lkx-card-bottom\"><span class=\"lkx-price lkx-price-sm\">de la <b>34\u00a0EUR<\/b><\/span><span class=\"lkx-cta lkx-cta-sm\">Vezi datele \u2192<\/span>\n        <\/div>\n      <\/div>\n    <\/a><\/div><div class=\"lkx-disclosure\">\ud83d\udd17 Linkurile sunt de afiliere \u2014 nu \u00ee\u021bi schimb\u0103 pre\u021bul, dar ne ajut\u0103 s\u0103 cre\u0103m con\u021binut. \u00b7 <a href=\"https:\/\/www.getyourguide.com\/ro-ro\/s\/?q=letenky+barcelona&amp;partner_id=MKZ64IS&amp;utm_medium=online_publisher\" target=\"_blank\" rel=\"sponsored noopener nofollow\">Toate experien\u021bele \u2192<\/a><\/div>\n<\/div>\n<!-- LKM_GYG_CARD end -->\n\n\n\n\n<div class=\"lk-stays-module\">\n<style>\n\/* \u2500\u2500\u2500 RESET PRO GUTENBERG \u2500\u2500\u2500 *\/\n.lk-stays-module * { box-sizing: border-box; margin: 0; padding: 0; }\n\n\/* \u2500\u2500\u2500 WRAPPER \u2500\u2500\u2500 *\/\n.lk-stays-module {\n  font-family: 'DM Sans', Georgia, sans-serif;\n  max-width: 100%;\n  margin: 2.5rem auto;\n  background: linear-gradient(135deg, #fdfaf5 0%, #fcf8f0 100%);\n  border: 1px solid #e8dfd4;\n  border-radius: 16px;\n  overflow: hidden;\n  box-shadow: 0 16px 48px rgba(195, 159, 118, 0.25), 0 4px 12px rgba(0,0,0,0.08);\n}\n\n\/* \u2500\u2500\u2500 HEADER \u2500\u2500\u2500 *\/\n.lk-stays-header {\n  position: relative;\n  padding: 24px 36px 24px;\n  background: linear-gradient(135deg, #c39f76 0%, #d4b188 60%, #c39f76 100%);\n  border-bottom: 1px solid rgba(255,255,255,.15);\n  display: flex;\n  align-items: center;\n  gap: 18px;\n}\n.lk-stays-header::before {\n  content: '';\n  position: absolute;\n  inset: 0;\n  background: url(\"data:image\/svg+xml,%3Csvg width='60' height='60' viewBox='0 0 60 60' xmlns='http:\/\/www.w3.org\/2000\/svg'%3E%3Cg fill='none' fill-rule='evenodd'%3E%3Cg fill='%23ffffff' fill-opacity='0.05'%3E%3Cpath d='M36 34v-4h-2v4h-4v2h4v4h2v-4h4v-2h-4zm0-30V0h-2v4h-4v2h4v4h2V6h4V4h-4zM6 34v-4H4v4H0v2h4v4h2v-4h4v-2H6zM6 4V0H4v4H0v2h4v4h2V6h4V4H6z'\/%3E%3C\/g%3E%3C\/g%3E%3C\/svg%3E\") repeat;\n  pointer-events: none;\n}\n.lk-stays-icon {\n  flex-shrink: 0;\n  width: 68px;\n  height: 68px;\n  border-radius: 14px;\n  background: linear-gradient(135deg, #fff 0%, #f9f6f0 100%);\n  display: flex;\n  align-items: center;\n  justify-content: center;\n  font-size: 26px;\n  box-shadow: 0 4px 12px rgba(0,0,0,0.15);\n}\n.lk-stays-eyebrow {\n  font-size: 10px;\n  font-weight: 500;\n  letter-spacing: 2.5px;\n  text-transform: uppercase;\n  color: rgba(255,255,255,.85);\n  margin: 0 0 5px 0;\n}\n.lk-stays-title {\n  font-family: 'Playfair Display', Georgia, serif;\n  font-size: 24px;\n  font-weight: 700;\n  color: #fff;\n  line-height: 1.2;\n  text-shadow: 0 1px 2px rgba(0,0,0,0.1);\n  margin: 0;\n}\n.lk-stays-subtitle {\n  font-size: 13px;\n  color: rgba(255,255,255,.75);\n  margin: 4px 0 0 0;\n  font-weight: 300;\n}\n\n\/* \u2500\u2500\u2500 CARDS GRID \u2500\u2500\u2500 *\/\n.lk-stays-grid {\n  display: grid;\n  grid-template-columns: 1fr 1fr;\n  gap: 1px;\n  background: rgba(195, 159, 118, 0.12);\n}\n\n\/* \u2500\u2500\u2500 SINGLE CARD \u2500\u2500\u2500 *\/\n.lk-stay-card {\n  background: #ffffff;\n  padding: 26px;\n  display: flex;\n  flex-direction: column;\n  gap: 11px;\n  transition: all 0.3s ease;\n  text-decoration: none;\n  color: inherit;\n  position: relative;\n}\n.lk-stay-card:hover {\n  background: #fffbf5;\n  transform: translateY(-2px);\n  box-shadow: 0 8px 24px rgba(195, 159, 118, 0.18);\n  z-index: 1;\n}\n.lk-stay-card.featured {\n  background: linear-gradient(135deg, #fffdf9 0%, #fff9f0 100%);\n  box-shadow: 0 4px 16px rgba(195, 159, 118, 0.15), inset 0 1px 0 rgba(195, 159, 118, 0.1);\n}\n.lk-stay-card.featured:hover {\n  background: linear-gradient(135deg, #fffbf5 0%, #fff8ed 100%);\n  box-shadow: 0 8px 24px rgba(195, 159, 118, 0.25), inset 0 1px 0 rgba(195, 159, 118, 0.15);\n}\n\n.lk-stay-badge {\n  display: inline-flex;\n  align-items: center;\n  gap: 5px;\n  font-size: 10px;\n  font-weight: 500;\n  letter-spacing: 1.5px;\n  text-transform: uppercase;\n  padding: 5px 11px;\n  border-radius: 20px;\n  width: fit-content;\n}\n.badge-top     { background: linear-gradient(135deg, #c39f76 0%, #d4b188 100%); color: #fff; border: 1px solid #c39f76; font-weight: 600; box-shadow: 0 2px 8px rgba(195,159,118,0.3); }\n.badge-luxury  { background: rgba(195,159,118,.12); color: #c39f76; border: 1px solid rgba(195,159,118,.25); }\n.badge-boutique{ background: rgba(54,133,252,.08); color: #3685fc; border: 1px solid rgba(54,133,252,.2); }\n.badge-nature  { background: rgba(130,190,100,.1); color: #6b9c4a; border: 1px solid rgba(130,190,100,.2); }\n.badge-remote  { background: rgba(195,159,118,.12); color: #a67e50; border: 1px solid rgba(195,159,118,.25); }\n\n.lk-stay-name {\n  font-family: 'Playfair Display', Georgia, serif;\n  font-size: 18px;\n  font-weight: 700;\n  color: #111827;\n  line-height: 1.3;\n}\n.lk-stay-desc {\n  font-size: 13.5px;\n  color: #525252;\n  line-height: 1.65;\n  font-weight: 300;\n  flex: 1;\n}\n\n.lk-stay-meta {\n  display: flex;\n  align-items: center;\n  gap: 12px;\n  flex-wrap: wrap;\n  margin-top: 4px;\n}\n.lk-stay-price {\n  font-size: 13px;\n  color: #6b7280;\n}\n.lk-stay-price strong {\n  color: #c39f76;\n  font-weight: 500;\n}\n.lk-stay-stars {\n  color: #c39f76;\n  font-size: 11px;\n  letter-spacing: 1px;\n}\n\n\/* \u2500\u2500\u2500 CTA BUTTON \u2500\u2500\u2500 *\/\n.lk-stay-cta {\n  display: inline-flex;\n  align-items: center;\n  justify-content: center;\n  gap: 7px;\n  margin-top: 8px;\n  padding: 11px 20px;\n  border-radius: 8px;\n  background: linear-gradient(135deg, #3685fc 0%, #2a6fd9 100%);\n  color: #fff;\n  font-size: 13px;\n  font-weight: 500;\n  text-decoration: none;\n  letter-spacing: .3px;\n  transition: all .2s ease;\n  cursor: pointer;\n  border: none;\n  text-align: center;\n  box-shadow: 0 4px 12px rgba(54, 133, 252, 0.25);\n}\n.lk-stay-cta:hover {\n  background: linear-gradient(135deg, #2a6fd9 0%, #1e5bc4 100%);\n  transform: translateY(-1px);\n  box-shadow: 0 6px 16px rgba(54, 133, 252, 0.35);\n}\n.lk-stay-cta svg { flex-shrink: 0; }\n\n\/* \u2500\u2500\u2500 FOOTER \u2500\u2500\u2500 *\/\n.lk-stays-footer {\n  padding: 18px 36px;\n  background: linear-gradient(to bottom, #fdfaf5 0%, #f9f4ed 100%);\n  border-top: 1px solid rgba(195, 159, 118, 0.15);\n  display: flex;\n  align-items: center;\n  justify-content: space-between;\n  flex-wrap: wrap;\n  gap: 12px;\n}\n.lk-stays-footer-note {\n  font-size: 11.5px;\n  color: #6b7280;\n  font-weight: 300;\n  line-height: 1.5;\n}\n.lk-stays-footer-note a {\n  color: #c39f76;\n  text-decoration: none;\n  font-weight: 400;\n}\n.lk-stays-footer-note a:hover {\n  text-decoration: underline;\n}\n.lk-stays-all-btn {\n  display: inline-flex;\n  align-items: center;\n  gap: 6px;\n  font-size: 12.5px;\n  font-weight: 500;\n  color: #c39f76;\n  text-decoration: none;\n  border: 1px solid rgba(195, 159, 118, 0.35);\n  padding: 8px 18px;\n  border-radius: 8px;\n  transition: all .2s ease;\n}\n.lk-stays-all-btn:hover {\n  background: rgba(195, 159, 118, 0.08);\n  border-color: rgba(195, 159, 118, 0.5);\n}\n\n\/* \u2500\u2500\u2500 RESPONSIVE \u2500\u2500\u2500 *\/\n@media (max-width: 600px) {\n  .lk-stays-grid { grid-template-columns: 1fr; }\n  .lk-stays-header { padding: 24px 20px; }\n  .lk-stays-footer { padding: 16px 20px; }\n  .lk-stay-card { padding: 22px; }\n  .lk-stays-title { font-size: 20px; }\n}\n<\/style>\n\n  <!-- HEADER -->\n  <div class=\"lk-stays-header\">\n    <img decoding=\"async\" src=\"https:\/\/loudavymkrokem.cz\/wp-content\/uploads\/2026\/02\/lukas-a-lucka.jpg\" alt=\"\" style=\"width: 75px; height: 75px; border-radius: 8px; flex-shrink: 0; object-fit: cover; display: block; margin: 4px 0;\" title=\"\">\n    <div class=\"lk-stays-header-text\">\n      <div class=\"lk-stays-eyebrow\">Luk\u00e1\u0161 \u0219i Lucie recomand\u0103<\/div>\n      <div class=\"lk-stays-title\">Unde s\u0103 te cazezi \u00een Barcelona<\/div>\n      <div class=\"lk-stays-subtitle\">6 caz\u0103ri \u2014 hoteluri, hoteluri wellness \u0219i alte op\u021biuni de cazare<\/div>\n    <\/div>\n  <\/div>\n\n  <!-- CARDS -->\n  <div class=\"lk-stays-grid\">\n\n    <a class=\"lk-stay-card featured\" href=\"https:\/\/www.stay22.com\/allez\/roam?aid=lukaskonecny&#038;campaign=loudavymkrokemcz&#038;campaign=ro&#038;campaign=letenkydobarcelony&#038;address=Barcelona&#038;hotelname=Hotel+Gaud%C3%AD&#038;search=Hotel+Gaud%C3%AD&#038;category=accommodation\" target=\"_blank\" rel=\"nofollow noopener\">\n      <span class=\"lk-stay-badge badge-top\">\u2b50 TOP ALEGERE<\/span>\n      <span class=\"lk-stay-badge badge-nature\">\ud83c\udfe8 Hotel<\/span>\n      <div class=\"lk-stay-name\">Hotel Gaud\u00ed<\/div>\n      <div class=\"lk-stay-desc\">Alegere strategic\u0103 la doar c\u00e2\u021biva pa\u0219i de Palau G\u00fcell \u0219i La Rambla. Teras\u0103 pe acoperi\u0219 cu piscin\u0103 \u0219i vedere spre co\u0219urile lui Gaud\u00ed.<\/div>\n      <div class=\"lk-stay-meta\">\n        <span class=\"lk-stay-stars\">\u2605\u2605\u2605\u2605<\/span>\n        <span class=\"lk-stay-price\">Verific\u0103 pre\u021burile<\/span>\n      <\/div>\n      <span class=\"lk-stay-cta\">\n        <svg width=\"14\" height=\"14\" viewBox=\"0 0 24 24\" fill=\"none\" stroke=\"currentColor\" stroke-width=\"2\"><path d=\"M18 13v6a2 2 0 0 1-2 2H5a2 2 0 0 1-2-2V8a2 2 0 0 1 2-2h6\"\/><polyline points=\"15 3 21 3 21 9\"\/><line x1=\"10\" y1=\"14\" x2=\"21\" y2=\"3\"\/><\/svg>\n        Verific\u0103 disponibilitatea\n      <\/span>\n    <\/a>\n\n    <a class=\"lk-stay-card\" href=\"https:\/\/www.stay22.com\/allez\/roam?aid=lukaskonecny&#038;campaign=loudavymkrokemcz&#038;campaign=ro&#038;campaign=letenkydobarcelony&#038;address=Barcelona&#038;hotelname=Hotel+Ayre+Rosell%C3%B3n&#038;search=Hotel+Ayre+Rosell%C3%B3n&#038;category=accommodation\" target=\"_blank\" rel=\"nofollow noopener\">\n      <span class=\"lk-stay-badge badge-nature\">\ud83c\udfe8 Hotel<\/span>\n      <div class=\"lk-stay-name\">Hotel Ayre Rosell\u00f3n<\/div>\n      <div class=\"lk-stay-desc\">Vedere uimitoare direct spre Sagrada Fam\u00edlia \u00een construc\u021bie de la barul de pe acoperi\u0219. Alegere vizual impresionant\u0103.<\/div>\n      <div class=\"lk-stay-meta\">\n        <span class=\"lk-stay-stars\">\u2605\u2605\u2605\u2605<\/span>\n        <span class=\"lk-stay-price\">Verific\u0103 pre\u021burile<\/span>\n      <\/div>\n      <span class=\"lk-stay-cta\">\n        <svg width=\"14\" height=\"14\" viewBox=\"0 0 24 24\" fill=\"none\" stroke=\"currentColor\" stroke-width=\"2\"><path d=\"M18 13v6a2 2 0 0 1-2 2H5a2 2 0 0 1-2-2V8a2 2 0 0 1 2-2h6\"\/><polyline points=\"15 3 21 3 21 9\"\/><line x1=\"10\" y1=\"14\" x2=\"21\" y2=\"3\"\/><\/svg>\n        Verific\u0103 disponibilitatea\n      <\/span>\n    <\/a>\n\n    <a class=\"lk-stay-card\" href=\"https:\/\/www.stay22.com\/allez\/roam?aid=lukaskonecny&#038;campaign=loudavymkrokemcz&#038;campaign=ro&#038;campaign=letenkydobarcelony&#038;address=Barcelona&#038;hotelname=Motel+One+Barcelona-Ciutadella&#038;search=Motel+One+Barcelona-Ciutadella&#038;category=accommodation\" target=\"_blank\" rel=\"nofollow noopener\">\n      <span class=\"lk-stay-badge badge-nature\">\ud83c\udfe8 Hotel<\/span>\n      <div class=\"lk-stay-name\">Motel One Barcelona-Ciutadella<\/div>\n      <div class=\"lk-stay-desc\">Camere moderne l\u00e2ng\u0103 un parc imens la distan\u021b\u0103 de mers pe jos de plaj\u0103. Alegere excelent\u0103 pentru buget redus.<\/div>\n      <div class=\"lk-stay-meta\">\n        <span class=\"lk-stay-stars\">\u2605\u2605\u2605\u2605<\/span>\n        <span class=\"lk-stay-price\">Verific\u0103 pre\u021burile<\/span>\n      <\/div>\n      <span class=\"lk-stay-cta\">\n        <svg width=\"14\" height=\"14\" viewBox=\"0 0 24 24\" fill=\"none\" stroke=\"currentColor\" stroke-width=\"2\"><path d=\"M18 13v6a2 2 0 0 1-2 2H5a2 2 0 0 1-2-2V8a2 2 0 0 1 2-2h6\"\/><polyline points=\"15 3 21 3 21 9\"\/><line x1=\"10\" y1=\"14\" x2=\"21\" y2=\"3\"\/><\/svg>\n        Verific\u0103 disponibilitatea\n      <\/span>\n    <\/a>\n\n    <a class=\"lk-stay-card\" href=\"https:\/\/www.stay22.com\/allez\/roam?aid=lukaskonecny&#038;campaign=loudavymkrokemcz&#038;campaign=ro&#038;campaign=letenkydobarcelony&#038;address=Barcelona&#038;hotelname=W+Barcelona&#038;search=W+Barcelona&#038;category=accommodation\" target=\"_blank\" rel=\"nofollow noopener\">\n      <span class=\"lk-stay-badge badge-nature\">\u2b50 Luxury<\/span>\n      <div class=\"lk-stay-name\">W Barcelona<\/div>\n      <div class=\"lk-stay-desc\">Cl\u0103dire iconic\u0103 \u00een form\u0103 de vel\u0103 care domin\u0103 \u021b\u0103rmul. Lux absolut cu trezire \u00een sunetul valurilor.<\/div>\n      <div class=\"lk-stay-meta\">\n        <span class=\"lk-stay-stars\">\u2605\u2605\u2605\u2605<\/span>\n        <span class=\"lk-stay-price\">Verific\u0103 pre\u021burile<\/span>\n      <\/div>\n      <span class=\"lk-stay-cta\">\n        <svg width=\"14\" height=\"14\" viewBox=\"0 0 24 24\" fill=\"none\" stroke=\"currentColor\" stroke-width=\"2\"><path d=\"M18 13v6a2 2 0 0 1-2 2H5a2 2 0 0 1-2-2V8a2 2 0 0 1 2-2h6\"\/><polyline points=\"15 3 21 3 21 9\"\/><line x1=\"10\" y1=\"14\" x2=\"21\" y2=\"3\"\/><\/svg>\n        Verific\u0103 disponibilitatea\n      <\/span>\n    <\/a>\n\n    <a class=\"lk-stay-card\" href=\"https:\/\/www.stay22.com\/allez\/roam?aid=lukaskonecny&#038;campaign=loudavymkrokemcz&#038;campaign=ro&#038;campaign=letenkydobarcelony&#038;address=Barcelona&#038;hotelname=Hostel+One+Paralelo&#038;search=Hostel+One+Paralelo&#038;category=accommodation\" target=\"_blank\" rel=\"nofollow noopener\">\n      <span class=\"lk-stay-badge badge-nature\">\ud83c\udfe1 Hostel<\/span>\n      <div class=\"lk-stay-name\">Hostel One Paralelo<\/div>\n      <div class=\"lk-stay-desc\">Atmosfer\u0103 prietenoas\u0103 minunat\u0103 \u0219i seri \u00een comun. Ideal pentru backpackeri \u0219i c\u0103l\u0103tori solo conform recenziilor.<\/div>\n      <div class=\"lk-stay-meta\">\n        <span class=\"lk-stay-stars\">\u2605\u2605\u2605\u2605<\/span>\n        <span class=\"lk-stay-price\">Verific\u0103 pre\u021burile<\/span>\n      <\/div>\n      <span class=\"lk-stay-cta\">\n        <svg width=\"14\" height=\"14\" viewBox=\"0 0 24 24\" fill=\"none\" stroke=\"currentColor\" stroke-width=\"2\"><path d=\"M18 13v6a2 2 0 0 1-2 2H5a2 2 0 0 1-2-2V8a2 2 0 0 1 2-2h6\"\/><polyline points=\"15 3 21 3 21 9\"\/><line x1=\"10\" y1=\"14\" x2=\"21\" y2=\"3\"\/><\/svg>\n        Verific\u0103 disponibilitatea\n      <\/span>\n    <\/a>\n\n    <a class=\"lk-stay-card\" href=\"https:\/\/www.stay22.com\/allez\/roam?aid=lukaskonecny&#038;campaign=loudavymkrokemcz&#038;campaign=ro&#038;campaign=letenkydobarcelony&#038;address=barcelona\" target=\"_blank\" rel=\"nofollow noopener\">\n      <span class=\"lk-stay-badge badge-nature\">\ud83d\udd0d Caut\u0103<\/span>\n      <div class=\"lk-stay-name\">Vezi toate caz\u0103rile din Barcelona<\/div>\n      <div class=\"lk-stay-desc\">Exploreaz\u0103 toate op\u021biunile disponibile de cazare \u00een Barcelona \u0219i g\u0103se\u0219te cea mai bun\u0103 conform preferin\u021belor \u0219i bugetului t\u0103u.<\/div>\n      <div class=\"lk-stay-meta\">\n        <span class=\"lk-stay-stars\">\u2605\u2605\u2605\u2605<\/span>\n        <span class=\"lk-stay-price\">Compar\u0103 pre\u021burile<\/span>\n      <\/div>\n      <span class=\"lk-stay-cta\">\n        <svg width=\"14\" height=\"14\" viewBox=\"0 0 24 24\" fill=\"none\" stroke=\"currentColor\" stroke-width=\"2\"><path d=\"M18 13v6a2 2 0 0 1-2 2H5a2 2 0 0 1-2-2V8a2 2 0 0 1 2-2h6\"\/><polyline points=\"15 3 21 3 21 9\"\/><line x1=\"10\" y1=\"14\" x2=\"21\" y2=\"3\"\/><\/svg>\n        Verific\u0103 disponibilitatea\n      <\/span>\n    <\/a>\n\n  <\/div>\n\n  \n<\/div>\n\n\n\n\n<h3 class=\"wp-block-heading\"><span class=\"ez-toc-section\" id=\"7_Cu_trenul_din_Europa_Centrala_pentru_gravide_si_cei_care_nu_zboara\"><\/span>7. Cu trenul din Europa Central\u0103: pentru gravide \u0219i cei care nu zboar\u0103<span class=\"ez-toc-section-end\"><\/span><\/h3>\n\n\n\n<p class=\"wp-block-paragraph\">Aceast\u0103 tem\u0103 fascinant\u0103 e ignorat\u0103 complet de ghidurile obi\u0219nuite, de\u0219i exist\u0103 un grup uria\u0219 de c\u0103l\u0103tori care pur \u0219i simplu nu pot sau nu vor s\u0103 zboare. Motivul este foarte des <strong>o sarcin\u0103 avansat\u0103, frica panic\u0103 de zbor sau, de exemplu, c\u0103l\u0103toria cu animale de companie mai mari<\/strong>. Pentru ei, \u00eentregul concediu se transform\u0103 adesea \u00eentr-un mare \u0219i epuizant joc logistic.<\/p>\n\n\n\n<p class=\"wp-block-paragraph\">Multe forumuri de discu\u021bii ofer\u0103 o perspectiv\u0103 excelent\u0103 asupra acestei probleme, unde se dezbat regulat experien\u021be reale ale oamenilor. Una dintre utilizatoare, care trebuia neap\u0103rat s\u0103 rezolve o c\u0103l\u0103torie \u00een timpul sarcinii \u0219i \u00eenfrunta scepticismul celorlal\u021bi, a descoperit p\u00e2n\u0103 la urm\u0103 o solu\u021bie complet func\u021bional\u0103. Experien\u021ba ei dovede\u0219te c\u0103 <strong>se poate ajunge confortabil la mare pe \u0219ine<\/strong>, doar c\u0103 e nevoie de o planificare corect\u0103.<\/p>\n\n\n\n<p class=\"wp-block-paragraph\">Cum arat\u0103 \u00een realitate un astfel de drum lung? Nu e o chestiune de f\u0103cut dintr-o singur\u0103 tragere, dac\u0103 nu vrei s\u0103 te epuizezi complet fizic. <strong>Cel mai frecvent traseu duce prin Germania spre Frankfurt pe Main<\/strong>, de unde te mu\u021bi comod \u00een ora\u0219ul francez Strasbourg. Tocmai Strasbourg func\u021bioneaz\u0103 ca un punct absolut ideal pentru o \u00eennoptare lini\u0219tit\u0103 la hotel \u0219i pentru a-\u021bi reface for\u021bele.<\/p>\n\n\n\n<p class=\"wp-block-paragraph\">A doua zi diminea\u021b\u0103 urci pur \u0219i simplu \u00een trenurile rapide franceze, care <strong>te duc lin prin Lyon p\u00e2n\u0103 la gara principal\u0103 barcelonez\u0103 Sants<\/strong>. Este c\u0103l\u0103toria lent\u0103 \u00een forma sa cea mai pur\u0103, care \u00ee\u021bi cere mai mult timp, dar \u00ee\u021bi ofer\u0103 priveli\u0219ti superbe spre peisaj \u0219i un stres absolut minim.<\/p>\n\n\n\n<p class=\"wp-block-paragraph\">\ud83d\udca1 Sfat: Biletele pentru toate trenurile europene <strong>cump\u0103r\u0103-le ideal prin site-urile oficiale ale c\u0103ilor ferate germane sau franceze<\/strong>, unde g\u0103se\u0219ti cele mai avantajoase bilete cump\u0103rate din timp, f\u0103r\u0103 suprataxele uria\u0219e ale intermediarilor.<\/p>\n\n\n\n<figure data-wp-context=\"{&quot;imageId&quot;:&quot;6a95500b6f86c&quot;}\" data-wp-interactive=\"core\/image\" data-wp-key=\"6a95500b6f86c\" class=\"wp-block-image size-full wp-lightbox-container\"><img decoding=\"async\" width=\"1600\" height=\"1067\" data-wp-class--hide=\"state.isContentHidden\" data-wp-class--show=\"state.isContentVisible\" data-wp-init=\"callbacks.setButtonStyles\" data-wp-on--click=\"actions.showLightbox\" data-wp-on--load=\"callbacks.setButtonStyles\" data-wp-on--pointerdown=\"actions.preloadImage\" data-wp-on--pointerenter=\"actions.preloadImageWithDelay\" data-wp-on--pointerleave=\"actions.cancelPreload\" data-wp-on-window--resize=\"callbacks.setButtonStyles\" src=\"https:\/\/loudavymkrokem.cz\/wp-content\/uploads\/2026\/08\/barcelona-sant-andreu-px.jpg\" alt=\"Panorama Barcelonei cu turnul Torre Gl\u00f2ries\" class=\"wp-image-376450\" title=\"\" srcset=\"https:\/\/loudavymkrokem.cz\/wp-content\/uploads\/2026\/08\/barcelona-sant-andreu-px.jpg 1600w, https:\/\/loudavymkrokem.cz\/wp-content\/uploads\/2026\/08\/barcelona-sant-andreu-px-300x200.jpg 300w, https:\/\/loudavymkrokem.cz\/wp-content\/uploads\/2026\/08\/barcelona-sant-andreu-px-700x467.jpg 700w, https:\/\/loudavymkrokem.cz\/wp-content\/uploads\/2026\/08\/barcelona-sant-andreu-px-768x512.jpg 768w, https:\/\/loudavymkrokem.cz\/wp-content\/uploads\/2026\/08\/barcelona-sant-andreu-px-1536x1024.jpg 1536w, https:\/\/loudavymkrokem.cz\/wp-content\/uploads\/2026\/08\/barcelona-sant-andreu-px-696x464.jpg 696w, https:\/\/loudavymkrokem.cz\/wp-content\/uploads\/2026\/08\/barcelona-sant-andreu-px-1392x928.jpg 1392w\" sizes=\"(max-width: 1600px) 100vw, 1600px\" \/><button\n\t\t\tclass=\"lightbox-trigger\"\n\t\t\ttype=\"button\"\n\t\t\taria-haspopup=\"dialog\"\n\t\t\tdata-wp-bind--aria-label=\"state.thisImage.triggerButtonAriaLabel\"\n\t\t\tdata-wp-init=\"callbacks.initTriggerButton\"\n\t\t\tdata-wp-on--click=\"actions.showLightbox\"\n\t\t\tdata-wp-style--right=\"state.thisImage.buttonRight\"\n\t\t\tdata-wp-style--top=\"state.thisImage.buttonTop\"\n\t\t>\n\t\t\t<svg xmlns=\"http:\/\/www.w3.org\/2000\/svg\" width=\"12\" height=\"12\" fill=\"none\" viewBox=\"0 0 12 12\">\n\t\t\t\t<path fill=\"#fff\" d=\"M2 0a2 2 0 0 0-2 2v2h1.5V2a.5.5 0 0 1 .5-.5h2V0H2Zm2 10.5H2a.5.5 0 0 1-.5-.5V8H0v2a2 2 0 0 0 2 2h2v-1.5ZM8 12v-1.5h2a.5.5 0 0 0 .5-.5V8H12v2a2 2 0 0 1-2 2H8Zm2-12a2 2 0 0 1 2 2v2h-1.5V2a.5.5 0 0 0-.5-.5H8V0h2Z\" \/>\n\t\t\t<\/svg>\n\t\t<\/button><\/figure>\n\n\n\n<h3 class=\"wp-block-heading\"><span class=\"ez-toc-section\" id=\"8_Traseu_alternativ_cu_trenul_prin_Paris\"><\/span>8. Traseu alternativ cu trenul prin Paris<span class=\"ez-toc-section-end\"><\/span><\/h3>\n\n\n\n<p class=\"wp-block-paragraph\">Dac\u0103 nu-\u021bi place ideea unui drum lung prin toat\u0103 Germania, mai exist\u0103 o alternativ\u0103 feroviar\u0103 foarte elegant\u0103, cu farmec fran\u021buzesc. Din Europa Central\u0103 po\u021bi ajunge cu trenul de noapte sau cu rapide de zi \u00een metropola francez\u0103, de unde <strong>porne\u0219te o leg\u0103tur\u0103 direct\u0103 de mare vitez\u0103 p\u00e2n\u0103 pe \u00eensorita coast\u0103 spaniol\u0103<\/strong>.<\/p>\n\n\n\n<p class=\"wp-block-paragraph\">Din aglomerata gar\u0103 parizian\u0103 Gare de Lyon pleac\u0103 regulat TGV-uri directe, operate de cooperarea de succes dintre companiile spaniol\u0103 \u0219i francez\u0103 Renfe \u0219i SNCF. Acest tren rapid aerodinamic minunat <strong>parcurge traseul Paris\u2013Barcelona \u00een incredibilele 6 ore \u0219i 15 minute<\/strong>, ceea ce, pentru o distan\u021b\u0103 at\u00e2t de uria\u0219\u0103, este un timp absolut fabulos.<\/p>\n\n\n\n<p class=\"wp-block-paragraph\">Aceast\u0103 leg\u0103tur\u0103 direct\u0103 circul\u0103 \u00een prezent de dou\u0103 ori pe zi, de obicei dis-de-diminea\u021b\u0103 \u0219i dup\u0103-amiaza devreme, dar re\u021bine c\u0103 un tren clasic de noapte cu vagon de dormit nu exist\u0103 momentan pe aceast\u0103 rut\u0103. Aceast\u0103 variant\u0103 este absolut perfect\u0103 dac\u0103 pl\u0103nuie\u0219ti un concediu mai lung de dou\u0103 s\u0103pt\u0103m\u00e2ni \u0219i <strong>vrei s\u0103-\u021bi faci pe drum un popas romantic cu o cafea sub Turnul Eiffel<\/strong>.<\/p>\n\n\n\n<p class=\"wp-block-paragraph\">\ud83d\udca1 Sfat: Locurile rezervate pe trenurile rapide franceze TGV se epuizeaz\u0103 fulger\u0103tor \u00een lunile de var\u0103, a\u0219a c\u0103 <strong>f\u0103 rezervarea imediat ce transportatorul deschide prev\u00e2nzarea<\/strong>, ceea ce se \u00eent\u00e2mpl\u0103 de obicei cu trei luni \u00eenainte.<\/p>\n\n\n\n<figure data-wp-context=\"{&quot;imageId&quot;:&quot;6a95500b700b6&quot;}\" data-wp-interactive=\"core\/image\" data-wp-key=\"6a95500b700b6\" class=\"wp-block-image size-full wp-lightbox-container\"><img decoding=\"async\" width=\"1600\" height=\"2060\" data-wp-class--hide=\"state.isContentHidden\" data-wp-class--show=\"state.isContentVisible\" data-wp-init=\"callbacks.setButtonStyles\" data-wp-on--click=\"actions.showLightbox\" data-wp-on--load=\"callbacks.setButtonStyles\" data-wp-on--pointerdown=\"actions.preloadImage\" data-wp-on--pointerenter=\"actions.preloadImageWithDelay\" data-wp-on--pointerleave=\"actions.cancelPreload\" data-wp-on-window--resize=\"callbacks.setButtonStyles\" src=\"https:\/\/loudavymkrokem.cz\/wp-content\/uploads\/2026\/08\/barcelona-kdy-jet-do-barcelony-podle-typu-dovo.jpg\" alt=\"Catedrala din Barcelona \u00een pia\u021ba Pla de la Seu\" class=\"wp-image-376378\" title=\"\" srcset=\"https:\/\/loudavymkrokem.cz\/wp-content\/uploads\/2026\/08\/barcelona-kdy-jet-do-barcelony-podle-typu-dovo.jpg 1600w, https:\/\/loudavymkrokem.cz\/wp-content\/uploads\/2026\/08\/barcelona-kdy-jet-do-barcelony-podle-typu-dovo-233x300.jpg 233w, https:\/\/loudavymkrokem.cz\/wp-content\/uploads\/2026\/08\/barcelona-kdy-jet-do-barcelony-podle-typu-dovo-700x901.jpg 700w, https:\/\/loudavymkrokem.cz\/wp-content\/uploads\/2026\/08\/barcelona-kdy-jet-do-barcelony-podle-typu-dovo-768x989.jpg 768w, https:\/\/loudavymkrokem.cz\/wp-content\/uploads\/2026\/08\/barcelona-kdy-jet-do-barcelony-podle-typu-dovo-1193x1536.jpg 1193w, https:\/\/loudavymkrokem.cz\/wp-content\/uploads\/2026\/08\/barcelona-kdy-jet-do-barcelony-podle-typu-dovo-1591x2048.jpg 1591w, https:\/\/loudavymkrokem.cz\/wp-content\/uploads\/2026\/08\/barcelona-kdy-jet-do-barcelony-podle-typu-dovo-696x896.jpg 696w, https:\/\/loudavymkrokem.cz\/wp-content\/uploads\/2026\/08\/barcelona-kdy-jet-do-barcelony-podle-typu-dovo-1392x1792.jpg 1392w\" sizes=\"(max-width: 1600px) 100vw, 1600px\" \/><button\n\t\t\tclass=\"lightbox-trigger\"\n\t\t\ttype=\"button\"\n\t\t\taria-haspopup=\"dialog\"\n\t\t\tdata-wp-bind--aria-label=\"state.thisImage.triggerButtonAriaLabel\"\n\t\t\tdata-wp-init=\"callbacks.initTriggerButton\"\n\t\t\tdata-wp-on--click=\"actions.showLightbox\"\n\t\t\tdata-wp-style--right=\"state.thisImage.buttonRight\"\n\t\t\tdata-wp-style--top=\"state.thisImage.buttonTop\"\n\t\t>\n\t\t\t<svg xmlns=\"http:\/\/www.w3.org\/2000\/svg\" width=\"12\" height=\"12\" fill=\"none\" viewBox=\"0 0 12 12\">\n\t\t\t\t<path fill=\"#fff\" d=\"M2 0a2 2 0 0 0-2 2v2h1.5V2a.5.5 0 0 1 .5-.5h2V0H2Zm2 10.5H2a.5.5 0 0 1-.5-.5V8H0v2a2 2 0 0 0 2 2h2v-1.5ZM8 12v-1.5h2a.5.5 0 0 0 .5-.5V8H12v2a2 2 0 0 1-2 2H8Zm2-12a2 2 0 0 1 2 2v2h-1.5V2a.5.5 0 0 0-.5-.5H8V0h2Z\" \/>\n\t\t\t<\/svg>\n\t\t<\/button><\/figure>\n\n\n\n<h3 class=\"wp-block-heading\"><span class=\"ez-toc-section\" id=\"9_Cu_masina_in_Barcelona_Pregateste-te_pentru_zona_ZBE\"><\/span>9. Cu ma\u0219ina \u00een Barcelona? Preg\u0103te\u0219te-te pentru zona ZBE<span class=\"ez-toc-section-end\"><\/span><\/h3>\n\n\n\n<p class=\"wp-block-paragraph\">Ideea de a \u00eenc\u0103rca ma\u0219ina p\u00e2n\u0103 la refuz \u0219i de a ajunge pe cont propriu la mare sun\u0103 extraordinar de ademenitor, mai ales dac\u0103 pl\u0103nuie\u0219ti s\u0103 faci camping pe drum, undeva pe st\u00e2ncile din Costa Brava. Dac\u0103 \u00eens\u0103 te \u00eendrept\u0103\u021bi direct spre centrul ora\u0219ului \u0219i ai acolo rezervat un hotel scump, <strong>mai bine las\u0103 ma\u0219ina acas\u0103 sau parcat\u0103 departe, \u00een suburbii<\/strong>.<\/p>\n\n\n\n<p class=\"wp-block-paragraph\">Barcelona a introdus restric\u021bii absolut brutale \u00eempotriva emisiilor, iar centrul a devenit pentru un \u0219ofer obi\u0219nuit un adev\u0103rat c\u00e2mp minat. Tot ora\u0219ul din interiorul \u0219oselelor de centur\u0103 uria\u0219e Ronda de Dalt \u0219i Ronda Litoral face parte din <strong>zona cu emisii sc\u0103zute numit\u0103 ZBE Rondes Barcelona<\/strong>, unde controlorii te las\u0103 doar dac\u0103 ma\u0219ina ta \u00eendepline\u0219te minimum norma Euro 3 pentru benzin\u0103 sau Euro 4 pentru motorin\u0103.<\/p>\n\n\n\n<p class=\"wp-block-paragraph\">Aici vine \u00eens\u0103 cel mai mare c\u00e2rlig birocratic pentru to\u021bi str\u0103inii. Nu te baza pe vreun autocolant de mediu lipit pe geam, pentru c\u0103 acesta nu-\u021bi garanteaz\u0103 singur intrarea. Vehiculele cu numere de \u00eenmatriculare str\u0103ine <strong>trebuie s\u0103 se \u00eenregistreze \u00een prealabil, online \u0219i gratuit, \u00een registrul AMB<\/strong>, administrat chiar de metropola catalan\u0103.<\/p>\n\n\n\n<p class=\"wp-block-paragraph\">Deasupra \u0219oselelor at\u00e2rn\u0103 camere inteligente care scaneaz\u0103 automat numerele tuturor ma\u0219inilor care trec. Dac\u0103 intri \u00een zon\u0103 \u0219i nu figurezi \u00een registru, <strong>sistemul \u00ee\u021bi aplic\u0103 complet nemilos o amend\u0103 de 200 \u20ac (cca 1.000 lei)<\/strong>. Dac\u0103 reu\u0219e\u0219ti s\u0103 o pl\u0103te\u0219ti \u00een dou\u0103zeci de zile, se reduce la o sut\u0103, dar \u0219i a\u0219a doare degeaba.<\/p>\n\n\n\n<p class=\"wp-block-paragraph\">\ud83d\udca1 Sfat: Parcarea \u00een centru este, \u00een plus, extrem de scump\u0103 \u0219i locurile pe strad\u0103 se g\u0103sesc \u00een num\u0103r absolut minim, de aceea <strong>cel mai bine e s\u0103 la\u0219i ma\u0219ina \u00een parc\u0103rile de tip park-and-ride<\/strong> \u0219i s\u0103 continui cu metroul care func\u021bioneaz\u0103 excelent.<\/p>\n\n\n\n<figure data-wp-context=\"{&quot;imageId&quot;:&quot;6a95500b708e3&quot;}\" data-wp-interactive=\"core\/image\" data-wp-key=\"6a95500b708e3\" class=\"wp-block-image size-full wp-lightbox-container\"><img decoding=\"async\" width=\"1920\" height=\"1717\" data-wp-class--hide=\"state.isContentHidden\" data-wp-class--show=\"state.isContentVisible\" data-wp-init=\"callbacks.setButtonStyles\" data-wp-on--click=\"actions.showLightbox\" data-wp-on--load=\"callbacks.setButtonStyles\" data-wp-on--pointerdown=\"actions.preloadImage\" data-wp-on--pointerenter=\"actions.preloadImageWithDelay\" data-wp-on--pointerleave=\"actions.cancelPreload\" data-wp-on-window--resize=\"callbacks.setButtonStyles\" src=\"https:\/\/loudavymkrokem.cz\/wp-content\/uploads\/2026\/08\/barcelona-jak-se-dostat-z-letiste-el-prat-do-c.jpg\" alt=\"Cum ajungi de la aeroportul El Prat \u00een centru\" class=\"wp-image-376476\" title=\"\" srcset=\"https:\/\/loudavymkrokem.cz\/wp-content\/uploads\/2026\/08\/barcelona-jak-se-dostat-z-letiste-el-prat-do-c.jpg 1920w, https:\/\/loudavymkrokem.cz\/wp-content\/uploads\/2026\/08\/barcelona-jak-se-dostat-z-letiste-el-prat-do-c-300x268.jpg 300w, https:\/\/loudavymkrokem.cz\/wp-content\/uploads\/2026\/08\/barcelona-jak-se-dostat-z-letiste-el-prat-do-c-700x626.jpg 700w, https:\/\/loudavymkrokem.cz\/wp-content\/uploads\/2026\/08\/barcelona-jak-se-dostat-z-letiste-el-prat-do-c-768x687.jpg 768w, https:\/\/loudavymkrokem.cz\/wp-content\/uploads\/2026\/08\/barcelona-jak-se-dostat-z-letiste-el-prat-do-c-1536x1374.jpg 1536w, https:\/\/loudavymkrokem.cz\/wp-content\/uploads\/2026\/08\/barcelona-jak-se-dostat-z-letiste-el-prat-do-c-696x622.jpg 696w, https:\/\/loudavymkrokem.cz\/wp-content\/uploads\/2026\/08\/barcelona-jak-se-dostat-z-letiste-el-prat-do-c-1392x1245.jpg 1392w\" sizes=\"(max-width: 1920px) 100vw, 1920px\" \/><button\n\t\t\tclass=\"lightbox-trigger\"\n\t\t\ttype=\"button\"\n\t\t\taria-haspopup=\"dialog\"\n\t\t\tdata-wp-bind--aria-label=\"state.thisImage.triggerButtonAriaLabel\"\n\t\t\tdata-wp-init=\"callbacks.initTriggerButton\"\n\t\t\tdata-wp-on--click=\"actions.showLightbox\"\n\t\t\tdata-wp-style--right=\"state.thisImage.buttonRight\"\n\t\t\tdata-wp-style--top=\"state.thisImage.buttonTop\"\n\t\t>\n\t\t\t<svg xmlns=\"http:\/\/www.w3.org\/2000\/svg\" width=\"12\" height=\"12\" fill=\"none\" viewBox=\"0 0 12 12\">\n\t\t\t\t<path fill=\"#fff\" d=\"M2 0a2 2 0 0 0-2 2v2h1.5V2a.5.5 0 0 1 .5-.5h2V0H2Zm2 10.5H2a.5.5 0 0 1-.5-.5V8H0v2a2 2 0 0 0 2 2h2v-1.5ZM8 12v-1.5h2a.5.5 0 0 0 .5-.5V8H12v2a2 2 0 0 1-2 2H8Zm2-12a2 2 0 0 1 2 2v2h-1.5V2a.5.5 0 0 0-.5-.5H8V0h2Z\" \/>\n\t\t\t<\/svg>\n\t\t<\/button><figcaption class=\"wp-element-caption\">Foto: Didier Descouens \/ Wikimedia Commons, Public domain<\/figcaption><\/figure>\n\n\n\n<h3 class=\"wp-block-heading\"><span class=\"ez-toc-section\" id=\"10_Cum_ajungi_de_la_aeroportul_El_Prat_in_centru\"><\/span>10. Cum ajungi de la aeroportul El Prat \u00een centru<span class=\"ez-toc-section-end\"><\/span><\/h3>\n\n\n\n<p class=\"wp-block-paragraph\">C\u00e2nd, \u00een sf\u00e2r\u0219it, aterizezi pe \u00eencinsul aeroport barcelonez El Prat, te a\u0219teapt\u0103 ultimul c\u00e2rlig logistic care te desparte de plimb\u0103rile mult dorite prin vechiul cartier gotic. Cea mai rapid\u0103 \u0219i mai comod\u0103 variant\u0103 este, f\u0103r\u0103 \u00eendoial\u0103, <strong>autobuzul albastru de aeroport numit Aerob\u00fas<\/strong>, care te duce direct \u00een pia\u021ba central\u0103 Pla\u00e7a de Catalunya, f\u0103r\u0103 opriri inutile.<\/p>\n\n\n\n<p class=\"wp-block-paragraph\">Acest bilet te cost\u0103, dup\u0103 recenta scumpire, <strong>7,45 \u20ac (aproximativ 160 lei) pentru un sens<\/strong>, iar autobuzele circul\u0103 din ambele terminale, T1 \u0219i T2, cu o regularitate absolut de fier. E pu\u021bin mai scump dec\u00e2t transportul public obi\u0219nuit, dar \u00een schimb nu trebuie s\u0103 te tragi cu trolerele grele pe sc\u0103ri nesf\u00e2r\u0219ite, \u00een subteranul \u00eentunecat.<\/p>\n\n\n\n<p class=\"wp-block-paragraph\">Dac\u0103 preferi drumul pe sub p\u0103m\u00e2nt, po\u021bi folosi moderna linie de metrou L9 Sud. Aici \u00eens\u0103 fii foarte atent, pentru c\u0103 <strong>popularul bilet T-casual nu e deloc valabil pe metroul de la aeroport<\/strong>, iar turniche\u021bii moderni pur \u0219i simplu nu te las\u0103 cu el. Pentru drumul de la aeroport trebuie s\u0103 cumperi de la automat un bilet special Bitllet Aeroport, care cost\u0103 \u00een prezent 5,90 \u20ac (cca 130 lei). Pentru cupluri se dovede\u0219te mult mai avantajos biletul T-familiar, care, spre deosebire de T-casual, este transferabil \u00eentre mai multe persoane.<\/p>\n\n\n\n<p class=\"wp-block-paragraph\">\ud83d\udca1 Sfat: Din terminalul T2 circul\u0103 spre centru \u0219i trenul suburban clasic RENFE, pe care <strong>dimpotriv\u0103 po\u021bi folosi f\u0103r\u0103 probleme biletul obi\u0219nuit<\/strong>, ceea ce \u00eel face de departe cel mai ieftin mod de transport.<\/p>\n\n\n\n<figure data-wp-context=\"{&quot;imageId&quot;:&quot;6a95500b71015&quot;}\" data-wp-interactive=\"core\/image\" data-wp-key=\"6a95500b71015\" class=\"wp-block-image size-full wp-lightbox-container\"><img decoding=\"async\" width=\"1600\" height=\"900\" data-wp-class--hide=\"state.isContentHidden\" data-wp-class--show=\"state.isContentVisible\" data-wp-init=\"callbacks.setButtonStyles\" data-wp-on--click=\"actions.showLightbox\" data-wp-on--load=\"callbacks.setButtonStyles\" data-wp-on--pointerdown=\"actions.preloadImage\" data-wp-on--pointerenter=\"actions.preloadImageWithDelay\" data-wp-on--pointerleave=\"actions.cancelPreload\" data-wp-on-window--resize=\"callbacks.setButtonStyles\" src=\"https:\/\/loudavymkrokem.cz\/wp-content\/uploads\/2026\/08\/barcelona-sarria-sant-gervasi-px.jpg\" alt=\"Strad\u0103 din Barcelona cu o sta\u021bie de biciclete partajate\" class=\"wp-image-376449\" title=\"\" srcset=\"https:\/\/loudavymkrokem.cz\/wp-content\/uploads\/2026\/08\/barcelona-sarria-sant-gervasi-px.jpg 1600w, https:\/\/loudavymkrokem.cz\/wp-content\/uploads\/2026\/08\/barcelona-sarria-sant-gervasi-px-300x169.jpg 300w, https:\/\/loudavymkrokem.cz\/wp-content\/uploads\/2026\/08\/barcelona-sarria-sant-gervasi-px-700x394.jpg 700w, https:\/\/loudavymkrokem.cz\/wp-content\/uploads\/2026\/08\/barcelona-sarria-sant-gervasi-px-768x432.jpg 768w, https:\/\/loudavymkrokem.cz\/wp-content\/uploads\/2026\/08\/barcelona-sarria-sant-gervasi-px-1536x864.jpg 1536w, https:\/\/loudavymkrokem.cz\/wp-content\/uploads\/2026\/08\/barcelona-sarria-sant-gervasi-px-696x392.jpg 696w, https:\/\/loudavymkrokem.cz\/wp-content\/uploads\/2026\/08\/barcelona-sarria-sant-gervasi-px-1392x783.jpg 1392w\" sizes=\"(max-width: 1600px) 100vw, 1600px\" \/><button\n\t\t\tclass=\"lightbox-trigger\"\n\t\t\ttype=\"button\"\n\t\t\taria-haspopup=\"dialog\"\n\t\t\tdata-wp-bind--aria-label=\"state.thisImage.triggerButtonAriaLabel\"\n\t\t\tdata-wp-init=\"callbacks.initTriggerButton\"\n\t\t\tdata-wp-on--click=\"actions.showLightbox\"\n\t\t\tdata-wp-style--right=\"state.thisImage.buttonRight\"\n\t\t\tdata-wp-style--top=\"state.thisImage.buttonTop\"\n\t\t>\n\t\t\t<svg xmlns=\"http:\/\/www.w3.org\/2000\/svg\" width=\"12\" height=\"12\" fill=\"none\" viewBox=\"0 0 12 12\">\n\t\t\t\t<path fill=\"#fff\" d=\"M2 0a2 2 0 0 0-2 2v2h1.5V2a.5.5 0 0 1 .5-.5h2V0H2Zm2 10.5H2a.5.5 0 0 1-.5-.5V8H0v2a2 2 0 0 0 2 2h2v-1.5ZM8 12v-1.5h2a.5.5 0 0 0 .5-.5V8H12v2a2 2 0 0 1-2 2H8Zm2-12a2 2 0 0 1 2 2v2h-1.5V2a.5.5 0 0 0-.5-.5H8V0h2Z\" \/>\n\t\t\t<\/svg>\n\t\t<\/button><\/figure>\n\n\n\n<h3 class=\"wp-block-heading\"><span class=\"ez-toc-section\" id=\"11_Sejur_cu_agentia_vs_calatorie_pe_cont_propriu\"><\/span>11. Sejur cu agen\u021bia vs. c\u0103l\u0103torie pe cont propriu<span class=\"ez-toc-section-end\"><\/span><\/h3>\n\n\n\n<p class=\"wp-block-paragraph\">La c\u0103l\u0103toriile prin sudul Europei, mul\u021bi dintre noi ne-am obi\u0219nuit demult c\u0103 turismul individual \u00eenvinge \u00eentotdeauna agen\u021bia de turism la pre\u021bul total. Un c\u0103l\u0103tor low-cost experimentat rezolv\u0103 lini\u0219tit trei zile \u00een Barcelona pentru cca 1.400 lei, un turist mediu se \u00eencadreaz\u0103 \u00een vreo 3.300 lei, \u00een timp ce <strong>o agen\u021bie de turism vinde un weekend prelungit de aproximativ 4.100 lei<\/strong> de persoan\u0103. Un concediu complet pentru doi te cost\u0103 astfel cu agen\u021bia lini\u0219tit vreo 8.700 lei.<\/p>\n\n\n\n<p class=\"wp-block-paragraph\">\u00censeamn\u0103 asta oare c\u0103 oamenii nu \u0219tiu s\u0103 caute bilete ieftine pe internet? Deloc. Principalul argument de v\u00e2nzare al agen\u021biei la Barcelona nu \u00eel reprezint\u0103 doar pre\u021bul, ci mai degrab\u0103 <strong>sc\u0103parea absolut\u0103 de orice povar\u0103 decizional\u0103<\/strong>. Ora\u0219ul este, la planificare, unul dintre cele mai epuizante locuri din Europa, unde trebuie s\u0103 urm\u0103re\u0219ti constant o cantitate uria\u0219\u0103 de detalii \u0219i sisteme de rezervare.<\/p>\n\n\n\n<p class=\"wp-block-paragraph\">Trebuie s\u0103 rezolvi dinainte c\u0103 biletele la templul Sagrada Fam\u00edlia sunt de obicei epuizate cu dou\u0103 s\u0103pt\u0103m\u00e2ni \u00eenainte, c\u0103 popularul Park G\u00fcell are sloturi cronometrate strict, cu toleran\u021b\u0103 zero la \u00eent\u00e2rziere, \u0219i c\u0103 <strong>la hotel te surprinde la plat\u0103 o tax\u0103 turistic\u0103 de lini\u0219tit 12 \u20ac (cca 260 lei) de persoan\u0103 \u0219i noapte<\/strong>, pe care pe Booking nu ai v\u0103zut-o deloc.<\/p>\n\n\n\n<p class=\"wp-block-paragraph\">Sentimentul c\u0103 nu trebuie s\u0103 te ocupi de nimic din toate astea \u0219i c\u0103 ghida ta are deja de mult toate biletele scumpe \u00een siguran\u021b\u0103 \u00een buzunar este, pentru un om obosit de la serviciu, pur \u0219i simplu inestimabil. <strong>Dac\u0103 e\u0219ti \u00een c\u0103utarea libert\u0103\u021bii absolute, planific\u0103-\u021bi singur<\/strong>, dar dac\u0103 vrei doar s\u0103 te deconectezi \u0219i s\u0103 te bucuri de tapas, sejurul are un sens uria\u0219.<\/p>\n\n\n\n<p class=\"wp-block-paragraph\">\ud83d\udca1 Sfat: Afl\u0103 dinainte valoarea exact\u0103 a taxei turistice pentru tipul t\u0103u de cazare, pentru c\u0103 hotelurile de cinci stele pl\u0103tesc men\u021biona\u021bii 12 \u20ac, \u00een timp ce <strong>\u00eentr-un apartament turistic obi\u0219nuit pl\u0103te\u0219ti 9,50 \u20ac pe noapte<\/strong>.<\/p>\n\n\n\n<figure data-wp-context=\"{&quot;imageId&quot;:&quot;6a95500b7153a&quot;}\" data-wp-interactive=\"core\/image\" data-wp-key=\"6a95500b7153a\" class=\"wp-block-image size-full wp-lightbox-container\"><img decoding=\"async\" width=\"1333\" height=\"2000\" data-wp-class--hide=\"state.isContentHidden\" data-wp-class--show=\"state.isContentVisible\" data-wp-init=\"callbacks.setButtonStyles\" data-wp-on--click=\"actions.showLightbox\" data-wp-on--load=\"callbacks.setButtonStyles\" data-wp-on--pointerdown=\"actions.preloadImage\" data-wp-on--pointerenter=\"actions.preloadImageWithDelay\" data-wp-on--pointerleave=\"actions.cancelPreload\" data-wp-on-window--resize=\"callbacks.setButtonStyles\" src=\"https:\/\/loudavymkrokem.cz\/wp-content\/uploads\/2026\/08\/barcelona-rooftop-panorama.jpg\" alt=\"Panorama Barcelonei de pe terasa de pe acoperi\u0219ul hotelului\" class=\"wp-image-376354\" title=\"\" srcset=\"https:\/\/loudavymkrokem.cz\/wp-content\/uploads\/2026\/08\/barcelona-rooftop-panorama.jpg 1333w, https:\/\/loudavymkrokem.cz\/wp-content\/uploads\/2026\/08\/barcelona-rooftop-panorama-200x300.jpg 200w, https:\/\/loudavymkrokem.cz\/wp-content\/uploads\/2026\/08\/barcelona-rooftop-panorama-700x1050.jpg 700w, https:\/\/loudavymkrokem.cz\/wp-content\/uploads\/2026\/08\/barcelona-rooftop-panorama-768x1152.jpg 768w, https:\/\/loudavymkrokem.cz\/wp-content\/uploads\/2026\/08\/barcelona-rooftop-panorama-1024x1536.jpg 1024w, https:\/\/loudavymkrokem.cz\/wp-content\/uploads\/2026\/08\/barcelona-rooftop-panorama-696x1044.jpg 696w\" sizes=\"(max-width: 1333px) 100vw, 1333px\" \/><button\n\t\t\tclass=\"lightbox-trigger\"\n\t\t\ttype=\"button\"\n\t\t\taria-haspopup=\"dialog\"\n\t\t\tdata-wp-bind--aria-label=\"state.thisImage.triggerButtonAriaLabel\"\n\t\t\tdata-wp-init=\"callbacks.initTriggerButton\"\n\t\t\tdata-wp-on--click=\"actions.showLightbox\"\n\t\t\tdata-wp-style--right=\"state.thisImage.buttonRight\"\n\t\t\tdata-wp-style--top=\"state.thisImage.buttonTop\"\n\t\t>\n\t\t\t<svg xmlns=\"http:\/\/www.w3.org\/2000\/svg\" width=\"12\" height=\"12\" fill=\"none\" viewBox=\"0 0 12 12\">\n\t\t\t\t<path fill=\"#fff\" d=\"M2 0a2 2 0 0 0-2 2v2h1.5V2a.5.5 0 0 1 .5-.5h2V0H2Zm2 10.5H2a.5.5 0 0 1-.5-.5V8H0v2a2 2 0 0 0 2 2h2v-1.5ZM8 12v-1.5h2a.5.5 0 0 0 .5-.5V8H12v2a2 2 0 0 1-2 2H8Zm2-12a2 2 0 0 1 2 2v2h-1.5V2a.5.5 0 0 0-.5-.5H8V0h2Z\" \/>\n\t\t\t<\/svg>\n\t\t<\/button><\/figure>\n\n\n\n<h2 class=\"wp-block-heading\"><span class=\"ez-toc-section\" id=\"Rezumat_practic_si_preturi_orientative\"><\/span>Rezumat practic \u0219i pre\u021buri orientative<span class=\"ez-toc-section-end\"><\/span><\/h2>\n\n\n\n<p class=\"wp-block-paragraph\"><strong>Planificarea bugetului<\/strong> este baza succesului, de aceea am adunat pentru tine <strong>cele mai importante sume<\/strong> cu care trebuie s\u0103 socote\u0219ti realist \u00een 2026.<\/p>\n\n\n\n<ul class=\"wp-block-list\">\n\n<li>  <strong>Biletul mediu de avion pe un sens (vara):<\/strong> cca 500 lei (orientativ)<\/li>\n\n\n\n<li>  <strong>Amenda la Ryanair pentru troler mare:<\/strong> 35 \u20ac p\u00e2n\u0103 la 69,99 \u20ac (175 lei \u2013 350 lei)<\/li>\n\n\n\n<li>  <strong>Autobuz de la aeroportul Girona spre centru:<\/strong> 22 \u20ac (110 lei)<\/li>\n\n\n\n<li>  <strong>Bilet pentru Aerob\u00fas (aeroportul El Prat):<\/strong> 7,45 \u20ac (160 lei)<\/li>\n\n\n\n<li>  <strong>Bilet special pentru metroul de aeroport L9 Sud:<\/strong> 5,90 \u20ac (130 lei)<\/li>\n\n\n\n<li>  <strong>Amend\u0103 pentru intrarea cu ma\u0219ina \u00een zona ZBE f\u0103r\u0103 \u00eenregistrare:<\/strong> 200 \u20ac (1.000 lei)<\/li>\n\n\n\n<li>  <strong>Taxa turistic\u0103 \u00een hotel de 5*:<\/strong> 12 \u20ac \/ persoan\u0103 \/ noapte (260 lei)<\/li>\n\n\n\n<li>  <strong>Taxa turistic\u0103 \u00een apartament:<\/strong> 9,50 \u20ac \/ persoan\u0103 \/ noapte (210 lei)<\/li>\n\n\n<\/ul>\n\n\n\n<figure data-wp-context=\"{&quot;imageId&quot;:&quot;6a95500b71a8f&quot;}\" data-wp-interactive=\"core\/image\" data-wp-key=\"6a95500b71a8f\" class=\"wp-block-image size-full wp-lightbox-container\"><img decoding=\"async\" width=\"1333\" height=\"2000\" data-wp-class--hide=\"state.isContentHidden\" data-wp-class--show=\"state.isContentVisible\" data-wp-init=\"callbacks.setButtonStyles\" data-wp-on--click=\"actions.showLightbox\" data-wp-on--load=\"callbacks.setButtonStyles\" data-wp-on--pointerdown=\"actions.preloadImage\" data-wp-on--pointerenter=\"actions.preloadImageWithDelay\" data-wp-on--pointerleave=\"actions.cancelPreload\" data-wp-on-window--resize=\"callbacks.setButtonStyles\" src=\"https:\/\/loudavymkrokem.cz\/wp-content\/uploads\/2026\/08\/park-guell-panorama-domky.jpg\" alt=\"Park G\u00fcell, c\u0103su\u021be \u0219i panorama Barcelonei\" class=\"wp-image-376305\" title=\"\" srcset=\"https:\/\/loudavymkrokem.cz\/wp-content\/uploads\/2026\/08\/park-guell-panorama-domky.jpg 1333w, https:\/\/loudavymkrokem.cz\/wp-content\/uploads\/2026\/08\/park-guell-panorama-domky-200x300.jpg 200w, https:\/\/loudavymkrokem.cz\/wp-content\/uploads\/2026\/08\/park-guell-panorama-domky-700x1050.jpg 700w, https:\/\/loudavymkrokem.cz\/wp-content\/uploads\/2026\/08\/park-guell-panorama-domky-768x1152.jpg 768w, https:\/\/loudavymkrokem.cz\/wp-content\/uploads\/2026\/08\/park-guell-panorama-domky-1024x1536.jpg 1024w, https:\/\/loudavymkrokem.cz\/wp-content\/uploads\/2026\/08\/park-guell-panorama-domky-696x1044.jpg 696w\" sizes=\"(max-width: 1333px) 100vw, 1333px\" \/><button\n\t\t\tclass=\"lightbox-trigger\"\n\t\t\ttype=\"button\"\n\t\t\taria-haspopup=\"dialog\"\n\t\t\tdata-wp-bind--aria-label=\"state.thisImage.triggerButtonAriaLabel\"\n\t\t\tdata-wp-init=\"callbacks.initTriggerButton\"\n\t\t\tdata-wp-on--click=\"actions.showLightbox\"\n\t\t\tdata-wp-style--right=\"state.thisImage.buttonRight\"\n\t\t\tdata-wp-style--top=\"state.thisImage.buttonTop\"\n\t\t>\n\t\t\t<svg xmlns=\"http:\/\/www.w3.org\/2000\/svg\" width=\"12\" height=\"12\" fill=\"none\" viewBox=\"0 0 12 12\">\n\t\t\t\t<path fill=\"#fff\" d=\"M2 0a2 2 0 0 0-2 2v2h1.5V2a.5.5 0 0 1 .5-.5h2V0H2Zm2 10.5H2a.5.5 0 0 1-.5-.5V8H0v2a2 2 0 0 0 2 2h2v-1.5ZM8 12v-1.5h2a.5.5 0 0 0 .5-.5V8H12v2a2 2 0 0 1-2 2H8Zm2-12a2 2 0 0 1 2 2v2h-1.5V2a.5.5 0 0 0-.5-.5H8V0h2Z\" \/>\n\t\t\t<\/svg>\n\t\t<\/button><\/figure>\n\n\n\n<h2 class=\"wp-block-heading\"><span class=\"ez-toc-section\" id=\"Unde_mai_poti_merge\"><\/span>Unde mai po\u021bi merge<span class=\"ez-toc-section-end\"><\/span><\/h2>\n\n\n\n<p class=\"wp-block-paragraph\">Pentru Barcelona avem \u0219i aceste ghiduri detaliate:<\/p>\n\n\n\n<ul class=\"wp-block-list\">\n\n<li><a href=\"https:\/\/loudavymkrokem.cz\/ro\/?p=376361\">Pre\u021buri \u00een Barcelona: buget \u0219i tax\u0103 turistic\u0103<\/a><\/li>\n\n\n<\/ul>\n\n\n\n<p class=\"wp-block-paragraph\">Dac\u0103 te intereseaz\u0103 \u0219i alte detalii pentru un concediu perfect \u00een Spania, arunc\u0103 neap\u0103rat o privire la celelalte articole ale noastre, unde analiz\u0103m totul, de la cazare p\u00e2n\u0103 la cele mai frumoase monumente.<\/p>\n\n\n\n<ul class=\"wp-block-list\">\n\n<li>  <a href=\"https:\/\/loudavymkrokem.cz\/ro\/barcelona-spania-atractii\/\">Ce s\u0103 vezi \u00een Barcelona: 25+ sfaturi<\/a><\/li>\n\n\n\n<li>  <a href=\"https:\/\/loudavymkrokem.cz\/ro\/?p=376277\">Vremea \u00een Barcelona: temperaturi lun\u0103 de lun\u0103 \u0219i c\u00e2nd s\u0103 mergi<\/a><\/li>\n\n\n\n<li>  <a href=\"https:\/\/loudavymkrokem.cz\/ro\/?p=376352\">Transport \u00een Barcelona: metrou, bilete \u0219i aeroport<\/a><\/li>\n\n\n\n<li>  <a href=\"https:\/\/loudavymkrokem.cz\/ro\/cazare-barcelona-spania-cartiere\/\">Unde s\u0103 stai \u00een Barcelona: 10 cartiere<\/a><\/li>\n\n\n\n<li>  <a href=\"https:\/\/loudavymkrokem.cz\/ro\/girona-spania-obiective-turistice\/\">Girona, Spania: 16 sfaturi ce s\u0103 vezi<\/a><\/li>\n\n\n\n<li>  <a href=\"https:\/\/loudavymkrokem.cz\/ro\/vacanta-spania-unde-sa-mergi\/\">Concediu \u00een Spania: 17 sfaturi unde s\u0103 mergi<\/a><\/li>\n\n\n<\/ul>\n\n\n\n<figure data-wp-context=\"{&quot;imageId&quot;:&quot;6a95500b721d6&quot;}\" data-wp-interactive=\"core\/image\" data-wp-key=\"6a95500b721d6\" class=\"wp-block-image size-full wp-lightbox-container\"><img decoding=\"async\" width=\"2000\" height=\"1333\" data-wp-class--hide=\"state.isContentHidden\" data-wp-class--show=\"state.isContentVisible\" data-wp-init=\"callbacks.setButtonStyles\" data-wp-on--click=\"actions.showLightbox\" data-wp-on--load=\"callbacks.setButtonStyles\" data-wp-on--pointerdown=\"actions.preloadImage\" data-wp-on--pointerenter=\"actions.preloadImageWithDelay\" data-wp-on--pointerleave=\"actions.cancelPreload\" data-wp-on-window--resize=\"callbacks.setButtonStyles\" src=\"https:\/\/loudavymkrokem.cz\/wp-content\/uploads\/2026\/08\/arc-de-triomf-palmy.jpg\" alt=\"Arc de Triomf din Barcelona printre palmieri\" class=\"wp-image-376340\" title=\"\" srcset=\"https:\/\/loudavymkrokem.cz\/wp-content\/uploads\/2026\/08\/arc-de-triomf-palmy.jpg 2000w, https:\/\/loudavymkrokem.cz\/wp-content\/uploads\/2026\/08\/arc-de-triomf-palmy-300x200.jpg 300w, https:\/\/loudavymkrokem.cz\/wp-content\/uploads\/2026\/08\/arc-de-triomf-palmy-700x467.jpg 700w, https:\/\/loudavymkrokem.cz\/wp-content\/uploads\/2026\/08\/arc-de-triomf-palmy-768x512.jpg 768w, https:\/\/loudavymkrokem.cz\/wp-content\/uploads\/2026\/08\/arc-de-triomf-palmy-1536x1024.jpg 1536w, https:\/\/loudavymkrokem.cz\/wp-content\/uploads\/2026\/08\/arc-de-triomf-palmy-696x464.jpg 696w, https:\/\/loudavymkrokem.cz\/wp-content\/uploads\/2026\/08\/arc-de-triomf-palmy-1392x928.jpg 1392w, https:\/\/loudavymkrokem.cz\/wp-content\/uploads\/2026\/08\/arc-de-triomf-palmy-1920x1280.jpg 1920w\" sizes=\"(max-width: 2000px) 100vw, 2000px\" \/><button\n\t\t\tclass=\"lightbox-trigger\"\n\t\t\ttype=\"button\"\n\t\t\taria-haspopup=\"dialog\"\n\t\t\tdata-wp-bind--aria-label=\"state.thisImage.triggerButtonAriaLabel\"\n\t\t\tdata-wp-init=\"callbacks.initTriggerButton\"\n\t\t\tdata-wp-on--click=\"actions.showLightbox\"\n\t\t\tdata-wp-style--right=\"state.thisImage.buttonRight\"\n\t\t\tdata-wp-style--top=\"state.thisImage.buttonTop\"\n\t\t>\n\t\t\t<svg xmlns=\"http:\/\/www.w3.org\/2000\/svg\" width=\"12\" height=\"12\" fill=\"none\" viewBox=\"0 0 12 12\">\n\t\t\t\t<path fill=\"#fff\" d=\"M2 0a2 2 0 0 0-2 2v2h1.5V2a.5.5 0 0 1 .5-.5h2V0H2Zm2 10.5H2a.5.5 0 0 1-.5-.5V8H0v2a2 2 0 0 0 2 2h2v-1.5ZM8 12v-1.5h2a.5.5 0 0 0 .5-.5V8H12v2a2 2 0 0 1-2 2H8Zm2-12a2 2 0 0 1 2 2v2h-1.5V2a.5.5 0 0 0-.5-.5H8V0h2Z\" \/>\n\t\t\t<\/svg>\n\t\t<\/button><\/figure>\n\n\n\n<h2 class=\"wp-block-heading\"><span class=\"ez-toc-section\" id=\"Intrebari_frecvente\"><\/span>\u00centreb\u0103ri frecvente<span class=\"ez-toc-section-end\"><\/span><\/h2>\n\n\n<div id=\"rank-math-faq\" class=\"rank-math-block\">\n<div class=\"rank-math-list \">\n<div id=\"faq-question-1785837102000\" class=\"rank-math-list-item\">\n<h3 class=\"rank-math-question \"><span class=\"ez-toc-section\" id=\"Cat_dureaza_zborul_pana_la_Barcelona_din_Bucuresti\"><\/span>C\u00e2t dureaz\u0103 zborul p\u00e2n\u0103 la Barcelona din Bucure\u0219ti?<span class=\"ez-toc-section-end\"><\/span><\/h3>\n<div class=\"rank-math-answer \">\n\n<p>Zborul direct de la Aeroportul Interna\u021bional Henri Coand\u0103 p\u00e2n\u0103 la aeroportul El Prat din Barcelona dureaz\u0103 foarte confortabile 2 ore \u0219i 25 de minute, timp \u00een care parcurgi o distan\u021b\u0103 de 1 357 de kilometri. \u00cen plus, \u00een sezonul de var\u0103 po\u021bi alege din aproximativ 4 zboruri diferite zilnic, ceea ce ofer\u0103 o flexibilitate enorm\u0103 la planificarea c\u0103l\u0103toriei.<\/p>\n\n<\/div>\n<\/div>\n<div id=\"faq-question-1785837102001\" class=\"rank-math-list-item\">\n<h3 class=\"rank-math-question \"><span class=\"ez-toc-section\" id=\"Cat_costa_orientativ_un_bilet_de_avion\"><\/span>C\u00e2t cost\u0103 orientativ un bilet de avion?<span class=\"ez-toc-section-end\"><\/span><\/h3>\n<div class=\"rank-math-answer \">\n\n<p>Pre\u021burile variaz\u0103 foarte mult \u00een func\u021bie de anticipare \u0219i sezon, dar vara calculeaz\u0103 un pre\u021b mediu de aproximativ 230 lei pentru o singur\u0103 curs\u0103, complet f\u0103r\u0103 bagaj. De\u0219i motoarele de c\u0103utare pot afi\u0219a bilete de la 130 lei, aceste tarife sunt de obicei disponibile mai degrab\u0103 \u00een afara sezonului principal de vacan\u021b\u0103 \u0219i \u00een zilele mai pu\u021bin atractive.<\/p>\n\n<\/div>\n<\/div>\n<div id=\"faq-question-1785837102002\" class=\"rank-math-list-item\">\n<h3 class=\"rank-math-question \"><span class=\"ez-toc-section\" id=\"Functioneaza_biletul_obisnuit_de_metrou_de_la_aeroport\"><\/span>Func\u021bioneaz\u0103 biletul obi\u0219nuit de metrou de la aeroport?<span class=\"ez-toc-section-end\"><\/span><\/h3>\n<div class=\"rank-math-answer \">\n\n<p>Din p\u0103cate nu func\u021bioneaz\u0103, biletul clasic T-casual nu te va l\u0103sa deloc prin turnichetele de la moderna linie de aeroport L9 Sud. Trebuie s\u0103 cumperi un Bitllet Aeroport special, care \u00een prezent cost\u0103 5,90 \u20ac. Dac\u0103 vrei s\u0103 economise\u0219ti, folose\u0219te trenul suburban RENFE din terminalul T2, unde biletul obi\u0219nuit este valabil normal.<\/p>\n\n<\/div>\n<\/div>\n<div id=\"faq-question-1785837102003\" class=\"rank-math-list-item\">\n<h3 class=\"rank-math-question \"><span class=\"ez-toc-section\" id=\"Pot_merge_cu_masina_in_centrul_Barcelonei\"><\/span>Pot merge cu ma\u0219ina \u00een centrul Barcelonei?<span class=\"ez-toc-section-end\"><\/span><\/h3>\n<div class=\"rank-math-answer \">\n\n<p>Teoretic po\u021bi, dar \u00een practic\u0103 nu recomand\u0103m cu fermitate din cauza strictei zone cu emisii reduse ZBE, care acoper\u0103 \u00eentreg centrul. Ma\u0219inile str\u0103ine trebuie s\u0103 se \u00eenregistreze \u00een prealabil gratuit online \u00een sistemul AMB \u0219i s\u0103 \u00eendeplineasc\u0103 normele de emisii, altfel risc\u0103 o amend\u0103 automat\u0103 de 200 \u20ac de la sistemul inteligent de camere.<\/p>\n\n<\/div>\n<\/div>\n<div id=\"faq-question-1785837102004\" class=\"rank-math-list-item\">\n<h3 class=\"rank-math-question \"><span class=\"ez-toc-section\" id=\"Se_poate_ajunge_confortabil_la_Barcelona_cu_trenul\"><\/span>Se poate ajunge confortabil la Barcelona cu trenul?<span class=\"ez-toc-section-end\"><\/span><\/h3>\n<div class=\"rank-math-answer \">\n\n<p>Cu siguran\u021b\u0103 da \u0219i are foarte mult sens, dac\u0103 din motive de s\u0103n\u0103tate nu po\u021bi zbura. Cea mai frecvent\u0103 rut\u0103 trece prin Dresda, Frankfurt \u0219i Strasbourg, unde po\u021bi s\u0103 dormi peste noapte, \u0219i apoi prin Lyon p\u00e2n\u0103 \u00een Spania. A doua variant\u0103 este TGV-ul direct din Paris, care reu\u0219e\u0219te s\u0103 ajung\u0103 la mare \u00een 6 ore \u0219i 15 minute.<\/p>\n\n<\/div>\n<\/div>\n<div id=\"faq-question-1785837102005\" class=\"rank-math-list-item\">\n<h3 class=\"rank-math-question \"><span class=\"ez-toc-section\" id=\"La_ce_sa_fiu_atent_la_companiile_low-cost_precum_Ryanair\"><\/span>La ce s\u0103 fiu atent la companiile low-cost precum Ryanair?<span class=\"ez-toc-section-end\"><\/span><\/h3>\n<div class=\"rank-math-answer \">\n\n<p>Cea mai mare problem\u0103 sunt taxele ascunse pentru bagaje direct la poarta de \u00eembarcare. Dac\u0103 nu cumperi serviciul Priority \u0219i vii cu o valiz\u0103 mare de cabin\u0103 care nu se \u00eencadreaz\u0103 \u00een limita de 40 \u00d7 20 \u00d7 25 de centimetri, vei pl\u0103ti o penalizare dureroas\u0103 de 35 \u20ac, care pentru bagaje \u0219i mai mari sare p\u00e2n\u0103 la 70 \u20ac.<\/p>\n\n<\/div>\n<\/div>\n<div id=\"faq-question-1785837102006\" class=\"rank-math-list-item\">\n<h3 class=\"rank-math-question \"><span class=\"ez-toc-section\" id=\"Merita_sa_zbor_pe_aeroporturile_mai_indepartate_Girona_sau_Reus\"><\/span>Merit\u0103 s\u0103 zbor pe aeroporturile mai \u00eendep\u0103rtate Girona sau Reus?<span class=\"ez-toc-section-end\"><\/span><\/h3>\n<div class=\"rank-math-answer \">\n\n<p>Dac\u0103 mergi direct la Barcelona, de obicei nu merit\u0103 deloc. Transferul cu autobuzul de pe aceste aeroporturi cost\u0103 \u00eenc\u0103 15 p\u00e2n\u0103 la 22 \u20ac per curs\u0103 \u0219i c\u0103l\u0103toria dureaz\u0103 peste o or\u0103 \u0219i un sfert, a\u0219a c\u0103 banii economisi\u021bi pentru un bilet mai ieftin \u00eei vei cheltui \u00een final pe transportul \u00eendelungat p\u00e2n\u0103 \u00een centru \u0219i vei pierde o gr\u0103mad\u0103 de timp.<\/p>\n\n<\/div>\n<\/div>\n<\/div>\n<\/div>","protected":false},"excerpt":{"rendered":"<p>Pl\u0103nuie\u0219ti o c\u0103l\u0103torie la Barcelona, Spania? \u00ce\u021bi spunem ce bilete de avion s\u0103 alegi, la ce s\u0103 fii atent la bagaje \u0219i cum ajungi cu trenul, dac\u0103 nu zbori.<\/p>\n","protected":false},"author":3,"featured_media":376474,"comment_status":"open","ping_status":"open","sticky":false,"template":"","format":"standard","meta":{"_acf_changed":false,"footnotes":"","rank_math_title":"Barcelona, Spania: cum ajungi (zboruri \u0219i pre\u021buri 2026)","rank_math_description":"Cum ajungi la Barcelona, Spania \u00een 2026: zboruri, pre\u021buri bilete, capcane bagaje \u0219i traseu cu trenul. Planific\u0103-\u021bi drumul corect \u0219i economise\u0219te. Vezi ghidul!","rank_math_focus_keyword":"barcelona spania","rank_math_seo_score":""},"categories":[2015,2040,2021,2103],"tags":[],"class_list":["post-409544","post","type-post","status-publish","format-standard","has-post-thumbnail","category-calatorii","category-catalonia","category-spania"],"acf":[],"featured_image_src":"https:\/\/loudavymkrokem.cz\/wp-content\/uploads\/2026\/08\/barcelona-vueling-a-jejich-odstupnovana-kila-px.jpg","author_info":{"display_name":"Lucie Kone\u010dn\u00e1","author_link":"https:\/\/loudavymkrokem.cz\/ro\/author\/lucie-konecna\/"},"_links":{"self":[{"href":"https:\/\/loudavymkrokem.cz\/ro\/wp-json\/wp\/v2\/posts\/409544","targetHints":{"allow":["GET"]}}],"collection":[{"href":"https:\/\/loudavymkrokem.cz\/ro\/wp-json\/wp\/v2\/posts"}],"about":[{"href":"https:\/\/loudavymkrokem.cz\/ro\/wp-json\/wp\/v2\/types\/post"}],"author":[{"embeddable":true,"href":"https:\/\/loudavymkrokem.cz\/ro\/wp-json\/wp\/v2\/users\/3"}],"replies":[{"embeddable":true,"href":"https:\/\/loudavymkrokem.cz\/ro\/wp-json\/wp\/v2\/comments?post=409544"}],"version-history":[{"count":2,"href":"https:\/\/loudavymkrokem.cz\/ro\/wp-json\/wp\/v2\/posts\/409544\/revisions"}],"predecessor-version":[{"id":409548,"href":"https:\/\/loudavymkrokem.cz\/ro\/wp-json\/wp\/v2\/posts\/409544\/revisions\/409548"}],"wp:featuredmedia":[{"embeddable":true,"href":"https:\/\/loudavymkrokem.cz\/ro\/wp-json\/wp\/v2\/media\/376474"}],"wp:attachment":[{"href":"https:\/\/loudavymkrokem.cz\/ro\/wp-json\/wp\/v2\/media?parent=409544"}],"wp:term":[{"taxonomy":"category","embeddable":true,"href":"https:\/\/loudavymkrokem.cz\/ro\/wp-json\/wp\/v2\/categories?post=409544"},{"taxonomy":"post_tag","embeddable":true,"href":"https:\/\/loudavymkrokem.cz\/ro\/wp-json\/wp\/v2\/tags?post=409544"}],"curies":[{"name":"wp","href":"https:\/\/api.w.org\/{rel}","templated":true}]}}