{"id":409529,"date":"2026-08-25T20:45:06","date_gmt":"2026-08-25T18:45:06","guid":{"rendered":"https:\/\/loudavymkrokem.cz\/dc-8-amazonia-air-new-zealand\/"},"modified":"2026-08-31T10:21:09","modified_gmt":"2026-08-31T08:21:09","slug":"dc-8-amazonia-air-new-zealand","status":"publish","type":"post","link":"https:\/\/loudavymkrokem.cz\/ro\/dc-8-amazonia-air-new-zealand\/","title":{"rendered":"DC-8 Air New Zealand porne\u0219te spre cas\u0103 dup\u0103 20 de ani \u00een Amazonia"},"content":{"rendered":"<p>Avionul cu \u00eenmatricularea ZK-NZC este singurul exemplar p\u0103strat dintre cele opt aparate DC-8 care formau c\u00e2ndva flota de curse lungi a companiei Air New Zealand \u0219i care a r\u0103mas timp de dou\u0103zeci de ani \u00een Amazonia, scrie <a href=\"https:\/\/www.nttmuseumwanaka.co.nz\/blog\/bring-our-birds-home\" target=\"_blank\" rel=\"noreferrer noopener nofollow\">National Transport and Toy Museum W\u0101naka<\/a>. A fost construit la fabrica Douglas din Long Beach, California, iar compania aerian\u0103 l-a preluat \u00een septembrie 1965.<\/p>\n<p>Air New Zealand a scos aparatul din serviciu \u00een 1981. Apoi a trecut de la un proprietar la altul, p\u00e2n\u0103 a ajuns la transportatorul brazilian de marf\u0103 TCB, care \u0219i-a \u00eencheiat activitatea \u00een 2006. De atunci, avionul s-a degradat pe aeroportul Manaus-Eduardo Gomes.<\/p>\n<div id=\"ez-toc-container\" class=\"ez-toc-v2_0_86 ez-toc-wrap-left counter-hierarchy ez-toc-counter ez-toc-grey ez-toc-container-direction\">\n<div class=\"ez-toc-title-container\">\n<p class=\"ez-toc-title\" style=\"cursor:inherit\">Cuprinsul articolului<\/p>\n<span class=\"ez-toc-title-toggle\"><a href=\"#\" class=\"ez-toc-pull-right ez-toc-btn ez-toc-btn-xs ez-toc-btn-default ez-toc-toggle\" aria-label=\"Toggle Table of Content\"><span class=\"ez-toc-js-icon-con\"><span class=\"\"><span class=\"eztoc-hide\" style=\"display:none;\">Toggle<\/span><span class=\"ez-toc-icon-toggle-span\"><svg style=\"fill: #999;color:#999\" xmlns=\"http:\/\/www.w3.org\/2000\/svg\" class=\"list-377408\" width=\"20px\" height=\"20px\" viewBox=\"0 0 24 24\" fill=\"none\"><path d=\"M6 6H4v2h2V6zm14 0H8v2h12V6zM4 11h2v2H4v-2zm16 0H8v2h12v-2zM4 16h2v2H4v-2zm16 0H8v2h12v-2z\" fill=\"currentColor\"><\/path><\/svg><svg style=\"fill: #999;color:#999\" class=\"arrow-unsorted-368013\" xmlns=\"http:\/\/www.w3.org\/2000\/svg\" width=\"10px\" height=\"10px\" viewBox=\"0 0 24 24\" version=\"1.2\" baseProfile=\"tiny\"><path d=\"M18.2 9.3l-6.2-6.3-6.2 6.3c-.2.2-.3.4-.3.7s.1.5.3.7c.2.2.4.3.7.3h11c.3 0 .5-.1.7-.3.2-.2.3-.5.3-.7s-.1-.5-.3-.7zM5.8 14.7l6.2 6.3 6.2-6.3c.2-.2.3-.5.3-.7s-.1-.5-.3-.7c-.2-.2-.4-.3-.7-.3h-11c-.3 0-.5.1-.7.3-.2.2-.3.5-.3.7s.1.5.3.7z\"\/><\/svg><\/span><\/span><\/span><\/a><\/span><\/div>\n<nav><ul class='ez-toc-list ez-toc-list-level-1 ' ><li class='ez-toc-page-1 ez-toc-heading-level-2'><a class=\"ez-toc-link ez-toc-heading-1\" href=\"https:\/\/loudavymkrokem.cz\/ro\/dc-8-amazonia-air-new-zealand\/#O_legenda_care_a_transportat_o_regina\" >O legend\u0103 care a transportat o regin\u0103<\/a><\/li><li class='ez-toc-page-1 ez-toc-heading-level-2'><a class=\"ez-toc-link ez-toc-heading-2\" href=\"https:\/\/loudavymkrokem.cz\/ro\/dc-8-amazonia-air-new-zealand\/#Drumul_spre_casa_peste_ocean\" >Drumul spre cas\u0103 peste ocean<\/a><\/li><li class='ez-toc-page-1 ez-toc-heading-level-2'><a class=\"ez-toc-link ez-toc-heading-3\" href=\"https:\/\/loudavymkrokem.cz\/ro\/dc-8-amazonia-air-new-zealand\/#Ce_inseamna_asta_in_practica\" >Ce \u00eenseamn\u0103 asta \u00een practic\u0103<\/a><\/li><\/ul><\/nav><\/div>\n<h2><span class=\"ez-toc-section\" id=\"O_legenda_care_a_transportat_o_regina\"><\/span>O legend\u0103 care a transportat o regin\u0103<span class=\"ez-toc-section-end\"><\/span><\/h2>\n<p>Acest aparat anume are la activ o curs\u0103 istoric\u0103. Pe <strong>30 ianuarie 1974<\/strong> i-a transportat pe regina Elisabeta a II-a, pe prin\u021besa Anne \u0219i pe Mark Phillips de la Rarotonga la Christchurch, scrie <a href=\"https:\/\/www.odt.co.nz\/regions\/wanaka\/w%C4%81naka-final-resting-place-iconic-aircraft\" target=\"_blank\" rel=\"noreferrer noopener nofollow\">Otago Daily Times<\/a>. C\u00e2teva zile mai t\u00e2rziu, regina a deschis Jocurile Commonwealthului \u00een parcul QEII din Christchurch.<\/p>\n<p>Potrivit lui Paul Brennan, fondatorul organiza\u021biei caritabile Bring Our Birds Home, tocmai acest tip de avion a fost esen\u021bial pentru transformarea companiei Air New Zealand \u00eentr-o veritabil\u0103 companie aerian\u0103 interna\u021bional\u0103, noteaz\u0103 <a href=\"https:\/\/www.odt.co.nz\/star-news\/star-christchurch\/iconic-dc-8-heading-back-home\" target=\"_blank\" rel=\"noreferrer noopener nofollow\">Otago Daily Times<\/a>.<\/p>\n<h2><span class=\"ez-toc-section\" id=\"Drumul_spre_casa_peste_ocean\"><\/span>Drumul spre cas\u0103 peste ocean<span class=\"ez-toc-section-end\"><\/span><\/h2>\n<p>Demontarea avionului urmeaz\u0103 s\u0103 \u00eenceap\u0103 pe <strong>1 septembrie 2026<\/strong>. Aparatul va fi t\u0103iat \u00een sec\u021biuni (fuzelajul, aripile \u00eemp\u0103r\u021bite pentru transportul \u00een containere \u0219i ampenajele) \u0219i dus pe mare p\u00e2n\u0103 \u00een portul <strong>Timaru<\/strong>, pe Insula de Sud.<\/p>\n<p>Ar trebui s\u0103 ajung\u0103 acolo \u00eenc\u0103 din acest an, scriu publica\u021biile braziliene <a href=\"https:\/\/aerojota.com.br\/dc-8-abandonado-manaus-nova-zelandia\/\" target=\"_blank\" rel=\"noreferrer noopener nofollow\">AeroJota<\/a> \u0219i <a href=\"https:\/\/www.rondoniaovivo.com\/noticia\/geral\/2026\/08\/13\/fim-do-abandono-dc-8-que-esta-ha-duas-decadas-em-manaus-vai-de-navio-para-a-nova-zelandia.html\" target=\"_blank\" rel=\"noreferrer noopener nofollow\">Rond\u00f4nia ao Vivo<\/a>.<\/p>\n<p>Gol, un DC-8-52 c\u00e2nt\u0103re\u0219te \u00een jur de 60 de tone, are 45,9 metri lungime \u0219i o anvergur\u0103 a aripilor de 43,4 metri. Potrivit aceleia\u0219i surse, la logistic\u0103 particip\u0103 operatorul aeroportuar VINCI Airports \u0219i firma Freightplus, specializat\u0103 \u00een transport interna\u021bional greu.<\/p>\n<p>Costurile sunt acoperite de donatori anonimi. \u00cen plus, organiza\u021bia caritabil\u0103 Bring Our Birds Home str\u00e2nge de nou\u0103 ani fonduri pe platforma <a href=\"https:\/\/givealittle.co.nz\/cause\/bringourbirdshome\" target=\"_blank\" rel=\"noreferrer noopener nofollow\">Givealittle<\/a>, iar p\u00e2n\u0103 \u00een august 2026 a adunat <strong>40.035 NZD<\/strong> de la 467 de donatori.<\/p>\n<h2><span class=\"ez-toc-section\" id=\"Ce_inseamna_asta_in_practica\"><\/span>Ce \u00eenseamn\u0103 asta \u00een practic\u0103<span class=\"ez-toc-section-end\"><\/span><\/h2>\n<p>Dac\u0103 \u00ee\u021bi planifici o c\u0103l\u0103torie pe Insula de Sud a Noii Zeelande, dup\u0103 finalizarea restaur\u0103rii vei putea vedea aceast\u0103 bucat\u0103 de istorie a avia\u021biei la <strong>National Transport and Toy Museum din W\u0101naka<\/strong>. Muzeul se afl\u0103 chiar l\u00e2ng\u0103 aeroport \u0219i este deschis publicului \u00een mod obi\u0219nuit.<\/p>\n<p>Procesul de demontare \u0219i transportul pe mare pot fi urm\u0103rite \u0219i online. Organiza\u021bia le documenteaz\u0103 pas cu pas \u00een campania de pe Givealittle \u0219i pe re\u021belele sociale.<\/p>\n<p>Asupra zborurilor spre Brazilia sau asupra func\u021bion\u0103rii aeroportului din Manaus, aceast\u0103 ac\u021biune nu are niciun impact. Este vorba doar despre transportarea o singur\u0103 dat\u0103 a unei carcase de avion scoase din uz.<\/p>\n<p>Cine abia \u00ee\u0219i preg\u0103te\u0219te c\u0103l\u0103toria \u00een Noua Zeeland\u0103 s\u0103 \u021bin\u0103 cont c\u0103 avionul ar trebui s\u0103 ajung\u0103 la Timaru <strong>p\u00e2n\u0103 la finalul anului 2026<\/strong> \u0219i c\u0103 va ajunge la muzeul din W\u0101naka abia dup\u0103 o restaurare suplimentar\u0103.<\/p>\n\n\n<!-- LKM_GYG_CARD start q=\"cestu domu\" lang=\"ro\" rendered=\"2026-08-31T08:20:48+00:00\" v=\"1\" -->\n\n<!-- LKM_GYG_CARD end -->\n","protected":false},"excerpt":{"rendered":"<p>Singurul Douglas DC-8 r\u0103mas din flota Air New Zealand se degradeaz\u0103 de dou\u0103zeci de ani pe un aeroport din Amazonia. Din 1 septembrie 2026 va fi demontat \u0219i dus pe mare \u00een Noua Zeeland\u0103, unde va ajunge \u00eentr-un muzeu la W\u0101naka.<\/p>\n","protected":false},"author":2,"featured_media":396130,"comment_status":"open","ping_status":"open","sticky":false,"template":"","format":"standard","meta":{"_acf_changed":false,"footnotes":"","rank_math_title":"DC-8 din Amazonia porne\u0219te spre cas\u0103 dup\u0103 20 de ani","rank_math_description":"Singurul DC-8 Air New Zealand se degrada de 20 de ani \u00een Amazonia. Afl\u0103 cum va fi demontat \u0219i dus pe mare spre un muzeu din Noua Zeeland\u0103. Cite\u0219te povestea!","rank_math_focus_keyword":"amazonia","rank_math_seo_score":""},"categories":[2015],"tags":[],"class_list":["post-409529","post","type-post","status-publish","format-standard","has-post-thumbnail","category-calatorii"],"acf":[],"featured_image_src":"https:\/\/loudavymkrokem.cz\/wp-content\/uploads\/2026\/08\/abandoned-dc-8-aircraft-tarmac.jpg","author_info":{"display_name":"Luk\u00e1\u0161 Kone\u010dn\u00fd","author_link":"https:\/\/loudavymkrokem.cz\/ro\/author\/lukas-konecny\/"},"_links":{"self":[{"href":"https:\/\/loudavymkrokem.cz\/ro\/wp-json\/wp\/v2\/posts\/409529","targetHints":{"allow":["GET"]}}],"collection":[{"href":"https:\/\/loudavymkrokem.cz\/ro\/wp-json\/wp\/v2\/posts"}],"about":[{"href":"https:\/\/loudavymkrokem.cz\/ro\/wp-json\/wp\/v2\/types\/post"}],"author":[{"embeddable":true,"href":"https:\/\/loudavymkrokem.cz\/ro\/wp-json\/wp\/v2\/users\/2"}],"replies":[{"embeddable":true,"href":"https:\/\/loudavymkrokem.cz\/ro\/wp-json\/wp\/v2\/comments?post=409529"}],"version-history":[{"count":0,"href":"https:\/\/loudavymkrokem.cz\/ro\/wp-json\/wp\/v2\/posts\/409529\/revisions"}],"wp:featuredmedia":[{"embeddable":true,"href":"https:\/\/loudavymkrokem.cz\/ro\/wp-json\/wp\/v2\/media\/396130"}],"wp:attachment":[{"href":"https:\/\/loudavymkrokem.cz\/ro\/wp-json\/wp\/v2\/media?parent=409529"}],"wp:term":[{"taxonomy":"category","embeddable":true,"href":"https:\/\/loudavymkrokem.cz\/ro\/wp-json\/wp\/v2\/categories?post=409529"},{"taxonomy":"post_tag","embeddable":true,"href":"https:\/\/loudavymkrokem.cz\/ro\/wp-json\/wp\/v2\/tags?post=409529"}],"curies":[{"name":"wp","href":"https:\/\/api.w.org\/{rel}","templated":true}]}}