{"id":409522,"date":"2026-08-26T17:25:43","date_gmt":"2026-08-26T15:25:43","guid":{"rendered":"https:\/\/loudavymkrokem.cz\/vacanta-cipru-locuri\/"},"modified":"2026-09-01T22:54:55","modified_gmt":"2026-09-01T20:54:55","slug":"vacanta-cipru-locuri","status":"publish","type":"post","link":"https:\/\/loudavymkrokem.cz\/ro\/vacanta-cipru-locuri\/","title":{"rendered":"Vacan\u021b\u0103 \u00een Cipru: 24 de locuri de v\u0103zut \u0219i plaje \u00een 2026"},"content":{"rendered":"\n<!-- lk-tldr -->\n<div class=\"lk-tldr\" style=\"background:#f7f5f0;border-left:4px solid #c39f76;border-radius:0 10px 10px 0;padding:14px 18px;margin:0 0 26px;font-size:15px;line-height:1.65;\"><strong style=\"display:block;font-size:12px;text-transform:uppercase;letter-spacing:.06em;color:#a9885a;margin-bottom:5px;\">TL;DR<\/strong>Cipru are <strong>cel mai lung sezon de sc\u0103ldat din Europa<\/strong>: \u00een iunie marea din Ayia Napa are 25,7 \u00b0C, iar \u00een noiembrie \u00eenc\u0103 24,5 \u00b0C. \u00cen iulie \u0219i august sunt peste 32 \u00b0C \u0219i plou\u0103 0,1 zile pe lun\u0103. <strong>Paphos<\/strong> \u00eenseamn\u0103 antichitate \u0219i UNESCO, <strong>Ayia Napa<\/strong> plaje \u0219i petreceri, <strong>Protaras<\/strong> lini\u0219te pentru familii, iar <strong>mun\u021bii Troodos<\/strong> sunt cu 8 p\u00e2n\u0103 la 10 grade mai reci \u2014 iarna se schiaz\u0103 acolo. \u26a0\ufe0f Insula este \u00eemp\u0103r\u021bit\u0103; po\u021bi trece \u00een nord prin punctele oficiale de trecere, dar <strong>ai nevoie de pa\u0219aport<\/strong>, iar cu ma\u0219ina \u00eenchiriat\u0103 doar cu acordul companiei de \u00eenchirieri \u0219i cu asigurare suplimentar\u0103. Se conduce pe st\u00e2nga, se pl\u0103te\u0219te \u00een euro, iar halloumi provine chiar de aici.<\/div>\n<!-- \/lk-tldr -->\n\n\n\n<!-- lk-navbar -->\n<div class=\"lk-navbar\" style=\"margin:0 0 28px;\"><div style=\"font-size:12px;text-transform:uppercase;letter-spacing:.06em;color:#a9885a;font-weight:700;margin-bottom:9px;\">Linkuri rapide<\/div><div style=\"display:flex;flex-wrap:wrap;gap:9px;\"><a href=\"#Cand_sa_mergi_in_Cipru_vremea_luna_de_luna\" style=\"background:#c39f76;color:#fff;border:1px solid #c39f76;font-weight:700;padding:9px 15px;border-radius:22px;font-size:14px;text-decoration:none;display:inline-block;line-height:1;\">\ud83c\udf21\ufe0f C\u00e2nd s\u0103 mergi<\/a><a href=\"#Ce_sa_vezi_in_Cipru_24_de_ponturi_de_la_mozaicuri_la_munti\" style=\"background:#fff;color:#6b5a44;border:1px solid #e2d6c1;font-weight:600;padding:9px 15px;border-radius:22px;font-size:14px;text-decoration:none;display:inline-block;line-height:1;\">\ud83d\udccd 24 de ponturi<\/a><a href=\"#Unde_sa_te_cazezi_in_Cipru_ce_zona_ti_se_potriveste\" style=\"background:#fff;color:#6b5a44;border:1px solid #e2d6c1;font-weight:600;padding:9px 15px;border-radius:22px;font-size:14px;text-decoration:none;display:inline-block;line-height:1;\">\ud83c\udfe8 Unde s\u0103 stai<\/a><a href=\"#Ce_sa_mananci_in_Cipru_rai_pentru_vegetarieni\" style=\"background:#fff;color:#6b5a44;border:1px solid #e2d6c1;font-weight:600;padding:9px 15px;border-radius:22px;font-size:14px;text-decoration:none;display:inline-block;line-height:1;\">\ud83c\udf7d\ufe0f Ce s\u0103 m\u0103n\u00e2nci<\/a><a href=\"#Transportul_in_Cipru_masina_autobuze_si_trecerea_in_nord\" style=\"background:#fff;color:#6b5a44;border:1px solid #e2d6c1;font-weight:600;padding:9px 15px;border-radius:22px;font-size:14px;text-decoration:none;display:inline-block;line-height:1;\">\ud83d\ude97 Transport<\/a><a href=\"#Cat_costa_o_vacanta_in_Cipru\" style=\"background:#fff;color:#6b5a44;border:1px solid #e2d6c1;font-weight:600;padding:9px 15px;border-radius:22px;font-size:14px;text-decoration:none;display:inline-block;line-height:1;\">\ud83d\udcb0 Pre\u021buri<\/a><a href=\"#Intrebari_frecvente\" style=\"background:#fff;color:#6b5a44;border:1px solid #e2d6c1;font-weight:600;padding:9px 15px;border-radius:22px;font-size:14px;text-decoration:none;display:inline-block;line-height:1;\">\u2753 FAQ<\/a><\/div><\/div>\n<!-- \/lk-navbar -->\n\n\n\n<p class=\"wp-block-paragraph\">\u0218tiai c\u0103 aceast\u0103 insul\u0103 mediteranean\u0103 din Cipru are cel mai <strong>lung sezon de sc\u0103ldat din toat\u0103 Europa<\/strong>, astfel \u00eenc\u00e2t te scufunzi \u00een valuri deja din mai, iar \u00een noiembrie marea are \u00eenc\u0103 incredibilele 23 \u00b0C? Exact acest paradis estival este \u00eens\u0103 \u00een acela\u0219i timp un loc al contrastelor profunde, pentru c\u0103 peste el trece \u0219i ast\u0103zi s\u00e2rm\u0103 ghimpat\u0103 \u0219i ascunde \u00een prezent <strong>ultima capital\u0103 divizat\u0103 din Europa<\/strong>. Plaja \u0219i soarele se \u00eempletesc aici c\u00e2t se poate de firesc cu descoperirea unei istorii recente complicate, ceea ce face din destina\u021bie o \u021bint\u0103 fascinant\u0103 pentru orice c\u0103l\u0103tor curios.<\/p>\n\n\n\n<p class=\"wp-block-paragraph\">Dac\u0103 chiar acum te atrage o <strong>vacan\u021b\u0103 \u00een Cipru<\/strong>, cu siguran\u021b\u0103 nu vei regreta, pentru c\u0103 aceast\u0103 destina\u021bie mul\u021bume\u0219te la fel de bine iubitorii de monumente, de drume\u021bii montane \u0219i de leneveal\u0103 nesf\u00e2r\u0219it\u0103 pe plaj\u0103. C\u00e2nd \u00ee\u021bi planifici itinerarul \u0219i cau\u021bi informa\u021bii despre <strong>ce s\u0103 vezi \u00een Cipru<\/strong>, poate vei fi pu\u021bin surprins de m\u0103rimea insulei, fiindc\u0103 drumul de la un cap\u0103t la altul poate dura chiar \u0219i c\u00e2teva ore. C\u0103l\u0103torii se \u00eentreab\u0103 adesea cum func\u021bioneaz\u0103 de fapt acea grani\u021b\u0103 dintre nord \u0219i sud \u0219i tocmai de aceea am decis s\u0103 pun cap la cap un ghid complet care \u00ee\u021bi r\u0103spunde la toate \u00eentreb\u0103rile practice.<\/p>\n\n\n\n<p class=\"wp-block-paragraph\">\u00cen acest articol te a\u0219teapt\u0103 nu mai pu\u021bin de <strong>24 de ponturi concrete<\/strong> despre unde s\u0103 mergi \u0219i ce nu ai voie s\u0103 ratezi. Am preg\u0103tit pentru tine <strong>tabele detaliate cu vremea, lun\u0103 de lun\u0103<\/strong>, care se bazeaz\u0103 pe date reale din zece ani, \u0219i ne vom uita \u00een detaliu at\u00e2t la sudul, c\u00e2t \u0219i la nordul insulei. Vei afla \u0219i unde te cazezi cel mai bine, c\u0103 din Bucure\u0219ti zboar\u0103 curse Wizz Air \u0219i TAROM spre Larnaca \u0219i Paphos, cu un timp de zbor de aproximativ 3 ore \u0219i 20 de minute, \u0219i cum func\u021bioneaz\u0103 transportul local. Republica Cipru este membru cu drepturi depline al UE \u0219i se pl\u0103te\u0219te \u00een euro (1 \u20ac \u2248 5 lei), a\u0219a c\u0103 vei avea o imagine clar\u0103 asupra pre\u021burilor cu care trebuie s\u0103 te a\u0219tep\u021bi \u0219i unde g\u0103se\u0219ti cea mai bun\u0103 m\u00e2ncare pentru vegetarieni. \u263a\ufe0f<\/p>\n\n\n\n<figure data-wp-context=\"{&quot;imageId&quot;:&quot;6a9944e52ab0c&quot;}\" data-wp-interactive=\"core\/image\" data-wp-key=\"6a9944e52ab0c\" class=\"wp-block-image size-full wp-lightbox-container\"><img decoding=\"async\" width=\"1500\" height=\"1124\" data-wp-class--hide=\"state.isContentHidden\" data-wp-class--show=\"state.isContentVisible\" data-wp-init=\"callbacks.setButtonStyles\" data-wp-on--click=\"actions.showLightbox\" data-wp-on--load=\"callbacks.setButtonStyles\" data-wp-on--pointerdown=\"actions.preloadImage\" data-wp-on--pointerenter=\"actions.preloadImageWithDelay\" data-wp-on--pointerleave=\"actions.cancelPreload\" data-wp-on-window--resize=\"callbacks.setButtonStyles\" src=\"https:\/\/loudavymkrokem.cz\/wp-content\/uploads\/2026\/08\/dovolena-kypr-uvod.jpg\" alt=\"Marea turcoaz de l\u00e2ng\u0103 Ayia Napa\" class=\"wp-image-399836\" title=\"\" srcset=\"https:\/\/loudavymkrokem.cz\/wp-content\/uploads\/2026\/08\/dovolena-kypr-uvod.jpg 1500w, https:\/\/loudavymkrokem.cz\/wp-content\/uploads\/2026\/08\/dovolena-kypr-uvod-300x225.jpg 300w, https:\/\/loudavymkrokem.cz\/wp-content\/uploads\/2026\/08\/dovolena-kypr-uvod-700x525.jpg 700w, https:\/\/loudavymkrokem.cz\/wp-content\/uploads\/2026\/08\/dovolena-kypr-uvod-768x575.jpg 768w, https:\/\/loudavymkrokem.cz\/wp-content\/uploads\/2026\/08\/dovolena-kypr-uvod-80x60.jpg 80w, https:\/\/loudavymkrokem.cz\/wp-content\/uploads\/2026\/08\/dovolena-kypr-uvod-160x120.jpg 160w, https:\/\/loudavymkrokem.cz\/wp-content\/uploads\/2026\/08\/dovolena-kypr-uvod-696x522.jpg 696w, https:\/\/loudavymkrokem.cz\/wp-content\/uploads\/2026\/08\/dovolena-kypr-uvod-1392x1043.jpg 1392w\" sizes=\"(max-width: 1500px) 100vw, 1500px\" \/><button\n\t\t\tclass=\"lightbox-trigger\"\n\t\t\ttype=\"button\"\n\t\t\taria-haspopup=\"dialog\"\n\t\t\tdata-wp-bind--aria-label=\"state.thisImage.triggerButtonAriaLabel\"\n\t\t\tdata-wp-init=\"callbacks.initTriggerButton\"\n\t\t\tdata-wp-on--click=\"actions.showLightbox\"\n\t\t\tdata-wp-style--right=\"state.thisImage.buttonRight\"\n\t\t\tdata-wp-style--top=\"state.thisImage.buttonTop\"\n\t\t>\n\t\t\t<svg xmlns=\"http:\/\/www.w3.org\/2000\/svg\" width=\"12\" height=\"12\" fill=\"none\" viewBox=\"0 0 12 12\">\n\t\t\t\t<path fill=\"#fff\" d=\"M2 0a2 2 0 0 0-2 2v2h1.5V2a.5.5 0 0 1 .5-.5h2V0H2Zm2 10.5H2a.5.5 0 0 1-.5-.5V8H0v2a2 2 0 0 0 2 2h2v-1.5ZM8 12v-1.5h2a.5.5 0 0 0 .5-.5V8H12v2a2 2 0 0 1-2 2H8Zm2-12a2 2 0 0 1 2 2v2h-1.5V2a.5.5 0 0 0-.5-.5H8V0h2Z\" \/>\n\t\t\t<\/svg>\n\t\t<\/button><figcaption class=\"wp-element-caption\">Marea turcoaz de l\u00e2ng\u0103 Ayia Napa (Foto: Gerda Arendt \/ Wikimedia Commons, CC0)<\/figcaption><\/figure>\n\n\n\n<div id=\"ez-toc-container\" class=\"ez-toc-v2_0_87 ez-toc-wrap-left counter-hierarchy ez-toc-counter ez-toc-grey ez-toc-container-direction\">\n<div class=\"ez-toc-title-container\">\n<p class=\"ez-toc-title\" style=\"cursor:inherit\">Cuprinsul articolului<\/p>\n<span class=\"ez-toc-title-toggle\"><a href=\"#\" class=\"ez-toc-pull-right ez-toc-btn ez-toc-btn-xs ez-toc-btn-default ez-toc-toggle\" aria-label=\"Toggle Table of Content\"><span class=\"ez-toc-js-icon-con\"><span class=\"\"><span class=\"eztoc-hide\" style=\"display:none;\">Toggle<\/span><span class=\"ez-toc-icon-toggle-span\"><svg style=\"fill: #999;color:#999\" xmlns=\"http:\/\/www.w3.org\/2000\/svg\" class=\"list-377408\" width=\"20px\" height=\"20px\" viewBox=\"0 0 24 24\" fill=\"none\"><path d=\"M6 6H4v2h2V6zm14 0H8v2h12V6zM4 11h2v2H4v-2zm16 0H8v2h12v-2zM4 16h2v2H4v-2zm16 0H8v2h12v-2z\" fill=\"currentColor\"><\/path><\/svg><svg style=\"fill: #999;color:#999\" class=\"arrow-unsorted-368013\" xmlns=\"http:\/\/www.w3.org\/2000\/svg\" width=\"10px\" height=\"10px\" viewBox=\"0 0 24 24\" version=\"1.2\" baseProfile=\"tiny\"><path d=\"M18.2 9.3l-6.2-6.3-6.2 6.3c-.2.2-.3.4-.3.7s.1.5.3.7c.2.2.4.3.7.3h11c.3 0 .5-.1.7-.3.2-.2.3-.5.3-.7s-.1-.5-.3-.7zM5.8 14.7l6.2 6.3 6.2-6.3c.2-.2.3-.5.3-.7s-.1-.5-.3-.7c-.2-.2-.4-.3-.7-.3h-11c-.3 0-.5.1-.7.3-.2.2-.3.5-.3.7s.1.5.3.7z\"\/><\/svg><\/span><\/span><\/span><\/a><\/span><\/div>\n<nav><ul class='ez-toc-list ez-toc-list-level-1 ' ><li class='ez-toc-page-1 ez-toc-heading-level-2'><a class=\"ez-toc-link ez-toc-heading-1\" href=\"https:\/\/loudavymkrokem.cz\/ro\/vacanta-cipru-locuri\/#Rezumat_daca_nu_apuci_sa_citesti_tot_articolul\" >Rezumat, dac\u0103 nu apuci s\u0103 cite\u0219ti tot articolul<\/a><\/li><li class='ez-toc-page-1 ez-toc-heading-level-2'><a class=\"ez-toc-link ez-toc-heading-2\" href=\"https:\/\/loudavymkrokem.cz\/ro\/vacanta-cipru-locuri\/#De_ce_sa_mergi_in_Cipru_si_pentru_cine_nu_se_potriveste\" >De ce s\u0103 mergi \u00een Cipru (\u0219i pentru cine nu se potrive\u0219te)<\/a><ul class='ez-toc-list-level-3' ><li class='ez-toc-heading-level-3'><a class=\"ez-toc-link ez-toc-heading-3\" href=\"https:\/\/loudavymkrokem.cz\/ro\/vacanta-cipru-locuri\/#6_motive_pentru_care_Cipru_merita_drumul\" >6 motive pentru care Cipru merit\u0103 drumul<\/a><\/li><li class='ez-toc-page-1 ez-toc-heading-level-3'><a class=\"ez-toc-link ez-toc-heading-4\" href=\"https:\/\/loudavymkrokem.cz\/ro\/vacanta-cipru-locuri\/#Cui_nu_i_se_potriveste_Cipru\" >Cui nu i se potrive\u0219te Cipru<\/a><\/li><\/ul><\/li><li class='ez-toc-page-1 ez-toc-heading-level-2'><a class=\"ez-toc-link ez-toc-heading-5\" href=\"https:\/\/loudavymkrokem.cz\/ro\/vacanta-cipru-locuri\/#Cand_sa_mergi_in_Cipru_vremea_luna_de_luna\" >C\u00e2nd s\u0103 mergi \u00een Cipru: vremea lun\u0103 de lun\u0103<\/a><ul class='ez-toc-list-level-3' ><li class='ez-toc-heading-level-3'><a class=\"ez-toc-link ez-toc-heading-6\" href=\"https:\/\/loudavymkrokem.cz\/ro\/vacanta-cipru-locuri\/#Paphos_vestul_insulei_e_ceva_mai_bland\" >Paphos: vestul insulei e ceva mai bl\u00e2nd<\/a><\/li><li class='ez-toc-page-1 ez-toc-heading-level-3'><a class=\"ez-toc-link ez-toc-heading-7\" href=\"https:\/\/loudavymkrokem.cz\/ro\/vacanta-cipru-locuri\/#Muntii_Troodos_o_insula_complet_diferita\" >Mun\u021bii Troodos: o insul\u0103 complet diferit\u0103<\/a><\/li><li class='ez-toc-page-1 ez-toc-heading-level-3'><a class=\"ez-toc-link ez-toc-heading-8\" href=\"https:\/\/loudavymkrokem.cz\/ro\/vacanta-cipru-locuri\/#Cele_mai_bune_luni_in_functie_de_tipul_de_vacanta\" >Cele mai bune luni \u00een func\u021bie de tipul de vacan\u021b\u0103<\/a><\/li><\/ul><\/li><li class='ez-toc-page-1 ez-toc-heading-level-2'><a class=\"ez-toc-link ez-toc-heading-9\" href=\"https:\/\/loudavymkrokem.cz\/ro\/vacanta-cipru-locuri\/#Ce_sa_vezi_in_Cipru_24_de_ponturi_de_la_mozaicuri_antice_la_munti\" >Ce s\u0103 vezi \u00een Cipru: 24 de ponturi, de la mozaicuri antice la mun\u021bi<\/a><ul class='ez-toc-list-level-3' ><li class='ez-toc-heading-level-3'><a class=\"ez-toc-link ez-toc-heading-10\" href=\"https:\/\/loudavymkrokem.cz\/ro\/vacanta-cipru-locuri\/#1_Parcul_arheologic_din_Paphos_mozaicurile_pentru_care_vin_oamenii\" >1. Parcul arheologic din Paphos: mozaicurile pentru care vin oamenii<\/a><\/li><li class='ez-toc-page-1 ez-toc-heading-level-3'><a class=\"ez-toc-link ez-toc-heading-11\" href=\"https:\/\/loudavymkrokem.cz\/ro\/vacanta-cipru-locuri\/#2_Mormintele_Regilor_Tombs_of_the_Kings\" >2. Mormintele Regilor (Tombs of the Kings)<\/a><\/li><li class='ez-toc-page-1 ez-toc-heading-level-3'><a class=\"ez-toc-link ez-toc-heading-12\" href=\"https:\/\/loudavymkrokem.cz\/ro\/vacanta-cipru-locuri\/#3_Petra_tou_Romiou_stanca_unde_potrivit_mitului_s-a_nascut_Afrodita\" >3. Petra tou Romiou: st\u00e2nca unde, potrivit mitului, s-a n\u0103scut Afrodita<\/a><\/li><li class='ez-toc-page-1 ez-toc-heading-level-3'><a class=\"ez-toc-link ez-toc-heading-13\" href=\"https:\/\/loudavymkrokem.cz\/ro\/vacanta-cipru-locuri\/#4_Peninsula_Akamas_si_Laguna_Albastra\" >4. Peninsula Akamas \u0219i Laguna Albastr\u0103<\/a><\/li><li class='ez-toc-page-1 ez-toc-heading-level-3'><a class=\"ez-toc-link ez-toc-heading-14\" href=\"https:\/\/loudavymkrokem.cz\/ro\/vacanta-cipru-locuri\/#5_Cheile_Avakas\" >5. Cheile Avakas<\/a><\/li><li class='ez-toc-page-1 ez-toc-heading-level-3'><a class=\"ez-toc-link ez-toc-heading-15\" href=\"https:\/\/loudavymkrokem.cz\/ro\/vacanta-cipru-locuri\/#6_Lara_Bay_si_broastele-testoase_marine\" >6. Lara Bay \u0219i broa\u0219tele-\u021bestoase marine<\/a><\/li><li class='ez-toc-page-1 ez-toc-heading-level-3'><a class=\"ez-toc-link ez-toc-heading-16\" href=\"https:\/\/loudavymkrokem.cz\/ro\/vacanta-cipru-locuri\/#7_Pesterile_marine_de_la_Peyia_si_Coral_Bay\" >7. Pe\u0219terile marine de la Peyia \u0219i Coral Bay<\/a><\/li><li class='ez-toc-page-1 ez-toc-heading-level-3'><a class=\"ez-toc-link ez-toc-heading-17\" href=\"https:\/\/loudavymkrokem.cz\/ro\/vacanta-cipru-locuri\/#8_Limassol_faleza_castelul_si_cel_mai_animat_oras_al_sudului\" >8. Limassol: faleza, castelul \u0219i cel mai animat ora\u0219 al sudului<\/a><\/li><li class='ez-toc-page-1 ez-toc-heading-level-3'><a class=\"ez-toc-link ez-toc-heading-18\" href=\"https:\/\/loudavymkrokem.cz\/ro\/vacanta-cipru-locuri\/#9_Kourion_teatrul_antic_deasupra_marii\" >9. Kourion: teatrul antic deasupra m\u0103rii<\/a><\/li><li class='ez-toc-page-1 ez-toc-heading-level-3'><a class=\"ez-toc-link ez-toc-heading-19\" href=\"https:\/\/loudavymkrokem.cz\/ro\/vacanta-cipru-locuri\/#10_Castelul_Kolossi\" >10. Castelul Kolossi<\/a><\/li><li class='ez-toc-page-1 ez-toc-heading-level-3'><a class=\"ez-toc-link ez-toc-heading-20\" href=\"https:\/\/loudavymkrokem.cz\/ro\/vacanta-cipru-locuri\/#11_Capul_Cape_Greco_si_Kamara_tou_Koraka\" >11. Capul Cape Greco \u0219i Kamara tou Koraka<\/a><\/li><li class='ez-toc-page-1 ez-toc-heading-level-3'><a class=\"ez-toc-link ez-toc-heading-21\" href=\"https:\/\/loudavymkrokem.cz\/ro\/vacanta-cipru-locuri\/#12_Larnaca_Lacul_Sarat_si_flamingii\" >12. Larnaca: Lacul S\u0103rat \u0219i flamingii<\/a><\/li><li class='ez-toc-page-1 ez-toc-heading-level-3'><a class=\"ez-toc-link ez-toc-heading-22\" href=\"https:\/\/loudavymkrokem.cz\/ro\/vacanta-cipru-locuri\/#13_Nissi_Beach_cea_mai_faimoasa_plaja_din_Cipru\" >13. Nissi Beach: cea mai faimoas\u0103 plaj\u0103 din Cipru<\/a><\/li><li class='ez-toc-page-1 ez-toc-heading-level-3'><a class=\"ez-toc-link ez-toc-heading-23\" href=\"https:\/\/loudavymkrokem.cz\/ro\/vacanta-cipru-locuri\/#14_Ayia_Napa_in_Cipru_petreceri_dar_si_manastire_si_pesteri_marine\" >14. Ayia Napa \u00een Cipru: petreceri, dar \u0219i m\u0103n\u0103stire \u0219i pe\u0219teri marine<\/a><\/li><li class='ez-toc-page-1 ez-toc-heading-level-3'><a class=\"ez-toc-link ez-toc-heading-24\" href=\"https:\/\/loudavymkrokem.cz\/ro\/vacanta-cipru-locuri\/#15_Protaras_si_Fig_Tree_Bay\" >15. Protaras \u0219i Fig Tree Bay<\/a><\/li><li class='ez-toc-page-1 ez-toc-heading-level-3'><a class=\"ez-toc-link ez-toc-heading-25\" href=\"https:\/\/loudavymkrokem.cz\/ro\/vacanta-cipru-locuri\/#16_Ayia_Napa_Sculpture_Park_si_potecile_Cape_Greco\" >16. Ayia Napa Sculpture Park \u0219i potecile Cape Greco<\/a><\/li><li class='ez-toc-page-1 ez-toc-heading-level-3'><a class=\"ez-toc-link ez-toc-heading-26\" href=\"https:\/\/loudavymkrokem.cz\/ro\/vacanta-cipru-locuri\/#17_Parcul_acvatic_WaterWorld_din_Ayia_Napa\" >17. Parcul acvatic WaterWorld din Ayia Napa<\/a><\/li><li class='ez-toc-page-1 ez-toc-heading-level-3'><a class=\"ez-toc-link ez-toc-heading-27\" href=\"https:\/\/loudavymkrokem.cz\/ro\/vacanta-cipru-locuri\/#18_Satele_din_Troodos_Omodos_Lefkara_si_Kakopetria\" >18. Satele din Troodos: Omodos, Lefkara \u0219i Kakopetria<\/a><\/li><li class='ez-toc-page-1 ez-toc-heading-level-3'><a class=\"ez-toc-link ez-toc-heading-28\" href=\"https:\/\/loudavymkrokem.cz\/ro\/vacanta-cipru-locuri\/#19_Bisericile_bizantine_de_pe_lista_UNESCO\" >19. Bisericile bizantine de pe lista UNESCO<\/a><\/li><li class='ez-toc-page-1 ez-toc-heading-level-3'><a class=\"ez-toc-link ez-toc-heading-29\" href=\"https:\/\/loudavymkrokem.cz\/ro\/vacanta-cipru-locuri\/#20_Cascadele_Kalidonia_si_Mount_Olympus\" >20. Cascadele Kalidonia \u0219i Mount Olympus<\/a><\/li><li class='ez-toc-page-1 ez-toc-heading-level-3'><a class=\"ez-toc-link ez-toc-heading-30\" href=\"https:\/\/loudavymkrokem.cz\/ro\/vacanta-cipru-locuri\/#21_Cramele_cipriote_si_traseele_vinurilor\" >21. Cramele cipriote \u0219i traseele vinurilor<\/a><\/li><li class='ez-toc-page-1 ez-toc-heading-level-3'><a class=\"ez-toc-link ez-toc-heading-31\" href=\"https:\/\/loudavymkrokem.cz\/ro\/vacanta-cipru-locuri\/#22_Nicosia_din_Cipru_ultima_capitala_divizata_a_Europei\" >22. Nicosia din Cipru: ultima capital\u0103 divizat\u0103 a Europei<\/a><\/li><li class='ez-toc-page-1 ez-toc-heading-level-3'><a class=\"ez-toc-link ez-toc-heading-32\" href=\"https:\/\/loudavymkrokem.cz\/ro\/vacanta-cipru-locuri\/#23_Kyrenia_Girne_si_castelul_de_deasupra_portului\" >23. Kyrenia (Girne) \u0219i castelul de deasupra portului<\/a><\/li><li class='ez-toc-page-1 ez-toc-heading-level-3'><a class=\"ez-toc-link ez-toc-heading-33\" href=\"https:\/\/loudavymkrokem.cz\/ro\/vacanta-cipru-locuri\/#24_Famagusta_si_orasul-fantoma_Varosha\" >24. Famagusta \u0219i ora\u0219ul-fantom\u0103 Varosha<\/a><\/li><\/ul><\/li><li class='ez-toc-page-1 ez-toc-heading-level-2'><a class=\"ez-toc-link ez-toc-heading-34\" href=\"https:\/\/loudavymkrokem.cz\/ro\/vacanta-cipru-locuri\/#Unde_sa_te_cazezi_in_Cipru_ce_zona_ti_se_potriveste\" >Unde s\u0103 te cazezi \u00een Cipru: ce zon\u0103 \u021bi se potrive\u0219te<\/a><ul class='ez-toc-list-level-3' ><li class='ez-toc-heading-level-3'><a class=\"ez-toc-link ez-toc-heading-35\" href=\"https:\/\/loudavymkrokem.cz\/ro\/vacanta-cipru-locuri\/#Prezentarea_zonelor\" >Prezentarea zonelor<\/a><\/li><li class='ez-toc-page-1 ez-toc-heading-level-3'><a class=\"ez-toc-link ez-toc-heading-36\" href=\"https:\/\/loudavymkrokem.cz\/ro\/vacanta-cipru-locuri\/#Ponturi_concrete_de_cazare\" >Ponturi concrete de cazare<\/a><\/li><\/ul><\/li><li class='ez-toc-page-1 ez-toc-heading-level-2'><a class=\"ez-toc-link ez-toc-heading-37\" href=\"https:\/\/loudavymkrokem.cz\/ro\/vacanta-cipru-locuri\/#Ce_sa_mananci_in_Cipru_rai_pentru_vegetarieni\" >Ce s\u0103 m\u0103n\u00e2nci \u00een Cipru: rai pentru vegetarieni<\/a><\/li><li class='ez-toc-page-1 ez-toc-heading-level-2'><a class=\"ez-toc-link ez-toc-heading-38\" href=\"https:\/\/loudavymkrokem.cz\/ro\/vacanta-cipru-locuri\/#Transportul_in_Cipru_masina_autobuze_si_trecerea_in_nord\" >Transportul \u00een Cipru: ma\u0219in\u0103, autobuze \u0219i trecerea \u00een nord<\/a><ul class='ez-toc-list-level-3' ><li class='ez-toc-heading-level-3'><a class=\"ez-toc-link ez-toc-heading-39\" href=\"https:\/\/loudavymkrokem.cz\/ro\/vacanta-cipru-locuri\/#Se_conduce_pe_stanga\" >Se conduce pe st\u00e2nga<\/a><\/li><li class='ez-toc-page-1 ez-toc-heading-level-3'><a class=\"ez-toc-link ez-toc-heading-40\" href=\"https:\/\/loudavymkrokem.cz\/ro\/vacanta-cipru-locuri\/#Autobuze_versus_masina_inchiriata\" >Autobuze versus ma\u0219in\u0103 \u00eenchiriat\u0103<\/a><\/li><li class='ez-toc-page-1 ez-toc-heading-level-3'><a class=\"ez-toc-link ez-toc-heading-41\" href=\"https:\/\/loudavymkrokem.cz\/ro\/vacanta-cipru-locuri\/#Cum_treci_Linia_Verde_in_nord\" >Cum treci Linia Verde \u00een nord<\/a><\/li><\/ul><\/li><li class='ez-toc-page-1 ez-toc-heading-level-2'><a class=\"ez-toc-link ez-toc-heading-42\" href=\"https:\/\/loudavymkrokem.cz\/ro\/vacanta-cipru-locuri\/#Cat_costa_o_vacanta_in_Cipru\" >C\u00e2t cost\u0103 o vacan\u021b\u0103 \u00een Cipru<\/a><\/li><li class='ez-toc-page-1 ez-toc-heading-level-2'><a class=\"ez-toc-link ez-toc-heading-43\" href=\"https:\/\/loudavymkrokem.cz\/ro\/vacanta-cipru-locuri\/#La_ce_sa_fii_atent_in_Cipru\" >La ce s\u0103 fii atent \u00een Cipru<\/a><\/li><li class='ez-toc-page-1 ez-toc-heading-level-2'><a class=\"ez-toc-link ez-toc-heading-44\" href=\"https:\/\/loudavymkrokem.cz\/ro\/vacanta-cipru-locuri\/#Cipru_cu_copii\" >Cipru cu copii<\/a><\/li><li class='ez-toc-page-1 ez-toc-heading-level-2'><a class=\"ez-toc-link ez-toc-heading-45\" href=\"https:\/\/loudavymkrokem.cz\/ro\/vacanta-cipru-locuri\/#Incotro_mai_departe_alte_ponturi_de_vacanta_la_mare\" >\u00cencotro mai departe: alte ponturi de vacan\u021b\u0103 la mare<\/a><\/li><li class='ez-toc-page-1 ez-toc-heading-level-2'><a class=\"ez-toc-link ez-toc-heading-46\" href=\"https:\/\/loudavymkrokem.cz\/ro\/vacanta-cipru-locuri\/#Intrebari_frecvente\" >\u00centreb\u0103ri frecvente<\/a><ul class='ez-toc-list-level-3' ><li class='ez-toc-heading-level-3'><a class=\"ez-toc-link ez-toc-heading-47\" href=\"https:\/\/loudavymkrokem.cz\/ro\/vacanta-cipru-locuri\/#Cand_este_cel_mai_bun_moment_sa_vizitezi_Cipru\" >C\u00e2nd este cel mai bun moment s\u0103 vizitezi Cipru?<\/a><\/li><li class='ez-toc-page-1 ez-toc-heading-level-3'><a class=\"ez-toc-link ez-toc-heading-48\" href=\"https:\/\/loudavymkrokem.cz\/ro\/vacanta-cipru-locuri\/#Cat_timp_aveti_nevoie_pentru_Cipru\" >C\u00e2t timp ave\u021bi nevoie pentru Cipru?<\/a><\/li><li class='ez-toc-page-1 ez-toc-heading-level-3'><a class=\"ez-toc-link ez-toc-heading-49\" href=\"https:\/\/loudavymkrokem.cz\/ro\/vacanta-cipru-locuri\/#Se_poate_face_baie_in_Cipru_in_octombrie_si_noiembrie\" >Se poate face baie \u00een Cipru \u00een octombrie \u0219i noiembrie?<\/a><\/li><li class='ez-toc-page-1 ez-toc-heading-level-3'><a class=\"ez-toc-link ez-toc-heading-50\" href=\"https:\/\/loudavymkrokem.cz\/ro\/vacanta-cipru-locuri\/#Am_nevoie_de_masina_in_Cipru\" >Am nevoie de ma\u0219in\u0103 \u00een Cipru?<\/a><\/li><li class='ez-toc-page-1 ez-toc-heading-level-3'><a class=\"ez-toc-link ez-toc-heading-51\" href=\"https:\/\/loudavymkrokem.cz\/ro\/vacanta-cipru-locuri\/#Pot_trece_de_la_sud_la_nordul_Ciprului\" >Pot trece de la sud la nordul Ciprului?<\/a><\/li><li class='ez-toc-page-1 ez-toc-heading-level-3'><a class=\"ez-toc-link ez-toc-heading-52\" href=\"https:\/\/loudavymkrokem.cz\/ro\/vacanta-cipru-locuri\/#Este_Cipru_scump\" >Este Cipru scump?<\/a><\/li><li class='ez-toc-page-1 ez-toc-heading-level-3'><a class=\"ez-toc-link ez-toc-heading-53\" href=\"https:\/\/loudavymkrokem.cz\/ro\/vacanta-cipru-locuri\/#Ce_mancare_exista_in_Cipru_pentru_vegetarieni\" >Ce m\u00e2ncare exist\u0103 \u00een Cipru pentru vegetarieni?<\/a><\/li><li class='ez-toc-page-1 ez-toc-heading-level-3'><a class=\"ez-toc-link ez-toc-heading-54\" href=\"https:\/\/loudavymkrokem.cz\/ro\/vacanta-cipru-locuri\/#Este_Cipru_sigur\" >Este Cipru sigur?<\/a><\/li><\/ul><\/li><\/ul><\/nav><\/div>\n<h2 id=\"Rezumat\" class=\"wp-block-heading\"><span class=\"ez-toc-section\" id=\"Rezumat_daca_nu_apuci_sa_citesti_tot_articolul\"><\/span>Rezumat, dac\u0103 nu apuci s\u0103 cite\u0219ti tot articolul<span class=\"ez-toc-section-end\"><\/span><\/h2>\n\n\n\n<p class=\"wp-block-paragraph\">Dac\u0103 nu ai timp s\u0103 parcurgi ghidul detaliat, am preg\u0103tit pentru tine un rezumat rapid al celor mai importante lucruri. Iat\u0103 faptele de baz\u0103 pe care ar trebui neap\u0103rat s\u0103 le \u0219tii \u00eenainte de plecare:<\/p>\n\n\n\n<ul class=\"wp-block-list\">\n<li>Insula se m\u00e2ndre\u0219te cu <strong>cel mai lung sezon de sc\u0103ldat din Europa<\/strong>, marea din \u00eendr\u0103gita Ayia Napa av\u00e2nd \u0219i \u00een noiembrie frumoasele 24,5 \u00b0C.<\/li>\n\n\n\n<li>Dac\u0103 vii aici \u00een iulie \u0219i august, te a\u0219teapt\u0103 \u00een Ayia Napa temperaturi de <strong>32,1 \u0219i 32,4 \u00b0C<\/strong>, iar aici plou\u0103 \u00een medie doar 0,1 zile pe lun\u0103.<\/li>\n\n\n\n<li>Cel mai frumos, potrivit localnicilor, este <strong>prim\u0103vara (aprilie, mai)<\/strong>, c\u00e2nd toat\u0103 insula e minunat de verde \u0219i plin\u0103 de flori \u00eenflorite.<\/li>\n\n\n\n<li>Insula este divizat\u0103 politic, iar Linia Verde se poate trece \u00een mod obi\u0219nuit, dar \u00eentotdeauna <strong>AI NEVOIE DE PA\u0218APORT<\/strong>, pentru c\u0103 nu te po\u021bi baza pe cartea de identitate.<\/li>\n\n\n\n<li>Datorit\u0103 trecutului colonial britanic, aici <strong>se conduce pe st\u00e2nga<\/strong>, ceea ce \u00eei surprinde mult pe turi\u0219tii nepreg\u0103ti\u021bi dup\u0103 ce \u00eenchiriaz\u0103 ma\u0219ina la aeroport.<\/li>\n\n\n\n<li>Mun\u021bii Troodos din interiorul insulei sunt de obicei <strong>cu 8 p\u00e2n\u0103 la 10 grade mai reci<\/strong> dec\u00e2t coasta, iar iarna se schiaz\u0103 acolo chiar pe z\u0103pad\u0103 natural\u0103.<\/li>\n\n\n\n<li>\u00cen timp ce <strong>Paphos este plin de arheologie<\/strong> \u0219i monumente UNESCO, Ayia Napa atrage cu plaje \u0219i petreceri, iar Protaras ofer\u0103 lini\u0219te pentru familii.<\/li>\n\n\n\n<li>Faimosul br\u00e2nz\u0103 <strong>halloumi provine chiar din Cipru<\/strong>, iar meze-urile vegetariene pline de mici delicii f\u0103r\u0103 carne sunt aici ceva absolut obi\u0219nuit.<\/li>\n<\/ul>\n\n\n\n<h2 id=\"De_ce_sa_mergi_in_Cipru_si_pentru_cine_nu_se_potriveste\" class=\"wp-block-heading\"><span class=\"ez-toc-section\" id=\"De_ce_sa_mergi_in_Cipru_si_pentru_cine_nu_se_potriveste\"><\/span>De ce s\u0103 mergi \u00een Cipru (\u0219i pentru cine nu se potrive\u0219te)<span class=\"ez-toc-section-end\"><\/span><\/h2>\n\n\n\n<p class=\"wp-block-paragraph\">Dac\u0103 \u00eenc\u0103 ezi\u021bi dac\u0103 aceast\u0103 insul\u0103 \u00eensorit\u0103 din Marea Mediteran\u0103 este alegerea potrivit\u0103 pentru zilele tale libere de anul acesta, hai s\u0103 analiz\u0103m pu\u021bin. Destina\u021bia ofer\u0103 <strong>un mix cu adev\u0103rat unic de experien\u021be<\/strong>, care mul\u021bume\u0219te sigur at\u00e2t turi\u0219tii activi, c\u00e2t \u0219i pe cei care vor doar s\u0103 se \u00eentind\u0103 pe \u0219ezlong cu o carte bun\u0103. \u00cen acela\u0219i timp, e bine s\u0103 \u0219tii c\u00e2teva particularit\u0103\u021bi care i-ar putea strica vacan\u021ba cuiva.<\/p>\n\n\n\n<h3 id=\"6_motive_pentru_care_Cipru_merita_drumul\" class=\"wp-block-heading\"><span class=\"ez-toc-section\" id=\"6_motive_pentru_care_Cipru_merita_drumul\"><\/span>6 motive pentru care Cipru merit\u0103 drumul<span class=\"ez-toc-section-end\"><\/span><\/h3>\n\n\n\n<p class=\"wp-block-paragraph\"><strong>Cel mai lung sezon de sc\u0103ldat:<\/strong> Conform m\u0103sur\u0103torilor pe termen lung, aici domne\u0219te o c\u0103ldur\u0103 stabil\u0103 din prim\u0103vara timpurie p\u00e2n\u0103 \u00een toamna t\u00e2rzie, ceea ce reprezint\u0103 un avantaj uria\u0219 \u00een cadrul Europei. \u00cen timp ce \u00een Grecia sau Spania sco\u021bi deja pulovere \u00een octombrie, aici localnicii \u0219i turi\u0219tii se <strong>scald\u0103 \u00een continuare \u00een marea \u00eenc\u0103lzit\u0103<\/strong>.<\/p>\n\n\n\n<p class=\"wp-block-paragraph\"><strong>Monumente antice pe lista UNESCO:<\/strong> Dac\u0103 \u00ee\u021bi place istoria, te vei sim\u021bi \u00een elementul t\u0103u, pentru c\u0103 toat\u0103 insula func\u021bioneaz\u0103 ca un muzeu uria\u0219 \u00een aer liber. Republica Cipru se m\u00e2ndre\u0219te cu <strong>parcuri arheologice minunate<\/strong>, mozaicuri p\u0103strate \u0219i morminte antice care \u00eei vor bucura pe aproape to\u021bi iubitorii de pove\u0219ti vechi.<\/p>\n\n\n\n<p class=\"wp-block-paragraph\"><strong>Munte \u0219i mare \u00een aceea\u0219i zi:<\/strong> Diminea\u021ba te po\u021bi plimba prin p\u0103durile ad\u00e2nci de pini, po\u021bi descoperi cascade ascunse \u0219i respira aer proasp\u0103t de munte. Dup\u0103-amiaza cobori apoi cu ma\u0219ina spre coast\u0103 \u0219i <strong>sari \u00een valurile turcoaz<\/strong>, ceea ce formeaz\u0103 un contrast incredibil de r\u0103coritor, de care nu te plictise\u0219ti u\u0219or.<\/p>\n\n\n\n<p class=\"wp-block-paragraph\"><strong>Englez\u0103 \u0219i circula\u021bie pe st\u00e2nga:<\/strong> Insula a fost mult timp sub administra\u021bie britanic\u0103, a\u0219a c\u0103 te descurci f\u0103r\u0103 nicio problem\u0103 \u0219i fluent \u00een englez\u0103 chiar \u0219i \u00een cel mai izolat s\u0103tuc. Mo\u0219tenirea britanic\u0103 aduce cu sine \u0219i condusul pe st\u00e2nga \u0219i tradi\u021bionalele prize cu trei picioare de tip G, pentru care <strong>vei avea neap\u0103rat nevoie de un adaptor<\/strong>, iar re\u021bine c\u0103, de\u0219i transportul public leag\u0103 ora\u0219ele principale, \u00een mun\u021bii Troodos, pe peninsula Akamas \u0219i la majoritatea drume\u021biilor ajungi realist doar cu ma\u0219ina.<\/p>\n\n\n\n<p class=\"wp-block-paragraph\"><strong>Buc\u0103t\u0103rie vegetarian\u0103 excelent\u0103 \u0219i halloumi:<\/strong> M\u00e2ncarea de aici este pur \u0219i simplu grozav\u0103 \u0219i \u00eei bucur\u0103 \u0219i pe cei care nu m\u0103n\u00e2nc\u0103 carne, pentru c\u0103 tavernele tradi\u021bionale ofer\u0103 o cantitate uria\u0219\u0103 de variante f\u0103r\u0103 carne. Cu siguran\u021b\u0103 te va cuceri <strong>br\u00e2nza halloumi la gr\u0103tar<\/strong>, care este o comoar\u0103 local\u0103 \u0219i, \u00een combina\u021bie cu legume proaspete \u0219i ulei de m\u0103sline, are un gust divin.<\/p>\n\n\n\n<p class=\"wp-block-paragraph\"><strong>Dou\u0103 culturi pe o singur\u0103 insul\u0103:<\/strong> Trecerea Liniei Verzi \u00een partea de nord a insulei te transport\u0103 \u00eentr-o lume complet diferit\u0103, plin\u0103 de moschei, ceai turcesc \u0219i pie\u021be, unde, de altfel, <strong>se pl\u0103te\u0219te \u00een mod obi\u0219nuit cu lira turceasc\u0103<\/strong>, de\u0219i euro se accept\u0103 \u00een multe locuri. Posibilitatea de a explora \u00een cadrul unei singure vacan\u021be at\u00e2t cultura greac\u0103, c\u00e2t \u0219i pe cea turc\u0103 este un bonus uria\u0219, dar re\u021bine c\u0103 \u00een nord po\u021bi merge cu o ma\u0219in\u0103 \u00eenchiriat\u0103 din sud doar cu acordul companiei de \u00eenchirieri \u0219i trebuie s\u0103-\u021bi <strong>cumperi la punctul de trecere o asigurare turceasc\u0103 temporar\u0103<\/strong>, pentru c\u0103 poli\u021ba din sud nu este valabil\u0103 acolo (iar cu o ma\u0219in\u0103 \u00eenchiriat\u0103 \u00een nord nu ai voie deloc s\u0103 mergi \u00een sud).<\/p>\n\n\n\n<h3 id=\"Cui_nu_i_se_potriveste_Cipru\" class=\"wp-block-heading\"><span class=\"ez-toc-section\" id=\"Cui_nu_i_se_potriveste_Cipru\"><\/span>Cui nu i se potrive\u0219te Cipru<span class=\"ez-toc-section-end\"><\/span><\/h3>\n\n\n\n<p class=\"wp-block-paragraph\">De\u0219i insula este minunat\u0103, cu siguran\u021b\u0103 nu este un paradis universal pentru absolut toat\u0103 lumea \u0219i are neajunsurile ei clare. Dac\u0103 te reg\u0103se\u0219ti \u00een vreunul dintre punctele urm\u0103toare, poate ar trebui s\u0103 iei \u00een calcul o alt\u0103 destina\u021bie, ca s\u0103 <strong>evi\u021bi o dezam\u0103gire inutil\u0103<\/strong>.<\/p>\n\n\n\n<ul class=\"wp-block-list\">\n<li>Cine <strong>nu suport\u0103 c\u0103ldura mare<\/strong>, pentru c\u0103 vara temperaturile urc\u0103 \u00een mod obi\u0219nuit peste 32 \u00b0C, iar \u00een Larnaca ating chiar \u0219i 33,4 \u00b0C.<\/li>\n\n\n\n<li>Cine caut\u0103 o <strong>natur\u0103 proasp\u0103t verde \u0219i vara<\/strong>, fiindc\u0103 sub asaltul soarelui puternic insula este din iunie p\u00e2n\u0103 toamna foarte uscat\u0103 \u0219i g\u0103lbuie.<\/li>\n\n\n\n<li>Cine are <strong>o groaz\u0103 de nedescris de condusul pe st\u00e2nga<\/strong> \u0219i nu vrea s\u0103 se bazeze doar pe autobuzele interurbane, care nu circul\u0103 spre natur\u0103.<\/li>\n\n\n\n<li>Cine caut\u0103 <strong>exclusiv o vacan\u021b\u0103 ieftin\u0103<\/strong>, pentru c\u0103 aceast\u0103 destina\u021bie se num\u0103r\u0103, \u00een cadrul Mediteranei, mai degrab\u0103 printre cele scumpe, iar pre\u021burile serviciilor reflect\u0103 clar asta.<\/li>\n\n\n\n<li>Cine vrea <strong>lini\u0219te absolut\u0103 \u00een Ayia Napa<\/strong> \u00een plin sezon de var\u0103, c\u00e2nd din aceast\u0103 zon\u0103 devine un imens \u0219i zgomotos centru de petrecere.<\/li>\n<\/ul>\n\n\n\n<h2 id=\"Cand_sa_mergi_in_Cipru_vremea_luna_de_luna\" class=\"wp-block-heading\"><span class=\"ez-toc-section\" id=\"Cand_sa_mergi_in_Cipru_vremea_luna_de_luna\"><\/span>C\u00e2nd s\u0103 mergi \u00een Cipru: vremea lun\u0103 de lun\u0103<span class=\"ez-toc-section-end\"><\/span><\/h2>\n\n\n\n<p class=\"wp-block-paragraph\">Alegerea perioadei ideale este esen\u021bial\u0103, pentru c\u0103 vremea se schimb\u0103 aici mult de-a lungul anului \u0219i determin\u0103 ce activit\u0103\u021bi po\u021bi \u00eentreprinde realist. Ca s\u0103-\u021bi oferim cele mai exacte informa\u021bii, am adunat date care <strong>nu pornesc de la niciun fel de senza\u021bii<\/strong>, ci de la m\u0103sur\u0103tori meteorologice concrete.<\/p>\n\n\n\n<p class=\"wp-block-paragraph\">Toate temperaturile aerului din prezent\u0103rile urm\u0103toare reprezint\u0103 <strong>medii pe zece ani, din 2015 p\u00e2n\u0103 \u00een 2024<\/strong>, ob\u021binute din reanaliza climatic\u0103 exact\u0103 ERA5. \u00cen ceea ce prive\u0219te temperatura m\u0103rii, aceasta provine dintr-un model marin modern pentru anii 2019\u20132024, a\u0219a c\u0103 ai \u00een fa\u021b\u0103 cele mai actuale \u0219i de \u00eencredere valori care se pot ob\u021bine.<\/p>\n\n\n\n<figure class=\"wp-block-table is-style-stripes\" style=\"overflow-x:auto\"><table><thead><tr><th>Luna<\/th><th>Ziua<\/th><th>Noaptea<\/th><th>Marea<\/th><th>Zile cu ploaie<\/th><th>Soare\/zi<\/th><\/tr><\/thead><tbody><tr><td><strong>ianuarie<\/strong><\/td><td>16 \u00b0C<\/td><td>10 \u00b0C<\/td><td>19 \u00b0C<\/td><td>8,8<\/td><td>8,6 h<\/td><\/tr><tr><td><strong>februarie<\/strong><\/td><td>17 \u00b0C<\/td><td>10 \u00b0C<\/td><td>18 \u00b0C<\/td><td>5,6<\/td><td>9,0 h<\/td><\/tr><tr><td><strong>martie<\/strong><\/td><td>19 \u00b0C<\/td><td>12 \u00b0C<\/td><td>18 \u00b0C<\/td><td>5,1<\/td><td>10,4 h<\/td><\/tr><tr><td><strong>aprilie<\/strong><\/td><td>22 \u00b0C<\/td><td>14 \u00b0C<\/td><td>19 \u00b0C<\/td><td>3,8<\/td><td>11,6 h<\/td><\/tr><tr><td><strong>mai<\/strong><\/td><td>26 \u00b0C<\/td><td>18 \u00b0C<\/td><td>21 \u00b0C<\/td><td>2,8<\/td><td>12,7 h<\/td><\/tr><tr><td><strong>iunie<\/strong><\/td><td>29 \u00b0C<\/td><td>22 \u00b0C<\/td><td>26 \u00b0C<\/td><td>1,1<\/td><td>13,7 h<\/td><\/tr><tr><td><strong>iulie<\/strong><\/td><td>32 \u00b0C<\/td><td>24 \u00b0C<\/td><td>29 \u00b0C<\/td><td>0,0<\/td><td>13,8 h<\/td><\/tr><tr><td><strong>august<\/strong><\/td><td>32 \u00b0C<\/td><td>25 \u00b0C<\/td><td>30 \u00b0C<\/td><td>0,3<\/td><td>12,8 h<\/td><\/tr><tr><td><strong>septembrie<\/strong><\/td><td>31 \u00b0C<\/td><td>23 \u00b0C<\/td><td>29 \u00b0C<\/td><td>1,1<\/td><td>11,6 h<\/td><\/tr><tr><td><strong>octombrie<\/strong><\/td><td>27 \u00b0C<\/td><td>20 \u00b0C<\/td><td>27 \u00b0C<\/td><td>3,6<\/td><td>10,6 h<\/td><\/tr><tr><td><strong>noiembrie<\/strong><\/td><td>22 \u00b0C<\/td><td>16 \u00b0C<\/td><td>24 \u00b0C<\/td><td>6,7<\/td><td>8,9 h<\/td><\/tr><tr><td><strong>decembrie<\/strong><\/td><td>18 \u00b0C<\/td><td>12 \u00b0C<\/td><td>21 \u00b0C<\/td><td>9,5<\/td><td>8,0 h<\/td><\/tr><\/tbody><\/table><figcaption class=\"wp-element-caption\">Temperaturi medii \u00een Ayia Napa, lun\u0103 de lun\u0103. Aerul \u0219i precipita\u021biile sunt medii pe zece ani 2015\u20132024 din reanaliza ERA5, temperatura m\u0103rii din modelul marin 2019\u20132024.<\/figcaption><\/figure>\n\n\n\n<p class=\"wp-block-paragraph\">Ca s\u0103-\u021bi faci o idee mai bun\u0103, hai s\u0103 ne uit\u0103m la cifre concrete pentru sta\u021biunea Ayia Napa, care se afl\u0103 pe \u00eendr\u0103gita coast\u0103 de est \u0219i atrage cu cele mai frumoase plaje. <strong>Iat\u0103 valorile medii exacte<\/strong> pentru fiecare lun\u0103:<\/p>\n\n\n\n<ul class=\"wp-block-list\">\n<li><strong>Ianuarie:<\/strong> ziua 15,9 \u00b0C, noaptea 10,3 \u00b0C, marea 18,8 \u00b0C, zile cu ploaie 8,8, soare 8,6 h\/zi.<\/li>\n\n\n\n<li><strong>Februarie:<\/strong> ziua 16,7 \u00b0C, noaptea 10,3 \u00b0C, marea 18,0 \u00b0C, zile cu ploaie 5,6, soare 9,0 h\/zi.<\/li>\n\n\n\n<li><strong>Martie:<\/strong> ziua 18,6 \u00b0C, noaptea 11,6 \u00b0C, marea 18,0 \u00b0C, zile cu ploaie 5,1, soare 10,4 h\/zi.<\/li>\n\n\n\n<li><strong>Aprilie:<\/strong> ziua 22,1 \u00b0C, noaptea 14,0 \u00b0C, marea 19,3 \u00b0C, zile cu ploaie 3,8, soare 11,6 h\/zi.<\/li>\n\n\n\n<li><strong>Mai:<\/strong> ziua 25,8 \u00b0C, noaptea 17,9 \u00b0C, marea 21,4 \u00b0C, zile cu ploaie 2,8, soare 12,7 h\/zi.<\/li>\n\n\n\n<li><strong>Iunie:<\/strong> ziua 29,1 \u00b0C, noaptea 21,5 \u00b0C, marea 25,5 \u00b0C, zile cu ploaie 1,1, soare 13,7 h\/zi.<\/li>\n\n\n\n<li><strong>Iulie:<\/strong> ziua 32,1 \u00b0C, noaptea 24,4 \u00b0C, marea 28,6 \u00b0C, zile cu ploaie 0,0, soare 13,8 h\/zi.<\/li>\n\n\n\n<li><strong>August:<\/strong> ziua 32,2 \u00b0C, noaptea 24,9 \u00b0C, marea 29,8 \u00b0C, zile cu ploaie 0,3, soare 12,8 h\/zi.<\/li>\n\n\n\n<li><strong>Septembrie:<\/strong> ziua 30,7 \u00b0C, noaptea 23,0 \u00b0C, marea 28,7 \u00b0C, zile cu ploaie 1,1, soare 11,6 h\/zi.<\/li>\n\n\n\n<li><strong>Octombrie:<\/strong> ziua 27,3 \u00b0C, noaptea 20,0 \u00b0C, marea 26,8 \u00b0C, zile cu ploaie 3,6, soare 10,6 h\/zi.<\/li>\n\n\n\n<li><strong>Noiembrie:<\/strong> ziua 22,2 \u00b0C, noaptea 16,3 \u00b0C, marea 23,8 \u00b0C, zile cu ploaie 6,7, soare 8,9 h\/zi.<\/li>\n\n\n\n<li><strong>Decembrie:<\/strong> ziua 18,1 \u00b0C, noaptea 12,4 \u00b0C, marea 20,6 \u00b0C, zile cu ploaie 9,5, soare 8,0 h\/zi.<\/li>\n<\/ul>\n\n\n\n<h3 id=\"Paphos_vestul_insulei_e_ceva_mai_bland\" class=\"wp-block-heading\"><span class=\"ez-toc-section\" id=\"Paphos_vestul_insulei_e_ceva_mai_bland\"><\/span>Paphos: vestul insulei e ceva mai bl\u00e2nd<span class=\"ez-toc-section-end\"><\/span><\/h3>\n\n\n\n<p class=\"wp-block-paragraph\">Coasta de vest are o microclim\u0103 pu\u021bin diferit\u0103, astfel \u00eenc\u00e2t \u00een zona Paphos e cu un pic mai r\u0103coare \u0219i, de asemenea, plou\u0103 ceva mai des, ceea ce, pe de alt\u0103 parte, \u00eenseamn\u0103 c\u0103 <strong>peisajul r\u0103m\u00e2ne verde mai mult timp<\/strong>. Spre compara\u021bie, \u00een ianuarie m\u0103sori aici ziua 15,6 \u00b0C (noaptea 9,4 \u00b0C, marea 19,4 \u00b0C, ploaie 13,6 zile, soare 8,5 h\/zi), iar \u00een februarie 16,5 \u00b0C (noaptea 9,5 \u00b0C, marea 18,1 \u00b0C, ploaie 8,2 zile, soare 9,1 h\/zi). Martie de prim\u0103var\u0103 aduce 17,9 \u00b0C ziua (noaptea 10,9 \u00b0C, marea 17,8 \u00b0C, ploaie 9,6 zile, soare 10,6 h\/zi), iar aprilie deja pl\u0103cutele 21,3 \u00b0C (noaptea 13,3 \u00b0C, marea 18,9 \u00b0C, ploaie 4,8 zile, soare 11,6 h\/zi). Zilele de mai se \u00eenc\u0103lzesc la 24,8 \u00b0C (noaptea 17,0 \u00b0C, marea 20,8 \u00b0C, ploaie 4,4 zile, soare 12,8 h\/zi), iar cele de iunie la 27,8 \u00b0C (noaptea 20,6 \u00b0C, marea 24,8 \u00b0C, ploaie 1,4 zile, soare 13,9 h\/zi). \u00cen iulie fierbinte pune la socoteal\u0103 31,0 \u00b0C (noaptea 23,4 \u00b0C, marea 27,4 \u00b0C, ploaie 0,4 zile, soare 13,9 h\/zi), iar \u00een august 30,7 \u00b0C (noaptea 23,8 \u00b0C, marea 28,8 \u00b0C, ploaie 0,7 zile, soare 12,7 h\/zi). Septembrie promite \u00eenc\u0103 29,2 \u00b0C de var\u0103 (noaptea 22,0 \u00b0C, marea 27,7 \u00b0C, ploaie 1,5 zile, soare 11,7 h\/zi), iar octombrie scade la 26,3 \u00b0C (noaptea 18,5 \u00b0C, marea 26,0 \u00b0C, ploaie 4,0 zile, soare 10,6 h\/zi). Noiembrie ofer\u0103 apoi 22,3 \u00b0C (noaptea 14,7 \u00b0C, marea 23,3 \u00b0C, ploaie 5,9 zile, soare 9,2 h\/zi), iar anul se \u00eencheie cu decembrie la 17,9 \u00b0C (noaptea 11,4 \u00b0C, marea 20,8 \u00b0C, ploaie 10,9 zile, soare 8,3 h\/zi).<\/p>\n\n\n\n<h3 id=\"Muntii_Troodos_o_insula_complet_diferita\" class=\"wp-block-heading\"><span class=\"ez-toc-section\" id=\"Muntii_Troodos_o_insula_complet_diferita\"><\/span>Mun\u021bii Troodos: o insul\u0103 complet diferit\u0103<span class=\"ez-toc-section-end\"><\/span><\/h3>\n\n\n\n<p class=\"wp-block-paragraph\">C\u00e2nd porne\u0219ti de pe coasta \u00eencins\u0103 spre interiorul insulei, te treze\u0219ti \u00eentr-o zon\u0103 climatic\u0103 complet diferit\u0103, care te va surprinde garantat cu prospe\u021bimea ei nea\u0219teptat\u0103. M\u0103sur\u0103torile de la o altitudine de aproximativ 1.830 de metri arat\u0103 clar c\u0103, \u00een timp ce jos la mare oamenii se plimb\u0103 \u00een tricou la 15 \u00b0C, <strong>sus \u00een mun\u021bi z\u0103pada este ceva obi\u0219nuit<\/strong>. \u00cen ianuarie, maxima medie diurn\u0103 de acolo este de doar 4,0 \u00b0C \u0219i func\u021bioneaz\u0103 chiar \u0219i o sta\u021biune de schi, ceea ce, pentru o insul\u0103 mediteranean\u0103, este o chestiune destul de curioas\u0103.<\/p>\n\n\n\n<figure class=\"wp-block-table is-style-stripes\"><table class=\"has-fixed-layout\"><thead><tr><th>Luna<\/th><th>Ziua<\/th><th>Noaptea<\/th><th>Zile cu ploaie<\/th><th>Soare\/zi<\/th><\/tr><\/thead><tbody><tr><td><strong>ianuarie<\/strong><\/td><td>4 \u00b0C<\/td><td>-3 \u00b0C<\/td><td>12,9<\/td><td>7,9 h<\/td><\/tr><tr><td><strong>februarie<\/strong><\/td><td>6 \u00b0C<\/td><td>-2 \u00b0C<\/td><td>10,7<\/td><td>8,6 h<\/td><\/tr><tr><td><strong>martie<\/strong><\/td><td>8 \u00b0C<\/td><td>-0 \u00b0C<\/td><td>10,4<\/td><td>10,2 h<\/td><\/tr><tr><td><strong>aprilie<\/strong><\/td><td>13 \u00b0C<\/td><td>4 \u00b0C<\/td><td>6,9<\/td><td>11,5 h<\/td><\/tr><tr><td><strong>mai<\/strong><\/td><td>18 \u00b0C<\/td><td>8 \u00b0C<\/td><td>6,4<\/td><td>12,8 h<\/td><\/tr><tr><td><strong>iunie<\/strong><\/td><td>22 \u00b0C<\/td><td>11 \u00b0C<\/td><td>3,8<\/td><td>13,8 h<\/td><\/tr><tr><td><strong>iulie<\/strong><\/td><td>26 \u00b0C<\/td><td>15 \u00b0C<\/td><td>0,8<\/td><td>13,9 h<\/td><\/tr><tr><td><strong>august<\/strong><\/td><td>26 \u00b0C<\/td><td>15 \u00b0C<\/td><td>1,1<\/td><td>12,9 h<\/td><\/tr><tr><td><strong>septembrie<\/strong><\/td><td>23 \u00b0C<\/td><td>12 \u00b0C<\/td><td>3,3<\/td><td>11,7 h<\/td><\/tr><tr><td><strong>octombrie<\/strong><\/td><td>18 \u00b0C<\/td><td>8 \u00b0C<\/td><td>5,4<\/td><td>10,6 h<\/td><\/tr><tr><td><strong>noiembrie<\/strong><\/td><td>12 \u00b0C<\/td><td>3 \u00b0C<\/td><td>6,7<\/td><td>9,1 h<\/td><\/tr><tr><td><strong>decembrie<\/strong><\/td><td>7 \u00b0C<\/td><td>-0 \u00b0C<\/td><td>11,1<\/td><td>7,9 h<\/td><\/tr><\/tbody><\/table><figcaption class=\"wp-element-caption\">Mun\u021bii Troodos, la o altitudine de aproximativ 1.830 m. Valorile din septembrie \u0219i din iarn\u0103 arat\u0103 cu c\u00e2t e mai r\u0103coare sus dec\u00e2t pe coast\u0103 (medii 2015\u20132024, ERA5).<\/figcaption><\/figure>\n\n\n\n<p class=\"wp-block-paragraph\">Iat\u0103 datele exacte pentru zonele montane, ca s\u0103 \u0219tii <strong>ce haine s\u0103-\u021bi iei cu tine<\/strong>:<\/p>\n\n\n\n<ul class=\"wp-block-list\">\n<li><strong>Ianuarie:<\/strong> ziua 4,0 \u00b0C, noaptea -2,9 \u00b0C, zile cu ploaie 12,9, soare 7,9 h\/zi.<\/li>\n\n\n\n<li><strong>Februarie:<\/strong> ziua 5,9 \u00b0C, noaptea -2,1 \u00b0C, zile cu ploaie 10,7, soare 8,6 h\/zi.<\/li>\n\n\n\n<li><strong>Martie:<\/strong> ziua 8,2 \u00b0C, noaptea -0,5 \u00b0C, zile cu ploaie 10,4, soare 10,2 h\/zi.<\/li>\n\n\n\n<li><strong>Aprilie:<\/strong> ziua 13,4 \u00b0C, noaptea 3,6 \u00b0C, zile cu ploaie 6,9, soare 11,5 h\/zi.<\/li>\n\n\n\n<li><strong>Mai:<\/strong> ziua 18,1 \u00b0C, noaptea 7,7 \u00b0C, zile cu ploaie 6,4, soare 12,8 h\/zi.<\/li>\n\n\n\n<li><strong>Iunie:<\/strong> ziua 22,1 \u00b0C, noaptea 11,3 \u00b0C, zile cu ploaie 3,8, soare 13,8 h\/zi.<\/li>\n\n\n\n<li><strong>Iulie:<\/strong> ziua 26,1 \u00b0C, noaptea 14,8 \u00b0C, zile cu ploaie 0,8, soare 13,9 h\/zi.<\/li>\n\n\n\n<li><strong>August:<\/strong> ziua 25,7 \u00b0C, noaptea 14,8 \u00b0C, zile cu ploaie 1,1, soare 12,9 h\/zi.<\/li>\n\n\n\n<li><strong>Septembrie:<\/strong> ziua 22,6 \u00b0C, noaptea 12,0 \u00b0C, zile cu ploaie 3,3, soare 11,7 h\/zi.<\/li>\n\n\n\n<li><strong>Octombrie:<\/strong> ziua 17,6 \u00b0C, noaptea 7,9 \u00b0C, zile cu ploaie 5,4, soare 10,6 h\/zi.<\/li>\n\n\n\n<li><strong>Noiembrie:<\/strong> ziua 11,6 \u00b0C, noaptea 3,1 \u00b0C, zile cu ploaie 6,7, soare 9,1 h\/zi.<\/li>\n\n\n\n<li><strong>Decembrie:<\/strong> ziua 6,7 \u00b0C, noaptea -0,5 \u00b0C, zile cu ploaie 11,1, soare 7,9 h\/zi.<\/li>\n<\/ul>\n\n\n\n<h3 id=\"Cele_mai_bune_luni_in_functie_de_tipul_de_vacanta\" class=\"wp-block-heading\"><span class=\"ez-toc-section\" id=\"Cele_mai_bune_luni_in_functie_de_tipul_de_vacanta\"><\/span>Cele mai bune luni \u00een func\u021bie de tipul de vacan\u021b\u0103<span class=\"ez-toc-section-end\"><\/span><\/h3>\n\n\n\n<ul class=\"wp-block-list\">\n<li><strong>Pentru sc\u0103ldat perfect:<\/strong> Ideal este s\u0103 vii din iunie p\u00e2n\u0103 \u00een noiembrie, c\u00e2nd marea are incredibilele 25 p\u00e2n\u0103 la 29 \u00b0C, iar apa e frumos \u00eenc\u0103lzit\u0103.<\/li>\n\n\n\n<li><strong>Pentru vizitare \u0219i drume\u021bii:<\/strong> Te vei bucura cel mai mult de turism \u00een aprilie, mai sau octombrie, pentru c\u0103 temperaturile sunt suportabile, iar natura de prim\u0103var\u0103 \u00eenflore\u0219te frumos.<\/li>\n\n\n\n<li><strong>Pentru cele mai ieftine perioade:<\/strong> Dac\u0103 vrei s\u0103 economise\u0219ti vizibil, planific\u0103-\u021bi drumul \u00een perioada noiembrie\u2013martie, c\u00e2nd scad pre\u021burile biletelor de avion \u0219i ale caz\u0103rii.<\/li>\n\n\n\n<li><strong>C\u00e2nd e mai bine s\u0103 evi\u021bi:<\/strong> August este luna \u00een care insula pocne\u0219te pe la cus\u0103turi, domne\u0219te o c\u0103ldur\u0103 dogoritoare, iar pre\u021burile serviciilor urc\u0103 vertiginos.<\/li>\n<\/ul>\n\n\n\n<h2 id=\"Ce_sa_vezi_in_Cipru_24_de_ponturi_de_la_mozaicuri_la_munti\" class=\"wp-block-heading\"><span class=\"ez-toc-section\" id=\"Ce_sa_vezi_in_Cipru_24_de_ponturi_de_la_mozaicuri_antice_la_munti\"><\/span>Ce s\u0103 vezi \u00een Cipru: 24 de ponturi, de la mozaicuri antice la mun\u021bi<span class=\"ez-toc-section-end\"><\/span><\/h2>\n\n\n\n<p class=\"wp-block-paragraph\">Republica Cipru ofer\u0103 o diversitate uria\u0219\u0103, iar \u00eemp\u0103r\u021birea insulei \u00ee\u021bi u\u0219ureaz\u0103 planificarea \u00eentregii excursii. Partea de vest, din jurul Paphosului, atrage cu monumente antice \u0219i natur\u0103 s\u0103lbatic\u0103, \u00een timp ce sudul, cu Limassolul, formeaz\u0103 un centru cultural \u0219i istoric mai animat. \u00cen est, \u00een jurul sta\u021biunii Ayia Napa, g\u0103se\u0219ti cele mai frumoase plaje cu nisip, iar interiorul insulei ascunde mun\u021bii verzi Troodos. Insula este \u00eemp\u0103r\u021bit\u0103 din 1974 de o zon\u0103-tampon ONU \u00een Republica Cipru din sud, care este membru al UE \u0219i al zonei euro, \u0219i \u00een Ciprul de Nord, pe care <strong>doar Turcia \u00eel recunoa\u0219te ca stat<\/strong>. Din fericire, toat\u0103 insula se poate \u00eenconjura cu ma\u0219ina \u00een c\u00e2teva zile, ceea ce, potrivit multor c\u0103l\u0103tori, este de departe cel mai bun mod de a c\u0103l\u0103tori.<\/p>\n\n\n\n<p class=\"wp-block-paragraph\">Chiar dac\u0103 \u00eentre ora\u0219ele principale func\u021bioneaz\u0103 un transport public de \u00eencredere, f\u0103r\u0103 ma\u0219in\u0103 proprie nu ajungi realist \u00een mun\u021bii Troodos sau pe \u00eendep\u0103rtata peninsul\u0103 Akamas. Din Bucure\u0219ti zboar\u0103 curse directe spre aeroporturile din Larnaca \u0219i Paphos, iar drumul dureaz\u0103 pl\u0103cutele trei ore \u0219i dou\u0103zeci de minute, a\u0219a c\u0103, dac\u0103 te g\u00e2nde\u0219ti <a href=\"https:\/\/loudavymkrokem.cz\/ro\/bilete-avion-ieftine\/\">cum s\u0103 prinzi bilete de avion ieftine<\/a>, Cipru este o destina\u021bie foarte accesibil\u0103. Re\u021bine \u00eens\u0103 c\u0103 <strong>\u00een Cipru se conduce pe st\u00e2nga<\/strong>, vei avea nevoie de prizele britanice cu trei picioare de tip G \u0219i se pl\u0103te\u0219te \u00een mod obi\u0219nuit \u00een euro, cu un curs orientativ de 1 \u20ac \u2248 5 lei.<\/p>\n\n\n\n<h3 id=\"1_Parcul_arheologic_din_Paphos_mozaicurile_pentru_care_vin_oamenii\" class=\"wp-block-heading\"><span class=\"ez-toc-section\" id=\"1_Parcul_arheologic_din_Paphos_mozaicurile_pentru_care_vin_oamenii\"><\/span>1. Parcul arheologic din Paphos: mozaicurile pentru care vin oamenii<span class=\"ez-toc-section-end\"><\/span><\/h3>\n\n\n\n<p class=\"wp-block-paragraph\">Parcul arheologic din Paphos figureaz\u0103 pe lista patrimoniului mondial UNESCO \u0219i, pentru iubitorii de istorie, este o obliga\u021bie absolut\u0103. Principala atrac\u021bie o reprezint\u0103 <strong>vilele romane cu mozaicuri de pardoseal\u0103 incredibil de bine p\u0103strate<\/strong>, care \u00eenf\u0103\u021bi\u0219eaz\u0103 scene din mitologia greac\u0103. Cea mai cunoscut\u0103 este a\u0219a-numita Cas\u0103 a lui Dionis, unde po\u021bi admira opere de art\u0103 detaliate, vechi de mii de ani, dar merit\u0103 explorat \u0219i grandiosul teatru antic Odeon. \u00centregul sit este foarte \u00eentins \u0219i ofer\u0103 priveli\u0219ti frumoase asupra apei albastre a M\u0103rii Mediterane.<\/p>\n\n\n\n<figure data-wp-context=\"{&quot;imageId&quot;:&quot;6a9944e52c4b1&quot;}\" data-wp-interactive=\"core\/image\" data-wp-key=\"6a9944e52c4b1\" class=\"wp-block-image size-full wp-lightbox-container\"><img decoding=\"async\" width=\"1500\" height=\"1023\" data-wp-class--hide=\"state.isContentHidden\" data-wp-class--show=\"state.isContentVisible\" data-wp-init=\"callbacks.setButtonStyles\" data-wp-on--click=\"actions.showLightbox\" data-wp-on--load=\"callbacks.setButtonStyles\" data-wp-on--pointerdown=\"actions.preloadImage\" data-wp-on--pointerenter=\"actions.preloadImageWithDelay\" data-wp-on--pointerleave=\"actions.cancelPreload\" data-wp-on-window--resize=\"callbacks.setButtonStyles\" src=\"https:\/\/loudavymkrokem.cz\/wp-content\/uploads\/2026\/08\/dovolena-kypr-t01.jpg\" alt=\"Mozaicuri antice \u00een parcul arheologic din Paphos\" class=\"wp-image-399841\" title=\"\" srcset=\"https:\/\/loudavymkrokem.cz\/wp-content\/uploads\/2026\/08\/dovolena-kypr-t01.jpg 1500w, https:\/\/loudavymkrokem.cz\/wp-content\/uploads\/2026\/08\/dovolena-kypr-t01-300x205.jpg 300w, https:\/\/loudavymkrokem.cz\/wp-content\/uploads\/2026\/08\/dovolena-kypr-t01-700x477.jpg 700w, https:\/\/loudavymkrokem.cz\/wp-content\/uploads\/2026\/08\/dovolena-kypr-t01-768x524.jpg 768w, https:\/\/loudavymkrokem.cz\/wp-content\/uploads\/2026\/08\/dovolena-kypr-t01-696x475.jpg 696w, https:\/\/loudavymkrokem.cz\/wp-content\/uploads\/2026\/08\/dovolena-kypr-t01-1392x949.jpg 1392w\" sizes=\"(max-width: 1500px) 100vw, 1500px\" \/><button\n\t\t\tclass=\"lightbox-trigger\"\n\t\t\ttype=\"button\"\n\t\t\taria-haspopup=\"dialog\"\n\t\t\tdata-wp-bind--aria-label=\"state.thisImage.triggerButtonAriaLabel\"\n\t\t\tdata-wp-init=\"callbacks.initTriggerButton\"\n\t\t\tdata-wp-on--click=\"actions.showLightbox\"\n\t\t\tdata-wp-style--right=\"state.thisImage.buttonRight\"\n\t\t\tdata-wp-style--top=\"state.thisImage.buttonTop\"\n\t\t>\n\t\t\t<svg xmlns=\"http:\/\/www.w3.org\/2000\/svg\" width=\"12\" height=\"12\" fill=\"none\" viewBox=\"0 0 12 12\">\n\t\t\t\t<path fill=\"#fff\" d=\"M2 0a2 2 0 0 0-2 2v2h1.5V2a.5.5 0 0 1 .5-.5h2V0H2Zm2 10.5H2a.5.5 0 0 1-.5-.5V8H0v2a2 2 0 0 0 2 2h2v-1.5ZM8 12v-1.5h2a.5.5 0 0 0 .5-.5V8H12v2a2 2 0 0 1-2 2H8Zm2-12a2 2 0 0 1 2 2v2h-1.5V2a.5.5 0 0 0-.5-.5H8V0h2Z\" \/>\n\t\t\t<\/svg>\n\t\t<\/button><figcaption class=\"wp-element-caption\">Mozaicuri antice \u00een parcul arheologic din Paphos (Foto: Institute for the Study of the Ancient World from New York,  \/ Wikimedia Commons, CC BY 2.0)<\/figcaption><\/figure>\n\n\n\n<p class=\"wp-block-paragraph\">Potrivit recenziilor c\u0103l\u0103torilor, cel mai bine este s\u0103 vii la vizit\u0103 fie devreme diminea\u021ba, fie, dimpotriv\u0103, la ora t\u00e2rzie a dup\u0103-amiezii. \u00cen interiorul sitului \u00eentins <strong>nu g\u0103se\u0219ti aproape deloc umbr\u0103<\/strong>, iar la pr\u00e2nz plimbarea printre pietrele \u00eencinse se transform\u0103 \u00eentr-o performan\u021b\u0103 sportiv\u0103 destul de solicitant\u0103. Ia neap\u0103rat cu tine suficient\u0103 ap\u0103 de b\u0103ut, pantofi comozi \u0219i o crem\u0103 de protec\u021bie solar\u0103 puternic\u0103, ca s\u0103 te bucuri de vizit\u0103 cu c\u00e2t mai mult confort.<\/p>\n\n\n\n<h3 id=\"2_Mormintele_Regilor_Tombs_of_the_Kings\" class=\"wp-block-heading\"><span class=\"ez-toc-section\" id=\"2_Mormintele_Regilor_Tombs_of_the_Kings\"><\/span>2. Mormintele Regilor (Tombs of the Kings)<span class=\"ez-toc-section-end\"><\/span><\/h3>\n\n\n\n<p class=\"wp-block-paragraph\">Mormintele Regilor reprezint\u0103 un complex subteran fascinant, s\u0103pat direct \u00een st\u00e2nca solid\u0103, \u00een apropierea centrului Paphosului. De\u0219i numele sun\u0103 foarte impun\u0103tor, \u00een realitate aici <strong>nu au fost \u00eenmorm\u00e2nta\u021bi niciodat\u0103 vreun rege<\/strong> \u2014 locul a servit ca loc de veci pentru \u00eenal\u021bi func\u021bionari \u0219i pentru aristocra\u021bia local\u0103. Numele fastuos l-a primit monumentul mai degrab\u0103 datorit\u0103 arhitecturii grandioase, iar aici te po\u021bi plimba liber printre masive coloane dorice \u0219i po\u021bi cobor\u00ee \u00een misterioase atriumuri subterane.<\/p>\n\n\n\n<figure data-wp-context=\"{&quot;imageId&quot;:&quot;6a9944e52ca50&quot;}\" data-wp-interactive=\"core\/image\" data-wp-key=\"6a9944e52ca50\" class=\"wp-block-image size-full wp-lightbox-container\"><img decoding=\"async\" width=\"1500\" height=\"894\" data-wp-class--hide=\"state.isContentHidden\" data-wp-class--show=\"state.isContentVisible\" data-wp-init=\"callbacks.setButtonStyles\" data-wp-on--click=\"actions.showLightbox\" data-wp-on--load=\"callbacks.setButtonStyles\" data-wp-on--pointerdown=\"actions.preloadImage\" data-wp-on--pointerenter=\"actions.preloadImageWithDelay\" data-wp-on--pointerleave=\"actions.cancelPreload\" data-wp-on-window--resize=\"callbacks.setButtonStyles\" src=\"https:\/\/loudavymkrokem.cz\/wp-content\/uploads\/2026\/08\/dovolena-kypr-t02.jpg\" alt=\"Mormintele Regilor din Paphos\" class=\"wp-image-399844\" title=\"\" srcset=\"https:\/\/loudavymkrokem.cz\/wp-content\/uploads\/2026\/08\/dovolena-kypr-t02.jpg 1500w, https:\/\/loudavymkrokem.cz\/wp-content\/uploads\/2026\/08\/dovolena-kypr-t02-300x179.jpg 300w, https:\/\/loudavymkrokem.cz\/wp-content\/uploads\/2026\/08\/dovolena-kypr-t02-700x417.jpg 700w, https:\/\/loudavymkrokem.cz\/wp-content\/uploads\/2026\/08\/dovolena-kypr-t02-768x458.jpg 768w, https:\/\/loudavymkrokem.cz\/wp-content\/uploads\/2026\/08\/dovolena-kypr-t02-696x415.jpg 696w, https:\/\/loudavymkrokem.cz\/wp-content\/uploads\/2026\/08\/dovolena-kypr-t02-1392x830.jpg 1392w\" sizes=\"(max-width: 1500px) 100vw, 1500px\" \/><button\n\t\t\tclass=\"lightbox-trigger\"\n\t\t\ttype=\"button\"\n\t\t\taria-haspopup=\"dialog\"\n\t\t\tdata-wp-bind--aria-label=\"state.thisImage.triggerButtonAriaLabel\"\n\t\t\tdata-wp-init=\"callbacks.initTriggerButton\"\n\t\t\tdata-wp-on--click=\"actions.showLightbox\"\n\t\t\tdata-wp-style--right=\"state.thisImage.buttonRight\"\n\t\t\tdata-wp-style--top=\"state.thisImage.buttonTop\"\n\t\t>\n\t\t\t<svg xmlns=\"http:\/\/www.w3.org\/2000\/svg\" width=\"12\" height=\"12\" fill=\"none\" viewBox=\"0 0 12 12\">\n\t\t\t\t<path fill=\"#fff\" d=\"M2 0a2 2 0 0 0-2 2v2h1.5V2a.5.5 0 0 1 .5-.5h2V0H2Zm2 10.5H2a.5.5 0 0 1-.5-.5V8H0v2a2 2 0 0 0 2 2h2v-1.5ZM8 12v-1.5h2a.5.5 0 0 0 .5-.5V8H12v2a2 2 0 0 1-2 2H8Zm2-12a2 2 0 0 1 2 2v2h-1.5V2a.5.5 0 0 0-.5-.5H8V0h2Z\" \/>\n\t\t\t<\/svg>\n\t\t<\/button><figcaption class=\"wp-element-caption\">Mormintele Regilor din Paphos (Foto: Nikodem Nijaki \/ Wikimedia Commons, CC BY-SA 3.0)<\/figcaption><\/figure>\n\n\n\n<p class=\"wp-block-paragraph\">Acest sit arheologic este surprinz\u0103tor de \u00eentins, iar explorarea coridoarelor subterane \u00eenc\u00e2lcite \u00ee\u021bi ia minimum una-dou\u0103 ore. Ghizii locali recomand\u0103 s\u0103 <strong>combini vizita mormintelor cu parcul arheologic din apropiere<\/strong>, pentru c\u0103 se afl\u0103 foarte aproape unul de cel\u0103lalt. Cea mai frumoas\u0103 atmosfer\u0103 o vei tr\u0103i \u00een amurg, c\u00e2nd soarele care apune coloreaz\u0103 st\u00e2ncile de gresie \u00een nuan\u021be aurii \u0219i creeaz\u0103 umbre minunate printre coloane.<\/p>\n\n\n\n<h3 id=\"3_Petra_tou_Romiou_stanca_unde_potrivit_mitului_s_a_nascut_Afrodita\" class=\"wp-block-heading\"><span class=\"ez-toc-section\" id=\"3_Petra_tou_Romiou_stanca_unde_potrivit_mitului_s-a_nascut_Afrodita\"><\/span>3. Petra tou Romiou: st\u00e2nca unde, potrivit mitului, s-a n\u0103scut Afrodita<span class=\"ez-toc-section-end\"><\/span><\/h3>\n\n\n\n<p class=\"wp-block-paragraph\">Petra tou Romiou este o plaj\u0103 iconic\u0103 cu pietri\u0219 \u0219i st\u00e2nci, unde, potrivit unui mit str\u0103vechi, s-a n\u0103scut din spuma m\u0103rii \u00eens\u0103\u0219i zei\u021ba iubirii \u0219i a frumuse\u021bii, Afrodita. Locul are, se spune, o atmosfer\u0103 magic\u0103, iar legenda zice c\u0103 cine \u00eenoat\u0103 de trei ori \u00een jurul st\u00e2ncii principale dob\u00e2nde\u0219te tinere\u021be \u0219i frumuse\u021be ve\u0219nice. Nu trebuie, desigur, s\u0103 crezi legendele, dar <strong>priveli\u0219tea asupra st\u00e2ncilor masive de calcar care ies din apa turcoaz<\/strong> se num\u0103r\u0103 printre cele mai fotografiate motive de pe toat\u0103 insula.<\/p>\n\n\n\n<figure data-wp-context=\"{&quot;imageId&quot;:&quot;6a9944e52cfe2&quot;}\" data-wp-interactive=\"core\/image\" data-wp-key=\"6a9944e52cfe2\" class=\"wp-block-image size-full wp-lightbox-container\"><img decoding=\"async\" width=\"1500\" height=\"999\" data-wp-class--hide=\"state.isContentHidden\" data-wp-class--show=\"state.isContentVisible\" data-wp-init=\"callbacks.setButtonStyles\" data-wp-on--click=\"actions.showLightbox\" data-wp-on--load=\"callbacks.setButtonStyles\" data-wp-on--pointerdown=\"actions.preloadImage\" data-wp-on--pointerenter=\"actions.preloadImageWithDelay\" data-wp-on--pointerleave=\"actions.cancelPreload\" data-wp-on-window--resize=\"callbacks.setButtonStyles\" src=\"https:\/\/loudavymkrokem.cz\/wp-content\/uploads\/2026\/08\/dovolena-kypr-t03.jpg\" alt=\"St\u00e2nca Petra tou Romiou, locul na\u0219terii Afroditei\" class=\"wp-image-399849\" title=\"\" srcset=\"https:\/\/loudavymkrokem.cz\/wp-content\/uploads\/2026\/08\/dovolena-kypr-t03.jpg 1500w, https:\/\/loudavymkrokem.cz\/wp-content\/uploads\/2026\/08\/dovolena-kypr-t03-300x200.jpg 300w, https:\/\/loudavymkrokem.cz\/wp-content\/uploads\/2026\/08\/dovolena-kypr-t03-700x466.jpg 700w, https:\/\/loudavymkrokem.cz\/wp-content\/uploads\/2026\/08\/dovolena-kypr-t03-768x511.jpg 768w, https:\/\/loudavymkrokem.cz\/wp-content\/uploads\/2026\/08\/dovolena-kypr-t03-696x464.jpg 696w, https:\/\/loudavymkrokem.cz\/wp-content\/uploads\/2026\/08\/dovolena-kypr-t03-1392x927.jpg 1392w\" sizes=\"(max-width: 1500px) 100vw, 1500px\" \/><button\n\t\t\tclass=\"lightbox-trigger\"\n\t\t\ttype=\"button\"\n\t\t\taria-haspopup=\"dialog\"\n\t\t\tdata-wp-bind--aria-label=\"state.thisImage.triggerButtonAriaLabel\"\n\t\t\tdata-wp-init=\"callbacks.initTriggerButton\"\n\t\t\tdata-wp-on--click=\"actions.showLightbox\"\n\t\t\tdata-wp-style--right=\"state.thisImage.buttonRight\"\n\t\t\tdata-wp-style--top=\"state.thisImage.buttonTop\"\n\t\t>\n\t\t\t<svg xmlns=\"http:\/\/www.w3.org\/2000\/svg\" width=\"12\" height=\"12\" fill=\"none\" viewBox=\"0 0 12 12\">\n\t\t\t\t<path fill=\"#fff\" d=\"M2 0a2 2 0 0 0-2 2v2h1.5V2a.5.5 0 0 1 .5-.5h2V0H2Zm2 10.5H2a.5.5 0 0 1-.5-.5V8H0v2a2 2 0 0 0 2 2h2v-1.5ZM8 12v-1.5h2a.5.5 0 0 0 .5-.5V8H12v2a2 2 0 0 1-2 2H8Zm2-12a2 2 0 0 1 2 2v2h-1.5V2a.5.5 0 0 0-.5-.5H8V0h2Z\" \/>\n\t\t\t<\/svg>\n\t\t<\/button><figcaption class=\"wp-element-caption\">St\u00e2nca Petra tou Romiou, locul na\u0219terii Afroditei (Foto: This photo was taken by Anton Zelenov.\nPlease credit this wi \/ Wikimedia Commons, CC BY-SA 4.0)<\/figcaption><\/figure>\n\n\n\n<p class=\"wp-block-paragraph\">Sc\u0103ldatul \u00een aceste locuri este uneori mai solicitant din cauza curen\u021bilor mai puternici \u0219i a valurilor mai mari, a\u0219a c\u0103, de obicei, nu prea este potrivit pentru \u00eenot lini\u0219tit \u00een familie. Ideal este s\u0103 <strong>vii la aceast\u0103 plaj\u0103 la apus<\/strong>, c\u00e2nd mul\u021bimile din autocarele turistice se \u00eempr\u0103\u0219tie pu\u021bin, iar \u00eentreaga scen\u0103 cap\u0103t\u0103 o nuan\u021b\u0103 romantic\u0103 uimitoare. C\u0103l\u0103torii laud\u0103 \u0219i belvederea din apropiere, de pe st\u00e2nca de deasupra plajei, de unde faci cele mai bune fotografii panoramice.<\/p>\n\n\n\n<h3 id=\"4_Peninsula_Akamas_si_Laguna_Albastra\" class=\"wp-block-heading\"><span class=\"ez-toc-section\" id=\"4_Peninsula_Akamas_si_Laguna_Albastra\"><\/span>4. Peninsula Akamas \u0219i Laguna Albastr\u0103<span class=\"ez-toc-section-end\"><\/span><\/h3>\n\n\n\n<p class=\"wp-block-paragraph\">Peninsula Akamas \u0219i Laguna Albastr\u0103 reprezint\u0103 cea mai s\u0103lbatic\u0103 \u0219i neatins\u0103 zon\u0103 protejat\u0103 din col\u021bul de vest al insulei. G\u0103se\u0219ti aici p\u0103duri dese, golfuri pustii \u0219i mai ales \u00eendr\u0103gita Lagun\u0103 Albastr\u0103, cu o ap\u0103 at\u00e2t de <strong>limpede \u0219i cristalin\u0103<\/strong>, \u00eenc\u00e2t te vei sim\u021bi mai degrab\u0103 ca undeva \u00een exoticul Caraibe. Natura este aici protejat\u0103 de construc\u021biile masive, a\u0219a c\u0103 nu te a\u0219tepta la mari resorturi hoteliere, ci mai degrab\u0103 la drumuri pr\u0103fuite \u0219i lini\u0219te deplin\u0103.<\/p>\n\n\n\n<figure data-wp-context=\"{&quot;imageId&quot;:&quot;6a9944e52d5af&quot;}\" data-wp-interactive=\"core\/image\" data-wp-key=\"6a9944e52d5af\" class=\"wp-block-image size-full wp-lightbox-container\"><img decoding=\"async\" width=\"1500\" height=\"959\" data-wp-class--hide=\"state.isContentHidden\" data-wp-class--show=\"state.isContentVisible\" data-wp-init=\"callbacks.setButtonStyles\" data-wp-on--click=\"actions.showLightbox\" data-wp-on--load=\"callbacks.setButtonStyles\" data-wp-on--pointerdown=\"actions.preloadImage\" data-wp-on--pointerenter=\"actions.preloadImageWithDelay\" data-wp-on--pointerleave=\"actions.cancelPreload\" data-wp-on-window--resize=\"callbacks.setButtonStyles\" src=\"https:\/\/loudavymkrokem.cz\/wp-content\/uploads\/2026\/08\/dovolena-kypr-t04.jpg\" alt=\"Laguna Albastr\u0103 de pe peninsula Akamas\" class=\"wp-image-399854\" title=\"\" srcset=\"https:\/\/loudavymkrokem.cz\/wp-content\/uploads\/2026\/08\/dovolena-kypr-t04.jpg 1500w, https:\/\/loudavymkrokem.cz\/wp-content\/uploads\/2026\/08\/dovolena-kypr-t04-300x192.jpg 300w, https:\/\/loudavymkrokem.cz\/wp-content\/uploads\/2026\/08\/dovolena-kypr-t04-700x448.jpg 700w, https:\/\/loudavymkrokem.cz\/wp-content\/uploads\/2026\/08\/dovolena-kypr-t04-768x491.jpg 768w, https:\/\/loudavymkrokem.cz\/wp-content\/uploads\/2026\/08\/dovolena-kypr-t04-696x445.jpg 696w, https:\/\/loudavymkrokem.cz\/wp-content\/uploads\/2026\/08\/dovolena-kypr-t04-1392x890.jpg 1392w\" sizes=\"(max-width: 1500px) 100vw, 1500px\" \/><button\n\t\t\tclass=\"lightbox-trigger\"\n\t\t\ttype=\"button\"\n\t\t\taria-haspopup=\"dialog\"\n\t\t\tdata-wp-bind--aria-label=\"state.thisImage.triggerButtonAriaLabel\"\n\t\t\tdata-wp-init=\"callbacks.initTriggerButton\"\n\t\t\tdata-wp-on--click=\"actions.showLightbox\"\n\t\t\tdata-wp-style--right=\"state.thisImage.buttonRight\"\n\t\t\tdata-wp-style--top=\"state.thisImage.buttonTop\"\n\t\t>\n\t\t\t<svg xmlns=\"http:\/\/www.w3.org\/2000\/svg\" width=\"12\" height=\"12\" fill=\"none\" viewBox=\"0 0 12 12\">\n\t\t\t\t<path fill=\"#fff\" d=\"M2 0a2 2 0 0 0-2 2v2h1.5V2a.5.5 0 0 1 .5-.5h2V0H2Zm2 10.5H2a.5.5 0 0 1-.5-.5V8H0v2a2 2 0 0 0 2 2h2v-1.5ZM8 12v-1.5h2a.5.5 0 0 0 .5-.5V8H12v2a2 2 0 0 1-2 2H8Zm2-12a2 2 0 0 1 2 2v2h-1.5V2a.5.5 0 0 0-.5-.5H8V0h2Z\" \/>\n\t\t\t<\/svg>\n\t\t<\/button><figcaption class=\"wp-element-caption\">Laguna Albastr\u0103 de pe peninsula Akamas (Foto: Michal Klajban \/ Wikimedia Commons, CC BY-SA 4.0)<\/figcaption><\/figure>\n\n\n\n<p class=\"wp-block-paragraph\">La Laguna Albastr\u0103, din p\u0103cate, nu ajungi cu o ma\u0219in\u0103 obi\u0219nuit\u0103 de la firma de \u00eenchirieri, pentru c\u0103 drumurile nepavate sunt pline de gropi ad\u00e2nci \u0219i pietre ascu\u021bite. O solu\u021bie practic\u0103 este <strong>\u00eenchirierea unei ma\u0219ini de teren sau o excursie comod\u0103 cu barca<\/strong> din portul apropiat Latchi. Excursiile cu barca includ adesea \u0219i o oprire mai lung\u0103 pentru sc\u0103ldat chiar \u00een lagun\u0103, ceea ce, potrivit multor vizitatori, este cel mai pl\u0103cut mod de a cunoa\u0219te acest \u021binut.<\/p>\n\n\n\n<h3 id=\"5_Cheile_Avakas\" class=\"wp-block-heading\"><span class=\"ez-toc-section\" id=\"5_Cheile_Avakas\"><\/span>5. Cheile Avakas<span class=\"ez-toc-section-end\"><\/span><\/h3>\n\n\n\n<p class=\"wp-block-paragraph\">Cheile Avakas sunt un fenomen natural uimitor, un canion \u00eengust s\u0103pat \u00een st\u00e2nca de calcar, care atrage iubitorii de mi\u0219care activ\u0103 \u0219i de natur\u0103. Pere\u021bii cheilor ating o \u00een\u0103l\u021bime de p\u00e2n\u0103 la treizeci de metri, iar \u00een cele mai \u00eenguste locuri se apropie at\u00e2t de mult unul de cel\u0103lalt, \u00eenc\u00e2t \u00eei po\u021bi atinge cu ambele m\u00e2ini deodat\u0103. <strong>Drume\u021bia prin canion dureaz\u0103 aproximativ dou\u0103 ore<\/strong> \u0219i ofer\u0103 o r\u0103corire pl\u0103cut\u0103 chiar \u0219i \u00een cele mai toride zile de var\u0103, pentru c\u0103 soarele puternic p\u0103trunde aici doar rareori.<\/p>\n\n\n\n<figure data-wp-context=\"{&quot;imageId&quot;:&quot;6a9944e52da40&quot;}\" data-wp-interactive=\"core\/image\" data-wp-key=\"6a9944e52da40\" class=\"wp-block-image size-full wp-lightbox-container\"><img decoding=\"async\" width=\"1500\" height=\"1000\" data-wp-class--hide=\"state.isContentHidden\" data-wp-class--show=\"state.isContentVisible\" data-wp-init=\"callbacks.setButtonStyles\" data-wp-on--click=\"actions.showLightbox\" data-wp-on--load=\"callbacks.setButtonStyles\" data-wp-on--pointerdown=\"actions.preloadImage\" data-wp-on--pointerenter=\"actions.preloadImageWithDelay\" data-wp-on--pointerleave=\"actions.cancelPreload\" data-wp-on-window--resize=\"callbacks.setButtonStyles\" src=\"https:\/\/loudavymkrokem.cz\/wp-content\/uploads\/2026\/08\/dovolena-kypr-t05.jpg\" alt=\"Cheile Avakas din vestul Ciprului\" class=\"wp-image-399859\" title=\"\" srcset=\"https:\/\/loudavymkrokem.cz\/wp-content\/uploads\/2026\/08\/dovolena-kypr-t05.jpg 1500w, https:\/\/loudavymkrokem.cz\/wp-content\/uploads\/2026\/08\/dovolena-kypr-t05-300x200.jpg 300w, https:\/\/loudavymkrokem.cz\/wp-content\/uploads\/2026\/08\/dovolena-kypr-t05-700x467.jpg 700w, https:\/\/loudavymkrokem.cz\/wp-content\/uploads\/2026\/08\/dovolena-kypr-t05-768x512.jpg 768w, https:\/\/loudavymkrokem.cz\/wp-content\/uploads\/2026\/08\/dovolena-kypr-t05-696x464.jpg 696w, https:\/\/loudavymkrokem.cz\/wp-content\/uploads\/2026\/08\/dovolena-kypr-t05-1392x928.jpg 1392w\" sizes=\"(max-width: 1500px) 100vw, 1500px\" \/><button\n\t\t\tclass=\"lightbox-trigger\"\n\t\t\ttype=\"button\"\n\t\t\taria-haspopup=\"dialog\"\n\t\t\tdata-wp-bind--aria-label=\"state.thisImage.triggerButtonAriaLabel\"\n\t\t\tdata-wp-init=\"callbacks.initTriggerButton\"\n\t\t\tdata-wp-on--click=\"actions.showLightbox\"\n\t\t\tdata-wp-style--right=\"state.thisImage.buttonRight\"\n\t\t\tdata-wp-style--top=\"state.thisImage.buttonTop\"\n\t\t>\n\t\t\t<svg xmlns=\"http:\/\/www.w3.org\/2000\/svg\" width=\"12\" height=\"12\" fill=\"none\" viewBox=\"0 0 12 12\">\n\t\t\t\t<path fill=\"#fff\" d=\"M2 0a2 2 0 0 0-2 2v2h1.5V2a.5.5 0 0 1 .5-.5h2V0H2Zm2 10.5H2a.5.5 0 0 1-.5-.5V8H0v2a2 2 0 0 0 2 2h2v-1.5ZM8 12v-1.5h2a.5.5 0 0 0 .5-.5V8H12v2a2 2 0 0 1-2 2H8Zm2-12a2 2 0 0 1 2 2v2h-1.5V2a.5.5 0 0 0-.5-.5H8V0h2Z\" \/>\n\t\t\t<\/svg>\n\t\t<\/button><figcaption class=\"wp-element-caption\">Cheile Avakas din vestul Ciprului (Foto: Krzysztof Ziarnek, Kenraiz \/ Wikimedia Commons, CC BY-SA 4.0)<\/figcaption><\/figure>\n\n\n\n<p class=\"wp-block-paragraph\">\u00cenainte de drum, verific\u0103 \u00eentotdeauna cu mare aten\u021bie prognoza meteo actual\u0103, fiindc\u0103 dup\u0103 ploi mai puternice cheile sunt de obicei \u00eenchise din cauza pericolului de c\u0103deri de pietre \u0219i a viiturilor. Traseul merge \u00een mare parte prin albia p\u00e2r\u00e2ului, pe pietre ude \u0219i alunecoase, a\u0219a c\u0103 \u00ee\u021bi va prinde bine \u0219i o <a href=\"https:\/\/loudavymkrokem.cz\/jak-vybrat-cestovni-pojisteni-na-dovolenou\/\">asigurare de c\u0103l\u0103torie<\/a> bine aleas\u0103, pentru c\u0103 riscul unei mici alunec\u0103ri te p\u00e2nde\u0219te practic \u00een permanen\u021b\u0103.<\/p>\n\n\n\n<h3 id=\"6_Lara_Bay_si_broastele_testoase_marine\" class=\"wp-block-heading\"><span class=\"ez-toc-section\" id=\"6_Lara_Bay_si_broastele-testoase_marine\"><\/span>6. Lara Bay \u0219i broa\u0219tele-\u021bestoase marine<span class=\"ez-toc-section-end\"><\/span><\/h3>\n\n\n\n<p class=\"wp-block-paragraph\">Lara Bay este o plaj\u0103 frumoas\u0103 \u0219i strict protejat\u0103, care s-a f\u0103cut cunoscut\u0103 ca refugiu sigur pentru broa\u0219tele-\u021bestoase marine amenin\u021bate. Din iunie p\u00e2n\u0103 \u00een octombrie, aici <strong>vin s\u0103 depun\u0103 ou\u0103 imensele \u021bestoase Caretta caretta \u0219i \u021bestoasele verzi<\/strong>, ceea ce face din loc o zon\u0103 ecologic\u0103 extrem de important\u0103 \u00een toat\u0103 Marea Mediteran\u0103. Voluntarii marcheaz\u0103 cu grij\u0103 cuiburile din nisip cu ni\u0219te cu\u0219cu\u021be metalice speciale, ca s\u0103 le protejeze de pr\u0103d\u0103tori \u0219i de turi\u0219tii neaten\u021bi.<\/p>\n\n\n\n<figure data-wp-context=\"{&quot;imageId&quot;:&quot;6a9944e52de8d&quot;}\" data-wp-interactive=\"core\/image\" data-wp-key=\"6a9944e52de8d\" class=\"wp-block-image size-full wp-lightbox-container\"><img decoding=\"async\" width=\"1500\" height=\"1000\" data-wp-class--hide=\"state.isContentHidden\" data-wp-class--show=\"state.isContentVisible\" data-wp-init=\"callbacks.setButtonStyles\" data-wp-on--click=\"actions.showLightbox\" data-wp-on--load=\"callbacks.setButtonStyles\" data-wp-on--pointerdown=\"actions.preloadImage\" data-wp-on--pointerenter=\"actions.preloadImageWithDelay\" data-wp-on--pointerleave=\"actions.cancelPreload\" data-wp-on-window--resize=\"callbacks.setButtonStyles\" src=\"https:\/\/loudavymkrokem.cz\/wp-content\/uploads\/2026\/08\/dovolena-kypr-t06.jpg\" alt=\"Plaja protejat\u0103 Lara Bay\" class=\"wp-image-399863\" title=\"\" srcset=\"https:\/\/loudavymkrokem.cz\/wp-content\/uploads\/2026\/08\/dovolena-kypr-t06.jpg 1500w, https:\/\/loudavymkrokem.cz\/wp-content\/uploads\/2026\/08\/dovolena-kypr-t06-300x200.jpg 300w, https:\/\/loudavymkrokem.cz\/wp-content\/uploads\/2026\/08\/dovolena-kypr-t06-700x467.jpg 700w, https:\/\/loudavymkrokem.cz\/wp-content\/uploads\/2026\/08\/dovolena-kypr-t06-768x512.jpg 768w, https:\/\/loudavymkrokem.cz\/wp-content\/uploads\/2026\/08\/dovolena-kypr-t06-696x464.jpg 696w, https:\/\/loudavymkrokem.cz\/wp-content\/uploads\/2026\/08\/dovolena-kypr-t06-1392x928.jpg 1392w\" sizes=\"(max-width: 1500px) 100vw, 1500px\" \/><button\n\t\t\tclass=\"lightbox-trigger\"\n\t\t\ttype=\"button\"\n\t\t\taria-haspopup=\"dialog\"\n\t\t\tdata-wp-bind--aria-label=\"state.thisImage.triggerButtonAriaLabel\"\n\t\t\tdata-wp-init=\"callbacks.initTriggerButton\"\n\t\t\tdata-wp-on--click=\"actions.showLightbox\"\n\t\t\tdata-wp-style--right=\"state.thisImage.buttonRight\"\n\t\t\tdata-wp-style--top=\"state.thisImage.buttonTop\"\n\t\t>\n\t\t\t<svg xmlns=\"http:\/\/www.w3.org\/2000\/svg\" width=\"12\" height=\"12\" fill=\"none\" viewBox=\"0 0 12 12\">\n\t\t\t\t<path fill=\"#fff\" d=\"M2 0a2 2 0 0 0-2 2v2h1.5V2a.5.5 0 0 1 .5-.5h2V0H2Zm2 10.5H2a.5.5 0 0 1-.5-.5V8H0v2a2 2 0 0 0 2 2h2v-1.5ZM8 12v-1.5h2a.5.5 0 0 0 .5-.5V8H12v2a2 2 0 0 1-2 2H8Zm2-12a2 2 0 0 1 2 2v2h-1.5V2a.5.5 0 0 0-.5-.5H8V0h2Z\" \/>\n\t\t\t<\/svg>\n\t\t<\/button><figcaption class=\"wp-element-caption\">Plaja protejat\u0103 Lara Bay (Foto: Dm Bsg \/ Wikimedia Commons, CC BY 3.0)<\/figcaption><\/figure>\n\n\n\n<p class=\"wp-block-paragraph\">Regulile pentru vizit\u0103 sunt aici destul de stricte \u0219i este absolut necesar s\u0103 le respec\u021bi f\u0103r\u0103 excep\u021bie. Pe plaj\u0103 <strong>nu ai voie s\u0103 intri noaptea \u0219i este interzis strict s\u0103 folose\u0219ti lumina<\/strong>, pentru c\u0103 lumina artificial\u0103 dezorienteaz\u0103 puii de \u021bestoas\u0103 abia ie\u0219i\u021bi din ou, care din cauza asta nu ar mai g\u0103si drumul spre mare. Uit\u0103 \u0219i de \u00eenfiptul umbrelelor de soare \u00een nisip, fiindc\u0103 ai putea distruge din gre\u0219eal\u0103 ou\u0103le de \u021bestoas\u0103 ascunse ad\u00e2nc sub suprafa\u021b\u0103.<\/p>\n\n\n\n<h3 id=\"7_Pesterile_marine_de_la_Peyia_si_Coral_Bay\" class=\"wp-block-heading\"><span class=\"ez-toc-section\" id=\"7_Pesterile_marine_de_la_Peyia_si_Coral_Bay\"><\/span>7. Pe\u0219terile marine de la Peyia \u0219i Coral Bay<span class=\"ez-toc-section-end\"><\/span><\/h3>\n\n\n\n<p class=\"wp-block-paragraph\">Pe\u0219terile marine de la Peyia \u0219i sta\u021biunea vecin\u0103 Coral Bay formeaz\u0103 un contrast uimitor \u00eentre coasta st\u00e2ncoas\u0103 s\u0103lbatic\u0103 \u0219i sc\u0103ldatul comod. Zona a\u0219a-numitelor sea caves este plin\u0103 de forma\u021biuni st\u00e2ncoase bizare, arcade \u0219i pe\u0219teri \u00een care valurile m\u0103rii lovesc necontenit, cre\u00e2nd un spectacol dramatic. Chiar al\u0103turi se afl\u0103 apoi Coral Bay, care este <strong>una dintre pu\u021binele plaje cu nisip cu adev\u0103rat frumoase<\/strong> de pe coasta de vest, \u00een rest predominant pietroas\u0103, a insulei.<\/p>\n\n\n\n<figure data-wp-context=\"{&quot;imageId&quot;:&quot;6a9944e52e449&quot;}\" data-wp-interactive=\"core\/image\" data-wp-key=\"6a9944e52e449\" class=\"wp-block-image size-full wp-lightbox-container\"><img decoding=\"async\" width=\"1500\" height=\"1125\" data-wp-class--hide=\"state.isContentHidden\" data-wp-class--show=\"state.isContentVisible\" data-wp-init=\"callbacks.setButtonStyles\" data-wp-on--click=\"actions.showLightbox\" data-wp-on--load=\"callbacks.setButtonStyles\" data-wp-on--pointerdown=\"actions.preloadImage\" data-wp-on--pointerenter=\"actions.preloadImageWithDelay\" data-wp-on--pointerleave=\"actions.cancelPreload\" data-wp-on-window--resize=\"callbacks.setButtonStyles\" src=\"https:\/\/loudavymkrokem.cz\/wp-content\/uploads\/2026\/08\/dovolena-kypr-t07.jpg\" alt=\"Plaja Coral Bay de l\u00e2ng\u0103 Paphos\" class=\"wp-image-399867\" title=\"\" srcset=\"https:\/\/loudavymkrokem.cz\/wp-content\/uploads\/2026\/08\/dovolena-kypr-t07.jpg 1500w, https:\/\/loudavymkrokem.cz\/wp-content\/uploads\/2026\/08\/dovolena-kypr-t07-300x225.jpg 300w, https:\/\/loudavymkrokem.cz\/wp-content\/uploads\/2026\/08\/dovolena-kypr-t07-700x525.jpg 700w, https:\/\/loudavymkrokem.cz\/wp-content\/uploads\/2026\/08\/dovolena-kypr-t07-768x576.jpg 768w, https:\/\/loudavymkrokem.cz\/wp-content\/uploads\/2026\/08\/dovolena-kypr-t07-80x60.jpg 80w, https:\/\/loudavymkrokem.cz\/wp-content\/uploads\/2026\/08\/dovolena-kypr-t07-160x120.jpg 160w, https:\/\/loudavymkrokem.cz\/wp-content\/uploads\/2026\/08\/dovolena-kypr-t07-696x522.jpg 696w, https:\/\/loudavymkrokem.cz\/wp-content\/uploads\/2026\/08\/dovolena-kypr-t07-1392x1044.jpg 1392w\" sizes=\"(max-width: 1500px) 100vw, 1500px\" \/><button\n\t\t\tclass=\"lightbox-trigger\"\n\t\t\ttype=\"button\"\n\t\t\taria-haspopup=\"dialog\"\n\t\t\tdata-wp-bind--aria-label=\"state.thisImage.triggerButtonAriaLabel\"\n\t\t\tdata-wp-init=\"callbacks.initTriggerButton\"\n\t\t\tdata-wp-on--click=\"actions.showLightbox\"\n\t\t\tdata-wp-style--right=\"state.thisImage.buttonRight\"\n\t\t\tdata-wp-style--top=\"state.thisImage.buttonTop\"\n\t\t>\n\t\t\t<svg xmlns=\"http:\/\/www.w3.org\/2000\/svg\" width=\"12\" height=\"12\" fill=\"none\" viewBox=\"0 0 12 12\">\n\t\t\t\t<path fill=\"#fff\" d=\"M2 0a2 2 0 0 0-2 2v2h1.5V2a.5.5 0 0 1 .5-.5h2V0H2Zm2 10.5H2a.5.5 0 0 1-.5-.5V8H0v2a2 2 0 0 0 2 2h2v-1.5ZM8 12v-1.5h2a.5.5 0 0 0 .5-.5V8H12v2a2 2 0 0 1-2 2H8Zm2-12a2 2 0 0 1 2 2v2h-1.5V2a.5.5 0 0 0-.5-.5H8V0h2Z\" \/>\n\t\t\t<\/svg>\n\t\t<\/button><figcaption class=\"wp-element-caption\">Plaja Coral Bay de l\u00e2ng\u0103 Paphos (Foto: TomasNY (talk) \/ Wikimedia Commons, CC BY-SA 3.0)<\/figcaption><\/figure>\n\n\n\n<p class=\"wp-block-paragraph\">\u00cen timp ce pe\u0219terile marine sunt admirate mai degrab\u0103 de fotografi de pe st\u00e2nci, Coral Bay ofer\u0103 condi\u021bii perfecte, cu \u0219ezlonguri, nisip curat \u0219i o intrare foarte lin\u0103 \u00een mare. Localnicii recomand\u0103 s\u0103 combini inteligent cele dou\u0103 locuri, astfel \u00eenc\u00e2t s\u0103 te po\u021bi <strong>\u00eent\u00e2i sc\u0103lda comod pe plaja cu nisip<\/strong>, iar apoi s\u0103 parcurgi c\u00e2\u021biva kilometri p\u00e2n\u0103 la pe\u0219teri, unde te a\u0219teapt\u0103 un apus fantastic.<\/p>\n\n\n\n<h3 id=\"8_Limassol_faleza_castelul_si_cel_mai_animat_oras_al_sudului\" class=\"wp-block-heading\"><span class=\"ez-toc-section\" id=\"8_Limassol_faleza_castelul_si_cel_mai_animat_oras_al_sudului\"><\/span>8. Limassol: faleza, castelul \u0219i cel mai animat ora\u0219 al sudului<span class=\"ez-toc-section-end\"><\/span><\/h3>\n\n\n\n<p class=\"wp-block-paragraph\">Limassol este f\u0103r\u0103 \u00eendoial\u0103 cel mai animat \u0219i cosmopolit ora\u0219 din tot sudul grecesc, care \u00eembin\u0103 perfect istoria cu via\u021ba modern\u0103. Inima lui este \u00eendr\u0103gita promenad\u0103 lung\u0103 Molos, care m\u0103rgine\u0219te coasta \u0219i ofer\u0103 mult\u0103 verdea\u021b\u0103, b\u0103nci, sculpturi moderne \u0219i cafenele cochete cu vedere la mare. Centrul istoric al ora\u0219ului este apoi vechiul castel medieval, unde, <strong>potrivit surselor de epoc\u0103, s-ar fi c\u0103s\u0103torit celebrul rege Richard Inim\u0103 de Leu<\/strong> cu logodnica lui, Berengaria de Navarra.<\/p>\n\n\n\n<figure data-wp-context=\"{&quot;imageId&quot;:&quot;6a9944e52e9c6&quot;}\" data-wp-interactive=\"core\/image\" data-wp-key=\"6a9944e52e9c6\" class=\"wp-block-image size-full wp-lightbox-container\"><img decoding=\"async\" width=\"1500\" height=\"1125\" data-wp-class--hide=\"state.isContentHidden\" data-wp-class--show=\"state.isContentVisible\" data-wp-init=\"callbacks.setButtonStyles\" data-wp-on--click=\"actions.showLightbox\" data-wp-on--load=\"callbacks.setButtonStyles\" data-wp-on--pointerdown=\"actions.preloadImage\" data-wp-on--pointerenter=\"actions.preloadImageWithDelay\" data-wp-on--pointerleave=\"actions.cancelPreload\" data-wp-on-window--resize=\"callbacks.setButtonStyles\" src=\"https:\/\/loudavymkrokem.cz\/wp-content\/uploads\/2026\/08\/dovolena-kypr-t08.jpg\" alt=\"Faleza Molos din Limassol\" class=\"wp-image-399872\" title=\"\" srcset=\"https:\/\/loudavymkrokem.cz\/wp-content\/uploads\/2026\/08\/dovolena-kypr-t08.jpg 1500w, https:\/\/loudavymkrokem.cz\/wp-content\/uploads\/2026\/08\/dovolena-kypr-t08-300x225.jpg 300w, https:\/\/loudavymkrokem.cz\/wp-content\/uploads\/2026\/08\/dovolena-kypr-t08-700x525.jpg 700w, https:\/\/loudavymkrokem.cz\/wp-content\/uploads\/2026\/08\/dovolena-kypr-t08-768x576.jpg 768w, https:\/\/loudavymkrokem.cz\/wp-content\/uploads\/2026\/08\/dovolena-kypr-t08-80x60.jpg 80w, https:\/\/loudavymkrokem.cz\/wp-content\/uploads\/2026\/08\/dovolena-kypr-t08-160x120.jpg 160w, https:\/\/loudavymkrokem.cz\/wp-content\/uploads\/2026\/08\/dovolena-kypr-t08-696x522.jpg 696w, https:\/\/loudavymkrokem.cz\/wp-content\/uploads\/2026\/08\/dovolena-kypr-t08-1392x1044.jpg 1392w\" sizes=\"(max-width: 1500px) 100vw, 1500px\" \/><button\n\t\t\tclass=\"lightbox-trigger\"\n\t\t\ttype=\"button\"\n\t\t\taria-haspopup=\"dialog\"\n\t\t\tdata-wp-bind--aria-label=\"state.thisImage.triggerButtonAriaLabel\"\n\t\t\tdata-wp-init=\"callbacks.initTriggerButton\"\n\t\t\tdata-wp-on--click=\"actions.showLightbox\"\n\t\t\tdata-wp-style--right=\"state.thisImage.buttonRight\"\n\t\t\tdata-wp-style--top=\"state.thisImage.buttonTop\"\n\t\t>\n\t\t\t<svg xmlns=\"http:\/\/www.w3.org\/2000\/svg\" width=\"12\" height=\"12\" fill=\"none\" viewBox=\"0 0 12 12\">\n\t\t\t\t<path fill=\"#fff\" d=\"M2 0a2 2 0 0 0-2 2v2h1.5V2a.5.5 0 0 1 .5-.5h2V0H2Zm2 10.5H2a.5.5 0 0 1-.5-.5V8H0v2a2 2 0 0 0 2 2h2v-1.5ZM8 12v-1.5h2a.5.5 0 0 0 .5-.5V8H12v2a2 2 0 0 1-2 2H8Zm2-12a2 2 0 0 1 2 2v2h-1.5V2a.5.5 0 0 0-.5-.5H8V0h2Z\" \/>\n\t\t\t<\/svg>\n\t\t<\/button><figcaption class=\"wp-element-caption\">Faleza Molos din Limassol (Foto: A.Savin \/ Wikimedia Commons, FAL)<\/figcaption><\/figure>\n\n\n\n<p class=\"wp-block-paragraph\">\u00cen jurul castelului se \u00eentinde o re\u021bea de str\u0103du\u021be \u00eenguste, pline de restaurante tradi\u021bionale, mici magazine de artizanat \u0219i baruri care prind via\u021b\u0103 mai ales dup\u0103 l\u0103sarea \u00eentunericului. Limassolul func\u021bioneaz\u0103 ca un excelent punct de plecare pentru explorarea insulei, pentru c\u0103 se afl\u0103 strategic exact \u00een mijlocul coastei de sud. Dac\u0103 e\u0219ti \u00een c\u0103utarea unei <strong>combina\u021bii de via\u021b\u0103 urban\u0103 animat\u0103, m\u00e2ncare bun\u0103 \u0219i istorie<\/strong>, acest ora\u0219 garantat nu te va dezam\u0103gi.<\/p>\n\n\n\n<h3 id=\"9_Kourion_teatrul_antic_deasupra_marii\" class=\"wp-block-heading\"><span class=\"ez-toc-section\" id=\"9_Kourion_teatrul_antic_deasupra_marii\"><\/span>9. Kourion: teatrul antic deasupra m\u0103rii<span class=\"ez-toc-section-end\"><\/span><\/h3>\n\n\n\n<p class=\"wp-block-paragraph\">Kourion este un ora\u0219 antic greco-roman \u00eentins, care se \u00eenal\u021b\u0103 dramatic pe o st\u00e2nc\u0103 \u00eenalt\u0103, chiar deasupra m\u0103rii \u00eenvolburate. Cea mai celebr\u0103 construc\u021bie a \u00eentregului complex este teatrul antic minunat reconstruit, care, datorit\u0103 acusticii sale perfecte, serve\u0219te \u0219i ast\u0103zi pentru concerte de var\u0103 \u00een aer liber. \u00cen timpul vizitei te po\u021bi plimba printre r\u0103m\u0103\u0219i\u021bele b\u0103ilor publice \u0219i <strong>studia mozaicurile de pardoseal\u0103 p\u0103strate \u00een casele cet\u0103\u021benilor boga\u021bi<\/strong>, care se num\u0103r\u0103 printre cele mai bune de pe insul\u0103.<\/p>\n\n\n\n<figure data-wp-context=\"{&quot;imageId&quot;:&quot;6a9944e52eee4&quot;}\" data-wp-interactive=\"core\/image\" data-wp-key=\"6a9944e52eee4\" class=\"wp-block-image size-full wp-lightbox-container\"><img decoding=\"async\" width=\"1500\" height=\"937\" data-wp-class--hide=\"state.isContentHidden\" data-wp-class--show=\"state.isContentVisible\" data-wp-init=\"callbacks.setButtonStyles\" data-wp-on--click=\"actions.showLightbox\" data-wp-on--load=\"callbacks.setButtonStyles\" data-wp-on--pointerdown=\"actions.preloadImage\" data-wp-on--pointerenter=\"actions.preloadImageWithDelay\" data-wp-on--pointerleave=\"actions.cancelPreload\" data-wp-on-window--resize=\"callbacks.setButtonStyles\" src=\"https:\/\/loudavymkrokem.cz\/wp-content\/uploads\/2026\/08\/dovolena-kypr-t09.jpg\" alt=\"Teatrul antic din Kourion\" class=\"wp-image-399874\" title=\"\" srcset=\"https:\/\/loudavymkrokem.cz\/wp-content\/uploads\/2026\/08\/dovolena-kypr-t09.jpg 1500w, https:\/\/loudavymkrokem.cz\/wp-content\/uploads\/2026\/08\/dovolena-kypr-t09-300x187.jpg 300w, https:\/\/loudavymkrokem.cz\/wp-content\/uploads\/2026\/08\/dovolena-kypr-t09-700x437.jpg 700w, https:\/\/loudavymkrokem.cz\/wp-content\/uploads\/2026\/08\/dovolena-kypr-t09-768x480.jpg 768w, https:\/\/loudavymkrokem.cz\/wp-content\/uploads\/2026\/08\/dovolena-kypr-t09-696x435.jpg 696w, https:\/\/loudavymkrokem.cz\/wp-content\/uploads\/2026\/08\/dovolena-kypr-t09-1392x870.jpg 1392w\" sizes=\"(max-width: 1500px) 100vw, 1500px\" \/><button\n\t\t\tclass=\"lightbox-trigger\"\n\t\t\ttype=\"button\"\n\t\t\taria-haspopup=\"dialog\"\n\t\t\tdata-wp-bind--aria-label=\"state.thisImage.triggerButtonAriaLabel\"\n\t\t\tdata-wp-init=\"callbacks.initTriggerButton\"\n\t\t\tdata-wp-on--click=\"actions.showLightbox\"\n\t\t\tdata-wp-style--right=\"state.thisImage.buttonRight\"\n\t\t\tdata-wp-style--top=\"state.thisImage.buttonTop\"\n\t\t>\n\t\t\t<svg xmlns=\"http:\/\/www.w3.org\/2000\/svg\" width=\"12\" height=\"12\" fill=\"none\" viewBox=\"0 0 12 12\">\n\t\t\t\t<path fill=\"#fff\" d=\"M2 0a2 2 0 0 0-2 2v2h1.5V2a.5.5 0 0 1 .5-.5h2V0H2Zm2 10.5H2a.5.5 0 0 1-.5-.5V8H0v2a2 2 0 0 0 2 2h2v-1.5ZM8 12v-1.5h2a.5.5 0 0 0 .5-.5V8H12v2a2 2 0 0 1-2 2H8Zm2-12a2 2 0 0 1 2 2v2h-1.5V2a.5.5 0 0 0-.5-.5H8V0h2Z\" \/>\n\t\t\t<\/svg>\n\t\t<\/button><figcaption class=\"wp-element-caption\">Teatrul antic din Kourion (Foto: A.Savin \/ Wikimedia Commons, FAL)<\/figcaption><\/figure>\n\n\n\n<p class=\"wp-block-paragraph\">Situl arheologic este destul de mare \u0219i r\u0103sp\u00e2ndit pe o colin\u0103 \u00eentins\u0103, a\u0219a c\u0103 pune la socoteal\u0103 o plimbare mai lung\u0103 \u00een soare direct. \u0218i aici este valabil\u0103 regula verificat\u0103 a sosirii de diminea\u021b\u0103 devreme, c\u00e2nd evi\u021bi cea mai mare c\u0103ldur\u0103 \u0219i mul\u021bimile mari din autocarele turistice. De pe st\u00e2nc\u0103 po\u021bi apoi <strong>cobor\u00ee direct jos, pe plaja Kourion cu acela\u0219i nume<\/strong>, care este foarte \u00eendr\u0103git\u0103 printre localnici \u0219i ofer\u0103 condi\u021bii excelente pentru o r\u0103corire de dup\u0103-amiaz\u0103 \u00een mare.<\/p>\n\n\n\n<h3 id=\"10_Castelul_Kolossi\" class=\"wp-block-heading\"><span class=\"ez-toc-section\" id=\"10_Castelul_Kolossi\"><\/span>10. Castelul Kolossi<span class=\"ez-toc-section-end\"><\/span><\/h3>\n\n\n\n<p class=\"wp-block-paragraph\">Castelul Kolossi este o masiv\u0103 cetate cruciat\u0103 din secolul al treisprezecelea, care la prima vedere pare un cub de piatr\u0103 de necucerit, \u00eenconjurat de livezi \u0219i vii. Aceast\u0103 construc\u021bie a servit c\u00e2ndva ca important centru de comand\u0103 al puternicilor Ospitalieri \u0219i Templieri, care administrau de aici imensele lor mo\u0219ii de pe insul\u0103. Locul este celebru mai ales pentru c\u0103 aici a \u00eenceput s\u0103 se scrie <strong>istoria legendarului vin dulce Commandaria<\/strong>, pe care cavalerii \u00eel produceau \u0219i \u00eel exportau cu pl\u0103cere la cur\u021bile regale europene.<\/p>\n\n\n\n<figure data-wp-context=\"{&quot;imageId&quot;:&quot;6a9944e52f41a&quot;}\" data-wp-interactive=\"core\/image\" data-wp-key=\"6a9944e52f41a\" class=\"wp-block-image size-full wp-lightbox-container\"><img decoding=\"async\" width=\"1500\" height=\"1000\" data-wp-class--hide=\"state.isContentHidden\" data-wp-class--show=\"state.isContentVisible\" data-wp-init=\"callbacks.setButtonStyles\" data-wp-on--click=\"actions.showLightbox\" data-wp-on--load=\"callbacks.setButtonStyles\" data-wp-on--pointerdown=\"actions.preloadImage\" data-wp-on--pointerenter=\"actions.preloadImageWithDelay\" data-wp-on--pointerleave=\"actions.cancelPreload\" data-wp-on-window--resize=\"callbacks.setButtonStyles\" src=\"https:\/\/loudavymkrokem.cz\/wp-content\/uploads\/2026\/08\/dovolena-kypr-t10.jpg\" alt=\"Cetatea cruciat\u0103 Kolossi\" class=\"wp-image-399877\" title=\"\" srcset=\"https:\/\/loudavymkrokem.cz\/wp-content\/uploads\/2026\/08\/dovolena-kypr-t10.jpg 1500w, https:\/\/loudavymkrokem.cz\/wp-content\/uploads\/2026\/08\/dovolena-kypr-t10-300x200.jpg 300w, https:\/\/loudavymkrokem.cz\/wp-content\/uploads\/2026\/08\/dovolena-kypr-t10-700x467.jpg 700w, https:\/\/loudavymkrokem.cz\/wp-content\/uploads\/2026\/08\/dovolena-kypr-t10-768x512.jpg 768w, https:\/\/loudavymkrokem.cz\/wp-content\/uploads\/2026\/08\/dovolena-kypr-t10-696x464.jpg 696w, https:\/\/loudavymkrokem.cz\/wp-content\/uploads\/2026\/08\/dovolena-kypr-t10-1392x928.jpg 1392w\" sizes=\"(max-width: 1500px) 100vw, 1500px\" \/><button\n\t\t\tclass=\"lightbox-trigger\"\n\t\t\ttype=\"button\"\n\t\t\taria-haspopup=\"dialog\"\n\t\t\tdata-wp-bind--aria-label=\"state.thisImage.triggerButtonAriaLabel\"\n\t\t\tdata-wp-init=\"callbacks.initTriggerButton\"\n\t\t\tdata-wp-on--click=\"actions.showLightbox\"\n\t\t\tdata-wp-style--right=\"state.thisImage.buttonRight\"\n\t\t\tdata-wp-style--top=\"state.thisImage.buttonTop\"\n\t\t>\n\t\t\t<svg xmlns=\"http:\/\/www.w3.org\/2000\/svg\" width=\"12\" height=\"12\" fill=\"none\" viewBox=\"0 0 12 12\">\n\t\t\t\t<path fill=\"#fff\" d=\"M2 0a2 2 0 0 0-2 2v2h1.5V2a.5.5 0 0 1 .5-.5h2V0H2Zm2 10.5H2a.5.5 0 0 1-.5-.5V8H0v2a2 2 0 0 0 2 2h2v-1.5ZM8 12v-1.5h2a.5.5 0 0 0 .5-.5V8H12v2a2 2 0 0 1-2 2H8Zm2-12a2 2 0 0 1 2 2v2h-1.5V2a.5.5 0 0 0-.5-.5H8V0h2Z\" \/>\n\t\t\t<\/svg>\n\t\t<\/button><figcaption class=\"wp-element-caption\">Cetatea cruciat\u0103 Kolossi (Foto: Diego Delso \/ Wikimedia Commons, CC BY-SA 4.0)<\/figcaption><\/figure>\n\n\n\n<p class=\"wp-block-paragraph\">\u00cen interiorul cet\u0103\u021bii vei vedea imense \u0219eminee vechi, fresce p\u0103strate \u0219i po\u021bi urca \u00een siguran\u021b\u0103 pe scara de piatr\u0103 \u00een spiral\u0103 p\u00e2n\u0103 pe acoperi\u0219ul propriu-zis. De acolo se deschide o <strong>priveli\u0219te frumoas\u0103 asupra planta\u021biilor de citrice din jur<\/strong> \u0219i asupra ruinelor vechii fabrici medievale de zah\u0103r, care se \u00eenvecineaz\u0103 chiar cu castelul. Vizita acestui loc nu \u00ee\u021bi ia prea mult timp, a\u0219a c\u0103 se potrive\u0219te ideal ca o scurt\u0103 oprire istoric\u0103 \u00een timpul unui drum mai lung de-a lungul coastei.<\/p>\n\n\n\n<h3 id=\"11_Capul_Cape_Greco_si_Kamara_tou_Koraka\" class=\"wp-block-heading\"><span class=\"ez-toc-section\" id=\"11_Capul_Cape_Greco_si_Kamara_tou_Koraka\"><\/span>11. Capul Cape Greco \u0219i Kamara tou Koraka<span class=\"ez-toc-section-end\"><\/span><\/h3>\n\n\n\n<p class=\"wp-block-paragraph\">Capul Cape Greco formeaz\u0103 grani\u021ba st\u00e2ncoas\u0103 imaginar\u0103 dintre coasta de sud \u0219i cea de est, iar aici g\u0103se\u0219ti unele dintre cele mai dramatice st\u00e2nci de pe toat\u0103 insula. Parcul natural ascunde o mul\u021bime de atrac\u021bii, dintre care cea mai cunoscut\u0103 este, f\u0103r\u0103 \u00eendoial\u0103, imensa arcad\u0103 de st\u00e2nc\u0103 Kamara tou Koraka, care se echilibreaz\u0103 chiar deasupra unei pr\u0103p\u0103stii abrupte. Apa din jurul \u00eentregii peninsule are o incredibil\u0103 culoare turcoaz, iar <strong>pe\u0219terile marine ad\u00e2nci te atrag la explorare<\/strong>, mai ales dac\u0103 mergi la ele cu o mic\u0103 barc\u0103 de excursie sau \u00een timpul unei sesiuni de snorkeling.<\/p>\n\n\n\n<figure data-wp-context=\"{&quot;imageId&quot;:&quot;6a9944e52fa23&quot;}\" data-wp-interactive=\"core\/image\" data-wp-key=\"6a9944e52fa23\" class=\"wp-block-image size-full wp-lightbox-container\"><img decoding=\"async\" width=\"1500\" height=\"1125\" data-wp-class--hide=\"state.isContentHidden\" data-wp-class--show=\"state.isContentVisible\" data-wp-init=\"callbacks.setButtonStyles\" data-wp-on--click=\"actions.showLightbox\" data-wp-on--load=\"callbacks.setButtonStyles\" data-wp-on--pointerdown=\"actions.preloadImage\" data-wp-on--pointerenter=\"actions.preloadImageWithDelay\" data-wp-on--pointerleave=\"actions.cancelPreload\" data-wp-on-window--resize=\"callbacks.setButtonStyles\" src=\"https:\/\/loudavymkrokem.cz\/wp-content\/uploads\/2026\/08\/dovolena-kypr-t11.jpg\" alt=\"Arcada de st\u00e2nc\u0103 de la capul Cape Greco\" class=\"wp-image-399881\" title=\"\" srcset=\"https:\/\/loudavymkrokem.cz\/wp-content\/uploads\/2026\/08\/dovolena-kypr-t11.jpg 1500w, https:\/\/loudavymkrokem.cz\/wp-content\/uploads\/2026\/08\/dovolena-kypr-t11-300x225.jpg 300w, https:\/\/loudavymkrokem.cz\/wp-content\/uploads\/2026\/08\/dovolena-kypr-t11-700x525.jpg 700w, https:\/\/loudavymkrokem.cz\/wp-content\/uploads\/2026\/08\/dovolena-kypr-t11-768x576.jpg 768w, https:\/\/loudavymkrokem.cz\/wp-content\/uploads\/2026\/08\/dovolena-kypr-t11-80x60.jpg 80w, https:\/\/loudavymkrokem.cz\/wp-content\/uploads\/2026\/08\/dovolena-kypr-t11-160x120.jpg 160w, https:\/\/loudavymkrokem.cz\/wp-content\/uploads\/2026\/08\/dovolena-kypr-t11-696x522.jpg 696w, https:\/\/loudavymkrokem.cz\/wp-content\/uploads\/2026\/08\/dovolena-kypr-t11-1392x1044.jpg 1392w\" sizes=\"(max-width: 1500px) 100vw, 1500px\" \/><button\n\t\t\tclass=\"lightbox-trigger\"\n\t\t\ttype=\"button\"\n\t\t\taria-haspopup=\"dialog\"\n\t\t\tdata-wp-bind--aria-label=\"state.thisImage.triggerButtonAriaLabel\"\n\t\t\tdata-wp-init=\"callbacks.initTriggerButton\"\n\t\t\tdata-wp-on--click=\"actions.showLightbox\"\n\t\t\tdata-wp-style--right=\"state.thisImage.buttonRight\"\n\t\t\tdata-wp-style--top=\"state.thisImage.buttonTop\"\n\t\t>\n\t\t\t<svg xmlns=\"http:\/\/www.w3.org\/2000\/svg\" width=\"12\" height=\"12\" fill=\"none\" viewBox=\"0 0 12 12\">\n\t\t\t\t<path fill=\"#fff\" d=\"M2 0a2 2 0 0 0-2 2v2h1.5V2a.5.5 0 0 1 .5-.5h2V0H2Zm2 10.5H2a.5.5 0 0 1-.5-.5V8H0v2a2 2 0 0 0 2 2h2v-1.5ZM8 12v-1.5h2a.5.5 0 0 0 .5-.5V8H12v2a2 2 0 0 1-2 2H8Zm2-12a2 2 0 0 1 2 2v2h-1.5V2a.5.5 0 0 0-.5-.5H8V0h2Z\" \/>\n\t\t\t<\/svg>\n\t\t<\/button><figcaption class=\"wp-element-caption\">Arcada de st\u00e2nc\u0103 de la capul Cape Greco (Foto: Knowledge2need \/ Wikimedia Commons, CC BY-SA 4.0)<\/figcaption><\/figure>\n\n\n\n<p class=\"wp-block-paragraph\">Acest loc este absolut fantastic pentru iubitorii lumii submarine, pentru c\u0103 vizibilitatea sub ap\u0103 este aici excelent\u0103 tot anul. Pe Cape Greco duc o mul\u021bime de poteci turistice bine \u00eentre\u021binute, cu b\u0103nci, care sunt grozave pentru evad\u0103ri de sear\u0103 \u00een natur\u0103. C\u0103l\u0103torii sunt de acord c\u0103 tocmai st\u00e2ncile de pe acest cap ofer\u0103 <strong>unele dintre cele mai bune priveli\u0219ti asupra apusului magic<\/strong> din toat\u0103 partea de est a Ciprului.<\/p>\n\n\n\n<h3 id=\"12_Larnaca_Lacul_Sarat_si_flamingii\" class=\"wp-block-heading\"><span class=\"ez-toc-section\" id=\"12_Larnaca_Lacul_Sarat_si_flamingii\"><\/span>12. Larnaca: Lacul S\u0103rat \u0219i flamingii<span class=\"ez-toc-section-end\"><\/span><\/h3>\n\n\n\n<p class=\"wp-block-paragraph\">Larnaca \u00eembin\u0103 atmosfera relaxat\u0103 a unei sta\u021biuni de la malul m\u0103rii cu o istorie bogat\u0103 \u0219i cu fenomene naturale interesante \u00een imediata vecin\u0103tate. Chiar \u00een spatele ora\u0219ului se \u00eentinde \u00eentinsul Lac S\u0103rat, unde, \u00een lunile de iarn\u0103 \u0219i prim\u0103var\u0103, <strong>se opresc imense stoluri de minuna\u021bi flamingi roz<\/strong>, ceea ce formeaz\u0103 un spectacol incredibil de fotogenic. Pe malul acestui lac se ghemuie\u0219te importantul sanctuar islamic, moscheea Hala Sultan Tekke, iar chiar \u00een centrul ora\u0219ului nu ai voie s\u0103 ratezi minunata biseric\u0103 de piatr\u0103 Sf\u00e2ntul Laz\u0103r, din secolul al nou\u0103lea.<\/p>\n\n\n\n<figure data-wp-context=\"{&quot;imageId&quot;:&quot;6a9944e52ffe6&quot;}\" data-wp-interactive=\"core\/image\" data-wp-key=\"6a9944e52ffe6\" class=\"wp-block-image size-full wp-lightbox-container\"><img decoding=\"async\" width=\"1500\" height=\"1124\" data-wp-class--hide=\"state.isContentHidden\" data-wp-class--show=\"state.isContentVisible\" data-wp-init=\"callbacks.setButtonStyles\" data-wp-on--click=\"actions.showLightbox\" data-wp-on--load=\"callbacks.setButtonStyles\" data-wp-on--pointerdown=\"actions.preloadImage\" data-wp-on--pointerenter=\"actions.preloadImageWithDelay\" data-wp-on--pointerleave=\"actions.cancelPreload\" data-wp-on-window--resize=\"callbacks.setButtonStyles\" src=\"https:\/\/loudavymkrokem.cz\/wp-content\/uploads\/2026\/08\/dovolena-kypr-t12.jpg\" alt=\"Lacul S\u0103rat de l\u00e2ng\u0103 Larnaca\" class=\"wp-image-399885\" title=\"\" srcset=\"https:\/\/loudavymkrokem.cz\/wp-content\/uploads\/2026\/08\/dovolena-kypr-t12.jpg 1500w, https:\/\/loudavymkrokem.cz\/wp-content\/uploads\/2026\/08\/dovolena-kypr-t12-300x225.jpg 300w, https:\/\/loudavymkrokem.cz\/wp-content\/uploads\/2026\/08\/dovolena-kypr-t12-700x525.jpg 700w, https:\/\/loudavymkrokem.cz\/wp-content\/uploads\/2026\/08\/dovolena-kypr-t12-768x575.jpg 768w, https:\/\/loudavymkrokem.cz\/wp-content\/uploads\/2026\/08\/dovolena-kypr-t12-80x60.jpg 80w, https:\/\/loudavymkrokem.cz\/wp-content\/uploads\/2026\/08\/dovolena-kypr-t12-160x120.jpg 160w, https:\/\/loudavymkrokem.cz\/wp-content\/uploads\/2026\/08\/dovolena-kypr-t12-696x522.jpg 696w, https:\/\/loudavymkrokem.cz\/wp-content\/uploads\/2026\/08\/dovolena-kypr-t12-1392x1043.jpg 1392w\" sizes=\"(max-width: 1500px) 100vw, 1500px\" \/><button\n\t\t\tclass=\"lightbox-trigger\"\n\t\t\ttype=\"button\"\n\t\t\taria-haspopup=\"dialog\"\n\t\t\tdata-wp-bind--aria-label=\"state.thisImage.triggerButtonAriaLabel\"\n\t\t\tdata-wp-init=\"callbacks.initTriggerButton\"\n\t\t\tdata-wp-on--click=\"actions.showLightbox\"\n\t\t\tdata-wp-style--right=\"state.thisImage.buttonRight\"\n\t\t\tdata-wp-style--top=\"state.thisImage.buttonTop\"\n\t\t>\n\t\t\t<svg xmlns=\"http:\/\/www.w3.org\/2000\/svg\" width=\"12\" height=\"12\" fill=\"none\" viewBox=\"0 0 12 12\">\n\t\t\t\t<path fill=\"#fff\" d=\"M2 0a2 2 0 0 0-2 2v2h1.5V2a.5.5 0 0 1 .5-.5h2V0H2Zm2 10.5H2a.5.5 0 0 1-.5-.5V8H0v2a2 2 0 0 0 2 2h2v-1.5ZM8 12v-1.5h2a.5.5 0 0 0 .5-.5V8H12v2a2 2 0 0 1-2 2H8Zm2-12a2 2 0 0 1 2 2v2h-1.5V2a.5.5 0 0 0-.5-.5H8V0h2Z\" \/>\n\t\t\t<\/svg>\n\t\t<\/button><figcaption class=\"wp-element-caption\">Lacul S\u0103rat de l\u00e2ng\u0103 Larnaca (Foto: Gerda Arendt \/ Wikimedia Commons, CC0)<\/figcaption><\/figure>\n\n\n\n<p class=\"wp-block-paragraph\">Dac\u0103 tocmai te g\u00e2nde\u0219ti <a href=\"https:\/\/loudavymkrokem.cz\/ro\/vacanta-septembrie-idei\/\">unde s\u0103 mergi \u00een vacan\u021b\u0103 \u00een septembrie<\/a>, \u00eemprejurimile Larnac\u0103i reprezint\u0103 o alegere excelent\u0103, cu temperaturi ideale \u0219i cu o mare \u00eenc\u0103 frumos \u00eenc\u0103lzit\u0103. Majoritatea turi\u0219tilor trec rapid prin ora\u0219 dup\u0103 aterizarea pe aeroport, dar <strong>Larnaca merit\u0103 cu siguran\u021b\u0103 m\u0103car o oprire de o jum\u0103tate de zi<\/strong>. Te po\u021bi plimba \u00een tihn\u0103 pe promenada cu palmieri Finikoudes, po\u021bi sta la cafenelele locale \u0219i absorbi acea tihn\u0103 cipriot\u0103 autentic\u0103.<\/p>\n\n\n\n<h3 id=\"13_Nissi_Beach_cea_mai_faimoasa_plaja_din_Cipru\" class=\"wp-block-heading\"><span class=\"ez-toc-section\" id=\"13_Nissi_Beach_cea_mai_faimoasa_plaja_din_Cipru\"><\/span>13. Nissi Beach: cea mai faimoas\u0103 plaj\u0103 din Cipru<span class=\"ez-toc-section-end\"><\/span><\/h3>\n\n\n\n<p class=\"wp-block-paragraph\">Nissi Beach este probabil cea mai faimoas\u0103 \u0219i mai fotografiat\u0103 plaj\u0103 din tot Ciprul, care c\u00e2\u0219tig\u0103 cu regularitate clasamentele frumuse\u021bii. Atrage cu nisip fin, alb \u0219i orbitor, cu ap\u0103 incredibil de pu\u021bin ad\u00e2nc\u0103 \u0219i cu o limb\u0103 de nisip tipic\u0103, peste care po\u021bi ajunge cu piciorul uscat pe un mic ostrov aflat la o bucat\u0103 de mal. Apa este aici <strong>pl\u0103cut de \u00eenc\u0103lzit\u0103 \u0219i, cea mai mare parte a timpului, foarte lini\u0219tit\u0103<\/strong>, ceea ce o face, la prima vedere, un paradis caraibian perfect pentru to\u021bi iubitorii de sc\u0103ldat.<\/p>\n\n\n\n<figure data-wp-context=\"{&quot;imageId&quot;:&quot;6a9944e53058f&quot;}\" data-wp-interactive=\"core\/image\" data-wp-key=\"6a9944e53058f\" class=\"wp-block-image size-full wp-lightbox-container\"><img decoding=\"async\" width=\"1500\" height=\"1000\" data-wp-class--hide=\"state.isContentHidden\" data-wp-class--show=\"state.isContentVisible\" data-wp-init=\"callbacks.setButtonStyles\" data-wp-on--click=\"actions.showLightbox\" data-wp-on--load=\"callbacks.setButtonStyles\" data-wp-on--pointerdown=\"actions.preloadImage\" data-wp-on--pointerenter=\"actions.preloadImageWithDelay\" data-wp-on--pointerleave=\"actions.cancelPreload\" data-wp-on-window--resize=\"callbacks.setButtonStyles\" src=\"https:\/\/loudavymkrokem.cz\/wp-content\/uploads\/2026\/08\/dovolena-kypr-t13.jpg\" alt=\"Plaja Nissi Beach din Ayia Napa\" class=\"wp-image-399888\" title=\"\" srcset=\"https:\/\/loudavymkrokem.cz\/wp-content\/uploads\/2026\/08\/dovolena-kypr-t13.jpg 1500w, https:\/\/loudavymkrokem.cz\/wp-content\/uploads\/2026\/08\/dovolena-kypr-t13-300x200.jpg 300w, https:\/\/loudavymkrokem.cz\/wp-content\/uploads\/2026\/08\/dovolena-kypr-t13-700x467.jpg 700w, https:\/\/loudavymkrokem.cz\/wp-content\/uploads\/2026\/08\/dovolena-kypr-t13-768x512.jpg 768w, https:\/\/loudavymkrokem.cz\/wp-content\/uploads\/2026\/08\/dovolena-kypr-t13-696x464.jpg 696w, https:\/\/loudavymkrokem.cz\/wp-content\/uploads\/2026\/08\/dovolena-kypr-t13-1392x928.jpg 1392w\" sizes=\"(max-width: 1500px) 100vw, 1500px\" \/><button\n\t\t\tclass=\"lightbox-trigger\"\n\t\t\ttype=\"button\"\n\t\t\taria-haspopup=\"dialog\"\n\t\t\tdata-wp-bind--aria-label=\"state.thisImage.triggerButtonAriaLabel\"\n\t\t\tdata-wp-init=\"callbacks.initTriggerButton\"\n\t\t\tdata-wp-on--click=\"actions.showLightbox\"\n\t\t\tdata-wp-style--right=\"state.thisImage.buttonRight\"\n\t\t\tdata-wp-style--top=\"state.thisImage.buttonTop\"\n\t\t>\n\t\t\t<svg xmlns=\"http:\/\/www.w3.org\/2000\/svg\" width=\"12\" height=\"12\" fill=\"none\" viewBox=\"0 0 12 12\">\n\t\t\t\t<path fill=\"#fff\" d=\"M2 0a2 2 0 0 0-2 2v2h1.5V2a.5.5 0 0 1 .5-.5h2V0H2Zm2 10.5H2a.5.5 0 0 1-.5-.5V8H0v2a2 2 0 0 0 2 2h2v-1.5ZM8 12v-1.5h2a.5.5 0 0 0 .5-.5V8H12v2a2 2 0 0 1-2 2H8Zm2-12a2 2 0 0 1 2 2v2h-1.5V2a.5.5 0 0 0-.5-.5H8V0h2Z\" \/>\n\t\t\t<\/svg>\n\t\t<\/button><figcaption class=\"wp-element-caption\">Plaja Nissi Beach din Ayia Napa (Foto: Dmitry Panov \/ Wikimedia Commons, CC BY 3.0)<\/figcaption><\/figure>\n\n\n\n<p class=\"wp-block-paragraph\">Trebuie \u00eens\u0103 s\u0103 te avertizez sincer c\u0103 \u00een plin sezon de var\u0103 este una dintre cele mai aglomerate plaje de pe toat\u0103 insula, iar lini\u0219te acolo chiar nu c\u0103uta. Peste zi <strong>c\u00e2nt\u0103 adesea muzic\u0103 foarte tare din cluburile de plaj\u0103<\/strong>, se organizeaz\u0103 petreceri zgomotoase, iar g\u0103sirea unui \u0219ezlong liber dup\u0103 ora zece diminea\u021ba devine o misiune supraomeneasc\u0103. Dac\u0103 vrei s\u0103 te bucuri de frumuse\u021bea ei \u00een relativ\u0103 lini\u0219te, vino mai bine chiar diminea\u021ba devreme, c\u00e2nd plaja abia se treze\u0219te la via\u021b\u0103.<\/p>\n\n\n\n<h3 id=\"14_Ayia_Napa_petreceri_dar_si_manastire_si_pesteri_marine\" class=\"wp-block-heading\"><span class=\"ez-toc-section\" id=\"14_Ayia_Napa_in_Cipru_petreceri_dar_si_manastire_si_pesteri_marine\"><\/span>14. Ayia Napa \u00een Cipru: petreceri, dar \u0219i m\u0103n\u0103stire \u0219i pe\u0219teri marine<span class=\"ez-toc-section-end\"><\/span><\/h3>\n\n\n\n<p class=\"wp-block-paragraph\">Ayia Napa din Cipru \u0219i-a c\u00e2\u0219tigat reputa\u021bia interna\u021bional\u0103 de ora\u0219 s\u0103lbatic al petrecerilor, care nu doarme niciodat\u0103 \u0219i care vara se transform\u0103 \u00eentr-o imens\u0103 parcare de dans pentru tinerii din toat\u0103 Europa. Epicentrul \u00eentregii vie\u021bi nocturne este celebra strad\u0103 Nissi Avenue, unde g\u0103se\u0219ti zeci de baruri tematice \u0219i discoteci uria\u0219e. Cu toate acestea, ora\u0219ul are \u0219i o fa\u021b\u0103 foarte lini\u0219tit\u0103, pentru c\u0103 exact \u00een mijlocul \u00eentregii nebunii moderne <strong>se afl\u0103 o veche m\u0103n\u0103stire vene\u021bian\u0103 din secolul al cincisprezecelea<\/strong>, care pare o oaz\u0103 nea\u0219teptat\u0103 de lini\u0219te deplin\u0103.<\/p>\n\n\n\n<figure data-wp-context=\"{&quot;imageId&quot;:&quot;6a9944e530926&quot;}\" data-wp-interactive=\"core\/image\" data-wp-key=\"6a9944e530926\" class=\"wp-block-image size-full wp-lightbox-container\"><img decoding=\"async\" width=\"1500\" height=\"1086\" data-wp-class--hide=\"state.isContentHidden\" data-wp-class--show=\"state.isContentVisible\" data-wp-init=\"callbacks.setButtonStyles\" data-wp-on--click=\"actions.showLightbox\" data-wp-on--load=\"callbacks.setButtonStyles\" data-wp-on--pointerdown=\"actions.preloadImage\" data-wp-on--pointerenter=\"actions.preloadImageWithDelay\" data-wp-on--pointerleave=\"actions.cancelPreload\" data-wp-on-window--resize=\"callbacks.setButtonStyles\" src=\"https:\/\/loudavymkrokem.cz\/wp-content\/uploads\/2026\/08\/dovolena-kypr-t14.jpg\" alt=\"M\u0103n\u0103stirea din Ayia Napa\" class=\"wp-image-399893\" title=\"\" srcset=\"https:\/\/loudavymkrokem.cz\/wp-content\/uploads\/2026\/08\/dovolena-kypr-t14.jpg 1500w, https:\/\/loudavymkrokem.cz\/wp-content\/uploads\/2026\/08\/dovolena-kypr-t14-300x217.jpg 300w, https:\/\/loudavymkrokem.cz\/wp-content\/uploads\/2026\/08\/dovolena-kypr-t14-700x507.jpg 700w, https:\/\/loudavymkrokem.cz\/wp-content\/uploads\/2026\/08\/dovolena-kypr-t14-768x556.jpg 768w, https:\/\/loudavymkrokem.cz\/wp-content\/uploads\/2026\/08\/dovolena-kypr-t14-696x504.jpg 696w, https:\/\/loudavymkrokem.cz\/wp-content\/uploads\/2026\/08\/dovolena-kypr-t14-1392x1008.jpg 1392w\" sizes=\"(max-width: 1500px) 100vw, 1500px\" \/><button\n\t\t\tclass=\"lightbox-trigger\"\n\t\t\ttype=\"button\"\n\t\t\taria-haspopup=\"dialog\"\n\t\t\tdata-wp-bind--aria-label=\"state.thisImage.triggerButtonAriaLabel\"\n\t\t\tdata-wp-init=\"callbacks.initTriggerButton\"\n\t\t\tdata-wp-on--click=\"actions.showLightbox\"\n\t\t\tdata-wp-style--right=\"state.thisImage.buttonRight\"\n\t\t\tdata-wp-style--top=\"state.thisImage.buttonTop\"\n\t\t>\n\t\t\t<svg xmlns=\"http:\/\/www.w3.org\/2000\/svg\" width=\"12\" height=\"12\" fill=\"none\" viewBox=\"0 0 12 12\">\n\t\t\t\t<path fill=\"#fff\" d=\"M2 0a2 2 0 0 0-2 2v2h1.5V2a.5.5 0 0 1 .5-.5h2V0H2Zm2 10.5H2a.5.5 0 0 1-.5-.5V8H0v2a2 2 0 0 0 2 2h2v-1.5ZM8 12v-1.5h2a.5.5 0 0 0 .5-.5V8H12v2a2 2 0 0 1-2 2H8Zm2-12a2 2 0 0 1 2 2v2h-1.5V2a.5.5 0 0 0-.5-.5H8V0h2Z\" \/>\n\t\t\t<\/svg>\n\t\t<\/button><figcaption class=\"wp-element-caption\">M\u0103n\u0103stirea din Ayia Napa (Foto: Zairon \/ Wikimedia Commons, CC BY-SA 4.0)<\/figcaption><\/figure>\n\n\n\n<p class=\"wp-block-paragraph\">Pe l\u00e2ng\u0103 via\u021ba de noapte, Ayia Napa se m\u00e2ndre\u0219te cu un acces excelent la mare \u0219i cu o mul\u021bime de golfuri minunate, cu ap\u0103 cristalin\u0103. Din portul local plin de via\u021b\u0103 <strong>pleac\u0103 zilnic b\u0103rci mici de excursie spre pe\u0219terile marine<\/strong>, iar de-a lungul coastei duc numeroase trasee pietonale frumoase. A\u0219adar, ora\u0219ul func\u021bioneaz\u0103 surprinz\u0103tor de bine at\u00e2t pentru iubitorii de petreceri nesf\u00e2r\u0219ite, c\u00e2t \u0219i pentru c\u0103l\u0103torii care vor s\u0103 exploreze peste zi fenomene naturale frumoase.<\/p>\n\n\n\n<!-- LKM_GYG_CARD start q=\"kypr\" lang=\"ro\" rendered=\"2026-09-01T20:54:32+00:00\" v=\"1\" -->\n<style id=\"lk-gyg-styles\">\n@import url(\"https:\/\/fonts.googleapis.com\/css2?family=Playfair+Display:wght@700&family=DM+Sans:wght@300;400;500;600&display=swap\");\n\/* === LK GYG karty \u2014 CRO redesign 2026-05 (namespace .lkx-) ===\n   C\u00edl: vy\u0161\u0161\u00ed CTR (hero + v\u00fdrazn\u00fd social proof + ak\u010dn\u00ed CTA, m\u00e9n\u011b \"reklamn\u00ed\").\n   Injektuje se inline do prvn\u00edho markeru postu (refresh_cards.py --inline-css). *\/\n.lkx-module, .lkx-module *{box-sizing:border-box;margin:0;padding:0}\n.lkx-module{\n  font-family:'DM Sans',-apple-system,Segoe UI,Roboto,Georgia,sans-serif;\n  max-width:860px;margin:2.5rem auto;color:#1f2328;\n}\n\n\/* HEADER \u2014 lehk\u00fd editorsk\u00fd, \u017e\u00e1dn\u00fd bannerov\u00fd blok; nadpis + popisek pod n\u00edm *\/\n.lkx-head{margin-bottom:16px}\n.lkx-head-main{display:flex;align-items:center;gap:10px}\n.lkx-head-accent{width:26px;height:3px;border-radius:2px;background:#c39f76;flex-shrink:0}\n.lkx-head-title{font-family:'Playfair Display',Georgia,serif;font-size:21px;font-weight:700;color:#1a1a1a;line-height:1.25}\n.lkx-head-meta{display:block;font-size:11px;letter-spacing:.3px;color:#9aa0a6;margin-top:4px;margin-left:36px}\n\n\/* HERO *\/\n.lkx-hero{display:grid;grid-template-columns:300px 1fr;background:#fff;border:1px solid #ece7df;border-radius:14px;overflow:hidden;text-decoration:none!important;color:inherit;box-shadow:0 6px 20px rgba(0,0,0,.06);transition:box-shadow .2s,transform .2s;margin-bottom:14px}\n.lkx-hero:hover{box-shadow:0 12px 30px rgba(0,0,0,.12);transform:translateY(-2px)}\n.lkx-hero-img{position:relative;min-height:230px;background-size:cover;background-position:center;background-color:#eee}\n.lkx-hero-body{padding:22px 24px;display:flex;flex-direction:column}\n.lkx-pick{position:absolute;top:12px;left:12px;background:#1a1a1a;color:#fff;font-size:11px;font-weight:700;letter-spacing:.5px;padding:5px 11px;border-radius:20px}\n\n\/* TITLE *\/\n.lkx-title{font-size:19px;font-weight:700;color:#161616;line-height:1.3}\n.lkx-title-sm{font-size:14.5px;line-height:1.35;display:-webkit-box;-webkit-line-clamp:2;-webkit-box-orient:vertical;overflow:hidden}\n\n\/* SOCIAL PROOF \u2014 v\u00fdrazn\u011b, naho\u0159e *\/\n.lkx-proof{display:flex;align-items:center;gap:7px;margin-top:12px;font-size:15px;color:#3a3a3a}\n.lkx-proof b{font-size:16px;color:#161616}\n.lkx-stars{color:#f5a623;letter-spacing:1px}\n.lkx-proof-sm{font-size:12.5px;margin-top:8px;gap:5px}\n.lkx-proof-sm b{font-size:13px}\n.lkx-proof-new{color:#3685fc;font-weight:600}\n\n\/* PRICE \u2014 n\u00edzk\u00e1 kotva *\/\n.lkx-price{font-size:14px;color:#6b7280}\n.lkx-price b{font-size:20px;color:#161616;font-weight:700}\n.lkx-price-sm b{font-size:15px}\n\n\/* CTA \u2014 tepl\u00e9 ak\u010dn\u00ed tla\u010d\u00edtko *\/\n.lkx-cta{display:inline-flex;align-items:center;justify-content:center;text-decoration:none!important;font-weight:700;color:#fff!important;background:linear-gradient(135deg,#f6743f,#e8552a);border-radius:10px;box-shadow:0 6px 16px rgba(232,85,42,.32);transition:box-shadow .2s}\n.lkx-cta-hero{font-size:15px;padding:13px 22px}\n.lkx-hero:hover .lkx-cta-hero{box-shadow:0 8px 22px rgba(232,85,42,.45)}\n.lkx-cta-sm{font-size:12.5px;padding:9px 14px;width:100%;margin-top:2px}\n.lkx-hero-bottom{margin-top:auto;padding-top:18px;display:flex;align-items:center;justify-content:space-between;gap:14px;flex-wrap:wrap}\n\n\/* BADGE \u2014 jeden v\u00fdrazn\u00fd na fotce *\/\n.lkx-badge{position:absolute;top:12px;right:12px;font-size:10.5px;font-weight:700;letter-spacing:.3px;padding:5px 10px;border-radius:16px;color:#fff}\n.lkx-badge.badge-urgency{background:rgba(214,40,40,.92)}\n.lkx-badge.badge-new{background:rgba(54,133,252,.92)}\n.lkx-badge.badge-top{background:rgba(195,159,118,.95)}\n.lkx-badge.badge-info{background:rgba(40,40,40,.78)}\n\n\/* SECONDARY GRID *\/\n.lkx-grid{display:grid;grid-template-columns:1fr 1fr;gap:14px}\n.lkx-card{background:#fff;border:1px solid #ece7df;border-radius:14px;overflow:hidden;text-decoration:none!important;color:inherit;box-shadow:0 4px 14px rgba(0,0,0,.05);display:flex;flex-direction:column;transition:box-shadow .2s,transform .2s}\n.lkx-card:hover{box-shadow:0 10px 24px rgba(0,0,0,.1);transform:translateY(-2px)}\n.lkx-card-img{position:relative;aspect-ratio:16\/10;background-size:cover;background-position:center;background-color:#eee}\n.lkx-card-body{padding:14px 16px 16px;display:flex;flex-direction:column;gap:7px;flex:1}\n.lkx-card-bottom{margin-top:auto;padding-top:10px;display:flex;align-items:center;justify-content:space-between;gap:8px}\n\n\/* DISCLOSURE \u2014 drobn\u00e1, kv\u016fli d\u016fv\u011b\u0159e\/z\u00e1konu *\/\n.lkx-disclosure{font-size:11px;color:#a7adb3;text-align:center;margin-top:14px;line-height:1.6}\n.lkx-disclosure a{color:#c39f76;text-decoration:none}\n\n@media(max-width:680px){\n  .lkx-hero{grid-template-columns:1fr}\n  .lkx-hero-img{min-height:180px}\n  .lkx-grid{grid-template-columns:1fr}\n  .lkx-head-meta{margin-left:0;width:100%}\n  .lkx-head-title{font-size:19px}\n}\n\n<\/style>\n<div class=\"lkx-module\" data-query=\"kypr\">\n  <div class=\"lkx-head\">\n    <div class=\"lkx-head-main\">\n      <span class=\"lkx-head-accent\"><\/span>\n      <span class=\"lkx-head-title\">Experien\u021be \u0219i bilete<\/span>\n    <\/div>\n    <span class=\"lkx-head-meta\">evaluat de c\u0103l\u0103tori \u00b7 GetYourGuide<\/span>\n  <\/div><a class=\"lkx-hero\" href=\"https:\/\/www.getyourguide.com\/ro-ro\/districtul-nicosia-l2199\/paralimni-scutere-subacvatice-t975099\/?partner_id=MKZ64IS&amp;utm_medium=online_publisher&amp;cmp=vacanta-cipru-locuri\" target=\"_blank\" rel=\"sponsored noopener nofollow\">\n    <div class=\"lkx-hero-img\" style=\"background-image:url('https:\/\/cdn.getyourguide.com\/img\/tour\/8a63e09393e938f9e1f5a3e6e3b62b3cc3a5f70cb6429c2de53d9c6a13f9ded9.jpeg\/132.jpg')\" role=\"img\" aria-label=\"Paralimni: Scutere subacvatice\">\n      <span class=\"lkx-pick\">\u2605 Recomandarea noastr\u0103<\/span><\/div>\n    <div class=\"lkx-hero-body\">\n      <div class=\"lkx-title\">Paralimni: Scutere subacvatice<\/div>\n      <div class=\"lkx-proof\">\n      <span class=\"lkx-stars\">\u2605\u2605\u2605\u2605\u2605<\/span>\n      <b>4.9<\/b> \u00b7 65 de recenzii\n    <\/div>\n      <div class=\"lkx-hero-bottom\"><div class=\"lkx-price\">de la <b>80\u00a0EUR<\/b><\/div><span class=\"lkx-cta lkx-cta-hero\">Vreau aceast\u0103 experien\u021b\u0103 \u2192<\/span>\n      <\/div>\n    <\/div>\n  <\/a><div class=\"lkx-grid\"><a class=\"lkx-card\" href=\"https:\/\/www.getyourguide.com\/ro-ro\/districtul-nicosia-l2199\/ayia-napa-safari-cu-atv-uri-cu-preluare-de-la-hotel-t1354238\/?partner_id=MKZ64IS&amp;utm_medium=online_publisher&amp;cmp=vacanta-cipru-locuri\" target=\"_blank\" rel=\"sponsored noopener nofollow\">\n      <div class=\"lkx-card-img\" style=\"background-image:url('https:\/\/cdn.getyourguide.com\/img\/tour\/75d22d46f5f7137b885f665ef9365d84c71193a28d40207b853d3176dc2c9181.png\/132.jpg')\" role=\"img\" aria-label=\"Ayia Napa: Safari cu ATV-urile\"><\/div>\n      <div class=\"lkx-card-body\">\n        <div class=\"lkx-title lkx-title-sm\">Ayia Napa: Safari cu ATV-urile<\/div>\n        <div class=\"lkx-proof lkx-proof-sm\">\n      <span class=\"lkx-stars\">\u2605<\/span>\n      <b>4.8<\/b> \u00b7 153\n    <\/div>\n        <div class=\"lkx-card-bottom\"><span class=\"lkx-price lkx-price-sm\">de la <b>75\u00a0EUR<\/b><\/span><span class=\"lkx-cta lkx-cta-sm\">Vezi datele \u2192<\/span>\n        <\/div>\n      <\/div>\n    <\/a><\/div><div class=\"lkx-disclosure\">\ud83d\udd17 Linkurile sunt de afiliere \u2014 nu \u00ee\u021bi schimb\u0103 pre\u021bul, dar ne ajut\u0103 s\u0103 cre\u0103m con\u021binut. \u00b7 <a href=\"https:\/\/www.getyourguide.com\/ro-ro\/s\/?q=kypr&amp;partner_id=MKZ64IS&amp;utm_medium=online_publisher\" target=\"_blank\" rel=\"sponsored noopener nofollow\">Toate experien\u021bele \u2192<\/a><\/div>\n<\/div>\n<!-- LKM_GYG_CARD end -->\n\n\n\n\n<div class=\"lk-stays-module\">\n<style>\n\/* \u2500\u2500\u2500 RESET PRO GUTENBERG \u2500\u2500\u2500 *\/\n.lk-stays-module * { box-sizing: border-box; margin: 0; padding: 0; }\n\n\/* \u2500\u2500\u2500 WRAPPER \u2500\u2500\u2500 *\/\n.lk-stays-module {\n  font-family: 'DM Sans', Georgia, sans-serif;\n  max-width: 100%;\n  margin: 2.5rem auto;\n  background: linear-gradient(135deg, #fdfaf5 0%, #fcf8f0 100%);\n  border: 1px solid #e8dfd4;\n  border-radius: 16px;\n  overflow: hidden;\n  box-shadow: 0 16px 48px rgba(195, 159, 118, 0.25), 0 4px 12px rgba(0,0,0,0.08);\n}\n\n\/* \u2500\u2500\u2500 HEADER \u2500\u2500\u2500 *\/\n.lk-stays-header {\n  position: relative;\n  padding: 24px 36px 24px;\n  background: linear-gradient(135deg, #c39f76 0%, #d4b188 60%, #c39f76 100%);\n  border-bottom: 1px solid rgba(255,255,255,.15);\n  display: flex;\n  align-items: center;\n  gap: 18px;\n}\n.lk-stays-header::before {\n  content: '';\n  position: absolute;\n  inset: 0;\n  background: url(\"data:image\/svg+xml,%3Csvg width='60' height='60' viewBox='0 0 60 60' xmlns='http:\/\/www.w3.org\/2000\/svg'%3E%3Cg fill='none' fill-rule='evenodd'%3E%3Cg fill='%23ffffff' fill-opacity='0.05'%3E%3Cpath d='M36 34v-4h-2v4h-4v2h4v4h2v-4h4v-2h-4zm0-30V0h-2v4h-4v2h4v4h2V6h4V4h-4zM6 34v-4H4v4H0v2h4v4h2v-4h4v-2H6zM6 4V0H4v4H0v2h4v4h2V6h4V4H6z'\/%3E%3C\/g%3E%3C\/g%3E%3C\/svg%3E\") repeat;\n  pointer-events: none;\n}\n.lk-stays-icon {\n  flex-shrink: 0;\n  width: 68px;\n  height: 68px;\n  border-radius: 14px;\n  background: linear-gradient(135deg, #fff 0%, #f9f6f0 100%);\n  display: flex;\n  align-items: center;\n  justify-content: center;\n  font-size: 26px;\n  box-shadow: 0 4px 12px rgba(0,0,0,0.15);\n}\n.lk-stays-eyebrow {\n  font-size: 10px;\n  font-weight: 500;\n  letter-spacing: 2.5px;\n  text-transform: uppercase;\n  color: rgba(255,255,255,.85);\n  margin: 0 0 5px 0;\n}\n.lk-stays-title {\n  font-family: 'Playfair Display', Georgia, serif;\n  font-size: 24px;\n  font-weight: 700;\n  color: #fff;\n  line-height: 1.2;\n  text-shadow: 0 1px 2px rgba(0,0,0,0.1);\n  margin: 0;\n}\n.lk-stays-subtitle {\n  font-size: 13px;\n  color: rgba(255,255,255,.75);\n  margin: 4px 0 0 0;\n  font-weight: 300;\n}\n\n\/* \u2500\u2500\u2500 CARDS GRID \u2500\u2500\u2500 *\/\n.lk-stays-grid {\n  display: grid;\n  grid-template-columns: 1fr 1fr;\n  gap: 1px;\n  background: rgba(195, 159, 118, 0.12);\n}\n\n\/* \u2500\u2500\u2500 SINGLE CARD \u2500\u2500\u2500 *\/\n.lk-stay-card {\n  background: #ffffff;\n  padding: 26px;\n  display: flex;\n  flex-direction: column;\n  gap: 11px;\n  transition: all 0.3s ease;\n  text-decoration: none;\n  color: inherit;\n  position: relative;\n}\n.lk-stay-card:hover {\n  background: #fffbf5;\n  transform: translateY(-2px);\n  box-shadow: 0 8px 24px rgba(195, 159, 118, 0.18);\n  z-index: 1;\n}\n.lk-stay-card.featured {\n  background: linear-gradient(135deg, #fffdf9 0%, #fff9f0 100%);\n  box-shadow: 0 4px 16px rgba(195, 159, 118, 0.15), inset 0 1px 0 rgba(195, 159, 118, 0.1);\n}\n.lk-stay-card.featured:hover {\n  background: linear-gradient(135deg, #fffbf5 0%, #fff8ed 100%);\n  box-shadow: 0 8px 24px rgba(195, 159, 118, 0.25), inset 0 1px 0 rgba(195, 159, 118, 0.15);\n}\n\n.lk-stay-badge {\n  display: inline-flex;\n  align-items: center;\n  gap: 5px;\n  font-size: 10px;\n  font-weight: 500;\n  letter-spacing: 1.5px;\n  text-transform: uppercase;\n  padding: 5px 11px;\n  border-radius: 20px;\n  width: fit-content;\n}\n.badge-top     { background: linear-gradient(135deg, #c39f76 0%, #d4b188 100%); color: #fff; border: 1px solid #c39f76; font-weight: 600; box-shadow: 0 2px 8px rgba(195,159,118,0.3); }\n.badge-luxury  { background: rgba(195,159,118,.12); color: #c39f76; border: 1px solid rgba(195,159,118,.25); }\n.badge-boutique{ background: rgba(54,133,252,.08); color: #3685fc; border: 1px solid rgba(54,133,252,.2); }\n.badge-nature  { background: rgba(130,190,100,.1); color: #6b9c4a; border: 1px solid rgba(130,190,100,.2); }\n.badge-remote  { background: rgba(195,159,118,.12); color: #a67e50; border: 1px solid rgba(195,159,118,.25); }\n\n.lk-stay-name {\n  font-family: 'Playfair Display', Georgia, serif;\n  font-size: 18px;\n  font-weight: 700;\n  color: #111827;\n  line-height: 1.3;\n}\n.lk-stay-desc {\n  font-size: 13.5px;\n  color: #525252;\n  line-height: 1.65;\n  font-weight: 300;\n  flex: 1;\n}\n\n.lk-stay-meta {\n  display: flex;\n  align-items: center;\n  gap: 12px;\n  flex-wrap: wrap;\n  margin-top: 4px;\n}\n.lk-stay-price {\n  font-size: 13px;\n  color: #6b7280;\n}\n.lk-stay-price strong {\n  color: #c39f76;\n  font-weight: 500;\n}\n.lk-stay-stars {\n  color: #c39f76;\n  font-size: 11px;\n  letter-spacing: 1px;\n}\n\n\/* \u2500\u2500\u2500 CTA BUTTON \u2500\u2500\u2500 *\/\n.lk-stay-cta {\n  display: inline-flex;\n  align-items: center;\n  justify-content: center;\n  gap: 7px;\n  margin-top: 8px;\n  padding: 11px 20px;\n  border-radius: 8px;\n  background: linear-gradient(135deg, #3685fc 0%, #2a6fd9 100%);\n  color: #fff;\n  font-size: 13px;\n  font-weight: 500;\n  text-decoration: none;\n  letter-spacing: .3px;\n  transition: all .2s ease;\n  cursor: pointer;\n  border: none;\n  text-align: center;\n  box-shadow: 0 4px 12px rgba(54, 133, 252, 0.25);\n}\n.lk-stay-cta:hover {\n  background: linear-gradient(135deg, #2a6fd9 0%, #1e5bc4 100%);\n  transform: translateY(-1px);\n  box-shadow: 0 6px 16px rgba(54, 133, 252, 0.35);\n}\n.lk-stay-cta svg { flex-shrink: 0; }\n\n\/* \u2500\u2500\u2500 FOOTER \u2500\u2500\u2500 *\/\n.lk-stays-footer {\n  padding: 18px 36px;\n  background: linear-gradient(to bottom, #fdfaf5 0%, #f9f4ed 100%);\n  border-top: 1px solid rgba(195, 159, 118, 0.15);\n  display: flex;\n  align-items: center;\n  justify-content: space-between;\n  flex-wrap: wrap;\n  gap: 12px;\n}\n.lk-stays-footer-note {\n  font-size: 11.5px;\n  color: #6b7280;\n  font-weight: 300;\n  line-height: 1.5;\n}\n.lk-stays-footer-note a {\n  color: #c39f76;\n  text-decoration: none;\n  font-weight: 400;\n}\n.lk-stays-footer-note a:hover {\n  text-decoration: underline;\n}\n.lk-stays-all-btn {\n  display: inline-flex;\n  align-items: center;\n  gap: 6px;\n  font-size: 12.5px;\n  font-weight: 500;\n  color: #c39f76;\n  text-decoration: none;\n  border: 1px solid rgba(195, 159, 118, 0.35);\n  padding: 8px 18px;\n  border-radius: 8px;\n  transition: all .2s ease;\n}\n.lk-stays-all-btn:hover {\n  background: rgba(195, 159, 118, 0.08);\n  border-color: rgba(195, 159, 118, 0.5);\n}\n\n\/* \u2500\u2500\u2500 RESPONSIVE \u2500\u2500\u2500 *\/\n@media (max-width: 600px) {\n  .lk-stays-grid { grid-template-columns: 1fr; }\n  .lk-stays-header { padding: 24px 20px; }\n  .lk-stays-footer { padding: 16px 20px; }\n  .lk-stay-card { padding: 22px; }\n  .lk-stays-title { font-size: 20px; }\n}\n<\/style>\n\n  <!-- HEADER -->\n  <div class=\"lk-stays-header\">\n    <img decoding=\"async\" src=\"https:\/\/loudavymkrokem.cz\/wp-content\/uploads\/2026\/02\/lukas-a-lucka.jpg\" alt=\"\" style=\"width: 75px; height: 75px; border-radius: 8px; flex-shrink: 0; object-fit: cover; display: block; margin: 4px 0;\" title=\"\">\n    <div class=\"lk-stays-header-text\">\n      <div class=\"lk-stays-eyebrow\">Luk\u00e1\u0161 \u0219i Lucie recomand\u0103<\/div>\n      <div class=\"lk-stays-title\">Unde s\u0103 te cazezi \u00een Cipru<\/div>\n      <div class=\"lk-stays-subtitle\">6 caz\u0103ri \u2014 resorturi, hoteluri \u0219i alte op\u021biuni de cazare<\/div>\n    <\/div>\n  <\/div>\n\n  <!-- CARDS -->\n  <div class=\"lk-stays-grid\">\n\n    <a class=\"lk-stay-card featured\" href=\"https:\/\/www.stay22.com\/allez\/roam?aid=lukaskonecny&#038;campaign=loudavymkrokemcz&#038;campaign=ro&#038;campaign=dovolena-kypr&#038;hotelname=Almyra%20Hotel&#038;address=Paphos%2C%20Kypr\" target=\"_blank\" rel=\"nofollow noopener\">\n      <span class=\"lk-stay-badge badge-top\">\u2b50 TOP ALEGERE<\/span>\n      <span class=\"lk-stay-badge badge-nature\">\ud83c\udfe8 Hotel<\/span>\n      <div class=\"lk-stay-name\">Almyra Hotel<\/div>\n      <div class=\"lk-stay-desc\">Un hotel frumos de design chiar l\u00e2ng\u0103 mare, popular printre cuplurile \u00een c\u0103utarea romantismului \u0219i a serviciilor de top.<\/div>\n      <div class=\"lk-stay-meta\">\n        <span class=\"lk-stay-stars\">\u2605\u2605\u2605\u2605<\/span>\n        <span class=\"lk-stay-price\">Verific\u0103 pre\u021burile<\/span>\n      <\/div>\n      <span class=\"lk-stay-cta\">\n        <svg width=\"14\" height=\"14\" viewBox=\"0 0 24 24\" fill=\"none\" stroke=\"currentColor\" stroke-width=\"2\"><path d=\"M18 13v6a2 2 0 0 1-2 2H5a2 2 0 0 1-2-2V8a2 2 0 0 1 2-2h6\"\/><polyline points=\"15 3 21 3 21 9\"\/><line x1=\"10\" y1=\"14\" x2=\"21\" y2=\"3\"\/><\/svg>\n        Verific\u0103 disponibilitatea\n      <\/span>\n    <\/a>\n\n    <a class=\"lk-stay-card\" href=\"https:\/\/www.stay22.com\/allez\/roam?aid=lukaskonecny&#038;campaign=loudavymkrokemcz&#038;campaign=ro&#038;campaign=dovolena-kypr&#038;hotelname=Elysium%20Hotel&#038;address=Paphos%2C%20Kypr\" target=\"_blank\" rel=\"nofollow noopener\">\n      <span class=\"lk-stay-badge badge-nature\">\u2b50 Luxury<\/span>\n      <div class=\"lk-stay-name\">Elysium Hotel<\/div>\n      <div class=\"lk-stay-desc\">Resort luxos construit l\u00e2ng\u0103 Mormintele Regale, unde te vei sim\u021bi ca \u00eentr-un palat adev\u0103rat.<\/div>\n      <div class=\"lk-stay-meta\">\n        <span class=\"lk-stay-stars\">\u2605\u2605\u2605\u2605<\/span>\n        <span class=\"lk-stay-price\">Verific\u0103 pre\u021burile<\/span>\n      <\/div>\n      <span class=\"lk-stay-cta\">\n        <svg width=\"14\" height=\"14\" viewBox=\"0 0 24 24\" fill=\"none\" stroke=\"currentColor\" stroke-width=\"2\"><path d=\"M18 13v6a2 2 0 0 1-2 2H5a2 2 0 0 1-2-2V8a2 2 0 0 1 2-2h6\"\/><polyline points=\"15 3 21 3 21 9\"\/><line x1=\"10\" y1=\"14\" x2=\"21\" y2=\"3\"\/><\/svg>\n        Verific\u0103 disponibilitatea\n      <\/span>\n    <\/a>\n\n    <a class=\"lk-stay-card\" href=\"https:\/\/www.stay22.com\/allez\/roam?aid=lukaskonecny&#038;campaign=loudavymkrokemcz&#038;campaign=ro&#038;campaign=dovolena-kypr&#038;hotelname=Olympic%20Lagoon%20Resort%20Paphos&#038;address=Paphos%2C%20Kypr\" target=\"_blank\" rel=\"nofollow noopener\">\n      <span class=\"lk-stay-badge badge-nature\">\ud83c\udf32 Resort<\/span>\n      <div class=\"lk-stay-name\">Olympic Lagoon Resort Paphos<\/div>\n      <div class=\"lk-stay-desc\">Complex imens cu program all inclusive, perfect pentru familii cu copii.<\/div>\n      <div class=\"lk-stay-meta\">\n        <span class=\"lk-stay-stars\">\u2605\u2605\u2605\u2605<\/span>\n        <span class=\"lk-stay-price\">Verific\u0103 pre\u021burile<\/span>\n      <\/div>\n      <span class=\"lk-stay-cta\">\n        <svg width=\"14\" height=\"14\" viewBox=\"0 0 24 24\" fill=\"none\" stroke=\"currentColor\" stroke-width=\"2\"><path d=\"M18 13v6a2 2 0 0 1-2 2H5a2 2 0 0 1-2-2V8a2 2 0 0 1 2-2h6\"\/><polyline points=\"15 3 21 3 21 9\"\/><line x1=\"10\" y1=\"14\" x2=\"21\" y2=\"3\"\/><\/svg>\n        Verific\u0103 disponibilitatea\n      <\/span>\n    <\/a>\n\n    <a class=\"lk-stay-card\" href=\"https:\/\/www.stay22.com\/allez\/roam?aid=lukaskonecny&#038;campaign=loudavymkrokemcz&#038;campaign=ro&#038;campaign=dovolena-kypr&#038;hotelname=Nissiblu%20Beach%20Resort&#038;address=Ayia%20Napa%2C%20Kypr\" target=\"_blank\" rel=\"nofollow noopener\">\n      <span class=\"lk-stay-badge badge-nature\">\ud83c\udfd6\ufe0f Beach<\/span>\n      <div class=\"lk-stay-name\">Nissiblu Beach Resort<\/div>\n      <div class=\"lk-stay-desc\">Hotel modern de cinci stele direct l\u00e2ng\u0103 celebra plaj\u0103 Nissi Beach, la c\u00e2\u021biva pa\u0219i de ap\u0103.<\/div>\n      <div class=\"lk-stay-meta\">\n        <span class=\"lk-stay-stars\">\u2605\u2605\u2605\u2605\u2605<\/span>\n        <span class=\"lk-stay-price\">Verific\u0103 pre\u021burile<\/span>\n      <\/div>\n      <span class=\"lk-stay-cta\">\n        <svg width=\"14\" height=\"14\" viewBox=\"0 0 24 24\" fill=\"none\" stroke=\"currentColor\" stroke-width=\"2\"><path d=\"M18 13v6a2 2 0 0 1-2 2H5a2 2 0 0 1-2-2V8a2 2 0 0 1 2-2h6\"\/><polyline points=\"15 3 21 3 21 9\"\/><line x1=\"10\" y1=\"14\" x2=\"21\" y2=\"3\"\/><\/svg>\n        Verific\u0103 disponibilitatea\n      <\/span>\n    <\/a>\n\n    <a class=\"lk-stay-card\" href=\"https:\/\/www.stay22.com\/allez\/roam?aid=lukaskonecny&#038;campaign=loudavymkrokemcz&#038;campaign=ro&#038;campaign=dovolena-kypr&#038;hotelname=Adams%20Beach%20Hotel%20%26%20Spa&#038;address=Ayia%20Napa%2C%20Kypr\" target=\"_blank\" rel=\"nofollow noopener\">\n      <span class=\"lk-stay-badge badge-nature\">\ud83c\udf32 Resort<\/span>\n      <div class=\"lk-stay-name\">Adams Beach Hotel &#038; Spa<\/div>\n      <div class=\"lk-stay-desc\">Resort \u00eentins cu propria plaj\u0103 privat\u0103, refugiu ideal departe de aglomera\u021bia de var\u0103.<\/div>\n      <div class=\"lk-stay-meta\">\n        <span class=\"lk-stay-stars\">\u2605\u2605\u2605\u2605<\/span>\n        <span class=\"lk-stay-price\">Verific\u0103 pre\u021burile<\/span>\n      <\/div>\n      <span class=\"lk-stay-cta\">\n        <svg width=\"14\" height=\"14\" viewBox=\"0 0 24 24\" fill=\"none\" stroke=\"currentColor\" stroke-width=\"2\"><path d=\"M18 13v6a2 2 0 0 1-2 2H5a2 2 0 0 1-2-2V8a2 2 0 0 1 2-2h6\"\/><polyline points=\"15 3 21 3 21 9\"\/><line x1=\"10\" y1=\"14\" x2=\"21\" y2=\"3\"\/><\/svg>\n        Verific\u0103 disponibilitatea\n      <\/span>\n    <\/a>\n\n    <a class=\"lk-stay-card\" href=\"https:\/\/www.stay22.com\/allez\/roam?aid=lukaskonecny&#038;campaign=loudavymkrokemcz&#038;campaign=ro&#038;campaign=dovolena-kypr&#038;hotelname=Parklane%2C%20a%20Luxury%20Collection%20Resort%20%26%20Spa&#038;address=Limassol%2C%20Kypr\" target=\"_blank\" rel=\"nofollow noopener\">\n      <span class=\"lk-stay-badge badge-nature\">\u2b50 Luxury<\/span>\n      <div class=\"lk-stay-name\">Parklane, a Luxury Collection Resort &#038; Spa<\/div>\n      <div class=\"lk-stay-desc\">Resort elegant de top cu o lagun\u0103 superb\u0103 pentru oaspe\u021bii cei mai preten\u021bio\u0219i.<\/div>\n      <div class=\"lk-stay-meta\">\n        <span class=\"lk-stay-stars\">\u2605\u2605\u2605\u2605<\/span>\n        <span class=\"lk-stay-price\">Verific\u0103 pre\u021burile<\/span>\n      <\/div>\n      <span class=\"lk-stay-cta\">\n        <svg width=\"14\" height=\"14\" viewBox=\"0 0 24 24\" fill=\"none\" stroke=\"currentColor\" stroke-width=\"2\"><path d=\"M18 13v6a2 2 0 0 1-2 2H5a2 2 0 0 1-2-2V8a2 2 0 0 1 2-2h6\"\/><polyline points=\"15 3 21 3 21 9\"\/><line x1=\"10\" y1=\"14\" x2=\"21\" y2=\"3\"\/><\/svg>\n        Verific\u0103 disponibilitatea\n      <\/span>\n    <\/a>\n\n  <\/div>\n\n  \n<\/div>\n\n\n\n\n<h3 id=\"15_Protaras_si_Fig_Tree_Bay\" class=\"wp-block-heading\"><span class=\"ez-toc-section\" id=\"15_Protaras_si_Fig_Tree_Bay\"><\/span>15. Protaras \u0219i Fig Tree Bay<span class=\"ez-toc-section-end\"><\/span><\/h3>\n\n\n\n<p class=\"wp-block-paragraph\">Protaras este o sta\u021biune \u00eendr\u0103git\u0103 de familii, de pe coasta de est, care este mult mai lini\u0219tit\u0103 \u0219i, \u00een ansamblu, mai relaxat\u0103 dec\u00e2t zgomotoasa vecin\u0103 Ayia Napa. Cel mai mare giuvaier al ei este uimitoarea plaj\u0103 Fig Tree Bay, denumit\u0103 dup\u0103 smochinii b\u0103tr\u00e2ni, care ofer\u0103 un golf minunat de pu\u021bin ad\u00e2nc \u0219i un nisip perfect auriu. Cam la o sut\u0103 de metri de plaj\u0103 se \u00eenal\u021b\u0103 un mic ostrov st\u00e2ncos, la care <strong>po\u021bi ajunge cu u\u0219urin\u021b\u0103 \u00eenot \u0219i po\u021bi face snorkeling nestingherit<\/strong> \u00een imediata lui apropiere.<\/p>\n\n\n\n<figure data-wp-context=\"{&quot;imageId&quot;:&quot;6a9944e530d8d&quot;}\" data-wp-interactive=\"core\/image\" data-wp-key=\"6a9944e530d8d\" class=\"wp-block-image size-full wp-lightbox-container\"><img decoding=\"async\" width=\"1500\" height=\"1124\" data-wp-class--hide=\"state.isContentHidden\" data-wp-class--show=\"state.isContentVisible\" data-wp-init=\"callbacks.setButtonStyles\" data-wp-on--click=\"actions.showLightbox\" data-wp-on--load=\"callbacks.setButtonStyles\" data-wp-on--pointerdown=\"actions.preloadImage\" data-wp-on--pointerenter=\"actions.preloadImageWithDelay\" data-wp-on--pointerleave=\"actions.cancelPreload\" data-wp-on-window--resize=\"callbacks.setButtonStyles\" src=\"https:\/\/loudavymkrokem.cz\/wp-content\/uploads\/2026\/08\/dovolena-kypr-t15.jpg\" alt=\"Golful Fig Tree Bay din Protaras\" class=\"wp-image-399898\" title=\"\" srcset=\"https:\/\/loudavymkrokem.cz\/wp-content\/uploads\/2026\/08\/dovolena-kypr-t15.jpg 1500w, https:\/\/loudavymkrokem.cz\/wp-content\/uploads\/2026\/08\/dovolena-kypr-t15-300x225.jpg 300w, https:\/\/loudavymkrokem.cz\/wp-content\/uploads\/2026\/08\/dovolena-kypr-t15-700x525.jpg 700w, https:\/\/loudavymkrokem.cz\/wp-content\/uploads\/2026\/08\/dovolena-kypr-t15-768x575.jpg 768w, https:\/\/loudavymkrokem.cz\/wp-content\/uploads\/2026\/08\/dovolena-kypr-t15-80x60.jpg 80w, https:\/\/loudavymkrokem.cz\/wp-content\/uploads\/2026\/08\/dovolena-kypr-t15-160x120.jpg 160w, https:\/\/loudavymkrokem.cz\/wp-content\/uploads\/2026\/08\/dovolena-kypr-t15-696x522.jpg 696w, https:\/\/loudavymkrokem.cz\/wp-content\/uploads\/2026\/08\/dovolena-kypr-t15-1392x1043.jpg 1392w\" sizes=\"(max-width: 1500px) 100vw, 1500px\" \/><button\n\t\t\tclass=\"lightbox-trigger\"\n\t\t\ttype=\"button\"\n\t\t\taria-haspopup=\"dialog\"\n\t\t\tdata-wp-bind--aria-label=\"state.thisImage.triggerButtonAriaLabel\"\n\t\t\tdata-wp-init=\"callbacks.initTriggerButton\"\n\t\t\tdata-wp-on--click=\"actions.showLightbox\"\n\t\t\tdata-wp-style--right=\"state.thisImage.buttonRight\"\n\t\t\tdata-wp-style--top=\"state.thisImage.buttonTop\"\n\t\t>\n\t\t\t<svg xmlns=\"http:\/\/www.w3.org\/2000\/svg\" width=\"12\" height=\"12\" fill=\"none\" viewBox=\"0 0 12 12\">\n\t\t\t\t<path fill=\"#fff\" d=\"M2 0a2 2 0 0 0-2 2v2h1.5V2a.5.5 0 0 1 .5-.5h2V0H2Zm2 10.5H2a.5.5 0 0 1-.5-.5V8H0v2a2 2 0 0 0 2 2h2v-1.5ZM8 12v-1.5h2a.5.5 0 0 0 .5-.5V8H12v2a2 2 0 0 1-2 2H8Zm2-12a2 2 0 0 1 2 2v2h-1.5V2a.5.5 0 0 0-.5-.5H8V0h2Z\" \/>\n\t\t\t<\/svg>\n\t\t<\/button><figcaption class=\"wp-element-caption\">Golful Fig Tree Bay din Protaras (Foto: Gerda Arendt \/ Wikimedia Commons, CC0)<\/figcaption><\/figure>\n\n\n\n<p class=\"wp-block-paragraph\">Deasupra \u00eentregii sta\u021biuni, pe o colin\u0103 st\u00e2ncoas\u0103 abrupt\u0103, se remarc\u0103 pitoreasca bisericu\u021b\u0103 Profitis Ilias, la care duce o scar\u0103 destul de lung\u0103 \u0219i abrupt\u0103. Urcu\u0219ul d\u0103 pu\u021bin de furc\u0103 \u00een zilele fierbin\u021bi de var\u0103, dar <strong>priveli\u0219tea panoramic\u0103 asupra \u00eentregii coaste \u0219i a m\u0103rii sc\u00e2nteietoare<\/strong> merit\u0103 cu siguran\u021b\u0103 efortul fizic. Localnicii recomand\u0103 s\u0103 vii aici \u00een amurg, c\u00e2nd lumina este cea mai bl\u00e2nd\u0103, iar copacii din jurul bisericu\u021bei sunt \u00eempodobi\u021bi romantic cu sute de panglici cu dorin\u021be.<\/p>\n\n\n\n<h3 id=\"16_Ayia_Napa_Sculpture_Park_si_potecile_Cape_Greco\" class=\"wp-block-heading\"><span class=\"ez-toc-section\" id=\"16_Ayia_Napa_Sculpture_Park_si_potecile_Cape_Greco\"><\/span>16. Ayia Napa Sculpture Park \u0219i potecile Cape Greco<span class=\"ez-toc-section-end\"><\/span><\/h3>\n\n\n\n<p class=\"wp-block-paragraph\">Ayia Napa Sculpture Park este o galerie exterioar\u0103 unic\u0103, amplasat\u0103 pe o pant\u0103 lin\u0103, de unde se deschide o priveli\u0219te fantastic\u0103 asupra apei albastre a m\u0103rii. G\u0103se\u0219ti aici zeci de sculpturi moderne \u0219i instala\u021bii interesante de la arti\u0219ti din toat\u0103 lumea, care <strong>contrasteaz\u0103 frumos cu peisajul aspru, pietros<\/strong> \u0219i cu tufi\u0219urile joase. Chiar al\u0103turi se afl\u0103, \u00een plus, un parc \u00eengrijit de cactu\u0219i \u0219i suculente, a\u0219a c\u0103 \u00eembinarea dintre art\u0103 \u0219i flora aparte, iubitoare de secet\u0103, creeaz\u0103 un mediu foarte fotogenic.<\/p>\n\n\n\n<figure data-wp-context=\"{&quot;imageId&quot;:&quot;6a9944e531241&quot;}\" data-wp-interactive=\"core\/image\" data-wp-key=\"6a9944e531241\" class=\"wp-block-image size-full wp-lightbox-container\"><img decoding=\"async\" width=\"1500\" height=\"843\" data-wp-class--hide=\"state.isContentHidden\" data-wp-class--show=\"state.isContentVisible\" data-wp-init=\"callbacks.setButtonStyles\" data-wp-on--click=\"actions.showLightbox\" data-wp-on--load=\"callbacks.setButtonStyles\" data-wp-on--pointerdown=\"actions.preloadImage\" data-wp-on--pointerenter=\"actions.preloadImageWithDelay\" data-wp-on--pointerleave=\"actions.cancelPreload\" data-wp-on-window--resize=\"callbacks.setButtonStyles\" src=\"https:\/\/loudavymkrokem.cz\/wp-content\/uploads\/2026\/08\/dovolena-kypr-t16.jpg\" alt=\"Parcul cu sculpturi de deasupra m\u0103rii din Ayia Napa\" class=\"wp-image-399902\" title=\"\" srcset=\"https:\/\/loudavymkrokem.cz\/wp-content\/uploads\/2026\/08\/dovolena-kypr-t16.jpg 1500w, https:\/\/loudavymkrokem.cz\/wp-content\/uploads\/2026\/08\/dovolena-kypr-t16-300x169.jpg 300w, https:\/\/loudavymkrokem.cz\/wp-content\/uploads\/2026\/08\/dovolena-kypr-t16-700x393.jpg 700w, https:\/\/loudavymkrokem.cz\/wp-content\/uploads\/2026\/08\/dovolena-kypr-t16-768x432.jpg 768w, https:\/\/loudavymkrokem.cz\/wp-content\/uploads\/2026\/08\/dovolena-kypr-t16-696x391.jpg 696w, https:\/\/loudavymkrokem.cz\/wp-content\/uploads\/2026\/08\/dovolena-kypr-t16-1392x782.jpg 1392w\" sizes=\"(max-width: 1500px) 100vw, 1500px\" \/><button\n\t\t\tclass=\"lightbox-trigger\"\n\t\t\ttype=\"button\"\n\t\t\taria-haspopup=\"dialog\"\n\t\t\tdata-wp-bind--aria-label=\"state.thisImage.triggerButtonAriaLabel\"\n\t\t\tdata-wp-init=\"callbacks.initTriggerButton\"\n\t\t\tdata-wp-on--click=\"actions.showLightbox\"\n\t\t\tdata-wp-style--right=\"state.thisImage.buttonRight\"\n\t\t\tdata-wp-style--top=\"state.thisImage.buttonTop\"\n\t\t>\n\t\t\t<svg xmlns=\"http:\/\/www.w3.org\/2000\/svg\" width=\"12\" height=\"12\" fill=\"none\" viewBox=\"0 0 12 12\">\n\t\t\t\t<path fill=\"#fff\" d=\"M2 0a2 2 0 0 0-2 2v2h1.5V2a.5.5 0 0 1 .5-.5h2V0H2Zm2 10.5H2a.5.5 0 0 1-.5-.5V8H0v2a2 2 0 0 0 2 2h2v-1.5ZM8 12v-1.5h2a.5.5 0 0 0 .5-.5V8H12v2a2 2 0 0 1-2 2H8Zm2-12a2 2 0 0 1 2 2v2h-1.5V2a.5.5 0 0 0-.5-.5H8V0h2Z\" \/>\n\t\t\t<\/svg>\n\t\t<\/button><figcaption class=\"wp-element-caption\">Parcul cu sculpturi de deasupra m\u0103rii din Ayia Napa (Foto: Qasinka \/ Wikimedia Commons, CC0)<\/figcaption><\/figure>\n\n\n\n<p class=\"wp-block-paragraph\">Din parc se continu\u0103 apoi lin potecile de coast\u0103 amenajate, care te duc comod p\u00e2n\u0103 la parcul na\u021bional Cape Greco. Intrarea \u00een acest imens muzeu de sculptur\u0103 \u00een aer liber este complet gratuit\u0103, iar situl nu are niciun fel de program de vizitare limitativ. Cea mai bun\u0103 experien\u021b\u0103 artistic\u0103 o vei avea <strong>dac\u0103 vizitezi parcul chiar \u00eenainte de apus<\/strong>, c\u00e2nd sculpturile de piatr\u0103 \u0219i de metal arunc\u0103 umbre lungi.<\/p>\n\n\n\n<h3 id=\"17_Parcul_acvatic_WaterWorld_din_Ayia_Napa\" class=\"wp-block-heading\"><span class=\"ez-toc-section\" id=\"17_Parcul_acvatic_WaterWorld_din_Ayia_Napa\"><\/span>17. Parcul acvatic WaterWorld din Ayia Napa<span class=\"ez-toc-section-end\"><\/span><\/h3>\n\n\n\n<p class=\"wp-block-paragraph\">Parcul acvatic WaterWorld din Ayia Napa se num\u0103r\u0103 de mult printre cele mai mari \u0219i mai bine cotate aquaparcuri din toat\u0103 Europa. \u00centregul complex \u00eentins este integrat foarte spiritual \u00een tematica Greciei antice, a\u0219a c\u0103 te po\u021bi bucura de tobogane denumite dup\u0103 zei, coloane masive \u0219i bazine stilizate ca b\u0103i romane. G\u0103se\u0219ti aici <strong>de toate, de la tobogane cu adrenalin\u0103 \u0219i c\u0103dere liber\u0103 p\u00e2n\u0103 la valuri uria\u0219e<\/strong> \u0219i un r\u00e2u lung \u0219i lene\u0219, unde te odihne\u0219ti de minune pe o colac\u0103 gonflabil\u0103.<\/p>\n\n\n\n<figure data-wp-context=\"{&quot;imageId&quot;:&quot;6a9944e5316f1&quot;}\" data-wp-interactive=\"core\/image\" data-wp-key=\"6a9944e5316f1\" class=\"wp-block-image size-full wp-lightbox-container\"><img decoding=\"async\" width=\"1500\" height=\"1125\" data-wp-class--hide=\"state.isContentHidden\" data-wp-class--show=\"state.isContentVisible\" data-wp-init=\"callbacks.setButtonStyles\" data-wp-on--click=\"actions.showLightbox\" data-wp-on--load=\"callbacks.setButtonStyles\" data-wp-on--pointerdown=\"actions.preloadImage\" data-wp-on--pointerenter=\"actions.preloadImageWithDelay\" data-wp-on--pointerleave=\"actions.cancelPreload\" data-wp-on-window--resize=\"callbacks.setButtonStyles\" src=\"https:\/\/loudavymkrokem.cz\/wp-content\/uploads\/2026\/08\/dovolena-kypr-t17.jpg\" alt=\"Aquaparcul din Ayia Napa\" class=\"wp-image-399905\" title=\"\" srcset=\"https:\/\/loudavymkrokem.cz\/wp-content\/uploads\/2026\/08\/dovolena-kypr-t17.jpg 1500w, https:\/\/loudavymkrokem.cz\/wp-content\/uploads\/2026\/08\/dovolena-kypr-t17-300x225.jpg 300w, https:\/\/loudavymkrokem.cz\/wp-content\/uploads\/2026\/08\/dovolena-kypr-t17-700x525.jpg 700w, https:\/\/loudavymkrokem.cz\/wp-content\/uploads\/2026\/08\/dovolena-kypr-t17-768x576.jpg 768w, https:\/\/loudavymkrokem.cz\/wp-content\/uploads\/2026\/08\/dovolena-kypr-t17-80x60.jpg 80w, https:\/\/loudavymkrokem.cz\/wp-content\/uploads\/2026\/08\/dovolena-kypr-t17-160x120.jpg 160w, https:\/\/loudavymkrokem.cz\/wp-content\/uploads\/2026\/08\/dovolena-kypr-t17-696x522.jpg 696w, https:\/\/loudavymkrokem.cz\/wp-content\/uploads\/2026\/08\/dovolena-kypr-t17-1392x1044.jpg 1392w\" sizes=\"(max-width: 1500px) 100vw, 1500px\" \/><button\n\t\t\tclass=\"lightbox-trigger\"\n\t\t\ttype=\"button\"\n\t\t\taria-haspopup=\"dialog\"\n\t\t\tdata-wp-bind--aria-label=\"state.thisImage.triggerButtonAriaLabel\"\n\t\t\tdata-wp-init=\"callbacks.initTriggerButton\"\n\t\t\tdata-wp-on--click=\"actions.showLightbox\"\n\t\t\tdata-wp-style--right=\"state.thisImage.buttonRight\"\n\t\t\tdata-wp-style--top=\"state.thisImage.buttonTop\"\n\t\t>\n\t\t\t<svg xmlns=\"http:\/\/www.w3.org\/2000\/svg\" width=\"12\" height=\"12\" fill=\"none\" viewBox=\"0 0 12 12\">\n\t\t\t\t<path fill=\"#fff\" d=\"M2 0a2 2 0 0 0-2 2v2h1.5V2a.5.5 0 0 1 .5-.5h2V0H2Zm2 10.5H2a.5.5 0 0 1-.5-.5V8H0v2a2 2 0 0 0 2 2h2v-1.5ZM8 12v-1.5h2a.5.5 0 0 0 .5-.5V8H12v2a2 2 0 0 1-2 2H8Zm2-12a2 2 0 0 1 2 2v2h-1.5V2a.5.5 0 0 0-.5-.5H8V0h2Z\" \/>\n\t\t\t<\/svg>\n\t\t<\/button><figcaption class=\"wp-element-caption\">Aquaparcul din Ayia Napa (Foto: Vsatinet \/ Wikimedia Commons, CC BY-SA 4.0)<\/figcaption><\/figure>\n\n\n\n<p class=\"wp-block-paragraph\">Potrivit recenziilor c\u0103l\u0103torilor, este un loc absolut fantastic pentru familiile cu copii, dar se distreaz\u0103 de minune \u0219i adul\u021bii c\u0103rora le place pu\u021bin\u0103 adrenalin\u0103 acvatic\u0103. \u00cen complex po\u021bi petrece f\u0103r\u0103 probleme o zi \u00eentreag\u0103 \u0219i lung\u0103, fiindc\u0103 ofer\u0103 o mul\u021bime de restaurante bune, locuri umbrite pentru odihn\u0103 \u0219i \u0219ezlonguri gratuite. Biletele <strong>merit\u0103 cu siguran\u021b\u0103 cump\u0103rate din timp online<\/strong>, pentru c\u0103 sunt pu\u021bin mai ieftine \u0219i evi\u021bi astfel cozile epuizante de la case.<\/p>\n\n\n\n<h3 id=\"18_Satele_din_Troodos_Omodos_Lefkara_si_Kakopetria\" class=\"wp-block-heading\"><span class=\"ez-toc-section\" id=\"18_Satele_din_Troodos_Omodos_Lefkara_si_Kakopetria\"><\/span>18. Satele din Troodos: Omodos, Lefkara \u0219i Kakopetria<span class=\"ez-toc-section-end\"><\/span><\/h3>\n\n\n\n<p class=\"wp-block-paragraph\">Satele din Troodos reprezint\u0103 un Cipru complet diferit de cel pe care \u00eel \u0219tii de pe coasta \u00eenc\u0103lzit\u0103, plin\u0103 de complexe hoteliere \u0219i umbrele. Aceste pitore\u0219ti s\u0103tuce de piatr\u0103 sunt a\u0219ezate sus \u00een dealurile verzi, se remarc\u0103 prin str\u0103du\u021be \u00eenguste, case cu acoperi\u0219uri ro\u0219ii \u0219i o lini\u0219te incredibil\u0103. Merit\u0103 cu siguran\u021b\u0103 o vizit\u0103 satul Lefkara, care este <strong>faimos \u00een toat\u0103 lumea pentru dantel\u0103ria lui tradi\u021bional\u0103<\/strong> \u0219i argint\u0103ria, sau istorica Kakopetria, cu case vechi p\u0103strate de-a lungul unui r\u00e2u de munte.<\/p>\n\n\n\n<figure data-wp-context=\"{&quot;imageId&quot;:&quot;6a9944e531b71&quot;}\" data-wp-interactive=\"core\/image\" data-wp-key=\"6a9944e531b71\" class=\"wp-block-image size-full wp-lightbox-container\"><img decoding=\"async\" width=\"1500\" height=\"1000\" data-wp-class--hide=\"state.isContentHidden\" data-wp-class--show=\"state.isContentVisible\" data-wp-init=\"callbacks.setButtonStyles\" data-wp-on--click=\"actions.showLightbox\" data-wp-on--load=\"callbacks.setButtonStyles\" data-wp-on--pointerdown=\"actions.preloadImage\" data-wp-on--pointerenter=\"actions.preloadImageWithDelay\" data-wp-on--pointerleave=\"actions.cancelPreload\" data-wp-on-window--resize=\"callbacks.setButtonStyles\" src=\"https:\/\/loudavymkrokem.cz\/wp-content\/uploads\/2026\/08\/dovolena-kypr-t18.jpg\" alt=\"Sat de munte \u00een mun\u021bii Troodos\" class=\"wp-image-399910\" title=\"\" srcset=\"https:\/\/loudavymkrokem.cz\/wp-content\/uploads\/2026\/08\/dovolena-kypr-t18.jpg 1500w, https:\/\/loudavymkrokem.cz\/wp-content\/uploads\/2026\/08\/dovolena-kypr-t18-300x200.jpg 300w, https:\/\/loudavymkrokem.cz\/wp-content\/uploads\/2026\/08\/dovolena-kypr-t18-700x467.jpg 700w, https:\/\/loudavymkrokem.cz\/wp-content\/uploads\/2026\/08\/dovolena-kypr-t18-768x512.jpg 768w, https:\/\/loudavymkrokem.cz\/wp-content\/uploads\/2026\/08\/dovolena-kypr-t18-696x464.jpg 696w, https:\/\/loudavymkrokem.cz\/wp-content\/uploads\/2026\/08\/dovolena-kypr-t18-1392x928.jpg 1392w\" sizes=\"(max-width: 1500px) 100vw, 1500px\" \/><button\n\t\t\tclass=\"lightbox-trigger\"\n\t\t\ttype=\"button\"\n\t\t\taria-haspopup=\"dialog\"\n\t\t\tdata-wp-bind--aria-label=\"state.thisImage.triggerButtonAriaLabel\"\n\t\t\tdata-wp-init=\"callbacks.initTriggerButton\"\n\t\t\tdata-wp-on--click=\"actions.showLightbox\"\n\t\t\tdata-wp-style--right=\"state.thisImage.buttonRight\"\n\t\t\tdata-wp-style--top=\"state.thisImage.buttonTop\"\n\t\t>\n\t\t\t<svg xmlns=\"http:\/\/www.w3.org\/2000\/svg\" width=\"12\" height=\"12\" fill=\"none\" viewBox=\"0 0 12 12\">\n\t\t\t\t<path fill=\"#fff\" d=\"M2 0a2 2 0 0 0-2 2v2h1.5V2a.5.5 0 0 1 .5-.5h2V0H2Zm2 10.5H2a.5.5 0 0 1-.5-.5V8H0v2a2 2 0 0 0 2 2h2v-1.5ZM8 12v-1.5h2a.5.5 0 0 0 .5-.5V8H12v2a2 2 0 0 1-2 2H8Zm2-12a2 2 0 0 1 2 2v2h-1.5V2a.5.5 0 0 0-.5-.5H8V0h2Z\" \/>\n\t\t\t<\/svg>\n\t\t<\/button><figcaption class=\"wp-element-caption\">Sat de munte \u00een mun\u021bii Troodos (Foto: Hagai Agmon-Snir \u062d\u0686\u0627\u064a \u0627\u0686\u0645\u0648\u0646-\u0633\u0646\u064a\u0631 \u05d7\u05d2\u05d9 \u05d0\u05d2\u05de\u05d5\u05df-\u05e9\u05e0\u05d9\u05e8 \/ Wikimedia Commons, CC BY-SA 4.0)<\/figcaption><\/figure>\n\n\n\n<p class=\"wp-block-paragraph\">Nu ai voie s\u0103 ratezi nici or\u0103\u0219elul Omodos, care func\u021bioneaz\u0103 ca un centru tradi\u021bional al viticulturii locale \u0219i \u00een care g\u0103se\u0219ti o mul\u021bime de mici crame de familie cu butoaie uria\u0219e. \u00cen satele de munte este de obicei tot anul vizibil mai r\u0103coare dec\u00e2t pe plaje, a\u0219a c\u0103 <strong>nu uita s\u0103-\u021bi iei un pulover sub\u021bire chiar \u0219i \u00een mijlocul verii fierbin\u021bi<\/strong>. Oamenii laud\u0103 aici mult ospitalitatea uimitoare \u0219i tavernele de familie grozave.<\/p>\n\n\n\n<h3 id=\"19_Bisericile_bizantine_de_pe_lista_UNESCO\" class=\"wp-block-heading\"><span class=\"ez-toc-section\" id=\"19_Bisericile_bizantine_de_pe_lista_UNESCO\"><\/span>19. Bisericile bizantine de pe lista UNESCO<span class=\"ez-toc-section-end\"><\/span><\/h3>\n\n\n\n<p class=\"wp-block-paragraph\">Bisericile bizantine ascunse ad\u00e2nc \u00een mun\u021bii Troodos se num\u0103r\u0103 printre cele mai importante monumente culturale de pe insul\u0103, iar nu mai pu\u021bin de nou\u0103 dintre ele se m\u00e2ndresc cu o \u00eenscriere important\u0103 pe lista UNESCO. Din exterior arat\u0103 adesea ca ni\u0219te \u0219uri obi\u0219nuite de piatr\u0103, cu acoperi\u0219uri abrupte de lemn, menite s\u0103 le protejeze \u00een mun\u021bi de z\u0103pada de iarn\u0103. \u00cen interior \u00eens\u0103 <strong>ascund fresce absolut fantastice \u0219i excelent p\u0103strate<\/strong>, dintre care multe dateaz\u0103 \u00eenc\u0103 din secolul al unsprezecelea \u0219i povestesc \u00eent\u00e2mpl\u0103ri biblice \u00een culori str\u0103lucitoare.<\/p>\n\n\n\n<figure data-wp-context=\"{&quot;imageId&quot;:&quot;6a9944e531fe1&quot;}\" data-wp-interactive=\"core\/image\" data-wp-key=\"6a9944e531fe1\" class=\"wp-block-image size-full wp-lightbox-container\"><img decoding=\"async\" width=\"1500\" height=\"751\" data-wp-class--hide=\"state.isContentHidden\" data-wp-class--show=\"state.isContentVisible\" data-wp-init=\"callbacks.setButtonStyles\" data-wp-on--click=\"actions.showLightbox\" data-wp-on--load=\"callbacks.setButtonStyles\" data-wp-on--pointerdown=\"actions.preloadImage\" data-wp-on--pointerenter=\"actions.preloadImageWithDelay\" data-wp-on--pointerleave=\"actions.cancelPreload\" data-wp-on-window--resize=\"callbacks.setButtonStyles\" src=\"https:\/\/loudavymkrokem.cz\/wp-content\/uploads\/2026\/08\/dovolena-kypr-t19.jpg\" alt=\"Bisericu\u021b\u0103 bizantin\u0103 \u00een mun\u021bii Troodos\" class=\"wp-image-399914\" title=\"\" srcset=\"https:\/\/loudavymkrokem.cz\/wp-content\/uploads\/2026\/08\/dovolena-kypr-t19.jpg 1500w, https:\/\/loudavymkrokem.cz\/wp-content\/uploads\/2026\/08\/dovolena-kypr-t19-300x150.jpg 300w, https:\/\/loudavymkrokem.cz\/wp-content\/uploads\/2026\/08\/dovolena-kypr-t19-700x350.jpg 700w, https:\/\/loudavymkrokem.cz\/wp-content\/uploads\/2026\/08\/dovolena-kypr-t19-768x385.jpg 768w, https:\/\/loudavymkrokem.cz\/wp-content\/uploads\/2026\/08\/dovolena-kypr-t19-696x348.jpg 696w, https:\/\/loudavymkrokem.cz\/wp-content\/uploads\/2026\/08\/dovolena-kypr-t19-1392x697.jpg 1392w\" sizes=\"(max-width: 1500px) 100vw, 1500px\" \/><button\n\t\t\tclass=\"lightbox-trigger\"\n\t\t\ttype=\"button\"\n\t\t\taria-haspopup=\"dialog\"\n\t\t\tdata-wp-bind--aria-label=\"state.thisImage.triggerButtonAriaLabel\"\n\t\t\tdata-wp-init=\"callbacks.initTriggerButton\"\n\t\t\tdata-wp-on--click=\"actions.showLightbox\"\n\t\t\tdata-wp-style--right=\"state.thisImage.buttonRight\"\n\t\t\tdata-wp-style--top=\"state.thisImage.buttonTop\"\n\t\t>\n\t\t\t<svg xmlns=\"http:\/\/www.w3.org\/2000\/svg\" width=\"12\" height=\"12\" fill=\"none\" viewBox=\"0 0 12 12\">\n\t\t\t\t<path fill=\"#fff\" d=\"M2 0a2 2 0 0 0-2 2v2h1.5V2a.5.5 0 0 1 .5-.5h2V0H2Zm2 10.5H2a.5.5 0 0 1-.5-.5V8H0v2a2 2 0 0 0 2 2h2v-1.5ZM8 12v-1.5h2a.5.5 0 0 0 .5-.5V8H12v2a2 2 0 0 1-2 2H8Zm2-12a2 2 0 0 1 2 2v2h-1.5V2a.5.5 0 0 0-.5-.5H8V0h2Z\" \/>\n\t\t\t<\/svg>\n\t\t<\/button><figcaption class=\"wp-element-caption\">Bisericu\u021b\u0103 bizantin\u0103 \u00een mun\u021bii Troodos (Foto: Zairon \/ Wikimedia Commons, CC BY-SA 4.0)<\/figcaption><\/figure>\n\n\n\n<p class=\"wp-block-paragraph\">Printre cele mai interesante se num\u0103r\u0103 bisericu\u021ba Asinou sau \u00eendep\u0103rtata m\u0103n\u0103stire Panagia tou Araka, care se afl\u0103 \u00een locuri minunate, \u00een mijlocul p\u0103durilor parfumate de pini. Majoritatea acestor monumente religioase sunt destul de mici \u0219i le p\u0103zesc cu stricte\u021be custozii locali cu chei, cu care de multe ori te \u00een\u021belegi doar cu un z\u00e2mbet \u0219i cu gesturi. \u00cen interiorul bisericilor <strong>este interzis strict s\u0103 fotografiezi cu bli\u021bul<\/strong> \u0219i se cere o \u021binut\u0103 potrivit\u0103, care s\u0103 acopere umerii \u0219i genunchii.<\/p>\n\n\n\n<h3 id=\"20_Cascadele_Kalidonia_si_Mount_Olympus\" class=\"wp-block-heading\"><span class=\"ez-toc-section\" id=\"20_Cascadele_Kalidonia_si_Mount_Olympus\"><\/span>20. Cascadele Kalidonia \u0219i Mount Olympus<span class=\"ez-toc-section-end\"><\/span><\/h3>\n\n\n\n<p class=\"wp-block-paragraph\">Cascadele Kalidonia \u0219i apropiatul v\u00e2rf Mount Olympus dovedesc clar c\u0103 Ciprul nu este doar un p\u0103m\u00e2nt arid cu plaje, ci ofer\u0103 \u0219i o natur\u0103 montan\u0103 proasp\u0103t\u0103 \u0219i verde, cu o clim\u0103 pl\u0103cut\u0103. Drume\u021bia spre cascade duce prin p\u0103duri dese de pini, de-a lungul unui p\u00e2r\u00e2u r\u0103coros, iar traseul propriu-zis m\u0103soar\u0103 sub trei kilometri, pe care \u00eei parcurgi \u00eentr-un ritm comod \u00een mai pu\u021bin de o or\u0103. Cel mai \u00eenalt munte al insulei, Olympos, <strong>m\u0103soar\u0103 impun\u0103torii 1.952 de metri<\/strong> \u0219i ofer\u0103 priveli\u0219ti panoramice frumoase ad\u00e2nc \u00een valea verde.<\/p>\n\n\n\n<figure data-wp-context=\"{&quot;imageId&quot;:&quot;6a9944e53258b&quot;}\" data-wp-interactive=\"core\/image\" data-wp-key=\"6a9944e53258b\" class=\"wp-block-image size-full wp-lightbox-container\"><img decoding=\"async\" width=\"1500\" height=\"1000\" data-wp-class--hide=\"state.isContentHidden\" data-wp-class--show=\"state.isContentVisible\" data-wp-init=\"callbacks.setButtonStyles\" data-wp-on--click=\"actions.showLightbox\" data-wp-on--load=\"callbacks.setButtonStyles\" data-wp-on--pointerdown=\"actions.preloadImage\" data-wp-on--pointerenter=\"actions.preloadImageWithDelay\" data-wp-on--pointerleave=\"actions.cancelPreload\" data-wp-on-window--resize=\"callbacks.setButtonStyles\" src=\"https:\/\/loudavymkrokem.cz\/wp-content\/uploads\/2026\/08\/dovolena-kypr-t20.jpg\" alt=\"Mun\u021bii Troodos cu p\u0103duri de pini\" class=\"wp-image-399933\" title=\"\" srcset=\"https:\/\/loudavymkrokem.cz\/wp-content\/uploads\/2026\/08\/dovolena-kypr-t20.jpg 1500w, https:\/\/loudavymkrokem.cz\/wp-content\/uploads\/2026\/08\/dovolena-kypr-t20-300x200.jpg 300w, https:\/\/loudavymkrokem.cz\/wp-content\/uploads\/2026\/08\/dovolena-kypr-t20-700x467.jpg 700w, https:\/\/loudavymkrokem.cz\/wp-content\/uploads\/2026\/08\/dovolena-kypr-t20-768x512.jpg 768w, https:\/\/loudavymkrokem.cz\/wp-content\/uploads\/2026\/08\/dovolena-kypr-t20-696x464.jpg 696w, https:\/\/loudavymkrokem.cz\/wp-content\/uploads\/2026\/08\/dovolena-kypr-t20-1392x928.jpg 1392w\" sizes=\"(max-width: 1500px) 100vw, 1500px\" \/><button\n\t\t\tclass=\"lightbox-trigger\"\n\t\t\ttype=\"button\"\n\t\t\taria-haspopup=\"dialog\"\n\t\t\tdata-wp-bind--aria-label=\"state.thisImage.triggerButtonAriaLabel\"\n\t\t\tdata-wp-init=\"callbacks.initTriggerButton\"\n\t\t\tdata-wp-on--click=\"actions.showLightbox\"\n\t\t\tdata-wp-style--right=\"state.thisImage.buttonRight\"\n\t\t\tdata-wp-style--top=\"state.thisImage.buttonTop\"\n\t\t>\n\t\t\t<svg xmlns=\"http:\/\/www.w3.org\/2000\/svg\" width=\"12\" height=\"12\" fill=\"none\" viewBox=\"0 0 12 12\">\n\t\t\t\t<path fill=\"#fff\" d=\"M2 0a2 2 0 0 0-2 2v2h1.5V2a.5.5 0 0 1 .5-.5h2V0H2Zm2 10.5H2a.5.5 0 0 1-.5-.5V8H0v2a2 2 0 0 0 2 2h2v-1.5ZM8 12v-1.5h2a.5.5 0 0 0 .5-.5V8H12v2a2 2 0 0 1-2 2H8Zm2-12a2 2 0 0 1 2 2v2h-1.5V2a.5.5 0 0 0-.5-.5H8V0h2Z\" \/>\n\t\t\t<\/svg>\n\t\t<\/button><figcaption class=\"wp-element-caption\">Mun\u021bii Troodos cu p\u0103duri de pini (Foto: Michal Klajban \/ Wikimedia Commons, CC BY-SA 4.0)<\/figcaption><\/figure>\n\n\n\n<p class=\"wp-block-paragraph\">Interesant este c\u0103 pe pantele Olympului se men\u021bine \u00een ianuarie \u0219i februarie destul de des z\u0103pada \u0219i func\u021bioneaz\u0103 chiar \u0219i mici teleschiuri pentru pasiona\u021bii locali. \u00centr-o zi de prim\u0103var\u0103 po\u021bi teoretic astfel s\u0103 <strong>schiezi diminea\u021ba \u00een mun\u021bi \u0219i s\u0103 te scalzi dup\u0103-amiaza \u00een marea \u00eenc\u0103lzit\u0103<\/strong> jos, pe coast\u0103. Drumul spre mun\u021bi este destul de \u00eentortocheat \u0219i abrupt, a\u0219a c\u0103, dac\u0103 suferi uneori de r\u0103u de ma\u0219in\u0103, e bine s\u0103 te preg\u0103te\u0219ti pu\u021bin pentru aceste serpentine nesf\u00e2r\u0219ite.<\/p>\n\n\n\n<h3 id=\"21_Cramele_cipriote_si_traseele_vinurilor\" class=\"wp-block-heading\"><span class=\"ez-toc-section\" id=\"21_Cramele_cipriote_si_traseele_vinurilor\"><\/span>21. Cramele cipriote \u0219i traseele vinurilor<span class=\"ez-toc-section-end\"><\/span><\/h3>\n\n\n\n<p class=\"wp-block-paragraph\">Cramele cipriote \u0219i a\u0219a-numitele trasee ale vinurilor sunt o atrac\u021bie uria\u0219\u0103 pentru to\u021bi c\u0103l\u0103torii c\u0103rora le place s\u0103 descopere gastronomia local\u0103 \u0219i tradi\u021biile agricole. \u00centregul poalele rodnice ale Troodosului este dens br\u0103zdat de trasee de vin marcate, care te duc at\u00e2t la mici afaceri de familie, c\u00e2t \u0219i la mari produc\u0103tori tradi\u021bionali. Vedeta principal\u0103 este vinul dulce de desert Commandaria, despre care se spune c\u0103 este <strong>cel mai vechi vin produs ne\u00eentrerupt din lume<\/strong>, cu acela\u0219i nume \u0219i cu re\u021beta original\u0103.<\/p>\n\n\n\n<figure data-wp-context=\"{&quot;imageId&quot;:&quot;6a9944e532cdd&quot;}\" data-wp-interactive=\"core\/image\" data-wp-key=\"6a9944e532cdd\" class=\"wp-block-image size-full wp-lightbox-container\"><img decoding=\"async\" width=\"1500\" height=\"993\" data-wp-class--hide=\"state.isContentHidden\" data-wp-class--show=\"state.isContentVisible\" data-wp-init=\"callbacks.setButtonStyles\" data-wp-on--click=\"actions.showLightbox\" data-wp-on--load=\"callbacks.setButtonStyles\" data-wp-on--pointerdown=\"actions.preloadImage\" data-wp-on--pointerenter=\"actions.preloadImageWithDelay\" data-wp-on--pointerleave=\"actions.cancelPreload\" data-wp-on-window--resize=\"callbacks.setButtonStyles\" src=\"https:\/\/loudavymkrokem.cz\/wp-content\/uploads\/2026\/08\/dovolena-kypr-t21.jpg\" alt=\"Vii la poalele mun\u021bilor Troodos\" class=\"wp-image-399927\" title=\"\" srcset=\"https:\/\/loudavymkrokem.cz\/wp-content\/uploads\/2026\/08\/dovolena-kypr-t21.jpg 1500w, https:\/\/loudavymkrokem.cz\/wp-content\/uploads\/2026\/08\/dovolena-kypr-t21-300x199.jpg 300w, https:\/\/loudavymkrokem.cz\/wp-content\/uploads\/2026\/08\/dovolena-kypr-t21-700x463.jpg 700w, https:\/\/loudavymkrokem.cz\/wp-content\/uploads\/2026\/08\/dovolena-kypr-t21-768x508.jpg 768w, https:\/\/loudavymkrokem.cz\/wp-content\/uploads\/2026\/08\/dovolena-kypr-t21-696x461.jpg 696w, https:\/\/loudavymkrokem.cz\/wp-content\/uploads\/2026\/08\/dovolena-kypr-t21-1392x922.jpg 1392w\" sizes=\"(max-width: 1500px) 100vw, 1500px\" \/><button\n\t\t\tclass=\"lightbox-trigger\"\n\t\t\ttype=\"button\"\n\t\t\taria-haspopup=\"dialog\"\n\t\t\tdata-wp-bind--aria-label=\"state.thisImage.triggerButtonAriaLabel\"\n\t\t\tdata-wp-init=\"callbacks.initTriggerButton\"\n\t\t\tdata-wp-on--click=\"actions.showLightbox\"\n\t\t\tdata-wp-style--right=\"state.thisImage.buttonRight\"\n\t\t\tdata-wp-style--top=\"state.thisImage.buttonTop\"\n\t\t>\n\t\t\t<svg xmlns=\"http:\/\/www.w3.org\/2000\/svg\" width=\"12\" height=\"12\" fill=\"none\" viewBox=\"0 0 12 12\">\n\t\t\t\t<path fill=\"#fff\" d=\"M2 0a2 2 0 0 0-2 2v2h1.5V2a.5.5 0 0 1 .5-.5h2V0H2Zm2 10.5H2a.5.5 0 0 1-.5-.5V8H0v2a2 2 0 0 0 2 2h2v-1.5ZM8 12v-1.5h2a.5.5 0 0 0 .5-.5V8H12v2a2 2 0 0 1-2 2H8Zm2-12a2 2 0 0 1 2 2v2h-1.5V2a.5.5 0 0 0-.5-.5H8V0h2Z\" \/>\n\t\t\t<\/svg>\n\t\t<\/button><figcaption class=\"wp-element-caption\">Vii la poalele mun\u021bilor Troodos (Foto: Serhio Magpie \/ Wikimedia Commons, CC BY 4.0)<\/figcaption><\/figure>\n\n\n\n<p class=\"wp-block-paragraph\">Majoritatea cramelor de familie ofer\u0103, \u00een urma unei \u00een\u021belegeri prealabile, vizite ale pivni\u021belor cu degust\u0103ri, unde viticultorii locali \u00ee\u021bi explic\u0103 bucuros \u00eentregul proces solicitant de cultivare \u0219i prelucrare a strugurilor. C\u0103l\u0103torii experimenta\u021bi recomand\u0103 s\u0103 porne\u0219ti pe un traseu al vinului ideal cu un tur organizat sau s\u0103-\u021bi g\u0103se\u0219ti un \u0219ofer de \u00eencredere, pentru c\u0103 <strong>poli\u021bia din Cipru controleaz\u0103 foarte strict alcoolul la volan<\/strong>. Vinurile locale sunt surprinz\u0103tor de calitative, iar o sticl\u0103 de Commandaria autentic\u0103 serve\u0219te ca un suvenir perfect din vacan\u021b\u0103.<\/p>\n\n\n\n<h3 id=\"22_Nicosia_ultima_capitala_divizata_a_Europei\" class=\"wp-block-heading\"><span class=\"ez-toc-section\" id=\"22_Nicosia_din_Cipru_ultima_capitala_divizata_a_Europei\"><\/span>22. Nicosia din Cipru: ultima capital\u0103 divizat\u0103 a Europei<span class=\"ez-toc-section-end\"><\/span><\/h3>\n\n\n\n<p class=\"wp-block-paragraph\">Nicosia din Cipru este o metropol\u0103 incredibil de fascinant\u0103 \u0219i de\u021bine un record foarte trist, fiindc\u0103 func\u021bioneaz\u0103 ca <strong>ultima capital\u0103 a Europei divizat\u0103 militar<\/strong>. Principala arter\u0103 comercial\u0103, Ledra Street, este t\u0103iat\u0103 necru\u021b\u0103tor de sever p\u0103zita Linie Verde aflat\u0103 sub controlul ONU, care \u00eemparte ora\u0219ul \u00een sudul grecesc \u0219i nordul turcesc. Te po\u021bi plimba liber pe masivele ziduri vene\u021biene \u00een form\u0103 de stea regulat\u0103, po\u021bi admira ora\u0219ul vechi \u0219i po\u021bi sim\u021bi pe propria piele acel imens contrast cultural.<\/p>\n\n\n\n<figure data-wp-context=\"{&quot;imageId&quot;:&quot;6a9944e533312&quot;}\" data-wp-interactive=\"core\/image\" data-wp-key=\"6a9944e533312\" class=\"wp-block-image size-full wp-lightbox-container\"><img decoding=\"async\" width=\"1500\" height=\"937\" data-wp-class--hide=\"state.isContentHidden\" data-wp-class--show=\"state.isContentVisible\" data-wp-init=\"callbacks.setButtonStyles\" data-wp-on--click=\"actions.showLightbox\" data-wp-on--load=\"callbacks.setButtonStyles\" data-wp-on--pointerdown=\"actions.preloadImage\" data-wp-on--pointerenter=\"actions.preloadImageWithDelay\" data-wp-on--pointerleave=\"actions.cancelPreload\" data-wp-on-window--resize=\"callbacks.setButtonStyles\" src=\"https:\/\/loudavymkrokem.cz\/wp-content\/uploads\/2026\/08\/dovolena-kypr-t22.jpg\" alt=\"Ledra Street \u00een Nicosia divizat\u0103\" class=\"wp-image-399918\" title=\"\" srcset=\"https:\/\/loudavymkrokem.cz\/wp-content\/uploads\/2026\/08\/dovolena-kypr-t22.jpg 1500w, https:\/\/loudavymkrokem.cz\/wp-content\/uploads\/2026\/08\/dovolena-kypr-t22-300x187.jpg 300w, https:\/\/loudavymkrokem.cz\/wp-content\/uploads\/2026\/08\/dovolena-kypr-t22-700x437.jpg 700w, https:\/\/loudavymkrokem.cz\/wp-content\/uploads\/2026\/08\/dovolena-kypr-t22-768x480.jpg 768w, https:\/\/loudavymkrokem.cz\/wp-content\/uploads\/2026\/08\/dovolena-kypr-t22-696x435.jpg 696w, https:\/\/loudavymkrokem.cz\/wp-content\/uploads\/2026\/08\/dovolena-kypr-t22-1392x870.jpg 1392w\" sizes=\"(max-width: 1500px) 100vw, 1500px\" \/><button\n\t\t\tclass=\"lightbox-trigger\"\n\t\t\ttype=\"button\"\n\t\t\taria-haspopup=\"dialog\"\n\t\t\tdata-wp-bind--aria-label=\"state.thisImage.triggerButtonAriaLabel\"\n\t\t\tdata-wp-init=\"callbacks.initTriggerButton\"\n\t\t\tdata-wp-on--click=\"actions.showLightbox\"\n\t\t\tdata-wp-style--right=\"state.thisImage.buttonRight\"\n\t\t\tdata-wp-style--top=\"state.thisImage.buttonTop\"\n\t\t>\n\t\t\t<svg xmlns=\"http:\/\/www.w3.org\/2000\/svg\" width=\"12\" height=\"12\" fill=\"none\" viewBox=\"0 0 12 12\">\n\t\t\t\t<path fill=\"#fff\" d=\"M2 0a2 2 0 0 0-2 2v2h1.5V2a.5.5 0 0 1 .5-.5h2V0H2Zm2 10.5H2a.5.5 0 0 1-.5-.5V8H0v2a2 2 0 0 0 2 2h2v-1.5ZM8 12v-1.5h2a.5.5 0 0 0 .5-.5V8H12v2a2 2 0 0 1-2 2H8Zm2-12a2 2 0 0 1 2 2v2h-1.5V2a.5.5 0 0 0-.5-.5H8V0h2Z\" \/>\n\t\t\t<\/svg>\n\t\t<\/button><figcaption class=\"wp-element-caption\">Ledra Street \u00een Nicosia divizat\u0103 (Foto: A.Savin \/ Wikimedia Commons, FAL)<\/figcaption><\/figure>\n\n\n\n<p class=\"wp-block-paragraph\">Pentru a trece \u00een partea de nord a Nicosiei trebuie s\u0103 treci printr-un punct oficial de trecere pentru pietoni \u0219i <strong>ai neap\u0103rat nevoie de un pa\u0219aport valabil<\/strong>, pentru c\u0103 o carte de identitate nu este suficient\u0103. \u00centregul proces de control este de obicei rapid \u0219i f\u0103r\u0103 probleme, \u00eens\u0103 pentru un est-european este o experien\u021b\u0103 cu adev\u0103rat puternic\u0103. Trec\u00e2nd grani\u021ba, te treze\u0219ti dintr-odat\u0103 \u00eentr-un mediu de pie\u021be orientale, moschei \u0219i miros de mirodenii, unde este vizibil de la prima vedere un cu totul alt stil de via\u021b\u0103.<\/p>\n\n\n\n<h3 id=\"23_Kyrenia_Girne_si_castelul_de_deasupra_portului\" class=\"wp-block-heading\"><span class=\"ez-toc-section\" id=\"23_Kyrenia_Girne_si_castelul_de_deasupra_portului\"><\/span>23. Kyrenia (Girne) \u0219i castelul de deasupra portului<span class=\"ez-toc-section-end\"><\/span><\/h3>\n\n\n\n<p class=\"wp-block-paragraph\">Kyrenia se afl\u0103 pe coasta de nord \u0219i mul\u021bi c\u0103l\u0103tori o consider\u0103, pe bun\u0103 dreptate, cel mai fotogenic port de pe toat\u0103 insula divizat\u0103. Golful \u00een form\u0103 de potcoav\u0103 perfect\u0103 este m\u0103rginit de case vechi de piatr\u0103, \u00een el ancoreaz\u0103 b\u0103rci de lemn cu aspect str\u0103vechi, iar deasupra tuturor acestora <strong>se \u00eenal\u021b\u0103 maiestuos un imens castel bizantin<\/strong>, care ap\u0103ra odinioar\u0103 ora\u0219ul de n\u0103v\u0103liri. Ceva mai sus de ora\u0219 se ascund apoi, \u00een dealuri, minunatele ruine gotice ale m\u0103n\u0103stirii Bellapais, cu o priveli\u0219te superb\u0103 asupra m\u0103rii.<\/p>\n\n\n\n<figure data-wp-context=\"{&quot;imageId&quot;:&quot;6a9944e533918&quot;}\" data-wp-interactive=\"core\/image\" data-wp-key=\"6a9944e533918\" class=\"wp-block-image size-full wp-lightbox-container\"><img decoding=\"async\" width=\"1500\" height=\"937\" data-wp-class--hide=\"state.isContentHidden\" data-wp-class--show=\"state.isContentVisible\" data-wp-init=\"callbacks.setButtonStyles\" data-wp-on--click=\"actions.showLightbox\" data-wp-on--load=\"callbacks.setButtonStyles\" data-wp-on--pointerdown=\"actions.preloadImage\" data-wp-on--pointerenter=\"actions.preloadImageWithDelay\" data-wp-on--pointerleave=\"actions.cancelPreload\" data-wp-on-window--resize=\"callbacks.setButtonStyles\" src=\"https:\/\/loudavymkrokem.cz\/wp-content\/uploads\/2026\/08\/dovolena-kypr-t23.jpg\" alt=\"Portul \u0219i castelul din Kyrenia\" class=\"wp-image-399919\" title=\"\" srcset=\"https:\/\/loudavymkrokem.cz\/wp-content\/uploads\/2026\/08\/dovolena-kypr-t23.jpg 1500w, https:\/\/loudavymkrokem.cz\/wp-content\/uploads\/2026\/08\/dovolena-kypr-t23-300x187.jpg 300w, https:\/\/loudavymkrokem.cz\/wp-content\/uploads\/2026\/08\/dovolena-kypr-t23-700x437.jpg 700w, https:\/\/loudavymkrokem.cz\/wp-content\/uploads\/2026\/08\/dovolena-kypr-t23-768x480.jpg 768w, https:\/\/loudavymkrokem.cz\/wp-content\/uploads\/2026\/08\/dovolena-kypr-t23-696x435.jpg 696w, https:\/\/loudavymkrokem.cz\/wp-content\/uploads\/2026\/08\/dovolena-kypr-t23-1392x870.jpg 1392w\" sizes=\"(max-width: 1500px) 100vw, 1500px\" \/><button\n\t\t\tclass=\"lightbox-trigger\"\n\t\t\ttype=\"button\"\n\t\t\taria-haspopup=\"dialog\"\n\t\t\tdata-wp-bind--aria-label=\"state.thisImage.triggerButtonAriaLabel\"\n\t\t\tdata-wp-init=\"callbacks.initTriggerButton\"\n\t\t\tdata-wp-on--click=\"actions.showLightbox\"\n\t\t\tdata-wp-style--right=\"state.thisImage.buttonRight\"\n\t\t\tdata-wp-style--top=\"state.thisImage.buttonTop\"\n\t\t>\n\t\t\t<svg xmlns=\"http:\/\/www.w3.org\/2000\/svg\" width=\"12\" height=\"12\" fill=\"none\" viewBox=\"0 0 12 12\">\n\t\t\t\t<path fill=\"#fff\" d=\"M2 0a2 2 0 0 0-2 2v2h1.5V2a.5.5 0 0 1 .5-.5h2V0H2Zm2 10.5H2a.5.5 0 0 1-.5-.5V8H0v2a2 2 0 0 0 2 2h2v-1.5ZM8 12v-1.5h2a.5.5 0 0 0 .5-.5V8H12v2a2 2 0 0 1-2 2H8Zm2-12a2 2 0 0 1 2 2v2h-1.5V2a.5.5 0 0 0-.5-.5H8V0h2Z\" \/>\n\t\t\t<\/svg>\n\t\t<\/button><figcaption class=\"wp-element-caption\">Portul \u0219i castelul din Kyrenia (Foto: A.Savin \/ Wikimedia Commons, FAL)<\/figcaption><\/figure>\n\n\n\n<p class=\"wp-block-paragraph\">Deoarece acest monument istoric se afl\u0103 \u00een Ciprul de Nord, trebuie s\u0103 porne\u0219ti spre el prin punctul oficial de trecere, cu un pa\u0219aport valabil \u00een m\u00e2n\u0103. Atrag aten\u021bia asupra unui lucru foarte important: \u00een nord po\u021bi merge <strong>cu o ma\u0219in\u0103 \u00eenchiriat\u0103 din sud doar cu acordul explicit al companiei de \u00eenchirieri<\/strong> \u0219i cu obliga\u021bia de a-\u021bi cump\u0103ra chiar la grani\u021b\u0103 o asigurare turceasc\u0103 temporar\u0103. Dac\u0103, dimpotriv\u0103, ai \u00eenchiria naiv o ma\u0219in\u0103 \u00een nord, nu ai voie deloc s\u0103 intri cu ea \u00een partea de sud, ceea ce este, potrivit localnicilor, cea mai frecvent\u0103 belea a turi\u0219tilor neinforma\u021bi.<\/p>\n\n\n\n<h3 id=\"24_Famagusta_si_orasul_fantoma_Varosha\" class=\"wp-block-heading\"><span class=\"ez-toc-section\" id=\"24_Famagusta_si_orasul-fantoma_Varosha\"><\/span>24. Famagusta \u0219i ora\u0219ul-fantom\u0103 Varosha<span class=\"ez-toc-section-end\"><\/span><\/h3>\n\n\n\n<p class=\"wp-block-paragraph\">Famagusta \u0219i pustia sta\u021biune-fantom\u0103 Varosha reprezint\u0103 una dintre cele mai puternice \u0219i mai bizare experien\u021be pe care le po\u021bi tr\u0103i \u00een timpul c\u0103l\u0103toriei tale prin partea de nord a insulei. \u00cen centrul istoric al Famagustei te va surprinde cu siguran\u021b\u0103 o imens\u0103 catedral\u0103 gotic\u0103 transformat\u0103 \u00een moschee prin ad\u0103ugarea unui minaret suplu \u0219i ni\u0219te ziduri antice masive. Chiar al\u0103turi se afl\u0103 \u00eens\u0103 cartierul Varosha, care a fost c\u00e2ndva o sta\u021biune de lux a vedetelor de film \u0219i care este <strong>complet p\u0103r\u0103sit\u0103 din r\u0103zboiul din 1974<\/strong> \u0219i se ruineaz\u0103 \u00een spatele s\u00e2rmei ghimpate.<\/p>\n\n\n\n<figure data-wp-context=\"{&quot;imageId&quot;:&quot;6a9944e533ec8&quot;}\" data-wp-interactive=\"core\/image\" data-wp-key=\"6a9944e533ec8\" class=\"wp-block-image size-full wp-lightbox-container\"><img decoding=\"async\" width=\"1500\" height=\"999\" data-wp-class--hide=\"state.isContentHidden\" data-wp-class--show=\"state.isContentVisible\" data-wp-init=\"callbacks.setButtonStyles\" data-wp-on--click=\"actions.showLightbox\" data-wp-on--load=\"callbacks.setButtonStyles\" data-wp-on--pointerdown=\"actions.preloadImage\" data-wp-on--pointerenter=\"actions.preloadImageWithDelay\" data-wp-on--pointerleave=\"actions.cancelPreload\" data-wp-on-window--resize=\"callbacks.setButtonStyles\" src=\"https:\/\/loudavymkrokem.cz\/wp-content\/uploads\/2026\/08\/dovolena-kypr-t24.jpg\" alt=\"Catedrala gotic\u0103 din Famagusta\" class=\"wp-image-399923\" title=\"\" srcset=\"https:\/\/loudavymkrokem.cz\/wp-content\/uploads\/2026\/08\/dovolena-kypr-t24.jpg 1500w, https:\/\/loudavymkrokem.cz\/wp-content\/uploads\/2026\/08\/dovolena-kypr-t24-300x200.jpg 300w, https:\/\/loudavymkrokem.cz\/wp-content\/uploads\/2026\/08\/dovolena-kypr-t24-700x466.jpg 700w, https:\/\/loudavymkrokem.cz\/wp-content\/uploads\/2026\/08\/dovolena-kypr-t24-768x511.jpg 768w, https:\/\/loudavymkrokem.cz\/wp-content\/uploads\/2026\/08\/dovolena-kypr-t24-696x464.jpg 696w, https:\/\/loudavymkrokem.cz\/wp-content\/uploads\/2026\/08\/dovolena-kypr-t24-1392x927.jpg 1392w\" sizes=\"(max-width: 1500px) 100vw, 1500px\" \/><button\n\t\t\tclass=\"lightbox-trigger\"\n\t\t\ttype=\"button\"\n\t\t\taria-haspopup=\"dialog\"\n\t\t\tdata-wp-bind--aria-label=\"state.thisImage.triggerButtonAriaLabel\"\n\t\t\tdata-wp-init=\"callbacks.initTriggerButton\"\n\t\t\tdata-wp-on--click=\"actions.showLightbox\"\n\t\t\tdata-wp-style--right=\"state.thisImage.buttonRight\"\n\t\t\tdata-wp-style--top=\"state.thisImage.buttonTop\"\n\t\t>\n\t\t\t<svg xmlns=\"http:\/\/www.w3.org\/2000\/svg\" width=\"12\" height=\"12\" fill=\"none\" viewBox=\"0 0 12 12\">\n\t\t\t\t<path fill=\"#fff\" d=\"M2 0a2 2 0 0 0-2 2v2h1.5V2a.5.5 0 0 1 .5-.5h2V0H2Zm2 10.5H2a.5.5 0 0 1-.5-.5V8H0v2a2 2 0 0 0 2 2h2v-1.5ZM8 12v-1.5h2a.5.5 0 0 0 .5-.5V8H12v2a2 2 0 0 1-2 2H8Zm2-12a2 2 0 0 1 2 2v2h-1.5V2a.5.5 0 0 0-.5-.5H8V0h2Z\" \/>\n\t\t\t<\/svg>\n\t\t<\/button><figcaption class=\"wp-element-caption\">Catedrala gotic\u0103 din Famagusta (Foto: A.Savin \/ Wikimedia Commons, FAL)<\/figcaption><\/figure>\n\n\n\n<p class=\"wp-block-paragraph\">Aceast\u0103 a\u0219a-numit\u0103 zon\u0103 a fantomelor s-a deschis recent par\u021bial vizitatorilor, a\u0219a c\u0103 te po\u021bi plimba pe drumurile asfaltate chiar printre hotelurile care se pr\u0103bu\u0219esc \u0219i vilele n\u0103p\u0103dite de vegeta\u021bie. La fel ca \u00een cazul Kyreniei, trebuie s\u0103 treci prin punctul oficial de trecere, a\u0219a c\u0103 <strong>nu uita pa\u0219aportul \u0219i fii foarte atent la asigurare<\/strong> pentru ma\u0219ina ta \u00eenchiriat\u0103. Euro se accept\u0103 aici, ce-i drept, \u00een multe locuri turistice, dar oficial se pl\u0103te\u0219te cu lira turceasc\u0103, a\u0219a c\u0103 preg\u0103te\u0219te-te bine pentru asta c\u00e2nd mergi \u00een excursie peste grani\u021b\u0103.<\/p>\n\n\n\n<h2 id=\"Unde_sa_te_cazezi_in_Cipru_ce_zona_ti_se_potriveste\" class=\"wp-block-heading\"><span class=\"ez-toc-section\" id=\"Unde_sa_te_cazezi_in_Cipru_ce_zona_ti_se_potriveste\"><\/span>Unde s\u0103 te cazezi \u00een Cipru: ce zon\u0103 \u021bi se potrive\u0219te<span class=\"ez-toc-section-end\"><\/span><\/h2>\n\n\n\n<p class=\"wp-block-paragraph\">Alegerea bazei potrivite este absolut esen\u021bial\u0103 pentru ca vacan\u021ba ta \u00een Cipru s\u0103 ias\u0103 pe cinste. Insula este destul de mare, iar fiecare coast\u0103 ofer\u0103 o atmosfer\u0103 complet diferit\u0103, a\u0219a c\u0103 merit\u0103 s\u0103 te g\u00e2nde\u0219ti pu\u021bin la ce anume a\u0219tep\u021bi de la drum. \u00cen timp ce partea de vest atrage cu istorie \u0219i golfuri ceva mai lini\u0219tite, estul insulei pulseaz\u0103 de via\u021b\u0103 de noapte \u0219i se m\u00e2ndre\u0219te cu cele mai cunoscute plaje cu nisip alb.<\/p>\n\n\n\n<p class=\"wp-block-paragraph\"><strong>Majoritatea c\u0103l\u0103torilor recomand\u0103 s\u0103 alegi un singur loc strategic<\/strong>, din care po\u021bi apoi \u00eentreprinde excursii, sau eventual s\u0103-\u021bi \u00eempar\u021bi sejurul \u00een dou\u0103 jum\u0103t\u0103\u021bi. Deplas\u0103rile prin toat\u0103 insula te-ar priva inutil de timpul pe care altfel l-ai putea petrece cu un pahar de vin \u00eentr-o tavern\u0103 ascuns\u0103.<\/p>\n\n\n\n<p class=\"wp-block-paragraph\">\ud83d\udca1 <strong>Pont:<\/strong> \u00cenainte s\u0103 te decizi asupra unui hotel anume, parcurge <a href=\"https:\/\/www.stay22.com\/allez\/roam?aid=lukaskonecny&amp;campaign=loudavymkrokemcz&amp;campaign=dovolena-kypr&amp;address=Kypr\" target=\"_blank\" rel=\"nofollow noopener sponsored\">oferta actual\u0103 de cazare \u00een Cipru<\/a> \u0219i filtreaz\u0103 dup\u0103 anularea gratuit\u0103. \u00cen Cipru, pre\u021burile dintre sezonul de v\u00e2rf \u0219i cel secundar difer\u0103 chiar \u0219i cu jum\u0103tate.<\/p>\n\n\n\n<h3 id=\"Prezentarea_zonelor\" class=\"wp-block-heading\"><span class=\"ez-toc-section\" id=\"Prezentarea_zonelor\"><\/span>Prezentarea zonelor<span class=\"ez-toc-section-end\"><\/span><\/h3>\n\n\n\n<ul class=\"wp-block-list\">\n<li><strong>Paphos<\/strong> trece drept alegerea ideal\u0103 pentru cupluri \u0219i pentru iubitorii de vizitare, pentru c\u0103 aici g\u0103se\u0219ti incredibile monumente arheologice UNESCO \u0219i domne\u0219te o atmosfer\u0103 ceva mai lini\u0219tit\u0103.<\/li>\n\n\n\n<li><strong>Coral Bay<\/strong> se afl\u0103 la o bucat\u0103 de Paphos \u0219i ofer\u0103 o plaj\u0103 frumoas\u0103 cu nisip, ceea ce o face o atrac\u021bie uria\u0219\u0103 mai ales pentru familiile cu copii mici.<\/li>\n\n\n\n<li><strong>Limassol<\/strong> este cel mai mare ora\u0219 al sudului, cu o falez\u0103 minunat\u0103 \u0219i o mul\u021bime de restaurante, unde via\u021ba fervor\u0103 tot anul, dar trebuie s\u0103 te a\u0219tep\u021bi c\u0103 este o zon\u0103 mai scump\u0103.<\/li>\n\n\n\n<li><strong>Ayia Napa din Cipru<\/strong> se laud\u0103 cu cele mai bune plaje \u0219i cu o via\u021b\u0103 de noapte tumultuoas\u0103, a\u0219a c\u0103 aici, \u00een plin sezon de var\u0103, este destul de g\u0103l\u0103gios \u0219i foarte animat.<\/li>\n\n\n\n<li><strong>Protaras<\/strong> se afl\u0103 la o bucat\u0103 de Ayia Napa, dar ofer\u0103 o lini\u0219te de familie mult mai mare \u0219i g\u0103se\u0219ti aici celebrul golf Fig Tree Bay, cu ap\u0103 frumos de pu\u021bin ad\u00e2nc\u0103.<\/li>\n\n\n\n<li><strong>Larnaca<\/strong> este o baz\u0103 excelent\u0103 pentru excursii, aici se afl\u0103 aeroportul interna\u021bional \u0219i celebrul Lac S\u0103rat \u0219i, \u00een general, iese ca cea mai ieftin\u0103 variant\u0103 pentru cazare.<\/li>\n<\/ul>\n\n\n\n<h3 id=\"Ponturi_concrete_de_cazare\" class=\"wp-block-heading\"><span class=\"ez-toc-section\" id=\"Ponturi_concrete_de_cazare\"><\/span>Ponturi concrete de cazare<span class=\"ez-toc-section-end\"><\/span><\/h3>\n\n\n\n<ul class=\"wp-block-list\">\n<li><strong><a href=\"https:\/\/www.stay22.com\/allez\/roam?aid=lukaskonecny&amp;campaign=loudavymkrokemcz&amp;campaign=dovolena-kypr&amp;hotelname=Almyra%20Hotel&amp;address=Paphos%2C%20Kypr\" target=\"_blank\" rel=\"noopener nofollow sponsored\">Almyra Hotel<\/a><\/strong> (Paphos): Un hotel de design frumos, chiar la malul m\u0103rii, foarte \u00eendr\u0103git de cuplurile care caut\u0103 romantism \u0219i servicii de top.<\/li>\n\n\n\n<li><strong><a href=\"https:\/\/www.stay22.com\/allez\/roam?aid=lukaskonecny&amp;campaign=loudavymkrokemcz&amp;campaign=dovolena-kypr&amp;hotelname=Elysium%20Hotel&amp;address=Paphos%2C%20Kypr\" target=\"_blank\" rel=\"noopener nofollow sponsored\">Elysium Hotel<\/a><\/strong> (Paphos): Un resort de lux construit chiar l\u00e2ng\u0103 Mormintele Regilor, unde te vei sim\u021bi ca \u00eentr-un adev\u0103rat palat.<\/li>\n\n\n\n<li><strong><a href=\"https:\/\/www.stay22.com\/allez\/roam?aid=lukaskonecny&amp;campaign=loudavymkrokemcz&amp;campaign=dovolena-kypr&amp;hotelname=Olympic%20Lagoon%20Resort%20Paphos&amp;address=Paphos%2C%20Kypr\" target=\"_blank\" rel=\"noopener nofollow sponsored\">Olympic Lagoon Resort Paphos<\/a><\/strong> (Paphos): Un complex uria\u0219 cu program all inclusive, pe care c\u0103l\u0103torii \u00eel evalueaz\u0103 ca absolut perfect pentru familiile cu copii.<\/li>\n\n\n\n<li><strong><a href=\"https:\/\/www.stay22.com\/allez\/roam?aid=lukaskonecny&amp;campaign=loudavymkrokemcz&amp;campaign=dovolena-kypr&amp;hotelname=Nissiblu%20Beach%20Resort&amp;address=Ayia%20Napa%2C%20Kypr\" target=\"_blank\" rel=\"noopener nofollow sponsored\">Nissiblu Beach Resort<\/a><\/strong> (Ayia Napa): Un giuvaier modern de cinci stele, situat chiar l\u00e2ng\u0103 celebra plaj\u0103 Nissi Beach, a\u0219a c\u0103 p\u00e2n\u0103 la ap\u0103 ai literalmente c\u00e2\u021biva pa\u0219i.<\/li>\n\n\n\n<li><strong><a href=\"https:\/\/www.stay22.com\/allez\/roam?aid=lukaskonecny&amp;campaign=loudavymkrokemcz&amp;campaign=dovolena-kypr&amp;hotelname=Adams%20Beach%20Hotel%20%26%20Spa&amp;address=Ayia%20Napa%2C%20Kypr\" target=\"_blank\" rel=\"noopener nofollow sponsored\">Adams Beach Hotel &amp; Spa<\/a><\/strong> (Ayia Napa): Un resort foarte \u00eentins, cu plaj\u0103 privat\u0103 proprie, unde te ascunzi de minune de mul\u021bimile de var\u0103.<\/li>\n\n\n\n<li><strong><a href=\"https:\/\/www.stay22.com\/allez\/roam?aid=lukaskonecny&amp;campaign=loudavymkrokemcz&amp;campaign=dovolena-kypr&amp;hotelname=Parklane%2C%20a%20Luxury%20Collection%20Resort%20%26%20Spa&amp;address=Limassol%2C%20Kypr\" target=\"_blank\" rel=\"noopener nofollow sponsored\">Parklane, a Luxury Collection Resort &amp; Spa<\/a><\/strong> (Limassol): Un resort de top \u0219i foarte elegant, cu o lagun\u0103 minunat\u0103, care mul\u021bume\u0219te \u0219i cei mai preten\u021bio\u0219i oaspe\u021bi.<\/li>\n<\/ul>\n\n\n\n<h2 id=\"Ce_sa_mananci_in_Cipru_rai_pentru_vegetarieni\" class=\"wp-block-heading\"><span class=\"ez-toc-section\" id=\"Ce_sa_mananci_in_Cipru_rai_pentru_vegetarieni\"><\/span>Ce s\u0103 m\u0103n\u00e2nci \u00een Cipru: rai pentru vegetarieni<span class=\"ez-toc-section-end\"><\/span><\/h2>\n\n\n\n<p class=\"wp-block-paragraph\">Buc\u0103t\u0103ria cipriot\u0103 \u00eembin\u0103 cu u\u0219urin\u021b\u0103 cele mai bune influen\u021be grece\u0219ti \u0219i din Orientul Apropiat, a\u0219a c\u0103 \u00een farfurie prime\u0219ti mereu mult soare \u0219i ierburi proaspete. <strong>Un avantaj uria\u0219 este accentul mare pus pe legumele \u0219i br\u00e2nzeturile locale<\/strong>, ceea ce face din insul\u0103 o destina\u021bie absolut fantastic\u0103 pentru to\u021bi cei care nu m\u0103n\u00e2nc\u0103 carne. Bine\u00een\u021beles, insula este renumit\u0103 \u0219i pentru specialit\u0103\u021bile din carne, precum mielul kleftiko copt lent sau tradi\u021bionalii c\u00e2rn\u0103ciori sheftalia, care se spune c\u0103 \u00eembie la fiecare col\u021b, dar noi ne concentr\u0103m pe ce \u00eei bucur\u0103 pe vegetarieni.<\/p>\n\n\n\n<figure data-wp-context=\"{&quot;imageId&quot;:&quot;6a9944e534ff2&quot;}\" data-wp-interactive=\"core\/image\" data-wp-key=\"6a9944e534ff2\" class=\"wp-block-image size-full wp-lightbox-container\"><img decoding=\"async\" width=\"1500\" height=\"1125\" data-wp-class--hide=\"state.isContentHidden\" data-wp-class--show=\"state.isContentVisible\" data-wp-init=\"callbacks.setButtonStyles\" data-wp-on--click=\"actions.showLightbox\" data-wp-on--load=\"callbacks.setButtonStyles\" data-wp-on--pointerdown=\"actions.preloadImage\" data-wp-on--pointerenter=\"actions.preloadImageWithDelay\" data-wp-on--pointerleave=\"actions.cancelPreload\" data-wp-on-window--resize=\"callbacks.setButtonStyles\" src=\"https:\/\/loudavymkrokem.cz\/wp-content\/uploads\/2026\/08\/dovolena-kypr-food.jpg\" alt=\"Halloumi, br\u00e2nza care provine din Cipru\" class=\"wp-image-399930\" title=\"\" srcset=\"https:\/\/loudavymkrokem.cz\/wp-content\/uploads\/2026\/08\/dovolena-kypr-food.jpg 1500w, https:\/\/loudavymkrokem.cz\/wp-content\/uploads\/2026\/08\/dovolena-kypr-food-300x225.jpg 300w, https:\/\/loudavymkrokem.cz\/wp-content\/uploads\/2026\/08\/dovolena-kypr-food-700x525.jpg 700w, https:\/\/loudavymkrokem.cz\/wp-content\/uploads\/2026\/08\/dovolena-kypr-food-768x576.jpg 768w, https:\/\/loudavymkrokem.cz\/wp-content\/uploads\/2026\/08\/dovolena-kypr-food-80x60.jpg 80w, https:\/\/loudavymkrokem.cz\/wp-content\/uploads\/2026\/08\/dovolena-kypr-food-160x120.jpg 160w, https:\/\/loudavymkrokem.cz\/wp-content\/uploads\/2026\/08\/dovolena-kypr-food-696x522.jpg 696w, https:\/\/loudavymkrokem.cz\/wp-content\/uploads\/2026\/08\/dovolena-kypr-food-1392x1044.jpg 1392w\" sizes=\"(max-width: 1500px) 100vw, 1500px\" \/><button\n\t\t\tclass=\"lightbox-trigger\"\n\t\t\ttype=\"button\"\n\t\t\taria-haspopup=\"dialog\"\n\t\t\tdata-wp-bind--aria-label=\"state.thisImage.triggerButtonAriaLabel\"\n\t\t\tdata-wp-init=\"callbacks.initTriggerButton\"\n\t\t\tdata-wp-on--click=\"actions.showLightbox\"\n\t\t\tdata-wp-style--right=\"state.thisImage.buttonRight\"\n\t\t\tdata-wp-style--top=\"state.thisImage.buttonTop\"\n\t\t>\n\t\t\t<svg xmlns=\"http:\/\/www.w3.org\/2000\/svg\" width=\"12\" height=\"12\" fill=\"none\" viewBox=\"0 0 12 12\">\n\t\t\t\t<path fill=\"#fff\" d=\"M2 0a2 2 0 0 0-2 2v2h1.5V2a.5.5 0 0 1 .5-.5h2V0H2Zm2 10.5H2a.5.5 0 0 1-.5-.5V8H0v2a2 2 0 0 0 2 2h2v-1.5ZM8 12v-1.5h2a.5.5 0 0 0 .5-.5V8H12v2a2 2 0 0 1-2 2H8Zm2-12a2 2 0 0 1 2 2v2h-1.5V2a.5.5 0 0 0-.5-.5H8V0h2Z\" \/>\n\t\t\t<\/svg>\n\t\t<\/button><figcaption class=\"wp-element-caption\">Halloumi, br\u00e2nza care provine din Cipru (Foto: Hmioannou \/ Wikimedia Commons, CC BY 3.0)<\/figcaption><\/figure>\n\n\n\n<p class=\"wp-block-paragraph\">La vizita tavernelor locale cu siguran\u021b\u0103 nu gre\u0219e\u0219ti dac\u0103 \u00eencerci diferite aperitive mici \u0219i le \u00eempar\u021bi cu prietenii la mas\u0103. <strong>Ospitalitatea este luat\u0103 aici foarte \u00een serios<\/strong>, a\u0219a c\u0103 por\u021biile sunt de obicei chiar generoase \u0219i adesea prime\u0219ti pe deasupra \u0219i o mic\u0103 aten\u021bie din partea casei.<\/p>\n\n\n\n<ul class=\"wp-block-list\">\n<li><strong>halloumi<\/strong>: Aceast\u0103 faimoas\u0103 br\u00e2nz\u0103 din lapte de oaie \u0219i de capr\u0103 provine chiar din Cipru, se face frumos la gr\u0103tar, nu se tope\u0219te deloc \u0219i are un gust divin.<\/li>\n\n\n\n<li><strong>meze<\/strong>: Un osp\u0103\u021b tradi\u021bional alc\u0103tuit din dou\u0103zeci sau mai multe farfurioare, iar multe taverne ofer\u0103 \u0219i meze complet vegetariene, pline de dipuri \u0219i br\u00e2nzeturi.<\/li>\n\n\n\n<li><strong>kolokotes<\/strong>: Pl\u0103cin\u021bele tradi\u021bionale \u0219i pur vegetariene, care se umplu cu dovleac dulce, stafide \u0219i gr\u00e2u, ceea ce creeaz\u0103 o combina\u021bie de gusturi foarte interesant\u0103.<\/li>\n\n\n\n<li><strong>louvi<\/strong>: Un fel de m\u00e2ncare s\u0103n\u0103tos \u0219i consistent din fasole cu ochi negru fiart\u0103 cu verde\u021buri proaspete, care se strope\u0219te din bel\u0219ug cu l\u0103m\u00e2ie \u0219i ulei de m\u0103sline.<\/li>\n\n\n\n<li><strong>gemista<\/strong>: Legume coapte la moale, umplute cu orez \u0219i ierburi, cel mai adesea ro\u0219ii mari, ardei sau dovlecei.<\/li>\n\n\n\n<li><strong>kolokythokeftedes<\/strong>: Chiftele delicioase din dovlecel pr\u0103jit, cu br\u00e2nz\u0103 feta \u0219i ment\u0103 proasp\u0103t\u0103, care merg de minune cu un dip de iaurt.<\/li>\n\n\n\n<li><strong>anari cu sirop de ro\u0219cove<\/strong>: O br\u00e2nz\u0103 proasp\u0103t\u0103 de zer, cu gust fin, care se toarn\u0103 cu sirop de ro\u0219cove \u0219i se serve\u0219te ca desert u\u0219or tipic.<\/li>\n\n\n\n<li><strong>Commandaria<\/strong>: Un vin dulce de desert de culoare chihlimbarie, despre care se spune cu pl\u0103cere c\u0103 este cel mai vechi vin produs ne\u00eentrerupt din toat\u0103 lumea.<\/li>\n<\/ul>\n\n\n\n<p class=\"wp-block-paragraph\">\ud83d\udca1 PONT: Dac\u0103 \u00ee\u021bi comanzi la restaurant meze vegetariene, se aduc \u00eentotdeauna pentru toat\u0103 masa \u0219i sunt \u00eentr-o cantitate absolut uria\u0219\u0103. Cu siguran\u021b\u0103 nu-\u021bi mai comanda \u0219i un fel principal, pentru c\u0103 garantat nu l-ai putea m\u00e2nca. \ud83d\ude05<\/p>\n\n\n\n<h2 id=\"Transportul_in_Cipru_masina_autobuze_si_trecerea_in_nord\" class=\"wp-block-heading\"><span class=\"ez-toc-section\" id=\"Transportul_in_Cipru_masina_autobuze_si_trecerea_in_nord\"><\/span>Transportul \u00een Cipru: ma\u0219in\u0103, autobuze \u0219i trecerea \u00een nord<span class=\"ez-toc-section-end\"><\/span><\/h2>\n\n\n\n<p class=\"wp-block-paragraph\">Deplasarea pe insul\u0103 are particularit\u0103\u021bile ei \u0219i e bine s\u0103 te preg\u0103te\u0219ti din timp pentru ele, ca s\u0103 nu fii surprins inutil la fa\u021ba locului. <strong>Cea mai mare capcan\u0103 pentru noi este de obicei condusul<\/strong>, pentru c\u0103 Ciprul \u0219i-a p\u0103strat din vremea domina\u021biei britanice o mul\u021bime de obiceiuri care se reflect\u0103 \u00een via\u021ba de zi cu zi. Imediat dup\u0103 aterizare vei descoperi \u0219i c\u0103 pentru electronice vei avea nevoie de un adaptor, fiindc\u0103 aici func\u021bioneaz\u0103 clasicele prize britanice cu trei picioare de tip G.<\/p>\n\n\n\n<h3 id=\"Se_conduce_pe_stanga\" class=\"wp-block-heading\"><span class=\"ez-toc-section\" id=\"Se_conduce_pe_stanga\"><\/span>Se conduce pe st\u00e2nga<span class=\"ez-toc-section-end\"><\/span><\/h3>\n\n\n\n<p class=\"wp-block-paragraph\">Ca mo\u0219tenire de la britanici, pe toat\u0103 insula se conduce strict pe st\u00e2nga, lucru cu care trebuie s\u0103 te a\u0219tep\u021bi \u00eenc\u0103 de la preluarea ma\u0219inii de la firma de \u00eenchirieri. Toate ma\u0219inile au volanul pe partea dreapt\u0103, iar schimb\u0103torul de viteze \u00eel vei manevra cu m\u00e2na st\u00e2ng\u0103, a\u0219a c\u0103 adesea c\u0103l\u0103torii recomand\u0103 s\u0103 pl\u0103te\u0219ti \u00een plus pentru o cutie automat\u0103, ceea ce \u00ee\u021bi economise\u0219te mult stres. <strong>Acord\u0103 o aten\u021bie deosebit\u0103 sensurilor giratorii<\/strong>, pe care se circul\u0103 \u00een sensul acelor de ceasornic, ceea ce creierul \u00een\u021belege la \u00eenceput cam greu.<\/p>\n\n\n\n<h3 id=\"Autobuze_versus_masina_inchiriata\" class=\"wp-block-heading\"><span class=\"ez-toc-section\" id=\"Autobuze_versus_masina_inchiriata\"><\/span>Autobuze versus ma\u0219in\u0103 \u00eenchiriat\u0103<span class=\"ez-toc-section-end\"><\/span><\/h3>\n\n\n\n<p class=\"wp-block-paragraph\">Autobuzele interurbane func\u021bioneaz\u0103 \u00een sudul insulei destul de fiabil \u0219i relativ ieftin, iar cu ele conectezi toate ora\u0219ele mari de-a lungul coastei. Dar dac\u0103 pl\u0103nuie\u0219ti s\u0103 porne\u0219ti \u00een r\u0103coro\u0219ii mun\u021bi Troodos, pe s\u0103lbatica peninsul\u0103 Akamas sau la punctele de plecare ale celor mai bune drume\u021bii, <strong>ajungi acolo realist doar cu ma\u0219ina \u00eenchiriat\u0103<\/strong>. Transportul public spre locurile mai izolate fie nu circul\u0103 deloc, fie doar o dat\u0103 pe zi, a\u0219a c\u0103 f\u0103r\u0103 ma\u0219in\u0103 proprie pierzi cele mai frumoase peisaje naturale.<\/p>\n\n\n\n<h3 id=\"Cum_treci_Linia_Verde_in_nord\" class=\"wp-block-heading\"><span class=\"ez-toc-section\" id=\"Cum_treci_Linia_Verde_in_nord\"><\/span>Cum treci Linia Verde \u00een nord<span class=\"ez-toc-section-end\"><\/span><\/h3>\n\n\n\n<p class=\"wp-block-paragraph\">Insula este \u00eemp\u0103r\u021bit\u0103 din 1974 de o zon\u0103-tampon ONU \u00een Republica Cipru din sud \u0219i Ciprul de Nord, iar Nicosia func\u021bioneaz\u0103 ca ultima capital\u0103 divizat\u0103 a Europei. Aceast\u0103 Linie Verde se poate trece la punctele oficiale de trecere, dar <strong>ai \u00eentotdeauna nevoie asupra ta de un pa\u0219aport valabil<\/strong>, pentru c\u0103 o carte de identitate obi\u0219nuit\u0103 nu le este uneori suficient\u0103 func\u021bionarilor \u0219i te-ar putea \u00eentoarce. \u00cen nord se pl\u0103te\u0219te, de asemenea, cu lira turceasc\u0103 \u0219i, de\u0219i euro se accept\u0103 \u00een multe locuri, cursul este de obicei foarte dezavantajos.<\/p>\n\n\n\n<p class=\"wp-block-paragraph\">Cea mai mare belea a turi\u0219tilor apare la ma\u0219inile \u00eenchiriate, pentru c\u0103, cu o ma\u0219in\u0103 \u00eenchiriat\u0103 \u00een sud, po\u021bi merge \u00een nord doar cu acordul explicit al companiei tale de \u00eenchirieri. \u00cen plus, poli\u021ba ta din sud nu este \u00een niciun caz valabil\u0103 \u00een nord \u0219i <strong>trebuie s\u0103-\u021bi cumperi chiar la punctul de trecere o asigurare turceasc\u0103 temporar\u0103<\/strong>. Cu o ma\u0219in\u0103 \u00eenchiriat\u0103 \u00een nord nu ai voie apoi s\u0103 mergi deloc \u00een sud, la asta fii chiar foarte atent.<\/p>\n\n\n\n<h2 id=\"Cat_costa_o_vacanta_in_Cipru\" class=\"wp-block-heading\"><span class=\"ez-toc-section\" id=\"Cat_costa_o_vacanta_in_Cipru\"><\/span>C\u00e2t cost\u0103 o vacan\u021b\u0103 \u00een Cipru<span class=\"ez-toc-section-end\"><\/span><\/h2>\n\n\n\n<p class=\"wp-block-paragraph\">Bugetul de c\u0103l\u0103torie depinde mai ales de luna \u00een care decizi s\u0103 pleci, pentru c\u0103 \u00een iulie \u0219i august pre\u021burile caz\u0103rii urc\u0103 abrupt. <strong>Cipru este \u00een general mai scump dec\u00e2t Grecia continental\u0103<\/strong> \u0219i, ca pre\u021b, iese vizibil mai scump dec\u00e2t \u00eendr\u0103gita Bulgarie, \u00eens\u0103 \u00een afara sezonului de v\u00e2rf pre\u021burile \u0219tiu s\u0103 scad\u0103 pl\u0103cut. Toate serviciile din sud se pl\u0103tesc \u00een euro, iar \u00een zonele turistice te descurci f\u0103r\u0103 probleme cu cardul de plat\u0103.<\/p>\n\n\n\n<p class=\"wp-block-paragraph\">Mai jos \u00ee\u021bi dau o estimare orientativ\u0103 a costurilor pentru dou\u0103 persoane pe o s\u0103pt\u0103m\u00e2n\u0103, ca s\u0103-\u021bi faci o idee mai bun\u0103 asupra bugetului total. Ia sumele cu rezerv\u0103, pentru c\u0103 depinde mult de stilul t\u0103u de a c\u0103l\u0103tori.<\/p>\n\n\n\n<ul class=\"wp-block-list\">\n<li><strong>Bilete de avion:<\/strong> Din Bucure\u0219ti zboar\u0103 curse directe spre Larnaca \u0219i Paphos cam \u00een 3 ore \u0219i 20 de minute, iar un bilet dus-\u00eentors cost\u0103 de obicei 100 p\u00e2n\u0103 la 250 \u20ac (500 p\u00e2n\u0103 la 1250 lei) de persoan\u0103.<\/li>\n\n\n\n<li><strong>Cazare:<\/strong> Pentru o camer\u0103 decent\u0103 pentru dou\u0103 persoane pl\u0103te\u0219ti de la 60 \u20ac la 150 \u20ac pe noapte (300 p\u00e2n\u0103 la 750 lei), iar resorturile de lux cost\u0103 lejer de trei ori mai mult.<\/li>\n\n\n\n<li><strong>M\u00e2ncare:<\/strong> Un pr\u00e2nz sau o cin\u0103 \u00eentr-o tavern\u0103 obi\u0219nuit\u0103 iese la 15 p\u00e2n\u0103 la 25 \u20ac (75 p\u00e2n\u0103 la 125 lei) de persoan\u0103, a\u0219a c\u0103 \u00eentr-o s\u0103pt\u0103m\u00e2n\u0103 m\u0103n\u00e2nci \u00een jur de 350 p\u00e2n\u0103 la 500 \u20ac (1750 p\u00e2n\u0103 la 2500 lei).<\/li>\n\n\n\n<li><strong>\u00cenchirierea ma\u0219inii:<\/strong> O ma\u0219in\u0103 mic\u0103 cu asigurare cost\u0103 cam 30 p\u00e2n\u0103 la 50 \u20ac pe zi (150 p\u00e2n\u0103 la 250 lei), iar \u00eenchirierea pe o s\u0103pt\u0103m\u00e2n\u0103, cu benzin\u0103 cu tot, \u00eenghite \u00een jur de 300 \u20ac (1500 lei).<\/li>\n\n\n\n<li><strong>Intr\u0103ri \u0219i activit\u0103\u021bi:<\/strong> Taxa de intrare la parcurile arheologice este de obicei foarte mic\u0103, \u00een general 4 p\u00e2n\u0103 la 5 \u20ac (20 p\u00e2n\u0103 la 25 lei), a\u0219a c\u0103 pentru o s\u0103pt\u0103m\u00e2n\u0103 \u00ee\u021bi ajunge un buget de aproximativ 40 \u20ac (200 lei).<\/li>\n<\/ul>\n\n\n\n<p class=\"wp-block-paragraph\">\ud83d\udca1 PONT: Dac\u0103 vrei s\u0103 economise\u0219ti o parte \u00eensemnat\u0103 din buget chiar de la \u00eenceput, arunc\u0103 un ochi pe ghidul nostru detaliat despre <a href=\"https:\/\/loudavymkrokem.cz\/ro\/bilete-avion-ieftine\/\">cum s\u0103 prinzi bilete de avion ieftine<\/a>, unde g\u0103se\u0219ti o mul\u021bime de sfaturi utile.<\/p>\n\n\n\n<h2 id=\"La_ce_sa_fii_atent_in_Cipru\" class=\"wp-block-heading\"><span class=\"ez-toc-section\" id=\"La_ce_sa_fii_atent_in_Cipru\"><\/span>La ce s\u0103 fii atent \u00een Cipru<span class=\"ez-toc-section-end\"><\/span><\/h2>\n\n\n\n<p class=\"wp-block-paragraph\">Fiecare \u021bar\u0103 are micile ei capcane \u0219i e mai bine s\u0103 \u0219tii de ele din timp dec\u00e2t s\u0103-\u021bi la\u0219i zilele de odihn\u0103 meritate stricate de ele. <strong>Cele mai mari riscuri nu izvor\u0103sc aici din criminalitate<\/strong>, pentru c\u0103 insula se num\u0103r\u0103 printre cele mai sigure locuri, ci mai degrab\u0103 din regulile locale \u0219i din clima necru\u021b\u0103toare. Limbile oficiale sunt greaca \u0219i turca, dar datorit\u0103 istoriei britanice puternice te descurci aici \u00een englez\u0103 c\u00e2t se poate de firesc \u0219i peste tot.<\/p>\n\n\n\n<ul class=\"wp-block-list\">\n<li><strong>Circula\u021bia pe st\u00e2nga:<\/strong> Creierul uit\u0103 uneori c\u0103 conduci pe st\u00e2nga, a\u0219a c\u0103 merit\u0103 o pruden\u021b\u0103 maxim\u0103 mai ales la intrarea \u00een sensurile giratorii \u0219i la traversarea str\u0103zii.<\/li>\n\n\n\n<li><strong>Asigurarea \u0219i ma\u0219ina \u00een nord:<\/strong> Nu merge niciodat\u0103 cu ma\u0219ina \u00eenchiriat\u0103 \u00een nord f\u0103r\u0103 acordul companiei de \u00eenchirieri \u0219i cump\u0103r\u0103-\u021bi \u00eentotdeauna la grani\u021b\u0103 asigurarea turceasc\u0103, altfel, la un accident, pl\u0103te\u0219ti totul din buzunarul t\u0103u.<\/li>\n\n\n\n<li><strong>Pa\u0219aportul pentru trecerea Liniei Verzi:<\/strong> Pentru a vizita partea de nord a insulei ai nevoie de pa\u0219aport, cartea de identitate singur\u0103 deseori nu ajunge, iar vame\u0219ii te \u00eentorc din drum la punctul de control.<\/li>\n\n\n\n<li><strong>C\u0103ldura extrem\u0103 vara:<\/strong> \u00cen iulie \u0219i august domnesc temperaturi cu adev\u0103rat dogoritoare, de exemplu Larnaca are de obicei o medie de 33,4 \u00b0C, ceea ce pentru firile mai sensibile poate fi insuportabil.<\/li>\n\n\n\n<li><strong>Soarele puternic la monumente:<\/strong> Siturile arheologice precum Paphos sau Kourion nu au aproape deloc umbr\u0103, de aceea porne\u0219te acolo chiar diminea\u021ba devreme, cu o mare rezerv\u0103 de ap\u0103 \u0219i cu o p\u0103l\u0103rie.<\/li>\n\n\n\n<li><strong>Meduze \u0219i arici-de-mare:<\/strong> \u00cen jurul ie\u0219indurilor st\u00e2ncoase dai uneori peste arici-de-mare, a\u0219a c\u0103 pantofii de ap\u0103 cu siguran\u021b\u0103 prind bine, iar vara pot ap\u0103rea, \u00een mod excep\u021bional, meduze pe l\u00e2ng\u0103 coast\u0103.<\/li>\n\n\n\n<li><strong>\u00cenchiderea cheilor Avakas:<\/strong> Dac\u0103 plou\u0103, \u00eendr\u0103gitele chei Avakas sunt de obicei \u00eenchise necru\u021b\u0103tor pentru to\u021bi turi\u0219tii, din cauza riscului de c\u0103deri de pietre \u0219i a viiturilor.<\/li>\n<\/ul>\n\n\n\n<h2 id=\"Cipru_cu_copii\" class=\"wp-block-heading\"><span class=\"ez-toc-section\" id=\"Cipru_cu_copii\"><\/span>Cipru cu copii<span class=\"ez-toc-section-end\"><\/span><\/h2>\n\n\n\n<p class=\"wp-block-paragraph\">Localnicii ador\u0103 pur \u0219i simplu familiile cu copii \u0219i \u00een restaurante nu se vor uita niciodat\u0103 cu ochi r\u0103i la tine c\u00e2nd odorul t\u0103u tocmai nu are ziua lui bun\u0103. <strong>Insula ofer\u0103 o infrastructur\u0103 excelent\u0103 pentru micii c\u0103l\u0103tori<\/strong>, de la resorturi sigure p\u00e2n\u0103 la atrac\u021bii interesante la care se distreaz\u0103 toat\u0103 familia. Datorit\u0103 faptului c\u0103 peste tot g\u0103se\u0219ti produse de baz\u0103 pentru copii \u0219i scutece, nu trebuie s\u0103 cari de acas\u0103 valize inutil de \u00eendesate.<\/p>\n\n\n\n<ul class=\"wp-block-list\">\n<li><strong>Fig Tree Bay \u0219i Nissi Beach:<\/strong> Aceste dou\u0103 plaje renumite au ap\u0103 minunat de pu\u021bin ad\u00e2nc\u0103 \u0219i nisip fin, a\u0219a c\u0103 aici copiii se pot juca \u00een siguran\u021b\u0103 ore \u00een \u0219ir.<\/li>\n\n\n\n<li><strong>WaterWorld din Ayia Napa:<\/strong> Imensul aquaparc cu motive din Grecia antic\u0103 se spune c\u0103 se num\u0103r\u0103 printre cele mai bune din Europa \u0219i \u00eei poate distra f\u0103r\u0103 probleme pe copiii mai mari \u0219i mai mici o zi \u00eentreag\u0103.<\/li>\n\n\n\n<li><strong>Broa\u0219tele-\u021bestoase marine din Lara Bay:<\/strong> \u00cen sezonul de eclozare, pe plaja semis\u0103lbatic\u0103 Lara Bay po\u021bi observa cu grij\u0103 cuiburile protejate de \u021bestoase, ceea ce este pentru copii o experien\u021b\u0103 uria\u0219\u0103.<\/li>\n\n\n\n<li><strong>Distan\u021be scurte \u0219i engleza:<\/strong> Copiii nu vor fi plictisi\u021bi de deplas\u0103rile lungi cu ma\u0219ina, iar o eventual\u0103 problem\u0103 la medic o rezolvi u\u0219or cu o englez\u0103 fluent\u0103.<\/li>\n\n\n\n<li><strong>Mun\u021bii Troodos ca evadare de c\u0103ldur\u0103:<\/strong> C\u00e2nd e prea cald la mare, \u00een mun\u021bii \u00eemp\u0103duri\u021bi este mereu cu c\u00e2teva grade mai r\u0103coare \u0219i g\u0103se\u0219ti acolo o mul\u021bime de plimb\u0103ri u\u0219oare.<\/li>\n<\/ul>\n\n\n\n<h2 id=\"Incotro_mai_departe_alte_ponturi_de_vacanta_la_mare\" class=\"wp-block-heading\"><span class=\"ez-toc-section\" id=\"Incotro_mai_departe_alte_ponturi_de_vacanta_la_mare\"><\/span>\u00cencotro mai departe: alte ponturi de vacan\u021b\u0103 la mare<span class=\"ez-toc-section-end\"><\/span><\/h2>\n\n\n\n<p class=\"wp-block-paragraph\">Dac\u0103 \u00eenc\u0103 nu \u0219tii bine unde s\u0103 pleci anul acesta \u0219i c\u00e2nt\u0103re\u0219ti mai multe op\u021biuni, am preg\u0103tit pentru tine o mul\u021bime de alte ghiduri. <strong>Marea Mediteran\u0103 ofer\u0103 nenum\u0103rate insule frumoase<\/strong>, a\u0219a c\u0103 sigur \u00ee\u021bi alegi bucata potrivit\u0103 de plaj\u0103 exact dup\u0103 gustul t\u0103u. Arunc\u0103 un ochi pe articolele noastre preferate, care te ajut\u0103 la planificare \u0219i \u00ee\u021bi economisesc ore de c\u0103utare pe internet.<\/p>\n\n\n\n<ul class=\"wp-block-list\">\n<li><a href=\"https:\/\/loudavymkrokem.cz\/ro\/vacanta-septembrie-idei\/\">Unde s\u0103 mergi \u00een vacan\u021b\u0103 \u00een septembrie<\/a><\/li>\n\n\n\n<li><a href=\"https:\/\/loudavymkrokem.cz\/ro\/cand-sa-mergi-grecia\/\">C\u00e2nd s\u0103 mergi \u00een Grecia<\/a><\/li>\n\n\n\n<li><a href=\"https:\/\/loudavymkrokem.cz\/ro\/insula-rodos-grecia-locuri\/\">Vacan\u021b\u0103 \u00een Rodos<\/a><\/li>\n\n\n\n<li><a href=\"https:\/\/loudavymkrokem.cz\/ro\/bilete-avion-ieftine\/\">Cum s\u0103 prinzi bilete de avion ieftine<\/a><\/li>\n\n\n\n<li><a href=\"https:\/\/loudavymkrokem.cz\/jak-vybrat-cestovni-pojisteni-na-dovolenou\/\">Asigurarea de c\u0103l\u0103torie<\/a><\/li>\n<\/ul>\n\n\n\n<h2 id=\"Intrebari_frecvente\" class=\"wp-block-heading\"><span class=\"ez-toc-section\" id=\"Intrebari_frecvente\"><\/span>\u00centreb\u0103ri frecvente<span class=\"ez-toc-section-end\"><\/span><\/h2>\n\n\n\n<p class=\"wp-block-paragraph\">Uneori, la planificarea unui drum, apar o mul\u021bime de mici \u00eentreb\u0103ri pe care trebuie s\u0103 le l\u0103mure\u0219ti rapid. De aceea am adunat cele mai frecvente lucruri pe care oamenii le \u00eentreab\u0103 \u00eenainte de plecare, ca s\u0103 ai toate informa\u021biile importante frumos la un loc \u0219i s\u0103 nu pierzi timp c\u0103ut\u00e2nd pe forumuri.<\/p>\n\n\n<div id=\"rank-math-faq\" class=\"rank-math-block\">\n<div class=\"rank-math-list \">\n<div id=\"faq-question-1787756940000\" class=\"rank-math-list-item\">\n<h3 class=\"rank-math-question \"><span class=\"ez-toc-section\" id=\"Cand_este_cel_mai_bun_moment_sa_vizitezi_Cipru\"><\/span>C\u00e2nd este cel mai bun moment s\u0103 vizitezi Cipru?<span class=\"ez-toc-section-end\"><\/span><\/h3>\n<div class=\"rank-math-answer \">\n\n<p>Perioada ideal\u0103 pentru a vizita insula este din aprilie p\u00e2n\u0103 \u00een iunie \u0219i apoi din septembrie p\u00e2n\u0103 \u00een noiembrie, c\u00e2nd evi\u021bi extremele cele mai mari ale verii. Conform statisticilor pe termen lung, \u00een august este \u00eentr-adev\u0103r o c\u0103ldur\u0103 sufocant\u0103, c\u00e2nd temperaturile medii urc\u0103 p\u00e2n\u0103 la 32,4 \u00b0C, ceea ce \u00eengreuneaz\u0103 foarte mult vizitarea obiectivelor turistice. \u00cen schimb, c\u0103l\u0103torii nu se pot opri din laudele pentru lunile de toamn\u0103, deoarece marea este frumos \u00eenc\u0103lzit\u0103 pe tot parcursul verii. Chiar \u0219i \u00een noiembrie apa are pl\u0103cute 24,5 \u00b0C, a\u0219a c\u0103 te po\u021bi \u00eenc\u0103lzi f\u0103r\u0103 probleme \u0219i te po\u021bi bucura de \u00eenot f\u0103r\u0103 mul\u021bimi.<\/p>\n\n<\/div>\n<\/div>\n<div id=\"faq-question-1787756940001\" class=\"rank-math-list-item\">\n<h3 class=\"rank-math-question \"><span class=\"ez-toc-section\" id=\"Cat_timp_aveti_nevoie_pentru_Cipru\"><\/span>C\u00e2t timp ave\u021bi nevoie pentru Cipru?<span class=\"ez-toc-section-end\"><\/span><\/h3>\n<div class=\"rank-math-answer \">\n\n<p>Dac\u0103 vrei s\u0103 te relaxezi doar \u00eentr-o singur\u0103 zon\u0103 \u0219i s\u0103 explorezi \u00eemprejurimile sale imediate, cinci zile vor fi mai mult dec\u00e2t suficiente. Pentru o vacan\u021b\u0103 clasic\u0103, c\u00e2nd pl\u0103nuie\u0219ti s\u0103 str\u0103ba\u021bi \u00eentregul sud al insulei de la Paphos p\u00e2n\u0103 la Ayia Napa, rezerv\u0103-\u021bi ideal o s\u0103pt\u0103m\u00e2n\u0103 \u00eentreag\u0103, ca s\u0103 nu te gr\u0103be\u0219ti inutil. C\u0103l\u0103torii care vor s\u0103 includ\u0103 \u0219i satele montane pitore\u0219ti din mun\u021bii Troodos \u0219i \u00een plus s\u0103 fac\u0103 o excursie \u00een partea de nord, aleg cel mai frecvent un itinerariu de zece zile. \u00cen zece zile po\u021bi s\u0103 absorbi atmosfera local\u0103 \u0219i s\u0103 vizitezi cele mai interesante monumente istorice \u00een deplin\u0103 lini\u0219te.<\/p>\n\n<\/div>\n<\/div>\n<div id=\"faq-question-1787756940002\" class=\"rank-math-list-item\">\n<h3 class=\"rank-math-question \"><span class=\"ez-toc-section\" id=\"Se_poate_face_baie_in_Cipru_in_octombrie_si_noiembrie\"><\/span>Se poate face baie \u00een Cipru \u00een octombrie \u0219i noiembrie?<span class=\"ez-toc-section-end\"><\/span><\/h3>\n<div class=\"rank-math-answer \">\n\n<p>Da, insula se m\u00e2ndre\u0219te probabil cu cel mai lung sezon de baie din \u00eentreaga Europ\u0103, iar \u00eenotul de toamn\u0103 este absolut fantastic aici. \u00cen octombrie marea are minunate 26,7 \u00b0C, ceea ce este mult mai pl\u0103cut pentru mul\u021bi oameni dec\u00e2t o cad\u0103 \u00eenc\u0103lzit\u0103 \u00een mijlocul verii. \u00cen noiembrie temperatura apei scade u\u0219or, dar se men\u021bine \u00een continuare la pl\u0103cute 24,5 \u00b0C, a\u0219a c\u0103 naturile mai rezistente se arunc\u0103 \u00een valuri cu mare bucurie. Aerul deja nu mai este at\u00e2t de fierbinte, dar soarele \u00eenc\u0103 \u00eenc\u0103lze\u0219te frumos \u0219i plajele str\u0103lucesc prin golul lor pl\u0103cut.<\/p>\n\n<\/div>\n<\/div>\n<div id=\"faq-question-1787756940003\" class=\"rank-math-list-item\">\n<h3 class=\"rank-math-question \"><span class=\"ez-toc-section\" id=\"Am_nevoie_de_masina_in_Cipru\"><\/span>Am nevoie de ma\u0219in\u0103 \u00een Cipru?<span class=\"ez-toc-section-end\"><\/span><\/h3>\n<div class=\"rank-math-answer \">\n\n<p>Depinde \u00een principal de tipul de vacan\u021b\u0103 pe care pl\u0103nuie\u0219ti s\u0103 o petreci. Dac\u0103 inten\u021bionezi s\u0103 r\u0103m\u00e2i doar pe coast\u0103 \u0219i s\u0103 te deplasezi ocazional \u00eentre ora\u0219ele mari, nu ai neap\u0103rat nevoie de ma\u0219in\u0103, deoarece autobuzele func\u021bioneaz\u0103 destul de bine. \u00cens\u0103 dac\u0103 vrei s\u0103 pleci \u00een mun\u021bii Troodos, s\u0103 explorezi pen\u00ednsula \u00eendep\u0103rtat\u0103 Akamas sau s\u0103 descoperi plaje izolate, nu te po\u021bi descurca f\u0103r\u0103 o ma\u0219in\u0103 \u00eenchiriat\u0103. Nu uita totu\u0219i c\u0103 aici se conduce strict pe st\u00e2nga, ceea ce poate fi la \u00eenceput o chestiune pu\u021bin stresant\u0103 pentru unii \u0219oferi.<\/p>\n\n<\/div>\n<\/div>\n<div id=\"faq-question-1787756940004\" class=\"rank-math-list-item\">\n<h3 class=\"rank-math-question \"><span class=\"ez-toc-section\" id=\"Pot_trece_de_la_sud_la_nordul_Ciprului\"><\/span>Pot trece de la sud la nordul Ciprului?<span class=\"ez-toc-section-end\"><\/span><\/h3>\n<div class=\"rank-math-answer \">\n\n<p>Trecerea Liniei Verzi este posibil\u0103 prin punctele oficiale de trecere a frontierei, dar ai nevoie \u00eentotdeauna de un pa\u0219aport valabil, deoarece cu cartea de identitate ai putea \u00eent\u00e2mpina probleme. Cu o ma\u0219in\u0103 \u00eenchiriat\u0103 \u00een sud po\u021bi trece \u00een nord doar cu consim\u021b\u0103m\u00e2ntul explicit al companiei tale de \u00eenchiriere \u0219i trebuie s\u0103 achizi\u021bionezi la frontier\u0103 o asigurare turceasc\u0103 temporar\u0103. \u00cen sens invers \u00eens\u0103 nu func\u021bioneaz\u0103 deloc, cu o ma\u0219in\u0103 \u00eenchiriat\u0103 \u00een nord nu ai voie sub nicio form\u0103 s\u0103 mergi \u00een sud, fii foarte atent la asta.<\/p>\n\n<\/div>\n<\/div>\n<div id=\"faq-question-1787756940005\" class=\"rank-math-list-item\">\n<h3 class=\"rank-math-question \"><span class=\"ez-toc-section\" id=\"Este_Cipru_scump\"><\/span>Este Cipru scump?<span class=\"ez-toc-section-end\"><\/span><\/h3>\n<div class=\"rank-math-answer \">\n\n<p>\u00cen general se poate spune c\u0103 insula este ceva mai scump\u0103 dec\u00e2t Grecia continental\u0103 \u0219i este semnificativ mai scump\u0103 dec\u00e2t Bulgaria popular\u0103. Principala cheltuial\u0103 din buget este de obicei cazarea \u00een timpul sezonului estival de v\u00e2rf, c\u00e2nd pre\u021burile hotelurilor urc\u0103 la cote astronomice, \u0219i chiria ma\u0219inii \u00eenghite de asemenea bani considerabili. Dac\u0103 \u00eens\u0103 pleci \u00een afara lunilor cele mai aglomerate, pre\u021burile caz\u0103rii scad pl\u0103cut \u0219i vacan\u021ba poate fi ob\u021binut\u0103 la pre\u021buri foarte rezonabile. M\u00e2ncarea \u00een taverne \u00ee\u0219i men\u021bine pre\u021burile mai mult sau mai pu\u021bin stabile \u0219i calitatea por\u021biilor merit\u0103 cu siguran\u021b\u0103 banii respectivi.<\/p>\n\n<\/div>\n<\/div>\n<div id=\"faq-question-1787756940006\" class=\"rank-math-list-item\">\n<h3 class=\"rank-math-question \"><span class=\"ez-toc-section\" id=\"Ce_mancare_exista_in_Cipru_pentru_vegetarieni\"><\/span>Ce m\u00e2ncare exist\u0103 \u00een Cipru pentru vegetarieni?<span class=\"ez-toc-section-end\"><\/span><\/h3>\n<div class=\"rank-math-answer \">\n\n<p>Buc\u0103t\u0103ria local\u0103 este absolut fantastic\u0103 pentru oamenii f\u0103r\u0103 carne \u0219i cu siguran\u021b\u0103 nu vei suferi de foame aici. Insula este patria renumitei br\u00e2nzeturi halloumi, care se g\u0103te\u0219te excelent la gr\u0103tar, \u0219i fiecare tavern\u0103 mai bun\u0103 \u00ee\u021bi va preg\u0103ti cu pl\u0103cere un meze vegetarian generos plin de sosuri \u0219i salate. Se spune c\u0103 ar trebui s\u0103 \u00eencerci \u0219i tradi\u021bionalele kolokotes umplute cu dovleac, m\u00e2ncarea consistent\u0103 louvi din maz\u0103re cu ochi negri sau populara gemistu, care este legum\u0103 umplut\u0103 cu orez. Oferta de m\u00e2nc\u0103ruri f\u0103r\u0103 carne este at\u00e2t de larg\u0103 \u00eenc\u00e2t nu vei \u0219ti ce s\u0103 alegi mai \u00eent\u00e2i de pe meniu.<\/p>\n\n<\/div>\n<\/div>\n<div id=\"faq-question-1787756940007\" class=\"rank-math-list-item\">\n<h3 class=\"rank-math-question \"><span class=\"ez-toc-section\" id=\"Este_Cipru_sigur\"><\/span>Este Cipru sigur?<span class=\"ez-toc-section-end\"><\/span><\/h3>\n<div class=\"rank-math-answer \">\n\n<p>Insula apar\u021bine \u00een mod constant celor mai sigure \u021b\u0103ri din \u00eentreaga Europ\u0103 \u0219i din punct de vedere al criminalit\u0103\u021bii obi\u0219nuite chiar nu trebuie s\u0103 te temi de nimic aici. Cel mai mare risc pentru turi\u0219ti \u00eel reprezint\u0103 paradoxal chiar traficul, deoarece circula\u021bia pe st\u00e2nga poate surprinde nepl\u0103cut pietonii nepreg\u0103ti\u021bi la traversarea str\u0103zii. O alt\u0103 mare spaim\u0103 este soarele perfid de var\u0103, care are o putere incredibil\u0103, a\u0219a c\u0103 nu ar trebui s\u0103 ie\u0219i deloc afar\u0103 f\u0103r\u0103 o crem\u0103 de protec\u021bie solar\u0103 de calitate \u0219i o p\u0103l\u0103rie. Dac\u0103 ai grij\u0103 de aceste dou\u0103 lucruri, te vei bucura de un sejur absolut relaxat \u0219i lini\u0219tit.<\/p>\n\n<\/div>\n<\/div>\n<\/div>\n<\/div>","protected":false},"excerpt":{"rendered":"<p>Pl\u0103nuie\u0219ti un drum la Marea Mediteran\u0103 \u0219i te intereseaz\u0103 c\u00e2t cost\u0103 o vacan\u021b\u0103 \u00een Cipru, ce trebuie neap\u0103rat s\u0103 vezi \u0219i la ce capcane s\u0103 fii atent c\u00e2nd planifici?<\/p>\n","protected":false},"author":3,"featured_media":399834,"comment_status":"open","ping_status":"open","sticky":false,"template":"","format":"standard","meta":{"_acf_changed":false,"footnotes":"","rank_math_title":"Vacan\u021b\u0103 \u00een Cipru: 24 de locuri de v\u0103zut \u00een 2026","rank_math_description":"Vacan\u021b\u0103 \u00een Cipru 2026: 24 de locuri de v\u0103zut, plaje, vreme lun\u0103 de lun\u0103, pre\u021buri \u0219i ponturi practice. Descoper\u0103 cel mai bun ghid \u0219i planific\u0103-\u021bi drumul acum!","rank_math_focus_keyword":"cipru","rank_math_seo_score":""},"categories":[2015,2021],"tags":[],"class_list":["post-409522","post","type-post","status-publish","format-standard","has-post-thumbnail","category-calatorii","category-europa"],"acf":[],"featured_image_src":"https:\/\/loudavymkrokem.cz\/wp-content\/uploads\/2026\/08\/dovolena-kypr-hero.jpg","author_info":{"display_name":"Lucie Kone\u010dn\u00e1","author_link":"https:\/\/loudavymkrokem.cz\/ro\/author\/lucie-konecna\/"},"_links":{"self":[{"href":"https:\/\/loudavymkrokem.cz\/ro\/wp-json\/wp\/v2\/posts\/409522","targetHints":{"allow":["GET"]}}],"collection":[{"href":"https:\/\/loudavymkrokem.cz\/ro\/wp-json\/wp\/v2\/posts"}],"about":[{"href":"https:\/\/loudavymkrokem.cz\/ro\/wp-json\/wp\/v2\/types\/post"}],"author":[{"embeddable":true,"href":"https:\/\/loudavymkrokem.cz\/ro\/wp-json\/wp\/v2\/users\/3"}],"replies":[{"embeddable":true,"href":"https:\/\/loudavymkrokem.cz\/ro\/wp-json\/wp\/v2\/comments?post=409522"}],"version-history":[{"count":0,"href":"https:\/\/loudavymkrokem.cz\/ro\/wp-json\/wp\/v2\/posts\/409522\/revisions"}],"wp:featuredmedia":[{"embeddable":true,"href":"https:\/\/loudavymkrokem.cz\/ro\/wp-json\/wp\/v2\/media\/399834"}],"wp:attachment":[{"href":"https:\/\/loudavymkrokem.cz\/ro\/wp-json\/wp\/v2\/media?parent=409522"}],"wp:term":[{"taxonomy":"category","embeddable":true,"href":"https:\/\/loudavymkrokem.cz\/ro\/wp-json\/wp\/v2\/categories?post=409522"},{"taxonomy":"post_tag","embeddable":true,"href":"https:\/\/loudavymkrokem.cz\/ro\/wp-json\/wp\/v2\/tags?post=409522"}],"curies":[{"name":"wp","href":"https:\/\/api.w.org\/{rel}","templated":true}]}}