{"id":409503,"date":"2026-08-26T14:17:28","date_gmt":"2026-08-26T12:17:28","guid":{"rendered":"https:\/\/loudavymkrokem.cz\/ce-sa-vezi-hamburg-germania\/"},"modified":"2026-08-31T10:16:06","modified_gmt":"2026-08-31T08:16:06","slug":"ce-sa-vezi-hamburg-germania","status":"publish","type":"post","link":"https:\/\/loudavymkrokem.cz\/ro\/ce-sa-vezi-hamburg-germania\/","title":{"rendered":"Ce s\u0103 vezi \u00een Hamburg: 22 de idei \u00een Vene\u021bia Nordului"},"content":{"rendered":"\n<p class=\"wp-block-paragraph\">Un ora\u0219 portuar plin de c\u0103r\u0103mid\u0103 ro\u0219ie, canale nesf\u00e2r\u0219ite \u0219i arhitectur\u0103 modern\u0103 care se reflect\u0103 maiestuos pe apele Elbei. Hamburg, \u00een Germania, este exact acea destina\u021bie care te va surprinde garantat prin atmosfera sa relaxat\u0103 \u0219i diversitatea incredibil\u0103, indiferent dac\u0103 iube\u0219ti istoria fascinant\u0103 sau e\u0219ti \u00een c\u0103utarea celor mai bune cafenele. <strong>Vene\u021bia Nordului german ascunde mai multe poduri dec\u00e2t Londra \u0219i Amsterdam la un loc<\/strong>, ceea ce promite deja ni\u0219te plimb\u0103ri de neuitat de-a lungul apei.<\/p>\n\n\n\n<p class=\"wp-block-paragraph\">Am adunat pentru tine <strong>22 de idei despre ce s\u0103 vezi \u0219i ce s\u0103 faci \u00een Hamburg<\/strong>, ca s\u0103 profi\u021bi la maximum de vizita ta. Vom parcurge \u00eempreun\u0103 iconicul complex de c\u0103r\u0103mid\u0103 Speicherstadt, \u00ee\u021bi voi da sfaturi pentru rezervarea terasei panoramice a cl\u0103dirii Elbphilharmonie \u0219i nu vom omite nici informa\u021biile practice indispensabile. <strong>Vei afla \u0219i unde s\u0103 te cazezi strategic<\/strong> \u0219i cum s\u0103 folose\u0219ti eficient transportul public local, ca deplas\u0103rile prin ora\u0219 s\u0103 nu te coste o avere.<\/p>\n\n\n\n<p class=\"wp-block-paragraph\">Fie c\u0103 pl\u0103nuie\u0219ti o escapad\u0103 rapid\u0103 de weekend departe de rutina zilnic\u0103, fie o vacan\u021b\u0103 mai lung\u0103 plin\u0103 de explorare a nordului Germaniei, ora\u0219ul acesta \u00ee\u021bi va cuceri garantat inima. <strong>Hamburg ofer\u0103 un amestec absolut perfect de romantism portuar aspru \u0219i design modern<\/strong>, pe care \u00eel savurezi cel mai bine cu o cafea bun\u0103 \u00een m\u00e2n\u0103, \u00een timp ce urm\u0103re\u0219ti navele uria\u0219e de containere ce trec prin port.<\/p>\n\n\n\n<figure data-wp-context=\"{&quot;imageId&quot;:&quot;6a9556fe1ac2b&quot;}\" data-wp-interactive=\"core\/image\" data-wp-key=\"6a9556fe1ac2b\" class=\"wp-block-image size-full wp-lightbox-container\"><img decoding=\"async\" width=\"1800\" height=\"1200\" data-wp-class--hide=\"state.isContentHidden\" data-wp-class--show=\"state.isContentVisible\" data-wp-init=\"callbacks.setButtonStyles\" data-wp-on--click=\"actions.showLightbox\" data-wp-on--load=\"callbacks.setButtonStyles\" data-wp-on--pointerdown=\"actions.preloadImage\" data-wp-on--pointerenter=\"actions.preloadImageWithDelay\" data-wp-on--pointerleave=\"actions.cancelPreload\" data-wp-on-window--resize=\"callbacks.setButtonStyles\" src=\"https:\/\/loudavymkrokem.cz\/wp-content\/uploads\/2026\/08\/nemecko-clanky-co-videt-v-hamburku-01.jpg\" alt=\"Canalele din Speicherstadt la amurg\" class=\"wp-image-396933\" title=\"\" srcset=\"https:\/\/loudavymkrokem.cz\/wp-content\/uploads\/2026\/08\/nemecko-clanky-co-videt-v-hamburku-01.jpg 1800w, https:\/\/loudavymkrokem.cz\/wp-content\/uploads\/2026\/08\/nemecko-clanky-co-videt-v-hamburku-01-300x200.jpg 300w, https:\/\/loudavymkrokem.cz\/wp-content\/uploads\/2026\/08\/nemecko-clanky-co-videt-v-hamburku-01-700x467.jpg 700w, https:\/\/loudavymkrokem.cz\/wp-content\/uploads\/2026\/08\/nemecko-clanky-co-videt-v-hamburku-01-768x512.jpg 768w, https:\/\/loudavymkrokem.cz\/wp-content\/uploads\/2026\/08\/nemecko-clanky-co-videt-v-hamburku-01-1536x1024.jpg 1536w, https:\/\/loudavymkrokem.cz\/wp-content\/uploads\/2026\/08\/nemecko-clanky-co-videt-v-hamburku-01-696x464.jpg 696w, https:\/\/loudavymkrokem.cz\/wp-content\/uploads\/2026\/08\/nemecko-clanky-co-videt-v-hamburku-01-1392x928.jpg 1392w\" sizes=\"(max-width: 1800px) 100vw, 1800px\" \/><button\n\t\t\tclass=\"lightbox-trigger\"\n\t\t\ttype=\"button\"\n\t\t\taria-haspopup=\"dialog\"\n\t\t\tdata-wp-bind--aria-label=\"state.thisImage.triggerButtonAriaLabel\"\n\t\t\tdata-wp-init=\"callbacks.initTriggerButton\"\n\t\t\tdata-wp-on--click=\"actions.showLightbox\"\n\t\t\tdata-wp-style--right=\"state.thisImage.buttonRight\"\n\t\t\tdata-wp-style--top=\"state.thisImage.buttonTop\"\n\t\t>\n\t\t\t<svg xmlns=\"http:\/\/www.w3.org\/2000\/svg\" width=\"12\" height=\"12\" fill=\"none\" viewBox=\"0 0 12 12\">\n\t\t\t\t<path fill=\"#fff\" d=\"M2 0a2 2 0 0 0-2 2v2h1.5V2a.5.5 0 0 1 .5-.5h2V0H2Zm2 10.5H2a.5.5 0 0 1-.5-.5V8H0v2a2 2 0 0 0 2 2h2v-1.5ZM8 12v-1.5h2a.5.5 0 0 0 .5-.5V8H12v2a2 2 0 0 1-2 2H8Zm2-12a2 2 0 0 1 2 2v2h-1.5V2a.5.5 0 0 0-.5-.5H8V0h2Z\" \/>\n\t\t\t<\/svg>\n\t\t<\/button><figcaption class=\"wp-element-caption\">Foto: Dietmar Rabich \/ Wikimedia Commons, CC BY-SA 4.0<\/figcaption><\/figure>\n\n\n\n<div id=\"ez-toc-container\" class=\"ez-toc-v2_0_86 ez-toc-wrap-left counter-hierarchy ez-toc-counter ez-toc-grey ez-toc-container-direction\">\n<div class=\"ez-toc-title-container\">\n<p class=\"ez-toc-title\" style=\"cursor:inherit\">Cuprinsul articolului<\/p>\n<span class=\"ez-toc-title-toggle\"><a href=\"#\" class=\"ez-toc-pull-right ez-toc-btn ez-toc-btn-xs ez-toc-btn-default ez-toc-toggle\" aria-label=\"Toggle Table of Content\"><span class=\"ez-toc-js-icon-con\"><span class=\"\"><span class=\"eztoc-hide\" style=\"display:none;\">Toggle<\/span><span class=\"ez-toc-icon-toggle-span\"><svg style=\"fill: #999;color:#999\" xmlns=\"http:\/\/www.w3.org\/2000\/svg\" class=\"list-377408\" width=\"20px\" height=\"20px\" viewBox=\"0 0 24 24\" fill=\"none\"><path d=\"M6 6H4v2h2V6zm14 0H8v2h12V6zM4 11h2v2H4v-2zm16 0H8v2h12v-2zM4 16h2v2H4v-2zm16 0H8v2h12v-2z\" fill=\"currentColor\"><\/path><\/svg><svg style=\"fill: #999;color:#999\" class=\"arrow-unsorted-368013\" xmlns=\"http:\/\/www.w3.org\/2000\/svg\" width=\"10px\" height=\"10px\" viewBox=\"0 0 24 24\" version=\"1.2\" baseProfile=\"tiny\"><path d=\"M18.2 9.3l-6.2-6.3-6.2 6.3c-.2.2-.3.4-.3.7s.1.5.3.7c.2.2.4.3.7.3h11c.3 0 .5-.1.7-.3.2-.2.3-.5.3-.7s-.1-.5-.3-.7zM5.8 14.7l6.2 6.3 6.2-6.3c.2-.2.3-.5.3-.7s-.1-.5-.3-.7c-.2-.2-.4-.3-.7-.3h-11c-.3 0-.5.1-.7.3-.2.2-.3.5-.3.7s.1.5.3.7z\"\/><\/svg><\/span><\/span><\/span><\/a><\/span><\/div>\n<nav><ul class='ez-toc-list ez-toc-list-level-1 ' ><ul class='ez-toc-list-level-3' ><li class='ez-toc-heading-level-3'><a class=\"ez-toc-link ez-toc-heading-1\" href=\"https:\/\/loudavymkrokem.cz\/ro\/ce-sa-vezi-hamburg-germania\/#Rezumat_pentru_cei_care_nu_au_timp_sa_citeasca_tot_articolul\" >Rezumat pentru cei care nu au timp s\u0103 citeasc\u0103 tot articolul<\/a><\/li><\/ul><\/li><li class='ez-toc-page-1 ez-toc-heading-level-2'><a class=\"ez-toc-link ez-toc-heading-2\" href=\"https:\/\/loudavymkrokem.cz\/ro\/ce-sa-vezi-hamburg-germania\/#Cand_sa_mergi_la_Hamburg\" >C\u00e2nd s\u0103 mergi la Hamburg<\/a><\/li><li class='ez-toc-page-1 ez-toc-heading-level-2'><a class=\"ez-toc-link ez-toc-heading-3\" href=\"https:\/\/loudavymkrokem.cz\/ro\/ce-sa-vezi-hamburg-germania\/#Unde_sa_te_cazezi_in_Hamburg\" >Unde s\u0103 te cazezi \u00een Hamburg<\/a><\/li><li class='ez-toc-page-1 ez-toc-heading-level-2'><a class=\"ez-toc-link ez-toc-heading-4\" href=\"https:\/\/loudavymkrokem.cz\/ro\/ce-sa-vezi-hamburg-germania\/#22_de_idei_despre_ce_sa_vezi_si_ce_sa_faci_in_Hamburg\" >22 de idei despre ce s\u0103 vezi \u0219i ce s\u0103 faci \u00een Hamburg<\/a><ul class='ez-toc-list-level-3' ><li class='ez-toc-heading-level-3'><a class=\"ez-toc-link ez-toc-heading-5\" href=\"https:\/\/loudavymkrokem.cz\/ro\/ce-sa-vezi-hamburg-germania\/#1_Speicherstadt\" >1. Speicherstadt<\/a><\/li><li class='ez-toc-page-1 ez-toc-heading-level-3'><a class=\"ez-toc-link ez-toc-heading-6\" href=\"https:\/\/loudavymkrokem.cz\/ro\/ce-sa-vezi-hamburg-germania\/#2_Miniatur_Wunderland\" >2. Miniatur Wunderland<\/a><\/li><li class='ez-toc-page-1 ez-toc-heading-level-3'><a class=\"ez-toc-link ez-toc-heading-7\" href=\"https:\/\/loudavymkrokem.cz\/ro\/ce-sa-vezi-hamburg-germania\/#3_Elbphilharmonie\" >3. Elbphilharmonie<\/a><\/li><li class='ez-toc-page-1 ez-toc-heading-level-3'><a class=\"ez-toc-link ez-toc-heading-8\" href=\"https:\/\/loudavymkrokem.cz\/ro\/ce-sa-vezi-hamburg-germania\/#4_Cartierul_modern_HafenCity\" >4. Cartierul modern HafenCity<\/a><\/li><li class='ez-toc-page-1 ez-toc-heading-level-3'><a class=\"ez-toc-link ez-toc-heading-9\" href=\"https:\/\/loudavymkrokem.cz\/ro\/ce-sa-vezi-hamburg-germania\/#5_International_Maritime_Museum\" >5. International Maritime Museum<\/a><\/li><li class='ez-toc-page-1 ez-toc-heading-level-3'><a class=\"ez-toc-link ez-toc-heading-10\" href=\"https:\/\/loudavymkrokem.cz\/ro\/ce-sa-vezi-hamburg-germania\/#6_Feribotul_linia_62_ca_o_croaziera_panoramica\" >6. Feribotul linia 62 ca o croazier\u0103 panoramic\u0103<\/a><\/li><li class='ez-toc-page-1 ez-toc-heading-level-3'><a class=\"ez-toc-link ez-toc-heading-11\" href=\"https:\/\/loudavymkrokem.cz\/ro\/ce-sa-vezi-hamburg-germania\/#7_Fischmarkt_de_duminica\" >7. Fischmarkt de duminic\u0103<\/a><\/li><li class='ez-toc-page-1 ez-toc-heading-level-3'><a class=\"ez-toc-link ez-toc-heading-12\" href=\"https:\/\/loudavymkrokem.cz\/ro\/ce-sa-vezi-hamburg-germania\/#8_Reeperbahn_si_St_Pauli\" >8. Reeperbahn \u0219i St. Pauli<\/a><\/li><li class='ez-toc-page-1 ez-toc-heading-level-3'><a class=\"ez-toc-link ez-toc-heading-13\" href=\"https:\/\/loudavymkrokem.cz\/ro\/ce-sa-vezi-hamburg-germania\/#9_Parcul_Planten_un_Blomen\" >9. Parcul Planten un Blomen<\/a><\/li><li class='ez-toc-page-1 ez-toc-heading-level-3'><a class=\"ez-toc-link ez-toc-heading-14\" href=\"https:\/\/loudavymkrokem.cz\/ro\/ce-sa-vezi-hamburg-germania\/#10_Primaria_Rathaus\" >10. Prim\u0103ria Rathaus<\/a><\/li><li class='ez-toc-page-1 ez-toc-heading-level-3'><a class=\"ez-toc-link ez-toc-heading-15\" href=\"https:\/\/loudavymkrokem.cz\/ro\/ce-sa-vezi-hamburg-germania\/#11_Lacurile_Alster\" >11. Lacurile Alster<\/a><\/li><li class='ez-toc-page-1 ez-toc-heading-level-3'><a class=\"ez-toc-link ez-toc-heading-16\" href=\"https:\/\/loudavymkrokem.cz\/ro\/ce-sa-vezi-hamburg-germania\/#12_Memorialul_Sfantul_Nicolae_St_Nikolai_Mahnmal\" >12. Memorialul Sf\u00e2ntul Nicolae (St. Nikolai Mahnmal)<\/a><\/li><li class='ez-toc-page-1 ez-toc-heading-level-3'><a class=\"ez-toc-link ez-toc-heading-17\" href=\"https:\/\/loudavymkrokem.cz\/ro\/ce-sa-vezi-hamburg-germania\/#13_Vechiul_tunel_de_sub_Elba_Alter_Elbtunnel\" >13. Vechiul tunel de sub Elba (Alter Elbtunnel)<\/a><\/li><li class='ez-toc-page-1 ez-toc-heading-level-3'><a class=\"ez-toc-link ez-toc-heading-18\" href=\"https:\/\/loudavymkrokem.cz\/ro\/ce-sa-vezi-hamburg-germania\/#14_Cartierul_Kontorhausviertel_si_Chilehaus\" >14. Cartierul Kontorhausviertel \u0219i Chilehaus<\/a><\/li><li class='ez-toc-page-1 ez-toc-heading-level-3'><a class=\"ez-toc-link ez-toc-heading-19\" href=\"https:\/\/loudavymkrokem.cz\/ro\/ce-sa-vezi-hamburg-germania\/#15_Hamburger_Kunsthalle\" >15. Hamburger Kunsthalle<\/a><\/li><li class='ez-toc-page-1 ez-toc-heading-level-3'><a class=\"ez-toc-link ez-toc-heading-20\" href=\"https:\/\/loudavymkrokem.cz\/ro\/ce-sa-vezi-hamburg-germania\/#16_Dialog_im_Dunkeln\" >16. Dialog im Dunkeln<\/a><\/li><li class='ez-toc-page-1 ez-toc-heading-level-3'><a class=\"ez-toc-link ez-toc-heading-21\" href=\"https:\/\/loudavymkrokem.cz\/ro\/ce-sa-vezi-hamburg-germania\/#17_Cartierul_plin_de_scari_Treppenviertel_Blankenese\" >17. Cartierul plin de sc\u0103ri Treppenviertel Blankenese<\/a><\/li><li class='ez-toc-page-1 ez-toc-heading-level-3'><a class=\"ez-toc-link ez-toc-heading-22\" href=\"https:\/\/loudavymkrokem.cz\/ro\/ce-sa-vezi-hamburg-germania\/#18_Biserica_Sfantul_Mihail_Michel\" >18. Biserica Sf\u00e2ntul Mihail (Michel)<\/a><\/li><li class='ez-toc-page-1 ez-toc-heading-level-3'><a class=\"ez-toc-link ez-toc-heading-23\" href=\"https:\/\/loudavymkrokem.cz\/ro\/ce-sa-vezi-hamburg-germania\/#19_Muzeul_ciocolatei_Chocoversum\" >19. Muzeul ciocolatei Chocoversum<\/a><\/li><li class='ez-toc-page-1 ez-toc-heading-level-3'><a class=\"ez-toc-link ez-toc-heading-24\" href=\"https:\/\/loudavymkrokem.cz\/ro\/ce-sa-vezi-hamburg-germania\/#20_Cartierul_hipster_Schanzenviertel\" >20. Cartierul hipster Schanzenviertel<\/a><\/li><li class='ez-toc-page-1 ez-toc-heading-level-3'><a class=\"ez-toc-link ez-toc-heading-25\" href=\"https:\/\/loudavymkrokem.cz\/ro\/ce-sa-vezi-hamburg-germania\/#21_Navele-muzeu_Cap_San_Diego_si_Rickmer_Rickmers\" >21. Navele-muzeu Cap San Diego \u0219i Rickmer Rickmers<\/a><\/li><li class='ez-toc-page-1 ez-toc-heading-level-3'><a class=\"ez-toc-link ez-toc-heading-26\" href=\"https:\/\/loudavymkrokem.cz\/ro\/ce-sa-vezi-hamburg-germania\/#22_Gastronomie_verde_si_sustenabila\" >22. Gastronomie verde \u0219i sustenabil\u0103<\/a><\/li><\/ul><\/li><li class='ez-toc-page-1 ez-toc-heading-level-2'><a class=\"ez-toc-link ez-toc-heading-27\" href=\"https:\/\/loudavymkrokem.cz\/ro\/ce-sa-vezi-hamburg-germania\/#Unde_sa_mergi_mai_departe_din_Hamburg\" >Unde s\u0103 mergi mai departe din Hamburg<\/a><\/li><li class='ez-toc-page-1 ez-toc-heading-level-2'><a class=\"ez-toc-link ez-toc-heading-28\" href=\"https:\/\/loudavymkrokem.cz\/ro\/ce-sa-vezi-hamburg-germania\/#Intrebari_frecvente\" >\u00centreb\u0103ri frecvente<\/a><ul class='ez-toc-list-level-3' ><li class='ez-toc-heading-level-3'><a class=\"ez-toc-link ez-toc-heading-29\" href=\"https:\/\/loudavymkrokem.cz\/ro\/ce-sa-vezi-hamburg-germania\/#Cate_zile_am_nevoie_pentru_a_vizita_Hamburg\" >C\u00e2te zile am nevoie pentru a vizita Hamburg?<\/a><\/li><li class='ez-toc-page-1 ez-toc-heading-level-3'><a class=\"ez-toc-link ez-toc-heading-30\" href=\"https:\/\/loudavymkrokem.cz\/ro\/ce-sa-vezi-hamburg-germania\/#Care_este_cea_mai_buna_modalitate_de_a_ajunge_de_la_aeroport_in_centrul_orasului\" >Care este cea mai bun\u0103 modalitate de a ajunge de la aeroport \u00een centrul ora\u0219ului?<\/a><\/li><li class='ez-toc-page-1 ez-toc-heading-level-3'><a class=\"ez-toc-link ez-toc-heading-31\" href=\"https:\/\/loudavymkrokem.cz\/ro\/ce-sa-vezi-hamburg-germania\/#Este_orasul_potrivit_pentru_familiile_cu_copii\" >Este ora\u0219ul potrivit pentru familiile cu copii?<\/a><\/li><li class='ez-toc-page-1 ez-toc-heading-level-3'><a class=\"ez-toc-link ez-toc-heading-32\" href=\"https:\/\/loudavymkrokem.cz\/ro\/ce-sa-vezi-hamburg-germania\/#Cum_stau_lucrurile_cu_transportul_si_merita_Hamburg_Card\" >Cum stau lucrurile cu transportul \u0219i merit\u0103 Hamburg Card?<\/a><\/li><li class='ez-toc-page-1 ez-toc-heading-level-3'><a class=\"ez-toc-link ez-toc-heading-33\" href=\"https:\/\/loudavymkrokem.cz\/ro\/ce-sa-vezi-hamburg-germania\/#Cu_ce_buget_pentru_intrari_ar_trebui_sa_contez\" >Cu ce buget pentru intr\u0103ri ar trebui s\u0103 contez?<\/a><\/li><li class='ez-toc-page-1 ez-toc-heading-level-3'><a class=\"ez-toc-link ez-toc-heading-34\" href=\"https:\/\/loudavymkrokem.cz\/ro\/ce-sa-vezi-hamburg-germania\/#Trebuie_sa_cumpar_bilete_in_avans_pentru_atractiile_principale\" >Trebuie s\u0103 cump\u0103r bilete \u00een avans pentru atrac\u021biile principale?<\/a><\/li><li class='ez-toc-page-1 ez-toc-heading-level-3'><a class=\"ez-toc-link ez-toc-heading-35\" href=\"https:\/\/loudavymkrokem.cz\/ro\/ce-sa-vezi-hamburg-germania\/#Ce_se_poate_face_in_oras_cand_ploua\" >Ce se poate face \u00een ora\u0219 c\u00e2nd plou\u0103?<\/a><\/li><\/ul><\/li><\/ul><\/nav><\/div>\n<h3 class=\"wp-block-heading\"><span class=\"ez-toc-section\" id=\"Rezumat_pentru_cei_care_nu_au_timp_sa_citeasca_tot_articolul\"><\/span>Rezumat pentru cei care nu au timp s\u0103 citeasc\u0103 tot articolul<span class=\"ez-toc-section-end\"><\/span><\/h3>\n\n\n\n<ul class=\"wp-block-list\">\n\n<li><strong>Miniatur Wunderland:<\/strong> Cea mai mare cale ferat\u0103 \u00een miniatur\u0103 din lume, la 25 de euro, unde <strong>trebuie s\u0103 \u00ee\u021bi rezervi biletul cu or\u0103 fix\u0103 cu c\u00e2teva s\u0103pt\u0103m\u00e2ni \u00eenainte<\/strong>.<\/li>\n\n\n\n<li><strong>Speicherstadt:<\/strong> Fascinantul complex de depozite istorice protejat de UNESCO, pe care <strong>\u00eel fotografiezi cel mai bine dup\u0103 l\u0103sarea \u00eentunericului<\/strong>.<\/li>\n\n\n\n<li><strong>Elbphilharmonie:<\/strong> Iconica sal\u0103 de concerte cu terasa panoramic\u0103 Plaza, <strong>la care ajungi gratuit dup\u0103 o rezervare online prealabil\u0103<\/strong>.<\/li>\n\n\n\n<li><strong>Feribotul linia 62:<\/strong> Cel mai bun mod de a experimenta o croazier\u0103 panoramic\u0103 pe Elba <strong>complet gratuit, cu un bilet obi\u0219nuit de transport public<\/strong>.<\/li>\n\n\n\n<li><strong>HafenCity:<\/strong> Cartier modern plin de arhitectur\u0103 uimitoare, care \u00eempreun\u0103 cu muzeele principale <strong>\u00ee\u021bi va ocupa sigur o zi \u00eentreag\u0103<\/strong>.<\/li>\n\n\n\n<li><strong>St. Pauli \u0219i Reeperbahn:<\/strong> Cartierul legendar renumit pentru via\u021ba de noapte efervescent\u0103, unde <strong>\u0219i-au \u00eenceput cariera celebrii Beatles<\/strong>.<\/li>\n\n\n<\/ul>\n\n\n\n<figure data-wp-context=\"{&quot;imageId&quot;:&quot;6a9556fe1b30e&quot;}\" data-wp-interactive=\"core\/image\" data-wp-key=\"6a9556fe1b30e\" class=\"wp-block-image size-full wp-lightbox-container\"><img decoding=\"async\" width=\"1800\" height=\"1200\" data-wp-class--hide=\"state.isContentHidden\" data-wp-class--show=\"state.isContentVisible\" data-wp-init=\"callbacks.setButtonStyles\" data-wp-on--click=\"actions.showLightbox\" data-wp-on--load=\"callbacks.setButtonStyles\" data-wp-on--pointerdown=\"actions.preloadImage\" data-wp-on--pointerenter=\"actions.preloadImageWithDelay\" data-wp-on--pointerleave=\"actions.cancelPreload\" data-wp-on-window--resize=\"callbacks.setButtonStyles\" src=\"https:\/\/loudavymkrokem.cz\/wp-content\/uploads\/2026\/08\/nemecko-clanky-co-videt-v-hamburku-02.jpg\" alt=\"Hamburg \u0219i lacul Alster\" class=\"wp-image-396942\" title=\"\" srcset=\"https:\/\/loudavymkrokem.cz\/wp-content\/uploads\/2026\/08\/nemecko-clanky-co-videt-v-hamburku-02.jpg 1800w, https:\/\/loudavymkrokem.cz\/wp-content\/uploads\/2026\/08\/nemecko-clanky-co-videt-v-hamburku-02-300x200.jpg 300w, https:\/\/loudavymkrokem.cz\/wp-content\/uploads\/2026\/08\/nemecko-clanky-co-videt-v-hamburku-02-700x467.jpg 700w, https:\/\/loudavymkrokem.cz\/wp-content\/uploads\/2026\/08\/nemecko-clanky-co-videt-v-hamburku-02-768x512.jpg 768w, https:\/\/loudavymkrokem.cz\/wp-content\/uploads\/2026\/08\/nemecko-clanky-co-videt-v-hamburku-02-1536x1024.jpg 1536w, https:\/\/loudavymkrokem.cz\/wp-content\/uploads\/2026\/08\/nemecko-clanky-co-videt-v-hamburku-02-696x464.jpg 696w, https:\/\/loudavymkrokem.cz\/wp-content\/uploads\/2026\/08\/nemecko-clanky-co-videt-v-hamburku-02-1392x928.jpg 1392w\" sizes=\"(max-width: 1800px) 100vw, 1800px\" \/><button\n\t\t\tclass=\"lightbox-trigger\"\n\t\t\ttype=\"button\"\n\t\t\taria-haspopup=\"dialog\"\n\t\t\tdata-wp-bind--aria-label=\"state.thisImage.triggerButtonAriaLabel\"\n\t\t\tdata-wp-init=\"callbacks.initTriggerButton\"\n\t\t\tdata-wp-on--click=\"actions.showLightbox\"\n\t\t\tdata-wp-style--right=\"state.thisImage.buttonRight\"\n\t\t\tdata-wp-style--top=\"state.thisImage.buttonTop\"\n\t\t>\n\t\t\t<svg xmlns=\"http:\/\/www.w3.org\/2000\/svg\" width=\"12\" height=\"12\" fill=\"none\" viewBox=\"0 0 12 12\">\n\t\t\t\t<path fill=\"#fff\" d=\"M2 0a2 2 0 0 0-2 2v2h1.5V2a.5.5 0 0 1 .5-.5h2V0H2Zm2 10.5H2a.5.5 0 0 1-.5-.5V8H0v2a2 2 0 0 0 2 2h2v-1.5ZM8 12v-1.5h2a.5.5 0 0 0 .5-.5V8H12v2a2 2 0 0 1-2 2H8Zm2-12a2 2 0 0 1 2 2v2h-1.5V2a.5.5 0 0 0-.5-.5H8V0h2Z\" \/>\n\t\t\t<\/svg>\n\t\t<\/button><figcaption class=\"wp-element-caption\">Foto: Frank Rietsch \/ Pexels<\/figcaption><\/figure>\n\n\n\n<h2 class=\"wp-block-heading\"><span class=\"ez-toc-section\" id=\"Cand_sa_mergi_la_Hamburg\"><\/span>C\u00e2nd s\u0103 mergi la Hamburg<span class=\"ez-toc-section-end\"><\/span><\/h2>\n\n\n\n<p class=\"wp-block-paragraph\">Nordul Germaniei este cu totul aparte prin vremea sa maritim\u0103 schimb\u0103toare, pentru care localnicii au chiar \u0219i un termen propriu, Schietwetter, a\u0219a c\u0103 merit\u0103 cu adev\u0103rat s\u0103 nu subestimezi preg\u0103tirea \u0219i s\u0103 \u00ee\u021bi iei mai multe straturi de haine. <strong>Cea mai bun\u0103 perioad\u0103 pentru vizit\u0103 este, f\u0103r\u0103 \u00eendoial\u0103, vara, din iunie p\u00e2n\u0103 \u00een august<\/strong>, c\u00e2nd temperaturile urc\u0103 de obicei spre pl\u0103cutele 25 de grade, iar zilele sunt frumos de lungi. \u00cen plus, soarele la apus d\u0103ruie\u0219te cl\u0103dirilor de c\u0103r\u0103mid\u0103 din port o superb\u0103 nuan\u021b\u0103 aurie, de care te vei \u00eendr\u0103gosti. Trebuie \u00eens\u0103 s\u0103 te a\u0219tep\u021bi c\u0103 este sezonul turistic de v\u00e2rf, deci la principalele obiective vei \u00eent\u00e2lni cei mai mul\u021bi oameni, iar cazarea este cea mai scump\u0103.<\/p>\n\n\n\n<p class=\"wp-block-paragraph\">Dac\u0103 preferi un ritm mai lejer \u0219i mai pu\u021bin\u0103 aglomera\u021bie, <strong>o alegere excelent\u0103 este prim\u0103vara t\u00e2rzie sau \u00eenceputul toamnei<\/strong>, c\u00e2nd ora\u0219ul se coloreaz\u0103 \u00een nuan\u021be minunate, iar pre\u021burile hotelurilor scad la un nivel mai accesibil. Chiar dac\u0103 \u00een mai sau septembrie te poate surprinde ocazional o averse \u0219i v\u00e2ntul puternic tipic dinspre mare, ora\u0219ul are \u00een aceast\u0103 perioad\u0103 o atmosfer\u0103 uimitor de melancolic\u0103. Merit\u0103 \u00eentotdeauna s\u0103 ai la \u00eendem\u00e2n\u0103 o geac\u0103 impermeabil\u0103 de calitate, pentru c\u0103 umbrelele clasice nu prea func\u021bioneaz\u0103 \u00een v\u00e2ntul puternic de aici \u0219i mai degrab\u0103 te-ai lupta cu ele.<\/p>\n\n\n\n<p class=\"wp-block-paragraph\">Lunile de iarn\u0103 aduc, ce-i drept, vreme mai rece \u0219i \u00eenserare timpurie, dar ora\u0219ul cap\u0103t\u0103 \u00een acest timp un farmec cu totul aparte, care merit\u0103 tr\u0103it. <strong>Perioada dinainte de Cr\u0103ciun este absolut magic\u0103 datorit\u0103 numeroaselor t\u00e2rguri r\u0103sp\u00e2ndite prin tot ora\u0219ul<\/strong>, care miros a castane coapte, vin fiert \u0219i turt\u0103 dulce tradi\u021bional\u0103. Iarna savurezi mult mai bine expozi\u021biile de interior, cafenelele \u00eenc\u0103lzite \u0219i muzeele, care sunt cu adev\u0103rat nenum\u0103rate aici, a\u0219a c\u0103 o eventual\u0103 ploaie nici nu te va deranja. \u263a\ufe0f<\/p>\n\n\n\n<figure data-wp-context=\"{&quot;imageId&quot;:&quot;6a9556fe1baac&quot;}\" data-wp-interactive=\"core\/image\" data-wp-key=\"6a9556fe1baac\" class=\"wp-block-image size-full wp-lightbox-container\"><img decoding=\"async\" width=\"1800\" height=\"1200\" data-wp-class--hide=\"state.isContentHidden\" data-wp-class--show=\"state.isContentVisible\" data-wp-init=\"callbacks.setButtonStyles\" data-wp-on--click=\"actions.showLightbox\" data-wp-on--load=\"callbacks.setButtonStyles\" data-wp-on--pointerdown=\"actions.preloadImage\" data-wp-on--pointerenter=\"actions.preloadImageWithDelay\" data-wp-on--pointerleave=\"actions.cancelPreload\" data-wp-on-window--resize=\"callbacks.setButtonStyles\" src=\"https:\/\/loudavymkrokem.cz\/wp-content\/uploads\/2026\/08\/nemecko-clanky-co-videt-v-hamburku-03.jpg\" alt=\"Arhitectura modern\u0103 a cartierului HafenCity\" class=\"wp-image-396944\" title=\"\" srcset=\"https:\/\/loudavymkrokem.cz\/wp-content\/uploads\/2026\/08\/nemecko-clanky-co-videt-v-hamburku-03.jpg 1800w, https:\/\/loudavymkrokem.cz\/wp-content\/uploads\/2026\/08\/nemecko-clanky-co-videt-v-hamburku-03-300x200.jpg 300w, https:\/\/loudavymkrokem.cz\/wp-content\/uploads\/2026\/08\/nemecko-clanky-co-videt-v-hamburku-03-700x467.jpg 700w, https:\/\/loudavymkrokem.cz\/wp-content\/uploads\/2026\/08\/nemecko-clanky-co-videt-v-hamburku-03-768x512.jpg 768w, https:\/\/loudavymkrokem.cz\/wp-content\/uploads\/2026\/08\/nemecko-clanky-co-videt-v-hamburku-03-1536x1024.jpg 1536w, https:\/\/loudavymkrokem.cz\/wp-content\/uploads\/2026\/08\/nemecko-clanky-co-videt-v-hamburku-03-696x464.jpg 696w, https:\/\/loudavymkrokem.cz\/wp-content\/uploads\/2026\/08\/nemecko-clanky-co-videt-v-hamburku-03-1392x928.jpg 1392w\" sizes=\"(max-width: 1800px) 100vw, 1800px\" \/><button\n\t\t\tclass=\"lightbox-trigger\"\n\t\t\ttype=\"button\"\n\t\t\taria-haspopup=\"dialog\"\n\t\t\tdata-wp-bind--aria-label=\"state.thisImage.triggerButtonAriaLabel\"\n\t\t\tdata-wp-init=\"callbacks.initTriggerButton\"\n\t\t\tdata-wp-on--click=\"actions.showLightbox\"\n\t\t\tdata-wp-style--right=\"state.thisImage.buttonRight\"\n\t\t\tdata-wp-style--top=\"state.thisImage.buttonTop\"\n\t\t>\n\t\t\t<svg xmlns=\"http:\/\/www.w3.org\/2000\/svg\" width=\"12\" height=\"12\" fill=\"none\" viewBox=\"0 0 12 12\">\n\t\t\t\t<path fill=\"#fff\" d=\"M2 0a2 2 0 0 0-2 2v2h1.5V2a.5.5 0 0 1 .5-.5h2V0H2Zm2 10.5H2a.5.5 0 0 1-.5-.5V8H0v2a2 2 0 0 0 2 2h2v-1.5ZM8 12v-1.5h2a.5.5 0 0 0 .5-.5V8H12v2a2 2 0 0 1-2 2H8Zm2-12a2 2 0 0 1 2 2v2h-1.5V2a.5.5 0 0 0-.5-.5H8V0h2Z\" \/>\n\t\t\t<\/svg>\n\t\t<\/button><figcaption class=\"wp-element-caption\">Foto: Dietmar Rabich \/ Wikimedia Commons, CC BY-SA 4.0<\/figcaption><\/figure>\n\n\n\n<h2 class=\"wp-block-heading\"><span class=\"ez-toc-section\" id=\"Unde_sa_te_cazezi_in_Hamburg\"><\/span>Unde s\u0103 te cazezi \u00een Hamburg<span class=\"ez-toc-section-end\"><\/span><\/h2>\n\n\n\n<p class=\"wp-block-paragraph\">\ud83d\udca1 <strong>Sfat:<\/strong> Oferta de cazare din Hamburg o po\u021bi compara direct \u00eentr-un singur loc \u2014 <a href=\"https:\/\/www.stay22.com\/allez\/roam?aid=lukaskonecny&#038;campaign=loudavymkrokemcz&#038;campaign=co-videt-v-hamburku&#038;address=Hamburk%2C%20N%C4%9Bmecko\" target=\"_blank\" rel=\"noopener nofollow sponsored\">verific\u0103 disponibilitatea \u0219i pre\u021burile \u00een Hamburg<\/a>. Merit\u0103 s\u0103 rezervi din timp, cel mai bun raport pre\u021b-pozi\u021bie dispare primul.<\/p>\n\n\n<p class=\"wp-block-paragraph\"><em>\ud83d\udca1 Sfat pentru cazare \u0219i experien\u021be: Prefer\u0103m s\u0103 c\u0103ut\u0103m cazarea pe <a href=\"https:\/\/www.booking.com\/searchresults.html?ss=Hamburk%2C%20N%C4%9Bmecko&#038;aid=2397601\" target=\"_blank\" rel=\"nofollow noopener sponsored\">Booking.com<\/a>, unde de obicei sunt <strong>cele mai bune condi\u021bii de anulare<\/strong>. <strong>Biletele, excursiile \u0219i activit\u0103\u021bile<\/strong> merit\u0103 apoi comparate \u0219i cump\u0103rate prin <a href=\"https:\/\/www.getyourguide.com\/s\/?q=Hamburk%2C%20N%C4%9Bmecko&#038;partner_id=MKZ64IS\" target=\"_blank\" rel=\"nofollow noopener sponsored\">GetYourGuide<\/a>.<\/em><\/p>\n\n\n\n<p class=\"wp-block-paragraph\">Alegerea cartierului potrivit pentru cazare \u00ee\u021bi poate influen\u021ba decisiv experien\u021ba cu ora\u0219ul, a\u0219a c\u0103 g\u00e2nde\u0219te-te bine dinainte ce anume a\u0219tep\u021bi de la aceast\u0103 c\u0103l\u0103torie. <strong>Dac\u0103 vii \u00een ora\u0219 pentru prima dat\u0103 \u0219i vrei s\u0103 ai toate atrac\u021biile principale la \u00eendem\u00e2n\u0103, alege modernul cartier HafenCity sau centralul Neustadt \u0219i Altstadt<\/strong>. \u00cen centrul istoric, pre\u021burile pe noapte se \u00eenv\u00e2rt de obicei \u00eentre 100 \u0219i 190 de euro, dar avantajul imens este c\u0103 ajungi peste tot pe jos \u0219i economise\u0219ti mult timp. O experien\u021b\u0103 grozav\u0103 este, de exemplu, stilatul <strong>25hours Hotel HafenCity<\/strong>, care ofer\u0103 un design nautic juc\u0103u\u0219 chiar \u00een inima celui mai modern cartier, cu vedere la docuri.<\/p>\n\n\n\n<p class=\"wp-block-paragraph\">O alternativ\u0103 mai ieftin\u0103 \u0219i foarte la mod\u0103 este cartierul Altona, care ofer\u0103 multe cafenele independente excelente \u0219i priveli\u0219ti superbe de pe faleza de deasupra Elbei. C\u0103l\u0103torii mai tineri \u0219i iubitorii vie\u021bii de noapte efervescente <strong>caut\u0103 adesea cazare \u00een zona Reeperbahn, \u00een cartierul St. Pauli<\/strong>, unde g\u0103se\u0219ti cele mai bune baruri \u0219i hosteluri accesibile la pre\u021b, chiar de la 40 de euro pe noapte. Trebuie \u00eens\u0103 s\u0103 \u021bii cont c\u0103 str\u0103zile sunt animate p\u00e2n\u0103 \u00een zorii zilei, deci nu e o zon\u0103 tocmai ideal\u0103 pentru un somn lini\u0219tit \u00een familie.<\/p>\n\n\n\n<p class=\"wp-block-paragraph\">Pentru un sejur mai lini\u0219tit, cu acces excelent la transportul public, se potrive\u0219te de minune zona St. Georg, care se afl\u0103 doar la o mic\u0103 distan\u021b\u0103 de gara central\u0103 \u0219i ofer\u0103 pre\u021buri ceva mai avantajoase dec\u00e2t centrul istoric propriu-zis. <strong>\u00ce\u021bi recomand foarte popularul Hotel Volksschule<\/strong>, care a ap\u0103rut din renovarea atent\u0103 a unei vechi cl\u0103diri de \u0219coal\u0103 \u0219i puncteaz\u0103 cu micul dejun fantastic. Indiferent ce loca\u021bie alegi, rezerv\u0103-\u021bi \u00eentotdeauna cazarea din timp, pentru c\u0103 Hamburg este o destina\u021bie foarte c\u0103utat\u0103 tot anul, iar cele mai bune locuri dispar incredibil de repede.<\/p>\n\n\n\n<p class=\"wp-block-paragraph\">O prezentare detaliat\u0103 a cartierelor \u0219i a hotelurilor concrete g\u0103se\u0219ti \u00een articolul separat <a href=\"https:\/\/loudavymkrokem.cz\/kde-bydlet-v-hamburku\/\">Unde s\u0103 stai \u00een Hamburg<\/a>, unde compar\u0103m HafenCity, Altona \u0219i St. Pauli \u0219i recomand\u0103m 12 hoteluri, de la hostel la lux. <a href=\"https:\/\/www.stay22.com\/allez\/roam?aid=lukaskonecny&#038;campaign=loudavymkrokemcz&#038;campaign=co-videt-v-hamburku&#038;hotelname=Hotel%20Volksschule&#038;address=Hamburk%2C%20N%C4%9Bmecko\" target=\"_blank\" rel=\"noopener nofollow sponsored\">Verificarea disponibilit\u0103\u021bii caz\u0103rii<\/a> merit\u0103 f\u0103cut\u0103 c\u00e2t mai cur\u00e2nd.<\/p>\n\n\n\n<figure data-wp-context=\"{&quot;imageId&quot;:&quot;6a9556fe1c561&quot;}\" data-wp-interactive=\"core\/image\" data-wp-key=\"6a9556fe1c561\" class=\"wp-block-image size-full wp-lightbox-container\"><img decoding=\"async\" width=\"1800\" height=\"621\" data-wp-class--hide=\"state.isContentHidden\" data-wp-class--show=\"state.isContentVisible\" data-wp-init=\"callbacks.setButtonStyles\" data-wp-on--click=\"actions.showLightbox\" data-wp-on--load=\"callbacks.setButtonStyles\" data-wp-on--pointerdown=\"actions.preloadImage\" data-wp-on--pointerenter=\"actions.preloadImageWithDelay\" data-wp-on--pointerleave=\"actions.cancelPreload\" data-wp-on-window--resize=\"callbacks.setButtonStyles\" src=\"https:\/\/loudavymkrokem.cz\/wp-content\/uploads\/2026\/08\/nemecko-clanky-co-videt-v-hamburku-04.jpg\" alt=\"Portul Hamburg v\u0103zut de sus\" class=\"wp-image-396962\" title=\"\" srcset=\"https:\/\/loudavymkrokem.cz\/wp-content\/uploads\/2026\/08\/nemecko-clanky-co-videt-v-hamburku-04.jpg 1800w, https:\/\/loudavymkrokem.cz\/wp-content\/uploads\/2026\/08\/nemecko-clanky-co-videt-v-hamburku-04-300x104.jpg 300w, https:\/\/loudavymkrokem.cz\/wp-content\/uploads\/2026\/08\/nemecko-clanky-co-videt-v-hamburku-04-700x242.jpg 700w, https:\/\/loudavymkrokem.cz\/wp-content\/uploads\/2026\/08\/nemecko-clanky-co-videt-v-hamburku-04-768x265.jpg 768w, https:\/\/loudavymkrokem.cz\/wp-content\/uploads\/2026\/08\/nemecko-clanky-co-videt-v-hamburku-04-1536x530.jpg 1536w, https:\/\/loudavymkrokem.cz\/wp-content\/uploads\/2026\/08\/nemecko-clanky-co-videt-v-hamburku-04-696x240.jpg 696w, https:\/\/loudavymkrokem.cz\/wp-content\/uploads\/2026\/08\/nemecko-clanky-co-videt-v-hamburku-04-1392x480.jpg 1392w\" sizes=\"(max-width: 1800px) 100vw, 1800px\" \/><button\n\t\t\tclass=\"lightbox-trigger\"\n\t\t\ttype=\"button\"\n\t\t\taria-haspopup=\"dialog\"\n\t\t\tdata-wp-bind--aria-label=\"state.thisImage.triggerButtonAriaLabel\"\n\t\t\tdata-wp-init=\"callbacks.initTriggerButton\"\n\t\t\tdata-wp-on--click=\"actions.showLightbox\"\n\t\t\tdata-wp-style--right=\"state.thisImage.buttonRight\"\n\t\t\tdata-wp-style--top=\"state.thisImage.buttonTop\"\n\t\t>\n\t\t\t<svg xmlns=\"http:\/\/www.w3.org\/2000\/svg\" width=\"12\" height=\"12\" fill=\"none\" viewBox=\"0 0 12 12\">\n\t\t\t\t<path fill=\"#fff\" d=\"M2 0a2 2 0 0 0-2 2v2h1.5V2a.5.5 0 0 1 .5-.5h2V0H2Zm2 10.5H2a.5.5 0 0 1-.5-.5V8H0v2a2 2 0 0 0 2 2h2v-1.5ZM8 12v-1.5h2a.5.5 0 0 0 .5-.5V8H12v2a2 2 0 0 1-2 2H8Zm2-12a2 2 0 0 1 2 2v2h-1.5V2a.5.5 0 0 0-.5-.5H8V0h2Z\" \/>\n\t\t\t<\/svg>\n\t\t<\/button><figcaption class=\"wp-element-caption\">Foto: Dietmar Rabich \/ Wikimedia Commons, CC BY-SA 4.0<\/figcaption><\/figure>\n\n\n\n<h2 class=\"wp-block-heading\"><span class=\"ez-toc-section\" id=\"22_de_idei_despre_ce_sa_vezi_si_ce_sa_faci_in_Hamburg\"><\/span>22 de idei despre ce s\u0103 vezi \u0219i ce s\u0103 faci \u00een Hamburg<span class=\"ez-toc-section-end\"><\/span><\/h2>\n\n\n\n<p class=\"wp-block-paragraph\">Hai s\u0103 ne uit\u0103m \u00een detaliu la o list\u0103 complet\u0103 a celor mai frumoase locuri \u0219i activit\u0103\u021bi care nu ar trebui s\u0103 \u00ee\u021bi scape \u00een timpul vizitei. <strong>Preg\u0103te\u0219te-te s\u0103 descoperi o arhitectur\u0103 care \u00ee\u021bi taie respira\u021bia, nave uria\u0219e \u0219i oaze verzi ascunse<\/strong>, care alc\u0103tuiesc caracterul inconfundabil al acestui ora\u0219 fascinant.<\/p>\n\n\n\n<figure data-wp-context=\"{&quot;imageId&quot;:&quot;6a9556fe1cc48&quot;}\" data-wp-interactive=\"core\/image\" data-wp-key=\"6a9556fe1cc48\" class=\"wp-block-image size-full wp-lightbox-container\"><img decoding=\"async\" width=\"1800\" height=\"1200\" data-wp-class--hide=\"state.isContentHidden\" data-wp-class--show=\"state.isContentVisible\" data-wp-init=\"callbacks.setButtonStyles\" data-wp-on--click=\"actions.showLightbox\" data-wp-on--load=\"callbacks.setButtonStyles\" data-wp-on--pointerdown=\"actions.preloadImage\" data-wp-on--pointerenter=\"actions.preloadImageWithDelay\" data-wp-on--pointerleave=\"actions.cancelPreload\" data-wp-on-window--resize=\"callbacks.setButtonStyles\" src=\"https:\/\/loudavymkrokem.cz\/wp-content\/uploads\/2026\/08\/nemecko-clanky-co-videt-v-hamburku-05.jpg\" alt=\"Depozitele de c\u0103r\u0103mid\u0103 din Speicherstadt\" class=\"wp-image-397158\" title=\"\" srcset=\"https:\/\/loudavymkrokem.cz\/wp-content\/uploads\/2026\/08\/nemecko-clanky-co-videt-v-hamburku-05.jpg 1800w, https:\/\/loudavymkrokem.cz\/wp-content\/uploads\/2026\/08\/nemecko-clanky-co-videt-v-hamburku-05-300x200.jpg 300w, https:\/\/loudavymkrokem.cz\/wp-content\/uploads\/2026\/08\/nemecko-clanky-co-videt-v-hamburku-05-700x467.jpg 700w, https:\/\/loudavymkrokem.cz\/wp-content\/uploads\/2026\/08\/nemecko-clanky-co-videt-v-hamburku-05-768x512.jpg 768w, https:\/\/loudavymkrokem.cz\/wp-content\/uploads\/2026\/08\/nemecko-clanky-co-videt-v-hamburku-05-1536x1024.jpg 1536w, https:\/\/loudavymkrokem.cz\/wp-content\/uploads\/2026\/08\/nemecko-clanky-co-videt-v-hamburku-05-696x464.jpg 696w, https:\/\/loudavymkrokem.cz\/wp-content\/uploads\/2026\/08\/nemecko-clanky-co-videt-v-hamburku-05-1392x928.jpg 1392w\" sizes=\"(max-width: 1800px) 100vw, 1800px\" \/><button\n\t\t\tclass=\"lightbox-trigger\"\n\t\t\ttype=\"button\"\n\t\t\taria-haspopup=\"dialog\"\n\t\t\tdata-wp-bind--aria-label=\"state.thisImage.triggerButtonAriaLabel\"\n\t\t\tdata-wp-init=\"callbacks.initTriggerButton\"\n\t\t\tdata-wp-on--click=\"actions.showLightbox\"\n\t\t\tdata-wp-style--right=\"state.thisImage.buttonRight\"\n\t\t\tdata-wp-style--top=\"state.thisImage.buttonTop\"\n\t\t>\n\t\t\t<svg xmlns=\"http:\/\/www.w3.org\/2000\/svg\" width=\"12\" height=\"12\" fill=\"none\" viewBox=\"0 0 12 12\">\n\t\t\t\t<path fill=\"#fff\" d=\"M2 0a2 2 0 0 0-2 2v2h1.5V2a.5.5 0 0 1 .5-.5h2V0H2Zm2 10.5H2a.5.5 0 0 1-.5-.5V8H0v2a2 2 0 0 0 2 2h2v-1.5ZM8 12v-1.5h2a.5.5 0 0 0 .5-.5V8H12v2a2 2 0 0 1-2 2H8Zm2-12a2 2 0 0 1 2 2v2h-1.5V2a.5.5 0 0 0-.5-.5H8V0h2Z\" \/>\n\t\t\t<\/svg>\n\t\t<\/button><figcaption class=\"wp-element-caption\">Foto: Dietmar Rabich \/ Wikimedia Commons, CC BY-SA 4.0<\/figcaption><\/figure>\n\n\n\n<h3 class=\"wp-block-heading\"><span class=\"ez-toc-section\" id=\"1_Speicherstadt\"><\/span>1. Speicherstadt<span class=\"ez-toc-section-end\"><\/span><\/h3>\n\n\n\n<p class=\"wp-block-paragraph\">Cel mai mare complex continuu de depozite istorice din lume este dominanta absolut\u0103 a ora\u0219ului \u0219i <strong>se m\u00e2ndre\u0219te pe drept cu \u00eenscrierea pe lista patrimoniului mondial UNESCO<\/strong>. \u00centregul cartier este str\u0103b\u0103tut de o re\u021bea de canale de ap\u0103, deasupra c\u0103rora se \u00eenal\u021b\u0103 cl\u0103diri masive de c\u0103r\u0103mid\u0103 ro\u0219ie, \u00eencununate cu acoperi\u0219uri tipice de cupru \u0219i frontoane ornamentale neogotice. Plimbarea pe aceste uli\u021be este complet gratuit\u0103 \u0219i te \u00eenv\u0103luie atmosfera autentic\u0103 a vremurilor \u00een care se depozitau aici, la scar\u0103 mare, cafea, cacao, covoare orientale \u0219i mirodenii scumpe din toat\u0103 lumea.<\/p>\n\n\n\n<p class=\"wp-block-paragraph\">Complexul a fost construit la sf\u00e2r\u0219itul secolului al XIX-lea, iar cl\u0103dirile sale stau pe mii de piloni de stejar \u00eenfip\u021bi ad\u00e2nc \u00een m\u00e2lul r\u00e2ului. <strong>Neap\u0103rat mergi s\u0103 vezi a\u0219a-numitul Wasserschloss, adic\u0103 Castelul de Ap\u0103<\/strong>, o cl\u0103dire extrem de fotogenic\u0103 aflat\u0103 exact la confluen\u021ba a dou\u0103 canale, \u00een care ast\u0103zi func\u021bioneaz\u0103 o ceain\u0103rie primitoare. O plimbare printre aceste cl\u0103diri maiestuoase te transport\u0103 literalmente \u00een vremurile de glorie ale negustorilor hanseatici.<\/p>\n\n\n\n<p class=\"wp-block-paragraph\">\ud83d\udca1 Sfat: <strong>Cea mai fotogenic\u0103 este \u00eentreaga zon\u0103 imediat dup\u0103 apus<\/strong>, c\u00e2nd se aprinde iluminatul romantic de sear\u0103. Zidurile de c\u0103r\u0103mid\u0103 \u0219i podurile \u00eencep s\u0103 se oglindeasc\u0103 superb pe apa \u00eentunecat\u0103 a canalelor, ceea ce creeaz\u0103 un spectacol absolut magic.<\/p>\n\n\n\n<figure data-wp-context=\"{&quot;imageId&quot;:&quot;6a9556fe1d4d9&quot;}\" data-wp-interactive=\"core\/image\" data-wp-key=\"6a9556fe1d4d9\" class=\"wp-block-image size-full wp-lightbox-container\"><img decoding=\"async\" width=\"1800\" height=\"1192\" data-wp-class--hide=\"state.isContentHidden\" data-wp-class--show=\"state.isContentVisible\" data-wp-init=\"callbacks.setButtonStyles\" data-wp-on--click=\"actions.showLightbox\" data-wp-on--load=\"callbacks.setButtonStyles\" data-wp-on--pointerdown=\"actions.preloadImage\" data-wp-on--pointerenter=\"actions.preloadImageWithDelay\" data-wp-on--pointerleave=\"actions.cancelPreload\" data-wp-on-window--resize=\"callbacks.setButtonStyles\" src=\"https:\/\/loudavymkrokem.cz\/wp-content\/uploads\/2026\/08\/nemecko-clanky-co-videt-v-hamburku-06.jpg\" alt=\"Calea ferat\u0103 \u00een miniatur\u0103 din Miniatur Wunderland\" class=\"wp-image-398123\" title=\"\" srcset=\"https:\/\/loudavymkrokem.cz\/wp-content\/uploads\/2026\/08\/nemecko-clanky-co-videt-v-hamburku-06.jpg 1800w, https:\/\/loudavymkrokem.cz\/wp-content\/uploads\/2026\/08\/nemecko-clanky-co-videt-v-hamburku-06-300x199.jpg 300w, https:\/\/loudavymkrokem.cz\/wp-content\/uploads\/2026\/08\/nemecko-clanky-co-videt-v-hamburku-06-700x464.jpg 700w, https:\/\/loudavymkrokem.cz\/wp-content\/uploads\/2026\/08\/nemecko-clanky-co-videt-v-hamburku-06-768x509.jpg 768w, https:\/\/loudavymkrokem.cz\/wp-content\/uploads\/2026\/08\/nemecko-clanky-co-videt-v-hamburku-06-1536x1017.jpg 1536w, https:\/\/loudavymkrokem.cz\/wp-content\/uploads\/2026\/08\/nemecko-clanky-co-videt-v-hamburku-06-696x461.jpg 696w, https:\/\/loudavymkrokem.cz\/wp-content\/uploads\/2026\/08\/nemecko-clanky-co-videt-v-hamburku-06-1392x922.jpg 1392w\" sizes=\"(max-width: 1800px) 100vw, 1800px\" \/><button\n\t\t\tclass=\"lightbox-trigger\"\n\t\t\ttype=\"button\"\n\t\t\taria-haspopup=\"dialog\"\n\t\t\tdata-wp-bind--aria-label=\"state.thisImage.triggerButtonAriaLabel\"\n\t\t\tdata-wp-init=\"callbacks.initTriggerButton\"\n\t\t\tdata-wp-on--click=\"actions.showLightbox\"\n\t\t\tdata-wp-style--right=\"state.thisImage.buttonRight\"\n\t\t\tdata-wp-style--top=\"state.thisImage.buttonTop\"\n\t\t>\n\t\t\t<svg xmlns=\"http:\/\/www.w3.org\/2000\/svg\" width=\"12\" height=\"12\" fill=\"none\" viewBox=\"0 0 12 12\">\n\t\t\t\t<path fill=\"#fff\" d=\"M2 0a2 2 0 0 0-2 2v2h1.5V2a.5.5 0 0 1 .5-.5h2V0H2Zm2 10.5H2a.5.5 0 0 1-.5-.5V8H0v2a2 2 0 0 0 2 2h2v-1.5ZM8 12v-1.5h2a.5.5 0 0 0 .5-.5V8H12v2a2 2 0 0 1-2 2H8Zm2-12a2 2 0 0 1 2 2v2h-1.5V2a.5.5 0 0 0-.5-.5H8V0h2Z\" \/>\n\t\t\t<\/svg>\n\t\t<\/button><figcaption class=\"wp-element-caption\">Foto: Steven Lek \/ Wikimedia Commons, CC BY-SA 4.0<\/figcaption><\/figure>\n\n\n\n<h3 class=\"wp-block-heading\"><span class=\"ez-toc-section\" id=\"2_Miniatur_Wunderland\"><\/span>2. Miniatur Wunderland<span class=\"ez-toc-section-end\"><\/span><\/h3>\n\n\n\n<p class=\"wp-block-paragraph\">Cea mai mare cale ferat\u0103 \u00een miniatur\u0103 din lume se afl\u0103 chiar \u00een inima cartierului Speicherstadt \u0219i \u00eei entuziasmeaz\u0103 sigur at\u00e2t pe adul\u021bi, c\u00e2t \u0219i pe copii, indiferent de v\u00e2rst\u0103. <strong>Aceast\u0103 atrac\u021bie fascinant\u0103 cre\u0219te ne\u00eencetat, iar p\u00e2n\u0103 \u00een 2026 te po\u021bi bucura de sec\u021biuni complet noi<\/strong>, care includ modele detaliate ale p\u0103durii tropicale, o bucat\u0103 din mun\u021bii Anzi sau, de exemplu, aridul de\u0219ert Atacama. Fiecare detaliu este elaborat p\u00e2n\u0103 la perfec\u021biune, iar la intervale regulate de cincisprezece minute se schimb\u0103 ziua cu noaptea, a\u0219a c\u0103 vei vedea toate or\u0103\u0219elele minunat iluminate.<\/p>\n\n\n\n<p class=\"wp-block-paragraph\">Biletul pentru un adult <strong>cost\u0103 aproximativ 25 de euro, iar vizita \u00ee\u021bi poate lua lejer o jum\u0103tate de zi<\/strong>, dac\u0103 vrei s\u0103 vezi totul cum trebuie \u0219i \u00een tihn\u0103. Vei admira aeroportul miniatural cu avioane care chiar decoleaz\u0103 \u0219i aterizeaz\u0103, s\u0103tucuri alpine detaliate, Scandinavia \u00eenz\u0103pezit\u0103 \u0219i ora\u0219e animate pline de figurine mici cu propriile lor pove\u0219ti amuzante. Creatorii locali au un sim\u021b al umorului uria\u0219, a\u0219a c\u0103 dac\u0103 te ui\u021bi cu aten\u021bie, vei descoperi o mul\u021bime de scene hazlii din via\u021b\u0103.<\/p>\n\n\n\n<p class=\"wp-block-paragraph\">\ud83d\udca1 Sfat: <strong>Rezervarea online a biletului cu or\u0103 fix\u0103 este o necesitate absolut\u0103<\/strong>, pentru c\u0103 \u00een sezonul de v\u00e2rf se vinde totul chiar \u0219i cu c\u00e2teva s\u0103pt\u0103m\u00e2ni \u00eenainte. Pe loc pur \u0219i simplu nu g\u0103se\u0219ti bilete, iar ar fi mare p\u0103cat s\u0103 ratezi aceast\u0103 experien\u021b\u0103.<\/p>\n\n\n\n<figure data-wp-context=\"{&quot;imageId&quot;:&quot;6a9556fe1dcdd&quot;}\" data-wp-interactive=\"core\/image\" data-wp-key=\"6a9556fe1dcdd\" class=\"wp-block-image size-full wp-lightbox-container\"><img decoding=\"async\" width=\"1800\" height=\"1800\" data-wp-class--hide=\"state.isContentHidden\" data-wp-class--show=\"state.isContentVisible\" data-wp-init=\"callbacks.setButtonStyles\" data-wp-on--click=\"actions.showLightbox\" data-wp-on--load=\"callbacks.setButtonStyles\" data-wp-on--pointerdown=\"actions.preloadImage\" data-wp-on--pointerenter=\"actions.preloadImageWithDelay\" data-wp-on--pointerleave=\"actions.cancelPreload\" data-wp-on-window--resize=\"callbacks.setButtonStyles\" src=\"https:\/\/loudavymkrokem.cz\/wp-content\/uploads\/2026\/08\/nemecko-clanky-co-videt-v-hamburku-07.jpg\" alt=\"Cl\u0103direa Elbphilharmonie deasupra portului\" class=\"wp-image-398583\" title=\"\" srcset=\"https:\/\/loudavymkrokem.cz\/wp-content\/uploads\/2026\/08\/nemecko-clanky-co-videt-v-hamburku-07.jpg 1800w, https:\/\/loudavymkrokem.cz\/wp-content\/uploads\/2026\/08\/nemecko-clanky-co-videt-v-hamburku-07-300x300.jpg 300w, https:\/\/loudavymkrokem.cz\/wp-content\/uploads\/2026\/08\/nemecko-clanky-co-videt-v-hamburku-07-700x700.jpg 700w, https:\/\/loudavymkrokem.cz\/wp-content\/uploads\/2026\/08\/nemecko-clanky-co-videt-v-hamburku-07-150x150.jpg 150w, https:\/\/loudavymkrokem.cz\/wp-content\/uploads\/2026\/08\/nemecko-clanky-co-videt-v-hamburku-07-768x768.jpg 768w, https:\/\/loudavymkrokem.cz\/wp-content\/uploads\/2026\/08\/nemecko-clanky-co-videt-v-hamburku-07-1536x1536.jpg 1536w, https:\/\/loudavymkrokem.cz\/wp-content\/uploads\/2026\/08\/nemecko-clanky-co-videt-v-hamburku-07-696x696.jpg 696w, https:\/\/loudavymkrokem.cz\/wp-content\/uploads\/2026\/08\/nemecko-clanky-co-videt-v-hamburku-07-1392x1392.jpg 1392w\" sizes=\"(max-width: 1800px) 100vw, 1800px\" \/><button\n\t\t\tclass=\"lightbox-trigger\"\n\t\t\ttype=\"button\"\n\t\t\taria-haspopup=\"dialog\"\n\t\t\tdata-wp-bind--aria-label=\"state.thisImage.triggerButtonAriaLabel\"\n\t\t\tdata-wp-init=\"callbacks.initTriggerButton\"\n\t\t\tdata-wp-on--click=\"actions.showLightbox\"\n\t\t\tdata-wp-style--right=\"state.thisImage.buttonRight\"\n\t\t\tdata-wp-style--top=\"state.thisImage.buttonTop\"\n\t\t>\n\t\t\t<svg xmlns=\"http:\/\/www.w3.org\/2000\/svg\" width=\"12\" height=\"12\" fill=\"none\" viewBox=\"0 0 12 12\">\n\t\t\t\t<path fill=\"#fff\" d=\"M2 0a2 2 0 0 0-2 2v2h1.5V2a.5.5 0 0 1 .5-.5h2V0H2Zm2 10.5H2a.5.5 0 0 1-.5-.5V8H0v2a2 2 0 0 0 2 2h2v-1.5ZM8 12v-1.5h2a.5.5 0 0 0 .5-.5V8H12v2a2 2 0 0 1-2 2H8Zm2-12a2 2 0 0 1 2 2v2h-1.5V2a.5.5 0 0 0-.5-.5H8V0h2Z\" \/>\n\t\t\t<\/svg>\n\t\t<\/button><figcaption class=\"wp-element-caption\">Foto: Dietmar Rabich \/ Wikimedia Commons, CC BY-SA 4.0<\/figcaption><\/figure>\n\n\n\n<h3 class=\"wp-block-heading\"><span class=\"ez-toc-section\" id=\"3_Elbphilharmonie\"><\/span>3. Elbphilharmonie<span class=\"ez-toc-section-end\"><\/span><\/h3>\n\n\n\n<p class=\"wp-block-paragraph\">Iconica cl\u0103dire a s\u0103lii de concerte, care prin forma sa aminte\u0219te de ni\u0219te vele \u00eentinse sau de valuri agitate, a devenit de la deschiderea sa un simbol modern al ora\u0219ului. <strong>Partea inferioar\u0103 este un vechi depozit de c\u0103r\u0103mid\u0103, pe care st\u0103 a\u0219ezat\u0103 o superstructur\u0103 de sticl\u0103 uimitoare<\/strong>, ce reflect\u0103 frumos cerul \u0219i apa din jur \u0219i \u00ee\u0219i schimb\u0103 culoarea \u00een func\u021bie de vremea de moment. Din punct de vedere arhitectural este o bijuterie absolut\u0103, care domin\u0103 \u00eentregul port \u0219i atrage privirile tuturor vizitatorilor \u00eenc\u0103 de la distan\u021b\u0103.<\/p>\n\n\n\n<p class=\"wp-block-paragraph\">Chiar \u00eentre partea de c\u0103r\u0103mid\u0103 \u0219i cea de sticl\u0103 se afl\u0103 <strong>a\u0219a-numita Plaza, o teras\u0103 panoramic\u0103 deschis\u0103 publicului, cu o priveli\u0219te fantastic\u0103 asupra ora\u0219ului \u0219i a macaralelor uria\u0219e din dep\u0103rtare<\/strong>. Te po\u021bi plimba de jur \u00eemprejurul cl\u0103dirii \u0219i po\u021bi urm\u0103ri forfota de pe r\u00e2u \u0219i turnurile bisericilor istorice. Sus te duce o scar\u0103 rulant\u0103 curbat\u0103 unic\u0103, lung\u0103 de peste optzeci de metri, care este ea \u00eens\u0103\u0219i o experien\u021b\u0103 arhitectural\u0103 uria\u0219\u0103, pentru c\u0103 din cauza curburii nu-i vezi deloc cap\u0103tul.<\/p>\n\n\n\n<p class=\"wp-block-paragraph\">\ud83d\udca1 Sfat: <strong>Intrarea pe terasa panoramic\u0103 este gratuit\u0103, dar trebuie s\u0103 \u00ee\u021bi rezervi din timp un interval orar<\/strong> pe site-ul oficial. F\u0103r\u0103 o rezervare valabil\u0103, din p\u0103cate nu te las\u0103 la scara rulant\u0103 \u00een arc \u0219i ar trebui s\u0103 speri c\u0103 mai e loc la cas\u0103.<\/p>\n\n\n\n<figure data-wp-context=\"{&quot;imageId&quot;:&quot;6a9556fe1e3e3&quot;}\" data-wp-interactive=\"core\/image\" data-wp-key=\"6a9556fe1e3e3\" class=\"wp-block-image size-full wp-lightbox-container\"><img decoding=\"async\" width=\"1800\" height=\"1350\" data-wp-class--hide=\"state.isContentHidden\" data-wp-class--show=\"state.isContentVisible\" data-wp-init=\"callbacks.setButtonStyles\" data-wp-on--click=\"actions.showLightbox\" data-wp-on--load=\"callbacks.setButtonStyles\" data-wp-on--pointerdown=\"actions.preloadImage\" data-wp-on--pointerenter=\"actions.preloadImageWithDelay\" data-wp-on--pointerleave=\"actions.cancelPreload\" data-wp-on-window--resize=\"callbacks.setButtonStyles\" src=\"https:\/\/loudavymkrokem.cz\/wp-content\/uploads\/2026\/08\/nemecko-clanky-co-videt-v-hamburku-08.jpg\" alt=\"Faleza din HafenCity\" class=\"wp-image-398815\" title=\"\" srcset=\"https:\/\/loudavymkrokem.cz\/wp-content\/uploads\/2026\/08\/nemecko-clanky-co-videt-v-hamburku-08.jpg 1800w, https:\/\/loudavymkrokem.cz\/wp-content\/uploads\/2026\/08\/nemecko-clanky-co-videt-v-hamburku-08-300x225.jpg 300w, https:\/\/loudavymkrokem.cz\/wp-content\/uploads\/2026\/08\/nemecko-clanky-co-videt-v-hamburku-08-700x525.jpg 700w, https:\/\/loudavymkrokem.cz\/wp-content\/uploads\/2026\/08\/nemecko-clanky-co-videt-v-hamburku-08-768x576.jpg 768w, https:\/\/loudavymkrokem.cz\/wp-content\/uploads\/2026\/08\/nemecko-clanky-co-videt-v-hamburku-08-1536x1152.jpg 1536w, https:\/\/loudavymkrokem.cz\/wp-content\/uploads\/2026\/08\/nemecko-clanky-co-videt-v-hamburku-08-80x60.jpg 80w, https:\/\/loudavymkrokem.cz\/wp-content\/uploads\/2026\/08\/nemecko-clanky-co-videt-v-hamburku-08-160x120.jpg 160w, https:\/\/loudavymkrokem.cz\/wp-content\/uploads\/2026\/08\/nemecko-clanky-co-videt-v-hamburku-08-696x522.jpg 696w, https:\/\/loudavymkrokem.cz\/wp-content\/uploads\/2026\/08\/nemecko-clanky-co-videt-v-hamburku-08-1392x1044.jpg 1392w\" sizes=\"(max-width: 1800px) 100vw, 1800px\" \/><button\n\t\t\tclass=\"lightbox-trigger\"\n\t\t\ttype=\"button\"\n\t\t\taria-haspopup=\"dialog\"\n\t\t\tdata-wp-bind--aria-label=\"state.thisImage.triggerButtonAriaLabel\"\n\t\t\tdata-wp-init=\"callbacks.initTriggerButton\"\n\t\t\tdata-wp-on--click=\"actions.showLightbox\"\n\t\t\tdata-wp-style--right=\"state.thisImage.buttonRight\"\n\t\t\tdata-wp-style--top=\"state.thisImage.buttonTop\"\n\t\t>\n\t\t\t<svg xmlns=\"http:\/\/www.w3.org\/2000\/svg\" width=\"12\" height=\"12\" fill=\"none\" viewBox=\"0 0 12 12\">\n\t\t\t\t<path fill=\"#fff\" d=\"M2 0a2 2 0 0 0-2 2v2h1.5V2a.5.5 0 0 1 .5-.5h2V0H2Zm2 10.5H2a.5.5 0 0 1-.5-.5V8H0v2a2 2 0 0 0 2 2h2v-1.5ZM8 12v-1.5h2a.5.5 0 0 0 .5-.5V8H12v2a2 2 0 0 1-2 2H8Zm2-12a2 2 0 0 1 2 2v2h-1.5V2a.5.5 0 0 0-.5-.5H8V0h2Z\" \/>\n\t\t\t<\/svg>\n\t\t<\/button><figcaption class=\"wp-element-caption\">Foto: Miwa \/ Pexels<\/figcaption><\/figure>\n\n\n\n<h3 class=\"wp-block-heading\"><span class=\"ez-toc-section\" id=\"4_Cartierul_modern_HafenCity\"><\/span>4. Cartierul modern HafenCity<span class=\"ez-toc-section-end\"><\/span><\/h3>\n\n\n\n<p class=\"wp-block-paragraph\">Chiar \u00een vecin\u0103tatea istoricului Speicherstadt cre\u0219te cel mai mare proiect european de dezvoltare urban\u0103, care schimb\u0103 complet fa\u021ba vechiului port. <strong>HafenCity este o parad\u0103 a arhitecturii moderne de v\u00e2rf, unde fiecare cl\u0103dire a ap\u0103rut sub m\u00e2na unor arhitec\u021bi recunoscu\u021bi la nivel mondial<\/strong>, \u0219i formeaz\u0103 un contrast incredibil cu depozitele de c\u0103r\u0103mid\u0103 din apropiere. G\u0103se\u0219ti aici promenade late de-a lungul apei, blocuri reziden\u021biale moderne, birouri de lux din sticl\u0103, cafenele stilate \u0219i poduri futuriste care leag\u0103 micile insule.<\/p>\n\n\n\n<p class=\"wp-block-paragraph\">Toat\u0103 aceast\u0103 zon\u0103 uria\u0219\u0103, <strong>inclusiv vizita la Elbphilharmonie, Speicherstadt \u0219i Miniatur Wunderland, \u00ee\u021bi va ocupa sigur o zi \u00eentreag\u0103<\/strong>. Merit\u0103 cu adev\u0103rat s\u0103 vii aici cu pantofi confortabili \u0219i s\u0103 nu \u00ee\u021bi planifici \u00een aceea\u0219i zi deplas\u0103ri mari spre p\u0103r\u021bi mai \u00eendep\u0103rtate ale ora\u0219ului. Este fascinant s\u0103 observi cum a reu\u0219it ora\u0219ul s\u0103 fac\u0103 fa\u021b\u0103 amenin\u021b\u0103rii inunda\u021biilor, pentru c\u0103 toate cl\u0103dirile \u0219i promenadele noi sunt ridicate pe soclu special.<\/p>\n\n\n\n<p class=\"wp-block-paragraph\">\ud83d\udca1 Sfat: <strong>Opre\u0219te-te la a\u0219a-numitele Terase Magellan<\/strong>, o pia\u021b\u0103 \u00een cascad\u0103 care coboar\u0103 direct spre ap\u0103. Este locul ideal pentru a te odihni cu un pahar de cafea bun\u0103 \u0219i a urm\u0103ri b\u0103rcile ce trec.<\/p>\n\n\n\n<figure data-wp-context=\"{&quot;imageId&quot;:&quot;6a9556fe1ea99&quot;}\" data-wp-interactive=\"core\/image\" data-wp-key=\"6a9556fe1ea99\" class=\"wp-block-image size-full wp-lightbox-container\"><img decoding=\"async\" width=\"1800\" height=\"1195\" data-wp-class--hide=\"state.isContentHidden\" data-wp-class--show=\"state.isContentVisible\" data-wp-init=\"callbacks.setButtonStyles\" data-wp-on--click=\"actions.showLightbox\" data-wp-on--load=\"callbacks.setButtonStyles\" data-wp-on--pointerdown=\"actions.preloadImage\" data-wp-on--pointerenter=\"actions.preloadImageWithDelay\" data-wp-on--pointerleave=\"actions.cancelPreload\" data-wp-on-window--resize=\"callbacks.setButtonStyles\" src=\"https:\/\/loudavymkrokem.cz\/wp-content\/uploads\/2026\/08\/nemecko-clanky-co-videt-v-hamburku-09.jpg\" alt=\"Muzeul Maritim Interna\u021bional din Hamburg\" class=\"wp-image-398820\" title=\"\" srcset=\"https:\/\/loudavymkrokem.cz\/wp-content\/uploads\/2026\/08\/nemecko-clanky-co-videt-v-hamburku-09.jpg 1800w, https:\/\/loudavymkrokem.cz\/wp-content\/uploads\/2026\/08\/nemecko-clanky-co-videt-v-hamburku-09-300x199.jpg 300w, https:\/\/loudavymkrokem.cz\/wp-content\/uploads\/2026\/08\/nemecko-clanky-co-videt-v-hamburku-09-700x465.jpg 700w, https:\/\/loudavymkrokem.cz\/wp-content\/uploads\/2026\/08\/nemecko-clanky-co-videt-v-hamburku-09-768x510.jpg 768w, https:\/\/loudavymkrokem.cz\/wp-content\/uploads\/2026\/08\/nemecko-clanky-co-videt-v-hamburku-09-1536x1020.jpg 1536w, https:\/\/loudavymkrokem.cz\/wp-content\/uploads\/2026\/08\/nemecko-clanky-co-videt-v-hamburku-09-696x462.jpg 696w, https:\/\/loudavymkrokem.cz\/wp-content\/uploads\/2026\/08\/nemecko-clanky-co-videt-v-hamburku-09-1392x924.jpg 1392w\" sizes=\"(max-width: 1800px) 100vw, 1800px\" \/><button\n\t\t\tclass=\"lightbox-trigger\"\n\t\t\ttype=\"button\"\n\t\t\taria-haspopup=\"dialog\"\n\t\t\tdata-wp-bind--aria-label=\"state.thisImage.triggerButtonAriaLabel\"\n\t\t\tdata-wp-init=\"callbacks.initTriggerButton\"\n\t\t\tdata-wp-on--click=\"actions.showLightbox\"\n\t\t\tdata-wp-style--right=\"state.thisImage.buttonRight\"\n\t\t\tdata-wp-style--top=\"state.thisImage.buttonTop\"\n\t\t>\n\t\t\t<svg xmlns=\"http:\/\/www.w3.org\/2000\/svg\" width=\"12\" height=\"12\" fill=\"none\" viewBox=\"0 0 12 12\">\n\t\t\t\t<path fill=\"#fff\" d=\"M2 0a2 2 0 0 0-2 2v2h1.5V2a.5.5 0 0 1 .5-.5h2V0H2Zm2 10.5H2a.5.5 0 0 1-.5-.5V8H0v2a2 2 0 0 0 2 2h2v-1.5ZM8 12v-1.5h2a.5.5 0 0 0 .5-.5V8H12v2a2 2 0 0 1-2 2H8Zm2-12a2 2 0 0 1 2 2v2h-1.5V2a.5.5 0 0 0-.5-.5H8V0h2Z\" \/>\n\t\t\t<\/svg>\n\t\t<\/button><figcaption class=\"wp-element-caption\">Foto: Frank Schulenburg \/ Wikimedia Commons, CC BY-SA 4.0<\/figcaption><\/figure>\n\n\n\n<h3 class=\"wp-block-heading\"><span class=\"ez-toc-section\" id=\"5_International_Maritime_Museum\"><\/span>5. International Maritime Museum<span class=\"ez-toc-section-end\"><\/span><\/h3>\n\n\n\n<p class=\"wp-block-paragraph\">Dac\u0103 te fascineaz\u0103 naviga\u021bia \u0219i istoria descoperirilor maritime, acest muzeu g\u0103zduit \u00een uria\u0219ul depozit istoric Kaispeicher B te va absorbi complet. <strong>Expozi\u021bia se \u00eentinde pe incredibile nou\u0103 etaje \u0219i prezint\u0103 mii de machete precise de nave<\/strong>, h\u0103r\u021bi maritime, uniforme, elice de vapor \u0219i instrumente istorice de naviga\u021bie din toat\u0103 lumea. Colec\u021bia este at\u00e2t de vast\u0103, \u00eenc\u00e2t cartografiaz\u0103 \u00eentreaga istorie a cuceririi oceanelor de c\u0103tre om, de la antichitate, trec\u00e2nd prin b\u0103t\u0103lii celebre, p\u00e2n\u0103 la navele uria\u0219e de containere de ast\u0103zi.<\/p>\n\n\n\n<p class=\"wp-block-paragraph\">Vizita este conceput\u0103 foarte interactiv, a\u0219a c\u0103 <strong>po\u021bi \u00eencerca un simulator de comand\u0103 a unei nave moderne sau po\u021bi vedea \u00een detaliu cabinele reconstruite ale unor pacheboturi transatlantice<\/strong>. Muzeul este o alegere absolut excelent\u0103 \u0219i pentru zilele ploioase, care sunt destul de dese \u00een nordul Germaniei, \u0219i va distra garantat toat\u0103 familia timp de multe ore.<\/p>\n\n\n\n<p class=\"wp-block-paragraph\">\ud83d\udca1 Sfat: <strong>Pentru o vizit\u0103 temeinic\u0103 a tuturor celor nou\u0103 pun\u021bi, rezerv\u0103-\u021bi cel pu\u021bin trei-patru ore<\/strong>. Dac\u0103 te gr\u0103be\u0219ti, concentreaz\u0103-te mai ales pe etajele dedicate transportului naval modern \u0219i marilor veliere, care sunt de obicei cele mai atractive vizual.<\/p>\n\n\n\n<figure data-wp-context=\"{&quot;imageId&quot;:&quot;6a9556fe1f17f&quot;}\" data-wp-interactive=\"core\/image\" data-wp-key=\"6a9556fe1f17f\" class=\"wp-block-image size-full wp-lightbox-container\"><img decoding=\"async\" width=\"1800\" height=\"1200\" data-wp-class--hide=\"state.isContentHidden\" data-wp-class--show=\"state.isContentVisible\" data-wp-init=\"callbacks.setButtonStyles\" data-wp-on--click=\"actions.showLightbox\" data-wp-on--load=\"callbacks.setButtonStyles\" data-wp-on--pointerdown=\"actions.preloadImage\" data-wp-on--pointerenter=\"actions.preloadImageWithDelay\" data-wp-on--pointerleave=\"actions.cancelPreload\" data-wp-on-window--resize=\"callbacks.setButtonStyles\" src=\"https:\/\/loudavymkrokem.cz\/wp-content\/uploads\/2026\/08\/nemecko-clanky-co-videt-v-hamburku-10.jpg\" alt=\"Feribotul pe Elba \u00een Hamburg\" class=\"wp-image-398961\" title=\"\" srcset=\"https:\/\/loudavymkrokem.cz\/wp-content\/uploads\/2026\/08\/nemecko-clanky-co-videt-v-hamburku-10.jpg 1800w, https:\/\/loudavymkrokem.cz\/wp-content\/uploads\/2026\/08\/nemecko-clanky-co-videt-v-hamburku-10-300x200.jpg 300w, https:\/\/loudavymkrokem.cz\/wp-content\/uploads\/2026\/08\/nemecko-clanky-co-videt-v-hamburku-10-700x467.jpg 700w, https:\/\/loudavymkrokem.cz\/wp-content\/uploads\/2026\/08\/nemecko-clanky-co-videt-v-hamburku-10-768x512.jpg 768w, https:\/\/loudavymkrokem.cz\/wp-content\/uploads\/2026\/08\/nemecko-clanky-co-videt-v-hamburku-10-1536x1024.jpg 1536w, https:\/\/loudavymkrokem.cz\/wp-content\/uploads\/2026\/08\/nemecko-clanky-co-videt-v-hamburku-10-696x464.jpg 696w, https:\/\/loudavymkrokem.cz\/wp-content\/uploads\/2026\/08\/nemecko-clanky-co-videt-v-hamburku-10-1392x928.jpg 1392w\" sizes=\"(max-width: 1800px) 100vw, 1800px\" \/><button\n\t\t\tclass=\"lightbox-trigger\"\n\t\t\ttype=\"button\"\n\t\t\taria-haspopup=\"dialog\"\n\t\t\tdata-wp-bind--aria-label=\"state.thisImage.triggerButtonAriaLabel\"\n\t\t\tdata-wp-init=\"callbacks.initTriggerButton\"\n\t\t\tdata-wp-on--click=\"actions.showLightbox\"\n\t\t\tdata-wp-style--right=\"state.thisImage.buttonRight\"\n\t\t\tdata-wp-style--top=\"state.thisImage.buttonTop\"\n\t\t>\n\t\t\t<svg xmlns=\"http:\/\/www.w3.org\/2000\/svg\" width=\"12\" height=\"12\" fill=\"none\" viewBox=\"0 0 12 12\">\n\t\t\t\t<path fill=\"#fff\" d=\"M2 0a2 2 0 0 0-2 2v2h1.5V2a.5.5 0 0 1 .5-.5h2V0H2Zm2 10.5H2a.5.5 0 0 1-.5-.5V8H0v2a2 2 0 0 0 2 2h2v-1.5ZM8 12v-1.5h2a.5.5 0 0 0 .5-.5V8H12v2a2 2 0 0 1-2 2H8Zm2-12a2 2 0 0 1 2 2v2h-1.5V2a.5.5 0 0 0-.5-.5H8V0h2Z\" \/>\n\t\t\t<\/svg>\n\t\t<\/button><figcaption class=\"wp-element-caption\">Foto: Dietmar Rabich \/ Wikimedia Commons, CC BY-SA 4.0<\/figcaption><\/figure>\n\n\n\n<h3 class=\"wp-block-heading\"><span class=\"ez-toc-section\" id=\"6_Feribotul_linia_62_ca_o_croaziera_panoramica\"><\/span>6. Feribotul linia 62 ca o croazier\u0103 panoramic\u0103<span class=\"ez-toc-section-end\"><\/span><\/h3>\n\n\n\n<p class=\"wp-block-paragraph\">S\u0103 experimentezi ora\u0219ul de pe ap\u0103 este o necesitate absolut\u0103, dar nu trebuie neap\u0103rat s\u0103 cumperi bilete scumpe la vapoarele comerciale de croazier\u0103. <strong>Cel mai bun sfat secret este s\u0103 folose\u0219ti obi\u0219nuitul feribot galben cu num\u0103rul 62<\/strong>, care func\u021bioneaz\u0103 ca parte a transportului public urban \u0219i pe care e valabil biletul standard de o zi. Feribotul pleac\u0103 din portul principal Landungsbr\u00fccken \u0219i se \u00eendreapt\u0103 spre insula Finkenwerder, iar traversarea \u00eentr-un singur sens dureaz\u0103 aproximativ treizeci de minute.<\/p>\n\n\n\n<p class=\"wp-block-paragraph\">Aceast\u0103 rut\u0103 <strong>te plimb\u0103 pe l\u00e2ng\u0103 cele mai mari dominante portuare, renumita pia\u021b\u0103 de pe\u0219te \u0219i \u0219antierele navale uria\u0219e<\/strong>, a\u0219a c\u0103 \u00ee\u021bi faci o imagine fantastic\u0103 asupra dimensiunii masive a \u00eentregului port. Este cel mai bun raport pre\u021b-experien\u021b\u0103 pe care \u00eel po\u021bi ob\u021bine \u00een ora\u0219, iar pe drum vei vedea \u0219i docurile imense unde se repar\u0103 cele mai mari nave din lume.<\/p>\n\n\n\n<p class=\"wp-block-paragraph\">\ud83d\udca1 Sfat: <strong>\u00cencearc\u0103 s\u0103 prinzi pe nav\u0103 un loc pe puntea superioar\u0103 deschis\u0103, chiar l\u00e2ng\u0103 balustrad\u0103<\/strong>, de unde se fotografiaz\u0103 cel mai bine. Drumul de \u00eentoarcere \u00eel po\u021bi face cu aceea\u0219i nav\u0103 sau po\u021bi face o plimbare pe plaja de nisip Elbstrand, la sta\u021bia Neum\u00fchlen.<\/p>\n\n\n\n<figure data-wp-context=\"{&quot;imageId&quot;:&quot;6a9556fe1f851&quot;}\" data-wp-interactive=\"core\/image\" data-wp-key=\"6a9556fe1f851\" class=\"wp-block-image size-full wp-lightbox-container\"><img decoding=\"async\" width=\"1800\" height=\"1193\" data-wp-class--hide=\"state.isContentHidden\" data-wp-class--show=\"state.isContentVisible\" data-wp-init=\"callbacks.setButtonStyles\" data-wp-on--click=\"actions.showLightbox\" data-wp-on--load=\"callbacks.setButtonStyles\" data-wp-on--pointerdown=\"actions.preloadImage\" data-wp-on--pointerenter=\"actions.preloadImageWithDelay\" data-wp-on--pointerleave=\"actions.cancelPreload\" data-wp-on-window--resize=\"callbacks.setButtonStyles\" src=\"https:\/\/loudavymkrokem.cz\/wp-content\/uploads\/2026\/08\/nemecko-clanky-co-videt-v-hamburku-11.jpg\" alt=\"Fischmarkt de duminic\u0103 \u00een Hamburg\" class=\"wp-image-398967\" title=\"\" srcset=\"https:\/\/loudavymkrokem.cz\/wp-content\/uploads\/2026\/08\/nemecko-clanky-co-videt-v-hamburku-11.jpg 1800w, https:\/\/loudavymkrokem.cz\/wp-content\/uploads\/2026\/08\/nemecko-clanky-co-videt-v-hamburku-11-300x199.jpg 300w, https:\/\/loudavymkrokem.cz\/wp-content\/uploads\/2026\/08\/nemecko-clanky-co-videt-v-hamburku-11-700x464.jpg 700w, https:\/\/loudavymkrokem.cz\/wp-content\/uploads\/2026\/08\/nemecko-clanky-co-videt-v-hamburku-11-768x509.jpg 768w, https:\/\/loudavymkrokem.cz\/wp-content\/uploads\/2026\/08\/nemecko-clanky-co-videt-v-hamburku-11-1536x1018.jpg 1536w, https:\/\/loudavymkrokem.cz\/wp-content\/uploads\/2026\/08\/nemecko-clanky-co-videt-v-hamburku-11-696x461.jpg 696w, https:\/\/loudavymkrokem.cz\/wp-content\/uploads\/2026\/08\/nemecko-clanky-co-videt-v-hamburku-11-1392x923.jpg 1392w\" sizes=\"(max-width: 1800px) 100vw, 1800px\" \/><button\n\t\t\tclass=\"lightbox-trigger\"\n\t\t\ttype=\"button\"\n\t\t\taria-haspopup=\"dialog\"\n\t\t\tdata-wp-bind--aria-label=\"state.thisImage.triggerButtonAriaLabel\"\n\t\t\tdata-wp-init=\"callbacks.initTriggerButton\"\n\t\t\tdata-wp-on--click=\"actions.showLightbox\"\n\t\t\tdata-wp-style--right=\"state.thisImage.buttonRight\"\n\t\t\tdata-wp-style--top=\"state.thisImage.buttonTop\"\n\t\t>\n\t\t\t<svg xmlns=\"http:\/\/www.w3.org\/2000\/svg\" width=\"12\" height=\"12\" fill=\"none\" viewBox=\"0 0 12 12\">\n\t\t\t\t<path fill=\"#fff\" d=\"M2 0a2 2 0 0 0-2 2v2h1.5V2a.5.5 0 0 1 .5-.5h2V0H2Zm2 10.5H2a.5.5 0 0 1-.5-.5V8H0v2a2 2 0 0 0 2 2h2v-1.5ZM8 12v-1.5h2a.5.5 0 0 0 .5-.5V8H12v2a2 2 0 0 1-2 2H8Zm2-12a2 2 0 0 1 2 2v2h-1.5V2a.5.5 0 0 0-.5-.5H8V0h2Z\" \/>\n\t\t\t<\/svg>\n\t\t<\/button><figcaption class=\"wp-element-caption\">Foto: Darya Sannikova \/ Pexels<\/figcaption><\/figure>\n\n\n\n<h3 class=\"wp-block-heading\"><span class=\"ez-toc-section\" id=\"7_Fischmarkt_de_duminica\"><\/span>7. Fischmarkt de duminic\u0103<span class=\"ez-toc-section-end\"><\/span><\/h3>\n\n\n\n<p class=\"wp-block-paragraph\">Dac\u0103 \u00ee\u021bi place s\u0103 te treze\u0219ti devreme \u00een weekend, nu trebuie s\u0103 ratezi legendara pia\u021b\u0103 de duminic\u0103 din cartierul Altona, care are loc chiar l\u00e2ng\u0103 r\u00e2u \u0219i o tradi\u021bie ce dateaz\u0103 din secolul al XVIII-lea. <strong>Altonaer Fischmarkt prinde via\u021b\u0103 \u00eenc\u0103 din zori \u0219i ofer\u0103 un spectacol incredibil de g\u0103l\u0103gios<\/strong>, \u00een timpul c\u0103ruia v\u00e2nz\u0103torii, cu umorul tipic nord-german, \u00ee\u0219i strig\u0103 cu voce tare marfa \u0219i se tocmesc cu vizitatorii din benele camioanelor. Nu g\u0103se\u0219ti aici nici pe departe doar pe\u0219te, pia\u021ba este plin\u0103 de tarabe cu fructe proaspete, buchete uria\u0219e, haine \u0219i cele mai diverse delicatese locale.<\/p>\n\n\n\n<p class=\"wp-block-paragraph\">Localnicii vin de obicei aici, dup\u0103 o noapte petrecut\u0103 pe Reeperbahn, <strong>dup\u0103 tradi\u021bionala chifl\u0103 cu pe\u0219te numit\u0103 Fischbr\u00f6tchen<\/strong>, un clasic hamburghez de ne\u00eenlocuit, pe care \u00eel completeaz\u0103 cu o cafea fierbinte. Chiar dac\u0103 nu e\u0219ti fan al pe\u0219telui \u0219i preferi m\u00e2ncarea vegetal\u0103, atmosfera \u00een sine a halei istorice de licita\u021bii, cu muzica live de diminea\u021b\u0103 \u0219i oamenii care danseaz\u0103, merit\u0103 cu adev\u0103rat trezitul devreme.<\/p>\n\n\n\n<p class=\"wp-block-paragraph\">\ud83d\udca1 Sfat: <strong>Pia\u021ba se termin\u0103 destul de repede, de obicei tarabele \u00eencep s\u0103 se str\u00e2ng\u0103 deja pe la nou\u0103 \u0219i jum\u0103tate diminea\u021ba<\/strong>, a\u0219a c\u0103 nu uita s\u0103 \u00ee\u021bi pui de\u0219tept\u0103torul. Cel mai bine este s\u0103 combini vizita la pia\u021b\u0103 cu o plimbare lung\u0103 de diminea\u021b\u0103 pe falez\u0103.<\/p>\n\n\n\n<figure data-wp-context=\"{&quot;imageId&quot;:&quot;6a9556fe1ff95&quot;}\" data-wp-interactive=\"core\/image\" data-wp-key=\"6a9556fe1ff95\" class=\"wp-block-image size-full wp-lightbox-container\"><img decoding=\"async\" width=\"1800\" height=\"1350\" data-wp-class--hide=\"state.isContentHidden\" data-wp-class--show=\"state.isContentVisible\" data-wp-init=\"callbacks.setButtonStyles\" data-wp-on--click=\"actions.showLightbox\" data-wp-on--load=\"callbacks.setButtonStyles\" data-wp-on--pointerdown=\"actions.preloadImage\" data-wp-on--pointerenter=\"actions.preloadImageWithDelay\" data-wp-on--pointerleave=\"actions.cancelPreload\" data-wp-on-window--resize=\"callbacks.setButtonStyles\" src=\"https:\/\/loudavymkrokem.cz\/wp-content\/uploads\/2026\/08\/nemecko-clanky-co-videt-v-hamburku-12.jpg\" alt=\"Reeperbahn \u00een cartierul St. Pauli\" class=\"wp-image-398969\" title=\"\" srcset=\"https:\/\/loudavymkrokem.cz\/wp-content\/uploads\/2026\/08\/nemecko-clanky-co-videt-v-hamburku-12.jpg 1800w, https:\/\/loudavymkrokem.cz\/wp-content\/uploads\/2026\/08\/nemecko-clanky-co-videt-v-hamburku-12-300x225.jpg 300w, https:\/\/loudavymkrokem.cz\/wp-content\/uploads\/2026\/08\/nemecko-clanky-co-videt-v-hamburku-12-700x525.jpg 700w, https:\/\/loudavymkrokem.cz\/wp-content\/uploads\/2026\/08\/nemecko-clanky-co-videt-v-hamburku-12-768x576.jpg 768w, https:\/\/loudavymkrokem.cz\/wp-content\/uploads\/2026\/08\/nemecko-clanky-co-videt-v-hamburku-12-1536x1152.jpg 1536w, https:\/\/loudavymkrokem.cz\/wp-content\/uploads\/2026\/08\/nemecko-clanky-co-videt-v-hamburku-12-80x60.jpg 80w, https:\/\/loudavymkrokem.cz\/wp-content\/uploads\/2026\/08\/nemecko-clanky-co-videt-v-hamburku-12-160x120.jpg 160w, https:\/\/loudavymkrokem.cz\/wp-content\/uploads\/2026\/08\/nemecko-clanky-co-videt-v-hamburku-12-696x522.jpg 696w, https:\/\/loudavymkrokem.cz\/wp-content\/uploads\/2026\/08\/nemecko-clanky-co-videt-v-hamburku-12-1392x1044.jpg 1392w\" sizes=\"(max-width: 1800px) 100vw, 1800px\" \/><button\n\t\t\tclass=\"lightbox-trigger\"\n\t\t\ttype=\"button\"\n\t\t\taria-haspopup=\"dialog\"\n\t\t\tdata-wp-bind--aria-label=\"state.thisImage.triggerButtonAriaLabel\"\n\t\t\tdata-wp-init=\"callbacks.initTriggerButton\"\n\t\t\tdata-wp-on--click=\"actions.showLightbox\"\n\t\t\tdata-wp-style--right=\"state.thisImage.buttonRight\"\n\t\t\tdata-wp-style--top=\"state.thisImage.buttonTop\"\n\t\t>\n\t\t\t<svg xmlns=\"http:\/\/www.w3.org\/2000\/svg\" width=\"12\" height=\"12\" fill=\"none\" viewBox=\"0 0 12 12\">\n\t\t\t\t<path fill=\"#fff\" d=\"M2 0a2 2 0 0 0-2 2v2h1.5V2a.5.5 0 0 1 .5-.5h2V0H2Zm2 10.5H2a.5.5 0 0 1-.5-.5V8H0v2a2 2 0 0 0 2 2h2v-1.5ZM8 12v-1.5h2a.5.5 0 0 0 .5-.5V8H12v2a2 2 0 0 1-2 2H8Zm2-12a2 2 0 0 1 2 2v2h-1.5V2a.5.5 0 0 0-.5-.5H8V0h2Z\" \/>\n\t\t\t<\/svg>\n\t\t<\/button><figcaption class=\"wp-element-caption\">Foto: Wusel007 \/ Wikimedia Commons, CC BY-SA 3.0<\/figcaption><\/figure>\n\n\n\n<h3 class=\"wp-block-heading\"><span class=\"ez-toc-section\" id=\"8_Reeperbahn_si_St_Pauli\"><\/span>8. Reeperbahn \u0219i St. Pauli<span class=\"ez-toc-section-end\"><\/span><\/h3>\n\n\n\n<p class=\"wp-block-paragraph\">Cel mai faimos cartier de divertisment din toat\u0103 Germania se treze\u0219te la via\u021b\u0103 abia la apus, iar reclamele sale colorate cu neon str\u0103lucesc p\u00e2n\u0103 departe. <strong>Artera principal\u0103 Reeperbahn \u0219i uli\u021bele din jur din cartierul St. Pauli formeaz\u0103 centrul puls\u00e2nd al vie\u021bii de noapte<\/strong>, unde g\u0103se\u0219ti sute de baruri, cluburi muzicale, teatre \u0219i cabarete iconice. Este un loc cu o atmosfer\u0103 mai aspr\u0103, dar foarte autentic\u0103, care apar\u021bine pur \u0219i simplu unui ora\u0219 portuar, de zeci de ani deja.<\/p>\n\n\n\n<p class=\"wp-block-paragraph\">Tocmai \u00een micile cluburi de aici <strong>\u0219i-au \u00eenceput cariera de vedete, la \u00eenceputul anilor &#8217;60, legendarii Beatles<\/strong>, lucru amintit ast\u0103zi de o pia\u021b\u0103 special\u0103, Beatles-Platz, \u00een form\u0103 de disc de vinil uria\u0219. De\u0219i cartierul are o reputa\u021bie oarecum s\u0103lbatic\u0103, este relativ sigur, doar c\u0103 trebuie s\u0103 te preg\u0103te\u0219ti pentru o concentra\u021bie uria\u0219\u0103 de oameni \u0219i un mediu mai zgomotos.<\/p>\n\n\n\n<p class=\"wp-block-paragraph\">\ud83d\udca1 Sfat: <strong>Vino aici seara la o cin\u0103 grozav\u0103 \u00een vreunul dintre numeroasele restaurante la mod\u0103<\/strong> \u0219i apoi plimb\u0103-te pur \u0219i simplu pe str\u0103zile iluminate. E suficient s\u0103 te la\u0219i \u00eenv\u0103luit de atmosfera specific\u0103 de aici \u0219i s\u0103 bei ceva \u00eentr-un bar mai lini\u0219tit din apropiere.<\/p>\n\n\n\n<figure data-wp-context=\"{&quot;imageId&quot;:&quot;6a9556fe206e5&quot;}\" data-wp-interactive=\"core\/image\" data-wp-key=\"6a9556fe206e5\" class=\"wp-block-image size-full wp-lightbox-container\"><img decoding=\"async\" width=\"1800\" height=\"1200\" data-wp-class--hide=\"state.isContentHidden\" data-wp-class--show=\"state.isContentVisible\" data-wp-init=\"callbacks.setButtonStyles\" data-wp-on--click=\"actions.showLightbox\" data-wp-on--load=\"callbacks.setButtonStyles\" data-wp-on--pointerdown=\"actions.preloadImage\" data-wp-on--pointerenter=\"actions.preloadImageWithDelay\" data-wp-on--pointerleave=\"actions.cancelPreload\" data-wp-on-window--resize=\"callbacks.setButtonStyles\" src=\"https:\/\/loudavymkrokem.cz\/wp-content\/uploads\/2026\/08\/nemecko-clanky-co-videt-v-hamburku-13.jpg\" alt=\"Parcul Planten un Blomen\" class=\"wp-image-398973\" title=\"\" srcset=\"https:\/\/loudavymkrokem.cz\/wp-content\/uploads\/2026\/08\/nemecko-clanky-co-videt-v-hamburku-13.jpg 1800w, https:\/\/loudavymkrokem.cz\/wp-content\/uploads\/2026\/08\/nemecko-clanky-co-videt-v-hamburku-13-300x200.jpg 300w, https:\/\/loudavymkrokem.cz\/wp-content\/uploads\/2026\/08\/nemecko-clanky-co-videt-v-hamburku-13-700x467.jpg 700w, https:\/\/loudavymkrokem.cz\/wp-content\/uploads\/2026\/08\/nemecko-clanky-co-videt-v-hamburku-13-768x512.jpg 768w, https:\/\/loudavymkrokem.cz\/wp-content\/uploads\/2026\/08\/nemecko-clanky-co-videt-v-hamburku-13-1536x1024.jpg 1536w, https:\/\/loudavymkrokem.cz\/wp-content\/uploads\/2026\/08\/nemecko-clanky-co-videt-v-hamburku-13-696x464.jpg 696w, https:\/\/loudavymkrokem.cz\/wp-content\/uploads\/2026\/08\/nemecko-clanky-co-videt-v-hamburku-13-1392x928.jpg 1392w\" sizes=\"(max-width: 1800px) 100vw, 1800px\" \/><button\n\t\t\tclass=\"lightbox-trigger\"\n\t\t\ttype=\"button\"\n\t\t\taria-haspopup=\"dialog\"\n\t\t\tdata-wp-bind--aria-label=\"state.thisImage.triggerButtonAriaLabel\"\n\t\t\tdata-wp-init=\"callbacks.initTriggerButton\"\n\t\t\tdata-wp-on--click=\"actions.showLightbox\"\n\t\t\tdata-wp-style--right=\"state.thisImage.buttonRight\"\n\t\t\tdata-wp-style--top=\"state.thisImage.buttonTop\"\n\t\t>\n\t\t\t<svg xmlns=\"http:\/\/www.w3.org\/2000\/svg\" width=\"12\" height=\"12\" fill=\"none\" viewBox=\"0 0 12 12\">\n\t\t\t\t<path fill=\"#fff\" d=\"M2 0a2 2 0 0 0-2 2v2h1.5V2a.5.5 0 0 1 .5-.5h2V0H2Zm2 10.5H2a.5.5 0 0 1-.5-.5V8H0v2a2 2 0 0 0 2 2h2v-1.5ZM8 12v-1.5h2a.5.5 0 0 0 .5-.5V8H12v2a2 2 0 0 1-2 2H8Zm2-12a2 2 0 0 1 2 2v2h-1.5V2a.5.5 0 0 0-.5-.5H8V0h2Z\" \/>\n\t\t\t<\/svg>\n\t\t<\/button><figcaption class=\"wp-element-caption\">Foto: Dirtsc \/ Wikimedia Commons, CC BY-SA 4.0<\/figcaption><\/figure>\n\n\n\n<h3 class=\"wp-block-heading\"><span class=\"ez-toc-section\" id=\"9_Parcul_Planten_un_Blomen\"><\/span>9. Parcul Planten un Blomen<span class=\"ez-toc-section-end\"><\/span><\/h3>\n\n\n\n<p class=\"wp-block-paragraph\">Chiar \u00een inima ora\u0219ului agitat se \u00eentinde o oaz\u0103 verde vast\u0103, care ofer\u0103 evadarea perfect\u0103 din zgomotul traficului \u0219i mul\u021bimile de turi\u0219ti. <strong>Parcul Planten un Blomen este un complex \u00eengrijit cu aten\u021bie, format din superbe gr\u0103dini tematice<\/strong>, unde g\u0103se\u0219ti cea mai mare gr\u0103din\u0103 japonez\u0103 din Europa, iazuri romantice pline de nuferi, o gr\u0103din\u0103 de trandafiri \u0219i chiar o ser\u0103 tropical\u0103. Pe l\u00e2ng\u0103 plimb\u0103ri nesf\u00e2r\u0219ite, se poate juca minigolf sau \u0219ah uria\u0219, iar vara po\u021bi patina pe rolele de pe pista \u00eentins\u0103.<\/p>\n\n\n\n<p class=\"wp-block-paragraph\">\u00cen timp ce iarna o parte din parc se transform\u0103 \u00eentr-un patinoar magic \u0219i foarte popular, vara atrag mul\u021bimile <strong>concertele de lumini pe ap\u0103 din serile, care sunt complet gratuite pentru to\u021bi vizitatorii<\/strong>. F\u00e2nt\u00e2nile danseaz\u0103 aici pe ritmul muzicii clasice \u0219i moderne, \u00een timp ce luminile colorate creeaz\u0103 o coregrafie superb\u0103 proiectat\u0103 chiar pe peretele de ap\u0103.<\/p>\n\n\n\n<p class=\"wp-block-paragraph\">\ud83d\udca1 Sfat: <strong>\u00cenainte de spectacolul de sear\u0103 al f\u00e2nt\u00e2nilor, nu uita s\u0103 \u00ee\u021bi aduci propria p\u0103tur\u0103 \u0219i ceva bun de b\u0103ut<\/strong>, pentru c\u0103 b\u0103ncile se ocup\u0103 foarte repede. Atmosfera unui picnic de var\u0103 pe iarb\u0103 la apus este absolut fermec\u0103toare aici.<\/p>\n\n\n\n<figure data-wp-context=\"{&quot;imageId&quot;:&quot;6a9556fe20dfc&quot;}\" data-wp-interactive=\"core\/image\" data-wp-key=\"6a9556fe20dfc\" class=\"wp-block-image size-full wp-lightbox-container\"><img decoding=\"async\" width=\"1800\" height=\"1350\" data-wp-class--hide=\"state.isContentHidden\" data-wp-class--show=\"state.isContentVisible\" data-wp-init=\"callbacks.setButtonStyles\" data-wp-on--click=\"actions.showLightbox\" data-wp-on--load=\"callbacks.setButtonStyles\" data-wp-on--pointerdown=\"actions.preloadImage\" data-wp-on--pointerenter=\"actions.preloadImageWithDelay\" data-wp-on--pointerleave=\"actions.cancelPreload\" data-wp-on-window--resize=\"callbacks.setButtonStyles\" src=\"https:\/\/loudavymkrokem.cz\/wp-content\/uploads\/2026\/08\/nemecko-clanky-co-videt-v-hamburku-14.jpg\" alt=\"Prim\u0103ria Hamburgului, Rathaus\" class=\"wp-image-398978\" title=\"\" srcset=\"https:\/\/loudavymkrokem.cz\/wp-content\/uploads\/2026\/08\/nemecko-clanky-co-videt-v-hamburku-14.jpg 1800w, https:\/\/loudavymkrokem.cz\/wp-content\/uploads\/2026\/08\/nemecko-clanky-co-videt-v-hamburku-14-300x225.jpg 300w, https:\/\/loudavymkrokem.cz\/wp-content\/uploads\/2026\/08\/nemecko-clanky-co-videt-v-hamburku-14-700x525.jpg 700w, https:\/\/loudavymkrokem.cz\/wp-content\/uploads\/2026\/08\/nemecko-clanky-co-videt-v-hamburku-14-768x576.jpg 768w, https:\/\/loudavymkrokem.cz\/wp-content\/uploads\/2026\/08\/nemecko-clanky-co-videt-v-hamburku-14-1536x1152.jpg 1536w, https:\/\/loudavymkrokem.cz\/wp-content\/uploads\/2026\/08\/nemecko-clanky-co-videt-v-hamburku-14-80x60.jpg 80w, https:\/\/loudavymkrokem.cz\/wp-content\/uploads\/2026\/08\/nemecko-clanky-co-videt-v-hamburku-14-160x120.jpg 160w, https:\/\/loudavymkrokem.cz\/wp-content\/uploads\/2026\/08\/nemecko-clanky-co-videt-v-hamburku-14-696x522.jpg 696w, https:\/\/loudavymkrokem.cz\/wp-content\/uploads\/2026\/08\/nemecko-clanky-co-videt-v-hamburku-14-1392x1044.jpg 1392w\" sizes=\"(max-width: 1800px) 100vw, 1800px\" \/><button\n\t\t\tclass=\"lightbox-trigger\"\n\t\t\ttype=\"button\"\n\t\t\taria-haspopup=\"dialog\"\n\t\t\tdata-wp-bind--aria-label=\"state.thisImage.triggerButtonAriaLabel\"\n\t\t\tdata-wp-init=\"callbacks.initTriggerButton\"\n\t\t\tdata-wp-on--click=\"actions.showLightbox\"\n\t\t\tdata-wp-style--right=\"state.thisImage.buttonRight\"\n\t\t\tdata-wp-style--top=\"state.thisImage.buttonTop\"\n\t\t>\n\t\t\t<svg xmlns=\"http:\/\/www.w3.org\/2000\/svg\" width=\"12\" height=\"12\" fill=\"none\" viewBox=\"0 0 12 12\">\n\t\t\t\t<path fill=\"#fff\" d=\"M2 0a2 2 0 0 0-2 2v2h1.5V2a.5.5 0 0 1 .5-.5h2V0H2Zm2 10.5H2a.5.5 0 0 1-.5-.5V8H0v2a2 2 0 0 0 2 2h2v-1.5ZM8 12v-1.5h2a.5.5 0 0 0 .5-.5V8H12v2a2 2 0 0 1-2 2H8Zm2-12a2 2 0 0 1 2 2v2h-1.5V2a.5.5 0 0 0-.5-.5H8V0h2Z\" \/>\n\t\t\t<\/svg>\n\t\t<\/button><figcaption class=\"wp-element-caption\">Foto: Dietmar Rabich \/ Wikimedia Commons, CC BY-SA 4.0<\/figcaption><\/figure>\n\n\n\n<h3 class=\"wp-block-heading\"><span class=\"ez-toc-section\" id=\"10_Primaria_Rathaus\"><\/span>10. Prim\u0103ria Rathaus<span class=\"ez-toc-section-end\"><\/span><\/h3>\n\n\n\n<p class=\"wp-block-paragraph\">\u00cen pia\u021ba principal\u0103 se \u00eenal\u021b\u0103 impresionanta cl\u0103dire neorenascentist\u0103 a prim\u0103riei, care se va \u00eenscrie imediat printre cele mai fotografiate monumente ale c\u0103l\u0103toriei tale. <strong>Rathaus se m\u00e2ndre\u0219te cu incredibile 647 de \u00eenc\u0103peri, ceea ce este, de altfel, mai mult dec\u00e2t palatul Buckingham din Londra<\/strong>, iar fa\u021bada sa bogat ornamentat\u0103 din gresie pur \u0219i simplu \u00ee\u021bi taie respira\u021bia. Cl\u0103direa st\u0103 pe mii de piloni de stejar \u00eenfip\u021bi ad\u00e2nc \u00een solul ml\u0103\u0219tinos, pentru a nu se scufunda \u00een p\u0103m\u00e2ntul moale, ceea ce este foarte tipic pentru Hamburgul istoric.<\/p>\n\n\n\n<p class=\"wp-block-paragraph\">Dac\u0103 \u00ee\u021bi place istoria \u0219i arhitectura fastuoas\u0103, <strong>\u00ee\u021bi recomand cu siguran\u021b\u0103 s\u0103 participi la un tur ghidat al uimitoarelor s\u0103li interioare<\/strong>, care sunt pline de candelabre aurite, tapiserii complexe din piele \u0219i tablouri pre\u021bioase. Dar \u0219i f\u0103r\u0103 bilet po\u021bi s\u0103 te plimbi liber prin superba curte interioar\u0103 cu f\u00e2nt\u00e2na zei\u021bei Hygieia, care, datorit\u0103 ornamentelor sale, pare mai degrab\u0103 un parc italian de castel.<\/p>\n\n\n\n<p class=\"wp-block-paragraph\">\ud83d\udca1 Sfat: <strong>Chiar \u00een fa\u021ba prim\u0103riei se \u00eent\u00e2lnesc principalele bulevarde comerciale \u0219i promenadele elegante<\/strong>, a\u0219a c\u0103 este un punct de plecare absolut ideal pentru explorarea pe jos a centrului istoric \u0219i pentru cump\u0103rarea de mici suveniruri.<\/p>\n\n\n\n<figure data-wp-context=\"{&quot;imageId&quot;:&quot;6a9556fe214b4&quot;}\" data-wp-interactive=\"core\/image\" data-wp-key=\"6a9556fe214b4\" class=\"wp-block-image size-full wp-lightbox-container\"><img decoding=\"async\" width=\"1800\" height=\"1012\" data-wp-class--hide=\"state.isContentHidden\" data-wp-class--show=\"state.isContentVisible\" data-wp-init=\"callbacks.setButtonStyles\" data-wp-on--click=\"actions.showLightbox\" data-wp-on--load=\"callbacks.setButtonStyles\" data-wp-on--pointerdown=\"actions.preloadImage\" data-wp-on--pointerenter=\"actions.preloadImageWithDelay\" data-wp-on--pointerleave=\"actions.cancelPreload\" data-wp-on-window--resize=\"callbacks.setButtonStyles\" src=\"https:\/\/loudavymkrokem.cz\/wp-content\/uploads\/2026\/08\/nemecko-clanky-co-videt-v-hamburku-15.jpg\" alt=\"B\u0103rci pe lacul Alster\" class=\"wp-image-398983\" title=\"\" srcset=\"https:\/\/loudavymkrokem.cz\/wp-content\/uploads\/2026\/08\/nemecko-clanky-co-videt-v-hamburku-15.jpg 1800w, https:\/\/loudavymkrokem.cz\/wp-content\/uploads\/2026\/08\/nemecko-clanky-co-videt-v-hamburku-15-300x169.jpg 300w, https:\/\/loudavymkrokem.cz\/wp-content\/uploads\/2026\/08\/nemecko-clanky-co-videt-v-hamburku-15-700x394.jpg 700w, https:\/\/loudavymkrokem.cz\/wp-content\/uploads\/2026\/08\/nemecko-clanky-co-videt-v-hamburku-15-768x432.jpg 768w, https:\/\/loudavymkrokem.cz\/wp-content\/uploads\/2026\/08\/nemecko-clanky-co-videt-v-hamburku-15-1536x864.jpg 1536w, https:\/\/loudavymkrokem.cz\/wp-content\/uploads\/2026\/08\/nemecko-clanky-co-videt-v-hamburku-15-696x391.jpg 696w, https:\/\/loudavymkrokem.cz\/wp-content\/uploads\/2026\/08\/nemecko-clanky-co-videt-v-hamburku-15-1392x783.jpg 1392w\" sizes=\"(max-width: 1800px) 100vw, 1800px\" \/><button\n\t\t\tclass=\"lightbox-trigger\"\n\t\t\ttype=\"button\"\n\t\t\taria-haspopup=\"dialog\"\n\t\t\tdata-wp-bind--aria-label=\"state.thisImage.triggerButtonAriaLabel\"\n\t\t\tdata-wp-init=\"callbacks.initTriggerButton\"\n\t\t\tdata-wp-on--click=\"actions.showLightbox\"\n\t\t\tdata-wp-style--right=\"state.thisImage.buttonRight\"\n\t\t\tdata-wp-style--top=\"state.thisImage.buttonTop\"\n\t\t>\n\t\t\t<svg xmlns=\"http:\/\/www.w3.org\/2000\/svg\" width=\"12\" height=\"12\" fill=\"none\" viewBox=\"0 0 12 12\">\n\t\t\t\t<path fill=\"#fff\" d=\"M2 0a2 2 0 0 0-2 2v2h1.5V2a.5.5 0 0 1 .5-.5h2V0H2Zm2 10.5H2a.5.5 0 0 1-.5-.5V8H0v2a2 2 0 0 0 2 2h2v-1.5ZM8 12v-1.5h2a.5.5 0 0 0 .5-.5V8H12v2a2 2 0 0 1-2 2H8Zm2-12a2 2 0 0 1 2 2v2h-1.5V2a.5.5 0 0 0-.5-.5H8V0h2Z\" \/>\n\t\t\t<\/svg>\n\t\t<\/button><figcaption class=\"wp-element-caption\">Foto: Wolfgang Weiser \/ Pexels<\/figcaption><\/figure>\n\n\n\n<!-- LKM_GYG_CARD start q=\"hamburku\" lang=\"ro\" rendered=\"2026-08-31T08:15:43+00:00\" v=\"1\" -->\n\n<!-- LKM_GYG_CARD end -->\n\n\n\n\n<div class=\"lk-stays-module\">\n<style>\n\/* \u2500\u2500\u2500 RESET PRO GUTENBERG \u2500\u2500\u2500 *\/\n.lk-stays-module * { box-sizing: border-box; margin: 0; padding: 0; }\n\n\/* \u2500\u2500\u2500 WRAPPER \u2500\u2500\u2500 *\/\n.lk-stays-module {\n  font-family: 'DM Sans', Georgia, sans-serif;\n  max-width: 100%;\n  margin: 2.5rem auto;\n  background: linear-gradient(135deg, #fdfaf5 0%, #fcf8f0 100%);\n  border: 1px solid #e8dfd4;\n  border-radius: 16px;\n  overflow: hidden;\n  box-shadow: 0 16px 48px rgba(195, 159, 118, 0.25), 0 4px 12px rgba(0,0,0,0.08);\n}\n\n\/* \u2500\u2500\u2500 HEADER \u2500\u2500\u2500 *\/\n.lk-stays-header {\n  position: relative;\n  padding: 24px 36px 24px;\n  background: linear-gradient(135deg, #c39f76 0%, #d4b188 60%, #c39f76 100%);\n  border-bottom: 1px solid rgba(255,255,255,.15);\n  display: flex;\n  align-items: center;\n  gap: 18px;\n}\n.lk-stays-header::before {\n  content: '';\n  position: absolute;\n  inset: 0;\n  background: url(\"data:image\/svg+xml,%3Csvg width='60' height='60' viewBox='0 0 60 60' xmlns='http:\/\/www.w3.org\/2000\/svg'%3E%3Cg fill='none' fill-rule='evenodd'%3E%3Cg fill='%23ffffff' fill-opacity='0.05'%3E%3Cpath d='M36 34v-4h-2v4h-4v2h4v4h2v-4h4v-2h-4zm0-30V0h-2v4h-4v2h4v4h2V6h4V4h-4zM6 34v-4H4v4H0v2h4v4h2v-4h4v-2H6zM6 4V0H4v4H0v2h4v4h2V6h4V4H6z'\/%3E%3C\/g%3E%3C\/g%3E%3C\/svg%3E\") repeat;\n  pointer-events: none;\n}\n.lk-stays-icon {\n  flex-shrink: 0;\n  width: 68px;\n  height: 68px;\n  border-radius: 14px;\n  background: linear-gradient(135deg, #fff 0%, #f9f6f0 100%);\n  display: flex;\n  align-items: center;\n  justify-content: center;\n  font-size: 26px;\n  box-shadow: 0 4px 12px rgba(0,0,0,0.15);\n}\n.lk-stays-eyebrow {\n  font-size: 10px;\n  font-weight: 500;\n  letter-spacing: 2.5px;\n  text-transform: uppercase;\n  color: rgba(255,255,255,.85);\n  margin: 0 0 5px 0;\n}\n.lk-stays-title {\n  font-family: 'Playfair Display', Georgia, serif;\n  font-size: 24px;\n  font-weight: 700;\n  color: #fff;\n  line-height: 1.2;\n  text-shadow: 0 1px 2px rgba(0,0,0,0.1);\n  margin: 0;\n}\n.lk-stays-subtitle {\n  font-size: 13px;\n  color: rgba(255,255,255,.75);\n  margin: 4px 0 0 0;\n  font-weight: 300;\n}\n\n\/* \u2500\u2500\u2500 CARDS GRID \u2500\u2500\u2500 *\/\n.lk-stays-grid {\n  display: grid;\n  grid-template-columns: 1fr 1fr;\n  gap: 1px;\n  background: rgba(195, 159, 118, 0.12);\n}\n\n\/* \u2500\u2500\u2500 SINGLE CARD \u2500\u2500\u2500 *\/\n.lk-stay-card {\n  background: #ffffff;\n  padding: 26px;\n  display: flex;\n  flex-direction: column;\n  gap: 11px;\n  transition: all 0.3s ease;\n  text-decoration: none;\n  color: inherit;\n  position: relative;\n}\n.lk-stay-card:hover {\n  background: #fffbf5;\n  transform: translateY(-2px);\n  box-shadow: 0 8px 24px rgba(195, 159, 118, 0.18);\n  z-index: 1;\n}\n.lk-stay-card.featured {\n  background: linear-gradient(135deg, #fffdf9 0%, #fff9f0 100%);\n  box-shadow: 0 4px 16px rgba(195, 159, 118, 0.15), inset 0 1px 0 rgba(195, 159, 118, 0.1);\n}\n.lk-stay-card.featured:hover {\n  background: linear-gradient(135deg, #fffbf5 0%, #fff8ed 100%);\n  box-shadow: 0 8px 24px rgba(195, 159, 118, 0.25), inset 0 1px 0 rgba(195, 159, 118, 0.15);\n}\n\n.lk-stay-badge {\n  display: inline-flex;\n  align-items: center;\n  gap: 5px;\n  font-size: 10px;\n  font-weight: 500;\n  letter-spacing: 1.5px;\n  text-transform: uppercase;\n  padding: 5px 11px;\n  border-radius: 20px;\n  width: fit-content;\n}\n.badge-top     { background: linear-gradient(135deg, #c39f76 0%, #d4b188 100%); color: #fff; border: 1px solid #c39f76; font-weight: 600; box-shadow: 0 2px 8px rgba(195,159,118,0.3); }\n.badge-luxury  { background: rgba(195,159,118,.12); color: #c39f76; border: 1px solid rgba(195,159,118,.25); }\n.badge-boutique{ background: rgba(54,133,252,.08); color: #3685fc; border: 1px solid rgba(54,133,252,.2); }\n.badge-nature  { background: rgba(130,190,100,.1); color: #6b9c4a; border: 1px solid rgba(130,190,100,.2); }\n.badge-remote  { background: rgba(195,159,118,.12); color: #a67e50; border: 1px solid rgba(195,159,118,.25); }\n\n.lk-stay-name {\n  font-family: 'Playfair Display', Georgia, serif;\n  font-size: 18px;\n  font-weight: 700;\n  color: #111827;\n  line-height: 1.3;\n}\n.lk-stay-desc {\n  font-size: 13.5px;\n  color: #525252;\n  line-height: 1.65;\n  font-weight: 300;\n  flex: 1;\n}\n\n.lk-stay-meta {\n  display: flex;\n  align-items: center;\n  gap: 12px;\n  flex-wrap: wrap;\n  margin-top: 4px;\n}\n.lk-stay-price {\n  font-size: 13px;\n  color: #6b7280;\n}\n.lk-stay-price strong {\n  color: #c39f76;\n  font-weight: 500;\n}\n.lk-stay-stars {\n  color: #c39f76;\n  font-size: 11px;\n  letter-spacing: 1px;\n}\n\n\/* \u2500\u2500\u2500 CTA BUTTON \u2500\u2500\u2500 *\/\n.lk-stay-cta {\n  display: inline-flex;\n  align-items: center;\n  justify-content: center;\n  gap: 7px;\n  margin-top: 8px;\n  padding: 11px 20px;\n  border-radius: 8px;\n  background: linear-gradient(135deg, #3685fc 0%, #2a6fd9 100%);\n  color: #fff;\n  font-size: 13px;\n  font-weight: 500;\n  text-decoration: none;\n  letter-spacing: .3px;\n  transition: all .2s ease;\n  cursor: pointer;\n  border: none;\n  text-align: center;\n  box-shadow: 0 4px 12px rgba(54, 133, 252, 0.25);\n}\n.lk-stay-cta:hover {\n  background: linear-gradient(135deg, #2a6fd9 0%, #1e5bc4 100%);\n  transform: translateY(-1px);\n  box-shadow: 0 6px 16px rgba(54, 133, 252, 0.35);\n}\n.lk-stay-cta svg { flex-shrink: 0; }\n\n\/* \u2500\u2500\u2500 FOOTER \u2500\u2500\u2500 *\/\n.lk-stays-footer {\n  padding: 18px 36px;\n  background: linear-gradient(to bottom, #fdfaf5 0%, #f9f4ed 100%);\n  border-top: 1px solid rgba(195, 159, 118, 0.15);\n  display: flex;\n  align-items: center;\n  justify-content: space-between;\n  flex-wrap: wrap;\n  gap: 12px;\n}\n.lk-stays-footer-note {\n  font-size: 11.5px;\n  color: #6b7280;\n  font-weight: 300;\n  line-height: 1.5;\n}\n.lk-stays-footer-note a {\n  color: #c39f76;\n  text-decoration: none;\n  font-weight: 400;\n}\n.lk-stays-footer-note a:hover {\n  text-decoration: underline;\n}\n.lk-stays-all-btn {\n  display: inline-flex;\n  align-items: center;\n  gap: 6px;\n  font-size: 12.5px;\n  font-weight: 500;\n  color: #c39f76;\n  text-decoration: none;\n  border: 1px solid rgba(195, 159, 118, 0.35);\n  padding: 8px 18px;\n  border-radius: 8px;\n  transition: all .2s ease;\n}\n.lk-stays-all-btn:hover {\n  background: rgba(195, 159, 118, 0.08);\n  border-color: rgba(195, 159, 118, 0.5);\n}\n\n\/* \u2500\u2500\u2500 RESPONSIVE \u2500\u2500\u2500 *\/\n@media (max-width: 600px) {\n  .lk-stays-grid { grid-template-columns: 1fr; }\n  .lk-stays-header { padding: 24px 20px; }\n  .lk-stays-footer { padding: 16px 20px; }\n  .lk-stay-card { padding: 22px; }\n  .lk-stays-title { font-size: 20px; }\n}\n<\/style>\n\n  <!-- HEADER -->\n  <div class=\"lk-stays-header\">\n    <img decoding=\"async\" src=\"https:\/\/loudavymkrokem.cz\/wp-content\/uploads\/2026\/02\/lukas-a-lucka.jpg\" alt=\"\" style=\"width: 75px; height: 75px; border-radius: 8px; flex-shrink: 0; object-fit: cover; display: block; margin: 4px 0;\" title=\"\">\n    <div class=\"lk-stays-header-text\">\n      <div class=\"lk-stays-eyebrow\">Luk\u00e1\u0161 \u0219i Lucie recomand\u0103<\/div>\n      <div class=\"lk-stays-title\">Unde s\u0103 te cazezi \u00een Hamburg<\/div>\n      <div class=\"lk-stays-subtitle\">3 caz\u0103ri \u2014 hoteluri \u0219i alte op\u021biuni de cazare<\/div>\n    <\/div>\n  <\/div>\n\n  <!-- CARDS -->\n  <div class=\"lk-stays-grid\">\n\n    <a class=\"lk-stay-card featured\" href=\"https:\/\/www.stay22.com\/allez\/roam?aid=lukaskonecny&#038;campaign=loudavymkrokemcz&#038;campaign=ro&#038;campaign=covidetvhamburku&#038;address=Hamburk&#038;hotelname=25hours+Hotel+HafenCity&#038;search=25hours+Hotel+HafenCity&#038;category=accommodation\" target=\"_blank\" rel=\"nofollow noopener\">\n      <span class=\"lk-stay-badge badge-top\">\u2b50 TOP ALEGERE<\/span>\n      <span class=\"lk-stay-badge badge-nature\">\ud83c\udfe8 Hotel<\/span>\n      <div class=\"lk-stay-name\">25hours Hotel HafenCity<\/div>\n      <div class=\"lk-stay-desc\">Hotel elegant cu design nautic juc\u0103u\u0219 \u00een cel mai modern cartier cu vedere la docuri.<\/div>\n      <div class=\"lk-stay-meta\">\n        <span class=\"lk-stay-stars\">\u2605\u2605\u2605\u2605<\/span>\n        <span class=\"lk-stay-price\"><\/span>\n      <\/div>\n      <span class=\"lk-stay-cta\">\n        <svg width=\"14\" height=\"14\" viewBox=\"0 0 24 24\" fill=\"none\" stroke=\"currentColor\" stroke-width=\"2\"><path d=\"M18 13v6a2 2 0 0 1-2 2H5a2 2 0 0 1-2-2V8a2 2 0 0 1 2-2h6\"\/><polyline points=\"15 3 21 3 21 9\"\/><line x1=\"10\" y1=\"14\" x2=\"21\" y2=\"3\"\/><\/svg>\n        Verific\u0103 disponibilitatea\n      <\/span>\n    <\/a>\n\n    <a class=\"lk-stay-card\" href=\"https:\/\/www.stay22.com\/allez\/roam?aid=lukaskonecny&#038;campaign=loudavymkrokemcz&#038;campaign=ro&#038;campaign=co-videt-v-hamburku&#038;hotelname=Hotel%20Volksschule&#038;address=Hamburk%2C%20N%C4%9Bmecko\" target=\"_blank\" rel=\"nofollow noopener\">\n      <span class=\"lk-stay-badge badge-nature\">\ud83c\udfe8 Hotel<\/span>\n      <div class=\"lk-stay-name\">Hotel Volksschule<\/div>\n      <div class=\"lk-stay-desc\">Hotel popular \u00eentr-o cl\u0103dire \u0219colar\u0103 renovat\u0103 \u00een St. Georg, aproape de gar\u0103, renumit pentru micile dejunuri fantastice.<\/div>\n      <div class=\"lk-stay-meta\">\n        <span class=\"lk-stay-stars\">\u2605\u2605\u2605\u2605<\/span>\n        <span class=\"lk-stay-price\"><\/span>\n      <\/div>\n      <span class=\"lk-stay-cta\">\n        <svg width=\"14\" height=\"14\" viewBox=\"0 0 24 24\" fill=\"none\" stroke=\"currentColor\" stroke-width=\"2\"><path d=\"M18 13v6a2 2 0 0 1-2 2H5a2 2 0 0 1-2-2V8a2 2 0 0 1 2-2h6\"\/><polyline points=\"15 3 21 3 21 9\"\/><line x1=\"10\" y1=\"14\" x2=\"21\" y2=\"3\"\/><\/svg>\n        Verific\u0103 disponibilitatea\n      <\/span>\n    <\/a>\n\n    <a class=\"lk-stay-card\" href=\"https:\/\/www.stay22.com\/allez\/roam?aid=lukaskonecny&#038;campaign=loudavymkrokemcz&#038;campaign=ro&#038;campaign=covidetvhamburku&#038;address=hamburk\" target=\"_blank\" rel=\"nofollow noopener\">\n      <span class=\"lk-stay-badge badge-nature\">\ud83d\udd0d Caut\u0103<\/span>\n      <div class=\"lk-stay-name\">Vezi toate caz\u0103rile din Hamburg<\/div>\n      <div class=\"lk-stay-desc\">Exploreaz\u0103 toate op\u021biunile de cazare disponibile \u00een Hamburg \u0219i g\u0103se\u0219te cea mai bun\u0103 \u00een func\u021bie de preferin\u021bele \u0219i bugetul t\u0103u.<\/div>\n      <div class=\"lk-stay-meta\">\n        <span class=\"lk-stay-stars\">\u2605\u2605\u2605\u2605<\/span>\n        <span class=\"lk-stay-price\">Compar\u0103 pre\u021buri<\/span>\n      <\/div>\n      <span class=\"lk-stay-cta\">\n        <svg width=\"14\" height=\"14\" viewBox=\"0 0 24 24\" fill=\"none\" stroke=\"currentColor\" stroke-width=\"2\"><path d=\"M18 13v6a2 2 0 0 1-2 2H5a2 2 0 0 1-2-2V8a2 2 0 0 1 2-2h6\"\/><polyline points=\"15 3 21 3 21 9\"\/><line x1=\"10\" y1=\"14\" x2=\"21\" y2=\"3\"\/><\/svg>\n        Verific\u0103 disponibilitatea\n      <\/span>\n    <\/a>\n\n  <\/div>\n\n  \n<\/div>\n\n\n\n\n<h3 class=\"wp-block-heading\"><span class=\"ez-toc-section\" id=\"11_Lacurile_Alster\"><\/span>11. Lacurile Alster<span class=\"ez-toc-section-end\"><\/span><\/h3>\n\n\n\n<p class=\"wp-block-paragraph\">Chiar \u00een centrul ora\u0219ului, la doar c\u00e2\u021biva pa\u0219i de prim\u0103ria istoric\u0103, se \u00eentind dou\u0103 lacuri artificiale mari, Binnenalster \u0219i Aussenalster, care alc\u0103tuiesc inima albastr\u0103 \u00eenchipuit\u0103 a metropolei. <strong>Lacurile sunt \u00eenconjurate de promenade largi, parcuri verzi \u00eengrijite cu grij\u0103 \u0219i vile elegante<\/strong>, ceea ce face din ele cea mai iubit\u0103 zon\u0103 de recreere pentru to\u021bi localnicii. \u00cen jurul apei \u00eent\u00e2lne\u0219ti mereu alerg\u0103tori, bicicli\u0219ti \u0219i oameni care au venit aici dup\u0103 munc\u0103 s\u0103 se odihneasc\u0103 pe o banc\u0103, cu o carte bun\u0103.<\/p>\n\n\n\n<p class=\"wp-block-paragraph\">\u00cen lunile mai calde, <strong>cea mai bun\u0103 activitate este \u00eenchirierea unei hidrobiciclete, a unei canoe sau a unui paddleboard<\/strong>, cu ajutorul c\u0103rora po\u021bi parcurge pe cont propriu lacurile \u00eentinse \u0219i canalele lini\u0219tite din apropiere. De pe ap\u0103 cape\u021bi o perspectiv\u0103 cu totul diferit\u0103 asupra cartierelor reziden\u021biale de lux \u0219i a gr\u0103dinilor private, pe care de pe uscat, printre copaci, adesea nici nu le vezi.<\/p>\n\n\n\n<p class=\"wp-block-paragraph\">\ud83d\udca1 Sfat: <strong>\u00cen mijlocul lacului interior \u021b\u00e2\u0219ne\u0219te \u00eenalta f\u00e2nt\u00e2n\u0103 Alsterfont\u00e4ne<\/strong>, care este unul dintre principalele puncte de reper ale ora\u0219ului. A\u0219az\u0103-te pe treptele de la faimoasa falez\u0103 Jungfernstieg, cump\u0103r\u0103-\u021bi o cafea \u0219i bucur\u0103-te de atmosfera relaxat\u0103 cu vedere la ap\u0103.<\/p>\n\n\n\n<figure data-wp-context=\"{&quot;imageId&quot;:&quot;6a9556fe21d81&quot;}\" data-wp-interactive=\"core\/image\" data-wp-key=\"6a9556fe21d81\" class=\"wp-block-image size-full wp-lightbox-container\"><img decoding=\"async\" width=\"1800\" height=\"1200\" data-wp-class--hide=\"state.isContentHidden\" data-wp-class--show=\"state.isContentVisible\" data-wp-init=\"callbacks.setButtonStyles\" data-wp-on--click=\"actions.showLightbox\" data-wp-on--load=\"callbacks.setButtonStyles\" data-wp-on--pointerdown=\"actions.preloadImage\" data-wp-on--pointerenter=\"actions.preloadImageWithDelay\" data-wp-on--pointerleave=\"actions.cancelPreload\" data-wp-on-window--resize=\"callbacks.setButtonStyles\" src=\"https:\/\/loudavymkrokem.cz\/wp-content\/uploads\/2026\/08\/nemecko-clanky-co-videt-v-hamburku-16.jpg\" alt=\"Memorialul Sf\u00e2ntul Nicolae\" class=\"wp-image-398989\" title=\"\" srcset=\"https:\/\/loudavymkrokem.cz\/wp-content\/uploads\/2026\/08\/nemecko-clanky-co-videt-v-hamburku-16.jpg 1800w, https:\/\/loudavymkrokem.cz\/wp-content\/uploads\/2026\/08\/nemecko-clanky-co-videt-v-hamburku-16-300x200.jpg 300w, https:\/\/loudavymkrokem.cz\/wp-content\/uploads\/2026\/08\/nemecko-clanky-co-videt-v-hamburku-16-700x467.jpg 700w, https:\/\/loudavymkrokem.cz\/wp-content\/uploads\/2026\/08\/nemecko-clanky-co-videt-v-hamburku-16-768x512.jpg 768w, https:\/\/loudavymkrokem.cz\/wp-content\/uploads\/2026\/08\/nemecko-clanky-co-videt-v-hamburku-16-1536x1024.jpg 1536w, https:\/\/loudavymkrokem.cz\/wp-content\/uploads\/2026\/08\/nemecko-clanky-co-videt-v-hamburku-16-696x464.jpg 696w, https:\/\/loudavymkrokem.cz\/wp-content\/uploads\/2026\/08\/nemecko-clanky-co-videt-v-hamburku-16-1392x928.jpg 1392w\" sizes=\"(max-width: 1800px) 100vw, 1800px\" \/><button\n\t\t\tclass=\"lightbox-trigger\"\n\t\t\ttype=\"button\"\n\t\t\taria-haspopup=\"dialog\"\n\t\t\tdata-wp-bind--aria-label=\"state.thisImage.triggerButtonAriaLabel\"\n\t\t\tdata-wp-init=\"callbacks.initTriggerButton\"\n\t\t\tdata-wp-on--click=\"actions.showLightbox\"\n\t\t\tdata-wp-style--right=\"state.thisImage.buttonRight\"\n\t\t\tdata-wp-style--top=\"state.thisImage.buttonTop\"\n\t\t>\n\t\t\t<svg xmlns=\"http:\/\/www.w3.org\/2000\/svg\" width=\"12\" height=\"12\" fill=\"none\" viewBox=\"0 0 12 12\">\n\t\t\t\t<path fill=\"#fff\" d=\"M2 0a2 2 0 0 0-2 2v2h1.5V2a.5.5 0 0 1 .5-.5h2V0H2Zm2 10.5H2a.5.5 0 0 1-.5-.5V8H0v2a2 2 0 0 0 2 2h2v-1.5ZM8 12v-1.5h2a.5.5 0 0 0 .5-.5V8H12v2a2 2 0 0 1-2 2H8Zm2-12a2 2 0 0 1 2 2v2h-1.5V2a.5.5 0 0 0-.5-.5H8V0h2Z\" \/>\n\t\t\t<\/svg>\n\t\t<\/button><figcaption class=\"wp-element-caption\">Foto: Santiago Morales \/ Pexels<\/figcaption><\/figure>\n\n\n\n<h3 class=\"wp-block-heading\"><span class=\"ez-toc-section\" id=\"12_Memorialul_Sfantul_Nicolae_St_Nikolai_Mahnmal\"><\/span>12. Memorialul Sf\u00e2ntul Nicolae (St. Nikolai Mahnmal)<span class=\"ez-toc-section-end\"><\/span><\/h3>\n\n\n\n<p class=\"wp-block-paragraph\">\u00cenc\u0103 de la distan\u021b\u0103 vei vedea un turn negru \u00eenalt, care pare pu\u021bin ca o apari\u021bie \u00een mijlocul construc\u021biilor moderne de sticl\u0103. <strong>Biserica Sf\u00e2ntul Nicolae a fost aproape ras\u0103 de la p\u0103m\u00e2nt \u00een timpul celui de-al Doilea R\u0103zboi Mondial, \u00een timpul bombardamentelor masive ale Alia\u021bilor<\/strong>, iar ruinele sale arse au fost l\u0103sate inten\u021bionat \u00een aceast\u0103 stare, ca un memorial antir\u0103zboinic extrem de impresionant. Locul are o atmosfer\u0103 foarte puternic\u0103 \u0219i sumbr\u0103, care te va face garantat s\u0103 reflectezi la istoria zbuciumat\u0103 a \u00eentregului ora\u0219.<\/p>\n\n\n\n<p class=\"wp-block-paragraph\">\u00cen vastele spa\u021bii subterane de sub biseric\u0103 se afl\u0103 <strong>o expozi\u021bie foarte interesant\u0103 care documenteaz\u0103 distrugerea ora\u0219ului, \u00een timp ce un lift de sticl\u0103 te ridic\u0103 \u00een v\u00e2rful turnului \u00eenalt de 76 de metri<\/strong>. De acolo \u021bi se deschide o priveli\u0219te panoramic\u0103 fantastic\u0103 asupra \u00eentregului centru istoric, portul modern \u0219i prim\u0103ria din apropiere.<\/p>\n\n\n\n<p class=\"wp-block-paragraph\">\ud83d\udca1 Sfat: <strong>Dac\u0103 ai un buget limitat \u0219i te g\u00e2nde\u0219ti pentru care punct panoramic din ora\u0219 s\u0103 pl\u0103te\u0219ti<\/strong>, turnul Sf\u00e2ntul Nicolae este, datorit\u0103 pozi\u021biei centrale \u0219i profunzimii istorice, o alegere absolut excelent\u0103.<\/p>\n\n\n\n<figure data-wp-context=\"{&quot;imageId&quot;:&quot;6a9556fe2244c&quot;}\" data-wp-interactive=\"core\/image\" data-wp-key=\"6a9556fe2244c\" class=\"wp-block-image size-full wp-lightbox-container\"><img decoding=\"async\" width=\"1800\" height=\"1183\" data-wp-class--hide=\"state.isContentHidden\" data-wp-class--show=\"state.isContentVisible\" data-wp-init=\"callbacks.setButtonStyles\" data-wp-on--click=\"actions.showLightbox\" data-wp-on--load=\"callbacks.setButtonStyles\" data-wp-on--pointerdown=\"actions.preloadImage\" data-wp-on--pointerenter=\"actions.preloadImageWithDelay\" data-wp-on--pointerleave=\"actions.cancelPreload\" data-wp-on-window--resize=\"callbacks.setButtonStyles\" src=\"https:\/\/loudavymkrokem.cz\/wp-content\/uploads\/2026\/08\/nemecko-clanky-co-videt-v-hamburku-17.jpg\" alt=\"Vechiul tunel de sub Elba\" class=\"wp-image-398993\" title=\"\" srcset=\"https:\/\/loudavymkrokem.cz\/wp-content\/uploads\/2026\/08\/nemecko-clanky-co-videt-v-hamburku-17.jpg 1800w, https:\/\/loudavymkrokem.cz\/wp-content\/uploads\/2026\/08\/nemecko-clanky-co-videt-v-hamburku-17-300x197.jpg 300w, https:\/\/loudavymkrokem.cz\/wp-content\/uploads\/2026\/08\/nemecko-clanky-co-videt-v-hamburku-17-700x460.jpg 700w, https:\/\/loudavymkrokem.cz\/wp-content\/uploads\/2026\/08\/nemecko-clanky-co-videt-v-hamburku-17-768x505.jpg 768w, https:\/\/loudavymkrokem.cz\/wp-content\/uploads\/2026\/08\/nemecko-clanky-co-videt-v-hamburku-17-1536x1009.jpg 1536w, https:\/\/loudavymkrokem.cz\/wp-content\/uploads\/2026\/08\/nemecko-clanky-co-videt-v-hamburku-17-696x457.jpg 696w, https:\/\/loudavymkrokem.cz\/wp-content\/uploads\/2026\/08\/nemecko-clanky-co-videt-v-hamburku-17-1392x915.jpg 1392w\" sizes=\"(max-width: 1800px) 100vw, 1800px\" \/><button\n\t\t\tclass=\"lightbox-trigger\"\n\t\t\ttype=\"button\"\n\t\t\taria-haspopup=\"dialog\"\n\t\t\tdata-wp-bind--aria-label=\"state.thisImage.triggerButtonAriaLabel\"\n\t\t\tdata-wp-init=\"callbacks.initTriggerButton\"\n\t\t\tdata-wp-on--click=\"actions.showLightbox\"\n\t\t\tdata-wp-style--right=\"state.thisImage.buttonRight\"\n\t\t\tdata-wp-style--top=\"state.thisImage.buttonTop\"\n\t\t>\n\t\t\t<svg xmlns=\"http:\/\/www.w3.org\/2000\/svg\" width=\"12\" height=\"12\" fill=\"none\" viewBox=\"0 0 12 12\">\n\t\t\t\t<path fill=\"#fff\" d=\"M2 0a2 2 0 0 0-2 2v2h1.5V2a.5.5 0 0 1 .5-.5h2V0H2Zm2 10.5H2a.5.5 0 0 1-.5-.5V8H0v2a2 2 0 0 0 2 2h2v-1.5ZM8 12v-1.5h2a.5.5 0 0 0 .5-.5V8H12v2a2 2 0 0 1-2 2H8Zm2-12a2 2 0 0 1 2 2v2h-1.5V2a.5.5 0 0 0-.5-.5H8V0h2Z\" \/>\n\t\t\t<\/svg>\n\t\t<\/button><figcaption class=\"wp-element-caption\">Foto: Thomas Wolf, www.foto-tw.de \/ Wikimedia Commons, CC BY-SA 3.0<\/figcaption><\/figure>\n\n\n\n<h3 class=\"wp-block-heading\"><span class=\"ez-toc-section\" id=\"13_Vechiul_tunel_de_sub_Elba_Alter_Elbtunnel\"><\/span>13. Vechiul tunel de sub Elba (Alter Elbtunnel)<span class=\"ez-toc-section-end\"><\/span><\/h3>\n\n\n\n<p class=\"wp-block-paragraph\">Aceast\u0103 raritate tehnic\u0103 istoric\u0103 din anul 1911 \u00ee\u021bi permite s\u0103 treci pe jos sau cu bicicleta chiar pe sub albia uria\u0219ului r\u00e2u Elba. <strong>\u00cen tunel se coboar\u0103 cu ajutorul unor lifturi istorice imense cu placaj de lemn, care c\u00e2ndva transportau c\u0103ru\u021be cu cai<\/strong>, \u0219i care sunt operate p\u00e2n\u0103 azi de personal \u00een uniforme de epoc\u0103. Tunelul propriu-zis este superb placat cu faian\u021b\u0103 lucioas\u0103 cu reliefuri de animale marine \u0219i, datorit\u0103 iluminatului s\u0103u, arat\u0103 incredibil de fotogenic.<\/p>\n\n\n\n<p class=\"wp-block-paragraph\">Plimbarea prin tubul subteran spre cel\u0103lalt mal al r\u00e2ului <strong>m\u0103soar\u0103 aproximativ 400 de metri \u0219i este complet gratuit\u0103 toat\u0103 ziua pentru pietoni<\/strong>. Odat\u0103 ce ie\u0219i cu unul dintre lifturi pe cel\u0103lalt mal, \u00een cartierul Steinwerder, \u021bi se deschide una dintre cele mai frumoase \u0219i mai deschise priveli\u0219ti asupra \u00eentregii panorame a ora\u0219ului.<\/p>\n\n\n\n<p class=\"wp-block-paragraph\">\ud83d\udca1 Sfat: <strong>Cele mai bune poze ale panoramei cu cl\u0103direa Elbphilharmonie \u0219i turnurile bisericilor le faci tocmai de pe platforma panoramic\u0103 de pe malul sudic<\/strong>, chiar la ie\u0219irea din tunel. Mai ales la apus sau imediat dup\u0103 el este o adev\u0103rat\u0103 frumuse\u021be.<\/p>\n\n\n\n<figure data-wp-context=\"{&quot;imageId&quot;:&quot;6a9556fe22b65&quot;}\" data-wp-interactive=\"core\/image\" data-wp-key=\"6a9556fe22b65\" class=\"wp-block-image size-full wp-lightbox-container\"><img decoding=\"async\" width=\"1800\" height=\"1215\" data-wp-class--hide=\"state.isContentHidden\" data-wp-class--show=\"state.isContentVisible\" data-wp-init=\"callbacks.setButtonStyles\" data-wp-on--click=\"actions.showLightbox\" data-wp-on--load=\"callbacks.setButtonStyles\" data-wp-on--pointerdown=\"actions.preloadImage\" data-wp-on--pointerenter=\"actions.preloadImageWithDelay\" data-wp-on--pointerleave=\"actions.cancelPreload\" data-wp-on-window--resize=\"callbacks.setButtonStyles\" src=\"https:\/\/loudavymkrokem.cz\/wp-content\/uploads\/2026\/08\/nemecko-clanky-co-videt-v-hamburku-18.jpg\" alt=\"Chilehaus \u00een cartierul Kontorhausviertel\" class=\"wp-image-399000\" title=\"\" srcset=\"https:\/\/loudavymkrokem.cz\/wp-content\/uploads\/2026\/08\/nemecko-clanky-co-videt-v-hamburku-18.jpg 1800w, https:\/\/loudavymkrokem.cz\/wp-content\/uploads\/2026\/08\/nemecko-clanky-co-videt-v-hamburku-18-300x203.jpg 300w, https:\/\/loudavymkrokem.cz\/wp-content\/uploads\/2026\/08\/nemecko-clanky-co-videt-v-hamburku-18-700x473.jpg 700w, https:\/\/loudavymkrokem.cz\/wp-content\/uploads\/2026\/08\/nemecko-clanky-co-videt-v-hamburku-18-768x518.jpg 768w, https:\/\/loudavymkrokem.cz\/wp-content\/uploads\/2026\/08\/nemecko-clanky-co-videt-v-hamburku-18-1536x1037.jpg 1536w, https:\/\/loudavymkrokem.cz\/wp-content\/uploads\/2026\/08\/nemecko-clanky-co-videt-v-hamburku-18-696x470.jpg 696w, https:\/\/loudavymkrokem.cz\/wp-content\/uploads\/2026\/08\/nemecko-clanky-co-videt-v-hamburku-18-1392x940.jpg 1392w\" sizes=\"(max-width: 1800px) 100vw, 1800px\" \/><button\n\t\t\tclass=\"lightbox-trigger\"\n\t\t\ttype=\"button\"\n\t\t\taria-haspopup=\"dialog\"\n\t\t\tdata-wp-bind--aria-label=\"state.thisImage.triggerButtonAriaLabel\"\n\t\t\tdata-wp-init=\"callbacks.initTriggerButton\"\n\t\t\tdata-wp-on--click=\"actions.showLightbox\"\n\t\t\tdata-wp-style--right=\"state.thisImage.buttonRight\"\n\t\t\tdata-wp-style--top=\"state.thisImage.buttonTop\"\n\t\t>\n\t\t\t<svg xmlns=\"http:\/\/www.w3.org\/2000\/svg\" width=\"12\" height=\"12\" fill=\"none\" viewBox=\"0 0 12 12\">\n\t\t\t\t<path fill=\"#fff\" d=\"M2 0a2 2 0 0 0-2 2v2h1.5V2a.5.5 0 0 1 .5-.5h2V0H2Zm2 10.5H2a.5.5 0 0 1-.5-.5V8H0v2a2 2 0 0 0 2 2h2v-1.5ZM8 12v-1.5h2a.5.5 0 0 0 .5-.5V8H12v2a2 2 0 0 1-2 2H8Zm2-12a2 2 0 0 1 2 2v2h-1.5V2a.5.5 0 0 0-.5-.5H8V0h2Z\" \/>\n\t\t\t<\/svg>\n\t\t<\/button><figcaption class=\"wp-element-caption\">Foto: Dietmar Rabich \/ Wikimedia Commons, CC BY-SA 4.0<\/figcaption><\/figure>\n\n\n\n<h3 class=\"wp-block-heading\"><span class=\"ez-toc-section\" id=\"14_Cartierul_Kontorhausviertel_si_Chilehaus\"><\/span>14. Cartierul Kontorhausviertel \u0219i Chilehaus<span class=\"ez-toc-section-end\"><\/span><\/h3>\n\n\n\n<p class=\"wp-block-paragraph\">Iubitorii arhitecturii expresioniste unice din anii &#8217;20 ai secolului trecut vor fi garantat \u00eenc\u00e2nta\u021bi \u00een acest cartier istoric de birouri. <strong>Cea mai cunoscut\u0103 cl\u0103dire este iconicul Chilehaus, care prin col\u021bul s\u0103u incredibil de ascu\u021bit aminte\u0219te de o nav\u0103 transatlantic\u0103 uria\u0219\u0103<\/strong>, \u0219i care, \u00eempreun\u0103 cu Speicherstadt, se afl\u0103 pe drept pe prestigioasa list\u0103 UNESCO. \u00centreaga zon\u0103 este construit\u0103 din c\u0103r\u0103mid\u0103 ars\u0103 \u00eenchis\u0103 la culoare \u0219i se remarc\u0103 printr-un accent incredibil pe detaliile geometrice \u0219i ornamentele elaborate ale fa\u021badelor.<\/p>\n\n\n\n<p class=\"wp-block-paragraph\">Cl\u0103dirile serveau ini\u021bial drept <strong>sedii ale marilor companii comerciale, a\u0219a-numitele kontore, care conduceau de aici comer\u021bul de peste m\u0103ri<\/strong>. Ast\u0103zi g\u0103zduiesc birouri moderne, dar \u00een multe holuri de intrare superb decorate, foaiere \u0219i sc\u0103ri maiestuoase te po\u021bi uita f\u0103r\u0103 probleme \u0219i gratuit \u00een timpul programului de lucru.<\/p>\n\n\n\n<p class=\"wp-block-paragraph\">\ud83d\udca1 Sfat: <strong>A\u0219az\u0103-te exact la col\u021bul str\u0103zilor Burchardstra\u00dfe \u0219i Pumpen<\/strong>, de unde v\u00e2rful cl\u0103dirii Chilehaus se vede \u00een cel mai dramatic \u0219i mai ascu\u021bit unghi. Fotografia din acest loc se num\u0103r\u0103 printre cele mai iconice cadre arhitecturale ale ora\u0219ului.<\/p>\n\n\n\n<figure data-wp-context=\"{&quot;imageId&quot;:&quot;6a9556fe231e5&quot;}\" data-wp-interactive=\"core\/image\" data-wp-key=\"6a9556fe231e5\" class=\"wp-block-image size-full wp-lightbox-container\"><img decoding=\"async\" width=\"1800\" height=\"1200\" data-wp-class--hide=\"state.isContentHidden\" data-wp-class--show=\"state.isContentVisible\" data-wp-init=\"callbacks.setButtonStyles\" data-wp-on--click=\"actions.showLightbox\" data-wp-on--load=\"callbacks.setButtonStyles\" data-wp-on--pointerdown=\"actions.preloadImage\" data-wp-on--pointerenter=\"actions.preloadImageWithDelay\" data-wp-on--pointerleave=\"actions.cancelPreload\" data-wp-on-window--resize=\"callbacks.setButtonStyles\" src=\"https:\/\/loudavymkrokem.cz\/wp-content\/uploads\/2026\/08\/nemecko-clanky-co-videt-v-hamburku-19.jpg\" alt=\"Cl\u0103direa galeriei Hamburger Kunsthalle\" class=\"wp-image-399002\" title=\"\" srcset=\"https:\/\/loudavymkrokem.cz\/wp-content\/uploads\/2026\/08\/nemecko-clanky-co-videt-v-hamburku-19.jpg 1800w, https:\/\/loudavymkrokem.cz\/wp-content\/uploads\/2026\/08\/nemecko-clanky-co-videt-v-hamburku-19-300x200.jpg 300w, https:\/\/loudavymkrokem.cz\/wp-content\/uploads\/2026\/08\/nemecko-clanky-co-videt-v-hamburku-19-700x467.jpg 700w, https:\/\/loudavymkrokem.cz\/wp-content\/uploads\/2026\/08\/nemecko-clanky-co-videt-v-hamburku-19-768x512.jpg 768w, https:\/\/loudavymkrokem.cz\/wp-content\/uploads\/2026\/08\/nemecko-clanky-co-videt-v-hamburku-19-1536x1024.jpg 1536w, https:\/\/loudavymkrokem.cz\/wp-content\/uploads\/2026\/08\/nemecko-clanky-co-videt-v-hamburku-19-696x464.jpg 696w, https:\/\/loudavymkrokem.cz\/wp-content\/uploads\/2026\/08\/nemecko-clanky-co-videt-v-hamburku-19-1392x928.jpg 1392w\" sizes=\"(max-width: 1800px) 100vw, 1800px\" \/><button\n\t\t\tclass=\"lightbox-trigger\"\n\t\t\ttype=\"button\"\n\t\t\taria-haspopup=\"dialog\"\n\t\t\tdata-wp-bind--aria-label=\"state.thisImage.triggerButtonAriaLabel\"\n\t\t\tdata-wp-init=\"callbacks.initTriggerButton\"\n\t\t\tdata-wp-on--click=\"actions.showLightbox\"\n\t\t\tdata-wp-style--right=\"state.thisImage.buttonRight\"\n\t\t\tdata-wp-style--top=\"state.thisImage.buttonTop\"\n\t\t>\n\t\t\t<svg xmlns=\"http:\/\/www.w3.org\/2000\/svg\" width=\"12\" height=\"12\" fill=\"none\" viewBox=\"0 0 12 12\">\n\t\t\t\t<path fill=\"#fff\" d=\"M2 0a2 2 0 0 0-2 2v2h1.5V2a.5.5 0 0 1 .5-.5h2V0H2Zm2 10.5H2a.5.5 0 0 1-.5-.5V8H0v2a2 2 0 0 0 2 2h2v-1.5ZM8 12v-1.5h2a.5.5 0 0 0 .5-.5V8H12v2a2 2 0 0 1-2 2H8Zm2-12a2 2 0 0 1 2 2v2h-1.5V2a.5.5 0 0 0-.5-.5H8V0h2Z\" \/>\n\t\t\t<\/svg>\n\t\t<\/button><figcaption class=\"wp-element-caption\">Foto: Laura Paredis \/ Pexels<\/figcaption><\/figure>\n\n\n\n<h3 class=\"wp-block-heading\"><span class=\"ez-toc-section\" id=\"15_Hamburger_Kunsthalle\"><\/span>15. Hamburger Kunsthalle<span class=\"ez-toc-section-end\"><\/span><\/h3>\n\n\n\n<p class=\"wp-block-paragraph\">Dac\u0103 vrei s\u0103 admiri art\u0103 \u00een timpul c\u0103l\u0103toriei, nu trebuie s\u0103 ratezi unul dintre cele mai mari \u0219i mai importante muzee de art\u0103 din toat\u0103 Germania, care se afl\u0103 chiar \u00een apropierea g\u0103rii centrale. <strong>Hamburger Kunsthalle este alc\u0103tuit\u0103 din trei cl\u0103diri interconectate de v\u00e2rste diferite \u0219i ascunde colec\u021bii uimitoare ce acoper\u0103 opt secole de crea\u021bie artistic\u0103<\/strong>, de la impresionantele altare medievale p\u00e2n\u0103 la instala\u021bii contemporane provocatoare. Complexul este uria\u0219, iar iubitorii de art\u0103 petrec aici lejer o zi \u00eentreag\u0103, f\u0103r\u0103 nici cea mai mic\u0103 problem\u0103.<\/p>\n\n\n\n<p class=\"wp-block-paragraph\">Cea mai mare atrac\u021bie a \u00eentregii galerii este, f\u0103r\u0103 \u00eendoial\u0103, <strong>celebrul tablou C\u0103l\u0103torul deasupra m\u0103rii de cea\u021b\u0103, al pictorului romantic Caspar David Friedrich<\/strong>, care a devenit o icoan\u0103 mondial\u0103 a romantismului german. Pe l\u00e2ng\u0103 el g\u0103se\u0219ti, desigur, \u0219i opere uimitoare ale altor mari mae\u0219tri, precum Rembrandt, Manet sau Edvard Munch.<\/p>\n\n\n\n<p class=\"wp-block-paragraph\">\ud83d\udca1 Sfat: <strong>Dac\u0103 te intereseaz\u0103 mai ales arta modern\u0103, po\u021bi merge direct \u00een cea mai nou\u0103 cl\u0103dire luminoas\u0103, numit\u0103 Galerie der Gegenwart<\/strong>, care se axeaz\u0103 pe operele din 1960 p\u00e2n\u0103 \u00een prezent \u0219i este \u00een sine, arhitectural, foarte interesant\u0103.<\/p>\n\n\n\n<figure data-wp-context=\"{&quot;imageId&quot;:&quot;6a9556fe23915&quot;}\" data-wp-interactive=\"core\/image\" data-wp-key=\"6a9556fe23915\" class=\"wp-block-image size-full wp-lightbox-container\"><img decoding=\"async\" width=\"1800\" height=\"1231\" data-wp-class--hide=\"state.isContentHidden\" data-wp-class--show=\"state.isContentVisible\" data-wp-init=\"callbacks.setButtonStyles\" data-wp-on--click=\"actions.showLightbox\" data-wp-on--load=\"callbacks.setButtonStyles\" data-wp-on--pointerdown=\"actions.preloadImage\" data-wp-on--pointerenter=\"actions.preloadImageWithDelay\" data-wp-on--pointerleave=\"actions.cancelPreload\" data-wp-on-window--resize=\"callbacks.setButtonStyles\" src=\"https:\/\/loudavymkrokem.cz\/wp-content\/uploads\/2026\/08\/nemecko-clanky-co-videt-v-hamburku-20.jpg\" alt=\"Interiorul unui muzeu din Hamburg\" class=\"wp-image-399008\" title=\"\" srcset=\"https:\/\/loudavymkrokem.cz\/wp-content\/uploads\/2026\/08\/nemecko-clanky-co-videt-v-hamburku-20.jpg 1800w, https:\/\/loudavymkrokem.cz\/wp-content\/uploads\/2026\/08\/nemecko-clanky-co-videt-v-hamburku-20-300x205.jpg 300w, https:\/\/loudavymkrokem.cz\/wp-content\/uploads\/2026\/08\/nemecko-clanky-co-videt-v-hamburku-20-700x479.jpg 700w, https:\/\/loudavymkrokem.cz\/wp-content\/uploads\/2026\/08\/nemecko-clanky-co-videt-v-hamburku-20-768x525.jpg 768w, https:\/\/loudavymkrokem.cz\/wp-content\/uploads\/2026\/08\/nemecko-clanky-co-videt-v-hamburku-20-1536x1050.jpg 1536w, https:\/\/loudavymkrokem.cz\/wp-content\/uploads\/2026\/08\/nemecko-clanky-co-videt-v-hamburku-20-696x476.jpg 696w, https:\/\/loudavymkrokem.cz\/wp-content\/uploads\/2026\/08\/nemecko-clanky-co-videt-v-hamburku-20-1392x952.jpg 1392w\" sizes=\"(max-width: 1800px) 100vw, 1800px\" \/><button\n\t\t\tclass=\"lightbox-trigger\"\n\t\t\ttype=\"button\"\n\t\t\taria-haspopup=\"dialog\"\n\t\t\tdata-wp-bind--aria-label=\"state.thisImage.triggerButtonAriaLabel\"\n\t\t\tdata-wp-init=\"callbacks.initTriggerButton\"\n\t\t\tdata-wp-on--click=\"actions.showLightbox\"\n\t\t\tdata-wp-style--right=\"state.thisImage.buttonRight\"\n\t\t\tdata-wp-style--top=\"state.thisImage.buttonTop\"\n\t\t>\n\t\t\t<svg xmlns=\"http:\/\/www.w3.org\/2000\/svg\" width=\"12\" height=\"12\" fill=\"none\" viewBox=\"0 0 12 12\">\n\t\t\t\t<path fill=\"#fff\" d=\"M2 0a2 2 0 0 0-2 2v2h1.5V2a.5.5 0 0 1 .5-.5h2V0H2Zm2 10.5H2a.5.5 0 0 1-.5-.5V8H0v2a2 2 0 0 0 2 2h2v-1.5ZM8 12v-1.5h2a.5.5 0 0 0 .5-.5V8H12v2a2 2 0 0 1-2 2H8Zm2-12a2 2 0 0 1 2 2v2h-1.5V2a.5.5 0 0 0-.5-.5H8V0h2Z\" \/>\n\t\t\t<\/svg>\n\t\t<\/button><figcaption class=\"wp-element-caption\">Foto: G\u00fcl I\u015f\u0131k \/ Pexels<\/figcaption><\/figure>\n\n\n\n<h3 class=\"wp-block-heading\"><span class=\"ez-toc-section\" id=\"16_Dialog_im_Dunkeln\"><\/span>16. Dialog im Dunkeln<span class=\"ez-toc-section-end\"><\/span><\/h3>\n\n\n\n<p class=\"wp-block-paragraph\">Aceast\u0103 experien\u021b\u0103 unic\u0103 \u00ee\u021bi va schimba complet perspectiva asupra vie\u021bii obi\u0219nuite \u0219i te va face s\u0103 percepi lumea cu alte sim\u021buri dec\u00e2t v\u0103zul dominant. <strong>Dialog \u00een \u00eentuneric este o expozi\u021bie profund interactiv\u0103, \u00een care ghizi nev\u0103z\u0103tori te conduc \u00een \u00eentuneric absolut prin situa\u021bii simulate ale unei zile obi\u0219nuite<\/strong>, precum o plimbare printr-un parc animat, vizita la o pia\u021b\u0103 sau statul \u00eentr-un bar. Timp de o or\u0103 \u0219i jum\u0103tate ajungi astfel \u00eentr-o lume \u00een care trebuie s\u0103 te bazezi sut\u0103 la sut\u0103 doar pe pip\u0103it, auz \u0219i miros.<\/p>\n\n\n\n<p class=\"wp-block-paragraph\">Este o <strong>experien\u021b\u0103 incredibil de puternic\u0103 \u0219i emo\u021bionant\u0103, care d\u0103r\u00e2m\u0103 \u00een mod natural barierele dintre oamenii care v\u0103d \u0219i cei nev\u0103z\u0103tori<\/strong> \u0219i ne \u00eenva\u021b\u0103 o empatie mult mai mare. Vizitele au loc \u00een grupuri mici, a\u0219a c\u0103 nu trebuie s\u0103 te temi c\u0103 te-ai putea r\u0103t\u0103ci, iar pentru vizitatorii vorbitori de englez\u0103 sunt disponibile intervale orare special rezervate.<\/p>\n\n\n\n<p class=\"wp-block-paragraph\">\ud83d\udca1 Sfat: <strong>Biletele pentru vizita \u00een englez\u0103 asigur\u0103-\u021bi-le neap\u0103rat din timp, online<\/strong>, pentru c\u0103 num\u0103rul de locuri \u00een grupuri este strict limitat \u0219i pe loc se vinde adesea totul pentru toat\u0103 ziua.<\/p>\n\n\n\n<figure data-wp-context=\"{&quot;imageId&quot;:&quot;6a9556fe242a8&quot;}\" data-wp-interactive=\"core\/image\" data-wp-key=\"6a9556fe242a8\" class=\"wp-block-image size-full wp-lightbox-container\"><img decoding=\"async\" width=\"1800\" height=\"1350\" data-wp-class--hide=\"state.isContentHidden\" data-wp-class--show=\"state.isContentVisible\" data-wp-init=\"callbacks.setButtonStyles\" data-wp-on--click=\"actions.showLightbox\" data-wp-on--load=\"callbacks.setButtonStyles\" data-wp-on--pointerdown=\"actions.preloadImage\" data-wp-on--pointerenter=\"actions.preloadImageWithDelay\" data-wp-on--pointerleave=\"actions.cancelPreload\" data-wp-on-window--resize=\"callbacks.setButtonStyles\" src=\"https:\/\/loudavymkrokem.cz\/wp-content\/uploads\/2026\/08\/nemecko-clanky-co-videt-v-hamburku-21.jpg\" alt=\"Cartierul cu sc\u0103ri Blankenese\" class=\"wp-image-399012\" title=\"\" srcset=\"https:\/\/loudavymkrokem.cz\/wp-content\/uploads\/2026\/08\/nemecko-clanky-co-videt-v-hamburku-21.jpg 1800w, https:\/\/loudavymkrokem.cz\/wp-content\/uploads\/2026\/08\/nemecko-clanky-co-videt-v-hamburku-21-300x225.jpg 300w, https:\/\/loudavymkrokem.cz\/wp-content\/uploads\/2026\/08\/nemecko-clanky-co-videt-v-hamburku-21-700x525.jpg 700w, https:\/\/loudavymkrokem.cz\/wp-content\/uploads\/2026\/08\/nemecko-clanky-co-videt-v-hamburku-21-768x576.jpg 768w, https:\/\/loudavymkrokem.cz\/wp-content\/uploads\/2026\/08\/nemecko-clanky-co-videt-v-hamburku-21-1536x1152.jpg 1536w, https:\/\/loudavymkrokem.cz\/wp-content\/uploads\/2026\/08\/nemecko-clanky-co-videt-v-hamburku-21-80x60.jpg 80w, https:\/\/loudavymkrokem.cz\/wp-content\/uploads\/2026\/08\/nemecko-clanky-co-videt-v-hamburku-21-160x120.jpg 160w, https:\/\/loudavymkrokem.cz\/wp-content\/uploads\/2026\/08\/nemecko-clanky-co-videt-v-hamburku-21-696x522.jpg 696w, https:\/\/loudavymkrokem.cz\/wp-content\/uploads\/2026\/08\/nemecko-clanky-co-videt-v-hamburku-21-1392x1044.jpg 1392w\" sizes=\"(max-width: 1800px) 100vw, 1800px\" \/><button\n\t\t\tclass=\"lightbox-trigger\"\n\t\t\ttype=\"button\"\n\t\t\taria-haspopup=\"dialog\"\n\t\t\tdata-wp-bind--aria-label=\"state.thisImage.triggerButtonAriaLabel\"\n\t\t\tdata-wp-init=\"callbacks.initTriggerButton\"\n\t\t\tdata-wp-on--click=\"actions.showLightbox\"\n\t\t\tdata-wp-style--right=\"state.thisImage.buttonRight\"\n\t\t\tdata-wp-style--top=\"state.thisImage.buttonTop\"\n\t\t>\n\t\t\t<svg xmlns=\"http:\/\/www.w3.org\/2000\/svg\" width=\"12\" height=\"12\" fill=\"none\" viewBox=\"0 0 12 12\">\n\t\t\t\t<path fill=\"#fff\" d=\"M2 0a2 2 0 0 0-2 2v2h1.5V2a.5.5 0 0 1 .5-.5h2V0H2Zm2 10.5H2a.5.5 0 0 1-.5-.5V8H0v2a2 2 0 0 0 2 2h2v-1.5ZM8 12v-1.5h2a.5.5 0 0 0 .5-.5V8H12v2a2 2 0 0 1-2 2H8Zm2-12a2 2 0 0 1 2 2v2h-1.5V2a.5.5 0 0 0-.5-.5H8V0h2Z\" \/>\n\t\t\t<\/svg>\n\t\t<\/button><figcaption class=\"wp-element-caption\">Foto: Pauli-Pirat \/ Wikimedia Commons, CC BY-SA 4.0<\/figcaption><\/figure>\n\n\n\n<h3 class=\"wp-block-heading\"><span class=\"ez-toc-section\" id=\"17_Cartierul_plin_de_scari_Treppenviertel_Blankenese\"><\/span>17. Cartierul plin de sc\u0103ri Treppenviertel Blankenese<span class=\"ez-toc-section-end\"><\/span><\/h3>\n\n\n\n<p class=\"wp-block-paragraph\">Pentru o evadare perfect\u0103 din centrul agitat, ia trenul suburban S-Bahn spre pitorescul cartier Blankenese, care te va surprinde imediat prin atmosfera sa aproape mediteranean\u0103. <strong>Acest fost sat de pescari este construit pe o pant\u0103 abrupt\u0103 deasupra r\u00e2ului \u0219i este str\u0103b\u0103tut de un labirint incredibil de aproape cinci mii de trepte<\/strong>, uli\u021be \u00eenguste \u0219i \u00eentortocheate \u0219i pia\u021bete mici. Nu g\u0103se\u0219ti aici absolut nicio ma\u0219in\u0103, doar vile vechi superbe cu gr\u0103dini \u00eengrijite cu grij\u0103 \u0219i priveli\u0219ti care \u00ee\u021bi taie respira\u021bia spre navele de containere ce trec.<\/p>\n\n\n\n<p class=\"wp-block-paragraph\">Plimbarea prin re\u021beaua de sc\u0103ri \u00een jos spre r\u00e2u \u0219i apoi \u00eenapoi este <strong>o performan\u021b\u0103 sportiv\u0103 destul de solid\u0103, dar r\u0103splata \u00ee\u021bi vor fi cele mai fermec\u0103toare peisaje<\/strong>, care amintesc mai degrab\u0103 de \u00eensorita riviera italian\u0103 dec\u00e2t de nordul rece al Germaniei. Jos, l\u00e2ng\u0103 ap\u0103, se afl\u0103 \u00een plus o plaj\u0103 frumoas\u0103 de nisip \u0219i c\u00e2teva cafenele excelente, unde po\u021bi prinde puteri.<\/p>\n\n\n\n<p class=\"wp-block-paragraph\">\ud83d\udca1 Sfat: <strong>Cel mai bine este s\u0103 te la\u0219i r\u0103t\u0103cit pe uli\u021be \u0219i s\u0103 nu urm\u0103re\u0219ti deloc harta de pe telefon<\/strong>, mai devreme sau mai t\u00e2rziu tot ajungi fie jos la r\u00e2u, fie sus la \u0219oseaua principal\u0103, de unde autobuzele merg comod \u00eenapoi la gar\u0103.<\/p>\n\n\n\n<figure data-wp-context=\"{&quot;imageId&quot;:&quot;6a9556fe249ad&quot;}\" data-wp-interactive=\"core\/image\" data-wp-key=\"6a9556fe249ad\" class=\"wp-block-image size-full wp-lightbox-container\"><img decoding=\"async\" width=\"1800\" height=\"1200\" data-wp-class--hide=\"state.isContentHidden\" data-wp-class--show=\"state.isContentVisible\" data-wp-init=\"callbacks.setButtonStyles\" data-wp-on--click=\"actions.showLightbox\" data-wp-on--load=\"callbacks.setButtonStyles\" data-wp-on--pointerdown=\"actions.preloadImage\" data-wp-on--pointerenter=\"actions.preloadImageWithDelay\" data-wp-on--pointerleave=\"actions.cancelPreload\" data-wp-on-window--resize=\"callbacks.setButtonStyles\" src=\"https:\/\/loudavymkrokem.cz\/wp-content\/uploads\/2026\/08\/nemecko-clanky-co-videt-v-hamburku-22.jpg\" alt=\"Biserica Sf\u00e2ntul Mihail\" class=\"wp-image-399016\" title=\"\" srcset=\"https:\/\/loudavymkrokem.cz\/wp-content\/uploads\/2026\/08\/nemecko-clanky-co-videt-v-hamburku-22.jpg 1800w, https:\/\/loudavymkrokem.cz\/wp-content\/uploads\/2026\/08\/nemecko-clanky-co-videt-v-hamburku-22-300x200.jpg 300w, https:\/\/loudavymkrokem.cz\/wp-content\/uploads\/2026\/08\/nemecko-clanky-co-videt-v-hamburku-22-700x467.jpg 700w, https:\/\/loudavymkrokem.cz\/wp-content\/uploads\/2026\/08\/nemecko-clanky-co-videt-v-hamburku-22-768x512.jpg 768w, https:\/\/loudavymkrokem.cz\/wp-content\/uploads\/2026\/08\/nemecko-clanky-co-videt-v-hamburku-22-1536x1024.jpg 1536w, https:\/\/loudavymkrokem.cz\/wp-content\/uploads\/2026\/08\/nemecko-clanky-co-videt-v-hamburku-22-696x464.jpg 696w, https:\/\/loudavymkrokem.cz\/wp-content\/uploads\/2026\/08\/nemecko-clanky-co-videt-v-hamburku-22-1392x928.jpg 1392w\" sizes=\"(max-width: 1800px) 100vw, 1800px\" \/><button\n\t\t\tclass=\"lightbox-trigger\"\n\t\t\ttype=\"button\"\n\t\t\taria-haspopup=\"dialog\"\n\t\t\tdata-wp-bind--aria-label=\"state.thisImage.triggerButtonAriaLabel\"\n\t\t\tdata-wp-init=\"callbacks.initTriggerButton\"\n\t\t\tdata-wp-on--click=\"actions.showLightbox\"\n\t\t\tdata-wp-style--right=\"state.thisImage.buttonRight\"\n\t\t\tdata-wp-style--top=\"state.thisImage.buttonTop\"\n\t\t>\n\t\t\t<svg xmlns=\"http:\/\/www.w3.org\/2000\/svg\" width=\"12\" height=\"12\" fill=\"none\" viewBox=\"0 0 12 12\">\n\t\t\t\t<path fill=\"#fff\" d=\"M2 0a2 2 0 0 0-2 2v2h1.5V2a.5.5 0 0 1 .5-.5h2V0H2Zm2 10.5H2a.5.5 0 0 1-.5-.5V8H0v2a2 2 0 0 0 2 2h2v-1.5ZM8 12v-1.5h2a.5.5 0 0 0 .5-.5V8H12v2a2 2 0 0 1-2 2H8Zm2-12a2 2 0 0 1 2 2v2h-1.5V2a.5.5 0 0 0-.5-.5H8V0h2Z\" \/>\n\t\t\t<\/svg>\n\t\t<\/button><figcaption class=\"wp-element-caption\">Foto: Dietmar Rabich \/ Wikimedia Commons, CC BY-SA 4.0<\/figcaption><\/figure>\n\n\n\n<h3 class=\"wp-block-heading\"><span class=\"ez-toc-section\" id=\"18_Biserica_Sfantul_Mihail_Michel\"><\/span>18. Biserica Sf\u00e2ntul Mihail (Michel)<span class=\"ez-toc-section-end\"><\/span><\/h3>\n\n\n\n<p class=\"wp-block-paragraph\">Cea mai important\u0103 biseric\u0103 baroc\u0103 din ora\u0219, pe care localnicii o alint\u0103 de genera\u021bii cu numele Michel, a servit secole la r\u00e2nd drept cel mai important punct de reper pentru marinarii care se \u00eentorceau acas\u0103 din c\u0103l\u0103torii lungi. <strong>Turnul s\u0103u maiestuos cu un ceas uria\u0219 se \u00eenal\u021b\u0103 la 132 de metri \u0219i ascunde cea mai frumoas\u0103 platform\u0103 panoramic\u0103 din ora\u0219<\/strong>, de pe care ai centrul ora\u0219ului \u0219i portul \u00eentins ca \u00een palm\u0103. Din fericire, nu trebuie s\u0103 urci pe jos, pentru c\u0103 cea mai mare parte a drumului o po\u021bi parcurge comod cu un lift modern.<\/p>\n\n\n\n<p class=\"wp-block-paragraph\">Un lucru interesant este c\u0103 <strong>biserica a fost distrus\u0103 complet de dou\u0103 ori de-a lungul istoriei sale zbuciumate de incendii uria\u0219e \u0219i apoi reconstruit\u0103 \u00een detaliu<\/strong> \u00een frumuse\u021bea sa original\u0103. Pe l\u00e2ng\u0103 priveli\u0219tea din turn, merit\u0103 cu siguran\u021b\u0103 vizitate \u0219i cripta vast\u0103 din subteran \u0219i interiorul luminos impresionant, care se m\u00e2ndre\u0219te cu mai multe orgi superbe.<\/p>\n\n\n\n<p class=\"wp-block-paragraph\">\ud83d\udca1 Sfat: <strong>\u00cencearc\u0103 s\u0103 \u00ee\u021bi planifici vizita \u00een orele de sear\u0103, c\u00e2nd biserica ofer\u0103 urc\u0103ri nocturne speciale \u00een turn<\/strong>. Priveli\u0219tea m\u0103rii nesf\u00e2r\u0219ite de lumini a portului puls\u00e2nd \u0219i a ora\u0219ului iluminat noaptea este absolut de neuitat.<\/p>\n\n\n\n<figure data-wp-context=\"{&quot;imageId&quot;:&quot;6a9556fe250b3&quot;}\" data-wp-interactive=\"core\/image\" data-wp-key=\"6a9556fe250b3\" class=\"wp-block-image size-full wp-lightbox-container\"><img decoding=\"async\" width=\"1800\" height=\"1350\" data-wp-class--hide=\"state.isContentHidden\" data-wp-class--show=\"state.isContentVisible\" data-wp-init=\"callbacks.setButtonStyles\" data-wp-on--click=\"actions.showLightbox\" data-wp-on--load=\"callbacks.setButtonStyles\" data-wp-on--pointerdown=\"actions.preloadImage\" data-wp-on--pointerenter=\"actions.preloadImageWithDelay\" data-wp-on--pointerleave=\"actions.cancelPreload\" data-wp-on-window--resize=\"callbacks.setButtonStyles\" src=\"https:\/\/loudavymkrokem.cz\/wp-content\/uploads\/2026\/08\/nemecko-clanky-co-videt-v-hamburku-23.jpg\" alt=\"Fabricarea ciocolatei\" class=\"wp-image-399022\" title=\"\" srcset=\"https:\/\/loudavymkrokem.cz\/wp-content\/uploads\/2026\/08\/nemecko-clanky-co-videt-v-hamburku-23.jpg 1800w, https:\/\/loudavymkrokem.cz\/wp-content\/uploads\/2026\/08\/nemecko-clanky-co-videt-v-hamburku-23-300x225.jpg 300w, https:\/\/loudavymkrokem.cz\/wp-content\/uploads\/2026\/08\/nemecko-clanky-co-videt-v-hamburku-23-700x525.jpg 700w, https:\/\/loudavymkrokem.cz\/wp-content\/uploads\/2026\/08\/nemecko-clanky-co-videt-v-hamburku-23-768x576.jpg 768w, https:\/\/loudavymkrokem.cz\/wp-content\/uploads\/2026\/08\/nemecko-clanky-co-videt-v-hamburku-23-1536x1152.jpg 1536w, https:\/\/loudavymkrokem.cz\/wp-content\/uploads\/2026\/08\/nemecko-clanky-co-videt-v-hamburku-23-80x60.jpg 80w, https:\/\/loudavymkrokem.cz\/wp-content\/uploads\/2026\/08\/nemecko-clanky-co-videt-v-hamburku-23-160x120.jpg 160w, https:\/\/loudavymkrokem.cz\/wp-content\/uploads\/2026\/08\/nemecko-clanky-co-videt-v-hamburku-23-696x522.jpg 696w, https:\/\/loudavymkrokem.cz\/wp-content\/uploads\/2026\/08\/nemecko-clanky-co-videt-v-hamburku-23-1392x1044.jpg 1392w\" sizes=\"(max-width: 1800px) 100vw, 1800px\" \/><button\n\t\t\tclass=\"lightbox-trigger\"\n\t\t\ttype=\"button\"\n\t\t\taria-haspopup=\"dialog\"\n\t\t\tdata-wp-bind--aria-label=\"state.thisImage.triggerButtonAriaLabel\"\n\t\t\tdata-wp-init=\"callbacks.initTriggerButton\"\n\t\t\tdata-wp-on--click=\"actions.showLightbox\"\n\t\t\tdata-wp-style--right=\"state.thisImage.buttonRight\"\n\t\t\tdata-wp-style--top=\"state.thisImage.buttonTop\"\n\t\t>\n\t\t\t<svg xmlns=\"http:\/\/www.w3.org\/2000\/svg\" width=\"12\" height=\"12\" fill=\"none\" viewBox=\"0 0 12 12\">\n\t\t\t\t<path fill=\"#fff\" d=\"M2 0a2 2 0 0 0-2 2v2h1.5V2a.5.5 0 0 1 .5-.5h2V0H2Zm2 10.5H2a.5.5 0 0 1-.5-.5V8H0v2a2 2 0 0 0 2 2h2v-1.5ZM8 12v-1.5h2a.5.5 0 0 0 .5-.5V8H12v2a2 2 0 0 1-2 2H8Zm2-12a2 2 0 0 1 2 2v2h-1.5V2a.5.5 0 0 0-.5-.5H8V0h2Z\" \/>\n\t\t\t<\/svg>\n\t\t<\/button><figcaption class=\"wp-element-caption\">Foto: MadayawDavao \/ Wikimedia Commons, CC BY-SA 4.0<\/figcaption><\/figure>\n\n\n\n<h3 class=\"wp-block-heading\"><span class=\"ez-toc-section\" id=\"19_Muzeul_ciocolatei_Chocoversum\"><\/span>19. Muzeul ciocolatei Chocoversum<span class=\"ez-toc-section-end\"><\/span><\/h3>\n\n\n\n<p class=\"wp-block-paragraph\">Dac\u0103 tu sau copiii t\u0103i v\u0103 num\u0103ra\u021bi printre iubitorii de dulciuri, acest muzeu minunat de interactiv nu ar trebui s\u0103 v\u0103 scape \u00een timpul plimb\u0103rilor prin ora\u0219. <strong>Chocoversum te ghideaz\u0103 prin \u00eentregul proces complicat de fabricare a ciocolatei, de la cultivarea boabelor de cacao \u00een p\u0103durea tropical\u0103 p\u00e2n\u0103 la tableta final\u0103<\/strong>, \u0219i totul sub \u00eendrumarea unui ghid foarte amuzant. Nu este vorba de nicio expozi\u021bie plictisitoare dup\u0103 geam, \u00een timpul vizitei vei gusta la fiecare pas diferite faze de prelucrare a cacaoului, inclusiv ciocolat\u0103 lichid\u0103 direct din utilaj.<\/p>\n\n\n\n<p class=\"wp-block-paragraph\">Cel mai bun moment al \u00eentregului program este <strong>posibilitatea de a-\u021bi face \u0219i decora propria tablet\u0103 de ciocolat\u0103 exact dup\u0103 preferin\u021be<\/strong>, pe care apoi o iei acas\u0103 drept cel mai bun \u0219i mai gustos suvenir. \u00cen timp ce a\u0219tep\u021bi ca ciocolata s\u0103 se \u00eent\u0103reasc\u0103, afli o mul\u021bime de fapte fascinante despre comer\u021bul maritim istoric cu aceast\u0103 materie prim\u0103 pre\u021bioas\u0103.<\/p>\n\n\n\n<p class=\"wp-block-paragraph\">\ud83d\udca1 Sfat: <strong>Vizita este posibil\u0103 doar \u00een cadrul unui tur ghidat organizat<\/strong>, a\u0219a c\u0103 rezerv\u0103-\u021bi mai bine biletele \u0219i limba preferat\u0103 a explica\u021biilor (disponibile sunt germana sau engleza) pentru o or\u0103 concret\u0103, dinainte, pe internet.<\/p>\n\n\n\n<figure data-wp-context=\"{&quot;imageId&quot;:&quot;6a9556fe257e4&quot;}\" data-wp-interactive=\"core\/image\" data-wp-key=\"6a9556fe257e4\" class=\"wp-block-image size-full wp-lightbox-container\"><img decoding=\"async\" width=\"1800\" height=\"1350\" data-wp-class--hide=\"state.isContentHidden\" data-wp-class--show=\"state.isContentVisible\" data-wp-init=\"callbacks.setButtonStyles\" data-wp-on--click=\"actions.showLightbox\" data-wp-on--load=\"callbacks.setButtonStyles\" data-wp-on--pointerdown=\"actions.preloadImage\" data-wp-on--pointerenter=\"actions.preloadImageWithDelay\" data-wp-on--pointerleave=\"actions.cancelPreload\" data-wp-on-window--resize=\"callbacks.setButtonStyles\" src=\"https:\/\/loudavymkrokem.cz\/wp-content\/uploads\/2026\/08\/nemecko-clanky-co-videt-v-hamburku-24.jpg\" alt=\"Strad\u0103 \u00een cartierul Schanzenviertel\" class=\"wp-image-399026\" title=\"\" srcset=\"https:\/\/loudavymkrokem.cz\/wp-content\/uploads\/2026\/08\/nemecko-clanky-co-videt-v-hamburku-24.jpg 1800w, https:\/\/loudavymkrokem.cz\/wp-content\/uploads\/2026\/08\/nemecko-clanky-co-videt-v-hamburku-24-300x225.jpg 300w, https:\/\/loudavymkrokem.cz\/wp-content\/uploads\/2026\/08\/nemecko-clanky-co-videt-v-hamburku-24-700x525.jpg 700w, https:\/\/loudavymkrokem.cz\/wp-content\/uploads\/2026\/08\/nemecko-clanky-co-videt-v-hamburku-24-768x576.jpg 768w, https:\/\/loudavymkrokem.cz\/wp-content\/uploads\/2026\/08\/nemecko-clanky-co-videt-v-hamburku-24-1536x1152.jpg 1536w, https:\/\/loudavymkrokem.cz\/wp-content\/uploads\/2026\/08\/nemecko-clanky-co-videt-v-hamburku-24-80x60.jpg 80w, https:\/\/loudavymkrokem.cz\/wp-content\/uploads\/2026\/08\/nemecko-clanky-co-videt-v-hamburku-24-160x120.jpg 160w, https:\/\/loudavymkrokem.cz\/wp-content\/uploads\/2026\/08\/nemecko-clanky-co-videt-v-hamburku-24-696x522.jpg 696w, https:\/\/loudavymkrokem.cz\/wp-content\/uploads\/2026\/08\/nemecko-clanky-co-videt-v-hamburku-24-1392x1044.jpg 1392w\" sizes=\"(max-width: 1800px) 100vw, 1800px\" \/><button\n\t\t\tclass=\"lightbox-trigger\"\n\t\t\ttype=\"button\"\n\t\t\taria-haspopup=\"dialog\"\n\t\t\tdata-wp-bind--aria-label=\"state.thisImage.triggerButtonAriaLabel\"\n\t\t\tdata-wp-init=\"callbacks.initTriggerButton\"\n\t\t\tdata-wp-on--click=\"actions.showLightbox\"\n\t\t\tdata-wp-style--right=\"state.thisImage.buttonRight\"\n\t\t\tdata-wp-style--top=\"state.thisImage.buttonTop\"\n\t\t>\n\t\t\t<svg xmlns=\"http:\/\/www.w3.org\/2000\/svg\" width=\"12\" height=\"12\" fill=\"none\" viewBox=\"0 0 12 12\">\n\t\t\t\t<path fill=\"#fff\" d=\"M2 0a2 2 0 0 0-2 2v2h1.5V2a.5.5 0 0 1 .5-.5h2V0H2Zm2 10.5H2a.5.5 0 0 1-.5-.5V8H0v2a2 2 0 0 0 2 2h2v-1.5ZM8 12v-1.5h2a.5.5 0 0 0 .5-.5V8H12v2a2 2 0 0 1-2 2H8Zm2-12a2 2 0 0 1 2 2v2h-1.5V2a.5.5 0 0 0-.5-.5H8V0h2Z\" \/>\n\t\t\t<\/svg>\n\t\t<\/button><figcaption class=\"wp-element-caption\">Foto: Peter Jochim \/ Pexels<\/figcaption><\/figure>\n\n\n\n<h3 class=\"wp-block-heading\"><span class=\"ez-toc-section\" id=\"20_Cartierul_hipster_Schanzenviertel\"><\/span>20. Cartierul hipster Schanzenviertel<span class=\"ez-toc-section-end\"><\/span><\/h3>\n\n\n\n<p class=\"wp-block-paragraph\">Pentru cea mai bun\u0103 cultur\u0103 alternativ\u0103, street art colorat \u0219i buticuri independente trebuie s\u0103 mergi \u00een cartierul Sternschanze, numit pe scurt pur \u0219i simplu Schanze. <strong>Aceast\u0103 zon\u0103 este de mult\u0103 vreme centrul boemilor, studen\u021bilor \u0219i arti\u0219tilor independen\u021bi locali, ceea ce se reflect\u0103 \u00een num\u0103rul incredibil de cafenele primitoare<\/strong>, bistrouri vegane excelente \u0219i mici magazine cu mod\u0103 sustenabil\u0103. \u00centregul cartier are un aer foarte relaxat \u0219i inten\u021bionat pu\u021bin \u0219ubred, ceea ce \u00eei d\u0103 caracterul potrivit.<\/p>\n\n\n\n<p class=\"wp-block-paragraph\">Inima \u0219i simbolul \u00eentregului cartier este <strong>fostul teatru Rote Flora, care de la sf\u00e2r\u0219itul anilor &#8217;80 func\u021bioneaz\u0103 drept centru cultural autonom<\/strong>, iar fa\u021bada sa este acoperit\u0103 de sus p\u00e2n\u0103 jos cu inscrip\u021bii politice \u0219i graffiti. \u00cen weekend au loc aici t\u00e2rguri de vechituri grozave, iar spre sear\u0103 prind via\u021b\u0103 zeci de baruri foarte populare.<\/p>\n\n\n\n<p class=\"wp-block-paragraph\">\ud83d\udca1 Sfat: <strong>Rezerv\u0103-\u021bi timp pentru o hoin\u0103real\u0103 lent\u0103 pe str\u0103zile Susannenstra\u00dfe \u0219i Schulterblatt<\/strong>, unde g\u0103se\u0219ti cele mai bune cafenele \u0219i patiserii independente. Este un loc absolut ideal pentru un brunch t\u00e2rziu de weekend \u0219i pentru observarea oamenilor interesan\u021bi.<\/p>\n\n\n\n<figure data-wp-context=\"{&quot;imageId&quot;:&quot;6a9556fe25f12&quot;}\" data-wp-interactive=\"core\/image\" data-wp-key=\"6a9556fe25f12\" class=\"wp-block-image size-full wp-lightbox-container\"><img decoding=\"async\" width=\"1800\" height=\"1271\" data-wp-class--hide=\"state.isContentHidden\" data-wp-class--show=\"state.isContentVisible\" data-wp-init=\"callbacks.setButtonStyles\" data-wp-on--click=\"actions.showLightbox\" data-wp-on--load=\"callbacks.setButtonStyles\" data-wp-on--pointerdown=\"actions.preloadImage\" data-wp-on--pointerenter=\"actions.preloadImageWithDelay\" data-wp-on--pointerleave=\"actions.cancelPreload\" data-wp-on-window--resize=\"callbacks.setButtonStyles\" src=\"https:\/\/loudavymkrokem.cz\/wp-content\/uploads\/2026\/08\/nemecko-clanky-co-videt-v-hamburku-25.jpg\" alt=\"Nava-muzeu Cap San Diego\" class=\"wp-image-399030\" title=\"\" srcset=\"https:\/\/loudavymkrokem.cz\/wp-content\/uploads\/2026\/08\/nemecko-clanky-co-videt-v-hamburku-25.jpg 1800w, https:\/\/loudavymkrokem.cz\/wp-content\/uploads\/2026\/08\/nemecko-clanky-co-videt-v-hamburku-25-300x212.jpg 300w, https:\/\/loudavymkrokem.cz\/wp-content\/uploads\/2026\/08\/nemecko-clanky-co-videt-v-hamburku-25-700x494.jpg 700w, https:\/\/loudavymkrokem.cz\/wp-content\/uploads\/2026\/08\/nemecko-clanky-co-videt-v-hamburku-25-768x542.jpg 768w, https:\/\/loudavymkrokem.cz\/wp-content\/uploads\/2026\/08\/nemecko-clanky-co-videt-v-hamburku-25-1536x1085.jpg 1536w, https:\/\/loudavymkrokem.cz\/wp-content\/uploads\/2026\/08\/nemecko-clanky-co-videt-v-hamburku-25-696x491.jpg 696w, https:\/\/loudavymkrokem.cz\/wp-content\/uploads\/2026\/08\/nemecko-clanky-co-videt-v-hamburku-25-1392x983.jpg 1392w\" sizes=\"(max-width: 1800px) 100vw, 1800px\" \/><button\n\t\t\tclass=\"lightbox-trigger\"\n\t\t\ttype=\"button\"\n\t\t\taria-haspopup=\"dialog\"\n\t\t\tdata-wp-bind--aria-label=\"state.thisImage.triggerButtonAriaLabel\"\n\t\t\tdata-wp-init=\"callbacks.initTriggerButton\"\n\t\t\tdata-wp-on--click=\"actions.showLightbox\"\n\t\t\tdata-wp-style--right=\"state.thisImage.buttonRight\"\n\t\t\tdata-wp-style--top=\"state.thisImage.buttonTop\"\n\t\t>\n\t\t\t<svg xmlns=\"http:\/\/www.w3.org\/2000\/svg\" width=\"12\" height=\"12\" fill=\"none\" viewBox=\"0 0 12 12\">\n\t\t\t\t<path fill=\"#fff\" d=\"M2 0a2 2 0 0 0-2 2v2h1.5V2a.5.5 0 0 1 .5-.5h2V0H2Zm2 10.5H2a.5.5 0 0 1-.5-.5V8H0v2a2 2 0 0 0 2 2h2v-1.5ZM8 12v-1.5h2a.5.5 0 0 0 .5-.5V8H12v2a2 2 0 0 1-2 2H8Zm2-12a2 2 0 0 1 2 2v2h-1.5V2a.5.5 0 0 0-.5-.5H8V0h2Z\" \/>\n\t\t\t<\/svg>\n\t\t<\/button><figcaption class=\"wp-element-caption\">Foto: Peter Haas \/ Wikimedia Commons, CC BY-SA 3.0<\/figcaption><\/figure>\n\n\n\n<h3 class=\"wp-block-heading\"><span class=\"ez-toc-section\" id=\"21_Navele-muzeu_Cap_San_Diego_si_Rickmer_Rickmers\"><\/span>21. Navele-muzeu Cap San Diego \u0219i Rickmer Rickmers<span class=\"ez-toc-section-end\"><\/span><\/h3>\n\n\n\n<p class=\"wp-block-paragraph\">La o plimbare pe promenada portuar\u0103 principal\u0103 Landungsbr\u00fccken pur \u0219i simplu nu ai cum s\u0103 nu observi dou\u0103 nave istorice uria\u0219e, care func\u021bioneaz\u0103 ast\u0103zi drept muzee plutitoare fascinante. <strong>Cap San Diego este o nav\u0103 de marf\u0103 enorm\u0103 \u0219i foarte elegant\u0103 din anii &#8217;60, poreclit\u0103 Leb\u0103da Alb\u0103 a Atlanticului de Sud<\/strong>, pe care o po\u021bi explora de la sala de ma\u0219ini zgomotoas\u0103 p\u00e2n\u0103 la puntea de comand\u0103. Rickmer Rickmers este, \u00een schimb, un superb velier cu trei catarge din secolul al XIX-lea, care respir\u0103 adev\u0103ratul romantism maritim istoric.<\/p>\n\n\n\n<p class=\"wp-block-paragraph\">Vizita ambelor nave este extrem de interesant\u0103, pentru c\u0103 <strong>\u00ee\u021bi permite s\u0103 arunci de aproape o privire \u00een cabinele \u00eenghesuite ale echipajului, \u00een spa\u021biile uria\u0219e de marf\u0103 \u0219i \u00een elegantele s\u0103li de mese ale ofi\u021berilor<\/strong>. \u00ce\u021bi po\u021bi imagina astfel foarte viu c\u00e2t de extrem de grea, dar totodat\u0103 aventuroas\u0103, era via\u021ba de zi cu zi pe oceanul deschis.<\/p>\n\n\n\n<p class=\"wp-block-paragraph\">\ud83d\udca1 Sfat: <strong>Dac\u0103 c\u0103l\u0103tore\u0219ti cu copii, c\u0103\u021b\u0103ratul prin coridoarele \u00eenguste \u0219i sc\u0103rile abrupte de pe nav\u0103 \u00eei va distra garantat<\/strong> mult mai mult dec\u00e2t muzeele clasice lini\u0219tite. Doar ave\u021bi grij\u0103 cu adev\u0103rat la cap, tavanele din cal\u0103 sunt pe alocuri periculos de joase.<\/p>\n\n\n\n<figure data-wp-context=\"{&quot;imageId&quot;:&quot;6a9556fe265cd&quot;}\" data-wp-interactive=\"core\/image\" data-wp-key=\"6a9556fe265cd\" class=\"wp-block-image size-full wp-lightbox-container\"><img decoding=\"async\" width=\"1800\" height=\"1797\" data-wp-class--hide=\"state.isContentHidden\" data-wp-class--show=\"state.isContentVisible\" data-wp-init=\"callbacks.setButtonStyles\" data-wp-on--click=\"actions.showLightbox\" data-wp-on--load=\"callbacks.setButtonStyles\" data-wp-on--pointerdown=\"actions.preloadImage\" data-wp-on--pointerenter=\"actions.preloadImageWithDelay\" data-wp-on--pointerleave=\"actions.cancelPreload\" data-wp-on-window--resize=\"callbacks.setButtonStyles\" src=\"https:\/\/loudavymkrokem.cz\/wp-content\/uploads\/2026\/08\/nemecko-clanky-co-videt-v-hamburku-26.jpg\" alt=\"M\u00e2ncare vegetarian\u0103 la restaurant\" class=\"wp-image-399036\" title=\"\" srcset=\"https:\/\/loudavymkrokem.cz\/wp-content\/uploads\/2026\/08\/nemecko-clanky-co-videt-v-hamburku-26.jpg 1800w, https:\/\/loudavymkrokem.cz\/wp-content\/uploads\/2026\/08\/nemecko-clanky-co-videt-v-hamburku-26-300x300.jpg 300w, https:\/\/loudavymkrokem.cz\/wp-content\/uploads\/2026\/08\/nemecko-clanky-co-videt-v-hamburku-26-700x699.jpg 700w, https:\/\/loudavymkrokem.cz\/wp-content\/uploads\/2026\/08\/nemecko-clanky-co-videt-v-hamburku-26-150x150.jpg 150w, https:\/\/loudavymkrokem.cz\/wp-content\/uploads\/2026\/08\/nemecko-clanky-co-videt-v-hamburku-26-768x767.jpg 768w, https:\/\/loudavymkrokem.cz\/wp-content\/uploads\/2026\/08\/nemecko-clanky-co-videt-v-hamburku-26-1536x1533.jpg 1536w, https:\/\/loudavymkrokem.cz\/wp-content\/uploads\/2026\/08\/nemecko-clanky-co-videt-v-hamburku-26-696x695.jpg 696w, https:\/\/loudavymkrokem.cz\/wp-content\/uploads\/2026\/08\/nemecko-clanky-co-videt-v-hamburku-26-1392x1390.jpg 1392w\" sizes=\"(max-width: 1800px) 100vw, 1800px\" \/><button\n\t\t\tclass=\"lightbox-trigger\"\n\t\t\ttype=\"button\"\n\t\t\taria-haspopup=\"dialog\"\n\t\t\tdata-wp-bind--aria-label=\"state.thisImage.triggerButtonAriaLabel\"\n\t\t\tdata-wp-init=\"callbacks.initTriggerButton\"\n\t\t\tdata-wp-on--click=\"actions.showLightbox\"\n\t\t\tdata-wp-style--right=\"state.thisImage.buttonRight\"\n\t\t\tdata-wp-style--top=\"state.thisImage.buttonTop\"\n\t\t>\n\t\t\t<svg xmlns=\"http:\/\/www.w3.org\/2000\/svg\" width=\"12\" height=\"12\" fill=\"none\" viewBox=\"0 0 12 12\">\n\t\t\t\t<path fill=\"#fff\" d=\"M2 0a2 2 0 0 0-2 2v2h1.5V2a.5.5 0 0 1 .5-.5h2V0H2Zm2 10.5H2a.5.5 0 0 1-.5-.5V8H0v2a2 2 0 0 0 2 2h2v-1.5ZM8 12v-1.5h2a.5.5 0 0 0 .5-.5V8H12v2a2 2 0 0 1-2 2H8Zm2-12a2 2 0 0 1 2 2v2h-1.5V2a.5.5 0 0 0-.5-.5H8V0h2Z\" \/>\n\t\t\t<\/svg>\n\t\t<\/button><figcaption class=\"wp-element-caption\">Foto: Johor Haki, owner of the &#8220;joHoRkAki siNGApoRE TRAvEL FooD Li \/ Wikimedia Commons, CC BY-SA 4.0<\/figcaption><\/figure>\n\n\n\n<h3 class=\"wp-block-heading\"><span class=\"ez-toc-section\" id=\"22_Gastronomie_verde_si_sustenabila\"><\/span>22. Gastronomie verde \u0219i sustenabil\u0103<span class=\"ez-toc-section-end\"><\/span><\/h3>\n\n\n\n<p class=\"wp-block-paragraph\">Hamburg este incredibil de prietenos cu m\u00e2ncarea vegetal\u0103 \u0219i g\u0103se\u0219ti aici un num\u0103r uria\u0219 de localuri fantastice care se axeaz\u0103 pe o alimenta\u021bie etic\u0103 \u0219i sustenabil\u0103. <strong>Dac\u0103 e\u0219ti \u00een c\u0103utarea unei atmosfere primitoare, ca acas\u0103, \u00eendreapt\u0103-te neap\u0103rat spre cafeneaua-libr\u0103rie Kapitel 3<\/strong> din cartierul Altona, unde, al\u0103turi de o cafea grozav\u0103, po\u021bi savura un meniu complet vegan \u0219i te po\u021bi cufunda \u00een vreuna dintre numeroasele c\u0103r\u021bi expuse care \u00eempodobesc pere\u021bii localului.<\/p>\n\n\n\n<p class=\"wp-block-paragraph\">O alt\u0103 oprire grozav\u0103 pentru pr\u00e2nz sau o cafea este foarte popularul <strong>Caf\u00e9 geen, care ademene\u0219te cu o ofert\u0103 complet vegan\u0103 absolut excelent\u0103 de deserturi pufoase \u0219i feluri principale<\/strong> \u0219i care \u00een zilele \u00eensorite ofer\u0103 un loc foarte pl\u0103cut afar\u0103, \u00een gr\u0103din\u0103. Pentru iubitorii buc\u0103t\u0103riei asiatice de calitate exist\u0103 apoi extrem de popularul Citta Vegan House, unde combin\u0103 cu m\u0103iestrie feluri asiatice fusion vegane, \u00eentr-un cadru superb, fotogenic.<\/p>\n\n\n\n<p class=\"wp-block-paragraph\">\ud83d\udca1 Sfat: <strong>Majoritatea acestor localuri vegane populare sunt destul de pline la orele de pr\u00e2nz \u0219i cin\u0103<\/strong>, a\u0219a c\u0103 merit\u0103 s\u0103 vii fie imediat dup\u0103 deschidere, fie s\u0103 \u00ee\u021bi faci dinainte o rezervare de mas\u0103. Mai ales \u00een weekend, interesul pentru locurile din aceste zone este uria\u0219.<\/p>\n\n\n\n<h2 class=\"wp-block-heading\"><span class=\"ez-toc-section\" id=\"Unde_sa_mergi_mai_departe_din_Hamburg\"><\/span>Unde s\u0103 mergi mai departe din Hamburg<span class=\"ez-toc-section-end\"><\/span><\/h2>\n\n\n\n<p class=\"wp-block-paragraph\">Nordul Germaniei este un punct de plecare excelent pentru continuarea explor\u0103rii, iar datorit\u0103 re\u021belei excelente de trenuri rapide ajungi u\u0219or \u0219i \u00een metropole mai \u00eendep\u0103rtate. <strong>Dac\u0103 te atrag \u0219i alte ora\u0219e mari, cite\u0219te articolul nostru despre <a href=\"https:\/\/loudavymkrokem.cz\/ro\/ce-sa-vezi-berlin-germania\/\">ce s\u0103 vezi \u00een Berlin<\/a><\/strong>, unde ajungi cu trenul \u00een mai pu\u021bin de dou\u0103 ore. Pentru iubitorii zonelor mai sudice \u0219i ai culturii bavareze, \u00ee\u021bi recomand apoi s\u0103 explorezi sfaturile despre <strong><a href=\"https:\/\/loudavymkrokem.cz\/ro\/activitati-munchen-germania\/\">ce s\u0103 faci \u00een M\u00fcnchen<\/a><\/strong>.<\/p>\n\n\n\n<p class=\"wp-block-paragraph\">Dac\u0103 pl\u0103nuie\u0219ti o c\u0103l\u0103torie \u00een perioada de iarn\u0103 \u0219i vrei s\u0103 te la\u0219i \u00eenv\u0103luit de adev\u0103rata atmosfer\u0103 de s\u0103rb\u0103toare, <strong>arunc\u0103 neap\u0103rat o privire la marele nostru ghid al <a href=\"https:\/\/loudavymkrokem.cz\/ro\/targuri-craciun-germania\/\">t\u00e2rgurilor de Cr\u0103ciun din Germania<\/a><\/strong>, unde g\u0103se\u0219ti inspira\u021bie pentru cele mai frumoase destina\u021bii de Advent. Iar dac\u0103, dup\u0103 plimb\u0103rile lungi prin ora\u0219, ai nevoie s\u0103 te odihne\u0219ti ca lumea, <strong>alege unul dintre minunatele sejururi de relaxare din articolul despre <a href=\"https:\/\/loudavymkrokem.cz\/ro\/hoteluri-wellness-germania\/\">hotelurile wellness din Germania<\/a><\/strong>.<\/p>\n\n\n\n<h2 class=\"wp-block-heading\"><span class=\"ez-toc-section\" id=\"Intrebari_frecvente\"><\/span>\u00centreb\u0103ri frecvente<span class=\"ez-toc-section-end\"><\/span><\/h2>\n\n\n<div id=\"rank-math-faq\" class=\"rank-math-block\">\n<div class=\"rank-math-list \">\n<div id=\"faq-question-1787731481000\" class=\"rank-math-list-item\">\n<h3 class=\"rank-math-question \"><span class=\"ez-toc-section\" id=\"Cate_zile_am_nevoie_pentru_a_vizita_Hamburg\"><\/span>C\u00e2te zile am nevoie pentru a vizita Hamburg?<span class=\"ez-toc-section-end\"><\/span><\/h3>\n<div class=\"rank-math-answer \">\n\n<p>Pentru o vizit\u0103 relaxat\u0103 a tuturor atrac\u021biilor principale \u0219i pentru a absorbi atmosfera local\u0103, recomand s\u0103 aloce cel pu\u021bin dou\u0103 p\u00e2n\u0103 la trei zile \u00eentregi. <strong>Doar cartierul HafenCity cu Miniatur Wunderland, Speicherstadt \u0219i Elbphilharmonie \u00ee\u021bi va lua aproape o zi \u00eentreag\u0103<\/strong>, iar \u00een ziua urm\u0103toare po\u021bi dedica timp plimb\u0103rilor prin centru, primariei, lacurilor \u0219i unei croaziere cu feribotul.<\/p>\n\n<\/div>\n<\/div>\n<div id=\"faq-question-1787731481001\" class=\"rank-math-list-item\">\n<h3 class=\"rank-math-question \"><span class=\"ez-toc-section\" id=\"Care_este_cea_mai_buna_modalitate_de_a_ajunge_de_la_aeroport_in_centrul_orasului\"><\/span>Care este cea mai bun\u0103 modalitate de a ajunge de la aeroport \u00een centrul ora\u0219ului?<span class=\"ez-toc-section-end\"><\/span><\/h3>\n<div class=\"rank-math-answer \">\n\n<p>Conexiunea este incredibil de u\u0219oar\u0103 \u0219i rapid\u0103, deoarece <strong>direct sub terminal se afl\u0103 sta\u021bia de tren suburban S-Bahn linia S1<\/strong>, care circul\u0103 la fiecare zece minute. C\u0103l\u0103toria p\u00e2n\u0103 la gara principal\u0103 (Hauptbahnhof) dureaz\u0103 doar 25 de minute \u0219i este valabil un bilet obi\u0219nuit de transport public urban, a\u0219a c\u0103 nu trebuie s\u0103 cump\u0103ra\u021bi bilete speciale de aeroport.<\/p>\n\n<\/div>\n<\/div>\n<div id=\"faq-question-1787731481002\" class=\"rank-math-list-item\">\n<h3 class=\"rank-math-question \"><span class=\"ez-toc-section\" id=\"Este_orasul_potrivit_pentru_familiile_cu_copii\"><\/span>Este ora\u0219ul potrivit pentru familiile cu copii?<span class=\"ez-toc-section-end\"><\/span><\/h3>\n<div class=\"rank-math-answer \">\n\n<p>Cu siguran\u021b\u0103 da, exist\u0103 o cantitate uria\u0219\u0103 de atrac\u021bii preg\u0103tite pentru copii, \u00een frunte cu magnificul Miniatur Wunderland, care este un hit absolut pentru toate genera\u021biile. <strong>Majoritatea muzeelor au elemente interactive excelente, \u00een parcuri vei g\u0103si multe structuri de joac\u0103 \u0219i terenuri de joac\u0103<\/strong>, iar explorarea navelor-muzeu istorice sau plimbarea cu feribotul galben \u00eei distreaz\u0103 pe copiii de toate v\u00e2rstele.<\/p>\n\n<\/div>\n<\/div>\n<div id=\"faq-question-1787731481003\" class=\"rank-math-list-item\">\n<h3 class=\"rank-math-question \"><span class=\"ez-toc-section\" id=\"Cum_stau_lucrurile_cu_transportul_si_merita_Hamburg_Card\"><\/span>Cum stau lucrurile cu transportul \u0219i merit\u0103 Hamburg Card?<span class=\"ez-toc-section-end\"><\/span><\/h3>\n<div class=\"rank-math-answer \">\n\n<p>Centrul ora\u0219ului este destul de \u00eentins \u0219i atrac\u021biile sunt uneori mai dep\u0103rtate unele de altele, a\u0219a c\u0103 cu siguran\u021b\u0103 nu vei evita deplas\u0103rile cu metroul (U-Bahn) sau cu trenurile S-Bahn. <strong>Cardul turistic Hamburg Card ofer\u0103 transport nelimitat \u0219i reduceri la intrarea la multe muzee<\/strong>, a\u0219a c\u0103 dac\u0103 planifici s\u0103 vizitezi mai multe atrac\u021bii cu plat\u0103 \u0219i nu vrei s\u0103 mergi doar pe jos, achizi\u021bionarea sa merit\u0103 foarte mult din punct de vedere al pre\u021bului.<\/p>\n\n<\/div>\n<\/div>\n<div id=\"faq-question-1787731481004\" class=\"rank-math-list-item\">\n<h3 class=\"rank-math-question \"><span class=\"ez-toc-section\" id=\"Cu_ce_buget_pentru_intrari_ar_trebui_sa_contez\"><\/span>Cu ce buget pentru intr\u0103ri ar trebui s\u0103 contez?<span class=\"ez-toc-section-end\"><\/span><\/h3>\n<div class=\"rank-math-answer \">\n\n<p>Intr\u0103rile la principalele atrac\u021bii comerciale nu sunt chiar cele mai ieftine, <strong>pentru un adult preg\u0103te\u0219te un buget de aproximativ 330-450 lei<\/strong>, dac\u0103 vrei s\u0103 vezi cele mai importante lucruri. Doar biletul la Miniatur Wunderland cost\u0103 25 de euro, iar tururile navelor sau muzeelor se \u00eenv\u00e2rt \u00een jurul a 10 p\u00e2n\u0103 la 15 euro per persoan\u0103, din fericire \u00eens\u0103 exist\u0103 o mul\u021bime de locuri precum Speicherstadt sau platforma de observa\u021bie Elbphilharmonie care sunt complet gratuite.<\/p>\n\n<\/div>\n<\/div>\n<div id=\"faq-question-1787731481005\" class=\"rank-math-list-item\">\n<h3 class=\"rank-math-question \"><span class=\"ez-toc-section\" id=\"Trebuie_sa_cumpar_bilete_in_avans_pentru_atractiile_principale\"><\/span>Trebuie s\u0103 cump\u0103r bilete \u00een avans pentru atrac\u021biile principale?<span class=\"ez-toc-section-end\"><\/span><\/h3>\n<div class=\"rank-math-answer \">\n\n<p>Pentru cele mai populare atrac\u021bii este o necesitate absolut\u0103, <strong>\u00een special pentru Miniatur Wunderland, unde \u00een sezon biletele pot fi epuizate cu c\u00e2teva s\u0103pt\u0103m\u00e2ni \u00een avans<\/strong> \u0219i nu po\u021bi cump\u0103ra bilete la fa\u021ba locului. De asemenea, trebuie s\u0103 rezervi \u00een avans gratuit un interval orar pentru intrarea pe terasa de observa\u021bie Plaza din cl\u0103direa Elbphilharmonie, altfel pur \u0219i simplu nu te vor l\u0103sa s\u0103 ajungi la sc\u0103rile rulante.<\/p>\n\n<\/div>\n<\/div>\n<div id=\"faq-question-1787731481006\" class=\"rank-math-list-item\">\n<h3 class=\"rank-math-question \"><span class=\"ez-toc-section\" id=\"Ce_se_poate_face_in_oras_cand_ploua\"><\/span>Ce se poate face \u00een ora\u0219 c\u00e2nd plou\u0103?<span class=\"ez-toc-section-end\"><\/span><\/h3>\n<div class=\"rank-math-answer \">\n\n<p>Germania de Nord este destul de renumit\u0103 pentru vremea ploioas\u0103 tipic\u0103, pe care localnicii o numesc Schietwetter, dar ora\u0219ul este excelent preg\u0103tit pentru asta. <strong>Pe l\u00e2ng\u0103 Miniatur Wunderland, te po\u021bi ad\u0103posti \u00een uria\u0219ul Muzeu Maritim cu nou\u0103 etaje<\/strong>, po\u021bi vizita muzeul interactiv al ciocolatei Chocoversum sau po\u021bi petrece lini\u0219tit jum\u0103tate de zi admir\u00e2nd arta \u00een splendida galerie Hamburger Kunsthalle.<\/p>\n\n<\/div>\n<\/div>\n<\/div>\n<\/div>","protected":false},"excerpt":{"rendered":"<p>Descoper\u0103 cele mai frumoase 22 de locuri din Hamburg, Germania, de la c\u0103r\u0103mida din Speicherstadt la terasa panoramic\u0103 Elbphilharmonie, \u0219i planific\u0103-\u021bi excursia perfect\u0103 \u00een Vene\u021bia Nordului.<\/p>\n","protected":false},"author":3,"featured_media":396962,"comment_status":"open","ping_status":"open","sticky":false,"template":"","format":"standard","meta":{"_acf_changed":false,"footnotes":"","rank_math_title":"Ce s\u0103 vezi \u00een Hamburg, Germania: 22 de idei top","rank_math_description":"Descoper\u0103 ce s\u0103 vezi \u00een Hamburg, Germania: 22 de idei, de la Speicherstadt la Elbphilharmonie \u0219i portul uria\u0219. Planific\u0103-\u021bi acum excursia perfect\u0103 \u00een nord!","rank_math_focus_keyword":"hamburg germania","rank_math_seo_score":""},"categories":[2015,2021,2065],"tags":[],"class_list":["post-409503","post","type-post","status-publish","format-standard","has-post-thumbnail","category-calatorii","category-europa","category-germania"],"acf":[],"featured_image_src":"https:\/\/loudavymkrokem.cz\/wp-content\/uploads\/2026\/08\/nemecko-clanky-co-videt-v-hamburku-04.jpg","author_info":{"display_name":"Lucie Kone\u010dn\u00e1","author_link":"https:\/\/loudavymkrokem.cz\/ro\/author\/lucie-konecna\/"},"_links":{"self":[{"href":"https:\/\/loudavymkrokem.cz\/ro\/wp-json\/wp\/v2\/posts\/409503","targetHints":{"allow":["GET"]}}],"collection":[{"href":"https:\/\/loudavymkrokem.cz\/ro\/wp-json\/wp\/v2\/posts"}],"about":[{"href":"https:\/\/loudavymkrokem.cz\/ro\/wp-json\/wp\/v2\/types\/post"}],"author":[{"embeddable":true,"href":"https:\/\/loudavymkrokem.cz\/ro\/wp-json\/wp\/v2\/users\/3"}],"replies":[{"embeddable":true,"href":"https:\/\/loudavymkrokem.cz\/ro\/wp-json\/wp\/v2\/comments?post=409503"}],"version-history":[{"count":2,"href":"https:\/\/loudavymkrokem.cz\/ro\/wp-json\/wp\/v2\/posts\/409503\/revisions"}],"predecessor-version":[{"id":409507,"href":"https:\/\/loudavymkrokem.cz\/ro\/wp-json\/wp\/v2\/posts\/409503\/revisions\/409507"}],"wp:featuredmedia":[{"embeddable":true,"href":"https:\/\/loudavymkrokem.cz\/ro\/wp-json\/wp\/v2\/media\/396962"}],"wp:attachment":[{"href":"https:\/\/loudavymkrokem.cz\/ro\/wp-json\/wp\/v2\/media?parent=409503"}],"wp:term":[{"taxonomy":"category","embeddable":true,"href":"https:\/\/loudavymkrokem.cz\/ro\/wp-json\/wp\/v2\/categories?post=409503"},{"taxonomy":"post_tag","embeddable":true,"href":"https:\/\/loudavymkrokem.cz\/ro\/wp-json\/wp\/v2\/tags?post=409503"}],"curies":[{"name":"wp","href":"https:\/\/api.w.org\/{rel}","templated":true}]}}