{"id":318074,"date":"2026-08-27T09:10:24","date_gmt":"2026-08-27T07:10:24","guid":{"rendered":"https:\/\/loudavymkrokem.cz\/vacanta-mai-destinatii\/"},"modified":"2026-08-30T22:05:31","modified_gmt":"2026-08-30T20:05:31","slug":"vacanta-mai-destinatii","status":"publish","type":"post","link":"https:\/\/loudavymkrokem.cz\/ro\/vacanta-mai-destinatii\/","title":{"rendered":"24 destina\u021bii TOP pentru o vacan\u021b\u0103 \u00een mai (nu doar la mare)"},"content":{"rendered":"\n<!-- lk-tldr -->\n<div class=\"lk-tldr\" style=\"background:#f7f5f0;border-left:4px solid #c39f76;border-radius:0 10px 10px 0;padding:14px 18px;margin:0 0 26px;font-size:15px;line-height:1.65;\"><strong style=\"display:block;font-size:12px;text-transform:uppercase;letter-spacing:.06em;color:#a9885a;margin-bottom:5px;\">TL;DR<\/strong>Mai vine cu 24 de destina\u021bii, de la m\u0103ri calde p\u00e2n\u0103 la metropole culturale. Pentru o baie ca la carte, alege <strong>Egipt<\/strong>, cu apa M\u0103rii Ro\u0219ii la 24\u00b0C, <strong>Bali<\/strong> cu 29\u00b0C sau <strong>Seychelles<\/strong>, tot cu 29\u00b0C, \u00een timp ce Cipru ofer\u0103 21\u00b0C, iar Insulele Canare 20\u00b0C. Pasiona\u021bii de cultur\u0103 \u0219i de o clim\u0103 mai bl\u00e2nd\u0103 vor \u00eendr\u0103gi Roma, Floren\u021ba \u0219i Vene\u021bia din Italia (22-25\u00b0C), Parisul \u0219i Coasta de Azur, Viena \u0219i Salzburg din Austria (18-22\u00b0C) sau <strong>Japonia<\/strong>, cu azaleele \u00eenflorite \u0219i temperaturi de 18-24\u00b0C. Printre ideile mai pu\u021bin b\u0103t\u0103torite se num\u0103r\u0103 Albania, cu plajele Ksamil \u0219i Saranda, Groenlanda, cu fiordul glaciar Ilulissat, sau Omanul, cu de\u0219ertul Wahiba Sands. Potrivit articolului, printre cele mai ieftine destina\u021bii se num\u0103r\u0103 Albania, Bulgaria, Macedonia de Nord sau Maroc, iar pentru o vacan\u021b\u0103 cu copii sunt ideale Cipru, Creta, Mallorca sau Insulele Canare.<\/div>\n<!-- \/lk-tldr -->\n\n\n\n<p class=\"wp-block-paragraph\">Mai este luna \u00een care natura se treze\u0219te la via\u021b\u0103 \u00een toat\u0103 splendoarea ei, temperaturile sunt pl\u0103cute, iar destina\u021biile de vacan\u021b\u0103 nu sunt \u00eenc\u0103 aglomerate de turi\u0219ti. <strong>Dac\u0103 \u00ee\u021bi planifici o vacan\u021b\u0103 \u00een mai, ai la dispozi\u021bie o gam\u0103 larg\u0103 de op\u021biuni, de la sta\u021biunile calde de pe litoral p\u00e2n\u0103 la metropolele culturale sau zonele montane.<\/strong><\/p>\n\n\n\n<p class=\"wp-block-paragraph\">\u00cen timp ce \u00een unele locuri te po\u021bi bucura deja de sc\u0103ldat \u00een mare, \u00een altele te a\u0219teapt\u0103 gr\u0103dini \u00eenflorite, monumente istorice sau natur\u0103 s\u0103lbatic\u0103 f\u0103r\u0103 mul\u021bimi de turi\u0219ti. <strong>Hai s\u0103 descoperim \u00eempreun\u0103 cele mai bune destina\u021bii pentru o vacan\u021b\u0103 \u00een mai.<\/strong><\/p>\n\n\n\n<figure data-wp-context=\"{&quot;imageId&quot;:&quot;6a94e8f90f72d&quot;}\" data-wp-interactive=\"core\/image\" data-wp-key=\"6a94e8f90f72d\" class=\"wp-block-image size-full wp-lightbox-container\"><img decoding=\"async\" width=\"1200\" height=\"630\" data-wp-class--hide=\"state.isContentHidden\" data-wp-class--show=\"state.isContentVisible\" data-wp-init=\"callbacks.setButtonStyles\" data-wp-on--click=\"actions.showLightbox\" data-wp-on--load=\"callbacks.setButtonStyles\" data-wp-on--pointerdown=\"actions.preloadImage\" data-wp-on--pointerenter=\"actions.preloadImageWithDelay\" data-wp-on--pointerleave=\"actions.cancelPreload\" data-wp-on-window--resize=\"callbacks.setButtonStyles\" src=\"https:\/\/loudavymkrokem.cz\/wp-content\/uploads\/2025\/02\/dovolena-kveten.jpg\" alt=\"Vacan\u021b\u0103 \u00een mai\" class=\"wp-image-93909\" title=\"\" srcset=\"https:\/\/loudavymkrokem.cz\/wp-content\/uploads\/2025\/02\/dovolena-kveten.jpg 1200w, https:\/\/loudavymkrokem.cz\/wp-content\/uploads\/2025\/02\/dovolena-kveten-300x158.jpg 300w, https:\/\/loudavymkrokem.cz\/wp-content\/uploads\/2025\/02\/dovolena-kveten-700x368.jpg 700w, https:\/\/loudavymkrokem.cz\/wp-content\/uploads\/2025\/02\/dovolena-kveten-768x403.jpg 768w, https:\/\/loudavymkrokem.cz\/wp-content\/uploads\/2025\/02\/dovolena-kveten-696x365.jpg 696w\" sizes=\"(max-width: 1200px) 100vw, 1200px\" \/><button\n\t\t\tclass=\"lightbox-trigger\"\n\t\t\ttype=\"button\"\n\t\t\taria-haspopup=\"dialog\"\n\t\t\tdata-wp-bind--aria-label=\"state.thisImage.triggerButtonAriaLabel\"\n\t\t\tdata-wp-init=\"callbacks.initTriggerButton\"\n\t\t\tdata-wp-on--click=\"actions.showLightbox\"\n\t\t\tdata-wp-style--right=\"state.thisImage.buttonRight\"\n\t\t\tdata-wp-style--top=\"state.thisImage.buttonTop\"\n\t\t>\n\t\t\t<svg xmlns=\"http:\/\/www.w3.org\/2000\/svg\" width=\"12\" height=\"12\" fill=\"none\" viewBox=\"0 0 12 12\">\n\t\t\t\t<path fill=\"#fff\" d=\"M2 0a2 2 0 0 0-2 2v2h1.5V2a.5.5 0 0 1 .5-.5h2V0H2Zm2 10.5H2a.5.5 0 0 1-.5-.5V8H0v2a2 2 0 0 0 2 2h2v-1.5ZM8 12v-1.5h2a.5.5 0 0 0 .5-.5V8H12v2a2 2 0 0 1-2 2H8Zm2-12a2 2 0 0 1 2 2v2h-1.5V2a.5.5 0 0 0-.5-.5H8V0h2Z\" \/>\n\t\t\t<\/svg>\n\t\t<\/button><figcaption class=\"wp-element-caption\">Vacan\u021b\u0103 \u00een mai<\/figcaption><\/figure>\n\n\n\n<p class=\"wp-block-paragraph\">\n\n\n\n<div id=\"ez-toc-container\" class=\"ez-toc-v2_0_86 ez-toc-wrap-left counter-hierarchy ez-toc-counter ez-toc-grey ez-toc-container-direction\">\n<div class=\"ez-toc-title-container\">\n<p class=\"ez-toc-title\" style=\"cursor:inherit\">Cuprinsul articolului<\/p>\n<span class=\"ez-toc-title-toggle\"><a href=\"#\" class=\"ez-toc-pull-right ez-toc-btn ez-toc-btn-xs ez-toc-btn-default ez-toc-toggle\" aria-label=\"Toggle Table of Content\"><span class=\"ez-toc-js-icon-con\"><span class=\"\"><span class=\"eztoc-hide\" style=\"display:none;\">Toggle<\/span><span class=\"ez-toc-icon-toggle-span\"><svg style=\"fill: #999;color:#999\" xmlns=\"http:\/\/www.w3.org\/2000\/svg\" class=\"list-377408\" width=\"20px\" height=\"20px\" viewBox=\"0 0 24 24\" fill=\"none\"><path d=\"M6 6H4v2h2V6zm14 0H8v2h12V6zM4 11h2v2H4v-2zm16 0H8v2h12v-2zM4 16h2v2H4v-2zm16 0H8v2h12v-2z\" fill=\"currentColor\"><\/path><\/svg><svg style=\"fill: #999;color:#999\" class=\"arrow-unsorted-368013\" xmlns=\"http:\/\/www.w3.org\/2000\/svg\" width=\"10px\" height=\"10px\" viewBox=\"0 0 24 24\" version=\"1.2\" baseProfile=\"tiny\"><path d=\"M18.2 9.3l-6.2-6.3-6.2 6.3c-.2.2-.3.4-.3.7s.1.5.3.7c.2.2.4.3.7.3h11c.3 0 .5-.1.7-.3.2-.2.3-.5.3-.7s-.1-.5-.3-.7zM5.8 14.7l6.2 6.3 6.2-6.3c.2-.2.3-.5.3-.7s-.1-.5-.3-.7c-.2-.2-.4-.3-.7-.3h-11c-.3 0-.5.1-.7.3-.2.2-.3.5-.3.7s.1.5.3.7z\"\/><\/svg><\/span><\/span><\/span><\/a><\/span><\/div>\n<nav><ul class='ez-toc-list ez-toc-list-level-1 ' ><li class='ez-toc-page-1 ez-toc-heading-level-2'><a class=\"ez-toc-link ez-toc-heading-1\" href=\"https:\/\/loudavymkrokem.cz\/ro\/vacanta-mai-destinatii\/#24_de_idei_de_destinatii_pentru_o_vacanta_in_mai\" >24 de idei de destina\u021bii pentru o vacan\u021b\u0103 \u00een mai<\/a><ul class='ez-toc-list-level-3' ><li class='ez-toc-heading-level-3'><a class=\"ez-toc-link ez-toc-heading-2\" href=\"https:\/\/loudavymkrokem.cz\/ro\/vacanta-mai-destinatii\/#Egipt\" >Egipt<\/a><\/li><li class='ez-toc-page-1 ez-toc-heading-level-3'><a class=\"ez-toc-link ez-toc-heading-3\" href=\"https:\/\/loudavymkrokem.cz\/ro\/vacanta-mai-destinatii\/#Turcia\" >Turcia<\/a><\/li><li class='ez-toc-page-1 ez-toc-heading-level-3'><a class=\"ez-toc-link ez-toc-heading-4\" href=\"https:\/\/loudavymkrokem.cz\/ro\/vacanta-mai-destinatii\/#Insulele_Canare\" >Insulele Canare<\/a><\/li><li class='ez-toc-page-1 ez-toc-heading-level-3'><a class=\"ez-toc-link ez-toc-heading-5\" href=\"https:\/\/loudavymkrokem.cz\/ro\/vacanta-mai-destinatii\/#Cipru\" >Cipru<\/a><\/li><li class='ez-toc-page-1 ez-toc-heading-level-3'><a class=\"ez-toc-link ez-toc-heading-6\" href=\"https:\/\/loudavymkrokem.cz\/ro\/vacanta-mai-destinatii\/#Capul_Verde\" >Capul Verde<\/a><\/li><li class='ez-toc-page-1 ez-toc-heading-level-3'><a class=\"ez-toc-link ez-toc-heading-7\" href=\"https:\/\/loudavymkrokem.cz\/ro\/vacanta-mai-destinatii\/#China\" >China<\/a><\/li><li class='ez-toc-page-1 ez-toc-heading-level-3'><a class=\"ez-toc-link ez-toc-heading-8\" href=\"https:\/\/loudavymkrokem.cz\/ro\/vacanta-mai-destinatii\/#Japonia\" >Japonia<\/a><\/li><li class='ez-toc-page-1 ez-toc-heading-level-3'><a class=\"ez-toc-link ez-toc-heading-9\" href=\"https:\/\/loudavymkrokem.cz\/ro\/vacanta-mai-destinatii\/#Franta\" >Fran\u021ba<\/a><\/li><li class='ez-toc-page-1 ez-toc-heading-level-3'><a class=\"ez-toc-link ez-toc-heading-10\" href=\"https:\/\/loudavymkrokem.cz\/ro\/vacanta-mai-destinatii\/#Italia\" >Italia<\/a><\/li><li class='ez-toc-page-1 ez-toc-heading-level-3'><a class=\"ez-toc-link ez-toc-heading-11\" href=\"https:\/\/loudavymkrokem.cz\/ro\/vacanta-mai-destinatii\/#Austria\" >Austria<\/a><\/li><li class='ez-toc-page-1 ez-toc-heading-level-3'><a class=\"ez-toc-link ez-toc-heading-12\" href=\"https:\/\/loudavymkrokem.cz\/ro\/vacanta-mai-destinatii\/#Germania\" >Germania<\/a><\/li><li class='ez-toc-page-1 ez-toc-heading-level-3'><a class=\"ez-toc-link ez-toc-heading-13\" href=\"https:\/\/loudavymkrokem.cz\/ro\/vacanta-mai-destinatii\/#Slovenia\" >Slovenia<\/a><\/li><li class='ez-toc-page-1 ez-toc-heading-level-3'><a class=\"ez-toc-link ez-toc-heading-14\" href=\"https:\/\/loudavymkrokem.cz\/ro\/vacanta-mai-destinatii\/#Groenlanda\" >Groenlanda<\/a><\/li><li class='ez-toc-page-1 ez-toc-heading-level-3'><a class=\"ez-toc-link ez-toc-heading-15\" href=\"https:\/\/loudavymkrokem.cz\/ro\/vacanta-mai-destinatii\/#Taiwan\" >Taiwan<\/a><\/li><li class='ez-toc-page-1 ez-toc-heading-level-3'><a class=\"ez-toc-link ez-toc-heading-16\" href=\"https:\/\/loudavymkrokem.cz\/ro\/vacanta-mai-destinatii\/#Albania\" >Albania<\/a><\/li><li class='ez-toc-page-1 ez-toc-heading-level-3'><a class=\"ez-toc-link ez-toc-heading-17\" href=\"https:\/\/loudavymkrokem.cz\/ro\/vacanta-mai-destinatii\/#Bali\" >Bali<\/a><\/li><li class='ez-toc-page-1 ez-toc-heading-level-3'><a class=\"ez-toc-link ez-toc-heading-18\" href=\"https:\/\/loudavymkrokem.cz\/ro\/vacanta-mai-destinatii\/#Grecia\" >Grecia<\/a><\/li><li class='ez-toc-page-1 ez-toc-heading-level-3'><a class=\"ez-toc-link ez-toc-heading-19\" href=\"https:\/\/loudavymkrokem.cz\/ro\/vacanta-mai-destinatii\/#Oman\" >Oman<\/a><\/li><li class='ez-toc-page-1 ez-toc-heading-level-3'><a class=\"ez-toc-link ez-toc-heading-20\" href=\"https:\/\/loudavymkrokem.cz\/ro\/vacanta-mai-destinatii\/#Seychelles\" >Seychelles<\/a><\/li><li class='ez-toc-page-1 ez-toc-heading-level-3'><a class=\"ez-toc-link ez-toc-heading-21\" href=\"https:\/\/loudavymkrokem.cz\/ro\/vacanta-mai-destinatii\/#Emiratele_Arabe_Unite\" >Emiratele Arabe Unite<\/a><\/li><li class='ez-toc-page-1 ez-toc-heading-level-3'><a class=\"ez-toc-link ez-toc-heading-22\" href=\"https:\/\/loudavymkrokem.cz\/ro\/vacanta-mai-destinatii\/#Olanda\" >Olanda<\/a><\/li><li class='ez-toc-page-1 ez-toc-heading-level-3'><a class=\"ez-toc-link ez-toc-heading-23\" href=\"https:\/\/loudavymkrokem.cz\/ro\/vacanta-mai-destinatii\/#Maroc\" >Maroc<\/a><\/li><li class='ez-toc-page-1 ez-toc-heading-level-3'><a class=\"ez-toc-link ez-toc-heading-24\" href=\"https:\/\/loudavymkrokem.cz\/ro\/vacanta-mai-destinatii\/#Portugalia\" >Portugalia<\/a><\/li><li class='ez-toc-page-1 ez-toc-heading-level-3'><a class=\"ez-toc-link ez-toc-heading-25\" href=\"https:\/\/loudavymkrokem.cz\/ro\/vacanta-mai-destinatii\/#Madeira\" >Madeira<\/a><\/li><\/ul><\/li><li class='ez-toc-page-1 ez-toc-heading-level-2'><a class=\"ez-toc-link ez-toc-heading-26\" href=\"https:\/\/loudavymkrokem.cz\/ro\/vacanta-mai-destinatii\/#Unde_este_cel_mai_cald_in_mai_tabelul_temperaturilor_marii\" >Unde este cel mai cald \u00een mai: tabelul temperaturilor m\u0103rii<\/a><\/li><li class='ez-toc-page-1 ez-toc-heading-level-2'><a class=\"ez-toc-link ez-toc-heading-27\" href=\"https:\/\/loudavymkrokem.cz\/ro\/vacanta-mai-destinatii\/#Unde_la_mare_cu_masina_in_mai_Adriatica_si_imprejurimile\" >Unde la mare cu ma\u0219ina \u00een mai: Adriatica \u0219i \u00eemprejurimile<\/a><ul class='ez-toc-list-level-3' ><li class='ez-toc-heading-level-3'><a class=\"ez-toc-link ez-toc-heading-28\" href=\"https:\/\/loudavymkrokem.cz\/ro\/vacanta-mai-destinatii\/#Croatia_Istria_si_Dalmatia\" >Croa\u021bia: Istria \u0219i Dalma\u021bia<\/a><\/li><li class='ez-toc-page-1 ez-toc-heading-level-3'><a class=\"ez-toc-link ez-toc-heading-29\" href=\"https:\/\/loudavymkrokem.cz\/ro\/vacanta-mai-destinatii\/#Muntenegru\" >Muntenegru<\/a><\/li><li class='ez-toc-page-1 ez-toc-heading-level-3'><a class=\"ez-toc-link ez-toc-heading-30\" href=\"https:\/\/loudavymkrokem.cz\/ro\/vacanta-mai-destinatii\/#Italia_Adriatica_Puglia_si_Amalfi\" >Italia: Adriatica, Puglia \u0219i Amalfi<\/a><\/li><li class='ez-toc-page-1 ez-toc-heading-level-3'><a class=\"ez-toc-link ez-toc-heading-31\" href=\"https:\/\/loudavymkrokem.cz\/ro\/vacanta-mai-destinatii\/#Bulgaria\" >Bulgaria<\/a><\/li><\/ul><\/li><li class='ez-toc-page-1 ez-toc-heading-level-2'><a class=\"ez-toc-link ez-toc-heading-32\" href=\"https:\/\/loudavymkrokem.cz\/ro\/vacanta-mai-destinatii\/#Unde_pe_insulele_mediteraneene_in_mai\" >Unde pe insulele mediteraneene \u00een mai<\/a><ul class='ez-toc-list-level-3' ><li class='ez-toc-heading-level-3'><a class=\"ez-toc-link ez-toc-heading-33\" href=\"https:\/\/loudavymkrokem.cz\/ro\/vacanta-mai-destinatii\/#Malta_si_Gozo\" >Malta \u0219i Gozo<\/a><\/li><li class='ez-toc-page-1 ez-toc-heading-level-3'><a class=\"ez-toc-link ez-toc-heading-34\" href=\"https:\/\/loudavymkrokem.cz\/ro\/vacanta-mai-destinatii\/#Sardinia\" >Sardinia<\/a><\/li><li class='ez-toc-page-1 ez-toc-heading-level-3'><a class=\"ez-toc-link ez-toc-heading-35\" href=\"https:\/\/loudavymkrokem.cz\/ro\/vacanta-mai-destinatii\/#Corsica\" >Corsica<\/a><\/li><li class='ez-toc-page-1 ez-toc-heading-level-3'><a class=\"ez-toc-link ez-toc-heading-36\" href=\"https:\/\/loudavymkrokem.cz\/ro\/vacanta-mai-destinatii\/#Baleare_Mallorca_si_Menorca\" >Baleare: Mallorca \u0219i Menorca<\/a><\/li><\/ul><\/li><li class='ez-toc-page-1 ez-toc-heading-level-2'><a class=\"ez-toc-link ez-toc-heading-37\" href=\"https:\/\/loudavymkrokem.cz\/ro\/vacanta-mai-destinatii\/#Unde_la_munte_si_in_natura_in_mai\" >Unde la munte \u0219i \u00een natur\u0103 \u00een mai<\/a><ul class='ez-toc-list-level-3' ><li class='ez-toc-heading-level-3'><a class=\"ez-toc-link ez-toc-heading-38\" href=\"https:\/\/loudavymkrokem.cz\/ro\/vacanta-mai-destinatii\/#Dolomitii_si_Alpii\" >Dolomi\u021bii \u0219i Alpii<\/a><\/li><li class='ez-toc-page-1 ez-toc-heading-level-3'><a class=\"ez-toc-link ez-toc-heading-39\" href=\"https:\/\/loudavymkrokem.cz\/ro\/vacanta-mai-destinatii\/#Islanda_inceputul_celui_mai_bun_sezon\" >Islanda: \u00eenceputul celui mai bun sezon<\/a><\/li><li class='ez-toc-page-1 ez-toc-heading-level-3'><a class=\"ez-toc-link ez-toc-heading-40\" href=\"https:\/\/loudavymkrokem.cz\/ro\/vacanta-mai-destinatii\/#Norvegia_si_fiordurile\" >Norvegia \u0219i fiordurile<\/a><\/li><li class='ez-toc-page-1 ez-toc-heading-level-3'><a class=\"ez-toc-link ez-toc-heading-41\" href=\"https:\/\/loudavymkrokem.cz\/ro\/vacanta-mai-destinatii\/#Muntii_Tatra_si_Slovacia\" >Mun\u021bii Tatra \u0219i Slovacia<\/a><\/li><\/ul><\/li><li class='ez-toc-page-1 ez-toc-heading-level-2'><a class=\"ez-toc-link ez-toc-heading-42\" href=\"https:\/\/loudavymkrokem.cz\/ro\/vacanta-mai-destinatii\/#Unde_in_Cehia_in_mai\" >Unde \u00een Cehia \u00een mai<\/a><ul class='ez-toc-list-level-3' ><li class='ez-toc-heading-level-3'><a class=\"ez-toc-link ez-toc-heading-43\" href=\"https:\/\/loudavymkrokem.cz\/ro\/vacanta-mai-destinatii\/#Cehia_peisaj_inflorit_si_stanci_pustii\" >Cehia: peisaj \u00eenflorit \u0219i st\u00e2nci pustii<\/a><\/li><\/ul><\/li><li class='ez-toc-page-1 ez-toc-heading-level-2'><a class=\"ez-toc-link ez-toc-heading-44\" href=\"https:\/\/loudavymkrokem.cz\/ro\/vacanta-mai-destinatii\/#Ce_urmeaza_alte_sfaturi_de_calatorie\" >Ce urmeaz\u0103: alte sfaturi de c\u0103l\u0103torie<\/a><\/li><li class='ez-toc-page-1 ez-toc-heading-level-2'><a class=\"ez-toc-link ez-toc-heading-45\" href=\"https:\/\/loudavymkrokem.cz\/ro\/vacanta-mai-destinatii\/#Intrebari_frecvente\" >\u00centreb\u0103ri frecvente<\/a><ul class='ez-toc-list-level-3' ><li class='ez-toc-heading-level-3'><a class=\"ez-toc-link ez-toc-heading-46\" href=\"https:\/\/loudavymkrokem.cz\/ro\/vacanta-mai-destinatii\/#Este_mai_o_luna_buna_pentru_calatorii\" >Este mai o lun\u0103 bun\u0103 pentru c\u0103l\u0103torii?<\/a><\/li><li class='ez-toc-page-1 ez-toc-heading-level-3'><a class=\"ez-toc-link ez-toc-heading-47\" href=\"https:\/\/loudavymkrokem.cz\/ro\/vacanta-mai-destinatii\/#Unde_este_deja_suficient_de_cald_in_mai_pentru_scaldat_in_mare\" >Unde este deja suficient de cald \u00een mai pentru sc\u0103ldat \u00een mare?<\/a><\/li><li class='ez-toc-page-1 ez-toc-heading-level-3'><a class=\"ez-toc-link ez-toc-heading-48\" href=\"https:\/\/loudavymkrokem.cz\/ro\/vacanta-mai-destinatii\/#Care_sunt_destinatiile_cele_mai_ieftine_pentru_vacanta_in_mai\" >Care sunt destina\u021biile cele mai ieftine pentru vacan\u021b\u0103 \u00een mai?<\/a><\/li><li class='ez-toc-page-1 ez-toc-heading-level-3'><a class=\"ez-toc-link ez-toc-heading-49\" href=\"https:\/\/loudavymkrokem.cz\/ro\/vacanta-mai-destinatii\/#Unde_sa_pleci_in_vacanta_in_mai_cu_copiii\" >Unde s\u0103 pleci \u00een vacan\u021b\u0103 \u00een mai cu copiii?<\/a><\/li><\/ul><\/li><\/ul><\/nav><\/div>\n<h2 class=\"wp-block-heading\"><span class=\"ez-toc-section\" id=\"24_de_idei_de_destinatii_pentru_o_vacanta_in_mai\"><\/span>24 de idei de destina\u021bii pentru o vacan\u021b\u0103 \u00een mai<span class=\"ez-toc-section-end\"><\/span><\/h2>\n\n\n\n<p class=\"wp-block-paragraph\">Mai este momentul ideal pentru <strong><a href=\"https:\/\/loudavymkrokem.cz\/ro\/calatorii\/\" target=\"_blank\" data-type=\"link\" data-id=\"https:\/\/loudavymkrokem.cz\/cestovani\/\" rel=\"noreferrer noopener\">c\u0103l\u0103torii<\/a><\/strong> \u2013 \u00een multe destina\u021bii domne\u0219te o vreme pl\u0103cut\u0103, care nu este nici prea cald\u0103, nici prea rece. <strong>Hai s\u0103 explor\u0103m 24 de destina\u021bii minunate unde te po\u021bi bucura de o vacan\u021b\u0103 perfect\u0103 \u00een mai.<\/strong><\/p>\n\n\n\n<p class=\"wp-block-paragraph\"><strong>Te-ar putea interesa:<\/strong> <strong><a href=\"https:\/\/loudavymkrokem.cz\/ro\/vacanta-martie-la-mare\/\" target=\"_blank\" data-type=\"link\" data-id=\"https:\/\/loudavymkrokem.cz\/kam-na-dovolenou-v-breznu\/\" rel=\"noreferrer noopener\">Unde s\u0103 mergi \u00een vacan\u021b\u0103 \u00een martie<\/a><\/strong><\/p>\n\n\n\n<h3 class=\"wp-block-heading\"><span class=\"ez-toc-section\" id=\"Egipt\"><\/span>Egipt<span class=\"ez-toc-section-end\"><\/span><\/h3>\n\n\n\n<p class=\"wp-block-paragraph\">Egiptul ofer\u0103 condi\u021bii excelente pentru o vacan\u021b\u0103 \u00een mai \u2013 temperaturile sunt pl\u0103cute, \u00eentre 25 \u0219i 30 \u00b0C, iar marea are \u00een jur de 24 \u00b0C, ceea ce este absolut perfect pentru sc\u0103ldat. <strong>Sta\u021biunile de la Marea Ro\u0219ie precum Hurghada, Marsa Alam sau Sharm El Sheikh sunt o alegere excelent\u0103 \u00een aceast\u0103 perioad\u0103.<\/strong> \u00cen plus, Marea Ro\u0219ie este renumit\u0103 pentru superbele sale recife de corali, perfecte at\u00e2t pentru snorkeling, c\u00e2t \u0219i pentru scufund\u0103ri.<\/p>\n\n\n\n<p class=\"wp-block-paragraph\"><strong>\u00cen mai po\u021bi vizita \u0219i monumentele istorice precum piramidele din Giza sau templele din Luxor, f\u0103r\u0103 c\u0103ldurile insuportabile ale verii.<\/strong> O croazier\u0103 pe Nil este foarte pl\u0103cut\u0103 \u00een aceast\u0103 perioad\u0103, la fel ca o vizit\u0103 \u00een Valea Regilor. Plimb\u0103rile de sear\u0103 pe plaje sau statul la o cafea \u00een restaurantele \u0219i cafenelele locale \u00ee\u021bi vor permite s\u0103 savurezi atmosfera pl\u0103cut\u0103, departe de c\u0103ldura excesiv\u0103 \u0219i de aglomera\u021bie.<\/p>\n\n\n\n<p class=\"wp-block-paragraph\"><strong>\ud83d\udca1Recomandare de cazare:<\/strong> <strong><a class=\"thirstylink\" rel=\"nofollow\" target=\"_blank\" title=\"Hilton Alexandria King's Ranch Hotel\" href=\"https:\/\/loudavymkrokem.cz\/doporucujeme\/hilton-alexandria-kings-ranch-hotel\/\" data-shortcode=\"true\">Hilton Alexandria King&#8217;s Ranch Hotel<\/a><\/strong><\/p>\n\n\n\n<figure data-wp-context=\"{&quot;imageId&quot;:&quot;6a94e8f90ff72&quot;}\" data-wp-interactive=\"core\/image\" data-wp-key=\"6a94e8f90ff72\" class=\"wp-block-image size-full wp-lightbox-container\"><img decoding=\"async\" width=\"1200\" height=\"800\" data-wp-class--hide=\"state.isContentHidden\" data-wp-class--show=\"state.isContentVisible\" data-wp-init=\"callbacks.setButtonStyles\" data-wp-on--click=\"actions.showLightbox\" data-wp-on--load=\"callbacks.setButtonStyles\" data-wp-on--pointerdown=\"actions.preloadImage\" data-wp-on--pointerenter=\"actions.preloadImageWithDelay\" data-wp-on--pointerleave=\"actions.cancelPreload\" data-wp-on-window--resize=\"callbacks.setButtonStyles\" src=\"https:\/\/loudavymkrokem.cz\/wp-content\/uploads\/2024\/11\/egypt.jpg\" alt=\"Egipt\" class=\"wp-image-90836\" title=\"\" srcset=\"https:\/\/loudavymkrokem.cz\/wp-content\/uploads\/2024\/11\/egypt.jpg 1200w, https:\/\/loudavymkrokem.cz\/wp-content\/uploads\/2024\/11\/egypt-300x200.jpg 300w, https:\/\/loudavymkrokem.cz\/wp-content\/uploads\/2024\/11\/egypt-700x467.jpg 700w, https:\/\/loudavymkrokem.cz\/wp-content\/uploads\/2024\/11\/egypt-768x512.jpg 768w, https:\/\/loudavymkrokem.cz\/wp-content\/uploads\/2024\/11\/egypt-696x464.jpg 696w\" sizes=\"(max-width: 1200px) 100vw, 1200px\" \/><button\n\t\t\tclass=\"lightbox-trigger\"\n\t\t\ttype=\"button\"\n\t\t\taria-haspopup=\"dialog\"\n\t\t\tdata-wp-bind--aria-label=\"state.thisImage.triggerButtonAriaLabel\"\n\t\t\tdata-wp-init=\"callbacks.initTriggerButton\"\n\t\t\tdata-wp-on--click=\"actions.showLightbox\"\n\t\t\tdata-wp-style--right=\"state.thisImage.buttonRight\"\n\t\t\tdata-wp-style--top=\"state.thisImage.buttonTop\"\n\t\t>\n\t\t\t<svg xmlns=\"http:\/\/www.w3.org\/2000\/svg\" width=\"12\" height=\"12\" fill=\"none\" viewBox=\"0 0 12 12\">\n\t\t\t\t<path fill=\"#fff\" d=\"M2 0a2 2 0 0 0-2 2v2h1.5V2a.5.5 0 0 1 .5-.5h2V0H2Zm2 10.5H2a.5.5 0 0 1-.5-.5V8H0v2a2 2 0 0 0 2 2h2v-1.5ZM8 12v-1.5h2a.5.5 0 0 0 .5-.5V8H12v2a2 2 0 0 1-2 2H8Zm2-12a2 2 0 0 1 2 2v2h-1.5V2a.5.5 0 0 0-.5-.5H8V0h2Z\" \/>\n\t\t\t<\/svg>\n\t\t<\/button><figcaption class=\"wp-element-caption\">Egipt<\/figcaption><\/figure>\n\n\n\n<h3 class=\"wp-block-heading\"><span class=\"ez-toc-section\" id=\"Turcia\"><\/span>Turcia<span class=\"ez-toc-section-end\"><\/span><\/h3>\n\n\n\n<p class=\"wp-block-paragraph\"><strong><a href=\"https:\/\/loudavymkrokem.cz\/ro\/calatorii\/asia\/turcia\/\" data-type=\"link\" data-id=\"https:\/\/loudavymkrokem.cz\/cestovani\/asie\/turecko\/\" target=\"_blank\" rel=\"noreferrer noopener\">Riviera turceasc\u0103<\/a><\/strong> \u00eenflore\u0219te \u00een mai \u00een toat\u0103 splendoarea ei. Temperaturile aerului se situeaz\u0103 \u00een jurul valorii de 25 \u00b0C, iar marea are pl\u0103cu\u021bii 21-22 \u00b0C, ceea ce deja permite sc\u0103ldatul, mai ales pentru cei care nu se sperie de apa rece. <strong>Sta\u021biuni precum Antalya, Alanya, Bodrum sau Marmaris<\/strong> ofer\u0103 cazare confortabil\u0103 \u00eentr-o varietate de hoteluri \u0219i resorturi. Pentru cei care caut\u0103 o experien\u021b\u0103 mai luxoas\u0103, <strong>recomand zona Belek cu hotelurile sale de cinci stele \u0219i terenurile de golf.<\/strong><\/p>\n\n\n\n<p class=\"wp-block-paragraph\">Mai este \u0219i perioada ideal\u0103 pentru a explora monumentele istorice. <strong>Po\u021bi vizita ora\u0219ul antic Efes, superbele terase de travertin de la <a href=\"https:\/\/loudavymkrokem.cz\/ro\/pamukkale-turcia\/\" target=\"_blank\" data-type=\"link\" data-id=\"https:\/\/loudavymkrokem.cz\/pamukkale\/\" rel=\"noreferrer noopener\">Pamukkale<\/a> sau misticul \u021binut Capadocia, cu ora\u0219ele sale subterane \u0219i forma\u021biunile st\u00e2ncoase caracteristice.<\/strong> Pe coasta M\u0103rii Egee merit\u0103 vizitat \u0219i or\u0103\u0219elul Dalyan, cu mormintele licene s\u0103pate \u00een st\u00e2nci, sau zona Fethiye, cu superba lagun\u0103 \u00d6l\u00fcdeniz.<\/p>\n\n\n\n<p class=\"wp-block-paragraph\"><strong>\ud83d\udca1Recomandare de cazare:<\/strong> <strong><a class=\"thirstylink\" rel=\"nofollow\" target=\"_blank\" title=\"Sunny Hill Alya Hotel\" href=\"https:\/\/loudavymkrokem.cz\/doporucujeme\/sunny-hill-alya-hotel\/\" data-shortcode=\"true\">Sunny Hill Alya Hotel<\/a><\/strong><\/p>\n\n\n\n<figure data-wp-context=\"{&quot;imageId&quot;:&quot;6a94e8f9104a6&quot;}\" data-wp-interactive=\"core\/image\" data-wp-key=\"6a94e8f9104a6\" class=\"wp-block-image size-full wp-lightbox-container\"><img decoding=\"async\" width=\"1200\" height=\"800\" data-wp-class--hide=\"state.isContentHidden\" data-wp-class--show=\"state.isContentVisible\" data-wp-init=\"callbacks.setButtonStyles\" data-wp-on--click=\"actions.showLightbox\" data-wp-on--load=\"callbacks.setButtonStyles\" data-wp-on--pointerdown=\"actions.preloadImage\" data-wp-on--pointerenter=\"actions.preloadImageWithDelay\" data-wp-on--pointerleave=\"actions.cancelPreload\" data-wp-on-window--resize=\"callbacks.setButtonStyles\" src=\"https:\/\/loudavymkrokem.cz\/wp-content\/uploads\/2024\/10\/alanya-turecko-1.jpg\" alt=\"Alanya, Turcia\" class=\"wp-image-88180\" title=\"\" srcset=\"https:\/\/loudavymkrokem.cz\/wp-content\/uploads\/2024\/10\/alanya-turecko-1.jpg 1200w, https:\/\/loudavymkrokem.cz\/wp-content\/uploads\/2024\/10\/alanya-turecko-1-300x200.jpg 300w, https:\/\/loudavymkrokem.cz\/wp-content\/uploads\/2024\/10\/alanya-turecko-1-700x467.jpg 700w, https:\/\/loudavymkrokem.cz\/wp-content\/uploads\/2024\/10\/alanya-turecko-1-768x512.jpg 768w, https:\/\/loudavymkrokem.cz\/wp-content\/uploads\/2024\/10\/alanya-turecko-1-696x464.jpg 696w\" sizes=\"(max-width: 1200px) 100vw, 1200px\" \/><button\n\t\t\tclass=\"lightbox-trigger\"\n\t\t\ttype=\"button\"\n\t\t\taria-haspopup=\"dialog\"\n\t\t\tdata-wp-bind--aria-label=\"state.thisImage.triggerButtonAriaLabel\"\n\t\t\tdata-wp-init=\"callbacks.initTriggerButton\"\n\t\t\tdata-wp-on--click=\"actions.showLightbox\"\n\t\t\tdata-wp-style--right=\"state.thisImage.buttonRight\"\n\t\t\tdata-wp-style--top=\"state.thisImage.buttonTop\"\n\t\t>\n\t\t\t<svg xmlns=\"http:\/\/www.w3.org\/2000\/svg\" width=\"12\" height=\"12\" fill=\"none\" viewBox=\"0 0 12 12\">\n\t\t\t\t<path fill=\"#fff\" d=\"M2 0a2 2 0 0 0-2 2v2h1.5V2a.5.5 0 0 1 .5-.5h2V0H2Zm2 10.5H2a.5.5 0 0 1-.5-.5V8H0v2a2 2 0 0 0 2 2h2v-1.5ZM8 12v-1.5h2a.5.5 0 0 0 .5-.5V8H12v2a2 2 0 0 1-2 2H8Zm2-12a2 2 0 0 1 2 2v2h-1.5V2a.5.5 0 0 0-.5-.5H8V0h2Z\" \/>\n\t\t\t<\/svg>\n\t\t<\/button><\/figure>\n\n\n\n<h3 class=\"wp-block-heading\"><span class=\"ez-toc-section\" id=\"Insulele_Canare\"><\/span>Insulele Canare<span class=\"ez-toc-section-end\"><\/span><\/h3>\n\n\n\n<p class=\"wp-block-paragraph\"><strong>Insulele Canare sunt o alegere perfect\u0103 pentru o vacan\u021b\u0103 \u00een mai, cu temperaturi \u00een jur de 24 \u00b0C \u0219i o ap\u0103 de 20 \u00b0C.<\/strong> Tenerife, cea mai mare dintre insule, ofer\u0103 un peisaj variat, de la plaje cu nisip p\u00e2n\u0103 la parcul na\u021bional vulcanic Teide, cu cel mai \u00eenalt munte al Spaniei. \u00ce\u021bi recomand o excursie cu telecabina p\u00e2n\u0103 \u00een v\u00e2rf, de unde se deschide o priveli\u0219te superb\u0103 asupra \u00eentregii insule.<\/p>\n\n\n\n<p class=\"wp-block-paragraph\">Gran Canaria este cunoscut\u0103 pentru dunele sale de nisip auriu de la Maspalomas \u0219i pentru vibrantul ora\u0219-capital\u0103 Las Palmas. \u00cen Lanzarote te va cuceri peisajul lunar al parcului na\u021bional Timanfaya \u0219i neobi\u0219nuita regiune viticol\u0103 La Geria. Fuerteventura se m\u00e2ndre\u0219te cu cele mai frumoase plaje din toate Canarele \u0219i cu condi\u021bii excelente pentru surfing. Insula mai mic\u0103 La Palma este un adev\u0103rat paradis pentru drume\u021bii, cu poteci superbe prin p\u0103duri de dafin \u0219i canioane.<\/p>\n\n\n\n<p class=\"wp-block-paragraph\">\u00cen mai, Insulele Canare sunt ideale pentru o vacan\u021b\u0103 activ\u0103 \u2013 po\u021bi face drume\u021bii, ciclism, surfing, windsurfing sau golf. Dintre experien\u021bele gastronomice, \u00eencearc\u0103 neap\u0103rat specialitatea local\u0103 de cartofi papas arrugadas cu sos mojo, fructele de mare proaspete sau canario \u2013 un desert dulce local asem\u0103n\u0103tor budincii.<\/p>\n\n\n\n<p class=\"wp-block-paragraph\"><strong>\ud83d\udca1Recomandare de cazare:<\/strong> <strong><a class=\"thirstylink\" rel=\"nofollow\" target=\"_blank\" title=\"Marina Elite\" href=\"https:\/\/loudavymkrokem.cz\/doporucujeme\/marina-elite\/\" data-shortcode=\"true\">Marina Elite<\/a><\/strong><\/p>\n\n\n\n<figure data-wp-context=\"{&quot;imageId&quot;:&quot;6a94e8f91093d&quot;}\" data-wp-interactive=\"core\/image\" data-wp-key=\"6a94e8f91093d\" class=\"wp-block-image size-full wp-lightbox-container\"><img decoding=\"async\" width=\"1800\" height=\"1200\" data-wp-class--hide=\"state.isContentHidden\" data-wp-class--show=\"state.isContentVisible\" data-wp-init=\"callbacks.setButtonStyles\" data-wp-on--click=\"actions.showLightbox\" data-wp-on--load=\"callbacks.setButtonStyles\" data-wp-on--pointerdown=\"actions.preloadImage\" data-wp-on--pointerenter=\"actions.preloadImageWithDelay\" data-wp-on--pointerleave=\"actions.cancelPreload\" data-wp-on-window--resize=\"callbacks.setButtonStyles\" src=\"https:\/\/loudavymkrokem.cz\/wp-content\/uploads\/2024\/11\/kanarske-ostrovy.jpg\" alt=\"Insulele Canare\" class=\"wp-image-90841\" title=\"\" srcset=\"https:\/\/loudavymkrokem.cz\/wp-content\/uploads\/2024\/11\/kanarske-ostrovy.jpg 1800w, https:\/\/loudavymkrokem.cz\/wp-content\/uploads\/2024\/11\/kanarske-ostrovy-300x200.jpg 300w, https:\/\/loudavymkrokem.cz\/wp-content\/uploads\/2024\/11\/kanarske-ostrovy-700x467.jpg 700w, https:\/\/loudavymkrokem.cz\/wp-content\/uploads\/2024\/11\/kanarske-ostrovy-768x512.jpg 768w, https:\/\/loudavymkrokem.cz\/wp-content\/uploads\/2024\/11\/kanarske-ostrovy-1536x1024.jpg 1536w, https:\/\/loudavymkrokem.cz\/wp-content\/uploads\/2024\/11\/kanarske-ostrovy-696x464.jpg 696w, https:\/\/loudavymkrokem.cz\/wp-content\/uploads\/2024\/11\/kanarske-ostrovy-1392x928.jpg 1392w\" sizes=\"(max-width: 1800px) 100vw, 1800px\" \/><button\n\t\t\tclass=\"lightbox-trigger\"\n\t\t\ttype=\"button\"\n\t\t\taria-haspopup=\"dialog\"\n\t\t\tdata-wp-bind--aria-label=\"state.thisImage.triggerButtonAriaLabel\"\n\t\t\tdata-wp-init=\"callbacks.initTriggerButton\"\n\t\t\tdata-wp-on--click=\"actions.showLightbox\"\n\t\t\tdata-wp-style--right=\"state.thisImage.buttonRight\"\n\t\t\tdata-wp-style--top=\"state.thisImage.buttonTop\"\n\t\t>\n\t\t\t<svg xmlns=\"http:\/\/www.w3.org\/2000\/svg\" width=\"12\" height=\"12\" fill=\"none\" viewBox=\"0 0 12 12\">\n\t\t\t\t<path fill=\"#fff\" d=\"M2 0a2 2 0 0 0-2 2v2h1.5V2a.5.5 0 0 1 .5-.5h2V0H2Zm2 10.5H2a.5.5 0 0 1-.5-.5V8H0v2a2 2 0 0 0 2 2h2v-1.5ZM8 12v-1.5h2a.5.5 0 0 0 .5-.5V8H12v2a2 2 0 0 1-2 2H8Zm2-12a2 2 0 0 1 2 2v2h-1.5V2a.5.5 0 0 0-.5-.5H8V0h2Z\" \/>\n\t\t\t<\/svg>\n\t\t<\/button><figcaption class=\"wp-element-caption\">Insulele Canare<\/figcaption><\/figure>\n\n\n\n<h3 class=\"wp-block-heading\"><span class=\"ez-toc-section\" id=\"Cipru\"><\/span>Cipru<span class=\"ez-toc-section-end\"><\/span><\/h3>\n\n\n\n<p class=\"wp-block-paragraph\">Cipru \u00eenflore\u0219te \u00een mai, cu temperaturi \u00een jur de 25-27 \u00b0C \u0219i o mare de aproximativ 21 \u00b0C. Sc\u0103ldatul este posibil \u00een mai, de\u0219i pentru unii apa poate fi \u00eenc\u0103 pu\u021bin rece. <strong>Pentru sc\u0103ldat, recomand mai ales plajele cunoscute precum Nissi Beach din Ayia Napa, Fig Tree Bay din Protaras sau Coral Bay, l\u00e2ng\u0103 Paphos.<\/strong><\/p>\n\n\n\n<p class=\"wp-block-paragraph\">Mai este perioada ideal\u0103 pentru a descoperi istoria \u0219i cultura cipriot\u0103. Viziteaz\u0103 situl arheologic Kourion, cu impresionantul s\u0103u amfiteatru roman, faimoasele \u201eMorminte ale Regilor&#8221; din Paphos sau castelul medieval Kolossi. \u00cen capitala Nicosia po\u021bi trece peste \u201elinia verde&#8221; care separ\u0103 partea greac\u0103 de cea turc\u0103 a insulei. Nu rata nici o excursie \u00een mun\u021bii Troodos, cu satele lor \u0219i bisericile bizantine \u00eenscrise \u00een patrimoniul UNESCO.<\/p>\n\n\n\n<p class=\"wp-block-paragraph\"><strong>\ud83d\udca1Recomandare de cazare:<\/strong> <strong><a class=\"thirstylink\" rel=\"nofollow\" target=\"_blank\" title=\"Constantinou Bros Athena Beach Hotel\" href=\"https:\/\/loudavymkrokem.cz\/doporucujeme\/constantinou-bros-athena-beach-hotel\/\" data-shortcode=\"true\">Constantinou Bros Athena Beach Hotel<\/a><\/strong><\/p>\n\n\n\n<figure data-wp-context=\"{&quot;imageId&quot;:&quot;6a94e8f910d97&quot;}\" data-wp-interactive=\"core\/image\" data-wp-key=\"6a94e8f910d97\" class=\"wp-block-image size-full wp-lightbox-container\"><img decoding=\"async\" width=\"1200\" height=\"630\" data-wp-class--hide=\"state.isContentHidden\" data-wp-class--show=\"state.isContentVisible\" data-wp-init=\"callbacks.setButtonStyles\" data-wp-on--click=\"actions.showLightbox\" data-wp-on--load=\"callbacks.setButtonStyles\" data-wp-on--pointerdown=\"actions.preloadImage\" data-wp-on--pointerenter=\"actions.preloadImageWithDelay\" data-wp-on--pointerleave=\"actions.cancelPreload\" data-wp-on-window--resize=\"callbacks.setButtonStyles\" src=\"https:\/\/loudavymkrokem.cz\/wp-content\/uploads\/2025\/01\/kypr.jpg\" alt=\"Cipru\" class=\"wp-image-92618\" title=\"\" srcset=\"https:\/\/loudavymkrokem.cz\/wp-content\/uploads\/2025\/01\/kypr.jpg 1200w, https:\/\/loudavymkrokem.cz\/wp-content\/uploads\/2025\/01\/kypr-300x158.jpg 300w, https:\/\/loudavymkrokem.cz\/wp-content\/uploads\/2025\/01\/kypr-700x368.jpg 700w, https:\/\/loudavymkrokem.cz\/wp-content\/uploads\/2025\/01\/kypr-768x403.jpg 768w, https:\/\/loudavymkrokem.cz\/wp-content\/uploads\/2025\/01\/kypr-696x365.jpg 696w\" sizes=\"(max-width: 1200px) 100vw, 1200px\" \/><button\n\t\t\tclass=\"lightbox-trigger\"\n\t\t\ttype=\"button\"\n\t\t\taria-haspopup=\"dialog\"\n\t\t\tdata-wp-bind--aria-label=\"state.thisImage.triggerButtonAriaLabel\"\n\t\t\tdata-wp-init=\"callbacks.initTriggerButton\"\n\t\t\tdata-wp-on--click=\"actions.showLightbox\"\n\t\t\tdata-wp-style--right=\"state.thisImage.buttonRight\"\n\t\t\tdata-wp-style--top=\"state.thisImage.buttonTop\"\n\t\t>\n\t\t\t<svg xmlns=\"http:\/\/www.w3.org\/2000\/svg\" width=\"12\" height=\"12\" fill=\"none\" viewBox=\"0 0 12 12\">\n\t\t\t\t<path fill=\"#fff\" d=\"M2 0a2 2 0 0 0-2 2v2h1.5V2a.5.5 0 0 1 .5-.5h2V0H2Zm2 10.5H2a.5.5 0 0 1-.5-.5V8H0v2a2 2 0 0 0 2 2h2v-1.5ZM8 12v-1.5h2a.5.5 0 0 0 .5-.5V8H12v2a2 2 0 0 1-2 2H8Zm2-12a2 2 0 0 1 2 2v2h-1.5V2a.5.5 0 0 0-.5-.5H8V0h2Z\" \/>\n\t\t\t<\/svg>\n\t\t<\/button><figcaption class=\"wp-element-caption\">Cipru<\/figcaption><\/figure>\n\n\n\n<h3 class=\"wp-block-heading\"><span class=\"ez-toc-section\" id=\"Capul_Verde\"><\/span>Capul Verde<span class=\"ez-toc-section-end\"><\/span><\/h3>\n\n\n\n<p class=\"wp-block-paragraph\">Capul Verde, un arhipelag din Oceanul Atlantic, la vest de Senegal, ofer\u0103 \u00een mai temperaturi pl\u0103cute de aproximativ 25 \u00b0C \u0219i o mare de 23-24 \u00b0C, ideal\u0103 pentru sc\u0103ldat. <strong>Cele mai populare sunt insulele Sal \u0219i Boa Vista, cu plaje superbe de nisip precum Santa Maria din Sal sau Praia de Chaves din Boa Vista.<\/strong> Plajele din Capul Verde sunt renumite pentru nisipul lor alb \u0219i apa turcoaz.<\/p>\n\n\n\n<p class=\"wp-block-paragraph\">Pasiona\u021bii de sporturi nautice vor aprecia condi\u021biile excelente pentru windsurfing, kitesurfing \u0219i surfing, mai ales pe insula Sal. Dac\u0103 te intereseaz\u0103 natura \u0219i drume\u021biile, viziteaz\u0103 insula Santo Ant\u00e3o sau insula Fogo, cu vulcanul activ Pico do Fogo, pe care \u00eel po\u021bi urca. Pe insula Santiago, unde se afl\u0103 capitala Praia, vei descoperi o istorie \u0219i o cultur\u0103 bogate, inclusiv arhitectura colonial\u0103 din ora\u0219ul Cidade Velha, \u00eenscris \u00een patrimoniul UNESCO.<\/p>\n\n\n\n<p class=\"wp-block-paragraph\"><strong>\ud83d\udca1Recomandare de cazare:<\/strong> <strong><a href=\"https:\/\/www.stay22.com\/allez\/booking?aid=lukaskonecny&amp;campaign=loudavymkrokemcz-kamnadovolenouvbreznu&amp;product=allez&amp;habl=false&amp;isinc=false&amp;sid22=b4bb4beb-3040-4cfa-a13f-5d915011e66d&amp;campaign=loudavymkrokemcz-kamnadovolenouvprosinci-loudavymkrokemcz-kamnadovolenouvlistopadu&amp;source=direct&amp;medium=deeplink&amp;address=Czechia&amp;link=https%3A%2F%2Fwww.booking.com%2Fhotel%2Fcv%2Fmelia-tortuga-beach.cs.html\" target=\"_blank\" rel=\"noreferrer noopener\">Melia Tortuga Beach Resort &amp; Spa<\/a><\/strong><\/p>\n\n\n\n<figure data-wp-context=\"{&quot;imageId&quot;:&quot;6a94e8f911270&quot;}\" data-wp-interactive=\"core\/image\" data-wp-key=\"6a94e8f911270\" class=\"wp-block-image size-full wp-lightbox-container\"><img decoding=\"async\" width=\"1200\" height=\"800\" data-wp-class--hide=\"state.isContentHidden\" data-wp-class--show=\"state.isContentVisible\" data-wp-init=\"callbacks.setButtonStyles\" data-wp-on--click=\"actions.showLightbox\" data-wp-on--load=\"callbacks.setButtonStyles\" data-wp-on--pointerdown=\"actions.preloadImage\" data-wp-on--pointerenter=\"actions.preloadImageWithDelay\" data-wp-on--pointerleave=\"actions.cancelPreload\" data-wp-on-window--resize=\"callbacks.setButtonStyles\" src=\"https:\/\/loudavymkrokem.cz\/wp-content\/uploads\/2023\/10\/kapverdy-dovolena.jpg\" alt=\"Capul Verde\" class=\"wp-image-76528\" title=\"\" srcset=\"https:\/\/loudavymkrokem.cz\/wp-content\/uploads\/2023\/10\/kapverdy-dovolena.jpg 1200w, https:\/\/loudavymkrokem.cz\/wp-content\/uploads\/2023\/10\/kapverdy-dovolena-300x200.jpg 300w, https:\/\/loudavymkrokem.cz\/wp-content\/uploads\/2023\/10\/kapverdy-dovolena-700x467.jpg 700w, https:\/\/loudavymkrokem.cz\/wp-content\/uploads\/2023\/10\/kapverdy-dovolena-768x512.jpg 768w, https:\/\/loudavymkrokem.cz\/wp-content\/uploads\/2023\/10\/kapverdy-dovolena-696x464.jpg 696w\" sizes=\"(max-width: 1200px) 100vw, 1200px\" \/><button\n\t\t\tclass=\"lightbox-trigger\"\n\t\t\ttype=\"button\"\n\t\t\taria-haspopup=\"dialog\"\n\t\t\tdata-wp-bind--aria-label=\"state.thisImage.triggerButtonAriaLabel\"\n\t\t\tdata-wp-init=\"callbacks.initTriggerButton\"\n\t\t\tdata-wp-on--click=\"actions.showLightbox\"\n\t\t\tdata-wp-style--right=\"state.thisImage.buttonRight\"\n\t\t\tdata-wp-style--top=\"state.thisImage.buttonTop\"\n\t\t>\n\t\t\t<svg xmlns=\"http:\/\/www.w3.org\/2000\/svg\" width=\"12\" height=\"12\" fill=\"none\" viewBox=\"0 0 12 12\">\n\t\t\t\t<path fill=\"#fff\" d=\"M2 0a2 2 0 0 0-2 2v2h1.5V2a.5.5 0 0 1 .5-.5h2V0H2Zm2 10.5H2a.5.5 0 0 1-.5-.5V8H0v2a2 2 0 0 0 2 2h2v-1.5ZM8 12v-1.5h2a.5.5 0 0 0 .5-.5V8H12v2a2 2 0 0 1-2 2H8Zm2-12a2 2 0 0 1 2 2v2h-1.5V2a.5.5 0 0 0-.5-.5H8V0h2Z\" \/>\n\t\t\t<\/svg>\n\t\t<\/button><figcaption class=\"wp-element-caption\">Capul Verde<\/figcaption><\/figure>\n\n\n\n<h3 class=\"wp-block-heading\"><span class=\"ez-toc-section\" id=\"China\"><\/span>China<span class=\"ez-toc-section-end\"><\/span><\/h3>\n\n\n\n<p class=\"wp-block-paragraph\"><strong>Mai este una dintre cele mai bune luni pentru a vizita <a href=\"https:\/\/loudavymkrokem.cz\/cestovani\/asie\/cina\/\" data-type=\"link\" data-id=\"https:\/\/loudavymkrokem.cz\/cestovani\/asie\/cina\/\" target=\"_blank\" rel=\"noreferrer noopener\">China<\/a>.<\/strong> Temperaturile sunt pl\u0103cute (20-25 \u00b0C), iar natura este \u00een plin\u0103 floare. Sc\u0103ldatul \u00een mare este posibil \u00een regiunile sudice, cum ar fi insula Hainan, adesea numit\u0103 \u201eHawaii-ul chinezesc&#8221;, unde temperatura apei ajunge p\u00e2n\u0103 la 26 \u00b0C.<\/p>\n\n\n\n<p class=\"wp-block-paragraph\">\u00cen Beijing po\u021bi vizita Marele Zid Chinezesc f\u0103r\u0103 mul\u021bimile de turi\u0219ti din var\u0103, te po\u021bi plimba prin Ora\u0219ul Interzis \u0219i po\u021bi te relaxa \u00een Palatul de Var\u0103, care este cel mai frumos tocmai prim\u0103vara. \u00cen Shanghai te va cuceri panorama futurist\u0103 a cartierului Pudong \u0219i promenada istoric\u0103 Bund de pe malul r\u00e2ului. Nu departe de Shanghai vei g\u0103si \u0219i or\u0103\u0219ele pe ap\u0103 precum Suzhou sau Hangzhou, cu faimosul Lac de Vest.<\/p>\n\n\n\n<p class=\"wp-block-paragraph\">Pentru iubitorii de natur\u0103 recomand o vizit\u0103 \u00een provincia Sichuan, cu buc\u0103t\u0103ria ei unic\u0103 \u0219i cu centrul de conservare a ur\u0219ilor panda uria\u0219i din Chengdu. Nu departe se afl\u0103 \u0219i superbele lacuri colorate din parcul na\u021bional Jiuzhaigou. Merit\u0103 vizitat\u0103 \u0219i regiunea carstic\u0103 Guilin \u0219i Yangshuo, cu dealurile lor caracteristice de calcar \u0219i cu r\u00e2ul Li, care ofer\u0103 peisaje de neuitat, parc\u0103 desprinse dintr-o pictur\u0103 tradi\u021bional\u0103 chinez\u0103.<\/p>\n\n\n\n<p class=\"wp-block-paragraph\"><strong>\ud83d\udca1Recomandare de cazare:<\/strong> <strong><a class=\"thirstylink\" rel=\"nofollow\" target=\"_blank\" title=\"Holiday Inn Express Beijing Downtown by IHG\" href=\"https:\/\/loudavymkrokem.cz\/doporucujeme\/holiday-inn-express-beijing-downtown-by-ihg\/\" data-shortcode=\"true\">Holiday Inn Express Beijing Downtown by IHG<\/a><\/strong><\/p>\n\n\n\n<figure data-wp-context=\"{&quot;imageId&quot;:&quot;6a94e8f91198f&quot;}\" data-wp-interactive=\"core\/image\" data-wp-key=\"6a94e8f91198f\" class=\"wp-block-image size-full wp-lightbox-container\"><img decoding=\"async\" width=\"1200\" height=\"630\" data-wp-class--hide=\"state.isContentHidden\" data-wp-class--show=\"state.isContentVisible\" data-wp-init=\"callbacks.setButtonStyles\" data-wp-on--click=\"actions.showLightbox\" data-wp-on--load=\"callbacks.setButtonStyles\" data-wp-on--pointerdown=\"actions.preloadImage\" data-wp-on--pointerenter=\"actions.preloadImageWithDelay\" data-wp-on--pointerleave=\"actions.cancelPreload\" data-wp-on-window--resize=\"callbacks.setButtonStyles\" src=\"https:\/\/loudavymkrokem.cz\/wp-content\/uploads\/2025\/02\/peking.jpg\" alt=\"Beijing, China\" class=\"wp-image-93888\" title=\"\" srcset=\"https:\/\/loudavymkrokem.cz\/wp-content\/uploads\/2025\/02\/peking.jpg 1200w, https:\/\/loudavymkrokem.cz\/wp-content\/uploads\/2025\/02\/peking-300x158.jpg 300w, https:\/\/loudavymkrokem.cz\/wp-content\/uploads\/2025\/02\/peking-700x368.jpg 700w, https:\/\/loudavymkrokem.cz\/wp-content\/uploads\/2025\/02\/peking-768x403.jpg 768w, https:\/\/loudavymkrokem.cz\/wp-content\/uploads\/2025\/02\/peking-696x365.jpg 696w\" sizes=\"(max-width: 1200px) 100vw, 1200px\" \/><button\n\t\t\tclass=\"lightbox-trigger\"\n\t\t\ttype=\"button\"\n\t\t\taria-haspopup=\"dialog\"\n\t\t\tdata-wp-bind--aria-label=\"state.thisImage.triggerButtonAriaLabel\"\n\t\t\tdata-wp-init=\"callbacks.initTriggerButton\"\n\t\t\tdata-wp-on--click=\"actions.showLightbox\"\n\t\t\tdata-wp-style--right=\"state.thisImage.buttonRight\"\n\t\t\tdata-wp-style--top=\"state.thisImage.buttonTop\"\n\t\t>\n\t\t\t<svg xmlns=\"http:\/\/www.w3.org\/2000\/svg\" width=\"12\" height=\"12\" fill=\"none\" viewBox=\"0 0 12 12\">\n\t\t\t\t<path fill=\"#fff\" d=\"M2 0a2 2 0 0 0-2 2v2h1.5V2a.5.5 0 0 1 .5-.5h2V0H2Zm2 10.5H2a.5.5 0 0 1-.5-.5V8H0v2a2 2 0 0 0 2 2h2v-1.5ZM8 12v-1.5h2a.5.5 0 0 0 .5-.5V8H12v2a2 2 0 0 1-2 2H8Zm2-12a2 2 0 0 1 2 2v2h-1.5V2a.5.5 0 0 0-.5-.5H8V0h2Z\" \/>\n\t\t\t<\/svg>\n\t\t<\/button><figcaption class=\"wp-element-caption\">Beijing, China<\/figcaption><\/figure>\n\n\n\n<h3 class=\"wp-block-heading\"><span class=\"ez-toc-section\" id=\"Japonia\"><\/span>Japonia<span class=\"ez-toc-section-end\"><\/span><\/h3>\n\n\n\n<p class=\"wp-block-paragraph\"><strong>Mai este o lun\u0103 superb\u0103 \u00een Japonia, c\u00e2nd florile de sakura deja s-au scuturat, dar \u021bara este \u00eempodobit\u0103 cu alte flori precum azaleele, iri\u0219ii \u0219i glicinele.<\/strong> Temperaturile sunt foarte pl\u0103cute (18-24 \u00b0C), iar perioada \u201es\u0103pt\u0103m\u00e2nii de aur&#8221; (o serie de s\u0103rb\u0103tori na\u021bionale de la \u00eenceputul lunii mai) deja se \u00eencheie, a\u0219a c\u0103 po\u021bi evita cele mai mari aglomer\u0103ri de turi\u0219ti locali.<\/p>\n\n\n\n<p class=\"wp-block-paragraph\">\u00cen Tokyo nu rata cartierul Asakusa cu templul Sensoji, modernul Shibuya cu faimoasa lui intersec\u021bie sau priveli\u0219tea de la Tokyo Skytree. Kyoto, fosta capital\u0103, este plin de temple \u0219i altare istorice, cum ar fi Kinkakuji (Pavilionul de Aur) sau templul Fushimi Inari, cu miile sale de por\u021bi torii ro\u0219ii. \u00cen Nara po\u021bi hr\u0103ni cerbii \u00eembl\u00e2nzi\u021bi din parcul din jurul templului Todaiji, care ad\u0103poste\u0219te cea mai mare statuie de bronz a lui Buddha din lume.<\/p>\n\n\n\n<p class=\"wp-block-paragraph\"><strong>\ud83d\udca1Recomandare de cazare:<\/strong> <strong><a class=\"thirstylink\" rel=\"nofollow\" target=\"_blank\" title=\"APA Hotel Asakusa Kuramae Kita\" href=\"https:\/\/loudavymkrokem.cz\/doporucujeme\/apa-hotel-asakusa-kuramae-kita\/\" data-shortcode=\"true\">APA Hotel Asakusa Kuramae Kita<\/a><\/strong><\/p>\n\n\n\n<figure data-wp-context=\"{&quot;imageId&quot;:&quot;6a94e8f9121b5&quot;}\" data-wp-interactive=\"core\/image\" data-wp-key=\"6a94e8f9121b5\" class=\"wp-block-image size-full wp-lightbox-container\"><img decoding=\"async\" width=\"1200\" height=\"630\" data-wp-class--hide=\"state.isContentHidden\" data-wp-class--show=\"state.isContentVisible\" data-wp-init=\"callbacks.setButtonStyles\" data-wp-on--click=\"actions.showLightbox\" data-wp-on--load=\"callbacks.setButtonStyles\" data-wp-on--pointerdown=\"actions.preloadImage\" data-wp-on--pointerenter=\"actions.preloadImageWithDelay\" data-wp-on--pointerleave=\"actions.cancelPreload\" data-wp-on-window--resize=\"callbacks.setButtonStyles\" src=\"https:\/\/loudavymkrokem.cz\/wp-content\/uploads\/2025\/02\/tokio.jpg\" alt=\"Tokyo\" class=\"wp-image-93893\" title=\"\" srcset=\"https:\/\/loudavymkrokem.cz\/wp-content\/uploads\/2025\/02\/tokio.jpg 1200w, https:\/\/loudavymkrokem.cz\/wp-content\/uploads\/2025\/02\/tokio-300x158.jpg 300w, https:\/\/loudavymkrokem.cz\/wp-content\/uploads\/2025\/02\/tokio-700x368.jpg 700w, https:\/\/loudavymkrokem.cz\/wp-content\/uploads\/2025\/02\/tokio-768x403.jpg 768w, https:\/\/loudavymkrokem.cz\/wp-content\/uploads\/2025\/02\/tokio-696x365.jpg 696w\" sizes=\"(max-width: 1200px) 100vw, 1200px\" \/><button\n\t\t\tclass=\"lightbox-trigger\"\n\t\t\ttype=\"button\"\n\t\t\taria-haspopup=\"dialog\"\n\t\t\tdata-wp-bind--aria-label=\"state.thisImage.triggerButtonAriaLabel\"\n\t\t\tdata-wp-init=\"callbacks.initTriggerButton\"\n\t\t\tdata-wp-on--click=\"actions.showLightbox\"\n\t\t\tdata-wp-style--right=\"state.thisImage.buttonRight\"\n\t\t\tdata-wp-style--top=\"state.thisImage.buttonTop\"\n\t\t>\n\t\t\t<svg xmlns=\"http:\/\/www.w3.org\/2000\/svg\" width=\"12\" height=\"12\" fill=\"none\" viewBox=\"0 0 12 12\">\n\t\t\t\t<path fill=\"#fff\" d=\"M2 0a2 2 0 0 0-2 2v2h1.5V2a.5.5 0 0 1 .5-.5h2V0H2Zm2 10.5H2a.5.5 0 0 1-.5-.5V8H0v2a2 2 0 0 0 2 2h2v-1.5ZM8 12v-1.5h2a.5.5 0 0 0 .5-.5V8H12v2a2 2 0 0 1-2 2H8Zm2-12a2 2 0 0 1 2 2v2h-1.5V2a.5.5 0 0 0-.5-.5H8V0h2Z\" \/>\n\t\t\t<\/svg>\n\t\t<\/button><figcaption class=\"wp-element-caption\">Tokyo<\/figcaption><\/figure>\n\n\n\n<h3 class=\"wp-block-heading\"><span class=\"ez-toc-section\" id=\"Franta\"><\/span>Fran\u021ba<span class=\"ez-toc-section-end\"><\/span><\/h3>\n\n\n\n<p class=\"wp-block-paragraph\"><strong>\u00cen mai, \u00een <a href=\"https:\/\/loudavymkrokem.cz\/ro\/calatorii\/europa\/franta\/\" target=\"_blank\" data-type=\"link\" data-id=\"https:\/\/loudavymkrokem.cz\/cestovani\/evropa\/francie\/\" rel=\"noreferrer noopener\">Fran\u021ba<\/a> te a\u0219teapt\u0103 temperaturi \u00een jur de 20 \u00b0C.<\/strong> Parisul este superb cu gr\u0103dinile \u00eenflorite Tuileries \u0219i gr\u0103dinile Luxembourg. O vizit\u0103 la Turnul Eiffel, la Luvru sau la catedrala Notre-Dame (de\u0219i \u00eenc\u0103 \u00een renovare dup\u0103 incendiu) este mult mai pl\u0103cut\u0103 \u00een aceast\u0103 perioad\u0103 dec\u00e2t \u00een lunile de var\u0103. Nu rata nici o croazier\u0103 romantic\u0103 pe Sena sau o pauz\u0103 \u00eentr-una dintre tipicele cafenele pariziene.<\/p>\n\n\n\n<p class=\"wp-block-paragraph\">Riviera Francez\u0103 \u00eencepe s\u0103 prind\u0103 via\u021b\u0103 \u00een mai, de\u0219i apa m\u0103rii are \u00een jur de 17-18 \u00b0C, deci pentru sc\u0103ldat este \u00eenc\u0103 pu\u021bin cam rece. <strong>Cu toate acestea, este un moment excelent pentru a vizita ora\u0219e precum Nisa, Cannes (unde are loc faimosul festival de film) sau Saint-Tropez, f\u0103r\u0103 plaje aglomerate.<\/strong> O alternativ\u0103 poate fi Corsica, unde temperaturile sunt pu\u021bin mai ridicate \u0219i unde vei g\u0103si plaje superbe \u0219i un interior muntos ideal pentru drume\u021bii.<\/p>\n\n\n\n<p class=\"wp-block-paragraph\"><strong>\ud83d\udca1Recomandare de cazare:<\/strong> <strong><a class=\"thirstylink\" rel=\"nofollow\" target=\"_blank\" title=\"ibis Paris Bastille Faubourg St Antoine\" href=\"https:\/\/loudavymkrokem.cz\/doporucujeme\/ibis-paris-bastille-faubourg-st-antoine\/\" data-shortcode=\"true\">ibis Paris Bastille Faubourg St Antoine<\/a><\/strong><\/p>\n\n\n\n<figure data-wp-context=\"{&quot;imageId&quot;:&quot;6a94e8f912871&quot;}\" data-wp-interactive=\"core\/image\" data-wp-key=\"6a94e8f912871\" class=\"wp-block-image size-full wp-lightbox-container\"><img decoding=\"async\" width=\"1200\" height=\"800\" data-wp-class--hide=\"state.isContentHidden\" data-wp-class--show=\"state.isContentVisible\" data-wp-init=\"callbacks.setButtonStyles\" data-wp-on--click=\"actions.showLightbox\" data-wp-on--load=\"callbacks.setButtonStyles\" data-wp-on--pointerdown=\"actions.preloadImage\" data-wp-on--pointerenter=\"actions.preloadImageWithDelay\" data-wp-on--pointerleave=\"actions.cancelPreload\" data-wp-on-window--resize=\"callbacks.setButtonStyles\" src=\"https:\/\/loudavymkrokem.cz\/wp-content\/uploads\/2023\/06\/louvre.jpg\" alt=\"Luvru din Paris\" class=\"wp-image-62657\" title=\"\" srcset=\"https:\/\/loudavymkrokem.cz\/wp-content\/uploads\/2023\/06\/louvre.jpg 1200w, https:\/\/loudavymkrokem.cz\/wp-content\/uploads\/2023\/06\/louvre-300x200.jpg 300w, https:\/\/loudavymkrokem.cz\/wp-content\/uploads\/2023\/06\/louvre-700x467.jpg 700w, https:\/\/loudavymkrokem.cz\/wp-content\/uploads\/2023\/06\/louvre-768x512.jpg 768w, https:\/\/loudavymkrokem.cz\/wp-content\/uploads\/2023\/06\/louvre-696x464.jpg 696w\" sizes=\"(max-width: 1200px) 100vw, 1200px\" \/><button\n\t\t\tclass=\"lightbox-trigger\"\n\t\t\ttype=\"button\"\n\t\t\taria-haspopup=\"dialog\"\n\t\t\tdata-wp-bind--aria-label=\"state.thisImage.triggerButtonAriaLabel\"\n\t\t\tdata-wp-init=\"callbacks.initTriggerButton\"\n\t\t\tdata-wp-on--click=\"actions.showLightbox\"\n\t\t\tdata-wp-style--right=\"state.thisImage.buttonRight\"\n\t\t\tdata-wp-style--top=\"state.thisImage.buttonTop\"\n\t\t>\n\t\t\t<svg xmlns=\"http:\/\/www.w3.org\/2000\/svg\" width=\"12\" height=\"12\" fill=\"none\" viewBox=\"0 0 12 12\">\n\t\t\t\t<path fill=\"#fff\" d=\"M2 0a2 2 0 0 0-2 2v2h1.5V2a.5.5 0 0 1 .5-.5h2V0H2Zm2 10.5H2a.5.5 0 0 1-.5-.5V8H0v2a2 2 0 0 0 2 2h2v-1.5ZM8 12v-1.5h2a.5.5 0 0 0 .5-.5V8H12v2a2 2 0 0 1-2 2H8Zm2-12a2 2 0 0 1 2 2v2h-1.5V2a.5.5 0 0 0-.5-.5H8V0h2Z\" \/>\n\t\t\t<\/svg>\n\t\t<\/button><figcaption class=\"wp-element-caption\">Luvru din Paris<\/figcaption><\/figure>\n\n\n\n<h3 class=\"wp-block-heading\"><span class=\"ez-toc-section\" id=\"Italia\"><\/span>Italia<span class=\"ez-toc-section-end\"><\/span><\/h3>\n\n\n\n<p class=\"wp-block-paragraph\"><strong><a href=\"https:\/\/loudavymkrokem.cz\/ro\/calatorii\/europa\/italia\/\" target=\"_blank\" data-type=\"link\" data-id=\"https:\/\/loudavymkrokem.cz\/cestovani\/evropa\/italie\/\" rel=\"noreferrer noopener\">Italia<\/a><\/strong> este fermec\u0103toare \u00een mai \u2013 temperaturile se situeaz\u0103 \u00een jurul valorii de 22-25 \u00b0C, atrac\u021biile turistice nu sunt supraaglomerate, iar natura este \u00een plin\u0103 floare. Pentru sc\u0103ldat \u00een mare este \u00eens\u0103 \u00eenc\u0103 devreme (temperatura apei este de aproximativ 18-20 \u00b0C), <strong>dar merit\u0103 totu\u0219i s\u0103 vizitezi zonele de coast\u0103 precum Coasta Amalfitan\u0103, Cinque Terre sau Sardinia<\/strong>, unde te po\u021bi bucura de locuri superbe f\u0103r\u0103 mul\u021bimile din var\u0103.<\/p>\n\n\n\n<p class=\"wp-block-paragraph\">La Roma plimb\u0103-te printre monumentele antice precum Colosseumul, Forumul Roman sau Panteonul \u0219i nu uita s\u0103 vizitezi Vaticanul, cu muzeele sale \u0219i cu bazilica Sf. Petru. <strong><a href=\"https:\/\/loudavymkrokem.cz\/ro\/florenta-italia-obiective\/\" target=\"_blank\" data-type=\"link\" data-id=\"https:\/\/loudavymkrokem.cz\/florencie\/\" rel=\"noreferrer noopener\">Floren\u021ba<\/a><\/strong> te va cuceri cu comorile sale renascentiste din galeria Uffizi, cu catedrala Santa Maria del Fiore \u0219i iconica ei cupol\u0103 \u0219i cu podul Ponte Vecchio. Vene\u021bia este \u0219i mai lini\u0219tit\u0103 \u00een mai \u0219i te po\u021bi bucura de o plimbare cu gondola pe canale, f\u0103r\u0103 c\u0103ldura \u0219i mirosurile verii.<\/p>\n\n\n\n<p class=\"wp-block-paragraph\">Pentru iubitorii de natur\u0103 recomand o vizit\u0103 la Lacul Como sau la Lacul Garda din nordul Italiei, unde vei g\u0103si priveli\u0219ti superbe care combin\u0103 mun\u021bii, lacurile \u0219i vegeta\u021bia mediteranean\u0103. Sicilia este ideal\u0103 pentru descoperirea monumentelor antice, precum Valea Templelor din Agrigento sau teatrul grecesc din Siracuza.<\/p>\n\n\n\n<p class=\"wp-block-paragraph\"><strong>\ud83d\udca1Recomandare de cazare:<\/strong> <strong><a class=\"thirstylink\" rel=\"nofollow\" target=\"_blank\" title=\"Villa Santa Maria\" href=\"https:\/\/loudavymkrokem.cz\/doporucujeme\/villa-santa-maria\/\" data-shortcode=\"true\">Villa Santa Maria<\/a><\/strong><\/p>\n\n\n\n<figure data-wp-context=\"{&quot;imageId&quot;:&quot;6a94e8f91302d&quot;}\" data-wp-interactive=\"core\/image\" data-wp-key=\"6a94e8f91302d\" class=\"wp-block-image size-full wp-lightbox-container\"><img decoding=\"async\" width=\"1200\" height=\"800\" data-wp-class--hide=\"state.isContentHidden\" data-wp-class--show=\"state.isContentVisible\" data-wp-init=\"callbacks.setButtonStyles\" data-wp-on--click=\"actions.showLightbox\" data-wp-on--load=\"callbacks.setButtonStyles\" data-wp-on--pointerdown=\"actions.preloadImage\" data-wp-on--pointerenter=\"actions.preloadImageWithDelay\" data-wp-on--pointerleave=\"actions.cancelPreload\" data-wp-on-window--resize=\"callbacks.setButtonStyles\" src=\"https:\/\/loudavymkrokem.cz\/wp-content\/uploads\/2024\/02\/Como-1.jpg\" alt=\"Ora\u0219ul Como\" class=\"wp-image-82259\" title=\"\" srcset=\"https:\/\/loudavymkrokem.cz\/wp-content\/uploads\/2024\/02\/Como-1.jpg 1200w, https:\/\/loudavymkrokem.cz\/wp-content\/uploads\/2024\/02\/Como-1-300x200.jpg 300w, https:\/\/loudavymkrokem.cz\/wp-content\/uploads\/2024\/02\/Como-1-700x467.jpg 700w, https:\/\/loudavymkrokem.cz\/wp-content\/uploads\/2024\/02\/Como-1-768x512.jpg 768w, https:\/\/loudavymkrokem.cz\/wp-content\/uploads\/2024\/02\/Como-1-696x464.jpg 696w\" sizes=\"(max-width: 1200px) 100vw, 1200px\" \/><button\n\t\t\tclass=\"lightbox-trigger\"\n\t\t\ttype=\"button\"\n\t\t\taria-haspopup=\"dialog\"\n\t\t\tdata-wp-bind--aria-label=\"state.thisImage.triggerButtonAriaLabel\"\n\t\t\tdata-wp-init=\"callbacks.initTriggerButton\"\n\t\t\tdata-wp-on--click=\"actions.showLightbox\"\n\t\t\tdata-wp-style--right=\"state.thisImage.buttonRight\"\n\t\t\tdata-wp-style--top=\"state.thisImage.buttonTop\"\n\t\t>\n\t\t\t<svg xmlns=\"http:\/\/www.w3.org\/2000\/svg\" width=\"12\" height=\"12\" fill=\"none\" viewBox=\"0 0 12 12\">\n\t\t\t\t<path fill=\"#fff\" d=\"M2 0a2 2 0 0 0-2 2v2h1.5V2a.5.5 0 0 1 .5-.5h2V0H2Zm2 10.5H2a.5.5 0 0 1-.5-.5V8H0v2a2 2 0 0 0 2 2h2v-1.5ZM8 12v-1.5h2a.5.5 0 0 0 .5-.5V8H12v2a2 2 0 0 1-2 2H8Zm2-12a2 2 0 0 1 2 2v2h-1.5V2a.5.5 0 0 0-.5-.5H8V0h2Z\" \/>\n\t\t\t<\/svg>\n\t\t<\/button><figcaption class=\"wp-element-caption\">Ora\u0219ul Como<\/figcaption><\/figure>\n\n\n\n<h3 class=\"wp-block-heading\"><span class=\"ez-toc-section\" id=\"Austria\"><\/span>Austria<span class=\"ez-toc-section-end\"><\/span><\/h3>\n\n\n\n<p class=\"wp-block-paragraph\"><strong>Dac\u0103 nu vrei s\u0103 c\u0103l\u0103tore\u0219ti prea departe, atunci viziteaz\u0103 <a href=\"https:\/\/loudavymkrokem.cz\/ro\/calatorii\/europa\/austria\/\" target=\"_blank\" data-type=\"link\" data-id=\"https:\/\/loudavymkrokem.cz\/cestovani\/evropa\/rakousko\/\" rel=\"noreferrer noopener\">Austria<\/a>.<\/strong> Austria ofer\u0103 \u00een mai o natur\u0103 superb\u0103 de prim\u0103var\u0103 \u0219i temperaturi pl\u0103cute \u00een jur de 18-22 \u00b0C. Viena, capitala cu o istorie bogat\u0103, este frumos \u00eenflorit\u0103 \u00een aceast\u0103 perioad\u0103. Nu uita s\u0103 vizitezi palatul Sch\u00f6nbrunn cu superbele sale gr\u0103dini, catedrala Sf. \u0218tefan, Hofburg (fosta re\u0219edin\u021b\u0103 imperial\u0103) sau castelul Belvedere cu colec\u021bia sa de art\u0103.<\/p>\n\n\n\n<p class=\"wp-block-paragraph\">Salzburg, ora\u0219ul natal al lui Wolfgang Amadeus Mozart, te va fermeca cu centrul s\u0103u istoric dominat de fort\u0103rea\u021ba Hohensalzburg, care se \u00eenal\u021b\u0103 deasupra ora\u0219ului, cu casa natal\u0103 a lui Mozart \u0219i cu palatul Mirabell cu frumoasele lui gr\u0103dini. \u00cen jurul Salzburgului merit\u0103 vizitat\u0103 \u0219i zona lacurilor Salzkammergut, cu or\u0103\u0219ele precum Hallstatt sau St. Wolfgang.<\/p>\n\n\n\n<p class=\"wp-block-paragraph\"><strong>\ud83d\udca1Recomandare de cazare:<\/strong> <strong><a class=\"thirstylink\" rel=\"nofollow\" target=\"_blank\" title=\"Pension Cafe zum M\u00fchlbach\" href=\"https:\/\/loudavymkrokem.cz\/doporucujeme\/pension-cafe-zum-muhlbach\/\" data-shortcode=\"true\">Pension Cafe zum M\u00fchlbach<\/a><\/strong><\/p>\n\n\n\n<figure data-wp-context=\"{&quot;imageId&quot;:&quot;6a94e8f9136b1&quot;}\" data-wp-interactive=\"core\/image\" data-wp-key=\"6a94e8f9136b1\" class=\"wp-block-image size-full wp-lightbox-container\"><img decoding=\"async\" width=\"1200\" height=\"800\" data-wp-class--hide=\"state.isContentHidden\" data-wp-class--show=\"state.isContentVisible\" data-wp-init=\"callbacks.setButtonStyles\" data-wp-on--click=\"actions.showLightbox\" data-wp-on--load=\"callbacks.setButtonStyles\" data-wp-on--pointerdown=\"actions.preloadImage\" data-wp-on--pointerenter=\"actions.preloadImageWithDelay\" data-wp-on--pointerleave=\"actions.cancelPreload\" data-wp-on-window--resize=\"callbacks.setButtonStyles\" src=\"https:\/\/loudavymkrokem.cz\/wp-content\/uploads\/2024\/08\/pet-prstu-hallstatt-vyhlidka.jpg\" alt=\"Five Fingers, Hallstatt\" class=\"wp-image-86275\" title=\"\" srcset=\"https:\/\/loudavymkrokem.cz\/wp-content\/uploads\/2024\/08\/pet-prstu-hallstatt-vyhlidka.jpg 1200w, https:\/\/loudavymkrokem.cz\/wp-content\/uploads\/2024\/08\/pet-prstu-hallstatt-vyhlidka-300x200.jpg 300w, https:\/\/loudavymkrokem.cz\/wp-content\/uploads\/2024\/08\/pet-prstu-hallstatt-vyhlidka-700x467.jpg 700w, https:\/\/loudavymkrokem.cz\/wp-content\/uploads\/2024\/08\/pet-prstu-hallstatt-vyhlidka-768x512.jpg 768w, https:\/\/loudavymkrokem.cz\/wp-content\/uploads\/2024\/08\/pet-prstu-hallstatt-vyhlidka-696x464.jpg 696w\" sizes=\"(max-width: 1200px) 100vw, 1200px\" \/><button\n\t\t\tclass=\"lightbox-trigger\"\n\t\t\ttype=\"button\"\n\t\t\taria-haspopup=\"dialog\"\n\t\t\tdata-wp-bind--aria-label=\"state.thisImage.triggerButtonAriaLabel\"\n\t\t\tdata-wp-init=\"callbacks.initTriggerButton\"\n\t\t\tdata-wp-on--click=\"actions.showLightbox\"\n\t\t\tdata-wp-style--right=\"state.thisImage.buttonRight\"\n\t\t\tdata-wp-style--top=\"state.thisImage.buttonTop\"\n\t\t>\n\t\t\t<svg xmlns=\"http:\/\/www.w3.org\/2000\/svg\" width=\"12\" height=\"12\" fill=\"none\" viewBox=\"0 0 12 12\">\n\t\t\t\t<path fill=\"#fff\" d=\"M2 0a2 2 0 0 0-2 2v2h1.5V2a.5.5 0 0 1 .5-.5h2V0H2Zm2 10.5H2a.5.5 0 0 1-.5-.5V8H0v2a2 2 0 0 0 2 2h2v-1.5ZM8 12v-1.5h2a.5.5 0 0 0 .5-.5V8H12v2a2 2 0 0 1-2 2H8Zm2-12a2 2 0 0 1 2 2v2h-1.5V2a.5.5 0 0 0-.5-.5H8V0h2Z\" \/>\n\t\t\t<\/svg>\n\t\t<\/button><figcaption class=\"wp-element-caption\">Five Fingers, Hallstatt<\/figcaption><\/figure>\n\n\n\n<h3 class=\"wp-block-heading\"><span class=\"ez-toc-section\" id=\"Germania\"><\/span>Germania<span class=\"ez-toc-section-end\"><\/span><\/h3>\n\n\n\n<p class=\"wp-block-paragraph\">Pentru o vacan\u021b\u0103 nu prea departe, alege <strong><a href=\"https:\/\/loudavymkrokem.cz\/ro\/calatorii\/europa\/germania\/\" target=\"_blank\" data-type=\"link\" data-id=\"https:\/\/loudavymkrokem.cz\/cestovani\/evropa\/nemecko\/\" rel=\"noreferrer noopener\">Germania<\/a><\/strong>. <strong>\u00cen mai debordeaz\u0103 de energie prim\u0103v\u0103ratic\u0103, cu temperaturi \u00een jur de 18-20 \u00b0C.<\/strong> Berlinul, capitala vibrant\u0103, ofer\u0103 o combina\u021bie de istorie, cultur\u0103 \u0219i stil de via\u021b\u0103 modern. Viziteaz\u0103 Poarta Brandenburg, r\u0103m\u0103\u0219i\u021bele Zidului Berlinului, insula muzeelor sau cartierul Kreuzberg cu cafenelele sale \u0219i arta stradal\u0103. M\u00fcnchen, capitala Bavariei, te va fermeca cu atmosfera lui tradi\u021bional\u0103, cu pia\u021ba Marienplatz \u0219i faimosul ei ceas mecanic \u0219i cu palatul Nymphenburg cu superbele lui gr\u0103dini.<\/p>\n\n\n\n<p class=\"wp-block-paragraph\">Merit\u0103 vizitat \u0219i traseul romantic de-a lungul r\u00e2ului Rin, cu ruinele sale de castele, cu podgorii superbe \u0219i cu or\u0103\u0219ele precum R\u00fcdesheim sau Bacharach.<\/p>\n\n\n\n<p class=\"wp-block-paragraph\"><strong>\ud83d\udca1Recomandare de cazare:<\/strong> <strong><a class=\"thirstylink\" rel=\"nofollow\" target=\"_blank\" title=\"Motel One Berlin-Potsdamer Platz\" href=\"https:\/\/loudavymkrokem.cz\/doporucujeme\/motel-one-berlin-potsdamer-platz-2\/\" data-shortcode=\"true\">Motel One Berlin-Potsdamer Platz<\/a><\/strong><\/p>\n\n\n\n<figure data-wp-context=\"{&quot;imageId&quot;:&quot;6a94e8f913f8b&quot;}\" data-wp-interactive=\"core\/image\" data-wp-key=\"6a94e8f913f8b\" class=\"wp-block-image size-full wp-lightbox-container\"><img decoding=\"async\" width=\"1200\" height=\"800\" data-wp-class--hide=\"state.isContentHidden\" data-wp-class--show=\"state.isContentVisible\" data-wp-init=\"callbacks.setButtonStyles\" data-wp-on--click=\"actions.showLightbox\" data-wp-on--load=\"callbacks.setButtonStyles\" data-wp-on--pointerdown=\"actions.preloadImage\" data-wp-on--pointerenter=\"actions.preloadImageWithDelay\" data-wp-on--pointerleave=\"actions.cancelPreload\" data-wp-on-window--resize=\"callbacks.setButtonStyles\" src=\"https:\/\/loudavymkrokem.cz\/wp-content\/uploads\/2023\/05\/berlinska-katedrala.jpg\" alt=\"Berlin\" class=\"wp-image-59483\" title=\"\" srcset=\"https:\/\/loudavymkrokem.cz\/wp-content\/uploads\/2023\/05\/berlinska-katedrala.jpg 1200w, https:\/\/loudavymkrokem.cz\/wp-content\/uploads\/2023\/05\/berlinska-katedrala-300x200.jpg 300w, https:\/\/loudavymkrokem.cz\/wp-content\/uploads\/2023\/05\/berlinska-katedrala-1024x683.jpg 1024w, https:\/\/loudavymkrokem.cz\/wp-content\/uploads\/2023\/05\/berlinska-katedrala-768x512.jpg 768w\" sizes=\"(max-width: 1200px) 100vw, 1200px\" \/><button\n\t\t\tclass=\"lightbox-trigger\"\n\t\t\ttype=\"button\"\n\t\t\taria-haspopup=\"dialog\"\n\t\t\tdata-wp-bind--aria-label=\"state.thisImage.triggerButtonAriaLabel\"\n\t\t\tdata-wp-init=\"callbacks.initTriggerButton\"\n\t\t\tdata-wp-on--click=\"actions.showLightbox\"\n\t\t\tdata-wp-style--right=\"state.thisImage.buttonRight\"\n\t\t\tdata-wp-style--top=\"state.thisImage.buttonTop\"\n\t\t>\n\t\t\t<svg xmlns=\"http:\/\/www.w3.org\/2000\/svg\" width=\"12\" height=\"12\" fill=\"none\" viewBox=\"0 0 12 12\">\n\t\t\t\t<path fill=\"#fff\" d=\"M2 0a2 2 0 0 0-2 2v2h1.5V2a.5.5 0 0 1 .5-.5h2V0H2Zm2 10.5H2a.5.5 0 0 1-.5-.5V8H0v2a2 2 0 0 0 2 2h2v-1.5ZM8 12v-1.5h2a.5.5 0 0 0 .5-.5V8H12v2a2 2 0 0 1-2 2H8Zm2-12a2 2 0 0 1 2 2v2h-1.5V2a.5.5 0 0 0-.5-.5H8V0h2Z\" \/>\n\t\t\t<\/svg>\n\t\t<\/button><figcaption class=\"wp-element-caption\">Berlin<\/figcaption><\/figure>\n\n\n\n<h3 class=\"wp-block-heading\"><span class=\"ez-toc-section\" id=\"Slovenia\"><\/span>Slovenia<span class=\"ez-toc-section-end\"><\/span><\/h3>\n\n\n\n<p class=\"wp-block-paragraph\"><strong><a href=\"https:\/\/loudavymkrokem.cz\/ro\/calatorii\/europa\/slovenia\/\" target=\"_blank\" data-type=\"link\" data-id=\"https:\/\/loudavymkrokem.cz\/cestovani\/evropa\/slovinsko\/\" rel=\"noreferrer noopener\">Slovenia<\/a>, o \u021bar\u0103 mic\u0103, dar extrem de variat\u0103, este deosebit de verde \u00een mai, cu temperaturi \u00een jur de 20-22 \u00b0C.<\/strong> Viziteaz\u0103, de exemplu, Ljubljana, capitala cu poduri pitore\u0219ti \u0219i un castel. Plimb\u0103-te pe malul r\u00e2ului Ljubljanica, viziteaz\u0103 pia\u021ba proiectat\u0103 de renumitul arhitect Jo\u017ee Ple\u010dnik sau urc\u0103 cu telecabina la castelul Ljubljana, de unde ai priveli\u0219te asupra \u00eentregului ora\u0219.<\/p>\n\n\n\n<p class=\"wp-block-paragraph\">Bled, una dintre cele mai cunoscute atrac\u021bii slovene, ofer\u0103 un lac superb cu o insuli\u021b\u0103 \u00een mijloc, pe care se afl\u0103 o mic\u0103 biseric\u0103. Deasupra lacului se \u00eenal\u021b\u0103 un castel medieval care ofer\u0103 priveli\u0219ti superbe. Temperatura apei din lacul Bled se situeaz\u0103 \u00een jur de 16-18 \u00b0C \u00een mai, ceea ce este acceptabil doar pentru cei mai c\u0103li\u021bi \u00eenot\u0103tori. Nu departe se afl\u0103 \u0219i Bohinj, cel mai mare lac sloven, \u00eenconjurat de mun\u021bi superbi.<\/p>\n\n\n\n<p class=\"wp-block-paragraph\">Litoralul sloven este scurt, dar ofer\u0103 or\u0103\u0219ele frumoase precum Piran, cu arhitectura sa vene\u021bian\u0103, sau Portoro\u017e, cu plaje \u0219i sta\u021biuni balneare. Temperatura M\u0103rii Adriatice este \u00een mai de aproximativ 18 \u00b0C, ceea ce pentru majoritatea oamenilor este \u00eenc\u0103 prea rece pentru un sc\u0103ldat mai lung.<\/p>\n\n\n\n<p class=\"wp-block-paragraph\"><strong>\ud83d\udca1Recomandare de cazare:<\/strong> <strong><a href=\"https:\/\/www.stay22.com\/allez\/booking?aid=lukaskonecny&amp;campaign=loudavymkrokemcz-codelatvbledu&amp;product=lma&amp;habl=false&amp;isinc=false&amp;sid22=b4bb4beb-3040-4cfa-a13f-5d915011e66d&amp;source=direct&amp;medium=deeplink&amp;address=4260+Bled%2C+Slovenia&amp;link=https%3A%2F%2Fwww.booking.com%2Fhotel%2Fsi%2Fbohinj.en-gb.html%3Faid%3D1479712%26sid%3D3b5f05b84a1ecd3af2ed58cde0c5ebc4%26dist%3D0%26group_adults%3D2%26keep_landing%3D1%26no_rooms%3D1%26sb_price_type%3Dtotal%26type%3Dtotal\" target=\"_blank\" rel=\"noreferrer noopener\">Hotel Bohinj<\/a><\/strong>&nbsp;<\/p>\n\n\n\n<figure data-wp-context=\"{&quot;imageId&quot;:&quot;6a94e8f9146fb&quot;}\" data-wp-interactive=\"core\/image\" data-wp-key=\"6a94e8f9146fb\" class=\"wp-block-image size-full wp-lightbox-container\"><img decoding=\"async\" width=\"1200\" height=\"800\" data-wp-class--hide=\"state.isContentHidden\" data-wp-class--show=\"state.isContentVisible\" data-wp-init=\"callbacks.setButtonStyles\" data-wp-on--click=\"actions.showLightbox\" data-wp-on--load=\"callbacks.setButtonStyles\" data-wp-on--pointerdown=\"actions.preloadImage\" data-wp-on--pointerenter=\"actions.preloadImageWithDelay\" data-wp-on--pointerleave=\"actions.cancelPreload\" data-wp-on-window--resize=\"callbacks.setButtonStyles\" src=\"https:\/\/loudavymkrokem.cz\/wp-content\/uploads\/2024\/08\/Vintgar-slovinsko.jpg\" alt=\"Slovenia\" class=\"wp-image-86691\" title=\"\" srcset=\"https:\/\/loudavymkrokem.cz\/wp-content\/uploads\/2024\/08\/Vintgar-slovinsko.jpg 1200w, https:\/\/loudavymkrokem.cz\/wp-content\/uploads\/2024\/08\/Vintgar-slovinsko-300x200.jpg 300w, https:\/\/loudavymkrokem.cz\/wp-content\/uploads\/2024\/08\/Vintgar-slovinsko-700x467.jpg 700w, https:\/\/loudavymkrokem.cz\/wp-content\/uploads\/2024\/08\/Vintgar-slovinsko-768x512.jpg 768w, https:\/\/loudavymkrokem.cz\/wp-content\/uploads\/2024\/08\/Vintgar-slovinsko-696x464.jpg 696w\" sizes=\"(max-width: 1200px) 100vw, 1200px\" \/><button\n\t\t\tclass=\"lightbox-trigger\"\n\t\t\ttype=\"button\"\n\t\t\taria-haspopup=\"dialog\"\n\t\t\tdata-wp-bind--aria-label=\"state.thisImage.triggerButtonAriaLabel\"\n\t\t\tdata-wp-init=\"callbacks.initTriggerButton\"\n\t\t\tdata-wp-on--click=\"actions.showLightbox\"\n\t\t\tdata-wp-style--right=\"state.thisImage.buttonRight\"\n\t\t\tdata-wp-style--top=\"state.thisImage.buttonTop\"\n\t\t>\n\t\t\t<svg xmlns=\"http:\/\/www.w3.org\/2000\/svg\" width=\"12\" height=\"12\" fill=\"none\" viewBox=\"0 0 12 12\">\n\t\t\t\t<path fill=\"#fff\" d=\"M2 0a2 2 0 0 0-2 2v2h1.5V2a.5.5 0 0 1 .5-.5h2V0H2Zm2 10.5H2a.5.5 0 0 1-.5-.5V8H0v2a2 2 0 0 0 2 2h2v-1.5ZM8 12v-1.5h2a.5.5 0 0 0 .5-.5V8H12v2a2 2 0 0 1-2 2H8Zm2-12a2 2 0 0 1 2 2v2h-1.5V2a.5.5 0 0 0-.5-.5H8V0h2Z\" \/>\n\t\t\t<\/svg>\n\t\t<\/button><figcaption class=\"wp-element-caption\">Slovenia<\/figcaption><\/figure>\n\n\n\n<h3 class=\"wp-block-heading\"><span class=\"ez-toc-section\" id=\"Groenlanda\"><\/span>Groenlanda<span class=\"ez-toc-section-end\"><\/span><\/h3>\n\n\n\n<p class=\"wp-block-paragraph\"><strong>Groenlanda \u00een mai este o experien\u021b\u0103 absolut unic\u0103<\/strong>, pentru c\u0103 lumina soarelui dureaz\u0103 tot mai mult (p\u00e2n\u0103 la 20 de ore pe zi), iar temperaturile \u00eencep s\u0103 creasc\u0103, de\u0219i r\u0103m\u00e2n \u00eenc\u0103 reci, \u00een jur de 0-5 \u00b0C. Mai este \u00eens\u0103 perioada ideal\u0103 pentru a observa ghe\u021barii, fiordurile \u0219i natura arctic\u0103, f\u0103r\u0103 temperaturile extreme ale iernii.<\/p>\n\n\n\n<p class=\"wp-block-paragraph\"><strong>Cea mai accesibil\u0103 este coasta de sud-vest, cu ora\u0219e precum Nuuk (capitala), Ilulissat sau Sisimiut.<\/strong> Ilulissat este renumit pentru fiordul s\u0103u glaciar, \u00eenscris \u00een patrimoniul UNESCO, de unde se desprind \u00een mare buc\u0103\u021bi uria\u0219e de ghea\u021b\u0103. Po\u021bi face o excursie cu barca printre aisberguri sau te po\u021bi aventura pe una dintre potecile turistice de-a lungul fiordului.<\/p>\n\n\n\n<p class=\"wp-block-paragraph\"><strong>\ud83d\udca1Recomandare de cazare:<\/strong> <strong><a class=\"thirstylink\" rel=\"nofollow\" target=\"_blank\" title=\"Hotel Sisimiut\" href=\"https:\/\/loudavymkrokem.cz\/doporucujeme\/hotel-sisimiut\/\" data-shortcode=\"true\">Hotel Sisimiut<\/a><\/strong><\/p>\n\n\n\n<figure data-wp-context=\"{&quot;imageId&quot;:&quot;6a94e8f914d96&quot;}\" data-wp-interactive=\"core\/image\" data-wp-key=\"6a94e8f914d96\" class=\"wp-block-image size-full wp-lightbox-container\"><img decoding=\"async\" width=\"1200\" height=\"630\" data-wp-class--hide=\"state.isContentHidden\" data-wp-class--show=\"state.isContentVisible\" data-wp-init=\"callbacks.setButtonStyles\" data-wp-on--click=\"actions.showLightbox\" data-wp-on--load=\"callbacks.setButtonStyles\" data-wp-on--pointerdown=\"actions.preloadImage\" data-wp-on--pointerenter=\"actions.preloadImageWithDelay\" data-wp-on--pointerleave=\"actions.cancelPreload\" data-wp-on-window--resize=\"callbacks.setButtonStyles\" src=\"https:\/\/loudavymkrokem.cz\/wp-content\/uploads\/2025\/02\/gronsko.jpg\" alt=\"Groenlanda\" class=\"wp-image-93898\" title=\"\" srcset=\"https:\/\/loudavymkrokem.cz\/wp-content\/uploads\/2025\/02\/gronsko.jpg 1200w, https:\/\/loudavymkrokem.cz\/wp-content\/uploads\/2025\/02\/gronsko-300x158.jpg 300w, https:\/\/loudavymkrokem.cz\/wp-content\/uploads\/2025\/02\/gronsko-700x368.jpg 700w, https:\/\/loudavymkrokem.cz\/wp-content\/uploads\/2025\/02\/gronsko-768x403.jpg 768w, https:\/\/loudavymkrokem.cz\/wp-content\/uploads\/2025\/02\/gronsko-696x365.jpg 696w\" sizes=\"(max-width: 1200px) 100vw, 1200px\" \/><button\n\t\t\tclass=\"lightbox-trigger\"\n\t\t\ttype=\"button\"\n\t\t\taria-haspopup=\"dialog\"\n\t\t\tdata-wp-bind--aria-label=\"state.thisImage.triggerButtonAriaLabel\"\n\t\t\tdata-wp-init=\"callbacks.initTriggerButton\"\n\t\t\tdata-wp-on--click=\"actions.showLightbox\"\n\t\t\tdata-wp-style--right=\"state.thisImage.buttonRight\"\n\t\t\tdata-wp-style--top=\"state.thisImage.buttonTop\"\n\t\t>\n\t\t\t<svg xmlns=\"http:\/\/www.w3.org\/2000\/svg\" width=\"12\" height=\"12\" fill=\"none\" viewBox=\"0 0 12 12\">\n\t\t\t\t<path fill=\"#fff\" d=\"M2 0a2 2 0 0 0-2 2v2h1.5V2a.5.5 0 0 1 .5-.5h2V0H2Zm2 10.5H2a.5.5 0 0 1-.5-.5V8H0v2a2 2 0 0 0 2 2h2v-1.5ZM8 12v-1.5h2a.5.5 0 0 0 .5-.5V8H12v2a2 2 0 0 1-2 2H8Zm2-12a2 2 0 0 1 2 2v2h-1.5V2a.5.5 0 0 0-.5-.5H8V0h2Z\" \/>\n\t\t\t<\/svg>\n\t\t<\/button><figcaption class=\"wp-element-caption\">Groenlanda<\/figcaption><\/figure>\n\n\n\n\n<div class=\"lk-stays-module\">\n<style>\n\/* \u2500\u2500\u2500 RESET PRO GUTENBERG \u2500\u2500\u2500 *\/\n.lk-stays-module * { box-sizing: border-box; margin: 0; padding: 0; }\n\n\/* \u2500\u2500\u2500 WRAPPER \u2500\u2500\u2500 *\/\n.lk-stays-module {\n  font-family: 'DM Sans', Georgia, sans-serif;\n  max-width: 100%;\n  margin: 2.5rem auto;\n  background: linear-gradient(135deg, #fdfaf5 0%, #fcf8f0 100%);\n  border: 1px solid #e8dfd4;\n  border-radius: 16px;\n  overflow: hidden;\n  box-shadow: 0 16px 48px rgba(195, 159, 118, 0.25), 0 4px 12px rgba(0,0,0,0.08);\n}\n\n\/* \u2500\u2500\u2500 HEADER \u2500\u2500\u2500 *\/\n.lk-stays-header {\n  position: relative;\n  padding: 24px 36px 24px;\n  background: linear-gradient(135deg, #c39f76 0%, #d4b188 60%, #c39f76 100%);\n  border-bottom: 1px solid rgba(255,255,255,.15);\n  display: flex;\n  align-items: center;\n  gap: 18px;\n}\n.lk-stays-header::before {\n  content: '';\n  position: absolute;\n  inset: 0;\n  background: url(\"data:image\/svg+xml,%3Csvg width='60' height='60' viewBox='0 0 60 60' xmlns='http:\/\/www.w3.org\/2000\/svg'%3E%3Cg fill='none' fill-rule='evenodd'%3E%3Cg fill='%23ffffff' fill-opacity='0.05'%3E%3Cpath d='M36 34v-4h-2v4h-4v2h4v4h2v-4h4v-2h-4zm0-30V0h-2v4h-4v2h4v4h2V6h4V4h-4zM6 34v-4H4v4H0v2h4v4h2v-4h4v-2H6zM6 4V0H4v4H0v2h4v4h2V6h4V4H6z'\/%3E%3C\/g%3E%3C\/g%3E%3C\/svg%3E\") repeat;\n  pointer-events: none;\n}\n.lk-stays-icon {\n  flex-shrink: 0;\n  width: 68px;\n  height: 68px;\n  border-radius: 14px;\n  background: linear-gradient(135deg, #fff 0%, #f9f6f0 100%);\n  display: flex;\n  align-items: center;\n  justify-content: center;\n  font-size: 26px;\n  box-shadow: 0 4px 12px rgba(0,0,0,0.15);\n}\n.lk-stays-eyebrow {\n  font-size: 10px;\n  font-weight: 500;\n  letter-spacing: 2.5px;\n  text-transform: uppercase;\n  color: rgba(255,255,255,.85);\n  margin: 0 0 5px 0;\n}\n.lk-stays-title {\n  font-family: 'Playfair Display', Georgia, serif;\n  font-size: 24px;\n  font-weight: 700;\n  color: #fff;\n  line-height: 1.2;\n  text-shadow: 0 1px 2px rgba(0,0,0,0.1);\n  margin: 0;\n}\n.lk-stays-subtitle {\n  font-size: 13px;\n  color: rgba(255,255,255,.75);\n  margin: 4px 0 0 0;\n  font-weight: 300;\n}\n\n\/* \u2500\u2500\u2500 CARDS GRID \u2500\u2500\u2500 *\/\n.lk-stays-grid {\n  display: grid;\n  grid-template-columns: 1fr 1fr;\n  gap: 1px;\n  background: rgba(195, 159, 118, 0.12);\n}\n\n\/* \u2500\u2500\u2500 SINGLE CARD \u2500\u2500\u2500 *\/\n.lk-stay-card {\n  background: #ffffff;\n  padding: 26px;\n  display: flex;\n  flex-direction: column;\n  gap: 11px;\n  transition: all 0.3s ease;\n  text-decoration: none;\n  color: inherit;\n  position: relative;\n}\n.lk-stay-card:hover {\n  background: #fffbf5;\n  transform: translateY(-2px);\n  box-shadow: 0 8px 24px rgba(195, 159, 118, 0.18);\n  z-index: 1;\n}\n.lk-stay-card.featured {\n  background: linear-gradient(135deg, #fffdf9 0%, #fff9f0 100%);\n  box-shadow: 0 4px 16px rgba(195, 159, 118, 0.15), inset 0 1px 0 rgba(195, 159, 118, 0.1);\n}\n.lk-stay-card.featured:hover {\n  background: linear-gradient(135deg, #fffbf5 0%, #fff8ed 100%);\n  box-shadow: 0 8px 24px rgba(195, 159, 118, 0.25), inset 0 1px 0 rgba(195, 159, 118, 0.15);\n}\n\n.lk-stay-badge {\n  display: inline-flex;\n  align-items: center;\n  gap: 5px;\n  font-size: 10px;\n  font-weight: 500;\n  letter-spacing: 1.5px;\n  text-transform: uppercase;\n  padding: 5px 11px;\n  border-radius: 20px;\n  width: fit-content;\n}\n.badge-top     { background: linear-gradient(135deg, #c39f76 0%, #d4b188 100%); color: #fff; border: 1px solid #c39f76; font-weight: 600; box-shadow: 0 2px 8px rgba(195,159,118,0.3); }\n.badge-luxury  { background: rgba(195,159,118,.12); color: #c39f76; border: 1px solid rgba(195,159,118,.25); }\n.badge-boutique{ background: rgba(54,133,252,.08); color: #3685fc; border: 1px solid rgba(54,133,252,.2); }\n.badge-nature  { background: rgba(130,190,100,.1); color: #6b9c4a; border: 1px solid rgba(130,190,100,.2); }\n.badge-remote  { background: rgba(195,159,118,.12); color: #a67e50; border: 1px solid rgba(195,159,118,.25); }\n\n.lk-stay-name {\n  font-family: 'Playfair Display', Georgia, serif;\n  font-size: 18px;\n  font-weight: 700;\n  color: #111827;\n  line-height: 1.3;\n}\n.lk-stay-desc {\n  font-size: 13.5px;\n  color: #525252;\n  line-height: 1.65;\n  font-weight: 300;\n  flex: 1;\n}\n\n.lk-stay-meta {\n  display: flex;\n  align-items: center;\n  gap: 12px;\n  flex-wrap: wrap;\n  margin-top: 4px;\n}\n.lk-stay-price {\n  font-size: 13px;\n  color: #6b7280;\n}\n.lk-stay-price strong {\n  color: #c39f76;\n  font-weight: 500;\n}\n.lk-stay-stars {\n  color: #c39f76;\n  font-size: 11px;\n  letter-spacing: 1px;\n}\n\n\/* \u2500\u2500\u2500 CTA BUTTON \u2500\u2500\u2500 *\/\n.lk-stay-cta {\n  display: inline-flex;\n  align-items: center;\n  justify-content: center;\n  gap: 7px;\n  margin-top: 8px;\n  padding: 11px 20px;\n  border-radius: 8px;\n  background: linear-gradient(135deg, #3685fc 0%, #2a6fd9 100%);\n  color: #fff;\n  font-size: 13px;\n  font-weight: 500;\n  text-decoration: none;\n  letter-spacing: .3px;\n  transition: all .2s ease;\n  cursor: pointer;\n  border: none;\n  text-align: center;\n  box-shadow: 0 4px 12px rgba(54, 133, 252, 0.25);\n}\n.lk-stay-cta:hover {\n  background: linear-gradient(135deg, #2a6fd9 0%, #1e5bc4 100%);\n  transform: translateY(-1px);\n  box-shadow: 0 6px 16px rgba(54, 133, 252, 0.35);\n}\n.lk-stay-cta svg { flex-shrink: 0; }\n\n\/* \u2500\u2500\u2500 FOOTER \u2500\u2500\u2500 *\/\n.lk-stays-footer {\n  padding: 18px 36px;\n  background: linear-gradient(to bottom, #fdfaf5 0%, #f9f4ed 100%);\n  border-top: 1px solid rgba(195, 159, 118, 0.15);\n  display: flex;\n  align-items: center;\n  justify-content: space-between;\n  flex-wrap: wrap;\n  gap: 12px;\n}\n.lk-stays-footer-note {\n  font-size: 11.5px;\n  color: #6b7280;\n  font-weight: 300;\n  line-height: 1.5;\n}\n.lk-stays-footer-note a {\n  color: #c39f76;\n  text-decoration: none;\n  font-weight: 400;\n}\n.lk-stays-footer-note a:hover {\n  text-decoration: underline;\n}\n.lk-stays-all-btn {\n  display: inline-flex;\n  align-items: center;\n  gap: 6px;\n  font-size: 12.5px;\n  font-weight: 500;\n  color: #c39f76;\n  text-decoration: none;\n  border: 1px solid rgba(195, 159, 118, 0.35);\n  padding: 8px 18px;\n  border-radius: 8px;\n  transition: all .2s ease;\n}\n.lk-stays-all-btn:hover {\n  background: rgba(195, 159, 118, 0.08);\n  border-color: rgba(195, 159, 118, 0.5);\n}\n\n\/* \u2500\u2500\u2500 RESPONSIVE \u2500\u2500\u2500 *\/\n@media (max-width: 600px) {\n  .lk-stays-grid { grid-template-columns: 1fr; }\n  .lk-stays-header { padding: 24px 20px; }\n  .lk-stays-footer { padding: 16px 20px; }\n  .lk-stay-card { padding: 22px; }\n  .lk-stays-title { font-size: 20px; }\n}\n<\/style>\n\n  <!-- HEADER -->\n  <div class=\"lk-stays-header\">\n    <img decoding=\"async\" src=\"https:\/\/loudavymkrokem.cz\/wp-content\/uploads\/2026\/02\/lukas-a-lucka.jpg\" alt=\"\" style=\"width: 75px; height: 75px; border-radius: 8px; flex-shrink: 0; object-fit: cover; display: block; margin: 4px 0;\" title=\"\">\n    <div class=\"lk-stays-header-text\">\n      <div class=\"lk-stays-eyebrow\">Luk\u00e1\u0161 \u0219i Lucie recomand\u0103<\/div>\n      <div class=\"lk-stays-title\">Unde s\u0103 te cazezi \u00een mai<\/div>\n      <div class=\"lk-stays-subtitle\">6 caz\u0103ri \u2014 resort-uri, hoteluri \u0219i alte op\u021biuni de cazare<\/div>\n    <\/div>\n  <\/div>\n\n  <!-- CARDS -->\n  <div class=\"lk-stays-grid\">\n\n    <a class=\"lk-stay-card featured\" href=\"https:\/\/loudavymkrokem.cz\/doporucujeme\/hilton-alexandria-kings-ranch-hotel\/\" target=\"_blank\" rel=\"nofollow noopener\">\n      <span class=\"lk-stay-badge badge-top\">\u2b50 ALEGERE TOP<\/span>\n      <span class=\"lk-stay-badge badge-nature\">\ud83c\udfe8 Hotel<\/span>\n      <div class=\"lk-stay-name\">Hilton Alexandria King&#8217;s Ranch Hotel<\/div>\n      <div class=\"lk-stay-desc\">Hotel de lux \u00een Egipt, ideal pentru vacan\u021b\u0103 la Marea Ro\u0219ie.<\/div>\n      <div class=\"lk-stay-meta\">\n        <span class=\"lk-stay-stars\">\u2605\u2605\u2605\u2605<\/span>\n        <span class=\"lk-stay-price\">Verific\u0103 pre\u021burile<\/span>\n      <\/div>\n      <span class=\"lk-stay-cta\">\n        <svg width=\"14\" height=\"14\" viewBox=\"0 0 24 24\" fill=\"none\" stroke=\"currentColor\" stroke-width=\"2\"><path d=\"M18 13v6a2 2 0 0 1-2 2H5a2 2 0 0 1-2-2V8a2 2 0 0 1 2-2h6\"\/><polyline points=\"15 3 21 3 21 9\"\/><line x1=\"10\" y1=\"14\" x2=\"21\" y2=\"3\"\/><\/svg>\n        Verific\u0103 disponibilitatea\n      <\/span>\n    <\/a>\n\n    <a class=\"lk-stay-card\" href=\"https:\/\/loudavymkrokem.cz\/doporucujeme\/sunny-hill-alya-hotel\/\" target=\"_blank\" rel=\"nofollow noopener\">\n      <span class=\"lk-stay-badge badge-nature\">\ud83c\udfe8 Hotel<\/span>\n      <div class=\"lk-stay-name\">Sunny Hill Alya Hotel<\/div>\n      <div class=\"lk-stay-desc\">Hotel \u00een Turcia cu vedere la rivier\u0103, perfect pentru vacan\u021ba din mai.<\/div>\n      <div class=\"lk-stay-meta\">\n        <span class=\"lk-stay-stars\">\u2605\u2605\u2605\u2605<\/span>\n        <span class=\"lk-stay-price\">Verific\u0103 pre\u021burile<\/span>\n      <\/div>\n      <span class=\"lk-stay-cta\">\n        <svg width=\"14\" height=\"14\" viewBox=\"0 0 24 24\" fill=\"none\" stroke=\"currentColor\" stroke-width=\"2\"><path d=\"M18 13v6a2 2 0 0 1-2 2H5a2 2 0 0 1-2-2V8a2 2 0 0 1 2-2h6\"\/><polyline points=\"15 3 21 3 21 9\"\/><line x1=\"10\" y1=\"14\" x2=\"21\" y2=\"3\"\/><\/svg>\n        Verific\u0103 disponibilitatea\n      <\/span>\n    <\/a>\n\n    <a class=\"lk-stay-card\" href=\"https:\/\/loudavymkrokem.cz\/doporucujeme\/marina-elite\/\" target=\"_blank\" rel=\"nofollow noopener\">\n      <span class=\"lk-stay-badge badge-nature\">\ud83c\udf32 Resort<\/span>\n      <div class=\"lk-stay-name\">Marina Elite<\/div>\n      <div class=\"lk-stay-desc\">Resort \u00een Insulele Canare cu acces la plaje \u0219i activit\u0103\u021bi.<\/div>\n      <div class=\"lk-stay-meta\">\n        <span class=\"lk-stay-stars\">\u2605\u2605\u2605\u2605<\/span>\n        <span class=\"lk-stay-price\">Verific\u0103 pre\u021burile<\/span>\n      <\/div>\n      <span class=\"lk-stay-cta\">\n        <svg width=\"14\" height=\"14\" viewBox=\"0 0 24 24\" fill=\"none\" stroke=\"currentColor\" stroke-width=\"2\"><path d=\"M18 13v6a2 2 0 0 1-2 2H5a2 2 0 0 1-2-2V8a2 2 0 0 1 2-2h6\"\/><polyline points=\"15 3 21 3 21 9\"\/><line x1=\"10\" y1=\"14\" x2=\"21\" y2=\"3\"\/><\/svg>\n        Verific\u0103 disponibilitatea\n      <\/span>\n    <\/a>\n\n    <a class=\"lk-stay-card\" href=\"https:\/\/loudavymkrokem.cz\/doporucujeme\/constantinou-bros-athena-beach-hotel\/\" target=\"_blank\" rel=\"nofollow noopener\">\n      <span class=\"lk-stay-badge badge-nature\">\ud83c\udfd6\ufe0f Beach<\/span>\n      <div class=\"lk-stay-name\">Constantinou Bros Athena Beach Hotel<\/div>\n      <div class=\"lk-stay-desc\">Hotel de plaj\u0103 \u00een Cipru cu acces la marea turcoaz.<\/div>\n      <div class=\"lk-stay-meta\">\n        <span class=\"lk-stay-stars\">\u2605\u2605\u2605\u2605<\/span>\n        <span class=\"lk-stay-price\">Verific\u0103 pre\u021burile<\/span>\n      <\/div>\n      <span class=\"lk-stay-cta\">\n        <svg width=\"14\" height=\"14\" viewBox=\"0 0 24 24\" fill=\"none\" stroke=\"currentColor\" stroke-width=\"2\"><path d=\"M18 13v6a2 2 0 0 1-2 2H5a2 2 0 0 1-2-2V8a2 2 0 0 1 2-2h6\"\/><polyline points=\"15 3 21 3 21 9\"\/><line x1=\"10\" y1=\"14\" x2=\"21\" y2=\"3\"\/><\/svg>\n        Verific\u0103 disponibilitatea\n      <\/span>\n    <\/a>\n\n    <a class=\"lk-stay-card\" href=\"https:\/\/www.stay22.com\/allez\/booking?aid=lukaskonecny&#038;campaign=loudavymkrokemcz-kamnadovolenouvbreznu&#038;product=allez&#038;habl=false&#038;isinc=false&#038;sid22=b4bb4beb-3040-4cfa-a13f-5d915011e66d&#038;campaign=loudavymkrokemcz-kamnadovolenouvprosinci-loudavymkrokemcz-kamnadovolenouvlistopadu&#038;source=direct&#038;medium=deeplink&#038;address=Czechia&#038;link=https%3A%2F%2Fwww.booking.com%2Fhotel%2Fcv%2Fmelia-tortuga-beach.cs.html\" target=\"_blank\" rel=\"nofollow noopener\">\n      <span class=\"lk-stay-badge badge-nature\">\ud83c\udf32 Resort<\/span>\n      <div class=\"lk-stay-name\">Melia Tortuga Beach Resort &#038; Spa<\/div>\n      <div class=\"lk-stay-desc\">Resort de lux \u00een Capul Verde, ideal pentru plaje \u0219i sporturi nautice.<\/div>\n      <div class=\"lk-stay-meta\">\n        <span class=\"lk-stay-stars\">\u2605\u2605\u2605\u2605<\/span>\n        <span class=\"lk-stay-price\">Verific\u0103 pre\u021burile<\/span>\n      <\/div>\n      <span class=\"lk-stay-cta\">\n        <svg width=\"14\" height=\"14\" viewBox=\"0 0 24 24\" fill=\"none\" stroke=\"currentColor\" stroke-width=\"2\"><path d=\"M18 13v6a2 2 0 0 1-2 2H5a2 2 0 0 1-2-2V8a2 2 0 0 1 2-2h6\"\/><polyline points=\"15 3 21 3 21 9\"\/><line x1=\"10\" y1=\"14\" x2=\"21\" y2=\"3\"\/><\/svg>\n        Verific\u0103 disponibilitatea\n      <\/span>\n    <\/a>\n\n    <a class=\"lk-stay-card\" href=\"https:\/\/loudavymkrokem.cz\/doporucujeme\/holiday-inn-express-beijing-downtown-by-ihg\/\" target=\"_blank\" rel=\"nofollow noopener\">\n      <span class=\"lk-stay-badge badge-nature\">\ud83c\udfe8 Hotel<\/span>\n      <div class=\"lk-stay-name\">Holiday Inn Express Beijing Downtown by IHG<\/div>\n      <div class=\"lk-stay-desc\">Hotel modern \u00een centrul Beijingului, ideal pentru a explora China.<\/div>\n      <div class=\"lk-stay-meta\">\n        <span class=\"lk-stay-stars\">\u2605\u2605\u2605\u2605<\/span>\n        <span class=\"lk-stay-price\">Verific\u0103 pre\u021burile<\/span>\n      <\/div>\n      <span class=\"lk-stay-cta\">\n        <svg width=\"14\" height=\"14\" viewBox=\"0 0 24 24\" fill=\"none\" stroke=\"currentColor\" stroke-width=\"2\"><path d=\"M18 13v6a2 2 0 0 1-2 2H5a2 2 0 0 1-2-2V8a2 2 0 0 1 2-2h6\"\/><polyline points=\"15 3 21 3 21 9\"\/><line x1=\"10\" y1=\"14\" x2=\"21\" y2=\"3\"\/><\/svg>\n        Verific\u0103 disponibilitatea\n      <\/span>\n    <\/a>\n\n  <\/div>\n\n  \n<\/div>\n\n\n\n\n<h3 class=\"wp-block-heading\"><span class=\"ez-toc-section\" id=\"Taiwan\"><\/span>Taiwan<span class=\"ez-toc-section-end\"><\/span><\/h3>\n\n\n\n<p class=\"wp-block-paragraph\"><strong>\u00cen Taiwan, temperaturile din mai sunt pl\u0103cute, \u00een jur de 25-28 \u00b0C, de\u0219i cu umiditate mai mare \u0219i ploi ocazionale.<\/strong> Marea are o temperatur\u0103 de aproximativ 25 \u00b0C, a\u0219a c\u0103 te po\u021bi \u0219i sc\u0103lda, mai ales pe coasta de sud a insulei.<\/p>\n\n\n\n<p class=\"wp-block-paragraph\">Taipei, capitala, este un amestec fascinant de tradi\u021bie \u0219i modernitate. Viziteaz\u0103 zg\u00e2rie-norul Taipei 101, p\u00e2n\u0103 de cur\u00e2nd cea mai \u00eenalt\u0103 cl\u0103dire din lume, Muzeul Na\u021bional al Palatului, cu cea mai mare colec\u021bie de art\u0103 chinez\u0103 din lume, sau pie\u021bele de noapte precum Shilin sau Raohe, unde po\u021bi gusta o varietate de specialit\u0103\u021bi locale. Nu departe de Taipei merit\u0103 vizitat \u0219i or\u0103\u0219elul Jiufen, care a inspirat unele scene din filmul de anima\u021bie \u201eC\u0103l\u0103toria lui Chihiro&#8221;.<\/p>\n\n\n\n<p class=\"wp-block-paragraph\">Parcul na\u021bional Taroko, de pe coasta de est a insulei, ofer\u0103 chei de marmur\u0103, cascade \u0219i poteci turistice. Pe coasta de sud vei g\u0103si plaje superbe \u00een jurul ora\u0219ului Kenting, unde te po\u021bi bucura de sc\u0103ldat \u0219i de sporturi nautice. Pentru iubitorii de natur\u0103 exist\u0103 \u0219i mun\u021bi \u00eenal\u021bi precum Yushan (Muntele de Jad), cel mai \u00eenalt v\u00e2rf din Taiwan, sau izvoarele termale din Beitou, l\u00e2ng\u0103 Taipei.<\/p>\n\n\n\n<p class=\"wp-block-paragraph\"><strong>\ud83d\udca1Recomandare de cazare:<\/strong> <strong><a class=\"thirstylink\" rel=\"nofollow\" target=\"_blank\" title=\"Guide Hotel Taipei Chongqing\" href=\"https:\/\/loudavymkrokem.cz\/doporucujeme\/guide-hotel-taipei-chongqing\/\" data-shortcode=\"true\">Guide Hotel Taipei Chongqing<\/a><\/strong><\/p>\n\n\n\n<figure data-wp-context=\"{&quot;imageId&quot;:&quot;6a94e8f915530&quot;}\" data-wp-interactive=\"core\/image\" data-wp-key=\"6a94e8f915530\" class=\"wp-block-image size-full wp-lightbox-container\"><img decoding=\"async\" width=\"1200\" height=\"630\" data-wp-class--hide=\"state.isContentHidden\" data-wp-class--show=\"state.isContentVisible\" data-wp-init=\"callbacks.setButtonStyles\" data-wp-on--click=\"actions.showLightbox\" data-wp-on--load=\"callbacks.setButtonStyles\" data-wp-on--pointerdown=\"actions.preloadImage\" data-wp-on--pointerenter=\"actions.preloadImageWithDelay\" data-wp-on--pointerleave=\"actions.cancelPreload\" data-wp-on-window--resize=\"callbacks.setButtonStyles\" src=\"https:\/\/loudavymkrokem.cz\/wp-content\/uploads\/2025\/02\/Tchaj-pej.jpg\" alt=\"Taipei\" class=\"wp-image-93903\" title=\"\" srcset=\"https:\/\/loudavymkrokem.cz\/wp-content\/uploads\/2025\/02\/Tchaj-pej.jpg 1200w, https:\/\/loudavymkrokem.cz\/wp-content\/uploads\/2025\/02\/Tchaj-pej-300x158.jpg 300w, https:\/\/loudavymkrokem.cz\/wp-content\/uploads\/2025\/02\/Tchaj-pej-700x368.jpg 700w, https:\/\/loudavymkrokem.cz\/wp-content\/uploads\/2025\/02\/Tchaj-pej-768x403.jpg 768w, https:\/\/loudavymkrokem.cz\/wp-content\/uploads\/2025\/02\/Tchaj-pej-696x365.jpg 696w\" sizes=\"(max-width: 1200px) 100vw, 1200px\" \/><button\n\t\t\tclass=\"lightbox-trigger\"\n\t\t\ttype=\"button\"\n\t\t\taria-haspopup=\"dialog\"\n\t\t\tdata-wp-bind--aria-label=\"state.thisImage.triggerButtonAriaLabel\"\n\t\t\tdata-wp-init=\"callbacks.initTriggerButton\"\n\t\t\tdata-wp-on--click=\"actions.showLightbox\"\n\t\t\tdata-wp-style--right=\"state.thisImage.buttonRight\"\n\t\t\tdata-wp-style--top=\"state.thisImage.buttonTop\"\n\t\t>\n\t\t\t<svg xmlns=\"http:\/\/www.w3.org\/2000\/svg\" width=\"12\" height=\"12\" fill=\"none\" viewBox=\"0 0 12 12\">\n\t\t\t\t<path fill=\"#fff\" d=\"M2 0a2 2 0 0 0-2 2v2h1.5V2a.5.5 0 0 1 .5-.5h2V0H2Zm2 10.5H2a.5.5 0 0 1-.5-.5V8H0v2a2 2 0 0 0 2 2h2v-1.5ZM8 12v-1.5h2a.5.5 0 0 0 .5-.5V8H12v2a2 2 0 0 1-2 2H8Zm2-12a2 2 0 0 1 2 2v2h-1.5V2a.5.5 0 0 0-.5-.5H8V0h2Z\" \/>\n\t\t\t<\/svg>\n\t\t<\/button><figcaption class=\"wp-element-caption\">Taipei<\/figcaption><\/figure>\n\n\n\n<h3 class=\"wp-block-heading\"><span class=\"ez-toc-section\" id=\"Albania\"><\/span>Albania<span class=\"ez-toc-section-end\"><\/span><\/h3>\n\n\n\n<p class=\"wp-block-paragraph\"><strong><a href=\"https:\/\/loudavymkrokem.cz\/ro\/calatorii\/europa\/albania\/\" target=\"_blank\" data-type=\"link\" data-id=\"https:\/\/loudavymkrokem.cz\/cestovani\/evropa\/albanie\/\" rel=\"noreferrer noopener\">Albania<\/a> este \u00eenc\u0103 o perl\u0103 pu\u021bin descoperit\u0103 a Balcanilor, iar mai este momentul ideal pentru a o vizita.<\/strong> Temperaturile se situeaz\u0103 \u00een jurul valorii de 22-25 \u00b0C, iar marea are o temperatur\u0103 de aproximativ 19-20 \u00b0C. <strong>Sta\u021biuni precum Saranda, Ksamil sau Durr\u00ebs ofer\u0103 plaje superbe cu ap\u0103 turcoaz<\/strong>, iar Ksamil este adesea comparat cu destina\u021biile exotice datorit\u0103 plajei sale albe \u0219i apei cristaline.<\/p>\n\n\n\n<p class=\"wp-block-paragraph\">Tirana, capitala, este vie \u0219i cosmopolit\u0103, cu cl\u0103diri viu colorate, muzee \u0219i parcuri. Viziteaz\u0103 cl\u0103direa \u00een form\u0103 de piramid\u0103 (ini\u021bial mausoleul dictatorului comunist Enver Hoxha), pia\u021ba Skanderbeg sau cartierul Blloku, care era c\u00e2ndva rezervat exclusiv elitei comuniste, iar ast\u0103zi este plin de cafenele, restaurante \u0219i baruri.<\/p>\n\n\n\n<p class=\"wp-block-paragraph\">Ora\u0219ele istorice precum Berat sau Gjirokast\u00ebr (ambele \u00eenscrise \u00een patrimoniul UNESCO) te vor cuceri cu arhitectura lor otoman\u0103 \u0219i cu atmosfera lor. Berat, cunoscut ca \u201eora\u0219ul celor o mie de ferestre&#8221;, se \u00eentinde pe versantul unui deal, cu case albe suprapuse, \u00een timp ce Gjirokast\u00ebr se m\u00e2ndre\u0219te cu o fort\u0103rea\u021b\u0103 impun\u0103toare \u0219i cu case de piatr\u0103.<\/p>\n\n\n\n<p class=\"wp-block-paragraph\"><strong>\ud83d\udca1Recomandare de cazare:<\/strong> <strong><a class=\"thirstylink\" rel=\"nofollow\" target=\"_blank\" title=\"Vila Melina\" href=\"https:\/\/loudavymkrokem.cz\/doporucujeme\/vila-melina\/\" data-shortcode=\"true\">Vila Melina<\/a><\/strong><\/p>\n\n\n\n<figure data-wp-context=\"{&quot;imageId&quot;:&quot;6a94e8f915cb1&quot;}\" data-wp-interactive=\"core\/image\" data-wp-key=\"6a94e8f915cb1\" class=\"wp-block-image size-full wp-lightbox-container\"><img decoding=\"async\" width=\"1200\" height=\"800\" data-wp-class--hide=\"state.isContentHidden\" data-wp-class--show=\"state.isContentVisible\" data-wp-init=\"callbacks.setButtonStyles\" data-wp-on--click=\"actions.showLightbox\" data-wp-on--load=\"callbacks.setButtonStyles\" data-wp-on--pointerdown=\"actions.preloadImage\" data-wp-on--pointerenter=\"actions.preloadImageWithDelay\" data-wp-on--pointerleave=\"actions.cancelPreload\" data-wp-on-window--resize=\"callbacks.setButtonStyles\" src=\"https:\/\/loudavymkrokem.cz\/wp-content\/uploads\/2023\/07\/borsh-plaz.jpg\" alt=\"Plaja Borsh din Albania\" class=\"wp-image-63167\" title=\"\" srcset=\"https:\/\/loudavymkrokem.cz\/wp-content\/uploads\/2023\/07\/borsh-plaz.jpg 1200w, https:\/\/loudavymkrokem.cz\/wp-content\/uploads\/2023\/07\/borsh-plaz-300x200.jpg 300w, https:\/\/loudavymkrokem.cz\/wp-content\/uploads\/2023\/07\/borsh-plaz-700x467.jpg 700w, https:\/\/loudavymkrokem.cz\/wp-content\/uploads\/2023\/07\/borsh-plaz-768x512.jpg 768w, https:\/\/loudavymkrokem.cz\/wp-content\/uploads\/2023\/07\/borsh-plaz-696x464.jpg 696w\" sizes=\"(max-width: 1200px) 100vw, 1200px\" \/><button\n\t\t\tclass=\"lightbox-trigger\"\n\t\t\ttype=\"button\"\n\t\t\taria-haspopup=\"dialog\"\n\t\t\tdata-wp-bind--aria-label=\"state.thisImage.triggerButtonAriaLabel\"\n\t\t\tdata-wp-init=\"callbacks.initTriggerButton\"\n\t\t\tdata-wp-on--click=\"actions.showLightbox\"\n\t\t\tdata-wp-style--right=\"state.thisImage.buttonRight\"\n\t\t\tdata-wp-style--top=\"state.thisImage.buttonTop\"\n\t\t>\n\t\t\t<svg xmlns=\"http:\/\/www.w3.org\/2000\/svg\" width=\"12\" height=\"12\" fill=\"none\" viewBox=\"0 0 12 12\">\n\t\t\t\t<path fill=\"#fff\" d=\"M2 0a2 2 0 0 0-2 2v2h1.5V2a.5.5 0 0 1 .5-.5h2V0H2Zm2 10.5H2a.5.5 0 0 1-.5-.5V8H0v2a2 2 0 0 0 2 2h2v-1.5ZM8 12v-1.5h2a.5.5 0 0 0 .5-.5V8H12v2a2 2 0 0 1-2 2H8Zm2-12a2 2 0 0 1 2 2v2h-1.5V2a.5.5 0 0 0-.5-.5H8V0h2Z\" \/>\n\t\t\t<\/svg>\n\t\t<\/button><figcaption class=\"wp-element-caption\">Albania<\/figcaption><\/figure>\n\n\n\n<h3 class=\"wp-block-heading\"><span class=\"ez-toc-section\" id=\"Bali\"><\/span>Bali<span class=\"ez-toc-section-end\"><\/span><\/h3>\n\n\n\n<p class=\"wp-block-paragraph\">Indonezia ofer\u0103 \u00een mai condi\u021bii climatice diferite, \u00een func\u021bie de regiune. <strong>Bali \u0219i insulele din jur, precum Lombok sau Gili, au \u00een aceast\u0103 perioad\u0103 condi\u021bii ideale pentru o vacan\u021b\u0103, cu temperaturi \u00een jur de 30 \u00b0C \u0219i precipita\u021bii minime.<\/strong> Temperatura m\u0103rii se situeaz\u0103 \u00een jur de 29 \u00b0C, ceea ce este absolut perfect pentru sc\u0103ldat, snorkeling sau scufund\u0103ri.<\/p>\n\n\n\n<p class=\"wp-block-paragraph\">\u00cen Bali viziteaz\u0103 temple precum Tanah Lot (templul din mare), Uluwatu (templul pe st\u00e2nc\u0103) sau Besakih (cel mai mare \u0219i mai sacru templu). Ubud, din interiorul insulei, este un centru cultural cu galerii de art\u0103, temple \u0219i terase de orez \u00een jur. Zonele sudice ale insulei precum Kuta, Seminyak sau Nusa Dua ofer\u0103 plaje superbe \u0219i o infrastructur\u0103 turistic\u0103 dezvoltat\u0103.<\/p>\n\n\n\n<p class=\"wp-block-paragraph\">Dac\u0103 vrei s\u0103 tr\u0103ie\u0219ti ceva mai pu\u021bin turistic, mergi pe insula Java, unde vei g\u0103si Borobudur \u2013 cel mai mare templu budist din lume \u2013 sau vulcanul Bromo cu peisajul s\u0103u parc\u0103 extraterestru. Insula Komodo este casa uria\u0219ilor varani de Komodo, \u00een timp ce Sumatra \u0219i Kalimantan (Borneo) ofer\u0103 p\u0103duri tropicale \u0219i posibilitatea de a observa urangutani \u00een s\u0103lb\u0103ticie.<\/p>\n\n\n\n<p class=\"wp-block-paragraph\"><strong>\ud83d\udca1Recomandare de cazare:<\/strong> <strong><a class=\"thirstylink\" rel=\"nofollow\" target=\"_blank\" title=\"Amnaya Resort Kuta\" href=\"https:\/\/loudavymkrokem.cz\/doporucujeme\/amnaya-resort-kuta\/\" data-shortcode=\"true\">Amnaya Resort Kuta<\/a><\/strong><\/p>\n\n\n\n<figure data-wp-context=\"{&quot;imageId&quot;:&quot;6a94e8f916421&quot;}\" data-wp-interactive=\"core\/image\" data-wp-key=\"6a94e8f916421\" class=\"wp-block-image size-full wp-lightbox-container\"><img decoding=\"async\" width=\"1200\" height=\"630\" data-wp-class--hide=\"state.isContentHidden\" data-wp-class--show=\"state.isContentVisible\" data-wp-init=\"callbacks.setButtonStyles\" data-wp-on--click=\"actions.showLightbox\" data-wp-on--load=\"callbacks.setButtonStyles\" data-wp-on--pointerdown=\"actions.preloadImage\" data-wp-on--pointerenter=\"actions.preloadImageWithDelay\" data-wp-on--pointerleave=\"actions.cancelPreload\" data-wp-on-window--resize=\"callbacks.setButtonStyles\" src=\"https:\/\/loudavymkrokem.cz\/wp-content\/uploads\/2025\/01\/bali.jpg\" alt=\"Bali\" class=\"wp-image-91812\" title=\"\" srcset=\"https:\/\/loudavymkrokem.cz\/wp-content\/uploads\/2025\/01\/bali.jpg 1200w, https:\/\/loudavymkrokem.cz\/wp-content\/uploads\/2025\/01\/bali-300x158.jpg 300w, https:\/\/loudavymkrokem.cz\/wp-content\/uploads\/2025\/01\/bali-700x368.jpg 700w, https:\/\/loudavymkrokem.cz\/wp-content\/uploads\/2025\/01\/bali-768x403.jpg 768w, https:\/\/loudavymkrokem.cz\/wp-content\/uploads\/2025\/01\/bali-696x365.jpg 696w\" sizes=\"(max-width: 1200px) 100vw, 1200px\" \/><button\n\t\t\tclass=\"lightbox-trigger\"\n\t\t\ttype=\"button\"\n\t\t\taria-haspopup=\"dialog\"\n\t\t\tdata-wp-bind--aria-label=\"state.thisImage.triggerButtonAriaLabel\"\n\t\t\tdata-wp-init=\"callbacks.initTriggerButton\"\n\t\t\tdata-wp-on--click=\"actions.showLightbox\"\n\t\t\tdata-wp-style--right=\"state.thisImage.buttonRight\"\n\t\t\tdata-wp-style--top=\"state.thisImage.buttonTop\"\n\t\t>\n\t\t\t<svg xmlns=\"http:\/\/www.w3.org\/2000\/svg\" width=\"12\" height=\"12\" fill=\"none\" viewBox=\"0 0 12 12\">\n\t\t\t\t<path fill=\"#fff\" d=\"M2 0a2 2 0 0 0-2 2v2h1.5V2a.5.5 0 0 1 .5-.5h2V0H2Zm2 10.5H2a.5.5 0 0 1-.5-.5V8H0v2a2 2 0 0 0 2 2h2v-1.5ZM8 12v-1.5h2a.5.5 0 0 0 .5-.5V8H12v2a2 2 0 0 1-2 2H8Zm2-12a2 2 0 0 1 2 2v2h-1.5V2a.5.5 0 0 0-.5-.5H8V0h2Z\" \/>\n\t\t\t<\/svg>\n\t\t<\/button><figcaption class=\"wp-element-caption\">Bali<\/figcaption><\/figure>\n\n\n\n<h3 class=\"wp-block-heading\"><span class=\"ez-toc-section\" id=\"Grecia\"><\/span>Grecia<span class=\"ez-toc-section-end\"><\/span><\/h3>\n\n\n\n<p class=\"wp-block-paragraph\"><strong><a href=\"https:\/\/loudavymkrokem.cz\/ro\/calatorii\/europa\/grecia\/\" target=\"_blank\" data-type=\"link\" data-id=\"https:\/\/loudavymkrokem.cz\/cestovani\/evropa\/recko\/\" rel=\"noreferrer noopener\">Grecia<\/a> ofer\u0103 \u00een mai o vreme superb\u0103, cu temperaturi \u00een jur de 23-26 \u00b0C \u0219i o mare de 19-21 \u00b0C.<\/strong> Sta\u021biunile de pe continent \u0219i de pe insule nu sunt \u00eenc\u0103 aglomerate de turi\u0219ti, dar majoritatea restaurantelor \u0219i atrac\u021biilor sunt deja deschise.<\/p>\n\n\n\n<p class=\"wp-block-paragraph\">Atena, capitala cu o istorie bogat\u0103, te va cuceri cu Acropola \u0219i Partenonul, Agora (vechea pia\u021b\u0103), Muzeul Na\u021bional de Arheologie sau vibrantul cartier Plaka. De aici po\u021bi face o excursie de o zi la Delphi cu faimosul s\u0103u oracol sau \u00een Peloponez, cu monumentele sale antice precum Micene, Epidaur sau Olimpia.<\/p>\n\n\n\n<p class=\"wp-block-paragraph\"><strong>Dintre insulele grece\u0219ti, o alegere excelent\u0103 \u00een mai este Creta<\/strong>, cea mai mare \u0219i mai sudic\u0103 insul\u0103, unde este deja suficient de cald at\u00e2t pentru sc\u0103ldat, c\u00e2t \u0219i pentru descoperirea monumentelor minoice precum palatul Knossos sau pentru o plimbare prin superba cheie Samaria.<\/p>\n\n\n\n<p class=\"wp-block-paragraph\"><strong>\ud83d\udca1Recomandare de cazare:<\/strong> <strong><a class=\"thirstylink\" rel=\"nofollow\" target=\"_blank\" title=\"Arina Beach Resort\" href=\"https:\/\/loudavymkrokem.cz\/doporucujeme\/arina-beach-resort\/\" data-shortcode=\"true\">Arina Beach Resort<\/a><\/strong><\/p>\n\n\n\n<figure data-wp-context=\"{&quot;imageId&quot;:&quot;6a94e8f916ceb&quot;}\" data-wp-interactive=\"core\/image\" data-wp-key=\"6a94e8f916ceb\" class=\"wp-block-image size-full wp-lightbox-container\"><img decoding=\"async\" width=\"1200\" height=\"800\" data-wp-class--hide=\"state.isContentHidden\" data-wp-class--show=\"state.isContentVisible\" data-wp-init=\"callbacks.setButtonStyles\" data-wp-on--click=\"actions.showLightbox\" data-wp-on--load=\"callbacks.setButtonStyles\" data-wp-on--pointerdown=\"actions.preloadImage\" data-wp-on--pointerenter=\"actions.preloadImageWithDelay\" data-wp-on--pointerleave=\"actions.cancelPreload\" data-wp-on-window--resize=\"callbacks.setButtonStyles\" src=\"https:\/\/loudavymkrokem.cz\/wp-content\/uploads\/2023\/12\/kreta.jpg\" alt=\"\u00cen Creta apa este cristalin\u0103\" class=\"wp-image-78262\" title=\"\" srcset=\"https:\/\/loudavymkrokem.cz\/wp-content\/uploads\/2023\/12\/kreta.jpg 1200w, https:\/\/loudavymkrokem.cz\/wp-content\/uploads\/2023\/12\/kreta-300x200.jpg 300w, https:\/\/loudavymkrokem.cz\/wp-content\/uploads\/2023\/12\/kreta-700x467.jpg 700w, https:\/\/loudavymkrokem.cz\/wp-content\/uploads\/2023\/12\/kreta-768x512.jpg 768w, https:\/\/loudavymkrokem.cz\/wp-content\/uploads\/2023\/12\/kreta-696x464.jpg 696w\" sizes=\"(max-width: 1200px) 100vw, 1200px\" \/><button\n\t\t\tclass=\"lightbox-trigger\"\n\t\t\ttype=\"button\"\n\t\t\taria-haspopup=\"dialog\"\n\t\t\tdata-wp-bind--aria-label=\"state.thisImage.triggerButtonAriaLabel\"\n\t\t\tdata-wp-init=\"callbacks.initTriggerButton\"\n\t\t\tdata-wp-on--click=\"actions.showLightbox\"\n\t\t\tdata-wp-style--right=\"state.thisImage.buttonRight\"\n\t\t\tdata-wp-style--top=\"state.thisImage.buttonTop\"\n\t\t>\n\t\t\t<svg xmlns=\"http:\/\/www.w3.org\/2000\/svg\" width=\"12\" height=\"12\" fill=\"none\" viewBox=\"0 0 12 12\">\n\t\t\t\t<path fill=\"#fff\" d=\"M2 0a2 2 0 0 0-2 2v2h1.5V2a.5.5 0 0 1 .5-.5h2V0H2Zm2 10.5H2a.5.5 0 0 1-.5-.5V8H0v2a2 2 0 0 0 2 2h2v-1.5ZM8 12v-1.5h2a.5.5 0 0 0 .5-.5V8H12v2a2 2 0 0 1-2 2H8Zm2-12a2 2 0 0 1 2 2v2h-1.5V2a.5.5 0 0 0-.5-.5H8V0h2Z\" \/>\n\t\t\t<\/svg>\n\t\t<\/button><figcaption class=\"wp-element-caption\">Creta<\/figcaption><\/figure>\n\n\n\n<h3 class=\"wp-block-heading\"><span class=\"ez-toc-section\" id=\"Oman\"><\/span>Oman<span class=\"ez-toc-section-end\"><\/span><\/h3>\n\n\n\n<p class=\"wp-block-paragraph\"><strong>Omanul ofer\u0103 \u00een mai temperaturi mai pl\u0103cute, \u00een jur de 35 \u00b0C, \u00eenainte s\u0103 se instaleze adev\u0103ratele c\u0103lduri ale verii.<\/strong> Temperatura m\u0103rii se situeaz\u0103 \u00een jur de 30 \u00b0C, ideal\u0103 pentru sc\u0103ldat \u0219i activit\u0103\u021bi nautice. Muscat, capitala, combin\u0103 arhitectura modern\u0103 cu elemente tradi\u021bionale arabe. Viziteaz\u0103 Marea Moschee a Sultanului Qaboos, Mutrah Souq (pia\u021ba tradi\u021bional\u0103 arab\u0103) sau Opera Regal\u0103, prima de acest fel din regiunea Golfului Persic.<\/p>\n\n\n\n<p class=\"wp-block-paragraph\">Zona Musandam, din nordul \u021b\u0103rii, ofer\u0103 fiorduri care amintesc de Norvegia, dar \u00eentr-un mediu de\u0219ertic. Excursiile pe mare din ora\u0219ul Khasab \u00ee\u021bi vor permite s\u0103 observi delfini \u0219i s\u0103 descoperi golfule\u021be ascunse. Pentru iubitorii de de\u0219ert exist\u0103 Wahiba Sands, cu dunele sale de nisip auriu, unde po\u021bi petrece o noapte sub stele \u00eentr-o tab\u0103r\u0103 beduin\u0103.<\/p>\n\n\n\n<p class=\"wp-block-paragraph\">Ora\u0219ul Nizwa din interiorul \u021b\u0103rii, cu fort\u0103rea\u021ba sa impun\u0103toare \u0219i cu pia\u021ba tradi\u021bional\u0103 de vite, este un loc perfect pentru a cunoa\u0219te cultura \u0219i istoria omanez\u0103. Merit\u0103 vizitat \u0219i Jebel Shams (cel mai \u00eenalt munte al Omanului), cu \u201eMarele Canion al Arabiei&#8221;, sau oaza Wadi Bani Khalid cu bazine turcoaz \u00een mijlocul peisajului de\u0219ertic.<\/p>\n\n\n\n<p class=\"wp-block-paragraph\"><strong>\ud83d\udca1Recomandare de cazare:<\/strong> <strong><a class=\"thirstylink\" rel=\"nofollow\" target=\"_blank\" title=\"Al Bustan Palace\" href=\"https:\/\/loudavymkrokem.cz\/doporucujeme\/al-bustan-palace\/\" data-shortcode=\"true\">Al Bustan Palace<\/a><\/strong><\/p>\n\n\n\n<figure data-wp-context=\"{&quot;imageId&quot;:&quot;6a94e8f91735f&quot;}\" data-wp-interactive=\"core\/image\" data-wp-key=\"6a94e8f91735f\" class=\"wp-block-image size-full wp-lightbox-container\"><img decoding=\"async\" width=\"1200\" height=\"800\" data-wp-class--hide=\"state.isContentHidden\" data-wp-class--show=\"state.isContentVisible\" data-wp-init=\"callbacks.setButtonStyles\" data-wp-on--click=\"actions.showLightbox\" data-wp-on--load=\"callbacks.setButtonStyles\" data-wp-on--pointerdown=\"actions.preloadImage\" data-wp-on--pointerenter=\"actions.preloadImageWithDelay\" data-wp-on--pointerleave=\"actions.cancelPreload\" data-wp-on-window--resize=\"callbacks.setButtonStyles\" src=\"https:\/\/loudavymkrokem.cz\/wp-content\/uploads\/2024\/11\/oman.jpg\" alt=\"Oman\" class=\"wp-image-90811\" title=\"\" srcset=\"https:\/\/loudavymkrokem.cz\/wp-content\/uploads\/2024\/11\/oman.jpg 1200w, https:\/\/loudavymkrokem.cz\/wp-content\/uploads\/2024\/11\/oman-300x200.jpg 300w, https:\/\/loudavymkrokem.cz\/wp-content\/uploads\/2024\/11\/oman-700x467.jpg 700w, https:\/\/loudavymkrokem.cz\/wp-content\/uploads\/2024\/11\/oman-768x512.jpg 768w, https:\/\/loudavymkrokem.cz\/wp-content\/uploads\/2024\/11\/oman-696x464.jpg 696w\" sizes=\"(max-width: 1200px) 100vw, 1200px\" \/><button\n\t\t\tclass=\"lightbox-trigger\"\n\t\t\ttype=\"button\"\n\t\t\taria-haspopup=\"dialog\"\n\t\t\tdata-wp-bind--aria-label=\"state.thisImage.triggerButtonAriaLabel\"\n\t\t\tdata-wp-init=\"callbacks.initTriggerButton\"\n\t\t\tdata-wp-on--click=\"actions.showLightbox\"\n\t\t\tdata-wp-style--right=\"state.thisImage.buttonRight\"\n\t\t\tdata-wp-style--top=\"state.thisImage.buttonTop\"\n\t\t>\n\t\t\t<svg xmlns=\"http:\/\/www.w3.org\/2000\/svg\" width=\"12\" height=\"12\" fill=\"none\" viewBox=\"0 0 12 12\">\n\t\t\t\t<path fill=\"#fff\" d=\"M2 0a2 2 0 0 0-2 2v2h1.5V2a.5.5 0 0 1 .5-.5h2V0H2Zm2 10.5H2a.5.5 0 0 1-.5-.5V8H0v2a2 2 0 0 0 2 2h2v-1.5ZM8 12v-1.5h2a.5.5 0 0 0 .5-.5V8H12v2a2 2 0 0 1-2 2H8Zm2-12a2 2 0 0 1 2 2v2h-1.5V2a.5.5 0 0 0-.5-.5H8V0h2Z\" \/>\n\t\t\t<\/svg>\n\t\t<\/button><figcaption class=\"wp-element-caption\">Oman<\/figcaption><\/figure>\n\n\n\n<h3 class=\"wp-block-heading\"><span class=\"ez-toc-section\" id=\"Seychelles\"><\/span>Seychelles<span class=\"ez-toc-section-end\"><\/span><\/h3>\n\n\n\n<p class=\"wp-block-paragraph\"><strong>Seychelles, un arhipelag din Oceanul Indian, ofer\u0103 \u00een mai condi\u021bii ideale pentru o vacan\u021b\u0103, cu temperaturi \u00een jur de 30 \u00b0C \u0219i o mare de 29 \u00b0C.<\/strong> De\u0219i este \u00eenceputul sezonului ploios, precipita\u021biile sunt de obicei scurte \u0219i se alterneaz\u0103 rapid cu vremea \u00eensorit\u0103.<\/p>\n\n\n\n<p class=\"wp-block-paragraph\">Insula principal\u0103 Mah\u00e9 ofer\u0103 capitala Victoria (una dintre cele mai mici capitale din lume), plaje superbe precum Beau Vallon sau Anse Intendance \u0219i parcul na\u021bional Morne Seychellois cu p\u0103durea sa tropical\u0103.<\/p>\n\n\n\n<p class=\"wp-block-paragraph\">Pentru iubitorii de snorkeling \u0219i scufund\u0103ri, Seychelles este un adev\u0103rat paradis, cu ap\u0103 cristalin\u0103 \u0219i o via\u021b\u0103 subacvatic\u0103 bogat\u0103. <strong>Po\u021bi vizita parcuri na\u021bionale marine precum Sainte Anne sau Port Launay<\/strong>, unde po\u021bi observa recife de corali viu colorate, pe\u0219ti tropicali, \u021bestoase sau pisici de mare. Merit\u0103 vizitate \u0219i rezerva\u021biile ornitologice precum Aride sau Cousin Island, unde cuib\u0103resc multe specii endemice de p\u0103s\u0103ri.<\/p>\n\n\n\n<p class=\"wp-block-paragraph\"><strong>\ud83d\udca1Recomandare de cazare:<\/strong> <strong><a class=\"thirstylink\" rel=\"nofollow\" target=\"_blank\" title=\"Paradise Sun Hotel Seychelles\" href=\"https:\/\/loudavymkrokem.cz\/doporucujeme\/paradise-sun-hotel-seychelles\/\" data-shortcode=\"true\">Paradise Sun Hotel Seychelles<\/a><\/strong><\/p>\n\n\n\n<figure data-wp-context=\"{&quot;imageId&quot;:&quot;6a94e8f917a67&quot;}\" data-wp-interactive=\"core\/image\" data-wp-key=\"6a94e8f917a67\" class=\"wp-block-image size-full wp-lightbox-container\"><img decoding=\"async\" width=\"1200\" height=\"800\" data-wp-class--hide=\"state.isContentHidden\" data-wp-class--show=\"state.isContentVisible\" data-wp-init=\"callbacks.setButtonStyles\" data-wp-on--click=\"actions.showLightbox\" data-wp-on--load=\"callbacks.setButtonStyles\" data-wp-on--pointerdown=\"actions.preloadImage\" data-wp-on--pointerenter=\"actions.preloadImageWithDelay\" data-wp-on--pointerleave=\"actions.cancelPreload\" data-wp-on-window--resize=\"callbacks.setButtonStyles\" src=\"https:\/\/loudavymkrokem.cz\/wp-content\/uploads\/2024\/11\/seychely.jpg\" alt=\"Seychelles\" class=\"wp-image-90816\" title=\"\" srcset=\"https:\/\/loudavymkrokem.cz\/wp-content\/uploads\/2024\/11\/seychely.jpg 1200w, https:\/\/loudavymkrokem.cz\/wp-content\/uploads\/2024\/11\/seychely-300x200.jpg 300w, https:\/\/loudavymkrokem.cz\/wp-content\/uploads\/2024\/11\/seychely-700x467.jpg 700w, https:\/\/loudavymkrokem.cz\/wp-content\/uploads\/2024\/11\/seychely-768x512.jpg 768w, https:\/\/loudavymkrokem.cz\/wp-content\/uploads\/2024\/11\/seychely-696x464.jpg 696w\" sizes=\"(max-width: 1200px) 100vw, 1200px\" \/><button\n\t\t\tclass=\"lightbox-trigger\"\n\t\t\ttype=\"button\"\n\t\t\taria-haspopup=\"dialog\"\n\t\t\tdata-wp-bind--aria-label=\"state.thisImage.triggerButtonAriaLabel\"\n\t\t\tdata-wp-init=\"callbacks.initTriggerButton\"\n\t\t\tdata-wp-on--click=\"actions.showLightbox\"\n\t\t\tdata-wp-style--right=\"state.thisImage.buttonRight\"\n\t\t\tdata-wp-style--top=\"state.thisImage.buttonTop\"\n\t\t>\n\t\t\t<svg xmlns=\"http:\/\/www.w3.org\/2000\/svg\" width=\"12\" height=\"12\" fill=\"none\" viewBox=\"0 0 12 12\">\n\t\t\t\t<path fill=\"#fff\" d=\"M2 0a2 2 0 0 0-2 2v2h1.5V2a.5.5 0 0 1 .5-.5h2V0H2Zm2 10.5H2a.5.5 0 0 1-.5-.5V8H0v2a2 2 0 0 0 2 2h2v-1.5ZM8 12v-1.5h2a.5.5 0 0 0 .5-.5V8H12v2a2 2 0 0 1-2 2H8Zm2-12a2 2 0 0 1 2 2v2h-1.5V2a.5.5 0 0 0-.5-.5H8V0h2Z\" \/>\n\t\t\t<\/svg>\n\t\t<\/button><figcaption class=\"wp-element-caption\">Seychelles<\/figcaption><\/figure>\n\n\n\n<h3 class=\"wp-block-heading\"><span class=\"ez-toc-section\" id=\"Emiratele_Arabe_Unite\"><\/span>Emiratele Arabe Unite<span class=\"ez-toc-section-end\"><\/span><\/h3>\n\n\n\n<p class=\"wp-block-paragraph\"><strong><a href=\"https:\/\/loudavymkrokem.cz\/ro\/calatorii\/asia\/emiratele-arabe-unite\/\" target=\"_blank\" data-type=\"link\" data-id=\"https:\/\/loudavymkrokem.cz\/cestovani\/asie\/spojene-arabske-emiraty\/\" rel=\"noreferrer noopener\">Emiratele Arabe Unite<\/a> ofer\u0103 \u00een mai ultimele zile pl\u0103cute \u00eenainte de instalarea c\u0103ldurilor de var\u0103.<\/strong> Temperaturile se situeaz\u0103 \u00een jur de 35-38 \u00b0C, iar marea are pl\u0103cu\u021bii 28-30 \u00b0C, ideali pentru sc\u0103ldat \u0219i sporturi nautice.<\/p>\n\n\n\n<p class=\"wp-block-paragraph\"><strong>Dubai, cel mai cunoscut dintre emirate, te va cuceri cu arhitectura sa futurist\u0103<\/strong>, inclusiv cea mai \u00eenalt\u0103 cl\u0103dire din lume, Burj Khalifa, arhipelagul artificial Palm Jumeirah sau p\u00e2rtia de schi din mijlocul de\u0219ertului din Mall of the Emirates.<\/p>\n\n\n\n<p class=\"wp-block-paragraph\">Abu Dhabi, capitala EAU, ofer\u0103 superba moschee Sheikh Zayed, parcul de distrac\u021bii Ferrari World cu cel mai rapid montagne russe din lume sau nou-deschisul Louvre Abu Dhabi. Pentru iubitorii de natur\u0103 exist\u0103 insula Sir Bani Yas cu rezerva\u021bia ei natural\u0103, unde po\u021bi observa orixul arab, gazele sau girafe.<\/p>\n\n\n\n<p class=\"wp-block-paragraph\">Fujairah, de pe coasta de est, l\u00e2ng\u0103 Golful Oman, este mai pu\u021bin dezvoltat, dar ofer\u0103 condi\u021bii excelente pentru scufund\u0103ri \u0219i snorkeling. Ras Al Khaimah, din nordul \u021b\u0103rii, combin\u0103 plaje superbe cu un interior muntos, unde vei g\u0103si cel mai \u00eenalt munte al EAU, Jebel Jais, cu cea mai lung\u0103 tirolian\u0103 din lume.<\/p>\n\n\n\n<p class=\"wp-block-paragraph\"><strong>\ud83d\udca1Recomandare de cazare:<\/strong> <strong><a href=\"https:\/\/www.stay22.com\/allez\/booking?aid=lukaskonecny&amp;campaign=loudavymkrokemcz-dubajdovolena&amp;product=lma&amp;habl=false&amp;isinc=false&amp;sid22=b4bb4beb-3040-4cfa-a13f-5d915011e66d&amp;source=direct&amp;medium=deeplink&amp;address=Dubai+-+United+Arab+Emirates&amp;link=https%3A%2F%2Fwww.booking.com%2Fhotel%2Fae%2Fsimply-comfort-luxury-sarai-apartments.cs.html%3Faid%3D304142%26label%3Dgen173nr-1FCAEoggI46AdIM1gEaLsBiAEBmAEFuAEHyAEN2AEB6AEB-AEMiAIBqAIDuALfzMSpBsACAdICJGQ5NGIwY2RkLTE3MjYtNGZkMy05OTJhLWE4ZTg3OTg4OTYwMtgCBuACAQ%26sid%3D9de2d90bf1d0eecc771b8df0a20cae1e%26age%3D12%3Bage%3D9%3Ball_sr_blocks%3D568156206_216467685_4_0_0%3Bcheckin%3D2023-11-06%3Bcheckout%3D2023-11-11%3Bdest_id%3D-782831%3Bdest_type%3Dcity%3Bdist%3D0%3Bgroup_adults%3D2%3Bgroup_children%3D2%3Bhapos%3D23%3Bhighlighted_blocks%3D568156206_216467685_4_0_0%3Bhpos%3D23%3Bmatching_block_id%3D568156206_216467685_4_0_0%3Bnflt%3Dfamily_friendly_property%253D1%3Bno_rooms%3D2%3Breq_adults%3D2%3Breq_age%3D12%3Breq_age%3D9%3Breq_children%3D2%3Broom1%3DA%252C9%3Broom2%3DA%252C12%3Bsb_price_type%3Dtotal%3Bsr_order%3Dpopularity%3Bsr_pri_blocks%3D568156206_216467685_4_0_0__594907%3Bsrepoch%3D1697726723%3Bsrpvid%3D52405baa393400cb%3Btype%3Dtotal%3Bucfs%3D1%26\" target=\"_blank\" rel=\"noreferrer noopener\">GLOBALSTAY Holiday Homes<\/a><\/strong><\/p>\n\n\n\n<figure data-wp-context=\"{&quot;imageId&quot;:&quot;6a94e8f918212&quot;}\" data-wp-interactive=\"core\/image\" data-wp-key=\"6a94e8f918212\" class=\"wp-block-image size-full wp-lightbox-container\"><img decoding=\"async\" width=\"1200\" height=\"630\" data-wp-class--hide=\"state.isContentHidden\" data-wp-class--show=\"state.isContentVisible\" data-wp-init=\"callbacks.setButtonStyles\" data-wp-on--click=\"actions.showLightbox\" data-wp-on--load=\"callbacks.setButtonStyles\" data-wp-on--pointerdown=\"actions.preloadImage\" data-wp-on--pointerenter=\"actions.preloadImageWithDelay\" data-wp-on--pointerleave=\"actions.cancelPreload\" data-wp-on-window--resize=\"callbacks.setButtonStyles\" src=\"https:\/\/loudavymkrokem.cz\/wp-content\/uploads\/2025\/01\/dubaj.jpg\" alt=\"Dubai\" class=\"wp-image-91797\" title=\"\" srcset=\"https:\/\/loudavymkrokem.cz\/wp-content\/uploads\/2025\/01\/dubaj.jpg 1200w, https:\/\/loudavymkrokem.cz\/wp-content\/uploads\/2025\/01\/dubaj-300x158.jpg 300w, https:\/\/loudavymkrokem.cz\/wp-content\/uploads\/2025\/01\/dubaj-700x368.jpg 700w, https:\/\/loudavymkrokem.cz\/wp-content\/uploads\/2025\/01\/dubaj-768x403.jpg 768w, https:\/\/loudavymkrokem.cz\/wp-content\/uploads\/2025\/01\/dubaj-696x365.jpg 696w\" sizes=\"(max-width: 1200px) 100vw, 1200px\" \/><button\n\t\t\tclass=\"lightbox-trigger\"\n\t\t\ttype=\"button\"\n\t\t\taria-haspopup=\"dialog\"\n\t\t\tdata-wp-bind--aria-label=\"state.thisImage.triggerButtonAriaLabel\"\n\t\t\tdata-wp-init=\"callbacks.initTriggerButton\"\n\t\t\tdata-wp-on--click=\"actions.showLightbox\"\n\t\t\tdata-wp-style--right=\"state.thisImage.buttonRight\"\n\t\t\tdata-wp-style--top=\"state.thisImage.buttonTop\"\n\t\t>\n\t\t\t<svg xmlns=\"http:\/\/www.w3.org\/2000\/svg\" width=\"12\" height=\"12\" fill=\"none\" viewBox=\"0 0 12 12\">\n\t\t\t\t<path fill=\"#fff\" d=\"M2 0a2 2 0 0 0-2 2v2h1.5V2a.5.5 0 0 1 .5-.5h2V0H2Zm2 10.5H2a.5.5 0 0 1-.5-.5V8H0v2a2 2 0 0 0 2 2h2v-1.5ZM8 12v-1.5h2a.5.5 0 0 0 .5-.5V8H12v2a2 2 0 0 1-2 2H8Zm2-12a2 2 0 0 1 2 2v2h-1.5V2a.5.5 0 0 0-.5-.5H8V0h2Z\" \/>\n\t\t\t<\/svg>\n\t\t<\/button><figcaption class=\"wp-element-caption\">Dubai<\/figcaption><\/figure>\n\n\n\n<h3 class=\"wp-block-heading\"><span class=\"ez-toc-section\" id=\"Olanda\"><\/span>Olanda<span class=\"ez-toc-section-end\"><\/span><\/h3>\n\n\n\n<p class=\"wp-block-paragraph\"><strong><a href=\"https:\/\/loudavymkrokem.cz\/ro\/calatorii\/europa\/olanda\/\" target=\"_blank\" data-type=\"link\" data-id=\"https:\/\/loudavymkrokem.cz\/cestovani\/evropa\/nizozemsko\/\" rel=\"noreferrer noopener\">Olanda<\/a><\/strong> este plin\u0103 de culori \u00een mai \u2013 c\u00e2mpurile de lalele sunt \u00eenc\u0103 par\u021bial \u00eenflorite (mai ales la \u00eenceputul lunii mai), \u00een timp ce parcurile \u0219i gr\u0103dinile \u00eenfloresc cu multe alte flori. Temperaturile sunt pl\u0103cute, \u00een jur de 17-20 \u00b0C, ideale pentru descoperirea ora\u0219elor sau pentru plimb\u0103ri cu bicicleta.<\/p>\n\n\n\n<p class=\"wp-block-paragraph\">Amsterdam, capitala, ofer\u0103 pe l\u00e2ng\u0103 renumitele canale \u0219i muzee de renume mondial precum Rijksmuseum cu operele mae\u0219trilor olandezi, Muzeul Van Gogh sau Casa Annei Frank.<\/p>\n\n\n\n<p class=\"wp-block-paragraph\">Keukenhof, cea mai mare gr\u0103din\u0103 de flori din lume, este deschis\u0103 p\u00e2n\u0103 la jum\u0103tatea lunii mai \u0219i prezint\u0103 milioane de flori, \u00een special lalele, \u00een gr\u0103dinile ei minunat amenajate. Rotterdam, al doilea ora\u0219 ca m\u0103rime, este cunoscut pentru arhitectura sa modern\u0103 precum Casele Cubice, Podul Erasmus sau pia\u021ba acoperit\u0103 Markthal. Haga, sediul guvernului olandez \u0219i al tribunalelor interna\u021bionale, ofer\u0103 pe l\u00e2ng\u0103 centrul istoric \u0219i acces la plajele M\u0103rii Nordului, \u00een apropiatul Scheveningen.<\/p>\n\n\n\n<p class=\"wp-block-paragraph\"><strong>\ud83d\udca1Recomandare de cazare:<\/strong> <strong><a class=\"thirstylink\" rel=\"nofollow\" target=\"_blank\" title=\"Alexander Hotel\" href=\"https:\/\/loudavymkrokem.cz\/doporucujeme\/alexander-hotel\/\" data-shortcode=\"true\">Alexander Hotel<\/a><\/strong><\/p>\n\n\n\n<figure data-wp-context=\"{&quot;imageId&quot;:&quot;6a94e8f9188e7&quot;}\" data-wp-interactive=\"core\/image\" data-wp-key=\"6a94e8f9188e7\" class=\"wp-block-image size-full wp-lightbox-container\"><img decoding=\"async\" width=\"1200\" height=\"800\" data-wp-class--hide=\"state.isContentHidden\" data-wp-class--show=\"state.isContentVisible\" data-wp-init=\"callbacks.setButtonStyles\" data-wp-on--click=\"actions.showLightbox\" data-wp-on--load=\"callbacks.setButtonStyles\" data-wp-on--pointerdown=\"actions.preloadImage\" data-wp-on--pointerenter=\"actions.preloadImageWithDelay\" data-wp-on--pointerleave=\"actions.cancelPreload\" data-wp-on-window--resize=\"callbacks.setButtonStyles\" src=\"https:\/\/loudavymkrokem.cz\/wp-content\/uploads\/2024\/08\/Amsterdam-nizozemsko.jpg\" alt=\"Amsterdam\" class=\"wp-image-86683\" title=\"\" srcset=\"https:\/\/loudavymkrokem.cz\/wp-content\/uploads\/2024\/08\/Amsterdam-nizozemsko.jpg 1200w, https:\/\/loudavymkrokem.cz\/wp-content\/uploads\/2024\/08\/Amsterdam-nizozemsko-300x200.jpg 300w, https:\/\/loudavymkrokem.cz\/wp-content\/uploads\/2024\/08\/Amsterdam-nizozemsko-700x467.jpg 700w, https:\/\/loudavymkrokem.cz\/wp-content\/uploads\/2024\/08\/Amsterdam-nizozemsko-768x512.jpg 768w, https:\/\/loudavymkrokem.cz\/wp-content\/uploads\/2024\/08\/Amsterdam-nizozemsko-696x464.jpg 696w\" sizes=\"(max-width: 1200px) 100vw, 1200px\" \/><button\n\t\t\tclass=\"lightbox-trigger\"\n\t\t\ttype=\"button\"\n\t\t\taria-haspopup=\"dialog\"\n\t\t\tdata-wp-bind--aria-label=\"state.thisImage.triggerButtonAriaLabel\"\n\t\t\tdata-wp-init=\"callbacks.initTriggerButton\"\n\t\t\tdata-wp-on--click=\"actions.showLightbox\"\n\t\t\tdata-wp-style--right=\"state.thisImage.buttonRight\"\n\t\t\tdata-wp-style--top=\"state.thisImage.buttonTop\"\n\t\t>\n\t\t\t<svg xmlns=\"http:\/\/www.w3.org\/2000\/svg\" width=\"12\" height=\"12\" fill=\"none\" viewBox=\"0 0 12 12\">\n\t\t\t\t<path fill=\"#fff\" d=\"M2 0a2 2 0 0 0-2 2v2h1.5V2a.5.5 0 0 1 .5-.5h2V0H2Zm2 10.5H2a.5.5 0 0 1-.5-.5V8H0v2a2 2 0 0 0 2 2h2v-1.5ZM8 12v-1.5h2a.5.5 0 0 0 .5-.5V8H12v2a2 2 0 0 1-2 2H8Zm2-12a2 2 0 0 1 2 2v2h-1.5V2a.5.5 0 0 0-.5-.5H8V0h2Z\" \/>\n\t\t\t<\/svg>\n\t\t<\/button><figcaption class=\"wp-element-caption\">Amsterdam<\/figcaption><\/figure>\n\n\n\n<h3 class=\"wp-block-heading\"><span class=\"ez-toc-section\" id=\"Maroc\"><\/span>Maroc<span class=\"ez-toc-section-end\"><\/span><\/h3>\n\n\n\n<p class=\"wp-block-paragraph\"><strong><a href=\"https:\/\/loudavymkrokem.cz\/ro\/calatorii\/africa\/maroc\/\" target=\"_blank\" data-type=\"link\" data-id=\"https:\/\/loudavymkrokem.cz\/cestovani\/afrika\/maroko\/\" rel=\"noreferrer noopener\">Marocul<\/a> ofer\u0103 \u00een mai condi\u021bii ideale pentru c\u0103l\u0103torii, cu temperaturi \u00een jur de 25-28 \u00b0C, \u00eenainte de a se instala c\u0103ldurile verii.<\/strong> Marrakech, unul dintre cele mai cunoscute ora\u0219e marocane, te va cuceri cu pia\u021ba sa animat\u0103 Djemaa el-Fna, care seara prinde via\u021b\u0103 cu arti\u0219ti stradali, v\u00e2nz\u0103tori de m\u00e2ncare \u0219i povestitori. Viziteaz\u0103 \u0219i medina istoric\u0103 (ora\u0219ul vechi), palatul Bahia sau gr\u0103dinile Majorelle, care i-au apar\u021binut c\u00e2ndva designerului de mod\u0103 Yves Saint Laurent.<\/p>\n\n\n\n<p class=\"wp-block-paragraph\">Fes, cu medina sa antic\u0103 (cea mai mare din lume f\u0103r\u0103 ma\u0219ini), ofer\u0103 o experien\u021b\u0103 autentic\u0103 a vie\u021bii marocane, cu atelierele sale me\u0219te\u0219ug\u0103re\u0219ti, t\u0103b\u0103c\u0103riile tradi\u021bionale \u0219i medresele istorice (\u0219coli islamice). Casablanca, cel mai mare ora\u0219, este un centru comercial modern cu monumentala moschee Hassan II, construit\u0103 par\u021bial deasupra m\u0103rii.<\/p>\n\n\n\n<p class=\"wp-block-paragraph\">Dac\u0103 \u00ee\u021bi place natura, viziteaz\u0103 mun\u021bii Atlas cu v\u00e2rfurile lor maiestuoase, satele tradi\u021bionale berbere \u0219i v\u0103ile superbe precum Ourika sau Draa. Sahara, din sudul \u021b\u0103rii, ofer\u0103 posibilitatea unei plimb\u0103ri pe c\u0103mile \u0219i a unei nop\u021bi petrecute sub stele \u00eentr-o tab\u0103r\u0103 nomad\u0103 tradi\u021bional\u0103.<\/p>\n\n\n\n<p class=\"wp-block-paragraph\"><strong>\ud83d\udca1Recomandare de cazare:<\/strong> <strong><a class=\"thirstylink\" rel=\"nofollow\" target=\"_blank\" title=\"Caravane\" href=\"https:\/\/loudavymkrokem.cz\/doporucujeme\/caravane\/\" data-shortcode=\"true\">Caravane<\/a><\/strong><\/p>\n\n\n\n<figure data-wp-context=\"{&quot;imageId&quot;:&quot;6a94e8f919476&quot;}\" data-wp-interactive=\"core\/image\" data-wp-key=\"6a94e8f919476\" class=\"wp-block-image size-full wp-lightbox-container\"><img decoding=\"async\" width=\"1200\" height=\"800\" data-wp-class--hide=\"state.isContentHidden\" data-wp-class--show=\"state.isContentVisible\" data-wp-init=\"callbacks.setButtonStyles\" data-wp-on--click=\"actions.showLightbox\" data-wp-on--load=\"callbacks.setButtonStyles\" data-wp-on--pointerdown=\"actions.preloadImage\" data-wp-on--pointerenter=\"actions.preloadImageWithDelay\" data-wp-on--pointerleave=\"actions.cancelPreload\" data-wp-on-window--resize=\"callbacks.setButtonStyles\" src=\"https:\/\/loudavymkrokem.cz\/wp-content\/uploads\/2023\/05\/roadtrip_souteska_Dades_Maroko.jpg\" alt=\"Maroc\" class=\"wp-image-60744\" title=\"\" srcset=\"https:\/\/loudavymkrokem.cz\/wp-content\/uploads\/2023\/05\/roadtrip_souteska_Dades_Maroko.jpg 1200w, https:\/\/loudavymkrokem.cz\/wp-content\/uploads\/2023\/05\/roadtrip_souteska_Dades_Maroko-300x200.jpg 300w, https:\/\/loudavymkrokem.cz\/wp-content\/uploads\/2023\/05\/roadtrip_souteska_Dades_Maroko-1024x683.jpg 1024w, https:\/\/loudavymkrokem.cz\/wp-content\/uploads\/2023\/05\/roadtrip_souteska_Dades_Maroko-768x512.jpg 768w\" sizes=\"(max-width: 1200px) 100vw, 1200px\" \/><button\n\t\t\tclass=\"lightbox-trigger\"\n\t\t\ttype=\"button\"\n\t\t\taria-haspopup=\"dialog\"\n\t\t\tdata-wp-bind--aria-label=\"state.thisImage.triggerButtonAriaLabel\"\n\t\t\tdata-wp-init=\"callbacks.initTriggerButton\"\n\t\t\tdata-wp-on--click=\"actions.showLightbox\"\n\t\t\tdata-wp-style--right=\"state.thisImage.buttonRight\"\n\t\t\tdata-wp-style--top=\"state.thisImage.buttonTop\"\n\t\t>\n\t\t\t<svg xmlns=\"http:\/\/www.w3.org\/2000\/svg\" width=\"12\" height=\"12\" fill=\"none\" viewBox=\"0 0 12 12\">\n\t\t\t\t<path fill=\"#fff\" d=\"M2 0a2 2 0 0 0-2 2v2h1.5V2a.5.5 0 0 1 .5-.5h2V0H2Zm2 10.5H2a.5.5 0 0 1-.5-.5V8H0v2a2 2 0 0 0 2 2h2v-1.5ZM8 12v-1.5h2a.5.5 0 0 0 .5-.5V8H12v2a2 2 0 0 1-2 2H8Zm2-12a2 2 0 0 1 2 2v2h-1.5V2a.5.5 0 0 0-.5-.5H8V0h2Z\" \/>\n\t\t\t<\/svg>\n\t\t<\/button><figcaption class=\"wp-element-caption\">Maroc<\/figcaption><\/figure>\n\n\n\n<h3 class=\"wp-block-heading\"><span class=\"ez-toc-section\" id=\"Portugalia\"><\/span>Portugalia<span class=\"ez-toc-section-end\"><\/span><\/h3>\n\n\n\n<p class=\"wp-block-paragraph\"><strong>\u00cen Portugalia, temperaturile din mai sunt pl\u0103cute, \u00een jur de 22-25 \u00b0C, iar marea are 17-19 \u00b0C.<\/strong> Pentru sc\u0103ldat este \u00eenc\u0103 pu\u021bin cam rece, dar suficient de cald\u0103 pentru alte activit\u0103\u021bi, cum ar fi <strong><a href=\"https:\/\/loudavymkrokem.cz\/ro\/portugalia-surf\/\" target=\"_blank\" data-type=\"link\" data-id=\"https:\/\/loudavymkrokem.cz\/surfovani-portugalsko\/\" rel=\"noreferrer noopener\">surfing-ul<\/a><\/strong>.<\/p>\n\n\n\n<p class=\"wp-block-paragraph\">Lisabona, capitala \u00eentins\u0103 pe \u0219apte coline, te va cuceri cu atmosfera ei unic\u0103, cu tramvaiele istorice, cu priveli\u0219tile de la punctele de belvedere (miradouros) sau cu cartierul Alfama, cu str\u0103du\u021bele sale \u00eenguste \u0219i cluburile de fado.<\/p>\n\n\n\n<p class=\"wp-block-paragraph\">Porto, din nordul \u021b\u0103rii, este cunoscut pentru centrul s\u0103u istoric (UNESCO), pentru podul Dom Luis I \u0219i, bine\u00een\u021beles, pentru vinul de Porto, pe care \u00eel po\u021bi gusta \u00eentr-una dintre cramele din Vila Nova de Gaia, de pe cel\u0103lalt mal al r\u00e2ului Douro. Algarve, \u00een sudul Portugaliei, are st\u00e2nci spectaculoase, plaje s\u0103lbatice superbe \u0219i ora\u0219e istorice frumoase precum Lagos sau Tavira.<\/p>\n\n\n\n<p class=\"wp-block-paragraph\"><strong>\ud83d\udca1Recomandare de cazare:<\/strong> <strong><a class=\"thirstylink\" rel=\"nofollow\" target=\"_blank\" title=\"Quinta Nova Vale Del Rey\" href=\"https:\/\/loudavymkrokem.cz\/doporucujeme\/quinta-nova-vale-del-rey-2\/\" data-shortcode=\"true\">Quinta Nova Vale Del Rey<\/a><\/strong><\/p>\n\n\n\n<figure data-wp-context=\"{&quot;imageId&quot;:&quot;6a94e8f919b96&quot;}\" data-wp-interactive=\"core\/image\" data-wp-key=\"6a94e8f919b96\" class=\"wp-block-image size-full wp-lightbox-container\"><img decoding=\"async\" width=\"1200\" height=\"630\" data-wp-class--hide=\"state.isContentHidden\" data-wp-class--show=\"state.isContentVisible\" data-wp-init=\"callbacks.setButtonStyles\" data-wp-on--click=\"actions.showLightbox\" data-wp-on--load=\"callbacks.setButtonStyles\" data-wp-on--pointerdown=\"actions.preloadImage\" data-wp-on--pointerenter=\"actions.preloadImageWithDelay\" data-wp-on--pointerleave=\"actions.cancelPreload\" data-wp-on-window--resize=\"callbacks.setButtonStyles\" src=\"https:\/\/loudavymkrokem.cz\/wp-content\/uploads\/2024\/12\/Cabo-da-roca.jpg\" alt=\"Cabo da Roca\" class=\"wp-image-91117\" title=\"\" srcset=\"https:\/\/loudavymkrokem.cz\/wp-content\/uploads\/2024\/12\/Cabo-da-roca.jpg 1200w, https:\/\/loudavymkrokem.cz\/wp-content\/uploads\/2024\/12\/Cabo-da-roca-300x158.jpg 300w, https:\/\/loudavymkrokem.cz\/wp-content\/uploads\/2024\/12\/Cabo-da-roca-700x368.jpg 700w, https:\/\/loudavymkrokem.cz\/wp-content\/uploads\/2024\/12\/Cabo-da-roca-768x403.jpg 768w, https:\/\/loudavymkrokem.cz\/wp-content\/uploads\/2024\/12\/Cabo-da-roca-696x365.jpg 696w\" sizes=\"(max-width: 1200px) 100vw, 1200px\" \/><button\n\t\t\tclass=\"lightbox-trigger\"\n\t\t\ttype=\"button\"\n\t\t\taria-haspopup=\"dialog\"\n\t\t\tdata-wp-bind--aria-label=\"state.thisImage.triggerButtonAriaLabel\"\n\t\t\tdata-wp-init=\"callbacks.initTriggerButton\"\n\t\t\tdata-wp-on--click=\"actions.showLightbox\"\n\t\t\tdata-wp-style--right=\"state.thisImage.buttonRight\"\n\t\t\tdata-wp-style--top=\"state.thisImage.buttonTop\"\n\t\t>\n\t\t\t<svg xmlns=\"http:\/\/www.w3.org\/2000\/svg\" width=\"12\" height=\"12\" fill=\"none\" viewBox=\"0 0 12 12\">\n\t\t\t\t<path fill=\"#fff\" d=\"M2 0a2 2 0 0 0-2 2v2h1.5V2a.5.5 0 0 1 .5-.5h2V0H2Zm2 10.5H2a.5.5 0 0 1-.5-.5V8H0v2a2 2 0 0 0 2 2h2v-1.5ZM8 12v-1.5h2a.5.5 0 0 0 .5-.5V8H12v2a2 2 0 0 1-2 2H8Zm2-12a2 2 0 0 1 2 2v2h-1.5V2a.5.5 0 0 0-.5-.5H8V0h2Z\" \/>\n\t\t\t<\/svg>\n\t\t<\/button><figcaption class=\"wp-element-caption\">Portugalia<\/figcaption><\/figure>\n\n\n\n<h3 class=\"wp-block-heading\"><span class=\"ez-toc-section\" id=\"Madeira\"><\/span>Madeira<span class=\"ez-toc-section-end\"><\/span><\/h3>\n\n\n\n<p class=\"wp-block-paragraph\"><strong><a href=\"https:\/\/loudavymkrokem.cz\/ro\/madeira-portugalia-ghid\/\" target=\"_blank\" data-type=\"link\" data-id=\"https:\/\/loudavymkrokem.cz\/madeira-pruvodce\/\" rel=\"noreferrer noopener\">Madeira<\/a>, insula portughez\u0103 din Oceanul Atlantic, ofer\u0103 \u00een mai temperaturi pl\u0103cute \u00een jur de 21-23 \u00b0C \u0219i o mare de 19-20 \u00b0C.<\/strong> Pentru sc\u0103ldat, marea este \u00eenc\u0103 pu\u021bin cam rece, dar suficient de cald\u0103 pentru alte activit\u0103\u021bi. Funchal, capitala, este un punct de plecare excelent pentru descoperirea insulei. Viziteaz\u0103 gr\u0103dina botanic\u0103, pia\u021ba Mercado dos Lavradores cu fructe \u0219i pe\u0219ti exotici sau gust\u0103 faimosul vin de Madeira \u00eentr-una dintre crame.<\/p>\n\n\n\n<p class=\"wp-block-paragraph\">Insula este renumit\u0103 mai ales pentru \u201elevadas&#8221; \u2013 canalele de iriga\u021bie cu poteci turistice, care duc prin peisaje montane superbe, p\u0103duri luxuriante \u0219i v\u0103i. Unele dintre cele mai frumoase <strong>levadas sunt Levada do Caldeir\u00e3o Verde, Levada das 25 Fontes sau Levada do Rei.<\/strong> Pentru iubitorii de drume\u021bii montane exist\u0103 Pico Ruivo, cel mai \u00eenalt munte al Madeirei, sau Pico do Arieiro, de unde priveli\u0219tile \u00ee\u021bi taie respira\u021bia, mai ales la r\u0103s\u0103rit.<\/p>\n\n\n\n<p class=\"wp-block-paragraph\"><strong>\ud83d\udca1Recomandare de cazare:<\/strong> <strong><a class=\"thirstylink\" rel=\"nofollow\" target=\"_blank\" title=\"Inn &amp; Art Madeira\" href=\"https:\/\/loudavymkrokem.cz\/doporucujeme\/inn-art-madeira\/\" data-shortcode=\"true\">Inn &amp; Art Madeira<\/a><\/strong><\/p>\n\n\n\n<figure data-wp-context=\"{&quot;imageId&quot;:&quot;6a94e8f91a22b&quot;}\" data-wp-interactive=\"core\/image\" data-wp-key=\"6a94e8f91a22b\" class=\"wp-block-image size-full wp-lightbox-container\"><img decoding=\"async\" width=\"1200\" height=\"630\" data-wp-class--hide=\"state.isContentHidden\" data-wp-class--show=\"state.isContentVisible\" data-wp-init=\"callbacks.setButtonStyles\" data-wp-on--click=\"actions.showLightbox\" data-wp-on--load=\"callbacks.setButtonStyles\" data-wp-on--pointerdown=\"actions.preloadImage\" data-wp-on--pointerenter=\"actions.preloadImageWithDelay\" data-wp-on--pointerleave=\"actions.cancelPreload\" data-wp-on-window--resize=\"callbacks.setButtonStyles\" src=\"https:\/\/loudavymkrokem.cz\/wp-content\/uploads\/2025\/01\/madeira.jpg\" alt=\"Madeira\" class=\"wp-image-92608\" title=\"\" srcset=\"https:\/\/loudavymkrokem.cz\/wp-content\/uploads\/2025\/01\/madeira.jpg 1200w, https:\/\/loudavymkrokem.cz\/wp-content\/uploads\/2025\/01\/madeira-300x158.jpg 300w, https:\/\/loudavymkrokem.cz\/wp-content\/uploads\/2025\/01\/madeira-700x368.jpg 700w, https:\/\/loudavymkrokem.cz\/wp-content\/uploads\/2025\/01\/madeira-768x403.jpg 768w, https:\/\/loudavymkrokem.cz\/wp-content\/uploads\/2025\/01\/madeira-696x365.jpg 696w\" sizes=\"(max-width: 1200px) 100vw, 1200px\" \/><button\n\t\t\tclass=\"lightbox-trigger\"\n\t\t\ttype=\"button\"\n\t\t\taria-haspopup=\"dialog\"\n\t\t\tdata-wp-bind--aria-label=\"state.thisImage.triggerButtonAriaLabel\"\n\t\t\tdata-wp-init=\"callbacks.initTriggerButton\"\n\t\t\tdata-wp-on--click=\"actions.showLightbox\"\n\t\t\tdata-wp-style--right=\"state.thisImage.buttonRight\"\n\t\t\tdata-wp-style--top=\"state.thisImage.buttonTop\"\n\t\t>\n\t\t\t<svg xmlns=\"http:\/\/www.w3.org\/2000\/svg\" width=\"12\" height=\"12\" fill=\"none\" viewBox=\"0 0 12 12\">\n\t\t\t\t<path fill=\"#fff\" d=\"M2 0a2 2 0 0 0-2 2v2h1.5V2a.5.5 0 0 1 .5-.5h2V0H2Zm2 10.5H2a.5.5 0 0 1-.5-.5V8H0v2a2 2 0 0 0 2 2h2v-1.5ZM8 12v-1.5h2a.5.5 0 0 0 .5-.5V8H12v2a2 2 0 0 1-2 2H8Zm2-12a2 2 0 0 1 2 2v2h-1.5V2a.5.5 0 0 0-.5-.5H8V0h2Z\" \/>\n\t\t\t<\/svg>\n\t\t<\/button><figcaption class=\"wp-element-caption\">Madeira<\/figcaption><\/figure>\n\n\n\n<h2 class=\"wp-block-heading lk-month-table\" id=\"Kde_je_v_kvetnu_nejtepleji\"><span class=\"ez-toc-section\" id=\"Unde_este_cel_mai_cald_in_mai_tabelul_temperaturilor_marii\"><\/span>Unde este cel mai cald \u00een mai: tabelul temperaturilor m\u0103rii<span class=\"ez-toc-section-end\"><\/span><\/h2>\n\n\n\n<p class=\"wp-block-paragraph\">Majoritatea articolelor despre vacan\u021be folosesc cifrele din cataloagele agen\u021biilor de turism. <strong>Noi am procedat altfel.<\/strong> Temperaturile aerului, num\u0103rul de zile cu precipita\u021bii \u0219i durata str\u0103lucirii soarelui le-am calculat din reanaliza climatic\u0103 ERA5 pe zece ani (2015\u20132024), iar temperaturile m\u0103rii din modelul marin pentru anii 2019\u20132024. Sunt medii reale, pe care le po\u021bi verifica.<\/p>\n\n\n\n<p class=\"wp-block-paragraph\">Tabelul este <strong>ordonat de la marea cea mai cald\u0103<\/strong>, a\u0219a c\u0103 primele r\u00e2nduri sunt o certitudine, iar treimea de jos mai degrab\u0103 o loterie. \u00cen mai conduce <strong>Ko Samui (Thailanda)<\/strong> cu 31,9 \u00b0C, <strong>Muscat<\/strong> 30,3 \u00b0C, <strong>Trincomalee (Sri Lanka)<\/strong> 30,3 \u00b0C.<\/p>\n\n\n\n<figure class=\"wp-block-table is-style-stripes\" style=\"overflow-x:auto\"><table><thead><tr><th>Destina\u021bie<\/th><th>Temperatura m\u0103rii<\/th><th>Aerul ziua<\/th><th>Noaptea<\/th><th>Zile cu precipita\u021bii<\/th><\/tr><\/thead><tbody><tr><td><strong>Ko Samui (Thailanda)<\/strong><br><span style=\"font-size:13px;color:#8a7a63\">Thailanda<\/span><\/td><td>31,9 \u00b0C<\/td><td>31,0 \u00b0C<\/td><td>26,8 \u00b0C<\/td><td>20,0 din 30<\/td><\/tr><tr><td><strong>Muscat<\/strong><br><span style=\"font-size:13px;color:#8a7a63\">Oman<\/span><\/td><td>30,3 \u00b0C<\/td><td>38,1 \u00b0C<\/td><td>29,1 \u00b0C<\/td><td>0,3 din 30<\/td><\/tr><tr><td><strong>Trincomalee (Sri Lanka)<\/strong><br><span style=\"font-size:13px;color:#8a7a63\">Sri Lanka<\/span><\/td><td>30,3 \u00b0C<\/td><td>33,5 \u00b0C<\/td><td>26,2 \u00b0C<\/td><td>14,5 din 30<\/td><\/tr><tr><td><strong>Maldive<\/strong><br><span style=\"font-size:13px;color:#8a7a63\">Maldive<\/span><\/td><td>30,2 \u00b0C<\/td><td>29,1 \u00b0C<\/td><td>27,1 \u00b0C<\/td><td>24,9 din 30<\/td><\/tr><tr><td><strong>Dubai<\/strong><br><span style=\"font-size:13px;color:#8a7a63\">EAU<\/span><\/td><td>29,9 \u00b0C<\/td><td>36,8 \u00b0C<\/td><td>24,8 \u00b0C<\/td><td>0,1 din 30<\/td><\/tr><tr><td><strong>Ha Long (Vietnam)<\/strong><br><span style=\"font-size:13px;color:#8a7a63\">Vietnam<\/span><\/td><td>29,3 \u00b0C<\/td><td>29,6 \u00b0C<\/td><td>25,1 \u00b0C<\/td><td>20,4 din 30<\/td><\/tr><tr><td><strong>Bali<\/strong><br><span style=\"font-size:13px;color:#8a7a63\">Indonezia<\/span><\/td><td>28,8 \u00b0C<\/td><td>28,7 \u00b0C<\/td><td>24,5 \u00b0C<\/td><td>19,1 din 30<\/td><\/tr><tr><td><strong>Zanzibar<\/strong><br><span style=\"font-size:13px;color:#8a7a63\">Tanzania<\/span><\/td><td>28,4 \u00b0C<\/td><td>27,9 \u00b0C<\/td><td>24,7 \u00b0C<\/td><td>20,9 din 30<\/td><\/tr><tr><td><strong>Canc\u00fan<\/strong><br><span style=\"font-size:13px;color:#8a7a63\">Mexic<\/span><\/td><td>27,4 \u00b0C<\/td><td>30,1 \u00b0C<\/td><td>25,2 \u00b0C<\/td><td>13,9 din 30<\/td><\/tr><tr><td><strong>Mauritius<\/strong><br><span style=\"font-size:13px;color:#8a7a63\">Mauritius<\/span><\/td><td>27,0 \u00b0C<\/td><td>27,3 \u00b0C<\/td><td>22,2 \u00b0C<\/td><td>10,7 din 30<\/td><\/tr><tr><td><strong>Marsa Alam<\/strong><br><span style=\"font-size:13px;color:#8a7a63\">Egipt<\/span><\/td><td>25,7 \u00b0C<\/td><td>32,1 \u00b0C<\/td><td>25,1 \u00b0C<\/td><td>0,1 din 30<\/td><\/tr><tr><td><strong>Sharm el-Sheikh<\/strong><br><span style=\"font-size:13px;color:#8a7a63\">Egipt<\/span><\/td><td>25,5 \u00b0C<\/td><td>35,7 \u00b0C<\/td><td>24,6 \u00b0C<\/td><td>0,3 din 30<\/td><\/tr><tr><td><strong>Hurghada<\/strong><br><span style=\"font-size:13px;color:#8a7a63\">Egipt<\/span><\/td><td>24,7 \u00b0C<\/td><td>31,0 \u00b0C<\/td><td>23,6 \u00b0C<\/td><td>0,1 din 30<\/td><\/tr><tr><td><strong>Boa Vista<\/strong><br><span style=\"font-size:13px;color:#8a7a63\">Capul Verde<\/span><\/td><td>24,4 \u00b0C<\/td><td>27,3 \u00b0C<\/td><td>20,0 \u00b0C<\/td><td>0,1 din 30<\/td><\/tr><tr><td><strong>Sal<\/strong><br><span style=\"font-size:13px;color:#8a7a63\">Capul Verde<\/span><\/td><td>24,1 \u00b0C<\/td><td>25,0 \u00b0C<\/td><td>21,0 \u00b0C<\/td><td>0,1 din 30<\/td><\/tr><tr><td><strong>Aqaba<\/strong><br><span style=\"font-size:13px;color:#8a7a63\">Iordania<\/span><\/td><td>23,9 \u00b0C<\/td><td>35,5 \u00b0C<\/td><td>22,0 \u00b0C<\/td><td>0,4 din 30<\/td><\/tr><tr><td><strong>Djerba<\/strong><br><span style=\"font-size:13px;color:#8a7a63\">Tunisia<\/span><\/td><td>22,1 \u00b0C<\/td><td>27,1 \u00b0C<\/td><td>18,4 \u00b0C<\/td><td>2,1 din 30<\/td><\/tr><tr><td><strong>Antalya \u0219i riviera turceasc\u0103<\/strong><br><span style=\"font-size:13px;color:#8a7a63\">Turcia<\/span><\/td><td>21,6 \u00b0C<\/td><td>26,6 \u00b0C<\/td><td>15,2 \u00b0C<\/td><td>7,2 din 30<\/td><\/tr><tr><td><strong>Ayia Napa<\/strong><br><span style=\"font-size:13px;color:#8a7a63\">Cipru<\/span><\/td><td>21,4 \u00b0C<\/td><td>25,8 \u00b0C<\/td><td>17,9 \u00b0C<\/td><td>2,8 din 30<\/td><\/tr><tr><td><strong>Gran Canaria<\/strong><br><span style=\"font-size:13px;color:#8a7a63\">Insulele Canare<\/span><\/td><td>21,3 \u00b0C<\/td><td>23,4 \u00b0C<\/td><td>17,0 \u00b0C<\/td><td>1,9 din 30<\/td><\/tr><tr><td><strong>Tenerife<\/strong><br><span style=\"font-size:13px;color:#8a7a63\">Insulele Canare<\/span><\/td><td>21,2 \u00b0C<\/td><td>22,9 \u00b0C<\/td><td>17,5 \u00b0C<\/td><td>4,9 din 30<\/td><\/tr><tr><td><strong>Madeira<\/strong><br><span style=\"font-size:13px;color:#8a7a63\">Portugalia<\/span><\/td><td>21,0 \u00b0C<\/td><td>21,7 \u00b0C<\/td><td>16,2 \u00b0C<\/td><td>7,2 din 30<\/td><\/tr><tr><td><strong>Paphos<\/strong><br><span style=\"font-size:13px;color:#8a7a63\">Cipru<\/span><\/td><td>20,8 \u00b0C<\/td><td>24,8 \u00b0C<\/td><td>17,0 \u00b0C<\/td><td>4,4 din 30<\/td><\/tr><tr><td><strong>Fuerteventura<\/strong><br><span style=\"font-size:13px;color:#8a7a63\">Insulele Canare<\/span><\/td><td>20,8 \u00b0C<\/td><td>23,7 \u00b0C<\/td><td>17,9 \u00b0C<\/td><td>1,0 din 30<\/td><\/tr><tr><td><strong>Lanzarote<\/strong><br><span style=\"font-size:13px;color:#8a7a63\">Insulele Canare<\/span><\/td><td>20,6 \u00b0C<\/td><td>22,4 \u00b0C<\/td><td>17,6 \u00b0C<\/td><td>0,8 din 30<\/td><\/tr><tr><td><strong>Rhodos<\/strong><br><span style=\"font-size:13px;color:#8a7a63\">Grecia<\/span><\/td><td>20,2 \u00b0C<\/td><td>24,8 \u00b0C<\/td><td>18,1 \u00b0C<\/td><td>3,8 din 30<\/td><\/tr><tr><td><strong>Costa Blanca (Alicante)<\/strong><br><span style=\"font-size:13px;color:#8a7a63\">Spania<\/span><\/td><td>20,0 \u00b0C<\/td><td>23,2 \u00b0C<\/td><td>16,1 \u00b0C<\/td><td>3,8 din 30<\/td><\/tr><tr><td><strong>Algarve<\/strong><br><span style=\"font-size:13px;color:#8a7a63\">Portugalia<\/span><\/td><td>19,9 \u00b0C<\/td><td>23,2 \u00b0C<\/td><td>15,6 \u00b0C<\/td><td>3,8 din 30<\/td><\/tr><tr><td><strong>Budva<\/strong><br><span style=\"font-size:13px;color:#8a7a63\">Muntenegru<\/span><\/td><td>19,9 \u00b0C<\/td><td>22,1 \u00b0C<\/td><td>15,7 \u00b0C<\/td><td>14,6 din 30<\/td><\/tr><tr><td><strong>Hammamet<\/strong><br><span style=\"font-size:13px;color:#8a7a63\">Tunisia<\/span><\/td><td>19,9 \u00b0C<\/td><td>24,6 \u00b0C<\/td><td>15,7 \u00b0C<\/td><td>5,3 din 30<\/td><\/tr><tr><td><strong>Bodrum<\/strong><br><span style=\"font-size:13px;color:#8a7a63\">Turcia<\/span><\/td><td>19,8 \u00b0C<\/td><td>25,2 \u00b0C<\/td><td>17,5 \u00b0C<\/td><td>4,7 din 30<\/td><\/tr><tr><td><strong>Kos<\/strong><br><span style=\"font-size:13px;color:#8a7a63\">Grecia<\/span><\/td><td>19,8 \u00b0C<\/td><td>23,3 \u00b0C<\/td><td>17,6 \u00b0C<\/td><td>3,8 din 30<\/td><\/tr><tr><td><strong>Mallorca \u2013 Palma<\/strong><br><span style=\"font-size:13px;color:#8a7a63\">Spania<\/span><\/td><td>19,8 \u00b0C<\/td><td>23,6 \u00b0C<\/td><td>15,3 \u00b0C<\/td><td>6,9 din 30<\/td><\/tr><tr><td><strong>Ibiza<\/strong><br><span style=\"font-size:13px;color:#8a7a63\">Spania<\/span><\/td><td>19,8 \u00b0C<\/td><td>23,1 \u00b0C<\/td><td>16,2 \u00b0C<\/td><td>4,1 din 30<\/td><\/tr><tr><td><strong>Agadir<\/strong><br><span style=\"font-size:13px;color:#8a7a63\">Maroc<\/span><\/td><td>19,7 \u00b0C<\/td><td>24,2 \u00b0C<\/td><td>16,0 \u00b0C<\/td><td>1,0 din 30<\/td><\/tr><tr><td><strong>Ksamil \u0219i Saranda<\/strong><br><span style=\"font-size:13px;color:#8a7a63\">Albania<\/span><\/td><td>19,6 \u00b0C<\/td><td>23,2 \u00b0C<\/td><td>14,5 \u00b0C<\/td><td>10,2 din 30<\/td><\/tr><tr><td><strong>Creta<\/strong><br><span style=\"font-size:13px;color:#8a7a63\">Grecia<\/span><\/td><td>19,5 \u00b0C<\/td><td>25,1 \u00b0C<\/td><td>15,7 \u00b0C<\/td><td>5,7 din 30<\/td><\/tr><tr><td><strong>Lefkada<\/strong><br><span style=\"font-size:13px;color:#8a7a63\">Grecia<\/span><\/td><td>19,5 \u00b0C<\/td><td>23,7 \u00b0C<\/td><td>16,1 \u00b0C<\/td><td>8,3 din 30<\/td><\/tr><tr><td><strong>Dubrovnik<\/strong><br><span style=\"font-size:13px;color:#8a7a63\">Croa\u021bia<\/span><\/td><td>19,4 \u00b0C<\/td><td>21,8 \u00b0C<\/td><td>14,3 \u00b0C<\/td><td>12,5 din 30<\/td><\/tr><tr><td><strong>Corfu<\/strong><br><span style=\"font-size:13px;color:#8a7a63\">Grecia<\/span><\/td><td>19,3 \u00b0C<\/td><td>22,1 \u00b0C<\/td><td>16,4 \u00b0C<\/td><td>9,3 din 30<\/td><\/tr><tr><td><strong>Zakynthos<\/strong><br><span style=\"font-size:13px;color:#8a7a63\">Grecia<\/span><\/td><td>19,3 \u00b0C<\/td><td>23,8 \u00b0C<\/td><td>16,5 \u00b0C<\/td><td>5,8 din 30<\/td><\/tr><tr><td><strong>Santorini<\/strong><br><span style=\"font-size:13px;color:#8a7a63\">Grecia<\/span><\/td><td>19,3 \u00b0C<\/td><td>22,9 \u00b0C<\/td><td>17,9 \u00b0C<\/td><td>2,9 din 30<\/td><\/tr><tr><td><strong>Amalfi \u0219i Golful Napoli<\/strong><br><span style=\"font-size:13px;color:#8a7a63\">Italia<\/span><\/td><td>19,3 \u00b0C<\/td><td>22,0 \u00b0C<\/td><td>14,4 \u00b0C<\/td><td>12,0 din 30<\/td><\/tr><tr><td><strong>Calabria<\/strong><br><span style=\"font-size:13px;color:#8a7a63\">Italia<\/span><\/td><td>19,3 \u00b0C<\/td><td>22,1 \u00b0C<\/td><td>15,5 \u00b0C<\/td><td>10,1 din 30<\/td><\/tr><tr><td><strong>Sicilia<\/strong><br><span style=\"font-size:13px;color:#8a7a63\">Italia<\/span><\/td><td>19,2 \u00b0C<\/td><td>22,4 \u00b0C<\/td><td>15,1 \u00b0C<\/td><td>7,9 din 30<\/td><\/tr><tr><td><strong>Costa del Sol (M\u00e1laga)<\/strong><br><span style=\"font-size:13px;color:#8a7a63\">Spania<\/span><\/td><td>19,0 \u00b0C<\/td><td>24,2 \u00b0C<\/td><td>16,4 \u00b0C<\/td><td>3,9 din 30<\/td><\/tr><tr><td><strong>Rimini \u0219i Adriatica de nord<\/strong><br><span style=\"font-size:13px;color:#8a7a63\">Italia<\/span><\/td><td>18,9 \u00b0C<\/td><td>21,2 \u00b0C<\/td><td>13,5 \u00b0C<\/td><td>11,3 din 30<\/td><\/tr><tr><td><strong>Malta<\/strong><br><span style=\"font-size:13px;color:#8a7a63\">Malta<\/span><\/td><td>18,8 \u00b0C<\/td><td>22,0 \u00b0C<\/td><td>17,2 \u00b0C<\/td><td>3,1 din 30<\/td><\/tr><tr><td><strong>Corsica<\/strong><br><span style=\"font-size:13px;color:#8a7a63\">Fran\u021ba<\/span><\/td><td>18,7 \u00b0C<\/td><td>21,7 \u00b0C<\/td><td>12,9 \u00b0C<\/td><td>9,2 din 30<\/td><\/tr><tr><td><strong>Azore<\/strong><br><span style=\"font-size:13px;color:#8a7a63\">Portugalia<\/span><\/td><td>18,6 \u00b0C<\/td><td>19,0 \u00b0C<\/td><td>15,1 \u00b0C<\/td><td>18,0 din 30<\/td><\/tr><tr><td><strong>Puglia<\/strong><br><span style=\"font-size:13px;color:#8a7a63\">Italia<\/span><\/td><td>18,6 \u00b0C<\/td><td>23,0 \u00b0C<\/td><td>15,0 \u00b0C<\/td><td>8,2 din 30<\/td><\/tr><tr><td><strong>Toscana (litoral)<\/strong><br><span style=\"font-size:13px;color:#8a7a63\">Italia<\/span><\/td><td>18,6 \u00b0C<\/td><td>20,9 \u00b0C<\/td><td>14,0 \u00b0C<\/td><td>11,2 din 30<\/td><\/tr><tr><td><strong>Split \u0219i Makarska<\/strong><br><span style=\"font-size:13px;color:#8a7a63\">Croa\u021bia<\/span><\/td><td>18,6 \u00b0C<\/td><td>22,3 \u00b0C<\/td><td>14,5 \u00b0C<\/td><td>11,9 din 30<\/td><\/tr><tr><td><strong>Coasta de Azur (Nisa)<\/strong><br><span style=\"font-size:13px;color:#8a7a63\">Fran\u021ba<\/span><\/td><td>18,6 \u00b0C<\/td><td>21,0 \u00b0C<\/td><td>14,0 \u00b0C<\/td><td>9,3 din 30<\/td><\/tr><tr><td><strong>Halkidiki<\/strong><br><span style=\"font-size:13px;color:#8a7a63\">Grecia<\/span><\/td><td>18,5 \u00b0C<\/td><td>22,5 \u00b0C<\/td><td>16,8 \u00b0C<\/td><td>6,7 din 30<\/td><\/tr><tr><td><strong>Sardinia<\/strong><br><span style=\"font-size:13px;color:#8a7a63\">Italia<\/span><\/td><td>18,5 \u00b0C<\/td><td>22,6 \u00b0C<\/td><td>14,1 \u00b0C<\/td><td>7,6 din 30<\/td><\/tr><tr><td><strong>Costa Brava<\/strong><br><span style=\"font-size:13px;color:#8a7a63\">Spania<\/span><\/td><td>17,8 \u00b0C<\/td><td>21,3 \u00b0C<\/td><td>13,2 \u00b0C<\/td><td>8,3 din 30<\/td><\/tr><tr><td><strong>Istria<\/strong><br><span style=\"font-size:13px;color:#8a7a63\">Croa\u021bia<\/span><\/td><td>17,8 \u00b0C<\/td><td>21,0 \u00b0C<\/td><td>14,9 \u00b0C<\/td><td>13,2 din 30<\/td><\/tr><tr><td><strong>Sunny Beach<\/strong><br><span style=\"font-size:13px;color:#8a7a63\">Bulgaria<\/span><\/td><td>15,6 \u00b0C<\/td><td>21,2 \u00b0C<\/td><td>12,5 \u00b0C<\/td><td>10,2 din 30<\/td><\/tr><tr><td><strong>New York (plaje)<\/strong><br><span style=\"font-size:13px;color:#8a7a63\">SUA<\/span><\/td><td>14,7 \u00b0C<\/td><td>21,4 \u00b0C<\/td><td>11,8 \u00b0C<\/td><td>11,7 din 30<\/td><\/tr><\/tbody><\/table><figcaption class=\"wp-element-caption\">Temperaturile m\u0103rii \u0219i ale aerului \u00een mai, ordonate de la marea cea mai cald\u0103. Aerul \u0219i precipita\u021biile sunt medii pe zece ani 2015\u20132024 din reanaliza ERA5, temperatura m\u0103rii din modelul marin 2019\u20132024.<\/figcaption><\/figure>\n\n\n\n<p class=\"wp-block-paragraph\">Dac\u0103 marea nu te atrage chiar at\u00e2t de mult \u0219i vrei mai degrab\u0103 s\u0103 te plimbi, acest al doilea tabel \u00ee\u021bi arat\u0103 unde este temperatura ideal\u0103 \u00een aceast\u0103 lun\u0103 pentru ora\u0219e, drume\u021bii \u0219i explorare.<\/p>\n\n\n\n<figure class=\"wp-block-table is-style-stripes\" style=\"overflow-x:auto\"><table><thead><tr><th>Destina\u021bie<\/th><th>Aerul ziua<\/th><th>Noaptea<\/th><th>Zile cu precipita\u021bii<\/th><th>Soare\/zi<\/th><\/tr><\/thead><tbody><tr><td><strong>Marrakech<\/strong><br><span style=\"font-size:13px;color:#8a7a63\">Maroc<\/span><\/td><td>30,4 \u00b0C<\/td><td>14,9 \u00b0C<\/td><td>4,0 din 30<\/td><td>11,9 h<\/td><\/tr><tr><td><strong>Atena<\/strong><br><span style=\"font-size:13px;color:#8a7a63\">Grecia<\/span><\/td><td>25,0 \u00b0C<\/td><td>15,7 \u00b0C<\/td><td>4,9 din 30<\/td><td>12,2 h<\/td><\/tr><tr><td><strong>Roma<\/strong><br><span style=\"font-size:13px;color:#8a7a63\">Italia<\/span><\/td><td>23,3 \u00b0C<\/td><td>13,0 \u00b0C<\/td><td>11,8 din 30<\/td><td>11,8 h<\/td><\/tr><tr><td><strong>Tokyo<\/strong><br><span style=\"font-size:13px;color:#8a7a63\">Japonia<\/span><\/td><td>23,3 \u00b0C<\/td><td>15,0 \u00b0C<\/td><td>11,8 din 30<\/td><td>8,9 h<\/td><\/tr><tr><td><strong>Lisabona<\/strong><br><span style=\"font-size:13px;color:#8a7a63\">Portugalia<\/span><\/td><td>22,8 \u00b0C<\/td><td>14,5 \u00b0C<\/td><td>4,5 din 30<\/td><td>12,4 h<\/td><\/tr><tr><td><strong>Barcelona<\/strong><br><span style=\"font-size:13px;color:#8a7a63\">Spania<\/span><\/td><td>21,4 \u00b0C<\/td><td>13,6 \u00b0C<\/td><td>7,3 din 30<\/td><td>12,3 h<\/td><\/tr><tr><td><strong>Budapesta<\/strong><br><span style=\"font-size:13px;color:#8a7a63\">Ungaria<\/span><\/td><td>21,1 \u00b0C<\/td><td>11,3 \u00b0C<\/td><td>12,6 din 30<\/td><td>11,1 h<\/td><\/tr><tr><td><strong>Moravia de Sud (Mikulov)<\/strong><br><span style=\"font-size:13px;color:#8a7a63\">Cehia<\/span><\/td><td>19,5 \u00b0C<\/td><td>10,1 \u00b0C<\/td><td>13,1 din 30<\/td><td>10,4 h<\/td><\/tr><tr><td><strong>Praga<\/strong><br><span style=\"font-size:13px;color:#8a7a63\">Cehia<\/span><\/td><td>19,4 \u00b0C<\/td><td>9,1 \u00b0C<\/td><td>11,8 din 30<\/td><td>10,7 h<\/td><\/tr><tr><td><strong>Cracovia<\/strong><br><span style=\"font-size:13px;color:#8a7a63\">Polonia<\/span><\/td><td>18,8 \u00b0C<\/td><td>8,8 \u00b0C<\/td><td>13,9 din 30<\/td><td>10,6 h<\/td><\/tr><tr><td><strong>Bled<\/strong><br><span style=\"font-size:13px;color:#8a7a63\">Slovenia<\/span><\/td><td>18,1 \u00b0C<\/td><td>9,5 \u00b0C<\/td><td>19,2 din 30<\/td><td>9,8 h<\/td><\/tr><tr><td><strong>Zell am See<\/strong><br><span style=\"font-size:13px;color:#8a7a63\">Austria<\/span><\/td><td>17,5 \u00b0C<\/td><td>7,0 \u00b0C<\/td><td>20,2 din 30<\/td><td>9,3 h<\/td><\/tr><tr><td><strong>Interlaken<\/strong><br><span style=\"font-size:13px;color:#8a7a63\">Elve\u021bia<\/span><\/td><td>17,4 \u00b0C<\/td><td>8,7 \u00b0C<\/td><td>19,7 din 30<\/td><td>9,8 h<\/td><\/tr><tr><td><strong>San Francisco<\/strong><br><span style=\"font-size:13px;color:#8a7a63\">SUA<\/span><\/td><td>17,3 \u00b0C<\/td><td>11,3 \u00b0C<\/td><td>2,5 din 30<\/td><td>12,7 h<\/td><\/tr><tr><td><strong>Toronto<\/strong><br><span style=\"font-size:13px;color:#8a7a63\">Canada<\/span><\/td><td>17,1 \u00b0C<\/td><td>8,7 \u00b0C<\/td><td>9,7 din 30<\/td><td>10,9 h<\/td><\/tr><tr><td><strong>Anchorage<\/strong><br><span style=\"font-size:13px;color:#8a7a63\">SUA<\/span><\/td><td>14,0 \u00b0C<\/td><td>4,7 \u00b0C<\/td><td>10,8 din 30<\/td><td>11,2 h<\/td><\/tr><tr><td><strong>Cortina d&#8217;Ampezzo (Dolomi\u021bi)<\/strong><br><span style=\"font-size:13px;color:#8a7a63\">Italia<\/span><\/td><td>13,5 \u00b0C<\/td><td>4,4 \u00b0C<\/td><td>22,7 din 30<\/td><td>9,7 h<\/td><\/tr><tr><td><strong>Bergen \u0219i fiordurile<\/strong><br><span style=\"font-size:13px;color:#8a7a63\">Norvegia<\/span><\/td><td>13,5 \u00b0C<\/td><td>5,7 \u00b0C<\/td><td>14,9 din 30<\/td><td>10,6 h<\/td><\/tr><tr><td><strong>Mun\u021bii Tatra (\u0160trbsk\u00e9 Pleso)<\/strong><br><span style=\"font-size:13px;color:#8a7a63\">Slovacia<\/span><\/td><td>11,1 \u00b0C<\/td><td>3,4 \u00b0C<\/td><td>18,4 din 30<\/td><td>11,1 h<\/td><\/tr><tr><td><strong>Reykjav\u00edk<\/strong><br><span style=\"font-size:13px;color:#8a7a63\">Islanda<\/span><\/td><td>8,7 \u00b0C<\/td><td>3,7 \u00b0C<\/td><td>18,5 din 30<\/td><td>9,4 h<\/td><\/tr><\/tbody><\/table><figcaption class=\"wp-element-caption\">Ora\u0219e, mun\u021bi \u0219i nord \u00een mai. Medii pe zece ani 2015\u20132024 (reanaliza ERA5).<\/figcaption><\/figure>\n\n\n\n<p class=\"wp-block-paragraph\">\ud83d\udca1 <strong>Sfat:<\/strong> Mai este una dintre cele mai frumoase luni ale anului: natura \u00eenflore\u0219te, mul\u021bimile \u00eenc\u0103 nu au sosit, iar pre\u021burile sunt mai mici dec\u00e2t vara. Arunc\u0103 o privire la <a href=\"https:\/\/www.stay22.com\/allez\/roam?aid=lukaskonecny&#038;campaign=loudavymkrokemcz&#038;campaign=kam-na-dovolenou-v-kvetnu&#038;address=Kr%C3%A9ta\" target=\"_blank\" rel=\"nofollow noopener sponsored\">oferta actual\u0103 de cazare<\/a> \u0219i concentreaz\u0103-te pe prima jum\u0103tate a lunii.<\/p>\n\n\n\n<h2 class=\"wp-block-heading\" id=\"Kam_v_kvetnu_k_mori_autem_Jadran_a_okoli\"><span class=\"ez-toc-section\" id=\"Unde_la_mare_cu_masina_in_mai_Adriatica_si_imprejurimile\"><\/span>Unde la mare cu ma\u0219ina \u00een mai: Adriatica \u0219i \u00eemprejurimile<span class=\"ez-toc-section-end\"><\/span><\/h2>\n\n\n\n<p class=\"wp-block-paragraph\">Mai la Adriatica este exact acel moment \u00een care \u00eentreaga regiune se treze\u0219te \u00eencet la via\u021b\u0103 \u0219i se deschide sezonul turistic principal. Este <strong>cea mai ieftin\u0103 perioad\u0103 a anului<\/strong>, c\u00e2nd te bucuri deja de o vreme frumoas\u0103 \u0219i \u00eensorit\u0103, dar evi\u021bi \u00een siguran\u021b\u0103 aglomera\u021bia de var\u0103 \u0219i serviciile supraevaluate din restaurante.<\/p>\n\n\n\n<p class=\"wp-block-paragraph\">Po\u021bi porni comod cu propria ma\u0219in\u0103, ceea ce \u00ee\u021bi ofer\u0103 o libertate uria\u0219\u0103 \u00een planificarea excursiilor pe drumurile pustii de coast\u0103. Hai s\u0103 ne uit\u0103m \u00eempreun\u0103 la cele mai bune <strong>destina\u021bii adriatice<\/strong>, care, potrivit c\u0103l\u0103torilor experimenta\u021bi, merit\u0103 o vizit\u0103 de prim\u0103var\u0103.<\/p>\n\n\n\n<h3 class=\"wp-block-heading\" id=\"Chorvatsko_Istrie_a_Dalmacie\"><span class=\"ez-toc-section\" id=\"Croatia_Istria_si_Dalmatia\"><\/span>Croa\u021bia: Istria \u0219i Dalma\u021bia<span class=\"ez-toc-section-end\"><\/span><\/h3>\n\n\n\n<p class=\"wp-block-paragraph\">Dac\u0103 te g\u00e2nde\u0219ti s\u0103 pleci \u00een <a href=\"https:\/\/loudavymkrokem.cz\/ro\/istria-croatia-lucruri-vazut\/\">Istria<\/a> sau mai la sud, \u00een Dalma\u021bia, trebuie s\u0103 te avertizez asupra unui lucru important. <strong>Apa este \u00een mai \u00eenc\u0103 cu adev\u0103rat rece<\/strong>, pentru c\u0103 marea din Istria are \u00een jur de 17,8 \u00b0C, iar la Dubrovnik atinge maximum 19,4 \u00b0C, a\u0219a c\u0103 \u00eenotul se potrive\u0219te mai degrab\u0103 celor mai curajo\u0219i temerari. Pe de alt\u0103 parte, este absolut <strong>cea mai bun\u0103 lun\u0103 pentru a explora monumentele<\/strong>, c\u00e2nd nu transpiri \u00een ar\u0219i\u021ba verii, iar str\u0103du\u021bele or\u0103\u0219elelor istorice sunt minunat de pustii.<\/p>\n\n\n\n<figure data-wp-context=\"{&quot;imageId&quot;:&quot;6a94e8f91b346&quot;}\" data-wp-interactive=\"core\/image\" data-wp-key=\"6a94e8f91b346\" class=\"wp-block-image size-full wp-lightbox-container\"><img decoding=\"async\" width=\"1500\" height=\"1125\" data-wp-class--hide=\"state.isContentHidden\" data-wp-class--show=\"state.isContentVisible\" data-wp-init=\"callbacks.setButtonStyles\" data-wp-on--click=\"actions.showLightbox\" data-wp-on--load=\"callbacks.setButtonStyles\" data-wp-on--pointerdown=\"actions.preloadImage\" data-wp-on--pointerenter=\"actions.preloadImageWithDelay\" data-wp-on--pointerleave=\"actions.cancelPreload\" data-wp-on-window--resize=\"callbacks.setButtonStyles\" src=\"https:\/\/loudavymkrokem.cz\/wp-content\/uploads\/2026\/08\/lk-istrie.jpg\" alt=\"Rovinj \u00een Istria\" class=\"wp-image-403024\" title=\"\" srcset=\"https:\/\/loudavymkrokem.cz\/wp-content\/uploads\/2026\/08\/lk-istrie.jpg 1500w, https:\/\/loudavymkrokem.cz\/wp-content\/uploads\/2026\/08\/lk-istrie-300x225.jpg 300w, https:\/\/loudavymkrokem.cz\/wp-content\/uploads\/2026\/08\/lk-istrie-700x525.jpg 700w, https:\/\/loudavymkrokem.cz\/wp-content\/uploads\/2026\/08\/lk-istrie-768x576.jpg 768w, https:\/\/loudavymkrokem.cz\/wp-content\/uploads\/2026\/08\/lk-istrie-80x60.jpg 80w, https:\/\/loudavymkrokem.cz\/wp-content\/uploads\/2026\/08\/lk-istrie-160x120.jpg 160w, https:\/\/loudavymkrokem.cz\/wp-content\/uploads\/2026\/08\/lk-istrie-696x522.jpg 696w, https:\/\/loudavymkrokem.cz\/wp-content\/uploads\/2026\/08\/lk-istrie-1392x1044.jpg 1392w\" sizes=\"(max-width: 1500px) 100vw, 1500px\" \/><button\n\t\t\tclass=\"lightbox-trigger\"\n\t\t\ttype=\"button\"\n\t\t\taria-haspopup=\"dialog\"\n\t\t\tdata-wp-bind--aria-label=\"state.thisImage.triggerButtonAriaLabel\"\n\t\t\tdata-wp-init=\"callbacks.initTriggerButton\"\n\t\t\tdata-wp-on--click=\"actions.showLightbox\"\n\t\t\tdata-wp-style--right=\"state.thisImage.buttonRight\"\n\t\t\tdata-wp-style--top=\"state.thisImage.buttonTop\"\n\t\t>\n\t\t\t<svg xmlns=\"http:\/\/www.w3.org\/2000\/svg\" width=\"12\" height=\"12\" fill=\"none\" viewBox=\"0 0 12 12\">\n\t\t\t\t<path fill=\"#fff\" d=\"M2 0a2 2 0 0 0-2 2v2h1.5V2a.5.5 0 0 1 .5-.5h2V0H2Zm2 10.5H2a.5.5 0 0 1-.5-.5V8H0v2a2 2 0 0 0 2 2h2v-1.5ZM8 12v-1.5h2a.5.5 0 0 0 .5-.5V8H12v2a2 2 0 0 1-2 2H8Zm2-12a2 2 0 0 1 2 2v2h-1.5V2a.5.5 0 0 0-.5-.5H8V0h2Z\" \/>\n\t\t\t<\/svg>\n\t\t<\/button><figcaption class=\"wp-element-caption\">Rovinj \u00een Istria (Foto: Einaz80 \/ Wikimedia Commons, CC BY-SA 4.0)<\/figcaption><\/figure>\n\n\n\n<p class=\"wp-block-paragraph\">Ziua, temperaturile \u00een Istria se situeaz\u0103 \u00een jurul pl\u0103cutelor 21,0 \u00b0C, iar noaptea scad la 14,9 \u00b0C, \u00een timp ce soarele str\u0103luce\u0219te frumos 11,5 ore pe zi. Sunt <strong>condi\u021bii absolut ideale pentru vizitarea parcurilor na\u021bionale<\/strong>, a\u0219a c\u0103 nu rata cu niciun chip Lacurile Plitvice sau cascadele Krka, unde, datorit\u0103 topirii de prim\u0103var\u0103, se rostogole\u0219te o cantitate uria\u0219\u0103 de ap\u0103.<\/p>\n\n\n\n<p class=\"wp-block-paragraph\">La Split \u0219i \u00een Makarska, a\u0219teapt\u0103-te la temperaturi diurne \u00een jur de 22,3 \u00b0C cu 11,9 zile de precipita\u021bii, \u00een timp ce la Dubrovnik termometrul arat\u0103 21,8 \u00b0C \u0219i noaptea 14,3 \u00b0C. Pentru o planificare detaliat\u0103 a c\u0103l\u0103toriei, arunc\u0103 neap\u0103rat o privire la <a href=\"https:\/\/loudavymkrokem.cz\/ro\/vremea-croatia-cand-mergi-mare\/\">vremea din Croa\u021bia<\/a>, ca s\u0103 nu te ia prin surprindere vreo ploaie de prim\u0103var\u0103.<\/p>\n\n\n\n<p class=\"wp-block-paragraph\"><strong>\ud83d\udca1 Sfat de cazare:<\/strong> <a href=\"https:\/\/www.stay22.com\/allez\/roam?aid=lukaskonecny&#038;campaign=loudavymkrokemcz&#038;campaign=kam-na-dovolenou-v-kvetnu&#038;hotelname=Hotel%20Lone&#038;address=Rovinj%2C%20Chorvatsko\" target=\"_blank\" rel=\"noopener nofollow sponsored\">Hotel Lone<\/a> din Rovinj<\/p>\n\n\n\n<h3 class=\"wp-block-heading\" id=\"Cerna_Hora\"><span class=\"ez-toc-section\" id=\"Muntenegru\"><\/span>Muntenegru<span class=\"ez-toc-section-end\"><\/span><\/h3>\n\n\n\n<p class=\"wp-block-paragraph\">\u00cen ultimii ani, c\u0103l\u0103torii laud\u0103 enorm vizita din mai \u00een Muntenegru, care ofer\u0103 o <strong>combina\u021bie minunat\u0103 de mun\u021bi \u00eenal\u021bi \u0219i s\u0103tucuri str\u0103vechi de coast\u0103<\/strong>. \u00cen populara Budva, temperaturile diurne medii urc\u0103 la frumoasele 22,1 \u00b0C \u0219i noaptea scad la 15,7 \u00b0C, ceea ce creeaz\u0103 condi\u021bii absolut perfecte pentru excursii de o zi \u00een interiorul \u021b\u0103rii. Marea atinge aici 19,9 \u00b0C, a\u0219a c\u0103 pentru cei mai curajo\u0219i va fi cu siguran\u021b\u0103 suficient pentru o baie rapid\u0103 de r\u0103corire.<\/p>\n\n\n\n<figure data-wp-context=\"{&quot;imageId&quot;:&quot;6a94e8f91baa2&quot;}\" data-wp-interactive=\"core\/image\" data-wp-key=\"6a94e8f91baa2\" class=\"wp-block-image size-full wp-lightbox-container\"><img decoding=\"async\" width=\"1500\" height=\"843\" data-wp-class--hide=\"state.isContentHidden\" data-wp-class--show=\"state.isContentVisible\" data-wp-init=\"callbacks.setButtonStyles\" data-wp-on--click=\"actions.showLightbox\" data-wp-on--load=\"callbacks.setButtonStyles\" data-wp-on--pointerdown=\"actions.preloadImage\" data-wp-on--pointerenter=\"actions.preloadImageWithDelay\" data-wp-on--pointerleave=\"actions.cancelPreload\" data-wp-on-window--resize=\"callbacks.setButtonStyles\" src=\"https:\/\/loudavymkrokem.cz\/wp-content\/uploads\/2026\/08\/lk-cernahora.jpg\" alt=\"Sveti Stefan \u00een Muntenegru\" class=\"wp-image-403017\" title=\"\" srcset=\"https:\/\/loudavymkrokem.cz\/wp-content\/uploads\/2026\/08\/lk-cernahora.jpg 1500w, https:\/\/loudavymkrokem.cz\/wp-content\/uploads\/2026\/08\/lk-cernahora-300x169.jpg 300w, https:\/\/loudavymkrokem.cz\/wp-content\/uploads\/2026\/08\/lk-cernahora-700x393.jpg 700w, https:\/\/loudavymkrokem.cz\/wp-content\/uploads\/2026\/08\/lk-cernahora-768x432.jpg 768w, https:\/\/loudavymkrokem.cz\/wp-content\/uploads\/2026\/08\/lk-cernahora-696x391.jpg 696w, https:\/\/loudavymkrokem.cz\/wp-content\/uploads\/2026\/08\/lk-cernahora-1392x782.jpg 1392w\" sizes=\"(max-width: 1500px) 100vw, 1500px\" \/><button\n\t\t\tclass=\"lightbox-trigger\"\n\t\t\ttype=\"button\"\n\t\t\taria-haspopup=\"dialog\"\n\t\t\tdata-wp-bind--aria-label=\"state.thisImage.triggerButtonAriaLabel\"\n\t\t\tdata-wp-init=\"callbacks.initTriggerButton\"\n\t\t\tdata-wp-on--click=\"actions.showLightbox\"\n\t\t\tdata-wp-style--right=\"state.thisImage.buttonRight\"\n\t\t\tdata-wp-style--top=\"state.thisImage.buttonTop\"\n\t\t>\n\t\t\t<svg xmlns=\"http:\/\/www.w3.org\/2000\/svg\" width=\"12\" height=\"12\" fill=\"none\" viewBox=\"0 0 12 12\">\n\t\t\t\t<path fill=\"#fff\" d=\"M2 0a2 2 0 0 0-2 2v2h1.5V2a.5.5 0 0 1 .5-.5h2V0H2Zm2 10.5H2a.5.5 0 0 1-.5-.5V8H0v2a2 2 0 0 0 2 2h2v-1.5ZM8 12v-1.5h2a.5.5 0 0 0 .5-.5V8H12v2a2 2 0 0 1-2 2H8Zm2-12a2 2 0 0 1 2 2v2h-1.5V2a.5.5 0 0 0-.5-.5H8V0h2Z\" \/>\n\t\t\t<\/svg>\n\t\t<\/button><figcaption class=\"wp-element-caption\">Sveti Stefan \u00een Muntenegru (Foto: Marcin Konsek \/ Wikimedia Commons, CC BY-SA 4.0)<\/figcaption><\/figure>\n\n\n\n<p class=\"wp-block-paragraph\">Soarele \u00ee\u021bi va \u021bine companie \u00een medie 11,7 ore pe zi, de\u0219i trebuie s\u0103 te a\u0219tep\u021bi ca, pe parcursul lunii, s\u0103 plou\u0103 cel pu\u021bin par\u021bial vreo 14,6 zile. Potrivit recenziilor, tocmai mai este perioada \u00een care <strong>pre\u021burile apartamentelor sunt la minimul lor anual<\/strong>, a\u0219a c\u0103 vei g\u0103si pe nimic o cazare de lux cu vedere spre golf. Dac\u0103 vrei s\u0103 explorezi \u00eentreaga \u021bar\u0103 \u00een profunzime, studiaz\u0103 articolul nostru despre <a href=\"https:\/\/loudavymkrokem.cz\/ro\/vacanta-muntenegru-mare-munte\/\">vacan\u021ba \u00een Muntenegru<\/a>, unde vei g\u0103si o mul\u021bime de sfaturi utile.<\/p>\n\n\n\n<h3 class=\"wp-block-heading\" id=\"Italie_Jadran_Apulie_a_Amalfi\"><span class=\"ez-toc-section\" id=\"Italia_Adriatica_Puglia_si_Amalfi\"><\/span>Italia: Adriatica, Puglia \u0219i Amalfi<span class=\"ez-toc-section-end\"><\/span><\/h3>\n\n\n\n<p class=\"wp-block-paragraph\">Italia este prim\u0103vara pur \u0219i simplu fermec\u0103toare \u0219i se spune c\u0103 nic\u0103ieri altundeva nu g\u0103se\u0219ti o atmosfer\u0103 at\u00e2t de relaxat\u0103 ca \u00een sud, \u00eenainte de izbucnirea nebuniei principale a vacan\u021belor. Mai ales <a href=\"https:\/\/loudavymkrokem.cz\/ro\/puglia-italia-locuri-vizitat\/\">Puglia<\/a> te va \u00eenc\u00e2nta cu siguran\u021b\u0103 cu temperaturi diurne de 23,0 \u00b0C \u0219i doar 8,2 zile de precipita\u021bii, a\u0219a c\u0103 <strong>cafenelele locale sunt deja pline ochi<\/strong>, iar soarele \u00eenc\u0103lze\u0219te minunatele 12,1 ore pe zi. Marea are aici doar 18,6 \u00b0C \u0219i temperaturile nocturne coboar\u0103 spre 15,0 \u00b0C, dar pentru hoin\u0103reli printre c\u0103su\u021bele albe este o fantezie absolut\u0103.<\/p>\n\n\n\n<figure data-wp-context=\"{&quot;imageId&quot;:&quot;6a94e8f91c0de&quot;}\" data-wp-interactive=\"core\/image\" data-wp-key=\"6a94e8f91c0de\" class=\"wp-block-image size-full wp-lightbox-container\"><img decoding=\"async\" width=\"1500\" height=\"843\" data-wp-class--hide=\"state.isContentHidden\" data-wp-class--show=\"state.isContentVisible\" data-wp-init=\"callbacks.setButtonStyles\" data-wp-on--click=\"actions.showLightbox\" data-wp-on--load=\"callbacks.setButtonStyles\" data-wp-on--pointerdown=\"actions.preloadImage\" data-wp-on--pointerenter=\"actions.preloadImageWithDelay\" data-wp-on--pointerleave=\"actions.cancelPreload\" data-wp-on-window--resize=\"callbacks.setButtonStyles\" src=\"https:\/\/loudavymkrokem.cz\/wp-content\/uploads\/2026\/08\/lk-apulie.jpg\" alt=\"Polignano a Mare \u00een Puglia\" class=\"wp-image-403042\" title=\"\" srcset=\"https:\/\/loudavymkrokem.cz\/wp-content\/uploads\/2026\/08\/lk-apulie.jpg 1500w, https:\/\/loudavymkrokem.cz\/wp-content\/uploads\/2026\/08\/lk-apulie-300x169.jpg 300w, https:\/\/loudavymkrokem.cz\/wp-content\/uploads\/2026\/08\/lk-apulie-700x393.jpg 700w, https:\/\/loudavymkrokem.cz\/wp-content\/uploads\/2026\/08\/lk-apulie-768x432.jpg 768w, https:\/\/loudavymkrokem.cz\/wp-content\/uploads\/2026\/08\/lk-apulie-696x391.jpg 696w, https:\/\/loudavymkrokem.cz\/wp-content\/uploads\/2026\/08\/lk-apulie-1392x782.jpg 1392w\" sizes=\"(max-width: 1500px) 100vw, 1500px\" \/><button\n\t\t\tclass=\"lightbox-trigger\"\n\t\t\ttype=\"button\"\n\t\t\taria-haspopup=\"dialog\"\n\t\t\tdata-wp-bind--aria-label=\"state.thisImage.triggerButtonAriaLabel\"\n\t\t\tdata-wp-init=\"callbacks.initTriggerButton\"\n\t\t\tdata-wp-on--click=\"actions.showLightbox\"\n\t\t\tdata-wp-style--right=\"state.thisImage.buttonRight\"\n\t\t\tdata-wp-style--top=\"state.thisImage.buttonTop\"\n\t\t>\n\t\t\t<svg xmlns=\"http:\/\/www.w3.org\/2000\/svg\" width=\"12\" height=\"12\" fill=\"none\" viewBox=\"0 0 12 12\">\n\t\t\t\t<path fill=\"#fff\" d=\"M2 0a2 2 0 0 0-2 2v2h1.5V2a.5.5 0 0 1 .5-.5h2V0H2Zm2 10.5H2a.5.5 0 0 1-.5-.5V8H0v2a2 2 0 0 0 2 2h2v-1.5ZM8 12v-1.5h2a.5.5 0 0 0 .5-.5V8H12v2a2 2 0 0 1-2 2H8Zm2-12a2 2 0 0 1 2 2v2h-1.5V2a.5.5 0 0 0-.5-.5H8V0h2Z\" \/>\n\t\t\t<\/svg>\n\t\t<\/button><figcaption class=\"wp-element-caption\">Polignano a Mare \u00een Puglia (Foto: acediscovery \/ Wikimedia Commons, CC BY 4.0)<\/figcaption><\/figure>\n\n\n\n<p class=\"wp-block-paragraph\">Dac\u0103 te atrage mai degrab\u0103 faimoasa <a href=\"https:\/\/loudavymkrokem.cz\/ro\/coasta-amalfi-locuri-vizitat\/\">Coast\u0103 Amalfitan\u0103<\/a>, preg\u0103te\u0219te-te pentru pl\u0103cutele 22,0 \u00b0C ziua \u0219i 14,4 \u00b0C noaptea, \u00een timp ce apa din Golful Napoli arat\u0103 19,3 \u00b0C. Localnicii recomand\u0103 tocmai mai ca <strong>cel mai bun moment pentru o plimbare pe faimoasele st\u00e2nci<\/strong>, deoarece vara pe drumurile \u00eenguste se formeaz\u0103 cozi nesf\u00e2r\u0219ite de autobuze. Adriatica de nord \u0219i Rimini raporteaz\u0103 apoi 21,2 \u00b0C ziua, 13,5 \u00b0C noaptea \u0219i 11,3 zile ploioase, a\u0219a c\u0103 \u00eempacheteaz\u0103 pentru orice eventualitate \u0219i un pulover mai sub\u021bire pentru plimbarea de sear\u0103 pe promenad\u0103.<\/p>\n\n\n\n<h3 class=\"wp-block-heading\" id=\"Bulharsko\"><span class=\"ez-toc-section\" id=\"Bulgaria\"><\/span>Bulgaria<span class=\"ez-toc-section-end\"><\/span><\/h3>\n\n\n\n<p class=\"wp-block-paragraph\">Pentru iubitorii de c\u0103l\u0103torii mai ieftine, care caut\u0103 relaxare \u00een resorturi uria\u0219e, <a href=\"https:\/\/loudavymkrokem.cz\/ro\/vacanta-bulgaria-locuri-frumoase\/\">vacan\u021ba \u00een Bulgaria<\/a> la marginea sezonului este o alegere extrem de tentant\u0103. Pe populara Sunny Beach, temperaturile diurne ajung la 21,2 \u00b0C, soarele str\u0103luce\u0219te minunatele 12,0 ore pe zi \u0219i precipita\u021biile te vor prinde cam 10,2 zile pe lun\u0103. Trebuie \u00eens\u0103 precizat c\u0103 <strong>marea, cu temperatura de 15,6 \u00b0C, este destinat\u0103 doar ur\u0219ilor polari \ud83d\ude05<\/strong>, a\u0219a c\u0103 alege o cazare care ofer\u0103 o piscin\u0103 mare, \u00eenc\u0103lzit\u0103.<\/p>\n\n\n\n<figure data-wp-context=\"{&quot;imageId&quot;:&quot;6a94e8f91c71e&quot;}\" data-wp-interactive=\"core\/image\" data-wp-key=\"6a94e8f91c71e\" class=\"wp-block-image size-full wp-lightbox-container\"><img decoding=\"async\" width=\"1500\" height=\"1116\" data-wp-class--hide=\"state.isContentHidden\" data-wp-class--show=\"state.isContentVisible\" data-wp-init=\"callbacks.setButtonStyles\" data-wp-on--click=\"actions.showLightbox\" data-wp-on--load=\"callbacks.setButtonStyles\" data-wp-on--pointerdown=\"actions.preloadImage\" data-wp-on--pointerenter=\"actions.preloadImageWithDelay\" data-wp-on--pointerleave=\"actions.cancelPreload\" data-wp-on-window--resize=\"callbacks.setButtonStyles\" src=\"https:\/\/loudavymkrokem.cz\/wp-content\/uploads\/2026\/08\/lk-bulharsko.jpg\" alt=\"Nesebar pe litoralul bulgar\" class=\"wp-image-403020\" title=\"\" srcset=\"https:\/\/loudavymkrokem.cz\/wp-content\/uploads\/2026\/08\/lk-bulharsko.jpg 1500w, https:\/\/loudavymkrokem.cz\/wp-content\/uploads\/2026\/08\/lk-bulharsko-300x223.jpg 300w, https:\/\/loudavymkrokem.cz\/wp-content\/uploads\/2026\/08\/lk-bulharsko-700x521.jpg 700w, https:\/\/loudavymkrokem.cz\/wp-content\/uploads\/2026\/08\/lk-bulharsko-768x571.jpg 768w, https:\/\/loudavymkrokem.cz\/wp-content\/uploads\/2026\/08\/lk-bulharsko-80x60.jpg 80w, https:\/\/loudavymkrokem.cz\/wp-content\/uploads\/2026\/08\/lk-bulharsko-160x120.jpg 160w, https:\/\/loudavymkrokem.cz\/wp-content\/uploads\/2026\/08\/lk-bulharsko-696x518.jpg 696w, https:\/\/loudavymkrokem.cz\/wp-content\/uploads\/2026\/08\/lk-bulharsko-1392x1036.jpg 1392w\" sizes=\"(max-width: 1500px) 100vw, 1500px\" \/><button\n\t\t\tclass=\"lightbox-trigger\"\n\t\t\ttype=\"button\"\n\t\t\taria-haspopup=\"dialog\"\n\t\t\tdata-wp-bind--aria-label=\"state.thisImage.triggerButtonAriaLabel\"\n\t\t\tdata-wp-init=\"callbacks.initTriggerButton\"\n\t\t\tdata-wp-on--click=\"actions.showLightbox\"\n\t\t\tdata-wp-style--right=\"state.thisImage.buttonRight\"\n\t\t\tdata-wp-style--top=\"state.thisImage.buttonTop\"\n\t\t>\n\t\t\t<svg xmlns=\"http:\/\/www.w3.org\/2000\/svg\" width=\"12\" height=\"12\" fill=\"none\" viewBox=\"0 0 12 12\">\n\t\t\t\t<path fill=\"#fff\" d=\"M2 0a2 2 0 0 0-2 2v2h1.5V2a.5.5 0 0 1 .5-.5h2V0H2Zm2 10.5H2a.5.5 0 0 1-.5-.5V8H0v2a2 2 0 0 0 2 2h2v-1.5ZM8 12v-1.5h2a.5.5 0 0 0 .5-.5V8H12v2a2 2 0 0 1-2 2H8Zm2-12a2 2 0 0 1 2 2v2h-1.5V2a.5.5 0 0 0-.5-.5H8V0h2Z\" \/>\n\t\t\t<\/svg>\n\t\t<\/button><figcaption class=\"wp-element-caption\">Nesebar pe litoralul bulgar (Foto: Chrumps \/ Wikimedia Commons, CC BY-SA 4.0)<\/figcaption><\/figure>\n\n\n\n<p class=\"wp-block-paragraph\">Serile la mare sunt \u00eenc\u0103 destul de r\u0103coroase, pentru c\u0103 termometrul coboar\u0103 adesea la 12,5 \u00b0C, a\u0219a c\u0103 o geac\u0103 groas\u0103 \u00een valiz\u0103 va fi cu siguran\u021b\u0103 de folos. Localnicii \u00eens\u0103 laud\u0103 mult lunile de prim\u0103var\u0103, deoarece <strong>plajele sunt minunat de pustii \u0219i curate<\/strong>, restaurantele ofer\u0103 delicioase salate proaspete cu br\u00e2nz\u0103 balcanic\u0103, iar personalul din hoteluri mai are mult\u0103 energie pentru z\u00e2mbete.<\/p>\n\n\n\n<p class=\"wp-block-paragraph\"><strong>\ud83d\udca1 Sfat de cazare:<\/strong> <a href=\"https:\/\/www.stay22.com\/allez\/roam?aid=lukaskonecny&#038;campaign=loudavymkrokemcz&#038;campaign=kam-na-dovolenou-v-kvetnu&#038;hotelname=Wave%20Resort&#038;address=Pomorie%2C%20Bulharsko\" target=\"_blank\" rel=\"noopener nofollow sponsored\">Wave Resort<\/a> din Pomorie<\/p>\n\n\n\n<h2 class=\"wp-block-heading\" id=\"Kam_v_kvetnu_na_stredomorske_ostrovy\"><span class=\"ez-toc-section\" id=\"Unde_pe_insulele_mediteraneene_in_mai\"><\/span>Unde pe insulele mediteraneene \u00een mai<span class=\"ez-toc-section-end\"><\/span><\/h2>\n\n\n\n<p class=\"wp-block-paragraph\">Mai este pe toate insulele mediteraneene, f\u0103r\u0103 \u00eendoial\u0103, <strong>cea mai verde \u0219i cea mai \u00eenflorit\u0103 lun\u0103<\/strong> din tot anul. Natura se bucur\u0103 dup\u0103 lungile ploi de iarn\u0103 \u0219i \u00eenc\u0103 nu este ars\u0103 de soarele nemilos al verii, care vine \u00een iulie.<\/p>\n\n\n\n<p class=\"wp-block-paragraph\">Un alt bonus uria\u0219 sunt pre\u021burile de presezon, datorit\u0103 c\u0103rora \u00ee\u021bi po\u021bi permite o cazare mai luxoas\u0103 sau o ma\u0219in\u0103 de \u00eenchiriat la o frac\u021biune din suma de var\u0103. Hai s\u0103 explor\u0103m \u00eempreun\u0103 cele mai <strong>interesante bijuterii insulare<\/strong>, care prim\u0103vara str\u0103lucesc literalmente de culori.<\/p>\n\n\n\n<h3 class=\"wp-block-heading\" id=\"Malta_a_Gozo\"><span class=\"ez-toc-section\" id=\"Malta_si_Gozo\"><\/span>Malta \u0219i Gozo<span class=\"ez-toc-section-end\"><\/span><\/h3>\n\n\n\n<p class=\"wp-block-paragraph\">Dac\u0103 ur\u0103\u0219ti ploaia \u0219i vrei o certitudine absolut\u0103 a soarelui, <a href=\"https:\/\/loudavymkrokem.cz\/?p=399761\">vacan\u021ba \u00een Malta<\/a> va fi, cu doar 3,1 zile ploioase, o lovitur\u0103 absolut\u0103 la \u021bint\u0103. Ziua te \u00eenc\u0103lzesc pl\u0103cutele 22,0 \u00b0C, iar noaptea temperaturile nu scad sub 17,2 \u00b0C, ceea ce face din Malta <strong>una dintre cele mai calde insule din \u00eentreaga Mediteran\u0103<\/strong>. Soarele arde aici frumoasele 12,5 ore pe zi, a\u0219a c\u0103 te vei \u00eentoarce acas\u0103 cu siguran\u021b\u0103 cu fa\u021ba minunat de bronzat\u0103.<\/p>\n\n\n\n<figure data-wp-context=\"{&quot;imageId&quot;:&quot;6a94e8f91cf7d&quot;}\" data-wp-interactive=\"core\/image\" data-wp-key=\"6a94e8f91cf7d\" class=\"wp-block-image size-full wp-lightbox-container\"><img decoding=\"async\" width=\"1500\" height=\"995\" data-wp-class--hide=\"state.isContentHidden\" data-wp-class--show=\"state.isContentVisible\" data-wp-init=\"callbacks.setButtonStyles\" data-wp-on--click=\"actions.showLightbox\" data-wp-on--load=\"callbacks.setButtonStyles\" data-wp-on--pointerdown=\"actions.preloadImage\" data-wp-on--pointerenter=\"actions.preloadImageWithDelay\" data-wp-on--pointerleave=\"actions.cancelPreload\" data-wp-on-window--resize=\"callbacks.setButtonStyles\" src=\"https:\/\/loudavymkrokem.cz\/wp-content\/uploads\/2026\/08\/dovolena-malta-hero.jpg\" alt=\"Panorama ora\u0219ului Valletta \u0219i Grand Harbour\" class=\"wp-image-399628\" title=\"\" srcset=\"https:\/\/loudavymkrokem.cz\/wp-content\/uploads\/2026\/08\/dovolena-malta-hero.jpg 1500w, https:\/\/loudavymkrokem.cz\/wp-content\/uploads\/2026\/08\/dovolena-malta-hero-300x199.jpg 300w, https:\/\/loudavymkrokem.cz\/wp-content\/uploads\/2026\/08\/dovolena-malta-hero-700x464.jpg 700w, https:\/\/loudavymkrokem.cz\/wp-content\/uploads\/2026\/08\/dovolena-malta-hero-768x509.jpg 768w, https:\/\/loudavymkrokem.cz\/wp-content\/uploads\/2026\/08\/dovolena-malta-hero-696x462.jpg 696w, https:\/\/loudavymkrokem.cz\/wp-content\/uploads\/2026\/08\/dovolena-malta-hero-1392x923.jpg 1392w\" sizes=\"(max-width: 1500px) 100vw, 1500px\" \/><button\n\t\t\tclass=\"lightbox-trigger\"\n\t\t\ttype=\"button\"\n\t\t\taria-haspopup=\"dialog\"\n\t\t\tdata-wp-bind--aria-label=\"state.thisImage.triggerButtonAriaLabel\"\n\t\t\tdata-wp-init=\"callbacks.initTriggerButton\"\n\t\t\tdata-wp-on--click=\"actions.showLightbox\"\n\t\t\tdata-wp-style--right=\"state.thisImage.buttonRight\"\n\t\t\tdata-wp-style--top=\"state.thisImage.buttonTop\"\n\t\t>\n\t\t\t<svg xmlns=\"http:\/\/www.w3.org\/2000\/svg\" width=\"12\" height=\"12\" fill=\"none\" viewBox=\"0 0 12 12\">\n\t\t\t\t<path fill=\"#fff\" d=\"M2 0a2 2 0 0 0-2 2v2h1.5V2a.5.5 0 0 1 .5-.5h2V0H2Zm2 10.5H2a.5.5 0 0 1-.5-.5V8H0v2a2 2 0 0 0 2 2h2v-1.5ZM8 12v-1.5h2a.5.5 0 0 0 .5-.5V8H12v2a2 2 0 0 1-2 2H8Zm2-12a2 2 0 0 1 2 2v2h-1.5V2a.5.5 0 0 0-.5-.5H8V0h2Z\" \/>\n\t\t\t<\/svg>\n\t\t<\/button><figcaption class=\"wp-element-caption\">Panorama ora\u0219ului Valletta \u0219i Grand Harbour (Foto: Gerd Eichmann \/ Wikimedia Commons, CC BY-SA 4.0)<\/figcaption><\/figure>\n\n\n\n<p class=\"wp-block-paragraph\">Mai este, potrivit c\u0103l\u0103torilor, absolut ideal pentru a descoperi istorica Valletta \u0219i insula vecin\u0103 Gozo, unde po\u021bi admira uimitoarele bazine de sare sau templele str\u0103vechi. De\u0219i apa atinge doar 18,8 \u00b0C, <strong>\u00een golfurile pu\u021bin ad\u00e2nci se \u00eenc\u0103lze\u0219te mult mai repede<\/strong>, a\u0219a c\u0103 dup\u0103-amiaza po\u021bi foarte bine s\u0103 te scalzi \u00een marea cristalin\u0103. Toat\u0103 insula joac\u0103 prim\u0103vara \u00een toate culorile \u0219i este plin\u0103 de flori s\u0103lbatice \u00eenflorite, care m\u0103rginesc toate potecile.<\/p>\n\n\n\n<p class=\"wp-block-paragraph\"><strong>\ud83d\udca1 Sfat de cazare:<\/strong> <a href=\"https:\/\/www.stay22.com\/allez\/roam?aid=lukaskonecny&#038;campaign=loudavymkrokemcz&#038;campaign=kam-na-dovolenou-v-kvetnu&#038;hotelname=The%20Embassy%20Valletta%20Hotel&#038;address=Valletta%2C%20Malta\" target=\"_blank\" rel=\"noopener nofollow sponsored\">The Embassy Valletta Hotel<\/a> din ora\u0219ul Valletta<\/p>\n\n\n\n<h3 class=\"wp-block-heading\" id=\"Sardinie\"><span class=\"ez-toc-section\" id=\"Sardinia\"><\/span>Sardinia<span class=\"ez-toc-section-end\"><\/span><\/h3>\n\n\n\n<p class=\"wp-block-paragraph\">Sardinia italian\u0103 este adesea denumit\u0103 Caraibele Europei, iar prim\u0103vara acest lucru este de dou\u0103 ori mai valabil, deoarece nisipul alb contrasteaz\u0103 puternic cu cr\u00e2ngurile de pini de un verde intens. \u00cen mai, temperaturile diurne se stabilizeaz\u0103 la 22,6 \u00b0C \u0219i soarele te bucur\u0103 cu 12,0 ore pe zi, doar serile cu 14,1 \u00b0C cer haine mai groase. Marea s-a \u00eenc\u0103lzit deocamdat\u0103 doar la 18,5 \u00b0C, a\u0219a c\u0103 <strong>costumul de baie \u00eel vei folosi mai degrab\u0103 pentru plaj\u0103<\/strong> sau pentru o r\u0103corire foarte rapid\u0103 dup\u0103 un trek solicitant.<\/p>\n\n\n\n<figure data-wp-context=\"{&quot;imageId&quot;:&quot;6a94e8f91d625&quot;}\" data-wp-interactive=\"core\/image\" data-wp-key=\"6a94e8f91d625\" class=\"wp-block-image size-full wp-lightbox-container\"><img decoding=\"async\" width=\"1500\" height=\"996\" data-wp-class--hide=\"state.isContentHidden\" data-wp-class--show=\"state.isContentVisible\" data-wp-init=\"callbacks.setButtonStyles\" data-wp-on--click=\"actions.showLightbox\" data-wp-on--load=\"callbacks.setButtonStyles\" data-wp-on--pointerdown=\"actions.preloadImage\" data-wp-on--pointerenter=\"actions.preloadImageWithDelay\" data-wp-on--pointerleave=\"actions.cancelPreload\" data-wp-on-window--resize=\"callbacks.setButtonStyles\" src=\"https:\/\/loudavymkrokem.cz\/wp-content\/uploads\/2026\/08\/kam-na-dovolenou-v-rijnu-m37.jpg\" alt=\"Coasta Sardiniei\" class=\"wp-image-400567\" title=\"\" srcset=\"https:\/\/loudavymkrokem.cz\/wp-content\/uploads\/2026\/08\/kam-na-dovolenou-v-rijnu-m37.jpg 1500w, https:\/\/loudavymkrokem.cz\/wp-content\/uploads\/2026\/08\/kam-na-dovolenou-v-rijnu-m37-300x199.jpg 300w, https:\/\/loudavymkrokem.cz\/wp-content\/uploads\/2026\/08\/kam-na-dovolenou-v-rijnu-m37-700x465.jpg 700w, https:\/\/loudavymkrokem.cz\/wp-content\/uploads\/2026\/08\/kam-na-dovolenou-v-rijnu-m37-768x510.jpg 768w, https:\/\/loudavymkrokem.cz\/wp-content\/uploads\/2026\/08\/kam-na-dovolenou-v-rijnu-m37-696x462.jpg 696w, https:\/\/loudavymkrokem.cz\/wp-content\/uploads\/2026\/08\/kam-na-dovolenou-v-rijnu-m37-1392x924.jpg 1392w\" sizes=\"(max-width: 1500px) 100vw, 1500px\" \/><button\n\t\t\tclass=\"lightbox-trigger\"\n\t\t\ttype=\"button\"\n\t\t\taria-haspopup=\"dialog\"\n\t\t\tdata-wp-bind--aria-label=\"state.thisImage.triggerButtonAriaLabel\"\n\t\t\tdata-wp-init=\"callbacks.initTriggerButton\"\n\t\t\tdata-wp-on--click=\"actions.showLightbox\"\n\t\t\tdata-wp-style--right=\"state.thisImage.buttonRight\"\n\t\t\tdata-wp-style--top=\"state.thisImage.buttonTop\"\n\t\t>\n\t\t\t<svg xmlns=\"http:\/\/www.w3.org\/2000\/svg\" width=\"12\" height=\"12\" fill=\"none\" viewBox=\"0 0 12 12\">\n\t\t\t\t<path fill=\"#fff\" d=\"M2 0a2 2 0 0 0-2 2v2h1.5V2a.5.5 0 0 1 .5-.5h2V0H2Zm2 10.5H2a.5.5 0 0 1-.5-.5V8H0v2a2 2 0 0 0 2 2h2v-1.5ZM8 12v-1.5h2a.5.5 0 0 0 .5-.5V8H12v2a2 2 0 0 1-2 2H8Zm2-12a2 2 0 0 1 2 2v2h-1.5V2a.5.5 0 0 0-.5-.5H8V0h2Z\" \/>\n\t\t\t<\/svg>\n\t\t<\/button><figcaption class=\"wp-element-caption\">Coasta Sardiniei (Foto: Tommie Hansen from Stockholm, Sweden \/ Wikimedia Commons, CC BY 2.0)<\/figcaption><\/figure>\n\n\n\n<p class=\"wp-block-paragraph\">Potrivit prognozelor pe termen lung, plou\u0103 doar aproximativ 7,6 zile pe lun\u0103, ceea ce este o veste grozav\u0103 pentru to\u021bi c\u0103l\u0103torii activi. Dac\u0103 studiezi vremea detaliat\u0103 din <a href=\"https:\/\/loudavymkrokem.cz\/ro\/vremea-sardinia-italia\/\">Sardinia<\/a>, vei descoperi c\u0103 tocmai aceste condi\u021bii sunt absolut <strong>create pentru a explora insula pe patru ro\u021bi<\/strong>. \u00ce\u021bi recomand cu siguran\u021b\u0103 s\u0103-\u021bi planifici toat\u0103 <a href=\"https:\/\/loudavymkrokem.cz\/ro\/sardinia-italia-cu-masina\/\">Sardinia cu ma\u0219ina<\/a>, pentru c\u0103 doar a\u0219a ajungi la cele mai ascunse golfuri, pe care \u00een aceast\u0103 perioad\u0103 le vei avea numai \u0219i numai pentru tine.<\/p>\n\n\n\n<h3 class=\"wp-block-heading\" id=\"Korsika\"><span class=\"ez-toc-section\" id=\"Corsica\"><\/span>Corsica<span class=\"ez-toc-section-end\"><\/span><\/h3>\n\n\n\n<p class=\"wp-block-paragraph\">Al\u0103turata insul\u0103 francez\u0103 <a href=\"https:\/\/loudavymkrokem.cz\/ro\/corsica-franta-obiective\/\">Corsica<\/a> este renumit\u0103 pentru mun\u021bii s\u0103i s\u0103lbatici, care se \u00eenal\u021b\u0103 maiestuos direct de la malul m\u0103rii. Prim\u0103vara de aici este ceva mai proasp\u0103t\u0103, ziua vei m\u0103sura \u00een jur de 21,7 \u00b0C, iar nop\u021bile pot fi destul de reci, cu 12,9 \u00b0C, mai ales dac\u0103 te cazezi la altitudini mai mari. Temperatura apei se men\u021bine la 18,7 \u00b0C, iar precipita\u021biile apar \u00een medie 9,2 zile, ceea ce men\u021bine <strong>\u00eentreaga insul\u0103 minunat de \u00eenflorit\u0103 \u0219i parfumat\u0103<\/strong>.<\/p>\n\n\n\n<figure data-wp-context=\"{&quot;imageId&quot;:&quot;6a94e8f91dc6d&quot;}\" data-wp-interactive=\"core\/image\" data-wp-key=\"6a94e8f91dc6d\" class=\"wp-block-image size-full wp-lightbox-container\"><img decoding=\"async\" width=\"1500\" height=\"1000\" data-wp-class--hide=\"state.isContentHidden\" data-wp-class--show=\"state.isContentVisible\" data-wp-init=\"callbacks.setButtonStyles\" data-wp-on--click=\"actions.showLightbox\" data-wp-on--load=\"callbacks.setButtonStyles\" data-wp-on--pointerdown=\"actions.preloadImage\" data-wp-on--pointerenter=\"actions.preloadImageWithDelay\" data-wp-on--pointerleave=\"actions.cancelPreload\" data-wp-on-window--resize=\"callbacks.setButtonStyles\" src=\"https:\/\/loudavymkrokem.cz\/wp-content\/uploads\/2026\/08\/lk-korsika.jpg\" alt=\"St\u00e2ncile Corsicii\" class=\"wp-image-403013\" title=\"\" srcset=\"https:\/\/loudavymkrokem.cz\/wp-content\/uploads\/2026\/08\/lk-korsika.jpg 1500w, https:\/\/loudavymkrokem.cz\/wp-content\/uploads\/2026\/08\/lk-korsika-300x200.jpg 300w, https:\/\/loudavymkrokem.cz\/wp-content\/uploads\/2026\/08\/lk-korsika-700x467.jpg 700w, https:\/\/loudavymkrokem.cz\/wp-content\/uploads\/2026\/08\/lk-korsika-768x512.jpg 768w, https:\/\/loudavymkrokem.cz\/wp-content\/uploads\/2026\/08\/lk-korsika-696x464.jpg 696w, https:\/\/loudavymkrokem.cz\/wp-content\/uploads\/2026\/08\/lk-korsika-1392x928.jpg 1392w\" sizes=\"(max-width: 1500px) 100vw, 1500px\" \/><button\n\t\t\tclass=\"lightbox-trigger\"\n\t\t\ttype=\"button\"\n\t\t\taria-haspopup=\"dialog\"\n\t\t\tdata-wp-bind--aria-label=\"state.thisImage.triggerButtonAriaLabel\"\n\t\t\tdata-wp-init=\"callbacks.initTriggerButton\"\n\t\t\tdata-wp-on--click=\"actions.showLightbox\"\n\t\t\tdata-wp-style--right=\"state.thisImage.buttonRight\"\n\t\t\tdata-wp-style--top=\"state.thisImage.buttonTop\"\n\t\t>\n\t\t\t<svg xmlns=\"http:\/\/www.w3.org\/2000\/svg\" width=\"12\" height=\"12\" fill=\"none\" viewBox=\"0 0 12 12\">\n\t\t\t\t<path fill=\"#fff\" d=\"M2 0a2 2 0 0 0-2 2v2h1.5V2a.5.5 0 0 1 .5-.5h2V0H2Zm2 10.5H2a.5.5 0 0 1-.5-.5V8H0v2a2 2 0 0 0 2 2h2v-1.5ZM8 12v-1.5h2a.5.5 0 0 0 .5-.5V8H12v2a2 2 0 0 1-2 2H8Zm2-12a2 2 0 0 1 2 2v2h-1.5V2a.5.5 0 0 0-.5-.5H8V0h2Z\" \/>\n\t\t\t<\/svg>\n\t\t<\/button><figcaption class=\"wp-element-caption\">St\u00e2ncile Corsicii (Foto: Isiwal \/ Wikimedia Commons, CC BY-SA 3.0)<\/figcaption><\/figure>\n\n\n\n<p class=\"wp-block-paragraph\">Soarele va str\u0103luci 11,9 ore pe zi, ceea ce \u00ee\u021bi va oferi mult timp pentru drume\u021bii montane, pentru care insula este absolut celebr\u0103. C\u0103l\u0103torii sunt de acord c\u0103 un <a href=\"https:\/\/loudavymkrokem.cz\/ro\/road-trip-corsica-franta\/\">roadtrip de prim\u0103var\u0103 prin Corsica<\/a> este o idee fantastic\u0103, deoarece <strong>drumurile montane sunt \u00een sf\u00e2r\u0219it accesibile \u0219i sigure<\/strong>, evit\u00e2nd \u0219oferii agresivi de var\u0103. Nu rata cu niciun chip or\u0103\u0219elul str\u0103vechi Bonifacio, care pe st\u00e2ncile de calcar arat\u0103 absolut uimitor.<\/p>\n\n\n\n<h3 class=\"wp-block-heading\" id=\"Baleary_Mallorca_a_Menorca\"><span class=\"ez-toc-section\" id=\"Baleare_Mallorca_si_Menorca\"><\/span>Baleare: Mallorca \u0219i Menorca<span class=\"ez-toc-section-end\"><\/span><\/h3>\n\n\n\n<p class=\"wp-block-paragraph\">Insulele Baleare spaniole se num\u0103r\u0103 printre cele mai populare destina\u021bii europene, iar prim\u0103vara devin un adev\u0103rat paradis pentru bicicli\u0219ti \u0219i iubitorii de drume\u021bii. <a href=\"https:\/\/loudavymkrokem.cz\/ro\/mallorca-spania-obiective\/\">Mallorca<\/a> se poate l\u0103uda \u00een jurul ora\u0219ului Palma cu 23,6 \u00b0C ziua, soare care str\u0103luce\u0219te 12,4 ore \u0219i doar 6,9 zile de precipita\u021bii, a\u0219a c\u0103 <strong>ziua deja \u00eembraci absolut lejer pantaloni scur\u021bi<\/strong>. Noaptea temperaturile se situeaz\u0103 \u00een jurul valorii de 15,3 \u00b0C, iar marea are r\u0103coritoarele 19,8 \u00b0C, ceea ce este mai mult dec\u00e2t suficient pentru mul\u021bi turi\u0219ti mai rezisten\u021bi la \u00eenot.<\/p>\n\n\n\n<figure data-wp-context=\"{&quot;imageId&quot;:&quot;6a94e8f91e2a9&quot;}\" data-wp-interactive=\"core\/image\" data-wp-key=\"6a94e8f91e2a9\" class=\"wp-block-image size-full wp-lightbox-container\"><img decoding=\"async\" width=\"1500\" height=\"1125\" data-wp-class--hide=\"state.isContentHidden\" data-wp-class--show=\"state.isContentVisible\" data-wp-init=\"callbacks.setButtonStyles\" data-wp-on--click=\"actions.showLightbox\" data-wp-on--load=\"callbacks.setButtonStyles\" data-wp-on--pointerdown=\"actions.preloadImage\" data-wp-on--pointerenter=\"actions.preloadImageWithDelay\" data-wp-on--pointerleave=\"actions.cancelPreload\" data-wp-on-window--resize=\"callbacks.setButtonStyles\" src=\"https:\/\/loudavymkrokem.cz\/wp-content\/uploads\/2026\/08\/kam-na-dovolenou-v-rijnu-m33.jpg\" alt=\"Golf \u00een Mallorca\" class=\"wp-image-400550\" title=\"\" srcset=\"https:\/\/loudavymkrokem.cz\/wp-content\/uploads\/2026\/08\/kam-na-dovolenou-v-rijnu-m33.jpg 1500w, https:\/\/loudavymkrokem.cz\/wp-content\/uploads\/2026\/08\/kam-na-dovolenou-v-rijnu-m33-300x225.jpg 300w, https:\/\/loudavymkrokem.cz\/wp-content\/uploads\/2026\/08\/kam-na-dovolenou-v-rijnu-m33-700x525.jpg 700w, https:\/\/loudavymkrokem.cz\/wp-content\/uploads\/2026\/08\/kam-na-dovolenou-v-rijnu-m33-768x576.jpg 768w, https:\/\/loudavymkrokem.cz\/wp-content\/uploads\/2026\/08\/kam-na-dovolenou-v-rijnu-m33-80x60.jpg 80w, https:\/\/loudavymkrokem.cz\/wp-content\/uploads\/2026\/08\/kam-na-dovolenou-v-rijnu-m33-160x120.jpg 160w, https:\/\/loudavymkrokem.cz\/wp-content\/uploads\/2026\/08\/kam-na-dovolenou-v-rijnu-m33-696x522.jpg 696w, https:\/\/loudavymkrokem.cz\/wp-content\/uploads\/2026\/08\/kam-na-dovolenou-v-rijnu-m33-1392x1044.jpg 1392w\" sizes=\"(max-width: 1500px) 100vw, 1500px\" \/><button\n\t\t\tclass=\"lightbox-trigger\"\n\t\t\ttype=\"button\"\n\t\t\taria-haspopup=\"dialog\"\n\t\t\tdata-wp-bind--aria-label=\"state.thisImage.triggerButtonAriaLabel\"\n\t\t\tdata-wp-init=\"callbacks.initTriggerButton\"\n\t\t\tdata-wp-on--click=\"actions.showLightbox\"\n\t\t\tdata-wp-style--right=\"state.thisImage.buttonRight\"\n\t\t\tdata-wp-style--top=\"state.thisImage.buttonTop\"\n\t\t>\n\t\t\t<svg xmlns=\"http:\/\/www.w3.org\/2000\/svg\" width=\"12\" height=\"12\" fill=\"none\" viewBox=\"0 0 12 12\">\n\t\t\t\t<path fill=\"#fff\" d=\"M2 0a2 2 0 0 0-2 2v2h1.5V2a.5.5 0 0 1 .5-.5h2V0H2Zm2 10.5H2a.5.5 0 0 1-.5-.5V8H0v2a2 2 0 0 0 2 2h2v-1.5ZM8 12v-1.5h2a.5.5 0 0 0 .5-.5V8H12v2a2 2 0 0 1-2 2H8Zm2-12a2 2 0 0 1 2 2v2h-1.5V2a.5.5 0 0 0-.5-.5H8V0h2Z\" \/>\n\t\t\t<\/svg>\n\t\t<\/button><figcaption class=\"wp-element-caption\">Golf \u00een Mallorca (Foto: Xxlstier \/ Wikimedia Commons, CC BY-SA 4.0)<\/figcaption><\/figure>\n\n\n\n<p class=\"wp-block-paragraph\">Insula vecin\u0103 Ibiza ofer\u0103 condi\u021bii foarte asem\u0103n\u0103toare, cu temperaturi diurne de 23,1 \u00b0C \u0219i nocturne de 16,2 \u00b0C, dar se poate l\u0103uda cu \u0219i mai pu\u021bin\u0103 ploaie (4,1 zile) \u0219i 12,8 ore de str\u0103lucire a soarelui. Marea din jurul ambelor insule are \u00een mod identic 19,8 \u00b0C, iar plajele pu\u021bin ad\u00e2nci din Menorca se \u00eenc\u0103lzesc cel mai repede dintre toate. Cafenelele locale func\u021bioneaz\u0103 deja la capacitate maxim\u0103, <strong>portocalii parfumeaz\u0103 minunat toat\u0103 insula<\/strong> \u0219i te po\u021bi bucura de o atmosfer\u0103 lini\u0219tit\u0103, f\u0103r\u0103 petreceri zgomotoase.<\/p>\n\n\n\n<p class=\"wp-block-paragraph\"><strong>\ud83d\udca1 Sfat de cazare:<\/strong> <a href=\"https:\/\/www.stay22.com\/allez\/roam?aid=lukaskonecny&#038;campaign=loudavymkrokemcz&#038;campaign=kam-na-dovolenou-v-kvetnu&#038;hotelname=Ferrer%20Janeiro%20Hotel%20%26%20Spa&#038;address=Can%20Picafort%2C%20Mallorca%2C%20%C5%A0pan%C4%9Blsko\" target=\"_blank\" rel=\"noopener nofollow sponsored\">Ferrer Janeiro Hotel &#038; Spa<\/a> din Can Picafort<\/p>\n\n\n\n<h2 class=\"wp-block-heading\" id=\"Kam_v_kvetnu_do_hor_a_za_prirodou\"><span class=\"ez-toc-section\" id=\"Unde_la_munte_si_in_natura_in_mai\"><\/span>Unde la munte \u0219i \u00een natur\u0103 \u00een mai<span class=\"ez-toc-section-end\"><\/span><\/h2>\n\n\n\n<p class=\"wp-block-paragraph\">Mai este \u00een mun\u021bii europeni o lun\u0103 absolut fenomenal\u0103, pe drept numit\u0103 perioada cascadelor, pentru c\u0103 sus se tope\u0219te intens z\u0103pada de iarn\u0103. Apa se rostogole\u0219te cu o vitez\u0103 uria\u0219\u0103 \u00een vale, unde deja <strong>totul \u00eenflore\u0219te orbitor \u0219i miroase a prim\u0103var\u0103<\/strong>.<\/p>\n\n\n\n<p class=\"wp-block-paragraph\">Trebuie \u00eens\u0103 s\u0103 alegi cu aten\u021bie locurile, pentru c\u0103, \u00een timp ce jos \u00een piemont po\u021bi umbla deja \u00een tricou, sus \u00een mun\u021bi \u00eenc\u0103 domne\u0219te o iarn\u0103 destul de aspr\u0103. Mai jos \u00ee\u021bi aduc sfaturi despre cele mai <strong>frumoase destina\u021bii naturale<\/strong>, care \u00een aceast\u0103 perioad\u0103 cu siguran\u021b\u0103 nu te vor dezam\u0103gi.<\/p>\n\n\n\n<h3 class=\"wp-block-heading\" id=\"Dolomity_a_Alpy\"><span class=\"ez-toc-section\" id=\"Dolomitii_si_Alpii\"><\/span>Dolomi\u021bii \u0219i Alpii<span class=\"ez-toc-section-end\"><\/span><\/h3>\n\n\n\n<p class=\"wp-block-paragraph\">O excursie \u00een Alpii italieni sau austrieci la sf\u00e2r\u0219itul prim\u0103verii necesit\u0103 pu\u021bin\u0103 planificare, dar priveli\u0219tile spre paji\u0219tile verzi de sub v\u00e2rfurile \u00eenz\u0103pezite merit\u0103 cu siguran\u021b\u0103. \u00cen localitatea austriac\u0103 Zell am See vei m\u0103sura ziua simpaticele 17,5 \u00b0C cu 7,0 \u00b0C noaptea, \u00een timp ce Cortina d&#8217;Ampezzo, situat\u0103 la mare altitudine, raporteaz\u0103 13,5 \u00b0C ziua \u0219i, noaptea, destul de gerosele 4,4 \u00b0C. \u021aine cont \u0219i de faptul c\u0103 poate ploua p\u00e2n\u0103 la 22,7 zile \u00een partea italian\u0103 \u0219i 20,2 zile \u00een cea austriac\u0103, a\u0219a c\u0103 <strong>o geac\u0103 impermeabil\u0103 de calitate este o necesitate absolut\u0103<\/strong>.<\/p>\n\n\n\n<figure data-wp-context=\"{&quot;imageId&quot;:&quot;6a94e8f91ea8d&quot;}\" data-wp-interactive=\"core\/image\" data-wp-key=\"6a94e8f91ea8d\" class=\"wp-block-image size-full wp-lightbox-container\"><img decoding=\"async\" width=\"1500\" height=\"937\" data-wp-class--hide=\"state.isContentHidden\" data-wp-class--show=\"state.isContentVisible\" data-wp-init=\"callbacks.setButtonStyles\" data-wp-on--click=\"actions.showLightbox\" data-wp-on--load=\"callbacks.setButtonStyles\" data-wp-on--pointerdown=\"actions.preloadImage\" data-wp-on--pointerenter=\"actions.preloadImageWithDelay\" data-wp-on--pointerleave=\"actions.cancelPreload\" data-wp-on-window--resize=\"callbacks.setButtonStyles\" src=\"https:\/\/loudavymkrokem.cz\/wp-content\/uploads\/2026\/08\/kam-na-dovolenou-v-rijnu-m26.jpg\" alt=\"Larici \u00een Dolomi\u021bi toamna\" class=\"wp-image-400520\" title=\"\" srcset=\"https:\/\/loudavymkrokem.cz\/wp-content\/uploads\/2026\/08\/kam-na-dovolenou-v-rijnu-m26.jpg 1500w, https:\/\/loudavymkrokem.cz\/wp-content\/uploads\/2026\/08\/kam-na-dovolenou-v-rijnu-m26-300x187.jpg 300w, https:\/\/loudavymkrokem.cz\/wp-content\/uploads\/2026\/08\/kam-na-dovolenou-v-rijnu-m26-700x437.jpg 700w, https:\/\/loudavymkrokem.cz\/wp-content\/uploads\/2026\/08\/kam-na-dovolenou-v-rijnu-m26-768x480.jpg 768w, https:\/\/loudavymkrokem.cz\/wp-content\/uploads\/2026\/08\/kam-na-dovolenou-v-rijnu-m26-696x435.jpg 696w, https:\/\/loudavymkrokem.cz\/wp-content\/uploads\/2026\/08\/kam-na-dovolenou-v-rijnu-m26-1392x870.jpg 1392w\" sizes=\"(max-width: 1500px) 100vw, 1500px\" \/><button\n\t\t\tclass=\"lightbox-trigger\"\n\t\t\ttype=\"button\"\n\t\t\taria-haspopup=\"dialog\"\n\t\t\tdata-wp-bind--aria-label=\"state.thisImage.triggerButtonAriaLabel\"\n\t\t\tdata-wp-init=\"callbacks.initTriggerButton\"\n\t\t\tdata-wp-on--click=\"actions.showLightbox\"\n\t\t\tdata-wp-style--right=\"state.thisImage.buttonRight\"\n\t\t\tdata-wp-style--top=\"state.thisImage.buttonTop\"\n\t\t>\n\t\t\t<svg xmlns=\"http:\/\/www.w3.org\/2000\/svg\" width=\"12\" height=\"12\" fill=\"none\" viewBox=\"0 0 12 12\">\n\t\t\t\t<path fill=\"#fff\" d=\"M2 0a2 2 0 0 0-2 2v2h1.5V2a.5.5 0 0 1 .5-.5h2V0H2Zm2 10.5H2a.5.5 0 0 1-.5-.5V8H0v2a2 2 0 0 0 2 2h2v-1.5ZM8 12v-1.5h2a.5.5 0 0 0 .5-.5V8H12v2a2 2 0 0 1-2 2H8Zm2-12a2 2 0 0 1 2 2v2h-1.5V2a.5.5 0 0 0-.5-.5H8V0h2Z\" \/>\n\t\t\t<\/svg>\n\t\t<\/button><figcaption class=\"wp-element-caption\">Larici \u00een Dolomi\u021bi toamna (Foto: Julien Seguinot \/ Wikimedia Commons, CC BY-SA 3.0)<\/figcaption><\/figure>\n\n\n\n<p class=\"wp-block-paragraph\">Soarele r\u0103sare aici cam 9 ore pe zi, dar trebuie s\u0103 te avertizez sincer \u00een privin\u021ba alegerii traseelor turistice. Trekurile de altitudine \u0219i lacurile fotogenice minunate precum <a href=\"https:\/\/loudavymkrokem.cz\/ro\/lago-di-sorapis-dolomiti-italia\/\">Lago di Sorapis<\/a> <strong>sunt \u00een mai \u00eenc\u0103 sub un strat gros de z\u0103pad\u0103<\/strong>, potecile sunt destul de alunecoase, iar cabanele montane (rifugia) r\u0103m\u00e2n de obicei \u00eenchise. Mai bine r\u0103m\u00e2i la altitudini mai joase \u0219i exploreaz\u0103 <a href=\"https:\/\/loudavymkrokem.cz\/ro\/dolomiti-italia-cu-copiii\/\">Dolomi\u021bii cu copiii<\/a>, unde vei g\u0103si o mul\u021bime de poteci sigure \u0219i frumos de parcurs \u00een jurul paji\u0219tilor \u00eenflorite.<\/p>\n\n\n\n<h3 class=\"wp-block-heading\" id=\"Island_zacatek_nejlepsi_sezony\"><span class=\"ez-toc-section\" id=\"Islanda_inceputul_celui_mai_bun_sezon\"><\/span>Islanda: \u00eenceputul celui mai bun sezon<span class=\"ez-toc-section-end\"><\/span><\/h3>\n\n\n\n<p class=\"wp-block-paragraph\">Dac\u0103 te g\u00e2nde\u0219ti <a href=\"https:\/\/loudavymkrokem.cz\/ro\/cand-sa-mergi-islanda\/\">c\u00e2nd s\u0103 mergi \u00een Islanda<\/a>, crede-m\u0103 c\u0103 tocmai a cincea lun\u0103 a anului este o mare favorit\u0103 a multor aventurieri experimenta\u021bi. La Reykjav\u00edk, temperaturile diurne ajung doar la 8,7 \u00b0C \u0219i noaptea scad la 3,7 \u00b0C, dar <strong>\u00een sf\u00e2r\u0219it se retrag gerurile aspre de iarn\u0103<\/strong> \u0219i soarele se arat\u0103 9,4 ore pe zi. Apa din ocean are \u00eenghe\u021batele 7,0 \u00b0C, iar ploile te pot surprinde p\u00e2n\u0103 la 18,5 zile pe lun\u0103, a\u0219a c\u0103 preg\u0103te\u0219te-te pentru toate tipurile de vreme \u00eentr-o singur\u0103 or\u0103.<\/p>\n\n\n\n<figure data-wp-context=\"{&quot;imageId&quot;:&quot;6a94e8f91f0d6&quot;}\" data-wp-interactive=\"core\/image\" data-wp-key=\"6a94e8f91f0d6\" class=\"wp-block-image size-full wp-lightbox-container\"><img decoding=\"async\" width=\"1500\" height=\"1000\" data-wp-class--hide=\"state.isContentHidden\" data-wp-class--show=\"state.isContentVisible\" data-wp-init=\"callbacks.setButtonStyles\" data-wp-on--click=\"actions.showLightbox\" data-wp-on--load=\"callbacks.setButtonStyles\" data-wp-on--pointerdown=\"actions.preloadImage\" data-wp-on--pointerenter=\"actions.preloadImageWithDelay\" data-wp-on--pointerleave=\"actions.cancelPreload\" data-wp-on-window--resize=\"callbacks.setButtonStyles\" src=\"https:\/\/loudavymkrokem.cz\/wp-content\/uploads\/2026\/08\/kam-na-dovolenou-v-rijnu-m28.jpg\" alt=\"Aurora boreal\u0103 deasupra Islandei\" class=\"wp-image-400528\" title=\"\" srcset=\"https:\/\/loudavymkrokem.cz\/wp-content\/uploads\/2026\/08\/kam-na-dovolenou-v-rijnu-m28.jpg 1500w, https:\/\/loudavymkrokem.cz\/wp-content\/uploads\/2026\/08\/kam-na-dovolenou-v-rijnu-m28-300x200.jpg 300w, https:\/\/loudavymkrokem.cz\/wp-content\/uploads\/2026\/08\/kam-na-dovolenou-v-rijnu-m28-700x467.jpg 700w, https:\/\/loudavymkrokem.cz\/wp-content\/uploads\/2026\/08\/kam-na-dovolenou-v-rijnu-m28-768x512.jpg 768w, https:\/\/loudavymkrokem.cz\/wp-content\/uploads\/2026\/08\/kam-na-dovolenou-v-rijnu-m28-696x464.jpg 696w, https:\/\/loudavymkrokem.cz\/wp-content\/uploads\/2026\/08\/kam-na-dovolenou-v-rijnu-m28-1392x928.jpg 1392w\" sizes=\"(max-width: 1500px) 100vw, 1500px\" \/><button\n\t\t\tclass=\"lightbox-trigger\"\n\t\t\ttype=\"button\"\n\t\t\taria-haspopup=\"dialog\"\n\t\t\tdata-wp-bind--aria-label=\"state.thisImage.triggerButtonAriaLabel\"\n\t\t\tdata-wp-init=\"callbacks.initTriggerButton\"\n\t\t\tdata-wp-on--click=\"actions.showLightbox\"\n\t\t\tdata-wp-style--right=\"state.thisImage.buttonRight\"\n\t\t\tdata-wp-style--top=\"state.thisImage.buttonTop\"\n\t\t>\n\t\t\t<svg xmlns=\"http:\/\/www.w3.org\/2000\/svg\" width=\"12\" height=\"12\" fill=\"none\" viewBox=\"0 0 12 12\">\n\t\t\t\t<path fill=\"#fff\" d=\"M2 0a2 2 0 0 0-2 2v2h1.5V2a.5.5 0 0 1 .5-.5h2V0H2Zm2 10.5H2a.5.5 0 0 1-.5-.5V8H0v2a2 2 0 0 0 2 2h2v-1.5ZM8 12v-1.5h2a.5.5 0 0 0 .5-.5V8H12v2a2 2 0 0 1-2 2H8Zm2-12a2 2 0 0 1 2 2v2h-1.5V2a.5.5 0 0 0-.5-.5H8V0h2Z\" \/>\n\t\t\t<\/svg>\n\t\t<\/button><figcaption class=\"wp-element-caption\">Aurora boreal\u0103 deasupra Islandei (Foto: Giles Laurent \/ Wikimedia Commons, CC BY-SA 4.0)<\/figcaption><\/figure>\n\n\n\n<p class=\"wp-block-paragraph\">Tocmai \u00een aceast\u0103 perioad\u0103 insula \u00eencepe \u00eens\u0103 s\u0103 se trezeasc\u0103 \u00eencet, zilele se prelungesc incredibil de mult \u0219i po\u021bi explora cascadele vuietoare lini\u0219tit p\u00e2n\u0103 seara t\u00e2rziu. Atrac\u021bia principal\u0103 este faptul c\u0103 se <strong>deschid treptat drumurile spre interiorul insulei<\/strong>, care au fost impracticabile toat\u0103 iarna, iar tu ajungi astfel la cele mai mari bijuterii naturale. Dac\u0103 parcurgi orice <a href=\"https:\/\/loudavymkrokem.cz\/ro\/ghid-complet-islanda\/\">ghid al Islandei<\/a> bun, vei descoperi c\u0103 evi\u021bi lejer mul\u021bimile enervante de turi\u0219ti din var\u0103 \u0219i vei avea o mul\u021bime de belvederi numai pentru tine.<\/p>\n\n\n\n<h3 class=\"wp-block-heading\" id=\"Norsko_a_fjordy\"><span class=\"ez-toc-section\" id=\"Norvegia_si_fiordurile\"><\/span>Norvegia \u0219i fiordurile<span class=\"ez-toc-section-end\"><\/span><\/h3>\n\n\n\n<p class=\"wp-block-paragraph\">Scandinavia este prim\u0103vara absolut magic\u0103, iar fiordurile norvegiene \u00eenconjurate de pov\u00e2rni\u0219uri verzi arat\u0103 ca decupate dintr-un film fantastic. La Bergen \u0219i \u00een \u00eemprejurimile sale, maximele diurne se situeaz\u0103 \u00een jur de 13,5 \u00b0C, noaptea coboar\u0103 spre 5,7 \u00b0C, iar marea are foarte recii 11,0 \u00b0C. C\u00e2nd decizi <a href=\"https:\/\/loudavymkrokem.cz\/ro\/vremea-clima-norvegia\/\">c\u00e2nd s\u0103 mergi \u00een Norvegia<\/a>, trebuie s\u0103 iei \u00een calcul c\u0103 plou\u0103 aproximativ 14,9 zile pe lun\u0103, \u00eens\u0103 razele soarelui le vei savura frumoasele 10,6 ore pe zi, ceea ce este <strong>un compromis ideal pentru o vacan\u021b\u0103 activ\u0103<\/strong>.<\/p>\n\n\n\n<figure data-wp-context=\"{&quot;imageId&quot;:&quot;6a94e8f91f6f2&quot;}\" data-wp-interactive=\"core\/image\" data-wp-key=\"6a94e8f91f6f2\" class=\"wp-block-image size-full wp-lightbox-container\"><img decoding=\"async\" width=\"1500\" height=\"1000\" data-wp-class--hide=\"state.isContentHidden\" data-wp-class--show=\"state.isContentVisible\" data-wp-init=\"callbacks.setButtonStyles\" data-wp-on--click=\"actions.showLightbox\" data-wp-on--load=\"callbacks.setButtonStyles\" data-wp-on--pointerdown=\"actions.preloadImage\" data-wp-on--pointerenter=\"actions.preloadImageWithDelay\" data-wp-on--pointerleave=\"actions.cancelPreload\" data-wp-on-window--resize=\"callbacks.setButtonStyles\" src=\"https:\/\/loudavymkrokem.cz\/wp-content\/uploads\/2026\/08\/kam-na-dovolenou-v-rijnu-m29.jpg\" alt=\"Fiordurile norvegiene \u0219i aurora boreal\u0103\" class=\"wp-image-400532\" title=\"\" srcset=\"https:\/\/loudavymkrokem.cz\/wp-content\/uploads\/2026\/08\/kam-na-dovolenou-v-rijnu-m29.jpg 1500w, https:\/\/loudavymkrokem.cz\/wp-content\/uploads\/2026\/08\/kam-na-dovolenou-v-rijnu-m29-300x200.jpg 300w, https:\/\/loudavymkrokem.cz\/wp-content\/uploads\/2026\/08\/kam-na-dovolenou-v-rijnu-m29-700x467.jpg 700w, https:\/\/loudavymkrokem.cz\/wp-content\/uploads\/2026\/08\/kam-na-dovolenou-v-rijnu-m29-768x512.jpg 768w, https:\/\/loudavymkrokem.cz\/wp-content\/uploads\/2026\/08\/kam-na-dovolenou-v-rijnu-m29-696x464.jpg 696w, https:\/\/loudavymkrokem.cz\/wp-content\/uploads\/2026\/08\/kam-na-dovolenou-v-rijnu-m29-1392x928.jpg 1392w\" sizes=\"(max-width: 1500px) 100vw, 1500px\" \/><button\n\t\t\tclass=\"lightbox-trigger\"\n\t\t\ttype=\"button\"\n\t\t\taria-haspopup=\"dialog\"\n\t\t\tdata-wp-bind--aria-label=\"state.thisImage.triggerButtonAriaLabel\"\n\t\t\tdata-wp-init=\"callbacks.initTriggerButton\"\n\t\t\tdata-wp-on--click=\"actions.showLightbox\"\n\t\t\tdata-wp-style--right=\"state.thisImage.buttonRight\"\n\t\t\tdata-wp-style--top=\"state.thisImage.buttonTop\"\n\t\t>\n\t\t\t<svg xmlns=\"http:\/\/www.w3.org\/2000\/svg\" width=\"12\" height=\"12\" fill=\"none\" viewBox=\"0 0 12 12\">\n\t\t\t\t<path fill=\"#fff\" d=\"M2 0a2 2 0 0 0-2 2v2h1.5V2a.5.5 0 0 1 .5-.5h2V0H2Zm2 10.5H2a.5.5 0 0 1-.5-.5V8H0v2a2 2 0 0 0 2 2h2v-1.5ZM8 12v-1.5h2a.5.5 0 0 0 .5-.5V8H12v2a2 2 0 0 1-2 2H8Zm2-12a2 2 0 0 1 2 2v2h-1.5V2a.5.5 0 0 0-.5-.5H8V0h2Z\" \/>\n\t\t\t<\/svg>\n\t\t<\/button><figcaption class=\"wp-element-caption\">Fiordurile norvegiene \u0219i aurora boreal\u0103 (Foto: Johannes Groll followhansi \/ Wikimedia Commons, CC0)<\/figcaption><\/figure>\n\n\n\n<p class=\"wp-block-paragraph\">Topirea z\u0103pezii de prim\u0103var\u0103 din mun\u021bii din jur face ca toate acele faimoase cascade \u0219i c\u0103deri de ap\u0103 de-a lungul fiordurilor s\u0103 aib\u0103 o for\u021b\u0103 uria\u0219\u0103 \u0219i s\u0103 se pr\u0103v\u0103leasc\u0103 cu un vuiet asurzitor. Ar fi un mare p\u0103cat s\u0103 ratezi renumita plimbare oferit\u0103 de <a href=\"https:\/\/loudavymkrokem.cz\/ro\/flam-norvegia-flamsbana\/\">Calea ferat\u0103 Fl\u00e5m<\/a>, pentru c\u0103 <strong>priveli\u0219tile de la fereastr\u0103 spre natura care se treze\u0219te te vor dezarma complet<\/strong>. \u00cempacheteaz\u0103 \u00een rucsac c\u00e2teva straturi calde \u0219i porne\u0219te s\u0103 inspiri aerul proasp\u0103t nordic \u00eenainte ca porturile s\u0103 se umple de mari vase de croazier\u0103.<\/p>\n\n\n\n<h3 class=\"wp-block-heading\" id=\"Vysoke_Tatry_a_Slovensko\"><span class=\"ez-toc-section\" id=\"Muntii_Tatra_si_Slovacia\"><\/span>Mun\u021bii Tatra \u0219i Slovacia<span class=\"ez-toc-section-end\"><\/span><\/h3>\n\n\n\n<p class=\"wp-block-paragraph\">Pentru natur\u0103 montan\u0103 de o frumuse\u021be rar\u0103 nu trebuie s\u0103 mergem nic\u0103ieri departe, deoarece la vecinii no\u0219tri slovaci prim\u0103vara este o adev\u0103rat\u0103 \u00eenc\u00e2ntare pentru ochi. La \u0160trbsk\u00e9 Pleso, temperaturile diurne urc\u0103 la 11,1 \u00b0C, \u00een timp ce nop\u021bile r\u0103m\u00e2n foarte r\u0103coroase, cu 3,4 \u00b0C, iar precipita\u021biile apar cam 18,4 zile pe lun\u0103. Cu toate acestea, soarele \u00ee\u021bi va \u021bine companie 11,1 ore pe zi, a\u0219a c\u0103 <strong>pentru plimb\u0103ri \u00een jurul lacurilor montane este o adev\u0103rat\u0103 poveste<\/strong>.<\/p>\n\n\n\n<figure data-wp-context=\"{&quot;imageId&quot;:&quot;6a94e8f91fee5&quot;}\" data-wp-interactive=\"core\/image\" data-wp-key=\"6a94e8f91fee5\" class=\"wp-block-image size-full wp-lightbox-container\"><img decoding=\"async\" width=\"1500\" height=\"1000\" data-wp-class--hide=\"state.isContentHidden\" data-wp-class--show=\"state.isContentVisible\" data-wp-init=\"callbacks.setButtonStyles\" data-wp-on--click=\"actions.showLightbox\" data-wp-on--load=\"callbacks.setButtonStyles\" data-wp-on--pointerdown=\"actions.preloadImage\" data-wp-on--pointerenter=\"actions.preloadImageWithDelay\" data-wp-on--pointerleave=\"actions.cancelPreload\" data-wp-on-window--resize=\"callbacks.setButtonStyles\" src=\"https:\/\/loudavymkrokem.cz\/wp-content\/uploads\/2026\/08\/kam-na-dovolenou-v-unoru-f18.jpg\" alt=\"Mun\u021bii Tatra iarna\" class=\"wp-image-400821\" title=\"\" srcset=\"https:\/\/loudavymkrokem.cz\/wp-content\/uploads\/2026\/08\/kam-na-dovolenou-v-unoru-f18.jpg 1500w, https:\/\/loudavymkrokem.cz\/wp-content\/uploads\/2026\/08\/kam-na-dovolenou-v-unoru-f18-300x200.jpg 300w, https:\/\/loudavymkrokem.cz\/wp-content\/uploads\/2026\/08\/kam-na-dovolenou-v-unoru-f18-700x467.jpg 700w, https:\/\/loudavymkrokem.cz\/wp-content\/uploads\/2026\/08\/kam-na-dovolenou-v-unoru-f18-768x512.jpg 768w, https:\/\/loudavymkrokem.cz\/wp-content\/uploads\/2026\/08\/kam-na-dovolenou-v-unoru-f18-696x464.jpg 696w, https:\/\/loudavymkrokem.cz\/wp-content\/uploads\/2026\/08\/kam-na-dovolenou-v-unoru-f18-1392x928.jpg 1392w\" sizes=\"(max-width: 1500px) 100vw, 1500px\" \/><button\n\t\t\tclass=\"lightbox-trigger\"\n\t\t\ttype=\"button\"\n\t\t\taria-haspopup=\"dialog\"\n\t\t\tdata-wp-bind--aria-label=\"state.thisImage.triggerButtonAriaLabel\"\n\t\t\tdata-wp-init=\"callbacks.initTriggerButton\"\n\t\t\tdata-wp-on--click=\"actions.showLightbox\"\n\t\t\tdata-wp-style--right=\"state.thisImage.buttonRight\"\n\t\t\tdata-wp-style--top=\"state.thisImage.buttonTop\"\n\t\t>\n\t\t\t<svg xmlns=\"http:\/\/www.w3.org\/2000\/svg\" width=\"12\" height=\"12\" fill=\"none\" viewBox=\"0 0 12 12\">\n\t\t\t\t<path fill=\"#fff\" d=\"M2 0a2 2 0 0 0-2 2v2h1.5V2a.5.5 0 0 1 .5-.5h2V0H2Zm2 10.5H2a.5.5 0 0 1-.5-.5V8H0v2a2 2 0 0 0 2 2h2v-1.5ZM8 12v-1.5h2a.5.5 0 0 0 .5-.5V8H12v2a2 2 0 0 1-2 2H8Zm2-12a2 2 0 0 1 2 2v2h-1.5V2a.5.5 0 0 0-.5-.5H8V0h2Z\" \/>\n\t\t\t<\/svg>\n\t\t<\/button><figcaption class=\"wp-element-caption\">Mun\u021bii Tatra iarna (Foto: Kacper Wolski \/ Pexels)<\/figcaption><\/figure>\n\n\n\n<p class=\"wp-block-paragraph\">Re\u021bine te rog c\u0103 multe trasee de altitudine \u0219i \u0219ei sunt supuse, p\u00e2n\u0103 la mijlocul lunii iunie, unei \u00eenchideri de iarn\u0103 pentru protec\u021bia naturii \u0219i siguran\u021ba turi\u0219tilor. Chiar \u0219i a\u0219a, vei g\u0103si <a href=\"https:\/\/loudavymkrokem.cz\/ro\/trasee-muntii-tatra-slovacia\/\">trekuri fantastice \u00een Mun\u021bii Tatra<\/a>, care duc prin v\u0103i situate mai jos sau spre cabanele populare deschise tot anul. C\u0103l\u0103torii laud\u0103 cel mai mult, la mai, <strong>lini\u0219tea incredibil\u0103 \u0219i aerul proasp\u0103t de munte<\/strong>, care alung\u0103 cu siguran\u021b\u0103 din pl\u0103m\u00e2ni tot smogul citadin.<\/p>\n\n\n\n<h2 class=\"wp-block-heading\" id=\"Kam_v_kvetnu_v_Cesku\"><span class=\"ez-toc-section\" id=\"Unde_in_Cehia_in_mai\"><\/span>Unde \u00een Cehia \u00een mai<span class=\"ez-toc-section-end\"><\/span><\/h2>\n\n\n\n<p class=\"wp-block-paragraph\">Nu trebuie neap\u0103rat s\u0103 treci grani\u021bele ca s\u0103 te bucuri de o vacan\u021b\u0103 grozav\u0103, pentru c\u0103 mai este la noi \u00een Cehia, f\u0103r\u0103 \u00eendoial\u0103, <strong>cea mai verde \u0219i cea mai suculent\u0103 lun\u0103 dintre toate<\/strong>. Copacii se acoper\u0103 cu frunzi\u0219 proasp\u0103t, paji\u0219tile \u00eenfloresc, iar temperaturile sunt tocmai bune pentru descoperirea monumentelor \u0219i pentru drume\u021bii.<\/p>\n\n\n\n<p class=\"wp-block-paragraph\">Un avantaj uria\u0219 sunt \u0219i cele dou\u0103 s\u0103rb\u0103tori legale, care, printr-o planificare abil\u0103 a concediului, te ajut\u0103 s\u0103 creezi weekenduri prelungite pline de experien\u021be grozave. Hai s\u0103 vedem <strong>unde merit\u0103 s\u0103 pornim prim\u0103vara prin republica noastr\u0103<\/strong>.<\/p>\n\n\n\n<h3 class=\"wp-block-heading\" id=\"Cesko_rozkvetla_krajina_a_prazdne_skaly\"><span class=\"ez-toc-section\" id=\"Cehia_peisaj_inflorit_si_stanci_pustii\"><\/span>Cehia: peisaj \u00eenflorit \u0219i st\u00e2nci pustii<span class=\"ez-toc-section-end\"><\/span><\/h3>\n\n\n\n<p class=\"wp-block-paragraph\">Vremea de prim\u0103var\u0103 la noi poate fi minunat de pl\u0103cut\u0103; la Praga, temperaturile diurne medii ating 19,4 \u00b0C, iar \u00een \u00eensorita Moravie de Sud, \u00een jurul localit\u0103\u021bii Mikulov, chiar 19,5 \u00b0C. Nop\u021bile sunt \u00eenc\u0103 pu\u021bin mai r\u0103coroase \u2014 \u00een capital\u0103 vei m\u0103sura 9,1 \u00b0C, iar \u00een Moravia 10,1 \u00b0C, cu aproximativ 11,8 p\u00e2n\u0103 la 13,1 zile ploioase pe lun\u0103. \u00cen schimb, te vei bucura de peste 10 ore de str\u0103lucire a soarelui pe zi, ceea ce creeaz\u0103 <strong>un decor perfect pentru excursii lungi cu toat\u0103 familia<\/strong>.<\/p>\n\n\n\n<figure data-wp-context=\"{&quot;imageId&quot;:&quot;6a94e8f920626&quot;}\" data-wp-interactive=\"core\/image\" data-wp-key=\"6a94e8f920626\" class=\"wp-block-image size-full wp-lightbox-container\"><img decoding=\"async\" width=\"1500\" height=\"1000\" data-wp-class--hide=\"state.isContentHidden\" data-wp-class--show=\"state.isContentVisible\" data-wp-init=\"callbacks.setButtonStyles\" data-wp-on--click=\"actions.showLightbox\" data-wp-on--load=\"callbacks.setButtonStyles\" data-wp-on--pointerdown=\"actions.preloadImage\" data-wp-on--pointerenter=\"actions.preloadImageWithDelay\" data-wp-on--pointerleave=\"actions.cancelPreload\" data-wp-on-window--resize=\"callbacks.setButtonStyles\" src=\"https:\/\/loudavymkrokem.cz\/wp-content\/uploads\/2026\/08\/lk-morava.jpg\" alt=\"P\u00e1lava \u0219i Moravia de Sud\" class=\"wp-image-403038\" title=\"\" srcset=\"https:\/\/loudavymkrokem.cz\/wp-content\/uploads\/2026\/08\/lk-morava.jpg 1500w, https:\/\/loudavymkrokem.cz\/wp-content\/uploads\/2026\/08\/lk-morava-300x200.jpg 300w, https:\/\/loudavymkrokem.cz\/wp-content\/uploads\/2026\/08\/lk-morava-700x467.jpg 700w, https:\/\/loudavymkrokem.cz\/wp-content\/uploads\/2026\/08\/lk-morava-768x512.jpg 768w, https:\/\/loudavymkrokem.cz\/wp-content\/uploads\/2026\/08\/lk-morava-696x464.jpg 696w, https:\/\/loudavymkrokem.cz\/wp-content\/uploads\/2026\/08\/lk-morava-1392x928.jpg 1392w\" sizes=\"(max-width: 1500px) 100vw, 1500px\" \/><button\n\t\t\tclass=\"lightbox-trigger\"\n\t\t\ttype=\"button\"\n\t\t\taria-haspopup=\"dialog\"\n\t\t\tdata-wp-bind--aria-label=\"state.thisImage.triggerButtonAriaLabel\"\n\t\t\tdata-wp-init=\"callbacks.initTriggerButton\"\n\t\t\tdata-wp-on--click=\"actions.showLightbox\"\n\t\t\tdata-wp-style--right=\"state.thisImage.buttonRight\"\n\t\t\tdata-wp-style--top=\"state.thisImage.buttonTop\"\n\t\t>\n\t\t\t<svg xmlns=\"http:\/\/www.w3.org\/2000\/svg\" width=\"12\" height=\"12\" fill=\"none\" viewBox=\"0 0 12 12\">\n\t\t\t\t<path fill=\"#fff\" d=\"M2 0a2 2 0 0 0-2 2v2h1.5V2a.5.5 0 0 1 .5-.5h2V0H2Zm2 10.5H2a.5.5 0 0 1-.5-.5V8H0v2a2 2 0 0 0 2 2h2v-1.5ZM8 12v-1.5h2a.5.5 0 0 0 .5-.5V8H12v2a2 2 0 0 1-2 2H8Zm2-12a2 2 0 0 1 2 2v2h-1.5V2a.5.5 0 0 0-.5-.5H8V0h2Z\" \/>\n\t\t\t<\/svg>\n\t\t<\/button><figcaption class=\"wp-element-caption\">P\u00e1lava \u0219i Moravia de Sud (Foto: Arielle.desoucey \/ Wikimedia Commons, CC BY-SA 4.0)<\/figcaption><\/figure>\n\n\n\n<p class=\"wp-block-paragraph\">C\u0103l\u0103torii recomand\u0103 enorm s\u0103 profi\u021bi de aceast\u0103 perioad\u0103 pentru a vizita popularele ora\u0219e de gresie, deoarece <a href=\"https:\/\/loudavymkrokem.cz\/ro\/elvetia-ceha-ghid-obiective\/\">Elve\u021bia Ceh\u0103<\/a> sau Paradisul Ceh sunt, \u00eenainte de sezonul principal, pl\u0103cut de pustii. O experien\u021b\u0103 absolut uimitoare este \u0219i plimbarea cu barca prin <a href=\"https:\/\/loudavymkrokem.cz\/ro\/cheile-kamenice-cehia\/\">defileele Kamenice<\/a>, unde <strong>te \u00eenconjoar\u0103 ferigu\u021be \u0219i mu\u0219chi de un verde intens<\/strong>, pe care vara canicular\u0103 i-ai c\u0103uta \u00een zadar.<\/p>\n\n\n\n<p class=\"wp-block-paragraph\">Dac\u0103 preferi plimb\u0103ri mai lejere, pe teren plan, cu un pahar de vin \u00een m\u00e2n\u0103, porne\u0219te spre P\u00e1lava sau planific\u0103 o vizit\u0103 la complexul uimitor pe care \u00eel ofer\u0103 <a href=\"https:\/\/loudavymkrokem.cz\/ro\/castelul-lednice-cehia\/\">castelul Lednice<\/a>. Gr\u0103dinile castelului trec tocmai prin perioada de maxim\u0103 \u00eenflorire, <strong>peste tot miroase a liliac \u0219i lalele<\/strong>, iar tu po\u021bi hoin\u0103ri ore \u00eentregi prin parcul plin de mici construc\u021bii romantice. \u00cen plus, se deschid \u00een sf\u00e2r\u0219it toate cet\u0103\u021bile \u0219i castelele dup\u0103 pauza de iarn\u0103, a\u0219a c\u0103 ai cu siguran\u021b\u0103 programul de weekend asigurat \u263a\ufe0f.<\/p>\n\n\n\n<h2 class=\"wp-block-heading\" id=\"Kam_dal\"><span class=\"ez-toc-section\" id=\"Ce_urmeaza_alte_sfaturi_de_calatorie\"><\/span>Ce urmeaz\u0103: alte sfaturi de c\u0103l\u0103torie<span class=\"ez-toc-section-end\"><\/span><\/h2>\n\n\n\n<p class=\"wp-block-paragraph\">Dac\u0103 \u00eenc\u0103 ezi\u021bi \u00een privin\u021ba datei sau a destina\u021biei, arunc\u0103 o privire \u0219i la aceste articole.<\/p>\n\n\n\n<ul class=\"wp-block-list\">\n\n<li><a href=\"https:\/\/loudavymkrokem.cz\/ro\/vacanta-aprilie-destinatii\/\">Unde \u00een vacan\u021b\u0103 \u00een aprilie<\/a><\/li>\n\n\n<li><a href=\"https:\/\/loudavymkrokem.cz\/ro\/vacanta-iunie-destinatii\/\">Unde \u00een vacan\u021b\u0103 \u00een iunie<\/a><\/li>\n\n\n<li><a href=\"https:\/\/loudavymkrokem.cz\/ro\/vacanta-septembrie-idei\/\">Unde \u00een vacan\u021b\u0103 \u00een septembrie<\/a><\/li>\n\n\n<li><a href=\"https:\/\/loudavymkrokem.cz\/ro\/bilete-avion-ieftine\/\">Cum s\u0103 g\u0103se\u0219ti bilete de avion ieftine<\/a><\/li>\n\n\n<li><a href=\"https:\/\/loudavymkrokem.cz\/jak-vybrat-cestovni-pojisteni-na-dovolenou\/\">Asigurarea de c\u0103l\u0103torie: cum s\u0103 o alegi<\/a><\/li>\n\n<\/ul>\n\n\n\n<h2 class=\"wp-block-heading\"><span class=\"ez-toc-section\" id=\"Intrebari_frecvente\"><\/span>\u00centreb\u0103ri frecvente<span class=\"ez-toc-section-end\"><\/span><\/h2>\n\n\n<div id=\"rank-math-faq\" class=\"rank-math-block\">\n<div class=\"rank-math-list \">\n<div id=\"faq-question-1740652529395\" class=\"rank-math-list-item\">\n<h3 class=\"rank-math-question \"><span class=\"ez-toc-section\" id=\"Este_mai_o_luna_buna_pentru_calatorii\"><\/span>Este mai o lun\u0103 bun\u0103 pentru c\u0103l\u0103torii?<span class=\"ez-toc-section-end\"><\/span><\/h3>\n<div class=\"rank-math-answer \">\n\n<p>&#8220;`htmlnMai este una dintre cele mai bune luni pentru c\u0103l\u0103torii. Temperaturile sunt pl\u0103cute \u00een majoritatea destina\u021biilor, dar nu \u00eenc\u0103 prea ridicate, pre\u021burile sunt de obicei mai mici dec\u00e2t \u00een sezonul de v\u00e2rf \u0219i atrac\u021biile turistice nu sunt supraaglomerate.n&#8220;`<\/p>\n\n<\/div>\n<\/div>\n<div id=\"faq-question-1740652680502\" class=\"rank-math-list-item\">\n<h3 class=\"rank-math-question \"><span class=\"ez-toc-section\" id=\"Unde_este_deja_suficient_de_cald_in_mai_pentru_scaldat_in_mare\"><\/span>Unde este deja suficient de cald \u00een mai pentru sc\u0103ldat \u00een mare?<span class=\"ez-toc-section-end\"><\/span><\/h3>\n<div class=\"rank-math-answer \">\n\n<p>\u00cen Europa, \u00een luna mai, marea este suficient de cald\u0103 pentru \u00eenot \u00een principal \u00een zonele sudice precum Egipt (24 \u00b0C), Cipru (21 \u00b0C), sudul Turciei (21-22 \u00b0C) sau Insulele Canare (20 \u00b0C). Din destina\u021biile mai exotice, pentru \u00eenot sunt ideale Caraibe, Maldive, Seychelles, Mauritius, Thailanda sau Bali cu temperaturi ale m\u0103rii \u00een jur de 28-30 \u00b0C.<\/p>\n\n<\/div>\n<\/div>\n<div id=\"faq-question-1740652791991\" class=\"rank-math-list-item\">\n<h3 class=\"rank-math-question \"><span class=\"ez-toc-section\" id=\"Care_sunt_destinatiile_cele_mai_ieftine_pentru_vacanta_in_mai\"><\/span>Care sunt destina\u021biile cele mai ieftine pentru vacan\u021b\u0103 \u00een mai?<span class=\"ez-toc-section-end\"><\/span><\/h3>\n<div class=\"rank-math-answer \">\n\n<p>Printre cele mai ieftine destina\u021bii pentru o vacan\u021b\u0103 \u00een mai se num\u0103r\u0103 Albania, Bulgaria, Macedonia de Nord, Turcia (\u00een afara sta\u021biunilor de top), unele zone din Grecia, Maroc sau Tunisia. \u00cen aceste \u021b\u0103ri ve\u021bi g\u0103si pre\u021buri avantajoase pentru cazare, mas\u0103 \u0219i transport local.<\/p>\n\n<\/div>\n<\/div>\n<div id=\"faq-question-1740652823331\" class=\"rank-math-list-item\">\n<h3 class=\"rank-math-question \"><span class=\"ez-toc-section\" id=\"Unde_sa_pleci_in_vacanta_in_mai_cu_copiii\"><\/span>Unde s\u0103 pleci \u00een vacan\u021b\u0103 \u00een mai cu copiii?<span class=\"ez-toc-section-end\"><\/span><\/h3>\n<div class=\"rank-math-answer \">\n\n<p>&#8220;`htmlnPentru vacan\u021ba cu copiii \u00een mai sunt potrivite destina\u021bii cu vreme pl\u0103cut\u0103 precum Cipru, Creta, Mallorca, Insulele Canare sau Costa del Sol \u00een Spania. Aceste zone ofer\u0103 plaje minunate, atrac\u021bii pentru familii \u0219i sunt deja suficient de calde pentru activit\u0103\u021bi \u00een aer liber.n&#8220;`<\/p>\n\n<\/div>\n<\/div>\n<\/div>\n<\/div>","protected":false},"excerpt":{"rendered":"<p>\u021ai-ai dori s\u0103 pleci \u00eentr-o vacan\u021b\u0103 \u00een mai, dar nu \u0219tii unde? \u00ce\u021bi oferim 24 de idei de destina\u021bii pentru o vacan\u021b\u0103 \u00een mai, \u0219i nu doar la mare.<\/p>\n","protected":false},"author":20,"featured_media":93915,"comment_status":"open","ping_status":"open","sticky":false,"template":"","format":"standard","meta":{"_acf_changed":false,"footnotes":"","rank_math_title":"Vacan\u021b\u0103 \u00een mai: la mare, pe insule \u0219i la munte","rank_math_description":"Unde s\u0103 pleci \u00een vacan\u021b\u0103 \u00een mai: m\u0103ri calde, insule mediteraneene \u0219i mun\u021bi. 24 de destina\u021bii TOP cu temperaturi reale ale apei, aerului \u0219i zile de soare.","rank_math_focus_keyword":"vacan\u021b\u0103 mai","rank_math_seo_score":""},"categories":[2015],"tags":[],"class_list":["post-318074","post","type-post","status-publish","format-standard","has-post-thumbnail","category-calatorii"],"acf":[],"featured_image_src":"https:\/\/loudavymkrokem.cz\/wp-content\/uploads\/2025\/02\/kam-na-dovolenou-v-kvetnu.jpg","author_info":{"display_name":"Monika Havrdov\u00e1","author_link":"https:\/\/loudavymkrokem.cz\/ro\/author\/monika\/"},"_links":{"self":[{"href":"https:\/\/loudavymkrokem.cz\/ro\/wp-json\/wp\/v2\/posts\/318074","targetHints":{"allow":["GET"]}}],"collection":[{"href":"https:\/\/loudavymkrokem.cz\/ro\/wp-json\/wp\/v2\/posts"}],"about":[{"href":"https:\/\/loudavymkrokem.cz\/ro\/wp-json\/wp\/v2\/types\/post"}],"author":[{"embeddable":true,"href":"https:\/\/loudavymkrokem.cz\/ro\/wp-json\/wp\/v2\/users\/20"}],"replies":[{"embeddable":true,"href":"https:\/\/loudavymkrokem.cz\/ro\/wp-json\/wp\/v2\/comments?post=318074"}],"version-history":[{"count":0,"href":"https:\/\/loudavymkrokem.cz\/ro\/wp-json\/wp\/v2\/posts\/318074\/revisions"}],"wp:featuredmedia":[{"embeddable":true,"href":"https:\/\/loudavymkrokem.cz\/ro\/wp-json\/wp\/v2\/media\/93915"}],"wp:attachment":[{"href":"https:\/\/loudavymkrokem.cz\/ro\/wp-json\/wp\/v2\/media?parent=318074"}],"wp:term":[{"taxonomy":"category","embeddable":true,"href":"https:\/\/loudavymkrokem.cz\/ro\/wp-json\/wp\/v2\/categories?post=318074"},{"taxonomy":"post_tag","embeddable":true,"href":"https:\/\/loudavymkrokem.cz\/ro\/wp-json\/wp\/v2\/tags?post=318074"}],"curies":[{"name":"wp","href":"https:\/\/api.w.org\/{rel}","templated":true}]}}