{"id":417473,"date":"2026-09-05T09:32:23","date_gmt":"2026-09-05T07:32:23","guid":{"rendered":"https:\/\/loudavymkrokem.cz\/onde-ficar-viena-austria\/"},"modified":"2026-09-05T15:52:33","modified_gmt":"2026-09-05T13:52:33","slug":"onde-ficar-viena-austria","status":"publish","type":"post","link":"https:\/\/loudavymkrokem.cz\/pt-br\/onde-ficar-viena-austria\/","title":{"rendered":"Onde ficar em Viena, \u00c1ustria: 26 hot\u00e9is e bairros seguros em 2026"},"content":{"rendered":"\n<p class=\"wp-block-paragraph\">Viena, na \u00c1ustria, \u00e9 um daqueles destinos europeus que combinam de um jeito incr\u00edvel a majestade imperial, parques impecavelmente cuidados e uma cultura de caf\u00e9 onde voc\u00ea facilmente passa a tarde inteira sentado. O Luk\u00e1\u0161 e eu adoramos voltar sempre que d\u00e1, porque a cidade tem uma energia \u00fanica e a cada visita descobrimos algo novo. Se voc\u00ea est\u00e1 vindo do Brasil, voos da LATAM, GOL, Azul ou TAP a partir de S\u00e3o Paulo conectam tranquilamente com a capital austr\u00edaca.<\/p>\n\n\n\n<p class=\"wp-block-paragraph\">Na hora de planejar a viagem, voc\u00ea provavelmente vai quebrar a cabe\u00e7a pensando <strong>onde dormir e quanto isso vai custar<\/strong>. A metr\u00f3pole austr\u00edaca \u00e9 enorme e, \u00e0 primeira vista, pode parecer que ficar bem ao lado da Catedral de Santo Est\u00eav\u00e3o \u00e9 uma necessidade absoluta. Mas a verdade \u00e9 o oposto, porque a cidade tem um <strong>sistema de transporte p\u00fablico genial<\/strong> que leva voc\u00ea dos bairros mais afastados at\u00e9 o centro em poucos minutos.<\/p>\n\n\n\n<p class=\"wp-block-paragraph\">Preparei para voc\u00ea um guia detalhado de hospedagem baseado em <strong>uma pesquisa cuidadosa das experi\u00eancias reais de viajantes<\/strong>. Aqui voc\u00ea encontra dicas de pal\u00e1cios ic\u00f4nicos para ocasi\u00f5es especiais, pousadas familiares e hostels acess\u00edveis que <strong>n\u00e3o v\u00e3o arruinar o seu bolso<\/strong>. Vamos olhar juntos os diferentes bairros de Viena, para que voc\u00ea saiba exatamente qual regi\u00e3o combina mais com o seu estilo de viagem.<\/p>\n\n\n\n<figure data-wp-context=\"{&quot;imageId&quot;:&quot;6a9c314c6fb2a&quot;}\" data-wp-interactive=\"core\/image\" data-wp-key=\"6a9c314c6fb2a\" class=\"wp-block-image size-full wp-lightbox-container\"><img decoding=\"async\" width=\"1600\" height=\"2133\" data-wp-class--hide=\"state.isContentHidden\" data-wp-class--show=\"state.isContentVisible\" data-wp-init=\"callbacks.setButtonStyles\" data-wp-on--click=\"actions.showLightbox\" data-wp-on--load=\"callbacks.setButtonStyles\" data-wp-on--pointerdown=\"actions.preloadImage\" data-wp-on--pointerenter=\"actions.preloadImageWithDelay\" data-wp-on--pointerleave=\"actions.cancelPreload\" data-wp-on-window--resize=\"callbacks.setButtonStyles\" src=\"https:\/\/loudavymkrokem.cz\/wp-content\/uploads\/2026\/08\/viden-neubau.jpg\" alt=\"Ruelas do s\u00e9timo bairro de Viena, Neubau\" class=\"wp-image-407200\" title=\"\" srcset=\"https:\/\/loudavymkrokem.cz\/wp-content\/uploads\/2026\/08\/viden-neubau.jpg 1600w, https:\/\/loudavymkrokem.cz\/wp-content\/uploads\/2026\/08\/viden-neubau-225x300.jpg 225w, https:\/\/loudavymkrokem.cz\/wp-content\/uploads\/2026\/08\/viden-neubau-700x933.jpg 700w, https:\/\/loudavymkrokem.cz\/wp-content\/uploads\/2026\/08\/viden-neubau-768x1024.jpg 768w, https:\/\/loudavymkrokem.cz\/wp-content\/uploads\/2026\/08\/viden-neubau-1152x1536.jpg 1152w, https:\/\/loudavymkrokem.cz\/wp-content\/uploads\/2026\/08\/viden-neubau-1536x2048.jpg 1536w, https:\/\/loudavymkrokem.cz\/wp-content\/uploads\/2026\/08\/viden-neubau-696x928.jpg 696w, https:\/\/loudavymkrokem.cz\/wp-content\/uploads\/2026\/08\/viden-neubau-1392x1856.jpg 1392w\" sizes=\"(max-width: 1600px) 100vw, 1600px\" \/><button\n\t\t\tclass=\"lightbox-trigger\"\n\t\t\ttype=\"button\"\n\t\t\taria-haspopup=\"dialog\"\n\t\t\tdata-wp-bind--aria-label=\"state.thisImage.triggerButtonAriaLabel\"\n\t\t\tdata-wp-init=\"callbacks.initTriggerButton\"\n\t\t\tdata-wp-on--click=\"actions.showLightbox\"\n\t\t\tdata-wp-style--right=\"state.thisImage.buttonRight\"\n\t\t\tdata-wp-style--top=\"state.thisImage.buttonTop\"\n\t\t>\n\t\t\t<svg xmlns=\"http:\/\/www.w3.org\/2000\/svg\" width=\"12\" height=\"12\" fill=\"none\" viewBox=\"0 0 12 12\">\n\t\t\t\t<path fill=\"#fff\" d=\"M2 0a2 2 0 0 0-2 2v2h1.5V2a.5.5 0 0 1 .5-.5h2V0H2Zm2 10.5H2a.5.5 0 0 1-.5-.5V8H0v2a2 2 0 0 0 2 2h2v-1.5ZM8 12v-1.5h2a.5.5 0 0 0 .5-.5V8H12v2a2 2 0 0 1-2 2H8Zm2-12a2 2 0 0 1 2 2v2h-1.5V2a.5.5 0 0 0-.5-.5H8V0h2Z\" \/>\n\t\t\t<\/svg>\n\t\t<\/button><figcaption class=\"wp-element-caption\">Foto: Thorsten Schreiber \/ Google Maps<\/figcaption><\/figure>\n\n\n\n<div id=\"ez-toc-container\" class=\"ez-toc-v2_0_87 ez-toc-wrap-left counter-hierarchy ez-toc-counter ez-toc-grey ez-toc-container-direction\">\n<div class=\"ez-toc-title-container\">\n<p class=\"ez-toc-title\" style=\"cursor:inherit\">Conte\u00fado do artigo<\/p>\n<span class=\"ez-toc-title-toggle\"><a href=\"#\" class=\"ez-toc-pull-right ez-toc-btn ez-toc-btn-xs ez-toc-btn-default ez-toc-toggle\" aria-label=\"Alternar tabela de conte\u00fado\"><span class=\"ez-toc-js-icon-con\"><span class=\"\"><span class=\"eztoc-hide\" style=\"display:none;\">Toggle<\/span><span class=\"ez-toc-icon-toggle-span\"><svg style=\"fill: #999;color:#999\" xmlns=\"http:\/\/www.w3.org\/2000\/svg\" class=\"list-377408\" width=\"20px\" height=\"20px\" viewBox=\"0 0 24 24\" fill=\"none\"><path d=\"M6 6H4v2h2V6zm14 0H8v2h12V6zM4 11h2v2H4v-2zm16 0H8v2h12v-2zM4 16h2v2H4v-2zm16 0H8v2h12v-2z\" fill=\"currentColor\"><\/path><\/svg><svg style=\"fill: #999;color:#999\" class=\"arrow-unsorted-368013\" xmlns=\"http:\/\/www.w3.org\/2000\/svg\" width=\"10px\" height=\"10px\" viewBox=\"0 0 24 24\" version=\"1.2\" baseProfile=\"tiny\"><path d=\"M18.2 9.3l-6.2-6.3-6.2 6.3c-.2.2-.3.4-.3.7s.1.5.3.7c.2.2.4.3.7.3h11c.3 0 .5-.1.7-.3.2-.2.3-.5.3-.7s-.1-.5-.3-.7zM5.8 14.7l6.2 6.3 6.2-6.3c.2-.2.3-.5.3-.7s-.1-.5-.3-.7c-.2-.2-.4-.3-.7-.3h-11c-.3 0-.5.1-.7.3-.2.2-.3.5-.3.7s.1.5.3.7z\"\/><\/svg><\/span><\/span><\/span><\/a><\/span><\/div>\n<nav><ul class='ez-toc-list ez-toc-list-level-1 ' ><ul class='ez-toc-list-level-3' ><li class='ez-toc-heading-level-3'><a class=\"ez-toc-link ez-toc-heading-1\" href=\"https:\/\/loudavymkrokem.cz\/pt-br\/onde-ficar-viena-austria\/#Resumo\" >Resumo<\/a><\/li><\/ul><\/li><li class='ez-toc-page-1 ez-toc-heading-level-2'><a class=\"ez-toc-link ez-toc-heading-2\" href=\"https:\/\/loudavymkrokem.cz\/pt-br\/onde-ficar-viena-austria\/#Qual_regiao_escolher\" >Qual regi\u00e3o escolher<\/a><\/li><li class='ez-toc-page-1 ez-toc-heading-level-2'><a class=\"ez-toc-link ez-toc-heading-3\" href=\"https:\/\/loudavymkrokem.cz\/pt-br\/onde-ficar-viena-austria\/#Quando_ir_e_quando_reservar\" >Quando ir e quando reservar<\/a><\/li><li class='ez-toc-page-1 ez-toc-heading-level-2'><a class=\"ez-toc-link ez-toc-heading-4\" href=\"https:\/\/loudavymkrokem.cz\/pt-br\/onde-ficar-viena-austria\/#Os_26_melhores_hoteis_de_Viena_Austria\" >Os 26 melhores hot\u00e9is de Viena, \u00c1ustria<\/a><ul class='ez-toc-list-level-3' ><li class='ez-toc-heading-level-3'><a class=\"ez-toc-link ez-toc-heading-5\" href=\"https:\/\/loudavymkrokem.cz\/pt-br\/onde-ficar-viena-austria\/#1_Hotel_Sacher_Vienna\" >1. Hotel Sacher Vienna<\/a><\/li><li class='ez-toc-page-1 ez-toc-heading-level-3'><a class=\"ez-toc-link ez-toc-heading-6\" href=\"https:\/\/loudavymkrokem.cz\/pt-br\/onde-ficar-viena-austria\/#2_Hotel_Imperial\" >2. Hotel Imperial<\/a><\/li><li class='ez-toc-page-1 ez-toc-heading-level-3'><a class=\"ez-toc-link ez-toc-heading-7\" href=\"https:\/\/loudavymkrokem.cz\/pt-br\/onde-ficar-viena-austria\/#3_Park_Hyatt_Vienna\" >3. Park Hyatt Vienna<\/a><\/li><li class='ez-toc-page-1 ez-toc-heading-level-3'><a class=\"ez-toc-link ez-toc-heading-8\" href=\"https:\/\/loudavymkrokem.cz\/pt-br\/onde-ficar-viena-austria\/#4_The_Ritz-Carlton_Vienna\" >4. The Ritz-Carlton Vienna<\/a><\/li><li class='ez-toc-page-1 ez-toc-heading-level-3'><a class=\"ez-toc-link ez-toc-heading-9\" href=\"https:\/\/loudavymkrokem.cz\/pt-br\/onde-ficar-viena-austria\/#5_Hotel_Bristol\" >5. Hotel Bristol<\/a><\/li><li class='ez-toc-page-1 ez-toc-heading-level-3'><a class=\"ez-toc-link ez-toc-heading-10\" href=\"https:\/\/loudavymkrokem.cz\/pt-br\/onde-ficar-viena-austria\/#6_Rosewood_Vienna\" >6. Rosewood Vienna<\/a><\/li><li class='ez-toc-page-1 ez-toc-heading-level-3'><a class=\"ez-toc-link ez-toc-heading-11\" href=\"https:\/\/loudavymkrokem.cz\/pt-br\/onde-ficar-viena-austria\/#7_Eurostars_Grand_Hotel_Wien\" >7. Eurostars Grand Hotel Wien<\/a><\/li><li class='ez-toc-page-1 ez-toc-heading-level-3'><a class=\"ez-toc-link ez-toc-heading-12\" href=\"https:\/\/loudavymkrokem.cz\/pt-br\/onde-ficar-viena-austria\/#8_HOTEL_KAISERHOF_WIEN\" >8. HOTEL KAISERHOF WIEN<\/a><\/li><li class='ez-toc-page-1 ez-toc-heading-level-3'><a class=\"ez-toc-link ez-toc-heading-13\" href=\"https:\/\/loudavymkrokem.cz\/pt-br\/onde-ficar-viena-austria\/#9_Cocoon_Wien_Westbahnhof_%E2%80%94_Boutiquehotel_Stadthalle\" >9. Cocoon Wien Westbahnhof \u2014 Boutiquehotel Stadthalle<\/a><\/li><li class='ez-toc-page-1 ez-toc-heading-level-3'><a class=\"ez-toc-link ez-toc-heading-14\" href=\"https:\/\/loudavymkrokem.cz\/pt-br\/onde-ficar-viena-austria\/#10_Hotel_MOTTO\" >10. Hotel MOTTO<\/a><\/li><li class='ez-toc-page-1 ez-toc-heading-level-3'><a class=\"ez-toc-link ez-toc-heading-15\" href=\"https:\/\/loudavymkrokem.cz\/pt-br\/onde-ficar-viena-austria\/#11_Altstadt_Vienna_an_SLH_Hotel\" >11. Altstadt Vienna, an SLH Hotel<\/a><\/li><li class='ez-toc-page-1 ez-toc-heading-level-3'><a class=\"ez-toc-link ez-toc-heading-16\" href=\"https:\/\/loudavymkrokem.cz\/pt-br\/onde-ficar-viena-austria\/#12_Hotel_Beethoven_Wien\" >12. Hotel Beethoven Wien<\/a><\/li><li class='ez-toc-page-1 ez-toc-heading-level-3'><a class=\"ez-toc-link ez-toc-heading-17\" href=\"https:\/\/loudavymkrokem.cz\/pt-br\/onde-ficar-viena-austria\/#13_magdas_HOTEL_Vienna_City\" >13. magdas HOTEL Vienna City<\/a><\/li><li class='ez-toc-page-1 ez-toc-heading-level-3'><a class=\"ez-toc-link ez-toc-heading-18\" href=\"https:\/\/loudavymkrokem.cz\/pt-br\/onde-ficar-viena-austria\/#14_Hotel_am_Brillantengrund\" >14. Hotel am Brillantengrund<\/a><\/li><li class='ez-toc-page-1 ez-toc-heading-level-3'><a class=\"ez-toc-link ez-toc-heading-19\" href=\"https:\/\/loudavymkrokem.cz\/pt-br\/onde-ficar-viena-austria\/#15_25hours_Hotel_Vienna_at_MuseumsQuartier\" >15. 25hours Hotel Vienna at MuseumsQuartier<\/a><\/li><li class='ez-toc-page-1 ez-toc-heading-level-3'><a class=\"ez-toc-link ez-toc-heading-20\" href=\"https:\/\/loudavymkrokem.cz\/pt-br\/onde-ficar-viena-austria\/#16_Hotel_Am_Konzerthaus_%E2%80%94_MGallery\" >16. Hotel Am Konzerthaus \u2014 MGallery<\/a><\/li><li class='ez-toc-page-1 ez-toc-heading-level-3'><a class=\"ez-toc-link ez-toc-heading-21\" href=\"https:\/\/loudavymkrokem.cz\/pt-br\/onde-ficar-viena-austria\/#17_Hotel_Gilbert\" >17. Hotel Gilbert<\/a><\/li><li class='ez-toc-page-1 ez-toc-heading-level-3'><a class=\"ez-toc-link ez-toc-heading-22\" href=\"https:\/\/loudavymkrokem.cz\/pt-br\/onde-ficar-viena-austria\/#18_Hotel_Schani\" >18. Hotel Schani<\/a><\/li><li class='ez-toc-page-1 ez-toc-heading-level-3'><a class=\"ez-toc-link ez-toc-heading-23\" href=\"https:\/\/loudavymkrokem.cz\/pt-br\/onde-ficar-viena-austria\/#19_Ruby_Marie_Hotel_Vienna\" >19. Ruby Marie Hotel Vienna<\/a><\/li><li class='ez-toc-page-1 ez-toc-heading-level-3'><a class=\"ez-toc-link ez-toc-heading-24\" href=\"https:\/\/loudavymkrokem.cz\/pt-br\/onde-ficar-viena-austria\/#20_Hotel_Josefshof_am_Rathaus\" >20. Hotel Josefshof am Rathaus<\/a><\/li><li class='ez-toc-page-1 ez-toc-heading-level-3'><a class=\"ez-toc-link ez-toc-heading-25\" href=\"https:\/\/loudavymkrokem.cz\/pt-br\/onde-ficar-viena-austria\/#21_Hotel_Rathauspark_Wien_%E2%80%94_Handwritten_Collection\" >21. Hotel Rathauspark Wien \u2014 Handwritten Collection<\/a><\/li><li class='ez-toc-page-1 ez-toc-heading-level-3'><a class=\"ez-toc-link ez-toc-heading-26\" href=\"https:\/\/loudavymkrokem.cz\/pt-br\/onde-ficar-viena-austria\/#22_Ruby_Lissi_Hotel_Vienna\" >22. Ruby Lissi Hotel Vienna<\/a><\/li><li class='ez-toc-page-1 ez-toc-heading-level-3'><a class=\"ez-toc-link ez-toc-heading-27\" href=\"https:\/\/loudavymkrokem.cz\/pt-br\/onde-ficar-viena-austria\/#23_Hotel_Zipser\" >23. Hotel Zipser<\/a><\/li><li class='ez-toc-page-1 ez-toc-heading-level-3'><a class=\"ez-toc-link ez-toc-heading-28\" href=\"https:\/\/loudavymkrokem.cz\/pt-br\/onde-ficar-viena-austria\/#24_Vienna_Hostel_Ruthensteiner\" >24. Vienna Hostel Ruthensteiner<\/a><\/li><li class='ez-toc-page-1 ez-toc-heading-level-3'><a class=\"ez-toc-link ez-toc-heading-29\" href=\"https:\/\/loudavymkrokem.cz\/pt-br\/onde-ficar-viena-austria\/#25_Wombats_City_Hostel_Vienna_Naschmarkt\" >25. Wombat&#8217;s City Hostel Vienna Naschmarkt<\/a><\/li><li class='ez-toc-page-1 ez-toc-heading-level-3'><a class=\"ez-toc-link ez-toc-heading-30\" href=\"https:\/\/loudavymkrokem.cz\/pt-br\/onde-ficar-viena-austria\/#26_MEININGER_Hotel_Wien_Downtown_Sissi\" >26. MEININGER Hotel Wien Downtown Sissi<\/a><\/li><\/ul><\/li><li class='ez-toc-page-1 ez-toc-heading-level-2'><a class=\"ez-toc-link ez-toc-heading-31\" href=\"https:\/\/loudavymkrokem.cz\/pt-br\/onde-ficar-viena-austria\/#Como_escolher_o_hotel_certo\" >Como escolher o hotel certo<\/a><\/li><li class='ez-toc-page-1 ez-toc-heading-level-2'><a class=\"ez-toc-link ez-toc-heading-32\" href=\"https:\/\/loudavymkrokem.cz\/pt-br\/onde-ficar-viena-austria\/#Para_onde_ir_depois\" >Para onde ir depois<\/a><\/li><li class='ez-toc-page-1 ez-toc-heading-level-2'><a class=\"ez-toc-link ez-toc-heading-33\" href=\"https:\/\/loudavymkrokem.cz\/pt-br\/onde-ficar-viena-austria\/#Perguntas_frequentes\" >Perguntas frequentes<\/a><ul class='ez-toc-list-level-3' ><li class='ez-toc-heading-level-3'><a class=\"ez-toc-link ez-toc-heading-34\" href=\"https:\/\/loudavymkrokem.cz\/pt-br\/onde-ficar-viena-austria\/#Preciso_me_hospedar_bem_no_centro_de_Viena\" >Preciso me hospedar bem no centro de Viena?<\/a><\/li><li class='ez-toc-page-1 ez-toc-heading-level-3'><a class=\"ez-toc-link ez-toc-heading-35\" href=\"https:\/\/loudavymkrokem.cz\/pt-br\/onde-ficar-viena-austria\/#Onde_se_hospedar_quando_for_aos_mercados_de_Natal\" >Onde se hospedar quando for aos mercados de Natal?<\/a><\/li><li class='ez-toc-page-1 ez-toc-heading-level-3'><a class=\"ez-toc-link ez-toc-heading-36\" href=\"https:\/\/loudavymkrokem.cz\/pt-br\/onde-ficar-viena-austria\/#Como_funciona_o_estacionamento_no_hotel_em_Viena\" >Como funciona o estacionamento no hotel em Viena?<\/a><\/li><li class='ez-toc-page-1 ez-toc-heading-level-3'><a class=\"ez-toc-link ez-toc-heading-37\" href=\"https:\/\/loudavymkrokem.cz\/pt-br\/onde-ficar-viena-austria\/#Os_hoteis_em_Viena_sao_caros\" >Os hot\u00e9is em Viena s\u00e3o caros?<\/a><\/li><li class='ez-toc-page-1 ez-toc-heading-level-3'><a class=\"ez-toc-link ez-toc-heading-38\" href=\"https:\/\/loudavymkrokem.cz\/pt-br\/onde-ficar-viena-austria\/#Qual_bairro_de_Viena_e_o_melhor_para_amantes_de_comida\" >Qual bairro de Viena \u00e9 o melhor para amantes de comida?<\/a><\/li><li class='ez-toc-page-1 ez-toc-heading-level-3'><a class=\"ez-toc-link ez-toc-heading-39\" href=\"https:\/\/loudavymkrokem.cz\/pt-br\/onde-ficar-viena-austria\/#Qual_e_a_melhor_epoca_para_reservar_hotel\" >Qual \u00e9 a melhor \u00e9poca para reservar hotel?<\/a><\/li><li class='ez-toc-page-1 ez-toc-heading-level-3'><a class=\"ez-toc-link ez-toc-heading-40\" href=\"https:\/\/loudavymkrokem.cz\/pt-br\/onde-ficar-viena-austria\/#Onde_se_hospedar_em_Viena_com_criancas\" >Onde se hospedar em Viena com crian\u00e7as?<\/a><\/li><\/ul><\/li><\/ul><\/nav><\/div>\n<h3 class=\"wp-block-heading\"><span class=\"ez-toc-section\" id=\"Resumo\"><\/span>Resumo<span class=\"ez-toc-section-end\"><\/span><\/h3>\n\n\n\n<ul class=\"wp-block-list\">\n\n<li><strong>Melhor custo-benef\u00edcio de localiza\u00e7\u00e3o:<\/strong> se voc\u00ea quer sentir a atmosfera realmente local, <strong>procure hospedagem no bairro de Neubau<\/strong>, de onde chega a p\u00e9 aos principais museus, mas paga uma fra\u00e7\u00e3o do pre\u00e7o do centro.<\/li>\n\n\n\n<li><strong>Para quem ama luxo:<\/strong> uma experi\u00eancia inesquec\u00edvel e cheia de hist\u00f3ria voc\u00ea encontra no lend\u00e1rio <strong>Hotel Sacher Vienna<\/strong> ou no antigo pal\u00e1cio <strong>Hotel Imperial<\/strong>, que satisfazem at\u00e9 os h\u00f3spedes mais exigentes.<\/li>\n\n\n\n<li><strong>Melhor experi\u00eancia boutique:<\/strong> o mais bem avaliado de longe \u00e9 o <strong>HOTEL KAISERHOF WIEN<\/strong>, mas o \u00fanico <strong>Altstadt Vienna<\/strong>, com caf\u00e9s da manh\u00e3 fant\u00e1sticos, tamb\u00e9m merece aten\u00e7\u00e3o.<\/li>\n\n\n\n<li><strong>Hospedagem com hist\u00f3ria:<\/strong> apoie uma boa causa e fique no <strong>magdas HOTEL Vienna City<\/strong>, que emprega pessoas com experi\u00eancia de ref\u00fagio, ou experimente o antigo mosteiro <strong>Hotel am Brillantengrund<\/strong>.<\/li>\n\n\n\n<li><strong>Para fam\u00edlias com crian\u00e7as:<\/strong> uma \u00f3tima escolha \u00e9 o tranquilo <strong>Hotel Zipser<\/strong>, no silencioso bairro de Josefstadt, ou hot\u00e9is perto do verde Prater, em Leopoldstadt.<\/li>\n\n\n\n<li><strong>Melhor para or\u00e7amento apertado:<\/strong> mochileiros e estudantes v\u00e3o amar o <strong>Vienna Hostel Ruthensteiner<\/strong>, que oferece atmosfera acolhedora e \u00f3tima estrutura por pre\u00e7os m\u00ednimos.<\/li>\n\n\n\n<li><strong>Pr\u00e1tico para quem vai de carro:<\/strong> escolha hot\u00e9is perto das esta\u00e7\u00f5es Westbahnhof ou Hauptbahnhof, como o <strong>Hotel Schani<\/strong>, onde voc\u00ea evita a navega\u00e7\u00e3o complicada pelo centro hist\u00f3rico.<\/li>\n\n\n<\/ul>\n\n\n\n\n<p class=\"wp-block-paragraph\"><em>\ud83d\udca1 O transporte p\u00fablico de Viena \u00e9 t\u00e3o bom que dos bairros mais afastados voc\u00ea chega ao centro em dez minutos \u2014 por isso vale comparar tamb\u00e9m hospedagens fora do Ring. <a href=\"https:\/\/www.stay22.com\/allez\/roam?aid=lukaskonecny&#038;campaign=loudavymkrokemcz&#038;campaign=kde-bydlet-ve-vidni&#038;address=V%C3%ADde%C5%88%2C%20Rakousko\" target=\"_blank\" rel=\"nofollow noopener sponsored\">Neste mapa voc\u00ea v\u00ea toda a oferta de uma vez<\/a>, incluindo o quanto o s\u00e9timo ou o oitavo bairro s\u00e3o mais baratos.<\/em><\/p>\n\n\n\n<h2 class=\"wp-block-heading\"><span class=\"ez-toc-section\" id=\"Qual_regiao_escolher\"><\/span>Qual regi\u00e3o escolher<span class=\"ez-toc-section-end\"><\/span><\/h2>\n\n\n\n<p class=\"wp-block-paragraph\">Viena \u00e9 administrativamente dividida em vinte e tr\u00eas bairros numerados, que os moradores chamam de Bezirke. <strong>Conhecer esses n\u00fameros \u00e9 absolutamente essencial<\/strong>, porque voc\u00ea vai v\u00ea-los em cada placa de rua e isso facilita muito a orienta\u00e7\u00e3o na hora de escolher o hotel. Se voc\u00ea est\u00e1 avaliando suas op\u00e7\u00f5es, lembre-se de que Viena \u00e9 uma das poucas grandes cidades europeias onde <strong>n\u00e3o faz sentido nenhum pagar valores desnecessariamente altos pelo centro hist\u00f3rico<\/strong>. A rede de metr\u00f4 e bondes \u00e9 t\u00e3o densa e precisa que, dos bairros afastados, voc\u00ea chega direto \u00e0 Stephansplatz em apenas dez minutos. Gra\u00e7as a isso, voc\u00ea pode se dar ao luxo de um quarto muito melhor e mais interessante no s\u00e9timo ou oitavo bairro pelo pre\u00e7o de uma hospedagem mediana no famoso Ring.<\/p>\n\n\n\n<p class=\"wp-block-paragraph\"><strong>1. Innere Stadt (Primeiro bairro)<\/strong> \u00e9 o cora\u00e7\u00e3o hist\u00f3rico absoluto da cidade, onde voc\u00ea encontra o majestoso Hofburg, o edif\u00edcio da \u00f3pera e a famosa rua comercial Graben. \u00c9 uma <strong>\u00f3tima escolha para uma primeira visita<\/strong>, se voc\u00ea tem tempo muito limitado e n\u00e3o se importa em pagar mais pela exclusividade. Mas conte com o fato de que os pre\u00e7os de hospedagem e restaurantes aqui s\u00e3o de longe os mais altos da cidade e voc\u00ea vai encontrar multid\u00f5es de turistas por toda parte.<\/p>\n\n\n\n<p class=\"wp-block-paragraph\"><strong>7. Neubau<\/strong> \u00e9, segundo muitos viajantes e avalia\u00e7\u00f5es independentes, o bairro com <strong>a melhor rela\u00e7\u00e3o entre atmosfera geral e pre\u00e7o<\/strong>. Os pr\u00f3prios vienenses v\u00eam passar seu tempo livre aqui, e voc\u00ea encontra dezenas de caf\u00e9s independentes e lojas de design. Uma grande vantagem \u00e9 que o enorme distrito cultural MuseumsQuartier fica literalmente na esquina.<\/p>\n\n\n\n<p class=\"wp-block-paragraph\"><strong>6. Mariahilf<\/strong> faz fronteira direta com Neubau e sua art\u00e9ria principal \u00e9 a longa Mariahilfer Stra\u00dfe. \u00c9 a <strong>rua comercial mais longa e sem d\u00favida mais conhecida<\/strong> de toda a \u00c1ustria. Se o objetivo da sua viagem \u00e9 principalmente renovar o guarda-roupa e voc\u00ea quer ter o famoso mercado Naschmarkt por perto, aqui voc\u00ea vai ficar empolgado.<\/p>\n\n\n\n<p class=\"wp-block-paragraph\"><strong>8. Josefstadt<\/strong> \u00e9 considerado o menor bairro de Viena, mas oferece ao visitante atento <strong>uma tranquilidade incr\u00edvel e ruelas silenciosas<\/strong> cheias de caf\u00e9s liter\u00e1rios tradicionais. Desse belo bairro residencial, voc\u00ea chega com uma caminhada muito agrad\u00e1vel direto \u00e0 deslumbrante prefeitura neog\u00f3tica.<\/p>\n\n\n\n<p class=\"wp-block-paragraph\"><strong>4. Wieden<\/strong>, por outro lado, vai agradar sobretudo os gourmets entusiasmados e amantes da boa comida. Fica bem perto do famoso Naschmarkt e \u00e9 literalmente <strong>repleto de \u00f3timos restaurantes modernos e bistr\u00f4s aconchegantes<\/strong>. Do ponto de vista do transporte, \u00e9 ainda um lugar muito estrat\u00e9gico, com excelente conex\u00e3o \u00e0 rede de metr\u00f4.<\/p>\n\n\n\n<p class=\"wp-block-paragraph\"><strong>2. Leopoldstadt<\/strong> se estende logo do outro lado do canal em rela\u00e7\u00e3o ao centro hist\u00f3rico, e sua enorme vantagem \u00e9 <strong>a proximidade do vasto e verde parque Prater<\/strong>. Isso faz dele uma escolha fant\u00e1stica e muito procurada por fam\u00edlias com crian\u00e7as. Voc\u00ea encontra ali muito verde t\u00e3o necess\u00e1rio, avenidas largas e um clima bem tranquilo \u00e0 noite.<\/p>\n\n\n\n<p class=\"wp-block-paragraph\"><strong>15. Bairro perto do Westbahnhof<\/strong> \u00e9 a base ideal para todos os viajantes com or\u00e7amento mais limitado. Serve muito bem tamb\u00e9m para quem <strong>chega \u00e0 capital austr\u00edaca de carro pr\u00f3prio<\/strong>. Os hot\u00e9is dessa \u00e1rea costumam ser bem mais baratos, muitas vezes oferecem estacionamento pr\u00f3prio seguro e, gra\u00e7as \u00e0 esta\u00e7\u00e3o vizinha, voc\u00ea chega ao centro de metr\u00f4 em poucos minutos.<\/p>\n\n\n\n<h2 class=\"wp-block-heading\"><span class=\"ez-toc-section\" id=\"Quando_ir_e_quando_reservar\"><\/span>Quando ir e quando reservar<span class=\"ez-toc-section-end\"><\/span><\/h2>\n\n\n\n<p class=\"wp-block-paragraph\">O timing da sua visita tem um papel enorme em <strong>quais pre\u00e7os finais de hospedagem voc\u00ea pode esperar<\/strong> nos sistemas de reserva. A metr\u00f3pole austr\u00edaca faz parte dos destinos muito populares o ano todo, mas alguns meses s\u00e3o extremamente movimentados em termos de turismo e por isso exigem um planejamento cuidadoso com boa anteced\u00eancia.<\/p>\n\n\n\n<p class=\"wp-block-paragraph\">O pico absoluto \u00e9 <strong>o per\u00edodo do Advento, do fim de novembro at\u00e9 o fim de dezembro<\/strong>, quando a cidade inteira se transforma magicamente num reino de inverno cheio de luzinhas. Os famosos mercados de Natal atraem visitantes de toda a Europa Central. Por isso, nessa \u00e9poca os hot\u00e9is s\u00e3o naturalmente os mais caros e os melhores quartos <strong>esgotam tranquilamente com v\u00e1rios meses de anteced\u00eancia<\/strong>.<\/p>\n\n\n\n<p class=\"wp-block-paragraph\">Os meses de primavera, <strong>de abril a junho, e o outono, com setembro e outubro<\/strong>, s\u00e3o talvez os mais agrad\u00e1veis para descobrir as belezas da cidade. As temperaturas ao ar livre s\u00e3o ideais para longas caminhadas pelos monumentos e para sentar tranquilamente nas mesinhas dos caf\u00e9s locais. Os pre\u00e7os dos hot\u00e9is ainda se mant\u00eam relativamente altos, mas a experi\u00eancia dos parques floridos compensa de sobra.<\/p>\n\n\n\n<p class=\"wp-block-paragraph\">Se voc\u00ea quer economizar bastante na viagem, <strong>v\u00e1 no frio de janeiro ou em fevereiro<\/strong>. Os pre\u00e7os de toda hospedagem caem para o m\u00ednimo do ano e voc\u00ea pode aproveitar ruas mais vazias. Voc\u00ea precisa contar com clima gelado e anoitecer bem cedo, mas esse per\u00edodo de inverno \u00e9 o auge da famosa temporada de bailes, que tem seu charme social absolutamente \u00fanico.<\/p>\n\n\n\n<p class=\"wp-block-paragraph\">Muita aten\u00e7\u00e3o, com certeza, aos <strong>feriados prolongados e datas de alta procura<\/strong>. Nesses per\u00edodos, os quartos dispon\u00edveis somem em ritmo acelerado e os pre\u00e7os disparam, ent\u00e3o n\u00e3o deixe a reserva final para a \u00faltima hora.<\/p>\n\n\n\n<h2 class=\"wp-block-heading\"><span class=\"ez-toc-section\" id=\"Os_26_melhores_hoteis_de_Viena_Austria\"><\/span>Os 26 melhores hot\u00e9is de Viena, \u00c1ustria<span class=\"ez-toc-section-end\"><\/span><\/h2>\n\n\n\n<p class=\"wp-block-paragraph\">A escolha de um hotel espec\u00edfico sempre depende do seu or\u00e7amento e das suas prefer\u00eancias, e por isso organizei as hospedagens das \u00edcones mais luxuosas at\u00e9 os hostels mais baratos. Todas as avalia\u00e7\u00f5es e o n\u00famero de resenhas <strong>correspondem \u00e0s experi\u00eancias reais de viajantes<\/strong> e v\u00e3o ajudar voc\u00ea a tomar a melhor decis\u00e3o.<\/p>\n\n\n\n<figure data-wp-context=\"{&quot;imageId&quot;:&quot;6a9c314c70ae7&quot;}\" data-wp-interactive=\"core\/image\" data-wp-key=\"6a9c314c70ae7\" class=\"wp-block-image size-full wp-lightbox-container\"><img decoding=\"async\" width=\"1800\" height=\"1200\" data-wp-class--hide=\"state.isContentHidden\" data-wp-class--show=\"state.isContentVisible\" data-wp-init=\"callbacks.setButtonStyles\" data-wp-on--click=\"actions.showLightbox\" data-wp-on--load=\"callbacks.setButtonStyles\" data-wp-on--pointerdown=\"actions.preloadImage\" data-wp-on--pointerenter=\"actions.preloadImageWithDelay\" data-wp-on--pointerleave=\"actions.cancelPreload\" data-wp-on-window--resize=\"callbacks.setButtonStyles\" src=\"https:\/\/loudavymkrokem.cz\/wp-content\/uploads\/2026\/08\/hotel-sacher-vienna-1-1.jpg\" alt=\"Sal\u00e3o do Hotel Sacher em frente \u00e0 \u00f3pera de Viena\" class=\"wp-image-407103\" title=\"\" srcset=\"https:\/\/loudavymkrokem.cz\/wp-content\/uploads\/2026\/08\/hotel-sacher-vienna-1-1.jpg 1800w, https:\/\/loudavymkrokem.cz\/wp-content\/uploads\/2026\/08\/hotel-sacher-vienna-1-1-300x200.jpg 300w, https:\/\/loudavymkrokem.cz\/wp-content\/uploads\/2026\/08\/hotel-sacher-vienna-1-1-700x467.jpg 700w, https:\/\/loudavymkrokem.cz\/wp-content\/uploads\/2026\/08\/hotel-sacher-vienna-1-1-768x512.jpg 768w, https:\/\/loudavymkrokem.cz\/wp-content\/uploads\/2026\/08\/hotel-sacher-vienna-1-1-1536x1024.jpg 1536w, https:\/\/loudavymkrokem.cz\/wp-content\/uploads\/2026\/08\/hotel-sacher-vienna-1-1-696x464.jpg 696w, https:\/\/loudavymkrokem.cz\/wp-content\/uploads\/2026\/08\/hotel-sacher-vienna-1-1-1392x928.jpg 1392w\" sizes=\"(max-width: 1800px) 100vw, 1800px\" \/><button\n\t\t\tclass=\"lightbox-trigger\"\n\t\t\ttype=\"button\"\n\t\t\taria-haspopup=\"dialog\"\n\t\t\tdata-wp-bind--aria-label=\"state.thisImage.triggerButtonAriaLabel\"\n\t\t\tdata-wp-init=\"callbacks.initTriggerButton\"\n\t\t\tdata-wp-on--click=\"actions.showLightbox\"\n\t\t\tdata-wp-style--right=\"state.thisImage.buttonRight\"\n\t\t\tdata-wp-style--top=\"state.thisImage.buttonTop\"\n\t\t>\n\t\t\t<svg xmlns=\"http:\/\/www.w3.org\/2000\/svg\" width=\"12\" height=\"12\" fill=\"none\" viewBox=\"0 0 12 12\">\n\t\t\t\t<path fill=\"#fff\" d=\"M2 0a2 2 0 0 0-2 2v2h1.5V2a.5.5 0 0 1 .5-.5h2V0H2Zm2 10.5H2a.5.5 0 0 1-.5-.5V8H0v2a2 2 0 0 0 2 2h2v-1.5ZM8 12v-1.5h2a.5.5 0 0 0 .5-.5V8H12v2a2 2 0 0 1-2 2H8Zm2-12a2 2 0 0 1 2 2v2h-1.5V2a.5.5 0 0 0-.5-.5H8V0h2Z\" \/>\n\t\t\t<\/svg>\n\t\t<\/button><figcaption class=\"wp-element-caption\">Foto: Hotel Sacher \/ site oficial<\/figcaption><\/figure>\n\n\n\n<h3 class=\"wp-block-heading\"><span class=\"ez-toc-section\" id=\"1_Hotel_Sacher_Vienna\"><\/span>1. Hotel Sacher Vienna<span class=\"ez-toc-section-end\"><\/span><\/h3>\n\n\n\n<p class=\"wp-block-paragraph\">Este lend\u00e1rio hotel cinco estrelas existe desde 1876 e voc\u00ea o encontra bem no primeiro bairro, Innere Stadt, logo em frente ao edif\u00edcio da \u00f3pera estatal. Com a nota absolutamente excelente <strong>4,5 de mais de 14.088 resenhas<\/strong>, det\u00e9m o recorde absoluto de n\u00famero de avalia\u00e7\u00f5es de toda Viena e representa a personifica\u00e7\u00e3o do luxo austr\u00edaco tradicional.<\/p>\n\n\n\n<figure data-wp-context=\"{&quot;galleryId&quot;:&quot;6a9c314c70da5&quot;}\" data-wp-interactive=\"core\/gallery\" class=\"wp-block-gallery has-nested-images columns-2 is-cropped wp-block-gallery-is-layout-flex wp-block-gallery-1 is-layout-flex\">\n\n<figure data-wp-context=\"{&quot;imageId&quot;:&quot;6a9c314c711ad&quot;}\" data-wp-interactive=\"core\/image\" data-wp-key=\"6a9c314c711ad\" class=\"wp-block-image size-large wp-lightbox-container\"><img decoding=\"async\" width=\"1800\" height=\"1201\" data-wp-class--hide=\"state.isContentHidden\" data-wp-class--show=\"state.isContentVisible\" data-wp-init=\"callbacks.setButtonStyles\" data-wp-on--click=\"actions.showLightbox\" data-wp-on--load=\"callbacks.setButtonStyles\" data-wp-on--pointerdown=\"actions.preloadImage\" data-wp-on--pointerenter=\"actions.preloadImageWithDelay\" data-wp-on--pointerleave=\"actions.cancelPreload\" data-wp-on-window--resize=\"callbacks.setButtonStyles\" data-id=\"407107\" src=\"https:\/\/loudavymkrokem.cz\/wp-content\/uploads\/2026\/08\/hotel-sacher-vienna-2-1.jpg\" alt=\"O Rote Bar festivamente posto no Hotel Sacher\" class=\"wp-image-407107\" title=\"\" srcset=\"https:\/\/loudavymkrokem.cz\/wp-content\/uploads\/2026\/08\/hotel-sacher-vienna-2-1.jpg 1800w, https:\/\/loudavymkrokem.cz\/wp-content\/uploads\/2026\/08\/hotel-sacher-vienna-2-1-300x200.jpg 300w, https:\/\/loudavymkrokem.cz\/wp-content\/uploads\/2026\/08\/hotel-sacher-vienna-2-1-700x467.jpg 700w, https:\/\/loudavymkrokem.cz\/wp-content\/uploads\/2026\/08\/hotel-sacher-vienna-2-1-768x512.jpg 768w, https:\/\/loudavymkrokem.cz\/wp-content\/uploads\/2026\/08\/hotel-sacher-vienna-2-1-1536x1025.jpg 1536w, https:\/\/loudavymkrokem.cz\/wp-content\/uploads\/2026\/08\/hotel-sacher-vienna-2-1-696x464.jpg 696w, https:\/\/loudavymkrokem.cz\/wp-content\/uploads\/2026\/08\/hotel-sacher-vienna-2-1-1392x929.jpg 1392w\" sizes=\"(max-width: 1800px) 100vw, 1800px\" \/><button\n\t\t\tclass=\"lightbox-trigger\"\n\t\t\ttype=\"button\"\n\t\t\taria-haspopup=\"dialog\"\n\t\t\tdata-wp-bind--aria-label=\"state.thisImage.triggerButtonAriaLabel\"\n\t\t\tdata-wp-init=\"callbacks.initTriggerButton\"\n\t\t\tdata-wp-on--click=\"actions.showLightbox\"\n\t\t\tdata-wp-style--right=\"state.thisImage.buttonRight\"\n\t\t\tdata-wp-style--top=\"state.thisImage.buttonTop\"\n\t\t>\n\t\t\t<svg xmlns=\"http:\/\/www.w3.org\/2000\/svg\" width=\"12\" height=\"12\" fill=\"none\" viewBox=\"0 0 12 12\">\n\t\t\t\t<path fill=\"#fff\" d=\"M2 0a2 2 0 0 0-2 2v2h1.5V2a.5.5 0 0 1 .5-.5h2V0H2Zm2 10.5H2a.5.5 0 0 1-.5-.5V8H0v2a2 2 0 0 0 2 2h2v-1.5ZM8 12v-1.5h2a.5.5 0 0 0 .5-.5V8H12v2a2 2 0 0 1-2 2H8Zm2-12a2 2 0 0 1 2 2v2h-1.5V2a.5.5 0 0 0-.5-.5H8V0h2Z\" \/>\n\t\t\t<\/svg>\n\t\t<\/button><figcaption class=\"wp-element-caption\">Foto: Hotel Sacher \/ site oficial<\/figcaption><\/figure>\n\n\n<figure data-wp-context=\"{&quot;imageId&quot;:&quot;6a9c314c71760&quot;}\" data-wp-interactive=\"core\/image\" data-wp-key=\"6a9c314c71760\" class=\"wp-block-image size-large wp-lightbox-container\"><img decoding=\"async\" width=\"1800\" height=\"1201\" data-wp-class--hide=\"state.isContentHidden\" data-wp-class--show=\"state.isContentVisible\" data-wp-init=\"callbacks.setButtonStyles\" data-wp-on--click=\"actions.showLightbox\" data-wp-on--load=\"callbacks.setButtonStyles\" data-wp-on--pointerdown=\"actions.preloadImage\" data-wp-on--pointerenter=\"actions.preloadImageWithDelay\" data-wp-on--pointerleave=\"actions.cancelPreload\" data-wp-on-window--resize=\"callbacks.setButtonStyles\" data-id=\"407111\" src=\"https:\/\/loudavymkrokem.cz\/wp-content\/uploads\/2026\/08\/hotel-sacher-vienna-3-1.jpg\" alt=\"Quarto no Hotel Sacher\" class=\"wp-image-407111\" title=\"\" srcset=\"https:\/\/loudavymkrokem.cz\/wp-content\/uploads\/2026\/08\/hotel-sacher-vienna-3-1.jpg 1800w, https:\/\/loudavymkrokem.cz\/wp-content\/uploads\/2026\/08\/hotel-sacher-vienna-3-1-300x200.jpg 300w, https:\/\/loudavymkrokem.cz\/wp-content\/uploads\/2026\/08\/hotel-sacher-vienna-3-1-700x467.jpg 700w, https:\/\/loudavymkrokem.cz\/wp-content\/uploads\/2026\/08\/hotel-sacher-vienna-3-1-768x512.jpg 768w, https:\/\/loudavymkrokem.cz\/wp-content\/uploads\/2026\/08\/hotel-sacher-vienna-3-1-1536x1025.jpg 1536w, https:\/\/loudavymkrokem.cz\/wp-content\/uploads\/2026\/08\/hotel-sacher-vienna-3-1-696x464.jpg 696w, https:\/\/loudavymkrokem.cz\/wp-content\/uploads\/2026\/08\/hotel-sacher-vienna-3-1-1392x929.jpg 1392w\" sizes=\"(max-width: 1800px) 100vw, 1800px\" \/><button\n\t\t\tclass=\"lightbox-trigger\"\n\t\t\ttype=\"button\"\n\t\t\taria-haspopup=\"dialog\"\n\t\t\tdata-wp-bind--aria-label=\"state.thisImage.triggerButtonAriaLabel\"\n\t\t\tdata-wp-init=\"callbacks.initTriggerButton\"\n\t\t\tdata-wp-on--click=\"actions.showLightbox\"\n\t\t\tdata-wp-style--right=\"state.thisImage.buttonRight\"\n\t\t\tdata-wp-style--top=\"state.thisImage.buttonTop\"\n\t\t>\n\t\t\t<svg xmlns=\"http:\/\/www.w3.org\/2000\/svg\" width=\"12\" height=\"12\" fill=\"none\" viewBox=\"0 0 12 12\">\n\t\t\t\t<path fill=\"#fff\" d=\"M2 0a2 2 0 0 0-2 2v2h1.5V2a.5.5 0 0 1 .5-.5h2V0H2Zm2 10.5H2a.5.5 0 0 1-.5-.5V8H0v2a2 2 0 0 0 2 2h2v-1.5ZM8 12v-1.5h2a.5.5 0 0 0 .5-.5V8H12v2a2 2 0 0 1-2 2H8Zm2-12a2 2 0 0 1 2 2v2h-1.5V2a.5.5 0 0 0-.5-.5H8V0h2Z\" \/>\n\t\t\t<\/svg>\n\t\t<\/button><figcaption class=\"wp-element-caption\">Foto: Hotel Sacher \/ site oficial<\/figcaption><\/figure>\n\n\n<figure data-wp-context=\"{&quot;imageId&quot;:&quot;6a9c314c71ca4&quot;}\" data-wp-interactive=\"core\/image\" data-wp-key=\"6a9c314c71ca4\" class=\"wp-block-image size-large wp-lightbox-container\"><img decoding=\"async\" width=\"1800\" height=\"1201\" data-wp-class--hide=\"state.isContentHidden\" data-wp-class--show=\"state.isContentVisible\" data-wp-init=\"callbacks.setButtonStyles\" data-wp-on--click=\"actions.showLightbox\" data-wp-on--load=\"callbacks.setButtonStyles\" data-wp-on--pointerdown=\"actions.preloadImage\" data-wp-on--pointerenter=\"actions.preloadImageWithDelay\" data-wp-on--pointerleave=\"actions.cancelPreload\" data-wp-on-window--resize=\"callbacks.setButtonStyles\" data-id=\"407115\" src=\"https:\/\/loudavymkrokem.cz\/wp-content\/uploads\/2026\/08\/hotel-sacher-vienna-4-1.jpg\" alt=\"Sal\u00e3o do Hotel Sacher em frente \u00e0 \u00f3pera de Viena\" class=\"wp-image-407115\" title=\"\" srcset=\"https:\/\/loudavymkrokem.cz\/wp-content\/uploads\/2026\/08\/hotel-sacher-vienna-4-1.jpg 1800w, https:\/\/loudavymkrokem.cz\/wp-content\/uploads\/2026\/08\/hotel-sacher-vienna-4-1-300x200.jpg 300w, https:\/\/loudavymkrokem.cz\/wp-content\/uploads\/2026\/08\/hotel-sacher-vienna-4-1-700x467.jpg 700w, https:\/\/loudavymkrokem.cz\/wp-content\/uploads\/2026\/08\/hotel-sacher-vienna-4-1-768x512.jpg 768w, https:\/\/loudavymkrokem.cz\/wp-content\/uploads\/2026\/08\/hotel-sacher-vienna-4-1-1536x1025.jpg 1536w, https:\/\/loudavymkrokem.cz\/wp-content\/uploads\/2026\/08\/hotel-sacher-vienna-4-1-696x464.jpg 696w, https:\/\/loudavymkrokem.cz\/wp-content\/uploads\/2026\/08\/hotel-sacher-vienna-4-1-1392x929.jpg 1392w\" sizes=\"(max-width: 1800px) 100vw, 1800px\" \/><button\n\t\t\tclass=\"lightbox-trigger\"\n\t\t\ttype=\"button\"\n\t\t\taria-haspopup=\"dialog\"\n\t\t\tdata-wp-bind--aria-label=\"state.thisImage.triggerButtonAriaLabel\"\n\t\t\tdata-wp-init=\"callbacks.initTriggerButton\"\n\t\t\tdata-wp-on--click=\"actions.showLightbox\"\n\t\t\tdata-wp-style--right=\"state.thisImage.buttonRight\"\n\t\t\tdata-wp-style--top=\"state.thisImage.buttonTop\"\n\t\t>\n\t\t\t<svg xmlns=\"http:\/\/www.w3.org\/2000\/svg\" width=\"12\" height=\"12\" fill=\"none\" viewBox=\"0 0 12 12\">\n\t\t\t\t<path fill=\"#fff\" d=\"M2 0a2 2 0 0 0-2 2v2h1.5V2a.5.5 0 0 1 .5-.5h2V0H2Zm2 10.5H2a.5.5 0 0 1-.5-.5V8H0v2a2 2 0 0 0 2 2h2v-1.5ZM8 12v-1.5h2a.5.5 0 0 0 .5-.5V8H12v2a2 2 0 0 1-2 2H8Zm2-12a2 2 0 0 1 2 2v2h-1.5V2a.5.5 0 0 0-.5-.5H8V0h2Z\" \/>\n\t\t\t<\/svg>\n\t\t<\/button><figcaption class=\"wp-element-caption\">Foto: Hotel Sacher \/ site oficial<\/figcaption><\/figure>\n\n<\/figure>\n\n\n\n<p class=\"wp-block-paragraph\">Nas resenhas, os viajantes valorizam mais o servi\u00e7o pessoal absolutamente impec\u00e1vel, os interiores opulentos cheios de antiguidades raras e a atmosfera \u00fanica dos tempos antigos. \u00c9 claro que d\u00e1 para provar o mundialmente famoso Sachertorte original direto na fonte, uma <strong>experi\u00eancia doce que n\u00f3s dois adoramos de paix\u00e3o<\/strong>.<\/p>\n\n\n\n<p class=\"wp-block-paragraph\">O pr\u00e9dio fica no centro hist\u00f3rico absoluto, ent\u00e3o voc\u00ea chega a todos os principais monumentos confortavelmente a p\u00e9 por lindas ruas. <strong>Os apreciadores de m\u00fasica cl\u00e1ssica ainda v\u00e3o adorar a proximidade imediata da \u00f3pera<\/strong>, para onde podem voltar \u00e0 noite depois do espet\u00e1culo sem precisar de transporte noturno complicado.<\/p>\n\n\n\n<p class=\"wp-block-paragraph\">\ud83d\udca1 Dica: escolha este hotel se voc\u00ea procura <strong>o topo absoluto para uma ocasi\u00e3o especial da vida<\/strong>, como um anivers\u00e1rio redondo ou uma lua de mel luxuosa. O pre\u00e7o, claro, corresponde \u00e0 exclusividade, mas a experi\u00eancia de se hospedar numa institui\u00e7\u00e3o t\u00e3o ic\u00f4nica voc\u00ea vai lembrar para sempre. <em><a href=\"https:\/\/www.stay22.com\/allez\/roam?aid=lukaskonecny&#038;campaign=loudavymkrokemcz&#038;campaign=kde-bydlet-ve-vidni&#038;hotelname=Hotel%20Sacher%20Vienna&#038;address=V%C3%ADde%C5%88%2C%20Rakousko\" target=\"_blank\" rel=\"nofollow noopener sponsored\">verificar pre\u00e7os e disponibilidade<\/a><\/em><\/p>\n\n\n\n<figure data-wp-context=\"{&quot;imageId&quot;:&quot;6a9c314c72831&quot;}\" data-wp-interactive=\"core\/image\" data-wp-key=\"6a9c314c72831\" class=\"wp-block-image size-full wp-lightbox-container\"><img decoding=\"async\" width=\"569\" height=\"320\" data-wp-class--hide=\"state.isContentHidden\" data-wp-class--show=\"state.isContentVisible\" data-wp-init=\"callbacks.setButtonStyles\" data-wp-on--click=\"actions.showLightbox\" data-wp-on--load=\"callbacks.setButtonStyles\" data-wp-on--pointerdown=\"actions.preloadImage\" data-wp-on--pointerenter=\"actions.preloadImageWithDelay\" data-wp-on--pointerleave=\"actions.cancelPreload\" data-wp-on-window--resize=\"callbacks.setButtonStyles\" src=\"https:\/\/loudavymkrokem.cz\/wp-content\/uploads\/2026\/08\/hotel-imperial-na-v-de-sk-ringstra-e.jpg\" alt=\"Hotel Imperial na Ringstra\u00dfe de Viena\" class=\"wp-image-407165\" title=\"\" srcset=\"https:\/\/loudavymkrokem.cz\/wp-content\/uploads\/2026\/08\/hotel-imperial-na-v-de-sk-ringstra-e.jpg 569w, https:\/\/loudavymkrokem.cz\/wp-content\/uploads\/2026\/08\/hotel-imperial-na-v-de-sk-ringstra-e-300x169.jpg 300w\" sizes=\"(max-width: 569px) 100vw, 569px\" \/><button\n\t\t\tclass=\"lightbox-trigger\"\n\t\t\ttype=\"button\"\n\t\t\taria-haspopup=\"dialog\"\n\t\t\tdata-wp-bind--aria-label=\"state.thisImage.triggerButtonAriaLabel\"\n\t\t\tdata-wp-init=\"callbacks.initTriggerButton\"\n\t\t\tdata-wp-on--click=\"actions.showLightbox\"\n\t\t\tdata-wp-style--right=\"state.thisImage.buttonRight\"\n\t\t\tdata-wp-style--top=\"state.thisImage.buttonTop\"\n\t\t>\n\t\t\t<svg xmlns=\"http:\/\/www.w3.org\/2000\/svg\" width=\"12\" height=\"12\" fill=\"none\" viewBox=\"0 0 12 12\">\n\t\t\t\t<path fill=\"#fff\" d=\"M2 0a2 2 0 0 0-2 2v2h1.5V2a.5.5 0 0 1 .5-.5h2V0H2Zm2 10.5H2a.5.5 0 0 1-.5-.5V8H0v2a2 2 0 0 0 2 2h2v-1.5ZM8 12v-1.5h2a.5.5 0 0 0 .5-.5V8H12v2a2 2 0 0 1-2 2H8Zm2-12a2 2 0 0 1 2 2v2h-1.5V2a.5.5 0 0 0-.5-.5H8V0h2Z\" \/>\n\t\t\t<\/svg>\n\t\t<\/button><figcaption class=\"wp-element-caption\">Foto: Hotel Imperial, a Luxury Collection Hotel, Vienna \/ Google Maps<\/figcaption><\/figure>\n\n\n\n<h3 class=\"wp-block-heading\"><span class=\"ez-toc-section\" id=\"2_Hotel_Imperial\"><\/span>2. Hotel Imperial<span class=\"ez-toc-section-end\"><\/span><\/h3>\n\n\n\n<p class=\"wp-block-paragraph\">Este impressionante antigo pal\u00e1cio nobili\u00e1rquico na famosa rua Ringstra\u00dfe pode se orgulhar de uma nota bem prestigiosa, <strong>4,7 de 1.877 resenhas<\/strong>, e faz jus ao que a metr\u00f3pole austr\u00edaca tem de mais grandioso para oferecer aos h\u00f3spedes. J\u00e1 na pr\u00f3pria entrada do majestoso lobby, com colunas de m\u00e1rmore e enormes lustres de cristal, voc\u00ea vai se sentir como um membro da fam\u00edlia imperial.<\/p>\n\n\n\n<p class=\"wp-block-paragraph\">Todos os quartos s\u00e3o decorados com um senso incr\u00edvel de detalhe hist\u00f3rico e as paredes muitas vezes t\u00eam luxuosos pap\u00e9is de seda. Nas avalia\u00e7\u00f5es, os h\u00f3spedes destacam com frequ\u00eancia <strong>o servi\u00e7o acima da m\u00e9dia do mordomo pessoal<\/strong>, que atende com um sorriso a cada desejo imagin\u00e1vel durante toda a estadia.<\/p>\n\n\n\n<p class=\"wp-block-paragraph\">Este pr\u00e9dio \u00fanico respira hist\u00f3ria secular a cada passo, e ficar aqui \u00e9 mais uma experi\u00eancia de visitar um museu vivo do que um hotel comum. <strong>O servi\u00e7o \u00e9 levado \u00e0 perfei\u00e7\u00e3o absoluta<\/strong> e os funcion\u00e1rios fazem o m\u00e1ximo para que cada h\u00f3spede se sinta absolutamente especial.<\/p>\n\n\n\n<p class=\"wp-block-paragraph\">\ud83d\udca1 Dica: hospede-se aqui se voc\u00ea realmente ama <strong>hist\u00f3ria rica e arquitetura cl\u00e1ssica de pal\u00e1cio<\/strong>. O hotel fica bem no primeiro bairro, ent\u00e3o dos monumentos mais famosos voc\u00ea vai estar a apenas alguns passos rom\u00e2nticos pelas lindas ruas de Viena. <em><a href=\"https:\/\/www.stay22.com\/allez\/roam?aid=lukaskonecny&#038;campaign=loudavymkrokemcz&#038;campaign=kde-bydlet-ve-vidni&#038;hotelname=Hotel%20Imperial&#038;address=V%C3%ADde%C5%88%2C%20Rakousko\" target=\"_blank\" rel=\"nofollow noopener sponsored\">verificar pre\u00e7os e disponibilidade<\/a><\/em><\/p>\n\n\n\n<figure data-wp-context=\"{&quot;imageId&quot;:&quot;6a9c314c73063&quot;}\" data-wp-interactive=\"core\/image\" data-wp-key=\"6a9c314c73063\" class=\"wp-block-image size-full wp-lightbox-container\"><img decoding=\"async\" width=\"1600\" height=\"1116\" data-wp-class--hide=\"state.isContentHidden\" data-wp-class--show=\"state.isContentVisible\" data-wp-init=\"callbacks.setButtonStyles\" data-wp-on--click=\"actions.showLightbox\" data-wp-on--load=\"callbacks.setButtonStyles\" data-wp-on--pointerdown=\"actions.preloadImage\" data-wp-on--pointerenter=\"actions.preloadImageWithDelay\" data-wp-on--pointerleave=\"actions.cancelPreload\" data-wp-on-window--resize=\"callbacks.setButtonStyles\" src=\"https:\/\/loudavymkrokem.cz\/wp-content\/uploads\/2026\/08\/park-hyatt-vienna-v-budov-b-val-banky.jpg\" alt=\"Park Hyatt Vienna no pr\u00e9dio de um antigo banco\" class=\"wp-image-407161\" title=\"\" srcset=\"https:\/\/loudavymkrokem.cz\/wp-content\/uploads\/2026\/08\/park-hyatt-vienna-v-budov-b-val-banky.jpg 1600w, https:\/\/loudavymkrokem.cz\/wp-content\/uploads\/2026\/08\/park-hyatt-vienna-v-budov-b-val-banky-300x209.jpg 300w, https:\/\/loudavymkrokem.cz\/wp-content\/uploads\/2026\/08\/park-hyatt-vienna-v-budov-b-val-banky-700x488.jpg 700w, https:\/\/loudavymkrokem.cz\/wp-content\/uploads\/2026\/08\/park-hyatt-vienna-v-budov-b-val-banky-768x536.jpg 768w, https:\/\/loudavymkrokem.cz\/wp-content\/uploads\/2026\/08\/park-hyatt-vienna-v-budov-b-val-banky-1536x1071.jpg 1536w, https:\/\/loudavymkrokem.cz\/wp-content\/uploads\/2026\/08\/park-hyatt-vienna-v-budov-b-val-banky-696x485.jpg 696w, https:\/\/loudavymkrokem.cz\/wp-content\/uploads\/2026\/08\/park-hyatt-vienna-v-budov-b-val-banky-1392x971.jpg 1392w\" sizes=\"(max-width: 1600px) 100vw, 1600px\" \/><button\n\t\t\tclass=\"lightbox-trigger\"\n\t\t\ttype=\"button\"\n\t\t\taria-haspopup=\"dialog\"\n\t\t\tdata-wp-bind--aria-label=\"state.thisImage.triggerButtonAriaLabel\"\n\t\t\tdata-wp-init=\"callbacks.initTriggerButton\"\n\t\t\tdata-wp-on--click=\"actions.showLightbox\"\n\t\t\tdata-wp-style--right=\"state.thisImage.buttonRight\"\n\t\t\tdata-wp-style--top=\"state.thisImage.buttonTop\"\n\t\t>\n\t\t\t<svg xmlns=\"http:\/\/www.w3.org\/2000\/svg\" width=\"12\" height=\"12\" fill=\"none\" viewBox=\"0 0 12 12\">\n\t\t\t\t<path fill=\"#fff\" d=\"M2 0a2 2 0 0 0-2 2v2h1.5V2a.5.5 0 0 1 .5-.5h2V0H2Zm2 10.5H2a.5.5 0 0 1-.5-.5V8H0v2a2 2 0 0 0 2 2h2v-1.5ZM8 12v-1.5h2a.5.5 0 0 0 .5-.5V8H12v2a2 2 0 0 1-2 2H8Zm2-12a2 2 0 0 1 2 2v2h-1.5V2a.5.5 0 0 0-.5-.5H8V0h2Z\" \/>\n\t\t\t<\/svg>\n\t\t<\/button><figcaption class=\"wp-element-caption\">Foto: Park Hyatt Vienna \/ Google Maps<\/figcaption><\/figure>\n\n\n\n<h3 class=\"wp-block-heading\"><span class=\"ez-toc-section\" id=\"3_Park_Hyatt_Vienna\"><\/span>3. Park Hyatt Vienna<span class=\"ez-toc-section-end\"><\/span><\/h3>\n\n\n\n<p class=\"wp-block-paragraph\">No pr\u00f3prio cora\u00e7\u00e3o do primeiro bairro, num pr\u00e9dio lindamente reformado de um antigo banco, fica este hotel de luxo moderno que mant\u00e9m uma \u00f3tima nota, <strong>4,7 de 2.846 resenhas<\/strong>. Os arquitetos conseguiram unir com maestria a fachada hist\u00f3rica protegida a um design interno muito elegante e absolutamente atual.<\/p>\n\n\n\n<p class=\"wp-block-paragraph\">A maior atra\u00e7\u00e3o para os h\u00f3spedes \u00e9, sem d\u00favida, <strong>a piscina de quinze metros instalada no antigo e enorme cofre do banco<\/strong>, um detalhe arquitet\u00f4nico que, segundo as resenhas, literalmente tira o f\u00f4lego. O spa e a ampla zona de wellness est\u00e3o entre os lugares de relaxamento mais bem avaliados da cidade toda.<\/p>\n\n\n\n<p class=\"wp-block-paragraph\">Os viajantes elogiam muito o espa\u00e7o dos quartos e o isolamento ac\u00fastico perfeito das janelas, que garante um sono tranquilo mesmo no centro agitado. <strong>As ruas ao redor est\u00e3o cheias das butiques mais luxuosas do mundo<\/strong>, ent\u00e3o, se voc\u00ea planeja unir o passeio pela cidade a compras, dificilmente vai achar um ponto de partida melhor.<\/p>\n\n\n\n<p class=\"wp-block-paragraph\">\ud83d\udca1 Dica: este hotel fant\u00e1stico \u00e9 ideal para viajantes que preferem <strong>uma concep\u00e7\u00e3o mais moderna de luxo<\/strong> a cortinas e tapetes hist\u00f3ricos e pesados. Fica bem no famoso bairro de compras, ent\u00e3o os amantes de moda v\u00e3o estar literalmente no s\u00e9timo c\u00e9u. <em><a href=\"https:\/\/www.stay22.com\/allez\/roam?aid=lukaskonecny&#038;campaign=loudavymkrokemcz&#038;campaign=kde-bydlet-ve-vidni&#038;hotelname=Park%20Hyatt%20Vienna&#038;address=V%C3%ADde%C5%88%2C%20Rakousko\" target=\"_blank\" rel=\"nofollow noopener sponsored\">verificar pre\u00e7os e disponibilidade<\/a><\/em><\/p>\n\n\n\n<figure data-wp-context=\"{&quot;imageId&quot;:&quot;6a9c314c737fb&quot;}\" data-wp-interactive=\"core\/image\" data-wp-key=\"6a9c314c737fb\" class=\"wp-block-image size-full wp-lightbox-container\"><img decoding=\"async\" width=\"1336\" height=\"752\" data-wp-class--hide=\"state.isContentHidden\" data-wp-class--show=\"state.isContentVisible\" data-wp-init=\"callbacks.setButtonStyles\" data-wp-on--click=\"actions.showLightbox\" data-wp-on--load=\"callbacks.setButtonStyles\" data-wp-on--pointerdown=\"actions.preloadImage\" data-wp-on--pointerenter=\"actions.preloadImageWithDelay\" data-wp-on--pointerleave=\"actions.cancelPreload\" data-wp-on-window--resize=\"callbacks.setButtonStyles\" src=\"https:\/\/loudavymkrokem.cz\/wp-content\/uploads\/2026\/08\/the-ritz-carlton-vienna-1.jpg\" alt=\"Entrada do The Ritz-Carlton na Schubertring\" class=\"wp-image-407090\" title=\"\" srcset=\"https:\/\/loudavymkrokem.cz\/wp-content\/uploads\/2026\/08\/the-ritz-carlton-vienna-1.jpg 1336w, https:\/\/loudavymkrokem.cz\/wp-content\/uploads\/2026\/08\/the-ritz-carlton-vienna-1-300x169.jpg 300w, https:\/\/loudavymkrokem.cz\/wp-content\/uploads\/2026\/08\/the-ritz-carlton-vienna-1-700x394.jpg 700w, https:\/\/loudavymkrokem.cz\/wp-content\/uploads\/2026\/08\/the-ritz-carlton-vienna-1-768x432.jpg 768w, https:\/\/loudavymkrokem.cz\/wp-content\/uploads\/2026\/08\/the-ritz-carlton-vienna-1-696x392.jpg 696w\" sizes=\"(max-width: 1336px) 100vw, 1336px\" \/><button\n\t\t\tclass=\"lightbox-trigger\"\n\t\t\ttype=\"button\"\n\t\t\taria-haspopup=\"dialog\"\n\t\t\tdata-wp-bind--aria-label=\"state.thisImage.triggerButtonAriaLabel\"\n\t\t\tdata-wp-init=\"callbacks.initTriggerButton\"\n\t\t\tdata-wp-on--click=\"actions.showLightbox\"\n\t\t\tdata-wp-style--right=\"state.thisImage.buttonRight\"\n\t\t\tdata-wp-style--top=\"state.thisImage.buttonTop\"\n\t\t>\n\t\t\t<svg xmlns=\"http:\/\/www.w3.org\/2000\/svg\" width=\"12\" height=\"12\" fill=\"none\" viewBox=\"0 0 12 12\">\n\t\t\t\t<path fill=\"#fff\" d=\"M2 0a2 2 0 0 0-2 2v2h1.5V2a.5.5 0 0 1 .5-.5h2V0H2Zm2 10.5H2a.5.5 0 0 1-.5-.5V8H0v2a2 2 0 0 0 2 2h2v-1.5ZM8 12v-1.5h2a.5.5 0 0 0 .5-.5V8H12v2a2 2 0 0 1-2 2H8Zm2-12a2 2 0 0 1 2 2v2h-1.5V2a.5.5 0 0 0-.5-.5H8V0h2Z\" \/>\n\t\t\t<\/svg>\n\t\t<\/button><figcaption class=\"wp-element-caption\">Foto: The Ritz-Carlton Vienna \/ site oficial<\/figcaption><\/figure>\n\n\n\n<h3 class=\"wp-block-heading\"><span class=\"ez-toc-section\" id=\"4_The_Ritz-Carlton_Vienna\"><\/span>4. The Ritz-Carlton Vienna<span class=\"ez-toc-section-end\"><\/span><\/h3>\n\n\n\n<p class=\"wp-block-paragraph\">Quatro pal\u00e1cios do s\u00e9culo XIX, restaurados com precis\u00e3o, formam hoje este complexo de luxo com a excelente nota <strong>4,6 de 2.624 resenhas<\/strong>. Fica na prestigiosa avenida Schubertring e oferece uma uni\u00e3o incr\u00edvel de legado hist\u00f3rico com um padr\u00e3o internacional de servi\u00e7o de primeira classe.<\/p>\n\n\n\n<figure data-wp-context=\"{&quot;galleryId&quot;:&quot;6a9c314c73b04&quot;}\" data-wp-interactive=\"core\/gallery\" class=\"wp-block-gallery has-nested-images columns-2 is-cropped wp-block-gallery-is-layout-flex wp-block-gallery-2 is-layout-flex\">\n\n<figure data-wp-context=\"{&quot;imageId&quot;:&quot;6a9c314c73f08&quot;}\" data-wp-interactive=\"core\/image\" data-wp-key=\"6a9c314c73f08\" class=\"wp-block-image size-large wp-lightbox-container\"><img decoding=\"async\" width=\"1800\" height=\"600\" data-wp-class--hide=\"state.isContentHidden\" data-wp-class--show=\"state.isContentVisible\" data-wp-init=\"callbacks.setButtonStyles\" data-wp-on--click=\"actions.showLightbox\" data-wp-on--load=\"callbacks.setButtonStyles\" data-wp-on--pointerdown=\"actions.preloadImage\" data-wp-on--pointerenter=\"actions.preloadImageWithDelay\" data-wp-on--pointerleave=\"actions.cancelPreload\" data-wp-on-window--resize=\"callbacks.setButtonStyles\" data-id=\"407093\" src=\"https:\/\/loudavymkrokem.cz\/wp-content\/uploads\/2026\/08\/the-ritz-carlton-vienna-2.jpg\" alt=\"The Ritz-Carlton Vienna \u00e0 noite\" class=\"wp-image-407093\" title=\"\" srcset=\"https:\/\/loudavymkrokem.cz\/wp-content\/uploads\/2026\/08\/the-ritz-carlton-vienna-2.jpg 1800w, https:\/\/loudavymkrokem.cz\/wp-content\/uploads\/2026\/08\/the-ritz-carlton-vienna-2-300x100.jpg 300w, https:\/\/loudavymkrokem.cz\/wp-content\/uploads\/2026\/08\/the-ritz-carlton-vienna-2-700x233.jpg 700w, https:\/\/loudavymkrokem.cz\/wp-content\/uploads\/2026\/08\/the-ritz-carlton-vienna-2-768x256.jpg 768w, https:\/\/loudavymkrokem.cz\/wp-content\/uploads\/2026\/08\/the-ritz-carlton-vienna-2-1536x512.jpg 1536w, https:\/\/loudavymkrokem.cz\/wp-content\/uploads\/2026\/08\/the-ritz-carlton-vienna-2-696x232.jpg 696w, https:\/\/loudavymkrokem.cz\/wp-content\/uploads\/2026\/08\/the-ritz-carlton-vienna-2-1392x464.jpg 1392w\" sizes=\"(max-width: 1800px) 100vw, 1800px\" \/><button\n\t\t\tclass=\"lightbox-trigger\"\n\t\t\ttype=\"button\"\n\t\t\taria-haspopup=\"dialog\"\n\t\t\tdata-wp-bind--aria-label=\"state.thisImage.triggerButtonAriaLabel\"\n\t\t\tdata-wp-init=\"callbacks.initTriggerButton\"\n\t\t\tdata-wp-on--click=\"actions.showLightbox\"\n\t\t\tdata-wp-style--right=\"state.thisImage.buttonRight\"\n\t\t\tdata-wp-style--top=\"state.thisImage.buttonTop\"\n\t\t>\n\t\t\t<svg xmlns=\"http:\/\/www.w3.org\/2000\/svg\" width=\"12\" height=\"12\" fill=\"none\" viewBox=\"0 0 12 12\">\n\t\t\t\t<path fill=\"#fff\" d=\"M2 0a2 2 0 0 0-2 2v2h1.5V2a.5.5 0 0 1 .5-.5h2V0H2Zm2 10.5H2a.5.5 0 0 1-.5-.5V8H0v2a2 2 0 0 0 2 2h2v-1.5ZM8 12v-1.5h2a.5.5 0 0 0 .5-.5V8H12v2a2 2 0 0 1-2 2H8Zm2-12a2 2 0 0 1 2 2v2h-1.5V2a.5.5 0 0 0-.5-.5H8V0h2Z\" \/>\n\t\t\t<\/svg>\n\t\t<\/button><figcaption class=\"wp-element-caption\">Foto: The Ritz-Carlton Vienna \/ site oficial<\/figcaption><\/figure>\n\n\n<figure data-wp-context=\"{&quot;imageId&quot;:&quot;6a9c314c74419&quot;}\" data-wp-interactive=\"core\/image\" data-wp-key=\"6a9c314c74419\" class=\"wp-block-image size-large wp-lightbox-container\"><img decoding=\"async\" width=\"1800\" height=\"599\" data-wp-class--hide=\"state.isContentHidden\" data-wp-class--show=\"state.isContentVisible\" data-wp-init=\"callbacks.setButtonStyles\" data-wp-on--click=\"actions.showLightbox\" data-wp-on--load=\"callbacks.setButtonStyles\" data-wp-on--pointerdown=\"actions.preloadImage\" data-wp-on--pointerenter=\"actions.preloadImageWithDelay\" data-wp-on--pointerleave=\"actions.cancelPreload\" data-wp-on-window--resize=\"callbacks.setButtonStyles\" data-id=\"407096\" src=\"https:\/\/loudavymkrokem.cz\/wp-content\/uploads\/2026\/08\/the-ritz-carlton-vienna-3.jpg\" alt=\"Su\u00edte no The Ritz-Carlton Vienna\" class=\"wp-image-407096\" title=\"\" srcset=\"https:\/\/loudavymkrokem.cz\/wp-content\/uploads\/2026\/08\/the-ritz-carlton-vienna-3.jpg 1800w, https:\/\/loudavymkrokem.cz\/wp-content\/uploads\/2026\/08\/the-ritz-carlton-vienna-3-300x100.jpg 300w, https:\/\/loudavymkrokem.cz\/wp-content\/uploads\/2026\/08\/the-ritz-carlton-vienna-3-700x233.jpg 700w, https:\/\/loudavymkrokem.cz\/wp-content\/uploads\/2026\/08\/the-ritz-carlton-vienna-3-768x256.jpg 768w, https:\/\/loudavymkrokem.cz\/wp-content\/uploads\/2026\/08\/the-ritz-carlton-vienna-3-1536x511.jpg 1536w, https:\/\/loudavymkrokem.cz\/wp-content\/uploads\/2026\/08\/the-ritz-carlton-vienna-3-696x232.jpg 696w, https:\/\/loudavymkrokem.cz\/wp-content\/uploads\/2026\/08\/the-ritz-carlton-vienna-3-1392x463.jpg 1392w\" sizes=\"(max-width: 1800px) 100vw, 1800px\" \/><button\n\t\t\tclass=\"lightbox-trigger\"\n\t\t\ttype=\"button\"\n\t\t\taria-haspopup=\"dialog\"\n\t\t\tdata-wp-bind--aria-label=\"state.thisImage.triggerButtonAriaLabel\"\n\t\t\tdata-wp-init=\"callbacks.initTriggerButton\"\n\t\t\tdata-wp-on--click=\"actions.showLightbox\"\n\t\t\tdata-wp-style--right=\"state.thisImage.buttonRight\"\n\t\t\tdata-wp-style--top=\"state.thisImage.buttonTop\"\n\t\t>\n\t\t\t<svg xmlns=\"http:\/\/www.w3.org\/2000\/svg\" width=\"12\" height=\"12\" fill=\"none\" viewBox=\"0 0 12 12\">\n\t\t\t\t<path fill=\"#fff\" d=\"M2 0a2 2 0 0 0-2 2v2h1.5V2a.5.5 0 0 1 .5-.5h2V0H2Zm2 10.5H2a.5.5 0 0 1-.5-.5V8H0v2a2 2 0 0 0 2 2h2v-1.5ZM8 12v-1.5h2a.5.5 0 0 0 .5-.5V8H12v2a2 2 0 0 1-2 2H8Zm2-12a2 2 0 0 1 2 2v2h-1.5V2a.5.5 0 0 0-.5-.5H8V0h2Z\" \/>\n\t\t\t<\/svg>\n\t\t<\/button><figcaption class=\"wp-element-caption\">Foto: The Ritz-Carlton Vienna \/ site oficial<\/figcaption><\/figure>\n\n\n<figure data-wp-context=\"{&quot;imageId&quot;:&quot;6a9c314c7499b&quot;}\" data-wp-interactive=\"core\/image\" data-wp-key=\"6a9c314c7499b\" class=\"wp-block-image size-large wp-lightbox-container\"><img decoding=\"async\" width=\"1800\" height=\"599\" data-wp-class--hide=\"state.isContentHidden\" data-wp-class--show=\"state.isContentVisible\" data-wp-init=\"callbacks.setButtonStyles\" data-wp-on--click=\"actions.showLightbox\" data-wp-on--load=\"callbacks.setButtonStyles\" data-wp-on--pointerdown=\"actions.preloadImage\" data-wp-on--pointerenter=\"actions.preloadImageWithDelay\" data-wp-on--pointerleave=\"actions.cancelPreload\" data-wp-on-window--resize=\"callbacks.setButtonStyles\" data-id=\"407100\" src=\"https:\/\/loudavymkrokem.cz\/wp-content\/uploads\/2026\/08\/the-ritz-carlton-vienna-4.jpg\" alt=\"Entrada do The Ritz-Carlton na Schubertring\" class=\"wp-image-407100\" title=\"\" srcset=\"https:\/\/loudavymkrokem.cz\/wp-content\/uploads\/2026\/08\/the-ritz-carlton-vienna-4.jpg 1800w, https:\/\/loudavymkrokem.cz\/wp-content\/uploads\/2026\/08\/the-ritz-carlton-vienna-4-300x100.jpg 300w, https:\/\/loudavymkrokem.cz\/wp-content\/uploads\/2026\/08\/the-ritz-carlton-vienna-4-700x233.jpg 700w, https:\/\/loudavymkrokem.cz\/wp-content\/uploads\/2026\/08\/the-ritz-carlton-vienna-4-768x256.jpg 768w, https:\/\/loudavymkrokem.cz\/wp-content\/uploads\/2026\/08\/the-ritz-carlton-vienna-4-1536x511.jpg 1536w, https:\/\/loudavymkrokem.cz\/wp-content\/uploads\/2026\/08\/the-ritz-carlton-vienna-4-696x232.jpg 696w, https:\/\/loudavymkrokem.cz\/wp-content\/uploads\/2026\/08\/the-ritz-carlton-vienna-4-1392x463.jpg 1392w\" sizes=\"(max-width: 1800px) 100vw, 1800px\" \/><button\n\t\t\tclass=\"lightbox-trigger\"\n\t\t\ttype=\"button\"\n\t\t\taria-haspopup=\"dialog\"\n\t\t\tdata-wp-bind--aria-label=\"state.thisImage.triggerButtonAriaLabel\"\n\t\t\tdata-wp-init=\"callbacks.initTriggerButton\"\n\t\t\tdata-wp-on--click=\"actions.showLightbox\"\n\t\t\tdata-wp-style--right=\"state.thisImage.buttonRight\"\n\t\t\tdata-wp-style--top=\"state.thisImage.buttonTop\"\n\t\t>\n\t\t\t<svg xmlns=\"http:\/\/www.w3.org\/2000\/svg\" width=\"12\" height=\"12\" fill=\"none\" viewBox=\"0 0 12 12\">\n\t\t\t\t<path fill=\"#fff\" d=\"M2 0a2 2 0 0 0-2 2v2h1.5V2a.5.5 0 0 1 .5-.5h2V0H2Zm2 10.5H2a.5.5 0 0 1-.5-.5V8H0v2a2 2 0 0 0 2 2h2v-1.5ZM8 12v-1.5h2a.5.5 0 0 0 .5-.5V8H12v2a2 2 0 0 1-2 2H8Zm2-12a2 2 0 0 1 2 2v2h-1.5V2a.5.5 0 0 0-.5-.5H8V0h2Z\" \/>\n\t\t\t<\/svg>\n\t\t<\/button><figcaption class=\"wp-element-caption\">Foto: The Ritz-Carlton Vienna \/ site oficial<\/figcaption><\/figure>\n\n<\/figure>\n\n\n\n<p class=\"wp-block-paragraph\">Nas resenhas, os h\u00f3spedes elogiam muito os quartos extraordinariamente espa\u00e7osos, o isolamento ac\u00fastico perfeito e, sobretudo, <strong>as camas bem confort\u00e1veis, que garantem o melhor descanso poss\u00edvel<\/strong>. Segundo a experi\u00eancia dos viajantes, a equipe \u00e9 sempre discreta ao m\u00e1ximo e profissional em qualquer situa\u00e7\u00e3o.<\/p>\n\n\n\n<p class=\"wp-block-paragraph\">A verdadeira sensa\u00e7\u00e3o deste estabelecimento \u00e9, no entanto, <strong>o estiloso bar no terra\u00e7o com vista panor\u00e2mica da cidade toda<\/strong>, que, segundo os visitantes, \u00e9 o lugar absolutamente perfeito para um drinque \u00e0 noite, durante um p\u00f4r do sol rom\u00e2ntico sobre os telhados de Viena. A experi\u00eancia desse lugar est\u00e1 entre os pontos positivos mais citados.<\/p>\n\n\n\n<p class=\"wp-block-paragraph\">\ud83d\udca1 Dica: se nas viagens voc\u00ea procura <strong>a combina\u00e7\u00e3o perfeita de servi\u00e7o de primeira classe e vistas deslumbrantes<\/strong>, esta \u00e9 a escolha certa para voc\u00ea. A \u00f3tima localiza\u00e7\u00e3o central permite explorar o cora\u00e7\u00e3o da cidade a p\u00e9 e, \u00e0 noite, descansar no m\u00e1ximo luxo. <em><a href=\"https:\/\/www.stay22.com\/allez\/roam?aid=lukaskonecny&#038;campaign=loudavymkrokemcz&#038;campaign=kde-bydlet-ve-vidni&#038;hotelname=The%20Ritz-Carlton%20Vienna&#038;address=V%C3%ADde%C5%88%2C%20Rakousko\" target=\"_blank\" rel=\"nofollow noopener sponsored\">verificar pre\u00e7os e disponibilidade<\/a><\/em><\/p>\n\n\n\n<figure data-wp-context=\"{&quot;imageId&quot;:&quot;6a9c314c75246&quot;}\" data-wp-interactive=\"core\/image\" data-wp-key=\"6a9c314c75246\" class=\"wp-block-image size-full wp-lightbox-container\"><img decoding=\"async\" width=\"480\" height=\"320\" data-wp-class--hide=\"state.isContentHidden\" data-wp-class--show=\"state.isContentVisible\" data-wp-init=\"callbacks.setButtonStyles\" data-wp-on--click=\"actions.showLightbox\" data-wp-on--load=\"callbacks.setButtonStyles\" data-wp-on--pointerdown=\"actions.preloadImage\" data-wp-on--pointerenter=\"actions.preloadImageWithDelay\" data-wp-on--pointerleave=\"actions.cancelPreload\" data-wp-on-window--resize=\"callbacks.setButtonStyles\" src=\"https:\/\/loudavymkrokem.cz\/wp-content\/uploads\/2026\/08\/hotel-bristol-naproti-st-tn-ope-e.jpg\" alt=\"Hotel Bristol em frente \u00e0 \u00d3pera Estatal\" class=\"wp-image-407158\" title=\"\" srcset=\"https:\/\/loudavymkrokem.cz\/wp-content\/uploads\/2026\/08\/hotel-bristol-naproti-st-tn-ope-e.jpg 480w, https:\/\/loudavymkrokem.cz\/wp-content\/uploads\/2026\/08\/hotel-bristol-naproti-st-tn-ope-e-300x200.jpg 300w\" sizes=\"(max-width: 480px) 100vw, 480px\" \/><button\n\t\t\tclass=\"lightbox-trigger\"\n\t\t\ttype=\"button\"\n\t\t\taria-haspopup=\"dialog\"\n\t\t\tdata-wp-bind--aria-label=\"state.thisImage.triggerButtonAriaLabel\"\n\t\t\tdata-wp-init=\"callbacks.initTriggerButton\"\n\t\t\tdata-wp-on--click=\"actions.showLightbox\"\n\t\t\tdata-wp-style--right=\"state.thisImage.buttonRight\"\n\t\t\tdata-wp-style--top=\"state.thisImage.buttonTop\"\n\t\t>\n\t\t\t<svg xmlns=\"http:\/\/www.w3.org\/2000\/svg\" width=\"12\" height=\"12\" fill=\"none\" viewBox=\"0 0 12 12\">\n\t\t\t\t<path fill=\"#fff\" d=\"M2 0a2 2 0 0 0-2 2v2h1.5V2a.5.5 0 0 1 .5-.5h2V0H2Zm2 10.5H2a.5.5 0 0 1-.5-.5V8H0v2a2 2 0 0 0 2 2h2v-1.5ZM8 12v-1.5h2a.5.5 0 0 0 .5-.5V8H12v2a2 2 0 0 1-2 2H8Zm2-12a2 2 0 0 1 2 2v2h-1.5V2a.5.5 0 0 0-.5-.5H8V0h2Z\" \/>\n\t\t\t<\/svg>\n\t\t<\/button><figcaption class=\"wp-element-caption\">Foto: Hotel Bristol, a Luxury Collection Hotel, Vienna \/ Google Maps<\/figcaption><\/figure>\n\n\n\n<h3 class=\"wp-block-heading\"><span class=\"ez-toc-section\" id=\"5_Hotel_Bristol\"><\/span>5. Hotel Bristol<span class=\"ez-toc-section-end\"><\/span><\/h3>\n\n\n\n<p class=\"wp-block-paragraph\">Este belo pr\u00e9dio hist\u00f3rico, com uma nota bem s\u00f3lida de <strong>4,6 de 1.104 resenhas<\/strong>, fica logo em frente ao conhecido edif\u00edcio da \u00d3pera Estatal, o que j\u00e1 lhe d\u00e1 desde o in\u00edcio um prest\u00edgio incr\u00edvel. Os interiores em estilo Art D\u00e9co respiram a eleg\u00e2ncia da primeira metade do s\u00e9culo XX e mant\u00eam seu charme original.<\/p>\n\n\n\n<p class=\"wp-block-paragraph\">Nas resenhas, os h\u00f3spedes destacam mais a <strong>vista \u00fanica de alguns quartos direto para o grandioso edif\u00edcio da \u00f3pera<\/strong>, uma experi\u00eancia cultural que nem todo hotel de Viena oferece. A atmosfera desses quartos \u00e0 noite \u00e9, dizem, absolutamente insuper\u00e1vel.<\/p>\n\n\n\n<p class=\"wp-block-paragraph\">A equipe local \u00e9, dizem, extraordinariamente cort\u00eas, prestativa e sempre pronta a ajudar com reservas de ingressos ou escolha de um bom restaurante. <strong>O restaurante do hotel e o estiloso bar t\u00eam ainda uma reputa\u00e7\u00e3o excelente<\/strong> at\u00e9 entre os pr\u00f3prios moradores de Viena, que gostam de vir aqui para o caf\u00e9 da tarde.<\/p>\n\n\n\n<p class=\"wp-block-paragraph\">\ud83d\udca1 Dica: reserve um quarto neste hotel se o ponto principal do seu roteiro \u00e9 <strong>assistir a um espet\u00e1culo de \u00f3pera ou a um concerto de m\u00fasica cl\u00e1ssica<\/strong>. A localiza\u00e7\u00e3o do pr\u00e9dio simplesmente n\u00e3o pode ser melhor para esse fim. <em><a href=\"https:\/\/www.stay22.com\/allez\/roam?aid=lukaskonecny&#038;campaign=loudavymkrokemcz&#038;campaign=kde-bydlet-ve-vidni&#038;hotelname=Hotel%20Bristol&#038;address=V%C3%ADde%C5%88%2C%20Rakousko\" target=\"_blank\" rel=\"nofollow noopener sponsored\">verificar pre\u00e7os e disponibilidade<\/a><\/em><\/p>\n\n\n\n<figure data-wp-context=\"{&quot;imageId&quot;:&quot;6a9c314c7584a&quot;}\" data-wp-interactive=\"core\/image\" data-wp-key=\"6a9c314c7584a\" class=\"wp-block-image size-full wp-lightbox-container\"><img decoding=\"async\" width=\"1800\" height=\"1200\" data-wp-class--hide=\"state.isContentHidden\" data-wp-class--show=\"state.isContentVisible\" data-wp-init=\"callbacks.setButtonStyles\" data-wp-on--click=\"actions.showLightbox\" data-wp-on--load=\"callbacks.setButtonStyles\" data-wp-on--pointerdown=\"actions.preloadImage\" data-wp-on--pointerenter=\"actions.preloadImageWithDelay\" data-wp-on--pointerleave=\"actions.cancelPreload\" data-wp-on-window--resize=\"callbacks.setButtonStyles\" src=\"https:\/\/loudavymkrokem.cz\/wp-content\/uploads\/2026\/08\/rosewood-vienna-1.jpg\" alt=\"Fachada hist\u00f3rica do hotel Rosewood Vienna\" class=\"wp-image-407087\" title=\"\" srcset=\"https:\/\/loudavymkrokem.cz\/wp-content\/uploads\/2026\/08\/rosewood-vienna-1.jpg 1800w, https:\/\/loudavymkrokem.cz\/wp-content\/uploads\/2026\/08\/rosewood-vienna-1-300x200.jpg 300w, https:\/\/loudavymkrokem.cz\/wp-content\/uploads\/2026\/08\/rosewood-vienna-1-700x467.jpg 700w, https:\/\/loudavymkrokem.cz\/wp-content\/uploads\/2026\/08\/rosewood-vienna-1-768x512.jpg 768w, https:\/\/loudavymkrokem.cz\/wp-content\/uploads\/2026\/08\/rosewood-vienna-1-1536x1024.jpg 1536w, https:\/\/loudavymkrokem.cz\/wp-content\/uploads\/2026\/08\/rosewood-vienna-1-696x464.jpg 696w, https:\/\/loudavymkrokem.cz\/wp-content\/uploads\/2026\/08\/rosewood-vienna-1-1392x928.jpg 1392w\" sizes=\"(max-width: 1800px) 100vw, 1800px\" \/><button\n\t\t\tclass=\"lightbox-trigger\"\n\t\t\ttype=\"button\"\n\t\t\taria-haspopup=\"dialog\"\n\t\t\tdata-wp-bind--aria-label=\"state.thisImage.triggerButtonAriaLabel\"\n\t\t\tdata-wp-init=\"callbacks.initTriggerButton\"\n\t\t\tdata-wp-on--click=\"actions.showLightbox\"\n\t\t\tdata-wp-style--right=\"state.thisImage.buttonRight\"\n\t\t\tdata-wp-style--top=\"state.thisImage.buttonTop\"\n\t\t>\n\t\t\t<svg xmlns=\"http:\/\/www.w3.org\/2000\/svg\" width=\"12\" height=\"12\" fill=\"none\" viewBox=\"0 0 12 12\">\n\t\t\t\t<path fill=\"#fff\" d=\"M2 0a2 2 0 0 0-2 2v2h1.5V2a.5.5 0 0 1 .5-.5h2V0H2Zm2 10.5H2a.5.5 0 0 1-.5-.5V8H0v2a2 2 0 0 0 2 2h2v-1.5ZM8 12v-1.5h2a.5.5 0 0 0 .5-.5V8H12v2a2 2 0 0 1-2 2H8Zm2-12a2 2 0 0 1 2 2v2h-1.5V2a.5.5 0 0 0-.5-.5H8V0h2Z\" \/>\n\t\t\t<\/svg>\n\t\t<\/button><figcaption class=\"wp-element-caption\">Foto: Rosewood Vienna \/ site oficial<\/figcaption><\/figure>\n\n\n\n<h3 class=\"wp-block-heading\"><span class=\"ez-toc-section\" id=\"6_Rosewood_Vienna\"><\/span>6. Rosewood Vienna<span class=\"ez-toc-section-end\"><\/span><\/h3>\n\n\n\n<p class=\"wp-block-paragraph\">Como um dos acr\u00e9scimos mais recentes \u00e0 cena de luxo de Viena, este hotel conquistou muito r\u00e1pido o cora\u00e7\u00e3o dos h\u00f3spedes e ostenta uma linda nota de <strong>4,6 de 513 resenhas<\/strong>. Fica na pitoresca pra\u00e7a Petersplatz, literalmente a poucas dezenas de metros da famosa rua comercial Graben, e oferece aos h\u00f3spedes uma atmosfera bem intimista e boutique.<\/p>\n\n\n\n<p class=\"wp-block-paragraph\">Os designers experientes apostaram aqui conscientemente em leveza, cores pastel claras e arte moderna por toda parte. Assim criaram <strong>um contraste muito fresco e agrad\u00e1vel em rela\u00e7\u00e3o aos tradicionais hot\u00e9is escuros de Viena<\/strong>, que \u00e0s vezes podem parecer um pouco pesados. Essa abordagem agrada sobretudo a gera\u00e7\u00e3o mais jovem de viajantes.<\/p>\n\n\n\n<p class=\"wp-block-paragraph\">Nas avalia\u00e7\u00f5es, h\u00f3spedes do mundo todo valorizam sobretudo <strong>o sil\u00eancio absoluto e a privacidade perfeita<\/strong>, que o hotel surpreendentemente oferece apesar da localiza\u00e7\u00e3o no centro pulsante da metr\u00f3pole. H\u00e1 tamb\u00e9m um \u00f3timo restaurante com terra\u00e7o de ver\u00e3o.<\/p>\n\n\n\n<p class=\"wp-block-paragraph\">\ud83d\udca1 Dica: este \u00e9 o lugar perfeito para os viajantes que nas f\u00e9rias exigem <strong>a estrutura mais moderna e um design claro impec\u00e1vel<\/strong> em combina\u00e7\u00e3o com a atmosfera intimista e tranquila de um estabelecimento de luxo menor. <em><a href=\"https:\/\/www.stay22.com\/allez\/roam?aid=lukaskonecny&#038;campaign=loudavymkrokemcz&#038;campaign=kde-bydlet-ve-vidni&#038;hotelname=Rosewood%20Vienna&#038;address=V%C3%ADde%C5%88%2C%20Rakousko\" target=\"_blank\" rel=\"nofollow noopener sponsored\">verificar pre\u00e7os e disponibilidade<\/a><\/em><\/p>\n\n\n\n<figure data-wp-context=\"{&quot;imageId&quot;:&quot;6a9c314c763a2&quot;}\" data-wp-interactive=\"core\/image\" data-wp-key=\"6a9c314c763a2\" class=\"wp-block-image size-full wp-lightbox-container\"><img decoding=\"async\" width=\"1600\" height=\"1066\" data-wp-class--hide=\"state.isContentHidden\" data-wp-class--show=\"state.isContentVisible\" data-wp-init=\"callbacks.setButtonStyles\" data-wp-on--click=\"actions.showLightbox\" data-wp-on--load=\"callbacks.setButtonStyles\" data-wp-on--pointerdown=\"actions.preloadImage\" data-wp-on--pointerenter=\"actions.preloadImageWithDelay\" data-wp-on--pointerleave=\"actions.cancelPreload\" data-wp-on-window--resize=\"callbacks.setButtonStyles\" src=\"https:\/\/loudavymkrokem.cz\/wp-content\/uploads\/2026\/08\/eurostars-grand-hotel-na-k-rntner-ringu.jpg\" alt=\"Eurostars Grand Hotel na K\u00e4rntner Ring\" class=\"wp-image-407141\" title=\"\" srcset=\"https:\/\/loudavymkrokem.cz\/wp-content\/uploads\/2026\/08\/eurostars-grand-hotel-na-k-rntner-ringu.jpg 1600w, https:\/\/loudavymkrokem.cz\/wp-content\/uploads\/2026\/08\/eurostars-grand-hotel-na-k-rntner-ringu-300x200.jpg 300w, https:\/\/loudavymkrokem.cz\/wp-content\/uploads\/2026\/08\/eurostars-grand-hotel-na-k-rntner-ringu-700x466.jpg 700w, https:\/\/loudavymkrokem.cz\/wp-content\/uploads\/2026\/08\/eurostars-grand-hotel-na-k-rntner-ringu-768x512.jpg 768w, https:\/\/loudavymkrokem.cz\/wp-content\/uploads\/2026\/08\/eurostars-grand-hotel-na-k-rntner-ringu-1536x1023.jpg 1536w, https:\/\/loudavymkrokem.cz\/wp-content\/uploads\/2026\/08\/eurostars-grand-hotel-na-k-rntner-ringu-696x464.jpg 696w, https:\/\/loudavymkrokem.cz\/wp-content\/uploads\/2026\/08\/eurostars-grand-hotel-na-k-rntner-ringu-1392x927.jpg 1392w\" sizes=\"(max-width: 1600px) 100vw, 1600px\" \/><button\n\t\t\tclass=\"lightbox-trigger\"\n\t\t\ttype=\"button\"\n\t\t\taria-haspopup=\"dialog\"\n\t\t\tdata-wp-bind--aria-label=\"state.thisImage.triggerButtonAriaLabel\"\n\t\t\tdata-wp-init=\"callbacks.initTriggerButton\"\n\t\t\tdata-wp-on--click=\"actions.showLightbox\"\n\t\t\tdata-wp-style--right=\"state.thisImage.buttonRight\"\n\t\t\tdata-wp-style--top=\"state.thisImage.buttonTop\"\n\t\t>\n\t\t\t<svg xmlns=\"http:\/\/www.w3.org\/2000\/svg\" width=\"12\" height=\"12\" fill=\"none\" viewBox=\"0 0 12 12\">\n\t\t\t\t<path fill=\"#fff\" d=\"M2 0a2 2 0 0 0-2 2v2h1.5V2a.5.5 0 0 1 .5-.5h2V0H2Zm2 10.5H2a.5.5 0 0 1-.5-.5V8H0v2a2 2 0 0 0 2 2h2v-1.5ZM8 12v-1.5h2a.5.5 0 0 0 .5-.5V8H12v2a2 2 0 0 1-2 2H8Zm2-12a2 2 0 0 1 2 2v2h-1.5V2a.5.5 0 0 0-.5-.5H8V0h2Z\" \/>\n\t\t\t<\/svg>\n\t\t<\/button><figcaption class=\"wp-element-caption\">Foto: Eurostars Grand Hotel Wien \/ Google Maps<\/figcaption><\/figure>\n\n\n\n<h3 class=\"wp-block-heading\"><span class=\"ez-toc-section\" id=\"7_Eurostars_Grand_Hotel_Wien\"><\/span>7. Eurostars Grand Hotel Wien<span class=\"ez-toc-section-end\"><\/span><\/h3>\n\n\n\n<p class=\"wp-block-paragraph\">Este hotel muito popular na prestigiosa rua K\u00e4rntner Ring atinge a excelente nota <strong>4,6 de 1.986 resenhas<\/strong> e oferece o cl\u00e1ssico estilo vienense numa faixa de pre\u00e7o um pouco mais acess\u00edvel que a das \u00edcones de pal\u00e1cio mais famosas. O pr\u00e9dio combina de forma inteligente o charme hist\u00f3rico preservado com todo o conforto moderno desejado.<\/p>\n\n\n\n<p class=\"wp-block-paragraph\">Nas resenhas, os viajantes elogiam muito e com frequ\u00eancia <strong>os caf\u00e9s da manh\u00e3 de buf\u00ea incrivelmente fartos e os banheiros surpreendentemente espa\u00e7osos<\/strong>, que costumam ser um grande problema nos pr\u00e9dios hist\u00f3ricos do centro de Viena. Aqui, por\u00e9m, voc\u00ea certamente n\u00e3o vai reclamar de falta de espa\u00e7o.<\/p>\n\n\n\n<p class=\"wp-block-paragraph\">Uma enorme vantagem log\u00edstica \u00e9 ainda a proximidade imediata da importante esta\u00e7\u00e3o de metr\u00f4 Karlsplatz. <strong>Esse gigantesco n\u00f3 de transporte garante conex\u00e3o \u00f3tima e r\u00e1pida<\/strong> para absolutamente todos os cantos da cidade, incluindo o caminho direto ao Pal\u00e1cio de Sch\u00f6nbrunn.<\/p>\n\n\n\n<p class=\"wp-block-paragraph\">\ud83d\udca1 Dica: se voc\u00ea quer a qualquer custo ficar no prestigioso Ring, mas n\u00e3o precisa exatamente dos caros servi\u00e7os de mordomo pessoal, este hotel oferece <strong>um excelente e sensato meio-termo entre luxo verdadeiro e pre\u00e7o aceit\u00e1vel<\/strong>. <em><a href=\"https:\/\/www.stay22.com\/allez\/roam?aid=lukaskonecny&#038;campaign=loudavymkrokemcz&#038;campaign=kde-bydlet-ve-vidni&#038;hotelname=Eurostars%20Grand%20Hotel%20Wien&#038;address=V%C3%ADde%C5%88%2C%20Rakousko\" target=\"_blank\" rel=\"nofollow noopener sponsored\">verificar pre\u00e7os e disponibilidade<\/a><\/em><\/p>\n\n\n\n<figure data-wp-context=\"{&quot;imageId&quot;:&quot;6a9c314c76c66&quot;}\" data-wp-interactive=\"core\/image\" data-wp-key=\"6a9c314c76c66\" class=\"wp-block-image size-full wp-lightbox-container\"><img decoding=\"async\" width=\"1800\" height=\"1199\" data-wp-class--hide=\"state.isContentHidden\" data-wp-class--show=\"state.isContentVisible\" data-wp-init=\"callbacks.setButtonStyles\" data-wp-on--click=\"actions.showLightbox\" data-wp-on--load=\"callbacks.setButtonStyles\" data-wp-on--pointerdown=\"actions.preloadImage\" data-wp-on--pointerenter=\"actions.preloadImageWithDelay\" data-wp-on--pointerleave=\"actions.cancelPreload\" data-wp-on-window--resize=\"callbacks.setButtonStyles\" src=\"https:\/\/loudavymkrokem.cz\/wp-content\/uploads\/2026\/08\/hotel-kaiserhof-wien-1.jpg\" alt=\"Quarto no Hotel Kaiserhof Wien\" class=\"wp-image-407082\" title=\"\" srcset=\"https:\/\/loudavymkrokem.cz\/wp-content\/uploads\/2026\/08\/hotel-kaiserhof-wien-1.jpg 1800w, https:\/\/loudavymkrokem.cz\/wp-content\/uploads\/2026\/08\/hotel-kaiserhof-wien-1-300x200.jpg 300w, https:\/\/loudavymkrokem.cz\/wp-content\/uploads\/2026\/08\/hotel-kaiserhof-wien-1-700x466.jpg 700w, https:\/\/loudavymkrokem.cz\/wp-content\/uploads\/2026\/08\/hotel-kaiserhof-wien-1-768x512.jpg 768w, https:\/\/loudavymkrokem.cz\/wp-content\/uploads\/2026\/08\/hotel-kaiserhof-wien-1-1536x1023.jpg 1536w, https:\/\/loudavymkrokem.cz\/wp-content\/uploads\/2026\/08\/hotel-kaiserhof-wien-1-696x464.jpg 696w, https:\/\/loudavymkrokem.cz\/wp-content\/uploads\/2026\/08\/hotel-kaiserhof-wien-1-1392x927.jpg 1392w\" sizes=\"(max-width: 1800px) 100vw, 1800px\" \/><button\n\t\t\tclass=\"lightbox-trigger\"\n\t\t\ttype=\"button\"\n\t\t\taria-haspopup=\"dialog\"\n\t\t\tdata-wp-bind--aria-label=\"state.thisImage.triggerButtonAriaLabel\"\n\t\t\tdata-wp-init=\"callbacks.initTriggerButton\"\n\t\t\tdata-wp-on--click=\"actions.showLightbox\"\n\t\t\tdata-wp-style--right=\"state.thisImage.buttonRight\"\n\t\t\tdata-wp-style--top=\"state.thisImage.buttonTop\"\n\t\t>\n\t\t\t<svg xmlns=\"http:\/\/www.w3.org\/2000\/svg\" width=\"12\" height=\"12\" fill=\"none\" viewBox=\"0 0 12 12\">\n\t\t\t\t<path fill=\"#fff\" d=\"M2 0a2 2 0 0 0-2 2v2h1.5V2a.5.5 0 0 1 .5-.5h2V0H2Zm2 10.5H2a.5.5 0 0 1-.5-.5V8H0v2a2 2 0 0 0 2 2h2v-1.5ZM8 12v-1.5h2a.5.5 0 0 0 .5-.5V8H12v2a2 2 0 0 1-2 2H8Zm2-12a2 2 0 0 1 2 2v2h-1.5V2a.5.5 0 0 0-.5-.5H8V0h2Z\" \/>\n\t\t\t<\/svg>\n\t\t<\/button><figcaption class=\"wp-element-caption\">Foto: Hotel Kaiserhof Wien \/ site oficial<\/figcaption><\/figure>\n\n\n\n<h3 class=\"wp-block-heading\"><span class=\"ez-toc-section\" id=\"8_HOTEL_KAISERHOF_WIEN\"><\/span>8. HOTEL KAISERHOF WIEN<span class=\"ez-toc-section-end\"><\/span><\/h3>\n\n\n\n<p class=\"wp-block-paragraph\">Com uma nota absolutamente fant\u00e1stica e rara, <strong>4,8 de 1.364 resenhas, este \u00e9 o hotel mais bem avaliado de toda a nossa ampla sele\u00e7\u00e3o<\/strong>. Este tradicional hotel boutique familiar fica perto da movimentada Karlsplatz e conquista os h\u00f3spedes sobretudo pela abordagem incrivelmente calorosa e pessoal de toda a equipe.<\/p>\n\n\n\n<figure data-wp-context=\"{&quot;galleryId&quot;:&quot;6a9c314c76f02&quot;}\" data-wp-interactive=\"core\/gallery\" class=\"wp-block-gallery has-nested-images columns-2 is-cropped wp-block-gallery-is-layout-flex wp-block-gallery-3 is-layout-flex\">\n\n<figure data-wp-context=\"{&quot;imageId&quot;:&quot;6a9c314c772d6&quot;}\" data-wp-interactive=\"core\/image\" data-wp-key=\"6a9c314c772d6\" class=\"wp-block-image size-large wp-lightbox-container\"><img decoding=\"async\" width=\"1800\" height=\"1199\" data-wp-class--hide=\"state.isContentHidden\" data-wp-class--show=\"state.isContentVisible\" data-wp-init=\"callbacks.setButtonStyles\" data-wp-on--click=\"actions.showLightbox\" data-wp-on--load=\"callbacks.setButtonStyles\" data-wp-on--pointerdown=\"actions.preloadImage\" data-wp-on--pointerenter=\"actions.preloadImageWithDelay\" data-wp-on--pointerleave=\"actions.cancelPreload\" data-wp-on-window--resize=\"callbacks.setButtonStyles\" data-id=\"407085\" src=\"https:\/\/loudavymkrokem.cz\/wp-content\/uploads\/2026\/08\/hotel-kaiserhof-wien-2.jpg\" alt=\"Interior do Hotel Kaiserhof Wien\" class=\"wp-image-407085\" title=\"\" srcset=\"https:\/\/loudavymkrokem.cz\/wp-content\/uploads\/2026\/08\/hotel-kaiserhof-wien-2.jpg 1800w, https:\/\/loudavymkrokem.cz\/wp-content\/uploads\/2026\/08\/hotel-kaiserhof-wien-2-300x200.jpg 300w, https:\/\/loudavymkrokem.cz\/wp-content\/uploads\/2026\/08\/hotel-kaiserhof-wien-2-700x466.jpg 700w, https:\/\/loudavymkrokem.cz\/wp-content\/uploads\/2026\/08\/hotel-kaiserhof-wien-2-768x512.jpg 768w, https:\/\/loudavymkrokem.cz\/wp-content\/uploads\/2026\/08\/hotel-kaiserhof-wien-2-1536x1023.jpg 1536w, https:\/\/loudavymkrokem.cz\/wp-content\/uploads\/2026\/08\/hotel-kaiserhof-wien-2-696x464.jpg 696w, https:\/\/loudavymkrokem.cz\/wp-content\/uploads\/2026\/08\/hotel-kaiserhof-wien-2-1392x927.jpg 1392w\" sizes=\"(max-width: 1800px) 100vw, 1800px\" \/><button\n\t\t\tclass=\"lightbox-trigger\"\n\t\t\ttype=\"button\"\n\t\t\taria-haspopup=\"dialog\"\n\t\t\tdata-wp-bind--aria-label=\"state.thisImage.triggerButtonAriaLabel\"\n\t\t\tdata-wp-init=\"callbacks.initTriggerButton\"\n\t\t\tdata-wp-on--click=\"actions.showLightbox\"\n\t\t\tdata-wp-style--right=\"state.thisImage.buttonRight\"\n\t\t\tdata-wp-style--top=\"state.thisImage.buttonTop\"\n\t\t>\n\t\t\t<svg xmlns=\"http:\/\/www.w3.org\/2000\/svg\" width=\"12\" height=\"12\" fill=\"none\" viewBox=\"0 0 12 12\">\n\t\t\t\t<path fill=\"#fff\" d=\"M2 0a2 2 0 0 0-2 2v2h1.5V2a.5.5 0 0 1 .5-.5h2V0H2Zm2 10.5H2a.5.5 0 0 1-.5-.5V8H0v2a2 2 0 0 0 2 2h2v-1.5ZM8 12v-1.5h2a.5.5 0 0 0 .5-.5V8H12v2a2 2 0 0 1-2 2H8Zm2-12a2 2 0 0 1 2 2v2h-1.5V2a.5.5 0 0 0-.5-.5H8V0h2Z\" \/>\n\t\t\t<\/svg>\n\t\t<\/button><figcaption class=\"wp-element-caption\">Foto: Hotel Kaiserhof Wien \/ site oficial<\/figcaption><\/figure>\n\n<\/figure>\n\n\n\n<p class=\"wp-block-paragraph\">Nas resenhas entusiasmadas se repetem enormes elogios aos famosos caf\u00e9s da manh\u00e3, \u00e0 limpeza perfeita de todos os espa\u00e7os e \u00e0 decora\u00e7\u00e3o bem aconchegante dos quartos, que mistura tradi\u00e7\u00e3o com elementos modernos de forma muito natural. <strong>Cada detalhe aqui \u00e9 cuidadosamente pensado para o m\u00e1ximo conforto do h\u00f3spede<\/strong>.<\/p>\n\n\n\n<p class=\"wp-block-paragraph\">A localiza\u00e7\u00e3o em si \u00e9 bem tranquila, mas ainda assim fica <strong>a apenas alguns minutos de caminhada confort\u00e1vel do edif\u00edcio da \u00f3pera<\/strong> e do centro hist\u00f3rico. Os visitantes t\u00eam \u00e0 disposi\u00e7\u00e3o tamb\u00e9m um agrad\u00e1vel centro de wellness, que cai muito bem depois de um longo dia andando pela cidade.<\/p>\n\n\n\n<p class=\"wp-block-paragraph\">\ud83d\udca1 Dica: esta \u00e9 a escolha absolutamente ideal para viajantes que preferem <strong>atmosfera familiar e trato pessoal<\/strong> ao anonimato frio das enormes redes de hot\u00e9is. Aqui voc\u00ea recebe um cuidado sincero, que hoje em dia \u00e9 bem dif\u00edcil de encontrar. <em><a href=\"https:\/\/www.stay22.com\/allez\/roam?aid=lukaskonecny&#038;campaign=loudavymkrokemcz&#038;campaign=kde-bydlet-ve-vidni&#038;hotelname=HOTEL%20KAISERHOF%20WIEN&#038;address=V%C3%ADde%C5%88%2C%20Rakousko\" target=\"_blank\" rel=\"nofollow noopener sponsored\">verificar pre\u00e7os e disponibilidade<\/a><\/em><\/p>\n\n\n\n<figure data-wp-context=\"{&quot;imageId&quot;:&quot;6a9c314c77acd&quot;}\" data-wp-interactive=\"core\/image\" data-wp-key=\"6a9c314c77acd\" class=\"wp-block-image size-full wp-lightbox-container\"><img decoding=\"async\" width=\"1800\" height=\"1201\" data-wp-class--hide=\"state.isContentHidden\" data-wp-class--show=\"state.isContentVisible\" data-wp-init=\"callbacks.setButtonStyles\" data-wp-on--click=\"actions.showLightbox\" data-wp-on--load=\"callbacks.setButtonStyles\" data-wp-on--pointerdown=\"actions.preloadImage\" data-wp-on--pointerenter=\"actions.preloadImageWithDelay\" data-wp-on--pointerleave=\"actions.cancelPreload\" data-wp-on-window--resize=\"callbacks.setButtonStyles\" src=\"https:\/\/loudavymkrokem.cz\/wp-content\/uploads\/2026\/08\/cocoon-wien-westbahnhof-boutiquehotel-stadth-1.jpg\" alt=\"Fachada verde do Boutiquehotel Stadthalle perto do Westbahnhof\" class=\"wp-image-407077\" title=\"\" srcset=\"https:\/\/loudavymkrokem.cz\/wp-content\/uploads\/2026\/08\/cocoon-wien-westbahnhof-boutiquehotel-stadth-1.jpg 1800w, https:\/\/loudavymkrokem.cz\/wp-content\/uploads\/2026\/08\/cocoon-wien-westbahnhof-boutiquehotel-stadth-1-300x200.jpg 300w, https:\/\/loudavymkrokem.cz\/wp-content\/uploads\/2026\/08\/cocoon-wien-westbahnhof-boutiquehotel-stadth-1-700x467.jpg 700w, https:\/\/loudavymkrokem.cz\/wp-content\/uploads\/2026\/08\/cocoon-wien-westbahnhof-boutiquehotel-stadth-1-768x512.jpg 768w, https:\/\/loudavymkrokem.cz\/wp-content\/uploads\/2026\/08\/cocoon-wien-westbahnhof-boutiquehotel-stadth-1-1536x1025.jpg 1536w, https:\/\/loudavymkrokem.cz\/wp-content\/uploads\/2026\/08\/cocoon-wien-westbahnhof-boutiquehotel-stadth-1-696x464.jpg 696w, https:\/\/loudavymkrokem.cz\/wp-content\/uploads\/2026\/08\/cocoon-wien-westbahnhof-boutiquehotel-stadth-1-1392x929.jpg 1392w\" sizes=\"(max-width: 1800px) 100vw, 1800px\" \/><button\n\t\t\tclass=\"lightbox-trigger\"\n\t\t\ttype=\"button\"\n\t\t\taria-haspopup=\"dialog\"\n\t\t\tdata-wp-bind--aria-label=\"state.thisImage.triggerButtonAriaLabel\"\n\t\t\tdata-wp-init=\"callbacks.initTriggerButton\"\n\t\t\tdata-wp-on--click=\"actions.showLightbox\"\n\t\t\tdata-wp-style--right=\"state.thisImage.buttonRight\"\n\t\t\tdata-wp-style--top=\"state.thisImage.buttonTop\"\n\t\t>\n\t\t\t<svg xmlns=\"http:\/\/www.w3.org\/2000\/svg\" width=\"12\" height=\"12\" fill=\"none\" viewBox=\"0 0 12 12\">\n\t\t\t\t<path fill=\"#fff\" d=\"M2 0a2 2 0 0 0-2 2v2h1.5V2a.5.5 0 0 1 .5-.5h2V0H2Zm2 10.5H2a.5.5 0 0 1-.5-.5V8H0v2a2 2 0 0 0 2 2h2v-1.5ZM8 12v-1.5h2a.5.5 0 0 0 .5-.5V8H12v2a2 2 0 0 1-2 2H8Zm2-12a2 2 0 0 1 2 2v2h-1.5V2a.5.5 0 0 0-.5-.5H8V0h2Z\" \/>\n\t\t\t<\/svg>\n\t\t<\/button><figcaption class=\"wp-element-caption\">Foto: Boutiquehotel Stadthalle \/ site oficial<\/figcaption><\/figure>\n\n\n\n<h3 class=\"wp-block-heading\"><span class=\"ez-toc-section\" id=\"9_Cocoon_Wien_Westbahnhof_%E2%80%94_Boutiquehotel_Stadthalle\"><\/span>9. Cocoon Wien Westbahnhof \u2014 Boutiquehotel Stadthalle<span class=\"ez-toc-section-end\"><\/span><\/h3>\n\n\n\n<p class=\"wp-block-paragraph\">Este interessante hotel de foco ecol\u00f3gico fica num belo pr\u00e9dio do in\u00edcio do s\u00e9culo XX. Voc\u00ea o encontra perto da importante esta\u00e7\u00e3o Westbahnhof e ele merecidamente ostenta uma \u00f3tima nota de <strong>4,8 de 1.369 resenhas<\/strong>. Todo o conceito \u00e9 constru\u00eddo sobre o profundo respeito \u00e0 natureza e \u00e0 viagem sustent\u00e1vel.<\/p>\n\n\n\n<figure data-wp-context=\"{&quot;galleryId&quot;:&quot;6a9c314c77d68&quot;}\" data-wp-interactive=\"core\/gallery\" class=\"wp-block-gallery has-nested-images columns-2 is-cropped wp-block-gallery-is-layout-flex wp-block-gallery-4 is-layout-flex\">\n\n<figure data-wp-context=\"{&quot;imageId&quot;:&quot;6a9c314c78186&quot;}\" data-wp-interactive=\"core\/image\" data-wp-key=\"6a9c314c78186\" class=\"wp-block-image size-large wp-lightbox-container\"><img decoding=\"async\" width=\"1707\" height=\"2560\" data-wp-class--hide=\"state.isContentHidden\" data-wp-class--show=\"state.isContentVisible\" data-wp-init=\"callbacks.setButtonStyles\" data-wp-on--click=\"actions.showLightbox\" data-wp-on--load=\"callbacks.setButtonStyles\" data-wp-on--pointerdown=\"actions.preloadImage\" data-wp-on--pointerenter=\"actions.preloadImageWithDelay\" data-wp-on--pointerleave=\"actions.cancelPreload\" data-wp-on-window--resize=\"callbacks.setButtonStyles\" data-id=\"407080\" src=\"https:\/\/loudavymkrokem.cz\/wp-content\/uploads\/2026\/08\/cocoon-wien-westbahnhof-boutiquehotel-stadth-3.jpg\" alt=\"\u00c1rea de caf\u00e9 da manh\u00e3 do Boutiquehotel Stadthalle\" class=\"wp-image-407080\" title=\"\" srcset=\"https:\/\/loudavymkrokem.cz\/wp-content\/uploads\/2026\/08\/cocoon-wien-westbahnhof-boutiquehotel-stadth-3.jpg 1707w, https:\/\/loudavymkrokem.cz\/wp-content\/uploads\/2026\/08\/cocoon-wien-westbahnhof-boutiquehotel-stadth-3-200x300.jpg 200w, https:\/\/loudavymkrokem.cz\/wp-content\/uploads\/2026\/08\/cocoon-wien-westbahnhof-boutiquehotel-stadth-3-700x1050.jpg 700w, https:\/\/loudavymkrokem.cz\/wp-content\/uploads\/2026\/08\/cocoon-wien-westbahnhof-boutiquehotel-stadth-3-768x1152.jpg 768w, https:\/\/loudavymkrokem.cz\/wp-content\/uploads\/2026\/08\/cocoon-wien-westbahnhof-boutiquehotel-stadth-3-1024x1536.jpg 1024w, https:\/\/loudavymkrokem.cz\/wp-content\/uploads\/2026\/08\/cocoon-wien-westbahnhof-boutiquehotel-stadth-3-1366x2048.jpg 1366w, https:\/\/loudavymkrokem.cz\/wp-content\/uploads\/2026\/08\/cocoon-wien-westbahnhof-boutiquehotel-stadth-3-696x1044.jpg 696w, https:\/\/loudavymkrokem.cz\/wp-content\/uploads\/2026\/08\/cocoon-wien-westbahnhof-boutiquehotel-stadth-3-1392x2088.jpg 1392w\" sizes=\"(max-width: 1707px) 100vw, 1707px\" \/><button\n\t\t\tclass=\"lightbox-trigger\"\n\t\t\ttype=\"button\"\n\t\t\taria-haspopup=\"dialog\"\n\t\t\tdata-wp-bind--aria-label=\"state.thisImage.triggerButtonAriaLabel\"\n\t\t\tdata-wp-init=\"callbacks.initTriggerButton\"\n\t\t\tdata-wp-on--click=\"actions.showLightbox\"\n\t\t\tdata-wp-style--right=\"state.thisImage.buttonRight\"\n\t\t\tdata-wp-style--top=\"state.thisImage.buttonTop\"\n\t\t>\n\t\t\t<svg xmlns=\"http:\/\/www.w3.org\/2000\/svg\" width=\"12\" height=\"12\" fill=\"none\" viewBox=\"0 0 12 12\">\n\t\t\t\t<path fill=\"#fff\" d=\"M2 0a2 2 0 0 0-2 2v2h1.5V2a.5.5 0 0 1 .5-.5h2V0H2Zm2 10.5H2a.5.5 0 0 1-.5-.5V8H0v2a2 2 0 0 0 2 2h2v-1.5ZM8 12v-1.5h2a.5.5 0 0 0 .5-.5V8H12v2a2 2 0 0 1-2 2H8Zm2-12a2 2 0 0 1 2 2v2h-1.5V2a.5.5 0 0 0-.5-.5H8V0h2Z\" \/>\n\t\t\t<\/svg>\n\t\t<\/button><figcaption class=\"wp-element-caption\">Foto: Boutiquehotel Stadthalle \/ site oficial<\/figcaption><\/figure>\n\n<\/figure>\n\n\n\n<p class=\"wp-block-paragraph\">Um elemento \u00fanico de todo o complexo \u00e9 o lindo p\u00e1tio interno e o jardim de lavanda florido e bem cuidado. Ele oferece aos h\u00f3spedes <strong>um o\u00e1sis incr\u00edvel de verde e tranquilidade em meio \u00e0 cidade<\/strong>, para onde voc\u00ea pode se refugiar confortavelmente depois de um dia inteiro correndo pelos monumentos. Os h\u00f3spedes ainda adoraram os caf\u00e9s da manh\u00e3 de ingredientes org\u00e2nicos locais.<\/p>\n\n\n\n<p class=\"wp-block-paragraph\">\u26a0\ufe0f Aviso das resenhas: antes de reservar um quarto aqui, voc\u00ea precisa saber uma coisa importante. Se escolher de prop\u00f3sito os <strong>quartos com vista para o jardim, conte com o fato de que ficam num pr\u00e9dio hist\u00f3rico sem elevador<\/strong>, o que pode ser um grande problema para pessoas com mobilidade reduzida ou malas pesadas.<\/p>\n\n\n\n<p class=\"wp-block-paragraph\">\ud83d\udca1 Dica: escolha este hotel se voc\u00ea chega \u00e0 cidade de trem no Westbahnhof e valoriza de verdade <strong>a abordagem ecol\u00f3gica aliada \u00e0 tranquilidade do jardim interno<\/strong>. Ao centro voc\u00ea chega daqui facilmente por uma linha direta de metr\u00f4 em pouco tempo. <em><a href=\"https:\/\/www.stay22.com\/allez\/roam?aid=lukaskonecny&#038;campaign=loudavymkrokemcz&#038;campaign=kde-bydlet-ve-vidni&#038;hotelname=Cocoon%20Wien%20Westbahnhof&#038;address=V%C3%ADde%C5%88%2C%20Rakousko\" target=\"_blank\" rel=\"nofollow noopener sponsored\">verificar pre\u00e7os e disponibilidade<\/a><\/em><\/p>\n\n\n\n<figure data-wp-context=\"{&quot;imageId&quot;:&quot;6a9c314c788e1&quot;}\" data-wp-interactive=\"core\/image\" data-wp-key=\"6a9c314c788e1\" class=\"wp-block-image size-full wp-lightbox-container\"><img decoding=\"async\" width=\"1800\" height=\"1200\" data-wp-class--hide=\"state.isContentHidden\" data-wp-class--show=\"state.isContentVisible\" data-wp-init=\"callbacks.setButtonStyles\" data-wp-on--click=\"actions.showLightbox\" data-wp-on--load=\"callbacks.setButtonStyles\" data-wp-on--pointerdown=\"actions.preloadImage\" data-wp-on--pointerenter=\"actions.preloadImageWithDelay\" data-wp-on--pointerleave=\"actions.cancelPreload\" data-wp-on-window--resize=\"callbacks.setButtonStyles\" src=\"https:\/\/loudavymkrokem.cz\/wp-content\/uploads\/2026\/08\/hotel-motto-2.jpg\" alt=\"Hotel MOTTO no bairro Mariahilf de Viena\" class=\"wp-image-407072\" title=\"\" srcset=\"https:\/\/loudavymkrokem.cz\/wp-content\/uploads\/2026\/08\/hotel-motto-2.jpg 1800w, https:\/\/loudavymkrokem.cz\/wp-content\/uploads\/2026\/08\/hotel-motto-2-300x200.jpg 300w, https:\/\/loudavymkrokem.cz\/wp-content\/uploads\/2026\/08\/hotel-motto-2-700x467.jpg 700w, https:\/\/loudavymkrokem.cz\/wp-content\/uploads\/2026\/08\/hotel-motto-2-768x512.jpg 768w, https:\/\/loudavymkrokem.cz\/wp-content\/uploads\/2026\/08\/hotel-motto-2-1536x1024.jpg 1536w, https:\/\/loudavymkrokem.cz\/wp-content\/uploads\/2026\/08\/hotel-motto-2-696x464.jpg 696w, https:\/\/loudavymkrokem.cz\/wp-content\/uploads\/2026\/08\/hotel-motto-2-1392x928.jpg 1392w\" sizes=\"(max-width: 1800px) 100vw, 1800px\" \/><button\n\t\t\tclass=\"lightbox-trigger\"\n\t\t\ttype=\"button\"\n\t\t\taria-haspopup=\"dialog\"\n\t\t\tdata-wp-bind--aria-label=\"state.thisImage.triggerButtonAriaLabel\"\n\t\t\tdata-wp-init=\"callbacks.initTriggerButton\"\n\t\t\tdata-wp-on--click=\"actions.showLightbox\"\n\t\t\tdata-wp-style--right=\"state.thisImage.buttonRight\"\n\t\t\tdata-wp-style--top=\"state.thisImage.buttonTop\"\n\t\t>\n\t\t\t<svg xmlns=\"http:\/\/www.w3.org\/2000\/svg\" width=\"12\" height=\"12\" fill=\"none\" viewBox=\"0 0 12 12\">\n\t\t\t\t<path fill=\"#fff\" d=\"M2 0a2 2 0 0 0-2 2v2h1.5V2a.5.5 0 0 1 .5-.5h2V0H2Zm2 10.5H2a.5.5 0 0 1-.5-.5V8H0v2a2 2 0 0 0 2 2h2v-1.5ZM8 12v-1.5h2a.5.5 0 0 0 .5-.5V8H12v2a2 2 0 0 1-2 2H8Zm2-12a2 2 0 0 1 2 2v2h-1.5V2a.5.5 0 0 0-.5-.5H8V0h2Z\" \/>\n\t\t\t<\/svg>\n\t\t<\/button><figcaption class=\"wp-element-caption\">Foto: Hotel MOTTO \/ site oficial<\/figcaption><\/figure>\n\n\n\n<h3 class=\"wp-block-heading\"><span class=\"ez-toc-section\" id=\"10_Hotel_MOTTO\"><\/span>10. Hotel MOTTO<span class=\"ez-toc-section-end\"><\/span><\/h3>\n\n\n\n<p class=\"wp-block-paragraph\">Bem no bairro de Mariahilf, na famosa e movimentada rua comercial, voc\u00ea encontra este hotel boutique incrivelmente estiloso, com a excelente nota <strong>4,7 de 1.154 resenhas<\/strong>. Os interiores aqui s\u00e3o fortemente inspirados na boemia parisiense dos anos 1920, e cada canto realmente parece sa\u00eddo de uma revista de design luxuosa.<\/p>\n\n\n\n<figure data-wp-context=\"{&quot;galleryId&quot;:&quot;6a9c314c78b7c&quot;}\" data-wp-interactive=\"core\/gallery\" class=\"wp-block-gallery has-nested-images columns-2 is-cropped wp-block-gallery-is-layout-flex wp-block-gallery-5 is-layout-flex\">\n\n<figure data-wp-context=\"{&quot;imageId&quot;:&quot;6a9c314c78f03&quot;}\" data-wp-interactive=\"core\/image\" data-wp-key=\"6a9c314c78f03\" class=\"wp-block-image size-large wp-lightbox-container\"><img decoding=\"async\" width=\"1286\" height=\"730\" data-wp-class--hide=\"state.isContentHidden\" data-wp-class--show=\"state.isContentVisible\" data-wp-init=\"callbacks.setButtonStyles\" data-wp-on--click=\"actions.showLightbox\" data-wp-on--load=\"callbacks.setButtonStyles\" data-wp-on--pointerdown=\"actions.preloadImage\" data-wp-on--pointerenter=\"actions.preloadImageWithDelay\" data-wp-on--pointerleave=\"actions.cancelPreload\" data-wp-on-window--resize=\"callbacks.setButtonStyles\" data-id=\"407074\" src=\"https:\/\/loudavymkrokem.cz\/wp-content\/uploads\/2026\/08\/hotel-motto-3.jpg\" alt=\"Restaurante do hotel MOTTO\" class=\"wp-image-407074\" title=\"\" srcset=\"https:\/\/loudavymkrokem.cz\/wp-content\/uploads\/2026\/08\/hotel-motto-3.jpg 1286w, https:\/\/loudavymkrokem.cz\/wp-content\/uploads\/2026\/08\/hotel-motto-3-300x170.jpg 300w, https:\/\/loudavymkrokem.cz\/wp-content\/uploads\/2026\/08\/hotel-motto-3-700x397.jpg 700w, https:\/\/loudavymkrokem.cz\/wp-content\/uploads\/2026\/08\/hotel-motto-3-768x436.jpg 768w, https:\/\/loudavymkrokem.cz\/wp-content\/uploads\/2026\/08\/hotel-motto-3-696x395.jpg 696w\" sizes=\"(max-width: 1286px) 100vw, 1286px\" \/><button\n\t\t\tclass=\"lightbox-trigger\"\n\t\t\ttype=\"button\"\n\t\t\taria-haspopup=\"dialog\"\n\t\t\tdata-wp-bind--aria-label=\"state.thisImage.triggerButtonAriaLabel\"\n\t\t\tdata-wp-init=\"callbacks.initTriggerButton\"\n\t\t\tdata-wp-on--click=\"actions.showLightbox\"\n\t\t\tdata-wp-style--right=\"state.thisImage.buttonRight\"\n\t\t\tdata-wp-style--top=\"state.thisImage.buttonTop\"\n\t\t>\n\t\t\t<svg xmlns=\"http:\/\/www.w3.org\/2000\/svg\" width=\"12\" height=\"12\" fill=\"none\" viewBox=\"0 0 12 12\">\n\t\t\t\t<path fill=\"#fff\" d=\"M2 0a2 2 0 0 0-2 2v2h1.5V2a.5.5 0 0 1 .5-.5h2V0H2Zm2 10.5H2a.5.5 0 0 1-.5-.5V8H0v2a2 2 0 0 0 2 2h2v-1.5ZM8 12v-1.5h2a.5.5 0 0 0 .5-.5V8H12v2a2 2 0 0 1-2 2H8Zm2-12a2 2 0 0 1 2 2v2h-1.5V2a.5.5 0 0 0-.5-.5H8V0h2Z\" \/>\n\t\t\t<\/svg>\n\t\t<\/button><figcaption class=\"wp-element-caption\">Foto: Hotel MOTTO \/ site oficial<\/figcaption><\/figure>\n\n<\/figure>\n\n\n\n<p class=\"wp-block-paragraph\">Os h\u00f3spedes amam n\u00e3o s\u00f3 os quartos decorados de forma bem original, mas sobretudo <strong>o famoso restaurante do hotel com padaria pr\u00f3pria<\/strong>, aonde os pr\u00f3prios moradores gostam de vir buscar p\u00e3o fresco. A qualidade da comida oferecida atinge um n\u00edvel realmente muito alto.<\/p>\n\n\n\n<p class=\"wp-block-paragraph\">Um \u00f3timo b\u00f4nus para os h\u00f3spedes \u00e9 ainda <strong>a linda zona de relaxamento com sauna<\/strong>, onde voc\u00ea pode descansar perfeitamente depois de um dia cansativo cheio de compras e caminhadas pelos monumentos no clima mais frio.<\/p>\n\n\n\n<p class=\"wp-block-paragraph\">\ud83d\udca1 Dica: hospede-se no MOTTO se voc\u00ea gosta de <strong>design visual marcante, \u00f3tima gastronomia local e quer ter as melhores lojas logo \u00e0 porta<\/strong>. \u00c9 um lugar absolutamente \u00f3timo para casais em busca de um fim de semana rom\u00e2ntico e estiloso. <em><a href=\"https:\/\/www.stay22.com\/allez\/roam?aid=lukaskonecny&#038;campaign=loudavymkrokemcz&#038;campaign=kde-bydlet-ve-vidni&#038;hotelname=Hotel%20MOTTO&#038;address=V%C3%ADde%C5%88%2C%20Rakousko\" target=\"_blank\" rel=\"nofollow noopener sponsored\">verificar pre\u00e7os e disponibilidade<\/a><\/em><\/p>\n\n\n\n<figure data-wp-context=\"{&quot;imageId&quot;:&quot;6a9c314c79689&quot;}\" data-wp-interactive=\"core\/image\" data-wp-key=\"6a9c314c79689\" class=\"wp-block-image size-full wp-lightbox-container\"><img decoding=\"async\" width=\"1200\" height=\"628\" data-wp-class--hide=\"state.isContentHidden\" data-wp-class--show=\"state.isContentVisible\" data-wp-init=\"callbacks.setButtonStyles\" data-wp-on--click=\"actions.showLightbox\" data-wp-on--load=\"callbacks.setButtonStyles\" data-wp-on--pointerdown=\"actions.preloadImage\" data-wp-on--pointerenter=\"actions.preloadImageWithDelay\" data-wp-on--pointerleave=\"actions.cancelPreload\" data-wp-on-window--resize=\"callbacks.setButtonStyles\" src=\"https:\/\/loudavymkrokem.cz\/wp-content\/uploads\/2026\/08\/altstadt-vienna-an-slh-hotel-1.jpg\" alt=\"Quarto decorado individualmente no Altstadt Vienna\" class=\"wp-image-407063\" title=\"\" srcset=\"https:\/\/loudavymkrokem.cz\/wp-content\/uploads\/2026\/08\/altstadt-vienna-an-slh-hotel-1.jpg 1200w, https:\/\/loudavymkrokem.cz\/wp-content\/uploads\/2026\/08\/altstadt-vienna-an-slh-hotel-1-300x157.jpg 300w, https:\/\/loudavymkrokem.cz\/wp-content\/uploads\/2026\/08\/altstadt-vienna-an-slh-hotel-1-700x366.jpg 700w, https:\/\/loudavymkrokem.cz\/wp-content\/uploads\/2026\/08\/altstadt-vienna-an-slh-hotel-1-768x402.jpg 768w, https:\/\/loudavymkrokem.cz\/wp-content\/uploads\/2026\/08\/altstadt-vienna-an-slh-hotel-1-696x364.jpg 696w\" sizes=\"(max-width: 1200px) 100vw, 1200px\" \/><button\n\t\t\tclass=\"lightbox-trigger\"\n\t\t\ttype=\"button\"\n\t\t\taria-haspopup=\"dialog\"\n\t\t\tdata-wp-bind--aria-label=\"state.thisImage.triggerButtonAriaLabel\"\n\t\t\tdata-wp-init=\"callbacks.initTriggerButton\"\n\t\t\tdata-wp-on--click=\"actions.showLightbox\"\n\t\t\tdata-wp-style--right=\"state.thisImage.buttonRight\"\n\t\t\tdata-wp-style--top=\"state.thisImage.buttonTop\"\n\t\t>\n\t\t\t<svg xmlns=\"http:\/\/www.w3.org\/2000\/svg\" width=\"12\" height=\"12\" fill=\"none\" viewBox=\"0 0 12 12\">\n\t\t\t\t<path fill=\"#fff\" d=\"M2 0a2 2 0 0 0-2 2v2h1.5V2a.5.5 0 0 1 .5-.5h2V0H2Zm2 10.5H2a.5.5 0 0 1-.5-.5V8H0v2a2 2 0 0 0 2 2h2v-1.5ZM8 12v-1.5h2a.5.5 0 0 0 .5-.5V8H12v2a2 2 0 0 1-2 2H8Zm2-12a2 2 0 0 1 2 2v2h-1.5V2a.5.5 0 0 0-.5-.5H8V0h2Z\" \/>\n\t\t\t<\/svg>\n\t\t<\/button><figcaption class=\"wp-element-caption\">Foto: Altstadt Vienna \/ site oficial<\/figcaption><\/figure>\n\n\n\n<h3 class=\"wp-block-heading\"><span class=\"ez-toc-section\" id=\"11_Altstadt_Vienna_an_SLH_Hotel\"><\/span>11. Altstadt Vienna, an SLH Hotel<span class=\"ez-toc-section-end\"><\/span><\/h3>\n\n\n\n<p class=\"wp-block-paragraph\">Este hotel boutique \u00fanico no popular s\u00e9timo bairro, Neubau, tem uma nota respeit\u00e1vel de <strong>4,7 de 715 resenhas<\/strong> e \u00e9 amplamente conhecido pelo fato de cada um de seus quartos ser decorado num estilo totalmente diferente. Do design geral participaram arquitetos famosos e estilistas renomados, ent\u00e3o ficar aqui \u00e9 uma verdadeira experi\u00eancia art\u00edstica visual.<\/p>\n\n\n\n<figure data-wp-context=\"{&quot;galleryId&quot;:&quot;6a9c314c79a08&quot;}\" data-wp-interactive=\"core\/gallery\" class=\"wp-block-gallery has-nested-images columns-2 is-cropped wp-block-gallery-is-layout-flex wp-block-gallery-6 is-layout-flex\">\n\n<figure data-wp-context=\"{&quot;imageId&quot;:&quot;6a9c314c79ea7&quot;}\" data-wp-interactive=\"core\/image\" data-wp-key=\"6a9c314c79ea7\" class=\"wp-block-image size-large wp-lightbox-container\"><img decoding=\"async\" width=\"1600\" height=\"2400\" data-wp-class--hide=\"state.isContentHidden\" data-wp-class--show=\"state.isContentVisible\" data-wp-init=\"callbacks.setButtonStyles\" data-wp-on--click=\"actions.showLightbox\" data-wp-on--load=\"callbacks.setButtonStyles\" data-wp-on--pointerdown=\"actions.preloadImage\" data-wp-on--pointerenter=\"actions.preloadImageWithDelay\" data-wp-on--pointerleave=\"actions.cancelPreload\" data-wp-on-window--resize=\"callbacks.setButtonStyles\" data-id=\"407066\" src=\"https:\/\/loudavymkrokem.cz\/wp-content\/uploads\/2026\/08\/altstadt-vienna-an-slh-hotel-2.jpg\" alt=\"Dormit\u00f3rio no Altstadt Vienna\" class=\"wp-image-407066\" title=\"\" srcset=\"https:\/\/loudavymkrokem.cz\/wp-content\/uploads\/2026\/08\/altstadt-vienna-an-slh-hotel-2.jpg 1600w, https:\/\/loudavymkrokem.cz\/wp-content\/uploads\/2026\/08\/altstadt-vienna-an-slh-hotel-2-200x300.jpg 200w, https:\/\/loudavymkrokem.cz\/wp-content\/uploads\/2026\/08\/altstadt-vienna-an-slh-hotel-2-700x1050.jpg 700w, https:\/\/loudavymkrokem.cz\/wp-content\/uploads\/2026\/08\/altstadt-vienna-an-slh-hotel-2-768x1152.jpg 768w, https:\/\/loudavymkrokem.cz\/wp-content\/uploads\/2026\/08\/altstadt-vienna-an-slh-hotel-2-1024x1536.jpg 1024w, https:\/\/loudavymkrokem.cz\/wp-content\/uploads\/2026\/08\/altstadt-vienna-an-slh-hotel-2-1365x2048.jpg 1365w, https:\/\/loudavymkrokem.cz\/wp-content\/uploads\/2026\/08\/altstadt-vienna-an-slh-hotel-2-696x1044.jpg 696w, https:\/\/loudavymkrokem.cz\/wp-content\/uploads\/2026\/08\/altstadt-vienna-an-slh-hotel-2-1392x2088.jpg 1392w\" sizes=\"(max-width: 1600px) 100vw, 1600px\" \/><button\n\t\t\tclass=\"lightbox-trigger\"\n\t\t\ttype=\"button\"\n\t\t\taria-haspopup=\"dialog\"\n\t\t\tdata-wp-bind--aria-label=\"state.thisImage.triggerButtonAriaLabel\"\n\t\t\tdata-wp-init=\"callbacks.initTriggerButton\"\n\t\t\tdata-wp-on--click=\"actions.showLightbox\"\n\t\t\tdata-wp-style--right=\"state.thisImage.buttonRight\"\n\t\t\tdata-wp-style--top=\"state.thisImage.buttonTop\"\n\t\t>\n\t\t\t<svg xmlns=\"http:\/\/www.w3.org\/2000\/svg\" width=\"12\" height=\"12\" fill=\"none\" viewBox=\"0 0 12 12\">\n\t\t\t\t<path fill=\"#fff\" d=\"M2 0a2 2 0 0 0-2 2v2h1.5V2a.5.5 0 0 1 .5-.5h2V0H2Zm2 10.5H2a.5.5 0 0 1-.5-.5V8H0v2a2 2 0 0 0 2 2h2v-1.5ZM8 12v-1.5h2a.5.5 0 0 0 .5-.5V8H12v2a2 2 0 0 1-2 2H8Zm2-12a2 2 0 0 1 2 2v2h-1.5V2a.5.5 0 0 0-.5-.5H8V0h2Z\" \/>\n\t\t\t<\/svg>\n\t\t<\/button><figcaption class=\"wp-element-caption\">Foto: Altstadt Vienna \/ site oficial<\/figcaption><\/figure>\n\n\n<figure data-wp-context=\"{&quot;imageId&quot;:&quot;6a9c314c7a3d0&quot;}\" data-wp-interactive=\"core\/image\" data-wp-key=\"6a9c314c7a3d0\" class=\"wp-block-image size-large wp-lightbox-container\"><img decoding=\"async\" width=\"1800\" height=\"1350\" data-wp-class--hide=\"state.isContentHidden\" data-wp-class--show=\"state.isContentVisible\" data-wp-init=\"callbacks.setButtonStyles\" data-wp-on--click=\"actions.showLightbox\" data-wp-on--load=\"callbacks.setButtonStyles\" data-wp-on--pointerdown=\"actions.preloadImage\" data-wp-on--pointerenter=\"actions.preloadImageWithDelay\" data-wp-on--pointerleave=\"actions.cancelPreload\" data-wp-on-window--resize=\"callbacks.setButtonStyles\" data-id=\"407069\" src=\"https:\/\/loudavymkrokem.cz\/wp-content\/uploads\/2026\/08\/altstadt-vienna-an-slh-hotel-3.jpg\" alt=\"Interior do Altstadt Vienna\" class=\"wp-image-407069\" title=\"\" srcset=\"https:\/\/loudavymkrokem.cz\/wp-content\/uploads\/2026\/08\/altstadt-vienna-an-slh-hotel-3.jpg 1800w, https:\/\/loudavymkrokem.cz\/wp-content\/uploads\/2026\/08\/altstadt-vienna-an-slh-hotel-3-300x225.jpg 300w, https:\/\/loudavymkrokem.cz\/wp-content\/uploads\/2026\/08\/altstadt-vienna-an-slh-hotel-3-700x525.jpg 700w, https:\/\/loudavymkrokem.cz\/wp-content\/uploads\/2026\/08\/altstadt-vienna-an-slh-hotel-3-768x576.jpg 768w, https:\/\/loudavymkrokem.cz\/wp-content\/uploads\/2026\/08\/altstadt-vienna-an-slh-hotel-3-1536x1152.jpg 1536w, https:\/\/loudavymkrokem.cz\/wp-content\/uploads\/2026\/08\/altstadt-vienna-an-slh-hotel-3-80x60.jpg 80w, https:\/\/loudavymkrokem.cz\/wp-content\/uploads\/2026\/08\/altstadt-vienna-an-slh-hotel-3-160x120.jpg 160w, https:\/\/loudavymkrokem.cz\/wp-content\/uploads\/2026\/08\/altstadt-vienna-an-slh-hotel-3-696x522.jpg 696w, https:\/\/loudavymkrokem.cz\/wp-content\/uploads\/2026\/08\/altstadt-vienna-an-slh-hotel-3-1392x1044.jpg 1392w\" sizes=\"(max-width: 1800px) 100vw, 1800px\" \/><button\n\t\t\tclass=\"lightbox-trigger\"\n\t\t\ttype=\"button\"\n\t\t\taria-haspopup=\"dialog\"\n\t\t\tdata-wp-bind--aria-label=\"state.thisImage.triggerButtonAriaLabel\"\n\t\t\tdata-wp-init=\"callbacks.initTriggerButton\"\n\t\t\tdata-wp-on--click=\"actions.showLightbox\"\n\t\t\tdata-wp-style--right=\"state.thisImage.buttonRight\"\n\t\t\tdata-wp-style--top=\"state.thisImage.buttonTop\"\n\t\t>\n\t\t\t<svg xmlns=\"http:\/\/www.w3.org\/2000\/svg\" width=\"12\" height=\"12\" fill=\"none\" viewBox=\"0 0 12 12\">\n\t\t\t\t<path fill=\"#fff\" d=\"M2 0a2 2 0 0 0-2 2v2h1.5V2a.5.5 0 0 1 .5-.5h2V0H2Zm2 10.5H2a.5.5 0 0 1-.5-.5V8H0v2a2 2 0 0 0 2 2h2v-1.5ZM8 12v-1.5h2a.5.5 0 0 0 .5-.5V8H12v2a2 2 0 0 1-2 2H8Zm2-12a2 2 0 0 1 2 2v2h-1.5V2a.5.5 0 0 0-.5-.5H8V0h2Z\" \/>\n\t\t\t<\/svg>\n\t\t<\/button><figcaption class=\"wp-element-caption\">Foto: Altstadt Vienna \/ site oficial<\/figcaption><\/figure>\n\n<\/figure>\n\n\n\n<p class=\"wp-block-paragraph\">O maior elogio na enxurrada de resenhas, por\u00e9m, fica com os fant\u00e1sticos caf\u00e9s da manh\u00e3, j\u00e1 inclu\u00eddos no pre\u00e7o b\u00e1sico da hospedagem. O hotel atende ao m\u00e1ximo a todos os requisitos diet\u00e9ticos poss\u00edveis, e os h\u00f3spedes destacam animados sobretudo <strong>as \u00f3timas op\u00e7\u00f5es sem gl\u00faten, veganas e sem lactose<\/strong>.<\/p>\n\n\n\n<p class=\"wp-block-paragraph\">Gra\u00e7as a essa abordagem culin\u00e1ria generosa, o estabelecimento se tornou literalmente <strong>um para\u00edso para todos os viajantes com restri\u00e7\u00f5es alimentares<\/strong>, que em outros lugares precisam procurar comida fora do hotel com dificuldade. A oferta do buf\u00ea matinal \u00e9, dizem, sem concorr\u00eancia.<\/p>\n\n\n\n<p class=\"wp-block-paragraph\">\ud83d\udca1 Dica: reserve um quarto aqui se voc\u00ea simplesmente procura <strong>uma hospedagem com alma, um conceito art\u00edstico \u00fanico, e liga para caf\u00e9s da manh\u00e3 fartos e seguros<\/strong>. O pr\u00f3prio bairro de Neubau \u00e9 ainda um lugar absolutamente \u00f3timo para perambular \u00e0 noite sem rumo e descobrir caf\u00e9s. <em><a href=\"https:\/\/www.stay22.com\/allez\/roam?aid=lukaskonecny&#038;campaign=loudavymkrokemcz&#038;campaign=kde-bydlet-ve-vidni&#038;hotelname=Altstadt%20Vienna&#038;address=V%C3%ADde%C5%88%2C%20Rakousko\" target=\"_blank\" rel=\"nofollow noopener sponsored\">verificar pre\u00e7os e disponibilidade<\/a><\/em><\/p>\n\n\n\n<figure data-wp-context=\"{&quot;imageId&quot;:&quot;6a9c314c7ac24&quot;}\" data-wp-interactive=\"core\/image\" data-wp-key=\"6a9c314c7ac24\" class=\"wp-block-image size-full wp-lightbox-container\"><img decoding=\"async\" width=\"1800\" height=\"1198\" data-wp-class--hide=\"state.isContentHidden\" data-wp-class--show=\"state.isContentVisible\" data-wp-init=\"callbacks.setButtonStyles\" data-wp-on--click=\"actions.showLightbox\" data-wp-on--load=\"callbacks.setButtonStyles\" data-wp-on--pointerdown=\"actions.preloadImage\" data-wp-on--pointerenter=\"actions.preloadImageWithDelay\" data-wp-on--pointerleave=\"actions.cancelPreload\" data-wp-on-window--resize=\"callbacks.setButtonStyles\" src=\"https:\/\/loudavymkrokem.cz\/wp-content\/uploads\/2026\/08\/hotel-beethoven-wien-1.jpg\" alt=\"Lobby do Hotel Beethoven perto do Theater an der Wien\" class=\"wp-image-407060\" title=\"\" srcset=\"https:\/\/loudavymkrokem.cz\/wp-content\/uploads\/2026\/08\/hotel-beethoven-wien-1.jpg 1800w, https:\/\/loudavymkrokem.cz\/wp-content\/uploads\/2026\/08\/hotel-beethoven-wien-1-300x200.jpg 300w, https:\/\/loudavymkrokem.cz\/wp-content\/uploads\/2026\/08\/hotel-beethoven-wien-1-700x466.jpg 700w, https:\/\/loudavymkrokem.cz\/wp-content\/uploads\/2026\/08\/hotel-beethoven-wien-1-768x511.jpg 768w, https:\/\/loudavymkrokem.cz\/wp-content\/uploads\/2026\/08\/hotel-beethoven-wien-1-1536x1022.jpg 1536w, https:\/\/loudavymkrokem.cz\/wp-content\/uploads\/2026\/08\/hotel-beethoven-wien-1-696x463.jpg 696w, https:\/\/loudavymkrokem.cz\/wp-content\/uploads\/2026\/08\/hotel-beethoven-wien-1-1392x926.jpg 1392w\" sizes=\"(max-width: 1800px) 100vw, 1800px\" \/><button\n\t\t\tclass=\"lightbox-trigger\"\n\t\t\ttype=\"button\"\n\t\t\taria-haspopup=\"dialog\"\n\t\t\tdata-wp-bind--aria-label=\"state.thisImage.triggerButtonAriaLabel\"\n\t\t\tdata-wp-init=\"callbacks.initTriggerButton\"\n\t\t\tdata-wp-on--click=\"actions.showLightbox\"\n\t\t\tdata-wp-style--right=\"state.thisImage.buttonRight\"\n\t\t\tdata-wp-style--top=\"state.thisImage.buttonTop\"\n\t\t>\n\t\t\t<svg xmlns=\"http:\/\/www.w3.org\/2000\/svg\" width=\"12\" height=\"12\" fill=\"none\" viewBox=\"0 0 12 12\">\n\t\t\t\t<path fill=\"#fff\" d=\"M2 0a2 2 0 0 0-2 2v2h1.5V2a.5.5 0 0 1 .5-.5h2V0H2Zm2 10.5H2a.5.5 0 0 1-.5-.5V8H0v2a2 2 0 0 0 2 2h2v-1.5ZM8 12v-1.5h2a.5.5 0 0 0 .5-.5V8H12v2a2 2 0 0 1-2 2H8Zm2-12a2 2 0 0 1 2 2v2h-1.5V2a.5.5 0 0 0-.5-.5H8V0h2Z\" \/>\n\t\t\t<\/svg>\n\t\t<\/button><figcaption class=\"wp-element-caption\">Foto: Hotel Beethoven Wien \/ site oficial<\/figcaption><\/figure>\n\n\n\n<h3 class=\"wp-block-heading\"><span class=\"ez-toc-section\" id=\"12_Hotel_Beethoven_Wien\"><\/span>12. Hotel Beethoven Wien<span class=\"ez-toc-section-end\"><\/span><\/h3>\n\n\n\n<p class=\"wp-block-paragraph\">Este hotel familiar bem elegante, com a linda nota <strong>4,7 de 776 resenhas<\/strong>, fica a poucos passos do movimentado mercado Naschmarkt e do teatro Theater an der Wien. O pr\u00e9dio hist\u00f3rico de seis andares tem uma tem\u00e1tica bem engenhosa e cada andar conta uma hist\u00f3ria um pouco diferente da rica hist\u00f3ria de Viena.<\/p>\n\n\n\n<p class=\"wp-block-paragraph\">Nas avalia\u00e7\u00f5es, os visitantes elogiam muito o ch\u00e1 da tarde gratuito e o \u00f3timo caf\u00e9, servido num lindo sal\u00e3o do hotel. <strong>Tamb\u00e9m \u00e9 mencionado o isolamento ac\u00fastico surpreendentemente \u00f3timo dos quartos<\/strong>, que garante aos h\u00f3spedes um sono sem qualquer perturba\u00e7\u00e3o, mesmo perto do centro.<\/p>\n\n\n\n<p class=\"wp-block-paragraph\">A atmosfera aqui \u00e9, no geral, bem intimista e amig\u00e1vel. <strong>A equipe local conhece muito bem a regi\u00e3o e aconselha de bom grado na escolha dos melhores restaurantes<\/strong>, ent\u00e3o voc\u00ea evita as cl\u00e1ssicas armadilhas para turistas.<\/p>\n\n\n\n<p class=\"wp-block-paragraph\">\ud83d\udca1 Dica: \u00e9 um lugar absolutamente \u00f3timo para <strong>todos os amantes de cultura e boa comida<\/strong>. A pr\u00f3pria localiza\u00e7\u00e3o junto ao Naschmarkt garante um fornecimento di\u00e1rio das melhores experi\u00eancias gastron\u00f4micas logo na esquina. <em><a href=\"https:\/\/www.stay22.com\/allez\/roam?aid=lukaskonecny&#038;campaign=loudavymkrokemcz&#038;campaign=kde-bydlet-ve-vidni&#038;hotelname=Hotel%20Beethoven%20Wien&#038;address=V%C3%ADde%C5%88%2C%20Rakousko\" target=\"_blank\" rel=\"nofollow noopener sponsored\">verificar pre\u00e7os e disponibilidade<\/a><\/em><\/p>\n\n\n\n<figure data-wp-context=\"{&quot;imageId&quot;:&quot;6a9c314c7b32a&quot;}\" data-wp-interactive=\"core\/image\" data-wp-key=\"6a9c314c7b32a\" class=\"wp-block-image size-full wp-lightbox-container\"><img decoding=\"async\" width=\"1800\" height=\"1199\" data-wp-class--hide=\"state.isContentHidden\" data-wp-class--show=\"state.isContentVisible\" data-wp-init=\"callbacks.setButtonStyles\" data-wp-on--click=\"actions.showLightbox\" data-wp-on--load=\"callbacks.setButtonStyles\" data-wp-on--pointerdown=\"actions.preloadImage\" data-wp-on--pointerenter=\"actions.preloadImageWithDelay\" data-wp-on--pointerleave=\"actions.cancelPreload\" data-wp-on-window--resize=\"callbacks.setButtonStyles\" src=\"https:\/\/loudavymkrokem.cz\/wp-content\/uploads\/2026\/08\/magdas-hotel-vienna-city-1.jpg\" alt=\"Recep\u00e7\u00e3o do hotel magdas, que emprega pessoas com experi\u00eancia de ref\u00fagio\" class=\"wp-image-407055\" title=\"\" srcset=\"https:\/\/loudavymkrokem.cz\/wp-content\/uploads\/2026\/08\/magdas-hotel-vienna-city-1.jpg 1800w, https:\/\/loudavymkrokem.cz\/wp-content\/uploads\/2026\/08\/magdas-hotel-vienna-city-1-300x200.jpg 300w, https:\/\/loudavymkrokem.cz\/wp-content\/uploads\/2026\/08\/magdas-hotel-vienna-city-1-700x466.jpg 700w, https:\/\/loudavymkrokem.cz\/wp-content\/uploads\/2026\/08\/magdas-hotel-vienna-city-1-768x512.jpg 768w, https:\/\/loudavymkrokem.cz\/wp-content\/uploads\/2026\/08\/magdas-hotel-vienna-city-1-1536x1023.jpg 1536w, https:\/\/loudavymkrokem.cz\/wp-content\/uploads\/2026\/08\/magdas-hotel-vienna-city-1-696x464.jpg 696w, https:\/\/loudavymkrokem.cz\/wp-content\/uploads\/2026\/08\/magdas-hotel-vienna-city-1-1392x927.jpg 1392w\" sizes=\"(max-width: 1800px) 100vw, 1800px\" \/><button\n\t\t\tclass=\"lightbox-trigger\"\n\t\t\ttype=\"button\"\n\t\t\taria-haspopup=\"dialog\"\n\t\t\tdata-wp-bind--aria-label=\"state.thisImage.triggerButtonAriaLabel\"\n\t\t\tdata-wp-init=\"callbacks.initTriggerButton\"\n\t\t\tdata-wp-on--click=\"actions.showLightbox\"\n\t\t\tdata-wp-style--right=\"state.thisImage.buttonRight\"\n\t\t\tdata-wp-style--top=\"state.thisImage.buttonTop\"\n\t\t>\n\t\t\t<svg xmlns=\"http:\/\/www.w3.org\/2000\/svg\" width=\"12\" height=\"12\" fill=\"none\" viewBox=\"0 0 12 12\">\n\t\t\t\t<path fill=\"#fff\" d=\"M2 0a2 2 0 0 0-2 2v2h1.5V2a.5.5 0 0 1 .5-.5h2V0H2Zm2 10.5H2a.5.5 0 0 1-.5-.5V8H0v2a2 2 0 0 0 2 2h2v-1.5ZM8 12v-1.5h2a.5.5 0 0 0 .5-.5V8H12v2a2 2 0 0 1-2 2H8Zm2-12a2 2 0 0 1 2 2v2h-1.5V2a.5.5 0 0 0-.5-.5H8V0h2Z\" \/>\n\t\t\t<\/svg>\n\t\t<\/button><figcaption class=\"wp-element-caption\">Foto: magdas HOTEL \/ site oficial<\/figcaption><\/figure>\n\n\n\n<h3 class=\"wp-block-heading\"><span class=\"ez-toc-section\" id=\"13_magdas_HOTEL_Vienna_City\"><\/span>13. magdas HOTEL Vienna City<span class=\"ez-toc-section-end\"><\/span><\/h3>\n\n\n\n<p class=\"wp-block-paragraph\">Este hotel extraordin\u00e1rio n\u00e3o \u00e9 apenas um lugar comum para pernoitar, mas sobretudo um projeto vivo com um cora\u00e7\u00e3o enorme. Com sua nota <strong>4,7 de 578 resenhas<\/strong>, trata-se de um empreendimento social absolutamente \u00fanico que emprega de forma intencional <strong>pessoas com experi\u00eancia de ref\u00fagio<\/strong> e as ajuda ativamente a se integrar \u00e0 sociedade.<\/p>\n\n\n\n<figure data-wp-context=\"{&quot;galleryId&quot;:&quot;6a9c314c7b608&quot;}\" data-wp-interactive=\"core\/gallery\" class=\"wp-block-gallery has-nested-images columns-2 is-cropped wp-block-gallery-is-layout-flex wp-block-gallery-7 is-layout-flex\">\n\n<figure data-wp-context=\"{&quot;imageId&quot;:&quot;6a9c314c7b983&quot;}\" data-wp-interactive=\"core\/image\" data-wp-key=\"6a9c314c7b983\" class=\"wp-block-image size-large wp-lightbox-container\"><img decoding=\"async\" width=\"1263\" height=\"1800\" data-wp-class--hide=\"state.isContentHidden\" data-wp-class--show=\"state.isContentVisible\" data-wp-init=\"callbacks.setButtonStyles\" data-wp-on--click=\"actions.showLightbox\" data-wp-on--load=\"callbacks.setButtonStyles\" data-wp-on--pointerdown=\"actions.preloadImage\" data-wp-on--pointerenter=\"actions.preloadImageWithDelay\" data-wp-on--pointerleave=\"actions.cancelPreload\" data-wp-on-window--resize=\"callbacks.setButtonStyles\" data-id=\"407058\" src=\"https:\/\/loudavymkrokem.cz\/wp-content\/uploads\/2026\/08\/magdas-hotel-vienna-city-3.jpg\" alt=\"Quarto no hotel magdas\" class=\"wp-image-407058\" title=\"\" srcset=\"https:\/\/loudavymkrokem.cz\/wp-content\/uploads\/2026\/08\/magdas-hotel-vienna-city-3.jpg 1263w, https:\/\/loudavymkrokem.cz\/wp-content\/uploads\/2026\/08\/magdas-hotel-vienna-city-3-211x300.jpg 211w, https:\/\/loudavymkrokem.cz\/wp-content\/uploads\/2026\/08\/magdas-hotel-vienna-city-3-700x998.jpg 700w, https:\/\/loudavymkrokem.cz\/wp-content\/uploads\/2026\/08\/magdas-hotel-vienna-city-3-768x1095.jpg 768w, https:\/\/loudavymkrokem.cz\/wp-content\/uploads\/2026\/08\/magdas-hotel-vienna-city-3-1078x1536.jpg 1078w, https:\/\/loudavymkrokem.cz\/wp-content\/uploads\/2026\/08\/magdas-hotel-vienna-city-3-696x992.jpg 696w\" sizes=\"(max-width: 1263px) 100vw, 1263px\" \/><button\n\t\t\tclass=\"lightbox-trigger\"\n\t\t\ttype=\"button\"\n\t\t\taria-haspopup=\"dialog\"\n\t\t\tdata-wp-bind--aria-label=\"state.thisImage.triggerButtonAriaLabel\"\n\t\t\tdata-wp-init=\"callbacks.initTriggerButton\"\n\t\t\tdata-wp-on--click=\"actions.showLightbox\"\n\t\t\tdata-wp-style--right=\"state.thisImage.buttonRight\"\n\t\t\tdata-wp-style--top=\"state.thisImage.buttonTop\"\n\t\t>\n\t\t\t<svg xmlns=\"http:\/\/www.w3.org\/2000\/svg\" width=\"12\" height=\"12\" fill=\"none\" viewBox=\"0 0 12 12\">\n\t\t\t\t<path fill=\"#fff\" d=\"M2 0a2 2 0 0 0-2 2v2h1.5V2a.5.5 0 0 1 .5-.5h2V0H2Zm2 10.5H2a.5.5 0 0 1-.5-.5V8H0v2a2 2 0 0 0 2 2h2v-1.5ZM8 12v-1.5h2a.5.5 0 0 0 .5-.5V8H12v2a2 2 0 0 1-2 2H8Zm2-12a2 2 0 0 1 2 2v2h-1.5V2a.5.5 0 0 0-.5-.5H8V0h2Z\" \/>\n\t\t\t<\/svg>\n\t\t<\/button><figcaption class=\"wp-element-caption\">Foto: magdas HOTEL \/ site oficial<\/figcaption><\/figure>\n\n<\/figure>\n\n\n\n<p class=\"wp-block-paragraph\">O hotel fica num <strong>lindo pr\u00e9dio retr\u00f4<\/strong> dos anos 1960, que os arquitetos reformaram com muita sensibilidade e de forma moderna. Os viajantes experientes amam aqui sobretudo os m\u00f3veis com upcycling inteligente, <strong>o lindo jardim tranquilo<\/strong> e o estilo visual descontra\u00eddo de todo o espa\u00e7o.<\/p>\n\n\n\n<p class=\"wp-block-paragraph\">O que os h\u00f3spedes mencionam com mais frequ\u00eancia, por\u00e9m, \u00e9 <strong>a atmosfera incrivelmente calorosa e aut\u00eantica<\/strong>, criada aqui por uma equipe diversa vinda literalmente do mundo todo. Cada membro do time tem sua pr\u00f3pria hist\u00f3ria, o que d\u00e1 \u00e0 estadia uma profundidade nova e uma dimens\u00e3o humana.<\/p>\n\n\n\n<p class=\"wp-block-paragraph\">\ud83d\udca1 Dica: escolha a hospedagem no magdas se voc\u00ea realmente quer que <strong>o seu dinheiro das f\u00e9rias apoie diretamente uma causa boa e cheia de sentido<\/strong>. Voc\u00ea recebe n\u00e3o s\u00f3 um quarto limpo e \u00f3timo, mas tamb\u00e9m uma bela sensa\u00e7\u00e3o de apoiar de forma concreta um projeto que muda vidas para melhor. <em><a href=\"https:\/\/www.stay22.com\/allez\/roam?aid=lukaskonecny&#038;campaign=loudavymkrokemcz&#038;campaign=kde-bydlet-ve-vidni&#038;hotelname=magdas%20HOTEL%20Vienna%20City&#038;address=V%C3%ADde%C5%88%2C%20Rakousko\" target=\"_blank\" rel=\"nofollow noopener sponsored\">verificar pre\u00e7os e disponibilidade<\/a><\/em><\/p>\n\n\n\n<figure data-wp-context=\"{&quot;imageId&quot;:&quot;6a9c314c7c094&quot;}\" data-wp-interactive=\"core\/image\" data-wp-key=\"6a9c314c7c094\" class=\"wp-block-image size-full wp-lightbox-container\"><img decoding=\"async\" width=\"1800\" height=\"1193\" data-wp-class--hide=\"state.isContentHidden\" data-wp-class--show=\"state.isContentVisible\" data-wp-init=\"callbacks.setButtonStyles\" data-wp-on--click=\"actions.showLightbox\" data-wp-on--load=\"callbacks.setButtonStyles\" data-wp-on--pointerdown=\"actions.preloadImage\" data-wp-on--pointerenter=\"actions.preloadImageWithDelay\" data-wp-on--pointerleave=\"actions.cancelPreload\" data-wp-on-window--resize=\"callbacks.setButtonStyles\" src=\"https:\/\/loudavymkrokem.cz\/wp-content\/uploads\/2026\/08\/hotel-am-brillantengrund-2.jpg\" alt=\"P\u00e1tio do Hotel am Brillantengrund num antigo mosteiro\" class=\"wp-image-407049\" title=\"\" srcset=\"https:\/\/loudavymkrokem.cz\/wp-content\/uploads\/2026\/08\/hotel-am-brillantengrund-2.jpg 1800w, https:\/\/loudavymkrokem.cz\/wp-content\/uploads\/2026\/08\/hotel-am-brillantengrund-2-300x199.jpg 300w, https:\/\/loudavymkrokem.cz\/wp-content\/uploads\/2026\/08\/hotel-am-brillantengrund-2-700x464.jpg 700w, https:\/\/loudavymkrokem.cz\/wp-content\/uploads\/2026\/08\/hotel-am-brillantengrund-2-768x509.jpg 768w, https:\/\/loudavymkrokem.cz\/wp-content\/uploads\/2026\/08\/hotel-am-brillantengrund-2-1536x1018.jpg 1536w, https:\/\/loudavymkrokem.cz\/wp-content\/uploads\/2026\/08\/hotel-am-brillantengrund-2-696x461.jpg 696w, https:\/\/loudavymkrokem.cz\/wp-content\/uploads\/2026\/08\/hotel-am-brillantengrund-2-1392x923.jpg 1392w\" sizes=\"(max-width: 1800px) 100vw, 1800px\" \/><button\n\t\t\tclass=\"lightbox-trigger\"\n\t\t\ttype=\"button\"\n\t\t\taria-haspopup=\"dialog\"\n\t\t\tdata-wp-bind--aria-label=\"state.thisImage.triggerButtonAriaLabel\"\n\t\t\tdata-wp-init=\"callbacks.initTriggerButton\"\n\t\t\tdata-wp-on--click=\"actions.showLightbox\"\n\t\t\tdata-wp-style--right=\"state.thisImage.buttonRight\"\n\t\t\tdata-wp-style--top=\"state.thisImage.buttonTop\"\n\t\t>\n\t\t\t<svg xmlns=\"http:\/\/www.w3.org\/2000\/svg\" width=\"12\" height=\"12\" fill=\"none\" viewBox=\"0 0 12 12\">\n\t\t\t\t<path fill=\"#fff\" d=\"M2 0a2 2 0 0 0-2 2v2h1.5V2a.5.5 0 0 1 .5-.5h2V0H2Zm2 10.5H2a.5.5 0 0 1-.5-.5V8H0v2a2 2 0 0 0 2 2h2v-1.5ZM8 12v-1.5h2a.5.5 0 0 0 .5-.5V8H12v2a2 2 0 0 1-2 2H8Zm2-12a2 2 0 0 1 2 2v2h-1.5V2a.5.5 0 0 0-.5-.5H8V0h2Z\" \/>\n\t\t\t<\/svg>\n\t\t<\/button><figcaption class=\"wp-element-caption\">Foto: Hotel am Brillantengrund \/ site oficial<\/figcaption><\/figure>\n\n\n\n<!-- LKM_GYG_CARD start q=\"vienna\" lang=\"pt-br\" rendered=\"2026-09-05T13:52:12+00:00\" v=\"1\" -->\n<style id=\"lk-gyg-styles\">\n@import url(\"https:\/\/fonts.googleapis.com\/css2?family=Playfair+Display:wght@700&family=DM+Sans:wght@300;400;500;600&display=swap\");\n\/* === LK GYG karty \u2014 CRO redesign 2026-05 (namespace .lkx-) ===\n   C\u00edl: vy\u0161\u0161\u00ed CTR (hero + v\u00fdrazn\u00fd social proof + ak\u010dn\u00ed CTA, m\u00e9n\u011b \"reklamn\u00ed\").\n   Injektuje se inline do prvn\u00edho markeru postu (refresh_cards.py --inline-css). *\/\n.lkx-module, .lkx-module *{box-sizing:border-box;margin:0;padding:0}\n.lkx-module{\n  font-family:'DM Sans',-apple-system,Segoe UI,Roboto,Georgia,sans-serif;\n  max-width:860px;margin:2.5rem auto;color:#1f2328;\n}\n\n\/* HEADER \u2014 lehk\u00fd editorsk\u00fd, \u017e\u00e1dn\u00fd bannerov\u00fd blok; nadpis + popisek pod n\u00edm *\/\n.lkx-head{margin-bottom:16px}\n.lkx-head-main{display:flex;align-items:center;gap:10px}\n.lkx-head-accent{width:26px;height:3px;border-radius:2px;background:#c39f76;flex-shrink:0}\n.lkx-head-title{font-family:'Playfair Display',Georgia,serif;font-size:21px;font-weight:700;color:#1a1a1a;line-height:1.25}\n.lkx-head-meta{display:block;font-size:11px;letter-spacing:.3px;color:#9aa0a6;margin-top:4px;margin-left:36px}\n\n\/* HERO *\/\n.lkx-hero{display:grid;grid-template-columns:300px 1fr;background:#fff;border:1px solid #ece7df;border-radius:14px;overflow:hidden;text-decoration:none!important;color:inherit;box-shadow:0 6px 20px rgba(0,0,0,.06);transition:box-shadow .2s,transform .2s;margin-bottom:14px}\n.lkx-hero:hover{box-shadow:0 12px 30px rgba(0,0,0,.12);transform:translateY(-2px)}\n.lkx-hero-img{position:relative;min-height:230px;background-size:cover;background-position:center;background-color:#eee}\n.lkx-hero-body{padding:22px 24px;display:flex;flex-direction:column}\n.lkx-pick{position:absolute;top:12px;left:12px;background:#1a1a1a;color:#fff;font-size:11px;font-weight:700;letter-spacing:.5px;padding:5px 11px;border-radius:20px}\n\n\/* TITLE *\/\n.lkx-title{font-size:19px;font-weight:700;color:#161616;line-height:1.3}\n.lkx-title-sm{font-size:14.5px;line-height:1.35;display:-webkit-box;-webkit-line-clamp:2;-webkit-box-orient:vertical;overflow:hidden}\n\n\/* SOCIAL PROOF \u2014 v\u00fdrazn\u011b, naho\u0159e *\/\n.lkx-proof{display:flex;align-items:center;gap:7px;margin-top:12px;font-size:15px;color:#3a3a3a}\n.lkx-proof b{font-size:16px;color:#161616}\n.lkx-stars{color:#f5a623;letter-spacing:1px}\n.lkx-proof-sm{font-size:12.5px;margin-top:8px;gap:5px}\n.lkx-proof-sm b{font-size:13px}\n.lkx-proof-new{color:#3685fc;font-weight:600}\n\n\/* PRICE \u2014 n\u00edzk\u00e1 kotva *\/\n.lkx-price{font-size:14px;color:#6b7280}\n.lkx-price b{font-size:20px;color:#161616;font-weight:700}\n.lkx-price-sm b{font-size:15px}\n\n\/* CTA \u2014 tepl\u00e9 ak\u010dn\u00ed tla\u010d\u00edtko *\/\n.lkx-cta{display:inline-flex;align-items:center;justify-content:center;text-decoration:none!important;font-weight:700;color:#fff!important;background:linear-gradient(135deg,#f6743f,#e8552a);border-radius:10px;box-shadow:0 6px 16px rgba(232,85,42,.32);transition:box-shadow .2s}\n.lkx-cta-hero{font-size:15px;padding:13px 22px}\n.lkx-hero:hover .lkx-cta-hero{box-shadow:0 8px 22px rgba(232,85,42,.45)}\n.lkx-cta-sm{font-size:12.5px;padding:9px 14px;width:100%;margin-top:2px}\n.lkx-hero-bottom{margin-top:auto;padding-top:18px;display:flex;align-items:center;justify-content:space-between;gap:14px;flex-wrap:wrap}\n\n\/* BADGE \u2014 jeden v\u00fdrazn\u00fd na fotce *\/\n.lkx-badge{position:absolute;top:12px;right:12px;font-size:10.5px;font-weight:700;letter-spacing:.3px;padding:5px 10px;border-radius:16px;color:#fff}\n.lkx-badge.badge-urgency{background:rgba(214,40,40,.92)}\n.lkx-badge.badge-new{background:rgba(54,133,252,.92)}\n.lkx-badge.badge-top{background:rgba(195,159,118,.95)}\n.lkx-badge.badge-info{background:rgba(40,40,40,.78)}\n\n\/* SECONDARY GRID *\/\n.lkx-grid{display:grid;grid-template-columns:1fr 1fr;gap:14px}\n.lkx-card{background:#fff;border:1px solid #ece7df;border-radius:14px;overflow:hidden;text-decoration:none!important;color:inherit;box-shadow:0 4px 14px rgba(0,0,0,.05);display:flex;flex-direction:column;transition:box-shadow .2s,transform .2s}\n.lkx-card:hover{box-shadow:0 10px 24px rgba(0,0,0,.1);transform:translateY(-2px)}\n.lkx-card-img{position:relative;aspect-ratio:16\/10;background-size:cover;background-position:center;background-color:#eee}\n.lkx-card-body{padding:14px 16px 16px;display:flex;flex-direction:column;gap:7px;flex:1}\n.lkx-card-bottom{margin-top:auto;padding-top:10px;display:flex;align-items:center;justify-content:space-between;gap:8px}\n\n\/* DISCLOSURE \u2014 drobn\u00e1, kv\u016fli d\u016fv\u011b\u0159e\/z\u00e1konu *\/\n.lkx-disclosure{font-size:11px;color:#a7adb3;text-align:center;margin-top:14px;line-height:1.6}\n.lkx-disclosure a{color:#c39f76;text-decoration:none}\n\n@media(max-width:680px){\n  .lkx-hero{grid-template-columns:1fr}\n  .lkx-hero-img{min-height:180px}\n  .lkx-grid{grid-template-columns:1fr}\n  .lkx-head-meta{margin-left:0;width:100%}\n  .lkx-head-title{font-size:19px}\n}\n\n<\/style>\n<div class=\"lkx-module\" data-query=\"vienna\">\n  <div class=\"lkx-head\">\n    <div class=\"lkx-head-main\">\n      <span class=\"lkx-head-accent\"><\/span>\n      <span class=\"lkx-head-title\">Experi\u00eancias e ingressos<\/span>\n    <\/div>\n    <span class=\"lkx-head-meta\">avaliado por viajantes \u00b7 GetYourGuide<\/span>\n  <\/div><a class=\"lkx-hero\" href=\"https:\/\/www.getyourguide.com\/pt-br\/viana-l7\/concerto-em-viena-as-quatro-estacoes-de-vivaldi-na-karlskirche-t44883\/?partner_id=MKZ64IS&amp;utm_medium=online_publisher&amp;cmp=onde-ficar-viena-austria\" target=\"_blank\" rel=\"sponsored noopener nofollow\">\n    <div class=\"lkx-hero-img\" style=\"background-image:url('https:\/\/cdn.getyourguide.com\/img\/tour\/5a26559595c52.jpeg\/132.jpg')\" role=\"img\" aria-label=\"Viena: Concerto das Quatro Esta\u00e7\u00f5es de Vivaldi na Karlskirche\">\n      <span class=\"lkx-pick\">\u2605 Nossa escolha<\/span><\/div>\n    <div class=\"lkx-hero-body\">\n      <div class=\"lkx-title\">Viena: Concerto das Quatro Esta\u00e7\u00f5es de Vivaldi na Karlskirche<\/div>\n      <div class=\"lkx-proof\">\n      <span class=\"lkx-stars\">\u2605\u2605\u2605\u2605\u2605<\/span>\n      <b>4.7<\/b> \u00b7 17 270 avalia\u00e7\u00f5es\n    <\/div>\n      <div class=\"lkx-hero-bottom\"><div class=\"lkx-price\">a partir de <b>\u20ac\u00a038<\/b><\/div><span class=\"lkx-cta lkx-cta-hero\">Quero viver isso \u2192<\/span>\n      <\/div>\n    <\/div>\n  <\/a><div class=\"lkx-grid\"><a class=\"lkx-card\" href=\"https:\/\/www.getyourguide.com\/pt-br\/viana-l7\/viena-experiencia-de-burlesco-e-coqueteis-no-veleno-t1463480\/?partner_id=MKZ64IS&amp;utm_medium=online_publisher&amp;cmp=onde-ficar-viena-austria\" target=\"_blank\" rel=\"sponsored noopener nofollow\">\n      <div class=\"lkx-card-img\" style=\"background-image:url('https:\/\/cdn.getyourguide.com\/img\/tour\/819f2f2c0ed3dea1cb4b76972b711ea8270ab59d364467fe0b149ee392691350.jpg\/132.jpg')\" role=\"img\" aria-label=\"Viena: experi\u00eancia de burlesco e coquet\u00e9is no Veleno\"><\/div>\n      <div class=\"lkx-card-body\">\n        <div class=\"lkx-title lkx-title-sm\">Viena: experi\u00eancia de burlesco e coquet\u00e9is no Veleno<\/div>\n        <div class=\"lkx-proof lkx-proof-sm\">\n      <span class=\"lkx-stars\">\u2605<\/span>\n      <b>0.0<\/b> \u00b7 0\n    <\/div>\n        <div class=\"lkx-card-bottom\"><span class=\"lkx-price lkx-price-sm\">a partir de <b>\u20ac\u00a059<\/b><\/span><span class=\"lkx-cta lkx-cta-sm\">Ver datas \u2192<\/span>\n        <\/div>\n      <\/div>\n    <\/a><a class=\"lkx-card\" href=\"https:\/\/www.getyourguide.com\/pt-br\/viana-l7\/viena-viagem-de-1-dia-a-hallstatt-com-opcao-de-passeio-de-barco-t316897\/?partner_id=MKZ64IS&amp;utm_medium=online_publisher&amp;cmp=onde-ficar-viena-austria\" target=\"_blank\" rel=\"sponsored noopener nofollow\">\n      <div class=\"lkx-card-img\" style=\"background-image:url('https:\/\/cdn.getyourguide.com\/img\/tour\/92f5118f9a9df15ca7cc3e201ed23508dda4f7f6a0051cef5af44aef8dbdced4.jpg\/132.jpg')\" role=\"img\" aria-label=\"Viena: Viagem de um dia a Hallstatt com op\u00e7\u00e3o Skywalk\"><\/div>\n      <div class=\"lkx-card-body\">\n        <div class=\"lkx-title lkx-title-sm\">Viena: Viagem de um dia a Hallstatt com op\u00e7\u00e3o Skywalk<\/div>\n        <div class=\"lkx-proof lkx-proof-sm\">\n      <span class=\"lkx-stars\">\u2605<\/span>\n      <b>4.7<\/b> \u00b7 6 937\n    <\/div>\n        <div class=\"lkx-card-bottom\"><span class=\"lkx-price lkx-price-sm\">a partir de <b>\u20ac\u00a071<\/b><\/span><span class=\"lkx-cta lkx-cta-sm\">Ver datas \u2192<\/span>\n        <\/div>\n      <\/div>\n    <\/a><\/div><div class=\"lkx-disclosure\">\ud83d\udd17 Links de afiliados \u2014 n\u00e3o mudam seu pre\u00e7o e nos ajudam a criar conte\u00fado. \u00b7 <a href=\"https:\/\/www.getyourguide.com\/pt-br\/s\/?q=vienna&amp;partner_id=MKZ64IS&amp;utm_medium=online_publisher\" target=\"_blank\" rel=\"sponsored noopener nofollow\">Todas as experi\u00eancias \u2192<\/a><\/div>\n<\/div>\n<!-- LKM_GYG_CARD end -->\n\n\n\n\n<div class=\"lk-stays-module\">\n<style>\n\/* \u2500\u2500\u2500 RESET PRO GUTENBERG \u2500\u2500\u2500 *\/\n.lk-stays-module * { box-sizing: border-box; margin: 0; padding: 0; }\n\n\/* \u2500\u2500\u2500 WRAPPER \u2500\u2500\u2500 *\/\n.lk-stays-module {\n  font-family: 'DM Sans', Georgia, sans-serif;\n  max-width: 100%;\n  margin: 2.5rem auto;\n  background: linear-gradient(135deg, #fdfaf5 0%, #fcf8f0 100%);\n  border: 1px solid #e8dfd4;\n  border-radius: 16px;\n  overflow: hidden;\n  box-shadow: 0 16px 48px rgba(195, 159, 118, 0.25), 0 4px 12px rgba(0,0,0,0.08);\n}\n\n\/* \u2500\u2500\u2500 HEADER \u2500\u2500\u2500 *\/\n.lk-stays-header {\n  position: relative;\n  padding: 24px 36px 24px;\n  background: linear-gradient(135deg, #c39f76 0%, #d4b188 60%, #c39f76 100%);\n  border-bottom: 1px solid rgba(255,255,255,.15);\n  display: flex;\n  align-items: center;\n  gap: 18px;\n}\n.lk-stays-header::before {\n  content: '';\n  position: absolute;\n  inset: 0;\n  background: url(\"data:image\/svg+xml,%3Csvg width='60' height='60' viewBox='0 0 60 60' xmlns='http:\/\/www.w3.org\/2000\/svg'%3E%3Cg fill='none' fill-rule='evenodd'%3E%3Cg fill='%23ffffff' fill-opacity='0.05'%3E%3Cpath d='M36 34v-4h-2v4h-4v2h4v4h2v-4h4v-2h-4zm0-30V0h-2v4h-4v2h4v4h2V6h4V4h-4zM6 34v-4H4v4H0v2h4v4h2v-4h4v-2H6zM6 4V0H4v4H0v2h4v4h2V6h4V4H6z'\/%3E%3C\/g%3E%3C\/g%3E%3C\/svg%3E\") repeat;\n  pointer-events: none;\n}\n.lk-stays-icon {\n  flex-shrink: 0;\n  width: 68px;\n  height: 68px;\n  border-radius: 14px;\n  background: linear-gradient(135deg, #fff 0%, #f9f6f0 100%);\n  display: flex;\n  align-items: center;\n  justify-content: center;\n  font-size: 26px;\n  box-shadow: 0 4px 12px rgba(0,0,0,0.15);\n}\n.lk-stays-eyebrow {\n  font-size: 10px;\n  font-weight: 500;\n  letter-spacing: 2.5px;\n  text-transform: uppercase;\n  color: rgba(255,255,255,.85);\n  margin: 0 0 5px 0;\n}\n.lk-stays-title {\n  font-family: 'Playfair Display', Georgia, serif;\n  font-size: 24px;\n  font-weight: 700;\n  color: #fff;\n  line-height: 1.2;\n  text-shadow: 0 1px 2px rgba(0,0,0,0.1);\n  margin: 0;\n}\n.lk-stays-subtitle {\n  font-size: 13px;\n  color: rgba(255,255,255,.75);\n  margin: 4px 0 0 0;\n  font-weight: 300;\n}\n\n\/* \u2500\u2500\u2500 CARDS GRID \u2500\u2500\u2500 *\/\n.lk-stays-grid {\n  display: grid;\n  grid-template-columns: 1fr 1fr;\n  gap: 1px;\n  background: rgba(195, 159, 118, 0.12);\n}\n\n\/* \u2500\u2500\u2500 SINGLE CARD \u2500\u2500\u2500 *\/\n.lk-stay-card {\n  background: #ffffff;\n  padding: 26px;\n  display: flex;\n  flex-direction: column;\n  gap: 11px;\n  transition: all 0.3s ease;\n  text-decoration: none;\n  color: inherit;\n  position: relative;\n}\n.lk-stay-card:hover {\n  background: #fffbf5;\n  transform: translateY(-2px);\n  box-shadow: 0 8px 24px rgba(195, 159, 118, 0.18);\n  z-index: 1;\n}\n.lk-stay-card.featured {\n  background: linear-gradient(135deg, #fffdf9 0%, #fff9f0 100%);\n  box-shadow: 0 4px 16px rgba(195, 159, 118, 0.15), inset 0 1px 0 rgba(195, 159, 118, 0.1);\n}\n.lk-stay-card.featured:hover {\n  background: linear-gradient(135deg, #fffbf5 0%, #fff8ed 100%);\n  box-shadow: 0 8px 24px rgba(195, 159, 118, 0.25), inset 0 1px 0 rgba(195, 159, 118, 0.15);\n}\n\n.lk-stay-badge {\n  display: inline-flex;\n  align-items: center;\n  gap: 5px;\n  font-size: 10px;\n  font-weight: 500;\n  letter-spacing: 1.5px;\n  text-transform: uppercase;\n  padding: 5px 11px;\n  border-radius: 20px;\n  width: fit-content;\n}\n.badge-top     { background: linear-gradient(135deg, #c39f76 0%, #d4b188 100%); color: #fff; border: 1px solid #c39f76; font-weight: 600; box-shadow: 0 2px 8px rgba(195,159,118,0.3); }\n.badge-luxury  { background: rgba(195,159,118,.12); color: #c39f76; border: 1px solid rgba(195,159,118,.25); }\n.badge-boutique{ background: rgba(54,133,252,.08); color: #3685fc; border: 1px solid rgba(54,133,252,.2); }\n.badge-nature  { background: rgba(130,190,100,.1); color: #6b9c4a; border: 1px solid rgba(130,190,100,.2); }\n.badge-remote  { background: rgba(195,159,118,.12); color: #a67e50; border: 1px solid rgba(195,159,118,.25); }\n\n.lk-stay-name {\n  font-family: 'Playfair Display', Georgia, serif;\n  font-size: 18px;\n  font-weight: 700;\n  color: #111827;\n  line-height: 1.3;\n}\n.lk-stay-desc {\n  font-size: 13.5px;\n  color: #525252;\n  line-height: 1.65;\n  font-weight: 300;\n  flex: 1;\n}\n\n.lk-stay-meta {\n  display: flex;\n  align-items: center;\n  gap: 12px;\n  flex-wrap: wrap;\n  margin-top: 4px;\n}\n.lk-stay-price {\n  font-size: 13px;\n  color: #6b7280;\n}\n.lk-stay-price strong {\n  color: #c39f76;\n  font-weight: 500;\n}\n.lk-stay-stars {\n  color: #c39f76;\n  font-size: 11px;\n  letter-spacing: 1px;\n}\n\n\/* \u2500\u2500\u2500 CTA BUTTON \u2500\u2500\u2500 *\/\n.lk-stay-cta {\n  display: inline-flex;\n  align-items: center;\n  justify-content: center;\n  gap: 7px;\n  margin-top: 8px;\n  padding: 11px 20px;\n  border-radius: 8px;\n  background: linear-gradient(135deg, #3685fc 0%, #2a6fd9 100%);\n  color: #fff;\n  font-size: 13px;\n  font-weight: 500;\n  text-decoration: none;\n  letter-spacing: .3px;\n  transition: all .2s ease;\n  cursor: pointer;\n  border: none;\n  text-align: center;\n  box-shadow: 0 4px 12px rgba(54, 133, 252, 0.25);\n}\n.lk-stay-cta:hover {\n  background: linear-gradient(135deg, #2a6fd9 0%, #1e5bc4 100%);\n  transform: translateY(-1px);\n  box-shadow: 0 6px 16px rgba(54, 133, 252, 0.35);\n}\n.lk-stay-cta svg { flex-shrink: 0; }\n\n\/* \u2500\u2500\u2500 FOOTER \u2500\u2500\u2500 *\/\n.lk-stays-footer {\n  padding: 18px 36px;\n  background: linear-gradient(to bottom, #fdfaf5 0%, #f9f4ed 100%);\n  border-top: 1px solid rgba(195, 159, 118, 0.15);\n  display: flex;\n  align-items: center;\n  justify-content: space-between;\n  flex-wrap: wrap;\n  gap: 12px;\n}\n.lk-stays-footer-note {\n  font-size: 11.5px;\n  color: #6b7280;\n  font-weight: 300;\n  line-height: 1.5;\n}\n.lk-stays-footer-note a {\n  color: #c39f76;\n  text-decoration: none;\n  font-weight: 400;\n}\n.lk-stays-footer-note a:hover {\n  text-decoration: underline;\n}\n.lk-stays-all-btn {\n  display: inline-flex;\n  align-items: center;\n  gap: 6px;\n  font-size: 12.5px;\n  font-weight: 500;\n  color: #c39f76;\n  text-decoration: none;\n  border: 1px solid rgba(195, 159, 118, 0.35);\n  padding: 8px 18px;\n  border-radius: 8px;\n  transition: all .2s ease;\n}\n.lk-stays-all-btn:hover {\n  background: rgba(195, 159, 118, 0.08);\n  border-color: rgba(195, 159, 118, 0.5);\n}\n\n\/* \u2500\u2500\u2500 RESPONSIVE \u2500\u2500\u2500 *\/\n@media (max-width: 600px) {\n  .lk-stays-grid { grid-template-columns: 1fr; }\n  .lk-stays-header { padding: 24px 20px; }\n  .lk-stays-footer { padding: 16px 20px; }\n  .lk-stay-card { padding: 22px; }\n  .lk-stays-title { font-size: 20px; }\n}\n<\/style>\n\n  <!-- HEADER -->\n  <div class=\"lk-stays-header\">\n    <img decoding=\"async\" src=\"https:\/\/loudavymkrokem.cz\/wp-content\/uploads\/2026\/02\/lukas-a-lucka.jpg\" alt=\"\" style=\"width: 75px; height: 75px; border-radius: 8px; flex-shrink: 0; object-fit: cover; display: block; margin: 4px 0;\" title=\"\">\n    <div class=\"lk-stays-header-text\">\n      <div class=\"lk-stays-eyebrow\">Luk\u00e1\u0161 e Lucie recomendam<\/div>\n      <div class=\"lk-stays-title\">Onde se hospedar em Viena<\/div>\n      <div class=\"lk-stays-subtitle\">6 acomoda\u00e7\u00f5es \u2014 hot\u00e9is de bem-estar e outras op\u00e7\u00f5es de hospedagem<\/div>\n    <\/div>\n  <\/div>\n\n  <!-- CARDS -->\n  <div class=\"lk-stays-grid\">\n\n    <a class=\"lk-stay-card featured\" href=\"https:\/\/www.stay22.com\/allez\/roam?aid=lukaskonecny&#038;campaign=loudavymkrokemcz&#038;campaign=pt-br&#038;campaign=kde-bydlet-ve-vidni&#038;hotelname=Hotel%20Sacher%20Vienna&#038;address=V%C3%ADde%C5%88%2C%20Rakousko\" target=\"_blank\" rel=\"nofollow noopener\">\n      <span class=\"lk-stay-badge badge-top\">\u2b50 MELHOR ESCOLHA<\/span>\n      <span class=\"lk-stay-badge badge-nature\">\u2b50 Luxo<\/span>\n      <div class=\"lk-stay-name\">Hotel Sacher Vienna<\/div>\n      <div class=\"lk-stay-desc\">Lend\u00e1rio hotel cinco estrelas de 1876 em frente \u00e0 \u00f3pera com luxo absoluto e o aut\u00eantico Sachertorte.<\/div>\n      <div class=\"lk-stay-meta\">\n        <span class=\"lk-stay-stars\">\u2605\u2605\u2605\u2605\u2605<\/span>\n        <span class=\"lk-stay-price\">Verificar pre\u00e7os<\/span>\n      <\/div>\n      <span class=\"lk-stay-cta\">\n        <svg width=\"14\" height=\"14\" viewBox=\"0 0 24 24\" fill=\"none\" stroke=\"currentColor\" stroke-width=\"2\"><path d=\"M18 13v6a2 2 0 0 1-2 2H5a2 2 0 0 1-2-2V8a2 2 0 0 1 2-2h6\"\/><polyline points=\"15 3 21 3 21 9\"\/><line x1=\"10\" y1=\"14\" x2=\"21\" y2=\"3\"\/><\/svg>\n        Verificar disponibilidade\n      <\/span>\n    <\/a>\n\n    <a class=\"lk-stay-card\" href=\"https:\/\/www.stay22.com\/allez\/roam?aid=lukaskonecny&#038;campaign=loudavymkrokemcz&#038;campaign=pt-br&#038;campaign=kde-bydlet-ve-vidni&#038;hotelname=Hotel%20Imperial&#038;address=V%C3%ADde%C5%88%2C%20Rakousko\" target=\"_blank\" rel=\"nofollow noopener\">\n      <span class=\"lk-stay-badge badge-nature\">\u2b50 Luxo<\/span>\n      <div class=\"lk-stay-name\">Hotel Imperial<\/div>\n      <div class=\"lk-stay-desc\">Antigo pal\u00e1cio nobre na Ringstra\u00dfe com colunas de m\u00e1rmore e servi\u00e7os de mordomo pessoal.<\/div>\n      <div class=\"lk-stay-meta\">\n        <span class=\"lk-stay-stars\">\u2605\u2605\u2605\u2605\u2605<\/span>\n        <span class=\"lk-stay-price\">Verificar pre\u00e7os<\/span>\n      <\/div>\n      <span class=\"lk-stay-cta\">\n        <svg width=\"14\" height=\"14\" viewBox=\"0 0 24 24\" fill=\"none\" stroke=\"currentColor\" stroke-width=\"2\"><path d=\"M18 13v6a2 2 0 0 1-2 2H5a2 2 0 0 1-2-2V8a2 2 0 0 1 2-2h6\"\/><polyline points=\"15 3 21 3 21 9\"\/><line x1=\"10\" y1=\"14\" x2=\"21\" y2=\"3\"\/><\/svg>\n        Verificar disponibilidade\n      <\/span>\n    <\/a>\n\n    <a class=\"lk-stay-card\" href=\"https:\/\/www.stay22.com\/allez\/roam?aid=lukaskonecny&#038;campaign=loudavymkrokemcz&#038;campaign=pt-br&#038;campaign=kde-bydlet-ve-vidni&#038;hotelname=Park%20Hyatt%20Vienna&#038;address=V%C3%ADde%C5%88%2C%20Rakousko\" target=\"_blank\" rel=\"nofollow noopener\">\n      <span class=\"lk-stay-badge badge-nature\">\u2b50 Luxo<\/span>\n      <div class=\"lk-stay-name\">Park Hyatt Vienna<\/div>\n      <div class=\"lk-stay-desc\">Hotel de luxo moderno em um antigo banco com piscina no cofre hist\u00f3rico e spa excelente.<\/div>\n      <div class=\"lk-stay-meta\">\n        <span class=\"lk-stay-stars\">\u2605\u2605\u2605\u2605\u2605<\/span>\n        <span class=\"lk-stay-price\">Verificar pre\u00e7os<\/span>\n      <\/div>\n      <span class=\"lk-stay-cta\">\n        <svg width=\"14\" height=\"14\" viewBox=\"0 0 24 24\" fill=\"none\" stroke=\"currentColor\" stroke-width=\"2\"><path d=\"M18 13v6a2 2 0 0 1-2 2H5a2 2 0 0 1-2-2V8a2 2 0 0 1 2-2h6\"\/><polyline points=\"15 3 21 3 21 9\"\/><line x1=\"10\" y1=\"14\" x2=\"21\" y2=\"3\"\/><\/svg>\n        Verificar disponibilidade\n      <\/span>\n    <\/a>\n\n    <a class=\"lk-stay-card\" href=\"https:\/\/www.stay22.com\/allez\/roam?aid=lukaskonecny&#038;campaign=loudavymkrokemcz&#038;campaign=pt-br&#038;campaign=kde-bydlet-ve-vidni&#038;hotelname=The%20Ritz-Carlton%20Vienna&#038;address=V%C3%ADde%C5%88%2C%20Rakousko\" target=\"_blank\" rel=\"nofollow noopener\">\n      <span class=\"lk-stay-badge badge-nature\">\u2b50 Luxo<\/span>\n      <div class=\"lk-stay-name\">The Ritz-Carlton Vienna<\/div>\n      <div class=\"lk-stay-desc\">Quatro pal\u00e1cios hist\u00f3ricos no Schubertring com bar na cobertura com vista panor\u00e2mica.<\/div>\n      <div class=\"lk-stay-meta\">\n        <span class=\"lk-stay-stars\">\u2605\u2605\u2605\u2605\u2605<\/span>\n        <span class=\"lk-stay-price\">Verificar pre\u00e7os<\/span>\n      <\/div>\n      <span class=\"lk-stay-cta\">\n        <svg width=\"14\" height=\"14\" viewBox=\"0 0 24 24\" fill=\"none\" stroke=\"currentColor\" stroke-width=\"2\"><path d=\"M18 13v6a2 2 0 0 1-2 2H5a2 2 0 0 1-2-2V8a2 2 0 0 1 2-2h6\"\/><polyline points=\"15 3 21 3 21 9\"\/><line x1=\"10\" y1=\"14\" x2=\"21\" y2=\"3\"\/><\/svg>\n        Verificar disponibilidade\n      <\/span>\n    <\/a>\n\n    <a class=\"lk-stay-card\" href=\"https:\/\/www.stay22.com\/allez\/roam?aid=lukaskonecny&#038;campaign=loudavymkrokemcz&#038;campaign=pt-br&#038;campaign=kde-bydlet-ve-vidni&#038;hotelname=Hotel%20Bristol&#038;address=V%C3%ADde%C5%88%2C%20Rakousko\" target=\"_blank\" rel=\"nofollow noopener\">\n      <span class=\"lk-stay-badge badge-nature\">\u2b50 Luxo<\/span>\n      <div class=\"lk-stay-name\">Hotel Bristol<\/div>\n      <div class=\"lk-stay-desc\">Edif\u00edcio hist\u00f3rico em estilo Art D\u00e9co em frente \u00e0 \u00d3pera Estatal com vista para o edif\u00edcio da \u00f3pera.<\/div>\n      <div class=\"lk-stay-meta\">\n        <span class=\"lk-stay-stars\">\u2605\u2605\u2605\u2605\u2605<\/span>\n        <span class=\"lk-stay-price\">Verificar pre\u00e7os<\/span>\n      <\/div>\n      <span class=\"lk-stay-cta\">\n        <svg width=\"14\" height=\"14\" viewBox=\"0 0 24 24\" fill=\"none\" stroke=\"currentColor\" stroke-width=\"2\"><path d=\"M18 13v6a2 2 0 0 1-2 2H5a2 2 0 0 1-2-2V8a2 2 0 0 1 2-2h6\"\/><polyline points=\"15 3 21 3 21 9\"\/><line x1=\"10\" y1=\"14\" x2=\"21\" y2=\"3\"\/><\/svg>\n        Verificar disponibilidade\n      <\/span>\n    <\/a>\n\n    <a class=\"lk-stay-card\" href=\"https:\/\/www.stay22.com\/allez\/roam?aid=lukaskonecny&#038;campaign=loudavymkrokemcz&#038;campaign=pt-br&#038;campaign=kde-bydlet-ve-vidni&#038;hotelname=Rosewood%20Vienna&#038;address=V%C3%ADde%C5%88%2C%20Rakousko\" target=\"_blank\" rel=\"nofollow noopener\">\n      <span class=\"lk-stay-badge badge-nature\">\u2b50 Luxo<\/span>\n      <div class=\"lk-stay-name\">Rosewood Vienna<\/div>\n      <div class=\"lk-stay-desc\">Novo hotel boutique na Petersplatz com design moderno e claro e atmosfera intimista.<\/div>\n      <div class=\"lk-stay-meta\">\n        <span class=\"lk-stay-stars\">\u2605\u2605\u2605\u2605\u2605<\/span>\n        <span class=\"lk-stay-price\">Verificar pre\u00e7os<\/span>\n      <\/div>\n      <span class=\"lk-stay-cta\">\n        <svg width=\"14\" height=\"14\" viewBox=\"0 0 24 24\" fill=\"none\" stroke=\"currentColor\" stroke-width=\"2\"><path d=\"M18 13v6a2 2 0 0 1-2 2H5a2 2 0 0 1-2-2V8a2 2 0 0 1 2-2h6\"\/><polyline points=\"15 3 21 3 21 9\"\/><line x1=\"10\" y1=\"14\" x2=\"21\" y2=\"3\"\/><\/svg>\n        Verificar disponibilidade\n      <\/span>\n    <\/a>\n\n  <\/div>\n\n  \n<\/div>\n\n\n\n\n<h3 class=\"wp-block-heading\"><span class=\"ez-toc-section\" id=\"14_Hotel_am_Brillantengrund\"><\/span>14. Hotel am Brillantengrund<span class=\"ez-toc-section-end\"><\/span><\/h3>\n\n\n\n<p class=\"wp-block-paragraph\">No pr\u00f3prio cora\u00e7\u00e3o do bo\u00eamio bairro de Neubau, voc\u00ea encontra este hotel absolutamente \u00fanico, com a linda nota <strong>4,5 de 863 resenhas<\/strong>, que, de forma bem inusitada, fica nos amplos espa\u00e7os de um antigo mosteiro. L\u00e1 dentro se esconde um p\u00e1tio absolutamente encantador, rodeado de velhas varandas, que nos meses mais quentes serve como um o\u00e1sis perfeito de tranquilidade.<\/p>\n\n\n\n<figure data-wp-context=\"{&quot;galleryId&quot;:&quot;6a9c314c7c454&quot;}\" data-wp-interactive=\"core\/gallery\" class=\"wp-block-gallery has-nested-images columns-2 is-cropped wp-block-gallery-is-layout-flex wp-block-gallery-8 is-layout-flex\">\n\n<figure data-wp-context=\"{&quot;imageId&quot;:&quot;6a9c314c7c7ee&quot;}\" data-wp-interactive=\"core\/image\" data-wp-key=\"6a9c314c7c7ee\" class=\"wp-block-image size-large wp-lightbox-container\"><img decoding=\"async\" width=\"1800\" height=\"1193\" data-wp-class--hide=\"state.isContentHidden\" data-wp-class--show=\"state.isContentVisible\" data-wp-init=\"callbacks.setButtonStyles\" data-wp-on--click=\"actions.showLightbox\" data-wp-on--load=\"callbacks.setButtonStyles\" data-wp-on--pointerdown=\"actions.preloadImage\" data-wp-on--pointerenter=\"actions.preloadImageWithDelay\" data-wp-on--pointerleave=\"actions.cancelPreload\" data-wp-on-window--resize=\"callbacks.setButtonStyles\" data-id=\"407052\" src=\"https:\/\/loudavymkrokem.cz\/wp-content\/uploads\/2026\/08\/hotel-am-brillantengrund-3.jpg\" alt=\"Quarto no Hotel am Brillantengrund\" class=\"wp-image-407052\" title=\"\" srcset=\"https:\/\/loudavymkrokem.cz\/wp-content\/uploads\/2026\/08\/hotel-am-brillantengrund-3.jpg 1800w, https:\/\/loudavymkrokem.cz\/wp-content\/uploads\/2026\/08\/hotel-am-brillantengrund-3-300x199.jpg 300w, https:\/\/loudavymkrokem.cz\/wp-content\/uploads\/2026\/08\/hotel-am-brillantengrund-3-700x464.jpg 700w, https:\/\/loudavymkrokem.cz\/wp-content\/uploads\/2026\/08\/hotel-am-brillantengrund-3-768x509.jpg 768w, https:\/\/loudavymkrokem.cz\/wp-content\/uploads\/2026\/08\/hotel-am-brillantengrund-3-1536x1018.jpg 1536w, https:\/\/loudavymkrokem.cz\/wp-content\/uploads\/2026\/08\/hotel-am-brillantengrund-3-696x461.jpg 696w, https:\/\/loudavymkrokem.cz\/wp-content\/uploads\/2026\/08\/hotel-am-brillantengrund-3-1392x923.jpg 1392w\" sizes=\"(max-width: 1800px) 100vw, 1800px\" \/><button\n\t\t\tclass=\"lightbox-trigger\"\n\t\t\ttype=\"button\"\n\t\t\taria-haspopup=\"dialog\"\n\t\t\tdata-wp-bind--aria-label=\"state.thisImage.triggerButtonAriaLabel\"\n\t\t\tdata-wp-init=\"callbacks.initTriggerButton\"\n\t\t\tdata-wp-on--click=\"actions.showLightbox\"\n\t\t\tdata-wp-style--right=\"state.thisImage.buttonRight\"\n\t\t\tdata-wp-style--top=\"state.thisImage.buttonTop\"\n\t\t>\n\t\t\t<svg xmlns=\"http:\/\/www.w3.org\/2000\/svg\" width=\"12\" height=\"12\" fill=\"none\" viewBox=\"0 0 12 12\">\n\t\t\t\t<path fill=\"#fff\" d=\"M2 0a2 2 0 0 0-2 2v2h1.5V2a.5.5 0 0 1 .5-.5h2V0H2Zm2 10.5H2a.5.5 0 0 1-.5-.5V8H0v2a2 2 0 0 0 2 2h2v-1.5ZM8 12v-1.5h2a.5.5 0 0 0 .5-.5V8H12v2a2 2 0 0 1-2 2H8Zm2-12a2 2 0 0 1 2 2v2h-1.5V2a.5.5 0 0 0-.5-.5H8V0h2Z\" \/>\n\t\t\t<\/svg>\n\t\t<\/button><figcaption class=\"wp-element-caption\">Foto: Hotel am Brillantengrund \/ site oficial<\/figcaption><\/figure>\n\n<\/figure>\n\n\n\n<p class=\"wp-block-paragraph\">O que torna este lugar t\u00e3o especial e querido \u00e9 <strong>o excelente restaurante filipino e a m\u00fasica ao vivo regular<\/strong>. Os concertos e eventos noturnos atraem n\u00e3o s\u00f3 turistas curiosos, mas tamb\u00e9m muitos moradores locais, ent\u00e3o as culturas se misturam de forma natural aqui.<\/p>\n\n\n\n<p class=\"wp-block-paragraph\">Todo o espa\u00e7o simplesmente vive vida pr\u00f3pria e oferece algo que voc\u00ea n\u00e3o encontra em hot\u00e9is cl\u00e1ssicos. <strong>\u00c9 um lugar cheio de energia solta, criatividade e um clima bem informal<\/strong>, onde cada h\u00f3spede se sente imediatamente bem-vindo.<\/p>\n\n\n\n<p class=\"wp-block-paragraph\">\ud83d\udca1 Dica: esta \u00e9 a escolha absolutamente ideal para <strong>viajantes que procuram de prop\u00f3sito uma atmosfera hipster e experi\u00eancias locais inusitadas<\/strong>. Voc\u00ea n\u00e3o vai se sentir engessado como num hotel cl\u00e1ssico, mas sim como numa visita divertida a amigos muito criativos. <em><a href=\"https:\/\/www.stay22.com\/allez\/roam?aid=lukaskonecny&#038;campaign=loudavymkrokemcz&#038;campaign=kde-bydlet-ve-vidni&#038;hotelname=Hotel%20am%20Brillantengrund&#038;address=V%C3%ADde%C5%88%2C%20Rakousko\" target=\"_blank\" rel=\"nofollow noopener sponsored\">verificar pre\u00e7os e disponibilidade<\/a><\/em><\/p>\n\n\n\n<figure data-wp-context=\"{&quot;imageId&quot;:&quot;6a9c314c7cef4&quot;}\" data-wp-interactive=\"core\/image\" data-wp-key=\"6a9c314c7cef4\" class=\"wp-block-image size-full wp-lightbox-container\"><img decoding=\"async\" width=\"1139\" height=\"660\" data-wp-class--hide=\"state.isContentHidden\" data-wp-class--show=\"state.isContentVisible\" data-wp-init=\"callbacks.setButtonStyles\" data-wp-on--click=\"actions.showLightbox\" data-wp-on--load=\"callbacks.setButtonStyles\" data-wp-on--pointerdown=\"actions.preloadImage\" data-wp-on--pointerenter=\"actions.preloadImageWithDelay\" data-wp-on--pointerleave=\"actions.cancelPreload\" data-wp-on-window--resize=\"callbacks.setButtonStyles\" src=\"https:\/\/loudavymkrokem.cz\/wp-content\/uploads\/2026\/08\/25hours-hotel-vienna-at-museumsquartier-1.jpg\" alt=\"Bar no terra\u00e7o do 25hours Hotel junto ao MuseumsQuartier\" class=\"wp-image-407044\" title=\"\" srcset=\"https:\/\/loudavymkrokem.cz\/wp-content\/uploads\/2026\/08\/25hours-hotel-vienna-at-museumsquartier-1.jpg 1139w, https:\/\/loudavymkrokem.cz\/wp-content\/uploads\/2026\/08\/25hours-hotel-vienna-at-museumsquartier-1-300x174.jpg 300w, https:\/\/loudavymkrokem.cz\/wp-content\/uploads\/2026\/08\/25hours-hotel-vienna-at-museumsquartier-1-700x406.jpg 700w, https:\/\/loudavymkrokem.cz\/wp-content\/uploads\/2026\/08\/25hours-hotel-vienna-at-museumsquartier-1-768x445.jpg 768w, https:\/\/loudavymkrokem.cz\/wp-content\/uploads\/2026\/08\/25hours-hotel-vienna-at-museumsquartier-1-696x403.jpg 696w\" sizes=\"(max-width: 1139px) 100vw, 1139px\" \/><button\n\t\t\tclass=\"lightbox-trigger\"\n\t\t\ttype=\"button\"\n\t\t\taria-haspopup=\"dialog\"\n\t\t\tdata-wp-bind--aria-label=\"state.thisImage.triggerButtonAriaLabel\"\n\t\t\tdata-wp-init=\"callbacks.initTriggerButton\"\n\t\t\tdata-wp-on--click=\"actions.showLightbox\"\n\t\t\tdata-wp-style--right=\"state.thisImage.buttonRight\"\n\t\t\tdata-wp-style--top=\"state.thisImage.buttonTop\"\n\t\t>\n\t\t\t<svg xmlns=\"http:\/\/www.w3.org\/2000\/svg\" width=\"12\" height=\"12\" fill=\"none\" viewBox=\"0 0 12 12\">\n\t\t\t\t<path fill=\"#fff\" d=\"M2 0a2 2 0 0 0-2 2v2h1.5V2a.5.5 0 0 1 .5-.5h2V0H2Zm2 10.5H2a.5.5 0 0 1-.5-.5V8H0v2a2 2 0 0 0 2 2h2v-1.5ZM8 12v-1.5h2a.5.5 0 0 0 .5-.5V8H12v2a2 2 0 0 1-2 2H8Zm2-12a2 2 0 0 1 2 2v2h-1.5V2a.5.5 0 0 0-.5-.5H8V0h2Z\" \/>\n\t\t\t<\/svg>\n\t\t<\/button><figcaption class=\"wp-element-caption\">Foto: 25hours Hotel Vienna \/ site oficial<\/figcaption><\/figure>\n\n\n\n<h3 class=\"wp-block-heading\"><span class=\"ez-toc-section\" id=\"15_25hours_Hotel_Vienna_at_MuseumsQuartier\"><\/span>15. 25hours Hotel Vienna at MuseumsQuartier<span class=\"ez-toc-section-end\"><\/span><\/h3>\n\n\n\n<p class=\"wp-block-paragraph\">Divertido, colorido e, \u00e0 primeira vista, um pouco maluco \u2014 assim \u00e9 este grande hotel, com uma nota bem s\u00f3lida de <strong>4,5 de nada menos que 4.906 resenhas<\/strong>. Seus interiores s\u00e3o totalmente inspirados no tema l\u00fadico do velho circo, e ele fica no s\u00e9timo bairro, na proximidade imediata do enorme centro cultural MuseumsQuartier.<\/p>\n\n\n\n<figure data-wp-context=\"{&quot;galleryId&quot;:&quot;6a9c314c7d183&quot;}\" data-wp-interactive=\"core\/gallery\" class=\"wp-block-gallery has-nested-images columns-2 is-cropped wp-block-gallery-is-layout-flex wp-block-gallery-9 is-layout-flex\">\n\n<figure data-wp-context=\"{&quot;imageId&quot;:&quot;6a9c314c7d501&quot;}\" data-wp-interactive=\"core\/image\" data-wp-key=\"6a9c314c7d501\" class=\"wp-block-image size-large wp-lightbox-container\"><img decoding=\"async\" width=\"1800\" height=\"1012\" data-wp-class--hide=\"state.isContentHidden\" data-wp-class--show=\"state.isContentVisible\" data-wp-init=\"callbacks.setButtonStyles\" data-wp-on--click=\"actions.showLightbox\" data-wp-on--load=\"callbacks.setButtonStyles\" data-wp-on--pointerdown=\"actions.preloadImage\" data-wp-on--pointerenter=\"actions.preloadImageWithDelay\" data-wp-on--pointerleave=\"actions.cancelPreload\" data-wp-on-window--resize=\"callbacks.setButtonStyles\" data-id=\"407046\" src=\"https:\/\/loudavymkrokem.cz\/wp-content\/uploads\/2026\/08\/25hours-hotel-vienna-at-museumsquartier-2.jpg\" alt=\"Quarto com tem\u00e1tica de circo no 25hours Hotel\" class=\"wp-image-407046\" title=\"\" srcset=\"https:\/\/loudavymkrokem.cz\/wp-content\/uploads\/2026\/08\/25hours-hotel-vienna-at-museumsquartier-2.jpg 1800w, https:\/\/loudavymkrokem.cz\/wp-content\/uploads\/2026\/08\/25hours-hotel-vienna-at-museumsquartier-2-300x169.jpg 300w, https:\/\/loudavymkrokem.cz\/wp-content\/uploads\/2026\/08\/25hours-hotel-vienna-at-museumsquartier-2-700x394.jpg 700w, https:\/\/loudavymkrokem.cz\/wp-content\/uploads\/2026\/08\/25hours-hotel-vienna-at-museumsquartier-2-768x432.jpg 768w, https:\/\/loudavymkrokem.cz\/wp-content\/uploads\/2026\/08\/25hours-hotel-vienna-at-museumsquartier-2-1536x864.jpg 1536w, https:\/\/loudavymkrokem.cz\/wp-content\/uploads\/2026\/08\/25hours-hotel-vienna-at-museumsquartier-2-696x391.jpg 696w, https:\/\/loudavymkrokem.cz\/wp-content\/uploads\/2026\/08\/25hours-hotel-vienna-at-museumsquartier-2-1392x783.jpg 1392w\" sizes=\"(max-width: 1800px) 100vw, 1800px\" \/><button\n\t\t\tclass=\"lightbox-trigger\"\n\t\t\ttype=\"button\"\n\t\t\taria-haspopup=\"dialog\"\n\t\t\tdata-wp-bind--aria-label=\"state.thisImage.triggerButtonAriaLabel\"\n\t\t\tdata-wp-init=\"callbacks.initTriggerButton\"\n\t\t\tdata-wp-on--click=\"actions.showLightbox\"\n\t\t\tdata-wp-style--right=\"state.thisImage.buttonRight\"\n\t\t\tdata-wp-style--top=\"state.thisImage.buttonTop\"\n\t\t>\n\t\t\t<svg xmlns=\"http:\/\/www.w3.org\/2000\/svg\" width=\"12\" height=\"12\" fill=\"none\" viewBox=\"0 0 12 12\">\n\t\t\t\t<path fill=\"#fff\" d=\"M2 0a2 2 0 0 0-2 2v2h1.5V2a.5.5 0 0 1 .5-.5h2V0H2Zm2 10.5H2a.5.5 0 0 1-.5-.5V8H0v2a2 2 0 0 0 2 2h2v-1.5ZM8 12v-1.5h2a.5.5 0 0 0 .5-.5V8H12v2a2 2 0 0 1-2 2H8Zm2-12a2 2 0 0 1 2 2v2h-1.5V2a.5.5 0 0 0-.5-.5H8V0h2Z\" \/>\n\t\t\t<\/svg>\n\t\t<\/button><figcaption class=\"wp-element-caption\">Foto: 25hours Hotel Vienna \/ site oficial<\/figcaption><\/figure>\n\n<\/figure>\n\n\n\n<p class=\"wp-block-paragraph\">Nas resenhas, os h\u00f3spedes adoraram os detalhes engra\u00e7ados e inesperados nos quartos, al\u00e9m da \u00f3tima possibilidade de emprestar bicicletas urbanas de gra\u00e7a para explorar Viena com mais facilidade. <strong>O design de circo aparece em cada detalhe imagin\u00e1vel<\/strong> e voc\u00ea certamente n\u00e3o vai se entediar aqui.<\/p>\n\n\n\n<p class=\"wp-block-paragraph\">O maior sucesso deste lugar, por\u00e9m, \u00e9 <strong>o \u00f3timo bar no terra\u00e7o Dachboden<\/strong>, do qual se abre uma linda vista da cidade toda \u00e0 noite e onde a estilosa juventude vienense se encontra regularmente para um drinque.<\/p>\n\n\n\n<p class=\"wp-block-paragraph\">\ud83d\udca1 Dica: hospede-se aqui com a consci\u00eancia tranquila se voc\u00ea j\u00e1 se cansou das cl\u00e1ssicas e cinzentas redes de hot\u00e9is e <strong>procura uma hospedagem moderna com uma boa dose de humor e design visual original<\/strong>. A localiza\u00e7\u00e3o para explorar a cidade \u00e9 ainda absolutamente ideal. <em><a href=\"https:\/\/www.stay22.com\/allez\/roam?aid=lukaskonecny&#038;campaign=loudavymkrokemcz&#038;campaign=kde-bydlet-ve-vidni&#038;hotelname=25hours%20Hotel%20Vienna%20at%20MuseumsQuartier&#038;address=V%C3%ADde%C5%88%2C%20Rakousko\" target=\"_blank\" rel=\"nofollow noopener sponsored\">verificar pre\u00e7os e disponibilidade<\/a><\/em><\/p>\n\n\n\n<figure data-wp-context=\"{&quot;imageId&quot;:&quot;6a9c314c7deb4&quot;}\" data-wp-interactive=\"core\/image\" data-wp-key=\"6a9c314c7deb4\" class=\"wp-block-image size-full wp-lightbox-container\"><img decoding=\"async\" width=\"1024\" height=\"768\" data-wp-class--hide=\"state.isContentHidden\" data-wp-class--show=\"state.isContentVisible\" data-wp-init=\"callbacks.setButtonStyles\" data-wp-on--click=\"actions.showLightbox\" data-wp-on--load=\"callbacks.setButtonStyles\" data-wp-on--pointerdown=\"actions.preloadImage\" data-wp-on--pointerenter=\"actions.preloadImageWithDelay\" data-wp-on--pointerleave=\"actions.cancelPreload\" data-wp-on-window--resize=\"callbacks.setButtonStyles\" src=\"https:\/\/loudavymkrokem.cz\/wp-content\/uploads\/2026\/08\/hotel-am-konzerthaus-pobl-v-de-sk-ho-konzertha.jpg\" alt=\"Hotel Am Konzerthaus perto do Konzerthaus de Viena\" class=\"wp-image-407137\" title=\"\" srcset=\"https:\/\/loudavymkrokem.cz\/wp-content\/uploads\/2026\/08\/hotel-am-konzerthaus-pobl-v-de-sk-ho-konzertha.jpg 1024w, https:\/\/loudavymkrokem.cz\/wp-content\/uploads\/2026\/08\/hotel-am-konzerthaus-pobl-v-de-sk-ho-konzertha-300x225.jpg 300w, https:\/\/loudavymkrokem.cz\/wp-content\/uploads\/2026\/08\/hotel-am-konzerthaus-pobl-v-de-sk-ho-konzertha-700x525.jpg 700w, https:\/\/loudavymkrokem.cz\/wp-content\/uploads\/2026\/08\/hotel-am-konzerthaus-pobl-v-de-sk-ho-konzertha-768x576.jpg 768w, https:\/\/loudavymkrokem.cz\/wp-content\/uploads\/2026\/08\/hotel-am-konzerthaus-pobl-v-de-sk-ho-konzertha-80x60.jpg 80w, https:\/\/loudavymkrokem.cz\/wp-content\/uploads\/2026\/08\/hotel-am-konzerthaus-pobl-v-de-sk-ho-konzertha-160x120.jpg 160w, https:\/\/loudavymkrokem.cz\/wp-content\/uploads\/2026\/08\/hotel-am-konzerthaus-pobl-v-de-sk-ho-konzertha-696x522.jpg 696w\" sizes=\"(max-width: 1024px) 100vw, 1024px\" \/><button\n\t\t\tclass=\"lightbox-trigger\"\n\t\t\ttype=\"button\"\n\t\t\taria-haspopup=\"dialog\"\n\t\t\tdata-wp-bind--aria-label=\"state.thisImage.triggerButtonAriaLabel\"\n\t\t\tdata-wp-init=\"callbacks.initTriggerButton\"\n\t\t\tdata-wp-on--click=\"actions.showLightbox\"\n\t\t\tdata-wp-style--right=\"state.thisImage.buttonRight\"\n\t\t\tdata-wp-style--top=\"state.thisImage.buttonTop\"\n\t\t>\n\t\t\t<svg xmlns=\"http:\/\/www.w3.org\/2000\/svg\" width=\"12\" height=\"12\" fill=\"none\" viewBox=\"0 0 12 12\">\n\t\t\t\t<path fill=\"#fff\" d=\"M2 0a2 2 0 0 0-2 2v2h1.5V2a.5.5 0 0 1 .5-.5h2V0H2Zm2 10.5H2a.5.5 0 0 1-.5-.5V8H0v2a2 2 0 0 0 2 2h2v-1.5ZM8 12v-1.5h2a.5.5 0 0 0 .5-.5V8H12v2a2 2 0 0 1-2 2H8Zm2-12a2 2 0 0 1 2 2v2h-1.5V2a.5.5 0 0 0-.5-.5H8V0h2Z\" \/>\n\t\t\t<\/svg>\n\t\t<\/button><figcaption class=\"wp-element-caption\">Foto: Hotel Am Konzerthaus &#8211; MGallery Collection \/ Google Maps<\/figcaption><\/figure>\n\n\n\n<h3 class=\"wp-block-heading\"><span class=\"ez-toc-section\" id=\"16_Hotel_Am_Konzerthaus_%E2%80%94_MGallery\"><\/span>16. Hotel Am Konzerthaus \u2014 MGallery<span class=\"ez-toc-section-end\"><\/span><\/h3>\n\n\n\n<p class=\"wp-block-paragraph\">Este hotel bem elegante, com a linda nota <strong>4,5 de 2.396 resenhas<\/strong>, fica a um pequeno trecho do famoso Pal\u00e1cio Belvedere e faz fronteira direta com a conhecida sala de concertos Konzerthaus. Os interiores s\u00e3o fortemente inspirados no per\u00edodo Art Nouveau e nas famosas obras do pintor Gustav Klimt, o que d\u00e1 ao hotel uma atmosfera bem sofisticada e art\u00edstica.<\/p>\n\n\n\n<p class=\"wp-block-paragraph\">Nas resenhas positivas, os h\u00f3spedes mencionam com frequ\u00eancia <strong>as camas surpreendentemente confort\u00e1veis, a limpeza impec\u00e1vel de todos os espa\u00e7os e o caf\u00e9 da manh\u00e3 bem variado<\/strong>, que agrada com certeza qualquer gourmet exigente. Aqui se d\u00e1 \u00eanfase \u00e0 eleg\u00e2ncia cl\u00e1ssica sem exageros desnecess\u00e1rios.<\/p>\n\n\n\n<p class=\"wp-block-paragraph\">A localiza\u00e7\u00e3o no terceiro bairro garante aos h\u00f3spedes tranquilidade suficiente \u00e0 noite. <strong>Mas o centro hist\u00f3rico ainda \u00e9 muito f\u00e1cil de alcan\u00e7ar a p\u00e9<\/strong> ou com uma curta viagem de bonde, ent\u00e3o voc\u00ea n\u00e3o perde nenhuma atra\u00e7\u00e3o principal.<\/p>\n\n\n\n<p class=\"wp-block-paragraph\">\ud83d\udca1 Dica: esta \u00e9 realmente uma \u00f3tima escolha para viajantes que preferem <strong>um estilo mais cl\u00e1ssico de hospedagem com um claro toque de arte<\/strong> e, ao mesmo tempo, valorizam muito uma localiza\u00e7\u00e3o mais tranquila com \u00f3tima proximidade dos monumentos culturais. <em><a href=\"https:\/\/www.stay22.com\/allez\/roam?aid=lukaskonecny&#038;campaign=loudavymkrokemcz&#038;campaign=kde-bydlet-ve-vidni&#038;hotelname=Hotel%20Am%20Konzerthaus&#038;address=V%C3%ADde%C5%88%2C%20Rakousko\" target=\"_blank\" rel=\"nofollow noopener sponsored\">verificar pre\u00e7os e disponibilidade<\/a><\/em><\/p>\n\n\n\n<figure data-wp-context=\"{&quot;imageId&quot;:&quot;6a9c314c7e87a&quot;}\" data-wp-interactive=\"core\/image\" data-wp-key=\"6a9c314c7e87a\" class=\"wp-block-image size-full wp-lightbox-container\"><img decoding=\"async\" width=\"1800\" height=\"937\" data-wp-class--hide=\"state.isContentHidden\" data-wp-class--show=\"state.isContentVisible\" data-wp-init=\"callbacks.setButtonStyles\" data-wp-on--click=\"actions.showLightbox\" data-wp-on--load=\"callbacks.setButtonStyles\" data-wp-on--pointerdown=\"actions.preloadImage\" data-wp-on--pointerenter=\"actions.preloadImageWithDelay\" data-wp-on--pointerleave=\"actions.cancelPreload\" data-wp-on-window--resize=\"callbacks.setButtonStyles\" src=\"https:\/\/loudavymkrokem.cz\/wp-content\/uploads\/2026\/08\/hotel-gilbert-3.jpg\" alt=\"Quarto no Hotel Gilbert\" class=\"wp-image-407038\" title=\"\" srcset=\"https:\/\/loudavymkrokem.cz\/wp-content\/uploads\/2026\/08\/hotel-gilbert-3.jpg 1800w, https:\/\/loudavymkrokem.cz\/wp-content\/uploads\/2026\/08\/hotel-gilbert-3-300x156.jpg 300w, https:\/\/loudavymkrokem.cz\/wp-content\/uploads\/2026\/08\/hotel-gilbert-3-700x364.jpg 700w, https:\/\/loudavymkrokem.cz\/wp-content\/uploads\/2026\/08\/hotel-gilbert-3-768x400.jpg 768w, https:\/\/loudavymkrokem.cz\/wp-content\/uploads\/2026\/08\/hotel-gilbert-3-1536x800.jpg 1536w, https:\/\/loudavymkrokem.cz\/wp-content\/uploads\/2026\/08\/hotel-gilbert-3-696x362.jpg 696w, https:\/\/loudavymkrokem.cz\/wp-content\/uploads\/2026\/08\/hotel-gilbert-3-1392x725.jpg 1392w\" sizes=\"(max-width: 1800px) 100vw, 1800px\" \/><button\n\t\t\tclass=\"lightbox-trigger\"\n\t\t\ttype=\"button\"\n\t\t\taria-haspopup=\"dialog\"\n\t\t\tdata-wp-bind--aria-label=\"state.thisImage.triggerButtonAriaLabel\"\n\t\t\tdata-wp-init=\"callbacks.initTriggerButton\"\n\t\t\tdata-wp-on--click=\"actions.showLightbox\"\n\t\t\tdata-wp-style--right=\"state.thisImage.buttonRight\"\n\t\t\tdata-wp-style--top=\"state.thisImage.buttonTop\"\n\t\t>\n\t\t\t<svg xmlns=\"http:\/\/www.w3.org\/2000\/svg\" width=\"12\" height=\"12\" fill=\"none\" viewBox=\"0 0 12 12\">\n\t\t\t\t<path fill=\"#fff\" d=\"M2 0a2 2 0 0 0-2 2v2h1.5V2a.5.5 0 0 1 .5-.5h2V0H2Zm2 10.5H2a.5.5 0 0 1-.5-.5V8H0v2a2 2 0 0 0 2 2h2v-1.5ZM8 12v-1.5h2a.5.5 0 0 0 .5-.5V8H12v2a2 2 0 0 1-2 2H8Zm2-12a2 2 0 0 1 2 2v2h-1.5V2a.5.5 0 0 0-.5-.5H8V0h2Z\" \/>\n\t\t\t<\/svg>\n\t\t<\/button><figcaption class=\"wp-element-caption\">Foto: Hotel Gilbert \/ site oficial<\/figcaption><\/figure>\n\n\n\n<h3 class=\"wp-block-heading\"><span class=\"ez-toc-section\" id=\"17_Hotel_Gilbert\"><\/span>17. Hotel Gilbert<span class=\"ez-toc-section-end\"><\/span><\/h3>\n\n\n\n<p class=\"wp-block-paragraph\">Este hotel moderno e visualmente bem fresco, perto do cultural MuseumsQuartier, pode se orgulhar da nota <strong>4,5 de 1.073 resenhas<\/strong>. Sua principal marca registrada e atra\u00e7\u00e3o \u00e9 a enorme quantidade de plantas vivas, que decoram fartamente o exterior e todos os espa\u00e7os internos. Todo o conceito \u00e9 firmemente baseado na sustentabilidade e na liga\u00e7\u00e3o com a natureza.<\/p>\n\n\n\n<figure data-wp-context=\"{&quot;galleryId&quot;:&quot;6a9c314c7eb36&quot;}\" data-wp-interactive=\"core\/gallery\" class=\"wp-block-gallery has-nested-images columns-2 is-cropped wp-block-gallery-is-layout-flex wp-block-gallery-10 is-layout-flex\">\n\n<figure data-wp-context=\"{&quot;imageId&quot;:&quot;6a9c314c7ef01&quot;}\" data-wp-interactive=\"core\/image\" data-wp-key=\"6a9c314c7ef01\" class=\"wp-block-image size-large wp-lightbox-container\"><img decoding=\"async\" width=\"1800\" height=\"937\" data-wp-class--hide=\"state.isContentHidden\" data-wp-class--show=\"state.isContentVisible\" data-wp-init=\"callbacks.setButtonStyles\" data-wp-on--click=\"actions.showLightbox\" data-wp-on--load=\"callbacks.setButtonStyles\" data-wp-on--pointerdown=\"actions.preloadImage\" data-wp-on--pointerenter=\"actions.preloadImageWithDelay\" data-wp-on--pointerleave=\"actions.cancelPreload\" data-wp-on-window--resize=\"callbacks.setButtonStyles\" data-id=\"407041\" src=\"https:\/\/loudavymkrokem.cz\/wp-content\/uploads\/2026\/08\/hotel-gilbert-4.jpg\" alt=\"Interior do Hotel Gilbert\" class=\"wp-image-407041\" title=\"\" srcset=\"https:\/\/loudavymkrokem.cz\/wp-content\/uploads\/2026\/08\/hotel-gilbert-4.jpg 1800w, https:\/\/loudavymkrokem.cz\/wp-content\/uploads\/2026\/08\/hotel-gilbert-4-300x156.jpg 300w, https:\/\/loudavymkrokem.cz\/wp-content\/uploads\/2026\/08\/hotel-gilbert-4-700x364.jpg 700w, https:\/\/loudavymkrokem.cz\/wp-content\/uploads\/2026\/08\/hotel-gilbert-4-768x400.jpg 768w, https:\/\/loudavymkrokem.cz\/wp-content\/uploads\/2026\/08\/hotel-gilbert-4-1536x800.jpg 1536w, https:\/\/loudavymkrokem.cz\/wp-content\/uploads\/2026\/08\/hotel-gilbert-4-696x362.jpg 696w, https:\/\/loudavymkrokem.cz\/wp-content\/uploads\/2026\/08\/hotel-gilbert-4-1392x725.jpg 1392w\" sizes=\"(max-width: 1800px) 100vw, 1800px\" \/><button\n\t\t\tclass=\"lightbox-trigger\"\n\t\t\ttype=\"button\"\n\t\t\taria-haspopup=\"dialog\"\n\t\t\tdata-wp-bind--aria-label=\"state.thisImage.triggerButtonAriaLabel\"\n\t\t\tdata-wp-init=\"callbacks.initTriggerButton\"\n\t\t\tdata-wp-on--click=\"actions.showLightbox\"\n\t\t\tdata-wp-style--right=\"state.thisImage.buttonRight\"\n\t\t\tdata-wp-style--top=\"state.thisImage.buttonTop\"\n\t\t>\n\t\t\t<svg xmlns=\"http:\/\/www.w3.org\/2000\/svg\" width=\"12\" height=\"12\" fill=\"none\" viewBox=\"0 0 12 12\">\n\t\t\t\t<path fill=\"#fff\" d=\"M2 0a2 2 0 0 0-2 2v2h1.5V2a.5.5 0 0 1 .5-.5h2V0H2Zm2 10.5H2a.5.5 0 0 1-.5-.5V8H0v2a2 2 0 0 0 2 2h2v-1.5ZM8 12v-1.5h2a.5.5 0 0 0 .5-.5V8H12v2a2 2 0 0 1-2 2H8Zm2-12a2 2 0 0 1 2 2v2h-1.5V2a.5.5 0 0 0-.5-.5H8V0h2Z\" \/>\n\t\t\t<\/svg>\n\t\t<\/button><figcaption class=\"wp-element-caption\">Foto: Hotel Gilbert \/ site oficial<\/figcaption><\/figure>\n\n<\/figure>\n\n\n\n<p class=\"wp-block-paragraph\">Nas numerosas avalia\u00e7\u00f5es, os h\u00f3spedes elogiam os quartos decorados de forma moderna e funcional, num estilo escandinavo limpo. <strong>O \u00f3timo caf\u00e9 do t\u00e9rreo serve como um excelente lugar para come\u00e7ar bem o novo dia<\/strong> e oferece um \u00f3timo caf\u00e9 especial.<\/p>\n\n\n\n<p class=\"wp-block-paragraph\">Um enorme elogio tamb\u00e9m vai para <strong>a equipe muito amig\u00e1vel e jovem, que ajuda a criar um clima descontra\u00eddo e absolutamente informal<\/strong> durante toda a estadia. Ningu\u00e9m aqui se leva a s\u00e9rio demais e a atmosfera \u00e9 maravilhosamente relaxada.<\/p>\n\n\n\n<p class=\"wp-block-paragraph\">\ud83d\udca1 Dica: este hotel verde \u00e9 feito sob medida para todos os que amam de verdade <strong>o design minimalista e limpo, o verde vivo e querem ficar num bairro moderno cheio de \u00f3timos estabelecimentos<\/strong>, sem precisar pagar os pre\u00e7os premium do primeiro bairro. <em><a href=\"https:\/\/www.stay22.com\/allez\/roam?aid=lukaskonecny&#038;campaign=loudavymkrokemcz&#038;campaign=kde-bydlet-ve-vidni&#038;hotelname=Hotel%20Gilbert&#038;address=V%C3%ADde%C5%88%2C%20Rakousko\" target=\"_blank\" rel=\"nofollow noopener sponsored\">verificar pre\u00e7os e disponibilidade<\/a><\/em><\/p>\n\n\n\n<figure data-wp-context=\"{&quot;imageId&quot;:&quot;6a9c314c7f665&quot;}\" data-wp-interactive=\"core\/image\" data-wp-key=\"6a9c314c7f665\" class=\"wp-block-image size-full wp-lightbox-container\"><img decoding=\"async\" width=\"1650\" height=\"1000\" data-wp-class--hide=\"state.isContentHidden\" data-wp-class--show=\"state.isContentVisible\" data-wp-init=\"callbacks.setButtonStyles\" data-wp-on--click=\"actions.showLightbox\" data-wp-on--load=\"callbacks.setButtonStyles\" data-wp-on--pointerdown=\"actions.preloadImage\" data-wp-on--pointerenter=\"actions.preloadImageWithDelay\" data-wp-on--pointerleave=\"actions.cancelPreload\" data-wp-on-window--resize=\"callbacks.setButtonStyles\" src=\"https:\/\/loudavymkrokem.cz\/wp-content\/uploads\/2026\/08\/hotel-schani-1.jpg\" alt=\"Lobby do Hotel Schani junto \u00e0 Esta\u00e7\u00e3o Central\" class=\"wp-image-407035\" title=\"\" srcset=\"https:\/\/loudavymkrokem.cz\/wp-content\/uploads\/2026\/08\/hotel-schani-1.jpg 1650w, https:\/\/loudavymkrokem.cz\/wp-content\/uploads\/2026\/08\/hotel-schani-1-300x182.jpg 300w, https:\/\/loudavymkrokem.cz\/wp-content\/uploads\/2026\/08\/hotel-schani-1-700x424.jpg 700w, https:\/\/loudavymkrokem.cz\/wp-content\/uploads\/2026\/08\/hotel-schani-1-768x465.jpg 768w, https:\/\/loudavymkrokem.cz\/wp-content\/uploads\/2026\/08\/hotel-schani-1-1536x931.jpg 1536w, https:\/\/loudavymkrokem.cz\/wp-content\/uploads\/2026\/08\/hotel-schani-1-696x422.jpg 696w, https:\/\/loudavymkrokem.cz\/wp-content\/uploads\/2026\/08\/hotel-schani-1-1392x844.jpg 1392w\" sizes=\"(max-width: 1650px) 100vw, 1650px\" \/><button\n\t\t\tclass=\"lightbox-trigger\"\n\t\t\ttype=\"button\"\n\t\t\taria-haspopup=\"dialog\"\n\t\t\tdata-wp-bind--aria-label=\"state.thisImage.triggerButtonAriaLabel\"\n\t\t\tdata-wp-init=\"callbacks.initTriggerButton\"\n\t\t\tdata-wp-on--click=\"actions.showLightbox\"\n\t\t\tdata-wp-style--right=\"state.thisImage.buttonRight\"\n\t\t\tdata-wp-style--top=\"state.thisImage.buttonTop\"\n\t\t>\n\t\t\t<svg xmlns=\"http:\/\/www.w3.org\/2000\/svg\" width=\"12\" height=\"12\" fill=\"none\" viewBox=\"0 0 12 12\">\n\t\t\t\t<path fill=\"#fff\" d=\"M2 0a2 2 0 0 0-2 2v2h1.5V2a.5.5 0 0 1 .5-.5h2V0H2Zm2 10.5H2a.5.5 0 0 1-.5-.5V8H0v2a2 2 0 0 0 2 2h2v-1.5ZM8 12v-1.5h2a.5.5 0 0 0 .5-.5V8H12v2a2 2 0 0 1-2 2H8Zm2-12a2 2 0 0 1 2 2v2h-1.5V2a.5.5 0 0 0-.5-.5H8V0h2Z\" \/>\n\t\t\t<\/svg>\n\t\t<\/button><figcaption class=\"wp-element-caption\">Foto: Hotel Schani \/ site oficial<\/figcaption><\/figure>\n\n\n\n<h3 class=\"wp-block-heading\"><span class=\"ez-toc-section\" id=\"18_Hotel_Schani\"><\/span>18. Hotel Schani<span class=\"ez-toc-section-end\"><\/span><\/h3>\n\n\n\n<p class=\"wp-block-paragraph\">Se voc\u00ea chega a Viena confortavelmente de trem, este hotel inteligente, com a nota <strong>4,5 de 1.690 resenhas<\/strong>, fica bem junto \u00e0 Esta\u00e7\u00e3o Central (Hauptbahnhof) e representa uma hospedagem tecnologicamente bem avan\u00e7ada. Todo o demorado processo, do check-in inicial at\u00e9 destravar o quarto, voc\u00ea resolve inteiramente pelo aplicativo no seu celular.<\/p>\n\n\n\n<p class=\"wp-block-paragraph\">Nas resenhas, os viajantes valorizam muito <strong>as zonas de trabalho bem pensadas e confort\u00e1veis no amplo lobby<\/strong>, que fazem do hotel um \u00f3timo lugar para n\u00f4mades digitais. Os quartos modernos s\u00e3o menores, mas em compensa\u00e7\u00e3o perfeitamente e muito logicamente organizados.<\/p>\n\n\n\n<p class=\"wp-block-paragraph\">Uma enorme vantagem \u00e9, claro, <strong>a \u00f3tima acessibilidade de transporte<\/strong>, porque a esta\u00e7\u00e3o ao lado \u00e9 ao mesmo tempo o principal n\u00f3 de metr\u00f4 e bondes. Desse ponto de partida, voc\u00ea chega em um instante literalmente a qualquer lugar da cidade.<\/p>\n\n\n\n<p class=\"wp-block-paragraph\">\ud83d\udca1 Dica: recomendo com certeza experimentar este hotel para <strong>viagens de trabalho ou estadias curtas de fim de semana, quando voc\u00ea viaja de trem<\/strong> e n\u00e3o quer perder tempo precioso com deslocamentos de malas pesadas pela cidade toda. A esta\u00e7\u00e3o fica bem em frente e voc\u00ea pode se hospedar logo depois da chegada e sair para descobrir as belezas da capital austr\u00edaca. <em><a href=\"https:\/\/www.stay22.com\/allez\/roam?aid=lukaskonecny&#038;campaign=loudavymkrokemcz&#038;campaign=kde-bydlet-ve-vidni&#038;hotelname=Hotel%20Schani&#038;address=V%C3%ADde%C5%88%2C%20Rakousko\" target=\"_blank\" rel=\"nofollow noopener sponsored\">verificar pre\u00e7os e disponibilidade<\/a><\/em><\/p>\n\n\n\n<figure data-wp-context=\"{&quot;imageId&quot;:&quot;6a9c314c7fd4c&quot;}\" data-wp-interactive=\"core\/image\" data-wp-key=\"6a9c314c7fd4c\" class=\"wp-block-image size-full wp-lightbox-container\"><img decoding=\"async\" width=\"1600\" height=\"1067\" data-wp-class--hide=\"state.isContentHidden\" data-wp-class--show=\"state.isContentVisible\" data-wp-init=\"callbacks.setButtonStyles\" data-wp-on--click=\"actions.showLightbox\" data-wp-on--load=\"callbacks.setButtonStyles\" data-wp-on--pointerdown=\"actions.preloadImage\" data-wp-on--pointerenter=\"actions.preloadImageWithDelay\" data-wp-on--pointerleave=\"actions.cancelPreload\" data-wp-on-window--resize=\"callbacks.setButtonStyles\" src=\"https:\/\/loudavymkrokem.cz\/wp-content\/uploads\/2026\/08\/ruby-marie-hotel-u-mariahilfer-stra-e.jpg\" alt=\"Ruby Marie Hotel junto \u00e0 Mariahilfer Stra\u00dfe\" class=\"wp-image-407134\" title=\"\" srcset=\"https:\/\/loudavymkrokem.cz\/wp-content\/uploads\/2026\/08\/ruby-marie-hotel-u-mariahilfer-stra-e.jpg 1600w, https:\/\/loudavymkrokem.cz\/wp-content\/uploads\/2026\/08\/ruby-marie-hotel-u-mariahilfer-stra-e-300x200.jpg 300w, https:\/\/loudavymkrokem.cz\/wp-content\/uploads\/2026\/08\/ruby-marie-hotel-u-mariahilfer-stra-e-700x467.jpg 700w, https:\/\/loudavymkrokem.cz\/wp-content\/uploads\/2026\/08\/ruby-marie-hotel-u-mariahilfer-stra-e-768x512.jpg 768w, https:\/\/loudavymkrokem.cz\/wp-content\/uploads\/2026\/08\/ruby-marie-hotel-u-mariahilfer-stra-e-1536x1024.jpg 1536w, https:\/\/loudavymkrokem.cz\/wp-content\/uploads\/2026\/08\/ruby-marie-hotel-u-mariahilfer-stra-e-696x464.jpg 696w, https:\/\/loudavymkrokem.cz\/wp-content\/uploads\/2026\/08\/ruby-marie-hotel-u-mariahilfer-stra-e-1392x928.jpg 1392w\" sizes=\"(max-width: 1600px) 100vw, 1600px\" \/><button\n\t\t\tclass=\"lightbox-trigger\"\n\t\t\ttype=\"button\"\n\t\t\taria-haspopup=\"dialog\"\n\t\t\tdata-wp-bind--aria-label=\"state.thisImage.triggerButtonAriaLabel\"\n\t\t\tdata-wp-init=\"callbacks.initTriggerButton\"\n\t\t\tdata-wp-on--click=\"actions.showLightbox\"\n\t\t\tdata-wp-style--right=\"state.thisImage.buttonRight\"\n\t\t\tdata-wp-style--top=\"state.thisImage.buttonTop\"\n\t\t>\n\t\t\t<svg xmlns=\"http:\/\/www.w3.org\/2000\/svg\" width=\"12\" height=\"12\" fill=\"none\" viewBox=\"0 0 12 12\">\n\t\t\t\t<path fill=\"#fff\" d=\"M2 0a2 2 0 0 0-2 2v2h1.5V2a.5.5 0 0 1 .5-.5h2V0H2Zm2 10.5H2a.5.5 0 0 1-.5-.5V8H0v2a2 2 0 0 0 2 2h2v-1.5ZM8 12v-1.5h2a.5.5 0 0 0 .5-.5V8H12v2a2 2 0 0 1-2 2H8Zm2-12a2 2 0 0 1 2 2v2h-1.5V2a.5.5 0 0 0-.5-.5H8V0h2Z\" \/>\n\t\t\t<\/svg>\n\t\t<\/button><figcaption class=\"wp-element-caption\">Foto: Ruby Marie Hotel Vienna by IHG \/ Google Maps<\/figcaption><\/figure>\n\n\n\n<h3 class=\"wp-block-heading\"><span class=\"ez-toc-section\" id=\"19_Ruby_Marie_Hotel_Vienna\"><\/span>19. Ruby Marie Hotel Vienna<span class=\"ez-toc-section-end\"><\/span><\/h3>\n\n\n\n<p class=\"wp-block-paragraph\">Este hotel enorme e imensamente popular fica bem na famosa rua comercial Mariahilfer Stra\u00dfe e tem uma nota absolutamente \u00f3tima, <strong>4,6 de 3.579 resenhas<\/strong>. Todo o conceito da bem-sucedida marca Ruby se baseia na interessante ideia do chamado &#8220;lean luxury&#8221;. Na pr\u00e1tica, isso significa que voc\u00ea paga por uma cama fant\u00e1stica e confort\u00e1vel, um chuveiro forte e uma \u00f3tima localiza\u00e7\u00e3o, mas n\u00e3o paga por servi\u00e7os de hotel desnecess\u00e1rios que n\u00e3o vai usar de qualquer jeito.<\/p>\n\n\n\n<p class=\"wp-block-paragraph\">Nas muitas resenhas dispon\u00edveis fica claro o enorme entusiasmo com <strong>o lindo terra\u00e7o na cobertura e o estiloso bar de funcionamento 24 horas<\/strong>. Esse bar n\u00e3o serve s\u00f3 para o caf\u00e9 da manh\u00e3, mas funciona como um lugar absolutamente \u00f3timo para uma noite descontra\u00edda com um coquetel na m\u00e3o. Os quartos modernos s\u00e3o de \u00e1rea menor, mas em compensa\u00e7\u00e3o resolvidos de forma bem inteligente e pr\u00e1tica.<\/p>\n\n\n\n<p class=\"wp-block-paragraph\">Gra\u00e7as \u00e0 sua localiza\u00e7\u00e3o no sexto bairro, Mariahilf, voc\u00ea tem as melhores lojas literalmente logo \u00e0 porta. <strong>A esta\u00e7\u00e3o de metr\u00f4 fica a poucos passos da recep\u00e7\u00e3o<\/strong>, ent\u00e3o, depois de um dia cansativo cheio de compras, voc\u00ea n\u00e3o precisa carregar as sacolas longe.<\/p>\n\n\n\n<p class=\"wp-block-paragraph\">\ud83d\udca1 Dica: esta \u00e9 a base perfeita e estrat\u00e9gica para <strong>amantes empolgados de compras e casais mais jovens<\/strong> que querem ficar num ambiente moderno e bem movimentado, com \u00f3tima proximidade de tudo o que acontece \u00e0 noite. <em><a href=\"https:\/\/www.stay22.com\/allez\/roam?aid=lukaskonecny&#038;campaign=loudavymkrokemcz&#038;campaign=kde-bydlet-ve-vidni&#038;hotelname=Ruby%20Marie%20Hotel%20Vienna&#038;address=V%C3%ADde%C5%88%2C%20Rakousko\" target=\"_blank\" rel=\"nofollow noopener sponsored\">verificar pre\u00e7os e disponibilidade<\/a><\/em><\/p>\n\n\n\n<figure data-wp-context=\"{&quot;imageId&quot;:&quot;6a9c314c80438&quot;}\" data-wp-interactive=\"core\/image\" data-wp-key=\"6a9c314c80438\" class=\"wp-block-image size-full wp-lightbox-container\"><img decoding=\"async\" width=\"1800\" height=\"945\" data-wp-class--hide=\"state.isContentHidden\" data-wp-class--show=\"state.isContentVisible\" data-wp-init=\"callbacks.setButtonStyles\" data-wp-on--click=\"actions.showLightbox\" data-wp-on--load=\"callbacks.setButtonStyles\" data-wp-on--pointerdown=\"actions.preloadImage\" data-wp-on--pointerenter=\"actions.preloadImageWithDelay\" data-wp-on--pointerleave=\"actions.cancelPreload\" data-wp-on-window--resize=\"callbacks.setButtonStyles\" src=\"https:\/\/loudavymkrokem.cz\/wp-content\/uploads\/2026\/08\/hotel-josefshof-am-rathaus-1.jpg\" alt=\"Hotel Josefshof am Rathaus em Josefstadt\" class=\"wp-image-407032\" title=\"\" srcset=\"https:\/\/loudavymkrokem.cz\/wp-content\/uploads\/2026\/08\/hotel-josefshof-am-rathaus-1.jpg 1800w, https:\/\/loudavymkrokem.cz\/wp-content\/uploads\/2026\/08\/hotel-josefshof-am-rathaus-1-300x158.jpg 300w, https:\/\/loudavymkrokem.cz\/wp-content\/uploads\/2026\/08\/hotel-josefshof-am-rathaus-1-700x368.jpg 700w, https:\/\/loudavymkrokem.cz\/wp-content\/uploads\/2026\/08\/hotel-josefshof-am-rathaus-1-768x403.jpg 768w, https:\/\/loudavymkrokem.cz\/wp-content\/uploads\/2026\/08\/hotel-josefshof-am-rathaus-1-1536x806.jpg 1536w, https:\/\/loudavymkrokem.cz\/wp-content\/uploads\/2026\/08\/hotel-josefshof-am-rathaus-1-696x365.jpg 696w, https:\/\/loudavymkrokem.cz\/wp-content\/uploads\/2026\/08\/hotel-josefshof-am-rathaus-1-1392x731.jpg 1392w\" sizes=\"(max-width: 1800px) 100vw, 1800px\" \/><button\n\t\t\tclass=\"lightbox-trigger\"\n\t\t\ttype=\"button\"\n\t\t\taria-haspopup=\"dialog\"\n\t\t\tdata-wp-bind--aria-label=\"state.thisImage.triggerButtonAriaLabel\"\n\t\t\tdata-wp-init=\"callbacks.initTriggerButton\"\n\t\t\tdata-wp-on--click=\"actions.showLightbox\"\n\t\t\tdata-wp-style--right=\"state.thisImage.buttonRight\"\n\t\t\tdata-wp-style--top=\"state.thisImage.buttonTop\"\n\t\t>\n\t\t\t<svg xmlns=\"http:\/\/www.w3.org\/2000\/svg\" width=\"12\" height=\"12\" fill=\"none\" viewBox=\"0 0 12 12\">\n\t\t\t\t<path fill=\"#fff\" d=\"M2 0a2 2 0 0 0-2 2v2h1.5V2a.5.5 0 0 1 .5-.5h2V0H2Zm2 10.5H2a.5.5 0 0 1-.5-.5V8H0v2a2 2 0 0 0 2 2h2v-1.5ZM8 12v-1.5h2a.5.5 0 0 0 .5-.5V8H12v2a2 2 0 0 1-2 2H8Zm2-12a2 2 0 0 1 2 2v2h-1.5V2a.5.5 0 0 0-.5-.5H8V0h2Z\" \/>\n\t\t\t<\/svg>\n\t\t<\/button><figcaption class=\"wp-element-caption\">Foto: Hotel Josefshof am Rathaus \/ site oficial<\/figcaption><\/figure>\n\n\n\n<h3 class=\"wp-block-heading\"><span class=\"ez-toc-section\" id=\"20_Hotel_Josefshof_am_Rathaus\"><\/span>20. Hotel Josefshof am Rathaus<span class=\"ez-toc-section-end\"><\/span><\/h3>\n\n\n\n<p class=\"wp-block-paragraph\">No belo e incrivelmente tranquilo oitavo bairro, Josefstadt, fica este hotel bem tradicional, com a nota <strong>4,5 de 2.310 resenhas<\/strong>. O amplo pr\u00e9dio oferece lindos quartos decorados no estilo da cl\u00e1ssica eleg\u00e2ncia hist\u00f3rica vienense ou num design Art Nouveau bem fresco e moderno. Da majestosa prefeitura e do famoso teatro Burgtheater voc\u00ea fica a apenas alguns minutos de uma caminhada bem agrad\u00e1vel por ruas silenciosas.<\/p>\n\n\n\n<p class=\"wp-block-paragraph\">Nas resenhas, os visitantes elogiam acima de tudo <strong>o lindo e perfeitamente silencioso p\u00e1tio interno, onde no ver\u00e3o se serve regularmente o caf\u00e9 da manh\u00e3<\/strong>. Outro enorme benef\u00edcio \u00e9 o hor\u00e1rio bem generoso do excelente buf\u00ea de caf\u00e9 da manh\u00e3, que funciona aqui at\u00e9 meio-dia, o que certamente vai agradar a todos os dorminhocos cansados.<\/p>\n\n\n\n<p class=\"wp-block-paragraph\">Esse bairro \u00e9 conhecido por seus pequenos caf\u00e9s independentes e por um ritmo de vida bem lento no geral. <strong>A equipe do hotel \u00e9 famosa por sua tradicional hospitalidade austr\u00edaca<\/strong> e sempre aconselha de bom grado na escolha de um lugar local e tranquilo para uma boa ta\u00e7a \u00e0 noite.<\/p>\n\n\n\n<p class=\"wp-block-paragraph\">\ud83d\udca1 Dica: hospede-se aqui sem hesitar se voc\u00ea procura <strong>tranquilidade absoluta num belo bairro residencial, mas ainda assim quer ter o centro da cidade sempre ao alcance da m\u00e3o<\/strong>. O oitavo bairro \u00e9 para isso absolutamente perfeito e bem aut\u00eantico. <em><a href=\"https:\/\/www.stay22.com\/allez\/roam?aid=lukaskonecny&#038;campaign=loudavymkrokemcz&#038;campaign=kde-bydlet-ve-vidni&#038;hotelname=Hotel%20Josefshof%20am%20Rathaus&#038;address=V%C3%ADde%C5%88%2C%20Rakousko\" target=\"_blank\" rel=\"nofollow noopener sponsored\">verificar pre\u00e7os e disponibilidade<\/a><\/em><\/p>\n\n\n\n<figure data-wp-context=\"{&quot;imageId&quot;:&quot;6a9c314c80b4a&quot;}\" data-wp-interactive=\"core\/image\" data-wp-key=\"6a9c314c80b4a\" class=\"wp-block-image size-full wp-lightbox-container\"><img decoding=\"async\" width=\"1600\" height=\"900\" data-wp-class--hide=\"state.isContentHidden\" data-wp-class--show=\"state.isContentVisible\" data-wp-init=\"callbacks.setButtonStyles\" data-wp-on--click=\"actions.showLightbox\" data-wp-on--load=\"callbacks.setButtonStyles\" data-wp-on--pointerdown=\"actions.preloadImage\" data-wp-on--pointerenter=\"actions.preloadImageWithDelay\" data-wp-on--pointerleave=\"actions.cancelPreload\" data-wp-on-window--resize=\"callbacks.setButtonStyles\" src=\"https:\/\/loudavymkrokem.cz\/wp-content\/uploads\/2026\/08\/hotel-rathauspark-u-v-de-sk-radnice.jpg\" alt=\"Hotel Rathauspark junto \u00e0 prefeitura de Viena\" class=\"wp-image-407130\" title=\"\" srcset=\"https:\/\/loudavymkrokem.cz\/wp-content\/uploads\/2026\/08\/hotel-rathauspark-u-v-de-sk-radnice.jpg 1600w, https:\/\/loudavymkrokem.cz\/wp-content\/uploads\/2026\/08\/hotel-rathauspark-u-v-de-sk-radnice-300x169.jpg 300w, https:\/\/loudavymkrokem.cz\/wp-content\/uploads\/2026\/08\/hotel-rathauspark-u-v-de-sk-radnice-700x394.jpg 700w, https:\/\/loudavymkrokem.cz\/wp-content\/uploads\/2026\/08\/hotel-rathauspark-u-v-de-sk-radnice-768x432.jpg 768w, https:\/\/loudavymkrokem.cz\/wp-content\/uploads\/2026\/08\/hotel-rathauspark-u-v-de-sk-radnice-1536x864.jpg 1536w, https:\/\/loudavymkrokem.cz\/wp-content\/uploads\/2026\/08\/hotel-rathauspark-u-v-de-sk-radnice-696x392.jpg 696w, https:\/\/loudavymkrokem.cz\/wp-content\/uploads\/2026\/08\/hotel-rathauspark-u-v-de-sk-radnice-1392x783.jpg 1392w\" sizes=\"(max-width: 1600px) 100vw, 1600px\" \/><button\n\t\t\tclass=\"lightbox-trigger\"\n\t\t\ttype=\"button\"\n\t\t\taria-haspopup=\"dialog\"\n\t\t\tdata-wp-bind--aria-label=\"state.thisImage.triggerButtonAriaLabel\"\n\t\t\tdata-wp-init=\"callbacks.initTriggerButton\"\n\t\t\tdata-wp-on--click=\"actions.showLightbox\"\n\t\t\tdata-wp-style--right=\"state.thisImage.buttonRight\"\n\t\t\tdata-wp-style--top=\"state.thisImage.buttonTop\"\n\t\t>\n\t\t\t<svg xmlns=\"http:\/\/www.w3.org\/2000\/svg\" width=\"12\" height=\"12\" fill=\"none\" viewBox=\"0 0 12 12\">\n\t\t\t\t<path fill=\"#fff\" d=\"M2 0a2 2 0 0 0-2 2v2h1.5V2a.5.5 0 0 1 .5-.5h2V0H2Zm2 10.5H2a.5.5 0 0 1-.5-.5V8H0v2a2 2 0 0 0 2 2h2v-1.5ZM8 12v-1.5h2a.5.5 0 0 0 .5-.5V8H12v2a2 2 0 0 1-2 2H8Zm2-12a2 2 0 0 1 2 2v2h-1.5V2a.5.5 0 0 0-.5-.5H8V0h2Z\" \/>\n\t\t\t<\/svg>\n\t\t<\/button><figcaption class=\"wp-element-caption\">Foto: Hotel Rathauspark Wien &#8211; Handwritten Collection \/ Google Maps<\/figcaption><\/figure>\n\n\n\n<h3 class=\"wp-block-heading\"><span class=\"ez-toc-section\" id=\"21_Hotel_Rathauspark_Wien_%E2%80%94_Handwritten_Collection\"><\/span>21. Hotel Rathauspark Wien \u2014 Handwritten Collection<span class=\"ez-toc-section-end\"><\/span><\/h3>\n\n\n\n<p class=\"wp-block-paragraph\">Este hotel de classe m\u00e9dia bem agrad\u00e1vel e confi\u00e1vel, com a linda nota <strong>4,4 de 1.300 resenhas<\/strong>, fica num pal\u00e1cio burgu\u00eas do s\u00e9culo XIX cuidadosamente reformado. Voc\u00ea o encontra a um pequeno trecho da majestosa prefeitura e do pr\u00e9dio principal da universidade de Viena. Todos os quartos combinam com bom gosto elementos hist\u00f3ricos originais e um design absolutamente moderno e limpo.<\/p>\n\n\n\n<p class=\"wp-block-paragraph\">Segundo muitas resenhas independentes de h\u00f3spedes, a maior qualidade deste hotel \u00e9 <strong>a \u00f3tima rela\u00e7\u00e3o de pre\u00e7o e qualidade, os quartos bem espa\u00e7osos e a atmosfera surpreendentemente tranquila<\/strong>. Essa tranquilidade fica num contraste marcante e bem agrad\u00e1vel com o burburinho constante do centro hist\u00f3rico ao lado, para onde as pessoas v\u00e3o durante o dia admirar os monumentos.<\/p>\n\n\n\n<p class=\"wp-block-paragraph\">Gra\u00e7as \u00e0 proximidade do campus universit\u00e1rio, voc\u00ea encontra nas ruas ao redor muitos bistr\u00f4s e caf\u00e9s \u00f3timos e acess\u00edveis, aonde os estudantes locais gostam de ir. <strong>A conex\u00e3o de bonde aqui \u00e9 absolutamente exemplar<\/strong>, ent\u00e3o voc\u00ea chega com facilidade a qualquer atra\u00e7\u00e3o mais distante.<\/p>\n\n\n\n<p class=\"wp-block-paragraph\">\ud83d\udca1 Dica: escolha este hotel comprovado se voc\u00ea simplesmente procura <strong>uma hospedagem s\u00f3lida e altamente confi\u00e1vel num belo pr\u00e9dio hist\u00f3rico<\/strong>, do qual voc\u00ea chega bem confortavelmente a p\u00e9 aos principais museus e monumentos do famoso Ring. <em><a href=\"https:\/\/www.stay22.com\/allez\/roam?aid=lukaskonecny&#038;campaign=loudavymkrokemcz&#038;campaign=kde-bydlet-ve-vidni&#038;hotelname=Hotel%20Rathauspark%20Wien&#038;address=V%C3%ADde%C5%88%2C%20Rakousko\" target=\"_blank\" rel=\"nofollow noopener sponsored\">verificar pre\u00e7os e disponibilidade<\/a><\/em><\/p>\n\n\n\n<figure data-wp-context=\"{&quot;imageId&quot;:&quot;6a9c314c8135b&quot;}\" data-wp-interactive=\"core\/image\" data-wp-key=\"6a9c314c8135b\" class=\"wp-block-image size-full wp-lightbox-container\"><img decoding=\"async\" width=\"1600\" height=\"900\" data-wp-class--hide=\"state.isContentHidden\" data-wp-class--show=\"state.isContentVisible\" data-wp-init=\"callbacks.setButtonStyles\" data-wp-on--click=\"actions.showLightbox\" data-wp-on--load=\"callbacks.setButtonStyles\" data-wp-on--pointerdown=\"actions.preloadImage\" data-wp-on--pointerenter=\"actions.preloadImageWithDelay\" data-wp-on--pointerleave=\"actions.cancelPreload\" data-wp-on-window--resize=\"callbacks.setButtonStyles\" src=\"https:\/\/loudavymkrokem.cz\/wp-content\/uploads\/2026\/08\/ruby-lissi-hotel-pobl-stephansdomu.jpg\" alt=\"Ruby Lissi Hotel perto do Stephansdom\" class=\"wp-image-407127\" title=\"\" srcset=\"https:\/\/loudavymkrokem.cz\/wp-content\/uploads\/2026\/08\/ruby-lissi-hotel-pobl-stephansdomu.jpg 1600w, https:\/\/loudavymkrokem.cz\/wp-content\/uploads\/2026\/08\/ruby-lissi-hotel-pobl-stephansdomu-300x169.jpg 300w, https:\/\/loudavymkrokem.cz\/wp-content\/uploads\/2026\/08\/ruby-lissi-hotel-pobl-stephansdomu-700x394.jpg 700w, https:\/\/loudavymkrokem.cz\/wp-content\/uploads\/2026\/08\/ruby-lissi-hotel-pobl-stephansdomu-768x432.jpg 768w, https:\/\/loudavymkrokem.cz\/wp-content\/uploads\/2026\/08\/ruby-lissi-hotel-pobl-stephansdomu-1536x864.jpg 1536w, https:\/\/loudavymkrokem.cz\/wp-content\/uploads\/2026\/08\/ruby-lissi-hotel-pobl-stephansdomu-696x392.jpg 696w, https:\/\/loudavymkrokem.cz\/wp-content\/uploads\/2026\/08\/ruby-lissi-hotel-pobl-stephansdomu-1392x783.jpg 1392w\" sizes=\"(max-width: 1600px) 100vw, 1600px\" \/><button\n\t\t\tclass=\"lightbox-trigger\"\n\t\t\ttype=\"button\"\n\t\t\taria-haspopup=\"dialog\"\n\t\t\tdata-wp-bind--aria-label=\"state.thisImage.triggerButtonAriaLabel\"\n\t\t\tdata-wp-init=\"callbacks.initTriggerButton\"\n\t\t\tdata-wp-on--click=\"actions.showLightbox\"\n\t\t\tdata-wp-style--right=\"state.thisImage.buttonRight\"\n\t\t\tdata-wp-style--top=\"state.thisImage.buttonTop\"\n\t\t>\n\t\t\t<svg xmlns=\"http:\/\/www.w3.org\/2000\/svg\" width=\"12\" height=\"12\" fill=\"none\" viewBox=\"0 0 12 12\">\n\t\t\t\t<path fill=\"#fff\" d=\"M2 0a2 2 0 0 0-2 2v2h1.5V2a.5.5 0 0 1 .5-.5h2V0H2Zm2 10.5H2a.5.5 0 0 1-.5-.5V8H0v2a2 2 0 0 0 2 2h2v-1.5ZM8 12v-1.5h2a.5.5 0 0 0 .5-.5V8H12v2a2 2 0 0 1-2 2H8Zm2-12a2 2 0 0 1 2 2v2h-1.5V2a.5.5 0 0 0-.5-.5H8V0h2Z\" \/>\n\t\t\t<\/svg>\n\t\t<\/button><figcaption class=\"wp-element-caption\">Foto: Ruby Lissi Hotel Vienna by IHG \/ Google Maps<\/figcaption><\/figure>\n\n\n\n<h3 class=\"wp-block-heading\"><span class=\"ez-toc-section\" id=\"22_Ruby_Lissi_Hotel_Vienna\"><\/span>22. Ruby Lissi Hotel Vienna<span class=\"ez-toc-section-end\"><\/span><\/h3>\n\n\n\n<p class=\"wp-block-paragraph\">Este outro representante do popular conceito de &#8220;lean luxury&#8221; fica bem no primeiro bairro, perto da Catedral Stephansdom, e mant\u00e9m uma nota bem s\u00f3lida de <strong>4,3 de 1.600 resenhas<\/strong>. Os interiores s\u00e3o fortemente inspirados nas viagens do s\u00e9culo XIX e na amada imperatriz Sissi, o que d\u00e1 ao hotel um car\u00e1ter bem particular e inesquec\u00edvel.<\/p>\n\n\n\n<p class=\"wp-block-paragraph\">H\u00f3spedes do mundo todo valorizam sobretudo <strong>a localiza\u00e7\u00e3o fant\u00e1stica e absolutamente sem concorr\u00eancia no pr\u00f3prio cora\u00e7\u00e3o hist\u00f3rico da cidade e o estiloso bar 24 horas<\/strong>, onde ainda se servem \u00f3timos caf\u00e9s da manh\u00e3 saud\u00e1veis com ingredientes org\u00e2nicos locais. Os quartos s\u00e3o decorados de forma bem funcional e inteligente, com enorme \u00eanfase na qualidade do seu sono \u00e0 noite.<\/p>\n\n\n\n<p class=\"wp-block-paragraph\">Embora alguns quartos sejam de disposi\u00e7\u00e3o menor, voc\u00ea encontra neles absolutamente tudo o que precisa, incluindo cosm\u00e9ticos excelentes e som de primeira. <strong>A combina\u00e7\u00e3o do legado hist\u00f3rico da imperatriz com tecnologias modernas<\/strong> funciona aqui, segundo as resenhas, de forma absolutamente perfeita e cria um ambiente bem divertido.<\/p>\n\n\n\n<p class=\"wp-block-paragraph\">\ud83d\udca1 Dica: se voc\u00ea quer a qualquer custo <strong>ficar bem no centro hist\u00f3rico por um pre\u00e7o razo\u00e1vel e n\u00e3o precisa de um quarto grande e espa\u00e7oso<\/strong>, este hotel oferece uma base \u00f3tima e estilosa para descobrir a cidade todos os dias. <em><a href=\"https:\/\/www.stay22.com\/allez\/roam?aid=lukaskonecny&#038;campaign=loudavymkrokemcz&#038;campaign=kde-bydlet-ve-vidni&#038;hotelname=Ruby%20Lissi%20Hotel%20Vienna&#038;address=V%C3%ADde%C5%88%2C%20Rakousko\" target=\"_blank\" rel=\"nofollow noopener sponsored\">verificar pre\u00e7os e disponibilidade<\/a><\/em><\/p>\n\n\n\n<figure data-wp-context=\"{&quot;imageId&quot;:&quot;6a9c314c81b1a&quot;}\" data-wp-interactive=\"core\/image\" data-wp-key=\"6a9c314c81b1a\" class=\"wp-block-image size-full wp-lightbox-container\"><img decoding=\"async\" width=\"1800\" height=\"1350\" data-wp-class--hide=\"state.isContentHidden\" data-wp-class--show=\"state.isContentVisible\" data-wp-init=\"callbacks.setButtonStyles\" data-wp-on--click=\"actions.showLightbox\" data-wp-on--load=\"callbacks.setButtonStyles\" data-wp-on--pointerdown=\"actions.preloadImage\" data-wp-on--pointerenter=\"actions.preloadImageWithDelay\" data-wp-on--pointerleave=\"actions.cancelPreload\" data-wp-on-window--resize=\"callbacks.setButtonStyles\" src=\"https:\/\/loudavymkrokem.cz\/wp-content\/uploads\/2026\/08\/hotel-zipser-1.jpg\" alt=\"Quarto no familiar Hotel Zipser em Josefstadt\" class=\"wp-image-407019\" title=\"\" srcset=\"https:\/\/loudavymkrokem.cz\/wp-content\/uploads\/2026\/08\/hotel-zipser-1.jpg 1800w, https:\/\/loudavymkrokem.cz\/wp-content\/uploads\/2026\/08\/hotel-zipser-1-300x225.jpg 300w, https:\/\/loudavymkrokem.cz\/wp-content\/uploads\/2026\/08\/hotel-zipser-1-700x525.jpg 700w, https:\/\/loudavymkrokem.cz\/wp-content\/uploads\/2026\/08\/hotel-zipser-1-768x576.jpg 768w, https:\/\/loudavymkrokem.cz\/wp-content\/uploads\/2026\/08\/hotel-zipser-1-1536x1152.jpg 1536w, https:\/\/loudavymkrokem.cz\/wp-content\/uploads\/2026\/08\/hotel-zipser-1-80x60.jpg 80w, https:\/\/loudavymkrokem.cz\/wp-content\/uploads\/2026\/08\/hotel-zipser-1-160x120.jpg 160w, https:\/\/loudavymkrokem.cz\/wp-content\/uploads\/2026\/08\/hotel-zipser-1-696x522.jpg 696w, https:\/\/loudavymkrokem.cz\/wp-content\/uploads\/2026\/08\/hotel-zipser-1-1392x1044.jpg 1392w\" sizes=\"(max-width: 1800px) 100vw, 1800px\" \/><button\n\t\t\tclass=\"lightbox-trigger\"\n\t\t\ttype=\"button\"\n\t\t\taria-haspopup=\"dialog\"\n\t\t\tdata-wp-bind--aria-label=\"state.thisImage.triggerButtonAriaLabel\"\n\t\t\tdata-wp-init=\"callbacks.initTriggerButton\"\n\t\t\tdata-wp-on--click=\"actions.showLightbox\"\n\t\t\tdata-wp-style--right=\"state.thisImage.buttonRight\"\n\t\t\tdata-wp-style--top=\"state.thisImage.buttonTop\"\n\t\t>\n\t\t\t<svg xmlns=\"http:\/\/www.w3.org\/2000\/svg\" width=\"12\" height=\"12\" fill=\"none\" viewBox=\"0 0 12 12\">\n\t\t\t\t<path fill=\"#fff\" d=\"M2 0a2 2 0 0 0-2 2v2h1.5V2a.5.5 0 0 1 .5-.5h2V0H2Zm2 10.5H2a.5.5 0 0 1-.5-.5V8H0v2a2 2 0 0 0 2 2h2v-1.5ZM8 12v-1.5h2a.5.5 0 0 0 .5-.5V8H12v2a2 2 0 0 1-2 2H8Zm2-12a2 2 0 0 1 2 2v2h-1.5V2a.5.5 0 0 0-.5-.5H8V0h2Z\" \/>\n\t\t\t<\/svg>\n\t\t<\/button><figcaption class=\"wp-element-caption\">Foto: Hotel Zipser \/ site oficial<\/figcaption><\/figure>\n\n\n\n<h3 class=\"wp-block-heading\"><span class=\"ez-toc-section\" id=\"23_Hotel_Zipser\"><\/span>23. Hotel Zipser<span class=\"ez-toc-section-end\"><\/span><\/h3>\n\n\n\n<p class=\"wp-block-paragraph\">Este hotel familiar, \u00e0 primeira vista bem tradicional, com a boa nota <strong>4,3 de 713 resenhas<\/strong>, voc\u00ea encontra no incrivelmente silencioso bairro de Josefstadt. H\u00e1 v\u00e1rias d\u00e9cadas ele mant\u00e9m de forma confi\u00e1vel a fama de hospedagem bem aconchegante, que no passado agradou at\u00e9 alguns famosos artistas e escritores austr\u00edacos.<\/p>\n\n\n\n<figure data-wp-context=\"{&quot;galleryId&quot;:&quot;6a9c314c81e45&quot;}\" data-wp-interactive=\"core\/gallery\" class=\"wp-block-gallery has-nested-images columns-2 is-cropped wp-block-gallery-is-layout-flex wp-block-gallery-11 is-layout-flex\">\n\n<figure data-wp-context=\"{&quot;imageId&quot;:&quot;6a9c314c8230f&quot;}\" data-wp-interactive=\"core\/image\" data-wp-key=\"6a9c314c8230f\" class=\"wp-block-image size-large wp-lightbox-container\"><img decoding=\"async\" width=\"1800\" height=\"1343\" data-wp-class--hide=\"state.isContentHidden\" data-wp-class--show=\"state.isContentVisible\" data-wp-init=\"callbacks.setButtonStyles\" data-wp-on--click=\"actions.showLightbox\" data-wp-on--load=\"callbacks.setButtonStyles\" data-wp-on--pointerdown=\"actions.preloadImage\" data-wp-on--pointerenter=\"actions.preloadImageWithDelay\" data-wp-on--pointerleave=\"actions.cancelPreload\" data-wp-on-window--resize=\"callbacks.setButtonStyles\" data-id=\"407023\" src=\"https:\/\/loudavymkrokem.cz\/wp-content\/uploads\/2026\/08\/hotel-zipser-2.jpg\" alt=\"Outro quarto no Hotel Zipser\" class=\"wp-image-407023\" title=\"\" srcset=\"https:\/\/loudavymkrokem.cz\/wp-content\/uploads\/2026\/08\/hotel-zipser-2.jpg 1800w, https:\/\/loudavymkrokem.cz\/wp-content\/uploads\/2026\/08\/hotel-zipser-2-300x224.jpg 300w, https:\/\/loudavymkrokem.cz\/wp-content\/uploads\/2026\/08\/hotel-zipser-2-700x522.jpg 700w, https:\/\/loudavymkrokem.cz\/wp-content\/uploads\/2026\/08\/hotel-zipser-2-768x573.jpg 768w, https:\/\/loudavymkrokem.cz\/wp-content\/uploads\/2026\/08\/hotel-zipser-2-1536x1146.jpg 1536w, https:\/\/loudavymkrokem.cz\/wp-content\/uploads\/2026\/08\/hotel-zipser-2-80x60.jpg 80w, https:\/\/loudavymkrokem.cz\/wp-content\/uploads\/2026\/08\/hotel-zipser-2-160x120.jpg 160w, https:\/\/loudavymkrokem.cz\/wp-content\/uploads\/2026\/08\/hotel-zipser-2-696x519.jpg 696w, https:\/\/loudavymkrokem.cz\/wp-content\/uploads\/2026\/08\/hotel-zipser-2-1392x1039.jpg 1392w\" sizes=\"(max-width: 1800px) 100vw, 1800px\" \/><button\n\t\t\tclass=\"lightbox-trigger\"\n\t\t\ttype=\"button\"\n\t\t\taria-haspopup=\"dialog\"\n\t\t\tdata-wp-bind--aria-label=\"state.thisImage.triggerButtonAriaLabel\"\n\t\t\tdata-wp-init=\"callbacks.initTriggerButton\"\n\t\t\tdata-wp-on--click=\"actions.showLightbox\"\n\t\t\tdata-wp-style--right=\"state.thisImage.buttonRight\"\n\t\t\tdata-wp-style--top=\"state.thisImage.buttonTop\"\n\t\t>\n\t\t\t<svg xmlns=\"http:\/\/www.w3.org\/2000\/svg\" width=\"12\" height=\"12\" fill=\"none\" viewBox=\"0 0 12 12\">\n\t\t\t\t<path fill=\"#fff\" d=\"M2 0a2 2 0 0 0-2 2v2h1.5V2a.5.5 0 0 1 .5-.5h2V0H2Zm2 10.5H2a.5.5 0 0 1-.5-.5V8H0v2a2 2 0 0 0 2 2h2v-1.5ZM8 12v-1.5h2a.5.5 0 0 0 .5-.5V8H12v2a2 2 0 0 1-2 2H8Zm2-12a2 2 0 0 1 2 2v2h-1.5V2a.5.5 0 0 0-.5-.5H8V0h2Z\" \/>\n\t\t\t<\/svg>\n\t\t<\/button><figcaption class=\"wp-element-caption\">Foto: Hotel Zipser \/ site oficial<\/figcaption><\/figure>\n\n\n<figure data-wp-context=\"{&quot;imageId&quot;:&quot;6a9c314c82874&quot;}\" data-wp-interactive=\"core\/image\" data-wp-key=\"6a9c314c82874\" class=\"wp-block-image size-large wp-lightbox-container\"><img decoding=\"async\" width=\"1800\" height=\"1350\" data-wp-class--hide=\"state.isContentHidden\" data-wp-class--show=\"state.isContentVisible\" data-wp-init=\"callbacks.setButtonStyles\" data-wp-on--click=\"actions.showLightbox\" data-wp-on--load=\"callbacks.setButtonStyles\" data-wp-on--pointerdown=\"actions.preloadImage\" data-wp-on--pointerenter=\"actions.preloadImageWithDelay\" data-wp-on--pointerleave=\"actions.cancelPreload\" data-wp-on-window--resize=\"callbacks.setButtonStyles\" data-id=\"407026\" src=\"https:\/\/loudavymkrokem.cz\/wp-content\/uploads\/2026\/08\/hotel-zipser-3.jpg\" alt=\"Interior do Hotel Zipser\" class=\"wp-image-407026\" title=\"\" srcset=\"https:\/\/loudavymkrokem.cz\/wp-content\/uploads\/2026\/08\/hotel-zipser-3.jpg 1800w, https:\/\/loudavymkrokem.cz\/wp-content\/uploads\/2026\/08\/hotel-zipser-3-300x225.jpg 300w, https:\/\/loudavymkrokem.cz\/wp-content\/uploads\/2026\/08\/hotel-zipser-3-700x525.jpg 700w, https:\/\/loudavymkrokem.cz\/wp-content\/uploads\/2026\/08\/hotel-zipser-3-768x576.jpg 768w, https:\/\/loudavymkrokem.cz\/wp-content\/uploads\/2026\/08\/hotel-zipser-3-1536x1152.jpg 1536w, https:\/\/loudavymkrokem.cz\/wp-content\/uploads\/2026\/08\/hotel-zipser-3-80x60.jpg 80w, https:\/\/loudavymkrokem.cz\/wp-content\/uploads\/2026\/08\/hotel-zipser-3-160x120.jpg 160w, https:\/\/loudavymkrokem.cz\/wp-content\/uploads\/2026\/08\/hotel-zipser-3-696x522.jpg 696w, https:\/\/loudavymkrokem.cz\/wp-content\/uploads\/2026\/08\/hotel-zipser-3-1392x1044.jpg 1392w\" sizes=\"(max-width: 1800px) 100vw, 1800px\" \/><button\n\t\t\tclass=\"lightbox-trigger\"\n\t\t\ttype=\"button\"\n\t\t\taria-haspopup=\"dialog\"\n\t\t\tdata-wp-bind--aria-label=\"state.thisImage.triggerButtonAriaLabel\"\n\t\t\tdata-wp-init=\"callbacks.initTriggerButton\"\n\t\t\tdata-wp-on--click=\"actions.showLightbox\"\n\t\t\tdata-wp-style--right=\"state.thisImage.buttonRight\"\n\t\t\tdata-wp-style--top=\"state.thisImage.buttonTop\"\n\t\t>\n\t\t\t<svg xmlns=\"http:\/\/www.w3.org\/2000\/svg\" width=\"12\" height=\"12\" fill=\"none\" viewBox=\"0 0 12 12\">\n\t\t\t\t<path fill=\"#fff\" d=\"M2 0a2 2 0 0 0-2 2v2h1.5V2a.5.5 0 0 1 .5-.5h2V0H2Zm2 10.5H2a.5.5 0 0 1-.5-.5V8H0v2a2 2 0 0 0 2 2h2v-1.5ZM8 12v-1.5h2a.5.5 0 0 0 .5-.5V8H12v2a2 2 0 0 1-2 2H8Zm2-12a2 2 0 0 1 2 2v2h-1.5V2a.5.5 0 0 0-.5-.5H8V0h2Z\" \/>\n\t\t\t<\/svg>\n\t\t<\/button><figcaption class=\"wp-element-caption\">Foto: Hotel Zipser \/ site oficial<\/figcaption><\/figure>\n\n\n<figure data-wp-context=\"{&quot;imageId&quot;:&quot;6a9c314c82d89&quot;}\" data-wp-interactive=\"core\/image\" data-wp-key=\"6a9c314c82d89\" class=\"wp-block-image size-large wp-lightbox-container\"><img decoding=\"async\" width=\"1800\" height=\"1350\" data-wp-class--hide=\"state.isContentHidden\" data-wp-class--show=\"state.isContentVisible\" data-wp-init=\"callbacks.setButtonStyles\" data-wp-on--click=\"actions.showLightbox\" data-wp-on--load=\"callbacks.setButtonStyles\" data-wp-on--pointerdown=\"actions.preloadImage\" data-wp-on--pointerenter=\"actions.preloadImageWithDelay\" data-wp-on--pointerleave=\"actions.cancelPreload\" data-wp-on-window--resize=\"callbacks.setButtonStyles\" data-id=\"407029\" src=\"https:\/\/loudavymkrokem.cz\/wp-content\/uploads\/2026\/08\/hotel-zipser-4.jpg\" alt=\"Quarto no familiar Hotel Zipser em Josefstadt\" class=\"wp-image-407029\" title=\"\" srcset=\"https:\/\/loudavymkrokem.cz\/wp-content\/uploads\/2026\/08\/hotel-zipser-4.jpg 1800w, https:\/\/loudavymkrokem.cz\/wp-content\/uploads\/2026\/08\/hotel-zipser-4-300x225.jpg 300w, https:\/\/loudavymkrokem.cz\/wp-content\/uploads\/2026\/08\/hotel-zipser-4-700x525.jpg 700w, https:\/\/loudavymkrokem.cz\/wp-content\/uploads\/2026\/08\/hotel-zipser-4-768x576.jpg 768w, https:\/\/loudavymkrokem.cz\/wp-content\/uploads\/2026\/08\/hotel-zipser-4-1536x1152.jpg 1536w, https:\/\/loudavymkrokem.cz\/wp-content\/uploads\/2026\/08\/hotel-zipser-4-80x60.jpg 80w, https:\/\/loudavymkrokem.cz\/wp-content\/uploads\/2026\/08\/hotel-zipser-4-160x120.jpg 160w, https:\/\/loudavymkrokem.cz\/wp-content\/uploads\/2026\/08\/hotel-zipser-4-696x522.jpg 696w, https:\/\/loudavymkrokem.cz\/wp-content\/uploads\/2026\/08\/hotel-zipser-4-1392x1044.jpg 1392w\" sizes=\"(max-width: 1800px) 100vw, 1800px\" \/><button\n\t\t\tclass=\"lightbox-trigger\"\n\t\t\ttype=\"button\"\n\t\t\taria-haspopup=\"dialog\"\n\t\t\tdata-wp-bind--aria-label=\"state.thisImage.triggerButtonAriaLabel\"\n\t\t\tdata-wp-init=\"callbacks.initTriggerButton\"\n\t\t\tdata-wp-on--click=\"actions.showLightbox\"\n\t\t\tdata-wp-style--right=\"state.thisImage.buttonRight\"\n\t\t\tdata-wp-style--top=\"state.thisImage.buttonTop\"\n\t\t>\n\t\t\t<svg xmlns=\"http:\/\/www.w3.org\/2000\/svg\" width=\"12\" height=\"12\" fill=\"none\" viewBox=\"0 0 12 12\">\n\t\t\t\t<path fill=\"#fff\" d=\"M2 0a2 2 0 0 0-2 2v2h1.5V2a.5.5 0 0 1 .5-.5h2V0H2Zm2 10.5H2a.5.5 0 0 1-.5-.5V8H0v2a2 2 0 0 0 2 2h2v-1.5ZM8 12v-1.5h2a.5.5 0 0 0 .5-.5V8H12v2a2 2 0 0 1-2 2H8Zm2-12a2 2 0 0 1 2 2v2h-1.5V2a.5.5 0 0 0-.5-.5H8V0h2Z\" \/>\n\t\t\t<\/svg>\n\t\t<\/button><figcaption class=\"wp-element-caption\">Foto: Hotel Zipser \/ site oficial<\/figcaption><\/figure>\n\n<\/figure>\n\n\n\n<p class=\"wp-block-paragraph\">Nas resenhas escritas, os viajantes destacam acima de tudo <strong>a atmosfera perfeitamente tranquila, a equipe familiar bem simp\u00e1tica e o lindo p\u00e1tio interno silencioso<\/strong>. N\u00e3o \u00e9 o exagero de design mais moderno das capas de revista, mas o pr\u00e9dio oferece uma hospitalidade vienense honesta por pre\u00e7os realmente bem bons.<\/p>\n\n\n\n<p class=\"wp-block-paragraph\">Os funcion\u00e1rios tratam os h\u00f3spedes de forma bem calorosa e criam a sensa\u00e7\u00e3o de que voc\u00ea veio passar as f\u00e9rias na casa de bons conhecidos. <strong>Os caf\u00e9s da manh\u00e3 acontecem num ritmo bem tranquilo<\/strong> e todo o pr\u00e9dio respira uma agrad\u00e1vel nostalgia de outros tempos, que de certa forma faz parte de Viena.<\/p>\n\n\n\n<p class=\"wp-block-paragraph\">\ud83d\udca1 Dica: \u00e9 uma escolha absolutamente \u00f3tima e segura para <strong>fam\u00edlias com crian\u00e7as ou casais mais velhos<\/strong> que procuram um ambiente tranquilo num belo bairro cheio de caf\u00e9s locais e querem ficar um pouco fora das rotas tur\u00edsticas mais movimentadas. <em><a href=\"https:\/\/www.stay22.com\/allez\/roam?aid=lukaskonecny&#038;campaign=loudavymkrokemcz&#038;campaign=kde-bydlet-ve-vidni&#038;hotelname=Hotel%20Zipser&#038;address=V%C3%ADde%C5%88%2C%20Rakousko\" target=\"_blank\" rel=\"nofollow noopener sponsored\">verificar pre\u00e7os e disponibilidade<\/a><\/em><\/p>\n\n\n\n<figure data-wp-context=\"{&quot;imageId&quot;:&quot;6a9c314c8364a&quot;}\" data-wp-interactive=\"core\/image\" data-wp-key=\"6a9c314c8364a\" class=\"wp-block-image size-full wp-lightbox-container\"><img decoding=\"async\" width=\"1800\" height=\"1200\" data-wp-class--hide=\"state.isContentHidden\" data-wp-class--show=\"state.isContentVisible\" data-wp-init=\"callbacks.setButtonStyles\" data-wp-on--click=\"actions.showLightbox\" data-wp-on--load=\"callbacks.setButtonStyles\" data-wp-on--pointerdown=\"actions.preloadImage\" data-wp-on--pointerenter=\"actions.preloadImageWithDelay\" data-wp-on--pointerleave=\"actions.cancelPreload\" data-wp-on-window--resize=\"callbacks.setButtonStyles\" src=\"https:\/\/loudavymkrokem.cz\/wp-content\/uploads\/2026\/08\/vienna-hostel-ruthensteiner-1.jpg\" alt=\"Quarto no hostel Ruthensteiner\" class=\"wp-image-407002\" title=\"\" srcset=\"https:\/\/loudavymkrokem.cz\/wp-content\/uploads\/2026\/08\/vienna-hostel-ruthensteiner-1.jpg 1800w, https:\/\/loudavymkrokem.cz\/wp-content\/uploads\/2026\/08\/vienna-hostel-ruthensteiner-1-300x200.jpg 300w, https:\/\/loudavymkrokem.cz\/wp-content\/uploads\/2026\/08\/vienna-hostel-ruthensteiner-1-700x467.jpg 700w, https:\/\/loudavymkrokem.cz\/wp-content\/uploads\/2026\/08\/vienna-hostel-ruthensteiner-1-768x512.jpg 768w, https:\/\/loudavymkrokem.cz\/wp-content\/uploads\/2026\/08\/vienna-hostel-ruthensteiner-1-1536x1024.jpg 1536w, https:\/\/loudavymkrokem.cz\/wp-content\/uploads\/2026\/08\/vienna-hostel-ruthensteiner-1-696x464.jpg 696w, https:\/\/loudavymkrokem.cz\/wp-content\/uploads\/2026\/08\/vienna-hostel-ruthensteiner-1-1392x928.jpg 1392w\" sizes=\"(max-width: 1800px) 100vw, 1800px\" \/><button\n\t\t\tclass=\"lightbox-trigger\"\n\t\t\ttype=\"button\"\n\t\t\taria-haspopup=\"dialog\"\n\t\t\tdata-wp-bind--aria-label=\"state.thisImage.triggerButtonAriaLabel\"\n\t\t\tdata-wp-init=\"callbacks.initTriggerButton\"\n\t\t\tdata-wp-on--click=\"actions.showLightbox\"\n\t\t\tdata-wp-style--right=\"state.thisImage.buttonRight\"\n\t\t\tdata-wp-style--top=\"state.thisImage.buttonTop\"\n\t\t>\n\t\t\t<svg xmlns=\"http:\/\/www.w3.org\/2000\/svg\" width=\"12\" height=\"12\" fill=\"none\" viewBox=\"0 0 12 12\">\n\t\t\t\t<path fill=\"#fff\" d=\"M2 0a2 2 0 0 0-2 2v2h1.5V2a.5.5 0 0 1 .5-.5h2V0H2Zm2 10.5H2a.5.5 0 0 1-.5-.5V8H0v2a2 2 0 0 0 2 2h2v-1.5ZM8 12v-1.5h2a.5.5 0 0 0 .5-.5V8H12v2a2 2 0 0 1-2 2H8Zm2-12a2 2 0 0 1 2 2v2h-1.5V2a.5.5 0 0 0-.5-.5H8V0h2Z\" \/>\n\t\t\t<\/svg>\n\t\t<\/button><figcaption class=\"wp-element-caption\">Foto: Vienna Hostel Ruthensteiner \/ site oficial<\/figcaption><\/figure>\n\n\n\n<h3 class=\"wp-block-heading\"><span class=\"ez-toc-section\" id=\"24_Vienna_Hostel_Ruthensteiner\"><\/span>24. Vienna Hostel Ruthensteiner<span class=\"ez-toc-section-end\"><\/span><\/h3>\n\n\n\n<p class=\"wp-block-paragraph\">Com uma nota absolutamente excelente e bem rara, <strong>4,7 de 1.932 resenhas, este \u00e9 o hostel mais bem avaliado de toda a nossa ampla sele\u00e7\u00e3o<\/strong>. Fica a um pequeno trecho da esta\u00e7\u00e3o Westbahnhof e funciona com sucesso h\u00e1 longas d\u00e9cadas como um neg\u00f3cio familiar independente, que preza muito por uma atmosfera comunit\u00e1ria incrivelmente amig\u00e1vel.<\/p>\n\n\n\n<figure data-wp-context=\"{&quot;galleryId&quot;:&quot;6a9c314c838ed&quot;}\" data-wp-interactive=\"core\/gallery\" class=\"wp-block-gallery has-nested-images columns-2 is-cropped wp-block-gallery-is-layout-flex wp-block-gallery-12 is-layout-flex\">\n\n<figure data-wp-context=\"{&quot;imageId&quot;:&quot;6a9c314c83cb0&quot;}\" data-wp-interactive=\"core\/image\" data-wp-key=\"6a9c314c83cb0\" class=\"wp-block-image size-large wp-lightbox-container\"><img decoding=\"async\" width=\"1800\" height=\"1200\" data-wp-class--hide=\"state.isContentHidden\" data-wp-class--show=\"state.isContentVisible\" data-wp-init=\"callbacks.setButtonStyles\" data-wp-on--click=\"actions.showLightbox\" data-wp-on--load=\"callbacks.setButtonStyles\" data-wp-on--pointerdown=\"actions.preloadImage\" data-wp-on--pointerenter=\"actions.preloadImageWithDelay\" data-wp-on--pointerleave=\"actions.cancelPreload\" data-wp-on-window--resize=\"callbacks.setButtonStyles\" data-id=\"407007\" src=\"https:\/\/loudavymkrokem.cz\/wp-content\/uploads\/2026\/08\/vienna-hostel-ruthensteiner-2.jpg\" alt=\"Interior colorido do hostel Ruthensteiner\" class=\"wp-image-407007\" title=\"\" srcset=\"https:\/\/loudavymkrokem.cz\/wp-content\/uploads\/2026\/08\/vienna-hostel-ruthensteiner-2.jpg 1800w, https:\/\/loudavymkrokem.cz\/wp-content\/uploads\/2026\/08\/vienna-hostel-ruthensteiner-2-300x200.jpg 300w, https:\/\/loudavymkrokem.cz\/wp-content\/uploads\/2026\/08\/vienna-hostel-ruthensteiner-2-700x467.jpg 700w, https:\/\/loudavymkrokem.cz\/wp-content\/uploads\/2026\/08\/vienna-hostel-ruthensteiner-2-768x512.jpg 768w, https:\/\/loudavymkrokem.cz\/wp-content\/uploads\/2026\/08\/vienna-hostel-ruthensteiner-2-1536x1024.jpg 1536w, https:\/\/loudavymkrokem.cz\/wp-content\/uploads\/2026\/08\/vienna-hostel-ruthensteiner-2-696x464.jpg 696w, https:\/\/loudavymkrokem.cz\/wp-content\/uploads\/2026\/08\/vienna-hostel-ruthensteiner-2-1392x928.jpg 1392w\" sizes=\"(max-width: 1800px) 100vw, 1800px\" \/><button\n\t\t\tclass=\"lightbox-trigger\"\n\t\t\ttype=\"button\"\n\t\t\taria-haspopup=\"dialog\"\n\t\t\tdata-wp-bind--aria-label=\"state.thisImage.triggerButtonAriaLabel\"\n\t\t\tdata-wp-init=\"callbacks.initTriggerButton\"\n\t\t\tdata-wp-on--click=\"actions.showLightbox\"\n\t\t\tdata-wp-style--right=\"state.thisImage.buttonRight\"\n\t\t\tdata-wp-style--top=\"state.thisImage.buttonTop\"\n\t\t>\n\t\t\t<svg xmlns=\"http:\/\/www.w3.org\/2000\/svg\" width=\"12\" height=\"12\" fill=\"none\" viewBox=\"0 0 12 12\">\n\t\t\t\t<path fill=\"#fff\" d=\"M2 0a2 2 0 0 0-2 2v2h1.5V2a.5.5 0 0 1 .5-.5h2V0H2Zm2 10.5H2a.5.5 0 0 1-.5-.5V8H0v2a2 2 0 0 0 2 2h2v-1.5ZM8 12v-1.5h2a.5.5 0 0 0 .5-.5V8H12v2a2 2 0 0 1-2 2H8Zm2-12a2 2 0 0 1 2 2v2h-1.5V2a.5.5 0 0 0-.5-.5H8V0h2Z\" \/>\n\t\t\t<\/svg>\n\t\t<\/button><figcaption class=\"wp-element-caption\">Foto: Vienna Hostel Ruthensteiner \/ site oficial<\/figcaption><\/figure>\n\n\n<figure data-wp-context=\"{&quot;imageId&quot;:&quot;6a9c314c84277&quot;}\" data-wp-interactive=\"core\/image\" data-wp-key=\"6a9c314c84277\" class=\"wp-block-image size-large wp-lightbox-container\"><img decoding=\"async\" width=\"1800\" height=\"1200\" data-wp-class--hide=\"state.isContentHidden\" data-wp-class--show=\"state.isContentVisible\" data-wp-init=\"callbacks.setButtonStyles\" data-wp-on--click=\"actions.showLightbox\" data-wp-on--load=\"callbacks.setButtonStyles\" data-wp-on--pointerdown=\"actions.preloadImage\" data-wp-on--pointerenter=\"actions.preloadImageWithDelay\" data-wp-on--pointerleave=\"actions.cancelPreload\" data-wp-on-window--resize=\"callbacks.setButtonStyles\" data-id=\"407011\" src=\"https:\/\/loudavymkrokem.cz\/wp-content\/uploads\/2026\/08\/vienna-hostel-ruthensteiner-3.jpg\" alt=\"Quarto compartilhado no hostel Ruthensteiner\" class=\"wp-image-407011\" title=\"\" srcset=\"https:\/\/loudavymkrokem.cz\/wp-content\/uploads\/2026\/08\/vienna-hostel-ruthensteiner-3.jpg 1800w, https:\/\/loudavymkrokem.cz\/wp-content\/uploads\/2026\/08\/vienna-hostel-ruthensteiner-3-300x200.jpg 300w, https:\/\/loudavymkrokem.cz\/wp-content\/uploads\/2026\/08\/vienna-hostel-ruthensteiner-3-700x467.jpg 700w, https:\/\/loudavymkrokem.cz\/wp-content\/uploads\/2026\/08\/vienna-hostel-ruthensteiner-3-768x512.jpg 768w, https:\/\/loudavymkrokem.cz\/wp-content\/uploads\/2026\/08\/vienna-hostel-ruthensteiner-3-1536x1024.jpg 1536w, https:\/\/loudavymkrokem.cz\/wp-content\/uploads\/2026\/08\/vienna-hostel-ruthensteiner-3-696x464.jpg 696w, https:\/\/loudavymkrokem.cz\/wp-content\/uploads\/2026\/08\/vienna-hostel-ruthensteiner-3-1392x928.jpg 1392w\" sizes=\"(max-width: 1800px) 100vw, 1800px\" \/><button\n\t\t\tclass=\"lightbox-trigger\"\n\t\t\ttype=\"button\"\n\t\t\taria-haspopup=\"dialog\"\n\t\t\tdata-wp-bind--aria-label=\"state.thisImage.triggerButtonAriaLabel\"\n\t\t\tdata-wp-init=\"callbacks.initTriggerButton\"\n\t\t\tdata-wp-on--click=\"actions.showLightbox\"\n\t\t\tdata-wp-style--right=\"state.thisImage.buttonRight\"\n\t\t\tdata-wp-style--top=\"state.thisImage.buttonTop\"\n\t\t>\n\t\t\t<svg xmlns=\"http:\/\/www.w3.org\/2000\/svg\" width=\"12\" height=\"12\" fill=\"none\" viewBox=\"0 0 12 12\">\n\t\t\t\t<path fill=\"#fff\" d=\"M2 0a2 2 0 0 0-2 2v2h1.5V2a.5.5 0 0 1 .5-.5h2V0H2Zm2 10.5H2a.5.5 0 0 1-.5-.5V8H0v2a2 2 0 0 0 2 2h2v-1.5ZM8 12v-1.5h2a.5.5 0 0 0 .5-.5V8H12v2a2 2 0 0 1-2 2H8Zm2-12a2 2 0 0 1 2 2v2h-1.5V2a.5.5 0 0 0-.5-.5H8V0h2Z\" \/>\n\t\t\t<\/svg>\n\t\t<\/button><figcaption class=\"wp-element-caption\">Foto: Vienna Hostel Ruthensteiner \/ site oficial<\/figcaption><\/figure>\n\n\n<figure data-wp-context=\"{&quot;imageId&quot;:&quot;6a9c314c847f4&quot;}\" data-wp-interactive=\"core\/image\" data-wp-key=\"6a9c314c847f4\" class=\"wp-block-image size-large wp-lightbox-container\"><img decoding=\"async\" width=\"1160\" height=\"1160\" data-wp-class--hide=\"state.isContentHidden\" data-wp-class--show=\"state.isContentVisible\" data-wp-init=\"callbacks.setButtonStyles\" data-wp-on--click=\"actions.showLightbox\" data-wp-on--load=\"callbacks.setButtonStyles\" data-wp-on--pointerdown=\"actions.preloadImage\" data-wp-on--pointerenter=\"actions.preloadImageWithDelay\" data-wp-on--pointerleave=\"actions.cancelPreload\" data-wp-on-window--resize=\"callbacks.setButtonStyles\" data-id=\"407015\" src=\"https:\/\/loudavymkrokem.cz\/wp-content\/uploads\/2026\/08\/vienna-hostel-ruthensteiner-4.jpg\" alt=\"Quarto no hostel Ruthensteiner\" class=\"wp-image-407015\" title=\"\" srcset=\"https:\/\/loudavymkrokem.cz\/wp-content\/uploads\/2026\/08\/vienna-hostel-ruthensteiner-4.jpg 1160w, https:\/\/loudavymkrokem.cz\/wp-content\/uploads\/2026\/08\/vienna-hostel-ruthensteiner-4-300x300.jpg 300w, https:\/\/loudavymkrokem.cz\/wp-content\/uploads\/2026\/08\/vienna-hostel-ruthensteiner-4-700x700.jpg 700w, https:\/\/loudavymkrokem.cz\/wp-content\/uploads\/2026\/08\/vienna-hostel-ruthensteiner-4-150x150.jpg 150w, https:\/\/loudavymkrokem.cz\/wp-content\/uploads\/2026\/08\/vienna-hostel-ruthensteiner-4-768x768.jpg 768w, https:\/\/loudavymkrokem.cz\/wp-content\/uploads\/2026\/08\/vienna-hostel-ruthensteiner-4-696x696.jpg 696w\" sizes=\"(max-width: 1160px) 100vw, 1160px\" \/><button\n\t\t\tclass=\"lightbox-trigger\"\n\t\t\ttype=\"button\"\n\t\t\taria-haspopup=\"dialog\"\n\t\t\tdata-wp-bind--aria-label=\"state.thisImage.triggerButtonAriaLabel\"\n\t\t\tdata-wp-init=\"callbacks.initTriggerButton\"\n\t\t\tdata-wp-on--click=\"actions.showLightbox\"\n\t\t\tdata-wp-style--right=\"state.thisImage.buttonRight\"\n\t\t\tdata-wp-style--top=\"state.thisImage.buttonTop\"\n\t\t>\n\t\t\t<svg xmlns=\"http:\/\/www.w3.org\/2000\/svg\" width=\"12\" height=\"12\" fill=\"none\" viewBox=\"0 0 12 12\">\n\t\t\t\t<path fill=\"#fff\" d=\"M2 0a2 2 0 0 0-2 2v2h1.5V2a.5.5 0 0 1 .5-.5h2V0H2Zm2 10.5H2a.5.5 0 0 1-.5-.5V8H0v2a2 2 0 0 0 2 2h2v-1.5ZM8 12v-1.5h2a.5.5 0 0 0 .5-.5V8H12v2a2 2 0 0 1-2 2H8Zm2-12a2 2 0 0 1 2 2v2h-1.5V2a.5.5 0 0 0-.5-.5H8V0h2Z\" \/>\n\t\t\t<\/svg>\n\t\t<\/button><figcaption class=\"wp-element-caption\">Foto: Vienna Hostel Ruthensteiner \/ site oficial<\/figcaption><\/figure>\n\n<\/figure>\n\n\n\n<p class=\"wp-block-paragraph\">Os h\u00f3spedes literalmente amam o lindo jardim externo com muitos lugares para sentar \u00e0 noite, os diversos instrumentos musicais dispon\u00edveis para empr\u00e9stimo e a enorme cozinha compartilhada perfeitamente equipada. <strong>A limpeza de todos os espa\u00e7os aqui, segundo muitas resenhas, est\u00e1 no n\u00edvel de hot\u00e9is cl\u00e1ssicos bem mais caros<\/strong>, o que numa hospedagem desse tipo certamente n\u00e3o \u00e9 algo garantido.<\/p>\n\n\n\n<p class=\"wp-block-paragraph\">\u00c9 um lugar absolutamente ideal para o encontro de pessoas dos mais diversos cantos do planeta. <strong>A equipe do hostel organiza regularmente eventos coletivos e churrascos<\/strong>, ent\u00e3o voc\u00ea faz amizade com muita facilidade e ganha dicas valiosas de lugares interessantes direto de outros mochileiros experientes.<\/p>\n\n\n\n<p class=\"wp-block-paragraph\">\ud83d\udca1 Dica: se voc\u00ea viaja s\u00f3 de mochila, procura uma hospedagem de alta qualidade e pre\u00e7o acess\u00edvel e <strong>quer conhecer outros viajantes na mesma vibe, vindos do mundo todo<\/strong>, este lugar vai te encantar com seu clima descontra\u00eddo e informal. <em><a href=\"https:\/\/www.stay22.com\/allez\/roam?aid=lukaskonecny&#038;campaign=loudavymkrokemcz&#038;campaign=kde-bydlet-ve-vidni&#038;hotelname=Vienna%20Hostel%20Ruthensteiner&#038;address=V%C3%ADde%C5%88%2C%20Rakousko\" target=\"_blank\" rel=\"nofollow noopener sponsored\">verificar pre\u00e7os e disponibilidade<\/a><\/em><\/p>\n\n\n\n<figure data-wp-context=\"{&quot;imageId&quot;:&quot;6a9c314c85164&quot;}\" data-wp-interactive=\"core\/image\" data-wp-key=\"6a9c314c85164\" class=\"wp-block-image size-full wp-lightbox-container\"><img decoding=\"async\" width=\"1600\" height=\"1067\" data-wp-class--hide=\"state.isContentHidden\" data-wp-class--show=\"state.isContentVisible\" data-wp-init=\"callbacks.setButtonStyles\" data-wp-on--click=\"actions.showLightbox\" data-wp-on--load=\"callbacks.setButtonStyles\" data-wp-on--pointerdown=\"actions.preloadImage\" data-wp-on--pointerenter=\"actions.preloadImageWithDelay\" data-wp-on--pointerleave=\"actions.cancelPreload\" data-wp-on-window--resize=\"callbacks.setButtonStyles\" src=\"https:\/\/loudavymkrokem.cz\/wp-content\/uploads\/2026\/08\/hostel-wombat-s-u-v-de-sk-ho-naschmarktu.jpg\" alt=\"Hostel Wombat&#039;s junto ao Naschmarkt de Viena\" class=\"wp-image-407124\" title=\"\" srcset=\"https:\/\/loudavymkrokem.cz\/wp-content\/uploads\/2026\/08\/hostel-wombat-s-u-v-de-sk-ho-naschmarktu.jpg 1600w, https:\/\/loudavymkrokem.cz\/wp-content\/uploads\/2026\/08\/hostel-wombat-s-u-v-de-sk-ho-naschmarktu-300x200.jpg 300w, https:\/\/loudavymkrokem.cz\/wp-content\/uploads\/2026\/08\/hostel-wombat-s-u-v-de-sk-ho-naschmarktu-700x467.jpg 700w, https:\/\/loudavymkrokem.cz\/wp-content\/uploads\/2026\/08\/hostel-wombat-s-u-v-de-sk-ho-naschmarktu-768x512.jpg 768w, https:\/\/loudavymkrokem.cz\/wp-content\/uploads\/2026\/08\/hostel-wombat-s-u-v-de-sk-ho-naschmarktu-1536x1024.jpg 1536w, https:\/\/loudavymkrokem.cz\/wp-content\/uploads\/2026\/08\/hostel-wombat-s-u-v-de-sk-ho-naschmarktu-696x464.jpg 696w, https:\/\/loudavymkrokem.cz\/wp-content\/uploads\/2026\/08\/hostel-wombat-s-u-v-de-sk-ho-naschmarktu-1392x928.jpg 1392w\" sizes=\"(max-width: 1600px) 100vw, 1600px\" \/><button\n\t\t\tclass=\"lightbox-trigger\"\n\t\t\ttype=\"button\"\n\t\t\taria-haspopup=\"dialog\"\n\t\t\tdata-wp-bind--aria-label=\"state.thisImage.triggerButtonAriaLabel\"\n\t\t\tdata-wp-init=\"callbacks.initTriggerButton\"\n\t\t\tdata-wp-on--click=\"actions.showLightbox\"\n\t\t\tdata-wp-style--right=\"state.thisImage.buttonRight\"\n\t\t\tdata-wp-style--top=\"state.thisImage.buttonTop\"\n\t\t>\n\t\t\t<svg xmlns=\"http:\/\/www.w3.org\/2000\/svg\" width=\"12\" height=\"12\" fill=\"none\" viewBox=\"0 0 12 12\">\n\t\t\t\t<path fill=\"#fff\" d=\"M2 0a2 2 0 0 0-2 2v2h1.5V2a.5.5 0 0 1 .5-.5h2V0H2Zm2 10.5H2a.5.5 0 0 1-.5-.5V8H0v2a2 2 0 0 0 2 2h2v-1.5ZM8 12v-1.5h2a.5.5 0 0 0 .5-.5V8H12v2a2 2 0 0 1-2 2H8Zm2-12a2 2 0 0 1 2 2v2h-1.5V2a.5.5 0 0 0-.5-.5H8V0h2Z\" \/>\n\t\t\t<\/svg>\n\t\t<\/button><figcaption class=\"wp-element-caption\">Foto: Wombat&#8217;s City Hostel Vienna Naschmarkt \/ Google Maps<\/figcaption><\/figure>\n\n\n\n<h3 class=\"wp-block-heading\"><span class=\"ez-toc-section\" id=\"25_Wombats_City_Hostel_Vienna_Naschmarkt\"><\/span>25. Wombat&#8217;s City Hostel Vienna Naschmarkt<span class=\"ez-toc-section-end\"><\/span><\/h3>\n\n\n\n<p class=\"wp-block-paragraph\">Este hostel moderno, enorme e bem popular entre os jovens tem a \u00f3tima nota <strong>4,4 de 4.227 resenhas<\/strong>. Voc\u00ea o encontra num lugar absolutamente fant\u00e1stico e estrat\u00e9gico, bem junto ao famoso e sempre vivo mercado Naschmarkt. Ele oferece dormit\u00f3rios compartilhados bem limpos e modernos, mas surpreendentemente tamb\u00e9m quartos privativos espa\u00e7osos com banheiro pr\u00f3prio.<\/p>\n\n\n\n<p class=\"wp-block-paragraph\">Nas milhares de resenhas, os visitantes elogiam sobretudo <strong>o enorme e bem animado bar no t\u00e9rreo, a excelente seguran\u00e7a de todo o pr\u00e9dio e a incr\u00edvel localiza\u00e7\u00e3o<\/strong>. Desse lugar voc\u00ea chega sem problema a p\u00e9 \u00e0 maioria dos principais monumentos e, ao mesmo tempo, fica a poucos minutos de caminhada dos melhores clubes noturnos da cidade.<\/p>\n\n\n\n<p class=\"wp-block-paragraph\">Gra\u00e7as \u00e0 enorme capacidade, reina aqui constantemente um clima bem cosmopolita e movimentado, ent\u00e3o voc\u00ea nunca vai se sentir sozinho. <strong>O mercado ao lado ainda oferece possibilidades infinitas de alimenta\u00e7\u00e3o barata e incrivelmente variada<\/strong>, do in\u00edcio da manh\u00e3 at\u00e9 tarde da noite.<\/p>\n\n\n\n<p class=\"wp-block-paragraph\">\ud83d\udca1 Dica: esta hospedagem \u00e9 a base absolutamente ideal para <strong>jovens viajantes e estudantes empolgados que querem estar sempre no centro do agito<\/strong>, amam a vida noturna e querem ter os melhores bares de Viena literalmente debaixo das janelas. <em><a href=\"https:\/\/www.stay22.com\/allez\/roam?aid=lukaskonecny&#038;campaign=loudavymkrokemcz&#038;campaign=kde-bydlet-ve-vidni&#038;hotelname=Wombat%27s%20City%20Hostel%20Vienna%20Naschmarkt&#038;address=V%C3%ADde%C5%88%2C%20Rakousko\" target=\"_blank\" rel=\"nofollow noopener sponsored\">verificar pre\u00e7os e disponibilidade<\/a><\/em><\/p>\n\n\n\n<figure data-wp-context=\"{&quot;imageId&quot;:&quot;6a9c314c8596a&quot;}\" data-wp-interactive=\"core\/image\" data-wp-key=\"6a9c314c8596a\" class=\"wp-block-image size-full wp-lightbox-container\"><img decoding=\"async\" width=\"1800\" height=\"945\" data-wp-class--hide=\"state.isContentHidden\" data-wp-class--show=\"state.isContentVisible\" data-wp-init=\"callbacks.setButtonStyles\" data-wp-on--click=\"actions.showLightbox\" data-wp-on--load=\"callbacks.setButtonStyles\" data-wp-on--pointerdown=\"actions.preloadImage\" data-wp-on--pointerenter=\"actions.preloadImageWithDelay\" data-wp-on--pointerleave=\"actions.cancelPreload\" data-wp-on-window--resize=\"callbacks.setButtonStyles\" src=\"https:\/\/loudavymkrokem.cz\/wp-content\/uploads\/2026\/08\/meininger-hotel-wien-downtown-sissi-1.jpg\" alt=\"Quarto no MEININGER Hotel Wien Downtown Sissi\" class=\"wp-image-406994\" title=\"\" srcset=\"https:\/\/loudavymkrokem.cz\/wp-content\/uploads\/2026\/08\/meininger-hotel-wien-downtown-sissi-1.jpg 1800w, https:\/\/loudavymkrokem.cz\/wp-content\/uploads\/2026\/08\/meininger-hotel-wien-downtown-sissi-1-300x158.jpg 300w, https:\/\/loudavymkrokem.cz\/wp-content\/uploads\/2026\/08\/meininger-hotel-wien-downtown-sissi-1-700x368.jpg 700w, https:\/\/loudavymkrokem.cz\/wp-content\/uploads\/2026\/08\/meininger-hotel-wien-downtown-sissi-1-768x403.jpg 768w, https:\/\/loudavymkrokem.cz\/wp-content\/uploads\/2026\/08\/meininger-hotel-wien-downtown-sissi-1-1536x806.jpg 1536w, https:\/\/loudavymkrokem.cz\/wp-content\/uploads\/2026\/08\/meininger-hotel-wien-downtown-sissi-1-696x365.jpg 696w, https:\/\/loudavymkrokem.cz\/wp-content\/uploads\/2026\/08\/meininger-hotel-wien-downtown-sissi-1-1392x731.jpg 1392w\" sizes=\"(max-width: 1800px) 100vw, 1800px\" \/><button\n\t\t\tclass=\"lightbox-trigger\"\n\t\t\ttype=\"button\"\n\t\t\taria-haspopup=\"dialog\"\n\t\t\tdata-wp-bind--aria-label=\"state.thisImage.triggerButtonAriaLabel\"\n\t\t\tdata-wp-init=\"callbacks.initTriggerButton\"\n\t\t\tdata-wp-on--click=\"actions.showLightbox\"\n\t\t\tdata-wp-style--right=\"state.thisImage.buttonRight\"\n\t\t\tdata-wp-style--top=\"state.thisImage.buttonTop\"\n\t\t>\n\t\t\t<svg xmlns=\"http:\/\/www.w3.org\/2000\/svg\" width=\"12\" height=\"12\" fill=\"none\" viewBox=\"0 0 12 12\">\n\t\t\t\t<path fill=\"#fff\" d=\"M2 0a2 2 0 0 0-2 2v2h1.5V2a.5.5 0 0 1 .5-.5h2V0H2Zm2 10.5H2a.5.5 0 0 1-.5-.5V8H0v2a2 2 0 0 0 2 2h2v-1.5ZM8 12v-1.5h2a.5.5 0 0 0 .5-.5V8H12v2a2 2 0 0 1-2 2H8Zm2-12a2 2 0 0 1 2 2v2h-1.5V2a.5.5 0 0 0-.5-.5H8V0h2Z\" \/>\n\t\t\t<\/svg>\n\t\t<\/button><figcaption class=\"wp-element-caption\">Foto: MEININGER Hotel Wien \/ site oficial<\/figcaption><\/figure>\n\n\n\n<h3 class=\"wp-block-heading\"><span class=\"ez-toc-section\" id=\"26_MEININGER_Hotel_Wien_Downtown_Sissi\"><\/span>26. MEININGER Hotel Wien Downtown Sissi<span class=\"ez-toc-section-end\"><\/span><\/h3>\n\n\n\n<p class=\"wp-block-paragraph\">Este conhecido cruzamento bem acess\u00edvel entre hotel cl\u00e1ssico e hostel maior fica no popular e verde segundo bairro, Leopoldstadt. Com a nota m\u00e9dia <strong>4,1 de 3.169 resenhas, tem a nota mais baixa de toda a nossa sele\u00e7\u00e3o<\/strong>, mas, gra\u00e7as ao pre\u00e7o baixo bem favor\u00e1vel, ainda atrai constantemente muitos viajantes econ\u00f4micos e grupos maiores organizados.<\/p>\n\n\n\n<figure data-wp-context=\"{&quot;galleryId&quot;:&quot;6a9c314c85c0d&quot;}\" data-wp-interactive=\"core\/gallery\" class=\"wp-block-gallery has-nested-images columns-2 is-cropped wp-block-gallery-is-layout-flex wp-block-gallery-13 is-layout-flex\">\n\n<figure data-wp-context=\"{&quot;imageId&quot;:&quot;6a9c314c86039&quot;}\" data-wp-interactive=\"core\/image\" data-wp-key=\"6a9c314c86039\" class=\"wp-block-image size-large wp-lightbox-container\"><img decoding=\"async\" width=\"1700\" height=\"1112\" data-wp-class--hide=\"state.isContentHidden\" data-wp-class--show=\"state.isContentVisible\" data-wp-init=\"callbacks.setButtonStyles\" data-wp-on--click=\"actions.showLightbox\" data-wp-on--load=\"callbacks.setButtonStyles\" data-wp-on--pointerdown=\"actions.preloadImage\" data-wp-on--pointerenter=\"actions.preloadImageWithDelay\" data-wp-on--pointerleave=\"actions.cancelPreload\" data-wp-on-window--resize=\"callbacks.setButtonStyles\" data-id=\"406998\" src=\"https:\/\/loudavymkrokem.cz\/wp-content\/uploads\/2026\/08\/meininger-hotel-wien-downtown-sissi-2.jpg\" alt=\"Interior do MEININGER Hotel Wien\" class=\"wp-image-406998\" title=\"\" srcset=\"https:\/\/loudavymkrokem.cz\/wp-content\/uploads\/2026\/08\/meininger-hotel-wien-downtown-sissi-2.jpg 1700w, https:\/\/loudavymkrokem.cz\/wp-content\/uploads\/2026\/08\/meininger-hotel-wien-downtown-sissi-2-300x196.jpg 300w, https:\/\/loudavymkrokem.cz\/wp-content\/uploads\/2026\/08\/meininger-hotel-wien-downtown-sissi-2-700x458.jpg 700w, https:\/\/loudavymkrokem.cz\/wp-content\/uploads\/2026\/08\/meininger-hotel-wien-downtown-sissi-2-768x502.jpg 768w, https:\/\/loudavymkrokem.cz\/wp-content\/uploads\/2026\/08\/meininger-hotel-wien-downtown-sissi-2-1536x1005.jpg 1536w, https:\/\/loudavymkrokem.cz\/wp-content\/uploads\/2026\/08\/meininger-hotel-wien-downtown-sissi-2-696x455.jpg 696w, https:\/\/loudavymkrokem.cz\/wp-content\/uploads\/2026\/08\/meininger-hotel-wien-downtown-sissi-2-1392x911.jpg 1392w\" sizes=\"(max-width: 1700px) 100vw, 1700px\" \/><button\n\t\t\tclass=\"lightbox-trigger\"\n\t\t\ttype=\"button\"\n\t\t\taria-haspopup=\"dialog\"\n\t\t\tdata-wp-bind--aria-label=\"state.thisImage.triggerButtonAriaLabel\"\n\t\t\tdata-wp-init=\"callbacks.initTriggerButton\"\n\t\t\tdata-wp-on--click=\"actions.showLightbox\"\n\t\t\tdata-wp-style--right=\"state.thisImage.buttonRight\"\n\t\t\tdata-wp-style--top=\"state.thisImage.buttonTop\"\n\t\t>\n\t\t\t<svg xmlns=\"http:\/\/www.w3.org\/2000\/svg\" width=\"12\" height=\"12\" fill=\"none\" viewBox=\"0 0 12 12\">\n\t\t\t\t<path fill=\"#fff\" d=\"M2 0a2 2 0 0 0-2 2v2h1.5V2a.5.5 0 0 1 .5-.5h2V0H2Zm2 10.5H2a.5.5 0 0 1-.5-.5V8H0v2a2 2 0 0 0 2 2h2v-1.5ZM8 12v-1.5h2a.5.5 0 0 0 .5-.5V8H12v2a2 2 0 0 1-2 2H8Zm2-12a2 2 0 0 1 2 2v2h-1.5V2a.5.5 0 0 0-.5-.5H8V0h2Z\" \/>\n\t\t\t<\/svg>\n\t\t<\/button><figcaption class=\"wp-element-caption\">Foto: MEININGER Hotel Wien \/ site oficial<\/figcaption><\/figure>\n\n<\/figure>\n\n\n\n<p class=\"wp-block-paragraph\">\u26a0\ufe0f Aviso das resenhas: antes de reservar de vez seu quarto barato aqui, voc\u00ea precisa saber algumas informa\u00e7\u00f5es bem importantes. O hotel passou recentemente por <strong>uma ampla reforma em pleno funcionamento, o que causava barulho desagrad\u00e1vel aos h\u00f3spedes<\/strong>. As resenhas cr\u00edticas tamb\u00e9m mencionam com frequ\u00eancia e \u00eanfase <strong>as camas de casal mais estreitas, com apenas 160 cent\u00edmetros de largura<\/strong>, o que logicamente pode n\u00e3o ser confort\u00e1vel para todo adulto.<\/p>\n\n\n\n<p class=\"wp-block-paragraph\">Por outro lado, a localiza\u00e7\u00e3o verde perto do popular <strong>parque de divers\u00f5es Prater<\/strong> \u00e9 absolutamente excelente e a conex\u00e3o ao <strong>centro hist\u00f3rico da cidade de metr\u00f4<\/strong> funciona sem qualquer falha.<\/p>\n\n\n\n<p class=\"wp-block-paragraph\">\ud83d\udca1 Dica: considere a hospedagem aqui s\u00f3 se voc\u00ea <strong>tem um or\u00e7amento de viagem realmente bem apertado e procura um quarto privativo a uma dist\u00e2ncia caminh\u00e1vel do centro<\/strong>, mas est\u00e1 disposto, pelo bom pre\u00e7o, a fazer um claro compromisso quanto ao tamanho da cama e ao conforto geral da estadia.<\/p>\n\n\n\n<h2 class=\"wp-block-heading\"><span class=\"ez-toc-section\" id=\"Como_escolher_o_hotel_certo\"><\/span>Como escolher o hotel certo<span class=\"ez-toc-section-end\"><\/span><\/h2>\n\n\n\n<p class=\"wp-block-paragraph\">Na decis\u00e3o final sobre onde dormir em Viena, pense sobretudo em <strong>como voc\u00ea viaja at\u00e9 a cidade e com quem exatamente vai<\/strong>. Isso vai te ajudar muito a estreitar a escolha entre essas vinte e seis \u00f3timas op\u00e7\u00f5es. A forma como voc\u00ea chega tem um papel essencial na satisfa\u00e7\u00e3o com o passeio todo.<\/p>\n\n\n\n<p class=\"wp-block-paragraph\">Se voc\u00ea decidir ir <strong>de carro pr\u00f3prio<\/strong>, evite com certeza o centro hist\u00f3rico de Innere Stadt, onde estacionar na rua \u00e9 extremamente caro e a navega\u00e7\u00e3o por ruazinhas estreitas de m\u00e3o \u00fanica representa um estresse desnecess\u00e1rio. Procure hospedagem de prefer\u00eancia nos bairros mais afastados, como o entorno da esta\u00e7\u00e3o Westbahnhof ou o verde Leopoldstadt. Escolha idealmente os hot\u00e9is que oferecem garagem pr\u00f3pria e segura. Deixe o carro parado ali depois da chegada e circule pela cidade de prefer\u00eancia com o \u00f3timo metr\u00f4 \u2014 voc\u00ea poupa muitos nervos. Se voc\u00ea vier de outro pa\u00eds europeu de carro, n\u00e3o esque\u00e7a tamb\u00e9m de resolver o selo\/vinheta de ped\u00e1gio (rodovias europeias) antes de entrar na \u00c1ustria.<\/p>\n\n\n\n<p class=\"wp-block-paragraph\">Os viajantes que decidem chegar confortavelmente <strong>de trem<\/strong> fazem melhor se ficarem bem junto \u00e0 Esta\u00e7\u00e3o Central (Hauptbahnhof) ou, eventualmente, junto \u00e0 esta\u00e7\u00e3o Meidling. Assim voc\u00ea se livra do cansativo arrastar de malas pesadas pelas escadas rolantes do metr\u00f4 e, logo depois de chegar, pode se hospedar r\u00e1pido e sair para a cidade leve.<\/p>\n\n\n\n<p class=\"wp-block-paragraph\">Para <strong>fam\u00edlias com crian\u00e7as pequenas<\/strong>, por outro lado, o espa\u00e7o suficiente e a proximidade do verde s\u00e3o absolutamente essenciais. A melhor op\u00e7\u00e3o costuma ser justamente o j\u00e1 citado bairro de Leopoldstadt, porque o enorme parque Prater oferece possibilidades infinitas de divers\u00e3o para crian\u00e7as de todas as idades. Evite, ao contr\u00e1rio, as movimentadas ruas comerciais e os bairros barulhentos com vida noturna intensa.<\/p>\n\n\n\n<p class=\"wp-block-paragraph\">Se voc\u00ea planeja um <strong>fim de semana rom\u00e2ntico e tranquilo a dois<\/strong>, v\u00e1 direto para os lindos hot\u00e9is boutique do s\u00e9timo bairro, Neubau, ou do oitavo, Josefstadt. Esses bairros t\u00eam um charme local incr\u00edvel, s\u00e3o literalmente cheios de pequenos bistr\u00f4s, lojinhas de design interessantes e caf\u00e9s antigos. N\u00f3s dois adoramos sentar nas mesinhas ao ar livre, onde fazem o absolutamente delicioso Kaiserschmarrn (uma esp\u00e9cie de panqueca imperial rasgada) e outras \u00f3timas del\u00edcias sem carne. Ali\u00e1s, as tradicionais iguarias com carne, como o famoso schnitzel vienense, o tafelspitz ou as salsichas locais, voc\u00ea encontra aqui em cada esquina, porque \u00e9 uma especialidade local famosa que na \u00c1ustria voc\u00ea consegue na maioria dos restaurantes tradicionais. Em resumo, esses bairros oferecem exatamente aquele tipo de atmosfera maravilhosamente descontra\u00edda que faz as pessoas irem a Viena.<\/p>\n\n\n\n<h2 class=\"wp-block-heading\"><span class=\"ez-toc-section\" id=\"Para_onde_ir_depois\"><\/span>Para onde ir depois<span class=\"ez-toc-section-end\"><\/span><\/h2>\n\n\n\n<p class=\"wp-block-paragraph\">Se voc\u00ea j\u00e1 escolheu a hospedagem e est\u00e1 ansioso pela viagem, com certeza v\u00e3o te ser \u00fateis outras informa\u00e7\u00f5es. Preparamos para voc\u00ea um artigo completo com dicas do <a href=\"https:\/\/loudavymkrokem.cz\/pt-br\/viena-austria-o-que-ver\/\">que ver em Viena<\/a>, onde voc\u00ea encontra os melhores monumentos e lugares escondidos, sem multid\u00f5es de turistas.<\/p>\n\n\n\n<p class=\"wp-block-paragraph\">Caso voc\u00ea planeje uma visita nos meses de inverno, n\u00e3o pode perder nosso guia dos <a href=\"https:\/\/loudavymkrokem.cz\/pt-br\/feiras-natal-viena-austria\/\">mercados de Natal de Viena<\/a>, onde te aconselhamos quais mercados valem a pena e quais \u00e9 melhor evitar.<\/p>\n\n\n\n<p class=\"wp-block-paragraph\">Se Viena for s\u00f3 uma parada numa viagem maior de carro, leia com anteced\u00eancia tudo sobre como funciona o <a href=\"https:\/\/loudavymkrokem.cz\/pt-br\/onde-comprar-vinheta-austria\/\">selo de ped\u00e1gio na \u00c1ustria<\/a>, para evitar multas desnecess\u00e1rias. Inspira\u00e7\u00e3o para outras viagens voc\u00ea encontra no nosso artigo sobre um <a href=\"https:\/\/loudavymkrokem.cz\/pt-br\/roteiro-carro-austria-7-dias\/\">roadtrip pela \u00c1ustria em 7 dias<\/a>, ou pode dar uma olhada nos mais lindos <a href=\"https:\/\/loudavymkrokem.cz\/pt-br\/lagos-austria-melhores-lugares\/\">lagos austr\u00edacos<\/a> e nas dicas de <a href=\"https:\/\/loudavymkrokem.cz\/pt-br\/austria-wellness-hoteis\/\">hot\u00e9is de wellness na \u00c1ustria<\/a>. <em><a href=\"https:\/\/www.stay22.com\/allez\/roam?aid=lukaskonecny&#038;campaign=loudavymkrokemcz&#038;campaign=kde-bydlet-ve-vidni&#038;hotelname=MEININGER%20Hotel%20Wien%20Downtown%20Sissi&#038;address=V%C3%ADde%C5%88%2C%20Rakousko\" target=\"_blank\" rel=\"nofollow noopener sponsored\">verificar pre\u00e7os e disponibilidade<\/a><\/em><\/p>\n\n\n\n<h2 class=\"wp-block-heading\"><span class=\"ez-toc-section\" id=\"Perguntas_frequentes\"><\/span>Perguntas frequentes<span class=\"ez-toc-section-end\"><\/span><\/h2>\n\n\n<div id=\"rank-math-faq\" class=\"rank-math-block\">\n<div class=\"rank-math-list \">\n<div id=\"faq-question-1788071086000\" class=\"rank-math-list-item\">\n<h3 class=\"rank-math-question \"><span class=\"ez-toc-section\" id=\"Preciso_me_hospedar_bem_no_centro_de_Viena\"><\/span>Preciso me hospedar bem no centro de Viena?<span class=\"ez-toc-section-end\"><\/span><\/h3>\n<div class=\"rank-math-answer \">\n\n<p>Definitivamente n\u00e3o \u00e9 necess\u00e1rio. Viena tem uma rede de metr\u00f4 e bondes absolutamente confi\u00e1vel, limpa e muito densa. Se voc\u00ea se hospedar em distritos adjacentes como o popular Neubau, Mariahilf ou Wieden, pagar\u00e1 significativamente menos por um hotel lindo e chegar\u00e1 ao centro hist\u00f3rico de transporte p\u00fablico em at\u00e9 dez minutos.<\/p>\n\n<\/div>\n<\/div>\n<div id=\"faq-question-1788071086001\" class=\"rank-math-list-item\">\n<h3 class=\"rank-math-question \"><span class=\"ez-toc-section\" id=\"Onde_se_hospedar_quando_for_aos_mercados_de_Natal\"><\/span>Onde se hospedar quando for aos mercados de Natal?<span class=\"ez-toc-section-end\"><\/span><\/h3>\n<div class=\"rank-math-answer \">\n\n<p>Os maiores e mais famosos mercados de Natal ficam em frente ao pr\u00e9dio da prefeitura e no majestoso pal\u00e1cio Sch\u00f6nbrunn. O mais estrat\u00e9gico \u00e9 se hospedar nos distritos Innere Stadt, Josefstadt ou Neubau, de onde voc\u00ea pode chegar aos mercados mais bonitos atrav\u00e9s de ruas lindamente decoradas, tranquilamente a p\u00e9, e aproveitar aquela verdadeira atmosfera festiva.<\/p>\n\n<\/div>\n<\/div>\n<div id=\"faq-question-1788071086002\" class=\"rank-math-list-item\">\n<h3 class=\"rank-math-question \"><span class=\"ez-toc-section\" id=\"Como_funciona_o_estacionamento_no_hotel_em_Viena\"><\/span>Como funciona o estacionamento no hotel em Viena?<span class=\"ez-toc-section-end\"><\/span><\/h3>\n<div class=\"rank-math-answer \">\n\n<p>O estacionamento na rua em Viena \u00e9 estritamente regulamentado e muito desvantajoso para turistas comuns. Portanto, sempre verifique com anteced\u00eancia se o hotel escolhido oferece vagas de estacionamento pr\u00f3prias e vigiadas, e considere que a taxa fica na casa das dezenas de euros por uma \u00fanica noite. Uma alternativa excelente e mais barata s\u00e3o os estacionamentos P+R nas periferias da cidade.<\/p>\n\n<\/div>\n<\/div>\n<div id=\"faq-question-1788071086003\" class=\"rank-math-list-item\">\n<h3 class=\"rank-math-question \"><span class=\"ez-toc-section\" id=\"Os_hoteis_em_Viena_sao_caros\"><\/span>Os hot\u00e9is em Viena s\u00e3o caros?<span class=\"ez-toc-section-end\"><\/span><\/h3>\n<div class=\"rank-math-answer \">\n\n<p>A faixa de pre\u00e7os geral \u00e9 realmente enorme. Enquanto no primeiro distrito voc\u00ea encontra pal\u00e1cios hist\u00f3ricos luxuosos onde a noite custa literalmente uma fortuna, nos bairros ao redor das esta\u00e7\u00f5es de trem e nas proximidades do mercado Naschmarkt voc\u00ea descobre muitos hot\u00e9is boutique e hostels modernos com pre\u00e7os muito acess\u00edveis. Eles oferecem uma rela\u00e7\u00e3o custo-benef\u00edcio absolutamente excelente.<\/p>\n\n<\/div>\n<\/div>\n<div id=\"faq-question-1788071086004\" class=\"rank-math-list-item\">\n<h3 class=\"rank-math-question \"><span class=\"ez-toc-section\" id=\"Qual_bairro_de_Viena_e_o_melhor_para_amantes_de_comida\"><\/span>Qual bairro de Viena \u00e9 o melhor para amantes de comida?<span class=\"ez-toc-section-end\"><\/span><\/h3>\n<div class=\"rank-math-answer \">\n\n<p>Se voc\u00ea viaja principalmente pela excelente gastronomia, procure hospedagem no distrito Wieden ou Mariahilf perto do famoso mercado Naschmarkt. Voc\u00ea encontrar\u00e1 uma enorme quantidade de bistr\u00f4s modernos, barracas com ingredientes locais frescos, excelentes restaurantes vegetarianos e pequenos caf\u00e9s aut\u00eanticos com o melhor caf\u00e9.<\/p>\n\n<\/div>\n<\/div>\n<div id=\"faq-question-1788071086005\" class=\"rank-math-list-item\">\n<h3 class=\"rank-math-question \"><span class=\"ez-toc-section\" id=\"Qual_e_a_melhor_epoca_para_reservar_hotel\"><\/span>Qual \u00e9 a melhor \u00e9poca para reservar hotel?<span class=\"ez-toc-section-end\"><\/span><\/h3>\n<div class=\"rank-math-answer \">\n\n<p>Para as lindas datas de primavera e outono, recomendo reservar o quarto com pelo menos dois meses de anteced\u00eancia. Mas se voc\u00ea planeja ir a Viena em dezembro para o famoso fim de semana do Advento, resolva a hospedagem idealmente j\u00e1 no final do ver\u00e3o. Os hot\u00e9is melhores e com pre\u00e7os mais acess\u00edveis costumam esgotar muito rapidamente.<\/p>\n\n<\/div>\n<\/div>\n<div id=\"faq-question-1788071086006\" class=\"rank-math-list-item\">\n<h3 class=\"rank-math-question \"><span class=\"ez-toc-section\" id=\"Onde_se_hospedar_em_Viena_com_criancas\"><\/span>Onde se hospedar em Viena com crian\u00e7as?<span class=\"ez-toc-section-end\"><\/span><\/h3>\n<div class=\"rank-math-answer \">\n\n<p>Para fam\u00edlias com crian\u00e7as pequenas, uma escolha absolutamente fant\u00e1stica \u00e9 o distrito Leopoldstadt, de n\u00famero dois. \u00c9 uma \u00e1rea muito tranquila que oferece muitas \u00e1reas verdes necess\u00e1rias para descanso. Mas principalmente voc\u00ea tem \u00e0 m\u00e3o o enorme parque de divers\u00f5es Prater, onde as crian\u00e7as se divertem incrivelmente em dezenas de atra\u00e7\u00f5es.<\/p>\n\n<\/div>\n<\/div>\n<\/div>\n<\/div>\n","protected":false},"excerpt":{"rendered":"<p>Vai viajar para Viena, na \u00c1ustria, e n\u00e3o sabe qual bairro escolher? Preparei para voc\u00ea um panorama dos 26 melhores hot\u00e9is para todos os or\u00e7amentos.<\/p>\n","protected":false},"author":3,"featured_media":407188,"comment_status":"open","ping_status":"open","sticky":false,"template":"","format":"standard","meta":{"_acf_changed":false,"footnotes":"","rank_math_title":"Onde ficar em Viena, \u00c1ustria: 26 hot\u00e9is em 2026","rank_math_description":"Onde ficar em Viena, \u00c1ustria? 26 hot\u00e9is e bairros seguros para todos os or\u00e7amentos, do luxo ao mochil\u00e3o. Veja as dicas e reserve a sua estadia perfeita!","rank_math_focus_keyword":"viena \u00e1ustria","rank_math_seo_score":""},"categories":[1147,1121,1104],"tags":[],"class_list":["post-417473","post","type-post","status-publish","format-standard","has-post-thumbnail","category-austria","category-europa","category-viagens"],"acf":[],"featured_image_src":"https:\/\/loudavymkrokem.cz\/wp-content\/uploads\/2026\/08\/viden-stephansdom.jpg","author_info":{"display_name":"Lucie Kone\u010dn\u00e1","author_link":"https:\/\/loudavymkrokem.cz\/pt-br\/author\/lucie-konecna\/"},"_links":{"self":[{"href":"https:\/\/loudavymkrokem.cz\/pt-br\/wp-json\/wp\/v2\/posts\/417473","targetHints":{"allow":["GET"]}}],"collection":[{"href":"https:\/\/loudavymkrokem.cz\/pt-br\/wp-json\/wp\/v2\/posts"}],"about":[{"href":"https:\/\/loudavymkrokem.cz\/pt-br\/wp-json\/wp\/v2\/types\/post"}],"author":[{"embeddable":true,"href":"https:\/\/loudavymkrokem.cz\/pt-br\/wp-json\/wp\/v2\/users\/3"}],"replies":[{"embeddable":true,"href":"https:\/\/loudavymkrokem.cz\/pt-br\/wp-json\/wp\/v2\/comments?post=417473"}],"version-history":[{"count":2,"href":"https:\/\/loudavymkrokem.cz\/pt-br\/wp-json\/wp\/v2\/posts\/417473\/revisions"}],"predecessor-version":[{"id":417475,"href":"https:\/\/loudavymkrokem.cz\/pt-br\/wp-json\/wp\/v2\/posts\/417473\/revisions\/417475"}],"wp:featuredmedia":[{"embeddable":true,"href":"https:\/\/loudavymkrokem.cz\/pt-br\/wp-json\/wp\/v2\/media\/407188"}],"wp:attachment":[{"href":"https:\/\/loudavymkrokem.cz\/pt-br\/wp-json\/wp\/v2\/media?parent=417473"}],"wp:term":[{"taxonomy":"category","embeddable":true,"href":"https:\/\/loudavymkrokem.cz\/pt-br\/wp-json\/wp\/v2\/categories?post=417473"},{"taxonomy":"post_tag","embeddable":true,"href":"https:\/\/loudavymkrokem.cz\/pt-br\/wp-json\/wp\/v2\/tags?post=417473"}],"curies":[{"name":"wp","href":"https:\/\/api.w.org\/{rel}","templated":true}]}}