{"id":417464,"date":"2026-09-03T21:20:49","date_gmt":"2026-09-03T19:20:49","guid":{"rendered":"https:\/\/loudavymkrokem.cz\/nessebar-bulgaria-o-que-ver\/"},"modified":"2026-09-05T15:49:09","modified_gmt":"2026-09-05T13:49:09","slug":"nessebar-bulgaria-o-que-ver","status":"publish","type":"post","link":"https:\/\/loudavymkrokem.cz\/pt-br\/nessebar-bulgaria-o-que-ver\/","title":{"rendered":"Nessebar, Bulg\u00e1ria: 8 dicas do que ver na cidade UNESCO + pre\u00e7os e transporte"},"content":{"rendered":"\n<p class=\"wp-block-paragraph\">A pen\u00ednsula hist\u00f3rica de Nessebar, na Bulg\u00e1ria, mede apenas 850 por 350 metros, mas, no auge da temporada de ver\u00e3o, mais de 30.000 pessoas chegam todos os dias a esse pedacinho de terra. A maioria dos visitantes atravessa a rua principal, tira uma foto do velho moinho de madeira, compra uma lembrancinha e volta para o hotel \u2014 e acaba perdendo o que realmente importa. Nessebar \u00e9 uma cidade que, sob a camada do turismo de massa, esconde hist\u00f3rias incr\u00edveis, <strong>muralhas antigas e dezenas de igrejas medievais<\/strong>.<\/p>\n\n\n\n<p class=\"wp-block-paragraph\">Se voc\u00ea est\u00e1 planejando um passeio at\u00e9 aqui, vale saber que <strong>Nessebar n\u00e3o \u00e9 apenas um cen\u00e1rio fotog\u00eanico<\/strong>, mas um organismo vivo que, nos \u00faltimos anos, trava uma luta dif\u00edcil para preservar a sua face hist\u00f3rica. Vou te contar como fugir das maiores multid\u00f5es, onde estacionar caso venha de carro e quais armadilhas para turistas merecem toda a sua aten\u00e7\u00e3o.<\/p>\n\n\n\n<p class=\"wp-block-paragraph\">Vamos juntos descobrir <strong>o que ver em Nessebar<\/strong>, como chegar da vizinha Sunny Beach da melhor forma e quanto voc\u00ea realmente vai pagar por atra\u00e7\u00f5es e comida depois da recente ado\u00e7\u00e3o do euro pela Bulg\u00e1ria.<\/p>\n\n\n\n<figure data-wp-context=\"{&quot;imageId&quot;:&quot;6a9c3a7588e01&quot;}\" data-wp-interactive=\"core\/image\" data-wp-key=\"6a9c3a7588e01\" class=\"wp-block-image size-full wp-lightbox-container\"><img decoding=\"async\" width=\"1800\" height=\"1207\" data-wp-class--hide=\"state.isContentHidden\" data-wp-class--show=\"state.isContentVisible\" data-wp-init=\"callbacks.setButtonStyles\" data-wp-on--click=\"actions.showLightbox\" data-wp-on--load=\"callbacks.setButtonStyles\" data-wp-on--pointerdown=\"actions.preloadImage\" data-wp-on--pointerenter=\"actions.preloadImageWithDelay\" data-wp-on--pointerleave=\"actions.cancelPreload\" data-wp-on-window--resize=\"callbacks.setButtonStyles\" src=\"https:\/\/loudavymkrokem.cz\/wp-content\/uploads\/2026\/08\/bulharsko-research-nesebar-01.jpg\" alt=\"Cidade velha de Nessebar sobre a pen\u00ednsula rochosa\" class=\"wp-image-404843\" title=\"\" srcset=\"https:\/\/loudavymkrokem.cz\/wp-content\/uploads\/2026\/08\/bulharsko-research-nesebar-01.jpg 1800w, https:\/\/loudavymkrokem.cz\/wp-content\/uploads\/2026\/08\/bulharsko-research-nesebar-01-300x201.jpg 300w, https:\/\/loudavymkrokem.cz\/wp-content\/uploads\/2026\/08\/bulharsko-research-nesebar-01-700x469.jpg 700w, https:\/\/loudavymkrokem.cz\/wp-content\/uploads\/2026\/08\/bulharsko-research-nesebar-01-768x515.jpg 768w, https:\/\/loudavymkrokem.cz\/wp-content\/uploads\/2026\/08\/bulharsko-research-nesebar-01-1536x1030.jpg 1536w, https:\/\/loudavymkrokem.cz\/wp-content\/uploads\/2026\/08\/bulharsko-research-nesebar-01-696x467.jpg 696w, https:\/\/loudavymkrokem.cz\/wp-content\/uploads\/2026\/08\/bulharsko-research-nesebar-01-1392x933.jpg 1392w\" sizes=\"(max-width: 1800px) 100vw, 1800px\" \/><button\n\t\t\tclass=\"lightbox-trigger\"\n\t\t\ttype=\"button\"\n\t\t\taria-haspopup=\"dialog\"\n\t\t\tdata-wp-bind--aria-label=\"state.thisImage.triggerButtonAriaLabel\"\n\t\t\tdata-wp-init=\"callbacks.initTriggerButton\"\n\t\t\tdata-wp-on--click=\"actions.showLightbox\"\n\t\t\tdata-wp-style--right=\"state.thisImage.buttonRight\"\n\t\t\tdata-wp-style--top=\"state.thisImage.buttonTop\"\n\t\t>\n\t\t\t<svg xmlns=\"http:\/\/www.w3.org\/2000\/svg\" width=\"12\" height=\"12\" fill=\"none\" viewBox=\"0 0 12 12\">\n\t\t\t\t<path fill=\"#fff\" d=\"M2 0a2 2 0 0 0-2 2v2h1.5V2a.5.5 0 0 1 .5-.5h2V0H2Zm2 10.5H2a.5.5 0 0 1-.5-.5V8H0v2a2 2 0 0 0 2 2h2v-1.5ZM8 12v-1.5h2a.5.5 0 0 0 .5-.5V8H12v2a2 2 0 0 1-2 2H8Zm2-12a2 2 0 0 1 2 2v2h-1.5V2a.5.5 0 0 0-.5-.5H8V0h2Z\" \/>\n\t\t\t<\/svg>\n\t\t<\/button><figcaption class=\"wp-element-caption\">Foto (editada): en:User:Trilobite \/ Wikimedia Commons (Public domain)<\/figcaption><\/figure>\n\n\n\n<div id=\"ez-toc-container\" class=\"ez-toc-v2_0_87 ez-toc-wrap-left counter-hierarchy ez-toc-counter ez-toc-grey ez-toc-container-direction\">\n<div class=\"ez-toc-title-container\">\n<p class=\"ez-toc-title\" style=\"cursor:inherit\">Conte\u00fado do artigo<\/p>\n<span class=\"ez-toc-title-toggle\"><a href=\"#\" class=\"ez-toc-pull-right ez-toc-btn ez-toc-btn-xs ez-toc-btn-default ez-toc-toggle\" aria-label=\"Alternar tabela de conte\u00fado\"><span class=\"ez-toc-js-icon-con\"><span class=\"\"><span class=\"eztoc-hide\" style=\"display:none;\">Toggle<\/span><span class=\"ez-toc-icon-toggle-span\"><svg style=\"fill: #999;color:#999\" xmlns=\"http:\/\/www.w3.org\/2000\/svg\" class=\"list-377408\" width=\"20px\" height=\"20px\" viewBox=\"0 0 24 24\" fill=\"none\"><path d=\"M6 6H4v2h2V6zm14 0H8v2h12V6zM4 11h2v2H4v-2zm16 0H8v2h12v-2zM4 16h2v2H4v-2zm16 0H8v2h12v-2z\" fill=\"currentColor\"><\/path><\/svg><svg style=\"fill: #999;color:#999\" class=\"arrow-unsorted-368013\" xmlns=\"http:\/\/www.w3.org\/2000\/svg\" width=\"10px\" height=\"10px\" viewBox=\"0 0 24 24\" version=\"1.2\" baseProfile=\"tiny\"><path d=\"M18.2 9.3l-6.2-6.3-6.2 6.3c-.2.2-.3.4-.3.7s.1.5.3.7c.2.2.4.3.7.3h11c.3 0 .5-.1.7-.3.2-.2.3-.5.3-.7s-.1-.5-.3-.7zM5.8 14.7l6.2 6.3 6.2-6.3c.2-.2.3-.5.3-.7s-.1-.5-.3-.7c-.2-.2-.4-.3-.7-.3h-11c-.3 0-.5.1-.7.3-.2.2-.3.5-.3.7s.1.5.3.7z\"\/><\/svg><\/span><\/span><\/span><\/a><\/span><\/div>\n<nav><ul class='ez-toc-list ez-toc-list-level-1 ' ><ul class='ez-toc-list-level-3' ><li class='ez-toc-heading-level-3'><a class=\"ez-toc-link ez-toc-heading-1\" href=\"https:\/\/loudavymkrokem.cz\/pt-br\/nessebar-bulgaria-o-que-ver\/#Resumo_para_quem_nao_tem_tempo_de_ler_o_artigo_inteiro\" >Resumo para quem n\u00e3o tem tempo de ler o artigo inteiro<\/a><\/li><\/ul><\/li><li class='ez-toc-page-1 ez-toc-heading-level-2'><a class=\"ez-toc-link ez-toc-heading-2\" href=\"https:\/\/loudavymkrokem.cz\/pt-br\/nessebar-bulgaria-o-que-ver\/#Quanto_custa_Nessebar_e_como_se_paga_por_aqui\" >Quanto custa Nessebar e como se paga por aqui<\/a><\/li><li class='ez-toc-page-1 ez-toc-heading-level-2'><a class=\"ez-toc-link ez-toc-heading-3\" href=\"https:\/\/loudavymkrokem.cz\/pt-br\/nessebar-bulgaria-o-que-ver\/#Quais_igrejas_da_para_visitar_por_dentro\" >Quais igrejas d\u00e1 para visitar por dentro<\/a><\/li><li class='ez-toc-page-1 ez-toc-heading-level-2'><a class=\"ez-toc-link ez-toc-heading-4\" href=\"https:\/\/loudavymkrokem.cz\/pt-br\/nessebar-bulgaria-o-que-ver\/#Como_chegar_a_Nessebar_e_onde_estacionar\" >Como chegar a Nessebar e onde estacionar<\/a><\/li><li class='ez-toc-page-1 ez-toc-heading-level-2'><a class=\"ez-toc-link ez-toc-heading-5\" href=\"https:\/\/loudavymkrokem.cz\/pt-br\/nessebar-bulgaria-o-que-ver\/#Taxi_mas_com_muito_cuidado\" >T\u00e1xi, mas com muito cuidado<\/a><\/li><li class='ez-toc-page-1 ez-toc-heading-level-2'><a class=\"ez-toc-link ez-toc-heading-6\" href=\"https:\/\/loudavymkrokem.cz\/pt-br\/nessebar-bulgaria-o-que-ver\/#Quando_visitar_Nessebar_para_ter_a_cidade_quase_so_para_voce\" >Quando visitar Nessebar para ter a cidade quase s\u00f3 para voc\u00ea<\/a><\/li><li class='ez-toc-page-1 ez-toc-heading-level-2'><a class=\"ez-toc-link ez-toc-heading-7\" href=\"https:\/\/loudavymkrokem.cz\/pt-br\/nessebar-bulgaria-o-que-ver\/#Igrejas_e_templos_8_lugares_que_voce_precisa_ver\" >Igrejas e templos: 8 lugares que voc\u00ea precisa ver<\/a><ul class='ez-toc-list-level-3' ><li class='ez-toc-heading-level-3'><a class=\"ez-toc-link ez-toc-heading-8\" href=\"https:\/\/loudavymkrokem.cz\/pt-br\/nessebar-bulgaria-o-que-ver\/#1_Igreja_de_Santo_Estevao_Nova_Metropole\" >1. Igreja de Santo Est\u00eav\u00e3o (Nova Metr\u00f3pole)<\/a><\/li><li class='ez-toc-page-1 ez-toc-heading-level-3'><a class=\"ez-toc-link ez-toc-heading-9\" href=\"https:\/\/loudavymkrokem.cz\/pt-br\/nessebar-bulgaria-o-que-ver\/#2_Igreja_do_Santo_Salvador_Ascensao\" >2. Igreja do Santo Salvador (Ascens\u00e3o)<\/a><\/li><li class='ez-toc-page-1 ez-toc-heading-level-3'><a class=\"ez-toc-link ez-toc-heading-10\" href=\"https:\/\/loudavymkrokem.cz\/pt-br\/nessebar-bulgaria-o-que-ver\/#3_Basilica_de_Santa_Sofia_Velha_Metropole\" >3. Bas\u00edlica de Santa Sofia (Velha Metr\u00f3pole)<\/a><\/li><li class='ez-toc-page-1 ez-toc-heading-level-3'><a class=\"ez-toc-link ez-toc-heading-11\" href=\"https:\/\/loudavymkrokem.cz\/pt-br\/nessebar-bulgaria-o-que-ver\/#4_Igreja_de_Sao_Joao_Batista\" >4. Igreja de S\u00e3o Jo\u00e3o Batista<\/a><\/li><li class='ez-toc-page-1 ez-toc-heading-level-3'><a class=\"ez-toc-link ez-toc-heading-12\" href=\"https:\/\/loudavymkrokem.cz\/pt-br\/nessebar-bulgaria-o-que-ver\/#5_Igreja_de_Sao_Joao_Aliturgetos_a_Nao_Consagrada\" >5. Igreja de S\u00e3o Jo\u00e3o Aliturgetos (a N\u00e3o Consagrada)<\/a><\/li><li class='ez-toc-page-1 ez-toc-heading-level-3'><a class=\"ez-toc-link ez-toc-heading-13\" href=\"https:\/\/loudavymkrokem.cz\/pt-br\/nessebar-bulgaria-o-que-ver\/#6_Igreja_de_Cristo_Pantocrator\" >6. Igreja de Cristo Pantocrator<\/a><\/li><li class='ez-toc-page-1 ez-toc-heading-level-3'><a class=\"ez-toc-link ez-toc-heading-14\" href=\"https:\/\/loudavymkrokem.cz\/pt-br\/nessebar-bulgaria-o-que-ver\/#7_Basilica_da_Virgem_Eleusa\" >7. Bas\u00edlica da Virgem Eleusa<\/a><\/li><li class='ez-toc-page-1 ez-toc-heading-level-3'><a class=\"ez-toc-link ez-toc-heading-15\" href=\"https:\/\/loudavymkrokem.cz\/pt-br\/nessebar-bulgaria-o-que-ver\/#8_Igreja_da_Virgem_Maria_Assuncao\" >8. Igreja da Virgem Maria (Assun\u00e7\u00e3o)<\/a><\/li><\/ul><\/li><li class='ez-toc-page-1 ez-toc-heading-level-2'><a class=\"ez-toc-link ez-toc-heading-16\" href=\"https:\/\/loudavymkrokem.cz\/pt-br\/nessebar-bulgaria-o-que-ver\/#Muralhas_moinho_e_ruelas_da_cidade_velha\" >Muralhas, moinho e ruelas da cidade velha<\/a><ul class='ez-toc-list-level-3' ><li class='ez-toc-heading-level-3'><a class=\"ez-toc-link ez-toc-heading-17\" href=\"https:\/\/loudavymkrokem.cz\/pt-br\/nessebar-bulgaria-o-que-ver\/#9_Moinho_de_vento_no_istmo\" >9. Moinho de vento no istmo<\/a><\/li><li class='ez-toc-page-1 ez-toc-heading-level-3'><a class=\"ez-toc-link ez-toc-heading-18\" href=\"https:\/\/loudavymkrokem.cz\/pt-br\/nessebar-bulgaria-o-que-ver\/#10_Muralhas_oeste_e_o_portao_principal\" >10. Muralhas oeste e o port\u00e3o principal<\/a><\/li><li class='ez-toc-page-1 ez-toc-heading-level-3'><a class=\"ez-toc-link ez-toc-heading-19\" href=\"https:\/\/loudavymkrokem.cz\/pt-br\/nessebar-bulgaria-o-que-ver\/#11_Termas_paleobizantinas\" >11. Termas paleobizantinas<\/a><\/li><li class='ez-toc-page-1 ez-toc-heading-level-3'><a class=\"ez-toc-link ez-toc-heading-20\" href=\"https:\/\/loudavymkrokem.cz\/pt-br\/nessebar-bulgaria-o-que-ver\/#12_Casas_do_renascimento_nacional_de_Nessebar\" >12. Casas do renascimento nacional de Nessebar<\/a><\/li><\/ul><\/li><li class='ez-toc-page-1 ez-toc-heading-level-2'><a class=\"ez-toc-link ez-toc-heading-21\" href=\"https:\/\/loudavymkrokem.cz\/pt-br\/nessebar-bulgaria-o-que-ver\/#Museus_praias_e_arredores\" >Museus, praias e arredores<\/a><ul class='ez-toc-list-level-3' ><li class='ez-toc-heading-level-3'><a class=\"ez-toc-link ez-toc-heading-22\" href=\"https:\/\/loudavymkrokem.cz\/pt-br\/nessebar-bulgaria-o-que-ver\/#13_Museu_Arqueologico\" >13. Museu Arqueol\u00f3gico<\/a><\/li><li class='ez-toc-page-1 ez-toc-heading-level-3'><a class=\"ez-toc-link ez-toc-heading-23\" href=\"https:\/\/loudavymkrokem.cz\/pt-br\/nessebar-bulgaria-o-que-ver\/#14_Praia_Sul_Nessebar-sul\" >14. Praia Sul (Nessebar-sul)<\/a><\/li><li class='ez-toc-page-1 ez-toc-heading-level-3'><a class=\"ez-toc-link ez-toc-heading-24\" href=\"https:\/\/loudavymkrokem.cz\/pt-br\/nessebar-bulgaria-o-que-ver\/#15_Praias_urbanas_na_cidade_velha_Plakamoto_e_Buna\" >15. Praias urbanas na cidade velha (Plakamoto e Buna)<\/a><\/li><li class='ez-toc-page-1 ez-toc-heading-level-3'><a class=\"ez-toc-link ez-toc-heading-25\" href=\"https:\/\/loudavymkrokem.cz\/pt-br\/nessebar-bulgaria-o-que-ver\/#16_Museu_Etnografico_casa_Moskoyani\" >16. Museu Etnogr\u00e1fico (casa Moskoyani)<\/a><\/li><\/ul><\/li><li class='ez-toc-page-1 ez-toc-heading-level-2'><a class=\"ez-toc-link ez-toc-heading-26\" href=\"https:\/\/loudavymkrokem.cz\/pt-br\/nessebar-bulgaria-o-que-ver\/#Nessebar_quase_perdeu_o_registro_na_UNESCO\" >Nessebar quase perdeu o registro na UNESCO<\/a><\/li><li class='ez-toc-page-1 ez-toc-heading-level-2'><a class=\"ez-toc-link ez-toc-heading-27\" href=\"https:\/\/loudavymkrokem.cz\/pt-br\/nessebar-bulgaria-o-que-ver\/#Nessebar_em_meio_dia_roteiro_passo_a_passo\" >Nessebar em meio dia: roteiro passo a passo<\/a><\/li><li class='ez-toc-page-1 ez-toc-heading-level-2'><a class=\"ez-toc-link ez-toc-heading-28\" href=\"https:\/\/loudavymkrokem.cz\/pt-br\/nessebar-bulgaria-o-que-ver\/#Onde_comer\" >Onde comer<\/a><\/li><li class='ez-toc-page-1 ez-toc-heading-level-2'><a class=\"ez-toc-link ez-toc-heading-29\" href=\"https:\/\/loudavymkrokem.cz\/pt-br\/nessebar-bulgaria-o-que-ver\/#Onde_se_hospedar\" >Onde se hospedar<\/a><\/li><li class='ez-toc-page-1 ez-toc-heading-level-2'><a class=\"ez-toc-link ez-toc-heading-30\" href=\"https:\/\/loudavymkrokem.cz\/pt-br\/nessebar-bulgaria-o-que-ver\/#Com_o_que_ter_cuidado\" >Com o que ter cuidado<\/a><\/li><li class='ez-toc-page-1 ez-toc-heading-level-2'><a class=\"ez-toc-link ez-toc-heading-31\" href=\"https:\/\/loudavymkrokem.cz\/pt-br\/nessebar-bulgaria-o-que-ver\/#Aonde_ir_depois\" >Aonde ir depois<\/a><\/li><li class='ez-toc-page-1 ez-toc-heading-level-2'><a class=\"ez-toc-link ez-toc-heading-32\" href=\"https:\/\/loudavymkrokem.cz\/pt-br\/nessebar-bulgaria-o-que-ver\/#Perguntas_frequentes\" >Perguntas frequentes<\/a><ul class='ez-toc-list-level-3' ><li class='ez-toc-heading-level-3'><a class=\"ez-toc-link ez-toc-heading-33\" href=\"https:\/\/loudavymkrokem.cz\/pt-br\/nessebar-bulgaria-o-que-ver\/#Como_ir_de_Sunny_Beach_para_Nesebar\" >Como ir de Sunny Beach para Nesebar?<\/a><\/li><li class='ez-toc-page-1 ez-toc-heading-level-3'><a class=\"ez-toc-link ez-toc-heading-34\" href=\"https:\/\/loudavymkrokem.cz\/pt-br\/nessebar-bulgaria-o-que-ver\/#Quanto_custam_as_entradas_para_os_monumentos\" >Quanto custam as entradas para os monumentos?<\/a><\/li><li class='ez-toc-page-1 ez-toc-heading-level-3'><a class=\"ez-toc-link ez-toc-heading-35\" href=\"https:\/\/loudavymkrokem.cz\/pt-br\/nessebar-bulgaria-o-que-ver\/#Quanto_tempo_leva_para_visitar_Nesebar\" >Quanto tempo leva para visitar Nesebar?<\/a><\/li><li class='ez-toc-page-1 ez-toc-heading-level-3'><a class=\"ez-toc-link ez-toc-heading-36\" href=\"https:\/\/loudavymkrokem.cz\/pt-br\/nessebar-bulgaria-o-que-ver\/#Na_Bulgaria_se_paga_em_euro\" >Na Bulg\u00e1ria se paga em euro?<\/a><\/li><li class='ez-toc-page-1 ez-toc-heading-level-3'><a class=\"ez-toc-link ez-toc-heading-37\" href=\"https:\/\/loudavymkrokem.cz\/pt-br\/nessebar-bulgaria-o-que-ver\/#Da_para_entrar_de_carro_na_cidade_antiga\" >D\u00e1 para entrar de carro na cidade antiga?<\/a><\/li><li class='ez-toc-page-1 ez-toc-heading-level-3'><a class=\"ez-toc-link ez-toc-heading-38\" href=\"https:\/\/loudavymkrokem.cz\/pt-br\/nessebar-bulgaria-o-que-ver\/#Quais_igrejas_sao_acessiveis_por_dentro\" >Quais igrejas s\u00e3o acess\u00edveis por dentro?<\/a><\/li><li class='ez-toc-page-1 ez-toc-heading-level-3'><a class=\"ez-toc-link ez-toc-heading-39\" href=\"https:\/\/loudavymkrokem.cz\/pt-br\/nessebar-bulgaria-o-que-ver\/#Qual_e_a_temperatura_do_mar_em_Nesebar\" >Qual \u00e9 a temperatura do mar em Nesebar?<\/a><\/li><li class='ez-toc-page-1 ez-toc-heading-level-3'><a class=\"ez-toc-link ez-toc-heading-40\" href=\"https:\/\/loudavymkrokem.cz\/pt-br\/nessebar-bulgaria-o-que-ver\/#Quando_ha_menos_gente_em_Nesebar\" >Quando h\u00e1 menos gente em Nesebar?<\/a><\/li><li class='ez-toc-page-1 ez-toc-heading-level-3'><a class=\"ez-toc-link ez-toc-heading-41\" href=\"https:\/\/loudavymkrokem.cz\/pt-br\/nessebar-bulgaria-o-que-ver\/#Vale_a_pena_o_bilhete_combinado\" >Vale a pena o bilhete combinado?<\/a><\/li><li class='ez-toc-page-1 ez-toc-heading-level-3'><a class=\"ez-toc-link ez-toc-heading-42\" href=\"https:\/\/loudavymkrokem.cz\/pt-br\/nessebar-bulgaria-o-que-ver\/#Nesebar_e_adequado_para_familias_com_carrinho_de_bebe\" >Nesebar \u00e9 adequado para fam\u00edlias com carrinho de beb\u00ea?<\/a><\/li><\/ul><\/li><\/ul><\/nav><\/div>\n<h3 class=\"wp-block-heading\"><span class=\"ez-toc-section\" id=\"Resumo_para_quem_nao_tem_tempo_de_ler_o_artigo_inteiro\"><\/span>Resumo para quem n\u00e3o tem tempo de ler o artigo inteiro<span class=\"ez-toc-section-end\"><\/span><\/h3>\n\n\n\n<ul class=\"wp-block-list\">\n\n<li><strong>Reserve pelo menos meio dia para a visita<\/strong>, mas o ideal \u00e9 chegar logo cedo, antes das 10h, ou ent\u00e3o depois das 18h, quando os grandes \u00f4nibus de excurs\u00e3o v\u00e3o embora.<\/li>\n\n\n\n<li>A Bulg\u00e1ria <strong>usa o euro desde 1\u00ba de janeiro de 2026<\/strong>, ent\u00e3o todas as entradas e gastos em restaurantes j\u00e1 s\u00e3o pagos na moeda europeia, e os cart\u00f5es s\u00e3o aceitos sem nenhum problema.<\/li>\n\n\n\n<li>Das quinze igrejas preservadas, <strong>s\u00f3 \u00e9 poss\u00edvel entrar em cinco delas<\/strong>; as outras s\u00e3o ru\u00ednas de acesso livre que voc\u00ea v\u00ea apenas por fora.<\/li>\n\n\n\n<li><strong>Voc\u00ea n\u00e3o entra de carro na cidade velha sem uma autoriza\u00e7\u00e3o pr\u00e9via<\/strong>, que precisa ser informada pela sua hospedagem \u2014 caso contr\u00e1rio, as cancelas te barram logo depois do istmo.<\/li>\n\n\n\n<li>Da Sunny Beach, <strong>o melhor jeito de chegar \u00e9 o \u00f4nibus local, por cerca de 1 \u20ac<\/strong>, mas tamb\u00e9m d\u00e1 para usar o trenzinho tur\u00edstico ou um barquinho.<\/li>\n\n\n\n<li>O ingresso combinado para todas as atra\u00e7\u00f5es pagas <strong>custa 17,90 \u20ac<\/strong> e voc\u00ea compra logo na entrada da cidade velha, no Museu Arqueol\u00f3gico.<\/li>\n\n\n<\/ul>\n\n\n\n<figure class=\"wp-block-table\"><table><thead><tr><th>#<\/th><th>Lugar<\/th><th>Entra?<\/th><th>Ingresso<\/th><\/tr><\/thead><tbody><tr><td>1<\/td><td>Igreja de Santo Est\u00eav\u00e3o<\/td><td>Sim<\/td><td>4,60 \u20ac<\/td><\/tr><tr><td>2<\/td><td>Igreja do Santo Salvador<\/td><td>Sim<\/td><td>2,56 \u20ac<\/td><\/tr><tr><td>3<\/td><td>Bas\u00edlica de Santa Sofia<\/td><td>N\u00e3o (ru\u00edna)<\/td><td>Gr\u00e1tis<\/td><\/tr><tr><td>4<\/td><td>Igreja de S\u00e3o Jo\u00e3o Batista<\/td><td>Sim<\/td><td>2,56 \u20ac<\/td><\/tr><tr><td>5<\/td><td>Igreja de S\u00e3o Jo\u00e3o Aliturgetos<\/td><td>N\u00e3o (ru\u00edna)<\/td><td>Gr\u00e1tis<\/td><\/tr><tr><td>6<\/td><td>Bas\u00edlica da Virgem Eleusa<\/td><td>N\u00e3o (ru\u00edna)<\/td><td>Gr\u00e1tis<\/td><\/tr><tr><td>7<\/td><td>Igreja da Virgem Maria<\/td><td>Sim<\/td><td>Gr\u00e1tis (em uso)<\/td><\/tr><tr><td>8<\/td><td>Moinho de vento no istmo<\/td><td>Sim<\/td><td>2,56 \u20ac<\/td><\/tr><tr><td>9<\/td><td>Muralhas e port\u00e3o oeste<\/td><td>N\u00e3o (exterior)<\/td><td>Gr\u00e1tis<\/td><\/tr><tr><td>10<\/td><td>Termas paleobizantinas<\/td><td>N\u00e3o (ru\u00edna)<\/td><td>Gr\u00e1tis<\/td><\/tr><tr><td>11<\/td><td>Casas do renascimento nacional<\/td><td>N\u00e3o (exterior)<\/td><td>Gr\u00e1tis<\/td><\/tr><tr><td>12<\/td><td>Museu Arqueol\u00f3gico<\/td><td>Sim<\/td><td>4,60 \u20ac<\/td><\/tr><tr><td>13<\/td><td>Praia Sul (Nessebar-sul)<\/td><td>N\u00e3o (natureza)<\/td><td>Espregui\u00e7adeira 4,09 \u20ac<\/td><\/tr><tr><td>14<\/td><td>Praias urbanas Plakamoto e Buna<\/td><td>N\u00e3o (natureza)<\/td><td>Gr\u00e1tis \/ 4,09 \u20ac<\/td><\/tr><tr><td>15<\/td><td>Museu Etnogr\u00e1fico<\/td><td>Sim<\/td><td>3,07 \u20ac<\/td><\/tr><\/tbody><\/table><\/figure>\n\n\n\n<figure data-wp-context=\"{&quot;imageId&quot;:&quot;6a9c3a7589440&quot;}\" data-wp-interactive=\"core\/image\" data-wp-key=\"6a9c3a7589440\" class=\"wp-block-image size-full wp-lightbox-container\"><img decoding=\"async\" width=\"1800\" height=\"1350\" data-wp-class--hide=\"state.isContentHidden\" data-wp-class--show=\"state.isContentVisible\" data-wp-init=\"callbacks.setButtonStyles\" data-wp-on--click=\"actions.showLightbox\" data-wp-on--load=\"callbacks.setButtonStyles\" data-wp-on--pointerdown=\"actions.preloadImage\" data-wp-on--pointerenter=\"actions.preloadImageWithDelay\" data-wp-on--pointerleave=\"actions.cancelPreload\" data-wp-on-window--resize=\"callbacks.setButtonStyles\" src=\"https:\/\/loudavymkrokem.cz\/wp-content\/uploads\/2026\/08\/bulharsko-research-nesebar-02.jpg\" alt=\"Lojas e ruas da cidade velha de Nessebar, onde se paga em euros\" class=\"wp-image-404845\" title=\"\" srcset=\"https:\/\/loudavymkrokem.cz\/wp-content\/uploads\/2026\/08\/bulharsko-research-nesebar-02.jpg 1800w, https:\/\/loudavymkrokem.cz\/wp-content\/uploads\/2026\/08\/bulharsko-research-nesebar-02-300x225.jpg 300w, https:\/\/loudavymkrokem.cz\/wp-content\/uploads\/2026\/08\/bulharsko-research-nesebar-02-700x525.jpg 700w, https:\/\/loudavymkrokem.cz\/wp-content\/uploads\/2026\/08\/bulharsko-research-nesebar-02-768x576.jpg 768w, https:\/\/loudavymkrokem.cz\/wp-content\/uploads\/2026\/08\/bulharsko-research-nesebar-02-1536x1152.jpg 1536w, https:\/\/loudavymkrokem.cz\/wp-content\/uploads\/2026\/08\/bulharsko-research-nesebar-02-80x60.jpg 80w, https:\/\/loudavymkrokem.cz\/wp-content\/uploads\/2026\/08\/bulharsko-research-nesebar-02-160x120.jpg 160w, https:\/\/loudavymkrokem.cz\/wp-content\/uploads\/2026\/08\/bulharsko-research-nesebar-02-696x522.jpg 696w, https:\/\/loudavymkrokem.cz\/wp-content\/uploads\/2026\/08\/bulharsko-research-nesebar-02-1392x1044.jpg 1392w\" sizes=\"(max-width: 1800px) 100vw, 1800px\" \/><button\n\t\t\tclass=\"lightbox-trigger\"\n\t\t\ttype=\"button\"\n\t\t\taria-haspopup=\"dialog\"\n\t\t\tdata-wp-bind--aria-label=\"state.thisImage.triggerButtonAriaLabel\"\n\t\t\tdata-wp-init=\"callbacks.initTriggerButton\"\n\t\t\tdata-wp-on--click=\"actions.showLightbox\"\n\t\t\tdata-wp-style--right=\"state.thisImage.buttonRight\"\n\t\t\tdata-wp-style--top=\"state.thisImage.buttonTop\"\n\t\t>\n\t\t\t<svg xmlns=\"http:\/\/www.w3.org\/2000\/svg\" width=\"12\" height=\"12\" fill=\"none\" viewBox=\"0 0 12 12\">\n\t\t\t\t<path fill=\"#fff\" d=\"M2 0a2 2 0 0 0-2 2v2h1.5V2a.5.5 0 0 1 .5-.5h2V0H2Zm2 10.5H2a.5.5 0 0 1-.5-.5V8H0v2a2 2 0 0 0 2 2h2v-1.5ZM8 12v-1.5h2a.5.5 0 0 0 .5-.5V8H12v2a2 2 0 0 1-2 2H8Zm2-12a2 2 0 0 1 2 2v2h-1.5V2a.5.5 0 0 0-.5-.5H8V0h2Z\" \/>\n\t\t\t<\/svg>\n\t\t<\/button><figcaption class=\"wp-element-caption\">Foto: Bin im Garten \/ Wikimedia Commons (CC BY-SA 3.0)<\/figcaption><\/figure>\n\n\n\n<h2 class=\"wp-block-heading\"><span class=\"ez-toc-section\" id=\"Quanto_custa_Nessebar_e_como_se_paga_por_aqui\"><\/span>Quanto custa Nessebar e como se paga por aqui<span class=\"ez-toc-section-end\"><\/span><\/h2>\n\n\n\n<p class=\"wp-block-paragraph\">A Bulg\u00e1ria adotou o euro em 1\u00ba de janeiro de 2026, ent\u00e3o todas as informa\u00e7\u00f5es antigas com pre\u00e7os em levs j\u00e1 s\u00e3o hist\u00f3ria. A taxa oficial de convers\u00e3o foi fixada em <strong>1 \u20ac = 1,95583 lv<\/strong>, ou seja, cerca de R$ 6 por euro.<\/p>\n\n\n\n<p class=\"wp-block-paragraph\">Pagar aqui n\u00e3o vai te dar nenhuma dor de cabe\u00e7a, porque <strong>os cart\u00f5es s\u00e3o aceitos normalmente<\/strong> nas entradas das atra\u00e7\u00f5es, nos restaurantes e nos estacionamentos maiores. Se ainda assim voc\u00ea precisar trocar dinheiro, lembre-se de que <strong>as casas de c\u00e2mbio podem variar at\u00e9 5%<\/strong> em rela\u00e7\u00e3o \u00e0 taxa de refer\u00eancia. Nos caixas eletr\u00f4nicos independentes da rua, sempre recuse a convers\u00e3o para a sua pr\u00f3pria moeda (o famoso DCC), sen\u00e3o vai perder dinheiro \u00e0 toa numa taxa ruim.<\/p>\n\n\n\n<p class=\"wp-block-paragraph\">Para 2026, o museu local publicou uma <strong>tabela completa de pre\u00e7os em euros<\/strong>, que facilita muito na hora de se organizar. As crian\u00e7as t\u00eam cerca de 50% de desconto em todas as entradas.<\/p>\n\n\n\n<p class=\"wp-block-paragraph\"><strong>Tabela de ingressos por atra\u00e7\u00e3o (2026):<\/strong><\/p>\n\n\n\n<figure class=\"wp-block-table\"><table><thead><tr><th>Atra\u00e7\u00e3o<\/th><th>Adultos<\/th><th>Crian\u00e7as<\/th><\/tr><\/thead><tbody><tr><td>Museu Arqueol\u00f3gico<\/td><td><strong>4,60 \u20ac<\/strong><\/td><td>2,30 \u20ac<\/td><\/tr><tr><td>Igreja de Santo Est\u00eav\u00e3o<\/td><td><strong>4,60 \u20ac<\/strong><\/td><td>2,30 \u20ac<\/td><\/tr><tr><td>Museu Etnogr\u00e1fico<\/td><td><strong>3,07 \u20ac<\/strong><\/td><td>1,53 \u20ac<\/td><\/tr><tr><td>Igreja do Santo Salvador<\/td><td><strong>2,56 \u20ac<\/strong><\/td><td>1,53 \u20ac<\/td><\/tr><tr><td>Igreja de Santa Paraskeva<\/td><td><strong>2,56 \u20ac<\/strong><\/td><td>1,53 \u20ac<\/td><\/tr><tr><td>Igreja de S\u00e3o Jo\u00e3o Batista<\/td><td><strong>2,56 \u20ac<\/strong><\/td><td>1,53 \u20ac<\/td><\/tr><tr><td>Moinho de vento<\/td><td><strong>2,56 \u20ac<\/strong><\/td><td>1,53 \u20ac<\/td><\/tr><\/tbody><\/table><\/figure>\n\n\n\n<p class=\"wp-block-paragraph\">Se voc\u00ea pretende visitar v\u00e1rios lugares, <strong>vale a pena o ingresso combinado<\/strong>, vendido na bilheteria do <a href=\"https:\/\/www.ancient-nessebar.com\/\" target=\"_blank\" rel=\"noopener nofollow\">Museu Arqueol\u00f3gico<\/a>, logo depois do port\u00e3o da cidade. Os bilhetes est\u00e3o sempre dispon\u00edveis e por dentro raramente h\u00e1 muita fila.<\/p>\n\n\n\n<p class=\"wp-block-paragraph\"><strong>Tabela de ingressos combinados (2026):<\/strong><\/p>\n\n\n\n<figure class=\"wp-block-table\"><table><thead><tr><th>Combina\u00e7\u00e3o<\/th><th>Adultos<\/th><th>Crian\u00e7as<\/th><\/tr><\/thead><tbody><tr><td>Museu Arqueol\u00f3gico + uma igreja<\/td><td><strong>6,14 \u20ac<\/strong><\/td><td>3,07 \u20ac<\/td><\/tr><tr><td>Santo Est\u00eav\u00e3o + Santo Salvador<\/td><td><strong>6,14 \u20ac<\/strong><\/td><td>3,07 \u20ac<\/td><\/tr><tr><td>Museu Arqueol\u00f3gico + Museu Etnogr\u00e1fico<\/td><td><strong>6,65 \u20ac<\/strong><\/td><td>3,07 \u20ac<\/td><\/tr><tr><td>Museu Arqueol\u00f3gico + Santo Est\u00eav\u00e3o<\/td><td><strong>7,67 \u20ac<\/strong><\/td><td>4,09 \u20ac<\/td><\/tr><tr><td>Santo Est\u00eav\u00e3o + 3 atra\u00e7\u00f5es \u00e0 escolha<\/td><td><strong>9,71 \u20ac<\/strong><\/td><td>4,60 \u20ac<\/td><\/tr><tr><td>Museu Arqueol\u00f3gico + Santo Est\u00eav\u00e3o + Etnogr\u00e1fico<\/td><td><strong>10,23 \u20ac<\/strong><\/td><td>5,11 \u20ac<\/td><\/tr><tr><td>Todas as igrejas + moinho<\/td><td><strong>13,29 \u20ac<\/strong><\/td><td>6,65 \u20ac<\/td><\/tr><tr><td><strong>TODAS as atra\u00e7\u00f5es (7 lugares)<\/strong><\/td><td><strong>17,90 \u20ac<\/strong><\/td><td>8,69 \u20ac<\/td><\/tr><\/tbody><\/table><\/figure>\n\n\n\n<p class=\"wp-block-paragraph\">\ud83d\udca1 <strong>Dica sobre os hor\u00e1rios:<\/strong> Na alta temporada, de 2 de junho a 14 de setembro, o Museu Arqueol\u00f3gico e a Igreja de Santo Est\u00eav\u00e3o ficam abertos das 9h \u00e0s 19h. <strong>Mas fique bem atento \u00e0s igrejas menores e ao moinho<\/strong>, que fecham na hora do almo\u00e7o. O hor\u00e1rio deles \u00e9 10h30\u201314h e 14h30\u201319h, ou seja, quem chega ao meio-dia n\u00e3o consegue entrar.<\/p>\n\n\n\n<figure data-wp-context=\"{&quot;imageId&quot;:&quot;6a9c3a7589a27&quot;}\" data-wp-interactive=\"core\/image\" data-wp-key=\"6a9c3a7589a27\" class=\"wp-block-image size-full wp-lightbox-container\"><img decoding=\"async\" width=\"1800\" height=\"1012\" data-wp-class--hide=\"state.isContentHidden\" data-wp-class--show=\"state.isContentVisible\" data-wp-init=\"callbacks.setButtonStyles\" data-wp-on--click=\"actions.showLightbox\" data-wp-on--load=\"callbacks.setButtonStyles\" data-wp-on--pointerdown=\"actions.preloadImage\" data-wp-on--pointerenter=\"actions.preloadImageWithDelay\" data-wp-on--pointerleave=\"actions.cancelPreload\" data-wp-on-window--resize=\"callbacks.setButtonStyles\" src=\"https:\/\/loudavymkrokem.cz\/wp-content\/uploads\/2026\/08\/bulharsko-research-nesebar-03.jpg\" alt=\"Igreja de Santo Est\u00eav\u00e3o, uma das cinco que podem ser visitadas por dentro\" class=\"wp-image-404848\" title=\"\" srcset=\"https:\/\/loudavymkrokem.cz\/wp-content\/uploads\/2026\/08\/bulharsko-research-nesebar-03.jpg 1800w, https:\/\/loudavymkrokem.cz\/wp-content\/uploads\/2026\/08\/bulharsko-research-nesebar-03-300x169.jpg 300w, https:\/\/loudavymkrokem.cz\/wp-content\/uploads\/2026\/08\/bulharsko-research-nesebar-03-700x394.jpg 700w, https:\/\/loudavymkrokem.cz\/wp-content\/uploads\/2026\/08\/bulharsko-research-nesebar-03-768x432.jpg 768w, https:\/\/loudavymkrokem.cz\/wp-content\/uploads\/2026\/08\/bulharsko-research-nesebar-03-1536x864.jpg 1536w, https:\/\/loudavymkrokem.cz\/wp-content\/uploads\/2026\/08\/bulharsko-research-nesebar-03-696x391.jpg 696w, https:\/\/loudavymkrokem.cz\/wp-content\/uploads\/2026\/08\/bulharsko-research-nesebar-03-1392x783.jpg 1392w\" sizes=\"(max-width: 1800px) 100vw, 1800px\" \/><button\n\t\t\tclass=\"lightbox-trigger\"\n\t\t\ttype=\"button\"\n\t\t\taria-haspopup=\"dialog\"\n\t\t\tdata-wp-bind--aria-label=\"state.thisImage.triggerButtonAriaLabel\"\n\t\t\tdata-wp-init=\"callbacks.initTriggerButton\"\n\t\t\tdata-wp-on--click=\"actions.showLightbox\"\n\t\t\tdata-wp-style--right=\"state.thisImage.buttonRight\"\n\t\t\tdata-wp-style--top=\"state.thisImage.buttonTop\"\n\t\t>\n\t\t\t<svg xmlns=\"http:\/\/www.w3.org\/2000\/svg\" width=\"12\" height=\"12\" fill=\"none\" viewBox=\"0 0 12 12\">\n\t\t\t\t<path fill=\"#fff\" d=\"M2 0a2 2 0 0 0-2 2v2h1.5V2a.5.5 0 0 1 .5-.5h2V0H2Zm2 10.5H2a.5.5 0 0 1-.5-.5V8H0v2a2 2 0 0 0 2 2h2v-1.5ZM8 12v-1.5h2a.5.5 0 0 0 .5-.5V8H12v2a2 2 0 0 1-2 2H8Zm2-12a2 2 0 0 1 2 2v2h-1.5V2a.5.5 0 0 0-.5-.5H8V0h2Z\" \/>\n\t\t\t<\/svg>\n\t\t<\/button><figcaption class=\"wp-element-caption\">Foto: Paulmezmerrick \/ Wikimedia Commons (CC BY-SA 4.0)<\/figcaption><\/figure>\n\n\n\n<h2 class=\"wp-block-heading\"><span class=\"ez-toc-section\" id=\"Quais_igrejas_da_para_visitar_por_dentro\"><\/span>Quais igrejas d\u00e1 para visitar por dentro<span class=\"ez-toc-section-end\"><\/span><\/h2>\n\n\n\n<p class=\"wp-block-paragraph\">Lendo os guias, voc\u00ea pode facilmente ficar com a impress\u00e3o de que em Nessebar d\u00e1 para entrar em dezenas de templos antigos, mas a realidade \u00e9 um pouco diferente. As lendas locais falam em mais de quarenta templos, e os arque\u00f3logos t\u00eam provas firmes de vinte e tr\u00eas, mas <strong>o munic\u00edpio hoje registra quinze constru\u00e7\u00f5es preservadas<\/strong>, das quais treze s\u00e3o protegidas como patrim\u00f4nio cultural.<\/p>\n\n\n\n<p class=\"wp-block-paragraph\">Desse total, <strong>apenas quatro igrejas hist\u00f3ricas podem ser visitadas por dentro como museus com ingresso<\/strong>, enquanto as missas acontecem em um \u00fanico templo em funcionamento, do s\u00e9culo XIX. Todas as outras atra\u00e7\u00f5es famosas s\u00e3o ru\u00ednas de acesso livre, sem telhado, que voc\u00ea v\u00ea por fora quando quiser e de gra\u00e7a.<\/p>\n\n\n\n<figure class=\"wp-block-table\"><table><thead><tr><th>Igreja<\/th><th>S\u00e9culo<\/th><th>Entra?<\/th><th>Ingresso<\/th><th>O que voc\u00ea v\u00ea por dentro<\/th><\/tr><\/thead><tbody><tr><td><strong>Santo Est\u00eav\u00e3o<\/strong><\/td><td>s\u00e9c. XI\u2013XIII<\/td><td><strong>Sim<\/strong><\/td><td>4,60 \u20ac<\/td><td>Mais de 1.000 figuras em lindos afrescos de 1599, iconostase pintada e trono entalhado em madeira.<\/td><\/tr><tr><td><strong>Santo Salvador<\/strong><\/td><td>s\u00e9c. XVII (1609)<\/td><td><strong>Sim<\/strong><\/td><td>2,56 \u20ac<\/td><td>Paredes cobertas de afrescos do s\u00e9culo XVII, local original da l\u00e1pide de uma princesa bizantina.<\/td><\/tr><tr><td><strong>Santa Paraskeva<\/strong><\/td><td>s\u00e9c. XIII\u2013XIV<\/td><td><strong>Sim<\/strong><\/td><td>2,56 \u20ac<\/td><td>Exposi\u00e7\u00e3o de afrescos resgatados da igreja demolida de S\u00e3o Jorge, derrubada em 1958.<\/td><\/tr><tr><td><strong>S\u00e3o Jo\u00e3o Batista<\/strong><\/td><td>s\u00e9c. X\u2013XI<\/td><td><strong>Sim<\/strong><\/td><td>2,56 \u20ac<\/td><td>Raro retrato dos fundadores do s\u00e9culo XIV e afresco de Santa Marina. A igreja fica sobre alicerces mais antigos.<\/td><\/tr><tr><td><strong>Virgem Maria<\/strong><\/td><td>s\u00e9c. XIX (1894)<\/td><td><strong>Sim<\/strong><\/td><td>Gr\u00e1tis<\/td><td>\u00danico templo vivo em uso, com torre sineira alta e \u00edcone milagroso, lugar preferido para casamentos locais.<\/td><\/tr><tr><td><strong>Santa Sofia<\/strong><\/td><td>s\u00e9c. V<\/td><td><strong>N\u00e3o<\/strong> (ru\u00edna)<\/td><td>Gr\u00e1tis<\/td><td>Enorme bas\u00edlica sem telhado, a mais fotografada, bem no centro da pen\u00ednsula.<\/td><\/tr><tr><td><strong>S\u00e3o Jo\u00e3o Aliturgetos<\/strong><\/td><td>s\u00e9c. XIV<\/td><td><strong>N\u00e3o<\/strong> (ru\u00edna)<\/td><td>Gr\u00e1tis<\/td><td>Bel\u00edssimo exemplo do estilo pitoresco de alvenaria acima do porto, danificado por um forte terremoto em 1913.<\/td><\/tr><tr><td><strong>Cristo Pantocrator<\/strong><\/td><td>s\u00e9c. XIII\u2013XIV<\/td><td><strong>S\u00f3 por fora<\/strong> \u26a0\ufe0f<\/td><td>Confirme no local<\/td><td>A fachada mais ornamentada da cidade, com friso de su\u00e1sticas, s\u00edmbolo solar. Por dentro costuma estar fechada por causa de uma longa reforma.<\/td><\/tr><tr><td><strong>Virgem Eleusa<\/strong><\/td><td>s\u00e9c. V\u2013VI<\/td><td><strong>N\u00e3o<\/strong> (ru\u00edna)<\/td><td>Gr\u00e1tis<\/td><td>Bas\u00edlica ampla na margem norte, cuja parte desmoronou no mar no passado.<\/td><\/tr><\/tbody><\/table><\/figure>\n\n\n\n<figure data-wp-context=\"{&quot;imageId&quot;:&quot;6a9c3a7589f2f&quot;}\" data-wp-interactive=\"core\/image\" data-wp-key=\"6a9c3a7589f2f\" class=\"wp-block-image size-full wp-lightbox-container\"><img decoding=\"async\" width=\"1800\" height=\"1350\" data-wp-class--hide=\"state.isContentHidden\" data-wp-class--show=\"state.isContentVisible\" data-wp-init=\"callbacks.setButtonStyles\" data-wp-on--click=\"actions.showLightbox\" data-wp-on--load=\"callbacks.setButtonStyles\" data-wp-on--pointerdown=\"actions.preloadImage\" data-wp-on--pointerenter=\"actions.preloadImageWithDelay\" data-wp-on--pointerleave=\"actions.cancelPreload\" data-wp-on-window--resize=\"callbacks.setButtonStyles\" src=\"https:\/\/loudavymkrokem.cz\/wp-content\/uploads\/2026\/08\/bulharsko-research-nesebar-04.jpg\" alt=\"Rua de paralelep\u00edpedos da cidade velha de Nessebar\" class=\"wp-image-404849\" title=\"\" srcset=\"https:\/\/loudavymkrokem.cz\/wp-content\/uploads\/2026\/08\/bulharsko-research-nesebar-04.jpg 1800w, https:\/\/loudavymkrokem.cz\/wp-content\/uploads\/2026\/08\/bulharsko-research-nesebar-04-300x225.jpg 300w, https:\/\/loudavymkrokem.cz\/wp-content\/uploads\/2026\/08\/bulharsko-research-nesebar-04-700x525.jpg 700w, https:\/\/loudavymkrokem.cz\/wp-content\/uploads\/2026\/08\/bulharsko-research-nesebar-04-768x576.jpg 768w, https:\/\/loudavymkrokem.cz\/wp-content\/uploads\/2026\/08\/bulharsko-research-nesebar-04-1536x1152.jpg 1536w, https:\/\/loudavymkrokem.cz\/wp-content\/uploads\/2026\/08\/bulharsko-research-nesebar-04-80x60.jpg 80w, https:\/\/loudavymkrokem.cz\/wp-content\/uploads\/2026\/08\/bulharsko-research-nesebar-04-160x120.jpg 160w, https:\/\/loudavymkrokem.cz\/wp-content\/uploads\/2026\/08\/bulharsko-research-nesebar-04-696x522.jpg 696w, https:\/\/loudavymkrokem.cz\/wp-content\/uploads\/2026\/08\/bulharsko-research-nesebar-04-1392x1044.jpg 1392w\" sizes=\"(max-width: 1800px) 100vw, 1800px\" \/><button\n\t\t\tclass=\"lightbox-trigger\"\n\t\t\ttype=\"button\"\n\t\t\taria-haspopup=\"dialog\"\n\t\t\tdata-wp-bind--aria-label=\"state.thisImage.triggerButtonAriaLabel\"\n\t\t\tdata-wp-init=\"callbacks.initTriggerButton\"\n\t\t\tdata-wp-on--click=\"actions.showLightbox\"\n\t\t\tdata-wp-style--right=\"state.thisImage.buttonRight\"\n\t\t\tdata-wp-style--top=\"state.thisImage.buttonTop\"\n\t\t>\n\t\t\t<svg xmlns=\"http:\/\/www.w3.org\/2000\/svg\" width=\"12\" height=\"12\" fill=\"none\" viewBox=\"0 0 12 12\">\n\t\t\t\t<path fill=\"#fff\" d=\"M2 0a2 2 0 0 0-2 2v2h1.5V2a.5.5 0 0 1 .5-.5h2V0H2Zm2 10.5H2a.5.5 0 0 1-.5-.5V8H0v2a2 2 0 0 0 2 2h2v-1.5ZM8 12v-1.5h2a.5.5 0 0 0 .5-.5V8H12v2a2 2 0 0 1-2 2H8Zm2-12a2 2 0 0 1 2 2v2h-1.5V2a.5.5 0 0 0-.5-.5H8V0h2Z\" \/>\n\t\t\t<\/svg>\n\t\t<\/button><figcaption class=\"wp-element-caption\">Foto: Tanya Dedyukhina \/ Wikimedia Commons, CC BY 3.0<\/figcaption><\/figure>\n\n\n\n<h2 class=\"wp-block-heading\"><span class=\"ez-toc-section\" id=\"Como_chegar_a_Nessebar_e_onde_estacionar\"><\/span>Como chegar a Nessebar e onde estacionar<span class=\"ez-toc-section-end\"><\/span><\/h2>\n\n\n\n<p class=\"wp-block-paragraph\">Chegar \u00e0 cidade velha exige um pouco de planejamento, principalmente se voc\u00ea pretende vir com carro pr\u00f3prio ou alugado. A pergunta mais comum nos f\u00f3runs \u00e9 sobre o trajeto a partir dos balne\u00e1rios vizinhos, porque <strong>entre a Sunny Beach e Nessebar circulam multid\u00f5es de turistas<\/strong> de manh\u00e3 \u00e0 noite.<\/p>\n\n\n\n<p class=\"wp-block-paragraph\">A op\u00e7\u00e3o mais pr\u00e1tica e barata \u00e9 usar o <strong><a href=\"https:\/\/cbs-nesebar.com\/\" target=\"_blank\" rel=\"noopener nofollow\">transporte de \u00f4nibus local<\/a><\/strong>, especificamente as linhas 1, 4, 5 e 8, que operam no hor\u00e1rio oficial de ver\u00e3o a partir do in\u00edcio de junho. A mais movimentada \u00e9 a linha 1, que sai da Sunny Beach das 5h45 at\u00e9 a meia-noite, num intervalo \u00f3timo de 10 a 20 minutos. A viagem leva cerca de quinze minutos, <strong>a passagem custa por volta de 1 \u20ac e se paga em dinheiro direto com o cobrador<\/strong> dentro do ve\u00edculo. Do aeroporto de Burgas n\u00e3o h\u00e1 \u00f4nibus direto: voc\u00ea precisa pegar a linha urbana 15 at\u00e9 a rodovi\u00e1ria sul de Burgas e ali fazer a baldea\u00e7\u00e3o para o \u00f4nibus intermunicipal.<\/p>\n\n\n\n<p class=\"wp-block-paragraph\">Uma alternativa \u00e9 o popular <strong>trenzinho tur\u00edstico<\/strong>, que faz quatro rotas a cada quinze minutos, ou os <strong>pequenos barcos de passeio<\/strong>, que saem a cada meia hora dos portos da Sunny Beach. O barquinho sai por cerca de 10 \u20ac para adultos e 5 \u20ac para crian\u00e7as \u2014 uma experi\u00eancia \u00f3tima, mas conte que, com vento mais forte, a travessia pode balan\u00e7ar bastante.<\/p>\n\n\n\n<p class=\"wp-block-paragraph\">Se voc\u00ea vai de carro, precisa saber de uma coisa fundamental: <strong>n\u00e3o d\u00e1 para entrar na pen\u00ednsula de carro sem uma autoriza\u00e7\u00e3o pr\u00e9via<\/strong>. N\u00e3o existe taxa de entrada \u2014 o sistema funciona assim: os h\u00f3spedes hospedados dentro da cidade velha precisam ter a placa do carro informada antes, pela recep\u00e7\u00e3o do hotel. Assim que voc\u00ea chega, as cancelas abrem e voc\u00ea <strong>tem exatamente uma hora para descarregar a bagagem<\/strong>; depois disso, precisa levar o carro para um estacionamento fora.<\/p>\n\n\n\n<p class=\"wp-block-paragraph\"><strong>Onde estacionar e quanto custa:<\/strong><\/p>\n\n\n\n<p class=\"wp-block-paragraph\">A melhor op\u00e7\u00e3o \u00e9 o grande estacionamento totalmente automatizado <strong><a href=\"https:\/\/nessebar.bg\/\" target=\"_blank\" rel=\"noopener nofollow\">Parking North (\u0421\u0435\u0432\u0435\u0440 \u2013 \u0433\u043e\u043b\u044f\u043c), na rua Kraybrezhna<\/a><\/strong>, onde voc\u00ea paga confortavelmente com cart\u00e3o. Pain\u00e9is eletr\u00f4nicos j\u00e1 indicam de longe o n\u00famero de vagas livres.<\/p>\n\n\n\n<ul class=\"wp-block-list\">\n\n<li>Carro de passeio at\u00e9 5 horas de estacionamento: <strong>1,50 \u20ac por hora<\/strong><\/li>\n\n\n\n<li>Carro de passeio de 5 a 24 horas: <strong>7,50 \u20ac pelo dia inteiro<\/strong><\/li>\n\n\n\n<li>Zona azul na cidade nova (m\u00e1ximo de 3 horas): <strong>1,00 \u20ac por hora<\/strong><\/li>\n\n\n<\/ul>\n\n\n\n<p class=\"wp-block-paragraph\">Muito cuidado ao estacionar fora das vagas demarcadas. A pol\u00edcia local n\u00e3o perdoa: <strong>colocar o bloqueador de roda custa 20 \u20ac<\/strong> e o reboque do ve\u00edculo sai por 40 \u20ac, mais o valor por hora de estacionamento.<\/p>\n\n\n\n<figure data-wp-context=\"{&quot;imageId&quot;:&quot;6a9c3a758a55d&quot;}\" data-wp-interactive=\"core\/image\" data-wp-key=\"6a9c3a758a55d\" class=\"wp-block-image size-full wp-lightbox-container\"><img decoding=\"async\" width=\"1800\" height=\"1195\" data-wp-class--hide=\"state.isContentHidden\" data-wp-class--show=\"state.isContentVisible\" data-wp-init=\"callbacks.setButtonStyles\" data-wp-on--click=\"actions.showLightbox\" data-wp-on--load=\"callbacks.setButtonStyles\" data-wp-on--pointerdown=\"actions.preloadImage\" data-wp-on--pointerenter=\"actions.preloadImageWithDelay\" data-wp-on--pointerleave=\"actions.cancelPreload\" data-wp-on-window--resize=\"callbacks.setButtonStyles\" src=\"https:\/\/loudavymkrokem.cz\/wp-content\/uploads\/2026\/08\/bulharsko-research-nesebar-05.jpg\" alt=\"Porto em Nessebar\" class=\"wp-image-404852\" title=\"\" srcset=\"https:\/\/loudavymkrokem.cz\/wp-content\/uploads\/2026\/08\/bulharsko-research-nesebar-05.jpg 1800w, https:\/\/loudavymkrokem.cz\/wp-content\/uploads\/2026\/08\/bulharsko-research-nesebar-05-300x199.jpg 300w, https:\/\/loudavymkrokem.cz\/wp-content\/uploads\/2026\/08\/bulharsko-research-nesebar-05-700x465.jpg 700w, https:\/\/loudavymkrokem.cz\/wp-content\/uploads\/2026\/08\/bulharsko-research-nesebar-05-768x510.jpg 768w, https:\/\/loudavymkrokem.cz\/wp-content\/uploads\/2026\/08\/bulharsko-research-nesebar-05-1536x1020.jpg 1536w, https:\/\/loudavymkrokem.cz\/wp-content\/uploads\/2026\/08\/bulharsko-research-nesebar-05-696x462.jpg 696w, https:\/\/loudavymkrokem.cz\/wp-content\/uploads\/2026\/08\/bulharsko-research-nesebar-05-1392x924.jpg 1392w\" sizes=\"(max-width: 1800px) 100vw, 1800px\" \/><button\n\t\t\tclass=\"lightbox-trigger\"\n\t\t\ttype=\"button\"\n\t\t\taria-haspopup=\"dialog\"\n\t\t\tdata-wp-bind--aria-label=\"state.thisImage.triggerButtonAriaLabel\"\n\t\t\tdata-wp-init=\"callbacks.initTriggerButton\"\n\t\t\tdata-wp-on--click=\"actions.showLightbox\"\n\t\t\tdata-wp-style--right=\"state.thisImage.buttonRight\"\n\t\t\tdata-wp-style--top=\"state.thisImage.buttonTop\"\n\t\t>\n\t\t\t<svg xmlns=\"http:\/\/www.w3.org\/2000\/svg\" width=\"12\" height=\"12\" fill=\"none\" viewBox=\"0 0 12 12\">\n\t\t\t\t<path fill=\"#fff\" d=\"M2 0a2 2 0 0 0-2 2v2h1.5V2a.5.5 0 0 1 .5-.5h2V0H2Zm2 10.5H2a.5.5 0 0 1-.5-.5V8H0v2a2 2 0 0 0 2 2h2v-1.5ZM8 12v-1.5h2a.5.5 0 0 0 .5-.5V8H12v2a2 2 0 0 1-2 2H8Zm2-12a2 2 0 0 1 2 2v2h-1.5V2a.5.5 0 0 0-.5-.5H8V0h2Z\" \/>\n\t\t\t<\/svg>\n\t\t<\/button><figcaption class=\"wp-element-caption\">Foto: Wistula \/ Wikimedia Commons, CC BY 3.0<\/figcaption><\/figure>\n\n\n\n<h2 class=\"wp-block-heading\"><span class=\"ez-toc-section\" id=\"Taxi_mas_com_muito_cuidado\"><\/span>T\u00e1xi, mas com muito cuidado<span class=\"ez-toc-section-end\"><\/span><\/h2>\n\n\n\n<p class=\"wp-block-paragraph\">Viajando pelo litoral b\u00falgaro, voc\u00ea vai esbarrar num fen\u00f4meno bem chato que pode te custar muito dinheiro. <strong>A tarifa por quil\u00f4metro de t\u00e1xi no munic\u00edpio de Nessebar \u00e9 cerca de tr\u00eas vezes maior<\/strong> do que na vizinha Burgas. Enquanto em Burgas voc\u00ea paga 0,77 \u20ac por quil\u00f4metro, em Nessebar a tarifa diurna \u00e9 de 2,30 \u20ac e a noturna chega a 2,56 \u20ac. A bandeirada, por sua vez, \u00e9 de 3,83 \u20ac.<\/p>\n\n\n\n<p class=\"wp-block-paragraph\">Na pr\u00e1tica, isso significa que, se voc\u00ea pegar um t\u00e1xi na rua para ir da Sunny Beach ao aeroporto de Burgas (cerca de 26 quil\u00f4metros), <strong>o tax\u00edmetro vai marcar 64 \u20ac durante o dia e at\u00e9 70 \u20ac \u00e0 noite<\/strong>. A mesm\u00edssima dist\u00e2ncia, em Burgas, sairia por uns vinte euros. J\u00e1 se voc\u00ea reservar o transfer com anteced\u00eancia pela internet, <strong>paga cerca de um ter\u00e7o pela viagem at\u00e9 o aeroporto<\/strong>, ou seja, entre 31 e 41 \u20ac.<\/p>\n\n\n\n<p class=\"wp-block-paragraph\">Segundo relatos de turistas e da imprensa local, h\u00e1 casos em que os motoristas cobram valores absurdos de visitantes desavisados. Existe um caso documentado de junho de 2023, em que <strong>um turista pagou 35 \u20ac por apenas 1,6 quil\u00f4metro de corrida<\/strong>. A melhor preven\u00e7\u00e3o \u00e9 n\u00e3o entrar no primeiro carro que piscar as luzes para voc\u00ea em frente a uma balada ou no cal\u00e7ad\u00e3o \u2014 v\u00e1 at\u00e9 um ponto de t\u00e1xi oficial ou combine o pre\u00e7o de forma bem clara antes. <strong>Apps como Uber ou Bolt, infelizmente, n\u00e3o funcionam aqui.<\/strong><\/p>\n\n\n\n<figure data-wp-context=\"{&quot;imageId&quot;:&quot;6a9c3a758a9ec&quot;}\" data-wp-interactive=\"core\/image\" data-wp-key=\"6a9c3a758a9ec\" class=\"wp-block-image size-full wp-lightbox-container\"><img decoding=\"async\" width=\"1800\" height=\"1349\" data-wp-class--hide=\"state.isContentHidden\" data-wp-class--show=\"state.isContentVisible\" data-wp-init=\"callbacks.setButtonStyles\" data-wp-on--click=\"actions.showLightbox\" data-wp-on--load=\"callbacks.setButtonStyles\" data-wp-on--pointerdown=\"actions.preloadImage\" data-wp-on--pointerenter=\"actions.preloadImageWithDelay\" data-wp-on--pointerleave=\"actions.cancelPreload\" data-wp-on-window--resize=\"callbacks.setButtonStyles\" src=\"https:\/\/loudavymkrokem.cz\/wp-content\/uploads\/2026\/08\/bulharsko-research-nesebar-06.jpg\" alt=\"Nessebar fora do pico de turistas\" class=\"wp-image-404854\" title=\"\" srcset=\"https:\/\/loudavymkrokem.cz\/wp-content\/uploads\/2026\/08\/bulharsko-research-nesebar-06.jpg 1800w, https:\/\/loudavymkrokem.cz\/wp-content\/uploads\/2026\/08\/bulharsko-research-nesebar-06-300x225.jpg 300w, https:\/\/loudavymkrokem.cz\/wp-content\/uploads\/2026\/08\/bulharsko-research-nesebar-06-700x525.jpg 700w, https:\/\/loudavymkrokem.cz\/wp-content\/uploads\/2026\/08\/bulharsko-research-nesebar-06-768x576.jpg 768w, https:\/\/loudavymkrokem.cz\/wp-content\/uploads\/2026\/08\/bulharsko-research-nesebar-06-1536x1151.jpg 1536w, https:\/\/loudavymkrokem.cz\/wp-content\/uploads\/2026\/08\/bulharsko-research-nesebar-06-80x60.jpg 80w, https:\/\/loudavymkrokem.cz\/wp-content\/uploads\/2026\/08\/bulharsko-research-nesebar-06-160x120.jpg 160w, https:\/\/loudavymkrokem.cz\/wp-content\/uploads\/2026\/08\/bulharsko-research-nesebar-06-696x522.jpg 696w, https:\/\/loudavymkrokem.cz\/wp-content\/uploads\/2026\/08\/bulharsko-research-nesebar-06-1392x1043.jpg 1392w\" sizes=\"(max-width: 1800px) 100vw, 1800px\" \/><button\n\t\t\tclass=\"lightbox-trigger\"\n\t\t\ttype=\"button\"\n\t\t\taria-haspopup=\"dialog\"\n\t\t\tdata-wp-bind--aria-label=\"state.thisImage.triggerButtonAriaLabel\"\n\t\t\tdata-wp-init=\"callbacks.initTriggerButton\"\n\t\t\tdata-wp-on--click=\"actions.showLightbox\"\n\t\t\tdata-wp-style--right=\"state.thisImage.buttonRight\"\n\t\t\tdata-wp-style--top=\"state.thisImage.buttonTop\"\n\t\t>\n\t\t\t<svg xmlns=\"http:\/\/www.w3.org\/2000\/svg\" width=\"12\" height=\"12\" fill=\"none\" viewBox=\"0 0 12 12\">\n\t\t\t\t<path fill=\"#fff\" d=\"M2 0a2 2 0 0 0-2 2v2h1.5V2a.5.5 0 0 1 .5-.5h2V0H2Zm2 10.5H2a.5.5 0 0 1-.5-.5V8H0v2a2 2 0 0 0 2 2h2v-1.5ZM8 12v-1.5h2a.5.5 0 0 0 .5-.5V8H12v2a2 2 0 0 1-2 2H8Zm2-12a2 2 0 0 1 2 2v2h-1.5V2a.5.5 0 0 0-.5-.5H8V0h2Z\" \/>\n\t\t\t<\/svg>\n\t\t<\/button><figcaption class=\"wp-element-caption\">Foto: \u041c\u0438\u0445\u0430\u043b \u041e\u0440\u0435\u043b\u0430 \/ Wikimedia Commons, CC BY 3.0<\/figcaption><\/figure>\n\n\n\n<h2 class=\"wp-block-heading\"><span class=\"ez-toc-section\" id=\"Quando_visitar_Nessebar_para_ter_a_cidade_quase_so_para_voce\"><\/span>Quando visitar Nessebar para ter a cidade quase s\u00f3 para voc\u00ea<span class=\"ez-toc-section-end\"><\/span><\/h2>\n\n\n\n<p class=\"wp-block-paragraph\">Os n\u00fameros oficiais do munic\u00edpio s\u00e3o claros: <strong>na temporada de ver\u00e3o, mais de 30.000 pessoas visitam a cidade velha por dia<\/strong>. Quando voc\u00ea lembra que toda a pen\u00ednsula ocupa uma \u00e1rea menor do que alguns quarteir\u00f5es de uma grande cidade, fica \u00f3bvio que as ruelas estreitas v\u00e3o ficar realmente apertadas. Nessebar \u00e9, simplesmente, a cidade mais visitada de toda a Bulg\u00e1ria.<\/p>\n\n\n\n<p class=\"wp-block-paragraph\">A maior aglomera\u00e7\u00e3o acontece <strong>entre o meio-dia e as sete da noite<\/strong>, quando chegam sem parar as excurs\u00f5es organizadas dos arredores. Se voc\u00ea quer curtir a atmosfera rom\u00e2ntica das ruelas de pedra, <strong>venha logo cedo, antes das 10h<\/strong>, quando ainda h\u00e1 uma brisa agrad\u00e1vel e o mar costuma estar mais calmo. Outra \u00f3tima op\u00e7\u00e3o \u00e9 o passeio ao entardecer, depois das 20h, quando as multid\u00f5es diminuem e a cidade se ilumina lindamente.<\/p>\n\n\n\n<p class=\"wp-block-paragraph\">Se voc\u00ea est\u00e1 pensando em visitar fora da alta temporada, lembre-se de que <strong>de 13 de outubro at\u00e9 o fim de mar\u00e7o todas as igrejas menores e museus est\u00e3o praticamente fechados<\/strong> (funcionam s\u00f3 com agendamento especial). Ficam abertos apenas o Museu Arqueol\u00f3gico e a Igreja de Santo Est\u00eav\u00e3o, at\u00e9 as cinco da tarde. Al\u00e9m disso, a maioria dos restaurantes da pen\u00ednsula fecha no inverno.<\/p>\n\n\n\n<p class=\"wp-block-paragraph\"><strong>Temperaturas m\u00e9dias do ar e do mar por m\u00eas:<\/strong><\/p>\n\n\n\n<figure class=\"wp-block-table\"><table><thead><tr><th>M\u00eas<\/th><th>Ar \u00b0C<\/th><th>Mar \u00b0C<\/th><th>Chuva (dias)<\/th><\/tr><\/thead><tbody><tr><td>Maio<\/td><td>20,3<\/td><td>16,1<\/td><td>9,9<\/td><\/tr><tr><td>Junho<\/td><td>25,2<\/td><td>23,1<\/td><td>10,4<\/td><\/tr><tr><td>Julho<\/td><td>28,0<\/td><td>26,4<\/td><td>6,5<\/td><\/tr><tr><td><strong>Agosto<\/strong><\/td><td><strong>28,4<\/strong><\/td><td><strong>26,4<\/strong><\/td><td><strong>3,5<\/strong><\/td><\/tr><tr><td>Setembro<\/td><td>24,5<\/td><td>24,7<\/td><td>5,8<\/td><\/tr><tr><td>Outubro<\/td><td>19,0<\/td><td>20,8<\/td><td>6,8<\/td><\/tr><\/tbody><\/table><\/figure>\n\n\n\n<p class=\"wp-block-paragraph\">\ud83d\udca1 <strong>Dica sobre a temperatura do mar:<\/strong> Segundo dados meteorol\u00f3gicos precisos, a \u00e1gua muda de forma bem din\u00e2mica mesmo dentro de um s\u00f3 m\u00eas. Enquanto o come\u00e7o de junho ainda costuma ser bem fresco, <strong>o fim de junho tem o mar mais de tr\u00eas graus mais quente<\/strong>. Por incr\u00edvel que pare\u00e7a, a primeira metade de setembro oferece uma \u00e1gua muito mais quente para o banho do que o in\u00edcio do ver\u00e3o.<\/p>\n\n\n\n<figure data-wp-context=\"{&quot;imageId&quot;:&quot;6a9c3a758af90&quot;}\" data-wp-interactive=\"core\/image\" data-wp-key=\"6a9c3a758af90\" class=\"wp-block-image size-full wp-lightbox-container\"><img decoding=\"async\" width=\"1800\" height=\"1156\" data-wp-class--hide=\"state.isContentHidden\" data-wp-class--show=\"state.isContentVisible\" data-wp-init=\"callbacks.setButtonStyles\" data-wp-on--click=\"actions.showLightbox\" data-wp-on--load=\"callbacks.setButtonStyles\" data-wp-on--pointerdown=\"actions.preloadImage\" data-wp-on--pointerenter=\"actions.preloadImageWithDelay\" data-wp-on--pointerleave=\"actions.cancelPreload\" data-wp-on-window--resize=\"callbacks.setButtonStyles\" src=\"https:\/\/loudavymkrokem.cz\/wp-content\/uploads\/2026\/08\/bulharsko-research-nesebar-07.jpg\" alt=\"Igrejas medievais da pen\u00ednsula de Nessebar\" class=\"wp-image-404856\" title=\"\" srcset=\"https:\/\/loudavymkrokem.cz\/wp-content\/uploads\/2026\/08\/bulharsko-research-nesebar-07.jpg 1800w, https:\/\/loudavymkrokem.cz\/wp-content\/uploads\/2026\/08\/bulharsko-research-nesebar-07-300x193.jpg 300w, https:\/\/loudavymkrokem.cz\/wp-content\/uploads\/2026\/08\/bulharsko-research-nesebar-07-700x450.jpg 700w, https:\/\/loudavymkrokem.cz\/wp-content\/uploads\/2026\/08\/bulharsko-research-nesebar-07-768x493.jpg 768w, https:\/\/loudavymkrokem.cz\/wp-content\/uploads\/2026\/08\/bulharsko-research-nesebar-07-1536x986.jpg 1536w, https:\/\/loudavymkrokem.cz\/wp-content\/uploads\/2026\/08\/bulharsko-research-nesebar-07-696x447.jpg 696w, https:\/\/loudavymkrokem.cz\/wp-content\/uploads\/2026\/08\/bulharsko-research-nesebar-07-1392x894.jpg 1392w\" sizes=\"(max-width: 1800px) 100vw, 1800px\" \/><button\n\t\t\tclass=\"lightbox-trigger\"\n\t\t\ttype=\"button\"\n\t\t\taria-haspopup=\"dialog\"\n\t\t\tdata-wp-bind--aria-label=\"state.thisImage.triggerButtonAriaLabel\"\n\t\t\tdata-wp-init=\"callbacks.initTriggerButton\"\n\t\t\tdata-wp-on--click=\"actions.showLightbox\"\n\t\t\tdata-wp-style--right=\"state.thisImage.buttonRight\"\n\t\t\tdata-wp-style--top=\"state.thisImage.buttonTop\"\n\t\t>\n\t\t\t<svg xmlns=\"http:\/\/www.w3.org\/2000\/svg\" width=\"12\" height=\"12\" fill=\"none\" viewBox=\"0 0 12 12\">\n\t\t\t\t<path fill=\"#fff\" d=\"M2 0a2 2 0 0 0-2 2v2h1.5V2a.5.5 0 0 1 .5-.5h2V0H2Zm2 10.5H2a.5.5 0 0 1-.5-.5V8H0v2a2 2 0 0 0 2 2h2v-1.5ZM8 12v-1.5h2a.5.5 0 0 0 .5-.5V8H12v2a2 2 0 0 1-2 2H8Zm2-12a2 2 0 0 1 2 2v2h-1.5V2a.5.5 0 0 0-.5-.5H8V0h2Z\" \/>\n\t\t\t<\/svg>\n\t\t<\/button><figcaption class=\"wp-element-caption\">Foto: Pudelek (Marcin Szala) \/ Wikimedia Commons, CC BY-SA 3.0<\/figcaption><\/figure>\n\n\n\n<h2 class=\"wp-block-heading\"><span class=\"ez-toc-section\" id=\"Igrejas_e_templos_8_lugares_que_voce_precisa_ver\"><\/span>Igrejas e templos: 8 lugares que voc\u00ea precisa ver<span class=\"ez-toc-section-end\"><\/span><\/h2>\n\n\n\n<p class=\"wp-block-paragraph\">Agora vem a melhor parte. A riqueza arquitet\u00f4nica \u00e9 t\u00e3o concentrada aqui que Nessebar \u00e9 apelidada de &#8220;<strong>Ravena b\u00falgara<\/strong>&#8221; e, sinceramente, essa compara\u00e7\u00e3o faz todo o sentido. Todas as atra\u00e7\u00f5es mencionadas ficam <strong>num raio de algumas centenas de metros<\/strong>.<\/p>\n\n\n\n<figure data-wp-context=\"{&quot;imageId&quot;:&quot;6a9c3a758b51c&quot;}\" data-wp-interactive=\"core\/image\" data-wp-key=\"6a9c3a758b51c\" class=\"wp-block-image size-full wp-lightbox-container\"><img decoding=\"async\" width=\"1800\" height=\"1450\" data-wp-class--hide=\"state.isContentHidden\" data-wp-class--show=\"state.isContentVisible\" data-wp-init=\"callbacks.setButtonStyles\" data-wp-on--click=\"actions.showLightbox\" data-wp-on--load=\"callbacks.setButtonStyles\" data-wp-on--pointerdown=\"actions.preloadImage\" data-wp-on--pointerenter=\"actions.preloadImageWithDelay\" data-wp-on--pointerleave=\"actions.cancelPreload\" data-wp-on-window--resize=\"callbacks.setButtonStyles\" src=\"https:\/\/loudavymkrokem.cz\/wp-content\/uploads\/2026\/08\/bulharsko-research-nesebar-08.jpg\" alt=\"Igreja de Santo Est\u00eav\u00e3o, a Nova Metr\u00f3pole\" class=\"wp-image-404858\" title=\"\" srcset=\"https:\/\/loudavymkrokem.cz\/wp-content\/uploads\/2026\/08\/bulharsko-research-nesebar-08.jpg 1800w, https:\/\/loudavymkrokem.cz\/wp-content\/uploads\/2026\/08\/bulharsko-research-nesebar-08-300x242.jpg 300w, https:\/\/loudavymkrokem.cz\/wp-content\/uploads\/2026\/08\/bulharsko-research-nesebar-08-700x564.jpg 700w, https:\/\/loudavymkrokem.cz\/wp-content\/uploads\/2026\/08\/bulharsko-research-nesebar-08-768x619.jpg 768w, https:\/\/loudavymkrokem.cz\/wp-content\/uploads\/2026\/08\/bulharsko-research-nesebar-08-1536x1237.jpg 1536w, https:\/\/loudavymkrokem.cz\/wp-content\/uploads\/2026\/08\/bulharsko-research-nesebar-08-696x561.jpg 696w, https:\/\/loudavymkrokem.cz\/wp-content\/uploads\/2026\/08\/bulharsko-research-nesebar-08-1392x1121.jpg 1392w\" sizes=\"(max-width: 1800px) 100vw, 1800px\" \/><button\n\t\t\tclass=\"lightbox-trigger\"\n\t\t\ttype=\"button\"\n\t\t\taria-haspopup=\"dialog\"\n\t\t\tdata-wp-bind--aria-label=\"state.thisImage.triggerButtonAriaLabel\"\n\t\t\tdata-wp-init=\"callbacks.initTriggerButton\"\n\t\t\tdata-wp-on--click=\"actions.showLightbox\"\n\t\t\tdata-wp-style--right=\"state.thisImage.buttonRight\"\n\t\t\tdata-wp-style--top=\"state.thisImage.buttonTop\"\n\t\t>\n\t\t\t<svg xmlns=\"http:\/\/www.w3.org\/2000\/svg\" width=\"12\" height=\"12\" fill=\"none\" viewBox=\"0 0 12 12\">\n\t\t\t\t<path fill=\"#fff\" d=\"M2 0a2 2 0 0 0-2 2v2h1.5V2a.5.5 0 0 1 .5-.5h2V0H2Zm2 10.5H2a.5.5 0 0 1-.5-.5V8H0v2a2 2 0 0 0 2 2h2v-1.5ZM8 12v-1.5h2a.5.5 0 0 0 .5-.5V8H12v2a2 2 0 0 1-2 2H8Zm2-12a2 2 0 0 1 2 2v2h-1.5V2a.5.5 0 0 0-.5-.5H8V0h2Z\" \/>\n\t\t\t<\/svg>\n\t\t<\/button><figcaption class=\"wp-element-caption\">Foto: MrPanyGoff \/ Wikimedia Commons, CC BY-SA 3.0<\/figcaption><\/figure>\n\n\n\n<h3 class=\"wp-block-heading\"><span class=\"ez-toc-section\" id=\"1_Igreja_de_Santo_Estevao_Nova_Metropole\"><\/span>1. Igreja de Santo Est\u00eav\u00e3o (Nova Metr\u00f3pole)<span class=\"ez-toc-section-end\"><\/span><\/h3>\n\n\n\n<p class=\"wp-block-paragraph\">Este \u00e9 o auge absoluto da arquitetura de Nessebar e a <strong>principal atra\u00e7\u00e3o para todos os amantes de hist\u00f3ria<\/strong>. A igreja \u00e9 dos s\u00e9culos XI a XIII e, como uma das poucas, pode ser visitada por dentro (ingresso 4,60 \u20ac). Ao entrar, voc\u00ea vai ficar impressionado com os <strong>afrescos maravilhosamente preservados de 1599<\/strong>, que retratam mais de 1.000 figuras em 258 composi\u00e7\u00f5es diferentes.<\/p>\n\n\n\n<p class=\"wp-block-paragraph\">Comprovadamente, tr\u00eas mestres diferentes trabalharam na decora\u00e7\u00e3o, e o interior \u00e9 completado por uma bel\u00edssima iconostase pintada e um trono entalhado do s\u00e9culo XVIII. Uma grande vantagem \u00e9 que, <strong>ao contr\u00e1rio da maioria dos templos b\u00falgaros, aqui \u00e9 permitido fotografar<\/strong>, ent\u00e3o voc\u00ea pode registrar toda essa beleza. A igreja est\u00e1 aberta a visitantes desde 1974 e voc\u00ea definitivamente n\u00e3o deve deixar de conhec\u00ea-la.<\/p>\n\n\n\n<figure data-wp-context=\"{&quot;imageId&quot;:&quot;6a9c3a758bbaa&quot;}\" data-wp-interactive=\"core\/image\" data-wp-key=\"6a9c3a758bbaa\" class=\"wp-block-image size-full wp-lightbox-container\"><img decoding=\"async\" width=\"1800\" height=\"1350\" data-wp-class--hide=\"state.isContentHidden\" data-wp-class--show=\"state.isContentVisible\" data-wp-init=\"callbacks.setButtonStyles\" data-wp-on--click=\"actions.showLightbox\" data-wp-on--load=\"callbacks.setButtonStyles\" data-wp-on--pointerdown=\"actions.preloadImage\" data-wp-on--pointerenter=\"actions.preloadImageWithDelay\" data-wp-on--pointerleave=\"actions.cancelPreload\" data-wp-on-window--resize=\"callbacks.setButtonStyles\" src=\"https:\/\/loudavymkrokem.cz\/wp-content\/uploads\/2026\/08\/bulharsko-research-nesebar-09.jpg\" alt=\"Igreja do Santo Salvador com afrescos do s\u00e9culo XVII\" class=\"wp-image-404860\" title=\"\" srcset=\"https:\/\/loudavymkrokem.cz\/wp-content\/uploads\/2026\/08\/bulharsko-research-nesebar-09.jpg 1800w, https:\/\/loudavymkrokem.cz\/wp-content\/uploads\/2026\/08\/bulharsko-research-nesebar-09-300x225.jpg 300w, https:\/\/loudavymkrokem.cz\/wp-content\/uploads\/2026\/08\/bulharsko-research-nesebar-09-700x525.jpg 700w, https:\/\/loudavymkrokem.cz\/wp-content\/uploads\/2026\/08\/bulharsko-research-nesebar-09-768x576.jpg 768w, https:\/\/loudavymkrokem.cz\/wp-content\/uploads\/2026\/08\/bulharsko-research-nesebar-09-1536x1152.jpg 1536w, https:\/\/loudavymkrokem.cz\/wp-content\/uploads\/2026\/08\/bulharsko-research-nesebar-09-80x60.jpg 80w, https:\/\/loudavymkrokem.cz\/wp-content\/uploads\/2026\/08\/bulharsko-research-nesebar-09-160x120.jpg 160w, https:\/\/loudavymkrokem.cz\/wp-content\/uploads\/2026\/08\/bulharsko-research-nesebar-09-696x522.jpg 696w, https:\/\/loudavymkrokem.cz\/wp-content\/uploads\/2026\/08\/bulharsko-research-nesebar-09-1392x1044.jpg 1392w\" sizes=\"(max-width: 1800px) 100vw, 1800px\" \/><button\n\t\t\tclass=\"lightbox-trigger\"\n\t\t\ttype=\"button\"\n\t\t\taria-haspopup=\"dialog\"\n\t\t\tdata-wp-bind--aria-label=\"state.thisImage.triggerButtonAriaLabel\"\n\t\t\tdata-wp-init=\"callbacks.initTriggerButton\"\n\t\t\tdata-wp-on--click=\"actions.showLightbox\"\n\t\t\tdata-wp-style--right=\"state.thisImage.buttonRight\"\n\t\t\tdata-wp-style--top=\"state.thisImage.buttonTop\"\n\t\t>\n\t\t\t<svg xmlns=\"http:\/\/www.w3.org\/2000\/svg\" width=\"12\" height=\"12\" fill=\"none\" viewBox=\"0 0 12 12\">\n\t\t\t\t<path fill=\"#fff\" d=\"M2 0a2 2 0 0 0-2 2v2h1.5V2a.5.5 0 0 1 .5-.5h2V0H2Zm2 10.5H2a.5.5 0 0 1-.5-.5V8H0v2a2 2 0 0 0 2 2h2v-1.5ZM8 12v-1.5h2a.5.5 0 0 0 .5-.5V8H12v2a2 2 0 0 1-2 2H8Zm2-12a2 2 0 0 1 2 2v2h-1.5V2a.5.5 0 0 0-.5-.5H8V0h2Z\" \/>\n\t\t\t<\/svg>\n\t\t<\/button><figcaption class=\"wp-element-caption\">Foto: Oleg Yunakov \/ Wikimedia Commons (CC BY-SA 4.0)<\/figcaption><\/figure>\n\n\n\n<h3 class=\"wp-block-heading\"><span class=\"ez-toc-section\" id=\"2_Igreja_do_Santo_Salvador_Ascensao\"><\/span>2. Igreja do Santo Salvador (Ascens\u00e3o)<span class=\"ez-toc-section-end\"><\/span><\/h3>\n\n\n\n<p class=\"wp-block-paragraph\">Essa pequena e discreta constru\u00e7\u00e3o de nave \u00fanica, de 1609, esconde por dentro um verdadeiro tesouro. Depois de pagar o ingresso de 2,56 \u20ac, voc\u00ea entra num espa\u00e7o cujas <strong>paredes est\u00e3o cobertas, quase do ch\u00e3o ao teto, por afrescos fascinantes<\/strong> do in\u00edcio do s\u00e9culo XVII.<\/p>\n\n\n\n<p class=\"wp-block-paragraph\">Uma curiosidade \u00e9 que foi justamente aqui que originalmente ficava a <strong>l\u00e1pide da princesa bizantina Mataisa Cantacuzena Pale\u00f3loga<\/strong>, morta em 1441. Hoje esse artefato raro est\u00e1 a salvo no Museu Arqueol\u00f3gico, mas a atmosfera do templo continua muito forte mesmo assim.<\/p>\n\n\n\n<figure data-wp-context=\"{&quot;imageId&quot;:&quot;6a9c3a758c419&quot;}\" data-wp-interactive=\"core\/image\" data-wp-key=\"6a9c3a758c419\" class=\"wp-block-image size-full wp-lightbox-container\"><img decoding=\"async\" width=\"1800\" height=\"729\" data-wp-class--hide=\"state.isContentHidden\" data-wp-class--show=\"state.isContentVisible\" data-wp-init=\"callbacks.setButtonStyles\" data-wp-on--click=\"actions.showLightbox\" data-wp-on--load=\"callbacks.setButtonStyles\" data-wp-on--pointerdown=\"actions.preloadImage\" data-wp-on--pointerenter=\"actions.preloadImageWithDelay\" data-wp-on--pointerleave=\"actions.cancelPreload\" data-wp-on-window--resize=\"callbacks.setButtonStyles\" src=\"https:\/\/loudavymkrokem.cz\/wp-content\/uploads\/2026\/08\/bulharsko-research-nesebar-10.jpg\" alt=\"Bas\u00edlica de Santa Sofia, a Velha Metr\u00f3pole sem telhado\" class=\"wp-image-404861\" title=\"\" srcset=\"https:\/\/loudavymkrokem.cz\/wp-content\/uploads\/2026\/08\/bulharsko-research-nesebar-10.jpg 1800w, https:\/\/loudavymkrokem.cz\/wp-content\/uploads\/2026\/08\/bulharsko-research-nesebar-10-300x122.jpg 300w, https:\/\/loudavymkrokem.cz\/wp-content\/uploads\/2026\/08\/bulharsko-research-nesebar-10-700x284.jpg 700w, https:\/\/loudavymkrokem.cz\/wp-content\/uploads\/2026\/08\/bulharsko-research-nesebar-10-768x311.jpg 768w, https:\/\/loudavymkrokem.cz\/wp-content\/uploads\/2026\/08\/bulharsko-research-nesebar-10-1536x622.jpg 1536w, https:\/\/loudavymkrokem.cz\/wp-content\/uploads\/2026\/08\/bulharsko-research-nesebar-10-696x282.jpg 696w, https:\/\/loudavymkrokem.cz\/wp-content\/uploads\/2026\/08\/bulharsko-research-nesebar-10-1392x564.jpg 1392w\" sizes=\"(max-width: 1800px) 100vw, 1800px\" \/><button\n\t\t\tclass=\"lightbox-trigger\"\n\t\t\ttype=\"button\"\n\t\t\taria-haspopup=\"dialog\"\n\t\t\tdata-wp-bind--aria-label=\"state.thisImage.triggerButtonAriaLabel\"\n\t\t\tdata-wp-init=\"callbacks.initTriggerButton\"\n\t\t\tdata-wp-on--click=\"actions.showLightbox\"\n\t\t\tdata-wp-style--right=\"state.thisImage.buttonRight\"\n\t\t\tdata-wp-style--top=\"state.thisImage.buttonTop\"\n\t\t>\n\t\t\t<svg xmlns=\"http:\/\/www.w3.org\/2000\/svg\" width=\"12\" height=\"12\" fill=\"none\" viewBox=\"0 0 12 12\">\n\t\t\t\t<path fill=\"#fff\" d=\"M2 0a2 2 0 0 0-2 2v2h1.5V2a.5.5 0 0 1 .5-.5h2V0H2Zm2 10.5H2a.5.5 0 0 1-.5-.5V8H0v2a2 2 0 0 0 2 2h2v-1.5ZM8 12v-1.5h2a.5.5 0 0 0 .5-.5V8H12v2a2 2 0 0 1-2 2H8Zm2-12a2 2 0 0 1 2 2v2h-1.5V2a.5.5 0 0 0-.5-.5H8V0h2Z\" \/>\n\t\t\t<\/svg>\n\t\t<\/button><figcaption class=\"wp-element-caption\">Foto: fusion-of-horizons \/ Wikimedia Commons, CC BY 2.0<\/figcaption><\/figure>\n\n\n\n<h3 class=\"wp-block-heading\"><span class=\"ez-toc-section\" id=\"3_Basilica_de_Santa_Sofia_Velha_Metropole\"><\/span>3. Bas\u00edlica de Santa Sofia (Velha Metr\u00f3pole)<span class=\"ez-toc-section-end\"><\/span><\/h3>\n\n\n\n<p class=\"wp-block-paragraph\">Esta \u00e9 a <strong>ru\u00edna mais fotografada de toda a cidade<\/strong> e provavelmente a imagem ic\u00f4nica que vem \u00e0 sua mente quando se fala em Nessebar. A enorme bas\u00edlica aberta, sem telhado, \u00e9 de meados do s\u00e9culo V e \u00e9 um exemplo da arquitetura paleocrist\u00e3 influenciada pela pr\u00f3pria Constantinopla. N\u00e3o se paga ingresso: as ru\u00ednas t\u00eam acesso livre 24 horas por dia.<\/p>\n\n\n\n<p class=\"wp-block-paragraph\">A hist\u00f3ria deste lugar \u00e9 cheia de dramas. No s\u00e9culo XIII, <strong>a catedral foi saqueada pela frota veneziana<\/strong>, que levou dali rel\u00edquias preciosas, inclusive a m\u00e3o do ap\u00f3stolo Andr\u00e9, que at\u00e9 hoje est\u00e3o em Veneza. Em maio de 2025, depois de quase seiscentos anos, aconteceu aqui uma liturgia conjunta b\u00falgaro-grega, um enorme acontecimento para os moradores.<\/p>\n\n\n\n<figure data-wp-context=\"{&quot;imageId&quot;:&quot;6a9c3a758cae6&quot;}\" data-wp-interactive=\"core\/image\" data-wp-key=\"6a9c3a758cae6\" class=\"wp-block-image size-full wp-lightbox-container\"><img decoding=\"async\" width=\"1800\" height=\"915\" data-wp-class--hide=\"state.isContentHidden\" data-wp-class--show=\"state.isContentVisible\" data-wp-init=\"callbacks.setButtonStyles\" data-wp-on--click=\"actions.showLightbox\" data-wp-on--load=\"callbacks.setButtonStyles\" data-wp-on--pointerdown=\"actions.preloadImage\" data-wp-on--pointerenter=\"actions.preloadImageWithDelay\" data-wp-on--pointerleave=\"actions.cancelPreload\" data-wp-on-window--resize=\"callbacks.setButtonStyles\" src=\"https:\/\/loudavymkrokem.cz\/wp-content\/uploads\/2026\/08\/bulharsko-research-nesebar-11.jpg\" alt=\"Igreja de S\u00e3o Jo\u00e3o Batista, da virada do s\u00e9culo X para o XI\" class=\"wp-image-404864\" title=\"\" srcset=\"https:\/\/loudavymkrokem.cz\/wp-content\/uploads\/2026\/08\/bulharsko-research-nesebar-11.jpg 1800w, https:\/\/loudavymkrokem.cz\/wp-content\/uploads\/2026\/08\/bulharsko-research-nesebar-11-300x153.jpg 300w, https:\/\/loudavymkrokem.cz\/wp-content\/uploads\/2026\/08\/bulharsko-research-nesebar-11-700x356.jpg 700w, https:\/\/loudavymkrokem.cz\/wp-content\/uploads\/2026\/08\/bulharsko-research-nesebar-11-768x390.jpg 768w, https:\/\/loudavymkrokem.cz\/wp-content\/uploads\/2026\/08\/bulharsko-research-nesebar-11-1536x781.jpg 1536w, https:\/\/loudavymkrokem.cz\/wp-content\/uploads\/2026\/08\/bulharsko-research-nesebar-11-696x354.jpg 696w, https:\/\/loudavymkrokem.cz\/wp-content\/uploads\/2026\/08\/bulharsko-research-nesebar-11-1392x708.jpg 1392w\" sizes=\"(max-width: 1800px) 100vw, 1800px\" \/><button\n\t\t\tclass=\"lightbox-trigger\"\n\t\t\ttype=\"button\"\n\t\t\taria-haspopup=\"dialog\"\n\t\t\tdata-wp-bind--aria-label=\"state.thisImage.triggerButtonAriaLabel\"\n\t\t\tdata-wp-init=\"callbacks.initTriggerButton\"\n\t\t\tdata-wp-on--click=\"actions.showLightbox\"\n\t\t\tdata-wp-style--right=\"state.thisImage.buttonRight\"\n\t\t\tdata-wp-style--top=\"state.thisImage.buttonTop\"\n\t\t>\n\t\t\t<svg xmlns=\"http:\/\/www.w3.org\/2000\/svg\" width=\"12\" height=\"12\" fill=\"none\" viewBox=\"0 0 12 12\">\n\t\t\t\t<path fill=\"#fff\" d=\"M2 0a2 2 0 0 0-2 2v2h1.5V2a.5.5 0 0 1 .5-.5h2V0H2Zm2 10.5H2a.5.5 0 0 1-.5-.5V8H0v2a2 2 0 0 0 2 2h2v-1.5ZM8 12v-1.5h2a.5.5 0 0 0 .5-.5V8H12v2a2 2 0 0 1-2 2H8Zm2-12a2 2 0 0 1 2 2v2h-1.5V2a.5.5 0 0 0-.5-.5H8V0h2Z\" \/>\n\t\t\t<\/svg>\n\t\t<\/button><figcaption class=\"wp-element-caption\">Foto: fusion-of-horizons \/ Wikimedia Commons (CC BY 2.0)<\/figcaption><\/figure>\n\n\n\n<h3 class=\"wp-block-heading\"><span class=\"ez-toc-section\" id=\"4_Igreja_de_Sao_Joao_Batista\"><\/span>4. Igreja de S\u00e3o Jo\u00e3o Batista<span class=\"ez-toc-section-end\"><\/span><\/h3>\n\n\n\n<p class=\"wp-block-paragraph\">Este templo, constru\u00eddo na virada do s\u00e9culo X para o XI, fica sobre os alicerces de uma bas\u00edlica bem mais antiga, do fim da Antiguidade, do s\u00e9culo VI. Voc\u00ea entra por 2,56 \u20ac e o que te espera \u00e9 um <strong>raro retrato dos fundadores do s\u00e9culo XIV<\/strong> e um belo afresco de Santa Marina, do s\u00e9culo XVII.<\/p>\n\n\n\n<p class=\"wp-block-paragraph\">Trata-se de uma <strong>constru\u00e7\u00e3o em cruz com c\u00fapula<\/strong> exemplar, que \u00e0 primeira vista chama a aten\u00e7\u00e3o pela fachada de pedra bruta, sem enfeites desnecess\u00e1rios. Colunas sustentam a ab\u00f3bada central, criando por dentro uma atmosfera muito agrad\u00e1vel e intimista.<\/p>\n\n\n\n<p class=\"wp-block-paragraph\">\ud83d\udca1 <strong>Dica:<\/strong> Se voc\u00ea decidir visitar v\u00e1rias igrejas pagas, com certeza compre logo no come\u00e7o o ingresso combinado, com o qual vai economizar um valor nada desprez\u00edvel em euros.<\/p>\n\n\n\n<figure data-wp-context=\"{&quot;imageId&quot;:&quot;6a9c3a758d37f&quot;}\" data-wp-interactive=\"core\/image\" data-wp-key=\"6a9c3a758d37f\" class=\"wp-block-image size-full wp-lightbox-container\"><img decoding=\"async\" width=\"1800\" height=\"1127\" data-wp-class--hide=\"state.isContentHidden\" data-wp-class--show=\"state.isContentVisible\" data-wp-init=\"callbacks.setButtonStyles\" data-wp-on--click=\"actions.showLightbox\" data-wp-on--load=\"callbacks.setButtonStyles\" data-wp-on--pointerdown=\"actions.preloadImage\" data-wp-on--pointerenter=\"actions.preloadImageWithDelay\" data-wp-on--pointerleave=\"actions.cancelPreload\" data-wp-on-window--resize=\"callbacks.setButtonStyles\" src=\"https:\/\/loudavymkrokem.cz\/wp-content\/uploads\/2026\/08\/bulharsko-research-nesebar-12.jpg\" alt=\"Igreja de S\u00e3o Jo\u00e3o Aliturgetos acima do porto\" class=\"wp-image-404866\" title=\"\" srcset=\"https:\/\/loudavymkrokem.cz\/wp-content\/uploads\/2026\/08\/bulharsko-research-nesebar-12.jpg 1800w, https:\/\/loudavymkrokem.cz\/wp-content\/uploads\/2026\/08\/bulharsko-research-nesebar-12-300x188.jpg 300w, https:\/\/loudavymkrokem.cz\/wp-content\/uploads\/2026\/08\/bulharsko-research-nesebar-12-700x438.jpg 700w, https:\/\/loudavymkrokem.cz\/wp-content\/uploads\/2026\/08\/bulharsko-research-nesebar-12-768x481.jpg 768w, https:\/\/loudavymkrokem.cz\/wp-content\/uploads\/2026\/08\/bulharsko-research-nesebar-12-1536x962.jpg 1536w, https:\/\/loudavymkrokem.cz\/wp-content\/uploads\/2026\/08\/bulharsko-research-nesebar-12-696x436.jpg 696w, https:\/\/loudavymkrokem.cz\/wp-content\/uploads\/2026\/08\/bulharsko-research-nesebar-12-1392x872.jpg 1392w\" sizes=\"(max-width: 1800px) 100vw, 1800px\" \/><button\n\t\t\tclass=\"lightbox-trigger\"\n\t\t\ttype=\"button\"\n\t\t\taria-haspopup=\"dialog\"\n\t\t\tdata-wp-bind--aria-label=\"state.thisImage.triggerButtonAriaLabel\"\n\t\t\tdata-wp-init=\"callbacks.initTriggerButton\"\n\t\t\tdata-wp-on--click=\"actions.showLightbox\"\n\t\t\tdata-wp-style--right=\"state.thisImage.buttonRight\"\n\t\t\tdata-wp-style--top=\"state.thisImage.buttonTop\"\n\t\t>\n\t\t\t<svg xmlns=\"http:\/\/www.w3.org\/2000\/svg\" width=\"12\" height=\"12\" fill=\"none\" viewBox=\"0 0 12 12\">\n\t\t\t\t<path fill=\"#fff\" d=\"M2 0a2 2 0 0 0-2 2v2h1.5V2a.5.5 0 0 1 .5-.5h2V0H2Zm2 10.5H2a.5.5 0 0 1-.5-.5V8H0v2a2 2 0 0 0 2 2h2v-1.5ZM8 12v-1.5h2a.5.5 0 0 0 .5-.5V8H12v2a2 2 0 0 1-2 2H8Zm2-12a2 2 0 0 1 2 2v2h-1.5V2a.5.5 0 0 0-.5-.5H8V0h2Z\" \/>\n\t\t\t<\/svg>\n\t\t<\/button><figcaption class=\"wp-element-caption\">Foto: MrPanyGoff \/ Wikimedia Commons, CC BY-SA 3.0<\/figcaption><\/figure>\n\n\n\n<h3 class=\"wp-block-heading\"><span class=\"ez-toc-section\" id=\"5_Igreja_de_Sao_Joao_Aliturgetos_a_Nao_Consagrada\"><\/span>5. Igreja de S\u00e3o Jo\u00e3o Aliturgetos (a N\u00e3o Consagrada)<span class=\"ez-toc-section-end\"><\/span><\/h3>\n\n\n\n<p class=\"wp-block-paragraph\">Essa constru\u00e7\u00e3o do s\u00e9culo XIV se ergue bem acima do porto e representa <strong>o auge absoluto do chamado estilo pitoresco de alvenaria<\/strong>, em que se alternam faixas de pedra branca e tijolo vermelho, complementadas por detalhes de cer\u00e2mica. A igreja, infelizmente, foi gravemente danificada pelo devastador terremoto de 1913, ent\u00e3o voc\u00ea s\u00f3 pode v\u00ea-la por fora, como uma ru\u00edna de acesso livre.<\/p>\n\n\n\n<p class=\"wp-block-paragraph\">Segundo uma antiga lenda, este templo nunca foi consagrado, porque <strong>durante a constru\u00e7\u00e3o um dos oper\u00e1rios morreu tragicamente<\/strong>, algo que as regras da \u00e9poca n\u00e3o permitiam ignorar. Verdade ou n\u00e3o, as vistas daqui para o mar aberto est\u00e3o entre as melhores de toda a cidade.<\/p>\n\n\n\n<figure data-wp-context=\"{&quot;imageId&quot;:&quot;6a9c3a758da2b&quot;}\" data-wp-interactive=\"core\/image\" data-wp-key=\"6a9c3a758da2b\" class=\"wp-block-image size-full wp-lightbox-container\"><img decoding=\"async\" width=\"1800\" height=\"1089\" data-wp-class--hide=\"state.isContentHidden\" data-wp-class--show=\"state.isContentVisible\" data-wp-init=\"callbacks.setButtonStyles\" data-wp-on--click=\"actions.showLightbox\" data-wp-on--load=\"callbacks.setButtonStyles\" data-wp-on--pointerdown=\"actions.preloadImage\" data-wp-on--pointerenter=\"actions.preloadImageWithDelay\" data-wp-on--pointerleave=\"actions.cancelPreload\" data-wp-on-window--resize=\"callbacks.setButtonStyles\" src=\"https:\/\/loudavymkrokem.cz\/wp-content\/uploads\/2026\/08\/bulharsko-research-nesebar-13.jpg\" alt=\"Fachada ornamentada da igreja de Cristo Pantocrator\" class=\"wp-image-404867\" title=\"\" srcset=\"https:\/\/loudavymkrokem.cz\/wp-content\/uploads\/2026\/08\/bulharsko-research-nesebar-13.jpg 1800w, https:\/\/loudavymkrokem.cz\/wp-content\/uploads\/2026\/08\/bulharsko-research-nesebar-13-300x182.jpg 300w, https:\/\/loudavymkrokem.cz\/wp-content\/uploads\/2026\/08\/bulharsko-research-nesebar-13-700x424.jpg 700w, https:\/\/loudavymkrokem.cz\/wp-content\/uploads\/2026\/08\/bulharsko-research-nesebar-13-768x465.jpg 768w, https:\/\/loudavymkrokem.cz\/wp-content\/uploads\/2026\/08\/bulharsko-research-nesebar-13-1536x929.jpg 1536w, https:\/\/loudavymkrokem.cz\/wp-content\/uploads\/2026\/08\/bulharsko-research-nesebar-13-696x421.jpg 696w, https:\/\/loudavymkrokem.cz\/wp-content\/uploads\/2026\/08\/bulharsko-research-nesebar-13-1392x842.jpg 1392w\" sizes=\"(max-width: 1800px) 100vw, 1800px\" \/><button\n\t\t\tclass=\"lightbox-trigger\"\n\t\t\ttype=\"button\"\n\t\t\taria-haspopup=\"dialog\"\n\t\t\tdata-wp-bind--aria-label=\"state.thisImage.triggerButtonAriaLabel\"\n\t\t\tdata-wp-init=\"callbacks.initTriggerButton\"\n\t\t\tdata-wp-on--click=\"actions.showLightbox\"\n\t\t\tdata-wp-style--right=\"state.thisImage.buttonRight\"\n\t\t\tdata-wp-style--top=\"state.thisImage.buttonTop\"\n\t\t>\n\t\t\t<svg xmlns=\"http:\/\/www.w3.org\/2000\/svg\" width=\"12\" height=\"12\" fill=\"none\" viewBox=\"0 0 12 12\">\n\t\t\t\t<path fill=\"#fff\" d=\"M2 0a2 2 0 0 0-2 2v2h1.5V2a.5.5 0 0 1 .5-.5h2V0H2Zm2 10.5H2a.5.5 0 0 1-.5-.5V8H0v2a2 2 0 0 0 2 2h2v-1.5ZM8 12v-1.5h2a.5.5 0 0 0 .5-.5V8H12v2a2 2 0 0 1-2 2H8Zm2-12a2 2 0 0 1 2 2v2h-1.5V2a.5.5 0 0 0-.5-.5H8V0h2Z\" \/>\n\t\t\t<\/svg>\n\t\t<\/button><figcaption class=\"wp-element-caption\">Foto: Pudelek (Marcin Szala) \/ Wikimedia Commons, CC BY-SA 3.0<\/figcaption><\/figure>\n\n\n\n<h3 class=\"wp-block-heading\"><span class=\"ez-toc-section\" id=\"6_Igreja_de_Cristo_Pantocrator\"><\/span>6. Igreja de Cristo Pantocrator<span class=\"ez-toc-section-end\"><\/span><\/h3>\n\n\n\n<p class=\"wp-block-paragraph\">Se Nessebar tem uma constru\u00e7\u00e3o que voc\u00ea reconhece das fotos antes mesmo de chegar aqui, \u00e9 essa igreja dos s\u00e9culos XIII e XIV. <strong>A fachada dela \u00e9 a mais ornamentada de toda a cidade<\/strong> e combina faixas de pedra, tijolo, tigelinhas de cer\u00e2mica vitrificada verde e arcadas cegas num padr\u00e3o que n\u00e3o tem igual no litoral.<\/p>\n\n\n\n<p class=\"wp-block-paragraph\">O detalhe mais interessante fica acima das absides. Ali corre um <strong>friso feito de su\u00e1sticas de tijolo<\/strong>, que, neste caso, \u00e9 um antiqu\u00edssimo s\u00edmbolo solar, n\u00e3o a refer\u00eancia moderna. Oito janelas em arco no tambor da c\u00fapula d\u00e3o a toda a constru\u00e7\u00e3o uma leveza que voc\u00ea n\u00e3o esperaria de uma alvenaria t\u00e3o maci\u00e7a.<\/p>\n\n\n\n<p class=\"wp-block-paragraph\">\ud83d\udca1 <strong>Dica:<\/strong> A igreja n\u00e3o consta na tabela oficial de pre\u00e7os do museu para 2026 e, segundo avalia\u00e7\u00f5es da primavera, j\u00e1 est\u00e1 pela segunda temporada dentro de tapumes, esperando restaura\u00e7\u00e3o. Conte que n\u00e3o vai conseguir entrar e talvez encontre at\u00e9 andaimes. Mas por fora d\u00e1 para contorn\u00e1-la a qualquer hora e de gra\u00e7a.<\/p>\n\n\n\n<figure data-wp-context=\"{&quot;imageId&quot;:&quot;6a9c3a758e20b&quot;}\" data-wp-interactive=\"core\/image\" data-wp-key=\"6a9c3a758e20b\" class=\"wp-block-image size-full wp-lightbox-container\"><img decoding=\"async\" width=\"1800\" height=\"1200\" data-wp-class--hide=\"state.isContentHidden\" data-wp-class--show=\"state.isContentVisible\" data-wp-init=\"callbacks.setButtonStyles\" data-wp-on--click=\"actions.showLightbox\" data-wp-on--load=\"callbacks.setButtonStyles\" data-wp-on--pointerdown=\"actions.preloadImage\" data-wp-on--pointerenter=\"actions.preloadImageWithDelay\" data-wp-on--pointerleave=\"actions.cancelPreload\" data-wp-on-window--resize=\"callbacks.setButtonStyles\" src=\"https:\/\/loudavymkrokem.cz\/wp-content\/uploads\/2026\/08\/bulharsko-research-nesebar-14.jpg\" alt=\"Bas\u00edlica da Virgem Eleusa na margem norte\" class=\"wp-image-404869\" title=\"\" srcset=\"https:\/\/loudavymkrokem.cz\/wp-content\/uploads\/2026\/08\/bulharsko-research-nesebar-14.jpg 1800w, https:\/\/loudavymkrokem.cz\/wp-content\/uploads\/2026\/08\/bulharsko-research-nesebar-14-300x200.jpg 300w, https:\/\/loudavymkrokem.cz\/wp-content\/uploads\/2026\/08\/bulharsko-research-nesebar-14-700x467.jpg 700w, https:\/\/loudavymkrokem.cz\/wp-content\/uploads\/2026\/08\/bulharsko-research-nesebar-14-768x512.jpg 768w, https:\/\/loudavymkrokem.cz\/wp-content\/uploads\/2026\/08\/bulharsko-research-nesebar-14-1536x1024.jpg 1536w, https:\/\/loudavymkrokem.cz\/wp-content\/uploads\/2026\/08\/bulharsko-research-nesebar-14-696x464.jpg 696w, https:\/\/loudavymkrokem.cz\/wp-content\/uploads\/2026\/08\/bulharsko-research-nesebar-14-1392x928.jpg 1392w\" sizes=\"(max-width: 1800px) 100vw, 1800px\" \/><button\n\t\t\tclass=\"lightbox-trigger\"\n\t\t\ttype=\"button\"\n\t\t\taria-haspopup=\"dialog\"\n\t\t\tdata-wp-bind--aria-label=\"state.thisImage.triggerButtonAriaLabel\"\n\t\t\tdata-wp-init=\"callbacks.initTriggerButton\"\n\t\t\tdata-wp-on--click=\"actions.showLightbox\"\n\t\t\tdata-wp-style--right=\"state.thisImage.buttonRight\"\n\t\t\tdata-wp-style--top=\"state.thisImage.buttonTop\"\n\t\t>\n\t\t\t<svg xmlns=\"http:\/\/www.w3.org\/2000\/svg\" width=\"12\" height=\"12\" fill=\"none\" viewBox=\"0 0 12 12\">\n\t\t\t\t<path fill=\"#fff\" d=\"M2 0a2 2 0 0 0-2 2v2h1.5V2a.5.5 0 0 1 .5-.5h2V0H2Zm2 10.5H2a.5.5 0 0 1-.5-.5V8H0v2a2 2 0 0 0 2 2h2v-1.5ZM8 12v-1.5h2a.5.5 0 0 0 .5-.5V8H12v2a2 2 0 0 1-2 2H8Zm2-12a2 2 0 0 1 2 2v2h-1.5V2a.5.5 0 0 0-.5-.5H8V0h2Z\" \/>\n\t\t\t<\/svg>\n\t\t<\/button><figcaption class=\"wp-element-caption\">Foto: Kritzolina \/ Wikimedia Commons, CC BY-SA 4.0<\/figcaption><\/figure>\n\n\n\n<h3 class=\"wp-block-heading\"><span class=\"ez-toc-section\" id=\"7_Basilica_da_Virgem_Eleusa\"><\/span>7. Bas\u00edlica da Virgem Eleusa<span class=\"ez-toc-section-end\"><\/span><\/h3>\n\n\n\n<p class=\"wp-block-paragraph\">Na margem norte da pen\u00ednsula voc\u00ea encontra os amplos <strong>alicerces de uma bas\u00edlica<\/strong> dos s\u00e9culos V e VI, que media impressionantes 28 por 18 metros. Todo o complexo s\u00f3 foi descoberto sob camadas de terra durante escava\u00e7\u00f5es em 1920. O local \u00e9 de acesso livre e n\u00e3o se paga <strong>nenhum ingresso<\/strong>.<\/p>\n\n\n\n<p class=\"wp-block-paragraph\">A vis\u00e3o dessas ru\u00ednas \u00e9 ao mesmo tempo um pouco triste, porque <strong>a nave norte e parte da nave central desmoronaram irremediavelmente no mar ao longo dos s\u00e9culos<\/strong> por causa de deslizamentos. Segundo estimativas do Minist\u00e9rio da Cultura, o mar engoliu aos poucos de um quarto a um ter\u00e7o da \u00e1rea original de toda a cidade antiga, o que \u00e9 comprovado inclusive por robustos quebra-mares da Antiguidade descobertos sob a \u00e1gua.<\/p>\n\n\n\n<figure data-wp-context=\"{&quot;imageId&quot;:&quot;6a9c3a758e8e0&quot;}\" data-wp-interactive=\"core\/image\" data-wp-key=\"6a9c3a758e8e0\" class=\"wp-block-image size-full wp-lightbox-container\"><img decoding=\"async\" width=\"1800\" height=\"1350\" data-wp-class--hide=\"state.isContentHidden\" data-wp-class--show=\"state.isContentVisible\" data-wp-init=\"callbacks.setButtonStyles\" data-wp-on--click=\"actions.showLightbox\" data-wp-on--load=\"callbacks.setButtonStyles\" data-wp-on--pointerdown=\"actions.preloadImage\" data-wp-on--pointerenter=\"actions.preloadImageWithDelay\" data-wp-on--pointerleave=\"actions.cancelPreload\" data-wp-on-window--resize=\"callbacks.setButtonStyles\" src=\"https:\/\/loudavymkrokem.cz\/wp-content\/uploads\/2026\/08\/bulharsko-research-nesebar-15.jpg\" alt=\"Igreja da Virgem Maria, o \u00fanico templo em uso na cidade velha\" class=\"wp-image-404871\" title=\"\" srcset=\"https:\/\/loudavymkrokem.cz\/wp-content\/uploads\/2026\/08\/bulharsko-research-nesebar-15.jpg 1800w, https:\/\/loudavymkrokem.cz\/wp-content\/uploads\/2026\/08\/bulharsko-research-nesebar-15-300x225.jpg 300w, https:\/\/loudavymkrokem.cz\/wp-content\/uploads\/2026\/08\/bulharsko-research-nesebar-15-700x525.jpg 700w, https:\/\/loudavymkrokem.cz\/wp-content\/uploads\/2026\/08\/bulharsko-research-nesebar-15-768x576.jpg 768w, https:\/\/loudavymkrokem.cz\/wp-content\/uploads\/2026\/08\/bulharsko-research-nesebar-15-1536x1152.jpg 1536w, https:\/\/loudavymkrokem.cz\/wp-content\/uploads\/2026\/08\/bulharsko-research-nesebar-15-80x60.jpg 80w, https:\/\/loudavymkrokem.cz\/wp-content\/uploads\/2026\/08\/bulharsko-research-nesebar-15-160x120.jpg 160w, https:\/\/loudavymkrokem.cz\/wp-content\/uploads\/2026\/08\/bulharsko-research-nesebar-15-696x522.jpg 696w, https:\/\/loudavymkrokem.cz\/wp-content\/uploads\/2026\/08\/bulharsko-research-nesebar-15-1392x1044.jpg 1392w\" sizes=\"(max-width: 1800px) 100vw, 1800px\" \/><button\n\t\t\tclass=\"lightbox-trigger\"\n\t\t\ttype=\"button\"\n\t\t\taria-haspopup=\"dialog\"\n\t\t\tdata-wp-bind--aria-label=\"state.thisImage.triggerButtonAriaLabel\"\n\t\t\tdata-wp-init=\"callbacks.initTriggerButton\"\n\t\t\tdata-wp-on--click=\"actions.showLightbox\"\n\t\t\tdata-wp-style--right=\"state.thisImage.buttonRight\"\n\t\t\tdata-wp-style--top=\"state.thisImage.buttonTop\"\n\t\t>\n\t\t\t<svg xmlns=\"http:\/\/www.w3.org\/2000\/svg\" width=\"12\" height=\"12\" fill=\"none\" viewBox=\"0 0 12 12\">\n\t\t\t\t<path fill=\"#fff\" d=\"M2 0a2 2 0 0 0-2 2v2h1.5V2a.5.5 0 0 1 .5-.5h2V0H2Zm2 10.5H2a.5.5 0 0 1-.5-.5V8H0v2a2 2 0 0 0 2 2h2v-1.5ZM8 12v-1.5h2a.5.5 0 0 0 .5-.5V8H12v2a2 2 0 0 1-2 2H8Zm2-12a2 2 0 0 1 2 2v2h-1.5V2a.5.5 0 0 0-.5-.5H8V0h2Z\" \/>\n\t\t\t<\/svg>\n\t\t<\/button><figcaption class=\"wp-element-caption\">Foto: vitsoft \/ Wikimedia Commons (CC BY 3.0)<\/figcaption><\/figure>\n\n\n\n<h3 class=\"wp-block-heading\"><span class=\"ez-toc-section\" id=\"8_Igreja_da_Virgem_Maria_Assuncao\"><\/span>8. Igreja da Virgem Maria (Assun\u00e7\u00e3o)<span class=\"ez-toc-section-end\"><\/span><\/h3>\n\n\n\n<p class=\"wp-block-paragraph\">Se voc\u00ea quer ver como \u00e9 a f\u00e9 viva em Nessebar, v\u00e1 at\u00e9 a rua Hemus. O templo local da Virgem Maria \u00e9 a <strong>\u00fanica igreja em funcionamento em toda a pen\u00ednsula<\/strong> e sua alta torre sineira supera claramente todas as constru\u00e7\u00f5es ao redor. A entrada \u00e9 totalmente gratuita e costuma abrir das 8h \u00e0s 19h.<\/p>\n\n\n\n<p class=\"wp-block-paragraph\">A igreja foi constru\u00edda com interrup\u00e7\u00f5es entre 1857 e 1894, quando foi solenemente consagrada. Por dentro voc\u00ea encontra um interior ricamente decorado e um \u00edcone milagroso, ao qual os moradores v\u00e3o rezar. <strong>Este lugar, ali\u00e1s, \u00e9 muito procurado para casamentos tradicionais<\/strong>, ent\u00e3o, se tiver sorte, talvez veja por aqui alguma festa de casamento e tanto.<\/p>\n\n\n\n<figure data-wp-context=\"{&quot;imageId&quot;:&quot;6a9c3a758f037&quot;}\" data-wp-interactive=\"core\/image\" data-wp-key=\"6a9c3a758f037\" class=\"wp-block-image size-full wp-lightbox-container\"><img decoding=\"async\" width=\"1800\" height=\"1350\" data-wp-class--hide=\"state.isContentHidden\" data-wp-class--show=\"state.isContentVisible\" data-wp-init=\"callbacks.setButtonStyles\" data-wp-on--click=\"actions.showLightbox\" data-wp-on--load=\"callbacks.setButtonStyles\" data-wp-on--pointerdown=\"actions.preloadImage\" data-wp-on--pointerenter=\"actions.preloadImageWithDelay\" data-wp-on--pointerleave=\"actions.cancelPreload\" data-wp-on-window--resize=\"callbacks.setButtonStyles\" src=\"https:\/\/loudavymkrokem.cz\/wp-content\/uploads\/2026\/08\/bulharsko-research-nesebar-16.jpg\" alt=\"Muralhas e n\u00facleo hist\u00f3rico de Nessebar\" class=\"wp-image-404874\" title=\"\" srcset=\"https:\/\/loudavymkrokem.cz\/wp-content\/uploads\/2026\/08\/bulharsko-research-nesebar-16.jpg 1800w, https:\/\/loudavymkrokem.cz\/wp-content\/uploads\/2026\/08\/bulharsko-research-nesebar-16-300x225.jpg 300w, https:\/\/loudavymkrokem.cz\/wp-content\/uploads\/2026\/08\/bulharsko-research-nesebar-16-700x525.jpg 700w, https:\/\/loudavymkrokem.cz\/wp-content\/uploads\/2026\/08\/bulharsko-research-nesebar-16-768x576.jpg 768w, https:\/\/loudavymkrokem.cz\/wp-content\/uploads\/2026\/08\/bulharsko-research-nesebar-16-1536x1152.jpg 1536w, https:\/\/loudavymkrokem.cz\/wp-content\/uploads\/2026\/08\/bulharsko-research-nesebar-16-80x60.jpg 80w, https:\/\/loudavymkrokem.cz\/wp-content\/uploads\/2026\/08\/bulharsko-research-nesebar-16-160x120.jpg 160w, https:\/\/loudavymkrokem.cz\/wp-content\/uploads\/2026\/08\/bulharsko-research-nesebar-16-696x522.jpg 696w, https:\/\/loudavymkrokem.cz\/wp-content\/uploads\/2026\/08\/bulharsko-research-nesebar-16-1392x1044.jpg 1392w\" sizes=\"(max-width: 1800px) 100vw, 1800px\" \/><button\n\t\t\tclass=\"lightbox-trigger\"\n\t\t\ttype=\"button\"\n\t\t\taria-haspopup=\"dialog\"\n\t\t\tdata-wp-bind--aria-label=\"state.thisImage.triggerButtonAriaLabel\"\n\t\t\tdata-wp-init=\"callbacks.initTriggerButton\"\n\t\t\tdata-wp-on--click=\"actions.showLightbox\"\n\t\t\tdata-wp-style--right=\"state.thisImage.buttonRight\"\n\t\t\tdata-wp-style--top=\"state.thisImage.buttonTop\"\n\t\t>\n\t\t\t<svg xmlns=\"http:\/\/www.w3.org\/2000\/svg\" width=\"12\" height=\"12\" fill=\"none\" viewBox=\"0 0 12 12\">\n\t\t\t\t<path fill=\"#fff\" d=\"M2 0a2 2 0 0 0-2 2v2h1.5V2a.5.5 0 0 1 .5-.5h2V0H2Zm2 10.5H2a.5.5 0 0 1-.5-.5V8H0v2a2 2 0 0 0 2 2h2v-1.5ZM8 12v-1.5h2a.5.5 0 0 0 .5-.5V8H12v2a2 2 0 0 1-2 2H8Zm2-12a2 2 0 0 1 2 2v2h-1.5V2a.5.5 0 0 0-.5-.5H8V0h2Z\" \/>\n\t\t\t<\/svg>\n\t\t<\/button><figcaption class=\"wp-element-caption\">Foto: \u0420\u043e\u043c\u0430\u043d \u0414\u043d\u0435\u043f\u0440 \/ Wikimedia Commons, CC BY-SA 3.0<\/figcaption><\/figure>\n\n\n\n<!-- LKM_GYG_CARD start q=\"nessebar\" lang=\"pt-br\" rendered=\"2026-09-05T13:48:48+00:00\" v=\"1\" -->\n<style id=\"lk-gyg-styles\">\n@import url(\"https:\/\/fonts.googleapis.com\/css2?family=Playfair+Display:wght@700&family=DM+Sans:wght@300;400;500;600&display=swap\");\n\/* === LK GYG karty \u2014 CRO redesign 2026-05 (namespace .lkx-) ===\n   C\u00edl: vy\u0161\u0161\u00ed CTR (hero + v\u00fdrazn\u00fd social proof + ak\u010dn\u00ed CTA, m\u00e9n\u011b \"reklamn\u00ed\").\n   Injektuje se inline do prvn\u00edho markeru postu (refresh_cards.py --inline-css). *\/\n.lkx-module, .lkx-module *{box-sizing:border-box;margin:0;padding:0}\n.lkx-module{\n  font-family:'DM Sans',-apple-system,Segoe UI,Roboto,Georgia,sans-serif;\n  max-width:860px;margin:2.5rem auto;color:#1f2328;\n}\n\n\/* HEADER \u2014 lehk\u00fd editorsk\u00fd, \u017e\u00e1dn\u00fd bannerov\u00fd blok; nadpis + popisek pod n\u00edm *\/\n.lkx-head{margin-bottom:16px}\n.lkx-head-main{display:flex;align-items:center;gap:10px}\n.lkx-head-accent{width:26px;height:3px;border-radius:2px;background:#c39f76;flex-shrink:0}\n.lkx-head-title{font-family:'Playfair Display',Georgia,serif;font-size:21px;font-weight:700;color:#1a1a1a;line-height:1.25}\n.lkx-head-meta{display:block;font-size:11px;letter-spacing:.3px;color:#9aa0a6;margin-top:4px;margin-left:36px}\n\n\/* HERO *\/\n.lkx-hero{display:grid;grid-template-columns:300px 1fr;background:#fff;border:1px solid #ece7df;border-radius:14px;overflow:hidden;text-decoration:none!important;color:inherit;box-shadow:0 6px 20px rgba(0,0,0,.06);transition:box-shadow .2s,transform .2s;margin-bottom:14px}\n.lkx-hero:hover{box-shadow:0 12px 30px rgba(0,0,0,.12);transform:translateY(-2px)}\n.lkx-hero-img{position:relative;min-height:230px;background-size:cover;background-position:center;background-color:#eee}\n.lkx-hero-body{padding:22px 24px;display:flex;flex-direction:column}\n.lkx-pick{position:absolute;top:12px;left:12px;background:#1a1a1a;color:#fff;font-size:11px;font-weight:700;letter-spacing:.5px;padding:5px 11px;border-radius:20px}\n\n\/* TITLE *\/\n.lkx-title{font-size:19px;font-weight:700;color:#161616;line-height:1.3}\n.lkx-title-sm{font-size:14.5px;line-height:1.35;display:-webkit-box;-webkit-line-clamp:2;-webkit-box-orient:vertical;overflow:hidden}\n\n\/* SOCIAL PROOF \u2014 v\u00fdrazn\u011b, naho\u0159e *\/\n.lkx-proof{display:flex;align-items:center;gap:7px;margin-top:12px;font-size:15px;color:#3a3a3a}\n.lkx-proof b{font-size:16px;color:#161616}\n.lkx-stars{color:#f5a623;letter-spacing:1px}\n.lkx-proof-sm{font-size:12.5px;margin-top:8px;gap:5px}\n.lkx-proof-sm b{font-size:13px}\n.lkx-proof-new{color:#3685fc;font-weight:600}\n\n\/* PRICE \u2014 n\u00edzk\u00e1 kotva *\/\n.lkx-price{font-size:14px;color:#6b7280}\n.lkx-price b{font-size:20px;color:#161616;font-weight:700}\n.lkx-price-sm b{font-size:15px}\n\n\/* CTA \u2014 tepl\u00e9 ak\u010dn\u00ed tla\u010d\u00edtko *\/\n.lkx-cta{display:inline-flex;align-items:center;justify-content:center;text-decoration:none!important;font-weight:700;color:#fff!important;background:linear-gradient(135deg,#f6743f,#e8552a);border-radius:10px;box-shadow:0 6px 16px rgba(232,85,42,.32);transition:box-shadow .2s}\n.lkx-cta-hero{font-size:15px;padding:13px 22px}\n.lkx-hero:hover .lkx-cta-hero{box-shadow:0 8px 22px rgba(232,85,42,.45)}\n.lkx-cta-sm{font-size:12.5px;padding:9px 14px;width:100%;margin-top:2px}\n.lkx-hero-bottom{margin-top:auto;padding-top:18px;display:flex;align-items:center;justify-content:space-between;gap:14px;flex-wrap:wrap}\n\n\/* BADGE \u2014 jeden v\u00fdrazn\u00fd na fotce *\/\n.lkx-badge{position:absolute;top:12px;right:12px;font-size:10.5px;font-weight:700;letter-spacing:.3px;padding:5px 10px;border-radius:16px;color:#fff}\n.lkx-badge.badge-urgency{background:rgba(214,40,40,.92)}\n.lkx-badge.badge-new{background:rgba(54,133,252,.92)}\n.lkx-badge.badge-top{background:rgba(195,159,118,.95)}\n.lkx-badge.badge-info{background:rgba(40,40,40,.78)}\n\n\/* SECONDARY GRID *\/\n.lkx-grid{display:grid;grid-template-columns:1fr 1fr;gap:14px}\n.lkx-card{background:#fff;border:1px solid #ece7df;border-radius:14px;overflow:hidden;text-decoration:none!important;color:inherit;box-shadow:0 4px 14px rgba(0,0,0,.05);display:flex;flex-direction:column;transition:box-shadow .2s,transform .2s}\n.lkx-card:hover{box-shadow:0 10px 24px rgba(0,0,0,.1);transform:translateY(-2px)}\n.lkx-card-img{position:relative;aspect-ratio:16\/10;background-size:cover;background-position:center;background-color:#eee}\n.lkx-card-body{padding:14px 16px 16px;display:flex;flex-direction:column;gap:7px;flex:1}\n.lkx-card-bottom{margin-top:auto;padding-top:10px;display:flex;align-items:center;justify-content:space-between;gap:8px}\n\n\/* DISCLOSURE \u2014 drobn\u00e1, kv\u016fli d\u016fv\u011b\u0159e\/z\u00e1konu *\/\n.lkx-disclosure{font-size:11px;color:#a7adb3;text-align:center;margin-top:14px;line-height:1.6}\n.lkx-disclosure a{color:#c39f76;text-decoration:none}\n\n@media(max-width:680px){\n  .lkx-hero{grid-template-columns:1fr}\n  .lkx-hero-img{min-height:180px}\n  .lkx-grid{grid-template-columns:1fr}\n  .lkx-head-meta{margin-left:0;width:100%}\n  .lkx-head-title{font-size:19px}\n}\n\n<\/style>\n<div class=\"lkx-module\" data-query=\"nessebar\">\n  <div class=\"lkx-head\">\n    <div class=\"lkx-head-main\">\n      <span class=\"lkx-head-accent\"><\/span>\n      <span class=\"lkx-head-title\">Experi\u00eancias e ingressos<\/span>\n    <\/div>\n    <span class=\"lkx-head-meta\">avaliado por viajantes \u00b7 GetYourGuide<\/span>\n  <\/div><a class=\"lkx-hero\" href=\"https:\/\/www.getyourguide.com\/pt-br\/nessebar-l1659\/nessebar-passeio-guiado-com-degustacao-de-vinhos-t1457585\/?partner_id=MKZ64IS&amp;utm_medium=online_publisher&amp;cmp=nessebar-bulgaria-o-que-ver\" target=\"_blank\" rel=\"sponsored noopener nofollow\">\n    <div class=\"lkx-hero-img\" style=\"background-image:url('https:\/\/cdn.getyourguide.com\/img\/tour\/01dcbd5575fff139a7e7b673abae73f8a1f20282d7b4c28c918fc312a6ee396e.png\/132.jpg')\" role=\"img\" aria-label=\"Nessebar: passeio guiado com degusta\u00e7\u00e3o de vinhos\">\n      <span class=\"lkx-pick\">\u2605 Nossa escolha<\/span><\/div>\n    <div class=\"lkx-hero-body\">\n      <div class=\"lkx-title\">Nessebar: passeio guiado com degusta\u00e7\u00e3o de vinhos<\/div>\n      <div class=\"lkx-proof\">\n      <span class=\"lkx-stars\">\u2605\u2605\u2605\u2605\u2605<\/span>\n      <b>0.0<\/b> \u00b7 0 avalia\u00e7\u00f5es\n    <\/div>\n      <div class=\"lkx-hero-bottom\"><div class=\"lkx-price\">a partir de <b>\u20ac\u00a08<\/b><\/div><span class=\"lkx-cta lkx-cta-hero\">Quero viver isso \u2192<\/span>\n      <\/div>\n    <\/div>\n  <\/a><div class=\"lkx-grid\"><a class=\"lkx-card\" href=\"https:\/\/www.getyourguide.com\/pt-br\/nessebar-l1659\/nessebar-degustacao-de-vinhos-com-focaccia-caseira-t1304232\/?partner_id=MKZ64IS&amp;utm_medium=online_publisher&amp;cmp=nessebar-bulgaria-o-que-ver\" target=\"_blank\" rel=\"sponsored noopener nofollow\">\n      <div class=\"lkx-card-img\" style=\"background-image:url('https:\/\/cdn.getyourguide.com\/img\/tour\/5e058ac047d9723c1ebf5d698505ccbd3b44835d7d184059bea1ab9407cca021.jpg\/132.jpg')\" role=\"img\" aria-label=\"Nessebar: Degusta\u00e7\u00e3o de vinhos com focaccia caseira\"><\/div>\n      <div class=\"lkx-card-body\">\n        <div class=\"lkx-title lkx-title-sm\">Nessebar: Degusta\u00e7\u00e3o de vinhos com focaccia caseira<\/div>\n        <div class=\"lkx-proof lkx-proof-sm\">\n      <span class=\"lkx-stars\">\u2605<\/span>\n      <b>5.0<\/b> \u00b7 41\n    <\/div>\n        <div class=\"lkx-card-bottom\"><span class=\"lkx-price lkx-price-sm\">a partir de <b>\u20ac\u00a025<\/b><\/span><span class=\"lkx-cta lkx-cta-sm\">Ver datas \u2192<\/span>\n        <\/div>\n      <\/div>\n    <\/a><a class=\"lkx-card\" href=\"https:\/\/www.getyourguide.com\/pt-br\/nessebar-l1659\/nessebar-excursao-guiada-a-pe-pelo-centro-historico-de-nessebar-e-visita-a-uma-vinicola-t707098\/?partner_id=MKZ64IS&amp;utm_medium=online_publisher&amp;cmp=nessebar-bulgaria-o-que-ver\" target=\"_blank\" rel=\"sponsored noopener nofollow\">\n      <div class=\"lkx-card-img\" style=\"background-image:url('https:\/\/cdn.getyourguide.com\/img\/tour\/236e94b493afa02ac34e387d198dacdae1b4c27d03a918ef8dce6c7c6d07feda.jpeg\/132.jpg')\" role=\"img\" aria-label=\"Nessebar: Caminhada guiada por Nessebar Old e degusta\u00e7\u00e3o de vinhos\"><\/div>\n      <div class=\"lkx-card-body\">\n        <div class=\"lkx-title lkx-title-sm\">Nessebar: Caminhada guiada por Nessebar Old e degusta\u00e7\u00e3o de vinhos<\/div>\n        <div class=\"lkx-proof lkx-proof-sm\">\n      <span class=\"lkx-stars\">\u2605<\/span>\n      <b>4.7<\/b> \u00b7 50\n    <\/div>\n        <div class=\"lkx-card-bottom\"><span class=\"lkx-price lkx-price-sm\">a partir de <b>\u20ac\u00a015<\/b><\/span><span class=\"lkx-cta lkx-cta-sm\">Ver datas \u2192<\/span>\n        <\/div>\n      <\/div>\n    <\/a><\/div><div class=\"lkx-disclosure\">\ud83d\udd17 Links de afiliados \u2014 n\u00e3o mudam seu pre\u00e7o e nos ajudam a criar conte\u00fado. \u00b7 <a href=\"https:\/\/www.getyourguide.com\/pt-br\/s\/?q=nessebar&amp;partner_id=MKZ64IS&amp;utm_medium=online_publisher\" target=\"_blank\" rel=\"sponsored noopener nofollow\">Todas as experi\u00eancias \u2192<\/a><\/div>\n<\/div>\n<!-- LKM_GYG_CARD end -->\n\n\n\n\n<div class=\"lk-stays-module\">\n<style>\n\/* \u2500\u2500\u2500 RESET PRO GUTENBERG \u2500\u2500\u2500 *\/\n.lk-stays-module * { box-sizing: border-box; margin: 0; padding: 0; }\n\n\/* \u2500\u2500\u2500 WRAPPER \u2500\u2500\u2500 *\/\n.lk-stays-module {\n  font-family: 'DM Sans', Georgia, sans-serif;\n  max-width: 100%;\n  margin: 2.5rem auto;\n  background: linear-gradient(135deg, #fdfaf5 0%, #fcf8f0 100%);\n  border: 1px solid #e8dfd4;\n  border-radius: 16px;\n  overflow: hidden;\n  box-shadow: 0 16px 48px rgba(195, 159, 118, 0.25), 0 4px 12px rgba(0,0,0,0.08);\n}\n\n\/* \u2500\u2500\u2500 HEADER \u2500\u2500\u2500 *\/\n.lk-stays-header {\n  position: relative;\n  padding: 24px 36px 24px;\n  background: linear-gradient(135deg, #c39f76 0%, #d4b188 60%, #c39f76 100%);\n  border-bottom: 1px solid rgba(255,255,255,.15);\n  display: flex;\n  align-items: center;\n  gap: 18px;\n}\n.lk-stays-header::before {\n  content: '';\n  position: absolute;\n  inset: 0;\n  background: url(\"data:image\/svg+xml,%3Csvg width='60' height='60' viewBox='0 0 60 60' xmlns='http:\/\/www.w3.org\/2000\/svg'%3E%3Cg fill='none' fill-rule='evenodd'%3E%3Cg fill='%23ffffff' fill-opacity='0.05'%3E%3Cpath d='M36 34v-4h-2v4h-4v2h4v4h2v-4h4v-2h-4zm0-30V0h-2v4h-4v2h4v4h2V6h4V4h-4zM6 34v-4H4v4H0v2h4v4h2v-4h4v-2H6zM6 4V0H4v4H0v2h4v4h2V6h4V4H6z'\/%3E%3C\/g%3E%3C\/g%3E%3C\/svg%3E\") repeat;\n  pointer-events: none;\n}\n.lk-stays-icon {\n  flex-shrink: 0;\n  width: 68px;\n  height: 68px;\n  border-radius: 14px;\n  background: linear-gradient(135deg, #fff 0%, #f9f6f0 100%);\n  display: flex;\n  align-items: center;\n  justify-content: center;\n  font-size: 26px;\n  box-shadow: 0 4px 12px rgba(0,0,0,0.15);\n}\n.lk-stays-eyebrow {\n  font-size: 10px;\n  font-weight: 500;\n  letter-spacing: 2.5px;\n  text-transform: uppercase;\n  color: rgba(255,255,255,.85);\n  margin: 0 0 5px 0;\n}\n.lk-stays-title {\n  font-family: 'Playfair Display', Georgia, serif;\n  font-size: 24px;\n  font-weight: 700;\n  color: #fff;\n  line-height: 1.2;\n  text-shadow: 0 1px 2px rgba(0,0,0,0.1);\n  margin: 0;\n}\n.lk-stays-subtitle {\n  font-size: 13px;\n  color: rgba(255,255,255,.75);\n  margin: 4px 0 0 0;\n  font-weight: 300;\n}\n\n\/* \u2500\u2500\u2500 CARDS GRID \u2500\u2500\u2500 *\/\n.lk-stays-grid {\n  display: grid;\n  grid-template-columns: 1fr 1fr;\n  gap: 1px;\n  background: rgba(195, 159, 118, 0.12);\n}\n\n\/* \u2500\u2500\u2500 SINGLE CARD \u2500\u2500\u2500 *\/\n.lk-stay-card {\n  background: #ffffff;\n  padding: 26px;\n  display: flex;\n  flex-direction: column;\n  gap: 11px;\n  transition: all 0.3s ease;\n  text-decoration: none;\n  color: inherit;\n  position: relative;\n}\n.lk-stay-card:hover {\n  background: #fffbf5;\n  transform: translateY(-2px);\n  box-shadow: 0 8px 24px rgba(195, 159, 118, 0.18);\n  z-index: 1;\n}\n.lk-stay-card.featured {\n  background: linear-gradient(135deg, #fffdf9 0%, #fff9f0 100%);\n  box-shadow: 0 4px 16px rgba(195, 159, 118, 0.15), inset 0 1px 0 rgba(195, 159, 118, 0.1);\n}\n.lk-stay-card.featured:hover {\n  background: linear-gradient(135deg, #fffbf5 0%, #fff8ed 100%);\n  box-shadow: 0 8px 24px rgba(195, 159, 118, 0.25), inset 0 1px 0 rgba(195, 159, 118, 0.15);\n}\n\n.lk-stay-badge {\n  display: inline-flex;\n  align-items: center;\n  gap: 5px;\n  font-size: 10px;\n  font-weight: 500;\n  letter-spacing: 1.5px;\n  text-transform: uppercase;\n  padding: 5px 11px;\n  border-radius: 20px;\n  width: fit-content;\n}\n.badge-top     { background: linear-gradient(135deg, #c39f76 0%, #d4b188 100%); color: #fff; border: 1px solid #c39f76; font-weight: 600; box-shadow: 0 2px 8px rgba(195,159,118,0.3); }\n.badge-luxury  { background: rgba(195,159,118,.12); color: #c39f76; border: 1px solid rgba(195,159,118,.25); }\n.badge-boutique{ background: rgba(54,133,252,.08); color: #3685fc; border: 1px solid rgba(54,133,252,.2); }\n.badge-nature  { background: rgba(130,190,100,.1); color: #6b9c4a; border: 1px solid rgba(130,190,100,.2); }\n.badge-remote  { background: rgba(195,159,118,.12); color: #a67e50; border: 1px solid rgba(195,159,118,.25); }\n\n.lk-stay-name {\n  font-family: 'Playfair Display', Georgia, serif;\n  font-size: 18px;\n  font-weight: 700;\n  color: #111827;\n  line-height: 1.3;\n}\n.lk-stay-desc {\n  font-size: 13.5px;\n  color: #525252;\n  line-height: 1.65;\n  font-weight: 300;\n  flex: 1;\n}\n\n.lk-stay-meta {\n  display: flex;\n  align-items: center;\n  gap: 12px;\n  flex-wrap: wrap;\n  margin-top: 4px;\n}\n.lk-stay-price {\n  font-size: 13px;\n  color: #6b7280;\n}\n.lk-stay-price strong {\n  color: #c39f76;\n  font-weight: 500;\n}\n.lk-stay-stars {\n  color: #c39f76;\n  font-size: 11px;\n  letter-spacing: 1px;\n}\n\n\/* \u2500\u2500\u2500 CTA BUTTON \u2500\u2500\u2500 *\/\n.lk-stay-cta {\n  display: inline-flex;\n  align-items: center;\n  justify-content: center;\n  gap: 7px;\n  margin-top: 8px;\n  padding: 11px 20px;\n  border-radius: 8px;\n  background: linear-gradient(135deg, #3685fc 0%, #2a6fd9 100%);\n  color: #fff;\n  font-size: 13px;\n  font-weight: 500;\n  text-decoration: none;\n  letter-spacing: .3px;\n  transition: all .2s ease;\n  cursor: pointer;\n  border: none;\n  text-align: center;\n  box-shadow: 0 4px 12px rgba(54, 133, 252, 0.25);\n}\n.lk-stay-cta:hover {\n  background: linear-gradient(135deg, #2a6fd9 0%, #1e5bc4 100%);\n  transform: translateY(-1px);\n  box-shadow: 0 6px 16px rgba(54, 133, 252, 0.35);\n}\n.lk-stay-cta svg { flex-shrink: 0; }\n\n\/* \u2500\u2500\u2500 FOOTER \u2500\u2500\u2500 *\/\n.lk-stays-footer {\n  padding: 18px 36px;\n  background: linear-gradient(to bottom, #fdfaf5 0%, #f9f4ed 100%);\n  border-top: 1px solid rgba(195, 159, 118, 0.15);\n  display: flex;\n  align-items: center;\n  justify-content: space-between;\n  flex-wrap: wrap;\n  gap: 12px;\n}\n.lk-stays-footer-note {\n  font-size: 11.5px;\n  color: #6b7280;\n  font-weight: 300;\n  line-height: 1.5;\n}\n.lk-stays-footer-note a {\n  color: #c39f76;\n  text-decoration: none;\n  font-weight: 400;\n}\n.lk-stays-footer-note a:hover {\n  text-decoration: underline;\n}\n.lk-stays-all-btn {\n  display: inline-flex;\n  align-items: center;\n  gap: 6px;\n  font-size: 12.5px;\n  font-weight: 500;\n  color: #c39f76;\n  text-decoration: none;\n  border: 1px solid rgba(195, 159, 118, 0.35);\n  padding: 8px 18px;\n  border-radius: 8px;\n  transition: all .2s ease;\n}\n.lk-stays-all-btn:hover {\n  background: rgba(195, 159, 118, 0.08);\n  border-color: rgba(195, 159, 118, 0.5);\n}\n\n\/* \u2500\u2500\u2500 RESPONSIVE \u2500\u2500\u2500 *\/\n@media (max-width: 600px) {\n  .lk-stays-grid { grid-template-columns: 1fr; }\n  .lk-stays-header { padding: 24px 20px; }\n  .lk-stays-footer { padding: 16px 20px; }\n  .lk-stay-card { padding: 22px; }\n  .lk-stays-title { font-size: 20px; }\n}\n<\/style>\n\n  <!-- HEADER -->\n  <div class=\"lk-stays-header\">\n    <img decoding=\"async\" src=\"https:\/\/loudavymkrokem.cz\/wp-content\/uploads\/2026\/02\/lukas-a-lucka.jpg\" alt=\"\" style=\"width: 75px; height: 75px; border-radius: 8px; flex-shrink: 0; object-fit: cover; display: block; margin: 4px 0;\" title=\"\">\n    <div class=\"lk-stays-header-text\">\n      <div class=\"lk-stays-eyebrow\">Luk\u00e1\u0161 e Lucie recomendam<\/div>\n      <div class=\"lk-stays-title\">Onde se hospedar em Nesebar<\/div>\n      <div class=\"lk-stays-subtitle\">6 acomoda\u00e7\u00f5es \u2014 hot\u00e9is de bem-estar, hot\u00e9is e outras op\u00e7\u00f5es de hospedagem<\/div>\n    <\/div>\n  <\/div>\n\n  <!-- CARDS -->\n  <div class=\"lk-stays-grid\">\n\n    <a class=\"lk-stay-card featured\" href=\"https:\/\/www.stay22.com\/allez\/roam?aid=lukaskonecny&#038;campaign=loudavymkrokemcz&#038;campaign=pt-br&#038;campaign=nesebar&#038;hotelname=Castro%20Mesembria%20Boutique%20Hotel&#038;address=Nesebar\" target=\"_blank\" rel=\"nofollow noopener\">\n      <span class=\"lk-stay-badge badge-top\">\u2b50 MELHOR ESCOLHA<\/span>\n      <span class=\"lk-stay-badge badge-nature\">\u2b50 Luxo<\/span>\n      <div class=\"lk-stay-name\">Castro Mesembria Boutique Hotel<\/div>\n      <div class=\"lk-stay-desc\">Hotel de luxo com a classifica\u00e7\u00e3o mais alta de toda a pen\u00ednsula, bem no centro hist\u00f3rico. Tem sua pr\u00f3pria pizzaria excelente.<\/div>\n      <div class=\"lk-stay-meta\">\n        <span class=\"lk-stay-stars\">\u2605\u2605\u2605\u2605<\/span>\n        <span class=\"lk-stay-price\">Verificar pre\u00e7os<\/span>\n      <\/div>\n      <span class=\"lk-stay-cta\">\n        <svg width=\"14\" height=\"14\" viewBox=\"0 0 24 24\" fill=\"none\" stroke=\"currentColor\" stroke-width=\"2\"><path d=\"M18 13v6a2 2 0 0 1-2 2H5a2 2 0 0 1-2-2V8a2 2 0 0 1 2-2h6\"\/><polyline points=\"15 3 21 3 21 9\"\/><line x1=\"10\" y1=\"14\" x2=\"21\" y2=\"3\"\/><\/svg>\n        Verificar disponibilidade\n      <\/span>\n    <\/a>\n\n    <a class=\"lk-stay-card\" href=\"https:\/\/www.stay22.com\/allez\/roam?aid=lukaskonecny&#038;campaign=loudavymkrokemcz&#038;campaign=pt-br&#038;campaign=nesebar&#038;hotelname=Hotel%20Saint%20John%20Baptist%20Nessebar&#038;address=Nesebar\" target=\"_blank\" rel=\"nofollow noopener\">\n      <span class=\"lk-stay-badge badge-nature\">\ud83c\udfe8 Hotel<\/span>\n      <div class=\"lk-stay-name\">Hotel Saint John Baptist Nessebar<\/div>\n      <div class=\"lk-stay-desc\">Um cl\u00e1ssico tradicional junto \u00e0s muralhas da cidade antiga, excelente escolha para hospedagem no centro hist\u00f3rico de Nesebar.<\/div>\n      <div class=\"lk-stay-meta\">\n        <span class=\"lk-stay-stars\">\u2605\u2605\u2605\u2605<\/span>\n        <span class=\"lk-stay-price\">Verificar pre\u00e7os<\/span>\n      <\/div>\n      <span class=\"lk-stay-cta\">\n        <svg width=\"14\" height=\"14\" viewBox=\"0 0 24 24\" fill=\"none\" stroke=\"currentColor\" stroke-width=\"2\"><path d=\"M18 13v6a2 2 0 0 1-2 2H5a2 2 0 0 1-2-2V8a2 2 0 0 1 2-2h6\"\/><polyline points=\"15 3 21 3 21 9\"\/><line x1=\"10\" y1=\"14\" x2=\"21\" y2=\"3\"\/><\/svg>\n        Verificar disponibilidade\n      <\/span>\n    <\/a>\n\n    <a class=\"lk-stay-card\" href=\"https:\/\/www.stay22.com\/allez\/roam?aid=lukaskonecny&#038;campaign=loudavymkrokemcz&#038;campaign=pt-br&#038;campaign=nesebar&#038;hotelname=Family%20Hotel%20Saint%20Nikola&#038;address=Nesebar\" target=\"_blank\" rel=\"nofollow noopener\">\n      <span class=\"lk-stay-badge badge-nature\">\ud83c\udfe8 Hotel<\/span>\n      <div class=\"lk-stay-name\">Family Hotel Saint Nikola<\/div>\n      <div class=\"lk-stay-desc\">Ideal para fam\u00edlias com carro, custo-benef\u00edcio imbat\u00edvel. Disp\u00f5e de estacionamento pr\u00f3prio gratuito, o que economiza muita dor de cabe\u00e7a.<\/div>\n      <div class=\"lk-stay-meta\">\n        <span class=\"lk-stay-stars\">\u2605\u2605\u2605\u2605<\/span>\n        <span class=\"lk-stay-price\">Verificar pre\u00e7os<\/span>\n      <\/div>\n      <span class=\"lk-stay-cta\">\n        <svg width=\"14\" height=\"14\" viewBox=\"0 0 24 24\" fill=\"none\" stroke=\"currentColor\" stroke-width=\"2\"><path d=\"M18 13v6a2 2 0 0 1-2 2H5a2 2 0 0 1-2-2V8a2 2 0 0 1 2-2h6\"\/><polyline points=\"15 3 21 3 21 9\"\/><line x1=\"10\" y1=\"14\" x2=\"21\" y2=\"3\"\/><\/svg>\n        Verificar disponibilidade\n      <\/span>\n    <\/a>\n\n    <a class=\"lk-stay-card\" href=\"https:\/\/www.stay22.com\/allez\/roam?aid=lukaskonecny&#038;campaign=loudavymkrokemcz&#038;campaign=pt-br&#038;campaign=nesebar&#038;hotelname=Hotel%20Capri&#038;address=Nesebar\" target=\"_blank\" rel=\"nofollow noopener\">\n      <span class=\"lk-stay-badge badge-nature\">\ud83c\udfe8 Hotel<\/span>\n      <div class=\"lk-stay-name\">Hotel Capri<\/div>\n      <div class=\"lk-stay-desc\">Hotel na cidade nova com a vantagem de estacionamento pr\u00f3prio gratuito, escolha pr\u00e1tica para visitantes com carro.<\/div>\n      <div class=\"lk-stay-meta\">\n        <span class=\"lk-stay-stars\">\u2605\u2605\u2605\u2605<\/span>\n        <span class=\"lk-stay-price\">Verificar pre\u00e7os<\/span>\n      <\/div>\n      <span class=\"lk-stay-cta\">\n        <svg width=\"14\" height=\"14\" viewBox=\"0 0 24 24\" fill=\"none\" stroke=\"currentColor\" stroke-width=\"2\"><path d=\"M18 13v6a2 2 0 0 1-2 2H5a2 2 0 0 1-2-2V8a2 2 0 0 1 2-2h6\"\/><polyline points=\"15 3 21 3 21 9\"\/><line x1=\"10\" y1=\"14\" x2=\"21\" y2=\"3\"\/><\/svg>\n        Verificar disponibilidade\n      <\/span>\n    <\/a>\n\n    <a class=\"lk-stay-card\" href=\"https:\/\/www.stay22.com\/allez\/roam?aid=lukaskonecny&#038;campaign=loudavymkrokemcz&#038;campaign=pt-br&#038;campaign=nesebar&#038;hotelname=Aphrodite%20Beach%20Hotel&#038;address=Nesebar\" target=\"_blank\" rel=\"nofollow noopener\">\n      <span class=\"lk-stay-badge badge-nature\">\ud83c\udfd6\ufe0f Praia<\/span>\n      <div class=\"lk-stay-name\">Aphrodite Beach Hotel<\/div>\n      <div class=\"lk-stay-desc\">Bem na Praia Sul, quinze minutos a p\u00e9 da cidade antiga. Da piscina, vista maravilhosa de toda a pen\u00ednsula hist\u00f3rica.<\/div>\n      <div class=\"lk-stay-meta\">\n        <span class=\"lk-stay-stars\">\u2605\u2605\u2605\u2605<\/span>\n        <span class=\"lk-stay-price\">Verificar pre\u00e7os<\/span>\n      <\/div>\n      <span class=\"lk-stay-cta\">\n        <svg width=\"14\" height=\"14\" viewBox=\"0 0 24 24\" fill=\"none\" stroke=\"currentColor\" stroke-width=\"2\"><path d=\"M18 13v6a2 2 0 0 1-2 2H5a2 2 0 0 1-2-2V8a2 2 0 0 1 2-2h6\"\/><polyline points=\"15 3 21 3 21 9\"\/><line x1=\"10\" y1=\"14\" x2=\"21\" y2=\"3\"\/><\/svg>\n        Verificar disponibilidade\n      <\/span>\n    <\/a>\n\n    <a class=\"lk-stay-card\" href=\"https:\/\/www.stay22.com\/allez\/roam?aid=lukaskonecny&#038;campaign=loudavymkrokemcz&#038;campaign=pt-br&#038;campaign=nesebar&#038;address=nesebar\" target=\"_blank\" rel=\"nofollow noopener\">\n      <span class=\"lk-stay-badge badge-nature\">\ud83d\udd0d Buscar<\/span>\n      <div class=\"lk-stay-name\">Ver todas as acomoda\u00e7\u00f5es em Nesebar<\/div>\n      <div class=\"lk-stay-desc\">Explore todas as op\u00e7\u00f5es de hospedagem dispon\u00edveis em Nesebar e encontre a melhor de acordo com suas prefer\u00eancias e or\u00e7amento.<\/div>\n      <div class=\"lk-stay-meta\">\n        <span class=\"lk-stay-stars\">\u2605\u2605\u2605\u2605<\/span>\n        <span class=\"lk-stay-price\">Comparar pre\u00e7os<\/span>\n      <\/div>\n      <span class=\"lk-stay-cta\">\n        <svg width=\"14\" height=\"14\" viewBox=\"0 0 24 24\" fill=\"none\" stroke=\"currentColor\" stroke-width=\"2\"><path d=\"M18 13v6a2 2 0 0 1-2 2H5a2 2 0 0 1-2-2V8a2 2 0 0 1 2-2h6\"\/><polyline points=\"15 3 21 3 21 9\"\/><line x1=\"10\" y1=\"14\" x2=\"21\" y2=\"3\"\/><\/svg>\n        Verificar disponibilidade\n      <\/span>\n    <\/a>\n\n  <\/div>\n\n  \n<\/div>\n\n\n\n\n<h2 class=\"wp-block-heading\"><span class=\"ez-toc-section\" id=\"Muralhas_moinho_e_ruelas_da_cidade_velha\"><\/span>Muralhas, moinho e ruelas da cidade velha<span class=\"ez-toc-section-end\"><\/span><\/h2>\n\n\n\n<p class=\"wp-block-paragraph\">Al\u00e9m das atra\u00e7\u00f5es religiosas, Nessebar oferece tamb\u00e9m <strong>constru\u00e7\u00f5es civis deslumbrantes<\/strong>. A cada passo voc\u00ea esbarra em hist\u00f3ria que remonta a milhares de anos, dos tr\u00e1cios at\u00e9 o <strong>renascimento nacional b\u00falgaro<\/strong>.<\/p>\n\n\n\n<figure data-wp-context=\"{&quot;imageId&quot;:&quot;6a9c3a758f7fb&quot;}\" data-wp-interactive=\"core\/image\" data-wp-key=\"6a9c3a758f7fb\" class=\"wp-block-image size-full wp-lightbox-container\"><img decoding=\"async\" width=\"1800\" height=\"1196\" data-wp-class--hide=\"state.isContentHidden\" data-wp-class--show=\"state.isContentVisible\" data-wp-init=\"callbacks.setButtonStyles\" data-wp-on--click=\"actions.showLightbox\" data-wp-on--load=\"callbacks.setButtonStyles\" data-wp-on--pointerdown=\"actions.preloadImage\" data-wp-on--pointerenter=\"actions.preloadImageWithDelay\" data-wp-on--pointerleave=\"actions.cancelPreload\" data-wp-on-window--resize=\"callbacks.setButtonStyles\" src=\"https:\/\/loudavymkrokem.cz\/wp-content\/uploads\/2026\/08\/bulharsko-research-nesebar-17.jpg\" alt=\"Moinho de vento de madeira no istmo de Nessebar\" class=\"wp-image-404876\" title=\"\" srcset=\"https:\/\/loudavymkrokem.cz\/wp-content\/uploads\/2026\/08\/bulharsko-research-nesebar-17.jpg 1800w, https:\/\/loudavymkrokem.cz\/wp-content\/uploads\/2026\/08\/bulharsko-research-nesebar-17-300x199.jpg 300w, https:\/\/loudavymkrokem.cz\/wp-content\/uploads\/2026\/08\/bulharsko-research-nesebar-17-700x465.jpg 700w, https:\/\/loudavymkrokem.cz\/wp-content\/uploads\/2026\/08\/bulharsko-research-nesebar-17-768x510.jpg 768w, https:\/\/loudavymkrokem.cz\/wp-content\/uploads\/2026\/08\/bulharsko-research-nesebar-17-1536x1021.jpg 1536w, https:\/\/loudavymkrokem.cz\/wp-content\/uploads\/2026\/08\/bulharsko-research-nesebar-17-696x462.jpg 696w, https:\/\/loudavymkrokem.cz\/wp-content\/uploads\/2026\/08\/bulharsko-research-nesebar-17-1392x925.jpg 1392w\" sizes=\"(max-width: 1800px) 100vw, 1800px\" \/><button\n\t\t\tclass=\"lightbox-trigger\"\n\t\t\ttype=\"button\"\n\t\t\taria-haspopup=\"dialog\"\n\t\t\tdata-wp-bind--aria-label=\"state.thisImage.triggerButtonAriaLabel\"\n\t\t\tdata-wp-init=\"callbacks.initTriggerButton\"\n\t\t\tdata-wp-on--click=\"actions.showLightbox\"\n\t\t\tdata-wp-style--right=\"state.thisImage.buttonRight\"\n\t\t\tdata-wp-style--top=\"state.thisImage.buttonTop\"\n\t\t>\n\t\t\t<svg xmlns=\"http:\/\/www.w3.org\/2000\/svg\" width=\"12\" height=\"12\" fill=\"none\" viewBox=\"0 0 12 12\">\n\t\t\t\t<path fill=\"#fff\" d=\"M2 0a2 2 0 0 0-2 2v2h1.5V2a.5.5 0 0 1 .5-.5h2V0H2Zm2 10.5H2a.5.5 0 0 1-.5-.5V8H0v2a2 2 0 0 0 2 2h2v-1.5ZM8 12v-1.5h2a.5.5 0 0 0 .5-.5V8H12v2a2 2 0 0 1-2 2H8Zm2-12a2 2 0 0 1 2 2v2h-1.5V2a.5.5 0 0 0-.5-.5H8V0h2Z\" \/>\n\t\t\t<\/svg>\n\t\t<\/button><figcaption class=\"wp-element-caption\">Foto: www.bdmundo.com \/ Wikimedia Commons (CC BY-SA 2.0)<\/figcaption><\/figure>\n\n\n\n<h3 class=\"wp-block-heading\"><span class=\"ez-toc-section\" id=\"9_Moinho_de_vento_no_istmo\"><\/span>9. Moinho de vento no istmo<span class=\"ez-toc-section-end\"><\/span><\/h3>\n\n\n\n<p class=\"wp-block-paragraph\">O moinho de vento de madeira que fica no istmo estreito que liga a pen\u00ednsula ao continente \u00e9 provavelmente a primeira coisa que voc\u00ea vai fotografar em Nessebar. Mas a maioria dos turistas n\u00e3o percebe que <strong>a constru\u00e7\u00e3o atual n\u00e3o \u00e9 a original<\/strong>. O verdadeiro moinho hist\u00f3rico desabou sozinho numa forte tempestade em 1929, e a forma atual \u00e9 resultado de v\u00e1rias reformas, a \u00faltima delas em 2022.<\/p>\n\n\n\n<p class=\"wp-block-paragraph\">O moinho n\u00e3o funciona e \u00e9 puramente uma exposi\u00e7\u00e3o de museu (entrada 2,56 \u20ac), mas voc\u00ea sabia que Nessebar tem, na verdade, tr\u00eas moinhos? Um, de pedra, fica na margem norte, perto da Eleusa, e no seu terceiro andar <strong>ainda se preservam as pesadas m\u00f3s e parte do mecanismo<\/strong>, o que \u00e9 uma experi\u00eancia bem mais aut\u00eantica para quem gosta de t\u00e9cnica.<\/p>\n\n\n\n<figure data-wp-context=\"{&quot;imageId&quot;:&quot;6a9c3a758fe23&quot;}\" data-wp-interactive=\"core\/image\" data-wp-key=\"6a9c3a758fe23\" class=\"wp-block-image size-full wp-lightbox-container\"><img decoding=\"async\" width=\"1800\" height=\"633\" data-wp-class--hide=\"state.isContentHidden\" data-wp-class--show=\"state.isContentVisible\" data-wp-init=\"callbacks.setButtonStyles\" data-wp-on--click=\"actions.showLightbox\" data-wp-on--load=\"callbacks.setButtonStyles\" data-wp-on--pointerdown=\"actions.preloadImage\" data-wp-on--pointerenter=\"actions.preloadImageWithDelay\" data-wp-on--pointerleave=\"actions.cancelPreload\" data-wp-on-window--resize=\"callbacks.setButtonStyles\" src=\"https:\/\/loudavymkrokem.cz\/wp-content\/uploads\/2026\/08\/bulharsko-research-nesebar-18.jpg\" alt=\"Muralhas oeste e o port\u00e3o principal da cidade\" class=\"wp-image-404877\" title=\"\" srcset=\"https:\/\/loudavymkrokem.cz\/wp-content\/uploads\/2026\/08\/bulharsko-research-nesebar-18.jpg 1800w, https:\/\/loudavymkrokem.cz\/wp-content\/uploads\/2026\/08\/bulharsko-research-nesebar-18-300x106.jpg 300w, https:\/\/loudavymkrokem.cz\/wp-content\/uploads\/2026\/08\/bulharsko-research-nesebar-18-700x246.jpg 700w, https:\/\/loudavymkrokem.cz\/wp-content\/uploads\/2026\/08\/bulharsko-research-nesebar-18-768x270.jpg 768w, https:\/\/loudavymkrokem.cz\/wp-content\/uploads\/2026\/08\/bulharsko-research-nesebar-18-1536x540.jpg 1536w, https:\/\/loudavymkrokem.cz\/wp-content\/uploads\/2026\/08\/bulharsko-research-nesebar-18-696x245.jpg 696w, https:\/\/loudavymkrokem.cz\/wp-content\/uploads\/2026\/08\/bulharsko-research-nesebar-18-1392x490.jpg 1392w\" sizes=\"(max-width: 1800px) 100vw, 1800px\" \/><button\n\t\t\tclass=\"lightbox-trigger\"\n\t\t\ttype=\"button\"\n\t\t\taria-haspopup=\"dialog\"\n\t\t\tdata-wp-bind--aria-label=\"state.thisImage.triggerButtonAriaLabel\"\n\t\t\tdata-wp-init=\"callbacks.initTriggerButton\"\n\t\t\tdata-wp-on--click=\"actions.showLightbox\"\n\t\t\tdata-wp-style--right=\"state.thisImage.buttonRight\"\n\t\t\tdata-wp-style--top=\"state.thisImage.buttonTop\"\n\t\t>\n\t\t\t<svg xmlns=\"http:\/\/www.w3.org\/2000\/svg\" width=\"12\" height=\"12\" fill=\"none\" viewBox=\"0 0 12 12\">\n\t\t\t\t<path fill=\"#fff\" d=\"M2 0a2 2 0 0 0-2 2v2h1.5V2a.5.5 0 0 1 .5-.5h2V0H2Zm2 10.5H2a.5.5 0 0 1-.5-.5V8H0v2a2 2 0 0 0 2 2h2v-1.5ZM8 12v-1.5h2a.5.5 0 0 0 .5-.5V8H12v2a2 2 0 0 1-2 2H8Zm2-12a2 2 0 0 1 2 2v2h-1.5V2a.5.5 0 0 0-.5-.5H8V0h2Z\" \/>\n\t\t\t<\/svg>\n\t\t<\/button><figcaption class=\"wp-element-caption\">Foto: B0rder at en.wikipedia \/ Wikimedia Commons, Public domain<\/figcaption><\/figure>\n\n\n\n<h3 class=\"wp-block-heading\"><span class=\"ez-toc-section\" id=\"10_Muralhas_oeste_e_o_portao_principal\"><\/span>10. Muralhas oeste e o port\u00e3o principal<span class=\"ez-toc-section-end\"><\/span><\/h3>\n\n\n\n<p class=\"wp-block-paragraph\">As fortifica\u00e7\u00f5es de Nessebar s\u00e3o como um livro did\u00e1tico de arquitetura na pr\u00e1tica. Quando voc\u00ea fica de frente para o port\u00e3o principal da cidade, na entrada da pen\u00ednsula, <strong>consegue ler claramente quatro camadas hist\u00f3ricas diferentes<\/strong>. Bem embaixo est\u00e1 a alvenaria tr\u00e1cia do s\u00e9culo VIII a.C.; acima dela, os blocos helen\u00edsticos assentados a seco; depois, as adapta\u00e7\u00f5es romanas; e, por fim, a alvenaria paleobizantina do tipo opus mixtum, de meados do s\u00e9culo V.<\/p>\n\n\n\n<p class=\"wp-block-paragraph\">O pr\u00f3prio port\u00e3o principal, protegido por duas torres retangulares, era <strong>equipado com dupla veda\u00e7\u00e3o, na forma de uma grade que descia e de portas pesadas de duas folhas<\/strong>. As muralhas t\u00eam acesso livre 24 horas por dia e, logo em frente ao museu pr\u00f3ximo, voc\u00ea pode ver uma maquete em relevo bem precisa de toda a pen\u00ednsula.<\/p>\n\n\n\n<figure data-wp-context=\"{&quot;imageId&quot;:&quot;6a9c3a75902e2&quot;}\" data-wp-interactive=\"core\/image\" data-wp-key=\"6a9c3a75902e2\" class=\"wp-block-image size-full wp-lightbox-container\"><img decoding=\"async\" width=\"1800\" height=\"1350\" data-wp-class--hide=\"state.isContentHidden\" data-wp-class--show=\"state.isContentVisible\" data-wp-init=\"callbacks.setButtonStyles\" data-wp-on--click=\"actions.showLightbox\" data-wp-on--load=\"callbacks.setButtonStyles\" data-wp-on--pointerdown=\"actions.preloadImage\" data-wp-on--pointerenter=\"actions.preloadImageWithDelay\" data-wp-on--pointerleave=\"actions.cancelPreload\" data-wp-on-window--resize=\"callbacks.setButtonStyles\" src=\"https:\/\/loudavymkrokem.cz\/wp-content\/uploads\/2026\/08\/bulharsko-research-nesebar-19.jpg\" alt=\"Termas paleobizantinas do s\u00e9culo VI\" class=\"wp-image-404880\" title=\"\" srcset=\"https:\/\/loudavymkrokem.cz\/wp-content\/uploads\/2026\/08\/bulharsko-research-nesebar-19.jpg 1800w, https:\/\/loudavymkrokem.cz\/wp-content\/uploads\/2026\/08\/bulharsko-research-nesebar-19-300x225.jpg 300w, https:\/\/loudavymkrokem.cz\/wp-content\/uploads\/2026\/08\/bulharsko-research-nesebar-19-700x525.jpg 700w, https:\/\/loudavymkrokem.cz\/wp-content\/uploads\/2026\/08\/bulharsko-research-nesebar-19-768x576.jpg 768w, https:\/\/loudavymkrokem.cz\/wp-content\/uploads\/2026\/08\/bulharsko-research-nesebar-19-1536x1152.jpg 1536w, https:\/\/loudavymkrokem.cz\/wp-content\/uploads\/2026\/08\/bulharsko-research-nesebar-19-80x60.jpg 80w, https:\/\/loudavymkrokem.cz\/wp-content\/uploads\/2026\/08\/bulharsko-research-nesebar-19-160x120.jpg 160w, https:\/\/loudavymkrokem.cz\/wp-content\/uploads\/2026\/08\/bulharsko-research-nesebar-19-696x522.jpg 696w, https:\/\/loudavymkrokem.cz\/wp-content\/uploads\/2026\/08\/bulharsko-research-nesebar-19-1392x1044.jpg 1392w\" sizes=\"(max-width: 1800px) 100vw, 1800px\" \/><button\n\t\t\tclass=\"lightbox-trigger\"\n\t\t\ttype=\"button\"\n\t\t\taria-haspopup=\"dialog\"\n\t\t\tdata-wp-bind--aria-label=\"state.thisImage.triggerButtonAriaLabel\"\n\t\t\tdata-wp-init=\"callbacks.initTriggerButton\"\n\t\t\tdata-wp-on--click=\"actions.showLightbox\"\n\t\t\tdata-wp-style--right=\"state.thisImage.buttonRight\"\n\t\t\tdata-wp-style--top=\"state.thisImage.buttonTop\"\n\t\t>\n\t\t\t<svg xmlns=\"http:\/\/www.w3.org\/2000\/svg\" width=\"12\" height=\"12\" fill=\"none\" viewBox=\"0 0 12 12\">\n\t\t\t\t<path fill=\"#fff\" d=\"M2 0a2 2 0 0 0-2 2v2h1.5V2a.5.5 0 0 1 .5-.5h2V0H2Zm2 10.5H2a.5.5 0 0 1-.5-.5V8H0v2a2 2 0 0 0 2 2h2v-1.5ZM8 12v-1.5h2a.5.5 0 0 0 .5-.5V8H12v2a2 2 0 0 1-2 2H8Zm2-12a2 2 0 0 1 2 2v2h-1.5V2a.5.5 0 0 0-.5-.5H8V0h2Z\" \/>\n\t\t\t<\/svg>\n\t\t<\/button><figcaption class=\"wp-element-caption\">Foto: \u0420\u043e\u043c\u0430\u043d \u0414\u043d\u0435\u043f\u0440 \/ Wikimedia Commons, CC BY-SA 3.0<\/figcaption><\/figure>\n\n\n\n<h3 class=\"wp-block-heading\"><span class=\"ez-toc-section\" id=\"11_Termas_paleobizantinas\"><\/span>11. Termas paleobizantinas<span class=\"ez-toc-section-end\"><\/span><\/h3>\n\n\n\n<p class=\"wp-block-paragraph\">Acredite ou n\u00e3o, foi justamente nessas ru\u00ednas de acesso livre que, de certa forma, se escreveu a hist\u00f3ria de todo o pa\u00eds. As termas do s\u00e9culo VI, constru\u00eddas durante o reinado do imperador Justiniano I, ainda t\u00eam <strong>a alvenaria preservada em alguns pontos at\u00e9 tr\u00eas metros de altura<\/strong> e um sistema de aquecimento de piso bem vis\u00edvel.<\/p>\n\n\n\n<p class=\"wp-block-paragraph\">Foi para c\u00e1 que, em 680, veio o imperador bizantino Constantino IV, para tratar de um ataque de gota, enquanto seu ex\u00e9rcito cercava os b\u00falgaros de Asparuque. Os soldados interpretaram a partida do imperador como uma fuga, entraram em p\u00e2nico e recuaram, o que permitiu aos b\u00falgaros derrot\u00e1-los de forma esmagadora. Dessa vit\u00f3ria <strong>surgiu a paz de 681 e o nascimento do Primeiro Imp\u00e9rio B\u00falgaro<\/strong>, ent\u00e3o voc\u00ea est\u00e1 pisando num lugar de imenso significado hist\u00f3rico.<\/p>\n\n\n\n<figure data-wp-context=\"{&quot;imageId&quot;:&quot;6a9c3a7590717&quot;}\" data-wp-interactive=\"core\/image\" data-wp-key=\"6a9c3a7590717\" class=\"wp-block-image size-full wp-lightbox-container\"><img decoding=\"async\" width=\"1800\" height=\"1350\" data-wp-class--hide=\"state.isContentHidden\" data-wp-class--show=\"state.isContentVisible\" data-wp-init=\"callbacks.setButtonStyles\" data-wp-on--click=\"actions.showLightbox\" data-wp-on--load=\"callbacks.setButtonStyles\" data-wp-on--pointerdown=\"actions.preloadImage\" data-wp-on--pointerenter=\"actions.preloadImageWithDelay\" data-wp-on--pointerleave=\"actions.cancelPreload\" data-wp-on-window--resize=\"callbacks.setButtonStyles\" src=\"https:\/\/loudavymkrokem.cz\/wp-content\/uploads\/2026\/08\/bulharsko-research-nesebar-20.jpg\" alt=\"Casa do renascimento nacional de Nessebar com andar superior de madeira\" class=\"wp-image-404882\" title=\"\" srcset=\"https:\/\/loudavymkrokem.cz\/wp-content\/uploads\/2026\/08\/bulharsko-research-nesebar-20.jpg 1800w, https:\/\/loudavymkrokem.cz\/wp-content\/uploads\/2026\/08\/bulharsko-research-nesebar-20-300x225.jpg 300w, https:\/\/loudavymkrokem.cz\/wp-content\/uploads\/2026\/08\/bulharsko-research-nesebar-20-700x525.jpg 700w, https:\/\/loudavymkrokem.cz\/wp-content\/uploads\/2026\/08\/bulharsko-research-nesebar-20-768x576.jpg 768w, https:\/\/loudavymkrokem.cz\/wp-content\/uploads\/2026\/08\/bulharsko-research-nesebar-20-1536x1152.jpg 1536w, https:\/\/loudavymkrokem.cz\/wp-content\/uploads\/2026\/08\/bulharsko-research-nesebar-20-80x60.jpg 80w, https:\/\/loudavymkrokem.cz\/wp-content\/uploads\/2026\/08\/bulharsko-research-nesebar-20-160x120.jpg 160w, https:\/\/loudavymkrokem.cz\/wp-content\/uploads\/2026\/08\/bulharsko-research-nesebar-20-696x522.jpg 696w, https:\/\/loudavymkrokem.cz\/wp-content\/uploads\/2026\/08\/bulharsko-research-nesebar-20-1392x1044.jpg 1392w\" sizes=\"(max-width: 1800px) 100vw, 1800px\" \/><button\n\t\t\tclass=\"lightbox-trigger\"\n\t\t\ttype=\"button\"\n\t\t\taria-haspopup=\"dialog\"\n\t\t\tdata-wp-bind--aria-label=\"state.thisImage.triggerButtonAriaLabel\"\n\t\t\tdata-wp-init=\"callbacks.initTriggerButton\"\n\t\t\tdata-wp-on--click=\"actions.showLightbox\"\n\t\t\tdata-wp-style--right=\"state.thisImage.buttonRight\"\n\t\t\tdata-wp-style--top=\"state.thisImage.buttonTop\"\n\t\t>\n\t\t\t<svg xmlns=\"http:\/\/www.w3.org\/2000\/svg\" width=\"12\" height=\"12\" fill=\"none\" viewBox=\"0 0 12 12\">\n\t\t\t\t<path fill=\"#fff\" d=\"M2 0a2 2 0 0 0-2 2v2h1.5V2a.5.5 0 0 1 .5-.5h2V0H2Zm2 10.5H2a.5.5 0 0 1-.5-.5V8H0v2a2 2 0 0 0 2 2h2v-1.5ZM8 12v-1.5h2a.5.5 0 0 0 .5-.5V8H12v2a2 2 0 0 1-2 2H8Zm2-12a2 2 0 0 1 2 2v2h-1.5V2a.5.5 0 0 0-.5-.5H8V0h2Z\" \/>\n\t\t\t<\/svg>\n\t\t<\/button><figcaption class=\"wp-element-caption\">Foto: Tanya Dedyukhina \/ Wikimedia Commons, CC BY 3.0<\/figcaption><\/figure>\n\n\n\n<h3 class=\"wp-block-heading\"><span class=\"ez-toc-section\" id=\"12_Casas_do_renascimento_nacional_de_Nessebar\"><\/span>12. Casas do renascimento nacional de Nessebar<span class=\"ez-toc-section-end\"><\/span><\/h3>\n\n\n\n<p class=\"wp-block-paragraph\">Quando voc\u00ea mergulha no emaranhado de ruelas estreitas, por toda parte vai encontrar as casas t\u00edpicas do per\u00edodo do renascimento nacional b\u00falgaro (s\u00e9culos XVIII e XIX). No registro de patrim\u00f4nio, h\u00e1 noventa delas cadastradas na pen\u00ednsula \u2014 um n\u00famero respeit\u00e1vel. <strong>A arquitetura dessas casas \u00e9 extremamente pr\u00e1tica e bem pensada.<\/strong><\/p>\n\n\n\n<p class=\"wp-block-paragraph\">O t\u00e9rreo \u00e9 feito de paredes maci\u00e7as de pedra e servia para fins dom\u00e9sticos ou para guardar vinho e redes de pesca. Dele se ergue um <strong>amplo andar residencial de madeira, com o t\u00edpico balc\u00e3o saliente<\/strong>, revestido de t\u00e1buas. Os mestres locais constru\u00edam as casas de modo que os c\u00f4modos voltados para o sul, com muitas janelas, captassem a brisa de ver\u00e3o do mar, enquanto os c\u00f4modos ao norte tinham lareiras para os dias frios de inverno.<\/p>\n\n\n\n<figure data-wp-context=\"{&quot;imageId&quot;:&quot;6a9c3a7590bdd&quot;}\" data-wp-interactive=\"core\/image\" data-wp-key=\"6a9c3a7590bdd\" class=\"wp-block-image size-full wp-lightbox-container\"><img decoding=\"async\" width=\"1800\" height=\"1350\" data-wp-class--hide=\"state.isContentHidden\" data-wp-class--show=\"state.isContentVisible\" data-wp-init=\"callbacks.setButtonStyles\" data-wp-on--click=\"actions.showLightbox\" data-wp-on--load=\"callbacks.setButtonStyles\" data-wp-on--pointerdown=\"actions.preloadImage\" data-wp-on--pointerenter=\"actions.preloadImageWithDelay\" data-wp-on--pointerleave=\"actions.cancelPreload\" data-wp-on-window--resize=\"callbacks.setButtonStyles\" src=\"https:\/\/loudavymkrokem.cz\/wp-content\/uploads\/2026\/08\/bulharsko-research-nesebar-21.jpg\" alt=\"Praias e museus nos arredores da cidade velha de Nessebar\" class=\"wp-image-404884\" title=\"\" srcset=\"https:\/\/loudavymkrokem.cz\/wp-content\/uploads\/2026\/08\/bulharsko-research-nesebar-21.jpg 1800w, https:\/\/loudavymkrokem.cz\/wp-content\/uploads\/2026\/08\/bulharsko-research-nesebar-21-300x225.jpg 300w, https:\/\/loudavymkrokem.cz\/wp-content\/uploads\/2026\/08\/bulharsko-research-nesebar-21-700x525.jpg 700w, https:\/\/loudavymkrokem.cz\/wp-content\/uploads\/2026\/08\/bulharsko-research-nesebar-21-768x576.jpg 768w, https:\/\/loudavymkrokem.cz\/wp-content\/uploads\/2026\/08\/bulharsko-research-nesebar-21-1536x1152.jpg 1536w, https:\/\/loudavymkrokem.cz\/wp-content\/uploads\/2026\/08\/bulharsko-research-nesebar-21-80x60.jpg 80w, https:\/\/loudavymkrokem.cz\/wp-content\/uploads\/2026\/08\/bulharsko-research-nesebar-21-160x120.jpg 160w, https:\/\/loudavymkrokem.cz\/wp-content\/uploads\/2026\/08\/bulharsko-research-nesebar-21-696x522.jpg 696w, https:\/\/loudavymkrokem.cz\/wp-content\/uploads\/2026\/08\/bulharsko-research-nesebar-21-1392x1044.jpg 1392w\" sizes=\"(max-width: 1800px) 100vw, 1800px\" \/><button\n\t\t\tclass=\"lightbox-trigger\"\n\t\t\ttype=\"button\"\n\t\t\taria-haspopup=\"dialog\"\n\t\t\tdata-wp-bind--aria-label=\"state.thisImage.triggerButtonAriaLabel\"\n\t\t\tdata-wp-init=\"callbacks.initTriggerButton\"\n\t\t\tdata-wp-on--click=\"actions.showLightbox\"\n\t\t\tdata-wp-style--right=\"state.thisImage.buttonRight\"\n\t\t\tdata-wp-style--top=\"state.thisImage.buttonTop\"\n\t\t>\n\t\t\t<svg xmlns=\"http:\/\/www.w3.org\/2000\/svg\" width=\"12\" height=\"12\" fill=\"none\" viewBox=\"0 0 12 12\">\n\t\t\t\t<path fill=\"#fff\" d=\"M2 0a2 2 0 0 0-2 2v2h1.5V2a.5.5 0 0 1 .5-.5h2V0H2Zm2 10.5H2a.5.5 0 0 1-.5-.5V8H0v2a2 2 0 0 0 2 2h2v-1.5ZM8 12v-1.5h2a.5.5 0 0 0 .5-.5V8H12v2a2 2 0 0 1-2 2H8Zm2-12a2 2 0 0 1 2 2v2h-1.5V2a.5.5 0 0 0-.5-.5H8V0h2Z\" \/>\n\t\t\t<\/svg>\n\t\t<\/button><figcaption class=\"wp-element-caption\">Foto: Victor Belousov \/ Wikimedia Commons (CC BY 3.0)<\/figcaption><\/figure>\n\n\n\n<h2 class=\"wp-block-heading\"><span class=\"ez-toc-section\" id=\"Museus_praias_e_arredores\"><\/span>Museus, praias e arredores<span class=\"ez-toc-section-end\"><\/span><\/h2>\n\n\n\n<p class=\"wp-block-paragraph\">Se voc\u00ea quiser descansar da hist\u00f3ria, Nessebar oferece tamb\u00e9m <strong>lugares lindos para o banho<\/strong> e <strong>exposi\u00e7\u00f5es de museu interessantes<\/strong>, onde d\u00e1 para se esconder do calor do ver\u00e3o.<\/p>\n\n\n\n<figure data-wp-context=\"{&quot;imageId&quot;:&quot;6a9c3a7591014&quot;}\" data-wp-interactive=\"core\/image\" data-wp-key=\"6a9c3a7591014\" class=\"wp-block-image size-full wp-lightbox-container\"><img decoding=\"async\" width=\"1800\" height=\"1200\" data-wp-class--hide=\"state.isContentHidden\" data-wp-class--show=\"state.isContentVisible\" data-wp-init=\"callbacks.setButtonStyles\" data-wp-on--click=\"actions.showLightbox\" data-wp-on--load=\"callbacks.setButtonStyles\" data-wp-on--pointerdown=\"actions.preloadImage\" data-wp-on--pointerenter=\"actions.preloadImageWithDelay\" data-wp-on--pointerleave=\"actions.cancelPreload\" data-wp-on-window--resize=\"callbacks.setButtonStyles\" src=\"https:\/\/loudavymkrokem.cz\/wp-content\/uploads\/2026\/08\/bulharsko-research-nesebar-22.jpg\" alt=\"\u00cdcones e achados no Museu Arqueol\u00f3gico\" class=\"wp-image-404886\" title=\"\" srcset=\"https:\/\/loudavymkrokem.cz\/wp-content\/uploads\/2026\/08\/bulharsko-research-nesebar-22.jpg 1800w, https:\/\/loudavymkrokem.cz\/wp-content\/uploads\/2026\/08\/bulharsko-research-nesebar-22-300x200.jpg 300w, https:\/\/loudavymkrokem.cz\/wp-content\/uploads\/2026\/08\/bulharsko-research-nesebar-22-700x467.jpg 700w, https:\/\/loudavymkrokem.cz\/wp-content\/uploads\/2026\/08\/bulharsko-research-nesebar-22-768x512.jpg 768w, https:\/\/loudavymkrokem.cz\/wp-content\/uploads\/2026\/08\/bulharsko-research-nesebar-22-1536x1024.jpg 1536w, https:\/\/loudavymkrokem.cz\/wp-content\/uploads\/2026\/08\/bulharsko-research-nesebar-22-696x464.jpg 696w, https:\/\/loudavymkrokem.cz\/wp-content\/uploads\/2026\/08\/bulharsko-research-nesebar-22-1392x928.jpg 1392w\" sizes=\"(max-width: 1800px) 100vw, 1800px\" \/><button\n\t\t\tclass=\"lightbox-trigger\"\n\t\t\ttype=\"button\"\n\t\t\taria-haspopup=\"dialog\"\n\t\t\tdata-wp-bind--aria-label=\"state.thisImage.triggerButtonAriaLabel\"\n\t\t\tdata-wp-init=\"callbacks.initTriggerButton\"\n\t\t\tdata-wp-on--click=\"actions.showLightbox\"\n\t\t\tdata-wp-style--right=\"state.thisImage.buttonRight\"\n\t\t\tdata-wp-style--top=\"state.thisImage.buttonTop\"\n\t\t>\n\t\t\t<svg xmlns=\"http:\/\/www.w3.org\/2000\/svg\" width=\"12\" height=\"12\" fill=\"none\" viewBox=\"0 0 12 12\">\n\t\t\t\t<path fill=\"#fff\" d=\"M2 0a2 2 0 0 0-2 2v2h1.5V2a.5.5 0 0 1 .5-.5h2V0H2Zm2 10.5H2a.5.5 0 0 1-.5-.5V8H0v2a2 2 0 0 0 2 2h2v-1.5ZM8 12v-1.5h2a.5.5 0 0 0 .5-.5V8H12v2a2 2 0 0 1-2 2H8Zm2-12a2 2 0 0 1 2 2v2h-1.5V2a.5.5 0 0 0-.5-.5H8V0h2Z\" \/>\n\t\t\t<\/svg>\n\t\t<\/button><figcaption class=\"wp-element-caption\">Foto: Kritzolina \/ Wikimedia Commons, CC BY-SA 4.0<\/figcaption><\/figure>\n\n\n\n<h3 class=\"wp-block-heading\"><span class=\"ez-toc-section\" id=\"13_Museu_Arqueologico\"><\/span>13. Museu Arqueol\u00f3gico<span class=\"ez-toc-section-end\"><\/span><\/h3>\n\n\n\n<p class=\"wp-block-paragraph\">Seus primeiros passos na pen\u00ednsula devem levar exatamente at\u00e9 aqui, ao pr\u00e9dio na rua Mesambria 2A, logo depois das muralhas. O ingresso custa 4,60 \u20ac e <strong>\u00e9 o \u00fanico lugar onde voc\u00ea pode comprar os vantajosos ingressos combinados<\/strong> para as outras atra\u00e7\u00f5es. Logo no sagu\u00e3o voc\u00ea pode ver o diploma original do registro na lista da UNESCO.<\/p>\n\n\n\n<p class=\"wp-block-paragraph\">O museu tem quatro salas amplas cheias de artefatos antigos e medievais, mas <strong>a joia absoluta \u00e9 a sala de \u00edcones<\/strong> daqui. Nela voc\u00ea encontra uma cole\u00e7\u00e3o impressionante de cerca de 250 \u00edcones dos s\u00e9culos XIII a XIX, que preservam o legado das igrejas demolidas de Nessebar.<\/p>\n\n\n\n<figure data-wp-context=\"{&quot;imageId&quot;:&quot;6a9c3a759144c&quot;}\" data-wp-interactive=\"core\/image\" data-wp-key=\"6a9c3a759144c\" class=\"wp-block-image size-full wp-lightbox-container\"><img decoding=\"async\" width=\"1800\" height=\"1350\" data-wp-class--hide=\"state.isContentHidden\" data-wp-class--show=\"state.isContentVisible\" data-wp-init=\"callbacks.setButtonStyles\" data-wp-on--click=\"actions.showLightbox\" data-wp-on--load=\"callbacks.setButtonStyles\" data-wp-on--pointerdown=\"actions.preloadImage\" data-wp-on--pointerenter=\"actions.preloadImageWithDelay\" data-wp-on--pointerleave=\"actions.cancelPreload\" data-wp-on-window--resize=\"callbacks.setButtonStyles\" src=\"https:\/\/loudavymkrokem.cz\/wp-content\/uploads\/2026\/08\/bulharsko-research-nesebar-23.jpg\" alt=\"Praia Sul em Nessebar com entrada rasa na \u00e1gua\" class=\"wp-image-404888\" title=\"\" srcset=\"https:\/\/loudavymkrokem.cz\/wp-content\/uploads\/2026\/08\/bulharsko-research-nesebar-23.jpg 1800w, https:\/\/loudavymkrokem.cz\/wp-content\/uploads\/2026\/08\/bulharsko-research-nesebar-23-300x225.jpg 300w, https:\/\/loudavymkrokem.cz\/wp-content\/uploads\/2026\/08\/bulharsko-research-nesebar-23-700x525.jpg 700w, https:\/\/loudavymkrokem.cz\/wp-content\/uploads\/2026\/08\/bulharsko-research-nesebar-23-768x576.jpg 768w, https:\/\/loudavymkrokem.cz\/wp-content\/uploads\/2026\/08\/bulharsko-research-nesebar-23-1536x1152.jpg 1536w, https:\/\/loudavymkrokem.cz\/wp-content\/uploads\/2026\/08\/bulharsko-research-nesebar-23-80x60.jpg 80w, https:\/\/loudavymkrokem.cz\/wp-content\/uploads\/2026\/08\/bulharsko-research-nesebar-23-160x120.jpg 160w, https:\/\/loudavymkrokem.cz\/wp-content\/uploads\/2026\/08\/bulharsko-research-nesebar-23-696x522.jpg 696w, https:\/\/loudavymkrokem.cz\/wp-content\/uploads\/2026\/08\/bulharsko-research-nesebar-23-1392x1044.jpg 1392w\" sizes=\"(max-width: 1800px) 100vw, 1800px\" \/><button\n\t\t\tclass=\"lightbox-trigger\"\n\t\t\ttype=\"button\"\n\t\t\taria-haspopup=\"dialog\"\n\t\t\tdata-wp-bind--aria-label=\"state.thisImage.triggerButtonAriaLabel\"\n\t\t\tdata-wp-init=\"callbacks.initTriggerButton\"\n\t\t\tdata-wp-on--click=\"actions.showLightbox\"\n\t\t\tdata-wp-style--right=\"state.thisImage.buttonRight\"\n\t\t\tdata-wp-style--top=\"state.thisImage.buttonTop\"\n\t\t>\n\t\t\t<svg xmlns=\"http:\/\/www.w3.org\/2000\/svg\" width=\"12\" height=\"12\" fill=\"none\" viewBox=\"0 0 12 12\">\n\t\t\t\t<path fill=\"#fff\" d=\"M2 0a2 2 0 0 0-2 2v2h1.5V2a.5.5 0 0 1 .5-.5h2V0H2Zm2 10.5H2a.5.5 0 0 1-.5-.5V8H0v2a2 2 0 0 0 2 2h2v-1.5ZM8 12v-1.5h2a.5.5 0 0 0 .5-.5V8H12v2a2 2 0 0 1-2 2H8Zm2-12a2 2 0 0 1 2 2v2h-1.5V2a.5.5 0 0 0-.5-.5H8V0h2Z\" \/>\n\t\t\t<\/svg>\n\t\t<\/button><figcaption class=\"wp-element-caption\">Foto: \u041c\u0438\u0445\u0430\u043b \u041e\u0440\u0435\u043b\u0430 \/ Wikimedia Commons (CC BY 3.0)<\/figcaption><\/figure>\n\n\n\n<h3 class=\"wp-block-heading\"><span class=\"ez-toc-section\" id=\"14_Praia_Sul_Nessebar-sul\"><\/span>14. Praia Sul (Nessebar-sul)<span class=\"ez-toc-section-end\"><\/span><\/h3>\n\n\n\n<p class=\"wp-block-paragraph\">Se voc\u00ea procura o lugar perfeito para o banho, caminhe cerca de um quil\u00f4metro a partir da cidade velha at\u00e9 a Praia Sul. Essa faixa de mais de um quil\u00f4metro se orgulha de suas <strong>lindas dunas de areia e de um declive extremamente suave<\/strong>: voc\u00ea pode entrar sessenta metros mar adentro e a \u00e1gua ainda vai estar na altura da cintura, o que \u00e9 absolutamente ideal para fam\u00edlias com crian\u00e7as pequenas.<\/p>\n\n\n\n<p class=\"wp-block-paragraph\">Uma grande vantagem aqui s\u00e3o os pre\u00e7os. Enquanto na praia central da Sunny Beach voc\u00ea paga 5,10 \u20ac pela espregui\u00e7adeira, <strong>aqui voc\u00ea paga, segundo os <a href=\"https:\/\/www.tourism.government.bg\/\" target=\"_blank\" rel=\"noopener nofollow\">dados oficiais do Minist\u00e9rio do Turismo<\/a>, apenas 4,09 \u20ac<\/strong>, ent\u00e3o uma fam\u00edlia economiza um valor consider\u00e1vel em euros ao longo do dia. Al\u00e9m disso, a parte oeste da praia \u00e9 totalmente livre e gratuita.<\/p>\n\n\n\n<figure data-wp-context=\"{&quot;imageId&quot;:&quot;6a9c3a759185d&quot;}\" data-wp-interactive=\"core\/image\" data-wp-key=\"6a9c3a759185d\" class=\"wp-block-image size-full wp-lightbox-container\"><img decoding=\"async\" width=\"1800\" height=\"1125\" data-wp-class--hide=\"state.isContentHidden\" data-wp-class--show=\"state.isContentVisible\" data-wp-init=\"callbacks.setButtonStyles\" data-wp-on--click=\"actions.showLightbox\" data-wp-on--load=\"callbacks.setButtonStyles\" data-wp-on--pointerdown=\"actions.preloadImage\" data-wp-on--pointerenter=\"actions.preloadImageWithDelay\" data-wp-on--pointerleave=\"actions.cancelPreload\" data-wp-on-window--resize=\"callbacks.setButtonStyles\" src=\"https:\/\/loudavymkrokem.cz\/wp-content\/uploads\/2026\/08\/bulharsko-research-nesebar-24.jpg\" alt=\"Praia urbana bem embaixo da cidade velha\" class=\"wp-image-404890\" title=\"\" srcset=\"https:\/\/loudavymkrokem.cz\/wp-content\/uploads\/2026\/08\/bulharsko-research-nesebar-24.jpg 1800w, https:\/\/loudavymkrokem.cz\/wp-content\/uploads\/2026\/08\/bulharsko-research-nesebar-24-300x188.jpg 300w, https:\/\/loudavymkrokem.cz\/wp-content\/uploads\/2026\/08\/bulharsko-research-nesebar-24-700x438.jpg 700w, https:\/\/loudavymkrokem.cz\/wp-content\/uploads\/2026\/08\/bulharsko-research-nesebar-24-768x480.jpg 768w, https:\/\/loudavymkrokem.cz\/wp-content\/uploads\/2026\/08\/bulharsko-research-nesebar-24-1536x960.jpg 1536w, https:\/\/loudavymkrokem.cz\/wp-content\/uploads\/2026\/08\/bulharsko-research-nesebar-24-696x435.jpg 696w, https:\/\/loudavymkrokem.cz\/wp-content\/uploads\/2026\/08\/bulharsko-research-nesebar-24-1392x870.jpg 1392w\" sizes=\"(max-width: 1800px) 100vw, 1800px\" \/><button\n\t\t\tclass=\"lightbox-trigger\"\n\t\t\ttype=\"button\"\n\t\t\taria-haspopup=\"dialog\"\n\t\t\tdata-wp-bind--aria-label=\"state.thisImage.triggerButtonAriaLabel\"\n\t\t\tdata-wp-init=\"callbacks.initTriggerButton\"\n\t\t\tdata-wp-on--click=\"actions.showLightbox\"\n\t\t\tdata-wp-style--right=\"state.thisImage.buttonRight\"\n\t\t\tdata-wp-style--top=\"state.thisImage.buttonTop\"\n\t\t>\n\t\t\t<svg xmlns=\"http:\/\/www.w3.org\/2000\/svg\" width=\"12\" height=\"12\" fill=\"none\" viewBox=\"0 0 12 12\">\n\t\t\t\t<path fill=\"#fff\" d=\"M2 0a2 2 0 0 0-2 2v2h1.5V2a.5.5 0 0 1 .5-.5h2V0H2Zm2 10.5H2a.5.5 0 0 1-.5-.5V8H0v2a2 2 0 0 0 2 2h2v-1.5ZM8 12v-1.5h2a.5.5 0 0 0 .5-.5V8H12v2a2 2 0 0 1-2 2H8Zm2-12a2 2 0 0 1 2 2v2h-1.5V2a.5.5 0 0 0-.5-.5H8V0h2Z\" \/>\n\t\t\t<\/svg>\n\t\t<\/button><figcaption class=\"wp-element-caption\">Foto: Daniel Albrecht from Prague, Czech Republic \/ Wikimedia Commons (CC BY 2.0)<\/figcaption><\/figure>\n\n\n\n<h3 class=\"wp-block-heading\"><span class=\"ez-toc-section\" id=\"15_Praias_urbanas_na_cidade_velha_Plakamoto_e_Buna\"><\/span>15. Praias urbanas na cidade velha (Plakamoto e Buna)<span class=\"ez-toc-section-end\"><\/span><\/h3>\n\n\n\n<p class=\"wp-block-paragraph\">Na pr\u00f3pria pen\u00ednsula voc\u00ea encontra duas pequenas praias que t\u00eam seu charme particular. A praia Plakamoto fica embaixo do anfiteatro e <strong>seu piso n\u00e3o \u00e9 de areia, mas de conchas finamente trituradas<\/strong>. O fundo aqui \u00e9 bem pedregoso, ent\u00e3o recomendo com toda a certeza levar sapatilhas de \u00e1gua.<\/p>\n\n\n\n<p class=\"wp-block-paragraph\">A praia Buna, mais nova, tamb\u00e9m \u00e9 feita de conchas trituradas misturadas com pedrinhas, nas quais \u00e9 muito dif\u00edcil fincar o pr\u00f3prio guarda-sol. A parte direita da praia \u00e9 paga (espregui\u00e7adeira por 4,09 \u20ac) e o fundo se aprofunda bem r\u00e1pido, enquanto <strong>o lado esquerdo \u00e9 livre e gratuito, e bem mais raso<\/strong> \u2014 uma escolha perfeita se voc\u00ea s\u00f3 quer dar um mergulho r\u00e1pido para se refrescar durante o passeio pela cidade.<\/p>\n\n\n\n<figure data-wp-context=\"{&quot;imageId&quot;:&quot;6a9c3a7591c9d&quot;}\" data-wp-interactive=\"core\/image\" data-wp-key=\"6a9c3a7591c9d\" class=\"wp-block-image size-full wp-lightbox-container\"><img decoding=\"async\" width=\"1707\" height=\"2560\" data-wp-class--hide=\"state.isContentHidden\" data-wp-class--show=\"state.isContentVisible\" data-wp-init=\"callbacks.setButtonStyles\" data-wp-on--click=\"actions.showLightbox\" data-wp-on--load=\"callbacks.setButtonStyles\" data-wp-on--pointerdown=\"actions.preloadImage\" data-wp-on--pointerenter=\"actions.preloadImageWithDelay\" data-wp-on--pointerleave=\"actions.cancelPreload\" data-wp-on-window--resize=\"callbacks.setButtonStyles\" src=\"https:\/\/loudavymkrokem.cz\/wp-content\/uploads\/2026\/08\/bulharsko-research-nesebar-25-scaled.jpg\" alt=\"P\u00e1tio do Museu Etnogr\u00e1fico na casa Moskoyani\" class=\"wp-image-404892\" title=\"\" srcset=\"https:\/\/loudavymkrokem.cz\/wp-content\/uploads\/2026\/08\/bulharsko-research-nesebar-25-scaled.jpg 1707w, https:\/\/loudavymkrokem.cz\/wp-content\/uploads\/2026\/08\/bulharsko-research-nesebar-25-200x300.jpg 200w, https:\/\/loudavymkrokem.cz\/wp-content\/uploads\/2026\/08\/bulharsko-research-nesebar-25-700x1050.jpg 700w, https:\/\/loudavymkrokem.cz\/wp-content\/uploads\/2026\/08\/bulharsko-research-nesebar-25-768x1152.jpg 768w, https:\/\/loudavymkrokem.cz\/wp-content\/uploads\/2026\/08\/bulharsko-research-nesebar-25-1024x1536.jpg 1024w, https:\/\/loudavymkrokem.cz\/wp-content\/uploads\/2026\/08\/bulharsko-research-nesebar-25-1365x2048.jpg 1365w, https:\/\/loudavymkrokem.cz\/wp-content\/uploads\/2026\/08\/bulharsko-research-nesebar-25-696x1044.jpg 696w, https:\/\/loudavymkrokem.cz\/wp-content\/uploads\/2026\/08\/bulharsko-research-nesebar-25-1392x2088.jpg 1392w\" sizes=\"(max-width: 1707px) 100vw, 1707px\" \/><button\n\t\t\tclass=\"lightbox-trigger\"\n\t\t\ttype=\"button\"\n\t\t\taria-haspopup=\"dialog\"\n\t\t\tdata-wp-bind--aria-label=\"state.thisImage.triggerButtonAriaLabel\"\n\t\t\tdata-wp-init=\"callbacks.initTriggerButton\"\n\t\t\tdata-wp-on--click=\"actions.showLightbox\"\n\t\t\tdata-wp-style--right=\"state.thisImage.buttonRight\"\n\t\t\tdata-wp-style--top=\"state.thisImage.buttonTop\"\n\t\t>\n\t\t\t<svg xmlns=\"http:\/\/www.w3.org\/2000\/svg\" width=\"12\" height=\"12\" fill=\"none\" viewBox=\"0 0 12 12\">\n\t\t\t\t<path fill=\"#fff\" d=\"M2 0a2 2 0 0 0-2 2v2h1.5V2a.5.5 0 0 1 .5-.5h2V0H2Zm2 10.5H2a.5.5 0 0 1-.5-.5V8H0v2a2 2 0 0 0 2 2h2v-1.5ZM8 12v-1.5h2a.5.5 0 0 0 .5-.5V8H12v2a2 2 0 0 1-2 2H8Zm2-12a2 2 0 0 1 2 2v2h-1.5V2a.5.5 0 0 0-.5-.5H8V0h2Z\" \/>\n\t\t\t<\/svg>\n\t\t<\/button><figcaption class=\"wp-element-caption\">Foto: Kritzolina \/ Wikimedia Commons (CC BY-SA 4.0)<\/figcaption><\/figure>\n\n\n\n<h3 class=\"wp-block-heading\"><span class=\"ez-toc-section\" id=\"16_Museu_Etnografico_casa_Moskoyani\"><\/span>16. Museu Etnogr\u00e1fico (casa Moskoyani)<span class=\"ez-toc-section-end\"><\/span><\/h3>\n\n\n\n<p class=\"wp-block-paragraph\">Voc\u00ea encontra essa exposi\u00e7\u00e3o numa linda <strong>casa preservada de 1840<\/strong>, que um dia pertenceu ao rico comerciante grego Panayot Moskoyani. Pelo <strong>ingresso de 3,07 \u20ac<\/strong> voc\u00ea v\u00ea amostras da vida tradicional no litoral do Mar Negro.<\/p>\n\n\n\n<p class=\"wp-block-paragraph\">Por dentro te esperam exposi\u00e7\u00f5es dedicadas \u00e0 velha pesca, \u00e0 vinicultura e a lindos trajes populares. <strong>Segundo os avaliadores, \u00e9 a mais fraca das atra\u00e7\u00f5es pagas<\/strong> de toda a cidade, mas se voc\u00ea gosta de folclore e quer ver o interior aut\u00eantico de uma rica casa do renascimento nacional, com direito a \u00edcones antigos, vale a pena uma paradinha r\u00e1pida.<\/p>\n\n\n\n<figure data-wp-context=\"{&quot;imageId&quot;:&quot;6a9c3a7592134&quot;}\" data-wp-interactive=\"core\/image\" data-wp-key=\"6a9c3a7592134\" class=\"wp-block-image size-full wp-lightbox-container\"><img decoding=\"async\" width=\"1800\" height=\"1200\" data-wp-class--hide=\"state.isContentHidden\" data-wp-class--show=\"state.isContentVisible\" data-wp-init=\"callbacks.setButtonStyles\" data-wp-on--click=\"actions.showLightbox\" data-wp-on--load=\"callbacks.setButtonStyles\" data-wp-on--pointerdown=\"actions.preloadImage\" data-wp-on--pointerenter=\"actions.preloadImageWithDelay\" data-wp-on--pointerleave=\"actions.cancelPreload\" data-wp-on-window--resize=\"callbacks.setButtonStyles\" src=\"https:\/\/loudavymkrokem.cz\/wp-content\/uploads\/2026\/08\/bulharsko-research-nesebar-26.jpg\" alt=\"Multid\u00f5es de turistas nas ruelas da cidade velha de Nessebar\" class=\"wp-image-404893\" title=\"\" srcset=\"https:\/\/loudavymkrokem.cz\/wp-content\/uploads\/2026\/08\/bulharsko-research-nesebar-26.jpg 1800w, https:\/\/loudavymkrokem.cz\/wp-content\/uploads\/2026\/08\/bulharsko-research-nesebar-26-300x200.jpg 300w, https:\/\/loudavymkrokem.cz\/wp-content\/uploads\/2026\/08\/bulharsko-research-nesebar-26-700x467.jpg 700w, https:\/\/loudavymkrokem.cz\/wp-content\/uploads\/2026\/08\/bulharsko-research-nesebar-26-768x512.jpg 768w, https:\/\/loudavymkrokem.cz\/wp-content\/uploads\/2026\/08\/bulharsko-research-nesebar-26-1536x1024.jpg 1536w, https:\/\/loudavymkrokem.cz\/wp-content\/uploads\/2026\/08\/bulharsko-research-nesebar-26-696x464.jpg 696w, https:\/\/loudavymkrokem.cz\/wp-content\/uploads\/2026\/08\/bulharsko-research-nesebar-26-1392x928.jpg 1392w\" sizes=\"(max-width: 1800px) 100vw, 1800px\" \/><button\n\t\t\tclass=\"lightbox-trigger\"\n\t\t\ttype=\"button\"\n\t\t\taria-haspopup=\"dialog\"\n\t\t\tdata-wp-bind--aria-label=\"state.thisImage.triggerButtonAriaLabel\"\n\t\t\tdata-wp-init=\"callbacks.initTriggerButton\"\n\t\t\tdata-wp-on--click=\"actions.showLightbox\"\n\t\t\tdata-wp-style--right=\"state.thisImage.buttonRight\"\n\t\t\tdata-wp-style--top=\"state.thisImage.buttonTop\"\n\t\t>\n\t\t\t<svg xmlns=\"http:\/\/www.w3.org\/2000\/svg\" width=\"12\" height=\"12\" fill=\"none\" viewBox=\"0 0 12 12\">\n\t\t\t\t<path fill=\"#fff\" d=\"M2 0a2 2 0 0 0-2 2v2h1.5V2a.5.5 0 0 1 .5-.5h2V0H2Zm2 10.5H2a.5.5 0 0 1-.5-.5V8H0v2a2 2 0 0 0 2 2h2v-1.5ZM8 12v-1.5h2a.5.5 0 0 0 .5-.5V8H12v2a2 2 0 0 1-2 2H8Zm2-12a2 2 0 0 1 2 2v2h-1.5V2a.5.5 0 0 0-.5-.5H8V0h2Z\" \/>\n\t\t\t<\/svg>\n\t\t<\/button><figcaption class=\"wp-element-caption\">Foto: Arek N. \/ Wikimedia Commons (CC BY-SA 3.0)<\/figcaption><\/figure>\n\n\n\n<h2 class=\"wp-block-heading\"><span class=\"ez-toc-section\" id=\"Nessebar_quase_perdeu_o_registro_na_UNESCO\"><\/span>Nessebar quase perdeu o registro na UNESCO<span class=\"ez-toc-section-end\"><\/span><\/h2>\n\n\n\n<p class=\"wp-block-paragraph\">Enquanto voc\u00ea passeia pelas ruelas estreitas e admira as velhas fachadas, provavelmente n\u00e3o faz ideia de que <strong>uma amea\u00e7a muito s\u00e9ria paira sobre este lugar<\/strong>. Nessebar foi inscrita na lista do patrim\u00f4nio mundial da UNESCO j\u00e1 em 1983, mas o turismo de massa vem cobrando um pre\u00e7o enorme nas \u00faltimas d\u00e9cadas \u2014 algo que n\u00e3o passou despercebido aos especialistas internacionais.<\/p>\n\n\n\n<p class=\"wp-block-paragraph\">Em janeiro de 2023, uma rigorosa miss\u00e3o de monitoramento passou pela cidade, e as conclus\u00f5es foram chocantes. Os \u00f3rg\u00e3os consultivos da UNESCO <strong><a href=\"https:\/\/whc.unesco.org\/en\/list\/217\/\" target=\"_blank\" rel=\"noopener nofollow\">propuseram oficialmente inscrever Nessebar na lista do patrim\u00f4nio em perigo<\/a><\/strong>. No relat\u00f3rio, est\u00e1 escrito diretamente que <em>&#8220;a estrutura urbana perdeu coes\u00e3o e autenticidade&#8221;<\/em> e que a predomin\u00e2ncia das igrejas medievais sobre as casas populares j\u00e1 quase n\u00e3o \u00e9 reconhec\u00edvel, por causa da constru\u00e7\u00e3o descontrolada. O relat\u00f3rio critica duramente o fato de que uma cidade viva se tornou uma monoeconomia baseada puramente no turismo, superlotada no ver\u00e3o e completamente vazia no inverno.<\/p>\n\n\n\n<p class=\"wp-block-paragraph\">Os especialistas citaram at\u00e9 <strong>constru\u00e7\u00f5es problem\u00e1ticas espec\u00edficas, sendo a mais gritante um hotel que teve um verdadeiro moinho de vento hist\u00f3rico grosseiramente encaixado na sua fachada leste<\/strong>. A comiss\u00e3o chegou a recomendar que o Estado considerasse comprar e remover essa constru\u00e7\u00e3o. Felizmente, a cidade ainda ganhou uma chance de se corrigir, e a miss\u00e3o de controle solicitada, ao que tudo indica, voltou aqui no ver\u00e3o de 2026. Tenha esse contexto em mente quando vir como as barraquinhas comerciais se espremem diretamente contra as paredes de templos milenares.<\/p>\n\n\n\n<figure data-wp-context=\"{&quot;imageId&quot;:&quot;6a9c3a759294d&quot;}\" data-wp-interactive=\"core\/image\" data-wp-key=\"6a9c3a759294d\" class=\"wp-block-image size-full wp-lightbox-container\"><img decoding=\"async\" width=\"1800\" height=\"1350\" data-wp-class--hide=\"state.isContentHidden\" data-wp-class--show=\"state.isContentVisible\" data-wp-init=\"callbacks.setButtonStyles\" data-wp-on--click=\"actions.showLightbox\" data-wp-on--load=\"callbacks.setButtonStyles\" data-wp-on--pointerdown=\"actions.preloadImage\" data-wp-on--pointerenter=\"actions.preloadImageWithDelay\" data-wp-on--pointerleave=\"actions.cancelPreload\" data-wp-on-window--resize=\"callbacks.setButtonStyles\" src=\"https:\/\/loudavymkrokem.cz\/wp-content\/uploads\/2026\/08\/bulharsko-research-nesebar-27.jpg\" alt=\"Passeio pela cidade velha de Nessebar\" class=\"wp-image-404895\" title=\"\" srcset=\"https:\/\/loudavymkrokem.cz\/wp-content\/uploads\/2026\/08\/bulharsko-research-nesebar-27.jpg 1800w, https:\/\/loudavymkrokem.cz\/wp-content\/uploads\/2026\/08\/bulharsko-research-nesebar-27-300x225.jpg 300w, https:\/\/loudavymkrokem.cz\/wp-content\/uploads\/2026\/08\/bulharsko-research-nesebar-27-700x525.jpg 700w, https:\/\/loudavymkrokem.cz\/wp-content\/uploads\/2026\/08\/bulharsko-research-nesebar-27-768x576.jpg 768w, https:\/\/loudavymkrokem.cz\/wp-content\/uploads\/2026\/08\/bulharsko-research-nesebar-27-1536x1152.jpg 1536w, https:\/\/loudavymkrokem.cz\/wp-content\/uploads\/2026\/08\/bulharsko-research-nesebar-27-80x60.jpg 80w, https:\/\/loudavymkrokem.cz\/wp-content\/uploads\/2026\/08\/bulharsko-research-nesebar-27-160x120.jpg 160w, https:\/\/loudavymkrokem.cz\/wp-content\/uploads\/2026\/08\/bulharsko-research-nesebar-27-696x522.jpg 696w, https:\/\/loudavymkrokem.cz\/wp-content\/uploads\/2026\/08\/bulharsko-research-nesebar-27-1392x1044.jpg 1392w\" sizes=\"(max-width: 1800px) 100vw, 1800px\" \/><button\n\t\t\tclass=\"lightbox-trigger\"\n\t\t\ttype=\"button\"\n\t\t\taria-haspopup=\"dialog\"\n\t\t\tdata-wp-bind--aria-label=\"state.thisImage.triggerButtonAriaLabel\"\n\t\t\tdata-wp-init=\"callbacks.initTriggerButton\"\n\t\t\tdata-wp-on--click=\"actions.showLightbox\"\n\t\t\tdata-wp-style--right=\"state.thisImage.buttonRight\"\n\t\t\tdata-wp-style--top=\"state.thisImage.buttonTop\"\n\t\t>\n\t\t\t<svg xmlns=\"http:\/\/www.w3.org\/2000\/svg\" width=\"12\" height=\"12\" fill=\"none\" viewBox=\"0 0 12 12\">\n\t\t\t\t<path fill=\"#fff\" d=\"M2 0a2 2 0 0 0-2 2v2h1.5V2a.5.5 0 0 1 .5-.5h2V0H2Zm2 10.5H2a.5.5 0 0 1-.5-.5V8H0v2a2 2 0 0 0 2 2h2v-1.5ZM8 12v-1.5h2a.5.5 0 0 0 .5-.5V8H12v2a2 2 0 0 1-2 2H8Zm2-12a2 2 0 0 1 2 2v2h-1.5V2a.5.5 0 0 0-.5-.5H8V0h2Z\" \/>\n\t\t\t<\/svg>\n\t\t<\/button><figcaption class=\"wp-element-caption\">Foto: Andrei Dan Suciu \/ Wikimedia Commons, CC BY 3.0<\/figcaption><\/figure>\n\n\n\n<h2 class=\"wp-block-heading\"><span class=\"ez-toc-section\" id=\"Nessebar_em_meio_dia_roteiro_passo_a_passo\"><\/span>Nessebar em meio dia: roteiro passo a passo<span class=\"ez-toc-section-end\"><\/span><\/h2>\n\n\n\n<p class=\"wp-block-paragraph\">Se voc\u00ea tem s\u00f3 algumas horas para a visita, d\u00e1 para ver o mais importante num passeio tranquilo. <strong>Reserve cerca de 2 a 3 horas para conhecer toda a pen\u00ednsula.<\/strong><\/p>\n\n\n\n<p class=\"wp-block-paragraph\">Estacione perto do porto norte e passe pelo port\u00e3o principal direto at\u00e9 o Museu Arqueol\u00f3gico, onde voc\u00ea compra o ingresso combinado. Dali, siga para a Igreja de Santo Est\u00eav\u00e3o, para ver os lindos afrescos. Depois, serpenteie pelas ruelas at\u00e9 as ru\u00ednas da Igreja de S\u00e3o Jo\u00e3o Aliturgetos e curta a vista para o mar. <strong>Em seguida, v\u00e1 para o centro da pen\u00ednsula, at\u00e9 a majestosa Bas\u00edlica de Santa Sofia<\/strong>, ao redor da qual voc\u00ea encontra a maior parte das lojas e caf\u00e9s. Encerre o circuito na margem norte, na Bas\u00edlica Eleusa, e volte para o carro passando pelo moinho de madeira no istmo.<\/p>\n\n\n\n<p class=\"wp-block-paragraph\">Se voc\u00ea tem o dia inteiro \u00e0 disposi\u00e7\u00e3o, recomendo dedicar a manh\u00e3 a uma visita intensa \u00e0 cidade velha e, depois do almo\u00e7o, se deslocar para a <strong>Praia Sul ou em dire\u00e7\u00e3o \u00e0 Sunny Beach<\/strong>, onde voc\u00ea pode descansar na areia fininha e se banhar na \u00e1gua rasa.<\/p>\n\n\n\n<figure data-wp-context=\"{&quot;imageId&quot;:&quot;6a9c3a7593235&quot;}\" data-wp-interactive=\"core\/image\" data-wp-key=\"6a9c3a7593235\" class=\"wp-block-image size-full wp-lightbox-container\"><img decoding=\"async\" width=\"1800\" height=\"1207\" data-wp-class--hide=\"state.isContentHidden\" data-wp-class--show=\"state.isContentVisible\" data-wp-init=\"callbacks.setButtonStyles\" data-wp-on--click=\"actions.showLightbox\" data-wp-on--load=\"callbacks.setButtonStyles\" data-wp-on--pointerdown=\"actions.preloadImage\" data-wp-on--pointerenter=\"actions.preloadImageWithDelay\" data-wp-on--pointerleave=\"actions.cancelPreload\" data-wp-on-window--resize=\"callbacks.setButtonStyles\" src=\"https:\/\/loudavymkrokem.cz\/wp-content\/uploads\/2026\/08\/bulharsko-research-nesebar-28.jpg\" alt=\"Restaurante com vista para o mar na cidade velha de Nessebar\" class=\"wp-image-404898\" title=\"\" srcset=\"https:\/\/loudavymkrokem.cz\/wp-content\/uploads\/2026\/08\/bulharsko-research-nesebar-28.jpg 1800w, https:\/\/loudavymkrokem.cz\/wp-content\/uploads\/2026\/08\/bulharsko-research-nesebar-28-300x201.jpg 300w, https:\/\/loudavymkrokem.cz\/wp-content\/uploads\/2026\/08\/bulharsko-research-nesebar-28-700x469.jpg 700w, https:\/\/loudavymkrokem.cz\/wp-content\/uploads\/2026\/08\/bulharsko-research-nesebar-28-768x515.jpg 768w, https:\/\/loudavymkrokem.cz\/wp-content\/uploads\/2026\/08\/bulharsko-research-nesebar-28-1536x1030.jpg 1536w, https:\/\/loudavymkrokem.cz\/wp-content\/uploads\/2026\/08\/bulharsko-research-nesebar-28-696x467.jpg 696w, https:\/\/loudavymkrokem.cz\/wp-content\/uploads\/2026\/08\/bulharsko-research-nesebar-28-1392x933.jpg 1392w\" sizes=\"(max-width: 1800px) 100vw, 1800px\" \/><button\n\t\t\tclass=\"lightbox-trigger\"\n\t\t\ttype=\"button\"\n\t\t\taria-haspopup=\"dialog\"\n\t\t\tdata-wp-bind--aria-label=\"state.thisImage.triggerButtonAriaLabel\"\n\t\t\tdata-wp-init=\"callbacks.initTriggerButton\"\n\t\t\tdata-wp-on--click=\"actions.showLightbox\"\n\t\t\tdata-wp-style--right=\"state.thisImage.buttonRight\"\n\t\t\tdata-wp-style--top=\"state.thisImage.buttonTop\"\n\t\t>\n\t\t\t<svg xmlns=\"http:\/\/www.w3.org\/2000\/svg\" width=\"12\" height=\"12\" fill=\"none\" viewBox=\"0 0 12 12\">\n\t\t\t\t<path fill=\"#fff\" d=\"M2 0a2 2 0 0 0-2 2v2h1.5V2a.5.5 0 0 1 .5-.5h2V0H2Zm2 10.5H2a.5.5 0 0 1-.5-.5V8H0v2a2 2 0 0 0 2 2h2v-1.5ZM8 12v-1.5h2a.5.5 0 0 0 .5-.5V8H12v2a2 2 0 0 1-2 2H8Zm2-12a2 2 0 0 1 2 2v2h-1.5V2a.5.5 0 0 0-.5-.5H8V0h2Z\" \/>\n\t\t\t<\/svg>\n\t\t<\/button><figcaption class=\"wp-element-caption\">Foto (editada): Daniel Albrecht from Prague, Czech Republic \/ Wikimedia Commons (CC BY 2.0)<\/figcaption><\/figure>\n\n\n\n<h2 class=\"wp-block-heading\"><span class=\"ez-toc-section\" id=\"Onde_comer\"><\/span>Onde comer<span class=\"ez-toc-section-end\"><\/span><\/h2>\n\n\n\n<p class=\"wp-block-paragraph\">Na busca por uma boa comida em Nessebar, voc\u00ea vai se deparar com um fato fundamental, confirmado at\u00e9 por reportagens de TVs b\u00falgaras: <strong>a cidade velha \u00e0 beira-mar \u00e9 bem mais cara do que a cidade nova, no continente<\/strong>. Enquanto na cidade nova voc\u00ea consegue um almo\u00e7o comum por 4 a 5 \u20ac, na primeira fileira \u00e0 beira-mar da pen\u00ednsula uma popular salada shopska sai por quase 11 \u20ac e os pratos principais come\u00e7am em vinte e cinco euros.<\/p>\n\n\n\n<p class=\"wp-block-paragraph\">As especialidades locais, claro, s\u00e3o principalmente peixes, camar\u00f5es e lulas na grelha, mas se peixe n\u00e3o \u00e9 a sua praia, n\u00e3o se desespere: os vegetarianos tamb\u00e9m t\u00eam boas op\u00e7\u00f5es aqui. Uma escolha absolutamente \u00f3tima na pen\u00ednsula \u00e9 o <strong>Restaurant Prince Cyril<\/strong>, que se especializa justamente em pratos vegetarianos e veganos. V\u00e1 at\u00e9 l\u00e1 para um delicioso macarr\u00e3o com tofu e por\u00e7\u00f5es enormes, que voc\u00ea saboreia \u00e0 sombra agrad\u00e1vel de uma parreira.<\/p>\n\n\n\n<p class=\"wp-block-paragraph\">Outra aposta garantida na cidade velha \u00e9 o <strong>Restaurant Breeze<\/strong>, que tem no card\u00e1pio uma honesta salada shopska por 6,90 \u20ac, abobrinhas fritas com molho de alho, cogumelos na manteiga e a tradicional broa de alho chamada &#8220;parlenka&#8221;. Se voc\u00ea quer economizar e n\u00e3o se importa de andar at\u00e9 a cidade nova, <strong>come muito bem na Pizzaria Portorosso<\/strong>, que faz pizza de massa fermentada e tem, direto no card\u00e1pio, a pizza Vegana marcada por bem agrad\u00e1veis 8,50 \u20ac. Um sucesso entre os moradores \u00e9 tamb\u00e9m o restaurante <strong>Rosa Branca<\/strong>, onde preparam excelentes potes de barro sem carne e saladas gigantes.<\/p>\n\n\n\n<p class=\"wp-block-paragraph\">\ud83d\udca1 <strong>Como reconhecer uma armadilha para turistas:<\/strong> A imprensa b\u00falgara alerta para tr\u00eas sinais principais. Se o <strong>card\u00e1pio parece do tamanho de uma B\u00edblia<\/strong> e voc\u00ea encontra de tudo, de fondue a sushi, \u00e9 melhor ir embora. O segundo alerta s\u00e3o fotos desbotadas de pratos sem pre\u00e7os claramente indicados. E, por fim: se os funcion\u00e1rios repetem de forma suspeita a palavra &#8220;caseiro&#8221;, acenda o sinal vermelho na cabe\u00e7a.<\/p>\n\n\n\n<figure data-wp-context=\"{&quot;imageId&quot;:&quot;6a9c3a7593a78&quot;}\" data-wp-interactive=\"core\/image\" data-wp-key=\"6a9c3a7593a78\" class=\"wp-block-image size-full wp-lightbox-container\"><img decoding=\"async\" width=\"1800\" height=\"1204\" data-wp-class--hide=\"state.isContentHidden\" data-wp-class--show=\"state.isContentVisible\" data-wp-init=\"callbacks.setButtonStyles\" data-wp-on--click=\"actions.showLightbox\" data-wp-on--load=\"callbacks.setButtonStyles\" data-wp-on--pointerdown=\"actions.preloadImage\" data-wp-on--pointerenter=\"actions.preloadImageWithDelay\" data-wp-on--pointerleave=\"actions.cancelPreload\" data-wp-on-window--resize=\"callbacks.setButtonStyles\" src=\"https:\/\/loudavymkrokem.cz\/wp-content\/uploads\/2026\/08\/bulharsko-research-nesebar-29.jpg\" alt=\"Hospedagem no n\u00facleo hist\u00f3rico de Nessebar\" class=\"wp-image-404899\" title=\"\" srcset=\"https:\/\/loudavymkrokem.cz\/wp-content\/uploads\/2026\/08\/bulharsko-research-nesebar-29.jpg 1800w, https:\/\/loudavymkrokem.cz\/wp-content\/uploads\/2026\/08\/bulharsko-research-nesebar-29-300x201.jpg 300w, https:\/\/loudavymkrokem.cz\/wp-content\/uploads\/2026\/08\/bulharsko-research-nesebar-29-700x468.jpg 700w, https:\/\/loudavymkrokem.cz\/wp-content\/uploads\/2026\/08\/bulharsko-research-nesebar-29-768x514.jpg 768w, https:\/\/loudavymkrokem.cz\/wp-content\/uploads\/2026\/08\/bulharsko-research-nesebar-29-1536x1027.jpg 1536w, https:\/\/loudavymkrokem.cz\/wp-content\/uploads\/2026\/08\/bulharsko-research-nesebar-29-696x466.jpg 696w, https:\/\/loudavymkrokem.cz\/wp-content\/uploads\/2026\/08\/bulharsko-research-nesebar-29-1392x931.jpg 1392w\" sizes=\"(max-width: 1800px) 100vw, 1800px\" \/><button\n\t\t\tclass=\"lightbox-trigger\"\n\t\t\ttype=\"button\"\n\t\t\taria-haspopup=\"dialog\"\n\t\t\tdata-wp-bind--aria-label=\"state.thisImage.triggerButtonAriaLabel\"\n\t\t\tdata-wp-init=\"callbacks.initTriggerButton\"\n\t\t\tdata-wp-on--click=\"actions.showLightbox\"\n\t\t\tdata-wp-style--right=\"state.thisImage.buttonRight\"\n\t\t\tdata-wp-style--top=\"state.thisImage.buttonTop\"\n\t\t>\n\t\t\t<svg xmlns=\"http:\/\/www.w3.org\/2000\/svg\" width=\"12\" height=\"12\" fill=\"none\" viewBox=\"0 0 12 12\">\n\t\t\t\t<path fill=\"#fff\" d=\"M2 0a2 2 0 0 0-2 2v2h1.5V2a.5.5 0 0 1 .5-.5h2V0H2Zm2 10.5H2a.5.5 0 0 1-.5-.5V8H0v2a2 2 0 0 0 2 2h2v-1.5ZM8 12v-1.5h2a.5.5 0 0 0 .5-.5V8H12v2a2 2 0 0 1-2 2H8Zm2-12a2 2 0 0 1 2 2v2h-1.5V2a.5.5 0 0 0-.5-.5H8V0h2Z\" \/>\n\t\t\t<\/svg>\n\t\t<\/button><figcaption class=\"wp-element-caption\">Foto: Alexander Murvanidze \/ Wikimedia Commons, CC BY-SA 3.0<\/figcaption><\/figure>\n\n\n\n<h2 class=\"wp-block-heading\"><span class=\"ez-toc-section\" id=\"Onde_se_hospedar\"><\/span>Onde se hospedar<span class=\"ez-toc-section-end\"><\/span><\/h2>\n\n\n\n<p class=\"wp-block-paragraph\"><em>\ud83d\udca1 Dica de hospedagem e experi\u00eancias: a gente <a href=\"https:\/\/www.stay22.com\/allez\/roam?aid=lukaskonecny&#038;campaign=loudavymkrokemcz&#038;address=Nesebar\" target=\"_blank\" rel=\"nofollow noopener sponsored\">compara hospedagem no local aqui<\/a>, para dar para ver o que est\u00e1 livre e por quanto. Preferimos procurar no <a href=\"https:\/\/www.booking.com\/searchresults.html?ss=Nesebar&#038;aid=2397601\" target=\"_blank\" rel=\"nofollow noopener sponsored\">Booking.com<\/a>, onde costumam ter as melhores condi\u00e7\u00f5es de cancelamento. Ingressos, passeios e atividades valem a pena comparar e comprar pelo <a href=\"https:\/\/www.getyourguide.com\/s\/?q=Nesebar&#038;partner_id=MKZ64IS\" target=\"_blank\" rel=\"nofollow noopener sponsored\">GetYourGuide<\/a>.<\/em><\/p>\n\n\n\n<p class=\"wp-block-paragraph\">Achar um hotel em Nessebar depende principalmente de voc\u00ea chegar de carro ou n\u00e3o e de qu\u00e3o perto quer ficar das atra\u00e7\u00f5es hist\u00f3ricas. Lembre-se de uma coisa fundamental: <strong>um hotel na cidade velha n\u00e3o significa que voc\u00ea vai poder estacionar ali perto dele<\/strong>.<\/p>\n\n\n\n<p class=\"wp-block-paragraph\">Se voc\u00ea procura luxo e um servi\u00e7o impec\u00e1vel bem no centro hist\u00f3rico, d\u00ea uma olhada no <a href=\"https:\/\/www.stay22.com\/allez\/roam?aid=lukaskonecny&#038;campaign=loudavymkrokemcz&#038;campaign=nesebar&#038;hotelname=Castro%20Mesembria%20Boutique%20Hotel&#038;address=Nesebar\" target=\"_blank\" rel=\"noopener nofollow sponsored\"><strong>Castro Mesembria Boutique Hotel<\/strong><\/a>, que tem a maior nota de toda a pen\u00ednsula e uma \u00f3tima pizzaria pr\u00f3pria. Um cl\u00e1ssico tradicional junto \u00e0s muralhas \u00e9 tamb\u00e9m o excelente <a href=\"https:\/\/www.stay22.com\/allez\/roam?aid=lukaskonecny&#038;campaign=loudavymkrokemcz&#038;campaign=nesebar&#038;hotelname=Hotel%20Saint%20John%20Baptist%20Nessebar&#038;address=Nesebar\" target=\"_blank\" rel=\"noopener nofollow sponsored\"><strong>Hotel Saint John Baptist Nessebar<\/strong><\/a>.<\/p>\n\n\n\n<p class=\"wp-block-paragraph\">Para fam\u00edlias com carro, o ideal absoluto \u00e9 o <a href=\"https:\/\/www.stay22.com\/allez\/roam?aid=lukaskonecny&#038;campaign=loudavymkrokemcz&#038;campaign=nesebar&#038;hotelname=Family%20Hotel%20Saint%20Nikola&#038;address=Nesebar\" target=\"_blank\" rel=\"noopener nofollow sponsored\"><strong>Family Hotel Saint Nikola<\/strong><\/a>, que oferece um custo-benef\u00edcio imbat\u00edvel e, principalmente, <strong>tem estacionamento pr\u00f3prio gratuito<\/strong>, o que te poupa muito estresse. Uma vantagem parecida tem tamb\u00e9m o <a href=\"https:\/\/www.stay22.com\/allez\/roam?aid=lukaskonecny&#038;campaign=loudavymkrokemcz&#038;campaign=nesebar&#038;hotelname=Hotel%20Capri&#038;address=Nesebar\" target=\"_blank\" rel=\"noopener nofollow sponsored\"><strong>Hotel Capri<\/strong><\/a>, na cidade nova.<\/p>\n\n\n\n<p class=\"wp-block-paragraph\">Se voc\u00ea quer passar a maior parte do tempo \u00e0 beira-mar, experimente o <a href=\"https:\/\/www.stay22.com\/allez\/roam?aid=lukaskonecny&#038;campaign=loudavymkrokemcz&#038;campaign=nesebar&#038;hotelname=Aphrodite%20Beach%20Hotel&#038;address=Nesebar\" target=\"_blank\" rel=\"noopener nofollow sponsored\"><strong>Aphrodite Beach Hotel<\/strong><\/a>. Ele fica bem na Praia Sul, a quinze minutos a p\u00e9 da cidade velha, e da piscina voc\u00ea tem uma vista deslumbrante de toda a pen\u00ednsula hist\u00f3rica.<\/p>\n\n\n\n<figure data-wp-context=\"{&quot;imageId&quot;:&quot;6a9c3a759440a&quot;}\" data-wp-interactive=\"core\/image\" data-wp-key=\"6a9c3a759440a\" class=\"wp-block-image size-full wp-lightbox-container\"><img decoding=\"async\" width=\"1800\" height=\"1200\" data-wp-class--hide=\"state.isContentHidden\" data-wp-class--show=\"state.isContentVisible\" data-wp-init=\"callbacks.setButtonStyles\" data-wp-on--click=\"actions.showLightbox\" data-wp-on--load=\"callbacks.setButtonStyles\" data-wp-on--pointerdown=\"actions.preloadImage\" data-wp-on--pointerenter=\"actions.preloadImageWithDelay\" data-wp-on--pointerleave=\"actions.cancelPreload\" data-wp-on-window--resize=\"callbacks.setButtonStyles\" src=\"https:\/\/loudavymkrokem.cz\/wp-content\/uploads\/2026\/08\/bulharsko-research-nesebar-30.jpg\" alt=\"Turistas nas ruelas da cidade velha\" class=\"wp-image-404900\" title=\"\" srcset=\"https:\/\/loudavymkrokem.cz\/wp-content\/uploads\/2026\/08\/bulharsko-research-nesebar-30.jpg 1800w, https:\/\/loudavymkrokem.cz\/wp-content\/uploads\/2026\/08\/bulharsko-research-nesebar-30-300x200.jpg 300w, https:\/\/loudavymkrokem.cz\/wp-content\/uploads\/2026\/08\/bulharsko-research-nesebar-30-700x467.jpg 700w, https:\/\/loudavymkrokem.cz\/wp-content\/uploads\/2026\/08\/bulharsko-research-nesebar-30-768x512.jpg 768w, https:\/\/loudavymkrokem.cz\/wp-content\/uploads\/2026\/08\/bulharsko-research-nesebar-30-1536x1024.jpg 1536w, https:\/\/loudavymkrokem.cz\/wp-content\/uploads\/2026\/08\/bulharsko-research-nesebar-30-696x464.jpg 696w, https:\/\/loudavymkrokem.cz\/wp-content\/uploads\/2026\/08\/bulharsko-research-nesebar-30-1392x928.jpg 1392w\" sizes=\"(max-width: 1800px) 100vw, 1800px\" \/><button\n\t\t\tclass=\"lightbox-trigger\"\n\t\t\ttype=\"button\"\n\t\t\taria-haspopup=\"dialog\"\n\t\t\tdata-wp-bind--aria-label=\"state.thisImage.triggerButtonAriaLabel\"\n\t\t\tdata-wp-init=\"callbacks.initTriggerButton\"\n\t\t\tdata-wp-on--click=\"actions.showLightbox\"\n\t\t\tdata-wp-style--right=\"state.thisImage.buttonRight\"\n\t\t\tdata-wp-style--top=\"state.thisImage.buttonTop\"\n\t\t>\n\t\t\t<svg xmlns=\"http:\/\/www.w3.org\/2000\/svg\" width=\"12\" height=\"12\" fill=\"none\" viewBox=\"0 0 12 12\">\n\t\t\t\t<path fill=\"#fff\" d=\"M2 0a2 2 0 0 0-2 2v2h1.5V2a.5.5 0 0 1 .5-.5h2V0H2Zm2 10.5H2a.5.5 0 0 1-.5-.5V8H0v2a2 2 0 0 0 2 2h2v-1.5ZM8 12v-1.5h2a.5.5 0 0 0 .5-.5V8H12v2a2 2 0 0 1-2 2H8Zm2-12a2 2 0 0 1 2 2v2h-1.5V2a.5.5 0 0 0-.5-.5H8V0h2Z\" \/>\n\t\t\t<\/svg>\n\t\t<\/button><figcaption class=\"wp-element-caption\">Foto: edykbo \/ Wikimedia Commons, CC BY 3.0<\/figcaption><\/figure>\n\n\n\n<p class=\"wp-block-paragraph\">\ud83d\udc49 <a href=\"https:\/\/www.stay22.com\/allez\/roam?aid=lukaskonecny&#038;campaign=loudavymkrokemcz&#038;campaign=nesebar&#038;address=Nesebar%2C%20Bulharsko\" target=\"_blank\" rel=\"nofollow noopener\"><strong>Comparar pre\u00e7os de hospedagem em Nessebar<\/strong><\/a><\/p>\n\n\n\n<h2 class=\"wp-block-heading\"><span class=\"ez-toc-section\" id=\"Com_o_que_ter_cuidado\"><\/span>Com o que ter cuidado<span class=\"ez-toc-section-end\"><\/span><\/h2>\n\n\n\n<p class=\"wp-block-paragraph\">Al\u00e9m dos <strong>t\u00e1xis car\u00edssimos<\/strong>, no litoral te esperam algumas outras chatices que podem estragar o seu dia se voc\u00ea n\u00e3o souber delas de antem\u00e3o.<\/p>\n\n\n\n<p class=\"wp-block-paragraph\">A armadilha mais comum nos restaurantes s\u00e3o os <strong>peixes cobrados a cada 100 gramas<\/strong>. Muitos estabelecimentos, no caso dos frutos do mar, nem informam o pre\u00e7o final, apenas o pre\u00e7o por peso. Antes de pedir qualquer coisa, sempre pergunte ao gar\u00e7om o peso da pe\u00e7a espec\u00edfica e pe\u00e7a que digam claramente o valor total. Circulam nas redes casos documentados do ver\u00e3o de 2023, em que <strong>uma fam\u00edlia de quatro pessoas pagou chocantes 276 \u20ac por um jantar<\/strong>, sendo que s\u00f3 um polvo custou uns absurdos 23 \u20ac.<\/p>\n\n\n\n<p class=\"wp-block-paragraph\">Outro abuso s\u00e3o as chamadas <strong>mesas &#8220;reservadas&#8221;<\/strong>. Segundo os avaliadores, os funcion\u00e1rios mant\u00eam as mesas com a melhor vista para o mar artificialmente bloqueadas com uma plaquinha, esperando por estrangeiros de apar\u00eancia abastada, mesmo quando o restaurante est\u00e1 meio vazio. Cuidado tamb\u00e9m com os <strong>chamarizes insistentes na porta dos estabelecimentos<\/strong>, que v\u00e3o tentar te atrair para dentro \u2014 e aviso que a qualidade da comida nesses lugares costuma ser bem abaixo da m\u00e9dia.<\/p>\n\n\n\n<p class=\"wp-block-paragraph\">Se voc\u00ea viaja com crian\u00e7as, prepare-se para uma batalha dura com o terreno. Dados de mapas mostram que <strong>na pen\u00ednsula h\u00e1 53 escadarias diferentes e a esmagadora maioria das ruelas \u00e9 cal\u00e7ada com pedras irregulares<\/strong>. O cal\u00e7ad\u00e3o da orla e a via principal voc\u00ea percorre de carrinho de beb\u00ea sem problemas, mas assim que vira para as ruas laterais, empurrar as rodinhas vira um teste de paci\u00eancia.<\/p>\n\n\n\n<p class=\"wp-block-paragraph\">E mais um alerta que pouca gente esperaria: em alguns sebos da cidade velha vendem-se abertamente <strong>lembran\u00e7as nazistas<\/strong> com motivos do Terceiro Reich, mesmo que a propaganda desse tipo seja crime na Bulg\u00e1ria. Simplesmente evite essas lojas e leve para casa a famosa <strong>renda artesanal local<\/strong>.<\/p>\n\n\n\n<h2 class=\"wp-block-heading\"><span class=\"ez-toc-section\" id=\"Aonde_ir_depois\"><\/span>Aonde ir depois<span class=\"ez-toc-section-end\"><\/span><\/h2>\n\n\n\n<p class=\"wp-block-paragraph\">Est\u00e1 em d\u00favida entre duas cidades antigas do litoral b\u00falgaro? No artigo <a href=\"https:\/\/loudavymkrokem.cz\/pt-br\/?p=406041\">Sozopol: o que ver na cidade mais antiga \u00e0 beira-mar<\/a> comparamos as duas, incluindo pre\u00e7os, multid\u00f5es e praias.<\/p>\n\n\n\n<p class=\"wp-block-paragraph\">Se a Bulg\u00e1ria te encantou e voc\u00ea planeja explorar outros lugares, com certeza d\u00ea uma olhada no nosso grande guia <a href=\"https:\/\/loudavymkrokem.cz\/pt-br\/bulgaria-lugares-mais-lindos\/\">F\u00e9rias na Bulg\u00e1ria: 30 lugares mais lindos<\/a>. Caso voc\u00ea v\u00e1 ficar num balne\u00e1rio vizinho, vai te ser \u00fatil o artigo <a href=\"https:\/\/loudavymkrokem.cz\/pt-br\/costa-ensolarada-bulgaria\/\">Sunny Beach: 15 dicas e com o que ter cuidado<\/a>.<\/p>\n\n\n\n<p class=\"wp-block-paragraph\">Quer informa\u00e7\u00f5es detalhadas sobre como mudaram os custos das f\u00e9rias? Leia tudo sobre o tema <a href=\"https:\/\/loudavymkrokem.cz\/pt-br\/precos-bulgaria-2026\/\">Pre\u00e7os na Bulg\u00e1ria ap\u00f3s a ado\u00e7\u00e3o do euro<\/a>. Para os amantes de banho de mar, preparamos a lista <a href=\"https:\/\/loudavymkrokem.cz\/pt-br\/praias-bulgaria-melhores\/\">Praias mais lindas da Bulg\u00e1ria: 20 dicas<\/a>, e antes de fazer as malas n\u00e3o esque\u00e7a de conferir o <a href=\"https:\/\/loudavymkrokem.cz\/pt-br\/clima-bulgaria-quando-ir\/\">Clima na Bulg\u00e1ria: temperaturas do mar por m\u00eas<\/a>.<\/p>\n\n\n\n<h2 class=\"wp-block-heading\"><span class=\"ez-toc-section\" id=\"Perguntas_frequentes\"><\/span>Perguntas frequentes<span class=\"ez-toc-section-end\"><\/span><\/h2>\n\n\n\n<p class=\"wp-block-paragraph\">Preparamos para voc\u00ea as respostas \u00e0s d\u00favidas mais comuns, para voc\u00ea ter tudo bem organizado antes da viagem.<\/p>\n\n\n<div id=\"rank-math-faq\" class=\"rank-math-block\">\n<div class=\"rank-math-list \">\n<div id=\"faq-question-1787943730000\" class=\"rank-math-list-item\">\n<h3 class=\"rank-math-question \"><span class=\"ez-toc-section\" id=\"Como_ir_de_Sunny_Beach_para_Nesebar\"><\/span>Como ir de Sunny Beach para Nesebar?<span class=\"ez-toc-section-end\"><\/span><\/h3>\n<div class=\"rank-math-answer \">\n\n<p>A forma mais simples e barata \u00e9 usar o \u00f4nibus local (linhas 1, 4, 5, 8). A linha n\u00famero 1 funciona da manh\u00e3 at\u00e9 a meia-noite em intervalos de 10 a 20 minutos, a viagem dura cerca de 15 minutos e o bilhete custa em torno de R$ 6 diretamente com o cobrador. Outras op\u00e7\u00f5es s\u00e3o o barquinho ou o trenzinho tur\u00edstico.<\/p>\n\n<\/div>\n<\/div>\n<div id=\"faq-question-1787943730001\" class=\"rank-math-list-item\">\n<h3 class=\"rank-math-question \"><span class=\"ez-toc-section\" id=\"Quanto_custam_as_entradas_para_os_monumentos\"><\/span>Quanto custam as entradas para os monumentos?<span class=\"ez-toc-section-end\"><\/span><\/h3>\n<div class=\"rank-math-answer \">\n\n<p>A entrada para cada igreja ou moinho custa entre 2,56 \u20ac e 4,60 \u20ac. Se voc\u00ea quiser ver tudo, vale a pena comprar o bilhete combinado para 7 locais, que em 2026 custa 17,90 \u20ac para adultos.<\/p>\n\n<\/div>\n<\/div>\n<div id=\"faq-question-1787943730002\" class=\"rank-math-list-item\">\n<h3 class=\"rank-math-question \"><span class=\"ez-toc-section\" id=\"Quanto_tempo_leva_para_visitar_Nesebar\"><\/span>Quanto tempo leva para visitar Nesebar?<span class=\"ez-toc-section-end\"><\/span><\/h3>\n<div class=\"rank-math-answer \">\n\n<p>O pr\u00f3prio centro hist\u00f3rico \u00e9 bem pequeno (850 \u00d7 350 metros). Caminhando rapidamente, voc\u00ea consegue dar a volta em 30 minutos, mas para uma visita tranquila aos principais monumentos, ru\u00ednas e museus, reserve cerca de 2 a 3 horas.<\/p>\n\n<\/div>\n<\/div>\n<div id=\"faq-question-1787943730003\" class=\"rank-math-list-item\">\n<h3 class=\"rank-math-question \"><span class=\"ez-toc-section\" id=\"Na_Bulgaria_se_paga_em_euro\"><\/span>Na Bulg\u00e1ria se paga em euro?<span class=\"ez-toc-section-end\"><\/span><\/h3>\n<div class=\"rank-math-answer \">\n\n<p>Sim, desde 1\u00ba de janeiro de 2026 a Bulg\u00e1ria adotou o euro como sua moeda oficial. Os pre\u00e7os antigos em levas n\u00e3o valem mais. Na maioria dos lugares voc\u00ea pode pagar sem problemas com cart\u00e3o, inclusive nos estacionamentos p\u00fablicos.<\/p>\n\n<\/div>\n<\/div>\n<div id=\"faq-question-1787943730004\" class=\"rank-math-list-item\">\n<h3 class=\"rank-math-question \"><span class=\"ez-toc-section\" id=\"Da_para_entrar_de_carro_na_cidade_antiga\"><\/span>D\u00e1 para entrar de carro na cidade antiga?<span class=\"ez-toc-section-end\"><\/span><\/h3>\n<div class=\"rank-math-answer \">\n\n<p>N\u00e3o, sem uma permiss\u00e3o previamente autorizada voc\u00ea n\u00e3o consegue passar pelas cancelas. Se voc\u00ea estiver hospedado em um hotel diretamente na pen\u00ednsula, o estabelecimento providenciar\u00e1 a permiss\u00e3o e voc\u00ea ter\u00e1 uma hora para descarregar as bagagens. Depois disso, voc\u00ea deve levar o carro para um estacionamento pago.<\/p>\n\n<\/div>\n<\/div>\n<div id=\"faq-question-1787943730005\" class=\"rank-math-list-item\">\n<h3 class=\"rank-math-question \"><span class=\"ez-toc-section\" id=\"Quais_igrejas_sao_acessiveis_por_dentro\"><\/span>Quais igrejas s\u00e3o acess\u00edveis por dentro?<span class=\"ez-toc-section-end\"><\/span><\/h3>\n<div class=\"rank-math-answer \">\n\n<p>Das quinze igrejas preservadas, voc\u00ea pode entrar em apenas cinco. Funcionam como museus as igrejas de Santo Est\u00eav\u00e3o, S\u00e3o Spas, Santa Paraskeva e S\u00e3o Jo\u00e3o Batista. Os cultos religiosos acontecem somente na igreja de Santa Bogoroditsa. Outras constru\u00e7\u00f5es famosas (como Santa Sofia) s\u00e3o ru\u00ednas de acesso livre.<\/p>\n\n<\/div>\n<\/div>\n<div id=\"faq-question-1787943730006\" class=\"rank-math-list-item\">\n<h3 class=\"rank-math-question \"><span class=\"ez-toc-section\" id=\"Qual_e_a_temperatura_do_mar_em_Nesebar\"><\/span>Qual \u00e9 a temperatura do mar em Nesebar?<span class=\"ez-toc-section-end\"><\/span><\/h3>\n<div class=\"rank-math-answer \">\n\n<p>A \u00e1gua fica mais quente em julho e agosto, quando chega a cerca de 26 \u00b0C. \u00c9 interessante que o mar muda bastante at\u00e9 dentro de um mesmo m\u00eas, ent\u00e3o o in\u00edcio de junho costuma ser mais de tr\u00eas graus mais frio do que o final. A primeira metade de setembro \u00e9 at\u00e9 mais quente para nadar do que o come\u00e7o do ver\u00e3o.<\/p>\n\n<\/div>\n<\/div>\n<div id=\"faq-question-1787943730007\" class=\"rank-math-list-item\">\n<h3 class=\"rank-math-question \"><span class=\"ez-toc-section\" id=\"Quando_ha_menos_gente_em_Nesebar\"><\/span>Quando h\u00e1 menos gente em Nesebar?<span class=\"ez-toc-section-end\"><\/span><\/h3>\n<div class=\"rank-math-answer \">\n\n<p>As maiores multid\u00f5es chegam \u00e0 cidade entre 12h e 17h. Se voc\u00ea quer tranquilidade, v\u00e1 antes das dez da manh\u00e3 ou \u00e0 noite. O mar tem em julho e agosto uma m\u00e9dia de 26,4 \u00b0C, mas lembre-se de que o in\u00edcio de junho costuma ser cerca de tr\u00eas graus mais frio do que o final do m\u00eas.<\/p>\n\n<\/div>\n<\/div>\n<div id=\"faq-question-1787943730008\" class=\"rank-math-list-item\">\n<h3 class=\"rank-math-question \"><span class=\"ez-toc-section\" id=\"Vale_a_pena_o_bilhete_combinado\"><\/span>Vale a pena o bilhete combinado?<span class=\"ez-toc-section-end\"><\/span><\/h3>\n<div class=\"rank-math-answer \">\n\n<p>Se voc\u00ea quiser ver mais de dois monumentos pagos, com certeza sim. As entradas individuais para os sete locais sairiam por cerca de 22 \u20ac, enquanto o bilhete combinado para tudo custa 17,90 \u20ac. Ele \u00e9 vendido no Museu Arqueol\u00f3gico, logo depois do port\u00e3o da cidade.<\/p>\n\n<\/div>\n<\/div>\n<div id=\"faq-question-1787943730009\" class=\"rank-math-list-item\">\n<h3 class=\"rank-math-question \"><span class=\"ez-toc-section\" id=\"Nesebar_e_adequado_para_familias_com_carrinho_de_bebe\"><\/span>Nesebar \u00e9 adequado para fam\u00edlias com carrinho de beb\u00ea?<span class=\"ez-toc-section-end\"><\/span><\/h3>\n<div class=\"rank-math-answer \">\n\n<p>Apenas parcialmente. A pen\u00ednsula tem mais de cinquenta escadarias e a maioria das vielas \u00e9 pavimentada com pedras irregulares (paralelep\u00edpedos). O cal\u00e7ad\u00e3o ao redor e a rua principal d\u00e1 para percorrer com carrinho, mas as vielas laterais praticamente n\u00e3o. Para fam\u00edlias com crian\u00e7as pequenas, \u00e9 mais confort\u00e1vel a Praia Sul, com entrada bem rasa no mar.<\/p>\n\n<\/div>\n<\/div>\n<\/div>\n<\/div>","protected":false},"excerpt":{"rendered":"<p>V\u00e1 a Nessebar preparado: revelamos quais igrejas s\u00e3o realmente acess\u00edveis, quanto custa estacionar em euros e por que n\u00e3o pegar o primeiro t\u00e1xi.<\/p>\n","protected":false},"author":3,"featured_media":404908,"comment_status":"open","ping_status":"open","sticky":false,"template":"","format":"standard","meta":{"_acf_changed":false,"footnotes":"","rank_math_title":"O que ver em Nessebar: 8 dicas + pre\u00e7os e transporte","rank_math_description":"O que ver em Nessebar, cidade UNESCO da Bulg\u00e1ria: igrejas, pra\u00e7as, pre\u00e7os em euros, transporte e armadilhas de turista. Planeje sua visita com nossas dicas!","rank_math_focus_keyword":"o que ver em Nessebar","rank_math_seo_score":""},"categories":[82],"tags":[],"class_list":["post-417464","post","type-post","status-publish","format-standard","has-post-thumbnail","category-cestovani"],"acf":[],"featured_image_src":"https:\/\/loudavymkrokem.cz\/wp-content\/uploads\/2026\/08\/nesebar-stare-mesto-vecer.jpg","author_info":{"display_name":"Lucie Kone\u010dn\u00e1","author_link":"https:\/\/loudavymkrokem.cz\/pt-br\/author\/lucie-konecna\/"},"_links":{"self":[{"href":"https:\/\/loudavymkrokem.cz\/pt-br\/wp-json\/wp\/v2\/posts\/417464","targetHints":{"allow":["GET"]}}],"collection":[{"href":"https:\/\/loudavymkrokem.cz\/pt-br\/wp-json\/wp\/v2\/posts"}],"about":[{"href":"https:\/\/loudavymkrokem.cz\/pt-br\/wp-json\/wp\/v2\/types\/post"}],"author":[{"embeddable":true,"href":"https:\/\/loudavymkrokem.cz\/pt-br\/wp-json\/wp\/v2\/users\/3"}],"replies":[{"embeddable":true,"href":"https:\/\/loudavymkrokem.cz\/pt-br\/wp-json\/wp\/v2\/comments?post=417464"}],"version-history":[{"count":2,"href":"https:\/\/loudavymkrokem.cz\/pt-br\/wp-json\/wp\/v2\/posts\/417464\/revisions"}],"predecessor-version":[{"id":417466,"href":"https:\/\/loudavymkrokem.cz\/pt-br\/wp-json\/wp\/v2\/posts\/417464\/revisions\/417466"}],"wp:featuredmedia":[{"embeddable":true,"href":"https:\/\/loudavymkrokem.cz\/pt-br\/wp-json\/wp\/v2\/media\/404908"}],"wp:attachment":[{"href":"https:\/\/loudavymkrokem.cz\/pt-br\/wp-json\/wp\/v2\/media?parent=417464"}],"wp:term":[{"taxonomy":"category","embeddable":true,"href":"https:\/\/loudavymkrokem.cz\/pt-br\/wp-json\/wp\/v2\/categories?post=417464"},{"taxonomy":"post_tag","embeddable":true,"href":"https:\/\/loudavymkrokem.cz\/pt-br\/wp-json\/wp\/v2\/tags?post=417464"}],"curies":[{"name":"wp","href":"https:\/\/api.w.org\/{rel}","templated":true}]}}