{"id":417451,"date":"2026-09-03T16:56:24","date_gmt":"2026-09-03T14:56:24","guid":{"rendered":"https:\/\/loudavymkrokem.cz\/ferias-malta-dicas\/"},"modified":"2026-09-05T15:44:26","modified_gmt":"2026-09-05T13:44:26","slug":"ferias-malta-dicas","status":"publish","type":"post","link":"https:\/\/loudavymkrokem.cz\/pt-br\/ferias-malta-dicas\/","title":{"rendered":"F\u00e9rias em Malta: 24 dicas do que ver e fazer em 2026"},"content":{"rendered":"\n<!-- lk-tldr -->\n<div class=\"lk-tldr\" style=\"background:#f7f5f0;border-left:4px solid #c39f76;border-radius:0 10px 10px 0;padding:14px 18px;margin:0 0 26px;font-size:15px;line-height:1.65;\"><strong style=\"display:block;font-size:12px;text-transform:uppercase;letter-spacing:.06em;color:#a9885a;margin-bottom:5px;\">TL;DR<\/strong>Malta \u00e9 o menor pa\u00eds da Uni\u00e3o Europeia, mas concentra mais hist\u00f3ria do que a maioria das grandes na\u00e7\u00f5es. <strong>Valletta<\/strong> inteira est\u00e1 na lista da UNESCO, <strong>Mdina<\/strong> \u00e9 uma cidade silenciosa dentro das muralhas e os <strong>templos megal\u00edticos<\/strong> s\u00e3o mais antigos que as pir\u00e2mides. Os melhores meses s\u00e3o <strong>maio, junho, setembro e outubro<\/strong>; em julho e agosto ficam cerca de 30 \u00b0C e quase n\u00e3o chove, o mar est\u00e1 mais quente em agosto (27,8 \u00b0C) e em outubro ainda tem 25 \u00b0C. \u26a0\ufe0f Malta quase n\u00e3o tem praias de areia, voc\u00ea se banha principalmente a partir das rochas e plataformas. O ingl\u00eas \u00e9 idioma oficial, se paga em euro e se dirige pela esquerda.<\/div>\n<!-- \/lk-tldr -->\n\n\n\n<!-- lk-navbar -->\n<div class=\"lk-navbar\" style=\"margin:0 0 28px;\"><div style=\"font-size:12px;text-transform:uppercase;letter-spacing:.06em;color:#a9885a;font-weight:700;margin-bottom:9px;\">Links r\u00e1pidos<\/div><div style=\"display:flex;flex-wrap:wrap;gap:9px;\"><a href=\"#Kdy_jet_na_Maltu_pocasi_mesic_po_mesici\" style=\"background:#c39f76;color:#fff;border:1px solid #c39f76;font-weight:700;padding:9px 15px;border-radius:22px;font-size:14px;text-decoration:none;display:inline-block;line-height:1;\">\ud83c\udf21\ufe0f Quando ir<\/a><a href=\"#Co_videt_na_Malte_24_tipu_ktere_stoji_za_vas_cas\" style=\"background:#fff;color:#6b5a44;border:1px solid #e2d6c1;font-weight:600;padding:9px 15px;border-radius:22px;font-size:14px;text-decoration:none;display:inline-block;line-height:1;\">\ud83d\udccd 24 dicas<\/a><a href=\"#Kde_se_ubytovat_na_Malte_nejlepsi_oblasti_a_konkretni_hotely\" style=\"background:#fff;color:#6b5a44;border:1px solid #e2d6c1;font-weight:600;padding:9px 15px;border-radius:22px;font-size:14px;text-decoration:none;display:inline-block;line-height:1;\">\ud83c\udfe8 Onde ficar<\/a><a href=\"#Co_jist_na_Malte_pruvodce_pro_vegetariany_i_ostatni\" style=\"background:#fff;color:#6b5a44;border:1px solid #e2d6c1;font-weight:600;padding:9px 15px;border-radius:22px;font-size:14px;text-decoration:none;display:inline-block;line-height:1;\">\ud83c\udf7d\ufe0f O que comer<\/a><a href=\"#Doprava_po_Malte_autobusy_trajekt_a_auto\" style=\"background:#fff;color:#6b5a44;border:1px solid #e2d6c1;font-weight:600;padding:9px 15px;border-radius:22px;font-size:14px;text-decoration:none;display:inline-block;line-height:1;\">\ud83d\ude8c Transporte<\/a><a href=\"#Kolik_stoji_dovolena_na_Malte\" style=\"background:#fff;color:#6b5a44;border:1px solid #e2d6c1;font-weight:600;padding:9px 15px;border-radius:22px;font-size:14px;text-decoration:none;display:inline-block;line-height:1;\">\ud83d\udcb0 Pre\u00e7os<\/a><a href=\"#Casto_kladene_otazky\" style=\"background:#fff;color:#6b5a44;border:1px solid #e2d6c1;font-weight:600;padding:9px 15px;border-radius:22px;font-size:14px;text-decoration:none;display:inline-block;line-height:1;\">\u2753 FAQ<\/a><\/div><\/div>\n<!-- \/lk-navbar -->\n\n\n\n<p class=\"wp-block-paragraph\">Malta \u00e9 um dos menores pa\u00edses do mundo, mas dizem que nesse pedacinho de terra cabe mais hist\u00f3ria e patrim\u00f4nio do que na maioria das na\u00e7\u00f5es gigantes. Al\u00e9m disso, voc\u00ea chega l\u00e1 de avi\u00e3o a partir da Europa em pouco tempo, sem viagens intermin\u00e1veis, e pode come\u00e7ar a explorar quase de imediato. Ao descer do avi\u00e3o, voc\u00ea sente um calor agrad\u00e1vel, ouve o ingl\u00eas por toda parte e logo percebe que nas estradas se dirige pela esquerda.<\/p>\n\n\n\n<p class=\"wp-block-paragraph\">Se voc\u00ea est\u00e1 de olho em umas <strong>f\u00e9rias em Malta<\/strong>, chegou ao artigo certo, cheio de informa\u00e7\u00f5es pr\u00e1ticas. Preparei um guia detalhado em que vamos analisar juntos <strong>o que ver em Malta<\/strong>, quais lugares voc\u00ea definitivamente n\u00e3o pode deixar de fora e no que prestar aten\u00e7\u00e3o ao planejar. Os viajantes elogiam este arquip\u00e9lago pela sua diversidade incr\u00edvel, onde templos antigos se misturam com o mar Mediterr\u00e2neo cristalino.<\/p>\n\n\n\n<p class=\"wp-block-paragraph\">Nas pr\u00f3ximas linhas voc\u00ea vai encontrar exatamente <strong>24 dicas de passeios e atividades<\/strong>, al\u00e9m de uma tabela detalhada do clima m\u00eas a m\u00eas baseada em dez anos de dados. Vou te ajudar a escolher uma hospedagem estrat\u00e9gica, vamos falar sobre como funciona o transporte local, os pre\u00e7os aproximados e ainda vou dar recomenda\u00e7\u00f5es de \u00f3tima comida para vegetarianos.<\/p>\n\n\n\n<figure data-wp-context=\"{&quot;imageId&quot;:&quot;6a9c2ebc18ec1&quot;}\" data-wp-interactive=\"core\/image\" data-wp-key=\"6a9c2ebc18ec1\" class=\"wp-block-image size-full wp-lightbox-container\"><img decoding=\"async\" width=\"1500\" height=\"1000\" data-wp-class--hide=\"state.isContentHidden\" data-wp-class--show=\"state.isContentVisible\" data-wp-init=\"callbacks.setButtonStyles\" data-wp-on--click=\"actions.showLightbox\" data-wp-on--load=\"callbacks.setButtonStyles\" data-wp-on--pointerdown=\"actions.preloadImage\" data-wp-on--pointerenter=\"actions.preloadImageWithDelay\" data-wp-on--pointerleave=\"actions.cancelPreload\" data-wp-on-window--resize=\"callbacks.setButtonStyles\" src=\"https:\/\/loudavymkrokem.cz\/wp-content\/uploads\/2026\/08\/dovolena-malta-uvod.jpg\" alt=\"Sacadas coloridas nas ruelas de Valletta\" class=\"wp-image-399631\" title=\"\" srcset=\"https:\/\/loudavymkrokem.cz\/wp-content\/uploads\/2026\/08\/dovolena-malta-uvod.jpg 1500w, https:\/\/loudavymkrokem.cz\/wp-content\/uploads\/2026\/08\/dovolena-malta-uvod-300x200.jpg 300w, https:\/\/loudavymkrokem.cz\/wp-content\/uploads\/2026\/08\/dovolena-malta-uvod-700x467.jpg 700w, https:\/\/loudavymkrokem.cz\/wp-content\/uploads\/2026\/08\/dovolena-malta-uvod-768x512.jpg 768w, https:\/\/loudavymkrokem.cz\/wp-content\/uploads\/2026\/08\/dovolena-malta-uvod-696x464.jpg 696w, https:\/\/loudavymkrokem.cz\/wp-content\/uploads\/2026\/08\/dovolena-malta-uvod-1392x928.jpg 1392w\" sizes=\"(max-width: 1500px) 100vw, 1500px\" \/><button\n\t\t\tclass=\"lightbox-trigger\"\n\t\t\ttype=\"button\"\n\t\t\taria-haspopup=\"dialog\"\n\t\t\tdata-wp-bind--aria-label=\"state.thisImage.triggerButtonAriaLabel\"\n\t\t\tdata-wp-init=\"callbacks.initTriggerButton\"\n\t\t\tdata-wp-on--click=\"actions.showLightbox\"\n\t\t\tdata-wp-style--right=\"state.thisImage.buttonRight\"\n\t\t\tdata-wp-style--top=\"state.thisImage.buttonTop\"\n\t\t>\n\t\t\t<svg xmlns=\"http:\/\/www.w3.org\/2000\/svg\" width=\"12\" height=\"12\" fill=\"none\" viewBox=\"0 0 12 12\">\n\t\t\t\t<path fill=\"#fff\" d=\"M2 0a2 2 0 0 0-2 2v2h1.5V2a.5.5 0 0 1 .5-.5h2V0H2Zm2 10.5H2a.5.5 0 0 1-.5-.5V8H0v2a2 2 0 0 0 2 2h2v-1.5ZM8 12v-1.5h2a.5.5 0 0 0 .5-.5V8H12v2a2 2 0 0 1-2 2H8Zm2-12a2 2 0 0 1 2 2v2h-1.5V2a.5.5 0 0 0-.5-.5H8V0h2Z\" \/>\n\t\t\t<\/svg>\n\t\t<\/button><figcaption class=\"wp-element-caption\">Sacadas coloridas nas ruelas de Valletta (Foto: This photo was taken by Anton Zelenov.\nPlease credit this wi \/ Wikimedia Commons, CC BY-SA 4.0)<\/figcaption><\/figure>\n\n\n\n<div id=\"ez-toc-container\" class=\"ez-toc-v2_0_87 ez-toc-wrap-left counter-hierarchy ez-toc-counter ez-toc-grey ez-toc-container-direction\">\n<div class=\"ez-toc-title-container\">\n<p class=\"ez-toc-title\" style=\"cursor:inherit\">Conte\u00fado do artigo<\/p>\n<span class=\"ez-toc-title-toggle\"><a href=\"#\" class=\"ez-toc-pull-right ez-toc-btn ez-toc-btn-xs ez-toc-btn-default ez-toc-toggle\" aria-label=\"Alternar tabela de conte\u00fado\"><span class=\"ez-toc-js-icon-con\"><span class=\"\"><span class=\"eztoc-hide\" style=\"display:none;\">Toggle<\/span><span class=\"ez-toc-icon-toggle-span\"><svg style=\"fill: #999;color:#999\" xmlns=\"http:\/\/www.w3.org\/2000\/svg\" class=\"list-377408\" width=\"20px\" height=\"20px\" viewBox=\"0 0 24 24\" fill=\"none\"><path d=\"M6 6H4v2h2V6zm14 0H8v2h12V6zM4 11h2v2H4v-2zm16 0H8v2h12v-2zM4 16h2v2H4v-2zm16 0H8v2h12v-2z\" fill=\"currentColor\"><\/path><\/svg><svg style=\"fill: #999;color:#999\" class=\"arrow-unsorted-368013\" xmlns=\"http:\/\/www.w3.org\/2000\/svg\" width=\"10px\" height=\"10px\" viewBox=\"0 0 24 24\" version=\"1.2\" baseProfile=\"tiny\"><path d=\"M18.2 9.3l-6.2-6.3-6.2 6.3c-.2.2-.3.4-.3.7s.1.5.3.7c.2.2.4.3.7.3h11c.3 0 .5-.1.7-.3.2-.2.3-.5.3-.7s-.1-.5-.3-.7zM5.8 14.7l6.2 6.3 6.2-6.3c.2-.2.3-.5.3-.7s-.1-.5-.3-.7c-.2-.2-.4-.3-.7-.3h-11c-.3 0-.5.1-.7.3-.2.2-.3.5-.3.7s.1.5.3.7z\"\/><\/svg><\/span><\/span><\/span><\/a><\/span><\/div>\n<nav><ul class='ez-toc-list ez-toc-list-level-1 ' ><li class='ez-toc-page-1 ez-toc-heading-level-2'><a class=\"ez-toc-link ez-toc-heading-1\" href=\"https:\/\/loudavymkrokem.cz\/pt-br\/ferias-malta-dicas\/#Resumo_caso_voce_nao_tenha_tempo_de_ler_o_artigo_inteiro\" >Resumo, caso voc\u00ea n\u00e3o tenha tempo de ler o artigo inteiro<\/a><\/li><li class='ez-toc-page-1 ez-toc-heading-level-2'><a class=\"ez-toc-link ez-toc-heading-2\" href=\"https:\/\/loudavymkrokem.cz\/pt-br\/ferias-malta-dicas\/#Por_que_ir_a_Malta_e_para_quem_ao_contrario_nao_e_indicado\" >Por que ir a Malta (e para quem, ao contr\u00e1rio, n\u00e3o \u00e9 indicado)<\/a><ul class='ez-toc-list-level-3' ><li class='ez-toc-heading-level-3'><a class=\"ez-toc-link ez-toc-heading-3\" href=\"https:\/\/loudavymkrokem.cz\/pt-br\/ferias-malta-dicas\/#6_motivos_para_voce_se_apaixonar_por_Malta\" >6 motivos para voc\u00ea se apaixonar por Malta<\/a><\/li><li class='ez-toc-page-1 ez-toc-heading-level-3'><a class=\"ez-toc-link ez-toc-heading-4\" href=\"https:\/\/loudavymkrokem.cz\/pt-br\/ferias-malta-dicas\/#Para_quem_Malta_nao_combina\" >Para quem Malta n\u00e3o combina<\/a><\/li><\/ul><\/li><li class='ez-toc-page-1 ez-toc-heading-level-2'><a class=\"ez-toc-link ez-toc-heading-5\" href=\"https:\/\/loudavymkrokem.cz\/pt-br\/ferias-malta-dicas\/#Quando_ir_a_Malta_o_clima_mes_a_mes\" >Quando ir a Malta: o clima m\u00eas a m\u00eas<\/a><ul class='ez-toc-list-level-3' ><li class='ez-toc-heading-level-3'><a class=\"ez-toc-link ez-toc-heading-6\" href=\"https:\/\/loudavymkrokem.cz\/pt-br\/ferias-malta-dicas\/#Os_melhores_meses_de_acordo_com_o_tipo_de_ferias\" >Os melhores meses de acordo com o tipo de f\u00e9rias<\/a><\/li><li class='ez-toc-page-1 ez-toc-heading-level-3'><a class=\"ez-toc-link ez-toc-heading-7\" href=\"https:\/\/loudavymkrokem.cz\/pt-br\/ferias-malta-dicas\/#Inverno_em_Malta_vale_a_pena\" >Inverno em Malta: vale a pena?<\/a><\/li><\/ul><\/li><li class='ez-toc-page-1 ez-toc-heading-level-2'><a class=\"ez-toc-link ez-toc-heading-8\" href=\"https:\/\/loudavymkrokem.cz\/pt-br\/ferias-malta-dicas\/#O_que_ver_em_Malta_24_dicas_que_valem_o_seu_tempo\" >O que ver em Malta: 24 dicas que valem o seu tempo<\/a><ul class='ez-toc-list-level-3' ><li class='ez-toc-heading-level-3'><a class=\"ez-toc-link ez-toc-heading-9\" href=\"https:\/\/loudavymkrokem.cz\/pt-br\/ferias-malta-dicas\/#1_Valletta_a_menor_capital_da_UE\" >1. Valletta: a menor capital da UE<\/a><\/li><li class='ez-toc-page-1 ez-toc-heading-level-3'><a class=\"ez-toc-link ez-toc-heading-10\" href=\"https:\/\/loudavymkrokem.cz\/pt-br\/ferias-malta-dicas\/#2_Concatedral_de_Sao_Joao_um_barroco_de_tirar_o_folego\" >2. Concatedral de S\u00e3o Jo\u00e3o: um barroco de tirar o f\u00f4lego<\/a><\/li><li class='ez-toc-page-1 ez-toc-heading-level-3'><a class=\"ez-toc-link ez-toc-heading-11\" href=\"https:\/\/loudavymkrokem.cz\/pt-br\/ferias-malta-dicas\/#3_Upper_Barrakka_Gardens_e_a_salva_de_meio-dia\" >3. Upper Barrakka Gardens e a salva de meio-dia<\/a><\/li><li class='ez-toc-page-1 ez-toc-heading-level-3'><a class=\"ez-toc-link ez-toc-heading-12\" href=\"https:\/\/loudavymkrokem.cz\/pt-br\/ferias-malta-dicas\/#4_Grand_Harbour_o_porto_natural_que_mudou_a_historia\" >4. Grand Harbour: o porto natural que mudou a hist\u00f3ria<\/a><\/li><li class='ez-toc-page-1 ez-toc-heading-level-3'><a class=\"ez-toc-link ez-toc-heading-13\" href=\"https:\/\/loudavymkrokem.cz\/pt-br\/ferias-malta-dicas\/#5_As_Tres_Cidades_Vittoriosa_Senglea_e_Cospicua\" >5. As Tr\u00eas Cidades: Vittoriosa, Senglea e Cospicua<\/a><\/li><li class='ez-toc-page-1 ez-toc-heading-level-3'><a class=\"ez-toc-link ez-toc-heading-14\" href=\"https:\/\/loudavymkrokem.cz\/pt-br\/ferias-malta-dicas\/#6_Sliema_e_St_Julians_calcadao_compras_e_vida_noturna\" >6. Sliema e St Julian&#8217;s: cal\u00e7ad\u00e3o, compras e vida noturna<\/a><\/li><li class='ez-toc-page-1 ez-toc-heading-level-3'><a class=\"ez-toc-link ez-toc-heading-15\" href=\"https:\/\/loudavymkrokem.cz\/pt-br\/ferias-malta-dicas\/#7_Mdina_a_Cidade_Silenciosa_por_tras_das_muralhas\" >7. Mdina: a Cidade Silenciosa por tr\u00e1s das muralhas<\/a><\/li><li class='ez-toc-page-1 ez-toc-heading-level-3'><a class=\"ez-toc-link ez-toc-heading-16\" href=\"https:\/\/loudavymkrokem.cz\/pt-br\/ferias-malta-dicas\/#8_Rabat_e_as_catacumbas_de_Sao_Paulo\" >8. Rabat e as catacumbas de S\u00e3o Paulo<\/a><\/li><li class='ez-toc-page-1 ez-toc-heading-level-3'><a class=\"ez-toc-link ez-toc-heading-17\" href=\"https:\/\/loudavymkrokem.cz\/pt-br\/ferias-malta-dicas\/#9_A_Rotunda_de_Mosta_e_a_historia_da_bomba\" >9. A Rotunda de Mosta e a hist\u00f3ria da bomba<\/a><\/li><li class='ez-toc-page-1 ez-toc-heading-level-3'><a class=\"ez-toc-link ez-toc-heading-18\" href=\"https:\/\/loudavymkrokem.cz\/pt-br\/ferias-malta-dicas\/#10_Dingli_Cliffs_falesias_sobre_a_costa_oeste\" >10. Dingli Cliffs: fal\u00e9sias sobre a costa oeste<\/a><\/li><li class='ez-toc-page-1 ez-toc-heading-level-3'><a class=\"ez-toc-link ez-toc-heading-19\" href=\"https:\/\/loudavymkrokem.cz\/pt-br\/ferias-malta-dicas\/#11_Mosta_Naxxar_e_o_Palazzo_Parisio\" >11. Mosta, Naxxar e o Palazzo Parisio<\/a><\/li><li class='ez-toc-page-1 ez-toc-heading-level-3'><a class=\"ez-toc-link ez-toc-heading-20\" href=\"https:\/\/loudavymkrokem.cz\/pt-br\/ferias-malta-dicas\/#12_Ta_Qali_e_a_aldeia_de_artesanato\" >12. Ta&#8217; Qali e a aldeia de artesanato<\/a><\/li><li class='ez-toc-page-1 ez-toc-heading-level-3'><a class=\"ez-toc-link ez-toc-heading-21\" href=\"https:\/\/loudavymkrokem.cz\/pt-br\/ferias-malta-dicas\/#13_Marsaxlokk_vila_de_pescadores_com_barquinhos_coloridos\" >13. Marsaxlokk: vila de pescadores com barquinhos coloridos<\/a><\/li><li class='ez-toc-page-1 ez-toc-heading-level-3'><a class=\"ez-toc-link ez-toc-heading-22\" href=\"https:\/\/loudavymkrokem.cz\/pt-br\/ferias-malta-dicas\/#14_Gruta_Azul_Blue_Grotto\" >14. Gruta Azul (Blue Grotto)<\/a><\/li><li class='ez-toc-page-1 ez-toc-heading-level-3'><a class=\"ez-toc-link ez-toc-heading-23\" href=\"https:\/\/loudavymkrokem.cz\/pt-br\/ferias-malta-dicas\/#15_Hagar_Qim_e_Mnajdra_templos_mais_antigos_que_as_piramides\" >15. \u0126a\u0121ar Qim e Mnajdra: templos mais antigos que as pir\u00e2mides<\/a><\/li><li class='ez-toc-page-1 ez-toc-heading-level-3'><a class=\"ez-toc-link ez-toc-heading-24\" href=\"https:\/\/loudavymkrokem.cz\/pt-br\/ferias-malta-dicas\/#16_St_Peters_Pool_piscina_natural_na_rocha\" >16. St Peter&#8217;s Pool: piscina natural na rocha<\/a><\/li><li class='ez-toc-page-1 ez-toc-heading-level-3'><a class=\"ez-toc-link ez-toc-heading-25\" href=\"https:\/\/loudavymkrokem.cz\/pt-br\/ferias-malta-dicas\/#17_O_Hipogeu_de_Hal_Saflieni\" >17. O Hipogeu de \u0126al Saflieni<\/a><\/li><li class='ez-toc-page-1 ez-toc-heading-level-3'><a class=\"ez-toc-link ez-toc-heading-26\" href=\"https:\/\/loudavymkrokem.cz\/pt-br\/ferias-malta-dicas\/#18_A_Lagoa_Azul_em_Comino\" >18. A Lagoa Azul em Comino<\/a><\/li><li class='ez-toc-page-1 ez-toc-heading-level-3'><a class=\"ez-toc-link ez-toc-heading-27\" href=\"https:\/\/loudavymkrokem.cz\/pt-br\/ferias-malta-dicas\/#19_Victoria_e_a_Cidadela\" >19. Victoria e a Cidadela<\/a><\/li><li class='ez-toc-page-1 ez-toc-heading-level-3'><a class=\"ez-toc-link ez-toc-heading-28\" href=\"https:\/\/loudavymkrokem.cz\/pt-br\/ferias-malta-dicas\/#20_Dwejra_e_o_Mar_Interior\" >20. Dwejra e o Mar Interior<\/a><\/li><li class='ez-toc-page-1 ez-toc-heading-level-3'><a class=\"ez-toc-link ez-toc-heading-29\" href=\"https:\/\/loudavymkrokem.cz\/pt-br\/ferias-malta-dicas\/#21_Ramla_Bay_a_praia_de_areia_mais_bonita_do_arquipelago\" >21. Ramla Bay: a praia de areia mais bonita do arquip\u00e9lago<\/a><\/li><li class='ez-toc-page-1 ez-toc-heading-level-3'><a class=\"ez-toc-link ez-toc-heading-30\" href=\"https:\/\/loudavymkrokem.cz\/pt-br\/ferias-malta-dicas\/#22_Ggantija_as_construcoes_autoportantes_mais_antigas_do_mundo\" >22. \u0120gantija: as constru\u00e7\u00f5es autoportantes mais antigas do mundo<\/a><\/li><li class='ez-toc-page-1 ez-toc-heading-level-3'><a class=\"ez-toc-link ez-toc-heading-31\" href=\"https:\/\/loudavymkrokem.cz\/pt-br\/ferias-malta-dicas\/#23_Xlendi_e_Marsalforn\" >23. Xlendi e Marsalforn<\/a><\/li><li class='ez-toc-page-1 ez-toc-heading-level-3'><a class=\"ez-toc-link ez-toc-heading-32\" href=\"https:\/\/loudavymkrokem.cz\/pt-br\/ferias-malta-dicas\/#24_As_praias_mais_bonitas_Golden_Bay_Ghajn_Tuffieha_e_Mellieha_Bay\" >24. As praias mais bonitas: Golden Bay, G\u0127ajn Tuffie\u0127a e Mellie\u0127a Bay<\/a><\/li><\/ul><\/li><li class='ez-toc-page-1 ez-toc-heading-level-2'><a class=\"ez-toc-link ez-toc-heading-33\" href=\"https:\/\/loudavymkrokem.cz\/pt-br\/ferias-malta-dicas\/#Onde_ficar_em_Malta_e_Gozo_melhores_areas_e_hoteis_especificos\" >Onde ficar em Malta e Gozo: melhores \u00e1reas e hot\u00e9is espec\u00edficos<\/a><ul class='ez-toc-list-level-3' ><li class='ez-toc-heading-level-3'><a class=\"ez-toc-link ez-toc-heading-34\" href=\"https:\/\/loudavymkrokem.cz\/pt-br\/ferias-malta-dicas\/#Qual_area_escolher\" >Qual \u00e1rea escolher<\/a><\/li><li class='ez-toc-page-1 ez-toc-heading-level-3'><a class=\"ez-toc-link ez-toc-heading-35\" href=\"https:\/\/loudavymkrokem.cz\/pt-br\/ferias-malta-dicas\/#Dicas_especificas_de_hospedagem\" >Dicas espec\u00edficas de hospedagem<\/a><\/li><\/ul><\/li><li class='ez-toc-page-1 ez-toc-heading-level-2'><a class=\"ez-toc-link ez-toc-heading-36\" href=\"https:\/\/loudavymkrokem.cz\/pt-br\/ferias-malta-dicas\/#O_que_comer_em_Malta_um_guia_para_vegetarianos_e_todos_os_demais\" >O que comer em Malta: um guia para vegetarianos e todos os demais<\/a><\/li><li class='ez-toc-page-1 ez-toc-heading-level-2'><a class=\"ez-toc-link ez-toc-heading-37\" href=\"https:\/\/loudavymkrokem.cz\/pt-br\/ferias-malta-dicas\/#Transporte_em_Malta_onibus_balsa_e_carro\" >Transporte em Malta: \u00f4nibus, balsa e carro<\/a><ul class='ez-toc-list-level-3' ><li class='ez-toc-heading-level-3'><a class=\"ez-toc-link ez-toc-heading-38\" href=\"https:\/\/loudavymkrokem.cz\/pt-br\/ferias-malta-dicas\/#Onibus_Tallinja\" >\u00d4nibus Tallinja<\/a><\/li><li class='ez-toc-page-1 ez-toc-heading-level-3'><a class=\"ez-toc-link ez-toc-heading-39\" href=\"https:\/\/loudavymkrokem.cz\/pt-br\/ferias-malta-dicas\/#Balsa_para_Gozo_e_Comino\" >Balsa para Gozo e Comino<\/a><\/li><li class='ez-toc-page-1 ez-toc-heading-level-3'><a class=\"ez-toc-link ez-toc-heading-40\" href=\"https:\/\/loudavymkrokem.cz\/pt-br\/ferias-malta-dicas\/#Alugar_um_carro_ou_nao\" >Alugar um carro ou n\u00e3o?<\/a><\/li><\/ul><\/li><li class='ez-toc-page-1 ez-toc-heading-level-2'><a class=\"ez-toc-link ez-toc-heading-41\" href=\"https:\/\/loudavymkrokem.cz\/pt-br\/ferias-malta-dicas\/#Quanto_custam_umas_ferias_em_Malta\" >Quanto custam umas f\u00e9rias em Malta<\/a><\/li><li class='ez-toc-page-1 ez-toc-heading-level-2'><a class=\"ez-toc-link ez-toc-heading-42\" href=\"https:\/\/loudavymkrokem.cz\/pt-br\/ferias-malta-dicas\/#Do_que_tomar_cuidado_em_Malta\" >Do que tomar cuidado em Malta<\/a><\/li><li class='ez-toc-page-1 ez-toc-heading-level-2'><a class=\"ez-toc-link ez-toc-heading-43\" href=\"https:\/\/loudavymkrokem.cz\/pt-br\/ferias-malta-dicas\/#Malta_com_criancas\" >Malta com crian\u00e7as<\/a><\/li><li class='ez-toc-page-1 ez-toc-heading-level-2'><a class=\"ez-toc-link ez-toc-heading-44\" href=\"https:\/\/loudavymkrokem.cz\/pt-br\/ferias-malta-dicas\/#Para_onde_mais_outras_dicas_de_ferias_a_beira-mar\" >Para onde mais: outras dicas de f\u00e9rias \u00e0 beira-mar<\/a><\/li><li class='ez-toc-page-1 ez-toc-heading-level-2'><a class=\"ez-toc-link ez-toc-heading-45\" href=\"https:\/\/loudavymkrokem.cz\/pt-br\/ferias-malta-dicas\/#Perguntas_frequentes\" >Perguntas frequentes<\/a><ul class='ez-toc-list-level-3' ><li class='ez-toc-heading-level-3'><a class=\"ez-toc-link ez-toc-heading-46\" href=\"https:\/\/loudavymkrokem.cz\/pt-br\/ferias-malta-dicas\/#Quando_e_a_melhor_epoca_para_ir_a_Malta\" >Quando \u00e9 a melhor \u00e9poca para ir a Malta?<\/a><\/li><li class='ez-toc-page-1 ez-toc-heading-level-3'><a class=\"ez-toc-link ez-toc-heading-47\" href=\"https:\/\/loudavymkrokem.cz\/pt-br\/ferias-malta-dicas\/#Quanto_tempo_voce_precisa_em_Malta\" >Quanto tempo voc\u00ea precisa em Malta?<\/a><\/li><li class='ez-toc-page-1 ez-toc-heading-level-3'><a class=\"ez-toc-link ez-toc-heading-48\" href=\"https:\/\/loudavymkrokem.cz\/pt-br\/ferias-malta-dicas\/#Da_para_nadar_em_Malta_mesmo_sem_praias_de_areia\" >D\u00e1 para nadar em Malta mesmo sem praias de areia?<\/a><\/li><li class='ez-toc-page-1 ez-toc-heading-level-3'><a class=\"ez-toc-link ez-toc-heading-49\" href=\"https:\/\/loudavymkrokem.cz\/pt-br\/ferias-malta-dicas\/#Consigo_me_comunicar_em_ingles_em_Malta\" >Consigo me comunicar em ingl\u00eas em Malta?<\/a><\/li><li class='ez-toc-page-1 ez-toc-heading-level-3'><a class=\"ez-toc-link ez-toc-heading-50\" href=\"https:\/\/loudavymkrokem.cz\/pt-br\/ferias-malta-dicas\/#Preciso_de_carro_em_Malta\" >Preciso de carro em Malta?<\/a><\/li><li class='ez-toc-page-1 ez-toc-heading-level-3'><a class=\"ez-toc-link ez-toc-heading-51\" href=\"https:\/\/loudavymkrokem.cz\/pt-br\/ferias-malta-dicas\/#Malta_e_cara\" >Malta \u00e9 cara?<\/a><\/li><li class='ez-toc-page-1 ez-toc-heading-level-3'><a class=\"ez-toc-link ez-toc-heading-52\" href=\"https:\/\/loudavymkrokem.cz\/pt-br\/ferias-malta-dicas\/#Vale_a_pena_dormir_em_Gozo\" >Vale a pena dormir em Gozo?<\/a><\/li><li class='ez-toc-page-1 ez-toc-heading-level-3'><a class=\"ez-toc-link ez-toc-heading-53\" href=\"https:\/\/loudavymkrokem.cz\/pt-br\/ferias-malta-dicas\/#Malta_e_segura\" >Malta \u00e9 segura?<\/a><\/li><\/ul><\/li><\/ul><\/nav><\/div>\n<h2 id=\"Shrnuti_pokud_nestihate_cist_cely_clanek\" class=\"wp-block-heading\"><span class=\"ez-toc-section\" id=\"Resumo_caso_voce_nao_tenha_tempo_de_ler_o_artigo_inteiro\"><\/span>Resumo, caso voc\u00ea n\u00e3o tenha tempo de ler o artigo inteiro<span class=\"ez-toc-section-end\"><\/span><\/h2>\n\n\n\n<ul class=\"wp-block-list\">\n<li><strong>Malta, Gozo e Comino<\/strong> s\u00e3o as tr\u00eas ilhas habitadas deste pequeno arquip\u00e9lago, e cada uma delas tem um clima e uma atmosfera completamente diferentes.<\/li>\n\n\n\n<li><strong>Valletta<\/strong> \u00e9 a menor capital da Uni\u00e3o Europeia e todo o seu centro hist\u00f3rico est\u00e1 orgulhosamente inscrito na lista do patrim\u00f4nio mundial da UNESCO.<\/li>\n\n\n\n<li><strong>Os melhores meses para visitar<\/strong>, segundo os dados clim\u00e1ticos hist\u00f3ricos, s\u00e3o maio, junho, setembro e outubro.<\/li>\n\n\n\n<li><strong>Em julho e agosto<\/strong> faz muito calor (as temperaturas chegam a 30,2 e 30,3 \u00b0C) e quase n\u00e3o chove, as chuvas aparecem apenas 0,3 e 1,4 dia por m\u00eas.<\/li>\n\n\n\n<li><strong>O mar est\u00e1 mais quente<\/strong> em agosto, quando alcan\u00e7a 27,8 \u00b0C, e mesmo em outubro mant\u00e9m uma temperatura muito agrad\u00e1vel de 25,0 \u00b0C.<\/li>\n\n\n\n<li><strong>Praias de areia<\/strong> voc\u00ea n\u00e3o vai encontrar muitas em Malta, os banhos acontecem principalmente a partir de plataformas de pedra e fal\u00e9sias rochosas.<\/li>\n\n\n\n<li><strong>O idioma oficial \u00e9 o ingl\u00eas<\/strong>, se paga em euro (a cota\u00e7\u00e3o gira em torno de R$ 6 por 1 \u20ac), mas nas estradas se dirige pela esquerda.<\/li>\n\n\n\n<li><strong>A Lagoa Azul, em Comino<\/strong>, \u00e9 visualmente deslumbrante, mas na temporada de ver\u00e3o infelizmente costuma ficar extremamente lotada de turistas.<\/li>\n<\/ul>\n\n\n\n<h2 id=\"Proc_jet_na_Maltu_a_pro_koho_se_naopak_nehodi\" class=\"wp-block-heading\"><span class=\"ez-toc-section\" id=\"Por_que_ir_a_Malta_e_para_quem_ao_contrario_nao_e_indicado\"><\/span>Por que ir a Malta (e para quem, ao contr\u00e1rio, n\u00e3o \u00e9 indicado)<span class=\"ez-toc-section-end\"><\/span><\/h2>\n\n\n\n<p class=\"wp-block-paragraph\">Decidir o pr\u00f3ximo destino pode ser um quebra-cabe\u00e7a, principalmente quando cada pa\u00eds tem suas particularidades e atrai por algo diferente. Vamos ver no que este pa\u00eds insular se destaca completamente e para quem, ao contr\u00e1rio, umas <strong>f\u00e9rias em Malta<\/strong> podem n\u00e3o cair bem. Dizem que \u00e9 um lugar de contrastes: voc\u00ea ou se apaixona na hora, ou percebe rapidamente que prefere um tipo totalmente diferente de descanso.<\/p>\n\n\n\n<h3 id=\"6_duvodu_proc_si_Maltu_zamilujete\" class=\"wp-block-heading\"><span class=\"ez-toc-section\" id=\"6_motivos_para_voce_se_apaixonar_por_Malta\"><\/span>6 motivos para voc\u00ea se apaixonar por Malta<span class=\"ez-toc-section-end\"><\/span><\/h3>\n\n\n\n<p class=\"wp-block-paragraph\"><strong>Hist\u00f3ria em cada esquina.<\/strong> Voc\u00ea encontra templos megal\u00edticos impressionantes, comprovadamente mais antigos que as pir\u00e2mides eg\u00edpcias, fortalezas robustas deixadas pelos Cavaleiros de S\u00e3o Jo\u00e3o e fascinantes vest\u00edgios da Segunda Guerra Mundial. Se voc\u00ea adora explorar ruelas estreitas e monumentos hist\u00f3ricos, vai se sentir como num enorme museu a c\u00e9u aberto.<\/p>\n\n\n\n<p class=\"wp-block-paragraph\"><strong>Ingl\u00eas e nenhuma barreira lingu\u00edstica.<\/strong> Como o ingl\u00eas \u00e9 um dos dois idiomas oficiais, voc\u00ea se comunica em qualquer lugar, das lojinhas \u00e0s aldeias mais afastadas. Assim, some aquele estresse cl\u00e1ssico de f\u00e9rias com o dicion\u00e1rio na m\u00e3o, algo que muitos viajantes valorizam bastante.<\/p>\n\n\n\n<p class=\"wp-block-paragraph\"><strong>Dist\u00e2ncias realmente curtas.<\/strong> Voc\u00ea atravessa toda a ilha principal de carro em cerca de uma hora, ent\u00e3o d\u00e1 para ficar hospedado num s\u00f3 lugar e a partir dele fazer passeios em formato de estrela. N\u00e3o precisa ficar fazendo as malas e mudando de hotel em hotel, o que poupa muita energia e tempo preciosos.<\/p>\n\n\n\n<p class=\"wp-block-paragraph\"><strong>A temporada de banho mais longa da Europa.<\/strong> Enquanto em outros pontos do Mediterr\u00e2neo j\u00e1 se pega o casaco em outubro, aqui, segundo as estat\u00edsticas, as pessoas continuam se banhando no mar normalmente. \u00c9 a escolha ideal para quem quer prolongar o ver\u00e3o at\u00e9 o fim do outono e aproveitar o sol.<\/p>\n\n\n\n<p class=\"wp-block-paragraph\"><strong>\u00c1gua cristalina e \u00f3timo snorkel.<\/strong> A costa rochosa tem uma enorme vantagem: a total transpar\u00eancia da \u00e1gua, sem areia revirada o tempo todo. Segundo as avalia\u00e7\u00f5es, Malta oferece algumas das melhores condi\u00e7\u00f5es para mergulho e para explorar a vida submarina de toda a Europa.<\/p>\n\n\n\n<p class=\"wp-block-paragraph\"><strong>Acessibilidade e pre\u00e7os aceit\u00e1veis.<\/strong> Comparado \u00e0 popular It\u00e1lia ou \u00e0 Fran\u00e7a, as passagens, o transporte e a alimenta\u00e7\u00e3o saem um pouco mais em conta, e os servi\u00e7os t\u00eam um alto padr\u00e3o. Malta \u00e9 bem servida por companhias como a TAP com conex\u00f5es, ent\u00e3o voc\u00ea chega l\u00e1 sem grandes complica\u00e7\u00f5es a partir do Brasil.<\/p>\n\n\n\n<h3 id=\"Komu_Malta_nesedne\" class=\"wp-block-heading\"><span class=\"ez-toc-section\" id=\"Para_quem_Malta_nao_combina\"><\/span>Para quem Malta n\u00e3o combina<span class=\"ez-toc-section-end\"><\/span><\/h3>\n\n\n\n<p class=\"wp-block-paragraph\">Mesmo parecendo um para\u00edso absoluto nas fotos, esta ilha rochosa n\u00e3o \u00e9 a escolha ideal para todo mundo. \u00c9 melhor considerar um destino totalmente diferente se voc\u00ea se encaixar em uma das categorias a seguir. \u263a\ufe0f<\/p>\n\n\n\n<ul class=\"wp-block-list\">\n<li>Voc\u00ea procura <strong>longas praias de areia<\/strong>, porque aqui elas s\u00e3o realmente m\u00ednimas e formam s\u00f3 uma fra\u00e7\u00e3o do litoral.<\/li>\n\n\n\n<li>Voc\u00ea odeia multid\u00f5es, j\u00e1 que Malta \u00e9 o <strong>pa\u00eds mais densamente povoado da Uni\u00e3o Europeia<\/strong> e na temporada isso pode ser bem percept\u00edvel.<\/li>\n\n\n\n<li>Voc\u00ea viaja atr\u00e1s de <strong>natureza selvagem e florestas profundas<\/strong>, porque isso aqui voc\u00ea n\u00e3o encontra de jeito nenhum.<\/li>\n\n\n\n<li>Voc\u00ea planeja f\u00e9rias <strong>em agosto e n\u00e3o tolera bem o calor<\/strong>, porque as temperaturas de ver\u00e3o costumam ser mesmo implac\u00e1veis.<\/li>\n\n\n\n<li>Voc\u00ea quer sil\u00eancio e paz absolutos e reservaria por engano a hospedagem no bairro de <strong>St Julian&#8217;s, que \u00e9 a principal zona de festa<\/strong> de toda a ilha.<\/li>\n<\/ul>\n\n\n\n<h2 id=\"Kdy_jet_na_Maltu_pocasi_mesic_po_mesici\" class=\"wp-block-heading\"><span class=\"ez-toc-section\" id=\"Quando_ir_a_Malta_o_clima_mes_a_mes\"><\/span>Quando ir a Malta: o clima m\u00eas a m\u00eas<span class=\"ez-toc-section-end\"><\/span><\/h2>\n\n\n\n<p class=\"wp-block-paragraph\">O momento certo \u00e9 absolutamente essencial para uma viagem bem-sucedida, por isso vamos olhar em detalhe para os n\u00fameros exatos. Os dados a seguir n\u00e3o s\u00e3o estimativas grosseiras, e sim <strong>m\u00e9dias de dez anos, de 2015 a 2024<\/strong>, obtidas a partir da avan\u00e7ada rean\u00e1lise clim\u00e1tica ERA5.<\/p>\n\n\n\n<p class=\"wp-block-paragraph\">Os dados de temperatura do mar v\u00eam com precis\u00e3o do modelo marinho referente <strong>aos anos de 2019 a 2024<\/strong>. Assim, voc\u00ea fica com uma ideia bem clara das condi\u00e7\u00f5es que v\u00e3o te esperar em cada m\u00eas e consegue fazer a mala com muito mais tranquilidade.<\/p>\n\n\n\n<figure class=\"wp-block-table is-style-stripes\"><table class=\"has-fixed-layout\"><thead><tr><th>M\u00eas<\/th><th>Dia<\/th><th>Noite<\/th><th>Mar<\/th><th>Dias de chuva<\/th><th>Sol\/dia<\/th><\/tr><\/thead><tbody><tr><td><strong>janeiro<\/strong><\/td><td>15 \u00b0C<\/td><td>12 \u00b0C<\/td><td>17 \u00b0C<\/td><td>8,1<\/td><td>8,7 h<\/td><\/tr><tr><td><strong>fevereiro<\/strong><\/td><td>16 \u00b0C<\/td><td>12 \u00b0C<\/td><td>16 \u00b0C<\/td><td>5,9<\/td><td>9,4 h<\/td><\/tr><tr><td><strong>mar\u00e7o<\/strong><\/td><td>17 \u00b0C<\/td><td>12 \u00b0C<\/td><td>16 \u00b0C<\/td><td>6,7<\/td><td>10,5 h<\/td><\/tr><tr><td><strong>abril<\/strong><\/td><td>19 \u00b0C<\/td><td>14 \u00b0C<\/td><td>17 \u00b0C<\/td><td>3,2<\/td><td>11,1 h<\/td><\/tr><tr><td><strong>maio<\/strong><\/td><td>22 \u00b0C<\/td><td>17 \u00b0C<\/td><td>19 \u00b0C<\/td><td>3,1<\/td><td>12,5 h<\/td><\/tr><tr><td><strong>junho<\/strong><\/td><td>27 \u00b0C<\/td><td>21 \u00b0C<\/td><td>23 \u00b0C<\/td><td>0,9<\/td><td>13,6 h<\/td><\/tr><tr><td><strong>julho<\/strong><\/td><td>30 \u00b0C<\/td><td>24 \u00b0C<\/td><td>27 \u00b0C<\/td><td>0,3<\/td><td>13,9 h<\/td><\/tr><tr><td><strong>agosto<\/strong><\/td><td>30 \u00b0C<\/td><td>25 \u00b0C<\/td><td>28 \u00b0C<\/td><td>1,4<\/td><td>12,5 h<\/td><\/tr><tr><td><strong>setembro<\/strong><\/td><td>28 \u00b0C<\/td><td>23 \u00b0C<\/td><td>27 \u00b0C<\/td><td>4,7<\/td><td>11,2 h<\/td><\/tr><tr><td><strong>outubro<\/strong><\/td><td>24 \u00b0C<\/td><td>20 \u00b0C<\/td><td>25 \u00b0C<\/td><td>7,1<\/td><td>9,8 h<\/td><\/tr><tr><td><strong>novembro<\/strong><\/td><td>21 \u00b0C<\/td><td>17 \u00b0C<\/td><td>23 \u00b0C<\/td><td>10,9<\/td><td>8,6 h<\/td><\/tr><tr><td><strong>dezembro<\/strong><\/td><td>17 \u00b0C<\/td><td>14 \u00b0C<\/td><td>19 \u00b0C<\/td><td>7,6<\/td><td>8,2 h<\/td><\/tr><\/tbody><\/table><figcaption class=\"wp-element-caption\">Temperaturas m\u00e9dias em Malta m\u00eas a m\u00eas. Ar e chuva s\u00e3o m\u00e9dias de dez anos (2015\u20132024) da rean\u00e1lise ERA5, temperatura do mar do modelo marinho 2019\u20132024.<\/figcaption><\/figure>\n\n\n\n<h3 id=\"Nejlepsi_mesice_podle_typu_dovolene\" class=\"wp-block-heading\"><span class=\"ez-toc-section\" id=\"Os_melhores_meses_de_acordo_com_o_tipo_de_ferias\"><\/span>Os melhores meses de acordo com o tipo de f\u00e9rias<span class=\"ez-toc-section-end\"><\/span><\/h3>\n\n\n\n<ul class=\"wp-block-list\">\n<li><strong>Banho e relaxamento na praia:<\/strong> o ideal \u00e9 ir de junho a outubro, quando a temperatura do mar fica entre agrad\u00e1veis 23,4 e 27,8 \u00b0C.<\/li>\n\n\n\n<li><strong>Passeios e visitas a monumentos:<\/strong> as melhores condi\u00e7\u00f5es s\u00e3o em abril, maio e outubro, quando as temperaturas diurnas ficam em valores agrad\u00e1veis, em torno de 18 a 24 \u00b0C.<\/li>\n\n\n\n<li><strong>As datas mais baratas:<\/strong> vale a pena voar de novembro a mar\u00e7o, mas voc\u00ea precisa contar que o mar tem s\u00f3 16 a 19 \u00b0C e que, em novembro, por exemplo, chove em m\u00e9dia 10,9 dias por m\u00eas.<\/li>\n\n\n\n<li><strong>Quando \u00e9 melhor evitar:<\/strong> agosto costuma ser exaustivo para muita gente, por causa do calor extremo, das multid\u00f5es de turistas por toda parte e dos pre\u00e7os dos servi\u00e7os bem mais altos.<\/li>\n<\/ul>\n\n\n\n<h3 id=\"Zima_na_Malte_ma_to_smysl\" class=\"wp-block-heading\"><span class=\"ez-toc-section\" id=\"Inverno_em_Malta_vale_a_pena\"><\/span>Inverno em Malta: vale a pena?<span class=\"ez-toc-section-end\"><\/span><\/h3>\n\n\n\n<p class=\"wp-block-paragraph\">Talvez voc\u00ea se pergunte se faz sentido ir ao sul da Europa em pleno inverno, quando j\u00e1 n\u00e3o d\u00e1 para se banhar. Durante os meses de inverno, as temperaturas ficam <strong>em torno de 15 a 17 \u00b0C<\/strong>, chove cerca de 6 a 8 dias por m\u00eas e o mar tem frios 16 a 19 \u00b0C. Para tomar sol de biqu\u00edni n\u00e3o \u00e9, mas para longas caminhadas com um casaquinho leve \u00e9 absolutamente ideal. \ud83d\ude05<\/p>\n\n\n\n<p class=\"wp-block-paragraph\">Se o que te atrai \u00e9 principalmente explorar monumentos antigos, ficar sentado em caf\u00e9s aconchegantes e fazer trilhas tranquilas pelas fal\u00e9sias, <strong>o inverno com certeza vai te encantar<\/strong>. Al\u00e9m disso, nessa \u00e9poca voc\u00ea pega as passagens mais baratas e aproveita as ruelas semivazias de Valletta, uma miss\u00e3o totalmente imposs\u00edvel no calor do ver\u00e3o.<\/p>\n\n\n\n<h2 id=\"Co_videt_na_Malte_24_tipu_ktere_stoji_za_vas_cas\" class=\"wp-block-heading\"><span class=\"ez-toc-section\" id=\"O_que_ver_em_Malta_24_dicas_que_valem_o_seu_tempo\"><\/span>O que ver em Malta: 24 dicas que valem o seu tempo<span class=\"ez-toc-section-end\"><\/span><\/h2>\n\n\n\n<p class=\"wp-block-paragraph\">Este pa\u00eds insular, que usa o euro, \u00e9 pequenininho, mas tem tantos monumentos que voc\u00ea nem vai saber por onde come\u00e7ar. Chegando l\u00e1, voc\u00ea se v\u00ea num lugar onde <strong>se comunica em ingl\u00eas sem problema nenhum<\/strong>, e agora vamos dividir logicamente o arquip\u00e9lago em: a elegante Valletta, o tranquilo centro da ilha, o hist\u00f3rico sul, a pitoresca Comino, a mais verde Gozo e as melhores praias.<\/p>\n\n\n\n<p class=\"wp-block-paragraph\">Uma enorme vantagem de Malta \u00e9 que voc\u00ea <strong>pode se hospedar num \u00fanico lugar<\/strong> e, a partir dele, visitar todos os monumentos com conforto, nos \u00f4nibus verde-amarelos da empresa Tallinja. Antes da viagem, \u00e9 s\u00f3 levar um adaptador brit\u00e2nico de tr\u00eas pinos para as tomadas do tipo G e lembrar que aqui se dirige pela esquerda. Ent\u00e3o, se voc\u00ea est\u00e1 pensando <a href=\"https:\/\/loudavymkrokem.cz\/pt-br\/viagens-setembro-destinos\/\">onde ir de f\u00e9rias em setembro<\/a>, este pedacinho europeu do Mediterr\u00e2neo \u00e9 simplesmente uma \u00f3tima escolha.<\/p>\n\n\n\n<h3 id=\"1_Valletta_nejmensi_hlavni_mesto_EU\" class=\"wp-block-heading\"><span class=\"ez-toc-section\" id=\"1_Valletta_a_menor_capital_da_UE\"><\/span>1. Valletta: a menor capital da UE<span class=\"ez-toc-section-end\"><\/span><\/h3>\n\n\n\n<p class=\"wp-block-paragraph\">Valletta ostenta o t\u00edtulo de menor capital da Uni\u00e3o Europeia e toda ela est\u00e1, merecidamente, inscrita na lista do patrim\u00f4nio mundial da UNESCO. Este lugar incrivelmente fotog\u00eanico foi constru\u00eddo pelos Cavaleiros de S\u00e3o Jo\u00e3o logo ap\u00f3s o Grande Cerco de 1565, ent\u00e3o hoje voc\u00ea pode admirar a <strong>r\u00edgida planta geom\u00e9trica em grade<\/strong>, complementada de forma harmoniosa pelas t\u00edpicas sacadas barrocas em todas as cores imagin\u00e1veis.<\/p>\n\n\n\n<figure data-wp-context=\"{&quot;imageId&quot;:&quot;6a9c2ebc1a4f5&quot;}\" data-wp-interactive=\"core\/image\" data-wp-key=\"6a9c2ebc1a4f5\" class=\"wp-block-image size-full wp-lightbox-container\"><img decoding=\"async\" width=\"1500\" height=\"1000\" data-wp-class--hide=\"state.isContentHidden\" data-wp-class--show=\"state.isContentVisible\" data-wp-init=\"callbacks.setButtonStyles\" data-wp-on--click=\"actions.showLightbox\" data-wp-on--load=\"callbacks.setButtonStyles\" data-wp-on--pointerdown=\"actions.preloadImage\" data-wp-on--pointerenter=\"actions.preloadImageWithDelay\" data-wp-on--pointerleave=\"actions.cancelPreload\" data-wp-on-window--resize=\"callbacks.setButtonStyles\" src=\"https:\/\/loudavymkrokem.cz\/wp-content\/uploads\/2026\/08\/dovolena-malta-t01.jpg\" alt=\"Avenida principal de Valletta\" class=\"wp-image-399641\" title=\"\" srcset=\"https:\/\/loudavymkrokem.cz\/wp-content\/uploads\/2026\/08\/dovolena-malta-t01.jpg 1500w, https:\/\/loudavymkrokem.cz\/wp-content\/uploads\/2026\/08\/dovolena-malta-t01-300x200.jpg 300w, https:\/\/loudavymkrokem.cz\/wp-content\/uploads\/2026\/08\/dovolena-malta-t01-700x467.jpg 700w, https:\/\/loudavymkrokem.cz\/wp-content\/uploads\/2026\/08\/dovolena-malta-t01-768x512.jpg 768w, https:\/\/loudavymkrokem.cz\/wp-content\/uploads\/2026\/08\/dovolena-malta-t01-696x464.jpg 696w, https:\/\/loudavymkrokem.cz\/wp-content\/uploads\/2026\/08\/dovolena-malta-t01-1392x928.jpg 1392w\" sizes=\"(max-width: 1500px) 100vw, 1500px\" \/><button\n\t\t\tclass=\"lightbox-trigger\"\n\t\t\ttype=\"button\"\n\t\t\taria-haspopup=\"dialog\"\n\t\t\tdata-wp-bind--aria-label=\"state.thisImage.triggerButtonAriaLabel\"\n\t\t\tdata-wp-init=\"callbacks.initTriggerButton\"\n\t\t\tdata-wp-on--click=\"actions.showLightbox\"\n\t\t\tdata-wp-style--right=\"state.thisImage.buttonRight\"\n\t\t\tdata-wp-style--top=\"state.thisImage.buttonTop\"\n\t\t>\n\t\t\t<svg xmlns=\"http:\/\/www.w3.org\/2000\/svg\" width=\"12\" height=\"12\" fill=\"none\" viewBox=\"0 0 12 12\">\n\t\t\t\t<path fill=\"#fff\" d=\"M2 0a2 2 0 0 0-2 2v2h1.5V2a.5.5 0 0 1 .5-.5h2V0H2Zm2 10.5H2a.5.5 0 0 1-.5-.5V8H0v2a2 2 0 0 0 2 2h2v-1.5ZM8 12v-1.5h2a.5.5 0 0 0 .5-.5V8H12v2a2 2 0 0 1-2 2H8Zm2-12a2 2 0 0 1 2 2v2h-1.5V2a.5.5 0 0 0-.5-.5H8V0h2Z\" \/>\n\t\t\t<\/svg>\n\t\t<\/button><figcaption class=\"wp-element-caption\">Avenida principal de Valletta (Foto: Txllxt TxllxT \/ Wikimedia Commons, CC BY-SA 4.0)<\/figcaption><\/figure>\n\n\n\n<p class=\"wp-block-paragraph\">Se voc\u00ea quer evitar as multid\u00f5es, os moradores recomendam muito chegar \u00e0 avenida principal, a Republic Street, bem cedo de manh\u00e3 ou, ao contr\u00e1rio, s\u00f3 depois das quatro da tarde. Durante o dia, a <strong>cidade costuma se encher de excursionistas dos grandes navios<\/strong>, o que pode estragar um pouco a impress\u00e3o geral. Assim, voc\u00ea aproveita com calma os caf\u00e9s locais numa atmosfera bem melhor \u263a\ufe0f.<\/p>\n\n\n\n<h3 id=\"2_Konkatedrala_svateho_Jana_baroko_ktere_vyrazi_dech\" class=\"wp-block-heading\"><span class=\"ez-toc-section\" id=\"2_Concatedral_de_Sao_Joao_um_barroco_de_tirar_o_folego\"><\/span>2. Concatedral de S\u00e3o Jo\u00e3o: um barroco de tirar o f\u00f4lego<span class=\"ez-toc-section-end\"><\/span><\/h3>\n\n\n\n<p class=\"wp-block-paragraph\">\u00c0 primeira vista, por fora, esta constru\u00e7\u00e3o parece uma fortaleza bem s\u00f3bria, mas assim que voc\u00ea entra, o que te espera \u00e9 literalmente uma <strong>explos\u00e3o barroca dourada<\/strong>. Os viajantes concordam que \u00e9 uma das igrejas mais bonitas da Europa, onde o ch\u00e3o \u00e9 formado por quase quatrocentas l\u00e1pides de m\u00e1rmore lindamente decoradas dos Cavaleiros de S\u00e3o Jo\u00e3o, por sobre as quais voc\u00ea caminha.<\/p>\n\n\n\n<figure data-wp-context=\"{&quot;imageId&quot;:&quot;6a9c2ebc1ab39&quot;}\" data-wp-interactive=\"core\/image\" data-wp-key=\"6a9c2ebc1ab39\" class=\"wp-block-image size-full wp-lightbox-container\"><img decoding=\"async\" width=\"1500\" height=\"890\" data-wp-class--hide=\"state.isContentHidden\" data-wp-class--show=\"state.isContentVisible\" data-wp-init=\"callbacks.setButtonStyles\" data-wp-on--click=\"actions.showLightbox\" data-wp-on--load=\"callbacks.setButtonStyles\" data-wp-on--pointerdown=\"actions.preloadImage\" data-wp-on--pointerenter=\"actions.preloadImageWithDelay\" data-wp-on--pointerleave=\"actions.cancelPreload\" data-wp-on-window--resize=\"callbacks.setButtonStyles\" src=\"https:\/\/loudavymkrokem.cz\/wp-content\/uploads\/2026\/08\/dovolena-malta-t02.jpg\" alt=\"Interior dourado da Concatedral de S\u00e3o Jo\u00e3o\" class=\"wp-image-399647\" title=\"\" srcset=\"https:\/\/loudavymkrokem.cz\/wp-content\/uploads\/2026\/08\/dovolena-malta-t02.jpg 1500w, https:\/\/loudavymkrokem.cz\/wp-content\/uploads\/2026\/08\/dovolena-malta-t02-300x178.jpg 300w, https:\/\/loudavymkrokem.cz\/wp-content\/uploads\/2026\/08\/dovolena-malta-t02-700x415.jpg 700w, https:\/\/loudavymkrokem.cz\/wp-content\/uploads\/2026\/08\/dovolena-malta-t02-768x456.jpg 768w, https:\/\/loudavymkrokem.cz\/wp-content\/uploads\/2026\/08\/dovolena-malta-t02-696x413.jpg 696w, https:\/\/loudavymkrokem.cz\/wp-content\/uploads\/2026\/08\/dovolena-malta-t02-1392x826.jpg 1392w\" sizes=\"(max-width: 1500px) 100vw, 1500px\" \/><button\n\t\t\tclass=\"lightbox-trigger\"\n\t\t\ttype=\"button\"\n\t\t\taria-haspopup=\"dialog\"\n\t\t\tdata-wp-bind--aria-label=\"state.thisImage.triggerButtonAriaLabel\"\n\t\t\tdata-wp-init=\"callbacks.initTriggerButton\"\n\t\t\tdata-wp-on--click=\"actions.showLightbox\"\n\t\t\tdata-wp-style--right=\"state.thisImage.buttonRight\"\n\t\t\tdata-wp-style--top=\"state.thisImage.buttonTop\"\n\t\t>\n\t\t\t<svg xmlns=\"http:\/\/www.w3.org\/2000\/svg\" width=\"12\" height=\"12\" fill=\"none\" viewBox=\"0 0 12 12\">\n\t\t\t\t<path fill=\"#fff\" d=\"M2 0a2 2 0 0 0-2 2v2h1.5V2a.5.5 0 0 1 .5-.5h2V0H2Zm2 10.5H2a.5.5 0 0 1-.5-.5V8H0v2a2 2 0 0 0 2 2h2v-1.5ZM8 12v-1.5h2a.5.5 0 0 0 .5-.5V8H12v2a2 2 0 0 1-2 2H8Zm2-12a2 2 0 0 1 2 2v2h-1.5V2a.5.5 0 0 0-.5-.5H8V0h2Z\" \/>\n\t\t\t<\/svg>\n\t\t<\/button><figcaption class=\"wp-element-caption\">Interior dourado da Concatedral de S\u00e3o Jo\u00e3o (Foto: Mike McBey \/ Wikimedia Commons, CC BY 2.0)<\/figcaption><\/figure>\n\n\n\n<p class=\"wp-block-paragraph\">Aqui se paga entrada, mas dizem que a visita vale muito a pena, ainda mais quando voc\u00ea considera que l\u00e1 dentro est\u00e3o duas famosas telas de Caravaggio. A pe\u00e7a mais valiosa \u00e9, claro, a <strong>monumental pintura da Decapita\u00e7\u00e3o de S\u00e3o Jo\u00e3o Batista<\/strong>, que \u00e9, ali\u00e1s, a \u00fanica tela que este c\u00e9lebre pintor italiano assinou pessoalmente, e que voc\u00ea pode ver com os pr\u00f3prios olhos.<\/p>\n\n\n\n<h3 id=\"3_Upper_Barrakka_Gardens_a_poledni_salva\" class=\"wp-block-heading\"><span class=\"ez-toc-section\" id=\"3_Upper_Barrakka_Gardens_e_a_salva_de_meio-dia\"><\/span>3. Upper Barrakka Gardens e a salva de meio-dia<span class=\"ez-toc-section-end\"><\/span><\/h3>\n\n\n\n<p class=\"wp-block-paragraph\">Se voc\u00ea procura o melhor lugar para tirar fotos, precisa dar uma olhada nestes jardins deslumbrantes, de onde se abre uma <strong>vista espetacular para todo o Grand Harbour<\/strong> e para as Tr\u00eas Cidades do outro lado. Os jardins originalmente serviam apenas a fins privados dos cavaleiros italianos, mas hoje voc\u00ea pode descansar junto \u00e0 fonte e se abrigar do sol escaldante do ver\u00e3o sob as arcadas decoradas.<\/p>\n\n\n\n<figure data-wp-context=\"{&quot;imageId&quot;:&quot;6a9c2ebc1afcf&quot;}\" data-wp-interactive=\"core\/image\" data-wp-key=\"6a9c2ebc1afcf\" class=\"wp-block-image size-full wp-lightbox-container\"><img decoding=\"async\" width=\"1500\" height=\"1000\" data-wp-class--hide=\"state.isContentHidden\" data-wp-class--show=\"state.isContentVisible\" data-wp-init=\"callbacks.setButtonStyles\" data-wp-on--click=\"actions.showLightbox\" data-wp-on--load=\"callbacks.setButtonStyles\" data-wp-on--pointerdown=\"actions.preloadImage\" data-wp-on--pointerenter=\"actions.preloadImageWithDelay\" data-wp-on--pointerleave=\"actions.cancelPreload\" data-wp-on-window--resize=\"callbacks.setButtonStyles\" src=\"https:\/\/loudavymkrokem.cz\/wp-content\/uploads\/2026\/08\/dovolena-malta-t03.jpg\" alt=\"Vista dos Upper Barrakka Gardens\" class=\"wp-image-399655\" title=\"\" srcset=\"https:\/\/loudavymkrokem.cz\/wp-content\/uploads\/2026\/08\/dovolena-malta-t03.jpg 1500w, https:\/\/loudavymkrokem.cz\/wp-content\/uploads\/2026\/08\/dovolena-malta-t03-300x200.jpg 300w, https:\/\/loudavymkrokem.cz\/wp-content\/uploads\/2026\/08\/dovolena-malta-t03-700x467.jpg 700w, https:\/\/loudavymkrokem.cz\/wp-content\/uploads\/2026\/08\/dovolena-malta-t03-768x512.jpg 768w, https:\/\/loudavymkrokem.cz\/wp-content\/uploads\/2026\/08\/dovolena-malta-t03-696x464.jpg 696w, https:\/\/loudavymkrokem.cz\/wp-content\/uploads\/2026\/08\/dovolena-malta-t03-1392x928.jpg 1392w\" sizes=\"(max-width: 1500px) 100vw, 1500px\" \/><button\n\t\t\tclass=\"lightbox-trigger\"\n\t\t\ttype=\"button\"\n\t\t\taria-haspopup=\"dialog\"\n\t\t\tdata-wp-bind--aria-label=\"state.thisImage.triggerButtonAriaLabel\"\n\t\t\tdata-wp-init=\"callbacks.initTriggerButton\"\n\t\t\tdata-wp-on--click=\"actions.showLightbox\"\n\t\t\tdata-wp-style--right=\"state.thisImage.buttonRight\"\n\t\t\tdata-wp-style--top=\"state.thisImage.buttonTop\"\n\t\t>\n\t\t\t<svg xmlns=\"http:\/\/www.w3.org\/2000\/svg\" width=\"12\" height=\"12\" fill=\"none\" viewBox=\"0 0 12 12\">\n\t\t\t\t<path fill=\"#fff\" d=\"M2 0a2 2 0 0 0-2 2v2h1.5V2a.5.5 0 0 1 .5-.5h2V0H2Zm2 10.5H2a.5.5 0 0 1-.5-.5V8H0v2a2 2 0 0 0 2 2h2v-1.5ZM8 12v-1.5h2a.5.5 0 0 0 .5-.5V8H12v2a2 2 0 0 1-2 2H8Zm2-12a2 2 0 0 1 2 2v2h-1.5V2a.5.5 0 0 0-.5-.5H8V0h2Z\" \/>\n\t\t\t<\/svg>\n\t\t<\/button><figcaption class=\"wp-element-caption\">Vista dos Upper Barrakka Gardens (Foto: This photo was taken by Anton Zelenov.\nPlease credit this wi \/ Wikimedia Commons, CC BY-SA 4.0)<\/figcaption><\/figure>\n\n\n\n<p class=\"wp-block-paragraph\">Uma dica pr\u00e1tica \u00e9 planejar a visita exatamente para o meio-dia ou para as quatro da tarde, quando, um andar abaixo, no terra\u00e7o da Saluting Battery, acontece a tradicional salva de canh\u00e3o. Dizem que \u00e9 bem barulhenta, mas \u00e9 uma <strong>demonstra\u00e7\u00e3o hist\u00f3rica muito popular<\/strong>, que te transporta na hora alguns s\u00e9culos de volta ao tempo dos destemidos defensores desta pequena ilha.<\/p>\n\n\n\n<h3 id=\"4_Grand_Harbour_prirodni_pristav_ktery_zmenil_dejiny\" class=\"wp-block-heading\"><span class=\"ez-toc-section\" id=\"4_Grand_Harbour_o_porto_natural_que_mudou_a_historia\"><\/span>4. Grand Harbour: o porto natural que mudou a hist\u00f3ria<span class=\"ez-toc-section-end\"><\/span><\/h3>\n\n\n\n<p class=\"wp-block-paragraph\">Este enorme porto natural moldou a hist\u00f3ria de todo o Mediterr\u00e2neo e, segundo muitos guias, \u00e9 um dos mais imponentes do mundo. Os basti\u00f5es robustos e as muralhas de defesa est\u00e3o ali como testemunhas silenciosas de acontecimentos dram\u00e1ticos, e o porto teve um papel especialmente crucial durante a Segunda Guerra Mundial, pelo que toda Malta recebeu do rei brit\u00e2nico a <strong>c\u00e9lebre Cruz de Jorge por bravura<\/strong>.<\/p>\n\n\n\n<figure data-wp-context=\"{&quot;imageId&quot;:&quot;6a9c2ebc1b44a&quot;}\" data-wp-interactive=\"core\/image\" data-wp-key=\"6a9c2ebc1b44a\" class=\"wp-block-image size-full wp-lightbox-container\"><img decoding=\"async\" width=\"1500\" height=\"1125\" data-wp-class--hide=\"state.isContentHidden\" data-wp-class--show=\"state.isContentVisible\" data-wp-init=\"callbacks.setButtonStyles\" data-wp-on--click=\"actions.showLightbox\" data-wp-on--load=\"callbacks.setButtonStyles\" data-wp-on--pointerdown=\"actions.preloadImage\" data-wp-on--pointerenter=\"actions.preloadImageWithDelay\" data-wp-on--pointerleave=\"actions.cancelPreload\" data-wp-on-window--resize=\"callbacks.setButtonStyles\" src=\"https:\/\/loudavymkrokem.cz\/wp-content\/uploads\/2026\/08\/dovolena-malta-t04.jpg\" alt=\"Grand Harbour em Malta\" class=\"wp-image-399663\" title=\"\" srcset=\"https:\/\/loudavymkrokem.cz\/wp-content\/uploads\/2026\/08\/dovolena-malta-t04.jpg 1500w, https:\/\/loudavymkrokem.cz\/wp-content\/uploads\/2026\/08\/dovolena-malta-t04-300x225.jpg 300w, https:\/\/loudavymkrokem.cz\/wp-content\/uploads\/2026\/08\/dovolena-malta-t04-700x525.jpg 700w, https:\/\/loudavymkrokem.cz\/wp-content\/uploads\/2026\/08\/dovolena-malta-t04-768x576.jpg 768w, https:\/\/loudavymkrokem.cz\/wp-content\/uploads\/2026\/08\/dovolena-malta-t04-80x60.jpg 80w, https:\/\/loudavymkrokem.cz\/wp-content\/uploads\/2026\/08\/dovolena-malta-t04-160x120.jpg 160w, https:\/\/loudavymkrokem.cz\/wp-content\/uploads\/2026\/08\/dovolena-malta-t04-696x522.jpg 696w, https:\/\/loudavymkrokem.cz\/wp-content\/uploads\/2026\/08\/dovolena-malta-t04-1392x1044.jpg 1392w\" sizes=\"(max-width: 1500px) 100vw, 1500px\" \/><button\n\t\t\tclass=\"lightbox-trigger\"\n\t\t\ttype=\"button\"\n\t\t\taria-haspopup=\"dialog\"\n\t\t\tdata-wp-bind--aria-label=\"state.thisImage.triggerButtonAriaLabel\"\n\t\t\tdata-wp-init=\"callbacks.initTriggerButton\"\n\t\t\tdata-wp-on--click=\"actions.showLightbox\"\n\t\t\tdata-wp-style--right=\"state.thisImage.buttonRight\"\n\t\t\tdata-wp-style--top=\"state.thisImage.buttonTop\"\n\t\t>\n\t\t\t<svg xmlns=\"http:\/\/www.w3.org\/2000\/svg\" width=\"12\" height=\"12\" fill=\"none\" viewBox=\"0 0 12 12\">\n\t\t\t\t<path fill=\"#fff\" d=\"M2 0a2 2 0 0 0-2 2v2h1.5V2a.5.5 0 0 1 .5-.5h2V0H2Zm2 10.5H2a.5.5 0 0 1-.5-.5V8H0v2a2 2 0 0 0 2 2h2v-1.5ZM8 12v-1.5h2a.5.5 0 0 0 .5-.5V8H12v2a2 2 0 0 1-2 2H8Zm2-12a2 2 0 0 1 2 2v2h-1.5V2a.5.5 0 0 0-.5-.5H8V0h2Z\" \/>\n\t\t\t<\/svg>\n\t\t<\/button><figcaption class=\"wp-element-caption\">Grand Harbour em Malta (Foto: Pacopac \/ Wikimedia Commons, CC BY-SA 4.0)<\/figcaption><\/figure>\n\n\n\n<p class=\"wp-block-paragraph\">Dizem que voc\u00ea percebe melhor a grandiosidade de toda a fortifica\u00e7\u00e3o diretamente da \u00e1gua, ent\u00e3o vale muito a pena fazer um passeio panor\u00e2mico de barco. Voc\u00ea compra os ingressos ali mesmo, no cais de Valletta, e do conv\u00e9s do barco ganha uma perspectiva completamente diferente e muito mais interessante das <strong>altas muralhas e das fortalezas hist\u00f3ricas<\/strong> do que a partir de terra firme.<\/p>\n\n\n\n<h3 id=\"5_Tri_mesta_Vittoriosa_Senglea_a_Cospicua\" class=\"wp-block-heading\"><span class=\"ez-toc-section\" id=\"5_As_Tres_Cidades_Vittoriosa_Senglea_e_Cospicua\"><\/span>5. As Tr\u00eas Cidades: Vittoriosa, Senglea e Cospicua<span class=\"ez-toc-section-end\"><\/span><\/h3>\n\n\n\n<p class=\"wp-block-paragraph\">Logo em frente \u00e0 capital ficam Vittoriosa, Senglea e Cospicua, cidadezinhas hist\u00f3ricas onde, segundo dizem, voc\u00ea encontra uma <strong>atmosfera muito mais aut\u00eantica<\/strong> do que na pr\u00f3pria Valletta. Muito menos turistas v\u00eam at\u00e9 aqui, ent\u00e3o voc\u00ea pode aproveitar com calma as caminhadas pelas ruelas estreitas, admirar os iates de luxo na marina e explorar a majestosa fortaleza Fort St Angelo.<\/p>\n\n\n\n<figure data-wp-context=\"{&quot;imageId&quot;:&quot;6a9c2ebc1b90c&quot;}\" data-wp-interactive=\"core\/image\" data-wp-key=\"6a9c2ebc1b90c\" class=\"wp-block-image size-full wp-lightbox-container\"><img decoding=\"async\" width=\"1500\" height=\"887\" data-wp-class--hide=\"state.isContentHidden\" data-wp-class--show=\"state.isContentVisible\" data-wp-init=\"callbacks.setButtonStyles\" data-wp-on--click=\"actions.showLightbox\" data-wp-on--load=\"callbacks.setButtonStyles\" data-wp-on--pointerdown=\"actions.preloadImage\" data-wp-on--pointerenter=\"actions.preloadImageWithDelay\" data-wp-on--pointerleave=\"actions.cancelPreload\" data-wp-on-window--resize=\"callbacks.setButtonStyles\" src=\"https:\/\/loudavymkrokem.cz\/wp-content\/uploads\/2026\/08\/dovolena-malta-t05.jpg\" alt=\"Vittoriosa e o Fort St Angelo no Grand Harbour\" class=\"wp-image-399744\" title=\"\" srcset=\"https:\/\/loudavymkrokem.cz\/wp-content\/uploads\/2026\/08\/dovolena-malta-t05.jpg 1500w, https:\/\/loudavymkrokem.cz\/wp-content\/uploads\/2026\/08\/dovolena-malta-t05-300x177.jpg 300w, https:\/\/loudavymkrokem.cz\/wp-content\/uploads\/2026\/08\/dovolena-malta-t05-700x414.jpg 700w, https:\/\/loudavymkrokem.cz\/wp-content\/uploads\/2026\/08\/dovolena-malta-t05-768x454.jpg 768w, https:\/\/loudavymkrokem.cz\/wp-content\/uploads\/2026\/08\/dovolena-malta-t05-696x412.jpg 696w, https:\/\/loudavymkrokem.cz\/wp-content\/uploads\/2026\/08\/dovolena-malta-t05-1392x823.jpg 1392w\" sizes=\"(max-width: 1500px) 100vw, 1500px\" \/><button\n\t\t\tclass=\"lightbox-trigger\"\n\t\t\ttype=\"button\"\n\t\t\taria-haspopup=\"dialog\"\n\t\t\tdata-wp-bind--aria-label=\"state.thisImage.triggerButtonAriaLabel\"\n\t\t\tdata-wp-init=\"callbacks.initTriggerButton\"\n\t\t\tdata-wp-on--click=\"actions.showLightbox\"\n\t\t\tdata-wp-style--right=\"state.thisImage.buttonRight\"\n\t\t\tdata-wp-style--top=\"state.thisImage.buttonTop\"\n\t\t>\n\t\t\t<svg xmlns=\"http:\/\/www.w3.org\/2000\/svg\" width=\"12\" height=\"12\" fill=\"none\" viewBox=\"0 0 12 12\">\n\t\t\t\t<path fill=\"#fff\" d=\"M2 0a2 2 0 0 0-2 2v2h1.5V2a.5.5 0 0 1 .5-.5h2V0H2Zm2 10.5H2a.5.5 0 0 1-.5-.5V8H0v2a2 2 0 0 0 2 2h2v-1.5ZM8 12v-1.5h2a.5.5 0 0 0 .5-.5V8H12v2a2 2 0 0 1-2 2H8Zm2-12a2 2 0 0 1 2 2v2h-1.5V2a.5.5 0 0 0-.5-.5H8V0h2Z\" \/>\n\t\t\t<\/svg>\n\t\t<\/button><figcaption class=\"wp-element-caption\">Vittoriosa e o Fort St Angelo no Grand Harbour (Foto: Karelj \/ Wikimedia Commons, CC BY-SA 3.0)<\/figcaption><\/figure>\n\n\n\n<p class=\"wp-block-paragraph\">Os viajantes recomendam n\u00e3o fazer o trajeto de Valletta de \u00f4nibus, e sim se deixar levar at\u00e9 a margem oposta num tradicional barquinho de madeira chamado dg\u0127ajsa. A travessia dura s\u00f3 alguns minutos e custa em geral cerca de dois euros, ou seja, uns R$ 12. \u00c9 s\u00f3 n\u00e3o esquecer de contratar um bom <a href=\"https:\/\/loudavymkrokem.cz\/jak-vybrat-cestovni-pojisteni-na-dovolenou\/\">seguro viagem<\/a>, porque s\u00e3o embarca\u00e7\u00f5es pequenas e a seguran\u00e7a vem sempre em primeiro lugar.<\/p>\n\n\n\n<h3 id=\"6_Sliema_a_St_Julian_s_promenada_nakupy_a_nocni_zivot\" class=\"wp-block-heading\"><span class=\"ez-toc-section\" id=\"6_Sliema_e_St_Julians_calcadao_compras_e_vida_noturna\"><\/span>6. Sliema e St Julian&#8217;s: cal\u00e7ad\u00e3o, compras e vida noturna<span class=\"ez-toc-section-end\"><\/span><\/h3>\n\n\n\n<p class=\"wp-block-paragraph\">Se voc\u00ea anseia por agito urbano moderno, shoppings e um amplo cal\u00e7ad\u00e3o \u00e0 beira-mar, esses dois bairros interligados com certeza n\u00e3o v\u00e3o te decepcionar. Enquanto a pitoresca enseada de Spinola Bay \u00e9 cheia de barquinhos coloridos e fotog\u00eanicos, o cal\u00e7ad\u00e3o costeiro oferece <strong>condi\u00e7\u00f5es ideais para caminhadas noturnas<\/strong> e os populares banhos direto dos molhes de concreto e das rochas.<\/p>\n\n\n\n<figure data-wp-context=\"{&quot;imageId&quot;:&quot;6a9c2ebc1bdc0&quot;}\" data-wp-interactive=\"core\/image\" data-wp-key=\"6a9c2ebc1bdc0\" class=\"wp-block-image size-full wp-lightbox-container\"><img decoding=\"async\" width=\"1500\" height=\"999\" data-wp-class--hide=\"state.isContentHidden\" data-wp-class--show=\"state.isContentVisible\" data-wp-init=\"callbacks.setButtonStyles\" data-wp-on--click=\"actions.showLightbox\" data-wp-on--load=\"callbacks.setButtonStyles\" data-wp-on--pointerdown=\"actions.preloadImage\" data-wp-on--pointerenter=\"actions.preloadImageWithDelay\" data-wp-on--pointerleave=\"actions.cancelPreload\" data-wp-on-window--resize=\"callbacks.setButtonStyles\" src=\"https:\/\/loudavymkrokem.cz\/wp-content\/uploads\/2026\/08\/dovolena-malta-t06.jpg\" alt=\"Spinola Bay em St Julian&#039;s\" class=\"wp-image-399672\" title=\"\" srcset=\"https:\/\/loudavymkrokem.cz\/wp-content\/uploads\/2026\/08\/dovolena-malta-t06.jpg 1500w, https:\/\/loudavymkrokem.cz\/wp-content\/uploads\/2026\/08\/dovolena-malta-t06-300x200.jpg 300w, https:\/\/loudavymkrokem.cz\/wp-content\/uploads\/2026\/08\/dovolena-malta-t06-700x466.jpg 700w, https:\/\/loudavymkrokem.cz\/wp-content\/uploads\/2026\/08\/dovolena-malta-t06-768x511.jpg 768w, https:\/\/loudavymkrokem.cz\/wp-content\/uploads\/2026\/08\/dovolena-malta-t06-696x464.jpg 696w, https:\/\/loudavymkrokem.cz\/wp-content\/uploads\/2026\/08\/dovolena-malta-t06-1392x927.jpg 1392w\" sizes=\"(max-width: 1500px) 100vw, 1500px\" \/><button\n\t\t\tclass=\"lightbox-trigger\"\n\t\t\ttype=\"button\"\n\t\t\taria-haspopup=\"dialog\"\n\t\t\tdata-wp-bind--aria-label=\"state.thisImage.triggerButtonAriaLabel\"\n\t\t\tdata-wp-init=\"callbacks.initTriggerButton\"\n\t\t\tdata-wp-on--click=\"actions.showLightbox\"\n\t\t\tdata-wp-style--right=\"state.thisImage.buttonRight\"\n\t\t\tdata-wp-style--top=\"state.thisImage.buttonTop\"\n\t\t>\n\t\t\t<svg xmlns=\"http:\/\/www.w3.org\/2000\/svg\" width=\"12\" height=\"12\" fill=\"none\" viewBox=\"0 0 12 12\">\n\t\t\t\t<path fill=\"#fff\" d=\"M2 0a2 2 0 0 0-2 2v2h1.5V2a.5.5 0 0 1 .5-.5h2V0H2Zm2 10.5H2a.5.5 0 0 1-.5-.5V8H0v2a2 2 0 0 0 2 2h2v-1.5ZM8 12v-1.5h2a.5.5 0 0 0 .5-.5V8H12v2a2 2 0 0 1-2 2H8Zm2-12a2 2 0 0 1 2 2v2h-1.5V2a.5.5 0 0 0-.5-.5H8V0h2Z\" \/>\n\t\t\t<\/svg>\n\t\t<\/button><figcaption class=\"wp-element-caption\">Spinola Bay em St Julian&#8217;s (Foto: This photo was taken by Anton Zelenov.\nPlease credit this wi \/ Wikimedia Commons, CC BY-SA 4.0)<\/figcaption><\/figure>\n\n\n\n<p class=\"wp-block-paragraph\">Os viajantes, por\u00e9m, avisam para tomar cuidado com a \u00e1rea de Paceville, no bairro de St Julian&#8217;s, que funciona como uma \u00fanica e enorme zona de festa muito barulhenta. Se voc\u00ea n\u00e3o est\u00e1 justamente \u00e0 procura de baladas noturnas e bares baratos cheios de estudantes de escolas de idiomas, <strong>\u00e9 melhor dar uma volta bem longe desse lugar \u00e0 noite<\/strong> e se hospedar em alguma parte mais tranquila da ilha \ud83d\ude05.<\/p>\n\n\n\n<h3 id=\"7_Mdina_Tiche_mesto_za_hradbami\" class=\"wp-block-heading\"><span class=\"ez-toc-section\" id=\"7_Mdina_a_Cidade_Silenciosa_por_tras_das_muralhas\"><\/span>7. Mdina: a Cidade Silenciosa por tr\u00e1s das muralhas<span class=\"ez-toc-section-end\"><\/span><\/h3>\n\n\n\n<p class=\"wp-block-paragraph\">A antiga capital fica bem escondida por tr\u00e1s de altas muralhas, no centro da ilha, e por causa da sua atmosfera \u00fanica ganhou com toda raz\u00e3o o apelido de Cidade Silenciosa. Os f\u00e3s de s\u00e9ries certamente v\u00e3o reconhecer a majestosa portaria principal, a Mdina Gate, porque aqui foram <strong>gravadas cenas da famosa Game of Thrones<\/strong>, mas todos os visitantes se encantam com o emaranhado de ruelas estreitas de pedra aren\u00edtica.<\/p>\n\n\n\n<figure data-wp-context=\"{&quot;imageId&quot;:&quot;6a9c2ebc1c25e&quot;}\" data-wp-interactive=\"core\/image\" data-wp-key=\"6a9c2ebc1c25e\" class=\"wp-block-image size-full wp-lightbox-container\"><img decoding=\"async\" width=\"1500\" height=\"1125\" data-wp-class--hide=\"state.isContentHidden\" data-wp-class--show=\"state.isContentVisible\" data-wp-init=\"callbacks.setButtonStyles\" data-wp-on--click=\"actions.showLightbox\" data-wp-on--load=\"callbacks.setButtonStyles\" data-wp-on--pointerdown=\"actions.preloadImage\" data-wp-on--pointerenter=\"actions.preloadImageWithDelay\" data-wp-on--pointerleave=\"actions.cancelPreload\" data-wp-on-window--resize=\"callbacks.setButtonStyles\" src=\"https:\/\/loudavymkrokem.cz\/wp-content\/uploads\/2026\/08\/dovolena-malta-t07.jpg\" alt=\"Portaria de Mdina, a Cidade Silenciosa\" class=\"wp-image-399675\" title=\"\" srcset=\"https:\/\/loudavymkrokem.cz\/wp-content\/uploads\/2026\/08\/dovolena-malta-t07.jpg 1500w, https:\/\/loudavymkrokem.cz\/wp-content\/uploads\/2026\/08\/dovolena-malta-t07-300x225.jpg 300w, https:\/\/loudavymkrokem.cz\/wp-content\/uploads\/2026\/08\/dovolena-malta-t07-700x525.jpg 700w, https:\/\/loudavymkrokem.cz\/wp-content\/uploads\/2026\/08\/dovolena-malta-t07-768x576.jpg 768w, https:\/\/loudavymkrokem.cz\/wp-content\/uploads\/2026\/08\/dovolena-malta-t07-80x60.jpg 80w, https:\/\/loudavymkrokem.cz\/wp-content\/uploads\/2026\/08\/dovolena-malta-t07-160x120.jpg 160w, https:\/\/loudavymkrokem.cz\/wp-content\/uploads\/2026\/08\/dovolena-malta-t07-696x522.jpg 696w, https:\/\/loudavymkrokem.cz\/wp-content\/uploads\/2026\/08\/dovolena-malta-t07-1392x1044.jpg 1392w\" sizes=\"(max-width: 1500px) 100vw, 1500px\" \/><button\n\t\t\tclass=\"lightbox-trigger\"\n\t\t\ttype=\"button\"\n\t\t\taria-haspopup=\"dialog\"\n\t\t\tdata-wp-bind--aria-label=\"state.thisImage.triggerButtonAriaLabel\"\n\t\t\tdata-wp-init=\"callbacks.initTriggerButton\"\n\t\t\tdata-wp-on--click=\"actions.showLightbox\"\n\t\t\tdata-wp-style--right=\"state.thisImage.buttonRight\"\n\t\t\tdata-wp-style--top=\"state.thisImage.buttonTop\"\n\t\t>\n\t\t\t<svg xmlns=\"http:\/\/www.w3.org\/2000\/svg\" width=\"12\" height=\"12\" fill=\"none\" viewBox=\"0 0 12 12\">\n\t\t\t\t<path fill=\"#fff\" d=\"M2 0a2 2 0 0 0-2 2v2h1.5V2a.5.5 0 0 1 .5-.5h2V0H2Zm2 10.5H2a.5.5 0 0 1-.5-.5V8H0v2a2 2 0 0 0 2 2h2v-1.5ZM8 12v-1.5h2a.5.5 0 0 0 .5-.5V8H12v2a2 2 0 0 1-2 2H8Zm2-12a2 2 0 0 1 2 2v2h-1.5V2a.5.5 0 0 0-.5-.5H8V0h2Z\" \/>\n\t\t\t<\/svg>\n\t\t<\/button><figcaption class=\"wp-element-caption\">Portaria de Mdina, a Cidade Silenciosa (Foto: Simontabone \/ Wikimedia Commons, CC BY-SA 4.0)<\/figcaption><\/figure>\n\n\n\n<p class=\"wp-block-paragraph\">Durante o dia costuma ter bastante movimento dentro das muralhas, por isso o recomend\u00e1vel \u00e9 chegar para a visita j\u00e1 no fim da tarde, quando a maioria das excurs\u00f5es organizadas volta para o mar. Depois de escurecer, as ruas hist\u00f3ricas ficam quase desertas, as l\u00e2mpadas projetam sombras longas e, dizem, s\u00f3 nesse momento voc\u00ea <strong>entende perfeitamente por que Mdina merece de verdade o seu nome silencioso<\/strong>.<\/p>\n\n\n\n<h3 id=\"8_Rabat_a_katakomby_svateho_Pavla\" class=\"wp-block-heading\"><span class=\"ez-toc-section\" id=\"8_Rabat_e_as_catacumbas_de_Sao_Paulo\"><\/span>8. Rabat e as catacumbas de S\u00e3o Paulo<span class=\"ez-toc-section-end\"><\/span><\/h3>\n\n\n\n<p class=\"wp-block-paragraph\">Logo depois das muralhas de Mdina, a cidadezinha vizinha de Rabat d\u00e1 continuidade de forma harmoniosa e esconde, sob suas ruas, um <strong>fascinante e extenso cemit\u00e9rio subterr\u00e2neo paleocrist\u00e3o<\/strong>. \u00c9 justamente aqui que voc\u00ea pode explorar com seguran\u00e7a as catacumbas escuras, onde antigamente se enterravam os mortos, e espiar a venerada gruta de S\u00e3o Paulo, na qual, dizem, este ap\u00f3stolo teria ficado ap\u00f3s o seu suposto naufr\u00e1gio.<\/p>\n\n\n\n<figure data-wp-context=\"{&quot;imageId&quot;:&quot;6a9c2ebc1c6e2&quot;}\" data-wp-interactive=\"core\/image\" data-wp-key=\"6a9c2ebc1c6e2\" class=\"wp-block-image size-full wp-lightbox-container\"><img decoding=\"async\" width=\"1500\" height=\"1149\" data-wp-class--hide=\"state.isContentHidden\" data-wp-class--show=\"state.isContentVisible\" data-wp-init=\"callbacks.setButtonStyles\" data-wp-on--click=\"actions.showLightbox\" data-wp-on--load=\"callbacks.setButtonStyles\" data-wp-on--pointerdown=\"actions.preloadImage\" data-wp-on--pointerenter=\"actions.preloadImageWithDelay\" data-wp-on--pointerleave=\"actions.cancelPreload\" data-wp-on-window--resize=\"callbacks.setButtonStyles\" src=\"https:\/\/loudavymkrokem.cz\/wp-content\/uploads\/2026\/08\/dovolena-malta-t08.jpg\" alt=\"Catacumbas de S\u00e3o Paulo em Rabat\" class=\"wp-image-399680\" title=\"\" srcset=\"https:\/\/loudavymkrokem.cz\/wp-content\/uploads\/2026\/08\/dovolena-malta-t08.jpg 1500w, https:\/\/loudavymkrokem.cz\/wp-content\/uploads\/2026\/08\/dovolena-malta-t08-300x230.jpg 300w, https:\/\/loudavymkrokem.cz\/wp-content\/uploads\/2026\/08\/dovolena-malta-t08-700x536.jpg 700w, https:\/\/loudavymkrokem.cz\/wp-content\/uploads\/2026\/08\/dovolena-malta-t08-768x588.jpg 768w, https:\/\/loudavymkrokem.cz\/wp-content\/uploads\/2026\/08\/dovolena-malta-t08-80x60.jpg 80w, https:\/\/loudavymkrokem.cz\/wp-content\/uploads\/2026\/08\/dovolena-malta-t08-696x533.jpg 696w, https:\/\/loudavymkrokem.cz\/wp-content\/uploads\/2026\/08\/dovolena-malta-t08-1392x1066.jpg 1392w\" sizes=\"(max-width: 1500px) 100vw, 1500px\" \/><button\n\t\t\tclass=\"lightbox-trigger\"\n\t\t\ttype=\"button\"\n\t\t\taria-haspopup=\"dialog\"\n\t\t\tdata-wp-bind--aria-label=\"state.thisImage.triggerButtonAriaLabel\"\n\t\t\tdata-wp-init=\"callbacks.initTriggerButton\"\n\t\t\tdata-wp-on--click=\"actions.showLightbox\"\n\t\t\tdata-wp-style--right=\"state.thisImage.buttonRight\"\n\t\t\tdata-wp-style--top=\"state.thisImage.buttonTop\"\n\t\t>\n\t\t\t<svg xmlns=\"http:\/\/www.w3.org\/2000\/svg\" width=\"12\" height=\"12\" fill=\"none\" viewBox=\"0 0 12 12\">\n\t\t\t\t<path fill=\"#fff\" d=\"M2 0a2 2 0 0 0-2 2v2h1.5V2a.5.5 0 0 1 .5-.5h2V0H2Zm2 10.5H2a.5.5 0 0 1-.5-.5V8H0v2a2 2 0 0 0 2 2h2v-1.5ZM8 12v-1.5h2a.5.5 0 0 0 .5-.5V8H12v2a2 2 0 0 1-2 2H8Zm2-12a2 2 0 0 1 2 2v2h-1.5V2a.5.5 0 0 0-.5-.5H8V0h2Z\" \/>\n\t\t\t<\/svg>\n\t\t<\/button><figcaption class=\"wp-element-caption\">Catacumbas de S\u00e3o Paulo em Rabat (Foto: Diego Delso \/ Wikimedia Commons, CC BY-SA 4.0)<\/figcaption><\/figure>\n\n\n\n<p class=\"wp-block-paragraph\">A visita aos labir\u00ednticos corredores subterr\u00e2neos leva pelo menos uma hora, e \u00e9 bom saber que l\u00e1 embaixo costuma fazer bastante frio, ent\u00e3o um casaquinho leve vai te ser \u00fatil. \u00c9 melhor <strong>sempre conferir os hor\u00e1rios de funcionamento com anteced\u00eancia no site oficial<\/strong>, porque podem mudar de acordo com a temporada, e alguns trechos n\u00e3o t\u00eam um acesso muito f\u00e1cil para pessoas com mobilidade reduzida.<\/p>\n\n\n\n<h3 id=\"9_Rotunda_v_Moste_a_pribeh_bomby\" class=\"wp-block-heading\"><span class=\"ez-toc-section\" id=\"9_A_Rotunda_de_Mosta_e_a_historia_da_bomba\"><\/span>9. A Rotunda de Mosta e a hist\u00f3ria da bomba<span class=\"ez-toc-section-end\"><\/span><\/h3>\n\n\n\n<p class=\"wp-block-paragraph\">A igreja monumental da cidadezinha de Mosta ostenta uma das maiores c\u00fapulas sem apoio de toda a Europa e j\u00e1 de longe forma um marco inconfund\u00edvel de toda a ilha. Mas n\u00e3o se trata apenas de uma arquitetura impressionante, porque a este lugar est\u00e1 ligada uma <strong>hist\u00f3ria quase inacredit\u00e1vel da Segunda Guerra Mundial<\/strong>, que o transformou num dos pontos mais procurados de Malta.<\/p>\n\n\n\n<figure data-wp-context=\"{&quot;imageId&quot;:&quot;6a9c2ebc1cb5c&quot;}\" data-wp-interactive=\"core\/image\" data-wp-key=\"6a9c2ebc1cb5c\" class=\"wp-block-image size-full wp-lightbox-container\"><img decoding=\"async\" width=\"1500\" height=\"998\" data-wp-class--hide=\"state.isContentHidden\" data-wp-class--show=\"state.isContentVisible\" data-wp-init=\"callbacks.setButtonStyles\" data-wp-on--click=\"actions.showLightbox\" data-wp-on--load=\"callbacks.setButtonStyles\" data-wp-on--pointerdown=\"actions.preloadImage\" data-wp-on--pointerenter=\"actions.preloadImageWithDelay\" data-wp-on--pointerleave=\"actions.cancelPreload\" data-wp-on-window--resize=\"callbacks.setButtonStyles\" src=\"https:\/\/loudavymkrokem.cz\/wp-content\/uploads\/2026\/08\/dovolena-malta-t09.jpg\" alt=\"A Rotunda de Mosta com a c\u00fapula gigante\" class=\"wp-image-399687\" title=\"\" srcset=\"https:\/\/loudavymkrokem.cz\/wp-content\/uploads\/2026\/08\/dovolena-malta-t09.jpg 1500w, https:\/\/loudavymkrokem.cz\/wp-content\/uploads\/2026\/08\/dovolena-malta-t09-300x200.jpg 300w, https:\/\/loudavymkrokem.cz\/wp-content\/uploads\/2026\/08\/dovolena-malta-t09-700x466.jpg 700w, https:\/\/loudavymkrokem.cz\/wp-content\/uploads\/2026\/08\/dovolena-malta-t09-768x511.jpg 768w, https:\/\/loudavymkrokem.cz\/wp-content\/uploads\/2026\/08\/dovolena-malta-t09-696x463.jpg 696w, https:\/\/loudavymkrokem.cz\/wp-content\/uploads\/2026\/08\/dovolena-malta-t09-1392x926.jpg 1392w\" sizes=\"(max-width: 1500px) 100vw, 1500px\" \/><button\n\t\t\tclass=\"lightbox-trigger\"\n\t\t\ttype=\"button\"\n\t\t\taria-haspopup=\"dialog\"\n\t\t\tdata-wp-bind--aria-label=\"state.thisImage.triggerButtonAriaLabel\"\n\t\t\tdata-wp-init=\"callbacks.initTriggerButton\"\n\t\t\tdata-wp-on--click=\"actions.showLightbox\"\n\t\t\tdata-wp-style--right=\"state.thisImage.buttonRight\"\n\t\t\tdata-wp-style--top=\"state.thisImage.buttonTop\"\n\t\t>\n\t\t\t<svg xmlns=\"http:\/\/www.w3.org\/2000\/svg\" width=\"12\" height=\"12\" fill=\"none\" viewBox=\"0 0 12 12\">\n\t\t\t\t<path fill=\"#fff\" d=\"M2 0a2 2 0 0 0-2 2v2h1.5V2a.5.5 0 0 1 .5-.5h2V0H2Zm2 10.5H2a.5.5 0 0 1-.5-.5V8H0v2a2 2 0 0 0 2 2h2v-1.5ZM8 12v-1.5h2a.5.5 0 0 0 .5-.5V8H12v2a2 2 0 0 1-2 2H8Zm2-12a2 2 0 0 1 2 2v2h-1.5V2a.5.5 0 0 0-.5-.5H8V0h2Z\" \/>\n\t\t\t<\/svg>\n\t\t<\/button><figcaption class=\"wp-element-caption\">A Rotunda de Mosta com a c\u00fapula gigante (Foto: Mstyslav Chernov \/ Wikimedia Commons, CC BY-SA 3.0)<\/figcaption><\/figure>\n\n\n\n<p class=\"wp-block-paragraph\">Em abril de 1942, durante uma missa, uma bomba a\u00e9rea alem\u00e3 perfurou a enorme c\u00fapula, caiu bem no meio da igreja lotada, mas, como que por milagre, n\u00e3o explodiu. Hoje voc\u00ea pode ver l\u00e1 dentro uma <strong>r\u00e9plica exata dessa famosa bomba<\/strong>, e os moradores acreditam firmemente at\u00e9 hoje que, naquele dia, sobre as trezentas pessoas presentes, simplesmente estavam todos os santos.<\/p>\n\n\n\n<h3 id=\"10_Dingli_Cliffs_utesy_nad_zapadnim_pobrezim\" class=\"wp-block-heading\"><span class=\"ez-toc-section\" id=\"10_Dingli_Cliffs_falesias_sobre_a_costa_oeste\"><\/span>10. Dingli Cliffs: fal\u00e9sias sobre a costa oeste<span class=\"ez-toc-section-end\"><\/span><\/h3>\n\n\n\n<p class=\"wp-block-paragraph\">Para os amantes da natureza e das vistas dram\u00e1ticas, estas imponentes fal\u00e9sias da costa oeste s\u00e3o uma parada obrigat\u00f3ria, porque formam o ponto mais alto de todo o arquip\u00e9lago. As paredes de calc\u00e1rio caem a pique diretamente no mar e, segundo a experi\u00eancia de outros viajantes, aqui voc\u00ea vive <strong>a caminhada mais bonita e tranquila<\/strong>, acompanhado apenas pelo som do vento e da rebenta\u00e7\u00e3o.<\/p>\n\n\n\n<figure data-wp-context=\"{&quot;imageId&quot;:&quot;6a9c2ebc1d12d&quot;}\" data-wp-interactive=\"core\/image\" data-wp-key=\"6a9c2ebc1d12d\" class=\"wp-block-image size-full wp-lightbox-container\"><img decoding=\"async\" width=\"1500\" height=\"1042\" data-wp-class--hide=\"state.isContentHidden\" data-wp-class--show=\"state.isContentVisible\" data-wp-init=\"callbacks.setButtonStyles\" data-wp-on--click=\"actions.showLightbox\" data-wp-on--load=\"callbacks.setButtonStyles\" data-wp-on--pointerdown=\"actions.preloadImage\" data-wp-on--pointerenter=\"actions.preloadImageWithDelay\" data-wp-on--pointerleave=\"actions.cancelPreload\" data-wp-on-window--resize=\"callbacks.setButtonStyles\" src=\"https:\/\/loudavymkrokem.cz\/wp-content\/uploads\/2026\/08\/dovolena-malta-t10.jpg\" alt=\"Fal\u00e9sias de Dingli na costa oeste\" class=\"wp-image-399692\" title=\"\" srcset=\"https:\/\/loudavymkrokem.cz\/wp-content\/uploads\/2026\/08\/dovolena-malta-t10.jpg 1500w, https:\/\/loudavymkrokem.cz\/wp-content\/uploads\/2026\/08\/dovolena-malta-t10-300x208.jpg 300w, https:\/\/loudavymkrokem.cz\/wp-content\/uploads\/2026\/08\/dovolena-malta-t10-700x486.jpg 700w, https:\/\/loudavymkrokem.cz\/wp-content\/uploads\/2026\/08\/dovolena-malta-t10-768x534.jpg 768w, https:\/\/loudavymkrokem.cz\/wp-content\/uploads\/2026\/08\/dovolena-malta-t10-696x483.jpg 696w, https:\/\/loudavymkrokem.cz\/wp-content\/uploads\/2026\/08\/dovolena-malta-t10-1392x967.jpg 1392w\" sizes=\"(max-width: 1500px) 100vw, 1500px\" \/><button\n\t\t\tclass=\"lightbox-trigger\"\n\t\t\ttype=\"button\"\n\t\t\taria-haspopup=\"dialog\"\n\t\t\tdata-wp-bind--aria-label=\"state.thisImage.triggerButtonAriaLabel\"\n\t\t\tdata-wp-init=\"callbacks.initTriggerButton\"\n\t\t\tdata-wp-on--click=\"actions.showLightbox\"\n\t\t\tdata-wp-style--right=\"state.thisImage.buttonRight\"\n\t\t\tdata-wp-style--top=\"state.thisImage.buttonTop\"\n\t\t>\n\t\t\t<svg xmlns=\"http:\/\/www.w3.org\/2000\/svg\" width=\"12\" height=\"12\" fill=\"none\" viewBox=\"0 0 12 12\">\n\t\t\t\t<path fill=\"#fff\" d=\"M2 0a2 2 0 0 0-2 2v2h1.5V2a.5.5 0 0 1 .5-.5h2V0H2Zm2 10.5H2a.5.5 0 0 1-.5-.5V8H0v2a2 2 0 0 0 2 2h2v-1.5ZM8 12v-1.5h2a.5.5 0 0 0 .5-.5V8H12v2a2 2 0 0 1-2 2H8Zm2-12a2 2 0 0 1 2 2v2h-1.5V2a.5.5 0 0 0-.5-.5H8V0h2Z\" \/>\n\t\t\t<\/svg>\n\t\t<\/button><figcaption class=\"wp-element-caption\">Fal\u00e9sias de Dingli na costa oeste (Foto: Felix K\u00f6nig \/ Wikimedia Commons, CC BY 3.0)<\/figcaption><\/figure>\n\n\n\n<p class=\"wp-block-paragraph\">As fal\u00e9sias s\u00e3o, logicamente, mais encantadoras no fim da tarde, quando os fot\u00f3grafos aparecem para capturar as melhores fotos do p\u00f4r do sol. Para chegar aqui, basta pegar o \u00f4nibus, mas lembre que <strong>da parada voc\u00ea precisa caminhar um trecho a p\u00e9<\/strong>, ent\u00e3o um sapato confort\u00e1vel \u00e9 uma escolha bem melhor do que aquele chinelo fininho de praia.<\/p>\n\n\n\n<h3 id=\"11_Mosta_Naxxar_a_Palazzo_Parisio\" class=\"wp-block-heading\"><span class=\"ez-toc-section\" id=\"11_Mosta_Naxxar_e_o_Palazzo_Parisio\"><\/span>11. Mosta, Naxxar e o Palazzo Parisio<span class=\"ez-toc-section-end\"><\/span><\/h3>\n\n\n\n<p class=\"wp-block-paragraph\">Quando estiver explorando o centro da ilha, em torno da cidadezinha de Mosta, n\u00e3o deixe de passar pela aldeia vizinha de Naxxar, onde fica uma resid\u00eancia aristocr\u00e1tica absolutamente deslumbrante. O pal\u00e1cio Palazzo Parisio ganhou entre os turistas o <strong>apelido de pequeno Versailles malt\u00eas<\/strong>, sobretudo gra\u00e7as ao seu interior ricamente decorado e ao bel\u00edssimo jardim bem cuidado.<\/p>\n\n\n\n<figure data-wp-context=\"{&quot;imageId&quot;:&quot;6a9c2ebc1d691&quot;}\" data-wp-interactive=\"core\/image\" data-wp-key=\"6a9c2ebc1d691\" class=\"wp-block-image size-full wp-lightbox-container\"><img decoding=\"async\" width=\"1500\" height=\"1120\" data-wp-class--hide=\"state.isContentHidden\" data-wp-class--show=\"state.isContentVisible\" data-wp-init=\"callbacks.setButtonStyles\" data-wp-on--click=\"actions.showLightbox\" data-wp-on--load=\"callbacks.setButtonStyles\" data-wp-on--pointerdown=\"actions.preloadImage\" data-wp-on--pointerenter=\"actions.preloadImageWithDelay\" data-wp-on--pointerleave=\"actions.cancelPreload\" data-wp-on-window--resize=\"callbacks.setButtonStyles\" src=\"https:\/\/loudavymkrokem.cz\/wp-content\/uploads\/2026\/08\/dovolena-malta-t11.jpg\" alt=\"Jardim do Palazzo Parisio em Naxxar\" class=\"wp-image-399698\" title=\"\" srcset=\"https:\/\/loudavymkrokem.cz\/wp-content\/uploads\/2026\/08\/dovolena-malta-t11.jpg 1500w, https:\/\/loudavymkrokem.cz\/wp-content\/uploads\/2026\/08\/dovolena-malta-t11-300x224.jpg 300w, https:\/\/loudavymkrokem.cz\/wp-content\/uploads\/2026\/08\/dovolena-malta-t11-700x523.jpg 700w, https:\/\/loudavymkrokem.cz\/wp-content\/uploads\/2026\/08\/dovolena-malta-t11-768x573.jpg 768w, https:\/\/loudavymkrokem.cz\/wp-content\/uploads\/2026\/08\/dovolena-malta-t11-80x60.jpg 80w, https:\/\/loudavymkrokem.cz\/wp-content\/uploads\/2026\/08\/dovolena-malta-t11-160x120.jpg 160w, https:\/\/loudavymkrokem.cz\/wp-content\/uploads\/2026\/08\/dovolena-malta-t11-696x520.jpg 696w, https:\/\/loudavymkrokem.cz\/wp-content\/uploads\/2026\/08\/dovolena-malta-t11-1392x1039.jpg 1392w\" sizes=\"(max-width: 1500px) 100vw, 1500px\" \/><button\n\t\t\tclass=\"lightbox-trigger\"\n\t\t\ttype=\"button\"\n\t\t\taria-haspopup=\"dialog\"\n\t\t\tdata-wp-bind--aria-label=\"state.thisImage.triggerButtonAriaLabel\"\n\t\t\tdata-wp-init=\"callbacks.initTriggerButton\"\n\t\t\tdata-wp-on--click=\"actions.showLightbox\"\n\t\t\tdata-wp-style--right=\"state.thisImage.buttonRight\"\n\t\t\tdata-wp-style--top=\"state.thisImage.buttonTop\"\n\t\t>\n\t\t\t<svg xmlns=\"http:\/\/www.w3.org\/2000\/svg\" width=\"12\" height=\"12\" fill=\"none\" viewBox=\"0 0 12 12\">\n\t\t\t\t<path fill=\"#fff\" d=\"M2 0a2 2 0 0 0-2 2v2h1.5V2a.5.5 0 0 1 .5-.5h2V0H2Zm2 10.5H2a.5.5 0 0 1-.5-.5V8H0v2a2 2 0 0 0 2 2h2v-1.5ZM8 12v-1.5h2a.5.5 0 0 0 .5-.5V8H12v2a2 2 0 0 1-2 2H8Zm2-12a2 2 0 0 1 2 2v2h-1.5V2a.5.5 0 0 0-.5-.5H8V0h2Z\" \/>\n\t\t\t<\/svg>\n\t\t<\/button><figcaption class=\"wp-element-caption\">Jardim do Palazzo Parisio em Naxxar (Foto: Continentaleurope \/ Wikimedia Commons, CC BY-SA 3.0)<\/figcaption><\/figure>\n\n\n\n<p class=\"wp-block-paragraph\">A entrada se paga no port\u00e3o principal e, dizem, a visita encanta todo amante da opulenta arquitetura barroca. Depois de passear pelo pal\u00e1cio, voc\u00ea ainda pode se dar um pequeno mimo e <strong>parar para um caf\u00e9 ou um ch\u00e1 direto nos jardins do pal\u00e1cio<\/strong>, o que, segundo as avalia\u00e7\u00f5es, \u00e9 um fecho incrivelmente rom\u00e2ntico para o dia.<\/p>\n\n\n\n<h3 id=\"12_Ta_Qali_a_remeslna_vesnice\" class=\"wp-block-heading\"><span class=\"ez-toc-section\" id=\"12_Ta_Qali_e_a_aldeia_de_artesanato\"><\/span>12. Ta&#8217; Qali e a aldeia de artesanato<span class=\"ez-toc-section-end\"><\/span><\/h3>\n\n\n\n<p class=\"wp-block-paragraph\">Um antigo aer\u00f3dromo militar aos poucos se transformou num parque extenso, cuja principal atra\u00e7\u00e3o \u00e9 uma popular\u00edssima aldeia de artesanato, aonde as pessoas v\u00e3o principalmente atr\u00e1s de produtos locais. Se voc\u00ea quer trazer das f\u00e9rias <strong>lembran\u00e7as de qualidade que n\u00e3o v\u00eam da China<\/strong>, aqui encontra oficinas cheias de tradicional vidro soprado \u00e0 m\u00e3o e de delicado filigrana de prata.<\/p>\n\n\n\n<figure data-wp-context=\"{&quot;imageId&quot;:&quot;6a9c2ebc1db87&quot;}\" data-wp-interactive=\"core\/image\" data-wp-key=\"6a9c2ebc1db87\" class=\"wp-block-image size-full wp-lightbox-container\"><img decoding=\"async\" width=\"1500\" height=\"1000\" data-wp-class--hide=\"state.isContentHidden\" data-wp-class--show=\"state.isContentVisible\" data-wp-init=\"callbacks.setButtonStyles\" data-wp-on--click=\"actions.showLightbox\" data-wp-on--load=\"callbacks.setButtonStyles\" data-wp-on--pointerdown=\"actions.preloadImage\" data-wp-on--pointerenter=\"actions.preloadImageWithDelay\" data-wp-on--pointerleave=\"actions.cancelPreload\" data-wp-on-window--resize=\"callbacks.setButtonStyles\" src=\"https:\/\/loudavymkrokem.cz\/wp-content\/uploads\/2026\/08\/dovolena-malta-t12.jpg\" alt=\"Fabrica\u00e7\u00e3o artesanal de vidro em Malta\" class=\"wp-image-399751\" title=\"\" srcset=\"https:\/\/loudavymkrokem.cz\/wp-content\/uploads\/2026\/08\/dovolena-malta-t12.jpg 1500w, https:\/\/loudavymkrokem.cz\/wp-content\/uploads\/2026\/08\/dovolena-malta-t12-300x200.jpg 300w, https:\/\/loudavymkrokem.cz\/wp-content\/uploads\/2026\/08\/dovolena-malta-t12-700x467.jpg 700w, https:\/\/loudavymkrokem.cz\/wp-content\/uploads\/2026\/08\/dovolena-malta-t12-768x512.jpg 768w, https:\/\/loudavymkrokem.cz\/wp-content\/uploads\/2026\/08\/dovolena-malta-t12-696x464.jpg 696w, https:\/\/loudavymkrokem.cz\/wp-content\/uploads\/2026\/08\/dovolena-malta-t12-1392x928.jpg 1392w\" sizes=\"(max-width: 1500px) 100vw, 1500px\" \/><button\n\t\t\tclass=\"lightbox-trigger\"\n\t\t\ttype=\"button\"\n\t\t\taria-haspopup=\"dialog\"\n\t\t\tdata-wp-bind--aria-label=\"state.thisImage.triggerButtonAriaLabel\"\n\t\t\tdata-wp-init=\"callbacks.initTriggerButton\"\n\t\t\tdata-wp-on--click=\"actions.showLightbox\"\n\t\t\tdata-wp-style--right=\"state.thisImage.buttonRight\"\n\t\t\tdata-wp-style--top=\"state.thisImage.buttonTop\"\n\t\t>\n\t\t\t<svg xmlns=\"http:\/\/www.w3.org\/2000\/svg\" width=\"12\" height=\"12\" fill=\"none\" viewBox=\"0 0 12 12\">\n\t\t\t\t<path fill=\"#fff\" d=\"M2 0a2 2 0 0 0-2 2v2h1.5V2a.5.5 0 0 1 .5-.5h2V0H2Zm2 10.5H2a.5.5 0 0 1-.5-.5V8H0v2a2 2 0 0 0 2 2h2v-1.5ZM8 12v-1.5h2a.5.5 0 0 0 .5-.5V8H12v2a2 2 0 0 1-2 2H8Zm2-12a2 2 0 0 1 2 2v2h-1.5V2a.5.5 0 0 0-.5-.5H8V0h2Z\" \/>\n\t\t\t<\/svg>\n\t\t<\/button><figcaption class=\"wp-element-caption\">Fabrica\u00e7\u00e3o artesanal de vidro em Malta (Foto: Noport \/ Wikimedia Commons, CC BY-SA 4.0)<\/figcaption><\/figure>\n\n\n\n<p class=\"wp-block-paragraph\">Em muitas oficinas voc\u00ea ainda pode observar os mestres vidreiros bem de perto e acompanhar como essas pe\u00e7as delicadas nascem bem na sua frente. O melhor \u00e9 planejar a visita para o per\u00edodo da manh\u00e3 em dias de semana, porque <strong>nos fins de semana a maioria das manufaturas costuma estar fechada<\/strong>, algo que muitos turistas desavisados acabam pagando por engano.<\/p>\n\n\n\n<h3 id=\"13_Marsaxlokk_rybarska_vesnice_s_barevnymi_lodkami\" class=\"wp-block-heading\"><span class=\"ez-toc-section\" id=\"13_Marsaxlokk_vila_de_pescadores_com_barquinhos_coloridos\"><\/span>13. Marsaxlokk: vila de pescadores com barquinhos coloridos<span class=\"ez-toc-section-end\"><\/span><\/h3>\n\n\n\n<p class=\"wp-block-paragraph\">Esta vila de pescadores incrivelmente fotog\u00eanica, no sul da ilha, atrai principalmente pela enseada cheia dos tradicionais barcos multicoloridos chamados luzzu. Na proa deles voc\u00ea sempre encontra o <strong>m\u00e1gico Olho de Os\u00edris pintado<\/strong>, que deve proteger os pescadores dos perigos do mar e que forma talvez a imagem mais t\u00edpica de Malta.<\/p>\n\n\n\n<figure data-wp-context=\"{&quot;imageId&quot;:&quot;6a9c2ebc1e0ac&quot;}\" data-wp-interactive=\"core\/image\" data-wp-key=\"6a9c2ebc1e0ac\" class=\"wp-block-image size-full wp-lightbox-container\"><img decoding=\"async\" width=\"1500\" height=\"1000\" data-wp-class--hide=\"state.isContentHidden\" data-wp-class--show=\"state.isContentVisible\" data-wp-init=\"callbacks.setButtonStyles\" data-wp-on--click=\"actions.showLightbox\" data-wp-on--load=\"callbacks.setButtonStyles\" data-wp-on--pointerdown=\"actions.preloadImage\" data-wp-on--pointerenter=\"actions.preloadImageWithDelay\" data-wp-on--pointerleave=\"actions.cancelPreload\" data-wp-on-window--resize=\"callbacks.setButtonStyles\" src=\"https:\/\/loudavymkrokem.cz\/wp-content\/uploads\/2026\/08\/dovolena-malta-t13.jpg\" alt=\"Barquinhos luzzu coloridos em Marsaxlokk\" class=\"wp-image-399704\" title=\"\" srcset=\"https:\/\/loudavymkrokem.cz\/wp-content\/uploads\/2026\/08\/dovolena-malta-t13.jpg 1500w, https:\/\/loudavymkrokem.cz\/wp-content\/uploads\/2026\/08\/dovolena-malta-t13-300x200.jpg 300w, https:\/\/loudavymkrokem.cz\/wp-content\/uploads\/2026\/08\/dovolena-malta-t13-700x467.jpg 700w, https:\/\/loudavymkrokem.cz\/wp-content\/uploads\/2026\/08\/dovolena-malta-t13-768x512.jpg 768w, https:\/\/loudavymkrokem.cz\/wp-content\/uploads\/2026\/08\/dovolena-malta-t13-696x464.jpg 696w, https:\/\/loudavymkrokem.cz\/wp-content\/uploads\/2026\/08\/dovolena-malta-t13-1392x928.jpg 1392w\" sizes=\"(max-width: 1500px) 100vw, 1500px\" \/><button\n\t\t\tclass=\"lightbox-trigger\"\n\t\t\ttype=\"button\"\n\t\t\taria-haspopup=\"dialog\"\n\t\t\tdata-wp-bind--aria-label=\"state.thisImage.triggerButtonAriaLabel\"\n\t\t\tdata-wp-init=\"callbacks.initTriggerButton\"\n\t\t\tdata-wp-on--click=\"actions.showLightbox\"\n\t\t\tdata-wp-style--right=\"state.thisImage.buttonRight\"\n\t\t\tdata-wp-style--top=\"state.thisImage.buttonTop\"\n\t\t>\n\t\t\t<svg xmlns=\"http:\/\/www.w3.org\/2000\/svg\" width=\"12\" height=\"12\" fill=\"none\" viewBox=\"0 0 12 12\">\n\t\t\t\t<path fill=\"#fff\" d=\"M2 0a2 2 0 0 0-2 2v2h1.5V2a.5.5 0 0 1 .5-.5h2V0H2Zm2 10.5H2a.5.5 0 0 1-.5-.5V8H0v2a2 2 0 0 0 2 2h2v-1.5ZM8 12v-1.5h2a.5.5 0 0 0 .5-.5V8H12v2a2 2 0 0 1-2 2H8Zm2-12a2 2 0 0 1 2 2v2h-1.5V2a.5.5 0 0 0-.5-.5H8V0h2Z\" \/>\n\t\t\t<\/svg>\n\t\t<\/button><figcaption class=\"wp-element-caption\">Barquinhos luzzu coloridos em Marsaxlokk (Foto: Vlad beu \/ Wikimedia Commons, Public domain)<\/figcaption><\/figure>\n\n\n\n<p class=\"wp-block-paragraph\">Os turistas costumam vir aqui principalmente para o enorme mercado de domingo, mas preciso te avisar com sinceridade que se trata, na maior parte, de um mercado de peixe. Ent\u00e3o, para n\u00f3s, vegetarianos, \u00e9 mais uma atra\u00e7\u00e3o cultural do que uma parada gastron\u00f4mica tentadora \u263a\ufe0f. Prepare-se tamb\u00e9m para o fato de que <strong>no domingo de manh\u00e3 os \u00f4nibus v\u00eam lotados<\/strong>, por isso o melhor mesmo \u00e9 sair o mais cedo poss\u00edvel.<\/p>\n\n\n\n<h3 id=\"14_Modra_jeskyne_Blue_Grotto\" class=\"wp-block-heading\"><span class=\"ez-toc-section\" id=\"14_Gruta_Azul_Blue_Grotto\"><\/span>14. Gruta Azul (Blue Grotto)<span class=\"ez-toc-section-end\"><\/span><\/h3>\n\n\n\n<p class=\"wp-block-paragraph\">O fen\u00f4meno natural conhecido como Blue Grotto \u00e9 formado por um imenso arco rochoso e uma s\u00e9rie de grutas marinhas interligadas, onde a \u00e1gua exibe praticamente todos os tons de turquesa. Os raios de sol se refletem no fundo de areia branca e, <strong>segundo as avalia\u00e7\u00f5es, \u00e9 um espet\u00e1culo absolutamente fant\u00e1stico<\/strong>, que seria realmente um grande pecado deixar de fora.<\/p>\n\n\n\n<figure data-wp-context=\"{&quot;imageId&quot;:&quot;6a9c2ebc1e550&quot;}\" data-wp-interactive=\"core\/image\" data-wp-key=\"6a9c2ebc1e550\" class=\"wp-block-image size-full wp-lightbox-container\"><img decoding=\"async\" width=\"1500\" height=\"1000\" data-wp-class--hide=\"state.isContentHidden\" data-wp-class--show=\"state.isContentVisible\" data-wp-init=\"callbacks.setButtonStyles\" data-wp-on--click=\"actions.showLightbox\" data-wp-on--load=\"callbacks.setButtonStyles\" data-wp-on--pointerdown=\"actions.preloadImage\" data-wp-on--pointerenter=\"actions.preloadImageWithDelay\" data-wp-on--pointerleave=\"actions.cancelPreload\" data-wp-on-window--resize=\"callbacks.setButtonStyles\" src=\"https:\/\/loudavymkrokem.cz\/wp-content\/uploads\/2026\/08\/dovolena-malta-t14.jpg\" alt=\"Gruta Azul no sul de Malta\" class=\"wp-image-399708\" title=\"\" srcset=\"https:\/\/loudavymkrokem.cz\/wp-content\/uploads\/2026\/08\/dovolena-malta-t14.jpg 1500w, https:\/\/loudavymkrokem.cz\/wp-content\/uploads\/2026\/08\/dovolena-malta-t14-300x200.jpg 300w, https:\/\/loudavymkrokem.cz\/wp-content\/uploads\/2026\/08\/dovolena-malta-t14-700x467.jpg 700w, https:\/\/loudavymkrokem.cz\/wp-content\/uploads\/2026\/08\/dovolena-malta-t14-768x512.jpg 768w, https:\/\/loudavymkrokem.cz\/wp-content\/uploads\/2026\/08\/dovolena-malta-t14-696x464.jpg 696w, https:\/\/loudavymkrokem.cz\/wp-content\/uploads\/2026\/08\/dovolena-malta-t14-1392x928.jpg 1392w\" sizes=\"(max-width: 1500px) 100vw, 1500px\" \/><button\n\t\t\tclass=\"lightbox-trigger\"\n\t\t\ttype=\"button\"\n\t\t\taria-haspopup=\"dialog\"\n\t\t\tdata-wp-bind--aria-label=\"state.thisImage.triggerButtonAriaLabel\"\n\t\t\tdata-wp-init=\"callbacks.initTriggerButton\"\n\t\t\tdata-wp-on--click=\"actions.showLightbox\"\n\t\t\tdata-wp-style--right=\"state.thisImage.buttonRight\"\n\t\t\tdata-wp-style--top=\"state.thisImage.buttonTop\"\n\t\t>\n\t\t\t<svg xmlns=\"http:\/\/www.w3.org\/2000\/svg\" width=\"12\" height=\"12\" fill=\"none\" viewBox=\"0 0 12 12\">\n\t\t\t\t<path fill=\"#fff\" d=\"M2 0a2 2 0 0 0-2 2v2h1.5V2a.5.5 0 0 1 .5-.5h2V0H2Zm2 10.5H2a.5.5 0 0 1-.5-.5V8H0v2a2 2 0 0 0 2 2h2v-1.5ZM8 12v-1.5h2a.5.5 0 0 0 .5-.5V8H12v2a2 2 0 0 1-2 2H8Zm2-12a2 2 0 0 1 2 2v2h-1.5V2a.5.5 0 0 0-.5-.5H8V0h2Z\" \/>\n\t\t\t<\/svg>\n\t\t<\/button><figcaption class=\"wp-element-caption\">Gruta Azul no sul de Malta (Foto: Frank Vincentz \/ Wikimedia Commons, CC BY-SA 3.0)<\/figcaption><\/figure>\n\n\n\n<p class=\"wp-block-paragraph\">Os barquinhos partem da vilazinha pr\u00f3xima de Wied i\u017c-\u017burrieq, o passeio em si dura cerca de vinte a trinta minutos e, para as melhores condi\u00e7\u00f5es de luz, recomenda-se chegar logo de manh\u00e3. Mas lembre que, <strong>quando o mar est\u00e1 agitado, logicamente n\u00e3o se navega<\/strong>, ent\u00e3o se estiver ventando muito na costa, \u00e9 melhor deixar esse passeio para um dia bem mais calmo.<\/p>\n\n\n\n<h3 id=\"15_agar_Qim_a_Mnajdra_chramy_starsi_nez_pyramidy\" class=\"wp-block-heading\"><span class=\"ez-toc-section\" id=\"15_Hagar_Qim_e_Mnajdra_templos_mais_antigos_que_as_piramides\"><\/span>15. \u0126a\u0121ar Qim e Mnajdra: templos mais antigos que as pir\u00e2mides<span class=\"ez-toc-section-end\"><\/span><\/h3>\n\n\n\n<p class=\"wp-block-paragraph\">Malta pode se orgulhar de constru\u00e7\u00f5es que s\u00e3o at\u00e9 mais antigas que as pir\u00e2mides eg\u00edpcias, e estes dois fant\u00e1sticos templos megal\u00edticos datam de cerca de 3600 a 3200 a.C. Ambos os complexos pr\u00e9-hist\u00f3ricos ficam perto das fal\u00e9sias sobre o mar, est\u00e3o inscritos na lista da UNESCO e emanam uma <strong>enorme m\u00edstica hist\u00f3rica<\/strong>, que os viajantes elogiam bastante.<\/p>\n\n\n\n<figure data-wp-context=\"{&quot;imageId&quot;:&quot;6a9c2ebc1ea14&quot;}\" data-wp-interactive=\"core\/image\" data-wp-key=\"6a9c2ebc1ea14\" class=\"wp-block-image size-full wp-lightbox-container\"><img decoding=\"async\" width=\"1500\" height=\"1000\" data-wp-class--hide=\"state.isContentHidden\" data-wp-class--show=\"state.isContentVisible\" data-wp-init=\"callbacks.setButtonStyles\" data-wp-on--click=\"actions.showLightbox\" data-wp-on--load=\"callbacks.setButtonStyles\" data-wp-on--pointerdown=\"actions.preloadImage\" data-wp-on--pointerenter=\"actions.preloadImageWithDelay\" data-wp-on--pointerleave=\"actions.cancelPreload\" data-wp-on-window--resize=\"callbacks.setButtonStyles\" src=\"https:\/\/loudavymkrokem.cz\/wp-content\/uploads\/2026\/08\/dovolena-malta-t15.jpg\" alt=\"Templo megal\u00edtico \u0126a\u0121ar Qim\" class=\"wp-image-399714\" title=\"\" srcset=\"https:\/\/loudavymkrokem.cz\/wp-content\/uploads\/2026\/08\/dovolena-malta-t15.jpg 1500w, https:\/\/loudavymkrokem.cz\/wp-content\/uploads\/2026\/08\/dovolena-malta-t15-300x200.jpg 300w, https:\/\/loudavymkrokem.cz\/wp-content\/uploads\/2026\/08\/dovolena-malta-t15-700x467.jpg 700w, https:\/\/loudavymkrokem.cz\/wp-content\/uploads\/2026\/08\/dovolena-malta-t15-768x512.jpg 768w, https:\/\/loudavymkrokem.cz\/wp-content\/uploads\/2026\/08\/dovolena-malta-t15-696x464.jpg 696w, https:\/\/loudavymkrokem.cz\/wp-content\/uploads\/2026\/08\/dovolena-malta-t15-1392x928.jpg 1392w\" sizes=\"(max-width: 1500px) 100vw, 1500px\" \/><button\n\t\t\tclass=\"lightbox-trigger\"\n\t\t\ttype=\"button\"\n\t\t\taria-haspopup=\"dialog\"\n\t\t\tdata-wp-bind--aria-label=\"state.thisImage.triggerButtonAriaLabel\"\n\t\t\tdata-wp-init=\"callbacks.initTriggerButton\"\n\t\t\tdata-wp-on--click=\"actions.showLightbox\"\n\t\t\tdata-wp-style--right=\"state.thisImage.buttonRight\"\n\t\t\tdata-wp-style--top=\"state.thisImage.buttonTop\"\n\t\t>\n\t\t\t<svg xmlns=\"http:\/\/www.w3.org\/2000\/svg\" width=\"12\" height=\"12\" fill=\"none\" viewBox=\"0 0 12 12\">\n\t\t\t\t<path fill=\"#fff\" d=\"M2 0a2 2 0 0 0-2 2v2h1.5V2a.5.5 0 0 1 .5-.5h2V0H2Zm2 10.5H2a.5.5 0 0 1-.5-.5V8H0v2a2 2 0 0 0 2 2h2v-1.5ZM8 12v-1.5h2a.5.5 0 0 0 .5-.5V8H12v2a2 2 0 0 1-2 2H8Zm2-12a2 2 0 0 1 2 2v2h-1.5V2a.5.5 0 0 0-.5-.5H8V0h2Z\" \/>\n\t\t\t<\/svg>\n\t\t<\/button><figcaption class=\"wp-element-caption\">Templo megal\u00edtico \u0126a\u0121ar Qim (Foto: Diego Delso \/ Wikimedia Commons, CC BY-SA 4.0)<\/figcaption><\/figure>\n\n\n\n<p class=\"wp-block-paragraph\">Para evitar mais eros\u00e3o das preciosas pedras, ambos os templos s\u00e3o cobertos de forma inteligente por enormes tendas de prote\u00e7\u00e3o, o que ainda tem a vantagem de fornecer uma sombra bem-vinda no ver\u00e3o. Ainda assim, por causa das altas temperaturas de ver\u00e3o, <strong>n\u00e3o esque\u00e7a de levar bastante \u00e1gua<\/strong>, porque o complexo \u00e9 bem extenso e a visita leva um tempinho.<\/p>\n\n\n\n<h3 id=\"16_St_Peter_s_Pool_prirodni_bazen_ve_skale\" class=\"wp-block-heading\"><span class=\"ez-toc-section\" id=\"16_St_Peters_Pool_piscina_natural_na_rocha\"><\/span>16. St Peter&#8217;s Pool: piscina natural na rocha<span class=\"ez-toc-section-end\"><\/span><\/h3>\n\n\n\n<p class=\"wp-block-paragraph\">Pertinho da vila de Marsaxlokk fica uma das piscinas naturais mais populares, que a \u00e1gua do mar esculpiu ao longo de mil\u00eanios diretamente nas lisas rochas de calc\u00e1rio. A \u00e1gua aqui \u00e9 lindamente limpa e profunda, o que atrai principalmente a galera mais jovem e todos os que <strong>adoram saltos espetaculares na \u00e1gua<\/strong> a partir de sali\u00eancias rochosas de diferentes alturas.<\/p>\n\n\n\n<figure data-wp-context=\"{&quot;imageId&quot;:&quot;6a9c2ebc1eeac&quot;}\" data-wp-interactive=\"core\/image\" data-wp-key=\"6a9c2ebc1eeac\" class=\"wp-block-image size-full wp-lightbox-container\"><img decoding=\"async\" width=\"1500\" height=\"1000\" data-wp-class--hide=\"state.isContentHidden\" data-wp-class--show=\"state.isContentVisible\" data-wp-init=\"callbacks.setButtonStyles\" data-wp-on--click=\"actions.showLightbox\" data-wp-on--load=\"callbacks.setButtonStyles\" data-wp-on--pointerdown=\"actions.preloadImage\" data-wp-on--pointerenter=\"actions.preloadImageWithDelay\" data-wp-on--pointerleave=\"actions.cancelPreload\" data-wp-on-window--resize=\"callbacks.setButtonStyles\" src=\"https:\/\/loudavymkrokem.cz\/wp-content\/uploads\/2026\/08\/dovolena-malta-t16.jpg\" alt=\"Piscina natural St Peter&#039;s Pool\" class=\"wp-image-399754\" title=\"\" srcset=\"https:\/\/loudavymkrokem.cz\/wp-content\/uploads\/2026\/08\/dovolena-malta-t16.jpg 1500w, https:\/\/loudavymkrokem.cz\/wp-content\/uploads\/2026\/08\/dovolena-malta-t16-300x200.jpg 300w, https:\/\/loudavymkrokem.cz\/wp-content\/uploads\/2026\/08\/dovolena-malta-t16-700x467.jpg 700w, https:\/\/loudavymkrokem.cz\/wp-content\/uploads\/2026\/08\/dovolena-malta-t16-768x512.jpg 768w, https:\/\/loudavymkrokem.cz\/wp-content\/uploads\/2026\/08\/dovolena-malta-t16-696x464.jpg 696w, https:\/\/loudavymkrokem.cz\/wp-content\/uploads\/2026\/08\/dovolena-malta-t16-1392x928.jpg 1392w\" sizes=\"(max-width: 1500px) 100vw, 1500px\" \/><button\n\t\t\tclass=\"lightbox-trigger\"\n\t\t\ttype=\"button\"\n\t\t\taria-haspopup=\"dialog\"\n\t\t\tdata-wp-bind--aria-label=\"state.thisImage.triggerButtonAriaLabel\"\n\t\t\tdata-wp-init=\"callbacks.initTriggerButton\"\n\t\t\tdata-wp-on--click=\"actions.showLightbox\"\n\t\t\tdata-wp-style--right=\"state.thisImage.buttonRight\"\n\t\t\tdata-wp-style--top=\"state.thisImage.buttonTop\"\n\t\t>\n\t\t\t<svg xmlns=\"http:\/\/www.w3.org\/2000\/svg\" width=\"12\" height=\"12\" fill=\"none\" viewBox=\"0 0 12 12\">\n\t\t\t\t<path fill=\"#fff\" d=\"M2 0a2 2 0 0 0-2 2v2h1.5V2a.5.5 0 0 1 .5-.5h2V0H2Zm2 10.5H2a.5.5 0 0 1-.5-.5V8H0v2a2 2 0 0 0 2 2h2v-1.5ZM8 12v-1.5h2a.5.5 0 0 0 .5-.5V8H12v2a2 2 0 0 1-2 2H8Zm2-12a2 2 0 0 1 2 2v2h-1.5V2a.5.5 0 0 0-.5-.5H8V0h2Z\" \/>\n\t\t\t<\/svg>\n\t\t<\/button><figcaption class=\"wp-element-caption\">Piscina natural St Peter&#8217;s Pool (Foto: Diego Delso \/ Wikimedia Commons, CC BY-SA 4.0)<\/figcaption><\/figure>\n\n\n\n<p class=\"wp-block-paragraph\">Nessa piscina natural voc\u00ea n\u00e3o encontra absolutamente nenhuma estrutura tur\u00edstica, barracas de lanche nem guarda-s\u00f3is, por isso precisa levar tudo por conta pr\u00f3pria. N\u00e3o deixe de levar um cal\u00e7ado firme ou sapatilhas de \u00e1gua, porque <strong>as rochas costumam ser escorregadias e afiadas<\/strong>. E se voc\u00ea procura tranquilidade, chegue de prefer\u00eancia bem cedo, antes que os rochedos de calc\u00e1rio se encham de toalhas.<\/p>\n\n\n\n<h3 id=\"17_Hypogeum_v_al_Saflieni\" class=\"wp-block-heading\"><span class=\"ez-toc-section\" id=\"17_O_Hipogeu_de_Hal_Saflieni\"><\/span>17. O Hipogeu de \u0126al Saflieni<span class=\"ez-toc-section-end\"><\/span><\/h3>\n\n\n\n<p class=\"wp-block-paragraph\">Este santu\u00e1rio subterr\u00e2neo de tr\u00eas andares, esculpido bem fundo na rocha, \u00e9 um raridade mundial absoluta e, dizem, o monumento mais misterioso de toda Malta. Ele foi descoberto por acaso por oper\u00e1rios que cavavam as funda\u00e7\u00f5es de casas novas, e hoje \u00e9 um lugar que <strong>impressiona por sua arquitetura complexa<\/strong> e por uma ac\u00fastica perfeita nas c\u00e2maras profundas.<\/p>\n\n\n\n<figure data-wp-context=\"{&quot;imageId&quot;:&quot;6a9c2ebc1f39d&quot;}\" data-wp-interactive=\"core\/image\" data-wp-key=\"6a9c2ebc1f39d\" class=\"wp-block-image size-full wp-lightbox-container\"><img decoding=\"async\" width=\"1500\" height=\"1125\" data-wp-class--hide=\"state.isContentHidden\" data-wp-class--show=\"state.isContentVisible\" data-wp-init=\"callbacks.setButtonStyles\" data-wp-on--click=\"actions.showLightbox\" data-wp-on--load=\"callbacks.setButtonStyles\" data-wp-on--pointerdown=\"actions.preloadImage\" data-wp-on--pointerenter=\"actions.preloadImageWithDelay\" data-wp-on--pointerleave=\"actions.cancelPreload\" data-wp-on-window--resize=\"callbacks.setButtonStyles\" src=\"https:\/\/loudavymkrokem.cz\/wp-content\/uploads\/2026\/08\/dovolena-malta-t17.jpg\" alt=\"Templos pr\u00e9-hist\u00f3ricos em Tarxien\" class=\"wp-image-399716\" title=\"\" srcset=\"https:\/\/loudavymkrokem.cz\/wp-content\/uploads\/2026\/08\/dovolena-malta-t17.jpg 1500w, https:\/\/loudavymkrokem.cz\/wp-content\/uploads\/2026\/08\/dovolena-malta-t17-300x225.jpg 300w, https:\/\/loudavymkrokem.cz\/wp-content\/uploads\/2026\/08\/dovolena-malta-t17-700x525.jpg 700w, https:\/\/loudavymkrokem.cz\/wp-content\/uploads\/2026\/08\/dovolena-malta-t17-768x576.jpg 768w, https:\/\/loudavymkrokem.cz\/wp-content\/uploads\/2026\/08\/dovolena-malta-t17-80x60.jpg 80w, https:\/\/loudavymkrokem.cz\/wp-content\/uploads\/2026\/08\/dovolena-malta-t17-160x120.jpg 160w, https:\/\/loudavymkrokem.cz\/wp-content\/uploads\/2026\/08\/dovolena-malta-t17-696x522.jpg 696w, https:\/\/loudavymkrokem.cz\/wp-content\/uploads\/2026\/08\/dovolena-malta-t17-1392x1044.jpg 1392w\" sizes=\"(max-width: 1500px) 100vw, 1500px\" \/><button\n\t\t\tclass=\"lightbox-trigger\"\n\t\t\ttype=\"button\"\n\t\t\taria-haspopup=\"dialog\"\n\t\t\tdata-wp-bind--aria-label=\"state.thisImage.triggerButtonAriaLabel\"\n\t\t\tdata-wp-init=\"callbacks.initTriggerButton\"\n\t\t\tdata-wp-on--click=\"actions.showLightbox\"\n\t\t\tdata-wp-style--right=\"state.thisImage.buttonRight\"\n\t\t\tdata-wp-style--top=\"state.thisImage.buttonTop\"\n\t\t>\n\t\t\t<svg xmlns=\"http:\/\/www.w3.org\/2000\/svg\" width=\"12\" height=\"12\" fill=\"none\" viewBox=\"0 0 12 12\">\n\t\t\t\t<path fill=\"#fff\" d=\"M2 0a2 2 0 0 0-2 2v2h1.5V2a.5.5 0 0 1 .5-.5h2V0H2Zm2 10.5H2a.5.5 0 0 1-.5-.5V8H0v2a2 2 0 0 0 2 2h2v-1.5ZM8 12v-1.5h2a.5.5 0 0 0 .5-.5V8H12v2a2 2 0 0 1-2 2H8Zm2-12a2 2 0 0 1 2 2v2h-1.5V2a.5.5 0 0 0-.5-.5H8V0h2Z\" \/>\n\t\t\t<\/svg>\n\t\t<\/button><figcaption class=\"wp-element-caption\">Templos pr\u00e9-hist\u00f3ricos em Tarxien (Foto: Kaybeesquared \/ Wikimedia Commons, CC BY-SA 4.0)<\/figcaption><\/figure>\n\n\n\n<p class=\"wp-block-paragraph\">Para proteger o microclima \u00fanico, a entrada \u00e9 feita apenas em pequenos grupos e a entrada, logicamente, se paga por pessoa. Se voc\u00ea quer ver este lugar com os pr\u00f3prios olhos, precisa <strong>reservar os ingressos online com at\u00e9 v\u00e1rios meses de anteced\u00eancia<\/strong>, porque eles se esgotam num piscar de olhos e, no local, voc\u00ea n\u00e3o tem chance de conseguir.<\/p>\n\n\n\n<!-- LKM_GYG_CARD start q=\"malta\" lang=\"pt-br\" rendered=\"2026-09-05T13:44:04+00:00\" v=\"1\" -->\n<style id=\"lk-gyg-styles\">\n@import url(\"https:\/\/fonts.googleapis.com\/css2?family=Playfair+Display:wght@700&family=DM+Sans:wght@300;400;500;600&display=swap\");\n\/* === LK GYG karty \u2014 CRO redesign 2026-05 (namespace .lkx-) ===\n   C\u00edl: vy\u0161\u0161\u00ed CTR (hero + v\u00fdrazn\u00fd social proof + ak\u010dn\u00ed CTA, m\u00e9n\u011b \"reklamn\u00ed\").\n   Injektuje se inline do prvn\u00edho markeru postu (refresh_cards.py --inline-css). *\/\n.lkx-module, .lkx-module *{box-sizing:border-box;margin:0;padding:0}\n.lkx-module{\n  font-family:'DM Sans',-apple-system,Segoe UI,Roboto,Georgia,sans-serif;\n  max-width:860px;margin:2.5rem auto;color:#1f2328;\n}\n\n\/* HEADER \u2014 lehk\u00fd editorsk\u00fd, \u017e\u00e1dn\u00fd bannerov\u00fd blok; nadpis + popisek pod n\u00edm *\/\n.lkx-head{margin-bottom:16px}\n.lkx-head-main{display:flex;align-items:center;gap:10px}\n.lkx-head-accent{width:26px;height:3px;border-radius:2px;background:#c39f76;flex-shrink:0}\n.lkx-head-title{font-family:'Playfair Display',Georgia,serif;font-size:21px;font-weight:700;color:#1a1a1a;line-height:1.25}\n.lkx-head-meta{display:block;font-size:11px;letter-spacing:.3px;color:#9aa0a6;margin-top:4px;margin-left:36px}\n\n\/* HERO *\/\n.lkx-hero{display:grid;grid-template-columns:300px 1fr;background:#fff;border:1px solid #ece7df;border-radius:14px;overflow:hidden;text-decoration:none!important;color:inherit;box-shadow:0 6px 20px rgba(0,0,0,.06);transition:box-shadow .2s,transform .2s;margin-bottom:14px}\n.lkx-hero:hover{box-shadow:0 12px 30px rgba(0,0,0,.12);transform:translateY(-2px)}\n.lkx-hero-img{position:relative;min-height:230px;background-size:cover;background-position:center;background-color:#eee}\n.lkx-hero-body{padding:22px 24px;display:flex;flex-direction:column}\n.lkx-pick{position:absolute;top:12px;left:12px;background:#1a1a1a;color:#fff;font-size:11px;font-weight:700;letter-spacing:.5px;padding:5px 11px;border-radius:20px}\n\n\/* TITLE *\/\n.lkx-title{font-size:19px;font-weight:700;color:#161616;line-height:1.3}\n.lkx-title-sm{font-size:14.5px;line-height:1.35;display:-webkit-box;-webkit-line-clamp:2;-webkit-box-orient:vertical;overflow:hidden}\n\n\/* SOCIAL PROOF \u2014 v\u00fdrazn\u011b, naho\u0159e *\/\n.lkx-proof{display:flex;align-items:center;gap:7px;margin-top:12px;font-size:15px;color:#3a3a3a}\n.lkx-proof b{font-size:16px;color:#161616}\n.lkx-stars{color:#f5a623;letter-spacing:1px}\n.lkx-proof-sm{font-size:12.5px;margin-top:8px;gap:5px}\n.lkx-proof-sm b{font-size:13px}\n.lkx-proof-new{color:#3685fc;font-weight:600}\n\n\/* PRICE \u2014 n\u00edzk\u00e1 kotva *\/\n.lkx-price{font-size:14px;color:#6b7280}\n.lkx-price b{font-size:20px;color:#161616;font-weight:700}\n.lkx-price-sm b{font-size:15px}\n\n\/* CTA \u2014 tepl\u00e9 ak\u010dn\u00ed tla\u010d\u00edtko *\/\n.lkx-cta{display:inline-flex;align-items:center;justify-content:center;text-decoration:none!important;font-weight:700;color:#fff!important;background:linear-gradient(135deg,#f6743f,#e8552a);border-radius:10px;box-shadow:0 6px 16px rgba(232,85,42,.32);transition:box-shadow .2s}\n.lkx-cta-hero{font-size:15px;padding:13px 22px}\n.lkx-hero:hover .lkx-cta-hero{box-shadow:0 8px 22px rgba(232,85,42,.45)}\n.lkx-cta-sm{font-size:12.5px;padding:9px 14px;width:100%;margin-top:2px}\n.lkx-hero-bottom{margin-top:auto;padding-top:18px;display:flex;align-items:center;justify-content:space-between;gap:14px;flex-wrap:wrap}\n\n\/* BADGE \u2014 jeden v\u00fdrazn\u00fd na fotce *\/\n.lkx-badge{position:absolute;top:12px;right:12px;font-size:10.5px;font-weight:700;letter-spacing:.3px;padding:5px 10px;border-radius:16px;color:#fff}\n.lkx-badge.badge-urgency{background:rgba(214,40,40,.92)}\n.lkx-badge.badge-new{background:rgba(54,133,252,.92)}\n.lkx-badge.badge-top{background:rgba(195,159,118,.95)}\n.lkx-badge.badge-info{background:rgba(40,40,40,.78)}\n\n\/* SECONDARY GRID *\/\n.lkx-grid{display:grid;grid-template-columns:1fr 1fr;gap:14px}\n.lkx-card{background:#fff;border:1px solid #ece7df;border-radius:14px;overflow:hidden;text-decoration:none!important;color:inherit;box-shadow:0 4px 14px rgba(0,0,0,.05);display:flex;flex-direction:column;transition:box-shadow .2s,transform .2s}\n.lkx-card:hover{box-shadow:0 10px 24px rgba(0,0,0,.1);transform:translateY(-2px)}\n.lkx-card-img{position:relative;aspect-ratio:16\/10;background-size:cover;background-position:center;background-color:#eee}\n.lkx-card-body{padding:14px 16px 16px;display:flex;flex-direction:column;gap:7px;flex:1}\n.lkx-card-bottom{margin-top:auto;padding-top:10px;display:flex;align-items:center;justify-content:space-between;gap:8px}\n\n\/* DISCLOSURE \u2014 drobn\u00e1, kv\u016fli d\u016fv\u011b\u0159e\/z\u00e1konu *\/\n.lkx-disclosure{font-size:11px;color:#a7adb3;text-align:center;margin-top:14px;line-height:1.6}\n.lkx-disclosure a{color:#c39f76;text-decoration:none}\n\n@media(max-width:680px){\n  .lkx-hero{grid-template-columns:1fr}\n  .lkx-hero-img{min-height:180px}\n  .lkx-grid{grid-template-columns:1fr}\n  .lkx-head-meta{margin-left:0;width:100%}\n  .lkx-head-title{font-size:19px}\n}\n\n<\/style>\n<div class=\"lkx-module\" data-query=\"malta\">\n  <div class=\"lkx-head\">\n    <div class=\"lkx-head-main\">\n      <span class=\"lkx-head-accent\"><\/span>\n      <span class=\"lkx-head-title\">Experi\u00eancias e ingressos<\/span>\n    <\/div>\n    <span class=\"lkx-head-meta\">avaliado por viajantes \u00b7 GetYourGuide<\/span>\n  <\/div><a class=\"lkx-hero\" href=\"https:\/\/www.getyourguide.com\/pt-br\/marsa-l174834\/de-malta-viagem-de-1-dia-ao-monte-etna-e-taormina-com-guia-t596897\/?partner_id=MKZ64IS&amp;utm_medium=online_publisher&amp;cmp=ferias-malta-dicas\" target=\"_blank\" rel=\"sponsored noopener nofollow\">\n    <div class=\"lkx-hero-img\" style=\"background-image:url('https:\/\/cdn.getyourguide.com\/img\/tour\/591802cee2ca609f99e67b0f0273a69429f19de7105ac3095f906637b2a688d9.jpg\/132.jpg')\" role=\"img\" aria-label=\"Malta: Viagem de 1 dia com guia para o Monte Etna e Taormina em um catamar\u00e3\">\n      <span class=\"lkx-pick\">\u2605 Nossa escolha<\/span><\/div>\n    <div class=\"lkx-hero-body\">\n      <div class=\"lkx-title\">Malta: Viagem de 1 dia com guia para o Monte Etna e Taormina em um catamar\u00e3<\/div>\n      <div class=\"lkx-proof\">\n      <span class=\"lkx-stars\">\u2605\u2605\u2605\u2605\u2605<\/span>\n      <b>4.4<\/b> \u00b7 184 avalia\u00e7\u00f5es\n    <\/div>\n      <div class=\"lkx-hero-bottom\"><div class=\"lkx-price\">a partir de <b>\u20ac\u00a0159<\/b><\/div><span class=\"lkx-cta lkx-cta-hero\">Quero viver isso \u2192<\/span>\n      <\/div>\n    <\/div>\n  <\/a><div class=\"lkx-grid\"><a class=\"lkx-card\" href=\"https:\/\/www.getyourguide.com\/pt-br\/marsa-l174834\/malta-excursao-guiada-de-um-dia-ao-monte-etna-e-catania-em-catamara-t988889\/?partner_id=MKZ64IS&amp;utm_medium=online_publisher&amp;cmp=ferias-malta-dicas\" target=\"_blank\" rel=\"sponsored noopener nofollow\">\n      <div class=\"lkx-card-img\" style=\"background-image:url('https:\/\/cdn.getyourguide.com\/img\/tour\/85c4b042fd123a7269e89a2fe2c4382be2c53654f541997408a25410a05ff766.jpg\/132.jpg')\" role=\"img\" aria-label=\"Malta: excurs\u00e3o guiada de um dia ao Monte Etna e Cat\u00e2nia em catamar\u00e3\"><\/div>\n      <div class=\"lkx-card-body\">\n        <div class=\"lkx-title lkx-title-sm\">Malta: excurs\u00e3o guiada de um dia ao Monte Etna e Cat\u00e2nia em catamar\u00e3<\/div>\n        <div class=\"lkx-proof lkx-proof-sm\">\n      <span class=\"lkx-stars\">\u2605<\/span>\n      <b>4.7<\/b> \u00b7 119\n    <\/div>\n        <div class=\"lkx-card-bottom\"><span class=\"lkx-price lkx-price-sm\">a partir de <b>\u20ac\u00a0159<\/b><\/span><span class=\"lkx-cta lkx-cta-sm\">Ver datas \u2192<\/span>\n        <\/div>\n      <\/div>\n    <\/a><a class=\"lkx-card\" href=\"https:\/\/www.getyourguide.com\/pt-br\/marsa-l174834\/de-malta-viagem-de-um-dia-a-siracusa-e-marzamemi-com-guia-t594913\/?partner_id=MKZ64IS&amp;utm_medium=online_publisher&amp;cmp=ferias-malta-dicas\" target=\"_blank\" rel=\"sponsored noopener nofollow\">\n      <div class=\"lkx-card-img\" style=\"background-image:url('https:\/\/cdn.getyourguide.com\/img\/tour\/3dd92a839c1bf09e86c490aeb6574e91e0ac823910575176db94bf5f3ad9052d.jpg\/132.jpg')\" role=\"img\" aria-label=\"De Malta: Viagem de um dia a Siracusa e Marzamemi com guia\"><\/div>\n      <div class=\"lkx-card-body\">\n        <div class=\"lkx-title lkx-title-sm\">De Malta: Viagem de um dia a Siracusa e Marzamemi com guia<\/div>\n        <div class=\"lkx-proof lkx-proof-sm\">\n      <span class=\"lkx-stars\">\u2605<\/span>\n      <b>4.3<\/b> \u00b7 76\n    <\/div>\n        <div class=\"lkx-card-bottom\"><span class=\"lkx-price lkx-price-sm\">a partir de <b>\u20ac\u00a0139<\/b><\/span><span class=\"lkx-cta lkx-cta-sm\">Ver datas \u2192<\/span>\n        <\/div>\n      <\/div>\n    <\/a><\/div><div class=\"lkx-disclosure\">\ud83d\udd17 Links de afiliados \u2014 n\u00e3o mudam seu pre\u00e7o e nos ajudam a criar conte\u00fado. \u00b7 <a href=\"https:\/\/www.getyourguide.com\/pt-br\/s\/?q=malta&amp;partner_id=MKZ64IS&amp;utm_medium=online_publisher\" target=\"_blank\" rel=\"sponsored noopener nofollow\">Todas as experi\u00eancias \u2192<\/a><\/div>\n<\/div>\n<!-- LKM_GYG_CARD end -->\n\n\n\n\n<div class=\"lk-stays-module\">\n<style>\n\/* \u2500\u2500\u2500 RESET PRO GUTENBERG \u2500\u2500\u2500 *\/\n.lk-stays-module * { box-sizing: border-box; margin: 0; padding: 0; }\n\n\/* \u2500\u2500\u2500 WRAPPER \u2500\u2500\u2500 *\/\n.lk-stays-module {\n  font-family: 'DM Sans', Georgia, sans-serif;\n  max-width: 100%;\n  margin: 2.5rem auto;\n  background: linear-gradient(135deg, #fdfaf5 0%, #fcf8f0 100%);\n  border: 1px solid #e8dfd4;\n  border-radius: 16px;\n  overflow: hidden;\n  box-shadow: 0 16px 48px rgba(195, 159, 118, 0.25), 0 4px 12px rgba(0,0,0,0.08);\n}\n\n\/* \u2500\u2500\u2500 HEADER \u2500\u2500\u2500 *\/\n.lk-stays-header {\n  position: relative;\n  padding: 24px 36px 24px;\n  background: linear-gradient(135deg, #c39f76 0%, #d4b188 60%, #c39f76 100%);\n  border-bottom: 1px solid rgba(255,255,255,.15);\n  display: flex;\n  align-items: center;\n  gap: 18px;\n}\n.lk-stays-header::before {\n  content: '';\n  position: absolute;\n  inset: 0;\n  background: url(\"data:image\/svg+xml,%3Csvg width='60' height='60' viewBox='0 0 60 60' xmlns='http:\/\/www.w3.org\/2000\/svg'%3E%3Cg fill='none' fill-rule='evenodd'%3E%3Cg fill='%23ffffff' fill-opacity='0.05'%3E%3Cpath d='M36 34v-4h-2v4h-4v2h4v4h2v-4h4v-2h-4zm0-30V0h-2v4h-4v2h4v4h2V6h4V4h-4zM6 34v-4H4v4H0v2h4v4h2v-4h4v-2H6zM6 4V0H4v4H0v2h4v4h2V6h4V4H6z'\/%3E%3C\/g%3E%3C\/g%3E%3C\/svg%3E\") repeat;\n  pointer-events: none;\n}\n.lk-stays-icon {\n  flex-shrink: 0;\n  width: 68px;\n  height: 68px;\n  border-radius: 14px;\n  background: linear-gradient(135deg, #fff 0%, #f9f6f0 100%);\n  display: flex;\n  align-items: center;\n  justify-content: center;\n  font-size: 26px;\n  box-shadow: 0 4px 12px rgba(0,0,0,0.15);\n}\n.lk-stays-eyebrow {\n  font-size: 10px;\n  font-weight: 500;\n  letter-spacing: 2.5px;\n  text-transform: uppercase;\n  color: rgba(255,255,255,.85);\n  margin: 0 0 5px 0;\n}\n.lk-stays-title {\n  font-family: 'Playfair Display', Georgia, serif;\n  font-size: 24px;\n  font-weight: 700;\n  color: #fff;\n  line-height: 1.2;\n  text-shadow: 0 1px 2px rgba(0,0,0,0.1);\n  margin: 0;\n}\n.lk-stays-subtitle {\n  font-size: 13px;\n  color: rgba(255,255,255,.75);\n  margin: 4px 0 0 0;\n  font-weight: 300;\n}\n\n\/* \u2500\u2500\u2500 CARDS GRID \u2500\u2500\u2500 *\/\n.lk-stays-grid {\n  display: grid;\n  grid-template-columns: 1fr 1fr;\n  gap: 1px;\n  background: rgba(195, 159, 118, 0.12);\n}\n\n\/* \u2500\u2500\u2500 SINGLE CARD \u2500\u2500\u2500 *\/\n.lk-stay-card {\n  background: #ffffff;\n  padding: 26px;\n  display: flex;\n  flex-direction: column;\n  gap: 11px;\n  transition: all 0.3s ease;\n  text-decoration: none;\n  color: inherit;\n  position: relative;\n}\n.lk-stay-card:hover {\n  background: #fffbf5;\n  transform: translateY(-2px);\n  box-shadow: 0 8px 24px rgba(195, 159, 118, 0.18);\n  z-index: 1;\n}\n.lk-stay-card.featured {\n  background: linear-gradient(135deg, #fffdf9 0%, #fff9f0 100%);\n  box-shadow: 0 4px 16px rgba(195, 159, 118, 0.15), inset 0 1px 0 rgba(195, 159, 118, 0.1);\n}\n.lk-stay-card.featured:hover {\n  background: linear-gradient(135deg, #fffbf5 0%, #fff8ed 100%);\n  box-shadow: 0 8px 24px rgba(195, 159, 118, 0.25), inset 0 1px 0 rgba(195, 159, 118, 0.15);\n}\n\n.lk-stay-badge {\n  display: inline-flex;\n  align-items: center;\n  gap: 5px;\n  font-size: 10px;\n  font-weight: 500;\n  letter-spacing: 1.5px;\n  text-transform: uppercase;\n  padding: 5px 11px;\n  border-radius: 20px;\n  width: fit-content;\n}\n.badge-top     { background: linear-gradient(135deg, #c39f76 0%, #d4b188 100%); color: #fff; border: 1px solid #c39f76; font-weight: 600; box-shadow: 0 2px 8px rgba(195,159,118,0.3); }\n.badge-luxury  { background: rgba(195,159,118,.12); color: #c39f76; border: 1px solid rgba(195,159,118,.25); }\n.badge-boutique{ background: rgba(54,133,252,.08); color: #3685fc; border: 1px solid rgba(54,133,252,.2); }\n.badge-nature  { background: rgba(130,190,100,.1); color: #6b9c4a; border: 1px solid rgba(130,190,100,.2); }\n.badge-remote  { background: rgba(195,159,118,.12); color: #a67e50; border: 1px solid rgba(195,159,118,.25); }\n\n.lk-stay-name {\n  font-family: 'Playfair Display', Georgia, serif;\n  font-size: 18px;\n  font-weight: 700;\n  color: #111827;\n  line-height: 1.3;\n}\n.lk-stay-desc {\n  font-size: 13.5px;\n  color: #525252;\n  line-height: 1.65;\n  font-weight: 300;\n  flex: 1;\n}\n\n.lk-stay-meta {\n  display: flex;\n  align-items: center;\n  gap: 12px;\n  flex-wrap: wrap;\n  margin-top: 4px;\n}\n.lk-stay-price {\n  font-size: 13px;\n  color: #6b7280;\n}\n.lk-stay-price strong {\n  color: #c39f76;\n  font-weight: 500;\n}\n.lk-stay-stars {\n  color: #c39f76;\n  font-size: 11px;\n  letter-spacing: 1px;\n}\n\n\/* \u2500\u2500\u2500 CTA BUTTON \u2500\u2500\u2500 *\/\n.lk-stay-cta {\n  display: inline-flex;\n  align-items: center;\n  justify-content: center;\n  gap: 7px;\n  margin-top: 8px;\n  padding: 11px 20px;\n  border-radius: 8px;\n  background: linear-gradient(135deg, #3685fc 0%, #2a6fd9 100%);\n  color: #fff;\n  font-size: 13px;\n  font-weight: 500;\n  text-decoration: none;\n  letter-spacing: .3px;\n  transition: all .2s ease;\n  cursor: pointer;\n  border: none;\n  text-align: center;\n  box-shadow: 0 4px 12px rgba(54, 133, 252, 0.25);\n}\n.lk-stay-cta:hover {\n  background: linear-gradient(135deg, #2a6fd9 0%, #1e5bc4 100%);\n  transform: translateY(-1px);\n  box-shadow: 0 6px 16px rgba(54, 133, 252, 0.35);\n}\n.lk-stay-cta svg { flex-shrink: 0; }\n\n\/* \u2500\u2500\u2500 FOOTER \u2500\u2500\u2500 *\/\n.lk-stays-footer {\n  padding: 18px 36px;\n  background: linear-gradient(to bottom, #fdfaf5 0%, #f9f4ed 100%);\n  border-top: 1px solid rgba(195, 159, 118, 0.15);\n  display: flex;\n  align-items: center;\n  justify-content: space-between;\n  flex-wrap: wrap;\n  gap: 12px;\n}\n.lk-stays-footer-note {\n  font-size: 11.5px;\n  color: #6b7280;\n  font-weight: 300;\n  line-height: 1.5;\n}\n.lk-stays-footer-note a {\n  color: #c39f76;\n  text-decoration: none;\n  font-weight: 400;\n}\n.lk-stays-footer-note a:hover {\n  text-decoration: underline;\n}\n.lk-stays-all-btn {\n  display: inline-flex;\n  align-items: center;\n  gap: 6px;\n  font-size: 12.5px;\n  font-weight: 500;\n  color: #c39f76;\n  text-decoration: none;\n  border: 1px solid rgba(195, 159, 118, 0.35);\n  padding: 8px 18px;\n  border-radius: 8px;\n  transition: all .2s ease;\n}\n.lk-stays-all-btn:hover {\n  background: rgba(195, 159, 118, 0.08);\n  border-color: rgba(195, 159, 118, 0.5);\n}\n\n\/* \u2500\u2500\u2500 RESPONSIVE \u2500\u2500\u2500 *\/\n@media (max-width: 600px) {\n  .lk-stays-grid { grid-template-columns: 1fr; }\n  .lk-stays-header { padding: 24px 20px; }\n  .lk-stays-footer { padding: 16px 20px; }\n  .lk-stay-card { padding: 22px; }\n  .lk-stays-title { font-size: 20px; }\n}\n<\/style>\n\n  <!-- HEADER -->\n  <div class=\"lk-stays-header\">\n    <img decoding=\"async\" src=\"https:\/\/loudavymkrokem.cz\/wp-content\/uploads\/2026\/02\/lukas-a-lucka.jpg\" alt=\"\" style=\"width: 75px; height: 75px; border-radius: 8px; flex-shrink: 0; object-fit: cover; display: block; margin: 4px 0;\" title=\"\">\n    <div class=\"lk-stays-header-text\">\n      <div class=\"lk-stays-eyebrow\">Luk\u00e1\u0161 e Lucie recomendam<\/div>\n      <div class=\"lk-stays-title\">Onde se hospedar em Malta<\/div>\n      <div class=\"lk-stays-subtitle\">6 acomoda\u00e7\u00f5es \u2014 hot\u00e9is de bem-estar, resorts e outras op\u00e7\u00f5es de hospedagem<\/div>\n    <\/div>\n  <\/div>\n\n  <!-- CARDS -->\n  <div class=\"lk-stays-grid\">\n\n    <a class=\"lk-stay-card featured\" href=\"https:\/\/www.stay22.com\/allez\/roam?aid=lukaskonecny&#038;campaign=loudavymkrokemcz&#038;campaign=pt-br&#038;campaign=dovolena-malta&#038;hotelname=The%20Embassy%20Valletta%20Hotel&#038;address=Valletta%2C%20Malta\" target=\"_blank\" rel=\"nofollow noopener\">\n      <span class=\"lk-stay-badge badge-top\">\u2b50 MELHOR ESCOLHA<\/span>\n      <span class=\"lk-stay-badge badge-nature\">\ud83c\udfe8 Hotel<\/span>\n      <div class=\"lk-stay-name\">The Embassy Valletta Hotel<\/div>\n      <div class=\"lk-stay-desc\">Hotel incr\u00edvel no centro hist\u00f3rico com terra\u00e7o na cobertura com piscina e vista espetacular dos arredores.<\/div>\n      <div class=\"lk-stay-meta\">\n        <span class=\"lk-stay-stars\">\u2605\u2605\u2605\u2605<\/span>\n        <span class=\"lk-stay-price\">Verificar pre\u00e7os<\/span>\n      <\/div>\n      <span class=\"lk-stay-cta\">\n        <svg width=\"14\" height=\"14\" viewBox=\"0 0 24 24\" fill=\"none\" stroke=\"currentColor\" stroke-width=\"2\"><path d=\"M18 13v6a2 2 0 0 1-2 2H5a2 2 0 0 1-2-2V8a2 2 0 0 1 2-2h6\"\/><polyline points=\"15 3 21 3 21 9\"\/><line x1=\"10\" y1=\"14\" x2=\"21\" y2=\"3\"\/><\/svg>\n        Verificar disponibilidade\n      <\/span>\n    <\/a>\n\n    <a class=\"lk-stay-card\" href=\"https:\/\/www.stay22.com\/allez\/roam?aid=lukaskonecny&#038;campaign=loudavymkrokemcz&#038;campaign=pt-br&#038;campaign=dovolena-malta&#038;hotelname=Hotel%20Juliani&#038;address=St%20Julian%27s%2C%20Malta\" target=\"_blank\" rel=\"nofollow noopener\">\n      <span class=\"lk-stay-badge badge-nature\">\ud83c\udfe8 Hotel<\/span>\n      <div class=\"lk-stay-name\">Hotel Juliani<\/div>\n      <div class=\"lk-stay-desc\">Lindo hotel boutique na orla da Spinola Bay, oferece excelentes servi\u00e7os e uma atmosfera encantadora.<\/div>\n      <div class=\"lk-stay-meta\">\n        <span class=\"lk-stay-stars\">\u2605\u2605\u2605\u2605<\/span>\n        <span class=\"lk-stay-price\">Verificar pre\u00e7os<\/span>\n      <\/div>\n      <span class=\"lk-stay-cta\">\n        <svg width=\"14\" height=\"14\" viewBox=\"0 0 24 24\" fill=\"none\" stroke=\"currentColor\" stroke-width=\"2\"><path d=\"M18 13v6a2 2 0 0 1-2 2H5a2 2 0 0 1-2-2V8a2 2 0 0 1 2-2h6\"\/><polyline points=\"15 3 21 3 21 9\"\/><line x1=\"10\" y1=\"14\" x2=\"21\" y2=\"3\"\/><\/svg>\n        Verificar disponibilidade\n      <\/span>\n    <\/a>\n\n    <a class=\"lk-stay-card\" href=\"https:\/\/www.stay22.com\/allez\/roam?aid=lukaskonecny&#038;campaign=loudavymkrokemcz&#038;campaign=pt-br&#038;campaign=dovolena-malta&#038;hotelname=Corinthia%20St%20George%27s%20Bay&#038;address=St%20Julian%27s%2C%20Malta\" target=\"_blank\" rel=\"nofollow noopener\">\n      <span class=\"lk-stay-badge badge-nature\">\u2b50 Luxury<\/span>\n      <div class=\"lk-stay-name\">Corinthia St George&#8217;s Bay<\/div>\n      <div class=\"lk-stay-desc\">Resort cinco estrelas de luxo em frente \u00e0 ba\u00eda, m\u00e1ximo conforto e servi\u00e7o de primeira para os mais exigentes.<\/div>\n      <div class=\"lk-stay-meta\">\n        <span class=\"lk-stay-stars\">\u2605\u2605\u2605\u2605\u2605<\/span>\n        <span class=\"lk-stay-price\">Verificar pre\u00e7os<\/span>\n      <\/div>\n      <span class=\"lk-stay-cta\">\n        <svg width=\"14\" height=\"14\" viewBox=\"0 0 24 24\" fill=\"none\" stroke=\"currentColor\" stroke-width=\"2\"><path d=\"M18 13v6a2 2 0 0 1-2 2H5a2 2 0 0 1-2-2V8a2 2 0 0 1 2-2h6\"\/><polyline points=\"15 3 21 3 21 9\"\/><line x1=\"10\" y1=\"14\" x2=\"21\" y2=\"3\"\/><\/svg>\n        Verificar disponibilidade\n      <\/span>\n    <\/a>\n\n    <a class=\"lk-stay-card\" href=\"https:\/\/www.stay22.com\/allez\/roam?aid=lukaskonecny&#038;campaign=loudavymkrokemcz&#038;campaign=pt-br&#038;campaign=dovolena-malta&#038;hotelname=Hyatt%20Centric%20Malta&#038;address=St%20Julian%27s%2C%20Malta\" target=\"_blank\" rel=\"nofollow noopener\">\n      <span class=\"lk-stay-badge badge-nature\">\ud83c\udfe8 Hotel<\/span>\n      <div class=\"lk-stay-name\">Hyatt Centric Malta<\/div>\n      <div class=\"lk-stay-desc\">Hotel modernamente decorado na regi\u00e3o de St Julian&#8217;s, atrai com sua elegante piscina na cobertura.<\/div>\n      <div class=\"lk-stay-meta\">\n        <span class=\"lk-stay-stars\">\u2605\u2605\u2605\u2605<\/span>\n        <span class=\"lk-stay-price\">Verificar pre\u00e7os<\/span>\n      <\/div>\n      <span class=\"lk-stay-cta\">\n        <svg width=\"14\" height=\"14\" viewBox=\"0 0 24 24\" fill=\"none\" stroke=\"currentColor\" stroke-width=\"2\"><path d=\"M18 13v6a2 2 0 0 1-2 2H5a2 2 0 0 1-2-2V8a2 2 0 0 1 2-2h6\"\/><polyline points=\"15 3 21 3 21 9\"\/><line x1=\"10\" y1=\"14\" x2=\"21\" y2=\"3\"\/><\/svg>\n        Verificar disponibilidade\n      <\/span>\n    <\/a>\n\n    <a class=\"lk-stay-card\" href=\"https:\/\/www.stay22.com\/allez\/roam?aid=lukaskonecny&#038;campaign=loudavymkrokemcz&#038;campaign=pt-br&#038;campaign=dovolena-malta&#038;hotelname=db%20Seabank%20Resort%20%2B%20Spa&#038;address=Mellieha%2C%20Malta\" target=\"_blank\" rel=\"nofollow noopener\">\n      <span class=\"lk-stay-badge badge-nature\">\ud83c\udf32 Resort<\/span>\n      <div class=\"lk-stay-name\">db Seabank Resort + Spa<\/div>\n      <div class=\"lk-stay-desc\">Complexo popular com tudo inclu\u00eddo, a poucos passos da melhor praia de areia em Mellie\u0127a.<\/div>\n      <div class=\"lk-stay-meta\">\n        <span class=\"lk-stay-stars\">\u2605\u2605\u2605\u2605<\/span>\n        <span class=\"lk-stay-price\">Verificar pre\u00e7os<\/span>\n      <\/div>\n      <span class=\"lk-stay-cta\">\n        <svg width=\"14\" height=\"14\" viewBox=\"0 0 24 24\" fill=\"none\" stroke=\"currentColor\" stroke-width=\"2\"><path d=\"M18 13v6a2 2 0 0 1-2 2H5a2 2 0 0 1-2-2V8a2 2 0 0 1 2-2h6\"\/><polyline points=\"15 3 21 3 21 9\"\/><line x1=\"10\" y1=\"14\" x2=\"21\" y2=\"3\"\/><\/svg>\n        Verificar disponibilidade\n      <\/span>\n    <\/a>\n\n    <a class=\"lk-stay-card\" href=\"https:\/\/www.stay22.com\/allez\/roam?aid=lukaskonecny&#038;campaign=loudavymkrokemcz&#038;campaign=pt-br&#038;campaign=dovolena-malta&#038;hotelname=Kempinski%20Hotel%20San%20Lawrenz&#038;address=San%20Lawrenz%2C%20Gozo%2C%20Malta\" target=\"_blank\" rel=\"nofollow noopener\">\n      <span class=\"lk-stay-badge badge-nature\">\ud83c\udf32 Resort<\/span>\n      <div class=\"lk-stay-name\">Kempinski Hotel San Lawrenz<\/div>\n      <div class=\"lk-stay-desc\">Resort tranquilo e amplo no interior da ilha de Gozo, um verdadeiro o\u00e1sis de paz para o descanso perfeito.<\/div>\n      <div class=\"lk-stay-meta\">\n        <span class=\"lk-stay-stars\">\u2605\u2605\u2605\u2605<\/span>\n        <span class=\"lk-stay-price\">Verificar pre\u00e7os<\/span>\n      <\/div>\n      <span class=\"lk-stay-cta\">\n        <svg width=\"14\" height=\"14\" viewBox=\"0 0 24 24\" fill=\"none\" stroke=\"currentColor\" stroke-width=\"2\"><path d=\"M18 13v6a2 2 0 0 1-2 2H5a2 2 0 0 1-2-2V8a2 2 0 0 1 2-2h6\"\/><polyline points=\"15 3 21 3 21 9\"\/><line x1=\"10\" y1=\"14\" x2=\"21\" y2=\"3\"\/><\/svg>\n        Verificar disponibilidade\n      <\/span>\n    <\/a>\n\n  <\/div>\n\n  \n<\/div>\n\n\n\n\n<h3 id=\"18_Modra_laguna_na_Comino\" class=\"wp-block-heading\"><span class=\"ez-toc-section\" id=\"18_A_Lagoa_Azul_em_Comino\"><\/span>18. A Lagoa Azul em Comino<span class=\"ez-toc-section-end\"><\/span><\/h3>\n\n\n\n<p class=\"wp-block-paragraph\">A \u00e1gua de um turquesa reluzente, em contraste com o fundo de areia branca, fez desta enseada, disparado, o lugar mais fotog\u00eanico de todo o arquip\u00e9lago. Ela fica junto \u00e0s margens da pequena ilha de Comino, aonde o carro n\u00e3o chega de jeito nenhum, ent\u00e3o voc\u00ea precisa pagar um barco de passeio a partir de Malta ou de Gozo. E, segundo as fotos, parece um verdadeiro para\u00edso caribenho.<\/p>\n\n\n\n<figure data-wp-context=\"{&quot;imageId&quot;:&quot;6a9c2ebc1fa30&quot;}\" data-wp-interactive=\"core\/image\" data-wp-key=\"6a9c2ebc1fa30\" class=\"wp-block-image size-full wp-lightbox-container\"><img decoding=\"async\" width=\"1500\" height=\"1000\" data-wp-class--hide=\"state.isContentHidden\" data-wp-class--show=\"state.isContentVisible\" data-wp-init=\"callbacks.setButtonStyles\" data-wp-on--click=\"actions.showLightbox\" data-wp-on--load=\"callbacks.setButtonStyles\" data-wp-on--pointerdown=\"actions.preloadImage\" data-wp-on--pointerenter=\"actions.preloadImageWithDelay\" data-wp-on--pointerleave=\"actions.cancelPreload\" data-wp-on-window--resize=\"callbacks.setButtonStyles\" src=\"https:\/\/loudavymkrokem.cz\/wp-content\/uploads\/2026\/08\/dovolena-malta-t18.jpg\" alt=\"Lagoa Azul na ilhota de Comino\" class=\"wp-image-399720\" title=\"\" srcset=\"https:\/\/loudavymkrokem.cz\/wp-content\/uploads\/2026\/08\/dovolena-malta-t18.jpg 1500w, https:\/\/loudavymkrokem.cz\/wp-content\/uploads\/2026\/08\/dovolena-malta-t18-300x200.jpg 300w, https:\/\/loudavymkrokem.cz\/wp-content\/uploads\/2026\/08\/dovolena-malta-t18-700x467.jpg 700w, https:\/\/loudavymkrokem.cz\/wp-content\/uploads\/2026\/08\/dovolena-malta-t18-768x512.jpg 768w, https:\/\/loudavymkrokem.cz\/wp-content\/uploads\/2026\/08\/dovolena-malta-t18-696x464.jpg 696w, https:\/\/loudavymkrokem.cz\/wp-content\/uploads\/2026\/08\/dovolena-malta-t18-1392x928.jpg 1392w\" sizes=\"(max-width: 1500px) 100vw, 1500px\" \/><button\n\t\t\tclass=\"lightbox-trigger\"\n\t\t\ttype=\"button\"\n\t\t\taria-haspopup=\"dialog\"\n\t\t\tdata-wp-bind--aria-label=\"state.thisImage.triggerButtonAriaLabel\"\n\t\t\tdata-wp-init=\"callbacks.initTriggerButton\"\n\t\t\tdata-wp-on--click=\"actions.showLightbox\"\n\t\t\tdata-wp-style--right=\"state.thisImage.buttonRight\"\n\t\t\tdata-wp-style--top=\"state.thisImage.buttonTop\"\n\t\t>\n\t\t\t<svg xmlns=\"http:\/\/www.w3.org\/2000\/svg\" width=\"12\" height=\"12\" fill=\"none\" viewBox=\"0 0 12 12\">\n\t\t\t\t<path fill=\"#fff\" d=\"M2 0a2 2 0 0 0-2 2v2h1.5V2a.5.5 0 0 1 .5-.5h2V0H2Zm2 10.5H2a.5.5 0 0 1-.5-.5V8H0v2a2 2 0 0 0 2 2h2v-1.5ZM8 12v-1.5h2a.5.5 0 0 0 .5-.5V8H12v2a2 2 0 0 1-2 2H8Zm2-12a2 2 0 0 1 2 2v2h-1.5V2a.5.5 0 0 0-.5-.5H8V0h2Z\" \/>\n\t\t\t<\/svg>\n\t\t<\/button><figcaption class=\"wp-element-caption\">Lagoa Azul na ilhota de Comino (Foto: Frank Vincentz \/ Wikimedia Commons, CC BY-SA 3.0)<\/figcaption><\/figure>\n\n\n\n<p class=\"wp-block-paragraph\">Mas preciso ser totalmente sincera com voc\u00ea, porque em julho e agosto isso aqui, dizem, \u00e9 um grande e barulhento aperto, onde voc\u00ea n\u00e3o tem sequer a chance de estender uma toalha. Por isso, os moradores recomendam com veem\u00eancia <strong>sair no primeiro barco da manh\u00e3<\/strong> ou planejar a visita fora da alta temporada de ver\u00e3o, e, acima de tudo, levar \u00e1gua e sombra.<\/p>\n\n\n\n<h3 id=\"19_Victoria_a_Citadela\" class=\"wp-block-heading\"><span class=\"ez-toc-section\" id=\"19_Victoria_e_a_Cidadela\"><\/span>19. Victoria e a Cidadela<span class=\"ez-toc-section-end\"><\/span><\/h3>\n\n\n\n<p class=\"wp-block-paragraph\">A capital da mais verde ilha de Gozo, que os moradores costumam chamar pelo nome original de Rabat, esconde no seu centro uma majestosa Cidadela fortificada. Essa fortaleza inexpugn\u00e1vel protegeu no passado os habitantes das investidas dos piratas e hoje oferece uma <strong>maravilhosa vista panor\u00e2mica de toda a ilha<\/strong>, pela qual, segundo os visitantes, voc\u00ea certamente vai se apaixonar.<\/p>\n\n\n\n<figure data-wp-context=\"{&quot;imageId&quot;:&quot;6a9c2ebc1ff95&quot;}\" data-wp-interactive=\"core\/image\" data-wp-key=\"6a9c2ebc1ff95\" class=\"wp-block-image size-full wp-lightbox-container\"><img decoding=\"async\" width=\"1500\" height=\"1000\" data-wp-class--hide=\"state.isContentHidden\" data-wp-class--show=\"state.isContentVisible\" data-wp-init=\"callbacks.setButtonStyles\" data-wp-on--click=\"actions.showLightbox\" data-wp-on--load=\"callbacks.setButtonStyles\" data-wp-on--pointerdown=\"actions.preloadImage\" data-wp-on--pointerenter=\"actions.preloadImageWithDelay\" data-wp-on--pointerleave=\"actions.cancelPreload\" data-wp-on-window--resize=\"callbacks.setButtonStyles\" src=\"https:\/\/loudavymkrokem.cz\/wp-content\/uploads\/2026\/08\/dovolena-malta-t19.jpg\" alt=\"Cidadela em Victoria, na ilha de Gozo\" class=\"wp-image-399722\" title=\"\" srcset=\"https:\/\/loudavymkrokem.cz\/wp-content\/uploads\/2026\/08\/dovolena-malta-t19.jpg 1500w, https:\/\/loudavymkrokem.cz\/wp-content\/uploads\/2026\/08\/dovolena-malta-t19-300x200.jpg 300w, https:\/\/loudavymkrokem.cz\/wp-content\/uploads\/2026\/08\/dovolena-malta-t19-700x467.jpg 700w, https:\/\/loudavymkrokem.cz\/wp-content\/uploads\/2026\/08\/dovolena-malta-t19-768x512.jpg 768w, https:\/\/loudavymkrokem.cz\/wp-content\/uploads\/2026\/08\/dovolena-malta-t19-696x464.jpg 696w, https:\/\/loudavymkrokem.cz\/wp-content\/uploads\/2026\/08\/dovolena-malta-t19-1392x928.jpg 1392w\" sizes=\"(max-width: 1500px) 100vw, 1500px\" \/><button\n\t\t\tclass=\"lightbox-trigger\"\n\t\t\ttype=\"button\"\n\t\t\taria-haspopup=\"dialog\"\n\t\t\tdata-wp-bind--aria-label=\"state.thisImage.triggerButtonAriaLabel\"\n\t\t\tdata-wp-init=\"callbacks.initTriggerButton\"\n\t\t\tdata-wp-on--click=\"actions.showLightbox\"\n\t\t\tdata-wp-style--right=\"state.thisImage.buttonRight\"\n\t\t\tdata-wp-style--top=\"state.thisImage.buttonTop\"\n\t\t>\n\t\t\t<svg xmlns=\"http:\/\/www.w3.org\/2000\/svg\" width=\"12\" height=\"12\" fill=\"none\" viewBox=\"0 0 12 12\">\n\t\t\t\t<path fill=\"#fff\" d=\"M2 0a2 2 0 0 0-2 2v2h1.5V2a.5.5 0 0 1 .5-.5h2V0H2Zm2 10.5H2a.5.5 0 0 1-.5-.5V8H0v2a2 2 0 0 0 2 2h2v-1.5ZM8 12v-1.5h2a.5.5 0 0 0 .5-.5V8H12v2a2 2 0 0 1-2 2H8Zm2-12a2 2 0 0 1 2 2v2h-1.5V2a.5.5 0 0 0-.5-.5H8V0h2Z\" \/>\n\t\t\t<\/svg>\n\t\t<\/button><figcaption class=\"wp-element-caption\">Cidadela em Victoria, na ilha de Gozo (Foto: CEphoto, Uwe Aranas \/ Wikimedia Commons, CC BY-SA 3.0)<\/figcaption><\/figure>\n\n\n\n<p class=\"wp-block-paragraph\">Voc\u00ea chega a Gozo de balsa a partir do porto de \u010airkewwa, o que leva cerca de 25 minutos, ou pode usar o catamar\u00e3 r\u00e1pido de Valletta, que navega por uns tr\u00eas quartos de hora. Uma curiosidade pr\u00e1tica \u00e9 que <strong>a ida para a ilha n\u00e3o se paga<\/strong>: voc\u00ea compra o bilhete da balsa s\u00f3 na viagem de volta a Malta, o que evita atrasos desnecess\u00e1rios na partida.<\/p>\n\n\n\n<h3 id=\"20_Dwejra_a_Vnitrozemske_more\" class=\"wp-block-heading\"><span class=\"ez-toc-section\" id=\"20_Dwejra_e_o_Mar_Interior\"><\/span>20. Dwejra e o Mar Interior<span class=\"ez-toc-section-end\"><\/span><\/h3>\n\n\n\n<p class=\"wp-block-paragraph\">Esta parte da ilha de Gozo era famosa principalmente pela Janela Azul, um enorme arco rochoso que, infelizmente, desabou no mar em 2017 durante uma forte tempestade. Mesmo sem ele, por\u00e9m, a natureza faz aqui um espet\u00e1culo incr\u00edvel, porque restou o fascinante Mar Interior e <strong>\u00f3timas condi\u00e7\u00f5es para mergulho em grutas profundas<\/strong>.<\/p>\n\n\n\n<figure data-wp-context=\"{&quot;imageId&quot;:&quot;6a9c2ebc20476&quot;}\" data-wp-interactive=\"core\/image\" data-wp-key=\"6a9c2ebc20476\" class=\"wp-block-image size-full wp-lightbox-container\"><img decoding=\"async\" width=\"1500\" height=\"998\" data-wp-class--hide=\"state.isContentHidden\" data-wp-class--show=\"state.isContentVisible\" data-wp-init=\"callbacks.setButtonStyles\" data-wp-on--click=\"actions.showLightbox\" data-wp-on--load=\"callbacks.setButtonStyles\" data-wp-on--pointerdown=\"actions.preloadImage\" data-wp-on--pointerenter=\"actions.preloadImageWithDelay\" data-wp-on--pointerleave=\"actions.cancelPreload\" data-wp-on-window--resize=\"callbacks.setButtonStyles\" src=\"https:\/\/loudavymkrokem.cz\/wp-content\/uploads\/2026\/08\/dovolena-malta-t20.jpg\" alt=\"Dwejra e o Mar Interior em Gozo\" class=\"wp-image-399725\" title=\"\" srcset=\"https:\/\/loudavymkrokem.cz\/wp-content\/uploads\/2026\/08\/dovolena-malta-t20.jpg 1500w, https:\/\/loudavymkrokem.cz\/wp-content\/uploads\/2026\/08\/dovolena-malta-t20-300x200.jpg 300w, https:\/\/loudavymkrokem.cz\/wp-content\/uploads\/2026\/08\/dovolena-malta-t20-700x466.jpg 700w, https:\/\/loudavymkrokem.cz\/wp-content\/uploads\/2026\/08\/dovolena-malta-t20-768x511.jpg 768w, https:\/\/loudavymkrokem.cz\/wp-content\/uploads\/2026\/08\/dovolena-malta-t20-696x463.jpg 696w, https:\/\/loudavymkrokem.cz\/wp-content\/uploads\/2026\/08\/dovolena-malta-t20-1392x926.jpg 1392w\" sizes=\"(max-width: 1500px) 100vw, 1500px\" \/><button\n\t\t\tclass=\"lightbox-trigger\"\n\t\t\ttype=\"button\"\n\t\t\taria-haspopup=\"dialog\"\n\t\t\tdata-wp-bind--aria-label=\"state.thisImage.triggerButtonAriaLabel\"\n\t\t\tdata-wp-init=\"callbacks.initTriggerButton\"\n\t\t\tdata-wp-on--click=\"actions.showLightbox\"\n\t\t\tdata-wp-style--right=\"state.thisImage.buttonRight\"\n\t\t\tdata-wp-style--top=\"state.thisImage.buttonTop\"\n\t\t>\n\t\t\t<svg xmlns=\"http:\/\/www.w3.org\/2000\/svg\" width=\"12\" height=\"12\" fill=\"none\" viewBox=\"0 0 12 12\">\n\t\t\t\t<path fill=\"#fff\" d=\"M2 0a2 2 0 0 0-2 2v2h1.5V2a.5.5 0 0 1 .5-.5h2V0H2Zm2 10.5H2a.5.5 0 0 1-.5-.5V8H0v2a2 2 0 0 0 2 2h2v-1.5ZM8 12v-1.5h2a.5.5 0 0 0 .5-.5V8H12v2a2 2 0 0 1-2 2H8Zm2-12a2 2 0 0 1 2 2v2h-1.5V2a.5.5 0 0 0-.5-.5H8V0h2Z\" \/>\n\t\t\t<\/svg>\n\t\t<\/button><figcaption class=\"wp-element-caption\">Dwejra e o Mar Interior em Gozo (Foto: portengaround \/ Wikimedia Commons, CC BY-SA 2.0)<\/figcaption><\/figure>\n\n\n\n<p class=\"wp-block-paragraph\">O Mar Interior \u00e9, na verdade, uma pequena e rasa lagoa ligada ao mar aberto por um estreito t\u00fanel rochoso, pelo qual os pequenos barcos de passeio adoram navegar. Os viajantes experientes elogiam aqui as <strong>\u00f3timas condi\u00e7\u00f5es para snorkel<\/strong>, mas ao mesmo tempo avisam que a costa rochosa e afiada exige cuidado e um cal\u00e7ado firme para a \u00e1gua.<\/p>\n\n\n\n<h3 id=\"21_Ramla_Bay_nejhezci_pisecna_plaz_souostrovi\" class=\"wp-block-heading\"><span class=\"ez-toc-section\" id=\"21_Ramla_Bay_a_praia_de_areia_mais_bonita_do_arquipelago\"><\/span>21. Ramla Bay: a praia de areia mais bonita do arquip\u00e9lago<span class=\"ez-toc-section-end\"><\/span><\/h3>\n\n\n\n<p class=\"wp-block-paragraph\">Se voc\u00ea procurar em Gozo a praia de areia absolutamente mais bonita, todos v\u00e3o te mandar na hora para a costa norte, para a espa\u00e7osa enseada de Ramla. A sua <strong>areia laranja-avermelhada, t\u00e3o caracter\u00edstica, contrasta com a \u00e1gua limpa<\/strong>, e bem acima da enseada ergue-se a famosa Gruta de Calipso, onde, segundo as lendas, a ninfa Calipso teria retido o m\u00edtico Odisseu por longos sete anos.<\/p>\n\n\n\n<figure data-wp-context=\"{&quot;imageId&quot;:&quot;6a9c2ebc20b02&quot;}\" data-wp-interactive=\"core\/image\" data-wp-key=\"6a9c2ebc20b02\" class=\"wp-block-image size-full wp-lightbox-container\"><img decoding=\"async\" width=\"1500\" height=\"972\" data-wp-class--hide=\"state.isContentHidden\" data-wp-class--show=\"state.isContentVisible\" data-wp-init=\"callbacks.setButtonStyles\" data-wp-on--click=\"actions.showLightbox\" data-wp-on--load=\"callbacks.setButtonStyles\" data-wp-on--pointerdown=\"actions.preloadImage\" data-wp-on--pointerenter=\"actions.preloadImageWithDelay\" data-wp-on--pointerleave=\"actions.cancelPreload\" data-wp-on-window--resize=\"callbacks.setButtonStyles\" src=\"https:\/\/loudavymkrokem.cz\/wp-content\/uploads\/2026\/08\/dovolena-malta-t21.jpg\" alt=\"Areia vermelha da praia Ramla Bay\" class=\"wp-image-399728\" title=\"\" srcset=\"https:\/\/loudavymkrokem.cz\/wp-content\/uploads\/2026\/08\/dovolena-malta-t21.jpg 1500w, https:\/\/loudavymkrokem.cz\/wp-content\/uploads\/2026\/08\/dovolena-malta-t21-300x194.jpg 300w, https:\/\/loudavymkrokem.cz\/wp-content\/uploads\/2026\/08\/dovolena-malta-t21-700x454.jpg 700w, https:\/\/loudavymkrokem.cz\/wp-content\/uploads\/2026\/08\/dovolena-malta-t21-768x498.jpg 768w, https:\/\/loudavymkrokem.cz\/wp-content\/uploads\/2026\/08\/dovolena-malta-t21-696x451.jpg 696w, https:\/\/loudavymkrokem.cz\/wp-content\/uploads\/2026\/08\/dovolena-malta-t21-1392x902.jpg 1392w\" sizes=\"(max-width: 1500px) 100vw, 1500px\" \/><button\n\t\t\tclass=\"lightbox-trigger\"\n\t\t\ttype=\"button\"\n\t\t\taria-haspopup=\"dialog\"\n\t\t\tdata-wp-bind--aria-label=\"state.thisImage.triggerButtonAriaLabel\"\n\t\t\tdata-wp-init=\"callbacks.initTriggerButton\"\n\t\t\tdata-wp-on--click=\"actions.showLightbox\"\n\t\t\tdata-wp-style--right=\"state.thisImage.buttonRight\"\n\t\t\tdata-wp-style--top=\"state.thisImage.buttonTop\"\n\t\t>\n\t\t\t<svg xmlns=\"http:\/\/www.w3.org\/2000\/svg\" width=\"12\" height=\"12\" fill=\"none\" viewBox=\"0 0 12 12\">\n\t\t\t\t<path fill=\"#fff\" d=\"M2 0a2 2 0 0 0-2 2v2h1.5V2a.5.5 0 0 1 .5-.5h2V0H2Zm2 10.5H2a.5.5 0 0 1-.5-.5V8H0v2a2 2 0 0 0 2 2h2v-1.5ZM8 12v-1.5h2a.5.5 0 0 0 .5-.5V8H12v2a2 2 0 0 1-2 2H8Zm2-12a2 2 0 0 1 2 2v2h-1.5V2a.5.5 0 0 0-.5-.5H8V0h2Z\" \/>\n\t\t\t<\/svg>\n\t\t<\/button><figcaption class=\"wp-element-caption\">Areia vermelha da praia Ramla Bay (Foto: JosephAmodio \/ Wikimedia Commons, CC BY-SA 4.0)<\/figcaption><\/figure>\n\n\n\n<p class=\"wp-block-paragraph\">Voc\u00ea chega comodamente at\u00e9 a areia com os \u00f4nibus locais, que v\u00eam at\u00e9 aqui regularmente a partir da capital da ilha. Se voc\u00ea quer economizar no transporte durante toda a estadia, com certeza vale a pena comprar um <strong>cart\u00e3o tur\u00edstico semanal<\/strong>, que sai por cerca de 25 euros, o que d\u00e1 em torno de R$ 150.<\/p>\n\n\n\n<h3 id=\"22_Ggantija_nejstarsi_volne_stojici_stavby_na_svete\" class=\"wp-block-heading\"><span class=\"ez-toc-section\" id=\"22_Ggantija_as_construcoes_autoportantes_mais_antigas_do_mundo\"><\/span>22. \u0120gantija: as constru\u00e7\u00f5es autoportantes mais antigas do mundo<span class=\"ez-toc-section-end\"><\/span><\/h3>\n\n\n\n<p class=\"wp-block-paragraph\">Os historiadores concordam que, se voc\u00ea curte a Antiguidade, este incr\u00edvel complexo de templos na ilha de Gozo vai literalmente te deixar de queixo ca\u00eddo. Estas maci\u00e7as constru\u00e7\u00f5es megal\u00edticas, obviamente protegidas pela UNESCO, representam, dizem, as <strong>constru\u00e7\u00f5es autoportantes mais antigas do mundo inteiro<\/strong>, ent\u00e3o botam no bolso, com folga, at\u00e9 o brit\u00e2nico Stonehenge.<\/p>\n\n\n\n<figure data-wp-context=\"{&quot;imageId&quot;:&quot;6a9c2ebc20fcb&quot;}\" data-wp-interactive=\"core\/image\" data-wp-key=\"6a9c2ebc20fcb\" class=\"wp-block-image size-full wp-lightbox-container\"><img decoding=\"async\" width=\"1500\" height=\"1000\" data-wp-class--hide=\"state.isContentHidden\" data-wp-class--show=\"state.isContentVisible\" data-wp-init=\"callbacks.setButtonStyles\" data-wp-on--click=\"actions.showLightbox\" data-wp-on--load=\"callbacks.setButtonStyles\" data-wp-on--pointerdown=\"actions.preloadImage\" data-wp-on--pointerenter=\"actions.preloadImageWithDelay\" data-wp-on--pointerleave=\"actions.cancelPreload\" data-wp-on-window--resize=\"callbacks.setButtonStyles\" src=\"https:\/\/loudavymkrokem.cz\/wp-content\/uploads\/2026\/08\/dovolena-malta-t22.jpg\" alt=\"Templos megal\u00edticos \u0120gantija em Gozo\" class=\"wp-image-399732\" title=\"\" srcset=\"https:\/\/loudavymkrokem.cz\/wp-content\/uploads\/2026\/08\/dovolena-malta-t22.jpg 1500w, https:\/\/loudavymkrokem.cz\/wp-content\/uploads\/2026\/08\/dovolena-malta-t22-300x200.jpg 300w, https:\/\/loudavymkrokem.cz\/wp-content\/uploads\/2026\/08\/dovolena-malta-t22-700x467.jpg 700w, https:\/\/loudavymkrokem.cz\/wp-content\/uploads\/2026\/08\/dovolena-malta-t22-768x512.jpg 768w, https:\/\/loudavymkrokem.cz\/wp-content\/uploads\/2026\/08\/dovolena-malta-t22-696x464.jpg 696w, https:\/\/loudavymkrokem.cz\/wp-content\/uploads\/2026\/08\/dovolena-malta-t22-1392x928.jpg 1392w\" sizes=\"(max-width: 1500px) 100vw, 1500px\" \/><button\n\t\t\tclass=\"lightbox-trigger\"\n\t\t\ttype=\"button\"\n\t\t\taria-haspopup=\"dialog\"\n\t\t\tdata-wp-bind--aria-label=\"state.thisImage.triggerButtonAriaLabel\"\n\t\t\tdata-wp-init=\"callbacks.initTriggerButton\"\n\t\t\tdata-wp-on--click=\"actions.showLightbox\"\n\t\t\tdata-wp-style--right=\"state.thisImage.buttonRight\"\n\t\t\tdata-wp-style--top=\"state.thisImage.buttonTop\"\n\t\t>\n\t\t\t<svg xmlns=\"http:\/\/www.w3.org\/2000\/svg\" width=\"12\" height=\"12\" fill=\"none\" viewBox=\"0 0 12 12\">\n\t\t\t\t<path fill=\"#fff\" d=\"M2 0a2 2 0 0 0-2 2v2h1.5V2a.5.5 0 0 1 .5-.5h2V0H2Zm2 10.5H2a.5.5 0 0 1-.5-.5V8H0v2a2 2 0 0 0 2 2h2v-1.5ZM8 12v-1.5h2a.5.5 0 0 0 .5-.5V8H12v2a2 2 0 0 1-2 2H8Zm2-12a2 2 0 0 1 2 2v2h-1.5V2a.5.5 0 0 0-.5-.5H8V0h2Z\" \/>\n\t\t\t<\/svg>\n\t\t<\/button><figcaption class=\"wp-element-caption\">Templos megal\u00edticos \u0120gantija em Gozo (Foto: Diego Delso \/ Wikimedia Commons, CC BY-SA 4.0)<\/figcaption><\/figure>\n\n\n\n<p class=\"wp-block-paragraph\">Os enormes blocos de calc\u00e1rio pesam v\u00e1rias dezenas de toneladas e, segundo as antigas lendas, teriam sido trazidos at\u00e9 aqui por gigantes, porque os habitantes da \u00e9poca n\u00e3o conseguiam explicar de outra forma como aquilo foi constru\u00eddo. A visita ao complexo \u00e9 muito bem organizada e come\u00e7a num moderno centro de visitantes, onde se recomenda <strong>estudar com aten\u00e7\u00e3o os artefatos expostos<\/strong>, para voc\u00ea ter contexto.<\/p>\n\n\n\n<h3 id=\"23_Xlendi_a_Marsalforn\" class=\"wp-block-heading\"><span class=\"ez-toc-section\" id=\"23_Xlendi_e_Marsalforn\"><\/span>23. Xlendi e Marsalforn<span class=\"ez-toc-section-end\"><\/span><\/h3>\n\n\n\n<p class=\"wp-block-paragraph\">Estes dois balne\u00e1rios muito tranquilos e simp\u00e1ticos s\u00e3o a base ideal para umas f\u00e9rias descontra\u00eddas na ilha de Gozo. Enquanto a estreita enseada de Xlendi deslumbra com fal\u00e9sias dram\u00e1ticas e pores do sol maravilhosos, Marsalforn atrai por um belo cal\u00e7ad\u00e3o e pelas <strong>hist\u00f3ricas e singulares salinas<\/strong>, esculpidas diretamente nas rochas do litoral logo depois da cidade.<\/p>\n\n\n\n<figure data-wp-context=\"{&quot;imageId&quot;:&quot;6a9c2ebc214be&quot;}\" data-wp-interactive=\"core\/image\" data-wp-key=\"6a9c2ebc214be\" class=\"wp-block-image size-full wp-lightbox-container\"><img decoding=\"async\" width=\"1500\" height=\"1000\" data-wp-class--hide=\"state.isContentHidden\" data-wp-class--show=\"state.isContentVisible\" data-wp-init=\"callbacks.setButtonStyles\" data-wp-on--click=\"actions.showLightbox\" data-wp-on--load=\"callbacks.setButtonStyles\" data-wp-on--pointerdown=\"actions.preloadImage\" data-wp-on--pointerenter=\"actions.preloadImageWithDelay\" data-wp-on--pointerleave=\"actions.cancelPreload\" data-wp-on-window--resize=\"callbacks.setButtonStyles\" src=\"https:\/\/loudavymkrokem.cz\/wp-content\/uploads\/2026\/08\/dovolena-malta-t23.jpg\" alt=\"Enseada de Xlendi na ilha de Gozo\" class=\"wp-image-399733\" title=\"\" srcset=\"https:\/\/loudavymkrokem.cz\/wp-content\/uploads\/2026\/08\/dovolena-malta-t23.jpg 1500w, https:\/\/loudavymkrokem.cz\/wp-content\/uploads\/2026\/08\/dovolena-malta-t23-300x200.jpg 300w, https:\/\/loudavymkrokem.cz\/wp-content\/uploads\/2026\/08\/dovolena-malta-t23-700x467.jpg 700w, https:\/\/loudavymkrokem.cz\/wp-content\/uploads\/2026\/08\/dovolena-malta-t23-768x512.jpg 768w, https:\/\/loudavymkrokem.cz\/wp-content\/uploads\/2026\/08\/dovolena-malta-t23-696x464.jpg 696w, https:\/\/loudavymkrokem.cz\/wp-content\/uploads\/2026\/08\/dovolena-malta-t23-1392x928.jpg 1392w\" sizes=\"(max-width: 1500px) 100vw, 1500px\" \/><button\n\t\t\tclass=\"lightbox-trigger\"\n\t\t\ttype=\"button\"\n\t\t\taria-haspopup=\"dialog\"\n\t\t\tdata-wp-bind--aria-label=\"state.thisImage.triggerButtonAriaLabel\"\n\t\t\tdata-wp-init=\"callbacks.initTriggerButton\"\n\t\t\tdata-wp-on--click=\"actions.showLightbox\"\n\t\t\tdata-wp-style--right=\"state.thisImage.buttonRight\"\n\t\t\tdata-wp-style--top=\"state.thisImage.buttonTop\"\n\t\t>\n\t\t\t<svg xmlns=\"http:\/\/www.w3.org\/2000\/svg\" width=\"12\" height=\"12\" fill=\"none\" viewBox=\"0 0 12 12\">\n\t\t\t\t<path fill=\"#fff\" d=\"M2 0a2 2 0 0 0-2 2v2h1.5V2a.5.5 0 0 1 .5-.5h2V0H2Zm2 10.5H2a.5.5 0 0 1-.5-.5V8H0v2a2 2 0 0 0 2 2h2v-1.5ZM8 12v-1.5h2a.5.5 0 0 0 .5-.5V8H12v2a2 2 0 0 1-2 2H8Zm2-12a2 2 0 0 1 2 2v2h-1.5V2a.5.5 0 0 0-.5-.5H8V0h2Z\" \/>\n\t\t\t<\/svg>\n\t\t<\/button><figcaption class=\"wp-element-caption\">Enseada de Xlendi na ilha de Gozo (Foto: Diego Delso \/ Wikimedia Commons, CC BY-SA 4.0)<\/figcaption><\/figure>\n\n\n\n<p class=\"wp-block-paragraph\">As duas cidadezinhas oferecem uma conex\u00e3o de \u00f4nibus bastante boa com a capital Victoria, ent\u00e3o voc\u00ea faz passeios por toda a ilha com facilidade. O banho aqui acontece principalmente a partir de terra\u00e7os rochosos adaptados com escadas, ao longo dos quais voc\u00ea encontra um monte de restaurantes servindo especialidades locais. Para aproveitar, \u00e9 s\u00f3 dar uma olhada em <a href=\"https:\/\/loudavymkrokem.cz\/pt-br\/passagens-aereas-baratas-dicas\/\">como conseguir passagens baratas<\/a> e partir.<\/p>\n\n\n\n<h3 id=\"24_Nejhezci_plaze_Golden_Bay_Gajn_Tuffiea_a_Melliea_Bay\" class=\"wp-block-heading\"><span class=\"ez-toc-section\" id=\"24_As_praias_mais_bonitas_Golden_Bay_Ghajn_Tuffieha_e_Mellieha_Bay\"><\/span>24. As praias mais bonitas: Golden Bay, G\u0127ajn Tuffie\u0127a e Mellie\u0127a Bay<span class=\"ez-toc-section-end\"><\/span><\/h3>\n\n\n\n<p class=\"wp-block-paragraph\">Para fechar, precisamos, claro, resumir o mais importante para os amantes de praia, porque Malta oferece tr\u00eas belezas principais de areia. As fam\u00edlias com crian\u00e7as, dizem, valorizam mais a rasa enseada de Mellie\u0127a Bay, enquanto um pouco adiante fica a popular Golden Bay e, bem ao lado dela, a mais tranquila G\u0127ajn Tuffie\u0127a, \u00e0 qual voc\u00ea <strong>precisa descer por escadas \u00edngremes<\/strong>.<\/p>\n\n\n\n<figure data-wp-context=\"{&quot;imageId&quot;:&quot;6a9c2ebc21a15&quot;}\" data-wp-interactive=\"core\/image\" data-wp-key=\"6a9c2ebc21a15\" class=\"wp-block-image size-full wp-lightbox-container\"><img decoding=\"async\" width=\"1500\" height=\"997\" data-wp-class--hide=\"state.isContentHidden\" data-wp-class--show=\"state.isContentVisible\" data-wp-init=\"callbacks.setButtonStyles\" data-wp-on--click=\"actions.showLightbox\" data-wp-on--load=\"callbacks.setButtonStyles\" data-wp-on--pointerdown=\"actions.preloadImage\" data-wp-on--pointerenter=\"actions.preloadImageWithDelay\" data-wp-on--pointerleave=\"actions.cancelPreload\" data-wp-on-window--resize=\"callbacks.setButtonStyles\" src=\"https:\/\/loudavymkrokem.cz\/wp-content\/uploads\/2026\/08\/dovolena-malta-t24.jpg\" alt=\"Praia Golden Bay em Malta\" class=\"wp-image-399736\" title=\"\" srcset=\"https:\/\/loudavymkrokem.cz\/wp-content\/uploads\/2026\/08\/dovolena-malta-t24.jpg 1500w, https:\/\/loudavymkrokem.cz\/wp-content\/uploads\/2026\/08\/dovolena-malta-t24-300x199.jpg 300w, https:\/\/loudavymkrokem.cz\/wp-content\/uploads\/2026\/08\/dovolena-malta-t24-700x465.jpg 700w, https:\/\/loudavymkrokem.cz\/wp-content\/uploads\/2026\/08\/dovolena-malta-t24-768x510.jpg 768w, https:\/\/loudavymkrokem.cz\/wp-content\/uploads\/2026\/08\/dovolena-malta-t24-696x463.jpg 696w, https:\/\/loudavymkrokem.cz\/wp-content\/uploads\/2026\/08\/dovolena-malta-t24-1392x925.jpg 1392w\" sizes=\"(max-width: 1500px) 100vw, 1500px\" \/><button\n\t\t\tclass=\"lightbox-trigger\"\n\t\t\ttype=\"button\"\n\t\t\taria-haspopup=\"dialog\"\n\t\t\tdata-wp-bind--aria-label=\"state.thisImage.triggerButtonAriaLabel\"\n\t\t\tdata-wp-init=\"callbacks.initTriggerButton\"\n\t\t\tdata-wp-on--click=\"actions.showLightbox\"\n\t\t\tdata-wp-style--right=\"state.thisImage.buttonRight\"\n\t\t\tdata-wp-style--top=\"state.thisImage.buttonTop\"\n\t\t>\n\t\t\t<svg xmlns=\"http:\/\/www.w3.org\/2000\/svg\" width=\"12\" height=\"12\" fill=\"none\" viewBox=\"0 0 12 12\">\n\t\t\t\t<path fill=\"#fff\" d=\"M2 0a2 2 0 0 0-2 2v2h1.5V2a.5.5 0 0 1 .5-.5h2V0H2Zm2 10.5H2a.5.5 0 0 1-.5-.5V8H0v2a2 2 0 0 0 2 2h2v-1.5ZM8 12v-1.5h2a.5.5 0 0 0 .5-.5V8H12v2a2 2 0 0 1-2 2H8Zm2-12a2 2 0 0 1 2 2v2h-1.5V2a.5.5 0 0 0-.5-.5H8V0h2Z\" \/>\n\t\t\t<\/svg>\n\t\t<\/button><figcaption class=\"wp-element-caption\">Praia Golden Bay em Malta (Foto: Searching For Bliss \/ Wikimedia Commons, CC BY 4.0)<\/figcaption><\/figure>\n\n\n\n<p class=\"wp-block-paragraph\">Justamente por causa das escadas, a enseada de G\u0127ajn Tuffie\u0127a costuma ser um pouco menos lotada, mas mesmo assim quero relembrar de novo uma grande particularidade maltesa. A maior parte dos banhos por todo o arquip\u00e9lago acontece a partir de rochas e plataformas de concreto, ent\u00e3o, se voc\u00ea ama mesmo longas praias de areia, <strong>planeje sua hospedagem, logicamente, perto dessas tr\u00eas enseadas mencionadas<\/strong>.<\/p>\n\n\n\n<h2 id=\"Kde_se_ubytovat_na_Malte_nejlepsi_oblasti_a_konkretni_hotely\" class=\"wp-block-heading\"><span class=\"ez-toc-section\" id=\"Onde_ficar_em_Malta_e_Gozo_melhores_areas_e_hoteis_especificos\"><\/span>Onde ficar em Malta e Gozo: melhores \u00e1reas e hot\u00e9is espec\u00edficos<span class=\"ez-toc-section-end\"><\/span><\/h2>\n\n\n\n<p class=\"wp-block-paragraph\">Malta \u00e9 bem pequenininha em extens\u00e3o, e na hora de escolher a hospedagem isso na verdade n\u00e3o faz tanta diferen\u00e7a, porque d\u00e1 tranquilamente para ficar num \u00fanico lugar e, dali, percorrer toda a ilha com conforto. <strong>Muito mais importante \u00e9 a atmosfera do pr\u00f3prio local<\/strong>, j\u00e1 que cada cidadezinha oferece uma experi\u00eancia completamente diferente e op\u00e7\u00f5es distintas de divers\u00e3o noturna.<\/p>\n\n\n\n<p class=\"wp-block-paragraph\">Enquanto em alguns lugares voc\u00ea encontra ruelas hist\u00f3ricas tranquilas, feitas para passeios rom\u00e2nticos, em outros te espera uma vida noturna agitada, cheia de bares e m\u00fasica muito alta. <strong>Recomendo pensar de antem\u00e3o que tipo de f\u00e9rias voc\u00ea est\u00e1 procurando<\/strong> e escolher, com base nisso, o seu lar tempor\u00e1rio para os dias de folga.<\/p>\n\n\n\n<p class=\"wp-block-paragraph\">\ud83d\udca1 <strong>Dica:<\/strong> antes de come\u00e7ar a escolher um hotel espec\u00edfico, d\u00ea uma olhada na <a href=\"https:\/\/www.stay22.com\/allez\/roam?aid=lukaskonecny&amp;campaign=loudavymkrokemcz&amp;campaign=dovolena-malta&amp;address=Malta\" target=\"_blank\" rel=\"nofollow noopener sponsored\">oferta atual de hospedagens em Malta<\/a> e ative o filtro de cancelamento gratuito. Na alta temporada, os hot\u00e9is mais bem avaliados se esgotam at\u00e9 v\u00e1rios meses antes.<\/p>\n\n\n\n<h3 id=\"Kterou_oblast_vybrat\" class=\"wp-block-heading\"><span class=\"ez-toc-section\" id=\"Qual_area_escolher\"><\/span>Qual \u00e1rea escolher<span class=\"ez-toc-section-end\"><\/span><\/h3>\n\n\n\n<ul class=\"wp-block-list\">\n<li><strong>Sliema:<\/strong> oferece um cal\u00e7ad\u00e3o maravilhoso, ladeado de lojas, <strong>banhos direto das plataformas rochosas<\/strong> e uma enorme vantagem que \u00e9 a balsa, com a qual voc\u00ea chega a Valletta em agrad\u00e1veis dez minutos.<\/li>\n\n\n\n<li><strong>St Julian&#8217;s e Paceville:<\/strong> se voc\u00ea procura vida noturna pulsante e muitos restaurantes, aqui vai ficar empolgado, mas <strong>prepare-se para um ambiente bem barulhento<\/strong>, que atrai principalmente os jovens viajantes.<\/li>\n\n\n\n<li><strong>Valletta:<\/strong> te envolve com uma hist\u00f3ria riqu\u00edssima e uma atmosfera \u00fanica em hot\u00e9is-butique maravilhosos, \u00e0 noite a cidadezinha fica agradavelmente calma, s\u00f3 <strong>conte com uma enorme falta de vagas de estacionamento<\/strong>.<\/li>\n\n\n\n<li><strong>Mellie\u0127a e o norte:<\/strong> \u00e1rea mais tranquila, ideal para fam\u00edlias com crian\u00e7as, de onde voc\u00ea fica <strong>mais perto das grandes praias de areia<\/strong> e do porto com as balsas rumo \u00e0 ilha de Gozo.<\/li>\n\n\n\n<li><strong>Gozo:<\/strong> aqui o tempo passa num ritmo totalmente diferente e a ilha \u00e9 famosa pelas suas casas de campo, chamadas farmhouses, com piscina privativa, o que faz dela um <strong>destino ideal para a segunda metade da sua estadia<\/strong>.<\/li>\n<\/ul>\n\n\n\n<h3 id=\"Konkretni_tipy_na_ubytovani\" class=\"wp-block-heading\"><span class=\"ez-toc-section\" id=\"Dicas_especificas_de_hospedagem\"><\/span>Dicas espec\u00edficas de hospedagem<span class=\"ez-toc-section-end\"><\/span><\/h3>\n\n\n\n<ul class=\"wp-block-list\">\n<li><strong><a href=\"https:\/\/www.stay22.com\/allez\/roam?aid=lukaskonecny&amp;campaign=loudavymkrokemcz&amp;campaign=dovolena-malta&amp;hotelname=The%20Embassy%20Valletta%20Hotel&amp;address=Valletta%2C%20Malta\" target=\"_blank\" rel=\"noopener nofollow sponsored\">The Embassy Valletta Hotel<\/a>:<\/strong> este hotel incr\u00edvel fica bem no centro hist\u00f3rico e o seu maior atrativo \u00e9 a <strong>cobertura com piscina e vista sensacional<\/strong> de toda a redondeza.<\/li>\n\n\n\n<li><strong><a href=\"https:\/\/www.stay22.com\/allez\/roam?aid=lukaskonecny&amp;campaign=loudavymkrokemcz&amp;campaign=dovolena-malta&amp;hotelname=Hotel%20Juliani&amp;address=St%20Julian%27s%2C%20Malta\" target=\"_blank\" rel=\"noopener nofollow sponsored\">Hotel Juliani<\/a>:<\/strong> lindo hotel-butique localizado bem na orla de Spinola Bay, que, segundo as avalia\u00e7\u00f5es, <strong>oferece \u00f3timos servi\u00e7os e uma atmosfera encantadora<\/strong>.<\/li>\n\n\n\n<li><strong><a href=\"https:\/\/www.stay22.com\/allez\/roam?aid=lukaskonecny&amp;campaign=loudavymkrokemcz&amp;campaign=dovolena-malta&amp;hotelname=Corinthia%20St%20George%27s%20Bay&amp;address=St%20Julian%27s%2C%20Malta\" target=\"_blank\" rel=\"noopener nofollow sponsored\">Corinthia St George&#8217;s Bay<\/a>:<\/strong> resort de luxo cinco estrelas situado bem na enseada, onde voc\u00ea pode <strong>desfrutar do m\u00e1ximo conforto<\/strong> e de um servi\u00e7o de primeira para os mais exigentes.<\/li>\n\n\n\n<li><strong><a href=\"https:\/\/www.stay22.com\/allez\/roam?aid=lukaskonecny&amp;campaign=loudavymkrokemcz&amp;campaign=dovolena-malta&amp;hotelname=Hyatt%20Centric%20Malta&amp;address=St%20Julian%27s%2C%20Malta\" target=\"_blank\" rel=\"noopener nofollow sponsored\">Hyatt Centric Malta<\/a>:<\/strong> hotel de decora\u00e7\u00e3o moderna, situado na \u00e1rea mais agitada de St Julian&#8217;s, que <strong>atrai os viajantes com uma piscina estilosa<\/strong> na cobertura.<\/li>\n\n\n\n<li><strong><a href=\"https:\/\/www.stay22.com\/allez\/roam?aid=lukaskonecny&amp;campaign=loudavymkrokemcz&amp;campaign=dovolena-malta&amp;hotelname=db%20Seabank%20Resort%20%2B%20Spa&amp;address=Mellieha%2C%20Malta\" target=\"_blank\" rel=\"noopener nofollow sponsored\">db Seabank Resort + Spa<\/a>:<\/strong> complexo popular que oferece regime all inclusive e que <strong>fica pertinho da melhor praia de areia<\/strong> da procurada regi\u00e3o de Mellie\u0127a.<\/li>\n\n\n\n<li><strong><a href=\"https:\/\/www.stay22.com\/allez\/roam?aid=lukaskonecny&amp;campaign=loudavymkrokemcz&amp;campaign=dovolena-malta&amp;hotelname=Kempinski%20Hotel%20San%20Lawrenz&amp;address=San%20Lawrenz%2C%20Gozo%2C%20Malta\" target=\"_blank\" rel=\"noopener nofollow sponsored\">Kempinski Hotel San Lawrenz<\/a>:<\/strong> resort tranquilo e amplo, enquadrado no interior da ilha de Gozo, onde voc\u00ea <strong>encontra um verdadeiro o\u00e1sis de paz<\/strong> para um descanso perfeito.<\/li>\n<\/ul>\n\n\n\n<h2 id=\"Co_jist_na_Malte_pruvodce_pro_vegetariany_i_ostatni\" class=\"wp-block-heading\"><span class=\"ez-toc-section\" id=\"O_que_comer_em_Malta_um_guia_para_vegetarianos_e_todos_os_demais\"><\/span>O que comer em Malta: um guia para vegetarianos e todos os demais<span class=\"ez-toc-section-end\"><\/span><\/h2>\n\n\n\n<p class=\"wp-block-paragraph\">A cozinha maltesa \u00e9 incrivelmente variada e reflete perfeitamente a posi\u00e7\u00e3o da ilha no cruzamento entre a Europa e o norte da \u00c1frica. <strong>Nela se misturam fortes influ\u00eancias italianas com tradi\u00e7\u00f5es \u00e1rabes<\/strong>, ent\u00e3o, dizem, tanto os amantes de massas e queijos quanto os f\u00e3s de pratos consistentes de vegetais e leguminosas v\u00e3o encontrar o que curtem.<\/p>\n\n\n\n<figure data-wp-context=\"{&quot;imageId&quot;:&quot;6a9c2ebc222a8&quot;}\" data-wp-interactive=\"core\/image\" data-wp-key=\"6a9c2ebc222a8\" class=\"wp-block-image size-full wp-lightbox-container\"><img decoding=\"async\" width=\"1500\" height=\"1000\" data-wp-class--hide=\"state.isContentHidden\" data-wp-class--show=\"state.isContentVisible\" data-wp-init=\"callbacks.setButtonStyles\" data-wp-on--click=\"actions.showLightbox\" data-wp-on--load=\"callbacks.setButtonStyles\" data-wp-on--pointerdown=\"actions.preloadImage\" data-wp-on--pointerenter=\"actions.preloadImageWithDelay\" data-wp-on--pointerleave=\"actions.cancelPreload\" data-wp-on-window--resize=\"callbacks.setButtonStyles\" src=\"https:\/\/loudavymkrokem.cz\/wp-content\/uploads\/2026\/08\/dovolena-malta-food.jpg\" alt=\"Pastizzi malt\u00eas\" class=\"wp-image-399739\" title=\"\" srcset=\"https:\/\/loudavymkrokem.cz\/wp-content\/uploads\/2026\/08\/dovolena-malta-food.jpg 1500w, https:\/\/loudavymkrokem.cz\/wp-content\/uploads\/2026\/08\/dovolena-malta-food-300x200.jpg 300w, https:\/\/loudavymkrokem.cz\/wp-content\/uploads\/2026\/08\/dovolena-malta-food-700x467.jpg 700w, https:\/\/loudavymkrokem.cz\/wp-content\/uploads\/2026\/08\/dovolena-malta-food-768x512.jpg 768w, https:\/\/loudavymkrokem.cz\/wp-content\/uploads\/2026\/08\/dovolena-malta-food-696x464.jpg 696w, https:\/\/loudavymkrokem.cz\/wp-content\/uploads\/2026\/08\/dovolena-malta-food-1392x928.jpg 1392w\" sizes=\"(max-width: 1500px) 100vw, 1500px\" \/><button\n\t\t\tclass=\"lightbox-trigger\"\n\t\t\ttype=\"button\"\n\t\t\taria-haspopup=\"dialog\"\n\t\t\tdata-wp-bind--aria-label=\"state.thisImage.triggerButtonAriaLabel\"\n\t\t\tdata-wp-init=\"callbacks.initTriggerButton\"\n\t\t\tdata-wp-on--click=\"actions.showLightbox\"\n\t\t\tdata-wp-style--right=\"state.thisImage.buttonRight\"\n\t\t\tdata-wp-style--top=\"state.thisImage.buttonTop\"\n\t\t>\n\t\t\t<svg xmlns=\"http:\/\/www.w3.org\/2000\/svg\" width=\"12\" height=\"12\" fill=\"none\" viewBox=\"0 0 12 12\">\n\t\t\t\t<path fill=\"#fff\" d=\"M2 0a2 2 0 0 0-2 2v2h1.5V2a.5.5 0 0 1 .5-.5h2V0H2Zm2 10.5H2a.5.5 0 0 1-.5-.5V8H0v2a2 2 0 0 0 2 2h2v-1.5ZM8 12v-1.5h2a.5.5 0 0 0 .5-.5V8H12v2a2 2 0 0 1-2 2H8Zm2-12a2 2 0 0 1 2 2v2h-1.5V2a.5.5 0 0 0-.5-.5H8V0h2Z\" \/>\n\t\t\t<\/svg>\n\t\t<\/button><figcaption class=\"wp-element-caption\">Pastizzi malt\u00eas (Foto: Renata Apan \/ Wikimedia Commons, CC BY-SA 4.0)<\/figcaption><\/figure>\n\n\n\n<p class=\"wp-block-paragraph\">Nas viagens, o Luk\u00e1\u0161 e eu sempre procuramos as del\u00edcias locais sem carne, e os viajantes elogiam que esta ilha oferece, nesse aspecto, um monte de \u00f3timas op\u00e7\u00f5es. <strong>Vamos dar uma olhada nos pratos mais t\u00edpicos<\/strong> que, segundo a recomenda\u00e7\u00e3o dos moradores, voc\u00ea deveria com certeza provar durante a sua visita.<\/p>\n\n\n\n<ul class=\"wp-block-list\">\n<li><strong>Pastizzi:<\/strong> tradicionais past\u00e9is folhados com um recheio farto de ricota ou de ervilha, que funcionam como lanche nacional e <strong>s\u00e3o uma op\u00e7\u00e3o absolutamente ideal para vegetarianos<\/strong>.<\/li>\n\n\n\n<li><strong>Ftira:<\/strong> este p\u00e3o redondo de fermenta\u00e7\u00e3o natural, que desde 2020 est\u00e1 at\u00e9 na lista do patrim\u00f4nio imaterial da UNESCO, \u00e9 mais comumente <strong>recheado com vegetais frescos, azeitonas, alcaparras e tomate<\/strong>.<\/li>\n\n\n\n<li><strong>Bigilla:<\/strong> uma pasta espessa e de sabor bem marcante, feita de favas, que agrada a todos que buscam uma <strong>del\u00edcia aut\u00eantica e naturalmente vegetariana<\/strong>.<\/li>\n\n\n\n<li><strong>\u0120bejniet:<\/strong> o queijo de ovelha local \u00e9 um dos pilares da cozinha maltesa e <strong>voc\u00ea pode prov\u00e1-lo fresco ou curado<\/strong>, com uma boa dose de pimenta picante.<\/li>\n\n\n\n<li><strong>Kapunata:<\/strong> a vers\u00e3o local do famoso ratatouille franc\u00eas, que <strong>combina berinjela, tomate, piment\u00e3o e alcaparras<\/strong> num prato de ver\u00e3o perfeito.<\/li>\n\n\n\n<li><strong>Ross il-forn:<\/strong> o tradicional arroz gratinado est\u00e1 entre os pratos de forno favoritos e, em muitos estabelecimentos, <strong>voc\u00ea frequentemente encontra tamb\u00e9m a sua varia\u00e7\u00e3o vegetariana sem carne<\/strong>.<\/li>\n\n\n\n<li><strong>Kinnie:<\/strong> uma popular bebida sem \u00e1lcool, agridoce, feita da laranja amarga da variedade chinotto e de ervas, que <strong>s\u00f3 \u00e9 produzida em Malta<\/strong> e refresca super bem nos dias quentes de ver\u00e3o.<\/li>\n\n\n\n<li><strong>Especialidades locais com carne e peixe:<\/strong> a ilha \u00e9 historicamente famosa por pratos como o coelho ensopado, chamado fenek, e o peixe lampuki, pratos que, <strong>segundo muitos guias, formam a base da alimenta\u00e7\u00e3o com carne<\/strong> e dos quais os moradores t\u00eam muito orgulho.<\/li>\n<\/ul>\n\n\n\n<p class=\"wp-block-paragraph\">\ud83d\udca1 DICA: em qualquer vilazinha maior voc\u00ea encontra a chamada pastizzeria, onde o <strong>pastizzi fresco custa s\u00f3 uns trocados<\/strong> e mata a fome muito bem. Em cidades maiores, como Valletta ou Sliema, hoje \u00e9 ainda totalmente comum uma ampla oferta vegetariana e vegana em bistr\u00f4s modernos \u263a\ufe0f.<\/p>\n\n\n\n<h2 id=\"Doprava_po_Malte_autobusy_trajekt_a_auto\" class=\"wp-block-heading\"><span class=\"ez-toc-section\" id=\"Transporte_em_Malta_onibus_balsa_e_carro\"><\/span>Transporte em Malta: \u00f4nibus, balsa e carro<span class=\"ez-toc-section-end\"><\/span><\/h2>\n\n\n\n<p class=\"wp-block-paragraph\">Se deslocar pela ilha pode ser uma aventura por si s\u00f3 e \u00e0s vezes exige uma dose de paci\u00eancia. <strong>Voc\u00ea tem v\u00e1rias op\u00e7\u00f5es, e cada uma tem seus pr\u00f3s e contras<\/strong>, seja voc\u00ea decidir confiar no transporte p\u00fablico ou preferir tomar a dire\u00e7\u00e3o nas pr\u00f3prias m\u00e3os.<\/p>\n\n\n\n<h3 id=\"Autobusy_Tallinja\" class=\"wp-block-heading\"><span class=\"ez-toc-section\" id=\"Onibus_Tallinja\"><\/span>\u00d4nibus Tallinja<span class=\"ez-toc-section-end\"><\/span><\/h3>\n\n\n\n<p class=\"wp-block-paragraph\">O transporte p\u00fablico \u00e9 feito pelos chamativos \u00f4nibus verdes da empresa Tallinja, que <strong>cobrem muito bem e de forma confi\u00e1vel praticamente toda a ilha<\/strong>. O bilhete b\u00e1sico vale por duas horas e voc\u00ea pode fazer quantas baldea\u00e7\u00f5es quiser, e o pre\u00e7o costuma girar em torno de dois euros por viagem.<\/p>\n\n\n\n<p class=\"wp-block-paragraph\">Para estadias mais longas, dizem que vale muito a pena o cart\u00e3o tur\u00edstico semanal, que sai por cerca de 25 euros e te poupa da preocupa\u00e7\u00e3o de ficar comprando bilhetes o tempo todo. Mas preciso te avisar com sinceridade que, <strong>nos meses de ver\u00e3o, as linhas nas rotas mais populares costumam ser bem mais lentas<\/strong> do que promete o hor\u00e1rio oficial.<\/p>\n\n\n\n<h3 id=\"Trajekt_na_Gozo_a_Comino\" class=\"wp-block-heading\"><span class=\"ez-toc-section\" id=\"Balsa_para_Gozo_e_Comino\"><\/span>Balsa para Gozo e Comino<span class=\"ez-toc-section-end\"><\/span><\/h3>\n\n\n\n<p class=\"wp-block-paragraph\">Se voc\u00ea quer explorar a ilha vizinha de Gozo, pode usar a balsa cl\u00e1ssica do porto de \u010airkewwa, cuja travessia dura pouco menos de meia hora. De Valletta sai ent\u00e3o um catamar\u00e3 r\u00e1pido, com o qual voc\u00ea chega ao destino em cerca de 45 minutos, e uma curiosidade \u00e9 que <strong>a ida n\u00e3o se paga: voc\u00ea compra o bilhete s\u00f3 na volta<\/strong>.<\/p>\n\n\n\n<p class=\"wp-block-paragraph\">J\u00e1 \u00e0 menor ilha, Comino, e \u00e0 sua famosa Lagoa Azul, voc\u00ea <strong>chega exclusivamente de barco a partir dos portos vizinhos<\/strong>. Os carros n\u00e3o podem entrar de forma alguma nesse pequeno peda\u00e7o de terra, ent\u00e3o l\u00e1 reina uma paz agrad\u00e1vel, perturbada apenas pelas multid\u00f5es de excursionistas empolgados.<\/p>\n\n\n\n<h3 id=\"Pujcit_si_auto_nebo_ne\" class=\"wp-block-heading\"><span class=\"ez-toc-section\" id=\"Alugar_um_carro_ou_nao\"><\/span>Alugar um carro ou n\u00e3o?<span class=\"ez-toc-section-end\"><\/span><\/h3>\n\n\n\n<p class=\"wp-block-paragraph\">Pense bem na decis\u00e3o de alugar um carro, porque <strong>aqui se dirige pela esquerda, \u00e0 moda do Reino Unido<\/strong>, as estradas costumam ser bem estreitas e os motoristas locais dirigem de forma bastante temperamental. Um enorme problema \u00e9 tamb\u00e9m o estacionamento, que em cidades como Valletta e Sliema \u00e9 praticamente imposs\u00edvel e custa muitos nervos.<\/p>\n\n\n\n<p class=\"wp-block-paragraph\">Se voc\u00ea tem medo de dirigir no lado contr\u00e1rio, <strong>recomenda-se usar os aplicativos Bolt e eCabs<\/strong>, que funcionam muito bem na ilha. Definitivamente n\u00e3o pegue t\u00e1xi assim na rua, porque os pre\u00e7os dos aplicativos de celular costumam ser muito mais amig\u00e1veis e, o principal, voc\u00ea j\u00e1 os conhece de antem\u00e3o.<\/p>\n\n\n\n<h2 id=\"Kolik_stoji_dovolena_na_Malte\" class=\"wp-block-heading\"><span class=\"ez-toc-section\" id=\"Quanto_custam_umas_ferias_em_Malta\"><\/span>Quanto custam umas f\u00e9rias em Malta<span class=\"ez-toc-section-end\"><\/span><\/h2>\n\n\n\n<p class=\"wp-block-paragraph\">Malta \u00e9 membro pleno da Uni\u00e3o Europeia e aqui se paga em euro, ent\u00e3o voc\u00ea n\u00e3o precisa trocar por nenhuma moeda ex\u00f3tica. <strong>Em geral, esta ilha \u00e9 um pouco mais barata que a vizinha It\u00e1lia<\/strong>, mas, por outro lado, voc\u00ea paga aqui mais do que, por exemplo, na Bulg\u00e1ria ou na Alb\u00e2nia.<\/p>\n\n\n\n<p class=\"wp-block-paragraph\">O or\u00e7amento a seguir, para duas pessoas por uma semana, \u00e9 apenas uma estimativa aproximada, porque <strong>o valor final varia muito de acordo com a temporada em que voc\u00ea viaja<\/strong>.<\/p>\n\n\n\n<ul class=\"wp-block-list\">\n<li><strong>Passagens a\u00e9reas:<\/strong> as passagens de ida e volta costumam sair por 100 a 200 euros por pessoa, o que d\u00e1 <strong>cerca de R$ 600 a R$ 1.200<\/strong>.<\/li>\n\n\n\n<li><strong>Hospedagem:<\/strong> por um quarto duplo m\u00e9dio num hotel agrad\u00e1vel voc\u00ea paga entre 500 e 900 euros por semana, ou seja, <strong>cerca de R$ 3.000 a R$ 5.400<\/strong> para duas pessoas.<\/li>\n\n\n\n<li><strong>Alimenta\u00e7\u00e3o:<\/strong> se voc\u00ea combinar comida de padarias com jantares em restaurantes, conte com um valor de 300 a 450 euros por semana, o que d\u00e1 <strong>cerca de R$ 1.800 a R$ 2.700<\/strong>.<\/li>\n\n\n\n<li><strong>Transporte:<\/strong> os cart\u00f5es semanais de \u00f4nibus e as viagens ocasionais de balsa ou Bolt consomem cerca de 70 a 100 euros para duas pessoas, ou seja, <strong>uns R$ 420 a R$ 600<\/strong>.<\/li>\n\n\n\n<li><strong>Entradas e passeios:<\/strong> as visitas aos templos hist\u00f3ricos e os passeios de barco saem, por estimativa, entre 80 e 150 euros para o casal, o que d\u00e1 <strong>cerca de R$ 480 a R$ 900<\/strong>.<\/li>\n<\/ul>\n\n\n\n<p class=\"wp-block-paragraph\">\ud83d\udca1 DICA: se voc\u00ea quer economizar na viagem, <strong>fique de olho nas promo\u00e7\u00f5es das companhias a\u00e9reas<\/strong>. D\u00e1 uma olhada no nosso artigo sobre <a href=\"https:\/\/loudavymkrokem.cz\/pt-br\/passagens-aereas-baratas-dicas\/\">como conseguir passagens baratas<\/a>, onde voc\u00ea encontra um monte de conselhos \u00fateis para achar voos vantajosos.<\/p>\n\n\n\n<h2 id=\"Na_co_si_dat_na_Malte_pozor\" class=\"wp-block-heading\"><span class=\"ez-toc-section\" id=\"Do_que_tomar_cuidado_em_Malta\"><\/span>Do que tomar cuidado em Malta<span class=\"ez-toc-section-end\"><\/span><\/h2>\n\n\n\n<p class=\"wp-block-paragraph\">Embora o pa\u00eds inteiro seja muito seguro e os turistas n\u00e3o corram nenhum grande perigo, <strong>h\u00e1 algumas particularidades locais que podem facilmente te pegar de surpresa<\/strong>. Vamos resumir as coisas mais importantes para as quais vale a pena se preparar mentalmente antes da viagem, para voc\u00ea n\u00e3o estragar o clima no local.<\/p>\n\n\n\n<ul class=\"wp-block-list\">\n<li><strong>M\u00e3o inglesa e estradas estreitas:<\/strong> para quem vem do Brasil, dirigir do lado contr\u00e1rio pode ser bem estressante, e <strong>muitas ruelas do interior s\u00e3o realmente s\u00f3 para um carro<\/strong>.<\/li>\n\n\n\n<li><strong>Tomadas brit\u00e2nicas:<\/strong> a ilha ainda usa as tomadas brit\u00e2nicas de tr\u00eas pinos do tipo G, ent\u00e3o <strong>sem o adaptador de viagem correto voc\u00ea, infelizmente, n\u00e3o carrega o celular<\/strong>.<\/li>\n\n\n\n<li><strong>\u00c1guas-vivas no fim do ver\u00e3o:<\/strong> quando a \u00e1gua esquenta muito no fim do ver\u00e3o, aparecem \u00e1guas-vivas junto \u00e0 costa, por isso <strong>\u00e9 bom acompanhar os sites locais com os avisos atualizados<\/strong>.<\/li>\n\n\n\n<li><strong>Poucas praias de areia e banho a partir das rochas:<\/strong> Malta n\u00e3o \u00e9 um destino de praia t\u00edpico, muitas vezes voc\u00ea entra na \u00e1gua por escadas a partir de plataformas de concreto e <strong>as sapatilhas de \u00e1gua com certeza v\u00e3o te ser \u00fateis<\/strong>.<\/li>\n\n\n\n<li><strong>Lagoa Azul lotada:<\/strong> na alta temporada de ver\u00e3o, esse lugar m\u00e1gico fica abarrotado, ent\u00e3o <strong>se voc\u00ea anseia por tranquilidade, precisa vir aqui bem cedinho de manh\u00e3<\/strong>.<\/li>\n\n\n\n<li><strong>Barulho em Paceville:<\/strong> essa \u00e1rea \u00e9 um conhecido centro da vida noturna e os bares tocam alto at\u00e9 de madrugada, ent\u00e3o <strong>para um sono tranquilo \u00e9 melhor escolher hospedagem em outro lugar<\/strong>.<\/li>\n\n\n\n<li><strong>Vento forte e passeios de barco cancelados:<\/strong> o clima da ilha costuma ser imprevis\u00edvel e, com o mar muito agitado, <strong>\u00e9 comum que as balsas ou os barcos de passeio simplesmente n\u00e3o saiam por quest\u00f5es de seguran\u00e7a<\/strong>.<\/li>\n<\/ul>\n\n\n\n<h2 id=\"Malta_s_detmi\" class=\"wp-block-heading\"><span class=\"ez-toc-section\" id=\"Malta_com_criancas\"><\/span>Malta com crian\u00e7as<span class=\"ez-toc-section-end\"><\/span><\/h2>\n\n\n\n<p class=\"wp-block-paragraph\">Umas f\u00e9rias em fam\u00edlia nesta ilha ensolarada fazem todo o sentido, porque as atra\u00e7\u00f5es ficam bem pr\u00f3ximas umas das outras e os deslocamentos s\u00e3o curtos, algo que at\u00e9 os pequenos viajantes aguentam. Al\u00e9m disso, os moradores s\u00e3o muito receptivos com as crian\u00e7as e, em cada esquina, d\u00e1 para encontrar atividades que v\u00e3o divertir a fam\u00edlia inteira \ud83d\ude05.<\/p>\n\n\n\n<ul class=\"wp-block-list\">\n<li><strong>Mellie\u0127a Bay:<\/strong> esta praia \u00e9 disparado a favorita entre as fam\u00edlias, porque <strong>tem uma entrada no mar realmente muito suave<\/strong> e areia fininha para construir grandes castelos.<\/li>\n\n\n\n<li><strong>Popeye Village:<\/strong> o antigo cen\u00e1rio do filme Popeye, com Robin Williams, virou uma <strong>encantadora vilazinha de divers\u00f5es que as crian\u00e7as simplesmente amam<\/strong>.<\/li>\n\n\n\n<li><strong>Barquinhos panor\u00e2micos no Grand Harbour:<\/strong> o passeio no tradicional barquinho multicolorido pelo grande porto de Valletta <strong>\u00e9 uma experi\u00eancia incr\u00edvel para os pequenos exploradores<\/strong>.<\/li>\n\n\n\n<li><strong>Malta National Aquarium:<\/strong> se o tempo n\u00e3o colaborar, este aqu\u00e1rio moderno, cheio de tubar\u00f5es e raias, <strong>te salva de forma garantida por uma tarde inteira<\/strong>.<\/li>\n\n\n\n<li><strong>Dist\u00e2ncias curtas e o idioma:<\/strong> todas as atra\u00e7\u00f5es ficam pertinho umas das outras, ent\u00e3o as crian\u00e7as n\u00e3o sofrem com longos trajetos, e <strong>uma enorme vantagem \u00e9 tamb\u00e9m o fato de que voc\u00ea se comunica em ingl\u00eas em qualquer lugar<\/strong>.<\/li>\n<\/ul>\n\n\n\n<h2 id=\"Kam_dal_dalsi_tipy_na_dovolenou_u_more\" class=\"wp-block-heading\"><span class=\"ez-toc-section\" id=\"Para_onde_mais_outras_dicas_de_ferias_a_beira-mar\"><\/span>Para onde mais: outras dicas de f\u00e9rias \u00e0 beira-mar<span class=\"ez-toc-section-end\"><\/span><\/h2>\n\n\n\n<p class=\"wp-block-paragraph\">Se voc\u00ea ainda n\u00e3o est\u00e1 totalmente decidido e est\u00e1 considerando tamb\u00e9m outros destinos europeus, <strong>preparei uma lista de outros artigos \u00fateis<\/strong>. Talvez voc\u00ea acabe se encantando por outro pedacinho do ensolarado Mediterr\u00e2neo, ou talvez venham a calhar dicas pr\u00e1ticas para planejar a sua pr\u00f3xima viagem de ver\u00e3o.<\/p>\n\n\n\n<ul class=\"wp-block-list\">\n<li><a href=\"https:\/\/loudavymkrokem.cz\/pt-br\/viagens-setembro-destinos\/\">Onde ir de f\u00e9rias em setembro<\/a><\/li>\n\n\n\n<li><a href=\"https:\/\/loudavymkrokem.cz\/pt-br\/sicilia-italia-o-que-ver\/\">F\u00e9rias na Sic\u00edlia<\/a><\/li>\n\n\n\n<li><a href=\"https:\/\/loudavymkrokem.cz\/pt-br\/quando-ir-italia-clima\/\">Quando ir \u00e0 It\u00e1lia<\/a><\/li>\n\n\n\n<li><a href=\"https:\/\/loudavymkrokem.cz\/pt-br\/passagens-aereas-baratas-dicas\/\">Como conseguir passagens baratas<\/a><\/li>\n\n\n\n<li><a href=\"https:\/\/loudavymkrokem.cz\/jak-vybrat-cestovni-pojisteni-na-dovolenou\/\">Seguro viagem<\/a><\/li>\n<\/ul>\n\n\n\n<h2 id=\"Casto_kladene_otazky\" class=\"wp-block-heading\"><span class=\"ez-toc-section\" id=\"Perguntas_frequentes\"><\/span>Perguntas frequentes<span class=\"ez-toc-section-end\"><\/span><\/h2>\n\n\n\n<p class=\"wp-block-paragraph\">Para fechar, reuni as respostas para as d\u00favidas mais comuns que os viajantes costumam ter antes de embarcar. <strong>Se faltou no artigo alguma informa\u00e7\u00e3o puramente pr\u00e1tica<\/strong>, h\u00e1 uma grande chance de voc\u00ea encontr\u00e1-la justamente neste breve resumo informativo.<\/p>\n\n\n<div id=\"rank-math-faq\" class=\"rank-math-block\">\n<div class=\"rank-math-list \">\n<div id=\"faq-question-1787755046000\" class=\"rank-math-list-item\">\n<h3 class=\"rank-math-question \"><span class=\"ez-toc-section\" id=\"Quando_e_a_melhor_epoca_para_ir_a_Malta\"><\/span>Quando \u00e9 a melhor \u00e9poca para ir a Malta?<span class=\"ez-toc-section-end\"><\/span><\/h3>\n<div class=\"rank-math-answer \">\n\n<p>O clima mais bonito e as condi\u00e7\u00f5es ideais para viajar prevalecem na ilha especialmente em maio, junho, setembro e tamb\u00e9m em outubro. Durante esses meses, voc\u00ea evita as multid\u00f5es mais intensas e aproveita temperaturas muito agrad\u00e1veis, adequadas tanto para explorar monumentos quanto para descansar. Se voc\u00ea est\u00e1 pensando nas f\u00e9rias de ver\u00e3o, precisa contar com o fato de que julho, por exemplo, tem temperaturas m\u00e9dias em torno de 30,2 \u00b0C e geralmente apenas 0,3 dia de chuva durante o m\u00eas inteiro. Isso pode soar como um para\u00edso perfeito para amantes do sol, mas prepare-se para uma quantidade enorme de turistas e pre\u00e7os de hospedagem significativamente mais altos. Por isso, recomenda-se escolher as bordas da alta temporada.<\/p>\n\n<\/div>\n<\/div>\n<div id=\"faq-question-1787755046001\" class=\"rank-math-list-item\">\n<h3 class=\"rank-math-question \"><span class=\"ez-toc-section\" id=\"Quanto_tempo_voce_precisa_em_Malta\"><\/span>Quanto tempo voc\u00ea precisa em Malta?<span class=\"ez-toc-section-end\"><\/span><\/h3>\n<div class=\"rank-math-answer \">\n\n<p>A dura\u00e7\u00e3o da estadia depende muito dos seus planos e de quantas ilhas voc\u00ea quer visitar no total. Para a pr\u00f3pria ilha principal, em um ritmo tranquilo, cerca de quatro a cinco dias s\u00e3o suficientes, durante os quais voc\u00ea consegue ver as principais cidades hist\u00f3ricas e alguns fen\u00f4menos naturais. Mas se voc\u00ea quiser adicionar tamb\u00e9m uma viagem \u00e0s vizinhas Gozo e Comino, reserve com certeza uma semana inteira. Viajantes que querem aproveitar f\u00e9rias realmente lentas, com bastante tempo para relaxar na piscina e passeios noturnos pelas ruelas estreitas, elogiam muito uma estadia de dez dias. Durante dez dias, voc\u00ea n\u00e3o precisa se apressar de jeito nenhum e absorve com calma a verdadeira atmosfera mediterr\u00e2nea.<\/p>\n\n<\/div>\n<\/div>\n<div id=\"faq-question-1787755046002\" class=\"rank-math-list-item\">\n<h3 class=\"rank-math-question \"><span class=\"ez-toc-section\" id=\"Da_para_nadar_em_Malta_mesmo_sem_praias_de_areia\"><\/span>D\u00e1 para nadar em Malta mesmo sem praias de areia?<span class=\"ez-toc-section-end\"><\/span><\/h3>\n<div class=\"rank-math-answer \">\n\n<p>Nadar aqui \u00e9 totalmente comum, s\u00f3 que simplesmente parece um pouco diferente dos resorts de praia cl\u00e1ssicos. A entrada no mar acontece mais frequentemente direto dos penhascos rochosos ou de plataformas de concreto constru\u00eddas, onde h\u00e1 escadas de metal fixas preparadas para o conforto dos turistas. Mas os amantes de areia n\u00e3o precisam desesperar, porque algumas belas praias de areia podem ser encontradas aqui. Na ilha principal, voc\u00ea encontra a popular Mellie\u0127a Bay, a pitoresca Golden Bay ou a pr\u00f3xima G\u0127ajn Tuffie\u0127a. Se voc\u00ea pegar a balsa para a vizinha Gozo, n\u00e3o deixe de visitar a praia Ramla Bay, que \u00e9 famosa por sua areia de cor incomum, avermelhada, e entrada muito gradual na \u00e1gua.<\/p>\n\n<\/div>\n<\/div>\n<div id=\"faq-question-1787755046003\" class=\"rank-math-list-item\">\n<h3 class=\"rank-math-question \"><span class=\"ez-toc-section\" id=\"Consigo_me_comunicar_em_ingles_em_Malta\"><\/span>Consigo me comunicar em ingl\u00eas em Malta?<span class=\"ez-toc-section-end\"><\/span><\/h3>\n<div class=\"rank-math-answer \">\n\n<p>Com comunica\u00e7\u00e3o aqui voc\u00ea n\u00e3o precisa se preocupar absolutamente nada. O ingl\u00eas \u00e9, junto com o malt\u00eas, a segunda l\u00edngua oficial, ent\u00e3o voc\u00ea se comunica com ele em absolutamente todos os lugares e sem o menor problema. Todos os moradores locais, desde motoristas de \u00f4nibus at\u00e9 vendedores nas menores padarias de vilarejos, falam ingl\u00eas fluentemente e muitas vezes t\u00eam um sotaque brit\u00e2nico levemente encantador. Todas as placas, card\u00e1pios em restaurantes e pain\u00e9is informativos nos monumentos est\u00e3o sempre dispon\u00edveis em ingl\u00eas. Dizem que essa \u00e9 tamb\u00e9m uma das principais raz\u00f5es pelas quais tantos estudantes v\u00eam aqui no ver\u00e3o para os populares interc\u00e2mbios de idiomas e cursos de ver\u00e3o de ingl\u00eas.<\/p>\n\n<\/div>\n<\/div>\n<div id=\"faq-question-1787755046004\" class=\"rank-math-list-item\">\n<h3 class=\"rank-math-question \"><span class=\"ez-toc-section\" id=\"Preciso_de_carro_em_Malta\"><\/span>Preciso de carro em Malta?<span class=\"ez-toc-section-end\"><\/span><\/h3>\n<div class=\"rank-math-answer \">\n\n<p>Alugar um carro definitivamente n\u00e3o \u00e9 uma necessidade, porque a densa rede de \u00f4nibus cobre de forma relativamente confi\u00e1vel toda a ilha e leva voc\u00ea a todos os principais monumentos e praias. Por outro lado, preciso mencionar que nos meses de ver\u00e3o as linhas costumam estar lotadas e se movem muito devagar no tr\u00e2nsito intenso. Se voc\u00ea alugar um carro mesmo assim, ganha uma liberdade enorme, mas precisa se preparar para o fato de que aqui se dirige pela esquerda e as estradas s\u00e3o frequentemente extremamente estreitas. A maioria dos visitantes, portanto, confia na combina\u00e7\u00e3o de \u00f4nibus e aplicativos como Bolt, que \u00e9 um compromisso que, segundo as avalia\u00e7\u00f5es, funciona perfeitamente bem e sem estresse desnecess\u00e1rio ao volante.<\/p>\n\n<\/div>\n<\/div>\n<div id=\"faq-question-1787755046005\" class=\"rank-math-list-item\">\n<h3 class=\"rank-math-question \"><span class=\"ez-toc-section\" id=\"Malta_e_cara\"><\/span>Malta \u00e9 cara?<span class=\"ez-toc-section-end\"><\/span><\/h3>\n<div class=\"rank-math-answer \">\n\n<p>Do ponto de vista financeiro, esta ilha est\u00e1 em algum lugar no meio da m\u00e9dia europeia comum. \u00c9 certamente mais barata que f\u00e9rias em destinos italianos populares, mas por outro lado vai custar mais caro do que, por exemplo, uma viagem aos B\u00e1lc\u00e3s. O maior item do seu or\u00e7amento ser\u00e1 sem d\u00favida a hospedagem, cujos pre\u00e7os na alta temporada de ver\u00e3o realmente sobem muito. Comida em restaurantes comuns fica em valores aceit\u00e1veis e o transporte de \u00f4nibus \u00e9 uma op\u00e7\u00e3o verdadeiramente barata. Se voc\u00ea viajar fora dos meses de f\u00e9rias mais movimentados, pode aproveitar servi\u00e7os de qualidade muito boa por pre\u00e7os bastante razo\u00e1veis, que n\u00e3o v\u00e3o arruinar completamente sua carteira.<\/p>\n\n<\/div>\n<\/div>\n<div id=\"faq-question-1787755046006\" class=\"rank-math-list-item\">\n<h3 class=\"rank-math-question \"><span class=\"ez-toc-section\" id=\"Vale_a_pena_dormir_em_Gozo\"><\/span>Vale a pena dormir em Gozo?<span class=\"ez-toc-section-end\"><\/span><\/h3>\n<div class=\"rank-math-answer \">\n\n<p>Segundo a experi\u00eancia de muitos viajantes, ficar nesta ilha vizinha \u00e9 uma ideia absolutamente brilhante. Recomenda-se reservar pelo menos duas noites em Gozo, porque a ilha tem um ritmo completamente diferente e uma atmosfera de vila muito mais relaxada. Enquanto a ilha principal costuma ser agitada e cheia de tr\u00e2nsito, Gozo oferece paz genu\u00edna, vistas maravilhosas dos penhascos e charmosas casinhas de pedra com piscinas. Quando os excursionistas de um dia v\u00e3o embora \u00e0 tarde, as pracinhas noturnas se esvaziam e voc\u00ea pode aproveitar tranquilamente o jantar em alguma das tabernas locais. \u00c9 um contraste perfeito que anima lindamente suas f\u00e9rias e d\u00e1 aquele toque certo de descanso.<\/p>\n\n<\/div>\n<\/div>\n<div id=\"faq-question-1787755046007\" class=\"rank-math-list-item\">\n<h3 class=\"rank-math-question \"><span class=\"ez-toc-section\" id=\"Malta_e_segura\"><\/span>Malta \u00e9 segura?<span class=\"ez-toc-section-end\"><\/span><\/h3>\n<div class=\"rank-math-answer \">\n\n<p>Esta ilha ensolarada pertence h\u00e1 muito tempo aos pa\u00edses mais seguros de toda a Europa e a criminalidade grave praticamente n\u00e3o existe aqui. Voc\u00ea pode caminhar pelas ruas \u00e0 noite sem medo e se sentir totalmente relaxado. Os principais riscos para turistas s\u00e3o mais o tr\u00e2nsito ca\u00f3tico local, porque os motoristas dirigem de forma bem \u00e1gil e as cal\u00e7adas para pedestres \u00e0s vezes faltam completamente. Outra coisa com a qual \u00e9 bom ter cuidado s\u00e3o as correntes marinhas imprevis\u00edveis e as \u00e1guas-vivas mencionadas no final do ver\u00e3o. \u00c9 claro que as regras b\u00e1sicas de cautela se aplicam, ent\u00e3o em locais com grande concentra\u00e7\u00e3o de pessoas cuide de seus pertences pessoais contra poss\u00edveis batedores de carteira, mas fora isso voc\u00ea pode ficar totalmente tranquilo.<\/p>\n\n<\/div>\n<\/div>\n<\/div>\n<\/div>","protected":false},"excerpt":{"rendered":"<p>Est\u00e1 planejando a viagem e quer saber como s\u00e3o umas f\u00e9rias em Malta perfeitas? Preparei um guia detalhado cheio de dicas dos lugares mais lindos, \u00f3timas hospedagens e informa\u00e7\u00f5es pr\u00e1ticas.<\/p>\n","protected":false},"author":3,"featured_media":399628,"comment_status":"open","ping_status":"open","sticky":false,"template":"","format":"standard","meta":{"_acf_changed":false,"footnotes":"","rank_math_title":"F\u00e9rias em Malta: 24 dicas do que ver em 2026","rank_math_description":"Descubra o que ver em Malta em 2026: 24 dicas, clima m\u00eas a m\u00eas, onde ficar e pre\u00e7os. Planeje suas f\u00e9rias em Malta com este guia completo. Confira agora!","rank_math_focus_keyword":"malta","rank_math_seo_score":""},"categories":[1121,1104],"tags":[],"class_list":["post-417451","post","type-post","status-publish","format-standard","has-post-thumbnail","category-europa","category-viagens"],"acf":[],"featured_image_src":"https:\/\/loudavymkrokem.cz\/wp-content\/uploads\/2026\/08\/dovolena-malta-hero.jpg","author_info":{"display_name":"Lucie Kone\u010dn\u00e1","author_link":"https:\/\/loudavymkrokem.cz\/pt-br\/author\/lucie-konecna\/"},"_links":{"self":[{"href":"https:\/\/loudavymkrokem.cz\/pt-br\/wp-json\/wp\/v2\/posts\/417451","targetHints":{"allow":["GET"]}}],"collection":[{"href":"https:\/\/loudavymkrokem.cz\/pt-br\/wp-json\/wp\/v2\/posts"}],"about":[{"href":"https:\/\/loudavymkrokem.cz\/pt-br\/wp-json\/wp\/v2\/types\/post"}],"author":[{"embeddable":true,"href":"https:\/\/loudavymkrokem.cz\/pt-br\/wp-json\/wp\/v2\/users\/3"}],"replies":[{"embeddable":true,"href":"https:\/\/loudavymkrokem.cz\/pt-br\/wp-json\/wp\/v2\/comments?post=417451"}],"version-history":[{"count":2,"href":"https:\/\/loudavymkrokem.cz\/pt-br\/wp-json\/wp\/v2\/posts\/417451\/revisions"}],"predecessor-version":[{"id":417453,"href":"https:\/\/loudavymkrokem.cz\/pt-br\/wp-json\/wp\/v2\/posts\/417451\/revisions\/417453"}],"wp:featuredmedia":[{"embeddable":true,"href":"https:\/\/loudavymkrokem.cz\/pt-br\/wp-json\/wp\/v2\/media\/399628"}],"wp:attachment":[{"href":"https:\/\/loudavymkrokem.cz\/pt-br\/wp-json\/wp\/v2\/media?parent=417451"}],"wp:term":[{"taxonomy":"category","embeddable":true,"href":"https:\/\/loudavymkrokem.cz\/pt-br\/wp-json\/wp\/v2\/categories?post=417451"},{"taxonomy":"post_tag","embeddable":true,"href":"https:\/\/loudavymkrokem.cz\/pt-br\/wp-json\/wp\/v2\/tags?post=417451"}],"curies":[{"name":"wp","href":"https:\/\/api.w.org\/{rel}","templated":true}]}}