{"id":417444,"date":"2026-09-04T10:00:00","date_gmt":"2026-09-04T08:00:00","guid":{"rendered":"https:\/\/loudavymkrokem.cz\/varna-bulgaria-o-que-fazer\/"},"modified":"2026-09-05T15:41:41","modified_gmt":"2026-09-05T13:41:41","slug":"varna-bulgaria-o-que-fazer","status":"publish","type":"post","link":"https:\/\/loudavymkrokem.cz\/pt-br\/varna-bulgaria-o-que-fazer\/","title":{"rendered":"Varna, Bulg\u00e1ria: 20 dicas do que fazer na metr\u00f3pole do Mar Negro em 2026"},"content":{"rendered":"\n<p class=\"wp-block-paragraph\">Quando algu\u00e9m fala em Bulg\u00e1ria, a maioria das pessoas imagina fileiras infinitas de hot\u00e9is na Costa do Sol. S\u00f3 que Varna, na Bulg\u00e1ria, \u00e9 uma hist\u00f3ria completamente diferente, e o viajante curioso descobre aqui muito mais hist\u00f3rias do que imaginaria. O Museu Arqueol\u00f3gico, que guarda o ouro trabalhado mais antigo do mundo, foi fundado por <strong>Karel \u0160korpil<\/strong>, um tcheco. E o enorme Jardim do Mar, orgulho de todo o litoral, foi projetado pelo tamb\u00e9m tcheco <strong>Anton Nov\u00e1k<\/strong>. E se voc\u00ea esperar num ponto de transporte p\u00fablico, \u00e9 bem prov\u00e1vel que suba num <strong>tr\u00f3lebus \u0160koda<\/strong>, de fabrica\u00e7\u00e3o tcheca.<\/p>\n\n\n\n<p class=\"wp-block-paragraph\">Varna, em resumo, n\u00e3o \u00e9 apenas um resort de ver\u00e3o artificial, mas a <strong>terceira maior cidade da Bulg\u00e1ria<\/strong>, que vive no seu pr\u00f3prio ritmo o ano inteiro. Aqui voc\u00ea encontra as maiores termas romanas dos Balc\u00e3s, avenidas arborizadas cheias de caf\u00e9s e praias urbanas \u00e0s quais d\u00e1 para chegar a p\u00e9 direto do centro hist\u00f3rico. \u00c9 exatamente aquele tipo de destino onde voc\u00ea pode admirar escava\u00e7\u00f5es tr\u00e1cias de manh\u00e3, saborear uma \u00f3tima salada shopska num restaurante tradicional ao meio-dia e, \u00e0 tarde, j\u00e1 estar deitado na areia fina do Mar Negro.<\/p>\n\n\n\n<p class=\"wp-block-paragraph\">Neste guia voc\u00ea encontra <strong>20 dicas concretas do que ver e fazer em Varna<\/strong>. Vou te contar como n\u00e3o cair nas armadilhas tur\u00edsticas do transporte, para onde ir nos melhores passeios pelos arredores, em qual bairro se hospedar de forma estrat\u00e9gica e no que prestar aten\u00e7\u00e3o ao escolher um restaurante. Al\u00e9m disso, a Bulg\u00e1ria <strong>adotou o euro em 1\u00ba de janeiro de 2026<\/strong>, ent\u00e3o acabaram as preocupa\u00e7\u00f5es com trocar levs e ficar convertendo o tempo todo.<\/p>\n\n\n\n<figure data-wp-context=\"{&quot;imageId&quot;:&quot;6a9c2ebc3f7da&quot;}\" data-wp-interactive=\"core\/image\" data-wp-key=\"6a9c2ebc3f7da\" class=\"wp-block-image size-full wp-lightbox-container\"><img decoding=\"async\" width=\"1800\" height=\"1012\" data-wp-class--hide=\"state.isContentHidden\" data-wp-class--show=\"state.isContentVisible\" data-wp-init=\"callbacks.setButtonStyles\" data-wp-on--click=\"actions.showLightbox\" data-wp-on--load=\"callbacks.setButtonStyles\" data-wp-on--pointerdown=\"actions.preloadImage\" data-wp-on--pointerenter=\"actions.preloadImageWithDelay\" data-wp-on--pointerleave=\"actions.cancelPreload\" data-wp-on-window--resize=\"callbacks.setButtonStyles\" src=\"https:\/\/loudavymkrokem.cz\/wp-content\/uploads\/2026\/08\/bulharsko-research-varna-01-3be9ec14.jpg\" alt=\"Vista do litoral e das praias de Varna\" class=\"wp-image-407776\" title=\"\" srcset=\"https:\/\/loudavymkrokem.cz\/wp-content\/uploads\/2026\/08\/bulharsko-research-varna-01-3be9ec14.jpg 1800w, https:\/\/loudavymkrokem.cz\/wp-content\/uploads\/2026\/08\/bulharsko-research-varna-01-3be9ec14-300x169.jpg 300w, https:\/\/loudavymkrokem.cz\/wp-content\/uploads\/2026\/08\/bulharsko-research-varna-01-3be9ec14-700x394.jpg 700w, https:\/\/loudavymkrokem.cz\/wp-content\/uploads\/2026\/08\/bulharsko-research-varna-01-3be9ec14-768x432.jpg 768w, https:\/\/loudavymkrokem.cz\/wp-content\/uploads\/2026\/08\/bulharsko-research-varna-01-3be9ec14-1536x864.jpg 1536w, https:\/\/loudavymkrokem.cz\/wp-content\/uploads\/2026\/08\/bulharsko-research-varna-01-3be9ec14-696x391.jpg 696w, https:\/\/loudavymkrokem.cz\/wp-content\/uploads\/2026\/08\/bulharsko-research-varna-01-3be9ec14-1392x783.jpg 1392w\" sizes=\"(max-width: 1800px) 100vw, 1800px\" \/><button\n\t\t\tclass=\"lightbox-trigger\"\n\t\t\ttype=\"button\"\n\t\t\taria-haspopup=\"dialog\"\n\t\t\tdata-wp-bind--aria-label=\"state.thisImage.triggerButtonAriaLabel\"\n\t\t\tdata-wp-init=\"callbacks.initTriggerButton\"\n\t\t\tdata-wp-on--click=\"actions.showLightbox\"\n\t\t\tdata-wp-style--right=\"state.thisImage.buttonRight\"\n\t\t\tdata-wp-style--top=\"state.thisImage.buttonTop\"\n\t\t>\n\t\t\t<svg xmlns=\"http:\/\/www.w3.org\/2000\/svg\" width=\"12\" height=\"12\" fill=\"none\" viewBox=\"0 0 12 12\">\n\t\t\t\t<path fill=\"#fff\" d=\"M2 0a2 2 0 0 0-2 2v2h1.5V2a.5.5 0 0 1 .5-.5h2V0H2Zm2 10.5H2a.5.5 0 0 1-.5-.5V8H0v2a2 2 0 0 0 2 2h2v-1.5ZM8 12v-1.5h2a.5.5 0 0 0 .5-.5V8H12v2a2 2 0 0 1-2 2H8Zm2-12a2 2 0 0 1 2 2v2h-1.5V2a.5.5 0 0 0-.5-.5H8V0h2Z\" \/>\n\t\t\t<\/svg>\n\t\t<\/button><figcaption class=\"wp-element-caption\">Foto: karel291, CC BY 3.0 (Wikimedia Commons)<\/figcaption><\/figure>\n\n\n\n<div id=\"ez-toc-container\" class=\"ez-toc-v2_0_87 ez-toc-wrap-left counter-hierarchy ez-toc-counter ez-toc-grey ez-toc-container-direction\">\n<div class=\"ez-toc-title-container\">\n<p class=\"ez-toc-title\" style=\"cursor:inherit\">Conte\u00fado do artigo<\/p>\n<span class=\"ez-toc-title-toggle\"><a href=\"#\" class=\"ez-toc-pull-right ez-toc-btn ez-toc-btn-xs ez-toc-btn-default ez-toc-toggle\" aria-label=\"Alternar tabela de conte\u00fado\"><span class=\"ez-toc-js-icon-con\"><span class=\"\"><span class=\"eztoc-hide\" style=\"display:none;\">Toggle<\/span><span class=\"ez-toc-icon-toggle-span\"><svg style=\"fill: #999;color:#999\" xmlns=\"http:\/\/www.w3.org\/2000\/svg\" class=\"list-377408\" width=\"20px\" height=\"20px\" viewBox=\"0 0 24 24\" fill=\"none\"><path d=\"M6 6H4v2h2V6zm14 0H8v2h12V6zM4 11h2v2H4v-2zm16 0H8v2h12v-2zM4 16h2v2H4v-2zm16 0H8v2h12v-2z\" fill=\"currentColor\"><\/path><\/svg><svg style=\"fill: #999;color:#999\" class=\"arrow-unsorted-368013\" xmlns=\"http:\/\/www.w3.org\/2000\/svg\" width=\"10px\" height=\"10px\" viewBox=\"0 0 24 24\" version=\"1.2\" baseProfile=\"tiny\"><path d=\"M18.2 9.3l-6.2-6.3-6.2 6.3c-.2.2-.3.4-.3.7s.1.5.3.7c.2.2.4.3.7.3h11c.3 0 .5-.1.7-.3.2-.2.3-.5.3-.7s-.1-.5-.3-.7zM5.8 14.7l6.2 6.3 6.2-6.3c.2-.2.3-.5.3-.7s-.1-.5-.3-.7c-.2-.2-.4-.3-.7-.3h-11c-.3 0-.5.1-.7.3-.2.2-.3.5-.3.7s.1.5.3.7z\"\/><\/svg><\/span><\/span><\/span><\/a><\/span><\/div>\n<nav><ul class='ez-toc-list ez-toc-list-level-1 ' ><ul class='ez-toc-list-level-3' ><li class='ez-toc-heading-level-3'><a class=\"ez-toc-link ez-toc-heading-1\" href=\"https:\/\/loudavymkrokem.cz\/pt-br\/varna-bulgaria-o-que-fazer\/#Resumo_para_quem_nao_tem_tempo_de_ler_o_artigo_todo\" >Resumo para quem n\u00e3o tem tempo de ler o artigo todo<\/a><\/li><\/ul><\/li><li class='ez-toc-page-1 ez-toc-heading-level-2'><a class=\"ez-toc-link ez-toc-heading-2\" href=\"https:\/\/loudavymkrokem.cz\/pt-br\/varna-bulgaria-o-que-fazer\/#Quanto_custa_Varna\" >Quanto custa Varna<\/a><\/li><li class='ez-toc-page-1 ez-toc-heading-level-2'><a class=\"ez-toc-link ez-toc-heading-3\" href=\"https:\/\/loudavymkrokem.cz\/pt-br\/varna-bulgaria-o-que-fazer\/#Como_chegar_a_Varna_e_como_se_locomover_pela_cidade\" >Como chegar a Varna e como se locomover pela cidade<\/a><\/li><li class='ez-toc-page-1 ez-toc-heading-level-2'><a class=\"ez-toc-link ez-toc-heading-4\" href=\"https:\/\/loudavymkrokem.cz\/pt-br\/varna-bulgaria-o-que-fazer\/#Centro_historico_e_museus\" >Centro hist\u00f3rico e museus<\/a><ul class='ez-toc-list-level-3' ><li class='ez-toc-heading-level-3'><a class=\"ez-toc-link ez-toc-heading-5\" href=\"https:\/\/loudavymkrokem.cz\/pt-br\/varna-bulgaria-o-que-fazer\/#1_Museu_Arqueologico_e_o_ouro_mais_antigo_do_mundo\" >1. Museu Arqueol\u00f3gico e o ouro mais antigo do mundo<\/a><\/li><li class='ez-toc-page-1 ez-toc-heading-level-3'><a class=\"ez-toc-link ez-toc-heading-6\" href=\"https:\/\/loudavymkrokem.cz\/pt-br\/varna-bulgaria-o-que-fazer\/#2_Termas_Romanas_Odessos\" >2. Termas Romanas (Odessos)<\/a><\/li><li class='ez-toc-page-1 ez-toc-heading-level-3'><a class=\"ez-toc-link ez-toc-heading-7\" href=\"https:\/\/loudavymkrokem.cz\/pt-br\/varna-bulgaria-o-que-fazer\/#3_Catedral_da_Dormicao_da_Mae_de_Deus\" >3. Catedral da Dormi\u00e7\u00e3o da M\u00e3e de Deus<\/a><\/li><li class='ez-toc-page-1 ez-toc-heading-level-3'><a class=\"ez-toc-link ez-toc-heading-8\" href=\"https:\/\/loudavymkrokem.cz\/pt-br\/varna-bulgaria-o-que-fazer\/#4_Museu_Naval_Militar_e_o_torpedeiro_Drazki\" >4. Museu Naval Militar e o torpedeiro Drazki<\/a><\/li><li class='ez-toc-page-1 ez-toc-heading-level-3'><a class=\"ez-toc-link ez-toc-heading-9\" href=\"https:\/\/loudavymkrokem.cz\/pt-br\/varna-bulgaria-o-que-fazer\/#5_Museu_Etnografico\" >5. Museu Etnogr\u00e1fico<\/a><\/li><li class='ez-toc-page-1 ez-toc-heading-level-3'><a class=\"ez-toc-link ez-toc-heading-10\" href=\"https:\/\/loudavymkrokem.cz\/pt-br\/varna-bulgaria-o-que-fazer\/#6_Museu_Retro\" >6. Museu Retr\u00f4<\/a><\/li><li class='ez-toc-page-1 ez-toc-heading-level-3'><a class=\"ez-toc-link ez-toc-heading-11\" href=\"https:\/\/loudavymkrokem.cz\/pt-br\/varna-bulgaria-o-que-fazer\/#7_Torre_do_Relogio\" >7. Torre do Rel\u00f3gio<\/a><\/li><\/ul><\/li><li class='ez-toc-page-1 ez-toc-heading-level-2'><a class=\"ez-toc-link ez-toc-heading-12\" href=\"https:\/\/loudavymkrokem.cz\/pt-br\/varna-bulgaria-o-que-fazer\/#Jardim_do_Mar_e_o_litoral\" >Jardim do Mar e o litoral<\/a><ul class='ez-toc-list-level-3' ><li class='ez-toc-heading-level-3'><a class=\"ez-toc-link ez-toc-heading-13\" href=\"https:\/\/loudavymkrokem.cz\/pt-br\/varna-bulgaria-o-que-fazer\/#8_Jardim_do_Mar\" >8. Jardim do Mar<\/a><\/li><li class='ez-toc-page-1 ez-toc-heading-level-3'><a class=\"ez-toc-link ez-toc-heading-14\" href=\"https:\/\/loudavymkrokem.cz\/pt-br\/varna-bulgaria-o-que-fazer\/#9_Aquario_de_Varna\" >9. Aqu\u00e1rio de Varna<\/a><\/li><li class='ez-toc-page-1 ez-toc-heading-level-3'><a class=\"ez-toc-link ez-toc-heading-15\" href=\"https:\/\/loudavymkrokem.cz\/pt-br\/varna-bulgaria-o-que-fazer\/#10_Delfinario_Festa\" >10. Delfin\u00e1rio Festa<\/a><\/li><li class='ez-toc-page-1 ez-toc-heading-level-3'><a class=\"ez-toc-link ez-toc-heading-16\" href=\"https:\/\/loudavymkrokem.cz\/pt-br\/varna-bulgaria-o-que-fazer\/#11_Zoo_de_Varna\" >11. Zoo de Varna<\/a><\/li><li class='ez-toc-page-1 ez-toc-heading-level-3'><a class=\"ez-toc-link ez-toc-heading-17\" href=\"https:\/\/loudavymkrokem.cz\/pt-br\/varna-bulgaria-o-que-fazer\/#12_Planetario_N_Copernico\" >12. Planet\u00e1rio N. Cop\u00e9rnico<\/a><\/li><li class='ez-toc-page-1 ez-toc-heading-level-3'><a class=\"ez-toc-link ez-toc-heading-18\" href=\"https:\/\/loudavymkrokem.cz\/pt-br\/varna-bulgaria-o-que-fazer\/#13_Praias_urbanas_e_qualidade_da_agua\" >13. Praias urbanas e qualidade da \u00e1gua<\/a><\/li><\/ul><\/li><li class='ez-toc-page-1 ez-toc-heading-level-2'><a class=\"ez-toc-link ez-toc-heading-19\" href=\"https:\/\/loudavymkrokem.cz\/pt-br\/varna-bulgaria-o-que-fazer\/#Para_alem_do_centro\" >Para al\u00e9m do centro<\/a><ul class='ez-toc-list-level-3' ><li class='ez-toc-heading-level-3'><a class=\"ez-toc-link ez-toc-heading-20\" href=\"https:\/\/loudavymkrokem.cz\/pt-br\/varna-bulgaria-o-que-fazer\/#14_Parque-museu_de_Vladislav_Varnenchik\" >14. Parque-museu de Vladislav Varnenchik<\/a><\/li><li class='ez-toc-page-1 ez-toc-heading-level-3'><a class=\"ez-toc-link ez-toc-heading-21\" href=\"https:\/\/loudavymkrokem.cz\/pt-br\/varna-bulgaria-o-que-fazer\/#15_Praia_de_Asparuhovo\" >15. Praia de Asparuhovo<\/a><\/li><li class='ez-toc-page-1 ez-toc-heading-level-3'><a class=\"ez-toc-link ez-toc-heading-22\" href=\"https:\/\/loudavymkrokem.cz\/pt-br\/varna-bulgaria-o-que-fazer\/#16_Sv_Konstantin_e_Elena\" >16. Sv. Konstantin e Elena<\/a><\/li><\/ul><\/li><li class='ez-toc-page-1 ez-toc-heading-level-2'><a class=\"ez-toc-link ez-toc-heading-23\" href=\"https:\/\/loudavymkrokem.cz\/pt-br\/varna-bulgaria-o-que-fazer\/#Passeios_a_partir_de_Varna\" >Passeios a partir de Varna<\/a><ul class='ez-toc-list-level-3' ><li class='ez-toc-heading-level-3'><a class=\"ez-toc-link ez-toc-heading-24\" href=\"https:\/\/loudavymkrokem.cz\/pt-br\/varna-bulgaria-o-que-fazer\/#17_Palacio_e_Jardins_de_Balchik\" >17. Pal\u00e1cio e Jardins de Balchik<\/a><\/li><li class='ez-toc-page-1 ez-toc-heading-level-3'><a class=\"ez-toc-link ez-toc-heading-25\" href=\"https:\/\/loudavymkrokem.cz\/pt-br\/varna-bulgaria-o-que-fazer\/#18_Cabo_Kaliakra\" >18. Cabo Kaliakra<\/a><\/li><li class='ez-toc-page-1 ez-toc-heading-level-3'><a class=\"ez-toc-link ez-toc-heading-26\" href=\"https:\/\/loudavymkrokem.cz\/pt-br\/varna-bulgaria-o-que-fazer\/#19_Mosteiro_de_Aladzha\" >19. Mosteiro de Aladzha<\/a><\/li><li class='ez-toc-page-1 ez-toc-heading-level-3'><a class=\"ez-toc-link ez-toc-heading-27\" href=\"https:\/\/loudavymkrokem.cz\/pt-br\/varna-bulgaria-o-que-fazer\/#20_Pobiti_kamani_e_o_Cavaleiro_de_Madara\" >20. Pobiti kamani e o Cavaleiro de Madara<\/a><\/li><\/ul><\/li><li class='ez-toc-page-1 ez-toc-heading-level-2'><a class=\"ez-toc-link ez-toc-heading-28\" href=\"https:\/\/loudavymkrokem.cz\/pt-br\/varna-bulgaria-o-que-fazer\/#Onde_comer_em_Varna\" >Onde comer em Varna<\/a><\/li><li class='ez-toc-page-1 ez-toc-heading-level-2'><a class=\"ez-toc-link ez-toc-heading-29\" href=\"https:\/\/loudavymkrokem.cz\/pt-br\/varna-bulgaria-o-que-fazer\/#Onde_se_hospedar_em_Varna\" >Onde se hospedar em Varna<\/a><\/li><li class='ez-toc-page-1 ez-toc-heading-level-2'><a class=\"ez-toc-link ez-toc-heading-30\" href=\"https:\/\/loudavymkrokem.cz\/pt-br\/varna-bulgaria-o-que-fazer\/#Quando_ir_a_Varna\" >Quando ir a Varna<\/a><ul class='ez-toc-list-level-3' ><li class='ez-toc-heading-level-3'><a class=\"ez-toc-link ez-toc-heading-31\" href=\"https:\/\/loudavymkrokem.cz\/pt-br\/varna-bulgaria-o-que-fazer\/#Varna_fora_de_temporada\" >Varna fora de temporada<\/a><\/li><\/ul><\/li><li class='ez-toc-page-1 ez-toc-heading-level-2'><a class=\"ez-toc-link ez-toc-heading-32\" href=\"https:\/\/loudavymkrokem.cz\/pt-br\/varna-bulgaria-o-que-fazer\/#No_que_prestar_atencao\" >No que prestar aten\u00e7\u00e3o<\/a><\/li><li class='ez-toc-page-1 ez-toc-heading-level-2'><a class=\"ez-toc-link ez-toc-heading-33\" href=\"https:\/\/loudavymkrokem.cz\/pt-br\/varna-bulgaria-o-que-fazer\/#Para_onde_ir_depois\" >Para onde ir depois<\/a><\/li><li class='ez-toc-page-1 ez-toc-heading-level-2'><a class=\"ez-toc-link ez-toc-heading-34\" href=\"https:\/\/loudavymkrokem.cz\/pt-br\/varna-bulgaria-o-que-fazer\/#Perguntas_frequentes\" >Perguntas frequentes<\/a><ul class='ez-toc-list-level-3' ><li class='ez-toc-heading-level-3'><a class=\"ez-toc-link ez-toc-heading-35\" href=\"https:\/\/loudavymkrokem.cz\/pt-br\/varna-bulgaria-o-que-fazer\/#Em_Varna_se_paga_em_euros_ou_levas\" >Em Varna se paga em euros ou levas?<\/a><\/li><li class='ez-toc-page-1 ez-toc-heading-level-3'><a class=\"ez-toc-link ez-toc-heading-36\" href=\"https:\/\/loudavymkrokem.cz\/pt-br\/varna-bulgaria-o-que-fazer\/#Varna_e_adequada_para_familias_com_criancas\" >Varna \u00e9 adequada para fam\u00edlias com crian\u00e7as?<\/a><\/li><li class='ez-toc-page-1 ez-toc-heading-level-3'><a class=\"ez-toc-link ez-toc-heading-37\" href=\"https:\/\/loudavymkrokem.cz\/pt-br\/varna-bulgaria-o-que-fazer\/#Como_funciona_o_estacionamento_em_Varna\" >Como funciona o estacionamento em Varna?<\/a><\/li><li class='ez-toc-page-1 ez-toc-heading-level-3'><a class=\"ez-toc-link ez-toc-heading-38\" href=\"https:\/\/loudavymkrokem.cz\/pt-br\/varna-bulgaria-o-que-fazer\/#Da_para_voar_direto_para_Varna_saindo_do_Brasil\" >D\u00e1 para voar direto para Varna saindo do Brasil?<\/a><\/li><li class='ez-toc-page-1 ez-toc-heading-level-3'><a class=\"ez-toc-link ez-toc-heading-39\" href=\"https:\/\/loudavymkrokem.cz\/pt-br\/varna-bulgaria-o-que-fazer\/#Vale_a_pena_ir_para_Varna_fora_das_ferias_de_verao\" >Vale a pena ir para Varna fora das f\u00e9rias de ver\u00e3o?<\/a><\/li><li class='ez-toc-page-1 ez-toc-heading-level-3'><a class=\"ez-toc-link ez-toc-heading-40\" href=\"https:\/\/loudavymkrokem.cz\/pt-br\/varna-bulgaria-o-que-fazer\/#Como_eu_saio_de_Varna_para_ir_as_Areias_Douradas\" >Como eu saio de Varna para ir \u00e0s Areias Douradas?<\/a><\/li><li class='ez-toc-page-1 ez-toc-heading-level-3'><a class=\"ez-toc-link ez-toc-heading-41\" href=\"https:\/\/loudavymkrokem.cz\/pt-br\/varna-bulgaria-o-que-fazer\/#Varna_e_uma_cidade_segura\" >Varna \u00e9 uma cidade segura?<\/a><\/li><\/ul><\/li><\/ul><\/nav><\/div>\n<h3 class=\"wp-block-heading\"><span class=\"ez-toc-section\" id=\"Resumo_para_quem_nao_tem_tempo_de_ler_o_artigo_todo\"><\/span>Resumo para quem n\u00e3o tem tempo de ler o artigo todo<span class=\"ez-toc-section-end\"><\/span><\/h3>\n\n\n\n<ul class=\"wp-block-list\">\n\n<li><strong>O que \u00e9 Varna:<\/strong> A terceira maior cidade da Bulg\u00e1ria (mais de 322 mil habitantes) e um importante porto mar\u00edtimo que funciona o ano inteiro, n\u00e3o s\u00f3 no ver\u00e3o.<\/li>\n\n\n\n<li><strong>Maior atra\u00e7\u00e3o:<\/strong> O tesouro de ouro de Varna, de 4600\u20134200 a.C., que representa o ouro trabalhado mais antigo do mundo.<\/li>\n\n\n\n<li><strong>Moeda e pre\u00e7os:<\/strong> Desde 1\u00ba\/1\/2026 toda a Bulg\u00e1ria paga em euro. A exibi\u00e7\u00e3o dupla de pre\u00e7os j\u00e1 terminou.<\/li>\n\n\n\n<li><strong>Praias:<\/strong> A cidade tem mais de 22 praias, num total de 32 quil\u00f4metros de extens\u00e3o. Entre as melhores est\u00e3o a larga praia Yuzhen e a mais tranquila Asparuhovo.<\/li>\n\n\n\n<li><strong>Transporte:<\/strong> O aeroporto fica a apenas 8 quil\u00f4metros, e o \u00f4nibus da linha 409 te leva ao centro em menos de vinte minutos.<\/li>\n\n\n\n<li><strong>Quando ir:<\/strong> Agosto \u00e9 o m\u00eas mais seco e quente, mas vale a pena vir tamb\u00e9m na primavera ou no outono pela cultura e pelos monumentos.<\/li>\n\n\n\n<li><strong>Passeios pelos arredores:<\/strong> De Varna voc\u00ea chega facilmente \u00e0s fal\u00e9sias do cabo Kaliakra, ao mosteiro rupestre de Aladzha ou \u00e0 floresta de pedra (Pobiti kamani).<\/li>\n\n\n<\/ul>\n\n\n\n<figure class=\"wp-block-table\"><table><thead><tr><th>#<\/th><th>Local<\/th><th>Tipo<\/th><th>Entrada 2026<\/th><\/tr><\/thead><tbody><tr><td>1<\/td><td>Museu Arqueol\u00f3gico<\/td><td>Hist\u00f3ria<\/td><td>10,00 \u20ac<\/td><\/tr><tr><td>2<\/td><td>Termas Romanas<\/td><td>Monumento antigo<\/td><td>4,00 \u20ac<\/td><\/tr><tr><td>3<\/td><td>Catedral da Dormi\u00e7\u00e3o da M\u00e3e de Deus<\/td><td>Constru\u00e7\u00e3o religiosa<\/td><td>Gr\u00e1tis<\/td><\/tr><tr><td>4<\/td><td>Museu Naval Militar<\/td><td>Hist\u00f3ria militar<\/td><td>4,09 \u20ac (combo)<\/td><\/tr><tr><td>5<\/td><td>Museu Etnogr\u00e1fico<\/td><td>Cultura e tradi\u00e7\u00f5es<\/td><td>5,00 \u20ac<\/td><\/tr><tr><td>6<\/td><td>Museu Retr\u00f4 (Grand Mall)<\/td><td>Hist\u00f3ria recente<\/td><td>Cerca de 15,34 \u20ac<\/td><\/tr><tr><td>7<\/td><td>Torre do Rel\u00f3gio<\/td><td>Arquitetura<\/td><td>Por fora, gr\u00e1tis<\/td><\/tr><tr><td>8<\/td><td>Jardim do Mar<\/td><td>Parque e descanso<\/td><td>Gr\u00e1tis<\/td><\/tr><tr><td>9<\/td><td>Aqu\u00e1rio<\/td><td>Natureza<\/td><td>2,00 \u20ac<\/td><\/tr><tr><td>10<\/td><td>Delfin\u00e1rio Festa<\/td><td>Entretenimento<\/td><td>14,00 \u2013 26,00 \u20ac (conforme a temporada)<\/td><\/tr><tr><td>11<\/td><td>Zoo de Varna<\/td><td>Natureza<\/td><td>3,00 \u20ac<\/td><\/tr><tr><td>12<\/td><td>Planet\u00e1rio N. Cop\u00e9rnico<\/td><td>Educa\u00e7\u00e3o<\/td><td>3,58 \u20ac<\/td><\/tr><tr><td>13<\/td><td>Praias urbanas<\/td><td>Banho de mar<\/td><td>Gr\u00e1tis (espregui\u00e7adeiras cerca de 3,5\u20135 \u20ac)<\/td><\/tr><tr><td>14<\/td><td>Parque-museu de Vladislav Varnenchik<\/td><td>Hist\u00f3ria<\/td><td>4,09 \u20ac<\/td><\/tr><tr><td>15<\/td><td>Praia de Asparuhovo<\/td><td>Banho de mar<\/td><td>Gr\u00e1tis<\/td><\/tr><tr><td>16<\/td><td>Sv. Konstantin e Elena<\/td><td>Termas<\/td><td>Conforme o resort escolhido<\/td><\/tr><tr><td>17<\/td><td>Pal\u00e1cio e Jardins de Balchik<\/td><td>Passeio (hist\u00f3ria\/natureza)<\/td><td>10,00 \u20ac (pal\u00e1cio) + 10,00 \u20ac (jardim)<\/td><\/tr><tr><td>18<\/td><td>Cabo Kaliakra<\/td><td>Passeio (natureza\/hist\u00f3ria)<\/td><td>Cerca de 3,00 \u20ac<\/td><\/tr><tr><td>19<\/td><td>Mosteiro de Aladzha<\/td><td>Passeio (mosteiro rupestre)<\/td><td>5,00 \u20ac<\/td><\/tr><tr><td>20<\/td><td>Pobiti kamani e o Cavaleiro de Madara<\/td><td>Passeio (natureza\/UNESCO)<\/td><td>3,00 \u20ac \/ cerca de 3,58 \u20ac<\/td><\/tr><\/tbody><\/table><\/figure>\n\n\n\n<figure data-wp-context=\"{&quot;imageId&quot;:&quot;6a9c2ebc3ff20&quot;}\" data-wp-interactive=\"core\/image\" data-wp-key=\"6a9c2ebc3ff20\" class=\"wp-block-image size-full wp-lightbox-container\"><img decoding=\"async\" width=\"1800\" height=\"892\" data-wp-class--hide=\"state.isContentHidden\" data-wp-class--show=\"state.isContentVisible\" data-wp-init=\"callbacks.setButtonStyles\" data-wp-on--click=\"actions.showLightbox\" data-wp-on--load=\"callbacks.setButtonStyles\" data-wp-on--pointerdown=\"actions.preloadImage\" data-wp-on--pointerenter=\"actions.preloadImageWithDelay\" data-wp-on--pointerleave=\"actions.cancelPreload\" data-wp-on-window--resize=\"callbacks.setButtonStyles\" src=\"https:\/\/loudavymkrokem.cz\/wp-content\/uploads\/2026\/08\/bulharsko-research-varna-02-57328bc9.jpg\" alt=\"Bancas de alimentos no mercado central de Varna\" class=\"wp-image-407777\" title=\"\" srcset=\"https:\/\/loudavymkrokem.cz\/wp-content\/uploads\/2026\/08\/bulharsko-research-varna-02-57328bc9.jpg 1800w, https:\/\/loudavymkrokem.cz\/wp-content\/uploads\/2026\/08\/bulharsko-research-varna-02-57328bc9-300x149.jpg 300w, https:\/\/loudavymkrokem.cz\/wp-content\/uploads\/2026\/08\/bulharsko-research-varna-02-57328bc9-700x347.jpg 700w, https:\/\/loudavymkrokem.cz\/wp-content\/uploads\/2026\/08\/bulharsko-research-varna-02-57328bc9-768x381.jpg 768w, https:\/\/loudavymkrokem.cz\/wp-content\/uploads\/2026\/08\/bulharsko-research-varna-02-57328bc9-1536x761.jpg 1536w, https:\/\/loudavymkrokem.cz\/wp-content\/uploads\/2026\/08\/bulharsko-research-varna-02-57328bc9-696x345.jpg 696w, https:\/\/loudavymkrokem.cz\/wp-content\/uploads\/2026\/08\/bulharsko-research-varna-02-57328bc9-1392x690.jpg 1392w\" sizes=\"(max-width: 1800px) 100vw, 1800px\" \/><button\n\t\t\tclass=\"lightbox-trigger\"\n\t\t\ttype=\"button\"\n\t\t\taria-haspopup=\"dialog\"\n\t\t\tdata-wp-bind--aria-label=\"state.thisImage.triggerButtonAriaLabel\"\n\t\t\tdata-wp-init=\"callbacks.initTriggerButton\"\n\t\t\tdata-wp-on--click=\"actions.showLightbox\"\n\t\t\tdata-wp-style--right=\"state.thisImage.buttonRight\"\n\t\t\tdata-wp-style--top=\"state.thisImage.buttonTop\"\n\t\t>\n\t\t\t<svg xmlns=\"http:\/\/www.w3.org\/2000\/svg\" width=\"12\" height=\"12\" fill=\"none\" viewBox=\"0 0 12 12\">\n\t\t\t\t<path fill=\"#fff\" d=\"M2 0a2 2 0 0 0-2 2v2h1.5V2a.5.5 0 0 1 .5-.5h2V0H2Zm2 10.5H2a.5.5 0 0 1-.5-.5V8H0v2a2 2 0 0 0 2 2h2v-1.5ZM8 12v-1.5h2a.5.5 0 0 0 .5-.5V8H12v2a2 2 0 0 1-2 2H8Zm2-12a2 2 0 0 1 2 2v2h-1.5V2a.5.5 0 0 0-.5-.5H8V0h2Z\" \/>\n\t\t\t<\/svg>\n\t\t<\/button><figcaption class=\"wp-element-caption\">Foto: Victoria Rangelova (Google Maps)<\/figcaption><\/figure>\n\n\n\n<h2 class=\"wp-block-heading\"><span class=\"ez-toc-section\" id=\"Quanto_custa_Varna\"><\/span>Quanto custa Varna<span class=\"ez-toc-section-end\"><\/span><\/h2>\n\n\n\n<p class=\"wp-block-paragraph\">A Bulg\u00e1ria <strong>adotou oficialmente o euro em 1\u00ba de janeiro de 2026<\/strong>. A taxa de convers\u00e3o fixa foi definida em 1 \u20ac = 1,95583 lv. O per\u00edodo em que os pre\u00e7os tinham de ser exibidos obrigatoriamente nas duas moedas terminou em 8 de agosto de 2026, ent\u00e3o hoje, nos card\u00e1pios dos restaurantes e nas lojas, voc\u00ea j\u00e1 v\u00ea <strong>apenas euros<\/strong>. Para o viajante, isso \u00e9 um enorme al\u00edvio, porque acaba a busca por uma casa de c\u00e2mbio honesta e a convers\u00e3o de levs.<\/p>\n\n\n\n<p class=\"wp-block-paragraph\">Ao planejar o or\u00e7amento, preste muita aten\u00e7\u00e3o em onde voc\u00ea come. <strong>Em Varna existe um abismo entre os estabelecimentos frequentados pelos locais e o cal\u00e7ad\u00e3o tur\u00edstico.<\/strong> Enquanto num restaurante tradicional no centro (o chamado Bairro Grego) voc\u00ea paga por um prato principal sem carne cerca de 9 a 10 euros e por uma salada shopska pouco mais de 6 euros, no cal\u00e7ad\u00e3o da praia (Kraybrezhna aleya) a salada facilmente sai por 14 euros e o prato principal chega a 20 ou 30 euros. <strong>A diferen\u00e7a \u00e9, portanto, de 200 a 300 por cento.<\/strong><\/p>\n\n\n\n<p class=\"wp-block-paragraph\"><strong>Tabela de pre\u00e7os de refer\u00eancia em Varna (2026):<\/strong><\/p>\n\n\n\n<figure class=\"wp-block-table\"><table><thead><tr><th>Item<\/th><th>Pre\u00e7o em euros<\/th><th>Aproximadamente em R$<\/th><\/tr><\/thead><tbody><tr><td>Passagem de transporte p\u00fablico (pelo app)<\/td><td>0,51 \u20ac<\/td><td>cerca de R$ 3<\/td><\/tr><tr><td>Bandeirada do t\u00e1xi \/ pre\u00e7o por 1 km<\/td><td>1,58 \u20ac \/ 0,79 \u20ac<\/td><td>cerca de R$ 9 \/ R$ 5<\/td><\/tr><tr><td>Espresso no caf\u00e9<\/td><td>1,99 \u20ac<\/td><td>cerca de R$ 12<\/td><\/tr><tr><td>Chope (0,5 l) no restaurante<\/td><td>2,50 \u2013 2,56 \u20ac<\/td><td>cerca de R$ 15<\/td><\/tr><tr><td>Almo\u00e7o em restaurante tradicional (fora da praia)<\/td><td>10,00 \u2013 12,00 \u20ac<\/td><td>cerca de R$ 60 \u2013 70<\/td><\/tr><tr><td>Jantar para dois em restaurante m\u00e9dio<\/td><td>cerca de 52,00 \u20ac<\/td><td>cerca de R$ 310<\/td><\/tr><tr><td>Aluguel de espregui\u00e7adeira na praia<\/td><td>3,50 \u2013 5,00 \u20ac<\/td><td>cerca de R$ 21 \u2013 30<\/td><\/tr><tr><td>Entrada nos principais museus<\/td><td>4,00 \u2013 10,00 \u20ac<\/td><td>cerca de R$ 24 \u2013 60<\/td><\/tr><\/tbody><\/table><\/figure>\n\n\n\n<p class=\"wp-block-paragraph\"><em>A convers\u00e3o \u00e9 aproximada, calculada a uma taxa de cerca de R$ 6 por euro.<\/em><\/p>\n\n\n\n<figure data-wp-context=\"{&quot;imageId&quot;:&quot;6a9c2ebc404b4&quot;}\" data-wp-interactive=\"core\/image\" data-wp-key=\"6a9c2ebc404b4\" class=\"wp-block-image size-full wp-lightbox-container\"><img decoding=\"async\" width=\"1800\" height=\"1350\" data-wp-class--hide=\"state.isContentHidden\" data-wp-class--show=\"state.isContentVisible\" data-wp-init=\"callbacks.setButtonStyles\" data-wp-on--click=\"actions.showLightbox\" data-wp-on--load=\"callbacks.setButtonStyles\" data-wp-on--pointerdown=\"actions.preloadImage\" data-wp-on--pointerenter=\"actions.preloadImageWithDelay\" data-wp-on--pointerleave=\"actions.cancelPreload\" data-wp-on-window--resize=\"callbacks.setButtonStyles\" src=\"https:\/\/loudavymkrokem.cz\/wp-content\/uploads\/2026\/08\/bulharsko-research-varna-03-2c415b95.jpg\" alt=\"Tr\u00f3lebus \u0160koda em Varna\" class=\"wp-image-407778\" title=\"\" srcset=\"https:\/\/loudavymkrokem.cz\/wp-content\/uploads\/2026\/08\/bulharsko-research-varna-03-2c415b95.jpg 1800w, https:\/\/loudavymkrokem.cz\/wp-content\/uploads\/2026\/08\/bulharsko-research-varna-03-2c415b95-300x225.jpg 300w, https:\/\/loudavymkrokem.cz\/wp-content\/uploads\/2026\/08\/bulharsko-research-varna-03-2c415b95-700x525.jpg 700w, https:\/\/loudavymkrokem.cz\/wp-content\/uploads\/2026\/08\/bulharsko-research-varna-03-2c415b95-768x576.jpg 768w, https:\/\/loudavymkrokem.cz\/wp-content\/uploads\/2026\/08\/bulharsko-research-varna-03-2c415b95-1536x1152.jpg 1536w, https:\/\/loudavymkrokem.cz\/wp-content\/uploads\/2026\/08\/bulharsko-research-varna-03-2c415b95-80x60.jpg 80w, https:\/\/loudavymkrokem.cz\/wp-content\/uploads\/2026\/08\/bulharsko-research-varna-03-2c415b95-160x120.jpg 160w, https:\/\/loudavymkrokem.cz\/wp-content\/uploads\/2026\/08\/bulharsko-research-varna-03-2c415b95-696x522.jpg 696w, https:\/\/loudavymkrokem.cz\/wp-content\/uploads\/2026\/08\/bulharsko-research-varna-03-2c415b95-1392x1044.jpg 1392w\" sizes=\"(max-width: 1800px) 100vw, 1800px\" \/><button\n\t\t\tclass=\"lightbox-trigger\"\n\t\t\ttype=\"button\"\n\t\t\taria-haspopup=\"dialog\"\n\t\t\tdata-wp-bind--aria-label=\"state.thisImage.triggerButtonAriaLabel\"\n\t\t\tdata-wp-init=\"callbacks.initTriggerButton\"\n\t\t\tdata-wp-on--click=\"actions.showLightbox\"\n\t\t\tdata-wp-style--right=\"state.thisImage.buttonRight\"\n\t\t\tdata-wp-style--top=\"state.thisImage.buttonTop\"\n\t\t>\n\t\t\t<svg xmlns=\"http:\/\/www.w3.org\/2000\/svg\" width=\"12\" height=\"12\" fill=\"none\" viewBox=\"0 0 12 12\">\n\t\t\t\t<path fill=\"#fff\" d=\"M2 0a2 2 0 0 0-2 2v2h1.5V2a.5.5 0 0 1 .5-.5h2V0H2Zm2 10.5H2a.5.5 0 0 1-.5-.5V8H0v2a2 2 0 0 0 2 2h2v-1.5ZM8 12v-1.5h2a.5.5 0 0 0 .5-.5V8H12v2a2 2 0 0 1-2 2H8Zm2-12a2 2 0 0 1 2 2v2h-1.5V2a.5.5 0 0 0-.5-.5H8V0h2Z\" \/>\n\t\t\t<\/svg>\n\t\t<\/button><figcaption class=\"wp-element-caption\">Foto: Powerfox, CC BY-SA 4.0 (Wikimedia Commons)<\/figcaption><\/figure>\n\n\n\n<h2 class=\"wp-block-heading\"><span class=\"ez-toc-section\" id=\"Como_chegar_a_Varna_e_como_se_locomover_pela_cidade\"><\/span>Como chegar a Varna e como se locomover pela cidade<span class=\"ez-toc-section-end\"><\/span><\/h2>\n\n\n\n<p class=\"wp-block-paragraph\">O <a href=\"https:\/\/varna-airport.bg\/\" rel=\"nofollow noopener\" target=\"_blank\">Aeroporto de Varna (VAR)<\/a> fica <strong>a apenas 8 quil\u00f4metros a oeste do centro<\/strong>. Recebe quase dois milh\u00f5es de passageiros por ano e, na temporada de ver\u00e3o, chegam aqui voos de v\u00e1rias cidades europeias. Do Brasil, o caminho mais pr\u00e1tico costuma ser voar com companhias como LATAM, TAP ou GOL at\u00e9 um hub europeu (por exemplo Lisboa, Frankfurt ou Istambul) e de l\u00e1 pegar uma conex\u00e3o para Varna. A viagem do aeroporto ao centro \u00e9 rapid\u00edssima, leva <strong>menos de 20 minutos<\/strong>.<\/p>\n\n\n\n<p class=\"wp-block-paragraph\">O caminho mais barato a partir do aeroporto \u00e9 a <strong>linha de \u00f4nibus 409<\/strong>, que passa pela rodovi\u00e1ria e vai direto ao centro, at\u00e9 a Catedral, e no ver\u00e3o segue at\u00e9 a Costa do Sol. Mas aqui espreita uma <strong>grande armadilha tur\u00edstica<\/strong>. Essa linha \u00e9 operada em paralelo por duas empresas de transporte diferentes. Se voc\u00ea comprar a passagem na m\u00e1quina, ela s\u00f3 vale nos ve\u00edculos da empresa municipal Gradski Transport. Se parar o ve\u00edculo da outra operadora, voc\u00ea tem que comprar o bilhete de novo com o cobrador dentro do \u00f4nibus.<\/p>\n\n\n\n<p class=\"wp-block-paragraph\">Para circular pela cidade, o transporte p\u00fablico \u00e9 bastante confi\u00e1vel, mas tem suas pegadinhas. <strong>As m\u00e1quinas nos pontos aceitam exclusivamente moedas de euro.<\/strong> Nada de c\u00e9dulas, nada de cart\u00f5es. Se voc\u00ea n\u00e3o tiver trocado, simplesmente n\u00e3o compra a passagem. A melhor solu\u00e7\u00e3o, sem d\u00favida, \u00e9 baixar o <strong>novo aplicativo <a href=\"https:\/\/varnatraffic.com\/\" rel=\"nofollow noopener\" target=\"_blank\">TTickets Varna<\/a><\/strong>. Nele voc\u00ea n\u00e3o s\u00f3 paga com cart\u00e3o, como a passagem eletr\u00f4nica custa <strong>apenas 0,51 \u20ac<\/strong>, enquanto a de papel da m\u00e1quina sai por 1 euro cheio.<\/p>\n\n\n\n<p class=\"wp-block-paragraph\">Se voc\u00ea planeja alugar um carro, prepare-se para as particularidades do estacionamento local. <strong>A zona azul no centro de Varna funciona de segunda a domingo<\/strong>, o que \u00e9 a pegadinha mais comum para turistas que acham que estacionam de gra\u00e7a no fim de semana. Al\u00e9m disso, Varna <strong>n\u00e3o tem parqu\u00edmetros cl\u00e1ssicos<\/strong>. O estacionamento (0,51 \u20ac por hora) \u00e9 pago por SMS, o que muitas vezes \u00e9 pouco confi\u00e1vel com n\u00famero estrangeiro, ou, muito melhor, <strong>pelo aplicativo MPark<\/strong>. Se voc\u00ea n\u00e3o pagar, o bloqueador de roda sai por mais de 10 euros e d\u00e1 para pagar direto online, sem ficar esperando junto ao carro.<\/p>\n\n\n\n<p class=\"wp-block-paragraph\">Os t\u00e1xis em Varna s\u00e3o bem baratos, a tarifa diurna \u00e9 de <strong>0,79 \u20ac por quil\u00f4metro<\/strong>. Mas escolha sempre empresas honestas (por exemplo Triumf, Omega Trans ou Hipo) e lembre-se de que <strong>nem Bolt nem Uber operam corridas em Varna<\/strong> (o Bolt oferece aqui apenas patinetes e delivery de comida). Chamar t\u00e1xi por telefone ou pelo app da empresa \u00e9 gratuito, por isso n\u00e3o faz sentido pegar um carro aleat\u00f3rio na rua, onde h\u00e1 risco de cobrarem pre\u00e7o abusivo.<\/p>\n\n\n\n<figure data-wp-context=\"{&quot;imageId&quot;:&quot;6a9c2ebc40b9b&quot;}\" data-wp-interactive=\"core\/image\" data-wp-key=\"6a9c2ebc40b9b\" class=\"wp-block-image size-full wp-lightbox-container\"><img decoding=\"async\" width=\"1800\" height=\"1012\" data-wp-class--hide=\"state.isContentHidden\" data-wp-class--show=\"state.isContentVisible\" data-wp-init=\"callbacks.setButtonStyles\" data-wp-on--click=\"actions.showLightbox\" data-wp-on--load=\"callbacks.setButtonStyles\" data-wp-on--pointerdown=\"actions.preloadImage\" data-wp-on--pointerenter=\"actions.preloadImageWithDelay\" data-wp-on--pointerleave=\"actions.cancelPreload\" data-wp-on-window--resize=\"callbacks.setButtonStyles\" src=\"https:\/\/loudavymkrokem.cz\/wp-content\/uploads\/2026\/08\/bulharsko-research-varna-04-0df9e0d1.jpg\" alt=\"Edif\u00edcio do Museu Arqueol\u00f3gico de Varna, antigo col\u00e9gio para mo\u00e7as\" class=\"wp-image-407779\" title=\"\" srcset=\"https:\/\/loudavymkrokem.cz\/wp-content\/uploads\/2026\/08\/bulharsko-research-varna-04-0df9e0d1.jpg 1800w, https:\/\/loudavymkrokem.cz\/wp-content\/uploads\/2026\/08\/bulharsko-research-varna-04-0df9e0d1-300x169.jpg 300w, https:\/\/loudavymkrokem.cz\/wp-content\/uploads\/2026\/08\/bulharsko-research-varna-04-0df9e0d1-700x394.jpg 700w, https:\/\/loudavymkrokem.cz\/wp-content\/uploads\/2026\/08\/bulharsko-research-varna-04-0df9e0d1-768x432.jpg 768w, https:\/\/loudavymkrokem.cz\/wp-content\/uploads\/2026\/08\/bulharsko-research-varna-04-0df9e0d1-1536x864.jpg 1536w, https:\/\/loudavymkrokem.cz\/wp-content\/uploads\/2026\/08\/bulharsko-research-varna-04-0df9e0d1-696x391.jpg 696w, https:\/\/loudavymkrokem.cz\/wp-content\/uploads\/2026\/08\/bulharsko-research-varna-04-0df9e0d1-1392x783.jpg 1392w\" sizes=\"(max-width: 1800px) 100vw, 1800px\" \/><button\n\t\t\tclass=\"lightbox-trigger\"\n\t\t\ttype=\"button\"\n\t\t\taria-haspopup=\"dialog\"\n\t\t\tdata-wp-bind--aria-label=\"state.thisImage.triggerButtonAriaLabel\"\n\t\t\tdata-wp-init=\"callbacks.initTriggerButton\"\n\t\t\tdata-wp-on--click=\"actions.showLightbox\"\n\t\t\tdata-wp-style--right=\"state.thisImage.buttonRight\"\n\t\t\tdata-wp-style--top=\"state.thisImage.buttonTop\"\n\t\t>\n\t\t\t<svg xmlns=\"http:\/\/www.w3.org\/2000\/svg\" width=\"12\" height=\"12\" fill=\"none\" viewBox=\"0 0 12 12\">\n\t\t\t\t<path fill=\"#fff\" d=\"M2 0a2 2 0 0 0-2 2v2h1.5V2a.5.5 0 0 1 .5-.5h2V0H2Zm2 10.5H2a.5.5 0 0 1-.5-.5V8H0v2a2 2 0 0 0 2 2h2v-1.5ZM8 12v-1.5h2a.5.5 0 0 0 .5-.5V8H12v2a2 2 0 0 1-2 2H8Zm2-12a2 2 0 0 1 2 2v2h-1.5V2a.5.5 0 0 0-.5-.5H8V0h2Z\" \/>\n\t\t\t<\/svg>\n\t\t<\/button><figcaption class=\"wp-element-caption\">Foto: karel291, CC BY 3.0 (Wikimedia Commons)<\/figcaption><\/figure>\n\n\n\n<h2 class=\"wp-block-heading\"><span class=\"ez-toc-section\" id=\"Centro_historico_e_museus\"><\/span>Centro hist\u00f3rico e museus<span class=\"ez-toc-section-end\"><\/span><\/h2>\n\n\n\n<p class=\"wp-block-paragraph\">Varna tem um <strong>centro compacto<\/strong> e lindo, que se <strong>explora melhor a p\u00e9<\/strong>. Aqui voc\u00ea se depara com vest\u00edgios do poderoso Imp\u00e9rio Romano, cole\u00e7\u00f5es impressionantes do alvorecer da humanidade e monumentos da hist\u00f3ria recente.<\/p>\n\n\n\n<figure data-wp-context=\"{&quot;imageId&quot;:&quot;6a9c2ebc41181&quot;}\" data-wp-interactive=\"core\/image\" data-wp-key=\"6a9c2ebc41181\" class=\"wp-block-image size-full wp-lightbox-container\"><img decoding=\"async\" width=\"1800\" height=\"1207\" data-wp-class--hide=\"state.isContentHidden\" data-wp-class--show=\"state.isContentVisible\" data-wp-init=\"callbacks.setButtonStyles\" data-wp-on--click=\"actions.showLightbox\" data-wp-on--load=\"callbacks.setButtonStyles\" data-wp-on--pointerdown=\"actions.preloadImage\" data-wp-on--pointerenter=\"actions.preloadImageWithDelay\" data-wp-on--pointerleave=\"actions.cancelPreload\" data-wp-on-window--resize=\"callbacks.setButtonStyles\" src=\"https:\/\/loudavymkrokem.cz\/wp-content\/uploads\/2026\/08\/bulharsko-research-varna-05-d71bfb98.jpg\" alt=\"Tesouro de ouro de Varna no Museu Arqueol\u00f3gico\" class=\"wp-image-407780\" title=\"\" srcset=\"https:\/\/loudavymkrokem.cz\/wp-content\/uploads\/2026\/08\/bulharsko-research-varna-05-d71bfb98.jpg 1800w, https:\/\/loudavymkrokem.cz\/wp-content\/uploads\/2026\/08\/bulharsko-research-varna-05-d71bfb98-300x201.jpg 300w, https:\/\/loudavymkrokem.cz\/wp-content\/uploads\/2026\/08\/bulharsko-research-varna-05-d71bfb98-700x469.jpg 700w, https:\/\/loudavymkrokem.cz\/wp-content\/uploads\/2026\/08\/bulharsko-research-varna-05-d71bfb98-768x515.jpg 768w, https:\/\/loudavymkrokem.cz\/wp-content\/uploads\/2026\/08\/bulharsko-research-varna-05-d71bfb98-1536x1030.jpg 1536w, https:\/\/loudavymkrokem.cz\/wp-content\/uploads\/2026\/08\/bulharsko-research-varna-05-d71bfb98-696x467.jpg 696w, https:\/\/loudavymkrokem.cz\/wp-content\/uploads\/2026\/08\/bulharsko-research-varna-05-d71bfb98-1392x933.jpg 1392w\" sizes=\"(max-width: 1800px) 100vw, 1800px\" \/><button\n\t\t\tclass=\"lightbox-trigger\"\n\t\t\ttype=\"button\"\n\t\t\taria-haspopup=\"dialog\"\n\t\t\tdata-wp-bind--aria-label=\"state.thisImage.triggerButtonAriaLabel\"\n\t\t\tdata-wp-init=\"callbacks.initTriggerButton\"\n\t\t\tdata-wp-on--click=\"actions.showLightbox\"\n\t\t\tdata-wp-style--right=\"state.thisImage.buttonRight\"\n\t\t\tdata-wp-style--top=\"state.thisImage.buttonTop\"\n\t\t>\n\t\t\t<svg xmlns=\"http:\/\/www.w3.org\/2000\/svg\" width=\"12\" height=\"12\" fill=\"none\" viewBox=\"0 0 12 12\">\n\t\t\t\t<path fill=\"#fff\" d=\"M2 0a2 2 0 0 0-2 2v2h1.5V2a.5.5 0 0 1 .5-.5h2V0H2Zm2 10.5H2a.5.5 0 0 1-.5-.5V8H0v2a2 2 0 0 0 2 2h2v-1.5ZM8 12v-1.5h2a.5.5 0 0 0 .5-.5V8H12v2a2 2 0 0 1-2 2H8Zm2-12a2 2 0 0 1 2 2v2h-1.5V2a.5.5 0 0 0-.5-.5H8V0h2Z\" \/>\n\t\t\t<\/svg>\n\t\t<\/button><figcaption class=\"wp-element-caption\">Foto: Ivano Giambattista, CC0 (Wikimedia Commons)<\/figcaption><\/figure>\n\n\n\n<h3 class=\"wp-block-heading\"><span class=\"ez-toc-section\" id=\"1_Museu_Arqueologico_e_o_ouro_mais_antigo_do_mundo\"><\/span>1. Museu Arqueol\u00f3gico e o ouro mais antigo do mundo<span class=\"ez-toc-section-end\"><\/span><\/h3>\n\n\n\n<p class=\"wp-block-paragraph\">Este n\u00e3o \u00e9 um museu municipal qualquer. \u00c9 justamente aqui que fica exposto o famoso <strong>tesouro de ouro de Varna<\/strong>, descoberto por acaso por um operador de escavadeira em 1972. As pesquisas mostraram que os objetos datam de cerca de <strong>4600\u20134200 a.C.<\/strong>, o que os torna o ouro trabalhado mais antigo j\u00e1 encontrado em qualquer parte do mundo. O peso e a quantidade desses achados em ouro superam em v\u00e1rias vezes a soma de todos os objetos de ouro encontrados na mesma \u00e9poca no mundo inteiro, incluindo Mesopot\u00e2mia e Egito. Vale a pena procurar a chamada necr\u00f3pole de Varna, o s\u00edtio onde tudo isso foi desenterrado.<\/p>\n\n\n\n<p class=\"wp-block-paragraph\">O item mais famoso \u00e9 a r\u00e9plica da <strong>sepultura n\u00famero 43<\/strong>, que continha mais de mil objetos de ouro, com peso superior a 1,5 quilograma. Por muito tempo se acreditou que eram os restos de um poderoso pr\u00edncipe, mas a arqueologia moderna tende a considerar que era um <strong>ferreiro de alta posi\u00e7\u00e3o social<\/strong>. O museu em si funciona no belo edif\u00edcio de um antigo col\u00e9gio para mo\u00e7as. \ud83d\udca1 <strong>Dica:<\/strong> os ingressos de 10 \u20ac s\u00e3o comprados <strong>somente na bilheteria f\u00edsica<\/strong>; o museu alerta contra a venda online por cambistas. Al\u00e9m disso, na temporada de inverno (de outubro a abril) fica fechado aos domingos e segundas.<\/p>\n\n\n\n<figure data-wp-context=\"{&quot;imageId&quot;:&quot;6a9c2ebc4196a&quot;}\" data-wp-interactive=\"core\/image\" data-wp-key=\"6a9c2ebc4196a\" class=\"wp-block-image size-full wp-lightbox-container\"><img decoding=\"async\" width=\"1800\" height=\"1200\" data-wp-class--hide=\"state.isContentHidden\" data-wp-class--show=\"state.isContentVisible\" data-wp-init=\"callbacks.setButtonStyles\" data-wp-on--click=\"actions.showLightbox\" data-wp-on--load=\"callbacks.setButtonStyles\" data-wp-on--pointerdown=\"actions.preloadImage\" data-wp-on--pointerenter=\"actions.preloadImageWithDelay\" data-wp-on--pointerleave=\"actions.cancelPreload\" data-wp-on-window--resize=\"callbacks.setButtonStyles\" src=\"https:\/\/loudavymkrokem.cz\/wp-content\/uploads\/2026\/08\/bulharsko-research-varna-06-51bd3e82.jpg\" alt=\"Termas romanas em Varna\" class=\"wp-image-407781\" title=\"\" srcset=\"https:\/\/loudavymkrokem.cz\/wp-content\/uploads\/2026\/08\/bulharsko-research-varna-06-51bd3e82.jpg 1800w, https:\/\/loudavymkrokem.cz\/wp-content\/uploads\/2026\/08\/bulharsko-research-varna-06-51bd3e82-300x200.jpg 300w, https:\/\/loudavymkrokem.cz\/wp-content\/uploads\/2026\/08\/bulharsko-research-varna-06-51bd3e82-700x467.jpg 700w, https:\/\/loudavymkrokem.cz\/wp-content\/uploads\/2026\/08\/bulharsko-research-varna-06-51bd3e82-768x512.jpg 768w, https:\/\/loudavymkrokem.cz\/wp-content\/uploads\/2026\/08\/bulharsko-research-varna-06-51bd3e82-1536x1024.jpg 1536w, https:\/\/loudavymkrokem.cz\/wp-content\/uploads\/2026\/08\/bulharsko-research-varna-06-51bd3e82-696x464.jpg 696w, https:\/\/loudavymkrokem.cz\/wp-content\/uploads\/2026\/08\/bulharsko-research-varna-06-51bd3e82-1392x928.jpg 1392w\" sizes=\"(max-width: 1800px) 100vw, 1800px\" \/><button\n\t\t\tclass=\"lightbox-trigger\"\n\t\t\ttype=\"button\"\n\t\t\taria-haspopup=\"dialog\"\n\t\t\tdata-wp-bind--aria-label=\"state.thisImage.triggerButtonAriaLabel\"\n\t\t\tdata-wp-init=\"callbacks.initTriggerButton\"\n\t\t\tdata-wp-on--click=\"actions.showLightbox\"\n\t\t\tdata-wp-style--right=\"state.thisImage.buttonRight\"\n\t\t\tdata-wp-style--top=\"state.thisImage.buttonTop\"\n\t\t>\n\t\t\t<svg xmlns=\"http:\/\/www.w3.org\/2000\/svg\" width=\"12\" height=\"12\" fill=\"none\" viewBox=\"0 0 12 12\">\n\t\t\t\t<path fill=\"#fff\" d=\"M2 0a2 2 0 0 0-2 2v2h1.5V2a.5.5 0 0 1 .5-.5h2V0H2Zm2 10.5H2a.5.5 0 0 1-.5-.5V8H0v2a2 2 0 0 0 2 2h2v-1.5ZM8 12v-1.5h2a.5.5 0 0 0 .5-.5V8H12v2a2 2 0 0 1-2 2H8Zm2-12a2 2 0 0 1 2 2v2h-1.5V2a.5.5 0 0 0-.5-.5H8V0h2Z\" \/>\n\t\t\t<\/svg>\n\t\t<\/button><figcaption class=\"wp-element-caption\">Foto: Dina Rogatnykh, CC BY-SA 4.0 (Wikimedia Commons)<\/figcaption><\/figure>\n\n\n\n<h3 class=\"wp-block-heading\"><span class=\"ez-toc-section\" id=\"2_Termas_Romanas_Odessos\"><\/span>2. Termas Romanas (Odessos)<span class=\"ez-toc-section-end\"><\/span><\/h3>\n\n\n\n<p class=\"wp-block-paragraph\">No cora\u00e7\u00e3o da cidade, escondidas entre pr\u00e9dios de apartamentos, est\u00e3o as ru\u00ednas da antiga Odessos. Essas termas, constru\u00eddas na virada do s\u00e9culo II para o III d.C., ocupam uma \u00e1rea respeit\u00e1vel de mais de 7.000 metros quadrados. S\u00e3o as <strong>maiores termas romanas dos Balc\u00e3s<\/strong> e, segundo o posto de turismo de Varna, at\u00e9 as quartas maiores da Europa.<\/p>\n\n\n\n<p class=\"wp-block-paragraph\">Ao caminhar entre as muralhas imponentes, que em alguns pontos chegam a 22 metros de altura, d\u00e1 para distinguir claramente o sistema de aquecimento de piso (hipocausto). A data\u00e7\u00e3o foi poss\u00edvel gra\u00e7as ao achado de moedas da \u00e9poca do imperador Sept\u00edmio Severo. No ver\u00e3o, as ru\u00ednas iluminadas servem de cen\u00e1rio absolutamente m\u00e1gico para teatro e concertos. \ud83d\udca1 <strong>Dica:<\/strong> a entrada b\u00e1sica custa 4 \u20ac. Se voc\u00ea viajar fora da alta temporada, lembre-se de que <strong>no inverno as termas t\u00eam o dia de fechamento invertido<\/strong> e voc\u00ea n\u00e3o entra aos domingos e segundas. (Aten\u00e7\u00e3o: as Pequenas Termas Romanas ali ao lado costumam ficar fechadas; confirme o acesso no local.)<\/p>\n\n\n\n<figure data-wp-context=\"{&quot;imageId&quot;:&quot;6a9c2ebc41ff5&quot;}\" data-wp-interactive=\"core\/image\" data-wp-key=\"6a9c2ebc41ff5\" class=\"wp-block-image size-full wp-lightbox-container\"><img decoding=\"async\" width=\"1800\" height=\"1572\" data-wp-class--hide=\"state.isContentHidden\" data-wp-class--show=\"state.isContentVisible\" data-wp-init=\"callbacks.setButtonStyles\" data-wp-on--click=\"actions.showLightbox\" data-wp-on--load=\"callbacks.setButtonStyles\" data-wp-on--pointerdown=\"actions.preloadImage\" data-wp-on--pointerenter=\"actions.preloadImageWithDelay\" data-wp-on--pointerleave=\"actions.cancelPreload\" data-wp-on-window--resize=\"callbacks.setButtonStyles\" src=\"https:\/\/loudavymkrokem.cz\/wp-content\/uploads\/2026\/08\/bulharsko-research-varna-07-df780fd6.jpg\" alt=\"Catedral da Dormi\u00e7\u00e3o da M\u00e3e de Deus em Varna\" class=\"wp-image-407782\" title=\"\" srcset=\"https:\/\/loudavymkrokem.cz\/wp-content\/uploads\/2026\/08\/bulharsko-research-varna-07-df780fd6.jpg 1800w, https:\/\/loudavymkrokem.cz\/wp-content\/uploads\/2026\/08\/bulharsko-research-varna-07-df780fd6-300x262.jpg 300w, https:\/\/loudavymkrokem.cz\/wp-content\/uploads\/2026\/08\/bulharsko-research-varna-07-df780fd6-700x611.jpg 700w, https:\/\/loudavymkrokem.cz\/wp-content\/uploads\/2026\/08\/bulharsko-research-varna-07-df780fd6-768x671.jpg 768w, https:\/\/loudavymkrokem.cz\/wp-content\/uploads\/2026\/08\/bulharsko-research-varna-07-df780fd6-1536x1341.jpg 1536w, https:\/\/loudavymkrokem.cz\/wp-content\/uploads\/2026\/08\/bulharsko-research-varna-07-df780fd6-696x608.jpg 696w, https:\/\/loudavymkrokem.cz\/wp-content\/uploads\/2026\/08\/bulharsko-research-varna-07-df780fd6-1392x1216.jpg 1392w\" sizes=\"(max-width: 1800px) 100vw, 1800px\" \/><button\n\t\t\tclass=\"lightbox-trigger\"\n\t\t\ttype=\"button\"\n\t\t\taria-haspopup=\"dialog\"\n\t\t\tdata-wp-bind--aria-label=\"state.thisImage.triggerButtonAriaLabel\"\n\t\t\tdata-wp-init=\"callbacks.initTriggerButton\"\n\t\t\tdata-wp-on--click=\"actions.showLightbox\"\n\t\t\tdata-wp-style--right=\"state.thisImage.buttonRight\"\n\t\t\tdata-wp-style--top=\"state.thisImage.buttonTop\"\n\t\t>\n\t\t\t<svg xmlns=\"http:\/\/www.w3.org\/2000\/svg\" width=\"12\" height=\"12\" fill=\"none\" viewBox=\"0 0 12 12\">\n\t\t\t\t<path fill=\"#fff\" d=\"M2 0a2 2 0 0 0-2 2v2h1.5V2a.5.5 0 0 1 .5-.5h2V0H2Zm2 10.5H2a.5.5 0 0 1-.5-.5V8H0v2a2 2 0 0 0 2 2h2v-1.5ZM8 12v-1.5h2a.5.5 0 0 0 .5-.5V8H12v2a2 2 0 0 1-2 2H8Zm2-12a2 2 0 0 1 2 2v2h-1.5V2a.5.5 0 0 0-.5-.5H8V0h2Z\" \/>\n\t\t\t<\/svg>\n\t\t<\/button><figcaption class=\"wp-element-caption\">Foto: MrPanyGoff, CC BY-SA 3.0 (Wikimedia Commons)<\/figcaption><\/figure>\n\n\n\n<h3 class=\"wp-block-heading\"><span class=\"ez-toc-section\" id=\"3_Catedral_da_Dormicao_da_Mae_de_Deus\"><\/span>3. Catedral da Dormi\u00e7\u00e3o da M\u00e3e de Deus<span class=\"ez-toc-section-end\"><\/span><\/h3>\n\n\n\n<p class=\"wp-block-paragraph\">As c\u00fapulas douradas dessa constru\u00e7\u00e3o monumental s\u00e3o o principal ponto de refer\u00eancia de toda Varna. A catedral foi erguida seguindo o modelo do templo de Peterhof, na R\u00fassia, e sua pedra fundamental foi lan\u00e7ada pelo pr\u00edncipe Alexandre I de Battenberg em 1880. Por dentro, voc\u00ea vai se impressionar com os afrescos ricamente decorados e o bel\u00edssimo iconostase de madeira. Em agosto de 2026 a catedral comemora exatamente <strong>140 anos da sua primeira missa<\/strong>. \ud83d\udca1 <strong>Dica:<\/strong> a entrada na catedral \u00e9 <strong>totalmente gratuita<\/strong> e ela abre todos os dias das 7h \u00e0s 17h30.<\/p>\n\n\n\n<figure data-wp-context=\"{&quot;imageId&quot;:&quot;6a9c2ebc425ad&quot;}\" data-wp-interactive=\"core\/image\" data-wp-key=\"6a9c2ebc425ad\" class=\"wp-block-image size-full wp-lightbox-container\"><img decoding=\"async\" width=\"1800\" height=\"1350\" data-wp-class--hide=\"state.isContentHidden\" data-wp-class--show=\"state.isContentVisible\" data-wp-init=\"callbacks.setButtonStyles\" data-wp-on--click=\"actions.showLightbox\" data-wp-on--load=\"callbacks.setButtonStyles\" data-wp-on--pointerdown=\"actions.preloadImage\" data-wp-on--pointerenter=\"actions.preloadImageWithDelay\" data-wp-on--pointerleave=\"actions.cancelPreload\" data-wp-on-window--resize=\"callbacks.setButtonStyles\" src=\"https:\/\/loudavymkrokem.cz\/wp-content\/uploads\/2026\/08\/bulharsko-research-varna-08-0a22195f.jpg\" alt=\"Torpedeiro Drazki no Museu Naval Militar de Varna\" class=\"wp-image-407783\" title=\"\" srcset=\"https:\/\/loudavymkrokem.cz\/wp-content\/uploads\/2026\/08\/bulharsko-research-varna-08-0a22195f.jpg 1800w, https:\/\/loudavymkrokem.cz\/wp-content\/uploads\/2026\/08\/bulharsko-research-varna-08-0a22195f-300x225.jpg 300w, https:\/\/loudavymkrokem.cz\/wp-content\/uploads\/2026\/08\/bulharsko-research-varna-08-0a22195f-700x525.jpg 700w, https:\/\/loudavymkrokem.cz\/wp-content\/uploads\/2026\/08\/bulharsko-research-varna-08-0a22195f-768x576.jpg 768w, https:\/\/loudavymkrokem.cz\/wp-content\/uploads\/2026\/08\/bulharsko-research-varna-08-0a22195f-1536x1152.jpg 1536w, https:\/\/loudavymkrokem.cz\/wp-content\/uploads\/2026\/08\/bulharsko-research-varna-08-0a22195f-80x60.jpg 80w, https:\/\/loudavymkrokem.cz\/wp-content\/uploads\/2026\/08\/bulharsko-research-varna-08-0a22195f-160x120.jpg 160w, https:\/\/loudavymkrokem.cz\/wp-content\/uploads\/2026\/08\/bulharsko-research-varna-08-0a22195f-696x522.jpg 696w, https:\/\/loudavymkrokem.cz\/wp-content\/uploads\/2026\/08\/bulharsko-research-varna-08-0a22195f-1392x1044.jpg 1392w\" sizes=\"(max-width: 1800px) 100vw, 1800px\" \/><button\n\t\t\tclass=\"lightbox-trigger\"\n\t\t\ttype=\"button\"\n\t\t\taria-haspopup=\"dialog\"\n\t\t\tdata-wp-bind--aria-label=\"state.thisImage.triggerButtonAriaLabel\"\n\t\t\tdata-wp-init=\"callbacks.initTriggerButton\"\n\t\t\tdata-wp-on--click=\"actions.showLightbox\"\n\t\t\tdata-wp-style--right=\"state.thisImage.buttonRight\"\n\t\t\tdata-wp-style--top=\"state.thisImage.buttonTop\"\n\t\t>\n\t\t\t<svg xmlns=\"http:\/\/www.w3.org\/2000\/svg\" width=\"12\" height=\"12\" fill=\"none\" viewBox=\"0 0 12 12\">\n\t\t\t\t<path fill=\"#fff\" d=\"M2 0a2 2 0 0 0-2 2v2h1.5V2a.5.5 0 0 1 .5-.5h2V0H2Zm2 10.5H2a.5.5 0 0 1-.5-.5V8H0v2a2 2 0 0 0 2 2h2v-1.5ZM8 12v-1.5h2a.5.5 0 0 0 .5-.5V8H12v2a2 2 0 0 1-2 2H8Zm2-12a2 2 0 0 1 2 2v2h-1.5V2a.5.5 0 0 0-.5-.5H8V0h2Z\" \/>\n\t\t\t<\/svg>\n\t\t<\/button><figcaption class=\"wp-element-caption\">Foto: Micha\u0142 Derela, CC BY-SA 4.0 (Wikimedia Commons)<\/figcaption><\/figure>\n\n\n\n<h3 class=\"wp-block-heading\"><span class=\"ez-toc-section\" id=\"4_Museu_Naval_Militar_e_o_torpedeiro_Drazki\"><\/span>4. Museu Naval Militar e o torpedeiro Drazki<span class=\"ez-toc-section-end\"><\/span><\/h3>\n\n\n\n<p class=\"wp-block-paragraph\">A Bulg\u00e1ria tem orgulho da sua hist\u00f3ria naval, e Varna \u00e9 a principal sede da sua frota. A maior atra\u00e7\u00e3o deste museu n\u00e3o \u00e9 a exposi\u00e7\u00e3o interna, mas o parque ao ar livre, onde est\u00e1 o <strong>torpedeiro Drazki<\/strong>. \u00c9 o \u00fanico torpedeiro do seu tipo preservado no mundo. Esse navio despretensioso ficou famoso em 1912, quando torpedeou com sucesso, a apenas cem metros de dist\u00e2ncia, o imponente cruzador turco Hamidiye. \ud83d\udca1 <strong>Dica:<\/strong> o furo deixado por um estilha\u00e7o daquela batalha famosa ainda \u00e9 vis\u00edvel na segunda chamin\u00e9 do navio. O ingresso combinado para o museu e o conv\u00e9s do navio sai por 4,09 \u20ac, e <strong>na \u00faltima quarta-feira do m\u00eas a entrada \u00e9 gratuita<\/strong>.<\/p>\n\n\n\n<figure data-wp-context=\"{&quot;imageId&quot;:&quot;6a9c2ebc42cbe&quot;}\" data-wp-interactive=\"core\/image\" data-wp-key=\"6a9c2ebc42cbe\" class=\"wp-block-image size-full wp-lightbox-container\"><img decoding=\"async\" width=\"1800\" height=\"1200\" data-wp-class--hide=\"state.isContentHidden\" data-wp-class--show=\"state.isContentVisible\" data-wp-init=\"callbacks.setButtonStyles\" data-wp-on--click=\"actions.showLightbox\" data-wp-on--load=\"callbacks.setButtonStyles\" data-wp-on--pointerdown=\"actions.preloadImage\" data-wp-on--pointerenter=\"actions.preloadImageWithDelay\" data-wp-on--pointerleave=\"actions.cancelPreload\" data-wp-on-window--resize=\"callbacks.setButtonStyles\" src=\"https:\/\/loudavymkrokem.cz\/wp-content\/uploads\/2026\/08\/bulharsko-research-varna-09-1de3faeb.jpg\" alt=\"Museu Etnogr\u00e1fico em Varna\" class=\"wp-image-407784\" title=\"\" srcset=\"https:\/\/loudavymkrokem.cz\/wp-content\/uploads\/2026\/08\/bulharsko-research-varna-09-1de3faeb.jpg 1800w, https:\/\/loudavymkrokem.cz\/wp-content\/uploads\/2026\/08\/bulharsko-research-varna-09-1de3faeb-300x200.jpg 300w, https:\/\/loudavymkrokem.cz\/wp-content\/uploads\/2026\/08\/bulharsko-research-varna-09-1de3faeb-700x467.jpg 700w, https:\/\/loudavymkrokem.cz\/wp-content\/uploads\/2026\/08\/bulharsko-research-varna-09-1de3faeb-768x512.jpg 768w, https:\/\/loudavymkrokem.cz\/wp-content\/uploads\/2026\/08\/bulharsko-research-varna-09-1de3faeb-1536x1024.jpg 1536w, https:\/\/loudavymkrokem.cz\/wp-content\/uploads\/2026\/08\/bulharsko-research-varna-09-1de3faeb-696x464.jpg 696w, https:\/\/loudavymkrokem.cz\/wp-content\/uploads\/2026\/08\/bulharsko-research-varna-09-1de3faeb-1392x928.jpg 1392w\" sizes=\"(max-width: 1800px) 100vw, 1800px\" \/><button\n\t\t\tclass=\"lightbox-trigger\"\n\t\t\ttype=\"button\"\n\t\t\taria-haspopup=\"dialog\"\n\t\t\tdata-wp-bind--aria-label=\"state.thisImage.triggerButtonAriaLabel\"\n\t\t\tdata-wp-init=\"callbacks.initTriggerButton\"\n\t\t\tdata-wp-on--click=\"actions.showLightbox\"\n\t\t\tdata-wp-style--right=\"state.thisImage.buttonRight\"\n\t\t\tdata-wp-style--top=\"state.thisImage.buttonTop\"\n\t\t>\n\t\t\t<svg xmlns=\"http:\/\/www.w3.org\/2000\/svg\" width=\"12\" height=\"12\" fill=\"none\" viewBox=\"0 0 12 12\">\n\t\t\t\t<path fill=\"#fff\" d=\"M2 0a2 2 0 0 0-2 2v2h1.5V2a.5.5 0 0 1 .5-.5h2V0H2Zm2 10.5H2a.5.5 0 0 1-.5-.5V8H0v2a2 2 0 0 0 2 2h2v-1.5ZM8 12v-1.5h2a.5.5 0 0 0 .5-.5V8H12v2a2 2 0 0 1-2 2H8Zm2-12a2 2 0 0 1 2 2v2h-1.5V2a.5.5 0 0 0-.5-.5H8V0h2Z\" \/>\n\t\t\t<\/svg>\n\t\t<\/button><figcaption class=\"wp-element-caption\">Foto: Ilonamay, CC BY-SA 3.0 (Wikimedia Commons)<\/figcaption><\/figure>\n\n\n\n<h3 class=\"wp-block-heading\"><span class=\"ez-toc-section\" id=\"5_Museu_Etnografico\"><\/span>5. Museu Etnogr\u00e1fico<span class=\"ez-toc-section-end\"><\/span><\/h3>\n\n\n\n<p class=\"wp-block-paragraph\">Se voc\u00ea quer sentir a atmosfera da velha Bulg\u00e1ria, v\u00e1 a este museu, que funciona numa casa lindamente restaurada do s\u00e9culo XIX. Aqui voc\u00ea aprende tudo sobre os of\u00edcios tradicionais, a agricultura e os costumes da regi\u00e3o de Varna. A cole\u00e7\u00e3o de trajes ricamente bordados e m\u00e1scaras cerimoniais \u00e9 especialmente impressionante. \ud83d\udca1 <strong>Dica:<\/strong> a entrada custa 5 \u20ac. Preste muita aten\u00e7\u00e3o no hor\u00e1rio de inverno \u2014 <strong>de outubro a abril o museu fecha aos s\u00e1bados e domingos<\/strong>, funcionando apenas nos dias \u00fateis!<\/p>\n\n\n\n<figure data-wp-context=\"{&quot;imageId&quot;:&quot;6a9c2ebc4318d&quot;}\" data-wp-interactive=\"core\/image\" data-wp-key=\"6a9c2ebc4318d\" class=\"wp-block-image size-full wp-lightbox-container\"><img decoding=\"async\" width=\"1800\" height=\"1350\" data-wp-class--hide=\"state.isContentHidden\" data-wp-class--show=\"state.isContentVisible\" data-wp-init=\"callbacks.setButtonStyles\" data-wp-on--click=\"actions.showLightbox\" data-wp-on--load=\"callbacks.setButtonStyles\" data-wp-on--pointerdown=\"actions.preloadImage\" data-wp-on--pointerenter=\"actions.preloadImageWithDelay\" data-wp-on--pointerleave=\"actions.cancelPreload\" data-wp-on-window--resize=\"callbacks.setButtonStyles\" src=\"https:\/\/loudavymkrokem.cz\/wp-content\/uploads\/2026\/08\/bulharsko-research-varna-10-562a1f9e.jpg\" alt=\"Carro oficial Chaika GAZ-13 no Museu Retr\u00f4 de Varna\" class=\"wp-image-407785\" title=\"\" srcset=\"https:\/\/loudavymkrokem.cz\/wp-content\/uploads\/2026\/08\/bulharsko-research-varna-10-562a1f9e.jpg 1800w, https:\/\/loudavymkrokem.cz\/wp-content\/uploads\/2026\/08\/bulharsko-research-varna-10-562a1f9e-300x225.jpg 300w, https:\/\/loudavymkrokem.cz\/wp-content\/uploads\/2026\/08\/bulharsko-research-varna-10-562a1f9e-700x525.jpg 700w, https:\/\/loudavymkrokem.cz\/wp-content\/uploads\/2026\/08\/bulharsko-research-varna-10-562a1f9e-768x576.jpg 768w, https:\/\/loudavymkrokem.cz\/wp-content\/uploads\/2026\/08\/bulharsko-research-varna-10-562a1f9e-1536x1152.jpg 1536w, https:\/\/loudavymkrokem.cz\/wp-content\/uploads\/2026\/08\/bulharsko-research-varna-10-562a1f9e-80x60.jpg 80w, https:\/\/loudavymkrokem.cz\/wp-content\/uploads\/2026\/08\/bulharsko-research-varna-10-562a1f9e-160x120.jpg 160w, https:\/\/loudavymkrokem.cz\/wp-content\/uploads\/2026\/08\/bulharsko-research-varna-10-562a1f9e-696x522.jpg 696w, https:\/\/loudavymkrokem.cz\/wp-content\/uploads\/2026\/08\/bulharsko-research-varna-10-562a1f9e-1392x1044.jpg 1392w\" sizes=\"(max-width: 1800px) 100vw, 1800px\" \/><button\n\t\t\tclass=\"lightbox-trigger\"\n\t\t\ttype=\"button\"\n\t\t\taria-haspopup=\"dialog\"\n\t\t\tdata-wp-bind--aria-label=\"state.thisImage.triggerButtonAriaLabel\"\n\t\t\tdata-wp-init=\"callbacks.initTriggerButton\"\n\t\t\tdata-wp-on--click=\"actions.showLightbox\"\n\t\t\tdata-wp-style--right=\"state.thisImage.buttonRight\"\n\t\t\tdata-wp-style--top=\"state.thisImage.buttonTop\"\n\t\t>\n\t\t\t<svg xmlns=\"http:\/\/www.w3.org\/2000\/svg\" width=\"12\" height=\"12\" fill=\"none\" viewBox=\"0 0 12 12\">\n\t\t\t\t<path fill=\"#fff\" d=\"M2 0a2 2 0 0 0-2 2v2h1.5V2a.5.5 0 0 1 .5-.5h2V0H2Zm2 10.5H2a.5.5 0 0 1-.5-.5V8H0v2a2 2 0 0 0 2 2h2v-1.5ZM8 12v-1.5h2a.5.5 0 0 0 .5-.5V8H12v2a2 2 0 0 1-2 2H8Zm2-12a2 2 0 0 1 2 2v2h-1.5V2a.5.5 0 0 0-.5-.5H8V0h2Z\" \/>\n\t\t\t<\/svg>\n\t\t<\/button><figcaption class=\"wp-element-caption\">Foto: Thomas Peters (Google Maps)<\/figcaption><\/figure>\n\n\n\n<h3 class=\"wp-block-heading\"><span class=\"ez-toc-section\" id=\"6_Museu_Retro\"><\/span>6. Museu Retr\u00f4<span class=\"ez-toc-section-end\"><\/span><\/h3>\n\n\n\n<p class=\"wp-block-paragraph\">Para os amantes da hist\u00f3ria recente e da nostalgia, o Museu Retr\u00f4 \u00e9 parada obrigat\u00f3ria. Foi inaugurado em 2015 como o <strong>primeiro museu da Bulg\u00e1ria instalado num shopping<\/strong> (Grand Mall). Numa \u00e1rea de 4.000 metros quadrados, re\u00fane objetos dos anos 1944\u20131989. As estrelas da cole\u00e7\u00e3o s\u00e3o mais de 50 autom\u00f3veis de \u00e9poca perfeitamente restaurados, incluindo antigos \u0160kodas, Moskviches e o luxuoso carro oficial Chaika GAZ-13. \ud83d\udca1 <strong>Dica:<\/strong> o museu abre todos os dias das 10h \u00e0s 19h, ent\u00e3o \u00e9 uma \u00f3tima salva\u00e7\u00e3o para uma tarde de chuva. A entrada sai, em convers\u00e3o, por cerca de 15,34 \u20ac.<\/p>\n\n\n\n<figure data-wp-context=\"{&quot;imageId&quot;:&quot;6a9c2ebc43617&quot;}\" data-wp-interactive=\"core\/image\" data-wp-key=\"6a9c2ebc43617\" class=\"wp-block-image size-full wp-lightbox-container\"><img decoding=\"async\" width=\"1800\" height=\"1350\" data-wp-class--hide=\"state.isContentHidden\" data-wp-class--show=\"state.isContentVisible\" data-wp-init=\"callbacks.setButtonStyles\" data-wp-on--click=\"actions.showLightbox\" data-wp-on--load=\"callbacks.setButtonStyles\" data-wp-on--pointerdown=\"actions.preloadImage\" data-wp-on--pointerenter=\"actions.preloadImageWithDelay\" data-wp-on--pointerleave=\"actions.cancelPreload\" data-wp-on-window--resize=\"callbacks.setButtonStyles\" src=\"https:\/\/loudavymkrokem.cz\/wp-content\/uploads\/2026\/08\/bulharsko-research-varna-11-931a6f62.jpg\" alt=\"Torre do Rel\u00f3gio de Varna iluminada \u00e0 noite\" class=\"wp-image-407786\" title=\"\" srcset=\"https:\/\/loudavymkrokem.cz\/wp-content\/uploads\/2026\/08\/bulharsko-research-varna-11-931a6f62.jpg 1800w, https:\/\/loudavymkrokem.cz\/wp-content\/uploads\/2026\/08\/bulharsko-research-varna-11-931a6f62-300x225.jpg 300w, https:\/\/loudavymkrokem.cz\/wp-content\/uploads\/2026\/08\/bulharsko-research-varna-11-931a6f62-700x525.jpg 700w, https:\/\/loudavymkrokem.cz\/wp-content\/uploads\/2026\/08\/bulharsko-research-varna-11-931a6f62-768x576.jpg 768w, https:\/\/loudavymkrokem.cz\/wp-content\/uploads\/2026\/08\/bulharsko-research-varna-11-931a6f62-1536x1152.jpg 1536w, https:\/\/loudavymkrokem.cz\/wp-content\/uploads\/2026\/08\/bulharsko-research-varna-11-931a6f62-80x60.jpg 80w, https:\/\/loudavymkrokem.cz\/wp-content\/uploads\/2026\/08\/bulharsko-research-varna-11-931a6f62-160x120.jpg 160w, https:\/\/loudavymkrokem.cz\/wp-content\/uploads\/2026\/08\/bulharsko-research-varna-11-931a6f62-696x522.jpg 696w, https:\/\/loudavymkrokem.cz\/wp-content\/uploads\/2026\/08\/bulharsko-research-varna-11-931a6f62-1392x1044.jpg 1392w\" sizes=\"(max-width: 1800px) 100vw, 1800px\" \/><button\n\t\t\tclass=\"lightbox-trigger\"\n\t\t\ttype=\"button\"\n\t\t\taria-haspopup=\"dialog\"\n\t\t\tdata-wp-bind--aria-label=\"state.thisImage.triggerButtonAriaLabel\"\n\t\t\tdata-wp-init=\"callbacks.initTriggerButton\"\n\t\t\tdata-wp-on--click=\"actions.showLightbox\"\n\t\t\tdata-wp-style--right=\"state.thisImage.buttonRight\"\n\t\t\tdata-wp-style--top=\"state.thisImage.buttonTop\"\n\t\t>\n\t\t\t<svg xmlns=\"http:\/\/www.w3.org\/2000\/svg\" width=\"12\" height=\"12\" fill=\"none\" viewBox=\"0 0 12 12\">\n\t\t\t\t<path fill=\"#fff\" d=\"M2 0a2 2 0 0 0-2 2v2h1.5V2a.5.5 0 0 1 .5-.5h2V0H2Zm2 10.5H2a.5.5 0 0 1-.5-.5V8H0v2a2 2 0 0 0 2 2h2v-1.5ZM8 12v-1.5h2a.5.5 0 0 0 .5-.5V8H12v2a2 2 0 0 1-2 2H8Zm2-12a2 2 0 0 1 2 2v2h-1.5V2a.5.5 0 0 0-.5-.5H8V0h2Z\" \/>\n\t\t\t<\/svg>\n\t\t<\/button><figcaption class=\"wp-element-caption\">Foto: Dian1981, CC BY-SA 4.0 (Wikimedia Commons)<\/figcaption><\/figure>\n\n\n\n<h3 class=\"wp-block-heading\"><span class=\"ez-toc-section\" id=\"7_Torre_do_Relogio\"><\/span>7. Torre do Rel\u00f3gio<span class=\"ez-toc-section-end\"><\/span><\/h3>\n\n\n\n<p class=\"wp-block-paragraph\">A poucos passos da pra\u00e7a central da Independ\u00eancia, num pr\u00e9dio integrado ao teatro municipal, fica a <strong>Torre do Rel\u00f3gio, de 24 metros de altura<\/strong>. Originalmente era o posto de observa\u00e7\u00e3o do corpo de bombeiros, j\u00e1 que do alto dela dava para ver toda a cidade da \u00e9poca. O mecanismo do rel\u00f3gio, de fabrica\u00e7\u00e3o inglesa, foi instalado em 1890, e o servi\u00e7o de bombeiros s\u00f3 terminou ali oito anos depois, quando os bombeiros finalmente ganharam telefone. No sal\u00e3o anexado \u00e0 torre, ali\u00e1s, em 9 de dezembro de 1934 transmitiu-se pela primeira vez a r\u00e1dio Varna. \ud83d\udca1 <strong>Dica:<\/strong> a torre s\u00f3 pode ser vista por fora, ou seja, <strong>totalmente de gra\u00e7a<\/strong>. Os arredores da pra\u00e7a est\u00e3o cheios de bancos e caf\u00e9s, ent\u00e3o \u00e9 um bom lugar para um caf\u00e9 r\u00e1pido ao se deslocar entre a catedral e o Jardim do Mar.<\/p>\n\n\n\n<figure data-wp-context=\"{&quot;imageId&quot;:&quot;6a9c2ebc43a53&quot;}\" data-wp-interactive=\"core\/image\" data-wp-key=\"6a9c2ebc43a53\" class=\"wp-block-image size-full wp-lightbox-container\"><img decoding=\"async\" width=\"1800\" height=\"1350\" data-wp-class--hide=\"state.isContentHidden\" data-wp-class--show=\"state.isContentVisible\" data-wp-init=\"callbacks.setButtonStyles\" data-wp-on--click=\"actions.showLightbox\" data-wp-on--load=\"callbacks.setButtonStyles\" data-wp-on--pointerdown=\"actions.preloadImage\" data-wp-on--pointerenter=\"actions.preloadImageWithDelay\" data-wp-on--pointerleave=\"actions.cancelPreload\" data-wp-on-window--resize=\"callbacks.setButtonStyles\" src=\"https:\/\/loudavymkrokem.cz\/wp-content\/uploads\/2026\/08\/bulharsko-research-varna-12-40e5b778.jpg\" alt=\"Alameda arborizada com canteiros de flores no Jardim do Mar de Varna\" class=\"wp-image-407787\" title=\"\" srcset=\"https:\/\/loudavymkrokem.cz\/wp-content\/uploads\/2026\/08\/bulharsko-research-varna-12-40e5b778.jpg 1800w, https:\/\/loudavymkrokem.cz\/wp-content\/uploads\/2026\/08\/bulharsko-research-varna-12-40e5b778-300x225.jpg 300w, https:\/\/loudavymkrokem.cz\/wp-content\/uploads\/2026\/08\/bulharsko-research-varna-12-40e5b778-700x525.jpg 700w, https:\/\/loudavymkrokem.cz\/wp-content\/uploads\/2026\/08\/bulharsko-research-varna-12-40e5b778-768x576.jpg 768w, https:\/\/loudavymkrokem.cz\/wp-content\/uploads\/2026\/08\/bulharsko-research-varna-12-40e5b778-1536x1152.jpg 1536w, https:\/\/loudavymkrokem.cz\/wp-content\/uploads\/2026\/08\/bulharsko-research-varna-12-40e5b778-80x60.jpg 80w, https:\/\/loudavymkrokem.cz\/wp-content\/uploads\/2026\/08\/bulharsko-research-varna-12-40e5b778-160x120.jpg 160w, https:\/\/loudavymkrokem.cz\/wp-content\/uploads\/2026\/08\/bulharsko-research-varna-12-40e5b778-696x522.jpg 696w, https:\/\/loudavymkrokem.cz\/wp-content\/uploads\/2026\/08\/bulharsko-research-varna-12-40e5b778-1392x1044.jpg 1392w\" sizes=\"(max-width: 1800px) 100vw, 1800px\" \/><button\n\t\t\tclass=\"lightbox-trigger\"\n\t\t\ttype=\"button\"\n\t\t\taria-haspopup=\"dialog\"\n\t\t\tdata-wp-bind--aria-label=\"state.thisImage.triggerButtonAriaLabel\"\n\t\t\tdata-wp-init=\"callbacks.initTriggerButton\"\n\t\t\tdata-wp-on--click=\"actions.showLightbox\"\n\t\t\tdata-wp-style--right=\"state.thisImage.buttonRight\"\n\t\t\tdata-wp-style--top=\"state.thisImage.buttonTop\"\n\t\t>\n\t\t\t<svg xmlns=\"http:\/\/www.w3.org\/2000\/svg\" width=\"12\" height=\"12\" fill=\"none\" viewBox=\"0 0 12 12\">\n\t\t\t\t<path fill=\"#fff\" d=\"M2 0a2 2 0 0 0-2 2v2h1.5V2a.5.5 0 0 1 .5-.5h2V0H2Zm2 10.5H2a.5.5 0 0 1-.5-.5V8H0v2a2 2 0 0 0 2 2h2v-1.5ZM8 12v-1.5h2a.5.5 0 0 0 .5-.5V8H12v2a2 2 0 0 1-2 2H8Zm2-12a2 2 0 0 1 2 2v2h-1.5V2a.5.5 0 0 0-.5-.5H8V0h2Z\" \/>\n\t\t\t<\/svg>\n\t\t<\/button><figcaption class=\"wp-element-caption\">Foto: Petar Petrov (Google Maps)<\/figcaption><\/figure>\n\n\n\n<h2 class=\"wp-block-heading\"><span class=\"ez-toc-section\" id=\"Jardim_do_Mar_e_o_litoral\"><\/span>Jardim do Mar e o litoral<span class=\"ez-toc-section-end\"><\/span><\/h2>\n\n\n\n<p class=\"wp-block-paragraph\">Enquanto a hist\u00f3ria acontece no centro, o cora\u00e7\u00e3o da cidade bate ao longo do litoral. O <strong>Jardim do Mar (Morska gradina)<\/strong> \u00e9 o pulm\u00e3o verde de Varna e se transforma suavemente em <strong>quil\u00f4metros de praias de areia<\/strong>.<\/p>\n\n\n\n<figure data-wp-context=\"{&quot;imageId&quot;:&quot;6a9c2ebc43f2a&quot;}\" data-wp-interactive=\"core\/image\" data-wp-key=\"6a9c2ebc43f2a\" class=\"wp-block-image size-full wp-lightbox-container\"><img decoding=\"async\" width=\"1800\" height=\"1350\" data-wp-class--hide=\"state.isContentHidden\" data-wp-class--show=\"state.isContentVisible\" data-wp-init=\"callbacks.setButtonStyles\" data-wp-on--click=\"actions.showLightbox\" data-wp-on--load=\"callbacks.setButtonStyles\" data-wp-on--pointerdown=\"actions.preloadImage\" data-wp-on--pointerenter=\"actions.preloadImageWithDelay\" data-wp-on--pointerleave=\"actions.cancelPreload\" data-wp-on-window--resize=\"callbacks.setButtonStyles\" src=\"https:\/\/loudavymkrokem.cz\/wp-content\/uploads\/2026\/08\/bulharsko-research-varna-13-57ac5022.jpg\" alt=\"Canteiros de flores no Jardim do Mar de Varna\" class=\"wp-image-407788\" title=\"\" srcset=\"https:\/\/loudavymkrokem.cz\/wp-content\/uploads\/2026\/08\/bulharsko-research-varna-13-57ac5022.jpg 1800w, https:\/\/loudavymkrokem.cz\/wp-content\/uploads\/2026\/08\/bulharsko-research-varna-13-57ac5022-300x225.jpg 300w, https:\/\/loudavymkrokem.cz\/wp-content\/uploads\/2026\/08\/bulharsko-research-varna-13-57ac5022-700x525.jpg 700w, https:\/\/loudavymkrokem.cz\/wp-content\/uploads\/2026\/08\/bulharsko-research-varna-13-57ac5022-768x576.jpg 768w, https:\/\/loudavymkrokem.cz\/wp-content\/uploads\/2026\/08\/bulharsko-research-varna-13-57ac5022-1536x1152.jpg 1536w, https:\/\/loudavymkrokem.cz\/wp-content\/uploads\/2026\/08\/bulharsko-research-varna-13-57ac5022-80x60.jpg 80w, https:\/\/loudavymkrokem.cz\/wp-content\/uploads\/2026\/08\/bulharsko-research-varna-13-57ac5022-160x120.jpg 160w, https:\/\/loudavymkrokem.cz\/wp-content\/uploads\/2026\/08\/bulharsko-research-varna-13-57ac5022-696x522.jpg 696w, https:\/\/loudavymkrokem.cz\/wp-content\/uploads\/2026\/08\/bulharsko-research-varna-13-57ac5022-1392x1044.jpg 1392w\" sizes=\"(max-width: 1800px) 100vw, 1800px\" \/><button\n\t\t\tclass=\"lightbox-trigger\"\n\t\t\ttype=\"button\"\n\t\t\taria-haspopup=\"dialog\"\n\t\t\tdata-wp-bind--aria-label=\"state.thisImage.triggerButtonAriaLabel\"\n\t\t\tdata-wp-init=\"callbacks.initTriggerButton\"\n\t\t\tdata-wp-on--click=\"actions.showLightbox\"\n\t\t\tdata-wp-style--right=\"state.thisImage.buttonRight\"\n\t\t\tdata-wp-style--top=\"state.thisImage.buttonTop\"\n\t\t>\n\t\t\t<svg xmlns=\"http:\/\/www.w3.org\/2000\/svg\" width=\"12\" height=\"12\" fill=\"none\" viewBox=\"0 0 12 12\">\n\t\t\t\t<path fill=\"#fff\" d=\"M2 0a2 2 0 0 0-2 2v2h1.5V2a.5.5 0 0 1 .5-.5h2V0H2Zm2 10.5H2a.5.5 0 0 1-.5-.5V8H0v2a2 2 0 0 0 2 2h2v-1.5ZM8 12v-1.5h2a.5.5 0 0 0 .5-.5V8H12v2a2 2 0 0 1-2 2H8Zm2-12a2 2 0 0 1 2 2v2h-1.5V2a.5.5 0 0 0-.5-.5H8V0h2Z\" \/>\n\t\t\t<\/svg>\n\t\t<\/button><figcaption class=\"wp-element-caption\">Foto: Alicia Fagerving, CC BY-SA 3.0 (Wikimedia Commons)<\/figcaption><\/figure>\n\n\n\n<h3 class=\"wp-block-heading\"><span class=\"ez-toc-section\" id=\"8_Jardim_do_Mar\"><\/span>8. Jardim do Mar<span class=\"ez-toc-section-end\"><\/span><\/h3>\n\n\n\n<p class=\"wp-block-paragraph\">Esse enorme parque, com cerca de 82 hectares, \u00e9 obra do arquiteto paisagista tcheco <strong>Anton Nov\u00e1k<\/strong>, que veio at\u00e9 aqui a convite dos irm\u00e3os \u0160korpil. Nov\u00e1k mandou remover o antigo dep\u00f3sito de lixo e o matadouro e, no lugar deles, construiu um parque deslumbrante feito de \u00e1rvores trazidas em carro\u00e7as de todo os Balc\u00e3s e do Mediterr\u00e2neo. Pelo trabalho de uma vida dedicada \u00e0 cidade, ele tem no parque um monumento mais do que merecido. \ud83d\udca1 <strong>Dica:<\/strong> a entrada no parque \u00e9 livre 24 horas por dia. Seu n\u00facleo hist\u00f3rico, de 55 hectares, \u00e9 \u00e1rea protegida, ent\u00e3o conservou o desenho original, inclusive com a monumental colunata de entrada de 1939.<\/p>\n\n\n\n<figure data-wp-context=\"{&quot;imageId&quot;:&quot;6a9c2ebc44483&quot;}\" data-wp-interactive=\"core\/image\" data-wp-key=\"6a9c2ebc44483\" class=\"wp-block-image size-full wp-lightbox-container\"><img decoding=\"async\" width=\"1800\" height=\"1350\" data-wp-class--hide=\"state.isContentHidden\" data-wp-class--show=\"state.isContentVisible\" data-wp-init=\"callbacks.setButtonStyles\" data-wp-on--click=\"actions.showLightbox\" data-wp-on--load=\"callbacks.setButtonStyles\" data-wp-on--pointerdown=\"actions.preloadImage\" data-wp-on--pointerenter=\"actions.preloadImageWithDelay\" data-wp-on--pointerleave=\"actions.cancelPreload\" data-wp-on-window--resize=\"callbacks.setButtonStyles\" src=\"https:\/\/loudavymkrokem.cz\/wp-content\/uploads\/2026\/08\/bulharsko-research-varna-14-bf783a56.jpg\" alt=\"Aqu\u00e1rio de Varna\" class=\"wp-image-407789\" title=\"\" srcset=\"https:\/\/loudavymkrokem.cz\/wp-content\/uploads\/2026\/08\/bulharsko-research-varna-14-bf783a56.jpg 1800w, https:\/\/loudavymkrokem.cz\/wp-content\/uploads\/2026\/08\/bulharsko-research-varna-14-bf783a56-300x225.jpg 300w, https:\/\/loudavymkrokem.cz\/wp-content\/uploads\/2026\/08\/bulharsko-research-varna-14-bf783a56-700x525.jpg 700w, https:\/\/loudavymkrokem.cz\/wp-content\/uploads\/2026\/08\/bulharsko-research-varna-14-bf783a56-768x576.jpg 768w, https:\/\/loudavymkrokem.cz\/wp-content\/uploads\/2026\/08\/bulharsko-research-varna-14-bf783a56-1536x1152.jpg 1536w, https:\/\/loudavymkrokem.cz\/wp-content\/uploads\/2026\/08\/bulharsko-research-varna-14-bf783a56-80x60.jpg 80w, https:\/\/loudavymkrokem.cz\/wp-content\/uploads\/2026\/08\/bulharsko-research-varna-14-bf783a56-160x120.jpg 160w, https:\/\/loudavymkrokem.cz\/wp-content\/uploads\/2026\/08\/bulharsko-research-varna-14-bf783a56-696x522.jpg 696w, https:\/\/loudavymkrokem.cz\/wp-content\/uploads\/2026\/08\/bulharsko-research-varna-14-bf783a56-1392x1044.jpg 1392w\" sizes=\"(max-width: 1800px) 100vw, 1800px\" \/><button\n\t\t\tclass=\"lightbox-trigger\"\n\t\t\ttype=\"button\"\n\t\t\taria-haspopup=\"dialog\"\n\t\t\tdata-wp-bind--aria-label=\"state.thisImage.triggerButtonAriaLabel\"\n\t\t\tdata-wp-init=\"callbacks.initTriggerButton\"\n\t\t\tdata-wp-on--click=\"actions.showLightbox\"\n\t\t\tdata-wp-style--right=\"state.thisImage.buttonRight\"\n\t\t\tdata-wp-style--top=\"state.thisImage.buttonTop\"\n\t\t>\n\t\t\t<svg xmlns=\"http:\/\/www.w3.org\/2000\/svg\" width=\"12\" height=\"12\" fill=\"none\" viewBox=\"0 0 12 12\">\n\t\t\t\t<path fill=\"#fff\" d=\"M2 0a2 2 0 0 0-2 2v2h1.5V2a.5.5 0 0 1 .5-.5h2V0H2Zm2 10.5H2a.5.5 0 0 1-.5-.5V8H0v2a2 2 0 0 0 2 2h2v-1.5ZM8 12v-1.5h2a.5.5 0 0 0 .5-.5V8H12v2a2 2 0 0 1-2 2H8Zm2-12a2 2 0 0 1 2 2v2h-1.5V2a.5.5 0 0 0-.5-.5H8V0h2Z\" \/>\n\t\t\t<\/svg>\n\t\t<\/button><figcaption class=\"wp-element-caption\">Foto: \u0421\u043f\u0430\u0441\u0438\u043c\u0438\u0440 (Spasimir Pilev), CC BY-SA 4.0 (Wikimedia Commons)<\/figcaption><\/figure>\n\n\n\n<h3 class=\"wp-block-heading\"><span class=\"ez-toc-section\" id=\"9_Aquario_de_Varna\"><\/span>9. Aqu\u00e1rio de Varna<span class=\"ez-toc-section-end\"><\/span><\/h3>\n\n\n\n<p class=\"wp-block-paragraph\">O edif\u00edcio hist\u00f3rico do aqu\u00e1rio, cuja pedra fundamental foi lan\u00e7ada pelo pr\u00edncipe Fernando j\u00e1 em 1906, esconde uma vista fascinante do que h\u00e1 sob a superf\u00edcie do Mar Negro. A institui\u00e7\u00e3o em si funciona desde 1932. N\u00e3o espere ocean\u00e1rios gigantes como na Europa Ocidental; trata-se de uma exposi\u00e7\u00e3o mais tradicional e historicamente valiosa, focada na flora e na fauna locais do Mar Negro. \ud83d\udca1 <strong>Dica:<\/strong> com entrada de apenas 2 \u20ac, \u00e9 a <strong>atra\u00e7\u00e3o paga mais barata da cidade<\/strong>. No inverno abre das 9h \u00e0s 17h, com fechamento \u00e0s segundas.<\/p>\n\n\n\n<figure data-wp-context=\"{&quot;imageId&quot;:&quot;6a9c2ebc44a30&quot;}\" data-wp-interactive=\"core\/image\" data-wp-key=\"6a9c2ebc44a30\" class=\"wp-block-image size-full wp-lightbox-container\"><img decoding=\"async\" width=\"1800\" height=\"1195\" data-wp-class--hide=\"state.isContentHidden\" data-wp-class--show=\"state.isContentVisible\" data-wp-init=\"callbacks.setButtonStyles\" data-wp-on--click=\"actions.showLightbox\" data-wp-on--load=\"callbacks.setButtonStyles\" data-wp-on--pointerdown=\"actions.preloadImage\" data-wp-on--pointerenter=\"actions.preloadImageWithDelay\" data-wp-on--pointerleave=\"actions.cancelPreload\" data-wp-on-window--resize=\"callbacks.setButtonStyles\" src=\"https:\/\/loudavymkrokem.cz\/wp-content\/uploads\/2026\/08\/bulharsko-research-varna-15-e0bcc689.jpg\" alt=\"Apresenta\u00e7\u00e3o de golfinhos no delfin\u00e1rio Festa em Varna\" class=\"wp-image-407790\" title=\"\" srcset=\"https:\/\/loudavymkrokem.cz\/wp-content\/uploads\/2026\/08\/bulharsko-research-varna-15-e0bcc689.jpg 1800w, https:\/\/loudavymkrokem.cz\/wp-content\/uploads\/2026\/08\/bulharsko-research-varna-15-e0bcc689-300x199.jpg 300w, https:\/\/loudavymkrokem.cz\/wp-content\/uploads\/2026\/08\/bulharsko-research-varna-15-e0bcc689-700x465.jpg 700w, https:\/\/loudavymkrokem.cz\/wp-content\/uploads\/2026\/08\/bulharsko-research-varna-15-e0bcc689-768x510.jpg 768w, https:\/\/loudavymkrokem.cz\/wp-content\/uploads\/2026\/08\/bulharsko-research-varna-15-e0bcc689-1536x1020.jpg 1536w, https:\/\/loudavymkrokem.cz\/wp-content\/uploads\/2026\/08\/bulharsko-research-varna-15-e0bcc689-696x462.jpg 696w, https:\/\/loudavymkrokem.cz\/wp-content\/uploads\/2026\/08\/bulharsko-research-varna-15-e0bcc689-1392x924.jpg 1392w\" sizes=\"(max-width: 1800px) 100vw, 1800px\" \/><button\n\t\t\tclass=\"lightbox-trigger\"\n\t\t\ttype=\"button\"\n\t\t\taria-haspopup=\"dialog\"\n\t\t\tdata-wp-bind--aria-label=\"state.thisImage.triggerButtonAriaLabel\"\n\t\t\tdata-wp-init=\"callbacks.initTriggerButton\"\n\t\t\tdata-wp-on--click=\"actions.showLightbox\"\n\t\t\tdata-wp-style--right=\"state.thisImage.buttonRight\"\n\t\t\tdata-wp-style--top=\"state.thisImage.buttonTop\"\n\t\t>\n\t\t\t<svg xmlns=\"http:\/\/www.w3.org\/2000\/svg\" width=\"12\" height=\"12\" fill=\"none\" viewBox=\"0 0 12 12\">\n\t\t\t\t<path fill=\"#fff\" d=\"M2 0a2 2 0 0 0-2 2v2h1.5V2a.5.5 0 0 1 .5-.5h2V0H2Zm2 10.5H2a.5.5 0 0 1-.5-.5V8H0v2a2 2 0 0 0 2 2h2v-1.5ZM8 12v-1.5h2a.5.5 0 0 0 .5-.5V8H12v2a2 2 0 0 1-2 2H8Zm2-12a2 2 0 0 1 2 2v2h-1.5V2a.5.5 0 0 0-.5-.5H8V0h2Z\" \/>\n\t\t\t<\/svg>\n\t\t<\/button><figcaption class=\"wp-element-caption\">Foto: INSAR, CC BY-SA 3.0 (Wikimedia Commons)<\/figcaption><\/figure>\n\n\n\n<h3 class=\"wp-block-heading\"><span class=\"ez-toc-section\" id=\"10_Delfinario_Festa\"><\/span>10. Delfin\u00e1rio Festa<span class=\"ez-toc-section-end\"><\/span><\/h3>\n\n\n\n<p class=\"wp-block-paragraph\">A atra\u00e7\u00e3o mais famosa do Jardim do Mar atrai fam\u00edlias com crian\u00e7as para apresenta\u00e7\u00f5es regulares de golfinhos. O <a href=\"https:\/\/dolphinariumvarna.bg\/\" rel=\"nofollow noopener\" target=\"_blank\">delfin\u00e1rio<\/a> funciona o ano inteiro, prova de que Varna realmente n\u00e3o dorme nem fora da temporada. Na alta temporada de ver\u00e3o h\u00e1 at\u00e9 quatro apresenta\u00e7\u00f5es por dia, enquanto no inverno acontece apenas uma sess\u00e3o ao meio-dia. \ud83d\udca1 <strong>Dica:<\/strong> os ingressos s\u00e3o relativamente caros; no pico do ver\u00e3o um adulto paga <strong>26 \u20ac<\/strong>. Se voc\u00ea for no inverno, o pre\u00e7o cai para 14 \u20ac. Lembre-se de que na temporada de inverno o delfin\u00e1rio fecha \u00e0s segundas.<\/p>\n\n\n\n<figure data-wp-context=\"{&quot;imageId&quot;:&quot;6a9c2ebc44fe1&quot;}\" data-wp-interactive=\"core\/image\" data-wp-key=\"6a9c2ebc44fe1\" class=\"wp-block-image size-full wp-lightbox-container\"><img decoding=\"async\" width=\"1800\" height=\"1350\" data-wp-class--hide=\"state.isContentHidden\" data-wp-class--show=\"state.isContentVisible\" data-wp-init=\"callbacks.setButtonStyles\" data-wp-on--click=\"actions.showLightbox\" data-wp-on--load=\"callbacks.setButtonStyles\" data-wp-on--pointerdown=\"actions.preloadImage\" data-wp-on--pointerenter=\"actions.preloadImageWithDelay\" data-wp-on--pointerleave=\"actions.cancelPreload\" data-wp-on-window--resize=\"callbacks.setButtonStyles\" src=\"https:\/\/loudavymkrokem.cz\/wp-content\/uploads\/2026\/08\/bulharsko-research-varna-16-580f258c.jpg\" alt=\"Alpaca na zona de contato do zool\u00f3gico de Varna\" class=\"wp-image-407791\" title=\"\" srcset=\"https:\/\/loudavymkrokem.cz\/wp-content\/uploads\/2026\/08\/bulharsko-research-varna-16-580f258c.jpg 1800w, https:\/\/loudavymkrokem.cz\/wp-content\/uploads\/2026\/08\/bulharsko-research-varna-16-580f258c-300x225.jpg 300w, https:\/\/loudavymkrokem.cz\/wp-content\/uploads\/2026\/08\/bulharsko-research-varna-16-580f258c-700x525.jpg 700w, https:\/\/loudavymkrokem.cz\/wp-content\/uploads\/2026\/08\/bulharsko-research-varna-16-580f258c-768x576.jpg 768w, https:\/\/loudavymkrokem.cz\/wp-content\/uploads\/2026\/08\/bulharsko-research-varna-16-580f258c-1536x1152.jpg 1536w, https:\/\/loudavymkrokem.cz\/wp-content\/uploads\/2026\/08\/bulharsko-research-varna-16-580f258c-80x60.jpg 80w, https:\/\/loudavymkrokem.cz\/wp-content\/uploads\/2026\/08\/bulharsko-research-varna-16-580f258c-160x120.jpg 160w, https:\/\/loudavymkrokem.cz\/wp-content\/uploads\/2026\/08\/bulharsko-research-varna-16-580f258c-696x522.jpg 696w, https:\/\/loudavymkrokem.cz\/wp-content\/uploads\/2026\/08\/bulharsko-research-varna-16-580f258c-1392x1044.jpg 1392w\" sizes=\"(max-width: 1800px) 100vw, 1800px\" \/><button\n\t\t\tclass=\"lightbox-trigger\"\n\t\t\ttype=\"button\"\n\t\t\taria-haspopup=\"dialog\"\n\t\t\tdata-wp-bind--aria-label=\"state.thisImage.triggerButtonAriaLabel\"\n\t\t\tdata-wp-init=\"callbacks.initTriggerButton\"\n\t\t\tdata-wp-on--click=\"actions.showLightbox\"\n\t\t\tdata-wp-style--right=\"state.thisImage.buttonRight\"\n\t\t\tdata-wp-style--top=\"state.thisImage.buttonTop\"\n\t\t>\n\t\t\t<svg xmlns=\"http:\/\/www.w3.org\/2000\/svg\" width=\"12\" height=\"12\" fill=\"none\" viewBox=\"0 0 12 12\">\n\t\t\t\t<path fill=\"#fff\" d=\"M2 0a2 2 0 0 0-2 2v2h1.5V2a.5.5 0 0 1 .5-.5h2V0H2Zm2 10.5H2a.5.5 0 0 1-.5-.5V8H0v2a2 2 0 0 0 2 2h2v-1.5ZM8 12v-1.5h2a.5.5 0 0 0 .5-.5V8H12v2a2 2 0 0 1-2 2H8Zm2-12a2 2 0 0 1 2 2v2h-1.5V2a.5.5 0 0 0-.5-.5H8V0h2Z\" \/>\n\t\t\t<\/svg>\n\t\t<\/button><figcaption class=\"wp-element-caption\">Foto: \u041a\u0430\u043b\u043e\u044f\u043d \u041c\u0438\u0446\u0435\u0432 (Google Maps)<\/figcaption><\/figure>\n\n\n\n<h3 class=\"wp-block-heading\"><span class=\"ez-toc-section\" id=\"11_Zoo_de_Varna\"><\/span>11. Zoo de Varna<span class=\"ez-toc-section-end\"><\/span><\/h3>\n\n\n\n<p class=\"wp-block-paragraph\">Bem ao lado do delfin\u00e1rio fica o pequeno zool\u00f3gico municipal. N\u00e3o \u00e9 nada gigantesco, mas \u00e9 perfeito para um passeio tranquilo com crian\u00e7as. Al\u00e9m das exposi\u00e7\u00f5es cl\u00e1ssicas, h\u00e1 tamb\u00e9m uma zona de contato onde a crian\u00e7ada pode acariciar os animais. Uma curiosidade: logo abaixo do zoo, junto \u00e0 praia Vtora buna, centenas de cisnes passam o inverno todos os anos. \ud83d\udca1 <strong>Dica:<\/strong> a entrada custa 3 \u20ac e o zoo abre <strong>sem dia de fechamento o ano inteiro<\/strong>. Nos meses de inverno (outubro\u2013mar\u00e7o) fecha j\u00e1 \u00e0s 16h30.<\/p>\n\n\n\n<figure data-wp-context=\"{&quot;imageId&quot;:&quot;6a9c2ebc45551&quot;}\" data-wp-interactive=\"core\/image\" data-wp-key=\"6a9c2ebc45551\" class=\"wp-block-image size-full wp-lightbox-container\"><img decoding=\"async\" width=\"1800\" height=\"1350\" data-wp-class--hide=\"state.isContentHidden\" data-wp-class--show=\"state.isContentVisible\" data-wp-init=\"callbacks.setButtonStyles\" data-wp-on--click=\"actions.showLightbox\" data-wp-on--load=\"callbacks.setButtonStyles\" data-wp-on--pointerdown=\"actions.preloadImage\" data-wp-on--pointerenter=\"actions.preloadImageWithDelay\" data-wp-on--pointerleave=\"actions.cancelPreload\" data-wp-on-window--resize=\"callbacks.setButtonStyles\" src=\"https:\/\/loudavymkrokem.cz\/wp-content\/uploads\/2026\/08\/bulharsko-research-varna-17-df359c79.jpg\" alt=\"Planet\u00e1rio Nicolau Cop\u00e9rnico em Varna\" class=\"wp-image-407792\" title=\"\" srcset=\"https:\/\/loudavymkrokem.cz\/wp-content\/uploads\/2026\/08\/bulharsko-research-varna-17-df359c79.jpg 1800w, https:\/\/loudavymkrokem.cz\/wp-content\/uploads\/2026\/08\/bulharsko-research-varna-17-df359c79-300x225.jpg 300w, https:\/\/loudavymkrokem.cz\/wp-content\/uploads\/2026\/08\/bulharsko-research-varna-17-df359c79-700x525.jpg 700w, https:\/\/loudavymkrokem.cz\/wp-content\/uploads\/2026\/08\/bulharsko-research-varna-17-df359c79-768x576.jpg 768w, https:\/\/loudavymkrokem.cz\/wp-content\/uploads\/2026\/08\/bulharsko-research-varna-17-df359c79-1536x1152.jpg 1536w, https:\/\/loudavymkrokem.cz\/wp-content\/uploads\/2026\/08\/bulharsko-research-varna-17-df359c79-80x60.jpg 80w, https:\/\/loudavymkrokem.cz\/wp-content\/uploads\/2026\/08\/bulharsko-research-varna-17-df359c79-160x120.jpg 160w, https:\/\/loudavymkrokem.cz\/wp-content\/uploads\/2026\/08\/bulharsko-research-varna-17-df359c79-696x522.jpg 696w, https:\/\/loudavymkrokem.cz\/wp-content\/uploads\/2026\/08\/bulharsko-research-varna-17-df359c79-1392x1044.jpg 1392w\" sizes=\"(max-width: 1800px) 100vw, 1800px\" \/><button\n\t\t\tclass=\"lightbox-trigger\"\n\t\t\ttype=\"button\"\n\t\t\taria-haspopup=\"dialog\"\n\t\t\tdata-wp-bind--aria-label=\"state.thisImage.triggerButtonAriaLabel\"\n\t\t\tdata-wp-init=\"callbacks.initTriggerButton\"\n\t\t\tdata-wp-on--click=\"actions.showLightbox\"\n\t\t\tdata-wp-style--right=\"state.thisImage.buttonRight\"\n\t\t\tdata-wp-style--top=\"state.thisImage.buttonTop\"\n\t\t>\n\t\t\t<svg xmlns=\"http:\/\/www.w3.org\/2000\/svg\" width=\"12\" height=\"12\" fill=\"none\" viewBox=\"0 0 12 12\">\n\t\t\t\t<path fill=\"#fff\" d=\"M2 0a2 2 0 0 0-2 2v2h1.5V2a.5.5 0 0 1 .5-.5h2V0H2Zm2 10.5H2a.5.5 0 0 1-.5-.5V8H0v2a2 2 0 0 0 2 2h2v-1.5ZM8 12v-1.5h2a.5.5 0 0 0 .5-.5V8H12v2a2 2 0 0 1-2 2H8Zm2-12a2 2 0 0 1 2 2v2h-1.5V2a.5.5 0 0 0-.5-.5H8V0h2Z\" \/>\n\t\t\t<\/svg>\n\t\t<\/button><figcaption class=\"wp-element-caption\">Foto: Mister No, CC BY 3.0 (Wikimedia Commons)<\/figcaption><\/figure>\n\n\n\n<h3 class=\"wp-block-heading\"><span class=\"ez-toc-section\" id=\"12_Planetario_N_Copernico\"><\/span>12. Planet\u00e1rio N. Cop\u00e9rnico<span class=\"ez-toc-section-end\"><\/span><\/h3>\n\n\n\n<p class=\"wp-block-paragraph\">O primeiro complexo astron\u00f4mico da Bulg\u00e1ria, inaugurado em 1968, projeta mais de 5.500 estrelas em sua c\u00fapula gigante gra\u00e7as a um projetor Zeiss. \u00c9 uma \u00f3tima experi\u00eancia para os f\u00e3s do espa\u00e7o, mas a pr\u00f3pria institui\u00e7\u00e3o emitiu <strong>avisos bem r\u00edgidos sobre os visitantes<\/strong>. \ud83d\udca1 <strong>Dica:<\/strong> os efeitos sonoros e visuais n\u00e3o s\u00e3o nada indicados para crian\u00e7as menores de 10 anos, e a entrada com carrinho de beb\u00ea \u00e9 fortemente desaconselhada. Ningu\u00e9m \u00e9 admitido no sal\u00e3o de 72 lugares depois que a palestra come\u00e7a. A entrada custa 3,58 \u20ac.<\/p>\n\n\n\n<figure data-wp-context=\"{&quot;imageId&quot;:&quot;6a9c2ebc45b4d&quot;}\" data-wp-interactive=\"core\/image\" data-wp-key=\"6a9c2ebc45b4d\" class=\"wp-block-image size-full wp-lightbox-container\"><img decoding=\"async\" width=\"1800\" height=\"706\" data-wp-class--hide=\"state.isContentHidden\" data-wp-class--show=\"state.isContentVisible\" data-wp-init=\"callbacks.setButtonStyles\" data-wp-on--click=\"actions.showLightbox\" data-wp-on--load=\"callbacks.setButtonStyles\" data-wp-on--pointerdown=\"actions.preloadImage\" data-wp-on--pointerenter=\"actions.preloadImageWithDelay\" data-wp-on--pointerleave=\"actions.cancelPreload\" data-wp-on-window--resize=\"callbacks.setButtonStyles\" src=\"https:\/\/loudavymkrokem.cz\/wp-content\/uploads\/2026\/08\/bulharsko-research-varna-18-0e8828ac.jpg\" alt=\"Praia Sul em Varna\" class=\"wp-image-407793\" title=\"\" srcset=\"https:\/\/loudavymkrokem.cz\/wp-content\/uploads\/2026\/08\/bulharsko-research-varna-18-0e8828ac.jpg 1800w, https:\/\/loudavymkrokem.cz\/wp-content\/uploads\/2026\/08\/bulharsko-research-varna-18-0e8828ac-300x118.jpg 300w, https:\/\/loudavymkrokem.cz\/wp-content\/uploads\/2026\/08\/bulharsko-research-varna-18-0e8828ac-700x275.jpg 700w, https:\/\/loudavymkrokem.cz\/wp-content\/uploads\/2026\/08\/bulharsko-research-varna-18-0e8828ac-768x301.jpg 768w, https:\/\/loudavymkrokem.cz\/wp-content\/uploads\/2026\/08\/bulharsko-research-varna-18-0e8828ac-1536x602.jpg 1536w, https:\/\/loudavymkrokem.cz\/wp-content\/uploads\/2026\/08\/bulharsko-research-varna-18-0e8828ac-696x273.jpg 696w, https:\/\/loudavymkrokem.cz\/wp-content\/uploads\/2026\/08\/bulharsko-research-varna-18-0e8828ac-1392x546.jpg 1392w\" sizes=\"(max-width: 1800px) 100vw, 1800px\" \/><button\n\t\t\tclass=\"lightbox-trigger\"\n\t\t\ttype=\"button\"\n\t\t\taria-haspopup=\"dialog\"\n\t\t\tdata-wp-bind--aria-label=\"state.thisImage.triggerButtonAriaLabel\"\n\t\t\tdata-wp-init=\"callbacks.initTriggerButton\"\n\t\t\tdata-wp-on--click=\"actions.showLightbox\"\n\t\t\tdata-wp-style--right=\"state.thisImage.buttonRight\"\n\t\t\tdata-wp-style--top=\"state.thisImage.buttonTop\"\n\t\t>\n\t\t\t<svg xmlns=\"http:\/\/www.w3.org\/2000\/svg\" width=\"12\" height=\"12\" fill=\"none\" viewBox=\"0 0 12 12\">\n\t\t\t\t<path fill=\"#fff\" d=\"M2 0a2 2 0 0 0-2 2v2h1.5V2a.5.5 0 0 1 .5-.5h2V0H2Zm2 10.5H2a.5.5 0 0 1-.5-.5V8H0v2a2 2 0 0 0 2 2h2v-1.5ZM8 12v-1.5h2a.5.5 0 0 0 .5-.5V8H12v2a2 2 0 0 1-2 2H8Zm2-12a2 2 0 0 1 2 2v2h-1.5V2a.5.5 0 0 0-.5-.5H8V0h2Z\" \/>\n\t\t\t<\/svg>\n\t\t<\/button><figcaption class=\"wp-element-caption\">Foto: kuchin ster, CC BY 3.0 (Wikimedia Commons)<\/figcaption><\/figure>\n\n\n\n<h3 class=\"wp-block-heading\"><span class=\"ez-toc-section\" id=\"13_Praias_urbanas_e_qualidade_da_agua\"><\/span>13. Praias urbanas e qualidade da \u00e1gua<span class=\"ez-toc-section-end\"><\/span><\/h3>\n\n\n\n<p class=\"wp-block-paragraph\">Varna se orgulha de 32 quil\u00f4metros de litoral e mais de duas dezenas de praias. No pr\u00f3prio centro, a mais popular \u00e9 a <strong>Praia Central<\/strong>, que tem areia fina e metros de fundo raso e plano, sendo perfeita para crian\u00e7as pequenas. A vizinha praia Ofitserski tem um declive mais acentuado at\u00e9 a \u00e1gua e \u00e9 conhecida por seus bares abertos at\u00e9 tarde da noite. Bem ao lado dela brota a &#8220;Toplata voda&#8221; \u2013 uma fonte de \u00e1gua termal medicinal de livre acesso, com temperatura acima de 40 \u00b0C.<\/p>\n\n\n\n<p class=\"wp-block-paragraph\">Uma boa not\u00edcia para os turistas: em agosto de 2026 a Comiss\u00e3o de Defesa do Consumidor proibiu a pr\u00e1tica abusiva de empurrar kits completos. Hoje voc\u00ea tem <strong>todo o direito de alugar guarda-sol e espregui\u00e7adeira separadamente na praia de Varna<\/strong> (o pre\u00e7o por unidade fica em torno de 3,5 a 5 \u20ac). Al\u00e9m disso, por lei, ao menos metade de cada praia deve permanecer como zona livre para toalhas, gratuita. \ud83d\udca1 <strong>Dica sobre a qualidade da \u00e1gua:<\/strong> segundo o monitoramento oficial, a \u00e1gua fica limpa na maior parte do ver\u00e3o; os melhores resultados a longo prazo s\u00e3o da Praia Central e de Asparuhovo. <strong>Depois de chuvas fortes, por\u00e9m, evite a praia Ofitserski<\/strong>, onde \u00e0s vezes transborda o esgoto pluvial (os resultados atualizados ficam sempre no <a href=\"https:\/\/rzi-varna.com\/\" rel=\"nofollow noopener\" target=\"_blank\">site rzi-varna.com<\/a>).<\/p>\n\n\n\n<figure data-wp-context=\"{&quot;imageId&quot;:&quot;6a9c2ebc460c8&quot;}\" data-wp-interactive=\"core\/image\" data-wp-key=\"6a9c2ebc460c8\" class=\"wp-block-image size-full wp-lightbox-container\"><img decoding=\"async\" width=\"1800\" height=\"1012\" data-wp-class--hide=\"state.isContentHidden\" data-wp-class--show=\"state.isContentVisible\" data-wp-init=\"callbacks.setButtonStyles\" data-wp-on--click=\"actions.showLightbox\" data-wp-on--load=\"callbacks.setButtonStyles\" data-wp-on--pointerdown=\"actions.preloadImage\" data-wp-on--pointerenter=\"actions.preloadImageWithDelay\" data-wp-on--pointerleave=\"actions.cancelPreload\" data-wp-on-window--resize=\"callbacks.setButtonStyles\" src=\"https:\/\/loudavymkrokem.cz\/wp-content\/uploads\/2026\/08\/bulharsko-research-varna-19-fdecea77.jpg\" alt=\"Cabo Galata ao sul de Varna\" class=\"wp-image-407794\" title=\"\" srcset=\"https:\/\/loudavymkrokem.cz\/wp-content\/uploads\/2026\/08\/bulharsko-research-varna-19-fdecea77.jpg 1800w, https:\/\/loudavymkrokem.cz\/wp-content\/uploads\/2026\/08\/bulharsko-research-varna-19-fdecea77-300x169.jpg 300w, https:\/\/loudavymkrokem.cz\/wp-content\/uploads\/2026\/08\/bulharsko-research-varna-19-fdecea77-700x394.jpg 700w, https:\/\/loudavymkrokem.cz\/wp-content\/uploads\/2026\/08\/bulharsko-research-varna-19-fdecea77-768x432.jpg 768w, https:\/\/loudavymkrokem.cz\/wp-content\/uploads\/2026\/08\/bulharsko-research-varna-19-fdecea77-1536x864.jpg 1536w, https:\/\/loudavymkrokem.cz\/wp-content\/uploads\/2026\/08\/bulharsko-research-varna-19-fdecea77-696x391.jpg 696w, https:\/\/loudavymkrokem.cz\/wp-content\/uploads\/2026\/08\/bulharsko-research-varna-19-fdecea77-1392x783.jpg 1392w\" sizes=\"(max-width: 1800px) 100vw, 1800px\" \/><button\n\t\t\tclass=\"lightbox-trigger\"\n\t\t\ttype=\"button\"\n\t\t\taria-haspopup=\"dialog\"\n\t\t\tdata-wp-bind--aria-label=\"state.thisImage.triggerButtonAriaLabel\"\n\t\t\tdata-wp-init=\"callbacks.initTriggerButton\"\n\t\t\tdata-wp-on--click=\"actions.showLightbox\"\n\t\t\tdata-wp-style--right=\"state.thisImage.buttonRight\"\n\t\t\tdata-wp-style--top=\"state.thisImage.buttonTop\"\n\t\t>\n\t\t\t<svg xmlns=\"http:\/\/www.w3.org\/2000\/svg\" width=\"12\" height=\"12\" fill=\"none\" viewBox=\"0 0 12 12\">\n\t\t\t\t<path fill=\"#fff\" d=\"M2 0a2 2 0 0 0-2 2v2h1.5V2a.5.5 0 0 1 .5-.5h2V0H2Zm2 10.5H2a.5.5 0 0 1-.5-.5V8H0v2a2 2 0 0 0 2 2h2v-1.5ZM8 12v-1.5h2a.5.5 0 0 0 .5-.5V8H12v2a2 2 0 0 1-2 2H8Zm2-12a2 2 0 0 1 2 2v2h-1.5V2a.5.5 0 0 0-.5-.5H8V0h2Z\" \/>\n\t\t\t<\/svg>\n\t\t<\/button><figcaption class=\"wp-element-caption\">Foto: Spiritia, CC BY-SA 4.0 (Wikimedia Commons)<\/figcaption><\/figure>\n\n\n\n<!-- LKM_GYG_CARD start q=\"varna\" lang=\"pt-br\" rendered=\"2026-09-05T13:41:19+00:00\" v=\"1\" -->\n<style id=\"lk-gyg-styles\">\n@import url(\"https:\/\/fonts.googleapis.com\/css2?family=Playfair+Display:wght@700&family=DM+Sans:wght@300;400;500;600&display=swap\");\n\/* === LK GYG karty \u2014 CRO redesign 2026-05 (namespace .lkx-) ===\n   C\u00edl: vy\u0161\u0161\u00ed CTR (hero + v\u00fdrazn\u00fd social proof + ak\u010dn\u00ed CTA, m\u00e9n\u011b \"reklamn\u00ed\").\n   Injektuje se inline do prvn\u00edho markeru postu (refresh_cards.py --inline-css). *\/\n.lkx-module, .lkx-module *{box-sizing:border-box;margin:0;padding:0}\n.lkx-module{\n  font-family:'DM Sans',-apple-system,Segoe UI,Roboto,Georgia,sans-serif;\n  max-width:860px;margin:2.5rem auto;color:#1f2328;\n}\n\n\/* HEADER \u2014 lehk\u00fd editorsk\u00fd, \u017e\u00e1dn\u00fd bannerov\u00fd blok; nadpis + popisek pod n\u00edm *\/\n.lkx-head{margin-bottom:16px}\n.lkx-head-main{display:flex;align-items:center;gap:10px}\n.lkx-head-accent{width:26px;height:3px;border-radius:2px;background:#c39f76;flex-shrink:0}\n.lkx-head-title{font-family:'Playfair Display',Georgia,serif;font-size:21px;font-weight:700;color:#1a1a1a;line-height:1.25}\n.lkx-head-meta{display:block;font-size:11px;letter-spacing:.3px;color:#9aa0a6;margin-top:4px;margin-left:36px}\n\n\/* HERO *\/\n.lkx-hero{display:grid;grid-template-columns:300px 1fr;background:#fff;border:1px solid #ece7df;border-radius:14px;overflow:hidden;text-decoration:none!important;color:inherit;box-shadow:0 6px 20px rgba(0,0,0,.06);transition:box-shadow .2s,transform .2s;margin-bottom:14px}\n.lkx-hero:hover{box-shadow:0 12px 30px rgba(0,0,0,.12);transform:translateY(-2px)}\n.lkx-hero-img{position:relative;min-height:230px;background-size:cover;background-position:center;background-color:#eee}\n.lkx-hero-body{padding:22px 24px;display:flex;flex-direction:column}\n.lkx-pick{position:absolute;top:12px;left:12px;background:#1a1a1a;color:#fff;font-size:11px;font-weight:700;letter-spacing:.5px;padding:5px 11px;border-radius:20px}\n\n\/* TITLE *\/\n.lkx-title{font-size:19px;font-weight:700;color:#161616;line-height:1.3}\n.lkx-title-sm{font-size:14.5px;line-height:1.35;display:-webkit-box;-webkit-line-clamp:2;-webkit-box-orient:vertical;overflow:hidden}\n\n\/* SOCIAL PROOF \u2014 v\u00fdrazn\u011b, naho\u0159e *\/\n.lkx-proof{display:flex;align-items:center;gap:7px;margin-top:12px;font-size:15px;color:#3a3a3a}\n.lkx-proof b{font-size:16px;color:#161616}\n.lkx-stars{color:#f5a623;letter-spacing:1px}\n.lkx-proof-sm{font-size:12.5px;margin-top:8px;gap:5px}\n.lkx-proof-sm b{font-size:13px}\n.lkx-proof-new{color:#3685fc;font-weight:600}\n\n\/* PRICE \u2014 n\u00edzk\u00e1 kotva *\/\n.lkx-price{font-size:14px;color:#6b7280}\n.lkx-price b{font-size:20px;color:#161616;font-weight:700}\n.lkx-price-sm b{font-size:15px}\n\n\/* CTA \u2014 tepl\u00e9 ak\u010dn\u00ed tla\u010d\u00edtko *\/\n.lkx-cta{display:inline-flex;align-items:center;justify-content:center;text-decoration:none!important;font-weight:700;color:#fff!important;background:linear-gradient(135deg,#f6743f,#e8552a);border-radius:10px;box-shadow:0 6px 16px rgba(232,85,42,.32);transition:box-shadow .2s}\n.lkx-cta-hero{font-size:15px;padding:13px 22px}\n.lkx-hero:hover .lkx-cta-hero{box-shadow:0 8px 22px rgba(232,85,42,.45)}\n.lkx-cta-sm{font-size:12.5px;padding:9px 14px;width:100%;margin-top:2px}\n.lkx-hero-bottom{margin-top:auto;padding-top:18px;display:flex;align-items:center;justify-content:space-between;gap:14px;flex-wrap:wrap}\n\n\/* BADGE \u2014 jeden v\u00fdrazn\u00fd na fotce *\/\n.lkx-badge{position:absolute;top:12px;right:12px;font-size:10.5px;font-weight:700;letter-spacing:.3px;padding:5px 10px;border-radius:16px;color:#fff}\n.lkx-badge.badge-urgency{background:rgba(214,40,40,.92)}\n.lkx-badge.badge-new{background:rgba(54,133,252,.92)}\n.lkx-badge.badge-top{background:rgba(195,159,118,.95)}\n.lkx-badge.badge-info{background:rgba(40,40,40,.78)}\n\n\/* SECONDARY GRID *\/\n.lkx-grid{display:grid;grid-template-columns:1fr 1fr;gap:14px}\n.lkx-card{background:#fff;border:1px solid #ece7df;border-radius:14px;overflow:hidden;text-decoration:none!important;color:inherit;box-shadow:0 4px 14px rgba(0,0,0,.05);display:flex;flex-direction:column;transition:box-shadow .2s,transform .2s}\n.lkx-card:hover{box-shadow:0 10px 24px rgba(0,0,0,.1);transform:translateY(-2px)}\n.lkx-card-img{position:relative;aspect-ratio:16\/10;background-size:cover;background-position:center;background-color:#eee}\n.lkx-card-body{padding:14px 16px 16px;display:flex;flex-direction:column;gap:7px;flex:1}\n.lkx-card-bottom{margin-top:auto;padding-top:10px;display:flex;align-items:center;justify-content:space-between;gap:8px}\n\n\/* DISCLOSURE \u2014 drobn\u00e1, kv\u016fli d\u016fv\u011b\u0159e\/z\u00e1konu *\/\n.lkx-disclosure{font-size:11px;color:#a7adb3;text-align:center;margin-top:14px;line-height:1.6}\n.lkx-disclosure a{color:#c39f76;text-decoration:none}\n\n@media(max-width:680px){\n  .lkx-hero{grid-template-columns:1fr}\n  .lkx-hero-img{min-height:180px}\n  .lkx-grid{grid-template-columns:1fr}\n  .lkx-head-meta{margin-left:0;width:100%}\n  .lkx-head-title{font-size:19px}\n}\n\n<\/style>\n<div class=\"lkx-module\" data-query=\"varna\">\n  <div class=\"lkx-head\">\n    <div class=\"lkx-head-main\">\n      <span class=\"lkx-head-accent\"><\/span>\n      <span class=\"lkx-head-title\">Experi\u00eancias e ingressos<\/span>\n    <\/div>\n    <span class=\"lkx-head-meta\">avaliado por viajantes \u00b7 GetYourGuide<\/span>\n  <\/div><a class=\"lkx-hero\" href=\"https:\/\/www.getyourguide.com\/pt-br\/varna-l412\/varna-cruzeiro-ao-por-do-sol-com-bebidas-e-caca-ao-tesouro-pirata-t1288459\/?partner_id=MKZ64IS&amp;utm_medium=online_publisher&amp;cmp=varna-bulgaria-o-que-fazer\" target=\"_blank\" rel=\"sponsored noopener nofollow\">\n    <div class=\"lkx-hero-img\" style=\"background-image:url('https:\/\/cdn.getyourguide.com\/img\/tour\/eb41ecd853d11f185e58ecab4209dc5a16d762d19434e10d71e2216479c9508b.jpg\/132.jpg')\" role=\"img\" aria-label=\"Varna: Cruzeiro ao P\u00f4r do Sol com Bebidas e Ca\u00e7a ao Tesouro Pirata\">\n      <span class=\"lkx-pick\">\u2605 Nossa escolha<\/span><\/div>\n    <div class=\"lkx-hero-body\">\n      <div class=\"lkx-title\">Varna: Cruzeiro ao P\u00f4r do Sol com Bebidas e Ca\u00e7a ao Tesouro Pirata<\/div>\n      <div class=\"lkx-proof\">\n      <span class=\"lkx-stars\">\u2605\u2605\u2605\u2605\u2605<\/span>\n      <b>4.6<\/b> \u00b7 143 avalia\u00e7\u00f5es\n    <\/div>\n      <div class=\"lkx-hero-bottom\"><div class=\"lkx-price\">a partir de <b>\u20ac\u00a016<\/b><\/div><span class=\"lkx-cta lkx-cta-hero\">Quero viver isso \u2192<\/span>\n      <\/div>\n    <\/div>\n  <\/a><div class=\"lkx-grid\"><a class=\"lkx-card\" href=\"https:\/\/www.getyourguide.com\/pt-br\/varna-l412\/varna-cruzeiro-pirata-com-batalha-naval-e-pizza-t1017577\/?partner_id=MKZ64IS&amp;utm_medium=online_publisher&amp;cmp=varna-bulgaria-o-que-fazer\" target=\"_blank\" rel=\"sponsored noopener nofollow\">\n      <div class=\"lkx-card-img\" style=\"background-image:url('https:\/\/cdn.getyourguide.com\/img\/tour\/97bcf2c7a1c149d93ac9d5dca71b723d4c685dd42182d7583334ad88d4d27c9e.jpeg\/132.jpg')\" role=\"img\" aria-label=\"Varna: Cruzeiro Pirata com Batalha Naval e Pizza\"><\/div>\n      <div class=\"lkx-card-body\">\n        <div class=\"lkx-title lkx-title-sm\">Varna: Cruzeiro Pirata com Batalha Naval e Pizza<\/div>\n        <div class=\"lkx-proof lkx-proof-sm\">\n      <span class=\"lkx-stars\">\u2605<\/span>\n      <b>4.7<\/b> \u00b7 168\n    <\/div>\n        <div class=\"lkx-card-bottom\"><span class=\"lkx-price lkx-price-sm\">a partir de <b>\u20ac\u00a019<\/b><\/span><span class=\"lkx-cta lkx-cta-sm\">Ver datas \u2192<\/span>\n        <\/div>\n      <\/div>\n    <\/a><a class=\"lkx-card\" href=\"https:\/\/www.getyourguide.com\/pt-br\/varna-l412\/varna-excursao-guiada-de-buggy-fora-de-estrada-c-capacete-e-combustivel-t1435626\/?partner_id=MKZ64IS&amp;utm_medium=online_publisher&amp;cmp=varna-bulgaria-o-que-fazer\" target=\"_blank\" rel=\"sponsored noopener nofollow\">\n      <div class=\"lkx-card-img\" style=\"background-image:url('https:\/\/cdn.getyourguide.com\/img\/tour\/961b0688ce775983b95dde9f0d6b6d00e39cf2d673a7ce7be27cca801a26fa0d.jpg\/132.jpg')\" role=\"img\" aria-label=\"Varna: Excurs\u00e3o Guiada de Buggy Fora de Estrada c\/ Capacete e Combust\u00edvel\"><\/div>\n      <div class=\"lkx-card-body\">\n        <div class=\"lkx-title lkx-title-sm\">Varna: Excurs\u00e3o Guiada de Buggy Fora de Estrada c\/ Capacete e Combust\u00edvel<\/div>\n        <div class=\"lkx-proof lkx-proof-sm\">\n      <span class=\"lkx-stars\">\u2605<\/span>\n      <b>0.0<\/b> \u00b7 0\n    <\/div>\n        <div class=\"lkx-card-bottom\"><span class=\"lkx-price lkx-price-sm\">a partir de <b>\u20ac\u00a0145<\/b><\/span><span class=\"lkx-cta lkx-cta-sm\">Ver datas \u2192<\/span>\n        <\/div>\n      <\/div>\n    <\/a><\/div><div class=\"lkx-disclosure\">\ud83d\udd17 Links de afiliados \u2014 n\u00e3o mudam seu pre\u00e7o e nos ajudam a criar conte\u00fado. \u00b7 <a href=\"https:\/\/www.getyourguide.com\/pt-br\/s\/?q=varna&amp;partner_id=MKZ64IS&amp;utm_medium=online_publisher\" target=\"_blank\" rel=\"sponsored noopener nofollow\">Todas as experi\u00eancias \u2192<\/a><\/div>\n<\/div>\n<!-- LKM_GYG_CARD end -->\n\n\n\n\n<div class=\"lk-stays-module\">\n<style>\n\/* \u2500\u2500\u2500 RESET PRO GUTENBERG \u2500\u2500\u2500 *\/\n.lk-stays-module * { box-sizing: border-box; margin: 0; padding: 0; }\n\n\/* \u2500\u2500\u2500 WRAPPER \u2500\u2500\u2500 *\/\n.lk-stays-module {\n  font-family: 'DM Sans', Georgia, sans-serif;\n  max-width: 100%;\n  margin: 2.5rem auto;\n  background: linear-gradient(135deg, #fdfaf5 0%, #fcf8f0 100%);\n  border: 1px solid #e8dfd4;\n  border-radius: 16px;\n  overflow: hidden;\n  box-shadow: 0 16px 48px rgba(195, 159, 118, 0.25), 0 4px 12px rgba(0,0,0,0.08);\n}\n\n\/* \u2500\u2500\u2500 HEADER \u2500\u2500\u2500 *\/\n.lk-stays-header {\n  position: relative;\n  padding: 24px 36px 24px;\n  background: linear-gradient(135deg, #c39f76 0%, #d4b188 60%, #c39f76 100%);\n  border-bottom: 1px solid rgba(255,255,255,.15);\n  display: flex;\n  align-items: center;\n  gap: 18px;\n}\n.lk-stays-header::before {\n  content: '';\n  position: absolute;\n  inset: 0;\n  background: url(\"data:image\/svg+xml,%3Csvg width='60' height='60' viewBox='0 0 60 60' xmlns='http:\/\/www.w3.org\/2000\/svg'%3E%3Cg fill='none' fill-rule='evenodd'%3E%3Cg fill='%23ffffff' fill-opacity='0.05'%3E%3Cpath d='M36 34v-4h-2v4h-4v2h4v4h2v-4h4v-2h-4zm0-30V0h-2v4h-4v2h4v4h2V6h4V4h-4zM6 34v-4H4v4H0v2h4v4h2v-4h4v-2H6zM6 4V0H4v4H0v2h4v4h2V6h4V4H6z'\/%3E%3C\/g%3E%3C\/g%3E%3C\/svg%3E\") repeat;\n  pointer-events: none;\n}\n.lk-stays-icon {\n  flex-shrink: 0;\n  width: 68px;\n  height: 68px;\n  border-radius: 14px;\n  background: linear-gradient(135deg, #fff 0%, #f9f6f0 100%);\n  display: flex;\n  align-items: center;\n  justify-content: center;\n  font-size: 26px;\n  box-shadow: 0 4px 12px rgba(0,0,0,0.15);\n}\n.lk-stays-eyebrow {\n  font-size: 10px;\n  font-weight: 500;\n  letter-spacing: 2.5px;\n  text-transform: uppercase;\n  color: rgba(255,255,255,.85);\n  margin: 0 0 5px 0;\n}\n.lk-stays-title {\n  font-family: 'Playfair Display', Georgia, serif;\n  font-size: 24px;\n  font-weight: 700;\n  color: #fff;\n  line-height: 1.2;\n  text-shadow: 0 1px 2px rgba(0,0,0,0.1);\n  margin: 0;\n}\n.lk-stays-subtitle {\n  font-size: 13px;\n  color: rgba(255,255,255,.75);\n  margin: 4px 0 0 0;\n  font-weight: 300;\n}\n\n\/* \u2500\u2500\u2500 CARDS GRID \u2500\u2500\u2500 *\/\n.lk-stays-grid {\n  display: grid;\n  grid-template-columns: 1fr 1fr;\n  gap: 1px;\n  background: rgba(195, 159, 118, 0.12);\n}\n\n\/* \u2500\u2500\u2500 SINGLE CARD \u2500\u2500\u2500 *\/\n.lk-stay-card {\n  background: #ffffff;\n  padding: 26px;\n  display: flex;\n  flex-direction: column;\n  gap: 11px;\n  transition: all 0.3s ease;\n  text-decoration: none;\n  color: inherit;\n  position: relative;\n}\n.lk-stay-card:hover {\n  background: #fffbf5;\n  transform: translateY(-2px);\n  box-shadow: 0 8px 24px rgba(195, 159, 118, 0.18);\n  z-index: 1;\n}\n.lk-stay-card.featured {\n  background: linear-gradient(135deg, #fffdf9 0%, #fff9f0 100%);\n  box-shadow: 0 4px 16px rgba(195, 159, 118, 0.15), inset 0 1px 0 rgba(195, 159, 118, 0.1);\n}\n.lk-stay-card.featured:hover {\n  background: linear-gradient(135deg, #fffbf5 0%, #fff8ed 100%);\n  box-shadow: 0 8px 24px rgba(195, 159, 118, 0.25), inset 0 1px 0 rgba(195, 159, 118, 0.15);\n}\n\n.lk-stay-badge {\n  display: inline-flex;\n  align-items: center;\n  gap: 5px;\n  font-size: 10px;\n  font-weight: 500;\n  letter-spacing: 1.5px;\n  text-transform: uppercase;\n  padding: 5px 11px;\n  border-radius: 20px;\n  width: fit-content;\n}\n.badge-top     { background: linear-gradient(135deg, #c39f76 0%, #d4b188 100%); color: #fff; border: 1px solid #c39f76; font-weight: 600; box-shadow: 0 2px 8px rgba(195,159,118,0.3); }\n.badge-luxury  { background: rgba(195,159,118,.12); color: #c39f76; border: 1px solid rgba(195,159,118,.25); }\n.badge-boutique{ background: rgba(54,133,252,.08); color: #3685fc; border: 1px solid rgba(54,133,252,.2); }\n.badge-nature  { background: rgba(130,190,100,.1); color: #6b9c4a; border: 1px solid rgba(130,190,100,.2); }\n.badge-remote  { background: rgba(195,159,118,.12); color: #a67e50; border: 1px solid rgba(195,159,118,.25); }\n\n.lk-stay-name {\n  font-family: 'Playfair Display', Georgia, serif;\n  font-size: 18px;\n  font-weight: 700;\n  color: #111827;\n  line-height: 1.3;\n}\n.lk-stay-desc {\n  font-size: 13.5px;\n  color: #525252;\n  line-height: 1.65;\n  font-weight: 300;\n  flex: 1;\n}\n\n.lk-stay-meta {\n  display: flex;\n  align-items: center;\n  gap: 12px;\n  flex-wrap: wrap;\n  margin-top: 4px;\n}\n.lk-stay-price {\n  font-size: 13px;\n  color: #6b7280;\n}\n.lk-stay-price strong {\n  color: #c39f76;\n  font-weight: 500;\n}\n.lk-stay-stars {\n  color: #c39f76;\n  font-size: 11px;\n  letter-spacing: 1px;\n}\n\n\/* \u2500\u2500\u2500 CTA BUTTON \u2500\u2500\u2500 *\/\n.lk-stay-cta {\n  display: inline-flex;\n  align-items: center;\n  justify-content: center;\n  gap: 7px;\n  margin-top: 8px;\n  padding: 11px 20px;\n  border-radius: 8px;\n  background: linear-gradient(135deg, #3685fc 0%, #2a6fd9 100%);\n  color: #fff;\n  font-size: 13px;\n  font-weight: 500;\n  text-decoration: none;\n  letter-spacing: .3px;\n  transition: all .2s ease;\n  cursor: pointer;\n  border: none;\n  text-align: center;\n  box-shadow: 0 4px 12px rgba(54, 133, 252, 0.25);\n}\n.lk-stay-cta:hover {\n  background: linear-gradient(135deg, #2a6fd9 0%, #1e5bc4 100%);\n  transform: translateY(-1px);\n  box-shadow: 0 6px 16px rgba(54, 133, 252, 0.35);\n}\n.lk-stay-cta svg { flex-shrink: 0; }\n\n\/* \u2500\u2500\u2500 FOOTER \u2500\u2500\u2500 *\/\n.lk-stays-footer {\n  padding: 18px 36px;\n  background: linear-gradient(to bottom, #fdfaf5 0%, #f9f4ed 100%);\n  border-top: 1px solid rgba(195, 159, 118, 0.15);\n  display: flex;\n  align-items: center;\n  justify-content: space-between;\n  flex-wrap: wrap;\n  gap: 12px;\n}\n.lk-stays-footer-note {\n  font-size: 11.5px;\n  color: #6b7280;\n  font-weight: 300;\n  line-height: 1.5;\n}\n.lk-stays-footer-note a {\n  color: #c39f76;\n  text-decoration: none;\n  font-weight: 400;\n}\n.lk-stays-footer-note a:hover {\n  text-decoration: underline;\n}\n.lk-stays-all-btn {\n  display: inline-flex;\n  align-items: center;\n  gap: 6px;\n  font-size: 12.5px;\n  font-weight: 500;\n  color: #c39f76;\n  text-decoration: none;\n  border: 1px solid rgba(195, 159, 118, 0.35);\n  padding: 8px 18px;\n  border-radius: 8px;\n  transition: all .2s ease;\n}\n.lk-stays-all-btn:hover {\n  background: rgba(195, 159, 118, 0.08);\n  border-color: rgba(195, 159, 118, 0.5);\n}\n\n\/* \u2500\u2500\u2500 RESPONSIVE \u2500\u2500\u2500 *\/\n@media (max-width: 600px) {\n  .lk-stays-grid { grid-template-columns: 1fr; }\n  .lk-stays-header { padding: 24px 20px; }\n  .lk-stays-footer { padding: 16px 20px; }\n  .lk-stay-card { padding: 22px; }\n  .lk-stays-title { font-size: 20px; }\n}\n<\/style>\n\n  <!-- HEADER -->\n  <div class=\"lk-stays-header\">\n    <img decoding=\"async\" src=\"https:\/\/loudavymkrokem.cz\/wp-content\/uploads\/2026\/02\/lukas-a-lucka.jpg\" alt=\"\" style=\"width: 75px; height: 75px; border-radius: 8px; flex-shrink: 0; object-fit: cover; display: block; margin: 4px 0;\" title=\"\">\n    <div class=\"lk-stays-header-text\">\n      <div class=\"lk-stays-eyebrow\">Luk\u00e1\u0161 e Lucie recomendam<\/div>\n      <div class=\"lk-stays-title\">Onde se hospedar em Varna<\/div>\n      <div class=\"lk-stays-subtitle\">6 acomoda\u00e7\u00f5es \u2014 hot\u00e9is com spa, hot\u00e9is e outras op\u00e7\u00f5es de hospedagem<\/div>\n    <\/div>\n  <\/div>\n\n  <!-- CARDS -->\n  <div class=\"lk-stays-grid\">\n\n    <a class=\"lk-stay-card featured\" href=\"https:\/\/www.stay22.com\/allez\/roam?aid=lukaskonecny&#038;campaign=loudavymkrokemcz&#038;campaign=pt-br&#038;campaign=varna&#038;hotelname=Modus%20Hotel&#038;address=Varna%2C%20Bulharsko\" target=\"_blank\" rel=\"nofollow noopener\">\n      <span class=\"lk-stay-badge badge-top\">\u2b50 MELHOR ESCOLHA<\/span>\n      <span class=\"lk-stay-badge badge-nature\">\u2b50 Luxo<\/span>\n      <div class=\"lk-stay-name\">Modus Hotel<\/div>\n      <div class=\"lk-stay-desc\">Hotel de primeira linha no Bairro Grego, a 130 metros do Jardim Mar\u00edtimo. Melhor avalia\u00e7\u00e3o e localiza\u00e7\u00e3o da cidade.<\/div>\n      <div class=\"lk-stay-meta\">\n        <span class=\"lk-stay-stars\">\u2605\u2605\u2605\u2605<\/span>\n        <span class=\"lk-stay-price\">Verificar pre\u00e7os<\/span>\n      <\/div>\n      <span class=\"lk-stay-cta\">\n        <svg width=\"14\" height=\"14\" viewBox=\"0 0 24 24\" fill=\"none\" stroke=\"currentColor\" stroke-width=\"2\"><path d=\"M18 13v6a2 2 0 0 1-2 2H5a2 2 0 0 1-2-2V8a2 2 0 0 1 2-2h6\"\/><polyline points=\"15 3 21 3 21 9\"\/><line x1=\"10\" y1=\"14\" x2=\"21\" y2=\"3\"\/><\/svg>\n        Verificar disponibilidade\n      <\/span>\n    <\/a>\n\n    <a class=\"lk-stay-card\" href=\"https:\/\/www.stay22.com\/allez\/roam?aid=lukaskonecny&#038;campaign=loudavymkrokemcz&#038;campaign=pt-br&#038;campaign=varna&#038;hotelname=Grand%20Hotel%20London&#038;address=Varna%2C%20Bulharsko\" target=\"_blank\" rel=\"nofollow noopener\">\n      <span class=\"lk-stay-badge badge-nature\">\ud83c\udfe8 Hotel<\/span>\n      <div class=\"lk-stay-name\">Grand Hotel London<\/div>\n      <div class=\"lk-stay-desc\">Magn\u00edfico edif\u00edcio art nouveau de 1912 bem no centro de Varna. Para amantes de hist\u00f3ria.<\/div>\n      <div class=\"lk-stay-meta\">\n        <span class=\"lk-stay-stars\">\u2605\u2605\u2605\u2605<\/span>\n        <span class=\"lk-stay-price\">Verificar pre\u00e7os<\/span>\n      <\/div>\n      <span class=\"lk-stay-cta\">\n        <svg width=\"14\" height=\"14\" viewBox=\"0 0 24 24\" fill=\"none\" stroke=\"currentColor\" stroke-width=\"2\"><path d=\"M18 13v6a2 2 0 0 1-2 2H5a2 2 0 0 1-2-2V8a2 2 0 0 1 2-2h6\"\/><polyline points=\"15 3 21 3 21 9\"\/><line x1=\"10\" y1=\"14\" x2=\"21\" y2=\"3\"\/><\/svg>\n        Verificar disponibilidade\n      <\/span>\n    <\/a>\n\n    <a class=\"lk-stay-card\" href=\"https:\/\/www.stay22.com\/allez\/roam?aid=lukaskonecny&#038;campaign=loudavymkrokemcz&#038;campaign=pt-br&#038;campaign=varna&#038;hotelname=Hotel%20Cherno%20More&#038;address=Varna%2C%20Bulharsko\" target=\"_blank\" rel=\"nofollow noopener\">\n      <span class=\"lk-stay-badge badge-nature\">\ud83c\udfe8 Hotel<\/span>\n      <div class=\"lk-stay-name\">Hotel Cherno More<\/div>\n      <div class=\"lk-stay-desc\">Meio-termo perfeito com varandas com vista para o mar. Fica na entrada do parque.<\/div>\n      <div class=\"lk-stay-meta\">\n        <span class=\"lk-stay-stars\">\u2605\u2605\u2605\u2605<\/span>\n        <span class=\"lk-stay-price\">Verificar pre\u00e7os<\/span>\n      <\/div>\n      <span class=\"lk-stay-cta\">\n        <svg width=\"14\" height=\"14\" viewBox=\"0 0 24 24\" fill=\"none\" stroke=\"currentColor\" stroke-width=\"2\"><path d=\"M18 13v6a2 2 0 0 1-2 2H5a2 2 0 0 1-2-2V8a2 2 0 0 1 2-2h6\"\/><polyline points=\"15 3 21 3 21 9\"\/><line x1=\"10\" y1=\"14\" x2=\"21\" y2=\"3\"\/><\/svg>\n        Verificar disponibilidade\n      <\/span>\n    <\/a>\n\n    <a class=\"lk-stay-card\" href=\"https:\/\/www.stay22.com\/allez\/roam?aid=lukaskonecny&#038;campaign=loudavymkrokemcz&#038;campaign=pt-br&#038;campaign=varna&#038;hotelname=Boutique%20Splendid&#038;address=Varna%2C%20Bulharsko\" target=\"_blank\" rel=\"nofollow noopener\">\n      <span class=\"lk-stay-badge badge-nature\">\ud83c\udfe8 Hotel<\/span>\n      <div class=\"lk-stay-name\">Boutique Splendid<\/div>\n      <div class=\"lk-stay-desc\">O mais pr\u00f3ximo dos pontos tur\u00edsticos, a menos de cem metros da Catedral da Assun\u00e7\u00e3o da Virgem Maria.<\/div>\n      <div class=\"lk-stay-meta\">\n        <span class=\"lk-stay-stars\">\u2605\u2605\u2605\u2605<\/span>\n        <span class=\"lk-stay-price\">Verificar pre\u00e7os<\/span>\n      <\/div>\n      <span class=\"lk-stay-cta\">\n        <svg width=\"14\" height=\"14\" viewBox=\"0 0 24 24\" fill=\"none\" stroke=\"currentColor\" stroke-width=\"2\"><path d=\"M18 13v6a2 2 0 0 1-2 2H5a2 2 0 0 1-2-2V8a2 2 0 0 1 2-2h6\"\/><polyline points=\"15 3 21 3 21 9\"\/><line x1=\"10\" y1=\"14\" x2=\"21\" y2=\"3\"\/><\/svg>\n        Verificar disponibilidade\n      <\/span>\n    <\/a>\n\n    <a class=\"lk-stay-card\" href=\"https:\/\/www.stay22.com\/allez\/roam?aid=lukaskonecny&#038;campaign=loudavymkrokemcz&#038;campaign=pt-br&#038;campaign=varna&#038;hotelname=Nomado%20hostel&#038;address=Varna%2C%20Bulharsko\" target=\"_blank\" rel=\"nofollow noopener\">\n      <span class=\"lk-stay-badge badge-nature\">\ud83c\udfe1 Pousada\/B&#038;B<\/span>\n      <div class=\"lk-stay-name\">Nomado hostel<\/div>\n      <div class=\"lk-stay-desc\">Hostel econ\u00f4mico muito bem avaliado no centro da cidade para viajantes com or\u00e7amento limitado.<\/div>\n      <div class=\"lk-stay-meta\">\n        <span class=\"lk-stay-stars\">\u2605\u2605\u2605\u2605<\/span>\n        <span class=\"lk-stay-price\">Verificar pre\u00e7os<\/span>\n      <\/div>\n      <span class=\"lk-stay-cta\">\n        <svg width=\"14\" height=\"14\" viewBox=\"0 0 24 24\" fill=\"none\" stroke=\"currentColor\" stroke-width=\"2\"><path d=\"M18 13v6a2 2 0 0 1-2 2H5a2 2 0 0 1-2-2V8a2 2 0 0 1 2-2h6\"\/><polyline points=\"15 3 21 3 21 9\"\/><line x1=\"10\" y1=\"14\" x2=\"21\" y2=\"3\"\/><\/svg>\n        Verificar disponibilidade\n      <\/span>\n    <\/a>\n\n    <a class=\"lk-stay-card\" href=\"https:\/\/www.stay22.com\/allez\/roam?aid=lukaskonecny&#038;campaign=loudavymkrokemcz&#038;campaign=pt-br&#038;campaign=varna&#038;address=Varna&#038;hotelname=Ensana+Aquahouse&#038;search=Ensana+Aquahouse&#038;category=accommodation\" target=\"_blank\" rel=\"nofollow noopener\">\n      <span class=\"lk-stay-badge badge-nature\">\u2b50 Luxo<\/span>\n      <div class=\"lk-stay-name\">Ensana Aquahouse<\/div>\n      <div class=\"lk-stay-desc\">Primeiro hotel em Varna inclu\u00eddo no Guia Michelin 2026. Fontes termais de at\u00e9 42\u00b0C.<\/div>\n      <div class=\"lk-stay-meta\">\n        <span class=\"lk-stay-stars\">\u2605\u2605\u2605\u2605<\/span>\n        <span class=\"lk-stay-price\">Verificar pre\u00e7os<\/span>\n      <\/div>\n      <span class=\"lk-stay-cta\">\n        <svg width=\"14\" height=\"14\" viewBox=\"0 0 24 24\" fill=\"none\" stroke=\"currentColor\" stroke-width=\"2\"><path d=\"M18 13v6a2 2 0 0 1-2 2H5a2 2 0 0 1-2-2V8a2 2 0 0 1 2-2h6\"\/><polyline points=\"15 3 21 3 21 9\"\/><line x1=\"10\" y1=\"14\" x2=\"21\" y2=\"3\"\/><\/svg>\n        Verificar disponibilidade\n      <\/span>\n    <\/a>\n\n  <\/div>\n\n  \n<\/div>\n\n\n\n\n<h2 class=\"wp-block-heading\"><span class=\"ez-toc-section\" id=\"Para_alem_do_centro\"><\/span>Para al\u00e9m do centro<span class=\"ez-toc-section-end\"><\/span><\/h2>\n\n\n\n<p class=\"wp-block-paragraph\">Se voc\u00ea se aventurar um pouco mais longe do n\u00facleo hist\u00f3rico, Varna vai te revelar mais uma de suas camadas, seja a comovente <strong>hist\u00f3ria militar<\/strong>, seja os <strong>tranquilos balne\u00e1rios dos arredores<\/strong>.<\/p>\n\n\n\n<figure data-wp-context=\"{&quot;imageId&quot;:&quot;6a9c2ebc4677d&quot;}\" data-wp-interactive=\"core\/image\" data-wp-key=\"6a9c2ebc4677d\" class=\"wp-block-image size-full wp-lightbox-container\"><img decoding=\"async\" width=\"1800\" height=\"1355\" data-wp-class--hide=\"state.isContentHidden\" data-wp-class--show=\"state.isContentVisible\" data-wp-init=\"callbacks.setButtonStyles\" data-wp-on--click=\"actions.showLightbox\" data-wp-on--load=\"callbacks.setButtonStyles\" data-wp-on--pointerdown=\"actions.preloadImage\" data-wp-on--pointerenter=\"actions.preloadImageWithDelay\" data-wp-on--pointerleave=\"actions.cancelPreload\" data-wp-on-window--resize=\"callbacks.setButtonStyles\" src=\"https:\/\/loudavymkrokem.cz\/wp-content\/uploads\/2026\/08\/bulharsko-research-varna-20-7df8a708.jpg\" alt=\"Parque-museu de Vladislav Varnenchik em Varna\" class=\"wp-image-407795\" title=\"\" srcset=\"https:\/\/loudavymkrokem.cz\/wp-content\/uploads\/2026\/08\/bulharsko-research-varna-20-7df8a708.jpg 1800w, https:\/\/loudavymkrokem.cz\/wp-content\/uploads\/2026\/08\/bulharsko-research-varna-20-7df8a708-300x226.jpg 300w, https:\/\/loudavymkrokem.cz\/wp-content\/uploads\/2026\/08\/bulharsko-research-varna-20-7df8a708-700x527.jpg 700w, https:\/\/loudavymkrokem.cz\/wp-content\/uploads\/2026\/08\/bulharsko-research-varna-20-7df8a708-768x578.jpg 768w, https:\/\/loudavymkrokem.cz\/wp-content\/uploads\/2026\/08\/bulharsko-research-varna-20-7df8a708-1536x1156.jpg 1536w, https:\/\/loudavymkrokem.cz\/wp-content\/uploads\/2026\/08\/bulharsko-research-varna-20-7df8a708-80x60.jpg 80w, https:\/\/loudavymkrokem.cz\/wp-content\/uploads\/2026\/08\/bulharsko-research-varna-20-7df8a708-160x120.jpg 160w, https:\/\/loudavymkrokem.cz\/wp-content\/uploads\/2026\/08\/bulharsko-research-varna-20-7df8a708-696x524.jpg 696w, https:\/\/loudavymkrokem.cz\/wp-content\/uploads\/2026\/08\/bulharsko-research-varna-20-7df8a708-1392x1048.jpg 1392w\" sizes=\"(max-width: 1800px) 100vw, 1800px\" \/><button\n\t\t\tclass=\"lightbox-trigger\"\n\t\t\ttype=\"button\"\n\t\t\taria-haspopup=\"dialog\"\n\t\t\tdata-wp-bind--aria-label=\"state.thisImage.triggerButtonAriaLabel\"\n\t\t\tdata-wp-init=\"callbacks.initTriggerButton\"\n\t\t\tdata-wp-on--click=\"actions.showLightbox\"\n\t\t\tdata-wp-style--right=\"state.thisImage.buttonRight\"\n\t\t\tdata-wp-style--top=\"state.thisImage.buttonTop\"\n\t\t>\n\t\t\t<svg xmlns=\"http:\/\/www.w3.org\/2000\/svg\" width=\"12\" height=\"12\" fill=\"none\" viewBox=\"0 0 12 12\">\n\t\t\t\t<path fill=\"#fff\" d=\"M2 0a2 2 0 0 0-2 2v2h1.5V2a.5.5 0 0 1 .5-.5h2V0H2Zm2 10.5H2a.5.5 0 0 1-.5-.5V8H0v2a2 2 0 0 0 2 2h2v-1.5ZM8 12v-1.5h2a.5.5 0 0 0 .5-.5V8H12v2a2 2 0 0 1-2 2H8Zm2-12a2 2 0 0 1 2 2v2h-1.5V2a.5.5 0 0 0-.5-.5H8V0h2Z\" \/>\n\t\t\t<\/svg>\n\t\t<\/button><figcaption class=\"wp-element-caption\">Foto: Micha\u0142 Derela, CC BY-SA 4.0 (Wikimedia Commons)<\/figcaption><\/figure>\n\n\n\n<h3 class=\"wp-block-heading\"><span class=\"ez-toc-section\" id=\"14_Parque-museu_de_Vladislav_Varnenchik\"><\/span>14. Parque-museu de Vladislav Varnenchik<span class=\"ez-toc-section-end\"><\/span><\/h3>\n\n\n\n<p class=\"wp-block-paragraph\">Este parque de trinta hectares fica exatamente no local do sangrento campo de batalha de 10 de novembro de 1444, onde os ex\u00e9rcitos da alian\u00e7a crist\u00e3 sucumbiram \u00e0 superioridade otomana. Na batalha caiu o jovem rei polon\u00eas e h\u00fangaro Vladislau III, que tinha apenas vinte anos e, por causa deste lugar, ganhou o ep\u00edteto de Varnenchik. Na batalha lutaram tamb\u00e9m <strong>mercen\u00e1rios tchecos e rutenos<\/strong>, que usaram aqui na defesa a tradicional muralha de carro\u00e7as hussita equipada com bombardas. \ud83d\udca1 <strong>Dica:<\/strong> o corpo do jovem rei nunca foi encontrado. Por isso, o parque abriga um mausol\u00e9u simb\u00f3lico constru\u00eddo num t\u00famulo tr\u00e1cio abandonado. A entrada custa 4,09 \u20ac, e algumas pe\u00e7as foram doadas diretamente por museus europeus.<\/p>\n\n\n\n<figure data-wp-context=\"{&quot;imageId&quot;:&quot;6a9c2ebc46d35&quot;}\" data-wp-interactive=\"core\/image\" data-wp-key=\"6a9c2ebc46d35\" class=\"wp-block-image size-full wp-lightbox-container\"><img decoding=\"async\" width=\"1800\" height=\"1350\" data-wp-class--hide=\"state.isContentHidden\" data-wp-class--show=\"state.isContentVisible\" data-wp-init=\"callbacks.setButtonStyles\" data-wp-on--click=\"actions.showLightbox\" data-wp-on--load=\"callbacks.setButtonStyles\" data-wp-on--pointerdown=\"actions.preloadImage\" data-wp-on--pointerenter=\"actions.preloadImageWithDelay\" data-wp-on--pointerleave=\"actions.cancelPreload\" data-wp-on-window--resize=\"callbacks.setButtonStyles\" src=\"https:\/\/loudavymkrokem.cz\/wp-content\/uploads\/2026\/08\/bulharsko-research-varna-21-f5e596df.jpg\" alt=\"Larga praia de areia no bairro Asparuhovo, em Varna\" class=\"wp-image-407796\" title=\"\" srcset=\"https:\/\/loudavymkrokem.cz\/wp-content\/uploads\/2026\/08\/bulharsko-research-varna-21-f5e596df.jpg 1800w, https:\/\/loudavymkrokem.cz\/wp-content\/uploads\/2026\/08\/bulharsko-research-varna-21-f5e596df-300x225.jpg 300w, https:\/\/loudavymkrokem.cz\/wp-content\/uploads\/2026\/08\/bulharsko-research-varna-21-f5e596df-700x525.jpg 700w, https:\/\/loudavymkrokem.cz\/wp-content\/uploads\/2026\/08\/bulharsko-research-varna-21-f5e596df-768x576.jpg 768w, https:\/\/loudavymkrokem.cz\/wp-content\/uploads\/2026\/08\/bulharsko-research-varna-21-f5e596df-1536x1152.jpg 1536w, https:\/\/loudavymkrokem.cz\/wp-content\/uploads\/2026\/08\/bulharsko-research-varna-21-f5e596df-80x60.jpg 80w, https:\/\/loudavymkrokem.cz\/wp-content\/uploads\/2026\/08\/bulharsko-research-varna-21-f5e596df-160x120.jpg 160w, https:\/\/loudavymkrokem.cz\/wp-content\/uploads\/2026\/08\/bulharsko-research-varna-21-f5e596df-696x522.jpg 696w, https:\/\/loudavymkrokem.cz\/wp-content\/uploads\/2026\/08\/bulharsko-research-varna-21-f5e596df-1392x1044.jpg 1392w\" sizes=\"(max-width: 1800px) 100vw, 1800px\" \/><button\n\t\t\tclass=\"lightbox-trigger\"\n\t\t\ttype=\"button\"\n\t\t\taria-haspopup=\"dialog\"\n\t\t\tdata-wp-bind--aria-label=\"state.thisImage.triggerButtonAriaLabel\"\n\t\t\tdata-wp-init=\"callbacks.initTriggerButton\"\n\t\t\tdata-wp-on--click=\"actions.showLightbox\"\n\t\t\tdata-wp-style--right=\"state.thisImage.buttonRight\"\n\t\t\tdata-wp-style--top=\"state.thisImage.buttonTop\"\n\t\t>\n\t\t\t<svg xmlns=\"http:\/\/www.w3.org\/2000\/svg\" width=\"12\" height=\"12\" fill=\"none\" viewBox=\"0 0 12 12\">\n\t\t\t\t<path fill=\"#fff\" d=\"M2 0a2 2 0 0 0-2 2v2h1.5V2a.5.5 0 0 1 .5-.5h2V0H2Zm2 10.5H2a.5.5 0 0 1-.5-.5V8H0v2a2 2 0 0 0 2 2h2v-1.5ZM8 12v-1.5h2a.5.5 0 0 0 .5-.5V8H12v2a2 2 0 0 1-2 2H8Zm2-12a2 2 0 0 1 2 2v2h-1.5V2a.5.5 0 0 0-.5-.5H8V0h2Z\" \/>\n\t\t\t<\/svg>\n\t\t<\/button><figcaption class=\"wp-element-caption\">Foto: Dobrin Gueorguiev (Google Maps)<\/figcaption><\/figure>\n\n\n\n<h3 class=\"wp-block-heading\"><span class=\"ez-toc-section\" id=\"15_Praia_de_Asparuhovo\"><\/span>15. Praia de Asparuhovo<span class=\"ez-toc-section-end\"><\/span><\/h3>\n\n\n\n<p class=\"wp-block-paragraph\">Se o agito das praias centrais te cansa, atravesse a grande ponte em dire\u00e7\u00e3o ao sul, at\u00e9 o bairro de Asparuhovo. A praia daqui tem <strong>mais de um quil\u00f4metro de comprimento e, em alguns pontos, at\u00e9 cem metros de largura<\/strong>. N\u00e3o \u00e9 nada procurada pelo turismo de massa e oferece areia lindamente fina, tranquilidade e bastante verde. H\u00e1 tempos \u00e9 uma das mais limpas de toda a cidade. Asparuhovo tem tamb\u00e9m uma pegada tcheca inesperada. Aqui est\u00e1 enterrado <strong>Hermenegild \u0160korpil<\/strong> (1858 \u2013 1923 Varna), naturalista e irm\u00e3o de Karel \u0160korpil, com quem fundou o Museu Arqueol\u00f3gico de Varna. Ele descansa justamente no s\u00edtio arqueol\u00f3gico que ele mesmo estudou. \ud83d\udca1 <strong>Dica:<\/strong> \u00e9 em Asparuhovo que est\u00e3o os restaurantes de peixe mais baratos e mais bem avaliados, onde comem principalmente os moradores locais.<\/p>\n\n\n\n<figure data-wp-context=\"{&quot;imageId&quot;:&quot;6a9c2ebc471ea&quot;}\" data-wp-interactive=\"core\/image\" data-wp-key=\"6a9c2ebc471ea\" class=\"wp-block-image size-full wp-lightbox-container\"><img decoding=\"async\" width=\"1800\" height=\"1350\" data-wp-class--hide=\"state.isContentHidden\" data-wp-class--show=\"state.isContentVisible\" data-wp-init=\"callbacks.setButtonStyles\" data-wp-on--click=\"actions.showLightbox\" data-wp-on--load=\"callbacks.setButtonStyles\" data-wp-on--pointerdown=\"actions.preloadImage\" data-wp-on--pointerenter=\"actions.preloadImageWithDelay\" data-wp-on--pointerleave=\"actions.cancelPreload\" data-wp-on-window--resize=\"callbacks.setButtonStyles\" src=\"https:\/\/loudavymkrokem.cz\/wp-content\/uploads\/2026\/08\/bulharsko-research-varna-22-19b9282d.jpg\" alt=\"Praia e hot\u00e9is no balne\u00e1rio Sv. Konstantin e Elena, perto de Varna\" class=\"wp-image-407797\" title=\"\" srcset=\"https:\/\/loudavymkrokem.cz\/wp-content\/uploads\/2026\/08\/bulharsko-research-varna-22-19b9282d.jpg 1800w, https:\/\/loudavymkrokem.cz\/wp-content\/uploads\/2026\/08\/bulharsko-research-varna-22-19b9282d-300x225.jpg 300w, https:\/\/loudavymkrokem.cz\/wp-content\/uploads\/2026\/08\/bulharsko-research-varna-22-19b9282d-700x525.jpg 700w, https:\/\/loudavymkrokem.cz\/wp-content\/uploads\/2026\/08\/bulharsko-research-varna-22-19b9282d-768x576.jpg 768w, https:\/\/loudavymkrokem.cz\/wp-content\/uploads\/2026\/08\/bulharsko-research-varna-22-19b9282d-1536x1152.jpg 1536w, https:\/\/loudavymkrokem.cz\/wp-content\/uploads\/2026\/08\/bulharsko-research-varna-22-19b9282d-80x60.jpg 80w, https:\/\/loudavymkrokem.cz\/wp-content\/uploads\/2026\/08\/bulharsko-research-varna-22-19b9282d-160x120.jpg 160w, https:\/\/loudavymkrokem.cz\/wp-content\/uploads\/2026\/08\/bulharsko-research-varna-22-19b9282d-696x522.jpg 696w, https:\/\/loudavymkrokem.cz\/wp-content\/uploads\/2026\/08\/bulharsko-research-varna-22-19b9282d-1392x1044.jpg 1392w\" sizes=\"(max-width: 1800px) 100vw, 1800px\" \/><button\n\t\t\tclass=\"lightbox-trigger\"\n\t\t\ttype=\"button\"\n\t\t\taria-haspopup=\"dialog\"\n\t\t\tdata-wp-bind--aria-label=\"state.thisImage.triggerButtonAriaLabel\"\n\t\t\tdata-wp-init=\"callbacks.initTriggerButton\"\n\t\t\tdata-wp-on--click=\"actions.showLightbox\"\n\t\t\tdata-wp-style--right=\"state.thisImage.buttonRight\"\n\t\t\tdata-wp-style--top=\"state.thisImage.buttonTop\"\n\t\t>\n\t\t\t<svg xmlns=\"http:\/\/www.w3.org\/2000\/svg\" width=\"12\" height=\"12\" fill=\"none\" viewBox=\"0 0 12 12\">\n\t\t\t\t<path fill=\"#fff\" d=\"M2 0a2 2 0 0 0-2 2v2h1.5V2a.5.5 0 0 1 .5-.5h2V0H2Zm2 10.5H2a.5.5 0 0 1-.5-.5V8H0v2a2 2 0 0 0 2 2h2v-1.5ZM8 12v-1.5h2a.5.5 0 0 0 .5-.5V8H12v2a2 2 0 0 1-2 2H8Zm2-12a2 2 0 0 1 2 2v2h-1.5V2a.5.5 0 0 0-.5-.5H8V0h2Z\" \/>\n\t\t\t<\/svg>\n\t\t<\/button><figcaption class=\"wp-element-caption\">Foto: Mariana Negrea (Google Maps)<\/figcaption><\/figure>\n\n\n\n<h3 class=\"wp-block-heading\"><span class=\"ez-toc-section\" id=\"16_Sv_Konstantin_e_Elena\"><\/span>16. Sv. Konstantin e Elena<span class=\"ez-toc-section-end\"><\/span><\/h3>\n\n\n\n<p class=\"wp-block-paragraph\">A apenas 9 quil\u00f4metros ao norte do centro fica o mais antigo balne\u00e1rio litor\u00e2neo da Bulg\u00e1ria. Antes se chamava Druzhba e hoje \u00e9 famoso sobretudo por suas fontes termais. Aqui voc\u00ea encontra o amplo Aquahouse Thermal &#038; Beach, com quatorze piscinas e \u00e1gua aquecida a at\u00e9 42 \u00b0C. O balne\u00e1rio \u00e9 cercado por parques verdes e oferece uma paz enorme. \ud83d\udca1 <strong>Dica:<\/strong> a qualidade dos servi\u00e7os daqui \u00e9 t\u00e3o alta que o hotel local Ensana Aquahouse se tornou, em agosto de 2026, o <strong>primeiro hotel de Varna inclu\u00eddo no prestigiado Guia Michelin<\/strong> (enquanto a capital, Sofia, n\u00e3o tem nenhum at\u00e9 hoje).<\/p>\n\n\n\n<figure data-wp-context=\"{&quot;imageId&quot;:&quot;6a9c2ebc4762e&quot;}\" data-wp-interactive=\"core\/image\" data-wp-key=\"6a9c2ebc4762e\" class=\"wp-block-image size-full wp-lightbox-container\"><img decoding=\"async\" width=\"1800\" height=\"1350\" data-wp-class--hide=\"state.isContentHidden\" data-wp-class--show=\"state.isContentVisible\" data-wp-init=\"callbacks.setButtonStyles\" data-wp-on--click=\"actions.showLightbox\" data-wp-on--load=\"callbacks.setButtonStyles\" data-wp-on--pointerdown=\"actions.preloadImage\" data-wp-on--pointerenter=\"actions.preloadImageWithDelay\" data-wp-on--pointerleave=\"actions.cancelPreload\" data-wp-on-window--resize=\"callbacks.setButtonStyles\" src=\"https:\/\/loudavymkrokem.cz\/wp-content\/uploads\/2026\/08\/bulharsko-research-varna-23-e2205d32.jpg\" alt=\"Maci\u00e7o rochoso perto de Madara, onde est\u00e1 esculpido o Cavaleiro de Madara\" class=\"wp-image-407798\" title=\"\" srcset=\"https:\/\/loudavymkrokem.cz\/wp-content\/uploads\/2026\/08\/bulharsko-research-varna-23-e2205d32.jpg 1800w, https:\/\/loudavymkrokem.cz\/wp-content\/uploads\/2026\/08\/bulharsko-research-varna-23-e2205d32-300x225.jpg 300w, https:\/\/loudavymkrokem.cz\/wp-content\/uploads\/2026\/08\/bulharsko-research-varna-23-e2205d32-700x525.jpg 700w, https:\/\/loudavymkrokem.cz\/wp-content\/uploads\/2026\/08\/bulharsko-research-varna-23-e2205d32-768x576.jpg 768w, https:\/\/loudavymkrokem.cz\/wp-content\/uploads\/2026\/08\/bulharsko-research-varna-23-e2205d32-1536x1152.jpg 1536w, https:\/\/loudavymkrokem.cz\/wp-content\/uploads\/2026\/08\/bulharsko-research-varna-23-e2205d32-80x60.jpg 80w, https:\/\/loudavymkrokem.cz\/wp-content\/uploads\/2026\/08\/bulharsko-research-varna-23-e2205d32-160x120.jpg 160w, https:\/\/loudavymkrokem.cz\/wp-content\/uploads\/2026\/08\/bulharsko-research-varna-23-e2205d32-696x522.jpg 696w, https:\/\/loudavymkrokem.cz\/wp-content\/uploads\/2026\/08\/bulharsko-research-varna-23-e2205d32-1392x1044.jpg 1392w\" sizes=\"(max-width: 1800px) 100vw, 1800px\" \/><button\n\t\t\tclass=\"lightbox-trigger\"\n\t\t\ttype=\"button\"\n\t\t\taria-haspopup=\"dialog\"\n\t\t\tdata-wp-bind--aria-label=\"state.thisImage.triggerButtonAriaLabel\"\n\t\t\tdata-wp-init=\"callbacks.initTriggerButton\"\n\t\t\tdata-wp-on--click=\"actions.showLightbox\"\n\t\t\tdata-wp-style--right=\"state.thisImage.buttonRight\"\n\t\t\tdata-wp-style--top=\"state.thisImage.buttonTop\"\n\t\t>\n\t\t\t<svg xmlns=\"http:\/\/www.w3.org\/2000\/svg\" width=\"12\" height=\"12\" fill=\"none\" viewBox=\"0 0 12 12\">\n\t\t\t\t<path fill=\"#fff\" d=\"M2 0a2 2 0 0 0-2 2v2h1.5V2a.5.5 0 0 1 .5-.5h2V0H2Zm2 10.5H2a.5.5 0 0 1-.5-.5V8H0v2a2 2 0 0 0 2 2h2v-1.5ZM8 12v-1.5h2a.5.5 0 0 0 .5-.5V8H12v2a2 2 0 0 1-2 2H8Zm2-12a2 2 0 0 1 2 2v2h-1.5V2a.5.5 0 0 0-.5-.5H8V0h2Z\" \/>\n\t\t\t<\/svg>\n\t\t<\/button><figcaption class=\"wp-element-caption\">Foto: valeri mladenov (Google Maps)<\/figcaption><\/figure>\n\n\n\n<h2 class=\"wp-block-heading\"><span class=\"ez-toc-section\" id=\"Passeios_a_partir_de_Varna\"><\/span>Passeios a partir de Varna<span class=\"ez-toc-section-end\"><\/span><\/h2>\n\n\n\n<p class=\"wp-block-paragraph\">Depois de conhecer a cidade em si, vale a pena <strong>alugar um carro<\/strong>. Os arredores de Varna escondem <strong>fen\u00f4menos naturais e monumentos<\/strong> que n\u00e3o t\u00eam igual na Europa.<\/p>\n\n\n\n<figure data-wp-context=\"{&quot;imageId&quot;:&quot;6a9c2ebc47b12&quot;}\" data-wp-interactive=\"core\/image\" data-wp-key=\"6a9c2ebc47b12\" class=\"wp-block-image size-full wp-lightbox-container\"><img decoding=\"async\" width=\"1800\" height=\"1200\" data-wp-class--hide=\"state.isContentHidden\" data-wp-class--show=\"state.isContentVisible\" data-wp-init=\"callbacks.setButtonStyles\" data-wp-on--click=\"actions.showLightbox\" data-wp-on--load=\"callbacks.setButtonStyles\" data-wp-on--pointerdown=\"actions.preloadImage\" data-wp-on--pointerenter=\"actions.preloadImageWithDelay\" data-wp-on--pointerleave=\"actions.cancelPreload\" data-wp-on-window--resize=\"callbacks.setButtonStyles\" src=\"https:\/\/loudavymkrokem.cz\/wp-content\/uploads\/2026\/08\/bulharsko-research-varna-24-368732fd.jpg\" alt=\"Pal\u00e1cio e jardim bot\u00e2nico em Balchik\" class=\"wp-image-407799\" title=\"\" srcset=\"https:\/\/loudavymkrokem.cz\/wp-content\/uploads\/2026\/08\/bulharsko-research-varna-24-368732fd.jpg 1800w, https:\/\/loudavymkrokem.cz\/wp-content\/uploads\/2026\/08\/bulharsko-research-varna-24-368732fd-300x200.jpg 300w, https:\/\/loudavymkrokem.cz\/wp-content\/uploads\/2026\/08\/bulharsko-research-varna-24-368732fd-700x467.jpg 700w, https:\/\/loudavymkrokem.cz\/wp-content\/uploads\/2026\/08\/bulharsko-research-varna-24-368732fd-768x512.jpg 768w, https:\/\/loudavymkrokem.cz\/wp-content\/uploads\/2026\/08\/bulharsko-research-varna-24-368732fd-1536x1024.jpg 1536w, https:\/\/loudavymkrokem.cz\/wp-content\/uploads\/2026\/08\/bulharsko-research-varna-24-368732fd-696x464.jpg 696w, https:\/\/loudavymkrokem.cz\/wp-content\/uploads\/2026\/08\/bulharsko-research-varna-24-368732fd-1392x928.jpg 1392w\" sizes=\"(max-width: 1800px) 100vw, 1800px\" \/><button\n\t\t\tclass=\"lightbox-trigger\"\n\t\t\ttype=\"button\"\n\t\t\taria-haspopup=\"dialog\"\n\t\t\tdata-wp-bind--aria-label=\"state.thisImage.triggerButtonAriaLabel\"\n\t\t\tdata-wp-init=\"callbacks.initTriggerButton\"\n\t\t\tdata-wp-on--click=\"actions.showLightbox\"\n\t\t\tdata-wp-style--right=\"state.thisImage.buttonRight\"\n\t\t\tdata-wp-style--top=\"state.thisImage.buttonTop\"\n\t\t>\n\t\t\t<svg xmlns=\"http:\/\/www.w3.org\/2000\/svg\" width=\"12\" height=\"12\" fill=\"none\" viewBox=\"0 0 12 12\">\n\t\t\t\t<path fill=\"#fff\" d=\"M2 0a2 2 0 0 0-2 2v2h1.5V2a.5.5 0 0 1 .5-.5h2V0H2Zm2 10.5H2a.5.5 0 0 1-.5-.5V8H0v2a2 2 0 0 0 2 2h2v-1.5ZM8 12v-1.5h2a.5.5 0 0 0 .5-.5V8H12v2a2 2 0 0 1-2 2H8Zm2-12a2 2 0 0 1 2 2v2h-1.5V2a.5.5 0 0 0-.5-.5H8V0h2Z\" \/>\n\t\t\t<\/svg>\n\t\t<\/button><figcaption class=\"wp-element-caption\">Foto: Dan Kollmann, CC BY-SA 4.0 (Wikimedia Commons)<\/figcaption><\/figure>\n\n\n\n<h3 class=\"wp-block-heading\"><span class=\"ez-toc-section\" id=\"17_Palacio_e_Jardins_de_Balchik\"><\/span>17. Pal\u00e1cio e Jardins de Balchik<span class=\"ez-toc-section-end\"><\/span><\/h3>\n\n\n\n<p class=\"wp-block-paragraph\">A cerca de 40 minutos de carro ao norte de Varna fica a charmosa cidadezinha de Balchik. A rainha Maria da Rom\u00eania se apaixonou tanto por ela que mandou construir aqui uma resid\u00eancia de ver\u00e3o, \u00e0 qual chamava de Ninho Silencioso. A vila \u00e9 cercada por um jardim bot\u00e2nico absolutamente deslumbrante, que desce em terra\u00e7os at\u00e9 o mar. Sua vasta cole\u00e7\u00e3o de cactos costuma ser apontada nos guias como uma das maiores da Europa. \ud83d\udca1 <strong>Dica:<\/strong> <strong>n\u00e3o existe ingresso combinado!<\/strong> Voc\u00ea tem de comprar separadamente a entrada do pal\u00e1cio (10 \u20ac) e a dos jardins (10 \u20ac). Cuidado com os descontos para crian\u00e7as: enquanto no pal\u00e1cio as crian\u00e7as entram gr\u00e1tis at\u00e9 os 6 anos, o jardim s\u00f3 \u00e9 gratuito at\u00e9 os 4 anos.<\/p>\n\n\n\n<figure data-wp-context=\"{&quot;imageId&quot;:&quot;6a9c2ebc47fa3&quot;}\" data-wp-interactive=\"core\/image\" data-wp-key=\"6a9c2ebc47fa3\" class=\"wp-block-image size-full wp-lightbox-container\"><img decoding=\"async\" width=\"1800\" height=\"1080\" data-wp-class--hide=\"state.isContentHidden\" data-wp-class--show=\"state.isContentVisible\" data-wp-init=\"callbacks.setButtonStyles\" data-wp-on--click=\"actions.showLightbox\" data-wp-on--load=\"callbacks.setButtonStyles\" data-wp-on--pointerdown=\"actions.preloadImage\" data-wp-on--pointerenter=\"actions.preloadImageWithDelay\" data-wp-on--pointerleave=\"actions.cancelPreload\" data-wp-on-window--resize=\"callbacks.setButtonStyles\" src=\"https:\/\/loudavymkrokem.cz\/wp-content\/uploads\/2026\/08\/bulharsko-research-varna-25-5c253189.jpg\" alt=\"Fal\u00e9sias do cabo Kaliakra\" class=\"wp-image-407800\" title=\"\" srcset=\"https:\/\/loudavymkrokem.cz\/wp-content\/uploads\/2026\/08\/bulharsko-research-varna-25-5c253189.jpg 1800w, https:\/\/loudavymkrokem.cz\/wp-content\/uploads\/2026\/08\/bulharsko-research-varna-25-5c253189-300x180.jpg 300w, https:\/\/loudavymkrokem.cz\/wp-content\/uploads\/2026\/08\/bulharsko-research-varna-25-5c253189-700x420.jpg 700w, https:\/\/loudavymkrokem.cz\/wp-content\/uploads\/2026\/08\/bulharsko-research-varna-25-5c253189-768x461.jpg 768w, https:\/\/loudavymkrokem.cz\/wp-content\/uploads\/2026\/08\/bulharsko-research-varna-25-5c253189-1536x922.jpg 1536w, https:\/\/loudavymkrokem.cz\/wp-content\/uploads\/2026\/08\/bulharsko-research-varna-25-5c253189-696x418.jpg 696w, https:\/\/loudavymkrokem.cz\/wp-content\/uploads\/2026\/08\/bulharsko-research-varna-25-5c253189-1392x835.jpg 1392w\" sizes=\"(max-width: 1800px) 100vw, 1800px\" \/><button\n\t\t\tclass=\"lightbox-trigger\"\n\t\t\ttype=\"button\"\n\t\t\taria-haspopup=\"dialog\"\n\t\t\tdata-wp-bind--aria-label=\"state.thisImage.triggerButtonAriaLabel\"\n\t\t\tdata-wp-init=\"callbacks.initTriggerButton\"\n\t\t\tdata-wp-on--click=\"actions.showLightbox\"\n\t\t\tdata-wp-style--right=\"state.thisImage.buttonRight\"\n\t\t\tdata-wp-style--top=\"state.thisImage.buttonTop\"\n\t\t>\n\t\t\t<svg xmlns=\"http:\/\/www.w3.org\/2000\/svg\" width=\"12\" height=\"12\" fill=\"none\" viewBox=\"0 0 12 12\">\n\t\t\t\t<path fill=\"#fff\" d=\"M2 0a2 2 0 0 0-2 2v2h1.5V2a.5.5 0 0 1 .5-.5h2V0H2Zm2 10.5H2a.5.5 0 0 1-.5-.5V8H0v2a2 2 0 0 0 2 2h2v-1.5ZM8 12v-1.5h2a.5.5 0 0 0 .5-.5V8H12v2a2 2 0 0 1-2 2H8Zm2-12a2 2 0 0 1 2 2v2h-1.5V2a.5.5 0 0 0-.5-.5H8V0h2Z\" \/>\n\t\t\t<\/svg>\n\t\t<\/button><figcaption class=\"wp-element-caption\">Foto: Dan Kollmann, CC BY-SA 4.0 (Wikimedia Commons)<\/figcaption><\/figure>\n\n\n\n<h3 class=\"wp-block-heading\"><span class=\"ez-toc-section\" id=\"18_Cabo_Kaliakra\"><\/span>18. Cabo Kaliakra<span class=\"ez-toc-section-end\"><\/span><\/h3>\n\n\n\n<p class=\"wp-block-paragraph\">Um pouco depois de Balchik, um promont\u00f3rio rochoso de dois quil\u00f4metros avan\u00e7a pelo mar: o cabo Kaliakra. Fal\u00e9sias avermelhadas de at\u00e9 70 metros de altura despencam a pique sobre as ondas, criando um dos lugares mais fotog\u00eanicos do litoral b\u00falgaro. O local tem uma hist\u00f3ria rica, do assentamento tr\u00e1cio at\u00e9 a capital do medieval Despotado de Dobrudja. Segundo a lenda, dessas fal\u00e9sias saltaram 40 donzelas com os cabelos amarrados uns aos outros, para n\u00e3o ca\u00edrem no cativeiro otomano. \ud83d\udca1 <strong>Dica:<\/strong> a entrada na \u00e1rea custa, segundo os visitantes, cerca de 3 \u20ac. Sem carro \u00e9 muito dif\u00edcil chegar at\u00e9 aqui: o \u00f4nibus sai de Varna apenas at\u00e9 Kavarna e o resto voc\u00ea tem que fazer de t\u00e1xi. Fique de olho, pois das fal\u00e9sias \u00e9 comum avistar golfinhos.<\/p>\n\n\n\n<figure data-wp-context=\"{&quot;imageId&quot;:&quot;6a9c2ebc4854f&quot;}\" data-wp-interactive=\"core\/image\" data-wp-key=\"6a9c2ebc4854f\" class=\"wp-block-image size-full wp-lightbox-container\"><img decoding=\"async\" width=\"1800\" height=\"1350\" data-wp-class--hide=\"state.isContentHidden\" data-wp-class--show=\"state.isContentVisible\" data-wp-init=\"callbacks.setButtonStyles\" data-wp-on--click=\"actions.showLightbox\" data-wp-on--load=\"callbacks.setButtonStyles\" data-wp-on--pointerdown=\"actions.preloadImage\" data-wp-on--pointerenter=\"actions.preloadImageWithDelay\" data-wp-on--pointerleave=\"actions.cancelPreload\" data-wp-on-window--resize=\"callbacks.setButtonStyles\" src=\"https:\/\/loudavymkrokem.cz\/wp-content\/uploads\/2026\/08\/bulharsko-research-varna-26-0919ed51.jpg\" alt=\"Mosteiro rupestre de Aladzha, perto de Varna\" class=\"wp-image-407801\" title=\"\" srcset=\"https:\/\/loudavymkrokem.cz\/wp-content\/uploads\/2026\/08\/bulharsko-research-varna-26-0919ed51.jpg 1800w, https:\/\/loudavymkrokem.cz\/wp-content\/uploads\/2026\/08\/bulharsko-research-varna-26-0919ed51-300x225.jpg 300w, https:\/\/loudavymkrokem.cz\/wp-content\/uploads\/2026\/08\/bulharsko-research-varna-26-0919ed51-700x525.jpg 700w, https:\/\/loudavymkrokem.cz\/wp-content\/uploads\/2026\/08\/bulharsko-research-varna-26-0919ed51-768x576.jpg 768w, https:\/\/loudavymkrokem.cz\/wp-content\/uploads\/2026\/08\/bulharsko-research-varna-26-0919ed51-1536x1152.jpg 1536w, https:\/\/loudavymkrokem.cz\/wp-content\/uploads\/2026\/08\/bulharsko-research-varna-26-0919ed51-80x60.jpg 80w, https:\/\/loudavymkrokem.cz\/wp-content\/uploads\/2026\/08\/bulharsko-research-varna-26-0919ed51-160x120.jpg 160w, https:\/\/loudavymkrokem.cz\/wp-content\/uploads\/2026\/08\/bulharsko-research-varna-26-0919ed51-696x522.jpg 696w, https:\/\/loudavymkrokem.cz\/wp-content\/uploads\/2026\/08\/bulharsko-research-varna-26-0919ed51-1392x1044.jpg 1392w\" sizes=\"(max-width: 1800px) 100vw, 1800px\" \/><button\n\t\t\tclass=\"lightbox-trigger\"\n\t\t\ttype=\"button\"\n\t\t\taria-haspopup=\"dialog\"\n\t\t\tdata-wp-bind--aria-label=\"state.thisImage.triggerButtonAriaLabel\"\n\t\t\tdata-wp-init=\"callbacks.initTriggerButton\"\n\t\t\tdata-wp-on--click=\"actions.showLightbox\"\n\t\t\tdata-wp-style--right=\"state.thisImage.buttonRight\"\n\t\t\tdata-wp-style--top=\"state.thisImage.buttonTop\"\n\t\t>\n\t\t\t<svg xmlns=\"http:\/\/www.w3.org\/2000\/svg\" width=\"12\" height=\"12\" fill=\"none\" viewBox=\"0 0 12 12\">\n\t\t\t\t<path fill=\"#fff\" d=\"M2 0a2 2 0 0 0-2 2v2h1.5V2a.5.5 0 0 1 .5-.5h2V0H2Zm2 10.5H2a.5.5 0 0 1-.5-.5V8H0v2a2 2 0 0 0 2 2h2v-1.5ZM8 12v-1.5h2a.5.5 0 0 0 .5-.5V8H12v2a2 2 0 0 1-2 2H8Zm2-12a2 2 0 0 1 2 2v2h-1.5V2a.5.5 0 0 0-.5-.5H8V0h2Z\" \/>\n\t\t\t<\/svg>\n\t\t<\/button><figcaption class=\"wp-element-caption\">Foto: Utilizator:\u021aetcu Mircea Rare\u0219 at ro.wikipedia, CC BY-SA 2.5 (Wikimedia Commons)<\/figcaption><\/figure>\n\n\n\n<h3 class=\"wp-block-heading\"><span class=\"ez-toc-section\" id=\"19_Mosteiro_de_Aladzha\"><\/span>19. Mosteiro de Aladzha<span class=\"ez-toc-section-end\"><\/span><\/h3>\n\n\n\n<p class=\"wp-block-paragraph\">A apenas 16 quil\u00f4metros de Varna, num penhasco de calc\u00e1rio de 40 metros de altura, esconde-se um mosteiro rupestre medieval. Entre os s\u00e9culos XII e XIV viveu aqui uma comunidade mon\u00e1stica hesicasta, que esculpiu suas celas e capelas diretamente na rocha, em dois n\u00edveis de altura. O nome vem de uma palavra turca que significa &#8220;colorido&#8221;, em refer\u00eancia aos afrescos coloridos hoje j\u00e1 destru\u00eddos. \ud83d\udca1 <strong>Dica:<\/strong> a entrada custa 5 \u20ac. Se voc\u00ea for a Varna no inverno, risque esse passeio da lista \u2014 <strong>de dezembro a fevereiro o mosteiro fica totalmente fechado<\/strong> ao p\u00fablico.<\/p>\n\n\n\n<figure data-wp-context=\"{&quot;imageId&quot;:&quot;6a9c2ebc489be&quot;}\" data-wp-interactive=\"core\/image\" data-wp-key=\"6a9c2ebc489be\" class=\"wp-block-image size-full wp-lightbox-container\"><img decoding=\"async\" width=\"1800\" height=\"813\" data-wp-class--hide=\"state.isContentHidden\" data-wp-class--show=\"state.isContentVisible\" data-wp-init=\"callbacks.setButtonStyles\" data-wp-on--click=\"actions.showLightbox\" data-wp-on--load=\"callbacks.setButtonStyles\" data-wp-on--pointerdown=\"actions.preloadImage\" data-wp-on--pointerenter=\"actions.preloadImageWithDelay\" data-wp-on--pointerleave=\"actions.cancelPreload\" data-wp-on-window--resize=\"callbacks.setButtonStyles\" src=\"https:\/\/loudavymkrokem.cz\/wp-content\/uploads\/2026\/08\/bulharsko-research-varna-27-1a79dd3a.jpg\" alt=\"Floresta de pedra Pobiti kamani, perto de Varna\" class=\"wp-image-407802\" title=\"\" srcset=\"https:\/\/loudavymkrokem.cz\/wp-content\/uploads\/2026\/08\/bulharsko-research-varna-27-1a79dd3a.jpg 1800w, https:\/\/loudavymkrokem.cz\/wp-content\/uploads\/2026\/08\/bulharsko-research-varna-27-1a79dd3a-300x136.jpg 300w, https:\/\/loudavymkrokem.cz\/wp-content\/uploads\/2026\/08\/bulharsko-research-varna-27-1a79dd3a-700x316.jpg 700w, https:\/\/loudavymkrokem.cz\/wp-content\/uploads\/2026\/08\/bulharsko-research-varna-27-1a79dd3a-768x347.jpg 768w, https:\/\/loudavymkrokem.cz\/wp-content\/uploads\/2026\/08\/bulharsko-research-varna-27-1a79dd3a-1536x694.jpg 1536w, https:\/\/loudavymkrokem.cz\/wp-content\/uploads\/2026\/08\/bulharsko-research-varna-27-1a79dd3a-696x314.jpg 696w, https:\/\/loudavymkrokem.cz\/wp-content\/uploads\/2026\/08\/bulharsko-research-varna-27-1a79dd3a-1392x629.jpg 1392w\" sizes=\"(max-width: 1800px) 100vw, 1800px\" \/><button\n\t\t\tclass=\"lightbox-trigger\"\n\t\t\ttype=\"button\"\n\t\t\taria-haspopup=\"dialog\"\n\t\t\tdata-wp-bind--aria-label=\"state.thisImage.triggerButtonAriaLabel\"\n\t\t\tdata-wp-init=\"callbacks.initTriggerButton\"\n\t\t\tdata-wp-on--click=\"actions.showLightbox\"\n\t\t\tdata-wp-style--right=\"state.thisImage.buttonRight\"\n\t\t\tdata-wp-style--top=\"state.thisImage.buttonTop\"\n\t\t>\n\t\t\t<svg xmlns=\"http:\/\/www.w3.org\/2000\/svg\" width=\"12\" height=\"12\" fill=\"none\" viewBox=\"0 0 12 12\">\n\t\t\t\t<path fill=\"#fff\" d=\"M2 0a2 2 0 0 0-2 2v2h1.5V2a.5.5 0 0 1 .5-.5h2V0H2Zm2 10.5H2a.5.5 0 0 1-.5-.5V8H0v2a2 2 0 0 0 2 2h2v-1.5ZM8 12v-1.5h2a.5.5 0 0 0 .5-.5V8H12v2a2 2 0 0 1-2 2H8Zm2-12a2 2 0 0 1 2 2v2h-1.5V2a.5.5 0 0 0-.5-.5H8V0h2Z\" \/>\n\t\t\t<\/svg>\n\t\t<\/button><figcaption class=\"wp-element-caption\">Foto: Diego Delso, CC BY-SA 4.0 (Wikimedia Commons)<\/figcaption><\/figure>\n\n\n\n<h3 class=\"wp-block-heading\"><span class=\"ez-toc-section\" id=\"20_Pobiti_kamani_e_o_Cavaleiro_de_Madara\"><\/span>20. Pobiti kamani e o Cavaleiro de Madara<span class=\"ez-toc-section-end\"><\/span><\/h3>\n\n\n\n<p class=\"wp-block-paragraph\">A cerca de vinte minutos de carro em dire\u00e7\u00e3o ao interior, voc\u00ea chega \u00e0 Floresta de Pedra (Pobiti kamani). Da paisagem mais seca e arenosa despontam centenas de colunas de pedra de at\u00e9 6 metros de altura. Ningu\u00e9m sabe ao certo, at\u00e9 hoje, como exatamente se formaram, mas as pesquisas modernas tendem \u00e0 teoria de que s\u00e3o chamin\u00e9s petrificadas de um antigo escape de metano do fundo do mar. A entrada custa 3 \u20ac. \ud83d\udca1 <strong>Dica para um passeio de dia inteiro:<\/strong> se voc\u00ea tiver carro, combine Pobiti kamani com uma visita ao <strong>Cavaleiro de Madara<\/strong> (cerca de 75 km de Varna). Esse relevo medieval \u00fanico, esculpido a 23 metros de altura na rocha, \u00e9 Patrim\u00f4nio da UNESCO e o caminho at\u00e9 ele tem cerca de cem metros de desn\u00edvel por escadas. A entrada fica em torno de 3,58 \u20ac.<\/p>\n\n\n\n<figure data-wp-context=\"{&quot;imageId&quot;:&quot;6a9c2ebc48e38&quot;}\" data-wp-interactive=\"core\/image\" data-wp-key=\"6a9c2ebc48e38\" class=\"wp-block-image size-full wp-lightbox-container\"><img decoding=\"async\" width=\"1800\" height=\"1014\" data-wp-class--hide=\"state.isContentHidden\" data-wp-class--show=\"state.isContentVisible\" data-wp-init=\"callbacks.setButtonStyles\" data-wp-on--click=\"actions.showLightbox\" data-wp-on--load=\"callbacks.setButtonStyles\" data-wp-on--pointerdown=\"actions.preloadImage\" data-wp-on--pointerenter=\"actions.preloadImageWithDelay\" data-wp-on--pointerleave=\"actions.cancelPreload\" data-wp-on-window--resize=\"callbacks.setButtonStyles\" src=\"https:\/\/loudavymkrokem.cz\/wp-content\/uploads\/2026\/08\/bulharsko-research-varna-28-8417c058.jpg\" alt=\"Salada shopska, cl\u00e1ssico da culin\u00e1ria b\u00falgara\" class=\"wp-image-407803\" title=\"\" srcset=\"https:\/\/loudavymkrokem.cz\/wp-content\/uploads\/2026\/08\/bulharsko-research-varna-28-8417c058.jpg 1800w, https:\/\/loudavymkrokem.cz\/wp-content\/uploads\/2026\/08\/bulharsko-research-varna-28-8417c058-300x169.jpg 300w, https:\/\/loudavymkrokem.cz\/wp-content\/uploads\/2026\/08\/bulharsko-research-varna-28-8417c058-700x394.jpg 700w, https:\/\/loudavymkrokem.cz\/wp-content\/uploads\/2026\/08\/bulharsko-research-varna-28-8417c058-768x433.jpg 768w, https:\/\/loudavymkrokem.cz\/wp-content\/uploads\/2026\/08\/bulharsko-research-varna-28-8417c058-1536x865.jpg 1536w, https:\/\/loudavymkrokem.cz\/wp-content\/uploads\/2026\/08\/bulharsko-research-varna-28-8417c058-696x392.jpg 696w, https:\/\/loudavymkrokem.cz\/wp-content\/uploads\/2026\/08\/bulharsko-research-varna-28-8417c058-1392x784.jpg 1392w\" sizes=\"(max-width: 1800px) 100vw, 1800px\" \/><button\n\t\t\tclass=\"lightbox-trigger\"\n\t\t\ttype=\"button\"\n\t\t\taria-haspopup=\"dialog\"\n\t\t\tdata-wp-bind--aria-label=\"state.thisImage.triggerButtonAriaLabel\"\n\t\t\tdata-wp-init=\"callbacks.initTriggerButton\"\n\t\t\tdata-wp-on--click=\"actions.showLightbox\"\n\t\t\tdata-wp-style--right=\"state.thisImage.buttonRight\"\n\t\t\tdata-wp-style--top=\"state.thisImage.buttonTop\"\n\t\t>\n\t\t\t<svg xmlns=\"http:\/\/www.w3.org\/2000\/svg\" width=\"12\" height=\"12\" fill=\"none\" viewBox=\"0 0 12 12\">\n\t\t\t\t<path fill=\"#fff\" d=\"M2 0a2 2 0 0 0-2 2v2h1.5V2a.5.5 0 0 1 .5-.5h2V0H2Zm2 10.5H2a.5.5 0 0 1-.5-.5V8H0v2a2 2 0 0 0 2 2h2v-1.5ZM8 12v-1.5h2a.5.5 0 0 0 .5-.5V8H12v2a2 2 0 0 1-2 2H8Zm2-12a2 2 0 0 1 2 2v2h-1.5V2a.5.5 0 0 0-.5-.5H8V0h2Z\" \/>\n\t\t\t<\/svg>\n\t\t<\/button><figcaption class=\"wp-element-caption\">Foto: Viktorija N. Ivanov, CC BY-SA 4.0 (Wikimedia Commons)<\/figcaption><\/figure>\n\n\n\n<h2 class=\"wp-block-heading\"><span class=\"ez-toc-section\" id=\"Onde_comer_em_Varna\"><\/span>Onde comer em Varna<span class=\"ez-toc-section-end\"><\/span><\/h2>\n\n\n\n<p class=\"wp-block-paragraph\">A gastronomia em Varna \u00e9 excelente, mas voc\u00ea precisa saber aonde ir. Uma aposta certeira de longa data para quem ama comida de qualidade \u00e9 a <strong>rede de restaurantes Starija Chinar<\/strong>. Eles t\u00eam cinco unidades pela cidade (as de Port Varna e Cherno More s\u00e3o muito bem avaliadas) e oferecem uma \u00f3tima rela\u00e7\u00e3o custo-benef\u00edcio. Se voc\u00ea quer comer exatamente onde comem os locais do hist\u00f3rico Bairro Grego, v\u00e1 ao <strong>estabelecimento familiar Erato<\/strong>, onde voc\u00ea come por at\u00e9 15 euros. Para caf\u00e9 e caf\u00e9 da manh\u00e3, muito bem avaliados s\u00e3o os caf\u00e9s Blend Coffee e Stretto.<\/p>\n\n\n\n<p class=\"wp-block-paragraph\"><strong>Para vegetarianos, a culin\u00e1ria b\u00falgara \u00e9 bastante amig\u00e1vel, desde que voc\u00ea saiba o que pedir.<\/strong> Procure os cl\u00e1ssicos: <strong>salada shopska, a sopa fria de pepino tarator, o queijo assado sirene po shopski, o mi\u0161-ma\u0161 de legumes ou o kyopoolu de berinjela<\/strong>. O restaurante Starija Chinar tem no card\u00e1pio uma se\u00e7\u00e3o separada de pratos sem carne, onde voc\u00ea encontra deliciosos piment\u00f5es byurek recheados com queijo ou risoto. J\u00e1 as apostas puramente vegetarianas no centro de Varna s\u00e3o os estabelecimentos <strong>SUPA<\/strong> ou <strong>Zhiva priroda<\/strong>. Por outro lado, o restaurante vegano Vege Joy, antes recomendado, j\u00e1 fechou de vez.<\/p>\n\n\n\n<p class=\"wp-block-paragraph\"><strong>Armadilhas gastron\u00f4micas para vegetarianos:<\/strong> n\u00e3o se deixe enganar pelos nomes! O <strong>tarama<\/strong> soa apetitoso, mas \u00e9 uma pasta de ovas de peixe. A <strong>salada ovcharska<\/strong> parece uma salada inocente, mas sempre leva bacon. A popular <strong>musaka<\/strong> balc\u00e2nica, os torrados <strong>princesi<\/strong> e o tradicional <strong>drob sarma<\/strong> s\u00e3o sempre com carne ou mi\u00fados, e suas vers\u00f5es vegetarianas praticamente n\u00e3o s\u00e3o feitas nos restaurantes comuns.<\/p>\n\n\n\n<figure data-wp-context=\"{&quot;imageId&quot;:&quot;6a9c2ebc494f6&quot;}\" data-wp-interactive=\"core\/image\" data-wp-key=\"6a9c2ebc494f6\" class=\"wp-block-image size-full wp-lightbox-container\"><img decoding=\"async\" width=\"1800\" height=\"1199\" data-wp-class--hide=\"state.isContentHidden\" data-wp-class--show=\"state.isContentVisible\" data-wp-init=\"callbacks.setButtonStyles\" data-wp-on--click=\"actions.showLightbox\" data-wp-on--load=\"callbacks.setButtonStyles\" data-wp-on--pointerdown=\"actions.preloadImage\" data-wp-on--pointerenter=\"actions.preloadImageWithDelay\" data-wp-on--pointerleave=\"actions.cancelPreload\" data-wp-on-window--resize=\"callbacks.setButtonStyles\" src=\"https:\/\/loudavymkrokem.cz\/wp-content\/uploads\/2026\/08\/bulharsko-research-varna-29-7619f99e.jpg\" alt=\"Quarto no Grand Hotel London em Varna\" class=\"wp-image-407804\" title=\"\" srcset=\"https:\/\/loudavymkrokem.cz\/wp-content\/uploads\/2026\/08\/bulharsko-research-varna-29-7619f99e.jpg 1800w, https:\/\/loudavymkrokem.cz\/wp-content\/uploads\/2026\/08\/bulharsko-research-varna-29-7619f99e-300x200.jpg 300w, https:\/\/loudavymkrokem.cz\/wp-content\/uploads\/2026\/08\/bulharsko-research-varna-29-7619f99e-700x466.jpg 700w, https:\/\/loudavymkrokem.cz\/wp-content\/uploads\/2026\/08\/bulharsko-research-varna-29-7619f99e-768x512.jpg 768w, https:\/\/loudavymkrokem.cz\/wp-content\/uploads\/2026\/08\/bulharsko-research-varna-29-7619f99e-1536x1023.jpg 1536w, https:\/\/loudavymkrokem.cz\/wp-content\/uploads\/2026\/08\/bulharsko-research-varna-29-7619f99e-696x464.jpg 696w, https:\/\/loudavymkrokem.cz\/wp-content\/uploads\/2026\/08\/bulharsko-research-varna-29-7619f99e-1392x927.jpg 1392w\" sizes=\"(max-width: 1800px) 100vw, 1800px\" \/><button\n\t\t\tclass=\"lightbox-trigger\"\n\t\t\ttype=\"button\"\n\t\t\taria-haspopup=\"dialog\"\n\t\t\tdata-wp-bind--aria-label=\"state.thisImage.triggerButtonAriaLabel\"\n\t\t\tdata-wp-init=\"callbacks.initTriggerButton\"\n\t\t\tdata-wp-on--click=\"actions.showLightbox\"\n\t\t\tdata-wp-style--right=\"state.thisImage.buttonRight\"\n\t\t\tdata-wp-style--top=\"state.thisImage.buttonTop\"\n\t\t>\n\t\t\t<svg xmlns=\"http:\/\/www.w3.org\/2000\/svg\" width=\"12\" height=\"12\" fill=\"none\" viewBox=\"0 0 12 12\">\n\t\t\t\t<path fill=\"#fff\" d=\"M2 0a2 2 0 0 0-2 2v2h1.5V2a.5.5 0 0 1 .5-.5h2V0H2Zm2 10.5H2a.5.5 0 0 1-.5-.5V8H0v2a2 2 0 0 0 2 2h2v-1.5ZM8 12v-1.5h2a.5.5 0 0 0 .5-.5V8H12v2a2 2 0 0 1-2 2H8Zm2-12a2 2 0 0 1 2 2v2h-1.5V2a.5.5 0 0 0-.5-.5H8V0h2Z\" \/>\n\t\t\t<\/svg>\n\t\t<\/button><figcaption class=\"wp-element-caption\">Foto: Grand Hotel London (Google Maps)<\/figcaption><\/figure>\n\n\n\n<h2 class=\"wp-block-heading\"><span class=\"ez-toc-section\" id=\"Onde_se_hospedar_em_Varna\"><\/span>Onde se hospedar em Varna<span class=\"ez-toc-section-end\"><\/span><\/h2>\n\n\n\n<p class=\"wp-block-paragraph\"><em>\ud83d\udca1 Dica de hospedagem e experi\u00eancias: a gente compara as hospedagens do local <a href=\"https:\/\/www.stay22.com\/allez\/roam?aid=lukaskonecny&#038;campaign=loudavymkrokemcz&#038;address=Varna\" target=\"_blank\" rel=\"nofollow noopener sponsored\">aqui<\/a>, para dar pra ver o que est\u00e1 dispon\u00edvel e por quanto. Preferimos procurar no <a href=\"https:\/\/www.booking.com\/searchresults.html?ss=Varna&#038;aid=2397601\" target=\"_blank\" rel=\"nofollow noopener sponsored\">Booking.com<\/a>, que costuma ter as melhores condi\u00e7\u00f5es de cancelamento. J\u00e1 os ingressos, passeios e atividades vale a pena comparar e comprar pelo <a href=\"https:\/\/www.getyourguide.com\/s\/?q=Varna&#038;partner_id=MKZ64IS\" target=\"_blank\" rel=\"nofollow noopener sponsored\">GetYourGuide<\/a>.<\/em><\/p>\n\n\n\n<p class=\"wp-block-paragraph\">Na <strong>hora de escolher a hospedagem<\/strong>, voc\u00ea precisa deixar claro o que espera da estadia. Aqui vai um resumo das <strong>melhores localiza\u00e7\u00f5es<\/strong>:<\/p>\n\n\n\n<ul class=\"wp-block-list\">\n\n<li><strong>Bairro Grego (Gr\u0103tska mahala):<\/strong> a parte mais antiga da cidade. Voc\u00ea fica a algumas centenas de metros da praia e tem aqui a melhor rela\u00e7\u00e3o custo-benef\u00edcio em gastronomia. O ponto negativo s\u00e3o os bares abertos at\u00e9 de madrugada. Ideal para casais e amantes da boa comida.<\/li>\n\n\n\n<li><strong>Arredores da catedral:<\/strong> centro mais movimentado, mas voc\u00ea tem tudo a p\u00e9. \u00d3timo para a primeira visita.<\/li>\n\n\n\n<li><strong>Chaika:<\/strong> bairro verde um pouco afastado do centro, bem pr\u00f3ximo do delfin\u00e1rio e do Jardim do Mar. \u00c1rea silenciosa com apartamentos modernos, ideal para fam\u00edlias com crian\u00e7as.<\/li>\n\n\n\n<li><strong>Asparuhovo:<\/strong> hospedagem mais barata do outro lado da ponte, praia gigante e tranquila e \u00f3timos restaurantes de peixe. Recomendado para quem veio de carro.<\/li>\n\n\n<\/ul>\n\n\n\n<p class=\"wp-block-paragraph\"><strong>Dicas concretas de hospedagem:<\/strong> se voc\u00ea procura o topo absoluto, com a melhor avalia\u00e7\u00e3o e localiza\u00e7\u00e3o, escolha o <strong><a href=\"https:\/\/www.stay22.com\/allez\/roam?aid=lukaskonecny&#038;campaign=loudavymkrokemcz&#038;campaign=varna&#038;hotelname=Modus%20Hotel&#038;address=Varna%2C%20Bulharsko\" target=\"_blank\" rel=\"noopener nofollow sponsored\">Modus Hotel<\/a><\/strong>, bem no Bairro Grego. Do Jardim do Mar voc\u00ea fica a 130 metros, e da praia s\u00f3 um pouquinho mais longe. Quem ama hist\u00f3ria vai adorar o <strong><a href=\"https:\/\/www.stay22.com\/allez\/roam?aid=lukaskonecny&#038;campaign=loudavymkrokemcz&#038;campaign=varna&#038;hotelname=Grand%20Hotel%20London&#038;address=Varna%2C%20Bulharsko\" target=\"_blank\" rel=\"noopener nofollow sponsored\">Grand Hotel London<\/a><\/strong>, um lindo edif\u00edcio art nouveau de 1912 bem no centro (mas conte com escadas). Se voc\u00ea busca o meio-termo com vista, o enorme <strong><a href=\"https:\/\/www.stay22.com\/allez\/roam?aid=lukaskonecny&#038;campaign=loudavymkrokemcz&#038;campaign=varna&#038;hotelname=Hotel%20Cherno%20More&#038;address=Varna%2C%20Bulharsko\" target=\"_blank\" rel=\"noopener nofollow sponsored\">Hotel Cherno More<\/a><\/strong> oferece varandas com vista para o mar e fica logo na entrada do parque. Quem quer ficar o mais perto poss\u00edvel dos monumentos se hospeda no <strong><a href=\"https:\/\/www.stay22.com\/allez\/roam?aid=lukaskonecny&#038;campaign=loudavymkrokemcz&#038;campaign=varna&#038;hotelname=Boutique%20Splendid&#038;address=Varna%2C%20Bulharsko\" target=\"_blank\" rel=\"noopener nofollow sponsored\">Boutique Splendid<\/a><\/strong>, a menos de cem metros da pr\u00f3pria catedral. Para os viajantes de baixo or\u00e7amento, o bem avaliado <strong><a href=\"https:\/\/www.stay22.com\/allez\/roam?aid=lukaskonecny&#038;campaign=loudavymkrokemcz&#038;campaign=varna&#038;hotelname=Nomado%20hostel&#038;address=Varna%2C%20Bulharsko\" target=\"_blank\" rel=\"noopener nofollow sponsored\">Nomado hostel<\/a><\/strong> fica no centro.<\/p>\n\n\n\n<figure data-wp-context=\"{&quot;imageId&quot;:&quot;6a9c2ebc4aa0d&quot;}\" data-wp-interactive=\"core\/image\" data-wp-key=\"6a9c2ebc4aa0d\" class=\"wp-block-image size-full wp-lightbox-container\"><img decoding=\"async\" width=\"1800\" height=\"1190\" data-wp-class--hide=\"state.isContentHidden\" data-wp-class--show=\"state.isContentVisible\" data-wp-init=\"callbacks.setButtonStyles\" data-wp-on--click=\"actions.showLightbox\" data-wp-on--load=\"callbacks.setButtonStyles\" data-wp-on--pointerdown=\"actions.preloadImage\" data-wp-on--pointerenter=\"actions.preloadImageWithDelay\" data-wp-on--pointerleave=\"actions.cancelPreload\" data-wp-on-window--resize=\"callbacks.setButtonStyles\" src=\"https:\/\/loudavymkrokem.cz\/wp-content\/uploads\/2026\/08\/bulharsko-research-varna-30-0ccc3d89.jpg\" alt=\"P\u00f4r do sol sobre as praias de Varna\" class=\"wp-image-407805\" title=\"\" srcset=\"https:\/\/loudavymkrokem.cz\/wp-content\/uploads\/2026\/08\/bulharsko-research-varna-30-0ccc3d89.jpg 1800w, https:\/\/loudavymkrokem.cz\/wp-content\/uploads\/2026\/08\/bulharsko-research-varna-30-0ccc3d89-300x198.jpg 300w, https:\/\/loudavymkrokem.cz\/wp-content\/uploads\/2026\/08\/bulharsko-research-varna-30-0ccc3d89-700x463.jpg 700w, https:\/\/loudavymkrokem.cz\/wp-content\/uploads\/2026\/08\/bulharsko-research-varna-30-0ccc3d89-768x508.jpg 768w, https:\/\/loudavymkrokem.cz\/wp-content\/uploads\/2026\/08\/bulharsko-research-varna-30-0ccc3d89-1536x1015.jpg 1536w, https:\/\/loudavymkrokem.cz\/wp-content\/uploads\/2026\/08\/bulharsko-research-varna-30-0ccc3d89-696x460.jpg 696w, https:\/\/loudavymkrokem.cz\/wp-content\/uploads\/2026\/08\/bulharsko-research-varna-30-0ccc3d89-1392x920.jpg 1392w\" sizes=\"(max-width: 1800px) 100vw, 1800px\" \/><button\n\t\t\tclass=\"lightbox-trigger\"\n\t\t\ttype=\"button\"\n\t\t\taria-haspopup=\"dialog\"\n\t\t\tdata-wp-bind--aria-label=\"state.thisImage.triggerButtonAriaLabel\"\n\t\t\tdata-wp-init=\"callbacks.initTriggerButton\"\n\t\t\tdata-wp-on--click=\"actions.showLightbox\"\n\t\t\tdata-wp-style--right=\"state.thisImage.buttonRight\"\n\t\t\tdata-wp-style--top=\"state.thisImage.buttonTop\"\n\t\t>\n\t\t\t<svg xmlns=\"http:\/\/www.w3.org\/2000\/svg\" width=\"12\" height=\"12\" fill=\"none\" viewBox=\"0 0 12 12\">\n\t\t\t\t<path fill=\"#fff\" d=\"M2 0a2 2 0 0 0-2 2v2h1.5V2a.5.5 0 0 1 .5-.5h2V0H2Zm2 10.5H2a.5.5 0 0 1-.5-.5V8H0v2a2 2 0 0 0 2 2h2v-1.5ZM8 12v-1.5h2a.5.5 0 0 0 .5-.5V8H12v2a2 2 0 0 1-2 2H8Zm2-12a2 2 0 0 1 2 2v2h-1.5V2a.5.5 0 0 0-.5-.5H8V0h2Z\" \/>\n\t\t\t<\/svg>\n\t\t<\/button><figcaption class=\"wp-element-caption\">Foto: Alex Yosifov, CC BY-SA 2.0 (Wikimedia Commons)<\/figcaption><\/figure>\n\n\n\n<p class=\"wp-block-paragraph\">\ud83d\udc49 <a href=\"https:\/\/www.stay22.com\/allez\/roam?aid=lukaskonecny&#038;campaign=loudavymkrokemcz&#038;campaign=varna&#038;address=Varna%2C%20Bulharsko\" target=\"_blank\" rel=\"nofollow noopener\"><strong>Comparar pre\u00e7os de hospedagem em Varna<\/strong><\/a><\/p>\n\n\n\n<h2 class=\"wp-block-heading\"><span class=\"ez-toc-section\" id=\"Quando_ir_a_Varna\"><\/span>Quando ir a Varna<span class=\"ez-toc-section-end\"><\/span><\/h2>\n\n\n\n<p class=\"wp-block-paragraph\">Varna tem o cl\u00e1ssico clima do Mar Negro. Os ver\u00f5es s\u00e3o quentes e os invernos, amenos, ainda que ventosos. <strong>Estatisticamente, agosto \u00e9 o m\u00eas mais seco e ensolarado do ano<\/strong> (apenas 3 dias de chuva e, em m\u00e9dia, mais de 318 horas de sol). No mar, a \u00e1gua em agosto esquenta e chega a agrad\u00e1veis 24,8 \u00b0C. J\u00e1 a \u00e9poca de mais chuva \u00e9 outubro.<\/p>\n\n\n\n<figure class=\"wp-block-table\"><table><thead><tr><th>M\u00eas<\/th><th>Temp. m\u00e1x. m\u00e9dia (\u00b0C)<\/th><th>Chuva (mm)<\/th><\/tr><\/thead><tbody><tr><td>Maio<\/td><td>21,2<\/td><td>38<\/td><\/tr><tr><td>Junho<\/td><td>26,1<\/td><td>52<\/td><\/tr><tr><td>Julho<\/td><td>28,9<\/td><td>48<\/td><\/tr><tr><td>Agosto<\/td><td>29,4<\/td><td>29<\/td><\/tr><tr><td>Setembro<\/td><td>24,8<\/td><td>49<\/td><\/tr><tr><td>Outubro<\/td><td>19,0<\/td><td>56<\/td><\/tr><\/tbody><\/table><\/figure>\n\n\n\n<p class=\"wp-block-paragraph\">O ver\u00e3o em Varna \u00e9 marcado pela cultura. Em 2026 completa <strong>100 anos o festival de m\u00fasica mais antigo da Bulg\u00e1ria \u2013 o Ver\u00e3o de Varna<\/strong>. De junho a outubro acontecem concertos de m\u00fasica cl\u00e1ssica no p\u00e1tio do Museu Arqueol\u00f3gico e na \u00f3pera. Em agosto ocorre o famoso festival de jazz, e o dia 15 de agosto marca o <strong>Dia de Varna<\/strong>, que culmina com fogos de artif\u00edcio \u00e0s 23h. (Aten\u00e7\u00e3o: o famoso Concurso Internacional de Bal\u00e9 n\u00e3o aconteceu em 2026; ap\u00f3s uma longa pausa, apenas foi anunciada sua futura retomada, sem data definida.)<\/p>\n\n\n\n<figure data-wp-context=\"{&quot;imageId&quot;:&quot;6a9c2ebc4b24c&quot;}\" data-wp-interactive=\"core\/image\" data-wp-key=\"6a9c2ebc4b24c\" class=\"wp-block-image size-full wp-lightbox-container\"><img decoding=\"async\" width=\"1800\" height=\"1012\" data-wp-class--hide=\"state.isContentHidden\" data-wp-class--show=\"state.isContentVisible\" data-wp-init=\"callbacks.setButtonStyles\" data-wp-on--click=\"actions.showLightbox\" data-wp-on--load=\"callbacks.setButtonStyles\" data-wp-on--pointerdown=\"actions.preloadImage\" data-wp-on--pointerenter=\"actions.preloadImageWithDelay\" data-wp-on--pointerleave=\"actions.cancelPreload\" data-wp-on-window--resize=\"callbacks.setButtonStyles\" src=\"https:\/\/loudavymkrokem.cz\/wp-content\/uploads\/2026\/08\/bulharsko-research-varna-31-3a8e6131.jpg\" alt=\"Litoral congelado de Varna no inverno\" class=\"wp-image-407806\" title=\"\" srcset=\"https:\/\/loudavymkrokem.cz\/wp-content\/uploads\/2026\/08\/bulharsko-research-varna-31-3a8e6131.jpg 1800w, https:\/\/loudavymkrokem.cz\/wp-content\/uploads\/2026\/08\/bulharsko-research-varna-31-3a8e6131-300x169.jpg 300w, https:\/\/loudavymkrokem.cz\/wp-content\/uploads\/2026\/08\/bulharsko-research-varna-31-3a8e6131-700x394.jpg 700w, https:\/\/loudavymkrokem.cz\/wp-content\/uploads\/2026\/08\/bulharsko-research-varna-31-3a8e6131-768x432.jpg 768w, https:\/\/loudavymkrokem.cz\/wp-content\/uploads\/2026\/08\/bulharsko-research-varna-31-3a8e6131-1536x864.jpg 1536w, https:\/\/loudavymkrokem.cz\/wp-content\/uploads\/2026\/08\/bulharsko-research-varna-31-3a8e6131-696x391.jpg 696w, https:\/\/loudavymkrokem.cz\/wp-content\/uploads\/2026\/08\/bulharsko-research-varna-31-3a8e6131-1392x783.jpg 1392w\" sizes=\"(max-width: 1800px) 100vw, 1800px\" \/><button\n\t\t\tclass=\"lightbox-trigger\"\n\t\t\ttype=\"button\"\n\t\t\taria-haspopup=\"dialog\"\n\t\t\tdata-wp-bind--aria-label=\"state.thisImage.triggerButtonAriaLabel\"\n\t\t\tdata-wp-init=\"callbacks.initTriggerButton\"\n\t\t\tdata-wp-on--click=\"actions.showLightbox\"\n\t\t\tdata-wp-style--right=\"state.thisImage.buttonRight\"\n\t\t\tdata-wp-style--top=\"state.thisImage.buttonTop\"\n\t\t>\n\t\t\t<svg xmlns=\"http:\/\/www.w3.org\/2000\/svg\" width=\"12\" height=\"12\" fill=\"none\" viewBox=\"0 0 12 12\">\n\t\t\t\t<path fill=\"#fff\" d=\"M2 0a2 2 0 0 0-2 2v2h1.5V2a.5.5 0 0 1 .5-.5h2V0H2Zm2 10.5H2a.5.5 0 0 1-.5-.5V8H0v2a2 2 0 0 0 2 2h2v-1.5ZM8 12v-1.5h2a.5.5 0 0 0 .5-.5V8H12v2a2 2 0 0 1-2 2H8Zm2-12a2 2 0 0 1 2 2v2h-1.5V2a.5.5 0 0 0-.5-.5H8V0h2Z\" \/>\n\t\t\t<\/svg>\n\t\t<\/button><figcaption class=\"wp-element-caption\">Foto: Shtilian Shterev, CC BY-SA 3.0 (Wikimedia Commons)<\/figcaption><\/figure>\n\n\n\n<h3 class=\"wp-block-heading\"><span class=\"ez-toc-section\" id=\"Varna_fora_de_temporada\"><\/span>Varna fora de temporada<span class=\"ez-toc-section-end\"><\/span><\/h3>\n\n\n\n<p class=\"wp-block-paragraph\">Ao contr\u00e1rio dos balne\u00e1rios artificiais como a Costa do Sol, <strong>Varna n\u00e3o dorme no inverno<\/strong>. \u00c9 uma cidade que funciona de verdade. O delfin\u00e1rio, o aqu\u00e1rio e o zoo continuam abertos o ano inteiro (ainda que com hor\u00e1rio reduzido). \ud83d\udca1 <strong>Dica importante de inverno para os museus:<\/strong> as principais institui\u00e7\u00f5es, como o Museu Arqueol\u00f3gico ou as Termas Romanas, costumam fechar no inverno aos domingos e segundas. J\u00e1 o Museu Etnogr\u00e1fico e o Museu de Hist\u00f3ria de Varna, ao contr\u00e1rio, <strong>fecham no fim de semana durante o inverno e funcionam s\u00f3 nos dias \u00fateis!<\/strong> No inverno, o banho fica garantido nas piscinas termais de Sv. Konstantin ou na fonte quente natural junto \u00e0 praia Ofitserski.<\/p>\n\n\n\n<figure data-wp-context=\"{&quot;imageId&quot;:&quot;6a9c2ebc4b741&quot;}\" data-wp-interactive=\"core\/image\" data-wp-key=\"6a9c2ebc4b741\" class=\"wp-block-image size-full wp-lightbox-container\"><img decoding=\"async\" width=\"1800\" height=\"1350\" data-wp-class--hide=\"state.isContentHidden\" data-wp-class--show=\"state.isContentVisible\" data-wp-init=\"callbacks.setButtonStyles\" data-wp-on--click=\"actions.showLightbox\" data-wp-on--load=\"callbacks.setButtonStyles\" data-wp-on--pointerdown=\"actions.preloadImage\" data-wp-on--pointerenter=\"actions.preloadImageWithDelay\" data-wp-on--pointerleave=\"actions.cancelPreload\" data-wp-on-window--resize=\"callbacks.setButtonStyles\" src=\"https:\/\/loudavymkrokem.cz\/wp-content\/uploads\/2026\/08\/bulharsko-research-varna-32-f1c3d69e.jpg\" alt=\"Orla \u00e0 noite no porto de Varna\" class=\"wp-image-407807\" title=\"\" srcset=\"https:\/\/loudavymkrokem.cz\/wp-content\/uploads\/2026\/08\/bulharsko-research-varna-32-f1c3d69e.jpg 1800w, https:\/\/loudavymkrokem.cz\/wp-content\/uploads\/2026\/08\/bulharsko-research-varna-32-f1c3d69e-300x225.jpg 300w, https:\/\/loudavymkrokem.cz\/wp-content\/uploads\/2026\/08\/bulharsko-research-varna-32-f1c3d69e-700x525.jpg 700w, https:\/\/loudavymkrokem.cz\/wp-content\/uploads\/2026\/08\/bulharsko-research-varna-32-f1c3d69e-768x576.jpg 768w, https:\/\/loudavymkrokem.cz\/wp-content\/uploads\/2026\/08\/bulharsko-research-varna-32-f1c3d69e-1536x1152.jpg 1536w, https:\/\/loudavymkrokem.cz\/wp-content\/uploads\/2026\/08\/bulharsko-research-varna-32-f1c3d69e-80x60.jpg 80w, https:\/\/loudavymkrokem.cz\/wp-content\/uploads\/2026\/08\/bulharsko-research-varna-32-f1c3d69e-160x120.jpg 160w, https:\/\/loudavymkrokem.cz\/wp-content\/uploads\/2026\/08\/bulharsko-research-varna-32-f1c3d69e-696x522.jpg 696w, https:\/\/loudavymkrokem.cz\/wp-content\/uploads\/2026\/08\/bulharsko-research-varna-32-f1c3d69e-1392x1044.jpg 1392w\" sizes=\"(max-width: 1800px) 100vw, 1800px\" \/><button\n\t\t\tclass=\"lightbox-trigger\"\n\t\t\ttype=\"button\"\n\t\t\taria-haspopup=\"dialog\"\n\t\t\tdata-wp-bind--aria-label=\"state.thisImage.triggerButtonAriaLabel\"\n\t\t\tdata-wp-init=\"callbacks.initTriggerButton\"\n\t\t\tdata-wp-on--click=\"actions.showLightbox\"\n\t\t\tdata-wp-style--right=\"state.thisImage.buttonRight\"\n\t\t\tdata-wp-style--top=\"state.thisImage.buttonTop\"\n\t\t>\n\t\t\t<svg xmlns=\"http:\/\/www.w3.org\/2000\/svg\" width=\"12\" height=\"12\" fill=\"none\" viewBox=\"0 0 12 12\">\n\t\t\t\t<path fill=\"#fff\" d=\"M2 0a2 2 0 0 0-2 2v2h1.5V2a.5.5 0 0 1 .5-.5h2V0H2Zm2 10.5H2a.5.5 0 0 1-.5-.5V8H0v2a2 2 0 0 0 2 2h2v-1.5ZM8 12v-1.5h2a.5.5 0 0 0 .5-.5V8H12v2a2 2 0 0 1-2 2H8Zm2-12a2 2 0 0 1 2 2v2h-1.5V2a.5.5 0 0 0-.5-.5H8V0h2Z\" \/>\n\t\t\t<\/svg>\n\t\t<\/button><figcaption class=\"wp-element-caption\">Foto: Claudiu Balta (Google Maps)<\/figcaption><\/figure>\n\n\n\n<h2 class=\"wp-block-heading\"><span class=\"ez-toc-section\" id=\"No_que_prestar_atencao\"><\/span>No que prestar aten\u00e7\u00e3o<span class=\"ez-toc-section-end\"><\/span><\/h2>\n\n\n\n<p class=\"wp-block-paragraph\">Varna \u00e9, em geral, uma <strong>cidade muito segura<\/strong> (segundo os \u00edndices de seguran\u00e7a, at\u00e9 bem mais segura que a capital, Sofia), mas o fluxo tur\u00edstico sempre traz consigo alguns <strong>fen\u00f4menos negativos<\/strong>.<\/p>\n\n\n\n<ul class=\"wp-block-list\">\n\n<li><strong>Batedores de carteira nos pontos de \u00f4nibus:<\/strong> em agosto de 2026, a Associa\u00e7\u00e3o de Guias da Bulg\u00e1ria emitiu um alerta duro contra grupos organizados de batedores de carteira que atuam <strong>bem em frente ao Museu Arqueol\u00f3gico<\/strong>. Eles observam as rotas tur\u00edsticas e agem exatamente na hora em que o grupo desce do \u00f4nibus. Cuide das mochilas e n\u00e3o leve objetos de valor nos bolsos laterais.<\/li>\n\n\n\n<li><strong>Armadilhas em caixas eletr\u00f4nicos e pagamentos:<\/strong> as casas de c\u00e2mbio cl\u00e1ssicas, com taxas ruins, perderam o sentido com a ado\u00e7\u00e3o do euro. A nova grande armadilha s\u00e3o os <strong>caixas eletr\u00f4nicos da rede Euronet<\/strong>, que podem cobrar taxas absurdas (por exemplo, 1,95 \u20ac para sacar 20 \u20ac, o que d\u00e1 10% de comiss\u00e3o). Da mesma forma, <strong>recuse sempre o servi\u00e7o de DCC<\/strong> (Dynamic Currency Conversion) nas maquininhas de cart\u00e3o \u2013 se o terminal na Bulg\u00e1ria te oferecer cobrar em reais, a sobretaxa pode chegar a 18%.<\/li>\n\n\n\n<li><strong>\u00c1gua da torneira:<\/strong> a \u00e1gua encanada \u00e9 bacteriologicamente segura, mas os m\u00e9dicos n\u00e3o recomendam beb\u00ea-la por longos per\u00edodos por causa da alta dureza. Evite completamente, por\u00e9m, <strong>beber das fontes e bicas de \u00e1gua mineral na rua<\/strong>.<\/li>\n\n\n\n<li><strong>Cuidado com ondas e correntezas:<\/strong> o Mar Negro pode ser trai\u00e7oeiro. Mesmo perto da praia podem se formar fortes correntes submarinas, ent\u00e3o respeite sempre a cor da bandeira dos salva-vidas. Voc\u00ea at\u00e9 vai se deparar com \u00e1guas-vivas (Rhizostoma pulmo), mas elas n\u00e3o oferecem perigo de vida, provocam apenas uma leve ard\u00eancia.<\/li>\n\n\n<\/ul>\n\n\n\n<h2 class=\"wp-block-heading\"><span class=\"ez-toc-section\" id=\"Para_onde_ir_depois\"><\/span>Para onde ir depois<span class=\"ez-toc-section-end\"><\/span><\/h2>\n\n\n\n<p class=\"wp-block-paragraph\">Se a Bulg\u00e1ria te conquistou e voc\u00ea quer explorar outros lugares ao longo do litoral ou ter uma ideia melhor dos pre\u00e7os daqui depois da mudan\u00e7a de moeda, d\u00e1 uma olhada nos nossos outros artigos:<\/p>\n\n\n\n<ul class=\"wp-block-list\">\n\n<li><a href=\"https:\/\/loudavymkrokem.cz\/pt-br\/bulgaria-lugares-mais-lindos\/\">F\u00e9rias na Bulg\u00e1ria: 30 lugares mais lindos<\/a><\/li>\n\n\n\n<li><a href=\"https:\/\/loudavymkrokem.cz\/pt-br\/areias-douradas-bulgaria\/\">Costa Dourada: 15 dicas e compara\u00e7\u00e3o com a Costa do Sol<\/a><\/li>\n\n\n\n<li><a href=\"https:\/\/loudavymkrokem.cz\/pt-br\/praias-bulgaria-melhores\/\">As praias mais lindas da Bulg\u00e1ria: 20 dicas<\/a><\/li>\n\n\n\n<li><a href=\"https:\/\/loudavymkrokem.cz\/nesebar\/\">Nessebar: o que ver na cidade Patrim\u00f4nio da UNESCO<\/a><\/li>\n\n\n\n<li><a href=\"https:\/\/loudavymkrokem.cz\/pt-br\/precos-bulgaria-2026\/\">Pre\u00e7os na Bulg\u00e1ria depois da transi\u00e7\u00e3o para o euro<\/a><\/li>\n\n\n\n<li><a href=\"https:\/\/loudavymkrokem.cz\/pt-br\/bulgaria-all-inclusive-resorts\/\">Bulg\u00e1ria all inclusive: os 22 melhores resorts<\/a><\/li>\n\n\n<\/ul>\n\n\n\n<h2 class=\"wp-block-heading\"><span class=\"ez-toc-section\" id=\"Perguntas_frequentes\"><\/span>Perguntas frequentes<span class=\"ez-toc-section-end\"><\/span><\/h2>\n\n\n<div id=\"rank-math-faq\" class=\"rank-math-block\">\n<div class=\"rank-math-list \">\n<div id=\"faq-question-1788110183000\" class=\"rank-math-list-item\">\n<h3 class=\"rank-math-question \"><span class=\"ez-toc-section\" id=\"Em_Varna_se_paga_em_euros_ou_levas\"><\/span>Em Varna se paga em euros ou levas?<span class=\"ez-toc-section-end\"><\/span><\/h3>\n<div class=\"rank-math-answer \">\n\n<p>Desde 1\u00ba de janeiro de 2026, a Bulg\u00e1ria adotou o euro como sua moeda oficial. As antigas levas j\u00e1 n\u00e3o est\u00e3o mais em circula\u00e7\u00e3o e o per\u00edodo em que os pre\u00e7os eram indicados em duas moedas terminou em agosto de 2026. Em todos os lugares voc\u00ea pode pagar tranquilamente com euros, apenas tome cuidado com os caixas eletr\u00f4nicos Euronet e suas altas taxas de saque.<\/p>\n\n<\/div>\n<\/div>\n<div id=\"faq-question-1788110183001\" class=\"rank-math-list-item\">\n<h3 class=\"rank-math-question \"><span class=\"ez-toc-section\" id=\"Varna_e_adequada_para_familias_com_criancas\"><\/span>Varna \u00e9 adequada para fam\u00edlias com crian\u00e7as?<span class=\"ez-toc-section-end\"><\/span><\/h3>\n<div class=\"rank-math-answer \">\n\n<p>Com certeza! Voc\u00ea vai encontrar o enorme Jardim Mar\u00edtimo com \u00e1rea infantil, delfin\u00e1rio e zool\u00f3gico. A praia central e a praia Ju\u017een t\u00eam areia fina e o fundo desce para a profundidade muito gradualmente, o que \u00e9 absolutamente ideal para crian\u00e7as pequenas. Al\u00e9m disso, voc\u00ea pode encontrar apartamentos mais afastados do centro barulhento.<\/p>\n\n<\/div>\n<\/div>\n<div id=\"faq-question-1788110183002\" class=\"rank-math-list-item\">\n<h3 class=\"rank-math-question \"><span class=\"ez-toc-section\" id=\"Como_funciona_o_estacionamento_em_Varna\"><\/span>Como funciona o estacionamento em Varna?<span class=\"ez-toc-section-end\"><\/span><\/h3>\n<div class=\"rank-math-answer \">\n\n<p>Se voc\u00ea for de carro, prepare-se para o fato de que a zona azul no centro funciona todos os dias, inclusive aos domingos (ao contr\u00e1rio da zona verde, que funciona apenas em dias \u00fateis). A cidade n\u00e3o tem parqu\u00edmetros f\u00edsicos. Para turistas, o melhor \u00e9 baixar o aplicativo MPark e pagar o estacionamento diretamente pelo celular.<\/p>\n\n<\/div>\n<\/div>\n<div id=\"faq-question-1788110183003\" class=\"rank-math-list-item\">\n<h3 class=\"rank-math-question \"><span class=\"ez-toc-section\" id=\"Da_para_voar_direto_para_Varna_saindo_do_Brasil\"><\/span>D\u00e1 para voar direto para Varna saindo do Brasil?<span class=\"ez-toc-section-end\"><\/span><\/h3>\n<div class=\"rank-math-answer \">\n\n<p>N\u00e3o existem voos diretos do Brasil para Varna. Os viajantes brasileiros normalmente fazem conex\u00e3o em cidades europeias como Lisboa, Amsterd\u00e3 ou Frankfurt antes de chegar ao aeroporto de Varna. A partir de grandes cidades brasileiras como S\u00e3o Paulo ou Rio de Janeiro, com a TAP, LATAM ou outras companhias a\u00e9reas europeias, voc\u00ea pode chegar a Varna com uma ou duas conex\u00f5es. O pr\u00f3prio aeroporto fica a cerca de 20 minutos do centro hist\u00f3rico de \u00f4nibus pela linha 409.<\/p>\n\n<\/div>\n<\/div>\n<div id=\"faq-question-1788110183004\" class=\"rank-math-list-item\">\n<h3 class=\"rank-math-question \"><span class=\"ez-toc-section\" id=\"Vale_a_pena_ir_para_Varna_fora_das_ferias_de_verao\"><\/span>Vale a pena ir para Varna fora das f\u00e9rias de ver\u00e3o?<span class=\"ez-toc-section-end\"><\/span><\/h3>\n<div class=\"rank-math-answer \">\n\n<p>Com certeza. Varna \u00e9 a terceira maior cidade do pa\u00eds e funciona o ano todo. Museus, galerias e excelentes restaurantes n\u00e3o fecham. Na primavera e no outono voc\u00ea ainda evita as maiores multid\u00f5es e o calor intenso, o que \u00e9 ideal para explorar as escava\u00e7\u00f5es antigas ou fazer uma excurs\u00e3o ao cabo Kaliakra.<\/p>\n\n<\/div>\n<\/div>\n<div id=\"faq-question-1788110183005\" class=\"rank-math-list-item\">\n<h3 class=\"rank-math-question \"><span class=\"ez-toc-section\" id=\"Como_eu_saio_de_Varna_para_ir_as_Areias_Douradas\"><\/span>Como eu saio de Varna para ir \u00e0s Areias Douradas?<span class=\"ez-toc-section-end\"><\/span><\/h3>\n<div class=\"rank-math-answer \">\n\n<p>A forma mais simples \u00e9 pela linha de \u00f4nibus 409, que conecta o aeroporto, o centro e os resorts ao longo da costa. Do centro de Varna at\u00e9 as Areias Douradas, voc\u00ea leva cerca de meia hora, do aeroporto s\u00e3o quase uma hora. Mas leve em conta que o trecho at\u00e9 as Areias Douradas funciona apenas na temporada, aproximadamente de maio a outubro.<\/p>\n\n<\/div>\n<\/div>\n<div id=\"faq-question-1788110183006\" class=\"rank-math-list-item\">\n<h3 class=\"rank-math-question \"><span class=\"ez-toc-section\" id=\"Varna_e_uma_cidade_segura\"><\/span>Varna \u00e9 uma cidade segura?<span class=\"ez-toc-section-end\"><\/span><\/h3>\n<div class=\"rank-math-answer \">\n\n<p>De acordo com \u00edndices internacionais de seguran\u00e7a, Varna se sai at\u00e9 um pouco melhor que Sofia e at\u00e9 caminhar \u00e0 noite pelo centro \u00e9 considerado seguro. O principal risco s\u00e3o os furtos de bolso: em agosto de 2026, a Associa\u00e7\u00e3o de Guias da Bulg\u00e1ria alertou sobre batedores de carteira organizados que ficam \u00e0 espreita bem em frente ao Museu Arqueol\u00f3gico no momento em que os turistas descem dos \u00f4nibus.<\/p>\n\n<\/div>\n<\/div>\n<\/div>\n<\/div>","protected":false},"excerpt":{"rendered":"<p>Varna, na Bulg\u00e1ria, n\u00e3o \u00e9 s\u00f3 uma parada a caminho da Costa Dourada. \u00c9 a terceira maior cidade b\u00falgara, onde voc\u00ea v\u00ea o ouro trabalhado mais antigo do mundo e as maiores termas romanas dos Balc\u00e3s. Trazemos 20 dicas, pre\u00e7os em euros e as armadilhas que voc\u00ea deve evitar.<\/p>\n","protected":false},"author":3,"featured_media":407810,"comment_status":"open","ping_status":"open","sticky":false,"template":"","format":"standard","meta":{"_acf_changed":false,"footnotes":"","rank_math_title":"Varna, Bulg\u00e1ria: 20 Dicas do Que Fazer em 2026","rank_math_description":"Descubra o que fazer em Varna, na Bulg\u00e1ria: 20 dicas com praias, museus, o ouro mais antigo do mundo, pre\u00e7os em euro e passeios. Planeje sua viagem em 2026!","rank_math_focus_keyword":"varna bulg\u00e1ria","rank_math_seo_score":""},"categories":[1128,1121,1104],"tags":[],"class_list":["post-417444","post","type-post","status-publish","format-standard","has-post-thumbnail","category-bulgaria","category-europa","category-viagens"],"acf":[],"featured_image_src":"https:\/\/loudavymkrokem.cz\/wp-content\/uploads\/2026\/08\/varna-majak-pri-zapadu-slunce.jpg","author_info":{"display_name":"Lucie Kone\u010dn\u00e1","author_link":"https:\/\/loudavymkrokem.cz\/pt-br\/author\/lucie-konecna\/"},"_links":{"self":[{"href":"https:\/\/loudavymkrokem.cz\/pt-br\/wp-json\/wp\/v2\/posts\/417444","targetHints":{"allow":["GET"]}}],"collection":[{"href":"https:\/\/loudavymkrokem.cz\/pt-br\/wp-json\/wp\/v2\/posts"}],"about":[{"href":"https:\/\/loudavymkrokem.cz\/pt-br\/wp-json\/wp\/v2\/types\/post"}],"author":[{"embeddable":true,"href":"https:\/\/loudavymkrokem.cz\/pt-br\/wp-json\/wp\/v2\/users\/3"}],"replies":[{"embeddable":true,"href":"https:\/\/loudavymkrokem.cz\/pt-br\/wp-json\/wp\/v2\/comments?post=417444"}],"version-history":[{"count":2,"href":"https:\/\/loudavymkrokem.cz\/pt-br\/wp-json\/wp\/v2\/posts\/417444\/revisions"}],"predecessor-version":[{"id":417446,"href":"https:\/\/loudavymkrokem.cz\/pt-br\/wp-json\/wp\/v2\/posts\/417444\/revisions\/417446"}],"wp:featuredmedia":[{"embeddable":true,"href":"https:\/\/loudavymkrokem.cz\/pt-br\/wp-json\/wp\/v2\/media\/407810"}],"wp:attachment":[{"href":"https:\/\/loudavymkrokem.cz\/pt-br\/wp-json\/wp\/v2\/media?parent=417444"}],"wp:term":[{"taxonomy":"category","embeddable":true,"href":"https:\/\/loudavymkrokem.cz\/pt-br\/wp-json\/wp\/v2\/categories?post=417444"},{"taxonomy":"post_tag","embeddable":true,"href":"https:\/\/loudavymkrokem.cz\/pt-br\/wp-json\/wp\/v2\/tags?post=417444"}],"curies":[{"name":"wp","href":"https:\/\/api.w.org\/{rel}","templated":true}]}}