{"id":417434,"date":"2026-09-01T21:10:41","date_gmt":"2026-09-01T19:10:41","guid":{"rendered":"https:\/\/loudavymkrokem.cz\/clima-rio-de-janeiro-dicas\/"},"modified":"2026-09-05T15:38:56","modified_gmt":"2026-09-05T13:38:56","slug":"clima-rio-de-janeiro-dicas","status":"publish","type":"post","link":"https:\/\/loudavymkrokem.cz\/pt-br\/clima-rio-de-janeiro-dicas\/","title":{"rendered":"Rio de Janeiro, Brasil: 22 dicas do que ver e fazer em 2026"},"content":{"rendered":"\n<p class=\"wp-block-paragraph\">Se voc\u00ea est\u00e1 pensando em viajar para a Am\u00e9rica do Sul e procura um destino cheio de cores e energia contagiante, a maior cidade tur\u00edstica do Brasil vai te conquistar na hora. <strong>O Rio de Janeiro \u00e9 uma cidade de contrastes incr\u00edveis<\/strong>, onde a arquitetura moderna se mistura com a natureza selvagem e as praias douradas d\u00e3o lugar a densas florestas verdes. Voc\u00ea pode esperar cen\u00e1rios deslumbrantes e uma cultura riqu\u00edssima, cheia de m\u00fasica \u2014 e o clima do Rio de Janeiro tem tudo a ver com a forma como voc\u00ea vai montar o seu roteiro.<\/p>\n\n\n\n<p class=\"wp-block-paragraph\">Planejar uma estadia nessa p\u00e9rola tropical exige uma abordagem um pouco diferente, porque <strong>o Rio se planeja principalmente de acordo com o tempo<\/strong>, e n\u00e3o seguindo uma lista fixa de pontos tur\u00edsticos. Os dois lugares mais famosos s\u00e3o mirantes em grande altitude que perdem totalmente o sentido sem boa visibilidade. Por isso, eu recomendo deixar bastante espa\u00e7o livre no roteiro e reagir com flexibilidade \u00e0 neblina da manh\u00e3 ou ao c\u00e9u limpo.<\/p>\n\n\n\n<p class=\"wp-block-paragraph\">Das praias ic\u00f4nicas aos museus escondidos \u2014 aqui voc\u00ea encontra tudo o que precisa saber para montar o programa exatamente do seu jeito. E como saber se orientar entre os bairros \u00e9 meio caminho andado, tamb\u00e9m inclu\u00ed dicas pr\u00e1ticas sobre seguran\u00e7a e hospedagem.<\/p>\n\n\n\n<figure data-wp-context=\"{&quot;imageId&quot;:&quot;6a9c4ee136371&quot;}\" data-wp-interactive=\"core\/image\" data-wp-key=\"6a9c4ee136371\" class=\"wp-block-image size-full wp-lightbox-container\"><img decoding=\"async\" width=\"1920\" height=\"1440\" data-wp-class--hide=\"state.isContentHidden\" data-wp-class--show=\"state.isContentVisible\" data-wp-init=\"callbacks.setButtonStyles\" data-wp-on--click=\"actions.showLightbox\" data-wp-on--load=\"callbacks.setButtonStyles\" data-wp-on--pointerdown=\"actions.preloadImage\" data-wp-on--pointerenter=\"actions.preloadImageWithDelay\" data-wp-on--pointerleave=\"actions.cancelPreload\" data-wp-on-window--resize=\"callbacks.setButtonStyles\" src=\"https:\/\/loudavymkrokem.cz\/wp-content\/uploads\/2026\/09\/panorama-ria-s-cukrovou-homoli-49cf45de.jpg\" alt=\"Panorama do Rio com o P\u00e3o de A\u00e7\u00facar\" class=\"wp-image-413354\" title=\"\" srcset=\"https:\/\/loudavymkrokem.cz\/wp-content\/uploads\/2026\/09\/panorama-ria-s-cukrovou-homoli-49cf45de.jpg 1920w, https:\/\/loudavymkrokem.cz\/wp-content\/uploads\/2026\/09\/panorama-ria-s-cukrovou-homoli-49cf45de-300x225.jpg 300w, https:\/\/loudavymkrokem.cz\/wp-content\/uploads\/2026\/09\/panorama-ria-s-cukrovou-homoli-49cf45de-700x525.jpg 700w, https:\/\/loudavymkrokem.cz\/wp-content\/uploads\/2026\/09\/panorama-ria-s-cukrovou-homoli-49cf45de-768x576.jpg 768w, https:\/\/loudavymkrokem.cz\/wp-content\/uploads\/2026\/09\/panorama-ria-s-cukrovou-homoli-49cf45de-1536x1152.jpg 1536w, https:\/\/loudavymkrokem.cz\/wp-content\/uploads\/2026\/09\/panorama-ria-s-cukrovou-homoli-49cf45de-80x60.jpg 80w, https:\/\/loudavymkrokem.cz\/wp-content\/uploads\/2026\/09\/panorama-ria-s-cukrovou-homoli-49cf45de-160x120.jpg 160w, https:\/\/loudavymkrokem.cz\/wp-content\/uploads\/2026\/09\/panorama-ria-s-cukrovou-homoli-49cf45de-696x522.jpg 696w, https:\/\/loudavymkrokem.cz\/wp-content\/uploads\/2026\/09\/panorama-ria-s-cukrovou-homoli-49cf45de-1392x1044.jpg 1392w\" sizes=\"(max-width: 1920px) 100vw, 1920px\" \/><button\n\t\t\tclass=\"lightbox-trigger\"\n\t\t\ttype=\"button\"\n\t\t\taria-haspopup=\"dialog\"\n\t\t\tdata-wp-bind--aria-label=\"state.thisImage.triggerButtonAriaLabel\"\n\t\t\tdata-wp-init=\"callbacks.initTriggerButton\"\n\t\t\tdata-wp-on--click=\"actions.showLightbox\"\n\t\t\tdata-wp-style--right=\"state.thisImage.buttonRight\"\n\t\t\tdata-wp-style--top=\"state.thisImage.buttonTop\"\n\t\t>\n\t\t\t<svg xmlns=\"http:\/\/www.w3.org\/2000\/svg\" width=\"12\" height=\"12\" fill=\"none\" viewBox=\"0 0 12 12\">\n\t\t\t\t<path fill=\"#fff\" d=\"M2 0a2 2 0 0 0-2 2v2h1.5V2a.5.5 0 0 1 .5-.5h2V0H2Zm2 10.5H2a.5.5 0 0 1-.5-.5V8H0v2a2 2 0 0 0 2 2h2v-1.5ZM8 12v-1.5h2a.5.5 0 0 0 .5-.5V8H12v2a2 2 0 0 1-2 2H8Zm2-12a2 2 0 0 1 2 2v2h-1.5V2a.5.5 0 0 0-.5-.5H8V0h2Z\" \/>\n\t\t\t<\/svg>\n\t\t<\/button><figcaption class=\"wp-element-caption\">Foto: Acediscovery \/ Wikimedia Commons, CC BY 4.0<\/figcaption><\/figure>\n\n\n\n<div id=\"ez-toc-container\" class=\"ez-toc-v2_0_87 ez-toc-wrap-left counter-hierarchy ez-toc-counter ez-toc-grey ez-toc-container-direction\">\n<div class=\"ez-toc-title-container\">\n<p class=\"ez-toc-title\" style=\"cursor:inherit\">Conte\u00fado do artigo<\/p>\n<span class=\"ez-toc-title-toggle\"><a href=\"#\" class=\"ez-toc-pull-right ez-toc-btn ez-toc-btn-xs ez-toc-btn-default ez-toc-toggle\" aria-label=\"Alternar tabela de conte\u00fado\"><span class=\"ez-toc-js-icon-con\"><span class=\"\"><span class=\"eztoc-hide\" style=\"display:none;\">Toggle<\/span><span class=\"ez-toc-icon-toggle-span\"><svg style=\"fill: #999;color:#999\" xmlns=\"http:\/\/www.w3.org\/2000\/svg\" class=\"list-377408\" width=\"20px\" height=\"20px\" viewBox=\"0 0 24 24\" fill=\"none\"><path d=\"M6 6H4v2h2V6zm14 0H8v2h12V6zM4 11h2v2H4v-2zm16 0H8v2h12v-2zM4 16h2v2H4v-2zm16 0H8v2h12v-2z\" fill=\"currentColor\"><\/path><\/svg><svg style=\"fill: #999;color:#999\" class=\"arrow-unsorted-368013\" xmlns=\"http:\/\/www.w3.org\/2000\/svg\" width=\"10px\" height=\"10px\" viewBox=\"0 0 24 24\" version=\"1.2\" baseProfile=\"tiny\"><path d=\"M18.2 9.3l-6.2-6.3-6.2 6.3c-.2.2-.3.4-.3.7s.1.5.3.7c.2.2.4.3.7.3h11c.3 0 .5-.1.7-.3.2-.2.3-.5.3-.7s-.1-.5-.3-.7zM5.8 14.7l6.2 6.3 6.2-6.3c.2-.2.3-.5.3-.7s-.1-.5-.3-.7c-.2-.2-.4-.3-.7-.3h-11c-.3 0-.5.1-.7.3-.2.2-.3.5-.3.7s.1.5.3.7z\"\/><\/svg><\/span><\/span><\/span><\/a><\/span><\/div>\n<nav><ul class='ez-toc-list ez-toc-list-level-1 ' ><ul class='ez-toc-list-level-3' ><li class='ez-toc-heading-level-3'><a class=\"ez-toc-link ez-toc-heading-1\" href=\"https:\/\/loudavymkrokem.cz\/pt-br\/clima-rio-de-janeiro-dicas\/#Resumo_para_quem_nao_tem_tempo_de_ler_o_artigo_inteiro\" >Resumo para quem n\u00e3o tem tempo de ler o artigo inteiro<\/a><\/li><\/ul><\/li><li class='ez-toc-page-1 ez-toc-heading-level-2'><a class=\"ez-toc-link ez-toc-heading-2\" href=\"https:\/\/loudavymkrokem.cz\/pt-br\/clima-rio-de-janeiro-dicas\/#Quando_ir_ao_Rio_de_Janeiro_e_o_clima_no_Rio_de_Janeiro\" >Quando ir ao Rio de Janeiro e o clima no Rio de Janeiro<\/a><\/li><li class='ez-toc-page-1 ez-toc-heading-level-2'><a class=\"ez-toc-link ez-toc-heading-3\" href=\"https:\/\/loudavymkrokem.cz\/pt-br\/clima-rio-de-janeiro-dicas\/#Seguranca_no_Rio_de_Janeiro_como_aproveitar_a_viagem_sem_preocupacoes\" >Seguran\u00e7a no Rio de Janeiro: como aproveitar a viagem sem preocupa\u00e7\u00f5es<\/a><\/li><li class='ez-toc-page-1 ez-toc-heading-level-2'><a class=\"ez-toc-link ez-toc-heading-4\" href=\"https:\/\/loudavymkrokem.cz\/pt-br\/clima-rio-de-janeiro-dicas\/#Onde_se_hospedar_no_Rio_de_Janeiro\" >Onde se hospedar no Rio de Janeiro<\/a><\/li><li class='ez-toc-page-1 ez-toc-heading-level-2'><a class=\"ez-toc-link ez-toc-heading-5\" href=\"https:\/\/loudavymkrokem.cz\/pt-br\/clima-rio-de-janeiro-dicas\/#22_dicas_do_que_ver_e_fazer_no_Rio_de_Janeiro\" >22 dicas do que ver e fazer no Rio de Janeiro<\/a><ul class='ez-toc-list-level-3' ><li class='ez-toc-heading-level-3'><a class=\"ez-toc-link ez-toc-heading-6\" href=\"https:\/\/loudavymkrokem.cz\/pt-br\/clima-rio-de-janeiro-dicas\/#1_Estatua_do_Cristo_Redentor\" >1. Est\u00e1tua do Cristo Redentor<\/a><\/li><li class='ez-toc-page-1 ez-toc-heading-level-3'><a class=\"ez-toc-link ez-toc-heading-7\" href=\"https:\/\/loudavymkrokem.cz\/pt-br\/clima-rio-de-janeiro-dicas\/#2_Bondinho_do_Pao_de_Acucar\" >2. Bondinho do P\u00e3o de A\u00e7\u00facar<\/a><\/li><li class='ez-toc-page-1 ez-toc-heading-level-3'><a class=\"ez-toc-link ez-toc-heading-8\" href=\"https:\/\/loudavymkrokem.cz\/pt-br\/clima-rio-de-janeiro-dicas\/#3_Praia_de_Copacabana_e_o_Forte_de_Copacabana\" >3. Praia de Copacabana e o Forte de Copacabana<\/a><\/li><li class='ez-toc-page-1 ez-toc-heading-level-3'><a class=\"ez-toc-link ez-toc-heading-9\" href=\"https:\/\/loudavymkrokem.cz\/pt-br\/clima-rio-de-janeiro-dicas\/#4_Praia_de_Ipanema_e_o_sistema_de_postos_de_salva-vidas\" >4. Praia de Ipanema e o sistema de postos de salva-vidas<\/a><\/li><li class='ez-toc-page-1 ez-toc-heading-level-3'><a class=\"ez-toc-link ez-toc-heading-10\" href=\"https:\/\/loudavymkrokem.cz\/pt-br\/clima-rio-de-janeiro-dicas\/#5_Praia_do_Leblon_e_o_Mirante_do_Leblon\" >5. Praia do Leblon e o Mirante do Leblon<\/a><\/li><li class='ez-toc-page-1 ez-toc-heading-level-3'><a class=\"ez-toc-link ez-toc-heading-11\" href=\"https:\/\/loudavymkrokem.cz\/pt-br\/clima-rio-de-janeiro-dicas\/#6_A_Pedra_do_Arpoador\" >6. A Pedra do Arpoador<\/a><\/li><li class='ez-toc-page-1 ez-toc-heading-level-3'><a class=\"ez-toc-link ez-toc-heading-12\" href=\"https:\/\/loudavymkrokem.cz\/pt-br\/clima-rio-de-janeiro-dicas\/#7_Escadaria_Selaron\" >7. Escadaria Selar\u00f3n<\/a><\/li><li class='ez-toc-page-1 ez-toc-heading-level-3'><a class=\"ez-toc-link ez-toc-heading-13\" href=\"https:\/\/loudavymkrokem.cz\/pt-br\/clima-rio-de-janeiro-dicas\/#8_Bairro_de_Santa_Teresa_e_o_bondinho_historico\" >8. Bairro de Santa Teresa e o bondinho hist\u00f3rico<\/a><\/li><li class='ez-toc-page-1 ez-toc-heading-level-3'><a class=\"ez-toc-link ez-toc-heading-14\" href=\"https:\/\/loudavymkrokem.cz\/pt-br\/clima-rio-de-janeiro-dicas\/#9_Aqueduto_Arcos_da_Lapa\" >9. Aqueduto Arcos da Lapa<\/a><\/li><li class='ez-toc-page-1 ez-toc-heading-level-3'><a class=\"ez-toc-link ez-toc-heading-15\" href=\"https:\/\/loudavymkrokem.cz\/pt-br\/clima-rio-de-janeiro-dicas\/#10_Galeria_Parque_das_Ruinas\" >10. Galeria Parque das Ru\u00ednas<\/a><\/li><li class='ez-toc-page-1 ez-toc-heading-level-3'><a class=\"ez-toc-link ez-toc-heading-16\" href=\"https:\/\/loudavymkrokem.cz\/pt-br\/clima-rio-de-janeiro-dicas\/#11_A_floresta_tropical_urbana_do_Parque_Nacional_da_Tijuca\" >11. A floresta tropical urbana do Parque Nacional da Tijuca<\/a><\/li><li class='ez-toc-page-1 ez-toc-heading-level-3'><a class=\"ez-toc-link ez-toc-heading-17\" href=\"https:\/\/loudavymkrokem.cz\/pt-br\/clima-rio-de-janeiro-dicas\/#12_Mirante_Dona_Marta\" >12. Mirante Dona Marta<\/a><\/li><li class='ez-toc-page-1 ez-toc-heading-level-3'><a class=\"ez-toc-link ez-toc-heading-18\" href=\"https:\/\/loudavymkrokem.cz\/pt-br\/clima-rio-de-janeiro-dicas\/#13_O_pavilhao_chines_Vista_Chinesa\" >13. O pavilh\u00e3o chin\u00eas Vista Chinesa<\/a><\/li><li class='ez-toc-page-1 ez-toc-heading-level-3'><a class=\"ez-toc-link ez-toc-heading-19\" href=\"https:\/\/loudavymkrokem.cz\/pt-br\/clima-rio-de-janeiro-dicas\/#14_Jardins_e_o_casarao_do_Parque_Lage\" >14. Jardins e o casar\u00e3o do Parque Lage<\/a><\/li><li class='ez-toc-page-1 ez-toc-heading-level-3'><a class=\"ez-toc-link ez-toc-heading-20\" href=\"https:\/\/loudavymkrokem.cz\/pt-br\/clima-rio-de-janeiro-dicas\/#15_Museu_do_Amanha\" >15. Museu do Amanh\u00e3<\/a><\/li><li class='ez-toc-page-1 ez-toc-heading-level-3'><a class=\"ez-toc-link ez-toc-heading-21\" href=\"https:\/\/loudavymkrokem.cz\/pt-br\/clima-rio-de-janeiro-dicas\/#16_Museu_de_Arte_do_Rio_MAR\" >16. Museu de Arte do Rio (MAR)<\/a><\/li><li class='ez-toc-page-1 ez-toc-heading-level-3'><a class=\"ez-toc-link ez-toc-heading-22\" href=\"https:\/\/loudavymkrokem.cz\/pt-br\/clima-rio-de-janeiro-dicas\/#17_Centro_Cultural_Banco_do_Brasil_CCBB\" >17. Centro Cultural Banco do Brasil (CCBB)<\/a><\/li><li class='ez-toc-page-1 ez-toc-heading-level-3'><a class=\"ez-toc-link ez-toc-heading-23\" href=\"https:\/\/loudavymkrokem.cz\/pt-br\/clima-rio-de-janeiro-dicas\/#18_Theatro_Municipal_do_Rio_de_Janeiro\" >18. Theatro Municipal do Rio de Janeiro<\/a><\/li><li class='ez-toc-page-1 ez-toc-heading-level-3'><a class=\"ez-toc-link ez-toc-heading-24\" href=\"https:\/\/loudavymkrokem.cz\/pt-br\/clima-rio-de-janeiro-dicas\/#19_Catedral_Metropolitana_de_Sao_Sebastiao\" >19. Catedral Metropolitana de S\u00e3o Sebasti\u00e3o<\/a><\/li><li class='ez-toc-page-1 ez-toc-heading-level-3'><a class=\"ez-toc-link ez-toc-heading-25\" href=\"https:\/\/loudavymkrokem.cz\/pt-br\/clima-rio-de-janeiro-dicas\/#20_Museu_da_Republica_Palacio_do_Catete\" >20. Museu da Rep\u00fablica (Pal\u00e1cio do Catete)<\/a><\/li><li class='ez-toc-page-1 ez-toc-heading-level-3'><a class=\"ez-toc-link ez-toc-heading-26\" href=\"https:\/\/loudavymkrokem.cz\/pt-br\/clima-rio-de-janeiro-dicas\/#21_Espaco_Cultural_da_Marinha\" >21. Espa\u00e7o Cultural da Marinha<\/a><\/li><li class='ez-toc-page-1 ez-toc-heading-level-3'><a class=\"ez-toc-link ez-toc-heading-27\" href=\"https:\/\/loudavymkrokem.cz\/pt-br\/clima-rio-de-janeiro-dicas\/#22_Praia_Vermelha_ao_pe_do_Pao_de_Acucar\" >22. Praia Vermelha ao p\u00e9 do P\u00e3o de A\u00e7\u00facar<\/a><\/li><\/ul><\/li><li class='ez-toc-page-1 ez-toc-heading-level-2'><a class=\"ez-toc-link ez-toc-heading-28\" href=\"https:\/\/loudavymkrokem.cz\/pt-br\/clima-rio-de-janeiro-dicas\/#Para_onde_ir_a_partir_do_Rio_de_Janeiro\" >Para onde ir a partir do Rio de Janeiro<\/a><\/li><li class='ez-toc-page-1 ez-toc-heading-level-2'><a class=\"ez-toc-link ez-toc-heading-29\" href=\"https:\/\/loudavymkrokem.cz\/pt-br\/clima-rio-de-janeiro-dicas\/#Perguntas_frequentes\" >Perguntas frequentes<\/a><ul class='ez-toc-list-level-3' ><li class='ez-toc-heading-level-3'><a class=\"ez-toc-link ez-toc-heading-30\" href=\"https:\/\/loudavymkrokem.cz\/pt-br\/clima-rio-de-janeiro-dicas\/#O_Rio_de_Janeiro_e_seguro_para_turistas\" >O Rio de Janeiro \u00e9 seguro para turistas?<\/a><\/li><li class='ez-toc-page-1 ez-toc-heading-level-3'><a class=\"ez-toc-link ez-toc-heading-31\" href=\"https:\/\/loudavymkrokem.cz\/pt-br\/clima-rio-de-janeiro-dicas\/#Quantos_dias_preciso_para_visitar_o_Rio\" >Quantos dias preciso para visitar o Rio?<\/a><\/li><li class='ez-toc-page-1 ez-toc-heading-level-3'><a class=\"ez-toc-link ez-toc-heading-32\" href=\"https:\/\/loudavymkrokem.cz\/pt-br\/clima-rio-de-janeiro-dicas\/#Qual_e_a_melhor_forma_de_chegar_a_estatua_do_Cristo_Redentor\" >Qual \u00e9 a melhor forma de chegar \u00e0 est\u00e1tua do Cristo Redentor?<\/a><\/li><li class='ez-toc-page-1 ez-toc-heading-level-3'><a class=\"ez-toc-link ez-toc-heading-33\" href=\"https:\/\/loudavymkrokem.cz\/pt-br\/clima-rio-de-janeiro-dicas\/#Qual_e_a_melhor_epoca_para_viajar_ao_Brasil\" >Qual \u00e9 a melhor \u00e9poca para viajar ao Brasil?<\/a><\/li><li class='ez-toc-page-1 ez-toc-heading-level-3'><a class=\"ez-toc-link ez-toc-heading-34\" href=\"https:\/\/loudavymkrokem.cz\/pt-br\/clima-rio-de-janeiro-dicas\/#Posso_nadar_nas_praias_do_Rio_apos_o_anoitecer\" >Posso nadar nas praias do Rio ap\u00f3s o anoitecer?<\/a><\/li><li class='ez-toc-page-1 ez-toc-heading-level-3'><a class=\"ez-toc-link ez-toc-heading-35\" href=\"https:\/\/loudavymkrokem.cz\/pt-br\/clima-rio-de-janeiro-dicas\/#Como_se_locomover_pela_cidade_e_o_transporte_publico_e_seguro\" >Como se locomover pela cidade e o transporte p\u00fablico \u00e9 seguro?<\/a><\/li><li class='ez-toc-page-1 ez-toc-heading-level-3'><a class=\"ez-toc-link ez-toc-heading-36\" href=\"https:\/\/loudavymkrokem.cz\/pt-br\/clima-rio-de-janeiro-dicas\/#O_que_comer_no_Rio_se_nao_como_carne\" >O que comer no Rio se n\u00e3o como carne?<\/a><\/li><li class='ez-toc-page-1 ez-toc-heading-level-3'><a class=\"ez-toc-link ez-toc-heading-37\" href=\"https:\/\/loudavymkrokem.cz\/pt-br\/clima-rio-de-janeiro-dicas\/#Vale_a_pena_comprar_ingressos_para_as_atracoes_com_muita_antecedencia\" >Vale a pena comprar ingressos para as atra\u00e7\u00f5es com muita anteced\u00eancia?<\/a><\/li><\/ul><\/li><\/ul><\/nav><\/div>\n<h3 class=\"wp-block-heading\"><span class=\"ez-toc-section\" id=\"Resumo_para_quem_nao_tem_tempo_de_ler_o_artigo_inteiro\"><\/span>Resumo para quem n\u00e3o tem tempo de ler o artigo inteiro<span class=\"ez-toc-section-end\"><\/span><\/h3>\n\n\n\n<ul class=\"wp-block-list\">\n\n<li><strong>Planeje de acordo com as nuvens:<\/strong> os pontos mais famosos, como o Cristo Redentor e o P\u00e3o de A\u00e7\u00facar, n\u00e3o fazem sentido na neblina, ent\u00e3o reserve para eles a manh\u00e3 mais clara da sua viagem.<\/li>\n\n\n\n<li><strong>Seguran\u00e7a tem suas regras:<\/strong> mantenha-se no chamado cintur\u00e3o tur\u00edstico de seguran\u00e7a na zona sul e, depois do anoitecer, use sempre um Uber confi\u00e1vel para se deslocar.<\/li>\n\n\n\n<li><strong>Tr\u00eas caminhos at\u00e9 o Cristo:<\/strong> voc\u00ea sobe pelo caro trem, por uma van mais barata ou totalmente de gra\u00e7a, numa trilha puxada pela mata a partir do Parque Lage.<\/li>\n\n\n\n<li><strong>Sistema de postos de salva-vidas:<\/strong> as praias s\u00e3o divididas por guaritas numeradas chamadas postos, sendo o famoso Posto 9, em Ipanema, o ponto de encontro mais animado.<\/li>\n\n\n\n<li><strong>P\u00e3o de A\u00e7\u00facar mais barato:<\/strong> se voc\u00ea subir o primeiro trecho a p\u00e9 pela Trilha do Morro da Urca, economiza metade do pre\u00e7o do bondinho.<\/li>\n\n\n\n<li><strong>Floresta tropical urbana:<\/strong> dentro dos limites da cidade fica o Parque Nacional da Tijuca, que oferece uma fuga fant\u00e1stica do calor para a sombra de \u00e1rvores enormes.<\/li>\n\n\n\n<li><strong>Del\u00edcias locais sem carne:<\/strong> a culin\u00e1ria brasileira ama carne, mas na praia voc\u00ea pode saborear um a\u00e7a\u00ed refrescante, p\u00e3o de queijo ou \u00e1gua de coco fresca.<\/li>\n\n\n<\/ul>\n\n\n\n<h2 class=\"wp-block-heading\"><span class=\"ez-toc-section\" id=\"Quando_ir_ao_Rio_de_Janeiro_e_o_clima_no_Rio_de_Janeiro\"><\/span>Quando ir ao Rio de Janeiro e o clima no Rio de Janeiro<span class=\"ez-toc-section-end\"><\/span><\/h2>\n\n\n\n<p class=\"wp-block-paragraph\">A decis\u00e3o sobre a data da sua viagem influencia n\u00e3o s\u00f3 o or\u00e7amento, mas tamb\u00e9m toda a impress\u00e3o que voc\u00ea vai ter da cidade escaldante \u2014 e por isso vale entender bem o clima no Rio de Janeiro. <strong>A melhor \u00e9poca para visitar \u00e9 de abril a junho e depois de agosto a outubro<\/strong>, quando as temperaturas s\u00e3o bem agrad\u00e1veis e voc\u00ea evita os maiores temporais tropicais. Nesses meses o c\u00e9u costuma estar lindo e limpo, o que \u00e9 absolutamente essencial para visitar todos os mirantes altos, nos quais se baseia toda a experi\u00eancia do Rio.<\/p>\n\n\n\n<p class=\"wp-block-paragraph\">Se voc\u00ea quiser viver a cidade no seu auge, precisa ir durante o ver\u00e3o local, que cai justamente nos meses de dezembro a fevereiro. <strong>O Carnaval e o grandioso R\u00e9veillon na praia de Copacabana significam os pre\u00e7os mais altos do ano inteiro<\/strong>, e hot\u00e9is e passagens costumam estar esgotados muitos meses antes. Voc\u00ea tamb\u00e9m precisa se preparar para umidade extrema e calor abrasador, que pode passar dos quarenta graus, o que torna as caminhadas entre os pontos tur\u00edsticos realmente cansativas.<\/p>\n\n\n\n<p class=\"wp-block-paragraph\">Seja qual for o m\u00eas que voc\u00ea escolher, n\u00e3o esque\u00e7a a regra de ouro do planejamento flex\u00edvel de que j\u00e1 falamos. <strong>Deixe pelo menos dois a tr\u00eas dias de reserva<\/strong>, para poder subir ao Corcovado exatamente na manh\u00e3 em que as nuvens sobre a cidade se abrirem. A previs\u00e3o do tempo no Rio de Janeiro \u00e9 fortemente influenciada pelo oceano e pelas montanhas ao redor, ent\u00e3o o tempo pode mudar muito r\u00e1pido de uma hora para outra, e comprar ingressos para um dia espec\u00edfico com muita anteced\u00eancia representa um risco enorme.<\/p>\n\n\n\n<h2 class=\"wp-block-heading\"><span class=\"ez-toc-section\" id=\"Seguranca_no_Rio_de_Janeiro_como_aproveitar_a_viagem_sem_preocupacoes\"><\/span>Seguran\u00e7a no Rio de Janeiro: como aproveitar a viagem sem preocupa\u00e7\u00f5es<span class=\"ez-toc-section-end\"><\/span><\/h2>\n\n\n\n<p class=\"wp-block-paragraph\">A quest\u00e3o da seguran\u00e7a \u00e9 provavelmente a primeira coisa que todo viajante pesquisa na internet antes de ir ao Brasil. <strong>O Rio de Janeiro definitivamente n\u00e3o \u00e9 uma zona de guerra, mas exige que voc\u00ea siga regras claras<\/strong>, gra\u00e7as \u00e0s quais vai curtir a cidade com total tranquilidade. O b\u00e1sico \u00e9 circular pelo chamado cintur\u00e3o tur\u00edstico de seguran\u00e7a, formado pelos bairros mais nobres \u2014 Ipanema, Leblon, Copacabana, Botafogo e Urca \u2014, onde h\u00e1 policiamento tur\u00edstico em cada esquina.<\/p>\n\n\n\n<p class=\"wp-block-paragraph\">E os n\u00fameros confirmam isso \u2014 os bairros Leblon e Ipanema registraram zero homic\u00eddios em 2026, o que diz mais sobre a seguran\u00e7a deles do que qualquer blog de viagem. J\u00e1 na movimentada praia de Copacabana voc\u00ea precisa contar com pequenos furtos ocasionais, batedores de carteira e o famoso arrancar o celular da m\u00e3o, especialmente no cal\u00e7ad\u00e3o largo \u00e0 beira-mar.<\/p>\n\n\n\n<p class=\"wp-block-paragraph\">Depois do anoitecer vale uma regra simples: Uber, sempre e em qualquer lugar, mesmo em dist\u00e2ncias curtas entre bairros vizinhos \u2014 o Centro hist\u00f3rico fica t\u00e3o vazio depois do hor\u00e1rio comercial que \u00e0 noite simplesmente n\u00e3o se anda por l\u00e1, e o mesmo vale para a proibi\u00e7\u00e3o rigorosa de caminhadas noturnas em qualquer praia, porque as extens\u00f5es de areia desertas atraem problemas.<\/p>\n\n\n\n<h2 class=\"wp-block-heading\"><span class=\"ez-toc-section\" id=\"Onde_se_hospedar_no_Rio_de_Janeiro\"><\/span>Onde se hospedar no Rio de Janeiro<span class=\"ez-toc-section-end\"><\/span><\/h2>\n\n\n\n<p class=\"wp-block-paragraph\">Escolher a localiza\u00e7\u00e3o certa para o seu hotel influencia toda a sua experi\u00eancia na cidade, por isso voc\u00ea deve procurar hospedagem exclusivamente na zona sul. <strong>A melhor op\u00e7\u00e3o para uma primeira visita \u00e9 a regi\u00e3o das praias de Ipanema e Leblon<\/strong>, que oferecem uma cena gastron\u00f4mica fant\u00e1stica, ruas seguras cheias de lojinhas e \u00f3tima conex\u00e3o de metr\u00f4 com o resto da cidade. Esses bairros s\u00e3o mais caros, mas o investimento em noites tranquilas e passeios noturnos despreocupados vale totalmente a pena.<\/p>\n\n\n\n<p class=\"wp-block-paragraph\">Se voc\u00ea procura uma op\u00e7\u00e3o um pouco mais em conta, mas ainda quer ficar no centro da a\u00e7\u00e3o, foque a aten\u00e7\u00e3o na lend\u00e1ria Copacabana ou no vizinho Botafogo. <strong>O Botafogo, em especial, vive um boom enorme nos \u00faltimos anos<\/strong>, com novas cafeterias abrindo e uma das vistas mais bonitas do P\u00e3o de A\u00e7\u00facar direto da orla. A hist\u00f3rica Santa Teresa, no morro, atrai pela atmosfera bo\u00eamia, mas logisticamente \u00e9 meio isolada para passeios di\u00e1rios e mais dif\u00edcil de acessar \u00e0 noite.<\/p>\n\n\n\n<p class=\"wp-block-paragraph\">Para a sua reserva pelo popular <a class=\"thirstylink\" rel=\"nofollow\" target=\"_blank\" title=\"Booking.com\" href=\"https:\/\/loudavymkrokem.cz\/doporucujeme\/booking-com\/\" data-shortcode=\"true\">Booking.com<\/a> eu recomendo escolher hot\u00e9is verificados, com recep\u00e7\u00e3o 24 horas e boa avalia\u00e7\u00e3o. <strong>Uma \u00f3tima escolha na praia \u00e9 o Arena Ipanema Hotel<\/strong>, que tem uma piscina deslumbrante no rooftop com vista para o oceano e fica a poucos passos do famoso Posto 8. <strong>Para uma experi\u00eancia mais luxuosa, escolha o ic\u00f4nico Hotel Fasano Rio de Janeiro<\/strong>, cujo design e localiza\u00e7\u00e3o n\u00e3o t\u00eam concorr\u00eancia na cidade, enquanto em Botafogo voc\u00ea vai se surpreender com o estiloso <strong>Yoo2 Rio de Janeiro by Intercity<\/strong>, com uma vista fant\u00e1stica da ba\u00eda.<\/p>\n\n\n\n\n\n<p class=\"wp-block-paragraph\"><em>\ud83d\udca1 <a href=\"https:\/\/www.stay22.com\/allez\/roam?aid=lukaskonecny&#038;campaign=loudavymkrokemcz&#038;campaign=co-videt-v-rio-de-janeiru&#038;address=Rio%20de%20Janeiro%2C%20Braz%C3%ADlie\" target=\"_blank\" rel=\"nofollow noopener sponsored\">Neste mapa voc\u00ea compara o que est\u00e1 dispon\u00edvel agora mesmo<\/a> \u2014 d\u00e1 para ver na hora quanto mais barata fica a hospedagem a um quarteir\u00e3o da Avenida Atl\u00e2ntica.<\/em><\/p>\n\n<h2 class=\"wp-block-heading\"><span class=\"ez-toc-section\" id=\"22_dicas_do_que_ver_e_fazer_no_Rio_de_Janeiro\"><\/span>22 dicas do que ver e fazer no Rio de Janeiro<span class=\"ez-toc-section-end\"><\/span><\/h2>\n\n\n\n<p class=\"wp-block-paragraph\">Pronto, agora ao melhor de tudo \u2014 os lugares que valem a pena. \u00cdcones famosos e alguns tesouros escondidos que v\u00e3o te fazer conhecer a cidade de todos os \u00e2ngulos.<\/p>\n\n\n\n<figure data-wp-context=\"{&quot;imageId&quot;:&quot;6a9c4ee136d5c&quot;}\" data-wp-interactive=\"core\/image\" data-wp-key=\"6a9c4ee136d5c\" class=\"wp-block-image size-full wp-lightbox-container\"><img decoding=\"async\" width=\"1600\" height=\"2133\" data-wp-class--hide=\"state.isContentHidden\" data-wp-class--show=\"state.isContentVisible\" data-wp-init=\"callbacks.setButtonStyles\" data-wp-on--click=\"actions.showLightbox\" data-wp-on--load=\"callbacks.setButtonStyles\" data-wp-on--pointerdown=\"actions.preloadImage\" data-wp-on--pointerenter=\"actions.preloadImageWithDelay\" data-wp-on--pointerleave=\"actions.cancelPreload\" data-wp-on-window--resize=\"callbacks.setButtonStyles\" src=\"https:\/\/loudavymkrokem.cz\/wp-content\/uploads\/2026\/09\/krista-spasitele.jpg\" alt=\"Est\u00e1tua do Cristo Redentor\" class=\"wp-image-413166\" title=\"\" srcset=\"https:\/\/loudavymkrokem.cz\/wp-content\/uploads\/2026\/09\/krista-spasitele.jpg 1600w, https:\/\/loudavymkrokem.cz\/wp-content\/uploads\/2026\/09\/krista-spasitele-225x300.jpg 225w, https:\/\/loudavymkrokem.cz\/wp-content\/uploads\/2026\/09\/krista-spasitele-700x933.jpg 700w, https:\/\/loudavymkrokem.cz\/wp-content\/uploads\/2026\/09\/krista-spasitele-768x1024.jpg 768w, https:\/\/loudavymkrokem.cz\/wp-content\/uploads\/2026\/09\/krista-spasitele-1152x1536.jpg 1152w, https:\/\/loudavymkrokem.cz\/wp-content\/uploads\/2026\/09\/krista-spasitele-1536x2048.jpg 1536w, https:\/\/loudavymkrokem.cz\/wp-content\/uploads\/2026\/09\/krista-spasitele-696x928.jpg 696w, https:\/\/loudavymkrokem.cz\/wp-content\/uploads\/2026\/09\/krista-spasitele-1392x1856.jpg 1392w\" sizes=\"(max-width: 1600px) 100vw, 1600px\" \/><button\n\t\t\tclass=\"lightbox-trigger\"\n\t\t\ttype=\"button\"\n\t\t\taria-haspopup=\"dialog\"\n\t\t\tdata-wp-bind--aria-label=\"state.thisImage.triggerButtonAriaLabel\"\n\t\t\tdata-wp-init=\"callbacks.initTriggerButton\"\n\t\t\tdata-wp-on--click=\"actions.showLightbox\"\n\t\t\tdata-wp-style--right=\"state.thisImage.buttonRight\"\n\t\t\tdata-wp-style--top=\"state.thisImage.buttonTop\"\n\t\t>\n\t\t\t<svg xmlns=\"http:\/\/www.w3.org\/2000\/svg\" width=\"12\" height=\"12\" fill=\"none\" viewBox=\"0 0 12 12\">\n\t\t\t\t<path fill=\"#fff\" d=\"M2 0a2 2 0 0 0-2 2v2h1.5V2a.5.5 0 0 1 .5-.5h2V0H2Zm2 10.5H2a.5.5 0 0 1-.5-.5V8H0v2a2 2 0 0 0 2 2h2v-1.5ZM8 12v-1.5h2a.5.5 0 0 0 .5-.5V8H12v2a2 2 0 0 1-2 2H8Zm2-12a2 2 0 0 1 2 2v2h-1.5V2a.5.5 0 0 0-.5-.5H8V0h2Z\" \/>\n\t\t\t<\/svg>\n\t\t<\/button><figcaption class=\"wp-element-caption\">Foto: Keryson Patrick Oliveira Belarmino \/ Google Maps<\/figcaption><\/figure>\n\n\n\n<h3 class=\"wp-block-heading\"><span class=\"ez-toc-section\" id=\"1_Estatua_do_Cristo_Redentor\"><\/span>1. Est\u00e1tua do Cristo Redentor<span class=\"ez-toc-section-end\"><\/span><\/h3>\n\n\n\n<p class=\"wp-block-paragraph\">Esse \u00edcone de trinta metros que se ergue no topo do morro do Corcovado \u00e9, sem d\u00favida, o s\u00edmbolo mais conhecido de todo o Brasil. <strong>A est\u00e1tua fica a 710 metros de altitude e as nuvens conseguem escond\u00ea-la o dia inteiro<\/strong>, por isso \u00e9 absolutamente crucial ir at\u00e9 l\u00e1 apenas quando o c\u00e9u sobre a cidade estiver limpo e azul. Do alto voc\u00ea v\u00ea a cidade inteira de uma vez \u2014 a Ba\u00eda de Guanabara, as florestas ao redor e as praias distantes \u2014 e, com boa visibilidade, entende por que as pessoas v\u00eam de todo o mundo para c\u00e1.<\/p>\n\n\n\n<p class=\"wp-block-paragraph\">Curiosamente, h\u00e1 v\u00e1rios caminhos diferentes at\u00e9 o monumento, entre os quais voc\u00ea pode escolher de acordo com o or\u00e7amento e a condi\u00e7\u00e3o f\u00edsica. <strong>A op\u00e7\u00e3o mais cara e mais popular \u00e9 o <a href=\"https:\/\/www.tremdocorcovado.rio\/\" rel=\"nofollow noopener\" target=\"_blank\">hist\u00f3rico trem do Corcovado<\/a><\/strong>, um pouco mais barata sai a van oficial do centro de visitantes das Paineiras, e o caminho mais econ\u00f4mico de todos \u00e9 a subida a p\u00e9, bem puxada. A est\u00e1tua em si, de 1931, \u00e9 uma obra-prima do estilo art d\u00e9co, e seus bra\u00e7os abertos d\u00e3o simbolicamente as boas-vindas a todos os visitantes da cidade.<\/p>\n\n\n\n<p class=\"wp-block-paragraph\">\ud83d\udca1 Dica: <strong>se voc\u00ea optar pela trilha a p\u00e9, ela come\u00e7a no lind\u00edssimo Parque Lage<\/strong> e sobe \u00edngreme pela mata densa. Leva cerca de duas a tr\u00eas horas, no caminho voc\u00ea provavelmente vai encontrar macacos curiosos, mas \u00e9 preciso cal\u00e7ado firme e bastante \u00e1gua, porque a subida no calor \u00famido tropical \u00e9 realmente exaustiva.<\/p>\n\n\n\n<figure data-wp-context=\"{&quot;imageId&quot;:&quot;6a9c4ee13722b&quot;}\" data-wp-interactive=\"core\/image\" data-wp-key=\"6a9c4ee13722b\" class=\"wp-block-image size-full wp-lightbox-container\"><img decoding=\"async\" width=\"640\" height=\"480\" data-wp-class--hide=\"state.isContentHidden\" data-wp-class--show=\"state.isContentVisible\" data-wp-init=\"callbacks.setButtonStyles\" data-wp-on--click=\"actions.showLightbox\" data-wp-on--load=\"callbacks.setButtonStyles\" data-wp-on--pointerdown=\"actions.preloadImage\" data-wp-on--pointerenter=\"actions.preloadImageWithDelay\" data-wp-on--pointerleave=\"actions.cancelPreload\" data-wp-on-window--resize=\"callbacks.setButtonStyles\" src=\"https:\/\/loudavymkrokem.cz\/wp-content\/uploads\/2026\/09\/na-cukrovou-homoli.jpg\" alt=\"Bondinho do P\u00e3o de A\u00e7\u00facar\" class=\"wp-image-413170\" title=\"\" srcset=\"https:\/\/loudavymkrokem.cz\/wp-content\/uploads\/2026\/09\/na-cukrovou-homoli.jpg 640w, https:\/\/loudavymkrokem.cz\/wp-content\/uploads\/2026\/09\/na-cukrovou-homoli-300x225.jpg 300w, https:\/\/loudavymkrokem.cz\/wp-content\/uploads\/2026\/09\/na-cukrovou-homoli-80x60.jpg 80w, https:\/\/loudavymkrokem.cz\/wp-content\/uploads\/2026\/09\/na-cukrovou-homoli-160x120.jpg 160w\" sizes=\"(max-width: 640px) 100vw, 640px\" \/><button\n\t\t\tclass=\"lightbox-trigger\"\n\t\t\ttype=\"button\"\n\t\t\taria-haspopup=\"dialog\"\n\t\t\tdata-wp-bind--aria-label=\"state.thisImage.triggerButtonAriaLabel\"\n\t\t\tdata-wp-init=\"callbacks.initTriggerButton\"\n\t\t\tdata-wp-on--click=\"actions.showLightbox\"\n\t\t\tdata-wp-style--right=\"state.thisImage.buttonRight\"\n\t\t\tdata-wp-style--top=\"state.thisImage.buttonTop\"\n\t\t>\n\t\t\t<svg xmlns=\"http:\/\/www.w3.org\/2000\/svg\" width=\"12\" height=\"12\" fill=\"none\" viewBox=\"0 0 12 12\">\n\t\t\t\t<path fill=\"#fff\" d=\"M2 0a2 2 0 0 0-2 2v2h1.5V2a.5.5 0 0 1 .5-.5h2V0H2Zm2 10.5H2a.5.5 0 0 1-.5-.5V8H0v2a2 2 0 0 0 2 2h2v-1.5ZM8 12v-1.5h2a.5.5 0 0 0 .5-.5V8H12v2a2 2 0 0 1-2 2H8Zm2-12a2 2 0 0 1 2 2v2h-1.5V2a.5.5 0 0 0-.5-.5H8V0h2Z\" \/>\n\t\t\t<\/svg>\n\t\t<\/button><figcaption class=\"wp-element-caption\">Foto: S\u00f3 Jesus salvar \/ Google Maps<\/figcaption><\/figure>\n\n\n\n<h3 class=\"wp-block-heading\"><span class=\"ez-toc-section\" id=\"2_Bondinho_do_Pao_de_Acucar\"><\/span>2. Bondinho do P\u00e3o de A\u00e7\u00facar<span class=\"ez-toc-section-end\"><\/span><\/h3>\n\n\n\n<p class=\"wp-block-paragraph\">O segundo mirante mais importante da cidade \u00e9 o enorme mon\u00f3lito de granito que se ergue \u00edngreme direto das \u00e1guas do oceano. <strong>O <a href=\"https:\/\/bondinho.com.br\/\" rel=\"nofollow noopener\" target=\"_blank\">bondinho envidra\u00e7ado<\/a> te leva ao topo em dois trechos separados<\/strong>, e j\u00e1 da primeira esta\u00e7\u00e3o de baldea\u00e7\u00e3o, no Morro da Urca, se abre um espet\u00e1culo fant\u00e1stico com iates ancorados e avi\u00f5es pousando. No topo do P\u00e3o de A\u00e7\u00facar voc\u00ea chega aos 396 metros de altitude e v\u00ea a cidade inteira, com o Cristo do outro lado, na palma da m\u00e3o.<\/p>\n\n\n\n<p class=\"wp-block-paragraph\">Essa maravilha geol\u00f3gica \u00e9 cercada por vegeta\u00e7\u00e3o exuberante e ali voc\u00ea pode observar os pequenos micos-estrela, que pulam animados nas copas das \u00e1rvores. <strong>Todo o maci\u00e7o funciona como um grande monumento natural<\/strong>, ent\u00e3o, embora v\u00e1rios mapas mostrem o bondinho e o morro como lugares separados, trata-se de uma \u00fanica experi\u00eancia integrada. A vista daqui \u00e9 absolutamente m\u00e1gica, principalmente no fim da tarde, quando o sol se p\u00f5e lentamente atr\u00e1s dos altos picos do Parque Nacional da Tijuca e a cidade come\u00e7a a se iluminar.<\/p>\n\n\n\n<p class=\"wp-block-paragraph\">\ud83d\udca1 Dica: <strong>se voc\u00ea quer economizar bastante no ingresso, que \u00e9 caro, use a Trilha do Morro da Urca<\/strong>, pela qual d\u00e1 para vencer o primeiro trecho a p\u00e9 pela mata em cerca de quarenta minutos. L\u00e1 em cima voc\u00ea compra o bilhete s\u00f3 do segundo trecho do bondinho, cortando o custo total pela metade e ainda evitando as longas filas l\u00e1 embaixo, nas bilheterias.<\/p>\n\n\n\n<figure data-wp-context=\"{&quot;imageId&quot;:&quot;6a9c4ee137658&quot;}\" data-wp-interactive=\"core\/image\" data-wp-key=\"6a9c4ee137658\" class=\"wp-block-image size-full wp-lightbox-container\"><img decoding=\"async\" width=\"1200\" height=\"675\" data-wp-class--hide=\"state.isContentHidden\" data-wp-class--show=\"state.isContentVisible\" data-wp-init=\"callbacks.setButtonStyles\" data-wp-on--click=\"actions.showLightbox\" data-wp-on--load=\"callbacks.setButtonStyles\" data-wp-on--pointerdown=\"actions.preloadImage\" data-wp-on--pointerenter=\"actions.preloadImageWithDelay\" data-wp-on--pointerleave=\"actions.cancelPreload\" data-wp-on-window--resize=\"callbacks.setButtonStyles\" src=\"https:\/\/loudavymkrokem.cz\/wp-content\/uploads\/2026\/09\/copacabana.jpg\" alt=\"Praia de Copacabana e o Forte de Copacabana\" class=\"wp-image-413175\" title=\"\" srcset=\"https:\/\/loudavymkrokem.cz\/wp-content\/uploads\/2026\/09\/copacabana.jpg 1200w, https:\/\/loudavymkrokem.cz\/wp-content\/uploads\/2026\/09\/copacabana-300x169.jpg 300w, https:\/\/loudavymkrokem.cz\/wp-content\/uploads\/2026\/09\/copacabana-700x394.jpg 700w, https:\/\/loudavymkrokem.cz\/wp-content\/uploads\/2026\/09\/copacabana-768x432.jpg 768w, https:\/\/loudavymkrokem.cz\/wp-content\/uploads\/2026\/09\/copacabana-696x392.jpg 696w\" sizes=\"(max-width: 1200px) 100vw, 1200px\" \/><button\n\t\t\tclass=\"lightbox-trigger\"\n\t\t\ttype=\"button\"\n\t\t\taria-haspopup=\"dialog\"\n\t\t\tdata-wp-bind--aria-label=\"state.thisImage.triggerButtonAriaLabel\"\n\t\t\tdata-wp-init=\"callbacks.initTriggerButton\"\n\t\t\tdata-wp-on--click=\"actions.showLightbox\"\n\t\t\tdata-wp-style--right=\"state.thisImage.buttonRight\"\n\t\t\tdata-wp-style--top=\"state.thisImage.buttonTop\"\n\t\t>\n\t\t\t<svg xmlns=\"http:\/\/www.w3.org\/2000\/svg\" width=\"12\" height=\"12\" fill=\"none\" viewBox=\"0 0 12 12\">\n\t\t\t\t<path fill=\"#fff\" d=\"M2 0a2 2 0 0 0-2 2v2h1.5V2a.5.5 0 0 1 .5-.5h2V0H2Zm2 10.5H2a.5.5 0 0 1-.5-.5V8H0v2a2 2 0 0 0 2 2h2v-1.5ZM8 12v-1.5h2a.5.5 0 0 0 .5-.5V8H12v2a2 2 0 0 1-2 2H8Zm2-12a2 2 0 0 1 2 2v2h-1.5V2a.5.5 0 0 0-.5-.5H8V0h2Z\" \/>\n\t\t\t<\/svg>\n\t\t<\/button><figcaption class=\"wp-element-caption\">Foto: Alby Set \/ Google Maps<\/figcaption><\/figure>\n\n\n\n<h3 class=\"wp-block-heading\"><span class=\"ez-toc-section\" id=\"3_Praia_de_Copacabana_e_o_Forte_de_Copacabana\"><\/span>3. Praia de Copacabana e o Forte de Copacabana<span class=\"ez-toc-section-end\"><\/span><\/h3>\n\n\n\n<p class=\"wp-block-paragraph\">Provavelmente n\u00e3o existe faixa de areia mais famosa no mundo do que este trecho de tr\u00eas quil\u00f4metros e meio, ladeado pelo ic\u00f4nico cal\u00e7ad\u00e3o de pedras portuguesas em ondas preto e branco. <strong>Copacabana \u00e9 o cora\u00e7\u00e3o pulsante de todo o Rio<\/strong>, onde do in\u00edcio da manh\u00e3 at\u00e9 o fim da tarde se joga v\u00f4lei de praia, se bebem drinques refrescantes dos quiosques e os cariocas se encontram com turistas do mundo todo. As ondas costumam ser bem fortes, mas a larga faixa de areia fina oferece espa\u00e7o de sobra para tomar sol e fazer longas caminhadas.<\/p>\n\n\n\n<p class=\"wp-block-paragraph\">Na extremidade sul da praia se ergue com orgulho a hist\u00f3rica fortaleza militar do in\u00edcio do s\u00e9culo XX, que hoje funciona como um museu fascinante. <strong>O Forte de Copacabana oferece uma vista perfeita de toda a extens\u00e3o da praia<\/strong> at\u00e9 o majestoso P\u00e3o de A\u00e7\u00facar ao longe. Dentro do complexo voc\u00ea pode ver canh\u00f5es conservados, uniformes hist\u00f3ricos e fotos antigas que contam a complexa hist\u00f3ria militar deste imenso pa\u00eds sul-americano.<\/p>\n\n\n\n<p class=\"wp-block-paragraph\">\ud83d\udca1 Dica: <strong>dentro do forte fica a famosa Confeitaria Colombo<\/strong>, onde voc\u00ea pode sentar no terra\u00e7o ao ar livre, pedir um caf\u00e9 excelente com p\u00e3o de queijo e curtir total tranquilidade, longe das multid\u00f5es da praia. S\u00f3 n\u00e3o esque\u00e7a que o cal\u00e7ad\u00e3o se percorre apenas de dia; depois de escurecer, prefira ir de t\u00e1xi.<\/p>\n\n\n\n<figure data-wp-context=\"{&quot;imageId&quot;:&quot;6a9c4ee137a84&quot;}\" data-wp-interactive=\"core\/image\" data-wp-key=\"6a9c4ee137a84\" class=\"wp-block-image size-full wp-lightbox-container\"><img decoding=\"async\" width=\"1200\" height=\"900\" data-wp-class--hide=\"state.isContentHidden\" data-wp-class--show=\"state.isContentVisible\" data-wp-init=\"callbacks.setButtonStyles\" data-wp-on--click=\"actions.showLightbox\" data-wp-on--load=\"callbacks.setButtonStyles\" data-wp-on--pointerdown=\"actions.preloadImage\" data-wp-on--pointerenter=\"actions.preloadImageWithDelay\" data-wp-on--pointerleave=\"actions.cancelPreload\" data-wp-on-window--resize=\"callbacks.setButtonStyles\" src=\"https:\/\/loudavymkrokem.cz\/wp-content\/uploads\/2026\/09\/ipanema.jpg\" alt=\"Praia de Ipanema e o sistema de postos de salva-vidas\" class=\"wp-image-413179\" title=\"\" srcset=\"https:\/\/loudavymkrokem.cz\/wp-content\/uploads\/2026\/09\/ipanema.jpg 1200w, https:\/\/loudavymkrokem.cz\/wp-content\/uploads\/2026\/09\/ipanema-300x225.jpg 300w, https:\/\/loudavymkrokem.cz\/wp-content\/uploads\/2026\/09\/ipanema-700x525.jpg 700w, https:\/\/loudavymkrokem.cz\/wp-content\/uploads\/2026\/09\/ipanema-768x576.jpg 768w, https:\/\/loudavymkrokem.cz\/wp-content\/uploads\/2026\/09\/ipanema-80x60.jpg 80w, https:\/\/loudavymkrokem.cz\/wp-content\/uploads\/2026\/09\/ipanema-160x120.jpg 160w, https:\/\/loudavymkrokem.cz\/wp-content\/uploads\/2026\/09\/ipanema-696x522.jpg 696w\" sizes=\"(max-width: 1200px) 100vw, 1200px\" \/><button\n\t\t\tclass=\"lightbox-trigger\"\n\t\t\ttype=\"button\"\n\t\t\taria-haspopup=\"dialog\"\n\t\t\tdata-wp-bind--aria-label=\"state.thisImage.triggerButtonAriaLabel\"\n\t\t\tdata-wp-init=\"callbacks.initTriggerButton\"\n\t\t\tdata-wp-on--click=\"actions.showLightbox\"\n\t\t\tdata-wp-style--right=\"state.thisImage.buttonRight\"\n\t\t\tdata-wp-style--top=\"state.thisImage.buttonTop\"\n\t\t>\n\t\t\t<svg xmlns=\"http:\/\/www.w3.org\/2000\/svg\" width=\"12\" height=\"12\" fill=\"none\" viewBox=\"0 0 12 12\">\n\t\t\t\t<path fill=\"#fff\" d=\"M2 0a2 2 0 0 0-2 2v2h1.5V2a.5.5 0 0 1 .5-.5h2V0H2Zm2 10.5H2a.5.5 0 0 1-.5-.5V8H0v2a2 2 0 0 0 2 2h2v-1.5ZM8 12v-1.5h2a.5.5 0 0 0 .5-.5V8H12v2a2 2 0 0 1-2 2H8Zm2-12a2 2 0 0 1 2 2v2h-1.5V2a.5.5 0 0 0-.5-.5H8V0h2Z\" \/>\n\t\t\t<\/svg>\n\t\t<\/button><figcaption class=\"wp-element-caption\">Foto: Alby Set \/ Google Maps<\/figcaption><\/figure>\n\n\n\n<h3 class=\"wp-block-heading\"><span class=\"ez-toc-section\" id=\"4_Praia_de_Ipanema_e_o_sistema_de_postos_de_salva-vidas\"><\/span>4. Praia de Ipanema e o sistema de postos de salva-vidas<span class=\"ez-toc-section-end\"><\/span><\/h3>\n\n\n\n<p class=\"wp-block-paragraph\">Se Copacabana representa o turismo de massa, Ipanema \u00e9 o s\u00edmbolo da eleg\u00e2ncia, da moda e do estilo de vida praiano descontra\u00eddo. <strong>Essa praia \u00e9 famosa pela \u00e1gua incrivelmente limpa e pelas vistas lindas do Morro Dois Irm\u00e3os<\/strong>, que formam o cen\u00e1rio perfeito para qualquer foto. A areia aqui \u00e9 um pouco mais fina e a atmosfera geral atrai mais a galera jovem, artistas e amantes de design, que v\u00eam das ruas de lojinhas ao redor.<\/p>\n\n\n\n<p class=\"wp-block-paragraph\">Para se orientar na longa orla, os cariocas usam os chamados postos, que s\u00e3o as guaritas numeradas de salva-vidas espalhadas em intervalos regulares. <strong>O ponto mais famoso \u00e9, sem d\u00favida, o Posto 9, em Ipanema<\/strong>, que historicamente funciona como o principal ponto de encontro, para onde as pessoas v\u00e3o se divertir, exibir os biqu\u00ednis novos e conversar sobre a vida. Cada posto tem sua atmosfera espec\u00edfica e atrai um p\u00fablico um pouco diferente, de fam\u00edlias com crian\u00e7as a esportistas dedicados.<\/p>\n\n\n\n<p class=\"wp-block-paragraph\">\ud83d\udca1 Dica: <strong>quando bater a fome, voc\u00ea nem precisa sair da praia, basta comprar dos vendedores uma tigela de a\u00e7a\u00ed bem gelado<\/strong>, aquela polpa roxa e cremosa das palmeiras amaz\u00f4nicas coberta com granola crocante e banana. \u00c9 uma del\u00edcia perfeita, refrescante e totalmente sem carne, que no calor tropical te d\u00e1 na hora a energia necess\u00e1ria para o pr\u00f3ximo mergulho.<\/p>\n\n\n\n<figure data-wp-context=\"{&quot;imageId&quot;:&quot;6a9c4ee137ee2&quot;}\" data-wp-interactive=\"core\/image\" data-wp-key=\"6a9c4ee137ee2\" class=\"wp-block-image size-full wp-lightbox-container\"><img decoding=\"async\" width=\"1600\" height=\"739\" data-wp-class--hide=\"state.isContentHidden\" data-wp-class--show=\"state.isContentVisible\" data-wp-init=\"callbacks.setButtonStyles\" data-wp-on--click=\"actions.showLightbox\" data-wp-on--load=\"callbacks.setButtonStyles\" data-wp-on--pointerdown=\"actions.preloadImage\" data-wp-on--pointerenter=\"actions.preloadImageWithDelay\" data-wp-on--pointerleave=\"actions.cancelPreload\" data-wp-on-window--resize=\"callbacks.setButtonStyles\" src=\"https:\/\/loudavymkrokem.cz\/wp-content\/uploads\/2026\/09\/leblon.jpg\" alt=\"Praia do Leblon e o Mirante do Leblon\" class=\"wp-image-413183\" title=\"\" srcset=\"https:\/\/loudavymkrokem.cz\/wp-content\/uploads\/2026\/09\/leblon.jpg 1600w, https:\/\/loudavymkrokem.cz\/wp-content\/uploads\/2026\/09\/leblon-300x139.jpg 300w, https:\/\/loudavymkrokem.cz\/wp-content\/uploads\/2026\/09\/leblon-700x323.jpg 700w, https:\/\/loudavymkrokem.cz\/wp-content\/uploads\/2026\/09\/leblon-768x355.jpg 768w, https:\/\/loudavymkrokem.cz\/wp-content\/uploads\/2026\/09\/leblon-1536x709.jpg 1536w, https:\/\/loudavymkrokem.cz\/wp-content\/uploads\/2026\/09\/leblon-696x321.jpg 696w, https:\/\/loudavymkrokem.cz\/wp-content\/uploads\/2026\/09\/leblon-1392x643.jpg 1392w\" sizes=\"(max-width: 1600px) 100vw, 1600px\" \/><button\n\t\t\tclass=\"lightbox-trigger\"\n\t\t\ttype=\"button\"\n\t\t\taria-haspopup=\"dialog\"\n\t\t\tdata-wp-bind--aria-label=\"state.thisImage.triggerButtonAriaLabel\"\n\t\t\tdata-wp-init=\"callbacks.initTriggerButton\"\n\t\t\tdata-wp-on--click=\"actions.showLightbox\"\n\t\t\tdata-wp-style--right=\"state.thisImage.buttonRight\"\n\t\t\tdata-wp-style--top=\"state.thisImage.buttonTop\"\n\t\t>\n\t\t\t<svg xmlns=\"http:\/\/www.w3.org\/2000\/svg\" width=\"12\" height=\"12\" fill=\"none\" viewBox=\"0 0 12 12\">\n\t\t\t\t<path fill=\"#fff\" d=\"M2 0a2 2 0 0 0-2 2v2h1.5V2a.5.5 0 0 1 .5-.5h2V0H2Zm2 10.5H2a.5.5 0 0 1-.5-.5V8H0v2a2 2 0 0 0 2 2h2v-1.5ZM8 12v-1.5h2a.5.5 0 0 0 .5-.5V8H12v2a2 2 0 0 1-2 2H8Zm2-12a2 2 0 0 1 2 2v2h-1.5V2a.5.5 0 0 0-.5-.5H8V0h2Z\" \/>\n\t\t\t<\/svg>\n\t\t<\/button><figcaption class=\"wp-element-caption\">Foto: Cassiano Neto \/ Google Maps<\/figcaption><\/figure>\n\n\n\n<h3 class=\"wp-block-heading\"><span class=\"ez-toc-section\" id=\"5_Praia_do_Leblon_e_o_Mirante_do_Leblon\"><\/span>5. Praia do Leblon e o Mirante do Leblon<span class=\"ez-toc-section-end\"><\/span><\/h3>\n\n\n\n<p class=\"wp-block-paragraph\">Logo depois do canal que separa Ipanema fica o exclusivo bairro do Leblon, com sua pr\u00f3pria praia, bem mais tranquila. <strong>O Leblon \u00e9 considerado a parte mais segura e prestigiada de toda a cidade<\/strong>, o que se reflete n\u00e3o s\u00f3 na estat\u00edstica zerada de crimes graves, mas tamb\u00e9m no capricho dos quiosques e na limpeza da orla inteira. A praia \u00e9 dom\u00ednio dos moradores locais, das fam\u00edlias com crian\u00e7as e de celebridades, que v\u00eam relaxar sob os guarda-s\u00f3is longe do maior agito tur\u00edstico.<\/p>\n\n\n\n<p class=\"wp-block-paragraph\">Na ponta da praia, onde a rua come\u00e7a a subir os morros \u00edngremes, voc\u00ea encontra um lindo deque de madeira suspenso sobre o oceano barulhento. <strong>O Mirante do Leblon te oferece a vista ic\u00f4nica de toda a extens\u00e3o das praias do Leblon e de Ipanema<\/strong>, ladeadas por palmeiras e pr\u00e9dios modernos e altos. Especialmente \u00e0 tarde, o pessoal chega de bicicleta para comprar \u00e1gua de coco gelada nas barraquinhas e ver a cidade adormecer aos poucos.<\/p>\n\n\n\n<p class=\"wp-block-paragraph\">\ud83d\udca1 Dica: <strong>no pr\u00f3prio mirante funcionam alguns barzinhos, onde voc\u00ea pode tomar um suco fresco de frutas tropicais<\/strong> e ouvir o barulho das ondas enormes se quebrando nas pedras logo abaixo de voc\u00ea. \u00c9 o lugar ideal para encerrar de forma rom\u00e2ntica um longo dia, e ainda d\u00e1 para chegar da praia numa caminhada tranquila pelo cal\u00e7ad\u00e3o seguro.<\/p>\n\n\n\n<figure data-wp-context=\"{&quot;imageId&quot;:&quot;6a9c4ee13831b&quot;}\" data-wp-interactive=\"core\/image\" data-wp-key=\"6a9c4ee13831b\" class=\"wp-block-image size-full wp-lightbox-container\"><img decoding=\"async\" width=\"1600\" height=\"1068\" data-wp-class--hide=\"state.isContentHidden\" data-wp-class--show=\"state.isContentVisible\" data-wp-init=\"callbacks.setButtonStyles\" data-wp-on--click=\"actions.showLightbox\" data-wp-on--load=\"callbacks.setButtonStyles\" data-wp-on--pointerdown=\"actions.preloadImage\" data-wp-on--pointerenter=\"actions.preloadImageWithDelay\" data-wp-on--pointerleave=\"actions.cancelPreload\" data-wp-on-window--resize=\"callbacks.setButtonStyles\" src=\"https:\/\/loudavymkrokem.cz\/wp-content\/uploads\/2026\/09\/pedra-do-arpoador.jpg\" alt=\"A ponta rochosa da Pedra do Arpoador\" class=\"wp-image-413187\" title=\"\" srcset=\"https:\/\/loudavymkrokem.cz\/wp-content\/uploads\/2026\/09\/pedra-do-arpoador.jpg 1600w, https:\/\/loudavymkrokem.cz\/wp-content\/uploads\/2026\/09\/pedra-do-arpoador-300x200.jpg 300w, https:\/\/loudavymkrokem.cz\/wp-content\/uploads\/2026\/09\/pedra-do-arpoador-700x467.jpg 700w, https:\/\/loudavymkrokem.cz\/wp-content\/uploads\/2026\/09\/pedra-do-arpoador-768x513.jpg 768w, https:\/\/loudavymkrokem.cz\/wp-content\/uploads\/2026\/09\/pedra-do-arpoador-1536x1025.jpg 1536w, https:\/\/loudavymkrokem.cz\/wp-content\/uploads\/2026\/09\/pedra-do-arpoador-696x465.jpg 696w, https:\/\/loudavymkrokem.cz\/wp-content\/uploads\/2026\/09\/pedra-do-arpoador-1392x929.jpg 1392w\" sizes=\"(max-width: 1600px) 100vw, 1600px\" \/><button\n\t\t\tclass=\"lightbox-trigger\"\n\t\t\ttype=\"button\"\n\t\t\taria-haspopup=\"dialog\"\n\t\t\tdata-wp-bind--aria-label=\"state.thisImage.triggerButtonAriaLabel\"\n\t\t\tdata-wp-init=\"callbacks.initTriggerButton\"\n\t\t\tdata-wp-on--click=\"actions.showLightbox\"\n\t\t\tdata-wp-style--right=\"state.thisImage.buttonRight\"\n\t\t\tdata-wp-style--top=\"state.thisImage.buttonTop\"\n\t\t>\n\t\t\t<svg xmlns=\"http:\/\/www.w3.org\/2000\/svg\" width=\"12\" height=\"12\" fill=\"none\" viewBox=\"0 0 12 12\">\n\t\t\t\t<path fill=\"#fff\" d=\"M2 0a2 2 0 0 0-2 2v2h1.5V2a.5.5 0 0 1 .5-.5h2V0H2Zm2 10.5H2a.5.5 0 0 1-.5-.5V8H0v2a2 2 0 0 0 2 2h2v-1.5ZM8 12v-1.5h2a.5.5 0 0 0 .5-.5V8H12v2a2 2 0 0 1-2 2H8Zm2-12a2 2 0 0 1 2 2v2h-1.5V2a.5.5 0 0 0-.5-.5H8V0h2Z\" \/>\n\t\t\t<\/svg>\n\t\t<\/button><figcaption class=\"wp-element-caption\">Foto: Maur\u00edcio Moreno \/ Google Maps<\/figcaption><\/figure>\n\n\n\n<h3 class=\"wp-block-heading\"><span class=\"ez-toc-section\" id=\"6_A_Pedra_do_Arpoador\"><\/span>6. A Pedra do Arpoador<span class=\"ez-toc-section-end\"><\/span><\/h3>\n\n\n\n<p class=\"wp-block-paragraph\">Entre a agitada Copacabana e a elegante Ipanema, um enorme maci\u00e7o rochoso avan\u00e7a oceano adentro, formando a fronteira natural entre as duas enseadas. <strong>A Pedra do Arpoador \u00e9 uma lenda absoluta entre os surfistas<\/strong>, porque \u00e9 justamente aqui que se quebram as melhores e mais consistentes ondas de toda a cidade. Durante o dia voc\u00ea pode observar dezenas de esportistas das pedras, domando com maestria o mar, enquanto se apoia na pedra quente e respira o ar salgado do oceano.<\/p>\n\n\n\n<p class=\"wp-block-paragraph\">Mas o grande espet\u00e1culo aqui s\u00f3 come\u00e7a ao entardecer, quando as pedras se enchem de centenas de pessoas com um \u00fanico objetivo em comum. <strong>Diz a tradi\u00e7\u00e3o que, assim que o sol se p\u00f5e atr\u00e1s do majestoso Morro Dois Irm\u00e3os, toda a multid\u00e3o come\u00e7a a aplaudir empolgada<\/strong>, agradecendo \u00e0 natureza por mais um dia lindo nesta cidade paradis\u00edaca. \u00c9 uma experi\u00eancia incrivelmente forte e emocionante, que capta perfeitamente aquele jeito caloroso e alegre dos brasileiros, do qual voc\u00ea vai se apaixonar na hora.<\/p>\n\n\n\n<p class=\"wp-block-paragraph\">\ud83d\udca1 Dica: <strong>chegue pelo menos uma hora antes do p\u00f4r do sol para garantir um bom lugar<\/strong>, porque as pedras costumam ficar lotadas. Na volta, vale entrar em um dos restaurantes japoneses ou italianos da regi\u00e3o \u2014 se voc\u00ea n\u00e3o come carne, aqui vai encontrar do bom e do melhor.<\/p>\n\n\n\n<figure data-wp-context=\"{&quot;imageId&quot;:&quot;6a9c4ee1386f8&quot;}\" data-wp-interactive=\"core\/image\" data-wp-key=\"6a9c4ee1386f8\" class=\"wp-block-image size-full wp-lightbox-container\"><img decoding=\"async\" width=\"1254\" height=\"836\" data-wp-class--hide=\"state.isContentHidden\" data-wp-class--show=\"state.isContentVisible\" data-wp-init=\"callbacks.setButtonStyles\" data-wp-on--click=\"actions.showLightbox\" data-wp-on--load=\"callbacks.setButtonStyles\" data-wp-on--pointerdown=\"actions.preloadImage\" data-wp-on--pointerenter=\"actions.preloadImageWithDelay\" data-wp-on--pointerleave=\"actions.cancelPreload\" data-wp-on-window--resize=\"callbacks.setButtonStyles\" src=\"https:\/\/loudavymkrokem.cz\/wp-content\/uploads\/2026\/09\/escadaria-selar-n.jpg\" alt=\"Escadaria Selar\u00f3n\" class=\"wp-image-413192\" title=\"\" srcset=\"https:\/\/loudavymkrokem.cz\/wp-content\/uploads\/2026\/09\/escadaria-selar-n.jpg 1254w, https:\/\/loudavymkrokem.cz\/wp-content\/uploads\/2026\/09\/escadaria-selar-n-300x200.jpg 300w, https:\/\/loudavymkrokem.cz\/wp-content\/uploads\/2026\/09\/escadaria-selar-n-700x467.jpg 700w, https:\/\/loudavymkrokem.cz\/wp-content\/uploads\/2026\/09\/escadaria-selar-n-768x512.jpg 768w, https:\/\/loudavymkrokem.cz\/wp-content\/uploads\/2026\/09\/escadaria-selar-n-696x464.jpg 696w\" sizes=\"(max-width: 1254px) 100vw, 1254px\" \/><button\n\t\t\tclass=\"lightbox-trigger\"\n\t\t\ttype=\"button\"\n\t\t\taria-haspopup=\"dialog\"\n\t\t\tdata-wp-bind--aria-label=\"state.thisImage.triggerButtonAriaLabel\"\n\t\t\tdata-wp-init=\"callbacks.initTriggerButton\"\n\t\t\tdata-wp-on--click=\"actions.showLightbox\"\n\t\t\tdata-wp-style--right=\"state.thisImage.buttonRight\"\n\t\t\tdata-wp-style--top=\"state.thisImage.buttonTop\"\n\t\t>\n\t\t\t<svg xmlns=\"http:\/\/www.w3.org\/2000\/svg\" width=\"12\" height=\"12\" fill=\"none\" viewBox=\"0 0 12 12\">\n\t\t\t\t<path fill=\"#fff\" d=\"M2 0a2 2 0 0 0-2 2v2h1.5V2a.5.5 0 0 1 .5-.5h2V0H2Zm2 10.5H2a.5.5 0 0 1-.5-.5V8H0v2a2 2 0 0 0 2 2h2v-1.5ZM8 12v-1.5h2a.5.5 0 0 0 .5-.5V8H12v2a2 2 0 0 1-2 2H8Zm2-12a2 2 0 0 1 2 2v2h-1.5V2a.5.5 0 0 0-.5-.5H8V0h2Z\" \/>\n\t\t\t<\/svg>\n\t\t<\/button><figcaption class=\"wp-element-caption\">Foto: Imanol Gallego \/ Google Maps<\/figcaption><\/figure>\n\n\n\n<h3 class=\"wp-block-heading\"><span class=\"ez-toc-section\" id=\"7_Escadaria_Selaron\"><\/span>7. Escadaria Selar\u00f3n<span class=\"ez-toc-section-end\"><\/span><\/h3>\n\n\n\n<p class=\"wp-block-paragraph\">No bo\u00eamio bairro da Lapa voc\u00ea vai dar de cara com uma escadaria que reconhece na hora pelo Instagram \u2014 mesmo sem saber o nome dela. <strong>A Escadaria Selar\u00f3n \u00e9 uma escadaria monumental de duzentos e quinze degraus<\/strong>, que o artista chileno Jorge Selar\u00f3n foi revestindo aos poucos com milhares de azulejos coloridos vindos do mundo inteiro. Ele criou essa obra de vida por mais de vinte anos em homenagem ao povo brasileiro, e hoje esse corredor multicolorido \u00e9 parada obrigat\u00f3ria para qualquer visitante da cidade.<\/p>\n\n\n\n<p class=\"wp-block-paragraph\">Observando com aten\u00e7\u00e3o, voc\u00ea descobre que os azulejos v\u00eam de mais de sessenta pa\u00edses, e muitos foram enviados pelos pr\u00f3prios f\u00e3s do seu trabalho incans\u00e1vel. <strong>Cada peda\u00e7o de cer\u00e2mica conta uma hist\u00f3ria pr\u00f3pria e todo o mosaico est\u00e1 em constante transforma\u00e7\u00e3o<\/strong>, \u00e0 medida que voc\u00ea sobe cada vez mais em dire\u00e7\u00e3o ao bairro art\u00edstico de Santa Teresa. A atmosfera do lugar costuma ser completada por m\u00fasicos de rua e vendedores de lembrancinhas, que d\u00e3o \u00e0 escadaria um colorido local genu\u00edno.<\/p>\n\n\n\n<p class=\"wp-block-paragraph\">\ud83d\udca1 Dica: <strong>venha bem cedinho, idealmente por volta das oito horas, sen\u00e3o vai ter multid\u00f5es de outros turistas nas suas fotos<\/strong>, porque ao longo do dia formam-se verdadeiros engarrafamentos nos degraus. A escadaria liga a Lapa a Santa Teresa, ent\u00e3o, depois de subir, voc\u00ea pode seguir tranquilamente conhecendo as vielas hist\u00f3ricas l\u00e1 em cima, no morro.<\/p>\n\n\n\n<figure data-wp-context=\"{&quot;imageId&quot;:&quot;6a9c4ee138b0c&quot;}\" data-wp-interactive=\"core\/image\" data-wp-key=\"6a9c4ee138b0c\" class=\"wp-block-image size-full wp-lightbox-container\"><img decoding=\"async\" width=\"1080\" height=\"1350\" data-wp-class--hide=\"state.isContentHidden\" data-wp-class--show=\"state.isContentVisible\" data-wp-init=\"callbacks.setButtonStyles\" data-wp-on--click=\"actions.showLightbox\" data-wp-on--load=\"callbacks.setButtonStyles\" data-wp-on--pointerdown=\"actions.preloadImage\" data-wp-on--pointerenter=\"actions.preloadImageWithDelay\" data-wp-on--pointerleave=\"actions.cancelPreload\" data-wp-on-window--resize=\"callbacks.setButtonStyles\" src=\"https:\/\/loudavymkrokem.cz\/wp-content\/uploads\/2026\/09\/santa-teresa.jpg\" alt=\"Bairro de Santa Teresa e o bondinho hist\u00f3rico\" class=\"wp-image-413195\" title=\"\" srcset=\"https:\/\/loudavymkrokem.cz\/wp-content\/uploads\/2026\/09\/santa-teresa.jpg 1080w, https:\/\/loudavymkrokem.cz\/wp-content\/uploads\/2026\/09\/santa-teresa-240x300.jpg 240w, https:\/\/loudavymkrokem.cz\/wp-content\/uploads\/2026\/09\/santa-teresa-700x875.jpg 700w, https:\/\/loudavymkrokem.cz\/wp-content\/uploads\/2026\/09\/santa-teresa-768x960.jpg 768w, https:\/\/loudavymkrokem.cz\/wp-content\/uploads\/2026\/09\/santa-teresa-696x870.jpg 696w\" sizes=\"(max-width: 1080px) 100vw, 1080px\" \/><button\n\t\t\tclass=\"lightbox-trigger\"\n\t\t\ttype=\"button\"\n\t\t\taria-haspopup=\"dialog\"\n\t\t\tdata-wp-bind--aria-label=\"state.thisImage.triggerButtonAriaLabel\"\n\t\t\tdata-wp-init=\"callbacks.initTriggerButton\"\n\t\t\tdata-wp-on--click=\"actions.showLightbox\"\n\t\t\tdata-wp-style--right=\"state.thisImage.buttonRight\"\n\t\t\tdata-wp-style--top=\"state.thisImage.buttonTop\"\n\t\t>\n\t\t\t<svg xmlns=\"http:\/\/www.w3.org\/2000\/svg\" width=\"12\" height=\"12\" fill=\"none\" viewBox=\"0 0 12 12\">\n\t\t\t\t<path fill=\"#fff\" d=\"M2 0a2 2 0 0 0-2 2v2h1.5V2a.5.5 0 0 1 .5-.5h2V0H2Zm2 10.5H2a.5.5 0 0 1-.5-.5V8H0v2a2 2 0 0 0 2 2h2v-1.5ZM8 12v-1.5h2a.5.5 0 0 0 .5-.5V8H12v2a2 2 0 0 1-2 2H8Zm2-12a2 2 0 0 1 2 2v2h-1.5V2a.5.5 0 0 0-.5-.5H8V0h2Z\" \/>\n\t\t\t<\/svg>\n\t\t<\/button><figcaption class=\"wp-element-caption\">Foto: Guilherme Carvalho \/ Google Maps<\/figcaption><\/figure>\n\n\n\n<h3 class=\"wp-block-heading\"><span class=\"ez-toc-section\" id=\"8_Bairro_de_Santa_Teresa_e_o_bondinho_historico\"><\/span>8. Bairro de Santa Teresa e o bondinho hist\u00f3rico<span class=\"ez-toc-section-end\"><\/span><\/h3>\n\n\n\n<p class=\"wp-block-paragraph\">Bem no alto dos morros, acima do centro agitado, se esconde um bairro pitoresco que parece ter sa\u00eddo de outro s\u00e9culo. <strong>Santa Teresa \u00e9 cheia de ruazinhas estreitas de paralelep\u00edpedo, casar\u00f5es coloniais antigos e ateli\u00eas de arte independentes<\/strong>, o que lhe rendeu o apelido de Montmartre brasileiro. Dos mirantes locais se abrem vistas incr\u00edveis da ba\u00eda e dos arranha-c\u00e9us modernos l\u00e1 embaixo, enquanto voc\u00ea senta em uma cafeteria tranquila, \u00e0 sombra de \u00e1rvores frondosas.<\/p>\n\n\n\n<p class=\"wp-block-paragraph\">A forma mais ic\u00f4nica de chegar a esse bairro \u00edngreme \u00e9 a viagem no famoso bondinho amarelo. <strong>O hist\u00f3rico bonde parte da esta\u00e7\u00e3o de Santa Teresa, no centro, e sobe os morros \u00edngremes chacoalhando<\/strong>, passando no caminho pelo enorme aqueduto branco. \u00c9 uma experi\u00eancia nost\u00e1lgica maravilhosa, na qual voc\u00ea sente o vento no rosto e v\u00ea a cidade de uma perspectiva \u00fanica, levemente elevada.<\/p>\n\n\n\n<p class=\"wp-block-paragraph\">\ud83d\udca1 Dica: <strong>nos pitorescos bistr\u00f4s locais, pe\u00e7a sem falta uma tapioca deliciosa, aquela panqueca sem gl\u00faten feita de goma de mandioca<\/strong>, que eles t\u00eam o maior prazer em rechear com queijo, tomate e ervas frescas. \u00c9 um prato tradicional, saciante e ao mesmo tempo leve e sem carne, que combina perfeitamente com a atmosfera relaxante desse bairro art\u00edstico.<\/p>\n\n\n\n<figure data-wp-context=\"{&quot;imageId&quot;:&quot;6a9c4ee138f9e&quot;}\" data-wp-interactive=\"core\/image\" data-wp-key=\"6a9c4ee138f9e\" class=\"wp-block-image size-full wp-lightbox-container\"><img decoding=\"async\" width=\"1600\" height=\"1600\" data-wp-class--hide=\"state.isContentHidden\" data-wp-class--show=\"state.isContentVisible\" data-wp-init=\"callbacks.setButtonStyles\" data-wp-on--click=\"actions.showLightbox\" data-wp-on--load=\"callbacks.setButtonStyles\" data-wp-on--pointerdown=\"actions.preloadImage\" data-wp-on--pointerenter=\"actions.preloadImageWithDelay\" data-wp-on--pointerleave=\"actions.cancelPreload\" data-wp-on-window--resize=\"callbacks.setButtonStyles\" src=\"https:\/\/loudavymkrokem.cz\/wp-content\/uploads\/2026\/09\/arcos-da-lapa.jpg\" alt=\"Aqueduto Arcos da Lapa\" class=\"wp-image-413198\" title=\"\" srcset=\"https:\/\/loudavymkrokem.cz\/wp-content\/uploads\/2026\/09\/arcos-da-lapa.jpg 1600w, https:\/\/loudavymkrokem.cz\/wp-content\/uploads\/2026\/09\/arcos-da-lapa-300x300.jpg 300w, https:\/\/loudavymkrokem.cz\/wp-content\/uploads\/2026\/09\/arcos-da-lapa-700x700.jpg 700w, https:\/\/loudavymkrokem.cz\/wp-content\/uploads\/2026\/09\/arcos-da-lapa-150x150.jpg 150w, https:\/\/loudavymkrokem.cz\/wp-content\/uploads\/2026\/09\/arcos-da-lapa-768x768.jpg 768w, https:\/\/loudavymkrokem.cz\/wp-content\/uploads\/2026\/09\/arcos-da-lapa-1536x1536.jpg 1536w, https:\/\/loudavymkrokem.cz\/wp-content\/uploads\/2026\/09\/arcos-da-lapa-696x696.jpg 696w, https:\/\/loudavymkrokem.cz\/wp-content\/uploads\/2026\/09\/arcos-da-lapa-1392x1392.jpg 1392w\" sizes=\"(max-width: 1600px) 100vw, 1600px\" \/><button\n\t\t\tclass=\"lightbox-trigger\"\n\t\t\ttype=\"button\"\n\t\t\taria-haspopup=\"dialog\"\n\t\t\tdata-wp-bind--aria-label=\"state.thisImage.triggerButtonAriaLabel\"\n\t\t\tdata-wp-init=\"callbacks.initTriggerButton\"\n\t\t\tdata-wp-on--click=\"actions.showLightbox\"\n\t\t\tdata-wp-style--right=\"state.thisImage.buttonRight\"\n\t\t\tdata-wp-style--top=\"state.thisImage.buttonTop\"\n\t\t>\n\t\t\t<svg xmlns=\"http:\/\/www.w3.org\/2000\/svg\" width=\"12\" height=\"12\" fill=\"none\" viewBox=\"0 0 12 12\">\n\t\t\t\t<path fill=\"#fff\" d=\"M2 0a2 2 0 0 0-2 2v2h1.5V2a.5.5 0 0 1 .5-.5h2V0H2Zm2 10.5H2a.5.5 0 0 1-.5-.5V8H0v2a2 2 0 0 0 2 2h2v-1.5ZM8 12v-1.5h2a.5.5 0 0 0 .5-.5V8H12v2a2 2 0 0 1-2 2H8Zm2-12a2 2 0 0 1 2 2v2h-1.5V2a.5.5 0 0 0-.5-.5H8V0h2Z\" \/>\n\t\t\t<\/svg>\n\t\t<\/button><figcaption class=\"wp-element-caption\">Foto: W Travel \/ Google Maps<\/figcaption><\/figure>\n\n\n\n<h3 class=\"wp-block-heading\"><span class=\"ez-toc-section\" id=\"9_Aqueduto_Arcos_da_Lapa\"><\/span>9. Aqueduto Arcos da Lapa<span class=\"ez-toc-section-end\"><\/span><\/h3>\n\n\n\n<p class=\"wp-block-paragraph\">Assim que voc\u00ea chega \u00e0 Lapa, os olhos v\u00e3o na hora para o enorme aqueduto branco que domina toda a pra\u00e7a. <strong>Os Arcos da Lapa s\u00e3o um aqueduto monumental do s\u00e9culo XVIII, que antes trazia \u00e1gua pot\u00e1vel dos morros ao redor<\/strong> direto para o centro da cidade colonial em r\u00e1pido crescimento. Com seus quarenta e dois arcos maci\u00e7os, \u00e9 um dos monumentos mais importantes da arquitetura portuguesa em todo o pa\u00eds.<\/p>\n\n\n\n<p class=\"wp-block-paragraph\">Embora a \u00e1gua j\u00e1 n\u00e3o corra por ali h\u00e1 muito tempo, a constru\u00e7\u00e3o encontrou um novo e igualmente importante uso no transporte moderno. <strong>\u00c9 justamente pelo topo desse aqueduto hist\u00f3rico que hoje passa chacoalhando o lend\u00e1rio bondinho amarelo rumo a Santa Teresa<\/strong>, o que cria um contraste incrivelmente fotog\u00eanico entre o antigo e o novo. A pra\u00e7a sob os arcos ganha vida principalmente na sexta \u00e0 noite, quando os cariocas se re\u00fanem para festas de rua animad\u00edssimas, cheias de dan\u00e7a e m\u00fasica alta.<\/p>\n\n\n\n<p class=\"wp-block-paragraph\">\ud83d\udca1 Dica: <strong>as fotos mais bonitas do aqueduto voc\u00ea tira de um pouco mais longe, da Pra\u00e7a Cardeal C\u00e2mara<\/strong>, de onde se destacam lindamente toda a sua imponente extens\u00e3o e a cor branca reluzente. Se quiser evitar as multid\u00f5es noturnas e o clima de festa, visite o lugar de prefer\u00eancia na manh\u00e3 de fim de semana, quando a regi\u00e3o fica bem tranquila.<\/p>\n\n\n\n<figure data-wp-context=\"{&quot;imageId&quot;:&quot;6a9c4ee139397&quot;}\" data-wp-interactive=\"core\/image\" data-wp-key=\"6a9c4ee139397\" class=\"wp-block-image size-full wp-lightbox-container\"><img decoding=\"async\" width=\"1600\" height=\"1200\" data-wp-class--hide=\"state.isContentHidden\" data-wp-class--show=\"state.isContentVisible\" data-wp-init=\"callbacks.setButtonStyles\" data-wp-on--click=\"actions.showLightbox\" data-wp-on--load=\"callbacks.setButtonStyles\" data-wp-on--pointerdown=\"actions.preloadImage\" data-wp-on--pointerenter=\"actions.preloadImageWithDelay\" data-wp-on--pointerleave=\"actions.cancelPreload\" data-wp-on-window--resize=\"callbacks.setButtonStyles\" src=\"https:\/\/loudavymkrokem.cz\/wp-content\/uploads\/2026\/09\/parque-das-ru-nas.jpg\" alt=\"Galeria Parque das Ru\u00ednas\" class=\"wp-image-413202\" title=\"\" srcset=\"https:\/\/loudavymkrokem.cz\/wp-content\/uploads\/2026\/09\/parque-das-ru-nas.jpg 1600w, https:\/\/loudavymkrokem.cz\/wp-content\/uploads\/2026\/09\/parque-das-ru-nas-300x225.jpg 300w, https:\/\/loudavymkrokem.cz\/wp-content\/uploads\/2026\/09\/parque-das-ru-nas-700x525.jpg 700w, https:\/\/loudavymkrokem.cz\/wp-content\/uploads\/2026\/09\/parque-das-ru-nas-768x576.jpg 768w, https:\/\/loudavymkrokem.cz\/wp-content\/uploads\/2026\/09\/parque-das-ru-nas-1536x1152.jpg 1536w, https:\/\/loudavymkrokem.cz\/wp-content\/uploads\/2026\/09\/parque-das-ru-nas-80x60.jpg 80w, https:\/\/loudavymkrokem.cz\/wp-content\/uploads\/2026\/09\/parque-das-ru-nas-160x120.jpg 160w, https:\/\/loudavymkrokem.cz\/wp-content\/uploads\/2026\/09\/parque-das-ru-nas-696x522.jpg 696w, https:\/\/loudavymkrokem.cz\/wp-content\/uploads\/2026\/09\/parque-das-ru-nas-1392x1044.jpg 1392w\" sizes=\"(max-width: 1600px) 100vw, 1600px\" \/><button\n\t\t\tclass=\"lightbox-trigger\"\n\t\t\ttype=\"button\"\n\t\t\taria-haspopup=\"dialog\"\n\t\t\tdata-wp-bind--aria-label=\"state.thisImage.triggerButtonAriaLabel\"\n\t\t\tdata-wp-init=\"callbacks.initTriggerButton\"\n\t\t\tdata-wp-on--click=\"actions.showLightbox\"\n\t\t\tdata-wp-style--right=\"state.thisImage.buttonRight\"\n\t\t\tdata-wp-style--top=\"state.thisImage.buttonTop\"\n\t\t>\n\t\t\t<svg xmlns=\"http:\/\/www.w3.org\/2000\/svg\" width=\"12\" height=\"12\" fill=\"none\" viewBox=\"0 0 12 12\">\n\t\t\t\t<path fill=\"#fff\" d=\"M2 0a2 2 0 0 0-2 2v2h1.5V2a.5.5 0 0 1 .5-.5h2V0H2Zm2 10.5H2a.5.5 0 0 1-.5-.5V8H0v2a2 2 0 0 0 2 2h2v-1.5ZM8 12v-1.5h2a.5.5 0 0 0 .5-.5V8H12v2a2 2 0 0 1-2 2H8Zm2-12a2 2 0 0 1 2 2v2h-1.5V2a.5.5 0 0 0-.5-.5H8V0h2Z\" \/>\n\t\t\t<\/svg>\n\t\t<\/button><figcaption class=\"wp-element-caption\">Foto: Andr\u00e9 Marcelo de Lourdes \/ Google Maps<\/figcaption><\/figure>\n\n\n\n<h3 class=\"wp-block-heading\"><span class=\"ez-toc-section\" id=\"10_Galeria_Parque_das_Ruinas\"><\/span>10. Galeria Parque das Ru\u00ednas<span class=\"ez-toc-section-end\"><\/span><\/h3>\n\n\n\n<p class=\"wp-block-paragraph\">No cora\u00e7\u00e3o da hist\u00f3rica Santa Teresa fica uma joia arquitet\u00f4nica que une de forma genial o passado glorioso ao design moderno. <strong>O Parque das Ru\u00ednas \u00e9 um fascinante parque p\u00fablico e centro cultural constru\u00eddo dentro dos restos de um antigo casar\u00e3o nobre<\/strong>, que pertenceu a uma rica mecenas brasileira das artes. Os arquitetos preservaram as paredes de tijolo \u00e0 mostra e as complementaram com escadas de a\u00e7o modernas e enormes pain\u00e9is de vidro, criando um espa\u00e7o absolutamente \u00fanico.<\/p>\n\n\n\n<p class=\"wp-block-paragraph\">Dos andares mais altos dessa ru\u00edna reformada, voc\u00ea tem uma vista que vai lembrar pelo resto da vida. <strong>As plataformas de observa\u00e7\u00e3o oferecem uma vista panor\u00e2mica sem obst\u00e1culos de todo o centro hist\u00f3rico, do P\u00e3o de A\u00e7\u00facar e da Ba\u00eda de Guanabara<\/strong>, e tudo isso sem nenhuma taxa de entrada. No complexo acontecem regularmente shows ao ar livre, apresenta\u00e7\u00f5es de teatro e exposi\u00e7\u00f5es de arte contempor\u00e2nea, que atraem intelectuais locais e viajantes curiosos.<\/p>\n\n\n\n<p class=\"wp-block-paragraph\">\ud83d\udca1 Dica: <strong>no t\u00e9rreo do complexo funciona uma \u00f3tima cafeteria com mesas ao ar livre<\/strong>, onde voc\u00ea pode tomar um caf\u00e9 gelado e observar o movimento ao redor. O hor\u00e1rio de funcionamento pode variar conforme os eventos culturais em cartaz, ent\u00e3o cheque antes de ir se n\u00e3o \u00e9 segunda-feira, dia em que a maioria dos museus e galerias do Rio fica fechada.<\/p>\n\n\n\n<figure data-wp-context=\"{&quot;imageId&quot;:&quot;6a9c4ee1398cc&quot;}\" data-wp-interactive=\"core\/image\" data-wp-key=\"6a9c4ee1398cc\" class=\"wp-block-image size-full wp-lightbox-container\"><img decoding=\"async\" width=\"1600\" height=\"2125\" data-wp-class--hide=\"state.isContentHidden\" data-wp-class--show=\"state.isContentVisible\" data-wp-init=\"callbacks.setButtonStyles\" data-wp-on--click=\"actions.showLightbox\" data-wp-on--load=\"callbacks.setButtonStyles\" data-wp-on--pointerdown=\"actions.preloadImage\" data-wp-on--pointerenter=\"actions.preloadImageWithDelay\" data-wp-on--pointerleave=\"actions.cancelPreload\" data-wp-on-window--resize=\"callbacks.setButtonStyles\" src=\"https:\/\/loudavymkrokem.cz\/wp-content\/uploads\/2026\/09\/tijuca-national-park.jpg\" alt=\"Floresta tropical urbana do Parque Nacional da Tijuca\" class=\"wp-image-413205\" title=\"\" srcset=\"https:\/\/loudavymkrokem.cz\/wp-content\/uploads\/2026\/09\/tijuca-national-park.jpg 1600w, https:\/\/loudavymkrokem.cz\/wp-content\/uploads\/2026\/09\/tijuca-national-park-226x300.jpg 226w, https:\/\/loudavymkrokem.cz\/wp-content\/uploads\/2026\/09\/tijuca-national-park-700x930.jpg 700w, https:\/\/loudavymkrokem.cz\/wp-content\/uploads\/2026\/09\/tijuca-national-park-768x1020.jpg 768w, https:\/\/loudavymkrokem.cz\/wp-content\/uploads\/2026\/09\/tijuca-national-park-1157x1536.jpg 1157w, https:\/\/loudavymkrokem.cz\/wp-content\/uploads\/2026\/09\/tijuca-national-park-1542x2048.jpg 1542w, https:\/\/loudavymkrokem.cz\/wp-content\/uploads\/2026\/09\/tijuca-national-park-696x924.jpg 696w, https:\/\/loudavymkrokem.cz\/wp-content\/uploads\/2026\/09\/tijuca-national-park-1392x1849.jpg 1392w\" sizes=\"(max-width: 1600px) 100vw, 1600px\" \/><button\n\t\t\tclass=\"lightbox-trigger\"\n\t\t\ttype=\"button\"\n\t\t\taria-haspopup=\"dialog\"\n\t\t\tdata-wp-bind--aria-label=\"state.thisImage.triggerButtonAriaLabel\"\n\t\t\tdata-wp-init=\"callbacks.initTriggerButton\"\n\t\t\tdata-wp-on--click=\"actions.showLightbox\"\n\t\t\tdata-wp-style--right=\"state.thisImage.buttonRight\"\n\t\t\tdata-wp-style--top=\"state.thisImage.buttonTop\"\n\t\t>\n\t\t\t<svg xmlns=\"http:\/\/www.w3.org\/2000\/svg\" width=\"12\" height=\"12\" fill=\"none\" viewBox=\"0 0 12 12\">\n\t\t\t\t<path fill=\"#fff\" d=\"M2 0a2 2 0 0 0-2 2v2h1.5V2a.5.5 0 0 1 .5-.5h2V0H2Zm2 10.5H2a.5.5 0 0 1-.5-.5V8H0v2a2 2 0 0 0 2 2h2v-1.5ZM8 12v-1.5h2a.5.5 0 0 0 .5-.5V8H12v2a2 2 0 0 1-2 2H8Zm2-12a2 2 0 0 1 2 2v2h-1.5V2a.5.5 0 0 0-.5-.5H8V0h2Z\" \/>\n\t\t\t<\/svg>\n\t\t<\/button><figcaption class=\"wp-element-caption\">Foto: Clifford Aldan \/ Google Maps<\/figcaption><\/figure>\n\n\n\n<h3 class=\"wp-block-heading\"><span class=\"ez-toc-section\" id=\"11_A_floresta_tropical_urbana_do_Parque_Nacional_da_Tijuca\"><\/span>11. A floresta tropical urbana do Parque Nacional da Tijuca<span class=\"ez-toc-section-end\"><\/span><\/h3>\n\n\n\n<p class=\"wp-block-paragraph\">Enquanto outras grandes cidades t\u00eam parques e jardins extensos, o Rio de Janeiro pode se orgulhar de algo muito mais selvagem e monumental. <strong>O Parque Nacional da Tijuca \u00e9 uma imensa floresta tropical urbana, que cobre os maci\u00e7os montanhosos \u00edngremes bem no meio da metr\u00f3pole de milh\u00f5es de habitantes.<\/strong> Esse pulm\u00e3o verde da cidade n\u00e3o s\u00f3 limpa o ar e ameniza o clima tropical, como tamb\u00e9m d\u00e1 abrigo a milhares de esp\u00e9cies de animais ex\u00f3ticos, borboletas enormes e macacos descaradamente curiosos.<\/p>\n\n\n\n<p class=\"wp-block-paragraph\">Toda a floresta \u00e9 cortada por uma rede de trilhas bem cuidadas, que te levam a cachoeiras barulhentas, grutas escuras e mirantes de tirar o f\u00f4lego. <strong>Caminhando sob as copas de \u00e1rvores centen\u00e1rias, voc\u00ea esquece completamente que est\u00e1 em uma das cidades mais agitadas da Am\u00e9rica do Sul<\/strong>, porque o som do tr\u00e2nsito d\u00e1 lugar aqui ao canto de papagaios coloridos. A hist\u00f3ria desse lugar \u00e9 fascinante, porque a floresta foi replantada \u00e0 m\u00e3o no s\u00e9culo XIX, depois que a vegeta\u00e7\u00e3o original foi destru\u00edda pelas planta\u00e7\u00f5es de caf\u00e9.<\/p>\n\n\n\n<p class=\"wp-block-paragraph\">\ud83d\udca1 Dica: <strong>para explorar a floresta, o ideal \u00e9 contratar um guia credenciado com jipe<\/strong>, porque o parque \u00e9 enorme e a orienta\u00e7\u00e3o nas trilhas da mata pode ser trai\u00e7oeira. N\u00e3o esque\u00e7a de levar um repelente forte contra os insetos tropicais e uma capa de chuva leve, porque o microclima sob as \u00e1rvores \u00e9 bem mais \u00famido e frio do que l\u00e1 embaixo, nas praias.<\/p>\n\n\n\n<figure data-wp-context=\"{&quot;imageId&quot;:&quot;6a9c4ee139f05&quot;}\" data-wp-interactive=\"core\/image\" data-wp-key=\"6a9c4ee139f05\" class=\"wp-block-image size-full wp-lightbox-container\"><img decoding=\"async\" width=\"1600\" height=\"1200\" data-wp-class--hide=\"state.isContentHidden\" data-wp-class--show=\"state.isContentVisible\" data-wp-init=\"callbacks.setButtonStyles\" data-wp-on--click=\"actions.showLightbox\" data-wp-on--load=\"callbacks.setButtonStyles\" data-wp-on--pointerdown=\"actions.preloadImage\" data-wp-on--pointerenter=\"actions.preloadImageWithDelay\" data-wp-on--pointerleave=\"actions.cancelPreload\" data-wp-on-window--resize=\"callbacks.setButtonStyles\" src=\"https:\/\/loudavymkrokem.cz\/wp-content\/uploads\/2026\/09\/mirante-dona-marta.jpg\" alt=\"Mirante Dona Marta\" class=\"wp-image-413209\" title=\"\" srcset=\"https:\/\/loudavymkrokem.cz\/wp-content\/uploads\/2026\/09\/mirante-dona-marta.jpg 1600w, https:\/\/loudavymkrokem.cz\/wp-content\/uploads\/2026\/09\/mirante-dona-marta-300x225.jpg 300w, https:\/\/loudavymkrokem.cz\/wp-content\/uploads\/2026\/09\/mirante-dona-marta-700x525.jpg 700w, https:\/\/loudavymkrokem.cz\/wp-content\/uploads\/2026\/09\/mirante-dona-marta-768x576.jpg 768w, https:\/\/loudavymkrokem.cz\/wp-content\/uploads\/2026\/09\/mirante-dona-marta-1536x1152.jpg 1536w, https:\/\/loudavymkrokem.cz\/wp-content\/uploads\/2026\/09\/mirante-dona-marta-80x60.jpg 80w, https:\/\/loudavymkrokem.cz\/wp-content\/uploads\/2026\/09\/mirante-dona-marta-160x120.jpg 160w, https:\/\/loudavymkrokem.cz\/wp-content\/uploads\/2026\/09\/mirante-dona-marta-696x522.jpg 696w, https:\/\/loudavymkrokem.cz\/wp-content\/uploads\/2026\/09\/mirante-dona-marta-1392x1044.jpg 1392w\" sizes=\"(max-width: 1600px) 100vw, 1600px\" \/><button\n\t\t\tclass=\"lightbox-trigger\"\n\t\t\ttype=\"button\"\n\t\t\taria-haspopup=\"dialog\"\n\t\t\tdata-wp-bind--aria-label=\"state.thisImage.triggerButtonAriaLabel\"\n\t\t\tdata-wp-init=\"callbacks.initTriggerButton\"\n\t\t\tdata-wp-on--click=\"actions.showLightbox\"\n\t\t\tdata-wp-style--right=\"state.thisImage.buttonRight\"\n\t\t\tdata-wp-style--top=\"state.thisImage.buttonTop\"\n\t\t>\n\t\t\t<svg xmlns=\"http:\/\/www.w3.org\/2000\/svg\" width=\"12\" height=\"12\" fill=\"none\" viewBox=\"0 0 12 12\">\n\t\t\t\t<path fill=\"#fff\" d=\"M2 0a2 2 0 0 0-2 2v2h1.5V2a.5.5 0 0 1 .5-.5h2V0H2Zm2 10.5H2a.5.5 0 0 1-.5-.5V8H0v2a2 2 0 0 0 2 2h2v-1.5ZM8 12v-1.5h2a.5.5 0 0 0 .5-.5V8H12v2a2 2 0 0 1-2 2H8Zm2-12a2 2 0 0 1 2 2v2h-1.5V2a.5.5 0 0 0-.5-.5H8V0h2Z\" \/>\n\t\t\t<\/svg>\n\t\t<\/button><figcaption class=\"wp-element-caption\">Foto: Leonardo Pessoa \/ Google Maps<\/figcaption><\/figure>\n\n\n\n<!-- LKM_GYG_CARD start q=\"rio de janeiro\" lang=\"pt-br\" rendered=\"2026-09-05T13:38:55+00:00\" v=\"1\" -->\n<style id=\"lk-gyg-styles\">\n@import url(\"https:\/\/fonts.googleapis.com\/css2?family=Playfair+Display:wght@700&family=DM+Sans:wght@300;400;500;600&display=swap\");\n\/* === LK GYG karty \u2014 CRO redesign 2026-05 (namespace .lkx-) ===\n   C\u00edl: vy\u0161\u0161\u00ed CTR (hero + v\u00fdrazn\u00fd social proof + ak\u010dn\u00ed CTA, m\u00e9n\u011b \"reklamn\u00ed\").\n   Injektuje se inline do prvn\u00edho markeru postu (refresh_cards.py --inline-css). *\/\n.lkx-module, .lkx-module *{box-sizing:border-box;margin:0;padding:0}\n.lkx-module{\n  font-family:'DM Sans',-apple-system,Segoe UI,Roboto,Georgia,sans-serif;\n  max-width:860px;margin:2.5rem auto;color:#1f2328;\n}\n\n\/* HEADER \u2014 lehk\u00fd editorsk\u00fd, \u017e\u00e1dn\u00fd bannerov\u00fd blok; nadpis + popisek pod n\u00edm *\/\n.lkx-head{margin-bottom:16px}\n.lkx-head-main{display:flex;align-items:center;gap:10px}\n.lkx-head-accent{width:26px;height:3px;border-radius:2px;background:#c39f76;flex-shrink:0}\n.lkx-head-title{font-family:'Playfair Display',Georgia,serif;font-size:21px;font-weight:700;color:#1a1a1a;line-height:1.25}\n.lkx-head-meta{display:block;font-size:11px;letter-spacing:.3px;color:#9aa0a6;margin-top:4px;margin-left:36px}\n\n\/* HERO *\/\n.lkx-hero{display:grid;grid-template-columns:300px 1fr;background:#fff;border:1px solid #ece7df;border-radius:14px;overflow:hidden;text-decoration:none!important;color:inherit;box-shadow:0 6px 20px rgba(0,0,0,.06);transition:box-shadow .2s,transform .2s;margin-bottom:14px}\n.lkx-hero:hover{box-shadow:0 12px 30px rgba(0,0,0,.12);transform:translateY(-2px)}\n.lkx-hero-img{position:relative;min-height:230px;background-size:cover;background-position:center;background-color:#eee}\n.lkx-hero-body{padding:22px 24px;display:flex;flex-direction:column}\n.lkx-pick{position:absolute;top:12px;left:12px;background:#1a1a1a;color:#fff;font-size:11px;font-weight:700;letter-spacing:.5px;padding:5px 11px;border-radius:20px}\n\n\/* TITLE *\/\n.lkx-title{font-size:19px;font-weight:700;color:#161616;line-height:1.3}\n.lkx-title-sm{font-size:14.5px;line-height:1.35;display:-webkit-box;-webkit-line-clamp:2;-webkit-box-orient:vertical;overflow:hidden}\n\n\/* SOCIAL PROOF \u2014 v\u00fdrazn\u011b, naho\u0159e *\/\n.lkx-proof{display:flex;align-items:center;gap:7px;margin-top:12px;font-size:15px;color:#3a3a3a}\n.lkx-proof b{font-size:16px;color:#161616}\n.lkx-stars{color:#f5a623;letter-spacing:1px}\n.lkx-proof-sm{font-size:12.5px;margin-top:8px;gap:5px}\n.lkx-proof-sm b{font-size:13px}\n.lkx-proof-new{color:#3685fc;font-weight:600}\n\n\/* PRICE \u2014 n\u00edzk\u00e1 kotva *\/\n.lkx-price{font-size:14px;color:#6b7280}\n.lkx-price b{font-size:20px;color:#161616;font-weight:700}\n.lkx-price-sm b{font-size:15px}\n\n\/* CTA \u2014 tepl\u00e9 ak\u010dn\u00ed tla\u010d\u00edtko *\/\n.lkx-cta{display:inline-flex;align-items:center;justify-content:center;text-decoration:none!important;font-weight:700;color:#fff!important;background:linear-gradient(135deg,#f6743f,#e8552a);border-radius:10px;box-shadow:0 6px 16px rgba(232,85,42,.32);transition:box-shadow .2s}\n.lkx-cta-hero{font-size:15px;padding:13px 22px}\n.lkx-hero:hover .lkx-cta-hero{box-shadow:0 8px 22px rgba(232,85,42,.45)}\n.lkx-cta-sm{font-size:12.5px;padding:9px 14px;width:100%;margin-top:2px}\n.lkx-hero-bottom{margin-top:auto;padding-top:18px;display:flex;align-items:center;justify-content:space-between;gap:14px;flex-wrap:wrap}\n\n\/* BADGE \u2014 jeden v\u00fdrazn\u00fd na fotce *\/\n.lkx-badge{position:absolute;top:12px;right:12px;font-size:10.5px;font-weight:700;letter-spacing:.3px;padding:5px 10px;border-radius:16px;color:#fff}\n.lkx-badge.badge-urgency{background:rgba(214,40,40,.92)}\n.lkx-badge.badge-new{background:rgba(54,133,252,.92)}\n.lkx-badge.badge-top{background:rgba(195,159,118,.95)}\n.lkx-badge.badge-info{background:rgba(40,40,40,.78)}\n\n\/* SECONDARY GRID *\/\n.lkx-grid{display:grid;grid-template-columns:1fr 1fr;gap:14px}\n.lkx-card{background:#fff;border:1px solid #ece7df;border-radius:14px;overflow:hidden;text-decoration:none!important;color:inherit;box-shadow:0 4px 14px rgba(0,0,0,.05);display:flex;flex-direction:column;transition:box-shadow .2s,transform .2s}\n.lkx-card:hover{box-shadow:0 10px 24px rgba(0,0,0,.1);transform:translateY(-2px)}\n.lkx-card-img{position:relative;aspect-ratio:16\/10;background-size:cover;background-position:center;background-color:#eee}\n.lkx-card-body{padding:14px 16px 16px;display:flex;flex-direction:column;gap:7px;flex:1}\n.lkx-card-bottom{margin-top:auto;padding-top:10px;display:flex;align-items:center;justify-content:space-between;gap:8px}\n\n\/* DISCLOSURE \u2014 drobn\u00e1, kv\u016fli d\u016fv\u011b\u0159e\/z\u00e1konu *\/\n.lkx-disclosure{font-size:11px;color:#a7adb3;text-align:center;margin-top:14px;line-height:1.6}\n.lkx-disclosure a{color:#c39f76;text-decoration:none}\n\n@media(max-width:680px){\n  .lkx-hero{grid-template-columns:1fr}\n  .lkx-hero-img{min-height:180px}\n  .lkx-grid{grid-template-columns:1fr}\n  .lkx-head-meta{margin-left:0;width:100%}\n  .lkx-head-title{font-size:19px}\n}\n\n<\/style>\n<div class=\"lkx-module\" data-query=\"rio de janeiro\">\n  <div class=\"lkx-head\">\n    <div class=\"lkx-head-main\">\n      <span class=\"lkx-head-accent\"><\/span>\n      <span class=\"lkx-head-title\">Experi\u00eancias e ingressos<\/span>\n    <\/div>\n    <span class=\"lkx-head-meta\">avaliado por viajantes \u00b7 GetYourGuide<\/span>\n  <\/div><a class=\"lkx-hero\" href=\"https:\/\/www.getyourguide.com\/pt-br\/rio-de-janeiro-l9\/rio-de-janeiro-passeio-de-sup-ao-nascer-do-sol-em-copacabana-com-fotos-t1423884\/?partner_id=MKZ64IS&amp;utm_medium=online_publisher&amp;cmp=clima-rio-de-janeiro-dicas\" target=\"_blank\" rel=\"sponsored noopener nofollow\">\n    <div class=\"lkx-hero-img\" style=\"background-image:url('https:\/\/cdn.getyourguide.com\/img\/tour\/5a7c5b46bd421ecd5380fce2c80001e7bc88914f0776019cc1930ae7ebd1a95c.jpeg\/132.jpg')\" role=\"img\" aria-label=\"Rio de Janeiro: Passeio de SUP ao Nascer do Sol em Copacabana com Fotos\">\n      <span class=\"lkx-pick\">\u2605 Nossa escolha<\/span><\/div>\n    <div class=\"lkx-hero-body\">\n      <div class=\"lkx-title\">Rio de Janeiro: Passeio de SUP ao Nascer do Sol em Copacabana com Fotos<\/div>\n      <div class=\"lkx-proof\">\n      <span class=\"lkx-stars\">\u2605\u2605\u2605\u2605\u2605<\/span>\n      <b>5.0<\/b> \u00b7 6 avalia\u00e7\u00f5es\n    <\/div>\n      <div class=\"lkx-hero-bottom\"><div class=\"lkx-price\">a partir de <b>\u20ac\u00a035<\/b><\/div><span class=\"lkx-cta lkx-cta-hero\">Quero viver isso \u2192<\/span>\n      <\/div>\n    <\/div>\n  <\/a><div class=\"lkx-grid\"><a class=\"lkx-card\" href=\"https:\/\/www.getyourguide.com\/pt-br\/rio-de-janeiro-l9\/rio-de-janeiro-passeio-a-pe-pelo-centro-historico-com-almoco-t1137712\/?partner_id=MKZ64IS&amp;utm_medium=online_publisher&amp;cmp=clima-rio-de-janeiro-dicas\" target=\"_blank\" rel=\"sponsored noopener nofollow\">\n      <div class=\"lkx-card-img\" style=\"background-image:url('https:\/\/cdn.getyourguide.com\/img\/tour\/b9bf0deaaff26b824d84869a8b591f37b92fc979180f02548449c2f017ae4c7e.png\/132.jpg')\" role=\"img\" aria-label=\"Rio de Janeiro: passeio a p\u00e9 pelo centro hist\u00f3rico com almo\u00e7o\"><\/div>\n      <div class=\"lkx-card-body\">\n        <div class=\"lkx-title lkx-title-sm\">Rio de Janeiro: passeio a p\u00e9 pelo centro hist\u00f3rico com almo\u00e7o<\/div>\n        <div class=\"lkx-proof lkx-proof-sm\">\n      <span class=\"lkx-stars\">\u2605<\/span>\n      <b>4.7<\/b> \u00b7 21\n    <\/div>\n        <div class=\"lkx-card-bottom\"><span class=\"lkx-price lkx-price-sm\">a partir de <b>\u20ac\u00a028<\/b><\/span><span class=\"lkx-cta lkx-cta-sm\">Ver datas \u2192<\/span>\n        <\/div>\n      <\/div>\n    <\/a><a class=\"lkx-card\" href=\"https:\/\/www.getyourguide.com\/pt-br\/rio-de-janeiro-l9\/rio-de-janeiro-passeio-de-um-dia-inteiro-pela-arquitetura-moderna-t1441718\/?partner_id=MKZ64IS&amp;utm_medium=online_publisher&amp;cmp=clima-rio-de-janeiro-dicas\" target=\"_blank\" rel=\"sponsored noopener nofollow\">\n      <div class=\"lkx-card-img\" style=\"background-image:url('https:\/\/cdn.getyourguide.com\/img\/tour\/36bf6e437b4bfa38c65423a828c2c3a1c72636c38b0120874f07ffe3254a043e.jpg\/132.jpg')\" role=\"img\" aria-label=\"Rio de Janeiro: Passeio de um dia inteiro pela arquitetura moderna\"><\/div>\n      <div class=\"lkx-card-body\">\n        <div class=\"lkx-title lkx-title-sm\">Rio de Janeiro: Passeio de um dia inteiro pela arquitetura moderna<\/div>\n        <div class=\"lkx-proof lkx-proof-sm\">\n      <span class=\"lkx-stars\">\u2605<\/span>\n      <b>0.0<\/b> \u00b7 0\n    <\/div>\n        <div class=\"lkx-card-bottom\"><span class=\"lkx-price lkx-price-sm\">a partir de <b>\u20ac\u00a055<\/b><\/span><span class=\"lkx-cta lkx-cta-sm\">Ver datas \u2192<\/span>\n        <\/div>\n      <\/div>\n    <\/a><\/div><div class=\"lkx-disclosure\">\ud83d\udd17 Links de afiliados \u2014 n\u00e3o mudam seu pre\u00e7o e nos ajudam a criar conte\u00fado. \u00b7 <a href=\"https:\/\/www.getyourguide.com\/pt-br\/s\/?q=rio+de+janeiro&amp;partner_id=MKZ64IS&amp;utm_medium=online_publisher\" target=\"_blank\" rel=\"sponsored noopener nofollow\">Todas as experi\u00eancias \u2192<\/a><\/div>\n<\/div>\n<!-- LKM_GYG_CARD end -->\n\n\n\n\n<div class=\"lk-stays-module\">\n<style>\n\/* \u2500\u2500\u2500 RESET PRO GUTENBERG \u2500\u2500\u2500 *\/\n.lk-stays-module * { box-sizing: border-box; margin: 0; padding: 0; }\n\n\/* \u2500\u2500\u2500 WRAPPER \u2500\u2500\u2500 *\/\n.lk-stays-module {\n  font-family: 'DM Sans', Georgia, sans-serif;\n  max-width: 100%;\n  margin: 2.5rem auto;\n  background: linear-gradient(135deg, #fdfaf5 0%, #fcf8f0 100%);\n  border: 1px solid #e8dfd4;\n  border-radius: 16px;\n  overflow: hidden;\n  box-shadow: 0 16px 48px rgba(195, 159, 118, 0.25), 0 4px 12px rgba(0,0,0,0.08);\n}\n\n\/* \u2500\u2500\u2500 HEADER \u2500\u2500\u2500 *\/\n.lk-stays-header {\n  position: relative;\n  padding: 24px 36px 24px;\n  background: linear-gradient(135deg, #c39f76 0%, #d4b188 60%, #c39f76 100%);\n  border-bottom: 1px solid rgba(255,255,255,.15);\n  display: flex;\n  align-items: center;\n  gap: 18px;\n}\n.lk-stays-header::before {\n  content: '';\n  position: absolute;\n  inset: 0;\n  background: url(\"data:image\/svg+xml,%3Csvg width='60' height='60' viewBox='0 0 60 60' xmlns='http:\/\/www.w3.org\/2000\/svg'%3E%3Cg fill='none' fill-rule='evenodd'%3E%3Cg fill='%23ffffff' fill-opacity='0.05'%3E%3Cpath d='M36 34v-4h-2v4h-4v2h4v4h2v-4h4v-2h-4zm0-30V0h-2v4h-4v2h4v4h2V6h4V4h-4zM6 34v-4H4v4H0v2h4v4h2v-4h4v-2H6zM6 4V0H4v4H0v2h4v4h2V6h4V4H6z'\/%3E%3C\/g%3E%3C\/g%3E%3C\/svg%3E\") repeat;\n  pointer-events: none;\n}\n.lk-stays-icon {\n  flex-shrink: 0;\n  width: 68px;\n  height: 68px;\n  border-radius: 14px;\n  background: linear-gradient(135deg, #fff 0%, #f9f6f0 100%);\n  display: flex;\n  align-items: center;\n  justify-content: center;\n  font-size: 26px;\n  box-shadow: 0 4px 12px rgba(0,0,0,0.15);\n}\n.lk-stays-eyebrow {\n  font-size: 10px;\n  font-weight: 500;\n  letter-spacing: 2.5px;\n  text-transform: uppercase;\n  color: rgba(255,255,255,.85);\n  margin: 0 0 5px 0;\n}\n.lk-stays-title {\n  font-family: 'Playfair Display', Georgia, serif;\n  font-size: 24px;\n  font-weight: 700;\n  color: #fff;\n  line-height: 1.2;\n  text-shadow: 0 1px 2px rgba(0,0,0,0.1);\n  margin: 0;\n}\n.lk-stays-subtitle {\n  font-size: 13px;\n  color: rgba(255,255,255,.75);\n  margin: 4px 0 0 0;\n  font-weight: 300;\n}\n\n\/* \u2500\u2500\u2500 CARDS GRID \u2500\u2500\u2500 *\/\n.lk-stays-grid {\n  display: grid;\n  grid-template-columns: 1fr 1fr;\n  gap: 1px;\n  background: rgba(195, 159, 118, 0.12);\n}\n\n\/* \u2500\u2500\u2500 SINGLE CARD \u2500\u2500\u2500 *\/\n.lk-stay-card {\n  background: #ffffff;\n  padding: 26px;\n  display: flex;\n  flex-direction: column;\n  gap: 11px;\n  transition: all 0.3s ease;\n  text-decoration: none;\n  color: inherit;\n  position: relative;\n}\n.lk-stay-card:hover {\n  background: #fffbf5;\n  transform: translateY(-2px);\n  box-shadow: 0 8px 24px rgba(195, 159, 118, 0.18);\n  z-index: 1;\n}\n.lk-stay-card.featured {\n  background: linear-gradient(135deg, #fffdf9 0%, #fff9f0 100%);\n  box-shadow: 0 4px 16px rgba(195, 159, 118, 0.15), inset 0 1px 0 rgba(195, 159, 118, 0.1);\n}\n.lk-stay-card.featured:hover {\n  background: linear-gradient(135deg, #fffbf5 0%, #fff8ed 100%);\n  box-shadow: 0 8px 24px rgba(195, 159, 118, 0.25), inset 0 1px 0 rgba(195, 159, 118, 0.15);\n}\n\n.lk-stay-badge {\n  display: inline-flex;\n  align-items: center;\n  gap: 5px;\n  font-size: 10px;\n  font-weight: 500;\n  letter-spacing: 1.5px;\n  text-transform: uppercase;\n  padding: 5px 11px;\n  border-radius: 20px;\n  width: fit-content;\n}\n.badge-top     { background: linear-gradient(135deg, #c39f76 0%, #d4b188 100%); color: #fff; border: 1px solid #c39f76; font-weight: 600; box-shadow: 0 2px 8px rgba(195,159,118,0.3); }\n.badge-luxury  { background: rgba(195,159,118,.12); color: #c39f76; border: 1px solid rgba(195,159,118,.25); }\n.badge-boutique{ background: rgba(54,133,252,.08); color: #3685fc; border: 1px solid rgba(54,133,252,.2); }\n.badge-nature  { background: rgba(130,190,100,.1); color: #6b9c4a; border: 1px solid rgba(130,190,100,.2); }\n.badge-remote  { background: rgba(195,159,118,.12); color: #a67e50; border: 1px solid rgba(195,159,118,.25); }\n\n.lk-stay-name {\n  font-family: 'Playfair Display', Georgia, serif;\n  font-size: 18px;\n  font-weight: 700;\n  color: #111827;\n  line-height: 1.3;\n}\n.lk-stay-desc {\n  font-size: 13.5px;\n  color: #525252;\n  line-height: 1.65;\n  font-weight: 300;\n  flex: 1;\n}\n\n.lk-stay-meta {\n  display: flex;\n  align-items: center;\n  gap: 12px;\n  flex-wrap: wrap;\n  margin-top: 4px;\n}\n.lk-stay-price {\n  font-size: 13px;\n  color: #6b7280;\n}\n.lk-stay-price strong {\n  color: #c39f76;\n  font-weight: 500;\n}\n.lk-stay-stars {\n  color: #c39f76;\n  font-size: 11px;\n  letter-spacing: 1px;\n}\n\n\/* \u2500\u2500\u2500 CTA BUTTON \u2500\u2500\u2500 *\/\n.lk-stay-cta {\n  display: inline-flex;\n  align-items: center;\n  justify-content: center;\n  gap: 7px;\n  margin-top: 8px;\n  padding: 11px 20px;\n  border-radius: 8px;\n  background: linear-gradient(135deg, #3685fc 0%, #2a6fd9 100%);\n  color: #fff;\n  font-size: 13px;\n  font-weight: 500;\n  text-decoration: none;\n  letter-spacing: .3px;\n  transition: all .2s ease;\n  cursor: pointer;\n  border: none;\n  text-align: center;\n  box-shadow: 0 4px 12px rgba(54, 133, 252, 0.25);\n}\n.lk-stay-cta:hover {\n  background: linear-gradient(135deg, #2a6fd9 0%, #1e5bc4 100%);\n  transform: translateY(-1px);\n  box-shadow: 0 6px 16px rgba(54, 133, 252, 0.35);\n}\n.lk-stay-cta svg { flex-shrink: 0; }\n\n\/* \u2500\u2500\u2500 FOOTER \u2500\u2500\u2500 *\/\n.lk-stays-footer {\n  padding: 18px 36px;\n  background: linear-gradient(to bottom, #fdfaf5 0%, #f9f4ed 100%);\n  border-top: 1px solid rgba(195, 159, 118, 0.15);\n  display: flex;\n  align-items: center;\n  justify-content: space-between;\n  flex-wrap: wrap;\n  gap: 12px;\n}\n.lk-stays-footer-note {\n  font-size: 11.5px;\n  color: #6b7280;\n  font-weight: 300;\n  line-height: 1.5;\n}\n.lk-stays-footer-note a {\n  color: #c39f76;\n  text-decoration: none;\n  font-weight: 400;\n}\n.lk-stays-footer-note a:hover {\n  text-decoration: underline;\n}\n.lk-stays-all-btn {\n  display: inline-flex;\n  align-items: center;\n  gap: 6px;\n  font-size: 12.5px;\n  font-weight: 500;\n  color: #c39f76;\n  text-decoration: none;\n  border: 1px solid rgba(195, 159, 118, 0.35);\n  padding: 8px 18px;\n  border-radius: 8px;\n  transition: all .2s ease;\n}\n.lk-stays-all-btn:hover {\n  background: rgba(195, 159, 118, 0.08);\n  border-color: rgba(195, 159, 118, 0.5);\n}\n\n\/* \u2500\u2500\u2500 RESPONSIVE \u2500\u2500\u2500 *\/\n@media (max-width: 600px) {\n  .lk-stays-grid { grid-template-columns: 1fr; }\n  .lk-stays-header { padding: 24px 20px; }\n  .lk-stays-footer { padding: 16px 20px; }\n  .lk-stay-card { padding: 22px; }\n  .lk-stays-title { font-size: 20px; }\n}\n<\/style>\n\n  <!-- HEADER -->\n  <div class=\"lk-stays-header\">\n    <img decoding=\"async\" src=\"https:\/\/loudavymkrokem.cz\/wp-content\/uploads\/2026\/02\/lukas-a-lucka.jpg\" alt=\"\" style=\"width: 75px; height: 75px; border-radius: 8px; flex-shrink: 0; object-fit: cover; display: block; margin: 4px 0;\" title=\"\">\n    <div class=\"lk-stays-header-text\">\n      <div class=\"lk-stays-eyebrow\">Luk\u00e1\u0161 e Lucie recomendam<\/div>\n      <div class=\"lk-stays-title\">Onde se hospedar no Rio de Janeiro<\/div>\n      <div class=\"lk-stays-subtitle\">4 acomoda\u00e7\u00f5es \u2014 hot\u00e9is com spa, hot\u00e9is e outras op\u00e7\u00f5es de hospedagem<\/div>\n    <\/div>\n  <\/div>\n\n  <!-- CARDS -->\n  <div class=\"lk-stays-grid\">\n\n    <a class=\"lk-stay-card featured\" href=\"https:\/\/www.stay22.com\/allez\/roam?aid=lukaskonecny&#038;campaign=loudavymkrokemcz&#038;campaign=pt-br&#038;campaign=covidetvriodejaneiru&#038;address=Rio+de+Janeiro&#038;hotelname=Arena+Ipanema+Hotel&#038;search=Arena+Ipanema+Hotel&#038;category=accommodation\" target=\"_blank\" rel=\"nofollow noopener\">\n      <span class=\"lk-stay-badge badge-top\">\u2b50 MELHOR ESCOLHA<\/span>\n      <span class=\"lk-stay-badge badge-nature\">\ud83c\udfd6\ufe0f Praia<\/span>\n      <div class=\"lk-stay-name\">Arena Ipanema Hotel<\/div>\n      <div class=\"lk-stay-desc\">Excelente op\u00e7\u00e3o na praia com uma deslumbrante piscina na cobertura com vista para o oceano, a apenas alguns passos do famoso Posto 8.<\/div>\n      <div class=\"lk-stay-meta\">\n        <span class=\"lk-stay-stars\">\u2605\u2605\u2605\u2605<\/span>\n        <span class=\"lk-stay-price\">Verificar pre\u00e7os<\/span>\n      <\/div>\n      <span class=\"lk-stay-cta\">\n        <svg width=\"14\" height=\"14\" viewBox=\"0 0 24 24\" fill=\"none\" stroke=\"currentColor\" stroke-width=\"2\"><path d=\"M18 13v6a2 2 0 0 1-2 2H5a2 2 0 0 1-2-2V8a2 2 0 0 1 2-2h6\"\/><polyline points=\"15 3 21 3 21 9\"\/><line x1=\"10\" y1=\"14\" x2=\"21\" y2=\"3\"\/><\/svg>\n        Verificar disponibilidade\n      <\/span>\n    <\/a>\n\n    <a class=\"lk-stay-card\" href=\"https:\/\/www.stay22.com\/allez\/roam?aid=lukaskonecny&#038;campaign=loudavymkrokemcz&#038;campaign=pt-br&#038;campaign=covidetvriodejaneiru&#038;address=Rio+de+Janeiro&#038;hotelname=Hotel+Fasano+Rio+de+Janeiro&#038;search=Hotel+Fasano+Rio+de+Janeiro&#038;category=accommodation\" target=\"_blank\" rel=\"nofollow noopener\">\n      <span class=\"lk-stay-badge badge-nature\">\u2b50 Luxo<\/span>\n      <div class=\"lk-stay-name\">Hotel Fasano Rio de Janeiro<\/div>\n      <div class=\"lk-stay-desc\">Hotel de luxo ic\u00f4nico, cujo design e localiza\u00e7\u00e3o s\u00e3o incompar\u00e1veis na cidade.<\/div>\n      <div class=\"lk-stay-meta\">\n        <span class=\"lk-stay-stars\">\u2605\u2605\u2605\u2605<\/span>\n        <span class=\"lk-stay-price\">Verificar pre\u00e7os<\/span>\n      <\/div>\n      <span class=\"lk-stay-cta\">\n        <svg width=\"14\" height=\"14\" viewBox=\"0 0 24 24\" fill=\"none\" stroke=\"currentColor\" stroke-width=\"2\"><path d=\"M18 13v6a2 2 0 0 1-2 2H5a2 2 0 0 1-2-2V8a2 2 0 0 1 2-2h6\"\/><polyline points=\"15 3 21 3 21 9\"\/><line x1=\"10\" y1=\"14\" x2=\"21\" y2=\"3\"\/><\/svg>\n        Verificar disponibilidade\n      <\/span>\n    <\/a>\n\n    <a class=\"lk-stay-card\" href=\"https:\/\/www.stay22.com\/allez\/roam?aid=lukaskonecny&#038;campaign=loudavymkrokemcz&#038;campaign=pt-br&#038;campaign=covidetvriodejaneiru&#038;address=Rio+de+Janeiro&#038;hotelname=Yoo2+Rio+de+Janeiro+by+Intercity&#038;search=Yoo2+Rio+de+Janeiro+by+Intercity&#038;category=accommodation\" target=\"_blank\" rel=\"nofollow noopener\">\n      <span class=\"lk-stay-badge badge-nature\">\ud83c\udfe8 Hotel<\/span>\n      <div class=\"lk-stay-name\">Yoo2 Rio de Janeiro by Intercity<\/div>\n      <div class=\"lk-stay-desc\">Hotel elegante com vista fant\u00e1stica para a ba\u00eda em Botafogo.<\/div>\n      <div class=\"lk-stay-meta\">\n        <span class=\"lk-stay-stars\">\u2605\u2605\u2605\u2605<\/span>\n        <span class=\"lk-stay-price\">Verificar pre\u00e7os<\/span>\n      <\/div>\n      <span class=\"lk-stay-cta\">\n        <svg width=\"14\" height=\"14\" viewBox=\"0 0 24 24\" fill=\"none\" stroke=\"currentColor\" stroke-width=\"2\"><path d=\"M18 13v6a2 2 0 0 1-2 2H5a2 2 0 0 1-2-2V8a2 2 0 0 1 2-2h6\"\/><polyline points=\"15 3 21 3 21 9\"\/><line x1=\"10\" y1=\"14\" x2=\"21\" y2=\"3\"\/><\/svg>\n        Verificar disponibilidade\n      <\/span>\n    <\/a>\n\n    <a class=\"lk-stay-card\" href=\"https:\/\/www.stay22.com\/allez\/roam?aid=lukaskonecny&#038;campaign=loudavymkrokemcz&#038;campaign=pt-br&#038;campaign=covidetvriodejaneiru&#038;address=rio%20de%20janeiro\" target=\"_blank\" rel=\"nofollow noopener\">\n      <span class=\"lk-stay-badge badge-nature\">\ud83d\udd0d Buscar<\/span>\n      <div class=\"lk-stay-name\">Ver todas as acomoda\u00e7\u00f5es no Rio de Janeiro<\/div>\n      <div class=\"lk-stay-desc\">Explore todas as op\u00e7\u00f5es de hospedagem dispon\u00edveis no Rio de Janeiro e encontre a melhor de acordo com suas prefer\u00eancias e or\u00e7amento.<\/div>\n      <div class=\"lk-stay-meta\">\n        <span class=\"lk-stay-stars\">\u2605\u2605\u2605\u2605<\/span>\n        <span class=\"lk-stay-price\">Comparar pre\u00e7os<\/span>\n      <\/div>\n      <span class=\"lk-stay-cta\">\n        <svg width=\"14\" height=\"14\" viewBox=\"0 0 24 24\" fill=\"none\" stroke=\"currentColor\" stroke-width=\"2\"><path d=\"M18 13v6a2 2 0 0 1-2 2H5a2 2 0 0 1-2-2V8a2 2 0 0 1 2-2h6\"\/><polyline points=\"15 3 21 3 21 9\"\/><line x1=\"10\" y1=\"14\" x2=\"21\" y2=\"3\"\/><\/svg>\n        Verificar disponibilidade\n      <\/span>\n    <\/a>\n\n  <\/div>\n\n  \n<\/div>\n\n\n\n\n<h3 class=\"wp-block-heading\"><span class=\"ez-toc-section\" id=\"12_Mirante_Dona_Marta\"><\/span>12. Mirante Dona Marta<span class=\"ez-toc-section-end\"><\/span><\/h3>\n\n\n\n<p class=\"wp-block-paragraph\">Se voc\u00ea procura o lugar absolutamente melhor para fotografar a cidade sem multid\u00f5es de turistas, acabou de encontr\u00e1-lo. <strong>O Mirante Dona Marta \u00e9 uma plataforma de observa\u00e7\u00e3o escondida, de onde voc\u00ea v\u00ea o Cristo Redentor e o P\u00e3o de A\u00e7\u00facar em um \u00fanico enquadramento m\u00e1gico<\/strong>, o que faz dele um tesouro n\u00e3o escrito entre os fot\u00f3grafos locais. Fica a mais de trezentos e sessenta metros de altitude e oferece uma vista de helic\u00f3ptero de toda a zona sul da cidade.<\/p>\n\n\n\n<p class=\"wp-block-paragraph\">Ao contr\u00e1rio do lotado Corcovado, aqui reina uma tranquilidade linda \u2014 muitas vezes voc\u00ea vai estar sozinho na enorme plataforma de concreto, s\u00f3 com os micos que espiam curiosos das \u00e1rvores ao redor, e ainda por cima a entrada \u00e9 gr\u00e1tis. Voc\u00ea paga apenas pelo transporte at\u00e9 l\u00e1, pela estrada \u00edngreme e sinuosa da mata.<\/p>\n\n\n\n<p class=\"wp-block-paragraph\">\ud83d\udca1 Dica: <strong>n\u00e3o h\u00e1 transporte p\u00fablico regular at\u00e9 o mirante, ent\u00e3o pe\u00e7a um Uber confi\u00e1vel<\/strong> e combine com o motorista para esperar por voc\u00ea aqueles vinte minutos, sen\u00e3o pode ser muito dif\u00edcil voltar para a cidade. \u00c9 tamb\u00e9m um lugar fant\u00e1stico para ver o nascer do sol, quando a cidade ainda est\u00e1 acordando do sono da noite.<\/p>\n\n\n\n<figure data-wp-context=\"{&quot;imageId&quot;:&quot;6a9c4ee13a669&quot;}\" data-wp-interactive=\"core\/image\" data-wp-key=\"6a9c4ee13a669\" class=\"wp-block-image size-full wp-lightbox-container\"><img decoding=\"async\" width=\"1600\" height=\"1200\" data-wp-class--hide=\"state.isContentHidden\" data-wp-class--show=\"state.isContentVisible\" data-wp-init=\"callbacks.setButtonStyles\" data-wp-on--click=\"actions.showLightbox\" data-wp-on--load=\"callbacks.setButtonStyles\" data-wp-on--pointerdown=\"actions.preloadImage\" data-wp-on--pointerenter=\"actions.preloadImageWithDelay\" data-wp-on--pointerleave=\"actions.cancelPreload\" data-wp-on-window--resize=\"callbacks.setButtonStyles\" src=\"https:\/\/loudavymkrokem.cz\/wp-content\/uploads\/2026\/09\/vista-chinesa.jpg\" alt=\"Pavilh\u00e3o chin\u00eas Vista Chinesa\" class=\"wp-image-413213\" title=\"\" srcset=\"https:\/\/loudavymkrokem.cz\/wp-content\/uploads\/2026\/09\/vista-chinesa.jpg 1600w, https:\/\/loudavymkrokem.cz\/wp-content\/uploads\/2026\/09\/vista-chinesa-300x225.jpg 300w, https:\/\/loudavymkrokem.cz\/wp-content\/uploads\/2026\/09\/vista-chinesa-700x525.jpg 700w, https:\/\/loudavymkrokem.cz\/wp-content\/uploads\/2026\/09\/vista-chinesa-768x576.jpg 768w, https:\/\/loudavymkrokem.cz\/wp-content\/uploads\/2026\/09\/vista-chinesa-1536x1152.jpg 1536w, https:\/\/loudavymkrokem.cz\/wp-content\/uploads\/2026\/09\/vista-chinesa-80x60.jpg 80w, https:\/\/loudavymkrokem.cz\/wp-content\/uploads\/2026\/09\/vista-chinesa-160x120.jpg 160w, https:\/\/loudavymkrokem.cz\/wp-content\/uploads\/2026\/09\/vista-chinesa-696x522.jpg 696w, https:\/\/loudavymkrokem.cz\/wp-content\/uploads\/2026\/09\/vista-chinesa-1392x1044.jpg 1392w\" sizes=\"(max-width: 1600px) 100vw, 1600px\" \/><button\n\t\t\tclass=\"lightbox-trigger\"\n\t\t\ttype=\"button\"\n\t\t\taria-haspopup=\"dialog\"\n\t\t\tdata-wp-bind--aria-label=\"state.thisImage.triggerButtonAriaLabel\"\n\t\t\tdata-wp-init=\"callbacks.initTriggerButton\"\n\t\t\tdata-wp-on--click=\"actions.showLightbox\"\n\t\t\tdata-wp-style--right=\"state.thisImage.buttonRight\"\n\t\t\tdata-wp-style--top=\"state.thisImage.buttonTop\"\n\t\t>\n\t\t\t<svg xmlns=\"http:\/\/www.w3.org\/2000\/svg\" width=\"12\" height=\"12\" fill=\"none\" viewBox=\"0 0 12 12\">\n\t\t\t\t<path fill=\"#fff\" d=\"M2 0a2 2 0 0 0-2 2v2h1.5V2a.5.5 0 0 1 .5-.5h2V0H2Zm2 10.5H2a.5.5 0 0 1-.5-.5V8H0v2a2 2 0 0 0 2 2h2v-1.5ZM8 12v-1.5h2a.5.5 0 0 0 .5-.5V8H12v2a2 2 0 0 1-2 2H8Zm2-12a2 2 0 0 1 2 2v2h-1.5V2a.5.5 0 0 0-.5-.5H8V0h2Z\" \/>\n\t\t\t<\/svg>\n\t\t<\/button><figcaption class=\"wp-element-caption\">Foto: Ivo Barra \/ Google Maps<\/figcaption><\/figure>\n\n\n\n<h3 class=\"wp-block-heading\"><span class=\"ez-toc-section\" id=\"13_O_pavilhao_chines_Vista_Chinesa\"><\/span>13. O pavilh\u00e3o chin\u00eas Vista Chinesa<span class=\"ez-toc-section-end\"><\/span><\/h3>\n\n\n\n<p class=\"wp-block-paragraph\">Bem no fundo das matas do Parque Nacional da Tijuca voc\u00ea vai dar de cara com uma constru\u00e7\u00e3o que definitivamente n\u00e3o esperaria na selva sul-americana. <strong>A Vista Chinesa \u00e9 um lindo pavilh\u00e3o oriental de 1903, constru\u00eddo em homenagem aos imigrantes chineses<\/strong>, que trouxeram o cultivo de ch\u00e1 ao Brasil no s\u00e9culo XIX. A elegante constru\u00e7\u00e3o, com telhado em forma de pagode, se ergue a 380 metros de altitude e forma um contraste incrivelmente fotog\u00eanico com a natureza selvagem ao redor.<\/p>\n\n\n\n<p class=\"wp-block-paragraph\">A vista desse lugar \u00e9 frequentemente apontada como uma das mais rom\u00e2nticas de toda a cidade, porque emoldura na perfei\u00e7\u00e3o a ba\u00eda, as montanhas e as praias. <strong>Com tempo limpo, voc\u00ea v\u00ea do pavilh\u00e3o toda a Ipanema, a Lagoa Rodrigo de Freitas e os picos distantes no horizonte<\/strong>, tudo emoldurado por folhas exuberantes de palmeira e samambaias enormes. O lugar \u00e9 muito popular entre os ciclistas locais, para quem a subida puxada at\u00e9 o pavilh\u00e3o \u00e9 o maior desafio esportivo.<\/p>\n\n\n\n<p class=\"wp-block-paragraph\">\ud83d\udca1 Dica: <strong>combine a visita ao pavilh\u00e3o com a vizinha Cachoeira dos Macacos<\/strong>, \u00e0 qual voc\u00ea chega em uma curta caminhada por uma trilha na mata. De novo vale a regra da cautela no transporte: a estrada \u00e9 estreita e \u00edngreme, ent\u00e3o v\u00e1 at\u00e9 l\u00e1 exclusivamente de carro ou em um tour organizado, nunca a p\u00e9, subindo desde a base.<\/p>\n\n\n\n<figure data-wp-context=\"{&quot;imageId&quot;:&quot;6a9c4ee13ad09&quot;}\" data-wp-interactive=\"core\/image\" data-wp-key=\"6a9c4ee13ad09\" class=\"wp-block-image size-full wp-lightbox-container\"><img decoding=\"async\" width=\"1600\" height=\"2133\" data-wp-class--hide=\"state.isContentHidden\" data-wp-class--show=\"state.isContentVisible\" data-wp-init=\"callbacks.setButtonStyles\" data-wp-on--click=\"actions.showLightbox\" data-wp-on--load=\"callbacks.setButtonStyles\" data-wp-on--pointerdown=\"actions.preloadImage\" data-wp-on--pointerenter=\"actions.preloadImageWithDelay\" data-wp-on--pointerleave=\"actions.cancelPreload\" data-wp-on-window--resize=\"callbacks.setButtonStyles\" src=\"https:\/\/loudavymkrokem.cz\/wp-content\/uploads\/2026\/09\/zahrady.jpg\" alt=\"Jardins e o casar\u00e3o do Parque Lage\" class=\"wp-image-413218\" title=\"\" srcset=\"https:\/\/loudavymkrokem.cz\/wp-content\/uploads\/2026\/09\/zahrady.jpg 1600w, https:\/\/loudavymkrokem.cz\/wp-content\/uploads\/2026\/09\/zahrady-225x300.jpg 225w, https:\/\/loudavymkrokem.cz\/wp-content\/uploads\/2026\/09\/zahrady-700x933.jpg 700w, https:\/\/loudavymkrokem.cz\/wp-content\/uploads\/2026\/09\/zahrady-768x1024.jpg 768w, https:\/\/loudavymkrokem.cz\/wp-content\/uploads\/2026\/09\/zahrady-1152x1536.jpg 1152w, https:\/\/loudavymkrokem.cz\/wp-content\/uploads\/2026\/09\/zahrady-1536x2048.jpg 1536w, https:\/\/loudavymkrokem.cz\/wp-content\/uploads\/2026\/09\/zahrady-696x928.jpg 696w, https:\/\/loudavymkrokem.cz\/wp-content\/uploads\/2026\/09\/zahrady-1392x1856.jpg 1392w\" sizes=\"(max-width: 1600px) 100vw, 1600px\" \/><button\n\t\t\tclass=\"lightbox-trigger\"\n\t\t\ttype=\"button\"\n\t\t\taria-haspopup=\"dialog\"\n\t\t\tdata-wp-bind--aria-label=\"state.thisImage.triggerButtonAriaLabel\"\n\t\t\tdata-wp-init=\"callbacks.initTriggerButton\"\n\t\t\tdata-wp-on--click=\"actions.showLightbox\"\n\t\t\tdata-wp-style--right=\"state.thisImage.buttonRight\"\n\t\t\tdata-wp-style--top=\"state.thisImage.buttonTop\"\n\t\t>\n\t\t\t<svg xmlns=\"http:\/\/www.w3.org\/2000\/svg\" width=\"12\" height=\"12\" fill=\"none\" viewBox=\"0 0 12 12\">\n\t\t\t\t<path fill=\"#fff\" d=\"M2 0a2 2 0 0 0-2 2v2h1.5V2a.5.5 0 0 1 .5-.5h2V0H2Zm2 10.5H2a.5.5 0 0 1-.5-.5V8H0v2a2 2 0 0 0 2 2h2v-1.5ZM8 12v-1.5h2a.5.5 0 0 0 .5-.5V8H12v2a2 2 0 0 1-2 2H8Zm2-12a2 2 0 0 1 2 2v2h-1.5V2a.5.5 0 0 0-.5-.5H8V0h2Z\" \/>\n\t\t\t<\/svg>\n\t\t<\/button><figcaption class=\"wp-element-caption\">Foto: Emerson Zanoti \/ Google Maps<\/figcaption><\/figure>\n\n\n\n<h3 class=\"wp-block-heading\"><span class=\"ez-toc-section\" id=\"14_Jardins_e_o_casarao_do_Parque_Lage\"><\/span>14. Jardins e o casar\u00e3o do Parque Lage<span class=\"ez-toc-section-end\"><\/span><\/h3>\n\n\n\n<p class=\"wp-block-paragraph\">Ao p\u00e9 do morro do Corcovado fica um dos parques p\u00fablicos mais bonitos, que esconde uma boa dose de eleg\u00e2ncia europeia. <strong>O Parque Lage \u00e9 formado por lindos jardins subtropicais que cercam um deslumbrante casar\u00e3o em estilo de pal\u00e1cio romano<\/strong>, que hoje serve como <a href=\"http:\/\/eavparquelage.rj.gov.br\/\" rel=\"nofollow noopener\" target=\"_blank\">prestigiada escola de artes visuais<\/a>. O destaque de todo o p\u00e1tio \u00e9 uma piscina rasa, na qual, no \u00e2ngulo certo, se reflete o Cristo Redentor l\u00e1 no alto.<\/p>\n\n\n\n<p class=\"wp-block-paragraph\">O parque tem mais de cinquenta hectares e oferece uma fuga perfeita para a sombra de \u00e1rvores centen\u00e1rias, grutas artificiais e torrezinhas rom\u00e2nticas escondidas no verde. <strong>Para os amantes de caminhadas, esse lugar \u00e9 fundamental, porque \u00e9 justamente atr\u00e1s do casar\u00e3o que come\u00e7a a trilha \u00edngreme pela mata at\u00e9 o topo do Corcovado<\/strong>, usada pelos viajantes mais preparados como alternativa gratuita ao trem. A atmosfera do lugar \u00e9 incrivelmente relaxada; estudantes de arte pintam seus quadros ali e fam\u00edlias fazem piqueniques de fim de semana na grama.<\/p>\n\n\n\n<p class=\"wp-block-paragraph\">\ud83d\udca1 Dica: <strong>dentro do pr\u00f3prio casar\u00e3o hist\u00f3rico funciona a charmosa Plage Caf\u00e9<\/strong>, onde voc\u00ea pode saborear um caf\u00e9 da manh\u00e3 \u00f3timo, cheio de frutas tropicais frescas e especialidades com queijo, bem ao lado da ic\u00f4nica piscina. Eu recomendo chegar na hora de abrir \u2014 ao longo do dia, a espera por uma mesa \u00e9 realmente longa.<\/p>\n\n\n\n<figure data-wp-context=\"{&quot;imageId&quot;:&quot;6a9c4ee13b3f3&quot;}\" data-wp-interactive=\"core\/image\" data-wp-key=\"6a9c4ee13b3f3\" class=\"wp-block-image size-full wp-lightbox-container\"><img decoding=\"async\" width=\"1600\" height=\"900\" data-wp-class--hide=\"state.isContentHidden\" data-wp-class--show=\"state.isContentVisible\" data-wp-init=\"callbacks.setButtonStyles\" data-wp-on--click=\"actions.showLightbox\" data-wp-on--load=\"callbacks.setButtonStyles\" data-wp-on--pointerdown=\"actions.preloadImage\" data-wp-on--pointerenter=\"actions.preloadImageWithDelay\" data-wp-on--pointerleave=\"actions.cancelPreload\" data-wp-on-window--resize=\"callbacks.setButtonStyles\" src=\"https:\/\/loudavymkrokem.cz\/wp-content\/uploads\/2026\/09\/swap-412735-15.jpg\" alt=\"Museu do Amanh\u00e3 no Rio de Janeiro\" class=\"wp-image-413416\" title=\"\" srcset=\"https:\/\/loudavymkrokem.cz\/wp-content\/uploads\/2026\/09\/swap-412735-15.jpg 1600w, https:\/\/loudavymkrokem.cz\/wp-content\/uploads\/2026\/09\/swap-412735-15-300x169.jpg 300w, https:\/\/loudavymkrokem.cz\/wp-content\/uploads\/2026\/09\/swap-412735-15-700x394.jpg 700w, https:\/\/loudavymkrokem.cz\/wp-content\/uploads\/2026\/09\/swap-412735-15-768x432.jpg 768w, https:\/\/loudavymkrokem.cz\/wp-content\/uploads\/2026\/09\/swap-412735-15-1536x864.jpg 1536w, https:\/\/loudavymkrokem.cz\/wp-content\/uploads\/2026\/09\/swap-412735-15-696x392.jpg 696w, https:\/\/loudavymkrokem.cz\/wp-content\/uploads\/2026\/09\/swap-412735-15-1392x783.jpg 1392w\" sizes=\"(max-width: 1600px) 100vw, 1600px\" \/><button\n\t\t\tclass=\"lightbox-trigger\"\n\t\t\ttype=\"button\"\n\t\t\taria-haspopup=\"dialog\"\n\t\t\tdata-wp-bind--aria-label=\"state.thisImage.triggerButtonAriaLabel\"\n\t\t\tdata-wp-init=\"callbacks.initTriggerButton\"\n\t\t\tdata-wp-on--click=\"actions.showLightbox\"\n\t\t\tdata-wp-style--right=\"state.thisImage.buttonRight\"\n\t\t\tdata-wp-style--top=\"state.thisImage.buttonTop\"\n\t\t>\n\t\t\t<svg xmlns=\"http:\/\/www.w3.org\/2000\/svg\" width=\"12\" height=\"12\" fill=\"none\" viewBox=\"0 0 12 12\">\n\t\t\t\t<path fill=\"#fff\" d=\"M2 0a2 2 0 0 0-2 2v2h1.5V2a.5.5 0 0 1 .5-.5h2V0H2Zm2 10.5H2a.5.5 0 0 1-.5-.5V8H0v2a2 2 0 0 0 2 2h2v-1.5ZM8 12v-1.5h2a.5.5 0 0 0 .5-.5V8H12v2a2 2 0 0 1-2 2H8Zm2-12a2 2 0 0 1 2 2v2h-1.5V2a.5.5 0 0 0-.5-.5H8V0h2Z\" \/>\n\t\t\t<\/svg>\n\t\t<\/button><figcaption class=\"wp-element-caption\">Foto: Fadul \/ Google Maps<\/figcaption><\/figure>\n\n\n\n<h3 class=\"wp-block-heading\"><span class=\"ez-toc-section\" id=\"15_Museu_do_Amanha\"><\/span>15. Museu do Amanh\u00e3<span class=\"ez-toc-section-end\"><\/span><\/h3>\n\n\n\n<p class=\"wp-block-paragraph\">Na revitalizada regi\u00e3o portu\u00e1ria do Porto Maravilha surgiu uma constru\u00e7\u00e3o que levou na hora a arquitetura da cidade para o s\u00e9culo XXI. <strong>O <a href=\"https:\/\/museudoamanha.org.br\/\" rel=\"nofollow noopener\" target=\"_blank\">Museu do Amanh\u00e3<\/a> \u00e9 um fascinante museu de ci\u00eancia aplicada dedicado ao futuro da humanidade<\/strong>, cujo pr\u00e9dio futurista foi projetado pelo famoso arquiteto espanhol Santiago Calatrava. A estrutura branca, que lembra o esqueleto gigante de um p\u00e1ssaro pr\u00e9-hist\u00f3rico ou uma nave espacial, avan\u00e7a dramaticamente sobre a \u00e1gua e, por si s\u00f3, j\u00e1 vale uma longa visita.<\/p>\n\n\n\n<p class=\"wp-block-paragraph\">L\u00e1 dentro, n\u00e3o espere artefatos hist\u00f3ricos empoeirados, mas exposi\u00e7\u00f5es interativas cheias de telas gigantes, visualiza\u00e7\u00f5es de dados e perguntas instigantes. <strong>As exposi\u00e7\u00f5es te fazem refletir sobre as mudan\u00e7as clim\u00e1ticas, o crescimento populacional e a sustentabilidade do nosso planeta<\/strong>, o que faz todo o sentido no contexto de um pa\u00eds t\u00e3o grande e rico em natureza como o Brasil. O museu mostra que o Rio n\u00e3o \u00e9 s\u00f3 uma cidade de praias e carnaval, mas tamb\u00e9m um moderno centro de ci\u00eancia e inova\u00e7\u00e3o.<\/p>\n\n\n\n<p class=\"wp-block-paragraph\">\ud83d\udca1 Dica: <strong>muitas vezes \u00e9 preciso reservar os ingressos online com bastante anteced\u00eancia<\/strong>, porque a capacidade di\u00e1ria costuma se esgotar r\u00e1pido, principalmente nos fins de semana. Ao redor do museu se estende o largo e seguro cal\u00e7ad\u00e3o da Orla Conde, por onde voc\u00ea pode fazer um belo passeio \u00e0 beira-mar e admirar os enormes murais de grafite de artistas locais.<\/p>\n\n\n\n<figure data-wp-context=\"{&quot;imageId&quot;:&quot;6a9c4ee13ba7c&quot;}\" data-wp-interactive=\"core\/image\" data-wp-key=\"6a9c4ee13ba7c\" class=\"wp-block-image size-full wp-lightbox-container\"><img decoding=\"async\" width=\"1600\" height=\"1200\" data-wp-class--hide=\"state.isContentHidden\" data-wp-class--show=\"state.isContentVisible\" data-wp-init=\"callbacks.setButtonStyles\" data-wp-on--click=\"actions.showLightbox\" data-wp-on--load=\"callbacks.setButtonStyles\" data-wp-on--pointerdown=\"actions.preloadImage\" data-wp-on--pointerenter=\"actions.preloadImageWithDelay\" data-wp-on--pointerleave=\"actions.cancelPreload\" data-wp-on-window--resize=\"callbacks.setButtonStyles\" src=\"https:\/\/loudavymkrokem.cz\/wp-content\/uploads\/2026\/09\/swap-412735-16-f6e8010d.jpg\" alt=\"Museu de Arte do Rio (MAR)\" class=\"wp-image-413444\" title=\"\" srcset=\"https:\/\/loudavymkrokem.cz\/wp-content\/uploads\/2026\/09\/swap-412735-16-f6e8010d.jpg 1600w, https:\/\/loudavymkrokem.cz\/wp-content\/uploads\/2026\/09\/swap-412735-16-f6e8010d-300x225.jpg 300w, https:\/\/loudavymkrokem.cz\/wp-content\/uploads\/2026\/09\/swap-412735-16-f6e8010d-700x525.jpg 700w, https:\/\/loudavymkrokem.cz\/wp-content\/uploads\/2026\/09\/swap-412735-16-f6e8010d-768x576.jpg 768w, https:\/\/loudavymkrokem.cz\/wp-content\/uploads\/2026\/09\/swap-412735-16-f6e8010d-1536x1152.jpg 1536w, https:\/\/loudavymkrokem.cz\/wp-content\/uploads\/2026\/09\/swap-412735-16-f6e8010d-80x60.jpg 80w, https:\/\/loudavymkrokem.cz\/wp-content\/uploads\/2026\/09\/swap-412735-16-f6e8010d-160x120.jpg 160w, https:\/\/loudavymkrokem.cz\/wp-content\/uploads\/2026\/09\/swap-412735-16-f6e8010d-696x522.jpg 696w, https:\/\/loudavymkrokem.cz\/wp-content\/uploads\/2026\/09\/swap-412735-16-f6e8010d-1392x1044.jpg 1392w\" sizes=\"(max-width: 1600px) 100vw, 1600px\" \/><button\n\t\t\tclass=\"lightbox-trigger\"\n\t\t\ttype=\"button\"\n\t\t\taria-haspopup=\"dialog\"\n\t\t\tdata-wp-bind--aria-label=\"state.thisImage.triggerButtonAriaLabel\"\n\t\t\tdata-wp-init=\"callbacks.initTriggerButton\"\n\t\t\tdata-wp-on--click=\"actions.showLightbox\"\n\t\t\tdata-wp-style--right=\"state.thisImage.buttonRight\"\n\t\t\tdata-wp-style--top=\"state.thisImage.buttonTop\"\n\t\t>\n\t\t\t<svg xmlns=\"http:\/\/www.w3.org\/2000\/svg\" width=\"12\" height=\"12\" fill=\"none\" viewBox=\"0 0 12 12\">\n\t\t\t\t<path fill=\"#fff\" d=\"M2 0a2 2 0 0 0-2 2v2h1.5V2a.5.5 0 0 1 .5-.5h2V0H2Zm2 10.5H2a.5.5 0 0 1-.5-.5V8H0v2a2 2 0 0 0 2 2h2v-1.5ZM8 12v-1.5h2a.5.5 0 0 0 .5-.5V8H12v2a2 2 0 0 1-2 2H8Zm2-12a2 2 0 0 1 2 2v2h-1.5V2a.5.5 0 0 0-.5-.5H8V0h2Z\" \/>\n\t\t\t<\/svg>\n\t\t<\/button><figcaption class=\"wp-element-caption\">Foto: Leila Mota \/ Google Maps<\/figcaption><\/figure>\n\n\n\n<h3 class=\"wp-block-heading\"><span class=\"ez-toc-section\" id=\"16_Museu_de_Arte_do_Rio_MAR\"><\/span>16. Museu de Arte do Rio (MAR)<span class=\"ez-toc-section-end\"><\/span><\/h3>\n\n\n\n<p class=\"wp-block-paragraph\"><strong>O Museu de Arte do Rio (MAR) fica em um complexo arquitet\u00f4nico \u00fanico<\/strong>, que uniu com ousadia um antigo palacete cl\u00e1ssico a um pr\u00e9dio moderno envidra\u00e7ado, por meio de uma cobertura de concreto ondulada. Esse contraste visual capta exatamente a ess\u00eancia da maior cidade tur\u00edstica do Brasil, onde o antigo encontra o novo o tempo todo.<\/p>\n\n\n\n<p class=\"wp-block-paragraph\">O museu foca principalmente na arte brasileira, na cultura local e na complexa hist\u00f3ria da pr\u00f3pria cidade, incluindo a hist\u00f3ria e a vida nas favelas. <strong>Do andar mais alto, sob a cobertura ondulada, se abre uma vista fant\u00e1stica de toda a Pra\u00e7a Mau\u00e1 e do vizinho Museu do Amanh\u00e3<\/strong>, uma \u00f3tima oportunidade para captar a face moderna do Rio de cima. As exposi\u00e7\u00f5es s\u00e3o bem variadas, da pintura cl\u00e1ssica \u00e0 fotografia e \u00e0s instala\u00e7\u00f5es modernas de jovens criadores.<\/p>\n\n\n\n<p class=\"wp-block-paragraph\">\ud83d\udca1 Dica: <strong>se voc\u00ea gosta de arte, reserve uma tarde inteira para visitar os dois museus da Pra\u00e7a Mau\u00e1<\/strong>, porque eles se complementam muito bem. Os restaurantes ao redor do porto ainda oferecem \u00f3timas vers\u00f5es vegetarianas de pratos brasileiros, como o pastel de queijo, aquele pastel crocante e frito recheado de queijo derretido.<\/p>\n\n\n\n<figure data-wp-context=\"{&quot;imageId&quot;:&quot;6a9c4ee13c2ec&quot;}\" data-wp-interactive=\"core\/image\" data-wp-key=\"6a9c4ee13c2ec\" class=\"wp-block-image size-full wp-lightbox-container\"><img decoding=\"async\" width=\"1600\" height=\"1067\" data-wp-class--hide=\"state.isContentHidden\" data-wp-class--show=\"state.isContentVisible\" data-wp-init=\"callbacks.setButtonStyles\" data-wp-on--click=\"actions.showLightbox\" data-wp-on--load=\"callbacks.setButtonStyles\" data-wp-on--pointerdown=\"actions.preloadImage\" data-wp-on--pointerenter=\"actions.preloadImageWithDelay\" data-wp-on--pointerleave=\"actions.cancelPreload\" data-wp-on-window--resize=\"callbacks.setButtonStyles\" src=\"https:\/\/loudavymkrokem.cz\/wp-content\/uploads\/2026\/09\/centro-cultural-banco-do-brasil.jpg\" alt=\"Centro Cultural Banco do Brasil (CCBB)\" class=\"wp-image-413229\" title=\"\" srcset=\"https:\/\/loudavymkrokem.cz\/wp-content\/uploads\/2026\/09\/centro-cultural-banco-do-brasil.jpg 1600w, https:\/\/loudavymkrokem.cz\/wp-content\/uploads\/2026\/09\/centro-cultural-banco-do-brasil-300x200.jpg 300w, https:\/\/loudavymkrokem.cz\/wp-content\/uploads\/2026\/09\/centro-cultural-banco-do-brasil-700x467.jpg 700w, https:\/\/loudavymkrokem.cz\/wp-content\/uploads\/2026\/09\/centro-cultural-banco-do-brasil-768x512.jpg 768w, https:\/\/loudavymkrokem.cz\/wp-content\/uploads\/2026\/09\/centro-cultural-banco-do-brasil-1536x1024.jpg 1536w, https:\/\/loudavymkrokem.cz\/wp-content\/uploads\/2026\/09\/centro-cultural-banco-do-brasil-696x464.jpg 696w, https:\/\/loudavymkrokem.cz\/wp-content\/uploads\/2026\/09\/centro-cultural-banco-do-brasil-1392x928.jpg 1392w\" sizes=\"(max-width: 1600px) 100vw, 1600px\" \/><button\n\t\t\tclass=\"lightbox-trigger\"\n\t\t\ttype=\"button\"\n\t\t\taria-haspopup=\"dialog\"\n\t\t\tdata-wp-bind--aria-label=\"state.thisImage.triggerButtonAriaLabel\"\n\t\t\tdata-wp-init=\"callbacks.initTriggerButton\"\n\t\t\tdata-wp-on--click=\"actions.showLightbox\"\n\t\t\tdata-wp-style--right=\"state.thisImage.buttonRight\"\n\t\t\tdata-wp-style--top=\"state.thisImage.buttonTop\"\n\t\t>\n\t\t\t<svg xmlns=\"http:\/\/www.w3.org\/2000\/svg\" width=\"12\" height=\"12\" fill=\"none\" viewBox=\"0 0 12 12\">\n\t\t\t\t<path fill=\"#fff\" d=\"M2 0a2 2 0 0 0-2 2v2h1.5V2a.5.5 0 0 1 .5-.5h2V0H2Zm2 10.5H2a.5.5 0 0 1-.5-.5V8H0v2a2 2 0 0 0 2 2h2v-1.5ZM8 12v-1.5h2a.5.5 0 0 0 .5-.5V8H12v2a2 2 0 0 1-2 2H8Zm2-12a2 2 0 0 1 2 2v2h-1.5V2a.5.5 0 0 0-.5-.5H8V0h2Z\" \/>\n\t\t\t<\/svg>\n\t\t<\/button><figcaption class=\"wp-element-caption\">Foto: Centro Cultural Banco do Brasil (CCBB) \/ Google Maps<\/figcaption><\/figure>\n\n\n\n<h3 class=\"wp-block-heading\"><span class=\"ez-toc-section\" id=\"17_Centro_Cultural_Banco_do_Brasil_CCBB\"><\/span>17. Centro Cultural Banco do Brasil (CCBB)<span class=\"ez-toc-section-end\"><\/span><\/h3>\n\n\n\n<p class=\"wp-block-paragraph\">No agitado cora\u00e7\u00e3o comercial da cidade fica um dos centros culturais mais visitados e mais bem avaliados do mundo. <strong>O Centro Cultural Banco do Brasil ocupa um deslumbrante pr\u00e9dio neocl\u00e1ssico de 1906<\/strong>, que antes servia como sede principal do poderoso banco e hoje abriga as exposi\u00e7\u00f5es internacionais mais prestigiadas. S\u00f3 a entrada no enorme sal\u00e3o com c\u00fapula de vidro e escadarias de m\u00e1rmore ornamentadas j\u00e1 \u00e9 uma experi\u00eancia impressionante, que te transporta para a \u00e9poca de maior riqueza.<\/p>\n\n\n\n<p class=\"wp-block-paragraph\">Al\u00e9m das amplas galerias de arte, esse enorme complexo oferece tamb\u00e9m cinema pr\u00f3prio, salas de teatro e v\u00e1rios andares de exposi\u00e7\u00f5es em constante mudan\u00e7a. <strong>O melhor de todo o centro \u00e9 que a entrada na grande maioria das exposi\u00e7\u00f5es e no pr\u00f3prio pr\u00e9dio \u00e9 totalmente gratuita<\/strong>, o que faz dele um lugar incrivelmente acess\u00edvel para todos os amantes de cultura. A programa\u00e7\u00e3o \u00e9 sempre bem cuidada e ali voc\u00ea costuma encontrar retrospectivas fascinantes de famosos artistas mundiais e brasileiros.<\/p>\n\n\n\n<p class=\"wp-block-paragraph\">\ud83d\udca1 Dica: <strong>depois de ver as exposi\u00e7\u00f5es, pare na hist\u00f3rica cafeteria do t\u00e9rreo<\/strong>, que preservou a decora\u00e7\u00e3o original do banco, e tome um forte caf\u00e9 brasileiro. O pr\u00e9dio fica no centro da cidade, que se esvazia r\u00e1pido depois do hor\u00e1rio comercial, ent\u00e3o v\u00e1 at\u00e9 l\u00e1 sempre de dia e prefira evitar passeios noturnos pela regi\u00e3o.<\/p>\n\n\n\n<figure data-wp-context=\"{&quot;imageId&quot;:&quot;6a9c4ee13c95c&quot;}\" data-wp-interactive=\"core\/image\" data-wp-key=\"6a9c4ee13c95c\" class=\"wp-block-image size-full wp-lightbox-container\"><img decoding=\"async\" width=\"490\" height=\"480\" data-wp-class--hide=\"state.isContentHidden\" data-wp-class--show=\"state.isContentVisible\" data-wp-init=\"callbacks.setButtonStyles\" data-wp-on--click=\"actions.showLightbox\" data-wp-on--load=\"callbacks.setButtonStyles\" data-wp-on--pointerdown=\"actions.preloadImage\" data-wp-on--pointerenter=\"actions.preloadImageWithDelay\" data-wp-on--pointerleave=\"actions.cancelPreload\" data-wp-on-window--resize=\"callbacks.setButtonStyles\" src=\"https:\/\/loudavymkrokem.cz\/wp-content\/uploads\/2026\/09\/theatro-municipal-do-rio-de-janeiro.jpg\" alt=\"Theatro Municipal do Rio de Janeiro\" class=\"wp-image-413233\" title=\"\" srcset=\"https:\/\/loudavymkrokem.cz\/wp-content\/uploads\/2026\/09\/theatro-municipal-do-rio-de-janeiro.jpg 490w, https:\/\/loudavymkrokem.cz\/wp-content\/uploads\/2026\/09\/theatro-municipal-do-rio-de-janeiro-300x294.jpg 300w\" sizes=\"(max-width: 490px) 100vw, 490px\" \/><button\n\t\t\tclass=\"lightbox-trigger\"\n\t\t\ttype=\"button\"\n\t\t\taria-haspopup=\"dialog\"\n\t\t\tdata-wp-bind--aria-label=\"state.thisImage.triggerButtonAriaLabel\"\n\t\t\tdata-wp-init=\"callbacks.initTriggerButton\"\n\t\t\tdata-wp-on--click=\"actions.showLightbox\"\n\t\t\tdata-wp-style--right=\"state.thisImage.buttonRight\"\n\t\t\tdata-wp-style--top=\"state.thisImage.buttonTop\"\n\t\t>\n\t\t\t<svg xmlns=\"http:\/\/www.w3.org\/2000\/svg\" width=\"12\" height=\"12\" fill=\"none\" viewBox=\"0 0 12 12\">\n\t\t\t\t<path fill=\"#fff\" d=\"M2 0a2 2 0 0 0-2 2v2h1.5V2a.5.5 0 0 1 .5-.5h2V0H2Zm2 10.5H2a.5.5 0 0 1-.5-.5V8H0v2a2 2 0 0 0 2 2h2v-1.5ZM8 12v-1.5h2a.5.5 0 0 0 .5-.5V8H12v2a2 2 0 0 1-2 2H8Zm2-12a2 2 0 0 1 2 2v2h-1.5V2a.5.5 0 0 0-.5-.5H8V0h2Z\" \/>\n\t\t\t<\/svg>\n\t\t<\/button><figcaption class=\"wp-element-caption\">Foto: Ralph Schmidt \/ Google Maps<\/figcaption><\/figure>\n\n\n\n<h3 class=\"wp-block-heading\"><span class=\"ez-toc-section\" id=\"18_Theatro_Municipal_do_Rio_de_Janeiro\"><\/span>18. Theatro Municipal do Rio de Janeiro<span class=\"ez-toc-section-end\"><\/span><\/h3>\n\n\n\n<p class=\"wp-block-paragraph\">Na Cinel\u00e2ndia fica um pr\u00e9dio que, com sua apar\u00eancia, remete claramente \u00e0 enorme influ\u00eancia europeia na hist\u00f3ria da cidade. <strong>O <a href=\"http:\/\/theatromunicipal.rj.gov.br\/\" rel=\"nofollow noopener\" target=\"_blank\">Theatro Municipal<\/a> \u00e9 um teatro suntuoso de 1909 constru\u00eddo em estilo parisiense<\/strong>, que serve como principal palco para apresenta\u00e7\u00f5es de bal\u00e9, \u00f3pera e m\u00fasica cl\u00e1ssica em todo o Brasil. Sua fachada \u00e9 ricamente decorada com ouro, colunas maci\u00e7as e esculturas elaboradas, o que o coloca entre as constru\u00e7\u00f5es mais bonitas de todo o pa\u00eds.<\/p>\n\n\n\n<p class=\"wp-block-paragraph\">Mesmo que voc\u00ea n\u00e3o pretenda assistir a nenhuma apresenta\u00e7\u00e3o noturna, o interior desse pr\u00e9dio definitivamente merece sua aten\u00e7\u00e3o. <strong>Voc\u00ea pode participar de uma visita guiada, que te leva pelo impressionante foyer, pela plateia e pelas salas luxuosas<\/strong>, decoradas com vitrais deslumbrantes e pinturas de parede. \u00c9 um contraste enorme com a cultura praiana descontra\u00edda, que mostra o Rio como uma cidade orgulhosa, com profunda tradi\u00e7\u00e3o intelectual.<\/p>\n\n\n\n<p class=\"wp-block-paragraph\">\ud83d\udca1 Dica: <strong>na frente do teatro costumam se reunir artistas e m\u00fasicos de rua<\/strong>, ent\u00e3o a pr\u00f3pria Cinel\u00e2ndia oferece um \u00f3timo espet\u00e1culo de gra\u00e7a. Se voc\u00ea quiser mesmo assistir a uma apresenta\u00e7\u00e3o, os ingressos de bal\u00e9 saem por pre\u00e7os bem acess\u00edveis, mas exigem pelo menos uma roupa social b\u00e1sica \u2014 chinelo de praia n\u00e3o passa aqui.<\/p>\n\n\n\n<figure data-wp-context=\"{&quot;imageId&quot;:&quot;6a9c4ee13d017&quot;}\" data-wp-interactive=\"core\/image\" data-wp-key=\"6a9c4ee13d017\" class=\"wp-block-image size-full wp-lightbox-container\"><img decoding=\"async\" width=\"1600\" height=\"1200\" data-wp-class--hide=\"state.isContentHidden\" data-wp-class--show=\"state.isContentVisible\" data-wp-init=\"callbacks.setButtonStyles\" data-wp-on--click=\"actions.showLightbox\" data-wp-on--load=\"callbacks.setButtonStyles\" data-wp-on--pointerdown=\"actions.preloadImage\" data-wp-on--pointerenter=\"actions.preloadImageWithDelay\" data-wp-on--pointerleave=\"actions.cancelPreload\" data-wp-on-window--resize=\"callbacks.setButtonStyles\" src=\"https:\/\/loudavymkrokem.cz\/wp-content\/uploads\/2026\/09\/catedral-metropolitana-de-s-o-sebasti-o.jpg\" alt=\"Catedral Metropolitana de S\u00e3o Sebasti\u00e3o\" class=\"wp-image-413238\" title=\"\" srcset=\"https:\/\/loudavymkrokem.cz\/wp-content\/uploads\/2026\/09\/catedral-metropolitana-de-s-o-sebasti-o.jpg 1600w, https:\/\/loudavymkrokem.cz\/wp-content\/uploads\/2026\/09\/catedral-metropolitana-de-s-o-sebasti-o-300x225.jpg 300w, https:\/\/loudavymkrokem.cz\/wp-content\/uploads\/2026\/09\/catedral-metropolitana-de-s-o-sebasti-o-700x525.jpg 700w, https:\/\/loudavymkrokem.cz\/wp-content\/uploads\/2026\/09\/catedral-metropolitana-de-s-o-sebasti-o-768x576.jpg 768w, https:\/\/loudavymkrokem.cz\/wp-content\/uploads\/2026\/09\/catedral-metropolitana-de-s-o-sebasti-o-1536x1152.jpg 1536w, https:\/\/loudavymkrokem.cz\/wp-content\/uploads\/2026\/09\/catedral-metropolitana-de-s-o-sebasti-o-80x60.jpg 80w, https:\/\/loudavymkrokem.cz\/wp-content\/uploads\/2026\/09\/catedral-metropolitana-de-s-o-sebasti-o-160x120.jpg 160w, https:\/\/loudavymkrokem.cz\/wp-content\/uploads\/2026\/09\/catedral-metropolitana-de-s-o-sebasti-o-696x522.jpg 696w, https:\/\/loudavymkrokem.cz\/wp-content\/uploads\/2026\/09\/catedral-metropolitana-de-s-o-sebasti-o-1392x1044.jpg 1392w\" sizes=\"(max-width: 1600px) 100vw, 1600px\" \/><button\n\t\t\tclass=\"lightbox-trigger\"\n\t\t\ttype=\"button\"\n\t\t\taria-haspopup=\"dialog\"\n\t\t\tdata-wp-bind--aria-label=\"state.thisImage.triggerButtonAriaLabel\"\n\t\t\tdata-wp-init=\"callbacks.initTriggerButton\"\n\t\t\tdata-wp-on--click=\"actions.showLightbox\"\n\t\t\tdata-wp-style--right=\"state.thisImage.buttonRight\"\n\t\t\tdata-wp-style--top=\"state.thisImage.buttonTop\"\n\t\t>\n\t\t\t<svg xmlns=\"http:\/\/www.w3.org\/2000\/svg\" width=\"12\" height=\"12\" fill=\"none\" viewBox=\"0 0 12 12\">\n\t\t\t\t<path fill=\"#fff\" d=\"M2 0a2 2 0 0 0-2 2v2h1.5V2a.5.5 0 0 1 .5-.5h2V0H2Zm2 10.5H2a.5.5 0 0 1-.5-.5V8H0v2a2 2 0 0 0 2 2h2v-1.5ZM8 12v-1.5h2a.5.5 0 0 0 .5-.5V8H12v2a2 2 0 0 1-2 2H8Zm2-12a2 2 0 0 1 2 2v2h-1.5V2a.5.5 0 0 0-.5-.5H8V0h2Z\" \/>\n\t\t\t<\/svg>\n\t\t<\/button><figcaption class=\"wp-element-caption\">Foto: Roberto Fernandes \/ Google Maps<\/figcaption><\/figure>\n\n\n\n<h3 class=\"wp-block-heading\"><span class=\"ez-toc-section\" id=\"19_Catedral_Metropolitana_de_Sao_Sebastiao\"><\/span>19. Catedral Metropolitana de S\u00e3o Sebasti\u00e3o<span class=\"ez-toc-section-end\"><\/span><\/h3>\n\n\n\n<p class=\"wp-block-paragraph\">Os amantes de arquitetura fora do comum definitivamente n\u00e3o deveriam pular uma constru\u00e7\u00e3o que, \u00e0 primeira vista, nem parece um templo crist\u00e3o. <strong>A Catedral Metropolitana \u00e9 uma catedral moderna de concreto em forma de uma enorme pir\u00e2mide maia<\/strong>, inaugurada em 1979, e representa a igreja mais incomum que voc\u00ea vai ver na Am\u00e9rica Latina. Seu exterior cinza pode parecer meio s\u00f3brio e maci\u00e7o, mas o verdadeiro encanto se esconde por dentro.<\/p>\n\n\n\n<p class=\"wp-block-paragraph\">Assim que voc\u00ea cruza a porta desse pr\u00e9dio de setenta e cinco metros de altura, se v\u00ea em um espa\u00e7o enorme e banhado de sol, sem uma \u00fanica coluna de apoio. <strong>Do ch\u00e3o at\u00e9 o teto se estendem quatro gigantescas janelas de vitrais coloridos, que formam uma impressionante cruz de luz<\/strong> e criam por dentro uma atmosfera incrivelmente espiritual e m\u00edstica. A catedral comporta impressionantes vinte mil fi\u00e9is e sua ac\u00fastica durante o canto coral \u00e9 absolutamente fenomenal.<\/p>\n\n\n\n<p class=\"wp-block-paragraph\">\ud83d\udca1 Dica: <strong>para fotografar o interior, fique exatamente no meio do ch\u00e3o e aponte a lente diretamente para cima<\/strong>, assim voc\u00ea consegue o enquadramento perfeitamente sim\u00e9trico da cruz colorida no teto. A visita \u00e0 catedral \u00e9 r\u00e1pida e voc\u00ea a combina facilmente com o vizinho Aqueduto dos Arcos da Lapa, que fica a poucos minutos de caminhada.<\/p>\n\n\n\n<figure data-wp-context=\"{&quot;imageId&quot;:&quot;6a9c4ee13d75c&quot;}\" data-wp-interactive=\"core\/image\" data-wp-key=\"6a9c4ee13d75c\" class=\"wp-block-image size-full wp-lightbox-container\"><img decoding=\"async\" width=\"1600\" height=\"1628\" data-wp-class--hide=\"state.isContentHidden\" data-wp-class--show=\"state.isContentVisible\" data-wp-init=\"callbacks.setButtonStyles\" data-wp-on--click=\"actions.showLightbox\" data-wp-on--load=\"callbacks.setButtonStyles\" data-wp-on--pointerdown=\"actions.preloadImage\" data-wp-on--pointerenter=\"actions.preloadImageWithDelay\" data-wp-on--pointerleave=\"actions.cancelPreload\" data-wp-on-window--resize=\"callbacks.setButtonStyles\" src=\"https:\/\/loudavymkrokem.cz\/wp-content\/uploads\/2026\/09\/museu-da-rep-blica.jpg\" alt=\"Museu da Rep\u00fablica (Pal\u00e1cio do Catete)\" class=\"wp-image-413242\" title=\"\" srcset=\"https:\/\/loudavymkrokem.cz\/wp-content\/uploads\/2026\/09\/museu-da-rep-blica.jpg 1600w, https:\/\/loudavymkrokem.cz\/wp-content\/uploads\/2026\/09\/museu-da-rep-blica-295x300.jpg 295w, https:\/\/loudavymkrokem.cz\/wp-content\/uploads\/2026\/09\/museu-da-rep-blica-700x712.jpg 700w, https:\/\/loudavymkrokem.cz\/wp-content\/uploads\/2026\/09\/museu-da-rep-blica-768x781.jpg 768w, https:\/\/loudavymkrokem.cz\/wp-content\/uploads\/2026\/09\/museu-da-rep-blica-1510x1536.jpg 1510w, https:\/\/loudavymkrokem.cz\/wp-content\/uploads\/2026\/09\/museu-da-rep-blica-696x708.jpg 696w, https:\/\/loudavymkrokem.cz\/wp-content\/uploads\/2026\/09\/museu-da-rep-blica-1392x1416.jpg 1392w\" sizes=\"(max-width: 1600px) 100vw, 1600px\" \/><button\n\t\t\tclass=\"lightbox-trigger\"\n\t\t\ttype=\"button\"\n\t\t\taria-haspopup=\"dialog\"\n\t\t\tdata-wp-bind--aria-label=\"state.thisImage.triggerButtonAriaLabel\"\n\t\t\tdata-wp-init=\"callbacks.initTriggerButton\"\n\t\t\tdata-wp-on--click=\"actions.showLightbox\"\n\t\t\tdata-wp-style--right=\"state.thisImage.buttonRight\"\n\t\t\tdata-wp-style--top=\"state.thisImage.buttonTop\"\n\t\t>\n\t\t\t<svg xmlns=\"http:\/\/www.w3.org\/2000\/svg\" width=\"12\" height=\"12\" fill=\"none\" viewBox=\"0 0 12 12\">\n\t\t\t\t<path fill=\"#fff\" d=\"M2 0a2 2 0 0 0-2 2v2h1.5V2a.5.5 0 0 1 .5-.5h2V0H2Zm2 10.5H2a.5.5 0 0 1-.5-.5V8H0v2a2 2 0 0 0 2 2h2v-1.5ZM8 12v-1.5h2a.5.5 0 0 0 .5-.5V8H12v2a2 2 0 0 1-2 2H8Zm2-12a2 2 0 0 1 2 2v2h-1.5V2a.5.5 0 0 0-.5-.5H8V0h2Z\" \/>\n\t\t\t<\/svg>\n\t\t<\/button><figcaption class=\"wp-element-caption\">Foto: Fabio Alves \/ Google Maps<\/figcaption><\/figure>\n\n\n\n<h3 class=\"wp-block-heading\"><span class=\"ez-toc-section\" id=\"20_Museu_da_Republica_Palacio_do_Catete\"><\/span>20. Museu da Rep\u00fablica (Pal\u00e1cio do Catete)<span class=\"ez-toc-section-end\"><\/span><\/h3>\n\n\n\n<p class=\"wp-block-paragraph\">Para entender a complexa hist\u00f3ria pol\u00edtica deste pa\u00eds imenso, \u00e9 absolutamente essencial visitar a antiga sede presidencial. <strong>O Museu da Rep\u00fablica fica no suntuoso Pal\u00e1cio do Catete, que funcionou como sede dos presidentes brasileiros<\/strong> at\u00e9 1960, quando a capital foi transferida para a rec\u00e9m-constru\u00edda Bras\u00edlia. O pal\u00e1cio \u00e9 um exemplo de luxo incr\u00edvel; seus sal\u00f5es s\u00e3o decorados com madeiras raras, espelhos venezianos e enormes lustres de cristal.<\/p>\n\n\n\n<p class=\"wp-block-paragraph\">A exposi\u00e7\u00e3o te leva por todos os momentos-chave da rep\u00fablica brasileira, desde a sua proclama\u00e7\u00e3o at\u00e9 os acontecimentos dram\u00e1ticos do s\u00e9culo XX. O que mais te toca ali \u00e9 o quarto preservado do presidente Get\u00falio Vargas, que cometeu suic\u00eddio no local em 1954 \u2014 o museu exibe inclusive sua carta de despedida, e \u00e9 um daqueles lugares em que a hist\u00f3ria de repente se torna muito concreta diante de voc\u00ea. Atr\u00e1s do pal\u00e1cio se estendem ainda amplos jardins franceses cheios de palmeiras altas e lagos artificiais, que oferecem uma sombra agrad\u00e1vel para descansar.<\/p>\n\n\n\n<p class=\"wp-block-paragraph\">\ud83d\udca1 Dica: <strong>a entrada nos lindos jardins de tr\u00e1s \u00e9 totalmente gratuita e os cariocas os usam bastante para passeios e relaxamento<\/strong>, ent\u00e3o, mesmo que voc\u00ea n\u00e3o esteja com clima para hist\u00f3ria de museu, n\u00e3o deixe de conhecer os jardins. Fica bem ao lado da esta\u00e7\u00e3o de metr\u00f4 do Catete, ent\u00e3o o acesso a partir dos bairros de praia, na zona sul, \u00e9 totalmente tranquilo e r\u00e1pido.<\/p>\n\n\n\n<figure data-wp-context=\"{&quot;imageId&quot;:&quot;6a9c4ee13ddc7&quot;}\" data-wp-interactive=\"core\/image\" data-wp-key=\"6a9c4ee13ddc7\" class=\"wp-block-image size-full wp-lightbox-container\"><img decoding=\"async\" width=\"1600\" height=\"1200\" data-wp-class--hide=\"state.isContentHidden\" data-wp-class--show=\"state.isContentVisible\" data-wp-init=\"callbacks.setButtonStyles\" data-wp-on--click=\"actions.showLightbox\" data-wp-on--load=\"callbacks.setButtonStyles\" data-wp-on--pointerdown=\"actions.preloadImage\" data-wp-on--pointerenter=\"actions.preloadImageWithDelay\" data-wp-on--pointerleave=\"actions.cancelPreload\" data-wp-on-window--resize=\"callbacks.setButtonStyles\" src=\"https:\/\/loudavymkrokem.cz\/wp-content\/uploads\/2026\/09\/espa-o-cultural-da-marinha.jpg\" alt=\"Espa\u00e7o Cultural da Marinha\" class=\"wp-image-413243\" title=\"\" srcset=\"https:\/\/loudavymkrokem.cz\/wp-content\/uploads\/2026\/09\/espa-o-cultural-da-marinha.jpg 1600w, https:\/\/loudavymkrokem.cz\/wp-content\/uploads\/2026\/09\/espa-o-cultural-da-marinha-300x225.jpg 300w, https:\/\/loudavymkrokem.cz\/wp-content\/uploads\/2026\/09\/espa-o-cultural-da-marinha-700x525.jpg 700w, https:\/\/loudavymkrokem.cz\/wp-content\/uploads\/2026\/09\/espa-o-cultural-da-marinha-768x576.jpg 768w, https:\/\/loudavymkrokem.cz\/wp-content\/uploads\/2026\/09\/espa-o-cultural-da-marinha-1536x1152.jpg 1536w, https:\/\/loudavymkrokem.cz\/wp-content\/uploads\/2026\/09\/espa-o-cultural-da-marinha-80x60.jpg 80w, https:\/\/loudavymkrokem.cz\/wp-content\/uploads\/2026\/09\/espa-o-cultural-da-marinha-160x120.jpg 160w, https:\/\/loudavymkrokem.cz\/wp-content\/uploads\/2026\/09\/espa-o-cultural-da-marinha-696x522.jpg 696w, https:\/\/loudavymkrokem.cz\/wp-content\/uploads\/2026\/09\/espa-o-cultural-da-marinha-1392x1044.jpg 1392w\" sizes=\"(max-width: 1600px) 100vw, 1600px\" \/><button\n\t\t\tclass=\"lightbox-trigger\"\n\t\t\ttype=\"button\"\n\t\t\taria-haspopup=\"dialog\"\n\t\t\tdata-wp-bind--aria-label=\"state.thisImage.triggerButtonAriaLabel\"\n\t\t\tdata-wp-init=\"callbacks.initTriggerButton\"\n\t\t\tdata-wp-on--click=\"actions.showLightbox\"\n\t\t\tdata-wp-style--right=\"state.thisImage.buttonRight\"\n\t\t\tdata-wp-style--top=\"state.thisImage.buttonTop\"\n\t\t>\n\t\t\t<svg xmlns=\"http:\/\/www.w3.org\/2000\/svg\" width=\"12\" height=\"12\" fill=\"none\" viewBox=\"0 0 12 12\">\n\t\t\t\t<path fill=\"#fff\" d=\"M2 0a2 2 0 0 0-2 2v2h1.5V2a.5.5 0 0 1 .5-.5h2V0H2Zm2 10.5H2a.5.5 0 0 1-.5-.5V8H0v2a2 2 0 0 0 2 2h2v-1.5ZM8 12v-1.5h2a.5.5 0 0 0 .5-.5V8H12v2a2 2 0 0 1-2 2H8Zm2-12a2 2 0 0 1 2 2v2h-1.5V2a.5.5 0 0 0-.5-.5H8V0h2Z\" \/>\n\t\t\t<\/svg>\n\t\t<\/button><figcaption class=\"wp-element-caption\">Foto: Heber iba\u00f1ez \/ Google Maps<\/figcaption><\/figure>\n\n\n\n<h3 class=\"wp-block-heading\"><span class=\"ez-toc-section\" id=\"21_Espaco_Cultural_da_Marinha\"><\/span>21. Espa\u00e7o Cultural da Marinha<span class=\"ez-toc-section-end\"><\/span><\/h3>\n\n\n\n<p class=\"wp-block-paragraph\">Se voc\u00ea estiver circulando pelo centro hist\u00f3rico, perto do porto, vai dar de cara com um museu fascinante que agrada n\u00e3o s\u00f3 aos f\u00e3s de hist\u00f3ria militar. <strong>O Espa\u00e7o Cultural da Marinha \u00e9 um amplo museu naval, que te permite conhecer a rica tradi\u00e7\u00e3o mar\u00edtima do Brasil<\/strong>, um pa\u00eds com um dos litorais mais extensos do mundo. A exposi\u00e7\u00e3o ao ar livre \u00e9 cheia de canh\u00f5es hist\u00f3ricos, torpedos antigos e \u00e2ncoras enormes espalhadas ao longo do cais banhado de sol.<\/p>\n\n\n\n<p class=\"wp-block-paragraph\">O maior atrativo de todo o complexo, por\u00e9m, s\u00e3o as embarca\u00e7\u00f5es de verdade, que voc\u00ea pode explorar do por\u00e3o at\u00e9 a ponte de comando. <strong>A maior experi\u00eancia \u00e9 a visita ao submarino militar Riachuelo, j\u00e1 desativado, e \u00e0 r\u00e9plica fiel de um antigo navio dos descobrimentos<\/strong>, que mostra em que condi\u00e7\u00f5es apertadas os primeiros europeus chegaram \u00e0s costas da Am\u00e9rica do Sul. Daqui tamb\u00e9m partem barcos para passeios pela Ba\u00eda de Guanabara, que oferecem uma bela vista da cidade a partir da \u00e1gua.<\/p>\n\n\n\n<p class=\"wp-block-paragraph\">\ud83d\udca1 Dica: <strong>o passeio de barco pela ba\u00eda a partir deste porto \u00e9 bem mais barato e aut\u00eantico do que os barcos tur\u00edsticos superfaturados que saem da zona sul.<\/strong> S\u00f3 n\u00e3o esque\u00e7a de levar um protetor solar forte e um chap\u00e9u, porque no conv\u00e9s dos navios e submarinos antigos nada te protege do sol escaldante do Brasil, e os pisos de metal costumam ficar muito quentes.<\/p>\n\n\n\n<figure data-wp-context=\"{&quot;imageId&quot;:&quot;6a9c4ee13e56c&quot;}\" data-wp-interactive=\"core\/image\" data-wp-key=\"6a9c4ee13e56c\" class=\"wp-block-image size-full wp-lightbox-container\"><img decoding=\"async\" width=\"1200\" height=\"800\" data-wp-class--hide=\"state.isContentHidden\" data-wp-class--show=\"state.isContentVisible\" data-wp-init=\"callbacks.setButtonStyles\" data-wp-on--click=\"actions.showLightbox\" data-wp-on--load=\"callbacks.setButtonStyles\" data-wp-on--pointerdown=\"actions.preloadImage\" data-wp-on--pointerenter=\"actions.preloadImageWithDelay\" data-wp-on--pointerleave=\"actions.cancelPreload\" data-wp-on-window--resize=\"callbacks.setButtonStyles\" src=\"https:\/\/loudavymkrokem.cz\/wp-content\/uploads\/2026\/09\/praia-vermelha-pod-cukrovou-homol.jpg\" alt=\"Praia Vermelha ao p\u00e9 do P\u00e3o de A\u00e7\u00facar\" class=\"wp-image-413245\" title=\"\" srcset=\"https:\/\/loudavymkrokem.cz\/wp-content\/uploads\/2026\/09\/praia-vermelha-pod-cukrovou-homol.jpg 1200w, https:\/\/loudavymkrokem.cz\/wp-content\/uploads\/2026\/09\/praia-vermelha-pod-cukrovou-homol-300x200.jpg 300w, https:\/\/loudavymkrokem.cz\/wp-content\/uploads\/2026\/09\/praia-vermelha-pod-cukrovou-homol-700x467.jpg 700w, https:\/\/loudavymkrokem.cz\/wp-content\/uploads\/2026\/09\/praia-vermelha-pod-cukrovou-homol-768x512.jpg 768w, https:\/\/loudavymkrokem.cz\/wp-content\/uploads\/2026\/09\/praia-vermelha-pod-cukrovou-homol-696x464.jpg 696w\" sizes=\"(max-width: 1200px) 100vw, 1200px\" \/><button\n\t\t\tclass=\"lightbox-trigger\"\n\t\t\ttype=\"button\"\n\t\t\taria-haspopup=\"dialog\"\n\t\t\tdata-wp-bind--aria-label=\"state.thisImage.triggerButtonAriaLabel\"\n\t\t\tdata-wp-init=\"callbacks.initTriggerButton\"\n\t\t\tdata-wp-on--click=\"actions.showLightbox\"\n\t\t\tdata-wp-style--right=\"state.thisImage.buttonRight\"\n\t\t\tdata-wp-style--top=\"state.thisImage.buttonTop\"\n\t\t>\n\t\t\t<svg xmlns=\"http:\/\/www.w3.org\/2000\/svg\" width=\"12\" height=\"12\" fill=\"none\" viewBox=\"0 0 12 12\">\n\t\t\t\t<path fill=\"#fff\" d=\"M2 0a2 2 0 0 0-2 2v2h1.5V2a.5.5 0 0 1 .5-.5h2V0H2Zm2 10.5H2a.5.5 0 0 1-.5-.5V8H0v2a2 2 0 0 0 2 2h2v-1.5ZM8 12v-1.5h2a.5.5 0 0 0 .5-.5V8H12v2a2 2 0 0 1-2 2H8Zm2-12a2 2 0 0 1 2 2v2h-1.5V2a.5.5 0 0 0-.5-.5H8V0h2Z\" \/>\n\t\t\t<\/svg>\n\t\t<\/button><figcaption class=\"wp-element-caption\">Foto: Carlos Alberto do Amaral \/ Google Maps<\/figcaption><\/figure>\n\n\n\n<h3 class=\"wp-block-heading\"><span class=\"ez-toc-section\" id=\"22_Praia_Vermelha_ao_pe_do_Pao_de_Acucar\"><\/span>22. Praia Vermelha ao p\u00e9 do P\u00e3o de A\u00e7\u00facar<span class=\"ez-toc-section-end\"><\/span><\/h3>\n\n\n\n<p class=\"wp-block-paragraph\">Para fechar a nossa lista, deixamos uma praia pequena, mas nem por isso menos linda, que oferece uma experi\u00eancia totalmente diferente das faixas infinitas de areia de Copacabana. <strong>A Praia Vermelha fica escondida em uma enseada tranquila, bem ao p\u00e9 do majestoso P\u00e3o de A\u00e7\u00facar<\/strong>, que se ergue sobre ela como uma enorme muralha de pedra. Seu nome vem da areia mais grossa e rosada, que ao p\u00f4r do sol ganha um lindo tom quente.<\/p>\n\n\n\n<p class=\"wp-block-paragraph\">A enseada \u00e9 protegida das fortes correntes oce\u00e2nicas, ent\u00e3o a \u00e1gua ali \u00e9 incrivelmente calma e segura, o que faz dela o lugar ideal para fam\u00edlias e para nadar tranquilamente. <strong>Gra\u00e7as \u00e0 aus\u00eancia de ondas grandes, tamb\u00e9m \u00e9 uma localidade perfeita para alugar um stand-up paddle ou um caiaque mar\u00edtimo<\/strong>, de onde voc\u00ea pode admirar as pedras \u00edngremes ao redor de uma perspectiva totalmente nova. A praia \u00e9 bem pequena e aconchegante, cercada de \u00e1rvores verdes, e oferece uma atmosfera muito mais intimista do que as grandes praias vizinhas.<\/p>\n\n\n\n<p class=\"wp-block-paragraph\">\ud83d\udca1 Dica: <strong>da ponta esquerda da praia come\u00e7a a linda e pavimentada Pista Cl\u00e1udio Coutinho, que serpenteia pela mata bem rente aos cost\u00f5es, sobre o mar.<\/strong> \u00c9 um lugar incr\u00edvel para uma caminhada leve, onde voc\u00ea tem grande chance de encontrar os micos-estrela atrevidos; s\u00f3 lembre que alimentar animais selvagens \u00e9 terminantemente proibido em todo o parque, por mais fofos que pare\u00e7am. O passeio a essa praia se combina perfeitamente com a visita ao pr\u00f3prio P\u00e3o de A\u00e7\u00facar \u2014 a esta\u00e7\u00e3o inferior do bondinho fica logo do outro lado da rua.<\/p>\n\n\n\n<h2 class=\"wp-block-heading\"><span class=\"ez-toc-section\" id=\"Para_onde_ir_a_partir_do_Rio_de_Janeiro\"><\/span>Para onde ir a partir do Rio de Janeiro<span class=\"ez-toc-section-end\"><\/span><\/h2>\n\n\n\n<p class=\"wp-block-paragraph\">O Brasil \u00e9 um pa\u00eds imenso e o Rio de Janeiro \u00e9, muitas vezes, apenas a primeira parada da sua viagem sul-americana. Se voc\u00ea quiser <strong>se aprofundar no planejamento da sua hospedagem<\/strong>, preparamos um guia mais detalhado, <a href=\"https:\/\/loudavymkrokem.cz\/pt-br\/hoteis-rio-de-janeiro\/\">Onde se hospedar no Rio de Janeiro<\/a>. Nele voc\u00ea descobre as diferen\u00e7as detalhadas entre os bairros da zona sul e escolhe mais facilmente a melhor localiza\u00e7\u00e3o.<\/p>\n\n\n\n<p class=\"wp-block-paragraph\">A maioria dos viajantes segue depois para a maior metr\u00f3pole de todo o hemisf\u00e9rio sul, que oferece <strong>uma experi\u00eancia totalmente diferente e bem urbana<\/strong>. Para uma transi\u00e7\u00e3o tranquila, eu recomendo dar uma olhada no artigo <a href=\"https:\/\/loudavymkrokem.cz\/pt-br\/?p=412732\">O que ver em S\u00e3o Paulo<\/a>, onde voc\u00ea encontra dicas dos melhores museus, parques e mirantes de arranha-c\u00e9u. Dicas pr\u00e1ticas para escolher uma localiza\u00e7\u00e3o segura nessa enorme cidade de neg\u00f3cios est\u00e3o no nosso guia <a href=\"https:\/\/loudavymkrokem.cz\/pt-br\/?p=412738\">Onde se hospedar em S\u00e3o Paulo<\/a>.<\/p>\n\n\n\n<h2 class=\"wp-block-heading\"><span class=\"ez-toc-section\" id=\"Perguntas_frequentes\"><\/span>Perguntas frequentes<span class=\"ez-toc-section-end\"><\/span><\/h2>\n\n\n<div id=\"rank-math-faq\" class=\"rank-math-block\">\n<div class=\"rank-math-list \">\n<div id=\"faq-question-1788283109000\" class=\"rank-math-list-item\">\n<h3 class=\"rank-math-question \"><span class=\"ez-toc-section\" id=\"O_Rio_de_Janeiro_e_seguro_para_turistas\"><\/span>O Rio de Janeiro \u00e9 seguro para turistas?<span class=\"ez-toc-section-end\"><\/span><\/h3>\n<div class=\"rank-math-answer \">\n\n<p>Se voc\u00ea ficar na <strong>zona tur\u00edstica segura ao redor dos bairros de Ipanema e Leblon<\/strong>, muito provavelmente n\u00e3o ter\u00e1 nenhum problema. Durante o dia tamb\u00e9m \u00e9 seguro em Copacabana, mas depois do anoitecer evite caminhar pela praia e ruas vazias no centro. <strong>Use Uber sem exce\u00e7\u00e3o<\/strong> e n\u00e3o exiba joias caras ou celulares.<\/p>\n\n<\/div>\n<\/div>\n<div id=\"faq-question-1788283109001\" class=\"rank-math-list-item\">\n<h3 class=\"rank-math-question \"><span class=\"ez-toc-section\" id=\"Quantos_dias_preciso_para_visitar_o_Rio\"><\/span>Quantos dias preciso para visitar o Rio?<span class=\"ez-toc-section-end\"><\/span><\/h3>\n<div class=\"rank-math-answer \">\n\n<p>O tempo ideal para conhecer a cidade s\u00e3o <strong>quatro a cinco dias completos<\/strong>, o que lhe d\u00e1 espa\u00e7o suficiente para os pontos tur\u00edsticos e relaxamento na praia. Mas sempre deixe pelo menos <strong>dois dias de reserva como margem de tempo<\/strong>, para poder ajustar de forma flex\u00edvel a visita aos mirantes elevados conforme a nebulosidade e o clima.<\/p>\n\n<\/div>\n<\/div>\n<div id=\"faq-question-1788283109002\" class=\"rank-math-list-item\">\n<h3 class=\"rank-math-question \"><span class=\"ez-toc-section\" id=\"Qual_e_a_melhor_forma_de_chegar_a_estatua_do_Cristo_Redentor\"><\/span>Qual \u00e9 a melhor forma de chegar \u00e0 est\u00e1tua do Cristo Redentor?<span class=\"ez-toc-section-end\"><\/span><\/h3>\n<div class=\"rank-math-answer \">\n\n<p>Existem tr\u00eas formas, sendo a <strong>mais cara e popular o trem hist\u00f3rico do Corcovado<\/strong>, que te leva pela floresta. Uma op\u00e7\u00e3o um pouco mais barata \u00e9 o micro-\u00f4nibus oficial do centro de visitantes de Paineiras. Se voc\u00ea procura o caminho mais barato e aventureiro, <strong>pode ir a p\u00e9 pela trilha \u00edngreme<\/strong> do Parque Lage, o que leva cerca de duas horas de subida intensa.<\/p>\n\n<\/div>\n<\/div>\n<div id=\"faq-question-1788283109003\" class=\"rank-math-list-item\">\n<h3 class=\"rank-math-question \"><span class=\"ez-toc-section\" id=\"Qual_e_a_melhor_epoca_para_viajar_ao_Brasil\"><\/span>Qual \u00e9 a melhor \u00e9poca para viajar ao Brasil?<span class=\"ez-toc-section-end\"><\/span><\/h3>\n<div class=\"rank-math-answer \">\n\n<p>Considerando o clima favor\u00e1vel e pre\u00e7os razo\u00e1veis, o melhor \u00e9 <strong>viajar de abril a junho ou de agosto a outubro<\/strong>. Assim voc\u00ea evita o calor extremo do ver\u00e3o e as chuvas torrenciais regulares. Durante o carnaval e o R\u00e9veillon a cidade tem uma atmosfera incr\u00edvel, mas <strong>os pre\u00e7os de hospedagem s\u00e3o v\u00e1rias vezes mais altos<\/strong> e voc\u00ea encontra multid\u00f5es enormes por toda parte.<\/p>\n\n<\/div>\n<\/div>\n<div id=\"faq-question-1788283109004\" class=\"rank-math-list-item\">\n<h3 class=\"rank-math-question \"><span class=\"ez-toc-section\" id=\"Posso_nadar_nas_praias_do_Rio_apos_o_anoitecer\"><\/span>Posso nadar nas praias do Rio ap\u00f3s o anoitecer?<span class=\"ez-toc-section-end\"><\/span><\/h3>\n<div class=\"rank-math-answer \">\n\n<p><strong>Definitivamente n\u00e3o, nunca v\u00e1 \u00e0 praia \u00e0 noite.<\/strong> Assim que o sol se p\u00f5e, as longas faixas de areia se tornam perigosas para turistas e atraem elementos suspeitos. Os moradores da cidade se re\u00fanem \u00e0 noite em bares e restaurantes bem iluminados nas ruas movimentadas, por isso <strong>evite completamente as praias desertas depois de escurecer<\/strong>.<\/p>\n\n<\/div>\n<\/div>\n<div id=\"faq-question-1788283109005\" class=\"rank-math-list-item\">\n<h3 class=\"rank-math-question \"><span class=\"ez-toc-section\" id=\"Como_se_locomover_pela_cidade_e_o_transporte_publico_e_seguro\"><\/span>Como se locomover pela cidade e o transporte p\u00fablico \u00e9 seguro?<span class=\"ez-toc-section-end\"><\/span><\/h3>\n<div class=\"rank-math-answer \">\n\n<p>Durante o dia <strong>a rede de metr\u00f4 funciona muito bem e com seguran\u00e7a<\/strong>, conectando os bairros praeiros da zona sul com o centro hist\u00f3rico da cidade. Os \u00f4nibus comuns costumam ser um pouco confusos e n\u00e3o s\u00e3o muito recomendados para turistas. Assim que come\u00e7ar a escurecer, <strong>mude sem hesitar para o aplicativo Uber<\/strong>, que no Brasil \u00e9 muito barato, confi\u00e1vel e garante um retorno tranquilo ao hotel.<\/p>\n\n<\/div>\n<\/div>\n<div id=\"faq-question-1788283109006\" class=\"rank-math-list-item\">\n<h3 class=\"rank-math-question \"><span class=\"ez-toc-section\" id=\"O_que_comer_no_Rio_se_nao_como_carne\"><\/span>O que comer no Rio se n\u00e3o como carne?<span class=\"ez-toc-section-end\"><\/span><\/h3>\n<div class=\"rank-math-answer \">\n\n<p>Embora a culin\u00e1ria brasileira seja fortemente baseada em carne, voc\u00ea encontra muitas del\u00edcias vegetarianas. <strong>O maior sucesso \u00e9 o a\u00e7a\u00ed gelado com granola<\/strong>, que refresca muito bem na praia. Nas barracas de rua procure os p\u00e3es de queijo ou tapioca recheada com queijo e tomate. Para um jantar completo, <strong>v\u00e1 aos excelentes restaurantes italianos em Ipanema<\/strong>.<\/p>\n\n<\/div>\n<\/div>\n<div id=\"faq-question-1788283109007\" class=\"rank-math-list-item\">\n<h3 class=\"rank-math-question \"><span class=\"ez-toc-section\" id=\"Vale_a_pena_comprar_ingressos_para_as_atracoes_com_muita_antecedencia\"><\/span>Vale a pena comprar ingressos para as atra\u00e7\u00f5es com muita anteced\u00eancia?<span class=\"ez-toc-section-end\"><\/span><\/h3>\n<div class=\"rank-math-answer \">\n\n<p>Para museus modernos fechados, como o Museu do Amanh\u00e3, a compra de ingressos online com anteced\u00eancia definitivamente vale a pena. <strong>Mas para mirantes ao ar livre como o P\u00e3o de A\u00e7\u00facar e o Cristo Redentor, tenha cuidado.<\/strong> O clima no litoral muda de hora em hora e ao comprar para um dia fixo <strong>voc\u00ea corre o risco de n\u00e3o ver absolutamente nada por causa da neblina densa<\/strong>.<\/p>\n\n<\/div>\n<\/div>\n<\/div>\n<\/div>","protected":false},"excerpt":{"rendered":"<p>Descubra os lugares mais bonitos do Rio de Janeiro, das praias famosas aos mirantes escondidos na mata, e saiba como aproveitar a cidade com total seguran\u00e7a.<\/p>\n","protected":false},"author":3,"featured_media":413187,"comment_status":"open","ping_status":"open","sticky":false,"template":"","format":"standard","meta":{"_acf_changed":false,"footnotes":"","rank_math_title":"Clima no Rio de Janeiro: 22 dicas do que ver em 2026","rank_math_description":"Guia do clima no Rio de Janeiro com 22 dicas do que ver e fazer: praias, mirantes e seguran\u00e7a. Planeje sua viagem perfeita e aproveite a cidade agora!","rank_math_focus_keyword":"clima no rio de janeiro","rank_math_seo_score":""},"categories":[1104],"tags":[],"class_list":["post-417434","post","type-post","status-publish","format-standard","has-post-thumbnail","category-viagens"],"acf":[],"featured_image_src":"https:\/\/loudavymkrokem.cz\/wp-content\/uploads\/2026\/09\/pedra-do-arpoador.jpg","author_info":{"display_name":"Lucie Kone\u010dn\u00e1","author_link":"https:\/\/loudavymkrokem.cz\/pt-br\/author\/lucie-konecna\/"},"_links":{"self":[{"href":"https:\/\/loudavymkrokem.cz\/pt-br\/wp-json\/wp\/v2\/posts\/417434","targetHints":{"allow":["GET"]}}],"collection":[{"href":"https:\/\/loudavymkrokem.cz\/pt-br\/wp-json\/wp\/v2\/posts"}],"about":[{"href":"https:\/\/loudavymkrokem.cz\/pt-br\/wp-json\/wp\/v2\/types\/post"}],"author":[{"embeddable":true,"href":"https:\/\/loudavymkrokem.cz\/pt-br\/wp-json\/wp\/v2\/users\/3"}],"replies":[{"embeddable":true,"href":"https:\/\/loudavymkrokem.cz\/pt-br\/wp-json\/wp\/v2\/comments?post=417434"}],"version-history":[{"count":2,"href":"https:\/\/loudavymkrokem.cz\/pt-br\/wp-json\/wp\/v2\/posts\/417434\/revisions"}],"predecessor-version":[{"id":417436,"href":"https:\/\/loudavymkrokem.cz\/pt-br\/wp-json\/wp\/v2\/posts\/417434\/revisions\/417436"}],"wp:featuredmedia":[{"embeddable":true,"href":"https:\/\/loudavymkrokem.cz\/pt-br\/wp-json\/wp\/v2\/media\/413187"}],"wp:attachment":[{"href":"https:\/\/loudavymkrokem.cz\/pt-br\/wp-json\/wp\/v2\/media?parent=417434"}],"wp:term":[{"taxonomy":"category","embeddable":true,"href":"https:\/\/loudavymkrokem.cz\/pt-br\/wp-json\/wp\/v2\/categories?post=417434"},{"taxonomy":"post_tag","embeddable":true,"href":"https:\/\/loudavymkrokem.cz\/pt-br\/wp-json\/wp\/v2\/tags?post=417434"}],"curies":[{"name":"wp","href":"https:\/\/api.w.org\/{rel}","templated":true}]}}