{"id":417415,"date":"2026-09-04T20:50:25","date_gmt":"2026-09-04T18:50:25","guid":{"rendered":"https:\/\/loudavymkrokem.cz\/estrasburgo-franca-o-que-ver\/"},"modified":"2026-09-05T15:31:48","modified_gmt":"2026-09-05T13:31:48","slug":"estrasburgo-franca-o-que-ver","status":"publish","type":"post","link":"https:\/\/loudavymkrokem.cz\/pt-br\/estrasburgo-franca-o-que-ver\/","title":{"rendered":"Estrasburgo, Fran\u00e7a: 18 coisas para ver e fazer"},"content":{"rendered":"\n<p class=\"wp-block-paragraph\">A maioria das pessoas associa <strong>Estrasburgo, na Fran\u00e7a<\/strong>, ao cheiro de vinho quente e a um mar de luzes natalinas, mas a verdade \u00e9 que <strong>esta cidade tem muito a oferecer nos outros onze meses do ano<\/strong>. Enquanto em dezembro ela fica lotada e os pre\u00e7os disparam, fora da \u00e9poca do Advento se transforma num destino mais tranquilo e <strong>bem mais barato<\/strong>, onde a eleg\u00e2ncia francesa se mistura com a precis\u00e3o alem\u00e3. No \u00faltimo s\u00e9culo, a nacionalidade da regi\u00e3o mudou quatro vezes, o que deixou uma marca indel\u00e9vel na arquitetura, no idioma local e na deliciosa gastronomia.<\/p>\n\n\n\n<p class=\"wp-block-paragraph\">Aqui voc\u00ea encontra um <strong>bairro hist\u00f3rico tombado pela UNESCO<\/strong>, uma monumental catedral g\u00f3tica e os modernos pr\u00e9dios de vidro do Parlamento Europeu, que juntos criam uma atmosfera absolutamente \u00fanica. D\u00e1 para vagar por ruelas encantadoras cheias de casas de enxaimel, observar os barcos nos canais ou simplesmente sentar num caf\u00e9 e <strong>absorver essa paz incr\u00edvel, sem multid\u00f5es de turistas<\/strong>. Estrasburgo \u00e9, em resumo, uma cidade de duas identidades que vai te surpreender a cada esquina.<\/p>\n\n\n\n<p class=\"wp-block-paragraph\">Se voc\u00ea procura o lugar ideal para um fim de semana prolongado, onde a <strong>hist\u00f3ria se mistura com a vida moderna e pulsante<\/strong>, acabou de encontr\u00e1-lo. Preparei um guia detalhado que vai te mostrar os maiores tesouros da cidade e te ajudar a aproveitar a visita ao m\u00e1ximo, n\u00e3o importa em que \u00e9poca do ano voc\u00ea venha.<\/p>\n\n\n\n<figure data-wp-context=\"{&quot;imageId&quot;:&quot;6a9c2dfa0191a&quot;}\" data-wp-interactive=\"core\/image\" data-wp-key=\"6a9c2dfa0191a\" class=\"wp-block-image size-full wp-lightbox-container\"><img decoding=\"async\" width=\"1920\" height=\"2454\" data-wp-class--hide=\"state.isContentHidden\" data-wp-class--show=\"state.isContentVisible\" data-wp-init=\"callbacks.setButtonStyles\" data-wp-on--click=\"actions.showLightbox\" data-wp-on--load=\"callbacks.setButtonStyles\" data-wp-on--pointerdown=\"actions.preloadImage\" data-wp-on--pointerenter=\"actions.preloadImageWithDelay\" data-wp-on--pointerleave=\"actions.cancelPreload\" data-wp-on-window--resize=\"callbacks.setButtonStyles\" src=\"https:\/\/loudavymkrokem.cz\/wp-content\/uploads\/2026\/09\/katedrala-notre-dame-ve-strasburku-af4b864e.jpg\" alt=\"Catedral de Notre-Dame em Estrasburgo\" class=\"wp-image-413376\" title=\"\" srcset=\"https:\/\/loudavymkrokem.cz\/wp-content\/uploads\/2026\/09\/katedrala-notre-dame-ve-strasburku-af4b864e.jpg 1920w, https:\/\/loudavymkrokem.cz\/wp-content\/uploads\/2026\/09\/katedrala-notre-dame-ve-strasburku-af4b864e-235x300.jpg 235w, https:\/\/loudavymkrokem.cz\/wp-content\/uploads\/2026\/09\/katedrala-notre-dame-ve-strasburku-af4b864e-700x895.jpg 700w, https:\/\/loudavymkrokem.cz\/wp-content\/uploads\/2026\/09\/katedrala-notre-dame-ve-strasburku-af4b864e-768x982.jpg 768w, https:\/\/loudavymkrokem.cz\/wp-content\/uploads\/2026\/09\/katedrala-notre-dame-ve-strasburku-af4b864e-1202x1536.jpg 1202w, https:\/\/loudavymkrokem.cz\/wp-content\/uploads\/2026\/09\/katedrala-notre-dame-ve-strasburku-af4b864e-1602x2048.jpg 1602w, https:\/\/loudavymkrokem.cz\/wp-content\/uploads\/2026\/09\/katedrala-notre-dame-ve-strasburku-af4b864e-696x890.jpg 696w, https:\/\/loudavymkrokem.cz\/wp-content\/uploads\/2026\/09\/katedrala-notre-dame-ve-strasburku-af4b864e-1392x1779.jpg 1392w\" sizes=\"(max-width: 1920px) 100vw, 1920px\" \/><button\n\t\t\tclass=\"lightbox-trigger\"\n\t\t\ttype=\"button\"\n\t\t\taria-haspopup=\"dialog\"\n\t\t\tdata-wp-bind--aria-label=\"state.thisImage.triggerButtonAriaLabel\"\n\t\t\tdata-wp-init=\"callbacks.initTriggerButton\"\n\t\t\tdata-wp-on--click=\"actions.showLightbox\"\n\t\t\tdata-wp-style--right=\"state.thisImage.buttonRight\"\n\t\t\tdata-wp-style--top=\"state.thisImage.buttonTop\"\n\t\t>\n\t\t\t<svg xmlns=\"http:\/\/www.w3.org\/2000\/svg\" width=\"12\" height=\"12\" fill=\"none\" viewBox=\"0 0 12 12\">\n\t\t\t\t<path fill=\"#fff\" d=\"M2 0a2 2 0 0 0-2 2v2h1.5V2a.5.5 0 0 1 .5-.5h2V0H2Zm2 10.5H2a.5.5 0 0 1-.5-.5V8H0v2a2 2 0 0 0 2 2h2v-1.5ZM8 12v-1.5h2a.5.5 0 0 0 .5-.5V8H12v2a2 2 0 0 1-2 2H8Zm2-12a2 2 0 0 1 2 2v2h-1.5V2a.5.5 0 0 0-.5-.5H8V0h2Z\" \/>\n\t\t\t<\/svg>\n\t\t<\/button><figcaption class=\"wp-element-caption\">Foto: Diliff \/ Wikimedia Commons, CC BY-SA 3.0<\/figcaption><\/figure>\n\n\n\n<div id=\"ez-toc-container\" class=\"ez-toc-v2_0_87 ez-toc-wrap-left counter-hierarchy ez-toc-counter ez-toc-grey ez-toc-container-direction\">\n<div class=\"ez-toc-title-container\">\n<p class=\"ez-toc-title\" style=\"cursor:inherit\">Conte\u00fado do artigo<\/p>\n<span class=\"ez-toc-title-toggle\"><a href=\"#\" class=\"ez-toc-pull-right ez-toc-btn ez-toc-btn-xs ez-toc-btn-default ez-toc-toggle\" aria-label=\"Alternar tabela de conte\u00fado\"><span class=\"ez-toc-js-icon-con\"><span class=\"\"><span class=\"eztoc-hide\" style=\"display:none;\">Toggle<\/span><span class=\"ez-toc-icon-toggle-span\"><svg style=\"fill: #999;color:#999\" xmlns=\"http:\/\/www.w3.org\/2000\/svg\" class=\"list-377408\" width=\"20px\" height=\"20px\" viewBox=\"0 0 24 24\" fill=\"none\"><path d=\"M6 6H4v2h2V6zm14 0H8v2h12V6zM4 11h2v2H4v-2zm16 0H8v2h12v-2zM4 16h2v2H4v-2zm16 0H8v2h12v-2z\" fill=\"currentColor\"><\/path><\/svg><svg style=\"fill: #999;color:#999\" class=\"arrow-unsorted-368013\" xmlns=\"http:\/\/www.w3.org\/2000\/svg\" width=\"10px\" height=\"10px\" viewBox=\"0 0 24 24\" version=\"1.2\" baseProfile=\"tiny\"><path d=\"M18.2 9.3l-6.2-6.3-6.2 6.3c-.2.2-.3.4-.3.7s.1.5.3.7c.2.2.4.3.7.3h11c.3 0 .5-.1.7-.3.2-.2.3-.5.3-.7s-.1-.5-.3-.7zM5.8 14.7l6.2 6.3 6.2-6.3c.2-.2.3-.5.3-.7s-.1-.5-.3-.7c-.2-.2-.4-.3-.7-.3h-11c-.3 0-.5.1-.7.3-.2.2-.3.5-.3.7s.1.5.3.7z\"\/><\/svg><\/span><\/span><\/span><\/a><\/span><\/div>\n<nav><ul class='ez-toc-list ez-toc-list-level-1 ' ><ul class='ez-toc-list-level-3' ><li class='ez-toc-heading-level-3'><a class=\"ez-toc-link ez-toc-heading-1\" href=\"https:\/\/loudavymkrokem.cz\/pt-br\/estrasburgo-franca-o-que-ver\/#Resumo_para_quem_nao_tem_tempo_de_ler_o_artigo_inteiro\" >Resumo para quem n\u00e3o tem tempo de ler o artigo inteiro<\/a><\/li><\/ul><\/li><li class='ez-toc-page-1 ez-toc-heading-level-2'><a class=\"ez-toc-link ez-toc-heading-2\" href=\"https:\/\/loudavymkrokem.cz\/pt-br\/estrasburgo-franca-o-que-ver\/#Quando_ir_a_Estrasburgo\" >Quando ir a Estrasburgo<\/a><\/li><li class='ez-toc-page-1 ez-toc-heading-level-2'><a class=\"ez-toc-link ez-toc-heading-3\" href=\"https:\/\/loudavymkrokem.cz\/pt-br\/estrasburgo-franca-o-que-ver\/#Onde_se_hospedar_em_Estrasburgo\" >Onde se hospedar em Estrasburgo<\/a><\/li><li class='ez-toc-page-1 ez-toc-heading-level-2'><a class=\"ez-toc-link ez-toc-heading-4\" href=\"https:\/\/loudavymkrokem.cz\/pt-br\/estrasburgo-franca-o-que-ver\/#18_coisas_para_ver_e_fazer_em_Estrasburgo\" >18 coisas para ver e fazer em Estrasburgo<\/a><ul class='ez-toc-list-level-3' ><li class='ez-toc-heading-level-3'><a class=\"ez-toc-link ez-toc-heading-5\" href=\"https:\/\/loudavymkrokem.cz\/pt-br\/estrasburgo-franca-o-que-ver\/#1_Cathedrale_Notre-Dame-de-Strasbourg\" >1. Cath\u00e9drale Notre-Dame-de-Strasbourg<\/a><\/li><li class='ez-toc-page-1 ez-toc-heading-level-3'><a class=\"ez-toc-link ez-toc-heading-6\" href=\"https:\/\/loudavymkrokem.cz\/pt-br\/estrasburgo-franca-o-que-ver\/#2_O_relogio_astronomico_do_seculo_XVI\" >2. O rel\u00f3gio astron\u00f4mico do s\u00e9culo XVI<\/a><\/li><li class='ez-toc-page-1 ez-toc-heading-level-3'><a class=\"ez-toc-link ez-toc-heading-7\" href=\"https:\/\/loudavymkrokem.cz\/pt-br\/estrasburgo-franca-o-que-ver\/#3_Subida_a_plataforma_panoramica_da_catedral\" >3. Subida \u00e0 plataforma panor\u00e2mica da catedral<\/a><\/li><li class='ez-toc-page-1 ez-toc-heading-level-3'><a class=\"ez-toc-link ez-toc-heading-8\" href=\"https:\/\/loudavymkrokem.cz\/pt-br\/estrasburgo-franca-o-que-ver\/#4_Petite_France\" >4. Petite France<\/a><\/li><li class='ez-toc-page-1 ez-toc-heading-level-3'><a class=\"ez-toc-link ez-toc-heading-9\" href=\"https:\/\/loudavymkrokem.cz\/pt-br\/estrasburgo-franca-o-que-ver\/#5_Ponts_Couverts_de_Strasbourg\" >5. Ponts Couverts de Strasbourg<\/a><\/li><li class='ez-toc-page-1 ez-toc-heading-level-3'><a class=\"ez-toc-link ez-toc-heading-10\" href=\"https:\/\/loudavymkrokem.cz\/pt-br\/estrasburgo-franca-o-que-ver\/#6_Barrage_Vauban\" >6. Barrage Vauban<\/a><\/li><li class='ez-toc-page-1 ez-toc-heading-level-3'><a class=\"ez-toc-link ez-toc-heading-11\" href=\"https:\/\/loudavymkrokem.cz\/pt-br\/estrasburgo-franca-o-que-ver\/#7_Passeio_de_barco_pelos_canais_com_a_Batorama\" >7. Passeio de barco pelos canais com a Batorama<\/a><\/li><li class='ez-toc-page-1 ez-toc-heading-level-3'><a class=\"ez-toc-link ez-toc-heading-12\" href=\"https:\/\/loudavymkrokem.cz\/pt-br\/estrasburgo-franca-o-que-ver\/#8_Parlamento_Europeu\" >8. Parlamento Europeu<\/a><\/li><li class='ez-toc-page-1 ez-toc-heading-level-3'><a class=\"ez-toc-link ez-toc-heading-13\" href=\"https:\/\/loudavymkrokem.cz\/pt-br\/estrasburgo-franca-o-que-ver\/#9_Parlamentarium_Simone_Veil\" >9. Parlamentarium Simone Veil<\/a><\/li><li class='ez-toc-page-1 ez-toc-heading-level-3'><a class=\"ez-toc-link ez-toc-heading-14\" href=\"https:\/\/loudavymkrokem.cz\/pt-br\/estrasburgo-franca-o-que-ver\/#10_Conselho_da_Europa_e_o_bairro_das_instituicoes\" >10. Conselho da Europa e o bairro das institui\u00e7\u00f5es<\/a><\/li><li class='ez-toc-page-1 ez-toc-heading-level-3'><a class=\"ez-toc-link ez-toc-heading-15\" href=\"https:\/\/loudavymkrokem.cz\/pt-br\/estrasburgo-franca-o-que-ver\/#11_Grande_Ile_Primeiro_bairro_tombado_pela_UNESCO\" >11. Grande \u00cele (Primeiro bairro tombado pela UNESCO)<\/a><\/li><li class='ez-toc-page-1 ez-toc-heading-level-3'><a class=\"ez-toc-link ez-toc-heading-16\" href=\"https:\/\/loudavymkrokem.cz\/pt-br\/estrasburgo-franca-o-que-ver\/#12_Neustadt_Bairro_Imperial_Alemao\" >12. Neustadt (Bairro Imperial Alem\u00e3o)<\/a><\/li><li class='ez-toc-page-1 ez-toc-heading-level-3'><a class=\"ez-toc-link ez-toc-heading-17\" href=\"https:\/\/loudavymkrokem.cz\/pt-br\/estrasburgo-franca-o-que-ver\/#13_Place_Kleber\" >13. Place Kl\u00e9ber<\/a><\/li><li class='ez-toc-page-1 ez-toc-heading-level-3'><a class=\"ez-toc-link ez-toc-heading-18\" href=\"https:\/\/loudavymkrokem.cz\/pt-br\/estrasburgo-franca-o-que-ver\/#14_Parc_de_lOrangerie\" >14. Parc de l&#8217;Orangerie<\/a><\/li><li class='ez-toc-page-1 ez-toc-heading-level-3'><a class=\"ez-toc-link ez-toc-heading-19\" href=\"https:\/\/loudavymkrokem.cz\/pt-br\/estrasburgo-franca-o-que-ver\/#15_Parc_de_lEtoile\" >15. Parc de l&#8217;\u00c9toile<\/a><\/li><li class='ez-toc-page-1 ez-toc-heading-level-3'><a class=\"ez-toc-link ez-toc-heading-20\" href=\"https:\/\/loudavymkrokem.cz\/pt-br\/estrasburgo-franca-o-que-ver\/#16_Palais_Rohan\" >16. Palais Rohan<\/a><\/li><li class='ez-toc-page-1 ez-toc-heading-level-3'><a class=\"ez-toc-link ez-toc-heading-21\" href=\"https:\/\/loudavymkrokem.cz\/pt-br\/estrasburgo-franca-o-que-ver\/#17_Strasbourg_Museum_of_Modern_and_Contemporary_Art_MAMCS\" >17. Strasbourg Museum of Modern and Contemporary Art (MAMCS)<\/a><\/li><li class='ez-toc-page-1 ez-toc-heading-level-3'><a class=\"ez-toc-link ez-toc-heading-22\" href=\"https:\/\/loudavymkrokem.cz\/pt-br\/estrasburgo-franca-o-que-ver\/#18_Musee_Alsacien\" >18. Mus\u00e9e Alsacien<\/a><\/li><\/ul><\/li><li class='ez-toc-page-1 ez-toc-heading-level-2'><a class=\"ez-toc-link ez-toc-heading-23\" href=\"https:\/\/loudavymkrokem.cz\/pt-br\/estrasburgo-franca-o-que-ver\/#Para_onde_ir_a_partir_de_Estrasburgo\" >Para onde ir a partir de Estrasburgo<\/a><\/li><li class='ez-toc-page-1 ez-toc-heading-level-2'><a class=\"ez-toc-link ez-toc-heading-24\" href=\"https:\/\/loudavymkrokem.cz\/pt-br\/estrasburgo-franca-o-que-ver\/#Perguntas_frequentes\" >Perguntas frequentes<\/a><ul class='ez-toc-list-level-3' ><li class='ez-toc-heading-level-3'><a class=\"ez-toc-link ez-toc-heading-25\" href=\"https:\/\/loudavymkrokem.cz\/pt-br\/estrasburgo-franca-o-que-ver\/#Quando_acontecem_os_mercados_de_Natal_em_2026\" >Quando acontecem os mercados de Natal em 2026?<\/a><\/li><li class='ez-toc-page-1 ez-toc-heading-level-3'><a class=\"ez-toc-link ez-toc-heading-26\" href=\"https:\/\/loudavymkrokem.cz\/pt-br\/estrasburgo-franca-o-que-ver\/#Como_funciona_o_sistema_de_estacionamento_Park_and_Ride\" >Como funciona o sistema de estacionamento Park and Ride?<\/a><\/li><li class='ez-toc-page-1 ez-toc-heading-level-3'><a class=\"ez-toc-link ez-toc-heading-27\" href=\"https:\/\/loudavymkrokem.cz\/pt-br\/estrasburgo-franca-o-que-ver\/#Quantos_dias_reservar_para_visitar_a_cidade\" >Quantos dias reservar para visitar a cidade?<\/a><\/li><li class='ez-toc-page-1 ez-toc-heading-level-3'><a class=\"ez-toc-link ez-toc-heading-28\" href=\"https:\/\/loudavymkrokem.cz\/pt-br\/estrasburgo-franca-o-que-ver\/#As_visitas_ao_Parlamento_Europeu_sao_pagas\" >As visitas ao Parlamento Europeu s\u00e3o pagas?<\/a><\/li><li class='ez-toc-page-1 ez-toc-heading-level-3'><a class=\"ez-toc-link ez-toc-heading-29\" href=\"https:\/\/loudavymkrokem.cz\/pt-br\/estrasburgo-franca-o-que-ver\/#Qual_e_a_melhor_forma_de_circular_pelo_centro_da_cidade\" >Qual \u00e9 a melhor forma de circular pelo centro da cidade?<\/a><\/li><li class='ez-toc-page-1 ez-toc-heading-level-3'><a class=\"ez-toc-link ez-toc-heading-30\" href=\"https:\/\/loudavymkrokem.cz\/pt-br\/estrasburgo-franca-o-que-ver\/#Estrasburgo_e_uma_cidade_cara\" >Estrasburgo \u00e9 uma cidade cara?<\/a><\/li><li class='ez-toc-page-1 ez-toc-heading-level-3'><a class=\"ez-toc-link ez-toc-heading-31\" href=\"https:\/\/loudavymkrokem.cz\/pt-br\/estrasburgo-franca-o-que-ver\/#A_cidade_e_adequada_para_vegetarianos\" >A cidade \u00e9 adequada para vegetarianos?<\/a><\/li><li class='ez-toc-page-1 ez-toc-heading-level-3'><a class=\"ez-toc-link ez-toc-heading-32\" href=\"https:\/\/loudavymkrokem.cz\/pt-br\/estrasburgo-franca-o-que-ver\/#Quais_lugares_sao_melhores_para_fotografar\" >Quais lugares s\u00e3o melhores para fotografar?<\/a><\/li><\/ul><\/li><\/ul><\/nav><\/div>\n<h3 class=\"wp-block-heading\"><span class=\"ez-toc-section\" id=\"Resumo_para_quem_nao_tem_tempo_de_ler_o_artigo_inteiro\"><\/span>Resumo para quem n\u00e3o tem tempo de ler o artigo inteiro<span class=\"ez-toc-section-end\"><\/span><\/h3>\n\n\n\n<ul class=\"wp-block-list\">\n\n<li><strong>Monumento mais visitado:<\/strong> a <a href=\"https:\/\/www.cathedrale-strasbourg.fr\/\" target=\"_blank\" rel=\"nofollow noopener\">Cath\u00e9drale Notre-Dame-de-Strasbourg<\/a>, com seu rel\u00f3gio astron\u00f4mico \u00fanico do s\u00e9culo XVI.<\/li>\n\n\n\n<li><strong>Lugares mais fotografados:<\/strong> o pitoresco bairro Petite France, com casas de enxaimel e canais.<\/li>\n\n\n\n<li><strong>Melhor mirante gratuito:<\/strong> o terra\u00e7o da hist\u00f3rica represa Barrage Vauban, de onde saem as fotos mais bonitas.<\/li>\n\n\n\n<li><strong>Experi\u00eancia \u00fanica:<\/strong> a visita gratuita ao Parlamento Europeu e ao centro interativo Parlamentarium Simone Veil.<\/li>\n\n\n\n<li><strong>Transporte na cidade:<\/strong> o centro \u00e9 bastante hostil para carros, ent\u00e3o o melhor \u00e9 usar o sistema de estacionamentos Park and Ride combinado com o bonde.<\/li>\n\n\n\n<li><strong>Quando ir:<\/strong> para a melhor rela\u00e7\u00e3o entre pre\u00e7o e clima, recomendo maio, junho ou setembro; j\u00e1 para os hot\u00e9is mais baratos, janeiro \u00e9 ideal.<\/li>\n\n\n\n<li><strong>Patrim\u00f4nio Mundial:<\/strong> todo o bairro hist\u00f3rico Grande \u00cele e o mais jovem bairro alem\u00e3o Neustadt s\u00e3o tombados pela UNESCO.<\/li>\n\n\n<\/ul>\n\n\n\n<h2 class=\"wp-block-heading\"><span class=\"ez-toc-section\" id=\"Quando_ir_a_Estrasburgo\"><\/span>Quando ir a Estrasburgo<span class=\"ez-toc-section-end\"><\/span><\/h2>\n\n\n\n<p class=\"wp-block-paragraph\">Escolher a data \u00e9 absolutamente essencial nesta cidade, porque a <strong>sazonalidade mexe muito com os pre\u00e7os das hospedagens<\/strong>. Se voc\u00ea for em dezembro, durante o famoso mercado de Natal, prepare-se: os hot\u00e9is no centro podem custar at\u00e9 o triplo do pre\u00e7o normal de ver\u00e3o. J\u00e1 em janeiro ou fevereiro voc\u00ea vai encontrar a cidade sem multid\u00f5es e, <strong>com um pouco de sorte, consegue um quarto de luxo por uma fra\u00e7\u00e3o do valor cobrado no inverno<\/strong>. Os meses de primavera e outono s\u00e3o o meio-termo perfeito para quem quer economizar, mas ainda aproveitar um clima agrad\u00e1vel.<\/p>\n\n\n\n<p class=\"wp-block-paragraph\">O clima mais gostoso para longas caminhadas ao longo dos canais \u00e9 <strong>em maio, junho e setembro<\/strong>, quando as temperaturas ficam bem agrad\u00e1veis e os dias s\u00e3o longos o suficiente. No ver\u00e3o, o centro de pedra pode ficar bem quente, mas gra\u00e7as \u00e0 \u00e1gua por toda parte e aos amplos parques d\u00e1 para lidar tranquilamente. Se voc\u00ea n\u00e3o se importa com um tempo um pouco mais frio e \u00famido, <strong>o in\u00edcio da primavera revela a cidade num clima lindamente melanc\u00f3lico<\/strong>, quando os caf\u00e9s locais v\u00e3o acordando aos poucos e as ruas pertencem s\u00f3 aos moradores.<\/p>\n\n\n\n<p class=\"wp-block-paragraph\">Em 2026, o famoso mercado de Natal acontece de sexta-feira, 27 de novembro, a domingo, 27 de dezembro. Ele se espalha por onze locais diferentes em todo o bairro hist\u00f3rico Grande \u00cele, sendo os mais conhecidos na Place Broglie, na Place de la Cath\u00e9drale e nas ruelas da Petite France. Se voc\u00ea se interessa principalmente por essa \u00e9poca m\u00e1gica e n\u00e3o se incomoda com um or\u00e7amento bem mais alto, <strong>vale muito a pena ler o nosso artigo espec\u00edfico <a href=\"https:\/\/loudavymkrokem.cz\/pt-br\/mercados-natal-estrasburgo-franca\/\">Mercado de Natal de Estrasburgo<\/a><\/strong>, onde tem um mapa detalhado dos locais, os costumes locais e dicas de guloseimas tradicionais.<\/p>\n\n\n\n<h2 class=\"wp-block-heading\"><span class=\"ez-toc-section\" id=\"Onde_se_hospedar_em_Estrasburgo\"><\/span>Onde se hospedar em Estrasburgo<span class=\"ez-toc-section-end\"><\/span><\/h2>\n\n\n\n<p class=\"wp-block-paragraph\">Escolher a localiza\u00e7\u00e3o certa para a hospedagem economiza muito tempo e dinheiro em transporte p\u00fablico. O bairro mais encantador (mas, logicamente, tamb\u00e9m o mais caro) \u00e9 o <strong>hist\u00f3rico Grande \u00cele e sua parte Petite France<\/strong>, onde voc\u00ea ter\u00e1 todos os principais monumentos a poucos passos da cama. Se procura algo bem mais tranquilo e em conta, <strong>recomendo dar uma olhada no bairro Neustadt<\/strong>, que oferece uma arquitetura linda e fica a uma agrad\u00e1vel caminhada de menos de dez minutos do centro.<\/p>\n\n\n\n<p class=\"wp-block-paragraph\">N\u00e3o deixe a reserva dos quartos para a \u00faltima hora e <strong>recomendo sempre usar portais confi\u00e1veis como a <a class=\"thirstylink\" rel=\"nofollow\" target=\"_blank\" title=\"Booking.com\" href=\"https:\/\/loudavymkrokem.cz\/doporucujeme\/booking-com\/\" data-shortcode=\"true\">Booking<\/a><\/strong>, onde voc\u00ea tem a melhor vis\u00e3o dos pre\u00e7os atuais. Especialmente na \u00e9poca do Advento, boa parte das vagas costuma estar reservada com meio ano de anteced\u00eancia. Analisando avalia\u00e7\u00f5es de outros viajantes e vasculhando com aten\u00e7\u00e3o a Booking, selecionei alguns hot\u00e9is com excelente custo-benef\u00edcio:<\/p>\n\n\n\n<p class=\"wp-block-paragraph\">O <strong>H\u00f4tel Cour du Corbeau Strasbourg &#8211; MGallery<\/strong> \u00e9 uma verdadeira joia arquitet\u00f4nica e um dos lugares mais bonitos para se hospedar na cidade inteira. Fica numa casa hist\u00f3rica lindamente restaurada, com varandas de madeira do s\u00e9culo XVI, e <strong>oferece uma atmosfera rom\u00e2ntica inesquec\u00edvel<\/strong> bem \u00e0 beira de um canal. Os h\u00f3spedes contam animados que os caf\u00e9s da manh\u00e3 s\u00e3o fartos a ponto de pecar e que a tranquilidade \u00e9 impressionante, mesmo com a catedral a cinco minutos a p\u00e9.<\/p>\n\n\n\n<p class=\"wp-block-paragraph\">Se voc\u00ea prefere design mais moderno e linhas limpas, o <strong>H\u00f4tel L\u00c9ONOR the place to live<\/strong> tem l\u00e1 o seu charme. Oferece um interior moderno num pr\u00e9dio hist\u00f3rico pertinho da Place Broglie e, principalmente, um lindo p\u00e1tio interno onde voc\u00ea toma uma ta\u00e7a de vinho da Als\u00e1cia depois de um dia inteiro andando.<\/p>\n\n\n\n<p class=\"wp-block-paragraph\">Para quem viaja com um or\u00e7amento um pouco mais apertado, uma \u00f3tima escolha \u00e9 o <strong>H\u00f4tel Gutenberg<\/strong>, que fica numa localiza\u00e7\u00e3o super estrat\u00e9gica, perto da principal zona de pedestres. Os quartos s\u00e3o um pouco menores, mas <strong>se destacam pela limpeza impec\u00e1vel e pelas camas muito confort\u00e1veis<\/strong>. Segundo os h\u00f3spedes, outro grande ponto positivo \u00e9 a equipe extremamente prestativa, que ajuda com a orienta\u00e7\u00e3o na cidade e recomenda as melhores padarias locais dos arredores. Se quiser explorar mais op\u00e7\u00f5es em diferentes faixas de pre\u00e7o, d\u00ea uma olhada no nosso artigo detalhado <a href=\"https:\/\/loudavymkrokem.cz\/pt-br\/onde-ficar-estrasburgo-franca\/\">Onde ficar em Estrasburgo<\/a>.<\/p>\n\n\n\n\n\n<p class=\"wp-block-paragraph\"><em>\ud83d\udca1 <a href=\"https:\/\/www.stay22.com\/allez\/roam?aid=lukaskonecny&#038;campaign=loudavymkrokemcz&#038;campaign=co-videt-ve-strasburku&#038;address=%C5%A0trasburk%2C%20Francie\" target=\"_blank\" rel=\"nofollow noopener sponsored\">Neste mapa voc\u00ea compara o que est\u00e1 dispon\u00edvel agora<\/a> \u2014 d\u00e1 para ver na hora quanto mais barato fica ficar a algumas paradas do centro.<\/em><\/p>\n\n<h2 class=\"wp-block-heading\"><span class=\"ez-toc-section\" id=\"18_coisas_para_ver_e_fazer_em_Estrasburgo\"><\/span>18 coisas para ver e fazer em Estrasburgo<span class=\"ez-toc-section-end\"><\/span><\/h2>\n\n\n\n<p class=\"wp-block-paragraph\">N\u00e3o importa se voc\u00ea reservou s\u00f3 um fim de semana ou uma semana inteira para conhecer a cidade, aqui voc\u00ea com certeza n\u00e3o vai se entediar. Preparei uma <strong>lista de dezoito lugares e experi\u00eancias<\/strong> que voc\u00ea definitivamente n\u00e3o deveria perder ao montar seu roteiro. Inclu\u00ed tanto os monumentos ic\u00f4nicos mais famosos quanto alguns cantinhos mais tranquilos.<\/p>\n\n\n\n<figure data-wp-context=\"{&quot;imageId&quot;:&quot;6a9c2dfa026f6&quot;}\" data-wp-interactive=\"core\/image\" data-wp-key=\"6a9c2dfa026f6\" class=\"wp-block-image size-full wp-lightbox-container\"><img decoding=\"async\" width=\"1600\" height=\"2133\" data-wp-class--hide=\"state.isContentHidden\" data-wp-class--show=\"state.isContentVisible\" data-wp-init=\"callbacks.setButtonStyles\" data-wp-on--click=\"actions.showLightbox\" data-wp-on--load=\"callbacks.setButtonStyles\" data-wp-on--pointerdown=\"actions.preloadImage\" data-wp-on--pointerenter=\"actions.preloadImageWithDelay\" data-wp-on--pointerleave=\"actions.cancelPreload\" data-wp-on-window--resize=\"callbacks.setButtonStyles\" src=\"https:\/\/loudavymkrokem.cz\/wp-content\/uploads\/2026\/09\/cath-drale-notre-dame-de-strasbourg.jpg\" alt=\"Cath\u00e9drale Notre-Dame-de-Strasbourg\" class=\"wp-image-413168\" title=\"\" srcset=\"https:\/\/loudavymkrokem.cz\/wp-content\/uploads\/2026\/09\/cath-drale-notre-dame-de-strasbourg.jpg 1600w, https:\/\/loudavymkrokem.cz\/wp-content\/uploads\/2026\/09\/cath-drale-notre-dame-de-strasbourg-225x300.jpg 225w, https:\/\/loudavymkrokem.cz\/wp-content\/uploads\/2026\/09\/cath-drale-notre-dame-de-strasbourg-700x933.jpg 700w, https:\/\/loudavymkrokem.cz\/wp-content\/uploads\/2026\/09\/cath-drale-notre-dame-de-strasbourg-768x1024.jpg 768w, https:\/\/loudavymkrokem.cz\/wp-content\/uploads\/2026\/09\/cath-drale-notre-dame-de-strasbourg-1152x1536.jpg 1152w, https:\/\/loudavymkrokem.cz\/wp-content\/uploads\/2026\/09\/cath-drale-notre-dame-de-strasbourg-1536x2048.jpg 1536w, https:\/\/loudavymkrokem.cz\/wp-content\/uploads\/2026\/09\/cath-drale-notre-dame-de-strasbourg-696x928.jpg 696w, https:\/\/loudavymkrokem.cz\/wp-content\/uploads\/2026\/09\/cath-drale-notre-dame-de-strasbourg-1392x1856.jpg 1392w\" sizes=\"(max-width: 1600px) 100vw, 1600px\" \/><button\n\t\t\tclass=\"lightbox-trigger\"\n\t\t\ttype=\"button\"\n\t\t\taria-haspopup=\"dialog\"\n\t\t\tdata-wp-bind--aria-label=\"state.thisImage.triggerButtonAriaLabel\"\n\t\t\tdata-wp-init=\"callbacks.initTriggerButton\"\n\t\t\tdata-wp-on--click=\"actions.showLightbox\"\n\t\t\tdata-wp-style--right=\"state.thisImage.buttonRight\"\n\t\t\tdata-wp-style--top=\"state.thisImage.buttonTop\"\n\t\t>\n\t\t\t<svg xmlns=\"http:\/\/www.w3.org\/2000\/svg\" width=\"12\" height=\"12\" fill=\"none\" viewBox=\"0 0 12 12\">\n\t\t\t\t<path fill=\"#fff\" d=\"M2 0a2 2 0 0 0-2 2v2h1.5V2a.5.5 0 0 1 .5-.5h2V0H2Zm2 10.5H2a.5.5 0 0 1-.5-.5V8H0v2a2 2 0 0 0 2 2h2v-1.5ZM8 12v-1.5h2a.5.5 0 0 0 .5-.5V8H12v2a2 2 0 0 1-2 2H8Zm2-12a2 2 0 0 1 2 2v2h-1.5V2a.5.5 0 0 0-.5-.5H8V0h2Z\" \/>\n\t\t\t<\/svg>\n\t\t<\/button><figcaption class=\"wp-element-caption\">Foto: Dorien Van Der Werf \/ Google Maps<\/figcaption><\/figure>\n\n\n\n<h3 class=\"wp-block-heading\"><span class=\"ez-toc-section\" id=\"1_Cathedrale_Notre-Dame-de-Strasbourg\"><\/span>1. Cath\u00e9drale Notre-Dame-de-Strasbourg<span class=\"ez-toc-section-end\"><\/span><\/h3>\n\n\n\n<p class=\"wp-block-paragraph\">Esta monumental catedral g\u00f3tica do s\u00e9culo XIII \u00e9, com raz\u00e3o, o <strong>lugar mais visitado da cidade inteira<\/strong>. Quando voc\u00ea para pela primeira vez na pequena pra\u00e7a diante dela, sua enorme fachada de arenito rosado dos Vosges vai te deixar sem f\u00f4lego. O que mais fascina na constru\u00e7\u00e3o \u00e9 justamente a assimetria: a segunda torre nunca foi conclu\u00edda e a catedral acabou ganhando uma apar\u00eancia absolutamente inconfund\u00edvel. A obra levou v\u00e1rios s\u00e9culos e em cada cent\u00edmetro de pedra d\u00e1 para ver a incr\u00edvel precis\u00e3o dos mestres da \u00e9poca.<\/p>\n\n\n\n<p class=\"wp-block-paragraph\">Por dentro, voc\u00ea encontra um espa\u00e7o imenso iluminado por lindos vitrais, dos quais a <strong>enorme ros\u00e1cea sobre a entrada principal \u00e9 uma das mais bonitas de toda a Europa<\/strong>. A entrada na nave principal da catedral \u00e9 gratuita, mas prepare-se: costuma haver fila no acesso por causa das verifica\u00e7\u00f5es de seguran\u00e7a. Felizmente, a fila anda bem r\u00e1pido, ent\u00e3o isso n\u00e3o deve te desanimar. O interior \u00e9 incrivelmente majestoso e vale muito a pena percorr\u00ea-lo com calma, sem pressa nenhuma.<\/p>\n\n\n\n<p class=\"wp-block-paragraph\">\ud83d\udca1 Dica: o melhor hor\u00e1rio para fotografar a fachada \u00e9 o <strong>fim da tarde ou o entardecer<\/strong>, quando o sol poente ilumina lindamente o arenito rosado e a constru\u00e7\u00e3o inteira ganha um tom quente maravilhoso. A pra\u00e7a ao redor da catedral ainda \u00e9 cercada por casas hist\u00f3ricas, que completam o cen\u00e1rio perfeito. Voc\u00ea pode se sentar em um dos caf\u00e9s pr\u00f3ximos e simplesmente observar as cores da pedra mudando.<\/p>\n\n\n\n<figure data-wp-context=\"{&quot;imageId&quot;:&quot;6a9c2dfa02e17&quot;}\" data-wp-interactive=\"core\/image\" data-wp-key=\"6a9c2dfa02e17\" class=\"wp-block-image size-full wp-lightbox-container\"><img decoding=\"async\" width=\"1171\" height=\"1560\" data-wp-class--hide=\"state.isContentHidden\" data-wp-class--show=\"state.isContentVisible\" data-wp-init=\"callbacks.setButtonStyles\" data-wp-on--click=\"actions.showLightbox\" data-wp-on--load=\"callbacks.setButtonStyles\" data-wp-on--pointerdown=\"actions.preloadImage\" data-wp-on--pointerenter=\"actions.preloadImageWithDelay\" data-wp-on--pointerleave=\"actions.cancelPreload\" data-wp-on-window--resize=\"callbacks.setButtonStyles\" src=\"https:\/\/loudavymkrokem.cz\/wp-content\/uploads\/2026\/09\/astronomick-hodiny-ze-estn-ct-ho-stolet.jpg\" alt=\"Rel\u00f3gio astron\u00f4mico do s\u00e9culo XVI\" class=\"wp-image-413172\" title=\"\" srcset=\"https:\/\/loudavymkrokem.cz\/wp-content\/uploads\/2026\/09\/astronomick-hodiny-ze-estn-ct-ho-stolet.jpg 1171w, https:\/\/loudavymkrokem.cz\/wp-content\/uploads\/2026\/09\/astronomick-hodiny-ze-estn-ct-ho-stolet-225x300.jpg 225w, https:\/\/loudavymkrokem.cz\/wp-content\/uploads\/2026\/09\/astronomick-hodiny-ze-estn-ct-ho-stolet-700x933.jpg 700w, https:\/\/loudavymkrokem.cz\/wp-content\/uploads\/2026\/09\/astronomick-hodiny-ze-estn-ct-ho-stolet-768x1023.jpg 768w, https:\/\/loudavymkrokem.cz\/wp-content\/uploads\/2026\/09\/astronomick-hodiny-ze-estn-ct-ho-stolet-1153x1536.jpg 1153w, https:\/\/loudavymkrokem.cz\/wp-content\/uploads\/2026\/09\/astronomick-hodiny-ze-estn-ct-ho-stolet-696x927.jpg 696w\" sizes=\"(max-width: 1171px) 100vw, 1171px\" \/><button\n\t\t\tclass=\"lightbox-trigger\"\n\t\t\ttype=\"button\"\n\t\t\taria-haspopup=\"dialog\"\n\t\t\tdata-wp-bind--aria-label=\"state.thisImage.triggerButtonAriaLabel\"\n\t\t\tdata-wp-init=\"callbacks.initTriggerButton\"\n\t\t\tdata-wp-on--click=\"actions.showLightbox\"\n\t\t\tdata-wp-style--right=\"state.thisImage.buttonRight\"\n\t\t\tdata-wp-style--top=\"state.thisImage.buttonTop\"\n\t\t>\n\t\t\t<svg xmlns=\"http:\/\/www.w3.org\/2000\/svg\" width=\"12\" height=\"12\" fill=\"none\" viewBox=\"0 0 12 12\">\n\t\t\t\t<path fill=\"#fff\" d=\"M2 0a2 2 0 0 0-2 2v2h1.5V2a.5.5 0 0 1 .5-.5h2V0H2Zm2 10.5H2a.5.5 0 0 1-.5-.5V8H0v2a2 2 0 0 0 2 2h2v-1.5ZM8 12v-1.5h2a.5.5 0 0 0 .5-.5V8H12v2a2 2 0 0 1-2 2H8Zm2-12a2 2 0 0 1 2 2v2h-1.5V2a.5.5 0 0 0-.5-.5H8V0h2Z\" \/>\n\t\t\t<\/svg>\n\t\t<\/button><figcaption class=\"wp-element-caption\">Foto: H \/ Google Maps<\/figcaption><\/figure>\n\n\n\n<h3 class=\"wp-block-heading\"><span class=\"ez-toc-section\" id=\"2_O_relogio_astronomico_do_seculo_XVI\"><\/span>2. O rel\u00f3gio astron\u00f4mico do s\u00e9culo XVI<span class=\"ez-toc-section-end\"><\/span><\/h3>\n\n\n\n<p class=\"wp-block-paragraph\">Dentro da pr\u00f3pria catedral se esconde uma maravilha t\u00e9cnica e art\u00edstica: o <strong>rel\u00f3gio astron\u00f4mico renascentista<\/strong>. Esse mecanismo complexo \u00e9 do s\u00e9culo XVI e mostra n\u00e3o s\u00f3 a hora exata, mas tamb\u00e9m a posi\u00e7\u00e3o do sol e da lua e o signo atual do zod\u00edaco. Os detalhes e a precis\u00e3o do trabalho de entalhe na caixa do rel\u00f3gio s\u00e3o inacredit\u00e1veis de perto e revelam o enorme talento dos matem\u00e1ticos e artes\u00e3os da \u00e9poca.<\/p>\n\n\n\n<p class=\"wp-block-paragraph\">O espet\u00e1culo principal acontece todos os dias, exatamente \u00e0s 12h30, quando <strong>come\u00e7a um complexo desfile de figuras m\u00f3veis<\/strong>. Voc\u00ea v\u00ea os ap\u00f3stolos passando diante de Cristo e as diferentes fases da vida humana, da inf\u00e2ncia at\u00e9 a morte, que marcam simbolicamente a passagem do tempo. Para esse popular show do meio-dia cobra-se uma pequena entrada e os ingressos s\u00e3o vendidos junto ao portal sul; \u00e9 bom chegar com anteced\u00eancia para conseguir uma vis\u00e3o minimamente decente.<\/p>\n\n\n\n<p class=\"wp-block-paragraph\">Mesmo que voc\u00ea n\u00e3o pegue o espet\u00e1culo do meio-dia, vale a pena ver o rel\u00f3gio a qualquer momento. Pequenos movimentos das figuras acontecem a cada quinze minutos e todo o mecanismo \u00e9 lindamente iluminado, ent\u00e3o voc\u00ea n\u00e3o vai perder o encanto.<\/p>\n\n\n\n<figure data-wp-context=\"{&quot;imageId&quot;:&quot;6a9c2dfa03789&quot;}\" data-wp-interactive=\"core\/image\" data-wp-key=\"6a9c2dfa03789\" class=\"wp-block-image size-full wp-lightbox-container\"><img decoding=\"async\" width=\"1080\" height=\"1397\" data-wp-class--hide=\"state.isContentHidden\" data-wp-class--show=\"state.isContentVisible\" data-wp-init=\"callbacks.setButtonStyles\" data-wp-on--click=\"actions.showLightbox\" data-wp-on--load=\"callbacks.setButtonStyles\" data-wp-on--pointerdown=\"actions.preloadImage\" data-wp-on--pointerenter=\"actions.preloadImageWithDelay\" data-wp-on--pointerleave=\"actions.cancelPreload\" data-wp-on-window--resize=\"callbacks.setButtonStyles\" src=\"https:\/\/loudavymkrokem.cz\/wp-content\/uploads\/2026\/09\/swap-412754-3-f43292b7.jpg\" alt=\"Vista da plataforma da catedral de Estrasburgo\" class=\"wp-image-413447\" title=\"\" srcset=\"https:\/\/loudavymkrokem.cz\/wp-content\/uploads\/2026\/09\/swap-412754-3-f43292b7.jpg 1080w, https:\/\/loudavymkrokem.cz\/wp-content\/uploads\/2026\/09\/swap-412754-3-f43292b7-232x300.jpg 232w, https:\/\/loudavymkrokem.cz\/wp-content\/uploads\/2026\/09\/swap-412754-3-f43292b7-700x905.jpg 700w, https:\/\/loudavymkrokem.cz\/wp-content\/uploads\/2026\/09\/swap-412754-3-f43292b7-768x993.jpg 768w, https:\/\/loudavymkrokem.cz\/wp-content\/uploads\/2026\/09\/swap-412754-3-f43292b7-696x900.jpg 696w\" sizes=\"(max-width: 1080px) 100vw, 1080px\" \/><button\n\t\t\tclass=\"lightbox-trigger\"\n\t\t\ttype=\"button\"\n\t\t\taria-haspopup=\"dialog\"\n\t\t\tdata-wp-bind--aria-label=\"state.thisImage.triggerButtonAriaLabel\"\n\t\t\tdata-wp-init=\"callbacks.initTriggerButton\"\n\t\t\tdata-wp-on--click=\"actions.showLightbox\"\n\t\t\tdata-wp-style--right=\"state.thisImage.buttonRight\"\n\t\t\tdata-wp-style--top=\"state.thisImage.buttonTop\"\n\t\t>\n\t\t\t<svg xmlns=\"http:\/\/www.w3.org\/2000\/svg\" width=\"12\" height=\"12\" fill=\"none\" viewBox=\"0 0 12 12\">\n\t\t\t\t<path fill=\"#fff\" d=\"M2 0a2 2 0 0 0-2 2v2h1.5V2a.5.5 0 0 1 .5-.5h2V0H2Zm2 10.5H2a.5.5 0 0 1-.5-.5V8H0v2a2 2 0 0 0 2 2h2v-1.5ZM8 12v-1.5h2a.5.5 0 0 0 .5-.5V8H12v2a2 2 0 0 1-2 2H8Zm2-12a2 2 0 0 1 2 2v2h-1.5V2a.5.5 0 0 0-.5-.5H8V0h2Z\" \/>\n\t\t\t<\/svg>\n\t\t<\/button><figcaption class=\"wp-element-caption\">Foto: Lydia Bogdanovic \/ Google Maps<\/figcaption><\/figure>\n\n\n\n<h3 class=\"wp-block-heading\"><span class=\"ez-toc-section\" id=\"3_Subida_a_plataforma_panoramica_da_catedral\"><\/span>3. Subida \u00e0 plataforma panor\u00e2mica da catedral<span class=\"ez-toc-section-end\"><\/span><\/h3>\n\n\n\n<p class=\"wp-block-paragraph\">Se voc\u00ea n\u00e3o sofre de vertigem e tem pelo menos um preparo f\u00edsico razo\u00e1vel, <strong>n\u00e3o pode deixar de subir \u00e0 plataforma panor\u00e2mica<\/strong>. Ela fica a respeit\u00e1veis sessenta e seis metros de altura e, para chegar l\u00e1 em cima, voc\u00ea enfrenta trezentos e trinta e dois degraus de uma escada em espiral bastante estreita. Os ingressos s\u00e3o comprados numa casinha \u00e0 direita da entrada principal, e como s\u00f3 deixam subir um n\u00famero limitado de pessoas de cada vez, n\u00e3o se assuste com uma pequena espera.<\/p>\n\n\n\n<p class=\"wp-block-paragraph\">Como recompensa pela camiseta suada, voc\u00ea ter\u00e1 uma <strong>vista panor\u00e2mica absolutamente fant\u00e1stica de toda a cidade<\/strong>. Vai ver os telhados das casas hist\u00f3ricas, a intrincada rede de canais e, em dias claros, avistar at\u00e9 as montanhas dos Vosges, no lado franc\u00eas, e a sombria Floresta Negra, no lado alem\u00e3o. \u00c9 a melhor maneira poss\u00edvel de entender o tra\u00e7ado geral da cidade e descobrir onde ficam os bairros mais interessantes.<\/p>\n\n\n\n<p class=\"wp-block-paragraph\">\ud83d\udca1 Dica: realmente n\u00e3o recomendo a subida para quem tem claustrofobia, porque a <strong>escada \u00e9 bem estreita em alguns trechos e n\u00e3o d\u00e1 para desviar dos outros visitantes com facilidade<\/strong>. L\u00e1 em cima, felizmente, h\u00e1 espa\u00e7o suficiente para descansar e tirar as fotos mais bonitas a vista de p\u00e1ssaro.<\/p>\n\n\n\n<figure data-wp-context=\"{&quot;imageId&quot;:&quot;6a9c2dfa03fb2&quot;}\" data-wp-interactive=\"core\/image\" data-wp-key=\"6a9c2dfa03fb2\" class=\"wp-block-image size-full wp-lightbox-container\"><img decoding=\"async\" width=\"1600\" height=\"2133\" data-wp-class--hide=\"state.isContentHidden\" data-wp-class--show=\"state.isContentVisible\" data-wp-init=\"callbacks.setButtonStyles\" data-wp-on--click=\"actions.showLightbox\" data-wp-on--load=\"callbacks.setButtonStyles\" data-wp-on--pointerdown=\"actions.preloadImage\" data-wp-on--pointerenter=\"actions.preloadImageWithDelay\" data-wp-on--pointerleave=\"actions.cancelPreload\" data-wp-on-window--resize=\"callbacks.setButtonStyles\" src=\"https:\/\/loudavymkrokem.cz\/wp-content\/uploads\/2026\/09\/petite-france.jpg\" alt=\"Petite France\" class=\"wp-image-413182\" title=\"\" srcset=\"https:\/\/loudavymkrokem.cz\/wp-content\/uploads\/2026\/09\/petite-france.jpg 1600w, https:\/\/loudavymkrokem.cz\/wp-content\/uploads\/2026\/09\/petite-france-225x300.jpg 225w, https:\/\/loudavymkrokem.cz\/wp-content\/uploads\/2026\/09\/petite-france-700x933.jpg 700w, https:\/\/loudavymkrokem.cz\/wp-content\/uploads\/2026\/09\/petite-france-768x1024.jpg 768w, https:\/\/loudavymkrokem.cz\/wp-content\/uploads\/2026\/09\/petite-france-1152x1536.jpg 1152w, https:\/\/loudavymkrokem.cz\/wp-content\/uploads\/2026\/09\/petite-france-1536x2048.jpg 1536w, https:\/\/loudavymkrokem.cz\/wp-content\/uploads\/2026\/09\/petite-france-696x928.jpg 696w, https:\/\/loudavymkrokem.cz\/wp-content\/uploads\/2026\/09\/petite-france-1392x1856.jpg 1392w\" sizes=\"(max-width: 1600px) 100vw, 1600px\" \/><button\n\t\t\tclass=\"lightbox-trigger\"\n\t\t\ttype=\"button\"\n\t\t\taria-haspopup=\"dialog\"\n\t\t\tdata-wp-bind--aria-label=\"state.thisImage.triggerButtonAriaLabel\"\n\t\t\tdata-wp-init=\"callbacks.initTriggerButton\"\n\t\t\tdata-wp-on--click=\"actions.showLightbox\"\n\t\t\tdata-wp-style--right=\"state.thisImage.buttonRight\"\n\t\t\tdata-wp-style--top=\"state.thisImage.buttonTop\"\n\t\t>\n\t\t\t<svg xmlns=\"http:\/\/www.w3.org\/2000\/svg\" width=\"12\" height=\"12\" fill=\"none\" viewBox=\"0 0 12 12\">\n\t\t\t\t<path fill=\"#fff\" d=\"M2 0a2 2 0 0 0-2 2v2h1.5V2a.5.5 0 0 1 .5-.5h2V0H2Zm2 10.5H2a.5.5 0 0 1-.5-.5V8H0v2a2 2 0 0 0 2 2h2v-1.5ZM8 12v-1.5h2a.5.5 0 0 0 .5-.5V8H12v2a2 2 0 0 1-2 2H8Zm2-12a2 2 0 0 1 2 2v2h-1.5V2a.5.5 0 0 0-.5-.5H8V0h2Z\" \/>\n\t\t\t<\/svg>\n\t\t<\/button><figcaption class=\"wp-element-caption\">Foto: Zulfikar CEKIC \/ Google Maps<\/figcaption><\/figure>\n\n\n\n<h3 class=\"wp-block-heading\"><span class=\"ez-toc-section\" id=\"4_Petite_France\"><\/span>4. Petite France<span class=\"ez-toc-section-end\"><\/span><\/h3>\n\n\n\n<p class=\"wp-block-paragraph\">O bairro mais fotografado e, sem d\u00favida, mais rom\u00e2ntico da cidade inteira \u00e9 a famosa Petite France. No passado, viviam e trabalhavam aqui sobretudo curtidores, moleiros e pescadores, que precisavam de acesso direto \u00e0 \u00e1gua corrente para suas exigentes profiss\u00f5es. Hoje \u00e9 uma <strong>linda rede de canais estreitos ladeados por casas de enxaimel perfeitamente preservadas<\/strong>, com os t\u00edpicos telhados inclinados sob os quais antigamente se secavam peles de animais.<\/p>\n\n\n\n<p class=\"wp-block-paragraph\">A melhor forma de aproveitar esse bairro hist\u00f3rico \u00e9 <strong>simplesmente se perder pelas suas ruelas, sem pressa nenhuma<\/strong>. Voc\u00ea vai topar com um monte de lojinhas, padarias artesanais e caf\u00e9s aconchegantes, onde pode parar para um caf\u00e9 e observar os barcos de passeio deslizando pela \u00e1gua. Nos meses de ver\u00e3o, todas as janelas e pontes ficam cobertas por um mar de ger\u00e2nios coloridos, criando um cen\u00e1rio absolutamente de conto de fadas.<\/p>\n\n\n\n<p class=\"wp-block-paragraph\">Apesar de ser a parte mais movimentada da cidade em termos de turismo, ainda mant\u00e9m um enorme charme. <strong>Tente vir bem cedo de manh\u00e3, antes de as ruas se encherem de gente<\/strong>, e voc\u00ea vai viver a verdadeira e tranquila atmosfera da Als\u00e1cia, quando as antigas fachadas hist\u00f3ricas se refletem na superf\u00edcie im\u00f3vel dos canais.<\/p>\n\n\n\n<figure data-wp-context=\"{&quot;imageId&quot;:&quot;6a9c2dfa047e4&quot;}\" data-wp-interactive=\"core\/image\" data-wp-key=\"6a9c2dfa047e4\" class=\"wp-block-image size-full wp-lightbox-container\"><img decoding=\"async\" width=\"1600\" height=\"1200\" data-wp-class--hide=\"state.isContentHidden\" data-wp-class--show=\"state.isContentVisible\" data-wp-init=\"callbacks.setButtonStyles\" data-wp-on--click=\"actions.showLightbox\" data-wp-on--load=\"callbacks.setButtonStyles\" data-wp-on--pointerdown=\"actions.preloadImage\" data-wp-on--pointerenter=\"actions.preloadImageWithDelay\" data-wp-on--pointerleave=\"actions.cancelPreload\" data-wp-on-window--resize=\"callbacks.setButtonStyles\" src=\"https:\/\/loudavymkrokem.cz\/wp-content\/uploads\/2026\/09\/ponts-couverts-de-strasbourg.jpg\" alt=\"Ponts Couverts de Strasbourg\" class=\"wp-image-413186\" title=\"\" srcset=\"https:\/\/loudavymkrokem.cz\/wp-content\/uploads\/2026\/09\/ponts-couverts-de-strasbourg.jpg 1600w, https:\/\/loudavymkrokem.cz\/wp-content\/uploads\/2026\/09\/ponts-couverts-de-strasbourg-300x225.jpg 300w, https:\/\/loudavymkrokem.cz\/wp-content\/uploads\/2026\/09\/ponts-couverts-de-strasbourg-700x525.jpg 700w, https:\/\/loudavymkrokem.cz\/wp-content\/uploads\/2026\/09\/ponts-couverts-de-strasbourg-768x576.jpg 768w, https:\/\/loudavymkrokem.cz\/wp-content\/uploads\/2026\/09\/ponts-couverts-de-strasbourg-1536x1152.jpg 1536w, https:\/\/loudavymkrokem.cz\/wp-content\/uploads\/2026\/09\/ponts-couverts-de-strasbourg-80x60.jpg 80w, https:\/\/loudavymkrokem.cz\/wp-content\/uploads\/2026\/09\/ponts-couverts-de-strasbourg-160x120.jpg 160w, https:\/\/loudavymkrokem.cz\/wp-content\/uploads\/2026\/09\/ponts-couverts-de-strasbourg-696x522.jpg 696w, https:\/\/loudavymkrokem.cz\/wp-content\/uploads\/2026\/09\/ponts-couverts-de-strasbourg-1392x1044.jpg 1392w\" sizes=\"(max-width: 1600px) 100vw, 1600px\" \/><button\n\t\t\tclass=\"lightbox-trigger\"\n\t\t\ttype=\"button\"\n\t\t\taria-haspopup=\"dialog\"\n\t\t\tdata-wp-bind--aria-label=\"state.thisImage.triggerButtonAriaLabel\"\n\t\t\tdata-wp-init=\"callbacks.initTriggerButton\"\n\t\t\tdata-wp-on--click=\"actions.showLightbox\"\n\t\t\tdata-wp-style--right=\"state.thisImage.buttonRight\"\n\t\t\tdata-wp-style--top=\"state.thisImage.buttonTop\"\n\t\t>\n\t\t\t<svg xmlns=\"http:\/\/www.w3.org\/2000\/svg\" width=\"12\" height=\"12\" fill=\"none\" viewBox=\"0 0 12 12\">\n\t\t\t\t<path fill=\"#fff\" d=\"M2 0a2 2 0 0 0-2 2v2h1.5V2a.5.5 0 0 1 .5-.5h2V0H2Zm2 10.5H2a.5.5 0 0 1-.5-.5V8H0v2a2 2 0 0 0 2 2h2v-1.5ZM8 12v-1.5h2a.5.5 0 0 0 .5-.5V8H12v2a2 2 0 0 1-2 2H8Zm2-12a2 2 0 0 1 2 2v2h-1.5V2a.5.5 0 0 0-.5-.5H8V0h2Z\" \/>\n\t\t\t<\/svg>\n\t\t<\/button><figcaption class=\"wp-element-caption\">Foto: Lukas PL \/ Google Maps<\/figcaption><\/figure>\n\n\n\n<h3 class=\"wp-block-heading\"><span class=\"ez-toc-section\" id=\"5_Ponts_Couverts_de_Strasbourg\"><\/span>5. Ponts Couverts de Strasbourg<span class=\"ez-toc-section-end\"><\/span><\/h3>\n\n\n\n<p class=\"wp-block-paragraph\">Logo na beirada do pitoresco bairro Petite France, voc\u00ea encontra os imponentes vest\u00edgios das fortifica\u00e7\u00f5es medievais chamados Ponts Couverts. Originalmente era um engenhoso sistema de tr\u00eas pontes e quatro torres defensivas do s\u00e9culo XIII, que <strong>serviam para proteger a cidade de ataques inimigos vindos pelo rio<\/strong>. Embora as pontes tenham perdido h\u00e1 muito tempo seus telhados de madeira originais, o nome &#8220;pontes cobertas&#8221; ficou at\u00e9 hoje, para surpresa de muitos turistas.<\/p>\n\n\n\n<p class=\"wp-block-paragraph\">Um passeio por essas pontes de pedra oferece vistas lindas para a superf\u00edcie da \u00e1gua e para o fundo da cidade velha. <strong>As quatro imponentes torres quadradas parecem realmente majestosas<\/strong> e refor\u00e7am muito bem o car\u00e1ter hist\u00f3rico mais r\u00fastico dessa parte de Estrasburgo. \u00c0 noite, todo o complexo \u00e9 iluminado de forma muito elegante e dram\u00e1tica, ent\u00e3o um passeio noturno tem um encanto inconfund\u00edvel e levemente misterioso.<\/p>\n\n\n\n<p class=\"wp-block-paragraph\">Andando por essa \u00e1rea, voc\u00ea vai topar com um monte de cantinhos bonitos e bancos escondidos onde d\u00e1 para descansar. Os arredores das pontes s\u00e3o bem arborizados e cheios de \u00e1rvores altas, ent\u00e3o no ver\u00e3o quente pelo menos voc\u00ea n\u00e3o frita o c\u00e9rebro enquanto descansa.<\/p>\n\n\n\n<figure data-wp-context=\"{&quot;imageId&quot;:&quot;6a9c2dfa04f5e&quot;}\" data-wp-interactive=\"core\/image\" data-wp-key=\"6a9c2dfa04f5e\" class=\"wp-block-image size-full wp-lightbox-container\"><img decoding=\"async\" width=\"1600\" height=\"1200\" data-wp-class--hide=\"state.isContentHidden\" data-wp-class--show=\"state.isContentVisible\" data-wp-init=\"callbacks.setButtonStyles\" data-wp-on--click=\"actions.showLightbox\" data-wp-on--load=\"callbacks.setButtonStyles\" data-wp-on--pointerdown=\"actions.preloadImage\" data-wp-on--pointerenter=\"actions.preloadImageWithDelay\" data-wp-on--pointerleave=\"actions.cancelPreload\" data-wp-on-window--resize=\"callbacks.setButtonStyles\" src=\"https:\/\/loudavymkrokem.cz\/wp-content\/uploads\/2026\/09\/barrage-vauban.jpg\" alt=\"Barrage Vauban\" class=\"wp-image-413191\" title=\"\" srcset=\"https:\/\/loudavymkrokem.cz\/wp-content\/uploads\/2026\/09\/barrage-vauban.jpg 1600w, https:\/\/loudavymkrokem.cz\/wp-content\/uploads\/2026\/09\/barrage-vauban-300x225.jpg 300w, https:\/\/loudavymkrokem.cz\/wp-content\/uploads\/2026\/09\/barrage-vauban-700x525.jpg 700w, https:\/\/loudavymkrokem.cz\/wp-content\/uploads\/2026\/09\/barrage-vauban-768x576.jpg 768w, https:\/\/loudavymkrokem.cz\/wp-content\/uploads\/2026\/09\/barrage-vauban-1536x1152.jpg 1536w, https:\/\/loudavymkrokem.cz\/wp-content\/uploads\/2026\/09\/barrage-vauban-80x60.jpg 80w, https:\/\/loudavymkrokem.cz\/wp-content\/uploads\/2026\/09\/barrage-vauban-160x120.jpg 160w, https:\/\/loudavymkrokem.cz\/wp-content\/uploads\/2026\/09\/barrage-vauban-696x522.jpg 696w, https:\/\/loudavymkrokem.cz\/wp-content\/uploads\/2026\/09\/barrage-vauban-1392x1044.jpg 1392w\" sizes=\"(max-width: 1600px) 100vw, 1600px\" \/><button\n\t\t\tclass=\"lightbox-trigger\"\n\t\t\ttype=\"button\"\n\t\t\taria-haspopup=\"dialog\"\n\t\t\tdata-wp-bind--aria-label=\"state.thisImage.triggerButtonAriaLabel\"\n\t\t\tdata-wp-init=\"callbacks.initTriggerButton\"\n\t\t\tdata-wp-on--click=\"actions.showLightbox\"\n\t\t\tdata-wp-style--right=\"state.thisImage.buttonRight\"\n\t\t\tdata-wp-style--top=\"state.thisImage.buttonTop\"\n\t\t>\n\t\t\t<svg xmlns=\"http:\/\/www.w3.org\/2000\/svg\" width=\"12\" height=\"12\" fill=\"none\" viewBox=\"0 0 12 12\">\n\t\t\t\t<path fill=\"#fff\" d=\"M2 0a2 2 0 0 0-2 2v2h1.5V2a.5.5 0 0 1 .5-.5h2V0H2Zm2 10.5H2a.5.5 0 0 1-.5-.5V8H0v2a2 2 0 0 0 2 2h2v-1.5ZM8 12v-1.5h2a.5.5 0 0 0 .5-.5V8H12v2a2 2 0 0 1-2 2H8Zm2-12a2 2 0 0 1 2 2v2h-1.5V2a.5.5 0 0 0-.5-.5H8V0h2Z\" \/>\n\t\t\t<\/svg>\n\t\t<\/button><figcaption class=\"wp-element-caption\">Foto: cyril L. \/ Google Maps<\/figcaption><\/figure>\n\n\n\n<h3 class=\"wp-block-heading\"><span class=\"ez-toc-section\" id=\"6_Barrage_Vauban\"><\/span>6. Barrage Vauban<span class=\"ez-toc-section-end\"><\/span><\/h3>\n\n\n\n<p class=\"wp-block-paragraph\">Se voc\u00ea procura o melhor lugar de todos para tirar a foto perfeita de Estrasburgo, precisa ir ao Barrage Vauban. Essa enorme represa e ponte ao mesmo tempo, feita de arenito rosado, foi constru\u00edda no s\u00e9culo XVII segundo o projeto do famoso engenheiro militar Vauban. <strong>Seu principal objetivo era inundar a parte sul da cidade em caso de amea\u00e7a<\/strong> e impedir assim o avan\u00e7o das tropas inimigas em dire\u00e7\u00e3o ao centro.<\/p>\n\n\n\n<p class=\"wp-block-paragraph\">Hoje, dentro dela se esconde uma galeria de esculturas e g\u00e1rgulas resgatadas da catedral. \u00c9 interessante, mas, sinceramente, voc\u00ea veio aqui pelo telhado. <strong>No amplo terra\u00e7o h\u00e1 uma plataforma panor\u00e2mica cuja entrada \u00e9 totalmente gratuita para todo mundo<\/strong>. \u00c9 justamente daqui que se abre a vista ic\u00f4nica mais conhecida para as torres dos Ponts Couverts, o bairro de enxaimel Petite France e a majestosa torre da catedral ao fundo.<\/p>\n\n\n\n<p class=\"wp-block-paragraph\">\ud83d\udca1 Dica: normalmente o acesso ao terra\u00e7o \u00e9 feito por escadas, mas <strong>tamb\u00e9m h\u00e1 um elevador dentro do pr\u00e9dio<\/strong>, ent\u00e3o fam\u00edlias com carrinho de beb\u00ea ou viajantes com mobilidade reduzida tamb\u00e9m sobem confortavelmente. \u00c0 noite, o terra\u00e7o \u00e9 fechado por quest\u00f5es de seguran\u00e7a, ent\u00e3o confira antes o hor\u00e1rio de funcionamento atual.<\/p>\n\n\n\n<figure data-wp-context=\"{&quot;imageId&quot;:&quot;6a9c2dfa05653&quot;}\" data-wp-interactive=\"core\/image\" data-wp-key=\"6a9c2dfa05653\" class=\"wp-block-image size-full wp-lightbox-container\"><img decoding=\"async\" width=\"1600\" height=\"1200\" data-wp-class--hide=\"state.isContentHidden\" data-wp-class--show=\"state.isContentVisible\" data-wp-init=\"callbacks.setButtonStyles\" data-wp-on--click=\"actions.showLightbox\" data-wp-on--load=\"callbacks.setButtonStyles\" data-wp-on--pointerdown=\"actions.preloadImage\" data-wp-on--pointerenter=\"actions.preloadImageWithDelay\" data-wp-on--pointerleave=\"actions.cancelPreload\" data-wp-on-window--resize=\"callbacks.setButtonStyles\" src=\"https:\/\/loudavymkrokem.cz\/wp-content\/uploads\/2026\/09\/swap-412754-7-b98b2d6c.jpg\" alt=\"Passeio de barco Batorama em Estrasburgo\" class=\"wp-image-413433\" title=\"\" srcset=\"https:\/\/loudavymkrokem.cz\/wp-content\/uploads\/2026\/09\/swap-412754-7-b98b2d6c.jpg 1600w, https:\/\/loudavymkrokem.cz\/wp-content\/uploads\/2026\/09\/swap-412754-7-b98b2d6c-300x225.jpg 300w, https:\/\/loudavymkrokem.cz\/wp-content\/uploads\/2026\/09\/swap-412754-7-b98b2d6c-700x525.jpg 700w, https:\/\/loudavymkrokem.cz\/wp-content\/uploads\/2026\/09\/swap-412754-7-b98b2d6c-768x576.jpg 768w, https:\/\/loudavymkrokem.cz\/wp-content\/uploads\/2026\/09\/swap-412754-7-b98b2d6c-1536x1152.jpg 1536w, https:\/\/loudavymkrokem.cz\/wp-content\/uploads\/2026\/09\/swap-412754-7-b98b2d6c-80x60.jpg 80w, https:\/\/loudavymkrokem.cz\/wp-content\/uploads\/2026\/09\/swap-412754-7-b98b2d6c-160x120.jpg 160w, https:\/\/loudavymkrokem.cz\/wp-content\/uploads\/2026\/09\/swap-412754-7-b98b2d6c-696x522.jpg 696w, https:\/\/loudavymkrokem.cz\/wp-content\/uploads\/2026\/09\/swap-412754-7-b98b2d6c-1392x1044.jpg 1392w\" sizes=\"(max-width: 1600px) 100vw, 1600px\" \/><button\n\t\t\tclass=\"lightbox-trigger\"\n\t\t\ttype=\"button\"\n\t\t\taria-haspopup=\"dialog\"\n\t\t\tdata-wp-bind--aria-label=\"state.thisImage.triggerButtonAriaLabel\"\n\t\t\tdata-wp-init=\"callbacks.initTriggerButton\"\n\t\t\tdata-wp-on--click=\"actions.showLightbox\"\n\t\t\tdata-wp-style--right=\"state.thisImage.buttonRight\"\n\t\t\tdata-wp-style--top=\"state.thisImage.buttonTop\"\n\t\t>\n\t\t\t<svg xmlns=\"http:\/\/www.w3.org\/2000\/svg\" width=\"12\" height=\"12\" fill=\"none\" viewBox=\"0 0 12 12\">\n\t\t\t\t<path fill=\"#fff\" d=\"M2 0a2 2 0 0 0-2 2v2h1.5V2a.5.5 0 0 1 .5-.5h2V0H2Zm2 10.5H2a.5.5 0 0 1-.5-.5V8H0v2a2 2 0 0 0 2 2h2v-1.5ZM8 12v-1.5h2a.5.5 0 0 0 .5-.5V8H12v2a2 2 0 0 1-2 2H8Zm2-12a2 2 0 0 1 2 2v2h-1.5V2a.5.5 0 0 0-.5-.5H8V0h2Z\" \/>\n\t\t\t<\/svg>\n\t\t<\/button><figcaption class=\"wp-element-caption\">Foto: Chris Jeffery \/ Google Maps<\/figcaption><\/figure>\n\n\n\n<h3 class=\"wp-block-heading\"><span class=\"ez-toc-section\" id=\"7_Passeio_de_barco_pelos_canais_com_a_Batorama\"><\/span>7. Passeio de barco pelos canais com a Batorama<span class=\"ez-toc-section-end\"><\/span><\/h3>\n\n\n\n<p class=\"wp-block-paragraph\">Se voc\u00ea quer ter uma vis\u00e3o r\u00e1pida e completa da cidade a partir de uma perspectiva totalmente diferente, o <a href=\"https:\/\/www.batorama.com\/\" target=\"_blank\" rel=\"nofollow noopener\">passeio panor\u00e2mico de barco da Batorama<\/a> \u00e9 uma coisa que voc\u00ea simplesmente n\u00e3o quer pular, ainda mais quando os p\u00e9s come\u00e7am a doer. O embarcadouro \u00e9 facil\u00edssimo de achar, bem ao lado da catedral, no Embarcad\u00e8re Batorama Cath\u00e9drale, de onde os barcos partem regularmente numa rota de setenta minutos por todo o centro hist\u00f3rico e tamb\u00e9m pelo bairro europeu mais moderno. \u00c9 a melhor forma de entender a cidade justamente quando os p\u00e9s est\u00e3o doendo.<\/p>\n\n\n\n<p class=\"wp-block-paragraph\">Durante o passeio, voc\u00ea atravessa o rom\u00e2ntico bairro Petite France, onde o barco vence os desn\u00edveis por meio de eclusas antigas e estreitas, o que j\u00e1 \u00e9 um espet\u00e1culo por si s\u00f3, dif\u00edcil de esquecer. <strong>Voc\u00ea pode escolher entre barcos totalmente abertos ou envidra\u00e7ados<\/strong>, e os envidra\u00e7ados voc\u00ea vai valorizar sobretudo nos meses mais frios de primavera ou outono, porque s\u00e3o bem aquecidos e protegidos da chuva. H\u00e1 tamb\u00e9m audioguias com narra\u00e7\u00e3o.<\/p>\n\n\n\n<p class=\"wp-block-paragraph\">\ud83d\udca1 Dica: principalmente na alta temporada de ver\u00e3o e nos fins de semana ensolarados, os ingressos costumam esgotar rapidinho para o dia inteiro. <strong>Recomendo reservar os ingressos online com bastante anteced\u00eancia<\/strong>, para evitar filas desnecess\u00e1rias e garantir que voc\u00ea embarque exatamente no hor\u00e1rio que escolheu.<\/p>\n\n\n\n<figure data-wp-context=\"{&quot;imageId&quot;:&quot;6a9c2dfa05e41&quot;}\" data-wp-interactive=\"core\/image\" data-wp-key=\"6a9c2dfa05e41\" class=\"wp-block-image size-full wp-lightbox-container\"><img decoding=\"async\" width=\"1280\" height=\"960\" data-wp-class--hide=\"state.isContentHidden\" data-wp-class--show=\"state.isContentVisible\" data-wp-init=\"callbacks.setButtonStyles\" data-wp-on--click=\"actions.showLightbox\" data-wp-on--load=\"callbacks.setButtonStyles\" data-wp-on--pointerdown=\"actions.preloadImage\" data-wp-on--pointerenter=\"actions.preloadImageWithDelay\" data-wp-on--pointerleave=\"actions.cancelPreload\" data-wp-on-window--resize=\"callbacks.setButtonStyles\" src=\"https:\/\/loudavymkrokem.cz\/wp-content\/uploads\/2026\/09\/evropsk-parlament.jpg\" alt=\"Parlamento Europeu\" class=\"wp-image-413197\" title=\"\" srcset=\"https:\/\/loudavymkrokem.cz\/wp-content\/uploads\/2026\/09\/evropsk-parlament.jpg 1280w, https:\/\/loudavymkrokem.cz\/wp-content\/uploads\/2026\/09\/evropsk-parlament-300x225.jpg 300w, https:\/\/loudavymkrokem.cz\/wp-content\/uploads\/2026\/09\/evropsk-parlament-700x525.jpg 700w, https:\/\/loudavymkrokem.cz\/wp-content\/uploads\/2026\/09\/evropsk-parlament-768x576.jpg 768w, https:\/\/loudavymkrokem.cz\/wp-content\/uploads\/2026\/09\/evropsk-parlament-80x60.jpg 80w, https:\/\/loudavymkrokem.cz\/wp-content\/uploads\/2026\/09\/evropsk-parlament-160x120.jpg 160w, https:\/\/loudavymkrokem.cz\/wp-content\/uploads\/2026\/09\/evropsk-parlament-696x522.jpg 696w\" sizes=\"(max-width: 1280px) 100vw, 1280px\" \/><button\n\t\t\tclass=\"lightbox-trigger\"\n\t\t\ttype=\"button\"\n\t\t\taria-haspopup=\"dialog\"\n\t\t\tdata-wp-bind--aria-label=\"state.thisImage.triggerButtonAriaLabel\"\n\t\t\tdata-wp-init=\"callbacks.initTriggerButton\"\n\t\t\tdata-wp-on--click=\"actions.showLightbox\"\n\t\t\tdata-wp-style--right=\"state.thisImage.buttonRight\"\n\t\t\tdata-wp-style--top=\"state.thisImage.buttonTop\"\n\t\t>\n\t\t\t<svg xmlns=\"http:\/\/www.w3.org\/2000\/svg\" width=\"12\" height=\"12\" fill=\"none\" viewBox=\"0 0 12 12\">\n\t\t\t\t<path fill=\"#fff\" d=\"M2 0a2 2 0 0 0-2 2v2h1.5V2a.5.5 0 0 1 .5-.5h2V0H2Zm2 10.5H2a.5.5 0 0 1-.5-.5V8H0v2a2 2 0 0 0 2 2h2v-1.5ZM8 12v-1.5h2a.5.5 0 0 0 .5-.5V8H12v2a2 2 0 0 1-2 2H8Zm2-12a2 2 0 0 1 2 2v2h-1.5V2a.5.5 0 0 0-.5-.5H8V0h2Z\" \/>\n\t\t\t<\/svg>\n\t\t<\/button><figcaption class=\"wp-element-caption\">Foto: Ryan Jose Ruiz III \/ Google Maps<\/figcaption><\/figure>\n\n\n\n<h3 class=\"wp-block-heading\"><span class=\"ez-toc-section\" id=\"8_Parlamento_Europeu\"><\/span>8. Parlamento Europeu<span class=\"ez-toc-section-end\"><\/span><\/h3>\n\n\n\n<p class=\"wp-block-paragraph\">Estrasburgo \u00e9 a sede oficial do <a href=\"https:\/\/visiting.europarl.europa.eu\/cs\/\" target=\"_blank\" rel=\"nofollow noopener\">Parlamento Europeu<\/a> e a visita a esse imponente pr\u00e9dio moderno definitivamente n\u00e3o pode faltar na sua lista de pontos de interesse. A enorme constru\u00e7\u00e3o de vidro, com planta circular e telhado curvado, domina todo o bairro e <strong>cria um contraste visual fascinante com o centro hist\u00f3rico da cidade<\/strong>. A forma mais f\u00e1cil de chegar \u00e9 pelo confort\u00e1vel bonde da linha E; basta descer na parada de mesmo nome, Parlement Europ\u00e9en.<\/p>\n\n\n\n<p class=\"wp-block-paragraph\">O melhor de tudo \u00e9 que <strong>as visitas para o p\u00fablico s\u00e3o totalmente gratuitas<\/strong>, bastando apresentar na entrada um documento de identidade ou passaporte v\u00e1lido. Durante a visita, voc\u00ea vai espiar diretamente o famoso plen\u00e1rio em formato de hemiciclo, onde se re\u00fanem os eurodeputados e se cria a importante legisla\u00e7\u00e3o europeia. A atmosfera desse espa\u00e7o enorme e moderno \u00e9 realmente impressionante e, de repente, voc\u00ea percebe que a burocracia de Bruxelas tamb\u00e9m tem um endere\u00e7o f\u00edsico \ud83d\ude04.<\/p>\n\n\n\n<p class=\"wp-block-paragraph\">Planeje a visita ao parlamento com bastante anteced\u00eancia e <strong>conte que o passeio todo leva mais ou menos duas a tr\u00eas horas<\/strong>, incluindo a verifica\u00e7\u00e3o de seguran\u00e7a bastante rigorosa na entrada. As visitas s\u00e3o feitas com guias multim\u00eddia em todas as l\u00ednguas oficiais da Uni\u00e3o Europeia, ent\u00e3o voc\u00ea pode ouvir todas as informa\u00e7\u00f5es confortavelmente.<\/p>\n\n\n\n<figure data-wp-context=\"{&quot;imageId&quot;:&quot;6a9c2dfa06666&quot;}\" data-wp-interactive=\"core\/image\" data-wp-key=\"6a9c2dfa06666\" class=\"wp-block-image size-full wp-lightbox-container\"><img decoding=\"async\" width=\"1440\" height=\"1080\" data-wp-class--hide=\"state.isContentHidden\" data-wp-class--show=\"state.isContentVisible\" data-wp-init=\"callbacks.setButtonStyles\" data-wp-on--click=\"actions.showLightbox\" data-wp-on--load=\"callbacks.setButtonStyles\" data-wp-on--pointerdown=\"actions.preloadImage\" data-wp-on--pointerenter=\"actions.preloadImageWithDelay\" data-wp-on--pointerleave=\"actions.cancelPreload\" data-wp-on-window--resize=\"callbacks.setButtonStyles\" src=\"https:\/\/loudavymkrokem.cz\/wp-content\/uploads\/2026\/09\/parlamentarium-simone-veil.jpg\" alt=\"Parlamentarium Simone Veil\" class=\"wp-image-413201\" title=\"\" srcset=\"https:\/\/loudavymkrokem.cz\/wp-content\/uploads\/2026\/09\/parlamentarium-simone-veil.jpg 1440w, https:\/\/loudavymkrokem.cz\/wp-content\/uploads\/2026\/09\/parlamentarium-simone-veil-300x225.jpg 300w, https:\/\/loudavymkrokem.cz\/wp-content\/uploads\/2026\/09\/parlamentarium-simone-veil-700x525.jpg 700w, https:\/\/loudavymkrokem.cz\/wp-content\/uploads\/2026\/09\/parlamentarium-simone-veil-768x576.jpg 768w, https:\/\/loudavymkrokem.cz\/wp-content\/uploads\/2026\/09\/parlamentarium-simone-veil-80x60.jpg 80w, https:\/\/loudavymkrokem.cz\/wp-content\/uploads\/2026\/09\/parlamentarium-simone-veil-160x120.jpg 160w, https:\/\/loudavymkrokem.cz\/wp-content\/uploads\/2026\/09\/parlamentarium-simone-veil-696x522.jpg 696w, https:\/\/loudavymkrokem.cz\/wp-content\/uploads\/2026\/09\/parlamentarium-simone-veil-1392x1044.jpg 1392w\" sizes=\"(max-width: 1440px) 100vw, 1440px\" \/><button\n\t\t\tclass=\"lightbox-trigger\"\n\t\t\ttype=\"button\"\n\t\t\taria-haspopup=\"dialog\"\n\t\t\tdata-wp-bind--aria-label=\"state.thisImage.triggerButtonAriaLabel\"\n\t\t\tdata-wp-init=\"callbacks.initTriggerButton\"\n\t\t\tdata-wp-on--click=\"actions.showLightbox\"\n\t\t\tdata-wp-style--right=\"state.thisImage.buttonRight\"\n\t\t\tdata-wp-style--top=\"state.thisImage.buttonTop\"\n\t\t>\n\t\t\t<svg xmlns=\"http:\/\/www.w3.org\/2000\/svg\" width=\"12\" height=\"12\" fill=\"none\" viewBox=\"0 0 12 12\">\n\t\t\t\t<path fill=\"#fff\" d=\"M2 0a2 2 0 0 0-2 2v2h1.5V2a.5.5 0 0 1 .5-.5h2V0H2Zm2 10.5H2a.5.5 0 0 1-.5-.5V8H0v2a2 2 0 0 0 2 2h2v-1.5ZM8 12v-1.5h2a.5.5 0 0 0 .5-.5V8H12v2a2 2 0 0 1-2 2H8Zm2-12a2 2 0 0 1 2 2v2h-1.5V2a.5.5 0 0 0-.5-.5H8V0h2Z\" \/>\n\t\t\t<\/svg>\n\t\t<\/button><figcaption class=\"wp-element-caption\">Foto: Bianca K. \/ Google Maps<\/figcaption><\/figure>\n\n\n\n<h3 class=\"wp-block-heading\"><span class=\"ez-toc-section\" id=\"9_Parlamentarium_Simone_Veil\"><\/span>9. Parlamentarium Simone Veil<span class=\"ez-toc-section-end\"><\/span><\/h3>\n\n\n\n<p class=\"wp-block-paragraph\">Faz parte do amplo complexo do Parlamento Europeu tamb\u00e9m o espa\u00e7o para visitantes recentemente inaugurado, chamado <a href=\"https:\/\/visiting.europarl.europa.eu\/cs\/visitor-offer\/strasbourg\/parlamentarium-simone-veil\" target=\"_blank\" rel=\"nofollow noopener\">Parlamentarium Simone Veil<\/a>. O centro foi projetado para fazer a integra\u00e7\u00e3o europeia soar empolgante e, surpreendentemente, eles conseguem. \u00c9 um \u00f3timo lugar n\u00e3o s\u00f3 para adultos, mas tamb\u00e9m para crian\u00e7as mais velhas e curiosas.<\/p>\n\n\n\n<p class=\"wp-block-paragraph\">A principal atra\u00e7\u00e3o do centro \u00e9, sem d\u00favida, a <strong>grandiosa sala de proje\u00e7\u00e3o 360\u00b0<\/strong>, onde passa um filme din\u00e2mico sobre o funcionamento do Parlamento Europeu que faz voc\u00ea se sentir visualmente bem no centro dos acontecimentos. H\u00e1 tamb\u00e9m v\u00e1rios m\u00f3dulos interativos e telas sens\u00edveis ao toque, atrav\u00e9s das quais voc\u00ea descobre facilmente que decis\u00f5es foram tomadas no passado justamente para a sua regi\u00e3o.<\/p>\n\n\n\n<p class=\"wp-block-paragraph\">Para grupos organizados maiores, o centro oferece ainda um <strong>jogo especial de interpreta\u00e7\u00e3o de pap\u00e9is<\/strong>, no qual os participantes experimentam na pele como \u00e9 ser um verdadeiro deputado e negociar arduamente novas leis. A parada nesse centro complementa perfeitamente a visita ao pr\u00f3prio plen\u00e1rio e a entrada aqui tamb\u00e9m \u00e9 gratuita para todos.<\/p>\n\n\n\n<figure data-wp-context=\"{&quot;imageId&quot;:&quot;6a9c2dfa070dc&quot;}\" data-wp-interactive=\"core\/image\" data-wp-key=\"6a9c2dfa070dc\" class=\"wp-block-image size-full wp-lightbox-container\"><img decoding=\"async\" width=\"1600\" height=\"1200\" data-wp-class--hide=\"state.isContentHidden\" data-wp-class--show=\"state.isContentVisible\" data-wp-init=\"callbacks.setButtonStyles\" data-wp-on--click=\"actions.showLightbox\" data-wp-on--load=\"callbacks.setButtonStyles\" data-wp-on--pointerdown=\"actions.preloadImage\" data-wp-on--pointerenter=\"actions.preloadImageWithDelay\" data-wp-on--pointerleave=\"actions.cancelPreload\" data-wp-on-window--resize=\"callbacks.setButtonStyles\" src=\"https:\/\/loudavymkrokem.cz\/wp-content\/uploads\/2026\/09\/rada-evropy.jpg\" alt=\"Conselho da Europa e o bairro das institui\u00e7\u00f5es\" class=\"wp-image-413204\" title=\"\" srcset=\"https:\/\/loudavymkrokem.cz\/wp-content\/uploads\/2026\/09\/rada-evropy.jpg 1600w, https:\/\/loudavymkrokem.cz\/wp-content\/uploads\/2026\/09\/rada-evropy-300x225.jpg 300w, https:\/\/loudavymkrokem.cz\/wp-content\/uploads\/2026\/09\/rada-evropy-700x525.jpg 700w, https:\/\/loudavymkrokem.cz\/wp-content\/uploads\/2026\/09\/rada-evropy-768x576.jpg 768w, https:\/\/loudavymkrokem.cz\/wp-content\/uploads\/2026\/09\/rada-evropy-1536x1152.jpg 1536w, https:\/\/loudavymkrokem.cz\/wp-content\/uploads\/2026\/09\/rada-evropy-80x60.jpg 80w, https:\/\/loudavymkrokem.cz\/wp-content\/uploads\/2026\/09\/rada-evropy-160x120.jpg 160w, https:\/\/loudavymkrokem.cz\/wp-content\/uploads\/2026\/09\/rada-evropy-696x522.jpg 696w, https:\/\/loudavymkrokem.cz\/wp-content\/uploads\/2026\/09\/rada-evropy-1392x1044.jpg 1392w\" sizes=\"(max-width: 1600px) 100vw, 1600px\" \/><button\n\t\t\tclass=\"lightbox-trigger\"\n\t\t\ttype=\"button\"\n\t\t\taria-haspopup=\"dialog\"\n\t\t\tdata-wp-bind--aria-label=\"state.thisImage.triggerButtonAriaLabel\"\n\t\t\tdata-wp-init=\"callbacks.initTriggerButton\"\n\t\t\tdata-wp-on--click=\"actions.showLightbox\"\n\t\t\tdata-wp-style--right=\"state.thisImage.buttonRight\"\n\t\t\tdata-wp-style--top=\"state.thisImage.buttonTop\"\n\t\t>\n\t\t\t<svg xmlns=\"http:\/\/www.w3.org\/2000\/svg\" width=\"12\" height=\"12\" fill=\"none\" viewBox=\"0 0 12 12\">\n\t\t\t\t<path fill=\"#fff\" d=\"M2 0a2 2 0 0 0-2 2v2h1.5V2a.5.5 0 0 1 .5-.5h2V0H2Zm2 10.5H2a.5.5 0 0 1-.5-.5V8H0v2a2 2 0 0 0 2 2h2v-1.5ZM8 12v-1.5h2a.5.5 0 0 0 .5-.5V8H12v2a2 2 0 0 1-2 2H8Zm2-12a2 2 0 0 1 2 2v2h-1.5V2a.5.5 0 0 0-.5-.5H8V0h2Z\" \/>\n\t\t\t<\/svg>\n\t\t<\/button><figcaption class=\"wp-element-caption\">Foto: Anton Nyberg \/ Google Maps<\/figcaption><\/figure>\n\n\n\n<!-- LKM_GYG_CARD start q=\"strasbourg\" lang=\"pt-br\" rendered=\"2026-09-05T13:31:47+00:00\" v=\"1\" -->\n<style id=\"lk-gyg-styles\">\n@import url(\"https:\/\/fonts.googleapis.com\/css2?family=Playfair+Display:wght@700&family=DM+Sans:wght@300;400;500;600&display=swap\");\n\/* === LK GYG karty \u2014 CRO redesign 2026-05 (namespace .lkx-) ===\n   C\u00edl: vy\u0161\u0161\u00ed CTR (hero + v\u00fdrazn\u00fd social proof + ak\u010dn\u00ed CTA, m\u00e9n\u011b \"reklamn\u00ed\").\n   Injektuje se inline do prvn\u00edho markeru postu (refresh_cards.py --inline-css). *\/\n.lkx-module, .lkx-module *{box-sizing:border-box;margin:0;padding:0}\n.lkx-module{\n  font-family:'DM Sans',-apple-system,Segoe UI,Roboto,Georgia,sans-serif;\n  max-width:860px;margin:2.5rem auto;color:#1f2328;\n}\n\n\/* HEADER \u2014 lehk\u00fd editorsk\u00fd, \u017e\u00e1dn\u00fd bannerov\u00fd blok; nadpis + popisek pod n\u00edm *\/\n.lkx-head{margin-bottom:16px}\n.lkx-head-main{display:flex;align-items:center;gap:10px}\n.lkx-head-accent{width:26px;height:3px;border-radius:2px;background:#c39f76;flex-shrink:0}\n.lkx-head-title{font-family:'Playfair Display',Georgia,serif;font-size:21px;font-weight:700;color:#1a1a1a;line-height:1.25}\n.lkx-head-meta{display:block;font-size:11px;letter-spacing:.3px;color:#9aa0a6;margin-top:4px;margin-left:36px}\n\n\/* HERO *\/\n.lkx-hero{display:grid;grid-template-columns:300px 1fr;background:#fff;border:1px solid #ece7df;border-radius:14px;overflow:hidden;text-decoration:none!important;color:inherit;box-shadow:0 6px 20px rgba(0,0,0,.06);transition:box-shadow .2s,transform .2s;margin-bottom:14px}\n.lkx-hero:hover{box-shadow:0 12px 30px rgba(0,0,0,.12);transform:translateY(-2px)}\n.lkx-hero-img{position:relative;min-height:230px;background-size:cover;background-position:center;background-color:#eee}\n.lkx-hero-body{padding:22px 24px;display:flex;flex-direction:column}\n.lkx-pick{position:absolute;top:12px;left:12px;background:#1a1a1a;color:#fff;font-size:11px;font-weight:700;letter-spacing:.5px;padding:5px 11px;border-radius:20px}\n\n\/* TITLE *\/\n.lkx-title{font-size:19px;font-weight:700;color:#161616;line-height:1.3}\n.lkx-title-sm{font-size:14.5px;line-height:1.35;display:-webkit-box;-webkit-line-clamp:2;-webkit-box-orient:vertical;overflow:hidden}\n\n\/* SOCIAL PROOF \u2014 v\u00fdrazn\u011b, naho\u0159e *\/\n.lkx-proof{display:flex;align-items:center;gap:7px;margin-top:12px;font-size:15px;color:#3a3a3a}\n.lkx-proof b{font-size:16px;color:#161616}\n.lkx-stars{color:#f5a623;letter-spacing:1px}\n.lkx-proof-sm{font-size:12.5px;margin-top:8px;gap:5px}\n.lkx-proof-sm b{font-size:13px}\n.lkx-proof-new{color:#3685fc;font-weight:600}\n\n\/* PRICE \u2014 n\u00edzk\u00e1 kotva *\/\n.lkx-price{font-size:14px;color:#6b7280}\n.lkx-price b{font-size:20px;color:#161616;font-weight:700}\n.lkx-price-sm b{font-size:15px}\n\n\/* CTA \u2014 tepl\u00e9 ak\u010dn\u00ed tla\u010d\u00edtko *\/\n.lkx-cta{display:inline-flex;align-items:center;justify-content:center;text-decoration:none!important;font-weight:700;color:#fff!important;background:linear-gradient(135deg,#f6743f,#e8552a);border-radius:10px;box-shadow:0 6px 16px rgba(232,85,42,.32);transition:box-shadow .2s}\n.lkx-cta-hero{font-size:15px;padding:13px 22px}\n.lkx-hero:hover .lkx-cta-hero{box-shadow:0 8px 22px rgba(232,85,42,.45)}\n.lkx-cta-sm{font-size:12.5px;padding:9px 14px;width:100%;margin-top:2px}\n.lkx-hero-bottom{margin-top:auto;padding-top:18px;display:flex;align-items:center;justify-content:space-between;gap:14px;flex-wrap:wrap}\n\n\/* BADGE \u2014 jeden v\u00fdrazn\u00fd na fotce *\/\n.lkx-badge{position:absolute;top:12px;right:12px;font-size:10.5px;font-weight:700;letter-spacing:.3px;padding:5px 10px;border-radius:16px;color:#fff}\n.lkx-badge.badge-urgency{background:rgba(214,40,40,.92)}\n.lkx-badge.badge-new{background:rgba(54,133,252,.92)}\n.lkx-badge.badge-top{background:rgba(195,159,118,.95)}\n.lkx-badge.badge-info{background:rgba(40,40,40,.78)}\n\n\/* SECONDARY GRID *\/\n.lkx-grid{display:grid;grid-template-columns:1fr 1fr;gap:14px}\n.lkx-card{background:#fff;border:1px solid #ece7df;border-radius:14px;overflow:hidden;text-decoration:none!important;color:inherit;box-shadow:0 4px 14px rgba(0,0,0,.05);display:flex;flex-direction:column;transition:box-shadow .2s,transform .2s}\n.lkx-card:hover{box-shadow:0 10px 24px rgba(0,0,0,.1);transform:translateY(-2px)}\n.lkx-card-img{position:relative;aspect-ratio:16\/10;background-size:cover;background-position:center;background-color:#eee}\n.lkx-card-body{padding:14px 16px 16px;display:flex;flex-direction:column;gap:7px;flex:1}\n.lkx-card-bottom{margin-top:auto;padding-top:10px;display:flex;align-items:center;justify-content:space-between;gap:8px}\n\n\/* DISCLOSURE \u2014 drobn\u00e1, kv\u016fli d\u016fv\u011b\u0159e\/z\u00e1konu *\/\n.lkx-disclosure{font-size:11px;color:#a7adb3;text-align:center;margin-top:14px;line-height:1.6}\n.lkx-disclosure a{color:#c39f76;text-decoration:none}\n\n@media(max-width:680px){\n  .lkx-hero{grid-template-columns:1fr}\n  .lkx-hero-img{min-height:180px}\n  .lkx-grid{grid-template-columns:1fr}\n  .lkx-head-meta{margin-left:0;width:100%}\n  .lkx-head-title{font-size:19px}\n}\n\n<\/style>\n<div class=\"lkx-module\" data-query=\"strasbourg\">\n  <div class=\"lkx-head\">\n    <div class=\"lkx-head-main\">\n      <span class=\"lkx-head-accent\"><\/span>\n      <span class=\"lkx-head-title\">Experi\u00eancias e ingressos<\/span>\n    <\/div>\n    <span class=\"lkx-head-meta\">avaliado por viajantes \u00b7 GetYourGuide<\/span>\n  <\/div><a class=\"lkx-hero\" href=\"https:\/\/www.getyourguide.com\/pt-br\/estrasburgo-l293\/a-partir-de-estrasburgo-viagem-de-1-dia-pela-alsacia-t272217\/?partner_id=MKZ64IS&amp;utm_medium=online_publisher&amp;cmp=estrasburgo-franca-o-que-ver\" target=\"_blank\" rel=\"sponsored noopener nofollow\">\n    <div class=\"lkx-hero-img\" style=\"background-image:url('https:\/\/cdn.getyourguide.com\/img\/tour\/5d236ff3a9fe3.jpeg\/132.jpg')\" role=\"img\" aria-label=\"De Estrasburgo: Viagem de 1 dia pelo melhor da Als\u00e1cia\">\n      <span class=\"lkx-pick\">\u2605 Nossa escolha<\/span><\/div>\n    <div class=\"lkx-hero-body\">\n      <div class=\"lkx-title\">De Estrasburgo: Viagem de 1 dia pelo melhor da Als\u00e1cia<\/div>\n      <div class=\"lkx-proof\">\n      <span class=\"lkx-stars\">\u2605\u2605\u2605\u2605\u2605<\/span>\n      <b>4.8<\/b> \u00b7 792 avalia\u00e7\u00f5es\n    <\/div>\n      <div class=\"lkx-hero-bottom\"><div class=\"lkx-price\">a partir de <b>\u20ac\u00a0125<\/b><\/div><span class=\"lkx-cta lkx-cta-hero\">Quero viver isso \u2192<\/span>\n      <\/div>\n    <\/div>\n  <\/a><div class=\"lkx-grid\"><a class=\"lkx-card\" href=\"https:\/\/www.getyourguide.com\/pt-br\/estrasburgo-l293\/de-estrasburgo-viagem-de-1-dia-pela-rota-do-vinho-do-alto-reno-t266597\/?partner_id=MKZ64IS&amp;utm_medium=online_publisher&amp;cmp=estrasburgo-franca-o-que-ver\" target=\"_blank\" rel=\"sponsored noopener nofollow\">\n      <div class=\"lkx-card-img\" style=\"background-image:url('https:\/\/cdn.getyourguide.com\/img\/tour\/5d98c3c1cfc3c.jpeg\/132.jpg')\" role=\"img\" aria-label=\"De Estrasburgo: Viagem de 1 dia a aldeias medievais e provas de vinho\"><\/div>\n      <div class=\"lkx-card-body\">\n        <div class=\"lkx-title lkx-title-sm\">De Estrasburgo: Viagem de 1 dia a aldeias medievais e provas de vinho<\/div>\n        <div class=\"lkx-proof lkx-proof-sm\">\n      <span class=\"lkx-stars\">\u2605<\/span>\n      <b>4.9<\/b> \u00b7 380\n    <\/div>\n        <div class=\"lkx-card-bottom\"><span class=\"lkx-price lkx-price-sm\">a partir de <b>\u20ac\u00a0125<\/b><\/span><span class=\"lkx-cta lkx-cta-sm\">Ver datas \u2192<\/span>\n        <\/div>\n      <\/div>\n    <\/a><a class=\"lkx-card\" href=\"https:\/\/www.getyourguide.com\/pt-br\/estrasburgo-l293\/de-estrasburgo-viagem-de-um-dia-a-colmar-riquewihr-e-eguisheim-t718819\/?partner_id=MKZ64IS&amp;utm_medium=online_publisher&amp;cmp=estrasburgo-franca-o-que-ver\" target=\"_blank\" rel=\"sponsored noopener nofollow\">\n      <div class=\"lkx-card-img\" style=\"background-image:url('https:\/\/cdn.getyourguide.com\/img\/tour\/2acb84d90caffdd4c76d11b9ba0e2058125cfc0b8e65c6329259dff6a7cc98ae.jpg\/132.jpg')\" role=\"img\" aria-label=\"Estrasburgo: Passeio de um dia inteiro a Colmar, Riquewihr e Castelo de Haut-Koenigsbourg\"><\/div>\n      <div class=\"lkx-card-body\">\n        <div class=\"lkx-title lkx-title-sm\">Estrasburgo: Passeio de um dia inteiro a Colmar, Riquewihr e Castelo de Haut-Koenigsbourg<\/div>\n        <div class=\"lkx-proof lkx-proof-sm\">\n      <span class=\"lkx-stars\">\u2605<\/span>\n      <b>4.4<\/b> \u00b7 158\n    <\/div>\n        <div class=\"lkx-card-bottom\"><span class=\"lkx-price lkx-price-sm\">a partir de <b>\u20ac\u00a0120<\/b><\/span><span class=\"lkx-cta lkx-cta-sm\">Ver datas \u2192<\/span>\n        <\/div>\n      <\/div>\n    <\/a><\/div><div class=\"lkx-disclosure\">\ud83d\udd17 Links de afiliados \u2014 n\u00e3o mudam seu pre\u00e7o e nos ajudam a criar conte\u00fado. \u00b7 <a href=\"https:\/\/www.getyourguide.com\/pt-br\/s\/?q=strasbourg&amp;partner_id=MKZ64IS&amp;utm_medium=online_publisher\" target=\"_blank\" rel=\"sponsored noopener nofollow\">Todas as experi\u00eancias \u2192<\/a><\/div>\n<\/div>\n<!-- LKM_GYG_CARD end -->\n\n\n\n\n<div class=\"lk-stays-module\">\n<style>\n\/* \u2500\u2500\u2500 RESET PRO GUTENBERG \u2500\u2500\u2500 *\/\n.lk-stays-module * { box-sizing: border-box; margin: 0; padding: 0; }\n\n\/* \u2500\u2500\u2500 WRAPPER \u2500\u2500\u2500 *\/\n.lk-stays-module {\n  font-family: 'DM Sans', Georgia, sans-serif;\n  max-width: 100%;\n  margin: 2.5rem auto;\n  background: linear-gradient(135deg, #fdfaf5 0%, #fcf8f0 100%);\n  border: 1px solid #e8dfd4;\n  border-radius: 16px;\n  overflow: hidden;\n  box-shadow: 0 16px 48px rgba(195, 159, 118, 0.25), 0 4px 12px rgba(0,0,0,0.08);\n}\n\n\/* \u2500\u2500\u2500 HEADER \u2500\u2500\u2500 *\/\n.lk-stays-header {\n  position: relative;\n  padding: 24px 36px 24px;\n  background: linear-gradient(135deg, #c39f76 0%, #d4b188 60%, #c39f76 100%);\n  border-bottom: 1px solid rgba(255,255,255,.15);\n  display: flex;\n  align-items: center;\n  gap: 18px;\n}\n.lk-stays-header::before {\n  content: '';\n  position: absolute;\n  inset: 0;\n  background: url(\"data:image\/svg+xml,%3Csvg width='60' height='60' viewBox='0 0 60 60' xmlns='http:\/\/www.w3.org\/2000\/svg'%3E%3Cg fill='none' fill-rule='evenodd'%3E%3Cg fill='%23ffffff' fill-opacity='0.05'%3E%3Cpath d='M36 34v-4h-2v4h-4v2h4v4h2v-4h4v-2h-4zm0-30V0h-2v4h-4v2h4v4h2V6h4V4h-4zM6 34v-4H4v4H0v2h4v4h2v-4h4v-2H6zM6 4V0H4v4H0v2h4v4h2V6h4V4H6z'\/%3E%3C\/g%3E%3C\/g%3E%3C\/svg%3E\") repeat;\n  pointer-events: none;\n}\n.lk-stays-icon {\n  flex-shrink: 0;\n  width: 68px;\n  height: 68px;\n  border-radius: 14px;\n  background: linear-gradient(135deg, #fff 0%, #f9f6f0 100%);\n  display: flex;\n  align-items: center;\n  justify-content: center;\n  font-size: 26px;\n  box-shadow: 0 4px 12px rgba(0,0,0,0.15);\n}\n.lk-stays-eyebrow {\n  font-size: 10px;\n  font-weight: 500;\n  letter-spacing: 2.5px;\n  text-transform: uppercase;\n  color: rgba(255,255,255,.85);\n  margin: 0 0 5px 0;\n}\n.lk-stays-title {\n  font-family: 'Playfair Display', Georgia, serif;\n  font-size: 24px;\n  font-weight: 700;\n  color: #fff;\n  line-height: 1.2;\n  text-shadow: 0 1px 2px rgba(0,0,0,0.1);\n  margin: 0;\n}\n.lk-stays-subtitle {\n  font-size: 13px;\n  color: rgba(255,255,255,.75);\n  margin: 4px 0 0 0;\n  font-weight: 300;\n}\n\n\/* \u2500\u2500\u2500 CARDS GRID \u2500\u2500\u2500 *\/\n.lk-stays-grid {\n  display: grid;\n  grid-template-columns: 1fr 1fr;\n  gap: 1px;\n  background: rgba(195, 159, 118, 0.12);\n}\n\n\/* \u2500\u2500\u2500 SINGLE CARD \u2500\u2500\u2500 *\/\n.lk-stay-card {\n  background: #ffffff;\n  padding: 26px;\n  display: flex;\n  flex-direction: column;\n  gap: 11px;\n  transition: all 0.3s ease;\n  text-decoration: none;\n  color: inherit;\n  position: relative;\n}\n.lk-stay-card:hover {\n  background: #fffbf5;\n  transform: translateY(-2px);\n  box-shadow: 0 8px 24px rgba(195, 159, 118, 0.18);\n  z-index: 1;\n}\n.lk-stay-card.featured {\n  background: linear-gradient(135deg, #fffdf9 0%, #fff9f0 100%);\n  box-shadow: 0 4px 16px rgba(195, 159, 118, 0.15), inset 0 1px 0 rgba(195, 159, 118, 0.1);\n}\n.lk-stay-card.featured:hover {\n  background: linear-gradient(135deg, #fffbf5 0%, #fff8ed 100%);\n  box-shadow: 0 8px 24px rgba(195, 159, 118, 0.25), inset 0 1px 0 rgba(195, 159, 118, 0.15);\n}\n\n.lk-stay-badge {\n  display: inline-flex;\n  align-items: center;\n  gap: 5px;\n  font-size: 10px;\n  font-weight: 500;\n  letter-spacing: 1.5px;\n  text-transform: uppercase;\n  padding: 5px 11px;\n  border-radius: 20px;\n  width: fit-content;\n}\n.badge-top     { background: linear-gradient(135deg, #c39f76 0%, #d4b188 100%); color: #fff; border: 1px solid #c39f76; font-weight: 600; box-shadow: 0 2px 8px rgba(195,159,118,0.3); }\n.badge-luxury  { background: rgba(195,159,118,.12); color: #c39f76; border: 1px solid rgba(195,159,118,.25); }\n.badge-boutique{ background: rgba(54,133,252,.08); color: #3685fc; border: 1px solid rgba(54,133,252,.2); }\n.badge-nature  { background: rgba(130,190,100,.1); color: #6b9c4a; border: 1px solid rgba(130,190,100,.2); }\n.badge-remote  { background: rgba(195,159,118,.12); color: #a67e50; border: 1px solid rgba(195,159,118,.25); }\n\n.lk-stay-name {\n  font-family: 'Playfair Display', Georgia, serif;\n  font-size: 18px;\n  font-weight: 700;\n  color: #111827;\n  line-height: 1.3;\n}\n.lk-stay-desc {\n  font-size: 13.5px;\n  color: #525252;\n  line-height: 1.65;\n  font-weight: 300;\n  flex: 1;\n}\n\n.lk-stay-meta {\n  display: flex;\n  align-items: center;\n  gap: 12px;\n  flex-wrap: wrap;\n  margin-top: 4px;\n}\n.lk-stay-price {\n  font-size: 13px;\n  color: #6b7280;\n}\n.lk-stay-price strong {\n  color: #c39f76;\n  font-weight: 500;\n}\n.lk-stay-stars {\n  color: #c39f76;\n  font-size: 11px;\n  letter-spacing: 1px;\n}\n\n\/* \u2500\u2500\u2500 CTA BUTTON \u2500\u2500\u2500 *\/\n.lk-stay-cta {\n  display: inline-flex;\n  align-items: center;\n  justify-content: center;\n  gap: 7px;\n  margin-top: 8px;\n  padding: 11px 20px;\n  border-radius: 8px;\n  background: linear-gradient(135deg, #3685fc 0%, #2a6fd9 100%);\n  color: #fff;\n  font-size: 13px;\n  font-weight: 500;\n  text-decoration: none;\n  letter-spacing: .3px;\n  transition: all .2s ease;\n  cursor: pointer;\n  border: none;\n  text-align: center;\n  box-shadow: 0 4px 12px rgba(54, 133, 252, 0.25);\n}\n.lk-stay-cta:hover {\n  background: linear-gradient(135deg, #2a6fd9 0%, #1e5bc4 100%);\n  transform: translateY(-1px);\n  box-shadow: 0 6px 16px rgba(54, 133, 252, 0.35);\n}\n.lk-stay-cta svg { flex-shrink: 0; }\n\n\/* \u2500\u2500\u2500 FOOTER \u2500\u2500\u2500 *\/\n.lk-stays-footer {\n  padding: 18px 36px;\n  background: linear-gradient(to bottom, #fdfaf5 0%, #f9f4ed 100%);\n  border-top: 1px solid rgba(195, 159, 118, 0.15);\n  display: flex;\n  align-items: center;\n  justify-content: space-between;\n  flex-wrap: wrap;\n  gap: 12px;\n}\n.lk-stays-footer-note {\n  font-size: 11.5px;\n  color: #6b7280;\n  font-weight: 300;\n  line-height: 1.5;\n}\n.lk-stays-footer-note a {\n  color: #c39f76;\n  text-decoration: none;\n  font-weight: 400;\n}\n.lk-stays-footer-note a:hover {\n  text-decoration: underline;\n}\n.lk-stays-all-btn {\n  display: inline-flex;\n  align-items: center;\n  gap: 6px;\n  font-size: 12.5px;\n  font-weight: 500;\n  color: #c39f76;\n  text-decoration: none;\n  border: 1px solid rgba(195, 159, 118, 0.35);\n  padding: 8px 18px;\n  border-radius: 8px;\n  transition: all .2s ease;\n}\n.lk-stays-all-btn:hover {\n  background: rgba(195, 159, 118, 0.08);\n  border-color: rgba(195, 159, 118, 0.5);\n}\n\n\/* \u2500\u2500\u2500 RESPONSIVE \u2500\u2500\u2500 *\/\n@media (max-width: 600px) {\n  .lk-stays-grid { grid-template-columns: 1fr; }\n  .lk-stays-header { padding: 24px 20px; }\n  .lk-stays-footer { padding: 16px 20px; }\n  .lk-stay-card { padding: 22px; }\n  .lk-stays-title { font-size: 20px; }\n}\n<\/style>\n\n  <!-- HEADER -->\n  <div class=\"lk-stays-header\">\n    <img decoding=\"async\" src=\"https:\/\/loudavymkrokem.cz\/wp-content\/uploads\/2026\/02\/lukas-a-lucka.jpg\" alt=\"\" style=\"width: 75px; height: 75px; border-radius: 8px; flex-shrink: 0; object-fit: cover; display: block; margin: 4px 0;\" title=\"\">\n    <div class=\"lk-stays-header-text\">\n      <div class=\"lk-stays-eyebrow\">Luk\u00e1\u0161 e Lucie recomendam<\/div>\n      <div class=\"lk-stays-title\">Onde se hospedar em Estrasburgo<\/div>\n      <div class=\"lk-stays-subtitle\">4 acomoda\u00e7\u00f5es \u2014 hot\u00e9is e outras op\u00e7\u00f5es de hospedagem<\/div>\n    <\/div>\n  <\/div>\n\n  <!-- CARDS -->\n  <div class=\"lk-stays-grid\">\n\n    <a class=\"lk-stay-card featured\" href=\"https:\/\/www.stay22.com\/allez\/roam?aid=lukaskonecny&#038;campaign=loudavymkrokemcz&#038;campaign=pt-br&#038;campaign=covidetvestrasburku&#038;address=%C5%A0trasburk&#038;hotelname=H%C3%B4tel+Cour+du+Corbeau+Strasbourg+-+MGallery&#038;search=H%C3%B4tel+Cour+du+Corbeau+Strasbourg+-+MGallery&#038;category=accommodation\" target=\"_blank\" rel=\"nofollow noopener\">\n      <span class=\"lk-stay-badge badge-top\">\u2b50 MELHOR ESCOLHA<\/span>\n      <span class=\"lk-stay-badge badge-nature\">\ud83c\udfe8 Hotel<\/span>\n      <div class=\"lk-stay-name\">H\u00f4tel Cour du Corbeau Strasbourg &#8211; MGallery<\/div>\n      <div class=\"lk-stay-desc\">Joia arquitet\u00f4nica em uma casa hist\u00f3rica reformada do s\u00e9culo XVI com varandas de madeira, oferece uma atmosfera rom\u00e2ntica \u00e0 beira do canal.<\/div>\n      <div class=\"lk-stay-meta\">\n        <span class=\"lk-stay-stars\">\u2605\u2605\u2605\u2605<\/span>\n        <span class=\"lk-stay-price\">Verificar pre\u00e7os<\/span>\n      <\/div>\n      <span class=\"lk-stay-cta\">\n        <svg width=\"14\" height=\"14\" viewBox=\"0 0 24 24\" fill=\"none\" stroke=\"currentColor\" stroke-width=\"2\"><path d=\"M18 13v6a2 2 0 0 1-2 2H5a2 2 0 0 1-2-2V8a2 2 0 0 1 2-2h6\"\/><polyline points=\"15 3 21 3 21 9\"\/><line x1=\"10\" y1=\"14\" x2=\"21\" y2=\"3\"\/><\/svg>\n        Verificar disponibilidade\n      <\/span>\n    <\/a>\n\n    <a class=\"lk-stay-card\" href=\"https:\/\/www.stay22.com\/allez\/roam?aid=lukaskonecny&#038;campaign=loudavymkrokemcz&#038;campaign=pt-br&#038;campaign=covidetvestrasburku&#038;address=%C5%A0trasburk&#038;hotelname=H%C3%B4tel+L%C3%89ONOR+the+place+to+live&#038;search=H%C3%B4tel+L%C3%89ONOR+the+place+to+live&#038;category=accommodation\" target=\"_blank\" rel=\"nofollow noopener\">\n      <span class=\"lk-stay-badge badge-nature\">\ud83c\udfe8 Hotel<\/span>\n      <div class=\"lk-stay-name\">H\u00f4tel L\u00c9ONOR the place to live<\/div>\n      <div class=\"lk-stay-desc\">Design moderno em um edif\u00edcio hist\u00f3rico perto da Pra\u00e7a Broglie com um lindo p\u00e1tio interno para relaxar.<\/div>\n      <div class=\"lk-stay-meta\">\n        <span class=\"lk-stay-stars\">\u2605\u2605\u2605\u2605<\/span>\n        <span class=\"lk-stay-price\">Verificar pre\u00e7os<\/span>\n      <\/div>\n      <span class=\"lk-stay-cta\">\n        <svg width=\"14\" height=\"14\" viewBox=\"0 0 24 24\" fill=\"none\" stroke=\"currentColor\" stroke-width=\"2\"><path d=\"M18 13v6a2 2 0 0 1-2 2H5a2 2 0 0 1-2-2V8a2 2 0 0 1 2-2h6\"\/><polyline points=\"15 3 21 3 21 9\"\/><line x1=\"10\" y1=\"14\" x2=\"21\" y2=\"3\"\/><\/svg>\n        Verificar disponibilidade\n      <\/span>\n    <\/a>\n\n    <a class=\"lk-stay-card\" href=\"https:\/\/www.stay22.com\/allez\/roam?aid=lukaskonecny&#038;campaign=loudavymkrokemcz&#038;campaign=pt-br&#038;campaign=covidetvestrasburku&#038;address=%C5%A0trasburk&#038;hotelname=H%C3%B4tel+Gutenberg&#038;search=H%C3%B4tel+Gutenberg&#038;category=accommodation\" target=\"_blank\" rel=\"nofollow noopener\">\n      <span class=\"lk-stay-badge badge-nature\">\ud83c\udfe8 Hotel<\/span>\n      <div class=\"lk-stay-name\">H\u00f4tel Gutenberg<\/div>\n      <div class=\"lk-stay-desc\">Localiza\u00e7\u00e3o estrat\u00e9gica perto da principal zona de pedestres, quartos menores com excelente limpeza e camas confort\u00e1veis, equipe muito prestativa.<\/div>\n      <div class=\"lk-stay-meta\">\n        <span class=\"lk-stay-stars\">\u2605\u2605\u2605\u2605<\/span>\n        <span class=\"lk-stay-price\">Verificar pre\u00e7os<\/span>\n      <\/div>\n      <span class=\"lk-stay-cta\">\n        <svg width=\"14\" height=\"14\" viewBox=\"0 0 24 24\" fill=\"none\" stroke=\"currentColor\" stroke-width=\"2\"><path d=\"M18 13v6a2 2 0 0 1-2 2H5a2 2 0 0 1-2-2V8a2 2 0 0 1 2-2h6\"\/><polyline points=\"15 3 21 3 21 9\"\/><line x1=\"10\" y1=\"14\" x2=\"21\" y2=\"3\"\/><\/svg>\n        Verificar disponibilidade\n      <\/span>\n    <\/a>\n\n    <a class=\"lk-stay-card\" href=\"https:\/\/www.stay22.com\/allez\/roam?aid=lukaskonecny&#038;campaign=loudavymkrokemcz&#038;campaign=pt-br&#038;campaign=covidetvestrasburku&#038;address=\u0161trasburk\" target=\"_blank\" rel=\"nofollow noopener\">\n      <span class=\"lk-stay-badge badge-nature\">\ud83d\udd0d Buscar<\/span>\n      <div class=\"lk-stay-name\">Ver todas as acomoda\u00e7\u00f5es em Estrasburgo<\/div>\n      <div class=\"lk-stay-desc\">Explore todas as op\u00e7\u00f5es de hospedagem dispon\u00edveis em Estrasburgo e encontre a melhor de acordo com suas prefer\u00eancias e or\u00e7amento.<\/div>\n      <div class=\"lk-stay-meta\">\n        <span class=\"lk-stay-stars\">\u2605\u2605\u2605\u2605<\/span>\n        <span class=\"lk-stay-price\">Comparar pre\u00e7os<\/span>\n      <\/div>\n      <span class=\"lk-stay-cta\">\n        <svg width=\"14\" height=\"14\" viewBox=\"0 0 24 24\" fill=\"none\" stroke=\"currentColor\" stroke-width=\"2\"><path d=\"M18 13v6a2 2 0 0 1-2 2H5a2 2 0 0 1-2-2V8a2 2 0 0 1 2-2h6\"\/><polyline points=\"15 3 21 3 21 9\"\/><line x1=\"10\" y1=\"14\" x2=\"21\" y2=\"3\"\/><\/svg>\n        Verificar disponibilidade\n      <\/span>\n    <\/a>\n\n  <\/div>\n\n  \n<\/div>\n\n\n\n\n<h3 class=\"wp-block-heading\"><span class=\"ez-toc-section\" id=\"10_Conselho_da_Europa_e_o_bairro_das_instituicoes\"><\/span>10. Conselho da Europa e o bairro das institui\u00e7\u00f5es<span class=\"ez-toc-section-end\"><\/span><\/h3>\n\n\n\n<p class=\"wp-block-paragraph\">O Parlamento Europeu definitivamente n\u00e3o \u00e9 a \u00fanica institui\u00e7\u00e3o importante desta cidade. Bem na vizinhan\u00e7a fica o <strong>imponente pr\u00e9dio do Conselho da Europa e tamb\u00e9m o famoso Tribunal Europeu dos Direitos Humanos<\/strong>. Todo esse bairro moderno, que se estende ao redor da tranquila conflu\u00eancia dos rios Ill e Marne, \u00e9 arquitetonicamente muito interessante, e um simples passeio entre esses pal\u00e1cios de vidro te deixa bem inspirado.<\/p>\n\n\n\n<p class=\"wp-block-paragraph\">O pr\u00e9dio do Tribunal Europeu dos Direitos Humanos, projetado pelo c\u00e9lebre arquiteto Richard Rogers, <strong>lembra, com suas formas ousadas, dois enormes navios de a\u00e7o na margem do rio<\/strong> e est\u00e1 entre as constru\u00e7\u00f5es modernas mais not\u00e1veis de toda a Fran\u00e7a. As visitas a essas institui\u00e7\u00f5es espec\u00edficas para pessoas individuais s\u00e3o mais complicadas e muitas vezes exigem uma aprova\u00e7\u00e3o pr\u00e9via demorada, mas s\u00f3 de ver o pr\u00e9dio por fora e passear pelas amplas promenadas dos arredores j\u00e1 vale a pena.<\/p>\n\n\n\n<p class=\"wp-block-paragraph\">Toda essa \u00e1rea administrativa \u00e9, surpreendentemente, muito cercada de verde e de canais, ent\u00e3o o <strong>contraste entre a arquitetura moderna e rigorosa e a natureza tranquila \u00e9 bem forte por aqui<\/strong>. \u00c9 um \u00f3timo lugar para um passeio de tarde, quando voc\u00ea quer descansar um pouco das ruelas hist\u00f3ricas \u00e0s vezes agitadas do centro.<\/p>\n\n\n\n<figure data-wp-context=\"{&quot;imageId&quot;:&quot;6a9c2dfa07941&quot;}\" data-wp-interactive=\"core\/image\" data-wp-key=\"6a9c2dfa07941\" class=\"wp-block-image size-full wp-lightbox-container\"><img decoding=\"async\" width=\"1600\" height=\"2400\" data-wp-class--hide=\"state.isContentHidden\" data-wp-class--show=\"state.isContentVisible\" data-wp-init=\"callbacks.setButtonStyles\" data-wp-on--click=\"actions.showLightbox\" data-wp-on--load=\"callbacks.setButtonStyles\" data-wp-on--pointerdown=\"actions.preloadImage\" data-wp-on--pointerenter=\"actions.preloadImageWithDelay\" data-wp-on--pointerleave=\"actions.cancelPreload\" data-wp-on-window--resize=\"callbacks.setButtonStyles\" src=\"https:\/\/loudavymkrokem.cz\/wp-content\/uploads\/2026\/09\/grande-le.jpg\" alt=\"Grande \u00cele (Primeiro bairro tombado pela UNESCO)\" class=\"wp-image-413208\" title=\"\" srcset=\"https:\/\/loudavymkrokem.cz\/wp-content\/uploads\/2026\/09\/grande-le.jpg 1600w, https:\/\/loudavymkrokem.cz\/wp-content\/uploads\/2026\/09\/grande-le-200x300.jpg 200w, https:\/\/loudavymkrokem.cz\/wp-content\/uploads\/2026\/09\/grande-le-700x1050.jpg 700w, https:\/\/loudavymkrokem.cz\/wp-content\/uploads\/2026\/09\/grande-le-768x1152.jpg 768w, https:\/\/loudavymkrokem.cz\/wp-content\/uploads\/2026\/09\/grande-le-1024x1536.jpg 1024w, https:\/\/loudavymkrokem.cz\/wp-content\/uploads\/2026\/09\/grande-le-1365x2048.jpg 1365w, https:\/\/loudavymkrokem.cz\/wp-content\/uploads\/2026\/09\/grande-le-696x1044.jpg 696w, https:\/\/loudavymkrokem.cz\/wp-content\/uploads\/2026\/09\/grande-le-1392x2088.jpg 1392w\" sizes=\"(max-width: 1600px) 100vw, 1600px\" \/><button\n\t\t\tclass=\"lightbox-trigger\"\n\t\t\ttype=\"button\"\n\t\t\taria-haspopup=\"dialog\"\n\t\t\tdata-wp-bind--aria-label=\"state.thisImage.triggerButtonAriaLabel\"\n\t\t\tdata-wp-init=\"callbacks.initTriggerButton\"\n\t\t\tdata-wp-on--click=\"actions.showLightbox\"\n\t\t\tdata-wp-style--right=\"state.thisImage.buttonRight\"\n\t\t\tdata-wp-style--top=\"state.thisImage.buttonTop\"\n\t\t>\n\t\t\t<svg xmlns=\"http:\/\/www.w3.org\/2000\/svg\" width=\"12\" height=\"12\" fill=\"none\" viewBox=\"0 0 12 12\">\n\t\t\t\t<path fill=\"#fff\" d=\"M2 0a2 2 0 0 0-2 2v2h1.5V2a.5.5 0 0 1 .5-.5h2V0H2Zm2 10.5H2a.5.5 0 0 1-.5-.5V8H0v2a2 2 0 0 0 2 2h2v-1.5ZM8 12v-1.5h2a.5.5 0 0 0 .5-.5V8H12v2a2 2 0 0 1-2 2H8Zm2-12a2 2 0 0 1 2 2v2h-1.5V2a.5.5 0 0 0-.5-.5H8V0h2Z\" \/>\n\t\t\t<\/svg>\n\t\t<\/button><figcaption class=\"wp-element-caption\">Foto: Alberto Belli \/ Google Maps<\/figcaption><\/figure>\n\n\n\n<h3 class=\"wp-block-heading\"><span class=\"ez-toc-section\" id=\"11_Grande_Ile_Primeiro_bairro_tombado_pela_UNESCO\"><\/span>11. Grande \u00cele (Primeiro bairro tombado pela UNESCO)<span class=\"ez-toc-section-end\"><\/span><\/h3>\n\n\n\n<p class=\"wp-block-paragraph\">O n\u00facleo hist\u00f3rico de Estrasburgo se estende sobre a linda ilha Grande \u00cele, contornada pregui\u00e7osamente por dois bra\u00e7os do rio Ill. Essa ilha \u00e9 uma raridade absoluta no mundo, porque <strong>em 1988 foi inscrita na lista de Patrim\u00f4nio Mundial da UNESCO como o primeiro bairro urbano inteiro<\/strong> da hist\u00f3ria. N\u00e3o \u00e9 de admirar, j\u00e1 que a concentra\u00e7\u00e3o de belos monumentos hist\u00f3ricos num espa\u00e7o t\u00e3o pequeno \u00e9 realmente excepcional.<\/p>\n\n\n\n<p class=\"wp-block-paragraph\">Num passeio tranquilo pela ilha, voc\u00ea vai encontrar uma amostra perfeita de como a cidade evoluiu de forma fluida da Idade M\u00e9dia, passando pelo Renascimento, at\u00e9 o elegante classicismo. <strong>Casas com telhados incomumente altos e \u00edngremes e um monte de mansardas, que originalmente serviam para secar peles de animais e armazenar gr\u00e3os<\/strong>, se alternam com pal\u00e1cios suntuosos e pequenas pra\u00e7as pitorescas e escondidas. Tudo isso ainda \u00e9 conectado por uma rede de ruelas estreitas e cal\u00e7adas, que praticamente convidam a um passeio rom\u00e2ntico e sem rumo.<\/p>\n\n\n\n<p class=\"wp-block-paragraph\">A melhor forma de explorar a ilha \u00e9 simplesmente sair sem plano. Aqui n\u00e3o d\u00e1 nem para se perder de verdade. <strong>A cada esquina voc\u00ea descobre algum detalhe arquitet\u00f4nico interessante<\/strong>, um p\u00e1tio verde escondido ou uma padaria pequena com cheiro de p\u00e3o fresquinho. D\u00e1 para dar a volta na ilha inteira a p\u00e9, confortavelmente, em uma tarde agrad\u00e1vel.<\/p>\n\n\n\n<figure data-wp-context=\"{&quot;imageId&quot;:&quot;6a9c2dfa080a5&quot;}\" data-wp-interactive=\"core\/image\" data-wp-key=\"6a9c2dfa080a5\" class=\"wp-block-image size-full wp-lightbox-container\"><img decoding=\"async\" width=\"1440\" height=\"1080\" data-wp-class--hide=\"state.isContentHidden\" data-wp-class--show=\"state.isContentVisible\" data-wp-init=\"callbacks.setButtonStyles\" data-wp-on--click=\"actions.showLightbox\" data-wp-on--load=\"callbacks.setButtonStyles\" data-wp-on--pointerdown=\"actions.preloadImage\" data-wp-on--pointerenter=\"actions.preloadImageWithDelay\" data-wp-on--pointerleave=\"actions.cancelPreload\" data-wp-on-window--resize=\"callbacks.setButtonStyles\" src=\"https:\/\/loudavymkrokem.cz\/wp-content\/uploads\/2026\/09\/neustadt.jpg\" alt=\"Neustadt (Bairro Imperial Alem\u00e3o)\" class=\"wp-image-413212\" title=\"\" srcset=\"https:\/\/loudavymkrokem.cz\/wp-content\/uploads\/2026\/09\/neustadt.jpg 1440w, https:\/\/loudavymkrokem.cz\/wp-content\/uploads\/2026\/09\/neustadt-300x225.jpg 300w, https:\/\/loudavymkrokem.cz\/wp-content\/uploads\/2026\/09\/neustadt-700x525.jpg 700w, https:\/\/loudavymkrokem.cz\/wp-content\/uploads\/2026\/09\/neustadt-768x576.jpg 768w, https:\/\/loudavymkrokem.cz\/wp-content\/uploads\/2026\/09\/neustadt-80x60.jpg 80w, https:\/\/loudavymkrokem.cz\/wp-content\/uploads\/2026\/09\/neustadt-160x120.jpg 160w, https:\/\/loudavymkrokem.cz\/wp-content\/uploads\/2026\/09\/neustadt-696x522.jpg 696w, https:\/\/loudavymkrokem.cz\/wp-content\/uploads\/2026\/09\/neustadt-1392x1044.jpg 1392w\" sizes=\"(max-width: 1440px) 100vw, 1440px\" \/><button\n\t\t\tclass=\"lightbox-trigger\"\n\t\t\ttype=\"button\"\n\t\t\taria-haspopup=\"dialog\"\n\t\t\tdata-wp-bind--aria-label=\"state.thisImage.triggerButtonAriaLabel\"\n\t\t\tdata-wp-init=\"callbacks.initTriggerButton\"\n\t\t\tdata-wp-on--click=\"actions.showLightbox\"\n\t\t\tdata-wp-style--right=\"state.thisImage.buttonRight\"\n\t\t\tdata-wp-style--top=\"state.thisImage.buttonTop\"\n\t\t>\n\t\t\t<svg xmlns=\"http:\/\/www.w3.org\/2000\/svg\" width=\"12\" height=\"12\" fill=\"none\" viewBox=\"0 0 12 12\">\n\t\t\t\t<path fill=\"#fff\" d=\"M2 0a2 2 0 0 0-2 2v2h1.5V2a.5.5 0 0 1 .5-.5h2V0H2Zm2 10.5H2a.5.5 0 0 1-.5-.5V8H0v2a2 2 0 0 0 2 2h2v-1.5ZM8 12v-1.5h2a.5.5 0 0 0 .5-.5V8H12v2a2 2 0 0 1-2 2H8Zm2-12a2 2 0 0 1 2 2v2h-1.5V2a.5.5 0 0 0-.5-.5H8V0h2Z\" \/>\n\t\t\t<\/svg>\n\t\t<\/button><figcaption class=\"wp-element-caption\">Foto: M. E. \/ Google Maps<\/figcaption><\/figure>\n\n\n\n<h3 class=\"wp-block-heading\"><span class=\"ez-toc-section\" id=\"12_Neustadt_Bairro_Imperial_Alemao\"><\/span>12. Neustadt (Bairro Imperial Alem\u00e3o)<span class=\"ez-toc-section-end\"><\/span><\/h3>\n\n\n\n<p class=\"wp-block-paragraph\">Depois que a cidade foi anexada \u00e0 for\u00e7a ao Imp\u00e9rio Alem\u00e3o no fim do s\u00e9culo XIX, os alem\u00e3es decidiram construir um bairro totalmente novo e altamente representativo, que mostrasse o poder e a imensa riqueza da \u00e9poca. Assim nasceu o Neustadt, ou Cidade Nova, que <strong>desde 2017 passou a ser uma extens\u00e3o oficial da inscri\u00e7\u00e3o na prestigiada lista da UNESCO<\/strong>. Esse bairro \u00e9 um contraste absoluto e fascinante com as ruelas estreitas da cidade velha.<\/p>\n\n\n\n<p class=\"wp-block-paragraph\">Aqui voc\u00ea encontra <strong>bulevares enormes e largu\u00edssimos ladeados por \u00e1rvores altas, pra\u00e7as circulares gigantes e pr\u00e9dios p\u00fablicos monumentais<\/strong> constru\u00eddos numa mistura peculiar de neog\u00f3tico, neorrenascentista e art nouveau ornamentada. O ponto central desse bairro imponente \u00e9 a Place de la R\u00e9publique, com o pr\u00e9dio do Teatro Nacional e a deslumbrante biblioteca universit\u00e1ria, que tira o f\u00f4lego.<\/p>\n\n\n\n<p class=\"wp-block-paragraph\">Um passeio por esse bairro tranquilo <strong>ilustra perfeitamente aquela t\u00e3o comentada dupla identidade de Estrasburgo<\/strong>, quando voc\u00ea passa da t\u00edpica Idade M\u00e9dia francesa para o urbanismo alem\u00e3o exemplar do fim do s\u00e9culo XIX. Muitas casas residenciais t\u00eam lindas fachadas art nouveau com rica decora\u00e7\u00e3o floral, que definitivamente valem uma an\u00e1lise mais de perto com a c\u00e2mera na m\u00e3o.<\/p>\n\n\n\n<figure data-wp-context=\"{&quot;imageId&quot;:&quot;6a9c2dfa08af0&quot;}\" data-wp-interactive=\"core\/image\" data-wp-key=\"6a9c2dfa08af0\" class=\"wp-block-image size-full wp-lightbox-container\"><img decoding=\"async\" width=\"1600\" height=\"1200\" data-wp-class--hide=\"state.isContentHidden\" data-wp-class--show=\"state.isContentVisible\" data-wp-init=\"callbacks.setButtonStyles\" data-wp-on--click=\"actions.showLightbox\" data-wp-on--load=\"callbacks.setButtonStyles\" data-wp-on--pointerdown=\"actions.preloadImage\" data-wp-on--pointerenter=\"actions.preloadImageWithDelay\" data-wp-on--pointerleave=\"actions.cancelPreload\" data-wp-on-window--resize=\"callbacks.setButtonStyles\" src=\"https:\/\/loudavymkrokem.cz\/wp-content\/uploads\/2026\/09\/place-kl-ber.jpg\" alt=\"Place Kl\u00e9ber\" class=\"wp-image-413217\" title=\"\" srcset=\"https:\/\/loudavymkrokem.cz\/wp-content\/uploads\/2026\/09\/place-kl-ber.jpg 1600w, https:\/\/loudavymkrokem.cz\/wp-content\/uploads\/2026\/09\/place-kl-ber-300x225.jpg 300w, https:\/\/loudavymkrokem.cz\/wp-content\/uploads\/2026\/09\/place-kl-ber-700x525.jpg 700w, https:\/\/loudavymkrokem.cz\/wp-content\/uploads\/2026\/09\/place-kl-ber-768x576.jpg 768w, https:\/\/loudavymkrokem.cz\/wp-content\/uploads\/2026\/09\/place-kl-ber-1536x1152.jpg 1536w, https:\/\/loudavymkrokem.cz\/wp-content\/uploads\/2026\/09\/place-kl-ber-80x60.jpg 80w, https:\/\/loudavymkrokem.cz\/wp-content\/uploads\/2026\/09\/place-kl-ber-160x120.jpg 160w, https:\/\/loudavymkrokem.cz\/wp-content\/uploads\/2026\/09\/place-kl-ber-696x522.jpg 696w, https:\/\/loudavymkrokem.cz\/wp-content\/uploads\/2026\/09\/place-kl-ber-1392x1044.jpg 1392w\" sizes=\"(max-width: 1600px) 100vw, 1600px\" \/><button\n\t\t\tclass=\"lightbox-trigger\"\n\t\t\ttype=\"button\"\n\t\t\taria-haspopup=\"dialog\"\n\t\t\tdata-wp-bind--aria-label=\"state.thisImage.triggerButtonAriaLabel\"\n\t\t\tdata-wp-init=\"callbacks.initTriggerButton\"\n\t\t\tdata-wp-on--click=\"actions.showLightbox\"\n\t\t\tdata-wp-style--right=\"state.thisImage.buttonRight\"\n\t\t\tdata-wp-style--top=\"state.thisImage.buttonTop\"\n\t\t>\n\t\t\t<svg xmlns=\"http:\/\/www.w3.org\/2000\/svg\" width=\"12\" height=\"12\" fill=\"none\" viewBox=\"0 0 12 12\">\n\t\t\t\t<path fill=\"#fff\" d=\"M2 0a2 2 0 0 0-2 2v2h1.5V2a.5.5 0 0 1 .5-.5h2V0H2Zm2 10.5H2a.5.5 0 0 1-.5-.5V8H0v2a2 2 0 0 0 2 2h2v-1.5ZM8 12v-1.5h2a.5.5 0 0 0 .5-.5V8H12v2a2 2 0 0 1-2 2H8Zm2-12a2 2 0 0 1 2 2v2h-1.5V2a.5.5 0 0 0-.5-.5H8V0h2Z\" \/>\n\t\t\t<\/svg>\n\t\t<\/button><figcaption class=\"wp-element-caption\">Foto: Curzio Pinnelli \/ Google Maps<\/figcaption><\/figure>\n\n\n\n<h3 class=\"wp-block-heading\"><span class=\"ez-toc-section\" id=\"13_Place_Kleber\"><\/span>13. Place Kl\u00e9ber<span class=\"ez-toc-section-end\"><\/span><\/h3>\n\n\n\n<p class=\"wp-block-paragraph\">A principal e maior pra\u00e7a de todo o centro da cidade \u00e9 a Place Kl\u00e9ber, que serve fielmente como ponto de encontro natural de todos os moradores. Todo esse espa\u00e7o imenso funciona como uma <strong>ampla zona de pedestres cercada por belos pr\u00e9dios hist\u00f3ricos<\/strong>, onde hoje ficam lojas de marcas de luxo mundiais, caf\u00e9s espa\u00e7osos e restaurantes renomados. A pra\u00e7a leva o nome do famoso general Jean-Baptiste Kl\u00e9ber, cuja est\u00e1tua de bronze fica bem no meio e sob a qual est\u00e3o guardados at\u00e9 seus verdadeiros restos mortais.<\/p>\n\n\n\n<p class=\"wp-block-paragraph\">Essa pra\u00e7a \u00e9 realmente cheia de vida o ano inteiro. Os moradores v\u00eam aqui para fazer compras, tomar um caf\u00e9 \u00e0 tarde ou assistir a artistas de rua dos mais variados. <strong>O pr\u00e9dio mais bonito da pra\u00e7a \u00e9, sem d\u00favida, o Aubette<\/strong>, um pal\u00e1cio classicista do s\u00e9culo XVIII que no passado serviu como corpo da guarda militar e hoje abriga uma galeria comercial e sal\u00f5es hist\u00f3ricos com uma decora\u00e7\u00e3o vanguardista \u00fanica dos anos 1920.<\/p>\n\n\n\n<p class=\"wp-block-paragraph\">Na \u00e9poca do Advento, a pra\u00e7a se transforma magicamente no centro de tudo, porque \u00e9 <strong>justamente aqui que se ergue, com grande pompa, uma enorme \u00e1rvore de Natal lindamente enfeitada<\/strong>, um dos maiores s\u00edmbolos da cidade. Mas mesmo fora do Advento voc\u00ea aproveita totalmente a \u00f3tima atmosfera de uma metr\u00f3pole europeia moderna e pulsante.<\/p>\n\n\n\n<figure data-wp-context=\"{&quot;imageId&quot;:&quot;6a9c2dfa091dd&quot;}\" data-wp-interactive=\"core\/image\" data-wp-key=\"6a9c2dfa091dd\" class=\"wp-block-image size-full wp-lightbox-container\"><img decoding=\"async\" width=\"1600\" height=\"1200\" data-wp-class--hide=\"state.isContentHidden\" data-wp-class--show=\"state.isContentVisible\" data-wp-init=\"callbacks.setButtonStyles\" data-wp-on--click=\"actions.showLightbox\" data-wp-on--load=\"callbacks.setButtonStyles\" data-wp-on--pointerdown=\"actions.preloadImage\" data-wp-on--pointerenter=\"actions.preloadImageWithDelay\" data-wp-on--pointerleave=\"actions.cancelPreload\" data-wp-on-window--resize=\"callbacks.setButtonStyles\" src=\"https:\/\/loudavymkrokem.cz\/wp-content\/uploads\/2026\/09\/parc-de-l-orangerie.jpg\" alt=\"Parc de l&#039;Orangerie\" class=\"wp-image-413221\" title=\"\" srcset=\"https:\/\/loudavymkrokem.cz\/wp-content\/uploads\/2026\/09\/parc-de-l-orangerie.jpg 1600w, https:\/\/loudavymkrokem.cz\/wp-content\/uploads\/2026\/09\/parc-de-l-orangerie-300x225.jpg 300w, https:\/\/loudavymkrokem.cz\/wp-content\/uploads\/2026\/09\/parc-de-l-orangerie-700x525.jpg 700w, https:\/\/loudavymkrokem.cz\/wp-content\/uploads\/2026\/09\/parc-de-l-orangerie-768x576.jpg 768w, https:\/\/loudavymkrokem.cz\/wp-content\/uploads\/2026\/09\/parc-de-l-orangerie-1536x1152.jpg 1536w, https:\/\/loudavymkrokem.cz\/wp-content\/uploads\/2026\/09\/parc-de-l-orangerie-80x60.jpg 80w, https:\/\/loudavymkrokem.cz\/wp-content\/uploads\/2026\/09\/parc-de-l-orangerie-160x120.jpg 160w, https:\/\/loudavymkrokem.cz\/wp-content\/uploads\/2026\/09\/parc-de-l-orangerie-696x522.jpg 696w, https:\/\/loudavymkrokem.cz\/wp-content\/uploads\/2026\/09\/parc-de-l-orangerie-1392x1044.jpg 1392w\" sizes=\"(max-width: 1600px) 100vw, 1600px\" \/><button\n\t\t\tclass=\"lightbox-trigger\"\n\t\t\ttype=\"button\"\n\t\t\taria-haspopup=\"dialog\"\n\t\t\tdata-wp-bind--aria-label=\"state.thisImage.triggerButtonAriaLabel\"\n\t\t\tdata-wp-init=\"callbacks.initTriggerButton\"\n\t\t\tdata-wp-on--click=\"actions.showLightbox\"\n\t\t\tdata-wp-style--right=\"state.thisImage.buttonRight\"\n\t\t\tdata-wp-style--top=\"state.thisImage.buttonTop\"\n\t\t>\n\t\t\t<svg xmlns=\"http:\/\/www.w3.org\/2000\/svg\" width=\"12\" height=\"12\" fill=\"none\" viewBox=\"0 0 12 12\">\n\t\t\t\t<path fill=\"#fff\" d=\"M2 0a2 2 0 0 0-2 2v2h1.5V2a.5.5 0 0 1 .5-.5h2V0H2Zm2 10.5H2a.5.5 0 0 1-.5-.5V8H0v2a2 2 0 0 0 2 2h2v-1.5ZM8 12v-1.5h2a.5.5 0 0 0 .5-.5V8H12v2a2 2 0 0 1-2 2H8Zm2-12a2 2 0 0 1 2 2v2h-1.5V2a.5.5 0 0 0-.5-.5H8V0h2Z\" \/>\n\t\t\t<\/svg>\n\t\t<\/button><figcaption class=\"wp-element-caption\">Foto: dante coccia \/ Google Maps<\/figcaption><\/figure>\n\n\n\n<h3 class=\"wp-block-heading\"><span class=\"ez-toc-section\" id=\"14_Parc_de_lOrangerie\"><\/span>14. Parc de l&#8217;Orangerie<span class=\"ez-toc-section-end\"><\/span><\/h3>\n\n\n\n<p class=\"wp-block-paragraph\">Se voc\u00ea quiser descansar um pouco do barulho da cidade grande e recarregar as energias na natureza, v\u00e1 ao Parc de l&#8217;Orangerie. Esse parque deslumbrante, do s\u00e9culo XVII, \u00e9 o <strong>maior e mais antigo da cidade<\/strong> e fica bem perto do moderno bairro europeu. Originalmente, cultivavam-se aqui raras laranjeiras. Quem diria que um dia isso viraria o maior parque da cidade.<\/p>\n\n\n\n<p class=\"wp-block-paragraph\">Hoje \u00e9 um o\u00e1sis de verde enorme e cuidadosamente mantido, com um amplo lago onde voc\u00ea <strong>pode alugar um barquinho nos meses quentes de ver\u00e3o e navegar pela superf\u00edcie tranquila da \u00e1gua<\/strong>. O parque \u00e9 cortado por uma densa rede de largos caminhos de areia, voc\u00ea encontra lindos canteiros de flores, fontes borbulhantes e at\u00e9 um pequeno jardim zool\u00f3gico. No pavilh\u00e3o no meio do parque, ainda h\u00e1 um restaurante de luxo com um lindo terra\u00e7o para um almo\u00e7o especial.<\/p>\n\n\n\n<p class=\"wp-block-paragraph\">\ud83d\udca1 Dica: o parque tamb\u00e9m \u00e9 lar de uma quantidade enorme de cegonhas selvagens, que s\u00e3o o s\u00edmbolo animal de toda a Als\u00e1cia. <strong>Voc\u00ea pode observ\u00e1-las livremente construindo seus ninhos gigantes bem no alto das copas das \u00e1rvores<\/strong>, uma experi\u00eancia que com certeza encanta n\u00e3o s\u00f3 as crian\u00e7as pequenas, mas tamb\u00e9m os adultos.<\/p>\n\n\n\n<figure data-wp-context=\"{&quot;imageId&quot;:&quot;6a9c2dfa0981c&quot;}\" data-wp-interactive=\"core\/image\" data-wp-key=\"6a9c2dfa0981c\" class=\"wp-block-image size-full wp-lightbox-container\"><img decoding=\"async\" width=\"1600\" height=\"1183\" data-wp-class--hide=\"state.isContentHidden\" data-wp-class--show=\"state.isContentVisible\" data-wp-init=\"callbacks.setButtonStyles\" data-wp-on--click=\"actions.showLightbox\" data-wp-on--load=\"callbacks.setButtonStyles\" data-wp-on--pointerdown=\"actions.preloadImage\" data-wp-on--pointerenter=\"actions.preloadImageWithDelay\" data-wp-on--pointerleave=\"actions.cancelPreload\" data-wp-on-window--resize=\"callbacks.setButtonStyles\" src=\"https:\/\/loudavymkrokem.cz\/wp-content\/uploads\/2026\/09\/parc-de-l-toile.jpg\" alt=\"Parc de l&#039;\u00c9toile\" class=\"wp-image-413224\" title=\"\" srcset=\"https:\/\/loudavymkrokem.cz\/wp-content\/uploads\/2026\/09\/parc-de-l-toile.jpg 1600w, https:\/\/loudavymkrokem.cz\/wp-content\/uploads\/2026\/09\/parc-de-l-toile-300x222.jpg 300w, https:\/\/loudavymkrokem.cz\/wp-content\/uploads\/2026\/09\/parc-de-l-toile-700x518.jpg 700w, https:\/\/loudavymkrokem.cz\/wp-content\/uploads\/2026\/09\/parc-de-l-toile-768x568.jpg 768w, https:\/\/loudavymkrokem.cz\/wp-content\/uploads\/2026\/09\/parc-de-l-toile-1536x1136.jpg 1536w, https:\/\/loudavymkrokem.cz\/wp-content\/uploads\/2026\/09\/parc-de-l-toile-80x60.jpg 80w, https:\/\/loudavymkrokem.cz\/wp-content\/uploads\/2026\/09\/parc-de-l-toile-696x515.jpg 696w, https:\/\/loudavymkrokem.cz\/wp-content\/uploads\/2026\/09\/parc-de-l-toile-1392x1029.jpg 1392w\" sizes=\"(max-width: 1600px) 100vw, 1600px\" \/><button\n\t\t\tclass=\"lightbox-trigger\"\n\t\t\ttype=\"button\"\n\t\t\taria-haspopup=\"dialog\"\n\t\t\tdata-wp-bind--aria-label=\"state.thisImage.triggerButtonAriaLabel\"\n\t\t\tdata-wp-init=\"callbacks.initTriggerButton\"\n\t\t\tdata-wp-on--click=\"actions.showLightbox\"\n\t\t\tdata-wp-style--right=\"state.thisImage.buttonRight\"\n\t\t\tdata-wp-style--top=\"state.thisImage.buttonTop\"\n\t\t>\n\t\t\t<svg xmlns=\"http:\/\/www.w3.org\/2000\/svg\" width=\"12\" height=\"12\" fill=\"none\" viewBox=\"0 0 12 12\">\n\t\t\t\t<path fill=\"#fff\" d=\"M2 0a2 2 0 0 0-2 2v2h1.5V2a.5.5 0 0 1 .5-.5h2V0H2Zm2 10.5H2a.5.5 0 0 1-.5-.5V8H0v2a2 2 0 0 0 2 2h2v-1.5ZM8 12v-1.5h2a.5.5 0 0 0 .5-.5V8H12v2a2 2 0 0 1-2 2H8Zm2-12a2 2 0 0 1 2 2v2h-1.5V2a.5.5 0 0 0-.5-.5H8V0h2Z\" \/>\n\t\t\t<\/svg>\n\t\t<\/button><figcaption class=\"wp-element-caption\">Foto: Zulfikar CEKIC \/ Google Maps<\/figcaption><\/figure>\n\n\n\n<h3 class=\"wp-block-heading\"><span class=\"ez-toc-section\" id=\"15_Parc_de_lEtoile\"><\/span>15. Parc de l&#8217;\u00c9toile<span class=\"ez-toc-section-end\"><\/span><\/h3>\n\n\n\n<p class=\"wp-block-paragraph\">Outro espa\u00e7o verde muito interessante, que definitivamente vale a sua visita, \u00e9 o Parc de l&#8217;\u00c9toile. Ao contr\u00e1rio do estilo cl\u00e1ssico e rigorosamente sim\u00e9trico do Parc de l&#8217;Orangerie, este espa\u00e7o \u00e9 concebido de forma muito mais descontra\u00edda e moderna. <strong>Voc\u00ea encontra amplas colinas gramadas, passarelas de madeira e caminhos largos que margeiam os canais<\/strong>, o que o torna um lugar super querido para piqueniques e relaxamento \u00e0 tarde entre os estudantes da universidade pr\u00f3xima.<\/p>\n\n\n\n<p class=\"wp-block-paragraph\">Uma das principais curiosidades art\u00edsticas deste parque \u00e9 a <strong>est\u00e1tua de bronze de Mahatma Gandhi<\/strong>, que o governo indiano doou oficialmente \u00e0 cidade como s\u00edmbolo permanente de paz e n\u00e3o viol\u00eancia. O parque funciona como uma \u00f3tima conex\u00e3o verde entre o centro hist\u00f3rico e os bairros mais modernos do sul e, gra\u00e7as aos muitos bancos espalhados, oferece um lugar muito agrad\u00e1vel para descansar.<\/p>\n\n\n\n<p class=\"wp-block-paragraph\">Todo o espa\u00e7o tamb\u00e9m \u00e9 muito querido pelos ciclistas e corredores locais, porque daqui voc\u00ea se conecta de forma fluida a uma extensa rede de ciclovias bem cuidadas que seguem ao longo dos canais at\u00e9 bem al\u00e9m dos limites da cidade. <strong>Se voc\u00ea planeja alugar uma bicicleta na cidade, recomendo muito come\u00e7ar seu passeio justamente por aqui<\/strong>.<\/p>\n\n\n\n<figure data-wp-context=\"{&quot;imageId&quot;:&quot;6a9c2dfa09eb7&quot;}\" data-wp-interactive=\"core\/image\" data-wp-key=\"6a9c2dfa09eb7\" class=\"wp-block-image size-full wp-lightbox-container\"><img decoding=\"async\" width=\"1600\" height=\"1200\" data-wp-class--hide=\"state.isContentHidden\" data-wp-class--show=\"state.isContentVisible\" data-wp-init=\"callbacks.setButtonStyles\" data-wp-on--click=\"actions.showLightbox\" data-wp-on--load=\"callbacks.setButtonStyles\" data-wp-on--pointerdown=\"actions.preloadImage\" data-wp-on--pointerenter=\"actions.preloadImageWithDelay\" data-wp-on--pointerleave=\"actions.cancelPreload\" data-wp-on-window--resize=\"callbacks.setButtonStyles\" src=\"https:\/\/loudavymkrokem.cz\/wp-content\/uploads\/2026\/09\/palais-rohan.jpg\" alt=\"Palais Rohan\" class=\"wp-image-413228\" title=\"\" srcset=\"https:\/\/loudavymkrokem.cz\/wp-content\/uploads\/2026\/09\/palais-rohan.jpg 1600w, https:\/\/loudavymkrokem.cz\/wp-content\/uploads\/2026\/09\/palais-rohan-300x225.jpg 300w, https:\/\/loudavymkrokem.cz\/wp-content\/uploads\/2026\/09\/palais-rohan-700x525.jpg 700w, https:\/\/loudavymkrokem.cz\/wp-content\/uploads\/2026\/09\/palais-rohan-768x576.jpg 768w, https:\/\/loudavymkrokem.cz\/wp-content\/uploads\/2026\/09\/palais-rohan-1536x1152.jpg 1536w, https:\/\/loudavymkrokem.cz\/wp-content\/uploads\/2026\/09\/palais-rohan-80x60.jpg 80w, https:\/\/loudavymkrokem.cz\/wp-content\/uploads\/2026\/09\/palais-rohan-160x120.jpg 160w, https:\/\/loudavymkrokem.cz\/wp-content\/uploads\/2026\/09\/palais-rohan-696x522.jpg 696w, https:\/\/loudavymkrokem.cz\/wp-content\/uploads\/2026\/09\/palais-rohan-1392x1044.jpg 1392w\" sizes=\"(max-width: 1600px) 100vw, 1600px\" \/><button\n\t\t\tclass=\"lightbox-trigger\"\n\t\t\ttype=\"button\"\n\t\t\taria-haspopup=\"dialog\"\n\t\t\tdata-wp-bind--aria-label=\"state.thisImage.triggerButtonAriaLabel\"\n\t\t\tdata-wp-init=\"callbacks.initTriggerButton\"\n\t\t\tdata-wp-on--click=\"actions.showLightbox\"\n\t\t\tdata-wp-style--right=\"state.thisImage.buttonRight\"\n\t\t\tdata-wp-style--top=\"state.thisImage.buttonTop\"\n\t\t>\n\t\t\t<svg xmlns=\"http:\/\/www.w3.org\/2000\/svg\" width=\"12\" height=\"12\" fill=\"none\" viewBox=\"0 0 12 12\">\n\t\t\t\t<path fill=\"#fff\" d=\"M2 0a2 2 0 0 0-2 2v2h1.5V2a.5.5 0 0 1 .5-.5h2V0H2Zm2 10.5H2a.5.5 0 0 1-.5-.5V8H0v2a2 2 0 0 0 2 2h2v-1.5ZM8 12v-1.5h2a.5.5 0 0 0 .5-.5V8H12v2a2 2 0 0 1-2 2H8Zm2-12a2 2 0 0 1 2 2v2h-1.5V2a.5.5 0 0 0-.5-.5H8V0h2Z\" \/>\n\t\t\t<\/svg>\n\t\t<\/button><figcaption class=\"wp-element-caption\">Foto: Kent Wang \/ Google Maps<\/figcaption><\/figure>\n\n\n\n<h3 class=\"wp-block-heading\"><span class=\"ez-toc-section\" id=\"16_Palais_Rohan\"><\/span>16. Palais Rohan<span class=\"ez-toc-section-end\"><\/span><\/h3>\n\n\n\n<p class=\"wp-block-paragraph\">A um pequeno passo da catedral principal, ergue-se majestosamente o <a href=\"https:\/\/en.musees.strasbourg.eu\/palais-rohan\" target=\"_blank\" rel=\"nofollow noopener\">Palais Rohan<\/a>, um lindo e amplo pal\u00e1cio barroco do s\u00e9culo XVIII que outrora serviu como suntuosa resid\u00eancia dos bispos de Estrasburgo, da influente fam\u00edlia Rohan. <strong>Essa constru\u00e7\u00e3o deslumbrante \u00e9, por sua beleza, frequentemente comparada aos pal\u00e1cios parisienses<\/strong> e sua fachada nobre refletida nas \u00e1guas do rio Ill est\u00e1 entre as vistas mais bonitas da cidade.<\/p>\n\n\n\n<p class=\"wp-block-paragraph\">Hoje, esse pal\u00e1cio enorme abriga tr\u00eas importantes museus da cidade, ent\u00e3o todos os amantes da arte e da hist\u00f3ria profunda com certeza v\u00e3o se dar bem aqui. <strong>No t\u00e9rreo fica o Museu de Artes Decorativas, com os aposentos episcopais originais lindamente preservados<\/strong>, no subsolo voc\u00ea encontra o extenso Museu Arqueol\u00f3gico e no primeiro andar o Museu de Belas Artes, com uma impressionante cole\u00e7\u00e3o de pintura europeia cl\u00e1ssica.<\/p>\n\n\n\n<p class=\"wp-block-paragraph\">Mesmo que voc\u00ea n\u00e3o seja l\u00e1 muito f\u00e3 de visitas longas e cansativas a museus, pelo menos d\u00ea uma olhada no p\u00e1tio central: a entrada \u00e9 gratuita e a fachada vale a pena. Ali voc\u00ea pode admirar com calma a perfeita simetria e a incr\u00edvel riqueza da cl\u00e1ssica arquitetura palaciana francesa.<\/p>\n\n\n\n<figure data-wp-context=\"{&quot;imageId&quot;:&quot;6a9c2dfa0a5a9&quot;}\" data-wp-interactive=\"core\/image\" data-wp-key=\"6a9c2dfa0a5a9\" class=\"wp-block-image size-full wp-lightbox-container\"><img decoding=\"async\" width=\"1600\" height=\"1105\" data-wp-class--hide=\"state.isContentHidden\" data-wp-class--show=\"state.isContentVisible\" data-wp-init=\"callbacks.setButtonStyles\" data-wp-on--click=\"actions.showLightbox\" data-wp-on--load=\"callbacks.setButtonStyles\" data-wp-on--pointerdown=\"actions.preloadImage\" data-wp-on--pointerenter=\"actions.preloadImageWithDelay\" data-wp-on--pointerleave=\"actions.cancelPreload\" data-wp-on-window--resize=\"callbacks.setButtonStyles\" src=\"https:\/\/loudavymkrokem.cz\/wp-content\/uploads\/2026\/09\/strasbourg-museum-of-modern-and-contemporary-art.jpg\" alt=\"Strasbourg Museum of Modern and Contemporary Art (MAMCS)\" class=\"wp-image-413231\" title=\"\" srcset=\"https:\/\/loudavymkrokem.cz\/wp-content\/uploads\/2026\/09\/strasbourg-museum-of-modern-and-contemporary-art.jpg 1600w, https:\/\/loudavymkrokem.cz\/wp-content\/uploads\/2026\/09\/strasbourg-museum-of-modern-and-contemporary-art-300x207.jpg 300w, https:\/\/loudavymkrokem.cz\/wp-content\/uploads\/2026\/09\/strasbourg-museum-of-modern-and-contemporary-art-700x483.jpg 700w, https:\/\/loudavymkrokem.cz\/wp-content\/uploads\/2026\/09\/strasbourg-museum-of-modern-and-contemporary-art-768x530.jpg 768w, https:\/\/loudavymkrokem.cz\/wp-content\/uploads\/2026\/09\/strasbourg-museum-of-modern-and-contemporary-art-1536x1061.jpg 1536w, https:\/\/loudavymkrokem.cz\/wp-content\/uploads\/2026\/09\/strasbourg-museum-of-modern-and-contemporary-art-696x481.jpg 696w, https:\/\/loudavymkrokem.cz\/wp-content\/uploads\/2026\/09\/strasbourg-museum-of-modern-and-contemporary-art-1392x961.jpg 1392w\" sizes=\"(max-width: 1600px) 100vw, 1600px\" \/><button\n\t\t\tclass=\"lightbox-trigger\"\n\t\t\ttype=\"button\"\n\t\t\taria-haspopup=\"dialog\"\n\t\t\tdata-wp-bind--aria-label=\"state.thisImage.triggerButtonAriaLabel\"\n\t\t\tdata-wp-init=\"callbacks.initTriggerButton\"\n\t\t\tdata-wp-on--click=\"actions.showLightbox\"\n\t\t\tdata-wp-style--right=\"state.thisImage.buttonRight\"\n\t\t\tdata-wp-style--top=\"state.thisImage.buttonTop\"\n\t\t>\n\t\t\t<svg xmlns=\"http:\/\/www.w3.org\/2000\/svg\" width=\"12\" height=\"12\" fill=\"none\" viewBox=\"0 0 12 12\">\n\t\t\t\t<path fill=\"#fff\" d=\"M2 0a2 2 0 0 0-2 2v2h1.5V2a.5.5 0 0 1 .5-.5h2V0H2Zm2 10.5H2a.5.5 0 0 1-.5-.5V8H0v2a2 2 0 0 0 2 2h2v-1.5ZM8 12v-1.5h2a.5.5 0 0 0 .5-.5V8H12v2a2 2 0 0 1-2 2H8Zm2-12a2 2 0 0 1 2 2v2h-1.5V2a.5.5 0 0 0-.5-.5H8V0h2Z\" \/>\n\t\t\t<\/svg>\n\t\t<\/button><figcaption class=\"wp-element-caption\">Foto: Mus\u00e9e d&#8217;Art Moderne et Contemporain de Strasbourg \/ Google Maps<\/figcaption><\/figure>\n\n\n\n<h3 class=\"wp-block-heading\"><span class=\"ez-toc-section\" id=\"17_Strasbourg_Museum_of_Modern_and_Contemporary_Art_MAMCS\"><\/span>17. Strasbourg Museum of Modern and Contemporary Art (MAMCS)<span class=\"ez-toc-section-end\"><\/span><\/h3>\n\n\n\n<p class=\"wp-block-paragraph\">Para todos os amantes de arte um pouco mais moderna, \u00e9 obrigat\u00f3rio visitar o Museu de Arte Moderna e Contempor\u00e2nea, que os moradores chamam abreviadamente de <a href=\"https:\/\/en.musees.strasbourg.eu\/mamcs\" target=\"_blank\" rel=\"nofollow noopener\">MAMCS<\/a>. O pr\u00f3prio pr\u00e9dio do museu j\u00e1 \u00e9 uma grande experi\u00eancia arquitet\u00f4nica. <strong>Trata-se de uma enorme constru\u00e7\u00e3o de vidro bem \u00e0 beira do rio<\/strong>, que cria um contraste visual fant\u00e1stico e muito fotog\u00eanico com o hist\u00f3rico bairro Petite France ali perto.<\/p>\n\n\n\n<p class=\"wp-block-paragraph\">Por dentro, esperam por voc\u00ea cole\u00e7\u00f5es de arte realmente extensas, do fim do s\u00e9culo XIX at\u00e9 os dias de hoje, <strong>incluindo uma cole\u00e7\u00e3o riqu\u00edssima de fotografia e gravura modernas<\/strong>. Voc\u00ea encontra obras de mestres famosos como Kandinsky, Picasso ou Monet, mas h\u00e1 tamb\u00e9m um espa\u00e7o generoso dedicado a instala\u00e7\u00f5es contempor\u00e2neas e a promissores artistas locais da Als\u00e1cia.<\/p>\n\n\n\n<p class=\"wp-block-paragraph\">\ud83d\udca1 Dica: depois de uma longa visita \u00e0s exposi\u00e7\u00f5es, n\u00e3o deixe de conhecer o caf\u00e9 do museu, que fica no terra\u00e7o aberto da cobertura. <strong>Dali se abre uma das mais belas vistas \u2014 e menos conhecidas dos turistas \u2014 para o centro hist\u00f3rico e as torres dos Ponts Couverts<\/strong>, ainda por cima em plena tranquilidade, longe das multid\u00f5es nas ruas l\u00e1 embaixo.<\/p>\n\n\n\n<figure data-wp-context=\"{&quot;imageId&quot;:&quot;6a9c2dfa0adc3&quot;}\" data-wp-interactive=\"core\/image\" data-wp-key=\"6a9c2dfa0adc3\" class=\"wp-block-image size-full wp-lightbox-container\"><img decoding=\"async\" width=\"1600\" height=\"1066\" data-wp-class--hide=\"state.isContentHidden\" data-wp-class--show=\"state.isContentVisible\" data-wp-init=\"callbacks.setButtonStyles\" data-wp-on--click=\"actions.showLightbox\" data-wp-on--load=\"callbacks.setButtonStyles\" data-wp-on--pointerdown=\"actions.preloadImage\" data-wp-on--pointerenter=\"actions.preloadImageWithDelay\" data-wp-on--pointerleave=\"actions.cancelPreload\" data-wp-on-window--resize=\"callbacks.setButtonStyles\" src=\"https:\/\/loudavymkrokem.cz\/wp-content\/uploads\/2026\/09\/mus-e-alsacien.jpg\" alt=\"Mus\u00e9e Alsacien\" class=\"wp-image-413235\" title=\"\" srcset=\"https:\/\/loudavymkrokem.cz\/wp-content\/uploads\/2026\/09\/mus-e-alsacien.jpg 1600w, https:\/\/loudavymkrokem.cz\/wp-content\/uploads\/2026\/09\/mus-e-alsacien-300x200.jpg 300w, https:\/\/loudavymkrokem.cz\/wp-content\/uploads\/2026\/09\/mus-e-alsacien-700x466.jpg 700w, https:\/\/loudavymkrokem.cz\/wp-content\/uploads\/2026\/09\/mus-e-alsacien-768x512.jpg 768w, https:\/\/loudavymkrokem.cz\/wp-content\/uploads\/2026\/09\/mus-e-alsacien-1536x1023.jpg 1536w, https:\/\/loudavymkrokem.cz\/wp-content\/uploads\/2026\/09\/mus-e-alsacien-696x464.jpg 696w, https:\/\/loudavymkrokem.cz\/wp-content\/uploads\/2026\/09\/mus-e-alsacien-1392x927.jpg 1392w\" sizes=\"(max-width: 1600px) 100vw, 1600px\" \/><button\n\t\t\tclass=\"lightbox-trigger\"\n\t\t\ttype=\"button\"\n\t\t\taria-haspopup=\"dialog\"\n\t\t\tdata-wp-bind--aria-label=\"state.thisImage.triggerButtonAriaLabel\"\n\t\t\tdata-wp-init=\"callbacks.initTriggerButton\"\n\t\t\tdata-wp-on--click=\"actions.showLightbox\"\n\t\t\tdata-wp-style--right=\"state.thisImage.buttonRight\"\n\t\t\tdata-wp-style--top=\"state.thisImage.buttonTop\"\n\t\t>\n\t\t\t<svg xmlns=\"http:\/\/www.w3.org\/2000\/svg\" width=\"12\" height=\"12\" fill=\"none\" viewBox=\"0 0 12 12\">\n\t\t\t\t<path fill=\"#fff\" d=\"M2 0a2 2 0 0 0-2 2v2h1.5V2a.5.5 0 0 1 .5-.5h2V0H2Zm2 10.5H2a.5.5 0 0 1-.5-.5V8H0v2a2 2 0 0 0 2 2h2v-1.5ZM8 12v-1.5h2a.5.5 0 0 0 .5-.5V8H12v2a2 2 0 0 1-2 2H8Zm2-12a2 2 0 0 1 2 2v2h-1.5V2a.5.5 0 0 0-.5-.5H8V0h2Z\" \/>\n\t\t\t<\/svg>\n\t\t<\/button><figcaption class=\"wp-element-caption\">Foto: Bertrand Strasbourg \/ Google Maps<\/figcaption><\/figure>\n\n\n\n<h3 class=\"wp-block-heading\"><span class=\"ez-toc-section\" id=\"18_Musee_Alsacien\"><\/span>18. Mus\u00e9e Alsacien<span class=\"ez-toc-section-end\"><\/span><\/h3>\n\n\n\n<p class=\"wp-block-paragraph\">Se voc\u00ea quer mergulhar de verdade na alma desta regi\u00e3o, visite primeiro o <a href=\"https:\/\/en.musees.strasbourg.eu\/alsatian-museum\" target=\"_blank\" rel=\"nofollow noopener\">Mus\u00e9e Alsacien<\/a>. Ele fica em v\u00e1rias casas hist\u00f3ricas de enxaimel interligadas e <strong>retrata lindamente a vida popular tradicional da Als\u00e1cia, os costumes rurais e os of\u00edcios da \u00e9poca<\/strong>. Tudo est\u00e1 inserido num ambiente hist\u00f3rico absolutamente aut\u00eantico e levemente labir\u00edntico, cheio de escadas de madeira que rangem.<\/p>\n\n\n\n<p class=\"wp-block-paragraph\">Assim voc\u00ea ganha um \u00f3timo contexto para o que vai ver nas ruas depois e entende melhor como as pessoas viviam por aqui. Vai descobrir quais of\u00edcios dominavam a regi\u00e3o, ver os trajes t\u00edpicos e, na hora, a arquitetura ao redor vai fazer ainda mais sentido.<\/p>\n\n\n\n<h2 class=\"wp-block-heading\"><span class=\"ez-toc-section\" id=\"Para_onde_ir_a_partir_de_Estrasburgo\"><\/span>Para onde ir a partir de Estrasburgo<span class=\"ez-toc-section-end\"><\/span><\/h2>\n\n\n\n<p class=\"wp-block-paragraph\">Estrasburgo funciona como <strong>base absolutamente ideal para explorar toda a Als\u00e1cia<\/strong>. Em menos de uma hora de carro, voc\u00ea chega a vilarejos de conto de fadas que parecem cen\u00e1rio de filme hist\u00f3rico. Se voc\u00ea tiver um carro \u00e0 disposi\u00e7\u00e3o, <strong>n\u00e3o deixe de conferir a nossa rota no artigo <a href=\"https:\/\/loudavymkrokem.cz\/pt-br\/alsacia-franca-vilas\/\">Rota dos Vinhos da Als\u00e1cia: 12 das vilas mais bonitas<\/a><\/strong>, onde descrevemos em detalhes as paradas em cidadezinhas como Riquewihr ou Kaysersberg.<\/p>\n\n\n\n<p class=\"wp-block-paragraph\">Vale muito uma visita \u00e0 parte a capital do vinho da Als\u00e1cia, sobre a qual escrevemos no guia <a href=\"https:\/\/loudavymkrokem.cz\/pt-br\/colmar-franca-veneza-francesa\/\">Colmar, Fran\u00e7a<\/a>. \u00c9 uma vers\u00e3o menor e ainda mais concentrada de Estrasburgo, com o encantador bairro chamado Pequena Veneza.<\/p>\n\n\n\n<p class=\"wp-block-paragraph\">Quando estiver buscando mais inspira\u00e7\u00e3o para passeios pelos arredores, talvez voc\u00ea encontre nos mapas o \u00c9comus\u00e9e d&#8217;Alsace ou o museu militar MM Park, mas n\u00e3o se engane. O \u00c9comus\u00e9e fica em Ungersheim, a uns sessenta quil\u00f4metros da cidade, e o MM Park voc\u00ea acha na comuna de La Wantzenau, ent\u00e3o <strong>os dois lugares exigem mais um passeio de meio dia a dia inteiro de carro<\/strong> e definitivamente n\u00e3o ficam a uma dist\u00e2ncia caminh\u00e1vel do centro.<\/p>\n\n\n\n<p class=\"wp-block-paragraph\">Se voc\u00ea planeja explorar mais amplamente a terra dos queijos e vinhos, d\u00ea uma olhada no nosso <a href=\"https:\/\/loudavymkrokem.cz\/pt-br\/roadtrip-franca-roteiro-14-dias\/\">Road trip pela Fran\u00e7a: roteiro de 14 dias<\/a>, onde tem um monte de dicas pr\u00e1ticas para os longos deslocamentos. E se voc\u00ea acabar decidindo ir no fim do ano, n\u00e3o esque\u00e7a de espiar o nosso especial <a href=\"https:\/\/loudavymkrokem.cz\/pt-br\/mercados-natal-estrasburgo-franca\/\">Mercado de Natal de Estrasburgo<\/a>.<\/p>\n\n\n\n<h2 class=\"wp-block-heading\"><span class=\"ez-toc-section\" id=\"Perguntas_frequentes\"><\/span>Perguntas frequentes<span class=\"ez-toc-section-end\"><\/span><\/h2>\n\n\n<div id=\"rank-math-faq\" class=\"rank-math-block\">\n<div class=\"rank-math-list \">\n<div id=\"faq-question-1788283122000\" class=\"rank-math-list-item\">\n<h3 class=\"rank-math-question \"><span class=\"ez-toc-section\" id=\"Quando_acontecem_os_mercados_de_Natal_em_2026\"><\/span>Quando acontecem os mercados de Natal em 2026?<span class=\"ez-toc-section-end\"><\/span><\/h3>\n<div class=\"rank-math-answer \">\n\n<p>Em 2026, os famosos mercados do Advento acontecem de sexta-feira, 27 de novembro, at\u00e9 domingo, 27 de dezembro. Eles se espalham por onze locais diferentes em toda a \u00e1rea hist\u00f3rica de Grande \u00cele, sendo os mais conhecidos e maiores localizados na Place Broglie e na pra\u00e7a principal Place Kl\u00e9ber.<\/p>\n\n<\/div>\n<\/div>\n<div id=\"faq-question-1788283122001\" class=\"rank-math-list-item\">\n<h3 class=\"rank-math-question \"><span class=\"ez-toc-section\" id=\"Como_funciona_o_sistema_de_estacionamento_Park_and_Ride\"><\/span>Como funciona o sistema de estacionamento Park and Ride?<span class=\"ez-toc-section-end\"><\/span><\/h3>\n<div class=\"rank-math-answer \">\n\n<p>\u00c9 disparado a forma mais inteligente de chegar \u00e0 cidade sem estresse. Voc\u00ea paga uma taxa \u00fanica e muito em conta pelo estacionamento o dia inteiro em um estacionamento de transfer\u00eancia na periferia da cidade. Por esse pre\u00e7o, todos os passageiros do seu carro recebem automaticamente um bilhete de ida e volta de bonde direto para o centro. Assim voc\u00ea economiza uma grana que gastaria em garagens subterr\u00e2neas caras e evita o nervosismo de circular por ruas estreitas de sentido \u00fanico.<\/p>\n\n<\/div>\n<\/div>\n<div id=\"faq-question-1788283122002\" class=\"rank-math-list-item\">\n<h3 class=\"rank-math-question \"><span class=\"ez-toc-section\" id=\"Quantos_dias_reservar_para_visitar_a_cidade\"><\/span>Quantos dias reservar para visitar a cidade?<span class=\"ez-toc-section-end\"><\/span><\/h3>\n<div class=\"rank-math-answer \">\n\n<p>Para conseguir absorver a atmosfera tranquila caracter\u00edstica da cidade e conhecer todos os principais pontos tur\u00edsticos sem estresse desnecess\u00e1rio, recomendo reservar de dois a tr\u00eas dias inteiros. Se voc\u00ea planeja visitar tamb\u00e9m os museus locais ou as instala\u00e7\u00f5es do Parlamento Europeu, tr\u00eas dias ser\u00e3o absolutamente ideais.<\/p>\n\n<\/div>\n<\/div>\n<div id=\"faq-question-1788283122003\" class=\"rank-math-list-item\">\n<h3 class=\"rank-math-question \"><span class=\"ez-toc-section\" id=\"As_visitas_ao_Parlamento_Europeu_sao_pagas\"><\/span>As visitas ao Parlamento Europeu s\u00e3o pagas?<span class=\"ez-toc-section-end\"><\/span><\/h3>\n<div class=\"rank-math-answer \">\n\n<p>N\u00e3o, as visitas ao p\u00fablico e a entrada no moderno centro interativo Parlamentarium Simone Veil s\u00e3o totalmente gratuitas para todos os visitantes. No entanto, \u00e9 necess\u00e1rio ter um documento de identidade v\u00e1lido, como RG ou passaporte, e contar com alguma demora nas rigorosas verifica\u00e7\u00f5es de seguran\u00e7a na entrada.<\/p>\n\n<\/div>\n<\/div>\n<div id=\"faq-question-1788283122004\" class=\"rank-math-list-item\">\n<h3 class=\"rank-math-question \"><span class=\"ez-toc-section\" id=\"Qual_e_a_melhor_forma_de_circular_pelo_centro_da_cidade\"><\/span>Qual \u00e9 a melhor forma de circular pelo centro da cidade?<span class=\"ez-toc-section-end\"><\/span><\/h3>\n<div class=\"rank-math-answer \">\n\n<p>O n\u00facleo hist\u00f3rico na ilha Grande \u00cele \u00e9 bem compacto e a melhor forma de explor\u00e1-lo \u00e9 a p\u00e9. Para deslocamentos mais longos, por exemplo at\u00e9 o Parlamento Europeu ou parques mais distantes, recomendo usar o \u00f3timo sistema de bondes, que possui seis linhas cobrindo toda a cidade de forma confi\u00e1vel.<\/p>\n\n<\/div>\n<\/div>\n<div id=\"faq-question-1788283122005\" class=\"rank-math-list-item\">\n<h3 class=\"rank-math-question \"><span class=\"ez-toc-section\" id=\"Estrasburgo_e_uma_cidade_cara\"><\/span>Estrasburgo \u00e9 uma cidade cara?<span class=\"ez-toc-section-end\"><\/span><\/h3>\n<div class=\"rank-math-answer \">\n\n<p>Depende puramente da \u00e9poca em que voc\u00ea for. Durante os mercados do Advento, os pre\u00e7os de hospedagem no centro sobem a valores astron\u00f4micos. Mas se voc\u00ea vier fora de dezembro, por exemplo em janeiro ou fevereiro, os pre\u00e7os dos hot\u00e9is caem para uma fra\u00e7\u00e3o e a cidade fica totalmente compar\u00e1vel em pre\u00e7o com outros destinos europeus comuns.<\/p>\n\n<\/div>\n<\/div>\n<div id=\"faq-question-1788283122006\" class=\"rank-math-list-item\">\n<h3 class=\"rank-math-question \"><span class=\"ez-toc-section\" id=\"A_cidade_e_adequada_para_vegetarianos\"><\/span>A cidade \u00e9 adequada para vegetarianos?<span class=\"ez-toc-section-end\"><\/span><\/h3>\n<div class=\"rank-math-answer \">\n\n<p>Com certeza. Embora a culin\u00e1ria alsaciana seja conhecida por seus pratos com carne, os vegetarianos definitivamente n\u00e3o v\u00e3o passar fome. Em todos os restaurantes voc\u00ea encontra excelentes sp\u00e4tzle de queijo, nas padarias tem o tradicional bretzel e por toda parte oferecem a vers\u00e3o sem carne da torta crocante tarte flamb\u00e9e com queijo e cogumelos.<\/p>\n\n<\/div>\n<\/div>\n<div id=\"faq-question-1788283122007\" class=\"rank-math-list-item\">\n<h3 class=\"rank-math-question \"><span class=\"ez-toc-section\" id=\"Quais_lugares_sao_melhores_para_fotografar\"><\/span>Quais lugares s\u00e3o melhores para fotografar?<span class=\"ez-toc-section-end\"><\/span><\/h3>\n<div class=\"rank-math-answer \">\n\n<p>As fotos de cart\u00e3o-postal mais famosas voc\u00ea consegue tirar com certeza do terra\u00e7o panor\u00e2mico na hist\u00f3rica barragem Barrage Vauban, de onde se tem uma bela vista das pontes de pedra Ponts Couverts e da majestosa torre da catedral. Outros lugares muito fotog\u00eanicos ficam ao longo dos canais de \u00e1gua na \u00e1rea hist\u00f3rica de Petite France.<\/p>\n\n<\/div>\n<\/div>\n<\/div>\n<\/div>","protected":false},"excerpt":{"rendered":"<p>Conhe\u00e7a Estrasburgo, na Fran\u00e7a, sem multid\u00f5es de turistas. Vou te contar quando ir, onde encontrar as melhores vistas gratuitas e como aproveitar essa charmosa cidade da Als\u00e1cia ao m\u00e1ximo.<\/p>\n","protected":false},"author":3,"featured_media":413378,"comment_status":"open","ping_status":"open","sticky":false,"template":"","format":"standard","meta":{"_acf_changed":false,"footnotes":"","rank_math_title":"Estrasburgo Fran\u00e7a: 18 coisas para ver e fazer","rank_math_description":"Descubra Estrasburgo, na Fran\u00e7a: 18 coisas para ver e fazer, quando ir, onde ficar e as melhores vistas gratuitas. Planeje j\u00e1 sua viagem \u00e0 Als\u00e1cia!","rank_math_focus_keyword":"estrasburgo fran\u00e7a","rank_math_seo_score":""},"categories":[1121,1132,1104],"tags":[],"class_list":["post-417415","post","type-post","status-publish","format-standard","has-post-thumbnail","category-europa","category-franca","category-viagens"],"acf":[],"featured_image_src":"https:\/\/loudavymkrokem.cz\/wp-content\/uploads\/2026\/09\/strasburska-katedrala-7353a339.jpg","author_info":{"display_name":"Lucie Kone\u010dn\u00e1","author_link":"https:\/\/loudavymkrokem.cz\/pt-br\/author\/lucie-konecna\/"},"_links":{"self":[{"href":"https:\/\/loudavymkrokem.cz\/pt-br\/wp-json\/wp\/v2\/posts\/417415","targetHints":{"allow":["GET"]}}],"collection":[{"href":"https:\/\/loudavymkrokem.cz\/pt-br\/wp-json\/wp\/v2\/posts"}],"about":[{"href":"https:\/\/loudavymkrokem.cz\/pt-br\/wp-json\/wp\/v2\/types\/post"}],"author":[{"embeddable":true,"href":"https:\/\/loudavymkrokem.cz\/pt-br\/wp-json\/wp\/v2\/users\/3"}],"replies":[{"embeddable":true,"href":"https:\/\/loudavymkrokem.cz\/pt-br\/wp-json\/wp\/v2\/comments?post=417415"}],"version-history":[{"count":2,"href":"https:\/\/loudavymkrokem.cz\/pt-br\/wp-json\/wp\/v2\/posts\/417415\/revisions"}],"predecessor-version":[{"id":417417,"href":"https:\/\/loudavymkrokem.cz\/pt-br\/wp-json\/wp\/v2\/posts\/417415\/revisions\/417417"}],"wp:featuredmedia":[{"embeddable":true,"href":"https:\/\/loudavymkrokem.cz\/pt-br\/wp-json\/wp\/v2\/media\/413378"}],"wp:attachment":[{"href":"https:\/\/loudavymkrokem.cz\/pt-br\/wp-json\/wp\/v2\/media?parent=417415"}],"wp:term":[{"taxonomy":"category","embeddable":true,"href":"https:\/\/loudavymkrokem.cz\/pt-br\/wp-json\/wp\/v2\/categories?post=417415"},{"taxonomy":"post_tag","embeddable":true,"href":"https:\/\/loudavymkrokem.cz\/pt-br\/wp-json\/wp\/v2\/tags?post=417415"}],"curies":[{"name":"wp","href":"https:\/\/api.w.org\/{rel}","templated":true}]}}