{"id":417401,"date":"2026-09-05T09:44:09","date_gmt":"2026-09-05T07:44:09","guid":{"rendered":"https:\/\/loudavymkrokem.cz\/termas-na-alemanha\/"},"modified":"2026-09-05T15:27:33","modified_gmt":"2026-09-05T13:27:33","slug":"termas-na-alemanha","status":"publish","type":"post","link":"https:\/\/loudavymkrokem.cz\/pt-br\/termas-na-alemanha\/","title":{"rendered":"Termas na Alemanha: 51 dicas das melhores em 2026"},"content":{"rendered":"\n<p class=\"wp-block-paragraph\">L\u00e1 fora cinco graus e chuvisco, e voc\u00ea em p\u00e9, com a \u00e1gua pela cintura, sob uma c\u00fapula de vidro, com verdadeiras palmeiras farfalhando sobre a sua cabe\u00e7a. As <strong>termas na Alemanha<\/strong> funcionam de um jeito diferente das que conhecemos, e n\u00e3o s\u00f3 por causa do cen\u00e1rio tropical. Duas coisas v\u00e3o te surpreender: nas saunas se entra sem roupa de banho e a entrada \u00e9 paga por um n\u00famero exato de horas, com cobran\u00e7a extra depois disso.<\/p>\n\n\n\n<p class=\"wp-block-paragraph\">Felizmente isso n\u00e3o \u00e9 problema nenhum, porque assim que voc\u00ea entende o sistema, um <strong>descanso absolutamente luxuoso<\/strong> te espera. Na maioria das vezes voc\u00ea recebe uma pulseira com chip, com a qual d\u00e1 &#8220;bip&#8221; no arm\u00e1rio e na conta do restaurante, e a carteira pode ficar tranquilamente guardada o tempo todo. S\u00f3 precisa ficar de olho no rel\u00f3gio, porque a cada <strong>meia hora extra iniciada<\/strong> se paga automaticamente na sa\u00edda, no caixa.<\/p>\n\n\n\n<p class=\"wp-block-paragraph\">Neste artigo voc\u00ea encontra 51 termas na Alemanha divididas por estados federais, desde a gigante Therme Erding perto de Munique, passando pelos <strong>tropicais Badewelt em Sinsheim e Euskirchen<\/strong>, at\u00e9 as encantadoras termas litor\u00e2neas no B\u00e1ltico. Vou te contar quanto custa o banho, como funciona exatamente a <strong>etiqueta alem\u00e3 de sauna<\/strong> e onde dormir de roup\u00e3o bem ao lado das termas.<\/p>\n\n\n\n<figure data-wp-context=\"{&quot;imageId&quot;:&quot;6a9c2d685d58a&quot;}\" data-wp-interactive=\"core\/image\" data-wp-key=\"6a9c2d685d58a\" class=\"wp-block-image size-full wp-lightbox-container\"><img decoding=\"async\" width=\"1800\" height=\"1201\" data-wp-class--hide=\"state.isContentHidden\" data-wp-class--show=\"state.isContentVisible\" data-wp-init=\"callbacks.setButtonStyles\" data-wp-on--click=\"actions.showLightbox\" data-wp-on--load=\"callbacks.setButtonStyles\" data-wp-on--pointerdown=\"actions.preloadImage\" data-wp-on--pointerenter=\"actions.preloadImageWithDelay\" data-wp-on--pointerleave=\"actions.cancelPreload\" data-wp-on-window--resize=\"callbacks.setButtonStyles\" src=\"https:\/\/loudavymkrokem.cz\/wp-content\/uploads\/2026\/09\/nemecko-clanky-termaly-nemecko-01-0dcc0000.jpg\" alt=\"Piscina com \u00e1gua mineral sob c\u00fapula de vidro em Thermen &#038; Badewelt Sinsheim\" class=\"wp-image-415288\" title=\"\" srcset=\"https:\/\/loudavymkrokem.cz\/wp-content\/uploads\/2026\/09\/nemecko-clanky-termaly-nemecko-01-0dcc0000.jpg 1800w, https:\/\/loudavymkrokem.cz\/wp-content\/uploads\/2026\/09\/nemecko-clanky-termaly-nemecko-01-0dcc0000-300x200.jpg 300w, https:\/\/loudavymkrokem.cz\/wp-content\/uploads\/2026\/09\/nemecko-clanky-termaly-nemecko-01-0dcc0000-700x467.jpg 700w, https:\/\/loudavymkrokem.cz\/wp-content\/uploads\/2026\/09\/nemecko-clanky-termaly-nemecko-01-0dcc0000-768x512.jpg 768w, https:\/\/loudavymkrokem.cz\/wp-content\/uploads\/2026\/09\/nemecko-clanky-termaly-nemecko-01-0dcc0000-1536x1025.jpg 1536w, https:\/\/loudavymkrokem.cz\/wp-content\/uploads\/2026\/09\/nemecko-clanky-termaly-nemecko-01-0dcc0000-696x464.jpg 696w, https:\/\/loudavymkrokem.cz\/wp-content\/uploads\/2026\/09\/nemecko-clanky-termaly-nemecko-01-0dcc0000-1392x929.jpg 1392w\" sizes=\"(max-width: 1800px) 100vw, 1800px\" \/><button\n\t\t\tclass=\"lightbox-trigger\"\n\t\t\ttype=\"button\"\n\t\t\taria-haspopup=\"dialog\"\n\t\t\tdata-wp-bind--aria-label=\"state.thisImage.triggerButtonAriaLabel\"\n\t\t\tdata-wp-init=\"callbacks.initTriggerButton\"\n\t\t\tdata-wp-on--click=\"actions.showLightbox\"\n\t\t\tdata-wp-style--right=\"state.thisImage.buttonRight\"\n\t\t\tdata-wp-style--top=\"state.thisImage.buttonTop\"\n\t\t>\n\t\t\t<svg xmlns=\"http:\/\/www.w3.org\/2000\/svg\" width=\"12\" height=\"12\" fill=\"none\" viewBox=\"0 0 12 12\">\n\t\t\t\t<path fill=\"#fff\" d=\"M2 0a2 2 0 0 0-2 2v2h1.5V2a.5.5 0 0 1 .5-.5h2V0H2Zm2 10.5H2a.5.5 0 0 1-.5-.5V8H0v2a2 2 0 0 0 2 2h2v-1.5ZM8 12v-1.5h2a.5.5 0 0 0 .5-.5V8H12v2a2 2 0 0 1-2 2H8Zm2-12a2 2 0 0 1 2 2v2h-1.5V2a.5.5 0 0 0-.5-.5H8V0h2Z\" \/>\n\t\t\t<\/svg>\n\t\t<\/button><\/figure>\n\n\n\n<div id=\"ez-toc-container\" class=\"ez-toc-v2_0_87 ez-toc-wrap-left counter-hierarchy ez-toc-counter ez-toc-grey ez-toc-container-direction\">\n<div class=\"ez-toc-title-container\">\n<p class=\"ez-toc-title\" style=\"cursor:inherit\">Conte\u00fado do artigo<\/p>\n<span class=\"ez-toc-title-toggle\"><a href=\"#\" class=\"ez-toc-pull-right ez-toc-btn ez-toc-btn-xs ez-toc-btn-default ez-toc-toggle\" aria-label=\"Alternar tabela de conte\u00fado\"><span class=\"ez-toc-js-icon-con\"><span class=\"\"><span class=\"eztoc-hide\" style=\"display:none;\">Toggle<\/span><span class=\"ez-toc-icon-toggle-span\"><svg style=\"fill: #999;color:#999\" xmlns=\"http:\/\/www.w3.org\/2000\/svg\" class=\"list-377408\" width=\"20px\" height=\"20px\" viewBox=\"0 0 24 24\" fill=\"none\"><path d=\"M6 6H4v2h2V6zm14 0H8v2h12V6zM4 11h2v2H4v-2zm16 0H8v2h12v-2zM4 16h2v2H4v-2zm16 0H8v2h12v-2z\" fill=\"currentColor\"><\/path><\/svg><svg style=\"fill: #999;color:#999\" class=\"arrow-unsorted-368013\" xmlns=\"http:\/\/www.w3.org\/2000\/svg\" width=\"10px\" height=\"10px\" viewBox=\"0 0 24 24\" version=\"1.2\" baseProfile=\"tiny\"><path d=\"M18.2 9.3l-6.2-6.3-6.2 6.3c-.2.2-.3.4-.3.7s.1.5.3.7c.2.2.4.3.7.3h11c.3 0 .5-.1.7-.3.2-.2.3-.5.3-.7s-.1-.5-.3-.7zM5.8 14.7l6.2 6.3 6.2-6.3c.2-.2.3-.5.3-.7s-.1-.5-.3-.7c-.2-.2-.4-.3-.7-.3h-11c-.3 0-.5.1-.7.3-.2.2-.3.5-.3.7s.1.5.3.7z\"\/><\/svg><\/span><\/span><\/span><\/a><\/span><\/div>\n<nav><ul class='ez-toc-list ez-toc-list-level-1 ' ><ul class='ez-toc-list-level-3' ><li class='ez-toc-heading-level-3'><a class=\"ez-toc-link ez-toc-heading-1\" href=\"https:\/\/loudavymkrokem.cz\/pt-br\/termas-na-alemanha\/#Resumo_para_quem_nao_tem_tempo_de_ler_o_artigo_inteiro\" >Resumo para quem n\u00e3o tem tempo de ler o artigo inteiro<\/a><\/li><\/ul><\/li><li class='ez-toc-page-1 ez-toc-heading-level-2'><a class=\"ez-toc-link ez-toc-heading-2\" href=\"https:\/\/loudavymkrokem.cz\/pt-br\/termas-na-alemanha\/#Como_funcionam_as_termas_na_Alemanha_e_no_que_se_diferenciam\" >Como funcionam as termas na Alemanha (e no que se diferenciam)<\/a><\/li><li class='ez-toc-page-1 ez-toc-heading-level-2'><a class=\"ez-toc-link ez-toc-heading-3\" href=\"https:\/\/loudavymkrokem.cz\/pt-br\/termas-na-alemanha\/#Quanto_custa_e_quando_ir\" >Quanto custa e quando ir<\/a><\/li><li class='ez-toc-page-1 ez-toc-heading-level-2'><a class=\"ez-toc-link ez-toc-heading-4\" href=\"https:\/\/loudavymkrokem.cz\/pt-br\/termas-na-alemanha\/#Onde_se_hospedar_hotel_com_Bademantelgang\" >Onde se hospedar: hotel com Bademantelgang<\/a><\/li><li class='ez-toc-page-1 ez-toc-heading-level-2'><a class=\"ez-toc-link ez-toc-heading-5\" href=\"https:\/\/loudavymkrokem.cz\/pt-br\/termas-na-alemanha\/#Termas_na_Baviera\" >Termas na Baviera<\/a><ul class='ez-toc-list-level-3' ><li class='ez-toc-heading-level-3'><a class=\"ez-toc-link ez-toc-heading-6\" href=\"https:\/\/loudavymkrokem.cz\/pt-br\/termas-na-alemanha\/#1_Therme_Erding_Erding\" >1. Therme Erding (Erding)<\/a><\/li><li class='ez-toc-page-1 ez-toc-heading-level-3'><a class=\"ez-toc-link ez-toc-heading-7\" href=\"https:\/\/loudavymkrokem.cz\/pt-br\/termas-na-alemanha\/#2_Therme_Bad_Worishofen_Bad_Worishofen\" >2. Therme Bad W\u00f6rishofen (Bad W\u00f6rishofen)<\/a><\/li><li class='ez-toc-page-1 ez-toc-heading-level-3'><a class=\"ez-toc-link ez-toc-heading-8\" href=\"https:\/\/loudavymkrokem.cz\/pt-br\/termas-na-alemanha\/#3_Therme_Bad_Aibling_Bad_Aibling\" >3. Therme Bad Aibling (Bad Aibling)<\/a><\/li><li class='ez-toc-page-1 ez-toc-heading-level-3'><a class=\"ez-toc-link ez-toc-heading-9\" href=\"https:\/\/loudavymkrokem.cz\/pt-br\/termas-na-alemanha\/#4_KissSalis_Therme_Bad_Kissingen\" >4. KissSalis Therme (Bad Kissingen)<\/a><\/li><li class='ez-toc-page-1 ez-toc-heading-level-3'><a class=\"ez-toc-link ez-toc-heading-10\" href=\"https:\/\/loudavymkrokem.cz\/pt-br\/termas-na-alemanha\/#5_Hotel_Victory_Therme_Erding_Erding\" >5. Hotel Victory Therme Erding (Erding)<\/a><\/li><li class='ez-toc-page-1 ez-toc-heading-level-3'><a class=\"ez-toc-link ez-toc-heading-11\" href=\"https:\/\/loudavymkrokem.cz\/pt-br\/termas-na-alemanha\/#6_Franken-Therme_Bad_Windsheim\" >6. Franken-Therme (Bad Windsheim)<\/a><\/li><li class='ez-toc-page-1 ez-toc-heading-level-3'><a class=\"ez-toc-link ez-toc-heading-12\" href=\"https:\/\/loudavymkrokem.cz\/pt-br\/termas-na-alemanha\/#7_Konigliche_Kristall-Therme_Schwangau\" >7. K\u00f6nigliche Kristall-Therme (Schwangau)<\/a><\/li><li class='ez-toc-page-1 ez-toc-heading-level-3'><a class=\"ez-toc-link ez-toc-heading-13\" href=\"https:\/\/loudavymkrokem.cz\/pt-br\/termas-na-alemanha\/#8_Limes-Therme_Bad_Gogging\" >8. Limes-Therme (Bad G\u00f6gging)<\/a><\/li><li class='ez-toc-page-1 ez-toc-heading-level-3'><a class=\"ez-toc-link ez-toc-heading-14\" href=\"https:\/\/loudavymkrokem.cz\/pt-br\/termas-na-alemanha\/#9_Therme_Bad_Griesbach_Bad_Griesbach\" >9. Therme Bad Griesbach (Bad Griesbach)<\/a><\/li><li class='ez-toc-page-1 ez-toc-heading-level-3'><a class=\"ez-toc-link ez-toc-heading-15\" href=\"https:\/\/loudavymkrokem.cz\/pt-br\/termas-na-alemanha\/#10_Titania_Neusas_Neusas\" >10. Titania Neus\u00e4\u00df (Neus\u00e4\u00df)<\/a><\/li><li class='ez-toc-page-1 ez-toc-heading-level-3'><a class=\"ez-toc-link ez-toc-heading-16\" href=\"https:\/\/loudavymkrokem.cz\/pt-br\/termas-na-alemanha\/#11_Fackelmann_Therme_Hersbruck_Hersbruck\" >11. Fackelmann Therme Hersbruck (Hersbruck)<\/a><\/li><li class='ez-toc-page-1 ez-toc-heading-level-3'><a class=\"ez-toc-link ez-toc-heading-17\" href=\"https:\/\/loudavymkrokem.cz\/pt-br\/termas-na-alemanha\/#12_ThermeNatur_Bad_Rodach\" >12. ThermeNatur (Bad Rodach)<\/a><\/li><li class='ez-toc-page-1 ez-toc-heading-level-3'><a class=\"ez-toc-link ez-toc-heading-18\" href=\"https:\/\/loudavymkrokem.cz\/pt-br\/termas-na-alemanha\/#13_Johannesbad_Therme_Bad_Fussing_Bad_Fussing\" >13. Johannesbad Therme Bad F\u00fcssing (Bad F\u00fcssing)<\/a><\/li><li class='ez-toc-page-1 ez-toc-heading-level-3'><a class=\"ez-toc-link ez-toc-heading-19\" href=\"https:\/\/loudavymkrokem.cz\/pt-br\/termas-na-alemanha\/#14_Europa_Therme_Bad_Fussing\" >14. Europa Therme (Bad F\u00fcssing)<\/a><\/li><li class='ez-toc-page-1 ez-toc-heading-level-3'><a class=\"ez-toc-link ez-toc-heading-20\" href=\"https:\/\/loudavymkrokem.cz\/pt-br\/termas-na-alemanha\/#15_Sibyllenbad_Neualbenreuth\" >15. Sibyllenbad (Neualbenreuth)<\/a><\/li><\/ul><\/li><li class='ez-toc-page-1 ez-toc-heading-level-2'><a class=\"ez-toc-link ez-toc-heading-21\" href=\"https:\/\/loudavymkrokem.cz\/pt-br\/termas-na-alemanha\/#Termas_em_Baden-Wurttemberg\" >Termas em Baden-W\u00fcrttemberg<\/a><ul class='ez-toc-list-level-3' ><li class='ez-toc-heading-level-3'><a class=\"ez-toc-link ez-toc-heading-22\" href=\"https:\/\/loudavymkrokem.cz\/pt-br\/termas-na-alemanha\/#16_Thermen_Badewelt_Sinsheim_Sinsheim\" >16. Thermen &#038; Badewelt Sinsheim (Sinsheim)<\/a><\/li><li class='ez-toc-page-1 ez-toc-heading-level-3'><a class=\"ez-toc-link ez-toc-heading-23\" href=\"https:\/\/loudavymkrokem.cz\/pt-br\/termas-na-alemanha\/#17_Mineraltherme_Boblingen_Boblingen\" >17. Mineraltherme B\u00f6blingen (B\u00f6blingen)<\/a><\/li><li class='ez-toc-page-1 ez-toc-heading-level-3'><a class=\"ez-toc-link ez-toc-heading-24\" href=\"https:\/\/loudavymkrokem.cz\/pt-br\/termas-na-alemanha\/#18_Panorama_Therme_Beuren_Beuren\" >18. Panorama Therme Beuren (Beuren)<\/a><\/li><li class='ez-toc-page-1 ez-toc-heading-level-3'><a class=\"ez-toc-link ez-toc-heading-25\" href=\"https:\/\/loudavymkrokem.cz\/pt-br\/termas-na-alemanha\/#19_Bodensee-Therme_Konstanz_Konstanz\" >19. Bodensee-Therme Konstanz (Konstanz)<\/a><\/li><li class='ez-toc-page-1 ez-toc-heading-level-3'><a class=\"ez-toc-link ez-toc-heading-26\" href=\"https:\/\/loudavymkrokem.cz\/pt-br\/termas-na-alemanha\/#20_Adelindis_Therme_Bad_Buchau\" >20. Adelindis Therme (Bad Buchau)<\/a><\/li><li class='ez-toc-page-1 ez-toc-heading-level-3'><a class=\"ez-toc-link ez-toc-heading-27\" href=\"https:\/\/loudavymkrokem.cz\/pt-br\/termas-na-alemanha\/#21_Sonnenhof-Therme_Bad_Saulgau\" >21. Sonnenhof-Therme (Bad Saulgau)<\/a><\/li><li class='ez-toc-page-1 ez-toc-heading-level-3'><a class=\"ez-toc-link ez-toc-heading-28\" href=\"https:\/\/loudavymkrokem.cz\/pt-br\/termas-na-alemanha\/#22_Caracalla_Therme_Baden-Baden\" >22. Caracalla Therme (Baden-Baden)<\/a><\/li><li class='ez-toc-page-1 ez-toc-heading-level-3'><a class=\"ez-toc-link ez-toc-heading-29\" href=\"https:\/\/loudavymkrokem.cz\/pt-br\/termas-na-alemanha\/#23_Solemar_Bad_Durrheim_Bad_Durrheim\" >23. Solemar Bad D\u00fcrrheim (Bad D\u00fcrrheim)<\/a><\/li><li class='ez-toc-page-1 ez-toc-heading-level-3'><a class=\"ez-toc-link ez-toc-heading-30\" href=\"https:\/\/loudavymkrokem.cz\/pt-br\/termas-na-alemanha\/#24_AlbThermen_Bad_Urach\" >24. AlbThermen (Bad Urach)<\/a><\/li><li class='ez-toc-page-1 ez-toc-heading-level-3'><a class=\"ez-toc-link ez-toc-heading-31\" href=\"https:\/\/loudavymkrokem.cz\/pt-br\/termas-na-alemanha\/#25_Friedrichsbad_Baden-Baden\" >25. Friedrichsbad (Baden-Baden)<\/a><\/li><li class='ez-toc-page-1 ez-toc-heading-level-3'><a class=\"ez-toc-link ez-toc-heading-32\" href=\"https:\/\/loudavymkrokem.cz\/pt-br\/termas-na-alemanha\/#26_Vita_Classica_Bad_Krozingen\" >26. Vita Classica (Bad Krozingen)<\/a><\/li><\/ul><\/li><li class='ez-toc-page-1 ez-toc-heading-level-2'><a class=\"ez-toc-link ez-toc-heading-33\" href=\"https:\/\/loudavymkrokem.cz\/pt-br\/termas-na-alemanha\/#Termas_na_Renania_do_Norte-Vestfalia\" >Termas na Ren\u00e2nia do Norte-Vestf\u00e1lia<\/a><ul class='ez-toc-list-level-3' ><li class='ez-toc-heading-level-3'><a class=\"ez-toc-link ez-toc-heading-34\" href=\"https:\/\/loudavymkrokem.cz\/pt-br\/termas-na-alemanha\/#27_Thermen_Badewelt_Euskirchen_Euskirchen\" >27. Thermen &#038; Badewelt Euskirchen (Euskirchen)<\/a><\/li><li class='ez-toc-page-1 ez-toc-heading-level-3'><a class=\"ez-toc-link ez-toc-heading-35\" href=\"https:\/\/loudavymkrokem.cz\/pt-br\/termas-na-alemanha\/#28_Bali_Therme_Bad_Oeynhausen\" >28. Bali Therme (Bad Oeynhausen)<\/a><\/li><li class='ez-toc-page-1 ez-toc-heading-level-3'><a class=\"ez-toc-link ez-toc-heading-36\" href=\"https:\/\/loudavymkrokem.cz\/pt-br\/termas-na-alemanha\/#29_Carolus_Thermen_Aachen\" >29. Carolus Thermen (Aachen)<\/a><\/li><li class='ez-toc-page-1 ez-toc-heading-level-3'><a class=\"ez-toc-link ez-toc-heading-37\" href=\"https:\/\/loudavymkrokem.cz\/pt-br\/termas-na-alemanha\/#30_Mediterana_Bergisch_Gladbach\" >30. Mediterana (Bergisch Gladbach)<\/a><\/li><li class='ez-toc-page-1 ez-toc-heading-level-3'><a class=\"ez-toc-link ez-toc-heading-38\" href=\"https:\/\/loudavymkrokem.cz\/pt-br\/termas-na-alemanha\/#31_Vitasol_Therme_Bad_Salzuflen\" >31. Vitasol Therme (Bad Salzuflen)<\/a><\/li><li class='ez-toc-page-1 ez-toc-heading-level-3'><a class=\"ez-toc-link ez-toc-heading-39\" href=\"https:\/\/loudavymkrokem.cz\/pt-br\/termas-na-alemanha\/#32_Mauritius_Hotel_Therme_Koln_Colonia\" >32. Mauritius Hotel &#038; Therme K\u00f6ln (Col\u00f4nia)<\/a><\/li><li class='ez-toc-page-1 ez-toc-heading-level-3'><a class=\"ez-toc-link ez-toc-heading-40\" href=\"https:\/\/loudavymkrokem.cz\/pt-br\/termas-na-alemanha\/#33_Claudius_Therme_Colonia\" >33. Claudius Therme (Col\u00f4nia)<\/a><\/li><\/ul><\/li><li class='ez-toc-page-1 ez-toc-heading-level-2'><a class=\"ez-toc-link ez-toc-heading-41\" href=\"https:\/\/loudavymkrokem.cz\/pt-br\/termas-na-alemanha\/#Termas_em_Hessen\" >Termas em Hessen<\/a><ul class='ez-toc-list-level-3' ><li class='ez-toc-heading-level-3'><a class=\"ez-toc-link ez-toc-heading-42\" href=\"https:\/\/loudavymkrokem.cz\/pt-br\/termas-na-alemanha\/#34_Taunus-Therme_Bad_Homburg\" >34. Taunus-Therme (Bad Homburg)<\/a><\/li><li class='ez-toc-page-1 ez-toc-heading-level-3'><a class=\"ez-toc-link ez-toc-heading-43\" href=\"https:\/\/loudavymkrokem.cz\/pt-br\/termas-na-alemanha\/#35_KurhessenTherme_Kassel\" >35. KurhessenTherme (Kassel)<\/a><\/li><li class='ez-toc-page-1 ez-toc-heading-level-3'><a class=\"ez-toc-link ez-toc-heading-44\" href=\"https:\/\/loudavymkrokem.cz\/pt-br\/termas-na-alemanha\/#36_Odenwald-Therme_Bad_Konig\" >36. Odenwald-Therme (Bad K\u00f6nig)<\/a><\/li><li class='ez-toc-page-1 ez-toc-heading-level-3'><a class=\"ez-toc-link ez-toc-heading-45\" href=\"https:\/\/loudavymkrokem.cz\/pt-br\/termas-na-alemanha\/#37_Thermalbad_Aukammtal_Wiesbaden\" >37. Thermalbad Aukammtal (Wiesbaden)<\/a><\/li><li class='ez-toc-page-1 ez-toc-heading-level-3'><a class=\"ez-toc-link ez-toc-heading-46\" href=\"https:\/\/loudavymkrokem.cz\/pt-br\/termas-na-alemanha\/#38_Kaiser-Friedrich-Therme_Wiesbaden\" >38. Kaiser-Friedrich-Therme (Wiesbaden)<\/a><\/li><\/ul><\/li><li class='ez-toc-page-1 ez-toc-heading-level-2'><a class=\"ez-toc-link ez-toc-heading-47\" href=\"https:\/\/loudavymkrokem.cz\/pt-br\/termas-na-alemanha\/#Termas_em_Brandemburgo_e_Berlim\" >Termas em Brandemburgo e Berlim<\/a><ul class='ez-toc-list-level-3' ><li class='ez-toc-heading-level-3'><a class=\"ez-toc-link ez-toc-heading-48\" href=\"https:\/\/loudavymkrokem.cz\/pt-br\/termas-na-alemanha\/#39_Havel_Therme_Werder_an_der_Havel\" >39. Havel Therme (Werder an der Havel)<\/a><\/li><li class='ez-toc-page-1 ez-toc-heading-level-3'><a class=\"ez-toc-link ez-toc-heading-49\" href=\"https:\/\/loudavymkrokem.cz\/pt-br\/termas-na-alemanha\/#40_Spreewald_Therme_Burg\" >40. Spreewald Therme (Burg)<\/a><\/li><li class='ez-toc-page-1 ez-toc-heading-level-3'><a class=\"ez-toc-link ez-toc-heading-50\" href=\"https:\/\/loudavymkrokem.cz\/pt-br\/termas-na-alemanha\/#41_NaturThermeTemplin_Templin\" >41. NaturThermeTemplin (Templin)<\/a><\/li><li class='ez-toc-page-1 ez-toc-heading-level-3'><a class=\"ez-toc-link ez-toc-heading-51\" href=\"https:\/\/loudavymkrokem.cz\/pt-br\/termas-na-alemanha\/#42_Spreewelten_Bad_Lubbenau_Lubbenau\" >42. Spreewelten Bad L\u00fcbbenau (L\u00fcbbenau)<\/a><\/li><li class='ez-toc-page-1 ez-toc-heading-level-3'><a class=\"ez-toc-link ez-toc-heading-52\" href=\"https:\/\/loudavymkrokem.cz\/pt-br\/termas-na-alemanha\/#43_Kristalltherme_Bad_Wilsnack_Bad_Wilsnack\" >43. Kristalltherme Bad Wilsnack (Bad Wilsnack)<\/a><\/li><li class='ez-toc-page-1 ez-toc-heading-level-3'><a class=\"ez-toc-link ez-toc-heading-53\" href=\"https:\/\/loudavymkrokem.cz\/pt-br\/termas-na-alemanha\/#44_vabali_spa_Berlin_Berlim\" >44. vabali spa Berlin (Berlim)<\/a><\/li><\/ul><\/li><li class='ez-toc-page-1 ez-toc-heading-level-2'><a class=\"ez-toc-link ez-toc-heading-54\" href=\"https:\/\/loudavymkrokem.cz\/pt-br\/termas-na-alemanha\/#Termas_no_norte_mar_Baltico_e_mar_do_Norte\" >Termas no norte: mar B\u00e1ltico e mar do Norte<\/a><ul class='ez-toc-list-level-3' ><li class='ez-toc-heading-level-3'><a class=\"ez-toc-link ez-toc-heading-55\" href=\"https:\/\/loudavymkrokem.cz\/pt-br\/termas-na-alemanha\/#45_Ostsee-Therme_Scharbeutz\" >45. Ostsee-Therme (Scharbeutz)<\/a><\/li><li class='ez-toc-page-1 ez-toc-heading-level-3'><a class=\"ez-toc-link ez-toc-heading-56\" href=\"https:\/\/loudavymkrokem.cz\/pt-br\/termas-na-alemanha\/#46_Dunen-Therme_St_Peter-Ording\" >46. D\u00fcnen-Therme (St. Peter-Ording)<\/a><\/li><li class='ez-toc-page-1 ez-toc-heading-level-3'><a class=\"ez-toc-link ez-toc-heading-57\" href=\"https:\/\/loudavymkrokem.cz\/pt-br\/termas-na-alemanha\/#47_Ostsee_Therme_Usedom_Ahlbeck\" >47. Ostsee Therme Usedom (Ahlbeck)<\/a><\/li><\/ul><\/li><li class='ez-toc-page-1 ez-toc-heading-level-2'><a class=\"ez-toc-link ez-toc-heading-58\" href=\"https:\/\/loudavymkrokem.cz\/pt-br\/termas-na-alemanha\/#Termas_na_Saxonia_e_Turingia\" >Termas na Sax\u00f4nia e Tur\u00edngia<\/a><ul class='ez-toc-list-level-3' ><li class='ez-toc-heading-level-3'><a class=\"ez-toc-link ez-toc-heading-59\" href=\"https:\/\/loudavymkrokem.cz\/pt-br\/termas-na-alemanha\/#48_Toskana_Therme_Bad_Schandau_Bad_Schandau\" >48. Toskana Therme Bad Schandau (Bad Schandau)<\/a><\/li><li class='ez-toc-page-1 ez-toc-heading-level-3'><a class=\"ez-toc-link ez-toc-heading-60\" href=\"https:\/\/loudavymkrokem.cz\/pt-br\/termas-na-alemanha\/#49_Toskana_Therme_Bad_Sulza_Bad_Sulza\" >49. Toskana Therme Bad Sulza (Bad Sulza)<\/a><\/li><\/ul><\/li><li class='ez-toc-page-1 ez-toc-heading-level-2'><a class=\"ez-toc-link ez-toc-heading-61\" href=\"https:\/\/loudavymkrokem.cz\/pt-br\/termas-na-alemanha\/#Termas_na_Renania-Palatinado\" >Termas na Ren\u00e2nia-Palatinado<\/a><ul class='ez-toc-list-level-3' ><li class='ez-toc-heading-level-3'><a class=\"ez-toc-link ez-toc-heading-62\" href=\"https:\/\/loudavymkrokem.cz\/pt-br\/termas-na-alemanha\/#50_Crucenia_Thermen_Bad_Kreuznach\" >50. Crucenia Thermen (Bad Kreuznach)<\/a><\/li><li class='ez-toc-page-1 ez-toc-heading-level-3'><a class=\"ez-toc-link ez-toc-heading-63\" href=\"https:\/\/loudavymkrokem.cz\/pt-br\/termas-na-alemanha\/#51_Emser_Therme_Bad_Ems\" >51. Emser Therme (Bad Ems)<\/a><\/li><\/ul><\/li><li class='ez-toc-page-1 ez-toc-heading-level-2'><a class=\"ez-toc-link ez-toc-heading-64\" href=\"https:\/\/loudavymkrokem.cz\/pt-br\/termas-na-alemanha\/#Guia_pratico_o_que_levar_com_criancas_e_em_dinheiro\" >Guia pr\u00e1tico: o que levar, com crian\u00e7as e em dinheiro<\/a><\/li><li class='ez-toc-page-1 ez-toc-heading-level-2'><a class=\"ez-toc-link ez-toc-heading-65\" href=\"https:\/\/loudavymkrokem.cz\/pt-br\/termas-na-alemanha\/#Para_onde_ir_mais_artigos_sobre_termas_e_wellness\" >Para onde ir: mais artigos sobre termas e wellness<\/a><\/li><li class='ez-toc-page-1 ez-toc-heading-level-2'><a class=\"ez-toc-link ez-toc-heading-66\" href=\"https:\/\/loudavymkrokem.cz\/pt-br\/termas-na-alemanha\/#Perguntas_frequentes\" >Perguntas frequentes<\/a><ul class='ez-toc-list-level-3' ><li class='ez-toc-heading-level-3'><a class=\"ez-toc-link ez-toc-heading-67\" href=\"https:\/\/loudavymkrokem.cz\/pt-br\/termas-na-alemanha\/#Qual_e_a_maior_terma_da_Alemanha\" >Qual \u00e9 a maior terma da Alemanha?<\/a><\/li><li class='ez-toc-page-1 ez-toc-heading-level-3'><a class=\"ez-toc-link ez-toc-heading-68\" href=\"https:\/\/loudavymkrokem.cz\/pt-br\/termas-na-alemanha\/#Quanto_custa_a_entrada_em_uma_terma_alema\" >Quanto custa a entrada em uma terma alem\u00e3?<\/a><\/li><li class='ez-toc-page-1 ez-toc-heading-level-3'><a class=\"ez-toc-link ez-toc-heading-69\" href=\"https:\/\/loudavymkrokem.cz\/pt-br\/termas-na-alemanha\/#E_obrigatorio_ficar_nu_na_sauna_alema\" >\u00c9 obrigat\u00f3rio ficar nu na sauna alem\u00e3?<\/a><\/li><li class='ez-toc-page-1 ez-toc-heading-level-3'><a class=\"ez-toc-link ez-toc-heading-70\" href=\"https:\/\/loudavymkrokem.cz\/pt-br\/termas-na-alemanha\/#Quais_termas_alemas_ficam_mais_perto_da_fronteira_da_Republica_Tcheca\" >Quais termas alem\u00e3s ficam mais perto da fronteira da Rep\u00fablica Tcheca?<\/a><\/li><li class='ez-toc-page-1 ez-toc-heading-level-3'><a class=\"ez-toc-link ez-toc-heading-71\" href=\"https:\/\/loudavymkrokem.cz\/pt-br\/termas-na-alemanha\/#Criancas_podem_entrar_nas_termas_alemas\" >Crian\u00e7as podem entrar nas termas alem\u00e3s?<\/a><\/li><li class='ez-toc-page-1 ez-toc-heading-level-3'><a class=\"ez-toc-link ez-toc-heading-72\" href=\"https:\/\/loudavymkrokem.cz\/pt-br\/termas-na-alemanha\/#O_que_significa_Bademantelgang\" >O que significa Bademantelgang?<\/a><\/li><li class='ez-toc-page-1 ez-toc-heading-level-3'><a class=\"ez-toc-link ez-toc-heading-73\" href=\"https:\/\/loudavymkrokem.cz\/pt-br\/termas-na-alemanha\/#Preciso_levar_minha_propria_toalha_e_roupao\" >Preciso levar minha pr\u00f3pria toalha e roup\u00e3o?<\/a><\/li><li class='ez-toc-page-1 ez-toc-heading-level-3'><a class=\"ez-toc-link ez-toc-heading-74\" href=\"https:\/\/loudavymkrokem.cz\/pt-br\/termas-na-alemanha\/#Quando_ha_menos_movimento_nas_termas_alemas\" >Quando h\u00e1 menos movimento nas termas alem\u00e3s?<\/a><\/li><li class='ez-toc-page-1 ez-toc-heading-level-3'><a class=\"ez-toc-link ez-toc-heading-75\" href=\"https:\/\/loudavymkrokem.cz\/pt-br\/termas-na-alemanha\/#Ha_taxa_de_turismo_nas_termas_da_Alemanha\" >H\u00e1 taxa de turismo nas termas da Alemanha?<\/a><\/li><li class='ez-toc-page-1 ez-toc-heading-level-3'><a class=\"ez-toc-link ez-toc-heading-76\" href=\"https:\/\/loudavymkrokem.cz\/pt-br\/termas-na-alemanha\/#Qual_terma_alema_e_mais_indicada_para_familias_com_criancas\" >Qual terma alem\u00e3 \u00e9 mais indicada para fam\u00edlias com crian\u00e7as?<\/a><\/li><\/ul><\/li><\/ul><\/nav><\/div>\n<h3 class=\"wp-block-heading\"><span class=\"ez-toc-section\" id=\"Resumo_para_quem_nao_tem_tempo_de_ler_o_artigo_inteiro\"><\/span>Resumo para quem n\u00e3o tem tempo de ler o artigo inteiro<span class=\"ez-toc-section-end\"><\/span><\/h3>\n\n\n\n<ul class=\"wp-block-list\">\n\n<li>A <strong>maior e mais famosa<\/strong> \u00e9 a Therme Erding, na Baviera, que segundo o pr\u00f3prio site se autodenomina a maior termas do mundo: 40 piscinas e 38 saunas e banhos de vapor.<\/li>\n\n\n\n<li>Um <strong>para\u00edso tropical<\/strong> com centenas de palmeiras voc\u00ea vive nas termas Thermen &#038; Badewelt Sinsheim e Thermen &#038; Badewelt Euskirchen.<\/li>\n\n\n\n<li>As <strong>mais f\u00e1ceis de chegar<\/strong> saindo da regi\u00e3o central da Europa s\u00e3o a popular Sibyllenbad e a bel\u00edssima Toskana Therme Bad Schandau.<\/li>\n\n\n\n<li><strong>Para fam\u00edlias com crian\u00e7as<\/strong> a Erding \u00e9 a melhor pedida, enquanto muitas outras termas (como a Sinsheim) s\u00f3 liberam a entrada a partir dos 16 anos.<\/li>\n\n\n\n<li><strong>Estilo balin\u00eas<\/strong> e clima oriental voc\u00ea aproveita na Bali Therme ou no vabali spa Berlin.<\/li>\n\n\n\n<li>O <strong>pre\u00e7o t\u00edpico<\/strong> por duas ou tr\u00eas horas de banho fica entre 15 e 25 euros.<\/li>\n\n\n\n<li>Na <strong>sauna se fica nu<\/strong>: a chamada zona <em>textilfreie<\/em> \u00e9 padr\u00e3o de higiene na Alemanha, e roupa de banho simplesmente n\u00e3o entra na sauna.<\/li>\n\n\n\n<li>As <strong>tarifas por tempo<\/strong> s\u00e3o trai\u00e7oeiras, porque se paga por um n\u00famero exato de horas e cobra-se extra pelo tempo excedente.<\/li>\n\n\n\n<li><strong>Um hotel com Bademantelgang<\/strong> \u00e9 a melhor inven\u00e7\u00e3o, porque do quarto voc\u00ea chega direto \u00e0 piscina s\u00f3 de roup\u00e3o.<\/li>\n\n\n<\/ul>\n\n\n\n<figure data-wp-context=\"{&quot;imageId&quot;:&quot;6a9c2d685e126&quot;}\" data-wp-interactive=\"core\/image\" data-wp-key=\"6a9c2d685e126\" class=\"wp-block-image size-full wp-lightbox-container\"><img decoding=\"async\" width=\"1800\" height=\"1201\" data-wp-class--hide=\"state.isContentHidden\" data-wp-class--show=\"state.isContentVisible\" data-wp-init=\"callbacks.setButtonStyles\" data-wp-on--click=\"actions.showLightbox\" data-wp-on--load=\"callbacks.setButtonStyles\" data-wp-on--pointerdown=\"actions.preloadImage\" data-wp-on--pointerenter=\"actions.preloadImageWithDelay\" data-wp-on--pointerleave=\"actions.cancelPreload\" data-wp-on-window--resize=\"callbacks.setButtonStyles\" src=\"https:\/\/loudavymkrokem.cz\/wp-content\/uploads\/2026\/09\/nemecko-clanky-termaly-nemecko-02-a0bf9c2b.jpg\" alt=\"Cerim\u00f4nia de sauna Aufguss na \u00e1rea de saunas de Thermen &#038; Badewelt Sinsheim\" class=\"wp-image-415289\" title=\"\" srcset=\"https:\/\/loudavymkrokem.cz\/wp-content\/uploads\/2026\/09\/nemecko-clanky-termaly-nemecko-02-a0bf9c2b.jpg 1800w, https:\/\/loudavymkrokem.cz\/wp-content\/uploads\/2026\/09\/nemecko-clanky-termaly-nemecko-02-a0bf9c2b-300x200.jpg 300w, https:\/\/loudavymkrokem.cz\/wp-content\/uploads\/2026\/09\/nemecko-clanky-termaly-nemecko-02-a0bf9c2b-700x467.jpg 700w, https:\/\/loudavymkrokem.cz\/wp-content\/uploads\/2026\/09\/nemecko-clanky-termaly-nemecko-02-a0bf9c2b-768x512.jpg 768w, https:\/\/loudavymkrokem.cz\/wp-content\/uploads\/2026\/09\/nemecko-clanky-termaly-nemecko-02-a0bf9c2b-1536x1025.jpg 1536w, https:\/\/loudavymkrokem.cz\/wp-content\/uploads\/2026\/09\/nemecko-clanky-termaly-nemecko-02-a0bf9c2b-696x464.jpg 696w, https:\/\/loudavymkrokem.cz\/wp-content\/uploads\/2026\/09\/nemecko-clanky-termaly-nemecko-02-a0bf9c2b-1392x929.jpg 1392w\" sizes=\"(max-width: 1800px) 100vw, 1800px\" \/><button\n\t\t\tclass=\"lightbox-trigger\"\n\t\t\ttype=\"button\"\n\t\t\taria-haspopup=\"dialog\"\n\t\t\tdata-wp-bind--aria-label=\"state.thisImage.triggerButtonAriaLabel\"\n\t\t\tdata-wp-init=\"callbacks.initTriggerButton\"\n\t\t\tdata-wp-on--click=\"actions.showLightbox\"\n\t\t\tdata-wp-style--right=\"state.thisImage.buttonRight\"\n\t\t\tdata-wp-style--top=\"state.thisImage.buttonTop\"\n\t\t>\n\t\t\t<svg xmlns=\"http:\/\/www.w3.org\/2000\/svg\" width=\"12\" height=\"12\" fill=\"none\" viewBox=\"0 0 12 12\">\n\t\t\t\t<path fill=\"#fff\" d=\"M2 0a2 2 0 0 0-2 2v2h1.5V2a.5.5 0 0 1 .5-.5h2V0H2Zm2 10.5H2a.5.5 0 0 1-.5-.5V8H0v2a2 2 0 0 0 2 2h2v-1.5ZM8 12v-1.5h2a.5.5 0 0 0 .5-.5V8H12v2a2 2 0 0 1-2 2H8Zm2-12a2 2 0 0 1 2 2v2h-1.5V2a.5.5 0 0 0-.5-.5H8V0h2Z\" \/>\n\t\t\t<\/svg>\n\t\t<\/button><\/figure>\n\n\n\n<h2 class=\"wp-block-heading\"><span class=\"ez-toc-section\" id=\"Como_funcionam_as_termas_na_Alemanha_e_no_que_se_diferenciam\"><\/span>Como funcionam as termas na Alemanha (e no que se diferenciam)<span class=\"ez-toc-section-end\"><\/span><\/h2>\n\n\n\n<p class=\"wp-block-paragraph\">Na Alemanha raramente a entrada \u00e9 comprada logo para o dia inteiro. O total padr\u00e3o s\u00e3o <strong>tarifas de duas a quatro horas<\/strong>, e o tempo j\u00e1 come\u00e7a a correr impiedosamente a partir da catraca. Se voc\u00ea se esquecer do mundo dentro da hidromassagem, nada de mais acontece, mas conte que vai receber um <strong>acr\u00e9scimo pelo tempo excedente<\/strong>. Na Europa Therme Bad F\u00fcssing, por exemplo, \u00e9 um euro por cada meia hora iniciada.<\/p>\n\n\n\n<p class=\"wp-block-paragraph\">Outra grande diferen\u00e7a est\u00e1 na divis\u00e3o das zonas. A entrada b\u00e1sica costuma valer s\u00f3 para as piscinas termais, e as saunas s\u00e3o pagas \u00e0 parte. Voc\u00ea pode comprar ent\u00e3o um <strong>ingresso separado ou uma tarifa combinada mais vantajosa<\/strong>. Mas assim que atravessa a porta rumo ao mundo das saunas, precisa deixar a roupa de banho no gancho, porque as saunas alem\u00e3s s\u00e3o <strong>estritamente as chamadas textilfreie<\/strong> (sem roupa de banho).<\/p>\n\n\n\n<p class=\"wp-block-paragraph\">A regra de ouro da higiene \u00e9 ent\u00e3o a <strong>toalha obrigat\u00f3ria embaixo de todo o corpo<\/strong>. Voc\u00ea n\u00e3o pode sentar na sauna com a pele nua direto na madeira, inclusive os p\u00e9s, ent\u00e3o uma toalha bem grande \u00e9 absolutamente indispens\u00e1vel. Se voc\u00ea n\u00e3o tiver, na maioria das termas h\u00e1 <strong>aluguel de roup\u00f5es e toalhas<\/strong>, onde te fornecem por uma taxa e uma cau\u00e7\u00e3o reembols\u00e1vel.<\/p>\n\n\n\n<p class=\"wp-block-paragraph\">Um cap\u00edtulo \u00e0 parte s\u00e3o as cerim\u00f4nias de sauna, que em alem\u00e3o se chamam Aufguss. Elas s\u00e3o conduzidas por um <strong>Saunameister experiente<\/strong> seguindo \u00e0 risca a programa\u00e7\u00e3o afixada em cada cabine. Assim que a porta se fecha e a \u00e1gua come\u00e7a a ser jogada nas pedras, <strong>ningu\u00e9m mais te deixa entrar<\/strong>, por isso \u00e9 melhor chegar com uma leve anteced\u00eancia.<\/p>\n\n\n\n<p class=\"wp-block-paragraph\">A estadia toda \u00e9, al\u00e9m disso, super despreocupada gra\u00e7as \u00e0 tecnologia inteligente. No lugar da carteira voc\u00ea <strong>recebe um chip ou pulseira<\/strong>, com o qual tranca o arm\u00e1rio e paga o caf\u00e9 ou a massagem. As mulheres devem saber que muitas termas, como a Bodensee-Therme Konstanz, oferecem tamb\u00e9m <strong>dias especiais de sauna feminina<\/strong>, quando todo o espa\u00e7o \u00e9 reservado s\u00f3 para elas.<\/p>\n\n\n\n<figure data-wp-context=\"{&quot;imageId&quot;:&quot;6a9c2d685edd4&quot;}\" data-wp-interactive=\"core\/image\" data-wp-key=\"6a9c2d685edd4\" class=\"wp-block-image size-full wp-lightbox-container\"><img decoding=\"async\" width=\"1800\" height=\"1012\" data-wp-class--hide=\"state.isContentHidden\" data-wp-class--show=\"state.isContentVisible\" data-wp-init=\"callbacks.setButtonStyles\" data-wp-on--click=\"actions.showLightbox\" data-wp-on--load=\"callbacks.setButtonStyles\" data-wp-on--pointerdown=\"actions.preloadImage\" data-wp-on--pointerenter=\"actions.preloadImageWithDelay\" data-wp-on--pointerleave=\"actions.cancelPreload\" data-wp-on-window--resize=\"callbacks.setButtonStyles\" src=\"https:\/\/loudavymkrokem.cz\/wp-content\/uploads\/2026\/09\/nemecko-clanky-termaly-nemecko-03-ffbe5d3a.jpg\" alt=\"Piscina interna em estilo oriental no mundo de saunas do Mediterana\" class=\"wp-image-415290\" title=\"\" srcset=\"https:\/\/loudavymkrokem.cz\/wp-content\/uploads\/2026\/09\/nemecko-clanky-termaly-nemecko-03-ffbe5d3a.jpg 1800w, https:\/\/loudavymkrokem.cz\/wp-content\/uploads\/2026\/09\/nemecko-clanky-termaly-nemecko-03-ffbe5d3a-300x169.jpg 300w, https:\/\/loudavymkrokem.cz\/wp-content\/uploads\/2026\/09\/nemecko-clanky-termaly-nemecko-03-ffbe5d3a-700x394.jpg 700w, https:\/\/loudavymkrokem.cz\/wp-content\/uploads\/2026\/09\/nemecko-clanky-termaly-nemecko-03-ffbe5d3a-768x432.jpg 768w, https:\/\/loudavymkrokem.cz\/wp-content\/uploads\/2026\/09\/nemecko-clanky-termaly-nemecko-03-ffbe5d3a-1536x864.jpg 1536w, https:\/\/loudavymkrokem.cz\/wp-content\/uploads\/2026\/09\/nemecko-clanky-termaly-nemecko-03-ffbe5d3a-696x391.jpg 696w, https:\/\/loudavymkrokem.cz\/wp-content\/uploads\/2026\/09\/nemecko-clanky-termaly-nemecko-03-ffbe5d3a-1392x783.jpg 1392w\" sizes=\"(max-width: 1800px) 100vw, 1800px\" \/><button\n\t\t\tclass=\"lightbox-trigger\"\n\t\t\ttype=\"button\"\n\t\t\taria-haspopup=\"dialog\"\n\t\t\tdata-wp-bind--aria-label=\"state.thisImage.triggerButtonAriaLabel\"\n\t\t\tdata-wp-init=\"callbacks.initTriggerButton\"\n\t\t\tdata-wp-on--click=\"actions.showLightbox\"\n\t\t\tdata-wp-style--right=\"state.thisImage.buttonRight\"\n\t\t\tdata-wp-style--top=\"state.thisImage.buttonTop\"\n\t\t>\n\t\t\t<svg xmlns=\"http:\/\/www.w3.org\/2000\/svg\" width=\"12\" height=\"12\" fill=\"none\" viewBox=\"0 0 12 12\">\n\t\t\t\t<path fill=\"#fff\" d=\"M2 0a2 2 0 0 0-2 2v2h1.5V2a.5.5 0 0 1 .5-.5h2V0H2Zm2 10.5H2a.5.5 0 0 1-.5-.5V8H0v2a2 2 0 0 0 2 2h2v-1.5ZM8 12v-1.5h2a.5.5 0 0 0 .5-.5V8H12v2a2 2 0 0 1-2 2H8Zm2-12a2 2 0 0 1 2 2v2h-1.5V2a.5.5 0 0 0-.5-.5H8V0h2Z\" \/>\n\t\t\t<\/svg>\n\t\t<\/button><\/figure>\n\n\n\n<h2 class=\"wp-block-heading\"><span class=\"ez-toc-section\" id=\"Quanto_custa_e_quando_ir\"><\/span>Quanto custa e quando ir<span class=\"ez-toc-section-end\"><\/span><\/h2>\n\n\n\n<p class=\"wp-block-paragraph\">Os pre\u00e7os (segundo as tabelas de 2026) obviamente dependem do luxo que voc\u00ea quer se permitir. As <strong>termas mais baratas<\/strong>, do tipo Sibyllenbad, saem por apenas 9 euros por duas horas. Mas a maioria das termas cl\u00e1ssicas, com entrada mais curta, fica em torno de 15 a 20 euros. J\u00e1 pelos <strong>gigantescos complexos tropicais<\/strong> como a Therme Bad W\u00f6rishofen voc\u00ea paga tranquilamente at\u00e9 51 euros pelo ingresso de dia inteiro. Os pre\u00e7os podem, claro, mudar com o tempo.<\/p>\n\n\n\n<p class=\"wp-block-paragraph\">Se voc\u00ea quer economizar um pouco, vale a pena investigar as promo\u00e7\u00f5es especiais. Muitos lugares oferecem <strong>tarifas reduzidas de manh\u00e3 ou \u00e0 noite<\/strong>, muitas vezes chamadas de Feierabendtarif. J\u00e1 os fins de semana e feriados costumam ser mais caros, porque os operadores normalmente cobram, al\u00e9m do pre\u00e7o base, um <strong>acr\u00e9scimo de fim de semana<\/strong> de dois a tr\u00eas euros.<\/p>\n\n\n\n<p class=\"wp-block-paragraph\">As fam\u00edlias com crian\u00e7as devem checar antes se as termas aceitam visitantes infantis. Enquanto alguns lugares vendem <strong>tarifas familiares vantajosas<\/strong>, em outros, como nos luxuosos Badewelt, vale a entrada rigorosa s\u00f3 a partir dos 16 anos. Voc\u00ea aproveita o maior sossego nas <strong>manh\u00e3s de dias \u00fateis<\/strong>, de prefer\u00eancia fora das agitadas f\u00e9rias escolares alem\u00e3s.<\/p>\n\n\n\n<p class=\"wp-block-paragraph\">Na temporada de inverno as piscinas quentes ao ar livre ficam obviamente lotadas, ent\u00e3o os meses de ver\u00e3o prometem um clima bem mais tranquilo. N\u00e3o esque\u00e7a tamb\u00e9m que nas cidades termais se paga uma taxa de estadia chamada Kurbeitrag. Em troca, por\u00e9m, voc\u00ea <strong>ganha um pr\u00e1tico G\u00e4stekarte<\/strong>, com o qual costuma ter direito a descontos agrad\u00e1veis na entrada.<\/p>\n\n\n\n<figure data-wp-context=\"{&quot;imageId&quot;:&quot;6a9c2d685f6e5&quot;}\" data-wp-interactive=\"core\/image\" data-wp-key=\"6a9c2d685f6e5\" class=\"wp-block-image size-full wp-lightbox-container\"><img decoding=\"async\" width=\"1800\" height=\"1201\" data-wp-class--hide=\"state.isContentHidden\" data-wp-class--show=\"state.isContentVisible\" data-wp-init=\"callbacks.setButtonStyles\" data-wp-on--click=\"actions.showLightbox\" data-wp-on--load=\"callbacks.setButtonStyles\" data-wp-on--pointerdown=\"actions.preloadImage\" data-wp-on--pointerenter=\"actions.preloadImageWithDelay\" data-wp-on--pointerleave=\"actions.cancelPreload\" data-wp-on-window--resize=\"callbacks.setButtonStyles\" src=\"https:\/\/loudavymkrokem.cz\/wp-content\/uploads\/2026\/09\/nemecko-clanky-termaly-nemecko-04-a6d37903.jpg\" alt=\"H\u00f3spede de roup\u00e3o no jardim de Thermen &#038; Badewelt Euskirchen\" class=\"wp-image-415291\" title=\"\" srcset=\"https:\/\/loudavymkrokem.cz\/wp-content\/uploads\/2026\/09\/nemecko-clanky-termaly-nemecko-04-a6d37903.jpg 1800w, https:\/\/loudavymkrokem.cz\/wp-content\/uploads\/2026\/09\/nemecko-clanky-termaly-nemecko-04-a6d37903-300x200.jpg 300w, https:\/\/loudavymkrokem.cz\/wp-content\/uploads\/2026\/09\/nemecko-clanky-termaly-nemecko-04-a6d37903-700x467.jpg 700w, https:\/\/loudavymkrokem.cz\/wp-content\/uploads\/2026\/09\/nemecko-clanky-termaly-nemecko-04-a6d37903-768x512.jpg 768w, https:\/\/loudavymkrokem.cz\/wp-content\/uploads\/2026\/09\/nemecko-clanky-termaly-nemecko-04-a6d37903-1536x1025.jpg 1536w, https:\/\/loudavymkrokem.cz\/wp-content\/uploads\/2026\/09\/nemecko-clanky-termaly-nemecko-04-a6d37903-696x464.jpg 696w, https:\/\/loudavymkrokem.cz\/wp-content\/uploads\/2026\/09\/nemecko-clanky-termaly-nemecko-04-a6d37903-1392x929.jpg 1392w\" sizes=\"(max-width: 1800px) 100vw, 1800px\" \/><button\n\t\t\tclass=\"lightbox-trigger\"\n\t\t\ttype=\"button\"\n\t\t\taria-haspopup=\"dialog\"\n\t\t\tdata-wp-bind--aria-label=\"state.thisImage.triggerButtonAriaLabel\"\n\t\t\tdata-wp-init=\"callbacks.initTriggerButton\"\n\t\t\tdata-wp-on--click=\"actions.showLightbox\"\n\t\t\tdata-wp-style--right=\"state.thisImage.buttonRight\"\n\t\t\tdata-wp-style--top=\"state.thisImage.buttonTop\"\n\t\t>\n\t\t\t<svg xmlns=\"http:\/\/www.w3.org\/2000\/svg\" width=\"12\" height=\"12\" fill=\"none\" viewBox=\"0 0 12 12\">\n\t\t\t\t<path fill=\"#fff\" d=\"M2 0a2 2 0 0 0-2 2v2h1.5V2a.5.5 0 0 1 .5-.5h2V0H2Zm2 10.5H2a.5.5 0 0 1-.5-.5V8H0v2a2 2 0 0 0 2 2h2v-1.5ZM8 12v-1.5h2a.5.5 0 0 0 .5-.5V8H12v2a2 2 0 0 1-2 2H8Zm2-12a2 2 0 0 1 2 2v2h-1.5V2a.5.5 0 0 0-.5-.5H8V0h2Z\" \/>\n\t\t\t<\/svg>\n\t\t<\/button><\/figure>\n\n\n\n<h2 class=\"wp-block-heading\"><span class=\"ez-toc-section\" id=\"Onde_se_hospedar_hotel_com_Bademantelgang\"><\/span>Onde se hospedar: hotel com Bademantelgang<span class=\"ez-toc-section-end\"><\/span><\/h2>\n\n\n\n<p class=\"wp-block-paragraph\"><em>\ud83d\udca1 Dica de hospedagem e experi\u00eancias: a hospedagem no local a gente <a href=\"https:\/\/www.stay22.com\/allez\/roam?aid=lukaskonecny&#038;campaign=loudavymkrokemcz&#038;address=N%C4%9Bmecko\" target=\"_blank\" rel=\"nofollow noopener sponsored\">compara aqui<\/a>, para ver o que est\u00e1 livre e por quanto. A gente prefere procurar no <a href=\"https:\/\/www.booking.com\/searchresults.html?ss=N%C4%9Bmecko&#038;aid=2397601\" target=\"_blank\" rel=\"nofollow noopener sponsored\">Booking.com<\/a>, que costuma ter as melhores condi\u00e7\u00f5es de cancelamento. Ingressos, passeios e atividades vale comparar e comprar pelo <a href=\"https:\/\/www.getyourguide.com\/s\/?q=N%C4%9Bmecko&#038;partner_id=MKZ64IS\" target=\"_blank\" rel=\"nofollow noopener sponsored\">GetYourGuide<\/a>.<\/em><\/p>\n\n\n\n<p class=\"wp-block-paragraph\">Se existe algo que leva um fim de semana termal a outro patamar, \u00e9 o chamado Bademantelgang. Literalmente significa <strong>corredor de roup\u00f5es<\/strong> e trata-se de um t\u00fanel envidra\u00e7ado ou subterr\u00e2neo que liga o seu hotel diretamente ao complexo termal. De manh\u00e3 voc\u00ea simplesmente levanta da cama, veste o roup\u00e3o e <strong>de chinelos vai direto \u00e0 piscina<\/strong>.<\/p>\n\n\n\n<p class=\"wp-block-paragraph\">Assim voc\u00ea elimina aquele processo chato de se vestir, guardar bolsas nos arm\u00e1rios e atravessar a rua no frio do inverno. A maioria dessas hospedagens ainda oferece <strong>a entrada nas piscinas inclu\u00edda no pre\u00e7o da di\u00e1ria<\/strong>, o que no fim compensa demais. Todos esses tesouros voc\u00ea pode facilmente pesquisar e reservar pelo Booking, onde j\u00e1 v\u00ea tamb\u00e9m avalia\u00e7\u00f5es reais.<\/p>\n\n\n\n<p class=\"wp-block-paragraph\">O <strong><a href=\"https:\/\/www.stay22.com\/allez\/roam?aid=lukaskonecny&#038;campaign=loudavymkrokemcz&#038;campaign=termaly-nemecko&#038;hotelname=Hotel%20Victory%20Therme%20Erding&#038;address=Erding%2C%20Nemecko\" target=\"_blank\" rel=\"noopener nofollow sponsored\">Hotel Victory Therme Erding<\/a><\/strong>, na b\u00e1vara Erding, fica dentro do gigantesco complexo termal. Os quartos lembram uma r\u00e9plica do famoso navio HMS Victory ou um palazzo veneziano, e os h\u00f3spedes t\u00eam <strong>na di\u00e1ria tamb\u00e9m a entrada direta pelo lobby<\/strong> \u00e0s termas, incluindo as zonas VitalOase e VitalTherme &#038; Saunen.<\/p>\n\n\n\n<p class=\"wp-block-paragraph\">O <strong><a href=\"https:\/\/www.stay22.com\/allez\/roam?aid=lukaskonecny&#038;campaign=loudavymkrokemcz&#038;campaign=termaly-nemecko&#038;hotelname=Thermenhotel%20Gass&#038;address=Bad%20Fussing%2C%20Nemecko\" target=\"_blank\" rel=\"noopener nofollow sponsored\">Thermenhotel Gass<\/a><\/strong>, na b\u00e1vara Bad F\u00fcssing, \u00e9 um hotel superior tr\u00eas estrelas e um dos poucos lugares da cidade com piscinas pr\u00f3prias. Elas s\u00e3o <strong>abastecidas com \u00e1gua termal sulfurosa<\/strong> bombeada direto da popular Therme 1, e voc\u00ea encontra tamb\u00e9m um \u00f3timo wellness com sauna bio, sauna finlandesa, cabine de infravermelho e banho de vapor.<\/p>\n\n\n\n<p class=\"wp-block-paragraph\">O <strong><a href=\"https:\/\/www.stay22.com\/allez\/roam?aid=lukaskonecny&#038;campaign=loudavymkrokemcz&#038;campaign=termaly-nemecko&#038;hotelname=Hotel%20an%20der%20Therme%20Bad%20Sulza&#038;address=Bad%20Sulza%2C%20Nemecko\" target=\"_blank\" rel=\"noopener nofollow sponsored\">Hotel an der Therme Bad Sulza<\/a><\/strong>, na Tur\u00edngia, faz parte do grupo Toskanaworld, e \u00e9 justamente o sonhado Bademantelgang que o liga \u00e0 pr\u00f3pria Toskana Therme. Na di\u00e1ria voc\u00ea tem <strong>entrada imediata \u00e0s termas, incluindo o mundo das saunas<\/strong>, e com certeza vai gostar tamb\u00e9m do excelente caf\u00e9 da manh\u00e3 e dos amplos quartos reformados.<\/p>\n\n\n\n<p class=\"wp-block-paragraph\">O <strong><a href=\"https:\/\/www.stay22.com\/allez\/roam?aid=lukaskonecny&#038;campaign=loudavymkrokemcz&#038;campaign=termaly-nemecko&#038;hotelname=Mauritius%20Hotel%20%26%20Therme&#038;address=Kolin%20nad%20Rynem%2C%20Nemecko\" target=\"_blank\" rel=\"noopener nofollow sponsored\">Mauritius Hotel &#038; Therme<\/a><\/strong> fica bem em Col\u00f4nia e ostenta quatro estrelas e um enorme wellness de 3.500 metros quadrados. Voc\u00ea encontra ali sete saunas, duas hidromassagens e uma <strong>piscina ao ar livre com sal do Mar Morto<\/strong>, sendo que o h\u00f3spede paga por esse luxo apenas simb\u00f3licos 10 euros por dia (inclusive no dia da partida).<\/p>\n\n\n\n<p class=\"wp-block-paragraph\">O <strong><a href=\"https:\/\/www.stay22.com\/allez\/roam?aid=lukaskonecny&#038;campaign=loudavymkrokemcz&#038;campaign=termaly-nemecko&#038;hotelname=Hotel%20Zum%20Rittmeister&#038;address=Werder%20Havel%2C%20Nemecko\" target=\"_blank\" rel=\"noopener nofollow sponsored\">Hotel Zum Rittmeister<\/a><\/strong>, na cidade de Werder, em Brandemburgo, oferece 35 quartos aconchegantes e caf\u00e9s da manh\u00e3 excelentes com produtos regionais locais. Os h\u00f3spedes, ap\u00f3s pagar a taxa termal e apresentar o G\u00e4stekarte, ganham <strong>entrada com desconto na vizinha Havel Therme<\/strong>, principalmente nos dias \u00fateis.<\/p>\n\n\n\n<p class=\"wp-block-paragraph\">O <strong><a href=\"https:\/\/www.stay22.com\/allez\/roam?aid=lukaskonecny&#038;campaign=loudavymkrokemcz&#038;campaign=termaly-nemecko&#038;hotelname=Hotel%20Palatin&#038;address=Wiesloch%2C%20Nemecko\" target=\"_blank\" rel=\"noopener nofollow sponsored\">Hotel Palatin<\/a><\/strong>, em Wiesloch (Baden-W\u00fcrttemberg), funciona como hotel parceiro oficial do renomado complexo Thermen &#038; Badewelt Sinsheim. Ele oferece <strong>pacotes muito vantajosos com di\u00e1ria e caf\u00e9 da manh\u00e3<\/strong>, que j\u00e1 incluem o ingresso para as termas, a partir de 79 euros por pessoa.<\/p>\n\n\n\n<p class=\"wp-block-paragraph\"><strong>\ud83d\udca1 Dica:<\/strong> se voc\u00ea gosta de novidades, junto \u00e0 VitaSol Therme, em Bad Salzuflen, est\u00e1 sendo <strong>constru\u00eddo desde o ver\u00e3o de 2025 um hotel quatro estrelas novinho<\/strong> com cem quartos. A conclus\u00e3o est\u00e1 prevista para 2027 e com certeza vai ser um arraso.<\/p>\n\n\n\n<figure data-wp-context=\"{&quot;imageId&quot;:&quot;6a9c2d6860808&quot;}\" data-wp-interactive=\"core\/image\" data-wp-key=\"6a9c2d6860808\" class=\"wp-block-image size-full wp-lightbox-container\"><img decoding=\"async\" width=\"1800\" height=\"1397\" data-wp-class--hide=\"state.isContentHidden\" data-wp-class--show=\"state.isContentVisible\" data-wp-init=\"callbacks.setButtonStyles\" data-wp-on--click=\"actions.showLightbox\" data-wp-on--load=\"callbacks.setButtonStyles\" data-wp-on--pointerdown=\"actions.preloadImage\" data-wp-on--pointerenter=\"actions.preloadImageWithDelay\" data-wp-on--pointerleave=\"actions.cancelPreload\" data-wp-on-window--resize=\"callbacks.setButtonStyles\" src=\"https:\/\/loudavymkrokem.cz\/wp-content\/uploads\/2026\/09\/nemecko-clanky-termaly-nemecko-05-08e1f8c8.jpg\" alt=\"Piscina ao ar livre com palmeiras na Therme Erding, na Baviera\" class=\"wp-image-415292\" title=\"\" srcset=\"https:\/\/loudavymkrokem.cz\/wp-content\/uploads\/2026\/09\/nemecko-clanky-termaly-nemecko-05-08e1f8c8.jpg 1800w, https:\/\/loudavymkrokem.cz\/wp-content\/uploads\/2026\/09\/nemecko-clanky-termaly-nemecko-05-08e1f8c8-300x233.jpg 300w, https:\/\/loudavymkrokem.cz\/wp-content\/uploads\/2026\/09\/nemecko-clanky-termaly-nemecko-05-08e1f8c8-700x543.jpg 700w, https:\/\/loudavymkrokem.cz\/wp-content\/uploads\/2026\/09\/nemecko-clanky-termaly-nemecko-05-08e1f8c8-768x596.jpg 768w, https:\/\/loudavymkrokem.cz\/wp-content\/uploads\/2026\/09\/nemecko-clanky-termaly-nemecko-05-08e1f8c8-1536x1192.jpg 1536w, https:\/\/loudavymkrokem.cz\/wp-content\/uploads\/2026\/09\/nemecko-clanky-termaly-nemecko-05-08e1f8c8-696x540.jpg 696w, https:\/\/loudavymkrokem.cz\/wp-content\/uploads\/2026\/09\/nemecko-clanky-termaly-nemecko-05-08e1f8c8-1392x1080.jpg 1392w\" sizes=\"(max-width: 1800px) 100vw, 1800px\" \/><button\n\t\t\tclass=\"lightbox-trigger\"\n\t\t\ttype=\"button\"\n\t\t\taria-haspopup=\"dialog\"\n\t\t\tdata-wp-bind--aria-label=\"state.thisImage.triggerButtonAriaLabel\"\n\t\t\tdata-wp-init=\"callbacks.initTriggerButton\"\n\t\t\tdata-wp-on--click=\"actions.showLightbox\"\n\t\t\tdata-wp-style--right=\"state.thisImage.buttonRight\"\n\t\t\tdata-wp-style--top=\"state.thisImage.buttonTop\"\n\t\t>\n\t\t\t<svg xmlns=\"http:\/\/www.w3.org\/2000\/svg\" width=\"12\" height=\"12\" fill=\"none\" viewBox=\"0 0 12 12\">\n\t\t\t\t<path fill=\"#fff\" d=\"M2 0a2 2 0 0 0-2 2v2h1.5V2a.5.5 0 0 1 .5-.5h2V0H2Zm2 10.5H2a.5.5 0 0 1-.5-.5V8H0v2a2 2 0 0 0 2 2h2v-1.5ZM8 12v-1.5h2a.5.5 0 0 0 .5-.5V8H12v2a2 2 0 0 1-2 2H8Zm2-12a2 2 0 0 1 2 2v2h-1.5V2a.5.5 0 0 0-.5-.5H8V0h2Z\" \/>\n\t\t\t<\/svg>\n\t\t<\/button><figcaption class=\"wp-element-caption\">Foto: Therme Erding \/ Wikimedia Commons, CC BY-SA 3.0<\/figcaption><\/figure>\n\n\n\n<h2 class=\"wp-block-heading\"><span class=\"ez-toc-section\" id=\"Termas_na_Baviera\"><\/span>Termas na Baviera<span class=\"ez-toc-section-end\"><\/span><\/h2>\n\n\n\n<p class=\"wp-block-paragraph\">A Baviera \u00e9 uma pot\u00eancia das termas: num mesmo lugar convivem complexos tropicais com tobo\u00e1guas e tranquilas cidades termais, onde a \u00e1gua \u00e9 bebida com a mesma frequ\u00eancia com que se fica de molho. Voc\u00ea encontra aqui, segundo o operador, o maior complexo termal do mundo, e cidades termais famosas como Bad F\u00fcssing, Bad Griesbach ou Bad Kissingen oferecem a maior variedade de banhos de toda a Alemanha. A vantagem \u00e9 que muitos desses complexos ficam bem perto das fronteiras.<\/p>\n\n\n\n<p class=\"wp-block-paragraph\">Os complexos de Bad F\u00fcssing e Neualbenreuth ficam a cerca de uma hora das fronteiras da regi\u00e3o central da Europa. \u00c9 uma escolha absolutamente ideal se voc\u00ea pensa numa fuga r\u00e1pida de fim de semana para escapar do frio e do estresse. Conte que as termas b\u00e1varas s\u00e3o enormes, modernas e frequentemente t\u00eam regras r\u00edgidas para a entrada de crian\u00e7as, ent\u00e3o cheque sempre de antem\u00e3o para quem cada lugar \u00e9 mais indicado.<\/p>\n\n\n\n<figure data-wp-context=\"{&quot;imageId&quot;:&quot;6a9c2d6860dcf&quot;}\" data-wp-interactive=\"core\/image\" data-wp-key=\"6a9c2d6860dcf\" class=\"wp-block-image size-full wp-lightbox-container\"><img decoding=\"async\" width=\"1800\" height=\"1350\" data-wp-class--hide=\"state.isContentHidden\" data-wp-class--show=\"state.isContentVisible\" data-wp-init=\"callbacks.setButtonStyles\" data-wp-on--click=\"actions.showLightbox\" data-wp-on--load=\"callbacks.setButtonStyles\" data-wp-on--pointerdown=\"actions.preloadImage\" data-wp-on--pointerenter=\"actions.preloadImageWithDelay\" data-wp-on--pointerleave=\"actions.cancelPreload\" data-wp-on-window--resize=\"callbacks.setButtonStyles\" src=\"https:\/\/loudavymkrokem.cz\/wp-content\/uploads\/2026\/09\/nemecko-clanky-termaly-nemecko-06-89de543b.jpg\" alt=\"Therme Erding (Erding): piscina tropical com palmeiras\" class=\"wp-image-415293\" title=\"\" srcset=\"https:\/\/loudavymkrokem.cz\/wp-content\/uploads\/2026\/09\/nemecko-clanky-termaly-nemecko-06-89de543b.jpg 1800w, https:\/\/loudavymkrokem.cz\/wp-content\/uploads\/2026\/09\/nemecko-clanky-termaly-nemecko-06-89de543b-300x225.jpg 300w, https:\/\/loudavymkrokem.cz\/wp-content\/uploads\/2026\/09\/nemecko-clanky-termaly-nemecko-06-89de543b-700x525.jpg 700w, https:\/\/loudavymkrokem.cz\/wp-content\/uploads\/2026\/09\/nemecko-clanky-termaly-nemecko-06-89de543b-768x576.jpg 768w, https:\/\/loudavymkrokem.cz\/wp-content\/uploads\/2026\/09\/nemecko-clanky-termaly-nemecko-06-89de543b-1536x1152.jpg 1536w, https:\/\/loudavymkrokem.cz\/wp-content\/uploads\/2026\/09\/nemecko-clanky-termaly-nemecko-06-89de543b-80x60.jpg 80w, https:\/\/loudavymkrokem.cz\/wp-content\/uploads\/2026\/09\/nemecko-clanky-termaly-nemecko-06-89de543b-160x120.jpg 160w, https:\/\/loudavymkrokem.cz\/wp-content\/uploads\/2026\/09\/nemecko-clanky-termaly-nemecko-06-89de543b-696x522.jpg 696w, https:\/\/loudavymkrokem.cz\/wp-content\/uploads\/2026\/09\/nemecko-clanky-termaly-nemecko-06-89de543b-1392x1044.jpg 1392w\" sizes=\"(max-width: 1800px) 100vw, 1800px\" \/><button\n\t\t\tclass=\"lightbox-trigger\"\n\t\t\ttype=\"button\"\n\t\t\taria-haspopup=\"dialog\"\n\t\t\tdata-wp-bind--aria-label=\"state.thisImage.triggerButtonAriaLabel\"\n\t\t\tdata-wp-init=\"callbacks.initTriggerButton\"\n\t\t\tdata-wp-on--click=\"actions.showLightbox\"\n\t\t\tdata-wp-style--right=\"state.thisImage.buttonRight\"\n\t\t\tdata-wp-style--top=\"state.thisImage.buttonTop\"\n\t\t>\n\t\t\t<svg xmlns=\"http:\/\/www.w3.org\/2000\/svg\" width=\"12\" height=\"12\" fill=\"none\" viewBox=\"0 0 12 12\">\n\t\t\t\t<path fill=\"#fff\" d=\"M2 0a2 2 0 0 0-2 2v2h1.5V2a.5.5 0 0 1 .5-.5h2V0H2Zm2 10.5H2a.5.5 0 0 1-.5-.5V8H0v2a2 2 0 0 0 2 2h2v-1.5ZM8 12v-1.5h2a.5.5 0 0 0 .5-.5V8H12v2a2 2 0 0 1-2 2H8Zm2-12a2 2 0 0 1 2 2v2h-1.5V2a.5.5 0 0 0-.5-.5H8V0h2Z\" \/>\n\t\t\t<\/svg>\n\t\t<\/button><figcaption class=\"wp-element-caption\">Foto: Therme Erding \/ Wikimedia Commons, Public domain<\/figcaption><\/figure>\n\n\n\n<h3 class=\"wp-block-heading\"><span class=\"ez-toc-section\" id=\"1_Therme_Erding_Erding\"><\/span>1. Therme Erding (Erding)<span class=\"ez-toc-section-end\"><\/span><\/h3>\n\n\n\n<p class=\"wp-block-paragraph\">Esse complexo, na cidade de Erding, ostenta segundo o operador o t\u00edtulo de <strong>maior termas do mundo<\/strong>. Sua \u00e1rea total, em 2019, ocupava incr\u00edveis <strong>430.000 metros quadrados<\/strong>. Desses, 185.000 metros quadrados s\u00e3o \u00e1rea \u00fatil diretamente para os h\u00f3spedes. O complexo se divide em quatro partes principais: a \u00e1rea termal cl\u00e1ssica Thermenparadies, a zona de a\u00e7\u00e3o Galaxy Erding e as zonas tranquilas VitalOase e VitalTherme &#038; Saunen.<\/p>\n\n\n\n<p class=\"wp-block-paragraph\">L\u00e1 dentro te esperam impressionantes <strong>40 piscinas e espelhos d&#8217;\u00e1gua<\/strong>, complementados por um total de 38 saunas diferentes e banhos de vapor. As temperaturas nas saunas v\u00e3o de agrad\u00e1veis 38 \u00b0C at\u00e9 infernais 90 \u00b0C. Para os amantes de adrenalina h\u00e1 <strong>28 tobo\u00e1guas<\/strong> com um comprimento total de mais de 2.850 metros. Se voc\u00ea adora balan\u00e7ar nas ondas, com certeza vai amar a piscina gigante de ondas, onde a \u00e1gua tem 34 \u00b0C e as ondas chegam a dois metros de altura.<\/p>\n\n\n\n<p class=\"wp-block-paragraph\">A temperatura m\u00e9dia do ar em todo o complexo se mant\u00e9m em tropicais 28 \u00b0C. Voc\u00ea encontra ali tamb\u00e9m uma verdadeira raridade, a Polaris, supostamente a <strong>maior piscina fria do mundo<\/strong>, com temperatura da \u00e1gua entre 14 e 18 \u00b0C. J\u00e1 na zona VitalTherme voc\u00ea se aquece na grande piscina de champanhe ou na piscina de medita\u00e7\u00e3o com \u00e1gua a 34 \u00b0C. <strong>\ud83d\udca1 Dica:<\/strong> reserve o dia inteiro para a visita, porque o complexo \u00e9 t\u00e3o enorme que em poucas horas voc\u00ea mal consegue ver uma fra\u00e7\u00e3o das atra\u00e7\u00f5es.<\/p>\n\n\n\n<figure data-wp-context=\"{&quot;imageId&quot;:&quot;6a9c2d6861492&quot;}\" data-wp-interactive=\"core\/image\" data-wp-key=\"6a9c2d6861492\" class=\"wp-block-image size-full wp-lightbox-container\"><img decoding=\"async\" width=\"1800\" height=\"1350\" data-wp-class--hide=\"state.isContentHidden\" data-wp-class--show=\"state.isContentVisible\" data-wp-init=\"callbacks.setButtonStyles\" data-wp-on--click=\"actions.showLightbox\" data-wp-on--load=\"callbacks.setButtonStyles\" data-wp-on--pointerdown=\"actions.preloadImage\" data-wp-on--pointerenter=\"actions.preloadImageWithDelay\" data-wp-on--pointerleave=\"actions.cancelPreload\" data-wp-on-window--resize=\"callbacks.setButtonStyles\" src=\"https:\/\/loudavymkrokem.cz\/wp-content\/uploads\/2026\/09\/nemecko-clanky-termaly-nemecko-07-5c780451.jpg\" alt=\"Therme Bad W\u00f6rishofen (Bad W\u00f6rishofen)\" class=\"wp-image-415294\" title=\"\" srcset=\"https:\/\/loudavymkrokem.cz\/wp-content\/uploads\/2026\/09\/nemecko-clanky-termaly-nemecko-07-5c780451.jpg 1800w, https:\/\/loudavymkrokem.cz\/wp-content\/uploads\/2026\/09\/nemecko-clanky-termaly-nemecko-07-5c780451-300x225.jpg 300w, https:\/\/loudavymkrokem.cz\/wp-content\/uploads\/2026\/09\/nemecko-clanky-termaly-nemecko-07-5c780451-700x525.jpg 700w, https:\/\/loudavymkrokem.cz\/wp-content\/uploads\/2026\/09\/nemecko-clanky-termaly-nemecko-07-5c780451-768x576.jpg 768w, https:\/\/loudavymkrokem.cz\/wp-content\/uploads\/2026\/09\/nemecko-clanky-termaly-nemecko-07-5c780451-1536x1152.jpg 1536w, https:\/\/loudavymkrokem.cz\/wp-content\/uploads\/2026\/09\/nemecko-clanky-termaly-nemecko-07-5c780451-80x60.jpg 80w, https:\/\/loudavymkrokem.cz\/wp-content\/uploads\/2026\/09\/nemecko-clanky-termaly-nemecko-07-5c780451-160x120.jpg 160w, https:\/\/loudavymkrokem.cz\/wp-content\/uploads\/2026\/09\/nemecko-clanky-termaly-nemecko-07-5c780451-696x522.jpg 696w, https:\/\/loudavymkrokem.cz\/wp-content\/uploads\/2026\/09\/nemecko-clanky-termaly-nemecko-07-5c780451-1392x1044.jpg 1392w\" sizes=\"(max-width: 1800px) 100vw, 1800px\" \/><button\n\t\t\tclass=\"lightbox-trigger\"\n\t\t\ttype=\"button\"\n\t\t\taria-haspopup=\"dialog\"\n\t\t\tdata-wp-bind--aria-label=\"state.thisImage.triggerButtonAriaLabel\"\n\t\t\tdata-wp-init=\"callbacks.initTriggerButton\"\n\t\t\tdata-wp-on--click=\"actions.showLightbox\"\n\t\t\tdata-wp-style--right=\"state.thisImage.buttonRight\"\n\t\t\tdata-wp-style--top=\"state.thisImage.buttonTop\"\n\t\t>\n\t\t\t<svg xmlns=\"http:\/\/www.w3.org\/2000\/svg\" width=\"12\" height=\"12\" fill=\"none\" viewBox=\"0 0 12 12\">\n\t\t\t\t<path fill=\"#fff\" d=\"M2 0a2 2 0 0 0-2 2v2h1.5V2a.5.5 0 0 1 .5-.5h2V0H2Zm2 10.5H2a.5.5 0 0 1-.5-.5V8H0v2a2 2 0 0 0 2 2h2v-1.5ZM8 12v-1.5h2a.5.5 0 0 0 .5-.5V8H12v2a2 2 0 0 1-2 2H8Zm2-12a2 2 0 0 1 2 2v2h-1.5V2a.5.5 0 0 0-.5-.5H8V0h2Z\" \/>\n\t\t\t<\/svg>\n\t\t<\/button><figcaption class=\"wp-element-caption\">Foto: Therme Bad W\u00f6rishofen 2010 \/ Wikimedia Commons, CC BY-SA 3.0<\/figcaption><\/figure>\n\n\n\n<h3 class=\"wp-block-heading\"><span class=\"ez-toc-section\" id=\"2_Therme_Bad_Worishofen_Bad_Worishofen\"><\/span>2. Therme Bad W\u00f6rishofen (Bad W\u00f6rishofen)<span class=\"ez-toc-section-end\"><\/span><\/h3>\n\n\n\n<p class=\"wp-block-paragraph\">As termas da cidadezinha de Bad W\u00f6rishofen escondem uma raridade mundial: a enorme sauna r\u00fastica <strong>Blockhaus am See, para mais de 150 h\u00f3spedes<\/strong>. Ela est\u00e1 entre as maiores saunas do mundo e voc\u00ea vive ali uma atmosfera absolutamente \u00fanica. Toda a paisagem termal se estende por uma respeit\u00e1vel \u00e1rea de mais de <strong>5.000 metros quadrados<\/strong> e sua constru\u00e7\u00e3o ocorreu entre 2001 e 2004, sob a batuta do investidor Josef Wund.<\/p>\n\n\n\n<p class=\"wp-block-paragraph\">Voc\u00ea aproveita o banho em oito piscinas cheias de \u00e1gua termal ben\u00e9fica. O mundo das saunas oferece <strong>mais de 15 saunas tem\u00e1ticas<\/strong>, entre as quais se destacam a linda Alhambra mourisca, a cl\u00e1ssica sauna romana ou a sauna japonesa de medita\u00e7\u00e3o, complementada por um belo aqu\u00e1rio com carpas koi. As crian\u00e7as t\u00eam \u00e0 disposi\u00e7\u00e3o um tobo\u00e1gua e um escorregador largo de velocidade, mas eles s\u00f3 s\u00e3o acess\u00edveis em hor\u00e1rios espec\u00edficos na piscina esportiva.<\/p>\n\n\n\n<p class=\"wp-block-paragraph\">Segundo a tabela de 2026, voc\u00ea paga pela entrada de duas horas <strong>27 EUR<\/strong>, quatro horas saem por 35 EUR e o ingresso de dia inteiro custa 51 EUR. A entrada na sauna tem acr\u00e9scimo de 5 EUR e, nos fins de semana ou feriados, conte com um adicional de 3 EUR. A idade m\u00ednima para entrar \u00e9 <strong>rigorosamente 16 anos<\/strong>. <strong>\ud83d\udca1 Dica:<\/strong> se voc\u00ea quer ir com crian\u00e7as menores, precisa chegar exclusivamente no s\u00e1bado, entre 9h e 19h, no chamado Family Samstag, quando a entrada familiar para tr\u00eas pessoas sai por 74 EUR.<\/p>\n\n\n\n<figure data-wp-context=\"{&quot;imageId&quot;:&quot;6a9c2d6861b46&quot;}\" data-wp-interactive=\"core\/image\" data-wp-key=\"6a9c2d6861b46\" class=\"wp-block-image size-full wp-lightbox-container\"><img decoding=\"async\" width=\"1800\" height=\"1350\" data-wp-class--hide=\"state.isContentHidden\" data-wp-class--show=\"state.isContentVisible\" data-wp-init=\"callbacks.setButtonStyles\" data-wp-on--click=\"actions.showLightbox\" data-wp-on--load=\"callbacks.setButtonStyles\" data-wp-on--pointerdown=\"actions.preloadImage\" data-wp-on--pointerenter=\"actions.preloadImageWithDelay\" data-wp-on--pointerleave=\"actions.cancelPreload\" data-wp-on-window--resize=\"callbacks.setButtonStyles\" src=\"https:\/\/loudavymkrokem.cz\/wp-content\/uploads\/2026\/09\/nemecko-clanky-termaly-nemecko-08-779c2251.jpg\" alt=\"Entrada da Therme Bad Aibling com c\u00fapula de vidro\" class=\"wp-image-415295\" title=\"\" srcset=\"https:\/\/loudavymkrokem.cz\/wp-content\/uploads\/2026\/09\/nemecko-clanky-termaly-nemecko-08-779c2251.jpg 1800w, https:\/\/loudavymkrokem.cz\/wp-content\/uploads\/2026\/09\/nemecko-clanky-termaly-nemecko-08-779c2251-300x225.jpg 300w, https:\/\/loudavymkrokem.cz\/wp-content\/uploads\/2026\/09\/nemecko-clanky-termaly-nemecko-08-779c2251-700x525.jpg 700w, https:\/\/loudavymkrokem.cz\/wp-content\/uploads\/2026\/09\/nemecko-clanky-termaly-nemecko-08-779c2251-768x576.jpg 768w, https:\/\/loudavymkrokem.cz\/wp-content\/uploads\/2026\/09\/nemecko-clanky-termaly-nemecko-08-779c2251-1536x1152.jpg 1536w, https:\/\/loudavymkrokem.cz\/wp-content\/uploads\/2026\/09\/nemecko-clanky-termaly-nemecko-08-779c2251-80x60.jpg 80w, https:\/\/loudavymkrokem.cz\/wp-content\/uploads\/2026\/09\/nemecko-clanky-termaly-nemecko-08-779c2251-160x120.jpg 160w, https:\/\/loudavymkrokem.cz\/wp-content\/uploads\/2026\/09\/nemecko-clanky-termaly-nemecko-08-779c2251-696x522.jpg 696w, https:\/\/loudavymkrokem.cz\/wp-content\/uploads\/2026\/09\/nemecko-clanky-termaly-nemecko-08-779c2251-1392x1044.jpg 1392w\" sizes=\"(max-width: 1800px) 100vw, 1800px\" \/><button\n\t\t\tclass=\"lightbox-trigger\"\n\t\t\ttype=\"button\"\n\t\t\taria-haspopup=\"dialog\"\n\t\t\tdata-wp-bind--aria-label=\"state.thisImage.triggerButtonAriaLabel\"\n\t\t\tdata-wp-init=\"callbacks.initTriggerButton\"\n\t\t\tdata-wp-on--click=\"actions.showLightbox\"\n\t\t\tdata-wp-style--right=\"state.thisImage.buttonRight\"\n\t\t\tdata-wp-style--top=\"state.thisImage.buttonTop\"\n\t\t>\n\t\t\t<svg xmlns=\"http:\/\/www.w3.org\/2000\/svg\" width=\"12\" height=\"12\" fill=\"none\" viewBox=\"0 0 12 12\">\n\t\t\t\t<path fill=\"#fff\" d=\"M2 0a2 2 0 0 0-2 2v2h1.5V2a.5.5 0 0 1 .5-.5h2V0H2Zm2 10.5H2a.5.5 0 0 1-.5-.5V8H0v2a2 2 0 0 0 2 2h2v-1.5ZM8 12v-1.5h2a.5.5 0 0 0 .5-.5V8H12v2a2 2 0 0 1-2 2H8Zm2-12a2 2 0 0 1 2 2v2h-1.5V2a.5.5 0 0 0-.5-.5H8V0h2Z\" \/>\n\t\t\t<\/svg>\n\t\t<\/button><\/figure>\n\n\n\n<h3 class=\"wp-block-heading\"><span class=\"ez-toc-section\" id=\"3_Therme_Bad_Aibling_Bad_Aibling\"><\/span>3. Therme Bad Aibling (Bad Aibling)<span class=\"ez-toc-section-end\"><\/span><\/h3>\n\n\n\n<p class=\"wp-block-paragraph\">Uma experi\u00eancia totalmente inusitada te espera em Bad Aibling, onde o complexo \u00e9 constru\u00eddo em forma de c\u00fapulas interligadas. Em uma delas, de 11 metros de di\u00e2metro, <strong>7 videoprojetores projetam uma imagem de 135 metros quadrados<\/strong> diretamente na parte interna da ab\u00f3bada. Toda a paisagem termal se mescla delicadamente \u00e0 topografia do terreno ao redor e se estende por incr\u00edveis <strong>10.000 metros quadrados<\/strong>, dos quais mais de 600 s\u00e3o espelhos d&#8217;\u00e1gua.<\/p>\n\n\n\n<p class=\"wp-block-paragraph\">Nas c\u00fapulas fechadas de formas diferentes voc\u00ea aproveita um descanso meditativo na \u00e1gua termal, que tem lindos <strong>32 a 36 \u00b0C<\/strong>. Uma peculiaridade \u00e9 a sauna, que usa o princ\u00edpio Physiotherm: um suor suave de dentro para fora \u00e9 garantido j\u00e1 a temperaturas a partir de 30 \u00b0C. \u00c9 provavelmente a escolha ideal para quem n\u00e3o se d\u00e1 bem com as saunas quentes cl\u00e1ssicas por causa da circula\u00e7\u00e3o.<\/p>\n\n\n\n<p class=\"wp-block-paragraph\">Segundo a tabela de 2026, a entrada de quatro horas para adultos custa <strong>28 EUR<\/strong> e o ingresso de dia inteiro sai por 33 EUR. Se quiser aproveitar tamb\u00e9m a sauna, voc\u00ea paga 6 EUR a mais. Crian\u00e7as e jovens de at\u00e9 14 anos s\u00f3 entram acompanhados de um adulto. <strong>\ud83d\udca1 Dica:<\/strong> vale muito comprar no local a cerim\u00f4nia de lama (Moorzeremonie) por 7 EUR ou o gostoso peeling de sal por 4 EUR, sua pele agradece.<\/p>\n\n\n\n<figure data-wp-context=\"{&quot;imageId&quot;:&quot;6a9c2d6862399&quot;}\" data-wp-interactive=\"core\/image\" data-wp-key=\"6a9c2d6862399\" class=\"wp-block-image size-full wp-lightbox-container\"><img decoding=\"async\" width=\"1800\" height=\"1800\" data-wp-class--hide=\"state.isContentHidden\" data-wp-class--show=\"state.isContentVisible\" data-wp-init=\"callbacks.setButtonStyles\" data-wp-on--click=\"actions.showLightbox\" data-wp-on--load=\"callbacks.setButtonStyles\" data-wp-on--pointerdown=\"actions.preloadImage\" data-wp-on--pointerenter=\"actions.preloadImageWithDelay\" data-wp-on--pointerleave=\"actions.cancelPreload\" data-wp-on-window--resize=\"callbacks.setButtonStyles\" src=\"https:\/\/loudavymkrokem.cz\/wp-content\/uploads\/2026\/09\/nemecko-clanky-termaly-nemecko-09-cf7ab67f.jpg\" alt=\"KissSalis Therme (Bad Kissingen): piscina ao ar livre\" class=\"wp-image-415296\" title=\"\" srcset=\"https:\/\/loudavymkrokem.cz\/wp-content\/uploads\/2026\/09\/nemecko-clanky-termaly-nemecko-09-cf7ab67f.jpg 1800w, https:\/\/loudavymkrokem.cz\/wp-content\/uploads\/2026\/09\/nemecko-clanky-termaly-nemecko-09-cf7ab67f-300x300.jpg 300w, https:\/\/loudavymkrokem.cz\/wp-content\/uploads\/2026\/09\/nemecko-clanky-termaly-nemecko-09-cf7ab67f-700x700.jpg 700w, https:\/\/loudavymkrokem.cz\/wp-content\/uploads\/2026\/09\/nemecko-clanky-termaly-nemecko-09-cf7ab67f-150x150.jpg 150w, https:\/\/loudavymkrokem.cz\/wp-content\/uploads\/2026\/09\/nemecko-clanky-termaly-nemecko-09-cf7ab67f-768x768.jpg 768w, https:\/\/loudavymkrokem.cz\/wp-content\/uploads\/2026\/09\/nemecko-clanky-termaly-nemecko-09-cf7ab67f-1536x1536.jpg 1536w, https:\/\/loudavymkrokem.cz\/wp-content\/uploads\/2026\/09\/nemecko-clanky-termaly-nemecko-09-cf7ab67f-696x696.jpg 696w, https:\/\/loudavymkrokem.cz\/wp-content\/uploads\/2026\/09\/nemecko-clanky-termaly-nemecko-09-cf7ab67f-1392x1392.jpg 1392w\" sizes=\"(max-width: 1800px) 100vw, 1800px\" \/><button\n\t\t\tclass=\"lightbox-trigger\"\n\t\t\ttype=\"button\"\n\t\t\taria-haspopup=\"dialog\"\n\t\t\tdata-wp-bind--aria-label=\"state.thisImage.triggerButtonAriaLabel\"\n\t\t\tdata-wp-init=\"callbacks.initTriggerButton\"\n\t\t\tdata-wp-on--click=\"actions.showLightbox\"\n\t\t\tdata-wp-style--right=\"state.thisImage.buttonRight\"\n\t\t\tdata-wp-style--top=\"state.thisImage.buttonTop\"\n\t\t>\n\t\t\t<svg xmlns=\"http:\/\/www.w3.org\/2000\/svg\" width=\"12\" height=\"12\" fill=\"none\" viewBox=\"0 0 12 12\">\n\t\t\t\t<path fill=\"#fff\" d=\"M2 0a2 2 0 0 0-2 2v2h1.5V2a.5.5 0 0 1 .5-.5h2V0H2Zm2 10.5H2a.5.5 0 0 1-.5-.5V8H0v2a2 2 0 0 0 2 2h2v-1.5ZM8 12v-1.5h2a.5.5 0 0 0 .5-.5V8H12v2a2 2 0 0 1-2 2H8Zm2-12a2 2 0 0 1 2 2v2h-1.5V2a.5.5 0 0 0-.5-.5H8V0h2Z\" \/>\n\t\t\t<\/svg>\n\t\t<\/button><\/figure>\n\n\n\n<h3 class=\"wp-block-heading\"><span class=\"ez-toc-section\" id=\"4_KissSalis_Therme_Bad_Kissingen\"><\/span>4. KissSalis Therme (Bad Kissingen)<span class=\"ez-toc-section-end\"><\/span><\/h3>\n\n\n\n<p class=\"wp-block-paragraph\">V\u00e1 a essas termas em Bad Kissingen se voc\u00ea procura um complexo realmente amplo e variado. Ele se estende por uma \u00e1rea de <strong>8.000 metros quadrados<\/strong> e voc\u00ea encontra ali um total de 10 piscinas internas e externas. A grande maioria delas \u00e9 abastecida com valiosa \u00e1gua termal direto de Bad Kissingen. A pr\u00f3pria paisagem termal interna, que oferece generosos 1.000 metros quadrados de espelho d&#8217;\u00e1gua, te aquece com \u00e1gua a <strong>32 a 38 \u00b0C<\/strong>.<\/p>\n\n\n\n<p class=\"wp-block-paragraph\">O cora\u00e7\u00e3o do complexo \u00e9 a grande piscina interna com espregui\u00e7adeiras de massagem e cachoeira, \u00e0 qual se conectam dois whirlpools com temperatura de at\u00e9 38 \u00b0C. L\u00e1 fora voc\u00ea vai amar a piscina externa aquecida, o canal de corrente e a piscina especial de sal intenso, que tem <strong>concentra\u00e7\u00e3o de sal de 6 a 8%<\/strong> e na qual d\u00e1 para flutuar maravilhosamente sob o c\u00e9u estrelado. Para refrescar servem muito bem a piscina fria de 18 \u00b0C ou os caminhos alternados de Kneipp, onde as pedrinhas massageiam agradavelmente os pontos reflexos dos p\u00e9s.<\/p>\n\n\n\n<p class=\"wp-block-paragraph\">O parque de saunas \u00e9 aqui um verdadeiro o\u00e1sis de paz, com um amplo jardim de saunas. Ele oferece um total de <strong>9 saunas e banhos de vapor diferentes<\/strong>, onde acontecem in\u00fameros rituais. Se voc\u00ea aguenta alta umidade, experimente o banho de vapor envidra\u00e7ado com temperatura de 47 \u00b0C e 100% de umidade do ar. <strong>\ud83d\udca1 Dica:<\/strong> n\u00e3o esque\u00e7a de ir \u00e0 inala\u00e7\u00e3o de sal, onde a 40 a 45 \u00b0C pinga salmoura natural, o que relaxa fantasticamente as vias respirat\u00f3rias.<\/p>\n\n\n\n<figure data-wp-context=\"{&quot;imageId&quot;:&quot;6a9c2d6862e84&quot;}\" data-wp-interactive=\"core\/image\" data-wp-key=\"6a9c2d6862e84\" class=\"wp-block-image size-full wp-lightbox-container\"><img decoding=\"async\" width=\"1800\" height=\"1200\" data-wp-class--hide=\"state.isContentHidden\" data-wp-class--show=\"state.isContentVisible\" data-wp-init=\"callbacks.setButtonStyles\" data-wp-on--click=\"actions.showLightbox\" data-wp-on--load=\"callbacks.setButtonStyles\" data-wp-on--pointerdown=\"actions.preloadImage\" data-wp-on--pointerenter=\"actions.preloadImageWithDelay\" data-wp-on--pointerleave=\"actions.cancelPreload\" data-wp-on-window--resize=\"callbacks.setButtonStyles\" src=\"https:\/\/loudavymkrokem.cz\/wp-content\/uploads\/2026\/09\/nemecko-clanky-termaly-nemecko-10-62b37e1f.jpg\" alt=\"Hotel Victory Therme Erding (Erding)\" class=\"wp-image-415297\" title=\"\" srcset=\"https:\/\/loudavymkrokem.cz\/wp-content\/uploads\/2026\/09\/nemecko-clanky-termaly-nemecko-10-62b37e1f.jpg 1800w, https:\/\/loudavymkrokem.cz\/wp-content\/uploads\/2026\/09\/nemecko-clanky-termaly-nemecko-10-62b37e1f-300x200.jpg 300w, https:\/\/loudavymkrokem.cz\/wp-content\/uploads\/2026\/09\/nemecko-clanky-termaly-nemecko-10-62b37e1f-700x467.jpg 700w, https:\/\/loudavymkrokem.cz\/wp-content\/uploads\/2026\/09\/nemecko-clanky-termaly-nemecko-10-62b37e1f-768x512.jpg 768w, https:\/\/loudavymkrokem.cz\/wp-content\/uploads\/2026\/09\/nemecko-clanky-termaly-nemecko-10-62b37e1f-1536x1024.jpg 1536w, https:\/\/loudavymkrokem.cz\/wp-content\/uploads\/2026\/09\/nemecko-clanky-termaly-nemecko-10-62b37e1f-696x464.jpg 696w, https:\/\/loudavymkrokem.cz\/wp-content\/uploads\/2026\/09\/nemecko-clanky-termaly-nemecko-10-62b37e1f-1392x928.jpg 1392w\" sizes=\"(max-width: 1800px) 100vw, 1800px\" \/><button\n\t\t\tclass=\"lightbox-trigger\"\n\t\t\ttype=\"button\"\n\t\t\taria-haspopup=\"dialog\"\n\t\t\tdata-wp-bind--aria-label=\"state.thisImage.triggerButtonAriaLabel\"\n\t\t\tdata-wp-init=\"callbacks.initTriggerButton\"\n\t\t\tdata-wp-on--click=\"actions.showLightbox\"\n\t\t\tdata-wp-style--right=\"state.thisImage.buttonRight\"\n\t\t\tdata-wp-style--top=\"state.thisImage.buttonTop\"\n\t\t>\n\t\t\t<svg xmlns=\"http:\/\/www.w3.org\/2000\/svg\" width=\"12\" height=\"12\" fill=\"none\" viewBox=\"0 0 12 12\">\n\t\t\t\t<path fill=\"#fff\" d=\"M2 0a2 2 0 0 0-2 2v2h1.5V2a.5.5 0 0 1 .5-.5h2V0H2Zm2 10.5H2a.5.5 0 0 1-.5-.5V8H0v2a2 2 0 0 0 2 2h2v-1.5ZM8 12v-1.5h2a.5.5 0 0 0 .5-.5V8H12v2a2 2 0 0 1-2 2H8Zm2-12a2 2 0 0 1 2 2v2h-1.5V2a.5.5 0 0 0-.5-.5H8V0h2Z\" \/>\n\t\t\t<\/svg>\n\t\t<\/button><\/figure>\n\n\n\n<h3 class=\"wp-block-heading\"><span class=\"ez-toc-section\" id=\"5_Hotel_Victory_Therme_Erding_Erding\"><\/span>5. Hotel Victory Therme Erding (Erding)<span class=\"ez-toc-section-end\"><\/span><\/h3>\n\n\n\n<p class=\"wp-block-paragraph\">Aqui \u00e9 preciso dizer logo de cara que n\u00e3o se trata de umas termas p\u00fablicas cl\u00e1ssicas, mas de um <strong>hotel de luxo situado dentro do complexo<\/strong> das famosas termas Therme Erding. A arquitetura do pr\u00e9dio \u00e9 de tirar o f\u00f4lego, porque por fora ele parece uma r\u00e9plica perfeita do hist\u00f3rico navio HMS Victory combinado com um suntuoso pal\u00e1cio veneziano. \u00c9 provavelmente a hospedagem mais rom\u00e2ntica que voc\u00ea pode viver nas termas alem\u00e3s.<\/p>\n\n\n\n<p class=\"wp-block-paragraph\">Os h\u00f3spedes t\u00eam \u00e0 disposi\u00e7\u00e3o <strong>128 quartos tem\u00e1ticos<\/strong>, divididos em sete categorias diferentes. Voc\u00ea pode dormir nas chamadas Captain&#8217;s Cabins, que oferecem camas de navio e uma linda vista panor\u00e2mica direto para a piscina de ondas tropicais. Se prefere a eleg\u00e2ncia italiana, escolha os quartos Serenissima em estilo veneziano, com grandes portas de loggia.<\/p>\n\n\n\n<p class=\"wp-block-paragraph\">A enorme vantagem \u00e9 que do lobby do hotel voc\u00ea chega de roup\u00e3o direto \u00e0 piscina de ondas. E na di\u00e1ria j\u00e1 est\u00e1 inclu\u00edda a <strong>entrada nas termas<\/strong>, inclusive nas zonas tranquilas VitalOase e VitalTherme &#038; Saunen. Serve tanto para casais quanto para fam\u00edlias em busca de uma experi\u00eancia diferente. <strong>\ud83d\udca1 Dica:<\/strong> muito cuidado ao reservar: o site oficial \u00e9 therme-erding.de, enquanto a p\u00e1gina hotelerding.com \u00e9 apenas um comparador de hospedagens e n\u00e3o pertence diretamente ao hotel.<\/p>\n\n\n\n<figure data-wp-context=\"{&quot;imageId&quot;:&quot;6a9c2d68638ce&quot;}\" data-wp-interactive=\"core\/image\" data-wp-key=\"6a9c2d68638ce\" class=\"wp-block-image size-full wp-lightbox-container\"><img decoding=\"async\" width=\"1800\" height=\"2400\" data-wp-class--hide=\"state.isContentHidden\" data-wp-class--show=\"state.isContentVisible\" data-wp-init=\"callbacks.setButtonStyles\" data-wp-on--click=\"actions.showLightbox\" data-wp-on--load=\"callbacks.setButtonStyles\" data-wp-on--pointerdown=\"actions.preloadImage\" data-wp-on--pointerenter=\"actions.preloadImageWithDelay\" data-wp-on--pointerleave=\"actions.cancelPreload\" data-wp-on-window--resize=\"callbacks.setButtonStyles\" src=\"https:\/\/loudavymkrokem.cz\/wp-content\/uploads\/2026\/09\/nemecko-clanky-termaly-nemecko-11-338dff9e.jpg\" alt=\"Franken-Therme (Bad Windsheim)\" class=\"wp-image-415298\" title=\"\" srcset=\"https:\/\/loudavymkrokem.cz\/wp-content\/uploads\/2026\/09\/nemecko-clanky-termaly-nemecko-11-338dff9e.jpg 1800w, https:\/\/loudavymkrokem.cz\/wp-content\/uploads\/2026\/09\/nemecko-clanky-termaly-nemecko-11-338dff9e-225x300.jpg 225w, https:\/\/loudavymkrokem.cz\/wp-content\/uploads\/2026\/09\/nemecko-clanky-termaly-nemecko-11-338dff9e-700x933.jpg 700w, https:\/\/loudavymkrokem.cz\/wp-content\/uploads\/2026\/09\/nemecko-clanky-termaly-nemecko-11-338dff9e-768x1024.jpg 768w, https:\/\/loudavymkrokem.cz\/wp-content\/uploads\/2026\/09\/nemecko-clanky-termaly-nemecko-11-338dff9e-1152x1536.jpg 1152w, https:\/\/loudavymkrokem.cz\/wp-content\/uploads\/2026\/09\/nemecko-clanky-termaly-nemecko-11-338dff9e-1536x2048.jpg 1536w, https:\/\/loudavymkrokem.cz\/wp-content\/uploads\/2026\/09\/nemecko-clanky-termaly-nemecko-11-338dff9e-696x928.jpg 696w, https:\/\/loudavymkrokem.cz\/wp-content\/uploads\/2026\/09\/nemecko-clanky-termaly-nemecko-11-338dff9e-1392x1856.jpg 1392w\" sizes=\"(max-width: 1800px) 100vw, 1800px\" \/><button\n\t\t\tclass=\"lightbox-trigger\"\n\t\t\ttype=\"button\"\n\t\t\taria-haspopup=\"dialog\"\n\t\t\tdata-wp-bind--aria-label=\"state.thisImage.triggerButtonAriaLabel\"\n\t\t\tdata-wp-init=\"callbacks.initTriggerButton\"\n\t\t\tdata-wp-on--click=\"actions.showLightbox\"\n\t\t\tdata-wp-style--right=\"state.thisImage.buttonRight\"\n\t\t\tdata-wp-style--top=\"state.thisImage.buttonTop\"\n\t\t>\n\t\t\t<svg xmlns=\"http:\/\/www.w3.org\/2000\/svg\" width=\"12\" height=\"12\" fill=\"none\" viewBox=\"0 0 12 12\">\n\t\t\t\t<path fill=\"#fff\" d=\"M2 0a2 2 0 0 0-2 2v2h1.5V2a.5.5 0 0 1 .5-.5h2V0H2Zm2 10.5H2a.5.5 0 0 1-.5-.5V8H0v2a2 2 0 0 0 2 2h2v-1.5ZM8 12v-1.5h2a.5.5 0 0 0 .5-.5V8H12v2a2 2 0 0 1-2 2H8Zm2-12a2 2 0 0 1 2 2v2h-1.5V2a.5.5 0 0 0-.5-.5H8V0h2Z\" \/>\n\t\t\t<\/svg>\n\t\t<\/button><figcaption class=\"wp-element-caption\">Foto: Andreas Wolf 01 \/ Wikimedia Commons, CC BY 4.0<\/figcaption><\/figure>\n\n\n\n<h3 class=\"wp-block-heading\"><span class=\"ez-toc-section\" id=\"6_Franken-Therme_Bad_Windsheim\"><\/span>6. Franken-Therme (Bad Windsheim)<span class=\"ez-toc-section-end\"><\/span><\/h3>\n\n\n\n<p class=\"wp-block-paragraph\">Na cidadezinha b\u00e1vara de Bad Windsheim te espera uma experi\u00eancia como a do Mar Morto. O orgulho local \u00e9 uma zona especial com um lago salgado artificial, que tem uma <strong>salinidade extrema de 26,9%<\/strong>. A \u00e1gua \u00e9 aquecida a agrad\u00e1veis 26 a 30 \u00b0C e, gra\u00e7as \u00e0 enorme densidade de sal, voc\u00ea flutua na superf\u00edcie sem qualquer esfor\u00e7o. Essa salmoura termal \u00e9 bombeada de uma fonte a apenas 200 metros do complexo.<\/p>\n\n\n\n<p class=\"wp-block-paragraph\">Al\u00e9m desse lago extremamente salgado, voc\u00ea encontra ali outras duas piscinas internas com 12% de sal e \u00e1gua quente de 34 a 36 \u00b0C. Os sal\u00f5es de banho cl\u00e1ssicos oferecem ent\u00e3o <strong>tr\u00eas piscinas termais de sal<\/strong> com concentra\u00e7\u00e3o de 1,5 a 4% e uma piscina ao ar livre. O complexo, inaugurado em dezembro de 2005 por quase 19 milh\u00f5es de euros e depois ampliado, tem um ar bem moderno e arejado.<\/p>\n\n\n\n<p class=\"wp-block-paragraph\">N\u00e3o faltam ali tamb\u00e9m dois banhos de vapor com roupa de banho e amplas salas de descanso. Voc\u00ea ainda pode se dar ao luxo de diversos tratamentos de wellness, que duram de <strong>20 a 120 minutos<\/strong>. Tudo isso funciona como um b\u00e1lsamo incr\u00edvel para o corpo cansado e para a pele. <strong>\ud83d\udca1 Dica:<\/strong> depois do banho no lago mais salgado, v\u00e1 sempre direto tomar um banho de chuveiro, porque os cristais de sal, ao secar, causam uma coceira bem desagrad\u00e1vel na pele.<\/p>\n\n\n\n<figure data-wp-context=\"{&quot;imageId&quot;:&quot;6a9c2d6863f46&quot;}\" data-wp-interactive=\"core\/image\" data-wp-key=\"6a9c2d6863f46\" class=\"wp-block-image size-full wp-lightbox-container\"><img decoding=\"async\" width=\"1800\" height=\"1200\" data-wp-class--hide=\"state.isContentHidden\" data-wp-class--show=\"state.isContentVisible\" data-wp-init=\"callbacks.setButtonStyles\" data-wp-on--click=\"actions.showLightbox\" data-wp-on--load=\"callbacks.setButtonStyles\" data-wp-on--pointerdown=\"actions.preloadImage\" data-wp-on--pointerenter=\"actions.preloadImageWithDelay\" data-wp-on--pointerleave=\"actions.cancelPreload\" data-wp-on-window--resize=\"callbacks.setButtonStyles\" src=\"https:\/\/loudavymkrokem.cz\/wp-content\/uploads\/2026\/09\/nemecko-clanky-termaly-nemecko-12-c567f0aa.jpg\" alt=\"Piscina ao ar livre da K\u00f6nigliche Kristall-Therme em Schwangau com vista para os Alpes\" class=\"wp-image-415476\" title=\"\" srcset=\"https:\/\/loudavymkrokem.cz\/wp-content\/uploads\/2026\/09\/nemecko-clanky-termaly-nemecko-12-c567f0aa.jpg 1800w, https:\/\/loudavymkrokem.cz\/wp-content\/uploads\/2026\/09\/nemecko-clanky-termaly-nemecko-12-c567f0aa-300x200.jpg 300w, https:\/\/loudavymkrokem.cz\/wp-content\/uploads\/2026\/09\/nemecko-clanky-termaly-nemecko-12-c567f0aa-700x467.jpg 700w, https:\/\/loudavymkrokem.cz\/wp-content\/uploads\/2026\/09\/nemecko-clanky-termaly-nemecko-12-c567f0aa-768x512.jpg 768w, https:\/\/loudavymkrokem.cz\/wp-content\/uploads\/2026\/09\/nemecko-clanky-termaly-nemecko-12-c567f0aa-1536x1024.jpg 1536w, https:\/\/loudavymkrokem.cz\/wp-content\/uploads\/2026\/09\/nemecko-clanky-termaly-nemecko-12-c567f0aa-696x464.jpg 696w, https:\/\/loudavymkrokem.cz\/wp-content\/uploads\/2026\/09\/nemecko-clanky-termaly-nemecko-12-c567f0aa-1392x928.jpg 1392w\" sizes=\"(max-width: 1800px) 100vw, 1800px\" \/><button\n\t\t\tclass=\"lightbox-trigger\"\n\t\t\ttype=\"button\"\n\t\t\taria-haspopup=\"dialog\"\n\t\t\tdata-wp-bind--aria-label=\"state.thisImage.triggerButtonAriaLabel\"\n\t\t\tdata-wp-init=\"callbacks.initTriggerButton\"\n\t\t\tdata-wp-on--click=\"actions.showLightbox\"\n\t\t\tdata-wp-style--right=\"state.thisImage.buttonRight\"\n\t\t\tdata-wp-style--top=\"state.thisImage.buttonTop\"\n\t\t>\n\t\t\t<svg xmlns=\"http:\/\/www.w3.org\/2000\/svg\" width=\"12\" height=\"12\" fill=\"none\" viewBox=\"0 0 12 12\">\n\t\t\t\t<path fill=\"#fff\" d=\"M2 0a2 2 0 0 0-2 2v2h1.5V2a.5.5 0 0 1 .5-.5h2V0H2Zm2 10.5H2a.5.5 0 0 1-.5-.5V8H0v2a2 2 0 0 0 2 2h2v-1.5ZM8 12v-1.5h2a.5.5 0 0 0 .5-.5V8H12v2a2 2 0 0 1-2 2H8Zm2-12a2 2 0 0 1 2 2v2h-1.5V2a.5.5 0 0 0-.5-.5H8V0h2Z\" \/>\n\t\t\t<\/svg>\n\t\t<\/button><\/figure>\n\n\n\n<h3 class=\"wp-block-heading\"><span class=\"ez-toc-section\" id=\"7_Konigliche_Kristall-Therme_Schwangau\"><\/span>7. K\u00f6nigliche Kristall-Therme (Schwangau)<span class=\"ez-toc-section-end\"><\/span><\/h3>\n\n\n\n<p class=\"wp-block-paragraph\">Esse lugar em Schwangau te encanta s\u00f3 pela localiza\u00e7\u00e3o, porque direto das piscinas termais voc\u00ea aproveita uma <strong>vista panor\u00e2mica<\/strong> da paisagem ao redor e, no inverno, dos Alpes cobertos de neve. Toda a \u00e1rea de descanso e termal se estende por respeit\u00e1veis 14.000 metros quadrados. A \u00e1gua termal local cont\u00e9m 2,5% de sal e, gra\u00e7as \u00e0 temperatura de cerca de 34 \u00b0C, age na pele como um peeling suave, deixando-a visivelmente mais macia depois do banho.<\/p>\n\n\n\n<p class=\"wp-block-paragraph\">As piscinas externas e internas te aquecem com \u00e1gua a temperaturas entre 32 e 36 \u00b0C. Absolutamente incr\u00edveis s\u00e3o os jatos de massagem locais, que amassam suavemente as costas, as pernas, a barriga e os gl\u00fateos. Os amantes de sauna se realizam aqui: o complexo esconde <strong>5 saunas tem\u00e1ticas<\/strong> com temperaturas de 60 a 100 \u00b0C, tr\u00eas internas e duas externas. Al\u00e9m disso, voc\u00ea encontra um hamam otomano e dois banhos de vapor com temperatura de at\u00e9 48 \u00b0C.<\/p>\n\n\n\n<p class=\"wp-block-paragraph\">Segundo a tabela de 2026, a tarifa noturna (Feierabendtarif) a partir das 18h custa <strong>19 EUR<\/strong> para adulto s\u00f3 para as termas e <strong>26 EUR<\/strong> na variante com Wohlf\u00fchltherme e Zauberberg. \u00c9 um lugar ideal para uma fuga rom\u00e2ntica a dois. <strong>\ud83d\udca1 Dica:<\/strong> a tarifa noturna vale o ano todo, mas aten\u00e7\u00e3o, ela n\u00e3o \u00e9 aceita nos fins de semana nem durante os feriados b\u00e1varos.<\/p>\n\n\n\n<figure data-wp-context=\"{&quot;imageId&quot;:&quot;6a9c2d68646fe&quot;}\" data-wp-interactive=\"core\/image\" data-wp-key=\"6a9c2d68646fe\" class=\"wp-block-image size-full wp-lightbox-container\"><img decoding=\"async\" width=\"1714\" height=\"2560\" data-wp-class--hide=\"state.isContentHidden\" data-wp-class--show=\"state.isContentVisible\" data-wp-init=\"callbacks.setButtonStyles\" data-wp-on--click=\"actions.showLightbox\" data-wp-on--load=\"callbacks.setButtonStyles\" data-wp-on--pointerdown=\"actions.preloadImage\" data-wp-on--pointerenter=\"actions.preloadImageWithDelay\" data-wp-on--pointerleave=\"actions.cancelPreload\" data-wp-on-window--resize=\"callbacks.setButtonStyles\" src=\"https:\/\/loudavymkrokem.cz\/wp-content\/uploads\/2026\/09\/nemecko-clanky-termaly-nemecko-13-83289bd6-scaled.jpg\" alt=\"Limes-Therme (Bad G\u00f6gging): \u00e1rea de saunas\" class=\"wp-image-415302\" title=\"\" srcset=\"https:\/\/loudavymkrokem.cz\/wp-content\/uploads\/2026\/09\/nemecko-clanky-termaly-nemecko-13-83289bd6-scaled.jpg 1714w, https:\/\/loudavymkrokem.cz\/wp-content\/uploads\/2026\/09\/nemecko-clanky-termaly-nemecko-13-83289bd6-201x300.jpg 201w, https:\/\/loudavymkrokem.cz\/wp-content\/uploads\/2026\/09\/nemecko-clanky-termaly-nemecko-13-83289bd6-700x1045.jpg 700w, https:\/\/loudavymkrokem.cz\/wp-content\/uploads\/2026\/09\/nemecko-clanky-termaly-nemecko-13-83289bd6-768x1147.jpg 768w, https:\/\/loudavymkrokem.cz\/wp-content\/uploads\/2026\/09\/nemecko-clanky-termaly-nemecko-13-83289bd6-1029x1536.jpg 1029w, https:\/\/loudavymkrokem.cz\/wp-content\/uploads\/2026\/09\/nemecko-clanky-termaly-nemecko-13-83289bd6-1371x2048.jpg 1371w, https:\/\/loudavymkrokem.cz\/wp-content\/uploads\/2026\/09\/nemecko-clanky-termaly-nemecko-13-83289bd6-696x1039.jpg 696w, https:\/\/loudavymkrokem.cz\/wp-content\/uploads\/2026\/09\/nemecko-clanky-termaly-nemecko-13-83289bd6-1392x2079.jpg 1392w\" sizes=\"(max-width: 1714px) 100vw, 1714px\" \/><button\n\t\t\tclass=\"lightbox-trigger\"\n\t\t\ttype=\"button\"\n\t\t\taria-haspopup=\"dialog\"\n\t\t\tdata-wp-bind--aria-label=\"state.thisImage.triggerButtonAriaLabel\"\n\t\t\tdata-wp-init=\"callbacks.initTriggerButton\"\n\t\t\tdata-wp-on--click=\"actions.showLightbox\"\n\t\t\tdata-wp-style--right=\"state.thisImage.buttonRight\"\n\t\t\tdata-wp-style--top=\"state.thisImage.buttonTop\"\n\t\t>\n\t\t\t<svg xmlns=\"http:\/\/www.w3.org\/2000\/svg\" width=\"12\" height=\"12\" fill=\"none\" viewBox=\"0 0 12 12\">\n\t\t\t\t<path fill=\"#fff\" d=\"M2 0a2 2 0 0 0-2 2v2h1.5V2a.5.5 0 0 1 .5-.5h2V0H2Zm2 10.5H2a.5.5 0 0 1-.5-.5V8H0v2a2 2 0 0 0 2 2h2v-1.5ZM8 12v-1.5h2a.5.5 0 0 0 .5-.5V8H12v2a2 2 0 0 1-2 2H8Zm2-12a2 2 0 0 1 2 2v2h-1.5V2a.5.5 0 0 0-.5-.5H8V0h2Z\" \/>\n\t\t\t<\/svg>\n\t\t<\/button><figcaption class=\"wp-element-caption\">Foto: Bad G\u00f6gging from Bad G\u00f6gging, Deutschland \/ Wikimedia Commons, CC BY 2.0<\/figcaption><\/figure>\n\n\n\n<h3 class=\"wp-block-heading\"><span class=\"ez-toc-section\" id=\"8_Limes-Therme_Bad_Gogging\"><\/span>8. Limes-Therme (Bad G\u00f6gging)<span class=\"ez-toc-section-end\"><\/span><\/h3>\n\n\n\n<p class=\"wp-block-paragraph\">Em Bad G\u00f6gging voc\u00ea encontra termas com ra\u00edzes bem profundas. A \u00e1gua curativa \u00e9 bombeada de uma respeit\u00e1vel <strong>profundidade de mais de 600 metros<\/strong> e est\u00e1 cheia de importantes oligoelementos. Al\u00e9m disso, o complexo ostenta tamb\u00e9m \u00e1gua sulfurosa, que jorra de uma profundidade de 120 metros e mant\u00e9m a temperatura natural de 13,5 \u00b0C e alto teor de enxofre. \u00c9 um complexo bem espec\u00edfico, que agrada principalmente os amantes do termalismo tranquilo.<\/p>\n\n\n\n<p class=\"wp-block-paragraph\">Os h\u00f3spedes t\u00eam \u00e0 disposi\u00e7\u00e3o um total de <strong>15 piscinas internas e externas<\/strong>, que juntas formam um espelho d&#8217;\u00e1gua de 1.250 metros quadrados. Nas piscinas termais a temperatura vai de refrescantes 28 \u00b0C a quentes 36 \u00b0C. Voc\u00ea encontra ali, por exemplo, tr\u00eas piscinas em n\u00edveis diferentes chamadas Nymph\u00e4a ou uma piscina terap\u00eautica especial. O ponto alto \u00e9 a sauna romana, que oferece salas quentes aquecidas a at\u00e9 90 \u00b0C, piscinas de resfriamento e zonas de lavagem.<\/p>\n\n\n\n<p class=\"wp-block-paragraph\">Segundo a tabela de 2026, o ingresso noturno de tr\u00eas horas a partir das 17h sai por <strong>15 EUR<\/strong>. Se voc\u00ea quiser experimentar tamb\u00e9m a citada sauna romana, paga mais 7 EUR \u00e0 tarifa. Todo o complexo \u00e9 ainda cercado por um jardim id\u00edlico de 600 metros quadrados. <strong>\ud83d\udca1 Dica:<\/strong> nos meses de ver\u00e3o, reserve um tempo justamente para descansar nesse enorme jardim, o sossego e a tranquilidade ali s\u00e3o incr\u00edveis.<\/p>\n\n\n\n<figure data-wp-context=\"{&quot;imageId&quot;:&quot;6a9c2d686529b&quot;}\" data-wp-interactive=\"core\/image\" data-wp-key=\"6a9c2d686529b\" class=\"wp-block-image size-full wp-lightbox-container\"><img decoding=\"async\" width=\"1800\" height=\"1200\" data-wp-class--hide=\"state.isContentHidden\" data-wp-class--show=\"state.isContentVisible\" data-wp-init=\"callbacks.setButtonStyles\" data-wp-on--click=\"actions.showLightbox\" data-wp-on--load=\"callbacks.setButtonStyles\" data-wp-on--pointerdown=\"actions.preloadImage\" data-wp-on--pointerenter=\"actions.preloadImageWithDelay\" data-wp-on--pointerleave=\"actions.cancelPreload\" data-wp-on-window--resize=\"callbacks.setButtonStyles\" src=\"https:\/\/loudavymkrokem.cz\/wp-content\/uploads\/2026\/09\/nemecko-clanky-termaly-nemecko-14-1b6f61cf.jpg\" alt=\"Therme Bad Griesbach (Bad Griesbach)\" class=\"wp-image-415303\" title=\"\" srcset=\"https:\/\/loudavymkrokem.cz\/wp-content\/uploads\/2026\/09\/nemecko-clanky-termaly-nemecko-14-1b6f61cf.jpg 1800w, https:\/\/loudavymkrokem.cz\/wp-content\/uploads\/2026\/09\/nemecko-clanky-termaly-nemecko-14-1b6f61cf-300x200.jpg 300w, https:\/\/loudavymkrokem.cz\/wp-content\/uploads\/2026\/09\/nemecko-clanky-termaly-nemecko-14-1b6f61cf-700x467.jpg 700w, https:\/\/loudavymkrokem.cz\/wp-content\/uploads\/2026\/09\/nemecko-clanky-termaly-nemecko-14-1b6f61cf-768x512.jpg 768w, https:\/\/loudavymkrokem.cz\/wp-content\/uploads\/2026\/09\/nemecko-clanky-termaly-nemecko-14-1b6f61cf-1536x1024.jpg 1536w, https:\/\/loudavymkrokem.cz\/wp-content\/uploads\/2026\/09\/nemecko-clanky-termaly-nemecko-14-1b6f61cf-696x464.jpg 696w, https:\/\/loudavymkrokem.cz\/wp-content\/uploads\/2026\/09\/nemecko-clanky-termaly-nemecko-14-1b6f61cf-1392x928.jpg 1392w\" sizes=\"(max-width: 1800px) 100vw, 1800px\" \/><button\n\t\t\tclass=\"lightbox-trigger\"\n\t\t\ttype=\"button\"\n\t\t\taria-haspopup=\"dialog\"\n\t\t\tdata-wp-bind--aria-label=\"state.thisImage.triggerButtonAriaLabel\"\n\t\t\tdata-wp-init=\"callbacks.initTriggerButton\"\n\t\t\tdata-wp-on--click=\"actions.showLightbox\"\n\t\t\tdata-wp-style--right=\"state.thisImage.buttonRight\"\n\t\t\tdata-wp-style--top=\"state.thisImage.buttonTop\"\n\t\t>\n\t\t\t<svg xmlns=\"http:\/\/www.w3.org\/2000\/svg\" width=\"12\" height=\"12\" fill=\"none\" viewBox=\"0 0 12 12\">\n\t\t\t\t<path fill=\"#fff\" d=\"M2 0a2 2 0 0 0-2 2v2h1.5V2a.5.5 0 0 1 .5-.5h2V0H2Zm2 10.5H2a.5.5 0 0 1-.5-.5V8H0v2a2 2 0 0 0 2 2h2v-1.5ZM8 12v-1.5h2a.5.5 0 0 0 .5-.5V8H12v2a2 2 0 0 1-2 2H8Zm2-12a2 2 0 0 1 2 2v2h-1.5V2a.5.5 0 0 0-.5-.5H8V0h2Z\" \/>\n\t\t\t<\/svg>\n\t\t<\/button><\/figure>\n\n\n\n<h3 class=\"wp-block-heading\"><span class=\"ez-toc-section\" id=\"9_Therme_Bad_Griesbach_Bad_Griesbach\"><\/span>9. Therme Bad Griesbach (Bad Griesbach)<span class=\"ez-toc-section-end\"><\/span><\/h3>\n\n\n\n<p class=\"wp-block-paragraph\">Esse complexo as pessoas costumam procurar pelo nome da cidadezinha, mas oficialmente ele se chama THERME EINS. Sua raridade absoluta \u00e9 o mundo de saunas Saunahof, constru\u00eddo em uma <strong>original fazenda quadrangular do vale do Rott, do s\u00e9culo 18<\/strong>. A uni\u00e3o da velha arquitetura r\u00fastica com a experi\u00eancia de wellness moderna funciona aqui perfeitamente e cria uma atmosfera incrivelmente aconchegante.<\/p>\n\n\n\n<p class=\"wp-block-paragraph\">A pr\u00f3pria parte de banho oferece nada menos que <strong>12 piscinas termais<\/strong>, repletas de diversas atra\u00e7\u00f5es aqu\u00e1ticas. Voc\u00ea pode se deixar massagear sob cachoeiras, percorrer a pista de massagem ou simplesmente relaxar nas hidromassagens. A temperatura da \u00e1gua agrada a todo mundo, porque vai de agrad\u00e1veis 30 \u00b0C a incrivelmente quentes 42 \u00b0C.<\/p>\n\n\n\n<p class=\"wp-block-paragraph\">Na citada fazenda hist\u00f3rica se escondem ent\u00e3o sete saunas diferentes e n\u00e3o falta tamb\u00e9m o cl\u00e1ssico banho de vapor romano. \u00c9 um lugar feito sob medida para casais e amantes da sauna tradicional em um ambiente inusitado. <strong>\ud83d\udca1 Dica:<\/strong> ao digitar no GPS, procure realmente o nome THERME EINS, o nome oficial te leva ao estacionamento de forma bem mais confi\u00e1vel.<\/p>\n\n\n\n<figure data-wp-context=\"{&quot;imageId&quot;:&quot;6a9c2d6865a27&quot;}\" data-wp-interactive=\"core\/image\" data-wp-key=\"6a9c2d6865a27\" class=\"wp-block-image size-full wp-lightbox-container\"><img decoding=\"async\" width=\"1800\" height=\"843\" data-wp-class--hide=\"state.isContentHidden\" data-wp-class--show=\"state.isContentVisible\" data-wp-init=\"callbacks.setButtonStyles\" data-wp-on--click=\"actions.showLightbox\" data-wp-on--load=\"callbacks.setButtonStyles\" data-wp-on--pointerdown=\"actions.preloadImage\" data-wp-on--pointerenter=\"actions.preloadImageWithDelay\" data-wp-on--pointerleave=\"actions.cancelPreload\" data-wp-on-window--resize=\"callbacks.setButtonStyles\" src=\"https:\/\/loudavymkrokem.cz\/wp-content\/uploads\/2026\/09\/nemecko-clanky-termaly-nemecko-15-c78f7327.jpg\" alt=\"\u00c1rea externa de saunas da termas Titania em Neus\u00e4\u00df\" class=\"wp-image-415478\" title=\"\" srcset=\"https:\/\/loudavymkrokem.cz\/wp-content\/uploads\/2026\/09\/nemecko-clanky-termaly-nemecko-15-c78f7327.jpg 1800w, https:\/\/loudavymkrokem.cz\/wp-content\/uploads\/2026\/09\/nemecko-clanky-termaly-nemecko-15-c78f7327-300x141.jpg 300w, https:\/\/loudavymkrokem.cz\/wp-content\/uploads\/2026\/09\/nemecko-clanky-termaly-nemecko-15-c78f7327-700x328.jpg 700w, https:\/\/loudavymkrokem.cz\/wp-content\/uploads\/2026\/09\/nemecko-clanky-termaly-nemecko-15-c78f7327-768x360.jpg 768w, https:\/\/loudavymkrokem.cz\/wp-content\/uploads\/2026\/09\/nemecko-clanky-termaly-nemecko-15-c78f7327-1536x719.jpg 1536w, https:\/\/loudavymkrokem.cz\/wp-content\/uploads\/2026\/09\/nemecko-clanky-termaly-nemecko-15-c78f7327-696x326.jpg 696w, https:\/\/loudavymkrokem.cz\/wp-content\/uploads\/2026\/09\/nemecko-clanky-termaly-nemecko-15-c78f7327-1392x652.jpg 1392w\" sizes=\"(max-width: 1800px) 100vw, 1800px\" \/><button\n\t\t\tclass=\"lightbox-trigger\"\n\t\t\ttype=\"button\"\n\t\t\taria-haspopup=\"dialog\"\n\t\t\tdata-wp-bind--aria-label=\"state.thisImage.triggerButtonAriaLabel\"\n\t\t\tdata-wp-init=\"callbacks.initTriggerButton\"\n\t\t\tdata-wp-on--click=\"actions.showLightbox\"\n\t\t\tdata-wp-style--right=\"state.thisImage.buttonRight\"\n\t\t\tdata-wp-style--top=\"state.thisImage.buttonTop\"\n\t\t>\n\t\t\t<svg xmlns=\"http:\/\/www.w3.org\/2000\/svg\" width=\"12\" height=\"12\" fill=\"none\" viewBox=\"0 0 12 12\">\n\t\t\t\t<path fill=\"#fff\" d=\"M2 0a2 2 0 0 0-2 2v2h1.5V2a.5.5 0 0 1 .5-.5h2V0H2Zm2 10.5H2a.5.5 0 0 1-.5-.5V8H0v2a2 2 0 0 0 2 2h2v-1.5ZM8 12v-1.5h2a.5.5 0 0 0 .5-.5V8H12v2a2 2 0 0 1-2 2H8Zm2-12a2 2 0 0 1 2 2v2h-1.5V2a.5.5 0 0 0-.5-.5H8V0h2Z\" \/>\n\t\t\t<\/svg>\n\t\t<\/button><\/figure>\n\n\n\n<h3 class=\"wp-block-heading\"><span class=\"ez-toc-section\" id=\"10_Titania_Neusas_Neusas\"><\/span>10. Titania Neus\u00e4\u00df (Neus\u00e4\u00df)<span class=\"ez-toc-section-end\"><\/span><\/h3>\n\n\n\n<p class=\"wp-block-paragraph\">O complexo de lazer e termal em Neus\u00e4\u00df \u00e9 um para\u00edso para os amantes de contrastes extremos de temperatura. O mundo de saunas oferece uma variedade enorme, que culmina na <strong>Kelosauna n\u00f3rdica de 95 \u00b0C<\/strong>. Al\u00e9m dela, voc\u00ea encontra ali uma sauna de pedra (85 \u00b0C), sauna de sal (90 \u00b0C), a sauna de terra Erdsauna (80 \u00b0C) ou a absolutamente \u00fanica sauna de cerveja Bierst\u00fcberl. \u00c9 provavelmente um dos centros de saunas mais criativos da regi\u00e3o.<\/p>\n\n\n\n<p class=\"wp-block-paragraph\">Al\u00e9m das saunas, a oferta rica de piscinas e banhos tamb\u00e9m agrada. Voc\u00ea pode se aquecer na piscina hamam com temperatura de 34 \u00b0C ou experimentar a piscina de imers\u00e3o quente. Para refrescar, serve muito bem a <strong>piscina de imers\u00e3o de 20 \u00b0C<\/strong>. Se prefere o calor mais \u00famido, v\u00e1 ao banho de vapor ou ao laconium, onde a temperatura se mant\u00e9m em agrad\u00e1veis 45 \u00b0C.<\/p>\n\n\n\n<p class=\"wp-block-paragraph\">Segundo a tabela de 2026, a entrada comum para adultos vai de <strong>18,50 EUR<\/strong> pela entrada mais curta at\u00e9 28 EUR. Os ingressos infantis custam de 12 a 21,50 EUR conforme a dura\u00e7\u00e3o da estadia. O complexo \u00e9 \u00f3timo para fam\u00edlias com crian\u00e7as maiores, que j\u00e1 conseguem apreciar a variedade das atra\u00e7\u00f5es locais. <strong>\ud83d\udca1 Dica:<\/strong> se voc\u00ea planeja vir com frequ\u00eancia, informe-se sobre as condi\u00e7\u00f5es do clube deles, com as chamadas Clubtarife o adulto paga a entrada por apenas 9,25 EUR.<\/p>\n\n\n\n<figure data-wp-context=\"{&quot;imageId&quot;:&quot;6a9c2d68660ce&quot;}\" data-wp-interactive=\"core\/image\" data-wp-key=\"6a9c2d68660ce\" class=\"wp-block-image size-full wp-lightbox-container\"><img decoding=\"async\" width=\"1800\" height=\"1200\" data-wp-class--hide=\"state.isContentHidden\" data-wp-class--show=\"state.isContentVisible\" data-wp-init=\"callbacks.setButtonStyles\" data-wp-on--click=\"actions.showLightbox\" data-wp-on--load=\"callbacks.setButtonStyles\" data-wp-on--pointerdown=\"actions.preloadImage\" data-wp-on--pointerenter=\"actions.preloadImageWithDelay\" data-wp-on--pointerleave=\"actions.cancelPreload\" data-wp-on-window--resize=\"callbacks.setButtonStyles\" src=\"https:\/\/loudavymkrokem.cz\/wp-content\/uploads\/2026\/09\/nemecko-clanky-termaly-nemecko-16-25ba2f69.jpg\" alt=\"Fackelmann Therme Hersbruck (Hersbruck)\" class=\"wp-image-415305\" title=\"\" srcset=\"https:\/\/loudavymkrokem.cz\/wp-content\/uploads\/2026\/09\/nemecko-clanky-termaly-nemecko-16-25ba2f69.jpg 1800w, https:\/\/loudavymkrokem.cz\/wp-content\/uploads\/2026\/09\/nemecko-clanky-termaly-nemecko-16-25ba2f69-300x200.jpg 300w, https:\/\/loudavymkrokem.cz\/wp-content\/uploads\/2026\/09\/nemecko-clanky-termaly-nemecko-16-25ba2f69-700x467.jpg 700w, https:\/\/loudavymkrokem.cz\/wp-content\/uploads\/2026\/09\/nemecko-clanky-termaly-nemecko-16-25ba2f69-768x512.jpg 768w, https:\/\/loudavymkrokem.cz\/wp-content\/uploads\/2026\/09\/nemecko-clanky-termaly-nemecko-16-25ba2f69-1536x1024.jpg 1536w, https:\/\/loudavymkrokem.cz\/wp-content\/uploads\/2026\/09\/nemecko-clanky-termaly-nemecko-16-25ba2f69-696x464.jpg 696w, https:\/\/loudavymkrokem.cz\/wp-content\/uploads\/2026\/09\/nemecko-clanky-termaly-nemecko-16-25ba2f69-1392x928.jpg 1392w\" sizes=\"(max-width: 1800px) 100vw, 1800px\" \/><button\n\t\t\tclass=\"lightbox-trigger\"\n\t\t\ttype=\"button\"\n\t\t\taria-haspopup=\"dialog\"\n\t\t\tdata-wp-bind--aria-label=\"state.thisImage.triggerButtonAriaLabel\"\n\t\t\tdata-wp-init=\"callbacks.initTriggerButton\"\n\t\t\tdata-wp-on--click=\"actions.showLightbox\"\n\t\t\tdata-wp-style--right=\"state.thisImage.buttonRight\"\n\t\t\tdata-wp-style--top=\"state.thisImage.buttonTop\"\n\t\t>\n\t\t\t<svg xmlns=\"http:\/\/www.w3.org\/2000\/svg\" width=\"12\" height=\"12\" fill=\"none\" viewBox=\"0 0 12 12\">\n\t\t\t\t<path fill=\"#fff\" d=\"M2 0a2 2 0 0 0-2 2v2h1.5V2a.5.5 0 0 1 .5-.5h2V0H2Zm2 10.5H2a.5.5 0 0 1-.5-.5V8H0v2a2 2 0 0 0 2 2h2v-1.5ZM8 12v-1.5h2a.5.5 0 0 0 .5-.5V8H12v2a2 2 0 0 1-2 2H8Zm2-12a2 2 0 0 1 2 2v2h-1.5V2a.5.5 0 0 0-.5-.5H8V0h2Z\" \/>\n\t\t\t<\/svg>\n\t\t<\/button><figcaption class=\"wp-element-caption\">Foto: Fackelmann Therme Hersbruck \/ Wikimedia Commons, CC BY-SA 3.0<\/figcaption><\/figure>\n\n\n\n<h3 class=\"wp-block-heading\"><span class=\"ez-toc-section\" id=\"11_Fackelmann_Therme_Hersbruck_Hersbruck\"><\/span>11. Fackelmann Therme Hersbruck (Hersbruck)<span class=\"ez-toc-section-end\"><\/span><\/h3>\n\n\n\n<p class=\"wp-block-paragraph\">Esse complexo, aberto em dezembro de 2004 na Franconia, em Hersbruck, atrai principalmente pela \u00e1gua curativa reconhecida pelo Estado. Ela tem \u00f3timos par\u00e2metros e j\u00e1 na pr\u00f3pria fonte atinge a temperatura de <strong>29,4 \u00b0C<\/strong>. A parte interna do mundo termal \u00e9 lindamente iluminada e oferece uma piscina com \u00e1gua a 34 \u00b0C, onde voc\u00ea pode at\u00e9 curtir m\u00fasica relaxante debaixo d&#8217;\u00e1gua.<\/p>\n\n\n\n<p class=\"wp-block-paragraph\">Se voc\u00ea prefere respirar ar fresco, v\u00e1 \u00e0 piscina termal externa, aquecida a impressionantes <strong>36 \u00b0C<\/strong>. Voc\u00ea pode se esticar nas espregui\u00e7adeiras de bolhas ou deixar as costas serem massageadas pelos jatos locais. O complexo transborda tranquilidade e, gra\u00e7as ao tamanho menor, n\u00e3o parece t\u00e3o an\u00f4nimo quanto os gigantes do tipo Erding.<\/p>\n\n\n\n<p class=\"wp-block-paragraph\">Segundo a tabela de 2026, ao ultrapassar o tempo pago cobra-se um acr\u00e9scimo de <strong>1 EUR por cada meia hora iniciada<\/strong>. Se voc\u00ea esquecer o equipamento em casa, n\u00e3o \u00e9 problema nenhum, porque ali te emprestam uma toalha por 2,50 EUR e um roup\u00e3o por 5 EUR. <strong>\ud83d\udca1 Dica:<\/strong> aproveite a possibilidade de alugar o roup\u00e3o no local, assim cabe muito mais coisa na mochila ou na mala e voc\u00ea n\u00e3o precisa carregar pe\u00e7as de tecido volumosas.<\/p>\n\n\n\n<figure data-wp-context=\"{&quot;imageId&quot;:&quot;6a9c2d6866853&quot;}\" data-wp-interactive=\"core\/image\" data-wp-key=\"6a9c2d6866853\" class=\"wp-block-image size-full wp-lightbox-container\"><img decoding=\"async\" width=\"1800\" height=\"1350\" data-wp-class--hide=\"state.isContentHidden\" data-wp-class--show=\"state.isContentVisible\" data-wp-init=\"callbacks.setButtonStyles\" data-wp-on--click=\"actions.showLightbox\" data-wp-on--load=\"callbacks.setButtonStyles\" data-wp-on--pointerdown=\"actions.preloadImage\" data-wp-on--pointerenter=\"actions.preloadImageWithDelay\" data-wp-on--pointerleave=\"actions.cancelPreload\" data-wp-on-window--resize=\"callbacks.setButtonStyles\" src=\"https:\/\/loudavymkrokem.cz\/wp-content\/uploads\/2026\/09\/nemecko-clanky-termaly-nemecko-17-4ae5052a.jpg\" alt=\"ThermeNatur (Bad Rodach)\" class=\"wp-image-415306\" title=\"\" srcset=\"https:\/\/loudavymkrokem.cz\/wp-content\/uploads\/2026\/09\/nemecko-clanky-termaly-nemecko-17-4ae5052a.jpg 1800w, https:\/\/loudavymkrokem.cz\/wp-content\/uploads\/2026\/09\/nemecko-clanky-termaly-nemecko-17-4ae5052a-300x225.jpg 300w, https:\/\/loudavymkrokem.cz\/wp-content\/uploads\/2026\/09\/nemecko-clanky-termaly-nemecko-17-4ae5052a-700x525.jpg 700w, https:\/\/loudavymkrokem.cz\/wp-content\/uploads\/2026\/09\/nemecko-clanky-termaly-nemecko-17-4ae5052a-768x576.jpg 768w, https:\/\/loudavymkrokem.cz\/wp-content\/uploads\/2026\/09\/nemecko-clanky-termaly-nemecko-17-4ae5052a-1536x1152.jpg 1536w, https:\/\/loudavymkrokem.cz\/wp-content\/uploads\/2026\/09\/nemecko-clanky-termaly-nemecko-17-4ae5052a-80x60.jpg 80w, https:\/\/loudavymkrokem.cz\/wp-content\/uploads\/2026\/09\/nemecko-clanky-termaly-nemecko-17-4ae5052a-160x120.jpg 160w, https:\/\/loudavymkrokem.cz\/wp-content\/uploads\/2026\/09\/nemecko-clanky-termaly-nemecko-17-4ae5052a-696x522.jpg 696w, https:\/\/loudavymkrokem.cz\/wp-content\/uploads\/2026\/09\/nemecko-clanky-termaly-nemecko-17-4ae5052a-1392x1044.jpg 1392w\" sizes=\"(max-width: 1800px) 100vw, 1800px\" \/><button\n\t\t\tclass=\"lightbox-trigger\"\n\t\t\ttype=\"button\"\n\t\t\taria-haspopup=\"dialog\"\n\t\t\tdata-wp-bind--aria-label=\"state.thisImage.triggerButtonAriaLabel\"\n\t\t\tdata-wp-init=\"callbacks.initTriggerButton\"\n\t\t\tdata-wp-on--click=\"actions.showLightbox\"\n\t\t\tdata-wp-style--right=\"state.thisImage.buttonRight\"\n\t\t\tdata-wp-style--top=\"state.thisImage.buttonTop\"\n\t\t>\n\t\t\t<svg xmlns=\"http:\/\/www.w3.org\/2000\/svg\" width=\"12\" height=\"12\" fill=\"none\" viewBox=\"0 0 12 12\">\n\t\t\t\t<path fill=\"#fff\" d=\"M2 0a2 2 0 0 0-2 2v2h1.5V2a.5.5 0 0 1 .5-.5h2V0H2Zm2 10.5H2a.5.5 0 0 1-.5-.5V8H0v2a2 2 0 0 0 2 2h2v-1.5ZM8 12v-1.5h2a.5.5 0 0 0 .5-.5V8H12v2a2 2 0 0 1-2 2H8Zm2-12a2 2 0 0 1 2 2v2h-1.5V2a.5.5 0 0 0-.5-.5H8V0h2Z\" \/>\n\t\t\t<\/svg>\n\t\t<\/button><\/figure>\n\n\n\n<h3 class=\"wp-block-heading\"><span class=\"ez-toc-section\" id=\"12_ThermeNatur_Bad_Rodach\"><\/span>12. ThermeNatur (Bad Rodach)<span class=\"ez-toc-section-end\"><\/span><\/h3>\n\n\n\n<p class=\"wp-block-paragraph\">Esse complexo termal voc\u00ea encontra na cidadezinha de Bad Rodach e ele \u00e9 conhecido principalmente pela \u00e1gua de qualidade excepcional. A fonte termal local, descoberta em 1972, \u00e9 bombeada de uma <strong>profundidade de 652 metros<\/strong> e ostenta o t\u00edtulo de a fonte mais quente de toda a ampla regi\u00e3o. Direto das profundezas da terra ela jorra a lindos 34 \u00b0C.<\/p>\n\n\n\n<p class=\"wp-block-paragraph\">O complexo \u00e9 concebido mais como umas termas tradicionais e voc\u00ea n\u00e3o encontra ali multid\u00f5es sedentas de adrenalina. \u00c0 disposi\u00e7\u00e3o h\u00e1 uma <strong>paisagem de banho e sauna<\/strong>, complementada por uma se\u00e7\u00e3o de wellness especializada. \u00c9 exatamente aquele tipo de lugar aonde voc\u00ea vai para recuperar as for\u00e7as, desacelerar e deixar a \u00e1gua curativa fazer seu trabalho no seu aparelho locomotor.<\/p>\n\n\n\n<p class=\"wp-block-paragraph\">Serve primordialmente para adultos, casais e idosos em busca de sossego e de uma reabilita\u00e7\u00e3o de verdade. Ent\u00e3o, se voc\u00ea pensa num fim de semana silencioso com um livro e aquecimento das articula\u00e7\u00f5es, aqui voc\u00ea n\u00e3o erra. <strong>\ud83d\udca1 Dica:<\/strong> se voc\u00ea tem problemas nas costas, agende com anteced\u00eancia algum dos tratamentos da se\u00e7\u00e3o de wellness, eles t\u00eam enorme experi\u00eancia com o uso da \u00e1gua local.<\/p>\n\n\n\n<figure data-wp-context=\"{&quot;imageId&quot;:&quot;6a9c2d686733d&quot;}\" data-wp-interactive=\"core\/image\" data-wp-key=\"6a9c2d686733d\" class=\"wp-block-image size-full wp-lightbox-container\"><img decoding=\"async\" width=\"1800\" height=\"1200\" data-wp-class--hide=\"state.isContentHidden\" data-wp-class--show=\"state.isContentVisible\" data-wp-init=\"callbacks.setButtonStyles\" data-wp-on--click=\"actions.showLightbox\" data-wp-on--load=\"callbacks.setButtonStyles\" data-wp-on--pointerdown=\"actions.preloadImage\" data-wp-on--pointerenter=\"actions.preloadImageWithDelay\" data-wp-on--pointerleave=\"actions.cancelPreload\" data-wp-on-window--resize=\"callbacks.setButtonStyles\" src=\"https:\/\/loudavymkrokem.cz\/wp-content\/uploads\/2026\/09\/nemecko-clanky-termaly-nemecko-18-1233e231.jpg\" alt=\"Johannesbad Therme Bad F\u00fcssing (Bad F\u00fcssing)\" class=\"wp-image-415307\" title=\"\" srcset=\"https:\/\/loudavymkrokem.cz\/wp-content\/uploads\/2026\/09\/nemecko-clanky-termaly-nemecko-18-1233e231.jpg 1800w, https:\/\/loudavymkrokem.cz\/wp-content\/uploads\/2026\/09\/nemecko-clanky-termaly-nemecko-18-1233e231-300x200.jpg 300w, https:\/\/loudavymkrokem.cz\/wp-content\/uploads\/2026\/09\/nemecko-clanky-termaly-nemecko-18-1233e231-700x467.jpg 700w, https:\/\/loudavymkrokem.cz\/wp-content\/uploads\/2026\/09\/nemecko-clanky-termaly-nemecko-18-1233e231-768x512.jpg 768w, https:\/\/loudavymkrokem.cz\/wp-content\/uploads\/2026\/09\/nemecko-clanky-termaly-nemecko-18-1233e231-1536x1024.jpg 1536w, https:\/\/loudavymkrokem.cz\/wp-content\/uploads\/2026\/09\/nemecko-clanky-termaly-nemecko-18-1233e231-696x464.jpg 696w, https:\/\/loudavymkrokem.cz\/wp-content\/uploads\/2026\/09\/nemecko-clanky-termaly-nemecko-18-1233e231-1392x928.jpg 1392w\" sizes=\"(max-width: 1800px) 100vw, 1800px\" \/><button\n\t\t\tclass=\"lightbox-trigger\"\n\t\t\ttype=\"button\"\n\t\t\taria-haspopup=\"dialog\"\n\t\t\tdata-wp-bind--aria-label=\"state.thisImage.triggerButtonAriaLabel\"\n\t\t\tdata-wp-init=\"callbacks.initTriggerButton\"\n\t\t\tdata-wp-on--click=\"actions.showLightbox\"\n\t\t\tdata-wp-style--right=\"state.thisImage.buttonRight\"\n\t\t\tdata-wp-style--top=\"state.thisImage.buttonTop\"\n\t\t>\n\t\t\t<svg xmlns=\"http:\/\/www.w3.org\/2000\/svg\" width=\"12\" height=\"12\" fill=\"none\" viewBox=\"0 0 12 12\">\n\t\t\t\t<path fill=\"#fff\" d=\"M2 0a2 2 0 0 0-2 2v2h1.5V2a.5.5 0 0 1 .5-.5h2V0H2Zm2 10.5H2a.5.5 0 0 1-.5-.5V8H0v2a2 2 0 0 0 2 2h2v-1.5ZM8 12v-1.5h2a.5.5 0 0 0 .5-.5V8H12v2a2 2 0 0 1-2 2H8Zm2-12a2 2 0 0 1 2 2v2h-1.5V2a.5.5 0 0 0-.5-.5H8V0h2Z\" \/>\n\t\t\t<\/svg>\n\t\t<\/button><\/figure>\n\n\n\n<h3 class=\"wp-block-heading\"><span class=\"ez-toc-section\" id=\"13_Johannesbad_Therme_Bad_Fussing_Bad_Fussing\"><\/span>13. Johannesbad Therme Bad F\u00fcssing (Bad F\u00fcssing)<span class=\"ez-toc-section-end\"><\/span><\/h3>\n\n\n\n<p class=\"wp-block-paragraph\">Ao visitar Bad F\u00fcssing voc\u00ea encontra um complexo que est\u00e1 entre as maiores termas de toda a Europa. Ele oferece incr\u00edveis <strong>4.500 metros quadrados de espelho d&#8217;\u00e1gua<\/strong>, distribu\u00eddos por treze piscinas gigantes. A \u00e1gua vem da fonte Johannesquelle, que a fam\u00edlia Zwick perfurou ali em 1964, e vem de uma profundidade de exatos mil metros.<\/p>\n\n\n\n<p class=\"wp-block-paragraph\">Direto na fonte a \u00e1gua tem <strong>56 \u00b0C<\/strong>, mas nas piscinas voc\u00ea a aproveita resfriada a agrad\u00e1veis 27 a 39 \u00b0C. O complexo, que funciona desde 1969 junto \u00e0 cl\u00ednica adjacente, \u00e9 cercado por gigantescas \u00e1reas externas de descanso de 60.000 metros quadrados. N\u00e3o falta tamb\u00e9m uma \u00e1rea de saunas de 800 metros quadrados, com quatro saunas e banho de vapor.<\/p>\n\n\n\n<p class=\"wp-block-paragraph\">\u00c9 um gigante bem voltado \u00e0 sa\u00fade, preven\u00e7\u00e3o e tratamento, ent\u00e3o uma quantidade enorme de gente vem para c\u00e1 em busca de reabilita\u00e7\u00e3o. N\u00e3o espere uma atmosfera \u00edntima, mas sim cuidado termal de primeira em escala gigantesca. <strong>\ud83d\udca1 Dica:<\/strong> nos meses de ver\u00e3o, leve com certeza uma manta grande, aqueles imensos gramados l\u00e1 fora s\u00e3o ideais para passar o dia deitado ao sol.<\/p>\n\n\n\n<figure data-wp-context=\"{&quot;imageId&quot;:&quot;6a9c2d6867b93&quot;}\" data-wp-interactive=\"core\/image\" data-wp-key=\"6a9c2d6867b93\" class=\"wp-block-image size-full wp-lightbox-container\"><img decoding=\"async\" width=\"1800\" height=\"750\" data-wp-class--hide=\"state.isContentHidden\" data-wp-class--show=\"state.isContentVisible\" data-wp-init=\"callbacks.setButtonStyles\" data-wp-on--click=\"actions.showLightbox\" data-wp-on--load=\"callbacks.setButtonStyles\" data-wp-on--pointerdown=\"actions.preloadImage\" data-wp-on--pointerenter=\"actions.preloadImageWithDelay\" data-wp-on--pointerleave=\"actions.cancelPreload\" data-wp-on-window--resize=\"callbacks.setButtonStyles\" src=\"https:\/\/loudavymkrokem.cz\/wp-content\/uploads\/2026\/09\/nemecko-clanky-termaly-nemecko-19-48dd8934.jpg\" alt=\"Piscina com atra\u00e7\u00f5es aqu\u00e1ticas na Europa Therme em Bad F\u00fcssing\" class=\"wp-image-415483\" title=\"\" srcset=\"https:\/\/loudavymkrokem.cz\/wp-content\/uploads\/2026\/09\/nemecko-clanky-termaly-nemecko-19-48dd8934.jpg 1800w, https:\/\/loudavymkrokem.cz\/wp-content\/uploads\/2026\/09\/nemecko-clanky-termaly-nemecko-19-48dd8934-300x125.jpg 300w, https:\/\/loudavymkrokem.cz\/wp-content\/uploads\/2026\/09\/nemecko-clanky-termaly-nemecko-19-48dd8934-700x292.jpg 700w, https:\/\/loudavymkrokem.cz\/wp-content\/uploads\/2026\/09\/nemecko-clanky-termaly-nemecko-19-48dd8934-768x320.jpg 768w, https:\/\/loudavymkrokem.cz\/wp-content\/uploads\/2026\/09\/nemecko-clanky-termaly-nemecko-19-48dd8934-1536x640.jpg 1536w, https:\/\/loudavymkrokem.cz\/wp-content\/uploads\/2026\/09\/nemecko-clanky-termaly-nemecko-19-48dd8934-696x290.jpg 696w, https:\/\/loudavymkrokem.cz\/wp-content\/uploads\/2026\/09\/nemecko-clanky-termaly-nemecko-19-48dd8934-1392x580.jpg 1392w\" sizes=\"(max-width: 1800px) 100vw, 1800px\" \/><button\n\t\t\tclass=\"lightbox-trigger\"\n\t\t\ttype=\"button\"\n\t\t\taria-haspopup=\"dialog\"\n\t\t\tdata-wp-bind--aria-label=\"state.thisImage.triggerButtonAriaLabel\"\n\t\t\tdata-wp-init=\"callbacks.initTriggerButton\"\n\t\t\tdata-wp-on--click=\"actions.showLightbox\"\n\t\t\tdata-wp-style--right=\"state.thisImage.buttonRight\"\n\t\t\tdata-wp-style--top=\"state.thisImage.buttonTop\"\n\t\t>\n\t\t\t<svg xmlns=\"http:\/\/www.w3.org\/2000\/svg\" width=\"12\" height=\"12\" fill=\"none\" viewBox=\"0 0 12 12\">\n\t\t\t\t<path fill=\"#fff\" d=\"M2 0a2 2 0 0 0-2 2v2h1.5V2a.5.5 0 0 1 .5-.5h2V0H2Zm2 10.5H2a.5.5 0 0 1-.5-.5V8H0v2a2 2 0 0 0 2 2h2v-1.5ZM8 12v-1.5h2a.5.5 0 0 0 .5-.5V8H12v2a2 2 0 0 1-2 2H8Zm2-12a2 2 0 0 1 2 2v2h-1.5V2a.5.5 0 0 0-.5-.5H8V0h2Z\" \/>\n\t\t\t<\/svg>\n\t\t<\/button><\/figure>\n\n\n\n<h3 class=\"wp-block-heading\"><span class=\"ez-toc-section\" id=\"14_Europa_Therme_Bad_Fussing\"><\/span>14. Europa Therme (Bad F\u00fcssing)<span class=\"ez-toc-section-end\"><\/span><\/h3>\n\n\n\n<p class=\"wp-block-paragraph\">O segundo enorme complexo termal em Bad F\u00fcssing atrai com uma paisagem termal de 3.000 metros quadrados. Sua dominante absoluta \u00e9 o <strong>canal de corrente de 120 metros de comprimento<\/strong>, conectado \u00e0 gigante piscina de atra\u00e7\u00f5es Nymph\u00e4um, com \u00e1gua a 36 \u00b0C. As correntes, bancos de bolhas e canh\u00f5es de \u00e1gua locais conseguem te divertir por bastante tempo.<\/p>\n\n\n\n<p class=\"wp-block-paragraph\">Voc\u00ea encontra ali <strong>17 piscinas diferentes<\/strong> com temperaturas de 27 a 40 \u00b0C. Voc\u00ea pode descansar na piscina com m\u00fasica subaqu\u00e1tica aquecida a 37 \u00b0C, na gruta com c\u00e9u estrelado ou nas espregui\u00e7adeiras de bolhas de ar. Quem quer nadar vai gostar das duas piscinas para nadar de costas, com \u00e1gua mais fria em torno de 29 \u00b0C. N\u00e3o falta tamb\u00e9m a popular piscina alternada externa, com temperaturas de 18 e 40 \u00b0C.<\/p>\n\n\n\n<p class=\"wp-block-paragraph\">Segundo a tabela de 2026, a entrada \u00e9 permitida apenas para <strong>crian\u00e7as a partir de 3 anos<\/strong>, ent\u00e3o com beb\u00eas, infelizmente, n\u00e3o te deixam entrar. Se voc\u00ea ficar no complexo mais tempo do que pagou, cobra-se um acr\u00e9scimo de 1 EUR por cada meia hora iniciada. <strong>\ud83d\udca1 Dica:<\/strong> por um pequeno adicional de 2 euros voc\u00ea pode acrescentar \u00e0 entrada termal a visita ao Aerosalz, uma sala especial \u00f3tima para os pulm\u00f5es.<\/p>\n\n\n\n<figure data-wp-context=\"{&quot;imageId&quot;:&quot;6a9c2d68681ea&quot;}\" data-wp-interactive=\"core\/image\" data-wp-key=\"6a9c2d68681ea\" class=\"wp-block-image size-full wp-lightbox-container\"><img decoding=\"async\" width=\"1800\" height=\"1012\" data-wp-class--hide=\"state.isContentHidden\" data-wp-class--show=\"state.isContentVisible\" data-wp-init=\"callbacks.setButtonStyles\" data-wp-on--click=\"actions.showLightbox\" data-wp-on--load=\"callbacks.setButtonStyles\" data-wp-on--pointerdown=\"actions.preloadImage\" data-wp-on--pointerenter=\"actions.preloadImageWithDelay\" data-wp-on--pointerleave=\"actions.cancelPreload\" data-wp-on-window--resize=\"callbacks.setButtonStyles\" src=\"https:\/\/loudavymkrokem.cz\/wp-content\/uploads\/2026\/09\/nemecko-clanky-termaly-nemecko-20-018a6875.jpg\" alt=\"Complexo termal Sibyllenbad em Neualbenreuth visto do alto\" class=\"wp-image-415309\" title=\"\" srcset=\"https:\/\/loudavymkrokem.cz\/wp-content\/uploads\/2026\/09\/nemecko-clanky-termaly-nemecko-20-018a6875.jpg 1800w, https:\/\/loudavymkrokem.cz\/wp-content\/uploads\/2026\/09\/nemecko-clanky-termaly-nemecko-20-018a6875-300x169.jpg 300w, https:\/\/loudavymkrokem.cz\/wp-content\/uploads\/2026\/09\/nemecko-clanky-termaly-nemecko-20-018a6875-700x394.jpg 700w, https:\/\/loudavymkrokem.cz\/wp-content\/uploads\/2026\/09\/nemecko-clanky-termaly-nemecko-20-018a6875-768x432.jpg 768w, https:\/\/loudavymkrokem.cz\/wp-content\/uploads\/2026\/09\/nemecko-clanky-termaly-nemecko-20-018a6875-1536x864.jpg 1536w, https:\/\/loudavymkrokem.cz\/wp-content\/uploads\/2026\/09\/nemecko-clanky-termaly-nemecko-20-018a6875-696x391.jpg 696w, https:\/\/loudavymkrokem.cz\/wp-content\/uploads\/2026\/09\/nemecko-clanky-termaly-nemecko-20-018a6875-1392x783.jpg 1392w\" sizes=\"(max-width: 1800px) 100vw, 1800px\" \/><button\n\t\t\tclass=\"lightbox-trigger\"\n\t\t\ttype=\"button\"\n\t\t\taria-haspopup=\"dialog\"\n\t\t\tdata-wp-bind--aria-label=\"state.thisImage.triggerButtonAriaLabel\"\n\t\t\tdata-wp-init=\"callbacks.initTriggerButton\"\n\t\t\tdata-wp-on--click=\"actions.showLightbox\"\n\t\t\tdata-wp-style--right=\"state.thisImage.buttonRight\"\n\t\t\tdata-wp-style--top=\"state.thisImage.buttonTop\"\n\t\t>\n\t\t\t<svg xmlns=\"http:\/\/www.w3.org\/2000\/svg\" width=\"12\" height=\"12\" fill=\"none\" viewBox=\"0 0 12 12\">\n\t\t\t\t<path fill=\"#fff\" d=\"M2 0a2 2 0 0 0-2 2v2h1.5V2a.5.5 0 0 1 .5-.5h2V0H2Zm2 10.5H2a.5.5 0 0 1-.5-.5V8H0v2a2 2 0 0 0 2 2h2v-1.5ZM8 12v-1.5h2a.5.5 0 0 0 .5-.5V8H12v2a2 2 0 0 1-2 2H8Zm2-12a2 2 0 0 1 2 2v2h-1.5V2a.5.5 0 0 0-.5-.5H8V0h2Z\" \/>\n\t\t\t<\/svg>\n\t\t<\/button><\/figure>\n\n\n\n<h3 class=\"wp-block-heading\"><span class=\"ez-toc-section\" id=\"15_Sibyllenbad_Neualbenreuth\"><\/span>15. Sibyllenbad (Neualbenreuth)<span class=\"ez-toc-section-end\"><\/span><\/h3>\n\n\n\n<p class=\"wp-block-paragraph\">Esse complexo voc\u00ea encontra bem pertinho da fronteira, e seu principal atrativo \u00e9 a curativa <strong>\u00e1gua carb\u00f4nico-mineral da fonte Sibyllenquelle<\/strong>. A \u00e1gua curativa local te aquece a impressionantes 34 a 36 \u00b0C, e voc\u00ea pode aproveit\u00e1-la sob os in\u00fameros bicos em forma de pesco\u00e7o de cisne ou se deixar massagear suavemente pelos bicos de bolhas do fundo.<\/p>\n\n\n\n<p class=\"wp-block-paragraph\">O complexo \u00e9 projetado com muito bom gosto e, gra\u00e7as \u00e0 proximidade, \u00e9 bastante popular entre os visitantes da regi\u00e3o, mesmo n\u00e3o sendo dos maiores gigantes. Segundo a tabela de 2026, voc\u00ea paga por duas horas na parte das piscinas <strong>9 EUR<\/strong>, tr\u00eas horas custam 12 EUR e o ingresso de dia inteiro sai por 19 EUR. Se voc\u00ea quiser juntar as piscinas ao mundo das saunas, o ingresso de dia inteiro sai por 29 EUR.<\/p>\n\n\n\n<p class=\"wp-block-paragraph\">De junho a agosto eles oferecem ainda uma entrada noturna especial para a sauna. Vale a partir das 17h e custa simp\u00e1ticos 15 EUR. \u00c9 a op\u00e7\u00e3o ideal e acess\u00edvel para um aquecimento tranquilo do corpo depois de um dia de trabalho puxado. <strong>\ud83d\udca1 Dica:<\/strong> se voc\u00ea mora perto da fronteira, aproveite justamente essa tarifa noturna de ver\u00e3o, por esse pre\u00e7o \u00e9 provavelmente o melhor relax da regi\u00e3o.<\/p>\n\n\n\n<figure data-wp-context=\"{&quot;imageId&quot;:&quot;6a9c2d686881f&quot;}\" data-wp-interactive=\"core\/image\" data-wp-key=\"6a9c2d686881f\" class=\"wp-block-image size-full wp-lightbox-container\"><img decoding=\"async\" width=\"1800\" height=\"1200\" data-wp-class--hide=\"state.isContentHidden\" data-wp-class--show=\"state.isContentVisible\" data-wp-init=\"callbacks.setButtonStyles\" data-wp-on--click=\"actions.showLightbox\" data-wp-on--load=\"callbacks.setButtonStyles\" data-wp-on--pointerdown=\"actions.preloadImage\" data-wp-on--pointerenter=\"actions.preloadImageWithDelay\" data-wp-on--pointerleave=\"actions.cancelPreload\" data-wp-on-window--resize=\"callbacks.setButtonStyles\" src=\"https:\/\/loudavymkrokem.cz\/wp-content\/uploads\/2026\/09\/nemecko-clanky-termaly-nemecko-21-f3489141.jpg\" alt=\"Fachada ornamentada das termas hist\u00f3ricas Friedrichsbad em Baden-Baden\" class=\"wp-image-415310\" title=\"\" srcset=\"https:\/\/loudavymkrokem.cz\/wp-content\/uploads\/2026\/09\/nemecko-clanky-termaly-nemecko-21-f3489141.jpg 1800w, https:\/\/loudavymkrokem.cz\/wp-content\/uploads\/2026\/09\/nemecko-clanky-termaly-nemecko-21-f3489141-300x200.jpg 300w, https:\/\/loudavymkrokem.cz\/wp-content\/uploads\/2026\/09\/nemecko-clanky-termaly-nemecko-21-f3489141-700x467.jpg 700w, https:\/\/loudavymkrokem.cz\/wp-content\/uploads\/2026\/09\/nemecko-clanky-termaly-nemecko-21-f3489141-768x512.jpg 768w, https:\/\/loudavymkrokem.cz\/wp-content\/uploads\/2026\/09\/nemecko-clanky-termaly-nemecko-21-f3489141-1536x1024.jpg 1536w, https:\/\/loudavymkrokem.cz\/wp-content\/uploads\/2026\/09\/nemecko-clanky-termaly-nemecko-21-f3489141-696x464.jpg 696w, https:\/\/loudavymkrokem.cz\/wp-content\/uploads\/2026\/09\/nemecko-clanky-termaly-nemecko-21-f3489141-1392x928.jpg 1392w\" sizes=\"(max-width: 1800px) 100vw, 1800px\" \/><button\n\t\t\tclass=\"lightbox-trigger\"\n\t\t\ttype=\"button\"\n\t\t\taria-haspopup=\"dialog\"\n\t\t\tdata-wp-bind--aria-label=\"state.thisImage.triggerButtonAriaLabel\"\n\t\t\tdata-wp-init=\"callbacks.initTriggerButton\"\n\t\t\tdata-wp-on--click=\"actions.showLightbox\"\n\t\t\tdata-wp-style--right=\"state.thisImage.buttonRight\"\n\t\t\tdata-wp-style--top=\"state.thisImage.buttonTop\"\n\t\t>\n\t\t\t<svg xmlns=\"http:\/\/www.w3.org\/2000\/svg\" width=\"12\" height=\"12\" fill=\"none\" viewBox=\"0 0 12 12\">\n\t\t\t\t<path fill=\"#fff\" d=\"M2 0a2 2 0 0 0-2 2v2h1.5V2a.5.5 0 0 1 .5-.5h2V0H2Zm2 10.5H2a.5.5 0 0 1-.5-.5V8H0v2a2 2 0 0 0 2 2h2v-1.5ZM8 12v-1.5h2a.5.5 0 0 0 .5-.5V8H12v2a2 2 0 0 1-2 2H8Zm2-12a2 2 0 0 1 2 2v2h-1.5V2a.5.5 0 0 0-.5-.5H8V0h2Z\" \/>\n\t\t\t<\/svg>\n\t\t<\/button><figcaption class=\"wp-element-caption\">Foto: A.Savin \/ Wikimedia Commons, CC BY-SA 3.0<\/figcaption><\/figure>\n\n\n\n<h2 class=\"wp-block-heading\"><span class=\"ez-toc-section\" id=\"Termas_em_Baden-Wurttemberg\"><\/span>Termas em Baden-W\u00fcrttemberg<span class=\"ez-toc-section-end\"><\/span><\/h2>\n\n\n\n<p class=\"wp-block-paragraph\">Baden-W\u00fcrttemberg \u00e9 o cl\u00e1ssico absoluto se voc\u00ea procura a verdadeira <strong>cultura termal tradicional<\/strong>. \u00c9 justamente aqui que fica a famosa Baden-Baden e provavelmente a maior concentra\u00e7\u00e3o de cidades com o prefixo &#8220;Bad&#8221; de toda a Alemanha. Acredite, fontes minerais n\u00e3o faltam por aqui, e os amantes da hist\u00f3ria e da relaxa\u00e7\u00e3o moderna se realizam.<\/p>\n\n\n\n<p class=\"wp-block-paragraph\">Al\u00e9m das termas hist\u00f3ricas, esse estado federal ostenta tamb\u00e9m uma raridade. Ficam aqui <strong>dois enormes termas tropicais<\/strong>, constru\u00eddos pelo conhecido vision\u00e1rio Josef Wund. Ent\u00e3o, se voc\u00ea deseja o ex\u00f3tico sob um teto de vidro, tem muito o que esperar.<\/p>\n\n\n\n<figure data-wp-context=\"{&quot;imageId&quot;:&quot;6a9c2d6868e26&quot;}\" data-wp-interactive=\"core\/image\" data-wp-key=\"6a9c2d6868e26\" class=\"wp-block-image size-full wp-lightbox-container\"><img decoding=\"async\" width=\"1800\" height=\"1201\" data-wp-class--hide=\"state.isContentHidden\" data-wp-class--show=\"state.isContentVisible\" data-wp-init=\"callbacks.setButtonStyles\" data-wp-on--click=\"actions.showLightbox\" data-wp-on--load=\"callbacks.setButtonStyles\" data-wp-on--pointerdown=\"actions.preloadImage\" data-wp-on--pointerenter=\"actions.preloadImageWithDelay\" data-wp-on--pointerleave=\"actions.cancelPreload\" data-wp-on-window--resize=\"callbacks.setButtonStyles\" src=\"https:\/\/loudavymkrokem.cz\/wp-content\/uploads\/2026\/09\/nemecko-clanky-termaly-nemecko-22-938982ac.jpg\" alt=\"Thermen &#038; Badewelt Sinsheim (Sinsheim): piscina sob teto panor\u00e2mico\" class=\"wp-image-415311\" title=\"\" srcset=\"https:\/\/loudavymkrokem.cz\/wp-content\/uploads\/2026\/09\/nemecko-clanky-termaly-nemecko-22-938982ac.jpg 1800w, https:\/\/loudavymkrokem.cz\/wp-content\/uploads\/2026\/09\/nemecko-clanky-termaly-nemecko-22-938982ac-300x200.jpg 300w, https:\/\/loudavymkrokem.cz\/wp-content\/uploads\/2026\/09\/nemecko-clanky-termaly-nemecko-22-938982ac-700x467.jpg 700w, https:\/\/loudavymkrokem.cz\/wp-content\/uploads\/2026\/09\/nemecko-clanky-termaly-nemecko-22-938982ac-768x512.jpg 768w, https:\/\/loudavymkrokem.cz\/wp-content\/uploads\/2026\/09\/nemecko-clanky-termaly-nemecko-22-938982ac-1536x1025.jpg 1536w, https:\/\/loudavymkrokem.cz\/wp-content\/uploads\/2026\/09\/nemecko-clanky-termaly-nemecko-22-938982ac-696x464.jpg 696w, https:\/\/loudavymkrokem.cz\/wp-content\/uploads\/2026\/09\/nemecko-clanky-termaly-nemecko-22-938982ac-1392x929.jpg 1392w\" sizes=\"(max-width: 1800px) 100vw, 1800px\" \/><button\n\t\t\tclass=\"lightbox-trigger\"\n\t\t\ttype=\"button\"\n\t\t\taria-haspopup=\"dialog\"\n\t\t\tdata-wp-bind--aria-label=\"state.thisImage.triggerButtonAriaLabel\"\n\t\t\tdata-wp-init=\"callbacks.initTriggerButton\"\n\t\t\tdata-wp-on--click=\"actions.showLightbox\"\n\t\t\tdata-wp-style--right=\"state.thisImage.buttonRight\"\n\t\t\tdata-wp-style--top=\"state.thisImage.buttonTop\"\n\t\t>\n\t\t\t<svg xmlns=\"http:\/\/www.w3.org\/2000\/svg\" width=\"12\" height=\"12\" fill=\"none\" viewBox=\"0 0 12 12\">\n\t\t\t\t<path fill=\"#fff\" d=\"M2 0a2 2 0 0 0-2 2v2h1.5V2a.5.5 0 0 1 .5-.5h2V0H2Zm2 10.5H2a.5.5 0 0 1-.5-.5V8H0v2a2 2 0 0 0 2 2h2v-1.5ZM8 12v-1.5h2a.5.5 0 0 0 .5-.5V8H12v2a2 2 0 0 1-2 2H8Zm2-12a2 2 0 0 1 2 2v2h-1.5V2a.5.5 0 0 0-.5-.5H8V0h2Z\" \/>\n\t\t\t<\/svg>\n\t\t<\/button><\/figure>\n\n\n\n<h3 class=\"wp-block-heading\"><span class=\"ez-toc-section\" id=\"16_Thermen_Badewelt_Sinsheim_Sinsheim\"><\/span>16. Thermen &#038; Badewelt Sinsheim (Sinsheim)<span class=\"ez-toc-section-end\"><\/span><\/h3>\n\n\n\n<p class=\"wp-block-paragraph\">Esse enorme complexo na cidade de Sinsheim pertence \u00e0 famosa fam\u00edlia de termas de Josef Wund e por dentro parece um para\u00edso ex\u00f3tico perfeito. O principal atrativo \u00e9 o <strong>imponente Palmenparadies<\/strong>, onde crescem mais de 400 palmeiras tropicais vivas e mais de mil bel\u00edssimas orqu\u00eddeas. A experi\u00eancia \u00e9 realmente extraordin\u00e1ria, principalmente quando l\u00e1 fora faz um tempo \u00famido e frio e voc\u00ea passeia de roupa de banho entre as palmeiras.<\/p>\n\n\n\n<p class=\"wp-block-paragraph\">As temperaturas da \u00e1gua com certeza v\u00e3o te agradar, porque nas lagoas voc\u00ea se aquece a 34 \u00b0C e a piscina Quellen der Gesundheit oferece <strong>agrad\u00e1veis 36 \u00b0C<\/strong>. Voc\u00ea pode nadar na piscina esportiva de 25 metros a 26 \u00b0C, enquanto a piscina de aprendizado tem 32 \u00b0C. Para refrescar, serve a piscina de imers\u00e3o de 16 \u00b0C. A zona Vitaltherme &#038; Sauna esconde 13 saunas diferentes, entre as quais n\u00e3o falta uma sauna especial em cima de um barco. Na lagoa de \u00e1gua turquesa voc\u00ea ainda pode saborear um coquetel ex\u00f3tico direto do pool bar.<\/p>\n\n\n\n<p class=\"wp-block-paragraph\">As termas s\u00e3o acess\u00edveis <strong>exclusivamente a partir dos 16 anos<\/strong>, ent\u00e3o nem pense em planejar vir com crian\u00e7as. Confira a entrada atual no site antes da viagem, porque ela muda conforme o dia e a dura\u00e7\u00e3o da estadia. Se voc\u00ea pretende vir mais vezes, vale a pena o cart\u00e3o de cr\u00e9dito pr\u00e9-pago: por 150 euros de cr\u00e9dito voc\u00ea paga 142,50 euros, ou seja, 5% de desconto. <strong>\ud83d\udca1 Dica:<\/strong> se voc\u00ea esquecer o equipamento, o aluguel do roup\u00e3o custa 9 euros (mais 40 euros de cau\u00e7\u00e3o) e a toalha sai por 6 euros (cau\u00e7\u00e3o de 20 euros).<\/p>\n\n\n\n<figure data-wp-context=\"{&quot;imageId&quot;:&quot;6a9c2d6869714&quot;}\" data-wp-interactive=\"core\/image\" data-wp-key=\"6a9c2d6869714\" class=\"wp-block-image size-full wp-lightbox-container\"><img decoding=\"async\" width=\"1800\" height=\"1200\" data-wp-class--hide=\"state.isContentHidden\" data-wp-class--show=\"state.isContentVisible\" data-wp-init=\"callbacks.setButtonStyles\" data-wp-on--click=\"actions.showLightbox\" data-wp-on--load=\"callbacks.setButtonStyles\" data-wp-on--pointerdown=\"actions.preloadImage\" data-wp-on--pointerenter=\"actions.preloadImageWithDelay\" data-wp-on--pointerleave=\"actions.cancelPreload\" data-wp-on-window--resize=\"callbacks.setButtonStyles\" src=\"https:\/\/loudavymkrokem.cz\/wp-content\/uploads\/2026\/09\/nemecko-clanky-termaly-nemecko-23-69c5fa9a.jpg\" alt=\"Pr\u00e9dio da Mineraltherme em B\u00f6blingen\" class=\"wp-image-415485\" title=\"\" srcset=\"https:\/\/loudavymkrokem.cz\/wp-content\/uploads\/2026\/09\/nemecko-clanky-termaly-nemecko-23-69c5fa9a.jpg 1800w, https:\/\/loudavymkrokem.cz\/wp-content\/uploads\/2026\/09\/nemecko-clanky-termaly-nemecko-23-69c5fa9a-300x200.jpg 300w, https:\/\/loudavymkrokem.cz\/wp-content\/uploads\/2026\/09\/nemecko-clanky-termaly-nemecko-23-69c5fa9a-700x467.jpg 700w, https:\/\/loudavymkrokem.cz\/wp-content\/uploads\/2026\/09\/nemecko-clanky-termaly-nemecko-23-69c5fa9a-768x512.jpg 768w, https:\/\/loudavymkrokem.cz\/wp-content\/uploads\/2026\/09\/nemecko-clanky-termaly-nemecko-23-69c5fa9a-1536x1024.jpg 1536w, https:\/\/loudavymkrokem.cz\/wp-content\/uploads\/2026\/09\/nemecko-clanky-termaly-nemecko-23-69c5fa9a-696x464.jpg 696w, https:\/\/loudavymkrokem.cz\/wp-content\/uploads\/2026\/09\/nemecko-clanky-termaly-nemecko-23-69c5fa9a-1392x928.jpg 1392w\" sizes=\"(max-width: 1800px) 100vw, 1800px\" \/><button\n\t\t\tclass=\"lightbox-trigger\"\n\t\t\ttype=\"button\"\n\t\t\taria-haspopup=\"dialog\"\n\t\t\tdata-wp-bind--aria-label=\"state.thisImage.triggerButtonAriaLabel\"\n\t\t\tdata-wp-init=\"callbacks.initTriggerButton\"\n\t\t\tdata-wp-on--click=\"actions.showLightbox\"\n\t\t\tdata-wp-style--right=\"state.thisImage.buttonRight\"\n\t\t\tdata-wp-style--top=\"state.thisImage.buttonTop\"\n\t\t>\n\t\t\t<svg xmlns=\"http:\/\/www.w3.org\/2000\/svg\" width=\"12\" height=\"12\" fill=\"none\" viewBox=\"0 0 12 12\">\n\t\t\t\t<path fill=\"#fff\" d=\"M2 0a2 2 0 0 0-2 2v2h1.5V2a.5.5 0 0 1 .5-.5h2V0H2Zm2 10.5H2a.5.5 0 0 1-.5-.5V8H0v2a2 2 0 0 0 2 2h2v-1.5ZM8 12v-1.5h2a.5.5 0 0 0 .5-.5V8H12v2a2 2 0 0 1-2 2H8Zm2-12a2 2 0 0 1 2 2v2h-1.5V2a.5.5 0 0 0-.5-.5H8V0h2Z\" \/>\n\t\t\t<\/svg>\n\t\t<\/button><figcaption class=\"wp-element-caption\">Foto: Giftzwerg 88 \/ Wikimedia Commons, CC BY-SA 3.0<\/figcaption><\/figure>\n\n\n\n<h3 class=\"wp-block-heading\"><span class=\"ez-toc-section\" id=\"17_Mineraltherme_Boblingen_Boblingen\"><\/span>17. Mineraltherme B\u00f6blingen (B\u00f6blingen)<span class=\"ez-toc-section-end\"><\/span><\/h3>\n\n\n\n<p class=\"wp-block-paragraph\">Nas termas da cidade de B\u00f6blingen te espera um mundo de saunas que <strong>ocupa generosos 3.300 metros quadrados<\/strong>. Voc\u00ea vai se banhar em cinco piscinas de relaxamento diferentes, onde a temperatura da \u00e1gua vai de muito agrad\u00e1veis 31 a 36 \u00b0C. Esse complexo serve para todo mundo que busca uma fuga das preocupa\u00e7\u00f5es do dia a dia e valoriza uma boa infraestrutura de wellness no meio da cidade.<\/p>\n\n\n\n<p class=\"wp-block-paragraph\">Os amantes de sauna se realizam de verdade aqui, porque o amplo complexo oferece uma cl\u00e1ssica sauna finlandesa, uma perfumada sauna de ervas, uma softsauna mais amena, a especial SinnBad e o tradicional banho de vapor romano. Fica aberto para os visitantes todos os dias, das 9h \u00e0s 22h. Se voc\u00ea adora banhos noturnos longos, venha na primeira sexta-feira do m\u00eas, quando <strong>voc\u00ea pode relaxar at\u00e9 a meia-noite<\/strong>. Crian\u00e7as de at\u00e9 5 anos t\u00eam a entrada totalmente vetada e os jovens de at\u00e9 16 anos precisam de acompanhante adulto.<\/p>\n\n\n\n<p class=\"wp-block-paragraph\">Segundo a tabela de 2026, a entrada de tr\u00eas horas para as termas e a Classic-Sauna custa <strong>17,50 euros nos dias \u00fateis<\/strong> e 19 euros no fim de semana. O ingresso de 4 horas com a zona Saunagarten sai por 26,50 euros, ou 28 euros. O ingresso de dia inteiro para as duas zonas de sauna sai por 33,50 euros durante a semana. A tarifa familiar para dois adultos e duas crian\u00e7as (5 a 16 anos) sai por 50 euros por tr\u00eas horas. <strong>\ud83d\udca1 Dica:<\/strong> a cada euro gasto no complexo com massagens voc\u00ea ganha um minuto de cr\u00e9dito de tempo extra. Aniversariantes t\u00eam, mediante apresenta\u00e7\u00e3o de documento, 50% de desconto na entrada.<\/p>\n\n\n\n<figure data-wp-context=\"{&quot;imageId&quot;:&quot;6a9c2d686a0f1&quot;}\" data-wp-interactive=\"core\/image\" data-wp-key=\"6a9c2d686a0f1\" class=\"wp-block-image size-full wp-lightbox-container\"><img decoding=\"async\" width=\"1800\" height=\"1350\" data-wp-class--hide=\"state.isContentHidden\" data-wp-class--show=\"state.isContentVisible\" data-wp-init=\"callbacks.setButtonStyles\" data-wp-on--click=\"actions.showLightbox\" data-wp-on--load=\"callbacks.setButtonStyles\" data-wp-on--pointerdown=\"actions.preloadImage\" data-wp-on--pointerenter=\"actions.preloadImageWithDelay\" data-wp-on--pointerleave=\"actions.cancelPreload\" data-wp-on-window--resize=\"callbacks.setButtonStyles\" src=\"https:\/\/loudavymkrokem.cz\/wp-content\/uploads\/2026\/09\/nemecko-clanky-termaly-nemecko-24-fb363786-1.jpg\" alt=\"Panorama Therme Beuren (Beuren)\" class=\"wp-image-415315\" title=\"\" srcset=\"https:\/\/loudavymkrokem.cz\/wp-content\/uploads\/2026\/09\/nemecko-clanky-termaly-nemecko-24-fb363786-1.jpg 1800w, https:\/\/loudavymkrokem.cz\/wp-content\/uploads\/2026\/09\/nemecko-clanky-termaly-nemecko-24-fb363786-1-300x225.jpg 300w, https:\/\/loudavymkrokem.cz\/wp-content\/uploads\/2026\/09\/nemecko-clanky-termaly-nemecko-24-fb363786-1-700x525.jpg 700w, https:\/\/loudavymkrokem.cz\/wp-content\/uploads\/2026\/09\/nemecko-clanky-termaly-nemecko-24-fb363786-1-768x576.jpg 768w, https:\/\/loudavymkrokem.cz\/wp-content\/uploads\/2026\/09\/nemecko-clanky-termaly-nemecko-24-fb363786-1-1536x1152.jpg 1536w, https:\/\/loudavymkrokem.cz\/wp-content\/uploads\/2026\/09\/nemecko-clanky-termaly-nemecko-24-fb363786-1-80x60.jpg 80w, https:\/\/loudavymkrokem.cz\/wp-content\/uploads\/2026\/09\/nemecko-clanky-termaly-nemecko-24-fb363786-1-160x120.jpg 160w, https:\/\/loudavymkrokem.cz\/wp-content\/uploads\/2026\/09\/nemecko-clanky-termaly-nemecko-24-fb363786-1-696x522.jpg 696w, https:\/\/loudavymkrokem.cz\/wp-content\/uploads\/2026\/09\/nemecko-clanky-termaly-nemecko-24-fb363786-1-1392x1044.jpg 1392w\" sizes=\"(max-width: 1800px) 100vw, 1800px\" \/><button\n\t\t\tclass=\"lightbox-trigger\"\n\t\t\ttype=\"button\"\n\t\t\taria-haspopup=\"dialog\"\n\t\t\tdata-wp-bind--aria-label=\"state.thisImage.triggerButtonAriaLabel\"\n\t\t\tdata-wp-init=\"callbacks.initTriggerButton\"\n\t\t\tdata-wp-on--click=\"actions.showLightbox\"\n\t\t\tdata-wp-style--right=\"state.thisImage.buttonRight\"\n\t\t\tdata-wp-style--top=\"state.thisImage.buttonTop\"\n\t\t>\n\t\t\t<svg xmlns=\"http:\/\/www.w3.org\/2000\/svg\" width=\"12\" height=\"12\" fill=\"none\" viewBox=\"0 0 12 12\">\n\t\t\t\t<path fill=\"#fff\" d=\"M2 0a2 2 0 0 0-2 2v2h1.5V2a.5.5 0 0 1 .5-.5h2V0H2Zm2 10.5H2a.5.5 0 0 1-.5-.5V8H0v2a2 2 0 0 0 2 2h2v-1.5ZM8 12v-1.5h2a.5.5 0 0 0 .5-.5V8H12v2a2 2 0 0 1-2 2H8Zm2-12a2 2 0 0 1 2 2v2h-1.5V2a.5.5 0 0 0-.5-.5H8V0h2Z\" \/>\n\t\t\t<\/svg>\n\t\t<\/button><\/figure>\n\n\n\n<h3 class=\"wp-block-heading\"><span class=\"ez-toc-section\" id=\"18_Panorama_Therme_Beuren_Beuren\"><\/span>18. Panorama Therme Beuren (Beuren)<span class=\"ez-toc-section-end\"><\/span><\/h3>\n\n\n\n<p class=\"wp-block-paragraph\">Essas termas ficam na pitoresca cidade de Beuren e sua localiza\u00e7\u00e3o \u00e9 \u00fanica, porque boa parte do territ\u00f3rio do munic\u00edpio <strong>faz parte da reserva da biosfera Schw\u00e4bische Alb<\/strong>. A natureza ao redor \u00e9 simplesmente linda e voc\u00ea descansa aqui ao m\u00e1ximo com a consci\u00eancia de estar numa \u00e1rea protegida. As termas, por isso, combinam perfeitamente com o encerramento de um dia ativo na Schw\u00e4bische Alb.<\/p>\n\n\n\n<p class=\"wp-block-paragraph\">\u00c0 disposi\u00e7\u00e3o h\u00e1 a cl\u00e1ssica parte termal e os muito populares banhos de vapor (Dampfb\u00e4der). O ambiente \u00e9 no geral mais tranquilo e se concentra primordialmente em visitantes adultos que buscam um descanso honesto ap\u00f3s caminhadas pela natureza dos arredores. A atmosfera aqui flui num ritmo mais lento e voc\u00ea pode aproveitar sem culpa os efeitos ben\u00e9ficos da \u00e1gua quente.<\/p>\n\n\n\n<p class=\"wp-block-paragraph\">Segundo a tabela de 2026, o ingresso para os banhos de vapor de 2,5 horas sai por <strong>17,50 euros nos dias \u00fateis<\/strong>, no fim de semana e feriados voc\u00ea paga 1,50 euro a mais. Pessoas com defici\u00eancia grave t\u00eam um pequeno desconto e pagam 16,50 euros. A combina\u00e7\u00e3o de termas e vapor por 3 horas custa 25,50 euros durante a semana e 27 euros no fim de semana. <strong>\ud83d\udca1 Dica:<\/strong> se voc\u00ea tem em casa ingressos antigos no formato de t\u00edquete de estacionamento com c\u00f3digo de barras, ainda pode us\u00e1-los, mas paga 3 a 3,50 euros a mais. No caso dos ingressos antiqu\u00edssimos com faixa magn\u00e9tica, o acr\u00e9scimo \u00e9 de 5 a 5,50 euros.<\/p>\n\n\n\n<figure data-wp-context=\"{&quot;imageId&quot;:&quot;6a9c2d686a88f&quot;}\" data-wp-interactive=\"core\/image\" data-wp-key=\"6a9c2d686a88f\" class=\"wp-block-image size-full wp-lightbox-container\"><img decoding=\"async\" width=\"1800\" height=\"1200\" data-wp-class--hide=\"state.isContentHidden\" data-wp-class--show=\"state.isContentVisible\" data-wp-init=\"callbacks.setButtonStyles\" data-wp-on--click=\"actions.showLightbox\" data-wp-on--load=\"callbacks.setButtonStyles\" data-wp-on--pointerdown=\"actions.preloadImage\" data-wp-on--pointerenter=\"actions.preloadImageWithDelay\" data-wp-on--pointerleave=\"actions.cancelPreload\" data-wp-on-window--resize=\"callbacks.setButtonStyles\" src=\"https:\/\/loudavymkrokem.cz\/wp-content\/uploads\/2026\/09\/nemecko-clanky-termaly-nemecko-25-92e2b50c.jpg\" alt=\"Bodensee-Therme Konstanz com restaurante na margem do Lago de Constan\u00e7a\" class=\"wp-image-415489\" title=\"\" srcset=\"https:\/\/loudavymkrokem.cz\/wp-content\/uploads\/2026\/09\/nemecko-clanky-termaly-nemecko-25-92e2b50c.jpg 1800w, https:\/\/loudavymkrokem.cz\/wp-content\/uploads\/2026\/09\/nemecko-clanky-termaly-nemecko-25-92e2b50c-300x200.jpg 300w, https:\/\/loudavymkrokem.cz\/wp-content\/uploads\/2026\/09\/nemecko-clanky-termaly-nemecko-25-92e2b50c-700x467.jpg 700w, https:\/\/loudavymkrokem.cz\/wp-content\/uploads\/2026\/09\/nemecko-clanky-termaly-nemecko-25-92e2b50c-768x512.jpg 768w, https:\/\/loudavymkrokem.cz\/wp-content\/uploads\/2026\/09\/nemecko-clanky-termaly-nemecko-25-92e2b50c-1536x1024.jpg 1536w, https:\/\/loudavymkrokem.cz\/wp-content\/uploads\/2026\/09\/nemecko-clanky-termaly-nemecko-25-92e2b50c-696x464.jpg 696w, https:\/\/loudavymkrokem.cz\/wp-content\/uploads\/2026\/09\/nemecko-clanky-termaly-nemecko-25-92e2b50c-1392x928.jpg 1392w\" sizes=\"(max-width: 1800px) 100vw, 1800px\" \/><button\n\t\t\tclass=\"lightbox-trigger\"\n\t\t\ttype=\"button\"\n\t\t\taria-haspopup=\"dialog\"\n\t\t\tdata-wp-bind--aria-label=\"state.thisImage.triggerButtonAriaLabel\"\n\t\t\tdata-wp-init=\"callbacks.initTriggerButton\"\n\t\t\tdata-wp-on--click=\"actions.showLightbox\"\n\t\t\tdata-wp-style--right=\"state.thisImage.buttonRight\"\n\t\t\tdata-wp-style--top=\"state.thisImage.buttonTop\"\n\t\t>\n\t\t\t<svg xmlns=\"http:\/\/www.w3.org\/2000\/svg\" width=\"12\" height=\"12\" fill=\"none\" viewBox=\"0 0 12 12\">\n\t\t\t\t<path fill=\"#fff\" d=\"M2 0a2 2 0 0 0-2 2v2h1.5V2a.5.5 0 0 1 .5-.5h2V0H2Zm2 10.5H2a.5.5 0 0 1-.5-.5V8H0v2a2 2 0 0 0 2 2h2v-1.5ZM8 12v-1.5h2a.5.5 0 0 0 .5-.5V8H12v2a2 2 0 0 1-2 2H8Zm2-12a2 2 0 0 1 2 2v2h-1.5V2a.5.5 0 0 0-.5-.5H8V0h2Z\" \/>\n\t\t\t<\/svg>\n\t\t<\/button><figcaption class=\"wp-element-caption\">Foto: Rizzo \/ Wikimedia Commons, CC BY-SA 3.0<\/figcaption><\/figure>\n\n\n\n<h3 class=\"wp-block-heading\"><span class=\"ez-toc-section\" id=\"19_Bodensee-Therme_Konstanz_Konstanz\"><\/span>19. Bodensee-Therme Konstanz (Konstanz)<span class=\"ez-toc-section-end\"><\/span><\/h3>\n\n\n\n<p class=\"wp-block-paragraph\">Aqui voc\u00ea vai se banhar <strong>bem na margem do famoso Lago de Constan\u00e7a<\/strong>, na cidade de Konstanz. Todo o complexo se divide de forma inteligente em quatro partes principais, que incluem a piscina termal interna, a piscina termal externa, o Quelltopf especial e tamb\u00e9m a piscina de ver\u00e3o (Freibad), na qual n\u00e3o pode faltar uma boa piscina de nata\u00e7\u00e3o de 50 metros. A combina\u00e7\u00e3o de piscinas e lago \u00e9 encantadora.<\/p>\n\n\n\n<p class=\"wp-block-paragraph\">No ver\u00e3o as pessoas aproveitam o banho direto no lago, enquanto nos meses mais frios se deixam atrair pelas termas aquecidas. A parte das saunas fica aberta diariamente das 10h \u00e0s 22h e toda ter\u00e7a-feira funciona <strong>exclusivamente como sauna feminina<\/strong>, o que \u00e9 uma \u00f3tima not\u00edcia para todas as visitantes que buscam privacidade. As crian\u00e7as s\u00f3 podem entrar na sauna e no Quelltopf a partir dos 6 anos. Na Freibad de ver\u00e3o os pequenos de at\u00e9 5 anos entram de gra\u00e7a e nas termas as crian\u00e7as de at\u00e9 2 anos n\u00e3o pagam.<\/p>\n\n\n\n<p class=\"wp-block-paragraph\">Segundo a tabela de 2026, voc\u00ea paga por 3 horas nas termas <strong>16,50 euros durante a semana<\/strong> e 19 euros no fim de semana ou feriados. A estadia de dia inteiro nas piscinas custa 19,50 euros, ou 22 euros. A sauna de tr\u00eas horas sai por 27,50 euros nos dias \u00fateis e 30,50 euros no fim de semana. <strong>\ud83d\udca1 Dica:<\/strong> a piscina termal externa est\u00e1 em reforma e ficar\u00e1 fora de opera\u00e7\u00e3o at\u00e9 25 de setembro de 2026, ent\u00e3o j\u00e1 conte com isso ao planejar o passeio.<\/p>\n\n\n\n<figure data-wp-context=\"{&quot;imageId&quot;:&quot;6a9c2d686b14e&quot;}\" data-wp-interactive=\"core\/image\" data-wp-key=\"6a9c2d686b14e\" class=\"wp-block-image size-full wp-lightbox-container\"><img decoding=\"async\" width=\"1800\" height=\"1200\" data-wp-class--hide=\"state.isContentHidden\" data-wp-class--show=\"state.isContentVisible\" data-wp-init=\"callbacks.setButtonStyles\" data-wp-on--click=\"actions.showLightbox\" data-wp-on--load=\"callbacks.setButtonStyles\" data-wp-on--pointerdown=\"actions.preloadImage\" data-wp-on--pointerenter=\"actions.preloadImageWithDelay\" data-wp-on--pointerleave=\"actions.cancelPreload\" data-wp-on-window--resize=\"callbacks.setButtonStyles\" src=\"https:\/\/loudavymkrokem.cz\/wp-content\/uploads\/2026\/09\/nemecko-clanky-termaly-nemecko-26-4ac25752-1.jpg\" alt=\"Adelindis Therme (Bad Buchau): piscina de relaxamento\" class=\"wp-image-415319\" title=\"\" srcset=\"https:\/\/loudavymkrokem.cz\/wp-content\/uploads\/2026\/09\/nemecko-clanky-termaly-nemecko-26-4ac25752-1.jpg 1800w, https:\/\/loudavymkrokem.cz\/wp-content\/uploads\/2026\/09\/nemecko-clanky-termaly-nemecko-26-4ac25752-1-300x200.jpg 300w, https:\/\/loudavymkrokem.cz\/wp-content\/uploads\/2026\/09\/nemecko-clanky-termaly-nemecko-26-4ac25752-1-700x467.jpg 700w, https:\/\/loudavymkrokem.cz\/wp-content\/uploads\/2026\/09\/nemecko-clanky-termaly-nemecko-26-4ac25752-1-768x512.jpg 768w, https:\/\/loudavymkrokem.cz\/wp-content\/uploads\/2026\/09\/nemecko-clanky-termaly-nemecko-26-4ac25752-1-1536x1024.jpg 1536w, https:\/\/loudavymkrokem.cz\/wp-content\/uploads\/2026\/09\/nemecko-clanky-termaly-nemecko-26-4ac25752-1-696x464.jpg 696w, https:\/\/loudavymkrokem.cz\/wp-content\/uploads\/2026\/09\/nemecko-clanky-termaly-nemecko-26-4ac25752-1-1392x928.jpg 1392w\" sizes=\"(max-width: 1800px) 100vw, 1800px\" \/><button\n\t\t\tclass=\"lightbox-trigger\"\n\t\t\ttype=\"button\"\n\t\t\taria-haspopup=\"dialog\"\n\t\t\tdata-wp-bind--aria-label=\"state.thisImage.triggerButtonAriaLabel\"\n\t\t\tdata-wp-init=\"callbacks.initTriggerButton\"\n\t\t\tdata-wp-on--click=\"actions.showLightbox\"\n\t\t\tdata-wp-style--right=\"state.thisImage.buttonRight\"\n\t\t\tdata-wp-style--top=\"state.thisImage.buttonTop\"\n\t\t>\n\t\t\t<svg xmlns=\"http:\/\/www.w3.org\/2000\/svg\" width=\"12\" height=\"12\" fill=\"none\" viewBox=\"0 0 12 12\">\n\t\t\t\t<path fill=\"#fff\" d=\"M2 0a2 2 0 0 0-2 2v2h1.5V2a.5.5 0 0 1 .5-.5h2V0H2Zm2 10.5H2a.5.5 0 0 1-.5-.5V8H0v2a2 2 0 0 0 2 2h2v-1.5ZM8 12v-1.5h2a.5.5 0 0 0 .5-.5V8H12v2a2 2 0 0 1-2 2H8Zm2-12a2 2 0 0 1 2 2v2h-1.5V2a.5.5 0 0 0-.5-.5H8V0h2Z\" \/>\n\t\t\t<\/svg>\n\t\t<\/button><\/figure>\n\n\n\n<h3 class=\"wp-block-heading\"><span class=\"ez-toc-section\" id=\"20_Adelindis_Therme_Bad_Buchau\"><\/span>20. Adelindis Therme (Bad Buchau)<span class=\"ez-toc-section-end\"><\/span><\/h3>\n\n\n\n<p class=\"wp-block-paragraph\">Se voc\u00ea adora um aquecimento caprichado e valoriza a variedade, na cidadezinha termal de Bad Buchau vai ficar cem por cento encantado. O mundo de saunas local <strong>oferece nada menos que 7 saunas diferentes<\/strong> com n\u00edveis de temperatura distintos, ent\u00e3o cada um escolhe a sua favorita, seja voc\u00ea f\u00e3 de calor mais ameno ou, ao contr\u00e1rio, do suor n\u00f3rdico intenso.<\/p>\n\n\n\n<p class=\"wp-block-paragraph\">Al\u00e9m das saunas, voc\u00ea encontra ali uma parte termal muito agrad\u00e1vel, onde pode passar tranquilamente o dia inteiro. A atmosfera \u00e9 bem relaxante e o complexo \u00e9 francamente ideal para casais ou viajantes que querem descansar do estresse do dia a dia num ambiente termal tranquilo. As termas oferecem um \u00f3timo ref\u00fagio, especialmente nos per\u00edodos mais frios do ano.<\/p>\n\n\n\n<p class=\"wp-block-paragraph\">Segundo a tabela de 2026, a entrada de quatro horas para as termas custa <strong>15 euros durante a semana<\/strong> e 16,50 euros nos fins de semana ou feriados. O ingresso de dia inteiro para as piscinas custa 18 euros, com o acr\u00e9scimo de fim de semana 19,50 euros. O ingresso de dia inteiro incluindo termas e sauna sai por 23 euros num dia \u00fatil. <strong>\ud83d\udca1 Dica:<\/strong> viaja de motorhome? Aproveite a tarifa especial de 1 hora com passe de estacionamento por 7 euros. Uma \u00f3tima op\u00e7\u00e3o \u00e9 tamb\u00e9m a tarifa noturna ap\u00f3s as 18h, quando a entrada nas termas baixa para 12,50 euros. Toda \u00faltima sexta-feira do m\u00eas acontece ainda a popular Eventsauna por 32 euros.<\/p>\n\n\n\n<figure data-wp-context=\"{&quot;imageId&quot;:&quot;6a9c2d686b987&quot;}\" data-wp-interactive=\"core\/image\" data-wp-key=\"6a9c2d686b987\" class=\"wp-block-image size-full wp-lightbox-container\"><img decoding=\"async\" width=\"1800\" height=\"1200\" data-wp-class--hide=\"state.isContentHidden\" data-wp-class--show=\"state.isContentVisible\" data-wp-init=\"callbacks.setButtonStyles\" data-wp-on--click=\"actions.showLightbox\" data-wp-on--load=\"callbacks.setButtonStyles\" data-wp-on--pointerdown=\"actions.preloadImage\" data-wp-on--pointerenter=\"actions.preloadImageWithDelay\" data-wp-on--pointerleave=\"actions.cancelPreload\" data-wp-on-window--resize=\"callbacks.setButtonStyles\" src=\"https:\/\/loudavymkrokem.cz\/wp-content\/uploads\/2026\/09\/nemecko-clanky-termaly-nemecko-27-457f21a5.jpg\" alt=\"Piscinas externas da Sonnenhof-Therme em Bad Saulgau ao p\u00f4r do sol\" class=\"wp-image-415493\" title=\"\" srcset=\"https:\/\/loudavymkrokem.cz\/wp-content\/uploads\/2026\/09\/nemecko-clanky-termaly-nemecko-27-457f21a5.jpg 1800w, https:\/\/loudavymkrokem.cz\/wp-content\/uploads\/2026\/09\/nemecko-clanky-termaly-nemecko-27-457f21a5-300x200.jpg 300w, https:\/\/loudavymkrokem.cz\/wp-content\/uploads\/2026\/09\/nemecko-clanky-termaly-nemecko-27-457f21a5-700x467.jpg 700w, https:\/\/loudavymkrokem.cz\/wp-content\/uploads\/2026\/09\/nemecko-clanky-termaly-nemecko-27-457f21a5-768x512.jpg 768w, https:\/\/loudavymkrokem.cz\/wp-content\/uploads\/2026\/09\/nemecko-clanky-termaly-nemecko-27-457f21a5-1536x1024.jpg 1536w, https:\/\/loudavymkrokem.cz\/wp-content\/uploads\/2026\/09\/nemecko-clanky-termaly-nemecko-27-457f21a5-696x464.jpg 696w, https:\/\/loudavymkrokem.cz\/wp-content\/uploads\/2026\/09\/nemecko-clanky-termaly-nemecko-27-457f21a5-1392x928.jpg 1392w\" sizes=\"(max-width: 1800px) 100vw, 1800px\" \/><button\n\t\t\tclass=\"lightbox-trigger\"\n\t\t\ttype=\"button\"\n\t\t\taria-haspopup=\"dialog\"\n\t\t\tdata-wp-bind--aria-label=\"state.thisImage.triggerButtonAriaLabel\"\n\t\t\tdata-wp-init=\"callbacks.initTriggerButton\"\n\t\t\tdata-wp-on--click=\"actions.showLightbox\"\n\t\t\tdata-wp-style--right=\"state.thisImage.buttonRight\"\n\t\t\tdata-wp-style--top=\"state.thisImage.buttonTop\"\n\t\t>\n\t\t\t<svg xmlns=\"http:\/\/www.w3.org\/2000\/svg\" width=\"12\" height=\"12\" fill=\"none\" viewBox=\"0 0 12 12\">\n\t\t\t\t<path fill=\"#fff\" d=\"M2 0a2 2 0 0 0-2 2v2h1.5V2a.5.5 0 0 1 .5-.5h2V0H2Zm2 10.5H2a.5.5 0 0 1-.5-.5V8H0v2a2 2 0 0 0 2 2h2v-1.5ZM8 12v-1.5h2a.5.5 0 0 0 .5-.5V8H12v2a2 2 0 0 1-2 2H8Zm2-12a2 2 0 0 1 2 2v2h-1.5V2a.5.5 0 0 0-.5-.5H8V0h2Z\" \/>\n\t\t\t<\/svg>\n\t\t<\/button><\/figure>\n\n\n\n<h3 class=\"wp-block-heading\"><span class=\"ez-toc-section\" id=\"21_Sonnenhof-Therme_Bad_Saulgau\"><\/span>21. Sonnenhof-Therme (Bad Saulgau)<span class=\"ez-toc-section-end\"><\/span><\/h3>\n\n\n\n<p class=\"wp-block-paragraph\">Essas termas na cidade de Bad Saulgau ostentam uma enorme riqueza natural, atr\u00e1s da qual as pessoas v\u00eam de toda a regi\u00e3o. Todos os dias, de uma respeit\u00e1vel profundidade de 650 metros, <strong>jorram at\u00e9 1,5 milh\u00e3o de litros de \u00e1gua sulfurosa curativa<\/strong>, que abastece continuamente todas as piscinas locais. A pr\u00f3pria arquitetura moderna j\u00e1 \u00e9 impressionante, porque o pr\u00e9dio \u00e9 bem iluminado por muita luz natural.<\/p>\n\n\n\n<p class=\"wp-block-paragraph\">Numa \u00e1rea de 900 metros quadrados voc\u00ea descobre sete piscinas internas e externas com temperaturas de 28 a 40 \u00b0C. A mais quente \u00e9 a Quellbecken interna, que oferece <strong>41 \u00b0C<\/strong>. N\u00e3o falta a piscina em cascata com 34 \u00b0C ou o banho de vapor romano com 100% de umidade e temperatura de 40 a 50 \u00b0C. Na sala de sal voc\u00ea se aquece a no m\u00ednimo 42 \u00b0C. Fazem parte das piscinas tamb\u00e9m diversas cachoeiras e jatos subaqu\u00e1ticos.<\/p>\n\n\n\n<p class=\"wp-block-paragraph\">Segundo a tabela de 2026, o ingresso de duas horas para as termas sai por 13,80 euros. A entrada de tr\u00eas horas custa 14,80 euros e a variante de dia inteiro \u00e9 vendida por 20,40 euros. A entrada na sauna, que j\u00e1 inclui o banho nas termas, sai por 21,60 euros por 3 horas. <strong>\ud83d\udca1 Dica:<\/strong> pare junto \u00e0s cachoeiras e jatos de massagem da piscina, que tem muito agrad\u00e1veis 37 \u00b0C, porque elas relaxam perfeitamente as costas e ombros travados.<\/p>\n\n\n\n<figure data-wp-context=\"{&quot;imageId&quot;:&quot;6a9c2d686c129&quot;}\" data-wp-interactive=\"core\/image\" data-wp-key=\"6a9c2d686c129\" class=\"wp-block-image size-full wp-lightbox-container\"><img decoding=\"async\" width=\"1800\" height=\"1200\" data-wp-class--hide=\"state.isContentHidden\" data-wp-class--show=\"state.isContentVisible\" data-wp-init=\"callbacks.setButtonStyles\" data-wp-on--click=\"actions.showLightbox\" data-wp-on--load=\"callbacks.setButtonStyles\" data-wp-on--pointerdown=\"actions.preloadImage\" data-wp-on--pointerenter=\"actions.preloadImageWithDelay\" data-wp-on--pointerleave=\"actions.cancelPreload\" data-wp-on-window--resize=\"callbacks.setButtonStyles\" src=\"https:\/\/loudavymkrokem.cz\/wp-content\/uploads\/2026\/09\/nemecko-clanky-termaly-nemecko-28-5b36a3a0-1.jpg\" alt=\"Caracalla Therme (Baden-Baden)\" class=\"wp-image-415324\" title=\"\" srcset=\"https:\/\/loudavymkrokem.cz\/wp-content\/uploads\/2026\/09\/nemecko-clanky-termaly-nemecko-28-5b36a3a0-1.jpg 1800w, https:\/\/loudavymkrokem.cz\/wp-content\/uploads\/2026\/09\/nemecko-clanky-termaly-nemecko-28-5b36a3a0-1-300x200.jpg 300w, https:\/\/loudavymkrokem.cz\/wp-content\/uploads\/2026\/09\/nemecko-clanky-termaly-nemecko-28-5b36a3a0-1-700x467.jpg 700w, https:\/\/loudavymkrokem.cz\/wp-content\/uploads\/2026\/09\/nemecko-clanky-termaly-nemecko-28-5b36a3a0-1-768x512.jpg 768w, https:\/\/loudavymkrokem.cz\/wp-content\/uploads\/2026\/09\/nemecko-clanky-termaly-nemecko-28-5b36a3a0-1-1536x1024.jpg 1536w, https:\/\/loudavymkrokem.cz\/wp-content\/uploads\/2026\/09\/nemecko-clanky-termaly-nemecko-28-5b36a3a0-1-696x464.jpg 696w, https:\/\/loudavymkrokem.cz\/wp-content\/uploads\/2026\/09\/nemecko-clanky-termaly-nemecko-28-5b36a3a0-1-1392x928.jpg 1392w\" sizes=\"(max-width: 1800px) 100vw, 1800px\" \/><button\n\t\t\tclass=\"lightbox-trigger\"\n\t\t\ttype=\"button\"\n\t\t\taria-haspopup=\"dialog\"\n\t\t\tdata-wp-bind--aria-label=\"state.thisImage.triggerButtonAriaLabel\"\n\t\t\tdata-wp-init=\"callbacks.initTriggerButton\"\n\t\t\tdata-wp-on--click=\"actions.showLightbox\"\n\t\t\tdata-wp-style--right=\"state.thisImage.buttonRight\"\n\t\t\tdata-wp-style--top=\"state.thisImage.buttonTop\"\n\t\t>\n\t\t\t<svg xmlns=\"http:\/\/www.w3.org\/2000\/svg\" width=\"12\" height=\"12\" fill=\"none\" viewBox=\"0 0 12 12\">\n\t\t\t\t<path fill=\"#fff\" d=\"M2 0a2 2 0 0 0-2 2v2h1.5V2a.5.5 0 0 1 .5-.5h2V0H2Zm2 10.5H2a.5.5 0 0 1-.5-.5V8H0v2a2 2 0 0 0 2 2h2v-1.5ZM8 12v-1.5h2a.5.5 0 0 0 .5-.5V8H12v2a2 2 0 0 1-2 2H8Zm2-12a2 2 0 0 1 2 2v2h-1.5V2a.5.5 0 0 0-.5-.5H8V0h2Z\" \/>\n\t\t\t<\/svg>\n\t\t<\/button><figcaption class=\"wp-element-caption\">Foto: Gerd Eichmann \/ Wikimedia Commons, CC BY-SA 4.0<\/figcaption><\/figure>\n\n\n\n<h3 class=\"wp-block-heading\"><span class=\"ez-toc-section\" id=\"22_Caracalla_Therme_Baden-Baden\"><\/span>22. Caracalla Therme (Baden-Baden)<span class=\"ez-toc-section-end\"><\/span><\/h3>\n\n\n\n<p class=\"wp-block-paragraph\">Na lend\u00e1ria Baden-Baden voc\u00ea encontra esse complexo luxuoso de 5.000 metros quadrados de \u00e1rea total, que atrai com um enorme <strong>espelho d&#8217;\u00e1gua de mais de 900 metros quadrados<\/strong>. Diariamente circulam ali cerca de 800.000 litros de \u00e1gua termal pura e a profundidade das piscinas chega no m\u00e1ximo a 1,35 metro, ent\u00e3o voc\u00ea vai se sentir seguro.<\/p>\n\n\n\n<p class=\"wp-block-paragraph\">As temperaturas da \u00e1gua v\u00e3o de 18 a 38 \u00b0C. Voc\u00ea se aquece na grande piscina interna (34 \u00b0C) ou na grande piscina externa (32 \u00b0C). \u00c0 disposi\u00e7\u00e3o h\u00e1 tamb\u00e9m uma pequena piscina externa de 35 \u00b0C e duas hidromassagens quentes de 38 \u00b0C. Uma experi\u00eancia \u00e9 a gruta quente de 38 \u00b0C (onde se recomenda ficar 5 minutos), \u00e0 qual <strong>se segue logo a gruta fria<\/strong> de apenas 18 \u00b0C, para um resfriamento r\u00e1pido de 10 a 20 segundos. Os corajosos v\u00e3o gostar do banho de vapor acess\u00edvel de roupa de banho, com 43 \u00b0C e 100% de umidade, ou da c\u00e2mara de inala\u00e7\u00e3o de sal com temperatura de 28 a 30 \u00b0C.<\/p>\n\n\n\n<p class=\"wp-block-paragraph\">Segundo a tabela de 2026, o ingresso para as piscinas por 2 horas custa 21 euros, por 3 horas 25 euros e o de dia inteiro 35 euros. A combina\u00e7\u00e3o com sauna sai por 26 euros por 2 horas. As crian\u00e7as s\u00f3 podem entrar a partir dos 7 anos e, at\u00e9 os 14, exclusivamente com acompanhante adulto. <strong>\ud83d\udca1 Dica:<\/strong> se voc\u00ea adquirir o chamado VIP-Chip, ganha at\u00e9 20% de desconto na entrada n\u00e3o s\u00f3 aqui, mas tamb\u00e9m nas termas hist\u00f3ricas parceiras Friedrichsbad.<\/p>\n\n\n\n<figure data-wp-context=\"{&quot;imageId&quot;:&quot;6a9c2d686ca84&quot;}\" data-wp-interactive=\"core\/image\" data-wp-key=\"6a9c2d686ca84\" class=\"wp-block-image size-full wp-lightbox-container\"><img decoding=\"async\" width=\"1800\" height=\"1083\" data-wp-class--hide=\"state.isContentHidden\" data-wp-class--show=\"state.isContentVisible\" data-wp-init=\"callbacks.setButtonStyles\" data-wp-on--click=\"actions.showLightbox\" data-wp-on--load=\"callbacks.setButtonStyles\" data-wp-on--pointerdown=\"actions.preloadImage\" data-wp-on--pointerenter=\"actions.preloadImageWithDelay\" data-wp-on--pointerleave=\"actions.cancelPreload\" data-wp-on-window--resize=\"callbacks.setButtonStyles\" src=\"https:\/\/loudavymkrokem.cz\/wp-content\/uploads\/2026\/09\/nemecko-clanky-termaly-nemecko-29-aa48ec15.jpg\" alt=\"Teto ondulado e piscina externa das termas Solemar em Bad D\u00fcrrheim\" class=\"wp-image-415497\" title=\"\" srcset=\"https:\/\/loudavymkrokem.cz\/wp-content\/uploads\/2026\/09\/nemecko-clanky-termaly-nemecko-29-aa48ec15.jpg 1800w, https:\/\/loudavymkrokem.cz\/wp-content\/uploads\/2026\/09\/nemecko-clanky-termaly-nemecko-29-aa48ec15-300x181.jpg 300w, https:\/\/loudavymkrokem.cz\/wp-content\/uploads\/2026\/09\/nemecko-clanky-termaly-nemecko-29-aa48ec15-700x421.jpg 700w, https:\/\/loudavymkrokem.cz\/wp-content\/uploads\/2026\/09\/nemecko-clanky-termaly-nemecko-29-aa48ec15-768x462.jpg 768w, https:\/\/loudavymkrokem.cz\/wp-content\/uploads\/2026\/09\/nemecko-clanky-termaly-nemecko-29-aa48ec15-1536x924.jpg 1536w, https:\/\/loudavymkrokem.cz\/wp-content\/uploads\/2026\/09\/nemecko-clanky-termaly-nemecko-29-aa48ec15-696x419.jpg 696w, https:\/\/loudavymkrokem.cz\/wp-content\/uploads\/2026\/09\/nemecko-clanky-termaly-nemecko-29-aa48ec15-1392x838.jpg 1392w\" sizes=\"(max-width: 1800px) 100vw, 1800px\" \/><button\n\t\t\tclass=\"lightbox-trigger\"\n\t\t\ttype=\"button\"\n\t\t\taria-haspopup=\"dialog\"\n\t\t\tdata-wp-bind--aria-label=\"state.thisImage.triggerButtonAriaLabel\"\n\t\t\tdata-wp-init=\"callbacks.initTriggerButton\"\n\t\t\tdata-wp-on--click=\"actions.showLightbox\"\n\t\t\tdata-wp-style--right=\"state.thisImage.buttonRight\"\n\t\t\tdata-wp-style--top=\"state.thisImage.buttonTop\"\n\t\t>\n\t\t\t<svg xmlns=\"http:\/\/www.w3.org\/2000\/svg\" width=\"12\" height=\"12\" fill=\"none\" viewBox=\"0 0 12 12\">\n\t\t\t\t<path fill=\"#fff\" d=\"M2 0a2 2 0 0 0-2 2v2h1.5V2a.5.5 0 0 1 .5-.5h2V0H2Zm2 10.5H2a.5.5 0 0 1-.5-.5V8H0v2a2 2 0 0 0 2 2h2v-1.5ZM8 12v-1.5h2a.5.5 0 0 0 .5-.5V8H12v2a2 2 0 0 1-2 2H8Zm2-12a2 2 0 0 1 2 2v2h-1.5V2a.5.5 0 0 0-.5-.5H8V0h2Z\" \/>\n\t\t\t<\/svg>\n\t\t<\/button><\/figure>\n\n\n\n<h3 class=\"wp-block-heading\"><span class=\"ez-toc-section\" id=\"23_Solemar_Bad_Durrheim_Bad_Durrheim\"><\/span>23. Solemar Bad D\u00fcrrheim (Bad D\u00fcrrheim)<span class=\"ez-toc-section-end\"><\/span><\/h3>\n\n\n\n<p class=\"wp-block-paragraph\">Na cidade termal de Bad D\u00fcrrheim te espera uma relaxa\u00e7\u00e3o de primeira, cujo principal atrativo \u00e9 a <strong>ampla Schwarzwald-Sauna<\/strong>. Em todo o complexo reina uma atmosfera excepcionalmente tranquila, feita sob medida para um fim de semana de descanso sem qualquer pressa. Se voc\u00ea precisa limpar a cabe\u00e7a e simplesmente relaxar \u00e0 toa, aqui com certeza vai conseguir.<\/p>\n\n\n\n<p class=\"wp-block-paragraph\">As termas ficam abertas todos os dias das 9h \u00e0s 22h, e na sexta o funcionamento noturno se estende at\u00e9 as 23h. Al\u00e9m das cl\u00e1ssicas piscinas termais, voc\u00ea descobre ali tamb\u00e9m uma gruta especial de sal do Mar Morto (Totes-Meer-Salzgrotte), que tem \u00f3timos efeitos sobre as vias respirat\u00f3rias. O pr\u00f3prio mundo de saunas abre para todos os visitantes pontualmente \u00e0s dez da manh\u00e3.<\/p>\n\n\n\n<p class=\"wp-block-paragraph\">Segundo a tabela de 2026, o ingresso de tr\u00eas horas para as termas custa 17,90 euros e a variante de dia inteiro 19,90 euros. Pela combina\u00e7\u00e3o de quatro horas com sauna voc\u00ea paga 26,50 euros, e a de dia inteiro sai por 29,50 euros. A entrada na gruta de sal custa 11 euros para adultos e 5 euros para crian\u00e7as de at\u00e9 12 anos. Na sauna s\u00f3 entram jovens a partir dos 13 anos. Para crian\u00e7as de 3 a 12 anos, as termas de dia inteiro custam 10,20 euros. <strong>\ud83d\udca1 Dica:<\/strong> se voc\u00ea quer economizar, chegue \u00e0 noite na tarifa reduzida v\u00e1lida a partir das 19h, que sai por apenas 14,90 euros para as termas e 21,50 euros para a sauna.<\/p>\n\n\n\n<figure data-wp-context=\"{&quot;imageId&quot;:&quot;6a9c2d686d0e8&quot;}\" data-wp-interactive=\"core\/image\" data-wp-key=\"6a9c2d686d0e8\" class=\"wp-block-image size-full wp-lightbox-container\"><img decoding=\"async\" width=\"1800\" height=\"1350\" data-wp-class--hide=\"state.isContentHidden\" data-wp-class--show=\"state.isContentVisible\" data-wp-init=\"callbacks.setButtonStyles\" data-wp-on--click=\"actions.showLightbox\" data-wp-on--load=\"callbacks.setButtonStyles\" data-wp-on--pointerdown=\"actions.preloadImage\" data-wp-on--pointerenter=\"actions.preloadImageWithDelay\" data-wp-on--pointerleave=\"actions.cancelPreload\" data-wp-on-window--resize=\"callbacks.setButtonStyles\" src=\"https:\/\/loudavymkrokem.cz\/wp-content\/uploads\/2026\/09\/nemecko-clanky-termaly-nemecko-30-ccda264f-1.jpg\" alt=\"Piscina externa do AlbThermen em Bad Urach no vapor de inverno\" class=\"wp-image-415329\" title=\"\" srcset=\"https:\/\/loudavymkrokem.cz\/wp-content\/uploads\/2026\/09\/nemecko-clanky-termaly-nemecko-30-ccda264f-1.jpg 1800w, https:\/\/loudavymkrokem.cz\/wp-content\/uploads\/2026\/09\/nemecko-clanky-termaly-nemecko-30-ccda264f-1-300x225.jpg 300w, https:\/\/loudavymkrokem.cz\/wp-content\/uploads\/2026\/09\/nemecko-clanky-termaly-nemecko-30-ccda264f-1-700x525.jpg 700w, https:\/\/loudavymkrokem.cz\/wp-content\/uploads\/2026\/09\/nemecko-clanky-termaly-nemecko-30-ccda264f-1-768x576.jpg 768w, https:\/\/loudavymkrokem.cz\/wp-content\/uploads\/2026\/09\/nemecko-clanky-termaly-nemecko-30-ccda264f-1-1536x1152.jpg 1536w, https:\/\/loudavymkrokem.cz\/wp-content\/uploads\/2026\/09\/nemecko-clanky-termaly-nemecko-30-ccda264f-1-80x60.jpg 80w, https:\/\/loudavymkrokem.cz\/wp-content\/uploads\/2026\/09\/nemecko-clanky-termaly-nemecko-30-ccda264f-1-160x120.jpg 160w, https:\/\/loudavymkrokem.cz\/wp-content\/uploads\/2026\/09\/nemecko-clanky-termaly-nemecko-30-ccda264f-1-696x522.jpg 696w, https:\/\/loudavymkrokem.cz\/wp-content\/uploads\/2026\/09\/nemecko-clanky-termaly-nemecko-30-ccda264f-1-1392x1044.jpg 1392w\" sizes=\"(max-width: 1800px) 100vw, 1800px\" \/><button\n\t\t\tclass=\"lightbox-trigger\"\n\t\t\ttype=\"button\"\n\t\t\taria-haspopup=\"dialog\"\n\t\t\tdata-wp-bind--aria-label=\"state.thisImage.triggerButtonAriaLabel\"\n\t\t\tdata-wp-init=\"callbacks.initTriggerButton\"\n\t\t\tdata-wp-on--click=\"actions.showLightbox\"\n\t\t\tdata-wp-style--right=\"state.thisImage.buttonRight\"\n\t\t\tdata-wp-style--top=\"state.thisImage.buttonTop\"\n\t\t>\n\t\t\t<svg xmlns=\"http:\/\/www.w3.org\/2000\/svg\" width=\"12\" height=\"12\" fill=\"none\" viewBox=\"0 0 12 12\">\n\t\t\t\t<path fill=\"#fff\" d=\"M2 0a2 2 0 0 0-2 2v2h1.5V2a.5.5 0 0 1 .5-.5h2V0H2Zm2 10.5H2a.5.5 0 0 1-.5-.5V8H0v2a2 2 0 0 0 2 2h2v-1.5ZM8 12v-1.5h2a.5.5 0 0 0 .5-.5V8H12v2a2 2 0 0 1-2 2H8Zm2-12a2 2 0 0 1 2 2v2h-1.5V2a.5.5 0 0 0-.5-.5H8V0h2Z\" \/>\n\t\t\t<\/svg>\n\t\t<\/button><figcaption class=\"wp-element-caption\">Foto: qwesy qwesy \/ Wikimedia Commons, CC BY 3.0<\/figcaption><\/figure>\n\n\n\n<h3 class=\"wp-block-heading\"><span class=\"ez-toc-section\" id=\"24_AlbThermen_Bad_Urach\"><\/span>24. AlbThermen (Bad Urach)<span class=\"ez-toc-section-end\"><\/span><\/h3>\n\n\n\n<p class=\"wp-block-paragraph\">Esse estabelecimento querido na cidade de Bad Urach \u00e9 adorado principalmente pelos visitantes adultos, porque crian\u00e7as menores de 8 anos <strong>n\u00e3o t\u00eam autoriza\u00e7\u00e3o nenhuma de entrar na \u00e1rea de banho<\/strong>. O ambiente, gra\u00e7as a essa restri\u00e7\u00e3o, \u00e9 muito silencioso e oferece um sossego realmente ininterrupto. Ent\u00e3o, se voc\u00ea procura um lugar onde descansar da gritaria das crian\u00e7as, aqui n\u00e3o erra.<\/p>\n\n\n\n<p class=\"wp-block-paragraph\">Os port\u00f5es das termas abrem diariamente das 9h \u00e0s 22h, a paisagem de saunas come\u00e7a a funcionar \u00e0s 10h e o restaurante local cozinha a partir das 11h. Os pre\u00e7os aqui s\u00e3o divididos em blocos de tempo exatos, ent\u00e3o vale a pena ficar de olho no rel\u00f3gio para n\u00e3o ter que pagar desnecessariamente 2,50 euros a mais pela ultrapassagem do tempo estipulado.<\/p>\n\n\n\n<p class=\"wp-block-paragraph\">As tarifas b\u00e1sicas segundo a tabela de 2026 valem por exatas 3,5 horas para as piscinas, ou por 4 horas se voc\u00ea escolher a combina\u00e7\u00e3o de piscinas com sauna. Nos fins de semana some a cada tarifa b\u00e1sica um pequeno acr\u00e9scimo de 2 euros. <strong>\ud83d\udca1 Dica:<\/strong> planeja v\u00e1rias visitas ou vai em um grupo maior? Adquira o cart\u00e3o pr\u00e9-pago de 10 entradas nas piscinas por 189 euros (ou com sauna por 288 euros), que d\u00e1 direito a mais 3 entradas de gra\u00e7a.<\/p>\n\n\n\n<figure data-wp-context=\"{&quot;imageId&quot;:&quot;6a9c2d686d75f&quot;}\" data-wp-interactive=\"core\/image\" data-wp-key=\"6a9c2d686d75f\" class=\"wp-block-image size-full wp-lightbox-container\"><img decoding=\"async\" width=\"1800\" height=\"1064\" data-wp-class--hide=\"state.isContentHidden\" data-wp-class--show=\"state.isContentVisible\" data-wp-init=\"callbacks.setButtonStyles\" data-wp-on--click=\"actions.showLightbox\" data-wp-on--load=\"callbacks.setButtonStyles\" data-wp-on--pointerdown=\"actions.preloadImage\" data-wp-on--pointerenter=\"actions.preloadImageWithDelay\" data-wp-on--pointerleave=\"actions.cancelPreload\" data-wp-on-window--resize=\"callbacks.setButtonStyles\" src=\"https:\/\/loudavymkrokem.cz\/wp-content\/uploads\/2026\/09\/nemecko-clanky-termaly-nemecko-31-616f54cf-1.jpg\" alt=\"Friedrichsbad (Baden-Baden)\" class=\"wp-image-415332\" title=\"\" srcset=\"https:\/\/loudavymkrokem.cz\/wp-content\/uploads\/2026\/09\/nemecko-clanky-termaly-nemecko-31-616f54cf-1.jpg 1800w, https:\/\/loudavymkrokem.cz\/wp-content\/uploads\/2026\/09\/nemecko-clanky-termaly-nemecko-31-616f54cf-1-300x177.jpg 300w, https:\/\/loudavymkrokem.cz\/wp-content\/uploads\/2026\/09\/nemecko-clanky-termaly-nemecko-31-616f54cf-1-700x414.jpg 700w, https:\/\/loudavymkrokem.cz\/wp-content\/uploads\/2026\/09\/nemecko-clanky-termaly-nemecko-31-616f54cf-1-768x454.jpg 768w, https:\/\/loudavymkrokem.cz\/wp-content\/uploads\/2026\/09\/nemecko-clanky-termaly-nemecko-31-616f54cf-1-1536x908.jpg 1536w, https:\/\/loudavymkrokem.cz\/wp-content\/uploads\/2026\/09\/nemecko-clanky-termaly-nemecko-31-616f54cf-1-696x411.jpg 696w, https:\/\/loudavymkrokem.cz\/wp-content\/uploads\/2026\/09\/nemecko-clanky-termaly-nemecko-31-616f54cf-1-1392x823.jpg 1392w\" sizes=\"(max-width: 1800px) 100vw, 1800px\" \/><button\n\t\t\tclass=\"lightbox-trigger\"\n\t\t\ttype=\"button\"\n\t\t\taria-haspopup=\"dialog\"\n\t\t\tdata-wp-bind--aria-label=\"state.thisImage.triggerButtonAriaLabel\"\n\t\t\tdata-wp-init=\"callbacks.initTriggerButton\"\n\t\t\tdata-wp-on--click=\"actions.showLightbox\"\n\t\t\tdata-wp-style--right=\"state.thisImage.buttonRight\"\n\t\t\tdata-wp-style--top=\"state.thisImage.buttonTop\"\n\t\t>\n\t\t\t<svg xmlns=\"http:\/\/www.w3.org\/2000\/svg\" width=\"12\" height=\"12\" fill=\"none\" viewBox=\"0 0 12 12\">\n\t\t\t\t<path fill=\"#fff\" d=\"M2 0a2 2 0 0 0-2 2v2h1.5V2a.5.5 0 0 1 .5-.5h2V0H2Zm2 10.5H2a.5.5 0 0 1-.5-.5V8H0v2a2 2 0 0 0 2 2h2v-1.5ZM8 12v-1.5h2a.5.5 0 0 0 .5-.5V8H12v2a2 2 0 0 1-2 2H8Zm2-12a2 2 0 0 1 2 2v2h-1.5V2a.5.5 0 0 0-.5-.5H8V0h2Z\" \/>\n\t\t\t<\/svg>\n\t\t<\/button><figcaption class=\"wp-element-caption\">Foto: Gerd Eichmann \/ Wikimedia Commons, CC BY-SA 4.0<\/figcaption><\/figure>\n\n\n\n<h3 class=\"wp-block-heading\"><span class=\"ez-toc-section\" id=\"25_Friedrichsbad_Baden-Baden\"><\/span>25. Friedrichsbad (Baden-Baden)<span class=\"ez-toc-section-end\"><\/span><\/h3>\n\n\n\n<p class=\"wp-block-paragraph\">Essas termas hist\u00f3ricas em Baden-Baden te transportam na hora no tempo para uma \u00e9poca totalmente diferente. Elas foram constru\u00eddas entre 1869 e 1877 <strong>bem no morro Florentinerberg<\/strong>, onde j\u00e1 se banhavam os antigos romanos. Na segunda metade do s\u00e9culo 19 eram inclusive as termas mais importantes de toda a Alemanha da \u00e9poca e at\u00e9 hoje mant\u00eam seu car\u00e1ter suntuoso.<\/p>\n\n\n\n<p class=\"wp-block-paragraph\">O imponente pr\u00e9dio de arenito vermelho e branco tem 62,5 por 50 metros. Seu maior orgulho \u00e9 a <strong>enorme c\u00fapula central de 17,5 metros de altura<\/strong>, grandiosamente sustentada por arcos cegos sobre colunas cor\u00edntias. Toda a constru\u00e7\u00e3o se inspirou arquitetonicamente nas termas de Caracala em Roma. Elas funcionam segundo o antigo princ\u00edpio do banho irland\u00eas-romano, que o diplomata brit\u00e2nico David Urquhart trouxe \u00e0 Europa e o m\u00e9dico irland\u00eas Richard Barter fundou em 1856.<\/p>\n\n\n\n<p class=\"wp-block-paragraph\">A constru\u00e7\u00e3o e moderniza\u00e7\u00e3o dessas termas foram cruciais para a cidade, porque, ap\u00f3s a proibi\u00e7\u00e3o geral dos jogos de azar em 1872, elas deveriam atrair para c\u00e1 a nova nata rica. O lugar \u00e9 simplesmente ideal para amantes da hist\u00f3ria e admiradores da arquitetura. <strong>\ud83d\udca1 Dica:<\/strong> durante a relaxa\u00e7\u00e3o, observe com aten\u00e7\u00e3o a decora\u00e7\u00e3o. As pinturas originais foram, \u00e9 verdade, cobertas de forma insens\u00edvel com tinta branca nos anos 1950, mas no in\u00edcio dos anos 1980, durante uma reforma, conseguiram ao menos restaur\u00e1-las parcialmente.<\/p>\n\n\n\n<figure data-wp-context=\"{&quot;imageId&quot;:&quot;6a9c2d686e0ba&quot;}\" data-wp-interactive=\"core\/image\" data-wp-key=\"6a9c2d686e0ba\" class=\"wp-block-image size-full wp-lightbox-container\"><img decoding=\"async\" width=\"1800\" height=\"1350\" data-wp-class--hide=\"state.isContentHidden\" data-wp-class--show=\"state.isContentVisible\" data-wp-init=\"callbacks.setButtonStyles\" data-wp-on--click=\"actions.showLightbox\" data-wp-on--load=\"callbacks.setButtonStyles\" data-wp-on--pointerdown=\"actions.preloadImage\" data-wp-on--pointerenter=\"actions.preloadImageWithDelay\" data-wp-on--pointerleave=\"actions.cancelPreload\" data-wp-on-window--resize=\"callbacks.setButtonStyles\" src=\"https:\/\/loudavymkrokem.cz\/wp-content\/uploads\/2026\/09\/nemecko-clanky-termaly-nemecko-32-9c1729cf.jpg\" alt=\"Jardim das termas Vita Classica em Bad Krozingen com \u00e1rvores esculpidas\" class=\"wp-image-415500\" title=\"\" srcset=\"https:\/\/loudavymkrokem.cz\/wp-content\/uploads\/2026\/09\/nemecko-clanky-termaly-nemecko-32-9c1729cf.jpg 1800w, https:\/\/loudavymkrokem.cz\/wp-content\/uploads\/2026\/09\/nemecko-clanky-termaly-nemecko-32-9c1729cf-300x225.jpg 300w, https:\/\/loudavymkrokem.cz\/wp-content\/uploads\/2026\/09\/nemecko-clanky-termaly-nemecko-32-9c1729cf-700x525.jpg 700w, https:\/\/loudavymkrokem.cz\/wp-content\/uploads\/2026\/09\/nemecko-clanky-termaly-nemecko-32-9c1729cf-768x576.jpg 768w, https:\/\/loudavymkrokem.cz\/wp-content\/uploads\/2026\/09\/nemecko-clanky-termaly-nemecko-32-9c1729cf-1536x1152.jpg 1536w, https:\/\/loudavymkrokem.cz\/wp-content\/uploads\/2026\/09\/nemecko-clanky-termaly-nemecko-32-9c1729cf-80x60.jpg 80w, https:\/\/loudavymkrokem.cz\/wp-content\/uploads\/2026\/09\/nemecko-clanky-termaly-nemecko-32-9c1729cf-160x120.jpg 160w, https:\/\/loudavymkrokem.cz\/wp-content\/uploads\/2026\/09\/nemecko-clanky-termaly-nemecko-32-9c1729cf-696x522.jpg 696w, https:\/\/loudavymkrokem.cz\/wp-content\/uploads\/2026\/09\/nemecko-clanky-termaly-nemecko-32-9c1729cf-1392x1044.jpg 1392w\" sizes=\"(max-width: 1800px) 100vw, 1800px\" \/><button\n\t\t\tclass=\"lightbox-trigger\"\n\t\t\ttype=\"button\"\n\t\t\taria-haspopup=\"dialog\"\n\t\t\tdata-wp-bind--aria-label=\"state.thisImage.triggerButtonAriaLabel\"\n\t\t\tdata-wp-init=\"callbacks.initTriggerButton\"\n\t\t\tdata-wp-on--click=\"actions.showLightbox\"\n\t\t\tdata-wp-style--right=\"state.thisImage.buttonRight\"\n\t\t\tdata-wp-style--top=\"state.thisImage.buttonTop\"\n\t\t>\n\t\t\t<svg xmlns=\"http:\/\/www.w3.org\/2000\/svg\" width=\"12\" height=\"12\" fill=\"none\" viewBox=\"0 0 12 12\">\n\t\t\t\t<path fill=\"#fff\" d=\"M2 0a2 2 0 0 0-2 2v2h1.5V2a.5.5 0 0 1 .5-.5h2V0H2Zm2 10.5H2a.5.5 0 0 1-.5-.5V8H0v2a2 2 0 0 0 2 2h2v-1.5ZM8 12v-1.5h2a.5.5 0 0 0 .5-.5V8H12v2a2 2 0 0 1-2 2H8Zm2-12a2 2 0 0 1 2 2v2h-1.5V2a.5.5 0 0 0-.5-.5H8V0h2Z\" \/>\n\t\t\t<\/svg>\n\t\t<\/button><figcaption class=\"wp-element-caption\">Foto: Baden de \/ Wikimedia Commons, CC BY 3.0<\/figcaption><\/figure>\n\n\n\n<h3 class=\"wp-block-heading\"><span class=\"ez-toc-section\" id=\"26_Vita_Classica_Bad_Krozingen\"><\/span>26. Vita Classica (Bad Krozingen)<span class=\"ez-toc-section-end\"><\/span><\/h3>\n\n\n\n<p class=\"wp-block-paragraph\">Se voc\u00ea valoriza um cuidado realmente luxuoso nas f\u00e9rias, nas termas Vita Classica, na cidadezinha de Bad Krozingen, encontra exatamente o que procura. Seu maior orgulho \u00e9 a <strong>especial Wohlf\u00fchlhaus<\/strong>, focada em massagens exclusivas e nos melhores rituais premium de wellness. A atmosfera aqui respira tranquilidade e a equipe profissional cuida para que voc\u00ea saia renascido.<\/p>\n\n\n\n<p class=\"wp-block-paragraph\">Voc\u00ea aproveita o banho \u00e0 vontade, porque o amplo complexo oferece nada menos que tr\u00eas piscinas externas e seis internas cheias de \u00e1gua termal agradavelmente quente. Voc\u00ea decide se prefere nadar a c\u00e9u aberto ou se esconder l\u00e1 dentro. O para\u00edso das saunas esconde ent\u00e3o oito cabines de sauna diferentes e um grandioso templo de vapor, onde gra\u00e7as ao vapor quente voc\u00ea esquece facilmente todas as preocupa\u00e7\u00f5es do cotidiano.<\/p>\n\n\n\n<p class=\"wp-block-paragraph\">Essas termas s\u00e3o simplesmente ideais para quem busca uma relaxa\u00e7\u00e3o profunda e n\u00e3o se importa em pagar um pouco a mais por tratamentos al\u00e9m do padr\u00e3o em um ambiente lindo. S\u00e3o uma escolha perfeita para um fim de semana rom\u00e2ntico a dois. <strong>\ud83d\udca1 Dica:<\/strong> recomendo reservar os famosos rituais premium ou as massagens na Wohlf\u00fchlhaus com bastante anteced\u00eancia pela internet, porque os melhores hor\u00e1rios de fim de semana costumam esgotar muito r\u00e1pido.<\/p>\n\n\n\n<figure data-wp-context=\"{&quot;imageId&quot;:&quot;6a9c2d686e753&quot;}\" data-wp-interactive=\"core\/image\" data-wp-key=\"6a9c2d686e753\" class=\"wp-block-image size-full wp-lightbox-container\"><img decoding=\"async\" width=\"1800\" height=\"1198\" data-wp-class--hide=\"state.isContentHidden\" data-wp-class--show=\"state.isContentVisible\" data-wp-init=\"callbacks.setButtonStyles\" data-wp-on--click=\"actions.showLightbox\" data-wp-on--load=\"callbacks.setButtonStyles\" data-wp-on--pointerdown=\"actions.preloadImage\" data-wp-on--pointerenter=\"actions.preloadImageWithDelay\" data-wp-on--pointerleave=\"actions.cancelPreload\" data-wp-on-window--resize=\"callbacks.setButtonStyles\" src=\"https:\/\/loudavymkrokem.cz\/wp-content\/uploads\/2026\/09\/nemecko-clanky-termaly-nemecko-33-009e6b3b.jpg\" alt=\"Piscina noturna e pavilh\u00e3o balin\u00eas na Bali Therme em Bad Oeynhausen\" class=\"wp-image-415504\" title=\"\" srcset=\"https:\/\/loudavymkrokem.cz\/wp-content\/uploads\/2026\/09\/nemecko-clanky-termaly-nemecko-33-009e6b3b.jpg 1800w, https:\/\/loudavymkrokem.cz\/wp-content\/uploads\/2026\/09\/nemecko-clanky-termaly-nemecko-33-009e6b3b-300x200.jpg 300w, https:\/\/loudavymkrokem.cz\/wp-content\/uploads\/2026\/09\/nemecko-clanky-termaly-nemecko-33-009e6b3b-700x466.jpg 700w, https:\/\/loudavymkrokem.cz\/wp-content\/uploads\/2026\/09\/nemecko-clanky-termaly-nemecko-33-009e6b3b-768x511.jpg 768w, https:\/\/loudavymkrokem.cz\/wp-content\/uploads\/2026\/09\/nemecko-clanky-termaly-nemecko-33-009e6b3b-1536x1022.jpg 1536w, https:\/\/loudavymkrokem.cz\/wp-content\/uploads\/2026\/09\/nemecko-clanky-termaly-nemecko-33-009e6b3b-696x463.jpg 696w, https:\/\/loudavymkrokem.cz\/wp-content\/uploads\/2026\/09\/nemecko-clanky-termaly-nemecko-33-009e6b3b-1392x926.jpg 1392w\" sizes=\"(max-width: 1800px) 100vw, 1800px\" \/><button\n\t\t\tclass=\"lightbox-trigger\"\n\t\t\ttype=\"button\"\n\t\t\taria-haspopup=\"dialog\"\n\t\t\tdata-wp-bind--aria-label=\"state.thisImage.triggerButtonAriaLabel\"\n\t\t\tdata-wp-init=\"callbacks.initTriggerButton\"\n\t\t\tdata-wp-on--click=\"actions.showLightbox\"\n\t\t\tdata-wp-style--right=\"state.thisImage.buttonRight\"\n\t\t\tdata-wp-style--top=\"state.thisImage.buttonTop\"\n\t\t>\n\t\t\t<svg xmlns=\"http:\/\/www.w3.org\/2000\/svg\" width=\"12\" height=\"12\" fill=\"none\" viewBox=\"0 0 12 12\">\n\t\t\t\t<path fill=\"#fff\" d=\"M2 0a2 2 0 0 0-2 2v2h1.5V2a.5.5 0 0 1 .5-.5h2V0H2Zm2 10.5H2a.5.5 0 0 1-.5-.5V8H0v2a2 2 0 0 0 2 2h2v-1.5ZM8 12v-1.5h2a.5.5 0 0 0 .5-.5V8H12v2a2 2 0 0 1-2 2H8Zm2-12a2 2 0 0 1 2 2v2h-1.5V2a.5.5 0 0 0-.5-.5H8V0h2Z\" \/>\n\t\t\t<\/svg>\n\t\t<\/button><\/figure>\n\n\n\n<h2 class=\"wp-block-heading\"><span class=\"ez-toc-section\" id=\"Termas_na_Renania_do_Norte-Vestfalia\"><\/span>Termas na Ren\u00e2nia do Norte-Vestf\u00e1lia<span class=\"ez-toc-section-end\"><\/span><\/h2>\n\n\n\n<p class=\"wp-block-paragraph\">A Ren\u00e2nia do Norte-Vestf\u00e1lia \u00e9 o estado federal mais populoso da Alemanha, ent\u00e3o banho de primeira n\u00e3o falta por aqui. A maioria dos melhores complexos fica a uma dist\u00e2ncia confort\u00e1vel de Col\u00f4nia, D\u00fcsseldorf ou Aachen, o que faz deles um destino ideal para um fim de semana prolongado. Se voc\u00ea adora amplos mundos aqu\u00e1ticos ou arquitetura inusitada, aqui vai se realizar.<\/p>\n\n\n\n<p class=\"wp-block-paragraph\">Um tema forte dessa regi\u00e3o s\u00e3o os enormes parques de saunas, como a renomada Mediterana, e tamb\u00e9m as estiliza\u00e7\u00f5es ex\u00f3ticas \u00fanicas. Um \u00f3timo exemplo \u00e9 a Bali Therme, onde voc\u00ea vai se sentir como numa f\u00e9rias de verdade na \u00c1sia. Venha conhecer sete lugares que, nesta regi\u00e3o, n\u00e3o deveriam de jeito nenhum passar despercebidos.<\/p>\n\n\n\n<figure data-wp-context=\"{&quot;imageId&quot;:&quot;6a9c2d686edce&quot;}\" data-wp-interactive=\"core\/image\" data-wp-key=\"6a9c2d686edce\" class=\"wp-block-image size-full wp-lightbox-container\"><img decoding=\"async\" width=\"1800\" height=\"1201\" data-wp-class--hide=\"state.isContentHidden\" data-wp-class--show=\"state.isContentVisible\" data-wp-init=\"callbacks.setButtonStyles\" data-wp-on--click=\"actions.showLightbox\" data-wp-on--load=\"callbacks.setButtonStyles\" data-wp-on--pointerdown=\"actions.preloadImage\" data-wp-on--pointerenter=\"actions.preloadImageWithDelay\" data-wp-on--pointerleave=\"actions.cancelPreload\" data-wp-on-window--resize=\"callbacks.setButtonStyles\" src=\"https:\/\/loudavymkrokem.cz\/wp-content\/uploads\/2026\/09\/nemecko-clanky-termaly-nemecko-34-d5cf2c11-1.jpg\" alt=\"Thermen &#038; Badewelt Euskirchen (Euskirchen): \u00e1rea de saunas\" class=\"wp-image-415338\" title=\"\" srcset=\"https:\/\/loudavymkrokem.cz\/wp-content\/uploads\/2026\/09\/nemecko-clanky-termaly-nemecko-34-d5cf2c11-1.jpg 1800w, https:\/\/loudavymkrokem.cz\/wp-content\/uploads\/2026\/09\/nemecko-clanky-termaly-nemecko-34-d5cf2c11-1-300x200.jpg 300w, https:\/\/loudavymkrokem.cz\/wp-content\/uploads\/2026\/09\/nemecko-clanky-termaly-nemecko-34-d5cf2c11-1-700x467.jpg 700w, https:\/\/loudavymkrokem.cz\/wp-content\/uploads\/2026\/09\/nemecko-clanky-termaly-nemecko-34-d5cf2c11-1-768x512.jpg 768w, https:\/\/loudavymkrokem.cz\/wp-content\/uploads\/2026\/09\/nemecko-clanky-termaly-nemecko-34-d5cf2c11-1-1536x1025.jpg 1536w, https:\/\/loudavymkrokem.cz\/wp-content\/uploads\/2026\/09\/nemecko-clanky-termaly-nemecko-34-d5cf2c11-1-696x464.jpg 696w, https:\/\/loudavymkrokem.cz\/wp-content\/uploads\/2026\/09\/nemecko-clanky-termaly-nemecko-34-d5cf2c11-1-1392x929.jpg 1392w\" sizes=\"(max-width: 1800px) 100vw, 1800px\" \/><button\n\t\t\tclass=\"lightbox-trigger\"\n\t\t\ttype=\"button\"\n\t\t\taria-haspopup=\"dialog\"\n\t\t\tdata-wp-bind--aria-label=\"state.thisImage.triggerButtonAriaLabel\"\n\t\t\tdata-wp-init=\"callbacks.initTriggerButton\"\n\t\t\tdata-wp-on--click=\"actions.showLightbox\"\n\t\t\tdata-wp-style--right=\"state.thisImage.buttonRight\"\n\t\t\tdata-wp-style--top=\"state.thisImage.buttonTop\"\n\t\t>\n\t\t\t<svg xmlns=\"http:\/\/www.w3.org\/2000\/svg\" width=\"12\" height=\"12\" fill=\"none\" viewBox=\"0 0 12 12\">\n\t\t\t\t<path fill=\"#fff\" d=\"M2 0a2 2 0 0 0-2 2v2h1.5V2a.5.5 0 0 1 .5-.5h2V0H2Zm2 10.5H2a.5.5 0 0 1-.5-.5V8H0v2a2 2 0 0 0 2 2h2v-1.5ZM8 12v-1.5h2a.5.5 0 0 0 .5-.5V8H12v2a2 2 0 0 1-2 2H8Zm2-12a2 2 0 0 1 2 2v2h-1.5V2a.5.5 0 0 0-.5-.5H8V0h2Z\" \/>\n\t\t\t<\/svg>\n\t\t<\/button><\/figure>\n\n\n\n<!-- LKM_GYG_CARD start q=\"germany\" lang=\"pt-br\" rendered=\"2026-09-05T13:27:10+00:00\" v=\"1\" -->\n\n<!-- LKM_GYG_CARD end -->\n\n\n\n\n<div class=\"lk-stays-module\">\n<style>\n\/* \u2500\u2500\u2500 RESET PRO GUTENBERG \u2500\u2500\u2500 *\/\n.lk-stays-module * { box-sizing: border-box; margin: 0; padding: 0; }\n\n\/* \u2500\u2500\u2500 WRAPPER \u2500\u2500\u2500 *\/\n.lk-stays-module {\n  font-family: 'DM Sans', Georgia, sans-serif;\n  max-width: 100%;\n  margin: 2.5rem auto;\n  background: linear-gradient(135deg, #fdfaf5 0%, #fcf8f0 100%);\n  border: 1px solid #e8dfd4;\n  border-radius: 16px;\n  overflow: hidden;\n  box-shadow: 0 16px 48px rgba(195, 159, 118, 0.25), 0 4px 12px rgba(0,0,0,0.08);\n}\n\n\/* \u2500\u2500\u2500 HEADER \u2500\u2500\u2500 *\/\n.lk-stays-header {\n  position: relative;\n  padding: 24px 36px 24px;\n  background: linear-gradient(135deg, #c39f76 0%, #d4b188 60%, #c39f76 100%);\n  border-bottom: 1px solid rgba(255,255,255,.15);\n  display: flex;\n  align-items: center;\n  gap: 18px;\n}\n.lk-stays-header::before {\n  content: '';\n  position: absolute;\n  inset: 0;\n  background: url(\"data:image\/svg+xml,%3Csvg width='60' height='60' viewBox='0 0 60 60' xmlns='http:\/\/www.w3.org\/2000\/svg'%3E%3Cg fill='none' fill-rule='evenodd'%3E%3Cg fill='%23ffffff' fill-opacity='0.05'%3E%3Cpath d='M36 34v-4h-2v4h-4v2h4v4h2v-4h4v-2h-4zm0-30V0h-2v4h-4v2h4v4h2V6h4V4h-4zM6 34v-4H4v4H0v2h4v4h2v-4h4v-2H6zM6 4V0H4v4H0v2h4v4h2V6h4V4H6z'\/%3E%3C\/g%3E%3C\/g%3E%3C\/svg%3E\") repeat;\n  pointer-events: none;\n}\n.lk-stays-icon {\n  flex-shrink: 0;\n  width: 68px;\n  height: 68px;\n  border-radius: 14px;\n  background: linear-gradient(135deg, #fff 0%, #f9f6f0 100%);\n  display: flex;\n  align-items: center;\n  justify-content: center;\n  font-size: 26px;\n  box-shadow: 0 4px 12px rgba(0,0,0,0.15);\n}\n.lk-stays-eyebrow {\n  font-size: 10px;\n  font-weight: 500;\n  letter-spacing: 2.5px;\n  text-transform: uppercase;\n  color: rgba(255,255,255,.85);\n  margin: 0 0 5px 0;\n}\n.lk-stays-title {\n  font-family: 'Playfair Display', Georgia, serif;\n  font-size: 24px;\n  font-weight: 700;\n  color: #fff;\n  line-height: 1.2;\n  text-shadow: 0 1px 2px rgba(0,0,0,0.1);\n  margin: 0;\n}\n.lk-stays-subtitle {\n  font-size: 13px;\n  color: rgba(255,255,255,.75);\n  margin: 4px 0 0 0;\n  font-weight: 300;\n}\n\n\/* \u2500\u2500\u2500 CARDS GRID \u2500\u2500\u2500 *\/\n.lk-stays-grid {\n  display: grid;\n  grid-template-columns: 1fr 1fr;\n  gap: 1px;\n  background: rgba(195, 159, 118, 0.12);\n}\n\n\/* \u2500\u2500\u2500 SINGLE CARD \u2500\u2500\u2500 *\/\n.lk-stay-card {\n  background: #ffffff;\n  padding: 26px;\n  display: flex;\n  flex-direction: column;\n  gap: 11px;\n  transition: all 0.3s ease;\n  text-decoration: none;\n  color: inherit;\n  position: relative;\n}\n.lk-stay-card:hover {\n  background: #fffbf5;\n  transform: translateY(-2px);\n  box-shadow: 0 8px 24px rgba(195, 159, 118, 0.18);\n  z-index: 1;\n}\n.lk-stay-card.featured {\n  background: linear-gradient(135deg, #fffdf9 0%, #fff9f0 100%);\n  box-shadow: 0 4px 16px rgba(195, 159, 118, 0.15), inset 0 1px 0 rgba(195, 159, 118, 0.1);\n}\n.lk-stay-card.featured:hover {\n  background: linear-gradient(135deg, #fffbf5 0%, #fff8ed 100%);\n  box-shadow: 0 8px 24px rgba(195, 159, 118, 0.25), inset 0 1px 0 rgba(195, 159, 118, 0.15);\n}\n\n.lk-stay-badge {\n  display: inline-flex;\n  align-items: center;\n  gap: 5px;\n  font-size: 10px;\n  font-weight: 500;\n  letter-spacing: 1.5px;\n  text-transform: uppercase;\n  padding: 5px 11px;\n  border-radius: 20px;\n  width: fit-content;\n}\n.badge-top     { background: linear-gradient(135deg, #c39f76 0%, #d4b188 100%); color: #fff; border: 1px solid #c39f76; font-weight: 600; box-shadow: 0 2px 8px rgba(195,159,118,0.3); }\n.badge-luxury  { background: rgba(195,159,118,.12); color: #c39f76; border: 1px solid rgba(195,159,118,.25); }\n.badge-boutique{ background: rgba(54,133,252,.08); color: #3685fc; border: 1px solid rgba(54,133,252,.2); }\n.badge-nature  { background: rgba(130,190,100,.1); color: #6b9c4a; border: 1px solid rgba(130,190,100,.2); }\n.badge-remote  { background: rgba(195,159,118,.12); color: #a67e50; border: 1px solid rgba(195,159,118,.25); }\n\n.lk-stay-name {\n  font-family: 'Playfair Display', Georgia, serif;\n  font-size: 18px;\n  font-weight: 700;\n  color: #111827;\n  line-height: 1.3;\n}\n.lk-stay-desc {\n  font-size: 13.5px;\n  color: #525252;\n  line-height: 1.65;\n  font-weight: 300;\n  flex: 1;\n}\n\n.lk-stay-meta {\n  display: flex;\n  align-items: center;\n  gap: 12px;\n  flex-wrap: wrap;\n  margin-top: 4px;\n}\n.lk-stay-price {\n  font-size: 13px;\n  color: #6b7280;\n}\n.lk-stay-price strong {\n  color: #c39f76;\n  font-weight: 500;\n}\n.lk-stay-stars {\n  color: #c39f76;\n  font-size: 11px;\n  letter-spacing: 1px;\n}\n\n\/* \u2500\u2500\u2500 CTA BUTTON \u2500\u2500\u2500 *\/\n.lk-stay-cta {\n  display: inline-flex;\n  align-items: center;\n  justify-content: center;\n  gap: 7px;\n  margin-top: 8px;\n  padding: 11px 20px;\n  border-radius: 8px;\n  background: linear-gradient(135deg, #3685fc 0%, #2a6fd9 100%);\n  color: #fff;\n  font-size: 13px;\n  font-weight: 500;\n  text-decoration: none;\n  letter-spacing: .3px;\n  transition: all .2s ease;\n  cursor: pointer;\n  border: none;\n  text-align: center;\n  box-shadow: 0 4px 12px rgba(54, 133, 252, 0.25);\n}\n.lk-stay-cta:hover {\n  background: linear-gradient(135deg, #2a6fd9 0%, #1e5bc4 100%);\n  transform: translateY(-1px);\n  box-shadow: 0 6px 16px rgba(54, 133, 252, 0.35);\n}\n.lk-stay-cta svg { flex-shrink: 0; }\n\n\/* \u2500\u2500\u2500 FOOTER \u2500\u2500\u2500 *\/\n.lk-stays-footer {\n  padding: 18px 36px;\n  background: linear-gradient(to bottom, #fdfaf5 0%, #f9f4ed 100%);\n  border-top: 1px solid rgba(195, 159, 118, 0.15);\n  display: flex;\n  align-items: center;\n  justify-content: space-between;\n  flex-wrap: wrap;\n  gap: 12px;\n}\n.lk-stays-footer-note {\n  font-size: 11.5px;\n  color: #6b7280;\n  font-weight: 300;\n  line-height: 1.5;\n}\n.lk-stays-footer-note a {\n  color: #c39f76;\n  text-decoration: none;\n  font-weight: 400;\n}\n.lk-stays-footer-note a:hover {\n  text-decoration: underline;\n}\n.lk-stays-all-btn {\n  display: inline-flex;\n  align-items: center;\n  gap: 6px;\n  font-size: 12.5px;\n  font-weight: 500;\n  color: #c39f76;\n  text-decoration: none;\n  border: 1px solid rgba(195, 159, 118, 0.35);\n  padding: 8px 18px;\n  border-radius: 8px;\n  transition: all .2s ease;\n}\n.lk-stays-all-btn:hover {\n  background: rgba(195, 159, 118, 0.08);\n  border-color: rgba(195, 159, 118, 0.5);\n}\n\n\/* \u2500\u2500\u2500 RESPONSIVE \u2500\u2500\u2500 *\/\n@media (max-width: 600px) {\n  .lk-stays-grid { grid-template-columns: 1fr; }\n  .lk-stays-header { padding: 24px 20px; }\n  .lk-stays-footer { padding: 16px 20px; }\n  .lk-stay-card { padding: 22px; }\n  .lk-stays-title { font-size: 20px; }\n}\n<\/style>\n\n  <!-- HEADER -->\n  <div class=\"lk-stays-header\">\n    <img decoding=\"async\" src=\"https:\/\/loudavymkrokem.cz\/wp-content\/uploads\/2026\/02\/lukas-a-lucka.jpg\" alt=\"\" style=\"width: 75px; height: 75px; border-radius: 8px; flex-shrink: 0; object-fit: cover; display: block; margin: 4px 0;\" title=\"\">\n    <div class=\"lk-stays-header-text\">\n      <div class=\"lk-stays-eyebrow\">Luk\u00e1\u0161 e Lucie recomendam<\/div>\n      <div class=\"lk-stays-title\">Onde se hospedar na Alemanha<\/div>\n      <div class=\"lk-stays-subtitle\">6 acomoda\u00e7\u00f5es \u2014 hot\u00e9is de wellness, hot\u00e9is e outras op\u00e7\u00f5es de hospedagem<\/div>\n    <\/div>\n  <\/div>\n\n  <!-- CARDS -->\n  <div class=\"lk-stays-grid\">\n\n    <a class=\"lk-stay-card featured\" href=\"https:\/\/www.stay22.com\/allez\/roam?aid=lukaskonecny&#038;campaign=loudavymkrokemcz&#038;campaign=pt-br&#038;campaign=termaly-nemecko&#038;hotelname=Hotel%20Victory%20Therme%20Erding&#038;address=Erding%2C%20Nemecko\" target=\"_blank\" rel=\"nofollow noopener\">\n      <span class=\"lk-stay-badge badge-top\">\u2b50 MELHOR ESCOLHA<\/span>\n      <span class=\"lk-stay-badge badge-nature\">\ud83c\udfe8 Hotel<\/span>\n      <div class=\"lk-stay-name\">Hotel Victory Therme Erding<\/div>\n      <div class=\"lk-stay-desc\">Hotel de luxo localizado diretamente no complexo Therme Erding com quartos estilizados como o navio HMS Victory. Entrada para as termas inclu\u00edda na di\u00e1ria.<\/div>\n      <div class=\"lk-stay-meta\">\n        <span class=\"lk-stay-stars\">\u2605\u2605\u2605\u2605<\/span>\n        <span class=\"lk-stay-price\">Verificar pre\u00e7os<\/span>\n      <\/div>\n      <span class=\"lk-stay-cta\">\n        <svg width=\"14\" height=\"14\" viewBox=\"0 0 24 24\" fill=\"none\" stroke=\"currentColor\" stroke-width=\"2\"><path d=\"M18 13v6a2 2 0 0 1-2 2H5a2 2 0 0 1-2-2V8a2 2 0 0 1 2-2h6\"\/><polyline points=\"15 3 21 3 21 9\"\/><line x1=\"10\" y1=\"14\" x2=\"21\" y2=\"3\"\/><\/svg>\n        Verificar disponibilidade\n      <\/span>\n    <\/a>\n\n    <a class=\"lk-stay-card\" href=\"https:\/\/www.stay22.com\/allez\/roam?aid=lukaskonecny&#038;campaign=loudavymkrokemcz&#038;campaign=pt-br&#038;campaign=termaly-nemecko&#038;hotelname=Thermenhotel%20Gass&#038;address=Bad%20Fussing%2C%20Nemecko\" target=\"_blank\" rel=\"nofollow noopener\">\n      <span class=\"lk-stay-badge badge-nature\">\ud83c\udfe8 Hotel<\/span>\n      <div class=\"lk-stay-name\">Thermenhotel Gass<\/div>\n      <div class=\"lk-stay-desc\">Hotel tr\u00eas estrelas superior com piscinas pr\u00f3prias preenchidas com \u00e1gua termal sulfurosa diretamente da Therme 1.<\/div>\n      <div class=\"lk-stay-meta\">\n        <span class=\"lk-stay-stars\">\u2605\u2605\u2605<\/span>\n        <span class=\"lk-stay-price\">Verificar pre\u00e7os<\/span>\n      <\/div>\n      <span class=\"lk-stay-cta\">\n        <svg width=\"14\" height=\"14\" viewBox=\"0 0 24 24\" fill=\"none\" stroke=\"currentColor\" stroke-width=\"2\"><path d=\"M18 13v6a2 2 0 0 1-2 2H5a2 2 0 0 1-2-2V8a2 2 0 0 1 2-2h6\"\/><polyline points=\"15 3 21 3 21 9\"\/><line x1=\"10\" y1=\"14\" x2=\"21\" y2=\"3\"\/><\/svg>\n        Verificar disponibilidade\n      <\/span>\n    <\/a>\n\n    <a class=\"lk-stay-card\" href=\"https:\/\/www.stay22.com\/allez\/roam?aid=lukaskonecny&#038;campaign=loudavymkrokemcz&#038;campaign=pt-br&#038;campaign=termaly-nemecko&#038;hotelname=Hotel%20an%20der%20Therme%20Bad%20Sulza&#038;address=Bad%20Sulza%2C%20Nemecko\" target=\"_blank\" rel=\"nofollow noopener\">\n      <span class=\"lk-stay-badge badge-nature\">\ud83c\udfe8 Hotel<\/span>\n      <div class=\"lk-stay-name\">Hotel an der Therme Bad Sulza<\/div>\n      <div class=\"lk-stay-desc\">Hotel conectado por um corredor de roup\u00f5es \u00e0 Toskana Therme. Entrada para as termas inclu\u00edda na di\u00e1ria, incluindo mundo de saunas.<\/div>\n      <div class=\"lk-stay-meta\">\n        <span class=\"lk-stay-stars\">\u2605\u2605\u2605\u2605<\/span>\n        <span class=\"lk-stay-price\">Verificar pre\u00e7os<\/span>\n      <\/div>\n      <span class=\"lk-stay-cta\">\n        <svg width=\"14\" height=\"14\" viewBox=\"0 0 24 24\" fill=\"none\" stroke=\"currentColor\" stroke-width=\"2\"><path d=\"M18 13v6a2 2 0 0 1-2 2H5a2 2 0 0 1-2-2V8a2 2 0 0 1 2-2h6\"\/><polyline points=\"15 3 21 3 21 9\"\/><line x1=\"10\" y1=\"14\" x2=\"21\" y2=\"3\"\/><\/svg>\n        Verificar disponibilidade\n      <\/span>\n    <\/a>\n\n    <a class=\"lk-stay-card\" href=\"https:\/\/www.stay22.com\/allez\/roam?aid=lukaskonecny&#038;campaign=loudavymkrokemcz&#038;campaign=pt-br&#038;campaign=termaly-nemecko&#038;hotelname=Mauritius%20Hotel%20%26%20Therme&#038;address=Kolin%20nad%20Rynem%2C%20Nemecko\" target=\"_blank\" rel=\"nofollow noopener\">\n      <span class=\"lk-stay-badge badge-nature\">\u2b50 Luxury<\/span>\n      <div class=\"lk-stay-name\">Mauritius Hotel &#038; Therme<\/div>\n      <div class=\"lk-stay-desc\">Hotel quatro estrelas com enorme \u00e1rea de wellness de 3500 m\u00b2. Sete saunas e piscina ao ar livre com sal do Mar Morto.<\/div>\n      <div class=\"lk-stay-meta\">\n        <span class=\"lk-stay-stars\">\u2605\u2605\u2605\u2605<\/span>\n        <span class=\"lk-stay-price\">a partir de 10 EUR\/dia wellness<\/span>\n      <\/div>\n      <span class=\"lk-stay-cta\">\n        <svg width=\"14\" height=\"14\" viewBox=\"0 0 24 24\" fill=\"none\" stroke=\"currentColor\" stroke-width=\"2\"><path d=\"M18 13v6a2 2 0 0 1-2 2H5a2 2 0 0 1-2-2V8a2 2 0 0 1 2-2h6\"\/><polyline points=\"15 3 21 3 21 9\"\/><line x1=\"10\" y1=\"14\" x2=\"21\" y2=\"3\"\/><\/svg>\n        Verificar disponibilidade\n      <\/span>\n    <\/a>\n\n    <a class=\"lk-stay-card\" href=\"https:\/\/www.stay22.com\/allez\/roam?aid=lukaskonecny&#038;campaign=loudavymkrokemcz&#038;campaign=pt-br&#038;campaign=termaly-nemecko&#038;hotelname=Hotel%20Zum%20Rittmeister&#038;address=Werder%20Havel%2C%20Nemecko\" target=\"_blank\" rel=\"nofollow noopener\">\n      <span class=\"lk-stay-badge badge-nature\">\ud83c\udfe8 Hotel<\/span>\n      <div class=\"lk-stay-name\">Hotel Zum Rittmeister<\/div>\n      <div class=\"lk-stay-desc\">Hotel com 35 quartos aconchegantes. Os h\u00f3spedes ganham entrada com desconto na Havel Therme, localizada nas proximidades, mediante apresenta\u00e7\u00e3o do G\u00e4stekarte.<\/div>\n      <div class=\"lk-stay-meta\">\n        <span class=\"lk-stay-stars\">\u2605\u2605\u2605\u2605<\/span>\n        <span class=\"lk-stay-price\">Verificar pre\u00e7os<\/span>\n      <\/div>\n      <span class=\"lk-stay-cta\">\n        <svg width=\"14\" height=\"14\" viewBox=\"0 0 24 24\" fill=\"none\" stroke=\"currentColor\" stroke-width=\"2\"><path d=\"M18 13v6a2 2 0 0 1-2 2H5a2 2 0 0 1-2-2V8a2 2 0 0 1 2-2h6\"\/><polyline points=\"15 3 21 3 21 9\"\/><line x1=\"10\" y1=\"14\" x2=\"21\" y2=\"3\"\/><\/svg>\n        Verificar disponibilidade\n      <\/span>\n    <\/a>\n\n    <a class=\"lk-stay-card\" href=\"https:\/\/www.stay22.com\/allez\/roam?aid=lukaskonecny&#038;campaign=loudavymkrokemcz&#038;campaign=pt-br&#038;campaign=termaly-nemecko&#038;hotelname=Hotel%20Palatin&#038;address=Wiesloch%2C%20Nemecko\" target=\"_blank\" rel=\"nofollow noopener\">\n      <span class=\"lk-stay-badge badge-nature\">\ud83c\udfe8 Hotel<\/span>\n      <div class=\"lk-stay-name\">Hotel Palatin<\/div>\n      <div class=\"lk-stay-desc\">Hotel parceiro das termas Sinsheim. Pacotes vantajosos com di\u00e1ria, caf\u00e9 da manh\u00e3 e ingresso para as termas a partir de 79 EUR.<\/div>\n      <div class=\"lk-stay-meta\">\n        <span class=\"lk-stay-stars\">\u2605\u2605\u2605\u2605<\/span>\n        <span class=\"lk-stay-price\">a partir de 79 EUR\/pessoa<\/span>\n      <\/div>\n      <span class=\"lk-stay-cta\">\n        <svg width=\"14\" height=\"14\" viewBox=\"0 0 24 24\" fill=\"none\" stroke=\"currentColor\" stroke-width=\"2\"><path d=\"M18 13v6a2 2 0 0 1-2 2H5a2 2 0 0 1-2-2V8a2 2 0 0 1 2-2h6\"\/><polyline points=\"15 3 21 3 21 9\"\/><line x1=\"10\" y1=\"14\" x2=\"21\" y2=\"3\"\/><\/svg>\n        Verificar disponibilidade\n      <\/span>\n    <\/a>\n\n  <\/div>\n\n  \n<\/div>\n\n\n\n\n<h3 class=\"wp-block-heading\"><span class=\"ez-toc-section\" id=\"27_Thermen_Badewelt_Euskirchen_Euskirchen\"><\/span>27. Thermen &#038; Badewelt Euskirchen (Euskirchen)<span class=\"ez-toc-section-end\"><\/span><\/h3>\n\n\n\n<p class=\"wp-block-paragraph\">Esse complexo moderno fica a cerca de <strong>45 minutos de Col\u00f4nia<\/strong> e pertence ao mesmo operador do renomado complexo de Sinsheim. Logo \u00e0 primeira vista voc\u00ea se encanta com o generoso banho nas lagoas, que se estendem junto a um <strong>lago natural de respeit\u00e1veis 6.500 m\u00b2<\/strong>. As vistas das confort\u00e1veis espregui\u00e7adeiras direto para esse amplo espelho d&#8217;\u00e1gua t\u00eam um efeito relaxante.<\/p>\n\n\n\n<p class=\"wp-block-paragraph\">Voc\u00ea pode esperar a <strong>Blaue Lagune com \u00e1gua quente de 33 \u00b0C<\/strong>, que voc\u00ea aproveita na parte interna e externa. Al\u00e9m dela, te esperam diversos o\u00e1sis de relaxamento, um refrescante po\u00e7o de gelo ou um chuveiro muito charmoso em forma de flores de copo-de-leite. Se voc\u00ea est\u00e1 come\u00e7ando com o aquecimento do corpo e n\u00e3o quer ir logo para o calor extremo, o operador recomenda come\u00e7ar <strong>na sauna com agrad\u00e1veis 60 \u00b0C<\/strong>.<\/p>\n\n\n\n<p class=\"wp-block-paragraph\">O complexo \u00e9 concebido principalmente para o descanso tranquilo, por isso de domingo a sexta s\u00f3 t\u00eam <strong>acesso visitantes com mais de 16 anos<\/strong>. Para fam\u00edlias com crian\u00e7as menores, portanto, esse complexo n\u00e3o \u00e9 indicado nos dias \u00fateis. <strong>\ud83d\udca1 Dica:<\/strong> se voc\u00ea gosta de sossego de verdade, aproveite justamente os dias \u00fateis, quando a entrada para as faixas et\u00e1rias mais jovens \u00e9 restrita e as termas oferecem um o\u00e1sis de sil\u00eancio.<\/p>\n\n\n\n<figure data-wp-context=\"{&quot;imageId&quot;:&quot;6a9c2d686f5f4&quot;}\" data-wp-interactive=\"core\/image\" data-wp-key=\"6a9c2d686f5f4\" class=\"wp-block-image size-full wp-lightbox-container\"><img decoding=\"async\" width=\"1800\" height=\"1012\" data-wp-class--hide=\"state.isContentHidden\" data-wp-class--show=\"state.isContentVisible\" data-wp-init=\"callbacks.setButtonStyles\" data-wp-on--click=\"actions.showLightbox\" data-wp-on--load=\"callbacks.setButtonStyles\" data-wp-on--pointerdown=\"actions.preloadImage\" data-wp-on--pointerenter=\"actions.preloadImageWithDelay\" data-wp-on--pointerleave=\"actions.cancelPreload\" data-wp-on-window--resize=\"callbacks.setButtonStyles\" src=\"https:\/\/loudavymkrokem.cz\/wp-content\/uploads\/2026\/09\/nemecko-clanky-termaly-nemecko-35-2fe13158-1.jpg\" alt=\"Bali Therme (Bad Oeynhausen): piscina de relaxamento\" class=\"wp-image-415340\" title=\"\" srcset=\"https:\/\/loudavymkrokem.cz\/wp-content\/uploads\/2026\/09\/nemecko-clanky-termaly-nemecko-35-2fe13158-1.jpg 1800w, https:\/\/loudavymkrokem.cz\/wp-content\/uploads\/2026\/09\/nemecko-clanky-termaly-nemecko-35-2fe13158-1-300x169.jpg 300w, https:\/\/loudavymkrokem.cz\/wp-content\/uploads\/2026\/09\/nemecko-clanky-termaly-nemecko-35-2fe13158-1-700x394.jpg 700w, https:\/\/loudavymkrokem.cz\/wp-content\/uploads\/2026\/09\/nemecko-clanky-termaly-nemecko-35-2fe13158-1-768x432.jpg 768w, https:\/\/loudavymkrokem.cz\/wp-content\/uploads\/2026\/09\/nemecko-clanky-termaly-nemecko-35-2fe13158-1-1536x864.jpg 1536w, https:\/\/loudavymkrokem.cz\/wp-content\/uploads\/2026\/09\/nemecko-clanky-termaly-nemecko-35-2fe13158-1-696x391.jpg 696w, https:\/\/loudavymkrokem.cz\/wp-content\/uploads\/2026\/09\/nemecko-clanky-termaly-nemecko-35-2fe13158-1-1392x783.jpg 1392w\" sizes=\"(max-width: 1800px) 100vw, 1800px\" \/><button\n\t\t\tclass=\"lightbox-trigger\"\n\t\t\ttype=\"button\"\n\t\t\taria-haspopup=\"dialog\"\n\t\t\tdata-wp-bind--aria-label=\"state.thisImage.triggerButtonAriaLabel\"\n\t\t\tdata-wp-init=\"callbacks.initTriggerButton\"\n\t\t\tdata-wp-on--click=\"actions.showLightbox\"\n\t\t\tdata-wp-style--right=\"state.thisImage.buttonRight\"\n\t\t\tdata-wp-style--top=\"state.thisImage.buttonTop\"\n\t\t>\n\t\t\t<svg xmlns=\"http:\/\/www.w3.org\/2000\/svg\" width=\"12\" height=\"12\" fill=\"none\" viewBox=\"0 0 12 12\">\n\t\t\t\t<path fill=\"#fff\" d=\"M2 0a2 2 0 0 0-2 2v2h1.5V2a.5.5 0 0 1 .5-.5h2V0H2Zm2 10.5H2a.5.5 0 0 1-.5-.5V8H0v2a2 2 0 0 0 2 2h2v-1.5ZM8 12v-1.5h2a.5.5 0 0 0 .5-.5V8H12v2a2 2 0 0 1-2 2H8Zm2-12a2 2 0 0 1 2 2v2h-1.5V2a.5.5 0 0 0-.5-.5H8V0h2Z\" \/>\n\t\t\t<\/svg>\n\t\t<\/button><\/figure>\n\n\n\n<h3 class=\"wp-block-heading\"><span class=\"ez-toc-section\" id=\"28_Bali_Therme_Bad_Oeynhausen\"><\/span>28. Bali Therme (Bad Oeynhausen)<span class=\"ez-toc-section-end\"><\/span><\/h3>\n\n\n\n<p class=\"wp-block-paragraph\">Como o nome j\u00e1 sugere, nesse complexo te espera uma arquitetura balinesa perfeita, cheia de passarelas de madeira, esculturas originais e entalhes tradicionais. As piscinas locais s\u00e3o abastecidas por \u00e1gua curativa reconhecida pelo Estado, de uma fonte <strong>extra\u00edda de uma profundidade \u00fanica de 1.034 metros<\/strong>. Me chamou aten\u00e7\u00e3o que essa \u00e1gua percorreu o subsolo, passando por calc\u00e1rio e dolomita, durante <strong>39.000 anos<\/strong>, at\u00e9 chegar \u00e0s pessoas na superf\u00edcie.<\/p>\n\n\n\n<p class=\"wp-block-paragraph\">Os amantes de aquecimento estar\u00e3o no s\u00e9timo c\u00e9u, porque o complexo oferece <strong>nada menos que 14 saunas diferentes<\/strong>, incluindo a de vapor e a especial de terra. Uma raridade absoluta, por\u00e9m, \u00e9 a <strong>sauna seca de 150 anos de idade e 6 metros de altura<\/strong>, constru\u00edda segundo o modelo de um templo. Para o transporte \u00e0 Alemanha, tiveram que desmont\u00e1-la em 500 pe\u00e7as individuais e recomp\u00f4-la exatamente no local.<\/p>\n\n\n\n<p class=\"wp-block-paragraph\">Segundo a tabela de 2026, voc\u00ea paga <strong>28 EUR pelo ingresso de dia inteiro<\/strong>, e com acesso \u00e0s saunas 41 EUR. O acr\u00e9scimo de fim de semana fica entre 3 e 5 EUR. Crian\u00e7as de at\u00e9 3 anos t\u00eam entrada gratuita, mas as de at\u00e9 12 anos <strong>n\u00e3o podem de jeito nenhum entrar na \u00e1rea de saunas<\/strong>. Jovens de at\u00e9 16 anos s\u00f3 entram acompanhados de um adulto. <strong>\ud83d\udca1 Dica:<\/strong> descanse no original pavilh\u00e3o balin\u00eas, que ressalta perfeitamente toda a atmosfera ex\u00f3tica desse lugar.<\/p>\n\n\n\n<figure data-wp-context=\"{&quot;imageId&quot;:&quot;6a9c2d686fcd8&quot;}\" data-wp-interactive=\"core\/image\" data-wp-key=\"6a9c2d686fcd8\" class=\"wp-block-image size-full wp-lightbox-container\"><img decoding=\"async\" width=\"1800\" height=\"1429\" data-wp-class--hide=\"state.isContentHidden\" data-wp-class--show=\"state.isContentVisible\" data-wp-init=\"callbacks.setButtonStyles\" data-wp-on--click=\"actions.showLightbox\" data-wp-on--load=\"callbacks.setButtonStyles\" data-wp-on--pointerdown=\"actions.preloadImage\" data-wp-on--pointerenter=\"actions.preloadImageWithDelay\" data-wp-on--pointerleave=\"actions.cancelPreload\" data-wp-on-window--resize=\"callbacks.setButtonStyles\" src=\"https:\/\/loudavymkrokem.cz\/wp-content\/uploads\/2026\/09\/nemecko-clanky-termaly-nemecko-36-6c0708ca-1.jpg\" alt=\"Carolus Thermen (Aachen): \u00e1rea de saunas\" class=\"wp-image-415342\" title=\"\" srcset=\"https:\/\/loudavymkrokem.cz\/wp-content\/uploads\/2026\/09\/nemecko-clanky-termaly-nemecko-36-6c0708ca-1.jpg 1800w, https:\/\/loudavymkrokem.cz\/wp-content\/uploads\/2026\/09\/nemecko-clanky-termaly-nemecko-36-6c0708ca-1-300x238.jpg 300w, https:\/\/loudavymkrokem.cz\/wp-content\/uploads\/2026\/09\/nemecko-clanky-termaly-nemecko-36-6c0708ca-1-700x556.jpg 700w, https:\/\/loudavymkrokem.cz\/wp-content\/uploads\/2026\/09\/nemecko-clanky-termaly-nemecko-36-6c0708ca-1-768x610.jpg 768w, https:\/\/loudavymkrokem.cz\/wp-content\/uploads\/2026\/09\/nemecko-clanky-termaly-nemecko-36-6c0708ca-1-1536x1219.jpg 1536w, https:\/\/loudavymkrokem.cz\/wp-content\/uploads\/2026\/09\/nemecko-clanky-termaly-nemecko-36-6c0708ca-1-696x553.jpg 696w, https:\/\/loudavymkrokem.cz\/wp-content\/uploads\/2026\/09\/nemecko-clanky-termaly-nemecko-36-6c0708ca-1-1392x1105.jpg 1392w\" sizes=\"(max-width: 1800px) 100vw, 1800px\" \/><button\n\t\t\tclass=\"lightbox-trigger\"\n\t\t\ttype=\"button\"\n\t\t\taria-haspopup=\"dialog\"\n\t\t\tdata-wp-bind--aria-label=\"state.thisImage.triggerButtonAriaLabel\"\n\t\t\tdata-wp-init=\"callbacks.initTriggerButton\"\n\t\t\tdata-wp-on--click=\"actions.showLightbox\"\n\t\t\tdata-wp-style--right=\"state.thisImage.buttonRight\"\n\t\t\tdata-wp-style--top=\"state.thisImage.buttonTop\"\n\t\t>\n\t\t\t<svg xmlns=\"http:\/\/www.w3.org\/2000\/svg\" width=\"12\" height=\"12\" fill=\"none\" viewBox=\"0 0 12 12\">\n\t\t\t\t<path fill=\"#fff\" d=\"M2 0a2 2 0 0 0-2 2v2h1.5V2a.5.5 0 0 1 .5-.5h2V0H2Zm2 10.5H2a.5.5 0 0 1-.5-.5V8H0v2a2 2 0 0 0 2 2h2v-1.5ZM8 12v-1.5h2a.5.5 0 0 0 .5-.5V8H12v2a2 2 0 0 1-2 2H8Zm2-12a2 2 0 0 1 2 2v2h-1.5V2a.5.5 0 0 0-.5-.5H8V0h2Z\" \/>\n\t\t\t<\/svg>\n\t\t<\/button><\/figure>\n\n\n\n<h3 class=\"wp-block-heading\"><span class=\"ez-toc-section\" id=\"29_Carolus_Thermen_Aachen\"><\/span>29. Carolus Thermen (Aachen)<span class=\"ez-toc-section-end\"><\/span><\/h3>\n\n\n\n<p class=\"wp-block-paragraph\">Esse lugar d\u00e1 continuidade a uma tradi\u00e7\u00e3o incrivelmente longa, porque a cidade de Aachen funcionava como as termas romanas Aquae Granni <strong>j\u00e1 a partir do ano 85 da nossa era<\/strong>. A joia arquitet\u00f4nica local foi projetada pelo arquiteto muniquense Rudolf Wienands e o complexo, ap\u00f3s tr\u00eas anos de constru\u00e7\u00e3o, foi <strong>solenemente inaugurado em 9 de fevereiro de 2001<\/strong>. Ele substituiu de forma harm\u00f4nica os antigos estabelecimentos no centro da cidade, que encerraram na virada do mil\u00eanio.<\/p>\n\n\n\n<p class=\"wp-block-paragraph\">Do funcionamento do complexo cuida a companhia termal municipal, ativa desde 1932, que ao mesmo tempo administra as <strong>termas curativas de Aachen reconhecidas pelo Estado<\/strong>. Vale a pena experimentar ali principalmente o popular banho de vapor Strokkur, que se apresentou aos visitantes ap\u00f3s uma reforma bem cara em janeiro de 2012.<\/p>\n\n\n\n<p class=\"wp-block-paragraph\">Segundo a tabela de 2026, conte com uma pr\u00e1tica <strong>taxa fixa de estacionamento de 6 EUR<\/strong>. Por esse valor voc\u00ea pode deixar o carro no edif\u00edcio-garagem durante toda a visita e chega \u00e0s termas confortavelmente sem molhar o p\u00e9. O complexo \u00e9 indicado mais para o aquecimento tranquilo, sem grandes atra\u00e7\u00f5es aqu\u00e1ticas. <strong>\ud83d\udca1 Dica:<\/strong> a taxa fixa de estacionamento vale a pena tamb\u00e9m quando voc\u00ea quer, depois do banho, ir ao centro de Aachen, a garagem fica a poucos minutos a p\u00e9 da catedral.<\/p>\n\n\n\n<figure data-wp-context=\"{&quot;imageId&quot;:&quot;6a9c2d687046b&quot;}\" data-wp-interactive=\"core\/image\" data-wp-key=\"6a9c2d687046b\" class=\"wp-block-image size-full wp-lightbox-container\"><img decoding=\"async\" width=\"1800\" height=\"964\" data-wp-class--hide=\"state.isContentHidden\" data-wp-class--show=\"state.isContentVisible\" data-wp-init=\"callbacks.setButtonStyles\" data-wp-on--click=\"actions.showLightbox\" data-wp-on--load=\"callbacks.setButtonStyles\" data-wp-on--pointerdown=\"actions.preloadImage\" data-wp-on--pointerenter=\"actions.preloadImageWithDelay\" data-wp-on--pointerleave=\"actions.cancelPreload\" data-wp-on-window--resize=\"callbacks.setButtonStyles\" src=\"https:\/\/loudavymkrokem.cz\/wp-content\/uploads\/2026\/09\/nemecko-clanky-termaly-nemecko-37-63e6c760-1.jpg\" alt=\"Mediterana (Bergisch Gladbach)\" class=\"wp-image-415345\" title=\"\" srcset=\"https:\/\/loudavymkrokem.cz\/wp-content\/uploads\/2026\/09\/nemecko-clanky-termaly-nemecko-37-63e6c760-1.jpg 1800w, https:\/\/loudavymkrokem.cz\/wp-content\/uploads\/2026\/09\/nemecko-clanky-termaly-nemecko-37-63e6c760-1-300x161.jpg 300w, https:\/\/loudavymkrokem.cz\/wp-content\/uploads\/2026\/09\/nemecko-clanky-termaly-nemecko-37-63e6c760-1-700x375.jpg 700w, https:\/\/loudavymkrokem.cz\/wp-content\/uploads\/2026\/09\/nemecko-clanky-termaly-nemecko-37-63e6c760-1-768x411.jpg 768w, https:\/\/loudavymkrokem.cz\/wp-content\/uploads\/2026\/09\/nemecko-clanky-termaly-nemecko-37-63e6c760-1-1536x823.jpg 1536w, https:\/\/loudavymkrokem.cz\/wp-content\/uploads\/2026\/09\/nemecko-clanky-termaly-nemecko-37-63e6c760-1-696x373.jpg 696w, https:\/\/loudavymkrokem.cz\/wp-content\/uploads\/2026\/09\/nemecko-clanky-termaly-nemecko-37-63e6c760-1-1392x745.jpg 1392w\" sizes=\"(max-width: 1800px) 100vw, 1800px\" \/><button\n\t\t\tclass=\"lightbox-trigger\"\n\t\t\ttype=\"button\"\n\t\t\taria-haspopup=\"dialog\"\n\t\t\tdata-wp-bind--aria-label=\"state.thisImage.triggerButtonAriaLabel\"\n\t\t\tdata-wp-init=\"callbacks.initTriggerButton\"\n\t\t\tdata-wp-on--click=\"actions.showLightbox\"\n\t\t\tdata-wp-style--right=\"state.thisImage.buttonRight\"\n\t\t\tdata-wp-style--top=\"state.thisImage.buttonTop\"\n\t\t>\n\t\t\t<svg xmlns=\"http:\/\/www.w3.org\/2000\/svg\" width=\"12\" height=\"12\" fill=\"none\" viewBox=\"0 0 12 12\">\n\t\t\t\t<path fill=\"#fff\" d=\"M2 0a2 2 0 0 0-2 2v2h1.5V2a.5.5 0 0 1 .5-.5h2V0H2Zm2 10.5H2a.5.5 0 0 1-.5-.5V8H0v2a2 2 0 0 0 2 2h2v-1.5ZM8 12v-1.5h2a.5.5 0 0 0 .5-.5V8H12v2a2 2 0 0 1-2 2H8Zm2-12a2 2 0 0 1 2 2v2h-1.5V2a.5.5 0 0 0-.5-.5H8V0h2Z\" \/>\n\t\t\t<\/svg>\n\t\t<\/button><\/figure>\n\n\n\n<h3 class=\"wp-block-heading\"><span class=\"ez-toc-section\" id=\"30_Mediterana_Bergisch_Gladbach\"><\/span>30. Mediterana (Bergisch Gladbach)<span class=\"ez-toc-section-end\"><\/span><\/h3>\n\n\n\n<p class=\"wp-block-paragraph\">Se voc\u00ea procura uma variedade enorme de op\u00e7\u00f5es de relaxamento, aqui vai ficar encantado, porque o complexo oferece <strong>nada menos que 13 mundos diferentes<\/strong>, cada um com seu car\u00e1ter espec\u00edfico. O complexo fica em Bergisch Gladbach e voc\u00ea se aquece ali <strong>em 12 saunas variadas e 1 banho de vapor<\/strong>. Tudo isso complementado por um lindo ambiente inspirado na arquitetura dos pa\u00edses do sul.<\/p>\n\n\n\n<p class=\"wp-block-paragraph\">Os amantes da \u00e1gua t\u00eam \u00e0 disposi\u00e7\u00e3o um total de <strong>7 piscinas e tanques<\/strong>, que convidam diretamente a nadar bastante, mergulhar tranquilamente ou fazer o Kneipp terap\u00eautico. Os espa\u00e7os locais s\u00e3o enormes, ent\u00e3o cada um encontra facilmente seu cantinho favorito para um descanso ininterrupto ap\u00f3s uma semana de trabalho puxada.<\/p>\n\n\n\n<p class=\"wp-block-paragraph\">Segundo a tabela v\u00e1lida para 2026, o ingresso de dia inteiro de segunda a quinta sai por <strong>muito agrad\u00e1veis 19,50 EUR<\/strong>. Se voc\u00ea vier s\u00f3 por duas horas, paga 16,50 EUR nos dias \u00fateis e 19,50 EUR de sexta a domingo. Por cada hora extra iniciada voc\u00ea paga ent\u00e3o 1,50 EUR a mais. <strong>\ud83d\udca1 Dica:<\/strong> voc\u00ea \u00e9 do time madrugador? Aproveite a tarifa especial para nadadores da manh\u00e3, quando a entrada de duas horas entre 8h e 10h sai por apenas 14 EUR.<\/p>\n\n\n\n<figure data-wp-context=\"{&quot;imageId&quot;:&quot;6a9c2d6870c48&quot;}\" data-wp-interactive=\"core\/image\" data-wp-key=\"6a9c2d6870c48\" class=\"wp-block-image size-full wp-lightbox-container\"><img decoding=\"async\" width=\"1800\" height=\"900\" data-wp-class--hide=\"state.isContentHidden\" data-wp-class--show=\"state.isContentVisible\" data-wp-init=\"callbacks.setButtonStyles\" data-wp-on--click=\"actions.showLightbox\" data-wp-on--load=\"callbacks.setButtonStyles\" data-wp-on--pointerdown=\"actions.preloadImage\" data-wp-on--pointerenter=\"actions.preloadImageWithDelay\" data-wp-on--pointerleave=\"actions.cancelPreload\" data-wp-on-window--resize=\"callbacks.setButtonStyles\" src=\"https:\/\/loudavymkrokem.cz\/wp-content\/uploads\/2026\/09\/nemecko-clanky-termaly-nemecko-38-d726c943-1.jpg\" alt=\"Vitasol Therme (Bad Salzuflen)\" class=\"wp-image-415347\" title=\"\" srcset=\"https:\/\/loudavymkrokem.cz\/wp-content\/uploads\/2026\/09\/nemecko-clanky-termaly-nemecko-38-d726c943-1.jpg 1800w, https:\/\/loudavymkrokem.cz\/wp-content\/uploads\/2026\/09\/nemecko-clanky-termaly-nemecko-38-d726c943-1-300x150.jpg 300w, https:\/\/loudavymkrokem.cz\/wp-content\/uploads\/2026\/09\/nemecko-clanky-termaly-nemecko-38-d726c943-1-700x350.jpg 700w, https:\/\/loudavymkrokem.cz\/wp-content\/uploads\/2026\/09\/nemecko-clanky-termaly-nemecko-38-d726c943-1-768x384.jpg 768w, https:\/\/loudavymkrokem.cz\/wp-content\/uploads\/2026\/09\/nemecko-clanky-termaly-nemecko-38-d726c943-1-1536x768.jpg 1536w, https:\/\/loudavymkrokem.cz\/wp-content\/uploads\/2026\/09\/nemecko-clanky-termaly-nemecko-38-d726c943-1-696x348.jpg 696w, https:\/\/loudavymkrokem.cz\/wp-content\/uploads\/2026\/09\/nemecko-clanky-termaly-nemecko-38-d726c943-1-1392x696.jpg 1392w\" sizes=\"(max-width: 1800px) 100vw, 1800px\" \/><button\n\t\t\tclass=\"lightbox-trigger\"\n\t\t\ttype=\"button\"\n\t\t\taria-haspopup=\"dialog\"\n\t\t\tdata-wp-bind--aria-label=\"state.thisImage.triggerButtonAriaLabel\"\n\t\t\tdata-wp-init=\"callbacks.initTriggerButton\"\n\t\t\tdata-wp-on--click=\"actions.showLightbox\"\n\t\t\tdata-wp-style--right=\"state.thisImage.buttonRight\"\n\t\t\tdata-wp-style--top=\"state.thisImage.buttonTop\"\n\t\t>\n\t\t\t<svg xmlns=\"http:\/\/www.w3.org\/2000\/svg\" width=\"12\" height=\"12\" fill=\"none\" viewBox=\"0 0 12 12\">\n\t\t\t\t<path fill=\"#fff\" d=\"M2 0a2 2 0 0 0-2 2v2h1.5V2a.5.5 0 0 1 .5-.5h2V0H2Zm2 10.5H2a.5.5 0 0 1-.5-.5V8H0v2a2 2 0 0 0 2 2h2v-1.5ZM8 12v-1.5h2a.5.5 0 0 0 .5-.5V8H12v2a2 2 0 0 1-2 2H8Zm2-12a2 2 0 0 1 2 2v2h-1.5V2a.5.5 0 0 0-.5-.5H8V0h2Z\" \/>\n\t\t\t<\/svg>\n\t\t<\/button><\/figure>\n\n\n\n<h3 class=\"wp-block-heading\"><span class=\"ez-toc-section\" id=\"31_Vitasol_Therme_Bad_Salzuflen\"><\/span>31. Vitasol Therme (Bad Salzuflen)<span class=\"ez-toc-section-end\"><\/span><\/h3>\n\n\n\n<p class=\"wp-block-paragraph\">Nessa cidade termal te espera um complexo respeit\u00e1vel, que se estende por uma <strong>\u00e1rea de mais de 6.000 m\u00b2<\/strong>, sendo que o pr\u00f3prio espelho d&#8217;\u00e1gua ocupa lindos 1.700 m\u00b2. A fonte termal salgada local, de 37,5 \u00b0C, jorra \u00e0 superf\u00edcie a uma <strong>velocidade de 90.000 litros por hora<\/strong>. A salinidade original dessa \u00e1gua curativa chegava outrora a 12%.<\/p>\n\n\n\n<p class=\"wp-block-paragraph\">O caminho at\u00e9 essa riqueza, por\u00e9m, n\u00e3o foi nada f\u00e1cil. As primeiras tentativas de perfura\u00e7\u00e3o j\u00e1 ocorriam em 1919, mas fracassaram aos 375 metros. S\u00f3 em 1967, com brocas especiais americanas, conseguiram <strong>chegar at\u00e9 a profundidade de 1.018 metros<\/strong>. O funcionamento em si come\u00e7ou em 1969 e desde 1998 conhecemos o local sob o nome atual.<\/p>\n\n\n\n<p class=\"wp-block-paragraph\">O complexo \u00e9 uma \u00f3tima escolha para todos os amantes da nata\u00e7\u00e3o e da \u00e1gua salgada curativa. Os operadores pensam tamb\u00e9m no futuro, porque desde o ver\u00e3o de 2025 se <strong>constr\u00f3i ali um novo hotel quatro estrelas<\/strong> com cem quartos e duzentos leitos. Sua conclus\u00e3o est\u00e1 prevista para 2027. <strong>\ud83d\udca1 Dica:<\/strong> at\u00e9 o hotel completo ser constru\u00eddo, procure hospedagem no centro da cidade, de onde as termas ficam a poucos passos a p\u00e9.<\/p>\n\n\n\n<figure data-wp-context=\"{&quot;imageId&quot;:&quot;6a9c2d6871499&quot;}\" data-wp-interactive=\"core\/image\" data-wp-key=\"6a9c2d6871499\" class=\"wp-block-image size-full wp-lightbox-container\"><img decoding=\"async\" width=\"1800\" height=\"1350\" data-wp-class--hide=\"state.isContentHidden\" data-wp-class--show=\"state.isContentVisible\" data-wp-init=\"callbacks.setButtonStyles\" data-wp-on--click=\"actions.showLightbox\" data-wp-on--load=\"callbacks.setButtonStyles\" data-wp-on--pointerdown=\"actions.preloadImage\" data-wp-on--pointerenter=\"actions.preloadImageWithDelay\" data-wp-on--pointerleave=\"actions.cancelPreload\" data-wp-on-window--resize=\"callbacks.setButtonStyles\" src=\"https:\/\/loudavymkrokem.cz\/wp-content\/uploads\/2026\/09\/nemecko-clanky-termaly-nemecko-39-605251b4-1.jpg\" alt=\"Mauritius Hotel &#038; Therme K\u00f6ln (Col\u00f4nia)\" class=\"wp-image-415351\" title=\"\" srcset=\"https:\/\/loudavymkrokem.cz\/wp-content\/uploads\/2026\/09\/nemecko-clanky-termaly-nemecko-39-605251b4-1.jpg 1800w, https:\/\/loudavymkrokem.cz\/wp-content\/uploads\/2026\/09\/nemecko-clanky-termaly-nemecko-39-605251b4-1-300x225.jpg 300w, https:\/\/loudavymkrokem.cz\/wp-content\/uploads\/2026\/09\/nemecko-clanky-termaly-nemecko-39-605251b4-1-700x525.jpg 700w, https:\/\/loudavymkrokem.cz\/wp-content\/uploads\/2026\/09\/nemecko-clanky-termaly-nemecko-39-605251b4-1-768x576.jpg 768w, https:\/\/loudavymkrokem.cz\/wp-content\/uploads\/2026\/09\/nemecko-clanky-termaly-nemecko-39-605251b4-1-1536x1152.jpg 1536w, https:\/\/loudavymkrokem.cz\/wp-content\/uploads\/2026\/09\/nemecko-clanky-termaly-nemecko-39-605251b4-1-80x60.jpg 80w, https:\/\/loudavymkrokem.cz\/wp-content\/uploads\/2026\/09\/nemecko-clanky-termaly-nemecko-39-605251b4-1-160x120.jpg 160w, https:\/\/loudavymkrokem.cz\/wp-content\/uploads\/2026\/09\/nemecko-clanky-termaly-nemecko-39-605251b4-1-696x522.jpg 696w, https:\/\/loudavymkrokem.cz\/wp-content\/uploads\/2026\/09\/nemecko-clanky-termaly-nemecko-39-605251b4-1-1392x1044.jpg 1392w\" sizes=\"(max-width: 1800px) 100vw, 1800px\" \/><button\n\t\t\tclass=\"lightbox-trigger\"\n\t\t\ttype=\"button\"\n\t\t\taria-haspopup=\"dialog\"\n\t\t\tdata-wp-bind--aria-label=\"state.thisImage.triggerButtonAriaLabel\"\n\t\t\tdata-wp-init=\"callbacks.initTriggerButton\"\n\t\t\tdata-wp-on--click=\"actions.showLightbox\"\n\t\t\tdata-wp-style--right=\"state.thisImage.buttonRight\"\n\t\t\tdata-wp-style--top=\"state.thisImage.buttonTop\"\n\t\t>\n\t\t\t<svg xmlns=\"http:\/\/www.w3.org\/2000\/svg\" width=\"12\" height=\"12\" fill=\"none\" viewBox=\"0 0 12 12\">\n\t\t\t\t<path fill=\"#fff\" d=\"M2 0a2 2 0 0 0-2 2v2h1.5V2a.5.5 0 0 1 .5-.5h2V0H2Zm2 10.5H2a.5.5 0 0 1-.5-.5V8H0v2a2 2 0 0 0 2 2h2v-1.5ZM8 12v-1.5h2a.5.5 0 0 0 .5-.5V8H12v2a2 2 0 0 1-2 2H8Zm2-12a2 2 0 0 1 2 2v2h-1.5V2a.5.5 0 0 0-.5-.5H8V0h2Z\" \/>\n\t\t\t<\/svg>\n\t\t<\/button><figcaption class=\"wp-element-caption\">Foto: Duhon \/ Wikimedia Commons, CC BY 3.0<\/figcaption><\/figure>\n\n\n\n<h3 class=\"wp-block-heading\"><span class=\"ez-toc-section\" id=\"32_Mauritius_Hotel_Therme_Koln_Colonia\"><\/span>32. Mauritius Hotel &#038; Therme K\u00f6ln (Col\u00f4nia)<span class=\"ez-toc-section-end\"><\/span><\/h3>\n\n\n\n<p class=\"wp-block-paragraph\">Neste caso n\u00e3o se trata de um balne\u00e1rio p\u00fablico cl\u00e1ssico, mas de um <strong>luxuoso hotel quatro estrelas com um enorme centro de wellness<\/strong>. Voc\u00ea o encontra escondido em um canto tranquilo do pr\u00f3prio centro de Col\u00f4nia, bem ao lado da hist\u00f3rica igreja de S\u00e3o Maur\u00edcio. O lugar \u00e9 feito sob medida para casais que querem juntar a explora\u00e7\u00e3o da metr\u00f3pole com uma relaxa\u00e7\u00e3o \u00e0 noite.<\/p>\n\n\n\n<p class=\"wp-block-paragraph\">A pr\u00f3pria parte termal e de descanso se estende por uma <strong>generosa \u00e1rea de 3.500 m\u00b2<\/strong>. Voc\u00ea ter\u00e1 muito o que escolher, porque ali h\u00e1 7 saunas diferentes, 1 banho de vapor e nada menos que 2 hidromassagens. A especialidade do complexo \u00e9 a <strong>piscina externa enriquecida com sal do Mar Morto<\/strong>. Lembre que no mundo das saunas se entra rigorosamente sem roupa de banho. \u00c0 disposi\u00e7\u00e3o h\u00e1 tamb\u00e9m uma academia e uma oferta rica de massagens.<\/p>\n\n\n\n<p class=\"wp-block-paragraph\">Se voc\u00ea se hospedar aqui, segundo a tabela de 2026 os h\u00f3spedes pagam pela entrada na zona de wellness um <strong>acr\u00e9scimo de 10 EUR por pessoa e por dia<\/strong>. E esse pre\u00e7o vantajoso voc\u00ea pode usar inclusive no dia da sua partida. <strong>\ud83d\udca1 Dica:<\/strong> depois de um dia inteiro andando pelos monumentos de Col\u00f4nia, seus p\u00e9s com certeza v\u00e3o agradecer um longo banho na \u00e1gua salgada curativa, ent\u00e3o n\u00e3o deixe de aproveitar.<\/p>\n\n\n\n<figure data-wp-context=\"{&quot;imageId&quot;:&quot;6a9c2d6871bb5&quot;}\" data-wp-interactive=\"core\/image\" data-wp-key=\"6a9c2d6871bb5\" class=\"wp-block-image size-full wp-lightbox-container\"><img decoding=\"async\" width=\"1800\" height=\"1200\" data-wp-class--hide=\"state.isContentHidden\" data-wp-class--show=\"state.isContentVisible\" data-wp-init=\"callbacks.setButtonStyles\" data-wp-on--click=\"actions.showLightbox\" data-wp-on--load=\"callbacks.setButtonStyles\" data-wp-on--pointerdown=\"actions.preloadImage\" data-wp-on--pointerenter=\"actions.preloadImageWithDelay\" data-wp-on--pointerleave=\"actions.cancelPreload\" data-wp-on-window--resize=\"callbacks.setButtonStyles\" src=\"https:\/\/loudavymkrokem.cz\/wp-content\/uploads\/2026\/09\/nemecko-clanky-termaly-nemecko-40-b4685b4f-1.jpg\" alt=\"Claudius Therme (Col\u00f4nia)\" class=\"wp-image-415353\" title=\"\" srcset=\"https:\/\/loudavymkrokem.cz\/wp-content\/uploads\/2026\/09\/nemecko-clanky-termaly-nemecko-40-b4685b4f-1.jpg 1800w, https:\/\/loudavymkrokem.cz\/wp-content\/uploads\/2026\/09\/nemecko-clanky-termaly-nemecko-40-b4685b4f-1-300x200.jpg 300w, https:\/\/loudavymkrokem.cz\/wp-content\/uploads\/2026\/09\/nemecko-clanky-termaly-nemecko-40-b4685b4f-1-700x467.jpg 700w, https:\/\/loudavymkrokem.cz\/wp-content\/uploads\/2026\/09\/nemecko-clanky-termaly-nemecko-40-b4685b4f-1-768x512.jpg 768w, https:\/\/loudavymkrokem.cz\/wp-content\/uploads\/2026\/09\/nemecko-clanky-termaly-nemecko-40-b4685b4f-1-1536x1024.jpg 1536w, https:\/\/loudavymkrokem.cz\/wp-content\/uploads\/2026\/09\/nemecko-clanky-termaly-nemecko-40-b4685b4f-1-696x464.jpg 696w, https:\/\/loudavymkrokem.cz\/wp-content\/uploads\/2026\/09\/nemecko-clanky-termaly-nemecko-40-b4685b4f-1-1392x928.jpg 1392w\" sizes=\"(max-width: 1800px) 100vw, 1800px\" \/><button\n\t\t\tclass=\"lightbox-trigger\"\n\t\t\ttype=\"button\"\n\t\t\taria-haspopup=\"dialog\"\n\t\t\tdata-wp-bind--aria-label=\"state.thisImage.triggerButtonAriaLabel\"\n\t\t\tdata-wp-init=\"callbacks.initTriggerButton\"\n\t\t\tdata-wp-on--click=\"actions.showLightbox\"\n\t\t\tdata-wp-style--right=\"state.thisImage.buttonRight\"\n\t\t\tdata-wp-style--top=\"state.thisImage.buttonTop\"\n\t\t>\n\t\t\t<svg xmlns=\"http:\/\/www.w3.org\/2000\/svg\" width=\"12\" height=\"12\" fill=\"none\" viewBox=\"0 0 12 12\">\n\t\t\t\t<path fill=\"#fff\" d=\"M2 0a2 2 0 0 0-2 2v2h1.5V2a.5.5 0 0 1 .5-.5h2V0H2Zm2 10.5H2a.5.5 0 0 1-.5-.5V8H0v2a2 2 0 0 0 2 2h2v-1.5ZM8 12v-1.5h2a.5.5 0 0 0 .5-.5V8H12v2a2 2 0 0 1-2 2H8Zm2-12a2 2 0 0 1 2 2v2h-1.5V2a.5.5 0 0 0-.5-.5H8V0h2Z\" \/>\n\t\t\t<\/svg>\n\t\t<\/button><figcaption class=\"wp-element-caption\">Foto: Maksym Kozlenko \/ Wikimedia Commons, CC BY-SA 4.0<\/figcaption><\/figure>\n\n\n\n<h3 class=\"wp-block-heading\"><span class=\"ez-toc-section\" id=\"33_Claudius_Therme_Colonia\"><\/span>33. Claudius Therme (Col\u00f4nia)<span class=\"ez-toc-section-end\"><\/span><\/h3>\n\n\n\n<p class=\"wp-block-paragraph\">Procura um banho com o melhor endere\u00e7o poss\u00edvel? Esse complexo fica bem no Rheinpark de Col\u00f4nia, na margem direita do rio Reno, e oferece uma <strong>vista fant\u00e1stica da famosa catedral de Col\u00f4nia<\/strong>. As piscinas locais s\u00e3o abastecidas por uma fonte termal mineral natural de alta qualidade, reconhecida pelo Estado, que garante um relaxamento perfeito para o corpo e a mente.<\/p>\n\n\n\n<p class=\"wp-block-paragraph\">Um enorme mundo aqu\u00e1tico espera os visitantes, formado por um <strong>total de 12 piscinas diferentes<\/strong>. Se voc\u00ea prefere o calor caprichado, com certeza vai gostar da oferta de 8 saunas e 3 banhos de vapor. Segundo a tabela atual de 2026, voc\u00ea paga por duas horas de banho de 19,50 a 22,50 EUR. A variante com sauna sai por 27,50 a 30,50 EUR e a <strong>entrada de dia inteiro custa 36,50 a 47,50 EUR<\/strong>.<\/p>\n\n\n\n<p class=\"wp-block-paragraph\">O estabelecimento pensa tamb\u00e9m nos motoristas, ent\u00e3o a taxa fixa de dia inteiro pelo <strong>estacionamento sai por agrad\u00e1veis 3 EUR<\/strong>. Quanto \u00e0s restri\u00e7\u00f5es de idade, a entrada \u00e9 permitida apenas para crian\u00e7as a partir dos 6 anos. Jovens de at\u00e9 16 anos s\u00f3 podem visitar o complexo acompanhados de um adulto. <strong>\ud83d\udca1 Dica:<\/strong> tente planejar a visita para o fim da tarde, a vista da catedral iluminada a partir da piscina termal externa \u00e9 inesquec\u00edvel.<\/p>\n\n\n\n<figure data-wp-context=\"{&quot;imageId&quot;:&quot;6a9c2d687234e&quot;}\" data-wp-interactive=\"core\/image\" data-wp-key=\"6a9c2d687234e\" class=\"wp-block-image size-full wp-lightbox-container\"><img decoding=\"async\" width=\"1800\" height=\"1200\" data-wp-class--hide=\"state.isContentHidden\" data-wp-class--show=\"state.isContentVisible\" data-wp-init=\"callbacks.setButtonStyles\" data-wp-on--click=\"actions.showLightbox\" data-wp-on--load=\"callbacks.setButtonStyles\" data-wp-on--pointerdown=\"actions.preloadImage\" data-wp-on--pointerenter=\"actions.preloadImageWithDelay\" data-wp-on--pointerleave=\"actions.cancelPreload\" data-wp-on-window--resize=\"callbacks.setButtonStyles\" src=\"https:\/\/loudavymkrokem.cz\/wp-content\/uploads\/2026\/09\/nemecko-clanky-termaly-nemecko-41-eecaebfa-1.jpg\" alt=\"Taunus-Therme em Bad Homburg\" class=\"wp-image-415356\" title=\"\" srcset=\"https:\/\/loudavymkrokem.cz\/wp-content\/uploads\/2026\/09\/nemecko-clanky-termaly-nemecko-41-eecaebfa-1.jpg 1800w, https:\/\/loudavymkrokem.cz\/wp-content\/uploads\/2026\/09\/nemecko-clanky-termaly-nemecko-41-eecaebfa-1-300x200.jpg 300w, https:\/\/loudavymkrokem.cz\/wp-content\/uploads\/2026\/09\/nemecko-clanky-termaly-nemecko-41-eecaebfa-1-700x467.jpg 700w, https:\/\/loudavymkrokem.cz\/wp-content\/uploads\/2026\/09\/nemecko-clanky-termaly-nemecko-41-eecaebfa-1-768x512.jpg 768w, https:\/\/loudavymkrokem.cz\/wp-content\/uploads\/2026\/09\/nemecko-clanky-termaly-nemecko-41-eecaebfa-1-1536x1024.jpg 1536w, https:\/\/loudavymkrokem.cz\/wp-content\/uploads\/2026\/09\/nemecko-clanky-termaly-nemecko-41-eecaebfa-1-696x464.jpg 696w, https:\/\/loudavymkrokem.cz\/wp-content\/uploads\/2026\/09\/nemecko-clanky-termaly-nemecko-41-eecaebfa-1-1392x928.jpg 1392w\" sizes=\"(max-width: 1800px) 100vw, 1800px\" \/><button\n\t\t\tclass=\"lightbox-trigger\"\n\t\t\ttype=\"button\"\n\t\t\taria-haspopup=\"dialog\"\n\t\t\tdata-wp-bind--aria-label=\"state.thisImage.triggerButtonAriaLabel\"\n\t\t\tdata-wp-init=\"callbacks.initTriggerButton\"\n\t\t\tdata-wp-on--click=\"actions.showLightbox\"\n\t\t\tdata-wp-style--right=\"state.thisImage.buttonRight\"\n\t\t\tdata-wp-style--top=\"state.thisImage.buttonTop\"\n\t\t>\n\t\t\t<svg xmlns=\"http:\/\/www.w3.org\/2000\/svg\" width=\"12\" height=\"12\" fill=\"none\" viewBox=\"0 0 12 12\">\n\t\t\t\t<path fill=\"#fff\" d=\"M2 0a2 2 0 0 0-2 2v2h1.5V2a.5.5 0 0 1 .5-.5h2V0H2Zm2 10.5H2a.5.5 0 0 1-.5-.5V8H0v2a2 2 0 0 0 2 2h2v-1.5ZM8 12v-1.5h2a.5.5 0 0 0 .5-.5V8H12v2a2 2 0 0 1-2 2H8Zm2-12a2 2 0 0 1 2 2v2h-1.5V2a.5.5 0 0 0-.5-.5H8V0h2Z\" \/>\n\t\t\t<\/svg>\n\t\t<\/button><\/figure>\n\n\n\n<h2 class=\"wp-block-heading\"><span class=\"ez-toc-section\" id=\"Termas_em_Hessen\"><\/span>Termas em Hessen<span class=\"ez-toc-section-end\"><\/span><\/h2>\n\n\n\n<p class=\"wp-block-paragraph\">Se voc\u00ea procura um lugar onde a hist\u00f3ria profunda se une ao descanso de verdade, o estado federal de Hessen com certeza vai te encantar. Voc\u00ea encontra aqui cidades termais famosas como Wiesbaden ou Bad Homburg, que ostentam uma rica tradi\u00e7\u00e3o e algumas das <strong>fontes mais quentes de toda a Alemanha<\/strong>. \u00c9 um destino ideal para um fim de semana prolongado, porque d\u00e1 para chegar aqui com relativa facilidade, principalmente se voc\u00ea seguir na dire\u00e7\u00e3o de Frankfurt.<\/p>\n\n\n\n<p class=\"wp-block-paragraph\">As termas de Hessen t\u00eam uma atmosfera que muitas vezes lembra antigos templos da Antiguidade ou pal\u00e1cios luxuosos. Quer voc\u00ea deseje uma contempla\u00e7\u00e3o silenciosa em cen\u00e1rios hist\u00f3ricos, quer prefira rituais modernos de sauna, aqui voc\u00ea se realiza. Vamos dar uma olhada nos complexos mais interessantes, que voc\u00ea n\u00e3o deveria de jeito nenhum pular ao planejar a viagem.<\/p>\n\n\n\n<figure data-wp-context=\"{&quot;imageId&quot;:&quot;6a9c2d6872b2f&quot;}\" data-wp-interactive=\"core\/image\" data-wp-key=\"6a9c2d6872b2f\" class=\"wp-block-image size-full wp-lightbox-container\"><img decoding=\"async\" width=\"1800\" height=\"1347\" data-wp-class--hide=\"state.isContentHidden\" data-wp-class--show=\"state.isContentVisible\" data-wp-init=\"callbacks.setButtonStyles\" data-wp-on--click=\"actions.showLightbox\" data-wp-on--load=\"callbacks.setButtonStyles\" data-wp-on--pointerdown=\"actions.preloadImage\" data-wp-on--pointerenter=\"actions.preloadImageWithDelay\" data-wp-on--pointerleave=\"actions.cancelPreload\" data-wp-on-window--resize=\"callbacks.setButtonStyles\" src=\"https:\/\/loudavymkrokem.cz\/wp-content\/uploads\/2026\/09\/nemecko-clanky-termaly-nemecko-42-4670ad94-1.jpg\" alt=\"Taunus-Therme (Bad Homburg): entrada das termas com passarela\" class=\"wp-image-415359\" title=\"\" srcset=\"https:\/\/loudavymkrokem.cz\/wp-content\/uploads\/2026\/09\/nemecko-clanky-termaly-nemecko-42-4670ad94-1.jpg 1800w, https:\/\/loudavymkrokem.cz\/wp-content\/uploads\/2026\/09\/nemecko-clanky-termaly-nemecko-42-4670ad94-1-300x225.jpg 300w, https:\/\/loudavymkrokem.cz\/wp-content\/uploads\/2026\/09\/nemecko-clanky-termaly-nemecko-42-4670ad94-1-700x524.jpg 700w, https:\/\/loudavymkrokem.cz\/wp-content\/uploads\/2026\/09\/nemecko-clanky-termaly-nemecko-42-4670ad94-1-768x575.jpg 768w, https:\/\/loudavymkrokem.cz\/wp-content\/uploads\/2026\/09\/nemecko-clanky-termaly-nemecko-42-4670ad94-1-1536x1149.jpg 1536w, https:\/\/loudavymkrokem.cz\/wp-content\/uploads\/2026\/09\/nemecko-clanky-termaly-nemecko-42-4670ad94-1-80x60.jpg 80w, https:\/\/loudavymkrokem.cz\/wp-content\/uploads\/2026\/09\/nemecko-clanky-termaly-nemecko-42-4670ad94-1-160x120.jpg 160w, https:\/\/loudavymkrokem.cz\/wp-content\/uploads\/2026\/09\/nemecko-clanky-termaly-nemecko-42-4670ad94-1-696x521.jpg 696w, https:\/\/loudavymkrokem.cz\/wp-content\/uploads\/2026\/09\/nemecko-clanky-termaly-nemecko-42-4670ad94-1-1392x1042.jpg 1392w\" sizes=\"(max-width: 1800px) 100vw, 1800px\" \/><button\n\t\t\tclass=\"lightbox-trigger\"\n\t\t\ttype=\"button\"\n\t\t\taria-haspopup=\"dialog\"\n\t\t\tdata-wp-bind--aria-label=\"state.thisImage.triggerButtonAriaLabel\"\n\t\t\tdata-wp-init=\"callbacks.initTriggerButton\"\n\t\t\tdata-wp-on--click=\"actions.showLightbox\"\n\t\t\tdata-wp-style--right=\"state.thisImage.buttonRight\"\n\t\t\tdata-wp-style--top=\"state.thisImage.buttonTop\"\n\t\t>\n\t\t\t<svg xmlns=\"http:\/\/www.w3.org\/2000\/svg\" width=\"12\" height=\"12\" fill=\"none\" viewBox=\"0 0 12 12\">\n\t\t\t\t<path fill=\"#fff\" d=\"M2 0a2 2 0 0 0-2 2v2h1.5V2a.5.5 0 0 1 .5-.5h2V0H2Zm2 10.5H2a.5.5 0 0 1-.5-.5V8H0v2a2 2 0 0 0 2 2h2v-1.5ZM8 12v-1.5h2a.5.5 0 0 0 .5-.5V8H12v2a2 2 0 0 1-2 2H8Zm2-12a2 2 0 0 1 2 2v2h-1.5V2a.5.5 0 0 0-.5-.5H8V0h2Z\" \/>\n\t\t\t<\/svg>\n\t\t<\/button><figcaption class=\"wp-element-caption\">Foto: Karsten11 \/ Wikimedia Commons, Public domain<\/figcaption><\/figure>\n\n\n\n<h3 class=\"wp-block-heading\"><span class=\"ez-toc-section\" id=\"34_Taunus-Therme_Bad_Homburg\"><\/span>34. Taunus-Therme (Bad Homburg)<span class=\"ez-toc-section-end\"><\/span><\/h3>\n\n\n\n<p class=\"wp-block-paragraph\">O complexo Taunus-Therme, na cidade de Bad Homburg, \u00e9 excepcional principalmente por seu enorme espa\u00e7o, porque oferece <strong>1.200 metros quadrados de \u00e1reas internas e externas<\/strong> para uma relaxa\u00e7\u00e3o perfeita. A \u00e1gua chega \u00e0s piscinas da fonte local Viktoria-Louise-Quelle, que tem originalmente 22,4 \u00b0C, mas, para o seu m\u00e1ximo conforto, \u00e9 aquecida a <strong>agrad\u00e1veis 34,5 \u00b0C<\/strong>.<\/p>\n\n\n\n<p class=\"wp-block-paragraph\">Voc\u00ea pode esperar muitos cantinhos com \u00e1gua termal, onde te espera a paz. Se voc\u00ea ama bolhas, vai gostar de nada menos que <strong>quatro hidromassagens quentes com temperatura de 37 \u00b0C<\/strong>, que relaxam perfeitamente os m\u00fasculos cansados. Os amantes do suor v\u00e3o apreciar a rica \u00e1rea de saunas, na qual voc\u00ea encontra um total de oito saunas tem\u00e1ticas com temperaturas de 45 \u00b0C a 100 \u00b0C.<\/p>\n\n\n\n<p class=\"wp-block-paragraph\">Duas dessas oito saunas s\u00e3o <strong>reservadas exclusivamente para as mulheres<\/strong>, o que \u00e9 uma \u00f3tima not\u00edcia para todas as que buscam mais privacidade. O complexo \u00e9 no geral mais indicado para visitantes adultos em busca de sossego e descanso silencioso. <strong>\ud83d\udca1 Dica:<\/strong> mesmo que voc\u00ea n\u00e3o encontre aqui tobo\u00e1guas radicais, a enorme \u00e1rea garante que voc\u00ea n\u00e3o vai se espremer com as outras pessoas e sempre encontra seu cantinho silencioso.<\/p>\n\n\n\n<figure data-wp-context=\"{&quot;imageId&quot;:&quot;6a9c2d68733d4&quot;}\" data-wp-interactive=\"core\/image\" data-wp-key=\"6a9c2d68733d4\" class=\"wp-block-image size-full wp-lightbox-container\"><img decoding=\"async\" width=\"1800\" height=\"1350\" data-wp-class--hide=\"state.isContentHidden\" data-wp-class--show=\"state.isContentVisible\" data-wp-init=\"callbacks.setButtonStyles\" data-wp-on--click=\"actions.showLightbox\" data-wp-on--load=\"callbacks.setButtonStyles\" data-wp-on--pointerdown=\"actions.preloadImage\" data-wp-on--pointerenter=\"actions.preloadImageWithDelay\" data-wp-on--pointerleave=\"actions.cancelPreload\" data-wp-on-window--resize=\"callbacks.setButtonStyles\" src=\"https:\/\/loudavymkrokem.cz\/wp-content\/uploads\/2026\/09\/nemecko-clanky-termaly-nemecko-43-b17240b7-1.jpg\" alt=\"KurhessenTherme (Kassel)\" class=\"wp-image-415361\" title=\"\" srcset=\"https:\/\/loudavymkrokem.cz\/wp-content\/uploads\/2026\/09\/nemecko-clanky-termaly-nemecko-43-b17240b7-1.jpg 1800w, https:\/\/loudavymkrokem.cz\/wp-content\/uploads\/2026\/09\/nemecko-clanky-termaly-nemecko-43-b17240b7-1-300x225.jpg 300w, https:\/\/loudavymkrokem.cz\/wp-content\/uploads\/2026\/09\/nemecko-clanky-termaly-nemecko-43-b17240b7-1-700x525.jpg 700w, https:\/\/loudavymkrokem.cz\/wp-content\/uploads\/2026\/09\/nemecko-clanky-termaly-nemecko-43-b17240b7-1-768x576.jpg 768w, https:\/\/loudavymkrokem.cz\/wp-content\/uploads\/2026\/09\/nemecko-clanky-termaly-nemecko-43-b17240b7-1-1536x1152.jpg 1536w, https:\/\/loudavymkrokem.cz\/wp-content\/uploads\/2026\/09\/nemecko-clanky-termaly-nemecko-43-b17240b7-1-80x60.jpg 80w, https:\/\/loudavymkrokem.cz\/wp-content\/uploads\/2026\/09\/nemecko-clanky-termaly-nemecko-43-b17240b7-1-160x120.jpg 160w, https:\/\/loudavymkrokem.cz\/wp-content\/uploads\/2026\/09\/nemecko-clanky-termaly-nemecko-43-b17240b7-1-696x522.jpg 696w, https:\/\/loudavymkrokem.cz\/wp-content\/uploads\/2026\/09\/nemecko-clanky-termaly-nemecko-43-b17240b7-1-1392x1044.jpg 1392w\" sizes=\"(max-width: 1800px) 100vw, 1800px\" \/><button\n\t\t\tclass=\"lightbox-trigger\"\n\t\t\ttype=\"button\"\n\t\t\taria-haspopup=\"dialog\"\n\t\t\tdata-wp-bind--aria-label=\"state.thisImage.triggerButtonAriaLabel\"\n\t\t\tdata-wp-init=\"callbacks.initTriggerButton\"\n\t\t\tdata-wp-on--click=\"actions.showLightbox\"\n\t\t\tdata-wp-style--right=\"state.thisImage.buttonRight\"\n\t\t\tdata-wp-style--top=\"state.thisImage.buttonTop\"\n\t\t>\n\t\t\t<svg xmlns=\"http:\/\/www.w3.org\/2000\/svg\" width=\"12\" height=\"12\" fill=\"none\" viewBox=\"0 0 12 12\">\n\t\t\t\t<path fill=\"#fff\" d=\"M2 0a2 2 0 0 0-2 2v2h1.5V2a.5.5 0 0 1 .5-.5h2V0H2Zm2 10.5H2a.5.5 0 0 1-.5-.5V8H0v2a2 2 0 0 0 2 2h2v-1.5ZM8 12v-1.5h2a.5.5 0 0 0 .5-.5V8H12v2a2 2 0 0 1-2 2H8Zm2-12a2 2 0 0 1 2 2v2h-1.5V2a.5.5 0 0 0-.5-.5H8V0h2Z\" \/>\n\t\t\t<\/svg>\n\t\t<\/button><figcaption class=\"wp-element-caption\">Foto: Pedelecs \/ Wikimedia Commons, CC BY-SA 3.0<\/figcaption><\/figure>\n\n\n\n<h3 class=\"wp-block-heading\"><span class=\"ez-toc-section\" id=\"35_KurhessenTherme_Kassel\"><\/span>35. KurhessenTherme (Kassel)<span class=\"ez-toc-section-end\"><\/span><\/h3>\n\n\n\n<p class=\"wp-block-paragraph\">Se voc\u00ea for \u00e0 cidade de Kassel, n\u00e3o pule o complexo KurhessenTherme, que vai te surpreender com um <strong>lago de sauna \u00fanico de 200 metros quadrados<\/strong>. Esse lago tem uma temperatura refrescante entre 19 e 21 \u00b0C e est\u00e1 inserido no chamado Jardim do Para\u00edso. Ele oferece mais de <strong>400 metros quadrados para descansar sem roupa de banho<\/strong>, o que agrada todos os adeptos do naturismo.<\/p>\n\n\n\n<p class=\"wp-block-paragraph\">O mundo de saunas aqui \u00e9 generoso, voc\u00ea encontra nele um total de oito proh\u0159\u00edv\u00e1ren diferentes. Os iniciantes podem experimentar a suave sauna de luz com cristais de sal e temperatura de 45 \u00b0C, ou a sauna de 55 \u00b0C, \u00f3tima para as vias respirat\u00f3rias. Os saunistas experientes, ao contr\u00e1rio, v\u00e3o \u00e0 <strong>sauna de pedras quentes aquecida a 100 \u00b0C<\/strong>. As mulheres t\u00eam \u00e0 disposi\u00e7\u00e3o tamb\u00e9m uma sauna oriental feminina pr\u00f3pria.<\/p>\n\n\n\n<p class=\"wp-block-paragraph\">Segundo a tabela de 2026, voc\u00ea paga pela entrada de duas horas nas termas e saunas <strong>de 23 a 24,50 euros<\/strong>, e o ingresso de dia inteiro sai ent\u00e3o por 26,50 a 28 euros conforme o dia da semana. Por cada quinze minutos extras iniciados voc\u00ea paga 1,50 euro a mais. <strong>\ud83d\udca1 Dica:<\/strong> se voc\u00ea ficar com fome depois do banho, o restaurante local oferece excelentes nhoques sem carne ou espaguete com pesto verde e legumes grelhados por 11,50 euros.<\/p>\n\n\n\n<figure data-wp-context=\"{&quot;imageId&quot;:&quot;6a9c2d6873ee5&quot;}\" data-wp-interactive=\"core\/image\" data-wp-key=\"6a9c2d6873ee5\" class=\"wp-block-image size-full wp-lightbox-container\"><img decoding=\"async\" width=\"1800\" height=\"1800\" data-wp-class--hide=\"state.isContentHidden\" data-wp-class--show=\"state.isContentVisible\" data-wp-init=\"callbacks.setButtonStyles\" data-wp-on--click=\"actions.showLightbox\" data-wp-on--load=\"callbacks.setButtonStyles\" data-wp-on--pointerdown=\"actions.preloadImage\" data-wp-on--pointerenter=\"actions.preloadImageWithDelay\" data-wp-on--pointerleave=\"actions.cancelPreload\" data-wp-on-window--resize=\"callbacks.setButtonStyles\" src=\"https:\/\/loudavymkrokem.cz\/wp-content\/uploads\/2026\/09\/nemecko-clanky-termaly-nemecko-44-2d6e2fb5-1.jpg\" alt=\"Odenwald-Therme (Bad K\u00f6nig): \u00e1rea de saunas\" class=\"wp-image-415363\" title=\"\" srcset=\"https:\/\/loudavymkrokem.cz\/wp-content\/uploads\/2026\/09\/nemecko-clanky-termaly-nemecko-44-2d6e2fb5-1.jpg 1800w, https:\/\/loudavymkrokem.cz\/wp-content\/uploads\/2026\/09\/nemecko-clanky-termaly-nemecko-44-2d6e2fb5-1-300x300.jpg 300w, https:\/\/loudavymkrokem.cz\/wp-content\/uploads\/2026\/09\/nemecko-clanky-termaly-nemecko-44-2d6e2fb5-1-700x700.jpg 700w, https:\/\/loudavymkrokem.cz\/wp-content\/uploads\/2026\/09\/nemecko-clanky-termaly-nemecko-44-2d6e2fb5-1-150x150.jpg 150w, https:\/\/loudavymkrokem.cz\/wp-content\/uploads\/2026\/09\/nemecko-clanky-termaly-nemecko-44-2d6e2fb5-1-768x768.jpg 768w, https:\/\/loudavymkrokem.cz\/wp-content\/uploads\/2026\/09\/nemecko-clanky-termaly-nemecko-44-2d6e2fb5-1-1536x1536.jpg 1536w, https:\/\/loudavymkrokem.cz\/wp-content\/uploads\/2026\/09\/nemecko-clanky-termaly-nemecko-44-2d6e2fb5-1-696x696.jpg 696w, https:\/\/loudavymkrokem.cz\/wp-content\/uploads\/2026\/09\/nemecko-clanky-termaly-nemecko-44-2d6e2fb5-1-1392x1392.jpg 1392w\" sizes=\"(max-width: 1800px) 100vw, 1800px\" \/><button\n\t\t\tclass=\"lightbox-trigger\"\n\t\t\ttype=\"button\"\n\t\t\taria-haspopup=\"dialog\"\n\t\t\tdata-wp-bind--aria-label=\"state.thisImage.triggerButtonAriaLabel\"\n\t\t\tdata-wp-init=\"callbacks.initTriggerButton\"\n\t\t\tdata-wp-on--click=\"actions.showLightbox\"\n\t\t\tdata-wp-style--right=\"state.thisImage.buttonRight\"\n\t\t\tdata-wp-style--top=\"state.thisImage.buttonTop\"\n\t\t>\n\t\t\t<svg xmlns=\"http:\/\/www.w3.org\/2000\/svg\" width=\"12\" height=\"12\" fill=\"none\" viewBox=\"0 0 12 12\">\n\t\t\t\t<path fill=\"#fff\" d=\"M2 0a2 2 0 0 0-2 2v2h1.5V2a.5.5 0 0 1 .5-.5h2V0H2Zm2 10.5H2a.5.5 0 0 1-.5-.5V8H0v2a2 2 0 0 0 2 2h2v-1.5ZM8 12v-1.5h2a.5.5 0 0 0 .5-.5V8H12v2a2 2 0 0 1-2 2H8Zm2-12a2 2 0 0 1 2 2v2h-1.5V2a.5.5 0 0 0-.5-.5H8V0h2Z\" \/>\n\t\t\t<\/svg>\n\t\t<\/button><\/figure>\n\n\n\n<h3 class=\"wp-block-heading\"><span class=\"ez-toc-section\" id=\"36_Odenwald-Therme_Bad_Konig\"><\/span>36. Odenwald-Therme (Bad K\u00f6nig)<span class=\"ez-toc-section-end\"><\/span><\/h3>\n\n\n\n<p class=\"wp-block-paragraph\">Na pitoresca cidadezinha de Bad K\u00f6nig fica a Odenwald-Therme, onde numa \u00e1rea de <strong>mais de 1.300 metros quadrados<\/strong> voc\u00ea encontra um mundo de saunas bem agrad\u00e1vel e piscinas termais. Esse complexo \u00e9 uma \u00f3tima escolha para quem busca uma atmosfera mais intimista e tranquila, sem multid\u00f5es enormes, e vai apreciar a <strong>grande piscina externa<\/strong> para nadar ao ar livre.<\/p>\n\n\n\n<p class=\"wp-block-paragraph\">L\u00e1 dentro te esperam quatro saunas com temperaturas diferentes. A mais quente \u00e9 a <strong>Odenwald-Sauna de 90 \u00b0C<\/strong>, onde acontecem regularmente as populares cerim\u00f4nias de sauna, os chamados Aufg\u00fcsse. Al\u00e9m dela, voc\u00ea pode aquecer o corpo na sauna dos p\u00e1ssaros de 80 \u00b0C, no suave sanarium aquecido a 60 \u00b0C ou no banho de vapor e arom\u00e1tico, que tem tranquilos 40 \u00b0C. Depois voc\u00ea pode descansar nas salas de relaxamento designadas ou se dar ao luxo de um peeling corporal.<\/p>\n\n\n\n<p class=\"wp-block-paragraph\">O ingresso b\u00e1sico para as termas e saunas sai, segundo a tabela de 2026, por <strong>22,50 euros<\/strong>, enquanto o de dia inteiro custa 28,50 euros. O complexo \u00e9 ideal para casais e adultos que querem descansar em paz. <strong>\ud83d\udca1 Dica:<\/strong> se voc\u00ea pedir na gastronomia local um prato quente de pelo menos 4,90 euros, ganha automaticamente uma hora de tempo extra na sua entrada, totalmente de gra\u00e7a.<\/p>\n\n\n\n<figure data-wp-context=\"{&quot;imageId&quot;:&quot;6a9c2d6874657&quot;}\" data-wp-interactive=\"core\/image\" data-wp-key=\"6a9c2d6874657\" class=\"wp-block-image size-full wp-lightbox-container\"><img decoding=\"async\" width=\"1800\" height=\"1200\" data-wp-class--hide=\"state.isContentHidden\" data-wp-class--show=\"state.isContentVisible\" data-wp-init=\"callbacks.setButtonStyles\" data-wp-on--click=\"actions.showLightbox\" data-wp-on--load=\"callbacks.setButtonStyles\" data-wp-on--pointerdown=\"actions.preloadImage\" data-wp-on--pointerenter=\"actions.preloadImageWithDelay\" data-wp-on--pointerleave=\"actions.cancelPreload\" data-wp-on-window--resize=\"callbacks.setButtonStyles\" src=\"https:\/\/loudavymkrokem.cz\/wp-content\/uploads\/2026\/09\/nemecko-clanky-termaly-nemecko-45-cfe756aa.jpg\" alt=\"Pr\u00e9dio do Thermalbad Aukammtal no parque de Wiesbaden\" class=\"wp-image-415508\" title=\"\" srcset=\"https:\/\/loudavymkrokem.cz\/wp-content\/uploads\/2026\/09\/nemecko-clanky-termaly-nemecko-45-cfe756aa.jpg 1800w, https:\/\/loudavymkrokem.cz\/wp-content\/uploads\/2026\/09\/nemecko-clanky-termaly-nemecko-45-cfe756aa-300x200.jpg 300w, https:\/\/loudavymkrokem.cz\/wp-content\/uploads\/2026\/09\/nemecko-clanky-termaly-nemecko-45-cfe756aa-700x467.jpg 700w, https:\/\/loudavymkrokem.cz\/wp-content\/uploads\/2026\/09\/nemecko-clanky-termaly-nemecko-45-cfe756aa-768x512.jpg 768w, https:\/\/loudavymkrokem.cz\/wp-content\/uploads\/2026\/09\/nemecko-clanky-termaly-nemecko-45-cfe756aa-1536x1024.jpg 1536w, https:\/\/loudavymkrokem.cz\/wp-content\/uploads\/2026\/09\/nemecko-clanky-termaly-nemecko-45-cfe756aa-696x464.jpg 696w, https:\/\/loudavymkrokem.cz\/wp-content\/uploads\/2026\/09\/nemecko-clanky-termaly-nemecko-45-cfe756aa-1392x928.jpg 1392w\" sizes=\"(max-width: 1800px) 100vw, 1800px\" \/><button\n\t\t\tclass=\"lightbox-trigger\"\n\t\t\ttype=\"button\"\n\t\t\taria-haspopup=\"dialog\"\n\t\t\tdata-wp-bind--aria-label=\"state.thisImage.triggerButtonAriaLabel\"\n\t\t\tdata-wp-init=\"callbacks.initTriggerButton\"\n\t\t\tdata-wp-on--click=\"actions.showLightbox\"\n\t\t\tdata-wp-style--right=\"state.thisImage.buttonRight\"\n\t\t\tdata-wp-style--top=\"state.thisImage.buttonTop\"\n\t\t>\n\t\t\t<svg xmlns=\"http:\/\/www.w3.org\/2000\/svg\" width=\"12\" height=\"12\" fill=\"none\" viewBox=\"0 0 12 12\">\n\t\t\t\t<path fill=\"#fff\" d=\"M2 0a2 2 0 0 0-2 2v2h1.5V2a.5.5 0 0 1 .5-.5h2V0H2Zm2 10.5H2a.5.5 0 0 1-.5-.5V8H0v2a2 2 0 0 0 2 2h2v-1.5ZM8 12v-1.5h2a.5.5 0 0 0 .5-.5V8H12v2a2 2 0 0 1-2 2H8Zm2-12a2 2 0 0 1 2 2v2h-1.5V2a.5.5 0 0 0-.5-.5H8V0h2Z\" \/>\n\t\t\t<\/svg>\n\t\t<\/button><figcaption class=\"wp-element-caption\">Foto: Renate007 \/ Wikimedia Commons, CC BY-SA 4.0<\/figcaption><\/figure>\n\n\n\n<h3 class=\"wp-block-heading\"><span class=\"ez-toc-section\" id=\"37_Thermalbad_Aukammtal_Wiesbaden\"><\/span>37. Thermalbad Aukammtal (Wiesbaden)<span class=\"ez-toc-section-end\"><\/span><\/h3>\n\n\n\n<p class=\"wp-block-paragraph\">A cidade de Wiesbaden \u00e9 uma joia termal e o Thermalbad Aukammtal \u00e9 um dos motivos para vir para c\u00e1. O complexo fica num lindo ambiente de parque urbano e seu maior atrativo \u00e9 a <strong>\u00e1gua com um teor muito alto de sal<\/strong>. Ela \u00e9 tradicionalmente recomendada para problemas ortop\u00e9dicos e reum\u00e1ticos, ent\u00e3o, se voc\u00ea sofre das articula\u00e7\u00f5es ou das costas, esse lugar vai te fazer bem.<\/p>\n\n\n\n<p class=\"wp-block-paragraph\">A \u00e1gua termal local tem <strong>muito agrad\u00e1veis 32 \u00b0C<\/strong> e voc\u00ea pode aproveit\u00e1-la tanto na piscina interna de 435 metros quadrados quanto na piscina externa de tamanho semelhante, que tem cerca de 450 metros quadrados. Para os f\u00e3s de sauna h\u00e1 uma estrutura com equipamentos variados, onde se escondem quatro saunas internas e tr\u00eas externas.<\/p>\n\n\n\n<p class=\"wp-block-paragraph\">As termas ficam abertas o ano todo, mas o hor\u00e1rio de funcionamento muda um pouco conforme a temporada. Do come\u00e7o de outubro ao fim de abril voc\u00ea pode vir todos os dias das nove da manh\u00e3 \u00e0s dez da noite, sendo que na sexta e no s\u00e1bado fica <strong>aberto at\u00e9 as onze da noite<\/strong>. Na temporada de ver\u00e3o fecha sempre \u00e0s 22h. <strong>\ud83d\udca1 Dica:<\/strong> gra\u00e7as \u00e0 localiza\u00e7\u00e3o bem no parque, no vale Aukammtal, recomendo juntar a visita \u00e0s piscinas com uma longa caminhada \u00e0 tarde pelo verde ao redor.<\/p>\n\n\n\n<figure data-wp-context=\"{&quot;imageId&quot;:&quot;6a9c2d6875505&quot;}\" data-wp-interactive=\"core\/image\" data-wp-key=\"6a9c2d6875505\" class=\"wp-block-image size-full wp-lightbox-container\"><img decoding=\"async\" width=\"1800\" height=\"1350\" data-wp-class--hide=\"state.isContentHidden\" data-wp-class--show=\"state.isContentVisible\" data-wp-init=\"callbacks.setButtonStyles\" data-wp-on--click=\"actions.showLightbox\" data-wp-on--load=\"callbacks.setButtonStyles\" data-wp-on--pointerdown=\"actions.preloadImage\" data-wp-on--pointerenter=\"actions.preloadImageWithDelay\" data-wp-on--pointerleave=\"actions.cancelPreload\" data-wp-on-window--resize=\"callbacks.setButtonStyles\" src=\"https:\/\/loudavymkrokem.cz\/wp-content\/uploads\/2026\/09\/nemecko-clanky-termaly-nemecko-46-fef6372e.jpg\" alt=\"Foyer hist\u00f3rico do Kaiser-Friedrich-Therme em Wiesbaden\" class=\"wp-image-415512\" title=\"\" srcset=\"https:\/\/loudavymkrokem.cz\/wp-content\/uploads\/2026\/09\/nemecko-clanky-termaly-nemecko-46-fef6372e.jpg 1800w, https:\/\/loudavymkrokem.cz\/wp-content\/uploads\/2026\/09\/nemecko-clanky-termaly-nemecko-46-fef6372e-300x225.jpg 300w, https:\/\/loudavymkrokem.cz\/wp-content\/uploads\/2026\/09\/nemecko-clanky-termaly-nemecko-46-fef6372e-700x525.jpg 700w, https:\/\/loudavymkrokem.cz\/wp-content\/uploads\/2026\/09\/nemecko-clanky-termaly-nemecko-46-fef6372e-768x576.jpg 768w, https:\/\/loudavymkrokem.cz\/wp-content\/uploads\/2026\/09\/nemecko-clanky-termaly-nemecko-46-fef6372e-1536x1152.jpg 1536w, https:\/\/loudavymkrokem.cz\/wp-content\/uploads\/2026\/09\/nemecko-clanky-termaly-nemecko-46-fef6372e-80x60.jpg 80w, https:\/\/loudavymkrokem.cz\/wp-content\/uploads\/2026\/09\/nemecko-clanky-termaly-nemecko-46-fef6372e-160x120.jpg 160w, https:\/\/loudavymkrokem.cz\/wp-content\/uploads\/2026\/09\/nemecko-clanky-termaly-nemecko-46-fef6372e-696x522.jpg 696w, https:\/\/loudavymkrokem.cz\/wp-content\/uploads\/2026\/09\/nemecko-clanky-termaly-nemecko-46-fef6372e-1392x1044.jpg 1392w\" sizes=\"(max-width: 1800px) 100vw, 1800px\" \/><button\n\t\t\tclass=\"lightbox-trigger\"\n\t\t\ttype=\"button\"\n\t\t\taria-haspopup=\"dialog\"\n\t\t\tdata-wp-bind--aria-label=\"state.thisImage.triggerButtonAriaLabel\"\n\t\t\tdata-wp-init=\"callbacks.initTriggerButton\"\n\t\t\tdata-wp-on--click=\"actions.showLightbox\"\n\t\t\tdata-wp-style--right=\"state.thisImage.buttonRight\"\n\t\t\tdata-wp-style--top=\"state.thisImage.buttonTop\"\n\t\t>\n\t\t\t<svg xmlns=\"http:\/\/www.w3.org\/2000\/svg\" width=\"12\" height=\"12\" fill=\"none\" viewBox=\"0 0 12 12\">\n\t\t\t\t<path fill=\"#fff\" d=\"M2 0a2 2 0 0 0-2 2v2h1.5V2a.5.5 0 0 1 .5-.5h2V0H2Zm2 10.5H2a.5.5 0 0 1-.5-.5V8H0v2a2 2 0 0 0 2 2h2v-1.5ZM8 12v-1.5h2a.5.5 0 0 0 .5-.5V8H12v2a2 2 0 0 1-2 2H8Zm2-12a2 2 0 0 1 2 2v2h-1.5V2a.5.5 0 0 0-.5-.5H8V0h2Z\" \/>\n\t\t\t<\/svg>\n\t\t<\/button><figcaption class=\"wp-element-caption\">Foto: WiesbAdler \/ Wikimedia Commons, Public domain<\/figcaption><\/figure>\n\n\n\n<h3 class=\"wp-block-heading\"><span class=\"ez-toc-section\" id=\"38_Kaiser-Friedrich-Therme_Wiesbaden\"><\/span>38. Kaiser-Friedrich-Therme (Wiesbaden)<span class=\"ez-toc-section-end\"><\/span><\/h3>\n\n\n\n<p class=\"wp-block-paragraph\">Ficamos em Wiesbaden, mas nos deslocamos para o pr\u00e9dio hist\u00f3rico \u00fanico do Kaiser-Friedrich-Therme. Essas termas foram constru\u00eddas entre 1910 e 1913, segundo projeto do arquiteto August O. Pauly, e <strong>t\u00eam um forte toque de art nouveau<\/strong>. J\u00e1 ao entrar voc\u00ea sente a atmosfera dos velhos tempos e vai se sentir como uma verdadeira aristocracia em descanso.<\/p>\n\n\n\n<p class=\"wp-block-paragraph\">A \u00e1gua termal local \u00e9 quente, sai da fonte <strong>a 64,6 \u00b0C<\/strong>, antes de ser resfriada para os banhos. O cora\u00e7\u00e3o de todo o complexo \u00e9 o lindo banho irland\u00eas-romano com os revestimentos de mosaico originais, que passou em 1999 por uma reforma sens\u00edvel. Hoje voc\u00ea encontra ali, numa \u00e1rea de 1.450 metros quadrados, uma variada paisagem de saunas.<\/p>\n\n\n\n<p class=\"wp-block-paragraph\">Voc\u00ea pode esperar a cl\u00e1ssica sauna finlandesa, tepidarium, sudatorium, sanarium, mas tamb\u00e9m um <strong>banho de vapor russo ou um banho de vapor especial de pedra<\/strong>. O complexo \u00e9 concebido como umas termas hist\u00f3ricas, ent\u00e3o se vem para c\u00e1 primordialmente para uma relaxa\u00e7\u00e3o silenciosa, e para fam\u00edlias com crian\u00e7as pequenas n\u00e3o \u00e9 uma escolha l\u00e1 muito ideal. <strong>\ud83d\udca1 Dica:<\/strong> n\u00e3o deixe de observar de perto os lindos mosaicos hist\u00f3ricos na parte irland\u00eas-romana, que est\u00e3o entre os elementos arquitet\u00f4nicos mais bonitos de todo o Hessen.<\/p>\n\n\n\n<figure data-wp-context=\"{&quot;imageId&quot;:&quot;6a9c2d6875dff&quot;}\" data-wp-interactive=\"core\/image\" data-wp-key=\"6a9c2d6875dff\" class=\"wp-block-image size-full wp-lightbox-container\"><img decoding=\"async\" width=\"1800\" height=\"1012\" data-wp-class--hide=\"state.isContentHidden\" data-wp-class--show=\"state.isContentVisible\" data-wp-init=\"callbacks.setButtonStyles\" data-wp-on--click=\"actions.showLightbox\" data-wp-on--load=\"callbacks.setButtonStyles\" data-wp-on--pointerdown=\"actions.preloadImage\" data-wp-on--pointerenter=\"actions.preloadImageWithDelay\" data-wp-on--pointerleave=\"actions.cancelPreload\" data-wp-on-window--resize=\"callbacks.setButtonStyles\" src=\"https:\/\/loudavymkrokem.cz\/wp-content\/uploads\/2026\/09\/nemecko-clanky-termaly-nemecko-47-57afd95a-1.jpg\" alt=\"Termas Spreewald Therme em Burg ao p\u00f4r do sol\" class=\"wp-image-415371\" title=\"\" srcset=\"https:\/\/loudavymkrokem.cz\/wp-content\/uploads\/2026\/09\/nemecko-clanky-termaly-nemecko-47-57afd95a-1.jpg 1800w, https:\/\/loudavymkrokem.cz\/wp-content\/uploads\/2026\/09\/nemecko-clanky-termaly-nemecko-47-57afd95a-1-300x169.jpg 300w, https:\/\/loudavymkrokem.cz\/wp-content\/uploads\/2026\/09\/nemecko-clanky-termaly-nemecko-47-57afd95a-1-700x394.jpg 700w, https:\/\/loudavymkrokem.cz\/wp-content\/uploads\/2026\/09\/nemecko-clanky-termaly-nemecko-47-57afd95a-1-768x432.jpg 768w, https:\/\/loudavymkrokem.cz\/wp-content\/uploads\/2026\/09\/nemecko-clanky-termaly-nemecko-47-57afd95a-1-1536x864.jpg 1536w, https:\/\/loudavymkrokem.cz\/wp-content\/uploads\/2026\/09\/nemecko-clanky-termaly-nemecko-47-57afd95a-1-696x391.jpg 696w, https:\/\/loudavymkrokem.cz\/wp-content\/uploads\/2026\/09\/nemecko-clanky-termaly-nemecko-47-57afd95a-1-1392x783.jpg 1392w\" sizes=\"(max-width: 1800px) 100vw, 1800px\" \/><button\n\t\t\tclass=\"lightbox-trigger\"\n\t\t\ttype=\"button\"\n\t\t\taria-haspopup=\"dialog\"\n\t\t\tdata-wp-bind--aria-label=\"state.thisImage.triggerButtonAriaLabel\"\n\t\t\tdata-wp-init=\"callbacks.initTriggerButton\"\n\t\t\tdata-wp-on--click=\"actions.showLightbox\"\n\t\t\tdata-wp-style--right=\"state.thisImage.buttonRight\"\n\t\t\tdata-wp-style--top=\"state.thisImage.buttonTop\"\n\t\t>\n\t\t\t<svg xmlns=\"http:\/\/www.w3.org\/2000\/svg\" width=\"12\" height=\"12\" fill=\"none\" viewBox=\"0 0 12 12\">\n\t\t\t\t<path fill=\"#fff\" d=\"M2 0a2 2 0 0 0-2 2v2h1.5V2a.5.5 0 0 1 .5-.5h2V0H2Zm2 10.5H2a.5.5 0 0 1-.5-.5V8H0v2a2 2 0 0 0 2 2h2v-1.5ZM8 12v-1.5h2a.5.5 0 0 0 .5-.5V8H12v2a2 2 0 0 1-2 2H8Zm2-12a2 2 0 0 1 2 2v2h-1.5V2a.5.5 0 0 0-.5-.5H8V0h2Z\" \/>\n\t\t\t<\/svg>\n\t\t<\/button><\/figure>\n\n\n\n<h2 class=\"wp-block-heading\"><span class=\"ez-toc-section\" id=\"Termas_em_Brandemburgo_e_Berlim\"><\/span>Termas em Brandemburgo e Berlim<span class=\"ez-toc-section-end\"><\/span><\/h2>\n\n\n\n<p class=\"wp-block-paragraph\">Se voc\u00ea planeja um fim de semana prolongado na capital alem\u00e3, seria uma pena n\u00e3o parar em algum dos complexos de wellness da regi\u00e3o. Os arredores de Berlim e a vizinha Brandemburgo escondem verdadeiros tesouros, que transformam suas f\u00e9rias urbanas numa experi\u00eancia perfeita de relaxamento. E a rota at\u00e9 aqui, saindo da regi\u00e3o central da Europa, dura apenas cerca de quatro horas, ent\u00e3o d\u00e1 para chegar at\u00e9 para um bate e volta.<\/p>\n\n\n\n<p class=\"wp-block-paragraph\">Voc\u00ea pode esperar uma variedade enorme e complexos lindos. Voc\u00ea encontra aqui a renomada Spreewald com sua salmoura curativa, as bel\u00edssimas Havel Therme situadas bem \u00e0 beira de um lago, ou o famoso berlinense vabali spa, um enorme mundo balin\u00eas de saunas bem no cora\u00e7\u00e3o da capital. As termas da regi\u00e3o servem tanto para uma fuga rom\u00e2ntica a dois quanto para fam\u00edlias com crian\u00e7as que buscam, ap\u00f3s um dia inteiro correndo entre os monumentos, um descanso merecido.<\/p>\n\n\n\n<figure data-wp-context=\"{&quot;imageId&quot;:&quot;6a9c2d687666d&quot;}\" data-wp-interactive=\"core\/image\" data-wp-key=\"6a9c2d687666d\" class=\"wp-block-image size-full wp-lightbox-container\"><img decoding=\"async\" width=\"1800\" height=\"1200\" data-wp-class--hide=\"state.isContentHidden\" data-wp-class--show=\"state.isContentVisible\" data-wp-init=\"callbacks.setButtonStyles\" data-wp-on--click=\"actions.showLightbox\" data-wp-on--load=\"callbacks.setButtonStyles\" data-wp-on--pointerdown=\"actions.preloadImage\" data-wp-on--pointerenter=\"actions.preloadImageWithDelay\" data-wp-on--pointerleave=\"actions.cancelPreload\" data-wp-on-window--resize=\"callbacks.setButtonStyles\" src=\"https:\/\/loudavymkrokem.cz\/wp-content\/uploads\/2026\/09\/nemecko-clanky-termaly-nemecko-48-a26adcb0-1.jpg\" alt=\"Havel Therme (Werder an der Havel)\" class=\"wp-image-415374\" title=\"\" srcset=\"https:\/\/loudavymkrokem.cz\/wp-content\/uploads\/2026\/09\/nemecko-clanky-termaly-nemecko-48-a26adcb0-1.jpg 1800w, https:\/\/loudavymkrokem.cz\/wp-content\/uploads\/2026\/09\/nemecko-clanky-termaly-nemecko-48-a26adcb0-1-300x200.jpg 300w, https:\/\/loudavymkrokem.cz\/wp-content\/uploads\/2026\/09\/nemecko-clanky-termaly-nemecko-48-a26adcb0-1-700x467.jpg 700w, https:\/\/loudavymkrokem.cz\/wp-content\/uploads\/2026\/09\/nemecko-clanky-termaly-nemecko-48-a26adcb0-1-768x512.jpg 768w, https:\/\/loudavymkrokem.cz\/wp-content\/uploads\/2026\/09\/nemecko-clanky-termaly-nemecko-48-a26adcb0-1-1536x1024.jpg 1536w, https:\/\/loudavymkrokem.cz\/wp-content\/uploads\/2026\/09\/nemecko-clanky-termaly-nemecko-48-a26adcb0-1-696x464.jpg 696w, https:\/\/loudavymkrokem.cz\/wp-content\/uploads\/2026\/09\/nemecko-clanky-termaly-nemecko-48-a26adcb0-1-1392x928.jpg 1392w\" sizes=\"(max-width: 1800px) 100vw, 1800px\" \/><button\n\t\t\tclass=\"lightbox-trigger\"\n\t\t\ttype=\"button\"\n\t\t\taria-haspopup=\"dialog\"\n\t\t\tdata-wp-bind--aria-label=\"state.thisImage.triggerButtonAriaLabel\"\n\t\t\tdata-wp-init=\"callbacks.initTriggerButton\"\n\t\t\tdata-wp-on--click=\"actions.showLightbox\"\n\t\t\tdata-wp-style--right=\"state.thisImage.buttonRight\"\n\t\t\tdata-wp-style--top=\"state.thisImage.buttonTop\"\n\t\t>\n\t\t\t<svg xmlns=\"http:\/\/www.w3.org\/2000\/svg\" width=\"12\" height=\"12\" fill=\"none\" viewBox=\"0 0 12 12\">\n\t\t\t\t<path fill=\"#fff\" d=\"M2 0a2 2 0 0 0-2 2v2h1.5V2a.5.5 0 0 1 .5-.5h2V0H2Zm2 10.5H2a.5.5 0 0 1-.5-.5V8H0v2a2 2 0 0 0 2 2h2v-1.5ZM8 12v-1.5h2a.5.5 0 0 0 .5-.5V8H12v2a2 2 0 0 1-2 2H8Zm2-12a2 2 0 0 1 2 2v2h-1.5V2a.5.5 0 0 0-.5-.5H8V0h2Z\" \/>\n\t\t\t<\/svg>\n\t\t<\/button><\/figure>\n\n\n\n<h3 class=\"wp-block-heading\"><span class=\"ez-toc-section\" id=\"39_Havel_Therme_Werder_an_der_Havel\"><\/span>39. Havel Therme (Werder an der Havel)<span class=\"ez-toc-section-end\"><\/span><\/h3>\n\n\n\n<p class=\"wp-block-paragraph\">Logo al\u00e9m dos limites de Berlim, na cidadezinha de Werder, ficam as <strong>Havel Therme<\/strong>, que v\u00e3o te encantar com sua bel\u00edssima localiza\u00e7\u00e3o. O atrativo \u00e9 principalmente a <strong>piscina interna com pool bar e temperatura de 36 \u00b0C<\/strong>, onde voc\u00ea pode saborear um drinque direto na \u00e1gua. Todo o complexo \u00e9 concebido num lindo estilo mediterr\u00e2neo e se realizam aqui principalmente os visitantes adultos que buscam sossego e relaxa\u00e7\u00e3o ap\u00f3s um dia puxado.<\/p>\n\n\n\n<p class=\"wp-block-paragraph\">As piscinas locais oferecem muito espa\u00e7o para descansar dentro e fora. Fa\u00e7a o tempo que fizer, voc\u00ea pode mergulhar na grande <strong>piscina termal externa de 235 m\u00b2 com temperatura de 34 \u00b0C<\/strong>. Se voc\u00ea ama o calor, n\u00e3o pule tamb\u00e9m os banhos de vapor, onde te esperam agrad\u00e1veis 45 \u00b0C, ou o banho especial de 43 \u00b0C destinado a peelings regeneradores e tratamentos com lama curativa.<\/p>\n\n\n\n<p class=\"wp-block-paragraph\">Para os amantes da sauna h\u00e1 um amplo mundo de saunas. No meio do jardim de saunas mediterr\u00e2neo voc\u00ea encontra uma <strong>piscina panor\u00e2mica externa com \u00e1gua quente de 34 \u00b0C<\/strong>, na qual, por\u00e9m, se entra rigorosamente sem roupa de banho. <strong>\ud83d\udca1 Dica:<\/strong> na parte das saunas vale uma zona rigorosa sem roupa de banho, ent\u00e3o n\u00e3o esque\u00e7a de levar toalhas suficientes ou um roup\u00e3o, para se sentir confort\u00e1vel ao transitar entre os tratamentos.<\/p>\n\n\n\n<figure data-wp-context=\"{&quot;imageId&quot;:&quot;6a9c2d6876d76&quot;}\" data-wp-interactive=\"core\/image\" data-wp-key=\"6a9c2d6876d76\" class=\"wp-block-image size-full wp-lightbox-container\"><img decoding=\"async\" width=\"1800\" height=\"1199\" data-wp-class--hide=\"state.isContentHidden\" data-wp-class--show=\"state.isContentVisible\" data-wp-init=\"callbacks.setButtonStyles\" data-wp-on--click=\"actions.showLightbox\" data-wp-on--load=\"callbacks.setButtonStyles\" data-wp-on--pointerdown=\"actions.preloadImage\" data-wp-on--pointerenter=\"actions.preloadImageWithDelay\" data-wp-on--pointerleave=\"actions.cancelPreload\" data-wp-on-window--resize=\"callbacks.setButtonStyles\" src=\"https:\/\/loudavymkrokem.cz\/wp-content\/uploads\/2026\/09\/nemecko-clanky-termaly-nemecko-49-71f9a6ee-1.jpg\" alt=\"Spreewald Therme (Burg)\" class=\"wp-image-415377\" title=\"\" srcset=\"https:\/\/loudavymkrokem.cz\/wp-content\/uploads\/2026\/09\/nemecko-clanky-termaly-nemecko-49-71f9a6ee-1.jpg 1800w, https:\/\/loudavymkrokem.cz\/wp-content\/uploads\/2026\/09\/nemecko-clanky-termaly-nemecko-49-71f9a6ee-1-300x200.jpg 300w, https:\/\/loudavymkrokem.cz\/wp-content\/uploads\/2026\/09\/nemecko-clanky-termaly-nemecko-49-71f9a6ee-1-700x466.jpg 700w, https:\/\/loudavymkrokem.cz\/wp-content\/uploads\/2026\/09\/nemecko-clanky-termaly-nemecko-49-71f9a6ee-1-768x512.jpg 768w, https:\/\/loudavymkrokem.cz\/wp-content\/uploads\/2026\/09\/nemecko-clanky-termaly-nemecko-49-71f9a6ee-1-1536x1023.jpg 1536w, https:\/\/loudavymkrokem.cz\/wp-content\/uploads\/2026\/09\/nemecko-clanky-termaly-nemecko-49-71f9a6ee-1-696x464.jpg 696w, https:\/\/loudavymkrokem.cz\/wp-content\/uploads\/2026\/09\/nemecko-clanky-termaly-nemecko-49-71f9a6ee-1-1392x927.jpg 1392w\" sizes=\"(max-width: 1800px) 100vw, 1800px\" \/><button\n\t\t\tclass=\"lightbox-trigger\"\n\t\t\ttype=\"button\"\n\t\t\taria-haspopup=\"dialog\"\n\t\t\tdata-wp-bind--aria-label=\"state.thisImage.triggerButtonAriaLabel\"\n\t\t\tdata-wp-init=\"callbacks.initTriggerButton\"\n\t\t\tdata-wp-on--click=\"actions.showLightbox\"\n\t\t\tdata-wp-style--right=\"state.thisImage.buttonRight\"\n\t\t\tdata-wp-style--top=\"state.thisImage.buttonTop\"\n\t\t>\n\t\t\t<svg xmlns=\"http:\/\/www.w3.org\/2000\/svg\" width=\"12\" height=\"12\" fill=\"none\" viewBox=\"0 0 12 12\">\n\t\t\t\t<path fill=\"#fff\" d=\"M2 0a2 2 0 0 0-2 2v2h1.5V2a.5.5 0 0 1 .5-.5h2V0H2Zm2 10.5H2a.5.5 0 0 1-.5-.5V8H0v2a2 2 0 0 0 2 2h2v-1.5ZM8 12v-1.5h2a.5.5 0 0 0 .5-.5V8H12v2a2 2 0 0 1-2 2H8Zm2-12a2 2 0 0 1 2 2v2h-1.5V2a.5.5 0 0 0-.5-.5H8V0h2Z\" \/>\n\t\t\t<\/svg>\n\t\t<\/button><\/figure>\n\n\n\n<h3 class=\"wp-block-heading\"><span class=\"ez-toc-section\" id=\"40_Spreewald_Therme_Burg\"><\/span>40. Spreewald Therme (Burg)<span class=\"ez-toc-section-end\"><\/span><\/h3>\n\n\n\n<p class=\"wp-block-paragraph\">Se voc\u00ea segue rumo \u00e0 encantadora regi\u00e3o cheia de canais d&#8217;\u00e1gua, n\u00e3o pule a <strong>Spreewald Therme<\/strong>, no povoado de Burg. Esse complexo se destaca principalmente pela <strong>salmoura termal curativa<\/strong>, que tem nas diferentes piscinas concentra\u00e7\u00e3o de 2,5% a respeit\u00e1veis 8%. \u00c9 o lugar ideal para todos que querem juntar passeios pela pitoresca natureza com o cuidado da sa\u00fade e das vias respirat\u00f3rias.<\/p>\n\n\n\n<p class=\"wp-block-paragraph\">L\u00e1 dentro te esperam v\u00e1rias piscinas com temperaturas diferentes, ent\u00e3o cada um encontra exatamente a sua. Voc\u00ea pode se aquecer nas piscinas com temperatura <strong>de 34 \u00b0C a lindos e quentes 38 \u00b0C<\/strong>, ou, ao contr\u00e1rio, se refrescar na piscina fria, que tem apenas 18 \u00b0C. Se voc\u00ea gosta de experimentar algo novo, vai gostar da sauna de vapor local, onde a 47 \u00b0C se mant\u00e9m 100% de umidade do ar.<\/p>\n\n\n\n<p class=\"wp-block-paragraph\">Segundo a tabela de 2026, o ingresso b\u00e1sico de duas horas para as piscinas sai por 21 \u20ac, enquanto o <strong>ingresso combinado com as saunas custa 27 \u20ac<\/strong>. Nos fins de semana e feriados conte com um acr\u00e9scimo de 2 \u20ac e voc\u00ea tamb\u00e9m pode alugar um roup\u00e3o por 7 \u20ac ou reservar uma espregui\u00e7adeira por 7,50 \u20ac. <strong>\ud83d\udca1 Dica:<\/strong> se voc\u00ea pretende usar o transporte local Cottbusverkehr, pergunte pelo Wellnessticket especial, que para adulto sai por 23 \u20ac e para crian\u00e7as de at\u00e9 doze anos por 17 \u20ac.<\/p>\n\n\n\n<figure data-wp-context=\"{&quot;imageId&quot;:&quot;6a9c2d687759c&quot;}\" data-wp-interactive=\"core\/image\" data-wp-key=\"6a9c2d687759c\" class=\"wp-block-image size-full wp-lightbox-container\"><img decoding=\"async\" width=\"1800\" height=\"881\" data-wp-class--hide=\"state.isContentHidden\" data-wp-class--show=\"state.isContentVisible\" data-wp-init=\"callbacks.setButtonStyles\" data-wp-on--click=\"actions.showLightbox\" data-wp-on--load=\"callbacks.setButtonStyles\" data-wp-on--pointerdown=\"actions.preloadImage\" data-wp-on--pointerenter=\"actions.preloadImageWithDelay\" data-wp-on--pointerleave=\"actions.cancelPreload\" data-wp-on-window--resize=\"callbacks.setButtonStyles\" src=\"https:\/\/loudavymkrokem.cz\/wp-content\/uploads\/2026\/09\/nemecko-clanky-termaly-nemecko-50-ecf98ec5-1.jpg\" alt=\"NaturThermeTemplin (Templin): \u00e1rea de saunas\" class=\"wp-image-415380\" title=\"\" srcset=\"https:\/\/loudavymkrokem.cz\/wp-content\/uploads\/2026\/09\/nemecko-clanky-termaly-nemecko-50-ecf98ec5-1.jpg 1800w, https:\/\/loudavymkrokem.cz\/wp-content\/uploads\/2026\/09\/nemecko-clanky-termaly-nemecko-50-ecf98ec5-1-300x147.jpg 300w, https:\/\/loudavymkrokem.cz\/wp-content\/uploads\/2026\/09\/nemecko-clanky-termaly-nemecko-50-ecf98ec5-1-700x343.jpg 700w, https:\/\/loudavymkrokem.cz\/wp-content\/uploads\/2026\/09\/nemecko-clanky-termaly-nemecko-50-ecf98ec5-1-768x376.jpg 768w, https:\/\/loudavymkrokem.cz\/wp-content\/uploads\/2026\/09\/nemecko-clanky-termaly-nemecko-50-ecf98ec5-1-1536x752.jpg 1536w, https:\/\/loudavymkrokem.cz\/wp-content\/uploads\/2026\/09\/nemecko-clanky-termaly-nemecko-50-ecf98ec5-1-696x341.jpg 696w, https:\/\/loudavymkrokem.cz\/wp-content\/uploads\/2026\/09\/nemecko-clanky-termaly-nemecko-50-ecf98ec5-1-1392x681.jpg 1392w\" sizes=\"(max-width: 1800px) 100vw, 1800px\" \/><button\n\t\t\tclass=\"lightbox-trigger\"\n\t\t\ttype=\"button\"\n\t\t\taria-haspopup=\"dialog\"\n\t\t\tdata-wp-bind--aria-label=\"state.thisImage.triggerButtonAriaLabel\"\n\t\t\tdata-wp-init=\"callbacks.initTriggerButton\"\n\t\t\tdata-wp-on--click=\"actions.showLightbox\"\n\t\t\tdata-wp-style--right=\"state.thisImage.buttonRight\"\n\t\t\tdata-wp-style--top=\"state.thisImage.buttonTop\"\n\t\t>\n\t\t\t<svg xmlns=\"http:\/\/www.w3.org\/2000\/svg\" width=\"12\" height=\"12\" fill=\"none\" viewBox=\"0 0 12 12\">\n\t\t\t\t<path fill=\"#fff\" d=\"M2 0a2 2 0 0 0-2 2v2h1.5V2a.5.5 0 0 1 .5-.5h2V0H2Zm2 10.5H2a.5.5 0 0 1-.5-.5V8H0v2a2 2 0 0 0 2 2h2v-1.5ZM8 12v-1.5h2a.5.5 0 0 0 .5-.5V8H12v2a2 2 0 0 1-2 2H8Zm2-12a2 2 0 0 1 2 2v2h-1.5V2a.5.5 0 0 0-.5-.5H8V0h2Z\" \/>\n\t\t\t<\/svg>\n\t\t<\/button><\/figure>\n\n\n\n<h3 class=\"wp-block-heading\"><span class=\"ez-toc-section\" id=\"41_NaturThermeTemplin_Templin\"><\/span>41. NaturThermeTemplin (Templin)<span class=\"ez-toc-section-end\"><\/span><\/h3>\n\n\n\n<p class=\"wp-block-paragraph\">Na parte nordeste de Brandemburgo, atrai \u00e0 visita a <strong>NaturThermeTemplin<\/strong>, um popular complexo termal e de lazer no meio das florestas de Uckermark. O principal atrativo \u00e9 a <strong>salmoura termal local com concentra\u00e7\u00e3o de 1 a 6%<\/strong>, que brota das profundezas da terra e atinge agrad\u00e1veis temperaturas de 30 a 36 \u00b0C. \u00c9 uma \u00f3tima escolha para fam\u00edlias e casais, porque o complexo combina o termalismo tranquilo com um descanso mais ativo.<\/p>\n\n\n\n<p class=\"wp-block-paragraph\">A \u00e1gua da fonte local cumpre crit\u00e9rios rigorosos para a designa\u00e7\u00e3o de \u00e1gua termal curativa, porque j\u00e1 no pr\u00f3prio afloramento tem temperatura superior a 20 \u00b0C. Ap\u00f3s o tratamento posterior, voc\u00ea pode aproveitar os <strong>efeitos ben\u00e9ficos da \u00e1gua salgada quente<\/strong>, que sustenta lindamente e relaxa os m\u00fasculos cansados. No complexo d\u00e1 para passar tranquilamente o dia inteiro, porque ele oferece espa\u00e7o suficiente para nadar, relaxar e se aquecer.<\/p>\n\n\n\n<p class=\"wp-block-paragraph\">A tabela de 2026 indica que pela passagem ao mundo de saunas voc\u00ea paga um <strong>acr\u00e9scimo \u00fanico de 4 \u20ac<\/strong>. Se voc\u00ea vier num fim de semana ou feriado, conte ainda com um acr\u00e9scimo de fim de semana de 3 \u20ac, que se aplica, por\u00e9m, apenas aos visitantes adultos. <strong>\ud83d\udca1 Dica:<\/strong> acompanhe com aten\u00e7\u00e3o a previs\u00e3o do tempo, porque, se os meteorologistas anunciam 25 \u00b0C ou mais, vale nas termas uma tarifa de ver\u00e3o mais vantajosa.<\/p>\n\n\n\n<figure data-wp-context=\"{&quot;imageId&quot;:&quot;6a9c2d6877d0d&quot;}\" data-wp-interactive=\"core\/image\" data-wp-key=\"6a9c2d6877d0d\" class=\"wp-block-image size-full wp-lightbox-container\"><img decoding=\"async\" width=\"1800\" height=\"900\" data-wp-class--hide=\"state.isContentHidden\" data-wp-class--show=\"state.isContentVisible\" data-wp-init=\"callbacks.setButtonStyles\" data-wp-on--click=\"actions.showLightbox\" data-wp-on--load=\"callbacks.setButtonStyles\" data-wp-on--pointerdown=\"actions.preloadImage\" data-wp-on--pointerenter=\"actions.preloadImageWithDelay\" data-wp-on--pointerleave=\"actions.cancelPreload\" data-wp-on-window--resize=\"callbacks.setButtonStyles\" src=\"https:\/\/loudavymkrokem.cz\/wp-content\/uploads\/2026\/09\/nemecko-clanky-termaly-nemecko-51-a4b55ee4-1.jpg\" alt=\"\u00c1rea de saunas do Spreewelten Bad em L\u00fcbbenau\" class=\"wp-image-415385\" title=\"\" srcset=\"https:\/\/loudavymkrokem.cz\/wp-content\/uploads\/2026\/09\/nemecko-clanky-termaly-nemecko-51-a4b55ee4-1.jpg 1800w, https:\/\/loudavymkrokem.cz\/wp-content\/uploads\/2026\/09\/nemecko-clanky-termaly-nemecko-51-a4b55ee4-1-300x150.jpg 300w, https:\/\/loudavymkrokem.cz\/wp-content\/uploads\/2026\/09\/nemecko-clanky-termaly-nemecko-51-a4b55ee4-1-700x350.jpg 700w, https:\/\/loudavymkrokem.cz\/wp-content\/uploads\/2026\/09\/nemecko-clanky-termaly-nemecko-51-a4b55ee4-1-768x384.jpg 768w, https:\/\/loudavymkrokem.cz\/wp-content\/uploads\/2026\/09\/nemecko-clanky-termaly-nemecko-51-a4b55ee4-1-1536x768.jpg 1536w, https:\/\/loudavymkrokem.cz\/wp-content\/uploads\/2026\/09\/nemecko-clanky-termaly-nemecko-51-a4b55ee4-1-696x348.jpg 696w, https:\/\/loudavymkrokem.cz\/wp-content\/uploads\/2026\/09\/nemecko-clanky-termaly-nemecko-51-a4b55ee4-1-1392x696.jpg 1392w\" sizes=\"(max-width: 1800px) 100vw, 1800px\" \/><button\n\t\t\tclass=\"lightbox-trigger\"\n\t\t\ttype=\"button\"\n\t\t\taria-haspopup=\"dialog\"\n\t\t\tdata-wp-bind--aria-label=\"state.thisImage.triggerButtonAriaLabel\"\n\t\t\tdata-wp-init=\"callbacks.initTriggerButton\"\n\t\t\tdata-wp-on--click=\"actions.showLightbox\"\n\t\t\tdata-wp-style--right=\"state.thisImage.buttonRight\"\n\t\t\tdata-wp-style--top=\"state.thisImage.buttonTop\"\n\t\t>\n\t\t\t<svg xmlns=\"http:\/\/www.w3.org\/2000\/svg\" width=\"12\" height=\"12\" fill=\"none\" viewBox=\"0 0 12 12\">\n\t\t\t\t<path fill=\"#fff\" d=\"M2 0a2 2 0 0 0-2 2v2h1.5V2a.5.5 0 0 1 .5-.5h2V0H2Zm2 10.5H2a.5.5 0 0 1-.5-.5V8H0v2a2 2 0 0 0 2 2h2v-1.5ZM8 12v-1.5h2a.5.5 0 0 0 .5-.5V8H12v2a2 2 0 0 1-2 2H8Zm2-12a2 2 0 0 1 2 2v2h-1.5V2a.5.5 0 0 0-.5-.5H8V0h2Z\" \/>\n\t\t\t<\/svg>\n\t\t<\/button><\/figure>\n\n\n\n<h3 class=\"wp-block-heading\"><span class=\"ez-toc-section\" id=\"42_Spreewelten_Bad_Lubbenau_Lubbenau\"><\/span>42. Spreewelten Bad L\u00fcbbenau (L\u00fcbbenau)<span class=\"ez-toc-section-end\"><\/span><\/h3>\n\n\n\n<p class=\"wp-block-paragraph\">Essa \u00e9 a termas mais original de todo o panorama, porque os pr\u00f3prios operadores dizem de si mesmos: <strong>&#8220;somos os dos pinguins&#8221;<\/strong>. No complexo de L\u00fcbbenau a piscina fica ao lado de um recinto de pinguins, separado apenas por paredes de vidro, ent\u00e3o ao nadar voc\u00ea tem essas aves bem ao alcance da m\u00e3o. Para fam\u00edlias com crian\u00e7as \u00e9 uma experi\u00eancia que n\u00e3o d\u00e1 para repetir em nenhum outro lugar da Alemanha.<\/p>\n\n\n\n<p class=\"wp-block-paragraph\">Em torno dos pinguins gira todo um programa: realiza-se uma <strong>alimenta\u00e7\u00e3o comentada e uma visita VIP ao recinto<\/strong> e as crian\u00e7as menores t\u00eam seu Pingu Kids Club. Al\u00e9m da piscina de experi\u00eancias e do tobo\u00e1gua, funciona ali tamb\u00e9m um completo mundo de saunas com uma varia\u00e7\u00e3o bem ampla de temperaturas, ent\u00e3o os adultos n\u00e3o saem no preju\u00edzo. Faz parte do complexo tamb\u00e9m um hotel pr\u00f3prio com wellness, caso voc\u00ea queira passar a noite.<\/p>\n\n\n\n<p class=\"wp-block-paragraph\">Voc\u00ea pode escolher desde proh\u0159\u00edv\u00e1ren amenas de <strong>40 a 50 \u00b0C<\/strong>, passando pelas saunas mornas de 60, 70 e 80 \u00b0C, at\u00e9 as verdadeiras infernais de 85 e <strong>95 \u00b0C<\/strong>. Ao mundo de saunas as crian\u00e7as s\u00f3 entram a partir dos 7 anos e a entrada delas de dia inteiro custa 8 euros. <strong>\ud83d\udca1 Dica:<\/strong> se voc\u00ea quer ver os pinguins ativos, planeje a visita para o hor\u00e1rio de alimenta\u00e7\u00e3o, que o operador publica em seu site.<\/p>\n\n\n\n<figure data-wp-context=\"{&quot;imageId&quot;:&quot;6a9c2d6878466&quot;}\" data-wp-interactive=\"core\/image\" data-wp-key=\"6a9c2d6878466\" class=\"wp-block-image size-full wp-lightbox-container\"><img decoding=\"async\" width=\"1800\" height=\"852\" data-wp-class--hide=\"state.isContentHidden\" data-wp-class--show=\"state.isContentVisible\" data-wp-init=\"callbacks.setButtonStyles\" data-wp-on--click=\"actions.showLightbox\" data-wp-on--load=\"callbacks.setButtonStyles\" data-wp-on--pointerdown=\"actions.preloadImage\" data-wp-on--pointerenter=\"actions.preloadImageWithDelay\" data-wp-on--pointerleave=\"actions.cancelPreload\" data-wp-on-window--resize=\"callbacks.setButtonStyles\" src=\"https:\/\/loudavymkrokem.cz\/wp-content\/uploads\/2026\/09\/nemecko-clanky-termaly-nemecko-52-6414cd66.jpg\" alt=\"Lago salgado externo da Kristalltherme em Bad Wilsnack\" class=\"wp-image-415515\" title=\"\" srcset=\"https:\/\/loudavymkrokem.cz\/wp-content\/uploads\/2026\/09\/nemecko-clanky-termaly-nemecko-52-6414cd66.jpg 1800w, https:\/\/loudavymkrokem.cz\/wp-content\/uploads\/2026\/09\/nemecko-clanky-termaly-nemecko-52-6414cd66-300x142.jpg 300w, https:\/\/loudavymkrokem.cz\/wp-content\/uploads\/2026\/09\/nemecko-clanky-termaly-nemecko-52-6414cd66-700x331.jpg 700w, https:\/\/loudavymkrokem.cz\/wp-content\/uploads\/2026\/09\/nemecko-clanky-termaly-nemecko-52-6414cd66-768x364.jpg 768w, https:\/\/loudavymkrokem.cz\/wp-content\/uploads\/2026\/09\/nemecko-clanky-termaly-nemecko-52-6414cd66-1536x727.jpg 1536w, https:\/\/loudavymkrokem.cz\/wp-content\/uploads\/2026\/09\/nemecko-clanky-termaly-nemecko-52-6414cd66-696x329.jpg 696w, https:\/\/loudavymkrokem.cz\/wp-content\/uploads\/2026\/09\/nemecko-clanky-termaly-nemecko-52-6414cd66-1392x659.jpg 1392w\" sizes=\"(max-width: 1800px) 100vw, 1800px\" \/><button\n\t\t\tclass=\"lightbox-trigger\"\n\t\t\ttype=\"button\"\n\t\t\taria-haspopup=\"dialog\"\n\t\t\tdata-wp-bind--aria-label=\"state.thisImage.triggerButtonAriaLabel\"\n\t\t\tdata-wp-init=\"callbacks.initTriggerButton\"\n\t\t\tdata-wp-on--click=\"actions.showLightbox\"\n\t\t\tdata-wp-style--right=\"state.thisImage.buttonRight\"\n\t\t\tdata-wp-style--top=\"state.thisImage.buttonTop\"\n\t\t>\n\t\t\t<svg xmlns=\"http:\/\/www.w3.org\/2000\/svg\" width=\"12\" height=\"12\" fill=\"none\" viewBox=\"0 0 12 12\">\n\t\t\t\t<path fill=\"#fff\" d=\"M2 0a2 2 0 0 0-2 2v2h1.5V2a.5.5 0 0 1 .5-.5h2V0H2Zm2 10.5H2a.5.5 0 0 1-.5-.5V8H0v2a2 2 0 0 0 2 2h2v-1.5ZM8 12v-1.5h2a.5.5 0 0 0 .5-.5V8H12v2a2 2 0 0 1-2 2H8Zm2-12a2 2 0 0 1 2 2v2h-1.5V2a.5.5 0 0 0-.5-.5H8V0h2Z\" \/>\n\t\t\t<\/svg>\n\t\t<\/button><\/figure>\n\n\n\n<h3 class=\"wp-block-heading\"><span class=\"ez-toc-section\" id=\"43_Kristalltherme_Bad_Wilsnack_Bad_Wilsnack\"><\/span>43. Kristalltherme Bad Wilsnack (Bad Wilsnack)<span class=\"ez-toc-section-end\"><\/span><\/h3>\n\n\n\n<p class=\"wp-block-paragraph\">Um enorme complexo de quase 12.000 m\u00b2 oferece a renomada <strong>Kristalltherme Bad Wilsnack<\/strong>. Seu orgulho absoluto \u00e9 a fonte termal pr\u00f3pria, extra\u00edda de uma respeit\u00e1vel profundidade de 1.018 metros e que jorra \u00e0 superf\u00edcie a 39 \u00b0C. A <strong>\u00e1gua cont\u00e9m grande quantidade de ferro e iodo<\/strong> e, gra\u00e7as \u00e0 concentra\u00e7\u00e3o de sal de 1,5% a 24%, voc\u00ea literalmente se banha em sa\u00fade.<\/p>\n\n\n\n<p class=\"wp-block-paragraph\">Voc\u00ea encontra ali uma piscina com concentra\u00e7\u00e3o de sal de 24% e temperatura de 32 \u00b0C, na qual vai flutuar como no Mar Morto. As outras piscinas com \u00e1gua curativa costumam ter agrad\u00e1veis 34 a 36 \u00b0C, e os minerais nelas funcionam como um <strong>peeling natural para amaciar a pele<\/strong>. Na \u00e1gua de 34 graus com teor de sal mais baixo acontecem inclusive exerc\u00edcios regulares sob orienta\u00e7\u00e3o de treinadores experientes.<\/p>\n\n\n\n<p class=\"wp-block-paragraph\">Voc\u00ea pode se aquecer em um total de 8 saunas tem\u00e1ticas com temperaturas de 70 a 100 \u00b0C, tr\u00eas internas e cinco externas. Segundo a tabela de 2026, voc\u00ea paga pelo <strong>acr\u00e9scimo de sauna ao ingresso de dia inteiro 5,50 \u20ac<\/strong>, sendo que crian\u00e7as de at\u00e9 6 anos pagam 4,50 \u20ac. <strong>\ud83d\udca1 Dica:<\/strong> se voc\u00ea n\u00e3o quer carregar uma bolsa cheia de pe\u00e7as de tecido, pode alugar no local uma toalha por 5 \u20ac ou um roup\u00e3o por 7 \u20ac, s\u00f3 prepare mais 15 \u20ac para a cau\u00e7\u00e3o reembols\u00e1vel.<\/p>\n\n\n\n<figure data-wp-context=\"{&quot;imageId&quot;:&quot;6a9c2d68789f2&quot;}\" data-wp-interactive=\"core\/image\" data-wp-key=\"6a9c2d68789f2\" class=\"wp-block-image size-full wp-lightbox-container\"><img decoding=\"async\" width=\"1800\" height=\"1199\" data-wp-class--hide=\"state.isContentHidden\" data-wp-class--show=\"state.isContentVisible\" data-wp-init=\"callbacks.setButtonStyles\" data-wp-on--click=\"actions.showLightbox\" data-wp-on--load=\"callbacks.setButtonStyles\" data-wp-on--pointerdown=\"actions.preloadImage\" data-wp-on--pointerenter=\"actions.preloadImageWithDelay\" data-wp-on--pointerleave=\"actions.cancelPreload\" data-wp-on-window--resize=\"callbacks.setButtonStyles\" src=\"https:\/\/loudavymkrokem.cz\/wp-content\/uploads\/2026\/09\/nemecko-clanky-termaly-nemecko-53-7b17d971-1.jpg\" alt=\"vabali spa Berlin (Berlim)\" class=\"wp-image-415394\" title=\"\" srcset=\"https:\/\/loudavymkrokem.cz\/wp-content\/uploads\/2026\/09\/nemecko-clanky-termaly-nemecko-53-7b17d971-1.jpg 1800w, https:\/\/loudavymkrokem.cz\/wp-content\/uploads\/2026\/09\/nemecko-clanky-termaly-nemecko-53-7b17d971-1-300x200.jpg 300w, https:\/\/loudavymkrokem.cz\/wp-content\/uploads\/2026\/09\/nemecko-clanky-termaly-nemecko-53-7b17d971-1-700x466.jpg 700w, https:\/\/loudavymkrokem.cz\/wp-content\/uploads\/2026\/09\/nemecko-clanky-termaly-nemecko-53-7b17d971-1-768x512.jpg 768w, https:\/\/loudavymkrokem.cz\/wp-content\/uploads\/2026\/09\/nemecko-clanky-termaly-nemecko-53-7b17d971-1-1536x1023.jpg 1536w, https:\/\/loudavymkrokem.cz\/wp-content\/uploads\/2026\/09\/nemecko-clanky-termaly-nemecko-53-7b17d971-1-696x464.jpg 696w, https:\/\/loudavymkrokem.cz\/wp-content\/uploads\/2026\/09\/nemecko-clanky-termaly-nemecko-53-7b17d971-1-1392x927.jpg 1392w\" sizes=\"(max-width: 1800px) 100vw, 1800px\" \/><button\n\t\t\tclass=\"lightbox-trigger\"\n\t\t\ttype=\"button\"\n\t\t\taria-haspopup=\"dialog\"\n\t\t\tdata-wp-bind--aria-label=\"state.thisImage.triggerButtonAriaLabel\"\n\t\t\tdata-wp-init=\"callbacks.initTriggerButton\"\n\t\t\tdata-wp-on--click=\"actions.showLightbox\"\n\t\t\tdata-wp-style--right=\"state.thisImage.buttonRight\"\n\t\t\tdata-wp-style--top=\"state.thisImage.buttonTop\"\n\t\t>\n\t\t\t<svg xmlns=\"http:\/\/www.w3.org\/2000\/svg\" width=\"12\" height=\"12\" fill=\"none\" viewBox=\"0 0 12 12\">\n\t\t\t\t<path fill=\"#fff\" d=\"M2 0a2 2 0 0 0-2 2v2h1.5V2a.5.5 0 0 1 .5-.5h2V0H2Zm2 10.5H2a.5.5 0 0 1-.5-.5V8H0v2a2 2 0 0 0 2 2h2v-1.5ZM8 12v-1.5h2a.5.5 0 0 0 .5-.5V8H12v2a2 2 0 0 1-2 2H8Zm2-12a2 2 0 0 1 2 2v2h-1.5V2a.5.5 0 0 0-.5-.5H8V0h2Z\" \/>\n\t\t\t<\/svg>\n\t\t<\/button><\/figure>\n\n\n\n<h3 class=\"wp-block-heading\"><span class=\"ez-toc-section\" id=\"44_vabali_spa_Berlin_Berlim\"><\/span>44. vabali spa Berlin (Berlim)<span class=\"ez-toc-section-end\"><\/span><\/h3>\n\n\n\n<p class=\"wp-block-paragraph\">Se voc\u00ea procura uma fuga do bul\u00edcio da metr\u00f3pole, v\u00e1 ao <strong>vabali spa Berlin<\/strong>, que fica bem no cora\u00e7\u00e3o da metr\u00f3pole alem\u00e3. Esse complexo \u00fanico \u00e9 concebido como um <strong>aut\u00eantico o\u00e1sis de wellness balin\u00eas<\/strong>, onde voc\u00ea \u00e9 cercado por constru\u00e7\u00f5es de madeira tradicionais, esculturas e materiais trazidos direto da Indon\u00e9sia. O ambiente local \u00e9 voltado exclusivamente para o sossego e para visitantes adultos, ent\u00e3o esque\u00e7a os tobo\u00e1guas e a gritaria das crian\u00e7as.<\/p>\n\n\n\n<p class=\"wp-block-paragraph\">O complexo oferece <strong>13 saunas e banhos de vapor<\/strong>, complementados por 4 piscinas refrescantes. A escolha \u00e9 variada e satisfaz qualquer saunista. Voc\u00ea pode experimentar a sauna panor\u00e2mica Pandangan ou a de medita\u00e7\u00e3o Jiwa, com agrad\u00e1veis 70 \u00b0C, ou ainda a sauna de b\u00e9tula Kayu. Para os amantes de temperaturas mais altas, h\u00e1 as saunas de aufguss Awan, Di Luar ou Di Dalam, onde o term\u00f4metro marca cerca de 80 \u00b0C.<\/p>\n\n\n\n<p class=\"wp-block-paragraph\">Para um aquecimento mais suave, servem a sauna de ervas Bali Boreh de 70 \u00b0C ou o ameno laconium aquecido a 45 \u00b0C. Segundo a tabela de 2026, a <strong>entrada de quatro horas sai nos dias \u00fateis por 36,50 \u20ac<\/strong>, enquanto nos fins de semana e feriados voc\u00ea paga 39,50 \u20ac. <strong>\ud83d\udca1 Dica:<\/strong> esse querido complexo berlinense costuma ficar muito cheio nos fins de semana, por isso venha de prefer\u00eancia bem cedo ou nos dias \u00fateis, quando voc\u00ea aproveita a atmosfera balinesa com muito mais sossego.<\/p>\n\n\n\n<figure data-wp-context=\"{&quot;imageId&quot;:&quot;6a9c2d6878ff0&quot;}\" data-wp-interactive=\"core\/image\" data-wp-key=\"6a9c2d6878ff0\" class=\"wp-block-image size-full wp-lightbox-container\"><img decoding=\"async\" width=\"1800\" height=\"1348\" data-wp-class--hide=\"state.isContentHidden\" data-wp-class--show=\"state.isContentVisible\" data-wp-init=\"callbacks.setButtonStyles\" data-wp-on--click=\"actions.showLightbox\" data-wp-on--load=\"callbacks.setButtonStyles\" data-wp-on--pointerdown=\"actions.preloadImage\" data-wp-on--pointerenter=\"actions.preloadImageWithDelay\" data-wp-on--pointerleave=\"actions.cancelPreload\" data-wp-on-window--resize=\"callbacks.setButtonStyles\" src=\"https:\/\/loudavymkrokem.cz\/wp-content\/uploads\/2026\/09\/nemecko-clanky-termaly-nemecko-54-eb39270c-1.jpg\" alt=\"Pr\u00e9dio da Ostsee-Therme em Scharbeutz, junto ao mar B\u00e1ltico\" class=\"wp-image-415398\" title=\"\" srcset=\"https:\/\/loudavymkrokem.cz\/wp-content\/uploads\/2026\/09\/nemecko-clanky-termaly-nemecko-54-eb39270c-1.jpg 1800w, https:\/\/loudavymkrokem.cz\/wp-content\/uploads\/2026\/09\/nemecko-clanky-termaly-nemecko-54-eb39270c-1-300x225.jpg 300w, https:\/\/loudavymkrokem.cz\/wp-content\/uploads\/2026\/09\/nemecko-clanky-termaly-nemecko-54-eb39270c-1-700x524.jpg 700w, https:\/\/loudavymkrokem.cz\/wp-content\/uploads\/2026\/09\/nemecko-clanky-termaly-nemecko-54-eb39270c-1-768x575.jpg 768w, https:\/\/loudavymkrokem.cz\/wp-content\/uploads\/2026\/09\/nemecko-clanky-termaly-nemecko-54-eb39270c-1-1536x1150.jpg 1536w, https:\/\/loudavymkrokem.cz\/wp-content\/uploads\/2026\/09\/nemecko-clanky-termaly-nemecko-54-eb39270c-1-80x60.jpg 80w, https:\/\/loudavymkrokem.cz\/wp-content\/uploads\/2026\/09\/nemecko-clanky-termaly-nemecko-54-eb39270c-1-160x120.jpg 160w, https:\/\/loudavymkrokem.cz\/wp-content\/uploads\/2026\/09\/nemecko-clanky-termaly-nemecko-54-eb39270c-1-696x521.jpg 696w, https:\/\/loudavymkrokem.cz\/wp-content\/uploads\/2026\/09\/nemecko-clanky-termaly-nemecko-54-eb39270c-1-1392x1042.jpg 1392w\" sizes=\"(max-width: 1800px) 100vw, 1800px\" \/><button\n\t\t\tclass=\"lightbox-trigger\"\n\t\t\ttype=\"button\"\n\t\t\taria-haspopup=\"dialog\"\n\t\t\tdata-wp-bind--aria-label=\"state.thisImage.triggerButtonAriaLabel\"\n\t\t\tdata-wp-init=\"callbacks.initTriggerButton\"\n\t\t\tdata-wp-on--click=\"actions.showLightbox\"\n\t\t\tdata-wp-style--right=\"state.thisImage.buttonRight\"\n\t\t\tdata-wp-style--top=\"state.thisImage.buttonTop\"\n\t\t>\n\t\t\t<svg xmlns=\"http:\/\/www.w3.org\/2000\/svg\" width=\"12\" height=\"12\" fill=\"none\" viewBox=\"0 0 12 12\">\n\t\t\t\t<path fill=\"#fff\" d=\"M2 0a2 2 0 0 0-2 2v2h1.5V2a.5.5 0 0 1 .5-.5h2V0H2Zm2 10.5H2a.5.5 0 0 1-.5-.5V8H0v2a2 2 0 0 0 2 2h2v-1.5ZM8 12v-1.5h2a.5.5 0 0 0 .5-.5V8H12v2a2 2 0 0 1-2 2H8Zm2-12a2 2 0 0 1 2 2v2h-1.5V2a.5.5 0 0 0-.5-.5H8V0h2Z\" \/>\n\t\t\t<\/svg>\n\t\t<\/button><figcaption class=\"wp-element-caption\">Foto: qwesy qwesy \/ Wikimedia Commons, CC BY 3.0<\/figcaption><\/figure>\n\n\n\n<h2 class=\"wp-block-heading\"><span class=\"ez-toc-section\" id=\"Termas_no_norte_mar_Baltico_e_mar_do_Norte\"><\/span>Termas no norte: mar B\u00e1ltico e mar do Norte<span class=\"ez-toc-section-end\"><\/span><\/h2>\n\n\n\n<p class=\"wp-block-paragraph\">O norte da Alemanha oferece uma experi\u00eancia termal totalmente diferente daquela a que estamos acostumados no sul. As <strong>termas litor\u00e2neas<\/strong> aqui aproveitam sua \u00f3tima localiza\u00e7\u00e3o e, no lugar da \u00e1gua mineral cl\u00e1ssica, voc\u00ea encontra frequentemente uma salmoura curativa ou um <strong>raro sal de iodo<\/strong>. As vistas das piscinas, al\u00e9m disso, apontam com frequ\u00eancia direto para o infinito espelho do mar ou para as dunas de areia, uma id\u00edlica cena se voc\u00ea ama o cheiro do oceano e o ar fresco n\u00f3rdico.<\/p>\n\n\n\n<p class=\"wp-block-paragraph\">Esses complexos combinam perfeitamente para complementar suas <strong>f\u00e9rias de ver\u00e3o no B\u00e1ltico<\/strong> ou como salva\u00e7\u00e3o em um fim de semana chuvoso no popular balne\u00e1rio St. Peter-Ording. Quer voc\u00ea venha em fam\u00edlia ou busque uma fuga tranquila de wellness a dois, as termas do norte da Alemanha v\u00e3o te encantar com sua atmosfera descontra\u00edda. \u00c9 verdade que a rota da regi\u00e3o central \u00e9 mais longa, mas a <strong>experi\u00eancia com certeza vale a pena<\/strong>.<\/p>\n\n\n\n<figure data-wp-context=\"{&quot;imageId&quot;:&quot;6a9c2d68795e8&quot;}\" data-wp-interactive=\"core\/image\" data-wp-key=\"6a9c2d68795e8\" class=\"wp-block-image size-full wp-lightbox-container\"><img decoding=\"async\" width=\"1800\" height=\"2400\" data-wp-class--hide=\"state.isContentHidden\" data-wp-class--show=\"state.isContentVisible\" data-wp-init=\"callbacks.setButtonStyles\" data-wp-on--click=\"actions.showLightbox\" data-wp-on--load=\"callbacks.setButtonStyles\" data-wp-on--pointerdown=\"actions.preloadImage\" data-wp-on--pointerenter=\"actions.preloadImageWithDelay\" data-wp-on--pointerleave=\"actions.cancelPreload\" data-wp-on-window--resize=\"callbacks.setButtonStyles\" src=\"https:\/\/loudavymkrokem.cz\/wp-content\/uploads\/2026\/09\/nemecko-clanky-termaly-nemecko-55-47c15516-1.jpg\" alt=\"Ostsee-Therme (Scharbeutz): torre das termas\" class=\"wp-image-415401\" title=\"\" srcset=\"https:\/\/loudavymkrokem.cz\/wp-content\/uploads\/2026\/09\/nemecko-clanky-termaly-nemecko-55-47c15516-1.jpg 1800w, https:\/\/loudavymkrokem.cz\/wp-content\/uploads\/2026\/09\/nemecko-clanky-termaly-nemecko-55-47c15516-1-225x300.jpg 225w, https:\/\/loudavymkrokem.cz\/wp-content\/uploads\/2026\/09\/nemecko-clanky-termaly-nemecko-55-47c15516-1-700x933.jpg 700w, https:\/\/loudavymkrokem.cz\/wp-content\/uploads\/2026\/09\/nemecko-clanky-termaly-nemecko-55-47c15516-1-768x1024.jpg 768w, https:\/\/loudavymkrokem.cz\/wp-content\/uploads\/2026\/09\/nemecko-clanky-termaly-nemecko-55-47c15516-1-1152x1536.jpg 1152w, https:\/\/loudavymkrokem.cz\/wp-content\/uploads\/2026\/09\/nemecko-clanky-termaly-nemecko-55-47c15516-1-1536x2048.jpg 1536w, https:\/\/loudavymkrokem.cz\/wp-content\/uploads\/2026\/09\/nemecko-clanky-termaly-nemecko-55-47c15516-1-696x928.jpg 696w, https:\/\/loudavymkrokem.cz\/wp-content\/uploads\/2026\/09\/nemecko-clanky-termaly-nemecko-55-47c15516-1-1392x1856.jpg 1392w\" sizes=\"(max-width: 1800px) 100vw, 1800px\" \/><button\n\t\t\tclass=\"lightbox-trigger\"\n\t\t\ttype=\"button\"\n\t\t\taria-haspopup=\"dialog\"\n\t\t\tdata-wp-bind--aria-label=\"state.thisImage.triggerButtonAriaLabel\"\n\t\t\tdata-wp-init=\"callbacks.initTriggerButton\"\n\t\t\tdata-wp-on--click=\"actions.showLightbox\"\n\t\t\tdata-wp-style--right=\"state.thisImage.buttonRight\"\n\t\t\tdata-wp-style--top=\"state.thisImage.buttonTop\"\n\t\t>\n\t\t\t<svg xmlns=\"http:\/\/www.w3.org\/2000\/svg\" width=\"12\" height=\"12\" fill=\"none\" viewBox=\"0 0 12 12\">\n\t\t\t\t<path fill=\"#fff\" d=\"M2 0a2 2 0 0 0-2 2v2h1.5V2a.5.5 0 0 1 .5-.5h2V0H2Zm2 10.5H2a.5.5 0 0 1-.5-.5V8H0v2a2 2 0 0 0 2 2h2v-1.5ZM8 12v-1.5h2a.5.5 0 0 0 .5-.5V8H12v2a2 2 0 0 1-2 2H8Zm2-12a2 2 0 0 1 2 2v2h-1.5V2a.5.5 0 0 0-.5-.5H8V0h2Z\" \/>\n\t\t\t<\/svg>\n\t\t<\/button><figcaption class=\"wp-element-caption\">Foto: Gerd Fahrenhorst \/ Wikimedia Commons, CC BY 4.0<\/figcaption><\/figure>\n\n\n\n<h3 class=\"wp-block-heading\"><span class=\"ez-toc-section\" id=\"45_Ostsee-Therme_Scharbeutz\"><\/span>45. Ostsee-Therme (Scharbeutz)<span class=\"ez-toc-section-end\"><\/span><\/h3>\n\n\n\n<p class=\"wp-block-paragraph\">Esse grandioso complexo, no querido balne\u00e1rio Scharbeutz, te impressiona na hora com sua ampla <strong>zona de wellness de 4.000 m\u00b2<\/strong>. Se voc\u00ea procura um descanso com acesso direto \u00e0 praia de areia, esse lugar voc\u00ea simplesmente vai amar. \u00c9 uma escolha ideal para amantes de sauna que, ap\u00f3s aquecer o corpo, querem correr direto para as ondas frias do mar.<\/p>\n\n\n\n<p class=\"wp-block-paragraph\">Na parte das piscinas chamada Ostsee-Lagune voc\u00ea descansa lindamente na <strong>\u00e1gua aquecida a 33 \u00b0C<\/strong>, complementada ainda por efeitos de luz impressionantes e espregui\u00e7adeiras de massagem. Para um relaxamento ainda maior, h\u00e1 hidromassagens com temperatura de 35 \u00b0C e <strong>grandes piscinas externas de 30 \u00b0C<\/strong>, ao lado das quais se estende um gramado de banho de sol. O mundo de saunas \u00e9 um cap\u00edtulo \u00e0 parte. Voc\u00ea encontra ali de tudo, desde a suave sauna de 60 \u00b0C Salzstein ou Frische Brise, passando pela sauna de 80 \u00b0C Wald Sauna, at\u00e9 a <strong>extrema sauna de 110 \u00b0C Arctic<\/strong>.<\/p>\n\n\n\n<p class=\"wp-block-paragraph\">Uma curiosidade \u00e9 a grande Ostsee Arena de 85 \u00b0C para cerim\u00f4nias de sauna, ou a <strong>sauna t\u00eaxtil de 70 \u00b0C<\/strong> no Breeze Spa, aonde voc\u00ea pode ir direto de roupa de banho. A entrada aqui varia conforme a zona e a dura\u00e7\u00e3o da estadia, ent\u00e3o cheque a tabela atual de 2026 direto no site das termas. O complexo serve tanto para casais quanto para fam\u00edlias em busca de um lazer aqu\u00e1tico variado. <strong>\ud83d\udca1 Dica:<\/strong> para os amantes de madeira e ervas, recomendo n\u00e3o pular a sauna especial de perfumado pinho alpino chamada Zirbenholzsauna.<\/p>\n\n\n\n<figure data-wp-context=\"{&quot;imageId&quot;:&quot;6a9c2d6879cdb&quot;}\" data-wp-interactive=\"core\/image\" data-wp-key=\"6a9c2d6879cdb\" class=\"wp-block-image size-full wp-lightbox-container\"><img decoding=\"async\" width=\"1800\" height=\"1012\" data-wp-class--hide=\"state.isContentHidden\" data-wp-class--show=\"state.isContentVisible\" data-wp-init=\"callbacks.setButtonStyles\" data-wp-on--click=\"actions.showLightbox\" data-wp-on--load=\"callbacks.setButtonStyles\" data-wp-on--pointerdown=\"actions.preloadImage\" data-wp-on--pointerenter=\"actions.preloadImageWithDelay\" data-wp-on--pointerleave=\"actions.cancelPreload\" data-wp-on-window--resize=\"callbacks.setButtonStyles\" src=\"https:\/\/loudavymkrokem.cz\/wp-content\/uploads\/2026\/09\/nemecko-clanky-termaly-nemecko-56-30ed6a22-1.jpg\" alt=\"D\u00fcnen-Therme (St. Peter-Ording)\" class=\"wp-image-415406\" title=\"\" srcset=\"https:\/\/loudavymkrokem.cz\/wp-content\/uploads\/2026\/09\/nemecko-clanky-termaly-nemecko-56-30ed6a22-1.jpg 1800w, https:\/\/loudavymkrokem.cz\/wp-content\/uploads\/2026\/09\/nemecko-clanky-termaly-nemecko-56-30ed6a22-1-300x169.jpg 300w, https:\/\/loudavymkrokem.cz\/wp-content\/uploads\/2026\/09\/nemecko-clanky-termaly-nemecko-56-30ed6a22-1-700x394.jpg 700w, https:\/\/loudavymkrokem.cz\/wp-content\/uploads\/2026\/09\/nemecko-clanky-termaly-nemecko-56-30ed6a22-1-768x432.jpg 768w, https:\/\/loudavymkrokem.cz\/wp-content\/uploads\/2026\/09\/nemecko-clanky-termaly-nemecko-56-30ed6a22-1-1536x864.jpg 1536w, https:\/\/loudavymkrokem.cz\/wp-content\/uploads\/2026\/09\/nemecko-clanky-termaly-nemecko-56-30ed6a22-1-696x391.jpg 696w, https:\/\/loudavymkrokem.cz\/wp-content\/uploads\/2026\/09\/nemecko-clanky-termaly-nemecko-56-30ed6a22-1-1392x783.jpg 1392w\" sizes=\"(max-width: 1800px) 100vw, 1800px\" \/><button\n\t\t\tclass=\"lightbox-trigger\"\n\t\t\ttype=\"button\"\n\t\t\taria-haspopup=\"dialog\"\n\t\t\tdata-wp-bind--aria-label=\"state.thisImage.triggerButtonAriaLabel\"\n\t\t\tdata-wp-init=\"callbacks.initTriggerButton\"\n\t\t\tdata-wp-on--click=\"actions.showLightbox\"\n\t\t\tdata-wp-style--right=\"state.thisImage.buttonRight\"\n\t\t\tdata-wp-style--top=\"state.thisImage.buttonTop\"\n\t\t>\n\t\t\t<svg xmlns=\"http:\/\/www.w3.org\/2000\/svg\" width=\"12\" height=\"12\" fill=\"none\" viewBox=\"0 0 12 12\">\n\t\t\t\t<path fill=\"#fff\" d=\"M2 0a2 2 0 0 0-2 2v2h1.5V2a.5.5 0 0 1 .5-.5h2V0H2Zm2 10.5H2a.5.5 0 0 1-.5-.5V8H0v2a2 2 0 0 0 2 2h2v-1.5ZM8 12v-1.5h2a.5.5 0 0 0 .5-.5V8H12v2a2 2 0 0 1-2 2H8Zm2-12a2 2 0 0 1 2 2v2h-1.5V2a.5.5 0 0 0-.5-.5H8V0h2Z\" \/>\n\t\t\t<\/svg>\n\t\t<\/button><\/figure>\n\n\n\n<h3 class=\"wp-block-heading\"><span class=\"ez-toc-section\" id=\"46_Dunen-Therme_St_Peter-Ording\"><\/span>46. D\u00fcnen-Therme (St. Peter-Ording)<span class=\"ez-toc-section-end\"><\/span><\/h3>\n\n\n\n<p class=\"wp-block-paragraph\">Na pitoresca cidadezinha de St. Peter-Ording voc\u00ea descobre termas \u00fanicas, onde voc\u00ea se <strong>banha em \u00e1gua purificada direto do mar do Norte<\/strong>. Essa experi\u00eancia \u00e9 excepcional e d\u00e1 a todo o complexo uma energia litor\u00e2nea. O amplo espelho d&#8217;\u00e1gua aqui <strong>ultrapassa 1.000 m\u00b2<\/strong>, ent\u00e3o voc\u00ea tem muito espa\u00e7o para nadar e para o descanso merecido ap\u00f3s um dia puxado nas praias ventosas.<\/p>\n\n\n\n<p class=\"wp-block-paragraph\">L\u00e1 dentro te espera uma agrad\u00e1vel <strong>piscina de experi\u00eancias com temperatura de 30 \u00b0C<\/strong> e voc\u00ea tamb\u00e9m se aquece na piscina externa aquecida, que tem exatamente a mesma temperatura. Se voc\u00ea viaja com crian\u00e7as, normalmente elas adorariam a piscina com ondas artificiais e \u00e1gua quente de 28 \u00b0C ou o popular escorregador Turbo-Rutsche. Segundo a situa\u00e7\u00e3o de setembro de 2026, por\u00e9m, essas duas <strong>atra\u00e7\u00f5es est\u00e3o fora de opera\u00e7\u00e3o por motivos t\u00e9cnicos<\/strong>, ent\u00e3o j\u00e1 conte com isso antes da visita.<\/p>\n\n\n\n<p class=\"wp-block-paragraph\">As termas servem para todo mundo que quer aproveitar os efeitos ben\u00e9ficos da \u00e1gua do mar, independentemente do tempo l\u00e1 fora. Segundo a tabela atual de 2026, os adultos pagam pela entrada de duas horas e meia <strong>muito agrad\u00e1veis 13,50 euros<\/strong>, enquanto o ingresso de dia inteiro custa 18,50 euros. Para crian\u00e7as e jovens de 3 a 17 anos, os pre\u00e7os v\u00e3o de 6,50 a 8,50 euros conforme a dura\u00e7\u00e3o da estadia. <strong>\ud83d\udca1 Dica:<\/strong> se voc\u00ea pretende ficar mais tempo, vale a pena escolher a entrada prolongada de 3,5 horas por <strong>16 euros<\/strong>, que oferece uma \u00f3tima rela\u00e7\u00e3o custo-benef\u00edcio.<\/p>\n\n\n\n<figure data-wp-context=\"{&quot;imageId&quot;:&quot;6a9c2d687a2aa&quot;}\" data-wp-interactive=\"core\/image\" data-wp-key=\"6a9c2d687a2aa\" class=\"wp-block-image size-full wp-lightbox-container\"><img decoding=\"async\" width=\"1800\" height=\"1350\" data-wp-class--hide=\"state.isContentHidden\" data-wp-class--show=\"state.isContentVisible\" data-wp-init=\"callbacks.setButtonStyles\" data-wp-on--click=\"actions.showLightbox\" data-wp-on--load=\"callbacks.setButtonStyles\" data-wp-on--pointerdown=\"actions.preloadImage\" data-wp-on--pointerenter=\"actions.preloadImageWithDelay\" data-wp-on--pointerleave=\"actions.cancelPreload\" data-wp-on-window--resize=\"callbacks.setButtonStyles\" src=\"https:\/\/loudavymkrokem.cz\/wp-content\/uploads\/2026\/09\/nemecko-clanky-termaly-nemecko-57-6f96bd47-1.jpg\" alt=\"Ostsee Therme Usedom (Ahlbeck): \u00e1rea de saunas\" class=\"wp-image-415409\" title=\"\" srcset=\"https:\/\/loudavymkrokem.cz\/wp-content\/uploads\/2026\/09\/nemecko-clanky-termaly-nemecko-57-6f96bd47-1.jpg 1800w, https:\/\/loudavymkrokem.cz\/wp-content\/uploads\/2026\/09\/nemecko-clanky-termaly-nemecko-57-6f96bd47-1-300x225.jpg 300w, https:\/\/loudavymkrokem.cz\/wp-content\/uploads\/2026\/09\/nemecko-clanky-termaly-nemecko-57-6f96bd47-1-700x525.jpg 700w, https:\/\/loudavymkrokem.cz\/wp-content\/uploads\/2026\/09\/nemecko-clanky-termaly-nemecko-57-6f96bd47-1-768x576.jpg 768w, https:\/\/loudavymkrokem.cz\/wp-content\/uploads\/2026\/09\/nemecko-clanky-termaly-nemecko-57-6f96bd47-1-1536x1152.jpg 1536w, https:\/\/loudavymkrokem.cz\/wp-content\/uploads\/2026\/09\/nemecko-clanky-termaly-nemecko-57-6f96bd47-1-80x60.jpg 80w, https:\/\/loudavymkrokem.cz\/wp-content\/uploads\/2026\/09\/nemecko-clanky-termaly-nemecko-57-6f96bd47-1-160x120.jpg 160w, https:\/\/loudavymkrokem.cz\/wp-content\/uploads\/2026\/09\/nemecko-clanky-termaly-nemecko-57-6f96bd47-1-696x522.jpg 696w, https:\/\/loudavymkrokem.cz\/wp-content\/uploads\/2026\/09\/nemecko-clanky-termaly-nemecko-57-6f96bd47-1-1392x1044.jpg 1392w\" sizes=\"(max-width: 1800px) 100vw, 1800px\" \/><button\n\t\t\tclass=\"lightbox-trigger\"\n\t\t\ttype=\"button\"\n\t\t\taria-haspopup=\"dialog\"\n\t\t\tdata-wp-bind--aria-label=\"state.thisImage.triggerButtonAriaLabel\"\n\t\t\tdata-wp-init=\"callbacks.initTriggerButton\"\n\t\t\tdata-wp-on--click=\"actions.showLightbox\"\n\t\t\tdata-wp-style--right=\"state.thisImage.buttonRight\"\n\t\t\tdata-wp-style--top=\"state.thisImage.buttonTop\"\n\t\t>\n\t\t\t<svg xmlns=\"http:\/\/www.w3.org\/2000\/svg\" width=\"12\" height=\"12\" fill=\"none\" viewBox=\"0 0 12 12\">\n\t\t\t\t<path fill=\"#fff\" d=\"M2 0a2 2 0 0 0-2 2v2h1.5V2a.5.5 0 0 1 .5-.5h2V0H2Zm2 10.5H2a.5.5 0 0 1-.5-.5V8H0v2a2 2 0 0 0 2 2h2v-1.5ZM8 12v-1.5h2a.5.5 0 0 0 .5-.5V8H12v2a2 2 0 0 1-2 2H8Zm2-12a2 2 0 0 1 2 2v2h-1.5V2a.5.5 0 0 0-.5-.5H8V0h2Z\" \/>\n\t\t\t<\/svg>\n\t\t<\/button><\/figure>\n\n\n\n<h3 class=\"wp-block-heading\"><span class=\"ez-toc-section\" id=\"47_Ostsee_Therme_Usedom_Ahlbeck\"><\/span>47. Ostsee Therme Usedom (Ahlbeck)<span class=\"ez-toc-section-end\"><\/span><\/h3>\n\n\n\n<p class=\"wp-block-paragraph\">Esse querido complexo fica bem no centro do famoso trio termal Ahlbeck, Heringsdorf e Bansin, mais precisamente <strong>no chamado Kaiserbad Ahlbeck<\/strong>, na rua Lindenstra\u00dfe. Desde sua inaugura\u00e7\u00e3o solene em mar\u00e7o de 1996, ele atrai multid\u00f5es de visitantes \u00e1vidos por descanso e, at\u00e9 os dias de hoje, <strong>passaram por ele respeit\u00e1veis 3,7 milh\u00f5es de h\u00f3spedes<\/strong>. \u00c9 um lugar muito tradicional, que combina de forma excelente a descontra\u00edda recrea\u00e7\u00e3o litor\u00e2nea com um cuidado termal profissional.<\/p>\n\n\n\n<p class=\"wp-block-paragraph\">Al\u00e9m do cl\u00e1ssico mundo de saunas e de \u00e1gua, chamado Badewelt e Saunawelt, voc\u00ea encontra ali tamb\u00e9m um <strong>Kurmittelhaus especial com fisioterapia<\/strong> e verdadeiros m\u00e9dicos termais. Voc\u00ea pode se exercitar bastante no est\u00fadio esportivo e de sa\u00fade, ou simplesmente admirar os lindos arredores da torre de observa\u00e7\u00e3o local. Se voc\u00ea for aos espa\u00e7os internos do mundo de saunas, te aquece lindamente a <strong>cl\u00e1ssica sauna interna de 80 \u00b0C<\/strong>.<\/p>\n\n\n\n<p class=\"wp-block-paragraph\">O lugar \u00e9 feito sob medida principalmente para visitantes adultos que buscam sossego nas f\u00e9rias e se concentram em fortalecer sua sa\u00fade. Os tratamentos curativos locais t\u00eam longa tradi\u00e7\u00e3o e s\u00e3o renomados por todo o litoral, por isso as pessoas gostam tanto de voltar. <strong>\ud83d\udca1 Dica:<\/strong> participe com certeza de alguma das cerim\u00f4nias de sauna, que os mestres locais fazem v\u00e1rias vezes ao dia com o <strong>raro sal de iodo de Heringsdorf<\/strong>, ser\u00e1 uma experi\u00eancia fant\u00e1stica para suas vias respirat\u00f3rias.<\/p>\n\n\n\n<figure data-wp-context=\"{&quot;imageId&quot;:&quot;6a9c2d687a920&quot;}\" data-wp-interactive=\"core\/image\" data-wp-key=\"6a9c2d687a920\" class=\"wp-block-image size-full wp-lightbox-container\"><img decoding=\"async\" width=\"1800\" height=\"1198\" data-wp-class--hide=\"state.isContentHidden\" data-wp-class--show=\"state.isContentVisible\" data-wp-init=\"callbacks.setButtonStyles\" data-wp-on--click=\"actions.showLightbox\" data-wp-on--load=\"callbacks.setButtonStyles\" data-wp-on--pointerdown=\"actions.preloadImage\" data-wp-on--pointerenter=\"actions.preloadImageWithDelay\" data-wp-on--pointerleave=\"actions.cancelPreload\" data-wp-on-window--resize=\"callbacks.setButtonStyles\" src=\"https:\/\/loudavymkrokem.cz\/wp-content\/uploads\/2026\/09\/nemecko-clanky-termaly-nemecko-58-72086aed-1.jpg\" alt=\"Toskana Therme em Bad Schandau, na Su\u00ed\u00e7a Sax\u00f4nica\" class=\"wp-image-415412\" title=\"\" srcset=\"https:\/\/loudavymkrokem.cz\/wp-content\/uploads\/2026\/09\/nemecko-clanky-termaly-nemecko-58-72086aed-1.jpg 1800w, https:\/\/loudavymkrokem.cz\/wp-content\/uploads\/2026\/09\/nemecko-clanky-termaly-nemecko-58-72086aed-1-300x200.jpg 300w, https:\/\/loudavymkrokem.cz\/wp-content\/uploads\/2026\/09\/nemecko-clanky-termaly-nemecko-58-72086aed-1-700x466.jpg 700w, https:\/\/loudavymkrokem.cz\/wp-content\/uploads\/2026\/09\/nemecko-clanky-termaly-nemecko-58-72086aed-1-768x511.jpg 768w, https:\/\/loudavymkrokem.cz\/wp-content\/uploads\/2026\/09\/nemecko-clanky-termaly-nemecko-58-72086aed-1-1536x1022.jpg 1536w, https:\/\/loudavymkrokem.cz\/wp-content\/uploads\/2026\/09\/nemecko-clanky-termaly-nemecko-58-72086aed-1-696x463.jpg 696w, https:\/\/loudavymkrokem.cz\/wp-content\/uploads\/2026\/09\/nemecko-clanky-termaly-nemecko-58-72086aed-1-1392x926.jpg 1392w\" sizes=\"(max-width: 1800px) 100vw, 1800px\" \/><button\n\t\t\tclass=\"lightbox-trigger\"\n\t\t\ttype=\"button\"\n\t\t\taria-haspopup=\"dialog\"\n\t\t\tdata-wp-bind--aria-label=\"state.thisImage.triggerButtonAriaLabel\"\n\t\t\tdata-wp-init=\"callbacks.initTriggerButton\"\n\t\t\tdata-wp-on--click=\"actions.showLightbox\"\n\t\t\tdata-wp-style--right=\"state.thisImage.buttonRight\"\n\t\t\tdata-wp-style--top=\"state.thisImage.buttonTop\"\n\t\t>\n\t\t\t<svg xmlns=\"http:\/\/www.w3.org\/2000\/svg\" width=\"12\" height=\"12\" fill=\"none\" viewBox=\"0 0 12 12\">\n\t\t\t\t<path fill=\"#fff\" d=\"M2 0a2 2 0 0 0-2 2v2h1.5V2a.5.5 0 0 1 .5-.5h2V0H2Zm2 10.5H2a.5.5 0 0 1-.5-.5V8H0v2a2 2 0 0 0 2 2h2v-1.5ZM8 12v-1.5h2a.5.5 0 0 0 .5-.5V8H12v2a2 2 0 0 1-2 2H8Zm2-12a2 2 0 0 1 2 2v2h-1.5V2a.5.5 0 0 0-.5-.5H8V0h2Z\" \/>\n\t\t\t<\/svg>\n\t\t<\/button><\/figure>\n\n\n\n<h2 class=\"wp-block-heading\"><span class=\"ez-toc-section\" id=\"Termas_na_Saxonia_e_Turingia\"><\/span>Termas na Sax\u00f4nia e Tur\u00edngia<span class=\"ez-toc-section-end\"><\/span><\/h2>\n\n\n\n<p class=\"wp-block-paragraph\">Se voc\u00ea procura um descanso ali pertinho das fronteiras da regi\u00e3o central, esses dois estados federais n\u00e3o v\u00e3o te decepcionar. Voc\u00ea encontra aqui um conceito \u00fanico de termas, que unem a relaxa\u00e7\u00e3o profunda a uma experi\u00eancia art\u00edstica fora do comum. <strong>O principal atrativo \u00e9 o chamado Liquid Sound<\/strong>, ou seja, o banho em \u00e1gua salgada ao som de m\u00fasica subaqu\u00e1tica e de um fascinante show de luzes.<\/p>\n\n\n\n<p class=\"wp-block-paragraph\">Voc\u00ea pode escolher entre dois lugares que oferecem esse conceito. Umas termas ficam na pitoresca Su\u00ed\u00e7a Sax\u00f4nica, <strong>literalmente a poucos quil\u00f4metros das fronteiras da regi\u00e3o central<\/strong>, e as outras um pouco mais adiante, numa cidadezinha termal da Tur\u00edngia. S\u00e3o ideais para todos que querem desligar a cabe\u00e7a no fim de semana e simplesmente se deixar levar pelas ondas da tranquilidade.<\/p>\n\n\n\n<figure data-wp-context=\"{&quot;imageId&quot;:&quot;6a9c2d687ae8c&quot;}\" data-wp-interactive=\"core\/image\" data-wp-key=\"6a9c2d687ae8c\" class=\"wp-block-image size-full wp-lightbox-container\"><img decoding=\"async\" width=\"1800\" height=\"1342\" data-wp-class--hide=\"state.isContentHidden\" data-wp-class--show=\"state.isContentVisible\" data-wp-init=\"callbacks.setButtonStyles\" data-wp-on--click=\"actions.showLightbox\" data-wp-on--load=\"callbacks.setButtonStyles\" data-wp-on--pointerdown=\"actions.preloadImage\" data-wp-on--pointerenter=\"actions.preloadImageWithDelay\" data-wp-on--pointerleave=\"actions.cancelPreload\" data-wp-on-window--resize=\"callbacks.setButtonStyles\" src=\"https:\/\/loudavymkrokem.cz\/wp-content\/uploads\/2026\/09\/nemecko-clanky-termaly-nemecko-59-fc0e1c55-1.jpg\" alt=\"Toskana Therme Bad Schandau (Bad Schandau)\" class=\"wp-image-415417\" title=\"\" srcset=\"https:\/\/loudavymkrokem.cz\/wp-content\/uploads\/2026\/09\/nemecko-clanky-termaly-nemecko-59-fc0e1c55-1.jpg 1800w, https:\/\/loudavymkrokem.cz\/wp-content\/uploads\/2026\/09\/nemecko-clanky-termaly-nemecko-59-fc0e1c55-1-300x224.jpg 300w, https:\/\/loudavymkrokem.cz\/wp-content\/uploads\/2026\/09\/nemecko-clanky-termaly-nemecko-59-fc0e1c55-1-700x522.jpg 700w, https:\/\/loudavymkrokem.cz\/wp-content\/uploads\/2026\/09\/nemecko-clanky-termaly-nemecko-59-fc0e1c55-1-768x573.jpg 768w, https:\/\/loudavymkrokem.cz\/wp-content\/uploads\/2026\/09\/nemecko-clanky-termaly-nemecko-59-fc0e1c55-1-1536x1145.jpg 1536w, https:\/\/loudavymkrokem.cz\/wp-content\/uploads\/2026\/09\/nemecko-clanky-termaly-nemecko-59-fc0e1c55-1-80x60.jpg 80w, https:\/\/loudavymkrokem.cz\/wp-content\/uploads\/2026\/09\/nemecko-clanky-termaly-nemecko-59-fc0e1c55-1-160x120.jpg 160w, https:\/\/loudavymkrokem.cz\/wp-content\/uploads\/2026\/09\/nemecko-clanky-termaly-nemecko-59-fc0e1c55-1-696x519.jpg 696w, https:\/\/loudavymkrokem.cz\/wp-content\/uploads\/2026\/09\/nemecko-clanky-termaly-nemecko-59-fc0e1c55-1-1392x1038.jpg 1392w\" sizes=\"(max-width: 1800px) 100vw, 1800px\" \/><button\n\t\t\tclass=\"lightbox-trigger\"\n\t\t\ttype=\"button\"\n\t\t\taria-haspopup=\"dialog\"\n\t\t\tdata-wp-bind--aria-label=\"state.thisImage.triggerButtonAriaLabel\"\n\t\t\tdata-wp-init=\"callbacks.initTriggerButton\"\n\t\t\tdata-wp-on--click=\"actions.showLightbox\"\n\t\t\tdata-wp-style--right=\"state.thisImage.buttonRight\"\n\t\t\tdata-wp-style--top=\"state.thisImage.buttonTop\"\n\t\t>\n\t\t\t<svg xmlns=\"http:\/\/www.w3.org\/2000\/svg\" width=\"12\" height=\"12\" fill=\"none\" viewBox=\"0 0 12 12\">\n\t\t\t\t<path fill=\"#fff\" d=\"M2 0a2 2 0 0 0-2 2v2h1.5V2a.5.5 0 0 1 .5-.5h2V0H2Zm2 10.5H2a.5.5 0 0 1-.5-.5V8H0v2a2 2 0 0 0 2 2h2v-1.5ZM8 12v-1.5h2a.5.5 0 0 0 .5-.5V8H12v2a2 2 0 0 1-2 2H8Zm2-12a2 2 0 0 1 2 2v2h-1.5V2a.5.5 0 0 0-.5-.5H8V0h2Z\" \/>\n\t\t\t<\/svg>\n\t\t<\/button><figcaption class=\"wp-element-caption\">Foto: J\u00f6rg Blobelt \/ Wikimedia Commons, CC BY-SA 4.0<\/figcaption><\/figure>\n\n\n\n<h3 class=\"wp-block-heading\"><span class=\"ez-toc-section\" id=\"48_Toskana_Therme_Bad_Schandau_Bad_Schandau\"><\/span>48. Toskana Therme Bad Schandau (Bad Schandau)<span class=\"ez-toc-section-end\"><\/span><\/h3>\n\n\n\n<p class=\"wp-block-paragraph\">Esse querido complexo fica bem \u00e0 margem do rio Elba e sua grande vantagem \u00e9 a <strong>vista de tirar o f\u00f4lego para o rio, direto da sauna<\/strong>. D\u00e1 para chegar at\u00e9 aqui rapidinho, ent\u00e3o o complexo se apresenta como o destino perfeito para um passeio espont\u00e2neo de tarde. Se voc\u00ea ama a natureza da Su\u00ed\u00e7a Sax\u00f4nica, esse \u00e9 exatamente o lugar onde, ap\u00f3s um dia de trilhas, voc\u00ea pode aliviar as pernas cansadas.<\/p>\n\n\n\n<p class=\"wp-block-paragraph\">O mundo de saunas aqui oferece uma escala variada de temperaturas para todos os gostos. Voc\u00ea pode experimentar o tradicional <strong>Laconium em estilo grego aquecido a agrad\u00e1veis 55 \u00b0C<\/strong>, ou o banho especial de calor radiante, que a 65 \u00b0C aquece o corpo lindamente em profundidade. Voc\u00ea encontra ali tamb\u00e9m uma sauna de ervas, onde o aquecimento da \u00e1gua de ervas <strong>eleva a umidade do ar a uma temperatura de 65 \u00b0C<\/strong>. Para os saunistas veteranos h\u00e1 ent\u00e3o a cl\u00e1ssica sauna com fornalha de azulejos, onde voc\u00ea aproveita um belo calor a 96 \u00b0C.<\/p>\n\n\n\n<p class=\"wp-block-paragraph\">O complexo \u00e9 \u00f3timo principalmente para adultos e casais que buscam uma atmosfera tranquila sem tobo\u00e1guas radicais. Recomendo checar a entrada atual no site antes da viagem, para saber exatamente como est\u00e1 a tabela de 2026. <strong>\ud83d\udca1 Dica:<\/strong> n\u00e3o deixe de suar na sauna especial aquecida a 90 \u00b0C, da qual voc\u00ea tem <strong>a mais linda vista do Elba fluindo<\/strong>.<\/p>\n\n\n\n<figure data-wp-context=\"{&quot;imageId&quot;:&quot;6a9c2d687b74b&quot;}\" data-wp-interactive=\"core\/image\" data-wp-key=\"6a9c2d687b74b\" class=\"wp-block-image size-full wp-lightbox-container\"><img decoding=\"async\" width=\"1800\" height=\"1200\" data-wp-class--hide=\"state.isContentHidden\" data-wp-class--show=\"state.isContentVisible\" data-wp-init=\"callbacks.setButtonStyles\" data-wp-on--click=\"actions.showLightbox\" data-wp-on--load=\"callbacks.setButtonStyles\" data-wp-on--pointerdown=\"actions.preloadImage\" data-wp-on--pointerenter=\"actions.preloadImageWithDelay\" data-wp-on--pointerleave=\"actions.cancelPreload\" data-wp-on-window--resize=\"callbacks.setButtonStyles\" src=\"https:\/\/loudavymkrokem.cz\/wp-content\/uploads\/2026\/09\/nemecko-clanky-termaly-nemecko-60-42995404-1.jpg\" alt=\"Toskana Therme Bad Sulza (Bad Sulza)\" class=\"wp-image-415421\" title=\"\" srcset=\"https:\/\/loudavymkrokem.cz\/wp-content\/uploads\/2026\/09\/nemecko-clanky-termaly-nemecko-60-42995404-1.jpg 1800w, https:\/\/loudavymkrokem.cz\/wp-content\/uploads\/2026\/09\/nemecko-clanky-termaly-nemecko-60-42995404-1-300x200.jpg 300w, https:\/\/loudavymkrokem.cz\/wp-content\/uploads\/2026\/09\/nemecko-clanky-termaly-nemecko-60-42995404-1-700x467.jpg 700w, https:\/\/loudavymkrokem.cz\/wp-content\/uploads\/2026\/09\/nemecko-clanky-termaly-nemecko-60-42995404-1-768x512.jpg 768w, https:\/\/loudavymkrokem.cz\/wp-content\/uploads\/2026\/09\/nemecko-clanky-termaly-nemecko-60-42995404-1-1536x1024.jpg 1536w, https:\/\/loudavymkrokem.cz\/wp-content\/uploads\/2026\/09\/nemecko-clanky-termaly-nemecko-60-42995404-1-696x464.jpg 696w, https:\/\/loudavymkrokem.cz\/wp-content\/uploads\/2026\/09\/nemecko-clanky-termaly-nemecko-60-42995404-1-1392x928.jpg 1392w\" sizes=\"(max-width: 1800px) 100vw, 1800px\" \/><button\n\t\t\tclass=\"lightbox-trigger\"\n\t\t\ttype=\"button\"\n\t\t\taria-haspopup=\"dialog\"\n\t\t\tdata-wp-bind--aria-label=\"state.thisImage.triggerButtonAriaLabel\"\n\t\t\tdata-wp-init=\"callbacks.initTriggerButton\"\n\t\t\tdata-wp-on--click=\"actions.showLightbox\"\n\t\t\tdata-wp-style--right=\"state.thisImage.buttonRight\"\n\t\t\tdata-wp-style--top=\"state.thisImage.buttonTop\"\n\t\t>\n\t\t\t<svg xmlns=\"http:\/\/www.w3.org\/2000\/svg\" width=\"12\" height=\"12\" fill=\"none\" viewBox=\"0 0 12 12\">\n\t\t\t\t<path fill=\"#fff\" d=\"M2 0a2 2 0 0 0-2 2v2h1.5V2a.5.5 0 0 1 .5-.5h2V0H2Zm2 10.5H2a.5.5 0 0 1-.5-.5V8H0v2a2 2 0 0 0 2 2h2v-1.5ZM8 12v-1.5h2a.5.5 0 0 0 .5-.5V8H12v2a2 2 0 0 1-2 2H8Zm2-12a2 2 0 0 1 2 2v2h-1.5V2a.5.5 0 0 0-.5-.5H8V0h2Z\" \/>\n\t\t\t<\/svg>\n\t\t<\/button><\/figure>\n\n\n\n<h3 class=\"wp-block-heading\"><span class=\"ez-toc-section\" id=\"49_Toskana_Therme_Bad_Sulza_Bad_Sulza\"><\/span>49. Toskana Therme Bad Sulza (Bad Sulza)<span class=\"ez-toc-section-end\"><\/span><\/h3>\n\n\n\n<p class=\"wp-block-paragraph\">A segunda filial-irm\u00e3 das famosas termas se esconde numa tranquila cidadezinha da Tur\u00edngia e <strong>oferece o mesmo conceito Liquid Sound<\/strong> que a da Su\u00ed\u00e7a Sax\u00f4nica. \u00c9 uma escolha ideal se voc\u00ea planeja um roadtrip de fim de semana pelos monumentos do centro da Alemanha e procura um lugar onde possa se recuperar bem \u00e0 noite. A atmosfera aqui \u00e9 incrivelmente descontra\u00edda e todo o espa\u00e7o convida a um longo descanso silencioso.<\/p>\n\n\n\n<p class=\"wp-block-paragraph\">O cora\u00e7\u00e3o do complexo \u00e9 o <strong>templo Liquid Sound<\/strong>, onde na \u00e1gua salgada voc\u00ea se deixa levar ao som de m\u00fasica sob a superf\u00edcie e de coloridas proje\u00e7\u00f5es de luz na c\u00fapula. Segundo a descri\u00e7\u00e3o do operador, fazem parte dele <strong>cinco piscinas de sal em cascata<\/strong> com jatos de massagem, quatro hidromassagens e uma piscina de sal externa aquecida, ent\u00e3o d\u00e1 para transitar de uma temperatura \u00e0 outra o dia inteiro. O mundo de saunas aqui \u00e9 \u00f3bvio.<\/p>\n\n\n\n<p class=\"wp-block-paragraph\">A grande vantagem de Bad Sulza \u00e9 a liga\u00e7\u00e3o com o hotel: o <strong>Hotel an der Therme Bad Sulza<\/strong> fica bem ao lado das termas e \u00e9 ligado a elas por um corredor de roup\u00f5es, ent\u00e3o a entrada nas termas, incluindo o mundo de saunas, est\u00e1 na di\u00e1ria. Antes da visita, d\u00ea uma olhada no site, porque a tabela de 2026 muda conforme a temporada. <strong>\ud83d\udca1 Dica:<\/strong> reserve o Liquid Sound para o fim da tarde, quando o show de m\u00fasica e luzes costuma ser mais forte e a piscina tem menos gente.<\/p>\n\n\n\n<figure data-wp-context=\"{&quot;imageId&quot;:&quot;6a9c2d687bec6&quot;}\" data-wp-interactive=\"core\/image\" data-wp-key=\"6a9c2d687bec6\" class=\"wp-block-image size-full wp-lightbox-container\"><img decoding=\"async\" width=\"1800\" height=\"1800\" data-wp-class--hide=\"state.isContentHidden\" data-wp-class--show=\"state.isContentVisible\" data-wp-init=\"callbacks.setButtonStyles\" data-wp-on--click=\"actions.showLightbox\" data-wp-on--load=\"callbacks.setButtonStyles\" data-wp-on--pointerdown=\"actions.preloadImage\" data-wp-on--pointerenter=\"actions.preloadImageWithDelay\" data-wp-on--pointerleave=\"actions.cancelPreload\" data-wp-on-window--resize=\"callbacks.setButtonStyles\" src=\"https:\/\/loudavymkrokem.cz\/wp-content\/uploads\/2026\/09\/nemecko-clanky-termaly-nemecko-61-82598cd9-1.jpg\" alt=\"Piscina da Emser Therme em Bad Ems na ilumina\u00e7\u00e3o noturna\" class=\"wp-image-415425\" title=\"\" srcset=\"https:\/\/loudavymkrokem.cz\/wp-content\/uploads\/2026\/09\/nemecko-clanky-termaly-nemecko-61-82598cd9-1.jpg 1800w, https:\/\/loudavymkrokem.cz\/wp-content\/uploads\/2026\/09\/nemecko-clanky-termaly-nemecko-61-82598cd9-1-300x300.jpg 300w, https:\/\/loudavymkrokem.cz\/wp-content\/uploads\/2026\/09\/nemecko-clanky-termaly-nemecko-61-82598cd9-1-700x700.jpg 700w, https:\/\/loudavymkrokem.cz\/wp-content\/uploads\/2026\/09\/nemecko-clanky-termaly-nemecko-61-82598cd9-1-150x150.jpg 150w, https:\/\/loudavymkrokem.cz\/wp-content\/uploads\/2026\/09\/nemecko-clanky-termaly-nemecko-61-82598cd9-1-768x768.jpg 768w, https:\/\/loudavymkrokem.cz\/wp-content\/uploads\/2026\/09\/nemecko-clanky-termaly-nemecko-61-82598cd9-1-1536x1536.jpg 1536w, https:\/\/loudavymkrokem.cz\/wp-content\/uploads\/2026\/09\/nemecko-clanky-termaly-nemecko-61-82598cd9-1-696x696.jpg 696w, https:\/\/loudavymkrokem.cz\/wp-content\/uploads\/2026\/09\/nemecko-clanky-termaly-nemecko-61-82598cd9-1-1392x1392.jpg 1392w\" sizes=\"(max-width: 1800px) 100vw, 1800px\" \/><button\n\t\t\tclass=\"lightbox-trigger\"\n\t\t\ttype=\"button\"\n\t\t\taria-haspopup=\"dialog\"\n\t\t\tdata-wp-bind--aria-label=\"state.thisImage.triggerButtonAriaLabel\"\n\t\t\tdata-wp-init=\"callbacks.initTriggerButton\"\n\t\t\tdata-wp-on--click=\"actions.showLightbox\"\n\t\t\tdata-wp-style--right=\"state.thisImage.buttonRight\"\n\t\t\tdata-wp-style--top=\"state.thisImage.buttonTop\"\n\t\t>\n\t\t\t<svg xmlns=\"http:\/\/www.w3.org\/2000\/svg\" width=\"12\" height=\"12\" fill=\"none\" viewBox=\"0 0 12 12\">\n\t\t\t\t<path fill=\"#fff\" d=\"M2 0a2 2 0 0 0-2 2v2h1.5V2a.5.5 0 0 1 .5-.5h2V0H2Zm2 10.5H2a.5.5 0 0 1-.5-.5V8H0v2a2 2 0 0 0 2 2h2v-1.5ZM8 12v-1.5h2a.5.5 0 0 0 .5-.5V8H12v2a2 2 0 0 1-2 2H8Zm2-12a2 2 0 0 1 2 2v2h-1.5V2a.5.5 0 0 0-.5-.5H8V0h2Z\" \/>\n\t\t\t<\/svg>\n\t\t<\/button><\/figure>\n\n\n\n<h2 class=\"wp-block-heading\"><span class=\"ez-toc-section\" id=\"Termas_na_Renania-Palatinado\"><\/span>Termas na Ren\u00e2nia-Palatinado<span class=\"ez-toc-section-end\"><\/span><\/h2>\n\n\n\n<p class=\"wp-block-paragraph\">A Ren\u00e2nia-Palatinado talvez n\u00e3o esteja entre os destinos alem\u00e3es mais conhecidos para as del\u00edcias aqu\u00e1ticas, mas esconde verdadeiros tesouros. Se voc\u00ea procura <strong>termas menores, mas de alta qualidade<\/strong>, \u00e9 exatamente aqui que voc\u00ea se realiza. Ao contr\u00e1rio dos gigantescos parques aqu\u00e1ticos tropicais cheios de tobo\u00e1guas, voc\u00ea encontra aqui uma atmosfera bem mais tranquila. Os complexos locais se concentram mais no descanso de verdade, na \u00e1gua curativa e num saunar caprichado em ambiente silencioso.<\/p>\n\n\n\n<p class=\"wp-block-paragraph\">Venha para c\u00e1 se voc\u00ea quer aproveitar os efeitos ben\u00e9ficos das fontes naturais sem pressa desnecess\u00e1ria. Cidades conhecidas como Bad Kreuznach ou Bad Ems atraem com <strong>\u00e1gua de rad\u00f4nio ou salgada<\/strong>, que relaxa os m\u00fasculos cansados. A rota de carro da regi\u00e3o central leva um pouco mais de tempo, mas por aquele sossego divino e as multid\u00f5es menores de visitantes vale a pena. \u00c9 simplesmente uma escolha ideal para um <strong>descontra\u00eddo fim de semana prolongado<\/strong> cheio de relaxa\u00e7\u00e3o.<\/p>\n\n\n\n<figure data-wp-context=\"{&quot;imageId&quot;:&quot;6a9c2d687c491&quot;}\" data-wp-interactive=\"core\/image\" data-wp-key=\"6a9c2d687c491\" class=\"wp-block-image size-full wp-lightbox-container\"><img decoding=\"async\" width=\"1800\" height=\"1203\" data-wp-class--hide=\"state.isContentHidden\" data-wp-class--show=\"state.isContentVisible\" data-wp-init=\"callbacks.setButtonStyles\" data-wp-on--click=\"actions.showLightbox\" data-wp-on--load=\"callbacks.setButtonStyles\" data-wp-on--pointerdown=\"actions.preloadImage\" data-wp-on--pointerenter=\"actions.preloadImageWithDelay\" data-wp-on--pointerleave=\"actions.cancelPreload\" data-wp-on-window--resize=\"callbacks.setButtonStyles\" src=\"https:\/\/loudavymkrokem.cz\/wp-content\/uploads\/2026\/09\/nemecko-clanky-termaly-nemecko-62-7c30d429.jpg\" alt=\"Crucenia Thermen em Bad Kreuznach sobre o rio Nahe\" class=\"wp-image-415518\" title=\"\" srcset=\"https:\/\/loudavymkrokem.cz\/wp-content\/uploads\/2026\/09\/nemecko-clanky-termaly-nemecko-62-7c30d429.jpg 1800w, https:\/\/loudavymkrokem.cz\/wp-content\/uploads\/2026\/09\/nemecko-clanky-termaly-nemecko-62-7c30d429-300x201.jpg 300w, https:\/\/loudavymkrokem.cz\/wp-content\/uploads\/2026\/09\/nemecko-clanky-termaly-nemecko-62-7c30d429-700x468.jpg 700w, https:\/\/loudavymkrokem.cz\/wp-content\/uploads\/2026\/09\/nemecko-clanky-termaly-nemecko-62-7c30d429-768x513.jpg 768w, https:\/\/loudavymkrokem.cz\/wp-content\/uploads\/2026\/09\/nemecko-clanky-termaly-nemecko-62-7c30d429-1536x1027.jpg 1536w, https:\/\/loudavymkrokem.cz\/wp-content\/uploads\/2026\/09\/nemecko-clanky-termaly-nemecko-62-7c30d429-696x465.jpg 696w, https:\/\/loudavymkrokem.cz\/wp-content\/uploads\/2026\/09\/nemecko-clanky-termaly-nemecko-62-7c30d429-1392x930.jpg 1392w\" sizes=\"(max-width: 1800px) 100vw, 1800px\" \/><button\n\t\t\tclass=\"lightbox-trigger\"\n\t\t\ttype=\"button\"\n\t\t\taria-haspopup=\"dialog\"\n\t\t\tdata-wp-bind--aria-label=\"state.thisImage.triggerButtonAriaLabel\"\n\t\t\tdata-wp-init=\"callbacks.initTriggerButton\"\n\t\t\tdata-wp-on--click=\"actions.showLightbox\"\n\t\t\tdata-wp-style--right=\"state.thisImage.buttonRight\"\n\t\t\tdata-wp-style--top=\"state.thisImage.buttonTop\"\n\t\t>\n\t\t\t<svg xmlns=\"http:\/\/www.w3.org\/2000\/svg\" width=\"12\" height=\"12\" fill=\"none\" viewBox=\"0 0 12 12\">\n\t\t\t\t<path fill=\"#fff\" d=\"M2 0a2 2 0 0 0-2 2v2h1.5V2a.5.5 0 0 1 .5-.5h2V0H2Zm2 10.5H2a.5.5 0 0 1-.5-.5V8H0v2a2 2 0 0 0 2 2h2v-1.5ZM8 12v-1.5h2a.5.5 0 0 0 .5-.5V8H12v2a2 2 0 0 1-2 2H8Zm2-12a2 2 0 0 1 2 2v2h-1.5V2a.5.5 0 0 0-.5-.5H8V0h2Z\" \/>\n\t\t\t<\/svg>\n\t\t<\/button><figcaption class=\"wp-element-caption\">Foto: Pudelek (Marcin Szala) \/ Wikimedia Commons, CC BY-SA 3.0<\/figcaption><\/figure>\n\n\n\n<h3 class=\"wp-block-heading\"><span class=\"ez-toc-section\" id=\"50_Crucenia_Thermen_Bad_Kreuznach\"><\/span>50. Crucenia Thermen (Bad Kreuznach)<span class=\"ez-toc-section-end\"><\/span><\/h3>\n\n\n\n<p class=\"wp-block-paragraph\">Essas agrad\u00e1veis termas na cidade de Bad Kreuznach ostentam um detalhe muito simp\u00e1tico: a <strong>acessibilidade oficialmente certificada<\/strong>. Ent\u00e3o, se voc\u00ea mesmo tem alguma dificuldade de mobilidade, ou vai no fim de semana com algu\u00e9m mais idoso da fam\u00edlia, o Crucenia Thermen ser\u00e1 a escolha ideal. Todo o complexo aposta no geral mais no sossego, na sa\u00fade e num ritmo mais lento do que em atra\u00e7\u00f5es aqu\u00e1ticas radicais.<\/p>\n\n\n\n<p class=\"wp-block-paragraph\">Voc\u00ea pode esperar <strong>duas piscinas internas e uma externa<\/strong>, nas quais flui continuamente \u00e1gua termal com temperatura de cerca de 33 \u00b0C. Se voc\u00ea gosta de ficar de molho por muito tempo, vai apreciar mais uma piscina aquecida a exatos 30 \u00b0C, complementada por espregui\u00e7adeiras de massagem de bolhas e uma aconchegante sala de descanso. Na entrada voc\u00ea <strong>tem inclu\u00edda tamb\u00e9m a hidrogin\u00e1stica<\/strong>, ent\u00e3o d\u00e1 tamb\u00e9m para se alongar um pouco de forma ativa. Para um aquecimento r\u00e1pido do corpo serve muito bem a sauna de infravermelho local.<\/p>\n\n\n\n<p class=\"wp-block-paragraph\">Quanto aos custos, agradam os servi\u00e7os complementares, que voc\u00ea adquire aqui por valores muito amig\u00e1veis. Segundo a tabela de 2026, voc\u00ea paga pela <strong>massagem parcial de meia hora apenas 8 \u20ac<\/strong>, o que para a Alemanha \u00e9 um pre\u00e7o bem bacana. Se voc\u00ea quisesse presentear algu\u00e9m com uma estadia, os vales-presente come\u00e7am j\u00e1 em 5 \u20ac. <strong>\ud83d\udca1 Dica:<\/strong> embora n\u00e3o espere aqui um enorme parque de saunas, a pr\u00f3pria \u00e1gua curativa \u00e9 mais do que suficiente para aquecer os ossos ap\u00f3s um passeio de dia inteiro.<\/p>\n\n\n\n<figure data-wp-context=\"{&quot;imageId&quot;:&quot;6a9c2d687ca06&quot;}\" data-wp-interactive=\"core\/image\" data-wp-key=\"6a9c2d687ca06\" class=\"wp-block-image size-full wp-lightbox-container\"><img decoding=\"async\" width=\"1800\" height=\"1800\" data-wp-class--hide=\"state.isContentHidden\" data-wp-class--show=\"state.isContentVisible\" data-wp-init=\"callbacks.setButtonStyles\" data-wp-on--click=\"actions.showLightbox\" data-wp-on--load=\"callbacks.setButtonStyles\" data-wp-on--pointerdown=\"actions.preloadImage\" data-wp-on--pointerenter=\"actions.preloadImageWithDelay\" data-wp-on--pointerleave=\"actions.cancelPreload\" data-wp-on-window--resize=\"callbacks.setButtonStyles\" src=\"https:\/\/loudavymkrokem.cz\/wp-content\/uploads\/2026\/09\/nemecko-clanky-termaly-nemecko-63-ec29e746-1.jpg\" alt=\"Emser Therme (Bad Ems)\" class=\"wp-image-415437\" title=\"\" srcset=\"https:\/\/loudavymkrokem.cz\/wp-content\/uploads\/2026\/09\/nemecko-clanky-termaly-nemecko-63-ec29e746-1.jpg 1800w, https:\/\/loudavymkrokem.cz\/wp-content\/uploads\/2026\/09\/nemecko-clanky-termaly-nemecko-63-ec29e746-1-300x300.jpg 300w, https:\/\/loudavymkrokem.cz\/wp-content\/uploads\/2026\/09\/nemecko-clanky-termaly-nemecko-63-ec29e746-1-700x700.jpg 700w, https:\/\/loudavymkrokem.cz\/wp-content\/uploads\/2026\/09\/nemecko-clanky-termaly-nemecko-63-ec29e746-1-150x150.jpg 150w, https:\/\/loudavymkrokem.cz\/wp-content\/uploads\/2026\/09\/nemecko-clanky-termaly-nemecko-63-ec29e746-1-768x768.jpg 768w, https:\/\/loudavymkrokem.cz\/wp-content\/uploads\/2026\/09\/nemecko-clanky-termaly-nemecko-63-ec29e746-1-1536x1536.jpg 1536w, https:\/\/loudavymkrokem.cz\/wp-content\/uploads\/2026\/09\/nemecko-clanky-termaly-nemecko-63-ec29e746-1-696x696.jpg 696w, https:\/\/loudavymkrokem.cz\/wp-content\/uploads\/2026\/09\/nemecko-clanky-termaly-nemecko-63-ec29e746-1-1392x1392.jpg 1392w\" sizes=\"(max-width: 1800px) 100vw, 1800px\" \/><button\n\t\t\tclass=\"lightbox-trigger\"\n\t\t\ttype=\"button\"\n\t\t\taria-haspopup=\"dialog\"\n\t\t\tdata-wp-bind--aria-label=\"state.thisImage.triggerButtonAriaLabel\"\n\t\t\tdata-wp-init=\"callbacks.initTriggerButton\"\n\t\t\tdata-wp-on--click=\"actions.showLightbox\"\n\t\t\tdata-wp-style--right=\"state.thisImage.buttonRight\"\n\t\t\tdata-wp-style--top=\"state.thisImage.buttonTop\"\n\t\t>\n\t\t\t<svg xmlns=\"http:\/\/www.w3.org\/2000\/svg\" width=\"12\" height=\"12\" fill=\"none\" viewBox=\"0 0 12 12\">\n\t\t\t\t<path fill=\"#fff\" d=\"M2 0a2 2 0 0 0-2 2v2h1.5V2a.5.5 0 0 1 .5-.5h2V0H2Zm2 10.5H2a.5.5 0 0 1-.5-.5V8H0v2a2 2 0 0 0 2 2h2v-1.5ZM8 12v-1.5h2a.5.5 0 0 0 .5-.5V8H12v2a2 2 0 0 1-2 2H8Zm2-12a2 2 0 0 1 2 2v2h-1.5V2a.5.5 0 0 0-.5-.5H8V0h2Z\" \/>\n\t\t\t<\/svg>\n\t\t<\/button><\/figure>\n\n\n\n<h3 class=\"wp-block-heading\"><span class=\"ez-toc-section\" id=\"51_Emser_Therme_Bad_Ems\"><\/span>51. Emser Therme (Bad Ems)<span class=\"ez-toc-section-end\"><\/span><\/h3>\n\n\n\n<p class=\"wp-block-paragraph\">Essas bel\u00edssimas termas ficam bem \u00e0 margem do rio Lahn e te oferecem <strong>6.600 metros quadrados de \u00e1rea de relaxamento<\/strong>. Voc\u00ea encontra ali uma ampla paisagem termal, parque de saunas, galeria de wellness, panorama de fitness e o restaurante Halberts. As Emser Therme s\u00e3o simplesmente um enorme e completo mundo de descanso, onde voc\u00ea passa tranquilamente o dia inteiro e ainda tem sempre o que descobrir.<\/p>\n\n\n\n<p class=\"wp-block-paragraph\">Voc\u00ea aproveita as del\u00edcias aqu\u00e1ticas em <strong>mais de 700 metros quadrados de espelho d&#8217;\u00e1gua<\/strong>. A principal piscina termal interna te recebe com temperatura de 33 \u00b0C, mas logo se conecta a ela uma zona ainda mais quente, de 36 \u00b0C. D\u00e1 tamb\u00e9m para nadar l\u00e1 fora, onde a \u00e1gua tem de 32 a 35 \u00b0C e te oferece uma linda vista do rio. Para os nadadores mais ativos, o complexo esconde ent\u00e3o uma <strong>piscina esportiva com temperatura de 24 a 28 \u00b0C<\/strong> e uma piscina especial para atividades f\u00edsicas.<\/p>\n\n\n\n<p class=\"wp-block-paragraph\">Os amantes do suor v\u00e3o adorar o enorme complexo, que oferece mais de <strong>1.000 metros quadrados de espa\u00e7o para saunar<\/strong>. \u00c9 simplesmente o lugar ideal para uma regenera\u00e7\u00e3o profunda do corpo e da mente. Para o endurecimento nas saunas voc\u00ea usa a piscina quente de 38 \u00b0C e depois se refresca rapidamente na \u00e1gua gelada de dezoito graus. <strong>\ud83d\udca1 Dica:<\/strong> se depois de nadar bater a fome, experimente logo o restaurante local Halberts, para n\u00e3o precisar sair do complexo durante o dia.<\/p>\n\n\n\n<figure data-wp-context=\"{&quot;imageId&quot;:&quot;6a9c2d687cf39&quot;}\" data-wp-interactive=\"core\/image\" data-wp-key=\"6a9c2d687cf39\" class=\"wp-block-image size-full wp-lightbox-container\"><img decoding=\"async\" width=\"1800\" height=\"1350\" data-wp-class--hide=\"state.isContentHidden\" data-wp-class--show=\"state.isContentVisible\" data-wp-init=\"callbacks.setButtonStyles\" data-wp-on--click=\"actions.showLightbox\" data-wp-on--load=\"callbacks.setButtonStyles\" data-wp-on--pointerdown=\"actions.preloadImage\" data-wp-on--pointerenter=\"actions.preloadImageWithDelay\" data-wp-on--pointerleave=\"actions.cancelPreload\" data-wp-on-window--resize=\"callbacks.setButtonStyles\" src=\"https:\/\/loudavymkrokem.cz\/wp-content\/uploads\/2026\/09\/nemecko-clanky-termaly-nemecko-64-23e551d5-1.jpg\" alt=\"Jardim de saunas do vabali spa em Berlim\" class=\"wp-image-415441\" title=\"\" srcset=\"https:\/\/loudavymkrokem.cz\/wp-content\/uploads\/2026\/09\/nemecko-clanky-termaly-nemecko-64-23e551d5-1.jpg 1800w, https:\/\/loudavymkrokem.cz\/wp-content\/uploads\/2026\/09\/nemecko-clanky-termaly-nemecko-64-23e551d5-1-300x225.jpg 300w, https:\/\/loudavymkrokem.cz\/wp-content\/uploads\/2026\/09\/nemecko-clanky-termaly-nemecko-64-23e551d5-1-700x525.jpg 700w, https:\/\/loudavymkrokem.cz\/wp-content\/uploads\/2026\/09\/nemecko-clanky-termaly-nemecko-64-23e551d5-1-768x576.jpg 768w, https:\/\/loudavymkrokem.cz\/wp-content\/uploads\/2026\/09\/nemecko-clanky-termaly-nemecko-64-23e551d5-1-1536x1152.jpg 1536w, https:\/\/loudavymkrokem.cz\/wp-content\/uploads\/2026\/09\/nemecko-clanky-termaly-nemecko-64-23e551d5-1-80x60.jpg 80w, https:\/\/loudavymkrokem.cz\/wp-content\/uploads\/2026\/09\/nemecko-clanky-termaly-nemecko-64-23e551d5-1-160x120.jpg 160w, https:\/\/loudavymkrokem.cz\/wp-content\/uploads\/2026\/09\/nemecko-clanky-termaly-nemecko-64-23e551d5-1-696x522.jpg 696w, https:\/\/loudavymkrokem.cz\/wp-content\/uploads\/2026\/09\/nemecko-clanky-termaly-nemecko-64-23e551d5-1-1392x1044.jpg 1392w\" sizes=\"(max-width: 1800px) 100vw, 1800px\" \/><button\n\t\t\tclass=\"lightbox-trigger\"\n\t\t\ttype=\"button\"\n\t\t\taria-haspopup=\"dialog\"\n\t\t\tdata-wp-bind--aria-label=\"state.thisImage.triggerButtonAriaLabel\"\n\t\t\tdata-wp-init=\"callbacks.initTriggerButton\"\n\t\t\tdata-wp-on--click=\"actions.showLightbox\"\n\t\t\tdata-wp-style--right=\"state.thisImage.buttonRight\"\n\t\t\tdata-wp-style--top=\"state.thisImage.buttonTop\"\n\t\t>\n\t\t\t<svg xmlns=\"http:\/\/www.w3.org\/2000\/svg\" width=\"12\" height=\"12\" fill=\"none\" viewBox=\"0 0 12 12\">\n\t\t\t\t<path fill=\"#fff\" d=\"M2 0a2 2 0 0 0-2 2v2h1.5V2a.5.5 0 0 1 .5-.5h2V0H2Zm2 10.5H2a.5.5 0 0 1-.5-.5V8H0v2a2 2 0 0 0 2 2h2v-1.5ZM8 12v-1.5h2a.5.5 0 0 0 .5-.5V8H12v2a2 2 0 0 1-2 2H8Zm2-12a2 2 0 0 1 2 2v2h-1.5V2a.5.5 0 0 0-.5-.5H8V0h2Z\" \/>\n\t\t\t<\/svg>\n\t\t<\/button><\/figure>\n\n\n\n<h2 class=\"wp-block-heading\"><span class=\"ez-toc-section\" id=\"Guia_pratico_o_que_levar_com_criancas_e_em_dinheiro\"><\/span>Guia pr\u00e1tico: o que levar, com crian\u00e7as e em dinheiro<span class=\"ez-toc-section-end\"><\/span><\/h2>\n\n\n\n<p class=\"wp-block-paragraph\">Antes de sair, coloque na mala uma <strong>toalha grande para p\u00f4r embaixo de voc\u00ea na sauna<\/strong>, porque na Alemanha se saunar rigorosamente sem roupa de banho e a toalha precisa ficar embaixo de todo o corpo. Para transitar entre as piscinas v\u00e3o bem os chinelos e, para o banho em si, claro, a roupa de banho. O aluguel de roup\u00e3o ou toalha no local \u00e9 quase sempre pago; por exemplo, no Thermen &#038; Badewelt Sinsheim voc\u00ea <strong>paga 9 \u20ac pelo roup\u00e3o e mais 40 \u20ac de cau\u00e7\u00e3o<\/strong>. Na Kristalltherme Bad Wilsnack a toalha com o roup\u00e3o sai por 12 \u20ac e, al\u00e9m disso, prepare uma cau\u00e7\u00e3o de 15 \u20ac.<\/p>\n\n\n\n<p class=\"wp-block-paragraph\">A carteira voc\u00ea pode deixar tranquilamente no arm\u00e1rio, porque l\u00e1 dentro se <strong>paga com um chip ou pulseira<\/strong> que voc\u00ea recebe na entrada. A conta da comida e eventuais acr\u00e9scimos por uma estadia mais longa voc\u00ea acerta s\u00f3 no fim, no caixa de sa\u00edda, sendo que alguns complexos t\u00eam limites de cr\u00e9dito definidos, como a Titania Neus\u00e4\u00df, com limite de 50 \u20ac por adulto. <strong>\ud83d\udca1 Dica:<\/strong> se voc\u00ea visita as termas com frequ\u00eancia, pergunte pelos cart\u00f5es pr\u00e9-pagos, porque em Sinsheim, por exemplo, com 150 \u20ac de cr\u00e9dito voc\u00ea ganha logo 5% de desconto na entrada.<\/p>\n\n\n\n<p class=\"wp-block-paragraph\">O estacionamento costuma estar resolvido na maioria dos complexos com estacionamentos generosos, sendo que alguns lugares pensam tamb\u00e9m nos motorhomes, como oferece por exemplo a Adelindis Therme Bad Buchau. Em lugares como a Carolus Thermen Aachen voc\u00ea <strong>paga pela garagem uma taxa fixa de 6 \u20ac<\/strong> por toda a visita e chega \u00e0s piscinas confortavelmente sem molhar o p\u00e9.<\/p>\n\n\n\n<p class=\"wp-block-paragraph\">Quer sossego? Ent\u00e3o <strong>evite os fins de semana, feriados e as f\u00e9rias escolares alem\u00e3s<\/strong>, quando n\u00e3o s\u00f3 tudo fica mais cheio, mas frequentemente se pagam tamb\u00e9m acr\u00e9scimos de fim de semana entre 1,50 e 5 \u20ac. Alguns complexos, como a VitaSol Therme Bad Salzuflen, chegam inclusive a <strong>mostrar no site a lota\u00e7\u00e3o atual<\/strong>, ent\u00e3o voc\u00ea pode checar as vagas antes de sair. Na Spreewald Therme Burg voc\u00ea pode ent\u00e3o reservar por 7,50 \u20ac uma espregui\u00e7adeira espec\u00edfica na zona tranquila para o dia inteiro e garantir seu lugar.<\/p>\n\n\n\n<p class=\"wp-block-paragraph\">As fam\u00edlias com crian\u00e7as devem escolher com cuidado de antem\u00e3o, porque <strong>alguns complexos t\u00eam limites de idade rigorosos<\/strong> e apostam mais no descanso silencioso dos adultos. No Thermen &#038; Badewelt Sinsheim te deixam entrar s\u00f3 a partir dos 16 anos e a Mineraltherme B\u00f6blingen, por exemplo, n\u00e3o deixa entrar crian\u00e7as menores de cinco anos. J\u00e1 na Therme Erding ou na Titania Neus\u00e4\u00df, com tarifas familiares vantajosas, as <strong>crian\u00e7as se divertem \u00e0 vontade nos tobo\u00e1guas e nas ondas<\/strong>.<\/p>\n\n\n\n<p class=\"wp-block-paragraph\">Antes da pr\u00f3pria viagem, recomendo <strong>checar a tabela atual de 2026<\/strong> e eventuais paradas t\u00e9cnicas direto no site das termas escolhidas. Assim voc\u00ea evita uma decep\u00e7\u00e3o desnecess\u00e1ria no local, porque, por exemplo, a piscina termal externa da Bodensee-Therme Konstanz est\u00e1 em reforma at\u00e9 25 de setembro de 2026. Da mesma forma, \u00e9 bom saber que <strong>na D\u00fcnen-Therme St. Peter-Ording est\u00e3o no momento fora de opera\u00e7\u00e3o a piscina de ondas<\/strong> e o popular Turbo-Rutsche.<\/p>\n\n\n\n<h2 class=\"wp-block-heading\"><span class=\"ez-toc-section\" id=\"Para_onde_ir_mais_artigos_sobre_termas_e_wellness\"><\/span>Para onde ir: mais artigos sobre termas e wellness<span class=\"ez-toc-section-end\"><\/span><\/h2>\n\n\n\n<ul class=\"wp-block-list\">\n\n<li><strong><a href=\"https:\/\/loudavymkrokem.cz\/pt-br\/hoteis-wellness-alemanha\/\">Hot\u00e9is de wellness na Alemanha<\/a><\/strong> &#8211; veja nossas dicas dos melhores lugares para relaxar por l\u00e1.<\/li>\n\n\n\n<li><strong><a href=\"https:\/\/loudavymkrokem.cz\/pt-br\/parques-aquaticos-alemanha\/\">Os melhores parques aqu\u00e1ticos da Alemanha<\/a><\/strong> &#8211; se voc\u00ea procura mais adrenalina e tobo\u00e1guas, esses lugares v\u00e3o te encantar.<\/li>\n\n\n\n<li><strong><a href=\"https:\/\/loudavymkrokem.cz\/pt-br\/melhores-termas-republica-tcheca\/\">As melhores termas da regi\u00e3o central<\/a><\/strong> &#8211; descubra os complexos mais bonitos, pelos quais voc\u00ea nem precisa cruzar a fronteira.<\/li>\n\n\n\n<li><strong><a href=\"https:\/\/loudavymkrokem.cz\/pt-br\/termas-eslovaquia-melhores\/\">Termas na Eslov\u00e1quia<\/a><\/strong> &#8211; descubra para onde ir atr\u00e1s de fontes quentes e descanso na Eslov\u00e1quia.<\/li>\n\n\n\n<li><strong><a href=\"https:\/\/loudavymkrokem.cz\/pt-br\/austria-wellness-hoteis\/\">Hot\u00e9is de wellness na \u00c1ustria<\/a><\/strong> &#8211; inspire-se nos lindos hot\u00e9is austr\u00edacos, que unem as montanhas ao cuidado luxuoso.<\/li>\n\n\n\n<li><strong><a href=\"https:\/\/loudavymkrokem.cz\/pt-br\/castelo-neuschwanstein-alemanha\/\">Castelo de Neuschwanstein<\/a><\/strong> &#8211; leia sobre o castelo de conto de fadas, porque a K\u00f6nigliche Kristall-Therme em Schwangau fica bem embaixo dele.<\/li>\n\n\n<\/ul>\n\n\n\n<h2 class=\"wp-block-heading\"><span class=\"ez-toc-section\" id=\"Perguntas_frequentes\"><\/span>Perguntas frequentes<span class=\"ez-toc-section-end\"><\/span><\/h2>\n\n\n\n<p class=\"wp-block-paragraph\">Ainda tem alguma d\u00favida adicional sobre a visita \u00e0s termas na Alemanha? Preparei para voc\u00ea um resumo das perguntas mais frequentes, que vai facilitar o planejamento da sua viagem.<\/p>\n\n\n<div id=\"rank-math-faq\" class=\"rank-math-block\">\n<div class=\"rank-math-list \">\n<div id=\"faq-question-1788420581000\" class=\"rank-math-list-item\">\n<h3 class=\"rank-math-question \"><span class=\"ez-toc-section\" id=\"Qual_e_a_maior_terma_da_Alemanha\"><\/span>Qual \u00e9 a maior terma da Alemanha?<span class=\"ez-toc-section-end\"><\/span><\/h3>\n<div class=\"rank-math-answer \">\n\n<p>O t\u00edtulo da maior terma da Alemanha pertence \u00e0 Therme Erding. Segundo o site oficial, l\u00e1 voc\u00ea encontra 40 piscinas, 38 saunas e banhos de vapor e nada menos que 28 tobog\u00e3s com um comprimento total de mais de 2.850 metros. \u00c9 um complexo enorme, que se estende por uma \u00e1rea imensa e oferece divers\u00e3o para o dia todo, tanto para adultos quanto para crian\u00e7as.<\/p>\n\n<\/div>\n<\/div>\n<div id=\"faq-question-1788420581001\" class=\"rank-math-list-item\">\n<h3 class=\"rank-math-question \"><span class=\"ez-toc-section\" id=\"Quanto_custa_a_entrada_em_uma_terma_alema\"><\/span>Quanto custa a entrada em uma terma alem\u00e3?<span class=\"ez-toc-section-end\"><\/span><\/h3>\n<div class=\"rank-math-answer \">\n\n<p>O n\u00edvel de pre\u00e7os para 2026 varia tipicamente entre R$ 75 e R$ 120 (13 a 21 \u20ac) por duas horas de banho. Pela entrada de dia inteiro voc\u00ea paga geralmente de R$ 105 a R$ 215 (18 a 37 \u20ac). As mais caras da nossa lista s\u00e3o as termas Therme Bad W\u00f6rishofen, onde o ingresso de dia inteiro sai por R$ 295 (51 \u20ac). Se voc\u00ea quiser visitar tamb\u00e9m o mundo das saunas, conte com um acr\u00e9scimo de aproximadamente R$ 30 a R$ 60 (5 a 10 \u20ac).<\/p>\n\n<\/div>\n<\/div>\n<div id=\"faq-question-1788420581002\" class=\"rank-math-list-item\">\n<h3 class=\"rank-math-question \"><span class=\"ez-toc-section\" id=\"E_obrigatorio_ficar_nu_na_sauna_alema\"><\/span>\u00c9 obrigat\u00f3rio ficar nu na sauna alem\u00e3?<span class=\"ez-toc-section-end\"><\/span><\/h3>\n<div class=\"rank-math-answer \">\n\n<p>Sim, nas saunas da Alemanha \u00e9 estritamente proibido usar trajes de banho. Por isso, n\u00e3o esque\u00e7a de levar uma toalha grande ou um len\u00e7ol, pois voc\u00ea precisa forrar todo o corpo por baixo, incluindo os p\u00e9s. Se voc\u00ea tiver vergonha, pode se enrolar na toalha dentro da sauna, mas os salva-vidas n\u00e3o v\u00e3o deixar voc\u00ea entrar com roupa de banho molhada por quest\u00f5es de higiene.<\/p>\n\n<\/div>\n<\/div>\n<div id=\"faq-question-1788420581003\" class=\"rank-math-list-item\">\n<h3 class=\"rank-math-question \"><span class=\"ez-toc-section\" id=\"Quais_termas_alemas_ficam_mais_perto_da_fronteira_da_Republica_Tcheca\"><\/span>Quais termas alem\u00e3s ficam mais perto da fronteira da Rep\u00fablica Tcheca?<span class=\"ez-toc-section-end\"><\/span><\/h3>\n<div class=\"rank-math-answer \">\n\n<p>Logo ap\u00f3s a fronteira na Baviera, perto de Cheb, fica a Sibyllenbad em Neualbenreuth, que est\u00e1 entre as mais baratas. Um pouco depois de H\u0159ensko, na Su\u00ed\u00e7a Sax\u00f4nica, voc\u00ea encontra a Toskana Therme Bad Schandau com o famoso conceito de m\u00fasica subaqu\u00e1tica. Do sul da Bo\u00eamia e da regi\u00e3o de \u0160umava, passando por Passau, voc\u00ea tamb\u00e9m chega facilmente \u00e0s termas de Bad F\u00fcssing e Bad Griesbach.<\/p>\n\n<\/div>\n<\/div>\n<div id=\"faq-question-1788420581004\" class=\"rank-math-list-item\">\n<h3 class=\"rank-math-question \"><span class=\"ez-toc-section\" id=\"Criancas_podem_entrar_nas_termas_alemas\"><\/span>Crian\u00e7as podem entrar nas termas alem\u00e3s?<span class=\"ez-toc-section-end\"><\/span><\/h3>\n<div class=\"rank-math-answer \">\n\n<p>Depende do complexo espec\u00edfico, pois muitos deles s\u00e3o voltados mais para adultos. Por exemplo, na Thermen &amp; Badewelt Sinsheim s\u00f3 podem entrar jovens a partir de 16 anos e a Mineraltherme B\u00f6blingen n\u00e3o aceita crian\u00e7as com menos de 5 anos. Por outro lado, a Therme Erding ou a Titania Neus\u00e4\u00df s\u00e3o perfeitas para fam\u00edlias com crian\u00e7as e oferecem tarifas familiares e atra\u00e7\u00f5es.<\/p>\n\n<\/div>\n<\/div>\n<div id=\"faq-question-1788420581005\" class=\"rank-math-list-item\">\n<h3 class=\"rank-math-question \"><span class=\"ez-toc-section\" id=\"O_que_significa_Bademantelgang\"><\/span>O que significa Bademantelgang?<span class=\"ez-toc-section-end\"><\/span><\/h3>\n<div class=\"rank-math-answer \">\n\n<p>A palavra Bademantelgang designa um corredor aquecido que conecta determinadas acomoda\u00e7\u00f5es diretamente ao complexo termal. Gra\u00e7as a isso, voc\u00ea pode se trocar e vestir o traje de banho e o roup\u00e3o j\u00e1 no conforto do seu quarto de hotel e atravessar at\u00e9 as piscinas com os p\u00e9s secos, digamos assim. Voc\u00ea n\u00e3o precisa, portanto, usar os vesti\u00e1rios e arm\u00e1rios comuns das termas.<\/p>\n\n<\/div>\n<\/div>\n<div id=\"faq-question-1788420581006\" class=\"rank-math-list-item\">\n<h3 class=\"rank-math-question \"><span class=\"ez-toc-section\" id=\"Preciso_levar_minha_propria_toalha_e_roupao\"><\/span>Preciso levar minha pr\u00f3pria toalha e roup\u00e3o?<span class=\"ez-toc-section-end\"><\/span><\/h3>\n<div class=\"rank-math-answer \">\n\n<p>Leve seus pr\u00f3prios itens, pois o aluguel de roup\u00e3o e toalha nas termas alem\u00e3s quase sempre \u00e9 pago e exige um dep\u00f3sito. Por exemplo, na Kristalltherme Bad Wilsnack voc\u00ea paga 5 \u20ac pela toalha e 7 \u20ac pelo roup\u00e3o, al\u00e9m de deixar um dep\u00f3sito de 15 \u20ac. Assim, sua visita ficaria desnecessariamente mais cara.<\/p>\n\n<\/div>\n<\/div>\n<div id=\"faq-question-1788420581007\" class=\"rank-math-list-item\">\n<h3 class=\"rank-math-question \"><span class=\"ez-toc-section\" id=\"Quando_ha_menos_movimento_nas_termas_alemas\"><\/span>Quando h\u00e1 menos movimento nas termas alem\u00e3s?<span class=\"ez-toc-section-end\"><\/span><\/h3>\n<div class=\"rank-math-answer \">\n\n<p>Voc\u00ea aproveitar\u00e1 mais tranquilidade durante os dias de semana, idealmente logo ap\u00f3s a abertura matinal ou no per\u00edodo noturno. Evite definitivamente os fins de semana, feriados nacionais e per\u00edodos de f\u00e9rias escolares alem\u00e3s. Muitas termas ainda cobram taxas extras nos fins de semana, geralmente entre R$ 10 e R$ 30 (1,50 a 5 \u20ac), ent\u00e3o visitando durante a semana voc\u00ea tamb\u00e9m economiza.<\/p>\n\n<\/div>\n<\/div>\n<div id=\"faq-question-1788420581008\" class=\"rank-math-list-item\">\n<h3 class=\"rank-math-question \"><span class=\"ez-toc-section\" id=\"Ha_taxa_de_turismo_nas_termas_da_Alemanha\"><\/span>H\u00e1 taxa de turismo nas termas da Alemanha?<span class=\"ez-toc-section-end\"><\/span><\/h3>\n<div class=\"rank-math-answer \">\n\n<p>Sim, se voc\u00ea se hospedar em uma cidade termal tradicional, pagar\u00e1 uma taxa de perman\u00eancia chamada Kurbeitrag. Em troca, por\u00e9m, voc\u00ea geralmente recebe um cart\u00e3o de h\u00f3spede que garante descontos nas entradas. Por exemplo, os h\u00f3spedes alojados nos arredores da Havel Therme Werder t\u00eam direito a entrada com desconto nos dias de semana, basta apenas mostrar o cart\u00e3o no caixa.<\/p>\n\n<\/div>\n<\/div>\n<div id=\"faq-question-1788420581009\" class=\"rank-math-list-item\">\n<h3 class=\"rank-math-question \"><span class=\"ez-toc-section\" id=\"Qual_terma_alema_e_mais_indicada_para_familias_com_criancas\"><\/span>Qual terma alem\u00e3 \u00e9 mais indicada para fam\u00edlias com crian\u00e7as?<span class=\"ez-toc-section-end\"><\/span><\/h3>\n<div class=\"rank-math-answer \">\n\n<p>Sem d\u00favida, a melhor op\u00e7\u00e3o para fam\u00edlias \u00e9 a Therme Erding, onde as crian\u00e7as se divertem em 28 tobog\u00e3s e em uma grande piscina de ondas. Excelentes tamb\u00e9m s\u00e3o as termas Spreewelten Bad L\u00fcbbenau, onde voc\u00ea pode observar pinguins vivos atrav\u00e9s de uma parede de vidro na piscina. \u00d3tima infraestrutura oferecem tamb\u00e9m a Titania Neus\u00e4\u00df ou a D\u00fcnen-Therme St. Peter-Ording, que t\u00eam tarifas infantis vantajosas.<\/p>\n\n<\/div>\n<\/div>\n<\/div>\n<\/div>","protected":false},"excerpt":{"rendered":"<p>Panorama completo de 51 termas na Alemanha por estados federais: pre\u00e7os 2026, onde se vai sem roupa de banho e onde dormir bem ao lado da piscina.<\/p>\n","protected":false},"author":3,"featured_media":415526,"comment_status":"open","ping_status":"open","sticky":false,"template":"","format":"standard","meta":{"_acf_changed":false,"footnotes":"","rank_math_title":"Termas na Alemanha: 51 melhores dicas em 2026","rank_math_description":"Guia com 51 termas na Alemanha por estado: pre\u00e7os 2026, regras de sauna e onde dormir de roup\u00e3o ao lado da piscina. Descubra as melhores e planeje j\u00e1!","rank_math_focus_keyword":"termas na alemanha","rank_math_seo_score":""},"categories":[82],"tags":[],"class_list":["post-417401","post","type-post","status-publish","format-standard","has-post-thumbnail","category-cestovani"],"acf":[],"featured_image_src":"https:\/\/loudavymkrokem.cz\/wp-content\/uploads\/2026\/09\/nemecko-clanky-termaly-nemecko-featured-c2c297a7.jpg","author_info":{"display_name":"Lucie Kone\u010dn\u00e1","author_link":"https:\/\/loudavymkrokem.cz\/pt-br\/author\/lucie-konecna\/"},"_links":{"self":[{"href":"https:\/\/loudavymkrokem.cz\/pt-br\/wp-json\/wp\/v2\/posts\/417401","targetHints":{"allow":["GET"]}}],"collection":[{"href":"https:\/\/loudavymkrokem.cz\/pt-br\/wp-json\/wp\/v2\/posts"}],"about":[{"href":"https:\/\/loudavymkrokem.cz\/pt-br\/wp-json\/wp\/v2\/types\/post"}],"author":[{"embeddable":true,"href":"https:\/\/loudavymkrokem.cz\/pt-br\/wp-json\/wp\/v2\/users\/3"}],"replies":[{"embeddable":true,"href":"https:\/\/loudavymkrokem.cz\/pt-br\/wp-json\/wp\/v2\/comments?post=417401"}],"version-history":[{"count":2,"href":"https:\/\/loudavymkrokem.cz\/pt-br\/wp-json\/wp\/v2\/posts\/417401\/revisions"}],"predecessor-version":[{"id":417403,"href":"https:\/\/loudavymkrokem.cz\/pt-br\/wp-json\/wp\/v2\/posts\/417401\/revisions\/417403"}],"wp:featuredmedia":[{"embeddable":true,"href":"https:\/\/loudavymkrokem.cz\/pt-br\/wp-json\/wp\/v2\/media\/415526"}],"wp:attachment":[{"href":"https:\/\/loudavymkrokem.cz\/pt-br\/wp-json\/wp\/v2\/media?parent=417401"}],"wp:term":[{"taxonomy":"category","embeddable":true,"href":"https:\/\/loudavymkrokem.cz\/pt-br\/wp-json\/wp\/v2\/categories?post=417401"},{"taxonomy":"post_tag","embeddable":true,"href":"https:\/\/loudavymkrokem.cz\/pt-br\/wp-json\/wp\/v2\/tags?post=417401"}],"curies":[{"name":"wp","href":"https:\/\/api.w.org\/{rel}","templated":true}]}}