{"id":417391,"date":"2026-09-04T10:46:03","date_gmt":"2026-09-04T08:46:03","guid":{"rendered":"https:\/\/loudavymkrokem.cz\/o-que-fazer-cartagena-colombia\/"},"modified":"2026-09-05T15:23:54","modified_gmt":"2026-09-05T13:23:54","slug":"o-que-fazer-cartagena-colombia","status":"publish","type":"post","link":"https:\/\/loudavymkrokem.cz\/pt-br\/o-que-fazer-cartagena-colombia\/","title":{"rendered":"Cartagena, Col\u00f4mbia: 22 dicas do que ver e fazer em 2026"},"content":{"rendered":"\n<p class=\"wp-block-paragraph\">Cartagena, na Col\u00f4mbia, \u00e9 uma cidade de extremos absolutos e, muito provavelmente, <strong>o lugar mais bonito e ao mesmo tempo mais irritante<\/strong> que voc\u00ea vai visitar na Am\u00e9rica do Sul. De um lado, esperam por voc\u00ea ruelas coloniais de tirar o f\u00f4lego, sacadas curvadas sob uma explos\u00e3o de buganv\u00edlias coloridas e uma atmosfera caribenha que te envolve na hora. Mas prepare-se: <strong>nada desse romantismo vem de gra\u00e7a<\/strong> e sem interrup\u00e7\u00f5es constantes.<\/p>\n\n\n\n<p class=\"wp-block-paragraph\">Logo na chegada voc\u00ea descobre que <strong>a cidade est\u00e1 cheia de vendedores ambulantes<\/strong>, que v\u00e3o te oferecer de tudo \u2014 chap\u00e9us, pulseirinhas &#8220;de presente&#8221; e massagens que definitivamente n\u00e3o s\u00e3o gr\u00e1tis. Quem j\u00e1 sabe disso de antem\u00e3o e aprende a dizer um &#8220;n\u00e3o&#8221; firme com um sorriso leva de Cartagena as melhores lembran\u00e7as. Mas se voc\u00ea se surpreende com isso, <strong>a negocia\u00e7\u00e3o constante com taxistas sem tax\u00edmetro pode te esgotar bastante<\/strong>, ent\u00e3o vale a pena se preparar psicologicamente para essa realidade.<\/p>\n\n\n\n<p class=\"wp-block-paragraph\">Aqui reunimos para voc\u00ea nada menos que <strong>22 dicas<\/strong> \u2014 das antigas muralhas aos cantinhos secretos, passando por passeios pelas ilhas caribenhas. E, sim, inclu\u00edmos tamb\u00e9m o motivo de voc\u00ea ter muito <strong>cuidado com aplicativos de relacionamento<\/strong>. \ud83d\ude05<\/p>\n\n\n\n<figure data-wp-context=\"{&quot;imageId&quot;:&quot;6a9c2cc9c85cc&quot;}\" data-wp-interactive=\"core\/image\" data-wp-key=\"6a9c2cc9c85cc\" class=\"wp-block-image size-full wp-lightbox-container\"><img decoding=\"async\" width=\"1920\" height=\"1272\" data-wp-class--hide=\"state.isContentHidden\" data-wp-class--show=\"state.isContentVisible\" data-wp-init=\"callbacks.setButtonStyles\" data-wp-on--click=\"actions.showLightbox\" data-wp-on--load=\"callbacks.setButtonStyles\" data-wp-on--pointerdown=\"actions.preloadImage\" data-wp-on--pointerenter=\"actions.preloadImageWithDelay\" data-wp-on--pointerleave=\"actions.cancelPreload\" data-wp-on-window--resize=\"callbacks.setButtonStyles\" src=\"https:\/\/loudavymkrokem.cz\/wp-content\/uploads\/2026\/09\/street-art-v-getsemani-v-cartagene-e2ad9fff.jpg\" alt=\"Arte de rua em Getseman\u00ed, em Cartagena\" class=\"wp-image-415748\" title=\"\" srcset=\"https:\/\/loudavymkrokem.cz\/wp-content\/uploads\/2026\/09\/street-art-v-getsemani-v-cartagene-e2ad9fff.jpg 1920w, https:\/\/loudavymkrokem.cz\/wp-content\/uploads\/2026\/09\/street-art-v-getsemani-v-cartagene-e2ad9fff-300x199.jpg 300w, https:\/\/loudavymkrokem.cz\/wp-content\/uploads\/2026\/09\/street-art-v-getsemani-v-cartagene-e2ad9fff-700x464.jpg 700w, https:\/\/loudavymkrokem.cz\/wp-content\/uploads\/2026\/09\/street-art-v-getsemani-v-cartagene-e2ad9fff-768x509.jpg 768w, https:\/\/loudavymkrokem.cz\/wp-content\/uploads\/2026\/09\/street-art-v-getsemani-v-cartagene-e2ad9fff-1536x1018.jpg 1536w, https:\/\/loudavymkrokem.cz\/wp-content\/uploads\/2026\/09\/street-art-v-getsemani-v-cartagene-e2ad9fff-696x461.jpg 696w, https:\/\/loudavymkrokem.cz\/wp-content\/uploads\/2026\/09\/street-art-v-getsemani-v-cartagene-e2ad9fff-1392x922.jpg 1392w\" sizes=\"(max-width: 1920px) 100vw, 1920px\" \/><button\n\t\t\tclass=\"lightbox-trigger\"\n\t\t\ttype=\"button\"\n\t\t\taria-haspopup=\"dialog\"\n\t\t\tdata-wp-bind--aria-label=\"state.thisImage.triggerButtonAriaLabel\"\n\t\t\tdata-wp-init=\"callbacks.initTriggerButton\"\n\t\t\tdata-wp-on--click=\"actions.showLightbox\"\n\t\t\tdata-wp-style--right=\"state.thisImage.buttonRight\"\n\t\t\tdata-wp-style--top=\"state.thisImage.buttonTop\"\n\t\t>\n\t\t\t<svg xmlns=\"http:\/\/www.w3.org\/2000\/svg\" width=\"12\" height=\"12\" fill=\"none\" viewBox=\"0 0 12 12\">\n\t\t\t\t<path fill=\"#fff\" d=\"M2 0a2 2 0 0 0-2 2v2h1.5V2a.5.5 0 0 1 .5-.5h2V0H2Zm2 10.5H2a.5.5 0 0 1-.5-.5V8H0v2a2 2 0 0 0 2 2h2v-1.5ZM8 12v-1.5h2a.5.5 0 0 0 .5-.5V8H12v2a2 2 0 0 1-2 2H8Zm2-12a2 2 0 0 1 2 2v2h-1.5V2a.5.5 0 0 0-.5-.5H8V0h2Z\" \/>\n\t\t\t<\/svg>\n\t\t<\/button><figcaption class=\"wp-element-caption\">Foto: Joe Ross from Lansing, Michigan \/ Wikimedia Commons, CC BY-SA 2.0<\/figcaption><\/figure>\n\n\n\n<div id=\"ez-toc-container\" class=\"ez-toc-v2_0_87 ez-toc-wrap-left counter-hierarchy ez-toc-counter ez-toc-grey ez-toc-container-direction\">\n<div class=\"ez-toc-title-container\">\n<p class=\"ez-toc-title\" style=\"cursor:inherit\">Conte\u00fado do artigo<\/p>\n<span class=\"ez-toc-title-toggle\"><a href=\"#\" class=\"ez-toc-pull-right ez-toc-btn ez-toc-btn-xs ez-toc-btn-default ez-toc-toggle\" aria-label=\"Alternar tabela de conte\u00fado\"><span class=\"ez-toc-js-icon-con\"><span class=\"\"><span class=\"eztoc-hide\" style=\"display:none;\">Toggle<\/span><span class=\"ez-toc-icon-toggle-span\"><svg style=\"fill: #999;color:#999\" xmlns=\"http:\/\/www.w3.org\/2000\/svg\" class=\"list-377408\" width=\"20px\" height=\"20px\" viewBox=\"0 0 24 24\" fill=\"none\"><path d=\"M6 6H4v2h2V6zm14 0H8v2h12V6zM4 11h2v2H4v-2zm16 0H8v2h12v-2zM4 16h2v2H4v-2zm16 0H8v2h12v-2z\" fill=\"currentColor\"><\/path><\/svg><svg style=\"fill: #999;color:#999\" class=\"arrow-unsorted-368013\" xmlns=\"http:\/\/www.w3.org\/2000\/svg\" width=\"10px\" height=\"10px\" viewBox=\"0 0 24 24\" version=\"1.2\" baseProfile=\"tiny\"><path d=\"M18.2 9.3l-6.2-6.3-6.2 6.3c-.2.2-.3.4-.3.7s.1.5.3.7c.2.2.4.3.7.3h11c.3 0 .5-.1.7-.3.2-.2.3-.5.3-.7s-.1-.5-.3-.7zM5.8 14.7l6.2 6.3 6.2-6.3c.2-.2.3-.5.3-.7s-.1-.5-.3-.7c-.2-.2-.4-.3-.7-.3h-11c-.3 0-.5.1-.7.3-.2.2-.3.5-.3.7s.1.5.3.7z\"\/><\/svg><\/span><\/span><\/span><\/a><\/span><\/div>\n<nav><ul class='ez-toc-list ez-toc-list-level-1 ' ><ul class='ez-toc-list-level-3' ><li class='ez-toc-heading-level-3'><a class=\"ez-toc-link ez-toc-heading-1\" href=\"https:\/\/loudavymkrokem.cz\/pt-br\/o-que-fazer-cartagena-colombia\/#Resumo\" >Resumo<\/a><\/li><\/ul><\/li><li class='ez-toc-page-1 ez-toc-heading-level-2'><a class=\"ez-toc-link ez-toc-heading-2\" href=\"https:\/\/loudavymkrokem.cz\/pt-br\/o-que-fazer-cartagena-colombia\/#Quando_ir_para_Cartagena\" >Quando ir para Cartagena<\/a><\/li><li class='ez-toc-page-1 ez-toc-heading-level-2'><a class=\"ez-toc-link ez-toc-heading-3\" href=\"https:\/\/loudavymkrokem.cz\/pt-br\/o-que-fazer-cartagena-colombia\/#Onde_se_hospedar_em_Cartagena\" >Onde se hospedar em Cartagena<\/a><\/li><li class='ez-toc-page-1 ez-toc-heading-level-2'><a class=\"ez-toc-link ez-toc-heading-4\" href=\"https:\/\/loudavymkrokem.cz\/pt-br\/o-que-fazer-cartagena-colombia\/#22_dicas_do_que_ver_e_fazer_em_Cartagena_Colombia\" >22 dicas do que ver e fazer em Cartagena, Col\u00f4mbia<\/a><ul class='ez-toc-list-level-3' ><li class='ez-toc-heading-level-3'><a class=\"ez-toc-link ez-toc-heading-5\" href=\"https:\/\/loudavymkrokem.cz\/pt-br\/o-que-fazer-cartagena-colombia\/#1_Centro_Historico_e_suas_muralhas_iconicas\" >1. Centro Hist\u00f3rico e suas muralhas ic\u00f4nicas<\/a><\/li><li class='ez-toc-page-1 ez-toc-heading-level-3'><a class=\"ez-toc-link ez-toc-heading-6\" href=\"https:\/\/loudavymkrokem.cz\/pt-br\/o-que-fazer-cartagena-colombia\/#2_Castillo_de_San_Felipe_de_Barajas\" >2. Castillo de San Felipe de Barajas<\/a><\/li><li class='ez-toc-page-1 ez-toc-heading-level-3'><a class=\"ez-toc-link ez-toc-heading-7\" href=\"https:\/\/loudavymkrokem.cz\/pt-br\/o-que-fazer-cartagena-colombia\/#3_Praca_Plaza_de_Bolivar\" >3. Pra\u00e7a Plaza de Bol\u00edvar<\/a><\/li><li class='ez-toc-page-1 ez-toc-heading-level-3'><a class=\"ez-toc-link ez-toc-heading-8\" href=\"https:\/\/loudavymkrokem.cz\/pt-br\/o-que-fazer-cartagena-colombia\/#4_Museo_del_Oro_Zenu\" >4. Museo del Oro Zen\u00fa<\/a><\/li><li class='ez-toc-page-1 ez-toc-heading-level-3'><a class=\"ez-toc-link ez-toc-heading-9\" href=\"https:\/\/loudavymkrokem.cz\/pt-br\/o-que-fazer-cartagena-colombia\/#5_Palacio_de_la_Inquisicion_Palacio_da_Inquisicao\" >5. Palacio de la Inquisici\u00f3n (Pal\u00e1cio da Inquisi\u00e7\u00e3o)<\/a><\/li><li class='ez-toc-page-1 ez-toc-heading-level-3'><a class=\"ez-toc-link ez-toc-heading-10\" href=\"https:\/\/loudavymkrokem.cz\/pt-br\/o-que-fazer-cartagena-colombia\/#6_Museo_Naval_del_Caribe\" >6. Museo Naval del Caribe<\/a><\/li><li class='ez-toc-page-1 ez-toc-heading-level-3'><a class=\"ez-toc-link ez-toc-heading-11\" href=\"https:\/\/loudavymkrokem.cz\/pt-br\/o-que-fazer-cartagena-colombia\/#7_Plaza_de_los_Coches_e_a_Torre_del_Reloj\" >7. Plaza de los Coches e a Torre del Reloj<\/a><\/li><li class='ez-toc-page-1 ez-toc-heading-level-3'><a class=\"ez-toc-link ez-toc-heading-12\" href=\"https:\/\/loudavymkrokem.cz\/pt-br\/o-que-fazer-cartagena-colombia\/#8_Camellon_de_los_Martires\" >8. Camell\u00f3n de los M\u00e1rtires<\/a><\/li><li class='ez-toc-page-1 ez-toc-heading-level-3'><a class=\"ez-toc-link ez-toc-heading-13\" href=\"https:\/\/loudavymkrokem.cz\/pt-br\/o-que-fazer-cartagena-colombia\/#9_Getsemani_e_a_arte_de_rua\" >9. Getseman\u00ed e a arte de rua<\/a><\/li><li class='ez-toc-page-1 ez-toc-heading-level-3'><a class=\"ez-toc-link ez-toc-heading-14\" href=\"https:\/\/loudavymkrokem.cz\/pt-br\/o-que-fazer-cartagena-colombia\/#10_Plaza_de_la_Trinidad_a_noite\" >10. Plaza de la Trinidad \u00e0 noite<\/a><\/li><li class='ez-toc-page-1 ez-toc-heading-level-3'><a class=\"ez-toc-link ez-toc-heading-15\" href=\"https:\/\/loudavymkrokem.cz\/pt-br\/o-que-fazer-cartagena-colombia\/#11_Preguicas_no_Parque_Centenario\" >11. Pregui\u00e7as no Parque Centenario<\/a><\/li><li class='ez-toc-page-1 ez-toc-heading-level-3'><a class=\"ez-toc-link ez-toc-heading-16\" href=\"https:\/\/loudavymkrokem.cz\/pt-br\/o-que-fazer-cartagena-colombia\/#12_Vista_do_Convento_de_la_Popa\" >12. Vista do Convento de la Popa<\/a><\/li><li class='ez-toc-page-1 ez-toc-heading-level-3'><a class=\"ez-toc-link ez-toc-heading-17\" href=\"https:\/\/loudavymkrokem.cz\/pt-br\/o-que-fazer-cartagena-colombia\/#13_Bares_no_terraco_e_vistas_de_luxo\" >13. Bares no terra\u00e7o e vistas de luxo<\/a><\/li><li class='ez-toc-page-1 ez-toc-heading-level-3'><a class=\"ez-toc-link ez-toc-heading-18\" href=\"https:\/\/loudavymkrokem.cz\/pt-br\/o-que-fazer-cartagena-colombia\/#14_Por_do_sol_nas_muralhas_Cafe_del_Mar\" >14. P\u00f4r do sol nas muralhas (Caf\u00e9 del Mar)<\/a><\/li><li class='ez-toc-page-1 ez-toc-heading-level-3'><a class=\"ez-toc-link ez-toc-heading-19\" href=\"https:\/\/loudavymkrokem.cz\/pt-br\/o-que-fazer-cartagena-colombia\/#15_Praias_de_Bocagrande_e_Castillogrande_avaliacao_sincera\" >15. Praias de Bocagrande e Castillogrande (avalia\u00e7\u00e3o sincera)<\/a><\/li><li class='ez-toc-page-1 ez-toc-heading-level-3'><a class=\"ez-toc-link ez-toc-heading-20\" href=\"https:\/\/loudavymkrokem.cz\/pt-br\/o-que-fazer-cartagena-colombia\/#16_Islas_del_Rosario_e_a_armadilha_para_o_bolso\" >16. Islas del Rosario e a armadilha para o bolso<\/a><\/li><li class='ez-toc-page-1 ez-toc-heading-level-3'><a class=\"ez-toc-link ez-toc-heading-21\" href=\"https:\/\/loudavymkrokem.cz\/pt-br\/o-que-fazer-cartagena-colombia\/#17_Beach_clubs_nas_ilhas_em_vez_das_praias_publicas\" >17. Beach clubs nas ilhas (em vez das praias p\u00fablicas)<\/a><\/li><li class='ez-toc-page-1 ez-toc-heading-level-3'><a class=\"ez-toc-link ez-toc-heading-22\" href=\"https:\/\/loudavymkrokem.cz\/pt-br\/o-que-fazer-cartagena-colombia\/#18_A_vila_de_pescadores_La_Boquilla_e_os_manguezais\" >18. A vila de pescadores La Boquilla e os manguezais<\/a><\/li><li class='ez-toc-page-1 ez-toc-heading-level-3'><a class=\"ez-toc-link ez-toc-heading-23\" href=\"https:\/\/loudavymkrokem.cz\/pt-br\/o-que-fazer-cartagena-colombia\/#19_Mercado_Bazurto_so_para_os_fortes\" >19. Mercado Bazurto (s\u00f3 para os fortes)<\/a><\/li><li class='ez-toc-page-1 ez-toc-heading-level-3'><a class=\"ez-toc-link ez-toc-heading-24\" href=\"https:\/\/loudavymkrokem.cz\/pt-br\/o-que-fazer-cartagena-colombia\/#20_Museo_del_Chocolate_e_o_cacau_colombiano\" >20. Museo del Chocolate e o cacau colombiano<\/a><\/li><li class='ez-toc-page-1 ez-toc-heading-level-3'><a class=\"ez-toc-link ez-toc-heading-25\" href=\"https:\/\/loudavymkrokem.cz\/pt-br\/o-que-fazer-cartagena-colombia\/#21_Comida_de_rua_e_sabores_caribenhos\" >21. Comida de rua e sabores caribenhos<\/a><\/li><li class='ez-toc-page-1 ez-toc-heading-level-3'><a class=\"ez-toc-link ez-toc-heading-26\" href=\"https:\/\/loudavymkrokem.cz\/pt-br\/o-que-fazer-cartagena-colombia\/#22_Onde_comer_sem_carne_dicas_vegetarianas\" >22. Onde comer sem carne (dicas vegetarianas)<\/a><\/li><\/ul><\/li><li class='ez-toc-page-1 ez-toc-heading-level-2'><a class=\"ez-toc-link ez-toc-heading-27\" href=\"https:\/\/loudavymkrokem.cz\/pt-br\/o-que-fazer-cartagena-colombia\/#Para_onde_ir_a_partir_de_Cartagena_passeios_pelos_arredores\" >Para onde ir a partir de Cartagena (passeios pelos arredores)<\/a><\/li><li class='ez-toc-page-1 ez-toc-heading-level-2'><a class=\"ez-toc-link ez-toc-heading-28\" href=\"https:\/\/loudavymkrokem.cz\/pt-br\/o-que-fazer-cartagena-colombia\/#Perguntas_frequentes\" >Perguntas frequentes<\/a><ul class='ez-toc-list-level-3' ><li class='ez-toc-heading-level-3'><a class=\"ez-toc-link ez-toc-heading-29\" href=\"https:\/\/loudavymkrokem.cz\/pt-br\/o-que-fazer-cartagena-colombia\/#Cartagena_e_segura\" >Cartagena \u00e9 segura?<\/a><\/li><li class='ez-toc-page-1 ez-toc-heading-level-3'><a class=\"ez-toc-link ez-toc-heading-30\" href=\"https:\/\/loudavymkrokem.cz\/pt-br\/o-que-fazer-cartagena-colombia\/#Como_funciona_com_os_taxis_eles_tem_taximetro\" >Como funciona com os t\u00e1xis, eles t\u00eam tax\u00edmetro?<\/a><\/li><li class='ez-toc-page-1 ez-toc-heading-level-3'><a class=\"ez-toc-link ez-toc-heading-31\" href=\"https:\/\/loudavymkrokem.cz\/pt-br\/o-que-fazer-cartagena-colombia\/#Devo_ir_para_as_Ilhas_Rosario_ou_para_Playa_Blanca\" >Devo ir para as Ilhas Rosario ou para Playa Blanca?<\/a><\/li><li class='ez-toc-page-1 ez-toc-heading-level-3'><a class=\"ez-toc-link ez-toc-heading-32\" href=\"https:\/\/loudavymkrokem.cz\/pt-br\/o-que-fazer-cartagena-colombia\/#Como_se_livrar_efetivamente_dos_vendedores_de_rua\" >Como se livrar efetivamente dos vendedores de rua?<\/a><\/li><li class='ez-toc-page-1 ez-toc-heading-level-3'><a class=\"ez-toc-link ez-toc-heading-33\" href=\"https:\/\/loudavymkrokem.cz\/pt-br\/o-que-fazer-cartagena-colombia\/#Pode-se_pagar_em_Cartagena_com_dolares_americanos\" >Pode-se pagar em Cartagena com d\u00f3lares americanos?<\/a><\/li><li class='ez-toc-page-1 ez-toc-heading-level-3'><a class=\"ez-toc-link ez-toc-heading-34\" href=\"https:\/\/loudavymkrokem.cz\/pt-br\/o-que-fazer-cartagena-colombia\/#Pode-se_beber_agua_da_torneira_em_Cartagena\" >Pode-se beber \u00e1gua da torneira em Cartagena?<\/a><\/li><li class='ez-toc-page-1 ez-toc-heading-level-3'><a class=\"ez-toc-link ez-toc-heading-35\" href=\"https:\/\/loudavymkrokem.cz\/pt-br\/o-que-fazer-cartagena-colombia\/#Quantos_dias_preciso_para_Cartagena\" >Quantos dias preciso para Cartagena?<\/a><\/li><\/ul><\/li><\/ul><\/nav><\/div>\n<h3 class=\"wp-block-heading\"><span class=\"ez-toc-section\" id=\"Resumo\"><\/span>Resumo<span class=\"ez-toc-section-end\"><\/span><\/h3>\n\n\n\n<ul class=\"wp-block-list\">\n\n<li><strong>Isen\u00e7\u00e3o de imposto para estrangeiros:<\/strong> Se voc\u00ea tem no passaporte o carimbo tur\u00edstico PIP-5, <strong>n\u00e3o paga os 19% de imposto (IVA) nos hot\u00e9is<\/strong>. Mas confira sempre na conta final, alguns hot\u00e9is tentam cobrar mesmo assim.<\/li>\n\n\n\n<li><strong>Taxas escondidas nas ilhas:<\/strong> Os passeios \u00e0s Islas del Rosario t\u00eam uma pegadinha, <strong>a entrada do parque nacional e o seguro (cerca de 40.000 COP) s\u00e3o pagos em dinheiro no cais<\/strong> e n\u00e3o est\u00e3o inclusos no pre\u00e7o do tour.<\/li>\n\n\n\n<li><strong>Beleza comprada com paci\u00eancia:<\/strong> Cartagena \u00e9 um para\u00edso visual, mas <strong>prepare-se para vendedores ambulantes insistentes<\/strong>, que voc\u00ea precisa saber recusar com educa\u00e7\u00e3o, mas de forma bem firme.<\/li>\n\n\n\n<li><strong>Praias com ressalvas:<\/strong> A praia urbana de Bocagrande tem \u00e1gua marrom, <strong>para areia branca voc\u00ea precisa ir at\u00e9 as ilhas<\/strong>, mas cuidado com as multid\u00f5es do meio-dia na Playa Blanca.<\/li>\n\n\n\n<li><strong>Seguran\u00e7a em primeiro lugar:<\/strong> Nunca pegue t\u00e1xis sem pre\u00e7o combinado antes (ou, melhor ainda, use Uber ou InDriver) e <strong>seja extremamente cauteloso com a vida noturna e encontros \u00e0s cegas<\/strong>.<\/li>\n\n\n\n<li><strong>Transporte do aeroporto:<\/strong> O aeroporto Rafael N\u00fa\u00f1ez fica a <strong>apenas 10 a 15 minutos do centro<\/strong>, uma enorme vantagem em rela\u00e7\u00e3o a outras capitais.<\/li>\n\n\n<\/ul>\n\n\n\n<h2 class=\"wp-block-heading\"><span class=\"ez-toc-section\" id=\"Quando_ir_para_Cartagena\"><\/span>Quando ir para Cartagena<span class=\"ez-toc-section-end\"><\/span><\/h2>\n\n\n\n<p class=\"wp-block-paragraph\">Cartagena \u00e9 um destino tipicamente caribenho, onde reina uma <strong>temperatura constante de 31 a 33 \u00b0C o ano inteiro<\/strong>, ent\u00e3o voc\u00ea pode deixar os agasalhos em casa numa boa. A diferen\u00e7a no clima est\u00e1 apenas em o ar ficar parado e pesado ou em soprar uma brisa fresquinha do mar. <strong>A alta temporada e a mais procurada vai de dezembro a abril<\/strong>, quando a cidade fica seca, sopra um vento refrescante e o sol brilha praticamente todos os dias. Mas nesse per\u00edodo a cidade fica lotada com a enxurrada de turistas estrangeiros e colombianos de f\u00e9rias, o que, logicamente, dispara os pre\u00e7os dos hot\u00e9is para o m\u00e1ximo do ano.<\/p>\n\n\n\n<p class=\"wp-block-paragraph\">Se voc\u00ea n\u00e3o curte o abafamento pesado e a umidade alta, <strong>evite o per\u00edodo de setembro a novembro<\/strong>, que \u00e9 a principal esta\u00e7\u00e3o de chuvas no litoral caribenho. Setembro, em especial, \u00e9 estatisticamente o m\u00eas mais chuvoso do ano, quando as ruelas hist\u00f3ricas podem virar po\u00e7as profundas em poucos minutos. <strong>A umidade alta transforma um simples passeio em um esfor\u00e7o f\u00edsico e tanto<\/strong>, no qual voc\u00ea sua na mesma hora. \u00c9 claro que ainda d\u00e1 para visitar a cidade nessa \u00e9poca, mas conte que voc\u00ea vai ter que se refugiar com muito mais frequ\u00eancia em caf\u00e9s e museus com ar-condicionado.<\/p>\n\n\n\n<p class=\"wp-block-paragraph\">Para a melhor rela\u00e7\u00e3o poss\u00edvel entre bom clima e pre\u00e7os um pouco mais suport\u00e1veis, <strong>o \u00f3timo meio-termo \u00e9 a virada de novembro para dezembro<\/strong>, ou ent\u00e3o os meses de primavera logo depois da Semana Santa. Mas tenha sempre em mente que <strong>o sol caribenho aqui \u00e9 realmente forte e n\u00e3o perdoa<\/strong>, ent\u00e3o chap\u00e9u de aba larga, litros de \u00e1gua engarrafada e um bom protetor solar s\u00e3o absolutamente indispens\u00e1veis em qualquer m\u00eas. Leve tamb\u00e9m roupas leves de linho, nas quais voc\u00ea vai se sentir muito mais confort\u00e1vel.<\/p>\n\n\n\n<h2 class=\"wp-block-heading\"><span class=\"ez-toc-section\" id=\"Onde_se_hospedar_em_Cartagena\"><\/span>Onde se hospedar em Cartagena<span class=\"ez-toc-section-end\"><\/span><\/h2>\n\n\n\n<p class=\"wp-block-paragraph\">Onde voc\u00ea vai se hospedar faz toda a diferen\u00e7a \u2014 e em Cartagena mais do que em qualquer outro lugar, porque a diferen\u00e7a entre os bairros \u00e9 brutal. <strong>O mais encantador \u00e9 ficar direto no Centro Hist\u00f3rico<\/strong>, onde voc\u00ea tem todos os monumentos famosos e restaurantes excelentes ao alcance da m\u00e3o, mas os pre\u00e7os aqui s\u00e3o, logicamente, os mais altos de toda a Col\u00f4mbia. Para uma atmosfera um pouco mais bo\u00eamia, cheia de arte de rua e vida noturna agitada, <strong>escolha o queridinho bairro de Getseman\u00ed<\/strong>, que hoje \u00e9 um enorme sucesso. Se, por outro lado, o que voc\u00ea quer s\u00e3o hot\u00e9is modernos e altos com piscinas e vista direta para o mar, a pen\u00ednsula de Bocagrande ser\u00e1 a escolha ideal.<\/p>\n\n\n\n<p class=\"wp-block-paragraph\">Uma informa\u00e7\u00e3o fundamental para o seu or\u00e7amento de viagem \u00e9 o fato de que <strong>estrangeiros na Col\u00f4mbia n\u00e3o pagam o imposto de 19% (IVA) sobre a hospedagem<\/strong>. A principal condi\u00e7\u00e3o \u00e9 voc\u00ea entrar no pa\u00eds com o carimbo tur\u00edstico cl\u00e1ssico, o chamado PIP-5, que normalmente voc\u00ea recebe no passaporte j\u00e1 no aeroporto. <strong>Para aplicar esse desconto, o hotel precisa fotocopiar o seu passaporte justamente com esse carimbo<\/strong>, sen\u00e3o vai te cobrar o imposto sem d\u00f3. A pr\u00e1tica, infelizmente, \u00e9 a mesma pela cidade toda: cerca de metade dos hot\u00e9is desconta automaticamente, enquanto a outra metade tenta te cobrar caladinha. <strong>Confira sempre com cuidado a conta final na hora de sair<\/strong> e n\u00e3o tenha medo de reclamar na recep\u00e7\u00e3o.<\/p>\n\n\n\n<p class=\"wp-block-paragraph\">Entre os hot\u00e9is testados e maravilhosos est\u00e1, por exemplo, o <strong>Hotel Casa San Agustin<\/strong>, um hotel boutique de luxo bem no cora\u00e7\u00e3o da cidade velha, que vai te encantar com seu p\u00e1tio interno tranquilo e uma piscina integrada \u00e0s antigas muralhas. Se voc\u00ea procura algo mais moderno em uma \u00e1rea com vista panor\u00e2mica, experimente o <strong>GHL San Lazaro Art Hotel<\/strong>, que oferece uma vista de tirar o f\u00f4lego direto para o castelo San Felipe. Para uma estadia totalmente tranquila em estilo colonial e com servi\u00e7o de primeira, uma verdadeira lenda \u00e9 o <strong>Sofitel Legend Santa Clara<\/strong>, instalado em um antigo convento cuidadosamente restaurado.<\/p>\n\n\n\n<p class=\"wp-block-paragraph\"><em>\ud83d\udca1 <a href=\"https:\/\/www.stay22.com\/allez\/roam?aid=lukaskonecny&#038;campaign=loudavymkrokemcz&#038;campaign=co-videt-v-cartagene&#038;address=Cartagena%2C%20Kolumbie\" target=\"_blank\" rel=\"nofollow noopener sponsored\">Neste mapa voc\u00ea compara o que est\u00e1 dispon\u00edvel agora<\/a> \u2014 voc\u00ea v\u00ea na hora o quanto Getseman\u00ed \u00e9 mais barato que a regi\u00e3o das muralhas.<\/em><\/p>\n\n\n\n<h2 class=\"wp-block-heading\"><span class=\"ez-toc-section\" id=\"22_dicas_do_que_ver_e_fazer_em_Cartagena_Colombia\"><\/span>22 dicas do que ver e fazer em Cartagena, Col\u00f4mbia<span class=\"ez-toc-section-end\"><\/span><\/h2>\n\n\n\n<p class=\"wp-block-paragraph\">Antes de mergulhar no turbilh\u00e3o das ruelas colombianas, d\u00e1 uma olhada na nossa sele\u00e7\u00e3o do que a cidade tem de mais interessante. Estas 22 dicas v\u00e3o te mostrar Cartagena com tudo, dos monumentos reluzentes aos cantinhos mais escondidos, e v\u00e3o te ajudar a fugir das <strong>armadilhas para turistas<\/strong> desnecess\u00e1rias.<\/p>\n\n\n\n<p class=\"wp-block-paragraph\">Combinamos para voc\u00ea os cl\u00e1ssicos <strong>lugares imperd\u00edveis<\/strong> com algumas <strong>joias escondidas<\/strong>, para que voc\u00ea possa montar o coquetel de experi\u00eancias perfeito, do seu jeito.<\/p>\n\n\n\n<figure data-wp-context=\"{&quot;imageId&quot;:&quot;6a9c2cc9c9023&quot;}\" data-wp-interactive=\"core\/image\" data-wp-key=\"6a9c2cc9c9023\" class=\"wp-block-image size-full wp-lightbox-container\"><img decoding=\"async\" width=\"1600\" height=\"1067\" data-wp-class--hide=\"state.isContentHidden\" data-wp-class--show=\"state.isContentVisible\" data-wp-init=\"callbacks.setButtonStyles\" data-wp-on--click=\"actions.showLightbox\" data-wp-on--load=\"callbacks.setButtonStyles\" data-wp-on--pointerdown=\"actions.preloadImage\" data-wp-on--pointerenter=\"actions.preloadImageWithDelay\" data-wp-on--pointerleave=\"actions.cancelPreload\" data-wp-on-window--resize=\"callbacks.setButtonStyles\" src=\"https:\/\/loudavymkrokem.cz\/wp-content\/uploads\/2026\/09\/centro-hist-rico.jpg\" alt=\"Centro Hist\u00f3rico e suas muralhas ic\u00f4nicas\" class=\"wp-image-415691\" title=\"\" srcset=\"https:\/\/loudavymkrokem.cz\/wp-content\/uploads\/2026\/09\/centro-hist-rico.jpg 1600w, https:\/\/loudavymkrokem.cz\/wp-content\/uploads\/2026\/09\/centro-hist-rico-300x200.jpg 300w, https:\/\/loudavymkrokem.cz\/wp-content\/uploads\/2026\/09\/centro-hist-rico-700x467.jpg 700w, https:\/\/loudavymkrokem.cz\/wp-content\/uploads\/2026\/09\/centro-hist-rico-768x512.jpg 768w, https:\/\/loudavymkrokem.cz\/wp-content\/uploads\/2026\/09\/centro-hist-rico-1536x1024.jpg 1536w, https:\/\/loudavymkrokem.cz\/wp-content\/uploads\/2026\/09\/centro-hist-rico-696x464.jpg 696w, https:\/\/loudavymkrokem.cz\/wp-content\/uploads\/2026\/09\/centro-hist-rico-1392x928.jpg 1392w\" sizes=\"(max-width: 1600px) 100vw, 1600px\" \/><button\n\t\t\tclass=\"lightbox-trigger\"\n\t\t\ttype=\"button\"\n\t\t\taria-haspopup=\"dialog\"\n\t\t\tdata-wp-bind--aria-label=\"state.thisImage.triggerButtonAriaLabel\"\n\t\t\tdata-wp-init=\"callbacks.initTriggerButton\"\n\t\t\tdata-wp-on--click=\"actions.showLightbox\"\n\t\t\tdata-wp-style--right=\"state.thisImage.buttonRight\"\n\t\t\tdata-wp-style--top=\"state.thisImage.buttonTop\"\n\t\t>\n\t\t\t<svg xmlns=\"http:\/\/www.w3.org\/2000\/svg\" width=\"12\" height=\"12\" fill=\"none\" viewBox=\"0 0 12 12\">\n\t\t\t\t<path fill=\"#fff\" d=\"M2 0a2 2 0 0 0-2 2v2h1.5V2a.5.5 0 0 1 .5-.5h2V0H2Zm2 10.5H2a.5.5 0 0 1-.5-.5V8H0v2a2 2 0 0 0 2 2h2v-1.5ZM8 12v-1.5h2a.5.5 0 0 0 .5-.5V8H12v2a2 2 0 0 1-2 2H8Zm2-12a2 2 0 0 1 2 2v2h-1.5V2a.5.5 0 0 0-.5-.5H8V0h2Z\" \/>\n\t\t\t<\/svg>\n\t\t<\/button><figcaption class=\"wp-element-caption\">Foto: Andreas Saxer \/ Google Maps<\/figcaption><\/figure>\n\n\n\n<h3 class=\"wp-block-heading\"><span class=\"ez-toc-section\" id=\"1_Centro_Historico_e_suas_muralhas_iconicas\"><\/span>1. Centro Hist\u00f3rico e suas muralhas ic\u00f4nicas<span class=\"ez-toc-section-end\"><\/span><\/h3>\n\n\n\n<p class=\"wp-block-paragraph\">O principal motivo pelo qual todos os viajantes do mundo v\u00eam at\u00e9 aqui \u00e9 o <strong>Centro Hist\u00f3rico de Cartagena, que tem uma nota fant\u00e1stica de 4,8 com mais de 4.000 avalia\u00e7\u00f5es<\/strong>. Com todo o m\u00e9rito, essa obra-prima arquitet\u00f4nica est\u00e1, desde 1984, <a href=\"https:\/\/whc.unesco.org\/en\/list\/285\" rel=\"nofollow noopener\" target=\"_blank\">inscrita na lista do Patrim\u00f4nio Mundial da UNESCO<\/a>. A cidade velha inteira \u00e9 cercada por cerca de <strong>11 quil\u00f4metros de muralhas de pedra maci\u00e7as<\/strong>, que no passado protegiam a riqueza da cidade dos ataques de piratas e hoje servem como o melhor mirante que se pode imaginar.<\/p>\n\n\n\n<p class=\"wp-block-paragraph\">Deixe as muralhas mesmo para o come\u00e7o da manh\u00e3 ou o fim da tarde. Perto do meio-dia, as pedras hist\u00f3ricas esquentam tanto sob o sol caribenho que fica imposs\u00edvel respirar, e n\u00e3o h\u00e1 sombra nenhuma por ali. J\u00e1 dentro das pr\u00f3prias muralhas voc\u00ea encontra o verdadeiro conto de fadas caribenho: <strong>casas coloniais coloridas com sacadas de madeira<\/strong>, das quais pendem cachos de buganv\u00edlias vibrantes em tons de rosa, roxo e vermelho vivo.<\/p>\n\n\n\n<p class=\"wp-block-paragraph\">Ao caminhar por essas ruelas pitorescas, voc\u00ea vai esbarrar em incont\u00e1veis cantinhos fotog\u00eanicos, mas tamb\u00e9m em <strong>uma enorme quantidade de vendedores ambulantes e mulheres sorridentes com vestidos coloridos<\/strong>, chamadas de palenqueras. Se voc\u00ea quiser tirar a foto tradicional com elas, com a bacia de frutas na cabe\u00e7a, conte que sempre se paga uma gorjeta por isso. \ud83d\udca1 <strong>Dica:<\/strong> N\u00e3o se deixe arrastar para longas conversas com os aliciadores de rua, basta sorrir educadamente, dizer um firme &#8220;no, gracias&#8221; e seguir seu caminho sem parar.<\/p>\n\n\n\n<figure data-wp-context=\"{&quot;imageId&quot;:&quot;6a9c2cc9c94f7&quot;}\" data-wp-interactive=\"core\/image\" data-wp-key=\"6a9c2cc9c94f7\" class=\"wp-block-image size-full wp-lightbox-container\"><img decoding=\"async\" width=\"1600\" height=\"1200\" data-wp-class--hide=\"state.isContentHidden\" data-wp-class--show=\"state.isContentVisible\" data-wp-init=\"callbacks.setButtonStyles\" data-wp-on--click=\"actions.showLightbox\" data-wp-on--load=\"callbacks.setButtonStyles\" data-wp-on--pointerdown=\"actions.preloadImage\" data-wp-on--pointerenter=\"actions.preloadImageWithDelay\" data-wp-on--pointerleave=\"actions.cancelPreload\" data-wp-on-window--resize=\"callbacks.setButtonStyles\" src=\"https:\/\/loudavymkrokem.cz\/wp-content\/uploads\/2026\/09\/castillo-de-san-felipe-de-barajas.jpg\" alt=\"Castillo de San Felipe de Barajas\" class=\"wp-image-415695\" title=\"\" srcset=\"https:\/\/loudavymkrokem.cz\/wp-content\/uploads\/2026\/09\/castillo-de-san-felipe-de-barajas.jpg 1600w, https:\/\/loudavymkrokem.cz\/wp-content\/uploads\/2026\/09\/castillo-de-san-felipe-de-barajas-300x225.jpg 300w, https:\/\/loudavymkrokem.cz\/wp-content\/uploads\/2026\/09\/castillo-de-san-felipe-de-barajas-700x525.jpg 700w, https:\/\/loudavymkrokem.cz\/wp-content\/uploads\/2026\/09\/castillo-de-san-felipe-de-barajas-768x576.jpg 768w, https:\/\/loudavymkrokem.cz\/wp-content\/uploads\/2026\/09\/castillo-de-san-felipe-de-barajas-1536x1152.jpg 1536w, https:\/\/loudavymkrokem.cz\/wp-content\/uploads\/2026\/09\/castillo-de-san-felipe-de-barajas-80x60.jpg 80w, https:\/\/loudavymkrokem.cz\/wp-content\/uploads\/2026\/09\/castillo-de-san-felipe-de-barajas-160x120.jpg 160w, https:\/\/loudavymkrokem.cz\/wp-content\/uploads\/2026\/09\/castillo-de-san-felipe-de-barajas-696x522.jpg 696w, https:\/\/loudavymkrokem.cz\/wp-content\/uploads\/2026\/09\/castillo-de-san-felipe-de-barajas-1392x1044.jpg 1392w\" sizes=\"(max-width: 1600px) 100vw, 1600px\" \/><button\n\t\t\tclass=\"lightbox-trigger\"\n\t\t\ttype=\"button\"\n\t\t\taria-haspopup=\"dialog\"\n\t\t\tdata-wp-bind--aria-label=\"state.thisImage.triggerButtonAriaLabel\"\n\t\t\tdata-wp-init=\"callbacks.initTriggerButton\"\n\t\t\tdata-wp-on--click=\"actions.showLightbox\"\n\t\t\tdata-wp-style--right=\"state.thisImage.buttonRight\"\n\t\t\tdata-wp-style--top=\"state.thisImage.buttonTop\"\n\t\t>\n\t\t\t<svg xmlns=\"http:\/\/www.w3.org\/2000\/svg\" width=\"12\" height=\"12\" fill=\"none\" viewBox=\"0 0 12 12\">\n\t\t\t\t<path fill=\"#fff\" d=\"M2 0a2 2 0 0 0-2 2v2h1.5V2a.5.5 0 0 1 .5-.5h2V0H2Zm2 10.5H2a.5.5 0 0 1-.5-.5V8H0v2a2 2 0 0 0 2 2h2v-1.5ZM8 12v-1.5h2a.5.5 0 0 0 .5-.5V8H12v2a2 2 0 0 1-2 2H8Zm2-12a2 2 0 0 1 2 2v2h-1.5V2a.5.5 0 0 0-.5-.5H8V0h2Z\" \/>\n\t\t\t<\/svg>\n\t\t<\/button><figcaption class=\"wp-element-caption\">Foto: Kelly Ng \/ Google Maps<\/figcaption><\/figure>\n\n\n\n<h3 class=\"wp-block-heading\"><span class=\"ez-toc-section\" id=\"2_Castillo_de_San_Felipe_de_Barajas\"><\/span>2. Castillo de San Felipe de Barajas<span class=\"ez-toc-section-end\"><\/span><\/h3>\n\n\n\n<p class=\"wp-block-paragraph\">Este \u00e9 o marco absoluto de toda a cidade e, <strong>pelo n\u00famero de avalia\u00e7\u00f5es (quase 68.000), \u00e9 o lugar mais visitado de toda Cartagena<\/strong>. O Castillo de San Felipe de Barajas \u00e9 a maior fortaleza espanhola do continente americano (e, quando voc\u00ea est\u00e1 ali de p\u00e9, acredita nisso olhando aquelas paredes maci\u00e7as de pedra). Sua constru\u00e7\u00e3o come\u00e7ou j\u00e1 em 1657, sobre uma colina estrat\u00e9gica, e gra\u00e7as a um engenhoso sistema de defesa e t\u00faneis subterr\u00e2neos nenhum inimigo jamais conseguiu conquist\u00e1-la.<\/p>\n\n\n\n<p class=\"wp-block-paragraph\">Explorar essa fortaleza gigantesca pode tomar tranquilamente duas horas, e <strong>a maior experi\u00eancia \u00e9 se perder nos t\u00faneis escuros e labir\u00ednticos<\/strong>, que foram projetados pelos arquitetos justamente para amplificar de prop\u00f3sito o som dos passos de poss\u00edveis invasores. A fortaleza est\u00e1 <a href=\"https:\/\/fortificacionescartagena.com.co\/en\/castle-of-san-felipe-de-barajas\/\" rel=\"nofollow noopener\" target=\"_blank\">aberta ao p\u00fablico<\/a> <strong>todos os dias, das 8h \u00e0s 18h<\/strong>, e aqui tamb\u00e9m vale a regra de ouro: n\u00e3o venha ao meio-dia em ponto, porque nas muralhas praticamente n\u00e3o h\u00e1 onde se abrigar do sol.<\/p>\n\n\n\n<p class=\"wp-block-paragraph\"><strong>O ingresso b\u00e1sico para estrangeiros custa 25.000 COP<\/strong>, enquanto os moradores locais pagam um pouco menos, cerca de 20.000 COP. Se voc\u00ea viaja em fam\u00edlia, crian\u00e7as de at\u00e9 6 anos e idosos acima de 62 anos entram de gra\u00e7a em todo o complexo. \ud83d\udca1 <strong>Dica para viajantes econ\u00f4micos:<\/strong> Se der certo com as datas, programe a visita para o <strong>\u00faltimo domingo do m\u00eas, quando a entrada \u00e9 totalmente gratuita para absolutamente todos os visitantes<\/strong> (com exce\u00e7\u00e3o dos meses lotados de janeiro e dezembro).<\/p>\n\n\n\n<figure data-wp-context=\"{&quot;imageId&quot;:&quot;6a9c2cc9c99c5&quot;}\" data-wp-interactive=\"core\/image\" data-wp-key=\"6a9c2cc9c99c5\" class=\"wp-block-image size-full wp-lightbox-container\"><img decoding=\"async\" width=\"1600\" height=\"2133\" data-wp-class--hide=\"state.isContentHidden\" data-wp-class--show=\"state.isContentVisible\" data-wp-init=\"callbacks.setButtonStyles\" data-wp-on--click=\"actions.showLightbox\" data-wp-on--load=\"callbacks.setButtonStyles\" data-wp-on--pointerdown=\"actions.preloadImage\" data-wp-on--pointerenter=\"actions.preloadImageWithDelay\" data-wp-on--pointerleave=\"actions.cancelPreload\" data-wp-on-window--resize=\"callbacks.setButtonStyles\" src=\"https:\/\/loudavymkrokem.cz\/wp-content\/uploads\/2026\/09\/n-m-st-plaza-de-bol-var.jpg\" alt=\"Pra\u00e7a Plaza de Bol\u00edvar\" class=\"wp-image-415697\" title=\"\" srcset=\"https:\/\/loudavymkrokem.cz\/wp-content\/uploads\/2026\/09\/n-m-st-plaza-de-bol-var.jpg 1600w, https:\/\/loudavymkrokem.cz\/wp-content\/uploads\/2026\/09\/n-m-st-plaza-de-bol-var-225x300.jpg 225w, https:\/\/loudavymkrokem.cz\/wp-content\/uploads\/2026\/09\/n-m-st-plaza-de-bol-var-700x933.jpg 700w, https:\/\/loudavymkrokem.cz\/wp-content\/uploads\/2026\/09\/n-m-st-plaza-de-bol-var-768x1024.jpg 768w, https:\/\/loudavymkrokem.cz\/wp-content\/uploads\/2026\/09\/n-m-st-plaza-de-bol-var-1152x1536.jpg 1152w, https:\/\/loudavymkrokem.cz\/wp-content\/uploads\/2026\/09\/n-m-st-plaza-de-bol-var-1536x2048.jpg 1536w, https:\/\/loudavymkrokem.cz\/wp-content\/uploads\/2026\/09\/n-m-st-plaza-de-bol-var-696x928.jpg 696w, https:\/\/loudavymkrokem.cz\/wp-content\/uploads\/2026\/09\/n-m-st-plaza-de-bol-var-1392x1856.jpg 1392w\" sizes=\"(max-width: 1600px) 100vw, 1600px\" \/><button\n\t\t\tclass=\"lightbox-trigger\"\n\t\t\ttype=\"button\"\n\t\t\taria-haspopup=\"dialog\"\n\t\t\tdata-wp-bind--aria-label=\"state.thisImage.triggerButtonAriaLabel\"\n\t\t\tdata-wp-init=\"callbacks.initTriggerButton\"\n\t\t\tdata-wp-on--click=\"actions.showLightbox\"\n\t\t\tdata-wp-style--right=\"state.thisImage.buttonRight\"\n\t\t\tdata-wp-style--top=\"state.thisImage.buttonTop\"\n\t\t>\n\t\t\t<svg xmlns=\"http:\/\/www.w3.org\/2000\/svg\" width=\"12\" height=\"12\" fill=\"none\" viewBox=\"0 0 12 12\">\n\t\t\t\t<path fill=\"#fff\" d=\"M2 0a2 2 0 0 0-2 2v2h1.5V2a.5.5 0 0 1 .5-.5h2V0H2Zm2 10.5H2a.5.5 0 0 1-.5-.5V8H0v2a2 2 0 0 0 2 2h2v-1.5ZM8 12v-1.5h2a.5.5 0 0 0 .5-.5V8H12v2a2 2 0 0 1-2 2H8Zm2-12a2 2 0 0 1 2 2v2h-1.5V2a.5.5 0 0 0-.5-.5H8V0h2Z\" \/>\n\t\t\t<\/svg>\n\t\t<\/button><figcaption class=\"wp-element-caption\">Foto: Kody Kozak \/ Google Maps<\/figcaption><\/figure>\n\n\n\n<h3 class=\"wp-block-heading\"><span class=\"ez-toc-section\" id=\"3_Praca_Plaza_de_Bolivar\"><\/span>3. Pra\u00e7a Plaza de Bol\u00edvar<span class=\"ez-toc-section-end\"><\/span><\/h3>\n\n\n\n<p class=\"wp-block-paragraph\">O cora\u00e7\u00e3o verde de toda a cidade velha \u00e9 a <strong>Plaza de Bol\u00edvar (bela nota 4,6), que funciona como um o\u00e1sis de tranquilidade perfeito<\/strong>. Ao contr\u00e1rio das ruelas de pedra ao redor, escaldantes sob o sol, aqui voc\u00ea encontra um monte de bancos escondidos com seguran\u00e7a na sombra de \u00e1rvores antigas e imponentes, onde ficam sentados moradores locais e viajantes cansados do mundo inteiro. No meio da pra\u00e7a, \u00e9 claro, n\u00e3o falta a est\u00e1tua equestre do pr\u00f3prio Sim\u00f3n Bol\u00edvar, o famoso libertador da Am\u00e9rica do Sul.<\/p>\n\n\n\n<p class=\"wp-block-paragraph\">Essa pra\u00e7a n\u00e3o \u00e9 apenas um lugar perfeito para descansar depois de uma longa caminhada, mas tamb\u00e9m um <strong>ponto de partida estrat\u00e9gico para visitar os melhores museus<\/strong> da cidade. De um lado, o parque \u00e9 ladeado por uma linda catedral hist\u00f3rica; do outro, por pal\u00e1cios coloniais ornamentados, com portas maci\u00e7as de madeira e enormes aldravas de metal em formato de animais.<\/p>\n\n\n\n<p class=\"wp-block-paragraph\">Quando voc\u00ea sentar aqui por um instante, <strong>com certeza compre frutas caribenhas fresquinhas dos vendedores locais com carrinhos<\/strong> ou uma bebida geladinha. S\u00f3 escolha os vendedores que descascam e cortam a fruta bem na sua frente, pelo menos voc\u00ea sabe o que est\u00e1 recebendo. \u00c9, sem d\u00favida, o melhor refresco depois de horas caminhando no calor tropical.<\/p>\n\n\n\n<figure data-wp-context=\"{&quot;imageId&quot;:&quot;6a9c2cc9c9f6f&quot;}\" data-wp-interactive=\"core\/image\" data-wp-key=\"6a9c2cc9c9f6f\" class=\"wp-block-image size-full wp-lightbox-container\"><img decoding=\"async\" width=\"1280\" height=\"960\" data-wp-class--hide=\"state.isContentHidden\" data-wp-class--show=\"state.isContentVisible\" data-wp-init=\"callbacks.setButtonStyles\" data-wp-on--click=\"actions.showLightbox\" data-wp-on--load=\"callbacks.setButtonStyles\" data-wp-on--pointerdown=\"actions.preloadImage\" data-wp-on--pointerenter=\"actions.preloadImageWithDelay\" data-wp-on--pointerleave=\"actions.cancelPreload\" data-wp-on-window--resize=\"callbacks.setButtonStyles\" src=\"https:\/\/loudavymkrokem.cz\/wp-content\/uploads\/2026\/09\/museo-del-oro-zen.jpg\" alt=\"Museo del Oro Zen\u00fa\" class=\"wp-image-415699\" title=\"\" srcset=\"https:\/\/loudavymkrokem.cz\/wp-content\/uploads\/2026\/09\/museo-del-oro-zen.jpg 1280w, https:\/\/loudavymkrokem.cz\/wp-content\/uploads\/2026\/09\/museo-del-oro-zen-300x225.jpg 300w, https:\/\/loudavymkrokem.cz\/wp-content\/uploads\/2026\/09\/museo-del-oro-zen-700x525.jpg 700w, https:\/\/loudavymkrokem.cz\/wp-content\/uploads\/2026\/09\/museo-del-oro-zen-768x576.jpg 768w, https:\/\/loudavymkrokem.cz\/wp-content\/uploads\/2026\/09\/museo-del-oro-zen-80x60.jpg 80w, https:\/\/loudavymkrokem.cz\/wp-content\/uploads\/2026\/09\/museo-del-oro-zen-160x120.jpg 160w, https:\/\/loudavymkrokem.cz\/wp-content\/uploads\/2026\/09\/museo-del-oro-zen-696x522.jpg 696w\" sizes=\"(max-width: 1280px) 100vw, 1280px\" \/><button\n\t\t\tclass=\"lightbox-trigger\"\n\t\t\ttype=\"button\"\n\t\t\taria-haspopup=\"dialog\"\n\t\t\tdata-wp-bind--aria-label=\"state.thisImage.triggerButtonAriaLabel\"\n\t\t\tdata-wp-init=\"callbacks.initTriggerButton\"\n\t\t\tdata-wp-on--click=\"actions.showLightbox\"\n\t\t\tdata-wp-style--right=\"state.thisImage.buttonRight\"\n\t\t\tdata-wp-style--top=\"state.thisImage.buttonTop\"\n\t\t>\n\t\t\t<svg xmlns=\"http:\/\/www.w3.org\/2000\/svg\" width=\"12\" height=\"12\" fill=\"none\" viewBox=\"0 0 12 12\">\n\t\t\t\t<path fill=\"#fff\" d=\"M2 0a2 2 0 0 0-2 2v2h1.5V2a.5.5 0 0 1 .5-.5h2V0H2Zm2 10.5H2a.5.5 0 0 1-.5-.5V8H0v2a2 2 0 0 0 2 2h2v-1.5ZM8 12v-1.5h2a.5.5 0 0 0 .5-.5V8H12v2a2 2 0 0 1-2 2H8Zm2-12a2 2 0 0 1 2 2v2h-1.5V2a.5.5 0 0 0-.5-.5H8V0h2Z\" \/>\n\t\t\t<\/svg>\n\t\t<\/button><figcaption class=\"wp-element-caption\">Foto: Museo del Oro Zen\u00fa \/ Google Maps<\/figcaption><\/figure>\n\n\n\n<h3 class=\"wp-block-heading\"><span class=\"ez-toc-section\" id=\"4_Museo_del_Oro_Zenu\"><\/span>4. Museo del Oro Zen\u00fa<span class=\"ez-toc-section-end\"><\/span><\/h3>\n\n\n\n<p class=\"wp-block-paragraph\">Bem na beira da queridinha Plaza de Bol\u00edvar fica o <strong>Museo del Oro Zen\u00fa, uma filial fascinante do <a href=\"https:\/\/www.banrepcultural.org\/cartagena\/museo-del-oro-zenu\" rel=\"nofollow noopener\" target=\"_blank\">famoso Museu do Ouro<\/a><\/strong> da capital, Bogot\u00e1. Apesar de ser um pouco menor que sua enorme vers\u00e3o principal, a exposi\u00e7\u00e3o \u00e9 absolutamente deslumbrante e, al\u00e9m disso, <strong>a entrada nesse museu fant\u00e1stico \u00e9 totalmente gratuita<\/strong>, o que na cara Cartagena \u00e9 uma exce\u00e7\u00e3o bem rara, que voc\u00ea deveria aproveitar.<\/p>\n\n\n\n<p class=\"wp-block-paragraph\">L\u00e1 dentro voc\u00ea v\u00ea uma cole\u00e7\u00e3o de tirar o f\u00f4lego e muito valiosa de objetos de ouro, criados pela cultura origin\u00e1ria Zen\u00fa muito antes da chegada dos colonizadores espanh\u00f3is. <strong>Essa cultura era conhecida por suas t\u00e9cnicas de ourivesaria absolutamente perfeitas<\/strong> e tamb\u00e9m por sistemas engenhosos de canais de drenagem, que lhes permitiam sobreviver em \u00e1reas alagadi\u00e7as. A exposi\u00e7\u00e3o explica de forma clara e brilhante a profunda liga\u00e7\u00e3o deles com a natureza, especialmente com os anf\u00edbios e o rico mundo aqu\u00e1tico.<\/p>\n\n\n\n<p class=\"wp-block-paragraph\">O museu ainda \u00e9 agradavelmente climatizado, ent\u00e3o, se o sol l\u00e1 fora estiver te derretendo e voc\u00ea n\u00e3o aguentar mais, esse abrigo gratuito do calor da tarde \u00e9 simplesmente uma d\u00e1diva. \ud83d\udca1 <strong>Dica:<\/strong> N\u00e3o esque\u00e7a de observar de perto os famosos peitorais de ouro e as joias de filigrana incrivelmente delicadas, cuja precis\u00e3o fascina at\u00e9 os joalheiros modernos.<\/p>\n\n\n\n<figure data-wp-context=\"{&quot;imageId&quot;:&quot;6a9c2cc9ca5ee&quot;}\" data-wp-interactive=\"core\/image\" data-wp-key=\"6a9c2cc9ca5ee\" class=\"wp-block-image size-full wp-lightbox-container\"><img decoding=\"async\" width=\"1600\" height=\"1200\" data-wp-class--hide=\"state.isContentHidden\" data-wp-class--show=\"state.isContentVisible\" data-wp-init=\"callbacks.setButtonStyles\" data-wp-on--click=\"actions.showLightbox\" data-wp-on--load=\"callbacks.setButtonStyles\" data-wp-on--pointerdown=\"actions.preloadImage\" data-wp-on--pointerenter=\"actions.preloadImageWithDelay\" data-wp-on--pointerleave=\"actions.cancelPreload\" data-wp-on-window--resize=\"callbacks.setButtonStyles\" src=\"https:\/\/loudavymkrokem.cz\/wp-content\/uploads\/2026\/09\/palacio-de-la-inquisici-n.jpg\" alt=\"Palacio de la Inquisici\u00f3n (Pal\u00e1cio da Inquisi\u00e7\u00e3o)\" class=\"wp-image-415704\" title=\"\" srcset=\"https:\/\/loudavymkrokem.cz\/wp-content\/uploads\/2026\/09\/palacio-de-la-inquisici-n.jpg 1600w, https:\/\/loudavymkrokem.cz\/wp-content\/uploads\/2026\/09\/palacio-de-la-inquisici-n-300x225.jpg 300w, https:\/\/loudavymkrokem.cz\/wp-content\/uploads\/2026\/09\/palacio-de-la-inquisici-n-700x525.jpg 700w, https:\/\/loudavymkrokem.cz\/wp-content\/uploads\/2026\/09\/palacio-de-la-inquisici-n-768x576.jpg 768w, https:\/\/loudavymkrokem.cz\/wp-content\/uploads\/2026\/09\/palacio-de-la-inquisici-n-1536x1152.jpg 1536w, https:\/\/loudavymkrokem.cz\/wp-content\/uploads\/2026\/09\/palacio-de-la-inquisici-n-80x60.jpg 80w, https:\/\/loudavymkrokem.cz\/wp-content\/uploads\/2026\/09\/palacio-de-la-inquisici-n-160x120.jpg 160w, https:\/\/loudavymkrokem.cz\/wp-content\/uploads\/2026\/09\/palacio-de-la-inquisici-n-696x522.jpg 696w, https:\/\/loudavymkrokem.cz\/wp-content\/uploads\/2026\/09\/palacio-de-la-inquisici-n-1392x1044.jpg 1392w\" sizes=\"(max-width: 1600px) 100vw, 1600px\" \/><button\n\t\t\tclass=\"lightbox-trigger\"\n\t\t\ttype=\"button\"\n\t\t\taria-haspopup=\"dialog\"\n\t\t\tdata-wp-bind--aria-label=\"state.thisImage.triggerButtonAriaLabel\"\n\t\t\tdata-wp-init=\"callbacks.initTriggerButton\"\n\t\t\tdata-wp-on--click=\"actions.showLightbox\"\n\t\t\tdata-wp-style--right=\"state.thisImage.buttonRight\"\n\t\t\tdata-wp-style--top=\"state.thisImage.buttonTop\"\n\t\t>\n\t\t\t<svg xmlns=\"http:\/\/www.w3.org\/2000\/svg\" width=\"12\" height=\"12\" fill=\"none\" viewBox=\"0 0 12 12\">\n\t\t\t\t<path fill=\"#fff\" d=\"M2 0a2 2 0 0 0-2 2v2h1.5V2a.5.5 0 0 1 .5-.5h2V0H2Zm2 10.5H2a.5.5 0 0 1-.5-.5V8H0v2a2 2 0 0 0 2 2h2v-1.5ZM8 12v-1.5h2a.5.5 0 0 0 .5-.5V8H12v2a2 2 0 0 1-2 2H8Zm2-12a2 2 0 0 1 2 2v2h-1.5V2a.5.5 0 0 0-.5-.5H8V0h2Z\" \/>\n\t\t\t<\/svg>\n\t\t<\/button><figcaption class=\"wp-element-caption\">Foto: Adri\u00e1n S\u00e1nchez Alan\u00eds \/ Google Maps<\/figcaption><\/figure>\n\n\n\n<h3 class=\"wp-block-heading\"><span class=\"ez-toc-section\" id=\"5_Palacio_de_la_Inquisicion_Palacio_da_Inquisicao\"><\/span>5. Palacio de la Inquisici\u00f3n (Pal\u00e1cio da Inquisi\u00e7\u00e3o)<span class=\"ez-toc-section-end\"><\/span><\/h3>\n\n\n\n<p class=\"wp-block-paragraph\">Bem do lado oposto da mesma pra\u00e7a voc\u00ea encontra o <strong>Museu de Cartagena de Indias, mais conhecido pelas pessoas como Palacio de la Inquisici\u00f3n<\/strong> (nota 4,2). Esse majestoso pr\u00e9dio hist\u00f3rico, com um lindo portal barroco de 1770, esconde sob sua bela fachada uma hist\u00f3ria bem sombria. Ele foi a sede principal da Inquisi\u00e7\u00e3o espanhola, que ali julgou e puniu com dureza, por s\u00e9culos, os acusados de heresia e bruxaria.<\/p>\n\n\n\n<p class=\"wp-block-paragraph\">L\u00e1 dentro te espera uma exposi\u00e7\u00e3o bastante arrepiante, mas muito instrutiva, onde <strong>voc\u00ea pode ver instrumentos de tortura originais<\/strong> e conhecer em detalhes os m\u00e9todos impiedosos dos tribunais eclesi\u00e1sticos da \u00e9poca. Ao mesmo tempo, nos andares superiores h\u00e1 tamb\u00e9m uma parte bem extensa dedicada \u00e0 hist\u00f3ria geral da cidade desde sua funda\u00e7\u00e3o, ent\u00e3o o museu funciona como uma \u00f3tima e completa introdu\u00e7\u00e3o \u00e0 complexa hist\u00f3ria de Cartagena.<\/p>\n\n\n\n<p class=\"wp-block-paragraph\">O pre\u00e7o do ingresso para turistas estrangeiros costuma <strong>ficar entre 21.000 e 25.000 COP<\/strong>, mas confira o valor atual direto na bilheteria, porque de vez em quando ele muda sem aviso. A experi\u00eancia do p\u00e1tio interno sombreado, onde antigamente eram proferidas senten\u00e7as cru\u00e9is e onde hoje, ironicamente, cresce uma vegeta\u00e7\u00e3o tropical exuberante, \u00e9 realmente forte e vale a visita.<\/p>\n\n\n\n<figure data-wp-context=\"{&quot;imageId&quot;:&quot;6a9c2cc9cac3b&quot;}\" data-wp-interactive=\"core\/image\" data-wp-key=\"6a9c2cc9cac3b\" class=\"wp-block-image size-full wp-lightbox-container\"><img decoding=\"async\" width=\"1600\" height=\"1186\" data-wp-class--hide=\"state.isContentHidden\" data-wp-class--show=\"state.isContentVisible\" data-wp-init=\"callbacks.setButtonStyles\" data-wp-on--click=\"actions.showLightbox\" data-wp-on--load=\"callbacks.setButtonStyles\" data-wp-on--pointerdown=\"actions.preloadImage\" data-wp-on--pointerenter=\"actions.preloadImageWithDelay\" data-wp-on--pointerleave=\"actions.cancelPreload\" data-wp-on-window--resize=\"callbacks.setButtonStyles\" src=\"https:\/\/loudavymkrokem.cz\/wp-content\/uploads\/2026\/09\/museo-naval-del-caribe.jpg\" alt=\"Museo Naval del Caribe\" class=\"wp-image-415706\" title=\"\" srcset=\"https:\/\/loudavymkrokem.cz\/wp-content\/uploads\/2026\/09\/museo-naval-del-caribe.jpg 1600w, https:\/\/loudavymkrokem.cz\/wp-content\/uploads\/2026\/09\/museo-naval-del-caribe-300x222.jpg 300w, https:\/\/loudavymkrokem.cz\/wp-content\/uploads\/2026\/09\/museo-naval-del-caribe-700x519.jpg 700w, https:\/\/loudavymkrokem.cz\/wp-content\/uploads\/2026\/09\/museo-naval-del-caribe-768x569.jpg 768w, https:\/\/loudavymkrokem.cz\/wp-content\/uploads\/2026\/09\/museo-naval-del-caribe-1536x1139.jpg 1536w, https:\/\/loudavymkrokem.cz\/wp-content\/uploads\/2026\/09\/museo-naval-del-caribe-80x60.jpg 80w, https:\/\/loudavymkrokem.cz\/wp-content\/uploads\/2026\/09\/museo-naval-del-caribe-160x120.jpg 160w, https:\/\/loudavymkrokem.cz\/wp-content\/uploads\/2026\/09\/museo-naval-del-caribe-696x516.jpg 696w, https:\/\/loudavymkrokem.cz\/wp-content\/uploads\/2026\/09\/museo-naval-del-caribe-1392x1032.jpg 1392w\" sizes=\"(max-width: 1600px) 100vw, 1600px\" \/><button\n\t\t\tclass=\"lightbox-trigger\"\n\t\t\ttype=\"button\"\n\t\t\taria-haspopup=\"dialog\"\n\t\t\tdata-wp-bind--aria-label=\"state.thisImage.triggerButtonAriaLabel\"\n\t\t\tdata-wp-init=\"callbacks.initTriggerButton\"\n\t\t\tdata-wp-on--click=\"actions.showLightbox\"\n\t\t\tdata-wp-style--right=\"state.thisImage.buttonRight\"\n\t\t\tdata-wp-style--top=\"state.thisImage.buttonTop\"\n\t\t>\n\t\t\t<svg xmlns=\"http:\/\/www.w3.org\/2000\/svg\" width=\"12\" height=\"12\" fill=\"none\" viewBox=\"0 0 12 12\">\n\t\t\t\t<path fill=\"#fff\" d=\"M2 0a2 2 0 0 0-2 2v2h1.5V2a.5.5 0 0 1 .5-.5h2V0H2Zm2 10.5H2a.5.5 0 0 1-.5-.5V8H0v2a2 2 0 0 0 2 2h2v-1.5ZM8 12v-1.5h2a.5.5 0 0 0 .5-.5V8H12v2a2 2 0 0 1-2 2H8Zm2-12a2 2 0 0 1 2 2v2h-1.5V2a.5.5 0 0 0-.5-.5H8V0h2Z\" \/>\n\t\t\t<\/svg>\n\t\t<\/button><figcaption class=\"wp-element-caption\">Foto: LATINA VIAJERA [Sam Broxio] \/ Google Maps<\/figcaption><\/figure>\n\n\n\n<h3 class=\"wp-block-heading\"><span class=\"ez-toc-section\" id=\"6_Museo_Naval_del_Caribe\"><\/span>6. Museo Naval del Caribe<span class=\"ez-toc-section-end\"><\/span><\/h3>\n\n\n\n<p class=\"wp-block-paragraph\">Se voc\u00ea tem pelo menos um pouquinho de interesse por navios antigos, piratas e batalhas navais, o <strong>Museo Naval del Caribe (excelente nota 4,6) vai te deixar completamente encantado<\/strong>. Ele fica a poucos passos das muralhas principais e sua ampla exposi\u00e7\u00e3o aborda a hist\u00f3ria fascinante dos piratas caribenhos, dos gale\u00f5es espanh\u00f3is afundados cheios de ouro e das intermin\u00e1veis batalhas navais pelo dom\u00ednio desse porto estrat\u00e9gico do Caribe.<\/p>\n\n\n\n<p class=\"wp-block-paragraph\">O museu \u00e9 realmente bem produzido e moderno, <strong>oferece um monte de maquetes interativas interessantes de fortalezas e navios gigantes<\/strong>, o que agrada n\u00e3o s\u00f3 os adultos apaixonados por hist\u00f3ria, mas tamb\u00e9m as fam\u00edlias com crian\u00e7as. Aqui voc\u00ea descobre um monte de detalhes inesperados sobre como a cidade se defendeu heroicamente, no passado, do famoso e devastador ataque do almirante ingl\u00eas Vernon.<\/p>\n\n\n\n<p class=\"wp-block-paragraph\">\u26a0\ufe0f <strong>Aviso importante sobre os mapas:<\/strong> Ao buscar informa\u00e7\u00f5es e o caminho online, tome muito cuidado para n\u00e3o confundir as cidades. N\u00e3o confunda este museu com o &#8220;Naval Museum Cartagena&#8221;, que o Google \u00e0s vezes te empurra, s\u00f3 que esse fica em M\u00farcia, na Espanha, e a navega\u00e7\u00e3o vai te mandar para outro continente. \ud83d\ude05 Confira sempre com aten\u00e7\u00e3o se no endere\u00e7o do Google Maps aparece Bol\u00edvar, Col\u00f4mbia.<\/p>\n\n\n\n<figure data-wp-context=\"{&quot;imageId&quot;:&quot;6a9c2cc9cb19a&quot;}\" data-wp-interactive=\"core\/image\" data-wp-key=\"6a9c2cc9cb19a\" class=\"wp-block-image size-full wp-lightbox-container\"><img decoding=\"async\" width=\"1600\" height=\"1200\" data-wp-class--hide=\"state.isContentHidden\" data-wp-class--show=\"state.isContentVisible\" data-wp-init=\"callbacks.setButtonStyles\" data-wp-on--click=\"actions.showLightbox\" data-wp-on--load=\"callbacks.setButtonStyles\" data-wp-on--pointerdown=\"actions.preloadImage\" data-wp-on--pointerenter=\"actions.preloadImageWithDelay\" data-wp-on--pointerleave=\"actions.cancelPreload\" data-wp-on-window--resize=\"callbacks.setButtonStyles\" src=\"https:\/\/loudavymkrokem.cz\/wp-content\/uploads\/2026\/09\/plaza-de-los-coches.jpg\" alt=\"Plaza de los Coches e a Torre del Reloj\" class=\"wp-image-415708\" title=\"\" srcset=\"https:\/\/loudavymkrokem.cz\/wp-content\/uploads\/2026\/09\/plaza-de-los-coches.jpg 1600w, https:\/\/loudavymkrokem.cz\/wp-content\/uploads\/2026\/09\/plaza-de-los-coches-300x225.jpg 300w, https:\/\/loudavymkrokem.cz\/wp-content\/uploads\/2026\/09\/plaza-de-los-coches-700x525.jpg 700w, https:\/\/loudavymkrokem.cz\/wp-content\/uploads\/2026\/09\/plaza-de-los-coches-768x576.jpg 768w, https:\/\/loudavymkrokem.cz\/wp-content\/uploads\/2026\/09\/plaza-de-los-coches-1536x1152.jpg 1536w, https:\/\/loudavymkrokem.cz\/wp-content\/uploads\/2026\/09\/plaza-de-los-coches-80x60.jpg 80w, https:\/\/loudavymkrokem.cz\/wp-content\/uploads\/2026\/09\/plaza-de-los-coches-160x120.jpg 160w, https:\/\/loudavymkrokem.cz\/wp-content\/uploads\/2026\/09\/plaza-de-los-coches-696x522.jpg 696w, https:\/\/loudavymkrokem.cz\/wp-content\/uploads\/2026\/09\/plaza-de-los-coches-1392x1044.jpg 1392w\" sizes=\"(max-width: 1600px) 100vw, 1600px\" \/><button\n\t\t\tclass=\"lightbox-trigger\"\n\t\t\ttype=\"button\"\n\t\t\taria-haspopup=\"dialog\"\n\t\t\tdata-wp-bind--aria-label=\"state.thisImage.triggerButtonAriaLabel\"\n\t\t\tdata-wp-init=\"callbacks.initTriggerButton\"\n\t\t\tdata-wp-on--click=\"actions.showLightbox\"\n\t\t\tdata-wp-style--right=\"state.thisImage.buttonRight\"\n\t\t\tdata-wp-style--top=\"state.thisImage.buttonTop\"\n\t\t>\n\t\t\t<svg xmlns=\"http:\/\/www.w3.org\/2000\/svg\" width=\"12\" height=\"12\" fill=\"none\" viewBox=\"0 0 12 12\">\n\t\t\t\t<path fill=\"#fff\" d=\"M2 0a2 2 0 0 0-2 2v2h1.5V2a.5.5 0 0 1 .5-.5h2V0H2Zm2 10.5H2a.5.5 0 0 1-.5-.5V8H0v2a2 2 0 0 0 2 2h2v-1.5ZM8 12v-1.5h2a.5.5 0 0 0 .5-.5V8H12v2a2 2 0 0 1-2 2H8Zm2-12a2 2 0 0 1 2 2v2h-1.5V2a.5.5 0 0 0-.5-.5H8V0h2Z\" \/>\n\t\t\t<\/svg>\n\t\t<\/button><figcaption class=\"wp-element-caption\">Foto: Kelly Hewitt \/ Google Maps<\/figcaption><\/figure>\n\n\n\n<h3 class=\"wp-block-heading\"><span class=\"ez-toc-section\" id=\"7_Plaza_de_los_Coches_e_a_Torre_del_Reloj\"><\/span>7. Plaza de los Coches e a Torre del Reloj<span class=\"ez-toc-section-end\"><\/span><\/h3>\n\n\n\n<p class=\"wp-block-paragraph\">Seus primeiros passos dentro da cidade velha provavelmente v\u00e3o passar direto pela <strong>Torre del Reloj, a ic\u00f4nica torre amarela do rel\u00f3gio<\/strong>, que serve como o principal e mais bonito port\u00e3o de entrada atrav\u00e9s das muralhas. Logo depois desse port\u00e3o, se abre diante de voc\u00ea a <strong>Plaza de los Coches (nota 4,5)<\/strong>, ou Pra\u00e7a das Carruagens, que tem um passado muito sombrio, pois antes servia como o principal mercado de escravos, mas hoje est\u00e1 cheia de casas coloridas com as t\u00edpicas sacadas.<\/p>\n\n\n\n<p class=\"wp-block-paragraph\">Bem nessa pra\u00e7a movimentada voc\u00ea encontra a <strong>famosa arcada sombreada Portal de los Dulces<\/strong>. Aqui se amontoam dezenas de pequenas barracas de madeira, que h\u00e1 gera\u00e7\u00f5es vendem doces tradicionais do Caribe. Tudo aqui brilha em cores vibrantes e o ar cheira constantemente a coco fresco, a\u00e7\u00facar de cana queimado e frutas tropicais ex\u00f3ticas.<\/p>\n\n\n\n<p class=\"wp-block-paragraph\">\u00c9 um lugar absolutamente ideal para <strong>provar as bolinhas de coco locais (as chamadas cocadas) ou os doces pegajosos de tamarindo<\/strong>. \ud83d\udca1 <strong>Dica:<\/strong> Esses doces locais s\u00e3o extremamente doces e densos, ent\u00e3o um ou dois pedacinhos j\u00e1 v\u00e3o te bastar com um cafezinho forte da tarde, n\u00e3o espere de jeito nenhum sobremesas leves e fofinhas.<\/p>\n\n\n\n<figure data-wp-context=\"{&quot;imageId&quot;:&quot;6a9c2cc9cb6fc&quot;}\" data-wp-interactive=\"core\/image\" data-wp-key=\"6a9c2cc9cb6fc\" class=\"wp-block-image size-full wp-lightbox-container\"><img decoding=\"async\" width=\"1600\" height=\"901\" data-wp-class--hide=\"state.isContentHidden\" data-wp-class--show=\"state.isContentVisible\" data-wp-init=\"callbacks.setButtonStyles\" data-wp-on--click=\"actions.showLightbox\" data-wp-on--load=\"callbacks.setButtonStyles\" data-wp-on--pointerdown=\"actions.preloadImage\" data-wp-on--pointerenter=\"actions.preloadImageWithDelay\" data-wp-on--pointerleave=\"actions.cancelPreload\" data-wp-on-window--resize=\"callbacks.setButtonStyles\" src=\"https:\/\/loudavymkrokem.cz\/wp-content\/uploads\/2026\/09\/camell-n-de-los-m-rtires.jpg\" alt=\"Camell\u00f3n de los M\u00e1rtires\" class=\"wp-image-415710\" title=\"\" srcset=\"https:\/\/loudavymkrokem.cz\/wp-content\/uploads\/2026\/09\/camell-n-de-los-m-rtires.jpg 1600w, https:\/\/loudavymkrokem.cz\/wp-content\/uploads\/2026\/09\/camell-n-de-los-m-rtires-300x169.jpg 300w, https:\/\/loudavymkrokem.cz\/wp-content\/uploads\/2026\/09\/camell-n-de-los-m-rtires-700x394.jpg 700w, https:\/\/loudavymkrokem.cz\/wp-content\/uploads\/2026\/09\/camell-n-de-los-m-rtires-768x432.jpg 768w, https:\/\/loudavymkrokem.cz\/wp-content\/uploads\/2026\/09\/camell-n-de-los-m-rtires-1536x865.jpg 1536w, https:\/\/loudavymkrokem.cz\/wp-content\/uploads\/2026\/09\/camell-n-de-los-m-rtires-696x392.jpg 696w, https:\/\/loudavymkrokem.cz\/wp-content\/uploads\/2026\/09\/camell-n-de-los-m-rtires-1392x784.jpg 1392w\" sizes=\"(max-width: 1600px) 100vw, 1600px\" \/><button\n\t\t\tclass=\"lightbox-trigger\"\n\t\t\ttype=\"button\"\n\t\t\taria-haspopup=\"dialog\"\n\t\t\tdata-wp-bind--aria-label=\"state.thisImage.triggerButtonAriaLabel\"\n\t\t\tdata-wp-init=\"callbacks.initTriggerButton\"\n\t\t\tdata-wp-on--click=\"actions.showLightbox\"\n\t\t\tdata-wp-style--right=\"state.thisImage.buttonRight\"\n\t\t\tdata-wp-style--top=\"state.thisImage.buttonTop\"\n\t\t>\n\t\t\t<svg xmlns=\"http:\/\/www.w3.org\/2000\/svg\" width=\"12\" height=\"12\" fill=\"none\" viewBox=\"0 0 12 12\">\n\t\t\t\t<path fill=\"#fff\" d=\"M2 0a2 2 0 0 0-2 2v2h1.5V2a.5.5 0 0 1 .5-.5h2V0H2Zm2 10.5H2a.5.5 0 0 1-.5-.5V8H0v2a2 2 0 0 0 2 2h2v-1.5ZM8 12v-1.5h2a.5.5 0 0 0 .5-.5V8H12v2a2 2 0 0 1-2 2H8Zm2-12a2 2 0 0 1 2 2v2h-1.5V2a.5.5 0 0 0-.5-.5H8V0h2Z\" \/>\n\t\t\t<\/svg>\n\t\t<\/button><figcaption class=\"wp-element-caption\">Foto: Libor Novotn\u00fd \/ Google Maps<\/figcaption><\/figure>\n\n\n\n<h3 class=\"wp-block-heading\"><span class=\"ez-toc-section\" id=\"8_Camellon_de_los_Martires\"><\/span>8. Camell\u00f3n de los M\u00e1rtires<span class=\"ez-toc-section-end\"><\/span><\/h3>\n\n\n\n<p class=\"wp-block-paragraph\">Bem em frente ao principal port\u00e3o amarelo do rel\u00f3gio, antes mesmo de voc\u00ea entrar na cidade velha, se estende uma <strong>larga avenida conhecida como Camell\u00f3n de los M\u00e1rtires<\/strong> (nota 4,6). Essa avenida muito elegante e bem cuidada, ladeada por est\u00e1tuas, \u00e9 um dos melhores lugares para um passeio ao entardecer, quando fica lindamente iluminada e pulsa com uma vida local incr\u00edvel.<\/p>\n\n\n\n<p class=\"wp-block-paragraph\">O nome dessa avenida remete diretamente a uma hist\u00f3ria sangrenta, pois <strong>aqui voc\u00ea encontra os bustos de nove m\u00e1rtires<\/strong>, l\u00edderes corajosos do movimento colombiano pela independ\u00eancia, que foram executados sem piedade neste lugar em 1816 pelos realistas espanh\u00f3is. \u00c9 um lugar muito importante de orgulho nacional, que d\u00e1 um contraste hist\u00f3rico interessante \u00e0 atmosfera caribenha, de resto t\u00e3o despreocupada, de todos os arredores.<\/p>\n\n\n\n<p class=\"wp-block-paragraph\">Durante o dia, voc\u00ea vai esbarrar em incont\u00e1veis vendedores sorridentes de sucos frescos e produtos artesanais. <strong>\u00c9 tamb\u00e9m o lugar mais popular para embarcar nas carruagens tur\u00edsticas puxadas por cavalos<\/strong>, embora, do ponto de vista do respeito aos animais no calor caribenho absurdo, seja bem melhor circular pela cidade com as pr\u00f3prias pernas.<\/p>\n\n\n\n<figure data-wp-context=\"{&quot;imageId&quot;:&quot;6a9c2cc9cbc25&quot;}\" data-wp-interactive=\"core\/image\" data-wp-key=\"6a9c2cc9cbc25\" class=\"wp-block-image size-full wp-lightbox-container\"><img decoding=\"async\" width=\"1600\" height=\"2133\" data-wp-class--hide=\"state.isContentHidden\" data-wp-class--show=\"state.isContentVisible\" data-wp-init=\"callbacks.setButtonStyles\" data-wp-on--click=\"actions.showLightbox\" data-wp-on--load=\"callbacks.setButtonStyles\" data-wp-on--pointerdown=\"actions.preloadImage\" data-wp-on--pointerenter=\"actions.preloadImageWithDelay\" data-wp-on--pointerleave=\"actions.cancelPreload\" data-wp-on-window--resize=\"callbacks.setButtonStyles\" src=\"https:\/\/loudavymkrokem.cz\/wp-content\/uploads\/2026\/09\/getseman.jpg\" alt=\"Getseman\u00ed e a arte de rua\" class=\"wp-image-415712\" title=\"\" srcset=\"https:\/\/loudavymkrokem.cz\/wp-content\/uploads\/2026\/09\/getseman.jpg 1600w, https:\/\/loudavymkrokem.cz\/wp-content\/uploads\/2026\/09\/getseman-225x300.jpg 225w, https:\/\/loudavymkrokem.cz\/wp-content\/uploads\/2026\/09\/getseman-700x933.jpg 700w, https:\/\/loudavymkrokem.cz\/wp-content\/uploads\/2026\/09\/getseman-768x1024.jpg 768w, https:\/\/loudavymkrokem.cz\/wp-content\/uploads\/2026\/09\/getseman-1152x1536.jpg 1152w, https:\/\/loudavymkrokem.cz\/wp-content\/uploads\/2026\/09\/getseman-1536x2048.jpg 1536w, https:\/\/loudavymkrokem.cz\/wp-content\/uploads\/2026\/09\/getseman-696x928.jpg 696w, https:\/\/loudavymkrokem.cz\/wp-content\/uploads\/2026\/09\/getseman-1392x1856.jpg 1392w\" sizes=\"(max-width: 1600px) 100vw, 1600px\" \/><button\n\t\t\tclass=\"lightbox-trigger\"\n\t\t\ttype=\"button\"\n\t\t\taria-haspopup=\"dialog\"\n\t\t\tdata-wp-bind--aria-label=\"state.thisImage.triggerButtonAriaLabel\"\n\t\t\tdata-wp-init=\"callbacks.initTriggerButton\"\n\t\t\tdata-wp-on--click=\"actions.showLightbox\"\n\t\t\tdata-wp-style--right=\"state.thisImage.buttonRight\"\n\t\t\tdata-wp-style--top=\"state.thisImage.buttonTop\"\n\t\t>\n\t\t\t<svg xmlns=\"http:\/\/www.w3.org\/2000\/svg\" width=\"12\" height=\"12\" fill=\"none\" viewBox=\"0 0 12 12\">\n\t\t\t\t<path fill=\"#fff\" d=\"M2 0a2 2 0 0 0-2 2v2h1.5V2a.5.5 0 0 1 .5-.5h2V0H2Zm2 10.5H2a.5.5 0 0 1-.5-.5V8H0v2a2 2 0 0 0 2 2h2v-1.5ZM8 12v-1.5h2a.5.5 0 0 0 .5-.5V8H12v2a2 2 0 0 1-2 2H8Zm2-12a2 2 0 0 1 2 2v2h-1.5V2a.5.5 0 0 0-.5-.5H8V0h2Z\" \/>\n\t\t\t<\/svg>\n\t\t<\/button><figcaption class=\"wp-element-caption\">Foto: Daniel Rivera Pimienta \/ Google Maps<\/figcaption><\/figure>\n\n\n\n<h3 class=\"wp-block-heading\"><span class=\"ez-toc-section\" id=\"9_Getsemani_e_a_arte_de_rua\"><\/span>9. Getseman\u00ed e a arte de rua<span class=\"ez-toc-section-end\"><\/span><\/h3>\n\n\n\n<p class=\"wp-block-paragraph\">Enquanto o reluzente Centro Hist\u00f3rico \u00e9 polido e aristocr\u00e1tico, <strong>o vizinho bairro de Getseman\u00ed tem uma alma verdadeira, selvagem e vibrante<\/strong>. At\u00e9 pouco tempo atr\u00e1s era um bairro oper\u00e1rio e pobre bastante perigoso, fora das muralhas, onde n\u00e3o se recomendava de jeito nenhum que os turistas fossem, mas hoje \u00e9, disparado, a parte mais interessante, colorida e fotografada de toda Cartagena.<\/p>\n\n\n\n<p class=\"wp-block-paragraph\">As ruelas aqui s\u00e3o um pouco mais estreitas que no centro e as fachadas descascadas das casas servem como enormes telas de pintura. <strong>Voc\u00ea encontra aqui uma arte de rua de primeira e bem pensada<\/strong>, que reflete as ra\u00edzes africanas da cidade, a cultura das palenqueras e a exuberante flora local. A mais famosa de todas \u00e9 a ruela estreita Calle de la Sierpe, sobre a qual pendem centenas de guarda-chuvas coloridos, ou a ruela cheia de bandeirinhas, onde saem as melhores fotos das f\u00e9rias inteiras.<\/p>\n\n\n\n<p class=\"wp-block-paragraph\">Durante o dia, Getseman\u00ed \u00e9 surpreendentemente tranquilo (as pessoas ficam sentadas em frente \u00e0s casas em cadeirinhas de pl\u00e1stico, jogam domin\u00f3 com paix\u00e3o e quase nem reparam em voc\u00ea, o que, depois do ass\u00e9dio constante do centro, \u00e9 um baita al\u00edvio). <strong>\u00c9 justamente aqui que voc\u00ea ainda sente aquela atmosfera comunit\u00e1ria de verdade<\/strong>, que, infelizmente, meio que se perdeu no centro mais reluzente e caro.<\/p>\n\n\n\n<figure data-wp-context=\"{&quot;imageId&quot;:&quot;6a9c2cc9cc0a3&quot;}\" data-wp-interactive=\"core\/image\" data-wp-key=\"6a9c2cc9cc0a3\" class=\"wp-block-image size-full wp-lightbox-container\"><img decoding=\"async\" width=\"1600\" height=\"1200\" data-wp-class--hide=\"state.isContentHidden\" data-wp-class--show=\"state.isContentVisible\" data-wp-init=\"callbacks.setButtonStyles\" data-wp-on--click=\"actions.showLightbox\" data-wp-on--load=\"callbacks.setButtonStyles\" data-wp-on--pointerdown=\"actions.preloadImage\" data-wp-on--pointerenter=\"actions.preloadImageWithDelay\" data-wp-on--pointerleave=\"actions.cancelPreload\" data-wp-on-window--resize=\"callbacks.setButtonStyles\" src=\"https:\/\/loudavymkrokem.cz\/wp-content\/uploads\/2026\/09\/ve-ern-plaza-de-la-trinidad.jpg\" alt=\"Plaza de la Trinidad \u00e0 noite\" class=\"wp-image-415715\" title=\"\" srcset=\"https:\/\/loudavymkrokem.cz\/wp-content\/uploads\/2026\/09\/ve-ern-plaza-de-la-trinidad.jpg 1600w, https:\/\/loudavymkrokem.cz\/wp-content\/uploads\/2026\/09\/ve-ern-plaza-de-la-trinidad-300x225.jpg 300w, https:\/\/loudavymkrokem.cz\/wp-content\/uploads\/2026\/09\/ve-ern-plaza-de-la-trinidad-700x525.jpg 700w, https:\/\/loudavymkrokem.cz\/wp-content\/uploads\/2026\/09\/ve-ern-plaza-de-la-trinidad-768x576.jpg 768w, https:\/\/loudavymkrokem.cz\/wp-content\/uploads\/2026\/09\/ve-ern-plaza-de-la-trinidad-1536x1152.jpg 1536w, https:\/\/loudavymkrokem.cz\/wp-content\/uploads\/2026\/09\/ve-ern-plaza-de-la-trinidad-80x60.jpg 80w, https:\/\/loudavymkrokem.cz\/wp-content\/uploads\/2026\/09\/ve-ern-plaza-de-la-trinidad-160x120.jpg 160w, https:\/\/loudavymkrokem.cz\/wp-content\/uploads\/2026\/09\/ve-ern-plaza-de-la-trinidad-696x522.jpg 696w, https:\/\/loudavymkrokem.cz\/wp-content\/uploads\/2026\/09\/ve-ern-plaza-de-la-trinidad-1392x1044.jpg 1392w\" sizes=\"(max-width: 1600px) 100vw, 1600px\" \/><button\n\t\t\tclass=\"lightbox-trigger\"\n\t\t\ttype=\"button\"\n\t\t\taria-haspopup=\"dialog\"\n\t\t\tdata-wp-bind--aria-label=\"state.thisImage.triggerButtonAriaLabel\"\n\t\t\tdata-wp-init=\"callbacks.initTriggerButton\"\n\t\t\tdata-wp-on--click=\"actions.showLightbox\"\n\t\t\tdata-wp-style--right=\"state.thisImage.buttonRight\"\n\t\t\tdata-wp-style--top=\"state.thisImage.buttonTop\"\n\t\t>\n\t\t\t<svg xmlns=\"http:\/\/www.w3.org\/2000\/svg\" width=\"12\" height=\"12\" fill=\"none\" viewBox=\"0 0 12 12\">\n\t\t\t\t<path fill=\"#fff\" d=\"M2 0a2 2 0 0 0-2 2v2h1.5V2a.5.5 0 0 1 .5-.5h2V0H2Zm2 10.5H2a.5.5 0 0 1-.5-.5V8H0v2a2 2 0 0 0 2 2h2v-1.5ZM8 12v-1.5h2a.5.5 0 0 0 .5-.5V8H12v2a2 2 0 0 1-2 2H8Zm2-12a2 2 0 0 1 2 2v2h-1.5V2a.5.5 0 0 0-.5-.5H8V0h2Z\" \/>\n\t\t\t<\/svg>\n\t\t<\/button><figcaption class=\"wp-element-caption\">Foto: Drixdel Prera \/ Google Maps<\/figcaption><\/figure>\n\n\n\n<h3 class=\"wp-block-heading\"><span class=\"ez-toc-section\" id=\"10_Plaza_de_la_Trinidad_a_noite\"><\/span>10. Plaza de la Trinidad \u00e0 noite<span class=\"ez-toc-section-end\"><\/span><\/h3>\n\n\n\n<p class=\"wp-block-paragraph\">Se voc\u00ea quer viver na pele a verdadeira e aut\u00eantica alegria caribenha, <strong>precisa ir depois de escurecer at\u00e9 a Plaza de la Trinidad<\/strong>, bem no cora\u00e7\u00e3o do colorido bairro de Getseman\u00ed. Durante o dia \u00e9 um largo bem discreto em frente a uma antiga igreja amarela descascada, mas assim que o sol se p\u00f5e, o espa\u00e7o se transforma num estalar de dedos no epicentro pulsante da cidade toda.<\/p>\n\n\n\n<p class=\"wp-block-paragraph\"><strong>Toda noite se re\u00fane aqui meio bairro: fam\u00edlias locais com crian\u00e7as, mochileiros do mundo inteiro e talentosos artistas de rua<\/strong>. As pessoas ficam sentadas direto nas cal\u00e7adas mornas, compram cervejas geladinhas e baratas de uma loja pr\u00f3xima e provam a comida excelente dos carrinhos de rua. Por volta das oito da noite come\u00e7am por aqui, regularmente, apresenta\u00e7\u00f5es de dan\u00e7a improvisadas e arrebatadoras, malabarismo com fogo ou shows barulhentos das bandas locais.<\/p>\n\n\n\n<p class=\"wp-block-paragraph\">N\u00e3o precisa pagar nenhuma entrada cara em clubes de luxo, porque <strong>a melhor e mais aut\u00eantica festa acontece direto na rua<\/strong>. \ud83d\udca1 <strong>Dica:<\/strong> Mas tome muito cuidado com seus pertences pessoais, na multid\u00e3o densa os batedores de carteira podem circular despercebidos, ent\u00e3o segure a mochila sempre \u00e0 sua frente e deixe os objetos de valor e o passaporte no cofre do hotel.<\/p>\n\n\n\n<figure data-wp-context=\"{&quot;imageId&quot;:&quot;6a9c2cc9cc5ea&quot;}\" data-wp-interactive=\"core\/image\" data-wp-key=\"6a9c2cc9cc5ea\" class=\"wp-block-image size-full wp-lightbox-container\"><img decoding=\"async\" width=\"1600\" height=\"1600\" data-wp-class--hide=\"state.isContentHidden\" data-wp-class--show=\"state.isContentVisible\" data-wp-init=\"callbacks.setButtonStyles\" data-wp-on--click=\"actions.showLightbox\" data-wp-on--load=\"callbacks.setButtonStyles\" data-wp-on--pointerdown=\"actions.preloadImage\" data-wp-on--pointerenter=\"actions.preloadImageWithDelay\" data-wp-on--pointerleave=\"actions.cancelPreload\" data-wp-on-window--resize=\"callbacks.setButtonStyles\" src=\"https:\/\/loudavymkrokem.cz\/wp-content\/uploads\/2026\/09\/lenochodi-v-centenario-parku.jpg\" alt=\"Pregui\u00e7as no Parque Centenario\" class=\"wp-image-415716\" title=\"\" srcset=\"https:\/\/loudavymkrokem.cz\/wp-content\/uploads\/2026\/09\/lenochodi-v-centenario-parku.jpg 1600w, https:\/\/loudavymkrokem.cz\/wp-content\/uploads\/2026\/09\/lenochodi-v-centenario-parku-300x300.jpg 300w, https:\/\/loudavymkrokem.cz\/wp-content\/uploads\/2026\/09\/lenochodi-v-centenario-parku-700x700.jpg 700w, https:\/\/loudavymkrokem.cz\/wp-content\/uploads\/2026\/09\/lenochodi-v-centenario-parku-150x150.jpg 150w, https:\/\/loudavymkrokem.cz\/wp-content\/uploads\/2026\/09\/lenochodi-v-centenario-parku-768x768.jpg 768w, https:\/\/loudavymkrokem.cz\/wp-content\/uploads\/2026\/09\/lenochodi-v-centenario-parku-1536x1536.jpg 1536w, https:\/\/loudavymkrokem.cz\/wp-content\/uploads\/2026\/09\/lenochodi-v-centenario-parku-696x696.jpg 696w, https:\/\/loudavymkrokem.cz\/wp-content\/uploads\/2026\/09\/lenochodi-v-centenario-parku-1392x1392.jpg 1392w\" sizes=\"(max-width: 1600px) 100vw, 1600px\" \/><button\n\t\t\tclass=\"lightbox-trigger\"\n\t\t\ttype=\"button\"\n\t\t\taria-haspopup=\"dialog\"\n\t\t\tdata-wp-bind--aria-label=\"state.thisImage.triggerButtonAriaLabel\"\n\t\t\tdata-wp-init=\"callbacks.initTriggerButton\"\n\t\t\tdata-wp-on--click=\"actions.showLightbox\"\n\t\t\tdata-wp-style--right=\"state.thisImage.buttonRight\"\n\t\t\tdata-wp-style--top=\"state.thisImage.buttonTop\"\n\t\t>\n\t\t\t<svg xmlns=\"http:\/\/www.w3.org\/2000\/svg\" width=\"12\" height=\"12\" fill=\"none\" viewBox=\"0 0 12 12\">\n\t\t\t\t<path fill=\"#fff\" d=\"M2 0a2 2 0 0 0-2 2v2h1.5V2a.5.5 0 0 1 .5-.5h2V0H2Zm2 10.5H2a.5.5 0 0 1-.5-.5V8H0v2a2 2 0 0 0 2 2h2v-1.5ZM8 12v-1.5h2a.5.5 0 0 0 .5-.5V8H12v2a2 2 0 0 1-2 2H8Zm2-12a2 2 0 0 1 2 2v2h-1.5V2a.5.5 0 0 0-.5-.5H8V0h2Z\" \/>\n\t\t\t<\/svg>\n\t\t<\/button><figcaption class=\"wp-element-caption\">Foto: Gustavo. A \/ Google Maps<\/figcaption><\/figure>\n\n\n\n<h3 class=\"wp-block-heading\"><span class=\"ez-toc-section\" id=\"11_Preguicas_no_Parque_Centenario\"><\/span>11. Pregui\u00e7as no Parque Centenario<span class=\"ez-toc-section-end\"><\/span><\/h3>\n\n\n\n<p class=\"wp-block-paragraph\">Bem na fronteira entre Getseman\u00ed e a cidade velha fica o aparentemente comum <strong>Parque Centenario (nota 4,4), que, no entanto, esconde uma surpresa natural enorme e inesperada<\/strong>. A maioria dos turistas apressados s\u00f3 passa correndo por ele a caminho das muralhas e n\u00e3o faz a menor ideia do que h\u00e1 de incr\u00edvel bem acima de suas cabe\u00e7as, nas densas copas das \u00e1rvores imponentes.<\/p>\n\n\n\n<p class=\"wp-block-paragraph\">Bem no centro de uma cidade movimentada e barulhenta vivem aqui, <strong>em plena liberdade, pregui\u00e7as lentas, macaquinhos fofos (micos-de-cheiro) e enormes iguanas pr\u00e9-hist\u00f3ricas<\/strong>. Basta parar um instante, ficar em completo sil\u00eancio por um tempo e vasculhar com aten\u00e7\u00e3o os galhos emaranhados acima de voc\u00ea. As iguanas voc\u00ea vai ver com frequ\u00eancia tomando sol pregui\u00e7osamente bem na beira do caminho, enquanto as pregui\u00e7as normalmente dormem pesado, escondidas l\u00e1 no alto na folhagem.<\/p>\n\n\n\n<p class=\"wp-block-paragraph\">Se voc\u00ea n\u00e3o conseguir encontrar os animais sozinho na vegeta\u00e7\u00e3o densa, <strong>os vendedores de amendoim locais ou os vigias fixos do parque costumam te ajudar de boa vontade<\/strong>, pois sempre sabem exatamente em qual \u00e1rvore a familhinha de pregui\u00e7as est\u00e1 descansando naquele momento. \u00c9 um peda\u00e7o absolutamente fascinante de selva selvagem em meio ao tr\u00e2nsito agitado de concreto.<\/p>\n\n\n\n<figure data-wp-context=\"{&quot;imageId&quot;:&quot;6a9c2cc9ccaa7&quot;}\" data-wp-interactive=\"core\/image\" data-wp-key=\"6a9c2cc9ccaa7\" class=\"wp-block-image size-full wp-lightbox-container\"><img decoding=\"async\" width=\"1600\" height=\"1200\" data-wp-class--hide=\"state.isContentHidden\" data-wp-class--show=\"state.isContentVisible\" data-wp-init=\"callbacks.setButtonStyles\" data-wp-on--click=\"actions.showLightbox\" data-wp-on--load=\"callbacks.setButtonStyles\" data-wp-on--pointerdown=\"actions.preloadImage\" data-wp-on--pointerenter=\"actions.preloadImageWithDelay\" data-wp-on--pointerleave=\"actions.cancelPreload\" data-wp-on-window--resize=\"callbacks.setButtonStyles\" src=\"https:\/\/loudavymkrokem.cz\/wp-content\/uploads\/2026\/09\/z-convento-de-la-popa.jpg\" alt=\"Vista do Convento de la Popa\" class=\"wp-image-415719\" title=\"\" srcset=\"https:\/\/loudavymkrokem.cz\/wp-content\/uploads\/2026\/09\/z-convento-de-la-popa.jpg 1600w, https:\/\/loudavymkrokem.cz\/wp-content\/uploads\/2026\/09\/z-convento-de-la-popa-300x225.jpg 300w, https:\/\/loudavymkrokem.cz\/wp-content\/uploads\/2026\/09\/z-convento-de-la-popa-700x525.jpg 700w, https:\/\/loudavymkrokem.cz\/wp-content\/uploads\/2026\/09\/z-convento-de-la-popa-768x576.jpg 768w, https:\/\/loudavymkrokem.cz\/wp-content\/uploads\/2026\/09\/z-convento-de-la-popa-1536x1152.jpg 1536w, https:\/\/loudavymkrokem.cz\/wp-content\/uploads\/2026\/09\/z-convento-de-la-popa-80x60.jpg 80w, https:\/\/loudavymkrokem.cz\/wp-content\/uploads\/2026\/09\/z-convento-de-la-popa-160x120.jpg 160w, https:\/\/loudavymkrokem.cz\/wp-content\/uploads\/2026\/09\/z-convento-de-la-popa-696x522.jpg 696w, https:\/\/loudavymkrokem.cz\/wp-content\/uploads\/2026\/09\/z-convento-de-la-popa-1392x1044.jpg 1392w\" sizes=\"(max-width: 1600px) 100vw, 1600px\" \/><button\n\t\t\tclass=\"lightbox-trigger\"\n\t\t\ttype=\"button\"\n\t\t\taria-haspopup=\"dialog\"\n\t\t\tdata-wp-bind--aria-label=\"state.thisImage.triggerButtonAriaLabel\"\n\t\t\tdata-wp-init=\"callbacks.initTriggerButton\"\n\t\t\tdata-wp-on--click=\"actions.showLightbox\"\n\t\t\tdata-wp-style--right=\"state.thisImage.buttonRight\"\n\t\t\tdata-wp-style--top=\"state.thisImage.buttonTop\"\n\t\t>\n\t\t\t<svg xmlns=\"http:\/\/www.w3.org\/2000\/svg\" width=\"12\" height=\"12\" fill=\"none\" viewBox=\"0 0 12 12\">\n\t\t\t\t<path fill=\"#fff\" d=\"M2 0a2 2 0 0 0-2 2v2h1.5V2a.5.5 0 0 1 .5-.5h2V0H2Zm2 10.5H2a.5.5 0 0 1-.5-.5V8H0v2a2 2 0 0 0 2 2h2v-1.5ZM8 12v-1.5h2a.5.5 0 0 0 .5-.5V8H12v2a2 2 0 0 1-2 2H8Zm2-12a2 2 0 0 1 2 2v2h-1.5V2a.5.5 0 0 0-.5-.5H8V0h2Z\" \/>\n\t\t\t<\/svg>\n\t\t<\/button><figcaption class=\"wp-element-caption\">Foto: Javier Ruiz \/ Google Maps<\/figcaption><\/figure>\n\n\n\n<h3 class=\"wp-block-heading\"><span class=\"ez-toc-section\" id=\"12_Vista_do_Convento_de_la_Popa\"><\/span>12. Vista do Convento de la Popa<span class=\"ez-toc-section-end\"><\/span><\/h3>\n\n\n\n<p class=\"wp-block-paragraph\">A <strong>melhor vista<\/strong> de toda Cartagena? Ela est\u00e1 na colina mais alta da cidade, onde fica o antigo <strong>Convento de la Popa<\/strong>. Esse convento maravilhoso data de 1607 e se ergue a cerca de 150 metros acima do mar, ent\u00e3o de l\u00e1 voc\u00ea v\u00ea como na palma da m\u00e3o tanto a cidade velha hist\u00f3rica quanto os arranha-c\u00e9us modernos de Bocagrande, al\u00e9m do emaranhado de canais e dos bairros mais pobres da periferia.<\/p>\n\n\n\n<p class=\"wp-block-paragraph\">O convento em si tem um p\u00e1tio interno lindo e tranquilo, cheio de flores desabrochando, e uma capela pequena, mas ricamente decorada. <strong>A entrada em todo o complexo fica em torno de 11.000 a 25.000 COP<\/strong>, dependendo das fontes e da temporada, ent\u00e3o confira o pre\u00e7o atual direto no local. Mas a experi\u00eancia daquela altura enorme vale, sem d\u00favida, cada centavo.<\/p>\n\n\n\n<p class=\"wp-block-paragraph\">\u26a0\ufe0f <strong>Aviso de seguran\u00e7a fundamental:<\/strong> O caminho at\u00e9 o convento passa por bairros muito pobres e problem\u00e1ticos, e <strong>a subida a p\u00e9 \u00e9 fortemente desaconselhada aos estrangeiros por quest\u00f5es de seguran\u00e7a<\/strong>. Para o alto se vai exclusivamente em um tour organizado ou de t\u00e1xi amarelo, com o qual voc\u00ea combina de cara que ele vai te esperar l\u00e1 em cima uns 30 minutos e te levar de volta com seguran\u00e7a at\u00e9 o centro.<\/p>\n\n\n\n<figure data-wp-context=\"{&quot;imageId&quot;:&quot;6a9c2cc9ccfdd&quot;}\" data-wp-interactive=\"core\/image\" data-wp-key=\"6a9c2cc9ccfdd\" class=\"wp-block-image size-full wp-lightbox-container\"><img decoding=\"async\" width=\"1600\" height=\"1200\" data-wp-class--hide=\"state.isContentHidden\" data-wp-class--show=\"state.isContentVisible\" data-wp-init=\"callbacks.setButtonStyles\" data-wp-on--click=\"actions.showLightbox\" data-wp-on--load=\"callbacks.setButtonStyles\" data-wp-on--pointerdown=\"actions.preloadImage\" data-wp-on--pointerenter=\"actions.preloadImageWithDelay\" data-wp-on--pointerleave=\"actions.cancelPreload\" data-wp-on-window--resize=\"callbacks.setButtonStyles\" src=\"https:\/\/loudavymkrokem.cz\/wp-content\/uploads\/2026\/09\/st-e-n-bary.jpg\" alt=\"Bares no terra\u00e7o e vistas de luxo\" class=\"wp-image-415721\" title=\"\" srcset=\"https:\/\/loudavymkrokem.cz\/wp-content\/uploads\/2026\/09\/st-e-n-bary.jpg 1600w, https:\/\/loudavymkrokem.cz\/wp-content\/uploads\/2026\/09\/st-e-n-bary-300x225.jpg 300w, https:\/\/loudavymkrokem.cz\/wp-content\/uploads\/2026\/09\/st-e-n-bary-700x525.jpg 700w, https:\/\/loudavymkrokem.cz\/wp-content\/uploads\/2026\/09\/st-e-n-bary-768x576.jpg 768w, https:\/\/loudavymkrokem.cz\/wp-content\/uploads\/2026\/09\/st-e-n-bary-1536x1152.jpg 1536w, https:\/\/loudavymkrokem.cz\/wp-content\/uploads\/2026\/09\/st-e-n-bary-80x60.jpg 80w, https:\/\/loudavymkrokem.cz\/wp-content\/uploads\/2026\/09\/st-e-n-bary-160x120.jpg 160w, https:\/\/loudavymkrokem.cz\/wp-content\/uploads\/2026\/09\/st-e-n-bary-696x522.jpg 696w, https:\/\/loudavymkrokem.cz\/wp-content\/uploads\/2026\/09\/st-e-n-bary-1392x1044.jpg 1392w\" sizes=\"(max-width: 1600px) 100vw, 1600px\" \/><button\n\t\t\tclass=\"lightbox-trigger\"\n\t\t\ttype=\"button\"\n\t\t\taria-haspopup=\"dialog\"\n\t\t\tdata-wp-bind--aria-label=\"state.thisImage.triggerButtonAriaLabel\"\n\t\t\tdata-wp-init=\"callbacks.initTriggerButton\"\n\t\t\tdata-wp-on--click=\"actions.showLightbox\"\n\t\t\tdata-wp-style--right=\"state.thisImage.buttonRight\"\n\t\t\tdata-wp-style--top=\"state.thisImage.buttonTop\"\n\t\t>\n\t\t\t<svg xmlns=\"http:\/\/www.w3.org\/2000\/svg\" width=\"12\" height=\"12\" fill=\"none\" viewBox=\"0 0 12 12\">\n\t\t\t\t<path fill=\"#fff\" d=\"M2 0a2 2 0 0 0-2 2v2h1.5V2a.5.5 0 0 1 .5-.5h2V0H2Zm2 10.5H2a.5.5 0 0 1-.5-.5V8H0v2a2 2 0 0 0 2 2h2v-1.5ZM8 12v-1.5h2a.5.5 0 0 0 .5-.5V8H12v2a2 2 0 0 1-2 2H8Zm2-12a2 2 0 0 1 2 2v2h-1.5V2a.5.5 0 0 0-.5-.5H8V0h2Z\" \/>\n\t\t\t<\/svg>\n\t\t<\/button><figcaption class=\"wp-element-caption\">Foto: Mario Ruiz De Somocurcio \/ Google Maps<\/figcaption><\/figure>\n\n\n\n<!-- LKM_GYG_CARD start q=\"cartagena\" lang=\"pt-br\" rendered=\"2026-09-05T13:23:32+00:00\" v=\"1\" -->\n<style id=\"lk-gyg-styles\">\n@import url(\"https:\/\/fonts.googleapis.com\/css2?family=Playfair+Display:wght@700&family=DM+Sans:wght@300;400;500;600&display=swap\");\n\/* === LK GYG karty \u2014 CRO redesign 2026-05 (namespace .lkx-) ===\n   C\u00edl: vy\u0161\u0161\u00ed CTR (hero + v\u00fdrazn\u00fd social proof + ak\u010dn\u00ed CTA, m\u00e9n\u011b \"reklamn\u00ed\").\n   Injektuje se inline do prvn\u00edho markeru postu (refresh_cards.py --inline-css). *\/\n.lkx-module, .lkx-module *{box-sizing:border-box;margin:0;padding:0}\n.lkx-module{\n  font-family:'DM Sans',-apple-system,Segoe UI,Roboto,Georgia,sans-serif;\n  max-width:860px;margin:2.5rem auto;color:#1f2328;\n}\n\n\/* HEADER \u2014 lehk\u00fd editorsk\u00fd, \u017e\u00e1dn\u00fd bannerov\u00fd blok; nadpis + popisek pod n\u00edm *\/\n.lkx-head{margin-bottom:16px}\n.lkx-head-main{display:flex;align-items:center;gap:10px}\n.lkx-head-accent{width:26px;height:3px;border-radius:2px;background:#c39f76;flex-shrink:0}\n.lkx-head-title{font-family:'Playfair Display',Georgia,serif;font-size:21px;font-weight:700;color:#1a1a1a;line-height:1.25}\n.lkx-head-meta{display:block;font-size:11px;letter-spacing:.3px;color:#9aa0a6;margin-top:4px;margin-left:36px}\n\n\/* HERO *\/\n.lkx-hero{display:grid;grid-template-columns:300px 1fr;background:#fff;border:1px solid #ece7df;border-radius:14px;overflow:hidden;text-decoration:none!important;color:inherit;box-shadow:0 6px 20px rgba(0,0,0,.06);transition:box-shadow .2s,transform .2s;margin-bottom:14px}\n.lkx-hero:hover{box-shadow:0 12px 30px rgba(0,0,0,.12);transform:translateY(-2px)}\n.lkx-hero-img{position:relative;min-height:230px;background-size:cover;background-position:center;background-color:#eee}\n.lkx-hero-body{padding:22px 24px;display:flex;flex-direction:column}\n.lkx-pick{position:absolute;top:12px;left:12px;background:#1a1a1a;color:#fff;font-size:11px;font-weight:700;letter-spacing:.5px;padding:5px 11px;border-radius:20px}\n\n\/* TITLE *\/\n.lkx-title{font-size:19px;font-weight:700;color:#161616;line-height:1.3}\n.lkx-title-sm{font-size:14.5px;line-height:1.35;display:-webkit-box;-webkit-line-clamp:2;-webkit-box-orient:vertical;overflow:hidden}\n\n\/* SOCIAL PROOF \u2014 v\u00fdrazn\u011b, naho\u0159e *\/\n.lkx-proof{display:flex;align-items:center;gap:7px;margin-top:12px;font-size:15px;color:#3a3a3a}\n.lkx-proof b{font-size:16px;color:#161616}\n.lkx-stars{color:#f5a623;letter-spacing:1px}\n.lkx-proof-sm{font-size:12.5px;margin-top:8px;gap:5px}\n.lkx-proof-sm b{font-size:13px}\n.lkx-proof-new{color:#3685fc;font-weight:600}\n\n\/* PRICE \u2014 n\u00edzk\u00e1 kotva *\/\n.lkx-price{font-size:14px;color:#6b7280}\n.lkx-price b{font-size:20px;color:#161616;font-weight:700}\n.lkx-price-sm b{font-size:15px}\n\n\/* CTA \u2014 tepl\u00e9 ak\u010dn\u00ed tla\u010d\u00edtko *\/\n.lkx-cta{display:inline-flex;align-items:center;justify-content:center;text-decoration:none!important;font-weight:700;color:#fff!important;background:linear-gradient(135deg,#f6743f,#e8552a);border-radius:10px;box-shadow:0 6px 16px rgba(232,85,42,.32);transition:box-shadow .2s}\n.lkx-cta-hero{font-size:15px;padding:13px 22px}\n.lkx-hero:hover .lkx-cta-hero{box-shadow:0 8px 22px rgba(232,85,42,.45)}\n.lkx-cta-sm{font-size:12.5px;padding:9px 14px;width:100%;margin-top:2px}\n.lkx-hero-bottom{margin-top:auto;padding-top:18px;display:flex;align-items:center;justify-content:space-between;gap:14px;flex-wrap:wrap}\n\n\/* BADGE \u2014 jeden v\u00fdrazn\u00fd na fotce *\/\n.lkx-badge{position:absolute;top:12px;right:12px;font-size:10.5px;font-weight:700;letter-spacing:.3px;padding:5px 10px;border-radius:16px;color:#fff}\n.lkx-badge.badge-urgency{background:rgba(214,40,40,.92)}\n.lkx-badge.badge-new{background:rgba(54,133,252,.92)}\n.lkx-badge.badge-top{background:rgba(195,159,118,.95)}\n.lkx-badge.badge-info{background:rgba(40,40,40,.78)}\n\n\/* SECONDARY GRID *\/\n.lkx-grid{display:grid;grid-template-columns:1fr 1fr;gap:14px}\n.lkx-card{background:#fff;border:1px solid #ece7df;border-radius:14px;overflow:hidden;text-decoration:none!important;color:inherit;box-shadow:0 4px 14px rgba(0,0,0,.05);display:flex;flex-direction:column;transition:box-shadow .2s,transform .2s}\n.lkx-card:hover{box-shadow:0 10px 24px rgba(0,0,0,.1);transform:translateY(-2px)}\n.lkx-card-img{position:relative;aspect-ratio:16\/10;background-size:cover;background-position:center;background-color:#eee}\n.lkx-card-body{padding:14px 16px 16px;display:flex;flex-direction:column;gap:7px;flex:1}\n.lkx-card-bottom{margin-top:auto;padding-top:10px;display:flex;align-items:center;justify-content:space-between;gap:8px}\n\n\/* DISCLOSURE \u2014 drobn\u00e1, kv\u016fli d\u016fv\u011b\u0159e\/z\u00e1konu *\/\n.lkx-disclosure{font-size:11px;color:#a7adb3;text-align:center;margin-top:14px;line-height:1.6}\n.lkx-disclosure a{color:#c39f76;text-decoration:none}\n\n@media(max-width:680px){\n  .lkx-hero{grid-template-columns:1fr}\n  .lkx-hero-img{min-height:180px}\n  .lkx-grid{grid-template-columns:1fr}\n  .lkx-head-meta{margin-left:0;width:100%}\n  .lkx-head-title{font-size:19px}\n}\n\n<\/style>\n<div class=\"lkx-module\" data-query=\"cartagena\">\n  <div class=\"lkx-head\">\n    <div class=\"lkx-head-main\">\n      <span class=\"lkx-head-accent\"><\/span>\n      <span class=\"lkx-head-title\">Experi\u00eancias e ingressos<\/span>\n    <\/div>\n    <span class=\"lkx-head-meta\">avaliado por viajantes \u00b7 GetYourGuide<\/span>\n  <\/div><a class=\"lkx-hero\" href=\"https:\/\/www.getyourguide.com\/pt-br\/bolivar-l578\/cartagena-5-destaques-imperdiveis-das-ilhas-do-rosario-com-almoco-t497946\/?partner_id=MKZ64IS&amp;utm_medium=online_publisher&amp;cmp=o-que-fazer-cartagena-colombia\" target=\"_blank\" rel=\"sponsored noopener nofollow\">\n    <div class=\"lkx-hero-img\" style=\"background-image:url('https:\/\/cdn.getyourguide.com\/img\/tour\/3e7855e2de9521c901e39203ad7bd9296c10ec69ae845752a4bbca37f24bdcee.png\/132.jpg')\" role=\"img\" aria-label=\"Cartagena: Excurs\u00e3o com 5 Paradas nas Ilhas do Ros\u00e1rio, Almo\u00e7o e Clubes de Praia\">\n      <span class=\"lkx-pick\">\u2605 Nossa escolha<\/span><\/div>\n    <div class=\"lkx-hero-body\">\n      <div class=\"lkx-title\">Cartagena: Excurs\u00e3o com 5 Paradas nas Ilhas do Ros\u00e1rio, Almo\u00e7o e Clubes de Praia<\/div>\n      <div class=\"lkx-proof\">\n      <span class=\"lkx-stars\">\u2605\u2605\u2605\u2605\u2605<\/span>\n      <b>4.6<\/b> \u00b7 6 212 avalia\u00e7\u00f5es\n    <\/div>\n      <div class=\"lkx-hero-bottom\"><div class=\"lkx-price\">a partir de <b>\u20ac\u00a063<\/b><\/div><span class=\"lkx-cta lkx-cta-hero\">Quero viver isso \u2192<\/span>\n      <\/div>\n    <\/div>\n  <\/a><div class=\"lkx-disclosure\">\ud83d\udd17 Links de afiliados \u2014 n\u00e3o mudam seu pre\u00e7o e nos ajudam a criar conte\u00fado. \u00b7 <a href=\"https:\/\/www.getyourguide.com\/pt-br\/s\/?q=cartagena&amp;partner_id=MKZ64IS&amp;utm_medium=online_publisher\" target=\"_blank\" rel=\"sponsored noopener nofollow\">Todas as experi\u00eancias \u2192<\/a><\/div>\n<\/div>\n<!-- LKM_GYG_CARD end -->\n\n\n\n\n<div class=\"lk-stays-module\">\n<style>\n\/* \u2500\u2500\u2500 RESET PRO GUTENBERG \u2500\u2500\u2500 *\/\n.lk-stays-module * { box-sizing: border-box; margin: 0; padding: 0; }\n\n\/* \u2500\u2500\u2500 WRAPPER \u2500\u2500\u2500 *\/\n.lk-stays-module {\n  font-family: 'DM Sans', Georgia, sans-serif;\n  max-width: 100%;\n  margin: 2.5rem auto;\n  background: linear-gradient(135deg, #fdfaf5 0%, #fcf8f0 100%);\n  border: 1px solid #e8dfd4;\n  border-radius: 16px;\n  overflow: hidden;\n  box-shadow: 0 16px 48px rgba(195, 159, 118, 0.25), 0 4px 12px rgba(0,0,0,0.08);\n}\n\n\/* \u2500\u2500\u2500 HEADER \u2500\u2500\u2500 *\/\n.lk-stays-header {\n  position: relative;\n  padding: 24px 36px 24px;\n  background: linear-gradient(135deg, #c39f76 0%, #d4b188 60%, #c39f76 100%);\n  border-bottom: 1px solid rgba(255,255,255,.15);\n  display: flex;\n  align-items: center;\n  gap: 18px;\n}\n.lk-stays-header::before {\n  content: '';\n  position: absolute;\n  inset: 0;\n  background: url(\"data:image\/svg+xml,%3Csvg width='60' height='60' viewBox='0 0 60 60' xmlns='http:\/\/www.w3.org\/2000\/svg'%3E%3Cg fill='none' fill-rule='evenodd'%3E%3Cg fill='%23ffffff' fill-opacity='0.05'%3E%3Cpath d='M36 34v-4h-2v4h-4v2h4v4h2v-4h4v-2h-4zm0-30V0h-2v4h-4v2h4v4h2V6h4V4h-4zM6 34v-4H4v4H0v2h4v4h2v-4h4v-2H6zM6 4V0H4v4H0v2h4v4h2V6h4V4H6z'\/%3E%3C\/g%3E%3C\/g%3E%3C\/svg%3E\") repeat;\n  pointer-events: none;\n}\n.lk-stays-icon {\n  flex-shrink: 0;\n  width: 68px;\n  height: 68px;\n  border-radius: 14px;\n  background: linear-gradient(135deg, #fff 0%, #f9f6f0 100%);\n  display: flex;\n  align-items: center;\n  justify-content: center;\n  font-size: 26px;\n  box-shadow: 0 4px 12px rgba(0,0,0,0.15);\n}\n.lk-stays-eyebrow {\n  font-size: 10px;\n  font-weight: 500;\n  letter-spacing: 2.5px;\n  text-transform: uppercase;\n  color: rgba(255,255,255,.85);\n  margin: 0 0 5px 0;\n}\n.lk-stays-title {\n  font-family: 'Playfair Display', Georgia, serif;\n  font-size: 24px;\n  font-weight: 700;\n  color: #fff;\n  line-height: 1.2;\n  text-shadow: 0 1px 2px rgba(0,0,0,0.1);\n  margin: 0;\n}\n.lk-stays-subtitle {\n  font-size: 13px;\n  color: rgba(255,255,255,.75);\n  margin: 4px 0 0 0;\n  font-weight: 300;\n}\n\n\/* \u2500\u2500\u2500 CARDS GRID \u2500\u2500\u2500 *\/\n.lk-stays-grid {\n  display: grid;\n  grid-template-columns: 1fr 1fr;\n  gap: 1px;\n  background: rgba(195, 159, 118, 0.12);\n}\n\n\/* \u2500\u2500\u2500 SINGLE CARD \u2500\u2500\u2500 *\/\n.lk-stay-card {\n  background: #ffffff;\n  padding: 26px;\n  display: flex;\n  flex-direction: column;\n  gap: 11px;\n  transition: all 0.3s ease;\n  text-decoration: none;\n  color: inherit;\n  position: relative;\n}\n.lk-stay-card:hover {\n  background: #fffbf5;\n  transform: translateY(-2px);\n  box-shadow: 0 8px 24px rgba(195, 159, 118, 0.18);\n  z-index: 1;\n}\n.lk-stay-card.featured {\n  background: linear-gradient(135deg, #fffdf9 0%, #fff9f0 100%);\n  box-shadow: 0 4px 16px rgba(195, 159, 118, 0.15), inset 0 1px 0 rgba(195, 159, 118, 0.1);\n}\n.lk-stay-card.featured:hover {\n  background: linear-gradient(135deg, #fffbf5 0%, #fff8ed 100%);\n  box-shadow: 0 8px 24px rgba(195, 159, 118, 0.25), inset 0 1px 0 rgba(195, 159, 118, 0.15);\n}\n\n.lk-stay-badge {\n  display: inline-flex;\n  align-items: center;\n  gap: 5px;\n  font-size: 10px;\n  font-weight: 500;\n  letter-spacing: 1.5px;\n  text-transform: uppercase;\n  padding: 5px 11px;\n  border-radius: 20px;\n  width: fit-content;\n}\n.badge-top     { background: linear-gradient(135deg, #c39f76 0%, #d4b188 100%); color: #fff; border: 1px solid #c39f76; font-weight: 600; box-shadow: 0 2px 8px rgba(195,159,118,0.3); }\n.badge-luxury  { background: rgba(195,159,118,.12); color: #c39f76; border: 1px solid rgba(195,159,118,.25); }\n.badge-boutique{ background: rgba(54,133,252,.08); color: #3685fc; border: 1px solid rgba(54,133,252,.2); }\n.badge-nature  { background: rgba(130,190,100,.1); color: #6b9c4a; border: 1px solid rgba(130,190,100,.2); }\n.badge-remote  { background: rgba(195,159,118,.12); color: #a67e50; border: 1px solid rgba(195,159,118,.25); }\n\n.lk-stay-name {\n  font-family: 'Playfair Display', Georgia, serif;\n  font-size: 18px;\n  font-weight: 700;\n  color: #111827;\n  line-height: 1.3;\n}\n.lk-stay-desc {\n  font-size: 13.5px;\n  color: #525252;\n  line-height: 1.65;\n  font-weight: 300;\n  flex: 1;\n}\n\n.lk-stay-meta {\n  display: flex;\n  align-items: center;\n  gap: 12px;\n  flex-wrap: wrap;\n  margin-top: 4px;\n}\n.lk-stay-price {\n  font-size: 13px;\n  color: #6b7280;\n}\n.lk-stay-price strong {\n  color: #c39f76;\n  font-weight: 500;\n}\n.lk-stay-stars {\n  color: #c39f76;\n  font-size: 11px;\n  letter-spacing: 1px;\n}\n\n\/* \u2500\u2500\u2500 CTA BUTTON \u2500\u2500\u2500 *\/\n.lk-stay-cta {\n  display: inline-flex;\n  align-items: center;\n  justify-content: center;\n  gap: 7px;\n  margin-top: 8px;\n  padding: 11px 20px;\n  border-radius: 8px;\n  background: linear-gradient(135deg, #3685fc 0%, #2a6fd9 100%);\n  color: #fff;\n  font-size: 13px;\n  font-weight: 500;\n  text-decoration: none;\n  letter-spacing: .3px;\n  transition: all .2s ease;\n  cursor: pointer;\n  border: none;\n  text-align: center;\n  box-shadow: 0 4px 12px rgba(54, 133, 252, 0.25);\n}\n.lk-stay-cta:hover {\n  background: linear-gradient(135deg, #2a6fd9 0%, #1e5bc4 100%);\n  transform: translateY(-1px);\n  box-shadow: 0 6px 16px rgba(54, 133, 252, 0.35);\n}\n.lk-stay-cta svg { flex-shrink: 0; }\n\n\/* \u2500\u2500\u2500 FOOTER \u2500\u2500\u2500 *\/\n.lk-stays-footer {\n  padding: 18px 36px;\n  background: linear-gradient(to bottom, #fdfaf5 0%, #f9f4ed 100%);\n  border-top: 1px solid rgba(195, 159, 118, 0.15);\n  display: flex;\n  align-items: center;\n  justify-content: space-between;\n  flex-wrap: wrap;\n  gap: 12px;\n}\n.lk-stays-footer-note {\n  font-size: 11.5px;\n  color: #6b7280;\n  font-weight: 300;\n  line-height: 1.5;\n}\n.lk-stays-footer-note a {\n  color: #c39f76;\n  text-decoration: none;\n  font-weight: 400;\n}\n.lk-stays-footer-note a:hover {\n  text-decoration: underline;\n}\n.lk-stays-all-btn {\n  display: inline-flex;\n  align-items: center;\n  gap: 6px;\n  font-size: 12.5px;\n  font-weight: 500;\n  color: #c39f76;\n  text-decoration: none;\n  border: 1px solid rgba(195, 159, 118, 0.35);\n  padding: 8px 18px;\n  border-radius: 8px;\n  transition: all .2s ease;\n}\n.lk-stays-all-btn:hover {\n  background: rgba(195, 159, 118, 0.08);\n  border-color: rgba(195, 159, 118, 0.5);\n}\n\n\/* \u2500\u2500\u2500 RESPONSIVE \u2500\u2500\u2500 *\/\n@media (max-width: 600px) {\n  .lk-stays-grid { grid-template-columns: 1fr; }\n  .lk-stays-header { padding: 24px 20px; }\n  .lk-stays-footer { padding: 16px 20px; }\n  .lk-stay-card { padding: 22px; }\n  .lk-stays-title { font-size: 20px; }\n}\n<\/style>\n\n  <!-- HEADER -->\n  <div class=\"lk-stays-header\">\n    <img decoding=\"async\" src=\"https:\/\/loudavymkrokem.cz\/wp-content\/uploads\/2026\/02\/lukas-a-lucka.jpg\" alt=\"\" style=\"width: 75px; height: 75px; border-radius: 8px; flex-shrink: 0; object-fit: cover; display: block; margin: 4px 0;\" title=\"\">\n    <div class=\"lk-stays-header-text\">\n      <div class=\"lk-stays-eyebrow\">Luk\u00e1\u0161 e Lucie recomendam<\/div>\n      <div class=\"lk-stays-title\">Onde se hospedar em Cartagena<\/div>\n      <div class=\"lk-stays-subtitle\">4 acomoda\u00e7\u00f5es \u2014 hot\u00e9is com spa, hot\u00e9is e outras op\u00e7\u00f5es de hospedagem<\/div>\n    <\/div>\n  <\/div>\n\n  <!-- CARDS -->\n  <div class=\"lk-stays-grid\">\n\n    <a class=\"lk-stay-card featured\" href=\"https:\/\/www.stay22.com\/allez\/roam?aid=lukaskonecny&#038;campaign=loudavymkrokemcz&#038;campaign=pt-br&#038;campaign=covidetvcartagene&#038;address=Cartagena&#038;hotelname=Hotel+Casa+San+Agustin&#038;search=Hotel+Casa+San+Agustin&#038;category=accommodation\" target=\"_blank\" rel=\"nofollow noopener\">\n      <span class=\"lk-stay-badge badge-top\">\u2b50 MELHOR ESCOLHA<\/span>\n      <span class=\"lk-stay-badge badge-nature\">\u2b50 Luxo<\/span>\n      <div class=\"lk-stay-name\">Hotel Casa San Agustin<\/div>\n      <div class=\"lk-stay-desc\">Hotel boutique luxuoso no cora\u00e7\u00e3o da cidade antiga com um tranquilo p\u00e1tio interno e piscina integrada \u00e0s antigas muralhas.<\/div>\n      <div class=\"lk-stay-meta\">\n        <span class=\"lk-stay-stars\">\u2605\u2605\u2605\u2605<\/span>\n        <span class=\"lk-stay-price\">Verificar pre\u00e7os<\/span>\n      <\/div>\n      <span class=\"lk-stay-cta\">\n        <svg width=\"14\" height=\"14\" viewBox=\"0 0 24 24\" fill=\"none\" stroke=\"currentColor\" stroke-width=\"2\"><path d=\"M18 13v6a2 2 0 0 1-2 2H5a2 2 0 0 1-2-2V8a2 2 0 0 1 2-2h6\"\/><polyline points=\"15 3 21 3 21 9\"\/><line x1=\"10\" y1=\"14\" x2=\"21\" y2=\"3\"\/><\/svg>\n        Verificar disponibilidade\n      <\/span>\n    <\/a>\n\n    <a class=\"lk-stay-card\" href=\"https:\/\/www.stay22.com\/allez\/roam?aid=lukaskonecny&#038;campaign=loudavymkrokemcz&#038;campaign=pt-br&#038;campaign=covidetvcartagene&#038;address=Cartagena&#038;hotelname=GHL+San+Lazaro+Art+Hotel&#038;search=GHL+San+Lazaro+Art+Hotel&#038;category=accommodation\" target=\"_blank\" rel=\"nofollow noopener\">\n      <span class=\"lk-stay-badge badge-nature\">\ud83c\udfe8 Hotel<\/span>\n      <div class=\"lk-stay-name\">GHL San Lazaro Art Hotel<\/div>\n      <div class=\"lk-stay-desc\">Hotel moderno com vista panor\u00e2mica deslumbrante diretamente para o Castelo San Felipe.<\/div>\n      <div class=\"lk-stay-meta\">\n        <span class=\"lk-stay-stars\">\u2605\u2605\u2605\u2605<\/span>\n        <span class=\"lk-stay-price\">Verificar pre\u00e7os<\/span>\n      <\/div>\n      <span class=\"lk-stay-cta\">\n        <svg width=\"14\" height=\"14\" viewBox=\"0 0 24 24\" fill=\"none\" stroke=\"currentColor\" stroke-width=\"2\"><path d=\"M18 13v6a2 2 0 0 1-2 2H5a2 2 0 0 1-2-2V8a2 2 0 0 1 2-2h6\"\/><polyline points=\"15 3 21 3 21 9\"\/><line x1=\"10\" y1=\"14\" x2=\"21\" y2=\"3\"\/><\/svg>\n        Verificar disponibilidade\n      <\/span>\n    <\/a>\n\n    <a class=\"lk-stay-card\" href=\"https:\/\/www.stay22.com\/allez\/roam?aid=lukaskonecny&#038;campaign=loudavymkrokemcz&#038;campaign=pt-br&#038;campaign=covidetvcartagene&#038;address=Cartagena&#038;hotelname=Sofitel+Legend+Santa+Clara&#038;search=Sofitel+Legend+Santa+Clara&#038;category=accommodation\" target=\"_blank\" rel=\"nofollow noopener\">\n      <span class=\"lk-stay-badge badge-nature\">\u2b50 Luxo<\/span>\n      <div class=\"lk-stay-name\">Sofitel Legend Santa Clara<\/div>\n      <div class=\"lk-stay-desc\">Uma verdadeira lenda em antigo convento cuidadosamente restaurado com servi\u00e7o de primeira classe e estilo colonial.<\/div>\n      <div class=\"lk-stay-meta\">\n        <span class=\"lk-stay-stars\">\u2605\u2605\u2605\u2605<\/span>\n        <span class=\"lk-stay-price\">Verificar pre\u00e7os<\/span>\n      <\/div>\n      <span class=\"lk-stay-cta\">\n        <svg width=\"14\" height=\"14\" viewBox=\"0 0 24 24\" fill=\"none\" stroke=\"currentColor\" stroke-width=\"2\"><path d=\"M18 13v6a2 2 0 0 1-2 2H5a2 2 0 0 1-2-2V8a2 2 0 0 1 2-2h6\"\/><polyline points=\"15 3 21 3 21 9\"\/><line x1=\"10\" y1=\"14\" x2=\"21\" y2=\"3\"\/><\/svg>\n        Verificar disponibilidade\n      <\/span>\n    <\/a>\n\n    <a class=\"lk-stay-card\" href=\"https:\/\/www.stay22.com\/allez\/roam?aid=lukaskonecny&#038;campaign=loudavymkrokemcz&#038;campaign=pt-br&#038;campaign=covidetvcartagene&#038;address=cartagena\" target=\"_blank\" rel=\"nofollow noopener\">\n      <span class=\"lk-stay-badge badge-nature\">\ud83d\udd0d Buscar<\/span>\n      <div class=\"lk-stay-name\">Ver todas as acomoda\u00e7\u00f5es em Cartagena<\/div>\n      <div class=\"lk-stay-desc\">Explore todas as op\u00e7\u00f5es de hospedagem dispon\u00edveis em Cartagena e encontre a melhor de acordo com suas prefer\u00eancias e or\u00e7amento.<\/div>\n      <div class=\"lk-stay-meta\">\n        <span class=\"lk-stay-stars\">\u2605\u2605\u2605\u2605<\/span>\n        <span class=\"lk-stay-price\">Comparar pre\u00e7os<\/span>\n      <\/div>\n      <span class=\"lk-stay-cta\">\n        <svg width=\"14\" height=\"14\" viewBox=\"0 0 24 24\" fill=\"none\" stroke=\"currentColor\" stroke-width=\"2\"><path d=\"M18 13v6a2 2 0 0 1-2 2H5a2 2 0 0 1-2-2V8a2 2 0 0 1 2-2h6\"\/><polyline points=\"15 3 21 3 21 9\"\/><line x1=\"10\" y1=\"14\" x2=\"21\" y2=\"3\"\/><\/svg>\n        Verificar disponibilidade\n      <\/span>\n    <\/a>\n\n  <\/div>\n\n  \n<\/div>\n\n\n\n\n<h3 class=\"wp-block-heading\"><span class=\"ez-toc-section\" id=\"13_Bares_no_terraco_e_vistas_de_luxo\"><\/span>13. Bares no terra\u00e7o e vistas de luxo<span class=\"ez-toc-section-end\"><\/span><\/h3>\n\n\n\n<p class=\"wp-block-paragraph\">Cartagena \u00e9 famosa no mundo todo pela sua desenvolvida cultura de rooftop bars, dos quais a vista da cidade iluminada \u00e0 noite \u00e9 absolutamente de tirar o f\u00f4lego. <strong>O mirante mais bem avaliado dentro das antigas muralhas \u00e9 o Mirador Gastro Bar (\u00f3tima nota 4,6)<\/strong>, onde voc\u00ea pode saborear drinques autorais excelentes com vista direta e desimpedida para a Torre del Reloj e para o agito constante da pra\u00e7a logo abaixo de voc\u00ea.<\/p>\n\n\n\n<p class=\"wp-block-paragraph\">Se voc\u00ea prefere uma atmosfera mais relaxada e bo\u00eamia do bairro de Getseman\u00ed, <strong>v\u00e1 com certeza ao Baroca Sabor Ancestral (nota 4,8) ou ao estiloso Casa Pura Rooftop (nota 4,6)<\/strong>. Aqui os ritmos quentes do Caribe se misturam de forma totalmente natural com a mixologia moderna, e os pores do sol ao entardecer s\u00e3o absolutamente inesquec\u00edveis.<\/p>\n\n\n\n<p class=\"wp-block-paragraph\">Para os verdadeiros amantes de alturas extremas, h\u00e1 ent\u00e3o o <strong>exclusivo 51 Sky Bar, no moderno bairro de Bocagrande (nota 4,2), disparado o bar mais alto da cidade inteira<\/strong>. A vista do 51\u00ba andar para a cidade velha reluzente e o oceano escuro e infinito \u00e9 surreal, mas conte que os pre\u00e7os dos drinques aqui correspondem plenamente ao luxo e \u00e0 exclusividade dessa localiza\u00e7\u00e3o.<\/p>\n\n\n\n<figure data-wp-context=\"{&quot;imageId&quot;:&quot;6a9c2cc9cd4bc&quot;}\" data-wp-interactive=\"core\/image\" data-wp-key=\"6a9c2cc9cd4bc\" class=\"wp-block-image size-full wp-lightbox-container\"><img decoding=\"async\" width=\"1600\" height=\"1200\" data-wp-class--hide=\"state.isContentHidden\" data-wp-class--show=\"state.isContentVisible\" data-wp-init=\"callbacks.setButtonStyles\" data-wp-on--click=\"actions.showLightbox\" data-wp-on--load=\"callbacks.setButtonStyles\" data-wp-on--pointerdown=\"actions.preloadImage\" data-wp-on--pointerenter=\"actions.preloadImageWithDelay\" data-wp-on--pointerleave=\"actions.cancelPreload\" data-wp-on-window--resize=\"callbacks.setButtonStyles\" src=\"https:\/\/loudavymkrokem.cz\/wp-content\/uploads\/2026\/09\/insert-415557-14.jpg\" alt=\"P\u00f4r do sol nas muralhas, no Caf\u00e9 del Mar\" class=\"wp-image-415915\" title=\"\" srcset=\"https:\/\/loudavymkrokem.cz\/wp-content\/uploads\/2026\/09\/insert-415557-14.jpg 1600w, https:\/\/loudavymkrokem.cz\/wp-content\/uploads\/2026\/09\/insert-415557-14-300x225.jpg 300w, https:\/\/loudavymkrokem.cz\/wp-content\/uploads\/2026\/09\/insert-415557-14-700x525.jpg 700w, https:\/\/loudavymkrokem.cz\/wp-content\/uploads\/2026\/09\/insert-415557-14-768x576.jpg 768w, https:\/\/loudavymkrokem.cz\/wp-content\/uploads\/2026\/09\/insert-415557-14-1536x1152.jpg 1536w, https:\/\/loudavymkrokem.cz\/wp-content\/uploads\/2026\/09\/insert-415557-14-80x60.jpg 80w, https:\/\/loudavymkrokem.cz\/wp-content\/uploads\/2026\/09\/insert-415557-14-160x120.jpg 160w, https:\/\/loudavymkrokem.cz\/wp-content\/uploads\/2026\/09\/insert-415557-14-696x522.jpg 696w, https:\/\/loudavymkrokem.cz\/wp-content\/uploads\/2026\/09\/insert-415557-14-1392x1044.jpg 1392w\" sizes=\"(max-width: 1600px) 100vw, 1600px\" \/><button\n\t\t\tclass=\"lightbox-trigger\"\n\t\t\ttype=\"button\"\n\t\t\taria-haspopup=\"dialog\"\n\t\t\tdata-wp-bind--aria-label=\"state.thisImage.triggerButtonAriaLabel\"\n\t\t\tdata-wp-init=\"callbacks.initTriggerButton\"\n\t\t\tdata-wp-on--click=\"actions.showLightbox\"\n\t\t\tdata-wp-style--right=\"state.thisImage.buttonRight\"\n\t\t\tdata-wp-style--top=\"state.thisImage.buttonTop\"\n\t\t>\n\t\t\t<svg xmlns=\"http:\/\/www.w3.org\/2000\/svg\" width=\"12\" height=\"12\" fill=\"none\" viewBox=\"0 0 12 12\">\n\t\t\t\t<path fill=\"#fff\" d=\"M2 0a2 2 0 0 0-2 2v2h1.5V2a.5.5 0 0 1 .5-.5h2V0H2Zm2 10.5H2a.5.5 0 0 1-.5-.5V8H0v2a2 2 0 0 0 2 2h2v-1.5ZM8 12v-1.5h2a.5.5 0 0 0 .5-.5V8H12v2a2 2 0 0 1-2 2H8Zm2-12a2 2 0 0 1 2 2v2h-1.5V2a.5.5 0 0 0-.5-.5H8V0h2Z\" \/>\n\t\t\t<\/svg>\n\t\t<\/button><figcaption class=\"wp-element-caption\">Foto: Teresa Alice Rossell Malinsky \/ Google Maps<\/figcaption><\/figure>\n\n\n\n<h3 class=\"wp-block-heading\"><span class=\"ez-toc-section\" id=\"14_Por_do_sol_nas_muralhas_Cafe_del_Mar\"><\/span>14. P\u00f4r do sol nas muralhas (Caf\u00e9 del Mar)<span class=\"ez-toc-section-end\"><\/span><\/h3>\n\n\n\n<p class=\"wp-block-paragraph\">Talvez n\u00e3o exista ritual mais famoso e ic\u00f4nico em toda Cartagena do que <strong>assistir ao p\u00f4r do sol do fim da tarde direto das muralhas hist\u00f3ricas maci\u00e7as<\/strong>. O centro tradicional desse acontecimento di\u00e1rio \u00e9 o famoso Caf\u00e9 del Mar, que ocupa uma ponta enorme e estrat\u00e9gica da fortifica\u00e7\u00e3o, com a melhor vista poss\u00edvel para o oceano aberto e para o disco solar se pondo.<\/p>\n\n\n\n<p class=\"wp-block-paragraph\">Mas \u00e9 preciso dizer a verdade sem rodeios: <strong>os drinques e a comida nesse lugar s\u00e3o bem superfaturados<\/strong> e muitas vezes j\u00e1 se forma, uma hora antes do p\u00f4r do sol, uma fila enorme por uma mesa livre. A vista em si, felizmente, n\u00e3o \u00e9 superfaturada, e todo mundo pode aproveit\u00e1-la. \ud83d\udca1 <strong>Dica:<\/strong> Voc\u00ea nem precisa pagar por uma mesa cara no restaurante. Basta sentar confortavelmente no muro largo de pedra das muralhas, logo ao lado do caf\u00e9, <strong>comprar uma cerveja geladinha de um vendedor ambulante por uma fra\u00e7\u00e3o do pre\u00e7o<\/strong> e curtir uma experi\u00eancia absolutamente id\u00eantica, sen\u00e3o melhor e mais aut\u00eantica, junto com os moradores locais.<\/p>\n\n\n\n<p class=\"wp-block-paragraph\">Quer voc\u00ea escolha a mesa confort\u00e1vel no estabelecimento ou o rom\u00e2ntico muro, <strong>esteja sempre no local pelo menos uma hora antes do p\u00f4r do sol<\/strong>, porque os trechos com a melhor vista se enchem numa velocidade incr\u00edvel.<\/p>\n\n\n\n<figure data-wp-context=\"{&quot;imageId&quot;:&quot;6a9c2cc9cda72&quot;}\" data-wp-interactive=\"core\/image\" data-wp-key=\"6a9c2cc9cda72\" class=\"wp-block-image size-full wp-lightbox-container\"><img decoding=\"async\" width=\"1600\" height=\"1200\" data-wp-class--hide=\"state.isContentHidden\" data-wp-class--show=\"state.isContentVisible\" data-wp-init=\"callbacks.setButtonStyles\" data-wp-on--click=\"actions.showLightbox\" data-wp-on--load=\"callbacks.setButtonStyles\" data-wp-on--pointerdown=\"actions.preloadImage\" data-wp-on--pointerenter=\"actions.preloadImageWithDelay\" data-wp-on--pointerleave=\"actions.cancelPreload\" data-wp-on-window--resize=\"callbacks.setButtonStyles\" src=\"https:\/\/loudavymkrokem.cz\/wp-content\/uploads\/2026\/09\/pl-e-bocagrande.jpg\" alt=\"Praias de Bocagrande e Castillogrande (avalia\u00e7\u00e3o sincera)\" class=\"wp-image-415723\" title=\"\" srcset=\"https:\/\/loudavymkrokem.cz\/wp-content\/uploads\/2026\/09\/pl-e-bocagrande.jpg 1600w, https:\/\/loudavymkrokem.cz\/wp-content\/uploads\/2026\/09\/pl-e-bocagrande-300x225.jpg 300w, https:\/\/loudavymkrokem.cz\/wp-content\/uploads\/2026\/09\/pl-e-bocagrande-700x525.jpg 700w, https:\/\/loudavymkrokem.cz\/wp-content\/uploads\/2026\/09\/pl-e-bocagrande-768x576.jpg 768w, https:\/\/loudavymkrokem.cz\/wp-content\/uploads\/2026\/09\/pl-e-bocagrande-1536x1152.jpg 1536w, https:\/\/loudavymkrokem.cz\/wp-content\/uploads\/2026\/09\/pl-e-bocagrande-80x60.jpg 80w, https:\/\/loudavymkrokem.cz\/wp-content\/uploads\/2026\/09\/pl-e-bocagrande-160x120.jpg 160w, https:\/\/loudavymkrokem.cz\/wp-content\/uploads\/2026\/09\/pl-e-bocagrande-696x522.jpg 696w, https:\/\/loudavymkrokem.cz\/wp-content\/uploads\/2026\/09\/pl-e-bocagrande-1392x1044.jpg 1392w\" sizes=\"(max-width: 1600px) 100vw, 1600px\" \/><button\n\t\t\tclass=\"lightbox-trigger\"\n\t\t\ttype=\"button\"\n\t\t\taria-haspopup=\"dialog\"\n\t\t\tdata-wp-bind--aria-label=\"state.thisImage.triggerButtonAriaLabel\"\n\t\t\tdata-wp-init=\"callbacks.initTriggerButton\"\n\t\t\tdata-wp-on--click=\"actions.showLightbox\"\n\t\t\tdata-wp-style--right=\"state.thisImage.buttonRight\"\n\t\t\tdata-wp-style--top=\"state.thisImage.buttonTop\"\n\t\t>\n\t\t\t<svg xmlns=\"http:\/\/www.w3.org\/2000\/svg\" width=\"12\" height=\"12\" fill=\"none\" viewBox=\"0 0 12 12\">\n\t\t\t\t<path fill=\"#fff\" d=\"M2 0a2 2 0 0 0-2 2v2h1.5V2a.5.5 0 0 1 .5-.5h2V0H2Zm2 10.5H2a.5.5 0 0 1-.5-.5V8H0v2a2 2 0 0 0 2 2h2v-1.5ZM8 12v-1.5h2a.5.5 0 0 0 .5-.5V8H12v2a2 2 0 0 1-2 2H8Zm2-12a2 2 0 0 1 2 2v2h-1.5V2a.5.5 0 0 0-.5-.5H8V0h2Z\" \/>\n\t\t\t<\/svg>\n\t\t<\/button><figcaption class=\"wp-element-caption\">Foto: Isabel Cristina V\u00e1squez Mej\u00eda \/ Google Maps<\/figcaption><\/figure>\n\n\n\n<h3 class=\"wp-block-heading\"><span class=\"ez-toc-section\" id=\"15_Praias_de_Bocagrande_e_Castillogrande_avaliacao_sincera\"><\/span>15. Praias de Bocagrande e Castillogrande (avalia\u00e7\u00e3o sincera)<span class=\"ez-toc-section-end\"><\/span><\/h3>\n\n\n\n<p class=\"wp-block-paragraph\">Sobre as praias que ficam dentro da cidade, os guias muitas vezes escrevem baboseiras rom\u00e2nticas bem irreais, ent\u00e3o aqui vai a verdade pura e sem distor\u00e7\u00f5es. <strong>A praia urbana Playa de Bocagrande at\u00e9 tem nota 4,3 na internet, mas a \u00e1gua aqui costuma ser turva e marrom<\/strong>. \u00c9 um lugar extremamente pr\u00e1tico se voc\u00ea quer s\u00f3 se refrescar rapidinho a poucos passos do seu hotel alto, mas visualmente n\u00e3o \u00e9 de jeito nenhum um para\u00edso caribenho, e a praia ainda est\u00e1 sempre cercada por dezenas de vendedores de massagem e guarda-s\u00f3is caros.<\/p>\n\n\n\n<p class=\"wp-block-paragraph\">A situa\u00e7\u00e3o \u00e9 bem melhor e mais suport\u00e1vel um pouco mais adiante, na <strong>Playa Castillogrande (nota 4,5)<\/strong>. Essa parte espec\u00edfica da pen\u00ednsula \u00e9 muito mais tranquila, quem vem passar o tempo por aqui s\u00e3o principalmente fam\u00edlias locais, e a \u00e1gua costuma ser um pouco mais limpa e calma, embora voc\u00ea ainda n\u00e3o deva esperar aquela cor turquesa de verdade. Mas \u00e9 um lugar ideal para uma caminhada tranquila pela manh\u00e3 \u00e0 beira-mar.<\/p>\n\n\n\n<p class=\"wp-block-paragraph\">Se voc\u00ea quer passar o dia inteiro em uma praia bonita com um livro na m\u00e3o, <strong>dentro da cidade realmente n\u00e3o vale a pena<\/strong>. Para as verdadeiras praias caribenhas dos cat\u00e1logos voc\u00ea precisa ir um pouco mais para fora da cidade, seja de barco at\u00e9 as ilhas de coral, seja de carro at\u00e9 a popular pen\u00ednsula de Bar\u00fa.<\/p>\n\n\n\n<figure data-wp-context=\"{&quot;imageId&quot;:&quot;6a9c2cc9cdee6&quot;}\" data-wp-interactive=\"core\/image\" data-wp-key=\"6a9c2cc9cdee6\" class=\"wp-block-image size-full wp-lightbox-container\"><img decoding=\"async\" width=\"1600\" height=\"1200\" data-wp-class--hide=\"state.isContentHidden\" data-wp-class--show=\"state.isContentVisible\" data-wp-init=\"callbacks.setButtonStyles\" data-wp-on--click=\"actions.showLightbox\" data-wp-on--load=\"callbacks.setButtonStyles\" data-wp-on--pointerdown=\"actions.preloadImage\" data-wp-on--pointerenter=\"actions.preloadImageWithDelay\" data-wp-on--pointerleave=\"actions.cancelPreload\" data-wp-on-window--resize=\"callbacks.setButtonStyles\" src=\"https:\/\/loudavymkrokem.cz\/wp-content\/uploads\/2026\/09\/islas-del-rosario.jpg\" alt=\"Islas del Rosario e a armadilha para o bolso\" class=\"wp-image-415726\" title=\"\" srcset=\"https:\/\/loudavymkrokem.cz\/wp-content\/uploads\/2026\/09\/islas-del-rosario.jpg 1600w, https:\/\/loudavymkrokem.cz\/wp-content\/uploads\/2026\/09\/islas-del-rosario-300x225.jpg 300w, https:\/\/loudavymkrokem.cz\/wp-content\/uploads\/2026\/09\/islas-del-rosario-700x525.jpg 700w, https:\/\/loudavymkrokem.cz\/wp-content\/uploads\/2026\/09\/islas-del-rosario-768x576.jpg 768w, https:\/\/loudavymkrokem.cz\/wp-content\/uploads\/2026\/09\/islas-del-rosario-1536x1152.jpg 1536w, https:\/\/loudavymkrokem.cz\/wp-content\/uploads\/2026\/09\/islas-del-rosario-80x60.jpg 80w, https:\/\/loudavymkrokem.cz\/wp-content\/uploads\/2026\/09\/islas-del-rosario-160x120.jpg 160w, https:\/\/loudavymkrokem.cz\/wp-content\/uploads\/2026\/09\/islas-del-rosario-696x522.jpg 696w, https:\/\/loudavymkrokem.cz\/wp-content\/uploads\/2026\/09\/islas-del-rosario-1392x1044.jpg 1392w\" sizes=\"(max-width: 1600px) 100vw, 1600px\" \/><button\n\t\t\tclass=\"lightbox-trigger\"\n\t\t\ttype=\"button\"\n\t\t\taria-haspopup=\"dialog\"\n\t\t\tdata-wp-bind--aria-label=\"state.thisImage.triggerButtonAriaLabel\"\n\t\t\tdata-wp-init=\"callbacks.initTriggerButton\"\n\t\t\tdata-wp-on--click=\"actions.showLightbox\"\n\t\t\tdata-wp-style--right=\"state.thisImage.buttonRight\"\n\t\t\tdata-wp-style--top=\"state.thisImage.buttonTop\"\n\t\t>\n\t\t\t<svg xmlns=\"http:\/\/www.w3.org\/2000\/svg\" width=\"12\" height=\"12\" fill=\"none\" viewBox=\"0 0 12 12\">\n\t\t\t\t<path fill=\"#fff\" d=\"M2 0a2 2 0 0 0-2 2v2h1.5V2a.5.5 0 0 1 .5-.5h2V0H2Zm2 10.5H2a.5.5 0 0 1-.5-.5V8H0v2a2 2 0 0 0 2 2h2v-1.5ZM8 12v-1.5h2a.5.5 0 0 0 .5-.5V8H12v2a2 2 0 0 1-2 2H8Zm2-12a2 2 0 0 1 2 2v2h-1.5V2a.5.5 0 0 0-.5-.5H8V0h2Z\" \/>\n\t\t\t<\/svg>\n\t\t<\/button><figcaption class=\"wp-element-caption\">Foto: Frankoys23 \/ Google Maps<\/figcaption><\/figure>\n\n\n\n<h3 class=\"wp-block-heading\"><span class=\"ez-toc-section\" id=\"16_Islas_del_Rosario_e_a_armadilha_para_o_bolso\"><\/span>16. Islas del Rosario e a armadilha para o bolso<span class=\"ez-toc-section-end\"><\/span><\/h3>\n\n\n\n<p class=\"wp-block-paragraph\">O bel\u00edssimo arquip\u00e9lago das Islas del Rosario fica em um <a href=\"https:\/\/www.parquesnacionales.gov.co\/\" rel=\"nofollow noopener\" target=\"_blank\">parque nacional<\/a> protegido, a menos de uma hora de lancha r\u00e1pida de Cartagena, e \u00e9, enfim, o verdadeiro sonho caribenho com recifes de coral e areia branca. <strong>Mas h\u00e1 aqui uma enorme pegadinha tur\u00edstica, na qual a maioria dos turistas despreparados cai (taxas escondidas inesperadas)<\/strong>. N\u00e3o importa por qual pre\u00e7o voc\u00ea compre o passeio na cidade, quase nunca ele inclui as taxas portu\u00e1rias obrigat\u00f3rias.<\/p>\n\n\n\n<p class=\"wp-block-paragraph\"><strong>A entrada no pr\u00f3prio parque nacional te custa cerca de 25.000 a 31.500 COP por pessoa, e a isso se soma ainda um seguro mar\u00edtimo obrigat\u00f3rio de uns 8.800 COP<\/strong>. No total, s\u00e3o cerca de 40.000 COP, que <strong>voc\u00ea precisa pagar exclusivamente em dinheiro, direto no cais<\/strong>, antes de embarcar. Se voc\u00ea n\u00e3o tiver c\u00e9dulas com voc\u00ea, simplesmente n\u00e3o te deixam entrar no barco e o passeio vai por \u00e1gua abaixo. \ud83d\udca1 <strong>Dica:<\/strong> Saque dinheiro nos caixas eletr\u00f4nicos (o Bancolombia ou o Davivienda s\u00e3o confi\u00e1veis) com calma no dia anterior, porque de manh\u00e3, perto do porto, os caixas costumam estar completamente vazios.<\/p>\n\n\n\n<p class=\"wp-block-paragraph\">As ilhas em si s\u00e3o maravilhosas e absolutamente ideais para <strong>um dia inteiro de mergulho de snorkel<\/strong>. Mas voc\u00ea estraga muito a experi\u00eancia toda se, logo de manh\u00e3, no porto barulhento, acabar brigando <strong>por causa das taxas<\/strong>, sobre as quais a ag\u00eancia n\u00e3o te contou absolutamente nada de antem\u00e3o.<\/p>\n\n\n\n<figure data-wp-context=\"{&quot;imageId&quot;:&quot;6a9c2cc9ce3fc&quot;}\" data-wp-interactive=\"core\/image\" data-wp-key=\"6a9c2cc9ce3fc\" class=\"wp-block-image size-full wp-lightbox-container\"><img decoding=\"async\" width=\"1600\" height=\"1200\" data-wp-class--hide=\"state.isContentHidden\" data-wp-class--show=\"state.isContentVisible\" data-wp-init=\"callbacks.setButtonStyles\" data-wp-on--click=\"actions.showLightbox\" data-wp-on--load=\"callbacks.setButtonStyles\" data-wp-on--pointerdown=\"actions.preloadImage\" data-wp-on--pointerenter=\"actions.preloadImageWithDelay\" data-wp-on--pointerleave=\"actions.cancelPreload\" data-wp-on-window--resize=\"callbacks.setButtonStyles\" src=\"https:\/\/loudavymkrokem.cz\/wp-content\/uploads\/2026\/09\/ostrovn-beach-cluby.jpg\" alt=\"Beach clubs nas ilhas (em vez das praias p\u00fablicas)\" class=\"wp-image-415727\" title=\"\" srcset=\"https:\/\/loudavymkrokem.cz\/wp-content\/uploads\/2026\/09\/ostrovn-beach-cluby.jpg 1600w, https:\/\/loudavymkrokem.cz\/wp-content\/uploads\/2026\/09\/ostrovn-beach-cluby-300x225.jpg 300w, https:\/\/loudavymkrokem.cz\/wp-content\/uploads\/2026\/09\/ostrovn-beach-cluby-700x525.jpg 700w, https:\/\/loudavymkrokem.cz\/wp-content\/uploads\/2026\/09\/ostrovn-beach-cluby-768x576.jpg 768w, https:\/\/loudavymkrokem.cz\/wp-content\/uploads\/2026\/09\/ostrovn-beach-cluby-1536x1152.jpg 1536w, https:\/\/loudavymkrokem.cz\/wp-content\/uploads\/2026\/09\/ostrovn-beach-cluby-80x60.jpg 80w, https:\/\/loudavymkrokem.cz\/wp-content\/uploads\/2026\/09\/ostrovn-beach-cluby-160x120.jpg 160w, https:\/\/loudavymkrokem.cz\/wp-content\/uploads\/2026\/09\/ostrovn-beach-cluby-696x522.jpg 696w, https:\/\/loudavymkrokem.cz\/wp-content\/uploads\/2026\/09\/ostrovn-beach-cluby-1392x1044.jpg 1392w\" sizes=\"(max-width: 1600px) 100vw, 1600px\" \/><button\n\t\t\tclass=\"lightbox-trigger\"\n\t\t\ttype=\"button\"\n\t\t\taria-haspopup=\"dialog\"\n\t\t\tdata-wp-bind--aria-label=\"state.thisImage.triggerButtonAriaLabel\"\n\t\t\tdata-wp-init=\"callbacks.initTriggerButton\"\n\t\t\tdata-wp-on--click=\"actions.showLightbox\"\n\t\t\tdata-wp-style--right=\"state.thisImage.buttonRight\"\n\t\t\tdata-wp-style--top=\"state.thisImage.buttonTop\"\n\t\t>\n\t\t\t<svg xmlns=\"http:\/\/www.w3.org\/2000\/svg\" width=\"12\" height=\"12\" fill=\"none\" viewBox=\"0 0 12 12\">\n\t\t\t\t<path fill=\"#fff\" d=\"M2 0a2 2 0 0 0-2 2v2h1.5V2a.5.5 0 0 1 .5-.5h2V0H2Zm2 10.5H2a.5.5 0 0 1-.5-.5V8H0v2a2 2 0 0 0 2 2h2v-1.5ZM8 12v-1.5h2a.5.5 0 0 0 .5-.5V8H12v2a2 2 0 0 1-2 2H8Zm2-12a2 2 0 0 1 2 2v2h-1.5V2a.5.5 0 0 0-.5-.5H8V0h2Z\" \/>\n\t\t\t<\/svg>\n\t\t<\/button><figcaption class=\"wp-element-caption\">Foto: IBBIZA ISLAND BEACH CLUB \/ Google Maps<\/figcaption><\/figure>\n\n\n\n<h3 class=\"wp-block-heading\"><span class=\"ez-toc-section\" id=\"17_Beach_clubs_nas_ilhas_em_vez_das_praias_publicas\"><\/span>17. Beach clubs nas ilhas (em vez das praias p\u00fablicas)<span class=\"ez-toc-section-end\"><\/span><\/h3>\n\n\n\n<p class=\"wp-block-paragraph\">Em vez de ir \u00e0s praias p\u00fablicas comuns das ilhas, que costumam ser extremamente lotadas, <strong>recomendo de cora\u00e7\u00e3o reservar um day pass em um dos muitos beach clubs privativos<\/strong>. \u00c9 mais caro, mas voc\u00ea ter\u00e1 sua pr\u00f3pria espregui\u00e7adeira, \u00e1gua limpa e, principalmente, sossego dos vendedores que, de outra forma, ficam te importunando a cada dois minutos para comprar souvenirs.<\/p>\n\n\n\n<p class=\"wp-block-paragraph\">Uma escolha absolutamente excelente \u00e9 o <strong>Capri Beach Club (fant\u00e1stica nota 4,9), na Isla Grande<\/strong>, onde voc\u00ea encontra sossego total, \u00f3timo atendimento e uma \u00e1gua turquesa cristalina. Se voc\u00ea procura uma atmosfera mais moderna e estilosa de festa, com gastronomia excelente e \u00f3timos drinques, v\u00e1 com certeza ao <strong>Blue Apple Beach (nota 4,7), na Isla Tierra Bomba, mais pr\u00f3xima<\/strong>.<\/p>\n\n\n\n<p class=\"wp-block-paragraph\">Se voc\u00ea n\u00e3o quiser viajar longe de barco, mas mesmo assim quer curtir o m\u00e1ximo de conforto de praia e drinques \u00e0 beira d&#8217;\u00e1gua, dentro da cidade, no bairro mais tranquilo de Manga, funciona o <strong>clube urbano Bendita Beach (nota 4,7), com uma piscina linda<\/strong>, onde cuidam de voc\u00ea o dia inteiro como um mimo.<\/p>\n\n\n\n<figure data-wp-context=\"{&quot;imageId&quot;:&quot;6a9c2cc9ce925&quot;}\" data-wp-interactive=\"core\/image\" data-wp-key=\"6a9c2cc9ce925\" class=\"wp-block-image size-full wp-lightbox-container\"><img decoding=\"async\" width=\"1200\" height=\"675\" data-wp-class--hide=\"state.isContentHidden\" data-wp-class--show=\"state.isContentVisible\" data-wp-init=\"callbacks.setButtonStyles\" data-wp-on--click=\"actions.showLightbox\" data-wp-on--load=\"callbacks.setButtonStyles\" data-wp-on--pointerdown=\"actions.preloadImage\" data-wp-on--pointerenter=\"actions.preloadImageWithDelay\" data-wp-on--pointerleave=\"actions.cancelPreload\" data-wp-on-window--resize=\"callbacks.setButtonStyles\" src=\"https:\/\/loudavymkrokem.cz\/wp-content\/uploads\/2026\/09\/swap-415557-18-1bdf9f8e.png\" alt=\"Manguezais perto da vila de pescadores La Boquilla\" class=\"wp-image-415927\" title=\"\" srcset=\"https:\/\/loudavymkrokem.cz\/wp-content\/uploads\/2026\/09\/swap-415557-18-1bdf9f8e.png 1200w, https:\/\/loudavymkrokem.cz\/wp-content\/uploads\/2026\/09\/swap-415557-18-1bdf9f8e-300x169.png 300w, https:\/\/loudavymkrokem.cz\/wp-content\/uploads\/2026\/09\/swap-415557-18-1bdf9f8e-700x394.png 700w, https:\/\/loudavymkrokem.cz\/wp-content\/uploads\/2026\/09\/swap-415557-18-1bdf9f8e-768x432.png 768w, https:\/\/loudavymkrokem.cz\/wp-content\/uploads\/2026\/09\/swap-415557-18-1bdf9f8e-696x392.png 696w\" sizes=\"(max-width: 1200px) 100vw, 1200px\" \/><button\n\t\t\tclass=\"lightbox-trigger\"\n\t\t\ttype=\"button\"\n\t\t\taria-haspopup=\"dialog\"\n\t\t\tdata-wp-bind--aria-label=\"state.thisImage.triggerButtonAriaLabel\"\n\t\t\tdata-wp-init=\"callbacks.initTriggerButton\"\n\t\t\tdata-wp-on--click=\"actions.showLightbox\"\n\t\t\tdata-wp-style--right=\"state.thisImage.buttonRight\"\n\t\t\tdata-wp-style--top=\"state.thisImage.buttonTop\"\n\t\t>\n\t\t\t<svg xmlns=\"http:\/\/www.w3.org\/2000\/svg\" width=\"12\" height=\"12\" fill=\"none\" viewBox=\"0 0 12 12\">\n\t\t\t\t<path fill=\"#fff\" d=\"M2 0a2 2 0 0 0-2 2v2h1.5V2a.5.5 0 0 1 .5-.5h2V0H2Zm2 10.5H2a.5.5 0 0 1-.5-.5V8H0v2a2 2 0 0 0 2 2h2v-1.5ZM8 12v-1.5h2a.5.5 0 0 0 .5-.5V8H12v2a2 2 0 0 1-2 2H8Zm2-12a2 2 0 0 1 2 2v2h-1.5V2a.5.5 0 0 0-.5-.5H8V0h2Z\" \/>\n\t\t\t<\/svg>\n\t\t<\/button><figcaption class=\"wp-element-caption\">Foto: ECOTOURS BOQUILLA \/ Google Maps<\/figcaption><\/figure>\n\n\n\n<h3 class=\"wp-block-heading\"><span class=\"ez-toc-section\" id=\"18_A_vila_de_pescadores_La_Boquilla_e_os_manguezais\"><\/span>18. A vila de pescadores La Boquilla e os manguezais<span class=\"ez-toc-section-end\"><\/span><\/h3>\n\n\n\n<p class=\"wp-block-paragraph\">Se voc\u00ea quer viver na cidade algo totalmente diferente do reluzente centro colonial e, ao mesmo tempo, apoiar diretamente a comunidade local com o seu dinheiro, <strong>v\u00e1 at\u00e9 o norte da cidade, \u00e0 aut\u00eantica vila de pescadores La Boquilla<\/strong>. Aqui voc\u00ea finalmente conhece a face mais crua e muito mais tradicional afro-colombiana de toda a regi\u00e3o caribenha, que j\u00e1 desapareceu do centro.<\/p>\n\n\n\n<p class=\"wp-block-paragraph\">A principal atra\u00e7\u00e3o aqui \u00e9 um <strong>fascinante passeio de canoa tradicional de madeira pelos densos manguezais<\/strong>. Os pescadores locais experientes te levam pelo emaranhado de canais silenciosos, onde voc\u00ea pode observar de perto elegantes gar\u00e7as, caranguejos escondidos nas ra\u00edzes e ouvir o sil\u00eancio absoluto, interrompido apenas pelo tranquilo bater das remadas de madeira.<\/p>\n\n\n\n<p class=\"wp-block-paragraph\">Esse discreto passeio ecol\u00f3gico \u00e9 uma das poucas experi\u00eancias em Cartagena em que <strong>o seu dinheiro fica direto nas m\u00e3os da comunidade local<\/strong>, que se esfor\u00e7a ao m\u00e1ximo para manter seu sustento tradicional da pesca, diante dos modernos hot\u00e9is que se espalham de forma agressiva pelos arredores pr\u00f3ximos.<\/p>\n\n\n\n<figure data-wp-context=\"{&quot;imageId&quot;:&quot;6a9c2cc9cee4d&quot;}\" data-wp-interactive=\"core\/image\" data-wp-key=\"6a9c2cc9cee4d\" class=\"wp-block-image size-full wp-lightbox-container\"><img decoding=\"async\" width=\"1600\" height=\"1200\" data-wp-class--hide=\"state.isContentHidden\" data-wp-class--show=\"state.isContentVisible\" data-wp-init=\"callbacks.setButtonStyles\" data-wp-on--click=\"actions.showLightbox\" data-wp-on--load=\"callbacks.setButtonStyles\" data-wp-on--pointerdown=\"actions.preloadImage\" data-wp-on--pointerenter=\"actions.preloadImageWithDelay\" data-wp-on--pointerleave=\"actions.cancelPreload\" data-wp-on-window--resize=\"callbacks.setButtonStyles\" src=\"https:\/\/loudavymkrokem.cz\/wp-content\/uploads\/2026\/09\/swap-415557-19-48814361.jpg\" alt=\"Mercado Bazurto em Cartagena\" class=\"wp-image-415919\" title=\"\" srcset=\"https:\/\/loudavymkrokem.cz\/wp-content\/uploads\/2026\/09\/swap-415557-19-48814361.jpg 1600w, https:\/\/loudavymkrokem.cz\/wp-content\/uploads\/2026\/09\/swap-415557-19-48814361-300x225.jpg 300w, https:\/\/loudavymkrokem.cz\/wp-content\/uploads\/2026\/09\/swap-415557-19-48814361-700x525.jpg 700w, https:\/\/loudavymkrokem.cz\/wp-content\/uploads\/2026\/09\/swap-415557-19-48814361-768x576.jpg 768w, https:\/\/loudavymkrokem.cz\/wp-content\/uploads\/2026\/09\/swap-415557-19-48814361-1536x1152.jpg 1536w, https:\/\/loudavymkrokem.cz\/wp-content\/uploads\/2026\/09\/swap-415557-19-48814361-80x60.jpg 80w, https:\/\/loudavymkrokem.cz\/wp-content\/uploads\/2026\/09\/swap-415557-19-48814361-160x120.jpg 160w, https:\/\/loudavymkrokem.cz\/wp-content\/uploads\/2026\/09\/swap-415557-19-48814361-696x522.jpg 696w, https:\/\/loudavymkrokem.cz\/wp-content\/uploads\/2026\/09\/swap-415557-19-48814361-1392x1044.jpg 1392w\" sizes=\"(max-width: 1600px) 100vw, 1600px\" \/><button\n\t\t\tclass=\"lightbox-trigger\"\n\t\t\ttype=\"button\"\n\t\t\taria-haspopup=\"dialog\"\n\t\t\tdata-wp-bind--aria-label=\"state.thisImage.triggerButtonAriaLabel\"\n\t\t\tdata-wp-init=\"callbacks.initTriggerButton\"\n\t\t\tdata-wp-on--click=\"actions.showLightbox\"\n\t\t\tdata-wp-style--right=\"state.thisImage.buttonRight\"\n\t\t\tdata-wp-style--top=\"state.thisImage.buttonTop\"\n\t\t>\n\t\t\t<svg xmlns=\"http:\/\/www.w3.org\/2000\/svg\" width=\"12\" height=\"12\" fill=\"none\" viewBox=\"0 0 12 12\">\n\t\t\t\t<path fill=\"#fff\" d=\"M2 0a2 2 0 0 0-2 2v2h1.5V2a.5.5 0 0 1 .5-.5h2V0H2Zm2 10.5H2a.5.5 0 0 1-.5-.5V8H0v2a2 2 0 0 0 2 2h2v-1.5ZM8 12v-1.5h2a.5.5 0 0 0 .5-.5V8H12v2a2 2 0 0 1-2 2H8Zm2-12a2 2 0 0 1 2 2v2h-1.5V2a.5.5 0 0 0-.5-.5H8V0h2Z\" \/>\n\t\t\t<\/svg>\n\t\t<\/button><figcaption class=\"wp-element-caption\">Foto: Juan David \/ Google Maps<\/figcaption><\/figure>\n\n\n\n<h3 class=\"wp-block-heading\"><span class=\"ez-toc-section\" id=\"19_Mercado_Bazurto_so_para_os_fortes\"><\/span>19. Mercado Bazurto (s\u00f3 para os fortes)<span class=\"ez-toc-section-end\"><\/span><\/h3>\n\n\n\n<p class=\"wp-block-paragraph\">O <strong>mercado Bazurto<\/strong> \u00e9 enorme, barulhento, ca\u00f3tico e, em alguns pontos, sinceramente bem sujo, e a nota m\u00e9dia de 3,7 de mais de 12.000 avalia\u00e7\u00f5es diz tudo. N\u00e3o \u00e9 uma atra\u00e7\u00e3o tur\u00edstica, \u00e9 a <strong>realidade cotidiana da vida colombiana<\/strong>. Vende-se aqui absolutamente tudo o que se possa imaginar, de carne crua pendurada em ganchos no calor absurdo, passando por montanhas gigantes de frutas ex\u00f3ticas, at\u00e9 roupas e eletr\u00f4nicos de marca falsificados.<\/p>\n\n\n\n<p class=\"wp-block-paragraph\"><strong>Ir at\u00e9 aqui por conta pr\u00f3pria \u00e9 totalmente desaconselhado aos estrangeiros por quest\u00f5es de seguran\u00e7a<\/strong>, o labirinto de barracas \u00e9 extremamente confuso e, muitas vezes, batedores de carteira organizados operam despercebidos na multid\u00e3o. Se voc\u00ea quer conhecer esse mercado aut\u00eantico, <strong>v\u00e1 apenas bem cedo pela manh\u00e3 e exclusivamente com um guia local licenciado<\/strong>, que sabe exatamente por onde passar com seguran\u00e7a.<\/p>\n\n\n\n<p class=\"wp-block-paragraph\"><strong>Com um bom guia<\/strong>, no entanto, pode ser uma experi\u00eancia absolutamente fascinante, na qual voc\u00ea prova frutas ex\u00f3ticas estranhas que nunca viu na vida e conhece a face verdadeira e n\u00e3o tur\u00edstica da cidade, sem verniz. Mas para compras comuns de souvenirs bonitos n\u00e3o venha aqui de jeito nenhum, para isso os <strong>mercados do centro s\u00e3o melhores<\/strong>.<\/p>\n\n\n\n<figure data-wp-context=\"{&quot;imageId&quot;:&quot;6a9c2cc9cf3e6&quot;}\" data-wp-interactive=\"core\/image\" data-wp-key=\"6a9c2cc9cf3e6\" class=\"wp-block-image size-full wp-lightbox-container\"><img decoding=\"async\" width=\"1600\" height=\"1200\" data-wp-class--hide=\"state.isContentHidden\" data-wp-class--show=\"state.isContentVisible\" data-wp-init=\"callbacks.setButtonStyles\" data-wp-on--click=\"actions.showLightbox\" data-wp-on--load=\"callbacks.setButtonStyles\" data-wp-on--pointerdown=\"actions.preloadImage\" data-wp-on--pointerenter=\"actions.preloadImageWithDelay\" data-wp-on--pointerleave=\"actions.cancelPreload\" data-wp-on-window--resize=\"callbacks.setButtonStyles\" src=\"https:\/\/loudavymkrokem.cz\/wp-content\/uploads\/2026\/09\/museo-del-chocolate.png\" alt=\"Museo del Chocolate e o cacau colombiano\" class=\"wp-image-415742\" title=\"\" srcset=\"https:\/\/loudavymkrokem.cz\/wp-content\/uploads\/2026\/09\/museo-del-chocolate.png 1600w, https:\/\/loudavymkrokem.cz\/wp-content\/uploads\/2026\/09\/museo-del-chocolate-300x225.png 300w, https:\/\/loudavymkrokem.cz\/wp-content\/uploads\/2026\/09\/museo-del-chocolate-700x525.png 700w, https:\/\/loudavymkrokem.cz\/wp-content\/uploads\/2026\/09\/museo-del-chocolate-768x576.png 768w, https:\/\/loudavymkrokem.cz\/wp-content\/uploads\/2026\/09\/museo-del-chocolate-1536x1152.png 1536w, https:\/\/loudavymkrokem.cz\/wp-content\/uploads\/2026\/09\/museo-del-chocolate-80x60.png 80w, https:\/\/loudavymkrokem.cz\/wp-content\/uploads\/2026\/09\/museo-del-chocolate-160x120.png 160w, https:\/\/loudavymkrokem.cz\/wp-content\/uploads\/2026\/09\/museo-del-chocolate-696x522.png 696w, https:\/\/loudavymkrokem.cz\/wp-content\/uploads\/2026\/09\/museo-del-chocolate-1392x1044.png 1392w\" sizes=\"(max-width: 1600px) 100vw, 1600px\" \/><button\n\t\t\tclass=\"lightbox-trigger\"\n\t\t\ttype=\"button\"\n\t\t\taria-haspopup=\"dialog\"\n\t\t\tdata-wp-bind--aria-label=\"state.thisImage.triggerButtonAriaLabel\"\n\t\t\tdata-wp-init=\"callbacks.initTriggerButton\"\n\t\t\tdata-wp-on--click=\"actions.showLightbox\"\n\t\t\tdata-wp-style--right=\"state.thisImage.buttonRight\"\n\t\t\tdata-wp-style--top=\"state.thisImage.buttonTop\"\n\t\t>\n\t\t\t<svg xmlns=\"http:\/\/www.w3.org\/2000\/svg\" width=\"12\" height=\"12\" fill=\"none\" viewBox=\"0 0 12 12\">\n\t\t\t\t<path fill=\"#fff\" d=\"M2 0a2 2 0 0 0-2 2v2h1.5V2a.5.5 0 0 1 .5-.5h2V0H2Zm2 10.5H2a.5.5 0 0 1-.5-.5V8H0v2a2 2 0 0 0 2 2h2v-1.5ZM8 12v-1.5h2a.5.5 0 0 0 .5-.5V8H12v2a2 2 0 0 1-2 2H8Zm2-12a2 2 0 0 1 2 2v2h-1.5V2a.5.5 0 0 0-.5-.5H8V0h2Z\" \/>\n\t\t\t<\/svg>\n\t\t<\/button><figcaption class=\"wp-element-caption\">Foto: Museo Del Chocolate Colombia &#8211; Cartagena \/ Google Maps<\/figcaption><\/figure>\n\n\n\n<h3 class=\"wp-block-heading\"><span class=\"ez-toc-section\" id=\"20_Museo_del_Chocolate_e_o_cacau_colombiano\"><\/span>20. Museo del Chocolate e o cacau colombiano<span class=\"ez-toc-section-end\"><\/span><\/h3>\n\n\n\n<p class=\"wp-block-paragraph\">A Col\u00f4mbia n\u00e3o produz para o mundo todo apenas seu famoso e excelente caf\u00e9, mas tamb\u00e9m um cacau absolutamente de primeira e de qualidade. <strong>Se voc\u00ea procura uma \u00f3tima experi\u00eancia (n\u00e3o s\u00f3) para fam\u00edlias com crian\u00e7as, visite com certeza o Museo del Chocolate (excelente nota 4,8)<\/strong>, bem no centro hist\u00f3rico da cidade. \u00c9 um museu menor, mas lindamente interativo, que te guia de forma envolvente por todo o processo complexo, do cultivo dos gr\u00e3os de cacau at\u00e9 a produ\u00e7\u00e3o de uma barra de chocolate deliciosa.<\/p>\n\n\n\n<p class=\"wp-block-paragraph\">Durante a visita perfumada, <strong>voc\u00ea descobre um monte de curiosidades surpreendentes sobre a hist\u00f3ria do chocolate nas culturas pr\u00e9-colombianas<\/strong> e, no final, \u00e9 claro, te espera uma degusta\u00e7\u00e3o farta e bem generosa de diferentes tipos. Ideal para uma tarde quente, e nem os vegetarianos nem os amantes de chocolate se arrependem.<\/p>\n\n\n\n<p class=\"wp-block-paragraph\">Na lojinha local na sa\u00edda, voc\u00ea ainda <strong>pode comprar os melhores souvenirs comest\u00edveis para levar para a fam\u00edlia em casa<\/strong>, dos cl\u00e1ssicos chocolates amargos com alta porcentagem de cacau at\u00e9 delicados bombons recheados com frutas ex\u00f3ticas do Caribe.<\/p>\n\n\n\n<figure data-wp-context=\"{&quot;imageId&quot;:&quot;6a9c2cc9cf8d0&quot;}\" data-wp-interactive=\"core\/image\" data-wp-key=\"6a9c2cc9cf8d0\" class=\"wp-block-image size-full wp-lightbox-container\"><img decoding=\"async\" width=\"1600\" height=\"1200\" data-wp-class--hide=\"state.isContentHidden\" data-wp-class--show=\"state.isContentVisible\" data-wp-init=\"callbacks.setButtonStyles\" data-wp-on--click=\"actions.showLightbox\" data-wp-on--load=\"callbacks.setButtonStyles\" data-wp-on--pointerdown=\"actions.preloadImage\" data-wp-on--pointerenter=\"actions.preloadImageWithDelay\" data-wp-on--pointerleave=\"actions.cancelPreload\" data-wp-on-window--resize=\"callbacks.setButtonStyles\" src=\"https:\/\/loudavymkrokem.cz\/wp-content\/uploads\/2026\/09\/swap-415557-21-ea1b5cd5.jpg\" alt=\"Comida de rua em Cartagena\" class=\"wp-image-415922\" title=\"\" srcset=\"https:\/\/loudavymkrokem.cz\/wp-content\/uploads\/2026\/09\/swap-415557-21-ea1b5cd5.jpg 1600w, https:\/\/loudavymkrokem.cz\/wp-content\/uploads\/2026\/09\/swap-415557-21-ea1b5cd5-300x225.jpg 300w, https:\/\/loudavymkrokem.cz\/wp-content\/uploads\/2026\/09\/swap-415557-21-ea1b5cd5-700x525.jpg 700w, https:\/\/loudavymkrokem.cz\/wp-content\/uploads\/2026\/09\/swap-415557-21-ea1b5cd5-768x576.jpg 768w, https:\/\/loudavymkrokem.cz\/wp-content\/uploads\/2026\/09\/swap-415557-21-ea1b5cd5-1536x1152.jpg 1536w, https:\/\/loudavymkrokem.cz\/wp-content\/uploads\/2026\/09\/swap-415557-21-ea1b5cd5-80x60.jpg 80w, https:\/\/loudavymkrokem.cz\/wp-content\/uploads\/2026\/09\/swap-415557-21-ea1b5cd5-160x120.jpg 160w, https:\/\/loudavymkrokem.cz\/wp-content\/uploads\/2026\/09\/swap-415557-21-ea1b5cd5-696x522.jpg 696w, https:\/\/loudavymkrokem.cz\/wp-content\/uploads\/2026\/09\/swap-415557-21-ea1b5cd5-1392x1044.jpg 1392w\" sizes=\"(max-width: 1600px) 100vw, 1600px\" \/><button\n\t\t\tclass=\"lightbox-trigger\"\n\t\t\ttype=\"button\"\n\t\t\taria-haspopup=\"dialog\"\n\t\t\tdata-wp-bind--aria-label=\"state.thisImage.triggerButtonAriaLabel\"\n\t\t\tdata-wp-init=\"callbacks.initTriggerButton\"\n\t\t\tdata-wp-on--click=\"actions.showLightbox\"\n\t\t\tdata-wp-style--right=\"state.thisImage.buttonRight\"\n\t\t\tdata-wp-style--top=\"state.thisImage.buttonTop\"\n\t\t>\n\t\t\t<svg xmlns=\"http:\/\/www.w3.org\/2000\/svg\" width=\"12\" height=\"12\" fill=\"none\" viewBox=\"0 0 12 12\">\n\t\t\t\t<path fill=\"#fff\" d=\"M2 0a2 2 0 0 0-2 2v2h1.5V2a.5.5 0 0 1 .5-.5h2V0H2Zm2 10.5H2a.5.5 0 0 1-.5-.5V8H0v2a2 2 0 0 0 2 2h2v-1.5ZM8 12v-1.5h2a.5.5 0 0 0 .5-.5V8H12v2a2 2 0 0 1-2 2H8Zm2-12a2 2 0 0 1 2 2v2h-1.5V2a.5.5 0 0 0-.5-.5H8V0h2Z\" \/>\n\t\t\t<\/svg>\n\t\t<\/button><figcaption class=\"wp-element-caption\">Foto: Bruno Ara\u00fajo Faria \/ Google Maps<\/figcaption><\/figure>\n\n\n\n<h3 class=\"wp-block-heading\"><span class=\"ez-toc-section\" id=\"21_Comida_de_rua_e_sabores_caribenhos\"><\/span>21. Comida de rua e sabores caribenhos<span class=\"ez-toc-section-end\"><\/span><\/h3>\n\n\n\n<p class=\"wp-block-paragraph\">A cozinha caribenha no litoral \u00e9, sim, muito baseada em peixes (robalo, ceviche) e frutos do mar, mas <strong>at\u00e9 os amantes convictos da alimenta\u00e7\u00e3o \u00e0 base de plantas encontram do que gostar por aqui na rua, sem problema<\/strong>. A garantia absoluta e barata, que voc\u00ea encontra em cada esquina e que te salva da fome, \u00e9 a <strong>arepa de queso (uma grossa panqueca de milho grelhada no fogo at\u00e9 ficar crocante e recheada com bastante queijo derretido)<\/strong>.<\/p>\n\n\n\n<p class=\"wp-block-paragraph\">Outro acompanhamento absolutamente perfeito ou lanchinho salgado e r\u00e1pido s\u00e3o os <strong>patacones, peda\u00e7os de banana-da-terra verde fritos duas vezes<\/strong>, que costumam ser servidos com molho de alho ou com o excelente hogao de tomate. S\u00e3o incrivelmente saciantes, gordurosos e bem baratos.<\/p>\n\n\n\n<p class=\"wp-block-paragraph\">A indispens\u00e1vel hidrata\u00e7\u00e3o nesse calor devastador voc\u00ea resolve melhor com os <strong>jugos naturales (sucos de fruta fresquinhos)<\/strong>. Recomendo de cora\u00e7\u00e3o experimentar o lulo (um sabor \u00e1cido peculiar, parecido com kiwi e c\u00edtricos), o maracuj\u00e1 fresco ou a graviola bem doce. Se voc\u00ea procura algo mais encorpado e cremoso, a <strong>limonada de coco (limonada de coco com lim\u00e3o fresco)<\/strong> \u00e9 a melhor e mais refrescante inven\u00e7\u00e3o caribenha do mundo. E, claro, n\u00e3o esque\u00e7a da onipresente agua de panela (\u00e1gua com a\u00e7\u00facar de cana e lim\u00e3o).<\/p>\n\n\n\n<figure data-wp-context=\"{&quot;imageId&quot;:&quot;6a9c2cc9cfdac&quot;}\" data-wp-interactive=\"core\/image\" data-wp-key=\"6a9c2cc9cfdac\" class=\"wp-block-image size-full wp-lightbox-container\"><img decoding=\"async\" width=\"1600\" height=\"2133\" data-wp-class--hide=\"state.isContentHidden\" data-wp-class--show=\"state.isContentVisible\" data-wp-init=\"callbacks.setButtonStyles\" data-wp-on--click=\"actions.showLightbox\" data-wp-on--load=\"callbacks.setButtonStyles\" data-wp-on--pointerdown=\"actions.preloadImage\" data-wp-on--pointerenter=\"actions.preloadImageWithDelay\" data-wp-on--pointerleave=\"actions.cancelPreload\" data-wp-on-window--resize=\"callbacks.setButtonStyles\" src=\"https:\/\/loudavymkrokem.cz\/wp-content\/uploads\/2026\/09\/ctg22.jpg\" alt=\"Bistr\u00f4 vegetariano em Getseman\u00ed, em Cartagena\" class=\"wp-image-415768\" title=\"\" srcset=\"https:\/\/loudavymkrokem.cz\/wp-content\/uploads\/2026\/09\/ctg22.jpg 1600w, https:\/\/loudavymkrokem.cz\/wp-content\/uploads\/2026\/09\/ctg22-225x300.jpg 225w, https:\/\/loudavymkrokem.cz\/wp-content\/uploads\/2026\/09\/ctg22-700x933.jpg 700w, https:\/\/loudavymkrokem.cz\/wp-content\/uploads\/2026\/09\/ctg22-768x1024.jpg 768w, https:\/\/loudavymkrokem.cz\/wp-content\/uploads\/2026\/09\/ctg22-1152x1536.jpg 1152w, https:\/\/loudavymkrokem.cz\/wp-content\/uploads\/2026\/09\/ctg22-1536x2048.jpg 1536w, https:\/\/loudavymkrokem.cz\/wp-content\/uploads\/2026\/09\/ctg22-696x928.jpg 696w, https:\/\/loudavymkrokem.cz\/wp-content\/uploads\/2026\/09\/ctg22-1392x1856.jpg 1392w\" sizes=\"(max-width: 1600px) 100vw, 1600px\" \/><button\n\t\t\tclass=\"lightbox-trigger\"\n\t\t\ttype=\"button\"\n\t\t\taria-haspopup=\"dialog\"\n\t\t\tdata-wp-bind--aria-label=\"state.thisImage.triggerButtonAriaLabel\"\n\t\t\tdata-wp-init=\"callbacks.initTriggerButton\"\n\t\t\tdata-wp-on--click=\"actions.showLightbox\"\n\t\t\tdata-wp-style--right=\"state.thisImage.buttonRight\"\n\t\t\tdata-wp-style--top=\"state.thisImage.buttonTop\"\n\t\t>\n\t\t\t<svg xmlns=\"http:\/\/www.w3.org\/2000\/svg\" width=\"12\" height=\"12\" fill=\"none\" viewBox=\"0 0 12 12\">\n\t\t\t\t<path fill=\"#fff\" d=\"M2 0a2 2 0 0 0-2 2v2h1.5V2a.5.5 0 0 1 .5-.5h2V0H2Zm2 10.5H2a.5.5 0 0 1-.5-.5V8H0v2a2 2 0 0 0 2 2h2v-1.5ZM8 12v-1.5h2a.5.5 0 0 0 .5-.5V8H12v2a2 2 0 0 1-2 2H8Zm2-12a2 2 0 0 1 2 2v2h-1.5V2a.5.5 0 0 0-.5-.5H8V0h2Z\" \/>\n\t\t\t<\/svg>\n\t\t<\/button><figcaption class=\"wp-element-caption\">Foto: laura nebreda \/ Google Maps<\/figcaption><\/figure>\n\n\n\n<h3 class=\"wp-block-heading\"><span class=\"ez-toc-section\" id=\"22_Onde_comer_sem_carne_dicas_vegetarianas\"><\/span>22. Onde comer sem carne (dicas vegetarianas)<span class=\"ez-toc-section-end\"><\/span><\/h3>\n\n\n\n<p class=\"wp-block-paragraph\">Enquanto a maioria dos restaurantes tur\u00edsticos comuns do centro serve principalmente lagostas caras e carne de porco frita, <strong>na cidade funcionam v\u00e1rios estabelecimentos fant\u00e1sticos e modernos com foco puramente vegetal<\/strong>. Recomendo de cora\u00e7\u00e3o experimentar o <strong>Restaurante Sambal (incr\u00edvel nota 4,9)<\/strong>, em Getseman\u00ed, um bistr\u00f4 caribenho inovador que consegue reinventar os sabores tradicionais locais de forma brilhante e criativa em pratos puramente vegetais.<\/p>\n\n\n\n<p class=\"wp-block-paragraph\">Para um almo\u00e7o r\u00e1pido, colorido e muito saud\u00e1vel, \u00e9 perfeito o <strong>El Bolol\u00f3 | Bowls del Caribe (nota 4,8)<\/strong>, onde fazem bowls gigantes e saciantes cheios de arroz, feij\u00e3o, banana-da-terra e verduras frescas. Outra verdadeira joia para os vegetarianos que querem descansar da comida de rua frita \u00e9 o bistr\u00f4 <strong>SANATOco (nota 4,9)<\/strong>, no bairro mais tranquilo de Manga.<\/p>\n\n\n\n<p class=\"wp-block-paragraph\">Se \u00e0 noite voc\u00ea estiver com vontade de algo bem mais moderno, <strong>uma \u00f3tima escolha \u00e9 o renomado Pezetarian (nota 4,8)<\/strong>, que embora ofere\u00e7a uma cozinha asi\u00e1tico-caribenha com peixes, tem tamb\u00e9m uma enorme variedade de bowls vegetais fant\u00e1sticos e bem temperados. Para uma atmosfera rom\u00e2ntica linda, bem no centro, visite ent\u00e3o a <strong>Casa Boh\u00eame (nota 4,7)<\/strong> ou o super estiloso <strong>Restaurante Nami (nota 4,9)<\/strong>.<\/p>\n\n\n\n<h2 class=\"wp-block-heading\"><span class=\"ez-toc-section\" id=\"Para_onde_ir_a_partir_de_Cartagena_passeios_pelos_arredores\"><\/span>Para onde ir a partir de Cartagena (passeios pelos arredores)<span class=\"ez-toc-section-end\"><\/span><\/h2>\n\n\n\n<p class=\"wp-block-paragraph\">Quando voc\u00ea se cansar das buzinadas constantes dos t\u00e1xis e dos aliciadores de souvenir, <strong>os arredores de Cartagena<\/strong> oferecem tranquilamente um dia ou dois de um mundo completamente diferente.<\/p>\n\n\n\n<ul class=\"wp-block-list\">\n\n<li><strong>San Basilio de Palenque:<\/strong> Esta \u00e9 uma joia hist\u00f3rica absoluta <a href=\"https:\/\/ich.unesco.org\/en\/RL\/cultural-space-of-palenque-de-san-basilio-00102\" rel=\"nofollow noopener\" target=\"_blank\">protegida pela UNESCO<\/a>. \u00c9 o primeir\u00edssimo <strong>povoado livre de escravos africanos fugidos em toda a Am\u00e9rica<\/strong>, orgulhosamente fundado j\u00e1 em 1691. Os moradores locais preservam at\u00e9 hoje sua pr\u00f3pria l\u00edngua \u00fanica (o palenquero) e tradi\u00e7\u00f5es africanas seculares. Fica a cerca de uma hora e meia da cidade e \u00e9 absolutamente necess\u00e1rio vir at\u00e9 aqui com respeito e, de prefer\u00eancia, com um guia da pr\u00f3pria comunidade local.<\/li>\n\n\n\n<li><strong>Volc\u00e1n del Totumo:<\/strong> A cerca de uma hora de \u00f4nibus ao norte voc\u00ea encontra este &#8220;vulc\u00e3o&#8221; de lama absolutamente bizarro. Voc\u00ea sobe por escadas de madeira bambas at\u00e9 uma pequena colina e <strong>mergulha na cratera cheia de lama grossa e morna<\/strong>, na qual, gra\u00e7as \u00e0 densidade, \u00e9 imposs\u00edvel afundar. \u00c9 uma atra\u00e7\u00e3o tur\u00edstica bem de massa, mas as fotos de l\u00e1 s\u00e3o incrivelmente divertidas.<\/li>\n\n\n\n<li><strong>Pen\u00ednsula de Bar\u00fa e Playa Blanca:<\/strong> Para a verdadeira areia branca e fina e \u00e1gua turquesa voc\u00ea precisa ir a cerca de uma hora da cidade. <strong>A Playa Blanca \u00e9 realmente maravilhosa, mas ao meio-dia sofre com uma multid\u00e3o enorme de gente<\/strong> vinda de \u00f4nibus e de barcos, ent\u00e3o voc\u00ea n\u00e3o descansa aqui. A melhor experi\u00eancia voc\u00ea ter\u00e1 se pagar uma hospedagem simples por l\u00e1 e curtir a praia com calma bem cedo pela manh\u00e3 ou no p\u00f4r do sol, quando todas as multid\u00f5es j\u00e1 voltaram para a cidade.<\/li>\n\n\n\n<li><strong>Santa Marta e o Parque Nacional Tayrona:<\/strong> Se voc\u00ea tem mais tempo na Col\u00f4mbia e n\u00e3o planeja s\u00f3 uma parada r\u00e1pida, v\u00e1 a cerca de 4 horas de \u00f4nibus confort\u00e1vel a leste. <strong>N\u00e3o \u00e9 um destino para um bate-volta de um dia a partir de Cartagena<\/strong>, mas uma parada incr\u00edvel e indispens\u00e1vel na sua viagem. L\u00e1 voc\u00ea ter\u00e1 acesso \u00e0 natureza selvagem e indomada das montanhas da Sierra Nevada e \u00e0s praias mais bonitas de todas, do Parque Nacional Tayrona.<\/li>\n\n\n<\/ul>\n\n\n\n<p class=\"wp-block-paragraph\">Ao <strong>planejar sua estadia<\/strong>, d\u00ea com certeza uma olhada tamb\u00e9m no nosso artigo detalhado <a href=\"https:\/\/loudavymkrokem.cz\/kde-bydlet-v-cartagene\/\">Onde ficar em Cartagena<\/a>, onde analisamos cada bairro nos m\u00ednimos detalhes e te indicamos os <strong>melhores hot\u00e9is<\/strong>. Confira tamb\u00e9m o nosso guia <a href=\"https:\/\/loudavymkrokem.cz\/co-videt-v-kolumbii\/\">O que ver na Col\u00f4mbia<\/a>, para ter toda a viagem bem planejada, ou leia as nossas dicas de <a href=\"https:\/\/loudavymkrokem.cz\/bezpecnost-v-jizni-americe\/\">como cuidar da seguran\u00e7a na Am\u00e9rica do Sul<\/a>.<\/p>\n\n\n\n<h2 class=\"wp-block-heading\"><span class=\"ez-toc-section\" id=\"Perguntas_frequentes\"><\/span>Perguntas frequentes<span class=\"ez-toc-section-end\"><\/span><\/h2>\n\n\n\n<p class=\"wp-block-paragraph\"><strong>Planejar uma viagem \u00e0 Col\u00f4mbia<\/strong> sempre traz consigo um monte de d\u00favidas. Aqui est\u00e3o as respostas para as <strong>perguntas mais frequentes<\/strong> que com certeza v\u00e3o passar pela sua cabe\u00e7a antes de embarcar.<\/p>\n\n\n<div id=\"rank-math-faq\" class=\"rank-math-block\">\n<div class=\"rank-math-list \">\n<div id=\"faq-question-1788422655000\" class=\"rank-math-list-item\">\n<h3 class=\"rank-math-question \"><span class=\"ez-toc-section\" id=\"Cartagena_e_segura\"><\/span>Cartagena \u00e9 segura?<span class=\"ez-toc-section-end\"><\/span><\/h3>\n<div class=\"rank-math-answer \">\n\n<p>No centro hist\u00f3rico e no movimentado Getseman\u00ed (onde funciona uma forte e vis\u00edvel pol\u00edcia tur\u00edstica) voc\u00ea certamente n\u00e3o precisa ter medo durante o dia, <strong>o risco aqui s\u00e3o no m\u00e1ximo os golpes comuns com pre\u00e7os e batedores de carteira habilidosos<\/strong>. O problema crucial, por\u00e9m, \u00e9 a vida noturna agitada. <strong>A dopagem de turistas com escopolamina (&#8220;sopro do diabo&#8221;) para fins de roubo \u00e9 uma amea\u00e7a absolutamente real<\/strong>. Como alertou, por exemplo, o governo canadense em um aviso de seguran\u00e7a de 9 de julho de 2026, os aplicativos de namoro (Tinder, Bumble) representam um risco enorme, atrav\u00e9s dos quais grupos organizados atraem estrangeiros. Nunca deixe sua bebida sem supervis\u00e3o e v\u00e1 a encontros exclusivamente em estabelecimentos p\u00fablicos e bem iluminados.<\/p>\n\n<\/div>\n<\/div>\n<div id=\"faq-question-1788422655001\" class=\"rank-math-list-item\">\n<h3 class=\"rank-math-question \"><span class=\"ez-toc-section\" id=\"Como_funciona_com_os_taxis_eles_tem_taximetro\"><\/span>Como funciona com os t\u00e1xis, eles t\u00eam tax\u00edmetro?<span class=\"ez-toc-section-end\"><\/span><\/h3>\n<div class=\"rank-math-answer \">\n\n<p>N\u00e3o, <strong>os t\u00e1xis em Cartagena geralmente n\u00e3o t\u00eam tax\u00edmetro<\/strong> e contam com o desconhecimento dos turistas. Se voc\u00ea n\u00e3o combinar o pre\u00e7o clara e explicitamente com o motorista ANTES de entrar no carro, com certeza no final da viagem voc\u00ea pagar\u00e1 v\u00e1rias vezes o pre\u00e7o local normal. Uma alternativa muito melhor e mais segura \u00e9 <strong>usar os aplicativos modernos Uber, InDriver ou DiDi<\/strong>, onde voc\u00ea v\u00ea o pre\u00e7o exato com anteced\u00eancia e assim evita o estresse de negociar na rua.<\/p>\n\n<\/div>\n<\/div>\n<div id=\"faq-question-1788422655002\" class=\"rank-math-list-item\">\n<h3 class=\"rank-math-question \"><span class=\"ez-toc-section\" id=\"Devo_ir_para_as_Ilhas_Rosario_ou_para_Playa_Blanca\"><\/span>Devo ir para as Ilhas Rosario ou para Playa Blanca?<span class=\"ez-toc-section-end\"><\/span><\/h3>\n<div class=\"rank-math-answer \">\n\n<p>Depende puramente do que voc\u00ea procura exatamente no passeio. <strong>Playa Blanca na pen\u00ednsula de Bar\u00fa \u00e9 mais longa, geralmente mais barata e voc\u00ea pode chegar l\u00e1 tamb\u00e9m por terra<\/strong>, mas ao meio-dia fica simplesmente lotada e a praia \u00e9 cercada por multid\u00f5es de vendedores. <strong>As Islas del Rosario s\u00e3o incomparavelmente melhores para mergulho com snorkel<\/strong> e oferecem uma atmosfera muito mais tranquila em beach clubs privados, mas voc\u00ea precisa viajar at\u00e9 l\u00e1 de lancha r\u00e1pida e s\u00e3o cobradas aquelas altas e desagrad\u00e1veis taxas mencionadas de parque nacional e seguro.<\/p>\n\n<\/div>\n<\/div>\n<div id=\"faq-question-1788422655003\" class=\"rank-math-list-item\">\n<h3 class=\"rank-math-question \"><span class=\"ez-toc-section\" id=\"Como_se_livrar_efetivamente_dos_vendedores_de_rua\"><\/span>Como se livrar efetivamente dos vendedores de rua?<span class=\"ez-toc-section-end\"><\/span><\/h3>\n<div class=\"rank-math-answer \">\n\n<p>A base da sobreviv\u00eancia na rua \u00e9 n\u00e3o parar e n\u00e3o demonstrar absolutamente nenhum interesse. <strong>Basta dizer um &#8220;no, gracias&#8221; muito curto, mas firme, e continuar caminhando sem contato visual<\/strong>. Regra fundamental que voc\u00ea deve lembrar (nunca pegue nada deles nas m\u00e3os, nem mesmo quando afirmarem que \u00e9 apenas um pequeno presente gr\u00e1tis para experimentar). Assim que voc\u00ea tiver a mercadoria firmemente nas m\u00e3os, o vendedor considera a transa\u00e7\u00e3o conclu\u00edda e exigir\u00e1 dinheiro de voc\u00ea de forma muito agressiva.<\/p>\n\n<\/div>\n<\/div>\n<div id=\"faq-question-1788422655004\" class=\"rank-math-list-item\">\n<h3 class=\"rank-math-question \"><span class=\"ez-toc-section\" id=\"Pode-se_pagar_em_Cartagena_com_dolares_americanos\"><\/span>Pode-se pagar em Cartagena com d\u00f3lares americanos?<span class=\"ez-toc-section-end\"><\/span><\/h3>\n<div class=\"rank-math-answer \">\n\n<p>N\u00e3o, <strong>a moeda oficial \u00e9 o peso colombiano (COP)<\/strong> e tudo \u00e9 convertido para ele. Embora alguns vendedores de rua ou taxistas possam ficar felizes em aceitar d\u00f3lares, a taxa de c\u00e2mbio que oferecer\u00e3o ser\u00e1 extremamente desvantajosa. Sempre saque dinheiro diretamente em caixas eletr\u00f4nicos (grandes marcas como Bancolombia ou Davivienda s\u00e3o confi\u00e1veis e seguras), ou troque em casas de c\u00e2mbio oficiais certificadas. <strong>Nunca e em nenhuma circunst\u00e2ncia troque dinheiro com pessoas diretamente na rua<\/strong>.<\/p>\n\n<\/div>\n<\/div>\n<div id=\"faq-question-1788422655005\" class=\"rank-math-list-item\">\n<h3 class=\"rank-math-question \"><span class=\"ez-toc-section\" id=\"Pode-se_beber_agua_da_torneira_em_Cartagena\"><\/span>Pode-se beber \u00e1gua da torneira em Cartagena?<span class=\"ez-toc-section-end\"><\/span><\/h3>\n<div class=\"rank-math-answer \">\n\n<p>N\u00e3o, <strong>a \u00e1gua da torneira n\u00e3o \u00e9 recomendada para estrangeiros beberem<\/strong> e pode estragar suas f\u00e9rias inteiras. Sempre compre \u00e1gua engarrafada e certifique-se de que a tampa de pl\u00e1stico tenha o lacre intacto. Quanto ao gelo nas bebidas, em restaurantes e bares bem avaliados voc\u00ea n\u00e3o precisa ter medo, porque eles usam exclusivamente \u00e1gua purificada segura de gal\u00f5es para fazer gelo.<\/p>\n\n<\/div>\n<\/div>\n<div id=\"faq-question-1788422655006\" class=\"rank-math-list-item\">\n<h3 class=\"rank-math-question \"><span class=\"ez-toc-section\" id=\"Quantos_dias_preciso_para_Cartagena\"><\/span>Quantos dias preciso para Cartagena?<span class=\"ez-toc-section-end\"><\/span><\/h3>\n<div class=\"rank-math-answer \">\n\n<p>Para visitar o pr\u00f3prio centro hist\u00f3rico, caminhar pelas muralhas e explorar o bairro de Getseman\u00ed, <strong>2 a 3 dias ser\u00e3o mais que suficientes<\/strong>. Mas se voc\u00ea quiser adicionar um passeio de dia inteiro de barco \u00e0s ilhas de coral, uma visita \u00e0 praia em Bar\u00fa ou a fascinante excurs\u00e3o hist\u00f3rica \u00e0 vila de Palenque, <strong>a dura\u00e7\u00e3o ideal e recomendada da estadia \u00e9 de 4 a 5 dias<\/strong>, para que voc\u00ea possa fazer tudo em um ritmo tranquilo.<\/p>\n\n<\/div>\n<\/div>\n<\/div>\n<\/div>","protected":false},"excerpt":{"rendered":"<p>Vai visitar a p\u00e9rola do Caribe colombiano? Descubra 22 dicas do que ver em Cartagena, na Col\u00f4mbia, e saiba como fugir das armadilhas para turistas e das taxas escondidas.<\/p>\n","protected":false},"author":3,"featured_media":415750,"comment_status":"open","ping_status":"open","sticky":false,"template":"","format":"standard","meta":{"_acf_changed":false,"footnotes":"","rank_math_title":"Cartagena Col\u00f4mbia: 22 Dicas do Que Ver em 2026","rank_math_description":"Cartagena, Col\u00f4mbia: 22 dicas do que ver e fazer, com armadilhas para turistas e taxas escondidas. Planeje sua viagem ao Caribe colombiano. Confira agora!","rank_math_focus_keyword":"cartagena col\u00f4mbia","rank_math_seo_score":""},"categories":[1104],"tags":[],"class_list":["post-417391","post","type-post","status-publish","format-standard","has-post-thumbnail","category-viagens"],"acf":[],"featured_image_src":"https:\/\/loudavymkrokem.cz\/wp-content\/uploads\/2026\/09\/panorama-cartageny-fe41065f.jpg","author_info":{"display_name":"Lucie Kone\u010dn\u00e1","author_link":"https:\/\/loudavymkrokem.cz\/pt-br\/author\/lucie-konecna\/"},"_links":{"self":[{"href":"https:\/\/loudavymkrokem.cz\/pt-br\/wp-json\/wp\/v2\/posts\/417391","targetHints":{"allow":["GET"]}}],"collection":[{"href":"https:\/\/loudavymkrokem.cz\/pt-br\/wp-json\/wp\/v2\/posts"}],"about":[{"href":"https:\/\/loudavymkrokem.cz\/pt-br\/wp-json\/wp\/v2\/types\/post"}],"author":[{"embeddable":true,"href":"https:\/\/loudavymkrokem.cz\/pt-br\/wp-json\/wp\/v2\/users\/3"}],"replies":[{"embeddable":true,"href":"https:\/\/loudavymkrokem.cz\/pt-br\/wp-json\/wp\/v2\/comments?post=417391"}],"version-history":[{"count":3,"href":"https:\/\/loudavymkrokem.cz\/pt-br\/wp-json\/wp\/v2\/posts\/417391\/revisions"}],"predecessor-version":[{"id":417394,"href":"https:\/\/loudavymkrokem.cz\/pt-br\/wp-json\/wp\/v2\/posts\/417391\/revisions\/417394"}],"wp:featuredmedia":[{"embeddable":true,"href":"https:\/\/loudavymkrokem.cz\/pt-br\/wp-json\/wp\/v2\/media\/415750"}],"wp:attachment":[{"href":"https:\/\/loudavymkrokem.cz\/pt-br\/wp-json\/wp\/v2\/media?parent=417391"}],"wp:term":[{"taxonomy":"category","embeddable":true,"href":"https:\/\/loudavymkrokem.cz\/pt-br\/wp-json\/wp\/v2\/categories?post=417391"},{"taxonomy":"post_tag","embeddable":true,"href":"https:\/\/loudavymkrokem.cz\/pt-br\/wp-json\/wp\/v2\/tags?post=417391"}],"curies":[{"name":"wp","href":"https:\/\/api.w.org\/{rel}","templated":true}]}}