{"id":417388,"date":"2026-09-01T15:04:33","date_gmt":"2026-09-01T13:04:33","guid":{"rendered":"https:\/\/loudavymkrokem.cz\/praias-bulgaria-melhores\/"},"modified":"2026-09-05T15:22:41","modified_gmt":"2026-09-05T13:22:41","slug":"praias-bulgaria-melhores","status":"publish","type":"post","link":"https:\/\/loudavymkrokem.cz\/pt-br\/praias-bulgaria-melhores\/","title":{"rendered":"Praias da Bulg\u00e1ria: 20 destinos imperd\u00edveis para visitar"},"content":{"rendered":"\n<p class=\"wp-block-paragraph\">Quando falamos das mais belas praias da Bulg\u00e1ria, a maioria dos viajantes imagina apenas dois grandes resorts movimentados ao longo desses 378 quil\u00f4metros de litoral. Mas basta descer algumas dezenas de quil\u00f4metros para o sul e voc\u00ea descobre um mundo completamente diferente. Aqui come\u00e7am as <strong>dunas de areia infinitas, os pitorescos deltas de rios e as praias selvagens<\/strong>, para onde v\u00e3o de f\u00e9rias principalmente os pr\u00f3prios b\u00falgaros.<\/p>\n\n\n\n<p class=\"wp-block-paragraph\">Preparamos para voc\u00ea um guia detalhado que mostra as duas faces do litoral: dos resorts organizados \u00e0s enseadas selvagens, onde nem sequer chegam estradas decentes. Voc\u00ea vai descobrir onde est\u00e3o as <strong>melhores condi\u00e7\u00f5es para fam\u00edlias com crian\u00e7as<\/strong>, em quais lugares economizar bastante nas espregui\u00e7adeiras e para onde vale mais a pena ir com barraca pr\u00f3pria ou motorhome.<\/p>\n\n\n\n<p class=\"wp-block-paragraph\">Vale lembrar que, desde 1\u00ba de janeiro de 2026, a Bulg\u00e1ria <strong>adotou oficialmente o euro<\/strong>, o que trouxe uma s\u00e9rie de mudan\u00e7as n\u00e3o s\u00f3 nos pre\u00e7os do dia a dia, mas tamb\u00e9m em regras mais r\u00edgidas para o campismo.<\/p>\n\n\n\n<figure data-wp-context=\"{&quot;imageId&quot;:&quot;6a9c29fe035b0&quot;}\" data-wp-interactive=\"core\/image\" data-wp-key=\"6a9c29fe035b0\" class=\"wp-block-image size-full wp-lightbox-container\"><img decoding=\"async\" width=\"1800\" height=\"1285\" data-wp-class--hide=\"state.isContentHidden\" data-wp-class--show=\"state.isContentVisible\" data-wp-init=\"callbacks.setButtonStyles\" data-wp-on--click=\"actions.showLightbox\" data-wp-on--load=\"callbacks.setButtonStyles\" data-wp-on--pointerdown=\"actions.preloadImage\" data-wp-on--pointerenter=\"actions.preloadImageWithDelay\" data-wp-on--pointerleave=\"actions.cancelPreload\" data-wp-on-window--resize=\"callbacks.setButtonStyles\" src=\"https:\/\/loudavymkrokem.cz\/wp-content\/uploads\/2026\/08\/bulharsko-research-plaze-bulharsko-01.jpg\" alt=\"Delta do rio Veleka perto de Sinemorets, um dos lugares mais fotografados do litoral\" class=\"wp-image-404184\" title=\"\" srcset=\"https:\/\/loudavymkrokem.cz\/wp-content\/uploads\/2026\/08\/bulharsko-research-plaze-bulharsko-01.jpg 1800w, https:\/\/loudavymkrokem.cz\/wp-content\/uploads\/2026\/08\/bulharsko-research-plaze-bulharsko-01-300x214.jpg 300w, https:\/\/loudavymkrokem.cz\/wp-content\/uploads\/2026\/08\/bulharsko-research-plaze-bulharsko-01-700x500.jpg 700w, https:\/\/loudavymkrokem.cz\/wp-content\/uploads\/2026\/08\/bulharsko-research-plaze-bulharsko-01-768x548.jpg 768w, https:\/\/loudavymkrokem.cz\/wp-content\/uploads\/2026\/08\/bulharsko-research-plaze-bulharsko-01-1536x1097.jpg 1536w, https:\/\/loudavymkrokem.cz\/wp-content\/uploads\/2026\/08\/bulharsko-research-plaze-bulharsko-01-696x497.jpg 696w, https:\/\/loudavymkrokem.cz\/wp-content\/uploads\/2026\/08\/bulharsko-research-plaze-bulharsko-01-1392x994.jpg 1392w\" sizes=\"(max-width: 1800px) 100vw, 1800px\" \/><button\n\t\t\tclass=\"lightbox-trigger\"\n\t\t\ttype=\"button\"\n\t\t\taria-haspopup=\"dialog\"\n\t\t\tdata-wp-bind--aria-label=\"state.thisImage.triggerButtonAriaLabel\"\n\t\t\tdata-wp-init=\"callbacks.initTriggerButton\"\n\t\t\tdata-wp-on--click=\"actions.showLightbox\"\n\t\t\tdata-wp-style--right=\"state.thisImage.buttonRight\"\n\t\t\tdata-wp-style--top=\"state.thisImage.buttonTop\"\n\t\t>\n\t\t\t<svg xmlns=\"http:\/\/www.w3.org\/2000\/svg\" width=\"12\" height=\"12\" fill=\"none\" viewBox=\"0 0 12 12\">\n\t\t\t\t<path fill=\"#fff\" d=\"M2 0a2 2 0 0 0-2 2v2h1.5V2a.5.5 0 0 1 .5-.5h2V0H2Zm2 10.5H2a.5.5 0 0 1-.5-.5V8H0v2a2 2 0 0 0 2 2h2v-1.5ZM8 12v-1.5h2a.5.5 0 0 0 .5-.5V8H12v2a2 2 0 0 1-2 2H8Zm2-12a2 2 0 0 1 2 2v2h-1.5V2a.5.5 0 0 0-.5-.5H8V0h2Z\" \/>\n\t\t\t<\/svg>\n\t\t<\/button><figcaption class=\"wp-element-caption\">Foto: Evgeni Dinev @ Flickr \/ Wikimedia Commons (CC BY 2.0)<\/figcaption><\/figure>\n\n\n\n<div id=\"ez-toc-container\" class=\"ez-toc-v2_0_87 ez-toc-wrap-left counter-hierarchy ez-toc-counter ez-toc-grey ez-toc-container-direction\">\n<div class=\"ez-toc-title-container\">\n<p class=\"ez-toc-title\" style=\"cursor:inherit\">Conte\u00fado do artigo<\/p>\n<span class=\"ez-toc-title-toggle\"><a href=\"#\" class=\"ez-toc-pull-right ez-toc-btn ez-toc-btn-xs ez-toc-btn-default ez-toc-toggle\" aria-label=\"Alternar tabela de conte\u00fado\"><span class=\"ez-toc-js-icon-con\"><span class=\"\"><span class=\"eztoc-hide\" style=\"display:none;\">Toggle<\/span><span class=\"ez-toc-icon-toggle-span\"><svg style=\"fill: #999;color:#999\" xmlns=\"http:\/\/www.w3.org\/2000\/svg\" class=\"list-377408\" width=\"20px\" height=\"20px\" viewBox=\"0 0 24 24\" fill=\"none\"><path d=\"M6 6H4v2h2V6zm14 0H8v2h12V6zM4 11h2v2H4v-2zm16 0H8v2h12v-2zM4 16h2v2H4v-2zm16 0H8v2h12v-2z\" fill=\"currentColor\"><\/path><\/svg><svg style=\"fill: #999;color:#999\" class=\"arrow-unsorted-368013\" xmlns=\"http:\/\/www.w3.org\/2000\/svg\" width=\"10px\" height=\"10px\" viewBox=\"0 0 24 24\" version=\"1.2\" baseProfile=\"tiny\"><path d=\"M18.2 9.3l-6.2-6.3-6.2 6.3c-.2.2-.3.4-.3.7s.1.5.3.7c.2.2.4.3.7.3h11c.3 0 .5-.1.7-.3.2-.2.3-.5.3-.7s-.1-.5-.3-.7zM5.8 14.7l6.2 6.3 6.2-6.3c.2-.2.3-.5.3-.7s-.1-.5-.3-.7c-.2-.2-.4-.3-.7-.3h-11c-.3 0-.5.1-.7.3-.2.2-.3.5-.3.7s.1.5.3.7z\"\/><\/svg><\/span><\/span><\/span><\/a><\/span><\/div>\n<nav><ul class='ez-toc-list ez-toc-list-level-1 ' ><ul class='ez-toc-list-level-3' ><li class='ez-toc-heading-level-3'><a class=\"ez-toc-link ez-toc-heading-1\" href=\"https:\/\/loudavymkrokem.cz\/pt-br\/praias-bulgaria-melhores\/#Resumo_para_quem_nao_tem_tempo_de_ler_o_artigo_inteiro\" >Resumo para quem n\u00e3o tem tempo de ler o artigo inteiro<\/a><\/li><\/ul><\/li><li class='ez-toc-page-1 ez-toc-heading-level-2'><a class=\"ez-toc-link ez-toc-heading-2\" href=\"https:\/\/loudavymkrokem.cz\/pt-br\/praias-bulgaria-melhores\/#Como_funcionam_as_praias_da_Bulgaria_zonas_pagas_e_livres\" >Como funcionam as praias da Bulg\u00e1ria: zonas pagas e livres<\/a><\/li><li class='ez-toc-page-1 ez-toc-heading-level-2'><a class=\"ez-toc-link ez-toc-heading-3\" href=\"https:\/\/loudavymkrokem.cz\/pt-br\/praias-bulgaria-melhores\/#Recordistas_26_bandeiras_azuis\" >Recordistas 26 bandeiras azuis<\/a><\/li><li class='ez-toc-page-1 ez-toc-heading-level-2'><a class=\"ez-toc-link ez-toc-heading-4\" href=\"https:\/\/loudavymkrokem.cz\/pt-br\/praias-bulgaria-melhores\/#Sul_selvagem_praias_frequentadas_pelos_proprios_bulgaros\" >Sul selvagem: praias frequentadas pelos pr\u00f3prios b\u00falgaros<\/a><ul class='ez-toc-list-level-3' ><li class='ez-toc-heading-level-3'><a class=\"ez-toc-link ez-toc-heading-5\" href=\"https:\/\/loudavymkrokem.cz\/pt-br\/praias-bulgaria-melhores\/#1_Silistar\" >1. Silistar<\/a><\/li><li class='ez-toc-page-1 ez-toc-heading-level-3'><a class=\"ez-toc-link ez-toc-heading-6\" href=\"https:\/\/loudavymkrokem.cz\/pt-br\/praias-bulgaria-melhores\/#2_Veleka_Sinemorets\" >2. Veleka (Sinemorets)<\/a><\/li><li class='ez-toc-page-1 ez-toc-heading-level-3'><a class=\"ez-toc-link ez-toc-heading-7\" href=\"https:\/\/loudavymkrokem.cz\/pt-br\/praias-bulgaria-melhores\/#3_Butamjata\" >3. Butamjata<\/a><\/li><li class='ez-toc-page-1 ez-toc-heading-level-3'><a class=\"ez-toc-link ez-toc-heading-8\" href=\"https:\/\/loudavymkrokem.cz\/pt-br\/praias-bulgaria-melhores\/#4_Arkutino\" >4. Arkutino<\/a><\/li><li class='ez-toc-page-1 ez-toc-heading-level-3'><a class=\"ez-toc-link ez-toc-heading-9\" href=\"https:\/\/loudavymkrokem.cz\/pt-br\/praias-bulgaria-melhores\/#5_Koral\" >5. Koral<\/a><\/li><li class='ez-toc-page-1 ez-toc-heading-level-3'><a class=\"ez-toc-link ez-toc-heading-10\" href=\"https:\/\/loudavymkrokem.cz\/pt-br\/praias-bulgaria-melhores\/#6_Alepu\" >6. Alepu<\/a><\/li><li class='ez-toc-page-1 ez-toc-heading-level-3'><a class=\"ez-toc-link ez-toc-heading-11\" href=\"https:\/\/loudavymkrokem.cz\/pt-br\/praias-bulgaria-melhores\/#7_Kastrich_e_Rezovo\" >7. Kastrich e Rezovo<\/a><\/li><\/ul><\/li><li class='ez-toc-page-1 ez-toc-heading-level-2'><a class=\"ez-toc-link ez-toc-heading-12\" href=\"https:\/\/loudavymkrokem.cz\/pt-br\/praias-bulgaria-melhores\/#Litoral_norte_e_a_natureza_selvagem_perto_de_Varna\" >Litoral norte e a natureza selvagem perto de Varna<\/a><ul class='ez-toc-list-level-3' ><li class='ez-toc-heading-level-3'><a class=\"ez-toc-link ez-toc-heading-13\" href=\"https:\/\/loudavymkrokem.cz\/pt-br\/praias-bulgaria-melhores\/#8_Bolata\" >8. Bolata<\/a><\/li><li class='ez-toc-page-1 ez-toc-heading-level-3'><a class=\"ez-toc-link ez-toc-heading-14\" href=\"https:\/\/loudavymkrokem.cz\/pt-br\/praias-bulgaria-melhores\/#9_Laguna_Branca_Topola\" >9. Laguna Branca (Topola)<\/a><\/li><li class='ez-toc-page-1 ez-toc-heading-level-3'><a class=\"ez-toc-link ez-toc-heading-15\" href=\"https:\/\/loudavymkrokem.cz\/pt-br\/praias-bulgaria-melhores\/#10_Krapets_e_Durankulak\" >10. Krapets e Durankulak<\/a><\/li><li class='ez-toc-page-1 ez-toc-heading-level-3'><a class=\"ez-toc-link ez-toc-heading-16\" href=\"https:\/\/loudavymkrokem.cz\/pt-br\/praias-bulgaria-melhores\/#11_Shkorpilovtsi_e_Kamchia\" >11. Shkorpilovtsi e Kamchia<\/a><\/li><li class='ez-toc-page-1 ez-toc-heading-level-3'><a class=\"ez-toc-link ez-toc-heading-17\" href=\"https:\/\/loudavymkrokem.cz\/pt-br\/praias-bulgaria-melhores\/#12_Pasha_dere\" >12. Pasha dere<\/a><\/li><li class='ez-toc-page-1 ez-toc-heading-level-3'><a class=\"ez-toc-link ez-toc-heading-18\" href=\"https:\/\/loudavymkrokem.cz\/pt-br\/praias-bulgaria-melhores\/#13_Karadere\" >13. Karadere<\/a><\/li><\/ul><\/li><li class='ez-toc-page-1 ez-toc-heading-level-2'><a class=\"ez-toc-link ez-toc-heading-19\" href=\"https:\/\/loudavymkrokem.cz\/pt-br\/praias-bulgaria-melhores\/#Os_classicos_balnearios_e_praias_urbanas\" >Os cl\u00e1ssicos: balne\u00e1rios e praias urbanas<\/a><ul class='ez-toc-list-level-3' ><li class='ez-toc-heading-level-3'><a class=\"ez-toc-link ez-toc-heading-20\" href=\"https:\/\/loudavymkrokem.cz\/pt-br\/praias-bulgaria-melhores\/#14_Albena\" >14. Albena<\/a><\/li><li class='ez-toc-page-1 ez-toc-heading-level-3'><a class=\"ez-toc-link ez-toc-heading-21\" href=\"https:\/\/loudavymkrokem.cz\/pt-br\/praias-bulgaria-melhores\/#15_Kranevo\" >15. Kranevo<\/a><\/li><li class='ez-toc-page-1 ez-toc-heading-level-3'><a class=\"ez-toc-link ez-toc-heading-22\" href=\"https:\/\/loudavymkrokem.cz\/pt-br\/praias-bulgaria-melhores\/#16_Golden_Sands_Zlatni_Pjasaci\" >16. Golden Sands (Zlatni Pjasaci)<\/a><\/li><li class='ez-toc-page-1 ez-toc-heading-level-3'><a class=\"ez-toc-link ez-toc-heading-23\" href=\"https:\/\/loudavymkrokem.cz\/pt-br\/praias-bulgaria-melhores\/#17_Sunny_Beach\" >17. Sunny Beach<\/a><\/li><li class='ez-toc-page-1 ez-toc-heading-level-3'><a class=\"ez-toc-link ez-toc-heading-24\" href=\"https:\/\/loudavymkrokem.cz\/pt-br\/praias-bulgaria-melhores\/#18_Nessebar-sul\" >18. Nessebar-sul<\/a><\/li><li class='ez-toc-page-1 ez-toc-heading-level-3'><a class=\"ez-toc-link ez-toc-heading-25\" href=\"https:\/\/loudavymkrokem.cz\/pt-br\/praias-bulgaria-melhores\/#19_Sozopol\" >19. Sozopol<\/a><\/li><li class='ez-toc-page-1 ez-toc-heading-level-3'><a class=\"ez-toc-link ez-toc-heading-26\" href=\"https:\/\/loudavymkrokem.cz\/pt-br\/praias-bulgaria-melhores\/#20_Primorsko_e_Kiten\" >20. Primorsko e Kiten<\/a><\/li><\/ul><\/li><li class='ez-toc-page-1 ez-toc-heading-level-2'><a class=\"ez-toc-link ez-toc-heading-27\" href=\"https:\/\/loudavymkrokem.cz\/pt-br\/praias-bulgaria-melhores\/#As_melhores_praias_para_familias_com_criancas_pequenas\" >As melhores praias para fam\u00edlias com crian\u00e7as pequenas<\/a><\/li><li class='ez-toc-page-1 ez-toc-heading-level-2'><a class=\"ez-toc-link ez-toc-heading-28\" href=\"https:\/\/loudavymkrokem.cz\/pt-br\/praias-bulgaria-melhores\/#Seguranca_correntes_ondas_e_salva-vidas\" >Seguran\u00e7a: correntes, ondas e salva-vidas<\/a><\/li><li class='ez-toc-page-1 ez-toc-heading-level-2'><a class=\"ez-toc-link ez-toc-heading-29\" href=\"https:\/\/loudavymkrokem.cz\/pt-br\/praias-bulgaria-melhores\/#Camping_e_motorhomes_o_que_mudou_em_2026\" >Camping e motorhomes: o que mudou em 2026<\/a><\/li><li class='ez-toc-page-1 ez-toc-heading-level-2'><a class=\"ez-toc-link ez-toc-heading-30\" href=\"https:\/\/loudavymkrokem.cz\/pt-br\/praias-bulgaria-melhores\/#Quando_ir_as_praias_da_Bulgaria\" >Quando ir \u00e0s praias da Bulg\u00e1ria<\/a><\/li><li class='ez-toc-page-1 ez-toc-heading-level-2'><a class=\"ez-toc-link ez-toc-heading-31\" href=\"https:\/\/loudavymkrokem.cz\/pt-br\/praias-bulgaria-melhores\/#Para_onde_ir_depois\" >Para onde ir depois<\/a><\/li><li class='ez-toc-page-1 ez-toc-heading-level-2'><a class=\"ez-toc-link ez-toc-heading-32\" href=\"https:\/\/loudavymkrokem.cz\/pt-br\/praias-bulgaria-melhores\/#Perguntas_frequentes\" >Perguntas frequentes<\/a><ul class='ez-toc-list-level-3' ><li class='ez-toc-heading-level-3'><a class=\"ez-toc-link ez-toc-heading-33\" href=\"https:\/\/loudavymkrokem.cz\/pt-br\/praias-bulgaria-melhores\/#Quais_sao_as_praias_mais_bonitas\" >Quais s\u00e3o as praias mais bonitas?<\/a><\/li><li class='ez-toc-page-1 ez-toc-heading-level-3'><a class=\"ez-toc-link ez-toc-heading-34\" href=\"https:\/\/loudavymkrokem.cz\/pt-br\/praias-bulgaria-melhores\/#Quanto_custa_alugar_uma_espreguicadeira\" >Quanto custa alugar uma espregui\u00e7adeira?<\/a><\/li><li class='ez-toc-page-1 ez-toc-heading-level-3'><a class=\"ez-toc-link ez-toc-heading-35\" href=\"https:\/\/loudavymkrokem.cz\/pt-br\/praias-bulgaria-melhores\/#Preciso_pagar_para_entrar_na_praia\" >Preciso pagar para entrar na praia?<\/a><\/li><li class='ez-toc-page-1 ez-toc-heading-level-3'><a class=\"ez-toc-link ez-toc-heading-36\" href=\"https:\/\/loudavymkrokem.cz\/pt-br\/praias-bulgaria-melhores\/#Para_onde_ir_com_criancas_pequenas\" >Para onde ir com crian\u00e7as pequenas?<\/a><\/li><li class='ez-toc-page-1 ez-toc-heading-level-3'><a class=\"ez-toc-link ez-toc-heading-37\" href=\"https:\/\/loudavymkrokem.cz\/pt-br\/praias-bulgaria-melhores\/#Quais_praias_sao_perigosas\" >Quais praias s\u00e3o perigosas?<\/a><\/li><li class='ez-toc-page-1 ez-toc-heading-level-3'><a class=\"ez-toc-link ez-toc-heading-38\" href=\"https:\/\/loudavymkrokem.cz\/pt-br\/praias-bulgaria-melhores\/#Existem_praias_de_nudismo_na_Bulgaria\" >Existem praias de nudismo na Bulg\u00e1ria?<\/a><\/li><li class='ez-toc-page-1 ez-toc-heading-level-3'><a class=\"ez-toc-link ez-toc-heading-39\" href=\"https:\/\/loudavymkrokem.cz\/pt-br\/praias-bulgaria-melhores\/#E_permitido_acampar_livremente\" >\u00c9 permitido acampar livremente?<\/a><\/li><li class='ez-toc-page-1 ez-toc-heading-level-3'><a class=\"ez-toc-link ez-toc-heading-40\" href=\"https:\/\/loudavymkrokem.cz\/pt-br\/praias-bulgaria-melhores\/#Quando_o_mar_esta_mais_quente\" >Quando o mar est\u00e1 mais quente?<\/a><\/li><li class='ez-toc-page-1 ez-toc-heading-level-3'><a class=\"ez-toc-link ez-toc-heading-41\" href=\"https:\/\/loudavymkrokem.cz\/pt-br\/praias-bulgaria-melhores\/#Ha_aguas-vivas_no_mar\" >H\u00e1 \u00e1guas-vivas no mar?<\/a><\/li><li class='ez-toc-page-1 ez-toc-heading-level-3'><a class=\"ez-toc-link ez-toc-heading-42\" href=\"https:\/\/loudavymkrokem.cz\/pt-br\/praias-bulgaria-melhores\/#Como_chegar_as_praias_selvagens\" >Como chegar \u00e0s praias selvagens?<\/a><\/li><\/ul><\/li><\/ul><\/nav><\/div>\n<h3 class=\"wp-block-heading\"><span class=\"ez-toc-section\" id=\"Resumo_para_quem_nao_tem_tempo_de_ler_o_artigo_inteiro\"><\/span>Resumo para quem n\u00e3o tem tempo de ler o artigo inteiro<span class=\"ez-toc-section-end\"><\/span><\/h3>\n\n\n\n<ul class=\"wp-block-list\">\n\n<li><strong>Regra das zonas livres:<\/strong> por lei, pelo menos 50% de cada praia deve permanecer livre, ent\u00e3o voc\u00ea pode se deitar de gra\u00e7a com sua pr\u00f3pria canga at\u00e9 em frente ao hotel cinco estrelas mais caro.<\/li>\n\n\n\n<li><strong>Pre\u00e7os das espregui\u00e7adeiras:<\/strong> as diferen\u00e7as s\u00e3o enormes. Enquanto na praia de Burgas-norte voc\u00ea paga apenas 0,60 \u20ac (cerca de R$ 3), em Zlatni Pjasaci (Golden Sands) cada unidade custa de 5 a 6 \u20ac (at\u00e9 R$ 35).<\/li>\n\n\n\n<li><strong>Norte e sul:<\/strong> o litoral norte oferece resorts organizados e \u00e1guas rasas nas bordas, enquanto o sul, depois de Burgas, esconde natureza selvagem, dunas protegidas e uma entrada muito mais \u00edngreme no mar.<\/li>\n\n\n\n<li><strong>Recorde de bandeiras azuis:<\/strong> em 2026 a Bulg\u00e1ria conquistou o maior n\u00famero da hist\u00f3ria de pr\u00eamios pela limpeza, sendo que algumas praias selvagens sem grandes hot\u00e9is tamb\u00e9m receberam a bandeira.<\/li>\n\n\n\n<li><strong>\u00c1gua mais rasa para crian\u00e7as:<\/strong> a vencedora absoluta \u00e9 Albena, onde a profundidade n\u00e3o passa de 1,6 metro mesmo a 150 metros da margem.<\/li>\n\n\n\n<li><strong>Salva-vidas e seguran\u00e7a:<\/strong> a temporada oficial vai s\u00f3 at\u00e9 o fim de setembro e os salva-vidas costumam ficar de plant\u00e3o apenas at\u00e9 as 18h. No litoral sul, voc\u00ea ainda precisa ficar atento \u00e0s correntes de retorno.<\/li>\n\n\n<\/ul>\n\n\n\n<figure class=\"wp-block-table\"><table><thead><tr><th>Praia<\/th><th>Onde fica<\/th><th>Tipo de praia<\/th><th>Para quem \u00e9 indicada<\/th><\/tr><\/thead><tbody><tr><td>:&#8212;<\/td><td>:&#8212;<\/td><td>:&#8212;<\/td><td>:&#8212;<\/td><\/tr><tr><td>1. Silistar<\/td><td>Sul, perto da fronteira turca<\/td><td>Selvagem, natural<\/td><td>Amantes da natureza, casais<\/td><\/tr><tr><td>2. Veleka<\/td><td>Sinemorets<\/td><td>Selvagem, delta de rio<\/td><td>Rom\u00e2nticos, surfistas<\/td><\/tr><tr><td>3. Butamjata<\/td><td>Sinemorets<\/td><td>Organizada<\/td><td>Fam\u00edlias com crian\u00e7as maiores<\/td><\/tr><tr><td>4. Arkutino<\/td><td>Reserva de Ropotamo<\/td><td>Natural com dunas<\/td><td>Quem busca sossego<\/td><\/tr><tr><td>5. Koral<\/td><td>Entre Lozenets e Ahtopol<\/td><td>Natural, spot de kite<\/td><td>Kitesurfistas, campistas<\/td><\/tr><tr><td>6. Alepu<\/td><td>Ao sul de Sozopol<\/td><td>Selvagem, naturismo informal<\/td><td>Naturistas, solit\u00e1rios<\/td><\/tr><tr><td>7. Kastrich e Rezovo<\/td><td>Extremo sul<\/td><td>Remota e rochosa<\/td><td>Nadadores experientes, mergulho livre<\/td><\/tr><tr><td>8. Bolata<\/td><td>Cabo Kaliakra (norte)<\/td><td>Enseada em reserva<\/td><td>Snorkeling, fot\u00f3grafos<\/td><\/tr><tr><td>9. Laguna Branca<\/td><td>Topola<\/td><td>Organizada<\/td><td>Fam\u00edlias com crian\u00e7as<\/td><\/tr><tr><td>10. Krapets e Durankulak<\/td><td>Norte, perto da fronteira romena<\/td><td>Longa, natural<\/td><td>Amantes da solid\u00e3o<\/td><\/tr><tr><td>11. Shkorpilovtsi e Kamchia<\/td><td>Ao sul de Varna<\/td><td>A mais longa do pa\u00eds, selvagem<\/td><td>Viajantes sem exig\u00eancias<\/td><\/tr><tr><td>12. Pasha dere<\/td><td>Perto de Varna<\/td><td>Selvagem, acesso ruim<\/td><td>Aventureiros com carro 4&#215;4<\/td><\/tr><tr><td>13. Karadere<\/td><td>Entre Byala e Obzor<\/td><td>Natureza sem estrutura<\/td><td>Mochileiros (sem motorhome!)<\/td><\/tr><tr><td>14. Albena<\/td><td>Ao norte de Varna<\/td><td>Resort, ampla<\/td><td>Fam\u00edlias com crian\u00e7as pequenas<\/td><\/tr><tr><td>15. Kranevo<\/td><td>Ao lado de Albena<\/td><td>Resort, mais tranquila<\/td><td>Fam\u00edlias em busca de op\u00e7\u00e3o mais barata<\/td><\/tr><tr><td>16. Zlatni Pjasaci (Golden Sands)<\/td><td>Ao norte de Varna<\/td><td>Movimentada, resort<\/td><td>Jovens, amantes da divers\u00e3o<\/td><\/tr><tr><td>17. Sunny Beach<\/td><td>Parte central<\/td><td>Resort mais agitado<\/td><td>Amantes da vida noturna<\/td><\/tr><tr><td>18. Nessebar-sul<\/td><td>Junto \u00e0 cidade hist\u00f3rica<\/td><td>Urbana, organizada<\/td><td>Amantes de monumentos<\/td><\/tr><tr><td>19. Sozopol<\/td><td>Parte sul<\/td><td>Urbana e balada<\/td><td>Grupos de amigos<\/td><\/tr><tr><td>20. Primorsko e Kiten<\/td><td>Parte sul<\/td><td>Rasa, tradicional<\/td><td>Fam\u00edlias, turistas de longa data<\/td><\/tr><\/tbody><\/table><\/figure>\n\n\n\n<figure data-wp-context=\"{&quot;imageId&quot;:&quot;6a9c29fe03f5e&quot;}\" data-wp-interactive=\"core\/image\" data-wp-key=\"6a9c29fe03f5e\" class=\"wp-block-image size-full wp-lightbox-container\"><img decoding=\"async\" width=\"1800\" height=\"1204\" data-wp-class--hide=\"state.isContentHidden\" data-wp-class--show=\"state.isContentVisible\" data-wp-init=\"callbacks.setButtonStyles\" data-wp-on--click=\"actions.showLightbox\" data-wp-on--load=\"callbacks.setButtonStyles\" data-wp-on--pointerdown=\"actions.preloadImage\" data-wp-on--pointerenter=\"actions.preloadImageWithDelay\" data-wp-on--pointerleave=\"actions.cancelPreload\" data-wp-on-window--resize=\"callbacks.setButtonStyles\" src=\"https:\/\/loudavymkrokem.cz\/wp-content\/uploads\/2026\/08\/bulharsko-research-plaze-bulharsko-02.jpg\" alt=\"Zona paga com espregui\u00e7adeiras e guarda-s\u00f3is\" class=\"wp-image-404185\" title=\"\" srcset=\"https:\/\/loudavymkrokem.cz\/wp-content\/uploads\/2026\/08\/bulharsko-research-plaze-bulharsko-02.jpg 1800w, https:\/\/loudavymkrokem.cz\/wp-content\/uploads\/2026\/08\/bulharsko-research-plaze-bulharsko-02-300x201.jpg 300w, https:\/\/loudavymkrokem.cz\/wp-content\/uploads\/2026\/08\/bulharsko-research-plaze-bulharsko-02-700x468.jpg 700w, https:\/\/loudavymkrokem.cz\/wp-content\/uploads\/2026\/08\/bulharsko-research-plaze-bulharsko-02-768x514.jpg 768w, https:\/\/loudavymkrokem.cz\/wp-content\/uploads\/2026\/08\/bulharsko-research-plaze-bulharsko-02-1536x1027.jpg 1536w, https:\/\/loudavymkrokem.cz\/wp-content\/uploads\/2026\/08\/bulharsko-research-plaze-bulharsko-02-696x466.jpg 696w, https:\/\/loudavymkrokem.cz\/wp-content\/uploads\/2026\/08\/bulharsko-research-plaze-bulharsko-02-1392x931.jpg 1392w\" sizes=\"(max-width: 1800px) 100vw, 1800px\" \/><button\n\t\t\tclass=\"lightbox-trigger\"\n\t\t\ttype=\"button\"\n\t\t\taria-haspopup=\"dialog\"\n\t\t\tdata-wp-bind--aria-label=\"state.thisImage.triggerButtonAriaLabel\"\n\t\t\tdata-wp-init=\"callbacks.initTriggerButton\"\n\t\t\tdata-wp-on--click=\"actions.showLightbox\"\n\t\t\tdata-wp-style--right=\"state.thisImage.buttonRight\"\n\t\t\tdata-wp-style--top=\"state.thisImage.buttonTop\"\n\t\t>\n\t\t\t<svg xmlns=\"http:\/\/www.w3.org\/2000\/svg\" width=\"12\" height=\"12\" fill=\"none\" viewBox=\"0 0 12 12\">\n\t\t\t\t<path fill=\"#fff\" d=\"M2 0a2 2 0 0 0-2 2v2h1.5V2a.5.5 0 0 1 .5-.5h2V0H2Zm2 10.5H2a.5.5 0 0 1-.5-.5V8H0v2a2 2 0 0 0 2 2h2v-1.5ZM8 12v-1.5h2a.5.5 0 0 0 .5-.5V8H12v2a2 2 0 0 1-2 2H8Zm2-12a2 2 0 0 1 2 2v2h-1.5V2a.5.5 0 0 0-.5-.5H8V0h2Z\" \/>\n\t\t\t<\/svg>\n\t\t<\/button><figcaption class=\"wp-element-caption\">Foto: Ay\u015feg\u00fcl  Ayt\u00f6ren \/ Pexels<\/figcaption><\/figure>\n\n\n\n<h2 class=\"wp-block-heading\"><span class=\"ez-toc-section\" id=\"Como_funcionam_as_praias_da_Bulgaria_zonas_pagas_e_livres\"><\/span>Como funcionam as praias da Bulg\u00e1ria: zonas pagas e livres<span class=\"ez-toc-section-end\"><\/span><\/h2>\n\n\n\n<p class=\"wp-block-paragraph\">Se voc\u00ea teme que as f\u00e9rias no Mar Negro estourem o or\u00e7amento por causa das taxas de servi\u00e7o de praia, pode ficar tranquilo. As leis b\u00falgaras determinam de forma rigorosa que <strong>pelo menos 50% da \u00e1rea ativa de cada praia deve permanecer como zona livre<\/strong>. Na pr\u00e1tica, isso significa que os trechos pagos com espregui\u00e7adeiras se alternam regularmente com faixas de areia vazias.<\/p>\n\n\n\n<p class=\"wp-block-paragraph\">Gra\u00e7as a essa regra, voc\u00ea pode <strong>se deitar totalmente de gra\u00e7a com sua pr\u00f3pria canga e guarda-sol<\/strong> em qualquer ponto da zona livre. E isso vale at\u00e9 mesmo se voc\u00ea estiver bem em frente ao hotel cinco estrelas mais luxuoso de Sunny Beach. Ningu\u00e9m pode expulsar voc\u00ea dali, desde que respeite os limites do setor pago.<\/p>\n\n\n\n<p class=\"wp-block-paragraph\">Quanto aos pre\u00e7os de aluguel em 2026, as diferen\u00e7as ao longo do litoral s\u00e3o gigantescas. Segundo o <a href=\"https:\/\/www.tourism.government.bg\/\" rel=\"nofollow noopener\" target=\"_blank\">mapa oficial do minist\u00e9rio do turismo<\/a>, voc\u00ea paga <strong>menos na praia de Burgas-norte, onde a unidade custa apenas 0,60 \u20ac<\/strong> (cerca de R$ 3). J\u00e1 na famosa Golden Sands, prepare-se para gastar de 5 a 6 \u20ac (at\u00e9 R$ 35) por espregui\u00e7adeira ou guarda-sol por dia.<\/p>\n\n\n\n<p class=\"wp-block-paragraph\">Na faixa intermedi\u00e1ria est\u00e3o, por exemplo, Nessebar-sul ou Sozopol-Harmani, com pre\u00e7o de 4,09 \u20ac (cerca de R$ 24) por unidade. Um conjunto comum de duas espregui\u00e7adeiras e um guarda-sol vai custar, na maioria dos lugares, <strong>de 10 a 15 \u20ac por dia<\/strong> (R$ 60 a R$ 90). Comparado ao norte da Gr\u00e9cia, onde os conjuntos costumam custar de 20 a 50 \u20ac e ainda exigem consumo m\u00ednimo, ainda \u00e9 um valor bem camarada.<\/p>\n\n\n\n<figure class=\"wp-block-table\"><table><thead><tr><th>Praia<\/th><th>Espregui\u00e7adeira ou guarda-sol (unidade)<\/th><th>Conjunto (guarda-sol + 2 espregui\u00e7adeiras)<\/th><\/tr><\/thead><tbody><tr><td>Golden Sands<\/td><td>5\u20136 \u20ac<\/td><td>\u2014<\/td><\/tr><tr><td>Sunny Beach-sul<\/td><td>5,11 \u20ac (fixado por contrato)<\/td><td>15,30 \u20ac<\/td><\/tr><tr><td>Nessebar-sul, Sozopol-Harmani<\/td><td>4,09 \u20ac<\/td><td>12,27 \u20ac<\/td><\/tr><tr><td>Primorsko<\/td><td>3,60 \u20ac<\/td><td>\u2014<\/td><\/tr><tr><td>Albena, Sozopol-central, Varna<\/td><td>3,58 \u20ac<\/td><td>\u2014<\/td><\/tr><tr><td>Burgas-norte<\/td><td>0,60 \u20ac (o mais barato do pa\u00eds)<\/td><td>\u2014<\/td><\/tr><\/tbody><\/table><\/figure>\n\n\n\n<p class=\"wp-block-paragraph\"><em>Pre\u00e7os do servi\u00e7o de praia para a temporada de 2026 segundo o mapa oficial do minist\u00e9rio do turismo.<\/em><\/p>\n\n\n\n\n<figure data-wp-context=\"{&quot;imageId&quot;:&quot;6a9c29fe048c4&quot;}\" data-wp-interactive=\"core\/image\" data-wp-key=\"6a9c29fe048c4\" class=\"wp-block-image size-full wp-lightbox-container\"><img decoding=\"async\" width=\"1800\" height=\"1350\" data-wp-class--hide=\"state.isContentHidden\" data-wp-class--show=\"state.isContentVisible\" data-wp-init=\"callbacks.setButtonStyles\" data-wp-on--click=\"actions.showLightbox\" data-wp-on--load=\"callbacks.setButtonStyles\" data-wp-on--pointerdown=\"actions.preloadImage\" data-wp-on--pointerenter=\"actions.preloadImageWithDelay\" data-wp-on--pointerleave=\"actions.cancelPreload\" data-wp-on-window--resize=\"callbacks.setButtonStyles\" src=\"https:\/\/loudavymkrokem.cz\/wp-content\/uploads\/2026\/08\/bulharsko-research-plaze-bulharsko-03.jpg\" alt=\"Praia com bandeira azul perto de Nessebar\" class=\"wp-image-404186\" title=\"\" srcset=\"https:\/\/loudavymkrokem.cz\/wp-content\/uploads\/2026\/08\/bulharsko-research-plaze-bulharsko-03.jpg 1800w, https:\/\/loudavymkrokem.cz\/wp-content\/uploads\/2026\/08\/bulharsko-research-plaze-bulharsko-03-300x225.jpg 300w, https:\/\/loudavymkrokem.cz\/wp-content\/uploads\/2026\/08\/bulharsko-research-plaze-bulharsko-03-700x525.jpg 700w, https:\/\/loudavymkrokem.cz\/wp-content\/uploads\/2026\/08\/bulharsko-research-plaze-bulharsko-03-768x576.jpg 768w, https:\/\/loudavymkrokem.cz\/wp-content\/uploads\/2026\/08\/bulharsko-research-plaze-bulharsko-03-1536x1152.jpg 1536w, https:\/\/loudavymkrokem.cz\/wp-content\/uploads\/2026\/08\/bulharsko-research-plaze-bulharsko-03-80x60.jpg 80w, https:\/\/loudavymkrokem.cz\/wp-content\/uploads\/2026\/08\/bulharsko-research-plaze-bulharsko-03-160x120.jpg 160w, https:\/\/loudavymkrokem.cz\/wp-content\/uploads\/2026\/08\/bulharsko-research-plaze-bulharsko-03-696x522.jpg 696w, https:\/\/loudavymkrokem.cz\/wp-content\/uploads\/2026\/08\/bulharsko-research-plaze-bulharsko-03-1392x1044.jpg 1392w\" sizes=\"(max-width: 1800px) 100vw, 1800px\" \/><button\n\t\t\tclass=\"lightbox-trigger\"\n\t\t\ttype=\"button\"\n\t\t\taria-haspopup=\"dialog\"\n\t\t\tdata-wp-bind--aria-label=\"state.thisImage.triggerButtonAriaLabel\"\n\t\t\tdata-wp-init=\"callbacks.initTriggerButton\"\n\t\t\tdata-wp-on--click=\"actions.showLightbox\"\n\t\t\tdata-wp-style--right=\"state.thisImage.buttonRight\"\n\t\t\tdata-wp-style--top=\"state.thisImage.buttonTop\"\n\t\t>\n\t\t\t<svg xmlns=\"http:\/\/www.w3.org\/2000\/svg\" width=\"12\" height=\"12\" fill=\"none\" viewBox=\"0 0 12 12\">\n\t\t\t\t<path fill=\"#fff\" d=\"M2 0a2 2 0 0 0-2 2v2h1.5V2a.5.5 0 0 1 .5-.5h2V0H2Zm2 10.5H2a.5.5 0 0 1-.5-.5V8H0v2a2 2 0 0 0 2 2h2v-1.5ZM8 12v-1.5h2a.5.5 0 0 0 .5-.5V8H12v2a2 2 0 0 1-2 2H8Zm2-12a2 2 0 0 1 2 2v2h-1.5V2a.5.5 0 0 0-.5-.5H8V0h2Z\" \/>\n\t\t\t<\/svg>\n\t\t<\/button><figcaption class=\"wp-element-caption\">Foto: \u041c\u0438\u0445\u0430\u043b \u041e\u0440\u0435\u043b\u0430 \/ Wikimedia Commons, CC BY 3.0<\/figcaption><\/figure>\n\n\n\n<h2 class=\"wp-block-heading\"><span class=\"ez-toc-section\" id=\"Recordistas_26_bandeiras_azuis\"><\/span>Recordistas 26 bandeiras azuis<span class=\"ez-toc-section-end\"><\/span><\/h2>\n\n\n\n<p class=\"wp-block-paragraph\">O ano de 2026 trouxe ao litoral b\u00falgaro uma \u00f3tima not\u00edcia para todos que temem se banhar em \u00e1gua duvidosa. O pa\u00eds conquistou o <strong>maior n\u00famero de <a href=\"https:\/\/www.blueflag.global\/\" rel=\"nofollow noopener\" target=\"_blank\">Bandeiras Azuis<\/a> da hist\u00f3ria<\/strong>, exatamente 26 para praias e outras 6 para marinas. O pr\u00eamio foi anunciado na primavera em Copenhague e confirma que a qualidade da \u00e1gua no Mar Negro, segundo o monitoramento da UE, \u00e9 excelente na maioria dos pontos.<\/p>\n\n\n\n<p class=\"wp-block-paragraph\">Curiosamente, esse pr\u00eamio prestigiado n\u00e3o pertence s\u00f3 aos grandes resorts comerciais. Ele tamb\u00e9m foi para <strong>lugares naturais deslumbrantes como Arkutino ou Butamjata<\/strong>, que preservaram seu car\u00e1ter selvagem. \u00c9 uma \u00f3tima not\u00edcia, porque \u00e9 totalmente poss\u00edvel ter boa \u00e1gua para banho sem destruir a natureza a golpes de concreto.<\/p>\n\n\n\n<p class=\"wp-block-paragraph\">Por outro lado, se voc\u00ea n\u00e3o encontrar na lista de premiadas as famosas praias selvagens como Irakli ou Karadere, isso n\u00e3o significa m\u00e1 qualidade da \u00e1gua. A Bandeira Azul <strong>exige padr\u00f5es r\u00edgidos de infraestrutura<\/strong>, como banheiros, salva-vidas ou acesso adaptado. E \u00e9 justamente esse conforto da civiliza\u00e7\u00e3o que falta de prop\u00f3sito nos lugares mais selvagens.<\/p>\n\n\n\n<figure data-wp-context=\"{&quot;imageId&quot;:&quot;6a9c29fe04f49&quot;}\" data-wp-interactive=\"core\/image\" data-wp-key=\"6a9c29fe04f49\" class=\"wp-block-image size-full wp-lightbox-container\"><img decoding=\"async\" width=\"1800\" height=\"1248\" data-wp-class--hide=\"state.isContentHidden\" data-wp-class--show=\"state.isContentVisible\" data-wp-init=\"callbacks.setButtonStyles\" data-wp-on--click=\"actions.showLightbox\" data-wp-on--load=\"callbacks.setButtonStyles\" data-wp-on--pointerdown=\"actions.preloadImage\" data-wp-on--pointerenter=\"actions.preloadImageWithDelay\" data-wp-on--pointerleave=\"actions.cancelPreload\" data-wp-on-window--resize=\"callbacks.setButtonStyles\" src=\"https:\/\/loudavymkrokem.cz\/wp-content\/uploads\/2026\/08\/bulharsko-research-plaze-bulharsko-04.jpg\" alt=\"Praia selvagem na reserva de Ropotamo\" class=\"wp-image-404189\" title=\"\" srcset=\"https:\/\/loudavymkrokem.cz\/wp-content\/uploads\/2026\/08\/bulharsko-research-plaze-bulharsko-04.jpg 1800w, https:\/\/loudavymkrokem.cz\/wp-content\/uploads\/2026\/08\/bulharsko-research-plaze-bulharsko-04-300x208.jpg 300w, https:\/\/loudavymkrokem.cz\/wp-content\/uploads\/2026\/08\/bulharsko-research-plaze-bulharsko-04-700x485.jpg 700w, https:\/\/loudavymkrokem.cz\/wp-content\/uploads\/2026\/08\/bulharsko-research-plaze-bulharsko-04-768x532.jpg 768w, https:\/\/loudavymkrokem.cz\/wp-content\/uploads\/2026\/08\/bulharsko-research-plaze-bulharsko-04-1536x1065.jpg 1536w, https:\/\/loudavymkrokem.cz\/wp-content\/uploads\/2026\/08\/bulharsko-research-plaze-bulharsko-04-696x483.jpg 696w, https:\/\/loudavymkrokem.cz\/wp-content\/uploads\/2026\/08\/bulharsko-research-plaze-bulharsko-04-1392x965.jpg 1392w\" sizes=\"(max-width: 1800px) 100vw, 1800px\" \/><button\n\t\t\tclass=\"lightbox-trigger\"\n\t\t\ttype=\"button\"\n\t\t\taria-haspopup=\"dialog\"\n\t\t\tdata-wp-bind--aria-label=\"state.thisImage.triggerButtonAriaLabel\"\n\t\t\tdata-wp-init=\"callbacks.initTriggerButton\"\n\t\t\tdata-wp-on--click=\"actions.showLightbox\"\n\t\t\tdata-wp-style--right=\"state.thisImage.buttonRight\"\n\t\t\tdata-wp-style--top=\"state.thisImage.buttonTop\"\n\t\t>\n\t\t\t<svg xmlns=\"http:\/\/www.w3.org\/2000\/svg\" width=\"12\" height=\"12\" fill=\"none\" viewBox=\"0 0 12 12\">\n\t\t\t\t<path fill=\"#fff\" d=\"M2 0a2 2 0 0 0-2 2v2h1.5V2a.5.5 0 0 1 .5-.5h2V0H2Zm2 10.5H2a.5.5 0 0 1-.5-.5V8H0v2a2 2 0 0 0 2 2h2v-1.5ZM8 12v-1.5h2a.5.5 0 0 0 .5-.5V8H12v2a2 2 0 0 1-2 2H8Zm2-12a2 2 0 0 1 2 2v2h-1.5V2a.5.5 0 0 0-.5-.5H8V0h2Z\" \/>\n\t\t\t<\/svg>\n\t\t<\/button><figcaption class=\"wp-element-caption\">Foto: Sinkuchi \/ Wikimedia Commons (CC BY-SA 4.0)<\/figcaption><\/figure>\n\n\n\n<h2 class=\"wp-block-heading\"><span class=\"ez-toc-section\" id=\"Sul_selvagem_praias_frequentadas_pelos_proprios_bulgaros\"><\/span>Sul selvagem: praias frequentadas pelos pr\u00f3prios b\u00falgaros<span class=\"ez-toc-section-end\"><\/span><\/h2>\n\n\n\n<p class=\"wp-block-paragraph\">Se voc\u00ea j\u00e1 cansou das fileiras de guarda-s\u00f3is e do barulho das baladas, o <strong>litoral sul depois de Burgas<\/strong> \u00e9 a sua praia. Aqui voc\u00ea encontra <strong>enseadas selvagens deslumbrantes<\/strong>, onde a natureza ainda n\u00e3o virou v\u00edtima do turismo de massa. \u00c9 exatamente a parte do pa\u00eds para onde os pr\u00f3prios moradores fogem nos fins de semana, para descansar \u00e0 beira de uma \u00e1gua cristalina.<\/p>\n\n\n\n<p class=\"wp-block-paragraph\">Mas conte que, pela dose de romantismo, voc\u00ea <strong>vai pagar com a aus\u00eancia de luxo<\/strong>. Para muitas enseadas s\u00f3 chega estrada de terra, n\u00e3o h\u00e1 banheiros com descarga e o lanche voc\u00ea precisa levar na mochila. Em compensa\u00e7\u00e3o, a recompensa \u00e9 o <strong>sossego absoluto<\/strong> e cen\u00e1rios que voc\u00ea jamais associaria \u00e0 Bulg\u00e1ria tradicional.<\/p>\n\n\n\n<figure data-wp-context=\"{&quot;imageId&quot;:&quot;6a9c29fe0560a&quot;}\" data-wp-interactive=\"core\/image\" data-wp-key=\"6a9c29fe0560a\" class=\"wp-block-image size-full wp-lightbox-container\"><img decoding=\"async\" width=\"1800\" height=\"1063\" data-wp-class--hide=\"state.isContentHidden\" data-wp-class--show=\"state.isContentVisible\" data-wp-init=\"callbacks.setButtonStyles\" data-wp-on--click=\"actions.showLightbox\" data-wp-on--load=\"callbacks.setButtonStyles\" data-wp-on--pointerdown=\"actions.preloadImage\" data-wp-on--pointerenter=\"actions.preloadImageWithDelay\" data-wp-on--pointerleave=\"actions.cancelPreload\" data-wp-on-window--resize=\"callbacks.setButtonStyles\" src=\"https:\/\/loudavymkrokem.cz\/wp-content\/uploads\/2026\/08\/bulharsko-research-plaze-bulharsko-05.jpg\" alt=\"Praia de Silistar perto da fronteira com a Turquia\" class=\"wp-image-404190\" title=\"\" srcset=\"https:\/\/loudavymkrokem.cz\/wp-content\/uploads\/2026\/08\/bulharsko-research-plaze-bulharsko-05.jpg 1800w, https:\/\/loudavymkrokem.cz\/wp-content\/uploads\/2026\/08\/bulharsko-research-plaze-bulharsko-05-300x177.jpg 300w, https:\/\/loudavymkrokem.cz\/wp-content\/uploads\/2026\/08\/bulharsko-research-plaze-bulharsko-05-700x413.jpg 700w, https:\/\/loudavymkrokem.cz\/wp-content\/uploads\/2026\/08\/bulharsko-research-plaze-bulharsko-05-768x454.jpg 768w, https:\/\/loudavymkrokem.cz\/wp-content\/uploads\/2026\/08\/bulharsko-research-plaze-bulharsko-05-1536x907.jpg 1536w, https:\/\/loudavymkrokem.cz\/wp-content\/uploads\/2026\/08\/bulharsko-research-plaze-bulharsko-05-696x411.jpg 696w, https:\/\/loudavymkrokem.cz\/wp-content\/uploads\/2026\/08\/bulharsko-research-plaze-bulharsko-05-1392x822.jpg 1392w\" sizes=\"(max-width: 1800px) 100vw, 1800px\" \/><button\n\t\t\tclass=\"lightbox-trigger\"\n\t\t\ttype=\"button\"\n\t\t\taria-haspopup=\"dialog\"\n\t\t\tdata-wp-bind--aria-label=\"state.thisImage.triggerButtonAriaLabel\"\n\t\t\tdata-wp-init=\"callbacks.initTriggerButton\"\n\t\t\tdata-wp-on--click=\"actions.showLightbox\"\n\t\t\tdata-wp-style--right=\"state.thisImage.buttonRight\"\n\t\t\tdata-wp-style--top=\"state.thisImage.buttonTop\"\n\t\t>\n\t\t\t<svg xmlns=\"http:\/\/www.w3.org\/2000\/svg\" width=\"12\" height=\"12\" fill=\"none\" viewBox=\"0 0 12 12\">\n\t\t\t\t<path fill=\"#fff\" d=\"M2 0a2 2 0 0 0-2 2v2h1.5V2a.5.5 0 0 1 .5-.5h2V0H2Zm2 10.5H2a.5.5 0 0 1-.5-.5V8H0v2a2 2 0 0 0 2 2h2v-1.5ZM8 12v-1.5h2a.5.5 0 0 0 .5-.5V8H12v2a2 2 0 0 1-2 2H8Zm2-12a2 2 0 0 1 2 2v2h-1.5V2a.5.5 0 0 0-.5-.5H8V0h2Z\" \/>\n\t\t\t<\/svg>\n\t\t<\/button><figcaption class=\"wp-element-caption\">Foto: Pudelek (Marcin Szala) \/ Wikimedia Commons, CC BY-SA 3.0<\/figcaption><\/figure>\n\n\n\n<h3 class=\"wp-block-heading\"><span class=\"ez-toc-section\" id=\"1_Silistar\"><\/span>1. Silistar<span class=\"ez-toc-section-end\"><\/span><\/h3>\n\n\n\n<p class=\"wp-block-paragraph\">A enseada de Silistar fica a pouca dist\u00e2ncia da fronteira turca e a imprensa b\u00falgara costuma descrev\u00ea-la como a <strong>ba\u00eda natural mais bonita de todo o litoral<\/strong>. A praia tem quase um quil\u00f4metro de extens\u00e3o, cerca de 70 metros de largura e nenhuma constru\u00e7\u00e3o hoteleira. H\u00e1 apenas o b\u00e1sico: quiosques de bebidas e banheiros ecol\u00f3gicos l\u00e1 em cima, perto do estacionamento.<\/p>\n\n\n\n<p class=\"wp-block-paragraph\">Chegar at\u00e9 aqui \u00e9 uma pequena aventura: na estrada em dire\u00e7\u00e3o a Rezovo voc\u00ea precisa virar numa trilha de floresta de cerca de um quil\u00f4metro. Segundo os viajantes, por\u00e9m, ela \u00e9 <strong>transit\u00e1vel at\u00e9 com carro comum<\/strong>. O estacionamento \u00e9 uma loteria anual. Enquanto em 2025 o acesso foi gratuito pela primeira vez, para este ano a situa\u00e7\u00e3o n\u00e3o \u00e9 garantida, ent\u00e3o \u00e9 melhor contar com uma taxa em torno de 2 \u20ac (cerca de R$ 12).<\/p>\n\n\n\n<p class=\"wp-block-paragraph\">A praia se divide em duas partes. O trecho norte e central oferece zona paga com guarda-s\u00f3is, enquanto a <strong>ampla zona livre fica bem na ponta sul<\/strong>. \u00c9 tamb\u00e9m a praia vigiada mais ao sul da Bulg\u00e1ria. Se voc\u00ea vier at\u00e9 aqui, n\u00e3o esque\u00e7a de trazer o pr\u00f3prio guarda-sol, porque sombra natural durante o dia praticamente n\u00e3o existe.<\/p>\n\n\n\n<figure data-wp-context=\"{&quot;imageId&quot;:&quot;6a9c29fe05c77&quot;}\" data-wp-interactive=\"core\/image\" data-wp-key=\"6a9c29fe05c77\" class=\"wp-block-image size-full wp-lightbox-container\"><img decoding=\"async\" width=\"1800\" height=\"1207\" data-wp-class--hide=\"state.isContentHidden\" data-wp-class--show=\"state.isContentVisible\" data-wp-init=\"callbacks.setButtonStyles\" data-wp-on--click=\"actions.showLightbox\" data-wp-on--load=\"callbacks.setButtonStyles\" data-wp-on--pointerdown=\"actions.preloadImage\" data-wp-on--pointerenter=\"actions.preloadImageWithDelay\" data-wp-on--pointerleave=\"actions.cancelPreload\" data-wp-on-window--resize=\"callbacks.setButtonStyles\" src=\"https:\/\/loudavymkrokem.cz\/wp-content\/uploads\/2026\/08\/bulharsko-research-plaze-bulharsko-06.jpg\" alt=\"Delta do rio Veleka perto de Sinemorets\" class=\"wp-image-404193\" title=\"\" srcset=\"https:\/\/loudavymkrokem.cz\/wp-content\/uploads\/2026\/08\/bulharsko-research-plaze-bulharsko-06.jpg 1800w, https:\/\/loudavymkrokem.cz\/wp-content\/uploads\/2026\/08\/bulharsko-research-plaze-bulharsko-06-300x201.jpg 300w, https:\/\/loudavymkrokem.cz\/wp-content\/uploads\/2026\/08\/bulharsko-research-plaze-bulharsko-06-700x469.jpg 700w, https:\/\/loudavymkrokem.cz\/wp-content\/uploads\/2026\/08\/bulharsko-research-plaze-bulharsko-06-768x515.jpg 768w, https:\/\/loudavymkrokem.cz\/wp-content\/uploads\/2026\/08\/bulharsko-research-plaze-bulharsko-06-1536x1030.jpg 1536w, https:\/\/loudavymkrokem.cz\/wp-content\/uploads\/2026\/08\/bulharsko-research-plaze-bulharsko-06-696x467.jpg 696w, https:\/\/loudavymkrokem.cz\/wp-content\/uploads\/2026\/08\/bulharsko-research-plaze-bulharsko-06-1392x933.jpg 1392w\" sizes=\"(max-width: 1800px) 100vw, 1800px\" \/><button\n\t\t\tclass=\"lightbox-trigger\"\n\t\t\ttype=\"button\"\n\t\t\taria-haspopup=\"dialog\"\n\t\t\tdata-wp-bind--aria-label=\"state.thisImage.triggerButtonAriaLabel\"\n\t\t\tdata-wp-init=\"callbacks.initTriggerButton\"\n\t\t\tdata-wp-on--click=\"actions.showLightbox\"\n\t\t\tdata-wp-style--right=\"state.thisImage.buttonRight\"\n\t\t\tdata-wp-style--top=\"state.thisImage.buttonTop\"\n\t\t>\n\t\t\t<svg xmlns=\"http:\/\/www.w3.org\/2000\/svg\" width=\"12\" height=\"12\" fill=\"none\" viewBox=\"0 0 12 12\">\n\t\t\t\t<path fill=\"#fff\" d=\"M2 0a2 2 0 0 0-2 2v2h1.5V2a.5.5 0 0 1 .5-.5h2V0H2Zm2 10.5H2a.5.5 0 0 1-.5-.5V8H0v2a2 2 0 0 0 2 2h2v-1.5ZM8 12v-1.5h2a.5.5 0 0 0 .5-.5V8H12v2a2 2 0 0 1-2 2H8Zm2-12a2 2 0 0 1 2 2v2h-1.5V2a.5.5 0 0 0-.5-.5H8V0h2Z\" \/>\n\t\t\t<\/svg>\n\t\t<\/button><figcaption class=\"wp-element-caption\">Foto (editada): Pudelek (Marcin Szala) \/ Wikimedia Commons, CC BY-SA 3.0<\/figcaption><\/figure>\n\n\n\n<h3 class=\"wp-block-heading\"><span class=\"ez-toc-section\" id=\"2_Veleka_Sinemorets\"><\/span>2. Veleka (Sinemorets)<span class=\"ez-toc-section-end\"><\/span><\/h3>\n\n\n\n<p class=\"wp-block-paragraph\">Esse lugar voc\u00ea conhece de muitas fotos promocionais. O rio Veleka desemboca aqui no mar atrav\u00e9s de uma estreita l\u00edngua de areia, criando uma <strong>vista ic\u00f4nica que voc\u00ea n\u00e3o v\u00ea em nenhum outro ponto do pa\u00eds<\/strong>. E o acesso \u00e9 muito f\u00e1cil. Do centro do balne\u00e1rio de Sinemorets voc\u00ea chega a p\u00e9 em poucos minutos, e bem acima da praia h\u00e1 um estacionamento amplo.<\/p>\n\n\n\n<p class=\"wp-block-paragraph\">O banho aqui \u00e9 uma experi\u00eancia \u00fanica, porque voc\u00ea pode alternar a \u00e1gua salgada do mar com a \u00e1gua doce e mais fria do rio. Os moradores recomendam <strong>alugar caiaque ou stand up paddle na pr\u00f3pria praia<\/strong> e fazer um passeio tranquilo rio acima, cercado por densas florestas verdes. Na praia h\u00e1 salva-vidas e loca\u00e7\u00e3o de pranchas.<\/p>\n\n\n\n<p class=\"wp-block-paragraph\">Mas tome muito cuidado com a entrada no mar. A ba\u00eda \u00e9 <strong>funda logo a partir da margem<\/strong>. Basta dar dois passos e o fundo some, ent\u00e3o, com crian\u00e7as pequenas, evite a parte do mar e aproveite o rio, mais calmo. \u00c0 noite, por causa da proximidade do rio, aparecem muitos mosquitos, ent\u00e3o repelente \u00e9 obrigat\u00f3rio.<\/p>\n\n\n\n<figure data-wp-context=\"{&quot;imageId&quot;:&quot;6a9c29fe065da&quot;}\" data-wp-interactive=\"core\/image\" data-wp-key=\"6a9c29fe065da\" class=\"wp-block-image size-full wp-lightbox-container\"><img decoding=\"async\" width=\"1800\" height=\"687\" data-wp-class--hide=\"state.isContentHidden\" data-wp-class--show=\"state.isContentVisible\" data-wp-init=\"callbacks.setButtonStyles\" data-wp-on--click=\"actions.showLightbox\" data-wp-on--load=\"callbacks.setButtonStyles\" data-wp-on--pointerdown=\"actions.preloadImage\" data-wp-on--pointerenter=\"actions.preloadImageWithDelay\" data-wp-on--pointerleave=\"actions.cancelPreload\" data-wp-on-window--resize=\"callbacks.setButtonStyles\" src=\"https:\/\/loudavymkrokem.cz\/wp-content\/uploads\/2026\/08\/bulharsko-research-plaze-bulharsko-07.jpg\" alt=\"Praia de Butamjata perto de Sinemorets\" class=\"wp-image-404194\" title=\"\" srcset=\"https:\/\/loudavymkrokem.cz\/wp-content\/uploads\/2026\/08\/bulharsko-research-plaze-bulharsko-07.jpg 1800w, https:\/\/loudavymkrokem.cz\/wp-content\/uploads\/2026\/08\/bulharsko-research-plaze-bulharsko-07-300x115.jpg 300w, https:\/\/loudavymkrokem.cz\/wp-content\/uploads\/2026\/08\/bulharsko-research-plaze-bulharsko-07-700x267.jpg 700w, https:\/\/loudavymkrokem.cz\/wp-content\/uploads\/2026\/08\/bulharsko-research-plaze-bulharsko-07-768x293.jpg 768w, https:\/\/loudavymkrokem.cz\/wp-content\/uploads\/2026\/08\/bulharsko-research-plaze-bulharsko-07-1536x586.jpg 1536w, https:\/\/loudavymkrokem.cz\/wp-content\/uploads\/2026\/08\/bulharsko-research-plaze-bulharsko-07-696x266.jpg 696w, https:\/\/loudavymkrokem.cz\/wp-content\/uploads\/2026\/08\/bulharsko-research-plaze-bulharsko-07-1392x531.jpg 1392w\" sizes=\"(max-width: 1800px) 100vw, 1800px\" \/><button\n\t\t\tclass=\"lightbox-trigger\"\n\t\t\ttype=\"button\"\n\t\t\taria-haspopup=\"dialog\"\n\t\t\tdata-wp-bind--aria-label=\"state.thisImage.triggerButtonAriaLabel\"\n\t\t\tdata-wp-init=\"callbacks.initTriggerButton\"\n\t\t\tdata-wp-on--click=\"actions.showLightbox\"\n\t\t\tdata-wp-style--right=\"state.thisImage.buttonRight\"\n\t\t\tdata-wp-style--top=\"state.thisImage.buttonTop\"\n\t\t>\n\t\t\t<svg xmlns=\"http:\/\/www.w3.org\/2000\/svg\" width=\"12\" height=\"12\" fill=\"none\" viewBox=\"0 0 12 12\">\n\t\t\t\t<path fill=\"#fff\" d=\"M2 0a2 2 0 0 0-2 2v2h1.5V2a.5.5 0 0 1 .5-.5h2V0H2Zm2 10.5H2a.5.5 0 0 1-.5-.5V8H0v2a2 2 0 0 0 2 2h2v-1.5ZM8 12v-1.5h2a.5.5 0 0 0 .5-.5V8H12v2a2 2 0 0 1-2 2H8Zm2-12a2 2 0 0 1 2 2v2h-1.5V2a.5.5 0 0 0-.5-.5H8V0h2Z\" \/>\n\t\t\t<\/svg>\n\t\t<\/button><figcaption class=\"wp-element-caption\">Foto: Pudelek (Marcin Szala) \/ Wikimedia Commons (CC BY-SA 3.0)<\/figcaption><\/figure>\n\n\n\n<h3 class=\"wp-block-heading\"><span class=\"ez-toc-section\" id=\"3_Butamjata\"><\/span>3. Butamjata<span class=\"ez-toc-section-end\"><\/span><\/h3>\n\n\n\n<p class=\"wp-block-paragraph\">Logo ao lado da selvagem Veleka fica a ba\u00eda de Butamjata, que representa a face mais civilizada do balne\u00e1rio de Sinemorets. \u00c9 uma enseada menor coberta de <strong>lind\u00edssima areia dourada<\/strong>, protegida por fal\u00e9sias dos dois lados. Este ano, ela ainda pode se orgulhar do prestigiado pr\u00eamio Bandeira Azul, pela limpeza da \u00e1gua e pelos \u00f3timos servi\u00e7os.<\/p>\n\n\n\n<p class=\"wp-block-paragraph\">Diferente da Veleka, aqui voc\u00ea encontra toda a estrutura de praia. H\u00e1 zonas pagas com espregui\u00e7adeiras e guarda-s\u00f3is, chuveiros, vesti\u00e1rios e v\u00e1rios bares de praia. Se bater a fome, nas mehanas locais pe\u00e7a um <strong>refrescante tarator, a cl\u00e1ssica salada shopska ou a tradicional banitsa<\/strong>.<\/p>\n\n\n\n<p class=\"wp-block-paragraph\">Butamjata \u00e9 a escolha ideal para quem quer passar as f\u00e9rias no sul, mas ao mesmo tempo <strong>exige conforto e estrutura segura<\/strong>. A entrada na \u00e1gua \u00e9 um pouco mais suave que na praia vizinha, mas, em agosto, tamb\u00e9m \u00e9 preciso ficar atento \u00e0s trai\u00e7oeiras correntes mar\u00edtimas. Felizmente, h\u00e1 salva-vidas de plant\u00e3o durante toda a temporada.<\/p>\n\n\n\n<figure data-wp-context=\"{&quot;imageId&quot;:&quot;6a9c29fe06cb9&quot;}\" data-wp-interactive=\"core\/image\" data-wp-key=\"6a9c29fe06cb9\" class=\"wp-block-image size-full wp-lightbox-container\"><img decoding=\"async\" width=\"1800\" height=\"1350\" data-wp-class--hide=\"state.isContentHidden\" data-wp-class--show=\"state.isContentVisible\" data-wp-init=\"callbacks.setButtonStyles\" data-wp-on--click=\"actions.showLightbox\" data-wp-on--load=\"callbacks.setButtonStyles\" data-wp-on--pointerdown=\"actions.preloadImage\" data-wp-on--pointerenter=\"actions.preloadImageWithDelay\" data-wp-on--pointerleave=\"actions.cancelPreload\" data-wp-on-window--resize=\"callbacks.setButtonStyles\" src=\"https:\/\/loudavymkrokem.cz\/wp-content\/uploads\/2026\/08\/bulharsko-research-plaze-bulharsko-08.jpg\" alt=\"Dunas de areia na praia de Arkutino\" class=\"wp-image-404195\" title=\"\" srcset=\"https:\/\/loudavymkrokem.cz\/wp-content\/uploads\/2026\/08\/bulharsko-research-plaze-bulharsko-08.jpg 1800w, https:\/\/loudavymkrokem.cz\/wp-content\/uploads\/2026\/08\/bulharsko-research-plaze-bulharsko-08-300x225.jpg 300w, https:\/\/loudavymkrokem.cz\/wp-content\/uploads\/2026\/08\/bulharsko-research-plaze-bulharsko-08-700x525.jpg 700w, https:\/\/loudavymkrokem.cz\/wp-content\/uploads\/2026\/08\/bulharsko-research-plaze-bulharsko-08-768x576.jpg 768w, https:\/\/loudavymkrokem.cz\/wp-content\/uploads\/2026\/08\/bulharsko-research-plaze-bulharsko-08-1536x1152.jpg 1536w, https:\/\/loudavymkrokem.cz\/wp-content\/uploads\/2026\/08\/bulharsko-research-plaze-bulharsko-08-80x60.jpg 80w, https:\/\/loudavymkrokem.cz\/wp-content\/uploads\/2026\/08\/bulharsko-research-plaze-bulharsko-08-160x120.jpg 160w, https:\/\/loudavymkrokem.cz\/wp-content\/uploads\/2026\/08\/bulharsko-research-plaze-bulharsko-08-696x522.jpg 696w, https:\/\/loudavymkrokem.cz\/wp-content\/uploads\/2026\/08\/bulharsko-research-plaze-bulharsko-08-1392x1044.jpg 1392w\" sizes=\"(max-width: 1800px) 100vw, 1800px\" \/><button\n\t\t\tclass=\"lightbox-trigger\"\n\t\t\ttype=\"button\"\n\t\t\taria-haspopup=\"dialog\"\n\t\t\tdata-wp-bind--aria-label=\"state.thisImage.triggerButtonAriaLabel\"\n\t\t\tdata-wp-init=\"callbacks.initTriggerButton\"\n\t\t\tdata-wp-on--click=\"actions.showLightbox\"\n\t\t\tdata-wp-style--right=\"state.thisImage.buttonRight\"\n\t\t\tdata-wp-style--top=\"state.thisImage.buttonTop\"\n\t\t>\n\t\t\t<svg xmlns=\"http:\/\/www.w3.org\/2000\/svg\" width=\"12\" height=\"12\" fill=\"none\" viewBox=\"0 0 12 12\">\n\t\t\t\t<path fill=\"#fff\" d=\"M2 0a2 2 0 0 0-2 2v2h1.5V2a.5.5 0 0 1 .5-.5h2V0H2Zm2 10.5H2a.5.5 0 0 1-.5-.5V8H0v2a2 2 0 0 0 2 2h2v-1.5ZM8 12v-1.5h2a.5.5 0 0 0 .5-.5V8H12v2a2 2 0 0 1-2 2H8Zm2-12a2 2 0 0 1 2 2v2h-1.5V2a.5.5 0 0 0-.5-.5H8V0h2Z\" \/>\n\t\t\t<\/svg>\n\t\t<\/button><figcaption class=\"wp-element-caption\">Foto: Delysia v \/ Wikimedia Commons (CC BY-SA 4.0)<\/figcaption><\/figure>\n\n\n\n<h3 class=\"wp-block-heading\"><span class=\"ez-toc-section\" id=\"4_Arkutino\"><\/span>4. Arkutino<span class=\"ez-toc-section-end\"><\/span><\/h3>\n\n\n\n<p class=\"wp-block-paragraph\">Arkutino fica entre os balne\u00e1rios de Sozopol e Primorsko, dentro da reserva natural de Ropotamo. A imprensa b\u00falgara costuma cham\u00e1-la de <strong>praia mais rom\u00e2ntica do pa\u00eds<\/strong>. Aqui n\u00e3o h\u00e1 hot\u00e9is gigantes, apenas dunas de areia infinitas e uma vista fant\u00e1stica para a pr\u00f3xima Ilha das Serpentes.<\/p>\n\n\n\n<p class=\"wp-block-paragraph\">O maior diferencial dessa praia \u00e9 a flora local. Bem nas dunas de areia cresce o <strong>l\u00edrio-da-areia protegido<\/strong>, inscrito no Livro Vermelho da Bulg\u00e1ria, que floresce at\u00e9 o in\u00edcio de setembro. Para proteger a natureza, o acesso \u00e9 feito por uma estreita passarela de madeira que conduz os visitantes ao mar sem pisotear as plantas raras.<\/p>\n\n\n\n<p class=\"wp-block-paragraph\">Apesar do car\u00e1ter natural, Arkutino tem Bandeira Azul em 2026. H\u00e1 uma pequena zona paga, mas a maior parte da praia continua livre. \u00c9 o <strong>ref\u00fagio ideal para quem busca sossego absoluto<\/strong> e gosta de longas caminhadas na areia macia, longe das baladas barulhentas.<\/p>\n\n\n\n<figure data-wp-context=\"{&quot;imageId&quot;:&quot;6a9c29fe0729e&quot;}\" data-wp-interactive=\"core\/image\" data-wp-key=\"6a9c29fe0729e\" class=\"wp-block-image size-full wp-lightbox-container\"><img decoding=\"async\" width=\"1800\" height=\"1350\" data-wp-class--hide=\"state.isContentHidden\" data-wp-class--show=\"state.isContentVisible\" data-wp-init=\"callbacks.setButtonStyles\" data-wp-on--click=\"actions.showLightbox\" data-wp-on--load=\"callbacks.setButtonStyles\" data-wp-on--pointerdown=\"actions.preloadImage\" data-wp-on--pointerenter=\"actions.preloadImageWithDelay\" data-wp-on--pointerleave=\"actions.cancelPreload\" data-wp-on-window--resize=\"callbacks.setButtonStyles\" src=\"https:\/\/loudavymkrokem.cz\/wp-content\/uploads\/2026\/08\/bulharsko-research-plaze-bulharsko-09.jpg\" alt=\"Praia larga de Koral entre Lozenets e Ahtopol\" class=\"wp-image-404198\" title=\"\" srcset=\"https:\/\/loudavymkrokem.cz\/wp-content\/uploads\/2026\/08\/bulharsko-research-plaze-bulharsko-09.jpg 1800w, https:\/\/loudavymkrokem.cz\/wp-content\/uploads\/2026\/08\/bulharsko-research-plaze-bulharsko-09-300x225.jpg 300w, https:\/\/loudavymkrokem.cz\/wp-content\/uploads\/2026\/08\/bulharsko-research-plaze-bulharsko-09-700x525.jpg 700w, https:\/\/loudavymkrokem.cz\/wp-content\/uploads\/2026\/08\/bulharsko-research-plaze-bulharsko-09-768x576.jpg 768w, https:\/\/loudavymkrokem.cz\/wp-content\/uploads\/2026\/08\/bulharsko-research-plaze-bulharsko-09-1536x1152.jpg 1536w, https:\/\/loudavymkrokem.cz\/wp-content\/uploads\/2026\/08\/bulharsko-research-plaze-bulharsko-09-80x60.jpg 80w, https:\/\/loudavymkrokem.cz\/wp-content\/uploads\/2026\/08\/bulharsko-research-plaze-bulharsko-09-160x120.jpg 160w, https:\/\/loudavymkrokem.cz\/wp-content\/uploads\/2026\/08\/bulharsko-research-plaze-bulharsko-09-696x522.jpg 696w, https:\/\/loudavymkrokem.cz\/wp-content\/uploads\/2026\/08\/bulharsko-research-plaze-bulharsko-09-1392x1044.jpg 1392w\" sizes=\"(max-width: 1800px) 100vw, 1800px\" \/><button\n\t\t\tclass=\"lightbox-trigger\"\n\t\t\ttype=\"button\"\n\t\t\taria-haspopup=\"dialog\"\n\t\t\tdata-wp-bind--aria-label=\"state.thisImage.triggerButtonAriaLabel\"\n\t\t\tdata-wp-init=\"callbacks.initTriggerButton\"\n\t\t\tdata-wp-on--click=\"actions.showLightbox\"\n\t\t\tdata-wp-style--right=\"state.thisImage.buttonRight\"\n\t\t\tdata-wp-style--top=\"state.thisImage.buttonTop\"\n\t\t>\n\t\t\t<svg xmlns=\"http:\/\/www.w3.org\/2000\/svg\" width=\"12\" height=\"12\" fill=\"none\" viewBox=\"0 0 12 12\">\n\t\t\t\t<path fill=\"#fff\" d=\"M2 0a2 2 0 0 0-2 2v2h1.5V2a.5.5 0 0 1 .5-.5h2V0H2Zm2 10.5H2a.5.5 0 0 1-.5-.5V8H0v2a2 2 0 0 0 2 2h2v-1.5ZM8 12v-1.5h2a.5.5 0 0 0 .5-.5V8H12v2a2 2 0 0 1-2 2H8Zm2-12a2 2 0 0 1 2 2v2h-1.5V2a.5.5 0 0 0-.5-.5H8V0h2Z\" \/>\n\t\t\t<\/svg>\n\t\t<\/button><figcaption class=\"wp-element-caption\">Foto: Svilen Enev \/ Wikimedia Commons, CC BY-SA 3.0<\/figcaption><\/figure>\n\n\n\n<h3 class=\"wp-block-heading\"><span class=\"ez-toc-section\" id=\"5_Koral\"><\/span>5. Koral<span class=\"ez-toc-section-end\"><\/span><\/h3>\n\n\n\n<p class=\"wp-block-paragraph\">A praia de Koral fica entre os balne\u00e1rios de Lozenets e Ahtopol e, para muitos moradores, representa o <strong>s\u00edmbolo de uma batalha vitoriosa pela natureza intacta<\/strong>. Foi aqui que ativistas ambientais conseguiram barrar os planos de constru\u00e7\u00e3o de um grande resort de concreto. Gra\u00e7as a isso, a praia, que com at\u00e9 377 metros de largura \u00e9 uma das mais largas do pa\u00eds, preservou seu car\u00e1ter selvagem.<\/p>\n\n\n\n<p class=\"wp-block-paragraph\">A regi\u00e3o \u00e9 famosa pelas excelentes condi\u00e7\u00f5es para esportes aqu\u00e1ticos. Os viajantes elogiam Koral como <strong>um dos melhores spots de kitesurf e windsurf<\/strong> do litoral sul. Se voc\u00ea est\u00e1 come\u00e7ando nesses esportes, saiba que a Bulg\u00e1ria, em geral, n\u00e3o \u00e9 um destino extremamente ventoso. As melhores condi\u00e7\u00f5es ocorrem na primavera e no outono; no ver\u00e3o, conta-se mais com a brisa da tarde.<\/p>\n\n\n\n<p class=\"wp-block-paragraph\">A partir de 2026 houve uma mudan\u00e7a importante para os amantes do campismo. O munic\u00edpio de Tsarevo criou aqui uma <strong>zona de camping legal e oficial<\/strong>, tentando regular o antigo pernoite descontrolado nas dunas. Mas conte que n\u00e3o h\u00e1 estrada asfaltada at\u00e9 aqui e toda a estrutura voc\u00ea precisa trazer consigo.<\/p>\n\n\n\n<figure data-wp-context=\"{&quot;imageId&quot;:&quot;6a9c29fe078c7&quot;}\" data-wp-interactive=\"core\/image\" data-wp-key=\"6a9c29fe078c7\" class=\"wp-block-image size-full wp-lightbox-container\"><img decoding=\"async\" width=\"1800\" height=\"1350\" data-wp-class--hide=\"state.isContentHidden\" data-wp-class--show=\"state.isContentVisible\" data-wp-init=\"callbacks.setButtonStyles\" data-wp-on--click=\"actions.showLightbox\" data-wp-on--load=\"callbacks.setButtonStyles\" data-wp-on--pointerdown=\"actions.preloadImage\" data-wp-on--pointerenter=\"actions.preloadImageWithDelay\" data-wp-on--pointerleave=\"actions.cancelPreload\" data-wp-on-window--resize=\"callbacks.setButtonStyles\" src=\"https:\/\/loudavymkrokem.cz\/wp-content\/uploads\/2026\/08\/bulharsko-research-plaze-bulharsko-10.jpg\" alt=\"Praia e laguna de Alepu ao sul de Sozopol\" class=\"wp-image-404201\" title=\"\" srcset=\"https:\/\/loudavymkrokem.cz\/wp-content\/uploads\/2026\/08\/bulharsko-research-plaze-bulharsko-10.jpg 1800w, https:\/\/loudavymkrokem.cz\/wp-content\/uploads\/2026\/08\/bulharsko-research-plaze-bulharsko-10-300x225.jpg 300w, https:\/\/loudavymkrokem.cz\/wp-content\/uploads\/2026\/08\/bulharsko-research-plaze-bulharsko-10-700x525.jpg 700w, https:\/\/loudavymkrokem.cz\/wp-content\/uploads\/2026\/08\/bulharsko-research-plaze-bulharsko-10-768x576.jpg 768w, https:\/\/loudavymkrokem.cz\/wp-content\/uploads\/2026\/08\/bulharsko-research-plaze-bulharsko-10-1536x1152.jpg 1536w, https:\/\/loudavymkrokem.cz\/wp-content\/uploads\/2026\/08\/bulharsko-research-plaze-bulharsko-10-80x60.jpg 80w, https:\/\/loudavymkrokem.cz\/wp-content\/uploads\/2026\/08\/bulharsko-research-plaze-bulharsko-10-160x120.jpg 160w, https:\/\/loudavymkrokem.cz\/wp-content\/uploads\/2026\/08\/bulharsko-research-plaze-bulharsko-10-696x522.jpg 696w, https:\/\/loudavymkrokem.cz\/wp-content\/uploads\/2026\/08\/bulharsko-research-plaze-bulharsko-10-1392x1044.jpg 1392w\" sizes=\"(max-width: 1800px) 100vw, 1800px\" \/><button\n\t\t\tclass=\"lightbox-trigger\"\n\t\t\ttype=\"button\"\n\t\t\taria-haspopup=\"dialog\"\n\t\t\tdata-wp-bind--aria-label=\"state.thisImage.triggerButtonAriaLabel\"\n\t\t\tdata-wp-init=\"callbacks.initTriggerButton\"\n\t\t\tdata-wp-on--click=\"actions.showLightbox\"\n\t\t\tdata-wp-style--right=\"state.thisImage.buttonRight\"\n\t\t\tdata-wp-style--top=\"state.thisImage.buttonTop\"\n\t\t>\n\t\t\t<svg xmlns=\"http:\/\/www.w3.org\/2000\/svg\" width=\"12\" height=\"12\" fill=\"none\" viewBox=\"0 0 12 12\">\n\t\t\t\t<path fill=\"#fff\" d=\"M2 0a2 2 0 0 0-2 2v2h1.5V2a.5.5 0 0 1 .5-.5h2V0H2Zm2 10.5H2a.5.5 0 0 1-.5-.5V8H0v2a2 2 0 0 0 2 2h2v-1.5ZM8 12v-1.5h2a.5.5 0 0 0 .5-.5V8H12v2a2 2 0 0 1-2 2H8Zm2-12a2 2 0 0 1 2 2v2h-1.5V2a.5.5 0 0 0-.5-.5H8V0h2Z\" \/>\n\t\t\t<\/svg>\n\t\t<\/button><figcaption class=\"wp-element-caption\">Foto: Footballer99 \/ Wikimedia Commons (CC BY-SA 3.0)<\/figcaption><\/figure>\n\n\n\n<h3 class=\"wp-block-heading\"><span class=\"ez-toc-section\" id=\"6_Alepu\"><\/span>6. Alepu<span class=\"ez-toc-section-end\"><\/span><\/h3>\n\n\n\n<p class=\"wp-block-paragraph\">Essa longa l\u00edngua de areia ao sul de Sozopol \u00e9 apelidada pelos moradores de &#8220;praia do motorista&#8221;. O motivo \u00e9 simples: a antiga estrada litor\u00e2nea passa bem ao lado dela, ent\u00e3o voc\u00ea <strong>desce do carro praticamente direto na areia<\/strong>. \u00c9 uma vantagem enorme para quem leva muito equipamento at\u00e9 o mar.<\/p>\n\n\n\n<p class=\"wp-block-paragraph\">Alepu n\u00e3o \u00e9 organizada oficialmente: n\u00e3o h\u00e1 salva-vidas, loca\u00e7\u00e3o de espregui\u00e7adeiras nem quiosques. Boa parte dos visitantes vem justamente por causa desse sossego total. A \u00e1rea dos p\u00e2ntanos vizinhos \u00e9 ainda um <strong>importante local de nidifica\u00e7\u00e3o de aves raras<\/strong>, o que atrai fot\u00f3grafos de natureza.<\/p>\n\n\n\n<p class=\"wp-block-paragraph\">Por causa da vasta extens\u00e3o e da completa aus\u00eancia de civiliza\u00e7\u00e3o, Alepu funciona tamb\u00e9m como <strong>praia de naturismo informal, mas tolerada<\/strong>. Os naturistas costumam ocupar os trechos mais afastados em dire\u00e7\u00e3o \u00e0 laguna. Mas lembre-se de que a entrada na \u00e1gua costuma ser mais \u00edngreme e, com vento norte, formam-se ondas desagrad\u00e1veis.<\/p>\n\n\n\n<figure data-wp-context=\"{&quot;imageId&quot;:&quot;6a9c29fe07f78&quot;}\" data-wp-interactive=\"core\/image\" data-wp-key=\"6a9c29fe07f78\" class=\"wp-block-image size-full wp-lightbox-container\"><img decoding=\"async\" width=\"1800\" height=\"1207\" data-wp-class--hide=\"state.isContentHidden\" data-wp-class--show=\"state.isContentVisible\" data-wp-init=\"callbacks.setButtonStyles\" data-wp-on--click=\"actions.showLightbox\" data-wp-on--load=\"callbacks.setButtonStyles\" data-wp-on--pointerdown=\"actions.preloadImage\" data-wp-on--pointerenter=\"actions.preloadImageWithDelay\" data-wp-on--pointerleave=\"actions.cancelPreload\" data-wp-on-window--resize=\"callbacks.setButtonStyles\" src=\"https:\/\/loudavymkrokem.cz\/wp-content\/uploads\/2026\/08\/bulharsko-research-plaze-bulharsko-11.jpg\" alt=\"Rezovo na fronteira entre a Bulg\u00e1ria e a Turquia\" class=\"wp-image-404202\" title=\"\" srcset=\"https:\/\/loudavymkrokem.cz\/wp-content\/uploads\/2026\/08\/bulharsko-research-plaze-bulharsko-11.jpg 1800w, https:\/\/loudavymkrokem.cz\/wp-content\/uploads\/2026\/08\/bulharsko-research-plaze-bulharsko-11-300x201.jpg 300w, https:\/\/loudavymkrokem.cz\/wp-content\/uploads\/2026\/08\/bulharsko-research-plaze-bulharsko-11-700x469.jpg 700w, https:\/\/loudavymkrokem.cz\/wp-content\/uploads\/2026\/08\/bulharsko-research-plaze-bulharsko-11-768x515.jpg 768w, https:\/\/loudavymkrokem.cz\/wp-content\/uploads\/2026\/08\/bulharsko-research-plaze-bulharsko-11-1536x1030.jpg 1536w, https:\/\/loudavymkrokem.cz\/wp-content\/uploads\/2026\/08\/bulharsko-research-plaze-bulharsko-11-696x467.jpg 696w, https:\/\/loudavymkrokem.cz\/wp-content\/uploads\/2026\/08\/bulharsko-research-plaze-bulharsko-11-1392x933.jpg 1392w\" sizes=\"(max-width: 1800px) 100vw, 1800px\" \/><button\n\t\t\tclass=\"lightbox-trigger\"\n\t\t\ttype=\"button\"\n\t\t\taria-haspopup=\"dialog\"\n\t\t\tdata-wp-bind--aria-label=\"state.thisImage.triggerButtonAriaLabel\"\n\t\t\tdata-wp-init=\"callbacks.initTriggerButton\"\n\t\t\tdata-wp-on--click=\"actions.showLightbox\"\n\t\t\tdata-wp-style--right=\"state.thisImage.buttonRight\"\n\t\t\tdata-wp-style--top=\"state.thisImage.buttonTop\"\n\t\t>\n\t\t\t<svg xmlns=\"http:\/\/www.w3.org\/2000\/svg\" width=\"12\" height=\"12\" fill=\"none\" viewBox=\"0 0 12 12\">\n\t\t\t\t<path fill=\"#fff\" d=\"M2 0a2 2 0 0 0-2 2v2h1.5V2a.5.5 0 0 1 .5-.5h2V0H2Zm2 10.5H2a.5.5 0 0 1-.5-.5V8H0v2a2 2 0 0 0 2 2h2v-1.5ZM8 12v-1.5h2a.5.5 0 0 0 .5-.5V8H12v2a2 2 0 0 1-2 2H8Zm2-12a2 2 0 0 1 2 2v2h-1.5V2a.5.5 0 0 0-.5-.5H8V0h2Z\" \/>\n\t\t\t<\/svg>\n\t\t<\/button><figcaption class=\"wp-element-caption\">Foto (editada): Pudelek (Marcin Szala) \/ Wikimedia Commons, CC BY-SA 3.0<\/figcaption><\/figure>\n\n\n\n<h3 class=\"wp-block-heading\"><span class=\"ez-toc-section\" id=\"7_Kastrich_e_Rezovo\"><\/span>7. Kastrich e Rezovo<span class=\"ez-toc-section-end\"><\/span><\/h3>\n\n\n\n<p class=\"wp-block-paragraph\">Bem no extremo sul, depois da popular Silistar, escondem-se lugares para verdadeiros aventureiros. A enseada de Kastrich s\u00f3 \u00e9 acess\u00edvel a p\u00e9 por uma trilha n\u00e3o sinalizada, que corre por cerca de <strong>dois quil\u00f4metros e meio de floresta densa<\/strong>. A caminhada leva pouco menos de 45 minutos, mas, no fim, espera por voc\u00ea uma ba\u00eda intocada, que com grande probabilidade ter\u00e1 s\u00f3 para voc\u00ea.<\/p>\n\n\n\n<p class=\"wp-block-paragraph\">J\u00e1 a pr\u00f3pria Rezovo \u00e9 a \u00faltima vila b\u00falgara antes da fronteira turca. N\u00e3o procure aqui a cl\u00e1ssica praia de areia: o litoral \u00e9 selvagem, rochoso e cheio de pequenas enseadas. Segundo viajantes experientes, \u00e9 <strong>um dos melhores lugares para mergulho livre<\/strong> de toda a regi\u00e3o, porque a \u00e1gua, pela aus\u00eancia de areia, \u00e9 incrivelmente cristalina.<\/p>\n\n\n\n<p class=\"wp-block-paragraph\">Essa regi\u00e3o exige respeito. A entrada na \u00e1gua sobre pedras e rochas costuma ser dif\u00edcil e as correntes podem ser imprevis\u00edveis. Definitivamente <strong>n\u00e3o \u00e9 lugar para um passeio em fam\u00edlia com crian\u00e7as pequenas<\/strong>, e sim um destino para nadadores experientes que querem sentir a atmosfera crua do extremo fim da Uni\u00e3o Europeia.<\/p>\n\n\n\n<figure data-wp-context=\"{&quot;imageId&quot;:&quot;6a9c29fe0863d&quot;}\" data-wp-interactive=\"core\/image\" data-wp-key=\"6a9c29fe0863d\" class=\"wp-block-image size-full wp-lightbox-container\"><img decoding=\"async\" width=\"1800\" height=\"1350\" data-wp-class--hide=\"state.isContentHidden\" data-wp-class--show=\"state.isContentVisible\" data-wp-init=\"callbacks.setButtonStyles\" data-wp-on--click=\"actions.showLightbox\" data-wp-on--load=\"callbacks.setButtonStyles\" data-wp-on--pointerdown=\"actions.preloadImage\" data-wp-on--pointerenter=\"actions.preloadImageWithDelay\" data-wp-on--pointerleave=\"actions.cancelPreload\" data-wp-on-window--resize=\"callbacks.setButtonStyles\" src=\"https:\/\/loudavymkrokem.cz\/wp-content\/uploads\/2026\/08\/bulharsko-research-plaze-bulharsko-12.jpg\" alt=\"Litoral norte do Mar Negro perto do cabo Kaliakra\" class=\"wp-image-404204\" title=\"\" srcset=\"https:\/\/loudavymkrokem.cz\/wp-content\/uploads\/2026\/08\/bulharsko-research-plaze-bulharsko-12.jpg 1800w, https:\/\/loudavymkrokem.cz\/wp-content\/uploads\/2026\/08\/bulharsko-research-plaze-bulharsko-12-300x225.jpg 300w, https:\/\/loudavymkrokem.cz\/wp-content\/uploads\/2026\/08\/bulharsko-research-plaze-bulharsko-12-700x525.jpg 700w, https:\/\/loudavymkrokem.cz\/wp-content\/uploads\/2026\/08\/bulharsko-research-plaze-bulharsko-12-768x576.jpg 768w, https:\/\/loudavymkrokem.cz\/wp-content\/uploads\/2026\/08\/bulharsko-research-plaze-bulharsko-12-1536x1152.jpg 1536w, https:\/\/loudavymkrokem.cz\/wp-content\/uploads\/2026\/08\/bulharsko-research-plaze-bulharsko-12-80x60.jpg 80w, https:\/\/loudavymkrokem.cz\/wp-content\/uploads\/2026\/08\/bulharsko-research-plaze-bulharsko-12-160x120.jpg 160w, https:\/\/loudavymkrokem.cz\/wp-content\/uploads\/2026\/08\/bulharsko-research-plaze-bulharsko-12-696x522.jpg 696w, https:\/\/loudavymkrokem.cz\/wp-content\/uploads\/2026\/08\/bulharsko-research-plaze-bulharsko-12-1392x1044.jpg 1392w\" sizes=\"(max-width: 1800px) 100vw, 1800px\" \/><button\n\t\t\tclass=\"lightbox-trigger\"\n\t\t\ttype=\"button\"\n\t\t\taria-haspopup=\"dialog\"\n\t\t\tdata-wp-bind--aria-label=\"state.thisImage.triggerButtonAriaLabel\"\n\t\t\tdata-wp-init=\"callbacks.initTriggerButton\"\n\t\t\tdata-wp-on--click=\"actions.showLightbox\"\n\t\t\tdata-wp-style--right=\"state.thisImage.buttonRight\"\n\t\t\tdata-wp-style--top=\"state.thisImage.buttonTop\"\n\t\t>\n\t\t\t<svg xmlns=\"http:\/\/www.w3.org\/2000\/svg\" width=\"12\" height=\"12\" fill=\"none\" viewBox=\"0 0 12 12\">\n\t\t\t\t<path fill=\"#fff\" d=\"M2 0a2 2 0 0 0-2 2v2h1.5V2a.5.5 0 0 1 .5-.5h2V0H2Zm2 10.5H2a.5.5 0 0 1-.5-.5V8H0v2a2 2 0 0 0 2 2h2v-1.5ZM8 12v-1.5h2a.5.5 0 0 0 .5-.5V8H12v2a2 2 0 0 1-2 2H8Zm2-12a2 2 0 0 1 2 2v2h-1.5V2a.5.5 0 0 0-.5-.5H8V0h2Z\" \/>\n\t\t\t<\/svg>\n\t\t<\/button><figcaption class=\"wp-element-caption\">Foto: Spiridon Manoliu \/ Wikimedia Commons, CC BY 3.0<\/figcaption><\/figure>\n\n\n\n<h2 class=\"wp-block-heading\"><span class=\"ez-toc-section\" id=\"Litoral_norte_e_a_natureza_selvagem_perto_de_Varna\"><\/span>Litoral norte e a natureza selvagem perto de Varna<span class=\"ez-toc-section-end\"><\/span><\/h2>\n\n\n\n<p class=\"wp-block-paragraph\">A <strong>parte norte do litoral<\/strong> em torno de Varna tem, entre os viajantes, a fama de uma grande zona de balada, mas n\u00e3o se engane. Aqui tamb\u00e9m voc\u00ea descobre lugares escondidos que preservaram seu lado cru. Enquanto no sul dominam pequenas enseadas rochosas, o norte oferece <strong>impressionantes fal\u00e9sias vermelhas<\/strong> e quil\u00f4metros de praias desertas.<\/p>\n\n\n\n<p class=\"wp-block-paragraph\">Essa regi\u00e3o \u00e9 ideal para quem gosta de combinar a <strong>descoberta da natureza intocada<\/strong> com passeios ocasionais \u00e0 civiliza\u00e7\u00e3o. Al\u00e9m disso, gra\u00e7as \u00e0s ba\u00edas rasas e protegidas, h\u00e1 condi\u00e7\u00f5es excelentes para <strong>mergulho livre<\/strong>.<\/p>\n\n\n\n<figure data-wp-context=\"{&quot;imageId&quot;:&quot;6a9c29fe08ba0&quot;}\" data-wp-interactive=\"core\/image\" data-wp-key=\"6a9c29fe08ba0\" class=\"wp-block-image size-full wp-lightbox-container\"><img decoding=\"async\" width=\"1800\" height=\"1012\" data-wp-class--hide=\"state.isContentHidden\" data-wp-class--show=\"state.isContentVisible\" data-wp-init=\"callbacks.setButtonStyles\" data-wp-on--click=\"actions.showLightbox\" data-wp-on--load=\"callbacks.setButtonStyles\" data-wp-on--pointerdown=\"actions.preloadImage\" data-wp-on--pointerenter=\"actions.preloadImageWithDelay\" data-wp-on--pointerleave=\"actions.cancelPreload\" data-wp-on-window--resize=\"callbacks.setButtonStyles\" src=\"https:\/\/loudavymkrokem.cz\/wp-content\/uploads\/2026\/08\/bulharsko-research-plaze-bulharsko-13.jpg\" alt=\"Enseada de Bolata sob as fal\u00e9sias vermelhas\" class=\"wp-image-404208\" title=\"\" srcset=\"https:\/\/loudavymkrokem.cz\/wp-content\/uploads\/2026\/08\/bulharsko-research-plaze-bulharsko-13.jpg 1800w, https:\/\/loudavymkrokem.cz\/wp-content\/uploads\/2026\/08\/bulharsko-research-plaze-bulharsko-13-300x169.jpg 300w, https:\/\/loudavymkrokem.cz\/wp-content\/uploads\/2026\/08\/bulharsko-research-plaze-bulharsko-13-700x394.jpg 700w, https:\/\/loudavymkrokem.cz\/wp-content\/uploads\/2026\/08\/bulharsko-research-plaze-bulharsko-13-768x432.jpg 768w, https:\/\/loudavymkrokem.cz\/wp-content\/uploads\/2026\/08\/bulharsko-research-plaze-bulharsko-13-1536x864.jpg 1536w, https:\/\/loudavymkrokem.cz\/wp-content\/uploads\/2026\/08\/bulharsko-research-plaze-bulharsko-13-696x391.jpg 696w, https:\/\/loudavymkrokem.cz\/wp-content\/uploads\/2026\/08\/bulharsko-research-plaze-bulharsko-13-1392x783.jpg 1392w\" sizes=\"(max-width: 1800px) 100vw, 1800px\" \/><button\n\t\t\tclass=\"lightbox-trigger\"\n\t\t\ttype=\"button\"\n\t\t\taria-haspopup=\"dialog\"\n\t\t\tdata-wp-bind--aria-label=\"state.thisImage.triggerButtonAriaLabel\"\n\t\t\tdata-wp-init=\"callbacks.initTriggerButton\"\n\t\t\tdata-wp-on--click=\"actions.showLightbox\"\n\t\t\tdata-wp-style--right=\"state.thisImage.buttonRight\"\n\t\t\tdata-wp-style--top=\"state.thisImage.buttonTop\"\n\t\t>\n\t\t\t<svg xmlns=\"http:\/\/www.w3.org\/2000\/svg\" width=\"12\" height=\"12\" fill=\"none\" viewBox=\"0 0 12 12\">\n\t\t\t\t<path fill=\"#fff\" d=\"M2 0a2 2 0 0 0-2 2v2h1.5V2a.5.5 0 0 1 .5-.5h2V0H2Zm2 10.5H2a.5.5 0 0 1-.5-.5V8H0v2a2 2 0 0 0 2 2h2v-1.5ZM8 12v-1.5h2a.5.5 0 0 0 .5-.5V8H12v2a2 2 0 0 1-2 2H8Zm2-12a2 2 0 0 1 2 2v2h-1.5V2a.5.5 0 0 0-.5-.5H8V0h2Z\" \/>\n\t\t\t<\/svg>\n\t\t<\/button><figcaption class=\"wp-element-caption\">Foto: Gery Romanova \/ Wikimedia Commons, CC BY-SA 4.0<\/figcaption><\/figure>\n\n\n\n<h3 class=\"wp-block-heading\"><span class=\"ez-toc-section\" id=\"8_Bolata\"><\/span>8. Bolata<span class=\"ez-toc-section-end\"><\/span><\/h3>\n\n\n\n<p class=\"wp-block-paragraph\">Perto do famoso cabo Kaliakra, uma enseada absolutamente \u00fanica se enfia entre altas fal\u00e9sias avermelhadas. Bolata tem o formato de uma meia-lua perfeita e \u00e9 a <strong>\u00fanica reserva b\u00falgara que inclui tamb\u00e9m \u00e1rea mar\u00edtima<\/strong>. O acesso \u00e9 feito por uma estradinha asfaltada muito estreita e sinuosa, com um pequeno estacionamento no fim.<\/p>\n\n\n\n<p class=\"wp-block-paragraph\">Gra\u00e7as \u00e0s fal\u00e9sias protetoras e a um molhe artificial, a \u00e1gua aqui \u00e9 incrivelmente calma e rasa. Justamente por isso, Bolata est\u00e1 entre <strong>as melhores op\u00e7\u00f5es para os amantes do mergulho livre<\/strong>. Debaixo d&#8217;\u00e1gua voc\u00ea facilmente v\u00ea cardumes de peixes, caranguejos e v\u00e1rios outros animais marinhos escondidos entre as pedras.<\/p>\n\n\n\n<p class=\"wp-block-paragraph\"><strong>A estrutura aqui \u00e9 m\u00ednima<\/strong> (s\u00f3 um quiosque de caf\u00e9), mas, se voc\u00ea vem em alta temporada, <strong>chegue o mais cedo poss\u00edvel de manh\u00e3<\/strong>, porque a enseada \u00e9 pequena e extremamente popular entre os moradores, ent\u00e3o, l\u00e1 pelas dez da manh\u00e3, j\u00e1 costuma ser dif\u00edcil achar lugar para a toalha.<\/p>\n\n\n\n<figure data-wp-context=\"{&quot;imageId&quot;:&quot;6a9c29fe09365&quot;}\" data-wp-interactive=\"core\/image\" data-wp-key=\"6a9c29fe09365\" class=\"wp-block-image size-full wp-lightbox-container\"><img decoding=\"async\" width=\"1800\" height=\"1350\" data-wp-class--hide=\"state.isContentHidden\" data-wp-class--show=\"state.isContentVisible\" data-wp-init=\"callbacks.setButtonStyles\" data-wp-on--click=\"actions.showLightbox\" data-wp-on--load=\"callbacks.setButtonStyles\" data-wp-on--pointerdown=\"actions.preloadImage\" data-wp-on--pointerenter=\"actions.preloadImageWithDelay\" data-wp-on--pointerleave=\"actions.cancelPreload\" data-wp-on-window--resize=\"callbacks.setButtonStyles\" src=\"https:\/\/loudavymkrokem.cz\/wp-content\/uploads\/2026\/08\/bulharsko-research-plaze-bulharsko-14.jpg\" alt=\"Litoral perto da vila de Topola com a Laguna Branca\" class=\"wp-image-404210\" title=\"\" srcset=\"https:\/\/loudavymkrokem.cz\/wp-content\/uploads\/2026\/08\/bulharsko-research-plaze-bulharsko-14.jpg 1800w, https:\/\/loudavymkrokem.cz\/wp-content\/uploads\/2026\/08\/bulharsko-research-plaze-bulharsko-14-300x225.jpg 300w, https:\/\/loudavymkrokem.cz\/wp-content\/uploads\/2026\/08\/bulharsko-research-plaze-bulharsko-14-700x525.jpg 700w, https:\/\/loudavymkrokem.cz\/wp-content\/uploads\/2026\/08\/bulharsko-research-plaze-bulharsko-14-768x576.jpg 768w, https:\/\/loudavymkrokem.cz\/wp-content\/uploads\/2026\/08\/bulharsko-research-plaze-bulharsko-14-1536x1152.jpg 1536w, https:\/\/loudavymkrokem.cz\/wp-content\/uploads\/2026\/08\/bulharsko-research-plaze-bulharsko-14-80x60.jpg 80w, https:\/\/loudavymkrokem.cz\/wp-content\/uploads\/2026\/08\/bulharsko-research-plaze-bulharsko-14-160x120.jpg 160w, https:\/\/loudavymkrokem.cz\/wp-content\/uploads\/2026\/08\/bulharsko-research-plaze-bulharsko-14-696x522.jpg 696w, https:\/\/loudavymkrokem.cz\/wp-content\/uploads\/2026\/08\/bulharsko-research-plaze-bulharsko-14-1392x1044.jpg 1392w\" sizes=\"(max-width: 1800px) 100vw, 1800px\" \/><button\n\t\t\tclass=\"lightbox-trigger\"\n\t\t\ttype=\"button\"\n\t\t\taria-haspopup=\"dialog\"\n\t\t\tdata-wp-bind--aria-label=\"state.thisImage.triggerButtonAriaLabel\"\n\t\t\tdata-wp-init=\"callbacks.initTriggerButton\"\n\t\t\tdata-wp-on--click=\"actions.showLightbox\"\n\t\t\tdata-wp-style--right=\"state.thisImage.buttonRight\"\n\t\t\tdata-wp-style--top=\"state.thisImage.buttonTop\"\n\t\t>\n\t\t\t<svg xmlns=\"http:\/\/www.w3.org\/2000\/svg\" width=\"12\" height=\"12\" fill=\"none\" viewBox=\"0 0 12 12\">\n\t\t\t\t<path fill=\"#fff\" d=\"M2 0a2 2 0 0 0-2 2v2h1.5V2a.5.5 0 0 1 .5-.5h2V0H2Zm2 10.5H2a.5.5 0 0 1-.5-.5V8H0v2a2 2 0 0 0 2 2h2v-1.5ZM8 12v-1.5h2a.5.5 0 0 0 .5-.5V8H12v2a2 2 0 0 1-2 2H8Zm2-12a2 2 0 0 1 2 2v2h-1.5V2a.5.5 0 0 0-.5-.5H8V0h2Z\" \/>\n\t\t\t<\/svg>\n\t\t<\/button><figcaption class=\"wp-element-caption\">Foto: Nikolai Karaneschev \/ Wikimedia Commons, CC BY 3.0<\/figcaption><\/figure>\n\n\n\n<h3 class=\"wp-block-heading\"><span class=\"ez-toc-section\" id=\"9_Laguna_Branca_Topola\"><\/span>9. Laguna Branca (Topola)<span class=\"ez-toc-section-end\"><\/span><\/h3>\n\n\n\n<p class=\"wp-block-paragraph\">Entre as cidades de Balchik e Kavarna voc\u00ea encontra uma alternativa muito agrad\u00e1vel aos grandes balne\u00e1rios agitados. A Laguna Branca ganhou esse nome pelas <strong>rochas calc\u00e1rias claras<\/strong> que cercam toda a \u00e1rea e d\u00e3o \u00e0 \u00e1gua um lindo tom turquesa. Em 2026, a praia ainda entrou na prestigiada lista das detentoras de Bandeira Azul.<\/p>\n\n\n\n<p class=\"wp-block-paragraph\">A praia \u00e9 bem organizada: voc\u00ea encontra espregui\u00e7adeiras de qualidade, guarda-s\u00f3is, chuveiros e instala\u00e7\u00f5es sanit\u00e1rias modernas. A entrada no mar \u00e9 suave e a \u00e1gua costuma ser bem calma, gra\u00e7as \u00e0 posi\u00e7\u00e3o abrigada. Se voc\u00ea preza pelo conforto e quer fugir das multid\u00f5es da Golden Sands, <strong>os moradores recomendam justamente este ponto<\/strong>.<\/p>\n\n\n\n<p class=\"wp-block-paragraph\">A \u00fanica desvantagem pode ser o pr\u00f3prio acesso \u00e0 \u00e1gua. A maioria das hospedagens fica sobre a fal\u00e9sia acima da praia, ent\u00e3o <strong>conte com dezenas de degraus a vencer todos os dias<\/strong>. Para fam\u00edlias com carrinho de beb\u00ea, pode ser uma pequena complica\u00e7\u00e3o, mas as vistas do topo definitivamente valem o esfor\u00e7o.<\/p>\n\n\n\n<figure data-wp-context=\"{&quot;imageId&quot;:&quot;6a9c29fe09a6f&quot;}\" data-wp-interactive=\"core\/image\" data-wp-key=\"6a9c29fe09a6f\" class=\"wp-block-image size-full wp-lightbox-container\"><img decoding=\"async\" width=\"1800\" height=\"1207\" data-wp-class--hide=\"state.isContentHidden\" data-wp-class--show=\"state.isContentVisible\" data-wp-init=\"callbacks.setButtonStyles\" data-wp-on--click=\"actions.showLightbox\" data-wp-on--load=\"callbacks.setButtonStyles\" data-wp-on--pointerdown=\"actions.preloadImage\" data-wp-on--pointerenter=\"actions.preloadImageWithDelay\" data-wp-on--pointerleave=\"actions.cancelPreload\" data-wp-on-window--resize=\"callbacks.setButtonStyles\" src=\"https:\/\/loudavymkrokem.cz\/wp-content\/uploads\/2026\/08\/bulharsko-research-plaze-bulharsko-15.jpg\" alt=\"Litoral perto de Krapets e Durankulak no extremo norte\" class=\"wp-image-404215\" title=\"\" srcset=\"https:\/\/loudavymkrokem.cz\/wp-content\/uploads\/2026\/08\/bulharsko-research-plaze-bulharsko-15.jpg 1800w, https:\/\/loudavymkrokem.cz\/wp-content\/uploads\/2026\/08\/bulharsko-research-plaze-bulharsko-15-300x201.jpg 300w, https:\/\/loudavymkrokem.cz\/wp-content\/uploads\/2026\/08\/bulharsko-research-plaze-bulharsko-15-700x469.jpg 700w, https:\/\/loudavymkrokem.cz\/wp-content\/uploads\/2026\/08\/bulharsko-research-plaze-bulharsko-15-768x515.jpg 768w, https:\/\/loudavymkrokem.cz\/wp-content\/uploads\/2026\/08\/bulharsko-research-plaze-bulharsko-15-1536x1030.jpg 1536w, https:\/\/loudavymkrokem.cz\/wp-content\/uploads\/2026\/08\/bulharsko-research-plaze-bulharsko-15-696x467.jpg 696w, https:\/\/loudavymkrokem.cz\/wp-content\/uploads\/2026\/08\/bulharsko-research-plaze-bulharsko-15-1392x933.jpg 1392w\" sizes=\"(max-width: 1800px) 100vw, 1800px\" \/><button\n\t\t\tclass=\"lightbox-trigger\"\n\t\t\ttype=\"button\"\n\t\t\taria-haspopup=\"dialog\"\n\t\t\tdata-wp-bind--aria-label=\"state.thisImage.triggerButtonAriaLabel\"\n\t\t\tdata-wp-init=\"callbacks.initTriggerButton\"\n\t\t\tdata-wp-on--click=\"actions.showLightbox\"\n\t\t\tdata-wp-style--right=\"state.thisImage.buttonRight\"\n\t\t\tdata-wp-style--top=\"state.thisImage.buttonTop\"\n\t\t>\n\t\t\t<svg xmlns=\"http:\/\/www.w3.org\/2000\/svg\" width=\"12\" height=\"12\" fill=\"none\" viewBox=\"0 0 12 12\">\n\t\t\t\t<path fill=\"#fff\" d=\"M2 0a2 2 0 0 0-2 2v2h1.5V2a.5.5 0 0 1 .5-.5h2V0H2Zm2 10.5H2a.5.5 0 0 1-.5-.5V8H0v2a2 2 0 0 0 2 2h2v-1.5ZM8 12v-1.5h2a.5.5 0 0 0 .5-.5V8H12v2a2 2 0 0 1-2 2H8Zm2-12a2 2 0 0 1 2 2v2h-1.5V2a.5.5 0 0 0-.5-.5H8V0h2Z\" \/>\n\t\t\t<\/svg>\n\t\t<\/button><figcaption class=\"wp-element-caption\">Foto (editada): Inkey \/ Wikimedia Commons, CC BY-SA 3.0<\/figcaption><\/figure>\n\n\n\n<h3 class=\"wp-block-heading\"><span class=\"ez-toc-section\" id=\"10_Krapets_e_Durankulak\"><\/span>10. Krapets e Durankulak<span class=\"ez-toc-section-end\"><\/span><\/h3>\n\n\n\n<p class=\"wp-block-paragraph\">Se voc\u00ea busca solid\u00e3o absoluta e n\u00e3o se importa com uma viagem mais longa, siga rumo ao extremo norte, perto da fronteira romena. A longa faixa de areia entre a vila de Krapets e o lago Durankulak tem respeit\u00e1veis 6 quil\u00f4metros e \u00e9 formada por <strong>algumas das mais belas dunas naturais<\/strong> de todo o litoral do Mar Negro.<\/p>\n\n\n\n<p class=\"wp-block-paragraph\">Aqui n\u00e3o h\u00e1 hotel algum, nem baladas, nem cal\u00e7ad\u00f5es com lojinhas. A \u00e1rea \u00e9 procurada principalmente por mochileiros e amantes do camping, que v\u00eam em busca de sossego perfeito. N\u00e3o h\u00e1 salva-vidas na praia e, por causa do mar aberto, <strong>costuma ventar mais forte<\/strong>, o que, por outro lado, \u00e0s vezes atrai kitesurfistas solit\u00e1rios.<\/p>\n\n\n\n<p class=\"wp-block-paragraph\">Um pouco al\u00e9m da praia fica o lago Durankulak, importante \u00e1rea ornitol\u00f3gica. Para os amantes da natureza, \u00e9 a combina\u00e7\u00e3o ideal. Nas vilas ao redor funcionam apenas algumas pequenas pousadas e tavernas, onde voc\u00ea pode provar <strong>uma excelente berinjela assada, o mi\u0161-ma\u0161 fresquinho ou queijos de ovelha locais<\/strong>.<\/p>\n\n\n\n<figure data-wp-context=\"{&quot;imageId&quot;:&quot;6a9c29fe0a2d1&quot;}\" data-wp-interactive=\"core\/image\" data-wp-key=\"6a9c29fe0a2d1\" class=\"wp-block-image size-full wp-lightbox-container\"><img decoding=\"async\" width=\"1800\" height=\"1350\" data-wp-class--hide=\"state.isContentHidden\" data-wp-class--show=\"state.isContentVisible\" data-wp-init=\"callbacks.setButtonStyles\" data-wp-on--click=\"actions.showLightbox\" data-wp-on--load=\"callbacks.setButtonStyles\" data-wp-on--pointerdown=\"actions.preloadImage\" data-wp-on--pointerenter=\"actions.preloadImageWithDelay\" data-wp-on--pointerleave=\"actions.cancelPreload\" data-wp-on-window--resize=\"callbacks.setButtonStyles\" src=\"https:\/\/loudavymkrokem.cz\/wp-content\/uploads\/2026\/08\/bulharsko-research-plaze-bulharsko-16.jpg\" alt=\"A praia mais longa da Bulg\u00e1ria no delta do rio Kamchia\" class=\"wp-image-404220\" title=\"\" srcset=\"https:\/\/loudavymkrokem.cz\/wp-content\/uploads\/2026\/08\/bulharsko-research-plaze-bulharsko-16.jpg 1800w, https:\/\/loudavymkrokem.cz\/wp-content\/uploads\/2026\/08\/bulharsko-research-plaze-bulharsko-16-300x225.jpg 300w, https:\/\/loudavymkrokem.cz\/wp-content\/uploads\/2026\/08\/bulharsko-research-plaze-bulharsko-16-700x525.jpg 700w, https:\/\/loudavymkrokem.cz\/wp-content\/uploads\/2026\/08\/bulharsko-research-plaze-bulharsko-16-768x576.jpg 768w, https:\/\/loudavymkrokem.cz\/wp-content\/uploads\/2026\/08\/bulharsko-research-plaze-bulharsko-16-1536x1152.jpg 1536w, https:\/\/loudavymkrokem.cz\/wp-content\/uploads\/2026\/08\/bulharsko-research-plaze-bulharsko-16-80x60.jpg 80w, https:\/\/loudavymkrokem.cz\/wp-content\/uploads\/2026\/08\/bulharsko-research-plaze-bulharsko-16-160x120.jpg 160w, https:\/\/loudavymkrokem.cz\/wp-content\/uploads\/2026\/08\/bulharsko-research-plaze-bulharsko-16-696x522.jpg 696w, https:\/\/loudavymkrokem.cz\/wp-content\/uploads\/2026\/08\/bulharsko-research-plaze-bulharsko-16-1392x1044.jpg 1392w\" sizes=\"(max-width: 1800px) 100vw, 1800px\" \/><button\n\t\t\tclass=\"lightbox-trigger\"\n\t\t\ttype=\"button\"\n\t\t\taria-haspopup=\"dialog\"\n\t\t\tdata-wp-bind--aria-label=\"state.thisImage.triggerButtonAriaLabel\"\n\t\t\tdata-wp-init=\"callbacks.initTriggerButton\"\n\t\t\tdata-wp-on--click=\"actions.showLightbox\"\n\t\t\tdata-wp-style--right=\"state.thisImage.buttonRight\"\n\t\t\tdata-wp-style--top=\"state.thisImage.buttonTop\"\n\t\t>\n\t\t\t<svg xmlns=\"http:\/\/www.w3.org\/2000\/svg\" width=\"12\" height=\"12\" fill=\"none\" viewBox=\"0 0 12 12\">\n\t\t\t\t<path fill=\"#fff\" d=\"M2 0a2 2 0 0 0-2 2v2h1.5V2a.5.5 0 0 1 .5-.5h2V0H2Zm2 10.5H2a.5.5 0 0 1-.5-.5V8H0v2a2 2 0 0 0 2 2h2v-1.5ZM8 12v-1.5h2a.5.5 0 0 0 .5-.5V8H12v2a2 2 0 0 1-2 2H8Zm2-12a2 2 0 0 1 2 2v2h-1.5V2a.5.5 0 0 0-.5-.5H8V0h2Z\" \/>\n\t\t\t<\/svg>\n\t\t<\/button><figcaption class=\"wp-element-caption\">Foto: Svilen Enev Svik \/ Wikimedia Commons, CC BY-SA 3.0<\/figcaption><\/figure>\n\n\n\n<h3 class=\"wp-block-heading\"><span class=\"ez-toc-section\" id=\"11_Shkorpilovtsi_e_Kamchia\"><\/span>11. Shkorpilovtsi e Kamchia<span class=\"ez-toc-section-end\"><\/span><\/h3>\n\n\n\n<p class=\"wp-block-paragraph\">Essa faixa de areia ao sul de Varna det\u00e9m um recorde nacional importante. Juntas, as praias de Shkorpilovtsi e Kamchia, com 11,96 quil\u00f4metros, formam <strong>a praia cont\u00ednua mais longa de toda a Bulg\u00e1ria<\/strong>. Em alguns pontos, a largura do tapete de areia chega a incr\u00edveis 100 a 120 metros.<\/p>\n\n\n\n<p class=\"wp-block-paragraph\">A imprensa b\u00falgara apontou essa regi\u00e3o, para o ver\u00e3o de 2026, como o melhor lugar para fugir das multid\u00f5es de turistas. Gra\u00e7as \u00e0 \u00e1rea imensa, voc\u00ea nunca sente aquela sensa\u00e7\u00e3o de aperto. H\u00e1 at\u00e9 alguns hot\u00e9is e restaurantes menores, mas <strong>a maior parte da praia continua totalmente selvagem<\/strong> e cercada por densas florestas de carvalho.<\/p>\n\n\n\n<p class=\"wp-block-paragraph\">A regi\u00e3o abriga ainda a maior zona de camping legal do pa\u00eds. Se voc\u00ea gosta de liberdade, vai adorar saber que os trechos afastados ao norte, em Shkorpilovtsi, funcionam como <strong>praias de naturismo informais e toleradas<\/strong>. A novidade desta temporada \u00e9 que a administra\u00e7\u00e3o regional contratou salva-vidas pela primeira vez.<\/p>\n\n\n\n<figure data-wp-context=\"{&quot;imageId&quot;:&quot;6a9c29fe0aa96&quot;}\" data-wp-interactive=\"core\/image\" data-wp-key=\"6a9c29fe0aa96\" class=\"wp-block-image size-full wp-lightbox-container\"><img decoding=\"async\" width=\"1800\" height=\"1350\" data-wp-class--hide=\"state.isContentHidden\" data-wp-class--show=\"state.isContentVisible\" data-wp-init=\"callbacks.setButtonStyles\" data-wp-on--click=\"actions.showLightbox\" data-wp-on--load=\"callbacks.setButtonStyles\" data-wp-on--pointerdown=\"actions.preloadImage\" data-wp-on--pointerenter=\"actions.preloadImageWithDelay\" data-wp-on--pointerleave=\"actions.cancelPreload\" data-wp-on-window--resize=\"callbacks.setButtonStyles\" src=\"https:\/\/loudavymkrokem.cz\/wp-content\/uploads\/2026\/08\/bulharsko-research-plaze-bulharsko-17.jpg\" alt=\"Praia selvagem de Pasha dere ao sul de Varna\" class=\"wp-image-404223\" title=\"\" srcset=\"https:\/\/loudavymkrokem.cz\/wp-content\/uploads\/2026\/08\/bulharsko-research-plaze-bulharsko-17.jpg 1800w, https:\/\/loudavymkrokem.cz\/wp-content\/uploads\/2026\/08\/bulharsko-research-plaze-bulharsko-17-300x225.jpg 300w, https:\/\/loudavymkrokem.cz\/wp-content\/uploads\/2026\/08\/bulharsko-research-plaze-bulharsko-17-700x525.jpg 700w, https:\/\/loudavymkrokem.cz\/wp-content\/uploads\/2026\/08\/bulharsko-research-plaze-bulharsko-17-768x576.jpg 768w, https:\/\/loudavymkrokem.cz\/wp-content\/uploads\/2026\/08\/bulharsko-research-plaze-bulharsko-17-1536x1152.jpg 1536w, https:\/\/loudavymkrokem.cz\/wp-content\/uploads\/2026\/08\/bulharsko-research-plaze-bulharsko-17-80x60.jpg 80w, https:\/\/loudavymkrokem.cz\/wp-content\/uploads\/2026\/08\/bulharsko-research-plaze-bulharsko-17-160x120.jpg 160w, https:\/\/loudavymkrokem.cz\/wp-content\/uploads\/2026\/08\/bulharsko-research-plaze-bulharsko-17-696x522.jpg 696w, https:\/\/loudavymkrokem.cz\/wp-content\/uploads\/2026\/08\/bulharsko-research-plaze-bulharsko-17-1392x1044.jpg 1392w\" sizes=\"(max-width: 1800px) 100vw, 1800px\" \/><button\n\t\t\tclass=\"lightbox-trigger\"\n\t\t\ttype=\"button\"\n\t\t\taria-haspopup=\"dialog\"\n\t\t\tdata-wp-bind--aria-label=\"state.thisImage.triggerButtonAriaLabel\"\n\t\t\tdata-wp-init=\"callbacks.initTriggerButton\"\n\t\t\tdata-wp-on--click=\"actions.showLightbox\"\n\t\t\tdata-wp-style--right=\"state.thisImage.buttonRight\"\n\t\t\tdata-wp-style--top=\"state.thisImage.buttonTop\"\n\t\t>\n\t\t\t<svg xmlns=\"http:\/\/www.w3.org\/2000\/svg\" width=\"12\" height=\"12\" fill=\"none\" viewBox=\"0 0 12 12\">\n\t\t\t\t<path fill=\"#fff\" d=\"M2 0a2 2 0 0 0-2 2v2h1.5V2a.5.5 0 0 1 .5-.5h2V0H2Zm2 10.5H2a.5.5 0 0 1-.5-.5V8H0v2a2 2 0 0 0 2 2h2v-1.5ZM8 12v-1.5h2a.5.5 0 0 0 .5-.5V8H12v2a2 2 0 0 1-2 2H8Zm2-12a2 2 0 0 1 2 2v2h-1.5V2a.5.5 0 0 0-.5-.5H8V0h2Z\" \/>\n\t\t\t<\/svg>\n\t\t<\/button><figcaption class=\"wp-element-caption\">Foto: Original uploader was Svilen Enev at bg.wikipedia \/ Wikimedia Commons, CC BY-SA 3.0<\/figcaption><\/figure>\n\n\n\n<h3 class=\"wp-block-heading\"><span class=\"ez-toc-section\" id=\"12_Pasha_dere\"><\/span>12. Pasha dere<span class=\"ez-toc-section-end\"><\/span><\/h3>\n\n\n\n<p class=\"wp-block-paragraph\">Um pouco ao sul de Varna esconde-se o ref\u00fagio favorito dos pr\u00f3prios moradores dessa metr\u00f3pole. Pasha dere \u00e9 uma praia selvagem totalmente intocada, mas o acesso \u00e9 por uma <strong>estrada de terra muito ruim e esburacada<\/strong>. Se voc\u00ea n\u00e3o tem um 4&#215;4 de suspens\u00e3o alta, os locais recomendam deixar o carro l\u00e1 em cima e fazer o resto do caminho a p\u00e9.<\/p>\n\n\n\n<p class=\"wp-block-paragraph\">N\u00e3o espere estrutura aqui (n\u00e3o h\u00e1 sinal, \u00e1gua pot\u00e1vel nem lixeiras), mas a recompensa \u00e9 <strong>natureza pura, areia fininha e pouqu\u00edssima gente<\/strong>, mesmo em pleno agosto. As florestas ao redor d\u00e3o uma sombra agrad\u00e1vel, que muitas vezes falta em outros pontos do litoral.<\/p>\n\n\n\n<p class=\"wp-block-paragraph\">Pasha dere \u00e9 conhecida por sua atmosfera comunit\u00e1ria relaxada. \u00c0 noite, voc\u00ea costuma ouvir viol\u00f5es ao redor das fogueiras, e parte da praia <strong>\u00e9 tradicionalmente usada por adeptos do naturismo<\/strong>. \u00c9 o lugar ideal para uma fuga de um dia da agitada Varna, mas voc\u00ea precisa levar comida, \u00e1gua e sacos de lixo em quantidade suficiente.<\/p>\n\n\n\n<figure data-wp-context=\"{&quot;imageId&quot;:&quot;6a9c29fe0b0a6&quot;}\" data-wp-interactive=\"core\/image\" data-wp-key=\"6a9c29fe0b0a6\" class=\"wp-block-image size-full wp-lightbox-container\"><img decoding=\"async\" width=\"1800\" height=\"1350\" data-wp-class--hide=\"state.isContentHidden\" data-wp-class--show=\"state.isContentVisible\" data-wp-init=\"callbacks.setButtonStyles\" data-wp-on--click=\"actions.showLightbox\" data-wp-on--load=\"callbacks.setButtonStyles\" data-wp-on--pointerdown=\"actions.preloadImage\" data-wp-on--pointerenter=\"actions.preloadImageWithDelay\" data-wp-on--pointerleave=\"actions.cancelPreload\" data-wp-on-window--resize=\"callbacks.setButtonStyles\" src=\"https:\/\/loudavymkrokem.cz\/wp-content\/uploads\/2026\/08\/bulharsko-research-plaze-bulharsko-18.jpg\" alt=\"Praia selvagem de Karadere perto de Byala\" class=\"wp-image-404226\" title=\"\" srcset=\"https:\/\/loudavymkrokem.cz\/wp-content\/uploads\/2026\/08\/bulharsko-research-plaze-bulharsko-18.jpg 1800w, https:\/\/loudavymkrokem.cz\/wp-content\/uploads\/2026\/08\/bulharsko-research-plaze-bulharsko-18-300x225.jpg 300w, https:\/\/loudavymkrokem.cz\/wp-content\/uploads\/2026\/08\/bulharsko-research-plaze-bulharsko-18-700x525.jpg 700w, https:\/\/loudavymkrokem.cz\/wp-content\/uploads\/2026\/08\/bulharsko-research-plaze-bulharsko-18-768x576.jpg 768w, https:\/\/loudavymkrokem.cz\/wp-content\/uploads\/2026\/08\/bulharsko-research-plaze-bulharsko-18-1536x1152.jpg 1536w, https:\/\/loudavymkrokem.cz\/wp-content\/uploads\/2026\/08\/bulharsko-research-plaze-bulharsko-18-80x60.jpg 80w, https:\/\/loudavymkrokem.cz\/wp-content\/uploads\/2026\/08\/bulharsko-research-plaze-bulharsko-18-160x120.jpg 160w, https:\/\/loudavymkrokem.cz\/wp-content\/uploads\/2026\/08\/bulharsko-research-plaze-bulharsko-18-696x522.jpg 696w, https:\/\/loudavymkrokem.cz\/wp-content\/uploads\/2026\/08\/bulharsko-research-plaze-bulharsko-18-1392x1044.jpg 1392w\" sizes=\"(max-width: 1800px) 100vw, 1800px\" \/><button\n\t\t\tclass=\"lightbox-trigger\"\n\t\t\ttype=\"button\"\n\t\t\taria-haspopup=\"dialog\"\n\t\t\tdata-wp-bind--aria-label=\"state.thisImage.triggerButtonAriaLabel\"\n\t\t\tdata-wp-init=\"callbacks.initTriggerButton\"\n\t\t\tdata-wp-on--click=\"actions.showLightbox\"\n\t\t\tdata-wp-style--right=\"state.thisImage.buttonRight\"\n\t\t\tdata-wp-style--top=\"state.thisImage.buttonTop\"\n\t\t>\n\t\t\t<svg xmlns=\"http:\/\/www.w3.org\/2000\/svg\" width=\"12\" height=\"12\" fill=\"none\" viewBox=\"0 0 12 12\">\n\t\t\t\t<path fill=\"#fff\" d=\"M2 0a2 2 0 0 0-2 2v2h1.5V2a.5.5 0 0 1 .5-.5h2V0H2Zm2 10.5H2a.5.5 0 0 1-.5-.5V8H0v2a2 2 0 0 0 2 2h2v-1.5ZM8 12v-1.5h2a.5.5 0 0 0 .5-.5V8H12v2a2 2 0 0 1-2 2H8Zm2-12a2 2 0 0 1 2 2v2h-1.5V2a.5.5 0 0 0-.5-.5H8V0h2Z\" \/>\n\t\t\t<\/svg>\n\t\t<\/button><figcaption class=\"wp-element-caption\">Foto: Svilen Enev \/ Wikimedia Commons (CC BY-SA 3.0)<\/figcaption><\/figure>\n\n\n\n<!-- LKM_GYG_CARD start q=\"bulgaria\" lang=\"pt-br\" rendered=\"2026-09-05T13:22:18+00:00\" v=\"1\" -->\n<style id=\"lk-gyg-styles\">\n@import url(\"https:\/\/fonts.googleapis.com\/css2?family=Playfair+Display:wght@700&family=DM+Sans:wght@300;400;500;600&display=swap\");\n\/* === LK GYG karty \u2014 CRO redesign 2026-05 (namespace .lkx-) ===\n   C\u00edl: vy\u0161\u0161\u00ed CTR (hero + v\u00fdrazn\u00fd social proof + ak\u010dn\u00ed CTA, m\u00e9n\u011b \"reklamn\u00ed\").\n   Injektuje se inline do prvn\u00edho markeru postu (refresh_cards.py --inline-css). *\/\n.lkx-module, .lkx-module *{box-sizing:border-box;margin:0;padding:0}\n.lkx-module{\n  font-family:'DM Sans',-apple-system,Segoe UI,Roboto,Georgia,sans-serif;\n  max-width:860px;margin:2.5rem auto;color:#1f2328;\n}\n\n\/* HEADER \u2014 lehk\u00fd editorsk\u00fd, \u017e\u00e1dn\u00fd bannerov\u00fd blok; nadpis + popisek pod n\u00edm *\/\n.lkx-head{margin-bottom:16px}\n.lkx-head-main{display:flex;align-items:center;gap:10px}\n.lkx-head-accent{width:26px;height:3px;border-radius:2px;background:#c39f76;flex-shrink:0}\n.lkx-head-title{font-family:'Playfair Display',Georgia,serif;font-size:21px;font-weight:700;color:#1a1a1a;line-height:1.25}\n.lkx-head-meta{display:block;font-size:11px;letter-spacing:.3px;color:#9aa0a6;margin-top:4px;margin-left:36px}\n\n\/* HERO *\/\n.lkx-hero{display:grid;grid-template-columns:300px 1fr;background:#fff;border:1px solid #ece7df;border-radius:14px;overflow:hidden;text-decoration:none!important;color:inherit;box-shadow:0 6px 20px rgba(0,0,0,.06);transition:box-shadow .2s,transform .2s;margin-bottom:14px}\n.lkx-hero:hover{box-shadow:0 12px 30px rgba(0,0,0,.12);transform:translateY(-2px)}\n.lkx-hero-img{position:relative;min-height:230px;background-size:cover;background-position:center;background-color:#eee}\n.lkx-hero-body{padding:22px 24px;display:flex;flex-direction:column}\n.lkx-pick{position:absolute;top:12px;left:12px;background:#1a1a1a;color:#fff;font-size:11px;font-weight:700;letter-spacing:.5px;padding:5px 11px;border-radius:20px}\n\n\/* TITLE *\/\n.lkx-title{font-size:19px;font-weight:700;color:#161616;line-height:1.3}\n.lkx-title-sm{font-size:14.5px;line-height:1.35;display:-webkit-box;-webkit-line-clamp:2;-webkit-box-orient:vertical;overflow:hidden}\n\n\/* SOCIAL PROOF \u2014 v\u00fdrazn\u011b, naho\u0159e *\/\n.lkx-proof{display:flex;align-items:center;gap:7px;margin-top:12px;font-size:15px;color:#3a3a3a}\n.lkx-proof b{font-size:16px;color:#161616}\n.lkx-stars{color:#f5a623;letter-spacing:1px}\n.lkx-proof-sm{font-size:12.5px;margin-top:8px;gap:5px}\n.lkx-proof-sm b{font-size:13px}\n.lkx-proof-new{color:#3685fc;font-weight:600}\n\n\/* PRICE \u2014 n\u00edzk\u00e1 kotva *\/\n.lkx-price{font-size:14px;color:#6b7280}\n.lkx-price b{font-size:20px;color:#161616;font-weight:700}\n.lkx-price-sm b{font-size:15px}\n\n\/* CTA \u2014 tepl\u00e9 ak\u010dn\u00ed tla\u010d\u00edtko *\/\n.lkx-cta{display:inline-flex;align-items:center;justify-content:center;text-decoration:none!important;font-weight:700;color:#fff!important;background:linear-gradient(135deg,#f6743f,#e8552a);border-radius:10px;box-shadow:0 6px 16px rgba(232,85,42,.32);transition:box-shadow .2s}\n.lkx-cta-hero{font-size:15px;padding:13px 22px}\n.lkx-hero:hover .lkx-cta-hero{box-shadow:0 8px 22px rgba(232,85,42,.45)}\n.lkx-cta-sm{font-size:12.5px;padding:9px 14px;width:100%;margin-top:2px}\n.lkx-hero-bottom{margin-top:auto;padding-top:18px;display:flex;align-items:center;justify-content:space-between;gap:14px;flex-wrap:wrap}\n\n\/* BADGE \u2014 jeden v\u00fdrazn\u00fd na fotce *\/\n.lkx-badge{position:absolute;top:12px;right:12px;font-size:10.5px;font-weight:700;letter-spacing:.3px;padding:5px 10px;border-radius:16px;color:#fff}\n.lkx-badge.badge-urgency{background:rgba(214,40,40,.92)}\n.lkx-badge.badge-new{background:rgba(54,133,252,.92)}\n.lkx-badge.badge-top{background:rgba(195,159,118,.95)}\n.lkx-badge.badge-info{background:rgba(40,40,40,.78)}\n\n\/* SECONDARY GRID *\/\n.lkx-grid{display:grid;grid-template-columns:1fr 1fr;gap:14px}\n.lkx-card{background:#fff;border:1px solid #ece7df;border-radius:14px;overflow:hidden;text-decoration:none!important;color:inherit;box-shadow:0 4px 14px rgba(0,0,0,.05);display:flex;flex-direction:column;transition:box-shadow .2s,transform .2s}\n.lkx-card:hover{box-shadow:0 10px 24px rgba(0,0,0,.1);transform:translateY(-2px)}\n.lkx-card-img{position:relative;aspect-ratio:16\/10;background-size:cover;background-position:center;background-color:#eee}\n.lkx-card-body{padding:14px 16px 16px;display:flex;flex-direction:column;gap:7px;flex:1}\n.lkx-card-bottom{margin-top:auto;padding-top:10px;display:flex;align-items:center;justify-content:space-between;gap:8px}\n\n\/* DISCLOSURE \u2014 drobn\u00e1, kv\u016fli d\u016fv\u011b\u0159e\/z\u00e1konu *\/\n.lkx-disclosure{font-size:11px;color:#a7adb3;text-align:center;margin-top:14px;line-height:1.6}\n.lkx-disclosure a{color:#c39f76;text-decoration:none}\n\n@media(max-width:680px){\n  .lkx-hero{grid-template-columns:1fr}\n  .lkx-hero-img{min-height:180px}\n  .lkx-grid{grid-template-columns:1fr}\n  .lkx-head-meta{margin-left:0;width:100%}\n  .lkx-head-title{font-size:19px}\n}\n\n<\/style>\n<div class=\"lkx-module\" data-query=\"bulgaria\">\n  <div class=\"lkx-head\">\n    <div class=\"lkx-head-main\">\n      <span class=\"lkx-head-accent\"><\/span>\n      <span class=\"lkx-head-title\">Experi\u00eancias e ingressos<\/span>\n    <\/div>\n    <span class=\"lkx-head-meta\">avaliado por viajantes \u00b7 GetYourGuide<\/span>\n  <\/div><a class=\"lkx-hero\" href=\"https:\/\/www.getyourguide.com\/pt-br\/pomorie-l149447\/sunny-beach-excursao-aos-lagos-de-sal-e-banhos-de-lama-t1259959\/?partner_id=MKZ64IS&amp;utm_medium=online_publisher&amp;cmp=praias-bulgaria-melhores\" target=\"_blank\" rel=\"sponsored noopener nofollow\">\n    <div class=\"lkx-hero-img\" style=\"background-image:url('https:\/\/cdn.getyourguide.com\/img\/tour\/378ce030b6b58bfca59767d2cffdf74a461b5fb0d66cd6d8a87bf21be2776b91.jpg\/132.jpg')\" role=\"img\" aria-label=\"Sunny Beach: Excurs\u00e3o aos Lagos de Sal e Banhos de Lama\">\n      <span class=\"lkx-pick\">\u2605 Nossa escolha<\/span><\/div>\n    <div class=\"lkx-hero-body\">\n      <div class=\"lkx-title\">Sunny Beach: Excurs\u00e3o aos Lagos de Sal e Banhos de Lama<\/div>\n      <div class=\"lkx-proof\">\n      <span class=\"lkx-stars\">\u2605\u2605\u2605\u2605\u2605<\/span>\n      <b>4.7<\/b> \u00b7 119 avalia\u00e7\u00f5es\n    <\/div>\n      <div class=\"lkx-hero-bottom\"><div class=\"lkx-price\">a partir de <b>\u20ac\u00a045<\/b><\/div><span class=\"lkx-cta lkx-cta-hero\">Quero viver isso \u2192<\/span>\n      <\/div>\n    <\/div>\n  <\/a><div class=\"lkx-disclosure\">\ud83d\udd17 Links de afiliados \u2014 n\u00e3o mudam seu pre\u00e7o e nos ajudam a criar conte\u00fado. \u00b7 <a href=\"https:\/\/www.getyourguide.com\/pt-br\/s\/?q=bulgaria&amp;partner_id=MKZ64IS&amp;utm_medium=online_publisher\" target=\"_blank\" rel=\"sponsored noopener nofollow\">Todas as experi\u00eancias \u2192<\/a><\/div>\n<\/div>\n<!-- LKM_GYG_CARD end -->\n\n\n\n\n<div class=\"lk-stays-module\">\n<style>\n\/* \u2500\u2500\u2500 RESET PRO GUTENBERG \u2500\u2500\u2500 *\/\n.lk-stays-module * { box-sizing: border-box; margin: 0; padding: 0; }\n\n\/* \u2500\u2500\u2500 WRAPPER \u2500\u2500\u2500 *\/\n.lk-stays-module {\n  font-family: 'DM Sans', Georgia, sans-serif;\n  max-width: 100%;\n  margin: 2.5rem auto;\n  background: linear-gradient(135deg, #fdfaf5 0%, #fcf8f0 100%);\n  border: 1px solid #e8dfd4;\n  border-radius: 16px;\n  overflow: hidden;\n  box-shadow: 0 16px 48px rgba(195, 159, 118, 0.25), 0 4px 12px rgba(0,0,0,0.08);\n}\n\n\/* \u2500\u2500\u2500 HEADER \u2500\u2500\u2500 *\/\n.lk-stays-header {\n  position: relative;\n  padding: 24px 36px 24px;\n  background: linear-gradient(135deg, #c39f76 0%, #d4b188 60%, #c39f76 100%);\n  border-bottom: 1px solid rgba(255,255,255,.15);\n  display: flex;\n  align-items: center;\n  gap: 18px;\n}\n.lk-stays-header::before {\n  content: '';\n  position: absolute;\n  inset: 0;\n  background: url(\"data:image\/svg+xml,%3Csvg width='60' height='60' viewBox='0 0 60 60' xmlns='http:\/\/www.w3.org\/2000\/svg'%3E%3Cg fill='none' fill-rule='evenodd'%3E%3Cg fill='%23ffffff' fill-opacity='0.05'%3E%3Cpath d='M36 34v-4h-2v4h-4v2h4v4h2v-4h4v-2h-4zm0-30V0h-2v4h-4v2h4v4h2V6h4V4h-4zM6 34v-4H4v4H0v2h4v4h2v-4h4v-2H6zM6 4V0H4v4H0v2h4v4h2V6h4V4H6z'\/%3E%3C\/g%3E%3C\/g%3E%3C\/svg%3E\") repeat;\n  pointer-events: none;\n}\n.lk-stays-icon {\n  flex-shrink: 0;\n  width: 68px;\n  height: 68px;\n  border-radius: 14px;\n  background: linear-gradient(135deg, #fff 0%, #f9f6f0 100%);\n  display: flex;\n  align-items: center;\n  justify-content: center;\n  font-size: 26px;\n  box-shadow: 0 4px 12px rgba(0,0,0,0.15);\n}\n.lk-stays-eyebrow {\n  font-size: 10px;\n  font-weight: 500;\n  letter-spacing: 2.5px;\n  text-transform: uppercase;\n  color: rgba(255,255,255,.85);\n  margin: 0 0 5px 0;\n}\n.lk-stays-title {\n  font-family: 'Playfair Display', Georgia, serif;\n  font-size: 24px;\n  font-weight: 700;\n  color: #fff;\n  line-height: 1.2;\n  text-shadow: 0 1px 2px rgba(0,0,0,0.1);\n  margin: 0;\n}\n.lk-stays-subtitle {\n  font-size: 13px;\n  color: rgba(255,255,255,.75);\n  margin: 4px 0 0 0;\n  font-weight: 300;\n}\n\n\/* \u2500\u2500\u2500 CARDS GRID \u2500\u2500\u2500 *\/\n.lk-stays-grid {\n  display: grid;\n  grid-template-columns: 1fr 1fr;\n  gap: 1px;\n  background: rgba(195, 159, 118, 0.12);\n}\n\n\/* \u2500\u2500\u2500 SINGLE CARD \u2500\u2500\u2500 *\/\n.lk-stay-card {\n  background: #ffffff;\n  padding: 26px;\n  display: flex;\n  flex-direction: column;\n  gap: 11px;\n  transition: all 0.3s ease;\n  text-decoration: none;\n  color: inherit;\n  position: relative;\n}\n.lk-stay-card:hover {\n  background: #fffbf5;\n  transform: translateY(-2px);\n  box-shadow: 0 8px 24px rgba(195, 159, 118, 0.18);\n  z-index: 1;\n}\n.lk-stay-card.featured {\n  background: linear-gradient(135deg, #fffdf9 0%, #fff9f0 100%);\n  box-shadow: 0 4px 16px rgba(195, 159, 118, 0.15), inset 0 1px 0 rgba(195, 159, 118, 0.1);\n}\n.lk-stay-card.featured:hover {\n  background: linear-gradient(135deg, #fffbf5 0%, #fff8ed 100%);\n  box-shadow: 0 8px 24px rgba(195, 159, 118, 0.25), inset 0 1px 0 rgba(195, 159, 118, 0.15);\n}\n\n.lk-stay-badge {\n  display: inline-flex;\n  align-items: center;\n  gap: 5px;\n  font-size: 10px;\n  font-weight: 500;\n  letter-spacing: 1.5px;\n  text-transform: uppercase;\n  padding: 5px 11px;\n  border-radius: 20px;\n  width: fit-content;\n}\n.badge-top     { background: linear-gradient(135deg, #c39f76 0%, #d4b188 100%); color: #fff; border: 1px solid #c39f76; font-weight: 600; box-shadow: 0 2px 8px rgba(195,159,118,0.3); }\n.badge-luxury  { background: rgba(195,159,118,.12); color: #c39f76; border: 1px solid rgba(195,159,118,.25); }\n.badge-boutique{ background: rgba(54,133,252,.08); color: #3685fc; border: 1px solid rgba(54,133,252,.2); }\n.badge-nature  { background: rgba(130,190,100,.1); color: #6b9c4a; border: 1px solid rgba(130,190,100,.2); }\n.badge-remote  { background: rgba(195,159,118,.12); color: #a67e50; border: 1px solid rgba(195,159,118,.25); }\n\n.lk-stay-name {\n  font-family: 'Playfair Display', Georgia, serif;\n  font-size: 18px;\n  font-weight: 700;\n  color: #111827;\n  line-height: 1.3;\n}\n.lk-stay-desc {\n  font-size: 13.5px;\n  color: #525252;\n  line-height: 1.65;\n  font-weight: 300;\n  flex: 1;\n}\n\n.lk-stay-meta {\n  display: flex;\n  align-items: center;\n  gap: 12px;\n  flex-wrap: wrap;\n  margin-top: 4px;\n}\n.lk-stay-price {\n  font-size: 13px;\n  color: #6b7280;\n}\n.lk-stay-price strong {\n  color: #c39f76;\n  font-weight: 500;\n}\n.lk-stay-stars {\n  color: #c39f76;\n  font-size: 11px;\n  letter-spacing: 1px;\n}\n\n\/* \u2500\u2500\u2500 CTA BUTTON \u2500\u2500\u2500 *\/\n.lk-stay-cta {\n  display: inline-flex;\n  align-items: center;\n  justify-content: center;\n  gap: 7px;\n  margin-top: 8px;\n  padding: 11px 20px;\n  border-radius: 8px;\n  background: linear-gradient(135deg, #3685fc 0%, #2a6fd9 100%);\n  color: #fff;\n  font-size: 13px;\n  font-weight: 500;\n  text-decoration: none;\n  letter-spacing: .3px;\n  transition: all .2s ease;\n  cursor: pointer;\n  border: none;\n  text-align: center;\n  box-shadow: 0 4px 12px rgba(54, 133, 252, 0.25);\n}\n.lk-stay-cta:hover {\n  background: linear-gradient(135deg, #2a6fd9 0%, #1e5bc4 100%);\n  transform: translateY(-1px);\n  box-shadow: 0 6px 16px rgba(54, 133, 252, 0.35);\n}\n.lk-stay-cta svg { flex-shrink: 0; }\n\n\/* \u2500\u2500\u2500 FOOTER \u2500\u2500\u2500 *\/\n.lk-stays-footer {\n  padding: 18px 36px;\n  background: linear-gradient(to bottom, #fdfaf5 0%, #f9f4ed 100%);\n  border-top: 1px solid rgba(195, 159, 118, 0.15);\n  display: flex;\n  align-items: center;\n  justify-content: space-between;\n  flex-wrap: wrap;\n  gap: 12px;\n}\n.lk-stays-footer-note {\n  font-size: 11.5px;\n  color: #6b7280;\n  font-weight: 300;\n  line-height: 1.5;\n}\n.lk-stays-footer-note a {\n  color: #c39f76;\n  text-decoration: none;\n  font-weight: 400;\n}\n.lk-stays-footer-note a:hover {\n  text-decoration: underline;\n}\n.lk-stays-all-btn {\n  display: inline-flex;\n  align-items: center;\n  gap: 6px;\n  font-size: 12.5px;\n  font-weight: 500;\n  color: #c39f76;\n  text-decoration: none;\n  border: 1px solid rgba(195, 159, 118, 0.35);\n  padding: 8px 18px;\n  border-radius: 8px;\n  transition: all .2s ease;\n}\n.lk-stays-all-btn:hover {\n  background: rgba(195, 159, 118, 0.08);\n  border-color: rgba(195, 159, 118, 0.5);\n}\n\n\/* \u2500\u2500\u2500 RESPONSIVE \u2500\u2500\u2500 *\/\n@media (max-width: 600px) {\n  .lk-stays-grid { grid-template-columns: 1fr; }\n  .lk-stays-header { padding: 24px 20px; }\n  .lk-stays-footer { padding: 16px 20px; }\n  .lk-stay-card { padding: 22px; }\n  .lk-stays-title { font-size: 20px; }\n}\n<\/style>\n\n  <!-- HEADER -->\n  <div class=\"lk-stays-header\">\n    <img decoding=\"async\" src=\"https:\/\/loudavymkrokem.cz\/wp-content\/uploads\/2026\/02\/lukas-a-lucka.jpg\" alt=\"\" style=\"width: 75px; height: 75px; border-radius: 8px; flex-shrink: 0; object-fit: cover; display: block; margin: 4px 0;\" title=\"\">\n    <div class=\"lk-stays-header-text\">\n      <div class=\"lk-stays-eyebrow\">Luk\u00e1\u0161 e Lucie recomendam<\/div>\n      <div class=\"lk-stays-title\">Onde se hospedar na Bulg\u00e1ria<\/div>\n      <div class=\"lk-stays-subtitle\">6 acomoda\u00e7\u00f5es \u2014 hot\u00e9is e outras op\u00e7\u00f5es de hospedagem<\/div>\n    <\/div>\n  <\/div>\n\n  <!-- CARDS -->\n  <div class=\"lk-stays-grid\">\n\n    <a class=\"lk-stay-card featured\" href=\"https:\/\/www.stay22.com\/allez\/roam?aid=lukaskonecny&#038;campaign=loudavymkrokemcz&#038;campaign=pt-br&#038;campaign=plaze-bulharsko&#038;address=Albena%2C%20Bulharsko\" target=\"_blank\" rel=\"nofollow noopener\">\n      <span class=\"lk-stay-badge badge-top\">\u2b50 MELHOR ESCOLHA<\/span>\n      <span class=\"lk-stay-badge badge-nature\">\ud83c\udfd6\ufe0f Beach<\/span>\n      <div class=\"lk-stay-name\">Acomoda\u00e7\u00e3o em Albena<\/div>\n      <div class=\"lk-stay-desc\">Complexo resort fechado com praia de 6 km, entrada mais suave no mar da costa, ideal para fam\u00edlias com crian\u00e7as.<\/div>\n      <div class=\"lk-stay-meta\">\n        <span class=\"lk-stay-stars\">\u2605\u2605\u2605\u2605<\/span>\n        <span class=\"lk-stay-price\">Verificar pre\u00e7os<\/span>\n      <\/div>\n      <span class=\"lk-stay-cta\">\n        <svg width=\"14\" height=\"14\" viewBox=\"0 0 24 24\" fill=\"none\" stroke=\"currentColor\" stroke-width=\"2\"><path d=\"M18 13v6a2 2 0 0 1-2 2H5a2 2 0 0 1-2-2V8a2 2 0 0 1 2-2h6\"\/><polyline points=\"15 3 21 3 21 9\"\/><line x1=\"10\" y1=\"14\" x2=\"21\" y2=\"3\"\/><\/svg>\n        Verificar disponibilidade\n      <\/span>\n    <\/a>\n\n    <a class=\"lk-stay-card\" href=\"https:\/\/www.stay22.com\/allez\/roam?aid=lukaskonecny&#038;campaign=loudavymkrokemcz&#038;campaign=pt-br&#038;campaign=plaze-bulharsko&#038;address=Kranevo%2C%20Bulharsko\" target=\"_blank\" rel=\"nofollow noopener\">\n      <span class=\"lk-stay-badge badge-nature\">\ud83c\udfd6\ufe0f Beach<\/span>\n      <div class=\"lk-stay-name\">Acomoda\u00e7\u00e3o em Kranevo<\/div>\n      <div class=\"lk-stay-desc\">Alternativa mais tranquila a Albena com praia de qualidade premium com Bandeira Azul, pre\u00e7os mais baixos que os resorts vizinhos.<\/div>\n      <div class=\"lk-stay-meta\">\n        <span class=\"lk-stay-stars\">\u2605\u2605\u2605\u2605<\/span>\n        <span class=\"lk-stay-price\">Verificar pre\u00e7os<\/span>\n      <\/div>\n      <span class=\"lk-stay-cta\">\n        <svg width=\"14\" height=\"14\" viewBox=\"0 0 24 24\" fill=\"none\" stroke=\"currentColor\" stroke-width=\"2\"><path d=\"M18 13v6a2 2 0 0 1-2 2H5a2 2 0 0 1-2-2V8a2 2 0 0 1 2-2h6\"\/><polyline points=\"15 3 21 3 21 9\"\/><line x1=\"10\" y1=\"14\" x2=\"21\" y2=\"3\"\/><\/svg>\n        Verificar disponibilidade\n      <\/span>\n    <\/a>\n\n    <a class=\"lk-stay-card\" href=\"https:\/\/www.stay22.com\/allez\/roam?aid=lukaskonecny&#038;campaign=loudavymkrokemcz&#038;campaign=pt-br&#038;campaign=plaze-bulharsko&#038;address=Zlat%C3%A9%20p%C3%ADsky%2C%20Bulharsko\" target=\"_blank\" rel=\"nofollow noopener\">\n      <span class=\"lk-stay-badge badge-nature\">\ud83c\udfd6\ufe0f Beach<\/span>\n      <div class=\"lk-stay-name\">Acomoda\u00e7\u00e3o em Golden Sands<\/div>\n      <div class=\"lk-stay-desc\">Segundo maior resort do pa\u00eds com praia de 3,5 km em parque natural, dezenas de bares de praia e vida noturna ativa.<\/div>\n      <div class=\"lk-stay-meta\">\n        <span class=\"lk-stay-stars\">\u2605\u2605\u2605\u2605<\/span>\n        <span class=\"lk-stay-price\">Verificar pre\u00e7os<\/span>\n      <\/div>\n      <span class=\"lk-stay-cta\">\n        <svg width=\"14\" height=\"14\" viewBox=\"0 0 24 24\" fill=\"none\" stroke=\"currentColor\" stroke-width=\"2\"><path d=\"M18 13v6a2 2 0 0 1-2 2H5a2 2 0 0 1-2-2V8a2 2 0 0 1 2-2h6\"\/><polyline points=\"15 3 21 3 21 9\"\/><line x1=\"10\" y1=\"14\" x2=\"21\" y2=\"3\"\/><\/svg>\n        Verificar disponibilidade\n      <\/span>\n    <\/a>\n\n    <a class=\"lk-stay-card\" href=\"https:\/\/www.stay22.com\/allez\/roam?aid=lukaskonecny&#038;campaign=loudavymkrokemcz&#038;campaign=pt-br&#038;campaign=plaze-bulharsko&#038;address=Slune%C4%8Dn%C3%A9%20pob%C5%99e%C5%BE%C3%AD%2C%20Bulharsko\" target=\"_blank\" rel=\"nofollow noopener\">\n      <span class=\"lk-stay-badge badge-nature\">\ud83c\udfd6\ufe0f Beach<\/span>\n      <div class=\"lk-stay-name\">Acomoda\u00e7\u00e3o em Sunny Beach<\/div>\n      <div class=\"lk-stay-desc\">Maior resort b\u00falgaro com praia de 6,1 km, centro tur\u00edstico com vida noturna vibrante e parques aqu\u00e1ticos.<\/div>\n      <div class=\"lk-stay-meta\">\n        <span class=\"lk-stay-stars\">\u2605\u2605\u2605\u2605<\/span>\n        <span class=\"lk-stay-price\">Verificar pre\u00e7os<\/span>\n      <\/div>\n      <span class=\"lk-stay-cta\">\n        <svg width=\"14\" height=\"14\" viewBox=\"0 0 24 24\" fill=\"none\" stroke=\"currentColor\" stroke-width=\"2\"><path d=\"M18 13v6a2 2 0 0 1-2 2H5a2 2 0 0 1-2-2V8a2 2 0 0 1 2-2h6\"\/><polyline points=\"15 3 21 3 21 9\"\/><line x1=\"10\" y1=\"14\" x2=\"21\" y2=\"3\"\/><\/svg>\n        Verificar disponibilidade\n      <\/span>\n    <\/a>\n\n    <a class=\"lk-stay-card\" href=\"https:\/\/www.stay22.com\/allez\/roam?aid=lukaskonecny&#038;campaign=loudavymkrokemcz&#038;campaign=pt-br&#038;campaign=plaze-bulharsko&#038;address=Nesebar%2C%20Bulharsko\" target=\"_blank\" rel=\"nofollow noopener\">\n      <span class=\"lk-stay-badge badge-nature\">\ud83c\udfe8 Hotel<\/span>\n      <div class=\"lk-stay-name\">Acomoda\u00e7\u00e3o em Nesebar<\/div>\n      <div class=\"lk-stay-desc\">Cidade hist\u00f3rica UNESCO com praia ao sul, atmosfera cultivada, combina\u00e7\u00e3o de banho de mar e visita a monumentos.<\/div>\n      <div class=\"lk-stay-meta\">\n        <span class=\"lk-stay-stars\">\u2605\u2605\u2605\u2605<\/span>\n        <span class=\"lk-stay-price\">Verificar pre\u00e7os<\/span>\n      <\/div>\n      <span class=\"lk-stay-cta\">\n        <svg width=\"14\" height=\"14\" viewBox=\"0 0 24 24\" fill=\"none\" stroke=\"currentColor\" stroke-width=\"2\"><path d=\"M18 13v6a2 2 0 0 1-2 2H5a2 2 0 0 1-2-2V8a2 2 0 0 1 2-2h6\"\/><polyline points=\"15 3 21 3 21 9\"\/><line x1=\"10\" y1=\"14\" x2=\"21\" y2=\"3\"\/><\/svg>\n        Verificar disponibilidade\n      <\/span>\n    <\/a>\n\n    <a class=\"lk-stay-card\" href=\"https:\/\/www.stay22.com\/allez\/roam?aid=lukaskonecny&#038;campaign=loudavymkrokemcz&#038;campaign=pt-br&#038;campaign=plaze-bulharsko&#038;address=Sozopol%2C%20Bulharsko\" target=\"_blank\" rel=\"nofollow noopener\">\n      <span class=\"lk-stay-badge badge-nature\">\ud83c\udfe8 Hotel<\/span>\n      <div class=\"lk-stay-name\">Acomoda\u00e7\u00e3o em Sozopol<\/div>\n      <div class=\"lk-stay-desc\">Resort mais charmoso do sul com centro antigo, duas praias com Bandeira Azul, melhor gastronomia.<\/div>\n      <div class=\"lk-stay-meta\">\n        <span class=\"lk-stay-stars\">\u2605\u2605\u2605\u2605<\/span>\n        <span class=\"lk-stay-price\">Verificar pre\u00e7os<\/span>\n      <\/div>\n      <span class=\"lk-stay-cta\">\n        <svg width=\"14\" height=\"14\" viewBox=\"0 0 24 24\" fill=\"none\" stroke=\"currentColor\" stroke-width=\"2\"><path d=\"M18 13v6a2 2 0 0 1-2 2H5a2 2 0 0 1-2-2V8a2 2 0 0 1 2-2h6\"\/><polyline points=\"15 3 21 3 21 9\"\/><line x1=\"10\" y1=\"14\" x2=\"21\" y2=\"3\"\/><\/svg>\n        Verificar disponibilidade\n      <\/span>\n    <\/a>\n\n  <\/div>\n\n  \n<\/div>\n\n\n\n\n<h3 class=\"wp-block-heading\"><span class=\"ez-toc-section\" id=\"13_Karadere\"><\/span>13. Karadere<span class=\"ez-toc-section-end\"><\/span><\/h3>\n\n\n\n<p class=\"wp-block-paragraph\">Mais ou menos na metade do caminho entre Varna e Burgas, perto da cidadezinha de Byala, fica uma praia que h\u00e1 anos desperta emo\u00e7\u00f5es enormes. Karadere tem v\u00e1rios quil\u00f4metros e \u00e9 <strong>natureza selvagem de verdade, protegida pelo programa <a href=\"https:\/\/ec.europa.eu\/environment\/nature\/natura2000\/index_en.htm\" rel=\"nofollow noopener\" target=\"_blank\">Natura 2000<\/a><\/strong>. O acesso \u00e9 por uma estrada de terra muito ruim, que, depois de uma chuva mais forte, fica totalmente intransit\u00e1vel para carros baixos comuns.<\/p>\n\n\n\n<p class=\"wp-block-paragraph\">Em Karadere n\u00e3o h\u00e1 eletricidade, lixeiras nem salva-vidas, e <strong>a \u00fanica fonte de \u00e1gua pot\u00e1vel \u00e9 uma pequena nascente<\/strong> na floresta. \u00c9 justamente isso que atrai a fauna selvagem: todo ver\u00e3o v\u00eam para c\u00e1 artistas, surfistas e gente que n\u00e3o precisa da civiliza\u00e7\u00e3o. A ba\u00eda \u00e9 ainda conhecida por golfinhos selvagens aparecerem com frequ\u00eancia bem perto da margem.<\/p>\n\n\n\n<p class=\"wp-block-paragraph\">Infelizmente, o local est\u00e1 sob constante amea\u00e7a de planos de grandes incorporadoras, contra os quais protestos s\u00e3o organizados com regularidade. A iniciativa ambiental &#8220;Da spasim Karadere&#8221; lutou pela prote\u00e7\u00e3o da natureza tamb\u00e9m em 2025. Para mochileiros, \u00e9 um lugar deslumbrante, mas <strong>com motorhome definitivamente n\u00e3o venha para c\u00e1 este ano<\/strong> (mais detalhes na se\u00e7\u00e3o sobre camping abaixo).<\/p>\n\n\n\n<figure data-wp-context=\"{&quot;imageId&quot;:&quot;6a9c29fe0ba39&quot;}\" data-wp-interactive=\"core\/image\" data-wp-key=\"6a9c29fe0ba39\" class=\"wp-block-image size-full wp-lightbox-container\"><img decoding=\"async\" width=\"1800\" height=\"1350\" data-wp-class--hide=\"state.isContentHidden\" data-wp-class--show=\"state.isContentVisible\" data-wp-init=\"callbacks.setButtonStyles\" data-wp-on--click=\"actions.showLightbox\" data-wp-on--load=\"callbacks.setButtonStyles\" data-wp-on--pointerdown=\"actions.preloadImage\" data-wp-on--pointerenter=\"actions.preloadImageWithDelay\" data-wp-on--pointerleave=\"actions.cancelPreload\" data-wp-on-window--resize=\"callbacks.setButtonStyles\" src=\"https:\/\/loudavymkrokem.cz\/wp-content\/uploads\/2026\/08\/bulharsko-research-plaze-bulharsko-19.jpg\" alt=\"Balne\u00e1rio no litoral b\u00falgaro\" class=\"wp-image-404230\" title=\"\" srcset=\"https:\/\/loudavymkrokem.cz\/wp-content\/uploads\/2026\/08\/bulharsko-research-plaze-bulharsko-19.jpg 1800w, https:\/\/loudavymkrokem.cz\/wp-content\/uploads\/2026\/08\/bulharsko-research-plaze-bulharsko-19-300x225.jpg 300w, https:\/\/loudavymkrokem.cz\/wp-content\/uploads\/2026\/08\/bulharsko-research-plaze-bulharsko-19-700x525.jpg 700w, https:\/\/loudavymkrokem.cz\/wp-content\/uploads\/2026\/08\/bulharsko-research-plaze-bulharsko-19-768x576.jpg 768w, https:\/\/loudavymkrokem.cz\/wp-content\/uploads\/2026\/08\/bulharsko-research-plaze-bulharsko-19-1536x1152.jpg 1536w, https:\/\/loudavymkrokem.cz\/wp-content\/uploads\/2026\/08\/bulharsko-research-plaze-bulharsko-19-80x60.jpg 80w, https:\/\/loudavymkrokem.cz\/wp-content\/uploads\/2026\/08\/bulharsko-research-plaze-bulharsko-19-160x120.jpg 160w, https:\/\/loudavymkrokem.cz\/wp-content\/uploads\/2026\/08\/bulharsko-research-plaze-bulharsko-19-696x522.jpg 696w, https:\/\/loudavymkrokem.cz\/wp-content\/uploads\/2026\/08\/bulharsko-research-plaze-bulharsko-19-1392x1044.jpg 1392w\" sizes=\"(max-width: 1800px) 100vw, 1800px\" \/><button\n\t\t\tclass=\"lightbox-trigger\"\n\t\t\ttype=\"button\"\n\t\t\taria-haspopup=\"dialog\"\n\t\t\tdata-wp-bind--aria-label=\"state.thisImage.triggerButtonAriaLabel\"\n\t\t\tdata-wp-init=\"callbacks.initTriggerButton\"\n\t\t\tdata-wp-on--click=\"actions.showLightbox\"\n\t\t\tdata-wp-style--right=\"state.thisImage.buttonRight\"\n\t\t\tdata-wp-style--top=\"state.thisImage.buttonTop\"\n\t\t>\n\t\t\t<svg xmlns=\"http:\/\/www.w3.org\/2000\/svg\" width=\"12\" height=\"12\" fill=\"none\" viewBox=\"0 0 12 12\">\n\t\t\t\t<path fill=\"#fff\" d=\"M2 0a2 2 0 0 0-2 2v2h1.5V2a.5.5 0 0 1 .5-.5h2V0H2Zm2 10.5H2a.5.5 0 0 1-.5-.5V8H0v2a2 2 0 0 0 2 2h2v-1.5ZM8 12v-1.5h2a.5.5 0 0 0 .5-.5V8H12v2a2 2 0 0 1-2 2H8Zm2-12a2 2 0 0 1 2 2v2h-1.5V2a.5.5 0 0 0-.5-.5H8V0h2Z\" \/>\n\t\t\t<\/svg>\n\t\t<\/button><figcaption class=\"wp-element-caption\">Foto: Denitsa Kireva \/ Pexels<\/figcaption><\/figure>\n\n\n\n<h2 class=\"wp-block-heading\"><span class=\"ez-toc-section\" id=\"Os_classicos_balnearios_e_praias_urbanas\"><\/span>Os cl\u00e1ssicos: balne\u00e1rios e praias urbanas<span class=\"ez-toc-section-end\"><\/span><\/h2>\n\n\n\n<p class=\"wp-block-paragraph\">Para quem, nas f\u00e9rias, busca principalmente conforto, servi\u00e7o impec\u00e1vel e divers\u00e3o garantida, os <strong>balne\u00e1rios b\u00falgaros<\/strong> oferecem <strong>estrutura de primeira<\/strong>. Esque\u00e7a os velhos hot\u00e9is de blocos da era socialista: os resorts de hoje n\u00e3o ficam nada atr\u00e1s dos da Europa Ocidental.<\/p>\n\n\n\n<p class=\"wp-block-paragraph\">Quer voc\u00ea procure <strong>\u00e1guas rasas seguras para os pequenos<\/strong>, vida noturna sem fim ou <strong>passeios rom\u00e2nticos por vielas hist\u00f3ricas<\/strong>, com certeza vai achar sua op\u00e7\u00e3o nessa lista. E por pre\u00e7os que, comparados aos do sul da Europa, continuam bem convidativos.<\/p>\n\n\n\n<figure data-wp-context=\"{&quot;imageId&quot;:&quot;6a9c29fe0c1c6&quot;}\" data-wp-interactive=\"core\/image\" data-wp-key=\"6a9c29fe0c1c6\" class=\"wp-block-image size-full wp-lightbox-container\"><img decoding=\"async\" width=\"1800\" height=\"1196\" data-wp-class--hide=\"state.isContentHidden\" data-wp-class--show=\"state.isContentVisible\" data-wp-init=\"callbacks.setButtonStyles\" data-wp-on--click=\"actions.showLightbox\" data-wp-on--load=\"callbacks.setButtonStyles\" data-wp-on--pointerdown=\"actions.preloadImage\" data-wp-on--pointerenter=\"actions.preloadImageWithDelay\" data-wp-on--pointerleave=\"actions.cancelPreload\" data-wp-on-window--resize=\"callbacks.setButtonStyles\" src=\"https:\/\/loudavymkrokem.cz\/wp-content\/uploads\/2026\/08\/bulharsko-research-plaze-bulharsko-20.jpg\" alt=\"Praia larga de areia do resort Albena\" class=\"wp-image-404233\" title=\"\" srcset=\"https:\/\/loudavymkrokem.cz\/wp-content\/uploads\/2026\/08\/bulharsko-research-plaze-bulharsko-20.jpg 1800w, https:\/\/loudavymkrokem.cz\/wp-content\/uploads\/2026\/08\/bulharsko-research-plaze-bulharsko-20-300x199.jpg 300w, https:\/\/loudavymkrokem.cz\/wp-content\/uploads\/2026\/08\/bulharsko-research-plaze-bulharsko-20-700x465.jpg 700w, https:\/\/loudavymkrokem.cz\/wp-content\/uploads\/2026\/08\/bulharsko-research-plaze-bulharsko-20-768x510.jpg 768w, https:\/\/loudavymkrokem.cz\/wp-content\/uploads\/2026\/08\/bulharsko-research-plaze-bulharsko-20-1536x1021.jpg 1536w, https:\/\/loudavymkrokem.cz\/wp-content\/uploads\/2026\/08\/bulharsko-research-plaze-bulharsko-20-696x462.jpg 696w, https:\/\/loudavymkrokem.cz\/wp-content\/uploads\/2026\/08\/bulharsko-research-plaze-bulharsko-20-1392x925.jpg 1392w\" sizes=\"(max-width: 1800px) 100vw, 1800px\" \/><button\n\t\t\tclass=\"lightbox-trigger\"\n\t\t\ttype=\"button\"\n\t\t\taria-haspopup=\"dialog\"\n\t\t\tdata-wp-bind--aria-label=\"state.thisImage.triggerButtonAriaLabel\"\n\t\t\tdata-wp-init=\"callbacks.initTriggerButton\"\n\t\t\tdata-wp-on--click=\"actions.showLightbox\"\n\t\t\tdata-wp-style--right=\"state.thisImage.buttonRight\"\n\t\t\tdata-wp-style--top=\"state.thisImage.buttonTop\"\n\t\t>\n\t\t\t<svg xmlns=\"http:\/\/www.w3.org\/2000\/svg\" width=\"12\" height=\"12\" fill=\"none\" viewBox=\"0 0 12 12\">\n\t\t\t\t<path fill=\"#fff\" d=\"M2 0a2 2 0 0 0-2 2v2h1.5V2a.5.5 0 0 1 .5-.5h2V0H2Zm2 10.5H2a.5.5 0 0 1-.5-.5V8H0v2a2 2 0 0 0 2 2h2v-1.5ZM8 12v-1.5h2a.5.5 0 0 0 .5-.5V8H12v2a2 2 0 0 1-2 2H8Zm2-12a2 2 0 0 1 2 2v2h-1.5V2a.5.5 0 0 0-.5-.5H8V0h2Z\" \/>\n\t\t\t<\/svg>\n\t\t<\/button><figcaption class=\"wp-element-caption\">Foto: www.bdmundo.com \/ Wikimedia Commons, CC BY-SA 2.0<\/figcaption><\/figure>\n\n\n\n<h3 class=\"wp-block-heading\"><span class=\"ez-toc-section\" id=\"14_Albena\"><\/span>14. Albena<span class=\"ez-toc-section-end\"><\/span><\/h3>\n\n\n\n<p class=\"wp-block-paragraph\">Albena \u00e9 provavelmente o resort mais bem planejado de todo o litoral para f\u00e9rias em fam\u00edlia com crian\u00e7as pequenas, e os n\u00fameros sobre a profundidade da \u00e1gua comprovam isso. Albena \u00e9 um complexo fechado ao norte de Varna, que se orgulha de uma praia de areia com <strong>seis quil\u00f4metros de extens\u00e3o e incr\u00edveis 150 metros de largura<\/strong>. Na alta temporada, toda a \u00e1rea ainda \u00e9 fechada ao tr\u00e2nsito comum de carros.<\/p>\n\n\n\n<p class=\"wp-block-paragraph\">A praia \u00e9 impecavelmente organizada e claro que tem Bandeira Azul. Voc\u00ea encontra aqui at\u00e9 a primeira biblioteca de praia da Europa, que oferece de gra\u00e7a mais de 6.000 t\u00edtulos em quinze idiomas, al\u00e9m de mini-cofres seguros embutidos junto aos guarda-s\u00f3is. Pelo aluguel de uma espregui\u00e7adeira, voc\u00ea paga <strong>simp\u00e1ticos 3,58 \u20ac<\/strong> (cerca de R$ 21), um \u00f3timo pre\u00e7o para um resort premium.<\/p>\n\n\n\n<p class=\"wp-block-paragraph\">Mas o mais importante est\u00e1 debaixo d&#8217;\u00e1gua. Albena tem <strong>a entrada no mar mais suave de todo o litoral<\/strong> (mais detalhes na se\u00e7\u00e3o para fam\u00edlias). A \u00e1gua \u00e9 maravilhosamente limpa e, gra\u00e7as \u00e0 areia fina e sem pedra alguma, voc\u00ea nem precisa de sapatilha de \u00e1gua.<\/p>\n\n\n\n<figure data-wp-context=\"{&quot;imageId&quot;:&quot;6a9c29fe0c9bf&quot;}\" data-wp-interactive=\"core\/image\" data-wp-key=\"6a9c29fe0c9bf\" class=\"wp-block-image size-full wp-lightbox-container\"><img decoding=\"async\" width=\"1800\" height=\"1350\" data-wp-class--hide=\"state.isContentHidden\" data-wp-class--show=\"state.isContentVisible\" data-wp-init=\"callbacks.setButtonStyles\" data-wp-on--click=\"actions.showLightbox\" data-wp-on--load=\"callbacks.setButtonStyles\" data-wp-on--pointerdown=\"actions.preloadImage\" data-wp-on--pointerenter=\"actions.preloadImageWithDelay\" data-wp-on--pointerleave=\"actions.cancelPreload\" data-wp-on-window--resize=\"callbacks.setButtonStyles\" src=\"https:\/\/loudavymkrokem.cz\/wp-content\/uploads\/2026\/08\/bulharsko-research-plaze-bulharsko-21.jpg\" alt=\"Praia em Kranevo entre Albena e a Golden Sands\" class=\"wp-image-404237\" title=\"\" srcset=\"https:\/\/loudavymkrokem.cz\/wp-content\/uploads\/2026\/08\/bulharsko-research-plaze-bulharsko-21.jpg 1800w, https:\/\/loudavymkrokem.cz\/wp-content\/uploads\/2026\/08\/bulharsko-research-plaze-bulharsko-21-300x225.jpg 300w, https:\/\/loudavymkrokem.cz\/wp-content\/uploads\/2026\/08\/bulharsko-research-plaze-bulharsko-21-700x525.jpg 700w, https:\/\/loudavymkrokem.cz\/wp-content\/uploads\/2026\/08\/bulharsko-research-plaze-bulharsko-21-768x576.jpg 768w, https:\/\/loudavymkrokem.cz\/wp-content\/uploads\/2026\/08\/bulharsko-research-plaze-bulharsko-21-1536x1152.jpg 1536w, https:\/\/loudavymkrokem.cz\/wp-content\/uploads\/2026\/08\/bulharsko-research-plaze-bulharsko-21-80x60.jpg 80w, https:\/\/loudavymkrokem.cz\/wp-content\/uploads\/2026\/08\/bulharsko-research-plaze-bulharsko-21-160x120.jpg 160w, https:\/\/loudavymkrokem.cz\/wp-content\/uploads\/2026\/08\/bulharsko-research-plaze-bulharsko-21-696x522.jpg 696w, https:\/\/loudavymkrokem.cz\/wp-content\/uploads\/2026\/08\/bulharsko-research-plaze-bulharsko-21-1392x1044.jpg 1392w\" sizes=\"(max-width: 1800px) 100vw, 1800px\" \/><button\n\t\t\tclass=\"lightbox-trigger\"\n\t\t\ttype=\"button\"\n\t\t\taria-haspopup=\"dialog\"\n\t\t\tdata-wp-bind--aria-label=\"state.thisImage.triggerButtonAriaLabel\"\n\t\t\tdata-wp-init=\"callbacks.initTriggerButton\"\n\t\t\tdata-wp-on--click=\"actions.showLightbox\"\n\t\t\tdata-wp-style--right=\"state.thisImage.buttonRight\"\n\t\t\tdata-wp-style--top=\"state.thisImage.buttonTop\"\n\t\t>\n\t\t\t<svg xmlns=\"http:\/\/www.w3.org\/2000\/svg\" width=\"12\" height=\"12\" fill=\"none\" viewBox=\"0 0 12 12\">\n\t\t\t\t<path fill=\"#fff\" d=\"M2 0a2 2 0 0 0-2 2v2h1.5V2a.5.5 0 0 1 .5-.5h2V0H2Zm2 10.5H2a.5.5 0 0 1-.5-.5V8H0v2a2 2 0 0 0 2 2h2v-1.5ZM8 12v-1.5h2a.5.5 0 0 0 .5-.5V8H12v2a2 2 0 0 1-2 2H8Zm2-12a2 2 0 0 1 2 2v2h-1.5V2a.5.5 0 0 0-.5-.5H8V0h2Z\" \/>\n\t\t\t<\/svg>\n\t\t<\/button><figcaption class=\"wp-element-caption\">Foto: Dziadzik me!!! \/ Wikimedia Commons (CC BY-SA 3.0)<\/figcaption><\/figure>\n\n\n\n<p class=\"wp-block-paragraph\">\ud83d\udc49 <a href=\"https:\/\/www.stay22.com\/allez\/roam?aid=lukaskonecny&#038;campaign=loudavymkrokemcz&#038;campaign=plaze-bulharsko&#038;address=Albena%2C%20Bulharsko\" target=\"_blank\" rel=\"nofollow noopener\"><strong>Ver pre\u00e7os de hospedagem perto desta praia<\/strong><\/a><\/p>\n\n\n\n<h3 class=\"wp-block-heading\"><span class=\"ez-toc-section\" id=\"15_Kranevo\"><\/span>15. Kranevo<span class=\"ez-toc-section-end\"><\/span><\/h3>\n\n\n\n<p class=\"wp-block-paragraph\">Logo ao lado da mais luxuosa Albena fica o balne\u00e1rio menor de Kranevo. Ele compartilha praticamente a mesma faixa de areia, mas com uma atmosfera <strong>muito mais descontra\u00edda e, sobretudo, mais barata<\/strong>. A praia mant\u00e9m uma qualidade excelente, prova disso \u00e9 que tanto a parte norte quanto a central conquistaram a Bandeira Azul para 2026.<\/p>\n\n\n\n<p class=\"wp-block-paragraph\">Os viajantes elogiam Kranevo como o meio-termo ideal. A areia \u00e9 brilhante e limpa, o fundo n\u00e3o tem pedras nem algas inc\u00f4modas e a inclina\u00e7\u00e3o da \u00e1gua \u00e9 bem suave. Diferente dos grandes resorts vizinhos, aqui voc\u00ea <strong>paga notavelmente menos por um almo\u00e7o nos restaurantes locais<\/strong>, mas a qualidade dos servi\u00e7os permanece alta.<\/p>\n\n\n\n<p class=\"wp-block-paragraph\">Curiosamente, Kranevo \u00e9 um dos raros pontos do litoral norte para onde \u00e0s vezes rumam tamb\u00e9m os <strong>amantes do kitesurf<\/strong>. Segundo as estat\u00edsticas, por\u00e9m, o vento aproveit\u00e1vel sopra aqui em apenas cerca de 11% dos dias do ano, principalmente na primavera e no outono, ent\u00e3o as ondas definitivamente n\u00e3o atrapalham o <strong>banho de ver\u00e3o<\/strong>.<\/p>\n\n\n\n<figure data-wp-context=\"{&quot;imageId&quot;:&quot;6a9c29fe0d58e&quot;}\" data-wp-interactive=\"core\/image\" data-wp-key=\"6a9c29fe0d58e\" class=\"wp-block-image size-full wp-lightbox-container\"><img decoding=\"async\" width=\"1800\" height=\"1012\" data-wp-class--hide=\"state.isContentHidden\" data-wp-class--show=\"state.isContentVisible\" data-wp-init=\"callbacks.setButtonStyles\" data-wp-on--click=\"actions.showLightbox\" data-wp-on--load=\"callbacks.setButtonStyles\" data-wp-on--pointerdown=\"actions.preloadImage\" data-wp-on--pointerenter=\"actions.preloadImageWithDelay\" data-wp-on--pointerleave=\"actions.cancelPreload\" data-wp-on-window--resize=\"callbacks.setButtonStyles\" src=\"https:\/\/loudavymkrokem.cz\/wp-content\/uploads\/2026\/08\/bulharsko-research-plaze-bulharsko-22.jpg\" alt=\"Praia Golden Sands ao norte de Varna\" class=\"wp-image-404241\" title=\"\" srcset=\"https:\/\/loudavymkrokem.cz\/wp-content\/uploads\/2026\/08\/bulharsko-research-plaze-bulharsko-22.jpg 1800w, https:\/\/loudavymkrokem.cz\/wp-content\/uploads\/2026\/08\/bulharsko-research-plaze-bulharsko-22-300x169.jpg 300w, https:\/\/loudavymkrokem.cz\/wp-content\/uploads\/2026\/08\/bulharsko-research-plaze-bulharsko-22-700x394.jpg 700w, https:\/\/loudavymkrokem.cz\/wp-content\/uploads\/2026\/08\/bulharsko-research-plaze-bulharsko-22-768x432.jpg 768w, https:\/\/loudavymkrokem.cz\/wp-content\/uploads\/2026\/08\/bulharsko-research-plaze-bulharsko-22-1536x864.jpg 1536w, https:\/\/loudavymkrokem.cz\/wp-content\/uploads\/2026\/08\/bulharsko-research-plaze-bulharsko-22-696x391.jpg 696w, https:\/\/loudavymkrokem.cz\/wp-content\/uploads\/2026\/08\/bulharsko-research-plaze-bulharsko-22-1392x783.jpg 1392w\" sizes=\"(max-width: 1800px) 100vw, 1800px\" \/><button\n\t\t\tclass=\"lightbox-trigger\"\n\t\t\ttype=\"button\"\n\t\t\taria-haspopup=\"dialog\"\n\t\t\tdata-wp-bind--aria-label=\"state.thisImage.triggerButtonAriaLabel\"\n\t\t\tdata-wp-init=\"callbacks.initTriggerButton\"\n\t\t\tdata-wp-on--click=\"actions.showLightbox\"\n\t\t\tdata-wp-style--right=\"state.thisImage.buttonRight\"\n\t\t\tdata-wp-style--top=\"state.thisImage.buttonTop\"\n\t\t>\n\t\t\t<svg xmlns=\"http:\/\/www.w3.org\/2000\/svg\" width=\"12\" height=\"12\" fill=\"none\" viewBox=\"0 0 12 12\">\n\t\t\t\t<path fill=\"#fff\" d=\"M2 0a2 2 0 0 0-2 2v2h1.5V2a.5.5 0 0 1 .5-.5h2V0H2Zm2 10.5H2a.5.5 0 0 1-.5-.5V8H0v2a2 2 0 0 0 2 2h2v-1.5ZM8 12v-1.5h2a.5.5 0 0 0 .5-.5V8H12v2a2 2 0 0 1-2 2H8Zm2-12a2 2 0 0 1 2 2v2h-1.5V2a.5.5 0 0 0-.5-.5H8V0h2Z\" \/>\n\t\t\t<\/svg>\n\t\t<\/button><figcaption class=\"wp-element-caption\">Foto: karel291 \/ Wikimedia Commons, CC BY 3.0<\/figcaption><\/figure>\n\n\n\n<p class=\"wp-block-paragraph\">\ud83d\udc49 <a href=\"https:\/\/www.stay22.com\/allez\/roam?aid=lukaskonecny&#038;campaign=loudavymkrokemcz&#038;campaign=plaze-bulharsko&#038;address=Kranevo%2C%20Bulharsko\" target=\"_blank\" rel=\"nofollow noopener\"><strong>Ver pre\u00e7os de hospedagem perto desta praia<\/strong><\/a><\/p>\n\n\n\n<h3 class=\"wp-block-heading\"><span class=\"ez-toc-section\" id=\"16_Golden_Sands_Zlatni_Pjasaci\"><\/span>16. Golden Sands (Zlatni Pjasaci)<span class=\"ez-toc-section-end\"><\/span><\/h3>\n\n\n\n<p class=\"wp-block-paragraph\">A Golden Sands \u00e9, depois de Sunny Beach, o segundo resort mais conhecido do pa\u00eds. A praia tem cerca de tr\u00eas quil\u00f4metros e meio de extens\u00e3o, aproximadamente 100 metros de largura, e toda a \u00e1rea se beneficia de uma localiza\u00e7\u00e3o fant\u00e1stica. Os hot\u00e9is s\u00e3o <strong>constru\u00eddos bem dentro da densa floresta de um parque natural<\/strong>, criando um lindo contraste com a areia amarela e o mar azul.<\/p>\n\n\n\n<p class=\"wp-block-paragraph\">A \u00e1rea fica a apenas 20 minutos de carro de Varna e \u00e9 voltada principalmente para as f\u00e9rias ativas. Voc\u00ea encontra aqui <strong>dezenas de bares de praia, clubes e atra\u00e7\u00f5es aqu\u00e1ticas<\/strong>. Mas conte que por esse conforto voc\u00ea paga mais. Os pre\u00e7os das espregui\u00e7adeiras subiram, em 2026, para 5 a 6 \u20ac por unidade, o que faz dela um dos lugares mais caros da Bulg\u00e1ria.<\/p>\n\n\n\n<p class=\"wp-block-paragraph\">No extremo norte da Golden Sands h\u00e1 tamb\u00e9m uma grande curiosidade. Fica aqui a <strong>praia Nirvana, a \u00fanica praia de naturismo oficial<\/strong> do pa\u00eds com servi\u00e7o completo. O concession\u00e1rio a administra h\u00e1 18 anos; h\u00e1 salva-vidas, controle de acesso e bar, e as espregui\u00e7adeiras n\u00e3o custam mais do que na zona &#8220;t\u00eaxtil&#8221; ao lado.<\/p>\n\n\n\n<figure data-wp-context=\"{&quot;imageId&quot;:&quot;6a9c29fe0de57&quot;}\" data-wp-interactive=\"core\/image\" data-wp-key=\"6a9c29fe0de57\" class=\"wp-block-image size-full wp-lightbox-container\"><img decoding=\"async\" width=\"1800\" height=\"1207\" data-wp-class--hide=\"state.isContentHidden\" data-wp-class--show=\"state.isContentVisible\" data-wp-init=\"callbacks.setButtonStyles\" data-wp-on--click=\"actions.showLightbox\" data-wp-on--load=\"callbacks.setButtonStyles\" data-wp-on--pointerdown=\"actions.preloadImage\" data-wp-on--pointerenter=\"actions.preloadImageWithDelay\" data-wp-on--pointerleave=\"actions.cancelPreload\" data-wp-on-window--resize=\"callbacks.setButtonStyles\" src=\"https:\/\/loudavymkrokem.cz\/wp-content\/uploads\/2026\/08\/bulharsko-research-plaze-bulharsko-23.jpg\" alt=\"Sunny Beach, o maior balne\u00e1rio da Bulg\u00e1ria\" class=\"wp-image-404245\" title=\"\" srcset=\"https:\/\/loudavymkrokem.cz\/wp-content\/uploads\/2026\/08\/bulharsko-research-plaze-bulharsko-23.jpg 1800w, https:\/\/loudavymkrokem.cz\/wp-content\/uploads\/2026\/08\/bulharsko-research-plaze-bulharsko-23-300x201.jpg 300w, https:\/\/loudavymkrokem.cz\/wp-content\/uploads\/2026\/08\/bulharsko-research-plaze-bulharsko-23-700x469.jpg 700w, https:\/\/loudavymkrokem.cz\/wp-content\/uploads\/2026\/08\/bulharsko-research-plaze-bulharsko-23-768x515.jpg 768w, https:\/\/loudavymkrokem.cz\/wp-content\/uploads\/2026\/08\/bulharsko-research-plaze-bulharsko-23-1536x1030.jpg 1536w, https:\/\/loudavymkrokem.cz\/wp-content\/uploads\/2026\/08\/bulharsko-research-plaze-bulharsko-23-696x467.jpg 696w, https:\/\/loudavymkrokem.cz\/wp-content\/uploads\/2026\/08\/bulharsko-research-plaze-bulharsko-23-1392x933.jpg 1392w\" sizes=\"(max-width: 1800px) 100vw, 1800px\" \/><button\n\t\t\tclass=\"lightbox-trigger\"\n\t\t\ttype=\"button\"\n\t\t\taria-haspopup=\"dialog\"\n\t\t\tdata-wp-bind--aria-label=\"state.thisImage.triggerButtonAriaLabel\"\n\t\t\tdata-wp-init=\"callbacks.initTriggerButton\"\n\t\t\tdata-wp-on--click=\"actions.showLightbox\"\n\t\t\tdata-wp-style--right=\"state.thisImage.buttonRight\"\n\t\t\tdata-wp-style--top=\"state.thisImage.buttonTop\"\n\t\t>\n\t\t\t<svg xmlns=\"http:\/\/www.w3.org\/2000\/svg\" width=\"12\" height=\"12\" fill=\"none\" viewBox=\"0 0 12 12\">\n\t\t\t\t<path fill=\"#fff\" d=\"M2 0a2 2 0 0 0-2 2v2h1.5V2a.5.5 0 0 1 .5-.5h2V0H2Zm2 10.5H2a.5.5 0 0 1-.5-.5V8H0v2a2 2 0 0 0 2 2h2v-1.5ZM8 12v-1.5h2a.5.5 0 0 0 .5-.5V8H12v2a2 2 0 0 1-2 2H8Zm2-12a2 2 0 0 1 2 2v2h-1.5V2a.5.5 0 0 0-.5-.5H8V0h2Z\" \/>\n\t\t\t<\/svg>\n\t\t<\/button><figcaption class=\"wp-element-caption\">Foto (editada): Wizzard \/ Wikimedia Commons (Dom\u00ednio p\u00fablico)<\/figcaption><\/figure>\n\n\n\n<p class=\"wp-block-paragraph\">\ud83d\udc49 <a href=\"https:\/\/www.stay22.com\/allez\/roam?aid=lukaskonecny&#038;campaign=loudavymkrokemcz&#038;campaign=plaze-bulharsko&#038;address=Zlat%C3%A9%20p%C3%ADsky%2C%20Bulharsko\" target=\"_blank\" rel=\"nofollow noopener\"><strong>Ver pre\u00e7os de hospedagem perto desta praia<\/strong><\/a><\/p>\n\n\n\n<h3 class=\"wp-block-heading\"><span class=\"ez-toc-section\" id=\"17_Sunny_Beach\"><\/span>17. Sunny Beach<span class=\"ez-toc-section-end\"><\/span><\/h3>\n\n\n\n<p class=\"wp-block-paragraph\">Este \u00e9 o centro absoluto do turismo b\u00falgaro. Sunny Beach forma uma ba\u00eda com uma praia que mede exatos 6,1 quil\u00f4metros e tem, em m\u00e9dia, cerca de 60 metros de largura. Os tr\u00eas trechos principais (norte, centro e sul) <strong>se orgulham da Bandeira Azul<\/strong>. Foi aqui, ali\u00e1s, que em 4 de julho de 1995 tremulou a primeira bandeira azul da Bulg\u00e1ria, dois anos depois de o pa\u00eds ter sido o primeiro estado fora da ent\u00e3o Europa Ocidental a entrar no programa.<\/p>\n\n\n\n<p class=\"wp-block-paragraph\">O balne\u00e1rio \u00e9 famoso por sua vida noturna pulsante e pela enorme quantidade de atra\u00e7\u00f5es. Voc\u00ea encontra de tudo, do parasailing a gigantescos parques aqu\u00e1ticos e centenas de restaurantes. Os pre\u00e7os do servi\u00e7o de praia s\u00e3o bem altos: na parte sul, o pre\u00e7o de 5,11 \u20ac (cerca de R$ 30) por espregui\u00e7adeira <strong>\u00e9 fixado por contrato<\/strong>.<\/p>\n\n\n\n<p class=\"wp-block-paragraph\">\ud83d\udca1 <strong>Dica:<\/strong> se voc\u00ea quer fugir do maior barulho, hospede-se nas pontas do resort. Enquanto o centro funciona sem parar, as bordas em dire\u00e7\u00e3o a Sveti Vlas ou, ao contr\u00e1rio, rumo a Nessebar oferecem uma atmosfera familiar muito mais tranquila. A prop\u00f3sito, a hist\u00f3ria de que a parte sul \u00e9 de naturismo n\u00e3o passa de um mito popular. \u00c9 um trecho totalmente comercial e organizado.<\/p>\n\n\n\n<figure data-wp-context=\"{&quot;imageId&quot;:&quot;6a9c29fe0e8f9&quot;}\" data-wp-interactive=\"core\/image\" data-wp-key=\"6a9c29fe0e8f9\" class=\"wp-block-image size-full wp-lightbox-container\"><img decoding=\"async\" width=\"1800\" height=\"1205\" data-wp-class--hide=\"state.isContentHidden\" data-wp-class--show=\"state.isContentVisible\" data-wp-init=\"callbacks.setButtonStyles\" data-wp-on--click=\"actions.showLightbox\" data-wp-on--load=\"callbacks.setButtonStyles\" data-wp-on--pointerdown=\"actions.preloadImage\" data-wp-on--pointerenter=\"actions.preloadImageWithDelay\" data-wp-on--pointerleave=\"actions.cancelPreload\" data-wp-on-window--resize=\"callbacks.setButtonStyles\" src=\"https:\/\/loudavymkrokem.cz\/wp-content\/uploads\/2026\/08\/bulharsko-research-plaze-bulharsko-24.jpg\" alt=\"Praia sul aos p\u00e9s da velha Nessebar\" class=\"wp-image-404248\" title=\"\" srcset=\"https:\/\/loudavymkrokem.cz\/wp-content\/uploads\/2026\/08\/bulharsko-research-plaze-bulharsko-24.jpg 1800w, https:\/\/loudavymkrokem.cz\/wp-content\/uploads\/2026\/08\/bulharsko-research-plaze-bulharsko-24-300x201.jpg 300w, https:\/\/loudavymkrokem.cz\/wp-content\/uploads\/2026\/08\/bulharsko-research-plaze-bulharsko-24-700x469.jpg 700w, https:\/\/loudavymkrokem.cz\/wp-content\/uploads\/2026\/08\/bulharsko-research-plaze-bulharsko-24-768x514.jpg 768w, https:\/\/loudavymkrokem.cz\/wp-content\/uploads\/2026\/08\/bulharsko-research-plaze-bulharsko-24-1536x1028.jpg 1536w, https:\/\/loudavymkrokem.cz\/wp-content\/uploads\/2026\/08\/bulharsko-research-plaze-bulharsko-24-696x466.jpg 696w, https:\/\/loudavymkrokem.cz\/wp-content\/uploads\/2026\/08\/bulharsko-research-plaze-bulharsko-24-1392x932.jpg 1392w\" sizes=\"(max-width: 1800px) 100vw, 1800px\" \/><button\n\t\t\tclass=\"lightbox-trigger\"\n\t\t\ttype=\"button\"\n\t\t\taria-haspopup=\"dialog\"\n\t\t\tdata-wp-bind--aria-label=\"state.thisImage.triggerButtonAriaLabel\"\n\t\t\tdata-wp-init=\"callbacks.initTriggerButton\"\n\t\t\tdata-wp-on--click=\"actions.showLightbox\"\n\t\t\tdata-wp-style--right=\"state.thisImage.buttonRight\"\n\t\t\tdata-wp-style--top=\"state.thisImage.buttonTop\"\n\t\t>\n\t\t\t<svg xmlns=\"http:\/\/www.w3.org\/2000\/svg\" width=\"12\" height=\"12\" fill=\"none\" viewBox=\"0 0 12 12\">\n\t\t\t\t<path fill=\"#fff\" d=\"M2 0a2 2 0 0 0-2 2v2h1.5V2a.5.5 0 0 1 .5-.5h2V0H2Zm2 10.5H2a.5.5 0 0 1-.5-.5V8H0v2a2 2 0 0 0 2 2h2v-1.5ZM8 12v-1.5h2a.5.5 0 0 0 .5-.5V8H12v2a2 2 0 0 1-2 2H8Zm2-12a2 2 0 0 1 2 2v2h-1.5V2a.5.5 0 0 0-.5-.5H8V0h2Z\" \/>\n\t\t\t<\/svg>\n\t\t<\/button><figcaption class=\"wp-element-caption\">Foto: Valeria Drozdova \/ Pexels<\/figcaption><\/figure>\n\n\n\n<p class=\"wp-block-paragraph\">\ud83d\udc49 <a href=\"https:\/\/www.stay22.com\/allez\/roam?aid=lukaskonecny&#038;campaign=loudavymkrokemcz&#038;campaign=plaze-bulharsko&#038;address=Slune%C4%8Dn%C3%A9%20pob%C5%99e%C5%BE%C3%AD%2C%20Bulharsko\" target=\"_blank\" rel=\"nofollow noopener\"><strong>Ver pre\u00e7os de hospedagem perto desta praia<\/strong><\/a><\/p>\n\n\n\n<h3 class=\"wp-block-heading\"><span class=\"ez-toc-section\" id=\"18_Nessebar-sul\"><\/span>18. Nessebar-sul<span class=\"ez-toc-section-end\"><\/span><\/h3>\n\n\n\n<p class=\"wp-block-paragraph\">A cidade hist\u00f3rica de Nessebar figura na <a href=\"https:\/\/whc.unesco.org\/\" rel=\"nofollow noopener\" target=\"_blank\">lista da UNESCO<\/a> e sua praia sul oferece uma <strong>\u00f3tima combina\u00e7\u00e3o de banho de mar e passeio por monumentos<\/strong>. A faixa de areia se estende da cidade velha em dire\u00e7\u00e3o ao sul e conta com estrutura muito bem organizada, com Bandeira Azul para 2026.<\/p>\n\n\n\n<p class=\"wp-block-paragraph\">Diferente da vizinha Sunny Beach, a atmosfera aqui \u00e9 bem mais requintada. Por uma espregui\u00e7adeira voc\u00ea paga o <strong>pre\u00e7o oficial de 4,09 \u20ac<\/strong> (cerca de R$ 24). A entrada no mar \u00e9 confort\u00e1vel e a \u00e1gua costuma ser bem calma e limpa, gra\u00e7as \u00e0 orienta\u00e7\u00e3o da ba\u00eda.<\/p>\n\n\n\n<p class=\"wp-block-paragraph\">Quando voc\u00ea cansar de se bronzear, basta levantar da toalha e, em poucos minutos a p\u00e9, voc\u00ea se v\u00ea <strong>nas vielas tortuosas da cidade velha<\/strong>, cheias de casas de madeira e ru\u00ednas de igrejas bizantinas. Nas tavernas locais com vista para o mar, preparam de bom grado um saboroso queijo frito kashkaval ou piment\u00f5es recheados com queijo balc\u00e2nico.<\/p>\n\n\n\n<figure data-wp-context=\"{&quot;imageId&quot;:&quot;6a9c29fe0f3bd&quot;}\" data-wp-interactive=\"core\/image\" data-wp-key=\"6a9c29fe0f3bd\" class=\"wp-block-image size-full wp-lightbox-container\"><img decoding=\"async\" width=\"1800\" height=\"1350\" data-wp-class--hide=\"state.isContentHidden\" data-wp-class--show=\"state.isContentVisible\" data-wp-init=\"callbacks.setButtonStyles\" data-wp-on--click=\"actions.showLightbox\" data-wp-on--load=\"callbacks.setButtonStyles\" data-wp-on--pointerdown=\"actions.preloadImage\" data-wp-on--pointerenter=\"actions.preloadImageWithDelay\" data-wp-on--pointerleave=\"actions.cancelPreload\" data-wp-on-window--resize=\"callbacks.setButtonStyles\" src=\"https:\/\/loudavymkrokem.cz\/wp-content\/uploads\/2026\/08\/bulharsko-research-plaze-bulharsko-25.jpg\" alt=\"Praia na antiga cidade de Sozopol\" class=\"wp-image-404251\" title=\"\" srcset=\"https:\/\/loudavymkrokem.cz\/wp-content\/uploads\/2026\/08\/bulharsko-research-plaze-bulharsko-25.jpg 1800w, https:\/\/loudavymkrokem.cz\/wp-content\/uploads\/2026\/08\/bulharsko-research-plaze-bulharsko-25-300x225.jpg 300w, https:\/\/loudavymkrokem.cz\/wp-content\/uploads\/2026\/08\/bulharsko-research-plaze-bulharsko-25-700x525.jpg 700w, https:\/\/loudavymkrokem.cz\/wp-content\/uploads\/2026\/08\/bulharsko-research-plaze-bulharsko-25-768x576.jpg 768w, https:\/\/loudavymkrokem.cz\/wp-content\/uploads\/2026\/08\/bulharsko-research-plaze-bulharsko-25-1536x1152.jpg 1536w, https:\/\/loudavymkrokem.cz\/wp-content\/uploads\/2026\/08\/bulharsko-research-plaze-bulharsko-25-80x60.jpg 80w, https:\/\/loudavymkrokem.cz\/wp-content\/uploads\/2026\/08\/bulharsko-research-plaze-bulharsko-25-160x120.jpg 160w, https:\/\/loudavymkrokem.cz\/wp-content\/uploads\/2026\/08\/bulharsko-research-plaze-bulharsko-25-696x522.jpg 696w, https:\/\/loudavymkrokem.cz\/wp-content\/uploads\/2026\/08\/bulharsko-research-plaze-bulharsko-25-1392x1044.jpg 1392w\" sizes=\"(max-width: 1800px) 100vw, 1800px\" \/><button\n\t\t\tclass=\"lightbox-trigger\"\n\t\t\ttype=\"button\"\n\t\t\taria-haspopup=\"dialog\"\n\t\t\tdata-wp-bind--aria-label=\"state.thisImage.triggerButtonAriaLabel\"\n\t\t\tdata-wp-init=\"callbacks.initTriggerButton\"\n\t\t\tdata-wp-on--click=\"actions.showLightbox\"\n\t\t\tdata-wp-style--right=\"state.thisImage.buttonRight\"\n\t\t\tdata-wp-style--top=\"state.thisImage.buttonTop\"\n\t\t>\n\t\t\t<svg xmlns=\"http:\/\/www.w3.org\/2000\/svg\" width=\"12\" height=\"12\" fill=\"none\" viewBox=\"0 0 12 12\">\n\t\t\t\t<path fill=\"#fff\" d=\"M2 0a2 2 0 0 0-2 2v2h1.5V2a.5.5 0 0 1 .5-.5h2V0H2Zm2 10.5H2a.5.5 0 0 1-.5-.5V8H0v2a2 2 0 0 0 2 2h2v-1.5ZM8 12v-1.5h2a.5.5 0 0 0 .5-.5V8H12v2a2 2 0 0 1-2 2H8Zm2-12a2 2 0 0 1 2 2v2h-1.5V2a.5.5 0 0 0-.5-.5H8V0h2Z\" \/>\n\t\t\t<\/svg>\n\t\t<\/button><figcaption class=\"wp-element-caption\">Foto: vitsoft \/ Wikimedia Commons, CC BY 3.0<\/figcaption><\/figure>\n\n\n\n<p class=\"wp-block-paragraph\">\ud83d\udc49 <a href=\"https:\/\/www.stay22.com\/allez\/roam?aid=lukaskonecny&#038;campaign=loudavymkrokemcz&#038;campaign=plaze-bulharsko&#038;address=Nesebar%2C%20Bulharsko\" target=\"_blank\" rel=\"nofollow noopener\"><strong>Ver pre\u00e7os de hospedagem perto desta praia<\/strong><\/a><\/p>\n\n\n\n<h3 class=\"wp-block-heading\"><span class=\"ez-toc-section\" id=\"19_Sozopol\"><\/span>19. Sozopol<span class=\"ez-toc-section-end\"><\/span><\/h3>\n\n\n\n<p class=\"wp-block-paragraph\">A antiga Sozopol \u00e9 um enorme sucesso dos \u00faltimos anos e muitos viajantes a consideram o balne\u00e1rio mais charmoso do sul. A cidade oferece duas praias principais. A central fica bem abaixo do centro hist\u00f3rico e \u00e9 relativamente pequena, enquanto a <strong>mais espa\u00e7osa praia Harmani se estende em dire\u00e7\u00e3o ao sul<\/strong> ao longo da parte mais nova da cidade.<\/p>\n\n\n\n<p class=\"wp-block-paragraph\">As duas praias principais t\u00eam Bandeira Azul e oferecem \u00f3timo servi\u00e7o. Na Harmani, voc\u00ea paga 4,09 \u20ac pela espregui\u00e7adeira, enquanto na praia central, menor, s\u00e3o 3,58 \u20ac. Um pouco ao sul da cidade ficam as populares praias de <strong>Smokinya e Gradina, procuradas principalmente pela galera mais jovem<\/strong>. Ali reina uma atmosfera de camping mais descontra\u00edda e funcionam beach bars descolados.<\/p>\n\n\n\n<p class=\"wp-block-paragraph\"><strong>Os restaurantes de Sozopol<\/strong> est\u00e3o entre os melhores, mas tamb\u00e9m entre os mais caros do litoral. Segundo os moradores, os pre\u00e7os de peixes e frutos do mar frescos grelhados nessas \u00e1reas j\u00e1 se equiparam aos das tavernas gregas. Prefira apostar nas <strong>tradicionais entradas b\u00falgaras de legumes<\/strong> (como o kyopoolu com alho) e nas panquecas caseiras.<\/p>\n\n\n\n<figure data-wp-context=\"{&quot;imageId&quot;:&quot;6a9c29fe0ffc6&quot;}\" data-wp-interactive=\"core\/image\" data-wp-key=\"6a9c29fe0ffc6\" class=\"wp-block-image size-full wp-lightbox-container\"><img decoding=\"async\" width=\"1800\" height=\"1192\" data-wp-class--hide=\"state.isContentHidden\" data-wp-class--show=\"state.isContentVisible\" data-wp-init=\"callbacks.setButtonStyles\" data-wp-on--click=\"actions.showLightbox\" data-wp-on--load=\"callbacks.setButtonStyles\" data-wp-on--pointerdown=\"actions.preloadImage\" data-wp-on--pointerenter=\"actions.preloadImageWithDelay\" data-wp-on--pointerleave=\"actions.cancelPreload\" data-wp-on-window--resize=\"callbacks.setButtonStyles\" src=\"https:\/\/loudavymkrokem.cz\/wp-content\/uploads\/2026\/08\/bulharsko-research-plaze-bulharsko-26.jpg\" alt=\"Praias rasas perto de Primorsko e Kiten\" class=\"wp-image-404255\" title=\"\" srcset=\"https:\/\/loudavymkrokem.cz\/wp-content\/uploads\/2026\/08\/bulharsko-research-plaze-bulharsko-26.jpg 1800w, https:\/\/loudavymkrokem.cz\/wp-content\/uploads\/2026\/08\/bulharsko-research-plaze-bulharsko-26-300x199.jpg 300w, https:\/\/loudavymkrokem.cz\/wp-content\/uploads\/2026\/08\/bulharsko-research-plaze-bulharsko-26-700x464.jpg 700w, https:\/\/loudavymkrokem.cz\/wp-content\/uploads\/2026\/08\/bulharsko-research-plaze-bulharsko-26-768x509.jpg 768w, https:\/\/loudavymkrokem.cz\/wp-content\/uploads\/2026\/08\/bulharsko-research-plaze-bulharsko-26-1536x1017.jpg 1536w, https:\/\/loudavymkrokem.cz\/wp-content\/uploads\/2026\/08\/bulharsko-research-plaze-bulharsko-26-696x461.jpg 696w, https:\/\/loudavymkrokem.cz\/wp-content\/uploads\/2026\/08\/bulharsko-research-plaze-bulharsko-26-1392x922.jpg 1392w\" sizes=\"(max-width: 1800px) 100vw, 1800px\" \/><button\n\t\t\tclass=\"lightbox-trigger\"\n\t\t\ttype=\"button\"\n\t\t\taria-haspopup=\"dialog\"\n\t\t\tdata-wp-bind--aria-label=\"state.thisImage.triggerButtonAriaLabel\"\n\t\t\tdata-wp-init=\"callbacks.initTriggerButton\"\n\t\t\tdata-wp-on--click=\"actions.showLightbox\"\n\t\t\tdata-wp-style--right=\"state.thisImage.buttonRight\"\n\t\t\tdata-wp-style--top=\"state.thisImage.buttonTop\"\n\t\t>\n\t\t\t<svg xmlns=\"http:\/\/www.w3.org\/2000\/svg\" width=\"12\" height=\"12\" fill=\"none\" viewBox=\"0 0 12 12\">\n\t\t\t\t<path fill=\"#fff\" d=\"M2 0a2 2 0 0 0-2 2v2h1.5V2a.5.5 0 0 1 .5-.5h2V0H2Zm2 10.5H2a.5.5 0 0 1-.5-.5V8H0v2a2 2 0 0 0 2 2h2v-1.5ZM8 12v-1.5h2a.5.5 0 0 0 .5-.5V8H12v2a2 2 0 0 1-2 2H8Zm2-12a2 2 0 0 1 2 2v2h-1.5V2a.5.5 0 0 0-.5-.5H8V0h2Z\" \/>\n\t\t\t<\/svg>\n\t\t<\/button><figcaption class=\"wp-element-caption\">Foto: Katya from Moscow, Russia \/ Wikimedia Commons, CC BY-SA 2.0<\/figcaption><\/figure>\n\n\n\n<p class=\"wp-block-paragraph\">\ud83d\udc49 <a href=\"https:\/\/www.stay22.com\/allez\/roam?aid=lukaskonecny&#038;campaign=loudavymkrokemcz&#038;campaign=plaze-bulharsko&#038;address=Sozopol%2C%20Bulharsko\" target=\"_blank\" rel=\"nofollow noopener\"><strong>Ver pre\u00e7os de hospedagem perto desta praia<\/strong><\/a><\/p>\n\n\n\n<h3 class=\"wp-block-heading\"><span class=\"ez-toc-section\" id=\"20_Primorsko_e_Kiten\"><\/span>20. Primorsko e Kiten<span class=\"ez-toc-section-end\"><\/span><\/h3>\n\n\n\n<p class=\"wp-block-paragraph\">Esses dois balne\u00e1rios vizinhos s\u00e3o um cl\u00e1ssico absoluto para muitos turistas h\u00e1 d\u00e9cadas. E t\u00eam um bom motivo para isso. As praias locais (em especial a praia Perla e a Praia Sul, em Primorsko) s\u00e3o margeadas por lindos bosques de pinheiros e oferecem <strong>uma das melhores rela\u00e7\u00f5es custo-benef\u00edcio<\/strong> de todo o litoral sul.<\/p>\n\n\n\n<p class=\"wp-block-paragraph\">A \u00e1gua aqui \u00e9 cristalina e as praias s\u00e3o famosas por sua areia fina. O aluguel de espregui\u00e7adeiras \u00e9 bem convidativo: por uma unidade e tamb\u00e9m pelo guarda-sol voc\u00ea paga apenas <strong>3,60 \u20ac<\/strong> (cerca de R$ 21) cada. Nos arredores, voc\u00ea ainda esbarra em muitas placas e card\u00e1pios em v\u00e1rios idiomas.<\/p>\n\n\n\n<p class=\"wp-block-paragraph\">Primorsko \u00e9 uma \u00f3tima base para passeios pela regi\u00e3o. Se voc\u00ea vier at\u00e9 aqui, reserve tempo tamb\u00e9m para o <strong>avistamento de golfinhos selvagens<\/strong>, que aparecem com grande regularidade perto do pr\u00f3ximo cabo rochoso de Maslen. Em todo o Mar Negro vivem cerca de 73.000 desses incr\u00edveis mam\u00edferos, e no sul da Bulg\u00e1ria voc\u00ea tem grande chance de v\u00ea-los.<\/p>\n\n\n\n<figure data-wp-context=\"{&quot;imageId&quot;:&quot;6a9c29fe108e7&quot;}\" data-wp-interactive=\"core\/image\" data-wp-key=\"6a9c29fe108e7\" class=\"wp-block-image size-full wp-lightbox-container\"><img decoding=\"async\" width=\"1800\" height=\"1207\" data-wp-class--hide=\"state.isContentHidden\" data-wp-class--show=\"state.isContentVisible\" data-wp-init=\"callbacks.setButtonStyles\" data-wp-on--click=\"actions.showLightbox\" data-wp-on--load=\"callbacks.setButtonStyles\" data-wp-on--pointerdown=\"actions.preloadImage\" data-wp-on--pointerenter=\"actions.preloadImageWithDelay\" data-wp-on--pointerleave=\"actions.cancelPreload\" data-wp-on-window--resize=\"callbacks.setButtonStyles\" src=\"https:\/\/loudavymkrokem.cz\/wp-content\/uploads\/2026\/08\/bulharsko-research-plaze-bulharsko-27.jpg\" alt=\"\u00c1gua rasa em Albena, ideal para fam\u00edlias com crian\u00e7as\" class=\"wp-image-404258\" title=\"\" srcset=\"https:\/\/loudavymkrokem.cz\/wp-content\/uploads\/2026\/08\/bulharsko-research-plaze-bulharsko-27.jpg 1800w, https:\/\/loudavymkrokem.cz\/wp-content\/uploads\/2026\/08\/bulharsko-research-plaze-bulharsko-27-300x201.jpg 300w, https:\/\/loudavymkrokem.cz\/wp-content\/uploads\/2026\/08\/bulharsko-research-plaze-bulharsko-27-700x469.jpg 700w, https:\/\/loudavymkrokem.cz\/wp-content\/uploads\/2026\/08\/bulharsko-research-plaze-bulharsko-27-768x515.jpg 768w, https:\/\/loudavymkrokem.cz\/wp-content\/uploads\/2026\/08\/bulharsko-research-plaze-bulharsko-27-1536x1030.jpg 1536w, https:\/\/loudavymkrokem.cz\/wp-content\/uploads\/2026\/08\/bulharsko-research-plaze-bulharsko-27-696x467.jpg 696w, https:\/\/loudavymkrokem.cz\/wp-content\/uploads\/2026\/08\/bulharsko-research-plaze-bulharsko-27-1392x933.jpg 1392w\" sizes=\"(max-width: 1800px) 100vw, 1800px\" \/><button\n\t\t\tclass=\"lightbox-trigger\"\n\t\t\ttype=\"button\"\n\t\t\taria-haspopup=\"dialog\"\n\t\t\tdata-wp-bind--aria-label=\"state.thisImage.triggerButtonAriaLabel\"\n\t\t\tdata-wp-init=\"callbacks.initTriggerButton\"\n\t\t\tdata-wp-on--click=\"actions.showLightbox\"\n\t\t\tdata-wp-style--right=\"state.thisImage.buttonRight\"\n\t\t\tdata-wp-style--top=\"state.thisImage.buttonTop\"\n\t\t>\n\t\t\t<svg xmlns=\"http:\/\/www.w3.org\/2000\/svg\" width=\"12\" height=\"12\" fill=\"none\" viewBox=\"0 0 12 12\">\n\t\t\t\t<path fill=\"#fff\" d=\"M2 0a2 2 0 0 0-2 2v2h1.5V2a.5.5 0 0 1 .5-.5h2V0H2Zm2 10.5H2a.5.5 0 0 1-.5-.5V8H0v2a2 2 0 0 0 2 2h2v-1.5ZM8 12v-1.5h2a.5.5 0 0 0 .5-.5V8H12v2a2 2 0 0 1-2 2H8Zm2-12a2 2 0 0 1 2 2v2h-1.5V2a.5.5 0 0 0-.5-.5H8V0h2Z\" \/>\n\t\t\t<\/svg>\n\t\t<\/button><figcaption class=\"wp-element-caption\">Foto (editada): karel291 \/ Wikimedia Commons (CC BY 3.0)<\/figcaption><\/figure>\n\n\n\n<h2 class=\"wp-block-heading\"><span class=\"ez-toc-section\" id=\"As_melhores_praias_para_familias_com_criancas_pequenas\"><\/span>As melhores praias para fam\u00edlias com crian\u00e7as pequenas<span class=\"ez-toc-section-end\"><\/span><\/h2>\n\n\n\n<p class=\"wp-block-paragraph\">Se voc\u00ea viaja com beb\u00eas ou crian\u00e7as menores, o litoral norte tem uma vencedora clara. <strong>Albena tem os n\u00fameros a seu favor, e eles falam por si:<\/strong> a profundidade da \u00e1gua n\u00e3o passa de 1,6 metro mesmo \u00e0 incr\u00edvel dist\u00e2ncia de 150 metros da margem. As crian\u00e7as podem construir castelos de areia com seguran\u00e7a e chapinhar nas imensas rasas sem medo de uma queda s\u00fabita do fundo.<\/p>\n\n\n\n<p class=\"wp-block-paragraph\">No norte vale a regra geral de que <strong>as bordas das praias t\u00eam entrada bem suave<\/strong>, enquanto no sul \u00e9 exatamente o contr\u00e1rio (as rasas ficam logo na margem, mas o fundo desce mais r\u00e1pido). Um exemplo t\u00edpico, que exige aviso enf\u00e1tico \u00e0s fam\u00edlias, \u00e9 a deslumbrante Veleka, em Sinemorets. A ba\u00eda ali \u00e9 extremamente funda logo no primeiro passo dentro da \u00e1gua.<\/p>\n\n\n\n<p class=\"wp-block-paragraph\">\u00d3timas escolhas para fam\u00edlias s\u00e3o os balne\u00e1rios de Kranevo, Primorsko e Kiten. Os pr\u00f3prios moradores elogiam as praias locais pela \u00e1gua cristalina e pelo fundo sem pedras. Se voc\u00ea procura um lugar onde o mar parece um lago tranquilo, <strong>siga rumo \u00e0s praias de Sarafovo-sul ou Pomorie-sul<\/strong>. Essas enseadas ficam num ponto perfeitamente abrigado, ent\u00e3o a bandeira vermelha que pro\u00edbe o banho \u00e9 hasteada s\u00f3 muito raramente.<\/p>\n\n\n\n<figure data-wp-context=\"{&quot;imageId&quot;:&quot;6a9c29fe11231&quot;}\" data-wp-interactive=\"core\/image\" data-wp-key=\"6a9c29fe11231\" class=\"wp-block-image size-full wp-lightbox-container\"><img decoding=\"async\" width=\"1707\" height=\"2560\" data-wp-class--hide=\"state.isContentHidden\" data-wp-class--show=\"state.isContentVisible\" data-wp-init=\"callbacks.setButtonStyles\" data-wp-on--click=\"actions.showLightbox\" data-wp-on--load=\"callbacks.setButtonStyles\" data-wp-on--pointerdown=\"actions.preloadImage\" data-wp-on--pointerenter=\"actions.preloadImageWithDelay\" data-wp-on--pointerleave=\"actions.cancelPreload\" data-wp-on-window--resize=\"callbacks.setButtonStyles\" src=\"https:\/\/loudavymkrokem.cz\/wp-content\/uploads\/2026\/08\/bulharsko-research-plaze-bulharsko-28-scaled.jpg\" alt=\"Sinaliza\u00e7\u00e3o por bandeiras e zona vigiada em praia b\u00falgara\" class=\"wp-image-404261\" title=\"\" srcset=\"https:\/\/loudavymkrokem.cz\/wp-content\/uploads\/2026\/08\/bulharsko-research-plaze-bulharsko-28-scaled.jpg 1707w, https:\/\/loudavymkrokem.cz\/wp-content\/uploads\/2026\/08\/bulharsko-research-plaze-bulharsko-28-200x300.jpg 200w, https:\/\/loudavymkrokem.cz\/wp-content\/uploads\/2026\/08\/bulharsko-research-plaze-bulharsko-28-700x1050.jpg 700w, https:\/\/loudavymkrokem.cz\/wp-content\/uploads\/2026\/08\/bulharsko-research-plaze-bulharsko-28-768x1152.jpg 768w, https:\/\/loudavymkrokem.cz\/wp-content\/uploads\/2026\/08\/bulharsko-research-plaze-bulharsko-28-1024x1536.jpg 1024w, https:\/\/loudavymkrokem.cz\/wp-content\/uploads\/2026\/08\/bulharsko-research-plaze-bulharsko-28-1365x2048.jpg 1365w, https:\/\/loudavymkrokem.cz\/wp-content\/uploads\/2026\/08\/bulharsko-research-plaze-bulharsko-28-696x1044.jpg 696w, https:\/\/loudavymkrokem.cz\/wp-content\/uploads\/2026\/08\/bulharsko-research-plaze-bulharsko-28-1392x2088.jpg 1392w\" sizes=\"(max-width: 1707px) 100vw, 1707px\" \/><button\n\t\t\tclass=\"lightbox-trigger\"\n\t\t\ttype=\"button\"\n\t\t\taria-haspopup=\"dialog\"\n\t\t\tdata-wp-bind--aria-label=\"state.thisImage.triggerButtonAriaLabel\"\n\t\t\tdata-wp-init=\"callbacks.initTriggerButton\"\n\t\t\tdata-wp-on--click=\"actions.showLightbox\"\n\t\t\tdata-wp-style--right=\"state.thisImage.buttonRight\"\n\t\t\tdata-wp-style--top=\"state.thisImage.buttonTop\"\n\t\t>\n\t\t\t<svg xmlns=\"http:\/\/www.w3.org\/2000\/svg\" width=\"12\" height=\"12\" fill=\"none\" viewBox=\"0 0 12 12\">\n\t\t\t\t<path fill=\"#fff\" d=\"M2 0a2 2 0 0 0-2 2v2h1.5V2a.5.5 0 0 1 .5-.5h2V0H2Zm2 10.5H2a.5.5 0 0 1-.5-.5V8H0v2a2 2 0 0 0 2 2h2v-1.5ZM8 12v-1.5h2a.5.5 0 0 0 .5-.5V8H12v2a2 2 0 0 1-2 2H8Zm2-12a2 2 0 0 1 2 2v2h-1.5V2a.5.5 0 0 0-.5-.5H8V0h2Z\" \/>\n\t\t\t<\/svg>\n\t\t<\/button><figcaption class=\"wp-element-caption\">Foto: Kritzolina \/ Wikimedia Commons (CC BY-SA 4.0)<\/figcaption><\/figure>\n\n\n\n<h2 class=\"wp-block-heading\"><span class=\"ez-toc-section\" id=\"Seguranca_correntes_ondas_e_salva-vidas\"><\/span>Seguran\u00e7a: correntes, ondas e salva-vidas<span class=\"ez-toc-section-end\"><\/span><\/h2>\n\n\n\n<p class=\"wp-block-paragraph\">O Mar Negro sabe ser trai\u00e7oeiro e voc\u00ea n\u00e3o deve subestimar a seguran\u00e7a. O servi\u00e7o de salvamento aqu\u00e1tico da Bulg\u00e1ria atendeu, em 2025, a mais de 2.400 ocorr\u00eancias. Ainda que 89 pessoas tenham se afogado no ano passado, <strong>apenas tr\u00eas eram crian\u00e7as<\/strong>, o menor n\u00famero da hist\u00f3ria. O grupo de maior risco s\u00e3o, surpreendentemente, homens entre 25 e 45 anos, muitas vezes sob efeito de \u00e1lcool.<\/p>\n\n\n\n<p class=\"wp-block-paragraph\">O principal perigo do litoral sul s\u00e3o as chamadas <strong>correntes de retorno, que os locais chamam de &#8220;ressaca morta&#8221; (meltem)<\/strong>. Elas surgem com mais frequ\u00eancia com vento norte e conseguem puxar uma pessoa para o mar j\u00e1 no momento em que ela est\u00e1 com \u00e1gua pelos joelhos. O experiente salva-vidas Petar Rusev apontou, \u00e0 r\u00e1dio p\u00fablica, como praias mais perigosas em agosto: Silistar, Butamjata, Primorsko-norte, Sozopol-Harmani, Obzor e Burgas-norte.<\/p>\n\n\n\n<p class=\"wp-block-paragraph\">\ud83d\udca1 <strong>Como sair de uma corrente de retorno:<\/strong> se a corrente come\u00e7ar a pux\u00e1-lo para o mar aberto, n\u00e3o entre em p\u00e2nico. <strong>O erro fatal \u00e9 nadar contra a corrente em dire\u00e7\u00e3o \u00e0 margem<\/strong>, voc\u00ea s\u00f3 vai se esgotar. Voc\u00ea precisa <strong>nadar paralelamente \u00e0 margem<\/strong> at\u00e9 sair da corrente e chegar a uma \u00e1gua mais calma, e s\u00f3 ent\u00e3o rumar para terra firme.<\/p>\n\n\n\n<p class=\"wp-block-paragraph\">Lembre-se tamb\u00e9m de que a temporada oficial, com salva-vidas de plant\u00e3o, vai <strong>apenas de 1\u00ba de junho a 30 de setembro<\/strong>. Os salva-vidas costumam ficar nos postos s\u00f3 at\u00e9 as 18h. Quanto \u00e0s \u00e1guas-vivas, n\u00e3o precisa se preocupar. No auge do ver\u00e3o aparecem duas esp\u00e9cies, mas s\u00e3o praticamente inofensivas e, no m\u00e1ximo, ardem como uma leve urtiga. Antes de viajar para o sul, apenas confira as not\u00edcias atuais: em junho de 2026 surgiram manchas inesperadas de \u00f3leo perto de Sinemorets e Varvara, mas a situa\u00e7\u00e3o muda com frequ\u00eancia.<\/p>\n\n\n\n<figure data-wp-context=\"{&quot;imageId&quot;:&quot;6a9c29fe11bb3&quot;}\" data-wp-interactive=\"core\/image\" data-wp-key=\"6a9c29fe11bb3\" class=\"wp-block-image size-full wp-lightbox-container\"><img decoding=\"async\" width=\"1800\" height=\"1350\" data-wp-class--hide=\"state.isContentHidden\" data-wp-class--show=\"state.isContentVisible\" data-wp-init=\"callbacks.setButtonStyles\" data-wp-on--click=\"actions.showLightbox\" data-wp-on--load=\"callbacks.setButtonStyles\" data-wp-on--pointerdown=\"actions.preloadImage\" data-wp-on--pointerenter=\"actions.preloadImageWithDelay\" data-wp-on--pointerleave=\"actions.cancelPreload\" data-wp-on-window--resize=\"callbacks.setButtonStyles\" src=\"https:\/\/loudavymkrokem.cz\/wp-content\/uploads\/2026\/08\/bulharsko-research-plaze-bulharsko-29.jpg\" alt=\"Praia selvagem de Irakli, onde valem as novas regras de camping\" class=\"wp-image-404264\" title=\"\" srcset=\"https:\/\/loudavymkrokem.cz\/wp-content\/uploads\/2026\/08\/bulharsko-research-plaze-bulharsko-29.jpg 1800w, https:\/\/loudavymkrokem.cz\/wp-content\/uploads\/2026\/08\/bulharsko-research-plaze-bulharsko-29-300x225.jpg 300w, https:\/\/loudavymkrokem.cz\/wp-content\/uploads\/2026\/08\/bulharsko-research-plaze-bulharsko-29-700x525.jpg 700w, https:\/\/loudavymkrokem.cz\/wp-content\/uploads\/2026\/08\/bulharsko-research-plaze-bulharsko-29-768x576.jpg 768w, https:\/\/loudavymkrokem.cz\/wp-content\/uploads\/2026\/08\/bulharsko-research-plaze-bulharsko-29-1536x1152.jpg 1536w, https:\/\/loudavymkrokem.cz\/wp-content\/uploads\/2026\/08\/bulharsko-research-plaze-bulharsko-29-80x60.jpg 80w, https:\/\/loudavymkrokem.cz\/wp-content\/uploads\/2026\/08\/bulharsko-research-plaze-bulharsko-29-160x120.jpg 160w, https:\/\/loudavymkrokem.cz\/wp-content\/uploads\/2026\/08\/bulharsko-research-plaze-bulharsko-29-696x522.jpg 696w, https:\/\/loudavymkrokem.cz\/wp-content\/uploads\/2026\/08\/bulharsko-research-plaze-bulharsko-29-1392x1044.jpg 1392w\" sizes=\"(max-width: 1800px) 100vw, 1800px\" \/><button\n\t\t\tclass=\"lightbox-trigger\"\n\t\t\ttype=\"button\"\n\t\t\taria-haspopup=\"dialog\"\n\t\t\tdata-wp-bind--aria-label=\"state.thisImage.triggerButtonAriaLabel\"\n\t\t\tdata-wp-init=\"callbacks.initTriggerButton\"\n\t\t\tdata-wp-on--click=\"actions.showLightbox\"\n\t\t\tdata-wp-style--right=\"state.thisImage.buttonRight\"\n\t\t\tdata-wp-style--top=\"state.thisImage.buttonTop\"\n\t\t>\n\t\t\t<svg xmlns=\"http:\/\/www.w3.org\/2000\/svg\" width=\"12\" height=\"12\" fill=\"none\" viewBox=\"0 0 12 12\">\n\t\t\t\t<path fill=\"#fff\" d=\"M2 0a2 2 0 0 0-2 2v2h1.5V2a.5.5 0 0 1 .5-.5h2V0H2Zm2 10.5H2a.5.5 0 0 1-.5-.5V8H0v2a2 2 0 0 0 2 2h2v-1.5ZM8 12v-1.5h2a.5.5 0 0 0 .5-.5V8H12v2a2 2 0 0 1-2 2H8Zm2-12a2 2 0 0 1 2 2v2h-1.5V2a.5.5 0 0 0-.5-.5H8V0h2Z\" \/>\n\t\t\t<\/svg>\n\t\t<\/button><figcaption class=\"wp-element-caption\">Foto: Wikimedia Commons (CC BY-SA 3.0)<\/figcaption><\/figure>\n\n\n\n<h2 class=\"wp-block-heading\"><span class=\"ez-toc-section\" id=\"Camping_e_motorhomes_o_que_mudou_em_2026\"><\/span>Camping e motorhomes: o que mudou em 2026<span class=\"ez-toc-section-end\"><\/span><\/h2>\n\n\n\n<p class=\"wp-block-paragraph\">A \u00e9poca em que voc\u00ea podia parar o motorhome ou a barraca em qualquer fal\u00e9sia acabou de vez na Bulg\u00e1ria. Desde 2026 valem regras r\u00edgidas: <strong>s\u00f3 \u00e9 permitido acampar em terrenos que os munic\u00edpios expressamente destinaram a isso<\/strong> e que n\u00e3o invadam \u00e1reas protegidas. O mapa dessas zonas legais est\u00e1 dispon\u00edvel no <a href=\"https:\/\/bulgariatravel.org\/\" rel=\"nofollow noopener\" target=\"_blank\">portal digital do minist\u00e9rio do turismo<\/a>.<\/p>\n\n\n\n<p class=\"wp-block-paragraph\">A maior mudan\u00e7a diz respeito \u00e0 faixa de prote\u00e7\u00e3o. Enquanto, normalmente, voc\u00ea n\u00e3o pode acampar a menos de 100 metros do mar, nas praias selvagens de Irakli, Karadere e Koral essa <strong>zona proibida foi ampliada para at\u00e9 500 metros<\/strong>. O motivo \u00e9 proteger as valiosas dunas de areia, que agora est\u00e3o amparadas diretamente por lei e onde nem sequer \u00e9 permitido construir.<\/p>\n\n\n\n<p class=\"wp-block-paragraph\">Uma prova de que as autoridades levam isso a s\u00e9rio foi a opera\u00e7\u00e3o de fiscaliza\u00e7\u00e3o do fim de julho de 2026, justamente na praia de Karadere. Os agentes contaram cerca de <strong>1.000 motorhomes, campers e barracas estacionados ilegalmente<\/strong>, ocupando metade da praia, inclusive as dunas. Todos receberam advert\u00eancia e, nas pr\u00f3ximas fiscaliza\u00e7\u00f5es, os ve\u00edculos sem placa come\u00e7ar\u00e3o a ser rebocados. <strong>Por isso, com motorhome definitivamente n\u00e3o v\u00e1 a Karadere este ano.<\/strong><\/p>\n\n\n\n<p class=\"wp-block-paragraph\">Se voc\u00ea quer acampar legalmente, no litoral sul funcionam v\u00e1rios campings excelentes (por exemplo, Gradina, Kavaci, Smokinja ou Nestinarka). Os pre\u00e7os em 2026 s\u00e3o bem convidativos: <strong>por uma barraca voc\u00ea paga de 8 a 15 \u20ac por noite<\/strong> (mais 3 a 7 \u20ac por pessoa), enquanto uma vaga para motorhome com liga\u00e7\u00e3o el\u00e9trica sai por 15 a 30 \u20ac (R$ 90 a R$ 180). As multas por acampamento irregular come\u00e7ar\u00e3o a ser plenamente cobradas a partir de 1\u00ba de outubro de 2026, e as penalidades v\u00e3o partir de 250 euros.<\/p>\n\n\n\n<figure data-wp-context=\"{&quot;imageId&quot;:&quot;6a9c29fe12578&quot;}\" data-wp-interactive=\"core\/image\" data-wp-key=\"6a9c29fe12578\" class=\"wp-block-image size-full wp-lightbox-container\"><img decoding=\"async\" width=\"1800\" height=\"1013\" data-wp-class--hide=\"state.isContentHidden\" data-wp-class--show=\"state.isContentVisible\" data-wp-init=\"callbacks.setButtonStyles\" data-wp-on--click=\"actions.showLightbox\" data-wp-on--load=\"callbacks.setButtonStyles\" data-wp-on--pointerdown=\"actions.preloadImage\" data-wp-on--pointerenter=\"actions.preloadImageWithDelay\" data-wp-on--pointerleave=\"actions.cancelPreload\" data-wp-on-window--resize=\"callbacks.setButtonStyles\" src=\"https:\/\/loudavymkrokem.cz\/wp-content\/uploads\/2026\/08\/bulharsko-research-plaze-bulharsko-30.jpg\" alt=\"Entardecer no litoral b\u00falgaro\" class=\"wp-image-404267\" title=\"\" srcset=\"https:\/\/loudavymkrokem.cz\/wp-content\/uploads\/2026\/08\/bulharsko-research-plaze-bulharsko-30.jpg 1800w, https:\/\/loudavymkrokem.cz\/wp-content\/uploads\/2026\/08\/bulharsko-research-plaze-bulharsko-30-300x169.jpg 300w, https:\/\/loudavymkrokem.cz\/wp-content\/uploads\/2026\/08\/bulharsko-research-plaze-bulharsko-30-700x394.jpg 700w, https:\/\/loudavymkrokem.cz\/wp-content\/uploads\/2026\/08\/bulharsko-research-plaze-bulharsko-30-768x432.jpg 768w, https:\/\/loudavymkrokem.cz\/wp-content\/uploads\/2026\/08\/bulharsko-research-plaze-bulharsko-30-1536x864.jpg 1536w, https:\/\/loudavymkrokem.cz\/wp-content\/uploads\/2026\/08\/bulharsko-research-plaze-bulharsko-30-696x392.jpg 696w, https:\/\/loudavymkrokem.cz\/wp-content\/uploads\/2026\/08\/bulharsko-research-plaze-bulharsko-30-1392x783.jpg 1392w\" sizes=\"(max-width: 1800px) 100vw, 1800px\" \/><button\n\t\t\tclass=\"lightbox-trigger\"\n\t\t\ttype=\"button\"\n\t\t\taria-haspopup=\"dialog\"\n\t\t\tdata-wp-bind--aria-label=\"state.thisImage.triggerButtonAriaLabel\"\n\t\t\tdata-wp-init=\"callbacks.initTriggerButton\"\n\t\t\tdata-wp-on--click=\"actions.showLightbox\"\n\t\t\tdata-wp-style--right=\"state.thisImage.buttonRight\"\n\t\t\tdata-wp-style--top=\"state.thisImage.buttonTop\"\n\t\t>\n\t\t\t<svg xmlns=\"http:\/\/www.w3.org\/2000\/svg\" width=\"12\" height=\"12\" fill=\"none\" viewBox=\"0 0 12 12\">\n\t\t\t\t<path fill=\"#fff\" d=\"M2 0a2 2 0 0 0-2 2v2h1.5V2a.5.5 0 0 1 .5-.5h2V0H2Zm2 10.5H2a.5.5 0 0 1-.5-.5V8H0v2a2 2 0 0 0 2 2h2v-1.5ZM8 12v-1.5h2a.5.5 0 0 0 .5-.5V8H12v2a2 2 0 0 1-2 2H8Zm2-12a2 2 0 0 1 2 2v2h-1.5V2a.5.5 0 0 0-.5-.5H8V0h2Z\" \/>\n\t\t\t<\/svg>\n\t\t<\/button><figcaption class=\"wp-element-caption\">Foto: Milo\u0161 La\u0161\u00e1k \/ Pexels<\/figcaption><\/figure>\n\n\n\n<h2 class=\"wp-block-heading\"><span class=\"ez-toc-section\" id=\"Quando_ir_as_praias_da_Bulgaria\"><\/span>Quando ir \u00e0s praias da Bulg\u00e1ria<span class=\"ez-toc-section-end\"><\/span><\/h2>\n\n\n\n<p class=\"wp-block-paragraph\">O ver\u00e3o b\u00falgaro \u00e9 relativamente curto, mas por isso mesmo mais intenso. A temperatura do mar em junho gira em torno de refrescantes 20,5 a 21 \u00b0C. <strong>O m\u00eas mais quente e, ao mesmo tempo, mais seco \u00e9 sem d\u00favida agosto<\/strong>, quando a \u00e1gua tem lindos 25 a 26 \u00b0C e no litoral caem, em m\u00e9dia, apenas 24 a 30 mm de chuva ao longo de meros tr\u00eas dias chuvosos.<\/p>\n\n\n\n<p class=\"wp-block-paragraph\">Uma dica interessante dos moradores \u00e9 planejar a viagem para o fim do ver\u00e3o. <strong>Em setembro, o mar est\u00e1, por incr\u00edvel que pare\u00e7a, mais quente do que em junho<\/strong> (mant\u00e9m 22 a 23 \u00b0C), o ar j\u00e1 n\u00e3o \u00e9 t\u00e3o escaldante e as grandes multid\u00f5es de turistas h\u00e1 muito foram embora. S\u00f3 verifique o hor\u00e1rio de funcionamento dos bares de praia, muitos fecham j\u00e1 na metade de setembro.<\/p>\n\n\n\n<h2 class=\"wp-block-heading\"><span class=\"ez-toc-section\" id=\"Para_onde_ir_depois\"><\/span>Para onde ir depois<span class=\"ez-toc-section-end\"><\/span><\/h2>\n\n\n\n<ul class=\"wp-block-list\">\n\n<li>  Curioso para saber como \u00e9 a praia por l\u00e1? Confira <strong><a href=\"https:\/\/loudavymkrokem.cz\/zlate-pisky\/\">Golden Sands: o que ver, praias e quanto custa<\/a><\/strong>.<\/li>\n\n\n\n\n<li>  Quer praias e hist\u00f3ria juntas? D\u00ea uma olhada em <strong><a href=\"https:\/\/loudavymkrokem.cz\/pt-br\/?p=406041\">Sozopol: o que ver na cidade mais antiga \u00e0 beira-mar<\/a><\/strong>.<\/li>\n\n\n\n\n<li>  Quer praia com uma dose de hist\u00f3ria? Confira <strong><a href=\"https:\/\/loudavymkrokem.cz\/nesebar\/\">Nessebar: o que ver na cidade UNESCO<\/a><\/strong>.<\/li>\n\n\n\n\n<li><a href=\"https:\/\/loudavymkrokem.cz\/pt-br\/bulgaria-lugares-mais-lindos\/\">F\u00e9rias na Bulg\u00e1ria: 30 lugares mais bonitos<\/a><\/li>\n\n\n\n<li><a href=\"https:\/\/loudavymkrokem.cz\/pt-br\/costa-ensolarada-bulgaria\/\">Sunny Beach: 15 dicas e do que se cuidar<\/a><\/li>\n\n\n\n<li><a href=\"https:\/\/loudavymkrokem.cz\/pt-br\/precos-bulgaria-2026\/\">Pre\u00e7os na Bulg\u00e1ria ap\u00f3s a ado\u00e7\u00e3o do euro<\/a><\/li>\n\n\n\n<li><a href=\"https:\/\/loudavymkrokem.cz\/pt-br\/clima-bulgaria-quando-ir\/\">Clima na Bulg\u00e1ria: temperatura do mar por m\u00eas<\/a><\/li>\n\n\n\n<li><a href=\"https:\/\/loudavymkrokem.cz\/pt-br\/bulgaria-all-inclusive-resorts\/\">Bulg\u00e1ria all inclusive: 22 melhores resorts<\/a><\/li>\n\n\n<\/ul>\n\n\n\n<h2 class=\"wp-block-heading\"><span class=\"ez-toc-section\" id=\"Perguntas_frequentes\"><\/span>Perguntas frequentes<span class=\"ez-toc-section-end\"><\/span><\/h2>\n\n\n<div id=\"rank-math-faq\" class=\"rank-math-block\">\n<div class=\"rank-math-list \">\n<div id=\"faq-question-1787919927000\" class=\"rank-math-list-item\">\n<h3 class=\"rank-math-question \"><span class=\"ez-toc-section\" id=\"Quais_sao_as_praias_mais_bonitas\"><\/span>Quais s\u00e3o as praias mais bonitas?<span class=\"ez-toc-section-end\"><\/span><\/h3>\n<div class=\"rank-math-answer \">\n\n<p>Depende do que voc\u00ea est\u00e1 procurando. Para os amantes da natureza selvagem e fal\u00e9sias dram\u00e1ticas, a ba\u00eda de Silistar no sul ou a regi\u00e3o de Bolata no norte s\u00e3o absolutamente incr\u00edveis. Se voc\u00ea procura dunas de areia infinitas, v\u00e1 para Arkutino.<\/p>\n\n<\/div>\n<\/div>\n<div id=\"faq-question-1787919927001\" class=\"rank-math-list-item\">\n<h3 class=\"rank-math-question \"><span class=\"ez-toc-section\" id=\"Quanto_custa_alugar_uma_espreguicadeira\"><\/span>Quanto custa alugar uma espregui\u00e7adeira?<span class=\"ez-toc-section-end\"><\/span><\/h3>\n<div class=\"rank-math-answer \">\n\n<p>Os pre\u00e7os em 2026 variam at\u00e9 vinte vezes. As espregui\u00e7adeiras mais baratas voc\u00ea encontra em Burgas (a partir de 0,60 \u20ac por unidade), enquanto em Praias Douradas voc\u00ea paga de 5 a 6 \u20ac. O pre\u00e7o m\u00e9dio de um conjunto (duas espregui\u00e7adeiras e um guarda-sol) no litoral fica em torno de 10 a 15 \u20ac.<\/p>\n\n<\/div>\n<\/div>\n<div id=\"faq-question-1787919927002\" class=\"rank-math-list-item\">\n<h3 class=\"rank-math-question \"><span class=\"ez-toc-section\" id=\"Preciso_pagar_para_entrar_na_praia\"><\/span>Preciso pagar para entrar na praia?<span class=\"ez-toc-section-end\"><\/span><\/h3>\n<div class=\"rank-math-answer \">\n\n<p>N\u00e3o, a entrada em todas as praias b\u00falgaras \u00e9 gratuita. Al\u00e9m disso, a lei determina que no m\u00ednimo 50% da \u00e1rea deve ser a chamada zona livre. L\u00e1 voc\u00ea pode estender sua pr\u00f3pria toalha e guarda-sol gratuitamente a qualquer momento, at\u00e9 mesmo em frente a hot\u00e9is de luxo.<\/p>\n\n<\/div>\n<\/div>\n<div id=\"faq-question-1787919927003\" class=\"rank-math-list-item\">\n<h3 class=\"rank-math-question \"><span class=\"ez-toc-section\" id=\"Para_onde_ir_com_criancas_pequenas\"><\/span>Para onde ir com crian\u00e7as pequenas?<span class=\"ez-toc-section-end\"><\/span><\/h3>\n<div class=\"rank-math-answer \">\n\n<p>A melhor escolha \u00e9 o resort de Albena no norte, onde a profundidade da \u00e1gua n\u00e3o ultrapassa 1,6 metro nem a 150 metros da costa. \u00c1guas rasas excelentes tamb\u00e9m podem ser encontradas nos resorts de Kranevo, Primorsko e Kiten. Evite, por outro lado, a praia de Veleka, onde a profundidade \u00e9 grande logo na beira.<\/p>\n\n<\/div>\n<\/div>\n<div id=\"faq-question-1787919927004\" class=\"rank-math-list-item\">\n<h3 class=\"rank-math-question \"><span class=\"ez-toc-section\" id=\"Quais_praias_sao_perigosas\"><\/span>Quais praias s\u00e3o perigosas?<span class=\"ez-toc-section-end\"><\/span><\/h3>\n<div class=\"rank-math-answer \">\n\n<p>Devido \u00e0s correntes de retorno trai\u00e7oeiras (chamadas de ressaca), as praias do sul s\u00e3o especialmente arriscadas em agosto: Silistar, Butamjata, Primorsko-norte, Sozopol-Harmani e Obzor. Se voc\u00ea for pego pela corrente, nade sempre paralelamente \u00e0 costa, nunca contra a corrente.<\/p>\n\n<\/div>\n<\/div>\n<div id=\"faq-question-1787919927005\" class=\"rank-math-list-item\">\n<h3 class=\"rank-math-question \"><span class=\"ez-toc-section\" id=\"Existem_praias_de_nudismo_na_Bulgaria\"><\/span>Existem praias de nudismo na Bulg\u00e1ria?<span class=\"ez-toc-section-end\"><\/span><\/h3>\n<div class=\"rank-math-answer \">\n\n<p>A \u00fanica praia naturista oficial com infraestrutura completa \u00e9 Nirvana em Praias Douradas. No entanto, zonas nudistas n\u00e3o oficiais toleradas podem ser encontradas em trechos mais remotos das praias de Alepu, Pa\u0161a dere, Karadere ou na extremidade norte de \u0160korpilovci.<\/p>\n\n<\/div>\n<\/div>\n<div id=\"faq-question-1787919927006\" class=\"rank-math-list-item\">\n<h3 class=\"rank-math-question \"><span class=\"ez-toc-section\" id=\"E_permitido_acampar_livremente\"><\/span>\u00c9 permitido acampar livremente?<span class=\"ez-toc-section-end\"><\/span><\/h3>\n<div class=\"rank-math-answer \">\n\n<p>Desde 2026 vigoram regras muito rigorosas e acampar livremente nas praias ou nas dunas \u00e9 proibido. Ao redor das praias de Karadere, Irakli e Koral existe at\u00e9 uma zona de prote\u00e7\u00e3o de 500 metros. Acampar s\u00f3 \u00e9 permitido em zonas legais designadas e campings.<\/p>\n\n<\/div>\n<\/div>\n<div id=\"faq-question-1787919927007\" class=\"rank-math-list-item\">\n<h3 class=\"rank-math-question \"><span class=\"ez-toc-section\" id=\"Quando_o_mar_esta_mais_quente\"><\/span>Quando o mar est\u00e1 mais quente?<span class=\"ez-toc-section-end\"><\/span><\/h3>\n<div class=\"rank-math-answer \">\n\n<p>A \u00e1gua mais quente voc\u00ea encontra em agosto, quando a temperatura do Mar Negro atinge 25 a 26 \u00b0C. Agosto \u00e9 tamb\u00e9m o m\u00eas mais seco com o m\u00ednimo de chuvas. Setembro tamb\u00e9m \u00e9 uma \u00f3tima escolha, quando o mar com temperatura de 22 a 23 \u00b0C est\u00e1 surpreendentemente mais quente do que em junho.<\/p>\n\n<\/div>\n<\/div>\n<div id=\"faq-question-1787919927008\" class=\"rank-math-list-item\">\n<h3 class=\"rank-math-question \"><span class=\"ez-toc-section\" id=\"Ha_aguas-vivas_no_mar\"><\/span>H\u00e1 \u00e1guas-vivas no mar?<span class=\"ez-toc-section-end\"><\/span><\/h3>\n<div class=\"rank-math-answer \">\n\n<p>No Mar Negro vivem comumente dois tipos de \u00e1guas-vivas (por exemplo, Aurelia aurita), que aparecem com mais frequ\u00eancia no meio do ver\u00e3o. No entanto, s\u00e3o inofensivas para os seres humanos e sua picada \u00e9 muito fraca, lembrando mais o toque leve de uma urtiga.<\/p>\n\n<\/div>\n<\/div>\n<div id=\"faq-question-1787919927009\" class=\"rank-math-list-item\">\n<h3 class=\"rank-math-question \"><span class=\"ez-toc-section\" id=\"Como_chegar_as_praias_selvagens\"><\/span>Como chegar \u00e0s praias selvagens?<span class=\"ez-toc-section-end\"><\/span><\/h3>\n<div class=\"rank-math-answer \">\n\n<p>Para a maioria das praias selvagens (Irakli, Karadere, Pa\u0161a dere) n\u00e3o h\u00e1 estrada asfaltada, apenas caminhos de terra empoeirados e esburacados. Muitas vezes voc\u00ea precisa deixar o carro mais longe do mar e caminhar as \u00faltimas centenas de metros. Ap\u00f3s chuvas fortes, os caminhos costumam ficar intransit\u00e1veis para carros comuns.<\/p>\n\n<\/div>\n<\/div>\n<\/div>\n<\/div>\n\n\n<p class=\"wp-block-paragraph\">\ud83d\udc49 <a href=\"https:\/\/www.stay22.com\/allez\/roam?aid=lukaskonecny&#038;campaign=loudavymkrokemcz&#038;campaign=plaze-bulharsko&#038;address=Primorsko%2C%20Bulharsko\" target=\"_blank\" rel=\"nofollow noopener\"><strong>Ver pre\u00e7os de hospedagem perto desta praia<\/strong><\/a><\/p>\n\n","protected":false},"excerpt":{"rendered":"<p>Descubra as 20 praias mais bonitas da Bulg\u00e1ria, das dunas de areia infinitas e enseadas selvagens sem hot\u00e9is aos resorts rasos ideais para fam\u00edlias com crian\u00e7as.<\/p>\n","protected":false},"author":3,"featured_media":404281,"comment_status":"open","ping_status":"open","sticky":false,"template":"","format":"standard","meta":{"_acf_changed":false,"footnotes":"","rank_math_title":"Praias da Bulg\u00e1ria: 20 destinos imperd\u00edveis","rank_math_description":"Conhe\u00e7a as 20 melhores praias da Bulg\u00e1ria: de enseadas selvagens a resorts para fam\u00edlias, com pre\u00e7os, dicas de seguran\u00e7a e camping. Planeje sua viagem j\u00e1!","rank_math_focus_keyword":"praias da bulg\u00e1ria","rank_math_seo_score":""},"categories":[1128,1121,1104],"tags":[],"class_list":["post-417388","post","type-post","status-publish","format-standard","has-post-thumbnail","category-bulgaria","category-europa","category-viagens"],"acf":[],"featured_image_src":"https:\/\/loudavymkrokem.cz\/wp-content\/uploads\/2026\/08\/plaze-bulharsko-zatoka-bolata.jpg","author_info":{"display_name":"Lucie Kone\u010dn\u00e1","author_link":"https:\/\/loudavymkrokem.cz\/pt-br\/author\/lucie-konecna\/"},"_links":{"self":[{"href":"https:\/\/loudavymkrokem.cz\/pt-br\/wp-json\/wp\/v2\/posts\/417388","targetHints":{"allow":["GET"]}}],"collection":[{"href":"https:\/\/loudavymkrokem.cz\/pt-br\/wp-json\/wp\/v2\/posts"}],"about":[{"href":"https:\/\/loudavymkrokem.cz\/pt-br\/wp-json\/wp\/v2\/types\/post"}],"author":[{"embeddable":true,"href":"https:\/\/loudavymkrokem.cz\/pt-br\/wp-json\/wp\/v2\/users\/3"}],"replies":[{"embeddable":true,"href":"https:\/\/loudavymkrokem.cz\/pt-br\/wp-json\/wp\/v2\/comments?post=417388"}],"version-history":[{"count":2,"href":"https:\/\/loudavymkrokem.cz\/pt-br\/wp-json\/wp\/v2\/posts\/417388\/revisions"}],"predecessor-version":[{"id":417390,"href":"https:\/\/loudavymkrokem.cz\/pt-br\/wp-json\/wp\/v2\/posts\/417388\/revisions\/417390"}],"wp:featuredmedia":[{"embeddable":true,"href":"https:\/\/loudavymkrokem.cz\/pt-br\/wp-json\/wp\/v2\/media\/404281"}],"wp:attachment":[{"href":"https:\/\/loudavymkrokem.cz\/pt-br\/wp-json\/wp\/v2\/media?parent=417388"}],"wp:term":[{"taxonomy":"category","embeddable":true,"href":"https:\/\/loudavymkrokem.cz\/pt-br\/wp-json\/wp\/v2\/categories?post=417388"},{"taxonomy":"post_tag","embeddable":true,"href":"https:\/\/loudavymkrokem.cz\/pt-br\/wp-json\/wp\/v2\/tags?post=417388"}],"curies":[{"name":"wp","href":"https:\/\/api.w.org\/{rel}","templated":true}]}}