{"id":417381,"date":"2026-09-04T20:53:47","date_gmt":"2026-09-04T18:53:47","guid":{"rendered":"https:\/\/loudavymkrokem.cz\/onde-ficar-estrasburgo-franca\/"},"modified":"2026-09-05T15:20:09","modified_gmt":"2026-09-05T13:20:09","slug":"onde-ficar-estrasburgo-franca","status":"publish","type":"post","link":"https:\/\/loudavymkrokem.cz\/pt-br\/onde-ficar-estrasburgo-franca\/","title":{"rendered":"Onde ficar em Estrasburgo, Fran\u00e7a: 18 melhores hot\u00e9is e bairros em 2026"},"content":{"rendered":"\n<p class=\"wp-block-paragraph\">Estrasburgo, na Fran\u00e7a, \u00e9 uma cidade que te envolve completamente com sua atmosfera, especialmente quando suas ruelas se acendem com milhares de luzinhas e o ar fica com cheiro de vinho quente. Mas <strong>escolher a hospedagem certa<\/strong> aqui funciona um pouco diferente do que na maioria das metr\u00f3poles europeias, porque <strong>em Estrasburgo o que decide \u00e9, acima de tudo, a data<\/strong>, e n\u00e3o o hotel em si.<\/p>\n\n\n\n<p class=\"wp-block-paragraph\">Se voc\u00ea planeja visitar durante a temporada dos famosos mercados de Natal, prepare-se: um <strong>hotel no centro hist\u00f3rico pode custar at\u00e9 o triplo do pre\u00e7o de janeiro<\/strong>. Os melhores endere\u00e7os na ilha Grande \u00cele somem dos sites de reserva numa velocidade impressionante e, por isso, <strong>esgotam tranquilamente seis a nove meses antes<\/strong>.<\/p>\n\n\n\n<p class=\"wp-block-paragraph\">Vou te mostrar como evitar as maiores armadilhas tur\u00edsticas \u2014 e revelar um pequeno segredo que pode te fazer economizar de 30 a 40 por cento do pre\u00e7o do Advento, se voc\u00ea se hospedar a apenas dez ou vinte minutos de caminhada do n\u00facleo hist\u00f3rico.<\/p>\n\n\n\n<figure data-wp-context=\"{&quot;imageId&quot;:&quot;6a9c2aade7623&quot;}\" data-wp-interactive=\"core\/image\" data-wp-key=\"6a9c2aade7623\" class=\"wp-block-image size-full wp-lightbox-container\"><img decoding=\"async\" width=\"1920\" height=\"1848\" data-wp-class--hide=\"state.isContentHidden\" data-wp-class--show=\"state.isContentVisible\" data-wp-init=\"callbacks.setButtonStyles\" data-wp-on--click=\"actions.showLightbox\" data-wp-on--load=\"callbacks.setButtonStyles\" data-wp-on--pointerdown=\"actions.preloadImage\" data-wp-on--pointerenter=\"actions.preloadImageWithDelay\" data-wp-on--pointerleave=\"actions.cancelPreload\" data-wp-on-window--resize=\"callbacks.setButtonStyles\" src=\"https:\/\/loudavymkrokem.cz\/wp-content\/uploads\/2026\/09\/grande-ile-historicke-jadro-strasburku-2b97f23a.jpg\" alt=\"Grande \u00cele, o n\u00facleo hist\u00f3rico de Estrasburgo\" class=\"wp-image-413380\" title=\"\" srcset=\"https:\/\/loudavymkrokem.cz\/wp-content\/uploads\/2026\/09\/grande-ile-historicke-jadro-strasburku-2b97f23a.jpg 1920w, https:\/\/loudavymkrokem.cz\/wp-content\/uploads\/2026\/09\/grande-ile-historicke-jadro-strasburku-2b97f23a-300x289.jpg 300w, https:\/\/loudavymkrokem.cz\/wp-content\/uploads\/2026\/09\/grande-ile-historicke-jadro-strasburku-2b97f23a-700x674.jpg 700w, https:\/\/loudavymkrokem.cz\/wp-content\/uploads\/2026\/09\/grande-ile-historicke-jadro-strasburku-2b97f23a-768x739.jpg 768w, https:\/\/loudavymkrokem.cz\/wp-content\/uploads\/2026\/09\/grande-ile-historicke-jadro-strasburku-2b97f23a-1536x1478.jpg 1536w, https:\/\/loudavymkrokem.cz\/wp-content\/uploads\/2026\/09\/grande-ile-historicke-jadro-strasburku-2b97f23a-696x670.jpg 696w, https:\/\/loudavymkrokem.cz\/wp-content\/uploads\/2026\/09\/grande-ile-historicke-jadro-strasburku-2b97f23a-1392x1340.jpg 1392w\" sizes=\"(max-width: 1920px) 100vw, 1920px\" \/><button\n\t\t\tclass=\"lightbox-trigger\"\n\t\t\ttype=\"button\"\n\t\t\taria-haspopup=\"dialog\"\n\t\t\tdata-wp-bind--aria-label=\"state.thisImage.triggerButtonAriaLabel\"\n\t\t\tdata-wp-init=\"callbacks.initTriggerButton\"\n\t\t\tdata-wp-on--click=\"actions.showLightbox\"\n\t\t\tdata-wp-style--right=\"state.thisImage.buttonRight\"\n\t\t\tdata-wp-style--top=\"state.thisImage.buttonTop\"\n\t\t>\n\t\t\t<svg xmlns=\"http:\/\/www.w3.org\/2000\/svg\" width=\"12\" height=\"12\" fill=\"none\" viewBox=\"0 0 12 12\">\n\t\t\t\t<path fill=\"#fff\" d=\"M2 0a2 2 0 0 0-2 2v2h1.5V2a.5.5 0 0 1 .5-.5h2V0H2Zm2 10.5H2a.5.5 0 0 1-.5-.5V8H0v2a2 2 0 0 0 2 2h2v-1.5ZM8 12v-1.5h2a.5.5 0 0 0 .5-.5V8H12v2a2 2 0 0 1-2 2H8Zm2-12a2 2 0 0 1 2 2v2h-1.5V2a.5.5 0 0 0-.5-.5H8V0h2Z\" \/>\n\t\t\t<\/svg>\n\t\t<\/button><figcaption class=\"wp-element-caption\">Foto: Cayambe \/ Wikimedia Commons, CC BY-SA 3.0<\/figcaption><\/figure>\n\n\n\n<div id=\"ez-toc-container\" class=\"ez-toc-v2_0_87 ez-toc-wrap-left counter-hierarchy ez-toc-counter ez-toc-grey ez-toc-container-direction\">\n<div class=\"ez-toc-title-container\">\n<p class=\"ez-toc-title\" style=\"cursor:inherit\">Conte\u00fado do artigo<\/p>\n<span class=\"ez-toc-title-toggle\"><a href=\"#\" class=\"ez-toc-pull-right ez-toc-btn ez-toc-btn-xs ez-toc-btn-default ez-toc-toggle\" aria-label=\"Alternar tabela de conte\u00fado\"><span class=\"ez-toc-js-icon-con\"><span class=\"\"><span class=\"eztoc-hide\" style=\"display:none;\">Toggle<\/span><span class=\"ez-toc-icon-toggle-span\"><svg style=\"fill: #999;color:#999\" xmlns=\"http:\/\/www.w3.org\/2000\/svg\" class=\"list-377408\" width=\"20px\" height=\"20px\" viewBox=\"0 0 24 24\" fill=\"none\"><path d=\"M6 6H4v2h2V6zm14 0H8v2h12V6zM4 11h2v2H4v-2zm16 0H8v2h12v-2zM4 16h2v2H4v-2zm16 0H8v2h12v-2z\" fill=\"currentColor\"><\/path><\/svg><svg style=\"fill: #999;color:#999\" class=\"arrow-unsorted-368013\" xmlns=\"http:\/\/www.w3.org\/2000\/svg\" width=\"10px\" height=\"10px\" viewBox=\"0 0 24 24\" version=\"1.2\" baseProfile=\"tiny\"><path d=\"M18.2 9.3l-6.2-6.3-6.2 6.3c-.2.2-.3.4-.3.7s.1.5.3.7c.2.2.4.3.7.3h11c.3 0 .5-.1.7-.3.2-.2.3-.5.3-.7s-.1-.5-.3-.7zM5.8 14.7l6.2 6.3 6.2-6.3c.2-.2.3-.5.3-.7s-.1-.5-.3-.7c-.2-.2-.4-.3-.7-.3h-11c-.3 0-.5.1-.7.3-.2.2-.3.5-.3.7s.1.5.3.7z\"\/><\/svg><\/span><\/span><\/span><\/a><\/span><\/div>\n<nav><ul class='ez-toc-list ez-toc-list-level-1 ' ><ul class='ez-toc-list-level-3' ><li class='ez-toc-heading-level-3'><a class=\"ez-toc-link ez-toc-heading-1\" href=\"https:\/\/loudavymkrokem.cz\/pt-br\/onde-ficar-estrasburgo-franca\/#Resumo_para_quem_nao_tem_tempo_de_ler_o_artigo_inteiro\" >Resumo para quem n\u00e3o tem tempo de ler o artigo inteiro<\/a><\/li><\/ul><\/li><li class='ez-toc-page-1 ez-toc-heading-level-2'><a class=\"ez-toc-link ez-toc-heading-2\" href=\"https:\/\/loudavymkrokem.cz\/pt-br\/onde-ficar-estrasburgo-franca\/#Qual_regiao_escolher_para_se_hospedar_em_Estrasburgo\" >Qual regi\u00e3o escolher para se hospedar em Estrasburgo<\/a><\/li><li class='ez-toc-page-1 ez-toc-heading-level-2'><a class=\"ez-toc-link ez-toc-heading-3\" href=\"https:\/\/loudavymkrokem.cz\/pt-br\/onde-ficar-estrasburgo-franca\/#Quando_ir_e_quando_reservar_o_quarto\" >Quando ir e quando reservar o quarto<\/a><\/li><li class='ez-toc-page-1 ez-toc-heading-level-2'><a class=\"ez-toc-link ez-toc-heading-4\" href=\"https:\/\/loudavymkrokem.cz\/pt-br\/onde-ficar-estrasburgo-franca\/#Onde_ficar_em_Estrasburgo_os_18_melhores_hoteis\" >Onde ficar em Estrasburgo: os 18 melhores hot\u00e9is<\/a><ul class='ez-toc-list-level-3' ><li class='ez-toc-heading-level-3'><a class=\"ez-toc-link ez-toc-heading-5\" href=\"https:\/\/loudavymkrokem.cz\/pt-br\/onde-ficar-estrasburgo-franca\/#1_Cour_du_Corbeau_Hotel_Strasbourg_MGallery\" >1. Cour du Corbeau Hotel Strasbourg MGallery<\/a><\/li><li class='ez-toc-page-1 ez-toc-heading-level-3'><a class=\"ez-toc-link ez-toc-heading-6\" href=\"https:\/\/loudavymkrokem.cz\/pt-br\/onde-ficar-estrasburgo-franca\/#2_Les_Haras_Hotel_by_Stay_Collection\" >2. Les Haras H\u00f4tel by Stay Collection<\/a><\/li><li class='ez-toc-page-1 ez-toc-heading-level-3'><a class=\"ez-toc-link ez-toc-heading-7\" href=\"https:\/\/loudavymkrokem.cz\/pt-br\/onde-ficar-estrasburgo-franca\/#3_Maison_Rouge_Strasbourg_Hotel_Spa\" >3. Maison Rouge Strasbourg Hotel &#038; Spa<\/a><\/li><li class='ez-toc-page-1 ez-toc-heading-level-3'><a class=\"ez-toc-link ez-toc-heading-8\" href=\"https:\/\/loudavymkrokem.cz\/pt-br\/onde-ficar-estrasburgo-franca\/#4_Hotel_Beaucour\" >4. H\u00f4tel Beaucour<\/a><\/li><li class='ez-toc-page-1 ez-toc-heading-level-3'><a class=\"ez-toc-link ez-toc-heading-9\" href=\"https:\/\/loudavymkrokem.cz\/pt-br\/onde-ficar-estrasburgo-franca\/#5_LEONOR_Hotel_by_Stay_Collection\" >5. L\u00c9ONOR H\u00f4tel by Stay Collection<\/a><\/li><li class='ez-toc-page-1 ez-toc-heading-level-3'><a class=\"ez-toc-link ez-toc-heading-10\" href=\"https:\/\/loudavymkrokem.cz\/pt-br\/onde-ficar-estrasburgo-franca\/#6_Hotel_Tandem\" >6. Hotel Tandem<\/a><\/li><li class='ez-toc-page-1 ez-toc-heading-level-3'><a class=\"ez-toc-link ez-toc-heading-11\" href=\"https:\/\/loudavymkrokem.cz\/pt-br\/onde-ficar-estrasburgo-franca\/#7_Sofitel_Strasbourg_Grande_Ile\" >7. Sofitel Strasbourg Grande \u00cele<\/a><\/li><li class='ez-toc-page-1 ez-toc-heading-level-3'><a class=\"ez-toc-link ez-toc-heading-12\" href=\"https:\/\/loudavymkrokem.cz\/pt-br\/onde-ficar-estrasburgo-franca\/#8_Hotel_Regent_Contades_by_Stay_Collection\" >8. H\u00f4tel R\u00e9gent Contades by Stay Collection<\/a><\/li><li class='ez-toc-page-1 ez-toc-heading-level-3'><a class=\"ez-toc-link ez-toc-heading-13\" href=\"https:\/\/loudavymkrokem.cz\/pt-br\/onde-ficar-estrasburgo-franca\/#9_Pavillon_Regent_Petite_France\" >9. Pavillon R\u00e9gent Petite France<\/a><\/li><li class='ez-toc-page-1 ez-toc-heading-level-3'><a class=\"ez-toc-link ez-toc-heading-14\" href=\"https:\/\/loudavymkrokem.cz\/pt-br\/onde-ficar-estrasburgo-franca\/#10_Hannong_Hotel_Wine_Bar\" >10. Hannong H\u00f4tel &#038; Wine Bar<\/a><\/li><li class='ez-toc-page-1 ez-toc-heading-level-3'><a class=\"ez-toc-link ez-toc-heading-15\" href=\"https:\/\/loudavymkrokem.cz\/pt-br\/onde-ficar-estrasburgo-franca\/#11_Hotel_Gutenberg\" >11. H\u00f4tel Gutenberg<\/a><\/li><li class='ez-toc-page-1 ez-toc-heading-level-3'><a class=\"ez-toc-link ez-toc-heading-16\" href=\"https:\/\/loudavymkrokem.cz\/pt-br\/onde-ficar-estrasburgo-franca\/#12_Hotel_Rohan_Strasbourg\" >12. H\u00f4tel Rohan Strasbourg<\/a><\/li><li class='ez-toc-page-1 ez-toc-heading-level-3'><a class=\"ez-toc-link ez-toc-heading-17\" href=\"https:\/\/loudavymkrokem.cz\/pt-br\/onde-ficar-estrasburgo-franca\/#13_Hotel_de_lEurope_by_HappyCulture\" >13. Hotel de l&#8217;Europe by HappyCulture<\/a><\/li><li class='ez-toc-page-1 ez-toc-heading-level-3'><a class=\"ez-toc-link ez-toc-heading-18\" href=\"https:\/\/loudavymkrokem.cz\/pt-br\/onde-ficar-estrasburgo-franca\/#14_Logis_Hotel_Au_Cerf_dOr\" >14. Logis H\u00f4tel Au Cerf d&#8217;Or<\/a><\/li><li class='ez-toc-page-1 ez-toc-heading-level-3'><a class=\"ez-toc-link ez-toc-heading-19\" href=\"https:\/\/loudavymkrokem.cz\/pt-br\/onde-ficar-estrasburgo-franca\/#15_Best_Western_Plus_Hotel_Monopole_Metropole\" >15. Best Western Plus H\u00f4tel Monopole M\u00e9tropole<\/a><\/li><li class='ez-toc-page-1 ez-toc-heading-level-3'><a class=\"ez-toc-link ez-toc-heading-20\" href=\"https:\/\/loudavymkrokem.cz\/pt-br\/onde-ficar-estrasburgo-franca\/#16_Hotel_Arok\" >16. H\u00f4tel Arok<\/a><\/li><li class='ez-toc-page-1 ez-toc-heading-level-3'><a class=\"ez-toc-link ez-toc-heading-21\" href=\"https:\/\/loudavymkrokem.cz\/pt-br\/onde-ficar-estrasburgo-franca\/#17_Ciarus\" >17. Ciarus<\/a><\/li><li class='ez-toc-page-1 ez-toc-heading-level-3'><a class=\"ez-toc-link ez-toc-heading-22\" href=\"https:\/\/loudavymkrokem.cz\/pt-br\/onde-ficar-estrasburgo-franca\/#18_Chateau_de_Pourtales\" >18. Ch\u00e2teau de Pourtal\u00e8s<\/a><\/li><\/ul><\/li><li class='ez-toc-page-1 ez-toc-heading-level-2'><a class=\"ez-toc-link ez-toc-heading-23\" href=\"https:\/\/loudavymkrokem.cz\/pt-br\/onde-ficar-estrasburgo-franca\/#Como_escolher_o_hotel_certo\" >Como escolher o hotel certo<\/a><\/li><li class='ez-toc-page-1 ez-toc-heading-level-2'><a class=\"ez-toc-link ez-toc-heading-24\" href=\"https:\/\/loudavymkrokem.cz\/pt-br\/onde-ficar-estrasburgo-franca\/#Para_onde_ir_depois\" >Para onde ir depois<\/a><\/li><li class='ez-toc-page-1 ez-toc-heading-level-2'><a class=\"ez-toc-link ez-toc-heading-25\" href=\"https:\/\/loudavymkrokem.cz\/pt-br\/onde-ficar-estrasburgo-franca\/#Perguntas_frequentes\" >Perguntas frequentes<\/a><ul class='ez-toc-list-level-3' ><li class='ez-toc-heading-level-3'><a class=\"ez-toc-link ez-toc-heading-26\" href=\"https:\/\/loudavymkrokem.cz\/pt-br\/onde-ficar-estrasburgo-franca\/#Quando_e_a_melhor_epoca_para_reservar_hotel_para_os_mercados_de_Natal\" >Quando \u00e9 a melhor \u00e9poca para reservar hotel para os mercados de Natal?<\/a><\/li><li class='ez-toc-page-1 ez-toc-heading-level-3'><a class=\"ez-toc-link ez-toc-heading-27\" href=\"https:\/\/loudavymkrokem.cz\/pt-br\/onde-ficar-estrasburgo-franca\/#Onde_encontro_a_hospedagem_mais_barata_em_Estrasburgo\" >Onde encontro a hospedagem mais barata em Estrasburgo?<\/a><\/li><li class='ez-toc-page-1 ez-toc-heading-level-3'><a class=\"ez-toc-link ez-toc-heading-28\" href=\"https:\/\/loudavymkrokem.cz\/pt-br\/onde-ficar-estrasburgo-franca\/#Da_para_estacionar_confortavelmente_no_hotel_em_Estrasburgo\" >D\u00e1 para estacionar confortavelmente no hotel em Estrasburgo?<\/a><\/li><li class='ez-toc-page-1 ez-toc-heading-level-3'><a class=\"ez-toc-link ez-toc-heading-29\" href=\"https:\/\/loudavymkrokem.cz\/pt-br\/onde-ficar-estrasburgo-franca\/#Vale_a_pena_se_hospedar_no_bairro_Petite_France\" >Vale a pena se hospedar no bairro Petite France?<\/a><\/li><li class='ez-toc-page-1 ez-toc-heading-level-3'><a class=\"ez-toc-link ez-toc-heading-30\" href=\"https:\/\/loudavymkrokem.cz\/pt-br\/onde-ficar-estrasburgo-franca\/#Os_hoteis_ficam_mais_caros_durante_as_sessoes_do_Parlamento_Europeu\" >Os hot\u00e9is ficam mais caros durante as sess\u00f5es do Parlamento Europeu?<\/a><\/li><li class='ez-toc-page-1 ez-toc-heading-level-3'><a class=\"ez-toc-link ez-toc-heading-31\" href=\"https:\/\/loudavymkrokem.cz\/pt-br\/onde-ficar-estrasburgo-franca\/#O_que_experimentar_da_culinaria_local_em_Estrasburgo\" >O que experimentar da culin\u00e1ria local em Estrasburgo?<\/a><\/li><li class='ez-toc-page-1 ez-toc-heading-level-3'><a class=\"ez-toc-link ez-toc-heading-32\" href=\"https:\/\/loudavymkrokem.cz\/pt-br\/onde-ficar-estrasburgo-franca\/#Estrasburgo_e_uma_boa_base_para_passeios_pela_Alsacia\" >Estrasburgo \u00e9 uma boa base para passeios pela Als\u00e1cia?<\/a><\/li><\/ul><\/li><\/ul><\/nav><\/div>\n<h3 class=\"wp-block-heading\"><span class=\"ez-toc-section\" id=\"Resumo_para_quem_nao_tem_tempo_de_ler_o_artigo_inteiro\"><\/span>Resumo para quem n\u00e3o tem tempo de ler o artigo inteiro<span class=\"ez-toc-section-end\"><\/span><\/h3>\n\n\n\n<p class=\"wp-block-paragraph\">Sem tempo de ler tudo? Relaxa, aqui v\u00e3o minhas dicas em poucas palavras:<\/p>\n\n\n\n<ul class=\"wp-block-list\">\n\n<li><strong>Melhor hotel no geral:<\/strong> o <strong>Cour du Corbeau Hotel Strasbourg<\/strong> fica em um lindo pr\u00e9dio do s\u00e9culo XVI e oferece o endere\u00e7o mais charmoso da cidade.<\/li>\n\n\n\n<li><strong>Melhor custo-benef\u00edcio e localiza\u00e7\u00e3o:<\/strong> o <strong>Best Western Plus H\u00f4tel Monopole M\u00e9tropole<\/strong>, perto da esta\u00e7\u00e3o, \u00e9 uma escolha confi\u00e1vel com \u00f3timo acesso ao centro.<\/li>\n\n\n\n<li><strong>Para os amantes de luxo e design:<\/strong> o <strong>L\u00c9ONOR H\u00f4tel<\/strong> une interior moderno \u00e0 arquitetura hist\u00f3rica e tem uma confeitaria famosa pr\u00f3pria.<\/li>\n\n\n\n<li><strong>Vistas mais rom\u00e2nticas:<\/strong> o <strong>Pavillon R\u00e9gent Petite France<\/strong> oferece cen\u00e1rios de cart\u00e3o-postal bem no cora\u00e7\u00e3o do pitoresco bairro dos canais.<\/li>\n\n\n\n<li><strong>Ideal para quem viaja de carro:<\/strong> o <strong>Ch\u00e2teau de Pourtal\u00e8s<\/strong> fica no verde, fora da cidade, e gra\u00e7as ao sistema Park &amp; Ride voc\u00ea chega ao centro sem estresse nenhum.<\/li>\n\n\n\n<li><strong>Melhor op\u00e7\u00e3o econ\u00f4mica:<\/strong> o hostel <strong>Ciarus<\/strong> oferece quartos privativos e compartilhados limpinhos a poucos passos das principais atra\u00e7\u00f5es.<\/li>\n\n\n<\/ul>\n\n\n\n<p class=\"wp-block-paragraph\"><em>\ud83d\udca1 <a href=\"https:\/\/www.stay22.com\/allez\/roam?aid=lukaskonecny&#038;campaign=loudavymkrokemcz&#038;campaign=kde-bydlet-ve-strasburku&#038;address=%C5%A0trasburk%2C%20Francie\" target=\"_blank\" rel=\"nofollow noopener sponsored\">Neste mapa voc\u00ea compara o que est\u00e1 dispon\u00edvel agora<\/a> \u2014 e v\u00ea tamb\u00e9m o quanto a hospedagem fica mais barata a poucas paradas do centro.<\/em><\/p>\n\n\n\n<h2 class=\"wp-block-heading\"><span class=\"ez-toc-section\" id=\"Qual_regiao_escolher_para_se_hospedar_em_Estrasburgo\"><\/span>Qual regi\u00e3o escolher para se hospedar em Estrasburgo<span class=\"ez-toc-section-end\"><\/span><\/h2>\n\n\n\n<p class=\"wp-block-paragraph\">Estrasburgo \u00e9 uma cidade relativamente compacta, mas seus bairros s\u00e3o dramaticamente diferentes entre si, n\u00e3o s\u00f3 na atmosfera, mas principalmente no n\u00edvel de pre\u00e7os. Antes de come\u00e7ar a vasculhar os sites de reserva, <strong>\u00e9 essencial definir qual regi\u00e3o vai combinar melhor com o seu roteiro<\/strong> e com o seu or\u00e7amento.<\/p>\n\n\n\n<p class=\"wp-block-paragraph\">O n\u00facleo hist\u00f3rico absoluto \u00e9 a <strong>ilha Grande \u00cele<\/strong>, protegida por todos os lados pelos bra\u00e7os do rio Ill e que, desde 1988, ostenta o t\u00edtulo de <a href=\"https:\/\/whc.unesco.org\/en\/list\/495\/\" rel=\"nofollow noopener\" target=\"_blank\">Patrim\u00f4nio Mundial da UNESCO<\/a>. Aqui voc\u00ea encontra os hot\u00e9is mais luxuosos escondidos em antigos casar\u00f5es e fica a poucos passos da imponente catedral de Notre-Dame. Mas conte com o fato de que <strong>essa localiza\u00e7\u00e3o exclusiva vai pesar bem no bolso<\/strong>, e na \u00e9poca do Advento costuma estar desesperadoramente esgotada.<\/p>\n\n\n\n<p class=\"wp-block-paragraph\">Se voc\u00ea sonha com fotos perfeitas, v\u00e1 para o <strong>bairro Petite France<\/strong>. Suas ruelas s\u00e3o ladeadas por casas enxaimel incrivelmente fotog\u00eanicas dos antigos curtidores, que se refletem romanticamente nas \u00e1guas tranquilas dos canais. \u00c9 um lugar de conto de fadas para casais, mas <strong>na \u00e9poca dos mercados de Natal mal d\u00e1 para atravessar essas ruas estreitas<\/strong>, ent\u00e3o se voc\u00ea procura sossego, em dezembro com certeza n\u00e3o vai encontrar por aqui.<\/p>\n\n\n\n<p class=\"wp-block-paragraph\">Para quem viaja de olho no or\u00e7amento, o <strong>vencedor claro \u00e9 a regi\u00e3o da <a href=\"https:\/\/www.garesetconnexions.sncf\/fr\/gares-services\/strasbourg\" rel=\"nofollow noopener\" target=\"_blank\">esta\u00e7\u00e3o de trem (Gare)<\/a><\/strong>. \u00c0 primeira vista n\u00e3o parece sa\u00edda de um filme rom\u00e2ntico, mas esconde o melhor custo-benef\u00edcio entre pre\u00e7o e localiza\u00e7\u00e3o estrat\u00e9gica. A p\u00e9 voc\u00ea chega ao n\u00facleo hist\u00f3rico em menos de dez minutos e <strong>os hot\u00e9is de todas as categorias costumam ser bem mais baratos<\/strong> do que na pr\u00f3pria ilha.<\/p>\n\n\n\n<p class=\"wp-block-paragraph\">Quem ama tranquilidade vai adorar o <strong>bairro estudantil Krutenau e a vizinha e monumental Neustadt alem\u00e3<\/strong>, que, ali\u00e1s, tamb\u00e9m \u00e9 Patrim\u00f4nio da UNESCO desde 2017. \u00c9 justamente nessas \u00e1reas que voc\u00ea encontra hospedagens mais tranquilas, com o centro a uns quinze minutos de caminhada agrad\u00e1vel. E o grande b\u00f4nus \u00e9 que <strong>os hot\u00e9is desses bairros costumam ser de 30 a 40 por cento mais baratos<\/strong>, o que faz uma diferen\u00e7a enorme numa estadia mais longa.<\/p>\n\n\n\n<p class=\"wp-block-paragraph\">Preciso mencionar tamb\u00e9m o <strong>elegante Bairro Europeu e os arredores do parque Orangerie<\/strong>, que v\u00e3o agradar quem procura fugir das multid\u00f5es. Dessa regi\u00e3o verde voc\u00ea chega r\u00e1pido e confortavelmente ao centro de bonde pela linha E. J\u00e1 localidades mais afastadas, como <strong>Robertsau ou Montagne Verte, s\u00f3 fazem sentido se voc\u00ea vier de carro<\/strong>. Ali voc\u00ea estaciona com muito mais facilidade e depois segue para o centro usando os estacionamentos integrados.<\/p>\n\n\n\n<h2 class=\"wp-block-heading\"><span class=\"ez-toc-section\" id=\"Quando_ir_e_quando_reservar_o_quarto\"><\/span>Quando ir e quando reservar o quarto<span class=\"ez-toc-section-end\"><\/span><\/h2>\n\n\n\n<p class=\"wp-block-paragraph\">O planejamento de uma viagem \u00e0 capital alsaciana segue uma regra principal. <strong>Em Estrasburgo, quem decide o pre\u00e7o da hospedagem \u00e9, acima de tudo, a data<\/strong>, e s\u00f3 em segundo lugar vem o hotel em si.<\/p>\n\n\n\n<p class=\"wp-block-paragraph\">Se voc\u00ea vai visitar os famosos <a href=\"https:\/\/noel.strasbourg.eu\/en\/accueil\" rel=\"nofollow noopener\" target=\"_blank\">mercados de Natal<\/a>, que <strong>em 2026 acontecem de 27 de novembro a 27 de dezembro<\/strong>, precisa come\u00e7ar a planejar com muita anteced\u00eancia. O Advento \u00e9 de longe a \u00e9poca mais cara do ano inteiro nesta cidade, e a diferen\u00e7a de pre\u00e7o \u00e9 simplesmente abissal. <strong>Os pre\u00e7os da hospedagem no centro hist\u00f3rico chegam ao triplo dos valores normais de janeiro<\/strong>, o que faz de Estrasburgo um dos destinos de Natal mais caros da Europa.<\/p>\n\n\n\n<p class=\"wp-block-paragraph\">Os hot\u00e9is mais procurados e mais bem avaliados da ilha Grande \u00cele <strong>esgotam tranquilamente seis a nove meses antes<\/strong>. Ent\u00e3o, se voc\u00ea quer dormir em dezembro pertinho da catedral, deveria ter a reserva resolvida j\u00e1 durante os meses da primavera europeia. Mas existe um \u00f3timo truque para economizar bastante na hospedagem. <strong>Basta escolher um hotel a uns vinte minutos de caminhada do n\u00facleo hist\u00f3rico<\/strong>, onde os pre\u00e7os do Advento caem de 30 a 40 por cento.<\/p>\n\n\n\n<p class=\"wp-block-paragraph\">Em termos de or\u00e7amento geral, sai <strong>claramente mais barato visitar durante janeiro<\/strong>, quando a cidade finalmente adormece depois das festas agitadas e voc\u00ea aproveita suas belezas sem as multid\u00f5es onipresentes. Mas se voc\u00ea quer um clima agrad\u00e1vel para longas caminhadas ao longo dos canais e para sentar nas mesinhas dos caf\u00e9s, <strong>as melhores condi\u00e7\u00f5es est\u00e3o em maio, junho e setembro<\/strong>. Nesses meses os pre\u00e7os da hospedagem ainda ficam bem razo\u00e1veis.<\/p>\n\n\n\n<p class=\"wp-block-paragraph\">Fique bem atento tamb\u00e9m \u00e0s <strong>sess\u00f5es plen\u00e1rias regulares do Parlamento Europeu<\/strong>, que conseguem mexer bastante com os pre\u00e7os dos hot\u00e9is. Nesses dias, a lota\u00e7\u00e3o enche num piscar de olhos n\u00e3o s\u00f3 no pr\u00f3prio Bairro Europeu, mas em todo o centro hist\u00f3rico. <strong>As datas das sess\u00f5es s\u00e3o f\u00e1ceis de encontrar com anteced\u00eancia no <a href=\"https:\/\/www.europarl.europa.eu\/plenary\/en\/home.html\" rel=\"nofollow noopener\" target=\"_blank\">site oficial<\/a><\/strong>, e se voc\u00ea n\u00e3o estiver preso a uma data fixa, vale muito a pena programar a viagem para fora desses dias.<\/p>\n\n\n\n<h2 class=\"wp-block-heading\"><span class=\"ez-toc-section\" id=\"Onde_ficar_em_Estrasburgo_os_18_melhores_hoteis\"><\/span>Onde ficar em Estrasburgo: os 18 melhores hot\u00e9is<span class=\"ez-toc-section-end\"><\/span><\/h2>\n\n\n\n<p class=\"wp-block-paragraph\">Vamos \u00e0s dicas concretas de <strong>onde ficar em Estrasburgo<\/strong> para voc\u00ea levar as melhores experi\u00eancias para casa. Selecionei hospedagens em diferentes faixas de pre\u00e7o, <strong>desde pal\u00e1cios hist\u00f3ricos de luxo at\u00e9 a escolha esperta perto da esta\u00e7\u00e3o<\/strong>.<\/p>\n\n\n\n<figure data-wp-context=\"{&quot;imageId&quot;:&quot;6a9c2aade85f3&quot;}\" data-wp-interactive=\"core\/image\" data-wp-key=\"6a9c2aade85f3\" class=\"wp-block-image size-full wp-lightbox-container\"><img decoding=\"async\" width=\"1600\" height=\"1067\" data-wp-class--hide=\"state.isContentHidden\" data-wp-class--show=\"state.isContentVisible\" data-wp-init=\"callbacks.setButtonStyles\" data-wp-on--click=\"actions.showLightbox\" data-wp-on--load=\"callbacks.setButtonStyles\" data-wp-on--pointerdown=\"actions.preloadImage\" data-wp-on--pointerenter=\"actions.preloadImageWithDelay\" data-wp-on--pointerleave=\"actions.cancelPreload\" data-wp-on-window--resize=\"callbacks.setButtonStyles\" src=\"https:\/\/loudavymkrokem.cz\/wp-content\/uploads\/2026\/09\/cour-du-corbeau-hotel-strasbourg-mgallery.jpg\" alt=\"Hotel Cour du Corbeau Hotel Strasbourg MGallery\" class=\"wp-image-413030\" title=\"\" srcset=\"https:\/\/loudavymkrokem.cz\/wp-content\/uploads\/2026\/09\/cour-du-corbeau-hotel-strasbourg-mgallery.jpg 1600w, https:\/\/loudavymkrokem.cz\/wp-content\/uploads\/2026\/09\/cour-du-corbeau-hotel-strasbourg-mgallery-300x200.jpg 300w, https:\/\/loudavymkrokem.cz\/wp-content\/uploads\/2026\/09\/cour-du-corbeau-hotel-strasbourg-mgallery-700x467.jpg 700w, https:\/\/loudavymkrokem.cz\/wp-content\/uploads\/2026\/09\/cour-du-corbeau-hotel-strasbourg-mgallery-768x512.jpg 768w, https:\/\/loudavymkrokem.cz\/wp-content\/uploads\/2026\/09\/cour-du-corbeau-hotel-strasbourg-mgallery-1536x1024.jpg 1536w, https:\/\/loudavymkrokem.cz\/wp-content\/uploads\/2026\/09\/cour-du-corbeau-hotel-strasbourg-mgallery-696x464.jpg 696w, https:\/\/loudavymkrokem.cz\/wp-content\/uploads\/2026\/09\/cour-du-corbeau-hotel-strasbourg-mgallery-1392x928.jpg 1392w\" sizes=\"(max-width: 1600px) 100vw, 1600px\" \/><button\n\t\t\tclass=\"lightbox-trigger\"\n\t\t\ttype=\"button\"\n\t\t\taria-haspopup=\"dialog\"\n\t\t\tdata-wp-bind--aria-label=\"state.thisImage.triggerButtonAriaLabel\"\n\t\t\tdata-wp-init=\"callbacks.initTriggerButton\"\n\t\t\tdata-wp-on--click=\"actions.showLightbox\"\n\t\t\tdata-wp-style--right=\"state.thisImage.buttonRight\"\n\t\t\tdata-wp-style--top=\"state.thisImage.buttonTop\"\n\t\t>\n\t\t\t<svg xmlns=\"http:\/\/www.w3.org\/2000\/svg\" width=\"12\" height=\"12\" fill=\"none\" viewBox=\"0 0 12 12\">\n\t\t\t\t<path fill=\"#fff\" d=\"M2 0a2 2 0 0 0-2 2v2h1.5V2a.5.5 0 0 1 .5-.5h2V0H2Zm2 10.5H2a.5.5 0 0 1-.5-.5V8H0v2a2 2 0 0 0 2 2h2v-1.5ZM8 12v-1.5h2a.5.5 0 0 0 .5-.5V8H12v2a2 2 0 0 1-2 2H8Zm2-12a2 2 0 0 1 2 2v2h-1.5V2a.5.5 0 0 0-.5-.5H8V0h2Z\" \/>\n\t\t\t<\/svg>\n\t\t<\/button><figcaption class=\"wp-element-caption\">Foto: Cour du Corbeau Hotel Strasbourg &#8211; MGallery Collection \/ Google Maps<\/figcaption><\/figure>\n\n\n\n<h3 class=\"wp-block-heading\"><span class=\"ez-toc-section\" id=\"1_Cour_du_Corbeau_Hotel_Strasbourg_MGallery\"><\/span>1. Cour du Corbeau Hotel Strasbourg MGallery<span class=\"ez-toc-section-end\"><\/span><\/h3>\n\n\n\n<p class=\"wp-block-paragraph\">Este hotel encantador, o <strong><a href=\"https:\/\/www.stay22.com\/allez\/roam?aid=lukaskonecny&#038;campaign=loudavymkrokemcz&#038;campaign=kde-bydlet-ve-strasburku&#038;hotelname=Cour%20du%20Corbeau%20Hotel%20Strasbourg%20MGallery&#038;address=%C5%A0trasburk%2C%20Francie\" target=\"_blank\" rel=\"noopener nofollow sponsored\">Cour du Corbeau Hotel Strasbourg MGallery<\/a><\/strong>, que j\u00e1 na porta te convence de que voc\u00ea n\u00e3o pagou a mais por nada, ostenta uma nota fant\u00e1stica de 4,8 com base em mais de mil e duzentas avalia\u00e7\u00f5es, o que faz dele <strong>a hospedagem mais bem avaliada de toda a cidade, sem concorr\u00eancia<\/strong>. Fica em um pr\u00e9dio cuidadosamente restaurado que remonta ao s\u00e9culo XVI e te encanta assim que voc\u00ea entra. <strong>A t\u00edpica varanda de madeira e o p\u00e1tio interno incrivelmente calmo<\/strong> criam uma atmosfera \u00fanica, como se voc\u00ea tivesse sido transportado para outra \u00e9poca hist\u00f3rica.<\/p>\n\n\n\n<p class=\"wp-block-paragraph\">Fica a apenas alguns minutos de caminhada agrad\u00e1vel da catedral de Notre-Dame, ent\u00e3o voc\u00ea tem <strong>todas as principais atra\u00e7\u00f5es na palma da m\u00e3o<\/strong>, mas ao mesmo tempo desfruta de um sossego perfeito, longe do maior burburinho tur\u00edstico. Cada quarto aqui \u00e9 \u00fanico, com detalhes diferentes, e <strong>o complexo inteiro respira uma hist\u00f3ria impressionante<\/strong>, que a mob\u00edlia moderna e altamente confort\u00e1vel apenas complementa com sensibilidade e funcionalidade.<\/p>\n\n\n\n<p class=\"wp-block-paragraph\">A equipe sabe cuidar do h\u00f3spede \u2014 e o caf\u00e9 da manh\u00e3? P\u00e3es alsacianos fresquinhos, queijos locais, caf\u00e9 bom. De manh\u00e3 voc\u00ea n\u00e3o vai querer sair da cama. E, nos arredores, tem in\u00fameros restaurantes tradicionais excelentes para um jantar rom\u00e2ntico.<\/p>\n\n\n\n<p class=\"wp-block-paragraph\">\ud83d\udca1 <strong>Dica:<\/strong> se voc\u00ea busca <strong>o endere\u00e7o mais bonito de Estrasburgo<\/strong> e n\u00e3o se importa em pagar a mais por um luxo excepcional aliado a um servi\u00e7o impec\u00e1vel, este hotel vai te conquistar de vez, e a pr\u00f3pria estadia vai virar uma experi\u00eancia inesquec\u00edvel.<\/p>\n\n\n\n<figure data-wp-context=\"{&quot;imageId&quot;:&quot;6a9c2aade8c47&quot;}\" data-wp-interactive=\"core\/image\" data-wp-key=\"6a9c2aade8c47\" class=\"wp-block-image size-full wp-lightbox-container\"><img decoding=\"async\" width=\"1600\" height=\"1067\" data-wp-class--hide=\"state.isContentHidden\" data-wp-class--show=\"state.isContentVisible\" data-wp-init=\"callbacks.setButtonStyles\" data-wp-on--click=\"actions.showLightbox\" data-wp-on--load=\"callbacks.setButtonStyles\" data-wp-on--pointerdown=\"actions.preloadImage\" data-wp-on--pointerenter=\"actions.preloadImageWithDelay\" data-wp-on--pointerleave=\"actions.cancelPreload\" data-wp-on-window--resize=\"callbacks.setButtonStyles\" src=\"https:\/\/loudavymkrokem.cz\/wp-content\/uploads\/2026\/09\/les-haras-h-tel-by-stay-collection.jpg\" alt=\"Hotel Les Haras H\u00f4tel by Stay Collection\" class=\"wp-image-413036\" title=\"\" srcset=\"https:\/\/loudavymkrokem.cz\/wp-content\/uploads\/2026\/09\/les-haras-h-tel-by-stay-collection.jpg 1600w, https:\/\/loudavymkrokem.cz\/wp-content\/uploads\/2026\/09\/les-haras-h-tel-by-stay-collection-300x200.jpg 300w, https:\/\/loudavymkrokem.cz\/wp-content\/uploads\/2026\/09\/les-haras-h-tel-by-stay-collection-700x467.jpg 700w, https:\/\/loudavymkrokem.cz\/wp-content\/uploads\/2026\/09\/les-haras-h-tel-by-stay-collection-768x512.jpg 768w, https:\/\/loudavymkrokem.cz\/wp-content\/uploads\/2026\/09\/les-haras-h-tel-by-stay-collection-1536x1024.jpg 1536w, https:\/\/loudavymkrokem.cz\/wp-content\/uploads\/2026\/09\/les-haras-h-tel-by-stay-collection-696x464.jpg 696w, https:\/\/loudavymkrokem.cz\/wp-content\/uploads\/2026\/09\/les-haras-h-tel-by-stay-collection-1392x928.jpg 1392w\" sizes=\"(max-width: 1600px) 100vw, 1600px\" \/><button\n\t\t\tclass=\"lightbox-trigger\"\n\t\t\ttype=\"button\"\n\t\t\taria-haspopup=\"dialog\"\n\t\t\tdata-wp-bind--aria-label=\"state.thisImage.triggerButtonAriaLabel\"\n\t\t\tdata-wp-init=\"callbacks.initTriggerButton\"\n\t\t\tdata-wp-on--click=\"actions.showLightbox\"\n\t\t\tdata-wp-style--right=\"state.thisImage.buttonRight\"\n\t\t\tdata-wp-style--top=\"state.thisImage.buttonTop\"\n\t\t>\n\t\t\t<svg xmlns=\"http:\/\/www.w3.org\/2000\/svg\" width=\"12\" height=\"12\" fill=\"none\" viewBox=\"0 0 12 12\">\n\t\t\t\t<path fill=\"#fff\" d=\"M2 0a2 2 0 0 0-2 2v2h1.5V2a.5.5 0 0 1 .5-.5h2V0H2Zm2 10.5H2a.5.5 0 0 1-.5-.5V8H0v2a2 2 0 0 0 2 2h2v-1.5ZM8 12v-1.5h2a.5.5 0 0 0 .5-.5V8H12v2a2 2 0 0 1-2 2H8Zm2-12a2 2 0 0 1 2 2v2h-1.5V2a.5.5 0 0 0-.5-.5H8V0h2Z\" \/>\n\t\t\t<\/svg>\n\t\t<\/button><figcaption class=\"wp-element-caption\">Foto: Les Haras H\u00f4tel by Stay Collection \/ Google Maps<\/figcaption><\/figure>\n\n\n\n<h3 class=\"wp-block-heading\"><span class=\"ez-toc-section\" id=\"2_Les_Haras_Hotel_by_Stay_Collection\"><\/span>2. Les Haras H\u00f4tel by Stay Collection<span class=\"ez-toc-section-end\"><\/span><\/h3>\n\n\n\n<p class=\"wp-block-paragraph\">Imagine se hospedar em um pr\u00e9dio amplo que j\u00e1 foi uma prestigiada cavalari\u00e7a real do s\u00e9culo XVIII e que hoje se transformou no deslumbrante hotel de design <strong><a href=\"https:\/\/www.stay22.com\/allez\/roam?aid=lukaskonecny&#038;campaign=loudavymkrokemcz&#038;campaign=kde-bydlet-ve-strasburku&#038;hotelname=Les%20Haras%20H%C3%B4tel%20by%20Stay%20Collection&#038;address=%C5%A0trasburk%2C%20Francie\" target=\"_blank\" rel=\"noopener nofollow sponsored\">Les Haras H\u00f4tel by Stay Collection<\/a><\/strong>, com uma \u00f3tima nota de 4,6. Os arquitetos fizeram um trabalho excelente ao <strong>unir perfeitamente as antigas vigas de madeira aparente \u00e0 eleg\u00e2ncia moderna<\/strong>, ao couro e aos materiais luxuosos.<\/p>\n\n\n\n<p class=\"wp-block-paragraph\">Um grande atrativo deste complexo quatro estrelas \u00e9 o <strong>lindo spa do hotel com piscina<\/strong>, onde voc\u00ea pode se dar um descanso merecido depois de um longo dia explorando a capital alsaciana. Merece men\u00e7\u00e3o \u00e0 parte tamb\u00e9m o <strong>restaurante muito bem avaliado dentro das cavalari\u00e7as originais (\u00e9, voc\u00ea come onde antes ficavam os cavalos, e de alguma forma isso n\u00e3o \u00e9 nada estranho, muito pelo contr\u00e1rio)<\/strong>, que oferece uma experi\u00eancia gastron\u00f4mica e tanto.<\/p>\n\n\n\n<p class=\"wp-block-paragraph\">O hotel fica numa parte um pouco mais tranquila da cidade, mas voc\u00ea chega ao n\u00facleo hist\u00f3rico e ao famoso bairro Petite France em menos de dez minutos de caminhada agrad\u00e1vel. <strong>Os quartos s\u00e3o bem espa\u00e7osos, com isolamento ac\u00fastico acima da m\u00e9dia<\/strong> e camas de primeira, nas quais voc\u00ea vai dormir como uma pedra.<\/p>\n\n\n\n<p class=\"wp-block-paragraph\">\ud83d\udca1 <strong>Dica:<\/strong> este hotel \u00e9 <strong>a escolha ideal para os amantes de design de ponta e hist\u00f3ria \u00fanica<\/strong>, que valorizam uma localiza\u00e7\u00e3o mais tranquila com servi\u00e7o fant\u00e1stico. Se quiser curtir uma noite opulenta, n\u00e3o esque\u00e7a de reservar mesa no restaurante com bastante anteced\u00eancia.<\/p>\n\n\n\n<figure data-wp-context=\"{&quot;imageId&quot;:&quot;6a9c2aade9350&quot;}\" data-wp-interactive=\"core\/image\" data-wp-key=\"6a9c2aade9350\" class=\"wp-block-image size-full wp-lightbox-container\"><img decoding=\"async\" width=\"1600\" height=\"1600\" data-wp-class--hide=\"state.isContentHidden\" data-wp-class--show=\"state.isContentVisible\" data-wp-init=\"callbacks.setButtonStyles\" data-wp-on--click=\"actions.showLightbox\" data-wp-on--load=\"callbacks.setButtonStyles\" data-wp-on--pointerdown=\"actions.preloadImage\" data-wp-on--pointerenter=\"actions.preloadImageWithDelay\" data-wp-on--pointerleave=\"actions.cancelPreload\" data-wp-on-window--resize=\"callbacks.setButtonStyles\" src=\"https:\/\/loudavymkrokem.cz\/wp-content\/uploads\/2026\/09\/maison-rouge-strasbourg-hotel-spa.jpg\" alt=\"Hotel Maison Rouge Strasbourg Hotel &#038; Spa\" class=\"wp-image-413042\" title=\"\" srcset=\"https:\/\/loudavymkrokem.cz\/wp-content\/uploads\/2026\/09\/maison-rouge-strasbourg-hotel-spa.jpg 1600w, https:\/\/loudavymkrokem.cz\/wp-content\/uploads\/2026\/09\/maison-rouge-strasbourg-hotel-spa-300x300.jpg 300w, https:\/\/loudavymkrokem.cz\/wp-content\/uploads\/2026\/09\/maison-rouge-strasbourg-hotel-spa-700x700.jpg 700w, https:\/\/loudavymkrokem.cz\/wp-content\/uploads\/2026\/09\/maison-rouge-strasbourg-hotel-spa-150x150.jpg 150w, https:\/\/loudavymkrokem.cz\/wp-content\/uploads\/2026\/09\/maison-rouge-strasbourg-hotel-spa-768x768.jpg 768w, https:\/\/loudavymkrokem.cz\/wp-content\/uploads\/2026\/09\/maison-rouge-strasbourg-hotel-spa-1536x1536.jpg 1536w, https:\/\/loudavymkrokem.cz\/wp-content\/uploads\/2026\/09\/maison-rouge-strasbourg-hotel-spa-696x696.jpg 696w, https:\/\/loudavymkrokem.cz\/wp-content\/uploads\/2026\/09\/maison-rouge-strasbourg-hotel-spa-1392x1392.jpg 1392w\" sizes=\"(max-width: 1600px) 100vw, 1600px\" \/><button\n\t\t\tclass=\"lightbox-trigger\"\n\t\t\ttype=\"button\"\n\t\t\taria-haspopup=\"dialog\"\n\t\t\tdata-wp-bind--aria-label=\"state.thisImage.triggerButtonAriaLabel\"\n\t\t\tdata-wp-init=\"callbacks.initTriggerButton\"\n\t\t\tdata-wp-on--click=\"actions.showLightbox\"\n\t\t\tdata-wp-style--right=\"state.thisImage.buttonRight\"\n\t\t\tdata-wp-style--top=\"state.thisImage.buttonTop\"\n\t\t>\n\t\t\t<svg xmlns=\"http:\/\/www.w3.org\/2000\/svg\" width=\"12\" height=\"12\" fill=\"none\" viewBox=\"0 0 12 12\">\n\t\t\t\t<path fill=\"#fff\" d=\"M2 0a2 2 0 0 0-2 2v2h1.5V2a.5.5 0 0 1 .5-.5h2V0H2Zm2 10.5H2a.5.5 0 0 1-.5-.5V8H0v2a2 2 0 0 0 2 2h2v-1.5ZM8 12v-1.5h2a.5.5 0 0 0 .5-.5V8H12v2a2 2 0 0 1-2 2H8Zm2-12a2 2 0 0 1 2 2v2h-1.5V2a.5.5 0 0 0-.5-.5H8V0h2Z\" \/>\n\t\t\t<\/svg>\n\t\t<\/button><figcaption class=\"wp-element-caption\">Foto: Taiwan Cherry \/ Google Maps<\/figcaption><\/figure>\n\n\n\n<h3 class=\"wp-block-heading\"><span class=\"ez-toc-section\" id=\"3_Maison_Rouge_Strasbourg_Hotel_Spa\"><\/span>3. Maison Rouge Strasbourg Hotel &#038; Spa<span class=\"ez-toc-section-end\"><\/span><\/h3>\n\n\n\n<p class=\"wp-block-paragraph\">Este cl\u00e1ssico de Estrasburgo, o <strong><a href=\"https:\/\/www.stay22.com\/allez\/roam?aid=lukaskonecny&#038;campaign=loudavymkrokemcz&#038;campaign=kde-bydlet-ve-strasburku&#038;hotelname=Maison%20Rouge%20Strasbourg%20Hotel%20%26%20Spa&#038;address=%C5%A0trasburk%2C%20Francie\" target=\"_blank\" rel=\"noopener nofollow sponsored\">Maison Rouge Strasbourg Hotel &#038; Spa<\/a><\/strong> da prestigiada Autograph Collection, mant\u00e9m uma \u00f3tima nota de 4,5 vinda de mais de mil e setecentas avalia\u00e7\u00f5es. Fica num pr\u00e9dio de tijolos bem chamativo <strong>a poucos passos da imponente catedral de Notre-Dame e da Place Kl\u00e9ber<\/strong>, ou seja, bem no cora\u00e7\u00e3o mais pulsante da cidade. Os quartos s\u00e3o decorados em um estilo cl\u00e1ssico e atemporal, que <strong>faz uma bela refer\u00eancia \u00e0 rica tradi\u00e7\u00e3o da hospitalidade alsaciana<\/strong>.<\/p>\n\n\n\n<p class=\"wp-block-paragraph\">Os h\u00f3spedes elogiam especialmente o <strong>lindo sal\u00e3o de caf\u00e9 da manh\u00e3 ricamente decorado com afrescos originais<\/strong>, onde o dia come\u00e7a de forma realmente r\u00e9gia, com mesas cheias de queijos locais, baguetes frescas e p\u00e3es doces. Depois de longas caminhadas pelas ruelas pitorescas, voc\u00ea certamente vai apreciar o <strong>acesso ao moderno spa e \u00e0 zona de bem-estar do hotel<\/strong>, que oferecem o relaxamento perfeito para as pernas cansadas.<\/p>\n\n\n\n<p class=\"wp-block-paragraph\">Apesar da localiza\u00e7\u00e3o extremamente central, o hotel \u00e9 um ref\u00fagio perfeito diante da agita\u00e7\u00e3o ao redor. <strong>De alguns quartos dos andares mais altos ainda se tem uma vista incr\u00edvel<\/strong> direto para a torre da catedral, algo que voc\u00ea vai adorar especialmente com a cidade iluminada \u00e0 noite.<\/p>\n\n\n\n<p class=\"wp-block-paragraph\">\ud83d\udca1 <strong>Dica:<\/strong> escolha este hotel se sua prioridade \u00e9 ficar <strong>no epicentro do agito<\/strong> e voc\u00ea gosta da eleg\u00e2ncia francesa tradicional aliada aos servi\u00e7os profissionais de um grande hotel historicamente consolidado.<\/p>\n\n\n\n<figure data-wp-context=\"{&quot;imageId&quot;:&quot;6a9c2aade9ae0&quot;}\" data-wp-interactive=\"core\/image\" data-wp-key=\"6a9c2aade9ae0\" class=\"wp-block-image size-full wp-lightbox-container\"><img decoding=\"async\" width=\"1600\" height=\"2133\" data-wp-class--hide=\"state.isContentHidden\" data-wp-class--show=\"state.isContentVisible\" data-wp-init=\"callbacks.setButtonStyles\" data-wp-on--click=\"actions.showLightbox\" data-wp-on--load=\"callbacks.setButtonStyles\" data-wp-on--pointerdown=\"actions.preloadImage\" data-wp-on--pointerenter=\"actions.preloadImageWithDelay\" data-wp-on--pointerleave=\"actions.cancelPreload\" data-wp-on-window--resize=\"callbacks.setButtonStyles\" src=\"https:\/\/loudavymkrokem.cz\/wp-content\/uploads\/2026\/09\/h-tel-beaucour.jpg\" alt=\"Hotel H\u00f4tel Beaucour\" class=\"wp-image-413048\" title=\"\" srcset=\"https:\/\/loudavymkrokem.cz\/wp-content\/uploads\/2026\/09\/h-tel-beaucour.jpg 1600w, https:\/\/loudavymkrokem.cz\/wp-content\/uploads\/2026\/09\/h-tel-beaucour-225x300.jpg 225w, https:\/\/loudavymkrokem.cz\/wp-content\/uploads\/2026\/09\/h-tel-beaucour-700x933.jpg 700w, https:\/\/loudavymkrokem.cz\/wp-content\/uploads\/2026\/09\/h-tel-beaucour-768x1024.jpg 768w, https:\/\/loudavymkrokem.cz\/wp-content\/uploads\/2026\/09\/h-tel-beaucour-1152x1536.jpg 1152w, https:\/\/loudavymkrokem.cz\/wp-content\/uploads\/2026\/09\/h-tel-beaucour-1536x2048.jpg 1536w, https:\/\/loudavymkrokem.cz\/wp-content\/uploads\/2026\/09\/h-tel-beaucour-696x928.jpg 696w, https:\/\/loudavymkrokem.cz\/wp-content\/uploads\/2026\/09\/h-tel-beaucour-1392x1856.jpg 1392w\" sizes=\"(max-width: 1600px) 100vw, 1600px\" \/><button\n\t\t\tclass=\"lightbox-trigger\"\n\t\t\ttype=\"button\"\n\t\t\taria-haspopup=\"dialog\"\n\t\t\tdata-wp-bind--aria-label=\"state.thisImage.triggerButtonAriaLabel\"\n\t\t\tdata-wp-init=\"callbacks.initTriggerButton\"\n\t\t\tdata-wp-on--click=\"actions.showLightbox\"\n\t\t\tdata-wp-style--right=\"state.thisImage.buttonRight\"\n\t\t\tdata-wp-style--top=\"state.thisImage.buttonTop\"\n\t\t>\n\t\t\t<svg xmlns=\"http:\/\/www.w3.org\/2000\/svg\" width=\"12\" height=\"12\" fill=\"none\" viewBox=\"0 0 12 12\">\n\t\t\t\t<path fill=\"#fff\" d=\"M2 0a2 2 0 0 0-2 2v2h1.5V2a.5.5 0 0 1 .5-.5h2V0H2Zm2 10.5H2a.5.5 0 0 1-.5-.5V8H0v2a2 2 0 0 0 2 2h2v-1.5ZM8 12v-1.5h2a.5.5 0 0 0 .5-.5V8H12v2a2 2 0 0 1-2 2H8Zm2-12a2 2 0 0 1 2 2v2h-1.5V2a.5.5 0 0 0-.5-.5H8V0h2Z\" \/>\n\t\t\t<\/svg>\n\t\t<\/button><figcaption class=\"wp-element-caption\">Foto: H\u00f4tel Beaucour \/ Google Maps<\/figcaption><\/figure>\n\n\n\n<h3 class=\"wp-block-heading\"><span class=\"ez-toc-section\" id=\"4_Hotel_Beaucour\"><\/span>4. H\u00f4tel Beaucour<span class=\"ez-toc-section-end\"><\/span><\/h3>\n\n\n\n<p class=\"wp-block-paragraph\">Este encantador <strong><a href=\"https:\/\/www.stay22.com\/allez\/roam?aid=lukaskonecny&#038;campaign=loudavymkrokemcz&#038;campaign=kde-bydlet-ve-strasburku&#038;hotelname=H%C3%B4tel%20Beaucour&#038;address=%C5%A0trasburk%2C%20Francie\" target=\"_blank\" rel=\"noopener nofollow sponsored\">H\u00f4tel Beaucour<\/a><\/strong>, com uma excelente nota de 4,6, fica em um tradicional casar\u00e3o enxaimel e oferece <strong>um \u00f3timo equil\u00edbrio entre a atmosfera de \u00e9poca incr\u00edvel e o pre\u00e7o, bem no n\u00facleo hist\u00f3rico<\/strong>. Logo na chegada voc\u00ea se surpreende com o pitoresco p\u00e1tio interno, que esconde um lindo e silencioso terra\u00e7o cheio de flores. Ele \u00e9 <strong>o o\u00e1sis de tranquilidade perfeito no meio da cidade agitada<\/strong>, onde voc\u00ea pode sentar com um livro e descansar longe das multid\u00f5es.<\/p>\n\n\n\n<p class=\"wp-block-paragraph\">Os quartos s\u00e3o decorados de forma bem aconchegante, muitas vezes com vigas de madeira aparente e mob\u00edlia de \u00e9poca estilosa. Se voc\u00ea procura algo realmente especial, vai gostar de saber que <strong>alguns dos quartos selecionados t\u00eam at\u00e9 uma grande banheira de hidromassagem pr\u00f3pria<\/strong>. \u00c9 um lugar onde, gra\u00e7as ao ambiente intimista, voc\u00ea logo se sente em casa, e a equipe local se destaca por uma simpatia excepcional e pela boa vontade de ajudar a planejar o roteiro.<\/p>\n\n\n\n<p class=\"wp-block-paragraph\">De manh\u00e3 \u00e9 servido um farto caf\u00e9 da manh\u00e3 na sala de refei\u00e7\u00f5es estilosa, com queijos alsacianos frescos, p\u00e3es crocantes e geleias locais. Gra\u00e7as \u00e0 localiza\u00e7\u00e3o a poucos passos do rio Ill, <strong>voc\u00ea tem todas as atra\u00e7\u00f5es a p\u00e9<\/strong>, mas ao mesmo tempo n\u00e3o dorme nas pra\u00e7as mais agitadas.<\/p>\n\n\n\n<p class=\"wp-block-paragraph\">\ud83d\udca1 <strong>Dica:<\/strong> \u00f3tima op\u00e7\u00e3o para casais que querem casa enxaimel, p\u00e1tio silencioso e hidromassagem pr\u00f3pria \u2014 sem pagar como num hotel cinco estrelas perto da catedral. \ud83d\ude09<\/p>\n\n\n\n<figure data-wp-context=\"{&quot;imageId&quot;:&quot;6a9c2aadea04b&quot;}\" data-wp-interactive=\"core\/image\" data-wp-key=\"6a9c2aadea04b\" class=\"wp-block-image size-full wp-lightbox-container\"><img decoding=\"async\" width=\"1600\" height=\"1068\" data-wp-class--hide=\"state.isContentHidden\" data-wp-class--show=\"state.isContentVisible\" data-wp-init=\"callbacks.setButtonStyles\" data-wp-on--click=\"actions.showLightbox\" data-wp-on--load=\"callbacks.setButtonStyles\" data-wp-on--pointerdown=\"actions.preloadImage\" data-wp-on--pointerenter=\"actions.preloadImageWithDelay\" data-wp-on--pointerleave=\"actions.cancelPreload\" data-wp-on-window--resize=\"callbacks.setButtonStyles\" src=\"https:\/\/loudavymkrokem.cz\/wp-content\/uploads\/2026\/09\/l-onor-h-tel-by-stay-collection.jpg\" alt=\"Hotel L\u00c9ONOR H\u00f4tel by Stay Collection\" class=\"wp-image-413054\" title=\"\" srcset=\"https:\/\/loudavymkrokem.cz\/wp-content\/uploads\/2026\/09\/l-onor-h-tel-by-stay-collection.jpg 1600w, https:\/\/loudavymkrokem.cz\/wp-content\/uploads\/2026\/09\/l-onor-h-tel-by-stay-collection-300x200.jpg 300w, https:\/\/loudavymkrokem.cz\/wp-content\/uploads\/2026\/09\/l-onor-h-tel-by-stay-collection-700x467.jpg 700w, https:\/\/loudavymkrokem.cz\/wp-content\/uploads\/2026\/09\/l-onor-h-tel-by-stay-collection-768x513.jpg 768w, https:\/\/loudavymkrokem.cz\/wp-content\/uploads\/2026\/09\/l-onor-h-tel-by-stay-collection-1536x1025.jpg 1536w, https:\/\/loudavymkrokem.cz\/wp-content\/uploads\/2026\/09\/l-onor-h-tel-by-stay-collection-696x465.jpg 696w, https:\/\/loudavymkrokem.cz\/wp-content\/uploads\/2026\/09\/l-onor-h-tel-by-stay-collection-1392x929.jpg 1392w\" sizes=\"(max-width: 1600px) 100vw, 1600px\" \/><button\n\t\t\tclass=\"lightbox-trigger\"\n\t\t\ttype=\"button\"\n\t\t\taria-haspopup=\"dialog\"\n\t\t\tdata-wp-bind--aria-label=\"state.thisImage.triggerButtonAriaLabel\"\n\t\t\tdata-wp-init=\"callbacks.initTriggerButton\"\n\t\t\tdata-wp-on--click=\"actions.showLightbox\"\n\t\t\tdata-wp-style--right=\"state.thisImage.buttonRight\"\n\t\t\tdata-wp-style--top=\"state.thisImage.buttonTop\"\n\t\t>\n\t\t\t<svg xmlns=\"http:\/\/www.w3.org\/2000\/svg\" width=\"12\" height=\"12\" fill=\"none\" viewBox=\"0 0 12 12\">\n\t\t\t\t<path fill=\"#fff\" d=\"M2 0a2 2 0 0 0-2 2v2h1.5V2a.5.5 0 0 1 .5-.5h2V0H2Zm2 10.5H2a.5.5 0 0 1-.5-.5V8H0v2a2 2 0 0 0 2 2h2v-1.5ZM8 12v-1.5h2a.5.5 0 0 0 .5-.5V8H12v2a2 2 0 0 1-2 2H8Zm2-12a2 2 0 0 1 2 2v2h-1.5V2a.5.5 0 0 0-.5-.5H8V0h2Z\" \/>\n\t\t\t<\/svg>\n\t\t<\/button><figcaption class=\"wp-element-caption\">Foto: L\u00c9ONOR H\u00f4tel \/ Google Maps<\/figcaption><\/figure>\n\n\n\n<h3 class=\"wp-block-heading\"><span class=\"ez-toc-section\" id=\"5_LEONOR_Hotel_by_Stay_Collection\"><\/span>5. L\u00c9ONOR H\u00f4tel by Stay Collection<span class=\"ez-toc-section-end\"><\/span><\/h3>\n\n\n\n<p class=\"wp-block-paragraph\">Luxo moderno e bem pensado inserido em um grandioso pr\u00e9dio hist\u00f3rico \u2014 \u00e9 exatamente assim que se poderia resumir o estiloso <strong><a href=\"https:\/\/www.stay22.com\/allez\/roam?aid=lukaskonecny&#038;campaign=loudavymkrokemcz&#038;campaign=kde-bydlet-ve-strasburku&#038;hotelname=L%C3%89ONOR%20H%C3%B4tel%20by%20Stay%20Collection&#038;address=%C5%A0trasburk%2C%20Francie\" target=\"_blank\" rel=\"noopener nofollow sponsored\">L\u00c9ONOR H\u00f4tel by Stay Collection<\/a><\/strong>, que ostenta uma excelente nota de 4,7. Os interiores s\u00e3o <strong>obra de renomados designers franceses<\/strong> e combinam com muito bom gosto cores ousadas e intensas com linhas limpas e elegantes e elementos arquitet\u00f4nicos hist\u00f3ricos originais.<\/p>\n\n\n\n<p class=\"wp-block-paragraph\">Um atrativo enorme deste lugar \u00e9, sem d\u00favida, a <strong>confeitaria pr\u00f3pria do hotel e o restaurante famoso<\/strong>, aonde at\u00e9 os pr\u00f3prios moradores locais gostam de ir em busca de experi\u00eancias gastron\u00f4micas. E o amplo p\u00e1tio interno funciona, nos meses mais quentes, como <strong>o vibrante ponto de encontro de todo o hotel<\/strong>, onde voc\u00ea toma tranquilamente um caf\u00e9 especial ou um drink noturno antes de sair pela cidade.<\/p>\n\n\n\n<p class=\"wp-block-paragraph\">Os quartos s\u00e3o equipados com as tecnologias mais modernas, cosm\u00e9ticos premium e camas enormes das quais voc\u00ea n\u00e3o vai querer levantar de manh\u00e3. Embora o hotel fique perto do centro, <strong>gra\u00e7as \u00e0 distribui\u00e7\u00e3o inteligente dos pr\u00e9dios ele oferece paz e sil\u00eancio<\/strong> para um sono sem interrup\u00e7\u00f5es.<\/p>\n\n\n\n<p class=\"wp-block-paragraph\">\ud83d\udca1 <strong>Dica:<\/strong> o L\u00c9ONOR vai encantar quem ama <strong>a combina\u00e7\u00e3o de arquitetura antiga e nobre com design muito moderno e fresco<\/strong>, e ao mesmo tempo exige servi\u00e7os gastron\u00f4micos de ponta debaixo do pr\u00f3prio teto.<\/p>\n\n\n\n<figure data-wp-context=\"{&quot;imageId&quot;:&quot;6a9c2aadea548&quot;}\" data-wp-interactive=\"core\/image\" data-wp-key=\"6a9c2aadea548\" class=\"wp-block-image size-full wp-lightbox-container\"><img decoding=\"async\" width=\"1280\" height=\"853\" data-wp-class--hide=\"state.isContentHidden\" data-wp-class--show=\"state.isContentVisible\" data-wp-init=\"callbacks.setButtonStyles\" data-wp-on--click=\"actions.showLightbox\" data-wp-on--load=\"callbacks.setButtonStyles\" data-wp-on--pointerdown=\"actions.preloadImage\" data-wp-on--pointerenter=\"actions.preloadImageWithDelay\" data-wp-on--pointerleave=\"actions.cancelPreload\" data-wp-on-window--resize=\"callbacks.setButtonStyles\" src=\"https:\/\/loudavymkrokem.cz\/wp-content\/uploads\/2026\/09\/hotel-tandem.jpg\" alt=\"Hotel Hotel Tandem\" class=\"wp-image-413062\" title=\"\" srcset=\"https:\/\/loudavymkrokem.cz\/wp-content\/uploads\/2026\/09\/hotel-tandem.jpg 1280w, https:\/\/loudavymkrokem.cz\/wp-content\/uploads\/2026\/09\/hotel-tandem-300x200.jpg 300w, https:\/\/loudavymkrokem.cz\/wp-content\/uploads\/2026\/09\/hotel-tandem-700x466.jpg 700w, https:\/\/loudavymkrokem.cz\/wp-content\/uploads\/2026\/09\/hotel-tandem-768x512.jpg 768w, https:\/\/loudavymkrokem.cz\/wp-content\/uploads\/2026\/09\/hotel-tandem-696x464.jpg 696w\" sizes=\"(max-width: 1280px) 100vw, 1280px\" \/><button\n\t\t\tclass=\"lightbox-trigger\"\n\t\t\ttype=\"button\"\n\t\t\taria-haspopup=\"dialog\"\n\t\t\tdata-wp-bind--aria-label=\"state.thisImage.triggerButtonAriaLabel\"\n\t\t\tdata-wp-init=\"callbacks.initTriggerButton\"\n\t\t\tdata-wp-on--click=\"actions.showLightbox\"\n\t\t\tdata-wp-style--right=\"state.thisImage.buttonRight\"\n\t\t\tdata-wp-style--top=\"state.thisImage.buttonTop\"\n\t\t>\n\t\t\t<svg xmlns=\"http:\/\/www.w3.org\/2000\/svg\" width=\"12\" height=\"12\" fill=\"none\" viewBox=\"0 0 12 12\">\n\t\t\t\t<path fill=\"#fff\" d=\"M2 0a2 2 0 0 0-2 2v2h1.5V2a.5.5 0 0 1 .5-.5h2V0H2Zm2 10.5H2a.5.5 0 0 1-.5-.5V8H0v2a2 2 0 0 0 2 2h2v-1.5ZM8 12v-1.5h2a.5.5 0 0 0 .5-.5V8H12v2a2 2 0 0 1-2 2H8Zm2-12a2 2 0 0 1 2 2v2h-1.5V2a.5.5 0 0 0-.5-.5H8V0h2Z\" \/>\n\t\t\t<\/svg>\n\t\t<\/button><figcaption class=\"wp-element-caption\">Foto: H\u00f4tel Tandem \/ Google Maps<\/figcaption><\/figure>\n\n\n\n<h3 class=\"wp-block-heading\"><span class=\"ez-toc-section\" id=\"6_Hotel_Tandem\"><\/span>6. Hotel Tandem<span class=\"ez-toc-section-end\"><\/span><\/h3>\n\n\n\n<p class=\"wp-block-paragraph\">Se voc\u00ea procura hospedagem fora do car\u00edssimo n\u00facleo hist\u00f3rico, o fant\u00e1stico e ecol\u00f3gico hotel-butique <strong><a href=\"https:\/\/www.stay22.com\/allez\/roam?aid=lukaskonecny&#038;campaign=loudavymkrokemcz&#038;campaign=kde-bydlet-ve-strasburku&#038;hotelname=Hotel%20Tandem&#038;address=%C5%A0trasburk%2C%20Francie\" target=\"_blank\" rel=\"noopener nofollow sponsored\">Hotel Tandem<\/a><\/strong>, perto da esta\u00e7\u00e3o, com nota 4,7, \u00e9 <strong>o mais bem avaliado da regi\u00e3o mais ampla<\/strong>. Os quartos s\u00e3o decorados em tons quentes e naturais, cheios de madeira, que desde o primeiro instante <strong>passam uma sensa\u00e7\u00e3o incrivelmente relaxante e aconchegante<\/strong>.<\/p>\n\n\n\n<p class=\"wp-block-paragraph\">Este hotel se posiciona com uma abordagem muito moderna e sustent\u00e1vel, o que na pr\u00e1tica se comprova pelo <strong>\u00f3timo wine bar noturno com uma variada sele\u00e7\u00e3o de vinhos biodin\u00e2micos locais e o aluguel de bicicletas pr\u00f3prio<\/strong> para os h\u00f3spedes. \u00c9 justamente de bicicleta que voc\u00ea pode explorar Estrasburgo como um morador de verdade. Os caf\u00e9s da manh\u00e3, ali\u00e1s, s\u00e3o preparados exclusivamente com ingredientes locais, e os h\u00f3spedes rasgam elogios a esse ritual matinal nas avalia\u00e7\u00f5es.<\/p>\n\n\n\n<p class=\"wp-block-paragraph\">Voc\u00ea chega ao centro hist\u00f3rico a p\u00e9 em confort\u00e1veis dez minutos, ou pode pegar o bonde, que para ali perto. <strong>A equipe aqui \u00e9 informal, mas altamente profissional<\/strong>, e adora indicar \u00f3timos restaurantes vegetarianos nos arredores.<\/p>\n\n\n\n<p class=\"wp-block-paragraph\">\ud83d\udca1 <strong>Dica:<\/strong> esta \u00e9 simplesmente <strong>a melhor escolha para viajantes que chegam \u00e0 Als\u00e1cia de trem<\/strong>, que querem se hospedar em um ambiente estiloso e moderno e valorizam a sustentabilidade e a qualidade de ponta dos ingredientes locais.<\/p>\n\n\n\n<figure data-wp-context=\"{&quot;imageId&quot;:&quot;6a9c2aadeacaf&quot;}\" data-wp-interactive=\"core\/image\" data-wp-key=\"6a9c2aadeacaf\" class=\"wp-block-image size-full wp-lightbox-container\"><img decoding=\"async\" width=\"1600\" height=\"1067\" data-wp-class--hide=\"state.isContentHidden\" data-wp-class--show=\"state.isContentVisible\" data-wp-init=\"callbacks.setButtonStyles\" data-wp-on--click=\"actions.showLightbox\" data-wp-on--load=\"callbacks.setButtonStyles\" data-wp-on--pointerdown=\"actions.preloadImage\" data-wp-on--pointerenter=\"actions.preloadImageWithDelay\" data-wp-on--pointerleave=\"actions.cancelPreload\" data-wp-on-window--resize=\"callbacks.setButtonStyles\" src=\"https:\/\/loudavymkrokem.cz\/wp-content\/uploads\/2026\/09\/sofitel-strasbourg-grande-le.jpg\" alt=\"Hotel Sofitel Strasbourg Grande \u00cele\" class=\"wp-image-413067\" title=\"\" srcset=\"https:\/\/loudavymkrokem.cz\/wp-content\/uploads\/2026\/09\/sofitel-strasbourg-grande-le.jpg 1600w, https:\/\/loudavymkrokem.cz\/wp-content\/uploads\/2026\/09\/sofitel-strasbourg-grande-le-300x200.jpg 300w, https:\/\/loudavymkrokem.cz\/wp-content\/uploads\/2026\/09\/sofitel-strasbourg-grande-le-700x467.jpg 700w, https:\/\/loudavymkrokem.cz\/wp-content\/uploads\/2026\/09\/sofitel-strasbourg-grande-le-768x512.jpg 768w, https:\/\/loudavymkrokem.cz\/wp-content\/uploads\/2026\/09\/sofitel-strasbourg-grande-le-1536x1024.jpg 1536w, https:\/\/loudavymkrokem.cz\/wp-content\/uploads\/2026\/09\/sofitel-strasbourg-grande-le-696x464.jpg 696w, https:\/\/loudavymkrokem.cz\/wp-content\/uploads\/2026\/09\/sofitel-strasbourg-grande-le-1392x928.jpg 1392w\" sizes=\"(max-width: 1600px) 100vw, 1600px\" \/><button\n\t\t\tclass=\"lightbox-trigger\"\n\t\t\ttype=\"button\"\n\t\t\taria-haspopup=\"dialog\"\n\t\t\tdata-wp-bind--aria-label=\"state.thisImage.triggerButtonAriaLabel\"\n\t\t\tdata-wp-init=\"callbacks.initTriggerButton\"\n\t\t\tdata-wp-on--click=\"actions.showLightbox\"\n\t\t\tdata-wp-style--right=\"state.thisImage.buttonRight\"\n\t\t\tdata-wp-style--top=\"state.thisImage.buttonTop\"\n\t\t>\n\t\t\t<svg xmlns=\"http:\/\/www.w3.org\/2000\/svg\" width=\"12\" height=\"12\" fill=\"none\" viewBox=\"0 0 12 12\">\n\t\t\t\t<path fill=\"#fff\" d=\"M2 0a2 2 0 0 0-2 2v2h1.5V2a.5.5 0 0 1 .5-.5h2V0H2Zm2 10.5H2a.5.5 0 0 1-.5-.5V8H0v2a2 2 0 0 0 2 2h2v-1.5ZM8 12v-1.5h2a.5.5 0 0 0 .5-.5V8H12v2a2 2 0 0 1-2 2H8Zm2-12a2 2 0 0 1 2 2v2h-1.5V2a.5.5 0 0 0-.5-.5H8V0h2Z\" \/>\n\t\t\t<\/svg>\n\t\t<\/button><figcaption class=\"wp-element-caption\">Foto: Sofitel Strasbourg Grande \u00cele \/ Google Maps<\/figcaption><\/figure>\n\n\n\n<h3 class=\"wp-block-heading\"><span class=\"ez-toc-section\" id=\"7_Sofitel_Strasbourg_Grande_Ile\"><\/span>7. Sofitel Strasbourg Grande \u00cele<span class=\"ez-toc-section-end\"><\/span><\/h3>\n\n\n\n<p class=\"wp-block-paragraph\">Com um n\u00famero impressionante de avalia\u00e7\u00f5es, o grandioso <strong><a href=\"https:\/\/www.stay22.com\/allez\/roam?aid=lukaskonecny&#038;campaign=loudavymkrokemcz&#038;campaign=kde-bydlet-ve-strasburku&#038;hotelname=Sofitel%20Strasbourg%20Grande%20%C3%8Ele&#038;address=%C5%A0trasburk%2C%20Francie\" target=\"_blank\" rel=\"noopener nofollow sponsored\">Sofitel Strasbourg Grande \u00cele<\/a><\/strong> mant\u00e9m uma bela nota 4,5 e \u00e9, portanto, <strong>o hotel mais avaliado de toda a cidade<\/strong>. Fica bem na ilha hist\u00f3rica principal e \u00e9 um cl\u00e1ssico famoso de Estrasburgo, que <strong>mant\u00e9m h\u00e1 muito tempo um padr\u00e3o alt\u00edssimo de servi\u00e7os cinco estrelas comprovados<\/strong>.<\/p>\n\n\n\n<p class=\"wp-block-paragraph\">Os interiores seguem claramente o esp\u00edrito da eleg\u00e2ncia francesa moderna, dominados por carpetes de qualidade, cores suaves e mob\u00edlia de design. Aqui voc\u00ea encontra um \u00f3timo restaurante focado na gastronomia francesa e, principalmente, <strong>um bar muito estiloso, para um drink noturno exclusivo<\/strong> depois de um longo dia nas ruas. Os quartos s\u00e3o acima da m\u00e9dia em espa\u00e7o, silenciosos e oferecem o conforto de primeira t\u00edpico desta marca prestigiada.<\/p>\n\n\n\n<p class=\"wp-block-paragraph\">Gra\u00e7as ao seu tamanho, o hotel tem uma \u00f3tima estrutura, incluindo uma academia espa\u00e7osa. <strong>A localiza\u00e7\u00e3o \u00e9 incr\u00edvel<\/strong>, porque, seja indo \u00e0 catedral ou ao pitoresco bairro Petite France, voc\u00ea chega a tudo em at\u00e9 dez minutos.<\/p>\n\n\n\n<p class=\"wp-block-paragraph\">\ud83d\udca1 <strong>Dica:<\/strong> ideal para aqueles de voc\u00eas que preferem <strong>a garantia e a confiabilidade das grandes marcas internacionais<\/strong> e exigem um servi\u00e7o impec\u00e1vel e altamente profissional, a poucos passos de tudo o que a cidade oferece de essencial.<\/p>\n\n\n\n<figure data-wp-context=\"{&quot;imageId&quot;:&quot;6a9c2aadeb240&quot;}\" data-wp-interactive=\"core\/image\" data-wp-key=\"6a9c2aadeb240\" class=\"wp-block-image size-full wp-lightbox-container\"><img decoding=\"async\" width=\"1600\" height=\"1067\" data-wp-class--hide=\"state.isContentHidden\" data-wp-class--show=\"state.isContentVisible\" data-wp-init=\"callbacks.setButtonStyles\" data-wp-on--click=\"actions.showLightbox\" data-wp-on--load=\"callbacks.setButtonStyles\" data-wp-on--pointerdown=\"actions.preloadImage\" data-wp-on--pointerenter=\"actions.preloadImageWithDelay\" data-wp-on--pointerleave=\"actions.cancelPreload\" data-wp-on-window--resize=\"callbacks.setButtonStyles\" src=\"https:\/\/loudavymkrokem.cz\/wp-content\/uploads\/2026\/09\/h-tel-r-gent-contades-by-stay-collection.jpg\" alt=\"Hotel H\u00f4tel R\u00e9gent Contades by Stay Collection\" class=\"wp-image-413072\" title=\"\" srcset=\"https:\/\/loudavymkrokem.cz\/wp-content\/uploads\/2026\/09\/h-tel-r-gent-contades-by-stay-collection.jpg 1600w, https:\/\/loudavymkrokem.cz\/wp-content\/uploads\/2026\/09\/h-tel-r-gent-contades-by-stay-collection-300x200.jpg 300w, https:\/\/loudavymkrokem.cz\/wp-content\/uploads\/2026\/09\/h-tel-r-gent-contades-by-stay-collection-700x467.jpg 700w, https:\/\/loudavymkrokem.cz\/wp-content\/uploads\/2026\/09\/h-tel-r-gent-contades-by-stay-collection-768x512.jpg 768w, https:\/\/loudavymkrokem.cz\/wp-content\/uploads\/2026\/09\/h-tel-r-gent-contades-by-stay-collection-1536x1024.jpg 1536w, https:\/\/loudavymkrokem.cz\/wp-content\/uploads\/2026\/09\/h-tel-r-gent-contades-by-stay-collection-696x464.jpg 696w, https:\/\/loudavymkrokem.cz\/wp-content\/uploads\/2026\/09\/h-tel-r-gent-contades-by-stay-collection-1392x928.jpg 1392w\" sizes=\"(max-width: 1600px) 100vw, 1600px\" \/><button\n\t\t\tclass=\"lightbox-trigger\"\n\t\t\ttype=\"button\"\n\t\t\taria-haspopup=\"dialog\"\n\t\t\tdata-wp-bind--aria-label=\"state.thisImage.triggerButtonAriaLabel\"\n\t\t\tdata-wp-init=\"callbacks.initTriggerButton\"\n\t\t\tdata-wp-on--click=\"actions.showLightbox\"\n\t\t\tdata-wp-style--right=\"state.thisImage.buttonRight\"\n\t\t\tdata-wp-style--top=\"state.thisImage.buttonTop\"\n\t\t>\n\t\t\t<svg xmlns=\"http:\/\/www.w3.org\/2000\/svg\" width=\"12\" height=\"12\" fill=\"none\" viewBox=\"0 0 12 12\">\n\t\t\t\t<path fill=\"#fff\" d=\"M2 0a2 2 0 0 0-2 2v2h1.5V2a.5.5 0 0 1 .5-.5h2V0H2Zm2 10.5H2a.5.5 0 0 1-.5-.5V8H0v2a2 2 0 0 0 2 2h2v-1.5ZM8 12v-1.5h2a.5.5 0 0 0 .5-.5V8H12v2a2 2 0 0 1-2 2H8Zm2-12a2 2 0 0 1 2 2v2h-1.5V2a.5.5 0 0 0-.5-.5H8V0h2Z\" \/>\n\t\t\t<\/svg>\n\t\t<\/button><figcaption class=\"wp-element-caption\">Foto: H\u00f4tel R\u00e9gent Contades \/ Google Maps<\/figcaption><\/figure>\n\n\n\n<h3 class=\"wp-block-heading\"><span class=\"ez-toc-section\" id=\"8_Hotel_Regent_Contades_by_Stay_Collection\"><\/span>8. H\u00f4tel R\u00e9gent Contades by Stay Collection<span class=\"ez-toc-section-end\"><\/span><\/h3>\n\n\n\n<p class=\"wp-block-paragraph\">Este extremamente elegante <strong><a href=\"https:\/\/www.stay22.com\/allez\/roam?aid=lukaskonecny&#038;campaign=loudavymkrokemcz&#038;campaign=kde-bydlet-ve-strasburku&#038;hotelname=H%C3%B4tel%20R%C3%A9gent%20Contades%20by%20Stay%20Collection&#038;address=%C5%A0trasburk%2C%20Francie\" target=\"_blank\" rel=\"noopener nofollow sponsored\">H\u00f4tel R\u00e9gent Contades by Stay Collection<\/a><\/strong>, com uma nota muito boa de 4,4, fica em um belo casar\u00e3o do s\u00e9culo XIX que <strong>est\u00e1 bem \u00e0 beira do rio Ill, perto do majestoso bairro Neustadt<\/strong>. Logo na entrada voc\u00ea \u00e9 recebido por um lindo bar revestido de madeira escura, com poltronas de couro, que <strong>parece sa\u00eddo de um cl\u00e1ssico clube brit\u00e2nico<\/strong>.<\/p>\n\n\n\n<p class=\"wp-block-paragraph\">Depois de longas caminhadas pela cidade num clima mais frio e \u00famido, voc\u00ea certamente vai aproveitar a <strong>moderna sauna e o tradicional hammam do hotel<\/strong>, totalmente \u00e0 disposi\u00e7\u00e3o dos h\u00f3spedes e \u00f3timos para se aquecer. Os quartos com p\u00e9-direito alto combinam com gra\u00e7a o charme do velho mundo com todas as comodidades modernas que se espera automaticamente desse alto padr\u00e3o.<\/p>\n\n\n\n<p class=\"wp-block-paragraph\">A catedral fica a uns doze minutos de caminhada agrad\u00e1vel \u00e0 beira da \u00e1gua, ent\u00e3o voc\u00ea <strong>aproveita as vantagens da localiza\u00e7\u00e3o central, mas sem o barulho chato das ruas movimentadas<\/strong>. De manh\u00e3, voc\u00ea pode contar com um farto buf\u00ea de caf\u00e9 da manh\u00e3 servido em um lindo sal\u00e3o iluminado.<\/p>\n\n\n\n<p class=\"wp-block-paragraph\">\ud83d\udca1 <strong>Dica:<\/strong> este \u00e9 simplesmente um \u00f3timo endere\u00e7o para uma estadia mais tranquila e relaxada, se voc\u00ea quer se hospedar <strong>em um ambiente elegante e refinado, na fronteira entre o n\u00facleo hist\u00f3rico e o verde bairro alem\u00e3o<\/strong>.<\/p>\n\n\n\n<figure data-wp-context=\"{&quot;imageId&quot;:&quot;6a9c2aadeb7f1&quot;}\" data-wp-interactive=\"core\/image\" data-wp-key=\"6a9c2aadeb7f1\" class=\"wp-block-image size-full wp-lightbox-container\"><img decoding=\"async\" width=\"1600\" height=\"1084\" data-wp-class--hide=\"state.isContentHidden\" data-wp-class--show=\"state.isContentVisible\" data-wp-init=\"callbacks.setButtonStyles\" data-wp-on--click=\"actions.showLightbox\" data-wp-on--load=\"callbacks.setButtonStyles\" data-wp-on--pointerdown=\"actions.preloadImage\" data-wp-on--pointerenter=\"actions.preloadImageWithDelay\" data-wp-on--pointerleave=\"actions.cancelPreload\" data-wp-on-window--resize=\"callbacks.setButtonStyles\" src=\"https:\/\/loudavymkrokem.cz\/wp-content\/uploads\/2026\/09\/pavillon-r-gent-petite-france.jpg\" alt=\"Hotel Pavillon R\u00e9gent Petite France\" class=\"wp-image-413077\" title=\"\" srcset=\"https:\/\/loudavymkrokem.cz\/wp-content\/uploads\/2026\/09\/pavillon-r-gent-petite-france.jpg 1600w, https:\/\/loudavymkrokem.cz\/wp-content\/uploads\/2026\/09\/pavillon-r-gent-petite-france-300x203.jpg 300w, https:\/\/loudavymkrokem.cz\/wp-content\/uploads\/2026\/09\/pavillon-r-gent-petite-france-700x474.jpg 700w, https:\/\/loudavymkrokem.cz\/wp-content\/uploads\/2026\/09\/pavillon-r-gent-petite-france-768x520.jpg 768w, https:\/\/loudavymkrokem.cz\/wp-content\/uploads\/2026\/09\/pavillon-r-gent-petite-france-1536x1041.jpg 1536w, https:\/\/loudavymkrokem.cz\/wp-content\/uploads\/2026\/09\/pavillon-r-gent-petite-france-696x472.jpg 696w, https:\/\/loudavymkrokem.cz\/wp-content\/uploads\/2026\/09\/pavillon-r-gent-petite-france-1392x943.jpg 1392w\" sizes=\"(max-width: 1600px) 100vw, 1600px\" \/><button\n\t\t\tclass=\"lightbox-trigger\"\n\t\t\ttype=\"button\"\n\t\t\taria-haspopup=\"dialog\"\n\t\t\tdata-wp-bind--aria-label=\"state.thisImage.triggerButtonAriaLabel\"\n\t\t\tdata-wp-init=\"callbacks.initTriggerButton\"\n\t\t\tdata-wp-on--click=\"actions.showLightbox\"\n\t\t\tdata-wp-style--right=\"state.thisImage.buttonRight\"\n\t\t\tdata-wp-style--top=\"state.thisImage.buttonTop\"\n\t\t>\n\t\t\t<svg xmlns=\"http:\/\/www.w3.org\/2000\/svg\" width=\"12\" height=\"12\" fill=\"none\" viewBox=\"0 0 12 12\">\n\t\t\t\t<path fill=\"#fff\" d=\"M2 0a2 2 0 0 0-2 2v2h1.5V2a.5.5 0 0 1 .5-.5h2V0H2Zm2 10.5H2a.5.5 0 0 1-.5-.5V8H0v2a2 2 0 0 0 2 2h2v-1.5ZM8 12v-1.5h2a.5.5 0 0 0 .5-.5V8H12v2a2 2 0 0 1-2 2H8Zm2-12a2 2 0 0 1 2 2v2h-1.5V2a.5.5 0 0 0-.5-.5H8V0h2Z\" \/>\n\t\t\t<\/svg>\n\t\t<\/button><figcaption class=\"wp-element-caption\">Foto: H\u00f4tel &#038; Spa R\u00e9gent Petite France \/ Google Maps<\/figcaption><\/figure>\n\n\n\n<h3 class=\"wp-block-heading\"><span class=\"ez-toc-section\" id=\"9_Pavillon_Regent_Petite_France\"><\/span>9. Pavillon R\u00e9gent Petite France<span class=\"ez-toc-section-end\"><\/span><\/h3>\n\n\n\n<p class=\"wp-block-paragraph\">Se voc\u00ea busca o romantismo mais perfeito, o famoso <strong><a href=\"https:\/\/www.stay22.com\/allez\/roam?aid=lukaskonecny&#038;campaign=loudavymkrokemcz&#038;campaign=kde-bydlet-ve-strasburku&#038;hotelname=Pavillon%20R%C3%A9gent%20Petite%20France&#038;address=%C5%A0trasburk%2C%20Francie\" target=\"_blank\" rel=\"noopener nofollow sponsored\">Pavillon R\u00e9gent Petite France<\/a><\/strong>, com nota 4,4, fica em um lindo e antigo pr\u00e9dio enxaimel <strong>bem no cora\u00e7\u00e3o do ic\u00f4nico e fotog\u00eanico bairro Petite France<\/strong>. De v\u00e1rios quartos aconchegantes voc\u00ea tem <strong>vistas de cart\u00e3o-postal direto para o rio Ill<\/strong> e para as casas hist\u00f3ricas ao redor, uma experi\u00eancia visual que n\u00e3o se encontra em qualquer lugar.<\/p>\n\n\n\n<p class=\"wp-block-paragraph\">Fazem parte desta hospedagem-butique tamb\u00e9m um \u00f3timo restaurante e um bar muito agrad\u00e1vel, ent\u00e3o voc\u00ea nem precisa sair para uma boa comida e bebida no fim do dia. A localiza\u00e7\u00e3o \u00e9 realmente \u00fanica e inesquec\u00edvel, mas lembre-se de uma regra importante. <strong>Na \u00e9poca dos mercados de Advento, os arredores do hotel ficam extremamente lotados de turistas<\/strong> e as ruelas debaixo das janelas vivem cheias de gente passando.<\/p>\n\n\n\n<p class=\"wp-block-paragraph\">Os quartos s\u00e3o decorados em um estilo limpo e elegante, que valoriza lindamente os elementos hist\u00f3ricos originais do pr\u00e9dio. O caf\u00e9 da manh\u00e3 \u00e9 servido em um belo sal\u00e3o com grandes janelas, de onde voc\u00ea pode observar os barcos tur\u00edsticos passando enquanto toma seu caf\u00e9.<\/p>\n\n\n\n<p class=\"wp-block-paragraph\">\ud83d\udca1 <strong>Dica:<\/strong> esta \u00e9 <strong>a escolha certa para casais apaixonados e fot\u00f3grafos entusiastas<\/strong>, que querem ter os cen\u00e1rios mais bonitos de Estrasburgo bem na janela do quarto.<\/p>\n\n\n\n<figure data-wp-context=\"{&quot;imageId&quot;:&quot;6a9c2aadebec2&quot;}\" data-wp-interactive=\"core\/image\" data-wp-key=\"6a9c2aadebec2\" class=\"wp-block-image size-full wp-lightbox-container\"><img decoding=\"async\" width=\"1600\" height=\"1068\" data-wp-class--hide=\"state.isContentHidden\" data-wp-class--show=\"state.isContentVisible\" data-wp-init=\"callbacks.setButtonStyles\" data-wp-on--click=\"actions.showLightbox\" data-wp-on--load=\"callbacks.setButtonStyles\" data-wp-on--pointerdown=\"actions.preloadImage\" data-wp-on--pointerenter=\"actions.preloadImageWithDelay\" data-wp-on--pointerleave=\"actions.cancelPreload\" data-wp-on-window--resize=\"callbacks.setButtonStyles\" src=\"https:\/\/loudavymkrokem.cz\/wp-content\/uploads\/2026\/09\/hannong-h-tel-wine-bar.jpg\" alt=\"Hotel Hannong H\u00f4tel &#038; Wine Bar\" class=\"wp-image-413081\" title=\"\" srcset=\"https:\/\/loudavymkrokem.cz\/wp-content\/uploads\/2026\/09\/hannong-h-tel-wine-bar.jpg 1600w, https:\/\/loudavymkrokem.cz\/wp-content\/uploads\/2026\/09\/hannong-h-tel-wine-bar-300x200.jpg 300w, https:\/\/loudavymkrokem.cz\/wp-content\/uploads\/2026\/09\/hannong-h-tel-wine-bar-700x467.jpg 700w, https:\/\/loudavymkrokem.cz\/wp-content\/uploads\/2026\/09\/hannong-h-tel-wine-bar-768x513.jpg 768w, https:\/\/loudavymkrokem.cz\/wp-content\/uploads\/2026\/09\/hannong-h-tel-wine-bar-1536x1025.jpg 1536w, https:\/\/loudavymkrokem.cz\/wp-content\/uploads\/2026\/09\/hannong-h-tel-wine-bar-696x465.jpg 696w, https:\/\/loudavymkrokem.cz\/wp-content\/uploads\/2026\/09\/hannong-h-tel-wine-bar-1392x929.jpg 1392w\" sizes=\"(max-width: 1600px) 100vw, 1600px\" \/><button\n\t\t\tclass=\"lightbox-trigger\"\n\t\t\ttype=\"button\"\n\t\t\taria-haspopup=\"dialog\"\n\t\t\tdata-wp-bind--aria-label=\"state.thisImage.triggerButtonAriaLabel\"\n\t\t\tdata-wp-init=\"callbacks.initTriggerButton\"\n\t\t\tdata-wp-on--click=\"actions.showLightbox\"\n\t\t\tdata-wp-style--right=\"state.thisImage.buttonRight\"\n\t\t\tdata-wp-style--top=\"state.thisImage.buttonTop\"\n\t\t>\n\t\t\t<svg xmlns=\"http:\/\/www.w3.org\/2000\/svg\" width=\"12\" height=\"12\" fill=\"none\" viewBox=\"0 0 12 12\">\n\t\t\t\t<path fill=\"#fff\" d=\"M2 0a2 2 0 0 0-2 2v2h1.5V2a.5.5 0 0 1 .5-.5h2V0H2Zm2 10.5H2a.5.5 0 0 1-.5-.5V8H0v2a2 2 0 0 0 2 2h2v-1.5ZM8 12v-1.5h2a.5.5 0 0 0 .5-.5V8H12v2a2 2 0 0 1-2 2H8Zm2-12a2 2 0 0 1 2 2v2h-1.5V2a.5.5 0 0 0-.5-.5H8V0h2Z\" \/>\n\t\t\t<\/svg>\n\t\t<\/button><figcaption class=\"wp-element-caption\">Foto: Hannong H\u00f4tel &#038; Wine Bar \/ Google Maps<\/figcaption><\/figure>\n\n\n\n<!-- LKM_GYG_CARD start q=\"strasbourg\" lang=\"pt-br\" rendered=\"2026-09-05T13:20:08+00:00\" v=\"1\" -->\n<style id=\"lk-gyg-styles\">\n@import url(\"https:\/\/fonts.googleapis.com\/css2?family=Playfair+Display:wght@700&family=DM+Sans:wght@300;400;500;600&display=swap\");\n\/* === LK GYG karty \u2014 CRO redesign 2026-05 (namespace .lkx-) ===\n   C\u00edl: vy\u0161\u0161\u00ed CTR (hero + v\u00fdrazn\u00fd social proof + ak\u010dn\u00ed CTA, m\u00e9n\u011b \"reklamn\u00ed\").\n   Injektuje se inline do prvn\u00edho markeru postu (refresh_cards.py --inline-css). *\/\n.lkx-module, .lkx-module *{box-sizing:border-box;margin:0;padding:0}\n.lkx-module{\n  font-family:'DM Sans',-apple-system,Segoe UI,Roboto,Georgia,sans-serif;\n  max-width:860px;margin:2.5rem auto;color:#1f2328;\n}\n\n\/* HEADER \u2014 lehk\u00fd editorsk\u00fd, \u017e\u00e1dn\u00fd bannerov\u00fd blok; nadpis + popisek pod n\u00edm *\/\n.lkx-head{margin-bottom:16px}\n.lkx-head-main{display:flex;align-items:center;gap:10px}\n.lkx-head-accent{width:26px;height:3px;border-radius:2px;background:#c39f76;flex-shrink:0}\n.lkx-head-title{font-family:'Playfair Display',Georgia,serif;font-size:21px;font-weight:700;color:#1a1a1a;line-height:1.25}\n.lkx-head-meta{display:block;font-size:11px;letter-spacing:.3px;color:#9aa0a6;margin-top:4px;margin-left:36px}\n\n\/* HERO *\/\n.lkx-hero{display:grid;grid-template-columns:300px 1fr;background:#fff;border:1px solid #ece7df;border-radius:14px;overflow:hidden;text-decoration:none!important;color:inherit;box-shadow:0 6px 20px rgba(0,0,0,.06);transition:box-shadow .2s,transform .2s;margin-bottom:14px}\n.lkx-hero:hover{box-shadow:0 12px 30px rgba(0,0,0,.12);transform:translateY(-2px)}\n.lkx-hero-img{position:relative;min-height:230px;background-size:cover;background-position:center;background-color:#eee}\n.lkx-hero-body{padding:22px 24px;display:flex;flex-direction:column}\n.lkx-pick{position:absolute;top:12px;left:12px;background:#1a1a1a;color:#fff;font-size:11px;font-weight:700;letter-spacing:.5px;padding:5px 11px;border-radius:20px}\n\n\/* TITLE *\/\n.lkx-title{font-size:19px;font-weight:700;color:#161616;line-height:1.3}\n.lkx-title-sm{font-size:14.5px;line-height:1.35;display:-webkit-box;-webkit-line-clamp:2;-webkit-box-orient:vertical;overflow:hidden}\n\n\/* SOCIAL PROOF \u2014 v\u00fdrazn\u011b, naho\u0159e *\/\n.lkx-proof{display:flex;align-items:center;gap:7px;margin-top:12px;font-size:15px;color:#3a3a3a}\n.lkx-proof b{font-size:16px;color:#161616}\n.lkx-stars{color:#f5a623;letter-spacing:1px}\n.lkx-proof-sm{font-size:12.5px;margin-top:8px;gap:5px}\n.lkx-proof-sm b{font-size:13px}\n.lkx-proof-new{color:#3685fc;font-weight:600}\n\n\/* PRICE \u2014 n\u00edzk\u00e1 kotva *\/\n.lkx-price{font-size:14px;color:#6b7280}\n.lkx-price b{font-size:20px;color:#161616;font-weight:700}\n.lkx-price-sm b{font-size:15px}\n\n\/* CTA \u2014 tepl\u00e9 ak\u010dn\u00ed tla\u010d\u00edtko *\/\n.lkx-cta{display:inline-flex;align-items:center;justify-content:center;text-decoration:none!important;font-weight:700;color:#fff!important;background:linear-gradient(135deg,#f6743f,#e8552a);border-radius:10px;box-shadow:0 6px 16px rgba(232,85,42,.32);transition:box-shadow .2s}\n.lkx-cta-hero{font-size:15px;padding:13px 22px}\n.lkx-hero:hover .lkx-cta-hero{box-shadow:0 8px 22px rgba(232,85,42,.45)}\n.lkx-cta-sm{font-size:12.5px;padding:9px 14px;width:100%;margin-top:2px}\n.lkx-hero-bottom{margin-top:auto;padding-top:18px;display:flex;align-items:center;justify-content:space-between;gap:14px;flex-wrap:wrap}\n\n\/* BADGE \u2014 jeden v\u00fdrazn\u00fd na fotce *\/\n.lkx-badge{position:absolute;top:12px;right:12px;font-size:10.5px;font-weight:700;letter-spacing:.3px;padding:5px 10px;border-radius:16px;color:#fff}\n.lkx-badge.badge-urgency{background:rgba(214,40,40,.92)}\n.lkx-badge.badge-new{background:rgba(54,133,252,.92)}\n.lkx-badge.badge-top{background:rgba(195,159,118,.95)}\n.lkx-badge.badge-info{background:rgba(40,40,40,.78)}\n\n\/* SECONDARY GRID *\/\n.lkx-grid{display:grid;grid-template-columns:1fr 1fr;gap:14px}\n.lkx-card{background:#fff;border:1px solid #ece7df;border-radius:14px;overflow:hidden;text-decoration:none!important;color:inherit;box-shadow:0 4px 14px rgba(0,0,0,.05);display:flex;flex-direction:column;transition:box-shadow .2s,transform .2s}\n.lkx-card:hover{box-shadow:0 10px 24px rgba(0,0,0,.1);transform:translateY(-2px)}\n.lkx-card-img{position:relative;aspect-ratio:16\/10;background-size:cover;background-position:center;background-color:#eee}\n.lkx-card-body{padding:14px 16px 16px;display:flex;flex-direction:column;gap:7px;flex:1}\n.lkx-card-bottom{margin-top:auto;padding-top:10px;display:flex;align-items:center;justify-content:space-between;gap:8px}\n\n\/* DISCLOSURE \u2014 drobn\u00e1, kv\u016fli d\u016fv\u011b\u0159e\/z\u00e1konu *\/\n.lkx-disclosure{font-size:11px;color:#a7adb3;text-align:center;margin-top:14px;line-height:1.6}\n.lkx-disclosure a{color:#c39f76;text-decoration:none}\n\n@media(max-width:680px){\n  .lkx-hero{grid-template-columns:1fr}\n  .lkx-hero-img{min-height:180px}\n  .lkx-grid{grid-template-columns:1fr}\n  .lkx-head-meta{margin-left:0;width:100%}\n  .lkx-head-title{font-size:19px}\n}\n\n<\/style>\n<div class=\"lkx-module\" data-query=\"strasbourg\">\n  <div class=\"lkx-head\">\n    <div class=\"lkx-head-main\">\n      <span class=\"lkx-head-accent\"><\/span>\n      <span class=\"lkx-head-title\">Experi\u00eancias e ingressos<\/span>\n    <\/div>\n    <span class=\"lkx-head-meta\">avaliado por viajantes \u00b7 GetYourGuide<\/span>\n  <\/div><a class=\"lkx-hero\" href=\"https:\/\/www.getyourguide.com\/pt-br\/estrasburgo-l293\/a-partir-de-estrasburgo-viagem-de-1-dia-pela-alsacia-t272217\/?partner_id=MKZ64IS&amp;utm_medium=online_publisher&amp;cmp=onde-ficar-estrasburgo-franca\" target=\"_blank\" rel=\"sponsored noopener nofollow\">\n    <div class=\"lkx-hero-img\" style=\"background-image:url('https:\/\/cdn.getyourguide.com\/img\/tour\/5d236ff3a9fe3.jpeg\/132.jpg')\" role=\"img\" aria-label=\"De Estrasburgo: Viagem de 1 dia pelo melhor da Als\u00e1cia\">\n      <span class=\"lkx-pick\">\u2605 Nossa escolha<\/span><\/div>\n    <div class=\"lkx-hero-body\">\n      <div class=\"lkx-title\">De Estrasburgo: Viagem de 1 dia pelo melhor da Als\u00e1cia<\/div>\n      <div class=\"lkx-proof\">\n      <span class=\"lkx-stars\">\u2605\u2605\u2605\u2605\u2605<\/span>\n      <b>4.8<\/b> \u00b7 792 avalia\u00e7\u00f5es\n    <\/div>\n      <div class=\"lkx-hero-bottom\"><div class=\"lkx-price\">a partir de <b>\u20ac\u00a0125<\/b><\/div><span class=\"lkx-cta lkx-cta-hero\">Quero viver isso \u2192<\/span>\n      <\/div>\n    <\/div>\n  <\/a><div class=\"lkx-grid\"><a class=\"lkx-card\" href=\"https:\/\/www.getyourguide.com\/pt-br\/estrasburgo-l293\/de-estrasburgo-viagem-de-1-dia-pela-rota-do-vinho-do-alto-reno-t266597\/?partner_id=MKZ64IS&amp;utm_medium=online_publisher&amp;cmp=onde-ficar-estrasburgo-franca\" target=\"_blank\" rel=\"sponsored noopener nofollow\">\n      <div class=\"lkx-card-img\" style=\"background-image:url('https:\/\/cdn.getyourguide.com\/img\/tour\/5d98c3c1cfc3c.jpeg\/132.jpg')\" role=\"img\" aria-label=\"De Estrasburgo: Viagem de 1 dia a aldeias medievais e provas de vinho\"><\/div>\n      <div class=\"lkx-card-body\">\n        <div class=\"lkx-title lkx-title-sm\">De Estrasburgo: Viagem de 1 dia a aldeias medievais e provas de vinho<\/div>\n        <div class=\"lkx-proof lkx-proof-sm\">\n      <span class=\"lkx-stars\">\u2605<\/span>\n      <b>4.9<\/b> \u00b7 380\n    <\/div>\n        <div class=\"lkx-card-bottom\"><span class=\"lkx-price lkx-price-sm\">a partir de <b>\u20ac\u00a0125<\/b><\/span><span class=\"lkx-cta lkx-cta-sm\">Ver datas \u2192<\/span>\n        <\/div>\n      <\/div>\n    <\/a><a class=\"lkx-card\" href=\"https:\/\/www.getyourguide.com\/pt-br\/estrasburgo-l293\/de-estrasburgo-viagem-de-um-dia-a-colmar-riquewihr-e-eguisheim-t718819\/?partner_id=MKZ64IS&amp;utm_medium=online_publisher&amp;cmp=onde-ficar-estrasburgo-franca\" target=\"_blank\" rel=\"sponsored noopener nofollow\">\n      <div class=\"lkx-card-img\" style=\"background-image:url('https:\/\/cdn.getyourguide.com\/img\/tour\/2acb84d90caffdd4c76d11b9ba0e2058125cfc0b8e65c6329259dff6a7cc98ae.jpg\/132.jpg')\" role=\"img\" aria-label=\"Estrasburgo: Passeio de um dia inteiro a Colmar, Riquewihr e Castelo de Haut-Koenigsbourg\"><\/div>\n      <div class=\"lkx-card-body\">\n        <div class=\"lkx-title lkx-title-sm\">Estrasburgo: Passeio de um dia inteiro a Colmar, Riquewihr e Castelo de Haut-Koenigsbourg<\/div>\n        <div class=\"lkx-proof lkx-proof-sm\">\n      <span class=\"lkx-stars\">\u2605<\/span>\n      <b>4.4<\/b> \u00b7 158\n    <\/div>\n        <div class=\"lkx-card-bottom\"><span class=\"lkx-price lkx-price-sm\">a partir de <b>\u20ac\u00a0120<\/b><\/span><span class=\"lkx-cta lkx-cta-sm\">Ver datas \u2192<\/span>\n        <\/div>\n      <\/div>\n    <\/a><\/div><div class=\"lkx-disclosure\">\ud83d\udd17 Links de afiliados \u2014 n\u00e3o mudam seu pre\u00e7o e nos ajudam a criar conte\u00fado. \u00b7 <a href=\"https:\/\/www.getyourguide.com\/pt-br\/s\/?q=strasbourg&amp;partner_id=MKZ64IS&amp;utm_medium=online_publisher\" target=\"_blank\" rel=\"sponsored noopener nofollow\">Todas as experi\u00eancias \u2192<\/a><\/div>\n<\/div>\n<!-- LKM_GYG_CARD end -->\n\n\n\n\n<div class=\"lk-stays-module\">\n<style>\n\/* \u2500\u2500\u2500 RESET PRO GUTENBERG \u2500\u2500\u2500 *\/\n.lk-stays-module * { box-sizing: border-box; margin: 0; padding: 0; }\n\n\/* \u2500\u2500\u2500 WRAPPER \u2500\u2500\u2500 *\/\n.lk-stays-module {\n  font-family: 'DM Sans', Georgia, sans-serif;\n  max-width: 100%;\n  margin: 2.5rem auto;\n  background: linear-gradient(135deg, #fdfaf5 0%, #fcf8f0 100%);\n  border: 1px solid #e8dfd4;\n  border-radius: 16px;\n  overflow: hidden;\n  box-shadow: 0 16px 48px rgba(195, 159, 118, 0.25), 0 4px 12px rgba(0,0,0,0.08);\n}\n\n\/* \u2500\u2500\u2500 HEADER \u2500\u2500\u2500 *\/\n.lk-stays-header {\n  position: relative;\n  padding: 24px 36px 24px;\n  background: linear-gradient(135deg, #c39f76 0%, #d4b188 60%, #c39f76 100%);\n  border-bottom: 1px solid rgba(255,255,255,.15);\n  display: flex;\n  align-items: center;\n  gap: 18px;\n}\n.lk-stays-header::before {\n  content: '';\n  position: absolute;\n  inset: 0;\n  background: url(\"data:image\/svg+xml,%3Csvg width='60' height='60' viewBox='0 0 60 60' xmlns='http:\/\/www.w3.org\/2000\/svg'%3E%3Cg fill='none' fill-rule='evenodd'%3E%3Cg fill='%23ffffff' fill-opacity='0.05'%3E%3Cpath d='M36 34v-4h-2v4h-4v2h4v4h2v-4h4v-2h-4zm0-30V0h-2v4h-4v2h4v4h2V6h4V4h-4zM6 34v-4H4v4H0v2h4v4h2v-4h4v-2H6zM6 4V0H4v4H0v2h4v4h2V6h4V4H6z'\/%3E%3C\/g%3E%3C\/g%3E%3C\/svg%3E\") repeat;\n  pointer-events: none;\n}\n.lk-stays-icon {\n  flex-shrink: 0;\n  width: 68px;\n  height: 68px;\n  border-radius: 14px;\n  background: linear-gradient(135deg, #fff 0%, #f9f6f0 100%);\n  display: flex;\n  align-items: center;\n  justify-content: center;\n  font-size: 26px;\n  box-shadow: 0 4px 12px rgba(0,0,0,0.15);\n}\n.lk-stays-eyebrow {\n  font-size: 10px;\n  font-weight: 500;\n  letter-spacing: 2.5px;\n  text-transform: uppercase;\n  color: rgba(255,255,255,.85);\n  margin: 0 0 5px 0;\n}\n.lk-stays-title {\n  font-family: 'Playfair Display', Georgia, serif;\n  font-size: 24px;\n  font-weight: 700;\n  color: #fff;\n  line-height: 1.2;\n  text-shadow: 0 1px 2px rgba(0,0,0,0.1);\n  margin: 0;\n}\n.lk-stays-subtitle {\n  font-size: 13px;\n  color: rgba(255,255,255,.75);\n  margin: 4px 0 0 0;\n  font-weight: 300;\n}\n\n\/* \u2500\u2500\u2500 CARDS GRID \u2500\u2500\u2500 *\/\n.lk-stays-grid {\n  display: grid;\n  grid-template-columns: 1fr 1fr;\n  gap: 1px;\n  background: rgba(195, 159, 118, 0.12);\n}\n\n\/* \u2500\u2500\u2500 SINGLE CARD \u2500\u2500\u2500 *\/\n.lk-stay-card {\n  background: #ffffff;\n  padding: 26px;\n  display: flex;\n  flex-direction: column;\n  gap: 11px;\n  transition: all 0.3s ease;\n  text-decoration: none;\n  color: inherit;\n  position: relative;\n}\n.lk-stay-card:hover {\n  background: #fffbf5;\n  transform: translateY(-2px);\n  box-shadow: 0 8px 24px rgba(195, 159, 118, 0.18);\n  z-index: 1;\n}\n.lk-stay-card.featured {\n  background: linear-gradient(135deg, #fffdf9 0%, #fff9f0 100%);\n  box-shadow: 0 4px 16px rgba(195, 159, 118, 0.15), inset 0 1px 0 rgba(195, 159, 118, 0.1);\n}\n.lk-stay-card.featured:hover {\n  background: linear-gradient(135deg, #fffbf5 0%, #fff8ed 100%);\n  box-shadow: 0 8px 24px rgba(195, 159, 118, 0.25), inset 0 1px 0 rgba(195, 159, 118, 0.15);\n}\n\n.lk-stay-badge {\n  display: inline-flex;\n  align-items: center;\n  gap: 5px;\n  font-size: 10px;\n  font-weight: 500;\n  letter-spacing: 1.5px;\n  text-transform: uppercase;\n  padding: 5px 11px;\n  border-radius: 20px;\n  width: fit-content;\n}\n.badge-top     { background: linear-gradient(135deg, #c39f76 0%, #d4b188 100%); color: #fff; border: 1px solid #c39f76; font-weight: 600; box-shadow: 0 2px 8px rgba(195,159,118,0.3); }\n.badge-luxury  { background: rgba(195,159,118,.12); color: #c39f76; border: 1px solid rgba(195,159,118,.25); }\n.badge-boutique{ background: rgba(54,133,252,.08); color: #3685fc; border: 1px solid rgba(54,133,252,.2); }\n.badge-nature  { background: rgba(130,190,100,.1); color: #6b9c4a; border: 1px solid rgba(130,190,100,.2); }\n.badge-remote  { background: rgba(195,159,118,.12); color: #a67e50; border: 1px solid rgba(195,159,118,.25); }\n\n.lk-stay-name {\n  font-family: 'Playfair Display', Georgia, serif;\n  font-size: 18px;\n  font-weight: 700;\n  color: #111827;\n  line-height: 1.3;\n}\n.lk-stay-desc {\n  font-size: 13.5px;\n  color: #525252;\n  line-height: 1.65;\n  font-weight: 300;\n  flex: 1;\n}\n\n.lk-stay-meta {\n  display: flex;\n  align-items: center;\n  gap: 12px;\n  flex-wrap: wrap;\n  margin-top: 4px;\n}\n.lk-stay-price {\n  font-size: 13px;\n  color: #6b7280;\n}\n.lk-stay-price strong {\n  color: #c39f76;\n  font-weight: 500;\n}\n.lk-stay-stars {\n  color: #c39f76;\n  font-size: 11px;\n  letter-spacing: 1px;\n}\n\n\/* \u2500\u2500\u2500 CTA BUTTON \u2500\u2500\u2500 *\/\n.lk-stay-cta {\n  display: inline-flex;\n  align-items: center;\n  justify-content: center;\n  gap: 7px;\n  margin-top: 8px;\n  padding: 11px 20px;\n  border-radius: 8px;\n  background: linear-gradient(135deg, #3685fc 0%, #2a6fd9 100%);\n  color: #fff;\n  font-size: 13px;\n  font-weight: 500;\n  text-decoration: none;\n  letter-spacing: .3px;\n  transition: all .2s ease;\n  cursor: pointer;\n  border: none;\n  text-align: center;\n  box-shadow: 0 4px 12px rgba(54, 133, 252, 0.25);\n}\n.lk-stay-cta:hover {\n  background: linear-gradient(135deg, #2a6fd9 0%, #1e5bc4 100%);\n  transform: translateY(-1px);\n  box-shadow: 0 6px 16px rgba(54, 133, 252, 0.35);\n}\n.lk-stay-cta svg { flex-shrink: 0; }\n\n\/* \u2500\u2500\u2500 FOOTER \u2500\u2500\u2500 *\/\n.lk-stays-footer {\n  padding: 18px 36px;\n  background: linear-gradient(to bottom, #fdfaf5 0%, #f9f4ed 100%);\n  border-top: 1px solid rgba(195, 159, 118, 0.15);\n  display: flex;\n  align-items: center;\n  justify-content: space-between;\n  flex-wrap: wrap;\n  gap: 12px;\n}\n.lk-stays-footer-note {\n  font-size: 11.5px;\n  color: #6b7280;\n  font-weight: 300;\n  line-height: 1.5;\n}\n.lk-stays-footer-note a {\n  color: #c39f76;\n  text-decoration: none;\n  font-weight: 400;\n}\n.lk-stays-footer-note a:hover {\n  text-decoration: underline;\n}\n.lk-stays-all-btn {\n  display: inline-flex;\n  align-items: center;\n  gap: 6px;\n  font-size: 12.5px;\n  font-weight: 500;\n  color: #c39f76;\n  text-decoration: none;\n  border: 1px solid rgba(195, 159, 118, 0.35);\n  padding: 8px 18px;\n  border-radius: 8px;\n  transition: all .2s ease;\n}\n.lk-stays-all-btn:hover {\n  background: rgba(195, 159, 118, 0.08);\n  border-color: rgba(195, 159, 118, 0.5);\n}\n\n\/* \u2500\u2500\u2500 RESPONSIVE \u2500\u2500\u2500 *\/\n@media (max-width: 600px) {\n  .lk-stays-grid { grid-template-columns: 1fr; }\n  .lk-stays-header { padding: 24px 20px; }\n  .lk-stays-footer { padding: 16px 20px; }\n  .lk-stay-card { padding: 22px; }\n  .lk-stays-title { font-size: 20px; }\n}\n<\/style>\n\n  <!-- HEADER -->\n  <div class=\"lk-stays-header\">\n    <img decoding=\"async\" src=\"https:\/\/loudavymkrokem.cz\/wp-content\/uploads\/2026\/02\/lukas-a-lucka.jpg\" alt=\"\" style=\"width: 75px; height: 75px; border-radius: 8px; flex-shrink: 0; object-fit: cover; display: block; margin: 4px 0;\" title=\"\">\n    <div class=\"lk-stays-header-text\">\n      <div class=\"lk-stays-eyebrow\">Luk\u00e1\u0161 e Lucie recomendam<\/div>\n      <div class=\"lk-stays-title\">Onde se hospedar em Estrasburgo<\/div>\n      <div class=\"lk-stays-subtitle\">6 acomoda\u00e7\u00f5es \u2014 hot\u00e9is com spa, hot\u00e9is e outras op\u00e7\u00f5es de hospedagem<\/div>\n    <\/div>\n  <\/div>\n\n  <!-- CARDS -->\n  <div class=\"lk-stays-grid\">\n\n    <a class=\"lk-stay-card featured\" href=\"https:\/\/www.stay22.com\/allez\/roam?aid=lukaskonecny&#038;campaign=loudavymkrokemcz&#038;campaign=pt-br&#038;campaign=kde-bydlet-ve-strasburku&#038;hotelname=Cour%20du%20Corbeau%20Hotel%20Strasbourg%20MGallery&#038;address=%C5%A0trasburk%2C%20Francie\" target=\"_blank\" rel=\"nofollow noopener\">\n      <span class=\"lk-stay-badge badge-top\">\u2b50 MELHOR ESCOLHA<\/span>\n      <span class=\"lk-stay-badge badge-nature\">\u2b50 Luxo<\/span>\n      <div class=\"lk-stay-name\">Cour du Corbeau Hotel Strasbourg MGallery<\/div>\n      <div class=\"lk-stay-desc\">Hotel de luxo em edif\u00edcio do s\u00e9culo XVI com avalia\u00e7\u00e3o incr\u00edvel de 4,8. Bela varanda de madeira e p\u00e1tio tranquilo. A poucos minutos da catedral.<\/div>\n      <div class=\"lk-stay-meta\">\n        <span class=\"lk-stay-stars\">\u2605\u2605\u2605\u2605<\/span>\n        <span class=\"lk-stay-price\">Verificar pre\u00e7os<\/span>\n      <\/div>\n      <span class=\"lk-stay-cta\">\n        <svg width=\"14\" height=\"14\" viewBox=\"0 0 24 24\" fill=\"none\" stroke=\"currentColor\" stroke-width=\"2\"><path d=\"M18 13v6a2 2 0 0 1-2 2H5a2 2 0 0 1-2-2V8a2 2 0 0 1 2-2h6\"\/><polyline points=\"15 3 21 3 21 9\"\/><line x1=\"10\" y1=\"14\" x2=\"21\" y2=\"3\"\/><\/svg>\n        Verificar disponibilidade\n      <\/span>\n    <\/a>\n\n    <a class=\"lk-stay-card\" href=\"https:\/\/www.stay22.com\/allez\/roam?aid=lukaskonecny&#038;campaign=loudavymkrokemcz&#038;campaign=pt-br&#038;campaign=kde-bydlet-ve-strasburku&#038;hotelname=Les%20Haras%20H%C3%B4tel%20by%20Stay%20Collection&#038;address=%C5%A0trasburk%2C%20Francie\" target=\"_blank\" rel=\"nofollow noopener\">\n      <span class=\"lk-stay-badge badge-nature\">\ud83c\udfe8 Hotel<\/span>\n      <div class=\"lk-stay-name\">Les Haras H\u00f4tel by Stay Collection<\/div>\n      <div class=\"lk-stay-desc\">Hotel de design em antigo haras real do s\u00e9culo XVIII. Hotel spa com piscina e restaurante renomado. Avalia\u00e7\u00e3o 4,6.<\/div>\n      <div class=\"lk-stay-meta\">\n        <span class=\"lk-stay-stars\">\u2605\u2605\u2605\u2605<\/span>\n        <span class=\"lk-stay-price\">Verificar pre\u00e7os<\/span>\n      <\/div>\n      <span class=\"lk-stay-cta\">\n        <svg width=\"14\" height=\"14\" viewBox=\"0 0 24 24\" fill=\"none\" stroke=\"currentColor\" stroke-width=\"2\"><path d=\"M18 13v6a2 2 0 0 1-2 2H5a2 2 0 0 1-2-2V8a2 2 0 0 1 2-2h6\"\/><polyline points=\"15 3 21 3 21 9\"\/><line x1=\"10\" y1=\"14\" x2=\"21\" y2=\"3\"\/><\/svg>\n        Verificar disponibilidade\n      <\/span>\n    <\/a>\n\n    <a class=\"lk-stay-card\" href=\"https:\/\/www.stay22.com\/allez\/roam?aid=lukaskonecny&#038;campaign=loudavymkrokemcz&#038;campaign=pt-br&#038;campaign=kde-bydlet-ve-strasburku&#038;hotelname=Maison%20Rouge%20Strasbourg%20Hotel%20%26%20Spa&#038;address=%C5%A0trasburk%2C%20Francie\" target=\"_blank\" rel=\"nofollow noopener\">\n      <span class=\"lk-stay-badge badge-nature\">\ud83c\udfe8 Hotel<\/span>\n      <div class=\"lk-stay-name\">Maison Rouge Strasbourg Hotel &#038; Spa<\/div>\n      <div class=\"lk-stay-desc\">Hotel cl\u00e1ssico a poucos passos da catedral. Sal\u00e3o de caf\u00e9 da manh\u00e3 com afrescos originais. Spa e wellness do hotel. Avalia\u00e7\u00e3o 4,5.<\/div>\n      <div class=\"lk-stay-meta\">\n        <span class=\"lk-stay-stars\">\u2605\u2605\u2605\u2605<\/span>\n        <span class=\"lk-stay-price\">Verificar pre\u00e7os<\/span>\n      <\/div>\n      <span class=\"lk-stay-cta\">\n        <svg width=\"14\" height=\"14\" viewBox=\"0 0 24 24\" fill=\"none\" stroke=\"currentColor\" stroke-width=\"2\"><path d=\"M18 13v6a2 2 0 0 1-2 2H5a2 2 0 0 1-2-2V8a2 2 0 0 1 2-2h6\"\/><polyline points=\"15 3 21 3 21 9\"\/><line x1=\"10\" y1=\"14\" x2=\"21\" y2=\"3\"\/><\/svg>\n        Verificar disponibilidade\n      <\/span>\n    <\/a>\n\n    <a class=\"lk-stay-card\" href=\"https:\/\/www.stay22.com\/allez\/roam?aid=lukaskonecny&#038;campaign=loudavymkrokemcz&#038;campaign=pt-br&#038;campaign=kde-bydlet-ve-strasburku&#038;hotelname=H%C3%B4tel%20Beaucour&#038;address=%C5%A0trasburk%2C%20Francie\" target=\"_blank\" rel=\"nofollow noopener\">\n      <span class=\"lk-stay-badge badge-nature\">\ud83c\udfe8 Hotel<\/span>\n      <div class=\"lk-stay-name\">H\u00f4tel Beaucour<\/div>\n      <div class=\"lk-stay-desc\">Casa tradicional em enxaimel com terra\u00e7o pitoresco. Alguns quartos com banheira de hidromassagem privativa. Excelente rela\u00e7\u00e3o entre pre\u00e7o e ambiente. Avalia\u00e7\u00e3o 4,6.<\/div>\n      <div class=\"lk-stay-meta\">\n        <span class=\"lk-stay-stars\">\u2605\u2605\u2605\u2605<\/span>\n        <span class=\"lk-stay-price\">Verificar pre\u00e7os<\/span>\n      <\/div>\n      <span class=\"lk-stay-cta\">\n        <svg width=\"14\" height=\"14\" viewBox=\"0 0 24 24\" fill=\"none\" stroke=\"currentColor\" stroke-width=\"2\"><path d=\"M18 13v6a2 2 0 0 1-2 2H5a2 2 0 0 1-2-2V8a2 2 0 0 1 2-2h6\"\/><polyline points=\"15 3 21 3 21 9\"\/><line x1=\"10\" y1=\"14\" x2=\"21\" y2=\"3\"\/><\/svg>\n        Verificar disponibilidade\n      <\/span>\n    <\/a>\n\n    <a class=\"lk-stay-card\" href=\"https:\/\/www.stay22.com\/allez\/roam?aid=lukaskonecny&#038;campaign=loudavymkrokemcz&#038;campaign=pt-br&#038;campaign=kde-bydlet-ve-strasburku&#038;hotelname=L%C3%89ONOR%20H%C3%B4tel%20by%20Stay%20Collection&#038;address=%C5%A0trasburk%2C%20Francie\" target=\"_blank\" rel=\"nofollow noopener\">\n      <span class=\"lk-stay-badge badge-nature\">\u2b50 Luxo<\/span>\n      <div class=\"lk-stay-name\">L\u00c9ONOR H\u00f4tel by Stay Collection<\/div>\n      <div class=\"lk-stay-desc\">Luxo moderno e design em edif\u00edcio hist\u00f3rico. Confeitaria e restaurante renomados pr\u00f3prios. Avalia\u00e7\u00e3o 4,7.<\/div>\n      <div class=\"lk-stay-meta\">\n        <span class=\"lk-stay-stars\">\u2605\u2605\u2605\u2605<\/span>\n        <span class=\"lk-stay-price\">Verificar pre\u00e7os<\/span>\n      <\/div>\n      <span class=\"lk-stay-cta\">\n        <svg width=\"14\" height=\"14\" viewBox=\"0 0 24 24\" fill=\"none\" stroke=\"currentColor\" stroke-width=\"2\"><path d=\"M18 13v6a2 2 0 0 1-2 2H5a2 2 0 0 1-2-2V8a2 2 0 0 1 2-2h6\"\/><polyline points=\"15 3 21 3 21 9\"\/><line x1=\"10\" y1=\"14\" x2=\"21\" y2=\"3\"\/><\/svg>\n        Verificar disponibilidade\n      <\/span>\n    <\/a>\n\n    <a class=\"lk-stay-card\" href=\"https:\/\/www.stay22.com\/allez\/roam?aid=lukaskonecny&#038;campaign=loudavymkrokemcz&#038;campaign=pt-br&#038;campaign=kde-bydlet-ve-strasburku&#038;hotelname=Hotel%20Tandem&#038;address=%C5%A0trasburk%2C%20Francie\" target=\"_blank\" rel=\"nofollow noopener\">\n      <span class=\"lk-stay-badge badge-nature\">\ud83c\udfe8 Hotel<\/span>\n      <div class=\"lk-stay-name\">Hotel Tandem<\/div>\n      <div class=\"lk-stay-desc\">Hotel boutique ecol\u00f3gico pr\u00f3ximo \u00e0 esta\u00e7\u00e3o ferrovi\u00e1ria. Bar de vinhos com vinhos biodin\u00e2micos e aluguel de bicicletas. Avalia\u00e7\u00e3o 4,7.<\/div>\n      <div class=\"lk-stay-meta\">\n        <span class=\"lk-stay-stars\">\u2605\u2605\u2605\u2605<\/span>\n        <span class=\"lk-stay-price\">Verificar pre\u00e7os<\/span>\n      <\/div>\n      <span class=\"lk-stay-cta\">\n        <svg width=\"14\" height=\"14\" viewBox=\"0 0 24 24\" fill=\"none\" stroke=\"currentColor\" stroke-width=\"2\"><path d=\"M18 13v6a2 2 0 0 1-2 2H5a2 2 0 0 1-2-2V8a2 2 0 0 1 2-2h6\"\/><polyline points=\"15 3 21 3 21 9\"\/><line x1=\"10\" y1=\"14\" x2=\"21\" y2=\"3\"\/><\/svg>\n        Verificar disponibilidade\n      <\/span>\n    <\/a>\n\n  <\/div>\n\n  \n<\/div>\n\n\n\n\n<h3 class=\"wp-block-heading\"><span class=\"ez-toc-section\" id=\"10_Hannong_Hotel_Wine_Bar\"><\/span>10. Hannong H\u00f4tel &#038; Wine Bar<span class=\"ez-toc-section-end\"><\/span><\/h3>\n\n\n\n<p class=\"wp-block-paragraph\">Este extremamente estiloso <strong><a href=\"https:\/\/www.stay22.com\/allez\/roam?aid=lukaskonecny&#038;campaign=loudavymkrokemcz&#038;campaign=kde-bydlet-ve-strasburku&#038;hotelname=Hannong%20H%C3%B4tel%20%26%20Wine%20Bar&#038;address=%C5%A0trasburk%2C%20Francie\" target=\"_blank\" rel=\"noopener nofollow sponsored\">Hannong H\u00f4tel &#038; Wine Bar<\/a><\/strong>, com nota 4,5, com certeza vai agradar todo amante de uma boa bebida, porque seu <strong>cora\u00e7\u00e3o \u00e9 um fant\u00e1stico wine bar com um lindo terra\u00e7o na cobertura<\/strong>. A hospedagem fica a poucos passos do queridinho bairro Petite France e oferece <strong>uma \u00f3tima e muito sens\u00edvel mistura de design moderno com elementos hist\u00f3ricos originais<\/strong>.<\/p>\n\n\n\n<p class=\"wp-block-paragraph\">O grande orgulho deste hotel \u00e9 o lindo sal\u00e3o vintage com uma enorme claraboia de vidro, onde todas as manh\u00e3s s\u00e3o servidos caf\u00e9s da manh\u00e3 bem fartos e onde <strong>voc\u00ea pode passar o dia com um bom livro e uma ta\u00e7a de excelente vinho alsaciano<\/strong>. Os quartos s\u00e3o lindamente arejados, perfeitamente limpos e t\u00eam camas muito confort\u00e1veis, com roupa de cama de qualidade.<\/p>\n\n\n\n<p class=\"wp-block-paragraph\">O hotel fica a uma dist\u00e2ncia perfeita, a p\u00e9, tanto da esta\u00e7\u00e3o de trem quanto do centro, ent\u00e3o voc\u00ea n\u00e3o vai precisar de transporte p\u00fablico nenhum. A equipe adora indicar aos h\u00f3spedes, com muito entusiasmo, quais vin\u00edcolas da regi\u00e3o n\u00e3o devem ser deixadas de fora de jeito nenhum.<\/p>\n\n\n\n<p class=\"wp-block-paragraph\">\ud83d\udca1 <strong>Dica:<\/strong> reserve um quarto aqui se voc\u00ea quer <strong>aproveitar a fundo as degusta\u00e7\u00f5es de vinhos locais de ponta no conforto do hotel<\/strong> e ama um ambiente de design elegante e original.<\/p>\n\n\n\n<figure data-wp-context=\"{&quot;imageId&quot;:&quot;6a9c2aadec72e&quot;}\" data-wp-interactive=\"core\/image\" data-wp-key=\"6a9c2aadec72e\" class=\"wp-block-image size-full wp-lightbox-container\"><img decoding=\"async\" width=\"1600\" height=\"1067\" data-wp-class--hide=\"state.isContentHidden\" data-wp-class--show=\"state.isContentVisible\" data-wp-init=\"callbacks.setButtonStyles\" data-wp-on--click=\"actions.showLightbox\" data-wp-on--load=\"callbacks.setButtonStyles\" data-wp-on--pointerdown=\"actions.preloadImage\" data-wp-on--pointerenter=\"actions.preloadImageWithDelay\" data-wp-on--pointerleave=\"actions.cancelPreload\" data-wp-on-window--resize=\"callbacks.setButtonStyles\" src=\"https:\/\/loudavymkrokem.cz\/wp-content\/uploads\/2026\/09\/h-tel-gutenberg.jpg\" alt=\"Hotel H\u00f4tel Gutenberg\" class=\"wp-image-413085\" title=\"\" srcset=\"https:\/\/loudavymkrokem.cz\/wp-content\/uploads\/2026\/09\/h-tel-gutenberg.jpg 1600w, https:\/\/loudavymkrokem.cz\/wp-content\/uploads\/2026\/09\/h-tel-gutenberg-300x200.jpg 300w, https:\/\/loudavymkrokem.cz\/wp-content\/uploads\/2026\/09\/h-tel-gutenberg-700x467.jpg 700w, https:\/\/loudavymkrokem.cz\/wp-content\/uploads\/2026\/09\/h-tel-gutenberg-768x512.jpg 768w, https:\/\/loudavymkrokem.cz\/wp-content\/uploads\/2026\/09\/h-tel-gutenberg-1536x1024.jpg 1536w, https:\/\/loudavymkrokem.cz\/wp-content\/uploads\/2026\/09\/h-tel-gutenberg-696x464.jpg 696w, https:\/\/loudavymkrokem.cz\/wp-content\/uploads\/2026\/09\/h-tel-gutenberg-1392x928.jpg 1392w\" sizes=\"(max-width: 1600px) 100vw, 1600px\" \/><button\n\t\t\tclass=\"lightbox-trigger\"\n\t\t\ttype=\"button\"\n\t\t\taria-haspopup=\"dialog\"\n\t\t\tdata-wp-bind--aria-label=\"state.thisImage.triggerButtonAriaLabel\"\n\t\t\tdata-wp-init=\"callbacks.initTriggerButton\"\n\t\t\tdata-wp-on--click=\"actions.showLightbox\"\n\t\t\tdata-wp-style--right=\"state.thisImage.buttonRight\"\n\t\t\tdata-wp-style--top=\"state.thisImage.buttonTop\"\n\t\t>\n\t\t\t<svg xmlns=\"http:\/\/www.w3.org\/2000\/svg\" width=\"12\" height=\"12\" fill=\"none\" viewBox=\"0 0 12 12\">\n\t\t\t\t<path fill=\"#fff\" d=\"M2 0a2 2 0 0 0-2 2v2h1.5V2a.5.5 0 0 1 .5-.5h2V0H2Zm2 10.5H2a.5.5 0 0 1-.5-.5V8H0v2a2 2 0 0 0 2 2h2v-1.5ZM8 12v-1.5h2a.5.5 0 0 0 .5-.5V8H12v2a2 2 0 0 1-2 2H8Zm2-12a2 2 0 0 1 2 2v2h-1.5V2a.5.5 0 0 0-.5-.5H8V0h2Z\" \/>\n\t\t\t<\/svg>\n\t\t<\/button><figcaption class=\"wp-element-caption\">Foto: H\u00f4tel Gutenberg \/ Google Maps<\/figcaption><\/figure>\n\n\n\n<h3 class=\"wp-block-heading\"><span class=\"ez-toc-section\" id=\"11_Hotel_Gutenberg\"><\/span>11. H\u00f4tel Gutenberg<span class=\"ez-toc-section-end\"><\/span><\/h3>\n\n\n\n<p class=\"wp-block-paragraph\">Este muito agrad\u00e1vel e menorzinho <strong><a href=\"https:\/\/www.stay22.com\/allez\/roam?aid=lukaskonecny&#038;campaign=loudavymkrokemcz&#038;campaign=kde-bydlet-ve-strasburku&#038;hotelname=H%C3%B4tel%20Gutenberg&#038;address=%C5%A0trasburk%2C%20Francie\" target=\"_blank\" rel=\"noopener nofollow sponsored\">H\u00f4tel Gutenberg<\/a><\/strong> mant\u00e9m uma nota s\u00f3lida de 4,5 e fica em um ponto estrat\u00e9gico, <strong>a apenas um pequeno trecho da catedral principal e da Place Gutenberg<\/strong>. Oferece quartos mais intimistas, mas decorados de forma pr\u00e1tica e de bom gosto, que <strong>proporcionam todo o conforto moderno necess\u00e1rio para explorar a cidade o dia inteiro<\/strong>.<\/p>\n\n\n\n<p class=\"wp-block-paragraph\">\u00c9 simplesmente uma excelente escolha para aqueles de voc\u00eas que querem ficar bem no centro de todo o agito, mas ao mesmo tempo <strong>buscam um pre\u00e7o muito bom e acess\u00edvel para uma localiza\u00e7\u00e3o na car\u00edssima ilha Grande \u00cele<\/strong>. De alguns quartos voc\u00ea tem ainda uma linda vista direto para a torre da catedral, o que d\u00e1 \u00e0 hospedagem uma atmosfera incr\u00edvel e a sensa\u00e7\u00e3o de estar realmente no cora\u00e7\u00e3o da Als\u00e1cia.<\/p>\n\n\n\n<p class=\"wp-block-paragraph\">A equipe local \u00e9 conhecida pela m\u00e1xima boa vontade e adora ajudar com reservas nos melhores restaurantes dos arredores. Todas as manh\u00e3s \u00e9 servido um \u00f3timo caf\u00e9 da manh\u00e3 continental, com sucos frescos e p\u00e3es franceses perfeitos das padarias locais.<\/p>\n\n\n\n<p class=\"wp-block-paragraph\">\ud83d\udca1 <strong>Dica:<\/strong> o meio-termo ideal para viajantes que insistem irredutivelmente em <strong>ficar na ilha hist\u00f3rica Grande \u00cele<\/strong>, mas n\u00e3o precisam necessariamente de um luxo cinco estrelas.<\/p>\n\n\n\n<figure data-wp-context=\"{&quot;imageId&quot;:&quot;6a9c2aadecda6&quot;}\" data-wp-interactive=\"core\/image\" data-wp-key=\"6a9c2aadecda6\" class=\"wp-block-image size-full wp-lightbox-container\"><img decoding=\"async\" width=\"1600\" height=\"1063\" data-wp-class--hide=\"state.isContentHidden\" data-wp-class--show=\"state.isContentVisible\" data-wp-init=\"callbacks.setButtonStyles\" data-wp-on--click=\"actions.showLightbox\" data-wp-on--load=\"callbacks.setButtonStyles\" data-wp-on--pointerdown=\"actions.preloadImage\" data-wp-on--pointerenter=\"actions.preloadImageWithDelay\" data-wp-on--pointerleave=\"actions.cancelPreload\" data-wp-on-window--resize=\"callbacks.setButtonStyles\" src=\"https:\/\/loudavymkrokem.cz\/wp-content\/uploads\/2026\/09\/h-tel-rohan-strasbourg.png\" alt=\"Hotel H\u00f4tel Rohan Strasbourg\" class=\"wp-image-413091\" title=\"\" srcset=\"https:\/\/loudavymkrokem.cz\/wp-content\/uploads\/2026\/09\/h-tel-rohan-strasbourg.png 1600w, https:\/\/loudavymkrokem.cz\/wp-content\/uploads\/2026\/09\/h-tel-rohan-strasbourg-300x199.png 300w, https:\/\/loudavymkrokem.cz\/wp-content\/uploads\/2026\/09\/h-tel-rohan-strasbourg-700x465.png 700w, https:\/\/loudavymkrokem.cz\/wp-content\/uploads\/2026\/09\/h-tel-rohan-strasbourg-768x510.png 768w, https:\/\/loudavymkrokem.cz\/wp-content\/uploads\/2026\/09\/h-tel-rohan-strasbourg-1536x1020.png 1536w, https:\/\/loudavymkrokem.cz\/wp-content\/uploads\/2026\/09\/h-tel-rohan-strasbourg-696x462.png 696w, https:\/\/loudavymkrokem.cz\/wp-content\/uploads\/2026\/09\/h-tel-rohan-strasbourg-1392x925.png 1392w\" sizes=\"(max-width: 1600px) 100vw, 1600px\" \/><button\n\t\t\tclass=\"lightbox-trigger\"\n\t\t\ttype=\"button\"\n\t\t\taria-haspopup=\"dialog\"\n\t\t\tdata-wp-bind--aria-label=\"state.thisImage.triggerButtonAriaLabel\"\n\t\t\tdata-wp-init=\"callbacks.initTriggerButton\"\n\t\t\tdata-wp-on--click=\"actions.showLightbox\"\n\t\t\tdata-wp-style--right=\"state.thisImage.buttonRight\"\n\t\t\tdata-wp-style--top=\"state.thisImage.buttonTop\"\n\t\t>\n\t\t\t<svg xmlns=\"http:\/\/www.w3.org\/2000\/svg\" width=\"12\" height=\"12\" fill=\"none\" viewBox=\"0 0 12 12\">\n\t\t\t\t<path fill=\"#fff\" d=\"M2 0a2 2 0 0 0-2 2v2h1.5V2a.5.5 0 0 1 .5-.5h2V0H2Zm2 10.5H2a.5.5 0 0 1-.5-.5V8H0v2a2 2 0 0 0 2 2h2v-1.5ZM8 12v-1.5h2a.5.5 0 0 0 .5-.5V8H12v2a2 2 0 0 1-2 2H8Zm2-12a2 2 0 0 1 2 2v2h-1.5V2a.5.5 0 0 0-.5-.5H8V0h2Z\" \/>\n\t\t\t<\/svg>\n\t\t<\/button><figcaption class=\"wp-element-caption\">Foto: H\u00f4tel Rohan Strasbourg \/ Google Maps<\/figcaption><\/figure>\n\n\n\n<h3 class=\"wp-block-heading\"><span class=\"ez-toc-section\" id=\"12_Hotel_Rohan_Strasbourg\"><\/span>12. H\u00f4tel Rohan Strasbourg<span class=\"ez-toc-section-end\"><\/span><\/h3>\n\n\n\n<p class=\"wp-block-paragraph\">Outra \u00f3tima escolha bem ao lado da imponente catedral. Este querido <strong><a href=\"https:\/\/www.stay22.com\/allez\/roam?aid=lukaskonecny&#038;campaign=loudavymkrokemcz&#038;campaign=kde-bydlet-ve-strasburku&#038;hotelname=H%C3%B4tel%20Rohan%20Strasbourg&#038;address=%C5%A0trasburk%2C%20Francie\" target=\"_blank\" rel=\"noopener nofollow sponsored\">H\u00f4tel Rohan Strasbourg<\/a><\/strong>, com nota 4,3, se destaca por uma <strong>atmosfera muito acolhedora e familiar e por um charme franc\u00eas cl\u00e1ssico e inconfund\u00edvel<\/strong>. Os quartos s\u00e3o bem aconchegantes, muitas vezes com vistas rom\u00e2nticas para as pitorescas ruas de pedestres do centro hist\u00f3rico, e surpreendentemente <strong>oferecem paz total mesmo nos meses mais agitados de ver\u00e3o e inverno<\/strong>.<\/p>\n\n\n\n<p class=\"wp-block-paragraph\">Uma vantagem enorme e inestim\u00e1vel desta hospedagem \u00e9 o <strong>restaurante alsaciano de qualidade pr\u00f3prio<\/strong>, onde voc\u00ea pode provar tranquilamente as especialidades locais sem ter que procurar mesa livre em outro lugar da cidade, o que vem a calhar especialmente nos fins de semana. A localiza\u00e7\u00e3o \u00e9 t\u00e3o central que voc\u00ea pode voltar a qualquer momento do dia, deixar as compras e descansar um pouco.<\/p>\n\n\n\n<p class=\"wp-block-paragraph\">Os interiores combinam elementos tradicionais de \u00e9poca com materiais modernos, e o caf\u00e9 da manh\u00e3 em buf\u00ea oferece muitas del\u00edcias locais de fornecedores da regi\u00e3o. A equipe cuida dos h\u00f3spedes com um carinho sincero e nada for\u00e7ado.<\/p>\n\n\n\n<p class=\"wp-block-paragraph\">\ud83d\udca1 <strong>Dica:<\/strong> escolha tranquilamente este hotel se a sua maior prioridade \u00e9 <strong>ficar a apenas algumas dezenas de metros da majestosa catedral de Notre-Dame<\/strong> e ter sempre \u00e0 m\u00e3o uma gastronomia local de qualidade.<\/p>\n\n\n\n<figure data-wp-context=\"{&quot;imageId&quot;:&quot;6a9c2aaded283&quot;}\" data-wp-interactive=\"core\/image\" data-wp-key=\"6a9c2aaded283\" class=\"wp-block-image size-full wp-lightbox-container\"><img decoding=\"async\" width=\"1600\" height=\"1067\" data-wp-class--hide=\"state.isContentHidden\" data-wp-class--show=\"state.isContentVisible\" data-wp-init=\"callbacks.setButtonStyles\" data-wp-on--click=\"actions.showLightbox\" data-wp-on--load=\"callbacks.setButtonStyles\" data-wp-on--pointerdown=\"actions.preloadImage\" data-wp-on--pointerenter=\"actions.preloadImageWithDelay\" data-wp-on--pointerleave=\"actions.cancelPreload\" data-wp-on-window--resize=\"callbacks.setButtonStyles\" src=\"https:\/\/loudavymkrokem.cz\/wp-content\/uploads\/2026\/09\/hotel-de-l-europe-by-happyculture.jpg\" alt=\"Hotel Hotel de l&#039;Europe by HappyCulture\" class=\"wp-image-413096\" title=\"\" srcset=\"https:\/\/loudavymkrokem.cz\/wp-content\/uploads\/2026\/09\/hotel-de-l-europe-by-happyculture.jpg 1600w, https:\/\/loudavymkrokem.cz\/wp-content\/uploads\/2026\/09\/hotel-de-l-europe-by-happyculture-300x200.jpg 300w, https:\/\/loudavymkrokem.cz\/wp-content\/uploads\/2026\/09\/hotel-de-l-europe-by-happyculture-700x467.jpg 700w, https:\/\/loudavymkrokem.cz\/wp-content\/uploads\/2026\/09\/hotel-de-l-europe-by-happyculture-768x512.jpg 768w, https:\/\/loudavymkrokem.cz\/wp-content\/uploads\/2026\/09\/hotel-de-l-europe-by-happyculture-1536x1024.jpg 1536w, https:\/\/loudavymkrokem.cz\/wp-content\/uploads\/2026\/09\/hotel-de-l-europe-by-happyculture-696x464.jpg 696w, https:\/\/loudavymkrokem.cz\/wp-content\/uploads\/2026\/09\/hotel-de-l-europe-by-happyculture-1392x928.jpg 1392w\" sizes=\"(max-width: 1600px) 100vw, 1600px\" \/><button\n\t\t\tclass=\"lightbox-trigger\"\n\t\t\ttype=\"button\"\n\t\t\taria-haspopup=\"dialog\"\n\t\t\tdata-wp-bind--aria-label=\"state.thisImage.triggerButtonAriaLabel\"\n\t\t\tdata-wp-init=\"callbacks.initTriggerButton\"\n\t\t\tdata-wp-on--click=\"actions.showLightbox\"\n\t\t\tdata-wp-style--right=\"state.thisImage.buttonRight\"\n\t\t\tdata-wp-style--top=\"state.thisImage.buttonTop\"\n\t\t>\n\t\t\t<svg xmlns=\"http:\/\/www.w3.org\/2000\/svg\" width=\"12\" height=\"12\" fill=\"none\" viewBox=\"0 0 12 12\">\n\t\t\t\t<path fill=\"#fff\" d=\"M2 0a2 2 0 0 0-2 2v2h1.5V2a.5.5 0 0 1 .5-.5h2V0H2Zm2 10.5H2a.5.5 0 0 1-.5-.5V8H0v2a2 2 0 0 0 2 2h2v-1.5ZM8 12v-1.5h2a.5.5 0 0 0 .5-.5V8H12v2a2 2 0 0 1-2 2H8Zm2-12a2 2 0 0 1 2 2v2h-1.5V2a.5.5 0 0 0-.5-.5H8V0h2Z\" \/>\n\t\t\t<\/svg>\n\t\t<\/button><figcaption class=\"wp-element-caption\">Foto: Hotel de l&#8217;Europe by HappyCulture \/ Google Maps<\/figcaption><\/figure>\n\n\n\n<h3 class=\"wp-block-heading\"><span class=\"ez-toc-section\" id=\"13_Hotel_de_lEurope_by_HappyCulture\"><\/span>13. Hotel de l&#8217;Europe by HappyCulture<span class=\"ez-toc-section-end\"><\/span><\/h3>\n\n\n\n<p class=\"wp-block-paragraph\">Com uma nota muito boa e est\u00e1vel de 4,3, o complexo hoteleiro <strong><a href=\"https:\/\/www.stay22.com\/allez\/roam?aid=lukaskonecny&#038;campaign=loudavymkrokemcz&#038;campaign=kde-bydlet-ve-strasburku&#038;hotelname=Hotel%20de%20l%27Europe%20by%20HappyCulture&#038;address=%C5%A0trasburk%2C%20Francie\" target=\"_blank\" rel=\"noopener nofollow sponsored\">Hotel de l&#8217;Europe by HappyCulture<\/a><\/strong> oferece quartos elegantes e espa\u00e7osos, complementados por lindos elementos r\u00fasticos, como as antigas vigas de madeira aparente no teto. Fica em uma rua lateral mais tranquila logo ao lado do querido bairro Petite France, ent\u00e3o <strong>est\u00e1 na parte mais pitoresca da cidade, mas espertamente um pouco afastado da maior confus\u00e3o tur\u00edstica<\/strong>.<\/p>\n\n\n\n<p class=\"wp-block-paragraph\">Faz parte do hotel um bar muito querido e agrad\u00e1vel, onde os h\u00f3spedes gostam de se encontrar \u00e0 noite para uma ta\u00e7a de vinho, e <strong>a atmosfera geral passa uma sensa\u00e7\u00e3o muito descontra\u00edda, jovial e amig\u00e1vel<\/strong>. Os caf\u00e9s da manh\u00e3 aqui costumam ser bem fartos, e voc\u00ea vai se deliciar com p\u00e3es fresquinhos excelentes de padeiros locais selecionados e queijos de qualidade.<\/p>\n\n\n\n<p class=\"wp-block-paragraph\">O conceito da rede HappyCulture ainda garante que, ao longo do dia inteiro, voc\u00ea tenha no lobby caf\u00e9, ch\u00e1 e um docinho de cortesia de gra\u00e7a, o que \u00e9 um detalhe muito simp\u00e1tico depois de uma caminhada pela cidade.<\/p>\n\n\n\n<p class=\"wp-block-paragraph\">\ud83d\udca1 <strong>Dica:<\/strong> uma escolha de categoria m\u00e9dia muito s\u00f3lida e confi\u00e1vel, se voc\u00ea quer <strong>vivenciar na pele a atmosfera das casas enxaimel<\/strong>, mas ao mesmo tempo precisa de uma estrutura moderna e confi\u00e1vel para a sua estadia.<\/p>\n\n\n\n<figure data-wp-context=\"{&quot;imageId&quot;:&quot;6a9c2aaded77a&quot;}\" data-wp-interactive=\"core\/image\" data-wp-key=\"6a9c2aaded77a\" class=\"wp-block-image size-full wp-lightbox-container\"><img decoding=\"async\" width=\"1600\" height=\"900\" data-wp-class--hide=\"state.isContentHidden\" data-wp-class--show=\"state.isContentVisible\" data-wp-init=\"callbacks.setButtonStyles\" data-wp-on--click=\"actions.showLightbox\" data-wp-on--load=\"callbacks.setButtonStyles\" data-wp-on--pointerdown=\"actions.preloadImage\" data-wp-on--pointerenter=\"actions.preloadImageWithDelay\" data-wp-on--pointerleave=\"actions.cancelPreload\" data-wp-on-window--resize=\"callbacks.setButtonStyles\" src=\"https:\/\/loudavymkrokem.cz\/wp-content\/uploads\/2026\/09\/logis-h-tel-au-cerf-d-or.jpg\" alt=\"Hotel Logis H\u00f4tel Au Cerf d&#039;Or\" class=\"wp-image-413101\" title=\"\" srcset=\"https:\/\/loudavymkrokem.cz\/wp-content\/uploads\/2026\/09\/logis-h-tel-au-cerf-d-or.jpg 1600w, https:\/\/loudavymkrokem.cz\/wp-content\/uploads\/2026\/09\/logis-h-tel-au-cerf-d-or-300x169.jpg 300w, https:\/\/loudavymkrokem.cz\/wp-content\/uploads\/2026\/09\/logis-h-tel-au-cerf-d-or-700x394.jpg 700w, https:\/\/loudavymkrokem.cz\/wp-content\/uploads\/2026\/09\/logis-h-tel-au-cerf-d-or-768x432.jpg 768w, https:\/\/loudavymkrokem.cz\/wp-content\/uploads\/2026\/09\/logis-h-tel-au-cerf-d-or-1536x864.jpg 1536w, https:\/\/loudavymkrokem.cz\/wp-content\/uploads\/2026\/09\/logis-h-tel-au-cerf-d-or-696x392.jpg 696w, https:\/\/loudavymkrokem.cz\/wp-content\/uploads\/2026\/09\/logis-h-tel-au-cerf-d-or-1392x783.jpg 1392w\" sizes=\"(max-width: 1600px) 100vw, 1600px\" \/><button\n\t\t\tclass=\"lightbox-trigger\"\n\t\t\ttype=\"button\"\n\t\t\taria-haspopup=\"dialog\"\n\t\t\tdata-wp-bind--aria-label=\"state.thisImage.triggerButtonAriaLabel\"\n\t\t\tdata-wp-init=\"callbacks.initTriggerButton\"\n\t\t\tdata-wp-on--click=\"actions.showLightbox\"\n\t\t\tdata-wp-style--right=\"state.thisImage.buttonRight\"\n\t\t\tdata-wp-style--top=\"state.thisImage.buttonTop\"\n\t\t>\n\t\t\t<svg xmlns=\"http:\/\/www.w3.org\/2000\/svg\" width=\"12\" height=\"12\" fill=\"none\" viewBox=\"0 0 12 12\">\n\t\t\t\t<path fill=\"#fff\" d=\"M2 0a2 2 0 0 0-2 2v2h1.5V2a.5.5 0 0 1 .5-.5h2V0H2Zm2 10.5H2a.5.5 0 0 1-.5-.5V8H0v2a2 2 0 0 0 2 2h2v-1.5ZM8 12v-1.5h2a.5.5 0 0 0 .5-.5V8H12v2a2 2 0 0 1-2 2H8Zm2-12a2 2 0 0 1 2 2v2h-1.5V2a.5.5 0 0 0-.5-.5H8V0h2Z\" \/>\n\t\t\t<\/svg>\n\t\t<\/button><figcaption class=\"wp-element-caption\">Foto: Logis H\u00f4tel Au Cerf d&#8217;Or \/ Google Maps<\/figcaption><\/figure>\n\n\n\n<h3 class=\"wp-block-heading\"><span class=\"ez-toc-section\" id=\"14_Logis_Hotel_Au_Cerf_dOr\"><\/span>14. Logis H\u00f4tel Au Cerf d&#8217;Or<span class=\"ez-toc-section-end\"><\/span><\/h3>\n\n\n\n<p class=\"wp-block-paragraph\">Esta joia hist\u00f3rica encantadora, o <strong><a href=\"https:\/\/www.stay22.com\/allez\/roam?aid=lukaskonecny&#038;campaign=loudavymkrokemcz&#038;campaign=kde-bydlet-ve-strasburku&#038;hotelname=Logis%20H%C3%B4tel%20Au%20Cerf%20d%27Or&#038;address=%C5%A0trasburk%2C%20Francie\" target=\"_blank\" rel=\"noopener nofollow sponsored\">Logis H\u00f4tel Au Cerf d&#8217;Or<\/a><\/strong>, com nota 4,3, fica <strong>em uma casa tradicional do s\u00e9culo XV lindamente reformada<\/strong> e te transporta no tempo assim que voc\u00ea entra. O revestimento antigo de madeira, o estilo tradicional e acolhedor da Als\u00e1cia e a equipe incrivelmente simp\u00e1tica e familiar <strong>fazem desta hospedagem um lugar com alma de verdade<\/strong>, do qual voc\u00ea vai se lembrar por muito tempo.<\/p>\n\n\n\n<p class=\"wp-block-paragraph\">Al\u00e9m do famoso e excelente restaurante tradicional, este hotel te surpreende tamb\u00e9m com um <strong>lindo spa moderno com piscina coberta aquecida<\/strong>, o que \u00e9 uma enorme raridade no pr\u00f3prio n\u00facleo hist\u00f3rico da cidade. Assim voc\u00ea pode unir plenamente a explora\u00e7\u00e3o das atra\u00e7\u00f5es durante o dia com um descanso completo \u00e0 noite na sauna e na hidromassagem.<\/p>\n\n\n\n<p class=\"wp-block-paragraph\">Os quartos aqui s\u00e3o menorzinhos, mas incrivelmente aconchegantes e cheios de detalhes hist\u00f3ricos que te trazem aquele romantismo franc\u00eas certeiro. O caf\u00e9 da manh\u00e3 \u00e9 servido em um fant\u00e1stico sal\u00e3o de madeira e oferece o melhor dos produtos locais.<\/p>\n\n\n\n<p class=\"wp-block-paragraph\">\ud83d\udca1 <strong>Dica:<\/strong> recomendo este hotel de cora\u00e7\u00e3o a todos que <strong>amam pr\u00e9dios hist\u00f3ricos aut\u00eanticos com uma hist\u00f3ria marcante<\/strong> e ao mesmo tempo v\u00e3o apreciar imensamente a possibilidade de nadar na piscina depois de um dia puxado nas ruas.<\/p>\n\n\n\n<figure data-wp-context=\"{&quot;imageId&quot;:&quot;6a9c2aadedc42&quot;}\" data-wp-interactive=\"core\/image\" data-wp-key=\"6a9c2aadedc42\" class=\"wp-block-image size-full wp-lightbox-container\"><img decoding=\"async\" width=\"1024\" height=\"683\" data-wp-class--hide=\"state.isContentHidden\" data-wp-class--show=\"state.isContentVisible\" data-wp-init=\"callbacks.setButtonStyles\" data-wp-on--click=\"actions.showLightbox\" data-wp-on--load=\"callbacks.setButtonStyles\" data-wp-on--pointerdown=\"actions.preloadImage\" data-wp-on--pointerenter=\"actions.preloadImageWithDelay\" data-wp-on--pointerleave=\"actions.cancelPreload\" data-wp-on-window--resize=\"callbacks.setButtonStyles\" src=\"https:\/\/loudavymkrokem.cz\/wp-content\/uploads\/2026\/09\/best-western-plus-h-tel-monopole-m-tropole.jpg\" alt=\"Hotel Best Western Plus H\u00f4tel Monopole M\u00e9tropole\" class=\"wp-image-413105\" title=\"\" srcset=\"https:\/\/loudavymkrokem.cz\/wp-content\/uploads\/2026\/09\/best-western-plus-h-tel-monopole-m-tropole.jpg 1024w, https:\/\/loudavymkrokem.cz\/wp-content\/uploads\/2026\/09\/best-western-plus-h-tel-monopole-m-tropole-300x200.jpg 300w, https:\/\/loudavymkrokem.cz\/wp-content\/uploads\/2026\/09\/best-western-plus-h-tel-monopole-m-tropole-700x467.jpg 700w, https:\/\/loudavymkrokem.cz\/wp-content\/uploads\/2026\/09\/best-western-plus-h-tel-monopole-m-tropole-768x512.jpg 768w, https:\/\/loudavymkrokem.cz\/wp-content\/uploads\/2026\/09\/best-western-plus-h-tel-monopole-m-tropole-696x464.jpg 696w\" sizes=\"(max-width: 1024px) 100vw, 1024px\" \/><button\n\t\t\tclass=\"lightbox-trigger\"\n\t\t\ttype=\"button\"\n\t\t\taria-haspopup=\"dialog\"\n\t\t\tdata-wp-bind--aria-label=\"state.thisImage.triggerButtonAriaLabel\"\n\t\t\tdata-wp-init=\"callbacks.initTriggerButton\"\n\t\t\tdata-wp-on--click=\"actions.showLightbox\"\n\t\t\tdata-wp-style--right=\"state.thisImage.buttonRight\"\n\t\t\tdata-wp-style--top=\"state.thisImage.buttonTop\"\n\t\t>\n\t\t\t<svg xmlns=\"http:\/\/www.w3.org\/2000\/svg\" width=\"12\" height=\"12\" fill=\"none\" viewBox=\"0 0 12 12\">\n\t\t\t\t<path fill=\"#fff\" d=\"M2 0a2 2 0 0 0-2 2v2h1.5V2a.5.5 0 0 1 .5-.5h2V0H2Zm2 10.5H2a.5.5 0 0 1-.5-.5V8H0v2a2 2 0 0 0 2 2h2v-1.5ZM8 12v-1.5h2a.5.5 0 0 0 .5-.5V8H12v2a2 2 0 0 1-2 2H8Zm2-12a2 2 0 0 1 2 2v2h-1.5V2a.5.5 0 0 0-.5-.5H8V0h2Z\" \/>\n\t\t\t<\/svg>\n\t\t<\/button><figcaption class=\"wp-element-caption\">Foto: Best Western Plus H\u00f4tel Monopole M\u00e9tropole \/ Google Maps<\/figcaption><\/figure>\n\n\n\n<h3 class=\"wp-block-heading\"><span class=\"ez-toc-section\" id=\"15_Best_Western_Plus_Hotel_Monopole_Metropole\"><\/span>15. Best Western Plus H\u00f4tel Monopole M\u00e9tropole<span class=\"ez-toc-section-end\"><\/span><\/h3>\n\n\n\n<p class=\"wp-block-paragraph\">Se voc\u00ea procura confiabilidade total com uma excelente nota de 4,5 bem pertinho da esta\u00e7\u00e3o principal, o <strong><a href=\"https:\/\/www.stay22.com\/allez\/roam?aid=lukaskonecny&#038;campaign=loudavymkrokemcz&#038;campaign=kde-bydlet-ve-strasburku&#038;hotelname=Best%20Western%20Plus%20H%C3%B4tel%20Monopole%20M%C3%A9tropole&#038;address=%C5%A0trasburk%2C%20Francie\" target=\"_blank\" rel=\"noopener nofollow sponsored\">Best Western Plus H\u00f4tel Monopole M\u00e9tropole<\/a><\/strong> \u00e9 aposta certa na sua faixa de pre\u00e7o. O hotel mant\u00e9m o padr\u00e3o alto e previs\u00edvel de uma grande rede, mas ao mesmo tempo <strong>oferece um car\u00e1ter \u00fanico e pr\u00f3prio gra\u00e7as ao lindo sal\u00e3o de coquet\u00e9is<\/strong> com lareira e a v\u00e1rias obras de arte espalhadas pelos interiores.<\/p>\n\n\n\n<p class=\"wp-block-paragraph\">Todos os h\u00f3spedes t\u00eam \u00e0 disposi\u00e7\u00e3o uma academia moderna e bem equipada e, principalmente, <strong>quartos excepcionalmente espa\u00e7osos, perfeitamente limpos e com as camas mais confort\u00e1veis<\/strong>. Ao centro hist\u00f3rico e aos bra\u00e7os do rio voc\u00ea chega numa caminhada agrad\u00e1vel e plana em menos de dez minutos, o que faz dele uma base \u00f3tima e pr\u00e1tica para a sua estadia.<\/p>\n\n\n\n<p class=\"wp-block-paragraph\">O farto caf\u00e9 da manh\u00e3 oferece uma variedade enorme de tudo, de frutas frescas a ovos e queijos locais. A equipe da recep\u00e7\u00e3o funciona nota dez e sempre providencia com boa vontade mapas, dicas de passeios ou bilhetes de transporte.<\/p>\n\n\n\n<p class=\"wp-block-paragraph\">\ud83d\udca1 <strong>Dica:<\/strong> escolha perfeita para aqueles de voc\u00eas que <strong>querem um pre\u00e7o muito razo\u00e1vel, alta qualidade garantida e excelente acesso<\/strong> tanto \u00e0s conex\u00f5es de trem quanto \u00e0s principais atra\u00e7\u00f5es do centro.<\/p>\n\n\n\n<figure data-wp-context=\"{&quot;imageId&quot;:&quot;6a9c2aadee128&quot;}\" data-wp-interactive=\"core\/image\" data-wp-key=\"6a9c2aadee128\" class=\"wp-block-image size-full wp-lightbox-container\"><img decoding=\"async\" width=\"1600\" height=\"900\" data-wp-class--hide=\"state.isContentHidden\" data-wp-class--show=\"state.isContentVisible\" data-wp-init=\"callbacks.setButtonStyles\" data-wp-on--click=\"actions.showLightbox\" data-wp-on--load=\"callbacks.setButtonStyles\" data-wp-on--pointerdown=\"actions.preloadImage\" data-wp-on--pointerenter=\"actions.preloadImageWithDelay\" data-wp-on--pointerleave=\"actions.cancelPreload\" data-wp-on-window--resize=\"callbacks.setButtonStyles\" src=\"https:\/\/loudavymkrokem.cz\/wp-content\/uploads\/2026\/09\/h-tel-arok.jpg\" alt=\"Hotel H\u00f4tel Arok\" class=\"wp-image-413109\" title=\"\" srcset=\"https:\/\/loudavymkrokem.cz\/wp-content\/uploads\/2026\/09\/h-tel-arok.jpg 1600w, https:\/\/loudavymkrokem.cz\/wp-content\/uploads\/2026\/09\/h-tel-arok-300x169.jpg 300w, https:\/\/loudavymkrokem.cz\/wp-content\/uploads\/2026\/09\/h-tel-arok-700x394.jpg 700w, https:\/\/loudavymkrokem.cz\/wp-content\/uploads\/2026\/09\/h-tel-arok-768x432.jpg 768w, https:\/\/loudavymkrokem.cz\/wp-content\/uploads\/2026\/09\/h-tel-arok-1536x864.jpg 1536w, https:\/\/loudavymkrokem.cz\/wp-content\/uploads\/2026\/09\/h-tel-arok-696x392.jpg 696w, https:\/\/loudavymkrokem.cz\/wp-content\/uploads\/2026\/09\/h-tel-arok-1392x783.jpg 1392w\" sizes=\"(max-width: 1600px) 100vw, 1600px\" \/><button\n\t\t\tclass=\"lightbox-trigger\"\n\t\t\ttype=\"button\"\n\t\t\taria-haspopup=\"dialog\"\n\t\t\tdata-wp-bind--aria-label=\"state.thisImage.triggerButtonAriaLabel\"\n\t\t\tdata-wp-init=\"callbacks.initTriggerButton\"\n\t\t\tdata-wp-on--click=\"actions.showLightbox\"\n\t\t\tdata-wp-style--right=\"state.thisImage.buttonRight\"\n\t\t\tdata-wp-style--top=\"state.thisImage.buttonTop\"\n\t\t>\n\t\t\t<svg xmlns=\"http:\/\/www.w3.org\/2000\/svg\" width=\"12\" height=\"12\" fill=\"none\" viewBox=\"0 0 12 12\">\n\t\t\t\t<path fill=\"#fff\" d=\"M2 0a2 2 0 0 0-2 2v2h1.5V2a.5.5 0 0 1 .5-.5h2V0H2Zm2 10.5H2a.5.5 0 0 1-.5-.5V8H0v2a2 2 0 0 0 2 2h2v-1.5ZM8 12v-1.5h2a.5.5 0 0 0 .5-.5V8H12v2a2 2 0 0 1-2 2H8Zm2-12a2 2 0 0 1 2 2v2h-1.5V2a.5.5 0 0 0-.5-.5H8V0h2Z\" \/>\n\t\t\t<\/svg>\n\t\t<\/button><figcaption class=\"wp-element-caption\">Foto: Guenter Ditzel \/ Google Maps<\/figcaption><\/figure>\n\n\n\n<h3 class=\"wp-block-heading\"><span class=\"ez-toc-section\" id=\"16_Hotel_Arok\"><\/span>16. H\u00f4tel Arok<span class=\"ez-toc-section-end\"><\/span><\/h3>\n\n\n\n<p class=\"wp-block-paragraph\">Este muito estiloso <strong><a href=\"https:\/\/www.stay22.com\/allez\/roam?aid=lukaskonecny&#038;campaign=loudavymkrokemcz&#038;campaign=kde-bydlet-ve-strasburku&#038;hotelname=H%C3%B4tel%20Arok&#038;address=%C5%A0trasburk%2C%20Francie\" target=\"_blank\" rel=\"noopener nofollow sponsored\">H\u00f4tel Arok<\/a><\/strong>, perto da esta\u00e7\u00e3o principal de trem, com uma \u00f3tima nota de 4,6, mira principalmente em viajantes mais jovens e n\u00f4mades digitais. Logo na chegada, ele <strong>chama a aten\u00e7\u00e3o pelo design nada convencional, divertido e muito colorido<\/strong>, que perpassa o pr\u00e9dio inteiro. J\u00e1 no hall de entrada voc\u00ea encontra <strong>uma linda biblioteca e um espa\u00e7oso sal\u00e3o art\u00edstico com bar<\/strong>, que durante o dia funciona como um agradabil\u00edssimo espa\u00e7o de coworking para quem precisa abrir o notebook por um momento.<\/p>\n\n\n\n<p class=\"wp-block-paragraph\">Os quartos em si s\u00e3o um pouco menores em tamanho, mas extremamente bem pensados e pr\u00e1ticos, perfeitamente limpos e <strong>n\u00e3o falta neles nenhuma tecnologia moderna<\/strong> que voc\u00ea precise para uma estadia confort\u00e1vel. H\u00e1 tamb\u00e9m \u00e0 disposi\u00e7\u00e3o de todos os h\u00f3spedes uma academia menor, mas muito bem equipada, para um alongamento matinal. O caf\u00e9 da manh\u00e3 em buf\u00ea oferece muitas op\u00e7\u00f5es saud\u00e1veis e frescas, incluindo \u00f3timos p\u00e3es integrais e queijos locais.<\/p>\n\n\n\n<p class=\"wp-block-paragraph\">A localiza\u00e7\u00e3o bem na esta\u00e7\u00e3o significa que, ao descer do trem, voc\u00ea j\u00e1 joga as malas no quarto, em dez minutos a p\u00e9 admira o n\u00facleo hist\u00f3rico e o ponto de bonde bem em frente ao hotel te leva sem problemas ao resto da metr\u00f3pole.<\/p>\n\n\n\n<p class=\"wp-block-paragraph\">\ud83d\udca1 <strong>Dica:<\/strong> o Arok \u00e9 simplesmente \u00f3timo para casais e viajantes solo que preferem <strong>uma atmosfera informal e muito moderna<\/strong> e querem se hospedar em um ambiente estiloso bem pertinho da esta\u00e7\u00e3o de trem.<\/p>\n\n\n\n<figure data-wp-context=\"{&quot;imageId&quot;:&quot;6a9c2aadee609&quot;}\" data-wp-interactive=\"core\/image\" data-wp-key=\"6a9c2aadee609\" class=\"wp-block-image size-full wp-lightbox-container\"><img decoding=\"async\" width=\"1592\" height=\"1063\" data-wp-class--hide=\"state.isContentHidden\" data-wp-class--show=\"state.isContentVisible\" data-wp-init=\"callbacks.setButtonStyles\" data-wp-on--click=\"actions.showLightbox\" data-wp-on--load=\"callbacks.setButtonStyles\" data-wp-on--pointerdown=\"actions.preloadImage\" data-wp-on--pointerenter=\"actions.preloadImageWithDelay\" data-wp-on--pointerleave=\"actions.cancelPreload\" data-wp-on-window--resize=\"callbacks.setButtonStyles\" src=\"https:\/\/loudavymkrokem.cz\/wp-content\/uploads\/2026\/09\/ciarus.jpg\" alt=\"Hotel Ciarus\" class=\"wp-image-413113\" title=\"\" srcset=\"https:\/\/loudavymkrokem.cz\/wp-content\/uploads\/2026\/09\/ciarus.jpg 1592w, https:\/\/loudavymkrokem.cz\/wp-content\/uploads\/2026\/09\/ciarus-300x200.jpg 300w, https:\/\/loudavymkrokem.cz\/wp-content\/uploads\/2026\/09\/ciarus-700x467.jpg 700w, https:\/\/loudavymkrokem.cz\/wp-content\/uploads\/2026\/09\/ciarus-768x513.jpg 768w, https:\/\/loudavymkrokem.cz\/wp-content\/uploads\/2026\/09\/ciarus-1536x1026.jpg 1536w, https:\/\/loudavymkrokem.cz\/wp-content\/uploads\/2026\/09\/ciarus-696x465.jpg 696w, https:\/\/loudavymkrokem.cz\/wp-content\/uploads\/2026\/09\/ciarus-1392x929.jpg 1392w\" sizes=\"(max-width: 1592px) 100vw, 1592px\" \/><button\n\t\t\tclass=\"lightbox-trigger\"\n\t\t\ttype=\"button\"\n\t\t\taria-haspopup=\"dialog\"\n\t\t\tdata-wp-bind--aria-label=\"state.thisImage.triggerButtonAriaLabel\"\n\t\t\tdata-wp-init=\"callbacks.initTriggerButton\"\n\t\t\tdata-wp-on--click=\"actions.showLightbox\"\n\t\t\tdata-wp-style--right=\"state.thisImage.buttonRight\"\n\t\t\tdata-wp-style--top=\"state.thisImage.buttonTop\"\n\t\t>\n\t\t\t<svg xmlns=\"http:\/\/www.w3.org\/2000\/svg\" width=\"12\" height=\"12\" fill=\"none\" viewBox=\"0 0 12 12\">\n\t\t\t\t<path fill=\"#fff\" d=\"M2 0a2 2 0 0 0-2 2v2h1.5V2a.5.5 0 0 1 .5-.5h2V0H2Zm2 10.5H2a.5.5 0 0 1-.5-.5V8H0v2a2 2 0 0 0 2 2h2v-1.5ZM8 12v-1.5h2a.5.5 0 0 0 .5-.5V8H12v2a2 2 0 0 1-2 2H8Zm2-12a2 2 0 0 1 2 2v2h-1.5V2a.5.5 0 0 0-.5-.5H8V0h2Z\" \/>\n\t\t\t<\/svg>\n\t\t<\/button><figcaption class=\"wp-element-caption\">Foto: Ciarus \/ Google Maps<\/figcaption><\/figure>\n\n\n\n<h3 class=\"wp-block-heading\"><span class=\"ez-toc-section\" id=\"17_Ciarus\"><\/span>17. Ciarus<span class=\"ez-toc-section-end\"><\/span><\/h3>\n\n\n\n<p class=\"wp-block-paragraph\">Este lend\u00e1rio hostel de Estrasburgo, o <strong><a href=\"https:\/\/www.stay22.com\/allez\/roam?aid=lukaskonecny&#038;campaign=loudavymkrokemcz&#038;campaign=kde-bydlet-ve-strasburku&#038;hotelname=Ciarus&#038;address=%C5%A0trasburk%2C%20Francie\" target=\"_blank\" rel=\"noopener nofollow sponsored\">Ciarus<\/a><\/strong>, com uma nota firme de 4,0, \u00e9 a prova clara de que <strong>viajar com um or\u00e7amento mais apertado tamb\u00e9m pode ser muito confort\u00e1vel e estiloso nesta cidade cara<\/strong>. Ele oferece n\u00e3o s\u00f3 os cl\u00e1ssicos quartos compartilhados limpinhos, mas tamb\u00e9m lindos quartos privativos com decora\u00e7\u00e3o moderna e banheiro pr\u00f3prio, num padr\u00e3o surpreendentemente alto. Assim, atende sem problema nenhum at\u00e9 os mochileiros mais exigentes e os casais que querem economizar na hospedagem.<\/p>\n\n\n\n<p class=\"wp-block-paragraph\">Fica a uma dist\u00e2ncia muito confort\u00e1vel, a p\u00e9, do centro hist\u00f3rico, e <strong>tem um \u00f3timo refeit\u00f3rio self-service e um bar noturno<\/strong>, onde voc\u00ea conhece facilmente outros viajantes de todo o mundo em sintonia com voc\u00ea. H\u00e1 tamb\u00e9m amplas salas de conv\u00edvio com bilhar e um terra\u00e7o externo, que nos meses de ver\u00e3o convida de verdade para uma noite ao ar livre.<\/p>\n\n\n\n<p class=\"wp-block-paragraph\">\u00c9 simplesmente a escolha ideal para quem n\u00e3o precisa de luxo de hotel, mas exige limpeza impec\u00e1vel, wi-fi confi\u00e1vel e um ambiente internacional amig\u00e1vel, e a recep\u00e7\u00e3o aberta 24 horas, com equipe disposta a ajudar com os passeios, s\u00f3 completa o pacote.<\/p>\n\n\n\n<p class=\"wp-block-paragraph\">\ud83d\udca1 <strong>Dica:<\/strong> se voc\u00ea busca <strong>o menor or\u00e7amento poss\u00edvel a uma dist\u00e2ncia confort\u00e1vel do centro, a p\u00e9<\/strong>, este hostel moderno com \u00f3tima estrutura com certeza n\u00e3o vai te decepcionar.<\/p>\n\n\n\n<figure data-wp-context=\"{&quot;imageId&quot;:&quot;6a9c2aadeeb04&quot;}\" data-wp-interactive=\"core\/image\" data-wp-key=\"6a9c2aadeeb04\" class=\"wp-block-image size-full wp-lightbox-container\"><img decoding=\"async\" width=\"1600\" height=\"858\" data-wp-class--hide=\"state.isContentHidden\" data-wp-class--show=\"state.isContentVisible\" data-wp-init=\"callbacks.setButtonStyles\" data-wp-on--click=\"actions.showLightbox\" data-wp-on--load=\"callbacks.setButtonStyles\" data-wp-on--pointerdown=\"actions.preloadImage\" data-wp-on--pointerenter=\"actions.preloadImageWithDelay\" data-wp-on--pointerleave=\"actions.cancelPreload\" data-wp-on-window--resize=\"callbacks.setButtonStyles\" src=\"https:\/\/loudavymkrokem.cz\/wp-content\/uploads\/2026\/09\/ch-teau-de-pourtal-s.jpg\" alt=\"Hotel Ch\u00e2teau de Pourtal\u00e8s\" class=\"wp-image-413119\" title=\"\" srcset=\"https:\/\/loudavymkrokem.cz\/wp-content\/uploads\/2026\/09\/ch-teau-de-pourtal-s.jpg 1600w, https:\/\/loudavymkrokem.cz\/wp-content\/uploads\/2026\/09\/ch-teau-de-pourtal-s-300x161.jpg 300w, https:\/\/loudavymkrokem.cz\/wp-content\/uploads\/2026\/09\/ch-teau-de-pourtal-s-700x375.jpg 700w, https:\/\/loudavymkrokem.cz\/wp-content\/uploads\/2026\/09\/ch-teau-de-pourtal-s-768x412.jpg 768w, https:\/\/loudavymkrokem.cz\/wp-content\/uploads\/2026\/09\/ch-teau-de-pourtal-s-1536x824.jpg 1536w, https:\/\/loudavymkrokem.cz\/wp-content\/uploads\/2026\/09\/ch-teau-de-pourtal-s-696x373.jpg 696w, https:\/\/loudavymkrokem.cz\/wp-content\/uploads\/2026\/09\/ch-teau-de-pourtal-s-1392x746.jpg 1392w\" sizes=\"(max-width: 1600px) 100vw, 1600px\" \/><button\n\t\t\tclass=\"lightbox-trigger\"\n\t\t\ttype=\"button\"\n\t\t\taria-haspopup=\"dialog\"\n\t\t\tdata-wp-bind--aria-label=\"state.thisImage.triggerButtonAriaLabel\"\n\t\t\tdata-wp-init=\"callbacks.initTriggerButton\"\n\t\t\tdata-wp-on--click=\"actions.showLightbox\"\n\t\t\tdata-wp-style--right=\"state.thisImage.buttonRight\"\n\t\t\tdata-wp-style--top=\"state.thisImage.buttonTop\"\n\t\t>\n\t\t\t<svg xmlns=\"http:\/\/www.w3.org\/2000\/svg\" width=\"12\" height=\"12\" fill=\"none\" viewBox=\"0 0 12 12\">\n\t\t\t\t<path fill=\"#fff\" d=\"M2 0a2 2 0 0 0-2 2v2h1.5V2a.5.5 0 0 1 .5-.5h2V0H2Zm2 10.5H2a.5.5 0 0 1-.5-.5V8H0v2a2 2 0 0 0 2 2h2v-1.5ZM8 12v-1.5h2a.5.5 0 0 0 .5-.5V8H12v2a2 2 0 0 1-2 2H8Zm2-12a2 2 0 0 1 2 2v2h-1.5V2a.5.5 0 0 0-.5-.5H8V0h2Z\" \/>\n\t\t\t<\/svg>\n\t\t<\/button><figcaption class=\"wp-element-caption\">Foto: Ch\u00e2teau de Pourtal\u00e8s \/ Google Maps<\/figcaption><\/figure>\n\n\n\n<h3 class=\"wp-block-heading\"><span class=\"ez-toc-section\" id=\"18_Chateau_de_Pourtales\"><\/span>18. Ch\u00e2teau de Pourtal\u00e8s<span class=\"ez-toc-section-end\"><\/span><\/h3>\n\n\n\n<p class=\"wp-block-paragraph\">Com uma \u00f3tima nota de 4,5 vinda de mais de dois mil avalia\u00e7\u00f5es, este lindo castelinho reformado, o <strong><a href=\"https:\/\/www.stay22.com\/allez\/roam?aid=lukaskonecny&#038;campaign=loudavymkrokemcz&#038;campaign=kde-bydlet-ve-strasburku&#038;hotelname=Ch%C3%A2teau%20de%20Pourtal%C3%A8s&#038;address=%C5%A0trasburk%2C%20Francie\" target=\"_blank\" rel=\"noopener nofollow sponsored\">Ch\u00e2teau de Pourtal\u00e8s<\/a><\/strong>, que remonta ao in\u00edcio do s\u00e9culo XVIII, \u00e9 algo completamente diferente do resto dos hot\u00e9is cl\u00e1ssicos do centro. Fica no tranquilo bairro Robertsau, um pouco fora da cidade, cercado por todos os lados pelo verde profundo de um amplo parque, e <strong>oferece aos h\u00f3spedes at\u00e9 um spa privativo e uma quadra de t\u00eanis pr\u00f3pria<\/strong> para o descanso ativo.<\/p>\n\n\n\n<p class=\"wp-block-paragraph\">O farto caf\u00e9 da manh\u00e3 aqui est\u00e1 sempre inclu\u00eddo no pre\u00e7o b\u00e1sico da hospedagem, e <strong>os quartos respiram uma atmosfera aristocr\u00e1tica aut\u00eantica<\/strong>, ent\u00e3o voc\u00ea vai se sentir como em uma verdadeira propriedade rural francesa. E voc\u00ea ainda pode escolher entre quartos mais tradicionais dentro do pr\u00e9dio hist\u00f3rico do castelo e quartos com decora\u00e7\u00e3o mais moderna no anexo ao lado.<\/p>\n\n\n\n<p class=\"wp-block-paragraph\">Mas n\u00e3o esque\u00e7a de um fato-chave: daqui voc\u00ea precisa se deslocar at\u00e9 o centro hist\u00f3rico. Isso voc\u00ea resolve f\u00e1cil com o bonde ali perto ou com uma bicicleta alugada, mas a localiza\u00e7\u00e3o, no fim das contas, \u00e9 ideal principalmente para quem vai de carro, quer sossego com o estacionamento e curtir \u00e0 noite o sil\u00eancio absoluto do enorme parque do castelo.<\/p>\n\n\n\n<p class=\"wp-block-paragraph\">\ud83d\udca1 <strong>Dica:<\/strong> \u00f3tima escolha rom\u00e2ntica para aqueles de voc\u00eas <strong>que chegam \u00e0 Als\u00e1cia de carro pr\u00f3prio e querem se hospedar num verde relaxante<\/strong>, podendo ir \u00e0 cidade a qualquer momento, confortavelmente, com o transporte p\u00fablico.<\/p>\n\n\n\n<h2 class=\"wp-block-heading\"><span class=\"ez-toc-section\" id=\"Como_escolher_o_hotel_certo\"><\/span>Como escolher o hotel certo<span class=\"ez-toc-section-end\"><\/span><\/h2>\n\n\n\n<p class=\"wp-block-paragraph\">Na hora de decidir a hospedagem ideal, o papel principal \u00e9 do seu or\u00e7amento, da data espec\u00edfica da viagem e, sobretudo, do meio de transporte. Se voc\u00ea <strong>viaja em fam\u00edlia e tem carro<\/strong>, n\u00e3o faz sentido nenhum pagar valores absurdos por hot\u00e9is superfaturados bem na ilha Grande \u00cele (estacionar nas ruelas estreitas \u00e9 um pesadelo puro). Muito mais esperto \u00e9 escolher bairros mais tranquilos, mais afastados do n\u00facleo, ou logo um castelinho fora da cidade, e <strong>aproveitar o inteligente sistema municipal <a href=\"https:\/\/www.cts-strasbourg.eu\/en\/getting-around\/park-and-ride\/\" rel=\"nofollow noopener\" target=\"_blank\">Park &amp; Ride<\/a><\/strong>. Com ele, voc\u00ea paga uma quantia irris\u00f3ria pelo estacionamento e toda a tripula\u00e7\u00e3o do carro ganha, junto com a tarifa, o bilhete de ida e volta de bonde para o centro, o que te poupa muito dinheiro e muitos nervos.<\/p>\n\n\n\n<p class=\"wp-block-paragraph\">Para os casais rom\u00e2nticos que, ao contr\u00e1rio, chegam de trem e querem s\u00f3 se deliciar despreocupados com a beleza das ruelas hist\u00f3ricas, a <strong>melhor escolha \u00e9 a \u00e1rea de conto de fadas Petite France ou os arredores imediatos da imponente catedral<\/strong>. Aqui voc\u00ea aproveita ao m\u00e1ximo a linda atmosfera da cidade velha, porque ter\u00e1 todas as atra\u00e7\u00f5es \u00e0 porta. Mas <strong>prepare-se para pagar bem mais caro pela localiza\u00e7\u00e3o exclusiva no cora\u00e7\u00e3o do agito<\/strong>, especialmente durante a alta temporada de ver\u00e3o e inverno.<\/p>\n\n\n\n<p class=\"wp-block-paragraph\">Se o que mais te interessa \u00e9 <strong>o melhor custo-benef\u00edcio de todos, procure hospedagem primeiro na regi\u00e3o da esta\u00e7\u00e3o de trem<\/strong> (bairro Gare) ou no mais tranquilo bairro estudantil Krutenau. Daqui voc\u00ea chega ao centro a p\u00e9 em confort\u00e1veis dez a quinze minutos \u00e0 beira da \u00e1gua, mas <strong>os pre\u00e7os costumam ser de 30 a 40 por cento menores do que na ilha<\/strong>, o que, numa estadia de v\u00e1rios dias, faz uma diferen\u00e7a enorme no or\u00e7amento.<\/p>\n\n\n\n<p class=\"wp-block-paragraph\">\u26a0\ufe0f Mas, na hora de escolher, tome muito cuidado com nomes tentadores. <strong>A palavra &#8220;Strasbourg&#8221; no nome do hotel n\u00e3o significa automaticamente que voc\u00ea vai dormir no centro<\/strong>. Por exemplo, o <em>Hotel Strasbourg Montagne Verte<\/em> fica bem longe da cidade. Da mesma forma, confira sempre com aten\u00e7\u00e3o as avalia\u00e7\u00f5es reais de outros viajantes. Por exemplo, o <em>City R\u00e9sidence Access Strasbourg<\/em> tem nota apenas 3,2, o que \u00e9 muito fraco para a capital alsaciana, e o <em>ibis Strasbourg Centre Petite France<\/em>, da rede, alcan\u00e7a s\u00f3 a nota 3,8, que \u00e9 <strong>a menor nota entre todos os hot\u00e9is de rede do n\u00facleo hist\u00f3rico<\/strong> (o nome dele simplesmente soa muito melhor do que a realidade no local).<\/p>\n\n\n\n<h2 class=\"wp-block-heading\"><span class=\"ez-toc-section\" id=\"Para_onde_ir_depois\"><\/span>Para onde ir depois<span class=\"ez-toc-section-end\"><\/span><\/h2>\n\n\n\n<p class=\"wp-block-paragraph\">Depois de resolver a hospedagem, com certeza v\u00e3o te ser \u00fateis mais informa\u00e7\u00f5es pr\u00e1ticas para planejar a viagem. Preparei para voc\u00ea <strong>guias detalhados que v\u00e3o te ajudar a descobrir as maiores belezas da regi\u00e3o<\/strong> sem estresse desnecess\u00e1rio.<\/p>\n\n\n\n<p class=\"wp-block-paragraph\">Leia o artigo <a href=\"https:\/\/loudavymkrokem.cz\/co-videt-ve-strasburku\/\">O que ver em Estrasburgo<\/a>, onde voc\u00ea encontra dicas das atra\u00e7\u00f5es e lugares mais bonitos que n\u00e3o pode deixar de fora na primeira visita. Se voc\u00ea vai no inverno, n\u00e3o perca o guia <a href=\"https:\/\/loudavymkrokem.cz\/pt-br\/mercados-natal-estrasburgo-franca\/\">Mercados de Natal de Estrasburgo<\/a>, que <strong>te prepara perfeitamente para a loucura do Advento e te aconselha como evitar as multid\u00f5es<\/strong>.<\/p>\n\n\n\n<p class=\"wp-block-paragraph\">Para aqueles de voc\u00eas que querem sair tamb\u00e9m dos port\u00f5es da metr\u00f3pole, recomendo de cora\u00e7\u00e3o o artigo <a href=\"https:\/\/loudavymkrokem.cz\/pt-br\/alsacia-franca-vilas\/\">Rota do Vinho da Als\u00e1cia: as 12 vilas mais bonitas<\/a>, porque <strong>a Als\u00e1cia \u00e9 simplesmente uma regi\u00e3o de conto de fadas, cheia de vinhedos e casinhas enxaimel<\/strong>. Uma \u00f3tima inspira\u00e7\u00e3o tamb\u00e9m vai ser o guia da pitoresca cidadezinha de <a href=\"https:\/\/loudavymkrokem.cz\/pt-br\/colmar-franca-veneza-francesa\/\">Colmar, Fran\u00e7a<\/a> ou o nosso grande <a href=\"https:\/\/loudavymkrokem.cz\/pt-br\/roadtrip-franca-roteiro-14-dias\/\">Roadtrip pela Fran\u00e7a: roteiro de 14 dias<\/a>, se voc\u00ea <strong>planeja uma viagem mais longa de carro e quer ver o melhor do pa\u00eds<\/strong>.<\/p>\n\n\n\n<h2 class=\"wp-block-heading\"><span class=\"ez-toc-section\" id=\"Perguntas_frequentes\"><\/span>Perguntas frequentes<span class=\"ez-toc-section-end\"><\/span><\/h2>\n\n\n\n<p class=\"wp-block-paragraph\">Ainda tem alguma d\u00favida antes da viagem \u00e0 capital alsaciana? Reunimos para voc\u00ea as respostas \u00e0s perguntas mais comuns, para facilitar o seu planejamento.<\/p>\n\n\n<div id=\"rank-math-faq\" class=\"rank-math-block\">\n<div class=\"rank-math-list \">\n<div id=\"faq-question-1788283127000\" class=\"rank-math-list-item\">\n<h3 class=\"rank-math-question \"><span class=\"ez-toc-section\" id=\"Quando_e_a_melhor_epoca_para_reservar_hotel_para_os_mercados_de_Natal\"><\/span>Quando \u00e9 a melhor \u00e9poca para reservar hotel para os mercados de Natal?<span class=\"ez-toc-section-end\"><\/span><\/h3>\n<div class=\"rank-math-answer \">\n\n<p>Se voc\u00ea quer se hospedar no centro hist\u00f3rico na ilha Grande \u00cele, <strong>precisa reservar com 6 a 9 meses de anteced\u00eancia<\/strong>, pois os hot\u00e9is aqui esgotam com uma velocidade incr\u00edvel durante o Advento. Quanto antes voc\u00ea resolver a hospedagem, maior ser\u00e1 a escolha e voc\u00ea evitar\u00e1 com certeza ter que pagar valores astron\u00f4micos pelos quartos mais superfaturados que sobrarem.<\/p>\n\n<\/div>\n<\/div>\n<div id=\"faq-question-1788283127001\" class=\"rank-math-list-item\">\n<h3 class=\"rank-math-question \"><span class=\"ez-toc-section\" id=\"Onde_encontro_a_hospedagem_mais_barata_em_Estrasburgo\"><\/span>Onde encontro a hospedagem mais barata em Estrasburgo?<span class=\"ez-toc-section-end\"><\/span><\/h3>\n<div class=\"rank-math-answer \">\n\n<p>Os melhores pre\u00e7os voc\u00ea encontra com certeza <strong>nas proximidades da esta\u00e7\u00e3o ferrovi\u00e1ria principal ou no bairro mais tranquilo de Krutenau<\/strong>, ambos localizados a apenas alguns minutos a p\u00e9 do centro hist\u00f3rico. Aqui vale uma regra simples: <strong>hot\u00e9is situados de 10 a 20 minutos a p\u00e9 da catedral costumam ser 30 a 40 por cento mais baratos<\/strong>, ent\u00e3o a curta caminhada at\u00e9 o centro definitivamente compensa.<\/p>\n\n<\/div>\n<\/div>\n<div id=\"faq-question-1788283127002\" class=\"rank-math-list-item\">\n<h3 class=\"rank-math-question \"><span class=\"ez-toc-section\" id=\"Da_para_estacionar_confortavelmente_no_hotel_em_Estrasburgo\"><\/span>D\u00e1 para estacionar confortavelmente no hotel em Estrasburgo?<span class=\"ez-toc-section-end\"><\/span><\/h3>\n<div class=\"rank-math-answer \">\n\n<p>No pr\u00f3prio centro hist\u00f3rico, <strong>estacionar de carro \u00e9 um verdadeiro pesadelo<\/strong> e os pequenos hot\u00e9is boutique muitas vezes nem t\u00eam garagem pr\u00f3pria. Portanto, \u00e9 bem mais inteligente <strong>usar os estacionamentos de integra\u00e7\u00e3o do sistema Park &amp; Ride muito bem desenvolvido na periferia da cidade<\/strong>, onde pelo pre\u00e7o irris\u00f3rio do estacionamento voc\u00ea ganha tamb\u00e9m passagem de ida e volta no bonde para o centro para todos os ocupantes do ve\u00edculo.<\/p>\n\n<\/div>\n<\/div>\n<div id=\"faq-question-1788283127003\" class=\"rank-math-list-item\">\n<h3 class=\"rank-math-question \"><span class=\"ez-toc-section\" id=\"Vale_a_pena_se_hospedar_no_bairro_Petite_France\"><\/span>Vale a pena se hospedar no bairro Petite France?<span class=\"ez-toc-section-end\"><\/span><\/h3>\n<div class=\"rank-math-answer \">\n\n<p>O bairro Petite France \u00e9 sem d\u00favida <strong>a parte mais fotog\u00eanica e rom\u00e2ntica de toda a cidade<\/strong>, repleta de casas antigas em enxaimel e canais de \u00e1gua entrela\u00e7ados. Durante os meses de primavera fora da alta temporada \u00e9 uma escolha m\u00e1gica para casais, mas <strong>na \u00e9poca do Advento costuma haver multid\u00f5es t\u00e3o grandes de turistas que mal d\u00e1 para passar pelas ruelas<\/strong>, ent\u00e3o a tranquilidade desejada voc\u00ea certamente n\u00e3o vai encontrar aqui em dezembro.<\/p>\n\n<\/div>\n<\/div>\n<div id=\"faq-question-1788283127004\" class=\"rank-math-list-item\">\n<h3 class=\"rank-math-question \"><span class=\"ez-toc-section\" id=\"Os_hoteis_ficam_mais_caros_durante_as_sessoes_do_Parlamento_Europeu\"><\/span>Os hot\u00e9is ficam mais caros durante as sess\u00f5es do Parlamento Europeu?<span class=\"ez-toc-section-end\"><\/span><\/h3>\n<div class=\"rank-math-answer \">\n\n<p>Sim, e sempre de forma muito expressiva. <strong>As sess\u00f5es plen\u00e1rias do Parlamento Europeu regularmente lotam rapidamente n\u00e3o apenas todos os hot\u00e9is no bairro europeu adjacente, mas tamb\u00e9m os de todo o centro hist\u00f3rico da cidade.<\/strong> Felizmente, as datas exatas dessas sess\u00f5es podem ser encontradas na internet com bastante anteced\u00eancia e <strong>se voc\u00ea n\u00e3o estiver preso a uma data fixa, com certeza evite esses dias<\/strong>.<\/p>\n\n<\/div>\n<\/div>\n<div id=\"faq-question-1788283127005\" class=\"rank-math-list-item\">\n<h3 class=\"rank-math-question \"><span class=\"ez-toc-section\" id=\"O_que_experimentar_da_culinaria_local_em_Estrasburgo\"><\/span>O que experimentar da culin\u00e1ria local em Estrasburgo?<span class=\"ez-toc-section-end\"><\/span><\/h3>\n<div class=\"rank-math-answer \">\n\n<p>Tecnicamente isso n\u00e3o diz respeito a hotel, mas sei que v\u00e3o me perguntar isso de qualquer forma, ent\u00e3o aqui vai a resposta: A cozinha alsaciana \u00e9 famosa por seus pratos de carne, mas mesmo sem carne voc\u00ea com certeza vai se deliciar aqui. <strong>Experimente sem falta a torta fina tradicional tarte flamb\u00e9e (flammekueche) na excelente vers\u00e3o sem carne com queijo e cebola<\/strong>, acompanhe com um bretzel salgado fresquinho e de sobremesa pe\u00e7a um kougelhopf fofinho, tipo bolo. <strong>N\u00e3o se esque\u00e7a de regar tudo com o excelente vinho branco alsaciano.<\/strong><\/p>\n\n<\/div>\n<\/div>\n<div id=\"faq-question-1788283127006\" class=\"rank-math-list-item\">\n<h3 class=\"rank-math-question \"><span class=\"ez-toc-section\" id=\"Estrasburgo_e_uma_boa_base_para_passeios_pela_Alsacia\"><\/span>Estrasburgo \u00e9 uma boa base para passeios pela Als\u00e1cia?<span class=\"ez-toc-section-end\"><\/span><\/h3>\n<div class=\"rank-math-answer \">\n\n<p>Com certeza sim, Estrasburgo representa <strong>a melhor base estrat\u00e9gica poss\u00edvel para conhecer toda a regi\u00e3o encantadora<\/strong>. Da esta\u00e7\u00e3o principal voc\u00ea chega <strong>f\u00e1cil e rapidamente de trem confort\u00e1vel \u00e0 pitoresca Colmar e \u00e0s vilas menores na famosa rota do vinho<\/strong>, ou pode sair de carro para explorar a bela natureza nas montanhas Vosges pr\u00f3ximas.<\/p>\n\n<\/div>\n<\/div>\n<\/div>\n<\/div>","protected":false},"excerpt":{"rendered":"<p>Procurando hotel em Estrasburgo, na Fran\u00e7a? Descubra em quais bairros voc\u00ea economiza at\u00e9 40% do pre\u00e7o e por que, no Advento, vale ficar fora do centro hist\u00f3rico.<\/p>\n","protected":false},"author":3,"featured_media":413382,"comment_status":"open","ping_status":"open","sticky":false,"template":"","format":"standard","meta":{"_acf_changed":false,"footnotes":"","rank_math_title":"Onde Ficar em Estrasburgo, Fran\u00e7a: 18 Melhores Hot\u00e9is","rank_math_description":"Onde ficar em Estrasburgo, na Fran\u00e7a? 18 melhores hot\u00e9is e bairros para 2026, com dicas para economizar at\u00e9 40% no Advento. Reserve com anteced\u00eancia e economize!","rank_math_focus_keyword":"estrasburgo fran\u00e7a","rank_math_seo_score":""},"categories":[1121,1132,1104],"tags":[],"class_list":["post-417381","post","type-post","status-publish","format-standard","has-post-thumbnail","category-europa","category-franca","category-viagens"],"acf":[],"featured_image_src":"https:\/\/loudavymkrokem.cz\/wp-content\/uploads\/2026\/09\/petite-france-po-soumraku-2cf25977.jpg","author_info":{"display_name":"Lucie Kone\u010dn\u00e1","author_link":"https:\/\/loudavymkrokem.cz\/pt-br\/author\/lucie-konecna\/"},"_links":{"self":[{"href":"https:\/\/loudavymkrokem.cz\/pt-br\/wp-json\/wp\/v2\/posts\/417381","targetHints":{"allow":["GET"]}}],"collection":[{"href":"https:\/\/loudavymkrokem.cz\/pt-br\/wp-json\/wp\/v2\/posts"}],"about":[{"href":"https:\/\/loudavymkrokem.cz\/pt-br\/wp-json\/wp\/v2\/types\/post"}],"author":[{"embeddable":true,"href":"https:\/\/loudavymkrokem.cz\/pt-br\/wp-json\/wp\/v2\/users\/3"}],"replies":[{"embeddable":true,"href":"https:\/\/loudavymkrokem.cz\/pt-br\/wp-json\/wp\/v2\/comments?post=417381"}],"version-history":[{"count":2,"href":"https:\/\/loudavymkrokem.cz\/pt-br\/wp-json\/wp\/v2\/posts\/417381\/revisions"}],"predecessor-version":[{"id":417383,"href":"https:\/\/loudavymkrokem.cz\/pt-br\/wp-json\/wp\/v2\/posts\/417381\/revisions\/417383"}],"wp:featuredmedia":[{"embeddable":true,"href":"https:\/\/loudavymkrokem.cz\/pt-br\/wp-json\/wp\/v2\/media\/413382"}],"wp:attachment":[{"href":"https:\/\/loudavymkrokem.cz\/pt-br\/wp-json\/wp\/v2\/media?parent=417381"}],"wp:term":[{"taxonomy":"category","embeddable":true,"href":"https:\/\/loudavymkrokem.cz\/pt-br\/wp-json\/wp\/v2\/categories?post=417381"},{"taxonomy":"post_tag","embeddable":true,"href":"https:\/\/loudavymkrokem.cz\/pt-br\/wp-json\/wp\/v2\/tags?post=417381"}],"curies":[{"name":"wp","href":"https:\/\/api.w.org\/{rel}","templated":true}]}}