{"id":409774,"date":"2026-08-25T20:45:06","date_gmt":"2026-08-25T18:45:06","guid":{"rendered":"https:\/\/loudavymkrokem.cz\/dc-8-air-new-zealand-amazonia\/"},"modified":"2026-08-31T11:47:49","modified_gmt":"2026-08-31T09:47:49","slug":"dc-8-air-new-zealand-amazonia","status":"publish","type":"post","link":"https:\/\/loudavymkrokem.cz\/pt-br\/dc-8-air-new-zealand-amazonia\/","title":{"rendered":"DC-8 da Air New Zealand: ap\u00f3s 20 anos na Amaz\u00f4nia, ele volta para casa"},"content":{"rendered":"<p>A aeronave com registro ZK-NZC \u00e9 o \u00fanico exemplar remanescente dos oito DC-8 que um dia formaram a frota de longo curso da Air New Zealand \u2014 e, depois de duas d\u00e9cadas abandonada na Amaz\u00f4nia, ela finalmente vai para casa, informa o <a href=\"https:\/\/www.nttmuseumwanaka.co.nz\/blog\/bring-our-birds-home\" target=\"_blank\" rel=\"noreferrer noopener nofollow\">National Transport and Toy Museum W\u0101naka<\/a>. O avi\u00e3o foi constru\u00eddo pela f\u00e1brica da Douglas em Long Beach, na Calif\u00f3rnia, e entregue \u00e0 companhia em setembro de 1965.<\/p>\n<p>A Air New Zealand tirou a aeronave de servi\u00e7o em 1981. Depois disso, ela passou por v\u00e1rios donos at\u00e9 parar nas m\u00e3os da transportadora de cargas brasileira TCB, que encerrou as opera\u00e7\u00f5es em 2006. Desde ent\u00e3o, o avi\u00e3o foi ficando \u00e0s tra\u00e7as no aeroporto de Manaus-Eduardo Gomes.<\/p>\n<div id=\"ez-toc-container\" class=\"ez-toc-v2_0_86 ez-toc-wrap-left counter-hierarchy ez-toc-counter ez-toc-grey ez-toc-container-direction\">\n<div class=\"ez-toc-title-container\">\n<p class=\"ez-toc-title\" style=\"cursor:inherit\">Conte\u00fado do artigo<\/p>\n<span class=\"ez-toc-title-toggle\"><a href=\"#\" class=\"ez-toc-pull-right ez-toc-btn ez-toc-btn-xs ez-toc-btn-default ez-toc-toggle\" aria-label=\"Alternar tabela de conte\u00fado\"><span class=\"ez-toc-js-icon-con\"><span class=\"\"><span class=\"eztoc-hide\" style=\"display:none;\">Toggle<\/span><span class=\"ez-toc-icon-toggle-span\"><svg style=\"fill: #999;color:#999\" xmlns=\"http:\/\/www.w3.org\/2000\/svg\" class=\"list-377408\" width=\"20px\" height=\"20px\" viewBox=\"0 0 24 24\" fill=\"none\"><path d=\"M6 6H4v2h2V6zm14 0H8v2h12V6zM4 11h2v2H4v-2zm16 0H8v2h12v-2zM4 16h2v2H4v-2zm16 0H8v2h12v-2z\" fill=\"currentColor\"><\/path><\/svg><svg style=\"fill: #999;color:#999\" class=\"arrow-unsorted-368013\" xmlns=\"http:\/\/www.w3.org\/2000\/svg\" width=\"10px\" height=\"10px\" viewBox=\"0 0 24 24\" version=\"1.2\" baseProfile=\"tiny\"><path d=\"M18.2 9.3l-6.2-6.3-6.2 6.3c-.2.2-.3.4-.3.7s.1.5.3.7c.2.2.4.3.7.3h11c.3 0 .5-.1.7-.3.2-.2.3-.5.3-.7s-.1-.5-.3-.7zM5.8 14.7l6.2 6.3 6.2-6.3c.2-.2.3-.5.3-.7s-.1-.5-.3-.7c-.2-.2-.4-.3-.7-.3h-11c-.3 0-.5.1-.7.3-.2.2-.3.5-.3.7s.1.5.3.7z\"\/><\/svg><\/span><\/span><\/span><\/a><\/span><\/div>\n<nav><ul class='ez-toc-list ez-toc-list-level-1 ' ><li class='ez-toc-page-1 ez-toc-heading-level-2'><a class=\"ez-toc-link ez-toc-heading-1\" href=\"https:\/\/loudavymkrokem.cz\/pt-br\/dc-8-air-new-zealand-amazonia\/#Uma_lenda_que_ja_transportou_a_rainha\" >Uma lenda que j\u00e1 transportou a rainha<\/a><\/li><li class='ez-toc-page-1 ez-toc-heading-level-2'><a class=\"ez-toc-link ez-toc-heading-2\" href=\"https:\/\/loudavymkrokem.cz\/pt-br\/dc-8-air-new-zealand-amazonia\/#A_volta_para_casa_pelo_oceano\" >A volta para casa pelo oceano<\/a><\/li><li class='ez-toc-page-1 ez-toc-heading-level-2'><a class=\"ez-toc-link ez-toc-heading-3\" href=\"https:\/\/loudavymkrokem.cz\/pt-br\/dc-8-air-new-zealand-amazonia\/#O_que_isso_significa_na_pratica\" >O que isso significa na pr\u00e1tica<\/a><\/li><\/ul><\/nav><\/div>\n<h2><span class=\"ez-toc-section\" id=\"Uma_lenda_que_ja_transportou_a_rainha\"><\/span>Uma lenda que j\u00e1 transportou a rainha<span class=\"ez-toc-section-end\"><\/span><\/h2>\n<p>Este avi\u00e3o em particular tem uma viagem hist\u00f3rica no curr\u00edculo. Em <strong>30 de janeiro de 1974<\/strong>, ele levou a rainha Elizabeth II, a princesa Anne e Mark Phillips de Rarotonga a Christchurch, conta o <a href=\"https:\/\/www.odt.co.nz\/regions\/wanaka\/w%C4%81naka-final-resting-place-iconic-aircraft\" target=\"_blank\" rel=\"noreferrer noopener nofollow\">Otago Daily Times<\/a>. Poucos dias depois, a rainha abriu os Jogos da Commonwealth no parque QEII, em Christchurch.<\/p>\n<p>Segundo Paul Brennan, fundador da institui\u00e7\u00e3o Bring Our Birds Home, foi justamente esse modelo de avi\u00e3o que teve papel decisivo para transformar a Air New Zealand em uma companhia a\u00e9rea internacional completa, segundo o <a href=\"https:\/\/www.odt.co.nz\/star-news\/star-christchurch\/iconic-dc-8-heading-back-home\" target=\"_blank\" rel=\"noreferrer noopener nofollow\">Otago Daily Times<\/a>.<\/p>\n<h2><span class=\"ez-toc-section\" id=\"A_volta_para_casa_pelo_oceano\"><\/span>A volta para casa pelo oceano<span class=\"ez-toc-section-end\"><\/span><\/h2>\n<p>A desmontagem da aeronave deve come\u00e7ar em <strong>1\u00ba de setembro de 2026<\/strong>. O avi\u00e3o ser\u00e1 cortado em se\u00e7\u00f5es (fuselagem, asas divididas para caber em cont\u00eaineres e empenagem) e transportado por mar at\u00e9 o porto de <strong>Timaru<\/strong>, na Ilha Sul.<\/p>\n<p>A previs\u00e3o \u00e9 que ele chegue ainda neste ano, informam os ve\u00edculos brasileiros <a href=\"https:\/\/aerojota.com.br\/dc-8-abandonado-manaus-nova-zelandia\/\" target=\"_blank\" rel=\"noreferrer noopener nofollow\">AeroJota<\/a> e <a href=\"https:\/\/www.rondoniaovivo.com\/noticia\/geral\/2026\/08\/13\/fim-do-abandono-dc-8-que-esta-ha-duas-decadas-em-manaus-vai-de-navio-para-a-nova-zelandia.html\" target=\"_blank\" rel=\"noreferrer noopener nofollow\">Rond\u00f4nia ao Vivo<\/a>.<\/p>\n<p>Vazio, o DC-8-52 pesa cerca de 60 toneladas, tem 45,9 metros de comprimento e envergadura de 43,4 metros. Segundo a mesma fonte, a operadora do aeroporto VINCI Airports e a empresa Freightplus, especializada em carga pesada internacional, participam da log\u00edstica.<\/p>\n<p>Os custos s\u00e3o bancados por doadores an\u00f4nimos. Al\u00e9m disso, a institui\u00e7\u00e3o Bring Our Birds Home arrecada fundos h\u00e1 nove anos no portal <a href=\"https:\/\/givealittle.co.nz\/cause\/bringourbirdshome\" target=\"_blank\" rel=\"noreferrer noopener nofollow\">Givealittle<\/a> e, at\u00e9 agosto de 2026, reuniu <strong>40.035 NZD<\/strong> de 467 doadores.<\/p>\n<h2><span class=\"ez-toc-section\" id=\"O_que_isso_significa_na_pratica\"><\/span>O que isso significa na pr\u00e1tica<span class=\"ez-toc-section-end\"><\/span><\/h2>\n<p>Se voc\u00ea est\u00e1 planejando uma viagem \u00e0 Ilha Sul da Nova Zel\u00e2ndia, poder\u00e1 ver esse peda\u00e7o da hist\u00f3ria da avia\u00e7\u00e3o assim que a restaura\u00e7\u00e3o terminar, no <strong>National Transport and Toy Museum, em W\u0101naka<\/strong>. O museu fica bem ao lado do aeroporto e \u00e9 aberto normalmente ao p\u00fablico.<\/p>\n<p>D\u00e1 para acompanhar o processo de desmontagem e a travessia tamb\u00e9m online. A institui\u00e7\u00e3o vai documentando tudo na campanha do Givealittle e nas redes sociais.<\/p>\n<p>Para os voos at\u00e9 o Brasil e para a opera\u00e7\u00e3o do aeroporto de Manaus, essa a\u00e7\u00e3o n\u00e3o tem nenhum impacto. Trata-se apenas de uma remo\u00e7\u00e3o pontual de uma fuselagem j\u00e1 aposentada.<\/p>\n<p>Quem ainda est\u00e1 organizando a viagem \u00e0 Nova Zel\u00e2ndia deve levar em conta que o avi\u00e3o s\u00f3 deve chegar a Timaru <strong>at\u00e9 o fim de 2026<\/strong> e que ele s\u00f3 ficar\u00e1 em exposi\u00e7\u00e3o no museu de W\u0101naka depois de mais uma etapa de restaura\u00e7\u00e3o.<\/p>\n\n\n<!-- LKM_GYG_CARD start q=\"cestu domu\" lang=\"pt-br\" rendered=\"2026-08-31T09:47:26+00:00\" v=\"1\" -->\n<style id=\"lk-gyg-styles\">\n@import url(\"https:\/\/fonts.googleapis.com\/css2?family=Playfair+Display:wght@700&family=DM+Sans:wght@300;400;500;600&display=swap\");\n\/* === LK GYG karty \u2014 CRO redesign 2026-05 (namespace .lkx-) ===\n   C\u00edl: vy\u0161\u0161\u00ed CTR (hero + v\u00fdrazn\u00fd social proof + ak\u010dn\u00ed CTA, m\u00e9n\u011b \"reklamn\u00ed\").\n   Injektuje se inline do prvn\u00edho markeru postu (refresh_cards.py --inline-css). *\/\n.lkx-module, .lkx-module *{box-sizing:border-box;margin:0;padding:0}\n.lkx-module{\n  font-family:'DM Sans',-apple-system,Segoe UI,Roboto,Georgia,sans-serif;\n  max-width:860px;margin:2.5rem auto;color:#1f2328;\n}\n\n\/* HEADER \u2014 lehk\u00fd editorsk\u00fd, \u017e\u00e1dn\u00fd bannerov\u00fd blok; nadpis + popisek pod n\u00edm *\/\n.lkx-head{margin-bottom:16px}\n.lkx-head-main{display:flex;align-items:center;gap:10px}\n.lkx-head-accent{width:26px;height:3px;border-radius:2px;background:#c39f76;flex-shrink:0}\n.lkx-head-title{font-family:'Playfair Display',Georgia,serif;font-size:21px;font-weight:700;color:#1a1a1a;line-height:1.25}\n.lkx-head-meta{display:block;font-size:11px;letter-spacing:.3px;color:#9aa0a6;margin-top:4px;margin-left:36px}\n\n\/* HERO *\/\n.lkx-hero{display:grid;grid-template-columns:300px 1fr;background:#fff;border:1px solid #ece7df;border-radius:14px;overflow:hidden;text-decoration:none!important;color:inherit;box-shadow:0 6px 20px rgba(0,0,0,.06);transition:box-shadow .2s,transform .2s;margin-bottom:14px}\n.lkx-hero:hover{box-shadow:0 12px 30px rgba(0,0,0,.12);transform:translateY(-2px)}\n.lkx-hero-img{position:relative;min-height:230px;background-size:cover;background-position:center;background-color:#eee}\n.lkx-hero-body{padding:22px 24px;display:flex;flex-direction:column}\n.lkx-pick{position:absolute;top:12px;left:12px;background:#1a1a1a;color:#fff;font-size:11px;font-weight:700;letter-spacing:.5px;padding:5px 11px;border-radius:20px}\n\n\/* TITLE *\/\n.lkx-title{font-size:19px;font-weight:700;color:#161616;line-height:1.3}\n.lkx-title-sm{font-size:14.5px;line-height:1.35;display:-webkit-box;-webkit-line-clamp:2;-webkit-box-orient:vertical;overflow:hidden}\n\n\/* SOCIAL PROOF \u2014 v\u00fdrazn\u011b, naho\u0159e *\/\n.lkx-proof{display:flex;align-items:center;gap:7px;margin-top:12px;font-size:15px;color:#3a3a3a}\n.lkx-proof b{font-size:16px;color:#161616}\n.lkx-stars{color:#f5a623;letter-spacing:1px}\n.lkx-proof-sm{font-size:12.5px;margin-top:8px;gap:5px}\n.lkx-proof-sm b{font-size:13px}\n.lkx-proof-new{color:#3685fc;font-weight:600}\n\n\/* PRICE \u2014 n\u00edzk\u00e1 kotva *\/\n.lkx-price{font-size:14px;color:#6b7280}\n.lkx-price b{font-size:20px;color:#161616;font-weight:700}\n.lkx-price-sm b{font-size:15px}\n\n\/* CTA \u2014 tepl\u00e9 ak\u010dn\u00ed tla\u010d\u00edtko *\/\n.lkx-cta{display:inline-flex;align-items:center;justify-content:center;text-decoration:none!important;font-weight:700;color:#fff!important;background:linear-gradient(135deg,#f6743f,#e8552a);border-radius:10px;box-shadow:0 6px 16px rgba(232,85,42,.32);transition:box-shadow .2s}\n.lkx-cta-hero{font-size:15px;padding:13px 22px}\n.lkx-hero:hover .lkx-cta-hero{box-shadow:0 8px 22px rgba(232,85,42,.45)}\n.lkx-cta-sm{font-size:12.5px;padding:9px 14px;width:100%;margin-top:2px}\n.lkx-hero-bottom{margin-top:auto;padding-top:18px;display:flex;align-items:center;justify-content:space-between;gap:14px;flex-wrap:wrap}\n\n\/* BADGE \u2014 jeden v\u00fdrazn\u00fd na fotce *\/\n.lkx-badge{position:absolute;top:12px;right:12px;font-size:10.5px;font-weight:700;letter-spacing:.3px;padding:5px 10px;border-radius:16px;color:#fff}\n.lkx-badge.badge-urgency{background:rgba(214,40,40,.92)}\n.lkx-badge.badge-new{background:rgba(54,133,252,.92)}\n.lkx-badge.badge-top{background:rgba(195,159,118,.95)}\n.lkx-badge.badge-info{background:rgba(40,40,40,.78)}\n\n\/* SECONDARY GRID *\/\n.lkx-grid{display:grid;grid-template-columns:1fr 1fr;gap:14px}\n.lkx-card{background:#fff;border:1px solid #ece7df;border-radius:14px;overflow:hidden;text-decoration:none!important;color:inherit;box-shadow:0 4px 14px rgba(0,0,0,.05);display:flex;flex-direction:column;transition:box-shadow .2s,transform .2s}\n.lkx-card:hover{box-shadow:0 10px 24px rgba(0,0,0,.1);transform:translateY(-2px)}\n.lkx-card-img{position:relative;aspect-ratio:16\/10;background-size:cover;background-position:center;background-color:#eee}\n.lkx-card-body{padding:14px 16px 16px;display:flex;flex-direction:column;gap:7px;flex:1}\n.lkx-card-bottom{margin-top:auto;padding-top:10px;display:flex;align-items:center;justify-content:space-between;gap:8px}\n\n\/* DISCLOSURE \u2014 drobn\u00e1, kv\u016fli d\u016fv\u011b\u0159e\/z\u00e1konu *\/\n.lkx-disclosure{font-size:11px;color:#a7adb3;text-align:center;margin-top:14px;line-height:1.6}\n.lkx-disclosure a{color:#c39f76;text-decoration:none}\n\n@media(max-width:680px){\n  .lkx-hero{grid-template-columns:1fr}\n  .lkx-hero-img{min-height:180px}\n  .lkx-grid{grid-template-columns:1fr}\n  .lkx-head-meta{margin-left:0;width:100%}\n  .lkx-head-title{font-size:19px}\n}\n\n<\/style>\n<div class=\"lkx-module\" data-query=\"cestu domu\">\n  <div class=\"lkx-head\">\n    <div class=\"lkx-head-main\">\n      <span class=\"lkx-head-accent\"><\/span>\n      <span class=\"lkx-head-title\">Experi\u00eancias e ingressos<\/span>\n    <\/div>\n    <span class=\"lkx-head-meta\">avaliado por viajantes \u00b7 GetYourGuide<\/span>\n  <\/div><a class=\"lkx-hero\" href=\"https:\/\/www.getyourguide.com\/pt-br\/bucareste-l111\/bucareste-palacio-do-parlamento-casa-de-ceausescu-tour-pela-aldeia-t1408656\/?partner_id=MKZ64IS&amp;utm_medium=online_publisher&amp;cmp=dc-8-air-new-zealand-amazonia\" target=\"_blank\" rel=\"sponsored noopener nofollow\">\n    <div class=\"lkx-hero-img\" style=\"background-image:url('https:\/\/cdn.getyourguide.com\/img\/tour\/a1a08ee8b9181726deae6592bd8f78ae51968087a0a286ee9ca83bc6aaf2984a.jpg\/132.jpg')\" role=\"img\" aria-label=\"Bucareste: Pal\u00e1cio do Parlamento, Casa de Ceausescu - Tour pela Aldeia\">\n      <span class=\"lkx-pick\">\u2605 Nossa escolha<\/span><\/div>\n    <div class=\"lkx-hero-body\">\n      <div class=\"lkx-title\">Bucareste: Pal\u00e1cio do Parlamento, Casa de Ceausescu &#8211; Tour pela Aldeia<\/div>\n      <div class=\"lkx-proof\">\n      <span class=\"lkx-stars\">\u2605\u2605\u2605\u2605\u2605<\/span>\n      <b>4.9<\/b> \u00b7 120 avalia\u00e7\u00f5es\n    <\/div>\n      <div class=\"lkx-hero-bottom\"><div class=\"lkx-price\">a partir de <b>\u20ac\u00a019<\/b><\/div><span class=\"lkx-cta lkx-cta-hero\">Quero viver isso \u2192<\/span>\n      <\/div>\n    <\/div>\n  <\/a><div class=\"lkx-grid\"><a class=\"lkx-card\" href=\"https:\/\/www.getyourguide.com\/pt-br\/bucareste-l111\/sem-filas-parlamento-casa-de-ceausescu-e-museu-da-aldeia-t1416896\/?partner_id=MKZ64IS&amp;utm_medium=online_publisher&amp;cmp=dc-8-air-new-zealand-amazonia\" target=\"_blank\" rel=\"sponsored noopener nofollow\">\n      <div class=\"lkx-card-img\" style=\"background-image:url('https:\/\/cdn.getyourguide.com\/img\/tour\/976fd23f39a25a4bcbe9385ee5b65aa5f3b5a69deb8ddcc59222f1ccff790906.jpg\/132.jpg')\" role=\"img\" aria-label=\"Sem filas - Parlamento, Casa de Ceausescu e Museu da Aldeia\"><\/div>\n      <div class=\"lkx-card-body\">\n        <div class=\"lkx-title lkx-title-sm\">Sem filas &#8211; Parlamento, Casa de Ceausescu e Museu da Aldeia<\/div>\n        <div class=\"lkx-proof lkx-proof-sm\">\n      <span class=\"lkx-stars\">\u2605<\/span>\n      <b>5.0<\/b> \u00b7 27\n    <\/div>\n        <div class=\"lkx-card-bottom\"><span class=\"lkx-price lkx-price-sm\">a partir de <b>\u20ac\u00a019<\/b><\/span><span class=\"lkx-cta lkx-cta-sm\">Ver datas \u2192<\/span>\n        <\/div>\n      <\/div>\n    <\/a><a class=\"lkx-card\" href=\"https:\/\/www.getyourguide.com\/pt-br\/bucareste-l111\/excursao-ao-palacio-do-parlamento-a-casa-de-ceausescu-e-ao-museu-da-aldeia-t1425861\/?partner_id=MKZ64IS&amp;utm_medium=online_publisher&amp;cmp=dc-8-air-new-zealand-amazonia\" target=\"_blank\" rel=\"sponsored noopener nofollow\">\n      <div class=\"lkx-card-img\" style=\"background-image:url('https:\/\/cdn.getyourguide.com\/img\/tour\/46d6918981e2de85c087c9f3e59e62a879dbee03bd162069c0e6bb0d933a2b7d.jpg\/132.jpg')\" role=\"img\" aria-label=\"Excurs\u00e3o ao Pal\u00e1cio do Parlamento, \u00e0 Casa de Ceausescu e ao Museu da Aldeia\"><\/div>\n      <div class=\"lkx-card-body\">\n        <div class=\"lkx-title lkx-title-sm\">Excurs\u00e3o ao Pal\u00e1cio do Parlamento, \u00e0 Casa de Ceausescu e ao Museu da Aldeia<\/div>\n        <div class=\"lkx-proof lkx-proof-sm\">\n      <span class=\"lkx-stars\">\u2605<\/span>\n      <b>4.9<\/b> \u00b7 13\n    <\/div>\n        <div class=\"lkx-card-bottom\"><span class=\"lkx-price lkx-price-sm\">a partir de <b>\u20ac\u00a019<\/b><\/span><span class=\"lkx-cta lkx-cta-sm\">Ver datas \u2192<\/span>\n        <\/div>\n      <\/div>\n    <\/a><\/div><div class=\"lkx-disclosure\">\ud83d\udd17 Links de afiliados \u2014 n\u00e3o mudam seu pre\u00e7o e nos ajudam a criar conte\u00fado. \u00b7 <a href=\"https:\/\/www.getyourguide.com\/pt-br\/s\/?q=cestu+domu&amp;partner_id=MKZ64IS&amp;utm_medium=online_publisher\" target=\"_blank\" rel=\"sponsored noopener nofollow\">Todas as experi\u00eancias \u2192<\/a><\/div>\n<\/div>\n<!-- LKM_GYG_CARD end -->\n","protected":false},"excerpt":{"rendered":"<p>O \u00fanico DC-8 remanescente da frota da Air New Zealand passou 20 anos abandonado na Amaz\u00f4nia, em Manaus. A partir de 1\u00ba de setembro de 2026 ele ser\u00e1 desmontado e levado por mar at\u00e9 a Nova Zel\u00e2ndia, onde vai parar em um museu em W\u0101naka. Ele j\u00e1 transportou at\u00e9 a rainha Elizabeth II.<\/p>\n","protected":false},"author":2,"featured_media":396130,"comment_status":"open","ping_status":"open","sticky":false,"template":"","format":"standard","meta":{"_acf_changed":false,"footnotes":"","rank_math_title":"DC-8 abandonado na Amaz\u00f4nia volta para casa","rank_math_description":"O \u00fanico DC-8 da Air New Zealand ficou 20 anos abandonado na Amaz\u00f4nia, em Manaus. Veja como o avi\u00e3o que levou a rainha volta para casa em 2026. Confira a hist\u00f3ria!","rank_math_focus_keyword":"amaz\u00f4nia","rank_math_seo_score":""},"categories":[1104],"tags":[],"class_list":["post-409774","post","type-post","status-publish","format-standard","has-post-thumbnail","category-viagens"],"acf":[],"featured_image_src":"https:\/\/loudavymkrokem.cz\/wp-content\/uploads\/2026\/08\/abandoned-dc-8-aircraft-tarmac.jpg","author_info":{"display_name":"Luk\u00e1\u0161 Kone\u010dn\u00fd","author_link":"https:\/\/loudavymkrokem.cz\/pt-br\/author\/lukas-konecny\/"},"_links":{"self":[{"href":"https:\/\/loudavymkrokem.cz\/pt-br\/wp-json\/wp\/v2\/posts\/409774","targetHints":{"allow":["GET"]}}],"collection":[{"href":"https:\/\/loudavymkrokem.cz\/pt-br\/wp-json\/wp\/v2\/posts"}],"about":[{"href":"https:\/\/loudavymkrokem.cz\/pt-br\/wp-json\/wp\/v2\/types\/post"}],"author":[{"embeddable":true,"href":"https:\/\/loudavymkrokem.cz\/pt-br\/wp-json\/wp\/v2\/users\/2"}],"replies":[{"embeddable":true,"href":"https:\/\/loudavymkrokem.cz\/pt-br\/wp-json\/wp\/v2\/comments?post=409774"}],"version-history":[{"count":0,"href":"https:\/\/loudavymkrokem.cz\/pt-br\/wp-json\/wp\/v2\/posts\/409774\/revisions"}],"wp:featuredmedia":[{"embeddable":true,"href":"https:\/\/loudavymkrokem.cz\/pt-br\/wp-json\/wp\/v2\/media\/396130"}],"wp:attachment":[{"href":"https:\/\/loudavymkrokem.cz\/pt-br\/wp-json\/wp\/v2\/media?parent=409774"}],"wp:term":[{"taxonomy":"category","embeddable":true,"href":"https:\/\/loudavymkrokem.cz\/pt-br\/wp-json\/wp\/v2\/categories?post=409774"},{"taxonomy":"post_tag","embeddable":true,"href":"https:\/\/loudavymkrokem.cz\/pt-br\/wp-json\/wp\/v2\/tags?post=409774"}],"curies":[{"name":"wp","href":"https:\/\/api.w.org\/{rel}","templated":true}]}}