{"id":409771,"date":"2026-08-29T02:00:00","date_gmt":"2026-08-29T00:00:00","guid":{"rendered":"https:\/\/loudavymkrokem.cz\/como-chegar-barcelona-espanha\/"},"modified":"2026-08-31T11:47:04","modified_gmt":"2026-08-31T09:47:04","slug":"como-chegar-barcelona-espanha","status":"publish","type":"post","link":"https:\/\/loudavymkrokem.cz\/pt-br\/como-chegar-barcelona-espanha\/","title":{"rendered":"Como chegar a Barcelona, na Espanha: voos, pre\u00e7os e trem em 2026"},"content":{"rendered":"\n<p class=\"wp-block-paragraph\">Quando o Luk\u00e1\u0161 e eu resolvemos ir a Barcelona, na Espanha, no in\u00edcio de mar\u00e7o, t\u00ednhamos um plano bem claro: explorar as principais atra\u00e7\u00f5es da cidade a p\u00e9. Ficamos no incr\u00edvel <strong>Hotel Gaud\u00ed, pertinho do famoso Palau G\u00fcell<\/strong>, o que se mostrou uma escolha totalmente estrat\u00e9gica para conhecer o centro caminhando. No come\u00e7o at\u00e9 quer\u00edamos subir ao famoso morro Tibidabo, mas por causa do tempo bem ruim e das avalia\u00e7\u00f5es assustadoras sobre carros constantemente arrombados, acabamos deixando isso de lado de cora\u00e7\u00e3o leve. Mas seja para percorrer as misteriosas ruelas do bairro g\u00f3tico ou apenas pegar um bronzeado na praia, a primeira coisa que voc\u00ea precisa resolver \u00e9 a pr\u00f3pria <strong>viagem at\u00e9 o litoral catal\u00e3o<\/strong>. O meio de transporte que voc\u00ea escolher vai definir totalmente o clima e o or\u00e7amento com que suas f\u00e9rias come\u00e7am.<\/p>\n\n\n\n<figure data-wp-context=\"{&quot;imageId&quot;:&quot;6a95670be6371&quot;}\" data-wp-interactive=\"core\/image\" data-wp-key=\"6a95670be6371\" class=\"wp-block-image size-full wp-lightbox-container\"><img decoding=\"async\" width=\"1920\" height=\"1440\" data-wp-class--hide=\"state.isContentHidden\" data-wp-class--show=\"state.isContentVisible\" data-wp-init=\"callbacks.setButtonStyles\" data-wp-on--click=\"actions.showLightbox\" data-wp-on--load=\"callbacks.setButtonStyles\" data-wp-on--pointerdown=\"actions.preloadImage\" data-wp-on--pointerenter=\"actions.preloadImageWithDelay\" data-wp-on--pointerleave=\"actions.cancelPreload\" data-wp-on-window--resize=\"callbacks.setButtonStyles\" src=\"https:\/\/loudavymkrokem.cz\/wp-content\/uploads\/2026\/08\/barcelona-tri-ruzne-systemy-metra-te-zmatou.jpg\" alt=\"\u00d4nibus intermunicipal Sagal\u00e9s no ponto\" class=\"wp-image-376460\" title=\"\" srcset=\"https:\/\/loudavymkrokem.cz\/wp-content\/uploads\/2026\/08\/barcelona-tri-ruzne-systemy-metra-te-zmatou.jpg 1920w, https:\/\/loudavymkrokem.cz\/wp-content\/uploads\/2026\/08\/barcelona-tri-ruzne-systemy-metra-te-zmatou-300x225.jpg 300w, https:\/\/loudavymkrokem.cz\/wp-content\/uploads\/2026\/08\/barcelona-tri-ruzne-systemy-metra-te-zmatou-700x525.jpg 700w, https:\/\/loudavymkrokem.cz\/wp-content\/uploads\/2026\/08\/barcelona-tri-ruzne-systemy-metra-te-zmatou-768x576.jpg 768w, https:\/\/loudavymkrokem.cz\/wp-content\/uploads\/2026\/08\/barcelona-tri-ruzne-systemy-metra-te-zmatou-1536x1152.jpg 1536w, https:\/\/loudavymkrokem.cz\/wp-content\/uploads\/2026\/08\/barcelona-tri-ruzne-systemy-metra-te-zmatou-80x60.jpg 80w, https:\/\/loudavymkrokem.cz\/wp-content\/uploads\/2026\/08\/barcelona-tri-ruzne-systemy-metra-te-zmatou-160x120.jpg 160w, https:\/\/loudavymkrokem.cz\/wp-content\/uploads\/2026\/08\/barcelona-tri-ruzne-systemy-metra-te-zmatou-696x522.jpg 696w, https:\/\/loudavymkrokem.cz\/wp-content\/uploads\/2026\/08\/barcelona-tri-ruzne-systemy-metra-te-zmatou-1392x1044.jpg 1392w\" sizes=\"(max-width: 1920px) 100vw, 1920px\" \/><button\n\t\t\tclass=\"lightbox-trigger\"\n\t\t\ttype=\"button\"\n\t\t\taria-haspopup=\"dialog\"\n\t\t\tdata-wp-bind--aria-label=\"state.thisImage.triggerButtonAriaLabel\"\n\t\t\tdata-wp-init=\"callbacks.initTriggerButton\"\n\t\t\tdata-wp-on--click=\"actions.showLightbox\"\n\t\t\tdata-wp-style--right=\"state.thisImage.buttonRight\"\n\t\t\tdata-wp-style--top=\"state.thisImage.buttonTop\"\n\t\t>\n\t\t\t<svg xmlns=\"http:\/\/www.w3.org\/2000\/svg\" width=\"12\" height=\"12\" fill=\"none\" viewBox=\"0 0 12 12\">\n\t\t\t\t<path fill=\"#fff\" d=\"M2 0a2 2 0 0 0-2 2v2h1.5V2a.5.5 0 0 1 .5-.5h2V0H2Zm2 10.5H2a.5.5 0 0 1-.5-.5V8H0v2a2 2 0 0 0 2 2h2v-1.5ZM8 12v-1.5h2a.5.5 0 0 0 .5-.5V8H12v2a2 2 0 0 1-2 2H8Zm2-12a2 2 0 0 1 2 2v2h-1.5V2a.5.5 0 0 0-.5-.5H8V0h2Z\" \/>\n\t\t\t<\/svg>\n\t\t<\/button><\/figure>\n\n\n\n<div id=\"ez-toc-container\" class=\"ez-toc-v2_0_86 ez-toc-wrap-left counter-hierarchy ez-toc-counter ez-toc-grey ez-toc-container-direction\">\n<div class=\"ez-toc-title-container\">\n<p class=\"ez-toc-title\" style=\"cursor:inherit\">Conte\u00fado do artigo<\/p>\n<span class=\"ez-toc-title-toggle\"><a href=\"#\" class=\"ez-toc-pull-right ez-toc-btn ez-toc-btn-xs ez-toc-btn-default ez-toc-toggle\" aria-label=\"Alternar tabela de conte\u00fado\"><span class=\"ez-toc-js-icon-con\"><span class=\"\"><span class=\"eztoc-hide\" style=\"display:none;\">Toggle<\/span><span class=\"ez-toc-icon-toggle-span\"><svg style=\"fill: #999;color:#999\" xmlns=\"http:\/\/www.w3.org\/2000\/svg\" class=\"list-377408\" width=\"20px\" height=\"20px\" viewBox=\"0 0 24 24\" fill=\"none\"><path d=\"M6 6H4v2h2V6zm14 0H8v2h12V6zM4 11h2v2H4v-2zm16 0H8v2h12v-2zM4 16h2v2H4v-2zm16 0H8v2h12v-2z\" fill=\"currentColor\"><\/path><\/svg><svg style=\"fill: #999;color:#999\" class=\"arrow-unsorted-368013\" xmlns=\"http:\/\/www.w3.org\/2000\/svg\" width=\"10px\" height=\"10px\" viewBox=\"0 0 24 24\" version=\"1.2\" baseProfile=\"tiny\"><path d=\"M18.2 9.3l-6.2-6.3-6.2 6.3c-.2.2-.3.4-.3.7s.1.5.3.7c.2.2.4.3.7.3h11c.3 0 .5-.1.7-.3.2-.2.3-.5.3-.7s-.1-.5-.3-.7zM5.8 14.7l6.2 6.3 6.2-6.3c.2-.2.3-.5.3-.7s-.1-.5-.3-.7c-.2-.2-.4-.3-.7-.3h-11c-.3 0-.5.1-.7.3-.2.2-.3.5-.3.7s.1.5.3.7z\"\/><\/svg><\/span><\/span><\/span><\/a><\/span><\/div>\n<nav><ul class='ez-toc-list ez-toc-list-level-1 ' ><ul class='ez-toc-list-level-3' ><li class='ez-toc-heading-level-3'><a class=\"ez-toc-link ez-toc-heading-1\" href=\"https:\/\/loudavymkrokem.cz\/pt-br\/como-chegar-barcelona-espanha\/#Resumo_para_quem_nao_tem_tempo_de_ler_o_artigo_todo\" >Resumo para quem n\u00e3o tem tempo de ler o artigo todo<\/a><\/li><\/ul><\/li><li class='ez-toc-page-1 ez-toc-heading-level-2'><a class=\"ez-toc-link ez-toc-heading-2\" href=\"https:\/\/loudavymkrokem.cz\/pt-br\/como-chegar-barcelona-espanha\/#Onde_se_hospedar_em_Barcelona_e_quanto_custa_a_taxa_turistica\" >Onde se hospedar em Barcelona e quanto custa a taxa tur\u00edstica<\/a><\/li><li class='ez-toc-page-1 ez-toc-heading-level-2'><a class=\"ez-toc-link ez-toc-heading-3\" href=\"https:\/\/loudavymkrokem.cz\/pt-br\/como-chegar-barcelona-espanha\/#11_coisas_que_voce_precisa_saber_sobre_a_viagem_a_Barcelona\" >11 coisas que voc\u00ea precisa saber sobre a viagem a Barcelona<\/a><ul class='ez-toc-list-level-3' ><li class='ez-toc-heading-level-3'><a class=\"ez-toc-link ez-toc-heading-4\" href=\"https:\/\/loudavymkrokem.cz\/pt-br\/como-chegar-barcelona-espanha\/#1_Voos_para_Barcelona_e_quem_os_opera\" >1. Voos para Barcelona e quem os opera<\/a><\/li><li class='ez-toc-page-1 ez-toc-heading-level-3'><a class=\"ez-toc-link ez-toc-heading-5\" href=\"https:\/\/loudavymkrokem.cz\/pt-br\/como-chegar-barcelona-espanha\/#2_Precos_aproximados_das_passagens_e_quando_comprar\" >2. Pre\u00e7os aproximados das passagens e quando comprar<\/a><\/li><li class='ez-toc-page-1 ez-toc-heading-level-3'><a class=\"ez-toc-link ez-toc-heading-6\" href=\"https:\/\/loudavymkrokem.cz\/pt-br\/como-chegar-barcelona-espanha\/#3_Ryanair_e_as_armadilhas_das_low-cost_com_bagagem\" >3. Ryanair e as armadilhas das low-cost com bagagem<\/a><\/li><li class='ez-toc-page-1 ez-toc-heading-level-3'><a class=\"ez-toc-link ez-toc-heading-7\" href=\"https:\/\/loudavymkrokem.cz\/pt-br\/como-chegar-barcelona-espanha\/#4_Vueling_e_seus_quilos_escalonados\" >4. Vueling e seus quilos escalonados<\/a><\/li><li class='ez-toc-page-1 ez-toc-heading-level-3'><a class=\"ez-toc-link ez-toc-heading-8\" href=\"https:\/\/loudavymkrokem.cz\/pt-br\/como-chegar-barcelona-espanha\/#5_Cuidado_com_os_cortes_de_voos_no_verao\" >5. Cuidado com os cortes de voos no ver\u00e3o<\/a><\/li><li class='ez-toc-page-1 ez-toc-heading-level-3'><a class=\"ez-toc-link ez-toc-heading-9\" href=\"https:\/\/loudavymkrokem.cz\/pt-br\/como-chegar-barcelona-espanha\/#6_Os_falsos_aeroportos_de_Girona_e_Reus\" >6. Os falsos aeroportos de Girona e Reus<\/a><\/li><li class='ez-toc-page-1 ez-toc-heading-level-3'><a class=\"ez-toc-link ez-toc-heading-10\" href=\"https:\/\/loudavymkrokem.cz\/pt-br\/como-chegar-barcelona-espanha\/#7_De_trem_pela_Europa_para_gravidas_e_quem_nao_voa\" >7. De trem pela Europa: para gr\u00e1vidas e quem n\u00e3o voa<\/a><\/li><li class='ez-toc-page-1 ez-toc-heading-level-3'><a class=\"ez-toc-link ez-toc-heading-11\" href=\"https:\/\/loudavymkrokem.cz\/pt-br\/como-chegar-barcelona-espanha\/#8_Rota_alternativa_de_trem_passando_por_Paris\" >8. Rota alternativa de trem passando por Paris<\/a><\/li><li class='ez-toc-page-1 ez-toc-heading-level-3'><a class=\"ez-toc-link ez-toc-heading-12\" href=\"https:\/\/loudavymkrokem.cz\/pt-br\/como-chegar-barcelona-espanha\/#9_De_carro_ate_Barcelona_Prepare-se_para_a_zona_ZBE\" >9. De carro at\u00e9 Barcelona? Prepare-se para a zona ZBE<\/a><\/li><li class='ez-toc-page-1 ez-toc-heading-level-3'><a class=\"ez-toc-link ez-toc-heading-13\" href=\"https:\/\/loudavymkrokem.cz\/pt-br\/como-chegar-barcelona-espanha\/#10_Como_chegar_do_aeroporto_El_Prat_ao_centro\" >10. Como chegar do aeroporto El Prat ao centro<\/a><\/li><li class='ez-toc-page-1 ez-toc-heading-level-3'><a class=\"ez-toc-link ez-toc-heading-14\" href=\"https:\/\/loudavymkrokem.cz\/pt-br\/como-chegar-barcelona-espanha\/#11_Pacote_com_agencia_vs_viagem_por_conta_propria\" >11. Pacote com ag\u00eancia vs. viagem por conta pr\u00f3pria<\/a><\/li><\/ul><\/li><li class='ez-toc-page-1 ez-toc-heading-level-2'><a class=\"ez-toc-link ez-toc-heading-15\" href=\"https:\/\/loudavymkrokem.cz\/pt-br\/como-chegar-barcelona-espanha\/#Resumo_pratico_e_precos_aproximados\" >Resumo pr\u00e1tico e pre\u00e7os aproximados<\/a><\/li><li class='ez-toc-page-1 ez-toc-heading-level-2'><a class=\"ez-toc-link ez-toc-heading-16\" href=\"https:\/\/loudavymkrokem.cz\/pt-br\/como-chegar-barcelona-espanha\/#Para_onde_ir_depois\" >Para onde ir depois<\/a><\/li><li class='ez-toc-page-1 ez-toc-heading-level-2'><a class=\"ez-toc-link ez-toc-heading-17\" href=\"https:\/\/loudavymkrokem.cz\/pt-br\/como-chegar-barcelona-espanha\/#Perguntas_frequentes\" >Perguntas frequentes<\/a><ul class='ez-toc-list-level-3' ><li class='ez-toc-heading-level-3'><a class=\"ez-toc-link ez-toc-heading-18\" href=\"https:\/\/loudavymkrokem.cz\/pt-br\/como-chegar-barcelona-espanha\/#Quanto_tempo_dura_o_voo_para_Barcelona_saindo_do_Brasil\" >Quanto tempo dura o voo para Barcelona saindo do Brasil?<\/a><\/li><li class='ez-toc-page-1 ez-toc-heading-level-3'><a class=\"ez-toc-link ez-toc-heading-19\" href=\"https:\/\/loudavymkrokem.cz\/pt-br\/como-chegar-barcelona-espanha\/#Quanto_custa_aproximadamente_a_passagem_aerea\" >Quanto custa aproximadamente a passagem a\u00e9rea?<\/a><\/li><li class='ez-toc-page-1 ez-toc-heading-level-3'><a class=\"ez-toc-link ez-toc-heading-20\" href=\"https:\/\/loudavymkrokem.cz\/pt-br\/como-chegar-barcelona-espanha\/#A_passagem_comum_de_metro_funciona_saindo_do_aeroporto\" >A passagem comum de metr\u00f4 funciona saindo do aeroporto?<\/a><\/li><li class='ez-toc-page-1 ez-toc-heading-level-3'><a class=\"ez-toc-link ez-toc-heading-21\" href=\"https:\/\/loudavymkrokem.cz\/pt-br\/como-chegar-barcelona-espanha\/#Posso_ir_de_carro_ate_o_centro_de_Barcelona\" >Posso ir de carro at\u00e9 o centro de Barcelona?<\/a><\/li><li class='ez-toc-page-1 ez-toc-heading-level-3'><a class=\"ez-toc-link ez-toc-heading-22\" href=\"https:\/\/loudavymkrokem.cz\/pt-br\/como-chegar-barcelona-espanha\/#Da_para_chegar_a_Barcelona_confortavelmente_de_trem\" >D\u00e1 para chegar a Barcelona confortavelmente de trem?<\/a><\/li><li class='ez-toc-page-1 ez-toc-heading-level-3'><a class=\"ez-toc-link ez-toc-heading-23\" href=\"https:\/\/loudavymkrokem.cz\/pt-br\/como-chegar-barcelona-espanha\/#Com_o_que_tomar_cuidado_nas_companhias_aereas_low-cost_como_Ryanair\" >Com o que tomar cuidado nas companhias a\u00e9reas low-cost como Ryanair?<\/a><\/li><li class='ez-toc-page-1 ez-toc-heading-level-3'><a class=\"ez-toc-link ez-toc-heading-24\" href=\"https:\/\/loudavymkrokem.cz\/pt-br\/como-chegar-barcelona-espanha\/#Vale_a_pena_voar_para_os_aeroportos_mais_distantes_de_Girona_ou_Reus\" >Vale a pena voar para os aeroportos mais distantes de Girona ou Reus?<\/a><\/li><\/ul><\/li><\/ul><\/nav><\/div>\n<h3 class=\"wp-block-heading\"><span class=\"ez-toc-section\" id=\"Resumo_para_quem_nao_tem_tempo_de_ler_o_artigo_todo\"><\/span>Resumo para quem n\u00e3o tem tempo de ler o artigo todo<span class=\"ez-toc-section-end\"><\/span><\/h3>\n\n\n\n<ul class=\"wp-block-list\">\n\n<li>  <strong>De S\u00e3o Paulo at\u00e9 Barcelona h\u00e1 voos com conex\u00e3o<\/strong>, e na temporada de ver\u00e3o de 2026 as companhias operam com boa frequ\u00eancia.<\/li>\n\n\n\n<li>  <strong>Companhias como LATAM, TAP e GOL<\/strong> conectam o Brasil \u00e0 Espanha, geralmente com escala na Europa.<\/li>\n\n\n\n<li>  <strong>As passagens variam bastante de pre\u00e7o<\/strong>, mas no ver\u00e3o europeu, com bagagem despachada, o valor sobe consideravelmente.<\/li>\n\n\n\n<li>  <strong>Do aeroporto El Prat at\u00e9 o centro sai o Aerob\u00fas por 7,45 \u20ac (cerca de R$ 46)<\/strong>, enquanto o bilhete comum T-casual n\u00e3o vale no metr\u00f4 do aeroporto.<\/li>\n\n\n\n<li>  <strong>A viagem de trem pela Europa faz todo sentido<\/strong> se voc\u00ea n\u00e3o pode voar por quest\u00f5es de sa\u00fade ou est\u00e1 esperando beb\u00ea.<\/li>\n\n\n\n<li>  <strong>Evite entrar de carro no centro de Barcelona<\/strong>, porque a cidade tem uma zona de baixa emiss\u00e3o r\u00edgida (ZBE), com multa de 200 \u20ac (cerca de R$ 1.250).<\/li>\n\n\n\n<li>  <strong>Evite os aeroportos de Girona e Reus<\/strong>, de onde voc\u00ea enfrenta uma viagem longa e cara de \u00f4nibus, a menos que v\u00e1 direto ao litoral pr\u00f3ximo.<\/li>\n\n\n<\/ul>\n\n\n\n<figure data-wp-context=\"{&quot;imageId&quot;:&quot;6a95670be6aac&quot;}\" data-wp-interactive=\"core\/image\" data-wp-key=\"6a95670be6aac\" class=\"wp-block-image size-full wp-lightbox-container\"><img decoding=\"async\" width=\"1034\" height=\"2560\" data-wp-class--hide=\"state.isContentHidden\" data-wp-class--show=\"state.isContentVisible\" data-wp-init=\"callbacks.setButtonStyles\" data-wp-on--click=\"actions.showLightbox\" data-wp-on--load=\"callbacks.setButtonStyles\" data-wp-on--pointerdown=\"actions.preloadImage\" data-wp-on--pointerenter=\"actions.preloadImageWithDelay\" data-wp-on--pointerleave=\"actions.cancelPreload\" data-wp-on-window--resize=\"callbacks.setButtonStyles\" src=\"https:\/\/loudavymkrokem.cz\/wp-content\/uploads\/2026\/08\/barcelona-kde-se-ubytovat-v-barcelone-a-kolik--scaled.jpg\" alt=\"Torre Gl\u00f2ries em Barcelona\" class=\"wp-image-376472\" title=\"\" srcset=\"https:\/\/loudavymkrokem.cz\/wp-content\/uploads\/2026\/08\/barcelona-kde-se-ubytovat-v-barcelone-a-kolik--scaled.jpg 1034w, https:\/\/loudavymkrokem.cz\/wp-content\/uploads\/2026\/08\/barcelona-kde-se-ubytovat-v-barcelone-a-kolik--121x300.jpg 121w, https:\/\/loudavymkrokem.cz\/wp-content\/uploads\/2026\/08\/barcelona-kde-se-ubytovat-v-barcelone-a-kolik--700x1733.jpg 700w, https:\/\/loudavymkrokem.cz\/wp-content\/uploads\/2026\/08\/barcelona-kde-se-ubytovat-v-barcelone-a-kolik--768x1902.jpg 768w, https:\/\/loudavymkrokem.cz\/wp-content\/uploads\/2026\/08\/barcelona-kde-se-ubytovat-v-barcelone-a-kolik--620x1536.jpg 620w, https:\/\/loudavymkrokem.cz\/wp-content\/uploads\/2026\/08\/barcelona-kde-se-ubytovat-v-barcelone-a-kolik--827x2048.jpg 827w, https:\/\/loudavymkrokem.cz\/wp-content\/uploads\/2026\/08\/barcelona-kde-se-ubytovat-v-barcelone-a-kolik--696x1723.jpg 696w, https:\/\/loudavymkrokem.cz\/wp-content\/uploads\/2026\/08\/barcelona-kde-se-ubytovat-v-barcelone-a-kolik--1392x3447.jpg 1392w\" sizes=\"(max-width: 1034px) 100vw, 1034px\" \/><button\n\t\t\tclass=\"lightbox-trigger\"\n\t\t\ttype=\"button\"\n\t\t\taria-haspopup=\"dialog\"\n\t\t\tdata-wp-bind--aria-label=\"state.thisImage.triggerButtonAriaLabel\"\n\t\t\tdata-wp-init=\"callbacks.initTriggerButton\"\n\t\t\tdata-wp-on--click=\"actions.showLightbox\"\n\t\t\tdata-wp-style--right=\"state.thisImage.buttonRight\"\n\t\t\tdata-wp-style--top=\"state.thisImage.buttonTop\"\n\t\t>\n\t\t\t<svg xmlns=\"http:\/\/www.w3.org\/2000\/svg\" width=\"12\" height=\"12\" fill=\"none\" viewBox=\"0 0 12 12\">\n\t\t\t\t<path fill=\"#fff\" d=\"M2 0a2 2 0 0 0-2 2v2h1.5V2a.5.5 0 0 1 .5-.5h2V0H2Zm2 10.5H2a.5.5 0 0 1-.5-.5V8H0v2a2 2 0 0 0 2 2h2v-1.5ZM8 12v-1.5h2a.5.5 0 0 0 .5-.5V8H12v2a2 2 0 0 1-2 2H8Zm2-12a2 2 0 0 1 2 2v2h-1.5V2a.5.5 0 0 0-.5-.5H8V0h2Z\" \/>\n\t\t\t<\/svg>\n\t\t<\/button><figcaption class=\"wp-element-caption\">Foto: Diliff \/ Wikimedia Commons, CC BY 2.5<\/figcaption><\/figure>\n\n\n\n<h2 class=\"wp-block-heading\"><span class=\"ez-toc-section\" id=\"Onde_se_hospedar_em_Barcelona_e_quanto_custa_a_taxa_turistica\"><\/span>Onde se hospedar em Barcelona e quanto custa a taxa tur\u00edstica<span class=\"ez-toc-section-end\"><\/span><\/h2>\n\n\n\n<p class=\"wp-block-paragraph\"><em>\ud83d\udca1 <strong>Dica de hospedagem e experi\u00eancias<\/strong>: A gente prefere procurar hospedagem no <a class=\"thirstylink\" rel=\"nofollow\" target=\"_blank\" title=\"Booking.com\" href=\"https:\/\/loudavymkrokem.cz\/doporucujeme\/booking-com\/\" data-shortcode=\"true\">Booking.com<\/a>, onde costumam estar as <strong>melhores condi\u00e7\u00f5es de cancelamento<\/strong>. J\u00e1 os ingressos, passeios e atividades vale a pena comparar e comprar pelo <a class=\"thirstylink\" rel=\"nofollow\" target=\"_blank\" title=\"GetYourGuide\" href=\"https:\/\/loudavymkrokem.cz\/doporucujeme\/getyourguide\/\" data-shortcode=\"true\">GetYourGuide<\/a>.<\/em><\/p>\n\n\n\n<p class=\"wp-block-paragraph\">Escolher hospedagem na capital catal\u00e3 anda meio complicado ultimamente, porque a cidade planeja <strong>cancelar por completo todas as licen\u00e7as de apartamentos tur\u00edsticos at\u00e9 2028<\/strong>. Por isso, os pre\u00e7os dos hot\u00e9is tradicionais est\u00e3o subindo e a oferta de hospedagem acess\u00edvel est\u00e1 diminuindo de forma inc\u00f4moda. Al\u00e9m disso, voc\u00ea precisa somar ao or\u00e7amento a nova taxa tur\u00edstica, que vale a partir de abril de 2026 e pode encarecer bastante a estadia. No luxo cinco estrelas, voc\u00ea paga 12 \u20ac (cerca de R$ 75) por pessoa e por noite; num hotel padr\u00e3o quatro estrelas s\u00e3o 8,40 \u20ac e <strong>nos populares apartamentos tur\u00edsticos cobram 9,50 \u20ac por noite<\/strong>. A taxa \u00e9 cobrada no m\u00e1ximo pelas sete primeiras noites, mas mesmo assim, numas f\u00e9rias mais longas, isso vai se acumulando.<\/p>\n\n\n\n<p class=\"wp-block-paragraph\">Na nossa visita, apostamos no <strong>Hotel Gaud\u00ed<\/strong>, que fica a poucos passos do famoso Palau G\u00fcell e pertinho da movimentada avenida La Rambla. Foi uma escolha totalmente estrat\u00e9gica para explorar a cidade a p\u00e9 e, de quebra, eles t\u00eam um terra\u00e7o lindo no topo com piscina, de onde se tem uma vista maravilhosa das chamin\u00e9s do pal\u00e1cio de Gaud\u00ed.<\/p>\n\n\n\n<p class=\"wp-block-paragraph\">Se voc\u00ea procura algo visualmente impressionante, d\u00e1 uma olhada no <strong>Hotel Ayre Rosell\u00f3n<\/strong>, que tem uma vista de tirar o f\u00f4lego direto para a Sagrada Fam\u00edlia em constru\u00e7\u00e3o, a partir do bar no rooftop. Para quem viaja com or\u00e7amento menor, o <strong>Motel One Barcelona-Ciutadella<\/strong> cai super bem, com quartos modernos e bonitos ao lado de um parque enorme e a poucos minutos a p\u00e9 da praia. Se quiser experimentar o luxo absoluto e acordar ao som das ondas, veja o ic\u00f4nico <strong>W Barcelona<\/strong>, aquele famoso pr\u00e9dio em formato de vela que domina todo o litoral. J\u00e1 para mochileiros e viajantes solo, segundo as avalia\u00e7\u00f5es, funciona muito bem o <strong>Hostel One Paralelo<\/strong>, onde reina um clima de amizade incr\u00edvel e h\u00e1 noites em grupo.<\/p>\n\n\n\n<figure data-wp-context=\"{&quot;imageId&quot;:&quot;6a95670be7242&quot;}\" data-wp-interactive=\"core\/image\" data-wp-key=\"6a95670be7242\" class=\"wp-block-image size-full wp-lightbox-container\"><img decoding=\"async\" width=\"1600\" height=\"1067\" data-wp-class--hide=\"state.isContentHidden\" data-wp-class--show=\"state.isContentVisible\" data-wp-init=\"callbacks.setButtonStyles\" data-wp-on--click=\"actions.showLightbox\" data-wp-on--load=\"callbacks.setButtonStyles\" data-wp-on--pointerdown=\"actions.preloadImage\" data-wp-on--pointerenter=\"actions.preloadImageWithDelay\" data-wp-on--pointerleave=\"actions.cancelPreload\" data-wp-on-window--resize=\"callbacks.setButtonStyles\" src=\"https:\/\/loudavymkrokem.cz\/wp-content\/uploads\/2026\/08\/barcelona-uber-a-bolt-tady-radeji-ani-nezapine-px.jpg\" alt=\"T\u00e1xi amarelo e preto de Barcelona\" class=\"wp-image-376459\" title=\"\" srcset=\"https:\/\/loudavymkrokem.cz\/wp-content\/uploads\/2026\/08\/barcelona-uber-a-bolt-tady-radeji-ani-nezapine-px.jpg 1600w, https:\/\/loudavymkrokem.cz\/wp-content\/uploads\/2026\/08\/barcelona-uber-a-bolt-tady-radeji-ani-nezapine-px-300x200.jpg 300w, https:\/\/loudavymkrokem.cz\/wp-content\/uploads\/2026\/08\/barcelona-uber-a-bolt-tady-radeji-ani-nezapine-px-700x467.jpg 700w, https:\/\/loudavymkrokem.cz\/wp-content\/uploads\/2026\/08\/barcelona-uber-a-bolt-tady-radeji-ani-nezapine-px-768x512.jpg 768w, https:\/\/loudavymkrokem.cz\/wp-content\/uploads\/2026\/08\/barcelona-uber-a-bolt-tady-radeji-ani-nezapine-px-1536x1024.jpg 1536w, https:\/\/loudavymkrokem.cz\/wp-content\/uploads\/2026\/08\/barcelona-uber-a-bolt-tady-radeji-ani-nezapine-px-696x464.jpg 696w, https:\/\/loudavymkrokem.cz\/wp-content\/uploads\/2026\/08\/barcelona-uber-a-bolt-tady-radeji-ani-nezapine-px-1392x928.jpg 1392w\" sizes=\"(max-width: 1600px) 100vw, 1600px\" \/><button\n\t\t\tclass=\"lightbox-trigger\"\n\t\t\ttype=\"button\"\n\t\t\taria-haspopup=\"dialog\"\n\t\t\tdata-wp-bind--aria-label=\"state.thisImage.triggerButtonAriaLabel\"\n\t\t\tdata-wp-init=\"callbacks.initTriggerButton\"\n\t\t\tdata-wp-on--click=\"actions.showLightbox\"\n\t\t\tdata-wp-style--right=\"state.thisImage.buttonRight\"\n\t\t\tdata-wp-style--top=\"state.thisImage.buttonTop\"\n\t\t>\n\t\t\t<svg xmlns=\"http:\/\/www.w3.org\/2000\/svg\" width=\"12\" height=\"12\" fill=\"none\" viewBox=\"0 0 12 12\">\n\t\t\t\t<path fill=\"#fff\" d=\"M2 0a2 2 0 0 0-2 2v2h1.5V2a.5.5 0 0 1 .5-.5h2V0H2Zm2 10.5H2a.5.5 0 0 1-.5-.5V8H0v2a2 2 0 0 0 2 2h2v-1.5ZM8 12v-1.5h2a.5.5 0 0 0 .5-.5V8H12v2a2 2 0 0 1-2 2H8Zm2-12a2 2 0 0 1 2 2v2h-1.5V2a.5.5 0 0 0-.5-.5H8V0h2Z\" \/>\n\t\t\t<\/svg>\n\t\t<\/button><\/figure>\n\n\n\n<h2 class=\"wp-block-heading\"><span class=\"ez-toc-section\" id=\"11_coisas_que_voce_precisa_saber_sobre_a_viagem_a_Barcelona\"><\/span>11 coisas que voc\u00ea precisa saber sobre a viagem a Barcelona<span class=\"ez-toc-section-end\"><\/span><\/h2>\n\n\n\n<figure data-wp-context=\"{&quot;imageId&quot;:&quot;6a95670be7744&quot;}\" data-wp-interactive=\"core\/image\" data-wp-key=\"6a95670be7744\" class=\"wp-block-image size-full wp-lightbox-container\"><img decoding=\"async\" width=\"1920\" height=\"1252\" data-wp-class--hide=\"state.isContentHidden\" data-wp-class--show=\"state.isContentVisible\" data-wp-init=\"callbacks.setButtonStyles\" data-wp-on--click=\"actions.showLightbox\" data-wp-on--load=\"callbacks.setButtonStyles\" data-wp-on--pointerdown=\"actions.preloadImage\" data-wp-on--pointerenter=\"actions.preloadImageWithDelay\" data-wp-on--pointerleave=\"actions.cancelPreload\" data-wp-on-window--resize=\"callbacks.setButtonStyles\" src=\"https:\/\/loudavymkrokem.cz\/wp-content\/uploads\/2026\/08\/barcelona-aerobus-je-sice-drazsi-ale-usetri-ne.jpg\" alt=\"\u00d4nibus Aerob\u00fas no ponto em Barcelona\" class=\"wp-image-376457\" title=\"\" srcset=\"https:\/\/loudavymkrokem.cz\/wp-content\/uploads\/2026\/08\/barcelona-aerobus-je-sice-drazsi-ale-usetri-ne.jpg 1920w, https:\/\/loudavymkrokem.cz\/wp-content\/uploads\/2026\/08\/barcelona-aerobus-je-sice-drazsi-ale-usetri-ne-300x196.jpg 300w, https:\/\/loudavymkrokem.cz\/wp-content\/uploads\/2026\/08\/barcelona-aerobus-je-sice-drazsi-ale-usetri-ne-700x456.jpg 700w, https:\/\/loudavymkrokem.cz\/wp-content\/uploads\/2026\/08\/barcelona-aerobus-je-sice-drazsi-ale-usetri-ne-768x501.jpg 768w, https:\/\/loudavymkrokem.cz\/wp-content\/uploads\/2026\/08\/barcelona-aerobus-je-sice-drazsi-ale-usetri-ne-1536x1002.jpg 1536w, https:\/\/loudavymkrokem.cz\/wp-content\/uploads\/2026\/08\/barcelona-aerobus-je-sice-drazsi-ale-usetri-ne-696x454.jpg 696w, https:\/\/loudavymkrokem.cz\/wp-content\/uploads\/2026\/08\/barcelona-aerobus-je-sice-drazsi-ale-usetri-ne-1392x908.jpg 1392w\" sizes=\"(max-width: 1920px) 100vw, 1920px\" \/><button\n\t\t\tclass=\"lightbox-trigger\"\n\t\t\ttype=\"button\"\n\t\t\taria-haspopup=\"dialog\"\n\t\t\tdata-wp-bind--aria-label=\"state.thisImage.triggerButtonAriaLabel\"\n\t\t\tdata-wp-init=\"callbacks.initTriggerButton\"\n\t\t\tdata-wp-on--click=\"actions.showLightbox\"\n\t\t\tdata-wp-style--right=\"state.thisImage.buttonRight\"\n\t\t\tdata-wp-style--top=\"state.thisImage.buttonTop\"\n\t\t>\n\t\t\t<svg xmlns=\"http:\/\/www.w3.org\/2000\/svg\" width=\"12\" height=\"12\" fill=\"none\" viewBox=\"0 0 12 12\">\n\t\t\t\t<path fill=\"#fff\" d=\"M2 0a2 2 0 0 0-2 2v2h1.5V2a.5.5 0 0 1 .5-.5h2V0H2Zm2 10.5H2a.5.5 0 0 1-.5-.5V8H0v2a2 2 0 0 0 2 2h2v-1.5ZM8 12v-1.5h2a.5.5 0 0 0 .5-.5V8H12v2a2 2 0 0 1-2 2H8Zm2-12a2 2 0 0 1 2 2v2h-1.5V2a.5.5 0 0 0-.5-.5H8V0h2Z\" \/>\n\t\t\t<\/svg>\n\t\t<\/button><\/figure>\n\n\n\n<h3 class=\"wp-block-heading\"><span class=\"ez-toc-section\" id=\"1_Voos_para_Barcelona_e_quem_os_opera\"><\/span>1. Voos para Barcelona e quem os opera<span class=\"ez-toc-section-end\"><\/span><\/h3>\n\n\n\n<p class=\"wp-block-paragraph\">Chegar \u00e0 capital catal\u00e3 nunca foi t\u00e3o simples, porque a rota a\u00e9rea at\u00e9 a Espanha est\u00e1 funcionando a todo vapor em 2026. Do Brasil, voc\u00ea n\u00e3o tem voo direto, mas companhias como <strong>LATAM, TAP, GOL e Azul<\/strong> conectam S\u00e3o Paulo e o Rio de Janeiro a Barcelona, geralmente com uma escala em Lisboa, Madri ou em algum grande hub europeu. Uma vez dentro da Europa, o trecho at\u00e9 o aeroporto El Prat de Barcelona \u00e9 curt\u00edssimo, coberto por voos frequentes de v\u00e1rias low-cost.<\/p>\n\n\n\n<p class=\"wp-block-paragraph\">No trecho europeu, tr\u00eas grandes players disputam ferozmente cada passageiro. A maior fatia fica com a <strong>espanhola Vueling<\/strong>, seguida por Ryanair e outras companhias de baixo custo. As primeiras aeronaves da manh\u00e3 j\u00e1 decolam bem cedo, o que \u00e9 ideal para quem quer aproveitar o caf\u00e9 da tarde direto na praia. Se voc\u00ea prefere viajar depois do expediente, h\u00e1 voos noturnos que chegam a Barcelona por volta da meia-noite.<\/p>\n\n\n\n<p class=\"wp-block-paragraph\">A concorr\u00eancia felizmente empurra os pre\u00e7os para baixo e te d\u00e1 muita liberdade no planejamento, mas exige aten\u00e7\u00e3o na hora de escolher a companhia certa. Cada uma tem <strong>regras totalmente diferentes para bagagem e taxas escondidas<\/strong>, que podem encarecer a passagem de forma desagrad\u00e1vel.<\/p>\n\n\n\n<p class=\"wp-block-paragraph\">\ud83d\udca1 Dica: Compare sempre com cuidado de qual terminal voc\u00ea parte na conex\u00e3o, porque as <strong>low-cost costumam embarcar de locais diferentes<\/strong>, e a confus\u00e3o no aeroporto pode custar muitos nervos e ainda dinheiro em t\u00e1xi.<\/p>\n\n\n\n<figure data-wp-context=\"{&quot;imageId&quot;:&quot;6a95670be7e0d&quot;}\" data-wp-interactive=\"core\/image\" data-wp-key=\"6a95670be7e0d\" class=\"wp-block-image size-full wp-lightbox-container\"><img decoding=\"async\" width=\"1600\" height=\"1067\" data-wp-class--hide=\"state.isContentHidden\" data-wp-class--show=\"state.isContentVisible\" data-wp-init=\"callbacks.setButtonStyles\" data-wp-on--click=\"actions.showLightbox\" data-wp-on--load=\"callbacks.setButtonStyles\" data-wp-on--pointerdown=\"actions.preloadImage\" data-wp-on--pointerenter=\"actions.preloadImageWithDelay\" data-wp-on--pointerleave=\"actions.cancelPreload\" data-wp-on-window--resize=\"callbacks.setButtonStyles\" src=\"https:\/\/loudavymkrokem.cz\/wp-content\/uploads\/2026\/08\/barcelona-vlak-r2-nord-je-nejlevnejsi-zachrana-px.jpg\" alt=\"Esta\u00e7\u00e3o de trem hist\u00f3rica na Espanha\" class=\"wp-image-376455\" title=\"\" srcset=\"https:\/\/loudavymkrokem.cz\/wp-content\/uploads\/2026\/08\/barcelona-vlak-r2-nord-je-nejlevnejsi-zachrana-px.jpg 1600w, https:\/\/loudavymkrokem.cz\/wp-content\/uploads\/2026\/08\/barcelona-vlak-r2-nord-je-nejlevnejsi-zachrana-px-300x200.jpg 300w, https:\/\/loudavymkrokem.cz\/wp-content\/uploads\/2026\/08\/barcelona-vlak-r2-nord-je-nejlevnejsi-zachrana-px-700x467.jpg 700w, https:\/\/loudavymkrokem.cz\/wp-content\/uploads\/2026\/08\/barcelona-vlak-r2-nord-je-nejlevnejsi-zachrana-px-768x512.jpg 768w, https:\/\/loudavymkrokem.cz\/wp-content\/uploads\/2026\/08\/barcelona-vlak-r2-nord-je-nejlevnejsi-zachrana-px-1536x1024.jpg 1536w, https:\/\/loudavymkrokem.cz\/wp-content\/uploads\/2026\/08\/barcelona-vlak-r2-nord-je-nejlevnejsi-zachrana-px-696x464.jpg 696w, https:\/\/loudavymkrokem.cz\/wp-content\/uploads\/2026\/08\/barcelona-vlak-r2-nord-je-nejlevnejsi-zachrana-px-1392x928.jpg 1392w\" sizes=\"(max-width: 1600px) 100vw, 1600px\" \/><button\n\t\t\tclass=\"lightbox-trigger\"\n\t\t\ttype=\"button\"\n\t\t\taria-haspopup=\"dialog\"\n\t\t\tdata-wp-bind--aria-label=\"state.thisImage.triggerButtonAriaLabel\"\n\t\t\tdata-wp-init=\"callbacks.initTriggerButton\"\n\t\t\tdata-wp-on--click=\"actions.showLightbox\"\n\t\t\tdata-wp-style--right=\"state.thisImage.buttonRight\"\n\t\t\tdata-wp-style--top=\"state.thisImage.buttonTop\"\n\t\t>\n\t\t\t<svg xmlns=\"http:\/\/www.w3.org\/2000\/svg\" width=\"12\" height=\"12\" fill=\"none\" viewBox=\"0 0 12 12\">\n\t\t\t\t<path fill=\"#fff\" d=\"M2 0a2 2 0 0 0-2 2v2h1.5V2a.5.5 0 0 1 .5-.5h2V0H2Zm2 10.5H2a.5.5 0 0 1-.5-.5V8H0v2a2 2 0 0 0 2 2h2v-1.5ZM8 12v-1.5h2a.5.5 0 0 0 .5-.5V8H12v2a2 2 0 0 1-2 2H8Zm2-12a2 2 0 0 1 2 2v2h-1.5V2a.5.5 0 0 0-.5-.5H8V0h2Z\" \/>\n\t\t\t<\/svg>\n\t\t<\/button><\/figure>\n\n\n\n<h3 class=\"wp-block-heading\"><span class=\"ez-toc-section\" id=\"2_Precos_aproximados_das_passagens_e_quando_comprar\"><\/span>2. Pre\u00e7os aproximados das passagens e quando comprar<span class=\"ez-toc-section-end\"><\/span><\/h3>\n\n\n\n<p class=\"wp-block-paragraph\">Quando voc\u00ea come\u00e7ar a procurar passagens para Barcelona, os buscadores provavelmente v\u00e3o te mostrar n\u00fameros incrivelmente atraentes, com os quais voc\u00ea precisa ter muito cuidado. Do Brasil, os valores para a Europa oscilam bastante conforme a \u00e9poca, e aquelas ofertas magn\u00edficas costumam valer s\u00f3 para as datas menos atraentes do ano. A realidade da alta temporada, infelizmente, fica bem longe disso.<\/p>\n\n\n\n<p class=\"wp-block-paragraph\">N\u00e3o se deixe enganar pelos folhetos de marketing. Assim que voc\u00ea viajar em julho ou agosto, adicionar a mala de m\u00e3o e ainda quiser sentar do lado do seu parceiro, o valor sobe consideravelmente. E a\u00ed ainda estamos falando s\u00f3 de um trecho, sem contar bagagem despachada.<\/p>\n\n\n\n<p class=\"wp-block-paragraph\">O pior erro \u00e9 comprar passagem em cima da hora, quando os pre\u00e7os das low-cost sobem tranquilamente ao triplo do valor normal. <strong>O momento ideal para comprar \u00e9 cerca de dois a tr\u00eas meses antes do embarque<\/strong> no trecho europeu (e ainda antes para o voo transatl\u00e2ntico do Brasil), quando as companhias ainda n\u00e3o lotaram a capacidade e oferecem tarifas razo\u00e1veis para os simples mortais.<\/p>\n\n\n\n<p class=\"wp-block-paragraph\">\ud83d\udca1 Dica: Se voc\u00ea tem flexibilidade nas datas das f\u00e9rias, tente voar no meio da semana em vez de sexta \u00e0 noite, porque os <strong>voos de ter\u00e7a e quarta costumam ser estatisticamente os mais baratos<\/strong> da semana e voc\u00ea ainda economiza na hospedagem.<\/p>\n\n\n\n<figure data-wp-context=\"{&quot;imageId&quot;:&quot;6a95670be84c4&quot;}\" data-wp-interactive=\"core\/image\" data-wp-key=\"6a95670be84c4\" class=\"wp-block-image size-full wp-lightbox-container\"><img decoding=\"async\" width=\"1600\" height=\"900\" data-wp-class--hide=\"state.isContentHidden\" data-wp-class--show=\"state.isContentVisible\" data-wp-init=\"callbacks.setButtonStyles\" data-wp-on--click=\"actions.showLightbox\" data-wp-on--load=\"callbacks.setButtonStyles\" data-wp-on--pointerdown=\"actions.preloadImage\" data-wp-on--pointerenter=\"actions.preloadImageWithDelay\" data-wp-on--pointerleave=\"actions.cancelPreload\" data-wp-on-window--resize=\"callbacks.setButtonStyles\" src=\"https:\/\/loudavymkrokem.cz\/wp-content\/uploads\/2026\/08\/barcelona-ryanair-a-nizkonakladove-pasti-se-za-px.jpg\" alt=\"Avi\u00e3o da Ryanair decolando\" class=\"wp-image-376473\" title=\"\" srcset=\"https:\/\/loudavymkrokem.cz\/wp-content\/uploads\/2026\/08\/barcelona-ryanair-a-nizkonakladove-pasti-se-za-px.jpg 1600w, https:\/\/loudavymkrokem.cz\/wp-content\/uploads\/2026\/08\/barcelona-ryanair-a-nizkonakladove-pasti-se-za-px-300x169.jpg 300w, https:\/\/loudavymkrokem.cz\/wp-content\/uploads\/2026\/08\/barcelona-ryanair-a-nizkonakladove-pasti-se-za-px-700x394.jpg 700w, https:\/\/loudavymkrokem.cz\/wp-content\/uploads\/2026\/08\/barcelona-ryanair-a-nizkonakladove-pasti-se-za-px-768x432.jpg 768w, https:\/\/loudavymkrokem.cz\/wp-content\/uploads\/2026\/08\/barcelona-ryanair-a-nizkonakladove-pasti-se-za-px-1536x864.jpg 1536w, https:\/\/loudavymkrokem.cz\/wp-content\/uploads\/2026\/08\/barcelona-ryanair-a-nizkonakladove-pasti-se-za-px-696x392.jpg 696w, https:\/\/loudavymkrokem.cz\/wp-content\/uploads\/2026\/08\/barcelona-ryanair-a-nizkonakladove-pasti-se-za-px-1392x783.jpg 1392w\" sizes=\"(max-width: 1600px) 100vw, 1600px\" \/><button\n\t\t\tclass=\"lightbox-trigger\"\n\t\t\ttype=\"button\"\n\t\t\taria-haspopup=\"dialog\"\n\t\t\tdata-wp-bind--aria-label=\"state.thisImage.triggerButtonAriaLabel\"\n\t\t\tdata-wp-init=\"callbacks.initTriggerButton\"\n\t\t\tdata-wp-on--click=\"actions.showLightbox\"\n\t\t\tdata-wp-style--right=\"state.thisImage.buttonRight\"\n\t\t\tdata-wp-style--top=\"state.thisImage.buttonTop\"\n\t\t>\n\t\t\t<svg xmlns=\"http:\/\/www.w3.org\/2000\/svg\" width=\"12\" height=\"12\" fill=\"none\" viewBox=\"0 0 12 12\">\n\t\t\t\t<path fill=\"#fff\" d=\"M2 0a2 2 0 0 0-2 2v2h1.5V2a.5.5 0 0 1 .5-.5h2V0H2Zm2 10.5H2a.5.5 0 0 1-.5-.5V8H0v2a2 2 0 0 0 2 2h2v-1.5ZM8 12v-1.5h2a.5.5 0 0 0 .5-.5V8H12v2a2 2 0 0 1-2 2H8Zm2-12a2 2 0 0 1 2 2v2h-1.5V2a.5.5 0 0 0-.5-.5H8V0h2Z\" \/>\n\t\t\t<\/svg>\n\t\t<\/button><figcaption class=\"wp-element-caption\">Foto: Grzegorz  Lewandowski \/ Pexels<\/figcaption><\/figure>\n\n\n\n<h3 class=\"wp-block-heading\"><span class=\"ez-toc-section\" id=\"3_Ryanair_e_as_armadilhas_das_low-cost_com_bagagem\"><\/span>3. Ryanair e as armadilhas das low-cost com bagagem<span class=\"ez-toc-section-end\"><\/span><\/h3>\n\n\n\n<p class=\"wp-block-paragraph\">Voc\u00ea compra uma passagem baratinha e tem aquela sensa\u00e7\u00e3o maravilhosa de ter finalmente vencido o sistema de transporte a\u00e9reo. A\u00ed voc\u00ea chega no port\u00e3o e a companhia irlandesa te apresenta uma conta de cair o queixo. Especialmente na Ryanair, a <strong>pol\u00edtica de bagagem \u00e9 um jogo duro<\/strong>, mirando propositalmente nos menores erros dos passageiros desatentos.<\/p>\n\n\n\n<p class=\"wp-block-paragraph\">No pre\u00e7o b\u00e1sico da passagem, voc\u00ea s\u00f3 pode levar uma bolsa pessoal pequena, cujas <strong>dimens\u00f5es s\u00e3o estritamente limitadas a 40 \u00d7 20 \u00d7 25 cent\u00edmetros<\/strong>. Essa mochilinha tem obrigatoriamente que caber embaixo do assento \u00e0 sua frente, e o pessoal do aeroporto muitas vezes mede isso no port\u00e3o sem d\u00f3 nenhuma. Se quiser levar a mala de m\u00e3o cl\u00e1ssica de at\u00e9 dez quilos com dimens\u00f5es de 55 \u00d7 40 \u00d7 20 cent\u00edmetros, voc\u00ea j\u00e1 precisa pagar a mais pelo servi\u00e7o Priority na hora de comprar a passagem.<\/p>\n\n\n\n<p class=\"wp-block-paragraph\">Aqui a armadilha geralmente pega todo mundo que n\u00e3o l\u00ea as regras at\u00e9 o fim. Quem n\u00e3o compra o Priority a tempo e aparece com a mala maior no port\u00e3o <strong>paga na hora uma multa salgada de 35 \u20ac (cerca de R$ 220)<\/strong> pela bagagem fora do padr\u00e3o. E se a sua mala for ainda maior que os limites permitidos, essa penalidade dispara imediatamente para incr\u00edveis 69,99 \u20ac (cerca de R$ 440).<\/p>\n\n\n\n<p class=\"wp-block-paragraph\">\ud83d\udca1 Dica: Me\u00e7a sempre a sua mochila com fita m\u00e9trica ainda em casa e n\u00e3o conte com <strong>conseguir passar despercebido no port\u00e3o<\/strong>, porque as fiscaliza\u00e7\u00f5es aleat\u00f3rias de dimens\u00f5es s\u00e3o extremamente frequentes nos voos para a Espanha.<\/p>\n\n\n\n<figure data-wp-context=\"{&quot;imageId&quot;:&quot;6a95670be8c46&quot;}\" data-wp-interactive=\"core\/image\" data-wp-key=\"6a95670be8c46\" class=\"wp-block-image size-full wp-lightbox-container\"><img decoding=\"async\" width=\"1600\" height=\"1067\" data-wp-class--hide=\"state.isContentHidden\" data-wp-class--show=\"state.isContentVisible\" data-wp-init=\"callbacks.setButtonStyles\" data-wp-on--click=\"actions.showLightbox\" data-wp-on--load=\"callbacks.setButtonStyles\" data-wp-on--pointerdown=\"actions.preloadImage\" data-wp-on--pointerenter=\"actions.preloadImageWithDelay\" data-wp-on--pointerleave=\"actions.cancelPreload\" data-wp-on-window--resize=\"callbacks.setButtonStyles\" src=\"https:\/\/loudavymkrokem.cz\/wp-content\/uploads\/2026\/08\/barcelona-vueling-a-jejich-odstupnovana-kila-px.jpg\" alt=\"Avi\u00f5es no p\u00e1tio do aeroporto Barcelona El Prat\" class=\"wp-image-376474\" title=\"\" srcset=\"https:\/\/loudavymkrokem.cz\/wp-content\/uploads\/2026\/08\/barcelona-vueling-a-jejich-odstupnovana-kila-px.jpg 1600w, https:\/\/loudavymkrokem.cz\/wp-content\/uploads\/2026\/08\/barcelona-vueling-a-jejich-odstupnovana-kila-px-300x200.jpg 300w, https:\/\/loudavymkrokem.cz\/wp-content\/uploads\/2026\/08\/barcelona-vueling-a-jejich-odstupnovana-kila-px-700x467.jpg 700w, https:\/\/loudavymkrokem.cz\/wp-content\/uploads\/2026\/08\/barcelona-vueling-a-jejich-odstupnovana-kila-px-768x512.jpg 768w, https:\/\/loudavymkrokem.cz\/wp-content\/uploads\/2026\/08\/barcelona-vueling-a-jejich-odstupnovana-kila-px-1536x1024.jpg 1536w, https:\/\/loudavymkrokem.cz\/wp-content\/uploads\/2026\/08\/barcelona-vueling-a-jejich-odstupnovana-kila-px-696x464.jpg 696w, https:\/\/loudavymkrokem.cz\/wp-content\/uploads\/2026\/08\/barcelona-vueling-a-jejich-odstupnovana-kila-px-1392x928.jpg 1392w\" sizes=\"(max-width: 1600px) 100vw, 1600px\" \/><button\n\t\t\tclass=\"lightbox-trigger\"\n\t\t\ttype=\"button\"\n\t\t\taria-haspopup=\"dialog\"\n\t\t\tdata-wp-bind--aria-label=\"state.thisImage.triggerButtonAriaLabel\"\n\t\t\tdata-wp-init=\"callbacks.initTriggerButton\"\n\t\t\tdata-wp-on--click=\"actions.showLightbox\"\n\t\t\tdata-wp-style--right=\"state.thisImage.buttonRight\"\n\t\t\tdata-wp-style--top=\"state.thisImage.buttonTop\"\n\t\t>\n\t\t\t<svg xmlns=\"http:\/\/www.w3.org\/2000\/svg\" width=\"12\" height=\"12\" fill=\"none\" viewBox=\"0 0 12 12\">\n\t\t\t\t<path fill=\"#fff\" d=\"M2 0a2 2 0 0 0-2 2v2h1.5V2a.5.5 0 0 1 .5-.5h2V0H2Zm2 10.5H2a.5.5 0 0 1-.5-.5V8H0v2a2 2 0 0 0 2 2h2v-1.5ZM8 12v-1.5h2a.5.5 0 0 0 .5-.5V8H12v2a2 2 0 0 1-2 2H8Zm2-12a2 2 0 0 1 2 2v2h-1.5V2a.5.5 0 0 0-.5-.5H8V0h2Z\" \/>\n\t\t\t<\/svg>\n\t\t<\/button><figcaption class=\"wp-element-caption\">Foto: Noland Live \/ Pexels<\/figcaption><\/figure>\n\n\n\n<h3 class=\"wp-block-heading\"><span class=\"ez-toc-section\" id=\"4_Vueling_e_seus_quilos_escalonados\"><\/span>4. Vueling e seus quilos escalonados<span class=\"ez-toc-section-end\"><\/span><\/h3>\n\n\n\n<p class=\"wp-block-paragraph\">A low-cost espanhola Vueling, que tem em Barcelona a sua principal base, joga com os passageiros de um jeito um pouco diferente e, \u00e0 primeira vista, mais amig\u00e1vel. Ela aposta num <strong>escalonamento bem detalhado do peso das bagagens despachadas<\/strong>, o que, em teoria, te d\u00e1 a \u00f3tima possibilidade de pagar exatamente pelo que voc\u00ea realmente precisa e vai usar.<\/p>\n\n\n\n<p class=\"wp-block-paragraph\">Se voc\u00ea viaja leve e n\u00e3o precisa carregar tranqueiras, <strong>uma mala de quinze quilos sai na pr\u00e9-venda a partir de cerca de R$ 45<\/strong>. Uma bagagem maior, de vinte quilos, fica em torno de R$ 60, e uma mala de vinte e cinco quilos custa a partir de R$ 90 aproximadamente. Parece totalmente justo e transparente at\u00e9 o momento em que voc\u00ea, no aeroporto, ultrapassa o limite comprado nem que seja por um \u00fanico quilo a mais.<\/p>\n\n\n\n<p class=\"wp-block-paragraph\">Assim que a balan\u00e7a no balc\u00e3o de check-in mostrar mais do que voc\u00ea pagou oficialmente, os sorrisos do pessoal do aeroporto somem rapidinho e <strong>v\u00eam as taxas gordas de excesso, cobradas por cada quilo<\/strong>. Por isso, vale muito a pena pesar a mala cheia em casa numa balan\u00e7a e j\u00e1 comprar uma reserva de cinco quilos a mais por uns trocados.<\/p>\n\n\n\n<p class=\"wp-block-paragraph\">\ufffd2 Dica: A Vueling oferece, nas tarifas mais caras, a op\u00e7\u00e3o de alterar o voo de gra\u00e7a, o que <strong>pode ser \u00fatil no planejamento imprevis\u00edvel das f\u00e9rias de ver\u00e3o<\/strong>, quando os planos familiares mudam literalmente de um dia para o outro.<\/p>\n\n\n\n<figure data-wp-context=\"{&quot;imageId&quot;:&quot;6a95670be9373&quot;}\" data-wp-interactive=\"core\/image\" data-wp-key=\"6a95670be9373\" class=\"wp-block-image size-full wp-lightbox-container\"><img decoding=\"async\" width=\"1600\" height=\"900\" data-wp-class--hide=\"state.isContentHidden\" data-wp-class--show=\"state.isContentVisible\" data-wp-init=\"callbacks.setButtonStyles\" data-wp-on--click=\"actions.showLightbox\" data-wp-on--load=\"callbacks.setButtonStyles\" data-wp-on--pointerdown=\"actions.preloadImage\" data-wp-on--pointerenter=\"actions.preloadImageWithDelay\" data-wp-on--pointerleave=\"actions.cancelPreload\" data-wp-on-window--resize=\"callbacks.setButtonStyles\" src=\"https:\/\/loudavymkrokem.cz\/wp-content\/uploads\/2026\/08\/barcelona-pozor-na-letni-skrty-u-smartwings-px.jpg\" alt=\"Avi\u00e3o no p\u00e1tio do aeroporto\" class=\"wp-image-376475\" title=\"\" srcset=\"https:\/\/loudavymkrokem.cz\/wp-content\/uploads\/2026\/08\/barcelona-pozor-na-letni-skrty-u-smartwings-px.jpg 1600w, https:\/\/loudavymkrokem.cz\/wp-content\/uploads\/2026\/08\/barcelona-pozor-na-letni-skrty-u-smartwings-px-300x169.jpg 300w, https:\/\/loudavymkrokem.cz\/wp-content\/uploads\/2026\/08\/barcelona-pozor-na-letni-skrty-u-smartwings-px-700x394.jpg 700w, https:\/\/loudavymkrokem.cz\/wp-content\/uploads\/2026\/08\/barcelona-pozor-na-letni-skrty-u-smartwings-px-768x432.jpg 768w, https:\/\/loudavymkrokem.cz\/wp-content\/uploads\/2026\/08\/barcelona-pozor-na-letni-skrty-u-smartwings-px-1536x864.jpg 1536w, https:\/\/loudavymkrokem.cz\/wp-content\/uploads\/2026\/08\/barcelona-pozor-na-letni-skrty-u-smartwings-px-696x392.jpg 696w, https:\/\/loudavymkrokem.cz\/wp-content\/uploads\/2026\/08\/barcelona-pozor-na-letni-skrty-u-smartwings-px-1392x783.jpg 1392w\" sizes=\"(max-width: 1600px) 100vw, 1600px\" \/><button\n\t\t\tclass=\"lightbox-trigger\"\n\t\t\ttype=\"button\"\n\t\t\taria-haspopup=\"dialog\"\n\t\t\tdata-wp-bind--aria-label=\"state.thisImage.triggerButtonAriaLabel\"\n\t\t\tdata-wp-init=\"callbacks.initTriggerButton\"\n\t\t\tdata-wp-on--click=\"actions.showLightbox\"\n\t\t\tdata-wp-style--right=\"state.thisImage.buttonRight\"\n\t\t\tdata-wp-style--top=\"state.thisImage.buttonTop\"\n\t\t>\n\t\t\t<svg xmlns=\"http:\/\/www.w3.org\/2000\/svg\" width=\"12\" height=\"12\" fill=\"none\" viewBox=\"0 0 12 12\">\n\t\t\t\t<path fill=\"#fff\" d=\"M2 0a2 2 0 0 0-2 2v2h1.5V2a.5.5 0 0 1 .5-.5h2V0H2Zm2 10.5H2a.5.5 0 0 1-.5-.5V8H0v2a2 2 0 0 0 2 2h2v-1.5ZM8 12v-1.5h2a.5.5 0 0 0 .5-.5V8H12v2a2 2 0 0 1-2 2H8Zm2-12a2 2 0 0 1 2 2v2h-1.5V2a.5.5 0 0 0-.5-.5H8V0h2Z\" \/>\n\t\t\t<\/svg>\n\t\t<\/button><figcaption class=\"wp-element-caption\">Foto: Dan Wright \/ Pexels<\/figcaption><\/figure>\n\n\n\n<h3 class=\"wp-block-heading\"><span class=\"ez-toc-section\" id=\"5_Cuidado_com_os_cortes_de_voos_no_verao\"><\/span>5. Cuidado com os cortes de voos no ver\u00e3o<span class=\"ez-toc-section-end\"><\/span><\/h3>\n\n\n\n<p class=\"wp-block-paragraph\">Muitas companhias podem ser uma aposta certeira para grande parte dos viajantes, mas em 2026 voc\u00ea precisa ficar bem atento na hora de reservar as f\u00e9rias. Segundo informa\u00e7\u00f5es oficiais, v\u00e1rias companhias <strong>reduziram significativamente a frequ\u00eancia em algumas rotas europeias populares<\/strong> na temporada de ver\u00e3o, e algumas conex\u00f5es para determinadas cidades foram at\u00e9 completamente canceladas.<\/p>\n\n\n\n<p class=\"wp-block-paragraph\">Ainda que Barcelona felizmente n\u00e3o costume estar entre as rotas oficialmente canceladas e as companhias continuem voando at\u00e9 l\u00e1, \u00e9 um sinal claro de que os <strong>hor\u00e1rios de ver\u00e3o podem mudar de forma muito din\u00e2mica<\/strong> conforme a ocupa\u00e7\u00e3o. N\u00e3o h\u00e1 nada pior do que reservar um hotel caro na praia e, algumas semanas antes do embarque, descobrir que o seu voo de ter\u00e7a foi de repente transferido para quinta de manh\u00e3.<\/p>\n\n\n\n<p class=\"wp-block-paragraph\">Por isso, os hor\u00e1rios aproximados e os dias exatos de partida voc\u00ea deve <strong>sempre conferir com cuidado direto no site oficial da companhia<\/strong> pouco antes da compra final da passagem. Nunca confie apenas em dados mais antigos dos grandes buscadores, que podem ter um pequeno atraso na atualiza\u00e7\u00e3o dos sistemas e oferecer voos inexistentes.<\/p>\n\n\n\n<p class=\"wp-block-paragraph\">\ud83d\udca1 Dica: Se a companhia cancelar o seu voo com menos de quatorze dias de anteced\u00eancia, voc\u00ea <strong>tem direito, pelas regras europeias, a uma compensa\u00e7\u00e3o financeira generosa<\/strong>, ent\u00e3o fique de olho nos seus direitos.<\/p>\n\n\n\n<figure data-wp-context=\"{&quot;imageId&quot;:&quot;6a95670be99fd&quot;}\" data-wp-interactive=\"core\/image\" data-wp-key=\"6a95670be99fd\" class=\"wp-block-image size-full wp-lightbox-container\"><img decoding=\"async\" width=\"2000\" height=\"1333\" data-wp-class--hide=\"state.isContentHidden\" data-wp-class--show=\"state.isContentVisible\" data-wp-init=\"callbacks.setButtonStyles\" data-wp-on--click=\"actions.showLightbox\" data-wp-on--load=\"callbacks.setButtonStyles\" data-wp-on--pointerdown=\"actions.preloadImage\" data-wp-on--pointerenter=\"actions.preloadImageWithDelay\" data-wp-on--pointerleave=\"actions.cancelPreload\" data-wp-on-window--resize=\"callbacks.setButtonStyles\" src=\"https:\/\/loudavymkrokem.cz\/wp-content\/uploads\/2026\/08\/barcelona-strecha-vyhled.jpg\" alt=\"Vista dos telhados da cidade velha de Barcelona a partir de um terra\u00e7o\" class=\"wp-image-376351\" title=\"\" srcset=\"https:\/\/loudavymkrokem.cz\/wp-content\/uploads\/2026\/08\/barcelona-strecha-vyhled.jpg 2000w, https:\/\/loudavymkrokem.cz\/wp-content\/uploads\/2026\/08\/barcelona-strecha-vyhled-300x200.jpg 300w, https:\/\/loudavymkrokem.cz\/wp-content\/uploads\/2026\/08\/barcelona-strecha-vyhled-700x467.jpg 700w, https:\/\/loudavymkrokem.cz\/wp-content\/uploads\/2026\/08\/barcelona-strecha-vyhled-768x512.jpg 768w, https:\/\/loudavymkrokem.cz\/wp-content\/uploads\/2026\/08\/barcelona-strecha-vyhled-1536x1024.jpg 1536w, https:\/\/loudavymkrokem.cz\/wp-content\/uploads\/2026\/08\/barcelona-strecha-vyhled-696x464.jpg 696w, https:\/\/loudavymkrokem.cz\/wp-content\/uploads\/2026\/08\/barcelona-strecha-vyhled-1392x928.jpg 1392w, https:\/\/loudavymkrokem.cz\/wp-content\/uploads\/2026\/08\/barcelona-strecha-vyhled-1920x1280.jpg 1920w\" sizes=\"(max-width: 2000px) 100vw, 2000px\" \/><button\n\t\t\tclass=\"lightbox-trigger\"\n\t\t\ttype=\"button\"\n\t\t\taria-haspopup=\"dialog\"\n\t\t\tdata-wp-bind--aria-label=\"state.thisImage.triggerButtonAriaLabel\"\n\t\t\tdata-wp-init=\"callbacks.initTriggerButton\"\n\t\t\tdata-wp-on--click=\"actions.showLightbox\"\n\t\t\tdata-wp-style--right=\"state.thisImage.buttonRight\"\n\t\t\tdata-wp-style--top=\"state.thisImage.buttonTop\"\n\t\t>\n\t\t\t<svg xmlns=\"http:\/\/www.w3.org\/2000\/svg\" width=\"12\" height=\"12\" fill=\"none\" viewBox=\"0 0 12 12\">\n\t\t\t\t<path fill=\"#fff\" d=\"M2 0a2 2 0 0 0-2 2v2h1.5V2a.5.5 0 0 1 .5-.5h2V0H2Zm2 10.5H2a.5.5 0 0 1-.5-.5V8H0v2a2 2 0 0 0 2 2h2v-1.5ZM8 12v-1.5h2a.5.5 0 0 0 .5-.5V8H12v2a2 2 0 0 1-2 2H8Zm2-12a2 2 0 0 1 2 2v2h-1.5V2a.5.5 0 0 0-.5-.5H8V0h2Z\" \/>\n\t\t\t<\/svg>\n\t\t<\/button><\/figure>\n\n\n\n<h3 class=\"wp-block-heading\"><span class=\"ez-toc-section\" id=\"6_Os_falsos_aeroportos_de_Girona_e_Reus\"><\/span>6. Os falsos aeroportos de Girona e Reus<span class=\"ez-toc-section-end\"><\/span><\/h3>\n\n\n\n<p class=\"wp-block-paragraph\">Durante muitos anos valeu uma regra bem trai\u00e7oeira: as passagens mais baratas com um enorme letreiro &#8220;Barcelona&#8221; na verdade n\u00e3o te levavam a Barcelona de jeito nenhum. As low-cost adoram usar os <strong>aeroportos de Girona\u2013Costa Brava, no norte, e de Reus, no sul<\/strong>, ambos a cerca de cem quil\u00f4metros da pr\u00f3pria capital catal\u00e3, exigindo mais um transporte.<\/p>\n\n\n\n<p class=\"wp-block-paragraph\">O aviso essencial para 2026 \u00e9 que os <strong>voos para Girona ou Reus praticamente n\u00e3o aparecem nos hor\u00e1rios de ver\u00e3o como op\u00e7\u00e3o direta<\/strong>. Os buscadores podem at\u00e9 mostrar conex\u00f5es com pre\u00e7os baixos, mas ao clicar voc\u00ea descobre que sempre se trata de voos muito demorados com escala, que n\u00e3o fazem sentido nenhum para umas f\u00e9rias curtas.<\/p>\n\n\n\n<p class=\"wp-block-paragraph\">Mesmo que voc\u00ea encontre algum voo desses por outra cidade, calcule bem de antem\u00e3o a brutal armadilha do transfer. Os \u00f4nibus da linha 604 da empresa Sagal\u00e9s, de Girona \u00e0 esta\u00e7\u00e3o Estaci\u00f3 del Nord, <strong>custam 22 \u20ac (cerca de R$ 140) por trecho<\/strong> e a viagem leva mais de uma hora e quinze. De Reus, por sua vez, opera a empresa Hispano Igualadina por aproximadamente 15 \u20ac por trecho, e a viagem se estende para uma hora e vinte. Esses \u00f4nibus esperam pelas chegadas, mas na volta voc\u00ea mesmo precisa ficar de olho no hor\u00e1rio.<\/p>\n\n\n\n<p class=\"wp-block-paragraph\">\ud83d\udca1 Dica: Esses aeroportos distantes s\u00f3 fazem sentido l\u00f3gico se as <strong>suas f\u00e9rias forem principalmente para as praias da Costa Brava ou para o parque de divers\u00f5es PortAventura<\/strong>. Caso contr\u00e1rio, passe bem longe deles.<\/p>\n\n\n\n<figure data-wp-context=\"{&quot;imageId&quot;:&quot;6a95670bea0f0&quot;}\" data-wp-interactive=\"core\/image\" data-wp-key=\"6a95670bea0f0\" class=\"wp-block-image size-full wp-lightbox-container\"><img decoding=\"async\" width=\"1600\" height=\"1065\" data-wp-class--hide=\"state.isContentHidden\" data-wp-class--show=\"state.isContentVisible\" data-wp-init=\"callbacks.setButtonStyles\" data-wp-on--click=\"actions.showLightbox\" data-wp-on--load=\"callbacks.setButtonStyles\" data-wp-on--pointerdown=\"actions.preloadImage\" data-wp-on--pointerenter=\"actions.preloadImageWithDelay\" data-wp-on--pointerleave=\"actions.cancelPreload\" data-wp-on-window--resize=\"callbacks.setButtonStyles\" src=\"https:\/\/loudavymkrokem.cz\/wp-content\/uploads\/2026\/08\/barcelona-den-1-a-2-to-nejdulezitejsi-z-metrop-px.jpg\" alt=\"Plataforma do metr\u00f4 de Barcelona\" class=\"wp-image-376542\" title=\"\" srcset=\"https:\/\/loudavymkrokem.cz\/wp-content\/uploads\/2026\/08\/barcelona-den-1-a-2-to-nejdulezitejsi-z-metrop-px.jpg 1600w, https:\/\/loudavymkrokem.cz\/wp-content\/uploads\/2026\/08\/barcelona-den-1-a-2-to-nejdulezitejsi-z-metrop-px-300x200.jpg 300w, https:\/\/loudavymkrokem.cz\/wp-content\/uploads\/2026\/08\/barcelona-den-1-a-2-to-nejdulezitejsi-z-metrop-px-700x466.jpg 700w, https:\/\/loudavymkrokem.cz\/wp-content\/uploads\/2026\/08\/barcelona-den-1-a-2-to-nejdulezitejsi-z-metrop-px-768x511.jpg 768w, https:\/\/loudavymkrokem.cz\/wp-content\/uploads\/2026\/08\/barcelona-den-1-a-2-to-nejdulezitejsi-z-metrop-px-1536x1022.jpg 1536w, https:\/\/loudavymkrokem.cz\/wp-content\/uploads\/2026\/08\/barcelona-den-1-a-2-to-nejdulezitejsi-z-metrop-px-696x463.jpg 696w, https:\/\/loudavymkrokem.cz\/wp-content\/uploads\/2026\/08\/barcelona-den-1-a-2-to-nejdulezitejsi-z-metrop-px-1392x927.jpg 1392w\" sizes=\"(max-width: 1600px) 100vw, 1600px\" \/><button\n\t\t\tclass=\"lightbox-trigger\"\n\t\t\ttype=\"button\"\n\t\t\taria-haspopup=\"dialog\"\n\t\t\tdata-wp-bind--aria-label=\"state.thisImage.triggerButtonAriaLabel\"\n\t\t\tdata-wp-init=\"callbacks.initTriggerButton\"\n\t\t\tdata-wp-on--click=\"actions.showLightbox\"\n\t\t\tdata-wp-style--right=\"state.thisImage.buttonRight\"\n\t\t\tdata-wp-style--top=\"state.thisImage.buttonTop\"\n\t\t>\n\t\t\t<svg xmlns=\"http:\/\/www.w3.org\/2000\/svg\" width=\"12\" height=\"12\" fill=\"none\" viewBox=\"0 0 12 12\">\n\t\t\t\t<path fill=\"#fff\" d=\"M2 0a2 2 0 0 0-2 2v2h1.5V2a.5.5 0 0 1 .5-.5h2V0H2Zm2 10.5H2a.5.5 0 0 1-.5-.5V8H0v2a2 2 0 0 0 2 2h2v-1.5ZM8 12v-1.5h2a.5.5 0 0 0 .5-.5V8H12v2a2 2 0 0 1-2 2H8Zm2-12a2 2 0 0 1 2 2v2h-1.5V2a.5.5 0 0 0-.5-.5H8V0h2Z\" \/>\n\t\t\t<\/svg>\n\t\t<\/button><\/figure>\n\n\n\n<!-- LKM_GYG_CARD start q=\"letenky barcelona\" lang=\"pt-br\" rendered=\"2026-08-31T09:46:42+00:00\" v=\"1\" -->\n\n<!-- LKM_GYG_CARD end -->\n\n\n\n\n<div class=\"lk-stays-module\">\n<style>\n\/* \u2500\u2500\u2500 RESET PRO GUTENBERG \u2500\u2500\u2500 *\/\n.lk-stays-module * { box-sizing: border-box; margin: 0; padding: 0; }\n\n\/* \u2500\u2500\u2500 WRAPPER \u2500\u2500\u2500 *\/\n.lk-stays-module {\n  font-family: 'DM Sans', Georgia, sans-serif;\n  max-width: 100%;\n  margin: 2.5rem auto;\n  background: linear-gradient(135deg, #fdfaf5 0%, #fcf8f0 100%);\n  border: 1px solid #e8dfd4;\n  border-radius: 16px;\n  overflow: hidden;\n  box-shadow: 0 16px 48px rgba(195, 159, 118, 0.25), 0 4px 12px rgba(0,0,0,0.08);\n}\n\n\/* \u2500\u2500\u2500 HEADER \u2500\u2500\u2500 *\/\n.lk-stays-header {\n  position: relative;\n  padding: 24px 36px 24px;\n  background: linear-gradient(135deg, #c39f76 0%, #d4b188 60%, #c39f76 100%);\n  border-bottom: 1px solid rgba(255,255,255,.15);\n  display: flex;\n  align-items: center;\n  gap: 18px;\n}\n.lk-stays-header::before {\n  content: '';\n  position: absolute;\n  inset: 0;\n  background: url(\"data:image\/svg+xml,%3Csvg width='60' height='60' viewBox='0 0 60 60' xmlns='http:\/\/www.w3.org\/2000\/svg'%3E%3Cg fill='none' fill-rule='evenodd'%3E%3Cg fill='%23ffffff' fill-opacity='0.05'%3E%3Cpath d='M36 34v-4h-2v4h-4v2h4v4h2v-4h4v-2h-4zm0-30V0h-2v4h-4v2h4v4h2V6h4V4h-4zM6 34v-4H4v4H0v2h4v4h2v-4h4v-2H6zM6 4V0H4v4H0v2h4v4h2V6h4V4H6z'\/%3E%3C\/g%3E%3C\/g%3E%3C\/svg%3E\") repeat;\n  pointer-events: none;\n}\n.lk-stays-icon {\n  flex-shrink: 0;\n  width: 68px;\n  height: 68px;\n  border-radius: 14px;\n  background: linear-gradient(135deg, #fff 0%, #f9f6f0 100%);\n  display: flex;\n  align-items: center;\n  justify-content: center;\n  font-size: 26px;\n  box-shadow: 0 4px 12px rgba(0,0,0,0.15);\n}\n.lk-stays-eyebrow {\n  font-size: 10px;\n  font-weight: 500;\n  letter-spacing: 2.5px;\n  text-transform: uppercase;\n  color: rgba(255,255,255,.85);\n  margin: 0 0 5px 0;\n}\n.lk-stays-title {\n  font-family: 'Playfair Display', Georgia, serif;\n  font-size: 24px;\n  font-weight: 700;\n  color: #fff;\n  line-height: 1.2;\n  text-shadow: 0 1px 2px rgba(0,0,0,0.1);\n  margin: 0;\n}\n.lk-stays-subtitle {\n  font-size: 13px;\n  color: rgba(255,255,255,.75);\n  margin: 4px 0 0 0;\n  font-weight: 300;\n}\n\n\/* \u2500\u2500\u2500 CARDS GRID \u2500\u2500\u2500 *\/\n.lk-stays-grid {\n  display: grid;\n  grid-template-columns: 1fr 1fr;\n  gap: 1px;\n  background: rgba(195, 159, 118, 0.12);\n}\n\n\/* \u2500\u2500\u2500 SINGLE CARD \u2500\u2500\u2500 *\/\n.lk-stay-card {\n  background: #ffffff;\n  padding: 26px;\n  display: flex;\n  flex-direction: column;\n  gap: 11px;\n  transition: all 0.3s ease;\n  text-decoration: none;\n  color: inherit;\n  position: relative;\n}\n.lk-stay-card:hover {\n  background: #fffbf5;\n  transform: translateY(-2px);\n  box-shadow: 0 8px 24px rgba(195, 159, 118, 0.18);\n  z-index: 1;\n}\n.lk-stay-card.featured {\n  background: linear-gradient(135deg, #fffdf9 0%, #fff9f0 100%);\n  box-shadow: 0 4px 16px rgba(195, 159, 118, 0.15), inset 0 1px 0 rgba(195, 159, 118, 0.1);\n}\n.lk-stay-card.featured:hover {\n  background: linear-gradient(135deg, #fffbf5 0%, #fff8ed 100%);\n  box-shadow: 0 8px 24px rgba(195, 159, 118, 0.25), inset 0 1px 0 rgba(195, 159, 118, 0.15);\n}\n\n.lk-stay-badge {\n  display: inline-flex;\n  align-items: center;\n  gap: 5px;\n  font-size: 10px;\n  font-weight: 500;\n  letter-spacing: 1.5px;\n  text-transform: uppercase;\n  padding: 5px 11px;\n  border-radius: 20px;\n  width: fit-content;\n}\n.badge-top     { background: linear-gradient(135deg, #c39f76 0%, #d4b188 100%); color: #fff; border: 1px solid #c39f76; font-weight: 600; box-shadow: 0 2px 8px rgba(195,159,118,0.3); }\n.badge-luxury  { background: rgba(195,159,118,.12); color: #c39f76; border: 1px solid rgba(195,159,118,.25); }\n.badge-boutique{ background: rgba(54,133,252,.08); color: #3685fc; border: 1px solid rgba(54,133,252,.2); }\n.badge-nature  { background: rgba(130,190,100,.1); color: #6b9c4a; border: 1px solid rgba(130,190,100,.2); }\n.badge-remote  { background: rgba(195,159,118,.12); color: #a67e50; border: 1px solid rgba(195,159,118,.25); }\n\n.lk-stay-name {\n  font-family: 'Playfair Display', Georgia, serif;\n  font-size: 18px;\n  font-weight: 700;\n  color: #111827;\n  line-height: 1.3;\n}\n.lk-stay-desc {\n  font-size: 13.5px;\n  color: #525252;\n  line-height: 1.65;\n  font-weight: 300;\n  flex: 1;\n}\n\n.lk-stay-meta {\n  display: flex;\n  align-items: center;\n  gap: 12px;\n  flex-wrap: wrap;\n  margin-top: 4px;\n}\n.lk-stay-price {\n  font-size: 13px;\n  color: #6b7280;\n}\n.lk-stay-price strong {\n  color: #c39f76;\n  font-weight: 500;\n}\n.lk-stay-stars {\n  color: #c39f76;\n  font-size: 11px;\n  letter-spacing: 1px;\n}\n\n\/* \u2500\u2500\u2500 CTA BUTTON \u2500\u2500\u2500 *\/\n.lk-stay-cta {\n  display: inline-flex;\n  align-items: center;\n  justify-content: center;\n  gap: 7px;\n  margin-top: 8px;\n  padding: 11px 20px;\n  border-radius: 8px;\n  background: linear-gradient(135deg, #3685fc 0%, #2a6fd9 100%);\n  color: #fff;\n  font-size: 13px;\n  font-weight: 500;\n  text-decoration: none;\n  letter-spacing: .3px;\n  transition: all .2s ease;\n  cursor: pointer;\n  border: none;\n  text-align: center;\n  box-shadow: 0 4px 12px rgba(54, 133, 252, 0.25);\n}\n.lk-stay-cta:hover {\n  background: linear-gradient(135deg, #2a6fd9 0%, #1e5bc4 100%);\n  transform: translateY(-1px);\n  box-shadow: 0 6px 16px rgba(54, 133, 252, 0.35);\n}\n.lk-stay-cta svg { flex-shrink: 0; }\n\n\/* \u2500\u2500\u2500 FOOTER \u2500\u2500\u2500 *\/\n.lk-stays-footer {\n  padding: 18px 36px;\n  background: linear-gradient(to bottom, #fdfaf5 0%, #f9f4ed 100%);\n  border-top: 1px solid rgba(195, 159, 118, 0.15);\n  display: flex;\n  align-items: center;\n  justify-content: space-between;\n  flex-wrap: wrap;\n  gap: 12px;\n}\n.lk-stays-footer-note {\n  font-size: 11.5px;\n  color: #6b7280;\n  font-weight: 300;\n  line-height: 1.5;\n}\n.lk-stays-footer-note a {\n  color: #c39f76;\n  text-decoration: none;\n  font-weight: 400;\n}\n.lk-stays-footer-note a:hover {\n  text-decoration: underline;\n}\n.lk-stays-all-btn {\n  display: inline-flex;\n  align-items: center;\n  gap: 6px;\n  font-size: 12.5px;\n  font-weight: 500;\n  color: #c39f76;\n  text-decoration: none;\n  border: 1px solid rgba(195, 159, 118, 0.35);\n  padding: 8px 18px;\n  border-radius: 8px;\n  transition: all .2s ease;\n}\n.lk-stays-all-btn:hover {\n  background: rgba(195, 159, 118, 0.08);\n  border-color: rgba(195, 159, 118, 0.5);\n}\n\n\/* \u2500\u2500\u2500 RESPONSIVE \u2500\u2500\u2500 *\/\n@media (max-width: 600px) {\n  .lk-stays-grid { grid-template-columns: 1fr; }\n  .lk-stays-header { padding: 24px 20px; }\n  .lk-stays-footer { padding: 16px 20px; }\n  .lk-stay-card { padding: 22px; }\n  .lk-stays-title { font-size: 20px; }\n}\n<\/style>\n\n  <!-- HEADER -->\n  <div class=\"lk-stays-header\">\n    <img decoding=\"async\" src=\"https:\/\/loudavymkrokem.cz\/wp-content\/uploads\/2026\/02\/lukas-a-lucka.jpg\" alt=\"\" style=\"width: 75px; height: 75px; border-radius: 8px; flex-shrink: 0; object-fit: cover; display: block; margin: 4px 0;\" title=\"\">\n    <div class=\"lk-stays-header-text\">\n      <div class=\"lk-stays-eyebrow\">Luk\u00e1\u0161 e Lucie recomendam<\/div>\n      <div class=\"lk-stays-title\">Onde se hospedar em Barcelona<\/div>\n      <div class=\"lk-stays-subtitle\">6 acomoda\u00e7\u00f5es \u2014 hot\u00e9is, hot\u00e9is wellness e outras op\u00e7\u00f5es de hospedagem<\/div>\n    <\/div>\n  <\/div>\n\n  <!-- CARDS -->\n  <div class=\"lk-stays-grid\">\n\n    <a class=\"lk-stay-card featured\" href=\"https:\/\/www.stay22.com\/allez\/roam?aid=lukaskonecny&#038;campaign=loudavymkrokemcz&#038;campaign=pt-br&#038;campaign=letenkydobarcelony&#038;address=Barcelona&#038;hotelname=Hotel+Gaud%C3%AD&#038;search=Hotel+Gaud%C3%AD&#038;category=accommodation\" target=\"_blank\" rel=\"nofollow noopener\">\n      <span class=\"lk-stay-badge badge-top\">\u2b50 MELHOR ESCOLHA<\/span>\n      <span class=\"lk-stay-badge badge-nature\">\ud83c\udfe8 Hotel<\/span>\n      <div class=\"lk-stay-name\">Hotel Gaud\u00ed<\/div>\n      <div class=\"lk-stay-desc\">Escolha estrat\u00e9gica a poucos passos do Palau G\u00fcell e da La Rambla. Terra\u00e7o na cobertura com piscina e vista para as chamin\u00e9s de Gaud\u00ed.<\/div>\n      <div class=\"lk-stay-meta\">\n        <span class=\"lk-stay-stars\">\u2605\u2605\u2605\u2605<\/span>\n        <span class=\"lk-stay-price\">Verificar pre\u00e7os<\/span>\n      <\/div>\n      <span class=\"lk-stay-cta\">\n        <svg width=\"14\" height=\"14\" viewBox=\"0 0 24 24\" fill=\"none\" stroke=\"currentColor\" stroke-width=\"2\"><path d=\"M18 13v6a2 2 0 0 1-2 2H5a2 2 0 0 1-2-2V8a2 2 0 0 1 2-2h6\"\/><polyline points=\"15 3 21 3 21 9\"\/><line x1=\"10\" y1=\"14\" x2=\"21\" y2=\"3\"\/><\/svg>\n        Verificar disponibilidade\n      <\/span>\n    <\/a>\n\n    <a class=\"lk-stay-card\" href=\"https:\/\/www.stay22.com\/allez\/roam?aid=lukaskonecny&#038;campaign=loudavymkrokemcz&#038;campaign=pt-br&#038;campaign=letenkydobarcelony&#038;address=Barcelona&#038;hotelname=Hotel+Ayre+Rosell%C3%B3n&#038;search=Hotel+Ayre+Rosell%C3%B3n&#038;category=accommodation\" target=\"_blank\" rel=\"nofollow noopener\">\n      <span class=\"lk-stay-badge badge-nature\">\ud83c\udfe8 Hotel<\/span>\n      <div class=\"lk-stay-name\">Hotel Ayre Rosell\u00f3n<\/div>\n      <div class=\"lk-stay-desc\">Vista de tirar o f\u00f4lego direto para a Sagrada Fam\u00edlia em constru\u00e7\u00e3o do bar na cobertura. Op\u00e7\u00e3o visualmente impressionante.<\/div>\n      <div class=\"lk-stay-meta\">\n        <span class=\"lk-stay-stars\">\u2605\u2605\u2605\u2605<\/span>\n        <span class=\"lk-stay-price\">Verificar pre\u00e7os<\/span>\n      <\/div>\n      <span class=\"lk-stay-cta\">\n        <svg width=\"14\" height=\"14\" viewBox=\"0 0 24 24\" fill=\"none\" stroke=\"currentColor\" stroke-width=\"2\"><path d=\"M18 13v6a2 2 0 0 1-2 2H5a2 2 0 0 1-2-2V8a2 2 0 0 1 2-2h6\"\/><polyline points=\"15 3 21 3 21 9\"\/><line x1=\"10\" y1=\"14\" x2=\"21\" y2=\"3\"\/><\/svg>\n        Verificar disponibilidade\n      <\/span>\n    <\/a>\n\n    <a class=\"lk-stay-card\" href=\"https:\/\/www.stay22.com\/allez\/roam?aid=lukaskonecny&#038;campaign=loudavymkrokemcz&#038;campaign=pt-br&#038;campaign=letenkydobarcelony&#038;address=Barcelona&#038;hotelname=Motel+One+Barcelona-Ciutadella&#038;search=Motel+One+Barcelona-Ciutadella&#038;category=accommodation\" target=\"_blank\" rel=\"nofollow noopener\">\n      <span class=\"lk-stay-badge badge-nature\">\ud83c\udfe8 Hotel<\/span>\n      <div class=\"lk-stay-name\">Motel One Barcelona-Ciutadella<\/div>\n      <div class=\"lk-stay-desc\">Quartos modernos ao lado de um enorme parque a uma curta dist\u00e2ncia da praia. \u00d3tima escolha para or\u00e7amento menor.<\/div>\n      <div class=\"lk-stay-meta\">\n        <span class=\"lk-stay-stars\">\u2605\u2605\u2605\u2605<\/span>\n        <span class=\"lk-stay-price\">Verificar pre\u00e7os<\/span>\n      <\/div>\n      <span class=\"lk-stay-cta\">\n        <svg width=\"14\" height=\"14\" viewBox=\"0 0 24 24\" fill=\"none\" stroke=\"currentColor\" stroke-width=\"2\"><path d=\"M18 13v6a2 2 0 0 1-2 2H5a2 2 0 0 1-2-2V8a2 2 0 0 1 2-2h6\"\/><polyline points=\"15 3 21 3 21 9\"\/><line x1=\"10\" y1=\"14\" x2=\"21\" y2=\"3\"\/><\/svg>\n        Verificar disponibilidade\n      <\/span>\n    <\/a>\n\n    <a class=\"lk-stay-card\" href=\"https:\/\/www.stay22.com\/allez\/roam?aid=lukaskonecny&#038;campaign=loudavymkrokemcz&#038;campaign=pt-br&#038;campaign=letenkydobarcelony&#038;address=Barcelona&#038;hotelname=W+Barcelona&#038;search=W+Barcelona&#038;category=accommodation\" target=\"_blank\" rel=\"nofollow noopener\">\n      <span class=\"lk-stay-badge badge-nature\">\u2b50 Luxo<\/span>\n      <div class=\"lk-stay-name\">W Barcelona<\/div>\n      <div class=\"lk-stay-desc\">Edif\u00edcio ic\u00f4nico em forma de vela dominando a costa. Luxo absoluto com despertar ao som das ondas.<\/div>\n      <div class=\"lk-stay-meta\">\n        <span class=\"lk-stay-stars\">\u2605\u2605\u2605\u2605<\/span>\n        <span class=\"lk-stay-price\">Verificar pre\u00e7os<\/span>\n      <\/div>\n      <span class=\"lk-stay-cta\">\n        <svg width=\"14\" height=\"14\" viewBox=\"0 0 24 24\" fill=\"none\" stroke=\"currentColor\" stroke-width=\"2\"><path d=\"M18 13v6a2 2 0 0 1-2 2H5a2 2 0 0 1-2-2V8a2 2 0 0 1 2-2h6\"\/><polyline points=\"15 3 21 3 21 9\"\/><line x1=\"10\" y1=\"14\" x2=\"21\" y2=\"3\"\/><\/svg>\n        Verificar disponibilidade\n      <\/span>\n    <\/a>\n\n    <a class=\"lk-stay-card\" href=\"https:\/\/www.stay22.com\/allez\/roam?aid=lukaskonecny&#038;campaign=loudavymkrokemcz&#038;campaign=pt-br&#038;campaign=letenkydobarcelony&#038;address=Barcelona&#038;hotelname=Hostel+One+Paralelo&#038;search=Hostel+One+Paralelo&#038;category=accommodation\" target=\"_blank\" rel=\"nofollow noopener\">\n      <span class=\"lk-stay-badge badge-nature\">\ud83c\udfe1 Hostel<\/span>\n      <div class=\"lk-stay-name\">Hostel One Paralelo<\/div>\n      <div class=\"lk-stay-desc\">Atmosfera amig\u00e1vel incr\u00edvel e noites compartilhadas. Ideal para mochileiros e viajantes solo segundo as avalia\u00e7\u00f5es.<\/div>\n      <div class=\"lk-stay-meta\">\n        <span class=\"lk-stay-stars\">\u2605\u2605\u2605\u2605<\/span>\n        <span class=\"lk-stay-price\">Verificar pre\u00e7os<\/span>\n      <\/div>\n      <span class=\"lk-stay-cta\">\n        <svg width=\"14\" height=\"14\" viewBox=\"0 0 24 24\" fill=\"none\" stroke=\"currentColor\" stroke-width=\"2\"><path d=\"M18 13v6a2 2 0 0 1-2 2H5a2 2 0 0 1-2-2V8a2 2 0 0 1 2-2h6\"\/><polyline points=\"15 3 21 3 21 9\"\/><line x1=\"10\" y1=\"14\" x2=\"21\" y2=\"3\"\/><\/svg>\n        Verificar disponibilidade\n      <\/span>\n    <\/a>\n\n    <a class=\"lk-stay-card\" href=\"https:\/\/www.stay22.com\/allez\/roam?aid=lukaskonecny&#038;campaign=loudavymkrokemcz&#038;campaign=pt-br&#038;campaign=letenkydobarcelony&#038;address=barcelona\" target=\"_blank\" rel=\"nofollow noopener\">\n      <span class=\"lk-stay-badge badge-nature\">\ud83d\udd0d Buscar<\/span>\n      <div class=\"lk-stay-name\">Ver todas as acomoda\u00e7\u00f5es em Barcelona<\/div>\n      <div class=\"lk-stay-desc\">Explore todas as op\u00e7\u00f5es de hospedagem dispon\u00edveis em Barcelona e encontre a melhor de acordo com suas prefer\u00eancias e or\u00e7amento.<\/div>\n      <div class=\"lk-stay-meta\">\n        <span class=\"lk-stay-stars\">\u2605\u2605\u2605\u2605<\/span>\n        <span class=\"lk-stay-price\">Comparar pre\u00e7os<\/span>\n      <\/div>\n      <span class=\"lk-stay-cta\">\n        <svg width=\"14\" height=\"14\" viewBox=\"0 0 24 24\" fill=\"none\" stroke=\"currentColor\" stroke-width=\"2\"><path d=\"M18 13v6a2 2 0 0 1-2 2H5a2 2 0 0 1-2-2V8a2 2 0 0 1 2-2h6\"\/><polyline points=\"15 3 21 3 21 9\"\/><line x1=\"10\" y1=\"14\" x2=\"21\" y2=\"3\"\/><\/svg>\n        Verificar disponibilidade\n      <\/span>\n    <\/a>\n\n  <\/div>\n\n  \n<\/div>\n\n\n\n\n<h3 class=\"wp-block-heading\"><span class=\"ez-toc-section\" id=\"7_De_trem_pela_Europa_para_gravidas_e_quem_nao_voa\"><\/span>7. De trem pela Europa: para gr\u00e1vidas e quem n\u00e3o voa<span class=\"ez-toc-section-end\"><\/span><\/h3>\n\n\n\n<p class=\"wp-block-paragraph\">Esse tema fascinante costuma ser totalmente ignorado nos guias comuns, apesar de existir um enorme grupo de viajantes que simplesmente n\u00e3o pode ou n\u00e3o quer subir aos c\u00e9us. O motivo costuma ser, muito frequentemente, uma <strong>gravidez avan\u00e7ada, medo de voar ou at\u00e9 viajar com pets maiores<\/strong>. Para eles, as f\u00e9rias inteiras muitas vezes viram um grande e exaustivo quebra-cabe\u00e7a de log\u00edstica.<\/p>\n\n\n\n<p class=\"wp-block-paragraph\">Uma boa forma de resolver isso \u00e9 chegar \u00e0 Europa e, uma vez l\u00e1, aproveitar a excelente rede ferrovi\u00e1ria do continente. Chegar ao mar confortavelmente sobre os trilhos realmente \u00e9 poss\u00edvel \u2014 s\u00f3 requer o planejamento certo. \u00c9 a chamada viagem lenta, na sua forma mais pura, que rende vistas maravilhosas da paisagem e estresse praticamente zero.<\/p>\n\n\n\n<p class=\"wp-block-paragraph\">Como \u00e9 uma viagem dessas na pr\u00e1tica? N\u00e3o \u00e9 coisa para fazer numa tacada s\u00f3, a menos que voc\u00ea queira acabar totalmente destru\u00eddo fisicamente. <strong>Uma rota bem popular parte da Alemanha, passa por Frankfurt<\/strong>, de onde voc\u00ea se transfere confortavelmente para Estrasburgo, na Fran\u00e7a. Justamente Estrasburgo funciona como um ponto ideal para pernoitar num hotel com calma e recarregar as energias.<\/p>\n\n\n\n<p class=\"wp-block-paragraph\">Na manh\u00e3 seguinte, voc\u00ea simplesmente embarca nos r\u00e1pidos trens franceses, que <strong>te levam por Lyon de forma fluida at\u00e9 a esta\u00e7\u00e3o principal de Barcelona, a Sants<\/strong>. \u00c9 a viagem lenta na sua forma mais pura, que exige mais tempo, mas oferece paisagens lindas e um estresse m\u00ednimo.<\/p>\n\n\n\n<p class=\"wp-block-paragraph\">\ud83d\udca1 Dica: Os bilhetes para todos os trens europeus voc\u00ea deve comprar, de prefer\u00eancia, pelos <strong>sites oficiais das ferrovias alem\u00e3s ou francesas<\/strong>, onde encontra os melhores pre\u00e7os antecipados sem as enormes taxas dos intermedi\u00e1rios.<\/p>\n\n\n\n<figure data-wp-context=\"{&quot;imageId&quot;:&quot;6a95670bea8cc&quot;}\" data-wp-interactive=\"core\/image\" data-wp-key=\"6a95670bea8cc\" class=\"wp-block-image size-full wp-lightbox-container\"><img decoding=\"async\" width=\"1600\" height=\"1067\" data-wp-class--hide=\"state.isContentHidden\" data-wp-class--show=\"state.isContentVisible\" data-wp-init=\"callbacks.setButtonStyles\" data-wp-on--click=\"actions.showLightbox\" data-wp-on--load=\"callbacks.setButtonStyles\" data-wp-on--pointerdown=\"actions.preloadImage\" data-wp-on--pointerenter=\"actions.preloadImageWithDelay\" data-wp-on--pointerleave=\"actions.cancelPreload\" data-wp-on-window--resize=\"callbacks.setButtonStyles\" src=\"https:\/\/loudavymkrokem.cz\/wp-content\/uploads\/2026\/08\/barcelona-sant-andreu-px.jpg\" alt=\"Panorama de Barcelona com a Torre Gl\u00f2ries\" class=\"wp-image-376450\" title=\"\" srcset=\"https:\/\/loudavymkrokem.cz\/wp-content\/uploads\/2026\/08\/barcelona-sant-andreu-px.jpg 1600w, https:\/\/loudavymkrokem.cz\/wp-content\/uploads\/2026\/08\/barcelona-sant-andreu-px-300x200.jpg 300w, https:\/\/loudavymkrokem.cz\/wp-content\/uploads\/2026\/08\/barcelona-sant-andreu-px-700x467.jpg 700w, https:\/\/loudavymkrokem.cz\/wp-content\/uploads\/2026\/08\/barcelona-sant-andreu-px-768x512.jpg 768w, https:\/\/loudavymkrokem.cz\/wp-content\/uploads\/2026\/08\/barcelona-sant-andreu-px-1536x1024.jpg 1536w, https:\/\/loudavymkrokem.cz\/wp-content\/uploads\/2026\/08\/barcelona-sant-andreu-px-696x464.jpg 696w, https:\/\/loudavymkrokem.cz\/wp-content\/uploads\/2026\/08\/barcelona-sant-andreu-px-1392x928.jpg 1392w\" sizes=\"(max-width: 1600px) 100vw, 1600px\" \/><button\n\t\t\tclass=\"lightbox-trigger\"\n\t\t\ttype=\"button\"\n\t\t\taria-haspopup=\"dialog\"\n\t\t\tdata-wp-bind--aria-label=\"state.thisImage.triggerButtonAriaLabel\"\n\t\t\tdata-wp-init=\"callbacks.initTriggerButton\"\n\t\t\tdata-wp-on--click=\"actions.showLightbox\"\n\t\t\tdata-wp-style--right=\"state.thisImage.buttonRight\"\n\t\t\tdata-wp-style--top=\"state.thisImage.buttonTop\"\n\t\t>\n\t\t\t<svg xmlns=\"http:\/\/www.w3.org\/2000\/svg\" width=\"12\" height=\"12\" fill=\"none\" viewBox=\"0 0 12 12\">\n\t\t\t\t<path fill=\"#fff\" d=\"M2 0a2 2 0 0 0-2 2v2h1.5V2a.5.5 0 0 1 .5-.5h2V0H2Zm2 10.5H2a.5.5 0 0 1-.5-.5V8H0v2a2 2 0 0 0 2 2h2v-1.5ZM8 12v-1.5h2a.5.5 0 0 0 .5-.5V8H12v2a2 2 0 0 1-2 2H8Zm2-12a2 2 0 0 1 2 2v2h-1.5V2a.5.5 0 0 0-.5-.5H8V0h2Z\" \/>\n\t\t\t<\/svg>\n\t\t<\/button><\/figure>\n\n\n\n<h3 class=\"wp-block-heading\"><span class=\"ez-toc-section\" id=\"8_Rota_alternativa_de_trem_passando_por_Paris\"><\/span>8. Rota alternativa de trem passando por Paris<span class=\"ez-toc-section-end\"><\/span><\/h3>\n\n\n\n<p class=\"wp-block-paragraph\">Se voc\u00ea n\u00e3o curte a ideia de uma viagem demorada por toda a Alemanha, existe ainda uma alternativa ferrovi\u00e1ria muito elegante, com charme franc\u00eas. Voc\u00ea pode chegar de trem \u00e0 capital francesa, de onde <strong>parte uma conex\u00e3o direta de alta velocidade at\u00e9 o ensolarado litoral espanhol<\/strong>.<\/p>\n\n\n\n<p class=\"wp-block-paragraph\">Da movimentada esta\u00e7\u00e3o parisiense Gare de Lyon sai regularmente o TGV direto, operado pela bem-sucedida coopera\u00e7\u00e3o das companhias espanhola Renfe e francesa SNCF. Esse incr\u00edvel trem-bala aerodin\u00e2mico <strong>faz a rota Paris\u2013Barcelona em impressionantes 6 horas e 15 minutos<\/strong>, o que, para uma dist\u00e2ncia t\u00e3o grande, \u00e9 um tempo simplesmente fant\u00e1stico.<\/p>\n\n\n\n<p class=\"wp-block-paragraph\">Essa conex\u00e3o direta roda atualmente duas vezes por dia, geralmente de manh\u00e3 cedo e no come\u00e7o da tarde, mas lembre-se de que n\u00e3o existe hoje um trem-leito noturno cl\u00e1ssico nessa rota. Essa op\u00e7\u00e3o \u00e9 perfeita se voc\u00ea planeja umas f\u00e9rias mais longas, de duas semanas, e <strong>quer fazer uma parada rom\u00e2ntica no caminho para um caf\u00e9 aos p\u00e9s da Torre Eiffel<\/strong>.<\/p>\n\n\n\n<p class=\"wp-block-paragraph\">\ud83d\udca1 Dica: Os assentos nos trens-bala franceses TGV costumam esgotar num piscar de olhos nos meses de ver\u00e3o, ent\u00e3o <strong>fa\u00e7a a reserva assim que a companhia abrir a pr\u00e9-venda<\/strong>, o que geralmente acontece tr\u00eas meses antes.<\/p>\n\n\n\n<figure data-wp-context=\"{&quot;imageId&quot;:&quot;6a95670beafd9&quot;}\" data-wp-interactive=\"core\/image\" data-wp-key=\"6a95670beafd9\" class=\"wp-block-image size-full wp-lightbox-container\"><img decoding=\"async\" width=\"1600\" height=\"2060\" data-wp-class--hide=\"state.isContentHidden\" data-wp-class--show=\"state.isContentVisible\" data-wp-init=\"callbacks.setButtonStyles\" data-wp-on--click=\"actions.showLightbox\" data-wp-on--load=\"callbacks.setButtonStyles\" data-wp-on--pointerdown=\"actions.preloadImage\" data-wp-on--pointerenter=\"actions.preloadImageWithDelay\" data-wp-on--pointerleave=\"actions.cancelPreload\" data-wp-on-window--resize=\"callbacks.setButtonStyles\" src=\"https:\/\/loudavymkrokem.cz\/wp-content\/uploads\/2026\/08\/barcelona-kdy-jet-do-barcelony-podle-typu-dovo.jpg\" alt=\"Catedral de Barcelona na pra\u00e7a Pla de la Seu\" class=\"wp-image-376378\" title=\"\" srcset=\"https:\/\/loudavymkrokem.cz\/wp-content\/uploads\/2026\/08\/barcelona-kdy-jet-do-barcelony-podle-typu-dovo.jpg 1600w, https:\/\/loudavymkrokem.cz\/wp-content\/uploads\/2026\/08\/barcelona-kdy-jet-do-barcelony-podle-typu-dovo-233x300.jpg 233w, https:\/\/loudavymkrokem.cz\/wp-content\/uploads\/2026\/08\/barcelona-kdy-jet-do-barcelony-podle-typu-dovo-700x901.jpg 700w, https:\/\/loudavymkrokem.cz\/wp-content\/uploads\/2026\/08\/barcelona-kdy-jet-do-barcelony-podle-typu-dovo-768x989.jpg 768w, https:\/\/loudavymkrokem.cz\/wp-content\/uploads\/2026\/08\/barcelona-kdy-jet-do-barcelony-podle-typu-dovo-1193x1536.jpg 1193w, https:\/\/loudavymkrokem.cz\/wp-content\/uploads\/2026\/08\/barcelona-kdy-jet-do-barcelony-podle-typu-dovo-1591x2048.jpg 1591w, https:\/\/loudavymkrokem.cz\/wp-content\/uploads\/2026\/08\/barcelona-kdy-jet-do-barcelony-podle-typu-dovo-696x896.jpg 696w, https:\/\/loudavymkrokem.cz\/wp-content\/uploads\/2026\/08\/barcelona-kdy-jet-do-barcelony-podle-typu-dovo-1392x1792.jpg 1392w\" sizes=\"(max-width: 1600px) 100vw, 1600px\" \/><button\n\t\t\tclass=\"lightbox-trigger\"\n\t\t\ttype=\"button\"\n\t\t\taria-haspopup=\"dialog\"\n\t\t\tdata-wp-bind--aria-label=\"state.thisImage.triggerButtonAriaLabel\"\n\t\t\tdata-wp-init=\"callbacks.initTriggerButton\"\n\t\t\tdata-wp-on--click=\"actions.showLightbox\"\n\t\t\tdata-wp-style--right=\"state.thisImage.buttonRight\"\n\t\t\tdata-wp-style--top=\"state.thisImage.buttonTop\"\n\t\t>\n\t\t\t<svg xmlns=\"http:\/\/www.w3.org\/2000\/svg\" width=\"12\" height=\"12\" fill=\"none\" viewBox=\"0 0 12 12\">\n\t\t\t\t<path fill=\"#fff\" d=\"M2 0a2 2 0 0 0-2 2v2h1.5V2a.5.5 0 0 1 .5-.5h2V0H2Zm2 10.5H2a.5.5 0 0 1-.5-.5V8H0v2a2 2 0 0 0 2 2h2v-1.5ZM8 12v-1.5h2a.5.5 0 0 0 .5-.5V8H12v2a2 2 0 0 1-2 2H8Zm2-12a2 2 0 0 1 2 2v2h-1.5V2a.5.5 0 0 0-.5-.5H8V0h2Z\" \/>\n\t\t\t<\/svg>\n\t\t<\/button><\/figure>\n\n\n\n<h3 class=\"wp-block-heading\"><span class=\"ez-toc-section\" id=\"9_De_carro_ate_Barcelona_Prepare-se_para_a_zona_ZBE\"><\/span>9. De carro at\u00e9 Barcelona? Prepare-se para a zona ZBE<span class=\"ez-toc-section-end\"><\/span><\/h3>\n\n\n\n<p class=\"wp-block-paragraph\">A ideia de encher o carro at\u00e9 o teto e dirigir por conta pr\u00f3pria at\u00e9 o mar soa muito tentadora, principalmente se voc\u00ea planeja acampar em algum penhasco da Costa Brava pelo caminho. Mas se voc\u00ea vai direto para o pr\u00f3prio centro da cidade e tem um hotel caro reservado l\u00e1, <strong>\u00e9 melhor deixar o carro longe ou estacionado num sub\u00farbio distante<\/strong>.<\/p>\n\n\n\n<p class=\"wp-block-paragraph\">\u00c9 que Barcelona introduziu restri\u00e7\u00f5es brutais contra as emiss\u00f5es e o centro virou literalmente um campo minado para o motorista comum. Toda a cidade dentro dos enormes an\u00e9is vi\u00e1rios Ronda de Dalt e Ronda Litoral faz parte da <strong>zona de baixa emiss\u00e3o chamada ZBE Rondes Barcelona<\/strong>, onde a fiscaliza\u00e7\u00e3o s\u00f3 te deixa entrar se o seu carro atender no m\u00ednimo \u00e0 norma Euro 3 para gasolina ou Euro 4 para diesel.<\/p>\n\n\n\n<p class=\"wp-block-paragraph\">Aqui, por\u00e9m, entra o maior detalhe burocr\u00e1tico para quem vem de fora da Espanha. N\u00e3o conte com nenhum adesivo verde colado na janela para garantir a entrada. Ve\u00edculos com placa estrangeira <strong>precisam se registrar previamente, online e gratuitamente, no registro AMB<\/strong>, administrado pela pr\u00f3pria capital catal\u00e3.<\/p>\n\n\n\n<p class=\"wp-block-paragraph\">Sobre as vias ficam c\u00e2meras inteligentes que escaneiam automaticamente as placas de todos os carros que passam. Se voc\u00ea entrar na zona e n\u00e3o estiver no registro, o <strong>sistema te aplica sem d\u00f3 uma multa de 200 \u20ac (cerca de R$ 1.250)<\/strong>. Se conseguir pag\u00e1-la em at\u00e9 vinte dias, ela cai para cem euros, mas ainda assim d\u00f3i \u00e0 toa.<\/p>\n\n\n\n<p class=\"wp-block-paragraph\">\ud83d\udca1 Dica: O estacionamento no centro ainda \u00e9 extremamente caro e voc\u00ea encontra pouqu\u00edssimas vagas na rua, por isso <strong>o melhor \u00e9 deixar o carro nos estacionamentos de reten\u00e7\u00e3o (park &#038; ride)<\/strong> e seguir no metr\u00f4, que funciona muito bem.<\/p>\n\n\n\n<figure data-wp-context=\"{&quot;imageId&quot;:&quot;6a95670beb6b1&quot;}\" data-wp-interactive=\"core\/image\" data-wp-key=\"6a95670beb6b1\" class=\"wp-block-image size-full wp-lightbox-container\"><img decoding=\"async\" width=\"1920\" height=\"1717\" data-wp-class--hide=\"state.isContentHidden\" data-wp-class--show=\"state.isContentVisible\" data-wp-init=\"callbacks.setButtonStyles\" data-wp-on--click=\"actions.showLightbox\" data-wp-on--load=\"callbacks.setButtonStyles\" data-wp-on--pointerdown=\"actions.preloadImage\" data-wp-on--pointerenter=\"actions.preloadImageWithDelay\" data-wp-on--pointerleave=\"actions.cancelPreload\" data-wp-on-window--resize=\"callbacks.setButtonStyles\" src=\"https:\/\/loudavymkrokem.cz\/wp-content\/uploads\/2026\/08\/barcelona-jak-se-dostat-z-letiste-el-prat-do-c.jpg\" alt=\"Como chegar do aeroporto El Prat ao centro\" class=\"wp-image-376476\" title=\"\" srcset=\"https:\/\/loudavymkrokem.cz\/wp-content\/uploads\/2026\/08\/barcelona-jak-se-dostat-z-letiste-el-prat-do-c.jpg 1920w, https:\/\/loudavymkrokem.cz\/wp-content\/uploads\/2026\/08\/barcelona-jak-se-dostat-z-letiste-el-prat-do-c-300x268.jpg 300w, https:\/\/loudavymkrokem.cz\/wp-content\/uploads\/2026\/08\/barcelona-jak-se-dostat-z-letiste-el-prat-do-c-700x626.jpg 700w, https:\/\/loudavymkrokem.cz\/wp-content\/uploads\/2026\/08\/barcelona-jak-se-dostat-z-letiste-el-prat-do-c-768x687.jpg 768w, https:\/\/loudavymkrokem.cz\/wp-content\/uploads\/2026\/08\/barcelona-jak-se-dostat-z-letiste-el-prat-do-c-1536x1374.jpg 1536w, https:\/\/loudavymkrokem.cz\/wp-content\/uploads\/2026\/08\/barcelona-jak-se-dostat-z-letiste-el-prat-do-c-696x622.jpg 696w, https:\/\/loudavymkrokem.cz\/wp-content\/uploads\/2026\/08\/barcelona-jak-se-dostat-z-letiste-el-prat-do-c-1392x1245.jpg 1392w\" sizes=\"(max-width: 1920px) 100vw, 1920px\" \/><button\n\t\t\tclass=\"lightbox-trigger\"\n\t\t\ttype=\"button\"\n\t\t\taria-haspopup=\"dialog\"\n\t\t\tdata-wp-bind--aria-label=\"state.thisImage.triggerButtonAriaLabel\"\n\t\t\tdata-wp-init=\"callbacks.initTriggerButton\"\n\t\t\tdata-wp-on--click=\"actions.showLightbox\"\n\t\t\tdata-wp-style--right=\"state.thisImage.buttonRight\"\n\t\t\tdata-wp-style--top=\"state.thisImage.buttonTop\"\n\t\t>\n\t\t\t<svg xmlns=\"http:\/\/www.w3.org\/2000\/svg\" width=\"12\" height=\"12\" fill=\"none\" viewBox=\"0 0 12 12\">\n\t\t\t\t<path fill=\"#fff\" d=\"M2 0a2 2 0 0 0-2 2v2h1.5V2a.5.5 0 0 1 .5-.5h2V0H2Zm2 10.5H2a.5.5 0 0 1-.5-.5V8H0v2a2 2 0 0 0 2 2h2v-1.5ZM8 12v-1.5h2a.5.5 0 0 0 .5-.5V8H12v2a2 2 0 0 1-2 2H8Zm2-12a2 2 0 0 1 2 2v2h-1.5V2a.5.5 0 0 0-.5-.5H8V0h2Z\" \/>\n\t\t\t<\/svg>\n\t\t<\/button><figcaption class=\"wp-element-caption\">Foto: Didier Descouens \/ Wikimedia Commons, Public domain<\/figcaption><\/figure>\n\n\n\n<h3 class=\"wp-block-heading\"><span class=\"ez-toc-section\" id=\"10_Como_chegar_do_aeroporto_El_Prat_ao_centro\"><\/span>10. Como chegar do aeroporto El Prat ao centro<span class=\"ez-toc-section-end\"><\/span><\/h3>\n\n\n\n<p class=\"wp-block-paragraph\">Quando voc\u00ea finalmente pousar no quente aeroporto El Prat de Barcelona, te espera o \u00faltimo desafio de log\u00edstica que separa voc\u00ea dos t\u00e3o sonhados passeios pelo antigo bairro g\u00f3tico. A op\u00e7\u00e3o mais r\u00e1pida e confort\u00e1vel \u00e9, sem d\u00favida, o <strong>\u00f4nibus azul do aeroporto chamado Aerob\u00fas<\/strong>, que te leva direto \u00e0 pra\u00e7a central Pla\u00e7a de Catalunya, sem paradas desnecess\u00e1rias.<\/p>\n\n\n\n<p class=\"wp-block-paragraph\">Esse bilhete, depois do reajuste recente, sai por <strong>7,45 \u20ac (cerca de R$ 46) por trecho<\/strong>, e os \u00f4nibus saem dos dois terminais, T1 e T2, com regularidade de ferro. \u00c9 um pouco mais caro que o transporte urbano comum, mas em compensa\u00e7\u00e3o voc\u00ea n\u00e3o precisa arrastar malas pesadas por escadas intermin\u00e1veis no metr\u00f4 escuro.<\/p>\n\n\n\n<p class=\"wp-block-paragraph\">Se voc\u00ea prefere o caminho subterr\u00e2neo, pode usar a moderna linha de metr\u00f4 L9 Sud. Mas aqui, muito cuidado: o <strong>popular bilhete T-casual n\u00e3o vale de jeito nenhum no metr\u00f4 do aeroporto<\/strong> e as catracas modernas simplesmente n\u00e3o te deixam passar com ele. Para a viagem a partir do aeroporto, voc\u00ea precisa comprar na m\u00e1quina o bilhete especial Bitllet Aeroport, que atualmente custa 5,90 \u20ac (cerca de R$ 37). Para casais, ent\u00e3o, compensa muito mais comprar o bilhete T-familiar que, ao contr\u00e1rio do T-casual, \u00e9 transfer\u00edvel para v\u00e1rias pessoas.<\/p>\n\n\n\n<p class=\"wp-block-paragraph\">\ud83d\udca1 Dica: Do terminal T2 sai tamb\u00e9m para o centro o trem suburbano cl\u00e1ssico da RENFE, no qual <strong>a\u00ed sim voc\u00ea pode usar o bilhete comum sem problemas<\/strong>, o que faz dele, de longe, o meio de transporte mais barato.<\/p>\n\n\n\n<figure data-wp-context=\"{&quot;imageId&quot;:&quot;6a95670bebde1&quot;}\" data-wp-interactive=\"core\/image\" data-wp-key=\"6a95670bebde1\" class=\"wp-block-image size-full wp-lightbox-container\"><img decoding=\"async\" width=\"1600\" height=\"900\" data-wp-class--hide=\"state.isContentHidden\" data-wp-class--show=\"state.isContentVisible\" data-wp-init=\"callbacks.setButtonStyles\" data-wp-on--click=\"actions.showLightbox\" data-wp-on--load=\"callbacks.setButtonStyles\" data-wp-on--pointerdown=\"actions.preloadImage\" data-wp-on--pointerenter=\"actions.preloadImageWithDelay\" data-wp-on--pointerleave=\"actions.cancelPreload\" data-wp-on-window--resize=\"callbacks.setButtonStyles\" src=\"https:\/\/loudavymkrokem.cz\/wp-content\/uploads\/2026\/08\/barcelona-sarria-sant-gervasi-px.jpg\" alt=\"Rua em Barcelona com esta\u00e7\u00e3o de bicicletas compartilhadas\" class=\"wp-image-376449\" title=\"\" srcset=\"https:\/\/loudavymkrokem.cz\/wp-content\/uploads\/2026\/08\/barcelona-sarria-sant-gervasi-px.jpg 1600w, https:\/\/loudavymkrokem.cz\/wp-content\/uploads\/2026\/08\/barcelona-sarria-sant-gervasi-px-300x169.jpg 300w, https:\/\/loudavymkrokem.cz\/wp-content\/uploads\/2026\/08\/barcelona-sarria-sant-gervasi-px-700x394.jpg 700w, https:\/\/loudavymkrokem.cz\/wp-content\/uploads\/2026\/08\/barcelona-sarria-sant-gervasi-px-768x432.jpg 768w, https:\/\/loudavymkrokem.cz\/wp-content\/uploads\/2026\/08\/barcelona-sarria-sant-gervasi-px-1536x864.jpg 1536w, https:\/\/loudavymkrokem.cz\/wp-content\/uploads\/2026\/08\/barcelona-sarria-sant-gervasi-px-696x392.jpg 696w, https:\/\/loudavymkrokem.cz\/wp-content\/uploads\/2026\/08\/barcelona-sarria-sant-gervasi-px-1392x783.jpg 1392w\" sizes=\"(max-width: 1600px) 100vw, 1600px\" \/><button\n\t\t\tclass=\"lightbox-trigger\"\n\t\t\ttype=\"button\"\n\t\t\taria-haspopup=\"dialog\"\n\t\t\tdata-wp-bind--aria-label=\"state.thisImage.triggerButtonAriaLabel\"\n\t\t\tdata-wp-init=\"callbacks.initTriggerButton\"\n\t\t\tdata-wp-on--click=\"actions.showLightbox\"\n\t\t\tdata-wp-style--right=\"state.thisImage.buttonRight\"\n\t\t\tdata-wp-style--top=\"state.thisImage.buttonTop\"\n\t\t>\n\t\t\t<svg xmlns=\"http:\/\/www.w3.org\/2000\/svg\" width=\"12\" height=\"12\" fill=\"none\" viewBox=\"0 0 12 12\">\n\t\t\t\t<path fill=\"#fff\" d=\"M2 0a2 2 0 0 0-2 2v2h1.5V2a.5.5 0 0 1 .5-.5h2V0H2Zm2 10.5H2a.5.5 0 0 1-.5-.5V8H0v2a2 2 0 0 0 2 2h2v-1.5ZM8 12v-1.5h2a.5.5 0 0 0 .5-.5V8H12v2a2 2 0 0 1-2 2H8Zm2-12a2 2 0 0 1 2 2v2h-1.5V2a.5.5 0 0 0-.5-.5H8V0h2Z\" \/>\n\t\t\t<\/svg>\n\t\t<\/button><\/figure>\n\n\n\n<h3 class=\"wp-block-heading\"><span class=\"ez-toc-section\" id=\"11_Pacote_com_agencia_vs_viagem_por_conta_propria\"><\/span>11. Pacote com ag\u00eancia vs. viagem por conta pr\u00f3pria<span class=\"ez-toc-section-end\"><\/span><\/h3>\n\n\n\n<p class=\"wp-block-paragraph\">Ao viajar pelo sul da Europa, muitos de n\u00f3s j\u00e1 se acostumaram com a ideia de que o turismo individual sempre vence a ag\u00eancia de viagens no pre\u00e7o total. Um viajante low-cost experiente encara tr\u00eas dias em Barcelona tranquilamente por um valor baixo, o turista m\u00e9dio se enquadra num or\u00e7amento moderado, enquanto <strong>as ag\u00eancias vendem um final de semana prolongado a partir de valores bem mais altos<\/strong> por pessoa. Umas f\u00e9rias completas para dois, com ag\u00eancia, saem facilmente por uma boa quantia.<\/p>\n\n\n\n<p class=\"wp-block-paragraph\">Isso significa que as pessoas n\u00e3o sabem procurar passagens baratas na internet? De jeito nenhum. O principal argumento de venda da ag\u00eancia em Barcelona n\u00e3o \u00e9 s\u00f3 o pre\u00e7o em si, e sim, mais que tudo, <strong>se livrar por completo de toda a carga de decis\u00f5es<\/strong>. Afinal, a cidade \u00e9 um dos lugares mais exaustivos da Europa para se planejar, onde voc\u00ea precisa ficar o tempo todo de olho numa quantidade enorme de detalhes e sistemas de reserva.<\/p>\n\n\n\n<p class=\"wp-block-paragraph\">Voc\u00ea precisa resolver de antem\u00e3o que os ingressos para a Sagrada Fam\u00edlia costumam esgotar duas semanas antes, que o popular Park G\u00fcell tem hor\u00e1rios rigorosamente marcados com toler\u00e2ncia zero para atrasos e que <strong>no hotel, na hora de pagar, voc\u00ea \u00e9 surpreendido pela taxa tur\u00edstica, tranquilamente 12 \u20ac (cerca de R$ 75) por pessoa e por noite<\/strong>, que voc\u00ea nem tinha visto antes no Booking.<\/p>\n\n\n\n<p class=\"wp-block-paragraph\">A sensa\u00e7\u00e3o de n\u00e3o precisar se preocupar com nada disso e de que a sua guia j\u00e1 tem todos os ingressos caros bem guardados no bolso \u00e9, para uma pessoa cansada do trabalho, simplesmente impag\u00e1vel. <strong>Se voc\u00ea busca liberdade absoluta, planeje tudo por conta pr\u00f3pria<\/strong>, mas se quer s\u00f3 desligar e aproveitar as tapas, o pacote faz muito sentido.<\/p>\n\n\n\n<p class=\"wp-block-paragraph\">\ud83d\udca1 Dica: Descubra de antem\u00e3o o valor exato da taxa tur\u00edstica para o seu tipo de hospedagem, porque os hot\u00e9is cinco estrelas pagam os j\u00e1 citados 12 \u20ac, enquanto <strong>num apartamento tur\u00edstico comum voc\u00ea paga 9,50 \u20ac por noite<\/strong>.<\/p>\n\n\n\n<figure data-wp-context=\"{&quot;imageId&quot;:&quot;6a95670bec575&quot;}\" data-wp-interactive=\"core\/image\" data-wp-key=\"6a95670bec575\" class=\"wp-block-image size-full wp-lightbox-container\"><img decoding=\"async\" width=\"1333\" height=\"2000\" data-wp-class--hide=\"state.isContentHidden\" data-wp-class--show=\"state.isContentVisible\" data-wp-init=\"callbacks.setButtonStyles\" data-wp-on--click=\"actions.showLightbox\" data-wp-on--load=\"callbacks.setButtonStyles\" data-wp-on--pointerdown=\"actions.preloadImage\" data-wp-on--pointerenter=\"actions.preloadImageWithDelay\" data-wp-on--pointerleave=\"actions.cancelPreload\" data-wp-on-window--resize=\"callbacks.setButtonStyles\" src=\"https:\/\/loudavymkrokem.cz\/wp-content\/uploads\/2026\/08\/barcelona-rooftop-panorama.jpg\" alt=\"Panorama de Barcelona a partir do terra\u00e7o de um hotel\" class=\"wp-image-376354\" title=\"\" srcset=\"https:\/\/loudavymkrokem.cz\/wp-content\/uploads\/2026\/08\/barcelona-rooftop-panorama.jpg 1333w, https:\/\/loudavymkrokem.cz\/wp-content\/uploads\/2026\/08\/barcelona-rooftop-panorama-200x300.jpg 200w, https:\/\/loudavymkrokem.cz\/wp-content\/uploads\/2026\/08\/barcelona-rooftop-panorama-700x1050.jpg 700w, https:\/\/loudavymkrokem.cz\/wp-content\/uploads\/2026\/08\/barcelona-rooftop-panorama-768x1152.jpg 768w, https:\/\/loudavymkrokem.cz\/wp-content\/uploads\/2026\/08\/barcelona-rooftop-panorama-1024x1536.jpg 1024w, https:\/\/loudavymkrokem.cz\/wp-content\/uploads\/2026\/08\/barcelona-rooftop-panorama-696x1044.jpg 696w\" sizes=\"(max-width: 1333px) 100vw, 1333px\" \/><button\n\t\t\tclass=\"lightbox-trigger\"\n\t\t\ttype=\"button\"\n\t\t\taria-haspopup=\"dialog\"\n\t\t\tdata-wp-bind--aria-label=\"state.thisImage.triggerButtonAriaLabel\"\n\t\t\tdata-wp-init=\"callbacks.initTriggerButton\"\n\t\t\tdata-wp-on--click=\"actions.showLightbox\"\n\t\t\tdata-wp-style--right=\"state.thisImage.buttonRight\"\n\t\t\tdata-wp-style--top=\"state.thisImage.buttonTop\"\n\t\t>\n\t\t\t<svg xmlns=\"http:\/\/www.w3.org\/2000\/svg\" width=\"12\" height=\"12\" fill=\"none\" viewBox=\"0 0 12 12\">\n\t\t\t\t<path fill=\"#fff\" d=\"M2 0a2 2 0 0 0-2 2v2h1.5V2a.5.5 0 0 1 .5-.5h2V0H2Zm2 10.5H2a.5.5 0 0 1-.5-.5V8H0v2a2 2 0 0 0 2 2h2v-1.5ZM8 12v-1.5h2a.5.5 0 0 0 .5-.5V8H12v2a2 2 0 0 1-2 2H8Zm2-12a2 2 0 0 1 2 2v2h-1.5V2a.5.5 0 0 0-.5-.5H8V0h2Z\" \/>\n\t\t\t<\/svg>\n\t\t<\/button><\/figure>\n\n\n\n<h2 class=\"wp-block-heading\"><span class=\"ez-toc-section\" id=\"Resumo_pratico_e_precos_aproximados\"><\/span>Resumo pr\u00e1tico e pre\u00e7os aproximados<span class=\"ez-toc-section-end\"><\/span><\/h2>\n\n\n\n<p class=\"wp-block-paragraph\"><strong>Planejar o or\u00e7amento<\/strong> \u00e9 a base do sucesso, por isso reunimos para voc\u00ea os <strong>valores mais importantes<\/strong> com os quais voc\u00ea precisa contar de verdade em 2026.<\/p>\n\n\n\n<ul class=\"wp-block-list\">\n\n<li>  <strong>Multa da Ryanair por mala grande:<\/strong> 35 \u20ac a 69,99 \u20ac (R$ 220 \u2013 R$ 440)<\/li>\n\n\n\n<li>  <strong>\u00d4nibus do aeroporto de Girona ao centro:<\/strong> 22 \u20ac (R$ 140)<\/li>\n\n\n\n<li>  <strong>Bilhete do Aerob\u00fas (aeroporto El Prat):<\/strong> 7,45 \u20ac (R$ 46)<\/li>\n\n\n\n<li>  <strong>Bilhete especial do metr\u00f4 do aeroporto L9 Sud:<\/strong> 5,90 \u20ac (R$ 37)<\/li>\n\n\n\n<li>  <strong>Multa por entrar de carro na zona ZBE sem registro:<\/strong> 200 \u20ac (R$ 1.250)<\/li>\n\n\n\n<li>  <strong>Taxa tur\u00edstica em hotel 5*:<\/strong> 12 \u20ac \/ pessoa \/ noite (R$ 75)<\/li>\n\n\n\n<li>  <strong>Taxa tur\u00edstica em apartamento:<\/strong> 9,50 \u20ac \/ pessoa \/ noite (R$ 59)<\/li>\n\n\n<\/ul>\n\n\n\n<figure data-wp-context=\"{&quot;imageId&quot;:&quot;6a95670beccc7&quot;}\" data-wp-interactive=\"core\/image\" data-wp-key=\"6a95670beccc7\" class=\"wp-block-image size-full wp-lightbox-container\"><img decoding=\"async\" width=\"1333\" height=\"2000\" data-wp-class--hide=\"state.isContentHidden\" data-wp-class--show=\"state.isContentVisible\" data-wp-init=\"callbacks.setButtonStyles\" data-wp-on--click=\"actions.showLightbox\" data-wp-on--load=\"callbacks.setButtonStyles\" data-wp-on--pointerdown=\"actions.preloadImage\" data-wp-on--pointerenter=\"actions.preloadImageWithDelay\" data-wp-on--pointerleave=\"actions.cancelPreload\" data-wp-on-window--resize=\"callbacks.setButtonStyles\" src=\"https:\/\/loudavymkrokem.cz\/wp-content\/uploads\/2026\/08\/park-guell-panorama-domky.jpg\" alt=\"Park G\u00fcell, casinhas e panorama de Barcelona\" class=\"wp-image-376305\" title=\"\" srcset=\"https:\/\/loudavymkrokem.cz\/wp-content\/uploads\/2026\/08\/park-guell-panorama-domky.jpg 1333w, https:\/\/loudavymkrokem.cz\/wp-content\/uploads\/2026\/08\/park-guell-panorama-domky-200x300.jpg 200w, https:\/\/loudavymkrokem.cz\/wp-content\/uploads\/2026\/08\/park-guell-panorama-domky-700x1050.jpg 700w, https:\/\/loudavymkrokem.cz\/wp-content\/uploads\/2026\/08\/park-guell-panorama-domky-768x1152.jpg 768w, https:\/\/loudavymkrokem.cz\/wp-content\/uploads\/2026\/08\/park-guell-panorama-domky-1024x1536.jpg 1024w, https:\/\/loudavymkrokem.cz\/wp-content\/uploads\/2026\/08\/park-guell-panorama-domky-696x1044.jpg 696w\" sizes=\"(max-width: 1333px) 100vw, 1333px\" \/><button\n\t\t\tclass=\"lightbox-trigger\"\n\t\t\ttype=\"button\"\n\t\t\taria-haspopup=\"dialog\"\n\t\t\tdata-wp-bind--aria-label=\"state.thisImage.triggerButtonAriaLabel\"\n\t\t\tdata-wp-init=\"callbacks.initTriggerButton\"\n\t\t\tdata-wp-on--click=\"actions.showLightbox\"\n\t\t\tdata-wp-style--right=\"state.thisImage.buttonRight\"\n\t\t\tdata-wp-style--top=\"state.thisImage.buttonTop\"\n\t\t>\n\t\t\t<svg xmlns=\"http:\/\/www.w3.org\/2000\/svg\" width=\"12\" height=\"12\" fill=\"none\" viewBox=\"0 0 12 12\">\n\t\t\t\t<path fill=\"#fff\" d=\"M2 0a2 2 0 0 0-2 2v2h1.5V2a.5.5 0 0 1 .5-.5h2V0H2Zm2 10.5H2a.5.5 0 0 1-.5-.5V8H0v2a2 2 0 0 0 2 2h2v-1.5ZM8 12v-1.5h2a.5.5 0 0 0 .5-.5V8H12v2a2 2 0 0 1-2 2H8Zm2-12a2 2 0 0 1 2 2v2h-1.5V2a.5.5 0 0 0-.5-.5H8V0h2Z\" \/>\n\t\t\t<\/svg>\n\t\t<\/button><\/figure>\n\n\n\n<h2 class=\"wp-block-heading\"><span class=\"ez-toc-section\" id=\"Para_onde_ir_depois\"><\/span>Para onde ir depois<span class=\"ez-toc-section-end\"><\/span><\/h2>\n\n\n\n<p class=\"wp-block-paragraph\">Sobre Barcelona, temos tamb\u00e9m estes guias detalhados:<\/p>\n\n\n\n<ul class=\"wp-block-list\">\n\n<li><a href=\"https:\/\/loudavymkrokem.cz\/pt-br\/?p=376361\">Pre\u00e7os em Barcelona: or\u00e7amento e taxa tur\u00edstica<\/a><\/li>\n\n\n<\/ul>\n\n\n\n<p class=\"wp-block-paragraph\">Se voc\u00ea quer mais detalhes para umas f\u00e9rias perfeitas na Espanha, d\u00e1 uma olhada nos nossos outros artigos, onde falamos de tudo, da hospedagem aos melhores pontos tur\u00edsticos.<\/p>\n\n\n\n<ul class=\"wp-block-list\">\n\n<li>  <a href=\"https:\/\/loudavymkrokem.cz\/pt-br\/barcelona-espanha-o-que-ver\/\">O que ver em Barcelona: 25+ dicas<\/a><\/li>\n\n\n\n<li>  <a href=\"https:\/\/loudavymkrokem.cz\/pt-br\/?p=376277\">Clima em Barcelona: temperaturas por m\u00eas e quando ir<\/a><\/li>\n\n\n\n<li>  <a href=\"https:\/\/loudavymkrokem.cz\/pt-br\/?p=376352\">Transporte em Barcelona: metr\u00f4, bilhetes e aeroporto<\/a><\/li>\n\n\n\n<li>  <a href=\"https:\/\/loudavymkrokem.cz\/pt-br\/onde-ficar-barcelona-espanha\/\">Onde ficar em Barcelona: 10 bairros<\/a><\/li>\n\n\n\n<li>  <a href=\"https:\/\/loudavymkrokem.cz\/pt-br\/girona-espanha-o-que-fazer\/\">Girona, Espanha: 16 dicas do que ver<\/a><\/li>\n\n\n\n<li>  <a href=\"https:\/\/loudavymkrokem.cz\/pt-br\/ferias-na-espanha-dicas\/\">F\u00e9rias na Espanha: 17 dicas de para onde ir<\/a><\/li>\n\n\n<\/ul>\n\n\n\n<figure data-wp-context=\"{&quot;imageId&quot;:&quot;6a95670bed4db&quot;}\" data-wp-interactive=\"core\/image\" data-wp-key=\"6a95670bed4db\" class=\"wp-block-image size-full wp-lightbox-container\"><img decoding=\"async\" width=\"2000\" height=\"1333\" data-wp-class--hide=\"state.isContentHidden\" data-wp-class--show=\"state.isContentVisible\" data-wp-init=\"callbacks.setButtonStyles\" data-wp-on--click=\"actions.showLightbox\" data-wp-on--load=\"callbacks.setButtonStyles\" data-wp-on--pointerdown=\"actions.preloadImage\" data-wp-on--pointerenter=\"actions.preloadImageWithDelay\" data-wp-on--pointerleave=\"actions.cancelPreload\" data-wp-on-window--resize=\"callbacks.setButtonStyles\" src=\"https:\/\/loudavymkrokem.cz\/wp-content\/uploads\/2026\/08\/arc-de-triomf-palmy.jpg\" alt=\"Arc de Triomf em Barcelona entre palmeiras\" class=\"wp-image-376340\" title=\"\" srcset=\"https:\/\/loudavymkrokem.cz\/wp-content\/uploads\/2026\/08\/arc-de-triomf-palmy.jpg 2000w, https:\/\/loudavymkrokem.cz\/wp-content\/uploads\/2026\/08\/arc-de-triomf-palmy-300x200.jpg 300w, https:\/\/loudavymkrokem.cz\/wp-content\/uploads\/2026\/08\/arc-de-triomf-palmy-700x467.jpg 700w, https:\/\/loudavymkrokem.cz\/wp-content\/uploads\/2026\/08\/arc-de-triomf-palmy-768x512.jpg 768w, https:\/\/loudavymkrokem.cz\/wp-content\/uploads\/2026\/08\/arc-de-triomf-palmy-1536x1024.jpg 1536w, https:\/\/loudavymkrokem.cz\/wp-content\/uploads\/2026\/08\/arc-de-triomf-palmy-696x464.jpg 696w, https:\/\/loudavymkrokem.cz\/wp-content\/uploads\/2026\/08\/arc-de-triomf-palmy-1392x928.jpg 1392w, https:\/\/loudavymkrokem.cz\/wp-content\/uploads\/2026\/08\/arc-de-triomf-palmy-1920x1280.jpg 1920w\" sizes=\"(max-width: 2000px) 100vw, 2000px\" \/><button\n\t\t\tclass=\"lightbox-trigger\"\n\t\t\ttype=\"button\"\n\t\t\taria-haspopup=\"dialog\"\n\t\t\tdata-wp-bind--aria-label=\"state.thisImage.triggerButtonAriaLabel\"\n\t\t\tdata-wp-init=\"callbacks.initTriggerButton\"\n\t\t\tdata-wp-on--click=\"actions.showLightbox\"\n\t\t\tdata-wp-style--right=\"state.thisImage.buttonRight\"\n\t\t\tdata-wp-style--top=\"state.thisImage.buttonTop\"\n\t\t>\n\t\t\t<svg xmlns=\"http:\/\/www.w3.org\/2000\/svg\" width=\"12\" height=\"12\" fill=\"none\" viewBox=\"0 0 12 12\">\n\t\t\t\t<path fill=\"#fff\" d=\"M2 0a2 2 0 0 0-2 2v2h1.5V2a.5.5 0 0 1 .5-.5h2V0H2Zm2 10.5H2a.5.5 0 0 1-.5-.5V8H0v2a2 2 0 0 0 2 2h2v-1.5ZM8 12v-1.5h2a.5.5 0 0 0 .5-.5V8H12v2a2 2 0 0 1-2 2H8Zm2-12a2 2 0 0 1 2 2v2h-1.5V2a.5.5 0 0 0-.5-.5H8V0h2Z\" \/>\n\t\t\t<\/svg>\n\t\t<\/button><\/figure>\n\n\n\n<h2 class=\"wp-block-heading\"><span class=\"ez-toc-section\" id=\"Perguntas_frequentes\"><\/span>Perguntas frequentes<span class=\"ez-toc-section-end\"><\/span><\/h2>\n\n\n<div id=\"rank-math-faq\" class=\"rank-math-block\">\n<div class=\"rank-math-list \">\n<div id=\"faq-question-1785837102000\" class=\"rank-math-list-item\">\n<h3 class=\"rank-math-question \"><span class=\"ez-toc-section\" id=\"Quanto_tempo_dura_o_voo_para_Barcelona_saindo_do_Brasil\"><\/span>Quanto tempo dura o voo para Barcelona saindo do Brasil?<span class=\"ez-toc-section-end\"><\/span><\/h3>\n<div class=\"rank-math-answer \">\n\n<p>Um voo direto do Brasil para o aeroporto El Prat de Barcelona dura aproximadamente 11 a 12 horas, dependendo da cidade de origem (S\u00e3o Paulo ou Rio de Janeiro), durante as quais voc\u00ea percorre cerca de 9.200 quil\u00f4metros. Na alta temporada, voc\u00ea pode escolher entre diversos voos semanais operados por companhias como LATAM, GOL e TAP, o que oferece \u00f3tima flexibilidade no planejamento da viagem.<\/p>\n\n<\/div>\n<\/div>\n<div id=\"faq-question-1785837102001\" class=\"rank-math-list-item\">\n<h3 class=\"rank-math-question \"><span class=\"ez-toc-section\" id=\"Quanto_custa_aproximadamente_a_passagem_aerea\"><\/span>Quanto custa aproximadamente a passagem a\u00e9rea?<span class=\"ez-toc-section-end\"><\/span><\/h3>\n<div class=\"rank-math-answer \">\n\n<p>Os pre\u00e7os variam bastante de acordo com a anteced\u00eancia e a temporada, mas no ver\u00e3o conte com um pre\u00e7o m\u00e9dio de cerca de R$ 3.500 por trecho sem bagagem despachada. Embora os buscadores possam mostrar passagens a partir de R$ 2.000, essas tarifas costumam estar dispon\u00edveis fora da alta temporada de f\u00e9rias e em dias menos concorridos.<\/p>\n\n<\/div>\n<\/div>\n<div id=\"faq-question-1785837102002\" class=\"rank-math-list-item\">\n<h3 class=\"rank-math-question \"><span class=\"ez-toc-section\" id=\"A_passagem_comum_de_metro_funciona_saindo_do_aeroporto\"><\/span>A passagem comum de metr\u00f4 funciona saindo do aeroporto?<span class=\"ez-toc-section-end\"><\/span><\/h3>\n<div class=\"rank-math-answer \">\n\n<p>Infelizmente n\u00e3o funciona, o bilhete cl\u00e1ssico T-casual n\u00e3o permite passar pelas catracas da moderna linha aeroportu\u00e1ria L9 Sud. Voc\u00ea precisa comprar um Bitllet Aeroport especial, que atualmente custa 5,90 \u20ac. Se quiser economizar, use o trem suburbano RENFE do terminal T2, onde a passagem comum funciona normalmente.<\/p>\n\n<\/div>\n<\/div>\n<div id=\"faq-question-1785837102003\" class=\"rank-math-list-item\">\n<h3 class=\"rank-math-question \"><span class=\"ez-toc-section\" id=\"Posso_ir_de_carro_ate_o_centro_de_Barcelona\"><\/span>Posso ir de carro at\u00e9 o centro de Barcelona?<span class=\"ez-toc-section-end\"><\/span><\/h3>\n<div class=\"rank-math-answer \">\n\n<p>Teoricamente voc\u00ea pode, mas na pr\u00e1tica n\u00e3o recomendamos fortemente devido \u00e0 rigorosa zona de baixas emiss\u00f5es ZBE, que cobre todo o centro. Carros estrangeiros precisam ser registrados previamente e gratuitamente online no sistema AMB e atender \u00e0s normas de emiss\u00f5es, caso contr\u00e1rio arriscam uma multa autom\u00e1tica de 200 \u20ac atrav\u00e9s do sistema inteligente de c\u00e2meras.<\/p>\n\n<\/div>\n<\/div>\n<div id=\"faq-question-1785837102004\" class=\"rank-math-list-item\">\n<h3 class=\"rank-math-question \"><span class=\"ez-toc-section\" id=\"Da_para_chegar_a_Barcelona_confortavelmente_de_trem\"><\/span>D\u00e1 para chegar a Barcelona confortavelmente de trem?<span class=\"ez-toc-section-end\"><\/span><\/h3>\n<div class=\"rank-math-answer \">\n\n<p>Para quem vem do Brasil, essa op\u00e7\u00e3o n\u00e3o faz sentido pr\u00e1tico, j\u00e1 que seria necess\u00e1rio primeiro voar para a Europa. Por\u00e9m, se voc\u00ea j\u00e1 estiver na Europa e n\u00e3o puder voar por motivos de sa\u00fade, a rota mais comum passa por Dresden, Frankfurt e Estrasburgo, onde \u00e9 poss\u00edvel pernoitar, e depois por Lyon at\u00e9 a Espanha. Outra alternativa \u00e9 o TGV direto de Paris, que faz o trajeto at\u00e9 o mar em 6 horas e 15 minutos.<\/p>\n\n<\/div>\n<\/div>\n<div id=\"faq-question-1785837102005\" class=\"rank-math-list-item\">\n<h3 class=\"rank-math-question \"><span class=\"ez-toc-section\" id=\"Com_o_que_tomar_cuidado_nas_companhias_aereas_low-cost_como_Ryanair\"><\/span>Com o que tomar cuidado nas companhias a\u00e9reas low-cost como Ryanair?<span class=\"ez-toc-section-end\"><\/span><\/h3>\n<div class=\"rank-math-answer \">\n\n<p>O maior problema s\u00e3o as taxas ocultas de bagagem diretamente no port\u00e3o de embarque. Se voc\u00ea n\u00e3o comprar o servi\u00e7o Priority e chegar com uma mala de m\u00e3o grande que n\u00e3o caiba no limite de 40 \u00d7 20 \u00d7 25 cent\u00edmetros, pagar\u00e1 uma multa pesada de 35 \u20ac, que para bagagens ainda maiores pode chegar a 70 \u20ac.<\/p>\n\n<\/div>\n<\/div>\n<div id=\"faq-question-1785837102006\" class=\"rank-math-list-item\">\n<h3 class=\"rank-math-question \"><span class=\"ez-toc-section\" id=\"Vale_a_pena_voar_para_os_aeroportos_mais_distantes_de_Girona_ou_Reus\"><\/span>Vale a pena voar para os aeroportos mais distantes de Girona ou Reus?<span class=\"ez-toc-section-end\"><\/span><\/h3>\n<div class=\"rank-math-answer \">\n\n<p>Se voc\u00ea vai direto para Barcelona, geralmente n\u00e3o vale a pena. O transfer de \u00f4nibus desses aeroportos custa mais 15 a 22 \u20ac por trecho e a viagem leva mais de uma hora e quinze minutos, ent\u00e3o o dinheiro economizado na passagem mais barata acaba sendo gasto no transporte demorado at\u00e9 o centro, al\u00e9m de voc\u00ea perder muito tempo.<\/p>\n\n<\/div>\n<\/div>\n<\/div>\n<\/div>","protected":false},"excerpt":{"rendered":"<p>Planejando uma viagem a Barcelona, na Espanha? A gente te ajuda a escolher os voos, ficar de olho na bagagem e chegar de trem, caso voc\u00ea n\u00e3o voe.<\/p>\n","protected":false},"author":3,"featured_media":376474,"comment_status":"open","ping_status":"open","sticky":false,"template":"","format":"standard","meta":{"_acf_changed":false,"footnotes":"","rank_math_title":"Barcelona, Espanha: voos, pre\u00e7os e trem em 2026","rank_math_description":"Como chegar a Barcelona, na Espanha: voos, pre\u00e7os de passagens, bagagem e a op\u00e7\u00e3o de trem. Planeje sua viagem com nossas dicas e economize j\u00e1!","rank_math_focus_keyword":"barcelona na espanha","rank_math_seo_score":""},"categories":[1483,1159,1121,1104],"tags":[],"class_list":["post-409771","post","type-post","status-publish","format-standard","has-post-thumbnail","category-espanha","category-europa","category-viagens"],"acf":[],"featured_image_src":"https:\/\/loudavymkrokem.cz\/wp-content\/uploads\/2026\/08\/barcelona-vueling-a-jejich-odstupnovana-kila-px.jpg","author_info":{"display_name":"Lucie Kone\u010dn\u00e1","author_link":"https:\/\/loudavymkrokem.cz\/pt-br\/author\/lucie-konecna\/"},"_links":{"self":[{"href":"https:\/\/loudavymkrokem.cz\/pt-br\/wp-json\/wp\/v2\/posts\/409771","targetHints":{"allow":["GET"]}}],"collection":[{"href":"https:\/\/loudavymkrokem.cz\/pt-br\/wp-json\/wp\/v2\/posts"}],"about":[{"href":"https:\/\/loudavymkrokem.cz\/pt-br\/wp-json\/wp\/v2\/types\/post"}],"author":[{"embeddable":true,"href":"https:\/\/loudavymkrokem.cz\/pt-br\/wp-json\/wp\/v2\/users\/3"}],"replies":[{"embeddable":true,"href":"https:\/\/loudavymkrokem.cz\/pt-br\/wp-json\/wp\/v2\/comments?post=409771"}],"version-history":[{"count":2,"href":"https:\/\/loudavymkrokem.cz\/pt-br\/wp-json\/wp\/v2\/posts\/409771\/revisions"}],"predecessor-version":[{"id":409773,"href":"https:\/\/loudavymkrokem.cz\/pt-br\/wp-json\/wp\/v2\/posts\/409771\/revisions\/409773"}],"wp:featuredmedia":[{"embeddable":true,"href":"https:\/\/loudavymkrokem.cz\/pt-br\/wp-json\/wp\/v2\/media\/376474"}],"wp:attachment":[{"href":"https:\/\/loudavymkrokem.cz\/pt-br\/wp-json\/wp\/v2\/media?parent=409771"}],"wp:term":[{"taxonomy":"category","embeddable":true,"href":"https:\/\/loudavymkrokem.cz\/pt-br\/wp-json\/wp\/v2\/categories?post=409771"},{"taxonomy":"post_tag","embeddable":true,"href":"https:\/\/loudavymkrokem.cz\/pt-br\/wp-json\/wp\/v2\/tags?post=409771"}],"curies":[{"name":"wp","href":"https:\/\/api.w.org\/{rel}","templated":true}]}}