{"id":409762,"date":"2026-08-26T14:17:28","date_gmt":"2026-08-26T12:17:28","guid":{"rendered":"https:\/\/loudavymkrokem.cz\/o-que-fazer-hamburgo-alemanha\/"},"modified":"2026-08-31T11:43:24","modified_gmt":"2026-08-31T09:43:24","slug":"o-que-fazer-hamburgo-alemanha","status":"publish","type":"post","link":"https:\/\/loudavymkrokem.cz\/pt-br\/o-que-fazer-hamburgo-alemanha\/","title":{"rendered":"O que fazer em Hamburgo, Alemanha: 22 dicas na Veneza do Norte"},"content":{"rendered":"\n<p class=\"wp-block-paragraph\">Uma cidade portu\u00e1ria cheia de tijolos vermelhos, canais intermin\u00e1veis e uma arquitetura moderna que se reflete majestosamente nas \u00e1guas do rio Elba. Hamburgo, na Alemanha, \u00e9 exatamente aquele destino que vai te surpreender com sua atmosfera descontra\u00edda e sua incr\u00edvel diversidade, quer voc\u00ea ame a hist\u00f3ria fascinante, quer esteja em busca dos melhores caf\u00e9s. <strong>A Veneza do Norte alem\u00e3 esconde mais pontes do que Londres e Amsterd\u00e3 juntas<\/strong>, o que por si s\u00f3 j\u00e1 promete passeios inesquec\u00edveis \u00e0 beira da \u00e1gua.<\/p>\n\n\n\n<p class=\"wp-block-paragraph\">Reuni para voc\u00ea <strong>22 dicas do que ver e fazer em Hamburgo<\/strong>, para que voc\u00ea aproveite ao m\u00e1ximo a sua visita. Vamos passear juntos pelo ic\u00f4nico complexo de tijolos Speicherstadt, vou te ajudar com a reserva no mirante do pr\u00e9dio da Elbphilharmonie e n\u00e3o vamos esquecer das informa\u00e7\u00f5es pr\u00e1ticas indispens\u00e1veis. <strong>Voc\u00ea tamb\u00e9m vai descobrir onde se hospedar de forma estrat\u00e9gica<\/strong> e como usar o transporte p\u00fablico local de maneira eficiente, para que os deslocamentos pela cidade n\u00e3o custem uma fortuna.<\/p>\n\n\n\n<p class=\"wp-block-paragraph\">N\u00e3o importa se voc\u00ea est\u00e1 planejando uma escapada r\u00e1pida de fim de semana da rotina ou umas f\u00e9rias mais longas explorando o norte da Alemanha, essa cidade vai conquistar o seu cora\u00e7\u00e3o. <strong>Hamburgo oferece um mix perfeito de romance portu\u00e1rio r\u00fastico e design moderno<\/strong>, que voc\u00ea curte melhor com um bom caf\u00e9 na m\u00e3o, enquanto observa os enormes navios de cont\u00eaineres cruzando o porto.<\/p>\n\n\n\n<figure data-wp-context=\"{&quot;imageId&quot;:&quot;6a95705370237&quot;}\" data-wp-interactive=\"core\/image\" data-wp-key=\"6a95705370237\" class=\"wp-block-image size-full wp-lightbox-container\"><img decoding=\"async\" width=\"1800\" height=\"1200\" data-wp-class--hide=\"state.isContentHidden\" data-wp-class--show=\"state.isContentVisible\" data-wp-init=\"callbacks.setButtonStyles\" data-wp-on--click=\"actions.showLightbox\" data-wp-on--load=\"callbacks.setButtonStyles\" data-wp-on--pointerdown=\"actions.preloadImage\" data-wp-on--pointerenter=\"actions.preloadImageWithDelay\" data-wp-on--pointerleave=\"actions.cancelPreload\" data-wp-on-window--resize=\"callbacks.setButtonStyles\" src=\"https:\/\/loudavymkrokem.cz\/wp-content\/uploads\/2026\/08\/nemecko-clanky-co-videt-v-hamburku-01.jpg\" alt=\"Canais do Speicherstadt ao entardecer\" class=\"wp-image-396933\" title=\"\" srcset=\"https:\/\/loudavymkrokem.cz\/wp-content\/uploads\/2026\/08\/nemecko-clanky-co-videt-v-hamburku-01.jpg 1800w, https:\/\/loudavymkrokem.cz\/wp-content\/uploads\/2026\/08\/nemecko-clanky-co-videt-v-hamburku-01-300x200.jpg 300w, https:\/\/loudavymkrokem.cz\/wp-content\/uploads\/2026\/08\/nemecko-clanky-co-videt-v-hamburku-01-700x467.jpg 700w, https:\/\/loudavymkrokem.cz\/wp-content\/uploads\/2026\/08\/nemecko-clanky-co-videt-v-hamburku-01-768x512.jpg 768w, https:\/\/loudavymkrokem.cz\/wp-content\/uploads\/2026\/08\/nemecko-clanky-co-videt-v-hamburku-01-1536x1024.jpg 1536w, https:\/\/loudavymkrokem.cz\/wp-content\/uploads\/2026\/08\/nemecko-clanky-co-videt-v-hamburku-01-696x464.jpg 696w, https:\/\/loudavymkrokem.cz\/wp-content\/uploads\/2026\/08\/nemecko-clanky-co-videt-v-hamburku-01-1392x928.jpg 1392w\" sizes=\"(max-width: 1800px) 100vw, 1800px\" \/><button\n\t\t\tclass=\"lightbox-trigger\"\n\t\t\ttype=\"button\"\n\t\t\taria-haspopup=\"dialog\"\n\t\t\tdata-wp-bind--aria-label=\"state.thisImage.triggerButtonAriaLabel\"\n\t\t\tdata-wp-init=\"callbacks.initTriggerButton\"\n\t\t\tdata-wp-on--click=\"actions.showLightbox\"\n\t\t\tdata-wp-style--right=\"state.thisImage.buttonRight\"\n\t\t\tdata-wp-style--top=\"state.thisImage.buttonTop\"\n\t\t>\n\t\t\t<svg xmlns=\"http:\/\/www.w3.org\/2000\/svg\" width=\"12\" height=\"12\" fill=\"none\" viewBox=\"0 0 12 12\">\n\t\t\t\t<path fill=\"#fff\" d=\"M2 0a2 2 0 0 0-2 2v2h1.5V2a.5.5 0 0 1 .5-.5h2V0H2Zm2 10.5H2a.5.5 0 0 1-.5-.5V8H0v2a2 2 0 0 0 2 2h2v-1.5ZM8 12v-1.5h2a.5.5 0 0 0 .5-.5V8H12v2a2 2 0 0 1-2 2H8Zm2-12a2 2 0 0 1 2 2v2h-1.5V2a.5.5 0 0 0-.5-.5H8V0h2Z\" \/>\n\t\t\t<\/svg>\n\t\t<\/button><figcaption class=\"wp-element-caption\">Foto: Dietmar Rabich \/ Wikimedia Commons, CC BY-SA 4.0<\/figcaption><\/figure>\n\n\n\n<div id=\"ez-toc-container\" class=\"ez-toc-v2_0_86 ez-toc-wrap-left counter-hierarchy ez-toc-counter ez-toc-grey ez-toc-container-direction\">\n<div class=\"ez-toc-title-container\">\n<p class=\"ez-toc-title\" style=\"cursor:inherit\">Conte\u00fado do artigo<\/p>\n<span class=\"ez-toc-title-toggle\"><a href=\"#\" class=\"ez-toc-pull-right ez-toc-btn ez-toc-btn-xs ez-toc-btn-default ez-toc-toggle\" aria-label=\"Alternar tabela de conte\u00fado\"><span class=\"ez-toc-js-icon-con\"><span class=\"\"><span class=\"eztoc-hide\" style=\"display:none;\">Toggle<\/span><span class=\"ez-toc-icon-toggle-span\"><svg style=\"fill: #999;color:#999\" xmlns=\"http:\/\/www.w3.org\/2000\/svg\" class=\"list-377408\" width=\"20px\" height=\"20px\" viewBox=\"0 0 24 24\" fill=\"none\"><path d=\"M6 6H4v2h2V6zm14 0H8v2h12V6zM4 11h2v2H4v-2zm16 0H8v2h12v-2zM4 16h2v2H4v-2zm16 0H8v2h12v-2z\" fill=\"currentColor\"><\/path><\/svg><svg style=\"fill: #999;color:#999\" class=\"arrow-unsorted-368013\" xmlns=\"http:\/\/www.w3.org\/2000\/svg\" width=\"10px\" height=\"10px\" viewBox=\"0 0 24 24\" version=\"1.2\" baseProfile=\"tiny\"><path d=\"M18.2 9.3l-6.2-6.3-6.2 6.3c-.2.2-.3.4-.3.7s.1.5.3.7c.2.2.4.3.7.3h11c.3 0 .5-.1.7-.3.2-.2.3-.5.3-.7s-.1-.5-.3-.7zM5.8 14.7l6.2 6.3 6.2-6.3c.2-.2.3-.5.3-.7s-.1-.5-.3-.7c-.2-.2-.4-.3-.7-.3h-11c-.3 0-.5.1-.7.3-.2.2-.3.5-.3.7s.1.5.3.7z\"\/><\/svg><\/span><\/span><\/span><\/a><\/span><\/div>\n<nav><ul class='ez-toc-list ez-toc-list-level-1 ' ><ul class='ez-toc-list-level-3' ><li class='ez-toc-heading-level-3'><a class=\"ez-toc-link ez-toc-heading-1\" href=\"https:\/\/loudavymkrokem.cz\/pt-br\/o-que-fazer-hamburgo-alemanha\/#Resumo_para_quem_nao_tem_tempo_de_ler_o_artigo_inteiro\" >Resumo para quem n\u00e3o tem tempo de ler o artigo inteiro<\/a><\/li><\/ul><\/li><li class='ez-toc-page-1 ez-toc-heading-level-2'><a class=\"ez-toc-link ez-toc-heading-2\" href=\"https:\/\/loudavymkrokem.cz\/pt-br\/o-que-fazer-hamburgo-alemanha\/#Quando_visitar_Hamburgo\" >Quando visitar Hamburgo<\/a><\/li><li class='ez-toc-page-1 ez-toc-heading-level-2'><a class=\"ez-toc-link ez-toc-heading-3\" href=\"https:\/\/loudavymkrokem.cz\/pt-br\/o-que-fazer-hamburgo-alemanha\/#Onde_se_hospedar_em_Hamburgo\" >Onde se hospedar em Hamburgo<\/a><\/li><li class='ez-toc-page-1 ez-toc-heading-level-2'><a class=\"ez-toc-link ez-toc-heading-4\" href=\"https:\/\/loudavymkrokem.cz\/pt-br\/o-que-fazer-hamburgo-alemanha\/#22_dicas_do_que_ver_e_fazer_em_Hamburgo\" >22 dicas do que ver e fazer em Hamburgo<\/a><ul class='ez-toc-list-level-3' ><li class='ez-toc-heading-level-3'><a class=\"ez-toc-link ez-toc-heading-5\" href=\"https:\/\/loudavymkrokem.cz\/pt-br\/o-que-fazer-hamburgo-alemanha\/#1_Speicherstadt\" >1. Speicherstadt<\/a><\/li><li class='ez-toc-page-1 ez-toc-heading-level-3'><a class=\"ez-toc-link ez-toc-heading-6\" href=\"https:\/\/loudavymkrokem.cz\/pt-br\/o-que-fazer-hamburgo-alemanha\/#2_Miniatur_Wunderland\" >2. Miniatur Wunderland<\/a><\/li><li class='ez-toc-page-1 ez-toc-heading-level-3'><a class=\"ez-toc-link ez-toc-heading-7\" href=\"https:\/\/loudavymkrokem.cz\/pt-br\/o-que-fazer-hamburgo-alemanha\/#3_Elbphilharmonie\" >3. Elbphilharmonie<\/a><\/li><li class='ez-toc-page-1 ez-toc-heading-level-3'><a class=\"ez-toc-link ez-toc-heading-8\" href=\"https:\/\/loudavymkrokem.cz\/pt-br\/o-que-fazer-hamburgo-alemanha\/#4_O_moderno_bairro_HafenCity\" >4. O moderno bairro HafenCity<\/a><\/li><li class='ez-toc-page-1 ez-toc-heading-level-3'><a class=\"ez-toc-link ez-toc-heading-9\" href=\"https:\/\/loudavymkrokem.cz\/pt-br\/o-que-fazer-hamburgo-alemanha\/#5_International_Maritime_Museum\" >5. International Maritime Museum<\/a><\/li><li class='ez-toc-page-1 ez-toc-heading-level-3'><a class=\"ez-toc-link ez-toc-heading-10\" href=\"https:\/\/loudavymkrokem.cz\/pt-br\/o-que-fazer-hamburgo-alemanha\/#6_A_balsa_linha_62_como_passeio_panoramico\" >6. A balsa linha 62 como passeio panor\u00e2mico<\/a><\/li><li class='ez-toc-page-1 ez-toc-heading-level-3'><a class=\"ez-toc-link ez-toc-heading-11\" href=\"https:\/\/loudavymkrokem.cz\/pt-br\/o-que-fazer-hamburgo-alemanha\/#7_O_Fischmarkt_de_domingo\" >7. O Fischmarkt de domingo<\/a><\/li><li class='ez-toc-page-1 ez-toc-heading-level-3'><a class=\"ez-toc-link ez-toc-heading-12\" href=\"https:\/\/loudavymkrokem.cz\/pt-br\/o-que-fazer-hamburgo-alemanha\/#8_Reeperbahn_e_St_Pauli\" >8. Reeperbahn e St. Pauli<\/a><\/li><li class='ez-toc-page-1 ez-toc-heading-level-3'><a class=\"ez-toc-link ez-toc-heading-13\" href=\"https:\/\/loudavymkrokem.cz\/pt-br\/o-que-fazer-hamburgo-alemanha\/#9_Parque_Planten_un_Blomen\" >9. Parque Planten un Blomen<\/a><\/li><li class='ez-toc-page-1 ez-toc-heading-level-3'><a class=\"ez-toc-link ez-toc-heading-14\" href=\"https:\/\/loudavymkrokem.cz\/pt-br\/o-que-fazer-hamburgo-alemanha\/#10_A_prefeitura_Rathaus\" >10. A prefeitura Rathaus<\/a><\/li><li class='ez-toc-page-1 ez-toc-heading-level-3'><a class=\"ez-toc-link ez-toc-heading-15\" href=\"https:\/\/loudavymkrokem.cz\/pt-br\/o-que-fazer-hamburgo-alemanha\/#11_Os_lagos_Alster\" >11. Os lagos Alster<\/a><\/li><li class='ez-toc-page-1 ez-toc-heading-level-3'><a class=\"ez-toc-link ez-toc-heading-16\" href=\"https:\/\/loudavymkrokem.cz\/pt-br\/o-que-fazer-hamburgo-alemanha\/#12_Memorial_de_Sao_Nicolau_St_Nikolai_Mahnmal\" >12. Memorial de S\u00e3o Nicolau (St. Nikolai Mahnmal)<\/a><\/li><li class='ez-toc-page-1 ez-toc-heading-level-3'><a class=\"ez-toc-link ez-toc-heading-17\" href=\"https:\/\/loudavymkrokem.cz\/pt-br\/o-que-fazer-hamburgo-alemanha\/#13_Antigo_tunel_do_Elba_Alter_Elbtunnel\" >13. Antigo t\u00fanel do Elba (Alter Elbtunnel)<\/a><\/li><li class='ez-toc-page-1 ez-toc-heading-level-3'><a class=\"ez-toc-link ez-toc-heading-18\" href=\"https:\/\/loudavymkrokem.cz\/pt-br\/o-que-fazer-hamburgo-alemanha\/#14_Bairro_Kontorhausviertel_e_o_Chilehaus\" >14. Bairro Kontorhausviertel e o Chilehaus<\/a><\/li><li class='ez-toc-page-1 ez-toc-heading-level-3'><a class=\"ez-toc-link ez-toc-heading-19\" href=\"https:\/\/loudavymkrokem.cz\/pt-br\/o-que-fazer-hamburgo-alemanha\/#15_Hamburger_Kunsthalle\" >15. Hamburger Kunsthalle<\/a><\/li><li class='ez-toc-page-1 ez-toc-heading-level-3'><a class=\"ez-toc-link ez-toc-heading-20\" href=\"https:\/\/loudavymkrokem.cz\/pt-br\/o-que-fazer-hamburgo-alemanha\/#16_Dialog_im_Dunkeln\" >16. Dialog im Dunkeln<\/a><\/li><li class='ez-toc-page-1 ez-toc-heading-level-3'><a class=\"ez-toc-link ez-toc-heading-21\" href=\"https:\/\/loudavymkrokem.cz\/pt-br\/o-que-fazer-hamburgo-alemanha\/#17_O_bairro_cheio_de_escadas_Treppenviertel_Blankenese\" >17. O bairro cheio de escadas Treppenviertel Blankenese<\/a><\/li><li class='ez-toc-page-1 ez-toc-heading-level-3'><a class=\"ez-toc-link ez-toc-heading-22\" href=\"https:\/\/loudavymkrokem.cz\/pt-br\/o-que-fazer-hamburgo-alemanha\/#18_Igreja_de_Sao_Miguel_Michel\" >18. Igreja de S\u00e3o Miguel (Michel)<\/a><\/li><li class='ez-toc-page-1 ez-toc-heading-level-3'><a class=\"ez-toc-link ez-toc-heading-23\" href=\"https:\/\/loudavymkrokem.cz\/pt-br\/o-que-fazer-hamburgo-alemanha\/#19_Museu_do_chocolate_Chocoversum\" >19. Museu do chocolate Chocoversum<\/a><\/li><li class='ez-toc-page-1 ez-toc-heading-level-3'><a class=\"ez-toc-link ez-toc-heading-24\" href=\"https:\/\/loudavymkrokem.cz\/pt-br\/o-que-fazer-hamburgo-alemanha\/#20_O_bairro_descolado_Schanzenviertel\" >20. O bairro descolado Schanzenviertel<\/a><\/li><li class='ez-toc-page-1 ez-toc-heading-level-3'><a class=\"ez-toc-link ez-toc-heading-25\" href=\"https:\/\/loudavymkrokem.cz\/pt-br\/o-que-fazer-hamburgo-alemanha\/#21_Os_navios-museu_Cap_San_Diego_e_Rickmer_Rickmers\" >21. Os navios-museu Cap San Diego e Rickmer Rickmers<\/a><\/li><li class='ez-toc-page-1 ez-toc-heading-level-3'><a class=\"ez-toc-link ez-toc-heading-26\" href=\"https:\/\/loudavymkrokem.cz\/pt-br\/o-que-fazer-hamburgo-alemanha\/#22_Gastronomia_verde_e_sustentavel\" >22. Gastronomia verde e sustent\u00e1vel<\/a><\/li><\/ul><\/li><li class='ez-toc-page-1 ez-toc-heading-level-2'><a class=\"ez-toc-link ez-toc-heading-27\" href=\"https:\/\/loudavymkrokem.cz\/pt-br\/o-que-fazer-hamburgo-alemanha\/#Para_onde_ir_a_partir_de_Hamburgo\" >Para onde ir a partir de Hamburgo<\/a><\/li><li class='ez-toc-page-1 ez-toc-heading-level-2'><a class=\"ez-toc-link ez-toc-heading-28\" href=\"https:\/\/loudavymkrokem.cz\/pt-br\/o-que-fazer-hamburgo-alemanha\/#Perguntas_frequentes\" >Perguntas frequentes<\/a><ul class='ez-toc-list-level-3' ><li class='ez-toc-heading-level-3'><a class=\"ez-toc-link ez-toc-heading-29\" href=\"https:\/\/loudavymkrokem.cz\/pt-br\/o-que-fazer-hamburgo-alemanha\/#Quantos_dias_eu_preciso_para_visitar_Hamburgo\" >Quantos dias eu preciso para visitar Hamburgo?<\/a><\/li><li class='ez-toc-page-1 ez-toc-heading-level-3'><a class=\"ez-toc-link ez-toc-heading-30\" href=\"https:\/\/loudavymkrokem.cz\/pt-br\/o-que-fazer-hamburgo-alemanha\/#Qual_e_a_melhor_forma_de_ir_do_aeroporto_ao_centro_da_cidade\" >Qual \u00e9 a melhor forma de ir do aeroporto ao centro da cidade?<\/a><\/li><li class='ez-toc-page-1 ez-toc-heading-level-3'><a class=\"ez-toc-link ez-toc-heading-31\" href=\"https:\/\/loudavymkrokem.cz\/pt-br\/o-que-fazer-hamburgo-alemanha\/#A_cidade_e_adequada_para_familias_com_criancas\" >A cidade \u00e9 adequada para fam\u00edlias com crian\u00e7as?<\/a><\/li><li class='ez-toc-page-1 ez-toc-heading-level-3'><a class=\"ez-toc-link ez-toc-heading-32\" href=\"https:\/\/loudavymkrokem.cz\/pt-br\/o-que-fazer-hamburgo-alemanha\/#Como_funciona_o_transporte_e_vale_a_pena_o_Hamburg_Card\" >Como funciona o transporte e vale a pena o Hamburg Card?<\/a><\/li><li class='ez-toc-page-1 ez-toc-heading-level-3'><a class=\"ez-toc-link ez-toc-heading-33\" href=\"https:\/\/loudavymkrokem.cz\/pt-br\/o-que-fazer-hamburgo-alemanha\/#Qual_orcamento_para_entradas_devo_planejar\" >Qual or\u00e7amento para entradas devo planejar?<\/a><\/li><li class='ez-toc-page-1 ez-toc-heading-level-3'><a class=\"ez-toc-link ez-toc-heading-34\" href=\"https:\/\/loudavymkrokem.cz\/pt-br\/o-que-fazer-hamburgo-alemanha\/#Preciso_comprar_ingressos_antecipados_para_as_principais_atracoes\" >Preciso comprar ingressos antecipados para as principais atra\u00e7\u00f5es?<\/a><\/li><li class='ez-toc-page-1 ez-toc-heading-level-3'><a class=\"ez-toc-link ez-toc-heading-35\" href=\"https:\/\/loudavymkrokem.cz\/pt-br\/o-que-fazer-hamburgo-alemanha\/#O_que_da_para_fazer_na_cidade_quando_esta_chovendo\" >O que d\u00e1 para fazer na cidade quando est\u00e1 chovendo?<\/a><\/li><\/ul><\/li><\/ul><\/nav><\/div>\n<h3 class=\"wp-block-heading\"><span class=\"ez-toc-section\" id=\"Resumo_para_quem_nao_tem_tempo_de_ler_o_artigo_inteiro\"><\/span>Resumo para quem n\u00e3o tem tempo de ler o artigo inteiro<span class=\"ez-toc-section-end\"><\/span><\/h3>\n\n\n\n<ul class=\"wp-block-list\">\n\n<li><strong>Miniatur Wunderland:<\/strong> A maior ferrovia em miniatura do mundo por 25 euros, onde voc\u00ea <strong>precisa reservar o hor\u00e1rio de entrada com v\u00e1rias semanas de anteced\u00eancia<\/strong>.<\/li>\n\n\n\n<li><strong>Speicherstadt:<\/strong> Um complexo fascinante de armaz\u00e9ns hist\u00f3ricos protegido pela UNESCO, que fica <strong>ainda mais bonito nas fotos depois do anoitecer<\/strong>.<\/li>\n\n\n\n<li><strong>Elbphilharmonie:<\/strong> O ic\u00f4nico pr\u00e9dio de concertos com o terra\u00e7o-mirante Plaza, <strong>onde voc\u00ea entra de gra\u00e7a com reserva online pr\u00e9via<\/strong>.<\/li>\n\n\n\n<li><strong>Balsa linha 62:<\/strong> A melhor forma de fazer um passeio panor\u00e2mico pelo Elba <strong>totalmente de gra\u00e7a com o bilhete comum de transporte p\u00fablico<\/strong>.<\/li>\n\n\n\n<li><strong>HafenCity:<\/strong> Um bairro moderno cheio de arquitetura deslumbrante que, junto com os principais museus, <strong>toma tranquilamente um dia inteiro<\/strong>.<\/li>\n\n\n\n<li><strong>St. Pauli e Reeperbahn:<\/strong> O lend\u00e1rio bairro famoso pela agitada vida noturna, onde <strong>os Beatles come\u00e7aram a carreira<\/strong>.<\/li>\n\n\n<\/ul>\n\n\n\n<figure data-wp-context=\"{&quot;imageId&quot;:&quot;6a957053707a2&quot;}\" data-wp-interactive=\"core\/image\" data-wp-key=\"6a957053707a2\" class=\"wp-block-image size-full wp-lightbox-container\"><img decoding=\"async\" width=\"1800\" height=\"1200\" data-wp-class--hide=\"state.isContentHidden\" data-wp-class--show=\"state.isContentVisible\" data-wp-init=\"callbacks.setButtonStyles\" data-wp-on--click=\"actions.showLightbox\" data-wp-on--load=\"callbacks.setButtonStyles\" data-wp-on--pointerdown=\"actions.preloadImage\" data-wp-on--pointerenter=\"actions.preloadImageWithDelay\" data-wp-on--pointerleave=\"actions.cancelPreload\" data-wp-on-window--resize=\"callbacks.setButtonStyles\" src=\"https:\/\/loudavymkrokem.cz\/wp-content\/uploads\/2026\/08\/nemecko-clanky-co-videt-v-hamburku-02.jpg\" alt=\"Hamburgo e o lago Alster\" class=\"wp-image-396942\" title=\"\" srcset=\"https:\/\/loudavymkrokem.cz\/wp-content\/uploads\/2026\/08\/nemecko-clanky-co-videt-v-hamburku-02.jpg 1800w, https:\/\/loudavymkrokem.cz\/wp-content\/uploads\/2026\/08\/nemecko-clanky-co-videt-v-hamburku-02-300x200.jpg 300w, https:\/\/loudavymkrokem.cz\/wp-content\/uploads\/2026\/08\/nemecko-clanky-co-videt-v-hamburku-02-700x467.jpg 700w, https:\/\/loudavymkrokem.cz\/wp-content\/uploads\/2026\/08\/nemecko-clanky-co-videt-v-hamburku-02-768x512.jpg 768w, https:\/\/loudavymkrokem.cz\/wp-content\/uploads\/2026\/08\/nemecko-clanky-co-videt-v-hamburku-02-1536x1024.jpg 1536w, https:\/\/loudavymkrokem.cz\/wp-content\/uploads\/2026\/08\/nemecko-clanky-co-videt-v-hamburku-02-696x464.jpg 696w, https:\/\/loudavymkrokem.cz\/wp-content\/uploads\/2026\/08\/nemecko-clanky-co-videt-v-hamburku-02-1392x928.jpg 1392w\" sizes=\"(max-width: 1800px) 100vw, 1800px\" \/><button\n\t\t\tclass=\"lightbox-trigger\"\n\t\t\ttype=\"button\"\n\t\t\taria-haspopup=\"dialog\"\n\t\t\tdata-wp-bind--aria-label=\"state.thisImage.triggerButtonAriaLabel\"\n\t\t\tdata-wp-init=\"callbacks.initTriggerButton\"\n\t\t\tdata-wp-on--click=\"actions.showLightbox\"\n\t\t\tdata-wp-style--right=\"state.thisImage.buttonRight\"\n\t\t\tdata-wp-style--top=\"state.thisImage.buttonTop\"\n\t\t>\n\t\t\t<svg xmlns=\"http:\/\/www.w3.org\/2000\/svg\" width=\"12\" height=\"12\" fill=\"none\" viewBox=\"0 0 12 12\">\n\t\t\t\t<path fill=\"#fff\" d=\"M2 0a2 2 0 0 0-2 2v2h1.5V2a.5.5 0 0 1 .5-.5h2V0H2Zm2 10.5H2a.5.5 0 0 1-.5-.5V8H0v2a2 2 0 0 0 2 2h2v-1.5ZM8 12v-1.5h2a.5.5 0 0 0 .5-.5V8H12v2a2 2 0 0 1-2 2H8Zm2-12a2 2 0 0 1 2 2v2h-1.5V2a.5.5 0 0 0-.5-.5H8V0h2Z\" \/>\n\t\t\t<\/svg>\n\t\t<\/button><figcaption class=\"wp-element-caption\">Foto: Frank Rietsch \/ Pexels<\/figcaption><\/figure>\n\n\n\n<h2 class=\"wp-block-heading\"><span class=\"ez-toc-section\" id=\"Quando_visitar_Hamburgo\"><\/span>Quando visitar Hamburgo<span class=\"ez-toc-section-end\"><\/span><\/h2>\n\n\n\n<p class=\"wp-block-paragraph\">O norte da Alemanha \u00e9 bem espec\u00edfico por causa do seu clima costeiro inst\u00e1vel, para o qual os moradores locais t\u00eam at\u00e9 uma palavra pr\u00f3pria, Schietwetter. Por isso vale a pena n\u00e3o subestimar a prepara\u00e7\u00e3o e levar roupas em camadas. <strong>A melhor \u00e9poca para visitar s\u00e3o, sem d\u00favida, os meses de ver\u00e3o, de junho a agosto<\/strong>, quando a temperatura costuma chegar a agrad\u00e1veis 25 graus e os dias s\u00e3o bem longos. Al\u00e9m disso, o p\u00f4r do sol d\u00e1 aos pr\u00e9dios de tijolos do porto um lindo tom dourado do qual voc\u00ea vai se apaixonar. Mas tenha em mente que essa \u00e9 a alta temporada tur\u00edstica, ent\u00e3o nos principais pontos voc\u00ea vai encontrar mais gente e a hospedagem tende a ser mais cara.<\/p>\n\n\n\n<p class=\"wp-block-paragraph\">Se voc\u00ea prefere um ritmo mais tranquilo e menos aglomera\u00e7\u00f5es, <strong>o fim da primavera ou o come\u00e7o do outono s\u00e3o \u00f3timas op\u00e7\u00f5es<\/strong>, quando a cidade se pinta de tons lindos e os pre\u00e7os dos hot\u00e9is caem para um n\u00edvel mais acess\u00edvel. Mesmo que em maio ou setembro voc\u00ea possa ser surpreendido por uma pancada de chuva e pelo t\u00edpico vento forte do mar, a cidade tem uma atmosfera incrivelmente melanc\u00f3lica nessa \u00e9poca. Vale sempre ter \u00e0 m\u00e3o uma boa jaqueta imperme\u00e1vel, porque os guarda-chuvas comuns muitas vezes n\u00e3o funcionam bem no vento forte local e voc\u00ea acabaria mais brigando com eles do que se protegendo.<\/p>\n\n\n\n<p class=\"wp-block-paragraph\">Os meses de inverno trazem um clima mais frio e o escurecer cedo, mas nessa \u00e9poca a cidade ganha um charme totalmente diferente que vale a pena viver. <strong>O per\u00edodo que antecede o Natal \u00e9 absolutamente m\u00e1gico gra\u00e7as aos muitos mercados espalhados pela cidade<\/strong>, que exalam o cheiro de castanhas assadas, vinho quente e p\u00e3es de gengibre tradicionais. No inverno voc\u00ea tamb\u00e9m aproveita muito melhor as exposi\u00e7\u00f5es internas, os caf\u00e9s aquecidos e os museus, que aqui n\u00e3o faltam, ent\u00e3o nem a chuva precisa te incomodar. \u263a\ufe0f<\/p>\n\n\n\n<figure data-wp-context=\"{&quot;imageId&quot;:&quot;6a95705370d12&quot;}\" data-wp-interactive=\"core\/image\" data-wp-key=\"6a95705370d12\" class=\"wp-block-image size-full wp-lightbox-container\"><img decoding=\"async\" width=\"1800\" height=\"1200\" data-wp-class--hide=\"state.isContentHidden\" data-wp-class--show=\"state.isContentVisible\" data-wp-init=\"callbacks.setButtonStyles\" data-wp-on--click=\"actions.showLightbox\" data-wp-on--load=\"callbacks.setButtonStyles\" data-wp-on--pointerdown=\"actions.preloadImage\" data-wp-on--pointerenter=\"actions.preloadImageWithDelay\" data-wp-on--pointerleave=\"actions.cancelPreload\" data-wp-on-window--resize=\"callbacks.setButtonStyles\" src=\"https:\/\/loudavymkrokem.cz\/wp-content\/uploads\/2026\/08\/nemecko-clanky-co-videt-v-hamburku-03.jpg\" alt=\"Arquitetura moderna do bairro HafenCity\" class=\"wp-image-396944\" title=\"\" srcset=\"https:\/\/loudavymkrokem.cz\/wp-content\/uploads\/2026\/08\/nemecko-clanky-co-videt-v-hamburku-03.jpg 1800w, https:\/\/loudavymkrokem.cz\/wp-content\/uploads\/2026\/08\/nemecko-clanky-co-videt-v-hamburku-03-300x200.jpg 300w, https:\/\/loudavymkrokem.cz\/wp-content\/uploads\/2026\/08\/nemecko-clanky-co-videt-v-hamburku-03-700x467.jpg 700w, https:\/\/loudavymkrokem.cz\/wp-content\/uploads\/2026\/08\/nemecko-clanky-co-videt-v-hamburku-03-768x512.jpg 768w, https:\/\/loudavymkrokem.cz\/wp-content\/uploads\/2026\/08\/nemecko-clanky-co-videt-v-hamburku-03-1536x1024.jpg 1536w, https:\/\/loudavymkrokem.cz\/wp-content\/uploads\/2026\/08\/nemecko-clanky-co-videt-v-hamburku-03-696x464.jpg 696w, https:\/\/loudavymkrokem.cz\/wp-content\/uploads\/2026\/08\/nemecko-clanky-co-videt-v-hamburku-03-1392x928.jpg 1392w\" sizes=\"(max-width: 1800px) 100vw, 1800px\" \/><button\n\t\t\tclass=\"lightbox-trigger\"\n\t\t\ttype=\"button\"\n\t\t\taria-haspopup=\"dialog\"\n\t\t\tdata-wp-bind--aria-label=\"state.thisImage.triggerButtonAriaLabel\"\n\t\t\tdata-wp-init=\"callbacks.initTriggerButton\"\n\t\t\tdata-wp-on--click=\"actions.showLightbox\"\n\t\t\tdata-wp-style--right=\"state.thisImage.buttonRight\"\n\t\t\tdata-wp-style--top=\"state.thisImage.buttonTop\"\n\t\t>\n\t\t\t<svg xmlns=\"http:\/\/www.w3.org\/2000\/svg\" width=\"12\" height=\"12\" fill=\"none\" viewBox=\"0 0 12 12\">\n\t\t\t\t<path fill=\"#fff\" d=\"M2 0a2 2 0 0 0-2 2v2h1.5V2a.5.5 0 0 1 .5-.5h2V0H2Zm2 10.5H2a.5.5 0 0 1-.5-.5V8H0v2a2 2 0 0 0 2 2h2v-1.5ZM8 12v-1.5h2a.5.5 0 0 0 .5-.5V8H12v2a2 2 0 0 1-2 2H8Zm2-12a2 2 0 0 1 2 2v2h-1.5V2a.5.5 0 0 0-.5-.5H8V0h2Z\" \/>\n\t\t\t<\/svg>\n\t\t<\/button><figcaption class=\"wp-element-caption\">Foto: Dietmar Rabich \/ Wikimedia Commons, CC BY-SA 4.0<\/figcaption><\/figure>\n\n\n\n<h2 class=\"wp-block-heading\"><span class=\"ez-toc-section\" id=\"Onde_se_hospedar_em_Hamburgo\"><\/span>Onde se hospedar em Hamburgo<span class=\"ez-toc-section-end\"><\/span><\/h2>\n\n\n\n<p class=\"wp-block-paragraph\">\ud83d\udca1 <strong>Dica:<\/strong> Voc\u00ea pode comparar as op\u00e7\u00f5es de hospedagem em Hamburgo tudo num s\u00f3 lugar \u2014 <a href=\"https:\/\/www.stay22.com\/allez\/roam?aid=lukaskonecny&#038;campaign=loudavymkrokemcz&#038;campaign=co-videt-v-hamburku&#038;address=Hamburk%2C%20N%C4%9Bmecko\" target=\"_blank\" rel=\"noopener nofollow sponsored\">conferir disponibilidade e pre\u00e7os em Hamburgo<\/a>. Vale a pena reservar com anteced\u00eancia, porque a melhor rela\u00e7\u00e3o entre pre\u00e7o e localiza\u00e7\u00e3o some primeiro.<\/p>\n\n\n<p class=\"wp-block-paragraph\"><em>\ud83d\udca1 Dica de hospedagem e experi\u00eancias: N\u00f3s preferimos procurar hospedagem no <a href=\"https:\/\/www.booking.com\/searchresults.html?ss=Hamburk%2C%20N%C4%9Bmecko&#038;aid=2397601\" target=\"_blank\" rel=\"nofollow noopener sponsored\">Booking.com<\/a>, onde costumam ter as <strong>melhores condi\u00e7\u00f5es de cancelamento<\/strong>. J\u00e1 <strong>ingressos, passeios e atividades<\/strong> vale comparar e comprar pelo <a href=\"https:\/\/www.getyourguide.com\/s\/?q=Hamburk%2C%20N%C4%9Bmecko&#038;partner_id=MKZ64IS\" target=\"_blank\" rel=\"nofollow noopener sponsored\">GetYourGuide<\/a>.<\/em><\/p>\n\n\n\n<p class=\"wp-block-paragraph\">Escolher o bairro certo para se hospedar pode influenciar bastante a sua experi\u00eancia na cidade, ent\u00e3o pense bem antes no que exatamente voc\u00ea espera da viagem. <strong>Se voc\u00ea vai \u00e0 cidade pela primeira vez e quer ter todas as principais atra\u00e7\u00f5es ao alcance, escolha o moderno bairro HafenCity ou o central Neustadt e Altstadt<\/strong>. No centro hist\u00f3rico, os pre\u00e7os por noite costumam variar entre 100 e 190 euros, mas a grande vantagem \u00e9 que voc\u00ea vai a p\u00e9 a todo lugar e economiza muito tempo. Uma \u00f3tima experi\u00eancia \u00e9 o estiloso <strong>25hours Hotel HafenCity<\/strong>, com seu design n\u00e1utico divertido bem no cora\u00e7\u00e3o do bairro mais moderno, de frente para as docas.<\/p>\n\n\n\n<p class=\"wp-block-paragraph\">Uma alternativa mais barata e bem descolada \u00e9 o bairro de Altona, que oferece muitos caf\u00e9s independentes incr\u00edveis e belas vistas dos penhascos sobre o rio Elba. Viajantes mais jovens e amantes da vida noturna agitada costumam <strong>procurar hospedagem na regi\u00e3o da Reeperbahn, no bairro de St. Pauli<\/strong>, onde voc\u00ea encontra os melhores bares e hostels acess\u00edveis a partir de 40 euros por noite. Mas tenha em mente que as ruas ficam agitadas at\u00e9 de madrugada, ent\u00e3o n\u00e3o \u00e9 o local mais indicado para um sono tranquilo em fam\u00edlia.<\/p>\n\n\n\n<p class=\"wp-block-paragraph\">Para uma estadia mais tranquila e com \u00f3timo acesso ao transporte p\u00fablico, a regi\u00e3o de St. Georg cai muito bem, j\u00e1 que fica pertinho da esta\u00e7\u00e3o central e oferece pre\u00e7os um pouco mais amig\u00e1veis do que o pr\u00f3prio centro hist\u00f3rico. <strong>Eu recomendo o bem popular Hotel Volksschule<\/strong>, que surgiu de uma reforma cuidadosa de um antigo pr\u00e9dio de escola e brilha por seus caf\u00e9s da manh\u00e3 fant\u00e1sticos. Escolha qual local escolher, reserve sempre a hospedagem com boa anteced\u00eancia, porque Hamburgo \u00e9 um destino muito procurado o ano todo e as melhores op\u00e7\u00f5es somem numa velocidade incr\u00edvel.<\/p>\n\n\n\n<p class=\"wp-block-paragraph\">Voc\u00ea encontra um panorama detalhado dos bairros e de hot\u00e9is espec\u00edficos no artigo separado <a href=\"https:\/\/loudavymkrokem.cz\/pt-br\/onde-ficar-hamburgo-alemanha\/\">Onde ficar em Hamburgo<\/a>, onde comparamos HafenCity, Altona e St. Pauli e recomendamos 12 hot\u00e9is, do hostel ao luxo. Vale a pena <a href=\"https:\/\/www.stay22.com\/allez\/roam?aid=lukaskonecny&#038;campaign=loudavymkrokemcz&#038;campaign=co-videt-v-hamburku&#038;hotelname=Hotel%20Volksschule&#038;address=Hamburk%2C%20N%C4%9Bmecko\" target=\"_blank\" rel=\"noopener nofollow sponsored\">conferir a disponibilidade de hospedagem<\/a> o quanto antes.<\/p>\n\n\n\n<figure data-wp-context=\"{&quot;imageId&quot;:&quot;6a95705371518&quot;}\" data-wp-interactive=\"core\/image\" data-wp-key=\"6a95705371518\" class=\"wp-block-image size-full wp-lightbox-container\"><img decoding=\"async\" width=\"1800\" height=\"621\" data-wp-class--hide=\"state.isContentHidden\" data-wp-class--show=\"state.isContentVisible\" data-wp-init=\"callbacks.setButtonStyles\" data-wp-on--click=\"actions.showLightbox\" data-wp-on--load=\"callbacks.setButtonStyles\" data-wp-on--pointerdown=\"actions.preloadImage\" data-wp-on--pointerenter=\"actions.preloadImageWithDelay\" data-wp-on--pointerleave=\"actions.cancelPreload\" data-wp-on-window--resize=\"callbacks.setButtonStyles\" src=\"https:\/\/loudavymkrokem.cz\/wp-content\/uploads\/2026\/08\/nemecko-clanky-co-videt-v-hamburku-04.jpg\" alt=\"Porto de Hamburgo visto do alto\" class=\"wp-image-396962\" title=\"\" srcset=\"https:\/\/loudavymkrokem.cz\/wp-content\/uploads\/2026\/08\/nemecko-clanky-co-videt-v-hamburku-04.jpg 1800w, https:\/\/loudavymkrokem.cz\/wp-content\/uploads\/2026\/08\/nemecko-clanky-co-videt-v-hamburku-04-300x104.jpg 300w, https:\/\/loudavymkrokem.cz\/wp-content\/uploads\/2026\/08\/nemecko-clanky-co-videt-v-hamburku-04-700x242.jpg 700w, https:\/\/loudavymkrokem.cz\/wp-content\/uploads\/2026\/08\/nemecko-clanky-co-videt-v-hamburku-04-768x265.jpg 768w, https:\/\/loudavymkrokem.cz\/wp-content\/uploads\/2026\/08\/nemecko-clanky-co-videt-v-hamburku-04-1536x530.jpg 1536w, https:\/\/loudavymkrokem.cz\/wp-content\/uploads\/2026\/08\/nemecko-clanky-co-videt-v-hamburku-04-696x240.jpg 696w, https:\/\/loudavymkrokem.cz\/wp-content\/uploads\/2026\/08\/nemecko-clanky-co-videt-v-hamburku-04-1392x480.jpg 1392w\" sizes=\"(max-width: 1800px) 100vw, 1800px\" \/><button\n\t\t\tclass=\"lightbox-trigger\"\n\t\t\ttype=\"button\"\n\t\t\taria-haspopup=\"dialog\"\n\t\t\tdata-wp-bind--aria-label=\"state.thisImage.triggerButtonAriaLabel\"\n\t\t\tdata-wp-init=\"callbacks.initTriggerButton\"\n\t\t\tdata-wp-on--click=\"actions.showLightbox\"\n\t\t\tdata-wp-style--right=\"state.thisImage.buttonRight\"\n\t\t\tdata-wp-style--top=\"state.thisImage.buttonTop\"\n\t\t>\n\t\t\t<svg xmlns=\"http:\/\/www.w3.org\/2000\/svg\" width=\"12\" height=\"12\" fill=\"none\" viewBox=\"0 0 12 12\">\n\t\t\t\t<path fill=\"#fff\" d=\"M2 0a2 2 0 0 0-2 2v2h1.5V2a.5.5 0 0 1 .5-.5h2V0H2Zm2 10.5H2a.5.5 0 0 1-.5-.5V8H0v2a2 2 0 0 0 2 2h2v-1.5ZM8 12v-1.5h2a.5.5 0 0 0 .5-.5V8H12v2a2 2 0 0 1-2 2H8Zm2-12a2 2 0 0 1 2 2v2h-1.5V2a.5.5 0 0 0-.5-.5H8V0h2Z\" \/>\n\t\t\t<\/svg>\n\t\t<\/button><figcaption class=\"wp-element-caption\">Foto: Dietmar Rabich \/ Wikimedia Commons, CC BY-SA 4.0<\/figcaption><\/figure>\n\n\n\n<h2 class=\"wp-block-heading\"><span class=\"ez-toc-section\" id=\"22_dicas_do_que_ver_e_fazer_em_Hamburgo\"><\/span>22 dicas do que ver e fazer em Hamburgo<span class=\"ez-toc-section-end\"><\/span><\/h2>\n\n\n\n<p class=\"wp-block-paragraph\">Vamos dar uma olhada detalhada numa lista completa dos lugares e atividades mais bonitos que voc\u00ea n\u00e3o pode perder durante a visita. <strong>Prepare-se para descobrir uma arquitetura de tirar o f\u00f4lego, navios gigantes e o\u00e1sis verdes escondidos<\/strong>, que formam o car\u00e1ter inconfund\u00edvel dessa cidade fascinante.<\/p>\n\n\n\n<figure data-wp-context=\"{&quot;imageId&quot;:&quot;6a95705371be4&quot;}\" data-wp-interactive=\"core\/image\" data-wp-key=\"6a95705371be4\" class=\"wp-block-image size-full wp-lightbox-container\"><img decoding=\"async\" width=\"1800\" height=\"1200\" data-wp-class--hide=\"state.isContentHidden\" data-wp-class--show=\"state.isContentVisible\" data-wp-init=\"callbacks.setButtonStyles\" data-wp-on--click=\"actions.showLightbox\" data-wp-on--load=\"callbacks.setButtonStyles\" data-wp-on--pointerdown=\"actions.preloadImage\" data-wp-on--pointerenter=\"actions.preloadImageWithDelay\" data-wp-on--pointerleave=\"actions.cancelPreload\" data-wp-on-window--resize=\"callbacks.setButtonStyles\" src=\"https:\/\/loudavymkrokem.cz\/wp-content\/uploads\/2026\/08\/nemecko-clanky-co-videt-v-hamburku-05.jpg\" alt=\"Armaz\u00e9ns de tijolos do Speicherstadt\" class=\"wp-image-397158\" title=\"\" srcset=\"https:\/\/loudavymkrokem.cz\/wp-content\/uploads\/2026\/08\/nemecko-clanky-co-videt-v-hamburku-05.jpg 1800w, https:\/\/loudavymkrokem.cz\/wp-content\/uploads\/2026\/08\/nemecko-clanky-co-videt-v-hamburku-05-300x200.jpg 300w, https:\/\/loudavymkrokem.cz\/wp-content\/uploads\/2026\/08\/nemecko-clanky-co-videt-v-hamburku-05-700x467.jpg 700w, https:\/\/loudavymkrokem.cz\/wp-content\/uploads\/2026\/08\/nemecko-clanky-co-videt-v-hamburku-05-768x512.jpg 768w, https:\/\/loudavymkrokem.cz\/wp-content\/uploads\/2026\/08\/nemecko-clanky-co-videt-v-hamburku-05-1536x1024.jpg 1536w, https:\/\/loudavymkrokem.cz\/wp-content\/uploads\/2026\/08\/nemecko-clanky-co-videt-v-hamburku-05-696x464.jpg 696w, https:\/\/loudavymkrokem.cz\/wp-content\/uploads\/2026\/08\/nemecko-clanky-co-videt-v-hamburku-05-1392x928.jpg 1392w\" sizes=\"(max-width: 1800px) 100vw, 1800px\" \/><button\n\t\t\tclass=\"lightbox-trigger\"\n\t\t\ttype=\"button\"\n\t\t\taria-haspopup=\"dialog\"\n\t\t\tdata-wp-bind--aria-label=\"state.thisImage.triggerButtonAriaLabel\"\n\t\t\tdata-wp-init=\"callbacks.initTriggerButton\"\n\t\t\tdata-wp-on--click=\"actions.showLightbox\"\n\t\t\tdata-wp-style--right=\"state.thisImage.buttonRight\"\n\t\t\tdata-wp-style--top=\"state.thisImage.buttonTop\"\n\t\t>\n\t\t\t<svg xmlns=\"http:\/\/www.w3.org\/2000\/svg\" width=\"12\" height=\"12\" fill=\"none\" viewBox=\"0 0 12 12\">\n\t\t\t\t<path fill=\"#fff\" d=\"M2 0a2 2 0 0 0-2 2v2h1.5V2a.5.5 0 0 1 .5-.5h2V0H2Zm2 10.5H2a.5.5 0 0 1-.5-.5V8H0v2a2 2 0 0 0 2 2h2v-1.5ZM8 12v-1.5h2a.5.5 0 0 0 .5-.5V8H12v2a2 2 0 0 1-2 2H8Zm2-12a2 2 0 0 1 2 2v2h-1.5V2a.5.5 0 0 0-.5-.5H8V0h2Z\" \/>\n\t\t\t<\/svg>\n\t\t<\/button><figcaption class=\"wp-element-caption\">Foto: Dietmar Rabich \/ Wikimedia Commons, CC BY-SA 4.0<\/figcaption><\/figure>\n\n\n\n<h3 class=\"wp-block-heading\"><span class=\"ez-toc-section\" id=\"1_Speicherstadt\"><\/span>1. Speicherstadt<span class=\"ez-toc-section-end\"><\/span><\/h3>\n\n\n\n<p class=\"wp-block-paragraph\">O maior complexo cont\u00edguo de armaz\u00e9ns hist\u00f3ricos do mundo \u00e9 o grande destaque da cidade e <strong>merece com todo o direito o seu lugar na lista do Patrim\u00f4nio Mundial da UNESCO<\/strong>. O bairro inteiro \u00e9 entrela\u00e7ado por uma teia de canais, sobre os quais se erguem pr\u00e9dios maci\u00e7os de tijolos vermelhos com os t\u00edpicos telhados de cobre e empenas neog\u00f3ticas ornamentadas. Passear por essas ruelas \u00e9 totalmente de gra\u00e7a e voc\u00ea vai sentir a atmosfera aut\u00eantica dos tempos em que aqui se estocavam, em grande escala, caf\u00e9, cacau, tapetes orientais e temperos caros do mundo inteiro.<\/p>\n\n\n\n<p class=\"wp-block-paragraph\">O complexo surgiu no fim do s\u00e9culo XIX e seus pr\u00e9dios se apoiam em milhares de estacas de carvalho fincadas fundo na lama do rio. <strong>N\u00e3o deixe de ir at\u00e9 o chamado Wasserschloss, ou Castelo da \u00c1gua<\/strong>, um pr\u00e9dio extremamente fotog\u00eanico bem na conflu\u00eancia de dois canais, que hoje abriga uma aconchegante casa de ch\u00e1. Um passeio entre esses pr\u00e9dios majestosos literalmente te transporta para os tempos de maior gl\u00f3ria dos comerciantes hanse\u00e1ticos.<\/p>\n\n\n\n<p class=\"wp-block-paragraph\">\ud83d\udca1 Dica: <strong>A regi\u00e3o toda fica mais fotog\u00eanica logo depois do p\u00f4r do sol<\/strong>, quando a rom\u00e2ntica ilumina\u00e7\u00e3o noturna se acende. As paredes de tijolo e as pontes come\u00e7am a se refletir lindamente nas \u00e1guas escuras dos canais, criando um espet\u00e1culo absolutamente m\u00e1gico.<\/p>\n\n\n\n<figure data-wp-context=\"{&quot;imageId&quot;:&quot;6a95705372333&quot;}\" data-wp-interactive=\"core\/image\" data-wp-key=\"6a95705372333\" class=\"wp-block-image size-full wp-lightbox-container\"><img decoding=\"async\" width=\"1800\" height=\"1192\" data-wp-class--hide=\"state.isContentHidden\" data-wp-class--show=\"state.isContentVisible\" data-wp-init=\"callbacks.setButtonStyles\" data-wp-on--click=\"actions.showLightbox\" data-wp-on--load=\"callbacks.setButtonStyles\" data-wp-on--pointerdown=\"actions.preloadImage\" data-wp-on--pointerenter=\"actions.preloadImageWithDelay\" data-wp-on--pointerleave=\"actions.cancelPreload\" data-wp-on-window--resize=\"callbacks.setButtonStyles\" src=\"https:\/\/loudavymkrokem.cz\/wp-content\/uploads\/2026\/08\/nemecko-clanky-co-videt-v-hamburku-06.jpg\" alt=\"Ferrovia em miniatura no Miniatur Wunderland\" class=\"wp-image-398123\" title=\"\" srcset=\"https:\/\/loudavymkrokem.cz\/wp-content\/uploads\/2026\/08\/nemecko-clanky-co-videt-v-hamburku-06.jpg 1800w, https:\/\/loudavymkrokem.cz\/wp-content\/uploads\/2026\/08\/nemecko-clanky-co-videt-v-hamburku-06-300x199.jpg 300w, https:\/\/loudavymkrokem.cz\/wp-content\/uploads\/2026\/08\/nemecko-clanky-co-videt-v-hamburku-06-700x464.jpg 700w, https:\/\/loudavymkrokem.cz\/wp-content\/uploads\/2026\/08\/nemecko-clanky-co-videt-v-hamburku-06-768x509.jpg 768w, https:\/\/loudavymkrokem.cz\/wp-content\/uploads\/2026\/08\/nemecko-clanky-co-videt-v-hamburku-06-1536x1017.jpg 1536w, https:\/\/loudavymkrokem.cz\/wp-content\/uploads\/2026\/08\/nemecko-clanky-co-videt-v-hamburku-06-696x461.jpg 696w, https:\/\/loudavymkrokem.cz\/wp-content\/uploads\/2026\/08\/nemecko-clanky-co-videt-v-hamburku-06-1392x922.jpg 1392w\" sizes=\"(max-width: 1800px) 100vw, 1800px\" \/><button\n\t\t\tclass=\"lightbox-trigger\"\n\t\t\ttype=\"button\"\n\t\t\taria-haspopup=\"dialog\"\n\t\t\tdata-wp-bind--aria-label=\"state.thisImage.triggerButtonAriaLabel\"\n\t\t\tdata-wp-init=\"callbacks.initTriggerButton\"\n\t\t\tdata-wp-on--click=\"actions.showLightbox\"\n\t\t\tdata-wp-style--right=\"state.thisImage.buttonRight\"\n\t\t\tdata-wp-style--top=\"state.thisImage.buttonTop\"\n\t\t>\n\t\t\t<svg xmlns=\"http:\/\/www.w3.org\/2000\/svg\" width=\"12\" height=\"12\" fill=\"none\" viewBox=\"0 0 12 12\">\n\t\t\t\t<path fill=\"#fff\" d=\"M2 0a2 2 0 0 0-2 2v2h1.5V2a.5.5 0 0 1 .5-.5h2V0H2Zm2 10.5H2a.5.5 0 0 1-.5-.5V8H0v2a2 2 0 0 0 2 2h2v-1.5ZM8 12v-1.5h2a.5.5 0 0 0 .5-.5V8H12v2a2 2 0 0 1-2 2H8Zm2-12a2 2 0 0 1 2 2v2h-1.5V2a.5.5 0 0 0-.5-.5H8V0h2Z\" \/>\n\t\t\t<\/svg>\n\t\t<\/button><figcaption class=\"wp-element-caption\">Foto: Steven Lek \/ Wikimedia Commons, CC BY-SA 4.0<\/figcaption><\/figure>\n\n\n\n<h3 class=\"wp-block-heading\"><span class=\"ez-toc-section\" id=\"2_Miniatur_Wunderland\"><\/span>2. Miniatur Wunderland<span class=\"ez-toc-section-end\"><\/span><\/h3>\n\n\n\n<p class=\"wp-block-paragraph\">A maior ferrovia em miniatura do mundo fica bem no cora\u00e7\u00e3o do Speicherstadt e encanta adultos e crian\u00e7as, n\u00e3o importa a idade. <strong>Essa atra\u00e7\u00e3o fascinante n\u00e3o para de crescer, e at\u00e9 2026 voc\u00ea pode esperar se\u00e7\u00f5es totalmente novas<\/strong>, que incluem modelos detalhados da floresta tropical, um peda\u00e7o da cordilheira dos Andes ou at\u00e9 o deserto seco do Atacama. Cada detalhe aqui \u00e9 trabalhado \u00e0 perfei\u00e7\u00e3o, e a cada quinze minutos alterna-se dia e noite, ent\u00e3o voc\u00ea v\u00ea todas as cidadezinhas lindamente iluminadas.<\/p>\n\n\n\n<p class=\"wp-block-paragraph\">A entrada para adultos <strong>custa cerca de 25 euros e a visita pode tomar tranquilamente meio dia<\/strong>, se voc\u00ea quiser ver tudo com calma e aten\u00e7\u00e3o. Voc\u00ea vai admirar um aeroporto em miniatura com avi\u00f5es que realmente decolam e pousam, vilarejos alpinos detalhados, a Escandin\u00e1via coberta de neve e cidades movimentadas cheias de pequenas figurinhas com suas pr\u00f3prias hist\u00f3rias engra\u00e7adas. Os criadores locais t\u00eam um enorme senso de humor, ent\u00e3o, se voc\u00ea observar bem, vai descobrir v\u00e1rias cenas divertidas do dia a dia.<\/p>\n\n\n\n<p class=\"wp-block-paragraph\">\ud83d\udca1 Dica: <strong>Reservar o ingresso com hor\u00e1rio marcado online \u00e9 absolutamente indispens\u00e1vel<\/strong>, porque na alta temporada esgota com v\u00e1rias semanas de anteced\u00eancia. No local voc\u00ea simplesmente n\u00e3o consegue bilhetes, e seria uma pena enorme perder essa experi\u00eancia.<\/p>\n\n\n\n<figure data-wp-context=\"{&quot;imageId&quot;:&quot;6a95705372a13&quot;}\" data-wp-interactive=\"core\/image\" data-wp-key=\"6a95705372a13\" class=\"wp-block-image size-full wp-lightbox-container\"><img decoding=\"async\" width=\"1800\" height=\"1800\" data-wp-class--hide=\"state.isContentHidden\" data-wp-class--show=\"state.isContentVisible\" data-wp-init=\"callbacks.setButtonStyles\" data-wp-on--click=\"actions.showLightbox\" data-wp-on--load=\"callbacks.setButtonStyles\" data-wp-on--pointerdown=\"actions.preloadImage\" data-wp-on--pointerenter=\"actions.preloadImageWithDelay\" data-wp-on--pointerleave=\"actions.cancelPreload\" data-wp-on-window--resize=\"callbacks.setButtonStyles\" src=\"https:\/\/loudavymkrokem.cz\/wp-content\/uploads\/2026\/08\/nemecko-clanky-co-videt-v-hamburku-07.jpg\" alt=\"Pr\u00e9dio da Elbphilharmonie sobre o porto\" class=\"wp-image-398583\" title=\"\" srcset=\"https:\/\/loudavymkrokem.cz\/wp-content\/uploads\/2026\/08\/nemecko-clanky-co-videt-v-hamburku-07.jpg 1800w, https:\/\/loudavymkrokem.cz\/wp-content\/uploads\/2026\/08\/nemecko-clanky-co-videt-v-hamburku-07-300x300.jpg 300w, https:\/\/loudavymkrokem.cz\/wp-content\/uploads\/2026\/08\/nemecko-clanky-co-videt-v-hamburku-07-700x700.jpg 700w, https:\/\/loudavymkrokem.cz\/wp-content\/uploads\/2026\/08\/nemecko-clanky-co-videt-v-hamburku-07-150x150.jpg 150w, https:\/\/loudavymkrokem.cz\/wp-content\/uploads\/2026\/08\/nemecko-clanky-co-videt-v-hamburku-07-768x768.jpg 768w, https:\/\/loudavymkrokem.cz\/wp-content\/uploads\/2026\/08\/nemecko-clanky-co-videt-v-hamburku-07-1536x1536.jpg 1536w, https:\/\/loudavymkrokem.cz\/wp-content\/uploads\/2026\/08\/nemecko-clanky-co-videt-v-hamburku-07-696x696.jpg 696w, https:\/\/loudavymkrokem.cz\/wp-content\/uploads\/2026\/08\/nemecko-clanky-co-videt-v-hamburku-07-1392x1392.jpg 1392w\" sizes=\"(max-width: 1800px) 100vw, 1800px\" \/><button\n\t\t\tclass=\"lightbox-trigger\"\n\t\t\ttype=\"button\"\n\t\t\taria-haspopup=\"dialog\"\n\t\t\tdata-wp-bind--aria-label=\"state.thisImage.triggerButtonAriaLabel\"\n\t\t\tdata-wp-init=\"callbacks.initTriggerButton\"\n\t\t\tdata-wp-on--click=\"actions.showLightbox\"\n\t\t\tdata-wp-style--right=\"state.thisImage.buttonRight\"\n\t\t\tdata-wp-style--top=\"state.thisImage.buttonTop\"\n\t\t>\n\t\t\t<svg xmlns=\"http:\/\/www.w3.org\/2000\/svg\" width=\"12\" height=\"12\" fill=\"none\" viewBox=\"0 0 12 12\">\n\t\t\t\t<path fill=\"#fff\" d=\"M2 0a2 2 0 0 0-2 2v2h1.5V2a.5.5 0 0 1 .5-.5h2V0H2Zm2 10.5H2a.5.5 0 0 1-.5-.5V8H0v2a2 2 0 0 0 2 2h2v-1.5ZM8 12v-1.5h2a.5.5 0 0 0 .5-.5V8H12v2a2 2 0 0 1-2 2H8Zm2-12a2 2 0 0 1 2 2v2h-1.5V2a.5.5 0 0 0-.5-.5H8V0h2Z\" \/>\n\t\t\t<\/svg>\n\t\t<\/button><figcaption class=\"wp-element-caption\">Foto: Dietmar Rabich \/ Wikimedia Commons, CC BY-SA 4.0<\/figcaption><\/figure>\n\n\n\n<h3 class=\"wp-block-heading\"><span class=\"ez-toc-section\" id=\"3_Elbphilharmonie\"><\/span>3. Elbphilharmonie<span class=\"ez-toc-section-end\"><\/span><\/h3>\n\n\n\n<p class=\"wp-block-paragraph\">O ic\u00f4nico pr\u00e9dio da sala de concertos, cujo formato lembra velas de navio estufadas ou ondas revoltas, virou um s\u00edmbolo moderno da cidade desde a sua inaugura\u00e7\u00e3o. <strong>A parte de baixo \u00e9 um antigo armaz\u00e9m de tijolos, sobre o qual foi colocada uma deslumbrante estrutura de vidro<\/strong>, que reflete lindamente o c\u00e9u e a \u00e1gua ao redor e muda de cor conforme o clima do momento. Do ponto de vista arquitet\u00f4nico, \u00e9 uma verdadeira joia que domina todo o porto e atrai os olhares de todos os visitantes j\u00e1 de longe.<\/p>\n\n\n\n<p class=\"wp-block-paragraph\">Bem entre a parte de tijolo e a de vidro fica a <strong>chamada Plaza, um terra\u00e7o-mirante de acesso p\u00fablico com uma vista fant\u00e1stica da cidade e dos guindastes gigantes ao longe<\/strong>. Voc\u00ea pode dar a volta no pr\u00e9dio e observar o movimento no rio e as torres das igrejas hist\u00f3ricas. L\u00e1 em cima voc\u00ea chega por uma escada rolante curva \u00fanica, com mais de oitenta metros de comprimento, que j\u00e1 \u00e9 por si s\u00f3 uma experi\u00eancia arquitet\u00f4nica enorme, porque com a curvatura voc\u00ea nem consegue ver o final dela.<\/p>\n\n\n\n<p class=\"wp-block-paragraph\">\ud83d\udca1 Dica: <strong>A entrada no terra\u00e7o-mirante \u00e9 de gra\u00e7a, mas voc\u00ea precisa reservar um hor\u00e1rio com anteced\u00eancia<\/strong> no site oficial. Sem uma reserva v\u00e1lida, infelizmente n\u00e3o te deixam ir \u00e0 escada rolante em arco e voc\u00ea teria que torcer para ter vaga na bilheteria.<\/p>\n\n\n\n<figure data-wp-context=\"{&quot;imageId&quot;:&quot;6a95705372fac&quot;}\" data-wp-interactive=\"core\/image\" data-wp-key=\"6a95705372fac\" class=\"wp-block-image size-full wp-lightbox-container\"><img decoding=\"async\" width=\"1800\" height=\"1350\" data-wp-class--hide=\"state.isContentHidden\" data-wp-class--show=\"state.isContentVisible\" data-wp-init=\"callbacks.setButtonStyles\" data-wp-on--click=\"actions.showLightbox\" data-wp-on--load=\"callbacks.setButtonStyles\" data-wp-on--pointerdown=\"actions.preloadImage\" data-wp-on--pointerenter=\"actions.preloadImageWithDelay\" data-wp-on--pointerleave=\"actions.cancelPreload\" data-wp-on-window--resize=\"callbacks.setButtonStyles\" src=\"https:\/\/loudavymkrokem.cz\/wp-content\/uploads\/2026\/08\/nemecko-clanky-co-videt-v-hamburku-08.jpg\" alt=\"Orla no HafenCity\" class=\"wp-image-398815\" title=\"\" srcset=\"https:\/\/loudavymkrokem.cz\/wp-content\/uploads\/2026\/08\/nemecko-clanky-co-videt-v-hamburku-08.jpg 1800w, https:\/\/loudavymkrokem.cz\/wp-content\/uploads\/2026\/08\/nemecko-clanky-co-videt-v-hamburku-08-300x225.jpg 300w, https:\/\/loudavymkrokem.cz\/wp-content\/uploads\/2026\/08\/nemecko-clanky-co-videt-v-hamburku-08-700x525.jpg 700w, https:\/\/loudavymkrokem.cz\/wp-content\/uploads\/2026\/08\/nemecko-clanky-co-videt-v-hamburku-08-768x576.jpg 768w, https:\/\/loudavymkrokem.cz\/wp-content\/uploads\/2026\/08\/nemecko-clanky-co-videt-v-hamburku-08-1536x1152.jpg 1536w, https:\/\/loudavymkrokem.cz\/wp-content\/uploads\/2026\/08\/nemecko-clanky-co-videt-v-hamburku-08-80x60.jpg 80w, https:\/\/loudavymkrokem.cz\/wp-content\/uploads\/2026\/08\/nemecko-clanky-co-videt-v-hamburku-08-160x120.jpg 160w, https:\/\/loudavymkrokem.cz\/wp-content\/uploads\/2026\/08\/nemecko-clanky-co-videt-v-hamburku-08-696x522.jpg 696w, https:\/\/loudavymkrokem.cz\/wp-content\/uploads\/2026\/08\/nemecko-clanky-co-videt-v-hamburku-08-1392x1044.jpg 1392w\" sizes=\"(max-width: 1800px) 100vw, 1800px\" \/><button\n\t\t\tclass=\"lightbox-trigger\"\n\t\t\ttype=\"button\"\n\t\t\taria-haspopup=\"dialog\"\n\t\t\tdata-wp-bind--aria-label=\"state.thisImage.triggerButtonAriaLabel\"\n\t\t\tdata-wp-init=\"callbacks.initTriggerButton\"\n\t\t\tdata-wp-on--click=\"actions.showLightbox\"\n\t\t\tdata-wp-style--right=\"state.thisImage.buttonRight\"\n\t\t\tdata-wp-style--top=\"state.thisImage.buttonTop\"\n\t\t>\n\t\t\t<svg xmlns=\"http:\/\/www.w3.org\/2000\/svg\" width=\"12\" height=\"12\" fill=\"none\" viewBox=\"0 0 12 12\">\n\t\t\t\t<path fill=\"#fff\" d=\"M2 0a2 2 0 0 0-2 2v2h1.5V2a.5.5 0 0 1 .5-.5h2V0H2Zm2 10.5H2a.5.5 0 0 1-.5-.5V8H0v2a2 2 0 0 0 2 2h2v-1.5ZM8 12v-1.5h2a.5.5 0 0 0 .5-.5V8H12v2a2 2 0 0 1-2 2H8Zm2-12a2 2 0 0 1 2 2v2h-1.5V2a.5.5 0 0 0-.5-.5H8V0h2Z\" \/>\n\t\t\t<\/svg>\n\t\t<\/button><figcaption class=\"wp-element-caption\">Foto: Miwa \/ Pexels<\/figcaption><\/figure>\n\n\n\n<h3 class=\"wp-block-heading\"><span class=\"ez-toc-section\" id=\"4_O_moderno_bairro_HafenCity\"><\/span>4. O moderno bairro HafenCity<span class=\"ez-toc-section-end\"><\/span><\/h3>\n\n\n\n<p class=\"wp-block-paragraph\">Bem ao lado do hist\u00f3rico Speicherstadt cresce o maior projeto europeu de desenvolvimento urbano, que est\u00e1 transformando totalmente a cara do antigo porto. <strong>O HafenCity \u00e9 uma vitrine de arquitetura moderna de ponta, onde cada pr\u00e9dio nasceu das m\u00e3os de arquitetos renomados do mundo todo<\/strong>, formando um contraste incr\u00edvel com os armaz\u00e9ns de tijolos ali ao lado. Aqui voc\u00ea encontra largas alamedas \u00e0 beira da \u00e1gua, blocos residenciais modernos, escrit\u00f3rios de vidro luxuosos, caf\u00e9s estilosos e pontes futuristas ligando as ilhotas.<\/p>\n\n\n\n<p class=\"wp-block-paragraph\">Essa enorme regi\u00e3o toda, <strong>incluindo a visita \u00e0 Elbphilharmonie, ao Speicherstadt e ao Miniatur Wunderland, toma tranquilamente um dia inteiro<\/strong>. Vale mesmo a pena vir com sapatos confort\u00e1veis e n\u00e3o planejar nenhum grande deslocamento para partes mais distantes da cidade no mesmo dia. \u00c9 fascinante observar como a cidade conseguiu lidar com a amea\u00e7a de enchentes, j\u00e1 que todos os pr\u00e9dios e alamedas novos foram elevados sobre bases especiais.<\/p>\n\n\n\n<p class=\"wp-block-paragraph\">\ud83d\udca1 Dica: <strong>Pare no chamado Terra\u00e7o Magalh\u00e3es<\/strong>, uma pra\u00e7a em cascata que desce direto at\u00e9 a \u00e1gua. \u00c9 o lugar ideal para descansar com um copo de bom caf\u00e9 e observar os barquinhos passando.<\/p>\n\n\n\n<figure data-wp-context=\"{&quot;imageId&quot;:&quot;6a95705373738&quot;}\" data-wp-interactive=\"core\/image\" data-wp-key=\"6a95705373738\" class=\"wp-block-image size-full wp-lightbox-container\"><img decoding=\"async\" width=\"1800\" height=\"1195\" data-wp-class--hide=\"state.isContentHidden\" data-wp-class--show=\"state.isContentVisible\" data-wp-init=\"callbacks.setButtonStyles\" data-wp-on--click=\"actions.showLightbox\" data-wp-on--load=\"callbacks.setButtonStyles\" data-wp-on--pointerdown=\"actions.preloadImage\" data-wp-on--pointerenter=\"actions.preloadImageWithDelay\" data-wp-on--pointerleave=\"actions.cancelPreload\" data-wp-on-window--resize=\"callbacks.setButtonStyles\" src=\"https:\/\/loudavymkrokem.cz\/wp-content\/uploads\/2026\/08\/nemecko-clanky-co-videt-v-hamburku-09.jpg\" alt=\"Museu Mar\u00edtimo Internacional em Hamburgo\" class=\"wp-image-398820\" title=\"\" srcset=\"https:\/\/loudavymkrokem.cz\/wp-content\/uploads\/2026\/08\/nemecko-clanky-co-videt-v-hamburku-09.jpg 1800w, https:\/\/loudavymkrokem.cz\/wp-content\/uploads\/2026\/08\/nemecko-clanky-co-videt-v-hamburku-09-300x199.jpg 300w, https:\/\/loudavymkrokem.cz\/wp-content\/uploads\/2026\/08\/nemecko-clanky-co-videt-v-hamburku-09-700x465.jpg 700w, https:\/\/loudavymkrokem.cz\/wp-content\/uploads\/2026\/08\/nemecko-clanky-co-videt-v-hamburku-09-768x510.jpg 768w, https:\/\/loudavymkrokem.cz\/wp-content\/uploads\/2026\/08\/nemecko-clanky-co-videt-v-hamburku-09-1536x1020.jpg 1536w, https:\/\/loudavymkrokem.cz\/wp-content\/uploads\/2026\/08\/nemecko-clanky-co-videt-v-hamburku-09-696x462.jpg 696w, https:\/\/loudavymkrokem.cz\/wp-content\/uploads\/2026\/08\/nemecko-clanky-co-videt-v-hamburku-09-1392x924.jpg 1392w\" sizes=\"(max-width: 1800px) 100vw, 1800px\" \/><button\n\t\t\tclass=\"lightbox-trigger\"\n\t\t\ttype=\"button\"\n\t\t\taria-haspopup=\"dialog\"\n\t\t\tdata-wp-bind--aria-label=\"state.thisImage.triggerButtonAriaLabel\"\n\t\t\tdata-wp-init=\"callbacks.initTriggerButton\"\n\t\t\tdata-wp-on--click=\"actions.showLightbox\"\n\t\t\tdata-wp-style--right=\"state.thisImage.buttonRight\"\n\t\t\tdata-wp-style--top=\"state.thisImage.buttonTop\"\n\t\t>\n\t\t\t<svg xmlns=\"http:\/\/www.w3.org\/2000\/svg\" width=\"12\" height=\"12\" fill=\"none\" viewBox=\"0 0 12 12\">\n\t\t\t\t<path fill=\"#fff\" d=\"M2 0a2 2 0 0 0-2 2v2h1.5V2a.5.5 0 0 1 .5-.5h2V0H2Zm2 10.5H2a.5.5 0 0 1-.5-.5V8H0v2a2 2 0 0 0 2 2h2v-1.5ZM8 12v-1.5h2a.5.5 0 0 0 .5-.5V8H12v2a2 2 0 0 1-2 2H8Zm2-12a2 2 0 0 1 2 2v2h-1.5V2a.5.5 0 0 0-.5-.5H8V0h2Z\" \/>\n\t\t\t<\/svg>\n\t\t<\/button><figcaption class=\"wp-element-caption\">Foto: Frank Schulenburg \/ Wikimedia Commons, CC BY-SA 4.0<\/figcaption><\/figure>\n\n\n\n<h3 class=\"wp-block-heading\"><span class=\"ez-toc-section\" id=\"5_International_Maritime_Museum\"><\/span>5. International Maritime Museum<span class=\"ez-toc-section-end\"><\/span><\/h3>\n\n\n\n<p class=\"wp-block-paragraph\">Se voc\u00ea \u00e9 fascinado por navega\u00e7\u00e3o e pela hist\u00f3ria das descobertas mar\u00edtimas, esse museu, instalado no enorme armaz\u00e9m hist\u00f3rico Kaispeicher B, vai te envolver completamente. <strong>A exposi\u00e7\u00e3o se espalha por incr\u00edveis nove andares e apresenta milhares de modelos precisos de navios<\/strong>, mapas n\u00e1uticos, uniformes, h\u00e9lices e instrumentos de navega\u00e7\u00e3o hist\u00f3ricos do mundo todo. A cole\u00e7\u00e3o \u00e9 t\u00e3o vasta que mapeia toda a hist\u00f3ria da conquista humana dos oceanos, da Antiguidade \u00e0s famosas batalhas, at\u00e9 os atuais navios gigantes de cont\u00eaineres.<\/p>\n\n\n\n<p class=\"wp-block-paragraph\">A visita \u00e9 bem interativa, ent\u00e3o voc\u00ea <strong>pode testar um simulador de comando de um navio moderno ou observar em detalhes as cabines reconstru\u00eddas de transatl\u00e2nticos<\/strong>. O museu \u00e9 uma \u00f3tima op\u00e7\u00e3o tamb\u00e9m para os dias de chuva, que no norte da Alemanha n\u00e3o s\u00e3o poucos, e garante horas de divers\u00e3o para a fam\u00edlia toda.<\/p>\n\n\n\n<p class=\"wp-block-paragraph\">\ud83d\udca1 Dica: <strong>Reserve pelo menos tr\u00eas a quatro horas para uma visita completa aos nove conveses<\/strong>. Se estiver com pressa, foque principalmente nos andares dedicados ao transporte mar\u00edtimo moderno e aos grandes veleiros, que costumam ser os mais atraentes visualmente.<\/p>\n\n\n\n<figure data-wp-context=\"{&quot;imageId&quot;:&quot;6a95705373f07&quot;}\" data-wp-interactive=\"core\/image\" data-wp-key=\"6a95705373f07\" class=\"wp-block-image size-full wp-lightbox-container\"><img decoding=\"async\" width=\"1800\" height=\"1200\" data-wp-class--hide=\"state.isContentHidden\" data-wp-class--show=\"state.isContentVisible\" data-wp-init=\"callbacks.setButtonStyles\" data-wp-on--click=\"actions.showLightbox\" data-wp-on--load=\"callbacks.setButtonStyles\" data-wp-on--pointerdown=\"actions.preloadImage\" data-wp-on--pointerenter=\"actions.preloadImageWithDelay\" data-wp-on--pointerleave=\"actions.cancelPreload\" data-wp-on-window--resize=\"callbacks.setButtonStyles\" src=\"https:\/\/loudavymkrokem.cz\/wp-content\/uploads\/2026\/08\/nemecko-clanky-co-videt-v-hamburku-10.jpg\" alt=\"Balsa no rio Elba em Hamburgo\" class=\"wp-image-398961\" title=\"\" srcset=\"https:\/\/loudavymkrokem.cz\/wp-content\/uploads\/2026\/08\/nemecko-clanky-co-videt-v-hamburku-10.jpg 1800w, https:\/\/loudavymkrokem.cz\/wp-content\/uploads\/2026\/08\/nemecko-clanky-co-videt-v-hamburku-10-300x200.jpg 300w, https:\/\/loudavymkrokem.cz\/wp-content\/uploads\/2026\/08\/nemecko-clanky-co-videt-v-hamburku-10-700x467.jpg 700w, https:\/\/loudavymkrokem.cz\/wp-content\/uploads\/2026\/08\/nemecko-clanky-co-videt-v-hamburku-10-768x512.jpg 768w, https:\/\/loudavymkrokem.cz\/wp-content\/uploads\/2026\/08\/nemecko-clanky-co-videt-v-hamburku-10-1536x1024.jpg 1536w, https:\/\/loudavymkrokem.cz\/wp-content\/uploads\/2026\/08\/nemecko-clanky-co-videt-v-hamburku-10-696x464.jpg 696w, https:\/\/loudavymkrokem.cz\/wp-content\/uploads\/2026\/08\/nemecko-clanky-co-videt-v-hamburku-10-1392x928.jpg 1392w\" sizes=\"(max-width: 1800px) 100vw, 1800px\" \/><button\n\t\t\tclass=\"lightbox-trigger\"\n\t\t\ttype=\"button\"\n\t\t\taria-haspopup=\"dialog\"\n\t\t\tdata-wp-bind--aria-label=\"state.thisImage.triggerButtonAriaLabel\"\n\t\t\tdata-wp-init=\"callbacks.initTriggerButton\"\n\t\t\tdata-wp-on--click=\"actions.showLightbox\"\n\t\t\tdata-wp-style--right=\"state.thisImage.buttonRight\"\n\t\t\tdata-wp-style--top=\"state.thisImage.buttonTop\"\n\t\t>\n\t\t\t<svg xmlns=\"http:\/\/www.w3.org\/2000\/svg\" width=\"12\" height=\"12\" fill=\"none\" viewBox=\"0 0 12 12\">\n\t\t\t\t<path fill=\"#fff\" d=\"M2 0a2 2 0 0 0-2 2v2h1.5V2a.5.5 0 0 1 .5-.5h2V0H2Zm2 10.5H2a.5.5 0 0 1-.5-.5V8H0v2a2 2 0 0 0 2 2h2v-1.5ZM8 12v-1.5h2a.5.5 0 0 0 .5-.5V8H12v2a2 2 0 0 1-2 2H8Zm2-12a2 2 0 0 1 2 2v2h-1.5V2a.5.5 0 0 0-.5-.5H8V0h2Z\" \/>\n\t\t\t<\/svg>\n\t\t<\/button><figcaption class=\"wp-element-caption\">Foto: Dietmar Rabich \/ Wikimedia Commons, CC BY-SA 4.0<\/figcaption><\/figure>\n\n\n\n<h3 class=\"wp-block-heading\"><span class=\"ez-toc-section\" id=\"6_A_balsa_linha_62_como_passeio_panoramico\"><\/span>6. A balsa linha 62 como passeio panor\u00e2mico<span class=\"ez-toc-section-end\"><\/span><\/h3>\n\n\n\n<p class=\"wp-block-paragraph\">Viver a cidade a partir da \u00e1gua \u00e9 indispens\u00e1vel, mas voc\u00ea n\u00e3o precisa comprar bilhetes caros de barcos tur\u00edsticos comerciais para isso. <strong>A melhor dica secreta \u00e9 usar a balsa amarela comum de n\u00famero 62<\/strong>, que funciona como parte do transporte p\u00fablico municipal e aceita o bilhete di\u00e1rio padr\u00e3o. A balsa parte do cais principal Landungsbr\u00fccken em dire\u00e7\u00e3o \u00e0 ilha de Finkenwerder, e a viagem de ida leva cerca de trinta minutos.<\/p>\n\n\n\n<p class=\"wp-block-paragraph\">Essa rota <strong>te leva pelos maiores destaques do porto, pelo famoso mercado de peixes e pelos gigantescos estaleiros<\/strong>, ent\u00e3o voc\u00ea tem uma vis\u00e3o fant\u00e1stica do tamanho colossal do porto todo. \u00c9 a melhor rela\u00e7\u00e3o entre pre\u00e7o e experi\u00eancia que voc\u00ea pode conseguir na cidade, e pelo caminho voc\u00ea tamb\u00e9m v\u00ea as enormes docas onde s\u00e3o consertados os maiores navios do mundo.<\/p>\n\n\n\n<p class=\"wp-block-paragraph\">\ud83d\udca1 Dica: <strong>Tente pegar um lugar no conv\u00e9s superior aberto, bem junto \u00e0 amurada<\/strong>, de onde as fotos ficam melhores. A volta voc\u00ea pode fazer na mesma balsa, ou dar uma caminhada pela praia de areia Elbstrand, na parada de Neum\u00fchlen.<\/p>\n\n\n\n<figure data-wp-context=\"{&quot;imageId&quot;:&quot;6a95705374628&quot;}\" data-wp-interactive=\"core\/image\" data-wp-key=\"6a95705374628\" class=\"wp-block-image size-full wp-lightbox-container\"><img decoding=\"async\" width=\"1800\" height=\"1193\" data-wp-class--hide=\"state.isContentHidden\" data-wp-class--show=\"state.isContentVisible\" data-wp-init=\"callbacks.setButtonStyles\" data-wp-on--click=\"actions.showLightbox\" data-wp-on--load=\"callbacks.setButtonStyles\" data-wp-on--pointerdown=\"actions.preloadImage\" data-wp-on--pointerenter=\"actions.preloadImageWithDelay\" data-wp-on--pointerleave=\"actions.cancelPreload\" data-wp-on-window--resize=\"callbacks.setButtonStyles\" src=\"https:\/\/loudavymkrokem.cz\/wp-content\/uploads\/2026\/08\/nemecko-clanky-co-videt-v-hamburku-11.jpg\" alt=\"Fischmarkt de domingo em Hamburgo\" class=\"wp-image-398967\" title=\"\" srcset=\"https:\/\/loudavymkrokem.cz\/wp-content\/uploads\/2026\/08\/nemecko-clanky-co-videt-v-hamburku-11.jpg 1800w, https:\/\/loudavymkrokem.cz\/wp-content\/uploads\/2026\/08\/nemecko-clanky-co-videt-v-hamburku-11-300x199.jpg 300w, https:\/\/loudavymkrokem.cz\/wp-content\/uploads\/2026\/08\/nemecko-clanky-co-videt-v-hamburku-11-700x464.jpg 700w, https:\/\/loudavymkrokem.cz\/wp-content\/uploads\/2026\/08\/nemecko-clanky-co-videt-v-hamburku-11-768x509.jpg 768w, https:\/\/loudavymkrokem.cz\/wp-content\/uploads\/2026\/08\/nemecko-clanky-co-videt-v-hamburku-11-1536x1018.jpg 1536w, https:\/\/loudavymkrokem.cz\/wp-content\/uploads\/2026\/08\/nemecko-clanky-co-videt-v-hamburku-11-696x461.jpg 696w, https:\/\/loudavymkrokem.cz\/wp-content\/uploads\/2026\/08\/nemecko-clanky-co-videt-v-hamburku-11-1392x923.jpg 1392w\" sizes=\"(max-width: 1800px) 100vw, 1800px\" \/><button\n\t\t\tclass=\"lightbox-trigger\"\n\t\t\ttype=\"button\"\n\t\t\taria-haspopup=\"dialog\"\n\t\t\tdata-wp-bind--aria-label=\"state.thisImage.triggerButtonAriaLabel\"\n\t\t\tdata-wp-init=\"callbacks.initTriggerButton\"\n\t\t\tdata-wp-on--click=\"actions.showLightbox\"\n\t\t\tdata-wp-style--right=\"state.thisImage.buttonRight\"\n\t\t\tdata-wp-style--top=\"state.thisImage.buttonTop\"\n\t\t>\n\t\t\t<svg xmlns=\"http:\/\/www.w3.org\/2000\/svg\" width=\"12\" height=\"12\" fill=\"none\" viewBox=\"0 0 12 12\">\n\t\t\t\t<path fill=\"#fff\" d=\"M2 0a2 2 0 0 0-2 2v2h1.5V2a.5.5 0 0 1 .5-.5h2V0H2Zm2 10.5H2a.5.5 0 0 1-.5-.5V8H0v2a2 2 0 0 0 2 2h2v-1.5ZM8 12v-1.5h2a.5.5 0 0 0 .5-.5V8H12v2a2 2 0 0 1-2 2H8Zm2-12a2 2 0 0 1 2 2v2h-1.5V2a.5.5 0 0 0-.5-.5H8V0h2Z\" \/>\n\t\t\t<\/svg>\n\t\t<\/button><figcaption class=\"wp-element-caption\">Foto: Darya Sannikova \/ Pexels<\/figcaption><\/figure>\n\n\n\n<h3 class=\"wp-block-heading\"><span class=\"ez-toc-section\" id=\"7_O_Fischmarkt_de_domingo\"><\/span>7. O Fischmarkt de domingo<span class=\"ez-toc-section-end\"><\/span><\/h3>\n\n\n\n<p class=\"wp-block-paragraph\">Se voc\u00ea gosta de acordar cedo no fim de semana, n\u00e3o pode perder o lend\u00e1rio mercado dominical no bairro de Altona, que acontece bem \u00e0 beira do rio e tem tradi\u00e7\u00e3o que remonta ao s\u00e9culo XVIII. <strong>O Altonaer Fischmarkt ganha vida logo ao amanhecer e oferece um espet\u00e1culo incrivelmente barulhento<\/strong>, no qual os vendedores, com o t\u00edpico humor do norte da Alemanha, anunciam a mercadoria em voz alta e pechincham com os visitantes de cima das carrocerias dos caminh\u00f5es. Voc\u00ea n\u00e3o encontra s\u00f3 peixe aqui: o mercado \u00e9 cheio de barracas com frutas frescas, buqu\u00eas enormes, roupas e as mais variadas iguarias locais.<\/p>\n\n\n\n<p class=\"wp-block-paragraph\">Os moradores locais, depois de uma noite de farra na Reeperbahn, <strong>costumam vir aqui buscar o tradicional p\u00e3ozinho de peixe chamado Fischbr\u00f6tchen<\/strong>, um cl\u00e1ssico inconfund\u00edvel de Hamburgo que eles acompanham com caf\u00e9 quente. Mesmo que voc\u00ea n\u00e3o curta peixe e prefira uma alimenta\u00e7\u00e3o \u00e0 base de plantas, a atmosfera do hist\u00f3rico galp\u00e3o de leil\u00f5es com m\u00fasica ao vivo e gente dan\u00e7ando de manh\u00e3 cedo vale mesmo o esfor\u00e7o de acordar cedo.<\/p>\n\n\n\n<p class=\"wp-block-paragraph\">\ud83d\udca1 Dica: <strong>O mercado termina bem cedo, geralmente as barracas come\u00e7am a fechar por volta das nove e meia da manh\u00e3<\/strong>, ent\u00e3o n\u00e3o esque\u00e7a de programar o despertador. O ideal \u00e9 combinar a visita ao mercado com uma longa caminhada matinal pela orla.<\/p>\n\n\n\n<figure data-wp-context=\"{&quot;imageId&quot;:&quot;6a95705374dcb&quot;}\" data-wp-interactive=\"core\/image\" data-wp-key=\"6a95705374dcb\" class=\"wp-block-image size-full wp-lightbox-container\"><img decoding=\"async\" width=\"1800\" height=\"1350\" data-wp-class--hide=\"state.isContentHidden\" data-wp-class--show=\"state.isContentVisible\" data-wp-init=\"callbacks.setButtonStyles\" data-wp-on--click=\"actions.showLightbox\" data-wp-on--load=\"callbacks.setButtonStyles\" data-wp-on--pointerdown=\"actions.preloadImage\" data-wp-on--pointerenter=\"actions.preloadImageWithDelay\" data-wp-on--pointerleave=\"actions.cancelPreload\" data-wp-on-window--resize=\"callbacks.setButtonStyles\" src=\"https:\/\/loudavymkrokem.cz\/wp-content\/uploads\/2026\/08\/nemecko-clanky-co-videt-v-hamburku-12.jpg\" alt=\"Reeperbahn no bairro de St. Pauli\" class=\"wp-image-398969\" title=\"\" srcset=\"https:\/\/loudavymkrokem.cz\/wp-content\/uploads\/2026\/08\/nemecko-clanky-co-videt-v-hamburku-12.jpg 1800w, https:\/\/loudavymkrokem.cz\/wp-content\/uploads\/2026\/08\/nemecko-clanky-co-videt-v-hamburku-12-300x225.jpg 300w, https:\/\/loudavymkrokem.cz\/wp-content\/uploads\/2026\/08\/nemecko-clanky-co-videt-v-hamburku-12-700x525.jpg 700w, https:\/\/loudavymkrokem.cz\/wp-content\/uploads\/2026\/08\/nemecko-clanky-co-videt-v-hamburku-12-768x576.jpg 768w, https:\/\/loudavymkrokem.cz\/wp-content\/uploads\/2026\/08\/nemecko-clanky-co-videt-v-hamburku-12-1536x1152.jpg 1536w, https:\/\/loudavymkrokem.cz\/wp-content\/uploads\/2026\/08\/nemecko-clanky-co-videt-v-hamburku-12-80x60.jpg 80w, https:\/\/loudavymkrokem.cz\/wp-content\/uploads\/2026\/08\/nemecko-clanky-co-videt-v-hamburku-12-160x120.jpg 160w, https:\/\/loudavymkrokem.cz\/wp-content\/uploads\/2026\/08\/nemecko-clanky-co-videt-v-hamburku-12-696x522.jpg 696w, https:\/\/loudavymkrokem.cz\/wp-content\/uploads\/2026\/08\/nemecko-clanky-co-videt-v-hamburku-12-1392x1044.jpg 1392w\" sizes=\"(max-width: 1800px) 100vw, 1800px\" \/><button\n\t\t\tclass=\"lightbox-trigger\"\n\t\t\ttype=\"button\"\n\t\t\taria-haspopup=\"dialog\"\n\t\t\tdata-wp-bind--aria-label=\"state.thisImage.triggerButtonAriaLabel\"\n\t\t\tdata-wp-init=\"callbacks.initTriggerButton\"\n\t\t\tdata-wp-on--click=\"actions.showLightbox\"\n\t\t\tdata-wp-style--right=\"state.thisImage.buttonRight\"\n\t\t\tdata-wp-style--top=\"state.thisImage.buttonTop\"\n\t\t>\n\t\t\t<svg xmlns=\"http:\/\/www.w3.org\/2000\/svg\" width=\"12\" height=\"12\" fill=\"none\" viewBox=\"0 0 12 12\">\n\t\t\t\t<path fill=\"#fff\" d=\"M2 0a2 2 0 0 0-2 2v2h1.5V2a.5.5 0 0 1 .5-.5h2V0H2Zm2 10.5H2a.5.5 0 0 1-.5-.5V8H0v2a2 2 0 0 0 2 2h2v-1.5ZM8 12v-1.5h2a.5.5 0 0 0 .5-.5V8H12v2a2 2 0 0 1-2 2H8Zm2-12a2 2 0 0 1 2 2v2h-1.5V2a.5.5 0 0 0-.5-.5H8V0h2Z\" \/>\n\t\t\t<\/svg>\n\t\t<\/button><figcaption class=\"wp-element-caption\">Foto: Wusel007 \/ Wikimedia Commons, CC BY-SA 3.0<\/figcaption><\/figure>\n\n\n\n<h3 class=\"wp-block-heading\"><span class=\"ez-toc-section\" id=\"8_Reeperbahn_e_St_Pauli\"><\/span>8. Reeperbahn e St. Pauli<span class=\"ez-toc-section-end\"><\/span><\/h3>\n\n\n\n<p class=\"wp-block-paragraph\">O mais famoso bairro de entretenimento de toda a Alemanha s\u00f3 desperta para a vida ao p\u00f4r do sol, e seus letreiros de neon coloridos brilham ao longe. <strong>A avenida principal Reeperbahn e as ruelas ao redor no bairro de St. Pauli formam o centro pulsante da vida noturna<\/strong>, onde voc\u00ea encontra centenas de bares, clubes de m\u00fasica, teatros e cabar\u00e9s ic\u00f4nicos. \u00c9 um lugar de atmosfera mais r\u00fastica, mas muito aut\u00eantica, que simplesmente faz parte, h\u00e1 d\u00e9cadas, dessa cidade portu\u00e1ria.<\/p>\n\n\n\n<p class=\"wp-block-paragraph\">Foi justamente nos pequenos clubes locais que <strong>os lend\u00e1rios Beatles deram in\u00edcio \u00e0 carreira estrelada no come\u00e7o dos anos 1960<\/strong>, algo hoje lembrado pela pra\u00e7a especial Beatles-Platz, em formato de um disco de vinil gigante. Embora o bairro tenha uma fama meio selvagem, \u00e9 relativamente seguro; voc\u00ea s\u00f3 precisa se preparar para uma enorme concentra\u00e7\u00e3o de gente e um ambiente mais barulhento.<\/p>\n\n\n\n<p class=\"wp-block-paragraph\">\ud83d\udca1 Dica: <strong>Venha aqui no fim da tarde para um \u00f3timo jantar em algum dos muitos restaurantes descolados<\/strong> e depois s\u00f3 caminhe pelas ruas iluminadas. Basta absorver a atmosfera espec\u00edfica daqui e tomar um drinque em algum dos bares mais tranquilos ali por perto.<\/p>\n\n\n\n<figure data-wp-context=\"{&quot;imageId&quot;:&quot;6a95705375540&quot;}\" data-wp-interactive=\"core\/image\" data-wp-key=\"6a95705375540\" class=\"wp-block-image size-full wp-lightbox-container\"><img decoding=\"async\" width=\"1800\" height=\"1200\" data-wp-class--hide=\"state.isContentHidden\" data-wp-class--show=\"state.isContentVisible\" data-wp-init=\"callbacks.setButtonStyles\" data-wp-on--click=\"actions.showLightbox\" data-wp-on--load=\"callbacks.setButtonStyles\" data-wp-on--pointerdown=\"actions.preloadImage\" data-wp-on--pointerenter=\"actions.preloadImageWithDelay\" data-wp-on--pointerleave=\"actions.cancelPreload\" data-wp-on-window--resize=\"callbacks.setButtonStyles\" src=\"https:\/\/loudavymkrokem.cz\/wp-content\/uploads\/2026\/08\/nemecko-clanky-co-videt-v-hamburku-13.jpg\" alt=\"Parque Planten un Blomen\" class=\"wp-image-398973\" title=\"\" srcset=\"https:\/\/loudavymkrokem.cz\/wp-content\/uploads\/2026\/08\/nemecko-clanky-co-videt-v-hamburku-13.jpg 1800w, https:\/\/loudavymkrokem.cz\/wp-content\/uploads\/2026\/08\/nemecko-clanky-co-videt-v-hamburku-13-300x200.jpg 300w, https:\/\/loudavymkrokem.cz\/wp-content\/uploads\/2026\/08\/nemecko-clanky-co-videt-v-hamburku-13-700x467.jpg 700w, https:\/\/loudavymkrokem.cz\/wp-content\/uploads\/2026\/08\/nemecko-clanky-co-videt-v-hamburku-13-768x512.jpg 768w, https:\/\/loudavymkrokem.cz\/wp-content\/uploads\/2026\/08\/nemecko-clanky-co-videt-v-hamburku-13-1536x1024.jpg 1536w, https:\/\/loudavymkrokem.cz\/wp-content\/uploads\/2026\/08\/nemecko-clanky-co-videt-v-hamburku-13-696x464.jpg 696w, https:\/\/loudavymkrokem.cz\/wp-content\/uploads\/2026\/08\/nemecko-clanky-co-videt-v-hamburku-13-1392x928.jpg 1392w\" sizes=\"(max-width: 1800px) 100vw, 1800px\" \/><button\n\t\t\tclass=\"lightbox-trigger\"\n\t\t\ttype=\"button\"\n\t\t\taria-haspopup=\"dialog\"\n\t\t\tdata-wp-bind--aria-label=\"state.thisImage.triggerButtonAriaLabel\"\n\t\t\tdata-wp-init=\"callbacks.initTriggerButton\"\n\t\t\tdata-wp-on--click=\"actions.showLightbox\"\n\t\t\tdata-wp-style--right=\"state.thisImage.buttonRight\"\n\t\t\tdata-wp-style--top=\"state.thisImage.buttonTop\"\n\t\t>\n\t\t\t<svg xmlns=\"http:\/\/www.w3.org\/2000\/svg\" width=\"12\" height=\"12\" fill=\"none\" viewBox=\"0 0 12 12\">\n\t\t\t\t<path fill=\"#fff\" d=\"M2 0a2 2 0 0 0-2 2v2h1.5V2a.5.5 0 0 1 .5-.5h2V0H2Zm2 10.5H2a.5.5 0 0 1-.5-.5V8H0v2a2 2 0 0 0 2 2h2v-1.5ZM8 12v-1.5h2a.5.5 0 0 0 .5-.5V8H12v2a2 2 0 0 1-2 2H8Zm2-12a2 2 0 0 1 2 2v2h-1.5V2a.5.5 0 0 0-.5-.5H8V0h2Z\" \/>\n\t\t\t<\/svg>\n\t\t<\/button><figcaption class=\"wp-element-caption\">Foto: Dirtsc \/ Wikimedia Commons, CC BY-SA 4.0<\/figcaption><\/figure>\n\n\n\n<h3 class=\"wp-block-heading\"><span class=\"ez-toc-section\" id=\"9_Parque_Planten_un_Blomen\"><\/span>9. Parque Planten un Blomen<span class=\"ez-toc-section-end\"><\/span><\/h3>\n\n\n\n<p class=\"wp-block-paragraph\">Bem no cora\u00e7\u00e3o da cidade agitada fica um extenso o\u00e1sis verde, que oferece um ref\u00fagio perfeito do barulho do tr\u00e2nsito e das aglomera\u00e7\u00f5es de turistas. <strong>O parque Planten un Blomen \u00e9 um complexo cuidadosamente conservado de lindos jardins tem\u00e1ticos<\/strong>, onde voc\u00ea encontra o maior jardim japon\u00eas da Europa, lagos rom\u00e2nticos cheios de nen\u00fafares, um roseiral e at\u00e9 uma estufa tropical. Al\u00e9m das caminhadas intermin\u00e1veis, d\u00e1 para jogar minigolfe, xadrez gigante ou, no ver\u00e3o, patinar na ampla pista de patins.<\/p>\n\n\n\n<p class=\"wp-block-paragraph\">Enquanto no inverno parte do parque se transforma numa pista de gelo m\u00e1gica e muito popular, no ver\u00e3o as multid\u00f5es s\u00e3o atra\u00eddas pelos <strong>concertos noturnos de \u00e1gua e luz, que s\u00e3o totalmente de gra\u00e7a para todos os visitantes<\/strong>. As fontes dan\u00e7am no ritmo de m\u00fasica cl\u00e1ssica e moderna, enquanto luzes coloridas criam uma coreografia deslumbrante projetada diretamente sobre a parede de \u00e1gua.<\/p>\n\n\n\n<p class=\"wp-block-paragraph\">\ud83d\udca1 Dica: <strong>Antes do espet\u00e1culo noturno das fontes, n\u00e3o esque\u00e7a de levar uma manta e algo gostoso para beber<\/strong>, porque os bancos costumam ficar cheios bem r\u00e1pido. A atmosfera de um piquenique de ver\u00e3o na grama ao p\u00f4r do sol aqui \u00e9 absolutamente encantadora.<\/p>\n\n\n\n<figure data-wp-context=\"{&quot;imageId&quot;:&quot;6a95705375ccd&quot;}\" data-wp-interactive=\"core\/image\" data-wp-key=\"6a95705375ccd\" class=\"wp-block-image size-full wp-lightbox-container\"><img decoding=\"async\" width=\"1800\" height=\"1350\" data-wp-class--hide=\"state.isContentHidden\" data-wp-class--show=\"state.isContentVisible\" data-wp-init=\"callbacks.setButtonStyles\" data-wp-on--click=\"actions.showLightbox\" data-wp-on--load=\"callbacks.setButtonStyles\" data-wp-on--pointerdown=\"actions.preloadImage\" data-wp-on--pointerenter=\"actions.preloadImageWithDelay\" data-wp-on--pointerleave=\"actions.cancelPreload\" data-wp-on-window--resize=\"callbacks.setButtonStyles\" src=\"https:\/\/loudavymkrokem.cz\/wp-content\/uploads\/2026\/08\/nemecko-clanky-co-videt-v-hamburku-14.jpg\" alt=\"Prefeitura de Hamburgo, o Rathaus\" class=\"wp-image-398978\" title=\"\" srcset=\"https:\/\/loudavymkrokem.cz\/wp-content\/uploads\/2026\/08\/nemecko-clanky-co-videt-v-hamburku-14.jpg 1800w, https:\/\/loudavymkrokem.cz\/wp-content\/uploads\/2026\/08\/nemecko-clanky-co-videt-v-hamburku-14-300x225.jpg 300w, https:\/\/loudavymkrokem.cz\/wp-content\/uploads\/2026\/08\/nemecko-clanky-co-videt-v-hamburku-14-700x525.jpg 700w, https:\/\/loudavymkrokem.cz\/wp-content\/uploads\/2026\/08\/nemecko-clanky-co-videt-v-hamburku-14-768x576.jpg 768w, https:\/\/loudavymkrokem.cz\/wp-content\/uploads\/2026\/08\/nemecko-clanky-co-videt-v-hamburku-14-1536x1152.jpg 1536w, https:\/\/loudavymkrokem.cz\/wp-content\/uploads\/2026\/08\/nemecko-clanky-co-videt-v-hamburku-14-80x60.jpg 80w, https:\/\/loudavymkrokem.cz\/wp-content\/uploads\/2026\/08\/nemecko-clanky-co-videt-v-hamburku-14-160x120.jpg 160w, https:\/\/loudavymkrokem.cz\/wp-content\/uploads\/2026\/08\/nemecko-clanky-co-videt-v-hamburku-14-696x522.jpg 696w, https:\/\/loudavymkrokem.cz\/wp-content\/uploads\/2026\/08\/nemecko-clanky-co-videt-v-hamburku-14-1392x1044.jpg 1392w\" sizes=\"(max-width: 1800px) 100vw, 1800px\" \/><button\n\t\t\tclass=\"lightbox-trigger\"\n\t\t\ttype=\"button\"\n\t\t\taria-haspopup=\"dialog\"\n\t\t\tdata-wp-bind--aria-label=\"state.thisImage.triggerButtonAriaLabel\"\n\t\t\tdata-wp-init=\"callbacks.initTriggerButton\"\n\t\t\tdata-wp-on--click=\"actions.showLightbox\"\n\t\t\tdata-wp-style--right=\"state.thisImage.buttonRight\"\n\t\t\tdata-wp-style--top=\"state.thisImage.buttonTop\"\n\t\t>\n\t\t\t<svg xmlns=\"http:\/\/www.w3.org\/2000\/svg\" width=\"12\" height=\"12\" fill=\"none\" viewBox=\"0 0 12 12\">\n\t\t\t\t<path fill=\"#fff\" d=\"M2 0a2 2 0 0 0-2 2v2h1.5V2a.5.5 0 0 1 .5-.5h2V0H2Zm2 10.5H2a.5.5 0 0 1-.5-.5V8H0v2a2 2 0 0 0 2 2h2v-1.5ZM8 12v-1.5h2a.5.5 0 0 0 .5-.5V8H12v2a2 2 0 0 1-2 2H8Zm2-12a2 2 0 0 1 2 2v2h-1.5V2a.5.5 0 0 0-.5-.5H8V0h2Z\" \/>\n\t\t\t<\/svg>\n\t\t<\/button><figcaption class=\"wp-element-caption\">Foto: Dietmar Rabich \/ Wikimedia Commons, CC BY-SA 4.0<\/figcaption><\/figure>\n\n\n\n<h3 class=\"wp-block-heading\"><span class=\"ez-toc-section\" id=\"10_A_prefeitura_Rathaus\"><\/span>10. A prefeitura Rathaus<span class=\"ez-toc-section-end\"><\/span><\/h3>\n\n\n\n<p class=\"wp-block-paragraph\">Na pra\u00e7a principal se ergue em altura o imponente pr\u00e9dio neorrenascentista da prefeitura, que na hora entra para a lista dos monumentos mais fotografados da sua viagem. <strong>O Rathaus tem incr\u00edveis 647 c\u00f4modos, o que, ali\u00e1s, \u00e9 mais do que o Pal\u00e1cio de Buckingham em Londres<\/strong>, e sua fachada de arenito ricamente ornamentada simplesmente tira o f\u00f4lego. O pr\u00e9dio se apoia em milhares de estacas de carvalho fincadas fundo no subsolo lamacento, para n\u00e3o afundar no solo mole, algo muito t\u00edpico da Hamburgo hist\u00f3rica.<\/p>\n\n\n\n<p class=\"wp-block-paragraph\">Se voc\u00ea gosta de hist\u00f3ria e de arquitetura suntuosa, <strong>recomendo participar de uma visita guiada aos deslumbrantes sal\u00f5es internos<\/strong>, cheios de lustres de ouro, complexos revestimentos de couro e quadros raros. Mas, mesmo sem comprar ingresso, voc\u00ea pode circular livremente pelo lindo p\u00e1tio interno com a fonte da deusa H\u00edgia, que, gra\u00e7as \u00e0 sua decora\u00e7\u00e3o, mais parece um jardim de pal\u00e1cio italiano.<\/p>\n\n\n\n<p class=\"wp-block-paragraph\">\ud83d\udca1 Dica: <strong>Bem em frente \u00e0 prefeitura convergem as principais ruas de compras e elegantes alamedas<\/strong>, ent\u00e3o \u00e9 um ponto de partida ideal para explorar o centro hist\u00f3rico a p\u00e9 e comprar pequenos souvenires.<\/p>\n\n\n\n<figure data-wp-context=\"{&quot;imageId&quot;:&quot;6a9570537638c&quot;}\" data-wp-interactive=\"core\/image\" data-wp-key=\"6a9570537638c\" class=\"wp-block-image size-full wp-lightbox-container\"><img decoding=\"async\" width=\"1800\" height=\"1012\" data-wp-class--hide=\"state.isContentHidden\" data-wp-class--show=\"state.isContentVisible\" data-wp-init=\"callbacks.setButtonStyles\" data-wp-on--click=\"actions.showLightbox\" data-wp-on--load=\"callbacks.setButtonStyles\" data-wp-on--pointerdown=\"actions.preloadImage\" data-wp-on--pointerenter=\"actions.preloadImageWithDelay\" data-wp-on--pointerleave=\"actions.cancelPreload\" data-wp-on-window--resize=\"callbacks.setButtonStyles\" src=\"https:\/\/loudavymkrokem.cz\/wp-content\/uploads\/2026\/08\/nemecko-clanky-co-videt-v-hamburku-15.jpg\" alt=\"Barquinhos no lago Alster\" class=\"wp-image-398983\" title=\"\" srcset=\"https:\/\/loudavymkrokem.cz\/wp-content\/uploads\/2026\/08\/nemecko-clanky-co-videt-v-hamburku-15.jpg 1800w, https:\/\/loudavymkrokem.cz\/wp-content\/uploads\/2026\/08\/nemecko-clanky-co-videt-v-hamburku-15-300x169.jpg 300w, https:\/\/loudavymkrokem.cz\/wp-content\/uploads\/2026\/08\/nemecko-clanky-co-videt-v-hamburku-15-700x394.jpg 700w, https:\/\/loudavymkrokem.cz\/wp-content\/uploads\/2026\/08\/nemecko-clanky-co-videt-v-hamburku-15-768x432.jpg 768w, https:\/\/loudavymkrokem.cz\/wp-content\/uploads\/2026\/08\/nemecko-clanky-co-videt-v-hamburku-15-1536x864.jpg 1536w, https:\/\/loudavymkrokem.cz\/wp-content\/uploads\/2026\/08\/nemecko-clanky-co-videt-v-hamburku-15-696x391.jpg 696w, https:\/\/loudavymkrokem.cz\/wp-content\/uploads\/2026\/08\/nemecko-clanky-co-videt-v-hamburku-15-1392x783.jpg 1392w\" sizes=\"(max-width: 1800px) 100vw, 1800px\" \/><button\n\t\t\tclass=\"lightbox-trigger\"\n\t\t\ttype=\"button\"\n\t\t\taria-haspopup=\"dialog\"\n\t\t\tdata-wp-bind--aria-label=\"state.thisImage.triggerButtonAriaLabel\"\n\t\t\tdata-wp-init=\"callbacks.initTriggerButton\"\n\t\t\tdata-wp-on--click=\"actions.showLightbox\"\n\t\t\tdata-wp-style--right=\"state.thisImage.buttonRight\"\n\t\t\tdata-wp-style--top=\"state.thisImage.buttonTop\"\n\t\t>\n\t\t\t<svg xmlns=\"http:\/\/www.w3.org\/2000\/svg\" width=\"12\" height=\"12\" fill=\"none\" viewBox=\"0 0 12 12\">\n\t\t\t\t<path fill=\"#fff\" d=\"M2 0a2 2 0 0 0-2 2v2h1.5V2a.5.5 0 0 1 .5-.5h2V0H2Zm2 10.5H2a.5.5 0 0 1-.5-.5V8H0v2a2 2 0 0 0 2 2h2v-1.5ZM8 12v-1.5h2a.5.5 0 0 0 .5-.5V8H12v2a2 2 0 0 1-2 2H8Zm2-12a2 2 0 0 1 2 2v2h-1.5V2a.5.5 0 0 0-.5-.5H8V0h2Z\" \/>\n\t\t\t<\/svg>\n\t\t<\/button><figcaption class=\"wp-element-caption\">Foto: Wolfgang Weiser \/ Pexels<\/figcaption><\/figure>\n\n\n\n<!-- LKM_GYG_CARD start q=\"hamburku\" lang=\"pt-br\" rendered=\"2026-08-31T09:43:01+00:00\" v=\"1\" -->\n\n<!-- LKM_GYG_CARD end -->\n\n\n\n\n<div class=\"lk-stays-module\">\n<style>\n\/* \u2500\u2500\u2500 RESET PRO GUTENBERG \u2500\u2500\u2500 *\/\n.lk-stays-module * { box-sizing: border-box; margin: 0; padding: 0; }\n\n\/* \u2500\u2500\u2500 WRAPPER \u2500\u2500\u2500 *\/\n.lk-stays-module {\n  font-family: 'DM Sans', Georgia, sans-serif;\n  max-width: 100%;\n  margin: 2.5rem auto;\n  background: linear-gradient(135deg, #fdfaf5 0%, #fcf8f0 100%);\n  border: 1px solid #e8dfd4;\n  border-radius: 16px;\n  overflow: hidden;\n  box-shadow: 0 16px 48px rgba(195, 159, 118, 0.25), 0 4px 12px rgba(0,0,0,0.08);\n}\n\n\/* \u2500\u2500\u2500 HEADER \u2500\u2500\u2500 *\/\n.lk-stays-header {\n  position: relative;\n  padding: 24px 36px 24px;\n  background: linear-gradient(135deg, #c39f76 0%, #d4b188 60%, #c39f76 100%);\n  border-bottom: 1px solid rgba(255,255,255,.15);\n  display: flex;\n  align-items: center;\n  gap: 18px;\n}\n.lk-stays-header::before {\n  content: '';\n  position: absolute;\n  inset: 0;\n  background: url(\"data:image\/svg+xml,%3Csvg width='60' height='60' viewBox='0 0 60 60' xmlns='http:\/\/www.w3.org\/2000\/svg'%3E%3Cg fill='none' fill-rule='evenodd'%3E%3Cg fill='%23ffffff' fill-opacity='0.05'%3E%3Cpath d='M36 34v-4h-2v4h-4v2h4v4h2v-4h4v-2h-4zm0-30V0h-2v4h-4v2h4v4h2V6h4V4h-4zM6 34v-4H4v4H0v2h4v4h2v-4h4v-2H6zM6 4V0H4v4H0v2h4v4h2V6h4V4H6z'\/%3E%3C\/g%3E%3C\/g%3E%3C\/svg%3E\") repeat;\n  pointer-events: none;\n}\n.lk-stays-icon {\n  flex-shrink: 0;\n  width: 68px;\n  height: 68px;\n  border-radius: 14px;\n  background: linear-gradient(135deg, #fff 0%, #f9f6f0 100%);\n  display: flex;\n  align-items: center;\n  justify-content: center;\n  font-size: 26px;\n  box-shadow: 0 4px 12px rgba(0,0,0,0.15);\n}\n.lk-stays-eyebrow {\n  font-size: 10px;\n  font-weight: 500;\n  letter-spacing: 2.5px;\n  text-transform: uppercase;\n  color: rgba(255,255,255,.85);\n  margin: 0 0 5px 0;\n}\n.lk-stays-title {\n  font-family: 'Playfair Display', Georgia, serif;\n  font-size: 24px;\n  font-weight: 700;\n  color: #fff;\n  line-height: 1.2;\n  text-shadow: 0 1px 2px rgba(0,0,0,0.1);\n  margin: 0;\n}\n.lk-stays-subtitle {\n  font-size: 13px;\n  color: rgba(255,255,255,.75);\n  margin: 4px 0 0 0;\n  font-weight: 300;\n}\n\n\/* \u2500\u2500\u2500 CARDS GRID \u2500\u2500\u2500 *\/\n.lk-stays-grid {\n  display: grid;\n  grid-template-columns: 1fr 1fr;\n  gap: 1px;\n  background: rgba(195, 159, 118, 0.12);\n}\n\n\/* \u2500\u2500\u2500 SINGLE CARD \u2500\u2500\u2500 *\/\n.lk-stay-card {\n  background: #ffffff;\n  padding: 26px;\n  display: flex;\n  flex-direction: column;\n  gap: 11px;\n  transition: all 0.3s ease;\n  text-decoration: none;\n  color: inherit;\n  position: relative;\n}\n.lk-stay-card:hover {\n  background: #fffbf5;\n  transform: translateY(-2px);\n  box-shadow: 0 8px 24px rgba(195, 159, 118, 0.18);\n  z-index: 1;\n}\n.lk-stay-card.featured {\n  background: linear-gradient(135deg, #fffdf9 0%, #fff9f0 100%);\n  box-shadow: 0 4px 16px rgba(195, 159, 118, 0.15), inset 0 1px 0 rgba(195, 159, 118, 0.1);\n}\n.lk-stay-card.featured:hover {\n  background: linear-gradient(135deg, #fffbf5 0%, #fff8ed 100%);\n  box-shadow: 0 8px 24px rgba(195, 159, 118, 0.25), inset 0 1px 0 rgba(195, 159, 118, 0.15);\n}\n\n.lk-stay-badge {\n  display: inline-flex;\n  align-items: center;\n  gap: 5px;\n  font-size: 10px;\n  font-weight: 500;\n  letter-spacing: 1.5px;\n  text-transform: uppercase;\n  padding: 5px 11px;\n  border-radius: 20px;\n  width: fit-content;\n}\n.badge-top     { background: linear-gradient(135deg, #c39f76 0%, #d4b188 100%); color: #fff; border: 1px solid #c39f76; font-weight: 600; box-shadow: 0 2px 8px rgba(195,159,118,0.3); }\n.badge-luxury  { background: rgba(195,159,118,.12); color: #c39f76; border: 1px solid rgba(195,159,118,.25); }\n.badge-boutique{ background: rgba(54,133,252,.08); color: #3685fc; border: 1px solid rgba(54,133,252,.2); }\n.badge-nature  { background: rgba(130,190,100,.1); color: #6b9c4a; border: 1px solid rgba(130,190,100,.2); }\n.badge-remote  { background: rgba(195,159,118,.12); color: #a67e50; border: 1px solid rgba(195,159,118,.25); }\n\n.lk-stay-name {\n  font-family: 'Playfair Display', Georgia, serif;\n  font-size: 18px;\n  font-weight: 700;\n  color: #111827;\n  line-height: 1.3;\n}\n.lk-stay-desc {\n  font-size: 13.5px;\n  color: #525252;\n  line-height: 1.65;\n  font-weight: 300;\n  flex: 1;\n}\n\n.lk-stay-meta {\n  display: flex;\n  align-items: center;\n  gap: 12px;\n  flex-wrap: wrap;\n  margin-top: 4px;\n}\n.lk-stay-price {\n  font-size: 13px;\n  color: #6b7280;\n}\n.lk-stay-price strong {\n  color: #c39f76;\n  font-weight: 500;\n}\n.lk-stay-stars {\n  color: #c39f76;\n  font-size: 11px;\n  letter-spacing: 1px;\n}\n\n\/* \u2500\u2500\u2500 CTA BUTTON \u2500\u2500\u2500 *\/\n.lk-stay-cta {\n  display: inline-flex;\n  align-items: center;\n  justify-content: center;\n  gap: 7px;\n  margin-top: 8px;\n  padding: 11px 20px;\n  border-radius: 8px;\n  background: linear-gradient(135deg, #3685fc 0%, #2a6fd9 100%);\n  color: #fff;\n  font-size: 13px;\n  font-weight: 500;\n  text-decoration: none;\n  letter-spacing: .3px;\n  transition: all .2s ease;\n  cursor: pointer;\n  border: none;\n  text-align: center;\n  box-shadow: 0 4px 12px rgba(54, 133, 252, 0.25);\n}\n.lk-stay-cta:hover {\n  background: linear-gradient(135deg, #2a6fd9 0%, #1e5bc4 100%);\n  transform: translateY(-1px);\n  box-shadow: 0 6px 16px rgba(54, 133, 252, 0.35);\n}\n.lk-stay-cta svg { flex-shrink: 0; }\n\n\/* \u2500\u2500\u2500 FOOTER \u2500\u2500\u2500 *\/\n.lk-stays-footer {\n  padding: 18px 36px;\n  background: linear-gradient(to bottom, #fdfaf5 0%, #f9f4ed 100%);\n  border-top: 1px solid rgba(195, 159, 118, 0.15);\n  display: flex;\n  align-items: center;\n  justify-content: space-between;\n  flex-wrap: wrap;\n  gap: 12px;\n}\n.lk-stays-footer-note {\n  font-size: 11.5px;\n  color: #6b7280;\n  font-weight: 300;\n  line-height: 1.5;\n}\n.lk-stays-footer-note a {\n  color: #c39f76;\n  text-decoration: none;\n  font-weight: 400;\n}\n.lk-stays-footer-note a:hover {\n  text-decoration: underline;\n}\n.lk-stays-all-btn {\n  display: inline-flex;\n  align-items: center;\n  gap: 6px;\n  font-size: 12.5px;\n  font-weight: 500;\n  color: #c39f76;\n  text-decoration: none;\n  border: 1px solid rgba(195, 159, 118, 0.35);\n  padding: 8px 18px;\n  border-radius: 8px;\n  transition: all .2s ease;\n}\n.lk-stays-all-btn:hover {\n  background: rgba(195, 159, 118, 0.08);\n  border-color: rgba(195, 159, 118, 0.5);\n}\n\n\/* \u2500\u2500\u2500 RESPONSIVE \u2500\u2500\u2500 *\/\n@media (max-width: 600px) {\n  .lk-stays-grid { grid-template-columns: 1fr; }\n  .lk-stays-header { padding: 24px 20px; }\n  .lk-stays-footer { padding: 16px 20px; }\n  .lk-stay-card { padding: 22px; }\n  .lk-stays-title { font-size: 20px; }\n}\n<\/style>\n\n  <!-- HEADER -->\n  <div class=\"lk-stays-header\">\n    <img decoding=\"async\" src=\"https:\/\/loudavymkrokem.cz\/wp-content\/uploads\/2026\/02\/lukas-a-lucka.jpg\" alt=\"\" style=\"width: 75px; height: 75px; border-radius: 8px; flex-shrink: 0; object-fit: cover; display: block; margin: 4px 0;\" title=\"\">\n    <div class=\"lk-stays-header-text\">\n      <div class=\"lk-stays-eyebrow\">Luk\u00e1\u0161 e Lucie recomendam<\/div>\n      <div class=\"lk-stays-title\">Onde se hospedar em Hamburgo<\/div>\n      <div class=\"lk-stays-subtitle\">3 acomoda\u00e7\u00f5es \u2014 hot\u00e9is e outras op\u00e7\u00f5es de hospedagem<\/div>\n    <\/div>\n  <\/div>\n\n  <!-- CARDS -->\n  <div class=\"lk-stays-grid\">\n\n    <a class=\"lk-stay-card featured\" href=\"https:\/\/www.stay22.com\/allez\/roam?aid=lukaskonecny&#038;campaign=loudavymkrokemcz&#038;campaign=pt-br&#038;campaign=covidetvhamburku&#038;address=Hamburk&#038;hotelname=25hours+Hotel+HafenCity&#038;search=25hours+Hotel+HafenCity&#038;category=accommodation\" target=\"_blank\" rel=\"nofollow noopener\">\n      <span class=\"lk-stay-badge badge-top\">\u2b50 MELHOR ESCOLHA<\/span>\n      <span class=\"lk-stay-badge badge-nature\">\ud83c\udfe8 Hotel<\/span>\n      <div class=\"lk-stay-name\">25hours Hotel HafenCity<\/div>\n      <div class=\"lk-stay-desc\">Hotel estiloso com design n\u00e1utico divertido no bairro mais moderno com vista para as docas.<\/div>\n      <div class=\"lk-stay-meta\">\n        <span class=\"lk-stay-stars\">\u2605\u2605\u2605\u2605<\/span>\n        <span class=\"lk-stay-price\"><\/span>\n      <\/div>\n      <span class=\"lk-stay-cta\">\n        <svg width=\"14\" height=\"14\" viewBox=\"0 0 24 24\" fill=\"none\" stroke=\"currentColor\" stroke-width=\"2\"><path d=\"M18 13v6a2 2 0 0 1-2 2H5a2 2 0 0 1-2-2V8a2 2 0 0 1 2-2h6\"\/><polyline points=\"15 3 21 3 21 9\"\/><line x1=\"10\" y1=\"14\" x2=\"21\" y2=\"3\"\/><\/svg>\n        Verificar disponibilidade\n      <\/span>\n    <\/a>\n\n    <a class=\"lk-stay-card\" href=\"https:\/\/www.stay22.com\/allez\/roam?aid=lukaskonecny&#038;campaign=loudavymkrokemcz&#038;campaign=pt-br&#038;campaign=co-videt-v-hamburku&#038;hotelname=Hotel%20Volksschule&#038;address=Hamburk%2C%20N%C4%9Bmecko\" target=\"_blank\" rel=\"nofollow noopener\">\n      <span class=\"lk-stay-badge badge-nature\">\ud83c\udfe8 Hotel<\/span>\n      <div class=\"lk-stay-name\">Hotel Volksschule<\/div>\n      <div class=\"lk-stay-desc\">Hotel popular em um pr\u00e9dio escolar reformado em St. Georg, perto da esta\u00e7\u00e3o de trem, destaca-se pelos caf\u00e9s da manh\u00e3 fant\u00e1sticos.<\/div>\n      <div class=\"lk-stay-meta\">\n        <span class=\"lk-stay-stars\">\u2605\u2605\u2605\u2605<\/span>\n        <span class=\"lk-stay-price\"><\/span>\n      <\/div>\n      <span class=\"lk-stay-cta\">\n        <svg width=\"14\" height=\"14\" viewBox=\"0 0 24 24\" fill=\"none\" stroke=\"currentColor\" stroke-width=\"2\"><path d=\"M18 13v6a2 2 0 0 1-2 2H5a2 2 0 0 1-2-2V8a2 2 0 0 1 2-2h6\"\/><polyline points=\"15 3 21 3 21 9\"\/><line x1=\"10\" y1=\"14\" x2=\"21\" y2=\"3\"\/><\/svg>\n        Verificar disponibilidade\n      <\/span>\n    <\/a>\n\n    <a class=\"lk-stay-card\" href=\"https:\/\/www.stay22.com\/allez\/roam?aid=lukaskonecny&#038;campaign=loudavymkrokemcz&#038;campaign=pt-br&#038;campaign=covidetvhamburku&#038;address=hamburk\" target=\"_blank\" rel=\"nofollow noopener\">\n      <span class=\"lk-stay-badge badge-nature\">\ud83d\udd0d Buscar<\/span>\n      <div class=\"lk-stay-name\">Ver todas as acomoda\u00e7\u00f5es em Hamburgo<\/div>\n      <div class=\"lk-stay-desc\">Explore todas as op\u00e7\u00f5es de hospedagem dispon\u00edveis em Hamburgo e encontre a melhor de acordo com suas prefer\u00eancias e or\u00e7amento.<\/div>\n      <div class=\"lk-stay-meta\">\n        <span class=\"lk-stay-stars\">\u2605\u2605\u2605\u2605<\/span>\n        <span class=\"lk-stay-price\">Comparar pre\u00e7os<\/span>\n      <\/div>\n      <span class=\"lk-stay-cta\">\n        <svg width=\"14\" height=\"14\" viewBox=\"0 0 24 24\" fill=\"none\" stroke=\"currentColor\" stroke-width=\"2\"><path d=\"M18 13v6a2 2 0 0 1-2 2H5a2 2 0 0 1-2-2V8a2 2 0 0 1 2-2h6\"\/><polyline points=\"15 3 21 3 21 9\"\/><line x1=\"10\" y1=\"14\" x2=\"21\" y2=\"3\"\/><\/svg>\n        Verificar disponibilidade\n      <\/span>\n    <\/a>\n\n  <\/div>\n\n  \n<\/div>\n\n\n\n\n<h3 class=\"wp-block-heading\"><span class=\"ez-toc-section\" id=\"11_Os_lagos_Alster\"><\/span>11. Os lagos Alster<span class=\"ez-toc-section-end\"><\/span><\/h3>\n\n\n\n<p class=\"wp-block-paragraph\">Bem no centro da cidade, a poucos passos da hist\u00f3rica prefeitura, se estendem dois grandes lagos artificiais, o Binnenalster e o Aussenalster, que formam o cora\u00e7\u00e3o azul da metr\u00f3pole. <strong>Os lagos s\u00e3o cercados por largas alamedas, parques verdes bem cuidados e elegantes mans\u00f5es<\/strong>, o que faz deles a zona de lazer preferida de todos os moradores locais. Ao redor da \u00e1gua voc\u00ea sempre encontra corredores, ciclistas e gente que veio at\u00e9 aqui depois do trabalho descansar num banco com um bom livro.<\/p>\n\n\n\n<p class=\"wp-block-paragraph\">Nos meses mais quentes, <strong>a melhor atividade \u00e9 alugar um pedalinho, uma canoa ou uma prancha de stand-up<\/strong>, com os quais voc\u00ea pode percorrer por conta pr\u00f3pria os amplos lagos e os canais silenciosos ao redor. A partir da \u00e1gua voc\u00ea tem uma perspectiva totalmente diferente dos bairros residenciais de luxo e dos jardins privados, que da terra firme muitas vezes nem se veem por causa das \u00e1rvores.<\/p>\n\n\n\n<p class=\"wp-block-paragraph\">\ud83d\udca1 Dica: <strong>No meio do lago interno jorra a alta fonte Alsterfont\u00e4ne<\/strong>, que \u00e9 um dos principais pontos de refer\u00eancia da cidade. Sente nos degraus da famosa orla Jungfernstieg, compre um caf\u00e9 e curta a atmosfera tranquila com vista para a \u00e1gua.<\/p>\n\n\n\n<figure data-wp-context=\"{&quot;imageId&quot;:&quot;6a95705376c10&quot;}\" data-wp-interactive=\"core\/image\" data-wp-key=\"6a95705376c10\" class=\"wp-block-image size-full wp-lightbox-container\"><img decoding=\"async\" width=\"1800\" height=\"1200\" data-wp-class--hide=\"state.isContentHidden\" data-wp-class--show=\"state.isContentVisible\" data-wp-init=\"callbacks.setButtonStyles\" data-wp-on--click=\"actions.showLightbox\" data-wp-on--load=\"callbacks.setButtonStyles\" data-wp-on--pointerdown=\"actions.preloadImage\" data-wp-on--pointerenter=\"actions.preloadImageWithDelay\" data-wp-on--pointerleave=\"actions.cancelPreload\" data-wp-on-window--resize=\"callbacks.setButtonStyles\" src=\"https:\/\/loudavymkrokem.cz\/wp-content\/uploads\/2026\/08\/nemecko-clanky-co-videt-v-hamburku-16.jpg\" alt=\"Memorial de S\u00e3o Nicolau\" class=\"wp-image-398989\" title=\"\" srcset=\"https:\/\/loudavymkrokem.cz\/wp-content\/uploads\/2026\/08\/nemecko-clanky-co-videt-v-hamburku-16.jpg 1800w, https:\/\/loudavymkrokem.cz\/wp-content\/uploads\/2026\/08\/nemecko-clanky-co-videt-v-hamburku-16-300x200.jpg 300w, https:\/\/loudavymkrokem.cz\/wp-content\/uploads\/2026\/08\/nemecko-clanky-co-videt-v-hamburku-16-700x467.jpg 700w, https:\/\/loudavymkrokem.cz\/wp-content\/uploads\/2026\/08\/nemecko-clanky-co-videt-v-hamburku-16-768x512.jpg 768w, https:\/\/loudavymkrokem.cz\/wp-content\/uploads\/2026\/08\/nemecko-clanky-co-videt-v-hamburku-16-1536x1024.jpg 1536w, https:\/\/loudavymkrokem.cz\/wp-content\/uploads\/2026\/08\/nemecko-clanky-co-videt-v-hamburku-16-696x464.jpg 696w, https:\/\/loudavymkrokem.cz\/wp-content\/uploads\/2026\/08\/nemecko-clanky-co-videt-v-hamburku-16-1392x928.jpg 1392w\" sizes=\"(max-width: 1800px) 100vw, 1800px\" \/><button\n\t\t\tclass=\"lightbox-trigger\"\n\t\t\ttype=\"button\"\n\t\t\taria-haspopup=\"dialog\"\n\t\t\tdata-wp-bind--aria-label=\"state.thisImage.triggerButtonAriaLabel\"\n\t\t\tdata-wp-init=\"callbacks.initTriggerButton\"\n\t\t\tdata-wp-on--click=\"actions.showLightbox\"\n\t\t\tdata-wp-style--right=\"state.thisImage.buttonRight\"\n\t\t\tdata-wp-style--top=\"state.thisImage.buttonTop\"\n\t\t>\n\t\t\t<svg xmlns=\"http:\/\/www.w3.org\/2000\/svg\" width=\"12\" height=\"12\" fill=\"none\" viewBox=\"0 0 12 12\">\n\t\t\t\t<path fill=\"#fff\" d=\"M2 0a2 2 0 0 0-2 2v2h1.5V2a.5.5 0 0 1 .5-.5h2V0H2Zm2 10.5H2a.5.5 0 0 1-.5-.5V8H0v2a2 2 0 0 0 2 2h2v-1.5ZM8 12v-1.5h2a.5.5 0 0 0 .5-.5V8H12v2a2 2 0 0 1-2 2H8Zm2-12a2 2 0 0 1 2 2v2h-1.5V2a.5.5 0 0 0-.5-.5H8V0h2Z\" \/>\n\t\t\t<\/svg>\n\t\t<\/button><figcaption class=\"wp-element-caption\">Foto: Santiago Morales \/ Pexels<\/figcaption><\/figure>\n\n\n\n<h3 class=\"wp-block-heading\"><span class=\"ez-toc-section\" id=\"12_Memorial_de_Sao_Nicolau_St_Nikolai_Mahnmal\"><\/span>12. Memorial de S\u00e3o Nicolau (St. Nikolai Mahnmal)<span class=\"ez-toc-section-end\"><\/span><\/h3>\n\n\n\n<p class=\"wp-block-paragraph\">J\u00e1 de longe voc\u00ea v\u00ea a alta torre preta, que parece uma apari\u00e7\u00e3o em meio \u00e0 moderna arquitetura de vidro. <strong>A igreja de S\u00e3o Nicolau foi quase arrasada durante a Segunda Guerra Mundial, no massivo bombardeio dos Aliados<\/strong>, e suas ru\u00ednas queimadas foram deixadas de prop\u00f3sito nesse estado como um memorial antiguerra extremamente impactante. O lugar tem uma atmosfera muito forte e sombria, que vai te levar \u00e0 reflex\u00e3o sobre a conturbada hist\u00f3ria da cidade.<\/p>\n\n\n\n<p class=\"wp-block-paragraph\">Nos amplos espa\u00e7os subterr\u00e2neos sob a igreja h\u00e1 uma <strong>exposi\u00e7\u00e3o muito interessante que documenta a destrui\u00e7\u00e3o da cidade, enquanto um elevador de vidro te leva ao topo da torre de 76 metros<\/strong>. Dali voc\u00ea tem uma vista panor\u00e2mica fant\u00e1stica de todo o centro hist\u00f3rico, do porto moderno e da prefeitura ali perto.<\/p>\n\n\n\n<p class=\"wp-block-paragraph\">\ud83d\udca1 Dica: <strong>Se voc\u00ea tem or\u00e7amento limitado e est\u00e1 pensando em qual mirante da cidade pagar<\/strong>, a torre de S\u00e3o Nicolau \u00e9 uma escolha excelente gra\u00e7as \u00e0 posi\u00e7\u00e3o central e \u00e0 profunda carga hist\u00f3rica.<\/p>\n\n\n\n<figure data-wp-context=\"{&quot;imageId&quot;:&quot;6a95705377320&quot;}\" data-wp-interactive=\"core\/image\" data-wp-key=\"6a95705377320\" class=\"wp-block-image size-full wp-lightbox-container\"><img decoding=\"async\" width=\"1800\" height=\"1183\" data-wp-class--hide=\"state.isContentHidden\" data-wp-class--show=\"state.isContentVisible\" data-wp-init=\"callbacks.setButtonStyles\" data-wp-on--click=\"actions.showLightbox\" data-wp-on--load=\"callbacks.setButtonStyles\" data-wp-on--pointerdown=\"actions.preloadImage\" data-wp-on--pointerenter=\"actions.preloadImageWithDelay\" data-wp-on--pointerleave=\"actions.cancelPreload\" data-wp-on-window--resize=\"callbacks.setButtonStyles\" src=\"https:\/\/loudavymkrokem.cz\/wp-content\/uploads\/2026\/08\/nemecko-clanky-co-videt-v-hamburku-17.jpg\" alt=\"Antigo t\u00fanel do Elba\" class=\"wp-image-398993\" title=\"\" srcset=\"https:\/\/loudavymkrokem.cz\/wp-content\/uploads\/2026\/08\/nemecko-clanky-co-videt-v-hamburku-17.jpg 1800w, https:\/\/loudavymkrokem.cz\/wp-content\/uploads\/2026\/08\/nemecko-clanky-co-videt-v-hamburku-17-300x197.jpg 300w, https:\/\/loudavymkrokem.cz\/wp-content\/uploads\/2026\/08\/nemecko-clanky-co-videt-v-hamburku-17-700x460.jpg 700w, https:\/\/loudavymkrokem.cz\/wp-content\/uploads\/2026\/08\/nemecko-clanky-co-videt-v-hamburku-17-768x505.jpg 768w, https:\/\/loudavymkrokem.cz\/wp-content\/uploads\/2026\/08\/nemecko-clanky-co-videt-v-hamburku-17-1536x1009.jpg 1536w, https:\/\/loudavymkrokem.cz\/wp-content\/uploads\/2026\/08\/nemecko-clanky-co-videt-v-hamburku-17-696x457.jpg 696w, https:\/\/loudavymkrokem.cz\/wp-content\/uploads\/2026\/08\/nemecko-clanky-co-videt-v-hamburku-17-1392x915.jpg 1392w\" sizes=\"(max-width: 1800px) 100vw, 1800px\" \/><button\n\t\t\tclass=\"lightbox-trigger\"\n\t\t\ttype=\"button\"\n\t\t\taria-haspopup=\"dialog\"\n\t\t\tdata-wp-bind--aria-label=\"state.thisImage.triggerButtonAriaLabel\"\n\t\t\tdata-wp-init=\"callbacks.initTriggerButton\"\n\t\t\tdata-wp-on--click=\"actions.showLightbox\"\n\t\t\tdata-wp-style--right=\"state.thisImage.buttonRight\"\n\t\t\tdata-wp-style--top=\"state.thisImage.buttonTop\"\n\t\t>\n\t\t\t<svg xmlns=\"http:\/\/www.w3.org\/2000\/svg\" width=\"12\" height=\"12\" fill=\"none\" viewBox=\"0 0 12 12\">\n\t\t\t\t<path fill=\"#fff\" d=\"M2 0a2 2 0 0 0-2 2v2h1.5V2a.5.5 0 0 1 .5-.5h2V0H2Zm2 10.5H2a.5.5 0 0 1-.5-.5V8H0v2a2 2 0 0 0 2 2h2v-1.5ZM8 12v-1.5h2a.5.5 0 0 0 .5-.5V8H12v2a2 2 0 0 1-2 2H8Zm2-12a2 2 0 0 1 2 2v2h-1.5V2a.5.5 0 0 0-.5-.5H8V0h2Z\" \/>\n\t\t\t<\/svg>\n\t\t<\/button><figcaption class=\"wp-element-caption\">Foto: Thomas Wolf, www.foto-tw.de \/ Wikimedia Commons, CC BY-SA 3.0<\/figcaption><\/figure>\n\n\n\n<h3 class=\"wp-block-heading\"><span class=\"ez-toc-section\" id=\"13_Antigo_tunel_do_Elba_Alter_Elbtunnel\"><\/span>13. Antigo t\u00fanel do Elba (Alter Elbtunnel)<span class=\"ez-toc-section-end\"><\/span><\/h3>\n\n\n\n<p class=\"wp-block-paragraph\">Essa curiosidade t\u00e9cnica hist\u00f3rica de 1911 te permite atravessar a p\u00e9 ou de bicicleta bem por baixo do leito do enorme rio Elba. <strong>Voc\u00ea desce ao t\u00fanel por gigantescos elevadores hist\u00f3ricos com revestimento de madeira, que antes transportavam carro\u00e7as puxadas a cavalo<\/strong>, e at\u00e9 hoje s\u00e3o operados por funcion\u00e1rios com uniformes de \u00e9poca. O t\u00fanel em si \u00e9 lindamente revestido de azulejos brilhantes com relevos de animais marinhos e, gra\u00e7as \u00e0 sua ilumina\u00e7\u00e3o, fica incrivelmente fotog\u00eanico.<\/p>\n\n\n\n<p class=\"wp-block-paragraph\">A caminhada pelo tubo subterr\u00e2neo at\u00e9 o outro lado do rio <strong>tem cerca de 400 metros e, para os pedestres, \u00e9 totalmente de gra\u00e7a o dia todo<\/strong>. Assim que voc\u00ea sobe por um dos elevadores no outro lado, no bairro de Steinwerder, tem uma das vistas mais bonitas e abertas de todo o panorama da cidade.<\/p>\n\n\n\n<p class=\"wp-block-paragraph\">\ud83d\udca1 Dica: <strong>As melhores fotos do panorama com o pr\u00e9dio da Elbphilharmonie e as torres das igrejas voc\u00ea faz justamente do mirante na margem sul<\/strong>, bem na sa\u00edda do t\u00fanel. Sobretudo no p\u00f4r do sol ou logo depois, \u00e9 uma beleza absoluta.<\/p>\n\n\n\n<figure data-wp-context=\"{&quot;imageId&quot;:&quot;6a95705377ccb&quot;}\" data-wp-interactive=\"core\/image\" data-wp-key=\"6a95705377ccb\" class=\"wp-block-image size-full wp-lightbox-container\"><img decoding=\"async\" width=\"1800\" height=\"1215\" data-wp-class--hide=\"state.isContentHidden\" data-wp-class--show=\"state.isContentVisible\" data-wp-init=\"callbacks.setButtonStyles\" data-wp-on--click=\"actions.showLightbox\" data-wp-on--load=\"callbacks.setButtonStyles\" data-wp-on--pointerdown=\"actions.preloadImage\" data-wp-on--pointerenter=\"actions.preloadImageWithDelay\" data-wp-on--pointerleave=\"actions.cancelPreload\" data-wp-on-window--resize=\"callbacks.setButtonStyles\" src=\"https:\/\/loudavymkrokem.cz\/wp-content\/uploads\/2026\/08\/nemecko-clanky-co-videt-v-hamburku-18.jpg\" alt=\"Chilehaus no bairro Kontorhausviertel\" class=\"wp-image-399000\" title=\"\" srcset=\"https:\/\/loudavymkrokem.cz\/wp-content\/uploads\/2026\/08\/nemecko-clanky-co-videt-v-hamburku-18.jpg 1800w, https:\/\/loudavymkrokem.cz\/wp-content\/uploads\/2026\/08\/nemecko-clanky-co-videt-v-hamburku-18-300x203.jpg 300w, https:\/\/loudavymkrokem.cz\/wp-content\/uploads\/2026\/08\/nemecko-clanky-co-videt-v-hamburku-18-700x473.jpg 700w, https:\/\/loudavymkrokem.cz\/wp-content\/uploads\/2026\/08\/nemecko-clanky-co-videt-v-hamburku-18-768x518.jpg 768w, https:\/\/loudavymkrokem.cz\/wp-content\/uploads\/2026\/08\/nemecko-clanky-co-videt-v-hamburku-18-1536x1037.jpg 1536w, https:\/\/loudavymkrokem.cz\/wp-content\/uploads\/2026\/08\/nemecko-clanky-co-videt-v-hamburku-18-696x470.jpg 696w, https:\/\/loudavymkrokem.cz\/wp-content\/uploads\/2026\/08\/nemecko-clanky-co-videt-v-hamburku-18-1392x940.jpg 1392w\" sizes=\"(max-width: 1800px) 100vw, 1800px\" \/><button\n\t\t\tclass=\"lightbox-trigger\"\n\t\t\ttype=\"button\"\n\t\t\taria-haspopup=\"dialog\"\n\t\t\tdata-wp-bind--aria-label=\"state.thisImage.triggerButtonAriaLabel\"\n\t\t\tdata-wp-init=\"callbacks.initTriggerButton\"\n\t\t\tdata-wp-on--click=\"actions.showLightbox\"\n\t\t\tdata-wp-style--right=\"state.thisImage.buttonRight\"\n\t\t\tdata-wp-style--top=\"state.thisImage.buttonTop\"\n\t\t>\n\t\t\t<svg xmlns=\"http:\/\/www.w3.org\/2000\/svg\" width=\"12\" height=\"12\" fill=\"none\" viewBox=\"0 0 12 12\">\n\t\t\t\t<path fill=\"#fff\" d=\"M2 0a2 2 0 0 0-2 2v2h1.5V2a.5.5 0 0 1 .5-.5h2V0H2Zm2 10.5H2a.5.5 0 0 1-.5-.5V8H0v2a2 2 0 0 0 2 2h2v-1.5ZM8 12v-1.5h2a.5.5 0 0 0 .5-.5V8H12v2a2 2 0 0 1-2 2H8Zm2-12a2 2 0 0 1 2 2v2h-1.5V2a.5.5 0 0 0-.5-.5H8V0h2Z\" \/>\n\t\t\t<\/svg>\n\t\t<\/button><figcaption class=\"wp-element-caption\">Foto: Dietmar Rabich \/ Wikimedia Commons, CC BY-SA 4.0<\/figcaption><\/figure>\n\n\n\n<h3 class=\"wp-block-heading\"><span class=\"ez-toc-section\" id=\"14_Bairro_Kontorhausviertel_e_o_Chilehaus\"><\/span>14. Bairro Kontorhausviertel e o Chilehaus<span class=\"ez-toc-section-end\"><\/span><\/h3>\n\n\n\n<p class=\"wp-block-paragraph\">Os amantes da arquitetura expressionista \u00fanica dos anos 1920 v\u00e3o adorar esse hist\u00f3rico bairro de escrit\u00f3rios. <strong>O pr\u00e9dio mais famoso \u00e9 o ic\u00f4nico Chilehaus, cuja esquina incrivelmente afiada lembra um enorme transatl\u00e2ntico<\/strong>, e que, junto com o Speicherstadt, entra com todo o direito na prestigiosa lista da UNESCO. A regi\u00e3o toda \u00e9 constru\u00edda em tijolos escuros cozidos e se destaca pelo incr\u00edvel cuidado com os detalhes geom\u00e9tricos e os elaborados ornamentos de fachada.<\/p>\n\n\n\n<p class=\"wp-block-paragraph\">Os pr\u00e9dios serviam originalmente como <strong>sedes de grandes companhias comerciais, os chamados kontors, que daqui administravam o com\u00e9rcio ultramarino<\/strong>. Hoje abrigam escrit\u00f3rios modernos, mas voc\u00ea pode entrar tranquilamente e de gra\u00e7a, no hor\u00e1rio comercial, em muitos dos bel\u00edssimos halls de entrada, foyers e escadarias majestosas.<\/p>\n\n\n\n<p class=\"wp-block-paragraph\">\ud83d\udca1 Dica: <strong>Posicione-se exatamente na esquina das ruas Burchardstra\u00dfe e Pumpen<\/strong>, de onde a ponta do pr\u00e9dio Chilehaus aparece no \u00e2ngulo mais dram\u00e1tico e afiado. A foto desse ponto \u00e9 uma das imagens arquitet\u00f4nicas mais ic\u00f4nicas da cidade.<\/p>\n\n\n\n<figure data-wp-context=\"{&quot;imageId&quot;:&quot;6a957053783f9&quot;}\" data-wp-interactive=\"core\/image\" data-wp-key=\"6a957053783f9\" class=\"wp-block-image size-full wp-lightbox-container\"><img decoding=\"async\" width=\"1800\" height=\"1200\" data-wp-class--hide=\"state.isContentHidden\" data-wp-class--show=\"state.isContentVisible\" data-wp-init=\"callbacks.setButtonStyles\" data-wp-on--click=\"actions.showLightbox\" data-wp-on--load=\"callbacks.setButtonStyles\" data-wp-on--pointerdown=\"actions.preloadImage\" data-wp-on--pointerenter=\"actions.preloadImageWithDelay\" data-wp-on--pointerleave=\"actions.cancelPreload\" data-wp-on-window--resize=\"callbacks.setButtonStyles\" src=\"https:\/\/loudavymkrokem.cz\/wp-content\/uploads\/2026\/08\/nemecko-clanky-co-videt-v-hamburku-19.jpg\" alt=\"Pr\u00e9dio da galeria Hamburger Kunsthalle\" class=\"wp-image-399002\" title=\"\" srcset=\"https:\/\/loudavymkrokem.cz\/wp-content\/uploads\/2026\/08\/nemecko-clanky-co-videt-v-hamburku-19.jpg 1800w, https:\/\/loudavymkrokem.cz\/wp-content\/uploads\/2026\/08\/nemecko-clanky-co-videt-v-hamburku-19-300x200.jpg 300w, https:\/\/loudavymkrokem.cz\/wp-content\/uploads\/2026\/08\/nemecko-clanky-co-videt-v-hamburku-19-700x467.jpg 700w, https:\/\/loudavymkrokem.cz\/wp-content\/uploads\/2026\/08\/nemecko-clanky-co-videt-v-hamburku-19-768x512.jpg 768w, https:\/\/loudavymkrokem.cz\/wp-content\/uploads\/2026\/08\/nemecko-clanky-co-videt-v-hamburku-19-1536x1024.jpg 1536w, https:\/\/loudavymkrokem.cz\/wp-content\/uploads\/2026\/08\/nemecko-clanky-co-videt-v-hamburku-19-696x464.jpg 696w, https:\/\/loudavymkrokem.cz\/wp-content\/uploads\/2026\/08\/nemecko-clanky-co-videt-v-hamburku-19-1392x928.jpg 1392w\" sizes=\"(max-width: 1800px) 100vw, 1800px\" \/><button\n\t\t\tclass=\"lightbox-trigger\"\n\t\t\ttype=\"button\"\n\t\t\taria-haspopup=\"dialog\"\n\t\t\tdata-wp-bind--aria-label=\"state.thisImage.triggerButtonAriaLabel\"\n\t\t\tdata-wp-init=\"callbacks.initTriggerButton\"\n\t\t\tdata-wp-on--click=\"actions.showLightbox\"\n\t\t\tdata-wp-style--right=\"state.thisImage.buttonRight\"\n\t\t\tdata-wp-style--top=\"state.thisImage.buttonTop\"\n\t\t>\n\t\t\t<svg xmlns=\"http:\/\/www.w3.org\/2000\/svg\" width=\"12\" height=\"12\" fill=\"none\" viewBox=\"0 0 12 12\">\n\t\t\t\t<path fill=\"#fff\" d=\"M2 0a2 2 0 0 0-2 2v2h1.5V2a.5.5 0 0 1 .5-.5h2V0H2Zm2 10.5H2a.5.5 0 0 1-.5-.5V8H0v2a2 2 0 0 0 2 2h2v-1.5ZM8 12v-1.5h2a.5.5 0 0 0 .5-.5V8H12v2a2 2 0 0 1-2 2H8Zm2-12a2 2 0 0 1 2 2v2h-1.5V2a.5.5 0 0 0-.5-.5H8V0h2Z\" \/>\n\t\t\t<\/svg>\n\t\t<\/button><figcaption class=\"wp-element-caption\">Foto: Laura Paredis \/ Pexels<\/figcaption><\/figure>\n\n\n\n<h3 class=\"wp-block-heading\"><span class=\"ez-toc-section\" id=\"15_Hamburger_Kunsthalle\"><\/span>15. Hamburger Kunsthalle<span class=\"ez-toc-section-end\"><\/span><\/h3>\n\n\n\n<p class=\"wp-block-paragraph\">Se voc\u00ea quer admirar arte durante a viagem, n\u00e3o pode deixar de conhecer um dos maiores e mais importantes museus de arte de toda a Alemanha, que fica bem perto da esta\u00e7\u00e3o central. <strong>A Hamburger Kunsthalle \u00e9 composta por tr\u00eas pr\u00e9dios interligados de idades diferentes e guarda cole\u00e7\u00f5es deslumbrantes que cobrem oito s\u00e9culos de cria\u00e7\u00e3o art\u00edstica<\/strong>, de imponentes altares medievais a provocativas instala\u00e7\u00f5es contempor\u00e2neas. O complexo \u00e9 enorme e os amantes de arte passam aqui, sem o menor problema, tranquilamente um dia inteiro.<\/p>\n\n\n\n<p class=\"wp-block-paragraph\">O maior destaque de toda a galeria \u00e9, sem d\u00favida, o <strong>famoso quadro Andarilho sobre o Mar de N\u00e9voa, do pintor rom\u00e2ntico Caspar David Friedrich<\/strong>, que se tornou um \u00edcone mundial do romantismo alem\u00e3o. Al\u00e9m dele, voc\u00ea encontra aqui obras deslumbrantes de outros grandes mestres, como Rembrandt, Manet ou Edvard Munch.<\/p>\n\n\n\n<p class=\"wp-block-paragraph\">\ud83d\udca1 Dica: <strong>Se o que te interessa \u00e9 principalmente a arte moderna, voc\u00ea pode ir direto ao pr\u00e9dio mais novo e claro, chamado Galerie der Gegenwart<\/strong>, que se dedica a obras de 1960 at\u00e9 hoje e j\u00e1 \u00e9, por si s\u00f3, muito interessante do ponto de vista arquitet\u00f4nico.<\/p>\n\n\n\n<figure data-wp-context=\"{&quot;imageId&quot;:&quot;6a95705378c3e&quot;}\" data-wp-interactive=\"core\/image\" data-wp-key=\"6a95705378c3e\" class=\"wp-block-image size-full wp-lightbox-container\"><img decoding=\"async\" width=\"1800\" height=\"1231\" data-wp-class--hide=\"state.isContentHidden\" data-wp-class--show=\"state.isContentVisible\" data-wp-init=\"callbacks.setButtonStyles\" data-wp-on--click=\"actions.showLightbox\" data-wp-on--load=\"callbacks.setButtonStyles\" data-wp-on--pointerdown=\"actions.preloadImage\" data-wp-on--pointerenter=\"actions.preloadImageWithDelay\" data-wp-on--pointerleave=\"actions.cancelPreload\" data-wp-on-window--resize=\"callbacks.setButtonStyles\" src=\"https:\/\/loudavymkrokem.cz\/wp-content\/uploads\/2026\/08\/nemecko-clanky-co-videt-v-hamburku-20.jpg\" alt=\"Interior de um museu em Hamburgo\" class=\"wp-image-399008\" title=\"\" srcset=\"https:\/\/loudavymkrokem.cz\/wp-content\/uploads\/2026\/08\/nemecko-clanky-co-videt-v-hamburku-20.jpg 1800w, https:\/\/loudavymkrokem.cz\/wp-content\/uploads\/2026\/08\/nemecko-clanky-co-videt-v-hamburku-20-300x205.jpg 300w, https:\/\/loudavymkrokem.cz\/wp-content\/uploads\/2026\/08\/nemecko-clanky-co-videt-v-hamburku-20-700x479.jpg 700w, https:\/\/loudavymkrokem.cz\/wp-content\/uploads\/2026\/08\/nemecko-clanky-co-videt-v-hamburku-20-768x525.jpg 768w, https:\/\/loudavymkrokem.cz\/wp-content\/uploads\/2026\/08\/nemecko-clanky-co-videt-v-hamburku-20-1536x1050.jpg 1536w, https:\/\/loudavymkrokem.cz\/wp-content\/uploads\/2026\/08\/nemecko-clanky-co-videt-v-hamburku-20-696x476.jpg 696w, https:\/\/loudavymkrokem.cz\/wp-content\/uploads\/2026\/08\/nemecko-clanky-co-videt-v-hamburku-20-1392x952.jpg 1392w\" sizes=\"(max-width: 1800px) 100vw, 1800px\" \/><button\n\t\t\tclass=\"lightbox-trigger\"\n\t\t\ttype=\"button\"\n\t\t\taria-haspopup=\"dialog\"\n\t\t\tdata-wp-bind--aria-label=\"state.thisImage.triggerButtonAriaLabel\"\n\t\t\tdata-wp-init=\"callbacks.initTriggerButton\"\n\t\t\tdata-wp-on--click=\"actions.showLightbox\"\n\t\t\tdata-wp-style--right=\"state.thisImage.buttonRight\"\n\t\t\tdata-wp-style--top=\"state.thisImage.buttonTop\"\n\t\t>\n\t\t\t<svg xmlns=\"http:\/\/www.w3.org\/2000\/svg\" width=\"12\" height=\"12\" fill=\"none\" viewBox=\"0 0 12 12\">\n\t\t\t\t<path fill=\"#fff\" d=\"M2 0a2 2 0 0 0-2 2v2h1.5V2a.5.5 0 0 1 .5-.5h2V0H2Zm2 10.5H2a.5.5 0 0 1-.5-.5V8H0v2a2 2 0 0 0 2 2h2v-1.5ZM8 12v-1.5h2a.5.5 0 0 0 .5-.5V8H12v2a2 2 0 0 1-2 2H8Zm2-12a2 2 0 0 1 2 2v2h-1.5V2a.5.5 0 0 0-.5-.5H8V0h2Z\" \/>\n\t\t\t<\/svg>\n\t\t<\/button><figcaption class=\"wp-element-caption\">Foto: G\u00fcl I\u015f\u0131k \/ Pexels<\/figcaption><\/figure>\n\n\n\n<h3 class=\"wp-block-heading\"><span class=\"ez-toc-section\" id=\"16_Dialog_im_Dunkeln\"><\/span>16. Dialog im Dunkeln<span class=\"ez-toc-section-end\"><\/span><\/h3>\n\n\n\n<p class=\"wp-block-paragraph\">Essa experi\u00eancia \u00fanica vai mudar totalmente a sua perspectiva sobre a vida cotidiana e te for\u00e7ar a perceber o mundo com sentidos completamente diferentes da vis\u00e3o, que costuma dominar. <strong>O Di\u00e1logo no Escuro \u00e9 uma exposi\u00e7\u00e3o profundamente interativa, onde guias cegos te conduzem, na escurid\u00e3o absoluta, por situa\u00e7\u00f5es simuladas do dia a dia<\/strong>, como um passeio por um parque movimentado, uma visita a um mercado ou um momento num bar. Por uma hora e meia, voc\u00ea se encontra num mundo em que precisa confiar cem por cento apenas no tato, na audi\u00e7\u00e3o e no olfato.<\/p>\n\n\n\n<p class=\"wp-block-paragraph\">\u00c9 uma <strong>experi\u00eancia incrivelmente forte e emocionante, que naturalmente derruba barreiras entre pessoas que enxergam e pessoas cegas<\/strong> e nos ensina muito mais empatia. As visitas acontecem em grupos pequenos, ent\u00e3o voc\u00ea n\u00e3o precisa ter medo de se perder, e para os visitantes que falam ingl\u00eas h\u00e1 hor\u00e1rios especialmente reservados.<\/p>\n\n\n\n<p class=\"wp-block-paragraph\">\ud83d\udca1 Dica: <strong>Garanta os ingressos para a visita em ingl\u00eas com boa anteced\u00eancia online<\/strong>, porque a capacidade dos grupos \u00e9 estritamente limitada e no local costuma estar esgotado para o dia todo.<\/p>\n\n\n\n<figure data-wp-context=\"{&quot;imageId&quot;:&quot;6a95705379453&quot;}\" data-wp-interactive=\"core\/image\" data-wp-key=\"6a95705379453\" class=\"wp-block-image size-full wp-lightbox-container\"><img decoding=\"async\" width=\"1800\" height=\"1350\" data-wp-class--hide=\"state.isContentHidden\" data-wp-class--show=\"state.isContentVisible\" data-wp-init=\"callbacks.setButtonStyles\" data-wp-on--click=\"actions.showLightbox\" data-wp-on--load=\"callbacks.setButtonStyles\" data-wp-on--pointerdown=\"actions.preloadImage\" data-wp-on--pointerenter=\"actions.preloadImageWithDelay\" data-wp-on--pointerleave=\"actions.cancelPreload\" data-wp-on-window--resize=\"callbacks.setButtonStyles\" src=\"https:\/\/loudavymkrokem.cz\/wp-content\/uploads\/2026\/08\/nemecko-clanky-co-videt-v-hamburku-21.jpg\" alt=\"Bairro das escadarias Blankenese\" class=\"wp-image-399012\" title=\"\" srcset=\"https:\/\/loudavymkrokem.cz\/wp-content\/uploads\/2026\/08\/nemecko-clanky-co-videt-v-hamburku-21.jpg 1800w, https:\/\/loudavymkrokem.cz\/wp-content\/uploads\/2026\/08\/nemecko-clanky-co-videt-v-hamburku-21-300x225.jpg 300w, https:\/\/loudavymkrokem.cz\/wp-content\/uploads\/2026\/08\/nemecko-clanky-co-videt-v-hamburku-21-700x525.jpg 700w, https:\/\/loudavymkrokem.cz\/wp-content\/uploads\/2026\/08\/nemecko-clanky-co-videt-v-hamburku-21-768x576.jpg 768w, https:\/\/loudavymkrokem.cz\/wp-content\/uploads\/2026\/08\/nemecko-clanky-co-videt-v-hamburku-21-1536x1152.jpg 1536w, https:\/\/loudavymkrokem.cz\/wp-content\/uploads\/2026\/08\/nemecko-clanky-co-videt-v-hamburku-21-80x60.jpg 80w, https:\/\/loudavymkrokem.cz\/wp-content\/uploads\/2026\/08\/nemecko-clanky-co-videt-v-hamburku-21-160x120.jpg 160w, https:\/\/loudavymkrokem.cz\/wp-content\/uploads\/2026\/08\/nemecko-clanky-co-videt-v-hamburku-21-696x522.jpg 696w, https:\/\/loudavymkrokem.cz\/wp-content\/uploads\/2026\/08\/nemecko-clanky-co-videt-v-hamburku-21-1392x1044.jpg 1392w\" sizes=\"(max-width: 1800px) 100vw, 1800px\" \/><button\n\t\t\tclass=\"lightbox-trigger\"\n\t\t\ttype=\"button\"\n\t\t\taria-haspopup=\"dialog\"\n\t\t\tdata-wp-bind--aria-label=\"state.thisImage.triggerButtonAriaLabel\"\n\t\t\tdata-wp-init=\"callbacks.initTriggerButton\"\n\t\t\tdata-wp-on--click=\"actions.showLightbox\"\n\t\t\tdata-wp-style--right=\"state.thisImage.buttonRight\"\n\t\t\tdata-wp-style--top=\"state.thisImage.buttonTop\"\n\t\t>\n\t\t\t<svg xmlns=\"http:\/\/www.w3.org\/2000\/svg\" width=\"12\" height=\"12\" fill=\"none\" viewBox=\"0 0 12 12\">\n\t\t\t\t<path fill=\"#fff\" d=\"M2 0a2 2 0 0 0-2 2v2h1.5V2a.5.5 0 0 1 .5-.5h2V0H2Zm2 10.5H2a.5.5 0 0 1-.5-.5V8H0v2a2 2 0 0 0 2 2h2v-1.5ZM8 12v-1.5h2a.5.5 0 0 0 .5-.5V8H12v2a2 2 0 0 1-2 2H8Zm2-12a2 2 0 0 1 2 2v2h-1.5V2a.5.5 0 0 0-.5-.5H8V0h2Z\" \/>\n\t\t\t<\/svg>\n\t\t<\/button><figcaption class=\"wp-element-caption\">Foto: Pauli-Pirat \/ Wikimedia Commons, CC BY-SA 4.0<\/figcaption><\/figure>\n\n\n\n<h3 class=\"wp-block-heading\"><span class=\"ez-toc-section\" id=\"17_O_bairro_cheio_de_escadas_Treppenviertel_Blankenese\"><\/span>17. O bairro cheio de escadas Treppenviertel Blankenese<span class=\"ez-toc-section-end\"><\/span><\/h3>\n\n\n\n<p class=\"wp-block-paragraph\">Para um ref\u00fagio perfeito do centro agitado, pegue o trem urbano S-Bahn at\u00e9 o pitoresco bairro de Blankenese, que na hora te surpreende com sua atmosfera quase mediterr\u00e2nea. <strong>Esse antigo vilarejo de pescadores \u00e9 constru\u00eddo numa encosta \u00edngreme sobre o rio e \u00e9 entrela\u00e7ado por um labirinto incr\u00edvel de quase cinco mil degraus<\/strong>, ruelas estreitas e sinuosas e pequenas pracinhas. Aqui n\u00e3o h\u00e1 absolutamente nenhum carro, s\u00f3 belas mans\u00f5es antigas com jardins cuidadosamente tratados e vistas de tirar o f\u00f4lego dos navios de cont\u00eaineres passando.<\/p>\n\n\n\n<p class=\"wp-block-paragraph\">A caminhada pelo emaranhado de escadarias at\u00e9 o rio e depois de volta \u00e9 <strong>um exerc\u00edcio f\u00edsico e tanto, mas a recompensa s\u00e3o os cen\u00e1rios mais encantadores<\/strong>, que mais lembram a ensolarada riviera italiana do que o frio norte da Alemanha. L\u00e1 embaixo, \u00e0 beira da \u00e1gua, ainda h\u00e1 uma linda praia de areia e alguns caf\u00e9s excelentes onde voc\u00ea pode recuperar as for\u00e7as.<\/p>\n\n\n\n<p class=\"wp-block-paragraph\">\ud83d\udca1 Dica: <strong>O melhor \u00e9 se deixar perder pelas ruelas e nem seguir o mapa do celular<\/strong>; mais cedo ou mais tarde voc\u00ea sempre acaba descendo at\u00e9 o rio ou subindo at\u00e9 a estrada principal, de onde saem \u00f4nibus confort\u00e1veis de volta \u00e0 esta\u00e7\u00e3o.<\/p>\n\n\n\n<figure data-wp-context=\"{&quot;imageId&quot;:&quot;6a95705379d47&quot;}\" data-wp-interactive=\"core\/image\" data-wp-key=\"6a95705379d47\" class=\"wp-block-image size-full wp-lightbox-container\"><img decoding=\"async\" width=\"1800\" height=\"1200\" data-wp-class--hide=\"state.isContentHidden\" data-wp-class--show=\"state.isContentVisible\" data-wp-init=\"callbacks.setButtonStyles\" data-wp-on--click=\"actions.showLightbox\" data-wp-on--load=\"callbacks.setButtonStyles\" data-wp-on--pointerdown=\"actions.preloadImage\" data-wp-on--pointerenter=\"actions.preloadImageWithDelay\" data-wp-on--pointerleave=\"actions.cancelPreload\" data-wp-on-window--resize=\"callbacks.setButtonStyles\" src=\"https:\/\/loudavymkrokem.cz\/wp-content\/uploads\/2026\/08\/nemecko-clanky-co-videt-v-hamburku-22.jpg\" alt=\"Igreja de S\u00e3o Miguel\" class=\"wp-image-399016\" title=\"\" srcset=\"https:\/\/loudavymkrokem.cz\/wp-content\/uploads\/2026\/08\/nemecko-clanky-co-videt-v-hamburku-22.jpg 1800w, https:\/\/loudavymkrokem.cz\/wp-content\/uploads\/2026\/08\/nemecko-clanky-co-videt-v-hamburku-22-300x200.jpg 300w, https:\/\/loudavymkrokem.cz\/wp-content\/uploads\/2026\/08\/nemecko-clanky-co-videt-v-hamburku-22-700x467.jpg 700w, https:\/\/loudavymkrokem.cz\/wp-content\/uploads\/2026\/08\/nemecko-clanky-co-videt-v-hamburku-22-768x512.jpg 768w, https:\/\/loudavymkrokem.cz\/wp-content\/uploads\/2026\/08\/nemecko-clanky-co-videt-v-hamburku-22-1536x1024.jpg 1536w, https:\/\/loudavymkrokem.cz\/wp-content\/uploads\/2026\/08\/nemecko-clanky-co-videt-v-hamburku-22-696x464.jpg 696w, https:\/\/loudavymkrokem.cz\/wp-content\/uploads\/2026\/08\/nemecko-clanky-co-videt-v-hamburku-22-1392x928.jpg 1392w\" sizes=\"(max-width: 1800px) 100vw, 1800px\" \/><button\n\t\t\tclass=\"lightbox-trigger\"\n\t\t\ttype=\"button\"\n\t\t\taria-haspopup=\"dialog\"\n\t\t\tdata-wp-bind--aria-label=\"state.thisImage.triggerButtonAriaLabel\"\n\t\t\tdata-wp-init=\"callbacks.initTriggerButton\"\n\t\t\tdata-wp-on--click=\"actions.showLightbox\"\n\t\t\tdata-wp-style--right=\"state.thisImage.buttonRight\"\n\t\t\tdata-wp-style--top=\"state.thisImage.buttonTop\"\n\t\t>\n\t\t\t<svg xmlns=\"http:\/\/www.w3.org\/2000\/svg\" width=\"12\" height=\"12\" fill=\"none\" viewBox=\"0 0 12 12\">\n\t\t\t\t<path fill=\"#fff\" d=\"M2 0a2 2 0 0 0-2 2v2h1.5V2a.5.5 0 0 1 .5-.5h2V0H2Zm2 10.5H2a.5.5 0 0 1-.5-.5V8H0v2a2 2 0 0 0 2 2h2v-1.5ZM8 12v-1.5h2a.5.5 0 0 0 .5-.5V8H12v2a2 2 0 0 1-2 2H8Zm2-12a2 2 0 0 1 2 2v2h-1.5V2a.5.5 0 0 0-.5-.5H8V0h2Z\" \/>\n\t\t\t<\/svg>\n\t\t<\/button><figcaption class=\"wp-element-caption\">Foto: Dietmar Rabich \/ Wikimedia Commons, CC BY-SA 4.0<\/figcaption><\/figure>\n\n\n\n<h3 class=\"wp-block-heading\"><span class=\"ez-toc-section\" id=\"18_Igreja_de_Sao_Miguel_Michel\"><\/span>18. Igreja de S\u00e3o Miguel (Michel)<span class=\"ez-toc-section-end\"><\/span><\/h3>\n\n\n\n<p class=\"wp-block-paragraph\">A mais importante igreja barroca da cidade, \u00e0 qual os moradores locais h\u00e1 gera\u00e7\u00f5es apelidam carinhosamente de Michel, serviu por s\u00e9culos como o mais importante ponto de refer\u00eancia para os marinheiros que voltavam para casa de longas viagens. <strong>Sua torre majestosa com um enorme rel\u00f3gio se ergue a 132 metros de altura e esconde o mais belo mirante<\/strong>, de onde voc\u00ea tem o centro da cidade e o amplo porto na palma da m\u00e3o. Felizmente, voc\u00ea n\u00e3o precisa subir a p\u00e9, porque a maior parte do caminho d\u00e1 para vencer confortavelmente por um elevador moderno.<\/p>\n\n\n\n<p class=\"wp-block-paragraph\">Uma curiosidade \u00e9 que <strong>a igreja foi, ao longo de sua conturbada hist\u00f3ria, duas vezes completamente destru\u00edda por um enorme inc\u00eandio e depois detalhadamente reconstru\u00edda<\/strong> \u00e0 sua beleza original. Al\u00e9m da vista da torre, vale a pena visitar tamb\u00e9m a ampla cripta no subsolo e o luminoso interior, que ostenta v\u00e1rios \u00f3rg\u00e3os deslumbrantes.<\/p>\n\n\n\n<p class=\"wp-block-paragraph\">\ud83d\udca1 Dica: <strong>Tente planejar a visita para a noite, quando a igreja oferece subidas noturnas especiais \u00e0 torre<\/strong>. A vista do mar infinito de luzes do porto pulsante e da cidade noturna iluminada \u00e9 absolutamente inesquec\u00edvel.<\/p>\n\n\n\n<figure data-wp-context=\"{&quot;imageId&quot;:&quot;6a9570537a65a&quot;}\" data-wp-interactive=\"core\/image\" data-wp-key=\"6a9570537a65a\" class=\"wp-block-image size-full wp-lightbox-container\"><img decoding=\"async\" width=\"1800\" height=\"1350\" data-wp-class--hide=\"state.isContentHidden\" data-wp-class--show=\"state.isContentVisible\" data-wp-init=\"callbacks.setButtonStyles\" data-wp-on--click=\"actions.showLightbox\" data-wp-on--load=\"callbacks.setButtonStyles\" data-wp-on--pointerdown=\"actions.preloadImage\" data-wp-on--pointerenter=\"actions.preloadImageWithDelay\" data-wp-on--pointerleave=\"actions.cancelPreload\" data-wp-on-window--resize=\"callbacks.setButtonStyles\" src=\"https:\/\/loudavymkrokem.cz\/wp-content\/uploads\/2026\/08\/nemecko-clanky-co-videt-v-hamburku-23.jpg\" alt=\"Produ\u00e7\u00e3o de chocolate\" class=\"wp-image-399022\" title=\"\" srcset=\"https:\/\/loudavymkrokem.cz\/wp-content\/uploads\/2026\/08\/nemecko-clanky-co-videt-v-hamburku-23.jpg 1800w, https:\/\/loudavymkrokem.cz\/wp-content\/uploads\/2026\/08\/nemecko-clanky-co-videt-v-hamburku-23-300x225.jpg 300w, https:\/\/loudavymkrokem.cz\/wp-content\/uploads\/2026\/08\/nemecko-clanky-co-videt-v-hamburku-23-700x525.jpg 700w, https:\/\/loudavymkrokem.cz\/wp-content\/uploads\/2026\/08\/nemecko-clanky-co-videt-v-hamburku-23-768x576.jpg 768w, https:\/\/loudavymkrokem.cz\/wp-content\/uploads\/2026\/08\/nemecko-clanky-co-videt-v-hamburku-23-1536x1152.jpg 1536w, https:\/\/loudavymkrokem.cz\/wp-content\/uploads\/2026\/08\/nemecko-clanky-co-videt-v-hamburku-23-80x60.jpg 80w, https:\/\/loudavymkrokem.cz\/wp-content\/uploads\/2026\/08\/nemecko-clanky-co-videt-v-hamburku-23-160x120.jpg 160w, https:\/\/loudavymkrokem.cz\/wp-content\/uploads\/2026\/08\/nemecko-clanky-co-videt-v-hamburku-23-696x522.jpg 696w, https:\/\/loudavymkrokem.cz\/wp-content\/uploads\/2026\/08\/nemecko-clanky-co-videt-v-hamburku-23-1392x1044.jpg 1392w\" sizes=\"(max-width: 1800px) 100vw, 1800px\" \/><button\n\t\t\tclass=\"lightbox-trigger\"\n\t\t\ttype=\"button\"\n\t\t\taria-haspopup=\"dialog\"\n\t\t\tdata-wp-bind--aria-label=\"state.thisImage.triggerButtonAriaLabel\"\n\t\t\tdata-wp-init=\"callbacks.initTriggerButton\"\n\t\t\tdata-wp-on--click=\"actions.showLightbox\"\n\t\t\tdata-wp-style--right=\"state.thisImage.buttonRight\"\n\t\t\tdata-wp-style--top=\"state.thisImage.buttonTop\"\n\t\t>\n\t\t\t<svg xmlns=\"http:\/\/www.w3.org\/2000\/svg\" width=\"12\" height=\"12\" fill=\"none\" viewBox=\"0 0 12 12\">\n\t\t\t\t<path fill=\"#fff\" d=\"M2 0a2 2 0 0 0-2 2v2h1.5V2a.5.5 0 0 1 .5-.5h2V0H2Zm2 10.5H2a.5.5 0 0 1-.5-.5V8H0v2a2 2 0 0 0 2 2h2v-1.5ZM8 12v-1.5h2a.5.5 0 0 0 .5-.5V8H12v2a2 2 0 0 1-2 2H8Zm2-12a2 2 0 0 1 2 2v2h-1.5V2a.5.5 0 0 0-.5-.5H8V0h2Z\" \/>\n\t\t\t<\/svg>\n\t\t<\/button><figcaption class=\"wp-element-caption\">Foto: MadayawDavao \/ Wikimedia Commons, CC BY-SA 4.0<\/figcaption><\/figure>\n\n\n\n<h3 class=\"wp-block-heading\"><span class=\"ez-toc-section\" id=\"19_Museu_do_chocolate_Chocoversum\"><\/span>19. Museu do chocolate Chocoversum<span class=\"ez-toc-section-end\"><\/span><\/h3>\n\n\n\n<p class=\"wp-block-paragraph\">Se voc\u00ea ou seus filhos s\u00e3o amantes de doces, esse museu incrivelmente interativo voc\u00ea n\u00e3o deve perder durante os passeios pela cidade. <strong>O Chocoversum te leva por todo o complexo processo de produ\u00e7\u00e3o do chocolate, do cultivo dos gr\u00e3os de cacau na floresta tropical at\u00e9 a barra final<\/strong>, e tudo isso com a orienta\u00e7\u00e3o de um guia muito divertido. N\u00e3o \u00e9 uma exposi\u00e7\u00e3o chata atr\u00e1s de vidro; durante a visita voc\u00ea vai provando, a cada passo, as diferentes fases do processamento do cacau, incluindo chocolate l\u00edquido direto da m\u00e1quina.<\/p>\n\n\n\n<p class=\"wp-block-paragraph\">O melhor ponto de todo o programa \u00e9 a <strong>possibilidade de fazer e decorar a sua pr\u00f3pria barra de chocolate exatamente do seu jeito<\/strong>, que voc\u00ea depois leva para casa como o melhor e mais saboroso souvenir. Enquanto espera o chocolate endurecer, voc\u00ea fica sabendo um monte de fatos fascinantes sobre o com\u00e9rcio mar\u00edtimo hist\u00f3rico dessa preciosa mat\u00e9ria-prima.<\/p>\n\n\n\n<p class=\"wp-block-paragraph\">\ud83d\udca1 Dica: <strong>A visita s\u00f3 \u00e9 poss\u00edvel dentro de uma visita guiada organizada<\/strong>, ent\u00e3o reserve os ingressos e o idioma preferido da explica\u00e7\u00e3o (h\u00e1 alem\u00e3o ou ingl\u00eas) para um hor\u00e1rio espec\u00edfico com anteced\u00eancia pela internet.<\/p>\n\n\n\n<figure data-wp-context=\"{&quot;imageId&quot;:&quot;6a9570537afdb&quot;}\" data-wp-interactive=\"core\/image\" data-wp-key=\"6a9570537afdb\" class=\"wp-block-image size-full wp-lightbox-container\"><img decoding=\"async\" width=\"1800\" height=\"1350\" data-wp-class--hide=\"state.isContentHidden\" data-wp-class--show=\"state.isContentVisible\" data-wp-init=\"callbacks.setButtonStyles\" data-wp-on--click=\"actions.showLightbox\" data-wp-on--load=\"callbacks.setButtonStyles\" data-wp-on--pointerdown=\"actions.preloadImage\" data-wp-on--pointerenter=\"actions.preloadImageWithDelay\" data-wp-on--pointerleave=\"actions.cancelPreload\" data-wp-on-window--resize=\"callbacks.setButtonStyles\" src=\"https:\/\/loudavymkrokem.cz\/wp-content\/uploads\/2026\/08\/nemecko-clanky-co-videt-v-hamburku-24.jpg\" alt=\"Rua no bairro de Schanzenviertel\" class=\"wp-image-399026\" title=\"\" srcset=\"https:\/\/loudavymkrokem.cz\/wp-content\/uploads\/2026\/08\/nemecko-clanky-co-videt-v-hamburku-24.jpg 1800w, https:\/\/loudavymkrokem.cz\/wp-content\/uploads\/2026\/08\/nemecko-clanky-co-videt-v-hamburku-24-300x225.jpg 300w, https:\/\/loudavymkrokem.cz\/wp-content\/uploads\/2026\/08\/nemecko-clanky-co-videt-v-hamburku-24-700x525.jpg 700w, https:\/\/loudavymkrokem.cz\/wp-content\/uploads\/2026\/08\/nemecko-clanky-co-videt-v-hamburku-24-768x576.jpg 768w, https:\/\/loudavymkrokem.cz\/wp-content\/uploads\/2026\/08\/nemecko-clanky-co-videt-v-hamburku-24-1536x1152.jpg 1536w, https:\/\/loudavymkrokem.cz\/wp-content\/uploads\/2026\/08\/nemecko-clanky-co-videt-v-hamburku-24-80x60.jpg 80w, https:\/\/loudavymkrokem.cz\/wp-content\/uploads\/2026\/08\/nemecko-clanky-co-videt-v-hamburku-24-160x120.jpg 160w, https:\/\/loudavymkrokem.cz\/wp-content\/uploads\/2026\/08\/nemecko-clanky-co-videt-v-hamburku-24-696x522.jpg 696w, https:\/\/loudavymkrokem.cz\/wp-content\/uploads\/2026\/08\/nemecko-clanky-co-videt-v-hamburku-24-1392x1044.jpg 1392w\" sizes=\"(max-width: 1800px) 100vw, 1800px\" \/><button\n\t\t\tclass=\"lightbox-trigger\"\n\t\t\ttype=\"button\"\n\t\t\taria-haspopup=\"dialog\"\n\t\t\tdata-wp-bind--aria-label=\"state.thisImage.triggerButtonAriaLabel\"\n\t\t\tdata-wp-init=\"callbacks.initTriggerButton\"\n\t\t\tdata-wp-on--click=\"actions.showLightbox\"\n\t\t\tdata-wp-style--right=\"state.thisImage.buttonRight\"\n\t\t\tdata-wp-style--top=\"state.thisImage.buttonTop\"\n\t\t>\n\t\t\t<svg xmlns=\"http:\/\/www.w3.org\/2000\/svg\" width=\"12\" height=\"12\" fill=\"none\" viewBox=\"0 0 12 12\">\n\t\t\t\t<path fill=\"#fff\" d=\"M2 0a2 2 0 0 0-2 2v2h1.5V2a.5.5 0 0 1 .5-.5h2V0H2Zm2 10.5H2a.5.5 0 0 1-.5-.5V8H0v2a2 2 0 0 0 2 2h2v-1.5ZM8 12v-1.5h2a.5.5 0 0 0 .5-.5V8H12v2a2 2 0 0 1-2 2H8Zm2-12a2 2 0 0 1 2 2v2h-1.5V2a.5.5 0 0 0-.5-.5H8V0h2Z\" \/>\n\t\t\t<\/svg>\n\t\t<\/button><figcaption class=\"wp-element-caption\">Foto: Peter Jochim \/ Pexels<\/figcaption><\/figure>\n\n\n\n<h3 class=\"wp-block-heading\"><span class=\"ez-toc-section\" id=\"20_O_bairro_descolado_Schanzenviertel\"><\/span>20. O bairro descolado Schanzenviertel<span class=\"ez-toc-section-end\"><\/span><\/h3>\n\n\n\n<p class=\"wp-block-paragraph\">Para conhecer a melhor cultura alternativa, a colorida arte de rua e os brech\u00f3s independentes, voc\u00ea precisa ir ao bairro de Sternschanze, chamado abreviadamente s\u00f3 de Schanze. <strong>Essa regi\u00e3o \u00e9 h\u00e1 muito tempo o centro dos bo\u00eamios, estudantes e artistas independentes locais, o que se reflete na incr\u00edvel quantidade de caf\u00e9s aconchegantes<\/strong>, \u00f3timos bistr\u00f4s veganos e pequenas lojas de moda sustent\u00e1vel. O bairro todo tem um clima bem descontra\u00eddo e de prop\u00f3sito meio descascado, o que lhe d\u00e1 o car\u00e1ter certo.<\/p>\n\n\n\n<p class=\"wp-block-paragraph\">O cora\u00e7\u00e3o e s\u00edmbolo de todo o bairro \u00e9 o <strong>antigo teatro Rote Flora, que desde o fim dos anos 1980 funciona como um centro cultural aut\u00f4nomo<\/strong> e cuja fachada \u00e9 toda coberta, de cima a baixo, por frases pol\u00edticas e grafites. Nos fins de semana acontecem \u00f3timas feiras de pulgas e, com a noite chegando, dezenas de bares muito populares ganham vida.<\/p>\n\n\n\n<p class=\"wp-block-paragraph\">\ud83d\udca1 Dica: <strong>Reserve um tempo para vagar sem pressa pelas ruas Susannenstra\u00dfe e Schulterblatt<\/strong>, onde voc\u00ea encontra os melhores caf\u00e9s e padarias independentes. \u00c9 o lugar ideal para um brunch tardio de fim de semana e para observar as pessoas interessantes que passam.<\/p>\n\n\n\n<figure data-wp-context=\"{&quot;imageId&quot;:&quot;6a9570537b80a&quot;}\" data-wp-interactive=\"core\/image\" data-wp-key=\"6a9570537b80a\" class=\"wp-block-image size-full wp-lightbox-container\"><img decoding=\"async\" width=\"1800\" height=\"1271\" data-wp-class--hide=\"state.isContentHidden\" data-wp-class--show=\"state.isContentVisible\" data-wp-init=\"callbacks.setButtonStyles\" data-wp-on--click=\"actions.showLightbox\" data-wp-on--load=\"callbacks.setButtonStyles\" data-wp-on--pointerdown=\"actions.preloadImage\" data-wp-on--pointerenter=\"actions.preloadImageWithDelay\" data-wp-on--pointerleave=\"actions.cancelPreload\" data-wp-on-window--resize=\"callbacks.setButtonStyles\" src=\"https:\/\/loudavymkrokem.cz\/wp-content\/uploads\/2026\/08\/nemecko-clanky-co-videt-v-hamburku-25.jpg\" alt=\"Navio-museu Cap San Diego\" class=\"wp-image-399030\" title=\"\" srcset=\"https:\/\/loudavymkrokem.cz\/wp-content\/uploads\/2026\/08\/nemecko-clanky-co-videt-v-hamburku-25.jpg 1800w, https:\/\/loudavymkrokem.cz\/wp-content\/uploads\/2026\/08\/nemecko-clanky-co-videt-v-hamburku-25-300x212.jpg 300w, https:\/\/loudavymkrokem.cz\/wp-content\/uploads\/2026\/08\/nemecko-clanky-co-videt-v-hamburku-25-700x494.jpg 700w, https:\/\/loudavymkrokem.cz\/wp-content\/uploads\/2026\/08\/nemecko-clanky-co-videt-v-hamburku-25-768x542.jpg 768w, https:\/\/loudavymkrokem.cz\/wp-content\/uploads\/2026\/08\/nemecko-clanky-co-videt-v-hamburku-25-1536x1085.jpg 1536w, https:\/\/loudavymkrokem.cz\/wp-content\/uploads\/2026\/08\/nemecko-clanky-co-videt-v-hamburku-25-696x491.jpg 696w, https:\/\/loudavymkrokem.cz\/wp-content\/uploads\/2026\/08\/nemecko-clanky-co-videt-v-hamburku-25-1392x983.jpg 1392w\" sizes=\"(max-width: 1800px) 100vw, 1800px\" \/><button\n\t\t\tclass=\"lightbox-trigger\"\n\t\t\ttype=\"button\"\n\t\t\taria-haspopup=\"dialog\"\n\t\t\tdata-wp-bind--aria-label=\"state.thisImage.triggerButtonAriaLabel\"\n\t\t\tdata-wp-init=\"callbacks.initTriggerButton\"\n\t\t\tdata-wp-on--click=\"actions.showLightbox\"\n\t\t\tdata-wp-style--right=\"state.thisImage.buttonRight\"\n\t\t\tdata-wp-style--top=\"state.thisImage.buttonTop\"\n\t\t>\n\t\t\t<svg xmlns=\"http:\/\/www.w3.org\/2000\/svg\" width=\"12\" height=\"12\" fill=\"none\" viewBox=\"0 0 12 12\">\n\t\t\t\t<path fill=\"#fff\" d=\"M2 0a2 2 0 0 0-2 2v2h1.5V2a.5.5 0 0 1 .5-.5h2V0H2Zm2 10.5H2a.5.5 0 0 1-.5-.5V8H0v2a2 2 0 0 0 2 2h2v-1.5ZM8 12v-1.5h2a.5.5 0 0 0 .5-.5V8H12v2a2 2 0 0 1-2 2H8Zm2-12a2 2 0 0 1 2 2v2h-1.5V2a.5.5 0 0 0-.5-.5H8V0h2Z\" \/>\n\t\t\t<\/svg>\n\t\t<\/button><figcaption class=\"wp-element-caption\">Foto: Peter Haas \/ Wikimedia Commons, CC BY-SA 3.0<\/figcaption><\/figure>\n\n\n\n<h3 class=\"wp-block-heading\"><span class=\"ez-toc-section\" id=\"21_Os_navios-museu_Cap_San_Diego_e_Rickmer_Rickmers\"><\/span>21. Os navios-museu Cap San Diego e Rickmer Rickmers<span class=\"ez-toc-section-end\"><\/span><\/h3>\n\n\n\n<p class=\"wp-block-paragraph\">Caminhando pela principal orla portu\u00e1ria Landungsbr\u00fccken, \u00e9 imposs\u00edvel n\u00e3o notar dois enormes navios hist\u00f3ricos, que hoje funcionam como fascinantes museus flutuantes. <strong>O Cap San Diego \u00e9 um enorme e elegante navio de carga dos anos 1960, apelidado de Cisne Branco do Atl\u00e2ntico Sul<\/strong>, e voc\u00ea pode explor\u00e1-lo da barulhenta sala de m\u00e1quinas at\u00e9 a ponte de comando. J\u00e1 o Rickmer Rickmers \u00e9 um lindo veleiro de tr\u00eas mastros do s\u00e9culo XIX, que respira a verdadeira rom\u00e2ncia mar\u00edtima hist\u00f3rica.<\/p>\n\n\n\n<p class=\"wp-block-paragraph\">A visita a ambas as embarca\u00e7\u00f5es \u00e9 extremamente interessante, porque <strong>te permite espiar de perto as cabines apertadas da tripula\u00e7\u00e3o, os enormes por\u00f5es de carga e os elegantes refeit\u00f3rios dos oficiais<\/strong>. Assim, voc\u00ea consegue imaginar de forma bem viva o quanto era pesado, mas ao mesmo tempo aventuroso, o dia a dia em alto-mar.<\/p>\n\n\n\n<p class=\"wp-block-paragraph\">\ud83d\udca1 Dica: <strong>Se voc\u00ea viaja com crian\u00e7as, subir e descer os corredores estreitos e as escadas \u00edngremes do navio vai diverti-las<\/strong> muito mais do que os cl\u00e1ssicos museus tranquilos. S\u00f3 tome bastante cuidado com a cabe\u00e7a, os tetos no por\u00e3o \u00e0s vezes s\u00e3o trai\u00e7oeiramente baixos.<\/p>\n\n\n\n<figure data-wp-context=\"{&quot;imageId&quot;:&quot;6a9570537bd47&quot;}\" data-wp-interactive=\"core\/image\" data-wp-key=\"6a9570537bd47\" class=\"wp-block-image size-full wp-lightbox-container\"><img decoding=\"async\" width=\"1800\" height=\"1797\" data-wp-class--hide=\"state.isContentHidden\" data-wp-class--show=\"state.isContentVisible\" data-wp-init=\"callbacks.setButtonStyles\" data-wp-on--click=\"actions.showLightbox\" data-wp-on--load=\"callbacks.setButtonStyles\" data-wp-on--pointerdown=\"actions.preloadImage\" data-wp-on--pointerenter=\"actions.preloadImageWithDelay\" data-wp-on--pointerleave=\"actions.cancelPreload\" data-wp-on-window--resize=\"callbacks.setButtonStyles\" src=\"https:\/\/loudavymkrokem.cz\/wp-content\/uploads\/2026\/08\/nemecko-clanky-co-videt-v-hamburku-26.jpg\" alt=\"Prato vegetariano em um restaurante\" class=\"wp-image-399036\" title=\"\" srcset=\"https:\/\/loudavymkrokem.cz\/wp-content\/uploads\/2026\/08\/nemecko-clanky-co-videt-v-hamburku-26.jpg 1800w, https:\/\/loudavymkrokem.cz\/wp-content\/uploads\/2026\/08\/nemecko-clanky-co-videt-v-hamburku-26-300x300.jpg 300w, https:\/\/loudavymkrokem.cz\/wp-content\/uploads\/2026\/08\/nemecko-clanky-co-videt-v-hamburku-26-700x699.jpg 700w, https:\/\/loudavymkrokem.cz\/wp-content\/uploads\/2026\/08\/nemecko-clanky-co-videt-v-hamburku-26-150x150.jpg 150w, https:\/\/loudavymkrokem.cz\/wp-content\/uploads\/2026\/08\/nemecko-clanky-co-videt-v-hamburku-26-768x767.jpg 768w, https:\/\/loudavymkrokem.cz\/wp-content\/uploads\/2026\/08\/nemecko-clanky-co-videt-v-hamburku-26-1536x1533.jpg 1536w, https:\/\/loudavymkrokem.cz\/wp-content\/uploads\/2026\/08\/nemecko-clanky-co-videt-v-hamburku-26-696x695.jpg 696w, https:\/\/loudavymkrokem.cz\/wp-content\/uploads\/2026\/08\/nemecko-clanky-co-videt-v-hamburku-26-1392x1390.jpg 1392w\" sizes=\"(max-width: 1800px) 100vw, 1800px\" \/><button\n\t\t\tclass=\"lightbox-trigger\"\n\t\t\ttype=\"button\"\n\t\t\taria-haspopup=\"dialog\"\n\t\t\tdata-wp-bind--aria-label=\"state.thisImage.triggerButtonAriaLabel\"\n\t\t\tdata-wp-init=\"callbacks.initTriggerButton\"\n\t\t\tdata-wp-on--click=\"actions.showLightbox\"\n\t\t\tdata-wp-style--right=\"state.thisImage.buttonRight\"\n\t\t\tdata-wp-style--top=\"state.thisImage.buttonTop\"\n\t\t>\n\t\t\t<svg xmlns=\"http:\/\/www.w3.org\/2000\/svg\" width=\"12\" height=\"12\" fill=\"none\" viewBox=\"0 0 12 12\">\n\t\t\t\t<path fill=\"#fff\" d=\"M2 0a2 2 0 0 0-2 2v2h1.5V2a.5.5 0 0 1 .5-.5h2V0H2Zm2 10.5H2a.5.5 0 0 1-.5-.5V8H0v2a2 2 0 0 0 2 2h2v-1.5ZM8 12v-1.5h2a.5.5 0 0 0 .5-.5V8H12v2a2 2 0 0 1-2 2H8Zm2-12a2 2 0 0 1 2 2v2h-1.5V2a.5.5 0 0 0-.5-.5H8V0h2Z\" \/>\n\t\t\t<\/svg>\n\t\t<\/button><figcaption class=\"wp-element-caption\">Foto: Johor Haki, owner of the &#8220;joHoRkAki siNGApoRE TRAvEL FooD Li \/ Wikimedia Commons, CC BY-SA 4.0<\/figcaption><\/figure>\n\n\n\n<h3 class=\"wp-block-heading\"><span class=\"ez-toc-section\" id=\"22_Gastronomia_verde_e_sustentavel\"><\/span>22. Gastronomia verde e sustent\u00e1vel<span class=\"ez-toc-section-end\"><\/span><\/h3>\n\n\n\n<p class=\"wp-block-paragraph\">Hamburgo \u00e9 incrivelmente amig\u00e1vel \u00e0 alimenta\u00e7\u00e3o \u00e0 base de plantas, e voc\u00ea encontra aqui um enorme n\u00famero de estabelecimentos fant\u00e1sticos focados numa alimenta\u00e7\u00e3o \u00e9tica e sustent\u00e1vel. <strong>Se voc\u00ea procura uma atmosfera aconchegante e caseira, v\u00e1 ao caf\u00e9-livraria Kapitel 3<\/strong>, no bairro de Altona, onde, junto com um \u00f3timo caf\u00e9, voc\u00ea pode aproveitar um card\u00e1pio completamente vegano e mergulhar em algum dos muitos livros expostos que decoram as paredes do lugar.<\/p>\n\n\n\n<p class=\"wp-block-paragraph\">Outra \u00f3tima parada para o almo\u00e7o ou o caf\u00e9 \u00e9 o bem popular <strong>Caf\u00e9 geen, que atrai por sua excelente oferta totalmente vegana de sobremesas fofinhas e pratos principais<\/strong> e, nos dias de sol, oferece um agrad\u00e1vel espa\u00e7o ao ar livre no jardim. Para os amantes da boa culin\u00e1ria asi\u00e1tica, h\u00e1 ainda o muito popular Citta Vegan House, onde combinam com maestria pratos veganos de fus\u00e3o asi\u00e1tica num ambiente lindo e fotog\u00eanico.<\/p>\n\n\n\n<p class=\"wp-block-paragraph\">\ud83d\udca1 Dica: <strong>A maioria desses populares estabelecimentos veganos costuma ficar bem cheia nos hor\u00e1rios de almo\u00e7o e jantar<\/strong>, ent\u00e3o vale a pena chegar logo na abertura ou fazer uma reserva de mesa com anteced\u00eancia. Sobretudo nos fins de semana, a procura por lugares nesses locais \u00e9 enorme.<\/p>\n\n\n\n<h2 class=\"wp-block-heading\"><span class=\"ez-toc-section\" id=\"Para_onde_ir_a_partir_de_Hamburgo\"><\/span>Para onde ir a partir de Hamburgo<span class=\"ez-toc-section-end\"><\/span><\/h2>\n\n\n\n<p class=\"wp-block-paragraph\">O norte da Alemanha \u00e9 um \u00f3timo ponto de partida para continuar explorando e, gra\u00e7as \u00e0 excelente rede de trens de alta velocidade, voc\u00ea chega facilmente at\u00e9 metr\u00f3poles mais distantes. <strong>Se voc\u00ea se interessa por outras grandes cidades, leia o nosso artigo sobre <a href=\"https:\/\/loudavymkrokem.cz\/pt-br\/berlim-alemanha-pontos-turisticos\/\">o que ver em Berlim<\/a><\/strong>, aonde voc\u00ea chega de trem em menos de duas horas. Para os amantes de regi\u00f5es mais ao sul e da cultura b\u00e1vara, recomendo conferir as dicas sobre <strong><a href=\"https:\/\/loudavymkrokem.cz\/pt-br\/munique-alemanha-o-que-fazer\/\">o que fazer em Munique<\/a><\/strong>.<\/p>\n\n\n\n<p class=\"wp-block-paragraph\">Se voc\u00ea planeja viajar no inverno e quer absorver a verdadeira atmosfera natalina, <strong>n\u00e3o deixe de ver o nosso grande panorama dos <a href=\"https:\/\/loudavymkrokem.cz\/pt-br\/feiras-natal-alemanha\/\">mercados de Natal na Alemanha<\/a><\/strong>, onde voc\u00ea encontra inspira\u00e7\u00e3o para os mais belos destinos do Advento. E se, depois de longas caminhadas pela cidade, voc\u00ea precisa descansar de verdade, <strong>escolha alguma das incr\u00edveis estadias relaxantes no artigo sobre <a href=\"https:\/\/loudavymkrokem.cz\/pt-br\/hoteis-wellness-alemanha\/\">hot\u00e9is de wellness na Alemanha<\/a><\/strong>.<\/p>\n\n\n\n<h2 class=\"wp-block-heading\"><span class=\"ez-toc-section\" id=\"Perguntas_frequentes\"><\/span>Perguntas frequentes<span class=\"ez-toc-section-end\"><\/span><\/h2>\n\n\n<div id=\"rank-math-faq\" class=\"rank-math-block\">\n<div class=\"rank-math-list \">\n<div id=\"faq-question-1787731481000\" class=\"rank-math-list-item\">\n<h3 class=\"rank-math-question \"><span class=\"ez-toc-section\" id=\"Quantos_dias_eu_preciso_para_visitar_Hamburgo\"><\/span>Quantos dias eu preciso para visitar Hamburgo?<span class=\"ez-toc-section-end\"><\/span><\/h3>\n<div class=\"rank-math-answer \">\n\n<p>Para uma visita tranquila a todas as principais atra\u00e7\u00f5es e para absorver a atmosfera local, recomendo reservar pelo menos dois a tr\u00eas dias completos. <strong>Somente o bairro HafenCity com o Miniatur Wunderland, Speicherstadt e Elbphilharmonie vai ocupar facilmente quase um dia inteiro<\/strong>, e no dia seguinte voc\u00ea pode explorar o centro, a prefeitura, os lagos e fazer um passeio panor\u00e2mico de ferry.<\/p>\n\n<\/div>\n<\/div>\n<div id=\"faq-question-1787731481001\" class=\"rank-math-list-item\">\n<h3 class=\"rank-math-question \"><span class=\"ez-toc-section\" id=\"Qual_e_a_melhor_forma_de_ir_do_aeroporto_ao_centro_da_cidade\"><\/span>Qual \u00e9 a melhor forma de ir do aeroporto ao centro da cidade?<span class=\"ez-toc-section-end\"><\/span><\/h3>\n<div class=\"rank-math-answer \">\n\n<p>A conex\u00e3o \u00e9 incrivelmente f\u00e1cil e r\u00e1pida, porque <strong>diretamente embaixo do terminal h\u00e1 uma esta\u00e7\u00e3o do trem suburbano S-Bahn linha S1<\/strong>, que passa a cada dez minutos. A viagem at\u00e9 a esta\u00e7\u00e3o central (Hauptbahnhof) leva apenas 25 minutos e vale o bilhete comum de transporte p\u00fablico urbano, ent\u00e3o voc\u00ea n\u00e3o precisa comprar nenhum bilhete especial de aeroporto.<\/p>\n\n<\/div>\n<\/div>\n<div id=\"faq-question-1787731481002\" class=\"rank-math-list-item\">\n<h3 class=\"rank-math-question \"><span class=\"ez-toc-section\" id=\"A_cidade_e_adequada_para_familias_com_criancas\"><\/span>A cidade \u00e9 adequada para fam\u00edlias com crian\u00e7as?<span class=\"ez-toc-section-end\"><\/span><\/h3>\n<div class=\"rank-math-answer \">\n\n<p>Com certeza sim, h\u00e1 uma enorme quantidade de atra\u00e7\u00f5es preparadas para as crian\u00e7as, lideradas pelo grandioso Miniatur Wunderland, que \u00e9 um sucesso absoluto para todas as gera\u00e7\u00f5es. <strong>A maioria dos museus tem excelentes elementos interativos, nos parques voc\u00ea encontra muitos playgrounds e \u00e1reas de recrea\u00e7\u00e3o<\/strong>, e explorar os navios-museu hist\u00f3ricos ou andar no ferry amarelo diverte crian\u00e7as de todas as idades.<\/p>\n\n<\/div>\n<\/div>\n<div id=\"faq-question-1787731481003\" class=\"rank-math-list-item\">\n<h3 class=\"rank-math-question \"><span class=\"ez-toc-section\" id=\"Como_funciona_o_transporte_e_vale_a_pena_o_Hamburg_Card\"><\/span>Como funciona o transporte e vale a pena o Hamburg Card?<span class=\"ez-toc-section-end\"><\/span><\/h3>\n<div class=\"rank-math-answer \">\n\n<p>O centro da cidade \u00e9 bastante extenso e as atra\u00e7\u00f5es \u00e0s vezes ficam mais distantes umas das outras, ent\u00e3o voc\u00ea certamente precisar\u00e1 usar o metr\u00f4 (U-Bahn) ou os trens S-Bahn. <strong>O cart\u00e3o tur\u00edstico Hamburg Card oferece transporte ilimitado e descontos nas entradas de muitos museus<\/strong>, ent\u00e3o se voc\u00ea planeja visitar v\u00e1rias atra\u00e7\u00f5es pagas e n\u00e3o quer caminhar apenas a p\u00e9, vale muito a pena em termos de custo-benef\u00edcio.<\/p>\n\n<\/div>\n<\/div>\n<div id=\"faq-question-1787731481004\" class=\"rank-math-list-item\">\n<h3 class=\"rank-math-question \"><span class=\"ez-toc-section\" id=\"Qual_orcamento_para_entradas_devo_planejar\"><\/span>Qual or\u00e7amento para entradas devo planejar?<span class=\"ez-toc-section-end\"><\/span><\/h3>\n<div class=\"rank-math-answer \">\n\n<p>As entradas para as principais atra\u00e7\u00f5es comerciais n\u00e3o s\u00e3o exatamente as mais baratas, <strong>para um adulto, prepare um or\u00e7amento de cerca de 70 a 95 euros<\/strong>, se voc\u00ea quiser ver o mais importante. Somente o ingresso para o Miniatur Wunderland custa 25 euros e os passeios pelos navios ou museus ficam em torno de 10 a 15 euros por pessoa, mas felizmente h\u00e1 muitos lugares como Speicherstadt ou o mirante da Elbphilharmonie que s\u00e3o totalmente gratuitos.<\/p>\n\n<\/div>\n<\/div>\n<div id=\"faq-question-1787731481005\" class=\"rank-math-list-item\">\n<h3 class=\"rank-math-question \"><span class=\"ez-toc-section\" id=\"Preciso_comprar_ingressos_antecipados_para_as_principais_atracoes\"><\/span>Preciso comprar ingressos antecipados para as principais atra\u00e7\u00f5es?<span class=\"ez-toc-section-end\"><\/span><\/h3>\n<div class=\"rank-math-answer \">\n\n<p>Para as atra\u00e7\u00f5es mais populares \u00e9 absolutamente necess\u00e1rio, <strong>especialmente para o Miniatur Wunderland, onde na alta temporada costuma esgotar com v\u00e1rias semanas de anteced\u00eancia<\/strong> e voc\u00ea n\u00e3o consegue comprar ingressos na hora. Da mesma forma, voc\u00ea precisa reservar com anteced\u00eancia um hor\u00e1rio gratuito para entrar no terra\u00e7o panor\u00e2mico Plaza no edif\u00edcio da Elbphilharmonie, caso contr\u00e1rio eles simplesmente n\u00e3o v\u00e3o deixar voc\u00ea subir nas escadas rolantes.<\/p>\n\n<\/div>\n<\/div>\n<div id=\"faq-question-1787731481006\" class=\"rank-math-list-item\">\n<h3 class=\"rank-math-question \"><span class=\"ez-toc-section\" id=\"O_que_da_para_fazer_na_cidade_quando_esta_chovendo\"><\/span>O que d\u00e1 para fazer na cidade quando est\u00e1 chovendo?<span class=\"ez-toc-section-end\"><\/span><\/h3>\n<div class=\"rank-math-answer \">\n\n<p>O norte da Alemanha \u00e9 bastante conhecido pelo tempo chuvoso t\u00edpico, que os locais chamam de Schietwetter, mas a cidade est\u00e1 muito bem preparada para isso. <strong>Al\u00e9m do Miniatur Wunderland, voc\u00ea pode se abrigar no enorme Museu Mar\u00edtimo de nove andares<\/strong>, visitar o museu interativo de chocolate Chocoversum, ou passar tranquilamente meio dia admirando arte na bel\u00edssima galeria Hamburger Kunsthalle.<\/p>\n\n<\/div>\n<\/div>\n<\/div>\n<\/div>","protected":false},"excerpt":{"rendered":"<p>Descubra os 22 melhores lugares de Hamburgo, na Alemanha, do Speicherstadt de tijolos ao mirante da Elbphilharmonie, e planeje o passeio perfeito pela Veneza do Norte.<\/p>\n","protected":false},"author":3,"featured_media":396962,"comment_status":"open","ping_status":"open","sticky":false,"template":"","format":"standard","meta":{"_acf_changed":false,"footnotes":"","rank_math_title":"Hamburgo Alemanha: 22 Dicas do Que Fazer na Cidade","rank_math_description":"Descubra o que fazer em Hamburgo, na Alemanha: 22 dicas com Speicherstadt, Elbphilharmonie e a vida noturna de St. Pauli. Planeje agora sua viagem \u00e0 Veneza do Norte!","rank_math_focus_keyword":"hamburgo alemanha","rank_math_seo_score":""},"categories":[1144,1121,1104],"tags":[],"class_list":["post-409762","post","type-post","status-publish","format-standard","has-post-thumbnail","category-alemanha","category-europa","category-viagens"],"acf":[],"featured_image_src":"https:\/\/loudavymkrokem.cz\/wp-content\/uploads\/2026\/08\/nemecko-clanky-co-videt-v-hamburku-04.jpg","author_info":{"display_name":"Lucie Kone\u010dn\u00e1","author_link":"https:\/\/loudavymkrokem.cz\/pt-br\/author\/lucie-konecna\/"},"_links":{"self":[{"href":"https:\/\/loudavymkrokem.cz\/pt-br\/wp-json\/wp\/v2\/posts\/409762","targetHints":{"allow":["GET"]}}],"collection":[{"href":"https:\/\/loudavymkrokem.cz\/pt-br\/wp-json\/wp\/v2\/posts"}],"about":[{"href":"https:\/\/loudavymkrokem.cz\/pt-br\/wp-json\/wp\/v2\/types\/post"}],"author":[{"embeddable":true,"href":"https:\/\/loudavymkrokem.cz\/pt-br\/wp-json\/wp\/v2\/users\/3"}],"replies":[{"embeddable":true,"href":"https:\/\/loudavymkrokem.cz\/pt-br\/wp-json\/wp\/v2\/comments?post=409762"}],"version-history":[{"count":2,"href":"https:\/\/loudavymkrokem.cz\/pt-br\/wp-json\/wp\/v2\/posts\/409762\/revisions"}],"predecessor-version":[{"id":409764,"href":"https:\/\/loudavymkrokem.cz\/pt-br\/wp-json\/wp\/v2\/posts\/409762\/revisions\/409764"}],"wp:featuredmedia":[{"embeddable":true,"href":"https:\/\/loudavymkrokem.cz\/pt-br\/wp-json\/wp\/v2\/media\/396962"}],"wp:attachment":[{"href":"https:\/\/loudavymkrokem.cz\/pt-br\/wp-json\/wp\/v2\/media?parent=409762"}],"wp:term":[{"taxonomy":"category","embeddable":true,"href":"https:\/\/loudavymkrokem.cz\/pt-br\/wp-json\/wp\/v2\/categories?post=409762"},{"taxonomy":"post_tag","embeddable":true,"href":"https:\/\/loudavymkrokem.cz\/pt-br\/wp-json\/wp\/v2\/tags?post=409762"}],"curies":[{"name":"wp","href":"https:\/\/api.w.org\/{rel}","templated":true}]}}