{"id":409755,"date":"2026-08-30T09:00:18","date_gmt":"2026-08-30T07:00:18","guid":{"rendered":"https:\/\/loudavymkrokem.cz\/bonigen-lago-brienz\/"},"modified":"2026-08-31T11:40:50","modified_gmt":"2026-08-31T09:40:50","slug":"bonigen-lago-brienz","status":"publish","type":"post","link":"https:\/\/loudavymkrokem.cz\/pt-br\/bonigen-lago-brienz\/","title":{"rendered":"B\u00f6nigen: 24 coisas para fazer no Lago Brienz 2026"},"content":{"rendered":"\n<p class=\"wp-block-paragraph\">O Oberland Bern\u00eas, na Su\u00ed\u00e7a, pode ser selvagem e cheio de turistas, mas basta ir um pouquinho al\u00e9m e voc\u00ea chega a um verdadeiro o\u00e1sis de tranquilidade. \u00c9 exatamente assim <strong>B\u00f6nigen<\/strong> (pronuncia-se b\u00e9ningen), um vilarejo lind\u00edssimo bem \u00e0 beira de um lago glacial. Enquanto a vizinha Interlaken transborda de gente, aqui o tempo parou entre <strong>casas de madeira ricamente entalhadas<\/strong> e uma natureza de tirar o f\u00f4lego. \u263a\ufe0f<\/p>\n\n\n\n<p class=\"wp-block-paragraph\">A \u00e1gua tem uma cor <strong>esmeralda-turquesa completamente irreal<\/strong>, e os picos das montanhas se refletem nela como num espelho perfeito. \u00c9 justamente o <strong>Lago Brienz<\/strong> que forma a grande atra\u00e7\u00e3o de toda a regi\u00e3o e oferece infinitas op\u00e7\u00f5es do <strong>que fazer<\/strong> da primavera at\u00e9 o fim do outono. Aqui voc\u00ea pode embarcar num barco a vapor hist\u00f3rico, alugar um caiaque ou simplesmente relaxar na praia.<\/p>\n\n\n\n<p class=\"wp-block-paragraph\">Para que suas f\u00e9rias fiquem perfeitamente planejadas, preparei um guia bem detalhado para voc\u00ea. No artigo voc\u00ea vai encontrar <strong>24 dicas do que ver e fazer, onde ficar, quais trilhas percorrer, aonde subir de telef\u00e9rico e o que fazer com as crian\u00e7as<\/strong>. A Su\u00ed\u00e7a \u00e9 um amor para a vida toda, e aposto que depois de visitar essa regi\u00e3o voc\u00ea vai passar todo ver\u00e3o pensando em como voltar para c\u00e1. \u263a\ufe0f<\/p>\n\n\n\n<figure data-wp-context=\"{&quot;imageId&quot;:&quot;6a9563286432f&quot;}\" data-wp-interactive=\"core\/image\" data-wp-key=\"6a9563286432f\" class=\"wp-block-image size-full wp-lightbox-container\"><img decoding=\"async\" width=\"1800\" height=\"1012\" data-wp-class--hide=\"state.isContentHidden\" data-wp-class--show=\"state.isContentVisible\" data-wp-init=\"callbacks.setButtonStyles\" data-wp-on--click=\"actions.showLightbox\" data-wp-on--load=\"callbacks.setButtonStyles\" data-wp-on--pointerdown=\"actions.preloadImage\" data-wp-on--pointerenter=\"actions.preloadImageWithDelay\" data-wp-on--pointerleave=\"actions.cancelPreload\" data-wp-on-window--resize=\"callbacks.setButtonStyles\" src=\"https:\/\/loudavymkrokem.cz\/wp-content\/uploads\/2026\/08\/articles-bonigen-01.jpg\" alt=\"B\u00f6nigen e o Lago Brienz vistos do alto\" class=\"wp-image-404460\" title=\"\" srcset=\"https:\/\/loudavymkrokem.cz\/wp-content\/uploads\/2026\/08\/articles-bonigen-01.jpg 1800w, https:\/\/loudavymkrokem.cz\/wp-content\/uploads\/2026\/08\/articles-bonigen-01-300x169.jpg 300w, https:\/\/loudavymkrokem.cz\/wp-content\/uploads\/2026\/08\/articles-bonigen-01-700x394.jpg 700w, https:\/\/loudavymkrokem.cz\/wp-content\/uploads\/2026\/08\/articles-bonigen-01-768x432.jpg 768w, https:\/\/loudavymkrokem.cz\/wp-content\/uploads\/2026\/08\/articles-bonigen-01-1536x864.jpg 1536w, https:\/\/loudavymkrokem.cz\/wp-content\/uploads\/2026\/08\/articles-bonigen-01-696x391.jpg 696w, https:\/\/loudavymkrokem.cz\/wp-content\/uploads\/2026\/08\/articles-bonigen-01-1392x783.jpg 1392w\" sizes=\"(max-width: 1800px) 100vw, 1800px\" \/><button\n\t\t\tclass=\"lightbox-trigger\"\n\t\t\ttype=\"button\"\n\t\t\taria-haspopup=\"dialog\"\n\t\t\tdata-wp-bind--aria-label=\"state.thisImage.triggerButtonAriaLabel\"\n\t\t\tdata-wp-init=\"callbacks.initTriggerButton\"\n\t\t\tdata-wp-on--click=\"actions.showLightbox\"\n\t\t\tdata-wp-style--right=\"state.thisImage.buttonRight\"\n\t\t\tdata-wp-style--top=\"state.thisImage.buttonTop\"\n\t\t>\n\t\t\t<svg xmlns=\"http:\/\/www.w3.org\/2000\/svg\" width=\"12\" height=\"12\" fill=\"none\" viewBox=\"0 0 12 12\">\n\t\t\t\t<path fill=\"#fff\" d=\"M2 0a2 2 0 0 0-2 2v2h1.5V2a.5.5 0 0 1 .5-.5h2V0H2Zm2 10.5H2a.5.5 0 0 1-.5-.5V8H0v2a2 2 0 0 0 2 2h2v-1.5ZM8 12v-1.5h2a.5.5 0 0 0 .5-.5V8H12v2a2 2 0 0 1-2 2H8Zm2-12a2 2 0 0 1 2 2v2h-1.5V2a.5.5 0 0 0-.5-.5H8V0h2Z\" \/>\n\t\t\t<\/svg>\n\t\t<\/button><figcaption class=\"wp-element-caption\">Foto: Christian David \/ Wikimedia Commons, CC BY-SA 4.0<\/figcaption><\/figure>\n\n\n\n<div id=\"ez-toc-container\" class=\"ez-toc-v2_0_86 ez-toc-wrap-left counter-hierarchy ez-toc-counter ez-toc-grey ez-toc-container-direction\">\n<div class=\"ez-toc-title-container\">\n<p class=\"ez-toc-title\" style=\"cursor:inherit\">Conte\u00fado do artigo<\/p>\n<span class=\"ez-toc-title-toggle\"><a href=\"#\" class=\"ez-toc-pull-right ez-toc-btn ez-toc-btn-xs ez-toc-btn-default ez-toc-toggle\" aria-label=\"Alternar tabela de conte\u00fado\"><span class=\"ez-toc-js-icon-con\"><span class=\"\"><span class=\"eztoc-hide\" style=\"display:none;\">Toggle<\/span><span class=\"ez-toc-icon-toggle-span\"><svg style=\"fill: #999;color:#999\" xmlns=\"http:\/\/www.w3.org\/2000\/svg\" class=\"list-377408\" width=\"20px\" height=\"20px\" viewBox=\"0 0 24 24\" fill=\"none\"><path d=\"M6 6H4v2h2V6zm14 0H8v2h12V6zM4 11h2v2H4v-2zm16 0H8v2h12v-2zM4 16h2v2H4v-2zm16 0H8v2h12v-2z\" fill=\"currentColor\"><\/path><\/svg><svg style=\"fill: #999;color:#999\" class=\"arrow-unsorted-368013\" xmlns=\"http:\/\/www.w3.org\/2000\/svg\" width=\"10px\" height=\"10px\" viewBox=\"0 0 24 24\" version=\"1.2\" baseProfile=\"tiny\"><path d=\"M18.2 9.3l-6.2-6.3-6.2 6.3c-.2.2-.3.4-.3.7s.1.5.3.7c.2.2.4.3.7.3h11c.3 0 .5-.1.7-.3.2-.2.3-.5.3-.7s-.1-.5-.3-.7zM5.8 14.7l6.2 6.3 6.2-6.3c.2-.2.3-.5.3-.7s-.1-.5-.3-.7c-.2-.2-.4-.3-.7-.3h-11c-.3 0-.5.1-.7.3-.2.2-.3.5-.3.7s.1.5.3.7z\"\/><\/svg><\/span><\/span><\/span><\/a><\/span><\/div>\n<nav><ul class='ez-toc-list ez-toc-list-level-1 ' ><ul class='ez-toc-list-level-3' ><li class='ez-toc-heading-level-3'><a class=\"ez-toc-link ez-toc-heading-1\" href=\"https:\/\/loudavymkrokem.cz\/pt-br\/bonigen-lago-brienz\/#Resumo_para_quem_nao_tem_tempo_de_ler_o_artigo_inteiro\" >Resumo para quem n\u00e3o tem tempo de ler o artigo inteiro<\/a><\/li><\/ul><\/li><li class='ez-toc-page-1 ez-toc-heading-level-2'><a class=\"ez-toc-link ez-toc-heading-2\" href=\"https:\/\/loudavymkrokem.cz\/pt-br\/bonigen-lago-brienz\/#Quando_ir_a_Bonigen_e_como_chegar\" >Quando ir a B\u00f6nigen e como chegar<\/a><\/li><li class='ez-toc-page-1 ez-toc-heading-level-2'><a class=\"ez-toc-link ez-toc-heading-3\" href=\"https:\/\/loudavymkrokem.cz\/pt-br\/bonigen-lago-brienz\/#Onde_se_hospedar_em_Bonigen_e_quanto_custa\" >Onde se hospedar em B\u00f6nigen e quanto custa<\/a><\/li><li class='ez-toc-page-1 ez-toc-heading-level-2'><a class=\"ez-toc-link ez-toc-heading-4\" href=\"https:\/\/loudavymkrokem.cz\/pt-br\/bonigen-lago-brienz\/#Em_Bonigen_6_dicas_do_que_ver_e_fazer_a_beira_dagua\" >Em B\u00f6nigen: 6 dicas do que ver e fazer \u00e0 beira d&#8217;\u00e1gua<\/a><ul class='ez-toc-list-level-3' ><li class='ez-toc-heading-level-3'><a class=\"ez-toc-link ez-toc-heading-5\" href=\"https:\/\/loudavymkrokem.cz\/pt-br\/bonigen-lago-brienz\/#1_Casas_de_madeira_historicas_e_o_Hauserweg\" >1. Casas de madeira hist\u00f3ricas e o H\u00e4userweg<\/a><\/li><li class='ez-toc-page-1 ez-toc-heading-level-3'><a class=\"ez-toc-link ez-toc-heading-6\" href=\"https:\/\/loudavymkrokem.cz\/pt-br\/bonigen-lago-brienz\/#2_Museu_do_vilarejo_Dorfmuseum_%E2%80%9Calte_Pinte%E2%80%9D\" >2. Museu do vilarejo Dorfmuseum &#8220;alte Pinte&#8221;<\/a><\/li><li class='ez-toc-page-1 ez-toc-heading-level-3'><a class=\"ez-toc-link ez-toc-heading-7\" href=\"https:\/\/loudavymkrokem.cz\/pt-br\/bonigen-lago-brienz\/#3_A_orla_o_pier_e_o_Brienzersee_Lakewalk\" >3. A orla, o p\u00eder e o Brienzersee Lakewalk<\/a><\/li><li class='ez-toc-page-1 ez-toc-heading-level-3'><a class=\"ez-toc-link ez-toc-heading-8\" href=\"https:\/\/loudavymkrokem.cz\/pt-br\/bonigen-lago-brienz\/#4_Praia_e_balneario_The_Beach\" >4. Praia e balne\u00e1rio The Beach<\/a><\/li><li class='ez-toc-page-1 ez-toc-heading-level-3'><a class=\"ez-toc-link ez-toc-heading-9\" href=\"https:\/\/loudavymkrokem.cz\/pt-br\/bonigen-lago-brienz\/#5_Caiaque_e_SUP_na_superficie_do_lago\" >5. Caiaque e SUP na superf\u00edcie do lago<\/a><\/li><li class='ez-toc-page-1 ez-toc-heading-level-3'><a class=\"ez-toc-link ez-toc-heading-10\" href=\"https:\/\/loudavymkrokem.cz\/pt-br\/bonigen-lago-brienz\/#6_Passeio_no_barco_a_vapor_historico_Lotschberg\" >6. Passeio no barco a vapor hist\u00f3rico L\u00f6tschberg<\/a><\/li><\/ul><\/li><li class='ez-toc-page-1 ez-toc-heading-level-2'><a class=\"ez-toc-link ez-toc-heading-11\" href=\"https:\/\/loudavymkrokem.cz\/pt-br\/bonigen-lago-brienz\/#Trilhas_a_partir_de_Bonigen_6_rotas_que_valem_a_pena\" >Trilhas a partir de B\u00f6nigen: 6 rotas que valem a pena<\/a><ul class='ez-toc-list-level-3' ><li class='ez-toc-heading-level-3'><a class=\"ez-toc-link ez-toc-heading-12\" href=\"https:\/\/loudavymkrokem.cz\/pt-br\/bonigen-lago-brienz\/#7_Caminho_das_Tres_Cachoeiras_por_etapas\" >7. Caminho das Tr\u00eas Cachoeiras por etapas<\/a><\/li><li class='ez-toc-page-1 ez-toc-heading-level-3'><a class=\"ez-toc-link ez-toc-heading-13\" href=\"https:\/\/loudavymkrokem.cz\/pt-br\/bonigen-lago-brienz\/#8_Circuito_no_Sytiberg_55_km_ate_com_carrinho_off-road\" >8. Circuito no Sytiberg: 5,5 km, at\u00e9 com carrinho off-road<\/a><\/li><li class='ez-toc-page-1 ez-toc-heading-level-3'><a class=\"ez-toc-link ez-toc-heading-14\" href=\"https:\/\/loudavymkrokem.cz\/pt-br\/bonigen-lago-brienz\/#9_Circuito_Haslerenegg_854_m_com_livro_de_cume\" >9. Circuito Haslerenegg (854 m) com livro de cume<\/a><\/li><li class='ez-toc-page-1 ez-toc-heading-level-3'><a class=\"ez-toc-link ez-toc-heading-15\" href=\"https:\/\/loudavymkrokem.cz\/pt-br\/bonigen-lago-brienz\/#10_Circuito_ate_a_cachoeira_Erschwandenbach\" >10. Circuito at\u00e9 a cachoeira Erschwandenbach<\/a><\/li><li class='ez-toc-page-1 ez-toc-heading-level-3'><a class=\"ez-toc-link ez-toc-heading-16\" href=\"https:\/\/loudavymkrokem.cz\/pt-br\/bonigen-lago-brienz\/#11_Trilha_costeira_Uferweg_de_Iseltwald_a_Giessbach\" >11. Trilha costeira Uferweg de Iseltwald a Giessbach<\/a><\/li><li class='ez-toc-page-1 ez-toc-heading-level-3'><a class=\"ez-toc-link ez-toc-heading-17\" href=\"https:\/\/loudavymkrokem.cz\/pt-br\/bonigen-lago-brienz\/#12_Desafio_a_pe_subida_ao_Harder_Kulm\" >12. Desafio a p\u00e9: subida ao Harder Kulm<\/a><\/li><\/ul><\/li><li class='ez-toc-page-1 ez-toc-heading-level-2'><a class=\"ez-toc-link ez-toc-heading-18\" href=\"https:\/\/loudavymkrokem.cz\/pt-br\/bonigen-lago-brienz\/#Trilhas_com_acesso_por_teleferico_6_rotas_acima_do_vale\" >Trilhas com acesso por telef\u00e9rico: 6 rotas acima do vale<\/a><ul class='ez-toc-list-level-3' ><li class='ez-toc-heading-level-3'><a class=\"ez-toc-link ez-toc-heading-19\" href=\"https:\/\/loudavymkrokem.cz\/pt-br\/bonigen-lago-brienz\/#13_Do_First_ao_lago_Bachalpsee\" >13. Do First ao lago Bachalpsee<\/a><\/li><li class='ez-toc-page-1 ez-toc-heading-level-3'><a class=\"ez-toc-link ez-toc-heading-20\" href=\"https:\/\/loudavymkrokem.cz\/pt-br\/bonigen-lago-brienz\/#14_A_trilha_real_de_crista_Schynige_Platte_%E2%80%93_Faulhorn_%E2%80%93_First\" >14. A trilha real de crista Schynige Platte \u2013 Faulhorn \u2013 First<\/a><\/li><li class='ez-toc-page-1 ez-toc-heading-level-3'><a class=\"ez-toc-link ez-toc-heading-21\" href=\"https:\/\/loudavymkrokem.cz\/pt-br\/bonigen-lago-brienz\/#15_Mannlichen_e_o_caminho_panoramico_a_Kleine_Scheidegg\" >15. M\u00e4nnlichen e o caminho panor\u00e2mico \u00e0 Kleine Scheidegg<\/a><\/li><li class='ez-toc-page-1 ez-toc-heading-level-3'><a class=\"ez-toc-link ez-toc-heading-22\" href=\"https:\/\/loudavymkrokem.cz\/pt-br\/bonigen-lago-brienz\/#16_Eiger_Trail_bem_sob_a_face_norte\" >16. Eiger Trail bem sob a face norte<\/a><\/li><li class='ez-toc-page-1 ez-toc-heading-level-3'><a class=\"ez-toc-link ez-toc-heading-23\" href=\"https:\/\/loudavymkrokem.cz\/pt-br\/bonigen-lago-brienz\/#17_Niederhorn_e_as_cabras-monteses_sobre_o_Lago_Thun\" >17. Niederhorn e as cabras-monteses sobre o Lago Thun<\/a><\/li><li class='ez-toc-page-1 ez-toc-heading-level-3'><a class=\"ez-toc-link ez-toc-heading-24\" href=\"https:\/\/loudavymkrokem.cz\/pt-br\/bonigen-lago-brienz\/#18_De_trem_cremalheira_a_vapor_ao_Brienzer_Rothorn\" >18. De trem cremalheira a vapor ao Brienzer Rothorn<\/a><\/li><\/ul><\/li><li class='ez-toc-page-1 ez-toc-heading-level-2'><a class=\"ez-toc-link ez-toc-heading-25\" href=\"https:\/\/loudavymkrokem.cz\/pt-br\/bonigen-lago-brienz\/#Passeios_a_partir_de_Bonigen_6_dicas_pela_regiao\" >Passeios a partir de B\u00f6nigen: 6 dicas pela regi\u00e3o<\/a><ul class='ez-toc-list-level-3' ><li class='ez-toc-heading-level-3'><a class=\"ez-toc-link ez-toc-heading-26\" href=\"https:\/\/loudavymkrokem.cz\/pt-br\/bonigen-lago-brienz\/#19_Harder_Kulm_a_montanha_simbolo_de_Interlaken\" >19. Harder Kulm: a montanha s\u00edmbolo de Interlaken<\/a><\/li><li class='ez-toc-page-1 ez-toc-heading-level-3'><a class=\"ez-toc-link ez-toc-heading-27\" href=\"https:\/\/loudavymkrokem.cz\/pt-br\/bonigen-lago-brienz\/#20_Cachoeiras_de_Giessbach_e_a_passagem_por_tras_da_agua\" >20. Cachoeiras de Giessbach e a passagem por tr\u00e1s da \u00e1gua<\/a><\/li><li class='ez-toc-page-1 ez-toc-heading-level-3'><a class=\"ez-toc-link ez-toc-heading-28\" href=\"https:\/\/loudavymkrokem.cz\/pt-br\/bonigen-lago-brienz\/#21_O_funicular_turistico_mais_antigo_da_Suica_e_o_Grandhotel\" >21. O funicular tur\u00edstico mais antigo da Su\u00ed\u00e7a e o Grandhotel<\/a><\/li><li class='ez-toc-page-1 ez-toc-heading-level-3'><a class=\"ez-toc-link ez-toc-heading-29\" href=\"https:\/\/loudavymkrokem.cz\/pt-br\/bonigen-lago-brienz\/#22_Iseltwald_e_o_pier_iconico_da_serie\" >22. Iseltwald e o p\u00eder ic\u00f4nico da s\u00e9rie<\/a><\/li><li class='ez-toc-page-1 ez-toc-heading-level-3'><a class=\"ez-toc-link ez-toc-heading-30\" href=\"https:\/\/loudavymkrokem.cz\/pt-br\/bonigen-lago-brienz\/#23_Schynige_Platte_trem_cremalheira_e_jardim_alpino\" >23. Schynige Platte: trem cremalheira e jardim alpino<\/a><\/li><li class='ez-toc-page-1 ez-toc-heading-level-3'><a class=\"ez-toc-link ez-toc-heading-31\" href=\"https:\/\/loudavymkrokem.cz\/pt-br\/bonigen-lago-brienz\/#24_Interlaken_a_base_turistica_vizinha\" >24. Interlaken: a base tur\u00edstica vizinha<\/a><\/li><\/ul><\/li><li class='ez-toc-page-1 ez-toc-heading-level-2'><a class=\"ez-toc-link ez-toc-heading-32\" href=\"https:\/\/loudavymkrokem.cz\/pt-br\/bonigen-lago-brienz\/#Bonigen_com_criancas_o_que_fazer_em_familia\" >B\u00f6nigen com crian\u00e7as: o que fazer em fam\u00edlia<\/a><ul class='ez-toc-list-level-3' ><li class='ez-toc-heading-level-3'><a class=\"ez-toc-link ez-toc-heading-33\" href=\"https:\/\/loudavymkrokem.cz\/pt-br\/bonigen-lago-brienz\/#Praia_The_Beach_e_o_parquinho_generoso\" >Praia The Beach e o parquinho generoso<\/a><\/li><li class='ez-toc-page-1 ez-toc-heading-level-3'><a class=\"ez-toc-link ez-toc-heading-34\" href=\"https:\/\/loudavymkrokem.cz\/pt-br\/bonigen-lago-brienz\/#Caca_ao_tesouro_e_jogo_de_detetive_em_Iseltwald\" >Ca\u00e7a ao tesouro e jogo de detetive em Iseltwald<\/a><\/li><li class='ez-toc-page-1 ez-toc-heading-level-3'><a class=\"ez-toc-link ez-toc-heading-35\" href=\"https:\/\/loudavymkrokem.cz\/pt-br\/bonigen-lago-brienz\/#Camping_TCS_otima_localizacao_mas_com_uma_grande_ressalva\" >Camping TCS: \u00f3tima localiza\u00e7\u00e3o, mas com uma grande ressalva<\/a><\/li><li class='ez-toc-page-1 ez-toc-heading-level-3'><a class=\"ez-toc-link ez-toc-heading-36\" href=\"https:\/\/loudavymkrokem.cz\/pt-br\/bonigen-lago-brienz\/#Lilys_Alpenspielplatz_e_o_Panoramaweg_na_Schynige_Platte\" >Lily&#8217;s Alpenspielplatz e o Panoramaweg na Schynige Platte<\/a><\/li><li class='ez-toc-page-1 ez-toc-heading-level-3'><a class=\"ez-toc-link ez-toc-heading-37\" href=\"https:\/\/loudavymkrokem.cz\/pt-br\/bonigen-lago-brienz\/#Barco_e_promenade_acessivel_com_carrinho_de_bebe\" >Barco e promenade acess\u00edvel com carrinho de beb\u00ea<\/a><\/li><\/ul><\/li><li class='ez-toc-page-1 ez-toc-heading-level-2'><a class=\"ez-toc-link ez-toc-heading-38\" href=\"https:\/\/loudavymkrokem.cz\/pt-br\/bonigen-lago-brienz\/#Onde_comer_em_Bonigen\" >Onde comer em B\u00f6nigen<\/a><ul class='ez-toc-list-level-3' ><li class='ez-toc-heading-level-3'><a class=\"ez-toc-link ez-toc-heading-39\" href=\"https:\/\/loudavymkrokem.cz\/pt-br\/bonigen-lago-brienz\/#Pizzeria_La_Boheme\" >Pizzeria La Boh\u00e8me<\/a><\/li><li class='ez-toc-page-1 ez-toc-heading-level-3'><a class=\"ez-toc-link ez-toc-heading-40\" href=\"https:\/\/loudavymkrokem.cz\/pt-br\/bonigen-lago-brienz\/#Sweet_Ride\" >Sweet Ride<\/a><\/li><li class='ez-toc-page-1 ez-toc-heading-level-3'><a class=\"ez-toc-link ez-toc-heading-41\" href=\"https:\/\/loudavymkrokem.cz\/pt-br\/bonigen-lago-brienz\/#Restaurant_Baren_Bonigen\" >Restaurant B\u00e4ren B\u00f6nigen<\/a><\/li><\/ul><\/li><li class='ez-toc-page-1 ez-toc-heading-level-2'><a class=\"ez-toc-link ez-toc-heading-42\" href=\"https:\/\/loudavymkrokem.cz\/pt-br\/bonigen-lago-brienz\/#Para_onde_ir_depois_de_Bonigen\" >Para onde ir depois de B\u00f6nigen<\/a><\/li><li class='ez-toc-page-1 ez-toc-heading-level-2'><a class=\"ez-toc-link ez-toc-heading-43\" href=\"https:\/\/loudavymkrokem.cz\/pt-br\/bonigen-lago-brienz\/#Perguntas_frequentes\" >Perguntas frequentes<\/a><ul class='ez-toc-list-level-3' ><li class='ez-toc-heading-level-3'><a class=\"ez-toc-link ez-toc-heading-44\" href=\"https:\/\/loudavymkrokem.cz\/pt-br\/bonigen-lago-brienz\/#Vale_a_pena_se_hospedar_em_Bonigen_em_vez_de_Interlaken\" >Vale a pena se hospedar em B\u00f6nigen em vez de Interlaken?<\/a><\/li><li class='ez-toc-page-1 ez-toc-heading-level-3'><a class=\"ez-toc-link ez-toc-heading-45\" href=\"https:\/\/loudavymkrokem.cz\/pt-br\/bonigen-lago-brienz\/#Como_chegar_la_saindo_de_Interlaken\" >Como chegar l\u00e1 saindo de Interlaken?<\/a><\/li><li class='ez-toc-page-1 ez-toc-heading-level-3'><a class=\"ez-toc-link ez-toc-heading-46\" href=\"https:\/\/loudavymkrokem.cz\/pt-br\/bonigen-lago-brienz\/#Da_para_nadar_no_Lago_de_Brienz\" >D\u00e1 para nadar no Lago de Brienz?<\/a><\/li><li class='ez-toc-page-1 ez-toc-heading-level-3'><a class=\"ez-toc-link ez-toc-heading-47\" href=\"https:\/\/loudavymkrokem.cz\/pt-br\/bonigen-lago-brienz\/#Quantos_dias_sao_suficientes_para_a_visita\" >Quantos dias s\u00e3o suficientes para a visita?<\/a><\/li><li class='ez-toc-page-1 ez-toc-heading-level-3'><a class=\"ez-toc-link ez-toc-heading-48\" href=\"https:\/\/loudavymkrokem.cz\/pt-br\/bonigen-lago-brienz\/#O_que_fazer_quando_chove\" >O que fazer quando chove?<\/a><\/li><li class='ez-toc-page-1 ez-toc-heading-level-3'><a class=\"ez-toc-link ez-toc-heading-49\" href=\"https:\/\/loudavymkrokem.cz\/pt-br\/bonigen-lago-brienz\/#E_indicado_para_criancas\" >\u00c9 indicado para crian\u00e7as?<\/a><\/li><li class='ez-toc-page-1 ez-toc-heading-level-3'><a class=\"ez-toc-link ez-toc-heading-50\" href=\"https:\/\/loudavymkrokem.cz\/pt-br\/bonigen-lago-brienz\/#Quanto_custa_o_passeio_ao_Harder_Kulm\" >Quanto custa o passeio ao Harder Kulm?<\/a><\/li><li class='ez-toc-page-1 ez-toc-heading-level-3'><a class=\"ez-toc-link ez-toc-heading-51\" href=\"https:\/\/loudavymkrokem.cz\/pt-br\/bonigen-lago-brienz\/#O_pier_em_Iseltwald_e_pago\" >O p\u00eder em Iseltwald \u00e9 pago?<\/a><\/li><\/ul><\/li><\/ul><\/nav><\/div>\n<h3 class=\"wp-block-heading\"><span class=\"ez-toc-section\" id=\"Resumo_para_quem_nao_tem_tempo_de_ler_o_artigo_inteiro\"><\/span>Resumo para quem n\u00e3o tem tempo de ler o artigo inteiro<span class=\"ez-toc-section-end\"><\/span><\/h3>\n\n\n\n<ul class=\"wp-block-list\">\n<li><strong>B\u00f6nigen fica no Lago Brienz<\/strong> e \u00e9 a base perfeita e tranquila para explorar o Oberland Bern\u00eas.<\/li>\n\n\n\n<li>O <strong>Interlaken Guest Card<\/strong> voc\u00ea recebe junto com a hospedagem e ele garante os \u00f4nibus pela regi\u00e3o totalmente de gra\u00e7a.<\/li>\n\n\n\n<li>O <strong>centro hist\u00f3rico<\/strong> \u00e9 repleto de casas de madeira protegidas dos s\u00e9culos 16 a 18.<\/li>\n\n\n\n<li><strong>Nadar no lago \u00e9 s\u00f3 para os corajosos<\/strong>: a \u00e1gua costuma ficar em torno de 20 \u00b0C no ver\u00e3o, mas a praia local tem uma piscina aquecida.<\/li>\n\n\n\n<li>As <strong>trilhas aqui s\u00e3o fenomenais<\/strong>: direto do vilarejo voc\u00ea pode sair no Caminho das Tr\u00eas Cachoeiras ou no circuito do Sytiberg.<\/li>\n\n\n\n<li>Para <strong>as trilhas mais bonitas voc\u00ea sobe de telef\u00e9rico<\/strong> \u2014 at\u00e9 o lago Bachalpsee, ao M\u00e4nnlichen ou de trem a vapor cremalheira ao Brienzer Rothorn.<\/li>\n\n\n\n<li><strong>Uma hospedagem com cozinha<\/strong> economiza uma grana enorme com restaurantes caros na Su\u00ed\u00e7a.<\/li>\n\n\n\n<li>Os <strong>melhores passeios pela regi\u00e3o<\/strong> incluem o telef\u00e9rico ao Harder Kulm, as cachoeiras de Giessbach e a fotog\u00eanica Iseltwald.<\/li>\n<\/ul>\n\n\n\n<figure data-wp-context=\"{&quot;imageId&quot;:&quot;6a95632864abe&quot;}\" data-wp-interactive=\"core\/image\" data-wp-key=\"6a95632864abe\" class=\"wp-block-image size-full wp-lightbox-container\"><img decoding=\"async\" width=\"1800\" height=\"785\" data-wp-class--hide=\"state.isContentHidden\" data-wp-class--show=\"state.isContentVisible\" data-wp-init=\"callbacks.setButtonStyles\" data-wp-on--click=\"actions.showLightbox\" data-wp-on--load=\"callbacks.setButtonStyles\" data-wp-on--pointerdown=\"actions.preloadImage\" data-wp-on--pointerenter=\"actions.preloadImageWithDelay\" data-wp-on--pointerleave=\"actions.cancelPreload\" data-wp-on-window--resize=\"callbacks.setButtonStyles\" src=\"https:\/\/loudavymkrokem.cz\/wp-content\/uploads\/2026\/08\/articles-bonigen-02.jpg\" alt=\"Lago Brienz com os picos das montanhas\" class=\"wp-image-404462\" title=\"\" srcset=\"https:\/\/loudavymkrokem.cz\/wp-content\/uploads\/2026\/08\/articles-bonigen-02.jpg 1800w, https:\/\/loudavymkrokem.cz\/wp-content\/uploads\/2026\/08\/articles-bonigen-02-300x131.jpg 300w, https:\/\/loudavymkrokem.cz\/wp-content\/uploads\/2026\/08\/articles-bonigen-02-700x305.jpg 700w, https:\/\/loudavymkrokem.cz\/wp-content\/uploads\/2026\/08\/articles-bonigen-02-768x335.jpg 768w, https:\/\/loudavymkrokem.cz\/wp-content\/uploads\/2026\/08\/articles-bonigen-02-1536x670.jpg 1536w, https:\/\/loudavymkrokem.cz\/wp-content\/uploads\/2026\/08\/articles-bonigen-02-696x304.jpg 696w, https:\/\/loudavymkrokem.cz\/wp-content\/uploads\/2026\/08\/articles-bonigen-02-1392x607.jpg 1392w\" sizes=\"(max-width: 1800px) 100vw, 1800px\" \/><button\n\t\t\tclass=\"lightbox-trigger\"\n\t\t\ttype=\"button\"\n\t\t\taria-haspopup=\"dialog\"\n\t\t\tdata-wp-bind--aria-label=\"state.thisImage.triggerButtonAriaLabel\"\n\t\t\tdata-wp-init=\"callbacks.initTriggerButton\"\n\t\t\tdata-wp-on--click=\"actions.showLightbox\"\n\t\t\tdata-wp-style--right=\"state.thisImage.buttonRight\"\n\t\t\tdata-wp-style--top=\"state.thisImage.buttonTop\"\n\t\t>\n\t\t\t<svg xmlns=\"http:\/\/www.w3.org\/2000\/svg\" width=\"12\" height=\"12\" fill=\"none\" viewBox=\"0 0 12 12\">\n\t\t\t\t<path fill=\"#fff\" d=\"M2 0a2 2 0 0 0-2 2v2h1.5V2a.5.5 0 0 1 .5-.5h2V0H2Zm2 10.5H2a.5.5 0 0 1-.5-.5V8H0v2a2 2 0 0 0 2 2h2v-1.5ZM8 12v-1.5h2a.5.5 0 0 0 .5-.5V8H12v2a2 2 0 0 1-2 2H8Zm2-12a2 2 0 0 1 2 2v2h-1.5V2a.5.5 0 0 0-.5-.5H8V0h2Z\" \/>\n\t\t\t<\/svg>\n\t\t<\/button><figcaption class=\"wp-element-caption\">Foto: Adrian Farwell \/ Wikimedia Commons, CC BY 3.0<\/figcaption><\/figure>\n\n\n\n<h2 class=\"wp-block-heading\"><span class=\"ez-toc-section\" id=\"Quando_ir_a_Bonigen_e_como_chegar\"><\/span>Quando ir a B\u00f6nigen e como chegar<span class=\"ez-toc-section-end\"><\/span><\/h2>\n\n\n\n<p class=\"wp-block-paragraph\">A alta temporada tur\u00edstica no Oberland Bern\u00eas vai de <strong>maio a setembro<\/strong>, quando as temperaturas diurnas no vale chegam a agrad\u00e1veis <strong>24 \u00b0C<\/strong>. Mas voc\u00ea precisa lembrar que est\u00e1 na montanha, ent\u00e3o mesmo em pleno ver\u00e3o caem algumas gotas de chuva por aqui. Estatisticamente, chove cerca de <strong>9 a 12 dias por m\u00eas<\/strong>, ent\u00e3o vale a pena ter sempre uma capa de chuva imperme\u00e1vel na mochila.<\/p>\n\n\n\n<p class=\"wp-block-paragraph\">Se voc\u00ea est\u00e1 ansioso por um mergulho, a <strong>temperatura da \u00e1gua do Lago Brienz<\/strong> talvez te pegue de surpresa. O lago \u00e9 de origem glacial, muito profundo, e mesmo no mais quente agosto a \u00e1gua costuma ter apenas <strong>18 a 22 \u00b0C<\/strong>. Setembro, com seus 15 a 19 \u00b0C, j\u00e1 fica mais para os corajosos. A praia The Beach felizmente funciona de meados de maio a meados de setembro e oferece tamb\u00e9m uma alternativa aquecida.<\/p>\n\n\n\n<p class=\"wp-block-paragraph\">Chegar ao vilarejo \u00e9 incrivelmente f\u00e1cil gra\u00e7as \u00e0 precis\u00e3o su\u00ed\u00e7a. De trem, voc\u00ea chega de Zurique (em menos de duas horas) ou de Berna direto \u00e0 esta\u00e7\u00e3o <strong>Interlaken Ost<\/strong>. De l\u00e1 sai a <strong>linha de \u00f4nibus 103<\/strong>, que te leva ao centro de B\u00f6nigen em apenas 9 minutos. Os \u00f4nibus passam a cada meia hora e param bem \u00e0 beira do lago e no centro do vilarejo.<\/p>\n\n\n\n<p class=\"wp-block-paragraph\">E agora a melhor not\u00edcia: o <strong>Interlaken Guest Card<\/strong>, que voc\u00ea recebe junto com a hospedagem, garante viagens no <strong>transporte p\u00fablico local totalmente de gra\u00e7a<\/strong>, incluindo o mencionado \u00f4nibus 103. Ou seja, quem fica em B\u00f6nigen viaja para Interlaken ou para a vizinha Iseltwald sem pagar nada.<\/p>\n\n\n\n<figure data-wp-context=\"{&quot;imageId&quot;:&quot;6a956328651f8&quot;}\" data-wp-interactive=\"core\/image\" data-wp-key=\"6a956328651f8\" class=\"wp-block-image size-full wp-lightbox-container\"><img decoding=\"async\" width=\"1800\" height=\"1125\" data-wp-class--hide=\"state.isContentHidden\" data-wp-class--show=\"state.isContentVisible\" data-wp-init=\"callbacks.setButtonStyles\" data-wp-on--click=\"actions.showLightbox\" data-wp-on--load=\"callbacks.setButtonStyles\" data-wp-on--pointerdown=\"actions.preloadImage\" data-wp-on--pointerenter=\"actions.preloadImageWithDelay\" data-wp-on--pointerleave=\"actions.cancelPreload\" data-wp-on-window--resize=\"callbacks.setButtonStyles\" src=\"https:\/\/loudavymkrokem.cz\/wp-content\/uploads\/2026\/08\/articles-bonigen-03.jpg\" alt=\"Orla de B\u00f6nigen no Lago Brienz\" class=\"wp-image-404464\" title=\"\" srcset=\"https:\/\/loudavymkrokem.cz\/wp-content\/uploads\/2026\/08\/articles-bonigen-03.jpg 1800w, https:\/\/loudavymkrokem.cz\/wp-content\/uploads\/2026\/08\/articles-bonigen-03-300x188.jpg 300w, https:\/\/loudavymkrokem.cz\/wp-content\/uploads\/2026\/08\/articles-bonigen-03-700x438.jpg 700w, https:\/\/loudavymkrokem.cz\/wp-content\/uploads\/2026\/08\/articles-bonigen-03-768x480.jpg 768w, https:\/\/loudavymkrokem.cz\/wp-content\/uploads\/2026\/08\/articles-bonigen-03-1536x960.jpg 1536w, https:\/\/loudavymkrokem.cz\/wp-content\/uploads\/2026\/08\/articles-bonigen-03-696x435.jpg 696w, https:\/\/loudavymkrokem.cz\/wp-content\/uploads\/2026\/08\/articles-bonigen-03-1392x870.jpg 1392w\" sizes=\"(max-width: 1800px) 100vw, 1800px\" \/><button\n\t\t\tclass=\"lightbox-trigger\"\n\t\t\ttype=\"button\"\n\t\t\taria-haspopup=\"dialog\"\n\t\t\tdata-wp-bind--aria-label=\"state.thisImage.triggerButtonAriaLabel\"\n\t\t\tdata-wp-init=\"callbacks.initTriggerButton\"\n\t\t\tdata-wp-on--click=\"actions.showLightbox\"\n\t\t\tdata-wp-style--right=\"state.thisImage.buttonRight\"\n\t\t\tdata-wp-style--top=\"state.thisImage.buttonTop\"\n\t\t>\n\t\t\t<svg xmlns=\"http:\/\/www.w3.org\/2000\/svg\" width=\"12\" height=\"12\" fill=\"none\" viewBox=\"0 0 12 12\">\n\t\t\t\t<path fill=\"#fff\" d=\"M2 0a2 2 0 0 0-2 2v2h1.5V2a.5.5 0 0 1 .5-.5h2V0H2Zm2 10.5H2a.5.5 0 0 1-.5-.5V8H0v2a2 2 0 0 0 2 2h2v-1.5ZM8 12v-1.5h2a.5.5 0 0 0 .5-.5V8H12v2a2 2 0 0 1-2 2H8Zm2-12a2 2 0 0 1 2 2v2h-1.5V2a.5.5 0 0 0-.5-.5H8V0h2Z\" \/>\n\t\t\t<\/svg>\n\t\t<\/button><figcaption class=\"wp-element-caption\">Foto: JoachimKohler-HB \/ Wikimedia Commons, CC BY-SA 4.0<\/figcaption><\/figure>\n\n\n\n<h2 class=\"wp-block-heading\"><span class=\"ez-toc-section\" id=\"Onde_se_hospedar_em_Bonigen_e_quanto_custa\"><\/span>Onde se hospedar em B\u00f6nigen e quanto custa<span class=\"ez-toc-section-end\"><\/span><\/h2>\n\n\n\n<p class=\"wp-block-paragraph\"><em>\ud83d\udca1 Dica de hospedagem e experi\u00eancias: as hospedagens no local <a href=\"https:\/\/www.stay22.com\/allez\/roam?aid=lukaskonecny&amp;campaign=loudavymkrokemcz&amp;address=Bonigen\" target=\"_blank\" rel=\"nofollow noopener sponsored\">a gente compara aqui<\/a>, para ver o que est\u00e1 dispon\u00edvel e por quanto. Preferimos procurar no <a class=\"thirstylink\" rel=\"nofollow\" target=\"_blank\" title=\"Booking.com\" href=\"https:\/\/loudavymkrokem.cz\/doporucujeme\/booking-com\/\" data-shortcode=\"true\">Booking.com<\/a>, onde costumam ter as melhores condi\u00e7\u00f5es de cancelamento. Ingressos, passeios e atividades vale a pena comparar e comprar pelo <a class=\"thirstylink\" rel=\"nofollow\" target=\"_blank\" title=\"GetYourGuide\" href=\"https:\/\/loudavymkrokem.cz\/doporucujeme\/getyourguide\/\" data-shortcode=\"true\">GetYourGuide<\/a>.<\/em><\/p>\n\n\n\n<p class=\"wp-block-paragraph\">Ficar diretamente em B\u00f6nigen \u00e9 a jogada mais inteligente que voc\u00ea pode fazer ao planejar f\u00e9rias na Su\u00ed\u00e7a. Enquanto a vizinha Interlaken costuma ser superfaturada e cheia de grupos de turistas barulhentos, aqui voc\u00ea encontra <strong>uma paz aut\u00eantica e pre\u00e7os bem mais amig\u00e1veis<\/strong>. E de \u00f4nibus voc\u00ea chega ao centro da a\u00e7\u00e3o em menos de dez minutos.<\/p>\n\n\n\n<p class=\"wp-block-paragraph\">Na Su\u00ed\u00e7a tamb\u00e9m <strong>vale muito a pena uma hospedagem com cozinha pr\u00f3pria<\/strong>. Os pre\u00e7os nos restaurantes s\u00e3o astron\u00f4micos, ent\u00e3o poder preparar seu pr\u00f3prio jantar ou fazer um lanche para a trilha reduz o or\u00e7amento em v\u00e1rios milhares de reais. Mas n\u00e3o esque\u00e7a de <strong>reservar com muita anteced\u00eancia<\/strong>, porque na alta temporada as melhores op\u00e7\u00f5es ficam esgotadas com meses de anteced\u00eancia.<\/p>\n\n\n\n<p class=\"wp-block-paragraph\">Aqui v\u00e3o dicas concretas de \u00f3timas hospedagens segundo as avalia\u00e7\u00f5es dos viajantes:<\/p>\n\n\n\n<ul class=\"wp-block-list\">\n<li><strong><a href=\"https:\/\/www.stay22.com\/allez\/roam?aid=lukaskonecny&amp;campaign=loudavymkrokemcz&amp;campaign=bonigen&amp;hotelname=Hotel%20Seiler%20au%20Lac&amp;address=B%C3%B6nigen%2C%20%C5%A0v%C3%BDcarsko\" target=\"_blank\" rel=\"noopener nofollow sponsored\">Hotel Seiler au Lac<\/a>:<\/strong> o Hotel Seiler au Lac fica bem \u00e0 beira d&#8217;\u00e1gua e o barco a vapor para na porta, ent\u00e3o voc\u00ea nem precisa se preocupar em como chegar ao barco. Quarenta quartos, vista para as montanhas e para a \u00e1gua \u2014 \u00e9 o endere\u00e7o certo quando voc\u00ea quer estar no cora\u00e7\u00e3o da a\u00e7\u00e3o.<\/li>\n\n\n\n<li><strong><a href=\"https:\/\/www.stay22.com\/allez\/roam?aid=lukaskonecny&amp;campaign=loudavymkrokemcz&amp;campaign=bonigen&amp;hotelname=Seehotel%20B%C3%B6nigen&amp;address=B%C3%B6nigen%2C%20%C5%A0v%C3%BDcarsko\" target=\"_blank\" rel=\"noopener nofollow sponsored\">Seehotel B\u00f6nigen<\/a>:<\/strong> \u00f3tima <strong>op\u00e7\u00e3o para fam\u00edlias, com vista panor\u00e2mica<\/strong>, que oferece uma atmosfera mais tranquila e um restaurante pr\u00f3prio bem falado. Os h\u00f3spedes elogiam muito o atendimento pessoal dos donos e os caf\u00e9s da manh\u00e3 fartos.<\/li>\n\n\n\n<li><strong><a href=\"https:\/\/www.stay22.com\/allez\/roam?aid=lukaskonecny&amp;campaign=loudavymkrokemcz&amp;campaign=bonigen&amp;hotelname=TCS%20Camping%20B%C3%B6nigen%20Brienzersee&amp;address=B%C3%B6nigen%2C%20%C5%A0v%C3%BDcarsko\" target=\"_blank\" rel=\"noopener nofollow sponsored\">TCS Camping B\u00f6nigen Brienzersee<\/a>:<\/strong> a <strong>op\u00e7\u00e3o econ\u00f4mica perfeita, com a melhor localiza\u00e7\u00e3o do vilarejo<\/strong> \u2014 bem \u00e0 beira do lago e a 200 metros da praia. Mas aten\u00e7\u00e3o a duas coisas: <strong>o camping n\u00e3o tem piscina nem tobo\u00e1gua<\/strong> (s\u00f3 um lago raso infantil) e, quanto ao atendimento da equipe a fam\u00edlias com crian\u00e7as pequenas, temos uma experi\u00eancia ruim que descrevo mais abaixo.<\/li>\n\n\n\n<li><strong><a href=\"https:\/\/www.stay22.com\/allez\/roam?aid=lukaskonecny&amp;campaign=loudavymkrokemcz&amp;campaign=bonigen&amp;hotelname=Mountain%20and%20Lake&amp;address=B%C3%B6nigen%2C%20%C5%A0v%C3%BDcarsko\" target=\"_blank\" rel=\"noopener nofollow sponsored\">Mountain and Lake<\/a>:<\/strong> um <strong>apartamento privado com cozinha totalmente equipada<\/strong>, com avalia\u00e7\u00f5es fant\u00e1sticas, que te d\u00e1 o m\u00e1ximo de independ\u00eancia. Tem um terra\u00e7o lindo e, segundo os coment\u00e1rios, \u00e9 o lugar ideal para estadias mais longas com cozinha pr\u00f3pria.<\/li>\n\n\n\n<li><strong><a href=\"https:\/\/www.stay22.com\/allez\/roam?aid=lukaskonecny&amp;campaign=loudavymkrokemcz&amp;campaign=bonigen&amp;hotelname=Walida&amp;address=B%C3%B6nigen%2C%20%C5%A0v%C3%BDcarsko\" target=\"_blank\" rel=\"noopener nofollow sponsored\">Walida<\/a>:<\/strong> um hotel mais simples, mas muito <strong>agrad\u00e1vel e com pre\u00e7o razo\u00e1vel<\/strong>, onde voc\u00ea vai gostar das varandas com vista para os cumes alpinos. Os h\u00f3spedes elogiam a limpeza e a atmosfera aconchegante e caseira.<\/li>\n<\/ul>\n\n\n\n<figure data-wp-context=\"{&quot;imageId&quot;:&quot;6a95632865ae8&quot;}\" data-wp-interactive=\"core\/image\" data-wp-key=\"6a95632865ae8\" class=\"wp-block-image size-full wp-lightbox-container\"><img decoding=\"async\" width=\"1800\" height=\"1350\" data-wp-class--hide=\"state.isContentHidden\" data-wp-class--show=\"state.isContentVisible\" data-wp-init=\"callbacks.setButtonStyles\" data-wp-on--click=\"actions.showLightbox\" data-wp-on--load=\"callbacks.setButtonStyles\" data-wp-on--pointerdown=\"actions.preloadImage\" data-wp-on--pointerenter=\"actions.preloadImageWithDelay\" data-wp-on--pointerleave=\"actions.cancelPreload\" data-wp-on-window--resize=\"callbacks.setButtonStyles\" src=\"https:\/\/loudavymkrokem.cz\/wp-content\/uploads\/2026\/08\/articles-bonigen-04.jpg\" alt=\"B\u00f6nigen e sua orla no Lago Brienz\" class=\"wp-image-404465\" title=\"\" srcset=\"https:\/\/loudavymkrokem.cz\/wp-content\/uploads\/2026\/08\/articles-bonigen-04.jpg 1800w, https:\/\/loudavymkrokem.cz\/wp-content\/uploads\/2026\/08\/articles-bonigen-04-300x225.jpg 300w, https:\/\/loudavymkrokem.cz\/wp-content\/uploads\/2026\/08\/articles-bonigen-04-700x525.jpg 700w, https:\/\/loudavymkrokem.cz\/wp-content\/uploads\/2026\/08\/articles-bonigen-04-768x576.jpg 768w, https:\/\/loudavymkrokem.cz\/wp-content\/uploads\/2026\/08\/articles-bonigen-04-1536x1152.jpg 1536w, https:\/\/loudavymkrokem.cz\/wp-content\/uploads\/2026\/08\/articles-bonigen-04-80x60.jpg 80w, https:\/\/loudavymkrokem.cz\/wp-content\/uploads\/2026\/08\/articles-bonigen-04-160x120.jpg 160w, https:\/\/loudavymkrokem.cz\/wp-content\/uploads\/2026\/08\/articles-bonigen-04-696x522.jpg 696w, https:\/\/loudavymkrokem.cz\/wp-content\/uploads\/2026\/08\/articles-bonigen-04-1392x1044.jpg 1392w\" sizes=\"(max-width: 1800px) 100vw, 1800px\" \/><button\n\t\t\tclass=\"lightbox-trigger\"\n\t\t\ttype=\"button\"\n\t\t\taria-haspopup=\"dialog\"\n\t\t\tdata-wp-bind--aria-label=\"state.thisImage.triggerButtonAriaLabel\"\n\t\t\tdata-wp-init=\"callbacks.initTriggerButton\"\n\t\t\tdata-wp-on--click=\"actions.showLightbox\"\n\t\t\tdata-wp-style--right=\"state.thisImage.buttonRight\"\n\t\t\tdata-wp-style--top=\"state.thisImage.buttonTop\"\n\t\t>\n\t\t\t<svg xmlns=\"http:\/\/www.w3.org\/2000\/svg\" width=\"12\" height=\"12\" fill=\"none\" viewBox=\"0 0 12 12\">\n\t\t\t\t<path fill=\"#fff\" d=\"M2 0a2 2 0 0 0-2 2v2h1.5V2a.5.5 0 0 1 .5-.5h2V0H2Zm2 10.5H2a.5.5 0 0 1-.5-.5V8H0v2a2 2 0 0 0 2 2h2v-1.5ZM8 12v-1.5h2a.5.5 0 0 0 .5-.5V8H12v2a2 2 0 0 1-2 2H8Zm2-12a2 2 0 0 1 2 2v2h-1.5V2a.5.5 0 0 0-.5-.5H8V0h2Z\" \/>\n\t\t\t<\/svg>\n\t\t<\/button><figcaption class=\"wp-element-caption\">Foto: Sven Huls \/ Pexels<\/figcaption><\/figure>\n\n\n\n<h2 class=\"wp-block-heading\"><span class=\"ez-toc-section\" id=\"Em_Bonigen_6_dicas_do_que_ver_e_fazer_a_beira_dagua\"><\/span>Em B\u00f6nigen: 6 dicas do que ver e fazer \u00e0 beira d&#8217;\u00e1gua<span class=\"ez-toc-section-end\"><\/span><\/h2>\n\n\n\n<p class=\"wp-block-paragraph\">O pr\u00f3prio vilarejo \u00e9 o <strong>lugar ideal para dias sem pressa<\/strong>, quando voc\u00ea n\u00e3o est\u00e1 a fim de subir montanhas altas. Aqui voc\u00ea pode simplesmente perambular pelas ruelas estreitas, admirar a maestria dos velhos mestres carpinteiros ou passar o tempo bem \u00e0 <strong>beira do lago turquesa<\/strong>.<\/p>\n\n\n\n<p class=\"wp-block-paragraph\">Voc\u00ea encontra aqui a mistura perfeita de hist\u00f3ria e atividades aqu\u00e1ticas, que garantem divers\u00e3o por pelo menos um fim de semana inteiro. E ainda por cima tudo fica <strong>lindamente \u00e0 m\u00e3o e a dist\u00e2ncia de caminhada<\/strong>, ent\u00e3o voc\u00ea pode deixar o carro tranquilo estacionado no hotel.<\/p>\n\n\n\n<p class=\"wp-block-paragraph\">\ud83d\udca1 Dica: a maioria das experi\u00eancias pela regi\u00e3o (passeios de barco pelo lago, trilhas de caiaque, passeios de jetboat e at\u00e9 excurs\u00f5es ao Jungfraujoch) voc\u00ea pode reservar antecipadamente no <a class=\"thirstylink\" rel=\"nofollow\" target=\"_blank\" title=\"GetYourGuide\" href=\"https:\/\/loudavymkrokem.cz\/doporucujeme\/getyourguide\/\" data-shortcode=\"true\">GetYourGuide<\/a>. Na alta temporada, os hor\u00e1rios mais procurados lotam com v\u00e1rios dias de anteced\u00eancia.<\/p>\n\n\n\n<figure data-wp-context=\"{&quot;imageId&quot;:&quot;6a95632866208&quot;}\" data-wp-interactive=\"core\/image\" data-wp-key=\"6a95632866208\" class=\"wp-block-image size-full wp-lightbox-container\"><img decoding=\"async\" width=\"1800\" height=\"1350\" data-wp-class--hide=\"state.isContentHidden\" data-wp-class--show=\"state.isContentVisible\" data-wp-init=\"callbacks.setButtonStyles\" data-wp-on--click=\"actions.showLightbox\" data-wp-on--load=\"callbacks.setButtonStyles\" data-wp-on--pointerdown=\"actions.preloadImage\" data-wp-on--pointerenter=\"actions.preloadImageWithDelay\" data-wp-on--pointerleave=\"actions.cancelPreload\" data-wp-on-window--resize=\"callbacks.setButtonStyles\" src=\"https:\/\/loudavymkrokem.cz\/wp-content\/uploads\/2026\/08\/articles-bonigen-05.jpg\" alt=\"Casa de madeira hist\u00f3rica entalhada em B\u00f6nigen\" class=\"wp-image-404467\" title=\"\" srcset=\"https:\/\/loudavymkrokem.cz\/wp-content\/uploads\/2026\/08\/articles-bonigen-05.jpg 1800w, https:\/\/loudavymkrokem.cz\/wp-content\/uploads\/2026\/08\/articles-bonigen-05-300x225.jpg 300w, https:\/\/loudavymkrokem.cz\/wp-content\/uploads\/2026\/08\/articles-bonigen-05-700x525.jpg 700w, https:\/\/loudavymkrokem.cz\/wp-content\/uploads\/2026\/08\/articles-bonigen-05-768x576.jpg 768w, https:\/\/loudavymkrokem.cz\/wp-content\/uploads\/2026\/08\/articles-bonigen-05-1536x1152.jpg 1536w, https:\/\/loudavymkrokem.cz\/wp-content\/uploads\/2026\/08\/articles-bonigen-05-80x60.jpg 80w, https:\/\/loudavymkrokem.cz\/wp-content\/uploads\/2026\/08\/articles-bonigen-05-160x120.jpg 160w, https:\/\/loudavymkrokem.cz\/wp-content\/uploads\/2026\/08\/articles-bonigen-05-696x522.jpg 696w, https:\/\/loudavymkrokem.cz\/wp-content\/uploads\/2026\/08\/articles-bonigen-05-1392x1044.jpg 1392w\" sizes=\"(max-width: 1800px) 100vw, 1800px\" \/><button\n\t\t\tclass=\"lightbox-trigger\"\n\t\t\ttype=\"button\"\n\t\t\taria-haspopup=\"dialog\"\n\t\t\tdata-wp-bind--aria-label=\"state.thisImage.triggerButtonAriaLabel\"\n\t\t\tdata-wp-init=\"callbacks.initTriggerButton\"\n\t\t\tdata-wp-on--click=\"actions.showLightbox\"\n\t\t\tdata-wp-style--right=\"state.thisImage.buttonRight\"\n\t\t\tdata-wp-style--top=\"state.thisImage.buttonTop\"\n\t\t>\n\t\t\t<svg xmlns=\"http:\/\/www.w3.org\/2000\/svg\" width=\"12\" height=\"12\" fill=\"none\" viewBox=\"0 0 12 12\">\n\t\t\t\t<path fill=\"#fff\" d=\"M2 0a2 2 0 0 0-2 2v2h1.5V2a.5.5 0 0 1 .5-.5h2V0H2Zm2 10.5H2a.5.5 0 0 1-.5-.5V8H0v2a2 2 0 0 0 2 2h2v-1.5ZM8 12v-1.5h2a.5.5 0 0 0 .5-.5V8H12v2a2 2 0 0 1-2 2H8Zm2-12a2 2 0 0 1 2 2v2h-1.5V2a.5.5 0 0 0-.5-.5H8V0h2Z\" \/>\n\t\t\t<\/svg>\n\t\t<\/button><figcaption class=\"wp-element-caption\">Foto: Freek Wolsink \/ Pexels<\/figcaption><\/figure>\n\n\n\n<h3 class=\"wp-block-heading\"><span class=\"ez-toc-section\" id=\"1_Casas_de_madeira_historicas_e_o_Hauserweg\"><\/span>1. Casas de madeira hist\u00f3ricas e o H\u00e4userweg<span class=\"ez-toc-section-end\"><\/span><\/h3>\n\n\n\n<p class=\"wp-block-paragraph\">O n\u00facleo do vilarejo \u00e9 formado por um conjunto \u00fanico de <strong>casas de madeira entalhadas dos s\u00e9culos 16 a 19<\/strong>. B\u00f6nigen teve muita sorte na hist\u00f3ria por nunca ter sido atingido por um grande inc\u00eandio devastador. Gra\u00e7as a isso, sobreviveu aqui uma arquitetura cont\u00ednua de cada per\u00edodo construtivo desde 1549, algo rar\u00edssimo na Su\u00ed\u00e7a.<\/p>\n\n\n\n<p class=\"wp-block-paragraph\">Ao passear pela trilha tem\u00e1tica <strong>Historischer H\u00e4userweg<\/strong>, voc\u00ea vai ficar impressionado com o trabalho detalhado de entalhe nas fachadas. Vai ver ornamentos complexos, inscri\u00e7\u00f5es antigas e varandas com formas precisas. A trilha tem um guia interativo SmartTrail, que voc\u00ea baixa f\u00e1cil no celular e que revela as hist\u00f3rias das fam\u00edlias.<\/p>\n\n\n\n<p class=\"wp-block-paragraph\">A constru\u00e7\u00e3o mais famosa \u00e9 a chamada <strong>Housihuus, de 1757<\/strong>, que servia como a primeira estalagem local. Tem at\u00e9 hist\u00f3ria real, porque em 1808 o rei Friedrich de W\u00fcrttemberg pernoitou aqui. Tamb\u00e9m vale a aten\u00e7\u00e3o o antigo celeiro Christi&#8217;s Spycher, de 1746, que mostra como se guardavam antigamente as valiosas reservas de comida.<\/p>\n\n\n\n<p class=\"wp-block-paragraph\">\ud83d\udca1 Dica: toda manh\u00e3 \u00e0s 9h15, em frente ao <a href=\"https:\/\/www.boenigen-iseltwald.ch\" target=\"_blank\" rel=\"nofollow noopener\">posto de informa\u00e7\u00f5es tur\u00edsticas<\/a>, acontecem <strong>visitas guiadas pelo vilarejo<\/strong>. \u00c9 uma \u00f3tima oportunidade de saber com os moradores os detalhes picantes que voc\u00ea n\u00e3o encontra em nenhum guia impresso.<\/p>\n\n\n\n<figure data-wp-context=\"{&quot;imageId&quot;:&quot;6a956328668b2&quot;}\" data-wp-interactive=\"core\/image\" data-wp-key=\"6a956328668b2\" class=\"wp-block-image size-full wp-lightbox-container\"><img decoding=\"async\" width=\"1800\" height=\"1341\" data-wp-class--hide=\"state.isContentHidden\" data-wp-class--show=\"state.isContentVisible\" data-wp-init=\"callbacks.setButtonStyles\" data-wp-on--click=\"actions.showLightbox\" data-wp-on--load=\"callbacks.setButtonStyles\" data-wp-on--pointerdown=\"actions.preloadImage\" data-wp-on--pointerenter=\"actions.preloadImageWithDelay\" data-wp-on--pointerleave=\"actions.cancelPreload\" data-wp-on-window--resize=\"callbacks.setButtonStyles\" src=\"https:\/\/loudavymkrokem.cz\/wp-content\/uploads\/2026\/08\/articles-bonigen-06.jpg\" alt=\"Interior de uma casa tradicional do Oberland\" class=\"wp-image-404469\" title=\"\" srcset=\"https:\/\/loudavymkrokem.cz\/wp-content\/uploads\/2026\/08\/articles-bonigen-06.jpg 1800w, https:\/\/loudavymkrokem.cz\/wp-content\/uploads\/2026\/08\/articles-bonigen-06-300x224.jpg 300w, https:\/\/loudavymkrokem.cz\/wp-content\/uploads\/2026\/08\/articles-bonigen-06-700x522.jpg 700w, https:\/\/loudavymkrokem.cz\/wp-content\/uploads\/2026\/08\/articles-bonigen-06-768x572.jpg 768w, https:\/\/loudavymkrokem.cz\/wp-content\/uploads\/2026\/08\/articles-bonigen-06-1536x1144.jpg 1536w, https:\/\/loudavymkrokem.cz\/wp-content\/uploads\/2026\/08\/articles-bonigen-06-80x60.jpg 80w, https:\/\/loudavymkrokem.cz\/wp-content\/uploads\/2026\/08\/articles-bonigen-06-160x120.jpg 160w, https:\/\/loudavymkrokem.cz\/wp-content\/uploads\/2026\/08\/articles-bonigen-06-696x519.jpg 696w, https:\/\/loudavymkrokem.cz\/wp-content\/uploads\/2026\/08\/articles-bonigen-06-1392x1037.jpg 1392w\" sizes=\"(max-width: 1800px) 100vw, 1800px\" \/><button\n\t\t\tclass=\"lightbox-trigger\"\n\t\t\ttype=\"button\"\n\t\t\taria-haspopup=\"dialog\"\n\t\t\tdata-wp-bind--aria-label=\"state.thisImage.triggerButtonAriaLabel\"\n\t\t\tdata-wp-init=\"callbacks.initTriggerButton\"\n\t\t\tdata-wp-on--click=\"actions.showLightbox\"\n\t\t\tdata-wp-style--right=\"state.thisImage.buttonRight\"\n\t\t\tdata-wp-style--top=\"state.thisImage.buttonTop\"\n\t\t>\n\t\t\t<svg xmlns=\"http:\/\/www.w3.org\/2000\/svg\" width=\"12\" height=\"12\" fill=\"none\" viewBox=\"0 0 12 12\">\n\t\t\t\t<path fill=\"#fff\" d=\"M2 0a2 2 0 0 0-2 2v2h1.5V2a.5.5 0 0 1 .5-.5h2V0H2Zm2 10.5H2a.5.5 0 0 1-.5-.5V8H0v2a2 2 0 0 0 2 2h2v-1.5ZM8 12v-1.5h2a.5.5 0 0 0 .5-.5V8H12v2a2 2 0 0 1-2 2H8Zm2-12a2 2 0 0 1 2 2v2h-1.5V2a.5.5 0 0 0-.5-.5H8V0h2Z\" \/>\n\t\t\t<\/svg>\n\t\t<\/button><figcaption class=\"wp-element-caption\">Foto: Abhishek  Navlakha \/ Pexels<\/figcaption><\/figure>\n\n\n\n<h3 class=\"wp-block-heading\"><span class=\"ez-toc-section\" id=\"2_Museu_do_vilarejo_Dorfmuseum_%E2%80%9Calte_Pinte%E2%80%9D\"><\/span>2. Museu do vilarejo Dorfmuseum &#8220;alte Pinte&#8221;<span class=\"ez-toc-section-end\"><\/span><\/h3>\n\n\n\n<p class=\"wp-block-paragraph\">Se voc\u00ea quer ver como se vivia de verdade nessas casas de madeira, precisa passar no museu local. Ele fica numa <strong>casa lindamente preservada de 1772<\/strong> e transmite aquela atmosfera dos velhos tempos, quando a vida na montanha era muito mais dura do que hoje.<\/p>\n\n\n\n<p class=\"wp-block-paragraph\">A exposi\u00e7\u00e3o mostra a t\u00edpica moradia do Oberland nos menores detalhes. Voc\u00ea encontra aqui <strong>m\u00f3veis e objetos hist\u00f3ricos dos anos 1730 a 1920<\/strong>, de antigas rocas de fiar a ba\u00fas de enxoval pintados \u00e0 m\u00e3o. \u00c9 fascinante ver com que maestria os artes\u00e3os locais conseguiam trabalhar a madeira.<\/p>\n\n\n\n<p class=\"wp-block-paragraph\">A visita n\u00e3o te toma mais que uma hora, mas te d\u00e1 um enorme <strong>respeito pela cultura e pelas tradi\u00e7\u00f5es locais<\/strong>. Voc\u00ea descobre como se aquecia a casa antigamente, como se processava o leite dos pastos de montanha e como era a rotina cotidiana de uma fam\u00edlia su\u00ed\u00e7a comum.<\/p>\n\n\n\n<p class=\"wp-block-paragraph\">\ud83d\udca1 Dica: o <strong>hor\u00e1rio de funcionamento do museu<\/strong> costuma ser <strong>bem restrito na baixa temporada<\/strong>, ent\u00e3o confira antes no site quais dias est\u00e3o abertos, para n\u00e3o ficar parado diante de portas trancadas.<\/p>\n\n\n\n<figure data-wp-context=\"{&quot;imageId&quot;:&quot;6a95632866fe2&quot;}\" data-wp-interactive=\"core\/image\" data-wp-key=\"6a95632866fe2\" class=\"wp-block-image size-full wp-lightbox-container\"><img decoding=\"async\" width=\"1800\" height=\"1350\" data-wp-class--hide=\"state.isContentHidden\" data-wp-class--show=\"state.isContentVisible\" data-wp-init=\"callbacks.setButtonStyles\" data-wp-on--click=\"actions.showLightbox\" data-wp-on--load=\"callbacks.setButtonStyles\" data-wp-on--pointerdown=\"actions.preloadImage\" data-wp-on--pointerenter=\"actions.preloadImageWithDelay\" data-wp-on--pointerleave=\"actions.cancelPreload\" data-wp-on-window--resize=\"callbacks.setButtonStyles\" src=\"https:\/\/loudavymkrokem.cz\/wp-content\/uploads\/2026\/08\/articles-bonigen-07.jpg\" alt=\"B\u00f6nigen visto do conv\u00e9s de um barco no Lago Brienz\" class=\"wp-image-404470\" title=\"\" srcset=\"https:\/\/loudavymkrokem.cz\/wp-content\/uploads\/2026\/08\/articles-bonigen-07.jpg 1800w, https:\/\/loudavymkrokem.cz\/wp-content\/uploads\/2026\/08\/articles-bonigen-07-300x225.jpg 300w, https:\/\/loudavymkrokem.cz\/wp-content\/uploads\/2026\/08\/articles-bonigen-07-700x525.jpg 700w, https:\/\/loudavymkrokem.cz\/wp-content\/uploads\/2026\/08\/articles-bonigen-07-768x576.jpg 768w, https:\/\/loudavymkrokem.cz\/wp-content\/uploads\/2026\/08\/articles-bonigen-07-1536x1152.jpg 1536w, https:\/\/loudavymkrokem.cz\/wp-content\/uploads\/2026\/08\/articles-bonigen-07-80x60.jpg 80w, https:\/\/loudavymkrokem.cz\/wp-content\/uploads\/2026\/08\/articles-bonigen-07-160x120.jpg 160w, https:\/\/loudavymkrokem.cz\/wp-content\/uploads\/2026\/08\/articles-bonigen-07-696x522.jpg 696w, https:\/\/loudavymkrokem.cz\/wp-content\/uploads\/2026\/08\/articles-bonigen-07-1392x1044.jpg 1392w\" sizes=\"(max-width: 1800px) 100vw, 1800px\" \/><button\n\t\t\tclass=\"lightbox-trigger\"\n\t\t\ttype=\"button\"\n\t\t\taria-haspopup=\"dialog\"\n\t\t\tdata-wp-bind--aria-label=\"state.thisImage.triggerButtonAriaLabel\"\n\t\t\tdata-wp-init=\"callbacks.initTriggerButton\"\n\t\t\tdata-wp-on--click=\"actions.showLightbox\"\n\t\t\tdata-wp-style--right=\"state.thisImage.buttonRight\"\n\t\t\tdata-wp-style--top=\"state.thisImage.buttonTop\"\n\t\t>\n\t\t\t<svg xmlns=\"http:\/\/www.w3.org\/2000\/svg\" width=\"12\" height=\"12\" fill=\"none\" viewBox=\"0 0 12 12\">\n\t\t\t\t<path fill=\"#fff\" d=\"M2 0a2 2 0 0 0-2 2v2h1.5V2a.5.5 0 0 1 .5-.5h2V0H2Zm2 10.5H2a.5.5 0 0 1-.5-.5V8H0v2a2 2 0 0 0 2 2h2v-1.5ZM8 12v-1.5h2a.5.5 0 0 0 .5-.5V8H12v2a2 2 0 0 1-2 2H8Zm2-12a2 2 0 0 1 2 2v2h-1.5V2a.5.5 0 0 0-.5-.5H8V0h2Z\" \/>\n\t\t\t<\/svg>\n\t\t<\/button><figcaption class=\"wp-element-caption\">Foto: Andrew Bossi \/ Wikimedia Commons, CC BY-SA 2.5<\/figcaption><\/figure>\n\n\n\n<h3 class=\"wp-block-heading\"><span class=\"ez-toc-section\" id=\"3_A_orla_o_pier_e_o_Brienzersee_Lakewalk\"><\/span>3. A orla, o p\u00eder e o Brienzersee Lakewalk<span class=\"ez-toc-section-end\"><\/span><\/h3>\n\n\n\n<p class=\"wp-block-paragraph\">O cora\u00e7\u00e3o de todo B\u00f6nigen \u00e9, sem d\u00favida, sua orla. O <strong>Brienzersee Lakewalk<\/strong> tem uma avalia\u00e7\u00e3o fant\u00e1stica de 4,8 no Google, de quase mil coment\u00e1rios, e \u00e9 o primeiro lugar para onde seus passos devem se dirigir ao chegar. A vista do p\u00eder para os picos ao redor e para a superf\u00edcie turquesa \u00e9 simplesmente ic\u00f4nica.<\/p>\n\n\n\n<p class=\"wp-block-paragraph\">Toda a promenade foi projetada como um <strong>caminho acess\u00edvel ao longo do lago e do rio Aare<\/strong>. \u00c9 absolutamente ideal para fam\u00edlias com carrinho de beb\u00ea, cadeirantes ou para uma caminhada tranquila ao entardecer, quando as pernas j\u00e1 doem depois de uma trilha o dia inteiro. A \u00e1gua tem uma cor incr\u00edvel, causada pela chamada farinha glacial arrastada dos maci\u00e7os ao redor.<\/p>\n\n\n\n<p class=\"wp-block-paragraph\">Na alta temporada a orla ganha vida com cultura. Bem ao lado do p\u00eder principal acontecem regularmente <strong>concertos folcl\u00f3ricos tradicionais<\/strong>, onde voc\u00ea pode ouvir ao vivo as trompas alpinas e ver os moradores locais em lindos trajes hist\u00f3ricos. \u00c9 uma experi\u00eancia que faz parte, sem d\u00favida, de uma estadia no Oberland Bern\u00eas.<\/p>\n\n\n\n<p class=\"wp-block-paragraph\">\ud83d\udca1 Dica: a pouca dist\u00e2ncia da promenade fica o <strong>pequeno lago Depotseeli<\/strong>, que curiosamente surgiu de forma artificial durante a constru\u00e7\u00e3o hist\u00f3rica da ferrovia. Hoje serve principalmente aos pescadores locais, mas \u00e9 um cantinho bonito e silencioso para uma parada r\u00e1pida.<\/p>\n\n\n\n<figure data-wp-context=\"{&quot;imageId&quot;:&quot;6a956328676a7&quot;}\" data-wp-interactive=\"core\/image\" data-wp-key=\"6a956328676a7\" class=\"wp-block-image size-full wp-lightbox-container\"><img decoding=\"async\" width=\"1800\" height=\"1199\" data-wp-class--hide=\"state.isContentHidden\" data-wp-class--show=\"state.isContentVisible\" data-wp-init=\"callbacks.setButtonStyles\" data-wp-on--click=\"actions.showLightbox\" data-wp-on--load=\"callbacks.setButtonStyles\" data-wp-on--pointerdown=\"actions.preloadImage\" data-wp-on--pointerenter=\"actions.preloadImageWithDelay\" data-wp-on--pointerleave=\"actions.cancelPreload\" data-wp-on-window--resize=\"callbacks.setButtonStyles\" src=\"https:\/\/loudavymkrokem.cz\/wp-content\/uploads\/2026\/08\/articles-bonigen-08.jpg\" alt=\"Balne\u00e1rio \u00e0 beira do lago com piscina\" class=\"wp-image-404472\" title=\"\" srcset=\"https:\/\/loudavymkrokem.cz\/wp-content\/uploads\/2026\/08\/articles-bonigen-08.jpg 1800w, https:\/\/loudavymkrokem.cz\/wp-content\/uploads\/2026\/08\/articles-bonigen-08-300x200.jpg 300w, https:\/\/loudavymkrokem.cz\/wp-content\/uploads\/2026\/08\/articles-bonigen-08-700x466.jpg 700w, https:\/\/loudavymkrokem.cz\/wp-content\/uploads\/2026\/08\/articles-bonigen-08-768x512.jpg 768w, https:\/\/loudavymkrokem.cz\/wp-content\/uploads\/2026\/08\/articles-bonigen-08-1536x1023.jpg 1536w, https:\/\/loudavymkrokem.cz\/wp-content\/uploads\/2026\/08\/articles-bonigen-08-696x464.jpg 696w, https:\/\/loudavymkrokem.cz\/wp-content\/uploads\/2026\/08\/articles-bonigen-08-1392x927.jpg 1392w\" sizes=\"(max-width: 1800px) 100vw, 1800px\" \/><button\n\t\t\tclass=\"lightbox-trigger\"\n\t\t\ttype=\"button\"\n\t\t\taria-haspopup=\"dialog\"\n\t\t\tdata-wp-bind--aria-label=\"state.thisImage.triggerButtonAriaLabel\"\n\t\t\tdata-wp-init=\"callbacks.initTriggerButton\"\n\t\t\tdata-wp-on--click=\"actions.showLightbox\"\n\t\t\tdata-wp-style--right=\"state.thisImage.buttonRight\"\n\t\t\tdata-wp-style--top=\"state.thisImage.buttonTop\"\n\t\t>\n\t\t\t<svg xmlns=\"http:\/\/www.w3.org\/2000\/svg\" width=\"12\" height=\"12\" fill=\"none\" viewBox=\"0 0 12 12\">\n\t\t\t\t<path fill=\"#fff\" d=\"M2 0a2 2 0 0 0-2 2v2h1.5V2a.5.5 0 0 1 .5-.5h2V0H2Zm2 10.5H2a.5.5 0 0 1-.5-.5V8H0v2a2 2 0 0 0 2 2h2v-1.5ZM8 12v-1.5h2a.5.5 0 0 0 .5-.5V8H12v2a2 2 0 0 1-2 2H8Zm2-12a2 2 0 0 1 2 2v2h-1.5V2a.5.5 0 0 0-.5-.5H8V0h2Z\" \/>\n\t\t\t<\/svg>\n\t\t<\/button><figcaption class=\"wp-element-caption\">Foto: Jean-Paul Wettstein \/ Pexels<\/figcaption><\/figure>\n\n\n\n<h3 class=\"wp-block-heading\"><span class=\"ez-toc-section\" id=\"4_Praia_e_balneario_The_Beach\"><\/span>4. Praia e balne\u00e1rio The Beach<span class=\"ez-toc-section-end\"><\/span><\/h3>\n\n\n\n<p class=\"wp-block-paragraph\">Embora o lago seja frio, B\u00f6nigen tem um plano B perfeito preparado para os amantes da \u00e1gua. O balne\u00e1rio local The Beach (Strandbad B\u00f6nigen) funciona mais ou menos de meados de maio a meados de setembro e o ingresso para 2026 custa <strong>bem agrad\u00e1veis 6 CHF para adultos<\/strong>.<\/p>\n\n\n\n<p class=\"wp-block-paragraph\">Al\u00e9m do acesso ao lago, o complexo oferece tamb\u00e9m uma <strong>piscina aquecida de 25 metros<\/strong>, algo que voc\u00ea vai valorizar nos dias em que realmente n\u00e3o est\u00e1 a fim de entrar na \u00e1gua glacial. Para quem quer nadar, h\u00e1 uma \u00e1rea delimitada dentro do lago, e ao redor se estende um amplo gramado com \u00e1rvores grandes, que proporcionam bastante sombra natural.<\/p>\n\n\n\n<p class=\"wp-block-paragraph\">A infraestrutura aqui, para os padr\u00f5es su\u00ed\u00e7os, \u00e9 acima da m\u00e9dia. Voc\u00ea encontra vesti\u00e1rios, banheiros limpos, uma quadra de p\u00e9tanque e um restaurante agrad\u00e1vel. Todo o complexo \u00e9 ainda <strong>totalmente acess\u00edvel com carrinho de beb\u00ea e cadeira de rodas<\/strong>, ent\u00e3o qualquer um se acomoda aqui confortavelmente. A partir das 17h, vale o ingresso noturno com desconto.<\/p>\n\n\n\n<p class=\"wp-block-paragraph\">\ud83d\udca1 Dica: o <strong>hor\u00e1rio de funcionamento atual<\/strong>, que muda conforme os meses e o clima, voc\u00ea sempre encontra no site oficial do <a href=\"https:\/\/www.strandbadboenigen.ch\" target=\"_blank\" rel=\"nofollow noopener\">The Beach<\/a>. Em caso de chuva forte, o complexo costuma ficar <strong>fechado por seguran\u00e7a<\/strong>.<\/p>\n\n\n\n<figure data-wp-context=\"{&quot;imageId&quot;:&quot;6a95632867ea1&quot;}\" data-wp-interactive=\"core\/image\" data-wp-key=\"6a95632867ea1\" class=\"wp-block-image size-full wp-lightbox-container\"><img decoding=\"async\" width=\"1800\" height=\"1011\" data-wp-class--hide=\"state.isContentHidden\" data-wp-class--show=\"state.isContentVisible\" data-wp-init=\"callbacks.setButtonStyles\" data-wp-on--click=\"actions.showLightbox\" data-wp-on--load=\"callbacks.setButtonStyles\" data-wp-on--pointerdown=\"actions.preloadImage\" data-wp-on--pointerenter=\"actions.preloadImageWithDelay\" data-wp-on--pointerleave=\"actions.cancelPreload\" data-wp-on-window--resize=\"callbacks.setButtonStyles\" src=\"https:\/\/loudavymkrokem.cz\/wp-content\/uploads\/2026\/08\/articles-bonigen-09.jpg\" alt=\"Caiaque em lago de montanha\" class=\"wp-image-404475\" title=\"\" srcset=\"https:\/\/loudavymkrokem.cz\/wp-content\/uploads\/2026\/08\/articles-bonigen-09.jpg 1800w, https:\/\/loudavymkrokem.cz\/wp-content\/uploads\/2026\/08\/articles-bonigen-09-300x169.jpg 300w, https:\/\/loudavymkrokem.cz\/wp-content\/uploads\/2026\/08\/articles-bonigen-09-700x393.jpg 700w, https:\/\/loudavymkrokem.cz\/wp-content\/uploads\/2026\/08\/articles-bonigen-09-768x431.jpg 768w, https:\/\/loudavymkrokem.cz\/wp-content\/uploads\/2026\/08\/articles-bonigen-09-1536x863.jpg 1536w, https:\/\/loudavymkrokem.cz\/wp-content\/uploads\/2026\/08\/articles-bonigen-09-696x391.jpg 696w, https:\/\/loudavymkrokem.cz\/wp-content\/uploads\/2026\/08\/articles-bonigen-09-1392x782.jpg 1392w\" sizes=\"(max-width: 1800px) 100vw, 1800px\" \/><button\n\t\t\tclass=\"lightbox-trigger\"\n\t\t\ttype=\"button\"\n\t\t\taria-haspopup=\"dialog\"\n\t\t\tdata-wp-bind--aria-label=\"state.thisImage.triggerButtonAriaLabel\"\n\t\t\tdata-wp-init=\"callbacks.initTriggerButton\"\n\t\t\tdata-wp-on--click=\"actions.showLightbox\"\n\t\t\tdata-wp-style--right=\"state.thisImage.buttonRight\"\n\t\t\tdata-wp-style--top=\"state.thisImage.buttonTop\"\n\t\t>\n\t\t\t<svg xmlns=\"http:\/\/www.w3.org\/2000\/svg\" width=\"12\" height=\"12\" fill=\"none\" viewBox=\"0 0 12 12\">\n\t\t\t\t<path fill=\"#fff\" d=\"M2 0a2 2 0 0 0-2 2v2h1.5V2a.5.5 0 0 1 .5-.5h2V0H2Zm2 10.5H2a.5.5 0 0 1-.5-.5V8H0v2a2 2 0 0 0 2 2h2v-1.5ZM8 12v-1.5h2a.5.5 0 0 0 .5-.5V8H12v2a2 2 0 0 1-2 2H8Zm2-12a2 2 0 0 1 2 2v2h-1.5V2a.5.5 0 0 0-.5-.5H8V0h2Z\" \/>\n\t\t\t<\/svg>\n\t\t<\/button><figcaption class=\"wp-element-caption\">Foto: K \/ Pexels<\/figcaption><\/figure>\n\n\n\n<h3 class=\"wp-block-heading\"><span class=\"ez-toc-section\" id=\"5_Caiaque_e_SUP_na_superficie_do_lago\"><\/span>5. Caiaque e SUP na superf\u00edcie do lago<span class=\"ez-toc-section-end\"><\/span><\/h3>\n\n\n\n<p class=\"wp-block-paragraph\">A melhor forma de absorver a atmosfera do Lago Brienz \u00e9 ir direto para a \u00e1gua. Bem \u00e0 beira do lago (em frente \u00e0 parada do \u00f4nibus 103) voc\u00ea encontra a base da <strong>Hightide Kayak School<\/strong>, que de maio a outubro aluga equipamentos de primeira para esportes aqu\u00e1ticos.<\/p>\n\n\n\n<p class=\"wp-block-paragraph\">Os pre\u00e7os para 2026 est\u00e3o razo\u00e1veis. Por um <strong>caiaque individual voc\u00ea paga a partir de 30 CHF por hora<\/strong>, a vers\u00e3o dupla sai por 45 CHF. Se voc\u00ea se arrisca numa expedi\u00e7\u00e3o mais longa, pode alugar um robusto caiaque de mar por sete horas inteiras por 70 CHF e explorar as enseadas mais distantes. Tamb\u00e9m h\u00e1, claro, as populares pranchas de stand-up paddle (SUP).<\/p>\n\n\n\n<p class=\"wp-block-paragraph\">Se voc\u00ea n\u00e3o tem experi\u00eancia com remo, recomendo pagar por uma <strong>trilha de caiaque organizada com instrutor<\/strong>. Eles te mostram as enseadas escondidas mais bonitas, ensinam a t\u00e9cnica correta e cuidam da sua seguran\u00e7a, porque o clima no lago pode mudar de forma inesperadamente r\u00e1pida nas montanhas.<\/p>\n\n\n\n<p class=\"wp-block-paragraph\">\ud83d\udca1 Dica: entre os praticantes, o sucesso absoluto \u00e9 o <strong>trajeto de B\u00f6nigen ao longo da margem sul at\u00e9 as cachoeiras de Giessbach<\/strong>. Reserve o equipamento com anteced\u00eancia pelo site da <a href=\"https:\/\/www.hightide.ch\" target=\"_blank\" rel=\"nofollow noopener\">Hightide<\/a>: em julho e agosto costuma esgotar.<\/p>\n\n\n\n<figure data-wp-context=\"{&quot;imageId&quot;:&quot;6a956328685a9&quot;}\" data-wp-interactive=\"core\/image\" data-wp-key=\"6a956328685a9\" class=\"wp-block-image size-full wp-lightbox-container\"><img decoding=\"async\" width=\"1800\" height=\"1200\" data-wp-class--hide=\"state.isContentHidden\" data-wp-class--show=\"state.isContentVisible\" data-wp-init=\"callbacks.setButtonStyles\" data-wp-on--click=\"actions.showLightbox\" data-wp-on--load=\"callbacks.setButtonStyles\" data-wp-on--pointerdown=\"actions.preloadImage\" data-wp-on--pointerenter=\"actions.preloadImageWithDelay\" data-wp-on--pointerleave=\"actions.cancelPreload\" data-wp-on-window--resize=\"callbacks.setButtonStyles\" src=\"https:\/\/loudavymkrokem.cz\/wp-content\/uploads\/2026\/08\/articles-bonigen-10.jpg\" alt=\"Barco a vapor hist\u00f3rico L\u00f6tschberg\" class=\"wp-image-404478\" title=\"\" srcset=\"https:\/\/loudavymkrokem.cz\/wp-content\/uploads\/2026\/08\/articles-bonigen-10.jpg 1800w, https:\/\/loudavymkrokem.cz\/wp-content\/uploads\/2026\/08\/articles-bonigen-10-300x200.jpg 300w, https:\/\/loudavymkrokem.cz\/wp-content\/uploads\/2026\/08\/articles-bonigen-10-700x467.jpg 700w, https:\/\/loudavymkrokem.cz\/wp-content\/uploads\/2026\/08\/articles-bonigen-10-768x512.jpg 768w, https:\/\/loudavymkrokem.cz\/wp-content\/uploads\/2026\/08\/articles-bonigen-10-1536x1024.jpg 1536w, https:\/\/loudavymkrokem.cz\/wp-content\/uploads\/2026\/08\/articles-bonigen-10-696x464.jpg 696w, https:\/\/loudavymkrokem.cz\/wp-content\/uploads\/2026\/08\/articles-bonigen-10-1392x928.jpg 1392w\" sizes=\"(max-width: 1800px) 100vw, 1800px\" \/><button\n\t\t\tclass=\"lightbox-trigger\"\n\t\t\ttype=\"button\"\n\t\t\taria-haspopup=\"dialog\"\n\t\t\tdata-wp-bind--aria-label=\"state.thisImage.triggerButtonAriaLabel\"\n\t\t\tdata-wp-init=\"callbacks.initTriggerButton\"\n\t\t\tdata-wp-on--click=\"actions.showLightbox\"\n\t\t\tdata-wp-style--right=\"state.thisImage.buttonRight\"\n\t\t\tdata-wp-style--top=\"state.thisImage.buttonTop\"\n\t\t>\n\t\t\t<svg xmlns=\"http:\/\/www.w3.org\/2000\/svg\" width=\"12\" height=\"12\" fill=\"none\" viewBox=\"0 0 12 12\">\n\t\t\t\t<path fill=\"#fff\" d=\"M2 0a2 2 0 0 0-2 2v2h1.5V2a.5.5 0 0 1 .5-.5h2V0H2Zm2 10.5H2a.5.5 0 0 1-.5-.5V8H0v2a2 2 0 0 0 2 2h2v-1.5ZM8 12v-1.5h2a.5.5 0 0 0 .5-.5V8H12v2a2 2 0 0 1-2 2H8Zm2-12a2 2 0 0 1 2 2v2h-1.5V2a.5.5 0 0 0-.5-.5H8V0h2Z\" \/>\n\t\t\t<\/svg>\n\t\t<\/button><figcaption class=\"wp-element-caption\">Foto: Martin Abegglen from Bern, Switzerland \/ Wikimedia Commons, CC BY-SA 2.0<\/figcaption><\/figure>\n\n\n\n<h3 class=\"wp-block-heading\"><span class=\"ez-toc-section\" id=\"6_Passeio_no_barco_a_vapor_historico_Lotschberg\"><\/span>6. Passeio no barco a vapor hist\u00f3rico L\u00f6tschberg<span class=\"ez-toc-section-end\"><\/span><\/h3>\n\n\n\n<p class=\"wp-block-paragraph\">Se voc\u00ea prefere conforto ao esfor\u00e7o f\u00edsico, precisa dar uma volta de barco. Pelo lago opera a frota da empresa BLS, cujo maior orgulho \u00e9 o <strong>barco a vapor com rodas de p\u00e1 DS L\u00f6tschberg, de 1914<\/strong>. O passeio nessa embarca\u00e7\u00e3o lindamente restaurada te transporta na hora para a era despreocupada da Belle \u00c9poque.<\/p>\n\n\n\n<p class=\"wp-block-paragraph\">A frota cruza o lago do in\u00edcio de abril ao come\u00e7o de dezembro de 2026. A rota comum vai de Interlaken passando por B\u00f6nigen, Iseltwald e Giessbach at\u00e9 a cidade de Brienz. O <strong>bilhete b\u00e1sico sai por 39 CHF<\/strong>, mas se voc\u00ea tem o Bernese Oberland Pass ou o Swiss Travel Pass, o passeio \u00e9 totalmente de gra\u00e7a. Crian\u00e7as de 6 a 15 anos pagam metade.<\/p>\n\n\n\n<p class=\"wp-block-paragraph\">Al\u00e9m das viagens diurnas normais, em julho e agosto acontecem tamb\u00e9m <strong>passeios noturnos especiais aos s\u00e1bados<\/strong>. Assistir ao p\u00f4r do sol do conv\u00e9s de um barco a vapor hist\u00f3rico, enquanto passam ao seu redor dram\u00e1ticos pared\u00f5es de montanha \u2014 essa \u00e9 a experi\u00eancia mais rom\u00e2ntica que voc\u00ea pode se dar por aqui.<\/p>\n\n\n\n<p class=\"wp-block-paragraph\">\ud83d\udca1 Dica: os <strong>hor\u00e1rios e a compra dos bilhetes<\/strong> voc\u00ea resolve antecipadamente no portal da <a href=\"https:\/\/www.bls-schiff.ch\" target=\"_blank\" rel=\"nofollow noopener\">BLS Schiff<\/a>. Recomendo <strong>embarcar j\u00e1 em Interlaken<\/strong>, para ter certeza de pegar os melhores lugares no conv\u00e9s superior antes de o barco chegar a B\u00f6nigen.<\/p>\n\n\n\n<figure data-wp-context=\"{&quot;imageId&quot;:&quot;6a95632868cfe&quot;}\" data-wp-interactive=\"core\/image\" data-wp-key=\"6a95632868cfe\" class=\"wp-block-image size-full wp-lightbox-container\"><img decoding=\"async\" width=\"1800\" height=\"1013\" data-wp-class--hide=\"state.isContentHidden\" data-wp-class--show=\"state.isContentVisible\" data-wp-init=\"callbacks.setButtonStyles\" data-wp-on--click=\"actions.showLightbox\" data-wp-on--load=\"callbacks.setButtonStyles\" data-wp-on--pointerdown=\"actions.preloadImage\" data-wp-on--pointerenter=\"actions.preloadImageWithDelay\" data-wp-on--pointerleave=\"actions.cancelPreload\" data-wp-on-window--resize=\"callbacks.setButtonStyles\" src=\"https:\/\/loudavymkrokem.cz\/wp-content\/uploads\/2026\/08\/articles-bonigen-11.jpg\" alt=\"Trilha marcada acima do lago\" class=\"wp-image-404479\" title=\"\" srcset=\"https:\/\/loudavymkrokem.cz\/wp-content\/uploads\/2026\/08\/articles-bonigen-11.jpg 1800w, https:\/\/loudavymkrokem.cz\/wp-content\/uploads\/2026\/08\/articles-bonigen-11-300x169.jpg 300w, https:\/\/loudavymkrokem.cz\/wp-content\/uploads\/2026\/08\/articles-bonigen-11-700x394.jpg 700w, https:\/\/loudavymkrokem.cz\/wp-content\/uploads\/2026\/08\/articles-bonigen-11-768x432.jpg 768w, https:\/\/loudavymkrokem.cz\/wp-content\/uploads\/2026\/08\/articles-bonigen-11-1536x864.jpg 1536w, https:\/\/loudavymkrokem.cz\/wp-content\/uploads\/2026\/08\/articles-bonigen-11-696x392.jpg 696w, https:\/\/loudavymkrokem.cz\/wp-content\/uploads\/2026\/08\/articles-bonigen-11-1392x783.jpg 1392w\" sizes=\"(max-width: 1800px) 100vw, 1800px\" \/><button\n\t\t\tclass=\"lightbox-trigger\"\n\t\t\ttype=\"button\"\n\t\t\taria-haspopup=\"dialog\"\n\t\t\tdata-wp-bind--aria-label=\"state.thisImage.triggerButtonAriaLabel\"\n\t\t\tdata-wp-init=\"callbacks.initTriggerButton\"\n\t\t\tdata-wp-on--click=\"actions.showLightbox\"\n\t\t\tdata-wp-style--right=\"state.thisImage.buttonRight\"\n\t\t\tdata-wp-style--top=\"state.thisImage.buttonTop\"\n\t\t>\n\t\t\t<svg xmlns=\"http:\/\/www.w3.org\/2000\/svg\" width=\"12\" height=\"12\" fill=\"none\" viewBox=\"0 0 12 12\">\n\t\t\t\t<path fill=\"#fff\" d=\"M2 0a2 2 0 0 0-2 2v2h1.5V2a.5.5 0 0 1 .5-.5h2V0H2Zm2 10.5H2a.5.5 0 0 1-.5-.5V8H0v2a2 2 0 0 0 2 2h2v-1.5ZM8 12v-1.5h2a.5.5 0 0 0 .5-.5V8H12v2a2 2 0 0 1-2 2H8Zm2-12a2 2 0 0 1 2 2v2h-1.5V2a.5.5 0 0 0-.5-.5H8V0h2Z\" \/>\n\t\t\t<\/svg>\n\t\t<\/button><figcaption class=\"wp-element-caption\">Foto: Tina P. \/ Pexels<\/figcaption><\/figure>\n\n\n\n<h2 class=\"wp-block-heading\"><span class=\"ez-toc-section\" id=\"Trilhas_a_partir_de_Bonigen_6_rotas_que_valem_a_pena\"><\/span>Trilhas a partir de B\u00f6nigen: 6 rotas que valem a pena<span class=\"ez-toc-section-end\"><\/span><\/h2>\n\n\n\n<p class=\"wp-block-paragraph\">Se voc\u00ea \u00e9 do tipo que gosta de fazer o passeio a p\u00e9 direto do hotel, sem precisar se deslocar, B\u00f6nigen \u00e9 o seu lugar. Dezenas de quil\u00f4metros de <strong>trilhas perfeitamente sinalizadas<\/strong> come\u00e7am logo do lado de fora da sua porta. A regi\u00e3o oferece de tudo, de caminhadas tranquilas pela margem a <strong>ascens\u00f5es de dia inteiro com desn\u00edvel brutal<\/strong>.<\/p>\n\n\n\n<p class=\"wp-block-paragraph\">A sinaliza\u00e7\u00e3o das trilhas su\u00ed\u00e7as \u00e9 precisa, mas n\u00e3o esque\u00e7a que voc\u00ea est\u00e1 nos Alpes. Sempre leve <strong>\u00e1gua suficiente<\/strong>, um mapa de qualidade no celular (como o aplicativo Komoot ou Maps.me) e <strong>cal\u00e7ado firme<\/strong>. O clima aqui sabe mostrar sua face mais dura de forma bem inesperada.<\/p>\n\n\n\n<figure data-wp-context=\"{&quot;imageId&quot;:&quot;6a9563286937a&quot;}\" data-wp-interactive=\"core\/image\" data-wp-key=\"6a9563286937a\" class=\"wp-block-image size-full wp-lightbox-container\"><img decoding=\"async\" width=\"1800\" height=\"1200\" data-wp-class--hide=\"state.isContentHidden\" data-wp-class--show=\"state.isContentVisible\" data-wp-init=\"callbacks.setButtonStyles\" data-wp-on--click=\"actions.showLightbox\" data-wp-on--load=\"callbacks.setButtonStyles\" data-wp-on--pointerdown=\"actions.preloadImage\" data-wp-on--pointerenter=\"actions.preloadImageWithDelay\" data-wp-on--pointerleave=\"actions.cancelPreload\" data-wp-on-window--resize=\"callbacks.setButtonStyles\" src=\"https:\/\/loudavymkrokem.cz\/wp-content\/uploads\/2026\/08\/articles-bonigen-12.jpg\" alt=\"Cachoeira caindo no Lago Brienz\" class=\"wp-image-404480\" title=\"\" srcset=\"https:\/\/loudavymkrokem.cz\/wp-content\/uploads\/2026\/08\/articles-bonigen-12.jpg 1800w, https:\/\/loudavymkrokem.cz\/wp-content\/uploads\/2026\/08\/articles-bonigen-12-300x200.jpg 300w, https:\/\/loudavymkrokem.cz\/wp-content\/uploads\/2026\/08\/articles-bonigen-12-700x467.jpg 700w, https:\/\/loudavymkrokem.cz\/wp-content\/uploads\/2026\/08\/articles-bonigen-12-768x512.jpg 768w, https:\/\/loudavymkrokem.cz\/wp-content\/uploads\/2026\/08\/articles-bonigen-12-1536x1024.jpg 1536w, https:\/\/loudavymkrokem.cz\/wp-content\/uploads\/2026\/08\/articles-bonigen-12-696x464.jpg 696w, https:\/\/loudavymkrokem.cz\/wp-content\/uploads\/2026\/08\/articles-bonigen-12-1392x928.jpg 1392w\" sizes=\"(max-width: 1800px) 100vw, 1800px\" \/><button\n\t\t\tclass=\"lightbox-trigger\"\n\t\t\ttype=\"button\"\n\t\t\taria-haspopup=\"dialog\"\n\t\t\tdata-wp-bind--aria-label=\"state.thisImage.triggerButtonAriaLabel\"\n\t\t\tdata-wp-init=\"callbacks.initTriggerButton\"\n\t\t\tdata-wp-on--click=\"actions.showLightbox\"\n\t\t\tdata-wp-style--right=\"state.thisImage.buttonRight\"\n\t\t\tdata-wp-style--top=\"state.thisImage.buttonTop\"\n\t\t>\n\t\t\t<svg xmlns=\"http:\/\/www.w3.org\/2000\/svg\" width=\"12\" height=\"12\" fill=\"none\" viewBox=\"0 0 12 12\">\n\t\t\t\t<path fill=\"#fff\" d=\"M2 0a2 2 0 0 0-2 2v2h1.5V2a.5.5 0 0 1 .5-.5h2V0H2Zm2 10.5H2a.5.5 0 0 1-.5-.5V8H0v2a2 2 0 0 0 2 2h2v-1.5ZM8 12v-1.5h2a.5.5 0 0 0 .5-.5V8H12v2a2 2 0 0 1-2 2H8Zm2-12a2 2 0 0 1 2 2v2h-1.5V2a.5.5 0 0 0-.5-.5H8V0h2Z\" \/>\n\t\t\t<\/svg>\n\t\t<\/button><figcaption class=\"wp-element-caption\">Foto: Tommes Frites \/ Pexels<\/figcaption><\/figure>\n\n\n\n<h3 class=\"wp-block-heading\"><span class=\"ez-toc-section\" id=\"7_Caminho_das_Tres_Cachoeiras_por_etapas\"><\/span>7. Caminho das Tr\u00eas Cachoeiras por etapas<span class=\"ez-toc-section-end\"><\/span><\/h3>\n\n\n\n<p class=\"wp-block-paragraph\">Esta \u00e9, sem d\u00favida, a <strong>rota mais famosa de toda a regi\u00e3o<\/strong>, que leva bem \u00e0 beira do Lago Brienz de B\u00f6nigen, passando por Iseltwald, at\u00e9 Brienz. No caminho te esperam <strong>tr\u00eas cachoeiras deslumbrantes<\/strong>: a Erschwandenbachfall, a M\u00fclibachfall e, por fim, as mais famosas Giessbachf\u00e4lle.<\/p>\n\n\n\n<p class=\"wp-block-paragraph\">Os n\u00fameros de todo o trajeto imp\u00f5em respeito. S\u00e3o <strong>18,2 quil\u00f4metros com desn\u00edvel de 466 metros<\/strong> e te tomam cerca de 5 horas e 15 minutos de caminhada efetiva. A trilha sobe e desce ao longo da margem entre 565 e 775 metros e oferece vistas fant\u00e1sticas da superf\u00edcie turquesa atrav\u00e9s de florestas densas.<\/p>\n\n\n\n<p class=\"wp-block-paragraph\">O genial deste caminho \u00e9 que ele <strong>pode ser facilmente dividido em etapas menores<\/strong>: de B\u00f6nigen a Iseltwald, 1 hora e 50 minutos; at\u00e9 a cachoeira M\u00fclibach, mais 35 minutos; de l\u00e1 a Giessbach, quase 2 horas; e at\u00e9 Brienz, a \u00faltima hora e 20 minutos. O melhor truque \u00e9 ir a p\u00e9, chegar \u00e0 primeira ou \u00e0 segunda cachoeira e depois pegar o barco ou o \u00f4nibus de volta.<\/p>\n\n\n\n<p class=\"wp-block-paragraph\">\ud83d\udca1 Dica: se voc\u00ea procura o passeio ideal de meio dia, tente a <strong>primeira etapa do embarcadouro de B\u00f6nigen at\u00e9 a cachoeira Erschwandenbach e depois at\u00e9 Iseltwald<\/strong>. Mas aten\u00e7\u00e3o depois de Iseltwald: <strong>falta a sinaliza\u00e7\u00e3o na dire\u00e7\u00e3o &#8220;Isch&#8221;<\/strong> e \u00e9 f\u00e1cil perder as duas \u00faltimas cachoeiras.<\/p>\n\n\n\n<figure data-wp-context=\"{&quot;imageId&quot;:&quot;6a95632869a56&quot;}\" data-wp-interactive=\"core\/image\" data-wp-key=\"6a95632869a56\" class=\"wp-block-image size-full wp-lightbox-container\"><img decoding=\"async\" width=\"1800\" height=\"1350\" data-wp-class--hide=\"state.isContentHidden\" data-wp-class--show=\"state.isContentVisible\" data-wp-init=\"callbacks.setButtonStyles\" data-wp-on--click=\"actions.showLightbox\" data-wp-on--load=\"callbacks.setButtonStyles\" data-wp-on--pointerdown=\"actions.preloadImage\" data-wp-on--pointerenter=\"actions.preloadImageWithDelay\" data-wp-on--pointerleave=\"actions.cancelPreload\" data-wp-on-window--resize=\"callbacks.setButtonStyles\" src=\"https:\/\/loudavymkrokem.cz\/wp-content\/uploads\/2026\/08\/articles-bonigen-13.jpg\" alt=\"Vista de B\u00f6nigen e do lago das colinas ao redor\" class=\"wp-image-404482\" title=\"\" srcset=\"https:\/\/loudavymkrokem.cz\/wp-content\/uploads\/2026\/08\/articles-bonigen-13.jpg 1800w, https:\/\/loudavymkrokem.cz\/wp-content\/uploads\/2026\/08\/articles-bonigen-13-300x225.jpg 300w, https:\/\/loudavymkrokem.cz\/wp-content\/uploads\/2026\/08\/articles-bonigen-13-700x525.jpg 700w, https:\/\/loudavymkrokem.cz\/wp-content\/uploads\/2026\/08\/articles-bonigen-13-768x576.jpg 768w, https:\/\/loudavymkrokem.cz\/wp-content\/uploads\/2026\/08\/articles-bonigen-13-1536x1152.jpg 1536w, https:\/\/loudavymkrokem.cz\/wp-content\/uploads\/2026\/08\/articles-bonigen-13-80x60.jpg 80w, https:\/\/loudavymkrokem.cz\/wp-content\/uploads\/2026\/08\/articles-bonigen-13-160x120.jpg 160w, https:\/\/loudavymkrokem.cz\/wp-content\/uploads\/2026\/08\/articles-bonigen-13-696x522.jpg 696w, https:\/\/loudavymkrokem.cz\/wp-content\/uploads\/2026\/08\/articles-bonigen-13-1392x1044.jpg 1392w\" sizes=\"(max-width: 1800px) 100vw, 1800px\" \/><button\n\t\t\tclass=\"lightbox-trigger\"\n\t\t\ttype=\"button\"\n\t\t\taria-haspopup=\"dialog\"\n\t\t\tdata-wp-bind--aria-label=\"state.thisImage.triggerButtonAriaLabel\"\n\t\t\tdata-wp-init=\"callbacks.initTriggerButton\"\n\t\t\tdata-wp-on--click=\"actions.showLightbox\"\n\t\t\tdata-wp-style--right=\"state.thisImage.buttonRight\"\n\t\t\tdata-wp-style--top=\"state.thisImage.buttonTop\"\n\t\t>\n\t\t\t<svg xmlns=\"http:\/\/www.w3.org\/2000\/svg\" width=\"12\" height=\"12\" fill=\"none\" viewBox=\"0 0 12 12\">\n\t\t\t\t<path fill=\"#fff\" d=\"M2 0a2 2 0 0 0-2 2v2h1.5V2a.5.5 0 0 1 .5-.5h2V0H2Zm2 10.5H2a.5.5 0 0 1-.5-.5V8H0v2a2 2 0 0 0 2 2h2v-1.5ZM8 12v-1.5h2a.5.5 0 0 0 .5-.5V8H12v2a2 2 0 0 1-2 2H8Zm2-12a2 2 0 0 1 2 2v2h-1.5V2a.5.5 0 0 0-.5-.5H8V0h2Z\" \/>\n\t\t\t<\/svg>\n\t\t<\/button><figcaption class=\"wp-element-caption\">Foto: Diacius \/ Wikimedia Commons, CC BY 4.0<\/figcaption><\/figure>\n\n\n\n<h3 class=\"wp-block-heading\"><span class=\"ez-toc-section\" id=\"8_Circuito_no_Sytiberg_55_km_ate_com_carrinho_off-road\"><\/span>8. Circuito no Sytiberg: 5,5 km, at\u00e9 com carrinho off-road<span class=\"ez-toc-section-end\"><\/span><\/h3>\n\n\n\n<p class=\"wp-block-paragraph\">Quando voc\u00ea quer escapar da \u00e1gua para as colinas mais altas e n\u00e3o est\u00e1 a fim de viajar longe, tente este <strong>circuito local (Rundwanderung Sytiberg)<\/strong>. Ele come\u00e7a <strong>bem no posto de turismo<\/strong> e te leva pela parte alta do vilarejo, onde voc\u00ea acaba vendo, de passagem, mais casas hist\u00f3ricas.<\/p>\n\n\n\n<p class=\"wp-block-paragraph\">Segundo os dados oficiais da regi\u00e3o, o circuito tem <strong>5,5 quil\u00f4metros, dura uma hora e meia e voc\u00ea sobe 146 metros<\/strong>. O ponto mais alto fica a 712 metros, ent\u00e3o n\u00e3o se trata de nenhum terreno de alta montanha. O caminho te leva por floresta densa e por prados de montanha fotog\u00eanicos.<\/p>\n\n\n\n<p class=\"wp-block-paragraph\">No trajeto voc\u00ea passa pela <strong>\u00e1rea de churrasco Oberallmi, com vista<\/strong>, e atravessa a ponte de madeira coberta Aenderbergbr\u00fcgg, um dos lugares mais fotog\u00eanicos da regi\u00e3o. Na volta voc\u00ea segue ao longo do rio L\u00fctschine. \u00c9 uma <strong>rota perfeita para a manh\u00e3<\/strong>, quando voc\u00ea n\u00e3o quer passar o dia todo em p\u00e9.<\/p>\n\n\n\n<p class=\"wp-block-paragraph\">\ud83d\udca1 Dica: esta \u00e9 a <strong>\u00fanica rota de B\u00f6nigen oficialmente indicada como transit\u00e1vel com carrinho de beb\u00ea off-road<\/strong>, ent\u00e3o \u00e9 a escolha certa quando voc\u00ea est\u00e1 com os pequenos. O piso na floresta costuma ficar escorregadio depois da chuva, ent\u00e3o melhor cal\u00e7ar botas com sola firme.<\/p>\n\n\n\n<figure data-wp-context=\"{&quot;imageId&quot;:&quot;6a9563286a1ac&quot;}\" data-wp-interactive=\"core\/image\" data-wp-key=\"6a9563286a1ac\" class=\"wp-block-image size-full wp-lightbox-container\"><img decoding=\"async\" width=\"1800\" height=\"1013\" data-wp-class--hide=\"state.isContentHidden\" data-wp-class--show=\"state.isContentVisible\" data-wp-init=\"callbacks.setButtonStyles\" data-wp-on--click=\"actions.showLightbox\" data-wp-on--load=\"callbacks.setButtonStyles\" data-wp-on--pointerdown=\"actions.preloadImage\" data-wp-on--pointerenter=\"actions.preloadImageWithDelay\" data-wp-on--pointerleave=\"actions.cancelPreload\" data-wp-on-window--resize=\"callbacks.setButtonStyles\" src=\"https:\/\/loudavymkrokem.cz\/wp-content\/uploads\/2026\/08\/articles-bonigen-14.jpg\" alt=\"Vista panor\u00e2mica do topo acima do lago\" class=\"wp-image-404484\" title=\"\" srcset=\"https:\/\/loudavymkrokem.cz\/wp-content\/uploads\/2026\/08\/articles-bonigen-14.jpg 1800w, https:\/\/loudavymkrokem.cz\/wp-content\/uploads\/2026\/08\/articles-bonigen-14-300x169.jpg 300w, https:\/\/loudavymkrokem.cz\/wp-content\/uploads\/2026\/08\/articles-bonigen-14-700x394.jpg 700w, https:\/\/loudavymkrokem.cz\/wp-content\/uploads\/2026\/08\/articles-bonigen-14-768x432.jpg 768w, https:\/\/loudavymkrokem.cz\/wp-content\/uploads\/2026\/08\/articles-bonigen-14-1536x864.jpg 1536w, https:\/\/loudavymkrokem.cz\/wp-content\/uploads\/2026\/08\/articles-bonigen-14-696x392.jpg 696w, https:\/\/loudavymkrokem.cz\/wp-content\/uploads\/2026\/08\/articles-bonigen-14-1392x783.jpg 1392w\" sizes=\"(max-width: 1800px) 100vw, 1800px\" \/><button\n\t\t\tclass=\"lightbox-trigger\"\n\t\t\ttype=\"button\"\n\t\t\taria-haspopup=\"dialog\"\n\t\t\tdata-wp-bind--aria-label=\"state.thisImage.triggerButtonAriaLabel\"\n\t\t\tdata-wp-init=\"callbacks.initTriggerButton\"\n\t\t\tdata-wp-on--click=\"actions.showLightbox\"\n\t\t\tdata-wp-style--right=\"state.thisImage.buttonRight\"\n\t\t\tdata-wp-style--top=\"state.thisImage.buttonTop\"\n\t\t>\n\t\t\t<svg xmlns=\"http:\/\/www.w3.org\/2000\/svg\" width=\"12\" height=\"12\" fill=\"none\" viewBox=\"0 0 12 12\">\n\t\t\t\t<path fill=\"#fff\" d=\"M2 0a2 2 0 0 0-2 2v2h1.5V2a.5.5 0 0 1 .5-.5h2V0H2Zm2 10.5H2a.5.5 0 0 1-.5-.5V8H0v2a2 2 0 0 0 2 2h2v-1.5ZM8 12v-1.5h2a.5.5 0 0 0 .5-.5V8H12v2a2 2 0 0 1-2 2H8Zm2-12a2 2 0 0 1 2 2v2h-1.5V2a.5.5 0 0 0-.5-.5H8V0h2Z\" \/>\n\t\t\t<\/svg>\n\t\t<\/button><figcaption class=\"wp-element-caption\">Foto: Sam Teano \/ Pexels<\/figcaption><\/figure>\n\n\n\n<h3 class=\"wp-block-heading\"><span class=\"ez-toc-section\" id=\"9_Circuito_Haslerenegg_854_m_com_livro_de_cume\"><\/span>9. Circuito Haslerenegg (854 m) com livro de cume<span class=\"ez-toc-section-end\"><\/span><\/h3>\n\n\n\n<p class=\"wp-block-paragraph\">Outro circuito excelente come\u00e7a de novo no posto de turismo e leva pelas aldeias de Ried e Stockeren at\u00e9 a misteriosa floresta Bannwald. O destino \u00e9 a <strong>crista florestada de Haslerenegg, a 854 metros de altura<\/strong>. A rota tem <strong>6 quil\u00f4metros, voc\u00ea sobe 287 metros e ela te toma duas horas<\/strong>.<\/p>\n\n\n\n<p class=\"wp-block-paragraph\">A colina esconde tamb\u00e9m um peda\u00e7o de hist\u00f3ria dura. Na <strong>d\u00e9cada de 1330<\/strong>, os montanheses de Hasli se enfrentaram aqui com o ex\u00e9rcito dos senhores de Weissenburg-Unspunnen e perderam a batalha. Aos t\u00famulos dos ca\u00eddos ainda hoje aponta o top\u00f4nimo &#8220;in den Grebinen&#8221;, e em 1924 foi encontrada aqui uma lan\u00e7a de ferro. Hoje reina a paz e, na crista, voc\u00ea acha um <strong>livro de cume<\/strong> onde pode assinar seu nome.<\/p>\n\n\n\n<p class=\"wp-block-paragraph\">O caminho de volta te leva por Sytiberg e passa pela \u00e1rea de churrasco Oberallmi de volta ao lago. A rota combina <strong>trilhas sombreadas de floresta<\/strong> com trechos ensolarados e \u00e9 um daqueles caminhos onde, <strong>no lugar de multid\u00f5es de turistas<\/strong>, voc\u00ea s\u00f3 encontra moradores locais no passeio de domingo com o cachorro.<\/p>\n\n\n\n<p class=\"wp-block-paragraph\">\ud83d\udca1 Dica: leve sua pr\u00f3pria caneta para deixar um recado em portugu\u00eas no livro de cume. E leve a s\u00e9rio o <strong>aviso oficial de n\u00e3o vir aqui com chuva nem com terreno congelado<\/strong> \u2014 a subida \u00e0 crista \u00e9 \u00edngreme e um quarto da rota vai por uma trilha estreita.<\/p>\n\n\n\n<figure data-wp-context=\"{&quot;imageId&quot;:&quot;6a9563286a8e8&quot;}\" data-wp-interactive=\"core\/image\" data-wp-key=\"6a9563286a8e8\" class=\"wp-block-image size-full wp-lightbox-container\"><img decoding=\"async\" width=\"1800\" height=\"1200\" data-wp-class--hide=\"state.isContentHidden\" data-wp-class--show=\"state.isContentVisible\" data-wp-init=\"callbacks.setButtonStyles\" data-wp-on--click=\"actions.showLightbox\" data-wp-on--load=\"callbacks.setButtonStyles\" data-wp-on--pointerdown=\"actions.preloadImage\" data-wp-on--pointerenter=\"actions.preloadImageWithDelay\" data-wp-on--pointerleave=\"actions.cancelPreload\" data-wp-on-window--resize=\"callbacks.setButtonStyles\" src=\"https:\/\/loudavymkrokem.cz\/wp-content\/uploads\/2026\/08\/articles-bonigen-15.jpg\" alt=\"Cachoeira escondida na floresta acima de B\u00f6nigen\" class=\"wp-image-404489\" title=\"\" srcset=\"https:\/\/loudavymkrokem.cz\/wp-content\/uploads\/2026\/08\/articles-bonigen-15.jpg 1800w, https:\/\/loudavymkrokem.cz\/wp-content\/uploads\/2026\/08\/articles-bonigen-15-300x200.jpg 300w, https:\/\/loudavymkrokem.cz\/wp-content\/uploads\/2026\/08\/articles-bonigen-15-700x467.jpg 700w, https:\/\/loudavymkrokem.cz\/wp-content\/uploads\/2026\/08\/articles-bonigen-15-768x512.jpg 768w, https:\/\/loudavymkrokem.cz\/wp-content\/uploads\/2026\/08\/articles-bonigen-15-1536x1024.jpg 1536w, https:\/\/loudavymkrokem.cz\/wp-content\/uploads\/2026\/08\/articles-bonigen-15-696x464.jpg 696w, https:\/\/loudavymkrokem.cz\/wp-content\/uploads\/2026\/08\/articles-bonigen-15-1392x928.jpg 1392w\" sizes=\"(max-width: 1800px) 100vw, 1800px\" \/><button\n\t\t\tclass=\"lightbox-trigger\"\n\t\t\ttype=\"button\"\n\t\t\taria-haspopup=\"dialog\"\n\t\t\tdata-wp-bind--aria-label=\"state.thisImage.triggerButtonAriaLabel\"\n\t\t\tdata-wp-init=\"callbacks.initTriggerButton\"\n\t\t\tdata-wp-on--click=\"actions.showLightbox\"\n\t\t\tdata-wp-style--right=\"state.thisImage.buttonRight\"\n\t\t\tdata-wp-style--top=\"state.thisImage.buttonTop\"\n\t\t>\n\t\t\t<svg xmlns=\"http:\/\/www.w3.org\/2000\/svg\" width=\"12\" height=\"12\" fill=\"none\" viewBox=\"0 0 12 12\">\n\t\t\t\t<path fill=\"#fff\" d=\"M2 0a2 2 0 0 0-2 2v2h1.5V2a.5.5 0 0 1 .5-.5h2V0H2Zm2 10.5H2a.5.5 0 0 1-.5-.5V8H0v2a2 2 0 0 0 2 2h2v-1.5ZM8 12v-1.5h2a.5.5 0 0 0 .5-.5V8H12v2a2 2 0 0 1-2 2H8Zm2-12a2 2 0 0 1 2 2v2h-1.5V2a.5.5 0 0 0-.5-.5H8V0h2Z\" \/>\n\t\t\t<\/svg>\n\t\t<\/button><figcaption class=\"wp-element-caption\">Foto: Fez Brook \/ Pexels<\/figcaption><\/figure>\n\n\n\n<h3 class=\"wp-block-heading\"><span class=\"ez-toc-section\" id=\"10_Circuito_ate_a_cachoeira_Erschwandenbach\"><\/span>10. Circuito at\u00e9 a cachoeira Erschwandenbach<span class=\"ez-toc-section-end\"><\/span><\/h3>\n\n\n\n<p class=\"wp-block-paragraph\">Se voc\u00ea n\u00e3o quiser encarar todo o Caminho das Tr\u00eas Cachoeiras, pode fazer um lindo circuito fechado s\u00f3 at\u00e9 a primeira delas. O oficial <strong>Rundwanderung Erschwandenfall tem 8,7 quil\u00f4metros e te toma cerca de 2 horas e 35 minutos<\/strong> de caminhada normal.<\/p>\n\n\n\n<p class=\"wp-block-paragraph\">No caminho voc\u00ea sobe apenas <strong>211 metros e a rota \u00e9 oficialmente classificada como f\u00e1cil<\/strong>, ent\u00e3o n\u00e3o precisa ter medo nem com crian\u00e7as maiores. A cachoeira Erschwandenbach fica lindamente escondida na floresta profunda e a \u00e1gua cai por sali\u00eancias rochosas. Num dia quente de ver\u00e3o, os arredores da cachoeira funcionam como um ar-condicionado natural perfeito.<\/p>\n\n\n\n<p class=\"wp-block-paragraph\">Este circuito \u00e9 \u00f3timo porque te leva por <strong>diferentes tipos de paisagem<\/strong>. Por um tempo voc\u00ea vai ao longo da margem, depois come\u00e7a a subir as colinas e, no final, volta por caminhos de floresta com <strong>vistas do lago glacial<\/strong> l\u00e1 embaixo. No trajeto voc\u00ea passa por uma fazenda com uma lojinha; fora isso, n\u00e3o d\u00e1 para comprar nada na rota.<\/p>\n\n\n\n<p class=\"wp-block-paragraph\">\ud83d\udca1 Dica: at\u00e9 a pr\u00f3pria cachoeira a subida \u00e9 por uma <strong>trilha estreita de floresta<\/strong>, ent\u00e3o s\u00e3o <strong>\u00fateis os bast\u00f5es de trekking<\/strong>, que aliviam os joelhos na descida de volta ao vilarejo.<\/p>\n\n\n\n<figure data-wp-context=\"{&quot;imageId&quot;:&quot;6a9563286b0af&quot;}\" data-wp-interactive=\"core\/image\" data-wp-key=\"6a9563286b0af\" class=\"wp-block-image size-full wp-lightbox-container\"><img decoding=\"async\" width=\"1800\" height=\"1199\" data-wp-class--hide=\"state.isContentHidden\" data-wp-class--show=\"state.isContentVisible\" data-wp-init=\"callbacks.setButtonStyles\" data-wp-on--click=\"actions.showLightbox\" data-wp-on--load=\"callbacks.setButtonStyles\" data-wp-on--pointerdown=\"actions.preloadImage\" data-wp-on--pointerenter=\"actions.preloadImageWithDelay\" data-wp-on--pointerleave=\"actions.cancelPreload\" data-wp-on-window--resize=\"callbacks.setButtonStyles\" src=\"https:\/\/loudavymkrokem.cz\/wp-content\/uploads\/2026\/08\/articles-bonigen-16.jpg\" alt=\"Trilha costeira perto de Iseltwald\" class=\"wp-image-404490\" title=\"\" srcset=\"https:\/\/loudavymkrokem.cz\/wp-content\/uploads\/2026\/08\/articles-bonigen-16.jpg 1800w, https:\/\/loudavymkrokem.cz\/wp-content\/uploads\/2026\/08\/articles-bonigen-16-300x200.jpg 300w, https:\/\/loudavymkrokem.cz\/wp-content\/uploads\/2026\/08\/articles-bonigen-16-700x466.jpg 700w, https:\/\/loudavymkrokem.cz\/wp-content\/uploads\/2026\/08\/articles-bonigen-16-768x512.jpg 768w, https:\/\/loudavymkrokem.cz\/wp-content\/uploads\/2026\/08\/articles-bonigen-16-1536x1023.jpg 1536w, https:\/\/loudavymkrokem.cz\/wp-content\/uploads\/2026\/08\/articles-bonigen-16-696x464.jpg 696w, https:\/\/loudavymkrokem.cz\/wp-content\/uploads\/2026\/08\/articles-bonigen-16-1392x927.jpg 1392w\" sizes=\"(max-width: 1800px) 100vw, 1800px\" \/><button\n\t\t\tclass=\"lightbox-trigger\"\n\t\t\ttype=\"button\"\n\t\t\taria-haspopup=\"dialog\"\n\t\t\tdata-wp-bind--aria-label=\"state.thisImage.triggerButtonAriaLabel\"\n\t\t\tdata-wp-init=\"callbacks.initTriggerButton\"\n\t\t\tdata-wp-on--click=\"actions.showLightbox\"\n\t\t\tdata-wp-style--right=\"state.thisImage.buttonRight\"\n\t\t\tdata-wp-style--top=\"state.thisImage.buttonTop\"\n\t\t>\n\t\t\t<svg xmlns=\"http:\/\/www.w3.org\/2000\/svg\" width=\"12\" height=\"12\" fill=\"none\" viewBox=\"0 0 12 12\">\n\t\t\t\t<path fill=\"#fff\" d=\"M2 0a2 2 0 0 0-2 2v2h1.5V2a.5.5 0 0 1 .5-.5h2V0H2Zm2 10.5H2a.5.5 0 0 1-.5-.5V8H0v2a2 2 0 0 0 2 2h2v-1.5ZM8 12v-1.5h2a.5.5 0 0 0 .5-.5V8H12v2a2 2 0 0 1-2 2H8Zm2-12a2 2 0 0 1 2 2v2h-1.5V2a.5.5 0 0 0-.5-.5H8V0h2Z\" \/>\n\t\t\t<\/svg>\n\t\t<\/button><figcaption class=\"wp-element-caption\">Foto: Jean-Paul Wettstein \/ Pexels<\/figcaption><\/figure>\n\n\n\n<h3 class=\"wp-block-heading\"><span class=\"ez-toc-section\" id=\"11_Trilha_costeira_Uferweg_de_Iseltwald_a_Giessbach\"><\/span>11. Trilha costeira Uferweg de Iseltwald a Giessbach<span class=\"ez-toc-section-end\"><\/span><\/h3>\n\n\n\n<p class=\"wp-block-paragraph\">Esta rota n\u00e3o come\u00e7a exatamente em B\u00f6nigen, mas \u00e9 uma das caminhadas mais bonitas de toda a Su\u00ed\u00e7a, e seria um pecado deix\u00e1-la de fora. De manh\u00e3 voc\u00ea simplesmente pega o <strong>\u00f4nibus 103 (que \u00e9 de gra\u00e7a com o Guest Card)<\/strong> ou o barco e se deixa levar at\u00e9 a vizinha Iseltwald, onde a trilha come\u00e7a.<\/p>\n\n\n\n<p class=\"wp-block-paragraph\">De l\u00e1 segue a chamada <strong>Uferweg, bem ao longo da costa rochosa, at\u00e9 as cachoeiras de Giessbach<\/strong>. <strong>Mas n\u00e3o espere uma promenade plana<\/strong> \u2014 logo no primeiro quil\u00f4metro voc\u00ea sobe uns cento e cinquenta metros, o caminho \u00e0s vezes estreita e alguns trechos s\u00e3o talhados na rocha. A recompensa s\u00e3o enseadas rom\u00e2nticas, onde no ver\u00e3o d\u00e1 para molhar os p\u00e9s.<\/p>\n\n\n\n<p class=\"wp-block-paragraph\">A rota tem <strong>cerca de 5,3 quil\u00f4metros e te toma uma hora e meia<\/strong>, mas as curvas junto \u00e0s cachoeiras s\u00e3o bem \u00edngremes e, sem bast\u00f5es, a descida fica desconfort\u00e1vel. No caminho voc\u00ea n\u00e3o compra nada para comer, ent\u00e3o leve um lanche. Depois voc\u00ea pode se recompensar com um caf\u00e9 no terra\u00e7o do hotel hist\u00f3rico e voltar a B\u00f6nigen no barco a vapor da tarde.<\/p>\n\n\n\n<p class=\"wp-block-paragraph\">\ud83d\udca1 Dica: a <strong>trilha costuma ficar fechada no inverno por causa da queda de pedras<\/strong> e reabre normalmente no fim de mar\u00e7o \u2014 na temporada 2026 est\u00e1 transit\u00e1vel, mas antes do passeio confira o estado atual no site dos munic\u00edpios de Iseltwald ou Brienz. E saia <strong>o mais cedo poss\u00edvel de manh\u00e3<\/strong>, porque \u00e0 tarde costuma lotar.<\/p>\n\n\n\n<figure data-wp-context=\"{&quot;imageId&quot;:&quot;6a9563286b772&quot;}\" data-wp-interactive=\"core\/image\" data-wp-key=\"6a9563286b772\" class=\"wp-block-image size-full wp-lightbox-container\"><img decoding=\"async\" width=\"1800\" height=\"1200\" data-wp-class--hide=\"state.isContentHidden\" data-wp-class--show=\"state.isContentVisible\" data-wp-init=\"callbacks.setButtonStyles\" data-wp-on--click=\"actions.showLightbox\" data-wp-on--load=\"callbacks.setButtonStyles\" data-wp-on--pointerdown=\"actions.preloadImage\" data-wp-on--pointerenter=\"actions.preloadImageWithDelay\" data-wp-on--pointerleave=\"actions.cancelPreload\" data-wp-on-window--resize=\"callbacks.setButtonStyles\" src=\"https:\/\/loudavymkrokem.cz\/wp-content\/uploads\/2026\/08\/articles-bonigen-17.jpg\" alt=\"Trilha de floresta subindo ao Harder Kulm\" class=\"wp-image-404495\" title=\"\" srcset=\"https:\/\/loudavymkrokem.cz\/wp-content\/uploads\/2026\/08\/articles-bonigen-17.jpg 1800w, https:\/\/loudavymkrokem.cz\/wp-content\/uploads\/2026\/08\/articles-bonigen-17-300x200.jpg 300w, https:\/\/loudavymkrokem.cz\/wp-content\/uploads\/2026\/08\/articles-bonigen-17-700x467.jpg 700w, https:\/\/loudavymkrokem.cz\/wp-content\/uploads\/2026\/08\/articles-bonigen-17-768x512.jpg 768w, https:\/\/loudavymkrokem.cz\/wp-content\/uploads\/2026\/08\/articles-bonigen-17-1536x1024.jpg 1536w, https:\/\/loudavymkrokem.cz\/wp-content\/uploads\/2026\/08\/articles-bonigen-17-696x464.jpg 696w, https:\/\/loudavymkrokem.cz\/wp-content\/uploads\/2026\/08\/articles-bonigen-17-1392x928.jpg 1392w\" sizes=\"(max-width: 1800px) 100vw, 1800px\" \/><button\n\t\t\tclass=\"lightbox-trigger\"\n\t\t\ttype=\"button\"\n\t\t\taria-haspopup=\"dialog\"\n\t\t\tdata-wp-bind--aria-label=\"state.thisImage.triggerButtonAriaLabel\"\n\t\t\tdata-wp-init=\"callbacks.initTriggerButton\"\n\t\t\tdata-wp-on--click=\"actions.showLightbox\"\n\t\t\tdata-wp-style--right=\"state.thisImage.buttonRight\"\n\t\t\tdata-wp-style--top=\"state.thisImage.buttonTop\"\n\t\t>\n\t\t\t<svg xmlns=\"http:\/\/www.w3.org\/2000\/svg\" width=\"12\" height=\"12\" fill=\"none\" viewBox=\"0 0 12 12\">\n\t\t\t\t<path fill=\"#fff\" d=\"M2 0a2 2 0 0 0-2 2v2h1.5V2a.5.5 0 0 1 .5-.5h2V0H2Zm2 10.5H2a.5.5 0 0 1-.5-.5V8H0v2a2 2 0 0 0 2 2h2v-1.5ZM8 12v-1.5h2a.5.5 0 0 0 .5-.5V8H12v2a2 2 0 0 1-2 2H8Zm2-12a2 2 0 0 1 2 2v2h-1.5V2a.5.5 0 0 0-.5-.5H8V0h2Z\" \/>\n\t\t\t<\/svg>\n\t\t<\/button><figcaption class=\"wp-element-caption\">Foto: \u041f\u0430\u0432\u0435\u043b \u0413\u0430\u0432\u0440\u0438\u043a\u043e\u0432 \/ Pexels<\/figcaption><\/figure>\n\n\n\n<h3 class=\"wp-block-heading\"><span class=\"ez-toc-section\" id=\"12_Desafio_a_pe_subida_ao_Harder_Kulm\"><\/span>12. Desafio a p\u00e9: subida ao Harder Kulm<span class=\"ez-toc-section-end\"><\/span><\/h3>\n\n\n\n<p class=\"wp-block-paragraph\">A maioria dos turistas sobe confortavelmente de telef\u00e9rico ao <strong>mirante Harder Kulm<\/strong>, mas para os caminhantes preparados existe um desafio bem maior. De B\u00f6nigen voc\u00ea pode subir todo o caminho at\u00e9 o topo honestamente a p\u00e9. Mas se prepare, porque isso vai ser <strong>um verdadeiro matador para as suas panturrilhas<\/strong>.<\/p>\n\n\n\n<p class=\"wp-block-paragraph\">Segundo os registros do Komoot, este circuito de dia inteiro tem <strong>13,5 quil\u00f4metros e o tempo efetivo de caminhada \u00e9 de 5 horas e 16 minutos<\/strong>. No trajeto voc\u00ea precisa vencer um duro <strong>desn\u00edvel de 750 metros<\/strong>, o que coloca a rota claramente na categoria de dif\u00edcil. A subida \u00e9 segura, mas muito \u00edngreme e intermin\u00e1vel.<\/p>\n\n\n\n<p class=\"wp-block-paragraph\">Mas a recompensa por esse esfor\u00e7o \u00e9 doce. Voc\u00ea tem uma sensa\u00e7\u00e3o incompar\u00e1vel de satisfa\u00e7\u00e3o ao <strong>chegar \u00e0 plataforma do mirante<\/strong> entre os turistas que acabaram de descer do telef\u00e9rico. E na subida voc\u00ea <strong>encontra pouqu\u00edssima gente<\/strong> e aproveita o sil\u00eancio da floresta, que no pr\u00f3prio topo voc\u00ea definitivamente n\u00e3o vai achar.<\/p>\n\n\n\n<p class=\"wp-block-paragraph\">\ud83d\udca1 Dica: se l\u00e1 em cima acabar a energia, n\u00e3o tem problema algum. Voc\u00ea pode comprar no restaurante um <strong>bilhete de ida s\u00f3 de telef\u00e9rico<\/strong> descendo at\u00e9 Interlaken e <strong>fazer o resto do caminho de \u00f4nibus<\/strong>.<\/p>\n\n\n\n<figure data-wp-context=\"{&quot;imageId&quot;:&quot;6a9563286bfa5&quot;}\" data-wp-interactive=\"core\/image\" data-wp-key=\"6a9563286bfa5\" class=\"wp-block-image size-full wp-lightbox-container\"><img decoding=\"async\" width=\"1920\" height=\"1280\" data-wp-class--hide=\"state.isContentHidden\" data-wp-class--show=\"state.isContentVisible\" data-wp-init=\"callbacks.setButtonStyles\" data-wp-on--click=\"actions.showLightbox\" data-wp-on--load=\"callbacks.setButtonStyles\" data-wp-on--pointerdown=\"actions.preloadImage\" data-wp-on--pointerenter=\"actions.preloadImageWithDelay\" data-wp-on--pointerleave=\"actions.cancelPreload\" data-wp-on-window--resize=\"callbacks.setButtonStyles\" src=\"https:\/\/loudavymkrokem.cz\/wp-content\/uploads\/2026\/08\/bonigen-lanovka-grindelwald-first.jpg\" alt=\"Telef\u00e9rico de g\u00f4ndola de Grindelwald ao First sobre os prados alpinos\" class=\"wp-image-407333\" title=\"\" srcset=\"https:\/\/loudavymkrokem.cz\/wp-content\/uploads\/2026\/08\/bonigen-lanovka-grindelwald-first.jpg 1920w, https:\/\/loudavymkrokem.cz\/wp-content\/uploads\/2026\/08\/bonigen-lanovka-grindelwald-first-300x200.jpg 300w, https:\/\/loudavymkrokem.cz\/wp-content\/uploads\/2026\/08\/bonigen-lanovka-grindelwald-first-700x467.jpg 700w, https:\/\/loudavymkrokem.cz\/wp-content\/uploads\/2026\/08\/bonigen-lanovka-grindelwald-first-768x512.jpg 768w, https:\/\/loudavymkrokem.cz\/wp-content\/uploads\/2026\/08\/bonigen-lanovka-grindelwald-first-1536x1024.jpg 1536w, https:\/\/loudavymkrokem.cz\/wp-content\/uploads\/2026\/08\/bonigen-lanovka-grindelwald-first-696x464.jpg 696w, https:\/\/loudavymkrokem.cz\/wp-content\/uploads\/2026\/08\/bonigen-lanovka-grindelwald-first-1392x928.jpg 1392w\" sizes=\"(max-width: 1920px) 100vw, 1920px\" \/><button\n\t\t\tclass=\"lightbox-trigger\"\n\t\t\ttype=\"button\"\n\t\t\taria-haspopup=\"dialog\"\n\t\t\tdata-wp-bind--aria-label=\"state.thisImage.triggerButtonAriaLabel\"\n\t\t\tdata-wp-init=\"callbacks.initTriggerButton\"\n\t\t\tdata-wp-on--click=\"actions.showLightbox\"\n\t\t\tdata-wp-style--right=\"state.thisImage.buttonRight\"\n\t\t\tdata-wp-style--top=\"state.thisImage.buttonTop\"\n\t\t>\n\t\t\t<svg xmlns=\"http:\/\/www.w3.org\/2000\/svg\" width=\"12\" height=\"12\" fill=\"none\" viewBox=\"0 0 12 12\">\n\t\t\t\t<path fill=\"#fff\" d=\"M2 0a2 2 0 0 0-2 2v2h1.5V2a.5.5 0 0 1 .5-.5h2V0H2Zm2 10.5H2a.5.5 0 0 1-.5-.5V8H0v2a2 2 0 0 0 2 2h2v-1.5ZM8 12v-1.5h2a.5.5 0 0 0 .5-.5V8H12v2a2 2 0 0 1-2 2H8Zm2-12a2 2 0 0 1 2 2v2h-1.5V2a.5.5 0 0 0-.5-.5H8V0h2Z\" \/>\n\t\t\t<\/svg>\n\t\t<\/button><figcaption class=\"wp-element-caption\">Foto: W. Bulach \/ Wikimedia Commons, CC BY-SA 4.0<\/figcaption><\/figure>\n\n\n\n<h2 class=\"wp-block-heading\"><span class=\"ez-toc-section\" id=\"Trilhas_com_acesso_por_teleferico_6_rotas_acima_do_vale\"><\/span>Trilhas com acesso por telef\u00e9rico: 6 rotas acima do vale<span class=\"ez-toc-section-end\"><\/span><\/h2>\n\n\n\n<p class=\"wp-block-paragraph\">Esta \u00e9 uma coisa que eu mesma s\u00f3 entendi ao chegar l\u00e1: <strong>no Oberland Bern\u00eas quase ningu\u00e9m sobe de baixo<\/strong>. O cl\u00e1ssico \u00e9 subir de telef\u00e9rico ou de trem cremalheira acima da linha da floresta e s\u00f3 ent\u00e3o come\u00e7ar a caminhar. Voc\u00ea economiza mil metros de desn\u00edvel de esfor\u00e7o e j\u00e1 cai direto na paisagem pela qual veio at\u00e9 aqui.<\/p>\n\n\n\n<p class=\"wp-block-paragraph\">Mas conte com o fato de que <strong>os telef\u00e9ricos su\u00ed\u00e7os s\u00e3o brutalmente caros<\/strong>. Se voc\u00ea planeja mais do que dois passeios desses, fa\u00e7a as contas do <strong>Bernese Oberland Pass<\/strong> \u2014 tr\u00eas dias custam 240 francos e voc\u00ea tem muitas linhas de gra\u00e7a ou pela metade do pre\u00e7o. E aos mirantes caros v\u00e1 s\u00f3 com tempo firme, sen\u00e3o voc\u00ea paga dezenas de francos por uma vista para a neblina.<\/p>\n\n\n\n<figure data-wp-context=\"{&quot;imageId&quot;:&quot;6a9563286c5b9&quot;}\" data-wp-interactive=\"core\/image\" data-wp-key=\"6a9563286c5b9\" class=\"wp-block-image size-full wp-lightbox-container\"><img decoding=\"async\" width=\"1920\" height=\"1080\" data-wp-class--hide=\"state.isContentHidden\" data-wp-class--show=\"state.isContentVisible\" data-wp-init=\"callbacks.setButtonStyles\" data-wp-on--click=\"actions.showLightbox\" data-wp-on--load=\"callbacks.setButtonStyles\" data-wp-on--pointerdown=\"actions.preloadImage\" data-wp-on--pointerenter=\"actions.preloadImageWithDelay\" data-wp-on--pointerleave=\"actions.cancelPreload\" data-wp-on-window--resize=\"callbacks.setButtonStyles\" src=\"https:\/\/loudavymkrokem.cz\/wp-content\/uploads\/2026\/08\/bonigen-bachalpsee-jezero-first-1.jpg\" alt=\"Lago de montanha Bachalpsee acima de Grindelwald com o reflexo dos picos glaciais\" class=\"wp-image-407122\" title=\"\" srcset=\"https:\/\/loudavymkrokem.cz\/wp-content\/uploads\/2026\/08\/bonigen-bachalpsee-jezero-first-1.jpg 1920w, https:\/\/loudavymkrokem.cz\/wp-content\/uploads\/2026\/08\/bonigen-bachalpsee-jezero-first-1-300x169.jpg 300w, https:\/\/loudavymkrokem.cz\/wp-content\/uploads\/2026\/08\/bonigen-bachalpsee-jezero-first-1-700x394.jpg 700w, https:\/\/loudavymkrokem.cz\/wp-content\/uploads\/2026\/08\/bonigen-bachalpsee-jezero-first-1-768x432.jpg 768w, https:\/\/loudavymkrokem.cz\/wp-content\/uploads\/2026\/08\/bonigen-bachalpsee-jezero-first-1-1536x864.jpg 1536w, https:\/\/loudavymkrokem.cz\/wp-content\/uploads\/2026\/08\/bonigen-bachalpsee-jezero-first-1-696x392.jpg 696w, https:\/\/loudavymkrokem.cz\/wp-content\/uploads\/2026\/08\/bonigen-bachalpsee-jezero-first-1-1392x783.jpg 1392w\" sizes=\"(max-width: 1920px) 100vw, 1920px\" \/><button\n\t\t\tclass=\"lightbox-trigger\"\n\t\t\ttype=\"button\"\n\t\t\taria-haspopup=\"dialog\"\n\t\t\tdata-wp-bind--aria-label=\"state.thisImage.triggerButtonAriaLabel\"\n\t\t\tdata-wp-init=\"callbacks.initTriggerButton\"\n\t\t\tdata-wp-on--click=\"actions.showLightbox\"\n\t\t\tdata-wp-style--right=\"state.thisImage.buttonRight\"\n\t\t\tdata-wp-style--top=\"state.thisImage.buttonTop\"\n\t\t>\n\t\t\t<svg xmlns=\"http:\/\/www.w3.org\/2000\/svg\" width=\"12\" height=\"12\" fill=\"none\" viewBox=\"0 0 12 12\">\n\t\t\t\t<path fill=\"#fff\" d=\"M2 0a2 2 0 0 0-2 2v2h1.5V2a.5.5 0 0 1 .5-.5h2V0H2Zm2 10.5H2a.5.5 0 0 1-.5-.5V8H0v2a2 2 0 0 0 2 2h2v-1.5ZM8 12v-1.5h2a.5.5 0 0 0 .5-.5V8H12v2a2 2 0 0 1-2 2H8Zm2-12a2 2 0 0 1 2 2v2h-1.5V2a.5.5 0 0 0-.5-.5H8V0h2Z\" \/>\n\t\t\t<\/svg>\n\t\t<\/button><figcaption class=\"wp-element-caption\">Foto: Chnebelh\u00e4x \/ Wikimedia Commons, CC BY-SA 4.0<\/figcaption><\/figure>\n\n\n\n<h3 class=\"wp-block-heading\"><span class=\"ez-toc-section\" id=\"13_Do_First_ao_lago_Bachalpsee\"><\/span>13. Do First ao lago Bachalpsee<span class=\"ez-toc-section-end\"><\/span><\/h3>\n\n\n\n<p class=\"wp-block-paragraph\">Se voc\u00ea tem tempo para s\u00f3 uma trilha de montanha na regi\u00e3o, que seja esta. De Grindelwald, a g\u00f4ndola te leva ao <strong>First, a 2.167 metros de altura<\/strong>, e de l\u00e1 voc\u00ea segue por um caminho largo e bem mantido at\u00e9 o <strong>lago Bachalpsee, a 2.265 metros<\/strong>. Ida e volta leva <strong>menos de duas horas e voc\u00ea sobe pouco mais de 200 metros<\/strong>.<\/p>\n\n\n\n<p class=\"wp-block-paragraph\">Esse lago \u00e9 o motivo de as pessoas virem at\u00e9 aqui. Sem vento, refletem-se nele o <strong>Wetterhorn, o Schreckhorn e o Finsteraarhorn<\/strong>, ou seja, os quatro mil metros glaciais que voc\u00ea tem de repente inteiros na superf\u00edcie abaixo de voc\u00ea. \u00c9 um dos cen\u00e1rios mais fotografados dos Alpes su\u00ed\u00e7os e ao vivo funciona ainda melhor que nas fotos.<\/p>\n\n\n\n<p class=\"wp-block-paragraph\">De Interlaken voc\u00ea chega aqui de trem at\u00e9 Grindelwald em cerca de 35 minutos e depois de g\u00f4ndola por mais 25 minutos. A <strong>passagem de ida e volta ao First custa na alta temporada 76 francos<\/strong>, com meia tarifa ou o Swiss Travel Pass voc\u00ea paga 38.<\/p>\n\n\n\n<p class=\"wp-block-paragraph\">\ud83d\udca1 Dica: saia logo no primeiro trem da manh\u00e3 \u2014 por volta das dez horas o caminho ao lago vira uma fila que se arrasta e <strong>a superf\u00edcie costuma ficar agitada pelo vento depois do meio-dia<\/strong>, ent\u00e3o o reflexo das montanhas voc\u00ea j\u00e1 n\u00e3o pega. E no trem de Interlaken <strong>sente-se na parte traseira da composi\u00e7\u00e3o<\/strong>: em Zweil\u00fctschinen o trem se divide e a metade da frente vai para Lauterbrunnen.<\/p>\n\n\n\n<figure data-wp-context=\"{&quot;imageId&quot;:&quot;6a9563286cc6a&quot;}\" data-wp-interactive=\"core\/image\" data-wp-key=\"6a9563286cc6a\" class=\"wp-block-image size-full wp-lightbox-container\"><img decoding=\"async\" width=\"1920\" height=\"1440\" data-wp-class--hide=\"state.isContentHidden\" data-wp-class--show=\"state.isContentVisible\" data-wp-init=\"callbacks.setButtonStyles\" data-wp-on--click=\"actions.showLightbox\" data-wp-on--load=\"callbacks.setButtonStyles\" data-wp-on--pointerdown=\"actions.preloadImage\" data-wp-on--pointerenter=\"actions.preloadImageWithDelay\" data-wp-on--pointerleave=\"actions.cancelPreload\" data-wp-on-window--resize=\"callbacks.setButtonStyles\" src=\"https:\/\/loudavymkrokem.cz\/wp-content\/uploads\/2026\/08\/bonigen-faulhorn-horsky-hotel-1.jpg\" alt=\"Cume do Faulhorn com o hotel de montanha hist\u00f3rico de 1832\" class=\"wp-image-407129\" title=\"\" srcset=\"https:\/\/loudavymkrokem.cz\/wp-content\/uploads\/2026\/08\/bonigen-faulhorn-horsky-hotel-1.jpg 1920w, https:\/\/loudavymkrokem.cz\/wp-content\/uploads\/2026\/08\/bonigen-faulhorn-horsky-hotel-1-300x225.jpg 300w, https:\/\/loudavymkrokem.cz\/wp-content\/uploads\/2026\/08\/bonigen-faulhorn-horsky-hotel-1-700x525.jpg 700w, https:\/\/loudavymkrokem.cz\/wp-content\/uploads\/2026\/08\/bonigen-faulhorn-horsky-hotel-1-768x576.jpg 768w, https:\/\/loudavymkrokem.cz\/wp-content\/uploads\/2026\/08\/bonigen-faulhorn-horsky-hotel-1-1536x1152.jpg 1536w, https:\/\/loudavymkrokem.cz\/wp-content\/uploads\/2026\/08\/bonigen-faulhorn-horsky-hotel-1-80x60.jpg 80w, https:\/\/loudavymkrokem.cz\/wp-content\/uploads\/2026\/08\/bonigen-faulhorn-horsky-hotel-1-160x120.jpg 160w, https:\/\/loudavymkrokem.cz\/wp-content\/uploads\/2026\/08\/bonigen-faulhorn-horsky-hotel-1-696x522.jpg 696w, https:\/\/loudavymkrokem.cz\/wp-content\/uploads\/2026\/08\/bonigen-faulhorn-horsky-hotel-1-1392x1044.jpg 1392w\" sizes=\"(max-width: 1920px) 100vw, 1920px\" \/><button\n\t\t\tclass=\"lightbox-trigger\"\n\t\t\ttype=\"button\"\n\t\t\taria-haspopup=\"dialog\"\n\t\t\tdata-wp-bind--aria-label=\"state.thisImage.triggerButtonAriaLabel\"\n\t\t\tdata-wp-init=\"callbacks.initTriggerButton\"\n\t\t\tdata-wp-on--click=\"actions.showLightbox\"\n\t\t\tdata-wp-style--right=\"state.thisImage.buttonRight\"\n\t\t\tdata-wp-style--top=\"state.thisImage.buttonTop\"\n\t\t>\n\t\t\t<svg xmlns=\"http:\/\/www.w3.org\/2000\/svg\" width=\"12\" height=\"12\" fill=\"none\" viewBox=\"0 0 12 12\">\n\t\t\t\t<path fill=\"#fff\" d=\"M2 0a2 2 0 0 0-2 2v2h1.5V2a.5.5 0 0 1 .5-.5h2V0H2Zm2 10.5H2a.5.5 0 0 1-.5-.5V8H0v2a2 2 0 0 0 2 2h2v-1.5ZM8 12v-1.5h2a.5.5 0 0 0 .5-.5V8H12v2a2 2 0 0 1-2 2H8Zm2-12a2 2 0 0 1 2 2v2h-1.5V2a.5.5 0 0 0-.5-.5H8V0h2Z\" \/>\n\t\t\t<\/svg>\n\t\t<\/button><figcaption class=\"wp-element-caption\">Foto: Whgler \/ Wikimedia Commons, CC BY-SA 3.0<\/figcaption><\/figure>\n\n\n\n<h3 class=\"wp-block-heading\"><span class=\"ez-toc-section\" id=\"14_A_trilha_real_de_crista_Schynige_Platte_%E2%80%93_Faulhorn_%E2%80%93_First\"><\/span>14. A trilha real de crista Schynige Platte \u2013 Faulhorn \u2013 First<span class=\"ez-toc-section-end\"><\/span><\/h3>\n\n\n\n<p class=\"wp-block-paragraph\">Esta \u00e9 a trilha de dia mais famosa de toda a regi\u00e3o e tanto as fontes francesas quanto as inglesas a classificam entre as mais bonitas da Su\u00ed\u00e7a. Voc\u00ea sobe de trem cremalheira \u00e0 <strong>Schynige Platte<\/strong>, caminha o dia inteiro pela crista com os lagos Thun e Brienz de um lado e o Eiger, o M\u00f6nch e a Jungfrau do outro, e desce de g\u00f4ndola do First.<\/p>\n\n\n\n<p class=\"wp-block-paragraph\">S\u00e3o <strong>cerca de 16 a 17 quil\u00f4metros e conte com seis a oito horas<\/strong>, dependendo de quantas paradas voc\u00ea fizer. O ponto mais alto \u00e9 o <strong>Faulhorn, a 2.681 metros<\/strong>, ao qual voc\u00ea sobe da Schynige Platte em 4 horas e 10 minutos. No caminho voc\u00ea passa pelo lago S\u00e4gistalsee e, na reta final, desce ao lado do Bachalpsee.<\/p>\n\n\n\n<p class=\"wp-block-paragraph\">No cume do Faulhorn fica um <strong>hotel de montanha de 1832<\/strong> \u2014 na Su\u00ed\u00e7a, s\u00f3 dois s\u00e3o mais antigos. D\u00e1 para pernoitar nele, e \u00e9 uma op\u00e7\u00e3o que eu consideraria para qualquer um que n\u00e3o queira fazer a rota inteira de uma vez s\u00f3. Voc\u00ea divide o percurso em dois dias tranquilos e ainda tem o nascer do sol sobre as geleiras.<\/p>\n\n\n\n<p class=\"wp-block-paragraph\">\ud83d\udca1 Dica: fique de olho no hor\u00e1rio \u2014 o <strong>trem cremalheira \u00e0 Schynige Platte s\u00f3 funciona de 13 de junho a 25 de outubro<\/strong> e a \u00faltima g\u00f4ndola do First sai \u00e0 tarde. Uma noite no Faulhorn sai <strong>a partir de 80 francos, com meia pens\u00e3o<\/strong>, mas conte que l\u00e1 em cima <strong>n\u00e3o h\u00e1 chuveiros nem \u00e1gua pot\u00e1vel<\/strong> e \u00e9 obrigat\u00f3rio o saco de dormir interno no dormit\u00f3rio.<\/p>\n\n\n\n<figure data-wp-context=\"{&quot;imageId&quot;:&quot;6a9563286d306&quot;}\" data-wp-interactive=\"core\/image\" data-wp-key=\"6a9563286d306\" class=\"wp-block-image size-full wp-lightbox-container\"><img decoding=\"async\" width=\"1600\" height=\"1200\" data-wp-class--hide=\"state.isContentHidden\" data-wp-class--show=\"state.isContentVisible\" data-wp-init=\"callbacks.setButtonStyles\" data-wp-on--click=\"actions.showLightbox\" data-wp-on--load=\"callbacks.setButtonStyles\" data-wp-on--pointerdown=\"actions.preloadImage\" data-wp-on--pointerenter=\"actions.preloadImageWithDelay\" data-wp-on--pointerleave=\"actions.cancelPreload\" data-wp-on-window--resize=\"callbacks.setButtonStyles\" src=\"https:\/\/loudavymkrokem.cz\/wp-content\/uploads\/2026\/08\/bonigen-mannlichen-kleine-scheidegg-1.jpg\" alt=\"Caminho panor\u00e2mico do M\u00e4nnlichen \u00e0 Kleine Scheidegg com o maci\u00e7o da Jungfrau\" class=\"wp-image-407132\" title=\"\" srcset=\"https:\/\/loudavymkrokem.cz\/wp-content\/uploads\/2026\/08\/bonigen-mannlichen-kleine-scheidegg-1.jpg 1600w, https:\/\/loudavymkrokem.cz\/wp-content\/uploads\/2026\/08\/bonigen-mannlichen-kleine-scheidegg-1-300x225.jpg 300w, https:\/\/loudavymkrokem.cz\/wp-content\/uploads\/2026\/08\/bonigen-mannlichen-kleine-scheidegg-1-700x525.jpg 700w, https:\/\/loudavymkrokem.cz\/wp-content\/uploads\/2026\/08\/bonigen-mannlichen-kleine-scheidegg-1-768x576.jpg 768w, https:\/\/loudavymkrokem.cz\/wp-content\/uploads\/2026\/08\/bonigen-mannlichen-kleine-scheidegg-1-1536x1152.jpg 1536w, https:\/\/loudavymkrokem.cz\/wp-content\/uploads\/2026\/08\/bonigen-mannlichen-kleine-scheidegg-1-80x60.jpg 80w, https:\/\/loudavymkrokem.cz\/wp-content\/uploads\/2026\/08\/bonigen-mannlichen-kleine-scheidegg-1-160x120.jpg 160w, https:\/\/loudavymkrokem.cz\/wp-content\/uploads\/2026\/08\/bonigen-mannlichen-kleine-scheidegg-1-696x522.jpg 696w, https:\/\/loudavymkrokem.cz\/wp-content\/uploads\/2026\/08\/bonigen-mannlichen-kleine-scheidegg-1-1392x1044.jpg 1392w\" sizes=\"(max-width: 1600px) 100vw, 1600px\" \/><button\n\t\t\tclass=\"lightbox-trigger\"\n\t\t\ttype=\"button\"\n\t\t\taria-haspopup=\"dialog\"\n\t\t\tdata-wp-bind--aria-label=\"state.thisImage.triggerButtonAriaLabel\"\n\t\t\tdata-wp-init=\"callbacks.initTriggerButton\"\n\t\t\tdata-wp-on--click=\"actions.showLightbox\"\n\t\t\tdata-wp-style--right=\"state.thisImage.buttonRight\"\n\t\t\tdata-wp-style--top=\"state.thisImage.buttonTop\"\n\t\t>\n\t\t\t<svg xmlns=\"http:\/\/www.w3.org\/2000\/svg\" width=\"12\" height=\"12\" fill=\"none\" viewBox=\"0 0 12 12\">\n\t\t\t\t<path fill=\"#fff\" d=\"M2 0a2 2 0 0 0-2 2v2h1.5V2a.5.5 0 0 1 .5-.5h2V0H2Zm2 10.5H2a.5.5 0 0 1-.5-.5V8H0v2a2 2 0 0 0 2 2h2v-1.5ZM8 12v-1.5h2a.5.5 0 0 0 .5-.5V8H12v2a2 2 0 0 1-2 2H8Zm2-12a2 2 0 0 1 2 2v2h-1.5V2a.5.5 0 0 0-.5-.5H8V0h2Z\" \/>\n\t\t\t<\/svg>\n\t\t<\/button><figcaption class=\"wp-element-caption\">Foto: Timo Newton-Syms \/ Wikimedia Commons, CC BY-SA 2.0<\/figcaption><\/figure>\n\n\n\n<!-- LKM_GYG_CARD start q=\"bonigen\" lang=\"pt-br\" rendered=\"2026-08-31T09:40:27+00:00\" v=\"1\" -->\n<style id=\"lk-gyg-styles\">\n@import url(\"https:\/\/fonts.googleapis.com\/css2?family=Playfair+Display:wght@700&family=DM+Sans:wght@300;400;500;600&display=swap\");\n\/* === LK GYG karty \u2014 CRO redesign 2026-05 (namespace .lkx-) ===\n   C\u00edl: vy\u0161\u0161\u00ed CTR (hero + v\u00fdrazn\u00fd social proof + ak\u010dn\u00ed CTA, m\u00e9n\u011b \"reklamn\u00ed\").\n   Injektuje se inline do prvn\u00edho markeru postu (refresh_cards.py --inline-css). *\/\n.lkx-module, .lkx-module *{box-sizing:border-box;margin:0;padding:0}\n.lkx-module{\n  font-family:'DM Sans',-apple-system,Segoe UI,Roboto,Georgia,sans-serif;\n  max-width:860px;margin:2.5rem auto;color:#1f2328;\n}\n\n\/* HEADER \u2014 lehk\u00fd editorsk\u00fd, \u017e\u00e1dn\u00fd bannerov\u00fd blok; nadpis + popisek pod n\u00edm *\/\n.lkx-head{margin-bottom:16px}\n.lkx-head-main{display:flex;align-items:center;gap:10px}\n.lkx-head-accent{width:26px;height:3px;border-radius:2px;background:#c39f76;flex-shrink:0}\n.lkx-head-title{font-family:'Playfair Display',Georgia,serif;font-size:21px;font-weight:700;color:#1a1a1a;line-height:1.25}\n.lkx-head-meta{display:block;font-size:11px;letter-spacing:.3px;color:#9aa0a6;margin-top:4px;margin-left:36px}\n\n\/* HERO *\/\n.lkx-hero{display:grid;grid-template-columns:300px 1fr;background:#fff;border:1px solid #ece7df;border-radius:14px;overflow:hidden;text-decoration:none!important;color:inherit;box-shadow:0 6px 20px rgba(0,0,0,.06);transition:box-shadow .2s,transform .2s;margin-bottom:14px}\n.lkx-hero:hover{box-shadow:0 12px 30px rgba(0,0,0,.12);transform:translateY(-2px)}\n.lkx-hero-img{position:relative;min-height:230px;background-size:cover;background-position:center;background-color:#eee}\n.lkx-hero-body{padding:22px 24px;display:flex;flex-direction:column}\n.lkx-pick{position:absolute;top:12px;left:12px;background:#1a1a1a;color:#fff;font-size:11px;font-weight:700;letter-spacing:.5px;padding:5px 11px;border-radius:20px}\n\n\/* TITLE *\/\n.lkx-title{font-size:19px;font-weight:700;color:#161616;line-height:1.3}\n.lkx-title-sm{font-size:14.5px;line-height:1.35;display:-webkit-box;-webkit-line-clamp:2;-webkit-box-orient:vertical;overflow:hidden}\n\n\/* SOCIAL PROOF \u2014 v\u00fdrazn\u011b, naho\u0159e *\/\n.lkx-proof{display:flex;align-items:center;gap:7px;margin-top:12px;font-size:15px;color:#3a3a3a}\n.lkx-proof b{font-size:16px;color:#161616}\n.lkx-stars{color:#f5a623;letter-spacing:1px}\n.lkx-proof-sm{font-size:12.5px;margin-top:8px;gap:5px}\n.lkx-proof-sm b{font-size:13px}\n.lkx-proof-new{color:#3685fc;font-weight:600}\n\n\/* PRICE \u2014 n\u00edzk\u00e1 kotva *\/\n.lkx-price{font-size:14px;color:#6b7280}\n.lkx-price b{font-size:20px;color:#161616;font-weight:700}\n.lkx-price-sm b{font-size:15px}\n\n\/* CTA \u2014 tepl\u00e9 ak\u010dn\u00ed tla\u010d\u00edtko *\/\n.lkx-cta{display:inline-flex;align-items:center;justify-content:center;text-decoration:none!important;font-weight:700;color:#fff!important;background:linear-gradient(135deg,#f6743f,#e8552a);border-radius:10px;box-shadow:0 6px 16px rgba(232,85,42,.32);transition:box-shadow .2s}\n.lkx-cta-hero{font-size:15px;padding:13px 22px}\n.lkx-hero:hover .lkx-cta-hero{box-shadow:0 8px 22px rgba(232,85,42,.45)}\n.lkx-cta-sm{font-size:12.5px;padding:9px 14px;width:100%;margin-top:2px}\n.lkx-hero-bottom{margin-top:auto;padding-top:18px;display:flex;align-items:center;justify-content:space-between;gap:14px;flex-wrap:wrap}\n\n\/* BADGE \u2014 jeden v\u00fdrazn\u00fd na fotce *\/\n.lkx-badge{position:absolute;top:12px;right:12px;font-size:10.5px;font-weight:700;letter-spacing:.3px;padding:5px 10px;border-radius:16px;color:#fff}\n.lkx-badge.badge-urgency{background:rgba(214,40,40,.92)}\n.lkx-badge.badge-new{background:rgba(54,133,252,.92)}\n.lkx-badge.badge-top{background:rgba(195,159,118,.95)}\n.lkx-badge.badge-info{background:rgba(40,40,40,.78)}\n\n\/* SECONDARY GRID *\/\n.lkx-grid{display:grid;grid-template-columns:1fr 1fr;gap:14px}\n.lkx-card{background:#fff;border:1px solid #ece7df;border-radius:14px;overflow:hidden;text-decoration:none!important;color:inherit;box-shadow:0 4px 14px rgba(0,0,0,.05);display:flex;flex-direction:column;transition:box-shadow .2s,transform .2s}\n.lkx-card:hover{box-shadow:0 10px 24px rgba(0,0,0,.1);transform:translateY(-2px)}\n.lkx-card-img{position:relative;aspect-ratio:16\/10;background-size:cover;background-position:center;background-color:#eee}\n.lkx-card-body{padding:14px 16px 16px;display:flex;flex-direction:column;gap:7px;flex:1}\n.lkx-card-bottom{margin-top:auto;padding-top:10px;display:flex;align-items:center;justify-content:space-between;gap:8px}\n\n\/* DISCLOSURE \u2014 drobn\u00e1, kv\u016fli d\u016fv\u011b\u0159e\/z\u00e1konu *\/\n.lkx-disclosure{font-size:11px;color:#a7adb3;text-align:center;margin-top:14px;line-height:1.6}\n.lkx-disclosure a{color:#c39f76;text-decoration:none}\n\n@media(max-width:680px){\n  .lkx-hero{grid-template-columns:1fr}\n  .lkx-hero-img{min-height:180px}\n  .lkx-grid{grid-template-columns:1fr}\n  .lkx-head-meta{margin-left:0;width:100%}\n  .lkx-head-title{font-size:19px}\n}\n\n<\/style>\n<div class=\"lkx-module\" data-query=\"bonigen\">\n  <div class=\"lkx-head\">\n    <div class=\"lkx-head-main\">\n      <span class=\"lkx-head-accent\"><\/span>\n      <span class=\"lkx-head-title\">Experi\u00eancias e ingressos<\/span>\n    <\/div>\n    <span class=\"lkx-head-meta\">avaliado por viajantes \u00b7 GetYourGuide<\/span>\n  <\/div><a class=\"lkx-hero\" href=\"https:\/\/www.getyourguide.com\/pt-br\/bona-l132\/passeio-panoramico-entre-bonn-e-konigswinter-siebengebirge-t770170\/?partner_id=MKZ64IS&amp;utm_medium=online_publisher&amp;cmp=bonigen-lago-brienz\" target=\"_blank\" rel=\"sponsored noopener nofollow\">\n    <div class=\"lkx-hero-img\" style=\"background-image:url('https:\/\/cdn.getyourguide.com\/img\/tour\/622ebc7c2d84a3aa3b1f101d6c43b8cdc7fe6a43e72e0fa5c011d7b9f179e034.jpg\/132.jpg')\" role=\"img\" aria-label=\"Passeio panor\u00e2mico entre Bonn e K\u00f6nigswinter (Siebengebirge)\">\n      <span class=\"lkx-pick\">\u2605 Nossa escolha<\/span><\/div>\n    <div class=\"lkx-hero-body\">\n      <div class=\"lkx-title\">Passeio panor\u00e2mico entre Bonn e K\u00f6nigswinter (Siebengebirge)<\/div>\n      <div class=\"lkx-proof\">\n      <span class=\"lkx-stars\">\u2605\u2605\u2605\u2605\u2605<\/span>\n      <b>4.5<\/b> \u00b7 421 avalia\u00e7\u00f5es\n    <\/div>\n      <div class=\"lkx-hero-bottom\"><div class=\"lkx-price\">a partir de <b>\u20ac\u00a021<\/b><\/div><span class=\"lkx-cta lkx-cta-hero\">Quero viver isso \u2192<\/span>\n      <\/div>\n    <\/div>\n  <\/a><div class=\"lkx-grid\"><a class=\"lkx-card\" href=\"https:\/\/www.getyourguide.com\/pt-br\/bona-l132\/bona-cruzeiro-fluvial-no-reno-ate-konigswinter-t1005732\/?partner_id=MKZ64IS&amp;utm_medium=online_publisher&amp;cmp=bonigen-lago-brienz\" target=\"_blank\" rel=\"sponsored noopener nofollow\">\n      <div class=\"lkx-card-img\" style=\"background-image:url('https:\/\/cdn.getyourguide.com\/img\/tour\/e56fd598e01d88c5827c88068ba667e859fe12e43851fe35b538c7e17499bfae.jpg\/132.jpg')\" role=\"img\" aria-label=\"Bona: Cruzeiro fluvial no Reno at\u00e9 K\u00f6nigswinter\"><\/div>\n      <div class=\"lkx-card-body\">\n        <div class=\"lkx-title lkx-title-sm\">Bona: Cruzeiro fluvial no Reno at\u00e9 K\u00f6nigswinter<\/div>\n        <div class=\"lkx-proof lkx-proof-sm\">\n      <span class=\"lkx-stars\">\u2605<\/span>\n      <b>4.2<\/b> \u00b7 88\n    <\/div>\n        <div class=\"lkx-card-bottom\"><span class=\"lkx-price lkx-price-sm\">a partir de <b>\u20ac\u00a020<\/b><\/span><span class=\"lkx-cta lkx-cta-sm\">Ver datas \u2192<\/span>\n        <\/div>\n      <\/div>\n    <\/a><a class=\"lkx-card\" href=\"https:\/\/www.getyourguide.com\/pt-br\/bona-l132\/ab-bonn-schiffstour-auf-dem-rhein-nach-linz-t456064\/?partner_id=MKZ64IS&amp;utm_medium=online_publisher&amp;cmp=bonigen-lago-brienz\" target=\"_blank\" rel=\"sponsored noopener nofollow\">\n      <div class=\"lkx-card-img\" style=\"background-image:url('https:\/\/cdn.getyourguide.com\/img\/tour\/209491d995414e2a8c4c065c3f66a783addbfef4385b86bbaca2442ee19d6e42.jpg\/132.jpg')\" role=\"img\" aria-label=\"De Bonn: Rio Reno a Linz Sightseeing Boat Tour\"><\/div>\n      <div class=\"lkx-card-body\">\n        <div class=\"lkx-title lkx-title-sm\">De Bonn: Rio Reno a Linz Sightseeing Boat Tour<\/div>\n        <div class=\"lkx-proof lkx-proof-sm\">\n      <span class=\"lkx-stars\">\u2605<\/span>\n      <b>4.5<\/b> \u00b7 528\n    <\/div>\n        <div class=\"lkx-card-bottom\"><span class=\"lkx-price lkx-price-sm\">a partir de <b>\u20ac\u00a026<\/b><\/span><span class=\"lkx-cta lkx-cta-sm\">Ver datas \u2192<\/span>\n        <\/div>\n      <\/div>\n    <\/a><\/div><div class=\"lkx-disclosure\">\ud83d\udd17 Links de afiliados \u2014 n\u00e3o mudam seu pre\u00e7o e nos ajudam a criar conte\u00fado. \u00b7 <a href=\"https:\/\/www.getyourguide.com\/pt-br\/s\/?q=bonigen&amp;partner_id=MKZ64IS&amp;utm_medium=online_publisher\" target=\"_blank\" rel=\"sponsored noopener nofollow\">Todas as experi\u00eancias \u2192<\/a><\/div>\n<\/div>\n<!-- LKM_GYG_CARD end -->\n\n\n\n\n<div class=\"lk-stays-module\">\n<style>\n\/* \u2500\u2500\u2500 RESET PRO GUTENBERG \u2500\u2500\u2500 *\/\n.lk-stays-module * { box-sizing: border-box; margin: 0; padding: 0; }\n\n\/* \u2500\u2500\u2500 WRAPPER \u2500\u2500\u2500 *\/\n.lk-stays-module {\n  font-family: 'DM Sans', Georgia, sans-serif;\n  max-width: 100%;\n  margin: 2.5rem auto;\n  background: linear-gradient(135deg, #fdfaf5 0%, #fcf8f0 100%);\n  border: 1px solid #e8dfd4;\n  border-radius: 16px;\n  overflow: hidden;\n  box-shadow: 0 16px 48px rgba(195, 159, 118, 0.25), 0 4px 12px rgba(0,0,0,0.08);\n}\n\n\/* \u2500\u2500\u2500 HEADER \u2500\u2500\u2500 *\/\n.lk-stays-header {\n  position: relative;\n  padding: 24px 36px 24px;\n  background: linear-gradient(135deg, #c39f76 0%, #d4b188 60%, #c39f76 100%);\n  border-bottom: 1px solid rgba(255,255,255,.15);\n  display: flex;\n  align-items: center;\n  gap: 18px;\n}\n.lk-stays-header::before {\n  content: '';\n  position: absolute;\n  inset: 0;\n  background: url(\"data:image\/svg+xml,%3Csvg width='60' height='60' viewBox='0 0 60 60' xmlns='http:\/\/www.w3.org\/2000\/svg'%3E%3Cg fill='none' fill-rule='evenodd'%3E%3Cg fill='%23ffffff' fill-opacity='0.05'%3E%3Cpath d='M36 34v-4h-2v4h-4v2h4v4h2v-4h4v-2h-4zm0-30V0h-2v4h-4v2h4v4h2V6h4V4h-4zM6 34v-4H4v4H0v2h4v4h2v-4h4v-2H6zM6 4V0H4v4H0v2h4v4h2V6h4V4H6z'\/%3E%3C\/g%3E%3C\/g%3E%3C\/svg%3E\") repeat;\n  pointer-events: none;\n}\n.lk-stays-icon {\n  flex-shrink: 0;\n  width: 68px;\n  height: 68px;\n  border-radius: 14px;\n  background: linear-gradient(135deg, #fff 0%, #f9f6f0 100%);\n  display: flex;\n  align-items: center;\n  justify-content: center;\n  font-size: 26px;\n  box-shadow: 0 4px 12px rgba(0,0,0,0.15);\n}\n.lk-stays-eyebrow {\n  font-size: 10px;\n  font-weight: 500;\n  letter-spacing: 2.5px;\n  text-transform: uppercase;\n  color: rgba(255,255,255,.85);\n  margin: 0 0 5px 0;\n}\n.lk-stays-title {\n  font-family: 'Playfair Display', Georgia, serif;\n  font-size: 24px;\n  font-weight: 700;\n  color: #fff;\n  line-height: 1.2;\n  text-shadow: 0 1px 2px rgba(0,0,0,0.1);\n  margin: 0;\n}\n.lk-stays-subtitle {\n  font-size: 13px;\n  color: rgba(255,255,255,.75);\n  margin: 4px 0 0 0;\n  font-weight: 300;\n}\n\n\/* \u2500\u2500\u2500 CARDS GRID \u2500\u2500\u2500 *\/\n.lk-stays-grid {\n  display: grid;\n  grid-template-columns: 1fr 1fr;\n  gap: 1px;\n  background: rgba(195, 159, 118, 0.12);\n}\n\n\/* \u2500\u2500\u2500 SINGLE CARD \u2500\u2500\u2500 *\/\n.lk-stay-card {\n  background: #ffffff;\n  padding: 26px;\n  display: flex;\n  flex-direction: column;\n  gap: 11px;\n  transition: all 0.3s ease;\n  text-decoration: none;\n  color: inherit;\n  position: relative;\n}\n.lk-stay-card:hover {\n  background: #fffbf5;\n  transform: translateY(-2px);\n  box-shadow: 0 8px 24px rgba(195, 159, 118, 0.18);\n  z-index: 1;\n}\n.lk-stay-card.featured {\n  background: linear-gradient(135deg, #fffdf9 0%, #fff9f0 100%);\n  box-shadow: 0 4px 16px rgba(195, 159, 118, 0.15), inset 0 1px 0 rgba(195, 159, 118, 0.1);\n}\n.lk-stay-card.featured:hover {\n  background: linear-gradient(135deg, #fffbf5 0%, #fff8ed 100%);\n  box-shadow: 0 8px 24px rgba(195, 159, 118, 0.25), inset 0 1px 0 rgba(195, 159, 118, 0.15);\n}\n\n.lk-stay-badge {\n  display: inline-flex;\n  align-items: center;\n  gap: 5px;\n  font-size: 10px;\n  font-weight: 500;\n  letter-spacing: 1.5px;\n  text-transform: uppercase;\n  padding: 5px 11px;\n  border-radius: 20px;\n  width: fit-content;\n}\n.badge-top     { background: linear-gradient(135deg, #c39f76 0%, #d4b188 100%); color: #fff; border: 1px solid #c39f76; font-weight: 600; box-shadow: 0 2px 8px rgba(195,159,118,0.3); }\n.badge-luxury  { background: rgba(195,159,118,.12); color: #c39f76; border: 1px solid rgba(195,159,118,.25); }\n.badge-boutique{ background: rgba(54,133,252,.08); color: #3685fc; border: 1px solid rgba(54,133,252,.2); }\n.badge-nature  { background: rgba(130,190,100,.1); color: #6b9c4a; border: 1px solid rgba(130,190,100,.2); }\n.badge-remote  { background: rgba(195,159,118,.12); color: #a67e50; border: 1px solid rgba(195,159,118,.25); }\n\n.lk-stay-name {\n  font-family: 'Playfair Display', Georgia, serif;\n  font-size: 18px;\n  font-weight: 700;\n  color: #111827;\n  line-height: 1.3;\n}\n.lk-stay-desc {\n  font-size: 13.5px;\n  color: #525252;\n  line-height: 1.65;\n  font-weight: 300;\n  flex: 1;\n}\n\n.lk-stay-meta {\n  display: flex;\n  align-items: center;\n  gap: 12px;\n  flex-wrap: wrap;\n  margin-top: 4px;\n}\n.lk-stay-price {\n  font-size: 13px;\n  color: #6b7280;\n}\n.lk-stay-price strong {\n  color: #c39f76;\n  font-weight: 500;\n}\n.lk-stay-stars {\n  color: #c39f76;\n  font-size: 11px;\n  letter-spacing: 1px;\n}\n\n\/* \u2500\u2500\u2500 CTA BUTTON \u2500\u2500\u2500 *\/\n.lk-stay-cta {\n  display: inline-flex;\n  align-items: center;\n  justify-content: center;\n  gap: 7px;\n  margin-top: 8px;\n  padding: 11px 20px;\n  border-radius: 8px;\n  background: linear-gradient(135deg, #3685fc 0%, #2a6fd9 100%);\n  color: #fff;\n  font-size: 13px;\n  font-weight: 500;\n  text-decoration: none;\n  letter-spacing: .3px;\n  transition: all .2s ease;\n  cursor: pointer;\n  border: none;\n  text-align: center;\n  box-shadow: 0 4px 12px rgba(54, 133, 252, 0.25);\n}\n.lk-stay-cta:hover {\n  background: linear-gradient(135deg, #2a6fd9 0%, #1e5bc4 100%);\n  transform: translateY(-1px);\n  box-shadow: 0 6px 16px rgba(54, 133, 252, 0.35);\n}\n.lk-stay-cta svg { flex-shrink: 0; }\n\n\/* \u2500\u2500\u2500 FOOTER \u2500\u2500\u2500 *\/\n.lk-stays-footer {\n  padding: 18px 36px;\n  background: linear-gradient(to bottom, #fdfaf5 0%, #f9f4ed 100%);\n  border-top: 1px solid rgba(195, 159, 118, 0.15);\n  display: flex;\n  align-items: center;\n  justify-content: space-between;\n  flex-wrap: wrap;\n  gap: 12px;\n}\n.lk-stays-footer-note {\n  font-size: 11.5px;\n  color: #6b7280;\n  font-weight: 300;\n  line-height: 1.5;\n}\n.lk-stays-footer-note a {\n  color: #c39f76;\n  text-decoration: none;\n  font-weight: 400;\n}\n.lk-stays-footer-note a:hover {\n  text-decoration: underline;\n}\n.lk-stays-all-btn {\n  display: inline-flex;\n  align-items: center;\n  gap: 6px;\n  font-size: 12.5px;\n  font-weight: 500;\n  color: #c39f76;\n  text-decoration: none;\n  border: 1px solid rgba(195, 159, 118, 0.35);\n  padding: 8px 18px;\n  border-radius: 8px;\n  transition: all .2s ease;\n}\n.lk-stays-all-btn:hover {\n  background: rgba(195, 159, 118, 0.08);\n  border-color: rgba(195, 159, 118, 0.5);\n}\n\n\/* \u2500\u2500\u2500 RESPONSIVE \u2500\u2500\u2500 *\/\n@media (max-width: 600px) {\n  .lk-stays-grid { grid-template-columns: 1fr; }\n  .lk-stays-header { padding: 24px 20px; }\n  .lk-stays-footer { padding: 16px 20px; }\n  .lk-stay-card { padding: 22px; }\n  .lk-stays-title { font-size: 20px; }\n}\n<\/style>\n\n  <!-- HEADER -->\n  <div class=\"lk-stays-header\">\n    <img decoding=\"async\" src=\"https:\/\/loudavymkrokem.cz\/wp-content\/uploads\/2026\/02\/lukas-a-lucka.jpg\" alt=\"\" style=\"width: 75px; height: 75px; border-radius: 8px; flex-shrink: 0; object-fit: cover; display: block; margin: 4px 0;\" title=\"\">\n    <div class=\"lk-stays-header-text\">\n      <div class=\"lk-stays-eyebrow\">Luk\u00e1\u0161 e Lucie recomendam<\/div>\n      <div class=\"lk-stays-title\">Onde se hospedar em B\u00f6nigen<\/div>\n      <div class=\"lk-stays-subtitle\">6 acomoda\u00e7\u00f5es \u2014 hot\u00e9is, campings e outras op\u00e7\u00f5es de hospedagem<\/div>\n    <\/div>\n  <\/div>\n\n  <!-- CARDS -->\n  <div class=\"lk-stays-grid\">\n\n    <a class=\"lk-stay-card featured\" href=\"https:\/\/www.stay22.com\/allez\/roam?aid=lukaskonecny&#038;campaign=loudavymkrokemcz&#038;campaign=pt-br&#038;campaign=bonigen&#038;hotelname=Hotel%20Seiler%20au%20Lac&#038;address=B%C3%B6nigen%2C%20%C5%A0v%C3%BDcarsko\" target=\"_blank\" rel=\"nofollow noopener\">\n      <span class=\"lk-stay-badge badge-top\">\u2b50 MELHOR ESCOLHA<\/span>\n      <span class=\"lk-stay-badge badge-nature\">\ud83c\udfe8 Hotel<\/span>\n      <div class=\"lk-stay-name\">Hotel Seiler au Lac<\/div>\n      <div class=\"lk-stay-desc\">Fica bem \u00e0 beira do lago e o vapor para direto em frente. Quarenta quartos, vista para as montanhas e para a \u00e1gua.<\/div>\n      <div class=\"lk-stay-meta\">\n        <span class=\"lk-stay-stars\">\u2605\u2605\u2605\u2605<\/span>\n        <span class=\"lk-stay-price\">Verificar pre\u00e7os<\/span>\n      <\/div>\n      <span class=\"lk-stay-cta\">\n        <svg width=\"14\" height=\"14\" viewBox=\"0 0 24 24\" fill=\"none\" stroke=\"currentColor\" stroke-width=\"2\"><path d=\"M18 13v6a2 2 0 0 1-2 2H5a2 2 0 0 1-2-2V8a2 2 0 0 1 2-2h6\"\/><polyline points=\"15 3 21 3 21 9\"\/><line x1=\"10\" y1=\"14\" x2=\"21\" y2=\"3\"\/><\/svg>\n        Verificar disponibilidade\n      <\/span>\n    <\/a>\n\n    <a class=\"lk-stay-card\" href=\"https:\/\/www.stay22.com\/allez\/roam?aid=lukaskonecny&#038;campaign=loudavymkrokemcz&#038;campaign=pt-br&#038;campaign=bonigen&#038;hotelname=Seehotel%20B%C3%B6nigen&#038;address=B%C3%B6nigen%2C%20%C5%A0v%C3%BDcarsko\" target=\"_blank\" rel=\"nofollow noopener\">\n      <span class=\"lk-stay-badge badge-nature\">\ud83c\udfe8 Hotel<\/span>\n      <div class=\"lk-stay-name\">Seehotel B\u00f6nigen<\/div>\n      <div class=\"lk-stay-desc\">Excelente op\u00e7\u00e3o para fam\u00edlias com vista panor\u00e2mica, restaurante pr\u00f3prio renomado e caf\u00e9 da manh\u00e3 farto.<\/div>\n      <div class=\"lk-stay-meta\">\n        <span class=\"lk-stay-stars\">\u2605\u2605\u2605\u2605<\/span>\n        <span class=\"lk-stay-price\">Verificar pre\u00e7os<\/span>\n      <\/div>\n      <span class=\"lk-stay-cta\">\n        <svg width=\"14\" height=\"14\" viewBox=\"0 0 24 24\" fill=\"none\" stroke=\"currentColor\" stroke-width=\"2\"><path d=\"M18 13v6a2 2 0 0 1-2 2H5a2 2 0 0 1-2-2V8a2 2 0 0 1 2-2h6\"\/><polyline points=\"15 3 21 3 21 9\"\/><line x1=\"10\" y1=\"14\" x2=\"21\" y2=\"3\"\/><\/svg>\n        Verificar disponibilidade\n      <\/span>\n    <\/a>\n\n    <a class=\"lk-stay-card\" href=\"https:\/\/www.stay22.com\/allez\/roam?aid=lukaskonecny&#038;campaign=loudavymkrokemcz&#038;campaign=pt-br&#038;campaign=bonigen&#038;hotelname=TCS%20Camping%20B%C3%B6nigen%20Brienzersee&#038;address=B%C3%B6nigen%2C%20%C5%A0v%C3%BDcarsko\" target=\"_blank\" rel=\"nofollow noopener\">\n      <span class=\"lk-stay-badge badge-nature\">\u26fa Camping<\/span>\n      <div class=\"lk-stay-name\">TCS Camping B\u00f6nigen Brienzersee<\/div>\n      <div class=\"lk-stay-desc\">Op\u00e7\u00e3o econ\u00f4mica perfeita bem ao lado do lago a 200 m da praia. Sem piscina, apenas \u00e1rea para chapinhar.<\/div>\n      <div class=\"lk-stay-meta\">\n        <span class=\"lk-stay-stars\">\u2605\u2605\u2605\u2605<\/span>\n        <span class=\"lk-stay-price\">a partir de 72-80 EUR\/noite<\/span>\n      <\/div>\n      <span class=\"lk-stay-cta\">\n        <svg width=\"14\" height=\"14\" viewBox=\"0 0 24 24\" fill=\"none\" stroke=\"currentColor\" stroke-width=\"2\"><path d=\"M18 13v6a2 2 0 0 1-2 2H5a2 2 0 0 1-2-2V8a2 2 0 0 1 2-2h6\"\/><polyline points=\"15 3 21 3 21 9\"\/><line x1=\"10\" y1=\"14\" x2=\"21\" y2=\"3\"\/><\/svg>\n        Verificar disponibilidade\n      <\/span>\n    <\/a>\n\n    <a class=\"lk-stay-card\" href=\"https:\/\/www.stay22.com\/allez\/roam?aid=lukaskonecny&#038;campaign=loudavymkrokemcz&#038;campaign=pt-br&#038;campaign=bonigen&#038;hotelname=Mountain%20and%20Lake&#038;address=B%C3%B6nigen%2C%20%C5%A0v%C3%BDcarsko\" target=\"_blank\" rel=\"nofollow noopener\">\n      <span class=\"lk-stay-badge badge-nature\">\ud83c\udfe1 Apartamento<\/span>\n      <div class=\"lk-stay-name\">Mountain and Lake<\/div>\n      <div class=\"lk-stay-desc\">Apartamento particular com avalia\u00e7\u00f5es fant\u00e1sticas, cozinha totalmente equipada e belo terra\u00e7o para estadias mais longas.<\/div>\n      <div class=\"lk-stay-meta\">\n        <span class=\"lk-stay-stars\">\u2605\u2605\u2605\u2605<\/span>\n        <span class=\"lk-stay-price\">Verificar pre\u00e7os<\/span>\n      <\/div>\n      <span class=\"lk-stay-cta\">\n        <svg width=\"14\" height=\"14\" viewBox=\"0 0 24 24\" fill=\"none\" stroke=\"currentColor\" stroke-width=\"2\"><path d=\"M18 13v6a2 2 0 0 1-2 2H5a2 2 0 0 1-2-2V8a2 2 0 0 1 2-2h6\"\/><polyline points=\"15 3 21 3 21 9\"\/><line x1=\"10\" y1=\"14\" x2=\"21\" y2=\"3\"\/><\/svg>\n        Verificar disponibilidade\n      <\/span>\n    <\/a>\n\n    <a class=\"lk-stay-card\" href=\"https:\/\/www.stay22.com\/allez\/roam?aid=lukaskonecny&#038;campaign=loudavymkrokemcz&#038;campaign=pt-br&#038;campaign=bonigen&#038;hotelname=Walida&#038;address=B%C3%B6nigen%2C%20%C5%A0v%C3%BDcarsko\" target=\"_blank\" rel=\"nofollow noopener\">\n      <span class=\"lk-stay-badge badge-nature\">\ud83c\udfe8 Hotel<\/span>\n      <div class=\"lk-stay-name\">Walida<\/div>\n      <div class=\"lk-stay-desc\">Hotel mais simples mas agrad\u00e1vel por um pre\u00e7o razo\u00e1vel, varandas com vista para os picos alpinos.<\/div>\n      <div class=\"lk-stay-meta\">\n        <span class=\"lk-stay-stars\">\u2605\u2605\u2605\u2605<\/span>\n        <span class=\"lk-stay-price\">Verificar pre\u00e7os<\/span>\n      <\/div>\n      <span class=\"lk-stay-cta\">\n        <svg width=\"14\" height=\"14\" viewBox=\"0 0 24 24\" fill=\"none\" stroke=\"currentColor\" stroke-width=\"2\"><path d=\"M18 13v6a2 2 0 0 1-2 2H5a2 2 0 0 1-2-2V8a2 2 0 0 1 2-2h6\"\/><polyline points=\"15 3 21 3 21 9\"\/><line x1=\"10\" y1=\"14\" x2=\"21\" y2=\"3\"\/><\/svg>\n        Verificar disponibilidade\n      <\/span>\n    <\/a>\n\n    <a class=\"lk-stay-card\" href=\"https:\/\/www.stay22.com\/allez\/roam?aid=lukaskonecny&#038;campaign=loudavymkrokemcz&#038;campaign=pt-br&#038;campaign=bonigen&#038;address=B%C3%B6nigen&#038;hotelname=Grandhotel+Giessbach&#038;search=Grandhotel+Giessbach&#038;category=accommodation\" target=\"_blank\" rel=\"nofollow noopener\">\n      <span class=\"lk-stay-badge badge-nature\">\u2b50 Luxo<\/span>\n      <div class=\"lk-stay-name\">Grandhotel Giessbach<\/div>\n      <div class=\"lk-stay-desc\">Pal\u00e1cio luxuoso do s\u00e9culo 19 acima das Cataratas de Giessbach com 22 hectares de parque e terra\u00e7o panor\u00e2mico.<\/div>\n      <div class=\"lk-stay-meta\">\n        <span class=\"lk-stay-stars\">\u2605\u2605\u2605\u2605<\/span>\n        <span class=\"lk-stay-price\">Verificar pre\u00e7os<\/span>\n      <\/div>\n      <span class=\"lk-stay-cta\">\n        <svg width=\"14\" height=\"14\" viewBox=\"0 0 24 24\" fill=\"none\" stroke=\"currentColor\" stroke-width=\"2\"><path d=\"M18 13v6a2 2 0 0 1-2 2H5a2 2 0 0 1-2-2V8a2 2 0 0 1 2-2h6\"\/><polyline points=\"15 3 21 3 21 9\"\/><line x1=\"10\" y1=\"14\" x2=\"21\" y2=\"3\"\/><\/svg>\n        Verificar disponibilidade\n      <\/span>\n    <\/a>\n\n  <\/div>\n\n  \n<\/div>\n\n\n\n\n<h3 class=\"wp-block-heading\"><span class=\"ez-toc-section\" id=\"15_Mannlichen_e_o_caminho_panoramico_a_Kleine_Scheidegg\"><\/span>15. M\u00e4nnlichen e o caminho panor\u00e2mico \u00e0 Kleine Scheidegg<span class=\"ez-toc-section-end\"><\/span><\/h3>\n\n\n\n<p class=\"wp-block-paragraph\">Esta \u00e9 minha escolha certeira quando vou \u00e0 montanha com crian\u00e7as pequenas. O telef\u00e9rico te leva ao <strong>M\u00e4nnlichen, a 2.222 metros<\/strong>, e de l\u00e1 segue \u00e0 Kleine Scheidegg um <strong>caminho panor\u00e2mico de 4,5 quil\u00f4metros<\/strong>, que te toma de uma hora a uma hora e meia. Quase todo o tempo voc\u00ea desce e <strong>\u00e9 um caminho largo de cascalho, transit\u00e1vel at\u00e9 com carrinho de beb\u00ea off-road<\/strong>.<\/p>\n\n\n\n<p class=\"wp-block-paragraph\">Todo o tempo voc\u00ea tem bem \u00e0 sua frente o <strong>Eiger, o M\u00f6nch e a Jungfrau<\/strong>, ent\u00e3o \u00e9 a melhor rela\u00e7\u00e3o entre vista e esfor\u00e7o que voc\u00ea encontra na regi\u00e3o. Ao chegar \u00e0 <strong>Kleine Scheidegg, a 2.061 metros<\/strong>, voc\u00ea pega o trem e se deixa levar de volta para baixo.<\/p>\n\n\n\n<p class=\"wp-block-paragraph\">Antes de sair, fa\u00e7a ainda a <strong>Royal Walk<\/strong> \u2014 \u00e9 um desvio da esta\u00e7\u00e3o superior at\u00e9 o pr\u00f3prio cume do M\u00e4nnlichen, a 2.345 metros. Voc\u00ea sobe s\u00f3 pouco mais de cem metros e leva <strong>meia hora<\/strong>, mas a vista l\u00e1 em cima \u00e9 de outro n\u00edvel comparada \u00e0 da esta\u00e7\u00e3o.<\/p>\n\n\n\n<p class=\"wp-block-paragraph\">\ud83d\udca1 Dica: os telef\u00e9ricos ao M\u00e4nnlichen funcionam <strong>de 23 de maio a 25 de outubro<\/strong>. De Wengen voc\u00ea pode, por um adicional de cinco francos, comprar o &#8220;Royal Ride&#8221; e ir <strong>numa varanda aberta no teto da cabine<\/strong> \u2014 as crian\u00e7as costumam ficar completamente euf\u00f3ricas com isso.<\/p>\n\n\n\n<figure data-wp-context=\"{&quot;imageId&quot;:&quot;6a9563286db24&quot;}\" data-wp-interactive=\"core\/image\" data-wp-key=\"6a9563286db24\" class=\"wp-block-image size-full wp-lightbox-container\"><img decoding=\"async\" width=\"1920\" height=\"1289\" data-wp-class--hide=\"state.isContentHidden\" data-wp-class--show=\"state.isContentVisible\" data-wp-init=\"callbacks.setButtonStyles\" data-wp-on--click=\"actions.showLightbox\" data-wp-on--load=\"callbacks.setButtonStyles\" data-wp-on--pointerdown=\"actions.preloadImage\" data-wp-on--pointerenter=\"actions.preloadImageWithDelay\" data-wp-on--pointerleave=\"actions.cancelPreload\" data-wp-on-window--resize=\"callbacks.setButtonStyles\" src=\"https:\/\/loudavymkrokem.cz\/wp-content\/uploads\/2026\/08\/bonigen-eiger-severni-stena-1.jpg\" alt=\"Face norte do Eiger, sob a qual passa o Eiger Trail\" class=\"wp-image-407136\" title=\"\" srcset=\"https:\/\/loudavymkrokem.cz\/wp-content\/uploads\/2026\/08\/bonigen-eiger-severni-stena-1.jpg 1920w, https:\/\/loudavymkrokem.cz\/wp-content\/uploads\/2026\/08\/bonigen-eiger-severni-stena-1-300x201.jpg 300w, https:\/\/loudavymkrokem.cz\/wp-content\/uploads\/2026\/08\/bonigen-eiger-severni-stena-1-700x470.jpg 700w, https:\/\/loudavymkrokem.cz\/wp-content\/uploads\/2026\/08\/bonigen-eiger-severni-stena-1-768x516.jpg 768w, https:\/\/loudavymkrokem.cz\/wp-content\/uploads\/2026\/08\/bonigen-eiger-severni-stena-1-1536x1031.jpg 1536w, https:\/\/loudavymkrokem.cz\/wp-content\/uploads\/2026\/08\/bonigen-eiger-severni-stena-1-696x467.jpg 696w, https:\/\/loudavymkrokem.cz\/wp-content\/uploads\/2026\/08\/bonigen-eiger-severni-stena-1-1392x935.jpg 1392w\" sizes=\"(max-width: 1920px) 100vw, 1920px\" \/><button\n\t\t\tclass=\"lightbox-trigger\"\n\t\t\ttype=\"button\"\n\t\t\taria-haspopup=\"dialog\"\n\t\t\tdata-wp-bind--aria-label=\"state.thisImage.triggerButtonAriaLabel\"\n\t\t\tdata-wp-init=\"callbacks.initTriggerButton\"\n\t\t\tdata-wp-on--click=\"actions.showLightbox\"\n\t\t\tdata-wp-style--right=\"state.thisImage.buttonRight\"\n\t\t\tdata-wp-style--top=\"state.thisImage.buttonTop\"\n\t\t>\n\t\t\t<svg xmlns=\"http:\/\/www.w3.org\/2000\/svg\" width=\"12\" height=\"12\" fill=\"none\" viewBox=\"0 0 12 12\">\n\t\t\t\t<path fill=\"#fff\" d=\"M2 0a2 2 0 0 0-2 2v2h1.5V2a.5.5 0 0 1 .5-.5h2V0H2Zm2 10.5H2a.5.5 0 0 1-.5-.5V8H0v2a2 2 0 0 0 2 2h2v-1.5ZM8 12v-1.5h2a.5.5 0 0 0 .5-.5V8H12v2a2 2 0 0 1-2 2H8Zm2-12a2 2 0 0 1 2 2v2h-1.5V2a.5.5 0 0 0-.5-.5H8V0h2Z\" \/>\n\t\t\t<\/svg>\n\t\t<\/button><figcaption class=\"wp-element-caption\">Foto: Kurt Ritschard \/ Wikimedia Commons, CC BY-SA 2.0<\/figcaption><\/figure>\n\n\n\n<h3 class=\"wp-block-heading\"><span class=\"ez-toc-section\" id=\"16_Eiger_Trail_bem_sob_a_face_norte\"><\/span>16. Eiger Trail bem sob a face norte<span class=\"ez-toc-section-end\"><\/span><\/h3>\n\n\n\n<p class=\"wp-block-paragraph\">Se voc\u00ea se interessa pelas montanhas tamb\u00e9m como hist\u00f3ria, esta \u00e9 a rota. Voc\u00ea sobe ao <strong>Eigergletscher, a 2.348 metros<\/strong>, e de l\u00e1 desce <strong>cerca de seis quil\u00f4metros at\u00e9 Alpiglen, a 1.616 metros<\/strong>. Durante duas horas inteiras voc\u00ea se move bem sob a <strong>face norte do Eiger<\/strong>, que se ergue acima de voc\u00ea por mais de 1.600 metros.<\/p>\n\n\n\n<p class=\"wp-block-paragraph\">\u00c9 um lugar onde se escreveram e se encerraram destinos do montanhismo, e na rota voc\u00ea encontra at\u00e9 uma placa com plaquinhas comemorativas. O caminho \u00e9 classificado como <strong>de dificuldade m\u00e9dia, voc\u00ea desce por volta de 780 metros<\/strong> e nos trechos mais expostos h\u00e1 cabos de seguran\u00e7a esticados. D\u00e1 para se refrescar no in\u00edcio e no fim.<\/p>\n\n\n\n<p class=\"wp-block-paragraph\">Aten\u00e7\u00e3o \u00e0 temporada, porque esta trilha \u00e9 a que abre mais tarde de todas. <strong>A neve costuma mant\u00ea-la fechada at\u00e9 o come\u00e7o de julho<\/strong> e ela fica transit\u00e1vel at\u00e9 por volta de meados de outubro. Antes do passeio, sempre confira o estado atual \u2014 ele pode mudar de um dia para o outro.<\/p>\n\n\n\n<p class=\"wp-block-paragraph\">\ud83d\udca1 Dica: <strong>com carrinho de beb\u00ea voc\u00ea n\u00e3o chega aqui<\/strong> e as crian\u00e7as menores v\u00e3o precisar de ajuda nos trechos pedregosos. Na volta de Alpiglen tem trem para Grindelwald, mas \u00e9 uma <strong>parada sob demanda<\/strong>, ent\u00e3o n\u00e3o esque\u00e7a de dar o sinal ao maquinista.<\/p>\n\n\n\n<figure data-wp-context=\"{&quot;imageId&quot;:&quot;6a9563286e2b2&quot;}\" data-wp-interactive=\"core\/image\" data-wp-key=\"6a9563286e2b2\" class=\"wp-block-image size-full wp-lightbox-container\"><img decoding=\"async\" width=\"1920\" height=\"1282\" data-wp-class--hide=\"state.isContentHidden\" data-wp-class--show=\"state.isContentVisible\" data-wp-init=\"callbacks.setButtonStyles\" data-wp-on--click=\"actions.showLightbox\" data-wp-on--load=\"callbacks.setButtonStyles\" data-wp-on--pointerdown=\"actions.preloadImage\" data-wp-on--pointerenter=\"actions.preloadImageWithDelay\" data-wp-on--pointerleave=\"actions.cancelPreload\" data-wp-on-window--resize=\"callbacks.setButtonStyles\" src=\"https:\/\/loudavymkrokem.cz\/wp-content\/uploads\/2026\/08\/bonigen-niederhorn-kozorozec-1.jpg\" alt=\"Jovens cabras-monteses na crista do Niederhorn ao entardecer\" class=\"wp-image-407139\" title=\"\" srcset=\"https:\/\/loudavymkrokem.cz\/wp-content\/uploads\/2026\/08\/bonigen-niederhorn-kozorozec-1.jpg 1920w, https:\/\/loudavymkrokem.cz\/wp-content\/uploads\/2026\/08\/bonigen-niederhorn-kozorozec-1-300x200.jpg 300w, https:\/\/loudavymkrokem.cz\/wp-content\/uploads\/2026\/08\/bonigen-niederhorn-kozorozec-1-700x467.jpg 700w, https:\/\/loudavymkrokem.cz\/wp-content\/uploads\/2026\/08\/bonigen-niederhorn-kozorozec-1-768x513.jpg 768w, https:\/\/loudavymkrokem.cz\/wp-content\/uploads\/2026\/08\/bonigen-niederhorn-kozorozec-1-1536x1026.jpg 1536w, https:\/\/loudavymkrokem.cz\/wp-content\/uploads\/2026\/08\/bonigen-niederhorn-kozorozec-1-696x465.jpg 696w, https:\/\/loudavymkrokem.cz\/wp-content\/uploads\/2026\/08\/bonigen-niederhorn-kozorozec-1-1392x929.jpg 1392w\" sizes=\"(max-width: 1920px) 100vw, 1920px\" \/><button\n\t\t\tclass=\"lightbox-trigger\"\n\t\t\ttype=\"button\"\n\t\t\taria-haspopup=\"dialog\"\n\t\t\tdata-wp-bind--aria-label=\"state.thisImage.triggerButtonAriaLabel\"\n\t\t\tdata-wp-init=\"callbacks.initTriggerButton\"\n\t\t\tdata-wp-on--click=\"actions.showLightbox\"\n\t\t\tdata-wp-style--right=\"state.thisImage.buttonRight\"\n\t\t\tdata-wp-style--top=\"state.thisImage.buttonTop\"\n\t\t>\n\t\t\t<svg xmlns=\"http:\/\/www.w3.org\/2000\/svg\" width=\"12\" height=\"12\" fill=\"none\" viewBox=\"0 0 12 12\">\n\t\t\t\t<path fill=\"#fff\" d=\"M2 0a2 2 0 0 0-2 2v2h1.5V2a.5.5 0 0 1 .5-.5h2V0H2Zm2 10.5H2a.5.5 0 0 1-.5-.5V8H0v2a2 2 0 0 0 2 2h2v-1.5ZM8 12v-1.5h2a.5.5 0 0 0 .5-.5V8H12v2a2 2 0 0 1-2 2H8Zm2-12a2 2 0 0 1 2 2v2h-1.5V2a.5.5 0 0 0-.5-.5H8V0h2Z\" \/>\n\t\t\t<\/svg>\n\t\t<\/button><figcaption class=\"wp-element-caption\">Foto: Ostaehli \/ Wikimedia Commons, CC BY-SA 4.0<\/figcaption><\/figure>\n\n\n\n<h3 class=\"wp-block-heading\"><span class=\"ez-toc-section\" id=\"17_Niederhorn_e_as_cabras-monteses_sobre_o_Lago_Thun\"><\/span>17. Niederhorn e as cabras-monteses sobre o Lago Thun<span class=\"ez-toc-section-end\"><\/span><\/h3>\n\n\n\n<p class=\"wp-block-paragraph\">Enquanto todo mundo vai a Grindelwald, do outro lado de Interlaken fica o <strong>Niederhorn, a 1.950 metros<\/strong>, e por l\u00e1 h\u00e1 bem mais tranquilidade. Voc\u00ea chega ao topo a partir da margem do Lago Thun por um funicular terrestre e depois por uma g\u00f4ndola; no total leva <strong>cerca de meia hora<\/strong>.<\/p>\n\n\n\n<p class=\"wp-block-paragraph\">A grande atra\u00e7\u00e3o aqui s\u00e3o as <strong>cabras-monteses<\/strong>. A col\u00f4nia local foi fundada em 1949 com a soltura de tr\u00eas animais, e hoje vivem aqui <strong>de setenta e cinco a cem<\/strong>. De julho a setembro, al\u00e9m disso, toda quinta de manh\u00e3 sai uma expedi\u00e7\u00e3o guiada com um especialista local direto at\u00e9 os rebanhos.<\/p>\n\n\n\n<p class=\"wp-block-paragraph\">A trilha de crista daqui ao <strong>Gemmenalphorn, a 2.061 metros<\/strong>, ganhou a medalha de ouro de trilha mais bonita da Su\u00ed\u00e7a, mas \u00e9 uma empreitada de dia inteiro para os preparados. Com crian\u00e7as, contente-se com o <strong>circuito de seiscentos metros bem na esta\u00e7\u00e3o<\/strong>, que voc\u00ea faz em meia hora, e l\u00e1 em cima h\u00e1 um restaurante com parquinho.<\/p>\n\n\n\n<p class=\"wp-block-paragraph\">\ud83d\udca1 Dica: os telef\u00e9ricos funcionam <strong>de 1\u00ba de maio a 15 de novembro<\/strong>. A passagem de ida e volta a partir do lago sai por 65 francos, mas se voc\u00ea subir de \u00f4nibus at\u00e9 Beatenberg e embarcar l\u00e1, <strong>paga s\u00f3 49<\/strong>. O Niederhorn ainda oferece um <strong>desconto para fam\u00edlias \u2014 voc\u00ea paga s\u00f3 pela primeira crian\u00e7a<\/strong>.<\/p>\n\n\n\n<figure data-wp-context=\"{&quot;imageId&quot;:&quot;6a9563286ea5b&quot;}\" data-wp-interactive=\"core\/image\" data-wp-key=\"6a9563286ea5b\" class=\"wp-block-image size-full wp-lightbox-container\"><img decoding=\"async\" width=\"1920\" height=\"1280\" data-wp-class--hide=\"state.isContentHidden\" data-wp-class--show=\"state.isContentVisible\" data-wp-init=\"callbacks.setButtonStyles\" data-wp-on--click=\"actions.showLightbox\" data-wp-on--load=\"callbacks.setButtonStyles\" data-wp-on--pointerdown=\"actions.preloadImage\" data-wp-on--pointerenter=\"actions.preloadImageWithDelay\" data-wp-on--pointerleave=\"actions.cancelPreload\" data-wp-on-window--resize=\"callbacks.setButtonStyles\" src=\"https:\/\/loudavymkrokem.cz\/wp-content\/uploads\/2026\/08\/bonigen-brienzer-rothorn-parni-lokomotiva.jpg\" alt=\"Locomotiva a vapor da ferrovia cremalheira na esta\u00e7\u00e3o de cume do Brienzer Rothorn\" class=\"wp-image-407156\" title=\"\" srcset=\"https:\/\/loudavymkrokem.cz\/wp-content\/uploads\/2026\/08\/bonigen-brienzer-rothorn-parni-lokomotiva.jpg 1920w, https:\/\/loudavymkrokem.cz\/wp-content\/uploads\/2026\/08\/bonigen-brienzer-rothorn-parni-lokomotiva-300x200.jpg 300w, https:\/\/loudavymkrokem.cz\/wp-content\/uploads\/2026\/08\/bonigen-brienzer-rothorn-parni-lokomotiva-700x467.jpg 700w, https:\/\/loudavymkrokem.cz\/wp-content\/uploads\/2026\/08\/bonigen-brienzer-rothorn-parni-lokomotiva-768x512.jpg 768w, https:\/\/loudavymkrokem.cz\/wp-content\/uploads\/2026\/08\/bonigen-brienzer-rothorn-parni-lokomotiva-1536x1024.jpg 1536w, https:\/\/loudavymkrokem.cz\/wp-content\/uploads\/2026\/08\/bonigen-brienzer-rothorn-parni-lokomotiva-696x464.jpg 696w, https:\/\/loudavymkrokem.cz\/wp-content\/uploads\/2026\/08\/bonigen-brienzer-rothorn-parni-lokomotiva-1392x928.jpg 1392w\" sizes=\"(max-width: 1920px) 100vw, 1920px\" \/><button\n\t\t\tclass=\"lightbox-trigger\"\n\t\t\ttype=\"button\"\n\t\t\taria-haspopup=\"dialog\"\n\t\t\tdata-wp-bind--aria-label=\"state.thisImage.triggerButtonAriaLabel\"\n\t\t\tdata-wp-init=\"callbacks.initTriggerButton\"\n\t\t\tdata-wp-on--click=\"actions.showLightbox\"\n\t\t\tdata-wp-style--right=\"state.thisImage.buttonRight\"\n\t\t\tdata-wp-style--top=\"state.thisImage.buttonTop\"\n\t\t>\n\t\t\t<svg xmlns=\"http:\/\/www.w3.org\/2000\/svg\" width=\"12\" height=\"12\" fill=\"none\" viewBox=\"0 0 12 12\">\n\t\t\t\t<path fill=\"#fff\" d=\"M2 0a2 2 0 0 0-2 2v2h1.5V2a.5.5 0 0 1 .5-.5h2V0H2Zm2 10.5H2a.5.5 0 0 1-.5-.5V8H0v2a2 2 0 0 0 2 2h2v-1.5ZM8 12v-1.5h2a.5.5 0 0 0 .5-.5V8H12v2a2 2 0 0 1-2 2H8Zm2-12a2 2 0 0 1 2 2v2h-1.5V2a.5.5 0 0 0-.5-.5H8V0h2Z\" \/>\n\t\t\t<\/svg>\n\t\t<\/button><figcaption class=\"wp-element-caption\">Foto: Uwelino \/ Wikimedia Commons, CC BY-SA 4.0<\/figcaption><\/figure>\n\n\n\n<h3 class=\"wp-block-heading\"><span class=\"ez-toc-section\" id=\"18_De_trem_cremalheira_a_vapor_ao_Brienzer_Rothorn\"><\/span>18. De trem cremalheira a vapor ao Brienzer Rothorn<span class=\"ez-toc-section-end\"><\/span><\/h3>\n\n\n\n<p class=\"wp-block-paragraph\">Este passeio j\u00e1 \u00e9 uma experi\u00eancia pela pr\u00f3pria viagem. De Brienz, na outra ponta do lago, sai a <strong>ferrovia cremalheira a vapor de 1892<\/strong>, que, junto com a linha do Furka, \u00e9 a <strong>\u00fanica ferrovia da Su\u00ed\u00e7a operada regularmente a vapor<\/strong>. Em uma hora, ela sobe pelos sete quil\u00f4metros e meio de trilhos um <strong>desn\u00edvel de 1.678 metros<\/strong>.<\/p>\n\n\n\n<p class=\"wp-block-paragraph\">A esta\u00e7\u00e3o superior fica a <strong>2.244 metros<\/strong>, e ao pr\u00f3prio cume do Brienzer Rothorn, a 2.350 metros, voc\u00ea sobe <strong>em quinze minutos<\/strong>. A vista de l\u00e1 \u00e9 extraordin\u00e1ria \u2014 dizem que d\u00e1 para ver <strong>693 cumes<\/strong>. Em cima h\u00e1 dois restaurantes e no hotel de montanha d\u00e1 at\u00e9 para pernoitar.<\/p>\n\n\n\n<p class=\"wp-block-paragraph\">Quem quer ir a p\u00e9 pode descer at\u00e9 a esta\u00e7\u00e3o intermedi\u00e1ria de <strong>Planalp em duas horas e meia<\/strong> e de l\u00e1 seguir de trem. Nesse trecho voc\u00ea desce cerca de mil metros, ent\u00e3o d\u00e1 trabalho para os joelhos. De B\u00f6nigen voc\u00ea chega aqui via Interlaken Ost, de onde \u00e9 <strong>menos de vinte minutos de trem at\u00e9 Brienz<\/strong>.<\/p>\n\n\n\n<p class=\"wp-block-paragraph\">\ud83d\udca1 Dica: at\u00e9 o cume, o trem s\u00f3 vai <strong>de 6 de junho a 25 de outubro<\/strong>; antes disso a ferrovia termina em Planalp. A passagem de ida e volta custa 98 francos, mas <strong>crian\u00e7as de seis a quinze anos pagam dez francos<\/strong> e com o Bernese Oberland Pass a viagem \u00e9 de gra\u00e7a. Por oito francos voc\u00ea pode reservar um lugar espec\u00edfico.<\/p>\n\n\n\n<figure data-wp-context=\"{&quot;imageId&quot;:&quot;6a9563286f248&quot;}\" data-wp-interactive=\"core\/image\" data-wp-key=\"6a9563286f248\" class=\"wp-block-image size-full wp-lightbox-container\"><img decoding=\"async\" width=\"1800\" height=\"1224\" data-wp-class--hide=\"state.isContentHidden\" data-wp-class--show=\"state.isContentVisible\" data-wp-init=\"callbacks.setButtonStyles\" data-wp-on--click=\"actions.showLightbox\" data-wp-on--load=\"callbacks.setButtonStyles\" data-wp-on--pointerdown=\"actions.preloadImage\" data-wp-on--pointerenter=\"actions.preloadImageWithDelay\" data-wp-on--pointerleave=\"actions.cancelPreload\" data-wp-on-window--resize=\"callbacks.setButtonStyles\" src=\"https:\/\/loudavymkrokem.cz\/wp-content\/uploads\/2026\/08\/articles-bonigen-18.jpg\" alt=\"Lago Brienz visto de cima\" class=\"wp-image-404497\" title=\"\" srcset=\"https:\/\/loudavymkrokem.cz\/wp-content\/uploads\/2026\/08\/articles-bonigen-18.jpg 1800w, https:\/\/loudavymkrokem.cz\/wp-content\/uploads\/2026\/08\/articles-bonigen-18-300x204.jpg 300w, https:\/\/loudavymkrokem.cz\/wp-content\/uploads\/2026\/08\/articles-bonigen-18-700x476.jpg 700w, https:\/\/loudavymkrokem.cz\/wp-content\/uploads\/2026\/08\/articles-bonigen-18-768x522.jpg 768w, https:\/\/loudavymkrokem.cz\/wp-content\/uploads\/2026\/08\/articles-bonigen-18-1536x1044.jpg 1536w, https:\/\/loudavymkrokem.cz\/wp-content\/uploads\/2026\/08\/articles-bonigen-18-696x473.jpg 696w, https:\/\/loudavymkrokem.cz\/wp-content\/uploads\/2026\/08\/articles-bonigen-18-1392x947.jpg 1392w\" sizes=\"(max-width: 1800px) 100vw, 1800px\" \/><button\n\t\t\tclass=\"lightbox-trigger\"\n\t\t\ttype=\"button\"\n\t\t\taria-haspopup=\"dialog\"\n\t\t\tdata-wp-bind--aria-label=\"state.thisImage.triggerButtonAriaLabel\"\n\t\t\tdata-wp-init=\"callbacks.initTriggerButton\"\n\t\t\tdata-wp-on--click=\"actions.showLightbox\"\n\t\t\tdata-wp-style--right=\"state.thisImage.buttonRight\"\n\t\t\tdata-wp-style--top=\"state.thisImage.buttonTop\"\n\t\t>\n\t\t\t<svg xmlns=\"http:\/\/www.w3.org\/2000\/svg\" width=\"12\" height=\"12\" fill=\"none\" viewBox=\"0 0 12 12\">\n\t\t\t\t<path fill=\"#fff\" d=\"M2 0a2 2 0 0 0-2 2v2h1.5V2a.5.5 0 0 1 .5-.5h2V0H2Zm2 10.5H2a.5.5 0 0 1-.5-.5V8H0v2a2 2 0 0 0 2 2h2v-1.5ZM8 12v-1.5h2a.5.5 0 0 0 .5-.5V8H12v2a2 2 0 0 1-2 2H8Zm2-12a2 2 0 0 1 2 2v2h-1.5V2a.5.5 0 0 0-.5-.5H8V0h2Z\" \/>\n\t\t\t<\/svg>\n\t\t<\/button><figcaption class=\"wp-element-caption\">Foto: Carsten Steger \/ Wikimedia Commons, CC BY-SA 4.0<\/figcaption><\/figure>\n\n\n\n<h2 class=\"wp-block-heading\"><span class=\"ez-toc-section\" id=\"Passeios_a_partir_de_Bonigen_6_dicas_pela_regiao\"><\/span>Passeios a partir de B\u00f6nigen: 6 dicas pela regi\u00e3o<span class=\"ez-toc-section-end\"><\/span><\/h2>\n\n\n\n<p class=\"wp-block-paragraph\">Se voc\u00ea tem B\u00f6nigen como base, abre-se para voc\u00ea <strong>todo o Oberland Bern\u00eas<\/strong> na palma da m\u00e3o. Aqui voc\u00ea j\u00e1 vai precisar de <strong>um or\u00e7amento um pouco maior<\/strong>, porque os telef\u00e9ricos e trens de montanha su\u00ed\u00e7os n\u00e3o s\u00e3o baratos, mas as experi\u00eancias deles ficam na sua mem\u00f3ria para o resto da vida.<\/p>\n\n\n\n<p class=\"wp-block-paragraph\">Recomendo planejar os passeios segundo a <strong>previs\u00e3o do tempo atual<\/strong>. Aos mirantes de montanha caros s\u00f3 faz sentido ir nos dias em que o <strong>c\u00e9u est\u00e1 completamente limpo<\/strong>, sen\u00e3o voc\u00ea paga dezenas de francos por uma vista para uma neblina cinza impenetr\u00e1vel.<\/p>\n\n\n\n<figure data-wp-context=\"{&quot;imageId&quot;:&quot;6a9563286f883&quot;}\" data-wp-interactive=\"core\/image\" data-wp-key=\"6a9563286f883\" class=\"wp-block-image size-full wp-lightbox-container\"><img decoding=\"async\" width=\"1800\" height=\"1011\" data-wp-class--hide=\"state.isContentHidden\" data-wp-class--show=\"state.isContentVisible\" data-wp-init=\"callbacks.setButtonStyles\" data-wp-on--click=\"actions.showLightbox\" data-wp-on--load=\"callbacks.setButtonStyles\" data-wp-on--pointerdown=\"actions.preloadImage\" data-wp-on--pointerenter=\"actions.preloadImageWithDelay\" data-wp-on--pointerleave=\"actions.cancelPreload\" data-wp-on-window--resize=\"callbacks.setButtonStyles\" src=\"https:\/\/loudavymkrokem.cz\/wp-content\/uploads\/2026\/08\/articles-bonigen-19.jpg\" alt=\"Mirante Harder Kulm sobre Interlaken\" class=\"wp-image-404500\" title=\"\" srcset=\"https:\/\/loudavymkrokem.cz\/wp-content\/uploads\/2026\/08\/articles-bonigen-19.jpg 1800w, https:\/\/loudavymkrokem.cz\/wp-content\/uploads\/2026\/08\/articles-bonigen-19-300x169.jpg 300w, https:\/\/loudavymkrokem.cz\/wp-content\/uploads\/2026\/08\/articles-bonigen-19-700x393.jpg 700w, https:\/\/loudavymkrokem.cz\/wp-content\/uploads\/2026\/08\/articles-bonigen-19-768x431.jpg 768w, https:\/\/loudavymkrokem.cz\/wp-content\/uploads\/2026\/08\/articles-bonigen-19-1536x863.jpg 1536w, https:\/\/loudavymkrokem.cz\/wp-content\/uploads\/2026\/08\/articles-bonigen-19-696x391.jpg 696w, https:\/\/loudavymkrokem.cz\/wp-content\/uploads\/2026\/08\/articles-bonigen-19-1392x782.jpg 1392w\" sizes=\"(max-width: 1800px) 100vw, 1800px\" \/><button\n\t\t\tclass=\"lightbox-trigger\"\n\t\t\ttype=\"button\"\n\t\t\taria-haspopup=\"dialog\"\n\t\t\tdata-wp-bind--aria-label=\"state.thisImage.triggerButtonAriaLabel\"\n\t\t\tdata-wp-init=\"callbacks.initTriggerButton\"\n\t\t\tdata-wp-on--click=\"actions.showLightbox\"\n\t\t\tdata-wp-style--right=\"state.thisImage.buttonRight\"\n\t\t\tdata-wp-style--top=\"state.thisImage.buttonTop\"\n\t\t>\n\t\t\t<svg xmlns=\"http:\/\/www.w3.org\/2000\/svg\" width=\"12\" height=\"12\" fill=\"none\" viewBox=\"0 0 12 12\">\n\t\t\t\t<path fill=\"#fff\" d=\"M2 0a2 2 0 0 0-2 2v2h1.5V2a.5.5 0 0 1 .5-.5h2V0H2Zm2 10.5H2a.5.5 0 0 1-.5-.5V8H0v2a2 2 0 0 0 2 2h2v-1.5ZM8 12v-1.5h2a.5.5 0 0 0 .5-.5V8H12v2a2 2 0 0 1-2 2H8Zm2-12a2 2 0 0 1 2 2v2h-1.5V2a.5.5 0 0 0-.5-.5H8V0h2Z\" \/>\n\t\t\t<\/svg>\n\t\t<\/button><figcaption class=\"wp-element-caption\">Foto: Ollie Craig \/ Pexels<\/figcaption><\/figure>\n\n\n\n<h3 class=\"wp-block-heading\"><span class=\"ez-toc-section\" id=\"19_Harder_Kulm_a_montanha_simbolo_de_Interlaken\"><\/span>19. Harder Kulm: a montanha s\u00edmbolo de Interlaken<span class=\"ez-toc-section-end\"><\/span><\/h3>\n\n\n\n<p class=\"wp-block-paragraph\">Este \u00e9 obrigat\u00f3rio. O <strong>Harder Kulm, a 1.322 metros de altura<\/strong>, \u00e9 conhecido como a montanha s\u00edmbolo de Interlaken e oferece a vista mais ic\u00f4nica de toda a regi\u00e3o. O funicular hist\u00f3rico te leva do vale para o topo em apenas 10 minutos, durante os quais vence 755 metros de desn\u00edvel numa via de s\u00f3 1,4 quil\u00f4metro.<\/p>\n\n\n\n<p class=\"wp-block-paragraph\">Para 2026, a <strong>passagem de ida e volta para adultos custa 44 CHF<\/strong>. Se voc\u00ea tem o Swiss Travel Pass ou o Bernese Oberland Pass, ganha 50% de desconto. O funicular funciona de 3 de abril a 29 de novembro a cada meia hora, sendo que no ver\u00e3o d\u00e1 para descer at\u00e9 tarde da noite.<\/p>\n\n\n\n<p class=\"wp-block-paragraph\">L\u00e1 em cima te espera a famosa <strong>plataforma de mirante Two Lakes Bridge<\/strong>, que avan\u00e7a dramaticamente sobre o precip\u00edcio profundo. Voc\u00ea fica em p\u00e9 nela e v\u00ea ao mesmo tempo os dois lagos (Thunersee e Brienzersee), tendo bem \u00e0 frente o majestoso trio alpino Eiger, M\u00f6nch e Jungfrau. Parece mesmo cen\u00e1rio de filme.<\/p>\n\n\n\n<p class=\"wp-block-paragraph\">\ud83d\udca1 Dica: <strong>evite as filas<\/strong> e compre a <strong>passagem com anteced\u00eancia online<\/strong> direto no site do <a href=\"https:\/\/www.harder-kulm.com\" target=\"_blank\" rel=\"nofollow noopener\">Harder Kulm<\/a>. Voc\u00ea recebe um QR code no celular e passa direto pelas catracas.<\/p>\n\n\n\n<figure data-wp-context=\"{&quot;imageId&quot;:&quot;6a9563286fff8&quot;}\" data-wp-interactive=\"core\/image\" data-wp-key=\"6a9563286fff8\" class=\"wp-block-image size-full wp-lightbox-container\"><img decoding=\"async\" width=\"1800\" height=\"1350\" data-wp-class--hide=\"state.isContentHidden\" data-wp-class--show=\"state.isContentVisible\" data-wp-init=\"callbacks.setButtonStyles\" data-wp-on--click=\"actions.showLightbox\" data-wp-on--load=\"callbacks.setButtonStyles\" data-wp-on--pointerdown=\"actions.preloadImage\" data-wp-on--pointerenter=\"actions.preloadImageWithDelay\" data-wp-on--pointerleave=\"actions.cancelPreload\" data-wp-on-window--resize=\"callbacks.setButtonStyles\" src=\"https:\/\/loudavymkrokem.cz\/wp-content\/uploads\/2026\/08\/articles-bonigen-20.jpg\" alt=\"Cascatas das cachoeiras de Giessbach\" class=\"wp-image-404502\" title=\"\" srcset=\"https:\/\/loudavymkrokem.cz\/wp-content\/uploads\/2026\/08\/articles-bonigen-20.jpg 1800w, https:\/\/loudavymkrokem.cz\/wp-content\/uploads\/2026\/08\/articles-bonigen-20-300x225.jpg 300w, https:\/\/loudavymkrokem.cz\/wp-content\/uploads\/2026\/08\/articles-bonigen-20-700x525.jpg 700w, https:\/\/loudavymkrokem.cz\/wp-content\/uploads\/2026\/08\/articles-bonigen-20-768x576.jpg 768w, https:\/\/loudavymkrokem.cz\/wp-content\/uploads\/2026\/08\/articles-bonigen-20-1536x1152.jpg 1536w, https:\/\/loudavymkrokem.cz\/wp-content\/uploads\/2026\/08\/articles-bonigen-20-80x60.jpg 80w, https:\/\/loudavymkrokem.cz\/wp-content\/uploads\/2026\/08\/articles-bonigen-20-160x120.jpg 160w, https:\/\/loudavymkrokem.cz\/wp-content\/uploads\/2026\/08\/articles-bonigen-20-696x522.jpg 696w, https:\/\/loudavymkrokem.cz\/wp-content\/uploads\/2026\/08\/articles-bonigen-20-1392x1044.jpg 1392w\" sizes=\"(max-width: 1800px) 100vw, 1800px\" \/><button\n\t\t\tclass=\"lightbox-trigger\"\n\t\t\ttype=\"button\"\n\t\t\taria-haspopup=\"dialog\"\n\t\t\tdata-wp-bind--aria-label=\"state.thisImage.triggerButtonAriaLabel\"\n\t\t\tdata-wp-init=\"callbacks.initTriggerButton\"\n\t\t\tdata-wp-on--click=\"actions.showLightbox\"\n\t\t\tdata-wp-style--right=\"state.thisImage.buttonRight\"\n\t\t\tdata-wp-style--top=\"state.thisImage.buttonTop\"\n\t\t>\n\t\t\t<svg xmlns=\"http:\/\/www.w3.org\/2000\/svg\" width=\"12\" height=\"12\" fill=\"none\" viewBox=\"0 0 12 12\">\n\t\t\t\t<path fill=\"#fff\" d=\"M2 0a2 2 0 0 0-2 2v2h1.5V2a.5.5 0 0 1 .5-.5h2V0H2Zm2 10.5H2a.5.5 0 0 1-.5-.5V8H0v2a2 2 0 0 0 2 2h2v-1.5ZM8 12v-1.5h2a.5.5 0 0 0 .5-.5V8H12v2a2 2 0 0 1-2 2H8Zm2-12a2 2 0 0 1 2 2v2h-1.5V2a.5.5 0 0 0-.5-.5H8V0h2Z\" \/>\n\t\t\t<\/svg>\n\t\t<\/button><figcaption class=\"wp-element-caption\">Foto: Metehan \u015eeker \/ Pexels<\/figcaption><\/figure>\n\n\n\n<h3 class=\"wp-block-heading\"><span class=\"ez-toc-section\" id=\"20_Cachoeiras_de_Giessbach_e_a_passagem_por_tras_da_agua\"><\/span>20. Cachoeiras de Giessbach e a passagem por tr\u00e1s da \u00e1gua<span class=\"ez-toc-section-end\"><\/span><\/h3>\n\n\n\n<p class=\"wp-block-paragraph\">A \u00e1gua aqui cai <strong>em 14 cascatas<\/strong>, de cerca de 400 metros, direto no lago, e antes que voc\u00ea comece a pensar que j\u00e1 viu cachoeiras em outros lugares, espere o que vem depois. Ao redor das cachoeiras passa uma <strong>rede de trilhas perfeitamente mantidas<\/strong>, que te levam at\u00e9 os trechos mais barulhentos e selvagens.<\/p>\n\n\n\n<p class=\"wp-block-paragraph\">A maior atra\u00e7\u00e3o \u00e9 a <strong>trilha que passa bem POR TR\u00c1S de uma das cachoeiras<\/strong>. Voc\u00ea pode passar sob uma sali\u00eancia rochosa imensa e olhar atrav\u00e9s da parede de \u00e1gua em queda para o lago turquesa e as montanhas ao redor. \u00c9 um circuito seguro, de cerca de 20 minutos, que vai te encantar completamente.<\/p>\n\n\n\n<p class=\"wp-block-paragraph\">Voc\u00ea pode chegar aqui de carro (o <strong>estacionamento sai por 15 CHF<\/strong> ao dia na alta temporada), mas muito mais estiloso \u00e9 <strong>chegar de barco \u00e0 parada<\/strong> Giessbach See. De l\u00e1 o caminho segue a p\u00e9 ou pelo telef\u00e9rico hist\u00f3rico bem at\u00e9 o in\u00edcio das trilhas.<\/p>\n\n\n\n<p class=\"wp-block-paragraph\">\ud83d\udca1 Dica: se voc\u00ea vem para c\u00e1 na primavera, na \u00e9poca do degelo, ou depois de chuvas fortes, conte com um bom <strong>banho na trilha atr\u00e1s da cachoeira<\/strong>. Uma <strong>capa de chuva imperme\u00e1vel \u00e9 indispens\u00e1vel<\/strong>.<\/p>\n\n\n\n<figure data-wp-context=\"{&quot;imageId&quot;:&quot;6a956328706ab&quot;}\" data-wp-interactive=\"core\/image\" data-wp-key=\"6a956328706ab\" class=\"wp-block-image size-full wp-lightbox-container\"><img decoding=\"async\" width=\"1800\" height=\"1350\" data-wp-class--hide=\"state.isContentHidden\" data-wp-class--show=\"state.isContentVisible\" data-wp-init=\"callbacks.setButtonStyles\" data-wp-on--click=\"actions.showLightbox\" data-wp-on--load=\"callbacks.setButtonStyles\" data-wp-on--pointerdown=\"actions.preloadImage\" data-wp-on--pointerenter=\"actions.preloadImageWithDelay\" data-wp-on--pointerleave=\"actions.cancelPreload\" data-wp-on-window--resize=\"callbacks.setButtonStyles\" src=\"https:\/\/loudavymkrokem.cz\/wp-content\/uploads\/2026\/08\/articles-bonigen-21.jpg\" alt=\"Grandhotel Giessbach e o telef\u00e9rico hist\u00f3rico\" class=\"wp-image-404504\" title=\"\" srcset=\"https:\/\/loudavymkrokem.cz\/wp-content\/uploads\/2026\/08\/articles-bonigen-21.jpg 1800w, https:\/\/loudavymkrokem.cz\/wp-content\/uploads\/2026\/08\/articles-bonigen-21-300x225.jpg 300w, https:\/\/loudavymkrokem.cz\/wp-content\/uploads\/2026\/08\/articles-bonigen-21-700x525.jpg 700w, https:\/\/loudavymkrokem.cz\/wp-content\/uploads\/2026\/08\/articles-bonigen-21-768x576.jpg 768w, https:\/\/loudavymkrokem.cz\/wp-content\/uploads\/2026\/08\/articles-bonigen-21-1536x1152.jpg 1536w, https:\/\/loudavymkrokem.cz\/wp-content\/uploads\/2026\/08\/articles-bonigen-21-80x60.jpg 80w, https:\/\/loudavymkrokem.cz\/wp-content\/uploads\/2026\/08\/articles-bonigen-21-160x120.jpg 160w, https:\/\/loudavymkrokem.cz\/wp-content\/uploads\/2026\/08\/articles-bonigen-21-696x522.jpg 696w, https:\/\/loudavymkrokem.cz\/wp-content\/uploads\/2026\/08\/articles-bonigen-21-1392x1044.jpg 1392w\" sizes=\"(max-width: 1800px) 100vw, 1800px\" \/><button\n\t\t\tclass=\"lightbox-trigger\"\n\t\t\ttype=\"button\"\n\t\t\taria-haspopup=\"dialog\"\n\t\t\tdata-wp-bind--aria-label=\"state.thisImage.triggerButtonAriaLabel\"\n\t\t\tdata-wp-init=\"callbacks.initTriggerButton\"\n\t\t\tdata-wp-on--click=\"actions.showLightbox\"\n\t\t\tdata-wp-style--right=\"state.thisImage.buttonRight\"\n\t\t\tdata-wp-style--top=\"state.thisImage.buttonTop\"\n\t\t>\n\t\t\t<svg xmlns=\"http:\/\/www.w3.org\/2000\/svg\" width=\"12\" height=\"12\" fill=\"none\" viewBox=\"0 0 12 12\">\n\t\t\t\t<path fill=\"#fff\" d=\"M2 0a2 2 0 0 0-2 2v2h1.5V2a.5.5 0 0 1 .5-.5h2V0H2Zm2 10.5H2a.5.5 0 0 1-.5-.5V8H0v2a2 2 0 0 0 2 2h2v-1.5ZM8 12v-1.5h2a.5.5 0 0 0 .5-.5V8H12v2a2 2 0 0 1-2 2H8Zm2-12a2 2 0 0 1 2 2v2h-1.5V2a.5.5 0 0 0-.5-.5H8V0h2Z\" \/>\n\t\t\t<\/svg>\n\t\t<\/button><figcaption class=\"wp-element-caption\">Foto: JoachimKohler-HB \/ Wikimedia Commons, CC BY-SA 4.0<\/figcaption><\/figure>\n\n\n\n<h3 class=\"wp-block-heading\"><span class=\"ez-toc-section\" id=\"21_O_funicular_turistico_mais_antigo_da_Suica_e_o_Grandhotel\"><\/span>21. O funicular tur\u00edstico mais antigo da Su\u00ed\u00e7a e o Grandhotel<span class=\"ez-toc-section-end\"><\/span><\/h3>\n\n\n\n<p class=\"wp-block-paragraph\">J\u00e1 que voc\u00ea chega de barco sob as cachoeiras de Giessbach, n\u00e3o deixe passar uma raridade t\u00e9cnica. Do embarcadouro sobe at\u00e9 o hotel o <strong>Giessbachbahn \u2014 o funicular terrestre mais antigo ainda em opera\u00e7\u00e3o na Su\u00ed\u00e7a<\/strong>. Funciona desde 1879 e foi o primeiro funicular su\u00ed\u00e7o constru\u00eddo puramente para turistas. Seus vag\u00f5ezinhos vermelhos hist\u00f3ricos s\u00e3o incrivelmente fotog\u00eanicos.<\/p>\n\n\n\n<p class=\"wp-block-paragraph\">A esta\u00e7\u00e3o superior te deixa bem em frente aos port\u00f5es do deslumbrante <strong>Grandhotel Giessbach<\/strong>. Esse pal\u00e1cio de luxo do s\u00e9culo 19 recebeu a elite do mundo inteiro e at\u00e9 hoje mant\u00e9m sua atmosfera aristocr\u00e1tica. Ao redor do hotel se estende um <strong>parque cuidadosamente mantido de incr\u00edveis 22 hectares<\/strong>, por onde voc\u00ea pode passear livremente.<\/p>\n\n\n\n<p class=\"wp-block-paragraph\">Mesmo que voc\u00ea n\u00e3o fique no hotel, recomendo com certeza sentar no seu <strong>enorme terra\u00e7o com vista<\/strong>. <strong>O caf\u00e9 aqui custa uma fortuna<\/strong>, mas com as cachoeiras ao fundo e aquela atmosfera aristocr\u00e1tica voc\u00ea vai se sentir num romance da Agatha Christie, e isso simplesmente vale a pena. \u263a\ufe0f<\/p>\n\n\n\n<p class=\"wp-block-paragraph\">\ud83d\udca1 Dica: mais sobre a <strong>hist\u00f3ria do hotel<\/strong> e os <strong>hor\u00e1rios atuais do funicular<\/strong> voc\u00ea pode ler no lindo site do <a href=\"https:\/\/www.giessbach.ch\" target=\"_blank\" rel=\"nofollow noopener\">Grandhotel Giessbach<\/a>.<\/p>\n\n\n\n<figure data-wp-context=\"{&quot;imageId&quot;:&quot;6a95632870da8&quot;}\" data-wp-interactive=\"core\/image\" data-wp-key=\"6a95632870da8\" class=\"wp-block-image size-full wp-lightbox-container\"><img decoding=\"async\" width=\"1800\" height=\"1350\" data-wp-class--hide=\"state.isContentHidden\" data-wp-class--show=\"state.isContentVisible\" data-wp-init=\"callbacks.setButtonStyles\" data-wp-on--click=\"actions.showLightbox\" data-wp-on--load=\"callbacks.setButtonStyles\" data-wp-on--pointerdown=\"actions.preloadImage\" data-wp-on--pointerenter=\"actions.preloadImageWithDelay\" data-wp-on--pointerleave=\"actions.cancelPreload\" data-wp-on-window--resize=\"callbacks.setButtonStyles\" src=\"https:\/\/loudavymkrokem.cz\/wp-content\/uploads\/2026\/08\/articles-bonigen-22.jpg\" alt=\"Vilarejo de Iseltwald numa pen\u00ednsula do lago\" class=\"wp-image-404505\" title=\"\" srcset=\"https:\/\/loudavymkrokem.cz\/wp-content\/uploads\/2026\/08\/articles-bonigen-22.jpg 1800w, https:\/\/loudavymkrokem.cz\/wp-content\/uploads\/2026\/08\/articles-bonigen-22-300x225.jpg 300w, https:\/\/loudavymkrokem.cz\/wp-content\/uploads\/2026\/08\/articles-bonigen-22-700x525.jpg 700w, https:\/\/loudavymkrokem.cz\/wp-content\/uploads\/2026\/08\/articles-bonigen-22-768x576.jpg 768w, https:\/\/loudavymkrokem.cz\/wp-content\/uploads\/2026\/08\/articles-bonigen-22-1536x1152.jpg 1536w, https:\/\/loudavymkrokem.cz\/wp-content\/uploads\/2026\/08\/articles-bonigen-22-80x60.jpg 80w, https:\/\/loudavymkrokem.cz\/wp-content\/uploads\/2026\/08\/articles-bonigen-22-160x120.jpg 160w, https:\/\/loudavymkrokem.cz\/wp-content\/uploads\/2026\/08\/articles-bonigen-22-696x522.jpg 696w, https:\/\/loudavymkrokem.cz\/wp-content\/uploads\/2026\/08\/articles-bonigen-22-1392x1044.jpg 1392w\" sizes=\"(max-width: 1800px) 100vw, 1800px\" \/><button\n\t\t\tclass=\"lightbox-trigger\"\n\t\t\ttype=\"button\"\n\t\t\taria-haspopup=\"dialog\"\n\t\t\tdata-wp-bind--aria-label=\"state.thisImage.triggerButtonAriaLabel\"\n\t\t\tdata-wp-init=\"callbacks.initTriggerButton\"\n\t\t\tdata-wp-on--click=\"actions.showLightbox\"\n\t\t\tdata-wp-style--right=\"state.thisImage.buttonRight\"\n\t\t\tdata-wp-style--top=\"state.thisImage.buttonTop\"\n\t\t>\n\t\t\t<svg xmlns=\"http:\/\/www.w3.org\/2000\/svg\" width=\"12\" height=\"12\" fill=\"none\" viewBox=\"0 0 12 12\">\n\t\t\t\t<path fill=\"#fff\" d=\"M2 0a2 2 0 0 0-2 2v2h1.5V2a.5.5 0 0 1 .5-.5h2V0H2Zm2 10.5H2a.5.5 0 0 1-.5-.5V8H0v2a2 2 0 0 0 2 2h2v-1.5ZM8 12v-1.5h2a.5.5 0 0 0 .5-.5V8H12v2a2 2 0 0 1-2 2H8Zm2-12a2 2 0 0 1 2 2v2h-1.5V2a.5.5 0 0 0-.5-.5H8V0h2Z\" \/>\n\t\t\t<\/svg>\n\t\t<\/button><figcaption class=\"wp-element-caption\">Foto: PKurmannCH \/ Wikimedia Commons, CC BY-SA 4.0<\/figcaption><\/figure>\n\n\n\n<h3 class=\"wp-block-heading\"><span class=\"ez-toc-section\" id=\"22_Iseltwald_e_o_pier_iconico_da_serie\"><\/span>22. Iseltwald e o p\u00eder ic\u00f4nico da s\u00e9rie<span class=\"ez-toc-section-end\"><\/span><\/h3>\n\n\n\n<p class=\"wp-block-paragraph\">A vizinha Iseltwald \u00e9 uma aldeia pitoresca situada numa pequena pen\u00ednsula, aonde de B\u00f6nigen voc\u00ea chega de barco ou de \u00f4nibus 103. Mas o p\u00eder de madeira local se tornou recentemente uma sensa\u00e7\u00e3o viral, porque aqui foi gravada uma cena-chave da <strong>famosa s\u00e9rie coreana da Netflix Crash Landing on You (Pousando no Amor)<\/strong>.<\/p>\n\n\n\n<p class=\"wp-block-paragraph\">Desde ent\u00e3o, chegam aqui multid\u00f5es de turistas asi\u00e1ticos que querem tirar uma foto no mesmo lugar que seus her\u00f3is da s\u00e9rie. O munic\u00edpio resolveu a situa\u00e7\u00e3o com esperteza e instalou diante do p\u00eder <strong>uma catraca que cobra uma &#8220;taxa de selfie&#8221; de 5 CHF<\/strong>. A arrecada\u00e7\u00e3o vai para a limpeza do vilarejo e a coleta de lixo deixado pelas multid\u00f5es. S\u00f3 em 2024, quase 50 mil pessoas passaram pela catraca e o munic\u00edpio arrecadou cerca de 245 mil francos. Os banheiros p\u00fablicos a um franco somaram mais 58 mil.<\/p>\n\n\n\n<p class=\"wp-block-paragraph\">Al\u00e9m do p\u00eder, voc\u00ea vai ver aqui tamb\u00e9m o <strong>lindo castelinho Seeburg, de 1907<\/strong>, que funciona como s\u00edmbolo do vilarejo (infelizmente \u00e9 de propriedade privada e voc\u00ea s\u00f3 o v\u00ea por fora). No lago, a pouca dist\u00e2ncia da margem, fica Schn\u00e4ggeninseli, a \u00fanica ilha do Lago Brienz, onde, segundo a lenda, monges criavam carac\u00f3is.<\/p>\n\n\n\n<p class=\"wp-block-paragraph\">\ud83d\udca1 Dica: se voc\u00ea quer <strong>evitar as multid\u00f5es na catraca<\/strong> e ter tranquilidade para conhecer o vilarejo, veja as informa\u00e7\u00f5es no <a href=\"https:\/\/www.boenigen-iseltwald.ch\" target=\"_blank\" rel=\"nofollow noopener\">site tur\u00edstico<\/a> e planeje sua visita a Iseltwald <strong>logo cedo de manh\u00e3<\/strong>.<\/p>\n\n\n\n<figure data-wp-context=\"{&quot;imageId&quot;:&quot;6a95632871427&quot;}\" data-wp-interactive=\"core\/image\" data-wp-key=\"6a95632871427\" class=\"wp-block-image size-full wp-lightbox-container\"><img decoding=\"async\" width=\"1800\" height=\"1221\" data-wp-class--hide=\"state.isContentHidden\" data-wp-class--show=\"state.isContentVisible\" data-wp-init=\"callbacks.setButtonStyles\" data-wp-on--click=\"actions.showLightbox\" data-wp-on--load=\"callbacks.setButtonStyles\" data-wp-on--pointerdown=\"actions.preloadImage\" data-wp-on--pointerenter=\"actions.preloadImageWithDelay\" data-wp-on--pointerleave=\"actions.cancelPreload\" data-wp-on-window--resize=\"callbacks.setButtonStyles\" src=\"https:\/\/loudavymkrokem.cz\/wp-content\/uploads\/2026\/08\/articles-bonigen-23.jpg\" alt=\"Trem cremalheira \u00e0 Schynige Platte\" class=\"wp-image-404508\" title=\"\" srcset=\"https:\/\/loudavymkrokem.cz\/wp-content\/uploads\/2026\/08\/articles-bonigen-23.jpg 1800w, https:\/\/loudavymkrokem.cz\/wp-content\/uploads\/2026\/08\/articles-bonigen-23-300x204.jpg 300w, https:\/\/loudavymkrokem.cz\/wp-content\/uploads\/2026\/08\/articles-bonigen-23-700x475.jpg 700w, https:\/\/loudavymkrokem.cz\/wp-content\/uploads\/2026\/08\/articles-bonigen-23-768x521.jpg 768w, https:\/\/loudavymkrokem.cz\/wp-content\/uploads\/2026\/08\/articles-bonigen-23-1536x1042.jpg 1536w, https:\/\/loudavymkrokem.cz\/wp-content\/uploads\/2026\/08\/articles-bonigen-23-696x472.jpg 696w, https:\/\/loudavymkrokem.cz\/wp-content\/uploads\/2026\/08\/articles-bonigen-23-1392x944.jpg 1392w\" sizes=\"(max-width: 1800px) 100vw, 1800px\" \/><button\n\t\t\tclass=\"lightbox-trigger\"\n\t\t\ttype=\"button\"\n\t\t\taria-haspopup=\"dialog\"\n\t\t\tdata-wp-bind--aria-label=\"state.thisImage.triggerButtonAriaLabel\"\n\t\t\tdata-wp-init=\"callbacks.initTriggerButton\"\n\t\t\tdata-wp-on--click=\"actions.showLightbox\"\n\t\t\tdata-wp-style--right=\"state.thisImage.buttonRight\"\n\t\t\tdata-wp-style--top=\"state.thisImage.buttonTop\"\n\t\t>\n\t\t\t<svg xmlns=\"http:\/\/www.w3.org\/2000\/svg\" width=\"12\" height=\"12\" fill=\"none\" viewBox=\"0 0 12 12\">\n\t\t\t\t<path fill=\"#fff\" d=\"M2 0a2 2 0 0 0-2 2v2h1.5V2a.5.5 0 0 1 .5-.5h2V0H2Zm2 10.5H2a.5.5 0 0 1-.5-.5V8H0v2a2 2 0 0 0 2 2h2v-1.5ZM8 12v-1.5h2a.5.5 0 0 0 .5-.5V8H12v2a2 2 0 0 1-2 2H8Zm2-12a2 2 0 0 1 2 2v2h-1.5V2a.5.5 0 0 0-.5-.5H8V0h2Z\" \/>\n\t\t\t<\/svg>\n\t\t<\/button><figcaption class=\"wp-element-caption\">Foto: JoachimKohler-HB \/ Wikimedia Commons, CC BY-SA 4.0<\/figcaption><\/figure>\n\n\n\n<h3 class=\"wp-block-heading\"><span class=\"ez-toc-section\" id=\"23_Schynige_Platte_trem_cremalheira_e_jardim_alpino\"><\/span>23. Schynige Platte: trem cremalheira e jardim alpino<span class=\"ez-toc-section-end\"><\/span><\/h3>\n\n\n\n<p class=\"wp-block-paragraph\">Para este passeio, basta se deslocar at\u00e9 a pr\u00f3xima Wilderswil, de onde parte a ferrovia cremalheira hist\u00f3rica \u00e0 <strong>Schynige Platte, a 1.967 metros de altura<\/strong>. A viagem nos velhos vag\u00f5es de madeira dura quase uma hora e \u00e9 romantismo puro. A passagem de ida e volta sai em 2026 por <strong>68 CHF para adultos<\/strong>, com meia tarifa ou o Swiss Travel Pass por 34 CHF e <strong>com o Bernese Oberland Pass a viagem \u00e9 de gra\u00e7a<\/strong>. O trem funciona de 13 de junho a 25 de outubro.<\/p>\n\n\n\n<p class=\"wp-block-paragraph\">L\u00e1 em cima te recebe um deslumbrante <strong>jardim bot\u00e2nico alpino<\/strong>, onde, num trajeto circular cuidadosamente mantido, crescem cerca de <strong>800 esp\u00e9cies de plantas de alta montanha<\/strong>, incluindo raras edelweiss alpinas. Tudo \u00e9 lindamente identificado e classificado segundo os habitats naturais.<\/p>\n\n\n\n<p class=\"wp-block-paragraph\">Mas a melhor experi\u00eancia \u00e9 o circular <strong>Panoramaweg<\/strong>. \u00c9 uma trilha tranquila de cerca de 2,5 horas, que te leva a dois mirantes fant\u00e1sticos nas rochas Daube e Oberberghorn. \u00c9 uma rota adequada para a fam\u00edlia toda, que n\u00e3o exige nenhuma habilidade de montanhismo, mas oferece vistas de profissional.<\/p>\n\n\n\n<p class=\"wp-block-paragraph\">\ud83d\udca1 Dica: em 2026, em determinadas datas (geralmente de meados de junho a outubro) valem <strong>diferentes descontos especiais<\/strong>, ent\u00e3o na compra do bilhete n\u00e3o esque\u00e7a de verificar se voc\u00ea n\u00e3o tem <strong>direito a uma passagem mais barata<\/strong>.<\/p>\n\n\n\n<figure data-wp-context=\"{&quot;imageId&quot;:&quot;6a95632871aee&quot;}\" data-wp-interactive=\"core\/image\" data-wp-key=\"6a95632871aee\" class=\"wp-block-image size-full wp-lightbox-container\"><img decoding=\"async\" width=\"1800\" height=\"1350\" data-wp-class--hide=\"state.isContentHidden\" data-wp-class--show=\"state.isContentVisible\" data-wp-init=\"callbacks.setButtonStyles\" data-wp-on--click=\"actions.showLightbox\" data-wp-on--load=\"callbacks.setButtonStyles\" data-wp-on--pointerdown=\"actions.preloadImage\" data-wp-on--pointerenter=\"actions.preloadImageWithDelay\" data-wp-on--pointerleave=\"actions.cancelPreload\" data-wp-on-window--resize=\"callbacks.setButtonStyles\" src=\"https:\/\/loudavymkrokem.cz\/wp-content\/uploads\/2026\/08\/articles-bonigen-24.jpg\" alt=\"Interlaken com vista para a Jungfrau\" class=\"wp-image-404509\" title=\"\" srcset=\"https:\/\/loudavymkrokem.cz\/wp-content\/uploads\/2026\/08\/articles-bonigen-24.jpg 1800w, https:\/\/loudavymkrokem.cz\/wp-content\/uploads\/2026\/08\/articles-bonigen-24-300x225.jpg 300w, https:\/\/loudavymkrokem.cz\/wp-content\/uploads\/2026\/08\/articles-bonigen-24-700x525.jpg 700w, https:\/\/loudavymkrokem.cz\/wp-content\/uploads\/2026\/08\/articles-bonigen-24-768x576.jpg 768w, https:\/\/loudavymkrokem.cz\/wp-content\/uploads\/2026\/08\/articles-bonigen-24-1536x1152.jpg 1536w, https:\/\/loudavymkrokem.cz\/wp-content\/uploads\/2026\/08\/articles-bonigen-24-80x60.jpg 80w, https:\/\/loudavymkrokem.cz\/wp-content\/uploads\/2026\/08\/articles-bonigen-24-160x120.jpg 160w, https:\/\/loudavymkrokem.cz\/wp-content\/uploads\/2026\/08\/articles-bonigen-24-696x522.jpg 696w, https:\/\/loudavymkrokem.cz\/wp-content\/uploads\/2026\/08\/articles-bonigen-24-1392x1044.jpg 1392w\" sizes=\"(max-width: 1800px) 100vw, 1800px\" \/><button\n\t\t\tclass=\"lightbox-trigger\"\n\t\t\ttype=\"button\"\n\t\t\taria-haspopup=\"dialog\"\n\t\t\tdata-wp-bind--aria-label=\"state.thisImage.triggerButtonAriaLabel\"\n\t\t\tdata-wp-init=\"callbacks.initTriggerButton\"\n\t\t\tdata-wp-on--click=\"actions.showLightbox\"\n\t\t\tdata-wp-style--right=\"state.thisImage.buttonRight\"\n\t\t\tdata-wp-style--top=\"state.thisImage.buttonTop\"\n\t\t>\n\t\t\t<svg xmlns=\"http:\/\/www.w3.org\/2000\/svg\" width=\"12\" height=\"12\" fill=\"none\" viewBox=\"0 0 12 12\">\n\t\t\t\t<path fill=\"#fff\" d=\"M2 0a2 2 0 0 0-2 2v2h1.5V2a.5.5 0 0 1 .5-.5h2V0H2Zm2 10.5H2a.5.5 0 0 1-.5-.5V8H0v2a2 2 0 0 0 2 2h2v-1.5ZM8 12v-1.5h2a.5.5 0 0 0 .5-.5V8H12v2a2 2 0 0 1-2 2H8Zm2-12a2 2 0 0 1 2 2v2h-1.5V2a.5.5 0 0 0-.5-.5H8V0h2Z\" \/>\n\t\t\t<\/svg>\n\t\t<\/button><figcaption class=\"wp-element-caption\">Foto: Paebi \/ Wikimedia Commons, CC BY-SA 4.0<\/figcaption><\/figure>\n\n\n\n<h3 class=\"wp-block-heading\"><span class=\"ez-toc-section\" id=\"24_Interlaken_a_base_turistica_vizinha\"><\/span>24. Interlaken: a base tur\u00edstica vizinha<span class=\"ez-toc-section-end\"><\/span><\/h3>\n\n\n\n<p class=\"wp-block-paragraph\">Quando a tranquilidade de B\u00f6nigen te cansar, basta pegar o \u00f4nibus 103 e em menos de 10 minutos voc\u00ea est\u00e1 no centro de Interlaken. Essa cidade \u00e9 o oposto total. \u00c9 <strong>agitada, cheia de lojas de souvenirs, butiques de luxo de rel\u00f3gios<\/strong> e o tempo todo cruzam sobre sua cabe\u00e7a dezenas de parapentistas, que pousam no grande gramado H\u00f6hematte bem no centro.<\/p>\n\n\n\n<p class=\"wp-block-paragraph\">Voc\u00ea encontra aqui os melhores supermercados para abastecer, muitos restaurantes do mundo inteiro e um cassino enorme. Interlaken funciona ainda como o <strong>principal n\u00f3 de transporte<\/strong> para os maiores passeios da regi\u00e3o, incluindo o <strong>trem cremalheira extremamente caro ao Jungfraujoch<\/strong> (Top of Europe).<\/p>\n\n\n\n<p class=\"wp-block-paragraph\">\u00c9 legal conhecer a cidade, comprar chocolate e absorver essa atmosfera internacional, mas voc\u00ea vai ver que \u00e0 noite vai voltar com uma alegria imensa <strong>de volta ao vilarejo tranquilo<\/strong> junto ao lago. Interlaken \u00e9 um \u00f3timo servo, mas como base para se hospedar costuma ser, para o meu gosto, <strong>ca\u00f3tica demais<\/strong>.<\/p>\n\n\n\n<p class=\"wp-block-paragraph\">\ud83d\udca1 Dica: todas as <strong>informa\u00e7\u00f5es sobre eventos atuais<\/strong>, festivais e telef\u00e9ricos da regi\u00e3o mais ampla voc\u00ea encontra melhor organizadas no portal <a href=\"https:\/\/www.interlaken.swiss\" target=\"_blank\" rel=\"nofollow noopener\">Interlaken<\/a>, que vale a pena <strong>salvar nos favoritos<\/strong>.<\/p>\n\n\n\n<figure data-wp-context=\"{&quot;imageId&quot;:&quot;6a956328721d6&quot;}\" data-wp-interactive=\"core\/image\" data-wp-key=\"6a956328721d6\" class=\"wp-block-image size-full wp-lightbox-container\"><img decoding=\"async\" width=\"1800\" height=\"1200\" data-wp-class--hide=\"state.isContentHidden\" data-wp-class--show=\"state.isContentVisible\" data-wp-init=\"callbacks.setButtonStyles\" data-wp-on--click=\"actions.showLightbox\" data-wp-on--load=\"callbacks.setButtonStyles\" data-wp-on--pointerdown=\"actions.preloadImage\" data-wp-on--pointerenter=\"actions.preloadImageWithDelay\" data-wp-on--pointerleave=\"actions.cancelPreload\" data-wp-on-window--resize=\"callbacks.setButtonStyles\" src=\"https:\/\/loudavymkrokem.cz\/wp-content\/uploads\/2026\/08\/articles-bonigen-25.jpg\" alt=\"Passeio em fam\u00edlia ao Lago Brienz\" class=\"wp-image-404513\" title=\"\" srcset=\"https:\/\/loudavymkrokem.cz\/wp-content\/uploads\/2026\/08\/articles-bonigen-25.jpg 1800w, https:\/\/loudavymkrokem.cz\/wp-content\/uploads\/2026\/08\/articles-bonigen-25-300x200.jpg 300w, https:\/\/loudavymkrokem.cz\/wp-content\/uploads\/2026\/08\/articles-bonigen-25-700x467.jpg 700w, https:\/\/loudavymkrokem.cz\/wp-content\/uploads\/2026\/08\/articles-bonigen-25-768x512.jpg 768w, https:\/\/loudavymkrokem.cz\/wp-content\/uploads\/2026\/08\/articles-bonigen-25-1536x1024.jpg 1536w, https:\/\/loudavymkrokem.cz\/wp-content\/uploads\/2026\/08\/articles-bonigen-25-696x464.jpg 696w, https:\/\/loudavymkrokem.cz\/wp-content\/uploads\/2026\/08\/articles-bonigen-25-1392x928.jpg 1392w\" sizes=\"(max-width: 1800px) 100vw, 1800px\" \/><button\n\t\t\tclass=\"lightbox-trigger\"\n\t\t\ttype=\"button\"\n\t\t\taria-haspopup=\"dialog\"\n\t\t\tdata-wp-bind--aria-label=\"state.thisImage.triggerButtonAriaLabel\"\n\t\t\tdata-wp-init=\"callbacks.initTriggerButton\"\n\t\t\tdata-wp-on--click=\"actions.showLightbox\"\n\t\t\tdata-wp-style--right=\"state.thisImage.buttonRight\"\n\t\t\tdata-wp-style--top=\"state.thisImage.buttonTop\"\n\t\t>\n\t\t\t<svg xmlns=\"http:\/\/www.w3.org\/2000\/svg\" width=\"12\" height=\"12\" fill=\"none\" viewBox=\"0 0 12 12\">\n\t\t\t\t<path fill=\"#fff\" d=\"M2 0a2 2 0 0 0-2 2v2h1.5V2a.5.5 0 0 1 .5-.5h2V0H2Zm2 10.5H2a.5.5 0 0 1-.5-.5V8H0v2a2 2 0 0 0 2 2h2v-1.5ZM8 12v-1.5h2a.5.5 0 0 0 .5-.5V8H12v2a2 2 0 0 1-2 2H8Zm2-12a2 2 0 0 1 2 2v2h-1.5V2a.5.5 0 0 0-.5-.5H8V0h2Z\" \/>\n\t\t\t<\/svg>\n\t\t<\/button><figcaption class=\"wp-element-caption\">Foto: Nicojonesgodel \/ Wikimedia Commons, CC BY-SA 4.0<\/figcaption><\/figure>\n\n\n\n<h2 class=\"wp-block-heading\"><span class=\"ez-toc-section\" id=\"Bonigen_com_criancas_o_que_fazer_em_familia\"><\/span>B\u00f6nigen com crian\u00e7as: o que fazer em fam\u00edlia<span class=\"ez-toc-section-end\"><\/span><\/h2>\n\n\n\n<p class=\"wp-block-paragraph\">O Oberland Bern\u00eas pode ser bem impiedoso com a carteira da fam\u00edlia, mas B\u00f6nigen, nesse aspecto, \u00e9 surpreendentemente amig\u00e1vel e tem uma vantagem enorme. Muitas atividades podem ser feitas bem \u00e0 beira d&#8217;\u00e1gua <strong>sem precisar pagar telef\u00e9ricos caros<\/strong>, e o terreno aqui \u00e9 plano o suficiente para <strong>ser encarado at\u00e9 por crian\u00e7as pequenas<\/strong> sem reclama\u00e7\u00e3o desnecess\u00e1ria.<\/p>\n\n\n\n<p class=\"wp-block-paragraph\">A central de turismo local ainda sabe muito bem que as fam\u00edlias formam uma parte importante dos visitantes, ent\u00e3o voc\u00ea encontra aqui <strong>um monte de atra\u00e7\u00f5es espertas<\/strong>, que mant\u00eam as crian\u00e7as em movimento sem deix\u00e1-las entediadas. Aqui v\u00e3o <strong>cinco dicas comprovadas<\/strong> do que fazer com as crian\u00e7as:<\/p>\n\n\n\n<figure data-wp-context=\"{&quot;imageId&quot;:&quot;6a95632872817&quot;}\" data-wp-interactive=\"core\/image\" data-wp-key=\"6a95632872817\" class=\"wp-block-image size-full wp-lightbox-container\"><img decoding=\"async\" width=\"1800\" height=\"1321\" data-wp-class--hide=\"state.isContentHidden\" data-wp-class--show=\"state.isContentVisible\" data-wp-init=\"callbacks.setButtonStyles\" data-wp-on--click=\"actions.showLightbox\" data-wp-on--load=\"callbacks.setButtonStyles\" data-wp-on--pointerdown=\"actions.preloadImage\" data-wp-on--pointerenter=\"actions.preloadImageWithDelay\" data-wp-on--pointerleave=\"actions.cancelPreload\" data-wp-on-window--resize=\"callbacks.setButtonStyles\" src=\"https:\/\/loudavymkrokem.cz\/wp-content\/uploads\/2026\/08\/articles-bonigen-26.jpg\" alt=\"Balne\u00e1rio \u00e0 beira do lago com estrutura para crian\u00e7as\" class=\"wp-image-404514\" title=\"\" srcset=\"https:\/\/loudavymkrokem.cz\/wp-content\/uploads\/2026\/08\/articles-bonigen-26.jpg 1800w, https:\/\/loudavymkrokem.cz\/wp-content\/uploads\/2026\/08\/articles-bonigen-26-300x220.jpg 300w, https:\/\/loudavymkrokem.cz\/wp-content\/uploads\/2026\/08\/articles-bonigen-26-700x514.jpg 700w, https:\/\/loudavymkrokem.cz\/wp-content\/uploads\/2026\/08\/articles-bonigen-26-768x564.jpg 768w, https:\/\/loudavymkrokem.cz\/wp-content\/uploads\/2026\/08\/articles-bonigen-26-1536x1127.jpg 1536w, https:\/\/loudavymkrokem.cz\/wp-content\/uploads\/2026\/08\/articles-bonigen-26-80x60.jpg 80w, https:\/\/loudavymkrokem.cz\/wp-content\/uploads\/2026\/08\/articles-bonigen-26-696x511.jpg 696w, https:\/\/loudavymkrokem.cz\/wp-content\/uploads\/2026\/08\/articles-bonigen-26-1392x1022.jpg 1392w\" sizes=\"(max-width: 1800px) 100vw, 1800px\" \/><button\n\t\t\tclass=\"lightbox-trigger\"\n\t\t\ttype=\"button\"\n\t\t\taria-haspopup=\"dialog\"\n\t\t\tdata-wp-bind--aria-label=\"state.thisImage.triggerButtonAriaLabel\"\n\t\t\tdata-wp-init=\"callbacks.initTriggerButton\"\n\t\t\tdata-wp-on--click=\"actions.showLightbox\"\n\t\t\tdata-wp-style--right=\"state.thisImage.buttonRight\"\n\t\t\tdata-wp-style--top=\"state.thisImage.buttonTop\"\n\t\t>\n\t\t\t<svg xmlns=\"http:\/\/www.w3.org\/2000\/svg\" width=\"12\" height=\"12\" fill=\"none\" viewBox=\"0 0 12 12\">\n\t\t\t\t<path fill=\"#fff\" d=\"M2 0a2 2 0 0 0-2 2v2h1.5V2a.5.5 0 0 1 .5-.5h2V0H2Zm2 10.5H2a.5.5 0 0 1-.5-.5V8H0v2a2 2 0 0 0 2 2h2v-1.5ZM8 12v-1.5h2a.5.5 0 0 0 .5-.5V8H12v2a2 2 0 0 1-2 2H8Zm2-12a2 2 0 0 1 2 2v2h-1.5V2a.5.5 0 0 0-.5-.5H8V0h2Z\" \/>\n\t\t\t<\/svg>\n\t\t<\/button><figcaption class=\"wp-element-caption\">Foto: Patrick Nouhailler \/ Wikimedia Commons, CC BY-SA 3.0<\/figcaption><\/figure>\n\n\n\n<h3 class=\"wp-block-heading\"><span class=\"ez-toc-section\" id=\"Praia_The_Beach_e_o_parquinho_generoso\"><\/span>Praia The Beach e o parquinho generoso<span class=\"ez-toc-section-end\"><\/span><\/h3>\n\n\n\n<p class=\"wp-block-paragraph\">Quando est\u00e1 calor l\u00e1 fora, esta \u00e9 a certeza absoluta. O <strong>ingresso de 4 CHF por crian\u00e7a<\/strong> (at\u00e9 15 anos) \u00e9 uma quantia at\u00e9 engra\u00e7ada para os padr\u00f5es su\u00ed\u00e7os. As crian\u00e7as podem se divertir na <strong>piscina aquecida com profundidade ideal para brincar<\/strong> ou no seguro lago raso infantil.<\/p>\n\n\n\n<p class=\"wp-block-paragraph\">Parte do complexo \u00e9 um <strong>grande parquinho com atra\u00e7\u00f5es aqu\u00e1ticas<\/strong>, onde os pequenos se molham sem problema e constroem castelos de areia. E todo o espa\u00e7o \u00e9 <strong>tranquilamente acess\u00edvel com carrinho de beb\u00ea<\/strong>, ent\u00e3o voc\u00ea chega aqui f\u00e1cil at\u00e9 com os menores exploradores.<\/p>\n\n\n\n<figure data-wp-context=\"{&quot;imageId&quot;:&quot;6a95632872eae&quot;}\" data-wp-interactive=\"core\/image\" data-wp-key=\"6a95632872eae\" class=\"wp-block-image size-full wp-lightbox-container\"><img decoding=\"async\" width=\"1800\" height=\"1199\" data-wp-class--hide=\"state.isContentHidden\" data-wp-class--show=\"state.isContentVisible\" data-wp-init=\"callbacks.setButtonStyles\" data-wp-on--click=\"actions.showLightbox\" data-wp-on--load=\"callbacks.setButtonStyles\" data-wp-on--pointerdown=\"actions.preloadImage\" data-wp-on--pointerenter=\"actions.preloadImageWithDelay\" data-wp-on--pointerleave=\"actions.cancelPreload\" data-wp-on-window--resize=\"callbacks.setButtonStyles\" src=\"https:\/\/loudavymkrokem.cz\/wp-content\/uploads\/2026\/08\/articles-bonigen-27.jpg\" alt=\"Ruelas do vilarejo de Iseltwald\" class=\"wp-image-404516\" title=\"\" srcset=\"https:\/\/loudavymkrokem.cz\/wp-content\/uploads\/2026\/08\/articles-bonigen-27.jpg 1800w, https:\/\/loudavymkrokem.cz\/wp-content\/uploads\/2026\/08\/articles-bonigen-27-300x200.jpg 300w, https:\/\/loudavymkrokem.cz\/wp-content\/uploads\/2026\/08\/articles-bonigen-27-700x466.jpg 700w, https:\/\/loudavymkrokem.cz\/wp-content\/uploads\/2026\/08\/articles-bonigen-27-768x512.jpg 768w, https:\/\/loudavymkrokem.cz\/wp-content\/uploads\/2026\/08\/articles-bonigen-27-1536x1023.jpg 1536w, https:\/\/loudavymkrokem.cz\/wp-content\/uploads\/2026\/08\/articles-bonigen-27-696x464.jpg 696w, https:\/\/loudavymkrokem.cz\/wp-content\/uploads\/2026\/08\/articles-bonigen-27-1392x927.jpg 1392w\" sizes=\"(max-width: 1800px) 100vw, 1800px\" \/><button\n\t\t\tclass=\"lightbox-trigger\"\n\t\t\ttype=\"button\"\n\t\t\taria-haspopup=\"dialog\"\n\t\t\tdata-wp-bind--aria-label=\"state.thisImage.triggerButtonAriaLabel\"\n\t\t\tdata-wp-init=\"callbacks.initTriggerButton\"\n\t\t\tdata-wp-on--click=\"actions.showLightbox\"\n\t\t\tdata-wp-style--right=\"state.thisImage.buttonRight\"\n\t\t\tdata-wp-style--top=\"state.thisImage.buttonTop\"\n\t\t>\n\t\t\t<svg xmlns=\"http:\/\/www.w3.org\/2000\/svg\" width=\"12\" height=\"12\" fill=\"none\" viewBox=\"0 0 12 12\">\n\t\t\t\t<path fill=\"#fff\" d=\"M2 0a2 2 0 0 0-2 2v2h1.5V2a.5.5 0 0 1 .5-.5h2V0H2Zm2 10.5H2a.5.5 0 0 1-.5-.5V8H0v2a2 2 0 0 0 2 2h2v-1.5ZM8 12v-1.5h2a.5.5 0 0 0 .5-.5V8H12v2a2 2 0 0 1-2 2H8Zm2-12a2 2 0 0 1 2 2v2h-1.5V2a.5.5 0 0 0-.5-.5H8V0h2Z\" \/>\n\t\t\t<\/svg>\n\t\t<\/button><figcaption class=\"wp-element-caption\">Foto: Jean-Paul Wettstein \/ Pexels<\/figcaption><\/figure>\n\n\n\n<h3 class=\"wp-block-heading\"><span class=\"ez-toc-section\" id=\"Caca_ao_tesouro_e_jogo_de_detetive_em_Iseltwald\"><\/span>Ca\u00e7a ao tesouro e jogo de detetive em Iseltwald<span class=\"ez-toc-section-end\"><\/span><\/h3>\n\n\n\n<p class=\"wp-block-paragraph\">Como fazer as crian\u00e7as caminharem sem reclamar? Com um jogo! Bem em B\u00f6nigen voc\u00ea pode sair com as crian\u00e7as na <strong>Schatzsuche B\u00f6nigen (ca\u00e7a ao tesouro para fam\u00edlias)<\/strong>, que \u00e9 uma forma l\u00fadica de visitar o vilarejo cumprindo tarefas. As paradas s\u00e3o pensadas com esperteza para divertir todas as gera\u00e7\u00f5es.<\/p>\n\n\n\n<p class=\"wp-block-paragraph\">Na vizinha Iseltwald funciona a <strong>KrimiSpass Iseltwald<\/strong>, que \u00e9 um jogo de detetive digital para smartphone, no qual as crian\u00e7as resolvem um caso misterioso enquanto passeiam pela regi\u00e3o. Dura o tempo certinho para manter a aten\u00e7\u00e3o delas e sem ningu\u00e9m sentir dor nos pezinhos.<\/p>\n\n\n\n<figure data-wp-context=\"{&quot;imageId&quot;:&quot;6a956328734b0&quot;}\" data-wp-interactive=\"core\/image\" data-wp-key=\"6a956328734b0\" class=\"wp-block-image size-full wp-lightbox-container\"><img decoding=\"async\" width=\"1800\" height=\"1073\" data-wp-class--hide=\"state.isContentHidden\" data-wp-class--show=\"state.isContentVisible\" data-wp-init=\"callbacks.setButtonStyles\" data-wp-on--click=\"actions.showLightbox\" data-wp-on--load=\"callbacks.setButtonStyles\" data-wp-on--pointerdown=\"actions.preloadImage\" data-wp-on--pointerenter=\"actions.preloadImageWithDelay\" data-wp-on--pointerleave=\"actions.cancelPreload\" data-wp-on-window--resize=\"callbacks.setButtonStyles\" src=\"https:\/\/loudavymkrokem.cz\/wp-content\/uploads\/2026\/08\/articles-bonigen-28.jpg\" alt=\"Camping \u00e0 beira do lago nas montanhas\" class=\"wp-image-404519\" title=\"\" srcset=\"https:\/\/loudavymkrokem.cz\/wp-content\/uploads\/2026\/08\/articles-bonigen-28.jpg 1800w, https:\/\/loudavymkrokem.cz\/wp-content\/uploads\/2026\/08\/articles-bonigen-28-300x179.jpg 300w, https:\/\/loudavymkrokem.cz\/wp-content\/uploads\/2026\/08\/articles-bonigen-28-700x417.jpg 700w, https:\/\/loudavymkrokem.cz\/wp-content\/uploads\/2026\/08\/articles-bonigen-28-768x458.jpg 768w, https:\/\/loudavymkrokem.cz\/wp-content\/uploads\/2026\/08\/articles-bonigen-28-1536x916.jpg 1536w, https:\/\/loudavymkrokem.cz\/wp-content\/uploads\/2026\/08\/articles-bonigen-28-696x415.jpg 696w, https:\/\/loudavymkrokem.cz\/wp-content\/uploads\/2026\/08\/articles-bonigen-28-1392x830.jpg 1392w\" sizes=\"(max-width: 1800px) 100vw, 1800px\" \/><button\n\t\t\tclass=\"lightbox-trigger\"\n\t\t\ttype=\"button\"\n\t\t\taria-haspopup=\"dialog\"\n\t\t\tdata-wp-bind--aria-label=\"state.thisImage.triggerButtonAriaLabel\"\n\t\t\tdata-wp-init=\"callbacks.initTriggerButton\"\n\t\t\tdata-wp-on--click=\"actions.showLightbox\"\n\t\t\tdata-wp-style--right=\"state.thisImage.buttonRight\"\n\t\t\tdata-wp-style--top=\"state.thisImage.buttonTop\"\n\t\t>\n\t\t\t<svg xmlns=\"http:\/\/www.w3.org\/2000\/svg\" width=\"12\" height=\"12\" fill=\"none\" viewBox=\"0 0 12 12\">\n\t\t\t\t<path fill=\"#fff\" d=\"M2 0a2 2 0 0 0-2 2v2h1.5V2a.5.5 0 0 1 .5-.5h2V0H2Zm2 10.5H2a.5.5 0 0 1-.5-.5V8H0v2a2 2 0 0 0 2 2h2v-1.5ZM8 12v-1.5h2a.5.5 0 0 0 .5-.5V8H12v2a2 2 0 0 1-2 2H8Zm2-12a2 2 0 0 1 2 2v2h-1.5V2a.5.5 0 0 0-.5-.5H8V0h2Z\" \/>\n\t\t\t<\/svg>\n\t\t<\/button><figcaption class=\"wp-element-caption\">Foto: Syed Qaarif Andrabi \/ Pexels<\/figcaption><\/figure>\n\n\n\n<h3 class=\"wp-block-heading\"><span class=\"ez-toc-section\" id=\"Camping_TCS_otima_localizacao_mas_com_uma_grande_ressalva\"><\/span>Camping TCS: \u00f3tima localiza\u00e7\u00e3o, mas com uma grande ressalva<span class=\"ez-toc-section-end\"><\/span><\/h3>\n\n\n\n<p class=\"wp-block-paragraph\">O <strong>TCS Camping B\u00f6nigen Brienzersee<\/strong>, na Campingstrasse 14, fica bem \u00e0 beira do lago e a duzentos metros da praia. A localiza\u00e7\u00e3o \u00e9 realmente \u00f3tima, e essa \u00e9 uma coisa que ningu\u00e9m tira dele. A temporada vai <strong>de 2 de abril a 18 de outubro<\/strong> e no ver\u00e3o voc\u00ea paga cerca de 72 a 80 euros por noite.<\/p>\n\n\n\n<p class=\"wp-block-paragraph\">Mas j\u00e1 de cara preciso esclarecer uma coisa que muitos sites, brasileiros e estrangeiros, copiam: <strong>o camping n\u00e3o tem piscina com tobo\u00e1gua nem passeio a cavalo<\/strong>. S\u00f3 h\u00e1 um lago raso infantil, um parquinho e um cercado com coelhos e galinhas. A piscina aquecida e os tobo\u00e1guas ficam no <strong>balne\u00e1rio vizinho The Beach, aonde os h\u00f3spedes do camping v\u00e3o de gra\u00e7a<\/strong> \u2014 s\u00f3 que ele s\u00f3 abre de meados de maio a meados de setembro, ent\u00e3o parte da temporada do camping ele fica fechado.<\/p>\n\n\n\n<p class=\"wp-block-paragraph\">E agora a parte desagrad\u00e1vel. Est\u00e1vamos aqui <strong>com nosso filho de dois anos, que estava justamente no treino do peniquinho<\/strong>, e logo no primeiro dia ele teve um acidente. Tiramos a cal\u00e7a molhada e o sentamos na grama, caso precisasse terminar o que tinha come\u00e7ado. Em segundos, um funcion\u00e1rio do camping estava do nosso lado, chamando aquilo de &#8220;disgusting&#8221; e dizendo que n\u00e3o se pode fazer xixi na grama havendo banheiros dispon\u00edveis.<\/p>\n\n\n\n<p class=\"wp-block-paragraph\">Cinco minutos depois veio um segundo funcion\u00e1rio, dizendo que o gerente havia reportado, e nos explicou de novo que <strong>toda crian\u00e7a sabe usar o banheiro<\/strong> e que nada assim jamais tinha acontecido ali. S\u00f3 que uma crian\u00e7a de dois anos em treino do peniquinho simplesmente tem acidentes, e n\u00f3s est\u00e1vamos ali e resolvemos na hora. N\u00e3o nos incomodou a observa\u00e7\u00e3o sobre as regras, mas sim <strong>aquele tom hostil e humilhante<\/strong>.<\/p>\n\n\n\n<p class=\"wp-block-paragraph\">Pelo resto da estadia nos sentimos indesejados ali. Ao funcion\u00e1rio eu daria <strong>nota um de cinco; \u00e0 localiza\u00e7\u00e3o, cinco de cinco<\/strong>. E n\u00e3o estamos sozinhos nisso: no TripAdvisor o camping tem s\u00f3 3,9 de 5, e a nota de atendimento \u00e9 a mais baixa de toda a avalia\u00e7\u00e3o. Em abril de 2026, outra fam\u00edlia intitulou sua avalia\u00e7\u00e3o de &#8220;Familien nicht willkommen&#8221; (fam\u00edlias n\u00e3o s\u00e3o bem-vindas), depois de a equipe reagir de forma exagerada \u00e0s migalhas dos filhos de um e quatro anos.<\/p>\n\n\n\n<p class=\"wp-block-paragraph\">\ud83d\udca1 Dica: se voc\u00ea quiser acampar em B\u00f6nigen e estiver com um beb\u00ea, saiba como as coisas funcionam por aqui \u2014 <strong>por experi\u00eancia pr\u00f3pria, n\u00e3o recomendo este camping a fam\u00edlias com crian\u00e7as bem pequenas<\/strong>. Considere melhor um apartamento com cozinha, que na Su\u00ed\u00e7a de qualquer forma sai mais em conta que comer em restaurantes. Quem mesmo assim for, que pe\u00e7a a <strong>vaga n\u00famero 22<\/strong> \u2014 \u00e9 a \u00fanica onde a cerca viva deixa a vista para o lago livre.<\/p>\n\n\n\n<figure data-wp-context=\"{&quot;imageId&quot;:&quot;6a95632873e68&quot;}\" data-wp-interactive=\"core\/image\" data-wp-key=\"6a95632873e68\" class=\"wp-block-image size-full wp-lightbox-container\"><img decoding=\"async\" width=\"1800\" height=\"1275\" data-wp-class--hide=\"state.isContentHidden\" data-wp-class--show=\"state.isContentVisible\" data-wp-init=\"callbacks.setButtonStyles\" data-wp-on--click=\"actions.showLightbox\" data-wp-on--load=\"callbacks.setButtonStyles\" data-wp-on--pointerdown=\"actions.preloadImage\" data-wp-on--pointerenter=\"actions.preloadImageWithDelay\" data-wp-on--pointerleave=\"actions.cancelPreload\" data-wp-on-window--resize=\"callbacks.setButtonStyles\" src=\"https:\/\/loudavymkrokem.cz\/wp-content\/uploads\/2026\/08\/articles-bonigen-29.jpg\" alt=\"Jardim alpino na Schynige Platte\" class=\"wp-image-404524\" title=\"\" srcset=\"https:\/\/loudavymkrokem.cz\/wp-content\/uploads\/2026\/08\/articles-bonigen-29.jpg 1800w, https:\/\/loudavymkrokem.cz\/wp-content\/uploads\/2026\/08\/articles-bonigen-29-300x213.jpg 300w, https:\/\/loudavymkrokem.cz\/wp-content\/uploads\/2026\/08\/articles-bonigen-29-700x496.jpg 700w, https:\/\/loudavymkrokem.cz\/wp-content\/uploads\/2026\/08\/articles-bonigen-29-768x544.jpg 768w, https:\/\/loudavymkrokem.cz\/wp-content\/uploads\/2026\/08\/articles-bonigen-29-1536x1088.jpg 1536w, https:\/\/loudavymkrokem.cz\/wp-content\/uploads\/2026\/08\/articles-bonigen-29-696x493.jpg 696w, https:\/\/loudavymkrokem.cz\/wp-content\/uploads\/2026\/08\/articles-bonigen-29-1392x986.jpg 1392w\" sizes=\"(max-width: 1800px) 100vw, 1800px\" \/><button\n\t\t\tclass=\"lightbox-trigger\"\n\t\t\ttype=\"button\"\n\t\t\taria-haspopup=\"dialog\"\n\t\t\tdata-wp-bind--aria-label=\"state.thisImage.triggerButtonAriaLabel\"\n\t\t\tdata-wp-init=\"callbacks.initTriggerButton\"\n\t\t\tdata-wp-on--click=\"actions.showLightbox\"\n\t\t\tdata-wp-style--right=\"state.thisImage.buttonRight\"\n\t\t\tdata-wp-style--top=\"state.thisImage.buttonTop\"\n\t\t>\n\t\t\t<svg xmlns=\"http:\/\/www.w3.org\/2000\/svg\" width=\"12\" height=\"12\" fill=\"none\" viewBox=\"0 0 12 12\">\n\t\t\t\t<path fill=\"#fff\" d=\"M2 0a2 2 0 0 0-2 2v2h1.5V2a.5.5 0 0 1 .5-.5h2V0H2Zm2 10.5H2a.5.5 0 0 1-.5-.5V8H0v2a2 2 0 0 0 2 2h2v-1.5ZM8 12v-1.5h2a.5.5 0 0 0 .5-.5V8H12v2a2 2 0 0 1-2 2H8Zm2-12a2 2 0 0 1 2 2v2h-1.5V2a.5.5 0 0 0-.5-.5H8V0h2Z\" \/>\n\t\t\t<\/svg>\n\t\t<\/button><figcaption class=\"wp-element-caption\">Foto: Murray Foubister \/ Wikimedia Commons, CC BY-SA 2.0<\/figcaption><\/figure>\n\n\n\n<h3 class=\"wp-block-heading\"><span class=\"ez-toc-section\" id=\"Lilys_Alpenspielplatz_e_o_Panoramaweg_na_Schynige_Platte\"><\/span>Lily&#8217;s Alpenspielplatz e o Panoramaweg na Schynige Platte<span class=\"ez-toc-section-end\"><\/span><\/h3>\n\n\n\n<p class=\"wp-block-paragraph\">Quando voc\u00ea for de trem cremalheira \u00e0 Schynige Platte, as crian\u00e7as v\u00e3o adorar o parquinho alpino local Lily&#8217;s Alpenspielplatz. Elas v\u00e3o achar aqui uma <strong>trilha de equil\u00edbrio aventureira, um tobo\u00e1gua enorme e um trepa-trepa em forma de ninho de \u00e1guia<\/strong>, com vista para as majestosas montanhas nevadas.<\/p>\n\n\n\n<p class=\"wp-block-paragraph\">A trilha seguinte no trajeto circular Panoramaweg <strong>leva cerca de 2,5 horas<\/strong> e o terreno \u00e9 t\u00e3o amig\u00e1vel que, com uma ajudinha, at\u00e9 <strong>crian\u00e7as em idade pr\u00e9-escolar d\u00e3o conta<\/strong>. O caminho \u00e9 largo, seguro e cheio de bancos, onde d\u00e1 para parar a qualquer momento para um lanche.<\/p>\n\n\n\n<figure data-wp-context=\"{&quot;imageId&quot;:&quot;6a95632874462&quot;}\" data-wp-interactive=\"core\/image\" data-wp-key=\"6a95632874462\" class=\"wp-block-image size-full wp-lightbox-container\"><img decoding=\"async\" width=\"1800\" height=\"1800\" data-wp-class--hide=\"state.isContentHidden\" data-wp-class--show=\"state.isContentVisible\" data-wp-init=\"callbacks.setButtonStyles\" data-wp-on--click=\"actions.showLightbox\" data-wp-on--load=\"callbacks.setButtonStyles\" data-wp-on--pointerdown=\"actions.preloadImage\" data-wp-on--pointerenter=\"actions.preloadImageWithDelay\" data-wp-on--pointerleave=\"actions.cancelPreload\" data-wp-on-window--resize=\"callbacks.setButtonStyles\" src=\"https:\/\/loudavymkrokem.cz\/wp-content\/uploads\/2026\/08\/articles-bonigen-30.jpg\" alt=\"Barco da BLS no Lago Brienz\" class=\"wp-image-404528\" title=\"\" srcset=\"https:\/\/loudavymkrokem.cz\/wp-content\/uploads\/2026\/08\/articles-bonigen-30.jpg 1800w, https:\/\/loudavymkrokem.cz\/wp-content\/uploads\/2026\/08\/articles-bonigen-30-300x300.jpg 300w, https:\/\/loudavymkrokem.cz\/wp-content\/uploads\/2026\/08\/articles-bonigen-30-700x700.jpg 700w, https:\/\/loudavymkrokem.cz\/wp-content\/uploads\/2026\/08\/articles-bonigen-30-150x150.jpg 150w, https:\/\/loudavymkrokem.cz\/wp-content\/uploads\/2026\/08\/articles-bonigen-30-768x768.jpg 768w, https:\/\/loudavymkrokem.cz\/wp-content\/uploads\/2026\/08\/articles-bonigen-30-1536x1536.jpg 1536w, https:\/\/loudavymkrokem.cz\/wp-content\/uploads\/2026\/08\/articles-bonigen-30-696x696.jpg 696w, https:\/\/loudavymkrokem.cz\/wp-content\/uploads\/2026\/08\/articles-bonigen-30-1392x1392.jpg 1392w\" sizes=\"(max-width: 1800px) 100vw, 1800px\" \/><button\n\t\t\tclass=\"lightbox-trigger\"\n\t\t\ttype=\"button\"\n\t\t\taria-haspopup=\"dialog\"\n\t\t\tdata-wp-bind--aria-label=\"state.thisImage.triggerButtonAriaLabel\"\n\t\t\tdata-wp-init=\"callbacks.initTriggerButton\"\n\t\t\tdata-wp-on--click=\"actions.showLightbox\"\n\t\t\tdata-wp-style--right=\"state.thisImage.buttonRight\"\n\t\t\tdata-wp-style--top=\"state.thisImage.buttonTop\"\n\t\t>\n\t\t\t<svg xmlns=\"http:\/\/www.w3.org\/2000\/svg\" width=\"12\" height=\"12\" fill=\"none\" viewBox=\"0 0 12 12\">\n\t\t\t\t<path fill=\"#fff\" d=\"M2 0a2 2 0 0 0-2 2v2h1.5V2a.5.5 0 0 1 .5-.5h2V0H2Zm2 10.5H2a.5.5 0 0 1-.5-.5V8H0v2a2 2 0 0 0 2 2h2v-1.5ZM8 12v-1.5h2a.5.5 0 0 0 .5-.5V8H12v2a2 2 0 0 1-2 2H8Zm2-12a2 2 0 0 1 2 2v2h-1.5V2a.5.5 0 0 0-.5-.5H8V0h2Z\" \/>\n\t\t\t<\/svg>\n\t\t<\/button><figcaption class=\"wp-element-caption\">Foto: JoachimKohler-HB \/ Wikimedia Commons, CC BY-SA 4.0<\/figcaption><\/figure>\n\n\n\n<h3 class=\"wp-block-heading\"><span class=\"ez-toc-section\" id=\"Barco_e_promenade_acessivel_com_carrinho_de_bebe\"><\/span>Barco e promenade acess\u00edvel com carrinho de beb\u00ea<span class=\"ez-toc-section-end\"><\/span><\/h3>\n\n\n\n<p class=\"wp-block-paragraph\">A pr\u00f3pria viagem no barco a vapor hist\u00f3rico \u00e9 uma experi\u00eancia imensa para as crian\u00e7as (e lembre que <strong>crian\u00e7as at\u00e9 6 anos viajam nos barcos da BLS totalmente de gra\u00e7a<\/strong>, e as maiores, at\u00e9 15 anos, t\u00eam meia tarifa). No conv\u00e9s, elas podem observar a enorme roda de p\u00e1s em movimento, o que garantidamente entret\u00e9m uma boa meia hora.<\/p>\n\n\n\n<p class=\"wp-block-paragraph\">Com o carrinho de beb\u00ea voc\u00ea ainda pode sair no <strong>Seepromenadeweg<\/strong>, que \u00e9 um passeio lindo, largo e totalmente acess\u00edvel ao longo do lago e do rio Aare em dire\u00e7\u00e3o a Interlaken. Voc\u00ea n\u00e3o esbarra em degraus chatos em lugar nenhum e o piso \u00e9 lindamente liso.<\/p>\n\n\n\n<figure data-wp-context=\"{&quot;imageId&quot;:&quot;6a95632874bea&quot;}\" data-wp-interactive=\"core\/image\" data-wp-key=\"6a95632874bea\" class=\"wp-block-image size-full wp-lightbox-container\"><img decoding=\"async\" width=\"1800\" height=\"1200\" data-wp-class--hide=\"state.isContentHidden\" data-wp-class--show=\"state.isContentVisible\" data-wp-init=\"callbacks.setButtonStyles\" data-wp-on--click=\"actions.showLightbox\" data-wp-on--load=\"callbacks.setButtonStyles\" data-wp-on--pointerdown=\"actions.preloadImage\" data-wp-on--pointerenter=\"actions.preloadImageWithDelay\" data-wp-on--pointerleave=\"actions.cancelPreload\" data-wp-on-window--resize=\"callbacks.setButtonStyles\" src=\"https:\/\/loudavymkrokem.cz\/wp-content\/uploads\/2026\/08\/articles-bonigen-31.jpg\" alt=\"Vilarejo de B\u00f6nigen e seus restaurantes\" class=\"wp-image-404530\" title=\"\" srcset=\"https:\/\/loudavymkrokem.cz\/wp-content\/uploads\/2026\/08\/articles-bonigen-31.jpg 1800w, https:\/\/loudavymkrokem.cz\/wp-content\/uploads\/2026\/08\/articles-bonigen-31-300x200.jpg 300w, https:\/\/loudavymkrokem.cz\/wp-content\/uploads\/2026\/08\/articles-bonigen-31-700x467.jpg 700w, https:\/\/loudavymkrokem.cz\/wp-content\/uploads\/2026\/08\/articles-bonigen-31-768x512.jpg 768w, https:\/\/loudavymkrokem.cz\/wp-content\/uploads\/2026\/08\/articles-bonigen-31-1536x1024.jpg 1536w, https:\/\/loudavymkrokem.cz\/wp-content\/uploads\/2026\/08\/articles-bonigen-31-696x464.jpg 696w, https:\/\/loudavymkrokem.cz\/wp-content\/uploads\/2026\/08\/articles-bonigen-31-1392x928.jpg 1392w\" sizes=\"(max-width: 1800px) 100vw, 1800px\" \/><button\n\t\t\tclass=\"lightbox-trigger\"\n\t\t\ttype=\"button\"\n\t\t\taria-haspopup=\"dialog\"\n\t\t\tdata-wp-bind--aria-label=\"state.thisImage.triggerButtonAriaLabel\"\n\t\t\tdata-wp-init=\"callbacks.initTriggerButton\"\n\t\t\tdata-wp-on--click=\"actions.showLightbox\"\n\t\t\tdata-wp-style--right=\"state.thisImage.buttonRight\"\n\t\t\tdata-wp-style--top=\"state.thisImage.buttonTop\"\n\t\t>\n\t\t\t<svg xmlns=\"http:\/\/www.w3.org\/2000\/svg\" width=\"12\" height=\"12\" fill=\"none\" viewBox=\"0 0 12 12\">\n\t\t\t\t<path fill=\"#fff\" d=\"M2 0a2 2 0 0 0-2 2v2h1.5V2a.5.5 0 0 1 .5-.5h2V0H2Zm2 10.5H2a.5.5 0 0 1-.5-.5V8H0v2a2 2 0 0 0 2 2h2v-1.5ZM8 12v-1.5h2a.5.5 0 0 0 .5-.5V8H12v2a2 2 0 0 1-2 2H8Zm2-12a2 2 0 0 1 2 2v2h-1.5V2a.5.5 0 0 0-.5-.5H8V0h2Z\" \/>\n\t\t\t<\/svg>\n\t\t<\/button><figcaption class=\"wp-element-caption\">Foto: Freek Wolsink \/ Pexels<\/figcaption><\/figure>\n\n\n\n<h2 class=\"wp-block-heading\"><span class=\"ez-toc-section\" id=\"Onde_comer_em_Bonigen\"><\/span>Onde comer em B\u00f6nigen<span class=\"ez-toc-section-end\"><\/span><\/h2>\n\n\n\n<p class=\"wp-block-paragraph\">A cena gastron\u00f4mica no pr\u00f3prio vilarejo \u00e9 mais intimista, afinal n\u00e3o \u00e9 uma grande cidade. A maioria das pessoas vai atr\u00e1s de uma grande variedade de cozinhas de \u00f4nibus para a pr\u00f3xima Interlaken, mas mesmo bem \u00e0 beira do lago voc\u00ea encontra alguns lugares muito agrad\u00e1veis para descansar depois da trilha. Os restaurantes locais costumam servir <strong>peixe fresco do Lago Brienz<\/strong>, que \u00e9 uma <strong>especialidade local famosa<\/strong>, pela qual viajantes de toda a regi\u00e3o v\u00eam at\u00e9 aqui.<\/p>\n\n\n\n<p class=\"wp-block-paragraph\">Se voc\u00ea procura uma aposta certa depois de um dia puxado, aqui v\u00e3o os lugares com avalia\u00e7\u00e3o excelente:<\/p>\n\n\n\n<figure data-wp-context=\"{&quot;imageId&quot;:&quot;6a9563287523f&quot;}\" data-wp-interactive=\"core\/image\" data-wp-key=\"6a9563287523f\" class=\"wp-block-image size-full wp-lightbox-container\"><img decoding=\"async\" width=\"1800\" height=\"1200\" data-wp-class--hide=\"state.isContentHidden\" data-wp-class--show=\"state.isContentVisible\" data-wp-init=\"callbacks.setButtonStyles\" data-wp-on--click=\"actions.showLightbox\" data-wp-on--load=\"callbacks.setButtonStyles\" data-wp-on--pointerdown=\"actions.preloadImage\" data-wp-on--pointerenter=\"actions.preloadImageWithDelay\" data-wp-on--pointerleave=\"actions.cancelPreload\" data-wp-on-window--resize=\"callbacks.setButtonStyles\" src=\"https:\/\/loudavymkrokem.cz\/wp-content\/uploads\/2026\/08\/articles-bonigen-32.jpg\" alt=\"Pizza em restaurante \u00e0 beira do lago\" class=\"wp-image-404535\" title=\"\" srcset=\"https:\/\/loudavymkrokem.cz\/wp-content\/uploads\/2026\/08\/articles-bonigen-32.jpg 1800w, https:\/\/loudavymkrokem.cz\/wp-content\/uploads\/2026\/08\/articles-bonigen-32-300x200.jpg 300w, https:\/\/loudavymkrokem.cz\/wp-content\/uploads\/2026\/08\/articles-bonigen-32-700x467.jpg 700w, https:\/\/loudavymkrokem.cz\/wp-content\/uploads\/2026\/08\/articles-bonigen-32-768x512.jpg 768w, https:\/\/loudavymkrokem.cz\/wp-content\/uploads\/2026\/08\/articles-bonigen-32-1536x1024.jpg 1536w, https:\/\/loudavymkrokem.cz\/wp-content\/uploads\/2026\/08\/articles-bonigen-32-696x464.jpg 696w, https:\/\/loudavymkrokem.cz\/wp-content\/uploads\/2026\/08\/articles-bonigen-32-1392x928.jpg 1392w\" sizes=\"(max-width: 1800px) 100vw, 1800px\" \/><button\n\t\t\tclass=\"lightbox-trigger\"\n\t\t\ttype=\"button\"\n\t\t\taria-haspopup=\"dialog\"\n\t\t\tdata-wp-bind--aria-label=\"state.thisImage.triggerButtonAriaLabel\"\n\t\t\tdata-wp-init=\"callbacks.initTriggerButton\"\n\t\t\tdata-wp-on--click=\"actions.showLightbox\"\n\t\t\tdata-wp-style--right=\"state.thisImage.buttonRight\"\n\t\t\tdata-wp-style--top=\"state.thisImage.buttonTop\"\n\t\t>\n\t\t\t<svg xmlns=\"http:\/\/www.w3.org\/2000\/svg\" width=\"12\" height=\"12\" fill=\"none\" viewBox=\"0 0 12 12\">\n\t\t\t\t<path fill=\"#fff\" d=\"M2 0a2 2 0 0 0-2 2v2h1.5V2a.5.5 0 0 1 .5-.5h2V0H2Zm2 10.5H2a.5.5 0 0 1-.5-.5V8H0v2a2 2 0 0 0 2 2h2v-1.5ZM8 12v-1.5h2a.5.5 0 0 0 .5-.5V8H12v2a2 2 0 0 1-2 2H8Zm2-12a2 2 0 0 1 2 2v2h-1.5V2a.5.5 0 0 0-.5-.5H8V0h2Z\" \/>\n\t\t\t<\/svg>\n\t\t<\/button><figcaption class=\"wp-element-caption\">Foto: Cup of  Couple \/ Pexels<\/figcaption><\/figure>\n\n\n\n<h3 class=\"wp-block-heading\"><span class=\"ez-toc-section\" id=\"Pizzeria_La_Boheme\"><\/span>Pizzeria La Boh\u00e8me<span class=\"ez-toc-section-end\"><\/span><\/h3>\n\n\n\n<p class=\"wp-block-paragraph\">Voc\u00ea a encontra bem no pr\u00e9dio do hotel Seiler au Lac, na orla (Am Quai 3). No Google tem uma avalia\u00e7\u00e3o bem s\u00f3lida de 4,4 e \u00e9 uma <strong>escolha absolutamente segura e farta, se voc\u00ea n\u00e3o quiser ficar experimentando muito o card\u00e1pio depois de um dia puxado<\/strong>.<\/p>\n\n\n\n<p class=\"wp-block-paragraph\">N\u00e3o deixe de provar a <strong>\u00f3tima pizza Margherita<\/strong> com queijo extra ou as excelentes massas. Sente-se <strong>lindamente perto da \u00e1gua<\/strong>, a atmosfera \u00e9 agradavelmente descontra\u00edda e a equipe est\u00e1 totalmente acostumada a turistas suados de botas pesadas.<\/p>\n\n\n\n<figure data-wp-context=\"{&quot;imageId&quot;:&quot;6a9563287584d&quot;}\" data-wp-interactive=\"core\/image\" data-wp-key=\"6a9563287584d\" class=\"wp-block-image size-full wp-lightbox-container\"><img decoding=\"async\" width=\"1800\" height=\"1200\" data-wp-class--hide=\"state.isContentHidden\" data-wp-class--show=\"state.isContentVisible\" data-wp-init=\"callbacks.setButtonStyles\" data-wp-on--click=\"actions.showLightbox\" data-wp-on--load=\"callbacks.setButtonStyles\" data-wp-on--pointerdown=\"actions.preloadImage\" data-wp-on--pointerenter=\"actions.preloadImageWithDelay\" data-wp-on--pointerleave=\"actions.cancelPreload\" data-wp-on-window--resize=\"callbacks.setButtonStyles\" src=\"https:\/\/loudavymkrokem.cz\/wp-content\/uploads\/2026\/08\/articles-bonigen-33.jpg\" alt=\"Sorvete depois da trilha \u00e0 beira do lago\" class=\"wp-image-404537\" title=\"\" srcset=\"https:\/\/loudavymkrokem.cz\/wp-content\/uploads\/2026\/08\/articles-bonigen-33.jpg 1800w, https:\/\/loudavymkrokem.cz\/wp-content\/uploads\/2026\/08\/articles-bonigen-33-300x200.jpg 300w, https:\/\/loudavymkrokem.cz\/wp-content\/uploads\/2026\/08\/articles-bonigen-33-700x467.jpg 700w, https:\/\/loudavymkrokem.cz\/wp-content\/uploads\/2026\/08\/articles-bonigen-33-768x512.jpg 768w, https:\/\/loudavymkrokem.cz\/wp-content\/uploads\/2026\/08\/articles-bonigen-33-1536x1024.jpg 1536w, https:\/\/loudavymkrokem.cz\/wp-content\/uploads\/2026\/08\/articles-bonigen-33-696x464.jpg 696w, https:\/\/loudavymkrokem.cz\/wp-content\/uploads\/2026\/08\/articles-bonigen-33-1392x928.jpg 1392w\" sizes=\"(max-width: 1800px) 100vw, 1800px\" \/><button\n\t\t\tclass=\"lightbox-trigger\"\n\t\t\ttype=\"button\"\n\t\t\taria-haspopup=\"dialog\"\n\t\t\tdata-wp-bind--aria-label=\"state.thisImage.triggerButtonAriaLabel\"\n\t\t\tdata-wp-init=\"callbacks.initTriggerButton\"\n\t\t\tdata-wp-on--click=\"actions.showLightbox\"\n\t\t\tdata-wp-style--right=\"state.thisImage.buttonRight\"\n\t\t\tdata-wp-style--top=\"state.thisImage.buttonTop\"\n\t\t>\n\t\t\t<svg xmlns=\"http:\/\/www.w3.org\/2000\/svg\" width=\"12\" height=\"12\" fill=\"none\" viewBox=\"0 0 12 12\">\n\t\t\t\t<path fill=\"#fff\" d=\"M2 0a2 2 0 0 0-2 2v2h1.5V2a.5.5 0 0 1 .5-.5h2V0H2Zm2 10.5H2a.5.5 0 0 1-.5-.5V8H0v2a2 2 0 0 0 2 2h2v-1.5ZM8 12v-1.5h2a.5.5 0 0 0 .5-.5V8H12v2a2 2 0 0 1-2 2H8Zm2-12a2 2 0 0 1 2 2v2h-1.5V2a.5.5 0 0 0-.5-.5H8V0h2Z\" \/>\n\t\t\t<\/svg>\n\t\t<\/button><figcaption class=\"wp-element-caption\">Foto: Maria Orlova \/ Pexels<\/figcaption><\/figure>\n\n\n\n<h3 class=\"wp-block-heading\"><span class=\"ez-toc-section\" id=\"Sweet_Ride\"><\/span>Sweet Ride<span class=\"ez-toc-section-end\"><\/span><\/h3>\n\n\n\n<p class=\"wp-block-paragraph\">Este \u00e9 o <strong>estabelecimento mais bem avaliado de todo o vilarejo<\/strong> (nota 4,9 de quase duzentos coment\u00e1rios). \u00c9 um cafezinho e sorveteria menor e supersimp\u00e1tico \u00e0 beira d&#8217;\u00e1gua, aonde voc\u00ea simplesmente tem que ir para uma recompensa doce da tarde pelos quil\u00f4metros percorridos.<\/p>\n\n\n\n<p class=\"wp-block-paragraph\">Experimente o caf\u00e9 especial e, principalmente, o <strong>fant\u00e1stico sorvete artesanal<\/strong>, que moradores e turistas estrangeiros adoram. \u00c9 exatamente o lugar onde voc\u00ea quer sentar em paz depois de um passeio de dia inteiro ao sol e s\u00f3 <strong>observar a superf\u00edcie do lago<\/strong>.<\/p>\n\n\n\n<figure data-wp-context=\"{&quot;imageId&quot;:&quot;6a95632875eb7&quot;}\" data-wp-interactive=\"core\/image\" data-wp-key=\"6a95632875eb7\" class=\"wp-block-image size-full wp-lightbox-container\"><img decoding=\"async\" width=\"1800\" height=\"1185\" data-wp-class--hide=\"state.isContentHidden\" data-wp-class--show=\"state.isContentVisible\" data-wp-init=\"callbacks.setButtonStyles\" data-wp-on--click=\"actions.showLightbox\" data-wp-on--load=\"callbacks.setButtonStyles\" data-wp-on--pointerdown=\"actions.preloadImage\" data-wp-on--pointerenter=\"actions.preloadImageWithDelay\" data-wp-on--pointerleave=\"actions.cancelPreload\" data-wp-on-window--resize=\"callbacks.setButtonStyles\" src=\"https:\/\/loudavymkrokem.cz\/wp-content\/uploads\/2026\/08\/articles-bonigen-34.jpg\" alt=\"Restaurante su\u00ed\u00e7o aconchegante\" class=\"wp-image-404541\" title=\"\" srcset=\"https:\/\/loudavymkrokem.cz\/wp-content\/uploads\/2026\/08\/articles-bonigen-34.jpg 1800w, https:\/\/loudavymkrokem.cz\/wp-content\/uploads\/2026\/08\/articles-bonigen-34-300x198.jpg 300w, https:\/\/loudavymkrokem.cz\/wp-content\/uploads\/2026\/08\/articles-bonigen-34-700x461.jpg 700w, https:\/\/loudavymkrokem.cz\/wp-content\/uploads\/2026\/08\/articles-bonigen-34-768x506.jpg 768w, https:\/\/loudavymkrokem.cz\/wp-content\/uploads\/2026\/08\/articles-bonigen-34-1536x1011.jpg 1536w, https:\/\/loudavymkrokem.cz\/wp-content\/uploads\/2026\/08\/articles-bonigen-34-696x458.jpg 696w, https:\/\/loudavymkrokem.cz\/wp-content\/uploads\/2026\/08\/articles-bonigen-34-1392x916.jpg 1392w\" sizes=\"(max-width: 1800px) 100vw, 1800px\" \/><button\n\t\t\tclass=\"lightbox-trigger\"\n\t\t\ttype=\"button\"\n\t\t\taria-haspopup=\"dialog\"\n\t\t\tdata-wp-bind--aria-label=\"state.thisImage.triggerButtonAriaLabel\"\n\t\t\tdata-wp-init=\"callbacks.initTriggerButton\"\n\t\t\tdata-wp-on--click=\"actions.showLightbox\"\n\t\t\tdata-wp-style--right=\"state.thisImage.buttonRight\"\n\t\t\tdata-wp-style--top=\"state.thisImage.buttonTop\"\n\t\t>\n\t\t\t<svg xmlns=\"http:\/\/www.w3.org\/2000\/svg\" width=\"12\" height=\"12\" fill=\"none\" viewBox=\"0 0 12 12\">\n\t\t\t\t<path fill=\"#fff\" d=\"M2 0a2 2 0 0 0-2 2v2h1.5V2a.5.5 0 0 1 .5-.5h2V0H2Zm2 10.5H2a.5.5 0 0 1-.5-.5V8H0v2a2 2 0 0 0 2 2h2v-1.5ZM8 12v-1.5h2a.5.5 0 0 0 .5-.5V8H12v2a2 2 0 0 1-2 2H8Zm2-12a2 2 0 0 1 2 2v2h-1.5V2a.5.5 0 0 0-.5-.5H8V0h2Z\" \/>\n\t\t\t<\/svg>\n\t\t<\/button><figcaption class=\"wp-element-caption\">Foto: Lucia Barreiros  Silva \/ Pexels<\/figcaption><\/figure>\n\n\n\n<h3 class=\"wp-block-heading\"><span class=\"ez-toc-section\" id=\"Restaurant_Baren_Bonigen\"><\/span>Restaurant B\u00e4ren B\u00f6nigen<span class=\"ez-toc-section-end\"><\/span><\/h3>\n\n\n\n<p class=\"wp-block-paragraph\">Este restaurante su\u00ed\u00e7o tradicional na rua principal Hauptstrasse vai te conquistar com sua atmosfera local genu\u00edna e a arquitetura t\u00edpica. Nos coment\u00e1rios, os h\u00f3spedes costumam mencionar que foram mandados para c\u00e1 diretamente pelos seus anfitri\u00f5es como uma <strong>dica de quem entende do assunto, com comida garantidamente boa<\/strong>.<\/p>\n\n\n\n<p class=\"wp-block-paragraph\">T\u00eam aqui uma equipe muito simp\u00e1tica e atenciosa, uma <strong>faixa de pre\u00e7o intermedi\u00e1ria<\/strong> e no card\u00e1pio um monte de <strong>cl\u00e1ssicos su\u00ed\u00e7os honestos<\/strong>, como especialidades de queijo e sopas caseiras fartas. Uma escolha ideal para se aquecer quando cai uma chuva.<\/p>\n\n\n\n<h2 class=\"wp-block-heading\"><span class=\"ez-toc-section\" id=\"Para_onde_ir_depois_de_Bonigen\"><\/span>Para onde ir depois de B\u00f6nigen<span class=\"ez-toc-section-end\"><\/span><\/h2>\n\n\n\n<p class=\"wp-block-paragraph\">A Su\u00ed\u00e7a \u00e9 um parquinho enorme e, do Oberland Bern\u00eas, voc\u00ea est\u00e1 <strong>perto de outros destinos fant\u00e1sticos<\/strong>. Se voc\u00ea ainda tem alguns dias livres no roteiro, d\u00ea uma olhada nestes <strong>meus outros guias<\/strong>:<\/p>\n\n\n\n<ul class=\"wp-block-list\">\n<li><a href=\"https:\/\/loudavymkrokem.cz\/pt-br\/o-que-fazer-interlaken\/\">Interlaken e Jungfraujoch<\/a>: guia detalhado da vizinha agitada e do passeio ao teto da Europa.<\/li>\n\n\n\n<li><a href=\"https:\/\/loudavymkrokem.cz\/pt-br\/grindelwald-suica-o-que-fazer\/\">Grindelwald<\/a>: o vilarejo glacial encravado sob a face norte do Eiger, aonde voc\u00ea chega de trem num instante.<\/li>\n\n\n\n<li><a href=\"https:\/\/loudavymkrokem.cz\/pt-br\/lauterbrunnen-suica-vale-cachoeiras\/\">Lauterbrunnen<\/a>: o vale com 72 cachoeiras, que dizem ter inspirado Tolkien ao escrever O Senhor dos An\u00e9is.<\/li>\n\n\n\n<li><a href=\"https:\/\/loudavymkrokem.cz\/pt-br\/viagem-suica-dicas\/\">F\u00e9rias na Su\u00ed\u00e7a<\/a>: um artigo-resumo gigante, cheio de dicas pr\u00e1ticas para viajar pelo pa\u00eds inteiro.<\/li>\n<\/ul>\n\n\n\n<h2 class=\"wp-block-heading\"><span class=\"ez-toc-section\" id=\"Perguntas_frequentes\"><\/span>Perguntas frequentes<span class=\"ez-toc-section-end\"><\/span><\/h2>\n\n\n<div id=\"rank-math-faq\" class=\"rank-math-block\">\n<div class=\"rank-math-list \">\n<div id=\"faq-question-1787934924000\" class=\"rank-math-list-item\">\n<h3 class=\"rank-math-question \"><span class=\"ez-toc-section\" id=\"Vale_a_pena_se_hospedar_em_Bonigen_em_vez_de_Interlaken\"><\/span>Vale a pena se hospedar em B\u00f6nigen em vez de Interlaken?<span class=\"ez-toc-section-end\"><\/span><\/h3>\n<div class=\"rank-math-answer \">\n\n<p>Com certeza. <strong>B\u00f6nigen oferece muito mais tranquilidade<\/strong>, uma atmosfera aut\u00eantica de vila tradicional e as hospedagens custam visivelmente mais barato do que no agitado centro de Interlaken. Al\u00e9m disso, gra\u00e7as ao Guest Card voc\u00ea pode ir \u00e0 cidade de gra\u00e7a e a viagem leva apenas 9 minutos.<\/p>\n\n<\/div>\n<\/div>\n<div id=\"faq-question-1787934924001\" class=\"rank-math-list-item\">\n<h3 class=\"rank-math-question \"><span class=\"ez-toc-section\" id=\"Como_chegar_la_saindo_de_Interlaken\"><\/span>Como chegar l\u00e1 saindo de Interlaken?<span class=\"ez-toc-section-end\"><\/span><\/h3>\n<div class=\"rank-math-answer \">\n\n<p>O mais f\u00e1cil \u00e9 pegar a <strong>linha de \u00f4nibus 103<\/strong> direto em frente \u00e0 esta\u00e7\u00e3o Interlaken Ost. Passa de meia em meia hora. Outra op\u00e7\u00e3o linda \u00e9 vir de barco hist\u00f3rico a vapor pelo lago (cerca de 10 minutos de travessia), ou fazer uma caminhada leve de 40 minutos a p\u00e9 ao longo da margem.<\/p>\n\n<\/div>\n<\/div>\n<div id=\"faq-question-1787934924002\" class=\"rank-math-list-item\">\n<h3 class=\"rank-math-question \"><span class=\"ez-toc-section\" id=\"Da_para_nadar_no_Lago_de_Brienz\"><\/span>D\u00e1 para nadar no Lago de Brienz?<span class=\"ez-toc-section-end\"><\/span><\/h3>\n<div class=\"rank-math-answer \">\n\n<p>Sim, mas \u00e9 <strong>para quem curte \u00e1gua gelada<\/strong>. O lago \u00e9 de origem glacial, ent\u00e3o mesmo no agosto mais quente a \u00e1gua costuma ter apenas 18 a 22 \u00b0C. Se voc\u00ea n\u00e3o gosta de \u00e1gua fria, felizmente a \u00e1rea de banho local The Beach oferece uma bela piscina aquecida.<\/p>\n\n<\/div>\n<\/div>\n<div id=\"faq-question-1787934924003\" class=\"rank-math-list-item\">\n<h3 class=\"rank-math-question \"><span class=\"ez-toc-section\" id=\"Quantos_dias_sao_suficientes_para_a_visita\"><\/span>Quantos dias s\u00e3o suficientes para a visita?<span class=\"ez-toc-section-end\"><\/span><\/h3>\n<div class=\"rank-math-answer \">\n\n<p>A pr\u00f3pria vila voc\u00ea percorre em uma tarde, mas como <strong>base para passeios \u00e9 ideal ficar de 3 a 5 dias<\/strong>. D\u00e1 tempo de ir ao Harder Kulm, percorrer o Caminho das Tr\u00eas Cachoeiras at\u00e9 Giessbach, alugar um caiaque e subir de trem cremalheira at\u00e9 Schynige Platte.<\/p>\n\n<\/div>\n<\/div>\n<div id=\"faq-question-1787934924004\" class=\"rank-math-list-item\">\n<h3 class=\"rank-math-question \"><span class=\"ez-toc-section\" id=\"O_que_fazer_quando_chove\"><\/span>O que fazer quando chove?<span class=\"ez-toc-section-end\"><\/span><\/h3>\n<div class=\"rank-math-answer \">\n\n<p>Nos dias chuvosos (que mesmo no ver\u00e3o costumam ser uns 10 por m\u00eas) vale a pena se abrigar no <strong>museu da vila &#8220;alte Pinte&#8221;<\/strong>, ou pegar o \u00f4nibus at\u00e9 Interlaken, onde h\u00e1 muitas atra\u00e7\u00f5es cobertas, lojas, caf\u00e9s e voc\u00ea tamb\u00e9m encontra um grande complexo de piscinas ou cassino.<\/p>\n\n<\/div>\n<\/div>\n<div id=\"faq-question-1787934924005\" class=\"rank-math-list-item\">\n<h3 class=\"rank-math-question \"><span class=\"ez-toc-section\" id=\"E_indicado_para_criancas\"><\/span>\u00c9 indicado para crian\u00e7as?<span class=\"ez-toc-section-end\"><\/span><\/h3>\n<div class=\"rank-math-answer \">\n\n<p>B\u00f6nigen \u00e9 <strong>absolutamente fant\u00e1stico para fam\u00edlias<\/strong>. H\u00e1 \u00f3timos playgrounds na praia, campings familiares com piscina, trilhas planas e acess\u00edveis para carrinhos de beb\u00ea ao longo do rio e as crian\u00e7as adoram o passeio de barco hist\u00f3rico a vapor. A ca\u00e7a ao tesouro interativa as diverte a tarde inteira.<\/p>\n\n<\/div>\n<\/div>\n<div id=\"faq-question-1787934924006\" class=\"rank-math-list-item\">\n<h3 class=\"rank-math-question \"><span class=\"ez-toc-section\" id=\"Quanto_custa_o_passeio_ao_Harder_Kulm\"><\/span>Quanto custa o passeio ao Harder Kulm?<span class=\"ez-toc-section-end\"><\/span><\/h3>\n<div class=\"rank-math-answer \">\n\n<p>Na temporada de 2026 o <strong>bilhete de ida e volta no funicular para adulto custa 44 CHF<\/strong>. Se voc\u00ea tem crian\u00e7as de 6 a 15 anos, pagam apenas metade (at\u00e9 6 anos gr\u00e1tis). Com cart\u00f5es como o Swiss Travel Pass ou Bernese Oberland Pass voc\u00ea ganha um desconto bem legal de 50 %.<\/p>\n\n<\/div>\n<\/div>\n<div id=\"faq-question-1787934924007\" class=\"rank-math-list-item\">\n<h3 class=\"rank-math-question \"><span class=\"ez-toc-section\" id=\"O_pier_em_Iseltwald_e_pago\"><\/span>O p\u00eder em Iseltwald \u00e9 pago?<span class=\"ez-toc-section-end\"><\/span><\/h3>\n<div class=\"rank-math-answer \">\n\n<p>Sim, devido ao enorme fluxo de turistas asi\u00e1ticos ap\u00f3s o sucesso da s\u00e9rie Crash Landing on You, a prefeitura instalou uma <strong>catraca<\/strong> na entrada do p\u00eder. Para tirar a famosa &#8220;selfie&#8221; no p\u00eder de madeira agora se paga uma taxa de 5 CHF, que vai para a manuten\u00e7\u00e3o da vila.<\/p>\n\n<\/div>\n<\/div>\n<\/div>\n<\/div>","protected":false},"excerpt":{"rendered":"<p>Descubra uma p\u00e9rola escondida no Lago Brienz, onde te esperam lindas casas de madeira, \u00e1gua turquesa e trilhas fant\u00e1sticas longe das multid\u00f5es de turistas.<\/p>\n","protected":false},"author":3,"featured_media":404497,"comment_status":"open","ping_status":"open","sticky":false,"template":"","format":"standard","meta":{"_acf_changed":false,"footnotes":"","rank_math_title":"B\u00f6nigen: 24 coisas para fazer no Lago Brienz","rank_math_description":"Guia completo de B\u00f6nigen no Lago Brienz: 24 dicas do que fazer, trilhas, telef\u00e9ricos e onde ficar na Su\u00ed\u00e7a. Planeje j\u00e1 suas f\u00e9rias no Oberland Bern\u00eas!","rank_math_focus_keyword":"B\u00f6nigen Lago Brienz","rank_math_seo_score":""},"categories":[1121,1160,1104],"tags":[],"class_list":["post-409755","post","type-post","status-publish","format-standard","has-post-thumbnail","category-europa","category-suica","category-viagens"],"acf":[],"featured_image_src":"https:\/\/loudavymkrokem.cz\/wp-content\/uploads\/2026\/08\/articles-bonigen-18.jpg","author_info":{"display_name":"Lucie Kone\u010dn\u00e1","author_link":"https:\/\/loudavymkrokem.cz\/pt-br\/author\/lucie-konecna\/"},"_links":{"self":[{"href":"https:\/\/loudavymkrokem.cz\/pt-br\/wp-json\/wp\/v2\/posts\/409755","targetHints":{"allow":["GET"]}}],"collection":[{"href":"https:\/\/loudavymkrokem.cz\/pt-br\/wp-json\/wp\/v2\/posts"}],"about":[{"href":"https:\/\/loudavymkrokem.cz\/pt-br\/wp-json\/wp\/v2\/types\/post"}],"author":[{"embeddable":true,"href":"https:\/\/loudavymkrokem.cz\/pt-br\/wp-json\/wp\/v2\/users\/3"}],"replies":[{"embeddable":true,"href":"https:\/\/loudavymkrokem.cz\/pt-br\/wp-json\/wp\/v2\/comments?post=409755"}],"version-history":[{"count":3,"href":"https:\/\/loudavymkrokem.cz\/pt-br\/wp-json\/wp\/v2\/posts\/409755\/revisions"}],"predecessor-version":[{"id":409758,"href":"https:\/\/loudavymkrokem.cz\/pt-br\/wp-json\/wp\/v2\/posts\/409755\/revisions\/409758"}],"wp:featuredmedia":[{"embeddable":true,"href":"https:\/\/loudavymkrokem.cz\/pt-br\/wp-json\/wp\/v2\/media\/404497"}],"wp:attachment":[{"href":"https:\/\/loudavymkrokem.cz\/pt-br\/wp-json\/wp\/v2\/media?parent=409755"}],"wp:term":[{"taxonomy":"category","embeddable":true,"href":"https:\/\/loudavymkrokem.cz\/pt-br\/wp-json\/wp\/v2\/categories?post=409755"},{"taxonomy":"post_tag","embeddable":true,"href":"https:\/\/loudavymkrokem.cz\/pt-br\/wp-json\/wp\/v2\/tags?post=409755"}],"curies":[{"name":"wp","href":"https:\/\/api.w.org\/{rel}","templated":true}]}}