{"id":409752,"date":"2026-08-26T17:25:52","date_gmt":"2026-08-26T15:25:52","guid":{"rendered":"https:\/\/loudavymkrokem.cz\/pisek-com-criancas\/"},"modified":"2026-08-31T11:39:27","modified_gmt":"2026-08-31T09:39:27","slug":"pisek-com-criancas","status":"publish","type":"post","link":"https:\/\/loudavymkrokem.cz\/pt-br\/pisek-com-criancas\/","title":{"rendered":"P\u00edsek com crian\u00e7as: 44 dicas de uma m\u00e3e local para 2026"},"content":{"rendered":"\n<p class=\"wp-block-paragraph\">Est\u00e1 pensando em visitar P\u00edsek com crian\u00e7as? Este \u00e9 um assunto do cora\u00e7\u00e3o para mim, porque nasci nesta linda cidade do sul da Bo\u00eamia (Ch\u00e9quia) e passei minha inf\u00e2ncia aqui. Embora eu tenha morado muitos anos em Praga, o Luk\u00e1\u0161 e eu decidimos recentemente <strong>voltar para o sul<\/strong>, ent\u00e3o agora moramos aqui com nosso filho de dois anos, o Jon\u00e1\u0161ek. Como m\u00e3e local, posso dizer com toda a tranquilidade que <strong>P\u00edsek na Rep\u00fablica Tcheca \u00e9 um destino absolutamente ideal para fam\u00edlias com crian\u00e7as<\/strong>, onde voc\u00ea tem tudo bem \u00e0 m\u00e3o.<\/p>\n\n\n\n<p class=\"wp-block-paragraph\">Como circulo pela cidade todos os dias com carrinho de beb\u00ea e um beb\u00ea cheio de energia, sei muito bem como \u00e0s vezes \u00e9 dif\u00edcil montar um programa que agrade a fam\u00edlia toda. Por isso decidi escrever este guia completo, no qual voc\u00ea vai encontrar <strong>os melhores espa\u00e7os de recrea\u00e7\u00e3o cobertos, playgrounds ao ar livre e dicas de passeios<\/strong>, para que suas f\u00e9rias em fam\u00edlia transcorram com o m\u00e1ximo de tranquilidade. P\u00edsek est\u00e1 longe de ser apenas a mais antiga Ponte de Pedra: oferece uma estrutura incr\u00edvel para crian\u00e7as de todas as idades.<\/p>\n\n\n\n<p class=\"wp-block-paragraph\">Preparei para voc\u00ea 40 dicas que n\u00f3s, m\u00e3es locais, ficamos trocando o tempo todo em grupos e repassando para as amigas que est\u00e3o chegando. Acrescentei tamb\u00e9m informa\u00e7\u00f5es pr\u00e1ticas sobre pre\u00e7os e hor\u00e1rios de funcionamento para 2026. Seja para um feriado prolongado ou para as f\u00e9rias de ver\u00e3o inteiras, <strong>tenho certeza de que voc\u00ea vai montar facilmente um roteiro<\/strong> que ficar\u00e1 na mem\u00f3ria por muito tempo. Voc\u00ea tem muito o que aguardar com entusiasmo.<\/p>\n\n\n\n<figure data-wp-context=\"{&quot;imageId&quot;:&quot;6a95632410e02&quot;}\" data-wp-interactive=\"core\/image\" data-wp-key=\"6a95632410e02\" class=\"wp-block-image size-full wp-lightbox-container\"><img decoding=\"async\" width=\"2200\" height=\"1467\" data-wp-class--hide=\"state.isContentHidden\" data-wp-class--show=\"state.isContentVisible\" data-wp-init=\"callbacks.setButtonStyles\" data-wp-on--click=\"actions.showLightbox\" data-wp-on--load=\"callbacks.setButtonStyles\" data-wp-on--pointerdown=\"actions.preloadImage\" data-wp-on--pointerenter=\"actions.preloadImageWithDelay\" data-wp-on--pointerleave=\"actions.cancelPreload\" data-wp-on-window--resize=\"callbacks.setButtonStyles\" src=\"https:\/\/loudavymkrokem.cz\/wp-content\/uploads\/2026\/08\/pisek-kamenny-most-den.jpg\" alt=\"Ponte de Pedra em P\u00edsek em um dia de ver\u00e3o\" class=\"wp-image-399336\" title=\"\" srcset=\"https:\/\/loudavymkrokem.cz\/wp-content\/uploads\/2026\/08\/pisek-kamenny-most-den.jpg 2200w, https:\/\/loudavymkrokem.cz\/wp-content\/uploads\/2026\/08\/pisek-kamenny-most-den-300x200.jpg 300w, https:\/\/loudavymkrokem.cz\/wp-content\/uploads\/2026\/08\/pisek-kamenny-most-den-700x467.jpg 700w, https:\/\/loudavymkrokem.cz\/wp-content\/uploads\/2026\/08\/pisek-kamenny-most-den-768x512.jpg 768w, https:\/\/loudavymkrokem.cz\/wp-content\/uploads\/2026\/08\/pisek-kamenny-most-den-1536x1024.jpg 1536w, https:\/\/loudavymkrokem.cz\/wp-content\/uploads\/2026\/08\/pisek-kamenny-most-den-2048x1366.jpg 2048w, https:\/\/loudavymkrokem.cz\/wp-content\/uploads\/2026\/08\/pisek-kamenny-most-den-696x464.jpg 696w, https:\/\/loudavymkrokem.cz\/wp-content\/uploads\/2026\/08\/pisek-kamenny-most-den-1392x928.jpg 1392w, https:\/\/loudavymkrokem.cz\/wp-content\/uploads\/2026\/08\/pisek-kamenny-most-den-1920x1280.jpg 1920w\" sizes=\"(max-width: 2200px) 100vw, 2200px\" \/><button\n\t\t\tclass=\"lightbox-trigger\"\n\t\t\ttype=\"button\"\n\t\t\taria-haspopup=\"dialog\"\n\t\t\tdata-wp-bind--aria-label=\"state.thisImage.triggerButtonAriaLabel\"\n\t\t\tdata-wp-init=\"callbacks.initTriggerButton\"\n\t\t\tdata-wp-on--click=\"actions.showLightbox\"\n\t\t\tdata-wp-style--right=\"state.thisImage.buttonRight\"\n\t\t\tdata-wp-style--top=\"state.thisImage.buttonTop\"\n\t\t>\n\t\t\t<svg xmlns=\"http:\/\/www.w3.org\/2000\/svg\" width=\"12\" height=\"12\" fill=\"none\" viewBox=\"0 0 12 12\">\n\t\t\t\t<path fill=\"#fff\" d=\"M2 0a2 2 0 0 0-2 2v2h1.5V2a.5.5 0 0 1 .5-.5h2V0H2Zm2 10.5H2a.5.5 0 0 1-.5-.5V8H0v2a2 2 0 0 0 2 2h2v-1.5ZM8 12v-1.5h2a.5.5 0 0 0 .5-.5V8H12v2a2 2 0 0 1-2 2H8Zm2-12a2 2 0 0 1 2 2v2h-1.5V2a.5.5 0 0 0-.5-.5H8V0h2Z\" \/>\n\t\t\t<\/svg>\n\t\t<\/button><\/figure>\n\n\n\n<div id=\"ez-toc-container\" class=\"ez-toc-v2_0_86 ez-toc-wrap-left counter-hierarchy ez-toc-counter ez-toc-grey ez-toc-container-direction\">\n<div class=\"ez-toc-title-container\">\n<p class=\"ez-toc-title\" style=\"cursor:inherit\">Conte\u00fado do artigo<\/p>\n<span class=\"ez-toc-title-toggle\"><a href=\"#\" class=\"ez-toc-pull-right ez-toc-btn ez-toc-btn-xs ez-toc-btn-default ez-toc-toggle\" aria-label=\"Alternar tabela de conte\u00fado\"><span class=\"ez-toc-js-icon-con\"><span class=\"\"><span class=\"eztoc-hide\" style=\"display:none;\">Toggle<\/span><span class=\"ez-toc-icon-toggle-span\"><svg style=\"fill: #999;color:#999\" xmlns=\"http:\/\/www.w3.org\/2000\/svg\" class=\"list-377408\" width=\"20px\" height=\"20px\" viewBox=\"0 0 24 24\" fill=\"none\"><path d=\"M6 6H4v2h2V6zm14 0H8v2h12V6zM4 11h2v2H4v-2zm16 0H8v2h12v-2zM4 16h2v2H4v-2zm16 0H8v2h12v-2z\" fill=\"currentColor\"><\/path><\/svg><svg style=\"fill: #999;color:#999\" class=\"arrow-unsorted-368013\" xmlns=\"http:\/\/www.w3.org\/2000\/svg\" width=\"10px\" height=\"10px\" viewBox=\"0 0 24 24\" version=\"1.2\" baseProfile=\"tiny\"><path d=\"M18.2 9.3l-6.2-6.3-6.2 6.3c-.2.2-.3.4-.3.7s.1.5.3.7c.2.2.4.3.7.3h11c.3 0 .5-.1.7-.3.2-.2.3-.5.3-.7s-.1-.5-.3-.7zM5.8 14.7l6.2 6.3 6.2-6.3c.2-.2.3-.5.3-.7s-.1-.5-.3-.7c-.2-.2-.4-.3-.7-.3h-11c-.3 0-.5.1-.7.3-.2.2-.3.5-.3.7s.1.5.3.7z\"\/><\/svg><\/span><\/span><\/span><\/a><\/span><\/div>\n<nav><ul class='ez-toc-list ez-toc-list-level-1 ' ><ul class='ez-toc-list-level-3' ><li class='ez-toc-heading-level-3'><a class=\"ez-toc-link ez-toc-heading-1\" href=\"https:\/\/loudavymkrokem.cz\/pt-br\/pisek-com-criancas\/#Resumo_para_quem_nao_tem_tempo_de_ler_o_artigo_inteiro\" >Resumo para quem n\u00e3o tem tempo de ler o artigo inteiro<\/a><\/li><\/ul><\/li><li class='ez-toc-page-1 ez-toc-heading-level-2'><a class=\"ez-toc-link ez-toc-heading-2\" href=\"https:\/\/loudavymkrokem.cz\/pt-br\/pisek-com-criancas\/#Quando_ir_a_Pisek_com_criancas\" >Quando ir a P\u00edsek com crian\u00e7as<\/a><\/li><li class='ez-toc-page-1 ez-toc-heading-level-2'><a class=\"ez-toc-link ez-toc-heading-3\" href=\"https:\/\/loudavymkrokem.cz\/pt-br\/pisek-com-criancas\/#Onde_se_hospedar_em_Pisek_com_criancas\" >Onde se hospedar em P\u00edsek com crian\u00e7as<\/a><\/li><li class='ez-toc-page-1 ez-toc-heading-level-2'><a class=\"ez-toc-link ez-toc-heading-4\" href=\"https:\/\/loudavymkrokem.cz\/pt-br\/pisek-com-criancas\/#Espacos_de_recreacao_e_diversao_coberta_em_Pisek\" >Espa\u00e7os de recrea\u00e7\u00e3o e divers\u00e3o coberta em P\u00edsek<\/a><ul class='ez-toc-list-level-3' ><li class='ez-toc-heading-level-3'><a class=\"ez-toc-link ez-toc-heading-5\" href=\"https:\/\/loudavymkrokem.cz\/pt-br\/pisek-com-criancas\/#1_Myska_herna\" >1. My\u0161ka herna<\/a><\/li><li class='ez-toc-page-1 ez-toc-heading-level-3'><a class=\"ez-toc-link ez-toc-heading-6\" href=\"https:\/\/loudavymkrokem.cz\/pt-br\/pisek-com-criancas\/#2_Sladovna_%E2%80%93_exposicao_Pilariste\" >2. Sladovna \u2013 exposi\u00e7\u00e3o Pila\u0159i\u0161t\u011b<\/a><\/li><li class='ez-toc-page-1 ez-toc-heading-level-3'><a class=\"ez-toc-link ez-toc-heading-7\" href=\"https:\/\/loudavymkrokem.cz\/pt-br\/pisek-com-criancas\/#3_Sladovna_%E2%80%93_exposicao_Mraveniste\" >3. Sladovna \u2013 exposi\u00e7\u00e3o Mraveni\u0161t\u011b<\/a><\/li><li class='ez-toc-page-1 ez-toc-heading-level-3'><a class=\"ez-toc-link ez-toc-heading-8\" href=\"https:\/\/loudavymkrokem.cz\/pt-br\/pisek-com-criancas\/#4_Fazole_%E2%80%93_oficinas_Montessori\" >4. Fazole \u2013 oficinas Montessori<\/a><\/li><li class='ez-toc-page-1 ez-toc-heading-level-3'><a class=\"ez-toc-link ez-toc-heading-9\" href=\"https:\/\/loudavymkrokem.cz\/pt-br\/pisek-com-criancas\/#5_Hernajs\" >5. Hernajs<\/a><\/li><li class='ez-toc-page-1 ez-toc-heading-level-3'><a class=\"ez-toc-link ez-toc-heading-10\" href=\"https:\/\/loudavymkrokem.cz\/pt-br\/pisek-com-criancas\/#6_Mini_Academy_Pisek\" >6. Mini Academy P\u00edsek<\/a><\/li><li class='ez-toc-page-1 ez-toc-heading-level-3'><a class=\"ez-toc-link ez-toc-heading-11\" href=\"https:\/\/loudavymkrokem.cz\/pt-br\/pisek-com-criancas\/#7_Laser_Arena_Pisek_Game_Cafe_Bar\" >7. Laser Ar\u00e9na P\u00edsek &amp; Game Caf\u00e9 Bar<\/a><\/li><li class='ez-toc-page-1 ez-toc-heading-level-3'><a class=\"ez-toc-link ez-toc-heading-12\" href=\"https:\/\/loudavymkrokem.cz\/pt-br\/pisek-com-criancas\/#8_LezeTop_%E2%80%93_Centro_de_escalada_de_Pisek\" >8. LezeTop \u2013 Centro de escalada de P\u00edsek<\/a><\/li><li class='ez-toc-page-1 ez-toc-heading-level-3'><a class=\"ez-toc-link ez-toc-heading-13\" href=\"https:\/\/loudavymkrokem.cz\/pt-br\/pisek-com-criancas\/#9_Estadio_aquatico\" >9. Est\u00e1dio aqu\u00e1tico<\/a><\/li><li class='ez-toc-page-1 ez-toc-heading-level-3'><a class=\"ez-toc-link ez-toc-heading-14\" href=\"https:\/\/loudavymkrokem.cz\/pt-br\/pisek-com-criancas\/#10_Centro_de_cuidados_a_mae_e_a_crianca\" >10. Centro de cuidados \u00e0 m\u00e3e e \u00e0 crian\u00e7a<\/a><\/li><li class='ez-toc-page-1 ez-toc-heading-level-3'><a class=\"ez-toc-link ez-toc-heading-15\" href=\"https:\/\/loudavymkrokem.cz\/pt-br\/pisek-com-criancas\/#11_Biblioteca_municipal_e_cafe_Upekla\" >11. Biblioteca municipal e caf\u00e9 Upekla<\/a><\/li><\/ul><\/li><li class='ez-toc-page-1 ez-toc-heading-level-2'><a class=\"ez-toc-link ez-toc-heading-16\" href=\"https:\/\/loudavymkrokem.cz\/pt-br\/pisek-com-criancas\/#Playgrounds_parque_e_rio_Pisek_com_criancas_ao_ar_livre\" >Playgrounds, parque e rio: P\u00edsek com crian\u00e7as ao ar livre<\/a><ul class='ez-toc-list-level-3' ><li class='ez-toc-heading-level-3'><a class=\"ez-toc-link ez-toc-heading-17\" href=\"https:\/\/loudavymkrokem.cz\/pt-br\/pisek-com-criancas\/#12_Esculturas_de_areia_na_orla\" >12. Esculturas de areia na orla<\/a><\/li><li class='ez-toc-page-1 ez-toc-heading-level-3'><a class=\"ez-toc-link ez-toc-heading-18\" href=\"https:\/\/loudavymkrokem.cz\/pt-br\/pisek-com-criancas\/#13_Ponte_de_Pedra_e_a_orla\" >13. Ponte de Pedra e a orla<\/a><\/li><li class='ez-toc-page-1 ez-toc-heading-level-3'><a class=\"ez-toc-link ez-toc-heading-19\" href=\"https:\/\/loudavymkrokem.cz\/pt-br\/pisek-com-criancas\/#14_Ilha_da_cidade_Mestsky_ostrov\" >14. Ilha da cidade (M\u011bstsk\u00fd ostrov)<\/a><\/li><li class='ez-toc-page-1 ez-toc-heading-level-3'><a class=\"ez-toc-link ez-toc-heading-20\" href=\"https:\/\/loudavymkrokem.cz\/pt-br\/pisek-com-criancas\/#15_Pista_de_transito_junto_a_Sao_Venceslau\" >15. Pista de tr\u00e2nsito junto a S\u00e3o Venceslau<\/a><\/li><li class='ez-toc-page-1 ez-toc-heading-level-3'><a class=\"ez-toc-link ez-toc-heading-21\" href=\"https:\/\/loudavymkrokem.cz\/pt-br\/pisek-com-criancas\/#16_Cais_Jiraskovo_nabrezi_e_pista_de_bolinhas_de_gude\" >16. Cais Jir\u00e1skovo n\u00e1b\u0159e\u017e\u00ed e pista de bolinhas de gude<\/a><\/li><li class='ez-toc-page-1 ez-toc-heading-level-3'><a class=\"ez-toc-link ez-toc-heading-22\" href=\"https:\/\/loudavymkrokem.cz\/pt-br\/pisek-com-criancas\/#17_Playground_com_o_cervo_Na_Trubach\" >17. Playground com o cervo Na Trub\u00e1ch<\/a><\/li><li class='ez-toc-page-1 ez-toc-heading-level-3'><a class=\"ez-toc-link ez-toc-heading-23\" href=\"https:\/\/loudavymkrokem.cz\/pt-br\/pisek-com-criancas\/#18_Palackeho_sady\" >18. Palack\u00e9ho sady<\/a><\/li><li class='ez-toc-page-1 ez-toc-heading-level-3'><a class=\"ez-toc-link ez-toc-heading-24\" href=\"https:\/\/loudavymkrokem.cz\/pt-br\/pisek-com-criancas\/#19_Piscina_junto_a_Sao_Venceslau\" >19. Piscina junto a S\u00e3o Venceslau<\/a><\/li><li class='ez-toc-page-1 ez-toc-heading-level-3'><a class=\"ez-toc-link ez-toc-heading-25\" href=\"https:\/\/loudavymkrokem.cz\/pt-br\/pisek-com-criancas\/#20_Barquinhos_e_canoagem_no_Otava\" >20. Barquinhos e canoagem no Otava<\/a><\/li><li class='ez-toc-page-1 ez-toc-heading-level-3'><a class=\"ez-toc-link ez-toc-heading-26\" href=\"https:\/\/loudavymkrokem.cz\/pt-br\/pisek-com-criancas\/#21_Cercado_de_animais_U_Vodaka\" >21. Cercado de animais U Vod\u00e1ka<\/a><\/li><li class='ez-toc-page-1 ez-toc-heading-level-3'><a class=\"ez-toc-link ez-toc-heading-27\" href=\"https:\/\/loudavymkrokem.cz\/pt-br\/pisek-com-criancas\/#22_Labirinto_3D_Zivec\" >22. Labirinto 3D \u017divec<\/a><\/li><li class='ez-toc-page-1 ez-toc-heading-level-3'><a class=\"ez-toc-link ez-toc-heading-28\" href=\"https:\/\/loudavymkrokem.cz\/pt-br\/pisek-com-criancas\/#23_Torre-mirante_Jarnik\" >23. Torre-mirante Jarn\u00edk<\/a><\/li><li class='ez-toc-page-1 ez-toc-heading-level-3'><a class=\"ez-toc-link ez-toc-heading-29\" href=\"https:\/\/loudavymkrokem.cz\/pt-br\/pisek-com-criancas\/#24_Pista_de_bolinhas_de_gude_Hradiste\" >24. Pista de bolinhas de gude Hradi\u0161t\u011b<\/a><\/li><li class='ez-toc-page-1 ez-toc-heading-level-3'><a class=\"ez-toc-link ez-toc-heading-30\" href=\"https:\/\/loudavymkrokem.cz\/pt-br\/pisek-com-criancas\/#25_Caixa_de_areia_gigante_do_Vystaviste\" >25. Caixa de areia gigante do V\u00fdstavi\u0161t\u011b<\/a><\/li><\/ul><\/li><li class='ez-toc-page-1 ez-toc-heading-level-2'><a class=\"ez-toc-link ez-toc-heading-31\" href=\"https:\/\/loudavymkrokem.cz\/pt-br\/pisek-com-criancas\/#Passeios_com_criancas_nos_arredores_de_Pisek\" >Passeios com crian\u00e7as nos arredores de P\u00edsek<\/a><ul class='ez-toc-list-level-3' ><li class='ez-toc-heading-level-3'><a class=\"ez-toc-link ez-toc-heading-32\" href=\"https:\/\/loudavymkrokem.cz\/pt-br\/pisek-com-criancas\/#26_Farmapark_Maletice\" >26. Farmapark Maletice<\/a><\/li><li class='ez-toc-page-1 ez-toc-heading-level-3'><a class=\"ez-toc-link ez-toc-heading-33\" href=\"https:\/\/loudavymkrokem.cz\/pt-br\/pisek-com-criancas\/#27_Nase_zviratka_em_Putim\" >27. Na\u0161e zv\u00ed\u0159\u00e1tka em Putim<\/a><\/li><li class='ez-toc-page-1 ez-toc-heading-level-3'><a class=\"ez-toc-link ez-toc-heading-34\" href=\"https:\/\/loudavymkrokem.cz\/pt-br\/pisek-com-criancas\/#28_Fazenda_Kozluv_statek_em_Predotice\" >28. Fazenda Kozl\u016fv statek em P\u0159edotice<\/a><\/li><li class='ez-toc-page-1 ez-toc-heading-level-3'><a class=\"ez-toc-link ez-toc-heading-35\" href=\"https:\/\/loudavymkrokem.cz\/pt-br\/pisek-com-criancas\/#29_Fazenda_Stary_Bor_perto_de_Sedlice\" >29. Fazenda Star\u00fd Bor perto de Sedlice<\/a><\/li><li class='ez-toc-page-1 ez-toc-heading-level-3'><a class=\"ez-toc-link ez-toc-heading-36\" href=\"https:\/\/loudavymkrokem.cz\/pt-br\/pisek-com-criancas\/#30_Cocheiras_Stetice\" >30. Cocheiras \u0160t\u011btice<\/a><\/li><li class='ez-toc-page-1 ez-toc-heading-level-3'><a class=\"ez-toc-link ez-toc-heading-37\" href=\"https:\/\/loudavymkrokem.cz\/pt-br\/pisek-com-criancas\/#31_Ranch_Calamity_Jane_em_Probulov\" >31. Ranch Calamity Jane em Probulov<\/a><\/li><li class='ez-toc-page-1 ez-toc-heading-level-3'><a class=\"ez-toc-link ez-toc-heading-38\" href=\"https:\/\/loudavymkrokem.cz\/pt-br\/pisek-com-criancas\/#32_Fiziland_em_Protivin\" >32. Fiziland em Protiv\u00edn<\/a><\/li><li class='ez-toc-page-1 ez-toc-heading-level-3'><a class=\"ez-toc-link ez-toc-heading-39\" href=\"https:\/\/loudavymkrokem.cz\/pt-br\/pisek-com-criancas\/#33_Reino_do_Tempo_em_Protivin\" >33. Reino do Tempo em Protiv\u00edn<\/a><\/li><li class='ez-toc-page-1 ez-toc-heading-level-3'><a class=\"ez-toc-link ez-toc-heading-40\" href=\"https:\/\/loudavymkrokem.cz\/pt-br\/pisek-com-criancas\/#34_Zoologico_de_Crocodilos_em_Protivin\" >34. Zool\u00f3gico de Crocodilos em Protiv\u00edn<\/a><\/li><li class='ez-toc-page-1 ez-toc-heading-level-3'><a class=\"ez-toc-link ez-toc-heading-41\" href=\"https:\/\/loudavymkrokem.cz\/pt-br\/pisek-com-criancas\/#35_Ferraria_dos_Contos_de_Fada_em_Selibov\" >35. Ferraria dos Contos de Fada em Selibov<\/a><\/li><li class='ez-toc-page-1 ez-toc-heading-level-3'><a class=\"ez-toc-link ez-toc-heading-42\" href=\"https:\/\/loudavymkrokem.cz\/pt-br\/pisek-com-criancas\/#36_Zemeraj_em_Kovarov\" >36. Zem\u011br\u00e1j em Kov\u00e1\u0159ov<\/a><\/li><li class='ez-toc-page-1 ez-toc-heading-level-3'><a class=\"ez-toc-link ez-toc-heading-43\" href=\"https:\/\/loudavymkrokem.cz\/pt-br\/pisek-com-criancas\/#37_Bagrarium_em_Strakonice\" >37. Bagr\u00e1rium em Strakonice<\/a><\/li><li class='ez-toc-page-1 ez-toc-heading-level-3'><a class=\"ez-toc-link ez-toc-heading-44\" href=\"https:\/\/loudavymkrokem.cz\/pt-br\/pisek-com-criancas\/#38_Zvikov_e_o_barco_para_Orlik\" >38. Zv\u00edkov e o barco para Orl\u00edk<\/a><\/li><li class='ez-toc-page-1 ez-toc-heading-level-3'><a class=\"ez-toc-link ez-toc-heading-45\" href=\"https:\/\/loudavymkrokem.cz\/pt-br\/pisek-com-criancas\/#39_Castelo_de_Blatna_e_os_gamos\" >39. Castelo de Blatn\u00e1 e os gamos<\/a><\/li><li class='ez-toc-page-1 ez-toc-heading-level-3'><a class=\"ez-toc-link ez-toc-heading-46\" href=\"https:\/\/loudavymkrokem.cz\/pt-br\/pisek-com-criancas\/#40_Zoologico_de_Hluboka\" >40. Zool\u00f3gico de Hlubok\u00e1<\/a><\/li><li class='ez-toc-page-1 ez-toc-heading-level-3'><a class=\"ez-toc-link ez-toc-heading-47\" href=\"https:\/\/loudavymkrokem.cz\/pt-br\/pisek-com-criancas\/#41_Tabor_e_seus_museus\" >41. T\u00e1bor e seus museus<\/a><\/li><li class='ez-toc-page-1 ez-toc-heading-level-3'><a class=\"ez-toc-link ez-toc-heading-48\" href=\"https:\/\/loudavymkrokem.cz\/pt-br\/pisek-com-criancas\/#42_Museu_das_mascaras_de_Milevsko\" >42. Museu das m\u00e1scaras de Milevsko<\/a><\/li><li class='ez-toc-page-1 ez-toc-heading-level-3'><a class=\"ez-toc-link ez-toc-heading-49\" href=\"https:\/\/loudavymkrokem.cz\/pt-br\/pisek-com-criancas\/#43_Aquaparque_de_Horazdovice\" >43. Aquaparque de Hora\u017e\u010fovice<\/a><\/li><li class='ez-toc-page-1 ez-toc-heading-level-3'><a class=\"ez-toc-link ez-toc-heading-50\" href=\"https:\/\/loudavymkrokem.cz\/pt-br\/pisek-com-criancas\/#44_Vodnany_e_o_museu_da_pesca\" >44. Vod\u0148any e o museu da pesca<\/a><\/li><\/ul><\/li><li class='ez-toc-page-1 ez-toc-heading-level-2'><a class=\"ez-toc-link ez-toc-heading-51\" href=\"https:\/\/loudavymkrokem.cz\/pt-br\/pisek-com-criancas\/#Onde_comer_em_Pisek_com_criancas\" >Onde comer em P\u00edsek com crian\u00e7as<\/a><\/li><li class='ez-toc-page-1 ez-toc-heading-level-2'><a class=\"ez-toc-link ez-toc-heading-52\" href=\"https:\/\/loudavymkrokem.cz\/pt-br\/pisek-com-criancas\/#O_que_fazer_em_Pisek_com_criancas_quando_chove\" >O que fazer em P\u00edsek com crian\u00e7as quando chove<\/a><\/li><li class='ez-toc-page-1 ez-toc-heading-level-2'><a class=\"ez-toc-link ez-toc-heading-53\" href=\"https:\/\/loudavymkrokem.cz\/pt-br\/pisek-com-criancas\/#Dicas_praticas_para_familias_estacionamento_carrinho_troca_de_fralda\" >Dicas pr\u00e1ticas para fam\u00edlias: estacionamento, carrinho, troca de fralda<\/a><\/li><li class='ez-toc-page-1 ez-toc-heading-level-2'><a class=\"ez-toc-link ez-toc-heading-54\" href=\"https:\/\/loudavymkrokem.cz\/pt-br\/pisek-com-criancas\/#Para_onde_ir_depois\" >Para onde ir depois<\/a><\/li><li class='ez-toc-page-1 ez-toc-heading-level-2'><a class=\"ez-toc-link ez-toc-heading-55\" href=\"https:\/\/loudavymkrokem.cz\/pt-br\/pisek-com-criancas\/#Perguntas_frequentes\" >Perguntas frequentes<\/a><ul class='ez-toc-list-level-3' ><li class='ez-toc-heading-level-3'><a class=\"ez-toc-link ez-toc-heading-56\" href=\"https:\/\/loudavymkrokem.cz\/pt-br\/pisek-com-criancas\/#O_que_fazer_com_as_criancas_em_Pisek_quando_chove\" >O que fazer com as crian\u00e7as em P\u00edsek quando chove?<\/a><\/li><li class='ez-toc-page-1 ez-toc-heading-level-3'><a class=\"ez-toc-link ez-toc-heading-57\" href=\"https:\/\/loudavymkrokem.cz\/pt-br\/pisek-com-criancas\/#Quanto_custa_a_Sladovna\" >Quanto custa a Sladovna?<\/a><\/li><li class='ez-toc-page-1 ez-toc-heading-level-3'><a class=\"ez-toc-link ez-toc-heading-58\" href=\"https:\/\/loudavymkrokem.cz\/pt-br\/pisek-com-criancas\/#Para_onde_ir_em_Pisek_com_criancas_pequenas\" >Para onde ir em P\u00edsek com crian\u00e7as pequenas?<\/a><\/li><li class='ez-toc-page-1 ez-toc-heading-level-3'><a class=\"ez-toc-link ez-toc-heading-59\" href=\"https:\/\/loudavymkrokem.cz\/pt-br\/pisek-com-criancas\/#Qual_e_a_melhor_area_de_recreacao_infantil_em_Pisek\" >Qual \u00e9 a melhor \u00e1rea de recrea\u00e7\u00e3o infantil em P\u00edsek?<\/a><\/li><li class='ez-toc-page-1 ez-toc-heading-level-3'><a class=\"ez-toc-link ez-toc-heading-60\" href=\"https:\/\/loudavymkrokem.cz\/pt-br\/pisek-com-criancas\/#Quais_sao_os_melhores_passeios_a_ate_20_minutos\" >Quais s\u00e3o os melhores passeios a at\u00e9 20 minutos?<\/a><\/li><li class='ez-toc-page-1 ez-toc-heading-level-3'><a class=\"ez-toc-link ez-toc-heading-61\" href=\"https:\/\/loudavymkrokem.cz\/pt-br\/pisek-com-criancas\/#Pisek_e_adequado_para_carrinho_de_bebe\" >P\u00edsek \u00e9 adequado para carrinho de beb\u00ea?<\/a><\/li><li class='ez-toc-page-1 ez-toc-heading-level-3'><a class=\"ez-toc-link ez-toc-heading-62\" href=\"https:\/\/loudavymkrokem.cz\/pt-br\/pisek-com-criancas\/#Onde_nadar_com_criancas_em_Pisek\" >Onde nadar com crian\u00e7as em P\u00edsek?<\/a><\/li><li class='ez-toc-page-1 ez-toc-heading-level-3'><a class=\"ez-toc-link ez-toc-heading-63\" href=\"https:\/\/loudavymkrokem.cz\/pt-br\/pisek-com-criancas\/#Para_onde_ir_com_criancas_gratuitamente\" >Para onde ir com crian\u00e7as gratuitamente?<\/a><\/li><\/ul><\/li><\/ul><\/nav><\/div>\n<h3 class=\"wp-block-heading\"><span class=\"ez-toc-section\" id=\"Resumo_para_quem_nao_tem_tempo_de_ler_o_artigo_inteiro\"><\/span>Resumo para quem n\u00e3o tem tempo de ler o artigo inteiro<span class=\"ez-toc-section-end\"><\/span><\/h3>\n\n\n\n<ul class=\"wp-block-list\">\n<li><strong>Maior espa\u00e7o de recrea\u00e7\u00e3o coberto:<\/strong> a My\u0161ka herna, no bairro de Porty\u010d, tem equipamentos j\u00e1 um pouco desatualizados, mas ainda \u00e9 o maior espa\u00e7o de recrea\u00e7\u00e3o de P\u00edsek, ent\u00e3o acabamos indo l\u00e1.<\/li>\n\n\n\n<li><strong>Cultura para crian\u00e7as:<\/strong> a Sladovna, com as exposi\u00e7\u00f5es Pila\u0159i\u0161t\u011b e Mraveni\u0161t\u011b, \u00e9 parada obrigat\u00f3ria \u2014 s\u00f3 n\u00e3o esque\u00e7a de comprar os ingressos online com anteced\u00eancia.<\/li>\n\n\n\n<li><strong>Playground preferido:<\/strong> o novo playground com o gigante cervo de madeira Na Trub\u00e1ch e as pistas de bolinhas de gude no cais Jir\u00e1skovo n\u00e1b\u0159e\u017e\u00ed entret\u00eam as crian\u00e7as por uma tarde inteira.<\/li>\n\n\n\n<li><strong>Caf\u00e9 com espa\u00e7o kids:<\/strong> nosso preferido, o Travel Cafe, tem um p\u00e1tio interno com uma caixa de areia sensacional e uma casinha.<\/li>\n\n\n\n<li><strong>Top 3 passeios nos arredores:<\/strong> o Farmapark Maletice, o Reino do Tempo (Kr\u00e1lovstv\u00ed \u010dasu) em Protiv\u00edn e a Ferraria dos Contos de Fada em Selibov s\u00e3o apostas certeiras.<\/li>\n\n\n\n<li><strong>E se chover:<\/strong> voc\u00ea se salva na Sladovna, na My\u0161ka herna, na piscina do est\u00e1dio aqu\u00e1tico, no pequeno espa\u00e7o Hernajs ou no cinema Porty\u010d.<\/li>\n<\/ul>\n\n\n\n<h2 class=\"wp-block-heading\"><span class=\"ez-toc-section\" id=\"Quando_ir_a_Pisek_com_criancas\"><\/span>Quando ir a P\u00edsek com crian\u00e7as<span class=\"ez-toc-section-end\"><\/span><\/h2>\n\n\n\n<figure data-wp-context=\"{&quot;imageId&quot;:&quot;6a9563241181c&quot;}\" data-wp-interactive=\"core\/image\" data-wp-key=\"6a9563241181c\" class=\"wp-block-image size-full wp-lightbox-container\"><img decoding=\"async\" width=\"2200\" height=\"1467\" data-wp-class--hide=\"state.isContentHidden\" data-wp-class--show=\"state.isContentVisible\" data-wp-init=\"callbacks.setButtonStyles\" data-wp-on--click=\"actions.showLightbox\" data-wp-on--load=\"callbacks.setButtonStyles\" data-wp-on--pointerdown=\"actions.preloadImage\" data-wp-on--pointerenter=\"actions.preloadImageWithDelay\" data-wp-on--pointerleave=\"actions.cancelPreload\" data-wp-on-window--resize=\"callbacks.setButtonStyles\" src=\"https:\/\/loudavymkrokem.cz\/wp-content\/uploads\/2026\/08\/pisek-mestanske-domy-velke-namesti.jpg\" alt=\"Casas coloridas dos burgueses na pra\u00e7a Velk\u00e9 n\u00e1m\u011bst\u00ed em P\u00edsek\" class=\"wp-image-399373\" title=\"\" srcset=\"https:\/\/loudavymkrokem.cz\/wp-content\/uploads\/2026\/08\/pisek-mestanske-domy-velke-namesti.jpg 2200w, https:\/\/loudavymkrokem.cz\/wp-content\/uploads\/2026\/08\/pisek-mestanske-domy-velke-namesti-300x200.jpg 300w, https:\/\/loudavymkrokem.cz\/wp-content\/uploads\/2026\/08\/pisek-mestanske-domy-velke-namesti-700x467.jpg 700w, https:\/\/loudavymkrokem.cz\/wp-content\/uploads\/2026\/08\/pisek-mestanske-domy-velke-namesti-768x512.jpg 768w, https:\/\/loudavymkrokem.cz\/wp-content\/uploads\/2026\/08\/pisek-mestanske-domy-velke-namesti-1536x1024.jpg 1536w, https:\/\/loudavymkrokem.cz\/wp-content\/uploads\/2026\/08\/pisek-mestanske-domy-velke-namesti-2048x1366.jpg 2048w, https:\/\/loudavymkrokem.cz\/wp-content\/uploads\/2026\/08\/pisek-mestanske-domy-velke-namesti-696x464.jpg 696w, https:\/\/loudavymkrokem.cz\/wp-content\/uploads\/2026\/08\/pisek-mestanske-domy-velke-namesti-1392x928.jpg 1392w, https:\/\/loudavymkrokem.cz\/wp-content\/uploads\/2026\/08\/pisek-mestanske-domy-velke-namesti-1920x1280.jpg 1920w\" sizes=\"(max-width: 2200px) 100vw, 2200px\" \/><button\n\t\t\tclass=\"lightbox-trigger\"\n\t\t\ttype=\"button\"\n\t\t\taria-haspopup=\"dialog\"\n\t\t\tdata-wp-bind--aria-label=\"state.thisImage.triggerButtonAriaLabel\"\n\t\t\tdata-wp-init=\"callbacks.initTriggerButton\"\n\t\t\tdata-wp-on--click=\"actions.showLightbox\"\n\t\t\tdata-wp-style--right=\"state.thisImage.buttonRight\"\n\t\t\tdata-wp-style--top=\"state.thisImage.buttonTop\"\n\t\t>\n\t\t\t<svg xmlns=\"http:\/\/www.w3.org\/2000\/svg\" width=\"12\" height=\"12\" fill=\"none\" viewBox=\"0 0 12 12\">\n\t\t\t\t<path fill=\"#fff\" d=\"M2 0a2 2 0 0 0-2 2v2h1.5V2a.5.5 0 0 1 .5-.5h2V0H2Zm2 10.5H2a.5.5 0 0 1-.5-.5V8H0v2a2 2 0 0 0 2 2h2v-1.5ZM8 12v-1.5h2a.5.5 0 0 0 .5-.5V8H12v2a2 2 0 0 1-2 2H8Zm2-12a2 2 0 0 1 2 2v2h-1.5V2a.5.5 0 0 0-.5-.5H8V0h2Z\" \/>\n\t\t\t<\/svg>\n\t\t<\/button><\/figure>\n\n\n\n<p class=\"wp-block-paragraph\">P\u00edsek \u00e9 linda o ano inteiro, mas se voc\u00ea quer aproveitar a cidade ao m\u00e1ximo tamb\u00e9m com atividades ao ar livre, <strong>o per\u00edodo ideal para a visita vai do fim de maio a setembro<\/strong>. \u00c9 a partir do fim de maio que, na orla junto \u00e0 Ponte de Pedra, surgem regularmente as gigantescas esculturas de areia, uma grande atra\u00e7\u00e3o. J\u00e1 os meses de ver\u00e3o convidam a visitar a linda piscina fluvial junto \u00e0 igreja de S\u00e3o Venceslau.<\/p>\n\n\n\n<p class=\"wp-block-paragraph\">Se voc\u00ea vem no inverno ou no outono, <strong>com certeza n\u00e3o vai se entediar<\/strong>, porque a cidade tem \u00f3timas op\u00e7\u00f5es cobertas, lideradas pela Sladovna e por v\u00e1rios espa\u00e7os de recrea\u00e7\u00e3o. Ou seja, o programa est\u00e1 garantido mesmo que caia um temporal. Para uma visita com crian\u00e7as, recomendo reservar <strong>pelo menos um feriado prolongado<\/strong>, mas se quiser incluir tamb\u00e9m os passeios pelos arredores, d\u00e1 tranquilamente para passar uma semana inteira de experi\u00eancias.<\/p>\n\n\n\n<h2 class=\"wp-block-heading\"><span class=\"ez-toc-section\" id=\"Onde_se_hospedar_em_Pisek_com_criancas\"><\/span>Onde se hospedar em P\u00edsek com crian\u00e7as<span class=\"ez-toc-section-end\"><\/span><\/h2>\n\n\n\n<figure data-wp-context=\"{&quot;imageId&quot;:&quot;6a95632411f20&quot;}\" data-wp-interactive=\"core\/image\" data-wp-key=\"6a95632411f20\" class=\"wp-block-image size-full wp-lightbox-container\"><img decoding=\"async\" width=\"2200\" height=\"1467\" data-wp-class--hide=\"state.isContentHidden\" data-wp-class--show=\"state.isContentVisible\" data-wp-init=\"callbacks.setButtonStyles\" data-wp-on--click=\"actions.showLightbox\" data-wp-on--load=\"callbacks.setButtonStyles\" data-wp-on--pointerdown=\"actions.preloadImage\" data-wp-on--pointerenter=\"actions.preloadImageWithDelay\" data-wp-on--pointerleave=\"actions.cancelPreload\" data-wp-on-window--resize=\"callbacks.setButtonStyles\" src=\"https:\/\/loudavymkrokem.cz\/wp-content\/uploads\/2026\/08\/pisek-fontana-hotel-otava.jpg\" alt=\"Fonte no centro de P\u00edsek com o Hotel Otava ao fundo\" class=\"wp-image-399365\" title=\"\" srcset=\"https:\/\/loudavymkrokem.cz\/wp-content\/uploads\/2026\/08\/pisek-fontana-hotel-otava.jpg 2200w, https:\/\/loudavymkrokem.cz\/wp-content\/uploads\/2026\/08\/pisek-fontana-hotel-otava-300x200.jpg 300w, https:\/\/loudavymkrokem.cz\/wp-content\/uploads\/2026\/08\/pisek-fontana-hotel-otava-700x467.jpg 700w, https:\/\/loudavymkrokem.cz\/wp-content\/uploads\/2026\/08\/pisek-fontana-hotel-otava-768x512.jpg 768w, https:\/\/loudavymkrokem.cz\/wp-content\/uploads\/2026\/08\/pisek-fontana-hotel-otava-1536x1024.jpg 1536w, https:\/\/loudavymkrokem.cz\/wp-content\/uploads\/2026\/08\/pisek-fontana-hotel-otava-2048x1366.jpg 2048w, https:\/\/loudavymkrokem.cz\/wp-content\/uploads\/2026\/08\/pisek-fontana-hotel-otava-696x464.jpg 696w, https:\/\/loudavymkrokem.cz\/wp-content\/uploads\/2026\/08\/pisek-fontana-hotel-otava-1392x928.jpg 1392w, https:\/\/loudavymkrokem.cz\/wp-content\/uploads\/2026\/08\/pisek-fontana-hotel-otava-1920x1280.jpg 1920w\" sizes=\"(max-width: 2200px) 100vw, 2200px\" \/><button\n\t\t\tclass=\"lightbox-trigger\"\n\t\t\ttype=\"button\"\n\t\t\taria-haspopup=\"dialog\"\n\t\t\tdata-wp-bind--aria-label=\"state.thisImage.triggerButtonAriaLabel\"\n\t\t\tdata-wp-init=\"callbacks.initTriggerButton\"\n\t\t\tdata-wp-on--click=\"actions.showLightbox\"\n\t\t\tdata-wp-style--right=\"state.thisImage.buttonRight\"\n\t\t\tdata-wp-style--top=\"state.thisImage.buttonTop\"\n\t\t>\n\t\t\t<svg xmlns=\"http:\/\/www.w3.org\/2000\/svg\" width=\"12\" height=\"12\" fill=\"none\" viewBox=\"0 0 12 12\">\n\t\t\t\t<path fill=\"#fff\" d=\"M2 0a2 2 0 0 0-2 2v2h1.5V2a.5.5 0 0 1 .5-.5h2V0H2Zm2 10.5H2a.5.5 0 0 1-.5-.5V8H0v2a2 2 0 0 0 2 2h2v-1.5ZM8 12v-1.5h2a.5.5 0 0 0 .5-.5V8H12v2a2 2 0 0 1-2 2H8Zm2-12a2 2 0 0 1 2 2v2h-1.5V2a.5.5 0 0 0-.5-.5H8V0h2Z\" \/>\n\t\t\t<\/svg>\n\t\t<\/button><\/figure>\n\n\n\n<p class=\"wp-block-paragraph\">A escolha da hospedagem \u00e9 fundamental para fam\u00edlias com crian\u00e7as, e em P\u00edsek voc\u00ea encontra v\u00e1rias op\u00e7\u00f5es \u00f3timas bem no centro. O <strong><a href=\"https:\/\/www.stay22.com\/allez\/roam?aid=lukaskonecny&amp;campaign=loudavymkrokemcz&amp;campaign=pisek-s-detmi&amp;hotelname=Hotel%20Biograf&amp;address=P%C3%ADsek%2C%20%C4%8Cesko\" target=\"_blank\" rel=\"noopener nofollow sponsored\">Hotel Biograf<\/a><\/strong> \u00e9 um lindo hotel quatro estrelas a poucos passos do centro, com \u00f3tima nota 8,6 no Booking, e os pais com certeza v\u00e3o apreciar a possibilidade de relaxar \u00e0 noite na sauna.<\/p>\n\n\n\n<p class=\"wp-block-paragraph\">O hist\u00f3rico <strong>Hotel Otava<\/strong>, com pinturas de Ale\u0161 na fachada, ganhou ap\u00f3s a reforma o novo <strong>Caf\u00e9 Otava<\/strong> no t\u00e9rreo (caf\u00e9 da manh\u00e3 a partir das 7h30, menu executivo, sobremesas caseiras); para o caf\u00e9 da manh\u00e3 com crian\u00e7as \u00e9 um endere\u00e7o excelente. S\u00f3 que no momento n\u00e3o d\u00e1 para achar os quartos no Booking, ent\u00e3o resolva a hospedagem no Biograf ou no U Kapli\u010dky. Se voc\u00ea busca mais uma experi\u00eancia gastron\u00f4mica moderna aliada \u00e0 hospedagem, d\u00ea uma olhada no <strong><a href=\"https:\/\/www.stay22.com\/allez\/roam?aid=lukaskonecny&amp;campaign=loudavymkrokemcz&amp;campaign=pisek-s-detmi&amp;hotelname=Hotel%20U%20Kapli%C4%8Dky&amp;address=P%C3%ADsek%2C%20%C4%8Cesko\" target=\"_blank\" rel=\"noopener nofollow sponsored\">Hotel U Kapli\u010dky<\/a><\/strong>, cujo restaurante Chapelle chegou at\u00e9 \u00e0 sele\u00e7\u00e3o do Guia Michelin.<\/p>\n\n\n\n<p class=\"wp-block-paragraph\">Para fam\u00edlias que v\u00eam principalmente no ver\u00e3o por causa dos banhos e do esporte, o ideal \u00e9 o <strong><a href=\"https:\/\/www.stay22.com\/allez\/roam?aid=lukaskonecny&amp;campaign=loudavymkrokemcz&amp;campaign=pisek-s-detmi&amp;hotelname=Penzion%20Sport&amp;address=P%C3%ADsek%2C%20%C4%8Cesko\" target=\"_blank\" rel=\"noopener nofollow sponsored\">Penzion Sport<\/a><\/strong>, que fica bem \u00e0 beira do rio, dentro da \u00e1rea da piscina municipal. A vantagem \u00e9 que o restaurante com terra\u00e7o fica dentro do pr\u00f3prio complexo da piscina, ent\u00e3o as piscinas e o tanque infantil ficam a poucos passos. Todas essas hospedagens voc\u00ea reserva facilmente pelo Booking, onde de vez em quando ainda encontra descontos interessantes.<\/p>\n\n\n\n<h2 class=\"wp-block-heading\"><span class=\"ez-toc-section\" id=\"Espacos_de_recreacao_e_diversao_coberta_em_Pisek\"><\/span>Espa\u00e7os de recrea\u00e7\u00e3o e divers\u00e3o coberta em P\u00edsek<span class=\"ez-toc-section-end\"><\/span><\/h2>\n\n\n\n<p class=\"wp-block-paragraph\">Quando o tempo n\u00e3o colabora ou voc\u00ea simplesmente precisa se abrigar do sol de ver\u00e3o por algumas horas, P\u00edsek oferece muitas op\u00e7\u00f5es cobertas. Uma lista sempre atualizada de espa\u00e7os de recrea\u00e7\u00e3o, caf\u00e9s com espa\u00e7o kids e playgrounds com hor\u00e1rios confirmados voc\u00ea encontra em <a href=\"https:\/\/pisek.info\/deti\/hernicky\" target=\"_blank\" rel=\"noopener\">pisek.info\/deti\/hernicky<\/a>. Esses lugares toda m\u00e3e de P\u00edsek tem no celular.<\/p>\n\n\n\n<h3 class=\"wp-block-heading\"><span class=\"ez-toc-section\" id=\"1_Myska_herna\"><\/span>1. My\u0161ka herna<span class=\"ez-toc-section-end\"><\/span><\/h3>\n\n\n\n<figure data-wp-context=\"{&quot;imageId&quot;:&quot;6a95632412783&quot;}\" data-wp-interactive=\"core\/image\" data-wp-key=\"6a95632412783\" class=\"wp-block-image size-full wp-lightbox-container\"><img decoding=\"async\" width=\"2200\" height=\"1467\" data-wp-class--hide=\"state.isContentHidden\" data-wp-class--show=\"state.isContentVisible\" data-wp-init=\"callbacks.setButtonStyles\" data-wp-on--click=\"actions.showLightbox\" data-wp-on--load=\"callbacks.setButtonStyles\" data-wp-on--pointerdown=\"actions.preloadImage\" data-wp-on--pointerenter=\"actions.preloadImageWithDelay\" data-wp-on--pointerleave=\"actions.cancelPreload\" data-wp-on-window--resize=\"callbacks.setButtonStyles\" src=\"https:\/\/loudavymkrokem.cz\/wp-content\/uploads\/2026\/08\/pisek-myska-herna-bazenek-s-micky.jpg\" alt=\"Piscina de bolinhas na My\u0161ka herna em P\u00edsek\" class=\"wp-image-399531\" title=\"\" srcset=\"https:\/\/loudavymkrokem.cz\/wp-content\/uploads\/2026\/08\/pisek-myska-herna-bazenek-s-micky.jpg 2200w, https:\/\/loudavymkrokem.cz\/wp-content\/uploads\/2026\/08\/pisek-myska-herna-bazenek-s-micky-300x200.jpg 300w, https:\/\/loudavymkrokem.cz\/wp-content\/uploads\/2026\/08\/pisek-myska-herna-bazenek-s-micky-700x467.jpg 700w, https:\/\/loudavymkrokem.cz\/wp-content\/uploads\/2026\/08\/pisek-myska-herna-bazenek-s-micky-768x512.jpg 768w, https:\/\/loudavymkrokem.cz\/wp-content\/uploads\/2026\/08\/pisek-myska-herna-bazenek-s-micky-1536x1024.jpg 1536w, https:\/\/loudavymkrokem.cz\/wp-content\/uploads\/2026\/08\/pisek-myska-herna-bazenek-s-micky-2048x1366.jpg 2048w, https:\/\/loudavymkrokem.cz\/wp-content\/uploads\/2026\/08\/pisek-myska-herna-bazenek-s-micky-696x464.jpg 696w, https:\/\/loudavymkrokem.cz\/wp-content\/uploads\/2026\/08\/pisek-myska-herna-bazenek-s-micky-1392x928.jpg 1392w, https:\/\/loudavymkrokem.cz\/wp-content\/uploads\/2026\/08\/pisek-myska-herna-bazenek-s-micky-1920x1280.jpg 1920w\" sizes=\"(max-width: 2200px) 100vw, 2200px\" \/><button\n\t\t\tclass=\"lightbox-trigger\"\n\t\t\ttype=\"button\"\n\t\t\taria-haspopup=\"dialog\"\n\t\t\tdata-wp-bind--aria-label=\"state.thisImage.triggerButtonAriaLabel\"\n\t\t\tdata-wp-init=\"callbacks.initTriggerButton\"\n\t\t\tdata-wp-on--click=\"actions.showLightbox\"\n\t\t\tdata-wp-style--right=\"state.thisImage.buttonRight\"\n\t\t\tdata-wp-style--top=\"state.thisImage.buttonTop\"\n\t\t>\n\t\t\t<svg xmlns=\"http:\/\/www.w3.org\/2000\/svg\" width=\"12\" height=\"12\" fill=\"none\" viewBox=\"0 0 12 12\">\n\t\t\t\t<path fill=\"#fff\" d=\"M2 0a2 2 0 0 0-2 2v2h1.5V2a.5.5 0 0 1 .5-.5h2V0H2Zm2 10.5H2a.5.5 0 0 1-.5-.5V8H0v2a2 2 0 0 0 2 2h2v-1.5ZM8 12v-1.5h2a.5.5 0 0 0 .5-.5V8H12v2a2 2 0 0 1-2 2H8Zm2-12a2 2 0 0 1 2 2v2h-1.5V2a.5.5 0 0 0-.5-.5H8V0h2Z\" \/>\n\t\t\t<\/svg>\n\t\t<\/button><\/figure>\n\n\n\n<p class=\"wp-block-paragraph\">Este \u00e9, disparado, <strong>o maior espa\u00e7o de recrea\u00e7\u00e3o coberto de P\u00edsek<\/strong>, que voc\u00ea encontra na rua V Porty\u010di (n\u00ba 450), e n\u00f3s, fam\u00edlias locais, vamos para l\u00e1 com bastante frequ\u00eancia, principalmente quando l\u00e1 fora est\u00e1 caindo o mundo. No espa\u00e7o h\u00e1 enormes trepa-trepa, escorregadores, um grande trampolim e um monte de blocos de espuma com os quais as crian\u00e7as montam cabanas.<\/p>\n\n\n\n<p class=\"wp-block-paragraph\">O espa\u00e7o \u00e9 voltado principalmente para <strong>crian\u00e7as at\u00e9 10 anos<\/strong>, mas gra\u00e7as a brinquedos especiais at\u00e9 os beb\u00eas menores se divertem, pois t\u00eam um ambiente seguro preparado. Enquanto isso os pais podem sentar na \u00e1rea de caf\u00e9, tomar um cafezinho e manter as crian\u00e7as sempre \u00e0 vista.<\/p>\n\n\n\n<p class=\"wp-block-paragraph\">O ingresso depende do tempo passado no espa\u00e7o: uma hora para a crian\u00e7a sai por 84 CZK (cerca de R$ 20), mas por 129 CZK (cerca de R$ 30) voc\u00ea pode ficar tranquilamente o dia inteiro. Beb\u00eas de at\u00e9 um ano pagam s\u00f3 49 CZK (cerca de R$ 10) e o acompanhante adulto simb\u00f3licos 50 CZK (cerca de R$ 10), o que torna a My\u0161ka uma divers\u00e3o muito acess\u00edvel.<\/p>\n\n\n\n<p class=\"wp-block-paragraph\">Sejamos honestos: <strong>os equipamentos j\u00e1 est\u00e3o bem desatualizados<\/strong> e nada aqui tem cheiro de novo. Mesmo assim, continua sendo o maior espa\u00e7o de recrea\u00e7\u00e3o de P\u00edsek, e \u00e9 exatamente por isso que continuamos indo. Em nenhum outro lugar da cidade as crian\u00e7as t\u00eam tanto espa\u00e7o para correr.<\/p>\n\n\n\n<h3 class=\"wp-block-heading\"><span class=\"ez-toc-section\" id=\"2_Sladovna_%E2%80%93_exposicao_Pilariste\"><\/span>2. Sladovna \u2013 exposi\u00e7\u00e3o Pila\u0159i\u0161t\u011b<span class=\"ez-toc-section-end\"><\/span><\/h3>\n\n\n\n<figure data-wp-context=\"{&quot;imageId&quot;:&quot;6a95632412e4a&quot;}\" data-wp-interactive=\"core\/image\" data-wp-key=\"6a95632412e4a\" class=\"wp-block-image size-full wp-lightbox-container\"><img decoding=\"async\" width=\"2200\" height=\"1457\" data-wp-class--hide=\"state.isContentHidden\" data-wp-class--show=\"state.isContentVisible\" data-wp-init=\"callbacks.setButtonStyles\" data-wp-on--click=\"actions.showLightbox\" data-wp-on--load=\"callbacks.setButtonStyles\" data-wp-on--pointerdown=\"actions.preloadImage\" data-wp-on--pointerenter=\"actions.preloadImageWithDelay\" data-wp-on--pointerleave=\"actions.cancelPreload\" data-wp-on-window--resize=\"callbacks.setButtonStyles\" src=\"https:\/\/loudavymkrokem.cz\/wp-content\/uploads\/2026\/08\/sladovna-pisek-pilariste-expozice.jpg\" alt=\"Exposi\u00e7\u00e3o Pila\u0159i\u0161t\u011b na Sladovna P\u00edsek\" class=\"wp-image-399622\" title=\"\" srcset=\"https:\/\/loudavymkrokem.cz\/wp-content\/uploads\/2026\/08\/sladovna-pisek-pilariste-expozice.jpg 2200w, https:\/\/loudavymkrokem.cz\/wp-content\/uploads\/2026\/08\/sladovna-pisek-pilariste-expozice-300x199.jpg 300w, https:\/\/loudavymkrokem.cz\/wp-content\/uploads\/2026\/08\/sladovna-pisek-pilariste-expozice-700x464.jpg 700w, https:\/\/loudavymkrokem.cz\/wp-content\/uploads\/2026\/08\/sladovna-pisek-pilariste-expozice-768x509.jpg 768w, https:\/\/loudavymkrokem.cz\/wp-content\/uploads\/2026\/08\/sladovna-pisek-pilariste-expozice-1536x1017.jpg 1536w, https:\/\/loudavymkrokem.cz\/wp-content\/uploads\/2026\/08\/sladovna-pisek-pilariste-expozice-2048x1356.jpg 2048w, https:\/\/loudavymkrokem.cz\/wp-content\/uploads\/2026\/08\/sladovna-pisek-pilariste-expozice-696x461.jpg 696w, https:\/\/loudavymkrokem.cz\/wp-content\/uploads\/2026\/08\/sladovna-pisek-pilariste-expozice-1392x922.jpg 1392w, https:\/\/loudavymkrokem.cz\/wp-content\/uploads\/2026\/08\/sladovna-pisek-pilariste-expozice-1920x1272.jpg 1920w\" sizes=\"(max-width: 2200px) 100vw, 2200px\" \/><button\n\t\t\tclass=\"lightbox-trigger\"\n\t\t\ttype=\"button\"\n\t\t\taria-haspopup=\"dialog\"\n\t\t\tdata-wp-bind--aria-label=\"state.thisImage.triggerButtonAriaLabel\"\n\t\t\tdata-wp-init=\"callbacks.initTriggerButton\"\n\t\t\tdata-wp-on--click=\"actions.showLightbox\"\n\t\t\tdata-wp-style--right=\"state.thisImage.buttonRight\"\n\t\t\tdata-wp-style--top=\"state.thisImage.buttonTop\"\n\t\t>\n\t\t\t<svg xmlns=\"http:\/\/www.w3.org\/2000\/svg\" width=\"12\" height=\"12\" fill=\"none\" viewBox=\"0 0 12 12\">\n\t\t\t\t<path fill=\"#fff\" d=\"M2 0a2 2 0 0 0-2 2v2h1.5V2a.5.5 0 0 1 .5-.5h2V0H2Zm2 10.5H2a.5.5 0 0 1-.5-.5V8H0v2a2 2 0 0 0 2 2h2v-1.5ZM8 12v-1.5h2a.5.5 0 0 0 .5-.5V8H12v2a2 2 0 0 1-2 2H8Zm2-12a2 2 0 0 1 2 2v2h-1.5V2a.5.5 0 0 0-.5-.5H8V0h2Z\" \/>\n\t\t\t<\/svg>\n\t\t<\/button><\/figure>\n\n\n\n<figure data-wp-context=\"{&quot;imageId&quot;:&quot;6a956324131f5&quot;}\" data-wp-interactive=\"core\/image\" data-wp-key=\"6a956324131f5\" class=\"wp-block-image size-full wp-lightbox-container\"><img decoding=\"async\" width=\"2200\" height=\"1467\" data-wp-class--hide=\"state.isContentHidden\" data-wp-class--show=\"state.isContentVisible\" data-wp-init=\"callbacks.setButtonStyles\" data-wp-on--click=\"actions.showLightbox\" data-wp-on--load=\"callbacks.setButtonStyles\" data-wp-on--pointerdown=\"actions.preloadImage\" data-wp-on--pointerenter=\"actions.preloadImageWithDelay\" data-wp-on--pointerleave=\"actions.cancelPreload\" data-wp-on-window--resize=\"callbacks.setButtonStyles\" src=\"https:\/\/loudavymkrokem.cz\/wp-content\/uploads\/2026\/08\/pisek-sladovna.jpg\" alt=\"Sladovna P\u00edsek, galeria l\u00fadica para crian\u00e7as\" class=\"wp-image-399379\" title=\"\" srcset=\"https:\/\/loudavymkrokem.cz\/wp-content\/uploads\/2026\/08\/pisek-sladovna.jpg 2200w, https:\/\/loudavymkrokem.cz\/wp-content\/uploads\/2026\/08\/pisek-sladovna-300x200.jpg 300w, https:\/\/loudavymkrokem.cz\/wp-content\/uploads\/2026\/08\/pisek-sladovna-700x467.jpg 700w, https:\/\/loudavymkrokem.cz\/wp-content\/uploads\/2026\/08\/pisek-sladovna-768x512.jpg 768w, https:\/\/loudavymkrokem.cz\/wp-content\/uploads\/2026\/08\/pisek-sladovna-1536x1024.jpg 1536w, https:\/\/loudavymkrokem.cz\/wp-content\/uploads\/2026\/08\/pisek-sladovna-2048x1366.jpg 2048w, https:\/\/loudavymkrokem.cz\/wp-content\/uploads\/2026\/08\/pisek-sladovna-696x464.jpg 696w, https:\/\/loudavymkrokem.cz\/wp-content\/uploads\/2026\/08\/pisek-sladovna-1392x928.jpg 1392w, https:\/\/loudavymkrokem.cz\/wp-content\/uploads\/2026\/08\/pisek-sladovna-1920x1280.jpg 1920w\" sizes=\"(max-width: 2200px) 100vw, 2200px\" \/><button\n\t\t\tclass=\"lightbox-trigger\"\n\t\t\ttype=\"button\"\n\t\t\taria-haspopup=\"dialog\"\n\t\t\tdata-wp-bind--aria-label=\"state.thisImage.triggerButtonAriaLabel\"\n\t\t\tdata-wp-init=\"callbacks.initTriggerButton\"\n\t\t\tdata-wp-on--click=\"actions.showLightbox\"\n\t\t\tdata-wp-style--right=\"state.thisImage.buttonRight\"\n\t\t\tdata-wp-style--top=\"state.thisImage.buttonTop\"\n\t\t>\n\t\t\t<svg xmlns=\"http:\/\/www.w3.org\/2000\/svg\" width=\"12\" height=\"12\" fill=\"none\" viewBox=\"0 0 12 12\">\n\t\t\t\t<path fill=\"#fff\" d=\"M2 0a2 2 0 0 0-2 2v2h1.5V2a.5.5 0 0 1 .5-.5h2V0H2Zm2 10.5H2a.5.5 0 0 1-.5-.5V8H0v2a2 2 0 0 0 2 2h2v-1.5ZM8 12v-1.5h2a.5.5 0 0 0 .5-.5V8H12v2a2 2 0 0 1-2 2H8Zm2-12a2 2 0 0 1 2 2v2h-1.5V2a.5.5 0 0 0-.5-.5H8V0h2Z\" \/>\n\t\t\t<\/svg>\n\t\t<\/button><\/figure>\n\n\n\n<p class=\"wp-block-paragraph\">A <a href=\"https:\/\/www.sladovna.cz\" target=\"_blank\" rel=\"nofollow noopener\">Sladovna<\/a>, que funciona como uma enorme galeria l\u00fadica, \u00e9 <strong>algo totalmente \u00fanico e o orgulho de P\u00edsek<\/strong>, que voc\u00ea n\u00e3o pode deixar de conhecer. A parte chamada Pila\u0159i\u0161t\u011b foi criada especialmente para as crian\u00e7as menores, do nascimento aos seis anos, que podem descobrir o mundo com seguran\u00e7a por meio de cores, sons e sensa\u00e7\u00f5es t\u00e1teis.<\/p>\n\n\n\n<p class=\"wp-block-paragraph\">O espa\u00e7o \u00e9 inspirado na obra do ilustrador Radek Pila\u0159 e <strong>as crian\u00e7as podem engatinhar, entrar em esconderijos macios<\/strong> e brincar com elementos interativos. Dada a enorme popularidade da Sladovna entre os turistas de fora, recomendo verificar os hor\u00e1rios dispon\u00edveis e comprar os ingressos online com anteced\u00eancia.<\/p>\n\n\n\n<p class=\"wp-block-paragraph\">As entradas no Pila\u0159i\u0161t\u011b acontecem em <strong>blocos de hor\u00e1rio reservados de 90 minutos<\/strong>, para n\u00e3o ficar lotado l\u00e1 dentro, e o ingresso b\u00e1sico para 2026 \u00e9 de 120 CZK por pessoa (cerca de R$ 30). Crian\u00e7as de at\u00e9 um ano entram de gra\u00e7a e os carrinhos voc\u00ea estaciona sem problema no grande guarda-volumes do t\u00e9rreo.<\/p>\n\n\n\n<h3 class=\"wp-block-heading\"><span class=\"ez-toc-section\" id=\"3_Sladovna_%E2%80%93_exposicao_Mraveniste\"><\/span>3. Sladovna \u2013 exposi\u00e7\u00e3o Mraveni\u0161t\u011b<span class=\"ez-toc-section-end\"><\/span><\/h3>\n\n\n\n<p class=\"wp-block-paragraph\">Enquanto o Pila\u0159i\u0161t\u011b \u00e9 para os pequenininhos, as crian\u00e7as maiores, a partir de tr\u00eas anos, v\u00e3o ficar <strong>absolutamente encantadas com o gigante Mraveni\u0161t\u011b<\/strong> (&#8220;formigueiro&#8221;), que fica no andar superior da Sladovna. \u00c9 um enorme labirinto de madeira cheio de t\u00faneis, pontes e trepa-trepa, onde as crian\u00e7as viram por um instante pequenas formigas e exploram o complexo sistema de corredores.<\/p>\n\n\n\n<p class=\"wp-block-paragraph\">Os visitantes entram no Mraveni\u0161t\u011b <strong>em intervalos de meia hora<\/strong>, para n\u00e3o formar congestionamento nos t\u00faneis estreitos, e o acesso est\u00e1 inclu\u00eddo no ingresso das exposi\u00e7\u00f5es principais (150 CZK, cerca de R$ 35; crian\u00e7as at\u00e9 3 anos de gra\u00e7a). Elas mudam regularmente, ent\u00e3o mesmo que voc\u00ea venha a P\u00edsek pela en\u00e9sima vez, sempre vai encontrar algo novo.<\/p>\n\n\n\n<p class=\"wp-block-paragraph\">Se quiser descansar durante a visita, <strong>no foyer h\u00e1 uma m\u00e1quina de caf\u00e9<\/strong>, ou voc\u00ea pode ir direto ao vizinho Balz\u00e1m Caf\u00e9. O ingresso familiar para as exposi\u00e7\u00f5es principais sai por cerca de 500 a 600 CZK (cerca de R$ 125 a R$ 150), o que, por todas aquelas horas de divers\u00e3o de qualidade, vale muito a pena.<\/p>\n\n\n\n<h3 class=\"wp-block-heading\"><span class=\"ez-toc-section\" id=\"4_Fazole_%E2%80%93_oficinas_Montessori\"><\/span>4. Fazole \u2013 oficinas Montessori<span class=\"ez-toc-section-end\"><\/span><\/h3>\n\n\n\n<figure data-wp-context=\"{&quot;imageId&quot;:&quot;6a956324137fe&quot;}\" data-wp-interactive=\"core\/image\" data-wp-key=\"6a956324137fe\" class=\"wp-block-image size-full wp-lightbox-container\"><img decoding=\"async\" width=\"1600\" height=\"1067\" data-wp-class--hide=\"state.isContentHidden\" data-wp-class--show=\"state.isContentVisible\" data-wp-init=\"callbacks.setButtonStyles\" data-wp-on--click=\"actions.showLightbox\" data-wp-on--load=\"callbacks.setButtonStyles\" data-wp-on--pointerdown=\"actions.preloadImage\" data-wp-on--pointerenter=\"actions.preloadImageWithDelay\" data-wp-on--pointerleave=\"actions.cancelPreload\" data-wp-on-window--resize=\"callbacks.setButtonStyles\" src=\"https:\/\/loudavymkrokem.cz\/wp-content\/uploads\/2026\/08\/fazole-montessori-pomucky-pisek.jpg\" alt=\"Materiais Montessori nas oficinas Fazole em P\u00edsek\" class=\"wp-image-399691\" title=\"\" srcset=\"https:\/\/loudavymkrokem.cz\/wp-content\/uploads\/2026\/08\/fazole-montessori-pomucky-pisek.jpg 1600w, https:\/\/loudavymkrokem.cz\/wp-content\/uploads\/2026\/08\/fazole-montessori-pomucky-pisek-300x200.jpg 300w, https:\/\/loudavymkrokem.cz\/wp-content\/uploads\/2026\/08\/fazole-montessori-pomucky-pisek-700x467.jpg 700w, https:\/\/loudavymkrokem.cz\/wp-content\/uploads\/2026\/08\/fazole-montessori-pomucky-pisek-768x512.jpg 768w, https:\/\/loudavymkrokem.cz\/wp-content\/uploads\/2026\/08\/fazole-montessori-pomucky-pisek-1536x1024.jpg 1536w, https:\/\/loudavymkrokem.cz\/wp-content\/uploads\/2026\/08\/fazole-montessori-pomucky-pisek-696x464.jpg 696w, https:\/\/loudavymkrokem.cz\/wp-content\/uploads\/2026\/08\/fazole-montessori-pomucky-pisek-1392x928.jpg 1392w\" sizes=\"(max-width: 1600px) 100vw, 1600px\" \/><button\n\t\t\tclass=\"lightbox-trigger\"\n\t\t\ttype=\"button\"\n\t\t\taria-haspopup=\"dialog\"\n\t\t\tdata-wp-bind--aria-label=\"state.thisImage.triggerButtonAriaLabel\"\n\t\t\tdata-wp-init=\"callbacks.initTriggerButton\"\n\t\t\tdata-wp-on--click=\"actions.showLightbox\"\n\t\t\tdata-wp-style--right=\"state.thisImage.buttonRight\"\n\t\t\tdata-wp-style--top=\"state.thisImage.buttonTop\"\n\t\t>\n\t\t\t<svg xmlns=\"http:\/\/www.w3.org\/2000\/svg\" width=\"12\" height=\"12\" fill=\"none\" viewBox=\"0 0 12 12\">\n\t\t\t\t<path fill=\"#fff\" d=\"M2 0a2 2 0 0 0-2 2v2h1.5V2a.5.5 0 0 1 .5-.5h2V0H2Zm2 10.5H2a.5.5 0 0 1-.5-.5V8H0v2a2 2 0 0 0 2 2h2v-1.5ZM8 12v-1.5h2a.5.5 0 0 0 .5-.5V8H12v2a2 2 0 0 1-2 2H8Zm2-12a2 2 0 0 1 2 2v2h-1.5V2a.5.5 0 0 0-.5-.5H8V0h2Z\" \/>\n\t\t\t<\/svg>\n\t\t<\/button><\/figure>\n\n\n\n<p class=\"wp-block-paragraph\">Para pais de beb\u00eas de um a tr\u00eas anos, funcionam em P\u00edsek as <strong>lindas oficinas Montessori Fazole<\/strong>, conduzidas por educadoras com foco em uma abordagem respeitosa. Ali, num ambiente especialmente preparado, as crian\u00e7as podem experimentar o trabalho com materiais Montessori, treinar a coordena\u00e7\u00e3o motora fina e aprender autonomia.<\/p>\n\n\n\n<p class=\"wp-block-paragraph\">As oficinas abertas ao p\u00fablico acontecem <strong>geralmente nas quintas de manh\u00e3<\/strong>, mas como a capacidade \u00e9 limitada a no m\u00e1ximo seis crian\u00e7as, voc\u00ea precisa sempre reservar seu lugar com anteced\u00eancia. O ingresso custa 200 CZK por uma manh\u00e3 (cerca de R$ 50) e o pre\u00e7o inclui at\u00e9 um lanchinho saud\u00e1vel para as crian\u00e7as.<\/p>\n\n\n\n<p class=\"wp-block-paragraph\">S\u00f3 tome cuidado com o endere\u00e7o certo, porque <strong>alguns sites mais antigos indicam a rua Sedl\u00e1\u010dkova<\/strong>, mas atualmente as oficinas abertas ao p\u00fablico devem acontecer na rua Karlova. Melhor confirmar no site deles antes de ir.<\/p>\n\n\n\n<h3 class=\"wp-block-heading\"><span class=\"ez-toc-section\" id=\"5_Hernajs\"><\/span>5. Hernajs<span class=\"ez-toc-section-end\"><\/span><\/h3>\n\n\n\n<figure data-wp-context=\"{&quot;imageId&quot;:&quot;6a95632413cae&quot;}\" data-wp-interactive=\"core\/image\" data-wp-key=\"6a95632413cae\" class=\"wp-block-image size-full wp-lightbox-container\"><img decoding=\"async\" width=\"2200\" height=\"1455\" data-wp-class--hide=\"state.isContentHidden\" data-wp-class--show=\"state.isContentVisible\" data-wp-init=\"callbacks.setButtonStyles\" data-wp-on--click=\"actions.showLightbox\" data-wp-on--load=\"callbacks.setButtonStyles\" data-wp-on--pointerdown=\"actions.preloadImage\" data-wp-on--pointerenter=\"actions.preloadImageWithDelay\" data-wp-on--pointerleave=\"actions.cancelPreload\" data-wp-on-window--resize=\"callbacks.setButtonStyles\" src=\"https:\/\/loudavymkrokem.cz\/wp-content\/uploads\/2026\/08\/pisek-hernajs-hernicka-az-na-pudu.jpg\" alt=\"Espa\u00e7o de recrea\u00e7\u00e3o Hernajs em P\u00edsek\" class=\"wp-image-399527\" title=\"\" srcset=\"https:\/\/loudavymkrokem.cz\/wp-content\/uploads\/2026\/08\/pisek-hernajs-hernicka-az-na-pudu.jpg 2200w, https:\/\/loudavymkrokem.cz\/wp-content\/uploads\/2026\/08\/pisek-hernajs-hernicka-az-na-pudu-300x198.jpg 300w, https:\/\/loudavymkrokem.cz\/wp-content\/uploads\/2026\/08\/pisek-hernajs-hernicka-az-na-pudu-700x463.jpg 700w, https:\/\/loudavymkrokem.cz\/wp-content\/uploads\/2026\/08\/pisek-hernajs-hernicka-az-na-pudu-768x508.jpg 768w, https:\/\/loudavymkrokem.cz\/wp-content\/uploads\/2026\/08\/pisek-hernajs-hernicka-az-na-pudu-1536x1016.jpg 1536w, https:\/\/loudavymkrokem.cz\/wp-content\/uploads\/2026\/08\/pisek-hernajs-hernicka-az-na-pudu-2048x1354.jpg 2048w, https:\/\/loudavymkrokem.cz\/wp-content\/uploads\/2026\/08\/pisek-hernajs-hernicka-az-na-pudu-696x460.jpg 696w, https:\/\/loudavymkrokem.cz\/wp-content\/uploads\/2026\/08\/pisek-hernajs-hernicka-az-na-pudu-1392x921.jpg 1392w, https:\/\/loudavymkrokem.cz\/wp-content\/uploads\/2026\/08\/pisek-hernajs-hernicka-az-na-pudu-1920x1270.jpg 1920w\" sizes=\"(max-width: 2200px) 100vw, 2200px\" \/><button\n\t\t\tclass=\"lightbox-trigger\"\n\t\t\ttype=\"button\"\n\t\t\taria-haspopup=\"dialog\"\n\t\t\tdata-wp-bind--aria-label=\"state.thisImage.triggerButtonAriaLabel\"\n\t\t\tdata-wp-init=\"callbacks.initTriggerButton\"\n\t\t\tdata-wp-on--click=\"actions.showLightbox\"\n\t\t\tdata-wp-style--right=\"state.thisImage.buttonRight\"\n\t\t\tdata-wp-style--top=\"state.thisImage.buttonTop\"\n\t\t>\n\t\t\t<svg xmlns=\"http:\/\/www.w3.org\/2000\/svg\" width=\"12\" height=\"12\" fill=\"none\" viewBox=\"0 0 12 12\">\n\t\t\t\t<path fill=\"#fff\" d=\"M2 0a2 2 0 0 0-2 2v2h1.5V2a.5.5 0 0 1 .5-.5h2V0H2Zm2 10.5H2a.5.5 0 0 1-.5-.5V8H0v2a2 2 0 0 0 2 2h2v-1.5ZM8 12v-1.5h2a.5.5 0 0 0 .5-.5V8H12v2a2 2 0 0 1-2 2H8Zm2-12a2 2 0 0 1 2 2v2h-1.5V2a.5.5 0 0 0-.5-.5H8V0h2Z\" \/>\n\t\t\t<\/svg>\n\t\t<\/button><\/figure>\n\n\n\n<p class=\"wp-block-paragraph\">O Hernajs fica na rua Jungmannova, no mesmo pr\u00e9dio do caf\u00e9 A\u017e na p\u016fdu. <strong>Mas o espa\u00e7o de recrea\u00e7\u00e3o n\u00e3o pertence ao caf\u00e9<\/strong>, \u00e9 um neg\u00f3cio independente \u2014 s\u00f3 t\u00eam a entrada em comum, e voc\u00ea pode levar o caf\u00e9 l\u00e1 para cima para junto das crian\u00e7as.<\/p>\n\n\n\n<p class=\"wp-block-paragraph\">\u00c9 um <strong>pequeno espa\u00e7o no andar de cima<\/strong>, com brinquedos de madeira: cozinha, casa de bonecas, instrumentos musicais para os menores. N\u00f3s v\u00ednhamos aqui com o Jon\u00e1\u0161ek principalmente entre o primeiro e o segundo ano. Assim que ele come\u00e7ou a se movimentar mais, passamos a vir menos, porque simplesmente n\u00e3o h\u00e1 espa\u00e7o para correr.<\/p>\n\n\n\n<p class=\"wp-block-paragraph\">No <a href=\"https:\/\/www.instagram.com\/her.najs\/\" target=\"_blank\" rel=\"nofollow noopener\">Instagram @her.najs<\/a> voc\u00ea encontra informa\u00e7\u00f5es sobre atividades, oficininhas e brincadeiras sensoriais. A programa\u00e7\u00e3o, por\u00e9m, muda bastante e muitas vezes as atividades acabam n\u00e3o acontecendo, ent\u00e3o melhor confirmar sempre a data antes. Eles n\u00e3o t\u00eam tabela de pre\u00e7os p\u00fablica.<\/p>\n\n\n\n<h3 class=\"wp-block-heading\"><span class=\"ez-toc-section\" id=\"6_Mini_Academy_Pisek\"><\/span>6. Mini Academy P\u00edsek<span class=\"ez-toc-section-end\"><\/span><\/h3>\n\n\n\n<p class=\"wp-block-paragraph\">Outro lugar interessante para as fam\u00edlias \u00e9 a Mini Academy, na rua Pra\u017esk\u00e1, que se <strong>concentra sobretudo em atividades para crian\u00e7as<\/strong> e cursos organizados. Oferece muita coisa (a lista completa das atividades de P\u00edsek por idade est\u00e1 em <a href=\"https:\/\/pisek.info\/deti\/krouzky\" target=\"_blank\" rel=\"noopener\">pisek.info<\/a>), desde as populares brincadeiras para beb\u00eas de at\u00e9 dois anos, passando pela adorada estimula\u00e7\u00e3o sensorial, at\u00e9 atividades modernas como o Hobby Horse ou a gin\u00e1stica.<\/p>\n\n\n\n<p class=\"wp-block-paragraph\">Trata-se principalmente de atividades regulares, e n\u00e3o de recrea\u00e7\u00e3o livre, ent\u00e3o confirme os hor\u00e1rios e pre\u00e7os diretamente com eles por telefone ou pelo site \u2014 e, ali\u00e1s, d\u00e1 para alugar o espa\u00e7o tamb\u00e9m para festa de anivers\u00e1rio.<\/p>\n\n\n\n<p class=\"wp-block-paragraph\">\ud83d\udca1 <strong>Dica:<\/strong> as col\u00f4nias de f\u00e9rias diurnas nas f\u00e9rias escolares s\u00e3o organizadas pela Laser Ar\u00e9na (veja a pr\u00f3xima dica); na Mini Academy pergunte pela programa\u00e7\u00e3o atual.<\/p>\n\n\n\n<h3 class=\"wp-block-heading\"><span class=\"ez-toc-section\" id=\"7_Laser_Arena_Pisek_Game_Cafe_Bar\"><\/span>7. Laser Ar\u00e9na P\u00edsek &amp; Game Caf\u00e9 Bar<span class=\"ez-toc-section-end\"><\/span><\/h3>\n\n\n\n<figure data-wp-context=\"{&quot;imageId&quot;:&quot;6a956324142d2&quot;}\" data-wp-interactive=\"core\/image\" data-wp-key=\"6a956324142d2\" class=\"wp-block-image size-full wp-lightbox-container\"><img decoding=\"async\" width=\"2000\" height=\"1333\" data-wp-class--hide=\"state.isContentHidden\" data-wp-class--show=\"state.isContentVisible\" data-wp-init=\"callbacks.setButtonStyles\" data-wp-on--click=\"actions.showLightbox\" data-wp-on--load=\"callbacks.setButtonStyles\" data-wp-on--pointerdown=\"actions.preloadImage\" data-wp-on--pointerenter=\"actions.preloadImageWithDelay\" data-wp-on--pointerleave=\"actions.cancelPreload\" data-wp-on-window--resize=\"callbacks.setButtonStyles\" src=\"https:\/\/loudavymkrokem.cz\/wp-content\/uploads\/2026\/08\/laser-arena-pisek.jpg\" alt=\"Laser game na Laser Ar\u00e9na P\u00edsek\" class=\"wp-image-399679\" title=\"\" srcset=\"https:\/\/loudavymkrokem.cz\/wp-content\/uploads\/2026\/08\/laser-arena-pisek.jpg 2000w, https:\/\/loudavymkrokem.cz\/wp-content\/uploads\/2026\/08\/laser-arena-pisek-300x200.jpg 300w, https:\/\/loudavymkrokem.cz\/wp-content\/uploads\/2026\/08\/laser-arena-pisek-700x467.jpg 700w, https:\/\/loudavymkrokem.cz\/wp-content\/uploads\/2026\/08\/laser-arena-pisek-768x512.jpg 768w, https:\/\/loudavymkrokem.cz\/wp-content\/uploads\/2026\/08\/laser-arena-pisek-1536x1024.jpg 1536w, https:\/\/loudavymkrokem.cz\/wp-content\/uploads\/2026\/08\/laser-arena-pisek-696x464.jpg 696w, https:\/\/loudavymkrokem.cz\/wp-content\/uploads\/2026\/08\/laser-arena-pisek-1392x928.jpg 1392w, https:\/\/loudavymkrokem.cz\/wp-content\/uploads\/2026\/08\/laser-arena-pisek-1920x1280.jpg 1920w\" sizes=\"(max-width: 2000px) 100vw, 2000px\" \/><button\n\t\t\tclass=\"lightbox-trigger\"\n\t\t\ttype=\"button\"\n\t\t\taria-haspopup=\"dialog\"\n\t\t\tdata-wp-bind--aria-label=\"state.thisImage.triggerButtonAriaLabel\"\n\t\t\tdata-wp-init=\"callbacks.initTriggerButton\"\n\t\t\tdata-wp-on--click=\"actions.showLightbox\"\n\t\t\tdata-wp-style--right=\"state.thisImage.buttonRight\"\n\t\t\tdata-wp-style--top=\"state.thisImage.buttonTop\"\n\t\t>\n\t\t\t<svg xmlns=\"http:\/\/www.w3.org\/2000\/svg\" width=\"12\" height=\"12\" fill=\"none\" viewBox=\"0 0 12 12\">\n\t\t\t\t<path fill=\"#fff\" d=\"M2 0a2 2 0 0 0-2 2v2h1.5V2a.5.5 0 0 1 .5-.5h2V0H2Zm2 10.5H2a.5.5 0 0 1-.5-.5V8H0v2a2 2 0 0 0 2 2h2v-1.5ZM8 12v-1.5h2a.5.5 0 0 0 .5-.5V8H12v2a2 2 0 0 1-2 2H8Zm2-12a2 2 0 0 1 2 2v2h-1.5V2a.5.5 0 0 0-.5-.5H8V0h2Z\" \/>\n\t\t\t<\/svg>\n\t\t<\/button><\/figure>\n\n\n\n<p class=\"wp-block-paragraph\">Se na fam\u00edlia voc\u00ea tem tamb\u00e9m crian\u00e7as maiores ou adolescentes, leve-os ao centro comercial Luna, na pra\u00e7a Velk\u00e9 n\u00e1m\u011bst\u00ed, onde no terceiro andar se esconde uma <strong>Laser Ar\u00e9na sensacional<\/strong>. Para as crian\u00e7as menores, a partir de uns seis anos, vale a regra de que pode jogar todo mundo que consegue vestir o colete luminoso de jogo.<\/p>\n\n\n\n<p class=\"wp-block-paragraph\">Enquanto as crian\u00e7as maiores correm pela arena escura, voc\u00ea pode sentar no Game Caf\u00e9 Bar ao lado, que ainda por cima <strong>pensou nos beb\u00eas e foi equipado com um espa\u00e7o kids<\/strong> com trocador. Al\u00e9m do laser game, voc\u00ea encontra ali sinuca, pebolim, simulador de corrida e \u00f3culos de realidade virtual.<\/p>\n\n\n\n<p class=\"wp-block-paragraph\">O <strong>ingresso b\u00e1sico para uma partida de laser game custa 110 CZK<\/strong> (cerca de R$ 25), mas nos fins de semana e f\u00e9rias costuma ficar bem cheio, ent\u00e3o recomendo fazer reserva com anteced\u00eancia. Costumam abrir de sexta a domingo; nos dias \u00fateis, depende de combinar antes.<\/p>\n\n\n\n<h3 class=\"wp-block-heading\"><span class=\"ez-toc-section\" id=\"8_LezeTop_%E2%80%93_Centro_de_escalada_de_Pisek\"><\/span>8. LezeTop \u2013 Centro de escalada de P\u00edsek<span class=\"ez-toc-section-end\"><\/span><\/h3>\n\n\n\n<figure data-wp-context=\"{&quot;imageId&quot;:&quot;6a956324149f0&quot;}\" data-wp-interactive=\"core\/image\" data-wp-key=\"6a956324149f0\" class=\"wp-block-image size-full wp-lightbox-container\"><img decoding=\"async\" width=\"1280\" height=\"721\" data-wp-class--hide=\"state.isContentHidden\" data-wp-class--show=\"state.isContentVisible\" data-wp-init=\"callbacks.setButtonStyles\" data-wp-on--click=\"actions.showLightbox\" data-wp-on--load=\"callbacks.setButtonStyles\" data-wp-on--pointerdown=\"actions.preloadImage\" data-wp-on--pointerenter=\"actions.preloadImageWithDelay\" data-wp-on--pointerleave=\"actions.cancelPreload\" data-wp-on-window--resize=\"callbacks.setButtonStyles\" src=\"https:\/\/loudavymkrokem.cz\/wp-content\/uploads\/2026\/08\/lezetop-lezecke-centrum-pisek.jpg\" alt=\"Parede de escalada no centro LezeTop P\u00edsek\" class=\"wp-image-399686\" title=\"\" srcset=\"https:\/\/loudavymkrokem.cz\/wp-content\/uploads\/2026\/08\/lezetop-lezecke-centrum-pisek.jpg 1280w, https:\/\/loudavymkrokem.cz\/wp-content\/uploads\/2026\/08\/lezetop-lezecke-centrum-pisek-300x169.jpg 300w, https:\/\/loudavymkrokem.cz\/wp-content\/uploads\/2026\/08\/lezetop-lezecke-centrum-pisek-700x394.jpg 700w, https:\/\/loudavymkrokem.cz\/wp-content\/uploads\/2026\/08\/lezetop-lezecke-centrum-pisek-768x433.jpg 768w, https:\/\/loudavymkrokem.cz\/wp-content\/uploads\/2026\/08\/lezetop-lezecke-centrum-pisek-696x392.jpg 696w\" sizes=\"(max-width: 1280px) 100vw, 1280px\" \/><button\n\t\t\tclass=\"lightbox-trigger\"\n\t\t\ttype=\"button\"\n\t\t\taria-haspopup=\"dialog\"\n\t\t\tdata-wp-bind--aria-label=\"state.thisImage.triggerButtonAriaLabel\"\n\t\t\tdata-wp-init=\"callbacks.initTriggerButton\"\n\t\t\tdata-wp-on--click=\"actions.showLightbox\"\n\t\t\tdata-wp-style--right=\"state.thisImage.buttonRight\"\n\t\t\tdata-wp-style--top=\"state.thisImage.buttonTop\"\n\t\t>\n\t\t\t<svg xmlns=\"http:\/\/www.w3.org\/2000\/svg\" width=\"12\" height=\"12\" fill=\"none\" viewBox=\"0 0 12 12\">\n\t\t\t\t<path fill=\"#fff\" d=\"M2 0a2 2 0 0 0-2 2v2h1.5V2a.5.5 0 0 1 .5-.5h2V0H2Zm2 10.5H2a.5.5 0 0 1-.5-.5V8H0v2a2 2 0 0 0 2 2h2v-1.5ZM8 12v-1.5h2a.5.5 0 0 0 .5-.5V8H12v2a2 2 0 0 1-2 2H8Zm2-12a2 2 0 0 1 2 2v2h-1.5V2a.5.5 0 0 0-.5-.5H8V0h2Z\" \/>\n\t\t\t<\/svg>\n\t\t<\/button><\/figure>\n\n\n\n<p class=\"wp-block-paragraph\">Para todos os pequenos macaquinhos que em casa sobem nos m\u00f3veis, a visita ao <strong><a href=\"https:\/\/lezetop.cz\" target=\"_blank\" rel=\"nofollow noopener\">centro de escalada LezeTop<\/a><\/strong>, na rua U Vod\u00e1rny, \u00e9 absolutamente ideal. Eles t\u00eam uma enorme \u00e1rea de mais de 1.500 metros quadrados e mais de 150 vias de escalada de diferentes dificuldades.<\/p>\n\n\n\n<p class=\"wp-block-paragraph\">N\u00e3o precisa ter medo de vir mesmo com iniciantes totais, porque <strong>eles t\u00eam uma parede infantil especial e um boulder<\/strong>, onde at\u00e9 os menores experimentam a escalada com seguran\u00e7a, sem necessidade de encordoamento complicado. Todo o equipamento, incluindo sapatilhas pequenas, eles emprestam com prazer na recep\u00e7\u00e3o.<\/p>\n\n\n\n<p class=\"wp-block-paragraph\">O espa\u00e7o todo \u00e9 totalmente acess\u00edvel, ent\u00e3o voc\u00ea chega at\u00e9 de carrinho, e quando estiver esgotado de tanto escalar, pode sentar no bar, que tamb\u00e9m tem um pequeno espa\u00e7o kids. Abrem todos os dias, das dez da manh\u00e3 at\u00e9 a noite.<\/p>\n\n\n\n<h3 class=\"wp-block-heading\"><span class=\"ez-toc-section\" id=\"9_Estadio_aquatico\"><\/span>9. Est\u00e1dio aqu\u00e1tico<span class=\"ez-toc-section-end\"><\/span><\/h3>\n\n\n\n<p class=\"wp-block-paragraph\">Quando o tempo l\u00e1 fora est\u00e1 frio e \u00famido, o est\u00e1dio aqu\u00e1tico de P\u00edsek, na rua Ostrovn\u00ed, salva voc\u00ea com seguran\u00e7a \u2014 \u00e9 para l\u00e1 que as <strong>fam\u00edlias locais v\u00e3o nadar nos fins de semana<\/strong>. Para as crian\u00e7as h\u00e1 uma piscina infantil de nove por seis metros, com profundidade m\u00e1xima de noventa cent\u00edmetros, ent\u00e3o elas alcan\u00e7am o fundo facilmente.<\/p>\n\n\n\n<p class=\"wp-block-paragraph\">Enquanto as crian\u00e7as se molham na \u00e1gua morna, <strong>os adultos podem se revezar nas c\u00e2maras de vapor<\/strong>, que ficam bem ao lado da piscina. Nos meses de ver\u00e3o, d\u00e1 ainda para sair ao terra\u00e7o externo e pegar um bronze nas espregui\u00e7adeiras.<\/p>\n\n\n\n<p class=\"wp-block-paragraph\">Os pre\u00e7os dos ingressos mudam com frequ\u00eancia e <strong>no site eles t\u00eam uma tabela antiga de 2022<\/strong>, segundo a qual os adultos pagam 100 CZK (cerca de R$ 25) e as crian\u00e7as de at\u00e9 140 cent\u00edmetros 60 CZK (cerca de R$ 15) por duas horas. Melhor contar que na bilheteria os valores possam estar um pouco mais altos. Abrem todos os dias, mas nos fins de semana s\u00f3 \u00e0 tarde.<\/p>\n\n\n\n<h3 class=\"wp-block-heading\"><span class=\"ez-toc-section\" id=\"10_Centro_de_cuidados_a_mae_e_a_crianca\"><\/span>10. Centro de cuidados \u00e0 m\u00e3e e \u00e0 crian\u00e7a<span class=\"ez-toc-section-end\"><\/span><\/h3>\n\n\n\n<p class=\"wp-block-paragraph\">Se voc\u00ea tem um beb\u00ea bem pequeno e quer curtir a \u00e1gua com ele num ambiente mais reservado, d\u00ea uma olhada na oferta do Centro de cuidados \u00e0 m\u00e3e e \u00e0 crian\u00e7a, na rua Erbenova. Eles t\u00eam ali uma <strong>piscininha infantil aquecida especial<\/strong>, na qual acontecem cursos de nata\u00e7\u00e3o para beb\u00eas e crian\u00e7as at\u00e9 seis anos de idade.<\/p>\n\n\n\n<p class=\"wp-block-paragraph\">Al\u00e9m da piscina, funciona no centro tamb\u00e9m um <strong>agrad\u00e1vel espa\u00e7o kids<\/strong>, onde as crian\u00e7as, depois da nata\u00e7\u00e3o, podem brincar e se aclimatar antes de sair. O centro foca principalmente em cursos regulares e fisioterapia, ent\u00e3o entradas avulsas precisam sempre ser consultadas por telefone.<\/p>\n\n\n\n<p class=\"wp-block-paragraph\">O hor\u00e1rio de funcionamento \u00e9 <strong>de segunda a sexta<\/strong> (seg\u2013qui 8h\u201318h, sex 8h\u201316h), mas para informa\u00e7\u00f5es precisas sobre vagas dispon\u00edveis e pre\u00e7os atuais recomendo ligar, porque essas informa\u00e7\u00f5es infelizmente faltam no site.<\/p>\n\n\n\n<h3 class=\"wp-block-heading\"><span class=\"ez-toc-section\" id=\"11_Biblioteca_municipal_e_cafe_Upekla\"><\/span>11. Biblioteca municipal e caf\u00e9 Upekla<span class=\"ez-toc-section-end\"><\/span><\/h3>\n\n\n\n<figure data-wp-context=\"{&quot;imageId&quot;:&quot;6a95632415474&quot;}\" data-wp-interactive=\"core\/image\" data-wp-key=\"6a95632415474\" class=\"wp-block-image size-full wp-lightbox-container\"><img decoding=\"async\" width=\"2200\" height=\"1650\" data-wp-class--hide=\"state.isContentHidden\" data-wp-class--show=\"state.isContentVisible\" data-wp-init=\"callbacks.setButtonStyles\" data-wp-on--click=\"actions.showLightbox\" data-wp-on--load=\"callbacks.setButtonStyles\" data-wp-on--pointerdown=\"actions.preloadImage\" data-wp-on--pointerenter=\"actions.preloadImageWithDelay\" data-wp-on--pointerleave=\"actions.cancelPreload\" data-wp-on-window--resize=\"callbacks.setButtonStyles\" src=\"https:\/\/loudavymkrokem.cz\/wp-content\/uploads\/2026\/08\/pisek-knihovna-vnitroblok-piskoviste-upekla.jpg\" alt=\"P\u00e1tio interno da Biblioteca Municipal de P\u00edsek com caixa de areia junto ao caf\u00e9 Upekla\" class=\"wp-image-399544\" title=\"\" srcset=\"https:\/\/loudavymkrokem.cz\/wp-content\/uploads\/2026\/08\/pisek-knihovna-vnitroblok-piskoviste-upekla.jpg 2200w, https:\/\/loudavymkrokem.cz\/wp-content\/uploads\/2026\/08\/pisek-knihovna-vnitroblok-piskoviste-upekla-300x225.jpg 300w, https:\/\/loudavymkrokem.cz\/wp-content\/uploads\/2026\/08\/pisek-knihovna-vnitroblok-piskoviste-upekla-700x525.jpg 700w, https:\/\/loudavymkrokem.cz\/wp-content\/uploads\/2026\/08\/pisek-knihovna-vnitroblok-piskoviste-upekla-768x576.jpg 768w, https:\/\/loudavymkrokem.cz\/wp-content\/uploads\/2026\/08\/pisek-knihovna-vnitroblok-piskoviste-upekla-1536x1152.jpg 1536w, https:\/\/loudavymkrokem.cz\/wp-content\/uploads\/2026\/08\/pisek-knihovna-vnitroblok-piskoviste-upekla-2048x1536.jpg 2048w, https:\/\/loudavymkrokem.cz\/wp-content\/uploads\/2026\/08\/pisek-knihovna-vnitroblok-piskoviste-upekla-80x60.jpg 80w, https:\/\/loudavymkrokem.cz\/wp-content\/uploads\/2026\/08\/pisek-knihovna-vnitroblok-piskoviste-upekla-160x120.jpg 160w, https:\/\/loudavymkrokem.cz\/wp-content\/uploads\/2026\/08\/pisek-knihovna-vnitroblok-piskoviste-upekla-696x522.jpg 696w, https:\/\/loudavymkrokem.cz\/wp-content\/uploads\/2026\/08\/pisek-knihovna-vnitroblok-piskoviste-upekla-1392x1044.jpg 1392w, https:\/\/loudavymkrokem.cz\/wp-content\/uploads\/2026\/08\/pisek-knihovna-vnitroblok-piskoviste-upekla-1920x1440.jpg 1920w\" sizes=\"(max-width: 2200px) 100vw, 2200px\" \/><button\n\t\t\tclass=\"lightbox-trigger\"\n\t\t\ttype=\"button\"\n\t\t\taria-haspopup=\"dialog\"\n\t\t\tdata-wp-bind--aria-label=\"state.thisImage.triggerButtonAriaLabel\"\n\t\t\tdata-wp-init=\"callbacks.initTriggerButton\"\n\t\t\tdata-wp-on--click=\"actions.showLightbox\"\n\t\t\tdata-wp-style--right=\"state.thisImage.buttonRight\"\n\t\t\tdata-wp-style--top=\"state.thisImage.buttonTop\"\n\t\t>\n\t\t\t<svg xmlns=\"http:\/\/www.w3.org\/2000\/svg\" width=\"12\" height=\"12\" fill=\"none\" viewBox=\"0 0 12 12\">\n\t\t\t\t<path fill=\"#fff\" d=\"M2 0a2 2 0 0 0-2 2v2h1.5V2a.5.5 0 0 1 .5-.5h2V0H2Zm2 10.5H2a.5.5 0 0 1-.5-.5V8H0v2a2 2 0 0 0 2 2h2v-1.5ZM8 12v-1.5h2a.5.5 0 0 0 .5-.5V8H12v2a2 2 0 0 1-2 2H8Zm2-12a2 2 0 0 1 2 2v2h-1.5V2a.5.5 0 0 0-.5-.5H8V0h2Z\" \/>\n\t\t\t<\/svg>\n\t\t<\/button><\/figure>\n\n\n\n<figure data-wp-context=\"{&quot;imageId&quot;:&quot;6a95632415996&quot;}\" data-wp-interactive=\"core\/image\" data-wp-key=\"6a95632415996\" class=\"wp-block-image size-full wp-lightbox-container\"><img decoding=\"async\" width=\"2200\" height=\"1467\" data-wp-class--hide=\"state.isContentHidden\" data-wp-class--show=\"state.isContentVisible\" data-wp-init=\"callbacks.setButtonStyles\" data-wp-on--click=\"actions.showLightbox\" data-wp-on--load=\"callbacks.setButtonStyles\" data-wp-on--pointerdown=\"actions.preloadImage\" data-wp-on--pointerenter=\"actions.preloadImageWithDelay\" data-wp-on--pointerleave=\"actions.cancelPreload\" data-wp-on-window--resize=\"callbacks.setButtonStyles\" src=\"https:\/\/loudavymkrokem.cz\/wp-content\/uploads\/2026\/08\/pisek-mestska-knihovna.jpg\" alt=\"Pr\u00e9dio da Biblioteca Municipal de P\u00edsek na pra\u00e7a Al\u0161ovo n\u00e1m\u011bst\u00ed\" class=\"wp-image-399360\" title=\"\" srcset=\"https:\/\/loudavymkrokem.cz\/wp-content\/uploads\/2026\/08\/pisek-mestska-knihovna.jpg 2200w, https:\/\/loudavymkrokem.cz\/wp-content\/uploads\/2026\/08\/pisek-mestska-knihovna-300x200.jpg 300w, https:\/\/loudavymkrokem.cz\/wp-content\/uploads\/2026\/08\/pisek-mestska-knihovna-700x467.jpg 700w, https:\/\/loudavymkrokem.cz\/wp-content\/uploads\/2026\/08\/pisek-mestska-knihovna-768x512.jpg 768w, https:\/\/loudavymkrokem.cz\/wp-content\/uploads\/2026\/08\/pisek-mestska-knihovna-1536x1024.jpg 1536w, https:\/\/loudavymkrokem.cz\/wp-content\/uploads\/2026\/08\/pisek-mestska-knihovna-2048x1366.jpg 2048w, https:\/\/loudavymkrokem.cz\/wp-content\/uploads\/2026\/08\/pisek-mestska-knihovna-696x464.jpg 696w, https:\/\/loudavymkrokem.cz\/wp-content\/uploads\/2026\/08\/pisek-mestska-knihovna-1392x928.jpg 1392w, https:\/\/loudavymkrokem.cz\/wp-content\/uploads\/2026\/08\/pisek-mestska-knihovna-1920x1280.jpg 1920w\" sizes=\"(max-width: 2200px) 100vw, 2200px\" \/><button\n\t\t\tclass=\"lightbox-trigger\"\n\t\t\ttype=\"button\"\n\t\t\taria-haspopup=\"dialog\"\n\t\t\tdata-wp-bind--aria-label=\"state.thisImage.triggerButtonAriaLabel\"\n\t\t\tdata-wp-init=\"callbacks.initTriggerButton\"\n\t\t\tdata-wp-on--click=\"actions.showLightbox\"\n\t\t\tdata-wp-style--right=\"state.thisImage.buttonRight\"\n\t\t\tdata-wp-style--top=\"state.thisImage.buttonTop\"\n\t\t>\n\t\t\t<svg xmlns=\"http:\/\/www.w3.org\/2000\/svg\" width=\"12\" height=\"12\" fill=\"none\" viewBox=\"0 0 12 12\">\n\t\t\t\t<path fill=\"#fff\" d=\"M2 0a2 2 0 0 0-2 2v2h1.5V2a.5.5 0 0 1 .5-.5h2V0H2Zm2 10.5H2a.5.5 0 0 1-.5-.5V8H0v2a2 2 0 0 0 2 2h2v-1.5ZM8 12v-1.5h2a.5.5 0 0 0 .5-.5V8H12v2a2 2 0 0 1-2 2H8Zm2-12a2 2 0 0 1 2 2v2h-1.5V2a.5.5 0 0 0-.5-.5H8V0h2Z\" \/>\n\t\t\t<\/svg>\n\t\t<\/button><\/figure>\n\n\n\n<p class=\"wp-block-paragraph\">A biblioteca municipal, na pra\u00e7a Al\u0161ovo n\u00e1m\u011bst\u00ed, n\u00e3o \u00e9 s\u00f3 um chato local de empr\u00e9stimo de livros: a <strong>se\u00e7\u00e3o infantil de P\u00edsek \u00e9 simplesmente um deleite para os olhos<\/strong>. O espa\u00e7o \u00e9 lindamente pintado em estilo submarino, nas paredes h\u00e1 dois grandes aqu\u00e1rios vivos com peixinhos e n\u00e3o falta nem um escorregador de verdade para crian\u00e7as.<\/p>\n\n\n\n<p class=\"wp-block-paragraph\">No mesmo pr\u00e9dio fica a confeitaria e caf\u00e9 <strong>Upekla<\/strong>, \u00e0 qual pertence tamb\u00e9m o p\u00e1tio interno. E \u00e9 justamente ali que se esconde uma <strong>caixa de areia e um espa\u00e7o bem grande<\/strong>, onde as crian\u00e7as brincam \u00e0 vontade enquanto voc\u00ea termina o caf\u00e9. Da se\u00e7\u00e3o infantil voc\u00ea chega pelo p\u00e1tio, ent\u00e3o d\u00e1 para juntar leitura e brincadeira numa \u00fanica manh\u00e3.<\/p>\n\n\n\n<p class=\"wp-block-paragraph\">\ud83d\udca1 <strong>Dica:<\/strong> no Upekla tamb\u00e9m pensam na dieta sem gl\u00faten, ent\u00e3o at\u00e9 uma crian\u00e7a com doen\u00e7a cel\u00edaca pode comer um docinho por l\u00e1.<\/p>\n\n\n\n<h2 class=\"wp-block-heading\"><span class=\"ez-toc-section\" id=\"Playgrounds_parque_e_rio_Pisek_com_criancas_ao_ar_livre\"><\/span>Playgrounds, parque e rio: P\u00edsek com crian\u00e7as ao ar livre<span class=\"ez-toc-section-end\"><\/span><\/h2>\n\n\n\n<p class=\"wp-block-paragraph\">Assim que o sol aparece, P\u00edsek ganha vida e todas as fam\u00edlias se deslocam para o rio e para os parques. Aqui est\u00e1 uma lista dos lugares onde as crian\u00e7as com certeza se divertem ao ar livre.<\/p>\n\n\n\n<h3 class=\"wp-block-heading\"><span class=\"ez-toc-section\" id=\"12_Esculturas_de_areia_na_orla\"><\/span>12. Esculturas de areia na orla<span class=\"ez-toc-section-end\"><\/span><\/h3>\n\n\n\n<figure data-wp-context=\"{&quot;imageId&quot;:&quot;6a956324161c7&quot;}\" data-wp-interactive=\"core\/image\" data-wp-key=\"6a956324161c7\" class=\"wp-block-image size-full wp-lightbox-container\"><img decoding=\"async\" width=\"2000\" height=\"1333\" data-wp-class--hide=\"state.isContentHidden\" data-wp-class--show=\"state.isContentVisible\" data-wp-init=\"callbacks.setButtonStyles\" data-wp-on--click=\"actions.showLightbox\" data-wp-on--load=\"callbacks.setButtonStyles\" data-wp-on--pointerdown=\"actions.preloadImage\" data-wp-on--pointerenter=\"actions.preloadImageWithDelay\" data-wp-on--pointerleave=\"actions.cancelPreload\" data-wp-on-window--resize=\"callbacks.setButtonStyles\" src=\"https:\/\/loudavymkrokem.cz\/wp-content\/uploads\/2026\/08\/sochy-z-pisku-naplavka-kamenny-most.jpg\" alt=\"Esculturas de areia na orla do rio Otava junto \u00e0 Ponte de Pedra em P\u00edsek\" class=\"wp-image-399607\" title=\"\" srcset=\"https:\/\/loudavymkrokem.cz\/wp-content\/uploads\/2026\/08\/sochy-z-pisku-naplavka-kamenny-most.jpg 2000w, https:\/\/loudavymkrokem.cz\/wp-content\/uploads\/2026\/08\/sochy-z-pisku-naplavka-kamenny-most-300x200.jpg 300w, https:\/\/loudavymkrokem.cz\/wp-content\/uploads\/2026\/08\/sochy-z-pisku-naplavka-kamenny-most-700x467.jpg 700w, https:\/\/loudavymkrokem.cz\/wp-content\/uploads\/2026\/08\/sochy-z-pisku-naplavka-kamenny-most-768x512.jpg 768w, https:\/\/loudavymkrokem.cz\/wp-content\/uploads\/2026\/08\/sochy-z-pisku-naplavka-kamenny-most-1536x1024.jpg 1536w, https:\/\/loudavymkrokem.cz\/wp-content\/uploads\/2026\/08\/sochy-z-pisku-naplavka-kamenny-most-696x464.jpg 696w, https:\/\/loudavymkrokem.cz\/wp-content\/uploads\/2026\/08\/sochy-z-pisku-naplavka-kamenny-most-1392x928.jpg 1392w, https:\/\/loudavymkrokem.cz\/wp-content\/uploads\/2026\/08\/sochy-z-pisku-naplavka-kamenny-most-1920x1280.jpg 1920w\" sizes=\"(max-width: 2000px) 100vw, 2000px\" \/><button\n\t\t\tclass=\"lightbox-trigger\"\n\t\t\ttype=\"button\"\n\t\t\taria-haspopup=\"dialog\"\n\t\t\tdata-wp-bind--aria-label=\"state.thisImage.triggerButtonAriaLabel\"\n\t\t\tdata-wp-init=\"callbacks.initTriggerButton\"\n\t\t\tdata-wp-on--click=\"actions.showLightbox\"\n\t\t\tdata-wp-style--right=\"state.thisImage.buttonRight\"\n\t\t\tdata-wp-style--top=\"state.thisImage.buttonTop\"\n\t\t>\n\t\t\t<svg xmlns=\"http:\/\/www.w3.org\/2000\/svg\" width=\"12\" height=\"12\" fill=\"none\" viewBox=\"0 0 12 12\">\n\t\t\t\t<path fill=\"#fff\" d=\"M2 0a2 2 0 0 0-2 2v2h1.5V2a.5.5 0 0 1 .5-.5h2V0H2Zm2 10.5H2a.5.5 0 0 1-.5-.5V8H0v2a2 2 0 0 0 2 2h2v-1.5ZM8 12v-1.5h2a.5.5 0 0 0 .5-.5V8H12v2a2 2 0 0 1-2 2H8Zm2-12a2 2 0 0 1 2 2v2h-1.5V2a.5.5 0 0 0-.5-.5H8V0h2Z\" \/>\n\t\t\t<\/svg>\n\t\t<\/button><\/figure>\n\n\n\n<figure data-wp-context=\"{&quot;imageId&quot;:&quot;6a956324166cc&quot;}\" data-wp-interactive=\"core\/image\" data-wp-key=\"6a956324166cc\" class=\"wp-block-image size-full wp-lightbox-container\"><img decoding=\"async\" width=\"2200\" height=\"1467\" data-wp-class--hide=\"state.isContentHidden\" data-wp-class--show=\"state.isContentVisible\" data-wp-init=\"callbacks.setButtonStyles\" data-wp-on--click=\"actions.showLightbox\" data-wp-on--load=\"callbacks.setButtonStyles\" data-wp-on--pointerdown=\"actions.preloadImage\" data-wp-on--pointerenter=\"actions.preloadImageWithDelay\" data-wp-on--pointerleave=\"actions.cancelPreload\" data-wp-on-window--resize=\"callbacks.setButtonStyles\" src=\"https:\/\/loudavymkrokem.cz\/wp-content\/uploads\/2026\/08\/pisek-otava-naplavka-most.jpg\" alt=\"Orla do rio Otava junto \u00e0 Ponte de Pedra em P\u00edsek\" class=\"wp-image-399329\" title=\"\" srcset=\"https:\/\/loudavymkrokem.cz\/wp-content\/uploads\/2026\/08\/pisek-otava-naplavka-most.jpg 2200w, https:\/\/loudavymkrokem.cz\/wp-content\/uploads\/2026\/08\/pisek-otava-naplavka-most-300x200.jpg 300w, https:\/\/loudavymkrokem.cz\/wp-content\/uploads\/2026\/08\/pisek-otava-naplavka-most-700x467.jpg 700w, https:\/\/loudavymkrokem.cz\/wp-content\/uploads\/2026\/08\/pisek-otava-naplavka-most-768x512.jpg 768w, https:\/\/loudavymkrokem.cz\/wp-content\/uploads\/2026\/08\/pisek-otava-naplavka-most-1536x1024.jpg 1536w, https:\/\/loudavymkrokem.cz\/wp-content\/uploads\/2026\/08\/pisek-otava-naplavka-most-2048x1366.jpg 2048w, https:\/\/loudavymkrokem.cz\/wp-content\/uploads\/2026\/08\/pisek-otava-naplavka-most-696x464.jpg 696w, https:\/\/loudavymkrokem.cz\/wp-content\/uploads\/2026\/08\/pisek-otava-naplavka-most-1392x928.jpg 1392w, https:\/\/loudavymkrokem.cz\/wp-content\/uploads\/2026\/08\/pisek-otava-naplavka-most-1920x1280.jpg 1920w\" sizes=\"(max-width: 2200px) 100vw, 2200px\" \/><button\n\t\t\tclass=\"lightbox-trigger\"\n\t\t\ttype=\"button\"\n\t\t\taria-haspopup=\"dialog\"\n\t\t\tdata-wp-bind--aria-label=\"state.thisImage.triggerButtonAriaLabel\"\n\t\t\tdata-wp-init=\"callbacks.initTriggerButton\"\n\t\t\tdata-wp-on--click=\"actions.showLightbox\"\n\t\t\tdata-wp-style--right=\"state.thisImage.buttonRight\"\n\t\t\tdata-wp-style--top=\"state.thisImage.buttonTop\"\n\t\t>\n\t\t\t<svg xmlns=\"http:\/\/www.w3.org\/2000\/svg\" width=\"12\" height=\"12\" fill=\"none\" viewBox=\"0 0 12 12\">\n\t\t\t\t<path fill=\"#fff\" d=\"M2 0a2 2 0 0 0-2 2v2h1.5V2a.5.5 0 0 1 .5-.5h2V0H2Zm2 10.5H2a.5.5 0 0 1-.5-.5V8H0v2a2 2 0 0 0 2 2h2v-1.5ZM8 12v-1.5h2a.5.5 0 0 0 .5-.5V8H12v2a2 2 0 0 1-2 2H8Zm2-12a2 2 0 0 1 2 2v2h-1.5V2a.5.5 0 0 0-.5-.5H8V0h2Z\" \/>\n\t\t\t<\/svg>\n\t\t<\/button><\/figure>\n\n\n\n<p class=\"wp-block-paragraph\">Este \u00e9 o <strong>s\u00edmbolo absoluto do ver\u00e3o em P\u00edsek<\/strong>, que atrai visitantes do pa\u00eds inteiro. Todos os anos, a partir do fim de maio, come\u00e7am a surgir na orla junto \u00e0 Ponte de Pedra enormes esculturas de areia, criadas por escultores experientes, e a cada ano com um tema completamente diferente.<\/p>\n\n\n\n<p class=\"wp-block-paragraph\">Antes esse evento se chamava Cip\u00edskovi\u0161t\u011b; hoje voc\u00ea o encontra sob o nome &#8220;Esculturas de areia em P\u00edsek&#8221;, e <strong>toda a exposi\u00e7\u00e3o \u00e9 totalmente gratuita<\/strong> durante o ver\u00e3o inteiro, at\u00e9 que as chuvas de outono destruam as esculturas. Sempre h\u00e1 tamb\u00e9m o festival paralelo P\u00edskovi\u0161t\u011b, com programa\u00e7\u00e3o para fam\u00edlias.<\/p>\n\n\n\n<p class=\"wp-block-paragraph\">Para os beb\u00eas \u00e9 fascinante <strong>observar aqueles enormes castelos de areia<\/strong>, e ainda d\u00e1 para passear \u00e0 beira do rio e tomar um sorvete no Pomodoro, ao lado da igreja, ou em algum dos caf\u00e9s perto da ponte.<\/p>\n\n\n\n<h3 class=\"wp-block-heading\"><span class=\"ez-toc-section\" id=\"13_Ponte_de_Pedra_e_a_orla\"><\/span>13. Ponte de Pedra e a orla<span class=\"ez-toc-section-end\"><\/span><\/h3>\n\n\n\n<figure data-wp-context=\"{&quot;imageId&quot;:&quot;6a95632416de8&quot;}\" data-wp-interactive=\"core\/image\" data-wp-key=\"6a95632416de8\" class=\"wp-block-image size-full wp-lightbox-container\"><img decoding=\"async\" width=\"2200\" height=\"1467\" data-wp-class--hide=\"state.isContentHidden\" data-wp-class--show=\"state.isContentVisible\" data-wp-init=\"callbacks.setButtonStyles\" data-wp-on--click=\"actions.showLightbox\" data-wp-on--load=\"callbacks.setButtonStyles\" data-wp-on--pointerdown=\"actions.preloadImage\" data-wp-on--pointerenter=\"actions.preloadImageWithDelay\" data-wp-on--pointerleave=\"actions.cancelPreload\" data-wp-on-window--resize=\"callbacks.setButtonStyles\" src=\"https:\/\/loudavymkrokem.cz\/wp-content\/uploads\/2026\/08\/pisek-kamenny-most-sochy.jpg\" alt=\"Ponte de Pedra em P\u00edsek com esculturas barrocas de santos\" class=\"wp-image-399324\" title=\"\" srcset=\"https:\/\/loudavymkrokem.cz\/wp-content\/uploads\/2026\/08\/pisek-kamenny-most-sochy.jpg 2200w, https:\/\/loudavymkrokem.cz\/wp-content\/uploads\/2026\/08\/pisek-kamenny-most-sochy-300x200.jpg 300w, https:\/\/loudavymkrokem.cz\/wp-content\/uploads\/2026\/08\/pisek-kamenny-most-sochy-700x467.jpg 700w, https:\/\/loudavymkrokem.cz\/wp-content\/uploads\/2026\/08\/pisek-kamenny-most-sochy-768x512.jpg 768w, https:\/\/loudavymkrokem.cz\/wp-content\/uploads\/2026\/08\/pisek-kamenny-most-sochy-1536x1024.jpg 1536w, https:\/\/loudavymkrokem.cz\/wp-content\/uploads\/2026\/08\/pisek-kamenny-most-sochy-2048x1366.jpg 2048w, https:\/\/loudavymkrokem.cz\/wp-content\/uploads\/2026\/08\/pisek-kamenny-most-sochy-696x464.jpg 696w, https:\/\/loudavymkrokem.cz\/wp-content\/uploads\/2026\/08\/pisek-kamenny-most-sochy-1392x928.jpg 1392w, https:\/\/loudavymkrokem.cz\/wp-content\/uploads\/2026\/08\/pisek-kamenny-most-sochy-1920x1280.jpg 1920w\" sizes=\"(max-width: 2200px) 100vw, 2200px\" \/><button\n\t\t\tclass=\"lightbox-trigger\"\n\t\t\ttype=\"button\"\n\t\t\taria-haspopup=\"dialog\"\n\t\t\tdata-wp-bind--aria-label=\"state.thisImage.triggerButtonAriaLabel\"\n\t\t\tdata-wp-init=\"callbacks.initTriggerButton\"\n\t\t\tdata-wp-on--click=\"actions.showLightbox\"\n\t\t\tdata-wp-style--right=\"state.thisImage.buttonRight\"\n\t\t\tdata-wp-style--top=\"state.thisImage.buttonTop\"\n\t\t>\n\t\t\t<svg xmlns=\"http:\/\/www.w3.org\/2000\/svg\" width=\"12\" height=\"12\" fill=\"none\" viewBox=\"0 0 12 12\">\n\t\t\t\t<path fill=\"#fff\" d=\"M2 0a2 2 0 0 0-2 2v2h1.5V2a.5.5 0 0 1 .5-.5h2V0H2Zm2 10.5H2a.5.5 0 0 1-.5-.5V8H0v2a2 2 0 0 0 2 2h2v-1.5ZM8 12v-1.5h2a.5.5 0 0 0 .5-.5V8H12v2a2 2 0 0 1-2 2H8Zm2-12a2 2 0 0 1 2 2v2h-1.5V2a.5.5 0 0 0-.5-.5H8V0h2Z\" \/>\n\t\t\t<\/svg>\n\t\t<\/button><\/figure>\n\n\n\n<p class=\"wp-block-paragraph\">J\u00e1 que voc\u00ea vai estar perto das esculturas, n\u00e3o pode deixar de caminhar pela pr\u00f3pria Ponte de Pedra, que \u00e9 a <strong>ponte mais antiga preservada da Rep\u00fablica Tcheca<\/strong> e data do s\u00e9culo XIII. Para as crian\u00e7as, a ponte \u00e9 interessante por seus nichos e esculturas, entre os quais podem correr, j\u00e1 que ali \u00e9 proibido o acesso de carros.<\/p>\n\n\n\n<p class=\"wp-block-paragraph\">Sob a ponte passa uma orla lindamente cuidada, para onde as <strong>fam\u00edlias locais v\u00e3o regularmente alimentar patos e cisnes<\/strong>. S\u00f3 lembre, por favor, que p\u00e3o faz mal \u00e0s aves, ent\u00e3o prefira levar um pouco de milho, ervilha ou ra\u00e7\u00e3o especial para aves aqu\u00e1ticas.<\/p>\n\n\n\n<p class=\"wp-block-paragraph\">Da orla tamb\u00e9m h\u00e1 uma <strong>linda vista do castelo de P\u00edsek<\/strong>, e voc\u00ea pode fotografar todo o cen\u00e1rio para o \u00e1lbum de fam\u00edlia. O passeio \u00e0 beira da \u00e1gua \u00e9 totalmente acess\u00edvel, ent\u00e3o carrinhos e patinetes de equil\u00edbrio das crian\u00e7as passam sem o menor problema.<\/p>\n\n\n\n<h3 class=\"wp-block-heading\"><span class=\"ez-toc-section\" id=\"14_Ilha_da_cidade_Mestsky_ostrov\"><\/span>14. Ilha da cidade (M\u011bstsk\u00fd ostrov)<span class=\"ez-toc-section-end\"><\/span><\/h3>\n\n\n\n<figure data-wp-context=\"{&quot;imageId&quot;:&quot;6a956324174d9&quot;}\" data-wp-interactive=\"core\/image\" data-wp-key=\"6a956324174d9\" class=\"wp-block-image size-full wp-lightbox-container\"><img decoding=\"async\" width=\"1200\" height=\"800\" data-wp-class--hide=\"state.isContentHidden\" data-wp-class--show=\"state.isContentVisible\" data-wp-init=\"callbacks.setButtonStyles\" data-wp-on--click=\"actions.showLightbox\" data-wp-on--load=\"callbacks.setButtonStyles\" data-wp-on--pointerdown=\"actions.preloadImage\" data-wp-on--pointerenter=\"actions.preloadImageWithDelay\" data-wp-on--pointerleave=\"actions.cancelPreload\" data-wp-on-window--resize=\"callbacks.setButtonStyles\" src=\"https:\/\/loudavymkrokem.cz\/wp-content\/uploads\/2026\/08\/mestsky-ostrov-pisek-zahradka.jpg\" alt=\"\u00c1rea externa de ver\u00e3o na Ilha da cidade em P\u00edsek\" class=\"wp-image-399671\" title=\"\" srcset=\"https:\/\/loudavymkrokem.cz\/wp-content\/uploads\/2026\/08\/mestsky-ostrov-pisek-zahradka.jpg 1200w, https:\/\/loudavymkrokem.cz\/wp-content\/uploads\/2026\/08\/mestsky-ostrov-pisek-zahradka-300x200.jpg 300w, https:\/\/loudavymkrokem.cz\/wp-content\/uploads\/2026\/08\/mestsky-ostrov-pisek-zahradka-700x467.jpg 700w, https:\/\/loudavymkrokem.cz\/wp-content\/uploads\/2026\/08\/mestsky-ostrov-pisek-zahradka-768x512.jpg 768w, https:\/\/loudavymkrokem.cz\/wp-content\/uploads\/2026\/08\/mestsky-ostrov-pisek-zahradka-696x464.jpg 696w\" sizes=\"(max-width: 1200px) 100vw, 1200px\" \/><button\n\t\t\tclass=\"lightbox-trigger\"\n\t\t\ttype=\"button\"\n\t\t\taria-haspopup=\"dialog\"\n\t\t\tdata-wp-bind--aria-label=\"state.thisImage.triggerButtonAriaLabel\"\n\t\t\tdata-wp-init=\"callbacks.initTriggerButton\"\n\t\t\tdata-wp-on--click=\"actions.showLightbox\"\n\t\t\tdata-wp-style--right=\"state.thisImage.buttonRight\"\n\t\t\tdata-wp-style--top=\"state.thisImage.buttonTop\"\n\t\t>\n\t\t\t<svg xmlns=\"http:\/\/www.w3.org\/2000\/svg\" width=\"12\" height=\"12\" fill=\"none\" viewBox=\"0 0 12 12\">\n\t\t\t\t<path fill=\"#fff\" d=\"M2 0a2 2 0 0 0-2 2v2h1.5V2a.5.5 0 0 1 .5-.5h2V0H2Zm2 10.5H2a.5.5 0 0 1-.5-.5V8H0v2a2 2 0 0 0 2 2h2v-1.5ZM8 12v-1.5h2a.5.5 0 0 0 .5-.5V8H12v2a2 2 0 0 1-2 2H8Zm2-12a2 2 0 0 1 2 2v2h-1.5V2a.5.5 0 0 0-.5-.5H8V0h2Z\" \/>\n\t\t\t<\/svg>\n\t\t<\/button><\/figure>\n\n\n\n<p class=\"wp-block-paragraph\">A Ilha da cidade, cercada pelo rio Otava, \u00e9 um <strong>tranquilo o\u00e1sis verde bem no centro da cidade<\/strong>, ao qual se chega por uma passarela. Voc\u00ea encontra ali um grande parque com lindas \u00e1rvores altas que, no ver\u00e3o escaldante, oferecem a t\u00e3o necess\u00e1ria sombra.<\/p>\n\n\n\n<p class=\"wp-block-paragraph\">Para as crian\u00e7as h\u00e1 um <strong>grande playground cercado com brinquedos modernos<\/strong>, onde voc\u00ea n\u00e3o precisa ter medo de que o beb\u00ea fuja para algum lugar. Bem ao lado do playground, crian\u00e7as maiores e adultos ainda podem jogar minigolfe no campo local bem cuidado.<\/p>\n\n\n\n<p class=\"wp-block-paragraph\">Quando as crian\u00e7as ficarem com fome, <strong>na ilha funciona o tradicional Restaurante Ostrov<\/strong>, que tem junto \u00e0 \u00e1rea externa de ver\u00e3o seu pr\u00f3prio playground menor, ent\u00e3o voc\u00ea pode terminar o almo\u00e7o em paz enquanto as crian\u00e7as brincam ali perto.<\/p>\n\n\n\n<h3 class=\"wp-block-heading\"><span class=\"ez-toc-section\" id=\"15_Pista_de_transito_junto_a_Sao_Venceslau\"><\/span>15. Pista de tr\u00e2nsito junto a S\u00e3o Venceslau<span class=\"ez-toc-section-end\"><\/span><\/h3>\n\n\n\n<figure data-wp-context=\"{&quot;imageId&quot;:&quot;6a95632417ba6&quot;}\" data-wp-interactive=\"core\/image\" data-wp-key=\"6a95632417ba6\" class=\"wp-block-image size-full wp-lightbox-container\"><img decoding=\"async\" width=\"1024\" height=\"461\" data-wp-class--hide=\"state.isContentHidden\" data-wp-class--show=\"state.isContentVisible\" data-wp-init=\"callbacks.setButtonStyles\" data-wp-on--click=\"actions.showLightbox\" data-wp-on--load=\"callbacks.setButtonStyles\" data-wp-on--pointerdown=\"actions.preloadImage\" data-wp-on--pointerenter=\"actions.preloadImageWithDelay\" data-wp-on--pointerleave=\"actions.cancelPreload\" data-wp-on-window--resize=\"callbacks.setButtonStyles\" src=\"https:\/\/loudavymkrokem.cz\/wp-content\/uploads\/2026\/08\/dopravni-hriste-u-sv-vaclava-pisek.jpg\" alt=\"Pista de tr\u00e2nsito infantil junto a S\u00e3o Venceslau em P\u00edsek ap\u00f3s a reforma\" class=\"wp-image-399632\" title=\"\" srcset=\"https:\/\/loudavymkrokem.cz\/wp-content\/uploads\/2026\/08\/dopravni-hriste-u-sv-vaclava-pisek.jpg 1024w, https:\/\/loudavymkrokem.cz\/wp-content\/uploads\/2026\/08\/dopravni-hriste-u-sv-vaclava-pisek-300x135.jpg 300w, https:\/\/loudavymkrokem.cz\/wp-content\/uploads\/2026\/08\/dopravni-hriste-u-sv-vaclava-pisek-700x315.jpg 700w, https:\/\/loudavymkrokem.cz\/wp-content\/uploads\/2026\/08\/dopravni-hriste-u-sv-vaclava-pisek-768x346.jpg 768w, https:\/\/loudavymkrokem.cz\/wp-content\/uploads\/2026\/08\/dopravni-hriste-u-sv-vaclava-pisek-696x313.jpg 696w\" sizes=\"(max-width: 1024px) 100vw, 1024px\" \/><button\n\t\t\tclass=\"lightbox-trigger\"\n\t\t\ttype=\"button\"\n\t\t\taria-haspopup=\"dialog\"\n\t\t\tdata-wp-bind--aria-label=\"state.thisImage.triggerButtonAriaLabel\"\n\t\t\tdata-wp-init=\"callbacks.initTriggerButton\"\n\t\t\tdata-wp-on--click=\"actions.showLightbox\"\n\t\t\tdata-wp-style--right=\"state.thisImage.buttonRight\"\n\t\t\tdata-wp-style--top=\"state.thisImage.buttonTop\"\n\t\t>\n\t\t\t<svg xmlns=\"http:\/\/www.w3.org\/2000\/svg\" width=\"12\" height=\"12\" fill=\"none\" viewBox=\"0 0 12 12\">\n\t\t\t\t<path fill=\"#fff\" d=\"M2 0a2 2 0 0 0-2 2v2h1.5V2a.5.5 0 0 1 .5-.5h2V0H2Zm2 10.5H2a.5.5 0 0 1-.5-.5V8H0v2a2 2 0 0 0 2 2h2v-1.5ZM8 12v-1.5h2a.5.5 0 0 0 .5-.5V8H12v2a2 2 0 0 1-2 2H8Zm2-12a2 2 0 0 1 2 2v2h-1.5V2a.5.5 0 0 0-.5-.5H8V0h2Z\" \/>\n\t\t\t<\/svg>\n\t\t<\/button><\/figure>\n\n\n\n<p class=\"wp-block-paragraph\">A pista de tr\u00e2nsito no cais Z\u00e1tavsk\u00e9 n\u00e1b\u0159e\u017e\u00ed passou recentemente por uma grande reforma e, desde maio de 2025, est\u00e1 <strong>reaberta em plena forma<\/strong>. \u00c9 um verdadeiro para\u00edso para todos os pequenos amantes de carrinhos, patinetes de equil\u00edbrio e patinetes, que podem treinar ali a dire\u00e7\u00e3o conforme as regras.<\/p>\n\n\n\n<p class=\"wp-block-paragraph\">Na pista n\u00e3o faltam <strong>sem\u00e1foros de verdade funcionando, rotat\u00f3ria, faixas de pedestres<\/strong> e diversas placas de tr\u00e2nsito. Se voc\u00ea n\u00e3o trouxer o pr\u00f3prio ve\u00edculo, d\u00e1 para alugar ali, por 50 CZK a cada meia hora (cerca de R$ 10), uns carrinhos de pedal sensacionais, que divertem principalmente os pr\u00e9-escolares e as crian\u00e7as no come\u00e7o da escola.<\/p>\n\n\n\n<p class=\"wp-block-paragraph\">Nos meses de ver\u00e3o, durante as f\u00e9rias, eles <strong>abrem todos os dias de manh\u00e3 e \u00e0 tarde<\/strong>; na primavera e no outono, funcionam mais \u00e0 tarde e nos fins de semana. A entrada no espa\u00e7o com bicicleta ou patinete de equil\u00edbrio pr\u00f3prio \u00e9 totalmente gratuita.<\/p>\n\n\n\n<p class=\"wp-block-paragraph\">Bem ao lado da pista funciona ainda o <strong>YEZ Caf\u00e9<\/strong>, ent\u00e3o h\u00e1 onde sentar para um caf\u00e9 e algo para comer. E como tamb\u00e9m h\u00e1 ali uma <strong>caixa de areia para os menores<\/strong>, os irm\u00e3ozinhos que ainda n\u00e3o alcan\u00e7am os carrinhos de pedal tamb\u00e9m se divertem.<\/p>\n\n\n\n<h3 class=\"wp-block-heading\"><span class=\"ez-toc-section\" id=\"16_Cais_Jiraskovo_nabrezi_e_pista_de_bolinhas_de_gude\"><\/span>16. Cais Jir\u00e1skovo n\u00e1b\u0159e\u017e\u00ed e pista de bolinhas de gude<span class=\"ez-toc-section-end\"><\/span><\/h3>\n\n\n\n<p class=\"wp-block-paragraph\">O cais Jir\u00e1skovo n\u00e1b\u0159e\u017e\u00ed \u00e9 outro espa\u00e7o \u00e0 beira do rio muito bem cuidado, onde fica uma <strong>pista de bolinhas de gude \u00fanica, com 186 metros quadrados<\/strong>. Voc\u00ea encontra ali nove pistas diferentes e at\u00e9 um escorregador especial para as bolinhas, o que consegue entreter as crian\u00e7as por um tempo inacreditavelmente longo.<\/p>\n\n\n\n<p class=\"wp-block-paragraph\">Se voc\u00ea n\u00e3o tem bolinhas de vidro pr\u00f3prias, n\u00e3o se desespere: <strong>d\u00e1 para comprar bolinhas por 20 CZK<\/strong> (cerca de R$ 5) no centro de informa\u00e7\u00f5es ali perto ou direto na m\u00e1quina junto \u00e0 pista. Todo o espa\u00e7o \u00e9 incrivelmente interativo e l\u00fadico, embora a popular pumptrack infelizmente tenha sido removida em maio de 2026.<\/p>\n\n\n\n<p class=\"wp-block-paragraph\">Al\u00e9m das bolinhas, voc\u00ea encontra ali tamb\u00e9m um <strong>playground de vime vivo<\/strong>, uma trilha para caminhada descal\u00e7a, onde as crian\u00e7as experimentam diferentes superf\u00edcies, e o playground de parkour Flux para atletas mais velhos, ent\u00e3o ali se misturam atividades para todas as faixas et\u00e1rias.<\/p>\n\n\n\n<h3 class=\"wp-block-heading\"><span class=\"ez-toc-section\" id=\"17_Playground_com_o_cervo_Na_Trubach\"><\/span>17. Playground com o cervo Na Trub\u00e1ch<span class=\"ez-toc-section-end\"><\/span><\/h3>\n\n\n\n<figure data-wp-context=\"{&quot;imageId&quot;:&quot;6a956324185af&quot;}\" data-wp-interactive=\"core\/image\" data-wp-key=\"6a956324185af\" class=\"wp-block-image size-full wp-lightbox-container\"><img decoding=\"async\" width=\"1920\" height=\"1440\" data-wp-class--hide=\"state.isContentHidden\" data-wp-class--show=\"state.isContentVisible\" data-wp-init=\"callbacks.setButtonStyles\" data-wp-on--click=\"actions.showLightbox\" data-wp-on--load=\"callbacks.setButtonStyles\" data-wp-on--pointerdown=\"actions.preloadImage\" data-wp-on--pointerenter=\"actions.preloadImageWithDelay\" data-wp-on--pointerleave=\"actions.cancelPreload\" data-wp-on-window--resize=\"callbacks.setButtonStyles\" src=\"https:\/\/loudavymkrokem.cz\/wp-content\/uploads\/2026\/08\/hriste-jelen-na-trubach-pisek.jpg\" alt=\"Cervo de madeira com tobog\u00e3 no playground Na Trub\u00e1ch em P\u00edsek\" class=\"wp-image-399616\" title=\"\" srcset=\"https:\/\/loudavymkrokem.cz\/wp-content\/uploads\/2026\/08\/hriste-jelen-na-trubach-pisek.jpg 1920w, https:\/\/loudavymkrokem.cz\/wp-content\/uploads\/2026\/08\/hriste-jelen-na-trubach-pisek-300x225.jpg 300w, https:\/\/loudavymkrokem.cz\/wp-content\/uploads\/2026\/08\/hriste-jelen-na-trubach-pisek-700x525.jpg 700w, https:\/\/loudavymkrokem.cz\/wp-content\/uploads\/2026\/08\/hriste-jelen-na-trubach-pisek-768x576.jpg 768w, https:\/\/loudavymkrokem.cz\/wp-content\/uploads\/2026\/08\/hriste-jelen-na-trubach-pisek-1536x1152.jpg 1536w, https:\/\/loudavymkrokem.cz\/wp-content\/uploads\/2026\/08\/hriste-jelen-na-trubach-pisek-80x60.jpg 80w, https:\/\/loudavymkrokem.cz\/wp-content\/uploads\/2026\/08\/hriste-jelen-na-trubach-pisek-160x120.jpg 160w, https:\/\/loudavymkrokem.cz\/wp-content\/uploads\/2026\/08\/hriste-jelen-na-trubach-pisek-696x522.jpg 696w, https:\/\/loudavymkrokem.cz\/wp-content\/uploads\/2026\/08\/hriste-jelen-na-trubach-pisek-1392x1044.jpg 1392w\" sizes=\"(max-width: 1920px) 100vw, 1920px\" \/><button\n\t\t\tclass=\"lightbox-trigger\"\n\t\t\ttype=\"button\"\n\t\t\taria-haspopup=\"dialog\"\n\t\t\tdata-wp-bind--aria-label=\"state.thisImage.triggerButtonAriaLabel\"\n\t\t\tdata-wp-init=\"callbacks.initTriggerButton\"\n\t\t\tdata-wp-on--click=\"actions.showLightbox\"\n\t\t\tdata-wp-style--right=\"state.thisImage.buttonRight\"\n\t\t\tdata-wp-style--top=\"state.thisImage.buttonTop\"\n\t\t>\n\t\t\t<svg xmlns=\"http:\/\/www.w3.org\/2000\/svg\" width=\"12\" height=\"12\" fill=\"none\" viewBox=\"0 0 12 12\">\n\t\t\t\t<path fill=\"#fff\" d=\"M2 0a2 2 0 0 0-2 2v2h1.5V2a.5.5 0 0 1 .5-.5h2V0H2Zm2 10.5H2a.5.5 0 0 1-.5-.5V8H0v2a2 2 0 0 0 2 2h2v-1.5ZM8 12v-1.5h2a.5.5 0 0 0 .5-.5V8H12v2a2 2 0 0 1-2 2H8Zm2-12a2 2 0 0 1 2 2v2h-1.5V2a.5.5 0 0 0-.5-.5H8V0h2Z\" \/>\n\t\t\t<\/svg>\n\t\t<\/button><\/figure>\n\n\n\n<p class=\"wp-block-paragraph\">Esta \u00e9 a <strong>novidade sensacional de 2026<\/strong>, com a qual todas as crian\u00e7as de P\u00edsek est\u00e3o absolutamente empolgadas. A atra\u00e7\u00e3o do novo playground florestal Na Trub\u00e1ch \u00e9 um enorme cervo de madeira de oito metros de altura, que funciona tanto como mirante quanto, principalmente, como um trepa-trepa labir\u00edntico com escorregador.<\/p>\n\n\n\n<p class=\"wp-block-paragraph\">Ao redor do cervo se estende um <strong>lindo espa\u00e7o com balan\u00e7os, troncos de madeira para equil\u00edbrio<\/strong> e uma grande caixa de areia para beb\u00eas. O playground foi concebido em estilo natural, para se encaixar no ambiente ao redor, e no plano est\u00e1 adicionar aos poucos ainda esculturas de formiga, coruja e esquilo.<\/p>\n\n\n\n<p class=\"wp-block-paragraph\">Como o playground \u00e9 totalmente novo, <strong>conte com lota\u00e7\u00e3o nos fins de semana<\/strong>, ent\u00e3o, com crian\u00e7as menores, recomendo ir mais nos dias \u00fateis de manh\u00e3.<\/p>\n\n\n\n<h3 class=\"wp-block-heading\"><span class=\"ez-toc-section\" id=\"18_Palackeho_sady\"><\/span>18. Palack\u00e9ho sady<span class=\"ez-toc-section-end\"><\/span><\/h3>\n\n\n\n<figure data-wp-context=\"{&quot;imageId&quot;:&quot;6a95632418cdd&quot;}\" data-wp-interactive=\"core\/image\" data-wp-key=\"6a95632418cdd\" class=\"wp-block-image size-full wp-lightbox-container\"><img decoding=\"async\" width=\"1200\" height=\"800\" data-wp-class--hide=\"state.isContentHidden\" data-wp-class--show=\"state.isContentVisible\" data-wp-init=\"callbacks.setButtonStyles\" data-wp-on--click=\"actions.showLightbox\" data-wp-on--load=\"callbacks.setButtonStyles\" data-wp-on--pointerdown=\"actions.preloadImage\" data-wp-on--pointerenter=\"actions.preloadImageWithDelay\" data-wp-on--pointerleave=\"actions.cancelPreload\" data-wp-on-window--resize=\"callbacks.setButtonStyles\" src=\"https:\/\/loudavymkrokem.cz\/wp-content\/uploads\/2026\/08\/palackeho-sady-pisek-jaro.jpg\" alt=\"Parque Palack\u00e9ho sady em P\u00edsek na primavera com o monumento a Franti\u0161ek Palack\u00fd\" class=\"wp-image-399648\" title=\"\" srcset=\"https:\/\/loudavymkrokem.cz\/wp-content\/uploads\/2026\/08\/palackeho-sady-pisek-jaro.jpg 1200w, https:\/\/loudavymkrokem.cz\/wp-content\/uploads\/2026\/08\/palackeho-sady-pisek-jaro-300x200.jpg 300w, https:\/\/loudavymkrokem.cz\/wp-content\/uploads\/2026\/08\/palackeho-sady-pisek-jaro-700x467.jpg 700w, https:\/\/loudavymkrokem.cz\/wp-content\/uploads\/2026\/08\/palackeho-sady-pisek-jaro-768x512.jpg 768w, https:\/\/loudavymkrokem.cz\/wp-content\/uploads\/2026\/08\/palackeho-sady-pisek-jaro-696x464.jpg 696w\" sizes=\"(max-width: 1200px) 100vw, 1200px\" \/><button\n\t\t\tclass=\"lightbox-trigger\"\n\t\t\ttype=\"button\"\n\t\t\taria-haspopup=\"dialog\"\n\t\t\tdata-wp-bind--aria-label=\"state.thisImage.triggerButtonAriaLabel\"\n\t\t\tdata-wp-init=\"callbacks.initTriggerButton\"\n\t\t\tdata-wp-on--click=\"actions.showLightbox\"\n\t\t\tdata-wp-style--right=\"state.thisImage.buttonRight\"\n\t\t\tdata-wp-style--top=\"state.thisImage.buttonTop\"\n\t\t>\n\t\t\t<svg xmlns=\"http:\/\/www.w3.org\/2000\/svg\" width=\"12\" height=\"12\" fill=\"none\" viewBox=\"0 0 12 12\">\n\t\t\t\t<path fill=\"#fff\" d=\"M2 0a2 2 0 0 0-2 2v2h1.5V2a.5.5 0 0 1 .5-.5h2V0H2Zm2 10.5H2a.5.5 0 0 1-.5-.5V8H0v2a2 2 0 0 0 2 2h2v-1.5ZM8 12v-1.5h2a.5.5 0 0 0 .5-.5V8H12v2a2 2 0 0 1-2 2H8Zm2-12a2 2 0 0 1 2 2v2h-1.5V2a.5.5 0 0 0-.5-.5H8V0h2Z\" \/>\n\t\t\t<\/svg>\n\t\t<\/button><\/figure>\n\n\n\n<figure data-wp-context=\"{&quot;imageId&quot;:&quot;6a956324191ed&quot;}\" data-wp-interactive=\"core\/image\" data-wp-key=\"6a956324191ed\" class=\"wp-block-image size-full wp-lightbox-container\"><img decoding=\"async\" width=\"2200\" height=\"1467\" data-wp-class--hide=\"state.isContentHidden\" data-wp-class--show=\"state.isContentVisible\" data-wp-init=\"callbacks.setButtonStyles\" data-wp-on--click=\"actions.showLightbox\" data-wp-on--load=\"callbacks.setButtonStyles\" data-wp-on--pointerdown=\"actions.preloadImage\" data-wp-on--pointerenter=\"actions.preloadImageWithDelay\" data-wp-on--pointerleave=\"actions.cancelPreload\" data-wp-on-window--resize=\"callbacks.setButtonStyles\" src=\"https:\/\/loudavymkrokem.cz\/wp-content\/uploads\/2026\/08\/pisek-fontana-centrum.jpg\" alt=\"Fonte no centro hist\u00f3rico de P\u00edsek\" class=\"wp-image-399366\" title=\"\" srcset=\"https:\/\/loudavymkrokem.cz\/wp-content\/uploads\/2026\/08\/pisek-fontana-centrum.jpg 2200w, https:\/\/loudavymkrokem.cz\/wp-content\/uploads\/2026\/08\/pisek-fontana-centrum-300x200.jpg 300w, https:\/\/loudavymkrokem.cz\/wp-content\/uploads\/2026\/08\/pisek-fontana-centrum-700x467.jpg 700w, https:\/\/loudavymkrokem.cz\/wp-content\/uploads\/2026\/08\/pisek-fontana-centrum-768x512.jpg 768w, https:\/\/loudavymkrokem.cz\/wp-content\/uploads\/2026\/08\/pisek-fontana-centrum-1536x1024.jpg 1536w, https:\/\/loudavymkrokem.cz\/wp-content\/uploads\/2026\/08\/pisek-fontana-centrum-2048x1366.jpg 2048w, https:\/\/loudavymkrokem.cz\/wp-content\/uploads\/2026\/08\/pisek-fontana-centrum-696x464.jpg 696w, https:\/\/loudavymkrokem.cz\/wp-content\/uploads\/2026\/08\/pisek-fontana-centrum-1392x928.jpg 1392w, https:\/\/loudavymkrokem.cz\/wp-content\/uploads\/2026\/08\/pisek-fontana-centrum-1920x1280.jpg 1920w\" sizes=\"(max-width: 2200px) 100vw, 2200px\" \/><button\n\t\t\tclass=\"lightbox-trigger\"\n\t\t\ttype=\"button\"\n\t\t\taria-haspopup=\"dialog\"\n\t\t\tdata-wp-bind--aria-label=\"state.thisImage.triggerButtonAriaLabel\"\n\t\t\tdata-wp-init=\"callbacks.initTriggerButton\"\n\t\t\tdata-wp-on--click=\"actions.showLightbox\"\n\t\t\tdata-wp-style--right=\"state.thisImage.buttonRight\"\n\t\t\tdata-wp-style--top=\"state.thisImage.buttonTop\"\n\t\t>\n\t\t\t<svg xmlns=\"http:\/\/www.w3.org\/2000\/svg\" width=\"12\" height=\"12\" fill=\"none\" viewBox=\"0 0 12 12\">\n\t\t\t\t<path fill=\"#fff\" d=\"M2 0a2 2 0 0 0-2 2v2h1.5V2a.5.5 0 0 1 .5-.5h2V0H2Zm2 10.5H2a.5.5 0 0 1-.5-.5V8H0v2a2 2 0 0 0 2 2h2v-1.5ZM8 12v-1.5h2a.5.5 0 0 0 .5-.5V8H12v2a2 2 0 0 1-2 2H8Zm2-12a2 2 0 0 1 2 2v2h-1.5V2a.5.5 0 0 0-.5-.5H8V0h2Z\" \/>\n\t\t\t<\/svg>\n\t\t<\/button><\/figure>\n\n\n\n<p class=\"wp-block-paragraph\">O parque Palack\u00e9ho sady \u00e9 o <strong>maior parque do centro de P\u00edsek<\/strong>, que surgiu no lugar dos antigos fossos das muralhas. \u00c9 um lugar ideal para um passeio tranquilo com carrinho sob as copas de \u00e1rvores antigas, e no ver\u00e3o acontecem ali com frequ\u00eancia v\u00e1rios concertos ao ar livre.<\/p>\n\n\n\n<p class=\"wp-block-paragraph\">Na borda oeste do parque fica um <strong>playground infantil menor com piso de seixos<\/strong>, dominado por um lindo trepa-trepa de madeira em formato de peixe. Voc\u00ea encontra ali tamb\u00e9m gangorras de mola para beb\u00eas e um balan\u00e7o suspenso muito querido.<\/p>\n\n\n\n<p class=\"wp-block-paragraph\">A \u00fanica desvantagem desse playground \u00e9 que <strong>faltam bancos bem junto aos brinquedos<\/strong> para os pais, ent\u00e3o na maioria das vezes voc\u00ea precisa ficar em p\u00e9 ali perto ou sentar na borda dos meios-fios de madeira. Mesmo assim, \u00e9 uma \u00f3tima parada nos passeios pela cidade.<\/p>\n\n\n\n<h3 class=\"wp-block-heading\"><span class=\"ez-toc-section\" id=\"19_Piscina_junto_a_Sao_Venceslau\"><\/span>19. Piscina junto a S\u00e3o Venceslau<span class=\"ez-toc-section-end\"><\/span><\/h3>\n\n\n\n<p class=\"wp-block-paragraph\">Quando bate o calor de ver\u00e3o, a cidade inteira migra para a piscina junto a S\u00e3o Venceslau, que fica no cais Z\u00e1tavsk\u00e9 n\u00e1b\u0159e\u017e\u00ed. Esse complexo une o <strong>banho cl\u00e1ssico no rio Otava a piscinas modernas<\/strong>, ent\u00e3o ali tem para todos os gostos.<\/p>\n\n\n\n<p class=\"wp-block-paragraph\">Para fam\u00edlias com crian\u00e7as h\u00e1 uma <strong>piscininha infantil rasa com escorregador e um tanque separado<\/strong> para os beb\u00eas bem pequenos. Ao redor das piscinas h\u00e1 gramados para as toalhas e n\u00e3o faltam \u00e1rvores altas, sob as quais voc\u00ea pode se abrigar na sombra com o carrinho.<\/p>\n\n\n\n<p class=\"wp-block-paragraph\">A piscina funciona <strong>de maio a setembro todos os dias at\u00e9 as 19h30<\/strong>; os adultos pagam 90 CZK pela entrada (cerca de R$ 20) e as crian\u00e7as de at\u00e9 140 cent\u00edmetros 60 CZK (cerca de R$ 15). A vantagem \u00e9 que dentro do complexo funciona o restaurante do vizinho Penzion Sport, ent\u00e3o o almo\u00e7o est\u00e1 garantido.<\/p>\n\n\n\n<h3 class=\"wp-block-heading\"><span class=\"ez-toc-section\" id=\"20_Barquinhos_e_canoagem_no_Otava\"><\/span>20. Barquinhos e canoagem no Otava<span class=\"ez-toc-section-end\"><\/span><\/h3>\n\n\n\n<p class=\"wp-block-paragraph\">O rio Otava n\u00e3o s\u00f3 atravessa P\u00edsek, como praticamente convida a diversos divertimentos aqu\u00e1ticos que voc\u00ea consegue fazer at\u00e9 com crian\u00e7as menores. <strong>Bem junto \u00e0 Ilha da cidade funciona um aluguel<\/strong>, onde na temporada voc\u00ea pode alugar barquinhos cl\u00e1ssicos a remo ou pedalinhos.<\/p>\n\n\n\n<p class=\"wp-block-paragraph\">As crian\u00e7as adoram poder <strong>observar a cidade do barquinho de uma perspectiva totalmente diferente<\/strong> e acompanhar de perto os patos boiando na superf\u00edcie. Na piscina junto a S\u00e3o Venceslau voc\u00ea tamb\u00e9m aluga um barquinho por cerca de 100 CZK a hora (cerca de R$ 25) e pode remar um trecho pelo Otava.<\/p>\n\n\n\n<p class=\"wp-block-paragraph\">Se voc\u00ea gosta de passeios mais longos, <strong>o Otava \u00e9 um rio famoso para canoagem<\/strong>, ent\u00e3o d\u00e1 para planejar com a fam\u00edlia a descida de algum dos trechos mais tranquilos; alugu\u00e9is de barcos e botes h\u00e1 v\u00e1rios nos arredores de P\u00edsek.<\/p>\n\n\n\n<h3 class=\"wp-block-heading\"><span class=\"ez-toc-section\" id=\"21_Cercado_de_animais_U_Vodaka\"><\/span>21. Cercado de animais U Vod\u00e1ka<span class=\"ez-toc-section-end\"><\/span><\/h3>\n\n\n\n<figure data-wp-context=\"{&quot;imageId&quot;:&quot;6a95632419be1&quot;}\" data-wp-interactive=\"core\/image\" data-wp-key=\"6a95632419be1\" class=\"wp-block-image size-full wp-lightbox-container\"><img decoding=\"async\" width=\"960\" height=\"640\" data-wp-class--hide=\"state.isContentHidden\" data-wp-class--show=\"state.isContentVisible\" data-wp-init=\"callbacks.setButtonStyles\" data-wp-on--click=\"actions.showLightbox\" data-wp-on--load=\"callbacks.setButtonStyles\" data-wp-on--pointerdown=\"actions.preloadImage\" data-wp-on--pointerenter=\"actions.preloadImageWithDelay\" data-wp-on--pointerleave=\"actions.cancelPreload\" data-wp-on-window--resize=\"callbacks.setButtonStyles\" src=\"https:\/\/loudavymkrokem.cz\/wp-content\/uploads\/2026\/08\/oburka-u-vodaka-danci.jpg\" alt=\"Gamos no cercado U Vod\u00e1ka nas Montanhas de P\u00edsek\" class=\"wp-image-399639\" title=\"\" srcset=\"https:\/\/loudavymkrokem.cz\/wp-content\/uploads\/2026\/08\/oburka-u-vodaka-danci.jpg 960w, https:\/\/loudavymkrokem.cz\/wp-content\/uploads\/2026\/08\/oburka-u-vodaka-danci-300x200.jpg 300w, https:\/\/loudavymkrokem.cz\/wp-content\/uploads\/2026\/08\/oburka-u-vodaka-danci-700x467.jpg 700w, https:\/\/loudavymkrokem.cz\/wp-content\/uploads\/2026\/08\/oburka-u-vodaka-danci-768x512.jpg 768w, https:\/\/loudavymkrokem.cz\/wp-content\/uploads\/2026\/08\/oburka-u-vodaka-danci-696x464.jpg 696w\" sizes=\"(max-width: 960px) 100vw, 960px\" \/><button\n\t\t\tclass=\"lightbox-trigger\"\n\t\t\ttype=\"button\"\n\t\t\taria-haspopup=\"dialog\"\n\t\t\tdata-wp-bind--aria-label=\"state.thisImage.triggerButtonAriaLabel\"\n\t\t\tdata-wp-init=\"callbacks.initTriggerButton\"\n\t\t\tdata-wp-on--click=\"actions.showLightbox\"\n\t\t\tdata-wp-style--right=\"state.thisImage.buttonRight\"\n\t\t\tdata-wp-style--top=\"state.thisImage.buttonTop\"\n\t\t>\n\t\t\t<svg xmlns=\"http:\/\/www.w3.org\/2000\/svg\" width=\"12\" height=\"12\" fill=\"none\" viewBox=\"0 0 12 12\">\n\t\t\t\t<path fill=\"#fff\" d=\"M2 0a2 2 0 0 0-2 2v2h1.5V2a.5.5 0 0 1 .5-.5h2V0H2Zm2 10.5H2a.5.5 0 0 1-.5-.5V8H0v2a2 2 0 0 0 2 2h2v-1.5ZM8 12v-1.5h2a.5.5 0 0 0 .5-.5V8H12v2a2 2 0 0 1-2 2H8Zm2-12a2 2 0 0 1 2 2v2h-1.5V2a.5.5 0 0 0-.5-.5H8V0h2Z\" \/>\n\t\t\t<\/svg>\n\t\t<\/button><\/figure>\n\n\n\n<p class=\"wp-block-paragraph\">Para fam\u00edlias que amam animais e natureza, um <strong>lindo destino de passeio \u00e9 o cercado florestal U Vod\u00e1ka<\/strong>, que fica na borda das Montanhas de P\u00edsek. \u00c9 a pouca dist\u00e2ncia da cidade, mas voc\u00ea se v\u00ea em plena tranquilidade da floresta.<\/p>\n\n\n\n<p class=\"wp-block-paragraph\">Do mirante e ao longo da cerca voc\u00ea pode <strong>observar gamos e mufl\u00f5es<\/strong>, que est\u00e3o acostumados \u00e0s pessoas, o que entret\u00e9m as crian\u00e7as com seguran\u00e7a por bastante tempo. Ao cercado leva um caminho florestal tranquilo, que at\u00e9 pernas pequenas conseguem; com carrinho, conte com terreno irregular.<\/p>\n\n\n\n<p class=\"wp-block-paragraph\">O melhor desse passeio \u00e9 que <strong>ele \u00e9 acess\u00edvel o ano inteiro e totalmente de gra\u00e7a<\/strong>, ent\u00e3o as fam\u00edlias locais v\u00eam para c\u00e1 at\u00e9 no inverno, com uma garrafa t\u00e9rmica de ch\u00e1, quando neva e os animais aparecem lindamente na floresta coberta de neve.<\/p>\n\n\n\n<h3 class=\"wp-block-heading\"><span class=\"ez-toc-section\" id=\"22_Labirinto_3D_Zivec\"><\/span>22. Labirinto 3D \u017divec<span class=\"ez-toc-section-end\"><\/span><\/h3>\n\n\n\n<figure data-wp-context=\"{&quot;imageId&quot;:&quot;6a9563241a2a3&quot;}\" data-wp-interactive=\"core\/image\" data-wp-key=\"6a9563241a2a3\" class=\"wp-block-image size-full wp-lightbox-container\"><img decoding=\"async\" width=\"1200\" height=\"600\" data-wp-class--hide=\"state.isContentHidden\" data-wp-class--show=\"state.isContentVisible\" data-wp-init=\"callbacks.setButtonStyles\" data-wp-on--click=\"actions.showLightbox\" data-wp-on--load=\"callbacks.setButtonStyles\" data-wp-on--pointerdown=\"actions.preloadImage\" data-wp-on--pointerenter=\"actions.preloadImageWithDelay\" data-wp-on--pointerleave=\"actions.cancelPreload\" data-wp-on-window--resize=\"callbacks.setButtonStyles\" src=\"https:\/\/loudavymkrokem.cz\/wp-content\/uploads\/2026\/08\/chata-zivec-3d-bludiste-pisecke-hory.jpg\" alt=\"Parque de cordas e labirinto 3D junto \u00e0 cabana \u017divec nas Montanhas de P\u00edsek\" class=\"wp-image-399626\" title=\"\" srcset=\"https:\/\/loudavymkrokem.cz\/wp-content\/uploads\/2026\/08\/chata-zivec-3d-bludiste-pisecke-hory.jpg 1200w, https:\/\/loudavymkrokem.cz\/wp-content\/uploads\/2026\/08\/chata-zivec-3d-bludiste-pisecke-hory-300x150.jpg 300w, https:\/\/loudavymkrokem.cz\/wp-content\/uploads\/2026\/08\/chata-zivec-3d-bludiste-pisecke-hory-700x350.jpg 700w, https:\/\/loudavymkrokem.cz\/wp-content\/uploads\/2026\/08\/chata-zivec-3d-bludiste-pisecke-hory-768x384.jpg 768w, https:\/\/loudavymkrokem.cz\/wp-content\/uploads\/2026\/08\/chata-zivec-3d-bludiste-pisecke-hory-696x348.jpg 696w\" sizes=\"(max-width: 1200px) 100vw, 1200px\" \/><button\n\t\t\tclass=\"lightbox-trigger\"\n\t\t\ttype=\"button\"\n\t\t\taria-haspopup=\"dialog\"\n\t\t\tdata-wp-bind--aria-label=\"state.thisImage.triggerButtonAriaLabel\"\n\t\t\tdata-wp-init=\"callbacks.initTriggerButton\"\n\t\t\tdata-wp-on--click=\"actions.showLightbox\"\n\t\t\tdata-wp-style--right=\"state.thisImage.buttonRight\"\n\t\t\tdata-wp-style--top=\"state.thisImage.buttonTop\"\n\t\t>\n\t\t\t<svg xmlns=\"http:\/\/www.w3.org\/2000\/svg\" width=\"12\" height=\"12\" fill=\"none\" viewBox=\"0 0 12 12\">\n\t\t\t\t<path fill=\"#fff\" d=\"M2 0a2 2 0 0 0-2 2v2h1.5V2a.5.5 0 0 1 .5-.5h2V0H2Zm2 10.5H2a.5.5 0 0 1-.5-.5V8H0v2a2 2 0 0 0 2 2h2v-1.5ZM8 12v-1.5h2a.5.5 0 0 0 .5-.5V8H12v2a2 2 0 0 1-2 2H8Zm2-12a2 2 0 0 1 2 2v2h-1.5V2a.5.5 0 0 0-.5-.5H8V0h2Z\" \/>\n\t\t\t<\/svg>\n\t\t<\/button><\/figure>\n\n\n\n<p class=\"wp-block-paragraph\">Nas florestas acima de P\u00edsek, bem ao lado da conhecida cabana \u017divec, surgiu um <strong>labirinto 3D \u00fanico, suspenso entre as \u00e1rvores<\/strong>. \u00c9 um sistema de passarelas suspensas e casinhas, completamente protegido por redes de seguran\u00e7a, ent\u00e3o voc\u00ea n\u00e3o precisa de nenhum equipamento de escalada nem capacetes.<\/p>\n\n\n\n<p class=\"wp-block-paragraph\">A atra\u00e7\u00e3o fica <strong>a uma altura de tr\u00eas metros e meio a seis metros do ch\u00e3o<\/strong>, o que garante uma boa dose de adrenalina. Crian\u00e7as de tr\u00eas a sete anos s\u00f3 podem entrar acompanhadas de um adulto; para os bem pequenos h\u00e1, embaixo, no ch\u00e3o, um pequeno parque de cordas florestal com uma casinha de cristal.<\/p>\n\n\n\n<p class=\"wp-block-paragraph\">O labirinto <strong>faz parte da trilha educativa Caminho das Pedras Preciosas e \u00e9 de livre acesso<\/strong>, ent\u00e3o voc\u00ea n\u00e3o paga nenhuma entrada. D\u00e1 para deixar o carro no estacionamento U T\u0159\u00ed rybn\u00edk\u016f ou U Honz\u00ed\u010dka e chegar aqui com um agrad\u00e1vel passeio pela floresta.<\/p>\n\n\n\n<h3 class=\"wp-block-heading\"><span class=\"ez-toc-section\" id=\"23_Torre-mirante_Jarnik\"><\/span>23. Torre-mirante Jarn\u00edk<span class=\"ez-toc-section-end\"><\/span><\/h3>\n\n\n\n<figure data-wp-context=\"{&quot;imageId&quot;:&quot;6a9563241a95d&quot;}\" data-wp-interactive=\"core\/image\" data-wp-key=\"6a9563241a95d\" class=\"wp-block-image size-full wp-lightbox-container\"><img decoding=\"async\" width=\"1000\" height=\"562\" data-wp-class--hide=\"state.isContentHidden\" data-wp-class--show=\"state.isContentVisible\" data-wp-init=\"callbacks.setButtonStyles\" data-wp-on--click=\"actions.showLightbox\" data-wp-on--load=\"callbacks.setButtonStyles\" data-wp-on--pointerdown=\"actions.preloadImage\" data-wp-on--pointerenter=\"actions.preloadImageWithDelay\" data-wp-on--pointerleave=\"actions.cancelPreload\" data-wp-on-window--resize=\"callbacks.setButtonStyles\" src=\"https:\/\/loudavymkrokem.cz\/wp-content\/uploads\/2026\/08\/rozhledna-jarnik-pisecke-hory.jpg\" alt=\"Torre-mirante Jarn\u00edk nas Montanhas de P\u00edsek em vista a\u00e9rea\" class=\"wp-image-399674\" title=\"\" srcset=\"https:\/\/loudavymkrokem.cz\/wp-content\/uploads\/2026\/08\/rozhledna-jarnik-pisecke-hory.jpg 1000w, https:\/\/loudavymkrokem.cz\/wp-content\/uploads\/2026\/08\/rozhledna-jarnik-pisecke-hory-300x169.jpg 300w, https:\/\/loudavymkrokem.cz\/wp-content\/uploads\/2026\/08\/rozhledna-jarnik-pisecke-hory-700x393.jpg 700w, https:\/\/loudavymkrokem.cz\/wp-content\/uploads\/2026\/08\/rozhledna-jarnik-pisecke-hory-768x432.jpg 768w, https:\/\/loudavymkrokem.cz\/wp-content\/uploads\/2026\/08\/rozhledna-jarnik-pisecke-hory-696x391.jpg 696w\" sizes=\"(max-width: 1000px) 100vw, 1000px\" \/><button\n\t\t\tclass=\"lightbox-trigger\"\n\t\t\ttype=\"button\"\n\t\t\taria-haspopup=\"dialog\"\n\t\t\tdata-wp-bind--aria-label=\"state.thisImage.triggerButtonAriaLabel\"\n\t\t\tdata-wp-init=\"callbacks.initTriggerButton\"\n\t\t\tdata-wp-on--click=\"actions.showLightbox\"\n\t\t\tdata-wp-style--right=\"state.thisImage.buttonRight\"\n\t\t\tdata-wp-style--top=\"state.thisImage.buttonTop\"\n\t\t>\n\t\t\t<svg xmlns=\"http:\/\/www.w3.org\/2000\/svg\" width=\"12\" height=\"12\" fill=\"none\" viewBox=\"0 0 12 12\">\n\t\t\t\t<path fill=\"#fff\" d=\"M2 0a2 2 0 0 0-2 2v2h1.5V2a.5.5 0 0 1 .5-.5h2V0H2Zm2 10.5H2a.5.5 0 0 1-.5-.5V8H0v2a2 2 0 0 0 2 2h2v-1.5ZM8 12v-1.5h2a.5.5 0 0 0 .5-.5V8H12v2a2 2 0 0 1-2 2H8Zm2-12a2 2 0 0 1 2 2v2h-1.5V2a.5.5 0 0 0-.5-.5H8V0h2Z\" \/>\n\t\t\t<\/svg>\n\t\t<\/button><\/figure>\n\n\n\n<p class=\"wp-block-paragraph\">J\u00e1 que voc\u00ea vai estar na cabana \u017divec, fa\u00e7a um passeio de cerca de setecentos metros pela trilha tur\u00edstica azul <strong>at\u00e9 a torre-mirante de ferro Jarn\u00edk<\/strong>, que se ergue a 606 metros de altitude. A subida at\u00e9 os pr\u00e9-escolares mais ativos conseguem; s\u00f3 aten\u00e7\u00e3o que l\u00e1 para cima levam 182 degraus bastante transparentes.<\/p>\n\n\n\n<p class=\"wp-block-paragraph\">Do mirante voc\u00ea tem uma <strong>vista maravilhosa de toda a regi\u00e3o de P\u00edsek e da \u0160umava<\/strong>, o que definitivamente vale o esfor\u00e7o. O acesso \u00e0 torre \u00e9 gratuito, mas nos meses de inverno e fora da alta temporada ela costuma ficar trancada, e voc\u00ea precisa pegar as chaves justamente na cabana \u017divec.<\/p>\n\n\n\n<p class=\"wp-block-paragraph\">\ud83d\udca1 <strong>Dica:<\/strong> se voc\u00ea planeja juntar o passeio com o almo\u00e7o, confira antes o hor\u00e1rio de funcionamento do restaurante da cabana \u017divec, porque no regime de inverno costumam abrir s\u00f3 de sexta a domingo.<\/p>\n\n\n\n<h3 class=\"wp-block-heading\"><span class=\"ez-toc-section\" id=\"24_Pista_de_bolinhas_de_gude_Hradiste\"><\/span>24. Pista de bolinhas de gude Hradi\u0161t\u011b<span class=\"ez-toc-section-end\"><\/span><\/h3>\n\n\n\n<p class=\"wp-block-paragraph\">Nas florestas perif\u00e9ricas de Hradi\u0161t\u011b, onde ficava um forte pr\u00e9-hist\u00f3rico, surgiu em agosto de 2025 uma <strong>fant\u00e1stica pista florestal de bolinhas de gude de quarenta metros<\/strong>. Est\u00e1 incrivelmente integrada ao terreno natural, cruzando tocos e desn\u00edveis, e as crian\u00e7as conseguem correr para cima e para baixo em torno dela por longas horas.<\/p>\n\n\n\n<p class=\"wp-block-paragraph\">Ao contr\u00e1rio da pista de bolinhas na orla, aqui <strong>n\u00e3o h\u00e1 nenhuma m\u00e1quina, ent\u00e3o voc\u00ea precisa trazer as bolinhas de casa<\/strong>, de prefer\u00eancia as maiores, de madeira ou de vidro. A pista faz parte de trilhas esportivas mais amplas na floresta, ent\u00e3o voc\u00ea vai esbarrar tamb\u00e9m em v\u00e1rios equipamentos de exerc\u00edcio.<\/p>\n\n\n\n<p class=\"wp-block-paragraph\">O passeio pela floresta em Hradi\u0161t\u011b \u00e9 <strong>muito relaxante e voc\u00ea consegue faz\u00ea-lo at\u00e9 com um carrinho todo-terreno<\/strong>; s\u00f3 conte com uma leve subida, porque a pista foi constru\u00edda em encosta, para que as bolinhas tenham a velocidade certa.<\/p>\n\n\n\n<!-- LKM_GYG_CARD start q=\"pisek detmi\" lang=\"pt-br\" rendered=\"2026-08-31T09:39:04+00:00\" v=\"1\" -->\n<style id=\"lk-gyg-styles\">\n@import url(\"https:\/\/fonts.googleapis.com\/css2?family=Playfair+Display:wght@700&family=DM+Sans:wght@300;400;500;600&display=swap\");\n\/* === LK GYG karty \u2014 CRO redesign 2026-05 (namespace .lkx-) ===\n   C\u00edl: vy\u0161\u0161\u00ed CTR (hero + v\u00fdrazn\u00fd social proof + ak\u010dn\u00ed CTA, m\u00e9n\u011b \"reklamn\u00ed\").\n   Injektuje se inline do prvn\u00edho markeru postu (refresh_cards.py --inline-css). *\/\n.lkx-module, .lkx-module *{box-sizing:border-box;margin:0;padding:0}\n.lkx-module{\n  font-family:'DM Sans',-apple-system,Segoe UI,Roboto,Georgia,sans-serif;\n  max-width:860px;margin:2.5rem auto;color:#1f2328;\n}\n\n\/* HEADER \u2014 lehk\u00fd editorsk\u00fd, \u017e\u00e1dn\u00fd bannerov\u00fd blok; nadpis + popisek pod n\u00edm *\/\n.lkx-head{margin-bottom:16px}\n.lkx-head-main{display:flex;align-items:center;gap:10px}\n.lkx-head-accent{width:26px;height:3px;border-radius:2px;background:#c39f76;flex-shrink:0}\n.lkx-head-title{font-family:'Playfair Display',Georgia,serif;font-size:21px;font-weight:700;color:#1a1a1a;line-height:1.25}\n.lkx-head-meta{display:block;font-size:11px;letter-spacing:.3px;color:#9aa0a6;margin-top:4px;margin-left:36px}\n\n\/* HERO *\/\n.lkx-hero{display:grid;grid-template-columns:300px 1fr;background:#fff;border:1px solid #ece7df;border-radius:14px;overflow:hidden;text-decoration:none!important;color:inherit;box-shadow:0 6px 20px rgba(0,0,0,.06);transition:box-shadow .2s,transform .2s;margin-bottom:14px}\n.lkx-hero:hover{box-shadow:0 12px 30px rgba(0,0,0,.12);transform:translateY(-2px)}\n.lkx-hero-img{position:relative;min-height:230px;background-size:cover;background-position:center;background-color:#eee}\n.lkx-hero-body{padding:22px 24px;display:flex;flex-direction:column}\n.lkx-pick{position:absolute;top:12px;left:12px;background:#1a1a1a;color:#fff;font-size:11px;font-weight:700;letter-spacing:.5px;padding:5px 11px;border-radius:20px}\n\n\/* TITLE *\/\n.lkx-title{font-size:19px;font-weight:700;color:#161616;line-height:1.3}\n.lkx-title-sm{font-size:14.5px;line-height:1.35;display:-webkit-box;-webkit-line-clamp:2;-webkit-box-orient:vertical;overflow:hidden}\n\n\/* SOCIAL PROOF \u2014 v\u00fdrazn\u011b, naho\u0159e *\/\n.lkx-proof{display:flex;align-items:center;gap:7px;margin-top:12px;font-size:15px;color:#3a3a3a}\n.lkx-proof b{font-size:16px;color:#161616}\n.lkx-stars{color:#f5a623;letter-spacing:1px}\n.lkx-proof-sm{font-size:12.5px;margin-top:8px;gap:5px}\n.lkx-proof-sm b{font-size:13px}\n.lkx-proof-new{color:#3685fc;font-weight:600}\n\n\/* PRICE \u2014 n\u00edzk\u00e1 kotva *\/\n.lkx-price{font-size:14px;color:#6b7280}\n.lkx-price b{font-size:20px;color:#161616;font-weight:700}\n.lkx-price-sm b{font-size:15px}\n\n\/* CTA \u2014 tepl\u00e9 ak\u010dn\u00ed tla\u010d\u00edtko *\/\n.lkx-cta{display:inline-flex;align-items:center;justify-content:center;text-decoration:none!important;font-weight:700;color:#fff!important;background:linear-gradient(135deg,#f6743f,#e8552a);border-radius:10px;box-shadow:0 6px 16px rgba(232,85,42,.32);transition:box-shadow .2s}\n.lkx-cta-hero{font-size:15px;padding:13px 22px}\n.lkx-hero:hover .lkx-cta-hero{box-shadow:0 8px 22px rgba(232,85,42,.45)}\n.lkx-cta-sm{font-size:12.5px;padding:9px 14px;width:100%;margin-top:2px}\n.lkx-hero-bottom{margin-top:auto;padding-top:18px;display:flex;align-items:center;justify-content:space-between;gap:14px;flex-wrap:wrap}\n\n\/* BADGE \u2014 jeden v\u00fdrazn\u00fd na fotce *\/\n.lkx-badge{position:absolute;top:12px;right:12px;font-size:10.5px;font-weight:700;letter-spacing:.3px;padding:5px 10px;border-radius:16px;color:#fff}\n.lkx-badge.badge-urgency{background:rgba(214,40,40,.92)}\n.lkx-badge.badge-new{background:rgba(54,133,252,.92)}\n.lkx-badge.badge-top{background:rgba(195,159,118,.95)}\n.lkx-badge.badge-info{background:rgba(40,40,40,.78)}\n\n\/* SECONDARY GRID *\/\n.lkx-grid{display:grid;grid-template-columns:1fr 1fr;gap:14px}\n.lkx-card{background:#fff;border:1px solid #ece7df;border-radius:14px;overflow:hidden;text-decoration:none!important;color:inherit;box-shadow:0 4px 14px rgba(0,0,0,.05);display:flex;flex-direction:column;transition:box-shadow .2s,transform .2s}\n.lkx-card:hover{box-shadow:0 10px 24px rgba(0,0,0,.1);transform:translateY(-2px)}\n.lkx-card-img{position:relative;aspect-ratio:16\/10;background-size:cover;background-position:center;background-color:#eee}\n.lkx-card-body{padding:14px 16px 16px;display:flex;flex-direction:column;gap:7px;flex:1}\n.lkx-card-bottom{margin-top:auto;padding-top:10px;display:flex;align-items:center;justify-content:space-between;gap:8px}\n\n\/* DISCLOSURE \u2014 drobn\u00e1, kv\u016fli d\u016fv\u011b\u0159e\/z\u00e1konu *\/\n.lkx-disclosure{font-size:11px;color:#a7adb3;text-align:center;margin-top:14px;line-height:1.6}\n.lkx-disclosure a{color:#c39f76;text-decoration:none}\n\n@media(max-width:680px){\n  .lkx-hero{grid-template-columns:1fr}\n  .lkx-hero-img{min-height:180px}\n  .lkx-grid{grid-template-columns:1fr}\n  .lkx-head-meta{margin-left:0;width:100%}\n  .lkx-head-title{font-size:19px}\n}\n\n<\/style>\n<div class=\"lkx-module\" data-query=\"pisek detmi\">\n  <div class=\"lkx-head\">\n    <div class=\"lkx-head-main\">\n      <span class=\"lkx-head-accent\"><\/span>\n      <span class=\"lkx-head-title\">Experi\u00eancias e ingressos<\/span>\n    <\/div>\n    <span class=\"lkx-head-meta\">avaliado por viajantes \u00b7 GetYourGuide<\/span>\n  <\/div><a class=\"lkx-hero\" href=\"https:\/\/www.getyourguide.com\/pt-br\/pisa-l157\/pisa-ingresso-para-a-torre-inclinada-e-a-catedral-t51230\/?partner_id=MKZ64IS&amp;utm_medium=online_publisher&amp;cmp=pisek-com-criancas\" target=\"_blank\" rel=\"sponsored noopener nofollow\">\n    <div class=\"lkx-hero-img\" style=\"background-image:url('https:\/\/cdn.getyourguide.com\/img\/tour\/54f3f0c6a2ddb2ef.jpeg\/132.jpg')\" role=\"img\" aria-label=\"Pisa: Ingresso para a Torre Inclinada e a Catedral\">\n      <span class=\"lkx-pick\">\u2605 Nossa escolha<\/span><\/div>\n    <div class=\"lkx-hero-body\">\n      <div class=\"lkx-title\">Pisa: Ingresso para a Torre Inclinada e a Catedral<\/div>\n      <div class=\"lkx-proof\">\n      <span class=\"lkx-stars\">\u2605\u2605\u2605\u2605\u2605<\/span>\n      <b>4.5<\/b> \u00b7 14 186 avalia\u00e7\u00f5es\n    <\/div>\n      <div class=\"lkx-hero-bottom\"><div class=\"lkx-price\">a partir de <b>\u20ac\u00a024<\/b><\/div><span class=\"lkx-cta lkx-cta-hero\">Quero viver isso \u2192<\/span>\n      <\/div>\n    <\/div>\n  <\/a><div class=\"lkx-grid\"><a class=\"lkx-card\" href=\"https:\/\/www.getyourguide.com\/pt-br\/pisa-l157\/pisa-ingresso-monumentos-da-praca-dos-milagres-com-a-torre-inclinada-t429972\/?partner_id=MKZ64IS&amp;utm_medium=online_publisher&amp;cmp=pisek-com-criancas\" target=\"_blank\" rel=\"sponsored noopener nofollow\">\n      <div class=\"lkx-card-img\" style=\"background-image:url('https:\/\/cdn.getyourguide.com\/img\/tour\/6316fe2f94af9.jpeg\/132.jpg')\" role=\"img\" aria-label=\"Pisa: Ingresso Monumentos da Pra\u00e7a dos Milagres com a Torre Inclinada\"><\/div>\n      <div class=\"lkx-card-body\">\n        <div class=\"lkx-title lkx-title-sm\">Pisa: Ingresso Monumentos da Pra\u00e7a dos Milagres com a Torre Inclinada<\/div>\n        <div class=\"lkx-proof lkx-proof-sm\">\n      <span class=\"lkx-stars\">\u2605<\/span>\n      <b>4.6<\/b> \u00b7 1 293\n    <\/div>\n        <div class=\"lkx-card-bottom\"><span class=\"lkx-price lkx-price-sm\">a partir de <b>\u20ac\u00a037<\/b><\/span><span class=\"lkx-cta lkx-cta-sm\">Ver datas \u2192<\/span>\n        <\/div>\n      <\/div>\n    <\/a><a class=\"lkx-card\" href=\"https:\/\/www.getyourguide.com\/pt-br\/pisa-l157\/pisa-entrada-com-hora-marcada-bilhetes-para-a-torre-inclinada-e-a-catedral-t429970\/?partner_id=MKZ64IS&amp;utm_medium=online_publisher&amp;cmp=pisek-com-criancas\" target=\"_blank\" rel=\"sponsored noopener nofollow\">\n      <div class=\"lkx-card-img\" style=\"background-image:url('https:\/\/cdn.getyourguide.com\/img\/tour\/6316f7d9b873b.jpeg\/132.jpg')\" role=\"img\" aria-label=\"Pisa: Bilhetes para a Torre Inclinada e para a Catedral com entrada programada\"><\/div>\n      <div class=\"lkx-card-body\">\n        <div class=\"lkx-title lkx-title-sm\">Pisa: Bilhetes para a Torre Inclinada e para a Catedral com entrada programada<\/div>\n        <div class=\"lkx-proof lkx-proof-sm\">\n      <span class=\"lkx-stars\">\u2605<\/span>\n      <b>4.4<\/b> \u00b7 3 038\n    <\/div>\n        <div class=\"lkx-card-bottom\"><span class=\"lkx-price lkx-price-sm\">a partir de <b>\u20ac\u00a030<\/b><\/span><span class=\"lkx-cta lkx-cta-sm\">Ver datas \u2192<\/span>\n        <\/div>\n      <\/div>\n    <\/a><\/div><div class=\"lkx-disclosure\">\ud83d\udd17 Links de afiliados \u2014 n\u00e3o mudam seu pre\u00e7o e nos ajudam a criar conte\u00fado. \u00b7 <a href=\"https:\/\/www.getyourguide.com\/pt-br\/s\/?q=pisek+detmi&amp;partner_id=MKZ64IS&amp;utm_medium=online_publisher\" target=\"_blank\" rel=\"sponsored noopener nofollow\">Todas as experi\u00eancias \u2192<\/a><\/div>\n<\/div>\n<!-- LKM_GYG_CARD end -->\n\n\n\n\n<div class=\"lk-stays-module\">\n<style>\n\/* \u2500\u2500\u2500 RESET PRO GUTENBERG \u2500\u2500\u2500 *\/\n.lk-stays-module * { box-sizing: border-box; margin: 0; padding: 0; }\n\n\/* \u2500\u2500\u2500 WRAPPER \u2500\u2500\u2500 *\/\n.lk-stays-module {\n  font-family: 'DM Sans', Georgia, sans-serif;\n  max-width: 100%;\n  margin: 2.5rem auto;\n  background: linear-gradient(135deg, #fdfaf5 0%, #fcf8f0 100%);\n  border: 1px solid #e8dfd4;\n  border-radius: 16px;\n  overflow: hidden;\n  box-shadow: 0 16px 48px rgba(195, 159, 118, 0.25), 0 4px 12px rgba(0,0,0,0.08);\n}\n\n\/* \u2500\u2500\u2500 HEADER \u2500\u2500\u2500 *\/\n.lk-stays-header {\n  position: relative;\n  padding: 24px 36px 24px;\n  background: linear-gradient(135deg, #c39f76 0%, #d4b188 60%, #c39f76 100%);\n  border-bottom: 1px solid rgba(255,255,255,.15);\n  display: flex;\n  align-items: center;\n  gap: 18px;\n}\n.lk-stays-header::before {\n  content: '';\n  position: absolute;\n  inset: 0;\n  background: url(\"data:image\/svg+xml,%3Csvg width='60' height='60' viewBox='0 0 60 60' xmlns='http:\/\/www.w3.org\/2000\/svg'%3E%3Cg fill='none' fill-rule='evenodd'%3E%3Cg fill='%23ffffff' fill-opacity='0.05'%3E%3Cpath d='M36 34v-4h-2v4h-4v2h4v4h2v-4h4v-2h-4zm0-30V0h-2v4h-4v2h4v4h2V6h4V4h-4zM6 34v-4H4v4H0v2h4v4h2v-4h4v-2H6zM6 4V0H4v4H0v2h4v4h2V6h4V4H6z'\/%3E%3C\/g%3E%3C\/g%3E%3C\/svg%3E\") repeat;\n  pointer-events: none;\n}\n.lk-stays-icon {\n  flex-shrink: 0;\n  width: 68px;\n  height: 68px;\n  border-radius: 14px;\n  background: linear-gradient(135deg, #fff 0%, #f9f6f0 100%);\n  display: flex;\n  align-items: center;\n  justify-content: center;\n  font-size: 26px;\n  box-shadow: 0 4px 12px rgba(0,0,0,0.15);\n}\n.lk-stays-eyebrow {\n  font-size: 10px;\n  font-weight: 500;\n  letter-spacing: 2.5px;\n  text-transform: uppercase;\n  color: rgba(255,255,255,.85);\n  margin: 0 0 5px 0;\n}\n.lk-stays-title {\n  font-family: 'Playfair Display', Georgia, serif;\n  font-size: 24px;\n  font-weight: 700;\n  color: #fff;\n  line-height: 1.2;\n  text-shadow: 0 1px 2px rgba(0,0,0,0.1);\n  margin: 0;\n}\n.lk-stays-subtitle {\n  font-size: 13px;\n  color: rgba(255,255,255,.75);\n  margin: 4px 0 0 0;\n  font-weight: 300;\n}\n\n\/* \u2500\u2500\u2500 CARDS GRID \u2500\u2500\u2500 *\/\n.lk-stays-grid {\n  display: grid;\n  grid-template-columns: 1fr 1fr;\n  gap: 1px;\n  background: rgba(195, 159, 118, 0.12);\n}\n\n\/* \u2500\u2500\u2500 SINGLE CARD \u2500\u2500\u2500 *\/\n.lk-stay-card {\n  background: #ffffff;\n  padding: 26px;\n  display: flex;\n  flex-direction: column;\n  gap: 11px;\n  transition: all 0.3s ease;\n  text-decoration: none;\n  color: inherit;\n  position: relative;\n}\n.lk-stay-card:hover {\n  background: #fffbf5;\n  transform: translateY(-2px);\n  box-shadow: 0 8px 24px rgba(195, 159, 118, 0.18);\n  z-index: 1;\n}\n.lk-stay-card.featured {\n  background: linear-gradient(135deg, #fffdf9 0%, #fff9f0 100%);\n  box-shadow: 0 4px 16px rgba(195, 159, 118, 0.15), inset 0 1px 0 rgba(195, 159, 118, 0.1);\n}\n.lk-stay-card.featured:hover {\n  background: linear-gradient(135deg, #fffbf5 0%, #fff8ed 100%);\n  box-shadow: 0 8px 24px rgba(195, 159, 118, 0.25), inset 0 1px 0 rgba(195, 159, 118, 0.15);\n}\n\n.lk-stay-badge {\n  display: inline-flex;\n  align-items: center;\n  gap: 5px;\n  font-size: 10px;\n  font-weight: 500;\n  letter-spacing: 1.5px;\n  text-transform: uppercase;\n  padding: 5px 11px;\n  border-radius: 20px;\n  width: fit-content;\n}\n.badge-top     { background: linear-gradient(135deg, #c39f76 0%, #d4b188 100%); color: #fff; border: 1px solid #c39f76; font-weight: 600; box-shadow: 0 2px 8px rgba(195,159,118,0.3); }\n.badge-luxury  { background: rgba(195,159,118,.12); color: #c39f76; border: 1px solid rgba(195,159,118,.25); }\n.badge-boutique{ background: rgba(54,133,252,.08); color: #3685fc; border: 1px solid rgba(54,133,252,.2); }\n.badge-nature  { background: rgba(130,190,100,.1); color: #6b9c4a; border: 1px solid rgba(130,190,100,.2); }\n.badge-remote  { background: rgba(195,159,118,.12); color: #a67e50; border: 1px solid rgba(195,159,118,.25); }\n\n.lk-stay-name {\n  font-family: 'Playfair Display', Georgia, serif;\n  font-size: 18px;\n  font-weight: 700;\n  color: #111827;\n  line-height: 1.3;\n}\n.lk-stay-desc {\n  font-size: 13.5px;\n  color: #525252;\n  line-height: 1.65;\n  font-weight: 300;\n  flex: 1;\n}\n\n.lk-stay-meta {\n  display: flex;\n  align-items: center;\n  gap: 12px;\n  flex-wrap: wrap;\n  margin-top: 4px;\n}\n.lk-stay-price {\n  font-size: 13px;\n  color: #6b7280;\n}\n.lk-stay-price strong {\n  color: #c39f76;\n  font-weight: 500;\n}\n.lk-stay-stars {\n  color: #c39f76;\n  font-size: 11px;\n  letter-spacing: 1px;\n}\n\n\/* \u2500\u2500\u2500 CTA BUTTON \u2500\u2500\u2500 *\/\n.lk-stay-cta {\n  display: inline-flex;\n  align-items: center;\n  justify-content: center;\n  gap: 7px;\n  margin-top: 8px;\n  padding: 11px 20px;\n  border-radius: 8px;\n  background: linear-gradient(135deg, #3685fc 0%, #2a6fd9 100%);\n  color: #fff;\n  font-size: 13px;\n  font-weight: 500;\n  text-decoration: none;\n  letter-spacing: .3px;\n  transition: all .2s ease;\n  cursor: pointer;\n  border: none;\n  text-align: center;\n  box-shadow: 0 4px 12px rgba(54, 133, 252, 0.25);\n}\n.lk-stay-cta:hover {\n  background: linear-gradient(135deg, #2a6fd9 0%, #1e5bc4 100%);\n  transform: translateY(-1px);\n  box-shadow: 0 6px 16px rgba(54, 133, 252, 0.35);\n}\n.lk-stay-cta svg { flex-shrink: 0; }\n\n\/* \u2500\u2500\u2500 FOOTER \u2500\u2500\u2500 *\/\n.lk-stays-footer {\n  padding: 18px 36px;\n  background: linear-gradient(to bottom, #fdfaf5 0%, #f9f4ed 100%);\n  border-top: 1px solid rgba(195, 159, 118, 0.15);\n  display: flex;\n  align-items: center;\n  justify-content: space-between;\n  flex-wrap: wrap;\n  gap: 12px;\n}\n.lk-stays-footer-note {\n  font-size: 11.5px;\n  color: #6b7280;\n  font-weight: 300;\n  line-height: 1.5;\n}\n.lk-stays-footer-note a {\n  color: #c39f76;\n  text-decoration: none;\n  font-weight: 400;\n}\n.lk-stays-footer-note a:hover {\n  text-decoration: underline;\n}\n.lk-stays-all-btn {\n  display: inline-flex;\n  align-items: center;\n  gap: 6px;\n  font-size: 12.5px;\n  font-weight: 500;\n  color: #c39f76;\n  text-decoration: none;\n  border: 1px solid rgba(195, 159, 118, 0.35);\n  padding: 8px 18px;\n  border-radius: 8px;\n  transition: all .2s ease;\n}\n.lk-stays-all-btn:hover {\n  background: rgba(195, 159, 118, 0.08);\n  border-color: rgba(195, 159, 118, 0.5);\n}\n\n\/* \u2500\u2500\u2500 RESPONSIVE \u2500\u2500\u2500 *\/\n@media (max-width: 600px) {\n  .lk-stays-grid { grid-template-columns: 1fr; }\n  .lk-stays-header { padding: 24px 20px; }\n  .lk-stays-footer { padding: 16px 20px; }\n  .lk-stay-card { padding: 22px; }\n  .lk-stays-title { font-size: 20px; }\n}\n<\/style>\n\n  <!-- HEADER -->\n  <div class=\"lk-stays-header\">\n    <img decoding=\"async\" src=\"https:\/\/loudavymkrokem.cz\/wp-content\/uploads\/2026\/02\/lukas-a-lucka.jpg\" alt=\"\" style=\"width: 75px; height: 75px; border-radius: 8px; flex-shrink: 0; object-fit: cover; display: block; margin: 4px 0;\" title=\"\">\n    <div class=\"lk-stays-header-text\">\n      <div class=\"lk-stays-eyebrow\">Luk\u00e1\u0161 e Lucie recomendam<\/div>\n      <div class=\"lk-stays-title\">Onde se hospedar em P\u00edsek<\/div>\n      <div class=\"lk-stays-subtitle\">5 acomoda\u00e7\u00f5es \u2014 hot\u00e9is e outras op\u00e7\u00f5es de hospedagem<\/div>\n    <\/div>\n  <\/div>\n\n  <!-- CARDS -->\n  <div class=\"lk-stays-grid\">\n\n    <a class=\"lk-stay-card featured\" href=\"https:\/\/www.stay22.com\/allez\/roam?aid=lukaskonecny&#038;campaign=loudavymkrokemcz&#038;campaign=pt-br&#038;campaign=pisek-s-detmi&#038;hotelname=Hotel%20Biograf&#038;address=P%C3%ADsek%2C%20%C4%8Cesko\" target=\"_blank\" rel=\"nofollow noopener\">\n      <span class=\"lk-stay-badge badge-top\">\u2b50 MELHOR ESCOLHA<\/span>\n      <span class=\"lk-stay-badge badge-nature\">\ud83c\udfe8 Hotel<\/span>\n      <div class=\"lk-stay-name\">Hotel Biograf<\/div>\n      <div class=\"lk-stay-desc\">Hotel quatro estrelas perto do centro com nota 8,6 no Booking e sauna para relaxamento noturno.<\/div>\n      <div class=\"lk-stay-meta\">\n        <span class=\"lk-stay-stars\">\u2605\u2605\u2605\u2605<\/span>\n        <span class=\"lk-stay-price\">Verificar pre\u00e7os<\/span>\n      <\/div>\n      <span class=\"lk-stay-cta\">\n        <svg width=\"14\" height=\"14\" viewBox=\"0 0 24 24\" fill=\"none\" stroke=\"currentColor\" stroke-width=\"2\"><path d=\"M18 13v6a2 2 0 0 1-2 2H5a2 2 0 0 1-2-2V8a2 2 0 0 1 2-2h6\"\/><polyline points=\"15 3 21 3 21 9\"\/><line x1=\"10\" y1=\"14\" x2=\"21\" y2=\"3\"\/><\/svg>\n        Verificar disponibilidade\n      <\/span>\n    <\/a>\n\n    <a class=\"lk-stay-card\" href=\"https:\/\/www.stay22.com\/allez\/roam?aid=lukaskonecny&#038;campaign=loudavymkrokemcz&#038;campaign=pt-br&#038;campaign=piseksdetmi&#038;address=P%C3%ADsek&#038;hotelname=Hotel+Otava&#038;search=Hotel+Otava&#038;category=accommodation\" target=\"_blank\" rel=\"nofollow noopener\">\n      <span class=\"lk-stay-badge badge-nature\">\ud83c\udfe8 Hotel<\/span>\n      <div class=\"lk-stay-name\">Hotel Otava<\/div>\n      <div class=\"lk-stay-desc\">Hotel hist\u00f3rico com pinturas de Ale\u0161 na fachada ap\u00f3s reforma, com Caf\u00e9 Otava no t\u00e9rreo.<\/div>\n      <div class=\"lk-stay-meta\">\n        <span class=\"lk-stay-stars\">\u2605\u2605\u2605\u2605<\/span>\n        <span class=\"lk-stay-price\">Verificar pre\u00e7os<\/span>\n      <\/div>\n      <span class=\"lk-stay-cta\">\n        <svg width=\"14\" height=\"14\" viewBox=\"0 0 24 24\" fill=\"none\" stroke=\"currentColor\" stroke-width=\"2\"><path d=\"M18 13v6a2 2 0 0 1-2 2H5a2 2 0 0 1-2-2V8a2 2 0 0 1 2-2h6\"\/><polyline points=\"15 3 21 3 21 9\"\/><line x1=\"10\" y1=\"14\" x2=\"21\" y2=\"3\"\/><\/svg>\n        Verificar disponibilidade\n      <\/span>\n    <\/a>\n\n    <a class=\"lk-stay-card\" href=\"https:\/\/www.stay22.com\/allez\/roam?aid=lukaskonecny&#038;campaign=loudavymkrokemcz&#038;campaign=pt-br&#038;campaign=pisek-s-detmi&#038;hotelname=Hotel%20U%20Kapli%C4%8Dky&#038;address=P%C3%ADsek%2C%20%C4%8Cesko\" target=\"_blank\" rel=\"nofollow noopener\">\n      <span class=\"lk-stay-badge badge-nature\">\ud83c\udfe8 Hotel<\/span>\n      <div class=\"lk-stay-name\">Hotel U Kapli\u010dky<\/div>\n      <div class=\"lk-stay-desc\">Hotel moderno com experi\u00eancia gastron\u00f4mica, restaurante Chapelle est\u00e1 no Guia Michelin.<\/div>\n      <div class=\"lk-stay-meta\">\n        <span class=\"lk-stay-stars\">\u2605\u2605\u2605\u2605<\/span>\n        <span class=\"lk-stay-price\">Verificar pre\u00e7os<\/span>\n      <\/div>\n      <span class=\"lk-stay-cta\">\n        <svg width=\"14\" height=\"14\" viewBox=\"0 0 24 24\" fill=\"none\" stroke=\"currentColor\" stroke-width=\"2\"><path d=\"M18 13v6a2 2 0 0 1-2 2H5a2 2 0 0 1-2-2V8a2 2 0 0 1 2-2h6\"\/><polyline points=\"15 3 21 3 21 9\"\/><line x1=\"10\" y1=\"14\" x2=\"21\" y2=\"3\"\/><\/svg>\n        Verificar disponibilidade\n      <\/span>\n    <\/a>\n\n    <a class=\"lk-stay-card\" href=\"https:\/\/www.stay22.com\/allez\/roam?aid=lukaskonecny&#038;campaign=loudavymkrokemcz&#038;campaign=pt-br&#038;campaign=pisek-s-detmi&#038;hotelname=Penzion%20Sport&#038;address=P%C3%ADsek%2C%20%C4%8Cesko\" target=\"_blank\" rel=\"nofollow noopener\">\n      <span class=\"lk-stay-badge badge-nature\">\ud83c\udfe1 Pousada\/B&#038;B<\/span>\n      <div class=\"lk-stay-name\">Penzion Sport<\/div>\n      <div class=\"lk-stay-desc\">Pousada \u00e0 beira do rio no complexo da piscina p\u00fablica, ideal para nadar. Restaurante com terra\u00e7o a poucos passos das piscinas.<\/div>\n      <div class=\"lk-stay-meta\">\n        <span class=\"lk-stay-stars\">\u2605\u2605\u2605\u2605<\/span>\n        <span class=\"lk-stay-price\">Verificar pre\u00e7os<\/span>\n      <\/div>\n      <span class=\"lk-stay-cta\">\n        <svg width=\"14\" height=\"14\" viewBox=\"0 0 24 24\" fill=\"none\" stroke=\"currentColor\" stroke-width=\"2\"><path d=\"M18 13v6a2 2 0 0 1-2 2H5a2 2 0 0 1-2-2V8a2 2 0 0 1 2-2h6\"\/><polyline points=\"15 3 21 3 21 9\"\/><line x1=\"10\" y1=\"14\" x2=\"21\" y2=\"3\"\/><\/svg>\n        Verificar disponibilidade\n      <\/span>\n    <\/a>\n\n    <a class=\"lk-stay-card\" href=\"https:\/\/www.stay22.com\/allez\/roam?aid=lukaskonecny&#038;campaign=loudavymkrokemcz&#038;campaign=pt-br&#038;campaign=piseksdetmi&#038;address=p\u00edsek\" target=\"_blank\" rel=\"nofollow noopener\">\n      <span class=\"lk-stay-badge badge-nature\">\ud83d\udd0d Buscar<\/span>\n      <div class=\"lk-stay-name\">Ver todas as acomoda\u00e7\u00f5es em P\u00edsek<\/div>\n      <div class=\"lk-stay-desc\">Explore todas as op\u00e7\u00f5es de hospedagem dispon\u00edveis em P\u00edsek e encontre a melhor de acordo com suas prefer\u00eancias e or\u00e7amento.<\/div>\n      <div class=\"lk-stay-meta\">\n        <span class=\"lk-stay-stars\">\u2605\u2605\u2605\u2605<\/span>\n        <span class=\"lk-stay-price\">Comparar pre\u00e7os<\/span>\n      <\/div>\n      <span class=\"lk-stay-cta\">\n        <svg width=\"14\" height=\"14\" viewBox=\"0 0 24 24\" fill=\"none\" stroke=\"currentColor\" stroke-width=\"2\"><path d=\"M18 13v6a2 2 0 0 1-2 2H5a2 2 0 0 1-2-2V8a2 2 0 0 1 2-2h6\"\/><polyline points=\"15 3 21 3 21 9\"\/><line x1=\"10\" y1=\"14\" x2=\"21\" y2=\"3\"\/><\/svg>\n        Verificar disponibilidade\n      <\/span>\n    <\/a>\n\n  <\/div>\n\n  \n<\/div>\n\n\n\n\n<h3 class=\"wp-block-heading\"><span class=\"ez-toc-section\" id=\"25_Caixa_de_areia_gigante_do_Vystaviste\"><\/span>25. Caixa de areia gigante do V\u00fdstavi\u0161t\u011b<span class=\"ez-toc-section-end\"><\/span><\/h3>\n\n\n\n<p class=\"wp-block-paragraph\">Se voc\u00ea tem em casa um construtor obstinado de castelos de areia, leve-o \u00e0 \u00e1rea do parque de exposi\u00e7\u00f5es (V\u00fdstavi\u0161t\u011b) de P\u00edsek, onde h\u00e1 uma <strong>caixa de areia p\u00fablica absolutamente gigante<\/strong>. \u00c9 uma \u00e1rea de areia t\u00e3o grande que dezenas de crian\u00e7as brincam ali ao mesmo tempo sem se atrapalhar.<\/p>\n\n\n\n<p class=\"wp-block-paragraph\">A vantagem desse lugar \u00e9 o <strong>estacionamento enorme e muito barato bem ao lado<\/strong>, ent\u00e3o voc\u00ea n\u00e3o precisa carregar brinquedos, formas de bolo de areia e patinetes por longas dist\u00e2ncias. A caixa de areia ainda \u00e9 parcialmente sombreada por \u00e1rvores, ent\u00e3o d\u00e1 para aguentar ali mesmo no calor de ver\u00e3o.<\/p>\n\n\n\n<p class=\"wp-block-paragraph\">Ainda por cima, fica a <strong>apenas alguns minutos a p\u00e9 do rio e do centro<\/strong>, ent\u00e3o voc\u00ea pode facilmente junt\u00e1-lo com outras atividades em P\u00edsek.<\/p>\n\n\n\n<h2 class=\"wp-block-heading\"><span class=\"ez-toc-section\" id=\"Passeios_com_criancas_nos_arredores_de_Pisek\"><\/span>Passeios com crian\u00e7as nos arredores de P\u00edsek<span class=\"ez-toc-section-end\"><\/span><\/h2>\n\n\n\n<p class=\"wp-block-paragraph\">Todos esses lugares ficam a no m\u00e1ximo 45 minutos de carro, ent\u00e3o d\u00e1 para faz\u00ea-los como passeios de um dia.<\/p>\n\n\n\n<h3 class=\"wp-block-heading\"><span class=\"ez-toc-section\" id=\"26_Farmapark_Maletice\"><\/span>26. Farmapark Maletice<span class=\"ez-toc-section-end\"><\/span><\/h3>\n\n\n\n<figure data-wp-context=\"{&quot;imageId&quot;:&quot;6a9563241b620&quot;}\" data-wp-interactive=\"core\/image\" data-wp-key=\"6a9563241b620\" class=\"wp-block-image size-full wp-lightbox-container\"><img decoding=\"async\" width=\"2048\" height=\"1365\" data-wp-class--hide=\"state.isContentHidden\" data-wp-class--show=\"state.isContentVisible\" data-wp-init=\"callbacks.setButtonStyles\" data-wp-on--click=\"actions.showLightbox\" data-wp-on--load=\"callbacks.setButtonStyles\" data-wp-on--pointerdown=\"actions.preloadImage\" data-wp-on--pointerenter=\"actions.preloadImageWithDelay\" data-wp-on--pointerleave=\"actions.cancelPreload\" data-wp-on-window--resize=\"callbacks.setButtonStyles\" src=\"https:\/\/loudavymkrokem.cz\/wp-content\/uploads\/2026\/08\/farmapark-maletice-alpaka.jpg\" alt=\"Alpaca no recinto do Farmapark Maletice perto de P\u00edsek\" class=\"wp-image-399568\" title=\"\" srcset=\"https:\/\/loudavymkrokem.cz\/wp-content\/uploads\/2026\/08\/farmapark-maletice-alpaka.jpg 2048w, https:\/\/loudavymkrokem.cz\/wp-content\/uploads\/2026\/08\/farmapark-maletice-alpaka-300x200.jpg 300w, https:\/\/loudavymkrokem.cz\/wp-content\/uploads\/2026\/08\/farmapark-maletice-alpaka-700x467.jpg 700w, https:\/\/loudavymkrokem.cz\/wp-content\/uploads\/2026\/08\/farmapark-maletice-alpaka-768x512.jpg 768w, https:\/\/loudavymkrokem.cz\/wp-content\/uploads\/2026\/08\/farmapark-maletice-alpaka-1536x1024.jpg 1536w, https:\/\/loudavymkrokem.cz\/wp-content\/uploads\/2026\/08\/farmapark-maletice-alpaka-696x464.jpg 696w, https:\/\/loudavymkrokem.cz\/wp-content\/uploads\/2026\/08\/farmapark-maletice-alpaka-1392x928.jpg 1392w, https:\/\/loudavymkrokem.cz\/wp-content\/uploads\/2026\/08\/farmapark-maletice-alpaka-1920x1280.jpg 1920w\" sizes=\"(max-width: 2048px) 100vw, 2048px\" \/><button\n\t\t\tclass=\"lightbox-trigger\"\n\t\t\ttype=\"button\"\n\t\t\taria-haspopup=\"dialog\"\n\t\t\tdata-wp-bind--aria-label=\"state.thisImage.triggerButtonAriaLabel\"\n\t\t\tdata-wp-init=\"callbacks.initTriggerButton\"\n\t\t\tdata-wp-on--click=\"actions.showLightbox\"\n\t\t\tdata-wp-style--right=\"state.thisImage.buttonRight\"\n\t\t\tdata-wp-style--top=\"state.thisImage.buttonTop\"\n\t\t>\n\t\t\t<svg xmlns=\"http:\/\/www.w3.org\/2000\/svg\" width=\"12\" height=\"12\" fill=\"none\" viewBox=\"0 0 12 12\">\n\t\t\t\t<path fill=\"#fff\" d=\"M2 0a2 2 0 0 0-2 2v2h1.5V2a.5.5 0 0 1 .5-.5h2V0H2Zm2 10.5H2a.5.5 0 0 1-.5-.5V8H0v2a2 2 0 0 0 2 2h2v-1.5ZM8 12v-1.5h2a.5.5 0 0 0 .5-.5V8H12v2a2 2 0 0 1-2 2H8Zm2-12a2 2 0 0 1 2 2v2h-1.5V2a.5.5 0 0 0-.5-.5H8V0h2Z\" \/>\n\t\t\t<\/svg>\n\t\t<\/button><\/figure>\n\n\n\n<p class=\"wp-block-paragraph\"><a href=\"https:\/\/www.farmaparkmaletice.cz\" target=\"_blank\" rel=\"nofollow noopener\">Este parque-fazenda nov\u00edssimo<\/a> abriu s\u00f3 no ver\u00e3o de 2025 e neste ano vive sua segunda temporada, ficando <strong>a apenas doze minutos de carro em dire\u00e7\u00e3o a Protiv\u00edn<\/strong>. Ali as crian\u00e7as podem ver de perto cabras, ovelhas, alpacas, porquinhos fofos ou papagaios, e at\u00e9 experimentar, com um acr\u00e9scimo, escovar e andar de p\u00f4nei.<\/p>\n\n\n\n<p class=\"wp-block-paragraph\">Mas o maior hit s\u00e3o os <strong>trampolins de ar gigantes, que os donos apontam como os maiores da Ch\u00e9quia<\/strong>, onde as crian\u00e7as se esbaldam at\u00e9 cair. Al\u00e9m disso, voc\u00ea encontra ali um labirinto de fardos de feno, colch\u00f5es d&#8217;\u00e1gua numa praia de areia, tirolesas e uma caixa de areia coberta, ent\u00e3o h\u00e1 programa\u00e7\u00e3o para pelo menos meio dia.<\/p>\n\n\n\n<p class=\"wp-block-paragraph\">O ingresso no local custa <strong>250 CZK para crian\u00e7as e 210 CZK para adultos<\/strong> (cerca de R$ 60 e R$ 50), mas se voc\u00ea comprar os ingressos online com anteced\u00eancia, economiza at\u00e9 uma centena de coroas no ingresso familiar. Crian\u00e7as de at\u00e9 dois anos entram de gra\u00e7a e por dentro funciona um bistr\u00f4, onde se paga exclusivamente sem dinheiro.<\/p>\n\n\n\n<h3 class=\"wp-block-heading\"><span class=\"ez-toc-section\" id=\"27_Nase_zviratka_em_Putim\"><\/span>27. Na\u0161e zv\u00ed\u0159\u00e1tka em Putim<span class=\"ez-toc-section-end\"><\/span><\/h3>\n\n\n\n<figure data-wp-context=\"{&quot;imageId&quot;:&quot;6a9563241bdbe&quot;}\" data-wp-interactive=\"core\/image\" data-wp-key=\"6a9563241bdbe\" class=\"wp-block-image size-full wp-lightbox-container\"><img decoding=\"async\" width=\"1000\" height=\"563\" data-wp-class--hide=\"state.isContentHidden\" data-wp-class--show=\"state.isContentVisible\" data-wp-init=\"callbacks.setButtonStyles\" data-wp-on--click=\"actions.showLightbox\" data-wp-on--load=\"callbacks.setButtonStyles\" data-wp-on--pointerdown=\"actions.preloadImage\" data-wp-on--pointerenter=\"actions.preloadImageWithDelay\" data-wp-on--pointerleave=\"actions.cancelPreload\" data-wp-on-window--resize=\"callbacks.setButtonStyles\" src=\"https:\/\/loudavymkrokem.cz\/wp-content\/uploads\/2026\/08\/nase-zviratka-putim-klokan.jpg\" alt=\"Canguru no minizoo Na\u0161e zv\u00ed\u0159\u00e1tka em Putim\" class=\"wp-image-399583\" title=\"\" srcset=\"https:\/\/loudavymkrokem.cz\/wp-content\/uploads\/2026\/08\/nase-zviratka-putim-klokan.jpg 1000w, https:\/\/loudavymkrokem.cz\/wp-content\/uploads\/2026\/08\/nase-zviratka-putim-klokan-300x169.jpg 300w, https:\/\/loudavymkrokem.cz\/wp-content\/uploads\/2026\/08\/nase-zviratka-putim-klokan-700x394.jpg 700w, https:\/\/loudavymkrokem.cz\/wp-content\/uploads\/2026\/08\/nase-zviratka-putim-klokan-768x432.jpg 768w, https:\/\/loudavymkrokem.cz\/wp-content\/uploads\/2026\/08\/nase-zviratka-putim-klokan-696x392.jpg 696w\" sizes=\"(max-width: 1000px) 100vw, 1000px\" \/><button\n\t\t\tclass=\"lightbox-trigger\"\n\t\t\ttype=\"button\"\n\t\t\taria-haspopup=\"dialog\"\n\t\t\tdata-wp-bind--aria-label=\"state.thisImage.triggerButtonAriaLabel\"\n\t\t\tdata-wp-init=\"callbacks.initTriggerButton\"\n\t\t\tdata-wp-on--click=\"actions.showLightbox\"\n\t\t\tdata-wp-style--right=\"state.thisImage.buttonRight\"\n\t\t\tdata-wp-style--top=\"state.thisImage.buttonTop\"\n\t\t>\n\t\t\t<svg xmlns=\"http:\/\/www.w3.org\/2000\/svg\" width=\"12\" height=\"12\" fill=\"none\" viewBox=\"0 0 12 12\">\n\t\t\t\t<path fill=\"#fff\" d=\"M2 0a2 2 0 0 0-2 2v2h1.5V2a.5.5 0 0 1 .5-.5h2V0H2Zm2 10.5H2a.5.5 0 0 1-.5-.5V8H0v2a2 2 0 0 0 2 2h2v-1.5ZM8 12v-1.5h2a.5.5 0 0 0 .5-.5V8H12v2a2 2 0 0 1-2 2H8Zm2-12a2 2 0 0 1 2 2v2h-1.5V2a.5.5 0 0 0-.5-.5H8V0h2Z\" \/>\n\t\t\t<\/svg>\n\t\t<\/button><\/figure>\n\n\n\n<p class=\"wp-block-paragraph\">At\u00e9 a vizinha Putim, que ficou famosa pelo bom soldado \u0160vejk, s\u00e3o s\u00f3 seis quil\u00f4metros de P\u00edsek. H\u00e1 ali um <strong>lindo minizoo Na\u0161e zv\u00ed\u0159\u00e1tka, constru\u00eddo com muito carinho<\/strong>, cuidado pela senhora Koz\u00e1kov\u00e1, e voc\u00ea vai ver por l\u00e1 cangurus-de-bennett, suricatos, aves de rapina e um corvo falante.<\/p>\n\n\n\n<p class=\"wp-block-paragraph\">O espa\u00e7o todo \u00e9 concebido de forma bem familiar e, al\u00e9m dos animais, as crian\u00e7as encontram ali um <strong>agrad\u00e1vel playground retr\u00f4 com brinquedos para crian\u00e7as de dois a doze anos<\/strong>. Os beb\u00eas com certeza v\u00e3o gostar mais dos recintos com cabras, ovelhas e coelhos, aos quais podem observar de pertinho.<\/p>\n\n\n\n<p class=\"wp-block-paragraph\">O melhor desse lugar \u00e9 que <strong>a entrada \u00e9 totalmente gratuita ou por contribui\u00e7\u00e3o volunt\u00e1ria<\/strong> no cofrinho, e abrem todos os dias, das nove da manh\u00e3 at\u00e9 as sete da noite. O carro voc\u00ea estaciona de gra\u00e7a a cerca de meio quil\u00f4metro do local e, por dentro, d\u00e1 para comprar um lanchinho.<\/p>\n\n\n\n<h3 class=\"wp-block-heading\"><span class=\"ez-toc-section\" id=\"28_Fazenda_Kozluv_statek_em_Predotice\"><\/span>28. Fazenda Kozl\u016fv statek em P\u0159edotice<span class=\"ez-toc-section-end\"><\/span><\/h3>\n\n\n\n<p class=\"wp-block-paragraph\">At\u00e9 P\u0159edotice s\u00e3o de P\u00edsek <strong>menos de 13 quil\u00f4metros e doze minutos de viagem<\/strong>, ent\u00e3o \u00e9 um dos parques-fazenda mais pr\u00f3ximos que temos. Os animais ali est\u00e3o acostumados \u00e0s crian\u00e7as, d\u00e1 para acarici\u00e1-los e aliment\u00e1-los, e o local todo parece mais uma fazenda familiar do que uma atra\u00e7\u00e3o paga.<\/p>\n\n\n\n<p class=\"wp-block-paragraph\">Al\u00e9m dos animais, as crian\u00e7as t\u00eam ali um <strong>carrossel, brinquedos e jogos de descoberta<\/strong> pelo local, ent\u00e3o tamb\u00e9m se divertem aquelas que j\u00e1 se cansam r\u00e1pido de acariciar cabras. Na entrada funciona um quiosque de lanches, onde d\u00e1 para sentar tranquilamente.<\/p>\n\n\n\n<p class=\"wp-block-paragraph\">\ud83d\udca1 <strong>Dica:<\/strong> na <strong>quarta-feira ficam fechados<\/strong>; caso contr\u00e1rio, abrem das dez \u00e0s seis. O ingresso atual voc\u00ea encontra em kozluvstatek.cz ou pergunte pelo telefone 775 172 474.<\/p>\n\n\n\n<h3 class=\"wp-block-heading\"><span class=\"ez-toc-section\" id=\"29_Fazenda_Stary_Bor_perto_de_Sedlice\"><\/span>29. Fazenda Star\u00fd Bor perto de Sedlice<span class=\"ez-toc-section-end\"><\/span><\/h3>\n\n\n\n<p class=\"wp-block-paragraph\">A fazenda Star\u00fd Bor fica perto de Sedlice, a <strong>16 quil\u00f4metros e quinze minutos de viagem de P\u00edsek<\/strong>, e \u00e9 um daqueles lugares que conquistam at\u00e9 os pais. A maioria dos animais veio de donos que n\u00e3o podiam ou n\u00e3o queriam mais cuidar deles, ent\u00e3o \u00e9 meio fazenda, meio abrigo.<\/p>\n\n\n\n<p class=\"wp-block-paragraph\">Voc\u00ea vai ver ali <strong>avestruzes, emas, lhamas, cabras, ovelhas e ainda papagaios ex\u00f3ticos e pav\u00f5es<\/strong>; os animais podem ser alimentados e, pelo local, est\u00e3o distribu\u00eddos enigmas que as crian\u00e7as resolvem enquanto circulam. H\u00e1 playground e uma barraca de lanches, onde, entre outras coisas, t\u00eam sorvete, inclusive sem gl\u00faten.<\/p>\n\n\n\n<p class=\"wp-block-paragraph\">A fazenda funciona <strong>sazonalmente, de cerca de maio a setembro, diariamente das onze \u00e0s seis<\/strong>. A entrada, segundo os visitantes, costuma ser volunt\u00e1ria, mas confirme antes em farmastarybor.cz ou pelo telefone 606 560 993. O local aguenta um carrinho mais robusto, e voc\u00ea pode prolongar a visita com um passeio ao redor do lago.<\/p>\n\n\n\n<h3 class=\"wp-block-heading\"><span class=\"ez-toc-section\" id=\"30_Cocheiras_Stetice\"><\/span>30. Cocheiras \u0160t\u011btice<span class=\"ez-toc-section-end\"><\/span><\/h3>\n\n\n\n<p class=\"wp-block-paragraph\">\u0160t\u011btice, perto de Ra\u017eice, fica a <strong>menos de 12 quil\u00f4metros de P\u00edsek, ou seja, quinze minutos de carro<\/strong>, e s\u00e3o as cocheiras locais com a melhor avalia\u00e7\u00e3o. Dali saem cavalgadas pelos arredores e aceitam at\u00e9 iniciantes totais, ent\u00e3o d\u00e1 para ir mesmo com uma crian\u00e7a que nunca montou.<\/p>\n\n\n\n<p class=\"wp-block-paragraph\">Nas f\u00e9rias, as <strong>fam\u00edlias de P\u00edsek v\u00eam para c\u00e1 passear regularmente<\/strong>, e nas avalia\u00e7\u00f5es se destaca repetidamente o atendimento das pessoas que cuidam dos cavalos. Combine os hor\u00e1rios e as condi\u00e7\u00f5es para crian\u00e7as com anteced\u00eancia em stajestetice.cz ou pelo telefone 724 759 880.<\/p>\n\n\n\n<h3 class=\"wp-block-heading\"><span class=\"ez-toc-section\" id=\"31_Ranch_Calamity_Jane_em_Probulov\"><\/span>31. Ranch Calamity Jane em Probulov<span class=\"ez-toc-section-end\"><\/span><\/h3>\n\n\n\n<p class=\"wp-block-paragraph\">O rancho perto de Probulov \u00e9 um pouco mais longe, a <strong>32 quil\u00f4metros e meia hora de viagem<\/strong>, mas fica pr\u00f3ximo da represa de Orl\u00edk, ent\u00e3o d\u00e1 para juntar com um passeio \u00e0 \u00e1gua. O local \u00e9 bem extenso: cavalos, animais de fazenda, pastos e atmosfera western.<\/p>\n\n\n\n<p class=\"wp-block-paragraph\">Al\u00e9m do passeio a cavalo, funciona ali tamb\u00e9m um <strong>acampamento com tipis, onde d\u00e1 para pernoitar<\/strong>, o que agrada principalmente \u00e0s crian\u00e7as maiores. Costumam abrir diariamente das dez \u00e0s seis; a programa\u00e7\u00e3o e os pre\u00e7os voc\u00ea confere em calamity.cz ou pelo telefone 775 646 461.<\/p>\n\n\n\n<h3 class=\"wp-block-heading\"><span class=\"ez-toc-section\" id=\"32_Fiziland_em_Protivin\"><\/span>32. Fiziland em Protiv\u00edn<span class=\"ez-toc-section-end\"><\/span><\/h3>\n\n\n\n<figure data-wp-context=\"{&quot;imageId&quot;:&quot;6a9563241ca79&quot;}\" data-wp-interactive=\"core\/image\" data-wp-key=\"6a9563241ca79\" class=\"wp-block-image size-full wp-lightbox-container\"><img decoding=\"async\" width=\"2200\" height=\"1467\" data-wp-class--hide=\"state.isContentHidden\" data-wp-class--show=\"state.isContentVisible\" data-wp-init=\"callbacks.setButtonStyles\" data-wp-on--click=\"actions.showLightbox\" data-wp-on--load=\"callbacks.setButtonStyles\" data-wp-on--pointerdown=\"actions.preloadImage\" data-wp-on--pointerenter=\"actions.preloadImageWithDelay\" data-wp-on--pointerleave=\"actions.cancelPreload\" data-wp-on-window--resize=\"callbacks.setButtonStyles\" src=\"https:\/\/loudavymkrokem.cz\/wp-content\/uploads\/2026\/08\/fiziland-protivin-herna.jpg\" alt=\"Espa\u00e7o de recrea\u00e7\u00e3o coberto Fiziland em Protiv\u00edn com fosso de espuma e trepa-trepa\" class=\"wp-image-399563\" title=\"\" srcset=\"https:\/\/loudavymkrokem.cz\/wp-content\/uploads\/2026\/08\/fiziland-protivin-herna.jpg 2200w, https:\/\/loudavymkrokem.cz\/wp-content\/uploads\/2026\/08\/fiziland-protivin-herna-300x200.jpg 300w, https:\/\/loudavymkrokem.cz\/wp-content\/uploads\/2026\/08\/fiziland-protivin-herna-700x467.jpg 700w, https:\/\/loudavymkrokem.cz\/wp-content\/uploads\/2026\/08\/fiziland-protivin-herna-768x512.jpg 768w, https:\/\/loudavymkrokem.cz\/wp-content\/uploads\/2026\/08\/fiziland-protivin-herna-1536x1024.jpg 1536w, https:\/\/loudavymkrokem.cz\/wp-content\/uploads\/2026\/08\/fiziland-protivin-herna-2048x1366.jpg 2048w, https:\/\/loudavymkrokem.cz\/wp-content\/uploads\/2026\/08\/fiziland-protivin-herna-696x464.jpg 696w, https:\/\/loudavymkrokem.cz\/wp-content\/uploads\/2026\/08\/fiziland-protivin-herna-1392x928.jpg 1392w, https:\/\/loudavymkrokem.cz\/wp-content\/uploads\/2026\/08\/fiziland-protivin-herna-1920x1280.jpg 1920w\" sizes=\"(max-width: 2200px) 100vw, 2200px\" \/><button\n\t\t\tclass=\"lightbox-trigger\"\n\t\t\ttype=\"button\"\n\t\t\taria-haspopup=\"dialog\"\n\t\t\tdata-wp-bind--aria-label=\"state.thisImage.triggerButtonAriaLabel\"\n\t\t\tdata-wp-init=\"callbacks.initTriggerButton\"\n\t\t\tdata-wp-on--click=\"actions.showLightbox\"\n\t\t\tdata-wp-style--right=\"state.thisImage.buttonRight\"\n\t\t\tdata-wp-style--top=\"state.thisImage.buttonTop\"\n\t\t>\n\t\t\t<svg xmlns=\"http:\/\/www.w3.org\/2000\/svg\" width=\"12\" height=\"12\" fill=\"none\" viewBox=\"0 0 12 12\">\n\t\t\t\t<path fill=\"#fff\" d=\"M2 0a2 2 0 0 0-2 2v2h1.5V2a.5.5 0 0 1 .5-.5h2V0H2Zm2 10.5H2a.5.5 0 0 1-.5-.5V8H0v2a2 2 0 0 0 2 2h2v-1.5ZM8 12v-1.5h2a.5.5 0 0 0 .5-.5V8H12v2a2 2 0 0 1-2 2H8Zm2-12a2 2 0 0 1 2 2v2h-1.5V2a.5.5 0 0 0-.5-.5H8V0h2Z\" \/>\n\t\t\t<\/svg>\n\t\t<\/button><\/figure>\n\n\n\n<p class=\"wp-block-paragraph\">Se voc\u00ea tem crian\u00e7as em idade escolar em casa ou acompanha youtubers infantis, com certeza conhece o nome Fizi, que em Protiv\u00edn (uns 15 minutos de P\u00edsek) abriu seu <strong>pr\u00f3prio e enorme parque de divers\u00f5es <a href=\"https:\/\/fiziland.cz\" target=\"_blank\" rel=\"nofollow noopener\">Fiziland<\/a><\/strong>. No galp\u00e3o gigante todos precisam circular s\u00f3 de meias, e recomenda-se usar cal\u00e7a comprida e mangas longas por seguran\u00e7a nas atra\u00e7\u00f5es.<\/p>\n\n\n\n<p class=\"wp-block-paragraph\">As crian\u00e7as encontram ali <strong>escorregadores gigantes, pistas de corrida, fossos de espuma e um monte de trampolins enormes<\/strong>; n\u00e3o falta tamb\u00e9m playground externo e uma por\u00e7\u00e3o de m\u00e1quinas de jogos. Para os beb\u00eas menores h\u00e1 uma zona de descanso reservada, para que as crian\u00e7as maiores n\u00e3o os derrubem nas brincadeiras agitadas.<\/p>\n\n\n\n<p class=\"wp-block-paragraph\">Conte que <strong>a visita ao Fiziland n\u00e3o \u00e9 exatamente barata<\/strong>: o ingresso infantil custa 389 CZK (cerca de R$ 95), o acompanhante adulto 159 CZK (cerca de R$ 40) e o pacote familiar mais vantajoso, para dois adultos e duas crian\u00e7as, sai por 889 CZK (cerca de R$ 220). Mas o interesse \u00e9 t\u00e3o grande que a venda de ingressos no local n\u00e3o \u00e9 garantida, e voc\u00ea precisa fazer reserva na loja online pelo menos um ou dois dias antes. Todas as atra\u00e7\u00f5es, pre\u00e7os e dicas de onde se hospedar perto do parque eu reuni num artigo \u00e0 parte <a href=\"https:\/\/loudavymkrokem.cz\/pt-br\/fiziland-protivin-parque\/\">sobre o Fiziland em Protiv\u00edn<\/a>.<\/p>\n\n\n\n<h3 class=\"wp-block-heading\"><span class=\"ez-toc-section\" id=\"33_Reino_do_Tempo_em_Protivin\"><\/span>33. Reino do Tempo em Protiv\u00edn<span class=\"ez-toc-section-end\"><\/span><\/h3>\n\n\n\n<figure data-wp-context=\"{&quot;imageId&quot;:&quot;6a9563241d1aa&quot;}\" data-wp-interactive=\"core\/image\" data-wp-key=\"6a9563241d1aa\" class=\"wp-block-image size-full wp-lightbox-container\"><img decoding=\"async\" width=\"1440\" height=\"960\" data-wp-class--hide=\"state.isContentHidden\" data-wp-class--show=\"state.isContentVisible\" data-wp-init=\"callbacks.setButtonStyles\" data-wp-on--click=\"actions.showLightbox\" data-wp-on--load=\"callbacks.setButtonStyles\" data-wp-on--pointerdown=\"actions.preloadImage\" data-wp-on--pointerenter=\"actions.preloadImageWithDelay\" data-wp-on--pointerleave=\"actions.cancelPreload\" data-wp-on-window--resize=\"callbacks.setButtonStyles\" src=\"https:\/\/loudavymkrokem.cz\/wp-content\/uploads\/2026\/08\/kralovstvi-casu-protivin-vila.jpg\" alt=\"Vila art nouveau do Reino do Tempo em Protiv\u00edn\" class=\"wp-image-399570\" title=\"\" srcset=\"https:\/\/loudavymkrokem.cz\/wp-content\/uploads\/2026\/08\/kralovstvi-casu-protivin-vila.jpg 1440w, https:\/\/loudavymkrokem.cz\/wp-content\/uploads\/2026\/08\/kralovstvi-casu-protivin-vila-300x200.jpg 300w, https:\/\/loudavymkrokem.cz\/wp-content\/uploads\/2026\/08\/kralovstvi-casu-protivin-vila-700x467.jpg 700w, https:\/\/loudavymkrokem.cz\/wp-content\/uploads\/2026\/08\/kralovstvi-casu-protivin-vila-768x512.jpg 768w, https:\/\/loudavymkrokem.cz\/wp-content\/uploads\/2026\/08\/kralovstvi-casu-protivin-vila-696x464.jpg 696w, https:\/\/loudavymkrokem.cz\/wp-content\/uploads\/2026\/08\/kralovstvi-casu-protivin-vila-1392x928.jpg 1392w\" sizes=\"(max-width: 1440px) 100vw, 1440px\" \/><button\n\t\t\tclass=\"lightbox-trigger\"\n\t\t\ttype=\"button\"\n\t\t\taria-haspopup=\"dialog\"\n\t\t\tdata-wp-bind--aria-label=\"state.thisImage.triggerButtonAriaLabel\"\n\t\t\tdata-wp-init=\"callbacks.initTriggerButton\"\n\t\t\tdata-wp-on--click=\"actions.showLightbox\"\n\t\t\tdata-wp-style--right=\"state.thisImage.buttonRight\"\n\t\t\tdata-wp-style--top=\"state.thisImage.buttonTop\"\n\t\t>\n\t\t\t<svg xmlns=\"http:\/\/www.w3.org\/2000\/svg\" width=\"12\" height=\"12\" fill=\"none\" viewBox=\"0 0 12 12\">\n\t\t\t\t<path fill=\"#fff\" d=\"M2 0a2 2 0 0 0-2 2v2h1.5V2a.5.5 0 0 1 .5-.5h2V0H2Zm2 10.5H2a.5.5 0 0 1-.5-.5V8H0v2a2 2 0 0 0 2 2h2v-1.5ZM8 12v-1.5h2a.5.5 0 0 0 .5-.5V8H12v2a2 2 0 0 1-2 2H8Zm2-12a2 2 0 0 1 2 2v2h-1.5V2a.5.5 0 0 0-.5-.5H8V0h2Z\" \/>\n\t\t\t<\/svg>\n\t\t<\/button><\/figure>\n\n\n\n<p class=\"wp-block-paragraph\">J\u00e1 que voc\u00ea vai estar em Protiv\u00edn, n\u00e3o pode deixar de conhecer o Reino do Tempo (Kr\u00e1lovstv\u00ed \u010dasu), que \u00e9 uma <strong>vila art nouveau incrivelmente restaurada<\/strong>, funcionando como museu de rel\u00f3gios, mas sobretudo como um verdadeiro para\u00edso para fam\u00edlias com crian\u00e7as. A exposi\u00e7\u00e3o de rel\u00f3gios hist\u00f3ricos e o mecanismo da torre ficam no andar de cima, mas o principal para as crian\u00e7as acontece no t\u00e9rreo e no jardim.<\/p>\n\n\n\n<p class=\"wp-block-paragraph\">Voc\u00ea encontra ali uma <strong>linda oficina criativa, onde as crian\u00e7as fazem despertadores ou fantoches<\/strong>, e um espa\u00e7o de recrea\u00e7\u00e3o incr\u00edvel com cozinha e patinetes de equil\u00edbrio. Melhor ainda \u00e9 o jardim cercado com tobog\u00e3, tirolesa e um monte de trepa-trepa, onde as crian\u00e7as se esbaldam enquanto voc\u00ea toma um caf\u00e9.<\/p>\n\n\n\n<p class=\"wp-block-paragraph\">E o melhor por \u00faltimo: <strong>o espa\u00e7o de recrea\u00e7\u00e3o e o jardim s\u00e3o totalmente gratuitos para os clientes do caf\u00e9<\/strong>; paga-se apenas a entrada do pr\u00f3prio museu de rel\u00f3gios (adultos 90 CZK, crian\u00e7as 60 CZK; cerca de R$ 20 e R$ 15). Para fam\u00edlias com beb\u00eas de dois anos \u00e9 um lugar ideal, que salva voc\u00ea com seguran\u00e7a mesmo em caso de chuva.<\/p>\n\n\n\n<h3 class=\"wp-block-heading\"><span class=\"ez-toc-section\" id=\"34_Zoologico_de_Crocodilos_em_Protivin\"><\/span>34. Zool\u00f3gico de Crocodilos em Protiv\u00edn<span class=\"ez-toc-section-end\"><\/span><\/h3>\n\n\n\n<figure data-wp-context=\"{&quot;imageId&quot;:&quot;6a9563241d86e&quot;}\" data-wp-interactive=\"core\/image\" data-wp-key=\"6a9563241d86e\" class=\"wp-block-image size-full wp-lightbox-container\"><img decoding=\"async\" width=\"1120\" height=\"800\" data-wp-class--hide=\"state.isContentHidden\" data-wp-class--show=\"state.isContentVisible\" data-wp-init=\"callbacks.setButtonStyles\" data-wp-on--click=\"actions.showLightbox\" data-wp-on--load=\"callbacks.setButtonStyles\" data-wp-on--pointerdown=\"actions.preloadImage\" data-wp-on--pointerenter=\"actions.preloadImageWithDelay\" data-wp-on--pointerleave=\"actions.cancelPreload\" data-wp-on-window--resize=\"callbacks.setButtonStyles\" src=\"https:\/\/loudavymkrokem.cz\/wp-content\/uploads\/2026\/08\/krokodyli-zoo-protivin-aligator.jpg\" alt=\"Alig\u00e1tor no Zool\u00f3gico de Crocodilos em Protiv\u00edn\" class=\"wp-image-399574\" title=\"\" srcset=\"https:\/\/loudavymkrokem.cz\/wp-content\/uploads\/2026\/08\/krokodyli-zoo-protivin-aligator.jpg 1120w, https:\/\/loudavymkrokem.cz\/wp-content\/uploads\/2026\/08\/krokodyli-zoo-protivin-aligator-300x214.jpg 300w, https:\/\/loudavymkrokem.cz\/wp-content\/uploads\/2026\/08\/krokodyli-zoo-protivin-aligator-700x500.jpg 700w, https:\/\/loudavymkrokem.cz\/wp-content\/uploads\/2026\/08\/krokodyli-zoo-protivin-aligator-768x549.jpg 768w, https:\/\/loudavymkrokem.cz\/wp-content\/uploads\/2026\/08\/krokodyli-zoo-protivin-aligator-696x497.jpg 696w\" sizes=\"(max-width: 1120px) 100vw, 1120px\" \/><button\n\t\t\tclass=\"lightbox-trigger\"\n\t\t\ttype=\"button\"\n\t\t\taria-haspopup=\"dialog\"\n\t\t\tdata-wp-bind--aria-label=\"state.thisImage.triggerButtonAriaLabel\"\n\t\t\tdata-wp-init=\"callbacks.initTriggerButton\"\n\t\t\tdata-wp-on--click=\"actions.showLightbox\"\n\t\t\tdata-wp-style--right=\"state.thisImage.buttonRight\"\n\t\t\tdata-wp-style--top=\"state.thisImage.buttonTop\"\n\t\t>\n\t\t\t<svg xmlns=\"http:\/\/www.w3.org\/2000\/svg\" width=\"12\" height=\"12\" fill=\"none\" viewBox=\"0 0 12 12\">\n\t\t\t\t<path fill=\"#fff\" d=\"M2 0a2 2 0 0 0-2 2v2h1.5V2a.5.5 0 0 1 .5-.5h2V0H2Zm2 10.5H2a.5.5 0 0 1-.5-.5V8H0v2a2 2 0 0 0 2 2h2v-1.5ZM8 12v-1.5h2a.5.5 0 0 0 .5-.5V8H12v2a2 2 0 0 1-2 2H8Zm2-12a2 2 0 0 1 2 2v2h-1.5V2a.5.5 0 0 0-.5-.5H8V0h2Z\" \/>\n\t\t\t<\/svg>\n\t\t<\/button><\/figure>\n\n\n\n<p class=\"wp-block-paragraph\">De volta a Protiv\u00edn, desta vez para os amantes de r\u00e9pteis, porque bem na pra\u00e7a fica o <strong><a href=\"https:\/\/www.krokodylizoo.cz\" target=\"_blank\" rel=\"nofollow noopener\">Zool\u00f3gico de Crocodilos<\/a>, onde criam mais de cem desses animais pr\u00e9-hist\u00f3ricos<\/strong>. Toda a exposi\u00e7\u00e3o, ainda por cima, \u00e9 totalmente acess\u00edvel, ent\u00e3o voc\u00ea chega facilmente at\u00e9 de carrinho.<\/p>\n\n\n\n<p class=\"wp-block-paragraph\">Os crocodilos podem ser vistos em terr\u00e1rios gigantes, e o <strong>ingresso familiar para dois adultos e duas crian\u00e7as sai por 1.000 CZK<\/strong> (cerca de R$ 250), sendo que crian\u00e7as at\u00e9 dois anos entram, como sempre, de gra\u00e7a. Costumam abrir de setembro a junho at\u00e9 as quatro da tarde; no ver\u00e3o, uma hora a mais.<\/p>\n\n\n\n<p class=\"wp-block-paragraph\">S\u00f3 fique atento a que a <strong>popular alimenta\u00e7\u00e3o comentada dos crocodilos atualmente faz parte apenas da visita exclusiva paga<\/strong>, ent\u00e3o, se voc\u00ea quer ver os animais em a\u00e7\u00e3o, precisa pagar um extra por essa experi\u00eancia. O carro voc\u00ea estaciona facilmente de gra\u00e7a nas ruas ao redor ou perto do supermercado Norma ali pr\u00f3ximo.<\/p>\n\n\n\n<h3 class=\"wp-block-heading\"><span class=\"ez-toc-section\" id=\"35_Ferraria_dos_Contos_de_Fada_em_Selibov\"><\/span>35. Ferraria dos Contos de Fada em Selibov<span class=\"ez-toc-section-end\"><\/span><\/h3>\n\n\n\n<figure data-wp-context=\"{&quot;imageId&quot;:&quot;6a9563241e066&quot;}\" data-wp-interactive=\"core\/image\" data-wp-key=\"6a9563241e066\" class=\"wp-block-image size-full wp-lightbox-container\"><img decoding=\"async\" width=\"2000\" height=\"1333\" data-wp-class--hide=\"state.isContentHidden\" data-wp-class--show=\"state.isContentVisible\" data-wp-init=\"callbacks.setButtonStyles\" data-wp-on--click=\"actions.showLightbox\" data-wp-on--load=\"callbacks.setButtonStyles\" data-wp-on--pointerdown=\"actions.preloadImage\" data-wp-on--pointerenter=\"actions.preloadImageWithDelay\" data-wp-on--pointerleave=\"actions.cancelPreload\" data-wp-on-window--resize=\"callbacks.setButtonStyles\" src=\"https:\/\/loudavymkrokem.cz\/wp-content\/uploads\/2026\/08\/pohadkova-kovarna-selibov.jpg\" alt=\"Ferraria dos Contos de Fada em Selibov com telhado de palha\" class=\"wp-image-399577\" title=\"\" srcset=\"https:\/\/loudavymkrokem.cz\/wp-content\/uploads\/2026\/08\/pohadkova-kovarna-selibov.jpg 2000w, https:\/\/loudavymkrokem.cz\/wp-content\/uploads\/2026\/08\/pohadkova-kovarna-selibov-300x200.jpg 300w, https:\/\/loudavymkrokem.cz\/wp-content\/uploads\/2026\/08\/pohadkova-kovarna-selibov-700x467.jpg 700w, https:\/\/loudavymkrokem.cz\/wp-content\/uploads\/2026\/08\/pohadkova-kovarna-selibov-768x512.jpg 768w, https:\/\/loudavymkrokem.cz\/wp-content\/uploads\/2026\/08\/pohadkova-kovarna-selibov-1536x1024.jpg 1536w, https:\/\/loudavymkrokem.cz\/wp-content\/uploads\/2026\/08\/pohadkova-kovarna-selibov-696x464.jpg 696w, https:\/\/loudavymkrokem.cz\/wp-content\/uploads\/2026\/08\/pohadkova-kovarna-selibov-1392x928.jpg 1392w, https:\/\/loudavymkrokem.cz\/wp-content\/uploads\/2026\/08\/pohadkova-kovarna-selibov-1920x1280.jpg 1920w\" sizes=\"(max-width: 2000px) 100vw, 2000px\" \/><button\n\t\t\tclass=\"lightbox-trigger\"\n\t\t\ttype=\"button\"\n\t\t\taria-haspopup=\"dialog\"\n\t\t\tdata-wp-bind--aria-label=\"state.thisImage.triggerButtonAriaLabel\"\n\t\t\tdata-wp-init=\"callbacks.initTriggerButton\"\n\t\t\tdata-wp-on--click=\"actions.showLightbox\"\n\t\t\tdata-wp-style--right=\"state.thisImage.buttonRight\"\n\t\t\tdata-wp-style--top=\"state.thisImage.buttonTop\"\n\t\t>\n\t\t\t<svg xmlns=\"http:\/\/www.w3.org\/2000\/svg\" width=\"12\" height=\"12\" fill=\"none\" viewBox=\"0 0 12 12\">\n\t\t\t\t<path fill=\"#fff\" d=\"M2 0a2 2 0 0 0-2 2v2h1.5V2a.5.5 0 0 1 .5-.5h2V0H2Zm2 10.5H2a.5.5 0 0 1-.5-.5V8H0v2a2 2 0 0 0 2 2h2v-1.5ZM8 12v-1.5h2a.5.5 0 0 0 .5-.5V8H12v2a2 2 0 0 1-2 2H8Zm2-12a2 2 0 0 1 2 2v2h-1.5V2a.5.5 0 0 0-.5-.5H8V0h2Z\" \/>\n\t\t\t<\/svg>\n\t\t<\/button><\/figure>\n\n\n\n<p class=\"wp-block-paragraph\">No caminho para Protiv\u00edn, pare com certeza na pequena vila de Selibov, onde fica a <strong>encantadora Ferraria dos Contos de Fada, que empolga principalmente os pr\u00e9-escolares<\/strong>. Logo na entrada, os burrinhos vivos Aladim e Jasmine recebem voc\u00ea, e l\u00e1 dentro as crian\u00e7as podem se fantasiar dos mais diversos personagens de contos de fada.<\/p>\n\n\n\n<p class=\"wp-block-paragraph\">A visita toda leva cerca de duas horas, durante as quais voc\u00ea <strong>percorre o est\u00e1bulo dos contos de fada, experimenta a oficina criativa e se perde no labirinto<\/strong> com personagens. Ao redor da ferraria passa ainda a trilha da cegonha Ferdinand, com doze paradas divertidas.<\/p>\n\n\n\n<p class=\"wp-block-paragraph\">A entrada este ano \u00e9 <strong>\u00fanica para todos e custa 95 CZK<\/strong> (cerca de R$ 25); os pequenos at\u00e9 dois anos n\u00e3o pagam nada. Durante as f\u00e9rias de ver\u00e3o abrem todos os dias; fora da temporada, funcionam principalmente nos fins de semana e organizam eventos lindos tamb\u00e9m durante o Advento, quando por ali cheira a comidinha do Chapeuzinho Vermelho.<\/p>\n\n\n\n<h3 class=\"wp-block-heading\"><span class=\"ez-toc-section\" id=\"36_Zemeraj_em_Kovarov\"><\/span>36. Zem\u011br\u00e1j em Kov\u00e1\u0159ov<span class=\"ez-toc-section-end\"><\/span><\/h3>\n\n\n\n<figure data-wp-context=\"{&quot;imageId&quot;:&quot;6a9563241e721&quot;}\" data-wp-interactive=\"core\/image\" data-wp-key=\"6a9563241e721\" class=\"wp-block-image size-full wp-lightbox-container\"><img decoding=\"async\" width=\"1400\" height=\"550\" data-wp-class--hide=\"state.isContentHidden\" data-wp-class--show=\"state.isContentVisible\" data-wp-init=\"callbacks.setButtonStyles\" data-wp-on--click=\"actions.showLightbox\" data-wp-on--load=\"callbacks.setButtonStyles\" data-wp-on--pointerdown=\"actions.preloadImage\" data-wp-on--pointerenter=\"actions.preloadImageWithDelay\" data-wp-on--pointerleave=\"actions.cancelPreload\" data-wp-on-window--resize=\"callbacks.setButtonStyles\" src=\"https:\/\/loudavymkrokem.cz\/wp-content\/uploads\/2026\/08\/zemeraj-kovarov-lidova-staveni.jpg\" alt=\"Constru\u00e7\u00f5es populares no parque tem\u00e1tico Zem\u011br\u00e1j perto de Kov\u00e1\u0159ov\" class=\"wp-image-399579\" title=\"\" srcset=\"https:\/\/loudavymkrokem.cz\/wp-content\/uploads\/2026\/08\/zemeraj-kovarov-lidova-staveni.jpg 1400w, https:\/\/loudavymkrokem.cz\/wp-content\/uploads\/2026\/08\/zemeraj-kovarov-lidova-staveni-300x118.jpg 300w, https:\/\/loudavymkrokem.cz\/wp-content\/uploads\/2026\/08\/zemeraj-kovarov-lidova-staveni-700x275.jpg 700w, https:\/\/loudavymkrokem.cz\/wp-content\/uploads\/2026\/08\/zemeraj-kovarov-lidova-staveni-768x302.jpg 768w, https:\/\/loudavymkrokem.cz\/wp-content\/uploads\/2026\/08\/zemeraj-kovarov-lidova-staveni-696x273.jpg 696w, https:\/\/loudavymkrokem.cz\/wp-content\/uploads\/2026\/08\/zemeraj-kovarov-lidova-staveni-1392x547.jpg 1392w\" sizes=\"(max-width: 1400px) 100vw, 1400px\" \/><button\n\t\t\tclass=\"lightbox-trigger\"\n\t\t\ttype=\"button\"\n\t\t\taria-haspopup=\"dialog\"\n\t\t\tdata-wp-bind--aria-label=\"state.thisImage.triggerButtonAriaLabel\"\n\t\t\tdata-wp-init=\"callbacks.initTriggerButton\"\n\t\t\tdata-wp-on--click=\"actions.showLightbox\"\n\t\t\tdata-wp-style--right=\"state.thisImage.buttonRight\"\n\t\t\tdata-wp-style--top=\"state.thisImage.buttonTop\"\n\t\t>\n\t\t\t<svg xmlns=\"http:\/\/www.w3.org\/2000\/svg\" width=\"12\" height=\"12\" fill=\"none\" viewBox=\"0 0 12 12\">\n\t\t\t\t<path fill=\"#fff\" d=\"M2 0a2 2 0 0 0-2 2v2h1.5V2a.5.5 0 0 1 .5-.5h2V0H2Zm2 10.5H2a.5.5 0 0 1-.5-.5V8H0v2a2 2 0 0 0 2 2h2v-1.5ZM8 12v-1.5h2a.5.5 0 0 0 .5-.5V8H12v2a2 2 0 0 1-2 2H8Zm2-12a2 2 0 0 1 2 2v2h-1.5V2a.5.5 0 0 0-.5-.5H8V0h2Z\" \/>\n\t\t\t<\/svg>\n\t\t<\/button><\/figure>\n\n\n\n<p class=\"wp-block-paragraph\">A cerca de 35 minutos de P\u00edsek fica o <strong><a href=\"https:\/\/www.zemeraj.cz\" target=\"_blank\" rel=\"nofollow noopener\">Zem\u011br\u00e1j<\/a>, um enorme parque natural voltado \u00e0 hist\u00f3ria e \u00e0s tradi\u00e7\u00f5es tchecas<\/strong>. Para os menores h\u00e1 ali uma linda vila infantil chamada Hrejkov, onde podem experimentar of\u00edcios antigos e brincar em casinhas de madeira estilosas.<\/p>\n\n\n\n<p class=\"wp-block-paragraph\">V\u00e3o gostar dali todas as crian\u00e7as que amam se mexer na natureza: h\u00e1 uma <strong>trilha de um quil\u00f4metro para caminhada descal\u00e7a, brincadeiras aqu\u00e1ticas e um s\u00edtio arqueol\u00f3gico<\/strong>, e voc\u00ea pode at\u00e9 assar p\u00e3ezinhos de massa juntos. Dado o terreno natural, deixe em casa os t\u00eanis brancos e leve cal\u00e7ado firme.<\/p>\n\n\n\n<p class=\"wp-block-paragraph\">A entrada no Zem\u011br\u00e1j custa <strong>190 CZK para adultos e 170 CZK para crian\u00e7as a partir de dois anos<\/strong> (cerca de R$ 45 e R$ 40); o estacionamento junto ao local \u00e9 gratuito. Abrem de maio at\u00e9 o fim de setembro, sendo que no ver\u00e3o funcionam todos os dias, das nove e meia da manh\u00e3 at\u00e9 a noite.<\/p>\n\n\n\n<h3 class=\"wp-block-heading\"><span class=\"ez-toc-section\" id=\"37_Bagrarium_em_Strakonice\"><\/span>37. Bagr\u00e1rium em Strakonice<span class=\"ez-toc-section-end\"><\/span><\/h3>\n\n\n\n<p class=\"wp-block-paragraph\">At\u00e9 Strakonice s\u00e3o de P\u00edsek cerca de meia hora, e desde fevereiro de 2026 h\u00e1 ali o <strong>primeiro Bagr\u00e1rium coberto da Ch\u00e9quia<\/strong>, algo absolutamente \u00fanico. \u00c9 um enorme espa\u00e7o de recrea\u00e7\u00e3o coberto com caixa de areia, onde as crian\u00e7as controlam modelos realistas e grandes de escavadeiras, carregadeiras e ca\u00e7ambas por controle remoto.<\/p>\n\n\n\n<p class=\"wp-block-paragraph\">Nesta dica preciso alertar enfaticamente que <strong>a atra\u00e7\u00e3o \u00e9 indicada s\u00f3 para crian\u00e7as a partir de seis anos<\/strong>, porque o controle das m\u00e1quinas exige boa coordena\u00e7\u00e3o motora fina e das duas m\u00e3os, ent\u00e3o para beb\u00eas \u00e9 totalmente inadequado. Mas, se voc\u00ea tem um irm\u00e3o mais velho que adora constru\u00e7\u00f5es, ser\u00e1 a experi\u00eancia do ano para ele.<\/p>\n\n\n\n<p class=\"wp-block-paragraph\">As sess\u00f5es acontecem em blocos de meia hora e <strong>por uma m\u00e1quina por trinta minutos voc\u00ea paga 279 CZK<\/strong> (cerca de R$ 70), sendo que no pre\u00e7o est\u00e1 inclu\u00edda tamb\u00e9m uma bebida. Devido \u00e0 grande procura, \u00e9 preciso fazer reserva online pelo menos um dia antes; abrem das dez \u00e0s seis da noite.<\/p>\n\n\n\n<h3 class=\"wp-block-heading\"><span class=\"ez-toc-section\" id=\"38_Zvikov_e_o_barco_para_Orlik\"><\/span>38. Zv\u00edkov e o barco para Orl\u00edk<span class=\"ez-toc-section-end\"><\/span><\/h3>\n\n\n\n<figure data-wp-context=\"{&quot;imageId&quot;:&quot;6a9563241f02e&quot;}\" data-wp-interactive=\"core\/image\" data-wp-key=\"6a9563241f02e\" class=\"wp-block-image size-full wp-lightbox-container\"><img decoding=\"async\" width=\"1600\" height=\"856\" data-wp-class--hide=\"state.isContentHidden\" data-wp-class--show=\"state.isContentVisible\" data-wp-init=\"callbacks.setButtonStyles\" data-wp-on--click=\"actions.showLightbox\" data-wp-on--load=\"callbacks.setButtonStyles\" data-wp-on--pointerdown=\"actions.preloadImage\" data-wp-on--pointerenter=\"actions.preloadImageWithDelay\" data-wp-on--pointerleave=\"actions.cancelPreload\" data-wp-on-window--resize=\"callbacks.setButtonStyles\" src=\"https:\/\/loudavymkrokem.cz\/wp-content\/uploads\/2026\/08\/hrad-zvikov-soutok-otavy-a-vltavy.jpg\" alt=\"Castelo de Zv\u00edkov na conflu\u00eancia dos rios Otava e Vltava\" class=\"wp-image-399401\" title=\"\" srcset=\"https:\/\/loudavymkrokem.cz\/wp-content\/uploads\/2026\/08\/hrad-zvikov-soutok-otavy-a-vltavy.jpg 1600w, https:\/\/loudavymkrokem.cz\/wp-content\/uploads\/2026\/08\/hrad-zvikov-soutok-otavy-a-vltavy-300x161.jpg 300w, https:\/\/loudavymkrokem.cz\/wp-content\/uploads\/2026\/08\/hrad-zvikov-soutok-otavy-a-vltavy-700x375.jpg 700w, https:\/\/loudavymkrokem.cz\/wp-content\/uploads\/2026\/08\/hrad-zvikov-soutok-otavy-a-vltavy-768x411.jpg 768w, https:\/\/loudavymkrokem.cz\/wp-content\/uploads\/2026\/08\/hrad-zvikov-soutok-otavy-a-vltavy-1536x822.jpg 1536w, https:\/\/loudavymkrokem.cz\/wp-content\/uploads\/2026\/08\/hrad-zvikov-soutok-otavy-a-vltavy-696x372.jpg 696w, https:\/\/loudavymkrokem.cz\/wp-content\/uploads\/2026\/08\/hrad-zvikov-soutok-otavy-a-vltavy-1392x745.jpg 1392w\" sizes=\"(max-width: 1600px) 100vw, 1600px\" \/><button\n\t\t\tclass=\"lightbox-trigger\"\n\t\t\ttype=\"button\"\n\t\t\taria-haspopup=\"dialog\"\n\t\t\tdata-wp-bind--aria-label=\"state.thisImage.triggerButtonAriaLabel\"\n\t\t\tdata-wp-init=\"callbacks.initTriggerButton\"\n\t\t\tdata-wp-on--click=\"actions.showLightbox\"\n\t\t\tdata-wp-style--right=\"state.thisImage.buttonRight\"\n\t\t\tdata-wp-style--top=\"state.thisImage.buttonTop\"\n\t\t>\n\t\t\t<svg xmlns=\"http:\/\/www.w3.org\/2000\/svg\" width=\"12\" height=\"12\" fill=\"none\" viewBox=\"0 0 12 12\">\n\t\t\t\t<path fill=\"#fff\" d=\"M2 0a2 2 0 0 0-2 2v2h1.5V2a.5.5 0 0 1 .5-.5h2V0H2Zm2 10.5H2a.5.5 0 0 1-.5-.5V8H0v2a2 2 0 0 0 2 2h2v-1.5ZM8 12v-1.5h2a.5.5 0 0 0 .5-.5V8H12v2a2 2 0 0 1-2 2H8Zm2-12a2 2 0 0 1 2 2v2h-1.5V2a.5.5 0 0 0-.5-.5H8V0h2Z\" \/>\n\t\t\t<\/svg>\n\t\t<\/button><\/figure>\n\n\n\n<p class=\"wp-block-paragraph\">A combina\u00e7\u00e3o de castelo e barquinho parece o passeio de ver\u00e3o perfeito, e \u00e9 exatamente o que oferece o castelo de Zv\u00edkov, que fica a uns 25 minutos de P\u00edsek. Esse <strong>majestoso castelo na conflu\u00eancia dos rios Vltava e Otava<\/strong> tem um exterior lindo, e a visita ao pal\u00e1cio real acontece sem guia, ent\u00e3o voc\u00ea pode percorr\u00ea-la no seu pr\u00f3prio ritmo, o que, com crian\u00e7as agitadas, voc\u00ea vai apreciar ao m\u00e1ximo.<\/p>\n\n\n\n<p class=\"wp-block-paragraph\">Logo abaixo do castelo fica um cais, de onde na <strong>temporada de ver\u00e3o partem barcos em dire\u00e7\u00e3o ao castelo de Orl\u00edk<\/strong>. O passeio em si dura pouco menos de uma hora, o que \u00e9 o tempo certo para as crian\u00e7as gostarem sem come\u00e7ar a se entediar; um adulto paga 300 CZK (cerca de R$ 75), enquanto crian\u00e7as at\u00e9 tr\u00eas anos navegam de gra\u00e7a.<\/p>\n\n\n\n<p class=\"wp-block-paragraph\">Se voc\u00ea decidir visitar tamb\u00e9m o pr\u00f3prio castelo de Orl\u00edk, conte que a <strong>visita ao castelo dura quase uma hora<\/strong>, o que j\u00e1 pode ser longo demais para um beb\u00ea de dois anos, ent\u00e3o com crian\u00e7as menores recomendo ficar s\u00f3 no passeio de barco e num piquenique ao p\u00e9 do castelo.<\/p>\n\n\n\n<h3 class=\"wp-block-heading\"><span class=\"ez-toc-section\" id=\"39_Castelo_de_Blatna_e_os_gamos\"><\/span>39. Castelo de Blatn\u00e1 e os gamos<span class=\"ez-toc-section-end\"><\/span><\/h3>\n\n\n\n<figure data-wp-context=\"{&quot;imageId&quot;:&quot;6a9563241f775&quot;}\" data-wp-interactive=\"core\/image\" data-wp-key=\"6a9563241f775\" class=\"wp-block-image size-full wp-lightbox-container\"><img decoding=\"async\" width=\"1920\" height=\"1280\" data-wp-class--hide=\"state.isContentHidden\" data-wp-class--show=\"state.isContentVisible\" data-wp-init=\"callbacks.setButtonStyles\" data-wp-on--click=\"actions.showLightbox\" data-wp-on--load=\"callbacks.setButtonStyles\" data-wp-on--pointerdown=\"actions.preloadImage\" data-wp-on--pointerenter=\"actions.preloadImageWithDelay\" data-wp-on--pointerleave=\"actions.cancelPreload\" data-wp-on-window--resize=\"callbacks.setButtonStyles\" src=\"https:\/\/loudavymkrokem.cz\/wp-content\/uploads\/2026\/08\/zamek-blatna-vodni-zamek-park.jpg\" alt=\"Castelo aqu\u00e1tico de Blatn\u00e1 com parque cheio de gamos\" class=\"wp-image-399409\" title=\"\" srcset=\"https:\/\/loudavymkrokem.cz\/wp-content\/uploads\/2026\/08\/zamek-blatna-vodni-zamek-park.jpg 1920w, https:\/\/loudavymkrokem.cz\/wp-content\/uploads\/2026\/08\/zamek-blatna-vodni-zamek-park-300x200.jpg 300w, https:\/\/loudavymkrokem.cz\/wp-content\/uploads\/2026\/08\/zamek-blatna-vodni-zamek-park-700x467.jpg 700w, https:\/\/loudavymkrokem.cz\/wp-content\/uploads\/2026\/08\/zamek-blatna-vodni-zamek-park-768x512.jpg 768w, https:\/\/loudavymkrokem.cz\/wp-content\/uploads\/2026\/08\/zamek-blatna-vodni-zamek-park-1536x1024.jpg 1536w, https:\/\/loudavymkrokem.cz\/wp-content\/uploads\/2026\/08\/zamek-blatna-vodni-zamek-park-696x464.jpg 696w, https:\/\/loudavymkrokem.cz\/wp-content\/uploads\/2026\/08\/zamek-blatna-vodni-zamek-park-1392x928.jpg 1392w\" sizes=\"(max-width: 1920px) 100vw, 1920px\" \/><button\n\t\t\tclass=\"lightbox-trigger\"\n\t\t\ttype=\"button\"\n\t\t\taria-haspopup=\"dialog\"\n\t\t\tdata-wp-bind--aria-label=\"state.thisImage.triggerButtonAriaLabel\"\n\t\t\tdata-wp-init=\"callbacks.initTriggerButton\"\n\t\t\tdata-wp-on--click=\"actions.showLightbox\"\n\t\t\tdata-wp-style--right=\"state.thisImage.buttonRight\"\n\t\t\tdata-wp-style--top=\"state.thisImage.buttonTop\"\n\t\t>\n\t\t\t<svg xmlns=\"http:\/\/www.w3.org\/2000\/svg\" width=\"12\" height=\"12\" fill=\"none\" viewBox=\"0 0 12 12\">\n\t\t\t\t<path fill=\"#fff\" d=\"M2 0a2 2 0 0 0-2 2v2h1.5V2a.5.5 0 0 1 .5-.5h2V0H2Zm2 10.5H2a.5.5 0 0 1-.5-.5V8H0v2a2 2 0 0 0 2 2h2v-1.5ZM8 12v-1.5h2a.5.5 0 0 0 .5-.5V8H12v2a2 2 0 0 1-2 2H8Zm2-12a2 2 0 0 1 2 2v2h-1.5V2a.5.5 0 0 0-.5-.5H8V0h2Z\" \/>\n\t\t\t<\/svg>\n\t\t<\/button><\/figure>\n\n\n\n<p class=\"wp-block-paragraph\">O castelo aqu\u00e1tico de Blatn\u00e1 fica a cerca de meia hora de viagem e \u00e9 <strong>um dos lugares preferidos das fam\u00edlias locais<\/strong>, gra\u00e7as ao maravilhoso parque do castelo. Nele circula livremente um rebanho de gamos, que est\u00e3o acostumados aos visitantes e se deixam observar a poucos metros.<\/p>\n\n\n\n<p class=\"wp-block-paragraph\">A entrada no parque custa <strong>apenas 50 CZK (cerca de R$ 15) e crian\u00e7as at\u00e9 seis anos entram totalmente de gra\u00e7a<\/strong>; abre todos os dias, do come\u00e7o da manh\u00e3 at\u00e9 a noite. S\u00f3 tome muito cuidado durante o cio de outono, quando vale a proibi\u00e7\u00e3o rigorosa de alimentar e se aproximar dos animais.<\/p>\n\n\n\n<p class=\"wp-block-paragraph\">No ver\u00e3o, o castelo organiza tamb\u00e9m <strong>visitas infantis especiais para crian\u00e7as a partir de tr\u00eas anos<\/strong>, que duram cerca de 40 minutos e precisam ser reservadas com anteced\u00eancia. Depois do passeio, d\u00ea uma passada no caf\u00e9 do castelo, o Oh My Deer, onde de vez em quando voc\u00ea v\u00ea no cercado at\u00e9 fofas alpacas.<\/p>\n\n\n\n<h3 class=\"wp-block-heading\"><span class=\"ez-toc-section\" id=\"40_Zoologico_de_Hluboka\"><\/span>40. Zool\u00f3gico de Hlubok\u00e1<span class=\"ez-toc-section-end\"><\/span><\/h3>\n\n\n\n<figure data-wp-context=\"{&quot;imageId&quot;:&quot;6a9563241ff18&quot;}\" data-wp-interactive=\"core\/image\" data-wp-key=\"6a9563241ff18\" class=\"wp-block-image size-full wp-lightbox-container\"><img decoding=\"async\" width=\"1600\" height=\"1244\" data-wp-class--hide=\"state.isContentHidden\" data-wp-class--show=\"state.isContentVisible\" data-wp-init=\"callbacks.setButtonStyles\" data-wp-on--click=\"actions.showLightbox\" data-wp-on--load=\"callbacks.setButtonStyles\" data-wp-on--pointerdown=\"actions.preloadImage\" data-wp-on--pointerenter=\"actions.preloadImageWithDelay\" data-wp-on--pointerleave=\"actions.cancelPreload\" data-wp-on-window--resize=\"callbacks.setButtonStyles\" src=\"https:\/\/loudavymkrokem.cz\/wp-content\/uploads\/2026\/08\/zamek-hluboka-nad-vltavou-zapad-slunce.jpg\" alt=\"Castelo de Hlubok\u00e1 nad Vltavou ao p\u00f4r do sol\" class=\"wp-image-399405\" title=\"\" srcset=\"https:\/\/loudavymkrokem.cz\/wp-content\/uploads\/2026\/08\/zamek-hluboka-nad-vltavou-zapad-slunce.jpg 1600w, https:\/\/loudavymkrokem.cz\/wp-content\/uploads\/2026\/08\/zamek-hluboka-nad-vltavou-zapad-slunce-300x233.jpg 300w, https:\/\/loudavymkrokem.cz\/wp-content\/uploads\/2026\/08\/zamek-hluboka-nad-vltavou-zapad-slunce-700x544.jpg 700w, https:\/\/loudavymkrokem.cz\/wp-content\/uploads\/2026\/08\/zamek-hluboka-nad-vltavou-zapad-slunce-768x597.jpg 768w, https:\/\/loudavymkrokem.cz\/wp-content\/uploads\/2026\/08\/zamek-hluboka-nad-vltavou-zapad-slunce-1536x1194.jpg 1536w, https:\/\/loudavymkrokem.cz\/wp-content\/uploads\/2026\/08\/zamek-hluboka-nad-vltavou-zapad-slunce-696x541.jpg 696w, https:\/\/loudavymkrokem.cz\/wp-content\/uploads\/2026\/08\/zamek-hluboka-nad-vltavou-zapad-slunce-1392x1082.jpg 1392w\" sizes=\"(max-width: 1600px) 100vw, 1600px\" \/><button\n\t\t\tclass=\"lightbox-trigger\"\n\t\t\ttype=\"button\"\n\t\t\taria-haspopup=\"dialog\"\n\t\t\tdata-wp-bind--aria-label=\"state.thisImage.triggerButtonAriaLabel\"\n\t\t\tdata-wp-init=\"callbacks.initTriggerButton\"\n\t\t\tdata-wp-on--click=\"actions.showLightbox\"\n\t\t\tdata-wp-style--right=\"state.thisImage.buttonRight\"\n\t\t\tdata-wp-style--top=\"state.thisImage.buttonTop\"\n\t\t>\n\t\t\t<svg xmlns=\"http:\/\/www.w3.org\/2000\/svg\" width=\"12\" height=\"12\" fill=\"none\" viewBox=\"0 0 12 12\">\n\t\t\t\t<path fill=\"#fff\" d=\"M2 0a2 2 0 0 0-2 2v2h1.5V2a.5.5 0 0 1 .5-.5h2V0H2Zm2 10.5H2a.5.5 0 0 1-.5-.5V8H0v2a2 2 0 0 0 2 2h2v-1.5ZM8 12v-1.5h2a.5.5 0 0 0 .5-.5V8H12v2a2 2 0 0 1-2 2H8Zm2-12a2 2 0 0 1 2 2v2h-1.5V2a.5.5 0 0 0-.5-.5H8V0h2Z\" \/>\n\t\t\t<\/svg>\n\t\t<\/button><\/figure>\n\n\n\n<p class=\"wp-block-paragraph\">O zool\u00f3gico da Bo\u00eamia do Sul, em Hlubok\u00e1, \u00e9 <strong>bonito, compacto e fica a cerca de 40 minutos de P\u00edsek<\/strong>, ent\u00e3o \u00e9 um destino ideal para um passeio de meio dia. Ali criam sobretudo animais da zona temperada da Europa e da \u00c1sia e, gra\u00e7as ao terreno plano, o zool\u00f3gico todo \u00e9 \u00f3timo de percorrer com carrinho.<\/p>\n\n\n\n<p class=\"wp-block-paragraph\">O ingresso b\u00e1sico para adulto \u00e9 180 CZK (cerca de R$ 45) e as <strong>crian\u00e7as de at\u00e9 90 cent\u00edmetros de altura entram totalmente de gra\u00e7a<\/strong>. O zool\u00f3gico abre o ano inteiro; na temporada de ver\u00e3o, das oito e meia da manh\u00e3 at\u00e9 as sete da noite, e na entrada se paga um estacionamento de cerca de 80 CZK por dia (cerca de R$ 20).<\/p>\n\n\n\n<p class=\"wp-block-paragraph\">Bem ao lado do zool\u00f3gico fica o <strong>popular Park Hlubok\u00e1<\/strong>, onde crian\u00e7as maiores, a partir de seis anos, podem experimentar o parque de cordas radical, ou a fam\u00edlia toda joga minigolfe e pula nos trampolins de bungee.<\/p>\n\n\n\n<h3 class=\"wp-block-heading\"><span class=\"ez-toc-section\" id=\"41_Tabor_e_seus_museus\"><\/span>41. T\u00e1bor e seus museus<span class=\"ez-toc-section-end\"><\/span><\/h3>\n\n\n\n<figure data-wp-context=\"{&quot;imageId&quot;:&quot;6a9563242062d&quot;}\" data-wp-interactive=\"core\/image\" data-wp-key=\"6a9563242062d\" class=\"wp-block-image size-full wp-lightbox-container\"><img decoding=\"async\" width=\"1200\" height=\"800\" data-wp-class--hide=\"state.isContentHidden\" data-wp-class--show=\"state.isContentVisible\" data-wp-init=\"callbacks.setButtonStyles\" data-wp-on--click=\"actions.showLightbox\" data-wp-on--load=\"callbacks.setButtonStyles\" data-wp-on--pointerdown=\"actions.preloadImage\" data-wp-on--pointerenter=\"actions.preloadImageWithDelay\" data-wp-on--pointerleave=\"actions.cancelPreload\" data-wp-on-window--resize=\"callbacks.setButtonStyles\" src=\"https:\/\/loudavymkrokem.cz\/wp-content\/uploads\/2026\/03\/tabor-co-videt-3.jpg\" alt=\"T\u00e1bor\" class=\"wp-image-132729\" title=\"\" srcset=\"https:\/\/loudavymkrokem.cz\/wp-content\/uploads\/2026\/03\/tabor-co-videt-3.jpg 1200w, https:\/\/loudavymkrokem.cz\/wp-content\/uploads\/2026\/03\/tabor-co-videt-3-300x200.jpg 300w, https:\/\/loudavymkrokem.cz\/wp-content\/uploads\/2026\/03\/tabor-co-videt-3-700x467.jpg 700w, https:\/\/loudavymkrokem.cz\/wp-content\/uploads\/2026\/03\/tabor-co-videt-3-768x512.jpg 768w, https:\/\/loudavymkrokem.cz\/wp-content\/uploads\/2026\/03\/tabor-co-videt-3-696x464.jpg 696w\" sizes=\"(max-width: 1200px) 100vw, 1200px\" \/><button\n\t\t\tclass=\"lightbox-trigger\"\n\t\t\ttype=\"button\"\n\t\t\taria-haspopup=\"dialog\"\n\t\t\tdata-wp-bind--aria-label=\"state.thisImage.triggerButtonAriaLabel\"\n\t\t\tdata-wp-init=\"callbacks.initTriggerButton\"\n\t\t\tdata-wp-on--click=\"actions.showLightbox\"\n\t\t\tdata-wp-style--right=\"state.thisImage.buttonRight\"\n\t\t\tdata-wp-style--top=\"state.thisImage.buttonTop\"\n\t\t>\n\t\t\t<svg xmlns=\"http:\/\/www.w3.org\/2000\/svg\" width=\"12\" height=\"12\" fill=\"none\" viewBox=\"0 0 12 12\">\n\t\t\t\t<path fill=\"#fff\" d=\"M2 0a2 2 0 0 0-2 2v2h1.5V2a.5.5 0 0 1 .5-.5h2V0H2Zm2 10.5H2a.5.5 0 0 1-.5-.5V8H0v2a2 2 0 0 0 2 2h2v-1.5ZM8 12v-1.5h2a.5.5 0 0 0 .5-.5V8H12v2a2 2 0 0 1-2 2H8Zm2-12a2 2 0 0 1 2 2v2h-1.5V2a.5.5 0 0 0-.5-.5H8V0h2Z\" \/>\n\t\t\t<\/svg>\n\t\t<\/button><\/figure>\n\n\n\n<p class=\"wp-block-paragraph\">A hist\u00f3rica cidade de T\u00e1bor, a pouco menos de uma hora de viagem, \u00e9 uma <strong>\u00f3tima salva\u00e7\u00e3o quando chove nas f\u00e9rias<\/strong>, porque voc\u00ea encontra ali dois museus incr\u00edveis. O primeiro \u00e9 o famoso Museu do Chocolate e do Marzip\u00e3, onde voc\u00ea v\u00ea esculturas inacredit\u00e1veis feitas dessas massas doces (entrada 290 CZK, cerca de R$ 70; crian\u00e7as 200 CZK, cerca de R$ 50; at\u00e9 100 cm de gra\u00e7a; familiar 830 CZK, cerca de R$ 205).<\/p>\n\n\n\n<p class=\"wp-block-paragraph\">Bem ali perto fica o <strong>Museu de Lego, que oferece um enorme espa\u00e7o de recrea\u00e7\u00e3o com pe\u00e7as<\/strong>, onde as crian\u00e7as aguentam construir por longas horas, sendo que beb\u00eas at\u00e9 tr\u00eas anos entram de gra\u00e7a. A exposi\u00e7\u00e3o \u00e9 cheia de modelos gigantes e bot\u00f5es interativos.<\/p>\n\n\n\n<p class=\"wp-block-paragraph\">Se, ao contr\u00e1rio, estiver ensolarado, voc\u00ea <strong>pode ir ao zool\u00f3gico local, o ZOO T\u00e1bor, em V\u011btrovy<\/strong>, que \u00e9 menor, mas muito agrad\u00e1vel. A entrada sai para o adulto por apenas 110 CZK (cerca de R$ 25) e crian\u00e7as at\u00e9 tr\u00eas anos, de novo, n\u00e3o pagam nada.<\/p>\n\n\n\n<h3 class=\"wp-block-heading\"><span class=\"ez-toc-section\" id=\"42_Museu_das_mascaras_de_Milevsko\"><\/span>42. Museu das m\u00e1scaras de Milevsko<span class=\"ez-toc-section-end\"><\/span><\/h3>\n\n\n\n<figure data-wp-context=\"{&quot;imageId&quot;:&quot;6a95632420db9&quot;}\" data-wp-interactive=\"core\/image\" data-wp-key=\"6a95632420db9\" class=\"wp-block-image size-full wp-lightbox-container\"><img decoding=\"async\" width=\"1200\" height=\"800\" data-wp-class--hide=\"state.isContentHidden\" data-wp-class--show=\"state.isContentVisible\" data-wp-init=\"callbacks.setButtonStyles\" data-wp-on--click=\"actions.showLightbox\" data-wp-on--load=\"callbacks.setButtonStyles\" data-wp-on--pointerdown=\"actions.preloadImage\" data-wp-on--pointerenter=\"actions.preloadImageWithDelay\" data-wp-on--pointerleave=\"actions.cancelPreload\" data-wp-on-window--resize=\"callbacks.setButtonStyles\" src=\"https:\/\/loudavymkrokem.cz\/wp-content\/uploads\/2026\/08\/muzeum-milevskych-maskar-expozice.jpg\" alt=\"M\u00e1scaras de carnaval no Museu das m\u00e1scaras de Milevsko\" class=\"wp-image-399585\" title=\"\" srcset=\"https:\/\/loudavymkrokem.cz\/wp-content\/uploads\/2026\/08\/muzeum-milevskych-maskar-expozice.jpg 1200w, https:\/\/loudavymkrokem.cz\/wp-content\/uploads\/2026\/08\/muzeum-milevskych-maskar-expozice-300x200.jpg 300w, https:\/\/loudavymkrokem.cz\/wp-content\/uploads\/2026\/08\/muzeum-milevskych-maskar-expozice-700x467.jpg 700w, https:\/\/loudavymkrokem.cz\/wp-content\/uploads\/2026\/08\/muzeum-milevskych-maskar-expozice-768x512.jpg 768w, https:\/\/loudavymkrokem.cz\/wp-content\/uploads\/2026\/08\/muzeum-milevskych-maskar-expozice-696x464.jpg 696w\" sizes=\"(max-width: 1200px) 100vw, 1200px\" \/><button\n\t\t\tclass=\"lightbox-trigger\"\n\t\t\ttype=\"button\"\n\t\t\taria-haspopup=\"dialog\"\n\t\t\tdata-wp-bind--aria-label=\"state.thisImage.triggerButtonAriaLabel\"\n\t\t\tdata-wp-init=\"callbacks.initTriggerButton\"\n\t\t\tdata-wp-on--click=\"actions.showLightbox\"\n\t\t\tdata-wp-style--right=\"state.thisImage.buttonRight\"\n\t\t\tdata-wp-style--top=\"state.thisImage.buttonTop\"\n\t\t>\n\t\t\t<svg xmlns=\"http:\/\/www.w3.org\/2000\/svg\" width=\"12\" height=\"12\" fill=\"none\" viewBox=\"0 0 12 12\">\n\t\t\t\t<path fill=\"#fff\" d=\"M2 0a2 2 0 0 0-2 2v2h1.5V2a.5.5 0 0 1 .5-.5h2V0H2Zm2 10.5H2a.5.5 0 0 1-.5-.5V8H0v2a2 2 0 0 0 2 2h2v-1.5ZM8 12v-1.5h2a.5.5 0 0 0 .5-.5V8H12v2a2 2 0 0 1-2 2H8Zm2-12a2 2 0 0 1 2 2v2h-1.5V2a.5.5 0 0 0-.5-.5H8V0h2Z\" \/>\n\t\t\t<\/svg>\n\t\t<\/button><\/figure>\n\n\n\n<p class=\"wp-block-paragraph\">A cidade de Milevsko \u00e9 conhecida por ter o desfile de carnaval mais antigo do pa\u00eds, e por isso ali, a cerca de 25 minutos de P\u00edsek, surgiu o <strong>\u00fanico Museu das m\u00e1scaras de Milevsko<\/strong>. \u00c9 um museu menor, mas muito visual, cheio de m\u00e1scaras coloridas gigantes que com certeza cativam as crian\u00e7as.<\/p>\n\n\n\n<p class=\"wp-block-paragraph\">A visita n\u00e3o dura desnecessariamente muito, ent\u00e3o at\u00e9 <strong>beb\u00eas impacientes d\u00e3o conta com facilidade<\/strong>, e o ingresso familiar sai por meros 140 CZK (cerca de R$ 35). Nos meses de ver\u00e3o abrem de segunda a s\u00e1bado; no domingo, s\u00f3 \u00e0 tarde.<\/p>\n\n\n\n<p class=\"wp-block-paragraph\">Depois da visita ao museu, voc\u00ea pode <strong>passear pelo belo terreno do mosteiro de Milevsko ali perto<\/strong>, que \u00e9 cercado por natureza e onde as crian\u00e7as podem correr livremente pelos gramados, longe da estrada.<\/p>\n\n\n\n<h3 class=\"wp-block-heading\"><span class=\"ez-toc-section\" id=\"43_Aquaparque_de_Horazdovice\"><\/span>43. Aquaparque de Hora\u017e\u010fovice<span class=\"ez-toc-section-end\"><\/span><\/h3>\n\n\n\n<figure data-wp-context=\"{&quot;imageId&quot;:&quot;6a9563242149e&quot;}\" data-wp-interactive=\"core\/image\" data-wp-key=\"6a9563242149e\" class=\"wp-block-image size-full wp-lightbox-container\"><img decoding=\"async\" width=\"1919\" height=\"1281\" data-wp-class--hide=\"state.isContentHidden\" data-wp-class--show=\"state.isContentVisible\" data-wp-init=\"callbacks.setButtonStyles\" data-wp-on--click=\"actions.showLightbox\" data-wp-on--load=\"callbacks.setButtonStyles\" data-wp-on--pointerdown=\"actions.preloadImage\" data-wp-on--pointerenter=\"actions.preloadImageWithDelay\" data-wp-on--pointerleave=\"actions.cancelPreload\" data-wp-on-window--resize=\"callbacks.setButtonStyles\" src=\"https:\/\/loudavymkrokem.cz\/wp-content\/uploads\/2026\/08\/aquapark-horazdovice-bazen-tobogan.jpg\" alt=\"Sal\u00e3o de piscinas do Aquaparque de Hora\u017e\u010fovice com tobog\u00e3\" class=\"wp-image-399591\" title=\"\" srcset=\"https:\/\/loudavymkrokem.cz\/wp-content\/uploads\/2026\/08\/aquapark-horazdovice-bazen-tobogan.jpg 1919w, https:\/\/loudavymkrokem.cz\/wp-content\/uploads\/2026\/08\/aquapark-horazdovice-bazen-tobogan-300x200.jpg 300w, https:\/\/loudavymkrokem.cz\/wp-content\/uploads\/2026\/08\/aquapark-horazdovice-bazen-tobogan-700x467.jpg 700w, https:\/\/loudavymkrokem.cz\/wp-content\/uploads\/2026\/08\/aquapark-horazdovice-bazen-tobogan-768x513.jpg 768w, https:\/\/loudavymkrokem.cz\/wp-content\/uploads\/2026\/08\/aquapark-horazdovice-bazen-tobogan-1536x1025.jpg 1536w, https:\/\/loudavymkrokem.cz\/wp-content\/uploads\/2026\/08\/aquapark-horazdovice-bazen-tobogan-696x465.jpg 696w, https:\/\/loudavymkrokem.cz\/wp-content\/uploads\/2026\/08\/aquapark-horazdovice-bazen-tobogan-1392x929.jpg 1392w\" sizes=\"(max-width: 1919px) 100vw, 1919px\" \/><button\n\t\t\tclass=\"lightbox-trigger\"\n\t\t\ttype=\"button\"\n\t\t\taria-haspopup=\"dialog\"\n\t\t\tdata-wp-bind--aria-label=\"state.thisImage.triggerButtonAriaLabel\"\n\t\t\tdata-wp-init=\"callbacks.initTriggerButton\"\n\t\t\tdata-wp-on--click=\"actions.showLightbox\"\n\t\t\tdata-wp-style--right=\"state.thisImage.buttonRight\"\n\t\t\tdata-wp-style--top=\"state.thisImage.buttonTop\"\n\t\t>\n\t\t\t<svg xmlns=\"http:\/\/www.w3.org\/2000\/svg\" width=\"12\" height=\"12\" fill=\"none\" viewBox=\"0 0 12 12\">\n\t\t\t\t<path fill=\"#fff\" d=\"M2 0a2 2 0 0 0-2 2v2h1.5V2a.5.5 0 0 1 .5-.5h2V0H2Zm2 10.5H2a.5.5 0 0 1-.5-.5V8H0v2a2 2 0 0 0 2 2h2v-1.5ZM8 12v-1.5h2a.5.5 0 0 0 .5-.5V8H12v2a2 2 0 0 1-2 2H8Zm2-12a2 2 0 0 1 2 2v2h-1.5V2a.5.5 0 0 0-.5-.5H8V0h2Z\" \/>\n\t\t\t<\/svg>\n\t\t<\/button><\/figure>\n\n\n\n<p class=\"wp-block-paragraph\">Quando voc\u00ea quer nadar de verdade e a piscina de P\u00edsek n\u00e3o \u00e9 suficiente, <strong>v\u00e1 at\u00e9 Hora\u017e\u010fovice, a cerca de 45 minutos, e ao aquaparque local<\/strong>. Ao contr\u00e1rio dos est\u00e1dios aqu\u00e1ticos cl\u00e1ssicos, aqui t\u00eam a \u00e1gua aquecida a agrad\u00e1veis 28,4 \u00b0C, o que voc\u00ea aprecia principalmente com crian\u00e7as pequenas e friorentas.<\/p>\n\n\n\n<p class=\"wp-block-paragraph\">Para as fam\u00edlias h\u00e1 uma <strong>piscininha infantil perfeitamente equipada com dois escorregadores e um cogumelo d&#8217;\u00e1gua<\/strong> em formato de amanita. A entrada \u00e9 muito amig\u00e1vel: o adulto paga 160 CZK (cerca de R$ 40) por duas horas e o ingresso familiar sai por \u00f3timos 490 CZK (cerca de R$ 120).<\/p>\n\n\n\n<p class=\"wp-block-paragraph\">A \u00fanica coisa com a qual voc\u00ea precisa ter cuidado \u00e9 a <strong>parada t\u00e9cnica anual de outono<\/strong>, que em 2026 cai no per\u00edodo de 31 de agosto a 13 de setembro, ent\u00e3o nessa \u00e9poca n\u00e3o venha para c\u00e1 e escolha outro programa.<\/p>\n\n\n\n<h3 class=\"wp-block-heading\"><span class=\"ez-toc-section\" id=\"44_Vodnany_e_o_museu_da_pesca\"><\/span>44. Vod\u0148any e o museu da pesca<span class=\"ez-toc-section-end\"><\/span><\/h3>\n\n\n\n<p class=\"wp-block-paragraph\">A pouco mais de vinte quil\u00f4metros de P\u00edsek fica a <strong>cidade dos a\u00e7udes, Vod\u0148any<\/strong>, que oferece uma alternativa muito agrad\u00e1vel e tranquila aos destinos tur\u00edsticos mais movimentados. As crian\u00e7as com certeza v\u00e3o gostar do parque florestal local, o Lesopark Z\u00e1ti\u0161\u00ed, por onde passa a divertida trilha da cegonha Vod\u0148an, que ainda por cima \u00e9 de livre acesso e totalmente gratuita.<\/p>\n\n\n\n<p class=\"wp-block-paragraph\">Depois do passeio na natureza, voc\u00ea pode <strong>seguir ao Museu da Pesca<\/strong>, onde h\u00e1 grandes aqu\u00e1rios com peixes de \u00e1gua doce vivos, o que para os beb\u00eas \u00e9 sempre uma grande experi\u00eancia. Se sobrar energia, v\u00e1 um pouco para fora da cidade, at\u00e9 a torre-mirante de livre acesso Haniperk, de onde h\u00e1 uma linda vista da regi\u00e3o.<\/p>\n\n\n\n<h2 class=\"wp-block-heading\"><span class=\"ez-toc-section\" id=\"Onde_comer_em_Pisek_com_criancas\"><\/span>Onde comer em P\u00edsek com crian\u00e7as<span class=\"ez-toc-section-end\"><\/span><\/h2>\n\n\n\n<figure data-wp-context=\"{&quot;imageId&quot;:&quot;6a9563242200c&quot;}\" data-wp-interactive=\"core\/image\" data-wp-key=\"6a9563242200c\" class=\"wp-block-image size-full wp-lightbox-container\"><img decoding=\"async\" width=\"2200\" height=\"1650\" data-wp-class--hide=\"state.isContentHidden\" data-wp-class--show=\"state.isContentVisible\" data-wp-init=\"callbacks.setButtonStyles\" data-wp-on--click=\"actions.showLightbox\" data-wp-on--load=\"callbacks.setButtonStyles\" data-wp-on--pointerdown=\"actions.preloadImage\" data-wp-on--pointerenter=\"actions.preloadImageWithDelay\" data-wp-on--pointerleave=\"actions.cancelPreload\" data-wp-on-window--resize=\"callbacks.setButtonStyles\" src=\"https:\/\/loudavymkrokem.cz\/wp-content\/uploads\/2026\/08\/pisek-travel-cafe-piskoviste-domecek.jpg\" alt=\"Caixa de areia com casinha na \u00e1rea externa do Travel Cafe em P\u00edsek\" class=\"wp-image-399550\" title=\"\" srcset=\"https:\/\/loudavymkrokem.cz\/wp-content\/uploads\/2026\/08\/pisek-travel-cafe-piskoviste-domecek.jpg 2200w, https:\/\/loudavymkrokem.cz\/wp-content\/uploads\/2026\/08\/pisek-travel-cafe-piskoviste-domecek-300x225.jpg 300w, https:\/\/loudavymkrokem.cz\/wp-content\/uploads\/2026\/08\/pisek-travel-cafe-piskoviste-domecek-700x525.jpg 700w, https:\/\/loudavymkrokem.cz\/wp-content\/uploads\/2026\/08\/pisek-travel-cafe-piskoviste-domecek-768x576.jpg 768w, https:\/\/loudavymkrokem.cz\/wp-content\/uploads\/2026\/08\/pisek-travel-cafe-piskoviste-domecek-1536x1152.jpg 1536w, https:\/\/loudavymkrokem.cz\/wp-content\/uploads\/2026\/08\/pisek-travel-cafe-piskoviste-domecek-2048x1536.jpg 2048w, https:\/\/loudavymkrokem.cz\/wp-content\/uploads\/2026\/08\/pisek-travel-cafe-piskoviste-domecek-80x60.jpg 80w, https:\/\/loudavymkrokem.cz\/wp-content\/uploads\/2026\/08\/pisek-travel-cafe-piskoviste-domecek-160x120.jpg 160w, https:\/\/loudavymkrokem.cz\/wp-content\/uploads\/2026\/08\/pisek-travel-cafe-piskoviste-domecek-696x522.jpg 696w, https:\/\/loudavymkrokem.cz\/wp-content\/uploads\/2026\/08\/pisek-travel-cafe-piskoviste-domecek-1392x1044.jpg 1392w, https:\/\/loudavymkrokem.cz\/wp-content\/uploads\/2026\/08\/pisek-travel-cafe-piskoviste-domecek-1920x1440.jpg 1920w\" sizes=\"(max-width: 2200px) 100vw, 2200px\" \/><button\n\t\t\tclass=\"lightbox-trigger\"\n\t\t\ttype=\"button\"\n\t\t\taria-haspopup=\"dialog\"\n\t\t\tdata-wp-bind--aria-label=\"state.thisImage.triggerButtonAriaLabel\"\n\t\t\tdata-wp-init=\"callbacks.initTriggerButton\"\n\t\t\tdata-wp-on--click=\"actions.showLightbox\"\n\t\t\tdata-wp-style--right=\"state.thisImage.buttonRight\"\n\t\t\tdata-wp-style--top=\"state.thisImage.buttonTop\"\n\t\t>\n\t\t\t<svg xmlns=\"http:\/\/www.w3.org\/2000\/svg\" width=\"12\" height=\"12\" fill=\"none\" viewBox=\"0 0 12 12\">\n\t\t\t\t<path fill=\"#fff\" d=\"M2 0a2 2 0 0 0-2 2v2h1.5V2a.5.5 0 0 1 .5-.5h2V0H2Zm2 10.5H2a.5.5 0 0 1-.5-.5V8H0v2a2 2 0 0 0 2 2h2v-1.5ZM8 12v-1.5h2a.5.5 0 0 0 .5-.5V8H12v2a2 2 0 0 1-2 2H8Zm2-12a2 2 0 0 1 2 2v2h-1.5V2a.5.5 0 0 0-.5-.5H8V0h2Z\" \/>\n\t\t\t<\/svg>\n\t\t<\/button><\/figure>\n\n\n\n<figure data-wp-context=\"{&quot;imageId&quot;:&quot;6a95632422521&quot;}\" data-wp-interactive=\"core\/image\" data-wp-key=\"6a95632422521\" class=\"wp-block-image size-full wp-lightbox-container\"><img decoding=\"async\" width=\"2200\" height=\"1467\" data-wp-class--hide=\"state.isContentHidden\" data-wp-class--show=\"state.isContentVisible\" data-wp-init=\"callbacks.setButtonStyles\" data-wp-on--click=\"actions.showLightbox\" data-wp-on--load=\"callbacks.setButtonStyles\" data-wp-on--pointerdown=\"actions.preloadImage\" data-wp-on--pointerenter=\"actions.preloadImageWithDelay\" data-wp-on--pointerleave=\"actions.cancelPreload\" data-wp-on-window--resize=\"callbacks.setButtonStyles\" src=\"https:\/\/loudavymkrokem.cz\/wp-content\/uploads\/2026\/08\/pisek-namesticko-zahradky.jpg\" alt=\"Pracinha no centro de P\u00edsek com \u00e1reas externas de ver\u00e3o\" class=\"wp-image-399382\" title=\"\" srcset=\"https:\/\/loudavymkrokem.cz\/wp-content\/uploads\/2026\/08\/pisek-namesticko-zahradky.jpg 2200w, https:\/\/loudavymkrokem.cz\/wp-content\/uploads\/2026\/08\/pisek-namesticko-zahradky-300x200.jpg 300w, https:\/\/loudavymkrokem.cz\/wp-content\/uploads\/2026\/08\/pisek-namesticko-zahradky-700x467.jpg 700w, https:\/\/loudavymkrokem.cz\/wp-content\/uploads\/2026\/08\/pisek-namesticko-zahradky-768x512.jpg 768w, https:\/\/loudavymkrokem.cz\/wp-content\/uploads\/2026\/08\/pisek-namesticko-zahradky-1536x1024.jpg 1536w, https:\/\/loudavymkrokem.cz\/wp-content\/uploads\/2026\/08\/pisek-namesticko-zahradky-2048x1366.jpg 2048w, https:\/\/loudavymkrokem.cz\/wp-content\/uploads\/2026\/08\/pisek-namesticko-zahradky-696x464.jpg 696w, https:\/\/loudavymkrokem.cz\/wp-content\/uploads\/2026\/08\/pisek-namesticko-zahradky-1392x928.jpg 1392w, https:\/\/loudavymkrokem.cz\/wp-content\/uploads\/2026\/08\/pisek-namesticko-zahradky-1920x1280.jpg 1920w\" sizes=\"(max-width: 2200px) 100vw, 2200px\" \/><button\n\t\t\tclass=\"lightbox-trigger\"\n\t\t\ttype=\"button\"\n\t\t\taria-haspopup=\"dialog\"\n\t\t\tdata-wp-bind--aria-label=\"state.thisImage.triggerButtonAriaLabel\"\n\t\t\tdata-wp-init=\"callbacks.initTriggerButton\"\n\t\t\tdata-wp-on--click=\"actions.showLightbox\"\n\t\t\tdata-wp-style--right=\"state.thisImage.buttonRight\"\n\t\t\tdata-wp-style--top=\"state.thisImage.buttonTop\"\n\t\t>\n\t\t\t<svg xmlns=\"http:\/\/www.w3.org\/2000\/svg\" width=\"12\" height=\"12\" fill=\"none\" viewBox=\"0 0 12 12\">\n\t\t\t\t<path fill=\"#fff\" d=\"M2 0a2 2 0 0 0-2 2v2h1.5V2a.5.5 0 0 1 .5-.5h2V0H2Zm2 10.5H2a.5.5 0 0 1-.5-.5V8H0v2a2 2 0 0 0 2 2h2v-1.5ZM8 12v-1.5h2a.5.5 0 0 0 .5-.5V8H12v2a2 2 0 0 1-2 2H8Zm2-12a2 2 0 0 1 2 2v2h-1.5V2a.5.5 0 0 0-.5-.5H8V0h2Z\" \/>\n\t\t\t<\/svg>\n\t\t<\/button><\/figure>\n\n\n\n<p class=\"wp-block-paragraph\">Quando o assunto \u00e9 comida e caf\u00e9, n\u00e3o abro m\u00e3o do <strong>Travel Cafe, na rua Komensk\u00e9ho<\/strong>, para onde vou com mais frequ\u00eancia com o Jon\u00e1\u0161ek e o Luk\u00e1\u0161, e onde quase sempre sentamos do lado de fora. \u00c9 que eles t\u00eam uma \u00e1rea externa incr\u00edvel no p\u00e1tio interno, com uma caixa de areia sensacional e uma casinha, ent\u00e3o tomo tranquilamente meu caf\u00e9 especial enquanto o pequeno brinca com as formas de bolo de areia.<\/p>\n\n\n\n<p class=\"wp-block-paragraph\">N\u00e3o \u00e9 s\u00f3 sobre o caf\u00e9: eles t\u00eam <strong>caf\u00e9s da manh\u00e3 perfeitos e almo\u00e7os leves<\/strong>, ent\u00e3o nos alimentamos todos, inclusive o pequeno, que pede panquecas. Para n\u00f3s, \u00e9 claramente o endere\u00e7o preferido da cidade.<\/p>\n\n\n\n<p class=\"wp-block-paragraph\">Se voc\u00ea procura outros caf\u00e9s amig\u00e1veis para crian\u00e7as, experimente com certeza o <strong>SOHO Cafe, com espa\u00e7o kids cercado e panquecas \u00f3timas<\/strong>, ou o caf\u00e9 Sova na V\u011btvi, que tem torrefa\u00e7\u00e3o pr\u00f3pria e um espa\u00e7o kids. Uma \u00f3tima escolha \u00e9 tamb\u00e9m o <strong>YEZ Caf\u00e9, bem junto \u00e0 pista de tr\u00e2nsito<\/strong>, onde t\u00eam caixa de areia para os menores, ou a confeitaria Upekla (t\u00eam tamb\u00e9m sobremesas sem gl\u00faten), que esconde outra caixa de areia no seu p\u00e1tio.<\/p>\n\n\n\n<p class=\"wp-block-paragraph\">Se voc\u00ea quer juntar o almo\u00e7o com um tempo ao ar livre, o <strong>Restaurante Ostrov fica bem no parque \u00e0 beira do rio<\/strong>, e junto \u00e0 \u00e1rea externa de ver\u00e3o voc\u00ea encontra um playground cercado. Assim, os pais podem saborear a refei\u00e7\u00e3o na meia-sombra enquanto as crian\u00e7as maiores brincam ali perto ou treinam no minigolfe local.<\/p>\n\n\n\n<p class=\"wp-block-paragraph\">Para um almo\u00e7o ou jantar mais substancial, recomendo calorosamente o <strong>restaurante indiano Tandoor<\/strong>, onde cozinham excelentes chefs nepaleses e fazem o melhor Palak Paneer vegetariano, que o Luk\u00e1\u0161 e eu sempre aguardamos ansiosos. Ou v\u00e1 ao restaurante Do Nebe, no parque Palack\u00e9ho sady. \u00c9 verdade que \u00e9 sobretudo uma steakhouse e o <strong>menu muda o tempo todo<\/strong>, ent\u00e3o nunca sei de antem\u00e3o se n\u00f3s, vegetarianos, vamos comer. Mas de vez em quando t\u00eam algo sem carne por l\u00e1, ent\u00e3o acabamos indo.<\/p>\n\n\n\n<p class=\"wp-block-paragraph\">Quando bater vontade de comida italiana cl\u00e1ssica, a <strong>Pizzeria San Marco, na pra\u00e7a Velk\u00e9 n\u00e1m\u011bst\u00ed<\/strong>, oferece uma pizza sensacional de forno a lenha e massas caseiras excelentes. Igualmente \u00f3timo \u00e9 o restaurante italiano Pomodoro, bem ao lado da igreja, onde no ver\u00e3o, no terra\u00e7o, voc\u00ea ainda pode tomar o excelente sorvete caseiro deles.<\/p>\n\n\n\n<p class=\"wp-block-paragraph\">Quanto a mais caf\u00e9 especial, prefira ir ao <strong>Coffee Dealer, na rua Drl\u00ed\u010dova<\/strong>, onde fazem um \u00f3timo caf\u00e9 filtrado. A Kaf\u00e9rna, muitas vezes recomendada, tem caf\u00e9 bom, mas o atendimento \u00e9 capaz de gritar com voc\u00ea do outro lado da rua por motivos desconhecidos. Esse bar de caf\u00e9 \u00e9 conhecido entre os locais pelo atendimento desagrad\u00e1vel, e \u00e9 uma pena estragar a visita com isso, ent\u00e3o gaste seu dinheiro alguns passos adiante, no Coffee Dealer.<\/p>\n\n\n\n<h2 class=\"wp-block-heading\"><span class=\"ez-toc-section\" id=\"O_que_fazer_em_Pisek_com_criancas_quando_chove\"><\/span>O que fazer em P\u00edsek com crian\u00e7as quando chove<span class=\"ez-toc-section-end\"><\/span><\/h2>\n\n\n\n<figure data-wp-context=\"{&quot;imageId&quot;:&quot;6a95632422f2c&quot;}\" data-wp-interactive=\"core\/image\" data-wp-key=\"6a95632422f2c\" class=\"wp-block-image size-full wp-lightbox-container\"><img decoding=\"async\" width=\"2200\" height=\"1467\" data-wp-class--hide=\"state.isContentHidden\" data-wp-class--show=\"state.isContentVisible\" data-wp-init=\"callbacks.setButtonStyles\" data-wp-on--click=\"actions.showLightbox\" data-wp-on--load=\"callbacks.setButtonStyles\" data-wp-on--pointerdown=\"actions.preloadImage\" data-wp-on--pointerenter=\"actions.preloadImageWithDelay\" data-wp-on--pointerleave=\"actions.cancelPreload\" data-wp-on-window--resize=\"callbacks.setButtonStyles\" src=\"https:\/\/loudavymkrokem.cz\/wp-content\/uploads\/2026\/08\/pisek-prachenske-muzeum-vstup.jpg\" alt=\"Passagem para o p\u00e1tio do Museu de Pr\u00e1che\u0148 em P\u00edsek\" class=\"wp-image-399345\" title=\"\" srcset=\"https:\/\/loudavymkrokem.cz\/wp-content\/uploads\/2026\/08\/pisek-prachenske-muzeum-vstup.jpg 2200w, https:\/\/loudavymkrokem.cz\/wp-content\/uploads\/2026\/08\/pisek-prachenske-muzeum-vstup-300x200.jpg 300w, https:\/\/loudavymkrokem.cz\/wp-content\/uploads\/2026\/08\/pisek-prachenske-muzeum-vstup-700x467.jpg 700w, https:\/\/loudavymkrokem.cz\/wp-content\/uploads\/2026\/08\/pisek-prachenske-muzeum-vstup-768x512.jpg 768w, https:\/\/loudavymkrokem.cz\/wp-content\/uploads\/2026\/08\/pisek-prachenske-muzeum-vstup-1536x1024.jpg 1536w, https:\/\/loudavymkrokem.cz\/wp-content\/uploads\/2026\/08\/pisek-prachenske-muzeum-vstup-2048x1366.jpg 2048w, https:\/\/loudavymkrokem.cz\/wp-content\/uploads\/2026\/08\/pisek-prachenske-muzeum-vstup-696x464.jpg 696w, https:\/\/loudavymkrokem.cz\/wp-content\/uploads\/2026\/08\/pisek-prachenske-muzeum-vstup-1392x928.jpg 1392w, https:\/\/loudavymkrokem.cz\/wp-content\/uploads\/2026\/08\/pisek-prachenske-muzeum-vstup-1920x1280.jpg 1920w\" sizes=\"(max-width: 2200px) 100vw, 2200px\" \/><button\n\t\t\tclass=\"lightbox-trigger\"\n\t\t\ttype=\"button\"\n\t\t\taria-haspopup=\"dialog\"\n\t\t\tdata-wp-bind--aria-label=\"state.thisImage.triggerButtonAriaLabel\"\n\t\t\tdata-wp-init=\"callbacks.initTriggerButton\"\n\t\t\tdata-wp-on--click=\"actions.showLightbox\"\n\t\t\tdata-wp-style--right=\"state.thisImage.buttonRight\"\n\t\t\tdata-wp-style--top=\"state.thisImage.buttonTop\"\n\t\t>\n\t\t\t<svg xmlns=\"http:\/\/www.w3.org\/2000\/svg\" width=\"12\" height=\"12\" fill=\"none\" viewBox=\"0 0 12 12\">\n\t\t\t\t<path fill=\"#fff\" d=\"M2 0a2 2 0 0 0-2 2v2h1.5V2a.5.5 0 0 1 .5-.5h2V0H2Zm2 10.5H2a.5.5 0 0 1-.5-.5V8H0v2a2 2 0 0 0 2 2h2v-1.5ZM8 12v-1.5h2a.5.5 0 0 0 .5-.5V8H12v2a2 2 0 0 1-2 2H8Zm2-12a2 2 0 0 1 2 2v2h-1.5V2a.5.5 0 0 0-.5-.5H8V0h2Z\" \/>\n\t\t\t<\/svg>\n\t\t<\/button><\/figure>\n\n\n\n<p class=\"wp-block-paragraph\">Mesmo que o mau tempo pegue voc\u00ea de surpresa nas f\u00e9rias, em P\u00edsek isso n\u00e3o atrapalha nem um pouco. Aqui est\u00e1 uma <strong>lista r\u00e1pida das melhores op\u00e7\u00f5es<\/strong> de onde se abrigar no seco com as crian\u00e7as:<\/p>\n\n\n\n<ul class=\"wp-block-list\">\n<li><strong>Sladovna P\u00edsek:<\/strong> refugie-se por algumas horas no Pila\u0159i\u0161t\u011b ou no Mraveni\u0161t\u011b, mas compre os ingressos online.<\/li>\n\n\n\n<li><strong>My\u0161ka herna:<\/strong> os enormes trepa-trepa e trampolins em Porty\u010d cansam com seguran\u00e7a crian\u00e7as at\u00e9 dez anos.<\/li>\n\n\n\n<li><strong>Est\u00e1dio aqu\u00e1tico:<\/strong> a \u00e1gua morna da piscininha infantil aquece voc\u00ea e encurta a tarde chuvosa.<\/li>\n\n\n\n<li><strong>Hernajs:<\/strong> pequeno espa\u00e7o de recrea\u00e7\u00e3o no andar de cima, com brinquedos de madeira, ideal para beb\u00eas de at\u00e9 uns dois anos.<\/li>\n\n\n\n<li><strong>Cinema Porty\u010d:<\/strong> cinema digital moderno na rua \u010cechova, que inclui sess\u00f5es infantis \u00e0 tarde.<\/li>\n\n\n\n<li><strong>Laser Ar\u00e9na P\u00edsek:<\/strong> \u00f3tima op\u00e7\u00e3o de a\u00e7\u00e3o para crian\u00e7as maiores e em idade escolar, bem na pra\u00e7a.<\/li>\n\n\n\n<li><strong>LezeTop:<\/strong> parede de escalada coberta com boulder infantil seguro e um bar agrad\u00e1vel.<\/li>\n<\/ul>\n\n\n\n<h2 class=\"wp-block-heading\"><span class=\"ez-toc-section\" id=\"Dicas_praticas_para_familias_estacionamento_carrinho_troca_de_fralda\"><\/span>Dicas pr\u00e1ticas para fam\u00edlias: estacionamento, carrinho, troca de fralda<span class=\"ez-toc-section-end\"><\/span><\/h2>\n\n\n\n<figure data-wp-context=\"{&quot;imageId&quot;:&quot;6a95632423825&quot;}\" data-wp-interactive=\"core\/image\" data-wp-key=\"6a95632423825\" class=\"wp-block-image size-full wp-lightbox-container\"><img decoding=\"async\" width=\"2200\" height=\"1467\" data-wp-class--hide=\"state.isContentHidden\" data-wp-class--show=\"state.isContentVisible\" data-wp-init=\"callbacks.setButtonStyles\" data-wp-on--click=\"actions.showLightbox\" data-wp-on--load=\"callbacks.setButtonStyles\" data-wp-on--pointerdown=\"actions.preloadImage\" data-wp-on--pointerenter=\"actions.preloadImageWithDelay\" data-wp-on--pointerleave=\"actions.cancelPreload\" data-wp-on-window--resize=\"callbacks.setButtonStyles\" src=\"https:\/\/loudavymkrokem.cz\/wp-content\/uploads\/2026\/08\/pisek-ulicka-vez-radnice.jpg\" alt=\"Viela no centro hist\u00f3rico de P\u00edsek com a torre da prefeitura\" class=\"wp-image-399384\" title=\"\" srcset=\"https:\/\/loudavymkrokem.cz\/wp-content\/uploads\/2026\/08\/pisek-ulicka-vez-radnice.jpg 2200w, https:\/\/loudavymkrokem.cz\/wp-content\/uploads\/2026\/08\/pisek-ulicka-vez-radnice-300x200.jpg 300w, https:\/\/loudavymkrokem.cz\/wp-content\/uploads\/2026\/08\/pisek-ulicka-vez-radnice-700x467.jpg 700w, https:\/\/loudavymkrokem.cz\/wp-content\/uploads\/2026\/08\/pisek-ulicka-vez-radnice-768x512.jpg 768w, https:\/\/loudavymkrokem.cz\/wp-content\/uploads\/2026\/08\/pisek-ulicka-vez-radnice-1536x1024.jpg 1536w, https:\/\/loudavymkrokem.cz\/wp-content\/uploads\/2026\/08\/pisek-ulicka-vez-radnice-2048x1366.jpg 2048w, https:\/\/loudavymkrokem.cz\/wp-content\/uploads\/2026\/08\/pisek-ulicka-vez-radnice-696x464.jpg 696w, https:\/\/loudavymkrokem.cz\/wp-content\/uploads\/2026\/08\/pisek-ulicka-vez-radnice-1392x928.jpg 1392w, https:\/\/loudavymkrokem.cz\/wp-content\/uploads\/2026\/08\/pisek-ulicka-vez-radnice-1920x1280.jpg 1920w\" sizes=\"(max-width: 2200px) 100vw, 2200px\" \/><button\n\t\t\tclass=\"lightbox-trigger\"\n\t\t\ttype=\"button\"\n\t\t\taria-haspopup=\"dialog\"\n\t\t\tdata-wp-bind--aria-label=\"state.thisImage.triggerButtonAriaLabel\"\n\t\t\tdata-wp-init=\"callbacks.initTriggerButton\"\n\t\t\tdata-wp-on--click=\"actions.showLightbox\"\n\t\t\tdata-wp-style--right=\"state.thisImage.buttonRight\"\n\t\t\tdata-wp-style--top=\"state.thisImage.buttonTop\"\n\t\t>\n\t\t\t<svg xmlns=\"http:\/\/www.w3.org\/2000\/svg\" width=\"12\" height=\"12\" fill=\"none\" viewBox=\"0 0 12 12\">\n\t\t\t\t<path fill=\"#fff\" d=\"M2 0a2 2 0 0 0-2 2v2h1.5V2a.5.5 0 0 1 .5-.5h2V0H2Zm2 10.5H2a.5.5 0 0 1-.5-.5V8H0v2a2 2 0 0 0 2 2h2v-1.5ZM8 12v-1.5h2a.5.5 0 0 0 .5-.5V8H12v2a2 2 0 0 1-2 2H8Zm2-12a2 2 0 0 1 2 2v2h-1.5V2a.5.5 0 0 0-.5-.5H8V0h2Z\" \/>\n\t\t\t<\/svg>\n\t\t<\/button><\/figure>\n\n\n\n<p class=\"wp-block-paragraph\">Circular por P\u00edsek \u00e9 bastante f\u00e1cil, mas para estacionar no centro <strong>baixe com certeza o aplicativo MPLA<\/strong>, pelo qual voc\u00ea paga o estacionamento sem precisar procurar trocado. Se quiser estacionar totalmente de gra\u00e7a, deixe o carro junto ao gin\u00e1sio esportivo Elim; ou estacione bem barato no grande estacionamento junto ao V\u00fdstavi\u0161t\u011b.<\/p>\n\n\n\n<p class=\"wp-block-paragraph\">Com carrinho voc\u00ea chega a quase todos os lugares, mas lembre que <strong>no centro hist\u00f3rico h\u00e1 paralelep\u00edpedos e cal\u00e7amento<\/strong>, ent\u00e3o ser\u00e3o \u00fateis rodas maiores e infl\u00e1veis. J\u00e1 ao longo do rio e nos parques os caminhos s\u00e3o lindamente planos e asfaltados.<\/p>\n\n\n\n<p class=\"wp-block-paragraph\">Na visita \u00e0 famosa Sladovna voc\u00ea n\u00e3o precisa temer log\u00edstica complicada, porque <strong>os carrinhos voc\u00ea estaciona confortavelmente no amplo guarda-volumes do t\u00e9rreo<\/strong>, onde h\u00e1 espa\u00e7o reservado para eles. Da mesma forma, a maioria dos caf\u00e9s e restaurantes da minha lista disp\u00f5e de cadeirinhas infantis e estrutura para troca de fralda com conforto.<\/p>\n\n\n\n<h2 class=\"wp-block-heading\"><span class=\"ez-toc-section\" id=\"Para_onde_ir_depois\"><\/span>Para onde ir depois<span class=\"ez-toc-section-end\"><\/span><\/h2>\n\n\n\n<p class=\"wp-block-paragraph\">O que est\u00e1 acontecendo em P\u00edsek voc\u00ea acompanha em <a href=\"https:\/\/pisek.info\/akce\" target=\"_blank\" rel=\"noopener\">pisek.info\/akce<\/a>; a lista de lugares e monumentos est\u00e1 em <a href=\"https:\/\/pisek.info\/mista\" target=\"_blank\" rel=\"noopener\">pisek.info\/mista<\/a> e os pais v\u00e3o apreciar a se\u00e7\u00e3o inteira <a href=\"https:\/\/pisek.info\/deti\" target=\"_blank\" rel=\"noopener\">D\u011bti<\/a>, com creches, grupos infantis e atividades.<\/p>\n\n\n\n<p class=\"wp-block-paragraph\">Se P\u00edsek despertou seu interesse e voc\u00ea quer explor\u00e1-la ainda mais, leia nosso artigo <a href=\"https:\/\/loudavymkrokem.cz\/pt-br\/o-que-ver-em-pisek\/\">O que ver em P\u00edsek: 39 dicas de uma nativa<\/a>, onde voc\u00ea encontra um monte de curiosidades hist\u00f3ricas. Para planejar f\u00e9rias mais longas, ser\u00e1 \u00fatil o guia <a href=\"https:\/\/loudavymkrokem.cz\/pt-br\/boemia-do-sul-lugares-bonitos\/\">Para onde ir de f\u00e9rias na Bo\u00eamia do Sul<\/a> ou a inspira\u00e7\u00e3o em <a href=\"https:\/\/loudavymkrokem.cz\/pt-br\/boemia-do-sul-cidades-bonitas\/\">8 passeios pela Bo\u00eamia do Sul<\/a>.<\/p>\n\n\n\n<p class=\"wp-block-paragraph\">Se voc\u00ea gosta de descobrir outras cidades lindas, d\u00ea uma olhada no nosso artigo <a href=\"https:\/\/loudavymkrokem.cz\/pt-br\/tabor-tchequia-o-que-ver\/\">O que ver em T\u00e1bor<\/a> e n\u00e3o esque\u00e7a tamb\u00e9m de <a href=\"https:\/\/loudavymkrokem.cz\/pt-br\/ceske-budejovice-tchequia-o-que-fazer\/\">\u010cesk\u00e9 Bud\u011bjovice<\/a>. J\u00e1 os amantes da natureza v\u00e3o gostar com certeza das dicas de <a href=\"https:\/\/loudavymkrokem.cz\/pt-br\/sumava-republica-tcheca-carrinho-bebe\/\">\u0160umava com carrinho de beb\u00ea<\/a> e, para uma vis\u00e3o mais ampla, confira <a href=\"https:\/\/loudavymkrokem.cz\/pt-br\/ferias-republica-tcheca-lugares\/\">Para onde ir de f\u00e9rias na Ch\u00e9quia<\/a>.<\/p>\n\n\n\n<p class=\"wp-block-paragraph\">E se voc\u00ea planeja passeios tamb\u00e9m al\u00e9m dos destinos familiares, confira <a href=\"https:\/\/loudavymkrokem.cz\/pt-br\/passeios-perto-pisek\/\">Passeios nos arredores de P\u00edsek: 30 dicas de uma nativa<\/a>, onde encontra castelos, pal\u00e1cios, torres-mirante e \u00e1gua organizados por dist\u00e2ncia de P\u00edsek.<\/p>\n\n\n\n<h2 class=\"wp-block-heading\"><span class=\"ez-toc-section\" id=\"Perguntas_frequentes\"><\/span>Perguntas frequentes<span class=\"ez-toc-section-end\"><\/span><\/h2>\n\n\n<div id=\"rank-math-faq\" class=\"rank-math-block\">\n<div class=\"rank-math-list \">\n<div id=\"faq-question-1787751907000\" class=\"rank-math-list-item\">\n<h3 class=\"rank-math-question \"><span class=\"ez-toc-section\" id=\"O_que_fazer_com_as_criancas_em_Pisek_quando_chove\"><\/span>O que fazer com as crian\u00e7as em P\u00edsek quando chove?<span class=\"ez-toc-section-end\"><\/span><\/h3>\n<div class=\"rank-math-answer \">\n\n<p>O melhor ref\u00fagio da chuva \u00e9 a galeria de jogos Sladovna com as exposi\u00e7\u00f5es Pila\u0159i\u0161t\u011b e Mraveni\u0161t\u011b. Uma \u00f3tima alternativa \u00e9 o gigante My\u0161ka herna no Porty\u010d, a piscina no est\u00e1dio de nata\u00e7\u00e3o ou a pequena \u00e1rea de recrea\u00e7\u00e3o Hernajs na rua Jungmannova. Para uma tarde chuvosa tamb\u00e9m vale a pena o cinema Porty\u010d com apresenta\u00e7\u00f5es infantis.<\/p>\n\n<\/div>\n<\/div>\n<div id=\"faq-question-1787751907001\" class=\"rank-math-list-item\">\n<h3 class=\"rank-math-question \"><span class=\"ez-toc-section\" id=\"Quanto_custa_a_Sladovna\"><\/span>Quanto custa a Sladovna?<span class=\"ez-toc-section-end\"><\/span><\/h3>\n<div class=\"rank-math-answer \">\n\n<p>A entrada b\u00e1sica para o Pila\u0159i\u0161t\u011b custa R$ 25 por pessoa, sendo que beb\u00eas de at\u00e9 um ano entram gratuitamente. A entrada familiar para as principais exposi\u00e7\u00f5es fica entre R$ 105 e R$ 125. Definitivamente reserve seus ingressos com anteced\u00eancia online, pois a capacidade costuma esgotar rapidamente.<\/p>\n\n<\/div>\n<\/div>\n<div id=\"faq-question-1787751907002\" class=\"rank-math-list-item\">\n<h3 class=\"rank-math-question \"><span class=\"ez-toc-section\" id=\"Para_onde_ir_em_Pisek_com_criancas_pequenas\"><\/span>Para onde ir em P\u00edsek com crian\u00e7as pequenas?<span class=\"ez-toc-section-end\"><\/span><\/h3>\n<div class=\"rank-math-answer \">\n\n<p>Para crian\u00e7as de dois anos, o ideal \u00e9 o Pila\u0159i\u0161t\u011b na Sladovna, as caixas de areia no Travel Cafe ou o nov\u00edssimo playground Na Trub\u00e1ch. Dos passeios nos arredores, os pequenos v\u00e3o adorar especialmente o mini zool\u00f3gico Na\u0161e zv\u00ed\u0159\u00e1tka em Putim, que al\u00e9m de tudo tem entrada totalmente gratuita.<\/p>\n\n<\/div>\n<\/div>\n<div id=\"faq-question-1787751907003\" class=\"rank-math-list-item\">\n<h3 class=\"rank-math-question \"><span class=\"ez-toc-section\" id=\"Qual_e_a_melhor_area_de_recreacao_infantil_em_Pisek\"><\/span>Qual \u00e9 a melhor \u00e1rea de recrea\u00e7\u00e3o infantil em P\u00edsek?<span class=\"ez-toc-section-end\"><\/span><\/h3>\n<div class=\"rank-math-answer \">\n\n<p>A maior e mais visitada \u00e9 a My\u0161ka herna na rua V Porty\u010di. O equipamento j\u00e1 est\u00e1 um pouco antigo, mas ainda \u00e9 o maior espa\u00e7o da cidade: escaladas enormes, trampolim e um cantinho seguro para os pequenos. Por uma hora voc\u00ea paga R$ 17, mas as crian\u00e7as se divertem tranquilamente por uma manh\u00e3 inteira.<\/p>\n\n<\/div>\n<\/div>\n<div id=\"faq-question-1787751907004\" class=\"rank-math-list-item\">\n<h3 class=\"rank-math-question \"><span class=\"ez-toc-section\" id=\"Quais_sao_os_melhores_passeios_a_ate_20_minutos\"><\/span>Quais s\u00e3o os melhores passeios a at\u00e9 20 minutos?<span class=\"ez-toc-section-end\"><\/span><\/h3>\n<div class=\"rank-math-answer \">\n\n<p>Definitivamente n\u00e3o deixe de visitar o novo Farmapark Maletice com trampolins gigantes e animais. Outra \u00f3tima op\u00e7\u00e3o \u00e9 o Kr\u00e1lovstv\u00ed \u010dasu em Protiv\u00edn, onde h\u00e1 uma linda \u00e1rea de recrea\u00e7\u00e3o com cafeteria, ou a encantadora Poh\u00e1dkov\u00e1 kov\u00e1rna em Selibov com burrinhos vivos e oficinas criativas.<\/p>\n\n<\/div>\n<\/div>\n<div id=\"faq-question-1787751907005\" class=\"rank-math-list-item\">\n<h3 class=\"rank-math-question \"><span class=\"ez-toc-section\" id=\"Pisek_e_adequado_para_carrinho_de_bebe\"><\/span>P\u00edsek \u00e9 adequado para carrinho de beb\u00ea?<span class=\"ez-toc-section-end\"><\/span><\/h3>\n<div class=\"rank-math-answer \">\n\n<p>Sim, P\u00edsek \u00e9 muito amig\u00e1vel para carrinhos. As margens ao longo do rio Otava, a M\u011bstsk\u00fd ostrov e as florestas circundantes nas P\u00edseck\u00e9 hory t\u00eam belas vias asfaltadas ou pavimentadas. Apenas no centro hist\u00f3rico nas pra\u00e7as espere encontrar cal\u00e7amento cl\u00e1ssico com paralelep\u00edpedos.<\/p>\n\n<\/div>\n<\/div>\n<div id=\"faq-question-1787751907006\" class=\"rank-math-list-item\">\n<h3 class=\"rank-math-question \"><span class=\"ez-toc-section\" id=\"Onde_nadar_com_criancas_em_Pisek\"><\/span>Onde nadar com crian\u00e7as em P\u00edsek?<span class=\"ez-toc-section-end\"><\/span><\/h3>\n<div class=\"rank-math-answer \">\n\n<p>No ver\u00e3o, \u00e9 absolutamente imbat\u00edvel a piscina p\u00fablica u V\u00e1clava direto no rio, onde voc\u00ea tamb\u00e9m encontra uma piscininha infantil com escorregador e \u00e1rea rasa. Fora da temporada de ver\u00e3o, v\u00e1 com as crian\u00e7as ao est\u00e1dio municipal de nata\u00e7\u00e3o, que oferece piscina infantil aquecida e salas de vapor.<\/p>\n\n<\/div>\n<\/div>\n<div id=\"faq-question-1787751907007\" class=\"rank-math-list-item\">\n<h3 class=\"rank-math-question \"><span class=\"ez-toc-section\" id=\"Para_onde_ir_com_criancas_gratuitamente\"><\/span>Para onde ir com crian\u00e7as gratuitamente?<span class=\"ez-toc-section-end\"><\/span><\/h3>\n<div class=\"rank-math-answer \">\n\n<p>Totalmente gratuito \u00e9 o tour pelas gigantes Esculturas de areia na orla e alimentar os cervos no cercado florestal U Vod\u00e1ka. Tamb\u00e9m \u00e9 gratuita a entrada no incr\u00edvel playground de bolinhas de gude no Jir\u00e1skovo n\u00e1b\u0159e\u017e\u00ed ou o lindo mini zool\u00f3gico com cangurus e suricatos na vizinha Putim.<\/p>\n\n<\/div>\n<\/div>\n<\/div>\n<\/div>","protected":false},"excerpt":{"rendered":"<p>Est\u00e1 planejando f\u00e9rias em fam\u00edlia no sul da Ch\u00e9quia? Uma m\u00e3e local indica os melhores espa\u00e7os de recrea\u00e7\u00e3o, playgrounds e passeios em P\u00edsek com crian\u00e7as.<\/p>\n","protected":false},"author":3,"featured_media":399352,"comment_status":"open","ping_status":"open","sticky":false,"template":"","format":"standard","meta":{"_acf_changed":false,"footnotes":"","rank_math_title":"P\u00edsek com Crian\u00e7as: 44 Dicas de M\u00e3e Local 2026","rank_math_description":"Descubra P\u00edsek com crian\u00e7as: 44 dicas de uma m\u00e3e local para espa\u00e7os de recrea\u00e7\u00e3o, playgrounds e passeios no sul da Ch\u00e9quia. Monte seu roteiro para 2026!","rank_math_focus_keyword":"P\u00edsek com crian\u00e7as","rank_math_seo_score":""},"categories":[1121,1157,1104],"tags":[],"class_list":["post-409752","post","type-post","status-publish","format-standard","has-post-thumbnail","category-europa","category-republica-tcheca","category-viagens"],"acf":[],"featured_image_src":"https:\/\/loudavymkrokem.cz\/wp-content\/uploads\/2026\/08\/pisek-velke-namesti-vez-kostela.jpg","author_info":{"display_name":"Lucie Kone\u010dn\u00e1","author_link":"https:\/\/loudavymkrokem.cz\/pt-br\/author\/lucie-konecna\/"},"_links":{"self":[{"href":"https:\/\/loudavymkrokem.cz\/pt-br\/wp-json\/wp\/v2\/posts\/409752","targetHints":{"allow":["GET"]}}],"collection":[{"href":"https:\/\/loudavymkrokem.cz\/pt-br\/wp-json\/wp\/v2\/posts"}],"about":[{"href":"https:\/\/loudavymkrokem.cz\/pt-br\/wp-json\/wp\/v2\/types\/post"}],"author":[{"embeddable":true,"href":"https:\/\/loudavymkrokem.cz\/pt-br\/wp-json\/wp\/v2\/users\/3"}],"replies":[{"embeddable":true,"href":"https:\/\/loudavymkrokem.cz\/pt-br\/wp-json\/wp\/v2\/comments?post=409752"}],"version-history":[{"count":2,"href":"https:\/\/loudavymkrokem.cz\/pt-br\/wp-json\/wp\/v2\/posts\/409752\/revisions"}],"predecessor-version":[{"id":409754,"href":"https:\/\/loudavymkrokem.cz\/pt-br\/wp-json\/wp\/v2\/posts\/409752\/revisions\/409754"}],"wp:featuredmedia":[{"embeddable":true,"href":"https:\/\/loudavymkrokem.cz\/pt-br\/wp-json\/wp\/v2\/media\/399352"}],"wp:attachment":[{"href":"https:\/\/loudavymkrokem.cz\/pt-br\/wp-json\/wp\/v2\/media?parent=409752"}],"wp:term":[{"taxonomy":"category","embeddable":true,"href":"https:\/\/loudavymkrokem.cz\/pt-br\/wp-json\/wp\/v2\/categories?post=409752"},{"taxonomy":"post_tag","embeddable":true,"href":"https:\/\/loudavymkrokem.cz\/pt-br\/wp-json\/wp\/v2\/tags?post=409752"}],"curies":[{"name":"wp","href":"https:\/\/api.w.org\/{rel}","templated":true}]}}