{"id":409739,"date":"2026-08-26T17:25:43","date_gmt":"2026-08-26T15:25:43","guid":{"rendered":"https:\/\/loudavymkrokem.cz\/chipre-o-que-ver\/"},"modified":"2026-08-31T11:34:00","modified_gmt":"2026-08-31T09:34:00","slug":"chipre-o-que-ver","status":"publish","type":"post","link":"https:\/\/loudavymkrokem.cz\/pt-br\/chipre-o-que-ver\/","title":{"rendered":"Chipre: 24 dicas do que ver e onde ir \u00e0 praia em 2026"},"content":{"rendered":"\n<!-- lk-tldr -->\n<div class=\"lk-tldr\" style=\"background:#f7f5f0;border-left:4px solid #c39f76;border-radius:0 10px 10px 0;padding:14px 18px;margin:0 0 26px;font-size:15px;line-height:1.65;\"><strong style=\"display:block;font-size:12px;text-transform:uppercase;letter-spacing:.06em;color:#a9885a;margin-bottom:5px;\">TL;DR<\/strong>Chipre tem a <strong>temporada de banho mais longa da Europa<\/strong>: em junho o mar em Ayia Napa est\u00e1 a 25,7 \u00b0C e ainda em novembro a 24,5 \u00b0C. Em julho e agosto passa dos 32 \u00b0C e chove s\u00f3 0,1 dia por m\u00eas. <strong>Paphos<\/strong> \u00e9 antiguidade e UNESCO, <strong>Ayia Napa<\/strong> \u00e9 praia e balada, <strong>Protaras<\/strong> \u00e9 sossego para fam\u00edlias e as <strong>montanhas Troodos<\/strong> s\u00e3o 8 a 10 graus mais frias, com esqui no inverno. \u26a0\ufe0f A ilha \u00e9 dividida; d\u00e1 para atravessar para o norte pelos postos oficiais, mas voc\u00ea <strong>precisa de passaporte<\/strong> e, com carro alugado, s\u00f3 com autoriza\u00e7\u00e3o da locadora e seguro turco pago \u00e0 parte. Dirige-se pela esquerda, paga-se em euros e o halloumi vem justamente daqui.<\/div>\n<!-- \/lk-tldr -->\n\n\n\n<!-- lk-navbar -->\n<div class=\"lk-navbar\" style=\"margin:0 0 28px;\"><div style=\"font-size:12px;text-transform:uppercase;letter-spacing:.06em;color:#a9885a;font-weight:700;margin-bottom:9px;\">Links r\u00e1pidos<\/div><div style=\"display:flex;flex-wrap:wrap;gap:9px;\"><a href=\"#Kdy_jet_na_Kypr_pocasi_mesic_po_mesici\" style=\"background:#c39f76;color:#fff;border:1px solid #c39f76;font-weight:700;padding:9px 15px;border-radius:22px;font-size:14px;text-decoration:none;display:inline-block;line-height:1;\">\ud83c\udf21\ufe0f Quando ir<\/a><a href=\"#Co_videt_na_Kypru_24_tipu_od_antickych_mozaik_po_hory\" style=\"background:#fff;color:#6b5a44;border:1px solid #e2d6c1;font-weight:600;padding:9px 15px;border-radius:22px;font-size:14px;text-decoration:none;display:inline-block;line-height:1;\">\ud83d\udccd 24 dicas<\/a><a href=\"#Kde_se_ubytovat_na_Kypru_ktera_oblast_sedne_komu\" style=\"background:#fff;color:#6b5a44;border:1px solid #e2d6c1;font-weight:600;padding:9px 15px;border-radius:22px;font-size:14px;text-decoration:none;display:inline-block;line-height:1;\">\ud83c\udfe8 Onde ficar<\/a><a href=\"#Co_jist_na_Kypru_raj_pro_vegetariany\" style=\"background:#fff;color:#6b5a44;border:1px solid #e2d6c1;font-weight:600;padding:9px 15px;border-radius:22px;font-size:14px;text-decoration:none;display:inline-block;line-height:1;\">\ud83c\udf7d\ufe0f O que comer<\/a><a href=\"#Doprava_po_Kypru_auto_autobusy_a_prechod_na_sever\" style=\"background:#fff;color:#6b5a44;border:1px solid #e2d6c1;font-weight:600;padding:9px 15px;border-radius:22px;font-size:14px;text-decoration:none;display:inline-block;line-height:1;\">\ud83d\ude97 Transporte<\/a><a href=\"#Kolik_stoji_dovolena_na_Kypru\" style=\"background:#fff;color:#6b5a44;border:1px solid #e2d6c1;font-weight:600;padding:9px 15px;border-radius:22px;font-size:14px;text-decoration:none;display:inline-block;line-height:1;\">\ud83d\udcb0 Pre\u00e7os<\/a><a href=\"#Casto_kladene_otazky\" style=\"background:#fff;color:#6b5a44;border:1px solid #e2d6c1;font-weight:600;padding:9px 15px;border-radius:22px;font-size:14px;text-decoration:none;display:inline-block;line-height:1;\">\u2753 FAQ<\/a><\/div><\/div>\n<!-- \/lk-navbar -->\n\n\n\n<p class=\"wp-block-paragraph\">Voc\u00ea sabia que essa ilha do Mediterr\u00e2neo tem a <strong>temporada de banho mais longa de toda a Europa<\/strong>? D\u00e1 para mergulhar nas ondas j\u00e1 em maio e, mesmo em novembro, o mar ainda tem incr\u00edveis 23 \u00b0C. Mas esse para\u00edso de ver\u00e3o \u00e9 tamb\u00e9m um lugar de contrastes profundos, porque at\u00e9 hoje ele \u00e9 cortado por arame farpado e abriga a <strong>\u00faltima capital dividida da Europa<\/strong>. Curtir a praia aqui se mistura de forma totalmente natural com a descoberta de uma hist\u00f3ria recente complicada, o que faz de Chipre um destino fascinante para qualquer viajante curioso.<\/p>\n\n\n\n<p class=\"wp-block-paragraph\">Se voc\u00ea est\u00e1 pensando em conhecer <strong>Chipre<\/strong>, com certeza n\u00e3o vai se arrepender, porque essa ilha agrada quem ama monumentos, trilhas nas montanhas e tamb\u00e9m aquele \u00f3cio infinito na praia. Ao montar o roteiro e pesquisar o que ver, talvez fique um pouco surpreso com o tamanho da ilha, j\u00e1 que atravessar de uma ponta \u00e0 outra pode levar v\u00e1rias horas. Os viajantes costumam perguntar como funciona aquela fronteira entre norte e sul, e foi justamente por isso que resolvi reunir um guia completo com respostas para todas as d\u00favidas pr\u00e1ticas.<\/p>\n\n\n\n<p class=\"wp-block-paragraph\">Neste artigo voc\u00ea encontra nada menos que <strong>24 dicas concretas<\/strong> de para onde ir e o que n\u00e3o pode deixar de conhecer. Preparei <strong>tabelas detalhadas de clima m\u00eas a m\u00eas<\/strong>, baseadas em dez anos de dados reais, e vamos olhar em detalhe tanto o sul quanto o norte da ilha. Voc\u00ea tamb\u00e9m vai descobrir onde \u00e9 melhor se hospedar e como funciona o transporte local. De S\u00e3o Paulo d\u00e1 para chegar com um voo at\u00e9 Larnaca ou Paphos (normalmente com conex\u00e3o pela Europa, por exemplo com a TAP). Chipre \u00e9 membro pleno da UE e usa o euro, ent\u00e3o voc\u00ea ter\u00e1 uma ideia clara dos pre\u00e7os com que precisa contar e de onde encontrar a melhor comida para vegetarianos. \u263a\ufe0f<\/p>\n\n\n\n<figure data-wp-context=\"{&quot;imageId&quot;:&quot;6a9944f72bfba&quot;}\" data-wp-interactive=\"core\/image\" data-wp-key=\"6a9944f72bfba\" class=\"wp-block-image size-full wp-lightbox-container\"><img decoding=\"async\" width=\"1500\" height=\"1124\" data-wp-class--hide=\"state.isContentHidden\" data-wp-class--show=\"state.isContentVisible\" data-wp-init=\"callbacks.setButtonStyles\" data-wp-on--click=\"actions.showLightbox\" data-wp-on--load=\"callbacks.setButtonStyles\" data-wp-on--pointerdown=\"actions.preloadImage\" data-wp-on--pointerenter=\"actions.preloadImageWithDelay\" data-wp-on--pointerleave=\"actions.cancelPreload\" data-wp-on-window--resize=\"callbacks.setButtonStyles\" src=\"https:\/\/loudavymkrokem.cz\/wp-content\/uploads\/2026\/08\/dovolena-kypr-uvod.jpg\" alt=\"Mar turquesa perto de Ayia Napa\" class=\"wp-image-399836\" title=\"\" srcset=\"https:\/\/loudavymkrokem.cz\/wp-content\/uploads\/2026\/08\/dovolena-kypr-uvod.jpg 1500w, https:\/\/loudavymkrokem.cz\/wp-content\/uploads\/2026\/08\/dovolena-kypr-uvod-300x225.jpg 300w, https:\/\/loudavymkrokem.cz\/wp-content\/uploads\/2026\/08\/dovolena-kypr-uvod-700x525.jpg 700w, https:\/\/loudavymkrokem.cz\/wp-content\/uploads\/2026\/08\/dovolena-kypr-uvod-768x575.jpg 768w, https:\/\/loudavymkrokem.cz\/wp-content\/uploads\/2026\/08\/dovolena-kypr-uvod-80x60.jpg 80w, https:\/\/loudavymkrokem.cz\/wp-content\/uploads\/2026\/08\/dovolena-kypr-uvod-160x120.jpg 160w, https:\/\/loudavymkrokem.cz\/wp-content\/uploads\/2026\/08\/dovolena-kypr-uvod-696x522.jpg 696w, https:\/\/loudavymkrokem.cz\/wp-content\/uploads\/2026\/08\/dovolena-kypr-uvod-1392x1043.jpg 1392w\" sizes=\"(max-width: 1500px) 100vw, 1500px\" \/><button\n\t\t\tclass=\"lightbox-trigger\"\n\t\t\ttype=\"button\"\n\t\t\taria-haspopup=\"dialog\"\n\t\t\tdata-wp-bind--aria-label=\"state.thisImage.triggerButtonAriaLabel\"\n\t\t\tdata-wp-init=\"callbacks.initTriggerButton\"\n\t\t\tdata-wp-on--click=\"actions.showLightbox\"\n\t\t\tdata-wp-style--right=\"state.thisImage.buttonRight\"\n\t\t\tdata-wp-style--top=\"state.thisImage.buttonTop\"\n\t\t>\n\t\t\t<svg xmlns=\"http:\/\/www.w3.org\/2000\/svg\" width=\"12\" height=\"12\" fill=\"none\" viewBox=\"0 0 12 12\">\n\t\t\t\t<path fill=\"#fff\" d=\"M2 0a2 2 0 0 0-2 2v2h1.5V2a.5.5 0 0 1 .5-.5h2V0H2Zm2 10.5H2a.5.5 0 0 1-.5-.5V8H0v2a2 2 0 0 0 2 2h2v-1.5ZM8 12v-1.5h2a.5.5 0 0 0 .5-.5V8H12v2a2 2 0 0 1-2 2H8Zm2-12a2 2 0 0 1 2 2v2h-1.5V2a.5.5 0 0 0-.5-.5H8V0h2Z\" \/>\n\t\t\t<\/svg>\n\t\t<\/button><figcaption class=\"wp-element-caption\">Mar turquesa perto de Ayia Napa (Foto: Gerda Arendt \/ Wikimedia Commons, CC0)<\/figcaption><\/figure>\n\n\n\n<div id=\"ez-toc-container\" class=\"ez-toc-v2_0_87 ez-toc-wrap-left counter-hierarchy ez-toc-counter ez-toc-grey ez-toc-container-direction\">\n<div class=\"ez-toc-title-container\">\n<p class=\"ez-toc-title\" style=\"cursor:inherit\">Conte\u00fado do artigo<\/p>\n<span class=\"ez-toc-title-toggle\"><a href=\"#\" class=\"ez-toc-pull-right ez-toc-btn ez-toc-btn-xs ez-toc-btn-default ez-toc-toggle\" aria-label=\"Alternar tabela de conte\u00fado\"><span class=\"ez-toc-js-icon-con\"><span class=\"\"><span class=\"eztoc-hide\" style=\"display:none;\">Toggle<\/span><span class=\"ez-toc-icon-toggle-span\"><svg style=\"fill: #999;color:#999\" xmlns=\"http:\/\/www.w3.org\/2000\/svg\" class=\"list-377408\" width=\"20px\" height=\"20px\" viewBox=\"0 0 24 24\" fill=\"none\"><path d=\"M6 6H4v2h2V6zm14 0H8v2h12V6zM4 11h2v2H4v-2zm16 0H8v2h12v-2zM4 16h2v2H4v-2zm16 0H8v2h12v-2z\" fill=\"currentColor\"><\/path><\/svg><svg style=\"fill: #999;color:#999\" class=\"arrow-unsorted-368013\" xmlns=\"http:\/\/www.w3.org\/2000\/svg\" width=\"10px\" height=\"10px\" viewBox=\"0 0 24 24\" version=\"1.2\" baseProfile=\"tiny\"><path d=\"M18.2 9.3l-6.2-6.3-6.2 6.3c-.2.2-.3.4-.3.7s.1.5.3.7c.2.2.4.3.7.3h11c.3 0 .5-.1.7-.3.2-.2.3-.5.3-.7s-.1-.5-.3-.7zM5.8 14.7l6.2 6.3 6.2-6.3c.2-.2.3-.5.3-.7s-.1-.5-.3-.7c-.2-.2-.4-.3-.7-.3h-11c-.3 0-.5.1-.7.3-.2.2-.3.5-.3.7s.1.5.3.7z\"\/><\/svg><\/span><\/span><\/span><\/a><\/span><\/div>\n<nav><ul class='ez-toc-list ez-toc-list-level-1 ' ><li class='ez-toc-page-1 ez-toc-heading-level-2'><a class=\"ez-toc-link ez-toc-heading-1\" href=\"https:\/\/loudavymkrokem.cz\/pt-br\/chipre-o-que-ver\/#Resumo_se_voce_nao_tem_tempo_de_ler_o_artigo_inteiro\" >Resumo, se voc\u00ea n\u00e3o tem tempo de ler o artigo inteiro<\/a><\/li><li class='ez-toc-page-1 ez-toc-heading-level-2'><a class=\"ez-toc-link ez-toc-heading-2\" href=\"https:\/\/loudavymkrokem.cz\/pt-br\/chipre-o-que-ver\/#Por_que_ir_a_Chipre_e_para_quem_nao_e_ideal\" >Por que ir a Chipre (e para quem n\u00e3o \u00e9 ideal)<\/a><ul class='ez-toc-list-level-3' ><li class='ez-toc-heading-level-3'><a class=\"ez-toc-link ez-toc-heading-3\" href=\"https:\/\/loudavymkrokem.cz\/pt-br\/chipre-o-que-ver\/#6_motivos_pelos_quais_Chipre_vale_a_viagem\" >6 motivos pelos quais Chipre vale a viagem<\/a><\/li><li class='ez-toc-page-1 ez-toc-heading-level-3'><a class=\"ez-toc-link ez-toc-heading-4\" href=\"https:\/\/loudavymkrokem.cz\/pt-br\/chipre-o-que-ver\/#Para_quem_Chipre_nao_combina\" >Para quem Chipre n\u00e3o combina<\/a><\/li><\/ul><\/li><li class='ez-toc-page-1 ez-toc-heading-level-2'><a class=\"ez-toc-link ez-toc-heading-5\" href=\"https:\/\/loudavymkrokem.cz\/pt-br\/chipre-o-que-ver\/#Quando_ir_a_Chipre_o_clima_mes_a_mes\" >Quando ir a Chipre: o clima m\u00eas a m\u00eas<\/a><ul class='ez-toc-list-level-3' ><li class='ez-toc-heading-level-3'><a class=\"ez-toc-link ez-toc-heading-6\" href=\"https:\/\/loudavymkrokem.cz\/pt-br\/chipre-o-que-ver\/#Paphos_o_oeste_da_ilha_e_um_pouco_mais_ameno\" >Paphos: o oeste da ilha \u00e9 um pouco mais ameno<\/a><\/li><li class='ez-toc-page-1 ez-toc-heading-level-3'><a class=\"ez-toc-link ez-toc-heading-7\" href=\"https:\/\/loudavymkrokem.cz\/pt-br\/chipre-o-que-ver\/#Montanhas_Troodos_uma_ilha_completamente_diferente\" >Montanhas Troodos: uma ilha completamente diferente<\/a><\/li><li class='ez-toc-page-1 ez-toc-heading-level-3'><a class=\"ez-toc-link ez-toc-heading-8\" href=\"https:\/\/loudavymkrokem.cz\/pt-br\/chipre-o-que-ver\/#Os_melhores_meses_por_tipo_de_viagem\" >Os melhores meses por tipo de viagem<\/a><\/li><\/ul><\/li><li class='ez-toc-page-1 ez-toc-heading-level-2'><a class=\"ez-toc-link ez-toc-heading-9\" href=\"https:\/\/loudavymkrokem.cz\/pt-br\/chipre-o-que-ver\/#O_que_ver_em_Chipre_24_dicas_dos_mosaicos_antigos_as_montanhas\" >O que ver em Chipre: 24 dicas dos mosaicos antigos \u00e0s montanhas<\/a><ul class='ez-toc-list-level-3' ><li class='ez-toc-heading-level-3'><a class=\"ez-toc-link ez-toc-heading-10\" href=\"https:\/\/loudavymkrokem.cz\/pt-br\/chipre-o-que-ver\/#1_Parque_Arqueologico_de_Paphos_os_mosaicos_que_atraem_os_turistas\" >1. Parque Arqueol\u00f3gico de Paphos: os mosaicos que atraem os turistas<\/a><\/li><li class='ez-toc-page-1 ez-toc-heading-level-3'><a class=\"ez-toc-link ez-toc-heading-11\" href=\"https:\/\/loudavymkrokem.cz\/pt-br\/chipre-o-que-ver\/#2_Tumbas_dos_Reis_Tombs_of_the_Kings\" >2. Tumbas dos Reis (Tombs of the Kings)<\/a><\/li><li class='ez-toc-page-1 ez-toc-heading-level-3'><a class=\"ez-toc-link ez-toc-heading-12\" href=\"https:\/\/loudavymkrokem.cz\/pt-br\/chipre-o-que-ver\/#3_Petra_tou_Romiou_a_rocha_onde_segundo_o_mito_nasceu_Afrodite\" >3. Petra tou Romiou: a rocha onde, segundo o mito, nasceu Afrodite<\/a><\/li><li class='ez-toc-page-1 ez-toc-heading-level-3'><a class=\"ez-toc-link ez-toc-heading-13\" href=\"https:\/\/loudavymkrokem.cz\/pt-br\/chipre-o-que-ver\/#4_Peninsula_de_Akamas_e_a_Lagoa_Azul\" >4. Pen\u00ednsula de Akamas e a Lagoa Azul<\/a><\/li><li class='ez-toc-page-1 ez-toc-heading-level-3'><a class=\"ez-toc-link ez-toc-heading-14\" href=\"https:\/\/loudavymkrokem.cz\/pt-br\/chipre-o-que-ver\/#5_Desfiladeiro_de_Avakas\" >5. Desfiladeiro de Avakas<\/a><\/li><li class='ez-toc-page-1 ez-toc-heading-level-3'><a class=\"ez-toc-link ez-toc-heading-15\" href=\"https:\/\/loudavymkrokem.cz\/pt-br\/chipre-o-que-ver\/#6_Lara_Bay_e_as_tartarugas-marinhas\" >6. Lara Bay e as tartarugas-marinhas<\/a><\/li><li class='ez-toc-page-1 ez-toc-heading-level-3'><a class=\"ez-toc-link ez-toc-heading-16\" href=\"https:\/\/loudavymkrokem.cz\/pt-br\/chipre-o-que-ver\/#7_Grutas_marinhas_de_Peyia_e_Coral_Bay\" >7. Grutas marinhas de Peyia e Coral Bay<\/a><\/li><li class='ez-toc-page-1 ez-toc-heading-level-3'><a class=\"ez-toc-link ez-toc-heading-17\" href=\"https:\/\/loudavymkrokem.cz\/pt-br\/chipre-o-que-ver\/#8_Limassol_orla_castelo_e_a_cidade_mais_animada_do_sul\" >8. Limassol: orla, castelo e a cidade mais animada do sul<\/a><\/li><li class='ez-toc-page-1 ez-toc-heading-level-3'><a class=\"ez-toc-link ez-toc-heading-18\" href=\"https:\/\/loudavymkrokem.cz\/pt-br\/chipre-o-que-ver\/#9_Kourion_o_teatro_antigo_sobre_o_mar\" >9. Kourion: o teatro antigo sobre o mar<\/a><\/li><li class='ez-toc-page-1 ez-toc-heading-level-3'><a class=\"ez-toc-link ez-toc-heading-19\" href=\"https:\/\/loudavymkrokem.cz\/pt-br\/chipre-o-que-ver\/#10_Castelo_de_Kolossi\" >10. Castelo de Kolossi<\/a><\/li><li class='ez-toc-page-1 ez-toc-heading-level-3'><a class=\"ez-toc-link ez-toc-heading-20\" href=\"https:\/\/loudavymkrokem.cz\/pt-br\/chipre-o-que-ver\/#11_Cabo_Greco_e_Kamara_tou_Koraka\" >11. Cabo Greco e Kamara tou Koraka<\/a><\/li><li class='ez-toc-page-1 ez-toc-heading-level-3'><a class=\"ez-toc-link ez-toc-heading-21\" href=\"https:\/\/loudavymkrokem.cz\/pt-br\/chipre-o-que-ver\/#12_Larnaca_o_Lago_Salgado_e_os_flamingos\" >12. Larnaca: o Lago Salgado e os flamingos<\/a><\/li><li class='ez-toc-page-1 ez-toc-heading-level-3'><a class=\"ez-toc-link ez-toc-heading-22\" href=\"https:\/\/loudavymkrokem.cz\/pt-br\/chipre-o-que-ver\/#13_Nissi_Beach_a_praia_mais_famosa_de_Chipre\" >13. Nissi Beach: a praia mais famosa de Chipre<\/a><\/li><li class='ez-toc-page-1 ez-toc-heading-level-3'><a class=\"ez-toc-link ez-toc-heading-23\" href=\"https:\/\/loudavymkrokem.cz\/pt-br\/chipre-o-que-ver\/#14_Ayia_Napa_balada_mas_tambem_mosteiro_e_grutas_marinhas\" >14. Ayia Napa: balada, mas tamb\u00e9m mosteiro e grutas marinhas<\/a><\/li><li class='ez-toc-page-1 ez-toc-heading-level-3'><a class=\"ez-toc-link ez-toc-heading-24\" href=\"https:\/\/loudavymkrokem.cz\/pt-br\/chipre-o-que-ver\/#15_Protaras_e_Fig_Tree_Bay\" >15. Protaras e Fig Tree Bay<\/a><\/li><li class='ez-toc-page-1 ez-toc-heading-level-3'><a class=\"ez-toc-link ez-toc-heading-25\" href=\"https:\/\/loudavymkrokem.cz\/pt-br\/chipre-o-que-ver\/#16_Ayia_Napa_Sculpture_Park_e_as_trilhas_do_Cabo_Greco\" >16. Ayia Napa Sculpture Park e as trilhas do Cabo Greco<\/a><\/li><li class='ez-toc-page-1 ez-toc-heading-level-3'><a class=\"ez-toc-link ez-toc-heading-26\" href=\"https:\/\/loudavymkrokem.cz\/pt-br\/chipre-o-que-ver\/#17_Parque_aquatico_WaterWorld_em_Ayia_Napa\" >17. Parque aqu\u00e1tico WaterWorld em Ayia Napa<\/a><\/li><li class='ez-toc-page-1 ez-toc-heading-level-3'><a class=\"ez-toc-link ez-toc-heading-27\" href=\"https:\/\/loudavymkrokem.cz\/pt-br\/chipre-o-que-ver\/#18_Vilarejos_de_Troodos_Omodos_Lefkara_e_Kakopetria\" >18. Vilarejos de Troodos: Omodos, Lefkara e Kakopetria<\/a><\/li><li class='ez-toc-page-1 ez-toc-heading-level-3'><a class=\"ez-toc-link ez-toc-heading-28\" href=\"https:\/\/loudavymkrokem.cz\/pt-br\/chipre-o-que-ver\/#19_Igrejas_bizantinas_na_lista_da_UNESCO\" >19. Igrejas bizantinas na lista da UNESCO<\/a><\/li><li class='ez-toc-page-1 ez-toc-heading-level-3'><a class=\"ez-toc-link ez-toc-heading-29\" href=\"https:\/\/loudavymkrokem.cz\/pt-br\/chipre-o-que-ver\/#20_Cachoeiras_de_Kalidonia_e_o_Monte_Olimpo\" >20. Cachoeiras de Kalidonia e o Monte Olimpo<\/a><\/li><li class='ez-toc-page-1 ez-toc-heading-level-3'><a class=\"ez-toc-link ez-toc-heading-30\" href=\"https:\/\/loudavymkrokem.cz\/pt-br\/chipre-o-que-ver\/#21_Vinicolas_cipriotas_e_as_rotas_do_vinho\" >21. Vin\u00edcolas cipriotas e as rotas do vinho<\/a><\/li><li class='ez-toc-page-1 ez-toc-heading-level-3'><a class=\"ez-toc-link ez-toc-heading-31\" href=\"https:\/\/loudavymkrokem.cz\/pt-br\/chipre-o-que-ver\/#22_Nicosia_a_ultima_capital_dividida_da_Europa\" >22. Nic\u00f3sia: a \u00faltima capital dividida da Europa<\/a><\/li><li class='ez-toc-page-1 ez-toc-heading-level-3'><a class=\"ez-toc-link ez-toc-heading-32\" href=\"https:\/\/loudavymkrokem.cz\/pt-br\/chipre-o-que-ver\/#23_Kyrenia_Girne_e_o_castelo_sobre_o_porto\" >23. Kyrenia (Girne) e o castelo sobre o porto<\/a><\/li><li class='ez-toc-page-1 ez-toc-heading-level-3'><a class=\"ez-toc-link ez-toc-heading-33\" href=\"https:\/\/loudavymkrokem.cz\/pt-br\/chipre-o-que-ver\/#24_Famagusta_e_a_fantasmagorica_Varosha\" >24. Famagusta e a fantasmag\u00f3rica Varosha<\/a><\/li><\/ul><\/li><li class='ez-toc-page-1 ez-toc-heading-level-2'><a class=\"ez-toc-link ez-toc-heading-34\" href=\"https:\/\/loudavymkrokem.cz\/pt-br\/chipre-o-que-ver\/#Onde_se_hospedar_em_Chipre_que_regiao_combina_com_quem\" >Onde se hospedar em Chipre: que regi\u00e3o combina com quem<\/a><ul class='ez-toc-list-level-3' ><li class='ez-toc-heading-level-3'><a class=\"ez-toc-link ez-toc-heading-35\" href=\"https:\/\/loudavymkrokem.cz\/pt-br\/chipre-o-que-ver\/#Visao_geral_das_regioes\" >Vis\u00e3o geral das regi\u00f5es<\/a><\/li><li class='ez-toc-page-1 ez-toc-heading-level-3'><a class=\"ez-toc-link ez-toc-heading-36\" href=\"https:\/\/loudavymkrokem.cz\/pt-br\/chipre-o-que-ver\/#Dicas_concretas_de_hospedagem\" >Dicas concretas de hospedagem<\/a><\/li><\/ul><\/li><li class='ez-toc-page-1 ez-toc-heading-level-2'><a class=\"ez-toc-link ez-toc-heading-37\" href=\"https:\/\/loudavymkrokem.cz\/pt-br\/chipre-o-que-ver\/#O_que_comer_em_Chipre_um_paraiso_para_vegetarianos\" >O que comer em Chipre: um para\u00edso para vegetarianos<\/a><\/li><li class='ez-toc-page-1 ez-toc-heading-level-2'><a class=\"ez-toc-link ez-toc-heading-38\" href=\"https:\/\/loudavymkrokem.cz\/pt-br\/chipre-o-que-ver\/#Transporte_em_Chipre_carro_onibus_e_a_travessia_para_o_norte\" >Transporte em Chipre: carro, \u00f4nibus e a travessia para o norte<\/a><ul class='ez-toc-list-level-3' ><li class='ez-toc-heading-level-3'><a class=\"ez-toc-link ez-toc-heading-39\" href=\"https:\/\/loudavymkrokem.cz\/pt-br\/chipre-o-que-ver\/#Dirige-se_pela_esquerda\" >Dirige-se pela esquerda<\/a><\/li><li class='ez-toc-page-1 ez-toc-heading-level-3'><a class=\"ez-toc-link ez-toc-heading-40\" href=\"https:\/\/loudavymkrokem.cz\/pt-br\/chipre-o-que-ver\/#Onibus_versus_carro_alugado\" >\u00d4nibus versus carro alugado<\/a><\/li><li class='ez-toc-page-1 ez-toc-heading-level-3'><a class=\"ez-toc-link ez-toc-heading-41\" href=\"https:\/\/loudavymkrokem.cz\/pt-br\/chipre-o-que-ver\/#Como_atravessar_a_Linha_Verde_para_o_norte\" >Como atravessar a Linha Verde para o norte<\/a><\/li><\/ul><\/li><li class='ez-toc-page-1 ez-toc-heading-level-2'><a class=\"ez-toc-link ez-toc-heading-42\" href=\"https:\/\/loudavymkrokem.cz\/pt-br\/chipre-o-que-ver\/#Quanto_custa_uma_viagem_a_Chipre\" >Quanto custa uma viagem a Chipre<\/a><\/li><li class='ez-toc-page-1 ez-toc-heading-level-2'><a class=\"ez-toc-link ez-toc-heading-43\" href=\"https:\/\/loudavymkrokem.cz\/pt-br\/chipre-o-que-ver\/#Com_o_que_tomar_cuidado_em_Chipre\" >Com o que tomar cuidado em Chipre<\/a><\/li><li class='ez-toc-page-1 ez-toc-heading-level-2'><a class=\"ez-toc-link ez-toc-heading-44\" href=\"https:\/\/loudavymkrokem.cz\/pt-br\/chipre-o-que-ver\/#Chipre_com_criancas\" >Chipre com crian\u00e7as<\/a><\/li><li class='ez-toc-page-1 ez-toc-heading-level-2'><a class=\"ez-toc-link ez-toc-heading-45\" href=\"https:\/\/loudavymkrokem.cz\/pt-br\/chipre-o-que-ver\/#Para_onde_mais_outras_dicas_de_viagem_a_beira-mar\" >Para onde mais: outras dicas de viagem \u00e0 beira-mar<\/a><\/li><li class='ez-toc-page-1 ez-toc-heading-level-2'><a class=\"ez-toc-link ez-toc-heading-46\" href=\"https:\/\/loudavymkrokem.cz\/pt-br\/chipre-o-que-ver\/#Perguntas_frequentes\" >Perguntas frequentes<\/a><ul class='ez-toc-list-level-3' ><li class='ez-toc-heading-level-3'><a class=\"ez-toc-link ez-toc-heading-47\" href=\"https:\/\/loudavymkrokem.cz\/pt-br\/chipre-o-que-ver\/#Quando_e_a_melhor_epoca_para_ir_a_Chipre\" >Quando \u00e9 a melhor \u00e9poca para ir a Chipre?<\/a><\/li><li class='ez-toc-page-1 ez-toc-heading-level-3'><a class=\"ez-toc-link ez-toc-heading-48\" href=\"https:\/\/loudavymkrokem.cz\/pt-br\/chipre-o-que-ver\/#Quanto_tempo_voce_precisa_em_Chipre\" >Quanto tempo voc\u00ea precisa em Chipre?<\/a><\/li><li class='ez-toc-page-1 ez-toc-heading-level-3'><a class=\"ez-toc-link ez-toc-heading-49\" href=\"https:\/\/loudavymkrokem.cz\/pt-br\/chipre-o-que-ver\/#Da_para_nadar_em_Chipre_em_outubro_e_novembro\" >D\u00e1 para nadar em Chipre em outubro e novembro?<\/a><\/li><li class='ez-toc-page-1 ez-toc-heading-level-3'><a class=\"ez-toc-link ez-toc-heading-50\" href=\"https:\/\/loudavymkrokem.cz\/pt-br\/chipre-o-que-ver\/#Preciso_de_carro_em_Chipre\" >Preciso de carro em Chipre?<\/a><\/li><li class='ez-toc-page-1 ez-toc-heading-level-3'><a class=\"ez-toc-link ez-toc-heading-51\" href=\"https:\/\/loudavymkrokem.cz\/pt-br\/chipre-o-que-ver\/#Posso_ir_do_sul_para_o_norte_de_Chipre\" >Posso ir do sul para o norte de Chipre?<\/a><\/li><li class='ez-toc-page-1 ez-toc-heading-level-3'><a class=\"ez-toc-link ez-toc-heading-52\" href=\"https:\/\/loudavymkrokem.cz\/pt-br\/chipre-o-que-ver\/#Chipre_e_caro\" >Chipre \u00e9 caro?<\/a><\/li><li class='ez-toc-page-1 ez-toc-heading-level-3'><a class=\"ez-toc-link ez-toc-heading-53\" href=\"https:\/\/loudavymkrokem.cz\/pt-br\/chipre-o-que-ver\/#Como_e_a_comida_para_vegetarianos_em_Chipre\" >Como \u00e9 a comida para vegetarianos em Chipre?<\/a><\/li><li class='ez-toc-page-1 ez-toc-heading-level-3'><a class=\"ez-toc-link ez-toc-heading-54\" href=\"https:\/\/loudavymkrokem.cz\/pt-br\/chipre-o-que-ver\/#Chipre_e_seguro\" >Chipre \u00e9 seguro?<\/a><\/li><\/ul><\/li><\/ul><\/nav><\/div>\n<h2 id=\"Shrnuti_pokud_nestihate_cist_cely_clanek\" class=\"wp-block-heading\"><span class=\"ez-toc-section\" id=\"Resumo_se_voce_nao_tem_tempo_de_ler_o_artigo_inteiro\"><\/span>Resumo, se voc\u00ea n\u00e3o tem tempo de ler o artigo inteiro<span class=\"ez-toc-section-end\"><\/span><\/h2>\n\n\n\n<p class=\"wp-block-paragraph\">Se voc\u00ea n\u00e3o tem tempo de ler o guia completo, preparei um resumo r\u00e1pido do mais importante. Aqui est\u00e3o os fatos b\u00e1sicos que voc\u00ea definitivamente deveria saber antes da viagem:<\/p>\n\n\n\n<ul class=\"wp-block-list\">\n<li>A ilha tem a <strong>temporada de banho mais longa da Europa<\/strong>, e o mar na badalada Ayia Napa fica com lindos 24,5 \u00b0C mesmo em novembro.<\/li>\n\n\n\n<li>Se voc\u00ea vier em julho e agosto, encontra em Ayia Napa temperaturas de <strong>32,1 e 32,4 \u00b0C<\/strong> e chove em m\u00e9dia apenas 0,1 dia por m\u00eas.<\/li>\n\n\n\n<li>Segundo os locais, a \u00e9poca mais bonita \u00e9 a <strong>primavera (abril e maio)<\/strong>, quando toda a ilha fica verdinha e cheia de flores.<\/li>\n\n\n\n<li>A ilha \u00e9 politicamente dividida e a Linha Verde at\u00e9 d\u00e1 para atravessar, mas voc\u00ea sempre <strong>PRECISA DE PASSAPORTE<\/strong>.<\/li>\n\n\n\n<li>Por causa do passado colonial brit\u00e2nico, aqui se <strong>dirige pela esquerda<\/strong>, o que pega de surpresa muitos turistas ao alugar carro no aeroporto.<\/li>\n\n\n\n<li>As montanhas Troodos, no interior, s\u00e3o normalmente <strong>8 a 10 graus mais frias<\/strong> que o litoral e no inverno chega a nevar e a esquiar por l\u00e1.<\/li>\n\n\n\n<li>Enquanto <strong>Paphos \u00e9 cheia de arqueologia<\/strong> e monumentos da UNESCO, Ayia Napa atrai pelas praias e baladas, e Protaras oferece sossego para fam\u00edlias.<\/li>\n\n\n\n<li>O famoso queijo <strong>halloumi vem justamente de Chipre<\/strong> e os meze vegetarianos, cheios de petiscos sem carne, s\u00e3o coisa totalmente comum por aqui.<\/li>\n<\/ul>\n\n\n\n<h2 id=\"Proc_jet_na_Kypr_a_pro_koho_se_nehodi\" class=\"wp-block-heading\"><span class=\"ez-toc-section\" id=\"Por_que_ir_a_Chipre_e_para_quem_nao_e_ideal\"><\/span>Por que ir a Chipre (e para quem n\u00e3o \u00e9 ideal)<span class=\"ez-toc-section-end\"><\/span><\/h2>\n\n\n\n<p class=\"wp-block-paragraph\">Se voc\u00ea ainda est\u00e1 em d\u00favida se essa ilha ensolarada no Mediterr\u00e2neo \u00e9 a escolha certa para as suas pr\u00f3ximas f\u00e9rias, vamos analisar um pouco. O destino oferece um <strong>mix realmente \u00fanico de experi\u00eancias<\/strong>, que agrada tanto quem \u00e9 aventureiro quanto quem s\u00f3 quer deitar numa espregui\u00e7adeira com um bom livro. Ao mesmo tempo, vale conhecer algumas particularidades que podem atrapalhar a viagem de certas pessoas.<\/p>\n\n\n\n<h3 id=\"6_duvodu_proc_Kypr_stoji_za_cestu\" class=\"wp-block-heading\"><span class=\"ez-toc-section\" id=\"6_motivos_pelos_quais_Chipre_vale_a_viagem\"><\/span>6 motivos pelos quais Chipre vale a viagem<span class=\"ez-toc-section-end\"><\/span><\/h3>\n\n\n\n<p class=\"wp-block-paragraph\"><strong>A temporada de banho mais longa:<\/strong> segundo medi\u00e7\u00f5es de longo prazo, o calor est\u00e1vel reina aqui do in\u00edcio da primavera at\u00e9 o fim do outono, o que \u00e9 uma enorme vantagem dentro da Europa. Enquanto na Gr\u00e9cia ou na Espanha j\u00e1 em outubro voc\u00ea tira o casaco, aqui locais e turistas ainda se <strong>banham num mar aquecido<\/strong>.<\/p>\n\n\n\n<p class=\"wp-block-paragraph\"><strong>Monumentos antigos na lista da UNESCO:<\/strong> se voc\u00ea gosta de hist\u00f3ria, vai estar no seu elemento, porque a ilha inteira funciona como um enorme museu a c\u00e9u aberto. Chipre se orgulha de <strong>lindos parques arqueol\u00f3gicos<\/strong>, mosaicos preservados e antigas tumbas que encantam qualquer amante de hist\u00f3rias antigas.<\/p>\n\n\n\n<p class=\"wp-block-paragraph\"><strong>Montanha e mar no mesmo dia:<\/strong> de manh\u00e3 voc\u00ea pode caminhar por densas florestas de pinheiros, descobrir cachoeiras escondidas e respirar ar puro. De tarde, desce de carro at\u00e9 o litoral e <strong>mergulha nas ondas turquesa<\/strong>, um contraste incrivelmente refrescante que n\u00e3o enjoa.<\/p>\n\n\n\n<p class=\"wp-block-paragraph\"><strong>Ingl\u00eas e m\u00e3o inglesa:<\/strong> a ilha foi por muito tempo administra\u00e7\u00e3o brit\u00e2nica, ent\u00e3o voc\u00ea se comunica em ingl\u00eas sem problemas at\u00e9 no vilarejo mais escondido. A heran\u00e7a brit\u00e2nica tamb\u00e9m traz o dirigir pela esquerda e as tomadas de tr\u00eas pinos tipo G, para as quais voc\u00ea <strong>vai precisar necessariamente de um adaptador<\/strong>. E lembre-se: embora o transporte p\u00fablico ligue as principais cidades, para as montanhas Troodos, a pen\u00ednsula de Akamas e a maioria das trilhas voc\u00ea s\u00f3 chega de carro.<\/p>\n\n\n\n<p class=\"wp-block-paragraph\"><strong>\u00d3tima cozinha vegetariana e o halloumi:<\/strong> a comida aqui \u00e9 simplesmente fabulosa e agrada at\u00e9 quem n\u00e3o come carne, porque as tavernas tradicionais oferecem uma enorme variedade de pratos sem carne. Voc\u00ea certamente vai amar o <strong>queijo halloumi grelhado<\/strong>, um tesouro local que, combinado com legumes frescos e azeite, fica divino.<\/p>\n\n\n\n<p class=\"wp-block-paragraph\"><strong>Duas culturas numa s\u00f3 ilha:<\/strong> cruzar a Linha Verde para a parte norte da ilha transporta voc\u00ea para um mundo totalmente diferente, cheio de mesquitas, ch\u00e1 turco e mercados, onde, ali\u00e1s, <strong>normalmente se paga em lira turca<\/strong>, ainda que em muitos lugares aceitem euros. Poder explorar a cultura grega e a turca numa \u00fanica viagem \u00e9 um b\u00f4nus enorme, mas lembre-se de que para o norte s\u00f3 se pode ir com carro alugado no sul se a locadora autorizar, e \u00e9 preciso <strong>comprar no posto de fronteira um seguro turco tempor\u00e1rio<\/strong>, j\u00e1 que o seguro do sul n\u00e3o vale l\u00e1 (e com carro alugado no norte n\u00e3o se pode entrar no sul de jeito nenhum).<\/p>\n\n\n\n<h3 id=\"Komu_Kypr_nesedne\" class=\"wp-block-heading\"><span class=\"ez-toc-section\" id=\"Para_quem_Chipre_nao_combina\"><\/span>Para quem Chipre n\u00e3o combina<span class=\"ez-toc-section-end\"><\/span><\/h3>\n\n\n\n<p class=\"wp-block-paragraph\">Por mais linda que a ilha seja, ela n\u00e3o \u00e9 um para\u00edso universal para todo mundo e tem suas desvantagens claras. Se voc\u00ea se identificar com algum dos pontos abaixo, talvez seja melhor considerar outro destino e <strong>evitar uma decep\u00e7\u00e3o desnecess\u00e1ria<\/strong>.<\/p>\n\n\n\n<ul class=\"wp-block-list\">\n<li>Quem <strong>n\u00e3o suporta calor forte<\/strong>, porque no ver\u00e3o as temperaturas passam facilmente dos 32 \u00b0C e em Larnaca chegam a 33,4 \u00b0C.<\/li>\n\n\n\n<li>Quem procura <strong>natureza verdinha tamb\u00e9m no ver\u00e3o<\/strong>, j\u00e1 que sob o sol forte a ilha fica bem seca e amarelada de junho at\u00e9 o outono.<\/li>\n\n\n\n<li>Quem tem <strong>pavor de dirigir pela esquerda<\/strong> e n\u00e3o quer depender s\u00f3 dos \u00f4nibus intermunicipais, que n\u00e3o v\u00e3o para a natureza.<\/li>\n\n\n\n<li>Quem busca <strong>exclusivamente uma viagem barata<\/strong>, porque, dentro do Mediterr\u00e2neo, este \u00e9 um destino mais caro e os pre\u00e7os dos servi\u00e7os refletem isso.<\/li>\n\n\n\n<li>Quem quer <strong>sossego absoluto em Ayia Napa<\/strong> durante a alta temporada de ver\u00e3o, quando a regi\u00e3o vira um enorme e barulhento centro de baladas.<\/li>\n<\/ul>\n\n\n\n<h2 id=\"Kdy_jet_na_Kypr_pocasi_mesic_po_mesici\" class=\"wp-block-heading\"><span class=\"ez-toc-section\" id=\"Quando_ir_a_Chipre_o_clima_mes_a_mes\"><\/span>Quando ir a Chipre: o clima m\u00eas a m\u00eas<span class=\"ez-toc-section-end\"><\/span><\/h2>\n\n\n\n<p class=\"wp-block-paragraph\">Escolher a \u00e9poca ideal \u00e9 fundamental, porque o clima muda bastante ao longo do ano e determina quais atividades voc\u00ea vai conseguir realmente fazer. Para trazer as informa\u00e7\u00f5es mais precisas, reunimos dados que <strong>n\u00e3o se baseiam em impress\u00f5es<\/strong>, mas em medi\u00e7\u00f5es meteorol\u00f3gicas concretas.<\/p>\n\n\n\n<p class=\"wp-block-paragraph\">Todas as temperaturas do ar nos quadros a seguir representam <strong>m\u00e9dias de dez anos, de 2015 a 2024<\/strong>, obtidas da rean\u00e1lise clim\u00e1tica ERA5. J\u00e1 a temperatura do mar vem de um modelo marinho moderno dos anos 2019 a 2024, ent\u00e3o voc\u00ea tem \u00e0 frente os valores mais atuais e confi\u00e1veis que existem.<\/p>\n\n\n\n<figure class=\"wp-block-table is-style-stripes\" style=\"overflow-x:auto\"><table><thead><tr><th>M\u00eas<\/th><th>Dia<\/th><th>Noite<\/th><th>Mar<\/th><th>Dias de chuva<\/th><th>Sol\/dia<\/th><\/tr><\/thead><tbody><tr><td><strong>janeiro<\/strong><\/td><td>16 \u00b0C<\/td><td>10 \u00b0C<\/td><td>19 \u00b0C<\/td><td>8,8<\/td><td>8,6 h<\/td><\/tr><tr><td><strong>fevereiro<\/strong><\/td><td>17 \u00b0C<\/td><td>10 \u00b0C<\/td><td>18 \u00b0C<\/td><td>5,6<\/td><td>9,0 h<\/td><\/tr><tr><td><strong>mar\u00e7o<\/strong><\/td><td>19 \u00b0C<\/td><td>12 \u00b0C<\/td><td>18 \u00b0C<\/td><td>5,1<\/td><td>10,4 h<\/td><\/tr><tr><td><strong>abril<\/strong><\/td><td>22 \u00b0C<\/td><td>14 \u00b0C<\/td><td>19 \u00b0C<\/td><td>3,8<\/td><td>11,6 h<\/td><\/tr><tr><td><strong>maio<\/strong><\/td><td>26 \u00b0C<\/td><td>18 \u00b0C<\/td><td>21 \u00b0C<\/td><td>2,8<\/td><td>12,7 h<\/td><\/tr><tr><td><strong>junho<\/strong><\/td><td>29 \u00b0C<\/td><td>22 \u00b0C<\/td><td>26 \u00b0C<\/td><td>1,1<\/td><td>13,7 h<\/td><\/tr><tr><td><strong>julho<\/strong><\/td><td>32 \u00b0C<\/td><td>24 \u00b0C<\/td><td>29 \u00b0C<\/td><td>0,0<\/td><td>13,8 h<\/td><\/tr><tr><td><strong>agosto<\/strong><\/td><td>32 \u00b0C<\/td><td>25 \u00b0C<\/td><td>30 \u00b0C<\/td><td>0,3<\/td><td>12,8 h<\/td><\/tr><tr><td><strong>setembro<\/strong><\/td><td>31 \u00b0C<\/td><td>23 \u00b0C<\/td><td>29 \u00b0C<\/td><td>1,1<\/td><td>11,6 h<\/td><\/tr><tr><td><strong>outubro<\/strong><\/td><td>27 \u00b0C<\/td><td>20 \u00b0C<\/td><td>27 \u00b0C<\/td><td>3,6<\/td><td>10,6 h<\/td><\/tr><tr><td><strong>novembro<\/strong><\/td><td>22 \u00b0C<\/td><td>16 \u00b0C<\/td><td>24 \u00b0C<\/td><td>6,7<\/td><td>8,9 h<\/td><\/tr><tr><td><strong>dezembro<\/strong><\/td><td>18 \u00b0C<\/td><td>12 \u00b0C<\/td><td>21 \u00b0C<\/td><td>9,5<\/td><td>8,0 h<\/td><\/tr><\/tbody><\/table><figcaption class=\"wp-element-caption\">Temperaturas m\u00e9dias em Ayia Napa m\u00eas a m\u00eas. Ar e chuva s\u00e3o m\u00e9dias de dez anos (2015\u20132024) da rean\u00e1lise ERA5; temperatura do mar do modelo marinho 2019\u20132024.<\/figcaption><\/figure>\n\n\n\n<p class=\"wp-block-paragraph\">Para deixar mais claro, vamos olhar os n\u00fameros concretos do balne\u00e1rio de Ayia Napa, que fica na badalada costa leste e atrai pelas praias mais bonitas. <strong>Aqui est\u00e3o os valores m\u00e9dios exatos<\/strong> para cada m\u00eas:<\/p>\n\n\n\n<ul class=\"wp-block-list\">\n<li><strong>Janeiro:<\/strong> dia 15,9 \u00b0C, noite 10,3 \u00b0C, mar 18,8 \u00b0C, dias de chuva 8,8, sol 8,6 h\/dia.<\/li>\n\n\n\n<li><strong>Fevereiro:<\/strong> dia 16,7 \u00b0C, noite 10,3 \u00b0C, mar 18,0 \u00b0C, dias de chuva 5,6, sol 9,0 h\/dia.<\/li>\n\n\n\n<li><strong>Mar\u00e7o:<\/strong> dia 18,6 \u00b0C, noite 11,6 \u00b0C, mar 18,0 \u00b0C, dias de chuva 5,1, sol 10,4 h\/dia.<\/li>\n\n\n\n<li><strong>Abril:<\/strong> dia 22,1 \u00b0C, noite 14,0 \u00b0C, mar 19,3 \u00b0C, dias de chuva 3,8, sol 11,6 h\/dia.<\/li>\n\n\n\n<li><strong>Maio:<\/strong> dia 25,8 \u00b0C, noite 17,9 \u00b0C, mar 21,4 \u00b0C, dias de chuva 2,8, sol 12,7 h\/dia.<\/li>\n\n\n\n<li><strong>Junho:<\/strong> dia 29,1 \u00b0C, noite 21,5 \u00b0C, mar 25,5 \u00b0C, dias de chuva 1,1, sol 13,7 h\/dia.<\/li>\n\n\n\n<li><strong>Julho:<\/strong> dia 32,1 \u00b0C, noite 24,4 \u00b0C, mar 28,6 \u00b0C, dias de chuva 0,0, sol 13,8 h\/dia.<\/li>\n\n\n\n<li><strong>Agosto:<\/strong> dia 32,2 \u00b0C, noite 24,9 \u00b0C, mar 29,8 \u00b0C, dias de chuva 0,3, sol 12,8 h\/dia.<\/li>\n\n\n\n<li><strong>Setembro:<\/strong> dia 30,7 \u00b0C, noite 23,0 \u00b0C, mar 28,7 \u00b0C, dias de chuva 1,1, sol 11,6 h\/dia.<\/li>\n\n\n\n<li><strong>Outubro:<\/strong> dia 27,3 \u00b0C, noite 20,0 \u00b0C, mar 26,8 \u00b0C, dias de chuva 3,6, sol 10,6 h\/dia.<\/li>\n\n\n\n<li><strong>Novembro:<\/strong> dia 22,2 \u00b0C, noite 16,3 \u00b0C, mar 23,8 \u00b0C, dias de chuva 6,7, sol 8,9 h\/dia.<\/li>\n\n\n\n<li><strong>Dezembro:<\/strong> dia 18,1 \u00b0C, noite 12,4 \u00b0C, mar 20,6 \u00b0C, dias de chuva 9,5, sol 8,0 h\/dia.<\/li>\n<\/ul>\n\n\n\n<h3 id=\"Paphos_zapad_ostrova_je_o_neco_mirnejsi\" class=\"wp-block-heading\"><span class=\"ez-toc-section\" id=\"Paphos_o_oeste_da_ilha_e_um_pouco_mais_ameno\"><\/span>Paphos: o oeste da ilha \u00e9 um pouco mais ameno<span class=\"ez-toc-section-end\"><\/span><\/h3>\n\n\n\n<p class=\"wp-block-paragraph\">A costa oeste tem um microclima um pouco diferente, ent\u00e3o na regi\u00e3o de Paphos costuma fazer um pouquinho mais de frio e chove um pouco mais frequentemente, o que, por outro lado, significa que a <strong>paisagem fica verde por mais tempo<\/strong>. Para comparar, em janeiro voc\u00ea mede aqui 15,6 \u00b0C durante o dia (noite 9,4 \u00b0C, mar 19,4 \u00b0C, chuva 13,6 dias, sol 8,5 h\/dia) e em fevereiro 16,5 \u00b0C (noite 9,5 \u00b0C, mar 18,1 \u00b0C, chuva 8,2 dias, sol 9,1 h\/dia). O mar\u00e7o da primavera traz 17,9 \u00b0C de dia (noite 10,9 \u00b0C, mar 17,8 \u00b0C, chuva 9,6 dias, sol 10,6 h\/dia) e abril j\u00e1 muito agrad\u00e1veis 21,3 \u00b0C (noite 13,3 \u00b0C, mar 18,9 \u00b0C, chuva 4,8 dias, sol 11,6 h\/dia). Os dias de maio esquentam para 24,8 \u00b0C (noite 17,0 \u00b0C, mar 20,8 \u00b0C, chuva 4,4 dias, sol 12,8 h\/dia) e os de junho para 27,8 \u00b0C (noite 20,6 \u00b0C, mar 24,8 \u00b0C, chuva 1,4 dias, sol 13,9 h\/dia). No quente julho conte com 31,0 \u00b0C (noite 23,4 \u00b0C, mar 27,4 \u00b0C, chuva 0,4 dias, sol 13,9 h\/dia) e em agosto com 30,7 \u00b0C (noite 23,8 \u00b0C, mar 28,8 \u00b0C, chuva 0,7 dias, sol 12,7 h\/dia). Setembro ainda promete 29,2 \u00b0C de ver\u00e3o (noite 22,0 \u00b0C, mar 27,7 \u00b0C, chuva 1,5 dias, sol 11,7 h\/dia) e outubro cai para 26,3 \u00b0C (noite 18,5 \u00b0C, mar 26,0 \u00b0C, chuva 4,0 dias, sol 10,6 h\/dia). Novembro oferece ent\u00e3o 22,3 \u00b0C (noite 14,7 \u00b0C, mar 23,3 \u00b0C, chuva 5,9 dias, sol 9,2 h\/dia) e o ano fecha com dezembro a 17,9 \u00b0C (noite 11,4 \u00b0C, mar 20,8 \u00b0C, chuva 10,9 dias, sol 8,3 h\/dia).<\/p>\n\n\n\n<h3 id=\"Hory_Troodos_uplne_jiny_ostrov\" class=\"wp-block-heading\"><span class=\"ez-toc-section\" id=\"Montanhas_Troodos_uma_ilha_completamente_diferente\"><\/span>Montanhas Troodos: uma ilha completamente diferente<span class=\"ez-toc-section-end\"><\/span><\/h3>\n\n\n\n<p class=\"wp-block-paragraph\">Quando voc\u00ea sobe do litoral escaldante para o interior, se v\u00ea numa zona clim\u00e1tica totalmente diferente, que vai te surpreender pelo frescor inesperado. As medi\u00e7\u00f5es feitas a cerca de 1.830 metros de altitude mostram claramente que, enquanto l\u00e1 embaixo, no mar, as pessoas passeiam de camiseta a 15 \u00b0C, <strong>l\u00e1 em cima nas montanhas costuma haver neve<\/strong>. Em janeiro a m\u00e1xima di\u00e1ria m\u00e9dia \u00e9 de apenas 4,0 \u00b0C e h\u00e1 at\u00e9 uma esta\u00e7\u00e3o de esqui funcionando, o que \u00e9 uma curiosidade e tanto para uma ilha do Mediterr\u00e2neo.<\/p>\n\n\n\n<figure class=\"wp-block-table is-style-stripes\"><table class=\"has-fixed-layout\"><thead><tr><th>M\u00eas<\/th><th>Dia<\/th><th>Noite<\/th><th>Dias de chuva<\/th><th>Sol\/dia<\/th><\/tr><\/thead><tbody><tr><td><strong>janeiro<\/strong><\/td><td>4 \u00b0C<\/td><td>-3 \u00b0C<\/td><td>12,9<\/td><td>7,9 h<\/td><\/tr><tr><td><strong>fevereiro<\/strong><\/td><td>6 \u00b0C<\/td><td>-2 \u00b0C<\/td><td>10,7<\/td><td>8,6 h<\/td><\/tr><tr><td><strong>mar\u00e7o<\/strong><\/td><td>8 \u00b0C<\/td><td>-0 \u00b0C<\/td><td>10,4<\/td><td>10,2 h<\/td><\/tr><tr><td><strong>abril<\/strong><\/td><td>13 \u00b0C<\/td><td>4 \u00b0C<\/td><td>6,9<\/td><td>11,5 h<\/td><\/tr><tr><td><strong>maio<\/strong><\/td><td>18 \u00b0C<\/td><td>8 \u00b0C<\/td><td>6,4<\/td><td>12,8 h<\/td><\/tr><tr><td><strong>junho<\/strong><\/td><td>22 \u00b0C<\/td><td>11 \u00b0C<\/td><td>3,8<\/td><td>13,8 h<\/td><\/tr><tr><td><strong>julho<\/strong><\/td><td>26 \u00b0C<\/td><td>15 \u00b0C<\/td><td>0,8<\/td><td>13,9 h<\/td><\/tr><tr><td><strong>agosto<\/strong><\/td><td>26 \u00b0C<\/td><td>15 \u00b0C<\/td><td>1,1<\/td><td>12,9 h<\/td><\/tr><tr><td><strong>setembro<\/strong><\/td><td>23 \u00b0C<\/td><td>12 \u00b0C<\/td><td>3,3<\/td><td>11,7 h<\/td><\/tr><tr><td><strong>outubro<\/strong><\/td><td>18 \u00b0C<\/td><td>8 \u00b0C<\/td><td>5,4<\/td><td>10,6 h<\/td><\/tr><tr><td><strong>novembro<\/strong><\/td><td>12 \u00b0C<\/td><td>3 \u00b0C<\/td><td>6,7<\/td><td>9,1 h<\/td><\/tr><tr><td><strong>dezembro<\/strong><\/td><td>7 \u00b0C<\/td><td>-0 \u00b0C<\/td><td>11,1<\/td><td>7,9 h<\/td><\/tr><\/tbody><\/table><figcaption class=\"wp-element-caption\">Cordilheira Troodos a cerca de 1.830 m. Os valores de setembro e do inverno mostram o quanto l\u00e1 em cima \u00e9 mais frio que no litoral (m\u00e9dias 2015\u20132024, ERA5).<\/figcaption><\/figure>\n\n\n\n<p class=\"wp-block-paragraph\">Aqui est\u00e3o os dados exatos das \u00e1reas de montanha, para voc\u00ea saber <strong>que roupas levar na mala<\/strong>:<\/p>\n\n\n\n<ul class=\"wp-block-list\">\n<li><strong>Janeiro:<\/strong> dia 4,0 \u00b0C, noite -2,9 \u00b0C, dias de chuva 12,9, sol 7,9 h\/dia.<\/li>\n\n\n\n<li><strong>Fevereiro:<\/strong> dia 5,9 \u00b0C, noite -2,1 \u00b0C, dias de chuva 10,7, sol 8,6 h\/dia.<\/li>\n\n\n\n<li><strong>Mar\u00e7o:<\/strong> dia 8,2 \u00b0C, noite -0,5 \u00b0C, dias de chuva 10,4, sol 10,2 h\/dia.<\/li>\n\n\n\n<li><strong>Abril:<\/strong> dia 13,4 \u00b0C, noite 3,6 \u00b0C, dias de chuva 6,9, sol 11,5 h\/dia.<\/li>\n\n\n\n<li><strong>Maio:<\/strong> dia 18,1 \u00b0C, noite 7,7 \u00b0C, dias de chuva 6,4, sol 12,8 h\/dia.<\/li>\n\n\n\n<li><strong>Junho:<\/strong> dia 22,1 \u00b0C, noite 11,3 \u00b0C, dias de chuva 3,8, sol 13,8 h\/dia.<\/li>\n\n\n\n<li><strong>Julho:<\/strong> dia 26,1 \u00b0C, noite 14,8 \u00b0C, dias de chuva 0,8, sol 13,9 h\/dia.<\/li>\n\n\n\n<li><strong>Agosto:<\/strong> dia 25,7 \u00b0C, noite 14,8 \u00b0C, dias de chuva 1,1, sol 12,9 h\/dia.<\/li>\n\n\n\n<li><strong>Setembro:<\/strong> dia 22,6 \u00b0C, noite 12,0 \u00b0C, dias de chuva 3,3, sol 11,7 h\/dia.<\/li>\n\n\n\n<li><strong>Outubro:<\/strong> dia 17,6 \u00b0C, noite 7,9 \u00b0C, dias de chuva 5,4, sol 10,6 h\/dia.<\/li>\n\n\n\n<li><strong>Novembro:<\/strong> dia 11,6 \u00b0C, noite 3,1 \u00b0C, dias de chuva 6,7, sol 9,1 h\/dia.<\/li>\n\n\n\n<li><strong>Dezembro:<\/strong> dia 6,7 \u00b0C, noite -0,5 \u00b0C, dias de chuva 11,1, sol 7,9 h\/dia.<\/li>\n<\/ul>\n\n\n\n<h3 id=\"Nejlepsi_mesice_podle_typu_dovolene\" class=\"wp-block-heading\"><span class=\"ez-toc-section\" id=\"Os_melhores_meses_por_tipo_de_viagem\"><\/span>Os melhores meses por tipo de viagem<span class=\"ez-toc-section-end\"><\/span><\/h3>\n\n\n\n<ul class=\"wp-block-list\">\n<li><strong>Para banho perfeito:<\/strong> o ideal \u00e9 ir de junho a novembro, quando o mar tem incr\u00edveis 25 a 29 \u00b0C e a \u00e1gua fica bem aquecida.<\/li>\n\n\n\n<li><strong>Para passeios e trilhas:<\/strong> voc\u00ea aproveita mais em abril, maio ou outubro, porque as temperaturas s\u00e3o suport\u00e1veis e a natureza da primavera floresce lindamente.<\/li>\n\n\n\n<li><strong>Para as datas mais baratas:<\/strong> se quer economizar bastante, planeje a viagem entre novembro e mar\u00e7o, quando caem os pre\u00e7os de passagens e hospedagem.<\/li>\n\n\n\n<li><strong>Quando \u00e9 melhor evitar:<\/strong> agosto \u00e9 o m\u00eas em que a ilha lota, reina um calor escaldante e os pre\u00e7os dos servi\u00e7os disparam.<\/li>\n<\/ul>\n\n\n\n<h2 id=\"Co_videt_na_Kypru_24_tipu_od_antickych_mozaik_po_hory\" class=\"wp-block-heading\"><span class=\"ez-toc-section\" id=\"O_que_ver_em_Chipre_24_dicas_dos_mosaicos_antigos_as_montanhas\"><\/span>O que ver em Chipre: 24 dicas dos mosaicos antigos \u00e0s montanhas<span class=\"ez-toc-section-end\"><\/span><\/h2>\n\n\n\n<p class=\"wp-block-paragraph\">Chipre oferece uma enorme diversidade, e a divis\u00e3o da ilha facilita o planejamento de todo o roteiro. A parte oeste, em torno de Paphos, atrai pelos monumentos antigos e pela natureza selvagem, enquanto o sul, com Limassol, forma um centro cultural e hist\u00f3rico mais movimentado. No leste, em volta do balne\u00e1rio de Ayia Napa, voc\u00ea encontra as praias de areia mais bonitas, e o interior esconde a verde cordilheira Troodos. A ilha est\u00e1 dividida desde 1974 por uma zona-tamp\u00e3o da ONU entre a Rep\u00fablica de Chipre, ao sul, membro da UE e da zona do euro, e o Chipre do Norte, que <strong>s\u00f3 \u00e9 reconhecido como Estado pela Turquia<\/strong>. Felizmente d\u00e1 para rodar toda a ilha de carro em poucos dias, o que, segundo muitos viajantes, \u00e9 de longe a melhor forma de viajar.<\/p>\n\n\n\n<p class=\"wp-block-paragraph\">Mesmo que exista transporte p\u00fablico confi\u00e1vel entre as principais cidades, sem carro pr\u00f3prio voc\u00ea n\u00e3o chega de verdade \u00e0s montanhas Troodos ou \u00e0 isolada pen\u00ednsula de Akamas. De S\u00e3o Paulo d\u00e1 para chegar a Larnaca ou Paphos com voo (em geral com conex\u00e3o pela Europa, por exemplo com a TAP), ent\u00e3o, se voc\u00ea est\u00e1 pensando em <a href=\"https:\/\/loudavymkrokem.cz\/pt-br\/passagens-aereas-baratas-dicas\/\">como conseguir passagens baratas<\/a>, Chipre \u00e9 um destino bem acess\u00edvel. Mas lembre-se de que <strong>em Chipre se dirige pela esquerda<\/strong>, voc\u00ea vai precisar das tomadas brit\u00e2nicas de tr\u00eas pinos tipo G e paga-se normalmente em euros.<\/p>\n\n\n\n<h3 id=\"1_Archeologicky_park_v_Paphosu_mozaiky_kvuli_kterym_sem_lide_jezdi\" class=\"wp-block-heading\"><span class=\"ez-toc-section\" id=\"1_Parque_Arqueologico_de_Paphos_os_mosaicos_que_atraem_os_turistas\"><\/span>1. Parque Arqueol\u00f3gico de Paphos: os mosaicos que atraem os turistas<span class=\"ez-toc-section-end\"><\/span><\/h3>\n\n\n\n<p class=\"wp-block-paragraph\">O Parque Arqueol\u00f3gico de Paphos est\u00e1 na lista do Patrim\u00f4nio Mundial da UNESCO e \u00e9 parada obrigat\u00f3ria para os amantes de hist\u00f3ria. A principal atra\u00e7\u00e3o s\u00e3o as <strong>vilas romanas com mosaicos de piso incrivelmente preservados<\/strong>, que retratam cenas da mitologia grega. O mais famoso \u00e9 a chamada Casa de Dion\u00edsio, onde voc\u00ea v\u00ea obras de arte detalhadas com milhares de anos, mas vale conhecer tamb\u00e9m o grandioso teatro antigo Odeon. O complexo \u00e9 bem extenso e oferece belas vistas para o azul do Mediterr\u00e2neo.<\/p>\n\n\n\n<figure data-wp-context=\"{&quot;imageId&quot;:&quot;6a9944f72e2a6&quot;}\" data-wp-interactive=\"core\/image\" data-wp-key=\"6a9944f72e2a6\" class=\"wp-block-image size-full wp-lightbox-container\"><img decoding=\"async\" width=\"1500\" height=\"1023\" data-wp-class--hide=\"state.isContentHidden\" data-wp-class--show=\"state.isContentVisible\" data-wp-init=\"callbacks.setButtonStyles\" data-wp-on--click=\"actions.showLightbox\" data-wp-on--load=\"callbacks.setButtonStyles\" data-wp-on--pointerdown=\"actions.preloadImage\" data-wp-on--pointerenter=\"actions.preloadImageWithDelay\" data-wp-on--pointerleave=\"actions.cancelPreload\" data-wp-on-window--resize=\"callbacks.setButtonStyles\" src=\"https:\/\/loudavymkrokem.cz\/wp-content\/uploads\/2026\/08\/dovolena-kypr-t01.jpg\" alt=\"Mosaicos antigos no parque arqueol\u00f3gico de Paphos\" class=\"wp-image-399841\" title=\"\" srcset=\"https:\/\/loudavymkrokem.cz\/wp-content\/uploads\/2026\/08\/dovolena-kypr-t01.jpg 1500w, https:\/\/loudavymkrokem.cz\/wp-content\/uploads\/2026\/08\/dovolena-kypr-t01-300x205.jpg 300w, https:\/\/loudavymkrokem.cz\/wp-content\/uploads\/2026\/08\/dovolena-kypr-t01-700x477.jpg 700w, https:\/\/loudavymkrokem.cz\/wp-content\/uploads\/2026\/08\/dovolena-kypr-t01-768x524.jpg 768w, https:\/\/loudavymkrokem.cz\/wp-content\/uploads\/2026\/08\/dovolena-kypr-t01-696x475.jpg 696w, https:\/\/loudavymkrokem.cz\/wp-content\/uploads\/2026\/08\/dovolena-kypr-t01-1392x949.jpg 1392w\" sizes=\"(max-width: 1500px) 100vw, 1500px\" \/><button\n\t\t\tclass=\"lightbox-trigger\"\n\t\t\ttype=\"button\"\n\t\t\taria-haspopup=\"dialog\"\n\t\t\tdata-wp-bind--aria-label=\"state.thisImage.triggerButtonAriaLabel\"\n\t\t\tdata-wp-init=\"callbacks.initTriggerButton\"\n\t\t\tdata-wp-on--click=\"actions.showLightbox\"\n\t\t\tdata-wp-style--right=\"state.thisImage.buttonRight\"\n\t\t\tdata-wp-style--top=\"state.thisImage.buttonTop\"\n\t\t>\n\t\t\t<svg xmlns=\"http:\/\/www.w3.org\/2000\/svg\" width=\"12\" height=\"12\" fill=\"none\" viewBox=\"0 0 12 12\">\n\t\t\t\t<path fill=\"#fff\" d=\"M2 0a2 2 0 0 0-2 2v2h1.5V2a.5.5 0 0 1 .5-.5h2V0H2Zm2 10.5H2a.5.5 0 0 1-.5-.5V8H0v2a2 2 0 0 0 2 2h2v-1.5ZM8 12v-1.5h2a.5.5 0 0 0 .5-.5V8H12v2a2 2 0 0 1-2 2H8Zm2-12a2 2 0 0 1 2 2v2h-1.5V2a.5.5 0 0 0-.5-.5H8V0h2Z\" \/>\n\t\t\t<\/svg>\n\t\t<\/button><figcaption class=\"wp-element-caption\">Mosaicos antigos no parque arqueol\u00f3gico de Paphos (Foto: Institute for the Study of the Ancient World from New York,  \/ Wikimedia Commons, CC BY 2.0)<\/figcaption><\/figure>\n\n\n\n<p class=\"wp-block-paragraph\">Segundo avalia\u00e7\u00f5es de viajantes, o melhor \u00e9 fazer a visita bem cedinho ou, ao contr\u00e1rio, no fim da tarde. Dentro do extenso parque <strong>quase n\u00e3o h\u00e1 sombra<\/strong> e, ao meio-dia, andar entre as pedras escaldantes vira um verdadeiro esfor\u00e7o f\u00edsico. Leve bastante \u00e1gua, sapatos confort\u00e1veis e um bom protetor solar para aproveitar a visita com o m\u00e1ximo de conforto.<\/p>\n\n\n\n<h3 id=\"2_Kralovske_hrobky_Tombs_of_the_Kings\" class=\"wp-block-heading\"><span class=\"ez-toc-section\" id=\"2_Tumbas_dos_Reis_Tombs_of_the_Kings\"><\/span>2. Tumbas dos Reis (Tombs of the Kings)<span class=\"ez-toc-section-end\"><\/span><\/h3>\n\n\n\n<p class=\"wp-block-paragraph\">As Tumbas dos Reis s\u00e3o um fascinante complexo subterr\u00e2neo escavado diretamente na rocha, perto do centro de Paphos. Embora o nome soe muito imponente, na verdade <strong>nunca foi enterrado ali nenhum rei<\/strong>: o lugar servia como local de descanso para altos funcion\u00e1rios e para a aristocracia local. O nome pomposo veio mais pela arquitetura grandiosa, e voc\u00ea pode passear livremente entre colunas d\u00f3ricas robustas e descer a \u00e1trios subterr\u00e2neos misteriosos.<\/p>\n\n\n\n<figure data-wp-context=\"{&quot;imageId&quot;:&quot;6a9944f72e927&quot;}\" data-wp-interactive=\"core\/image\" data-wp-key=\"6a9944f72e927\" class=\"wp-block-image size-full wp-lightbox-container\"><img decoding=\"async\" width=\"1500\" height=\"894\" data-wp-class--hide=\"state.isContentHidden\" data-wp-class--show=\"state.isContentVisible\" data-wp-init=\"callbacks.setButtonStyles\" data-wp-on--click=\"actions.showLightbox\" data-wp-on--load=\"callbacks.setButtonStyles\" data-wp-on--pointerdown=\"actions.preloadImage\" data-wp-on--pointerenter=\"actions.preloadImageWithDelay\" data-wp-on--pointerleave=\"actions.cancelPreload\" data-wp-on-window--resize=\"callbacks.setButtonStyles\" src=\"https:\/\/loudavymkrokem.cz\/wp-content\/uploads\/2026\/08\/dovolena-kypr-t02.jpg\" alt=\"Tumbas dos Reis em Paphos\" class=\"wp-image-399844\" title=\"\" srcset=\"https:\/\/loudavymkrokem.cz\/wp-content\/uploads\/2026\/08\/dovolena-kypr-t02.jpg 1500w, https:\/\/loudavymkrokem.cz\/wp-content\/uploads\/2026\/08\/dovolena-kypr-t02-300x179.jpg 300w, https:\/\/loudavymkrokem.cz\/wp-content\/uploads\/2026\/08\/dovolena-kypr-t02-700x417.jpg 700w, https:\/\/loudavymkrokem.cz\/wp-content\/uploads\/2026\/08\/dovolena-kypr-t02-768x458.jpg 768w, https:\/\/loudavymkrokem.cz\/wp-content\/uploads\/2026\/08\/dovolena-kypr-t02-696x415.jpg 696w, https:\/\/loudavymkrokem.cz\/wp-content\/uploads\/2026\/08\/dovolena-kypr-t02-1392x830.jpg 1392w\" sizes=\"(max-width: 1500px) 100vw, 1500px\" \/><button\n\t\t\tclass=\"lightbox-trigger\"\n\t\t\ttype=\"button\"\n\t\t\taria-haspopup=\"dialog\"\n\t\t\tdata-wp-bind--aria-label=\"state.thisImage.triggerButtonAriaLabel\"\n\t\t\tdata-wp-init=\"callbacks.initTriggerButton\"\n\t\t\tdata-wp-on--click=\"actions.showLightbox\"\n\t\t\tdata-wp-style--right=\"state.thisImage.buttonRight\"\n\t\t\tdata-wp-style--top=\"state.thisImage.buttonTop\"\n\t\t>\n\t\t\t<svg xmlns=\"http:\/\/www.w3.org\/2000\/svg\" width=\"12\" height=\"12\" fill=\"none\" viewBox=\"0 0 12 12\">\n\t\t\t\t<path fill=\"#fff\" d=\"M2 0a2 2 0 0 0-2 2v2h1.5V2a.5.5 0 0 1 .5-.5h2V0H2Zm2 10.5H2a.5.5 0 0 1-.5-.5V8H0v2a2 2 0 0 0 2 2h2v-1.5ZM8 12v-1.5h2a.5.5 0 0 0 .5-.5V8H12v2a2 2 0 0 1-2 2H8Zm2-12a2 2 0 0 1 2 2v2h-1.5V2a.5.5 0 0 0-.5-.5H8V0h2Z\" \/>\n\t\t\t<\/svg>\n\t\t<\/button><figcaption class=\"wp-element-caption\">Tumbas dos Reis em Paphos (Foto: Nikodem Nijaki \/ Wikimedia Commons, CC BY-SA 3.0)<\/figcaption><\/figure>\n\n\n\n<p class=\"wp-block-paragraph\">Esse s\u00edtio arqueol\u00f3gico \u00e9 surpreendentemente grande e explorar os labir\u00ednticos corredores subterr\u00e2neos leva pelo menos uma ou duas horas. Guias locais recomendam <strong>combinar a visita \u00e0s tumbas com o parque arqueol\u00f3gico pr\u00f3ximo<\/strong>, porque ficam bem pertinho. A melhor atmosfera voc\u00ea vive ao entardecer, quando o p\u00f4r do sol tinge as rochas de arenito de dourado e cria lindas sombras entre as colunas.<\/p>\n\n\n\n<h3 id=\"3_Petra_tou_Romiou_skala_kde_se_podle_mytu_zrodila_Afrodita\" class=\"wp-block-heading\"><span class=\"ez-toc-section\" id=\"3_Petra_tou_Romiou_a_rocha_onde_segundo_o_mito_nasceu_Afrodite\"><\/span>3. Petra tou Romiou: a rocha onde, segundo o mito, nasceu Afrodite<span class=\"ez-toc-section-end\"><\/span><\/h3>\n\n\n\n<p class=\"wp-block-paragraph\">Petra tou Romiou \u00e9 uma ic\u00f4nica praia de seixos com forma\u00e7\u00f5es rochosas onde, segundo um mito antigo, a pr\u00f3pria deusa do amor e da beleza, Afrodite, teria nascido da espuma do mar. Dizem que o lugar tem uma atmosfera m\u00e1gica e a lenda conta que quem nadar tr\u00eas vezes ao redor da rocha principal ganha juventude e beleza eternas. Voc\u00ea n\u00e3o precisa acreditar nas lendas, \u00e9 claro, mas a <strong>vista dos imponentes rochedos de calc\u00e1rio emergindo da \u00e1gua turquesa<\/strong> \u00e9 um dos cen\u00e1rios mais fotografados de toda a ilha.<\/p>\n\n\n\n<figure data-wp-context=\"{&quot;imageId&quot;:&quot;6a9944f72ef6b&quot;}\" data-wp-interactive=\"core\/image\" data-wp-key=\"6a9944f72ef6b\" class=\"wp-block-image size-full wp-lightbox-container\"><img decoding=\"async\" width=\"1500\" height=\"999\" data-wp-class--hide=\"state.isContentHidden\" data-wp-class--show=\"state.isContentVisible\" data-wp-init=\"callbacks.setButtonStyles\" data-wp-on--click=\"actions.showLightbox\" data-wp-on--load=\"callbacks.setButtonStyles\" data-wp-on--pointerdown=\"actions.preloadImage\" data-wp-on--pointerenter=\"actions.preloadImageWithDelay\" data-wp-on--pointerleave=\"actions.cancelPreload\" data-wp-on-window--resize=\"callbacks.setButtonStyles\" src=\"https:\/\/loudavymkrokem.cz\/wp-content\/uploads\/2026\/08\/dovolena-kypr-t03.jpg\" alt=\"Rocha Petra tou Romiou, ber\u00e7o de Afrodite\" class=\"wp-image-399849\" title=\"\" srcset=\"https:\/\/loudavymkrokem.cz\/wp-content\/uploads\/2026\/08\/dovolena-kypr-t03.jpg 1500w, https:\/\/loudavymkrokem.cz\/wp-content\/uploads\/2026\/08\/dovolena-kypr-t03-300x200.jpg 300w, https:\/\/loudavymkrokem.cz\/wp-content\/uploads\/2026\/08\/dovolena-kypr-t03-700x466.jpg 700w, https:\/\/loudavymkrokem.cz\/wp-content\/uploads\/2026\/08\/dovolena-kypr-t03-768x511.jpg 768w, https:\/\/loudavymkrokem.cz\/wp-content\/uploads\/2026\/08\/dovolena-kypr-t03-696x464.jpg 696w, https:\/\/loudavymkrokem.cz\/wp-content\/uploads\/2026\/08\/dovolena-kypr-t03-1392x927.jpg 1392w\" sizes=\"(max-width: 1500px) 100vw, 1500px\" \/><button\n\t\t\tclass=\"lightbox-trigger\"\n\t\t\ttype=\"button\"\n\t\t\taria-haspopup=\"dialog\"\n\t\t\tdata-wp-bind--aria-label=\"state.thisImage.triggerButtonAriaLabel\"\n\t\t\tdata-wp-init=\"callbacks.initTriggerButton\"\n\t\t\tdata-wp-on--click=\"actions.showLightbox\"\n\t\t\tdata-wp-style--right=\"state.thisImage.buttonRight\"\n\t\t\tdata-wp-style--top=\"state.thisImage.buttonTop\"\n\t\t>\n\t\t\t<svg xmlns=\"http:\/\/www.w3.org\/2000\/svg\" width=\"12\" height=\"12\" fill=\"none\" viewBox=\"0 0 12 12\">\n\t\t\t\t<path fill=\"#fff\" d=\"M2 0a2 2 0 0 0-2 2v2h1.5V2a.5.5 0 0 1 .5-.5h2V0H2Zm2 10.5H2a.5.5 0 0 1-.5-.5V8H0v2a2 2 0 0 0 2 2h2v-1.5ZM8 12v-1.5h2a.5.5 0 0 0 .5-.5V8H12v2a2 2 0 0 1-2 2H8Zm2-12a2 2 0 0 1 2 2v2h-1.5V2a.5.5 0 0 0-.5-.5H8V0h2Z\" \/>\n\t\t\t<\/svg>\n\t\t<\/button><figcaption class=\"wp-element-caption\">Rocha Petra tou Romiou, ber\u00e7o de Afrodite (Foto: This photo was taken by Anton Zelenov.\nPlease credit this wi \/ Wikimedia Commons, CC BY-SA 4.0)<\/figcaption><\/figure>\n\n\n\n<p class=\"wp-block-paragraph\">O banho por aqui \u00e0s vezes \u00e9 mais desafiador por causa das correntes mais fortes e das ondas maiores, ent\u00e3o n\u00e3o costuma ser o melhor para um mergulho tranquilo em fam\u00edlia. O ideal \u00e9 <strong>chegar a essa praia ao p\u00f4r do sol<\/strong>, quando as multid\u00f5es dos \u00f4nibus de excurs\u00e3o se dispersam um pouco e todo o cen\u00e1rio ganha um toque rom\u00e2ntico incr\u00edvel. Os viajantes tamb\u00e9m elogiam o mirante pr\u00f3ximo, no penhasco sobre a praia, de onde saem as melhores fotos panor\u00e2micas.<\/p>\n\n\n\n<h3 id=\"4_Poloostrov_Akamas_a_Modra_laguna\" class=\"wp-block-heading\"><span class=\"ez-toc-section\" id=\"4_Peninsula_de_Akamas_e_a_Lagoa_Azul\"><\/span>4. Pen\u00ednsula de Akamas e a Lagoa Azul<span class=\"ez-toc-section-end\"><\/span><\/h3>\n\n\n\n<p class=\"wp-block-paragraph\">A pen\u00ednsula de Akamas e a Lagoa Azul s\u00e3o a \u00e1rea protegida mais selvagem e intocada da ponta oeste da ilha. Voc\u00ea encontra florestas densas, enseadas desertas e, principalmente, a famosa Lagoa Azul com uma \u00e1gua t\u00e3o <strong>transparente e cristalina<\/strong> que voc\u00ea vai se sentir mais no Caribe ex\u00f3tico. A natureza aqui \u00e9 protegida da constru\u00e7\u00e3o em massa, ent\u00e3o n\u00e3o espere grandes resorts hoteleiros, mas sim estradas de terra e sossego absoluto.<\/p>\n\n\n\n<figure data-wp-context=\"{&quot;imageId&quot;:&quot;6a9944f72f5b1&quot;}\" data-wp-interactive=\"core\/image\" data-wp-key=\"6a9944f72f5b1\" class=\"wp-block-image size-full wp-lightbox-container\"><img decoding=\"async\" width=\"1500\" height=\"959\" data-wp-class--hide=\"state.isContentHidden\" data-wp-class--show=\"state.isContentVisible\" data-wp-init=\"callbacks.setButtonStyles\" data-wp-on--click=\"actions.showLightbox\" data-wp-on--load=\"callbacks.setButtonStyles\" data-wp-on--pointerdown=\"actions.preloadImage\" data-wp-on--pointerenter=\"actions.preloadImageWithDelay\" data-wp-on--pointerleave=\"actions.cancelPreload\" data-wp-on-window--resize=\"callbacks.setButtonStyles\" src=\"https:\/\/loudavymkrokem.cz\/wp-content\/uploads\/2026\/08\/dovolena-kypr-t04.jpg\" alt=\"Lagoa Azul na pen\u00ednsula de Akamas\" class=\"wp-image-399854\" title=\"\" srcset=\"https:\/\/loudavymkrokem.cz\/wp-content\/uploads\/2026\/08\/dovolena-kypr-t04.jpg 1500w, https:\/\/loudavymkrokem.cz\/wp-content\/uploads\/2026\/08\/dovolena-kypr-t04-300x192.jpg 300w, https:\/\/loudavymkrokem.cz\/wp-content\/uploads\/2026\/08\/dovolena-kypr-t04-700x448.jpg 700w, https:\/\/loudavymkrokem.cz\/wp-content\/uploads\/2026\/08\/dovolena-kypr-t04-768x491.jpg 768w, https:\/\/loudavymkrokem.cz\/wp-content\/uploads\/2026\/08\/dovolena-kypr-t04-696x445.jpg 696w, https:\/\/loudavymkrokem.cz\/wp-content\/uploads\/2026\/08\/dovolena-kypr-t04-1392x890.jpg 1392w\" sizes=\"(max-width: 1500px) 100vw, 1500px\" \/><button\n\t\t\tclass=\"lightbox-trigger\"\n\t\t\ttype=\"button\"\n\t\t\taria-haspopup=\"dialog\"\n\t\t\tdata-wp-bind--aria-label=\"state.thisImage.triggerButtonAriaLabel\"\n\t\t\tdata-wp-init=\"callbacks.initTriggerButton\"\n\t\t\tdata-wp-on--click=\"actions.showLightbox\"\n\t\t\tdata-wp-style--right=\"state.thisImage.buttonRight\"\n\t\t\tdata-wp-style--top=\"state.thisImage.buttonTop\"\n\t\t>\n\t\t\t<svg xmlns=\"http:\/\/www.w3.org\/2000\/svg\" width=\"12\" height=\"12\" fill=\"none\" viewBox=\"0 0 12 12\">\n\t\t\t\t<path fill=\"#fff\" d=\"M2 0a2 2 0 0 0-2 2v2h1.5V2a.5.5 0 0 1 .5-.5h2V0H2Zm2 10.5H2a.5.5 0 0 1-.5-.5V8H0v2a2 2 0 0 0 2 2h2v-1.5ZM8 12v-1.5h2a.5.5 0 0 0 .5-.5V8H12v2a2 2 0 0 1-2 2H8Zm2-12a2 2 0 0 1 2 2v2h-1.5V2a.5.5 0 0 0-.5-.5H8V0h2Z\" \/>\n\t\t\t<\/svg>\n\t\t<\/button><figcaption class=\"wp-element-caption\">Lagoa Azul na pen\u00ednsula de Akamas (Foto: Michal Klajban \/ Wikimedia Commons, CC BY-SA 4.0)<\/figcaption><\/figure>\n\n\n\n<p class=\"wp-block-paragraph\">Infelizmente, com um carro de passeio comum da locadora voc\u00ea n\u00e3o chega \u00e0 Lagoa Azul, porque as estradas de terra est\u00e3o cheias de buracos profundos e pedras pontudas. A solu\u00e7\u00e3o pr\u00e1tica \u00e9 <strong>alugar um carro off-road ou fazer um confort\u00e1vel passeio de barco<\/strong> a partir do porto pr\u00f3ximo de Latchi. Os passeios de barco costumam incluir uma parada mais longa para banho dentro da pr\u00f3pria lagoa, que, para muitos visitantes, \u00e9 a forma mais agrad\u00e1vel de conhecer essa regi\u00e3o.<\/p>\n\n\n\n<h3 id=\"5_Souteska_Avakas\" class=\"wp-block-heading\"><span class=\"ez-toc-section\" id=\"5_Desfiladeiro_de_Avakas\"><\/span>5. Desfiladeiro de Avakas<span class=\"ez-toc-section-end\"><\/span><\/h3>\n\n\n\n<p class=\"wp-block-paragraph\">O desfiladeiro de Avakas \u00e9 um fen\u00f4meno natural incr\u00edvel: um c\u00e2nion estreito esculpido na rocha calc\u00e1ria que atrai quem gosta de atividade f\u00edsica e natureza. As paredes do desfiladeiro chegam a trinta metros de altura e, nos pontos mais estreitos, se aproximam tanto que d\u00e1 para toc\u00e1-las com as duas m\u00e3os ao mesmo tempo. A <strong>trilha pelo c\u00e2nion leva cerca de duas horas<\/strong> e traz um al\u00edvio agrad\u00e1vel mesmo nos dias mais quentes de ver\u00e3o, porque o sol forte raramente chega at\u00e9 ali.<\/p>\n\n\n\n<figure data-wp-context=\"{&quot;imageId&quot;:&quot;6a9944f72fb8c&quot;}\" data-wp-interactive=\"core\/image\" data-wp-key=\"6a9944f72fb8c\" class=\"wp-block-image size-full wp-lightbox-container\"><img decoding=\"async\" width=\"1500\" height=\"1000\" data-wp-class--hide=\"state.isContentHidden\" data-wp-class--show=\"state.isContentVisible\" data-wp-init=\"callbacks.setButtonStyles\" data-wp-on--click=\"actions.showLightbox\" data-wp-on--load=\"callbacks.setButtonStyles\" data-wp-on--pointerdown=\"actions.preloadImage\" data-wp-on--pointerenter=\"actions.preloadImageWithDelay\" data-wp-on--pointerleave=\"actions.cancelPreload\" data-wp-on-window--resize=\"callbacks.setButtonStyles\" src=\"https:\/\/loudavymkrokem.cz\/wp-content\/uploads\/2026\/08\/dovolena-kypr-t05.jpg\" alt=\"Desfiladeiro de Avakas, no oeste de Chipre\" class=\"wp-image-399859\" title=\"\" srcset=\"https:\/\/loudavymkrokem.cz\/wp-content\/uploads\/2026\/08\/dovolena-kypr-t05.jpg 1500w, https:\/\/loudavymkrokem.cz\/wp-content\/uploads\/2026\/08\/dovolena-kypr-t05-300x200.jpg 300w, https:\/\/loudavymkrokem.cz\/wp-content\/uploads\/2026\/08\/dovolena-kypr-t05-700x467.jpg 700w, https:\/\/loudavymkrokem.cz\/wp-content\/uploads\/2026\/08\/dovolena-kypr-t05-768x512.jpg 768w, https:\/\/loudavymkrokem.cz\/wp-content\/uploads\/2026\/08\/dovolena-kypr-t05-696x464.jpg 696w, https:\/\/loudavymkrokem.cz\/wp-content\/uploads\/2026\/08\/dovolena-kypr-t05-1392x928.jpg 1392w\" sizes=\"(max-width: 1500px) 100vw, 1500px\" \/><button\n\t\t\tclass=\"lightbox-trigger\"\n\t\t\ttype=\"button\"\n\t\t\taria-haspopup=\"dialog\"\n\t\t\tdata-wp-bind--aria-label=\"state.thisImage.triggerButtonAriaLabel\"\n\t\t\tdata-wp-init=\"callbacks.initTriggerButton\"\n\t\t\tdata-wp-on--click=\"actions.showLightbox\"\n\t\t\tdata-wp-style--right=\"state.thisImage.buttonRight\"\n\t\t\tdata-wp-style--top=\"state.thisImage.buttonTop\"\n\t\t>\n\t\t\t<svg xmlns=\"http:\/\/www.w3.org\/2000\/svg\" width=\"12\" height=\"12\" fill=\"none\" viewBox=\"0 0 12 12\">\n\t\t\t\t<path fill=\"#fff\" d=\"M2 0a2 2 0 0 0-2 2v2h1.5V2a.5.5 0 0 1 .5-.5h2V0H2Zm2 10.5H2a.5.5 0 0 1-.5-.5V8H0v2a2 2 0 0 0 2 2h2v-1.5ZM8 12v-1.5h2a.5.5 0 0 0 .5-.5V8H12v2a2 2 0 0 1-2 2H8Zm2-12a2 2 0 0 1 2 2v2h-1.5V2a.5.5 0 0 0-.5-.5H8V0h2Z\" \/>\n\t\t\t<\/svg>\n\t\t<\/button><figcaption class=\"wp-element-caption\">Desfiladeiro de Avakas, no oeste de Chipre (Foto: Krzysztof Ziarnek, Kenraiz \/ Wikimedia Commons, CC BY-SA 4.0)<\/figcaption><\/figure>\n\n\n\n<p class=\"wp-block-paragraph\">Antes de ir, confira sempre com cuidado a previs\u00e3o do tempo, j\u00e1 que, depois de chuvas fortes, o desfiladeiro fica fechado por causa do risco de queda de pedras e de enxurradas repentinas. A trilha segue em boa parte pelo leito do c\u00f3rrego, sobre pedras molhadas e escorregadias, ent\u00e3o um bom <a href=\"https:\/\/loudavymkrokem.cz\/jak-vybrat-cestovni-pojisteni-na-dovolenou\/\">seguro viagem<\/a> vai ser \u00fatil, porque um pequeno escorreg\u00e3o \u00e9 risco praticamente constante.<\/p>\n\n\n\n<h3 id=\"6_Lara_Bay_a_morske_zelvy\" class=\"wp-block-heading\"><span class=\"ez-toc-section\" id=\"6_Lara_Bay_e_as_tartarugas-marinhas\"><\/span>6. Lara Bay e as tartarugas-marinhas<span class=\"ez-toc-section-end\"><\/span><\/h3>\n\n\n\n<p class=\"wp-block-paragraph\">Lara Bay \u00e9 uma praia linda e rigorosamente protegida que ficou famosa como ref\u00fagio seguro para tartarugas-marinhas amea\u00e7adas. De junho a outubro, <strong>chegam aqui para desovar as enormes tartarugas-verdes e as cabe\u00e7udas<\/strong>, o que faz do local um ponto ecol\u00f3gico extremamente importante em todo o Mediterr\u00e2neo. Volunt\u00e1rios marcam com cuidado os ninhos na areia usando gaiolas met\u00e1licas especiais, para proteg\u00ea-los de predadores e de turistas descuidados.<\/p>\n\n\n\n<figure data-wp-context=\"{&quot;imageId&quot;:&quot;6a9944f72ff65&quot;}\" data-wp-interactive=\"core\/image\" data-wp-key=\"6a9944f72ff65\" class=\"wp-block-image size-full wp-lightbox-container\"><img decoding=\"async\" width=\"1500\" height=\"1000\" data-wp-class--hide=\"state.isContentHidden\" data-wp-class--show=\"state.isContentVisible\" data-wp-init=\"callbacks.setButtonStyles\" data-wp-on--click=\"actions.showLightbox\" data-wp-on--load=\"callbacks.setButtonStyles\" data-wp-on--pointerdown=\"actions.preloadImage\" data-wp-on--pointerenter=\"actions.preloadImageWithDelay\" data-wp-on--pointerleave=\"actions.cancelPreload\" data-wp-on-window--resize=\"callbacks.setButtonStyles\" src=\"https:\/\/loudavymkrokem.cz\/wp-content\/uploads\/2026\/08\/dovolena-kypr-t06.jpg\" alt=\"Praia protegida de Lara Bay\" class=\"wp-image-399863\" title=\"\" srcset=\"https:\/\/loudavymkrokem.cz\/wp-content\/uploads\/2026\/08\/dovolena-kypr-t06.jpg 1500w, https:\/\/loudavymkrokem.cz\/wp-content\/uploads\/2026\/08\/dovolena-kypr-t06-300x200.jpg 300w, https:\/\/loudavymkrokem.cz\/wp-content\/uploads\/2026\/08\/dovolena-kypr-t06-700x467.jpg 700w, https:\/\/loudavymkrokem.cz\/wp-content\/uploads\/2026\/08\/dovolena-kypr-t06-768x512.jpg 768w, https:\/\/loudavymkrokem.cz\/wp-content\/uploads\/2026\/08\/dovolena-kypr-t06-696x464.jpg 696w, https:\/\/loudavymkrokem.cz\/wp-content\/uploads\/2026\/08\/dovolena-kypr-t06-1392x928.jpg 1392w\" sizes=\"(max-width: 1500px) 100vw, 1500px\" \/><button\n\t\t\tclass=\"lightbox-trigger\"\n\t\t\ttype=\"button\"\n\t\t\taria-haspopup=\"dialog\"\n\t\t\tdata-wp-bind--aria-label=\"state.thisImage.triggerButtonAriaLabel\"\n\t\t\tdata-wp-init=\"callbacks.initTriggerButton\"\n\t\t\tdata-wp-on--click=\"actions.showLightbox\"\n\t\t\tdata-wp-style--right=\"state.thisImage.buttonRight\"\n\t\t\tdata-wp-style--top=\"state.thisImage.buttonTop\"\n\t\t>\n\t\t\t<svg xmlns=\"http:\/\/www.w3.org\/2000\/svg\" width=\"12\" height=\"12\" fill=\"none\" viewBox=\"0 0 12 12\">\n\t\t\t\t<path fill=\"#fff\" d=\"M2 0a2 2 0 0 0-2 2v2h1.5V2a.5.5 0 0 1 .5-.5h2V0H2Zm2 10.5H2a.5.5 0 0 1-.5-.5V8H0v2a2 2 0 0 0 2 2h2v-1.5ZM8 12v-1.5h2a.5.5 0 0 0 .5-.5V8H12v2a2 2 0 0 1-2 2H8Zm2-12a2 2 0 0 1 2 2v2h-1.5V2a.5.5 0 0 0-.5-.5H8V0h2Z\" \/>\n\t\t\t<\/svg>\n\t\t<\/button><figcaption class=\"wp-element-caption\">Praia protegida de Lara Bay (Foto: Dm Bsg \/ Wikimedia Commons, CC BY 3.0)<\/figcaption><\/figure>\n\n\n\n<p class=\"wp-block-paragraph\">As regras de visita aqui s\u00e3o bem r\u00edgidas e \u00e9 absolutamente necess\u00e1rio respeit\u00e1-las sem exce\u00e7\u00e3o. Na praia <strong>n\u00e3o se pode entrar \u00e0 noite e h\u00e1 proibi\u00e7\u00e3o rigorosa de qualquer ilumina\u00e7\u00e3o<\/strong>, porque a luz artificial confunde os filhotes rec\u00e9m-nascidos, que por causa disso n\u00e3o achariam o caminho at\u00e9 o mar. Esque\u00e7a tamb\u00e9m de fincar guarda-s\u00f3is na areia, j\u00e1 que voc\u00ea poderia destruir sem querer ovos de tartaruga escondidos bem abaixo da superf\u00edcie.<\/p>\n\n\n\n<h3 id=\"7_Morske_jeskyne_u_Peyie_a_Coral_Bay\" class=\"wp-block-heading\"><span class=\"ez-toc-section\" id=\"7_Grutas_marinhas_de_Peyia_e_Coral_Bay\"><\/span>7. Grutas marinhas de Peyia e Coral Bay<span class=\"ez-toc-section-end\"><\/span><\/h3>\n\n\n\n<p class=\"wp-block-paragraph\">As grutas marinhas de Peyia e o balne\u00e1rio vizinho de Coral Bay formam um contraste incr\u00edvel entre uma costa rochosa selvagem e um banho confort\u00e1vel. A \u00e1rea das chamadas sea caves \u00e9 cheia de forma\u00e7\u00f5es rochosas bizarras, arcos e grutas, contra os quais as ondas batem sem parar, criando um espet\u00e1culo dram\u00e1tico. Logo ao lado fica Coral Bay, que \u00e9 <strong>uma das poucas praias de areia realmente bonitas<\/strong> da costa oeste da ilha, em geral bastante pedregosa.<\/p>\n\n\n\n<figure data-wp-context=\"{&quot;imageId&quot;:&quot;6a9944f7304de&quot;}\" data-wp-interactive=\"core\/image\" data-wp-key=\"6a9944f7304de\" class=\"wp-block-image size-full wp-lightbox-container\"><img decoding=\"async\" width=\"1500\" height=\"1125\" data-wp-class--hide=\"state.isContentHidden\" data-wp-class--show=\"state.isContentVisible\" data-wp-init=\"callbacks.setButtonStyles\" data-wp-on--click=\"actions.showLightbox\" data-wp-on--load=\"callbacks.setButtonStyles\" data-wp-on--pointerdown=\"actions.preloadImage\" data-wp-on--pointerenter=\"actions.preloadImageWithDelay\" data-wp-on--pointerleave=\"actions.cancelPreload\" data-wp-on-window--resize=\"callbacks.setButtonStyles\" src=\"https:\/\/loudavymkrokem.cz\/wp-content\/uploads\/2026\/08\/dovolena-kypr-t07.jpg\" alt=\"Praia de Coral Bay perto de Paphos\" class=\"wp-image-399867\" title=\"\" srcset=\"https:\/\/loudavymkrokem.cz\/wp-content\/uploads\/2026\/08\/dovolena-kypr-t07.jpg 1500w, https:\/\/loudavymkrokem.cz\/wp-content\/uploads\/2026\/08\/dovolena-kypr-t07-300x225.jpg 300w, https:\/\/loudavymkrokem.cz\/wp-content\/uploads\/2026\/08\/dovolena-kypr-t07-700x525.jpg 700w, https:\/\/loudavymkrokem.cz\/wp-content\/uploads\/2026\/08\/dovolena-kypr-t07-768x576.jpg 768w, https:\/\/loudavymkrokem.cz\/wp-content\/uploads\/2026\/08\/dovolena-kypr-t07-80x60.jpg 80w, https:\/\/loudavymkrokem.cz\/wp-content\/uploads\/2026\/08\/dovolena-kypr-t07-160x120.jpg 160w, https:\/\/loudavymkrokem.cz\/wp-content\/uploads\/2026\/08\/dovolena-kypr-t07-696x522.jpg 696w, https:\/\/loudavymkrokem.cz\/wp-content\/uploads\/2026\/08\/dovolena-kypr-t07-1392x1044.jpg 1392w\" sizes=\"(max-width: 1500px) 100vw, 1500px\" \/><button\n\t\t\tclass=\"lightbox-trigger\"\n\t\t\ttype=\"button\"\n\t\t\taria-haspopup=\"dialog\"\n\t\t\tdata-wp-bind--aria-label=\"state.thisImage.triggerButtonAriaLabel\"\n\t\t\tdata-wp-init=\"callbacks.initTriggerButton\"\n\t\t\tdata-wp-on--click=\"actions.showLightbox\"\n\t\t\tdata-wp-style--right=\"state.thisImage.buttonRight\"\n\t\t\tdata-wp-style--top=\"state.thisImage.buttonTop\"\n\t\t>\n\t\t\t<svg xmlns=\"http:\/\/www.w3.org\/2000\/svg\" width=\"12\" height=\"12\" fill=\"none\" viewBox=\"0 0 12 12\">\n\t\t\t\t<path fill=\"#fff\" d=\"M2 0a2 2 0 0 0-2 2v2h1.5V2a.5.5 0 0 1 .5-.5h2V0H2Zm2 10.5H2a.5.5 0 0 1-.5-.5V8H0v2a2 2 0 0 0 2 2h2v-1.5ZM8 12v-1.5h2a.5.5 0 0 0 .5-.5V8H12v2a2 2 0 0 1-2 2H8Zm2-12a2 2 0 0 1 2 2v2h-1.5V2a.5.5 0 0 0-.5-.5H8V0h2Z\" \/>\n\t\t\t<\/svg>\n\t\t<\/button><figcaption class=\"wp-element-caption\">Praia de Coral Bay perto de Paphos (Foto: TomasNY (talk) \/ Wikimedia Commons, CC BY-SA 3.0)<\/figcaption><\/figure>\n\n\n\n<p class=\"wp-block-paragraph\">Enquanto as grutas marinhas s\u00e3o admiradas mais pelos fot\u00f3grafos, do alto dos penhascos, Coral Bay oferece uma estrutura perfeita, com espregui\u00e7adeiras, areia limpa e entrada bem suave no mar. Os locais recomendam combinar as duas coisas de forma esperta: voc\u00ea pode <strong>primeiro tomar banho tranquilamente na praia de areia<\/strong> e depois rodar alguns quil\u00f4metros at\u00e9 as grutas, onde espera um p\u00f4r do sol fant\u00e1stico.<\/p>\n\n\n\n<h3 id=\"8_Limassol_nabrezi_hrad_a_nejzivejsi_mesto_jihu\" class=\"wp-block-heading\"><span class=\"ez-toc-section\" id=\"8_Limassol_orla_castelo_e_a_cidade_mais_animada_do_sul\"><\/span>8. Limassol: orla, castelo e a cidade mais animada do sul<span class=\"ez-toc-section-end\"><\/span><\/h3>\n\n\n\n<p class=\"wp-block-paragraph\">Limassol \u00e9, sem d\u00favida, a cidade mais animada e cosmopolita de todo o sul grego, misturando perfeitamente hist\u00f3ria e vida moderna. Seu cora\u00e7\u00e3o \u00e9 a famosa e longa promenade Molos, que acompanha o litoral e oferece muito verde, bancos, esculturas modernas e caf\u00e9s aconchegantes com vista para o mar. O centro hist\u00f3rico da cidade \u00e9 o antigo castelo medieval onde, <strong>segundo fontes da \u00e9poca, teria se casado o famoso rei Ricardo Cora\u00e7\u00e3o de Le\u00e3o<\/strong> com sua noiva, Bereng\u00e1ria de Navarra.<\/p>\n\n\n\n<figure data-wp-context=\"{&quot;imageId&quot;:&quot;6a9944f730aa9&quot;}\" data-wp-interactive=\"core\/image\" data-wp-key=\"6a9944f730aa9\" class=\"wp-block-image size-full wp-lightbox-container\"><img decoding=\"async\" width=\"1500\" height=\"1125\" data-wp-class--hide=\"state.isContentHidden\" data-wp-class--show=\"state.isContentVisible\" data-wp-init=\"callbacks.setButtonStyles\" data-wp-on--click=\"actions.showLightbox\" data-wp-on--load=\"callbacks.setButtonStyles\" data-wp-on--pointerdown=\"actions.preloadImage\" data-wp-on--pointerenter=\"actions.preloadImageWithDelay\" data-wp-on--pointerleave=\"actions.cancelPreload\" data-wp-on-window--resize=\"callbacks.setButtonStyles\" src=\"https:\/\/loudavymkrokem.cz\/wp-content\/uploads\/2026\/08\/dovolena-kypr-t08.jpg\" alt=\"Orla de Molos em Limassol\" class=\"wp-image-399872\" title=\"\" srcset=\"https:\/\/loudavymkrokem.cz\/wp-content\/uploads\/2026\/08\/dovolena-kypr-t08.jpg 1500w, https:\/\/loudavymkrokem.cz\/wp-content\/uploads\/2026\/08\/dovolena-kypr-t08-300x225.jpg 300w, https:\/\/loudavymkrokem.cz\/wp-content\/uploads\/2026\/08\/dovolena-kypr-t08-700x525.jpg 700w, https:\/\/loudavymkrokem.cz\/wp-content\/uploads\/2026\/08\/dovolena-kypr-t08-768x576.jpg 768w, https:\/\/loudavymkrokem.cz\/wp-content\/uploads\/2026\/08\/dovolena-kypr-t08-80x60.jpg 80w, https:\/\/loudavymkrokem.cz\/wp-content\/uploads\/2026\/08\/dovolena-kypr-t08-160x120.jpg 160w, https:\/\/loudavymkrokem.cz\/wp-content\/uploads\/2026\/08\/dovolena-kypr-t08-696x522.jpg 696w, https:\/\/loudavymkrokem.cz\/wp-content\/uploads\/2026\/08\/dovolena-kypr-t08-1392x1044.jpg 1392w\" sizes=\"(max-width: 1500px) 100vw, 1500px\" \/><button\n\t\t\tclass=\"lightbox-trigger\"\n\t\t\ttype=\"button\"\n\t\t\taria-haspopup=\"dialog\"\n\t\t\tdata-wp-bind--aria-label=\"state.thisImage.triggerButtonAriaLabel\"\n\t\t\tdata-wp-init=\"callbacks.initTriggerButton\"\n\t\t\tdata-wp-on--click=\"actions.showLightbox\"\n\t\t\tdata-wp-style--right=\"state.thisImage.buttonRight\"\n\t\t\tdata-wp-style--top=\"state.thisImage.buttonTop\"\n\t\t>\n\t\t\t<svg xmlns=\"http:\/\/www.w3.org\/2000\/svg\" width=\"12\" height=\"12\" fill=\"none\" viewBox=\"0 0 12 12\">\n\t\t\t\t<path fill=\"#fff\" d=\"M2 0a2 2 0 0 0-2 2v2h1.5V2a.5.5 0 0 1 .5-.5h2V0H2Zm2 10.5H2a.5.5 0 0 1-.5-.5V8H0v2a2 2 0 0 0 2 2h2v-1.5ZM8 12v-1.5h2a.5.5 0 0 0 .5-.5V8H12v2a2 2 0 0 1-2 2H8Zm2-12a2 2 0 0 1 2 2v2h-1.5V2a.5.5 0 0 0-.5-.5H8V0h2Z\" \/>\n\t\t\t<\/svg>\n\t\t<\/button><figcaption class=\"wp-element-caption\">Orla de Molos em Limassol (Foto: A.Savin \/ Wikimedia Commons, FAL)<\/figcaption><\/figure>\n\n\n\n<p class=\"wp-block-paragraph\">Ao redor do castelo se espalha uma rede de vielas estreitas cheias de restaurantes tradicionais, pequenas lojas de artesanato e bares que ganham vida especialmente depois do anoitecer. Limassol funciona como um \u00f3timo ponto de partida para explorar a ilha, porque fica estrategicamente bem no meio da costa sul. Se voc\u00ea busca uma <strong>combina\u00e7\u00e3o de vida urbana agitada, boa comida e hist\u00f3ria<\/strong>, essa cidade n\u00e3o vai te decepcionar.<\/p>\n\n\n\n<h3 id=\"9_Kourion_anticke_divadlo_nad_morem\" class=\"wp-block-heading\"><span class=\"ez-toc-section\" id=\"9_Kourion_o_teatro_antigo_sobre_o_mar\"><\/span>9. Kourion: o teatro antigo sobre o mar<span class=\"ez-toc-section-end\"><\/span><\/h3>\n\n\n\n<p class=\"wp-block-paragraph\">Kourion \u00e9 uma extensa cidade greco-romana antiga que se ergue de forma totalmente dram\u00e1tica num alto penhasco, bem acima do mar. A constru\u00e7\u00e3o mais famosa de todo o complexo \u00e9 o teatro antigo lindamente restaurado que, gra\u00e7as \u00e0 sua ac\u00fastica perfeita, ainda hoje recebe concertos de ver\u00e3o a c\u00e9u aberto. Durante a visita, voc\u00ea pode passear entre os restos de banhos p\u00fablicos e <strong>examinar os mosaicos de piso preservados nas casas dos cidad\u00e3os ricos<\/strong>, que est\u00e3o entre os melhores da ilha.<\/p>\n\n\n\n<figure data-wp-context=\"{&quot;imageId&quot;:&quot;6a9944f731056&quot;}\" data-wp-interactive=\"core\/image\" data-wp-key=\"6a9944f731056\" class=\"wp-block-image size-full wp-lightbox-container\"><img decoding=\"async\" width=\"1500\" height=\"937\" data-wp-class--hide=\"state.isContentHidden\" data-wp-class--show=\"state.isContentVisible\" data-wp-init=\"callbacks.setButtonStyles\" data-wp-on--click=\"actions.showLightbox\" data-wp-on--load=\"callbacks.setButtonStyles\" data-wp-on--pointerdown=\"actions.preloadImage\" data-wp-on--pointerenter=\"actions.preloadImageWithDelay\" data-wp-on--pointerleave=\"actions.cancelPreload\" data-wp-on-window--resize=\"callbacks.setButtonStyles\" src=\"https:\/\/loudavymkrokem.cz\/wp-content\/uploads\/2026\/08\/dovolena-kypr-t09.jpg\" alt=\"Teatro antigo em Kourion\" class=\"wp-image-399874\" title=\"\" srcset=\"https:\/\/loudavymkrokem.cz\/wp-content\/uploads\/2026\/08\/dovolena-kypr-t09.jpg 1500w, https:\/\/loudavymkrokem.cz\/wp-content\/uploads\/2026\/08\/dovolena-kypr-t09-300x187.jpg 300w, https:\/\/loudavymkrokem.cz\/wp-content\/uploads\/2026\/08\/dovolena-kypr-t09-700x437.jpg 700w, https:\/\/loudavymkrokem.cz\/wp-content\/uploads\/2026\/08\/dovolena-kypr-t09-768x480.jpg 768w, https:\/\/loudavymkrokem.cz\/wp-content\/uploads\/2026\/08\/dovolena-kypr-t09-696x435.jpg 696w, https:\/\/loudavymkrokem.cz\/wp-content\/uploads\/2026\/08\/dovolena-kypr-t09-1392x870.jpg 1392w\" sizes=\"(max-width: 1500px) 100vw, 1500px\" \/><button\n\t\t\tclass=\"lightbox-trigger\"\n\t\t\ttype=\"button\"\n\t\t\taria-haspopup=\"dialog\"\n\t\t\tdata-wp-bind--aria-label=\"state.thisImage.triggerButtonAriaLabel\"\n\t\t\tdata-wp-init=\"callbacks.initTriggerButton\"\n\t\t\tdata-wp-on--click=\"actions.showLightbox\"\n\t\t\tdata-wp-style--right=\"state.thisImage.buttonRight\"\n\t\t\tdata-wp-style--top=\"state.thisImage.buttonTop\"\n\t\t>\n\t\t\t<svg xmlns=\"http:\/\/www.w3.org\/2000\/svg\" width=\"12\" height=\"12\" fill=\"none\" viewBox=\"0 0 12 12\">\n\t\t\t\t<path fill=\"#fff\" d=\"M2 0a2 2 0 0 0-2 2v2h1.5V2a.5.5 0 0 1 .5-.5h2V0H2Zm2 10.5H2a.5.5 0 0 1-.5-.5V8H0v2a2 2 0 0 0 2 2h2v-1.5ZM8 12v-1.5h2a.5.5 0 0 0 .5-.5V8H12v2a2 2 0 0 1-2 2H8Zm2-12a2 2 0 0 1 2 2v2h-1.5V2a.5.5 0 0 0-.5-.5H8V0h2Z\" \/>\n\t\t\t<\/svg>\n\t\t<\/button><figcaption class=\"wp-element-caption\">Teatro antigo em Kourion (Foto: A.Savin \/ Wikimedia Commons, FAL)<\/figcaption><\/figure>\n\n\n\n<p class=\"wp-block-paragraph\">O s\u00edtio arqueol\u00f3gico \u00e9 bem grande e espalhado por uma colina extensa, ent\u00e3o conte com uma caminhada mais longa sob o sol direto. Aqui tamb\u00e9m vale a regra consagrada de chegar cedinho, quando voc\u00ea evita o calor mais forte e as grandes multid\u00f5es dos \u00f4nibus de excurs\u00e3o. Do penhasco voc\u00ea pode <strong>descer direto para a praia de mesmo nome, Kourion<\/strong>, muito querida pelos locais e com \u00f3timas condi\u00e7\u00f5es para se refrescar no mar \u00e0 tarde.<\/p>\n\n\n\n<h3 id=\"10_Hrad_Kolossi\" class=\"wp-block-heading\"><span class=\"ez-toc-section\" id=\"10_Castelo_de_Kolossi\"><\/span>10. Castelo de Kolossi<span class=\"ez-toc-section-end\"><\/span><\/h3>\n\n\n\n<p class=\"wp-block-paragraph\">O Castelo de Kolossi \u00e9 uma maci\u00e7a fortaleza cruzada do s\u00e9culo XIII que, \u00e0 primeira vista, parece um cubo de pedra inexpugn\u00e1vel cercado por pomares e vinhedos. Essa constru\u00e7\u00e3o serviu um dia como importante centro de comando dos poderosos Hospital\u00e1rios e Templ\u00e1rios, que dali administravam suas enormes propriedades na ilha. O lugar \u00e9 famoso principalmente porque foi aqui que come\u00e7ou a <strong>hist\u00f3ria do lend\u00e1rio vinho doce Commandaria<\/strong>, que os cavaleiros produziam e exportavam com gosto para as cortes reais europeias.<\/p>\n\n\n\n<figure data-wp-context=\"{&quot;imageId&quot;:&quot;6a9944f7316b8&quot;}\" data-wp-interactive=\"core\/image\" data-wp-key=\"6a9944f7316b8\" class=\"wp-block-image size-full wp-lightbox-container\"><img decoding=\"async\" width=\"1500\" height=\"1000\" data-wp-class--hide=\"state.isContentHidden\" data-wp-class--show=\"state.isContentVisible\" data-wp-init=\"callbacks.setButtonStyles\" data-wp-on--click=\"actions.showLightbox\" data-wp-on--load=\"callbacks.setButtonStyles\" data-wp-on--pointerdown=\"actions.preloadImage\" data-wp-on--pointerenter=\"actions.preloadImageWithDelay\" data-wp-on--pointerleave=\"actions.cancelPreload\" data-wp-on-window--resize=\"callbacks.setButtonStyles\" src=\"https:\/\/loudavymkrokem.cz\/wp-content\/uploads\/2026\/08\/dovolena-kypr-t10.jpg\" alt=\"Fortaleza cruzada de Kolossi\" class=\"wp-image-399877\" title=\"\" srcset=\"https:\/\/loudavymkrokem.cz\/wp-content\/uploads\/2026\/08\/dovolena-kypr-t10.jpg 1500w, https:\/\/loudavymkrokem.cz\/wp-content\/uploads\/2026\/08\/dovolena-kypr-t10-300x200.jpg 300w, https:\/\/loudavymkrokem.cz\/wp-content\/uploads\/2026\/08\/dovolena-kypr-t10-700x467.jpg 700w, https:\/\/loudavymkrokem.cz\/wp-content\/uploads\/2026\/08\/dovolena-kypr-t10-768x512.jpg 768w, https:\/\/loudavymkrokem.cz\/wp-content\/uploads\/2026\/08\/dovolena-kypr-t10-696x464.jpg 696w, https:\/\/loudavymkrokem.cz\/wp-content\/uploads\/2026\/08\/dovolena-kypr-t10-1392x928.jpg 1392w\" sizes=\"(max-width: 1500px) 100vw, 1500px\" \/><button\n\t\t\tclass=\"lightbox-trigger\"\n\t\t\ttype=\"button\"\n\t\t\taria-haspopup=\"dialog\"\n\t\t\tdata-wp-bind--aria-label=\"state.thisImage.triggerButtonAriaLabel\"\n\t\t\tdata-wp-init=\"callbacks.initTriggerButton\"\n\t\t\tdata-wp-on--click=\"actions.showLightbox\"\n\t\t\tdata-wp-style--right=\"state.thisImage.buttonRight\"\n\t\t\tdata-wp-style--top=\"state.thisImage.buttonTop\"\n\t\t>\n\t\t\t<svg xmlns=\"http:\/\/www.w3.org\/2000\/svg\" width=\"12\" height=\"12\" fill=\"none\" viewBox=\"0 0 12 12\">\n\t\t\t\t<path fill=\"#fff\" d=\"M2 0a2 2 0 0 0-2 2v2h1.5V2a.5.5 0 0 1 .5-.5h2V0H2Zm2 10.5H2a.5.5 0 0 1-.5-.5V8H0v2a2 2 0 0 0 2 2h2v-1.5ZM8 12v-1.5h2a.5.5 0 0 0 .5-.5V8H12v2a2 2 0 0 1-2 2H8Zm2-12a2 2 0 0 1 2 2v2h-1.5V2a.5.5 0 0 0-.5-.5H8V0h2Z\" \/>\n\t\t\t<\/svg>\n\t\t<\/button><figcaption class=\"wp-element-caption\">Fortaleza cruzada de Kolossi (Foto: Diego Delso \/ Wikimedia Commons, CC BY-SA 4.0)<\/figcaption><\/figure>\n\n\n\n<p class=\"wp-block-paragraph\">Dentro da fortaleza voc\u00ea v\u00ea enormes lareiras antigas, afrescos preservados e pode subir com seguran\u00e7a pela escadaria de pedra em espiral at\u00e9 o pr\u00f3prio telhado. De l\u00e1 se abre uma <strong>bela vista das planta\u00e7\u00f5es de c\u00edtricos ao redor<\/strong> e das ru\u00ednas do antigo engenho de a\u00e7\u00facar medieval que faz fronteira direta com o castelo. A visita a esse lugar n\u00e3o toma muito tempo, ent\u00e3o ela encaixa perfeitamente como uma breve parada hist\u00f3rica numa viagem mais longa pela costa.<\/p>\n\n\n\n<h3 id=\"11_Mys_Cape_Greco_a_Kamara_tou_Koraka\" class=\"wp-block-heading\"><span class=\"ez-toc-section\" id=\"11_Cabo_Greco_e_Kamara_tou_Koraka\"><\/span>11. Cabo Greco e Kamara tou Koraka<span class=\"ez-toc-section-end\"><\/span><\/h3>\n\n\n\n<p class=\"wp-block-paragraph\">O Cabo Greco forma a fronteira rochosa imagin\u00e1ria entre a costa sul e a leste, e ali est\u00e3o alguns dos penhascos mais dram\u00e1ticos de toda a ilha. O parque natural esconde muitas atra\u00e7\u00f5es, sendo a mais famosa, sem d\u00favida, o enorme arco rochoso Kamara tou Koraka, que se equilibra bem sobre um abismo \u00edngreme. A \u00e1gua em torno de toda a pen\u00ednsula tem uma cor turquesa incr\u00edvel e as <strong>profundas grutas marinhas convidam \u00e0 explora\u00e7\u00e3o<\/strong>, sobretudo se voc\u00ea for de barquinho de passeio ou fazer snorkel.<\/p>\n\n\n\n<figure data-wp-context=\"{&quot;imageId&quot;:&quot;6a9944f731ca8&quot;}\" data-wp-interactive=\"core\/image\" data-wp-key=\"6a9944f731ca8\" class=\"wp-block-image size-full wp-lightbox-container\"><img decoding=\"async\" width=\"1500\" height=\"1125\" data-wp-class--hide=\"state.isContentHidden\" data-wp-class--show=\"state.isContentVisible\" data-wp-init=\"callbacks.setButtonStyles\" data-wp-on--click=\"actions.showLightbox\" data-wp-on--load=\"callbacks.setButtonStyles\" data-wp-on--pointerdown=\"actions.preloadImage\" data-wp-on--pointerenter=\"actions.preloadImageWithDelay\" data-wp-on--pointerleave=\"actions.cancelPreload\" data-wp-on-window--resize=\"callbacks.setButtonStyles\" src=\"https:\/\/loudavymkrokem.cz\/wp-content\/uploads\/2026\/08\/dovolena-kypr-t11.jpg\" alt=\"Arco rochoso no Cabo Greco\" class=\"wp-image-399881\" title=\"\" srcset=\"https:\/\/loudavymkrokem.cz\/wp-content\/uploads\/2026\/08\/dovolena-kypr-t11.jpg 1500w, https:\/\/loudavymkrokem.cz\/wp-content\/uploads\/2026\/08\/dovolena-kypr-t11-300x225.jpg 300w, https:\/\/loudavymkrokem.cz\/wp-content\/uploads\/2026\/08\/dovolena-kypr-t11-700x525.jpg 700w, https:\/\/loudavymkrokem.cz\/wp-content\/uploads\/2026\/08\/dovolena-kypr-t11-768x576.jpg 768w, https:\/\/loudavymkrokem.cz\/wp-content\/uploads\/2026\/08\/dovolena-kypr-t11-80x60.jpg 80w, https:\/\/loudavymkrokem.cz\/wp-content\/uploads\/2026\/08\/dovolena-kypr-t11-160x120.jpg 160w, https:\/\/loudavymkrokem.cz\/wp-content\/uploads\/2026\/08\/dovolena-kypr-t11-696x522.jpg 696w, https:\/\/loudavymkrokem.cz\/wp-content\/uploads\/2026\/08\/dovolena-kypr-t11-1392x1044.jpg 1392w\" sizes=\"(max-width: 1500px) 100vw, 1500px\" \/><button\n\t\t\tclass=\"lightbox-trigger\"\n\t\t\ttype=\"button\"\n\t\t\taria-haspopup=\"dialog\"\n\t\t\tdata-wp-bind--aria-label=\"state.thisImage.triggerButtonAriaLabel\"\n\t\t\tdata-wp-init=\"callbacks.initTriggerButton\"\n\t\t\tdata-wp-on--click=\"actions.showLightbox\"\n\t\t\tdata-wp-style--right=\"state.thisImage.buttonRight\"\n\t\t\tdata-wp-style--top=\"state.thisImage.buttonTop\"\n\t\t>\n\t\t\t<svg xmlns=\"http:\/\/www.w3.org\/2000\/svg\" width=\"12\" height=\"12\" fill=\"none\" viewBox=\"0 0 12 12\">\n\t\t\t\t<path fill=\"#fff\" d=\"M2 0a2 2 0 0 0-2 2v2h1.5V2a.5.5 0 0 1 .5-.5h2V0H2Zm2 10.5H2a.5.5 0 0 1-.5-.5V8H0v2a2 2 0 0 0 2 2h2v-1.5ZM8 12v-1.5h2a.5.5 0 0 0 .5-.5V8H12v2a2 2 0 0 1-2 2H8Zm2-12a2 2 0 0 1 2 2v2h-1.5V2a.5.5 0 0 0-.5-.5H8V0h2Z\" \/>\n\t\t\t<\/svg>\n\t\t<\/button><figcaption class=\"wp-element-caption\">Arco rochoso no Cabo Greco (Foto: Knowledge2need \/ Wikimedia Commons, CC BY-SA 4.0)<\/figcaption><\/figure>\n\n\n\n<p class=\"wp-block-paragraph\">Esse lugar \u00e9 fant\u00e1stico para os amantes do mundo subaqu\u00e1tico, porque a visibilidade sob a \u00e1gua costuma ser excelente o ano inteiro. No Cabo Greco h\u00e1 muitas trilhas bem cuidadas com bancos, \u00f3timas para escapadas ao p\u00f4r do sol na natureza. Os viajantes concordam que justamente os penhascos deste cabo oferecem <strong>algumas das melhores vistas do m\u00e1gico p\u00f4r do sol<\/strong> em toda a parte leste de Chipre.<\/p>\n\n\n\n<h3 id=\"12_Larnaka_Slane_jezero_a_plamenaci\" class=\"wp-block-heading\"><span class=\"ez-toc-section\" id=\"12_Larnaca_o_Lago_Salgado_e_os_flamingos\"><\/span>12. Larnaca: o Lago Salgado e os flamingos<span class=\"ez-toc-section-end\"><\/span><\/h3>\n\n\n\n<p class=\"wp-block-paragraph\">Larnaca une a atmosfera relaxada de um balne\u00e1rio \u00e0 beira-mar com uma hist\u00f3ria rica e fen\u00f4menos naturais interessantes nos arredores. Logo depois da cidade se estende o extenso Lago Salgado, onde durante os meses de inverno e primavera <strong>param enormes bandos de lindos flamingos rosados<\/strong>, um espet\u00e1culo super fotog\u00eanico. Na margem desse lago fica o importante santu\u00e1rio isl\u00e2mico, a mesquita Hala Sultan Tekke, e no pr\u00f3prio centro da cidade voc\u00ea n\u00e3o pode deixar de ver a linda igreja de pedra de S\u00e3o L\u00e1zaro, do s\u00e9culo IX.<\/p>\n\n\n\n<figure data-wp-context=\"{&quot;imageId&quot;:&quot;6a9944f732318&quot;}\" data-wp-interactive=\"core\/image\" data-wp-key=\"6a9944f732318\" class=\"wp-block-image size-full wp-lightbox-container\"><img decoding=\"async\" width=\"1500\" height=\"1124\" data-wp-class--hide=\"state.isContentHidden\" data-wp-class--show=\"state.isContentVisible\" data-wp-init=\"callbacks.setButtonStyles\" data-wp-on--click=\"actions.showLightbox\" data-wp-on--load=\"callbacks.setButtonStyles\" data-wp-on--pointerdown=\"actions.preloadImage\" data-wp-on--pointerenter=\"actions.preloadImageWithDelay\" data-wp-on--pointerleave=\"actions.cancelPreload\" data-wp-on-window--resize=\"callbacks.setButtonStyles\" src=\"https:\/\/loudavymkrokem.cz\/wp-content\/uploads\/2026\/08\/dovolena-kypr-t12.jpg\" alt=\"Lago Salgado perto de Larnaca\" class=\"wp-image-399885\" title=\"\" srcset=\"https:\/\/loudavymkrokem.cz\/wp-content\/uploads\/2026\/08\/dovolena-kypr-t12.jpg 1500w, https:\/\/loudavymkrokem.cz\/wp-content\/uploads\/2026\/08\/dovolena-kypr-t12-300x225.jpg 300w, https:\/\/loudavymkrokem.cz\/wp-content\/uploads\/2026\/08\/dovolena-kypr-t12-700x525.jpg 700w, https:\/\/loudavymkrokem.cz\/wp-content\/uploads\/2026\/08\/dovolena-kypr-t12-768x575.jpg 768w, https:\/\/loudavymkrokem.cz\/wp-content\/uploads\/2026\/08\/dovolena-kypr-t12-80x60.jpg 80w, https:\/\/loudavymkrokem.cz\/wp-content\/uploads\/2026\/08\/dovolena-kypr-t12-160x120.jpg 160w, https:\/\/loudavymkrokem.cz\/wp-content\/uploads\/2026\/08\/dovolena-kypr-t12-696x522.jpg 696w, https:\/\/loudavymkrokem.cz\/wp-content\/uploads\/2026\/08\/dovolena-kypr-t12-1392x1043.jpg 1392w\" sizes=\"(max-width: 1500px) 100vw, 1500px\" \/><button\n\t\t\tclass=\"lightbox-trigger\"\n\t\t\ttype=\"button\"\n\t\t\taria-haspopup=\"dialog\"\n\t\t\tdata-wp-bind--aria-label=\"state.thisImage.triggerButtonAriaLabel\"\n\t\t\tdata-wp-init=\"callbacks.initTriggerButton\"\n\t\t\tdata-wp-on--click=\"actions.showLightbox\"\n\t\t\tdata-wp-style--right=\"state.thisImage.buttonRight\"\n\t\t\tdata-wp-style--top=\"state.thisImage.buttonTop\"\n\t\t>\n\t\t\t<svg xmlns=\"http:\/\/www.w3.org\/2000\/svg\" width=\"12\" height=\"12\" fill=\"none\" viewBox=\"0 0 12 12\">\n\t\t\t\t<path fill=\"#fff\" d=\"M2 0a2 2 0 0 0-2 2v2h1.5V2a.5.5 0 0 1 .5-.5h2V0H2Zm2 10.5H2a.5.5 0 0 1-.5-.5V8H0v2a2 2 0 0 0 2 2h2v-1.5ZM8 12v-1.5h2a.5.5 0 0 0 .5-.5V8H12v2a2 2 0 0 1-2 2H8Zm2-12a2 2 0 0 1 2 2v2h-1.5V2a.5.5 0 0 0-.5-.5H8V0h2Z\" \/>\n\t\t\t<\/svg>\n\t\t<\/button><figcaption class=\"wp-element-caption\">Lago Salgado perto de Larnaca (Foto: Gerda Arendt \/ Wikimedia Commons, CC0)<\/figcaption><\/figure>\n\n\n\n<p class=\"wp-block-paragraph\">Se voc\u00ea est\u00e1 pensando <a href=\"https:\/\/loudavymkrokem.cz\/pt-br\/viagens-setembro-destinos\/\">para onde viajar em setembro<\/a>, os arredores de Larnaca s\u00e3o uma \u00f3tima escolha, com temperaturas ideais e um mar ainda bem aquecido. A maioria dos turistas s\u00f3 passa correndo pela cidade depois de pousar no aeroporto, mas <strong>Larnaca merece pelo menos meia di\u00e1ria de parada<\/strong>. D\u00e1 para caminhar tranquilamente pela promenade de palmeiras Finikoudes, sentar nos caf\u00e9s locais e absorver aquele clima cipriota gostoso.<\/p>\n\n\n\n<h3 id=\"13_Nissi_Beach_nejslavnejsi_plaz_Kypru\" class=\"wp-block-heading\"><span class=\"ez-toc-section\" id=\"13_Nissi_Beach_a_praia_mais_famosa_de_Chipre\"><\/span>13. Nissi Beach: a praia mais famosa de Chipre<span class=\"ez-toc-section-end\"><\/span><\/h3>\n\n\n\n<p class=\"wp-block-paragraph\">Nissi Beach \u00e9 provavelmente a praia mais famosa e mais fotografada de todo o Chipre, que ganha rankings de beleza com regularidade. Ela atrai pela areia branca fininha, pela \u00e1gua incrivelmente rasa e pela t\u00edpica l\u00edngua de areia por onde d\u00e1 para chegar de p\u00e9 enxuto a uma pequena ilhota perto da margem. A \u00e1gua aqui \u00e9 <strong>agradavelmente aquecida e, na maior parte do tempo, bem calma<\/strong>, o que a faz parecer, \u00e0 primeira vista, um para\u00edso caribenho perfeito para quem ama nadar.<\/p>\n\n\n\n<figure data-wp-context=\"{&quot;imageId&quot;:&quot;6a9944f7328ea&quot;}\" data-wp-interactive=\"core\/image\" data-wp-key=\"6a9944f7328ea\" class=\"wp-block-image size-full wp-lightbox-container\"><img decoding=\"async\" width=\"1500\" height=\"1000\" data-wp-class--hide=\"state.isContentHidden\" data-wp-class--show=\"state.isContentVisible\" data-wp-init=\"callbacks.setButtonStyles\" data-wp-on--click=\"actions.showLightbox\" data-wp-on--load=\"callbacks.setButtonStyles\" data-wp-on--pointerdown=\"actions.preloadImage\" data-wp-on--pointerenter=\"actions.preloadImageWithDelay\" data-wp-on--pointerleave=\"actions.cancelPreload\" data-wp-on-window--resize=\"callbacks.setButtonStyles\" src=\"https:\/\/loudavymkrokem.cz\/wp-content\/uploads\/2026\/08\/dovolena-kypr-t13.jpg\" alt=\"Praia de Nissi Beach em Ayia Napa\" class=\"wp-image-399888\" title=\"\" srcset=\"https:\/\/loudavymkrokem.cz\/wp-content\/uploads\/2026\/08\/dovolena-kypr-t13.jpg 1500w, https:\/\/loudavymkrokem.cz\/wp-content\/uploads\/2026\/08\/dovolena-kypr-t13-300x200.jpg 300w, https:\/\/loudavymkrokem.cz\/wp-content\/uploads\/2026\/08\/dovolena-kypr-t13-700x467.jpg 700w, https:\/\/loudavymkrokem.cz\/wp-content\/uploads\/2026\/08\/dovolena-kypr-t13-768x512.jpg 768w, https:\/\/loudavymkrokem.cz\/wp-content\/uploads\/2026\/08\/dovolena-kypr-t13-696x464.jpg 696w, https:\/\/loudavymkrokem.cz\/wp-content\/uploads\/2026\/08\/dovolena-kypr-t13-1392x928.jpg 1392w\" sizes=\"(max-width: 1500px) 100vw, 1500px\" \/><button\n\t\t\tclass=\"lightbox-trigger\"\n\t\t\ttype=\"button\"\n\t\t\taria-haspopup=\"dialog\"\n\t\t\tdata-wp-bind--aria-label=\"state.thisImage.triggerButtonAriaLabel\"\n\t\t\tdata-wp-init=\"callbacks.initTriggerButton\"\n\t\t\tdata-wp-on--click=\"actions.showLightbox\"\n\t\t\tdata-wp-style--right=\"state.thisImage.buttonRight\"\n\t\t\tdata-wp-style--top=\"state.thisImage.buttonTop\"\n\t\t>\n\t\t\t<svg xmlns=\"http:\/\/www.w3.org\/2000\/svg\" width=\"12\" height=\"12\" fill=\"none\" viewBox=\"0 0 12 12\">\n\t\t\t\t<path fill=\"#fff\" d=\"M2 0a2 2 0 0 0-2 2v2h1.5V2a.5.5 0 0 1 .5-.5h2V0H2Zm2 10.5H2a.5.5 0 0 1-.5-.5V8H0v2a2 2 0 0 0 2 2h2v-1.5ZM8 12v-1.5h2a.5.5 0 0 0 .5-.5V8H12v2a2 2 0 0 1-2 2H8Zm2-12a2 2 0 0 1 2 2v2h-1.5V2a.5.5 0 0 0-.5-.5H8V0h2Z\" \/>\n\t\t\t<\/svg>\n\t\t<\/button><figcaption class=\"wp-element-caption\">Praia de Nissi Beach em Ayia Napa (Foto: Dmitry Panov \/ Wikimedia Commons, CC BY 3.0)<\/figcaption><\/figure>\n\n\n\n<p class=\"wp-block-paragraph\">Mas preciso te avisar com sinceridade que, na alta temporada de ver\u00e3o, \u00e9 uma das praias mais lotadas de toda a ilha e sossego voc\u00ea realmente n\u00e3o vai encontrar por l\u00e1. Durante o dia <strong>toca m\u00fasica bem alta dos beach clubs<\/strong>, rolam festas animadas e achar uma espregui\u00e7adeira livre depois das dez da manh\u00e3 costuma ser uma tarefa sobre-humana. Se quiser aproveitar a beleza dela com certa tranquilidade, chegue de prefer\u00eancia bem cedinho, quando a praia ainda est\u00e1 acordando.<\/p>\n\n\n\n<h3 id=\"14_Ayia_Napa_party_ale_i_klaster_a_morske_jeskyne\" class=\"wp-block-heading\"><span class=\"ez-toc-section\" id=\"14_Ayia_Napa_balada_mas_tambem_mosteiro_e_grutas_marinhas\"><\/span>14. Ayia Napa: balada, mas tamb\u00e9m mosteiro e grutas marinhas<span class=\"ez-toc-section-end\"><\/span><\/h3>\n\n\n\n<p class=\"wp-block-paragraph\">Ayia Napa ganhou fama internacional de cidade selvagem da balada, que nunca dorme e que, no ver\u00e3o, vira um enorme estacionamento dan\u00e7ante para os jovens de toda a Europa. O epicentro de toda a agita\u00e7\u00e3o noturna \u00e9 a famosa rua Nissi Avenue, onde voc\u00ea encontra dezenas de bares tem\u00e1ticos e baladas gigantes. Ainda assim, a cidade tamb\u00e9m tem uma face bem tranquila, porque, bem no meio de toda essa loucura moderna, <strong>fica um antigo mosteiro veneziano do s\u00e9culo XV<\/strong>, que parece um o\u00e1sis inesperado de sil\u00eancio absoluto.<\/p>\n\n\n\n<figure data-wp-context=\"{&quot;imageId&quot;:&quot;6a9944f732e91&quot;}\" data-wp-interactive=\"core\/image\" data-wp-key=\"6a9944f732e91\" class=\"wp-block-image size-full wp-lightbox-container\"><img decoding=\"async\" width=\"1500\" height=\"1086\" data-wp-class--hide=\"state.isContentHidden\" data-wp-class--show=\"state.isContentVisible\" data-wp-init=\"callbacks.setButtonStyles\" data-wp-on--click=\"actions.showLightbox\" data-wp-on--load=\"callbacks.setButtonStyles\" data-wp-on--pointerdown=\"actions.preloadImage\" data-wp-on--pointerenter=\"actions.preloadImageWithDelay\" data-wp-on--pointerleave=\"actions.cancelPreload\" data-wp-on-window--resize=\"callbacks.setButtonStyles\" src=\"https:\/\/loudavymkrokem.cz\/wp-content\/uploads\/2026\/08\/dovolena-kypr-t14.jpg\" alt=\"Mosteiro em Ayia Napa\" class=\"wp-image-399893\" title=\"\" srcset=\"https:\/\/loudavymkrokem.cz\/wp-content\/uploads\/2026\/08\/dovolena-kypr-t14.jpg 1500w, https:\/\/loudavymkrokem.cz\/wp-content\/uploads\/2026\/08\/dovolena-kypr-t14-300x217.jpg 300w, https:\/\/loudavymkrokem.cz\/wp-content\/uploads\/2026\/08\/dovolena-kypr-t14-700x507.jpg 700w, https:\/\/loudavymkrokem.cz\/wp-content\/uploads\/2026\/08\/dovolena-kypr-t14-768x556.jpg 768w, https:\/\/loudavymkrokem.cz\/wp-content\/uploads\/2026\/08\/dovolena-kypr-t14-696x504.jpg 696w, https:\/\/loudavymkrokem.cz\/wp-content\/uploads\/2026\/08\/dovolena-kypr-t14-1392x1008.jpg 1392w\" sizes=\"(max-width: 1500px) 100vw, 1500px\" \/><button\n\t\t\tclass=\"lightbox-trigger\"\n\t\t\ttype=\"button\"\n\t\t\taria-haspopup=\"dialog\"\n\t\t\tdata-wp-bind--aria-label=\"state.thisImage.triggerButtonAriaLabel\"\n\t\t\tdata-wp-init=\"callbacks.initTriggerButton\"\n\t\t\tdata-wp-on--click=\"actions.showLightbox\"\n\t\t\tdata-wp-style--right=\"state.thisImage.buttonRight\"\n\t\t\tdata-wp-style--top=\"state.thisImage.buttonTop\"\n\t\t>\n\t\t\t<svg xmlns=\"http:\/\/www.w3.org\/2000\/svg\" width=\"12\" height=\"12\" fill=\"none\" viewBox=\"0 0 12 12\">\n\t\t\t\t<path fill=\"#fff\" d=\"M2 0a2 2 0 0 0-2 2v2h1.5V2a.5.5 0 0 1 .5-.5h2V0H2Zm2 10.5H2a.5.5 0 0 1-.5-.5V8H0v2a2 2 0 0 0 2 2h2v-1.5ZM8 12v-1.5h2a.5.5 0 0 0 .5-.5V8H12v2a2 2 0 0 1-2 2H8Zm2-12a2 2 0 0 1 2 2v2h-1.5V2a.5.5 0 0 0-.5-.5H8V0h2Z\" \/>\n\t\t\t<\/svg>\n\t\t<\/button><figcaption class=\"wp-element-caption\">Mosteiro em Ayia Napa (Foto: Zairon \/ Wikimedia Commons, CC BY-SA 4.0)<\/figcaption><\/figure>\n\n\n\n<p class=\"wp-block-paragraph\">Al\u00e9m da vida noturna, Ayia Napa se orgulha de um \u00f3timo acesso ao mar e de muitas enseadas lindas com \u00e1gua cristalina. Do movimentado porto local <strong>saem todos os dias barquinhos de passeio at\u00e9 as grutas marinhas<\/strong> e, ao longo da costa, h\u00e1 muitas trilhas a p\u00e9 bonitas. Ou seja, a cidade funciona surpreendentemente bem tanto para quem ama festas infinitas quanto para quem quer explorar belas paisagens naturais durante o dia.<\/p>\n\n\n\n<!-- LKM_GYG_CARD start q=\"kypr\" lang=\"pt-br\" rendered=\"2026-08-31T09:33:37+00:00\" v=\"1\" -->\n<style id=\"lk-gyg-styles\">\n@import url(\"https:\/\/fonts.googleapis.com\/css2?family=Playfair+Display:wght@700&family=DM+Sans:wght@300;400;500;600&display=swap\");\n\/* === LK GYG karty \u2014 CRO redesign 2026-05 (namespace .lkx-) ===\n   C\u00edl: vy\u0161\u0161\u00ed CTR (hero + v\u00fdrazn\u00fd social proof + ak\u010dn\u00ed CTA, m\u00e9n\u011b \"reklamn\u00ed\").\n   Injektuje se inline do prvn\u00edho markeru postu (refresh_cards.py --inline-css). *\/\n.lkx-module, .lkx-module *{box-sizing:border-box;margin:0;padding:0}\n.lkx-module{\n  font-family:'DM Sans',-apple-system,Segoe UI,Roboto,Georgia,sans-serif;\n  max-width:860px;margin:2.5rem auto;color:#1f2328;\n}\n\n\/* HEADER \u2014 lehk\u00fd editorsk\u00fd, \u017e\u00e1dn\u00fd bannerov\u00fd blok; nadpis + popisek pod n\u00edm *\/\n.lkx-head{margin-bottom:16px}\n.lkx-head-main{display:flex;align-items:center;gap:10px}\n.lkx-head-accent{width:26px;height:3px;border-radius:2px;background:#c39f76;flex-shrink:0}\n.lkx-head-title{font-family:'Playfair Display',Georgia,serif;font-size:21px;font-weight:700;color:#1a1a1a;line-height:1.25}\n.lkx-head-meta{display:block;font-size:11px;letter-spacing:.3px;color:#9aa0a6;margin-top:4px;margin-left:36px}\n\n\/* HERO *\/\n.lkx-hero{display:grid;grid-template-columns:300px 1fr;background:#fff;border:1px solid #ece7df;border-radius:14px;overflow:hidden;text-decoration:none!important;color:inherit;box-shadow:0 6px 20px rgba(0,0,0,.06);transition:box-shadow .2s,transform .2s;margin-bottom:14px}\n.lkx-hero:hover{box-shadow:0 12px 30px rgba(0,0,0,.12);transform:translateY(-2px)}\n.lkx-hero-img{position:relative;min-height:230px;background-size:cover;background-position:center;background-color:#eee}\n.lkx-hero-body{padding:22px 24px;display:flex;flex-direction:column}\n.lkx-pick{position:absolute;top:12px;left:12px;background:#1a1a1a;color:#fff;font-size:11px;font-weight:700;letter-spacing:.5px;padding:5px 11px;border-radius:20px}\n\n\/* TITLE *\/\n.lkx-title{font-size:19px;font-weight:700;color:#161616;line-height:1.3}\n.lkx-title-sm{font-size:14.5px;line-height:1.35;display:-webkit-box;-webkit-line-clamp:2;-webkit-box-orient:vertical;overflow:hidden}\n\n\/* SOCIAL PROOF \u2014 v\u00fdrazn\u011b, naho\u0159e *\/\n.lkx-proof{display:flex;align-items:center;gap:7px;margin-top:12px;font-size:15px;color:#3a3a3a}\n.lkx-proof b{font-size:16px;color:#161616}\n.lkx-stars{color:#f5a623;letter-spacing:1px}\n.lkx-proof-sm{font-size:12.5px;margin-top:8px;gap:5px}\n.lkx-proof-sm b{font-size:13px}\n.lkx-proof-new{color:#3685fc;font-weight:600}\n\n\/* PRICE \u2014 n\u00edzk\u00e1 kotva *\/\n.lkx-price{font-size:14px;color:#6b7280}\n.lkx-price b{font-size:20px;color:#161616;font-weight:700}\n.lkx-price-sm b{font-size:15px}\n\n\/* CTA \u2014 tepl\u00e9 ak\u010dn\u00ed tla\u010d\u00edtko *\/\n.lkx-cta{display:inline-flex;align-items:center;justify-content:center;text-decoration:none!important;font-weight:700;color:#fff!important;background:linear-gradient(135deg,#f6743f,#e8552a);border-radius:10px;box-shadow:0 6px 16px rgba(232,85,42,.32);transition:box-shadow .2s}\n.lkx-cta-hero{font-size:15px;padding:13px 22px}\n.lkx-hero:hover .lkx-cta-hero{box-shadow:0 8px 22px rgba(232,85,42,.45)}\n.lkx-cta-sm{font-size:12.5px;padding:9px 14px;width:100%;margin-top:2px}\n.lkx-hero-bottom{margin-top:auto;padding-top:18px;display:flex;align-items:center;justify-content:space-between;gap:14px;flex-wrap:wrap}\n\n\/* BADGE \u2014 jeden v\u00fdrazn\u00fd na fotce *\/\n.lkx-badge{position:absolute;top:12px;right:12px;font-size:10.5px;font-weight:700;letter-spacing:.3px;padding:5px 10px;border-radius:16px;color:#fff}\n.lkx-badge.badge-urgency{background:rgba(214,40,40,.92)}\n.lkx-badge.badge-new{background:rgba(54,133,252,.92)}\n.lkx-badge.badge-top{background:rgba(195,159,118,.95)}\n.lkx-badge.badge-info{background:rgba(40,40,40,.78)}\n\n\/* SECONDARY GRID *\/\n.lkx-grid{display:grid;grid-template-columns:1fr 1fr;gap:14px}\n.lkx-card{background:#fff;border:1px solid #ece7df;border-radius:14px;overflow:hidden;text-decoration:none!important;color:inherit;box-shadow:0 4px 14px rgba(0,0,0,.05);display:flex;flex-direction:column;transition:box-shadow .2s,transform .2s}\n.lkx-card:hover{box-shadow:0 10px 24px rgba(0,0,0,.1);transform:translateY(-2px)}\n.lkx-card-img{position:relative;aspect-ratio:16\/10;background-size:cover;background-position:center;background-color:#eee}\n.lkx-card-body{padding:14px 16px 16px;display:flex;flex-direction:column;gap:7px;flex:1}\n.lkx-card-bottom{margin-top:auto;padding-top:10px;display:flex;align-items:center;justify-content:space-between;gap:8px}\n\n\/* DISCLOSURE \u2014 drobn\u00e1, kv\u016fli d\u016fv\u011b\u0159e\/z\u00e1konu *\/\n.lkx-disclosure{font-size:11px;color:#a7adb3;text-align:center;margin-top:14px;line-height:1.6}\n.lkx-disclosure a{color:#c39f76;text-decoration:none}\n\n@media(max-width:680px){\n  .lkx-hero{grid-template-columns:1fr}\n  .lkx-hero-img{min-height:180px}\n  .lkx-grid{grid-template-columns:1fr}\n  .lkx-head-meta{margin-left:0;width:100%}\n  .lkx-head-title{font-size:19px}\n}\n\n<\/style>\n<div class=\"lkx-module\" data-query=\"kypr\">\n  <div class=\"lkx-head\">\n    <div class=\"lkx-head-main\">\n      <span class=\"lkx-head-accent\"><\/span>\n      <span class=\"lkx-head-title\">Experi\u00eancias e ingressos<\/span>\n    <\/div>\n    <span class=\"lkx-head-meta\">avaliado por viajantes \u00b7 GetYourGuide<\/span>\n  <\/div><a class=\"lkx-hero\" href=\"https:\/\/www.getyourguide.com\/pt-br\/distrito-de-nicosia-l2199\/paralimni-scooters-submarinas-t975099\/?partner_id=MKZ64IS&amp;utm_medium=online_publisher&amp;cmp=chipre-o-que-ver\" target=\"_blank\" rel=\"sponsored noopener nofollow\">\n    <div class=\"lkx-hero-img\" style=\"background-image:url('https:\/\/cdn.getyourguide.com\/img\/tour\/8a63e09393e938f9e1f5a3e6e3b62b3cc3a5f70cb6429c2de53d9c6a13f9ded9.jpeg\/132.jpg')\" role=\"img\" aria-label=\"Paralimni: Scooters submarinas\">\n      <span class=\"lkx-pick\">\u2605 Nossa escolha<\/span><\/div>\n    <div class=\"lkx-hero-body\">\n      <div class=\"lkx-title\">Paralimni: Scooters submarinas<\/div>\n      <div class=\"lkx-proof\">\n      <span class=\"lkx-stars\">\u2605\u2605\u2605\u2605\u2605<\/span>\n      <b>4.9<\/b> \u00b7 65 avalia\u00e7\u00f5es\n    <\/div>\n      <div class=\"lkx-hero-bottom\"><div class=\"lkx-price\">a partir de <b>\u20ac\u00a080<\/b><\/div><span class=\"lkx-cta lkx-cta-hero\">Quero viver isso \u2192<\/span>\n      <\/div>\n    <\/div>\n  <\/a><div class=\"lkx-grid\"><a class=\"lkx-card\" href=\"https:\/\/www.getyourguide.com\/pt-br\/distrito-de-nicosia-l2199\/ayia-napa-safari-de-quadriciclo-com-servico-de-busca-no-hotel-t1354238\/?partner_id=MKZ64IS&amp;utm_medium=online_publisher&amp;cmp=chipre-o-que-ver\" target=\"_blank\" rel=\"sponsored noopener nofollow\">\n      <div class=\"lkx-card-img\" style=\"background-image:url('https:\/\/cdn.getyourguide.com\/img\/tour\/75d22d46f5f7137b885f665ef9365d84c71193a28d40207b853d3176dc2c9181.png\/132.jpg')\" role=\"img\" aria-label=\"Ayia Napa: Saf\u00e1ri de Quadriciclo\"><\/div>\n      <div class=\"lkx-card-body\">\n        <div class=\"lkx-title lkx-title-sm\">Ayia Napa: Saf\u00e1ri de Quadriciclo<\/div>\n        <div class=\"lkx-proof lkx-proof-sm\">\n      <span class=\"lkx-stars\">\u2605<\/span>\n      <b>4.8<\/b> \u00b7 153\n    <\/div>\n        <div class=\"lkx-card-bottom\"><span class=\"lkx-price lkx-price-sm\">a partir de <b>\u20ac\u00a075<\/b><\/span><span class=\"lkx-cta lkx-cta-sm\">Ver datas \u2192<\/span>\n        <\/div>\n      <\/div>\n    <\/a><\/div><div class=\"lkx-disclosure\">\ud83d\udd17 Links de afiliados \u2014 n\u00e3o mudam seu pre\u00e7o e nos ajudam a criar conte\u00fado. \u00b7 <a href=\"https:\/\/www.getyourguide.com\/pt-br\/s\/?q=kypr&amp;partner_id=MKZ64IS&amp;utm_medium=online_publisher\" target=\"_blank\" rel=\"sponsored noopener nofollow\">Todas as experi\u00eancias \u2192<\/a><\/div>\n<\/div>\n<!-- LKM_GYG_CARD end -->\n\n\n\n\n<div class=\"lk-stays-module\">\n<style>\n\/* \u2500\u2500\u2500 RESET PRO GUTENBERG \u2500\u2500\u2500 *\/\n.lk-stays-module * { box-sizing: border-box; margin: 0; padding: 0; }\n\n\/* \u2500\u2500\u2500 WRAPPER \u2500\u2500\u2500 *\/\n.lk-stays-module {\n  font-family: 'DM Sans', Georgia, sans-serif;\n  max-width: 100%;\n  margin: 2.5rem auto;\n  background: linear-gradient(135deg, #fdfaf5 0%, #fcf8f0 100%);\n  border: 1px solid #e8dfd4;\n  border-radius: 16px;\n  overflow: hidden;\n  box-shadow: 0 16px 48px rgba(195, 159, 118, 0.25), 0 4px 12px rgba(0,0,0,0.08);\n}\n\n\/* \u2500\u2500\u2500 HEADER \u2500\u2500\u2500 *\/\n.lk-stays-header {\n  position: relative;\n  padding: 24px 36px 24px;\n  background: linear-gradient(135deg, #c39f76 0%, #d4b188 60%, #c39f76 100%);\n  border-bottom: 1px solid rgba(255,255,255,.15);\n  display: flex;\n  align-items: center;\n  gap: 18px;\n}\n.lk-stays-header::before {\n  content: '';\n  position: absolute;\n  inset: 0;\n  background: url(\"data:image\/svg+xml,%3Csvg width='60' height='60' viewBox='0 0 60 60' xmlns='http:\/\/www.w3.org\/2000\/svg'%3E%3Cg fill='none' fill-rule='evenodd'%3E%3Cg fill='%23ffffff' fill-opacity='0.05'%3E%3Cpath d='M36 34v-4h-2v4h-4v2h4v4h2v-4h4v-2h-4zm0-30V0h-2v4h-4v2h4v4h2V6h4V4h-4zM6 34v-4H4v4H0v2h4v4h2v-4h4v-2H6zM6 4V0H4v4H0v2h4v4h2V6h4V4H6z'\/%3E%3C\/g%3E%3C\/g%3E%3C\/svg%3E\") repeat;\n  pointer-events: none;\n}\n.lk-stays-icon {\n  flex-shrink: 0;\n  width: 68px;\n  height: 68px;\n  border-radius: 14px;\n  background: linear-gradient(135deg, #fff 0%, #f9f6f0 100%);\n  display: flex;\n  align-items: center;\n  justify-content: center;\n  font-size: 26px;\n  box-shadow: 0 4px 12px rgba(0,0,0,0.15);\n}\n.lk-stays-eyebrow {\n  font-size: 10px;\n  font-weight: 500;\n  letter-spacing: 2.5px;\n  text-transform: uppercase;\n  color: rgba(255,255,255,.85);\n  margin: 0 0 5px 0;\n}\n.lk-stays-title {\n  font-family: 'Playfair Display', Georgia, serif;\n  font-size: 24px;\n  font-weight: 700;\n  color: #fff;\n  line-height: 1.2;\n  text-shadow: 0 1px 2px rgba(0,0,0,0.1);\n  margin: 0;\n}\n.lk-stays-subtitle {\n  font-size: 13px;\n  color: rgba(255,255,255,.75);\n  margin: 4px 0 0 0;\n  font-weight: 300;\n}\n\n\/* \u2500\u2500\u2500 CARDS GRID \u2500\u2500\u2500 *\/\n.lk-stays-grid {\n  display: grid;\n  grid-template-columns: 1fr 1fr;\n  gap: 1px;\n  background: rgba(195, 159, 118, 0.12);\n}\n\n\/* \u2500\u2500\u2500 SINGLE CARD \u2500\u2500\u2500 *\/\n.lk-stay-card {\n  background: #ffffff;\n  padding: 26px;\n  display: flex;\n  flex-direction: column;\n  gap: 11px;\n  transition: all 0.3s ease;\n  text-decoration: none;\n  color: inherit;\n  position: relative;\n}\n.lk-stay-card:hover {\n  background: #fffbf5;\n  transform: translateY(-2px);\n  box-shadow: 0 8px 24px rgba(195, 159, 118, 0.18);\n  z-index: 1;\n}\n.lk-stay-card.featured {\n  background: linear-gradient(135deg, #fffdf9 0%, #fff9f0 100%);\n  box-shadow: 0 4px 16px rgba(195, 159, 118, 0.15), inset 0 1px 0 rgba(195, 159, 118, 0.1);\n}\n.lk-stay-card.featured:hover {\n  background: linear-gradient(135deg, #fffbf5 0%, #fff8ed 100%);\n  box-shadow: 0 8px 24px rgba(195, 159, 118, 0.25), inset 0 1px 0 rgba(195, 159, 118, 0.15);\n}\n\n.lk-stay-badge {\n  display: inline-flex;\n  align-items: center;\n  gap: 5px;\n  font-size: 10px;\n  font-weight: 500;\n  letter-spacing: 1.5px;\n  text-transform: uppercase;\n  padding: 5px 11px;\n  border-radius: 20px;\n  width: fit-content;\n}\n.badge-top     { background: linear-gradient(135deg, #c39f76 0%, #d4b188 100%); color: #fff; border: 1px solid #c39f76; font-weight: 600; box-shadow: 0 2px 8px rgba(195,159,118,0.3); }\n.badge-luxury  { background: rgba(195,159,118,.12); color: #c39f76; border: 1px solid rgba(195,159,118,.25); }\n.badge-boutique{ background: rgba(54,133,252,.08); color: #3685fc; border: 1px solid rgba(54,133,252,.2); }\n.badge-nature  { background: rgba(130,190,100,.1); color: #6b9c4a; border: 1px solid rgba(130,190,100,.2); }\n.badge-remote  { background: rgba(195,159,118,.12); color: #a67e50; border: 1px solid rgba(195,159,118,.25); }\n\n.lk-stay-name {\n  font-family: 'Playfair Display', Georgia, serif;\n  font-size: 18px;\n  font-weight: 700;\n  color: #111827;\n  line-height: 1.3;\n}\n.lk-stay-desc {\n  font-size: 13.5px;\n  color: #525252;\n  line-height: 1.65;\n  font-weight: 300;\n  flex: 1;\n}\n\n.lk-stay-meta {\n  display: flex;\n  align-items: center;\n  gap: 12px;\n  flex-wrap: wrap;\n  margin-top: 4px;\n}\n.lk-stay-price {\n  font-size: 13px;\n  color: #6b7280;\n}\n.lk-stay-price strong {\n  color: #c39f76;\n  font-weight: 500;\n}\n.lk-stay-stars {\n  color: #c39f76;\n  font-size: 11px;\n  letter-spacing: 1px;\n}\n\n\/* \u2500\u2500\u2500 CTA BUTTON \u2500\u2500\u2500 *\/\n.lk-stay-cta {\n  display: inline-flex;\n  align-items: center;\n  justify-content: center;\n  gap: 7px;\n  margin-top: 8px;\n  padding: 11px 20px;\n  border-radius: 8px;\n  background: linear-gradient(135deg, #3685fc 0%, #2a6fd9 100%);\n  color: #fff;\n  font-size: 13px;\n  font-weight: 500;\n  text-decoration: none;\n  letter-spacing: .3px;\n  transition: all .2s ease;\n  cursor: pointer;\n  border: none;\n  text-align: center;\n  box-shadow: 0 4px 12px rgba(54, 133, 252, 0.25);\n}\n.lk-stay-cta:hover {\n  background: linear-gradient(135deg, #2a6fd9 0%, #1e5bc4 100%);\n  transform: translateY(-1px);\n  box-shadow: 0 6px 16px rgba(54, 133, 252, 0.35);\n}\n.lk-stay-cta svg { flex-shrink: 0; }\n\n\/* \u2500\u2500\u2500 FOOTER \u2500\u2500\u2500 *\/\n.lk-stays-footer {\n  padding: 18px 36px;\n  background: linear-gradient(to bottom, #fdfaf5 0%, #f9f4ed 100%);\n  border-top: 1px solid rgba(195, 159, 118, 0.15);\n  display: flex;\n  align-items: center;\n  justify-content: space-between;\n  flex-wrap: wrap;\n  gap: 12px;\n}\n.lk-stays-footer-note {\n  font-size: 11.5px;\n  color: #6b7280;\n  font-weight: 300;\n  line-height: 1.5;\n}\n.lk-stays-footer-note a {\n  color: #c39f76;\n  text-decoration: none;\n  font-weight: 400;\n}\n.lk-stays-footer-note a:hover {\n  text-decoration: underline;\n}\n.lk-stays-all-btn {\n  display: inline-flex;\n  align-items: center;\n  gap: 6px;\n  font-size: 12.5px;\n  font-weight: 500;\n  color: #c39f76;\n  text-decoration: none;\n  border: 1px solid rgba(195, 159, 118, 0.35);\n  padding: 8px 18px;\n  border-radius: 8px;\n  transition: all .2s ease;\n}\n.lk-stays-all-btn:hover {\n  background: rgba(195, 159, 118, 0.08);\n  border-color: rgba(195, 159, 118, 0.5);\n}\n\n\/* \u2500\u2500\u2500 RESPONSIVE \u2500\u2500\u2500 *\/\n@media (max-width: 600px) {\n  .lk-stays-grid { grid-template-columns: 1fr; }\n  .lk-stays-header { padding: 24px 20px; }\n  .lk-stays-footer { padding: 16px 20px; }\n  .lk-stay-card { padding: 22px; }\n  .lk-stays-title { font-size: 20px; }\n}\n<\/style>\n\n  <!-- HEADER -->\n  <div class=\"lk-stays-header\">\n    <img decoding=\"async\" src=\"https:\/\/loudavymkrokem.cz\/wp-content\/uploads\/2026\/02\/lukas-a-lucka.jpg\" alt=\"\" style=\"width: 75px; height: 75px; border-radius: 8px; flex-shrink: 0; object-fit: cover; display: block; margin: 4px 0;\" title=\"\">\n    <div class=\"lk-stays-header-text\">\n      <div class=\"lk-stays-eyebrow\">Luk\u00e1\u0161 e Lucie recomendam<\/div>\n      <div class=\"lk-stays-title\">Onde se hospedar em Chipre<\/div>\n      <div class=\"lk-stays-subtitle\">6 acomoda\u00e7\u00f5es \u2014 resorts, hot\u00e9is e outras op\u00e7\u00f5es de hospedagem<\/div>\n    <\/div>\n  <\/div>\n\n  <!-- CARDS -->\n  <div class=\"lk-stays-grid\">\n\n    <a class=\"lk-stay-card featured\" href=\"https:\/\/www.stay22.com\/allez\/roam?aid=lukaskonecny&#038;campaign=loudavymkrokemcz&#038;campaign=pt-br&#038;campaign=dovolena-kypr&#038;hotelname=Almyra%20Hotel&#038;address=Paphos%2C%20Kypr\" target=\"_blank\" rel=\"nofollow noopener\">\n      <span class=\"lk-stay-badge badge-top\">\u2b50 MELHOR ESCOLHA<\/span>\n      <span class=\"lk-stay-badge badge-nature\">\ud83c\udfe8 Hotel<\/span>\n      <div class=\"lk-stay-name\">Almyra Hotel<\/div>\n      <div class=\"lk-stay-desc\">Lindo hotel design \u00e0 beira-mar, popular entre casais em busca de romance e servi\u00e7os de primeira classe.<\/div>\n      <div class=\"lk-stay-meta\">\n        <span class=\"lk-stay-stars\">\u2605\u2605\u2605\u2605<\/span>\n        <span class=\"lk-stay-price\">Verificar pre\u00e7os<\/span>\n      <\/div>\n      <span class=\"lk-stay-cta\">\n        <svg width=\"14\" height=\"14\" viewBox=\"0 0 24 24\" fill=\"none\" stroke=\"currentColor\" stroke-width=\"2\"><path d=\"M18 13v6a2 2 0 0 1-2 2H5a2 2 0 0 1-2-2V8a2 2 0 0 1 2-2h6\"\/><polyline points=\"15 3 21 3 21 9\"\/><line x1=\"10\" y1=\"14\" x2=\"21\" y2=\"3\"\/><\/svg>\n        Verificar disponibilidade\n      <\/span>\n    <\/a>\n\n    <a class=\"lk-stay-card\" href=\"https:\/\/www.stay22.com\/allez\/roam?aid=lukaskonecny&#038;campaign=loudavymkrokemcz&#038;campaign=pt-br&#038;campaign=dovolena-kypr&#038;hotelname=Elysium%20Hotel&#038;address=Paphos%2C%20Kypr\" target=\"_blank\" rel=\"nofollow noopener\">\n      <span class=\"lk-stay-badge badge-nature\">\u2b50 Luxury<\/span>\n      <div class=\"lk-stay-name\">Elysium Hotel<\/div>\n      <div class=\"lk-stay-desc\">Resort de luxo constru\u00eddo ao lado das Tumbas Reais, onde voc\u00ea se sentir\u00e1 em um verdadeiro pal\u00e1cio.<\/div>\n      <div class=\"lk-stay-meta\">\n        <span class=\"lk-stay-stars\">\u2605\u2605\u2605\u2605<\/span>\n        <span class=\"lk-stay-price\">Verificar pre\u00e7os<\/span>\n      <\/div>\n      <span class=\"lk-stay-cta\">\n        <svg width=\"14\" height=\"14\" viewBox=\"0 0 24 24\" fill=\"none\" stroke=\"currentColor\" stroke-width=\"2\"><path d=\"M18 13v6a2 2 0 0 1-2 2H5a2 2 0 0 1-2-2V8a2 2 0 0 1 2-2h6\"\/><polyline points=\"15 3 21 3 21 9\"\/><line x1=\"10\" y1=\"14\" x2=\"21\" y2=\"3\"\/><\/svg>\n        Verificar disponibilidade\n      <\/span>\n    <\/a>\n\n    <a class=\"lk-stay-card\" href=\"https:\/\/www.stay22.com\/allez\/roam?aid=lukaskonecny&#038;campaign=loudavymkrokemcz&#038;campaign=pt-br&#038;campaign=dovolena-kypr&#038;hotelname=Olympic%20Lagoon%20Resort%20Paphos&#038;address=Paphos%2C%20Kypr\" target=\"_blank\" rel=\"nofollow noopener\">\n      <span class=\"lk-stay-badge badge-nature\">\ud83c\udf32 Resort<\/span>\n      <div class=\"lk-stay-name\">Olympic Lagoon Resort Paphos<\/div>\n      <div class=\"lk-stay-desc\">Enorme complexo com programa all inclusive, perfeito para fam\u00edlias com crian\u00e7as.<\/div>\n      <div class=\"lk-stay-meta\">\n        <span class=\"lk-stay-stars\">\u2605\u2605\u2605\u2605<\/span>\n        <span class=\"lk-stay-price\">Verificar pre\u00e7os<\/span>\n      <\/div>\n      <span class=\"lk-stay-cta\">\n        <svg width=\"14\" height=\"14\" viewBox=\"0 0 24 24\" fill=\"none\" stroke=\"currentColor\" stroke-width=\"2\"><path d=\"M18 13v6a2 2 0 0 1-2 2H5a2 2 0 0 1-2-2V8a2 2 0 0 1 2-2h6\"\/><polyline points=\"15 3 21 3 21 9\"\/><line x1=\"10\" y1=\"14\" x2=\"21\" y2=\"3\"\/><\/svg>\n        Verificar disponibilidade\n      <\/span>\n    <\/a>\n\n    <a class=\"lk-stay-card\" href=\"https:\/\/www.stay22.com\/allez\/roam?aid=lukaskonecny&#038;campaign=loudavymkrokemcz&#038;campaign=pt-br&#038;campaign=dovolena-kypr&#038;hotelname=Nissiblu%20Beach%20Resort&#038;address=Ayia%20Napa%2C%20Kypr\" target=\"_blank\" rel=\"nofollow noopener\">\n      <span class=\"lk-stay-badge badge-nature\">\ud83c\udfd6\ufe0f Beach<\/span>\n      <div class=\"lk-stay-name\">Nissiblu Beach Resort<\/div>\n      <div class=\"lk-stay-desc\">Hotel cinco estrelas moderno em frente \u00e0 famosa praia Nissi Beach, a poucos passos da \u00e1gua.<\/div>\n      <div class=\"lk-stay-meta\">\n        <span class=\"lk-stay-stars\">\u2605\u2605\u2605\u2605\u2605<\/span>\n        <span class=\"lk-stay-price\">Verificar pre\u00e7os<\/span>\n      <\/div>\n      <span class=\"lk-stay-cta\">\n        <svg width=\"14\" height=\"14\" viewBox=\"0 0 24 24\" fill=\"none\" stroke=\"currentColor\" stroke-width=\"2\"><path d=\"M18 13v6a2 2 0 0 1-2 2H5a2 2 0 0 1-2-2V8a2 2 0 0 1 2-2h6\"\/><polyline points=\"15 3 21 3 21 9\"\/><line x1=\"10\" y1=\"14\" x2=\"21\" y2=\"3\"\/><\/svg>\n        Verificar disponibilidade\n      <\/span>\n    <\/a>\n\n    <a class=\"lk-stay-card\" href=\"https:\/\/www.stay22.com\/allez\/roam?aid=lukaskonecny&#038;campaign=loudavymkrokemcz&#038;campaign=pt-br&#038;campaign=dovolena-kypr&#038;hotelname=Adams%20Beach%20Hotel%20%26%20Spa&#038;address=Ayia%20Napa%2C%20Kypr\" target=\"_blank\" rel=\"nofollow noopener\">\n      <span class=\"lk-stay-badge badge-nature\">\ud83c\udf32 Resort<\/span>\n      <div class=\"lk-stay-name\">Adams Beach Hotel &#038; Spa<\/div>\n      <div class=\"lk-stay-desc\">Resort amplo com sua pr\u00f3pria praia privativa, ref\u00fagio ideal para fugir das multid\u00f5es de ver\u00e3o.<\/div>\n      <div class=\"lk-stay-meta\">\n        <span class=\"lk-stay-stars\">\u2605\u2605\u2605\u2605<\/span>\n        <span class=\"lk-stay-price\">Verificar pre\u00e7os<\/span>\n      <\/div>\n      <span class=\"lk-stay-cta\">\n        <svg width=\"14\" height=\"14\" viewBox=\"0 0 24 24\" fill=\"none\" stroke=\"currentColor\" stroke-width=\"2\"><path d=\"M18 13v6a2 2 0 0 1-2 2H5a2 2 0 0 1-2-2V8a2 2 0 0 1 2-2h6\"\/><polyline points=\"15 3 21 3 21 9\"\/><line x1=\"10\" y1=\"14\" x2=\"21\" y2=\"3\"\/><\/svg>\n        Verificar disponibilidade\n      <\/span>\n    <\/a>\n\n    <a class=\"lk-stay-card\" href=\"https:\/\/www.stay22.com\/allez\/roam?aid=lukaskonecny&#038;campaign=loudavymkrokemcz&#038;campaign=pt-br&#038;campaign=dovolena-kypr&#038;hotelname=Parklane%2C%20a%20Luxury%20Collection%20Resort%20%26%20Spa&#038;address=Limassol%2C%20Kypr\" target=\"_blank\" rel=\"nofollow noopener\">\n      <span class=\"lk-stay-badge badge-nature\">\u2b50 Luxury<\/span>\n      <div class=\"lk-stay-name\">Parklane, a Luxury Collection Resort &#038; Spa<\/div>\n      <div class=\"lk-stay-desc\">Resort elegante de alto padr\u00e3o com linda lagoa para os h\u00f3spedes mais exigentes.<\/div>\n      <div class=\"lk-stay-meta\">\n        <span class=\"lk-stay-stars\">\u2605\u2605\u2605\u2605<\/span>\n        <span class=\"lk-stay-price\">Verificar pre\u00e7os<\/span>\n      <\/div>\n      <span class=\"lk-stay-cta\">\n        <svg width=\"14\" height=\"14\" viewBox=\"0 0 24 24\" fill=\"none\" stroke=\"currentColor\" stroke-width=\"2\"><path d=\"M18 13v6a2 2 0 0 1-2 2H5a2 2 0 0 1-2-2V8a2 2 0 0 1 2-2h6\"\/><polyline points=\"15 3 21 3 21 9\"\/><line x1=\"10\" y1=\"14\" x2=\"21\" y2=\"3\"\/><\/svg>\n        Verificar disponibilidade\n      <\/span>\n    <\/a>\n\n  <\/div>\n\n  \n<\/div>\n\n\n\n\n<h3 id=\"15_Protaras_a_Fig_Tree_Bay\" class=\"wp-block-heading\"><span class=\"ez-toc-section\" id=\"15_Protaras_e_Fig_Tree_Bay\"><\/span>15. Protaras e Fig Tree Bay<span class=\"ez-toc-section-end\"><\/span><\/h3>\n\n\n\n<p class=\"wp-block-paragraph\">Protaras \u00e9 um querido balne\u00e1rio familiar na costa leste que, em compara\u00e7\u00e3o com a vizinha e barulhenta Ayia Napa, \u00e9 muito mais tranquilo e relaxado no geral. Sua maior joia \u00e9 a incr\u00edvel praia Fig Tree Bay, batizada em homenagem \u00e0s velhas figueiras, com uma enseada lindamente rasa e areia perfeitamente dourada. A cerca de cem metros da praia se ergue uma pequena ilhota rochosa, at\u00e9 a qual voc\u00ea pode <strong>nadar facilmente e fazer snorkel sem pressa<\/strong> ali por perto.<\/p>\n\n\n\n<figure data-wp-context=\"{&quot;imageId&quot;:&quot;6a9944f733776&quot;}\" data-wp-interactive=\"core\/image\" data-wp-key=\"6a9944f733776\" class=\"wp-block-image size-full wp-lightbox-container\"><img decoding=\"async\" width=\"1500\" height=\"1124\" data-wp-class--hide=\"state.isContentHidden\" data-wp-class--show=\"state.isContentVisible\" data-wp-init=\"callbacks.setButtonStyles\" data-wp-on--click=\"actions.showLightbox\" data-wp-on--load=\"callbacks.setButtonStyles\" data-wp-on--pointerdown=\"actions.preloadImage\" data-wp-on--pointerenter=\"actions.preloadImageWithDelay\" data-wp-on--pointerleave=\"actions.cancelPreload\" data-wp-on-window--resize=\"callbacks.setButtonStyles\" src=\"https:\/\/loudavymkrokem.cz\/wp-content\/uploads\/2026\/08\/dovolena-kypr-t15.jpg\" alt=\"Enseada Fig Tree Bay em Protaras\" class=\"wp-image-399898\" title=\"\" srcset=\"https:\/\/loudavymkrokem.cz\/wp-content\/uploads\/2026\/08\/dovolena-kypr-t15.jpg 1500w, https:\/\/loudavymkrokem.cz\/wp-content\/uploads\/2026\/08\/dovolena-kypr-t15-300x225.jpg 300w, https:\/\/loudavymkrokem.cz\/wp-content\/uploads\/2026\/08\/dovolena-kypr-t15-700x525.jpg 700w, https:\/\/loudavymkrokem.cz\/wp-content\/uploads\/2026\/08\/dovolena-kypr-t15-768x575.jpg 768w, https:\/\/loudavymkrokem.cz\/wp-content\/uploads\/2026\/08\/dovolena-kypr-t15-80x60.jpg 80w, https:\/\/loudavymkrokem.cz\/wp-content\/uploads\/2026\/08\/dovolena-kypr-t15-160x120.jpg 160w, https:\/\/loudavymkrokem.cz\/wp-content\/uploads\/2026\/08\/dovolena-kypr-t15-696x522.jpg 696w, https:\/\/loudavymkrokem.cz\/wp-content\/uploads\/2026\/08\/dovolena-kypr-t15-1392x1043.jpg 1392w\" sizes=\"(max-width: 1500px) 100vw, 1500px\" \/><button\n\t\t\tclass=\"lightbox-trigger\"\n\t\t\ttype=\"button\"\n\t\t\taria-haspopup=\"dialog\"\n\t\t\tdata-wp-bind--aria-label=\"state.thisImage.triggerButtonAriaLabel\"\n\t\t\tdata-wp-init=\"callbacks.initTriggerButton\"\n\t\t\tdata-wp-on--click=\"actions.showLightbox\"\n\t\t\tdata-wp-style--right=\"state.thisImage.buttonRight\"\n\t\t\tdata-wp-style--top=\"state.thisImage.buttonTop\"\n\t\t>\n\t\t\t<svg xmlns=\"http:\/\/www.w3.org\/2000\/svg\" width=\"12\" height=\"12\" fill=\"none\" viewBox=\"0 0 12 12\">\n\t\t\t\t<path fill=\"#fff\" d=\"M2 0a2 2 0 0 0-2 2v2h1.5V2a.5.5 0 0 1 .5-.5h2V0H2Zm2 10.5H2a.5.5 0 0 1-.5-.5V8H0v2a2 2 0 0 0 2 2h2v-1.5ZM8 12v-1.5h2a.5.5 0 0 0 .5-.5V8H12v2a2 2 0 0 1-2 2H8Zm2-12a2 2 0 0 1 2 2v2h-1.5V2a.5.5 0 0 0-.5-.5H8V0h2Z\" \/>\n\t\t\t<\/svg>\n\t\t<\/button><figcaption class=\"wp-element-caption\">Enseada Fig Tree Bay em Protaras (Foto: Gerda Arendt \/ Wikimedia Commons, CC0)<\/figcaption><\/figure>\n\n\n\n<p class=\"wp-block-paragraph\">Acima de todo o balne\u00e1rio, numa colina rochosa \u00edngreme, destaca-se a pitoresca capelinha de Profitis Ilias, at\u00e9 onde leva uma escadaria bem longa e \u00edngreme. A subida d\u00e1 um pouco de trabalho nos dias quentes de ver\u00e3o, mas a <strong>vista panor\u00e2mica de todo o litoral e do mar reluzente<\/strong> compensa totalmente o esfor\u00e7o f\u00edsico. Os locais recomendam ir at\u00e9 l\u00e1 ao entardecer, quando a luz \u00e9 mais suave e as \u00e1rvores em volta da capelinha ficam romanticamente enfeitadas com centenas de fitas de desejos.<\/p>\n\n\n\n<h3 id=\"16_Ayia_Napa_Sculpture_Park_a_Cape_Greco_stezky\" class=\"wp-block-heading\"><span class=\"ez-toc-section\" id=\"16_Ayia_Napa_Sculpture_Park_e_as_trilhas_do_Cabo_Greco\"><\/span>16. Ayia Napa Sculpture Park e as trilhas do Cabo Greco<span class=\"ez-toc-section-end\"><\/span><\/h3>\n\n\n\n<p class=\"wp-block-paragraph\">O Ayia Napa Sculpture Park \u00e9 uma galeria ao ar livre \u00fanica, situada numa encosta suave de onde se abre uma vista fant\u00e1stica para o azul do mar. Voc\u00ea encontra ali dezenas de esculturas modernas e instala\u00e7\u00f5es interessantes de artistas do mundo todo, que <strong>contrastam lindamente com a paisagem \u00e1rida e pedregosa<\/strong> e os arbustos baixos. Logo ao lado h\u00e1 ainda um parque cuidado de cactos e suculentas, ent\u00e3o a uni\u00e3o entre arte e essa flora curiosa cria um ambiente muito fotog\u00eanico.<\/p>\n\n\n\n<figure data-wp-context=\"{&quot;imageId&quot;:&quot;6a9944f733f73&quot;}\" data-wp-interactive=\"core\/image\" data-wp-key=\"6a9944f733f73\" class=\"wp-block-image size-full wp-lightbox-container\"><img decoding=\"async\" width=\"1500\" height=\"843\" data-wp-class--hide=\"state.isContentHidden\" data-wp-class--show=\"state.isContentVisible\" data-wp-init=\"callbacks.setButtonStyles\" data-wp-on--click=\"actions.showLightbox\" data-wp-on--load=\"callbacks.setButtonStyles\" data-wp-on--pointerdown=\"actions.preloadImage\" data-wp-on--pointerenter=\"actions.preloadImageWithDelay\" data-wp-on--pointerleave=\"actions.cancelPreload\" data-wp-on-window--resize=\"callbacks.setButtonStyles\" src=\"https:\/\/loudavymkrokem.cz\/wp-content\/uploads\/2026\/08\/dovolena-kypr-t16.jpg\" alt=\"Parque de esculturas sobre o mar em Ayia Napa\" class=\"wp-image-399902\" title=\"\" srcset=\"https:\/\/loudavymkrokem.cz\/wp-content\/uploads\/2026\/08\/dovolena-kypr-t16.jpg 1500w, https:\/\/loudavymkrokem.cz\/wp-content\/uploads\/2026\/08\/dovolena-kypr-t16-300x169.jpg 300w, https:\/\/loudavymkrokem.cz\/wp-content\/uploads\/2026\/08\/dovolena-kypr-t16-700x393.jpg 700w, https:\/\/loudavymkrokem.cz\/wp-content\/uploads\/2026\/08\/dovolena-kypr-t16-768x432.jpg 768w, https:\/\/loudavymkrokem.cz\/wp-content\/uploads\/2026\/08\/dovolena-kypr-t16-696x391.jpg 696w, https:\/\/loudavymkrokem.cz\/wp-content\/uploads\/2026\/08\/dovolena-kypr-t16-1392x782.jpg 1392w\" sizes=\"(max-width: 1500px) 100vw, 1500px\" \/><button\n\t\t\tclass=\"lightbox-trigger\"\n\t\t\ttype=\"button\"\n\t\t\taria-haspopup=\"dialog\"\n\t\t\tdata-wp-bind--aria-label=\"state.thisImage.triggerButtonAriaLabel\"\n\t\t\tdata-wp-init=\"callbacks.initTriggerButton\"\n\t\t\tdata-wp-on--click=\"actions.showLightbox\"\n\t\t\tdata-wp-style--right=\"state.thisImage.buttonRight\"\n\t\t\tdata-wp-style--top=\"state.thisImage.buttonTop\"\n\t\t>\n\t\t\t<svg xmlns=\"http:\/\/www.w3.org\/2000\/svg\" width=\"12\" height=\"12\" fill=\"none\" viewBox=\"0 0 12 12\">\n\t\t\t\t<path fill=\"#fff\" d=\"M2 0a2 2 0 0 0-2 2v2h1.5V2a.5.5 0 0 1 .5-.5h2V0H2Zm2 10.5H2a.5.5 0 0 1-.5-.5V8H0v2a2 2 0 0 0 2 2h2v-1.5ZM8 12v-1.5h2a.5.5 0 0 0 .5-.5V8H12v2a2 2 0 0 1-2 2H8Zm2-12a2 2 0 0 1 2 2v2h-1.5V2a.5.5 0 0 0-.5-.5H8V0h2Z\" \/>\n\t\t\t<\/svg>\n\t\t<\/button><figcaption class=\"wp-element-caption\">Parque de esculturas sobre o mar em Ayia Napa (Foto: Qasinka \/ Wikimedia Commons, CC0)<\/figcaption><\/figure>\n\n\n\n<p class=\"wp-block-paragraph\">Do parque saem trilhas litor\u00e2neas bem cuidadas, que levam voc\u00ea confortavelmente at\u00e9 o parque nacional do Cabo Greco. A entrada nesse enorme museu de esculturas a c\u00e9u aberto \u00e9 totalmente gratuita e o local n\u00e3o tem hor\u00e1rio de funcionamento restrito. A melhor experi\u00eancia com a arte voc\u00ea tem <strong>visitando o parque pouco antes do p\u00f4r do sol<\/strong>, quando as esculturas de pedra e metal projetam longas sombras.<\/p>\n\n\n\n<h3 id=\"17_Vodni_park_WaterWorld_v_Ayia_Nape\" class=\"wp-block-heading\"><span class=\"ez-toc-section\" id=\"17_Parque_aquatico_WaterWorld_em_Ayia_Napa\"><\/span>17. Parque aqu\u00e1tico WaterWorld em Ayia Napa<span class=\"ez-toc-section-end\"><\/span><\/h3>\n\n\n\n<p class=\"wp-block-paragraph\">O parque aqu\u00e1tico WaterWorld, em Ayia Napa, est\u00e1 h\u00e1 muito tempo entre os maiores e mais bem avaliados parques aqu\u00e1ticos de toda a Europa. Todo o extenso complexo tem uma tem\u00e1tica bem divertida da Gr\u00e9cia Antiga, ent\u00e3o voc\u00ea pode curtir tobo\u00e1guas com nomes de deuses, colunas imponentes e piscinas estilizadas como banhos romanos. Voc\u00ea encontra ali <strong>de tudo, dos escorregas de adrenalina em queda livre at\u00e9 uma piscina de ondas gigante<\/strong> e um longo rio lento, onde voc\u00ea descansa numa boia infl\u00e1vel.<\/p>\n\n\n\n<figure data-wp-context=\"{&quot;imageId&quot;:&quot;6a9944f73461e&quot;}\" data-wp-interactive=\"core\/image\" data-wp-key=\"6a9944f73461e\" class=\"wp-block-image size-full wp-lightbox-container\"><img decoding=\"async\" width=\"1500\" height=\"1125\" data-wp-class--hide=\"state.isContentHidden\" data-wp-class--show=\"state.isContentVisible\" data-wp-init=\"callbacks.setButtonStyles\" data-wp-on--click=\"actions.showLightbox\" data-wp-on--load=\"callbacks.setButtonStyles\" data-wp-on--pointerdown=\"actions.preloadImage\" data-wp-on--pointerenter=\"actions.preloadImageWithDelay\" data-wp-on--pointerleave=\"actions.cancelPreload\" data-wp-on-window--resize=\"callbacks.setButtonStyles\" src=\"https:\/\/loudavymkrokem.cz\/wp-content\/uploads\/2026\/08\/dovolena-kypr-t17.jpg\" alt=\"Parque aqu\u00e1tico em Ayia Napa\" class=\"wp-image-399905\" title=\"\" srcset=\"https:\/\/loudavymkrokem.cz\/wp-content\/uploads\/2026\/08\/dovolena-kypr-t17.jpg 1500w, https:\/\/loudavymkrokem.cz\/wp-content\/uploads\/2026\/08\/dovolena-kypr-t17-300x225.jpg 300w, https:\/\/loudavymkrokem.cz\/wp-content\/uploads\/2026\/08\/dovolena-kypr-t17-700x525.jpg 700w, https:\/\/loudavymkrokem.cz\/wp-content\/uploads\/2026\/08\/dovolena-kypr-t17-768x576.jpg 768w, https:\/\/loudavymkrokem.cz\/wp-content\/uploads\/2026\/08\/dovolena-kypr-t17-80x60.jpg 80w, https:\/\/loudavymkrokem.cz\/wp-content\/uploads\/2026\/08\/dovolena-kypr-t17-160x120.jpg 160w, https:\/\/loudavymkrokem.cz\/wp-content\/uploads\/2026\/08\/dovolena-kypr-t17-696x522.jpg 696w, https:\/\/loudavymkrokem.cz\/wp-content\/uploads\/2026\/08\/dovolena-kypr-t17-1392x1044.jpg 1392w\" sizes=\"(max-width: 1500px) 100vw, 1500px\" \/><button\n\t\t\tclass=\"lightbox-trigger\"\n\t\t\ttype=\"button\"\n\t\t\taria-haspopup=\"dialog\"\n\t\t\tdata-wp-bind--aria-label=\"state.thisImage.triggerButtonAriaLabel\"\n\t\t\tdata-wp-init=\"callbacks.initTriggerButton\"\n\t\t\tdata-wp-on--click=\"actions.showLightbox\"\n\t\t\tdata-wp-style--right=\"state.thisImage.buttonRight\"\n\t\t\tdata-wp-style--top=\"state.thisImage.buttonTop\"\n\t\t>\n\t\t\t<svg xmlns=\"http:\/\/www.w3.org\/2000\/svg\" width=\"12\" height=\"12\" fill=\"none\" viewBox=\"0 0 12 12\">\n\t\t\t\t<path fill=\"#fff\" d=\"M2 0a2 2 0 0 0-2 2v2h1.5V2a.5.5 0 0 1 .5-.5h2V0H2Zm2 10.5H2a.5.5 0 0 1-.5-.5V8H0v2a2 2 0 0 0 2 2h2v-1.5ZM8 12v-1.5h2a.5.5 0 0 0 .5-.5V8H12v2a2 2 0 0 1-2 2H8Zm2-12a2 2 0 0 1 2 2v2h-1.5V2a.5.5 0 0 0-.5-.5H8V0h2Z\" \/>\n\t\t\t<\/svg>\n\t\t<\/button><figcaption class=\"wp-element-caption\">Parque aqu\u00e1tico em Ayia Napa (Foto: Vsatinet \/ Wikimedia Commons, CC BY-SA 4.0)<\/figcaption><\/figure>\n\n\n\n<p class=\"wp-block-paragraph\">Segundo as avalia\u00e7\u00f5es de viajantes, \u00e9 um lugar fant\u00e1stico para fam\u00edlias com crian\u00e7as, mas tamb\u00e9m os adultos que gostam de um pouco de adrenalina aqu\u00e1tica se divertem muito. D\u00e1 para passar tranquilamente um dia inteiro no parque, j\u00e1 que ele oferece muitos bons restaurantes, cantinhos com sombra para descansar e espregui\u00e7adeiras gratuitas. Os ingressos <strong>vale muito a pena comprar online com anteced\u00eancia<\/strong>, porque saem um pouco mais baratos e voc\u00ea evita filas cansativas nas bilheterias.<\/p>\n\n\n\n<h3 id=\"18_Vesnice_Troodosu_Omodos_Lefkara_a_Kakopetria\" class=\"wp-block-heading\"><span class=\"ez-toc-section\" id=\"18_Vilarejos_de_Troodos_Omodos_Lefkara_e_Kakopetria\"><\/span>18. Vilarejos de Troodos: Omodos, Lefkara e Kakopetria<span class=\"ez-toc-section-end\"><\/span><\/h3>\n\n\n\n<p class=\"wp-block-paragraph\">Os vilarejos de Troodos representam um Chipre totalmente diferente daquele que voc\u00ea conhece do litoral quente, cheio de complexos hoteleiros e guarda-s\u00f3is. Esses pitorescos vilarejos de pedra ficam bem no alto, entre as colinas verdes, com vielas estreitas, casas de telhados vermelhos e uma tranquilidade incr\u00edvel. Vale a visita, com certeza, ao vilarejo de Lefkara, <strong>famoso no mundo todo por suas rendas tradicionais<\/strong> e pela ourivesaria de prata, ou \u00e0 hist\u00f3rica Kakopetria, com casas antigas preservadas ao longo de um riacho de montanha.<\/p>\n\n\n\n<figure data-wp-context=\"{&quot;imageId&quot;:&quot;6a9944f734cf4&quot;}\" data-wp-interactive=\"core\/image\" data-wp-key=\"6a9944f734cf4\" class=\"wp-block-image size-full wp-lightbox-container\"><img decoding=\"async\" width=\"1500\" height=\"1000\" data-wp-class--hide=\"state.isContentHidden\" data-wp-class--show=\"state.isContentVisible\" data-wp-init=\"callbacks.setButtonStyles\" data-wp-on--click=\"actions.showLightbox\" data-wp-on--load=\"callbacks.setButtonStyles\" data-wp-on--pointerdown=\"actions.preloadImage\" data-wp-on--pointerenter=\"actions.preloadImageWithDelay\" data-wp-on--pointerleave=\"actions.cancelPreload\" data-wp-on-window--resize=\"callbacks.setButtonStyles\" src=\"https:\/\/loudavymkrokem.cz\/wp-content\/uploads\/2026\/08\/dovolena-kypr-t18.jpg\" alt=\"Vilarejo de montanha na cordilheira Troodos\" class=\"wp-image-399910\" title=\"\" srcset=\"https:\/\/loudavymkrokem.cz\/wp-content\/uploads\/2026\/08\/dovolena-kypr-t18.jpg 1500w, https:\/\/loudavymkrokem.cz\/wp-content\/uploads\/2026\/08\/dovolena-kypr-t18-300x200.jpg 300w, https:\/\/loudavymkrokem.cz\/wp-content\/uploads\/2026\/08\/dovolena-kypr-t18-700x467.jpg 700w, https:\/\/loudavymkrokem.cz\/wp-content\/uploads\/2026\/08\/dovolena-kypr-t18-768x512.jpg 768w, https:\/\/loudavymkrokem.cz\/wp-content\/uploads\/2026\/08\/dovolena-kypr-t18-696x464.jpg 696w, https:\/\/loudavymkrokem.cz\/wp-content\/uploads\/2026\/08\/dovolena-kypr-t18-1392x928.jpg 1392w\" sizes=\"(max-width: 1500px) 100vw, 1500px\" \/><button\n\t\t\tclass=\"lightbox-trigger\"\n\t\t\ttype=\"button\"\n\t\t\taria-haspopup=\"dialog\"\n\t\t\tdata-wp-bind--aria-label=\"state.thisImage.triggerButtonAriaLabel\"\n\t\t\tdata-wp-init=\"callbacks.initTriggerButton\"\n\t\t\tdata-wp-on--click=\"actions.showLightbox\"\n\t\t\tdata-wp-style--right=\"state.thisImage.buttonRight\"\n\t\t\tdata-wp-style--top=\"state.thisImage.buttonTop\"\n\t\t>\n\t\t\t<svg xmlns=\"http:\/\/www.w3.org\/2000\/svg\" width=\"12\" height=\"12\" fill=\"none\" viewBox=\"0 0 12 12\">\n\t\t\t\t<path fill=\"#fff\" d=\"M2 0a2 2 0 0 0-2 2v2h1.5V2a.5.5 0 0 1 .5-.5h2V0H2Zm2 10.5H2a.5.5 0 0 1-.5-.5V8H0v2a2 2 0 0 0 2 2h2v-1.5ZM8 12v-1.5h2a.5.5 0 0 0 .5-.5V8H12v2a2 2 0 0 1-2 2H8Zm2-12a2 2 0 0 1 2 2v2h-1.5V2a.5.5 0 0 0-.5-.5H8V0h2Z\" \/>\n\t\t\t<\/svg>\n\t\t<\/button><figcaption class=\"wp-element-caption\">Vilarejo de montanha na cordilheira Troodos (Foto: Hagai Agmon-Snir \u062d\u0686\u0627\u064a \u0627\u0686\u0645\u0648\u0646-\u0633\u0646\u064a\u0631 \u05d7\u05d2\u05d9 \u05d0\u05d2\u05de\u05d5\u05df-\u05e9\u05e0\u05d9\u05e8 \/ Wikimedia Commons, CC BY-SA 4.0)<\/figcaption><\/figure>\n\n\n\n<p class=\"wp-block-paragraph\">Tamb\u00e9m n\u00e3o deixe de conhecer a cidadezinha de Omodos, que funciona como tradicional centro da vinicultura local e onde voc\u00ea encontra muitas pequenas adegas familiares com enormes barris. Nos vilarejos de montanha costuma fazer bem mais frio o ano inteiro do que nas praias, ent\u00e3o <strong>n\u00e3o esque\u00e7a de levar um casaquinho leve mesmo no auge do ver\u00e3o quente<\/strong>. As pessoas elogiam muito a hospitalidade incr\u00edvel e as \u00f3timas tavernas familiares.<\/p>\n\n\n\n<h3 id=\"19_Byzantske_kostely_na_seznamu_UNESCO\" class=\"wp-block-heading\"><span class=\"ez-toc-section\" id=\"19_Igrejas_bizantinas_na_lista_da_UNESCO\"><\/span>19. Igrejas bizantinas na lista da UNESCO<span class=\"ez-toc-section-end\"><\/span><\/h3>\n\n\n\n<p class=\"wp-block-paragraph\">As igrejas bizantinas escondidas nas profundezas da cordilheira Troodos est\u00e3o entre os monumentos culturais mais importantes da ilha, e nada menos que nove delas ostentam a inscri\u00e7\u00e3o na lista da UNESCO. Por fora, muitas vezes parecem apenas celeiros de pedra comuns com telhados de madeira \u00edngremes, feitos para proteg\u00ea-las da neve do inverno nas montanhas. Por dentro, por\u00e9m, <strong>escondem afrescos totalmente fant\u00e1sticos e muito bem preservados<\/strong>, muitos deles do s\u00e9culo XI, que contam hist\u00f3rias b\u00edblicas em cores vivas.<\/p>\n\n\n\n<figure data-wp-context=\"{&quot;imageId&quot;:&quot;6a9944f735529&quot;}\" data-wp-interactive=\"core\/image\" data-wp-key=\"6a9944f735529\" class=\"wp-block-image size-full wp-lightbox-container\"><img decoding=\"async\" width=\"1500\" height=\"751\" data-wp-class--hide=\"state.isContentHidden\" data-wp-class--show=\"state.isContentVisible\" data-wp-init=\"callbacks.setButtonStyles\" data-wp-on--click=\"actions.showLightbox\" data-wp-on--load=\"callbacks.setButtonStyles\" data-wp-on--pointerdown=\"actions.preloadImage\" data-wp-on--pointerenter=\"actions.preloadImageWithDelay\" data-wp-on--pointerleave=\"actions.cancelPreload\" data-wp-on-window--resize=\"callbacks.setButtonStyles\" src=\"https:\/\/loudavymkrokem.cz\/wp-content\/uploads\/2026\/08\/dovolena-kypr-t19.jpg\" alt=\"Capelinha bizantina na cordilheira Troodos\" class=\"wp-image-399914\" title=\"\" srcset=\"https:\/\/loudavymkrokem.cz\/wp-content\/uploads\/2026\/08\/dovolena-kypr-t19.jpg 1500w, https:\/\/loudavymkrokem.cz\/wp-content\/uploads\/2026\/08\/dovolena-kypr-t19-300x150.jpg 300w, https:\/\/loudavymkrokem.cz\/wp-content\/uploads\/2026\/08\/dovolena-kypr-t19-700x350.jpg 700w, https:\/\/loudavymkrokem.cz\/wp-content\/uploads\/2026\/08\/dovolena-kypr-t19-768x385.jpg 768w, https:\/\/loudavymkrokem.cz\/wp-content\/uploads\/2026\/08\/dovolena-kypr-t19-696x348.jpg 696w, https:\/\/loudavymkrokem.cz\/wp-content\/uploads\/2026\/08\/dovolena-kypr-t19-1392x697.jpg 1392w\" sizes=\"(max-width: 1500px) 100vw, 1500px\" \/><button\n\t\t\tclass=\"lightbox-trigger\"\n\t\t\ttype=\"button\"\n\t\t\taria-haspopup=\"dialog\"\n\t\t\tdata-wp-bind--aria-label=\"state.thisImage.triggerButtonAriaLabel\"\n\t\t\tdata-wp-init=\"callbacks.initTriggerButton\"\n\t\t\tdata-wp-on--click=\"actions.showLightbox\"\n\t\t\tdata-wp-style--right=\"state.thisImage.buttonRight\"\n\t\t\tdata-wp-style--top=\"state.thisImage.buttonTop\"\n\t\t>\n\t\t\t<svg xmlns=\"http:\/\/www.w3.org\/2000\/svg\" width=\"12\" height=\"12\" fill=\"none\" viewBox=\"0 0 12 12\">\n\t\t\t\t<path fill=\"#fff\" d=\"M2 0a2 2 0 0 0-2 2v2h1.5V2a.5.5 0 0 1 .5-.5h2V0H2Zm2 10.5H2a.5.5 0 0 1-.5-.5V8H0v2a2 2 0 0 0 2 2h2v-1.5ZM8 12v-1.5h2a.5.5 0 0 0 .5-.5V8H12v2a2 2 0 0 1-2 2H8Zm2-12a2 2 0 0 1 2 2v2h-1.5V2a.5.5 0 0 0-.5-.5H8V0h2Z\" \/>\n\t\t\t<\/svg>\n\t\t<\/button><figcaption class=\"wp-element-caption\">Capelinha bizantina na cordilheira Troodos (Foto: Zairon \/ Wikimedia Commons, CC BY-SA 4.0)<\/figcaption><\/figure>\n\n\n\n<p class=\"wp-block-paragraph\">Entre as mais interessantes de todas est\u00e3o a capelinha de Asinou ou o isolado mosteiro Panagia tou Araka, que ficam em lugares lindos, no meio das florestas perfumadas de pinheiros. A maioria desses monumentos religiosos \u00e9 bem pequena e \u00e9 vigiada de perto por zeladores locais com as chaves, com quem muitas vezes voc\u00ea se entende s\u00f3 com sorriso e gestos. Dentro das igrejas <strong>h\u00e1 proibi\u00e7\u00e3o rigorosa de fotografar com flash<\/strong> e exige-se roupa adequada, cobrindo ombros e joelhos.<\/p>\n\n\n\n<h3 id=\"20_Vodopady_Kalidonia_a_Mount_Olympus\" class=\"wp-block-heading\"><span class=\"ez-toc-section\" id=\"20_Cachoeiras_de_Kalidonia_e_o_Monte_Olimpo\"><\/span>20. Cachoeiras de Kalidonia e o Monte Olimpo<span class=\"ez-toc-section-end\"><\/span><\/h3>\n\n\n\n<p class=\"wp-block-paragraph\">As cachoeiras de Kalidonia e o vizinho pico do Monte Olimpo provam claramente que Chipre n\u00e3o \u00e9 s\u00f3 uma terra seca com praias, mas oferece tamb\u00e9m uma natureza de montanha fresca e verde, com clima agrad\u00e1vel. A trilha at\u00e9 as cachoeiras segue por uma densa floresta de pinheiros ao longo de um riacho refrescante, e o percurso tem pouco menos de tr\u00eas quil\u00f4metros, que voc\u00ea faz em ritmo tranquilo em menos de uma hora. A montanha mais alta da ilha, o Olimpo, <strong>tem impressionantes 1.952 metros<\/strong> e oferece belas vistas panor\u00e2micas para o fundo do vale verde.<\/p>\n\n\n\n<figure data-wp-context=\"{&quot;imageId&quot;:&quot;6a9944f735ba1&quot;}\" data-wp-interactive=\"core\/image\" data-wp-key=\"6a9944f735ba1\" class=\"wp-block-image size-full wp-lightbox-container\"><img decoding=\"async\" width=\"1500\" height=\"1000\" data-wp-class--hide=\"state.isContentHidden\" data-wp-class--show=\"state.isContentVisible\" data-wp-init=\"callbacks.setButtonStyles\" data-wp-on--click=\"actions.showLightbox\" data-wp-on--load=\"callbacks.setButtonStyles\" data-wp-on--pointerdown=\"actions.preloadImage\" data-wp-on--pointerenter=\"actions.preloadImageWithDelay\" data-wp-on--pointerleave=\"actions.cancelPreload\" data-wp-on-window--resize=\"callbacks.setButtonStyles\" src=\"https:\/\/loudavymkrokem.cz\/wp-content\/uploads\/2026\/08\/dovolena-kypr-t20.jpg\" alt=\"Cordilheira Troodos com florestas de pinheiros\" class=\"wp-image-399933\" title=\"\" srcset=\"https:\/\/loudavymkrokem.cz\/wp-content\/uploads\/2026\/08\/dovolena-kypr-t20.jpg 1500w, https:\/\/loudavymkrokem.cz\/wp-content\/uploads\/2026\/08\/dovolena-kypr-t20-300x200.jpg 300w, https:\/\/loudavymkrokem.cz\/wp-content\/uploads\/2026\/08\/dovolena-kypr-t20-700x467.jpg 700w, https:\/\/loudavymkrokem.cz\/wp-content\/uploads\/2026\/08\/dovolena-kypr-t20-768x512.jpg 768w, https:\/\/loudavymkrokem.cz\/wp-content\/uploads\/2026\/08\/dovolena-kypr-t20-696x464.jpg 696w, https:\/\/loudavymkrokem.cz\/wp-content\/uploads\/2026\/08\/dovolena-kypr-t20-1392x928.jpg 1392w\" sizes=\"(max-width: 1500px) 100vw, 1500px\" \/><button\n\t\t\tclass=\"lightbox-trigger\"\n\t\t\ttype=\"button\"\n\t\t\taria-haspopup=\"dialog\"\n\t\t\tdata-wp-bind--aria-label=\"state.thisImage.triggerButtonAriaLabel\"\n\t\t\tdata-wp-init=\"callbacks.initTriggerButton\"\n\t\t\tdata-wp-on--click=\"actions.showLightbox\"\n\t\t\tdata-wp-style--right=\"state.thisImage.buttonRight\"\n\t\t\tdata-wp-style--top=\"state.thisImage.buttonTop\"\n\t\t>\n\t\t\t<svg xmlns=\"http:\/\/www.w3.org\/2000\/svg\" width=\"12\" height=\"12\" fill=\"none\" viewBox=\"0 0 12 12\">\n\t\t\t\t<path fill=\"#fff\" d=\"M2 0a2 2 0 0 0-2 2v2h1.5V2a.5.5 0 0 1 .5-.5h2V0H2Zm2 10.5H2a.5.5 0 0 1-.5-.5V8H0v2a2 2 0 0 0 2 2h2v-1.5ZM8 12v-1.5h2a.5.5 0 0 0 .5-.5V8H12v2a2 2 0 0 1-2 2H8Zm2-12a2 2 0 0 1 2 2v2h-1.5V2a.5.5 0 0 0-.5-.5H8V0h2Z\" \/>\n\t\t\t<\/svg>\n\t\t<\/button><figcaption class=\"wp-element-caption\">Cordilheira Troodos com florestas de pinheiros (Foto: Michal Klajban \/ Wikimedia Commons, CC BY-SA 4.0)<\/figcaption><\/figure>\n\n\n\n<p class=\"wp-block-paragraph\">Curioso \u00e9 que nas encostas do Olimpo, em janeiro e fevereiro, a neve costuma se manter e funcionam at\u00e9 pequenos telef\u00e9ricos de esqui para os entusiastas locais. Assim, num \u00fanico dia de primavera, voc\u00ea pode, em teoria, <strong>esquiar de manh\u00e3 nas montanhas e se banhar de tarde no mar aquecido<\/strong> l\u00e1 embaixo, no litoral. A estrada at\u00e9 as montanhas \u00e9 bem sinuosa e \u00edngreme, ent\u00e3o, se voc\u00ea \u00e0s vezes sofre com enjoo no carro, \u00e9 bom se preparar um pouco para essas curvas infinitas.<\/p>\n\n\n\n<h3 id=\"21_Kyperska_vinarstvi_a_trasy_vin\" class=\"wp-block-heading\"><span class=\"ez-toc-section\" id=\"21_Vinicolas_cipriotas_e_as_rotas_do_vinho\"><\/span>21. Vin\u00edcolas cipriotas e as rotas do vinho<span class=\"ez-toc-section-end\"><\/span><\/h3>\n\n\n\n<p class=\"wp-block-paragraph\">As vin\u00edcolas cipriotas e as chamadas rotas do vinho s\u00e3o uma enorme atra\u00e7\u00e3o para todos os viajantes que gostam de descobrir a gastronomia local e as tradi\u00e7\u00f5es agr\u00edcolas. Todo o f\u00e9rtil sop\u00e9 de Troodos \u00e9 densamente cortado por rotas de vinho sinalizadas, que levam voc\u00ea a pequenas propriedades familiares e a grandes produtores tradicionais. A grande estrela \u00e9 o vinho doce de sobremesa Commandaria, do qual dizem ser <strong>o vinho mais antigo ainda em produ\u00e7\u00e3o no mundo<\/strong>, com o mesmo nome e a receita original.<\/p>\n\n\n\n<figure data-wp-context=\"{&quot;imageId&quot;:&quot;6a9944f736270&quot;}\" data-wp-interactive=\"core\/image\" data-wp-key=\"6a9944f736270\" class=\"wp-block-image size-full wp-lightbox-container\"><img decoding=\"async\" width=\"1500\" height=\"993\" data-wp-class--hide=\"state.isContentHidden\" data-wp-class--show=\"state.isContentVisible\" data-wp-init=\"callbacks.setButtonStyles\" data-wp-on--click=\"actions.showLightbox\" data-wp-on--load=\"callbacks.setButtonStyles\" data-wp-on--pointerdown=\"actions.preloadImage\" data-wp-on--pointerenter=\"actions.preloadImageWithDelay\" data-wp-on--pointerleave=\"actions.cancelPreload\" data-wp-on-window--resize=\"callbacks.setButtonStyles\" src=\"https:\/\/loudavymkrokem.cz\/wp-content\/uploads\/2026\/08\/dovolena-kypr-t21.jpg\" alt=\"Vinhedos no sop\u00e9 da cordilheira Troodos\" class=\"wp-image-399927\" title=\"\" srcset=\"https:\/\/loudavymkrokem.cz\/wp-content\/uploads\/2026\/08\/dovolena-kypr-t21.jpg 1500w, https:\/\/loudavymkrokem.cz\/wp-content\/uploads\/2026\/08\/dovolena-kypr-t21-300x199.jpg 300w, https:\/\/loudavymkrokem.cz\/wp-content\/uploads\/2026\/08\/dovolena-kypr-t21-700x463.jpg 700w, https:\/\/loudavymkrokem.cz\/wp-content\/uploads\/2026\/08\/dovolena-kypr-t21-768x508.jpg 768w, https:\/\/loudavymkrokem.cz\/wp-content\/uploads\/2026\/08\/dovolena-kypr-t21-696x461.jpg 696w, https:\/\/loudavymkrokem.cz\/wp-content\/uploads\/2026\/08\/dovolena-kypr-t21-1392x922.jpg 1392w\" sizes=\"(max-width: 1500px) 100vw, 1500px\" \/><button\n\t\t\tclass=\"lightbox-trigger\"\n\t\t\ttype=\"button\"\n\t\t\taria-haspopup=\"dialog\"\n\t\t\tdata-wp-bind--aria-label=\"state.thisImage.triggerButtonAriaLabel\"\n\t\t\tdata-wp-init=\"callbacks.initTriggerButton\"\n\t\t\tdata-wp-on--click=\"actions.showLightbox\"\n\t\t\tdata-wp-style--right=\"state.thisImage.buttonRight\"\n\t\t\tdata-wp-style--top=\"state.thisImage.buttonTop\"\n\t\t>\n\t\t\t<svg xmlns=\"http:\/\/www.w3.org\/2000\/svg\" width=\"12\" height=\"12\" fill=\"none\" viewBox=\"0 0 12 12\">\n\t\t\t\t<path fill=\"#fff\" d=\"M2 0a2 2 0 0 0-2 2v2h1.5V2a.5.5 0 0 1 .5-.5h2V0H2Zm2 10.5H2a.5.5 0 0 1-.5-.5V8H0v2a2 2 0 0 0 2 2h2v-1.5ZM8 12v-1.5h2a.5.5 0 0 0 .5-.5V8H12v2a2 2 0 0 1-2 2H8Zm2-12a2 2 0 0 1 2 2v2h-1.5V2a.5.5 0 0 0-.5-.5H8V0h2Z\" \/>\n\t\t\t<\/svg>\n\t\t<\/button><figcaption class=\"wp-element-caption\">Vinhedos no sop\u00e9 da cordilheira Troodos (Foto: Serhio Magpie \/ Wikimedia Commons, CC BY 4.0)<\/figcaption><\/figure>\n\n\n\n<p class=\"wp-block-paragraph\">A maioria das vin\u00edcolas familiares oferece, com combina\u00e7\u00e3o pr\u00e9via, visitas \u00e0s adegas com degusta\u00e7\u00f5es, em que os vinicultores locais explicam com gosto todo o processo trabalhoso de cultivo e produ\u00e7\u00e3o das uvas. Viajantes experientes recomendam fazer a rota do vinho de prefer\u00eancia com um passeio organizado ou contratar um motorista de confian\u00e7a, porque <strong>a pol\u00edcia em Chipre fiscaliza com muito rigor o \u00e1lcool ao volante<\/strong>. Os vinhos locais s\u00e3o surpreendentemente bons e uma garrafa de Commandaria aut\u00eantica \u00e9 um souvenir perfeito da viagem.<\/p>\n\n\n\n<h3 id=\"22_Nikosie_posledni_rozdelene_hlavni_mesto_Evropy\" class=\"wp-block-heading\"><span class=\"ez-toc-section\" id=\"22_Nicosia_a_ultima_capital_dividida_da_Europa\"><\/span>22. Nic\u00f3sia: a \u00faltima capital dividida da Europa<span class=\"ez-toc-section-end\"><\/span><\/h3>\n\n\n\n<p class=\"wp-block-paragraph\">Nic\u00f3sia \u00e9 uma metr\u00f3pole incrivelmente fascinante e det\u00e9m um recorde muito triste, j\u00e1 que funciona como a <strong>\u00faltima capital militarmente dividida da Europa<\/strong>. A principal art\u00e9ria comercial, a Ledra Street, \u00e9 cortada sem tr\u00e9gua pela Linha Verde fortemente vigiada, sob controle da ONU, que divide a cidade entre o sul grego e o norte turco. Voc\u00ea pode passear livremente pelas imponentes muralhas venezianas em formato de estrela regular, admirar a cidade velha e sentir na pele o enorme contraste cultural.<\/p>\n\n\n\n<figure data-wp-context=\"{&quot;imageId&quot;:&quot;6a9944f736883&quot;}\" data-wp-interactive=\"core\/image\" data-wp-key=\"6a9944f736883\" class=\"wp-block-image size-full wp-lightbox-container\"><img decoding=\"async\" width=\"1500\" height=\"937\" data-wp-class--hide=\"state.isContentHidden\" data-wp-class--show=\"state.isContentVisible\" data-wp-init=\"callbacks.setButtonStyles\" data-wp-on--click=\"actions.showLightbox\" data-wp-on--load=\"callbacks.setButtonStyles\" data-wp-on--pointerdown=\"actions.preloadImage\" data-wp-on--pointerenter=\"actions.preloadImageWithDelay\" data-wp-on--pointerleave=\"actions.cancelPreload\" data-wp-on-window--resize=\"callbacks.setButtonStyles\" src=\"https:\/\/loudavymkrokem.cz\/wp-content\/uploads\/2026\/08\/dovolena-kypr-t22.jpg\" alt=\"Ledra Street na dividida Nic\u00f3sia\" class=\"wp-image-399918\" title=\"\" srcset=\"https:\/\/loudavymkrokem.cz\/wp-content\/uploads\/2026\/08\/dovolena-kypr-t22.jpg 1500w, https:\/\/loudavymkrokem.cz\/wp-content\/uploads\/2026\/08\/dovolena-kypr-t22-300x187.jpg 300w, https:\/\/loudavymkrokem.cz\/wp-content\/uploads\/2026\/08\/dovolena-kypr-t22-700x437.jpg 700w, https:\/\/loudavymkrokem.cz\/wp-content\/uploads\/2026\/08\/dovolena-kypr-t22-768x480.jpg 768w, https:\/\/loudavymkrokem.cz\/wp-content\/uploads\/2026\/08\/dovolena-kypr-t22-696x435.jpg 696w, https:\/\/loudavymkrokem.cz\/wp-content\/uploads\/2026\/08\/dovolena-kypr-t22-1392x870.jpg 1392w\" sizes=\"(max-width: 1500px) 100vw, 1500px\" \/><button\n\t\t\tclass=\"lightbox-trigger\"\n\t\t\ttype=\"button\"\n\t\t\taria-haspopup=\"dialog\"\n\t\t\tdata-wp-bind--aria-label=\"state.thisImage.triggerButtonAriaLabel\"\n\t\t\tdata-wp-init=\"callbacks.initTriggerButton\"\n\t\t\tdata-wp-on--click=\"actions.showLightbox\"\n\t\t\tdata-wp-style--right=\"state.thisImage.buttonRight\"\n\t\t\tdata-wp-style--top=\"state.thisImage.buttonTop\"\n\t\t>\n\t\t\t<svg xmlns=\"http:\/\/www.w3.org\/2000\/svg\" width=\"12\" height=\"12\" fill=\"none\" viewBox=\"0 0 12 12\">\n\t\t\t\t<path fill=\"#fff\" d=\"M2 0a2 2 0 0 0-2 2v2h1.5V2a.5.5 0 0 1 .5-.5h2V0H2Zm2 10.5H2a.5.5 0 0 1-.5-.5V8H0v2a2 2 0 0 0 2 2h2v-1.5ZM8 12v-1.5h2a.5.5 0 0 0 .5-.5V8H12v2a2 2 0 0 1-2 2H8Zm2-12a2 2 0 0 1 2 2v2h-1.5V2a.5.5 0 0 0-.5-.5H8V0h2Z\" \/>\n\t\t\t<\/svg>\n\t\t<\/button><figcaption class=\"wp-element-caption\">Ledra Street na dividida Nic\u00f3sia (Foto: A.Savin \/ Wikimedia Commons, FAL)<\/figcaption><\/figure>\n\n\n\n<p class=\"wp-block-paragraph\">Para atravessar at\u00e9 a parte norte de Nic\u00f3sia, voc\u00ea precisa passar por um posto de fronteira oficial para pedestres e, <strong>obrigatoriamente, precisa de um passaporte v\u00e1lido<\/strong>, porque a carteira de identidade n\u00e3o \u00e9 suficiente. Todo o processo de controle costuma ser r\u00e1pido e sem problemas, mas para quem vem de fora \u00e9 uma experi\u00eancia realmente forte. Ao cruzar a fronteira, voc\u00ea se v\u00ea de repente num ambiente de mercados orientais, mesquitas e aroma de especiarias, onde j\u00e1 se nota, \u00e0 primeira vista, um estilo de vida totalmente diferente.<\/p>\n\n\n\n<h3 id=\"23_Kyrenia_Girne_a_hrad_nad_pristavem\" class=\"wp-block-heading\"><span class=\"ez-toc-section\" id=\"23_Kyrenia_Girne_e_o_castelo_sobre_o_porto\"><\/span>23. Kyrenia (Girne) e o castelo sobre o porto<span class=\"ez-toc-section-end\"><\/span><\/h3>\n\n\n\n<p class=\"wp-block-paragraph\">Kyrenia fica na costa norte e muitos viajantes a consideram, com raz\u00e3o, o porto mais fotog\u00eanico de toda a ilha dividida. A ba\u00eda em formato de ferradura perfeita \u00e9 margeada por antigas casas de pedra, com barcos de madeira de apar\u00eancia antiga ancorados, e sobre tudo isso se <strong>ergue majestoso um enorme castelo bizantino<\/strong>, que antes protegia a cidade dos ataques. Um pouco acima da cidade, escondidas nas colinas, est\u00e3o as lindas ru\u00ednas g\u00f3ticas da abadia de Bellapais, com uma vista maravilhosa para o mar.<\/p>\n\n\n\n<figure data-wp-context=\"{&quot;imageId&quot;:&quot;6a9944f736eb3&quot;}\" data-wp-interactive=\"core\/image\" data-wp-key=\"6a9944f736eb3\" class=\"wp-block-image size-full wp-lightbox-container\"><img decoding=\"async\" width=\"1500\" height=\"937\" data-wp-class--hide=\"state.isContentHidden\" data-wp-class--show=\"state.isContentVisible\" data-wp-init=\"callbacks.setButtonStyles\" data-wp-on--click=\"actions.showLightbox\" data-wp-on--load=\"callbacks.setButtonStyles\" data-wp-on--pointerdown=\"actions.preloadImage\" data-wp-on--pointerenter=\"actions.preloadImageWithDelay\" data-wp-on--pointerleave=\"actions.cancelPreload\" data-wp-on-window--resize=\"callbacks.setButtonStyles\" src=\"https:\/\/loudavymkrokem.cz\/wp-content\/uploads\/2026\/08\/dovolena-kypr-t23.jpg\" alt=\"Porto e castelo em Kyrenia\" class=\"wp-image-399919\" title=\"\" srcset=\"https:\/\/loudavymkrokem.cz\/wp-content\/uploads\/2026\/08\/dovolena-kypr-t23.jpg 1500w, https:\/\/loudavymkrokem.cz\/wp-content\/uploads\/2026\/08\/dovolena-kypr-t23-300x187.jpg 300w, https:\/\/loudavymkrokem.cz\/wp-content\/uploads\/2026\/08\/dovolena-kypr-t23-700x437.jpg 700w, https:\/\/loudavymkrokem.cz\/wp-content\/uploads\/2026\/08\/dovolena-kypr-t23-768x480.jpg 768w, https:\/\/loudavymkrokem.cz\/wp-content\/uploads\/2026\/08\/dovolena-kypr-t23-696x435.jpg 696w, https:\/\/loudavymkrokem.cz\/wp-content\/uploads\/2026\/08\/dovolena-kypr-t23-1392x870.jpg 1392w\" sizes=\"(max-width: 1500px) 100vw, 1500px\" \/><button\n\t\t\tclass=\"lightbox-trigger\"\n\t\t\ttype=\"button\"\n\t\t\taria-haspopup=\"dialog\"\n\t\t\tdata-wp-bind--aria-label=\"state.thisImage.triggerButtonAriaLabel\"\n\t\t\tdata-wp-init=\"callbacks.initTriggerButton\"\n\t\t\tdata-wp-on--click=\"actions.showLightbox\"\n\t\t\tdata-wp-style--right=\"state.thisImage.buttonRight\"\n\t\t\tdata-wp-style--top=\"state.thisImage.buttonTop\"\n\t\t>\n\t\t\t<svg xmlns=\"http:\/\/www.w3.org\/2000\/svg\" width=\"12\" height=\"12\" fill=\"none\" viewBox=\"0 0 12 12\">\n\t\t\t\t<path fill=\"#fff\" d=\"M2 0a2 2 0 0 0-2 2v2h1.5V2a.5.5 0 0 1 .5-.5h2V0H2Zm2 10.5H2a.5.5 0 0 1-.5-.5V8H0v2a2 2 0 0 0 2 2h2v-1.5ZM8 12v-1.5h2a.5.5 0 0 0 .5-.5V8H12v2a2 2 0 0 1-2 2H8Zm2-12a2 2 0 0 1 2 2v2h-1.5V2a.5.5 0 0 0-.5-.5H8V0h2Z\" \/>\n\t\t\t<\/svg>\n\t\t<\/button><figcaption class=\"wp-element-caption\">Porto e castelo em Kyrenia (Foto: A.Savin \/ Wikimedia Commons, FAL)<\/figcaption><\/figure>\n\n\n\n<p class=\"wp-block-paragraph\">Como esse monumento hist\u00f3rico fica no Chipre do Norte, voc\u00ea precisa ir at\u00e9 ele pelo posto de fronteira oficial, com passaporte v\u00e1lido em m\u00e3os. Chamo a aten\u00e7\u00e3o para uma coisa muito importante: para o norte s\u00f3 se pode ir <strong>com carro alugado no sul se a locadora autorizar expressamente<\/strong>, e \u00e9 preciso comprar direto na fronteira um seguro turco tempor\u00e1rio. Se, ao contr\u00e1rio, voc\u00ea ingenuamente alugar um carro no norte, com ele n\u00e3o pode entrar no lado sul de jeito nenhum, o que, segundo os locais, \u00e9 o erro mais comum dos turistas mal informados.<\/p>\n\n\n\n<h3 id=\"24_Famagusta_a_duchem_opustene_Varosha\" class=\"wp-block-heading\"><span class=\"ez-toc-section\" id=\"24_Famagusta_e_a_fantasmagorica_Varosha\"><\/span>24. Famagusta e a fantasmag\u00f3rica Varosha<span class=\"ez-toc-section-end\"><\/span><\/h3>\n\n\n\n<p class=\"wp-block-paragraph\">Famagusta e o balne\u00e1rio abandonado de Varosha s\u00e3o uma das experi\u00eancias mais fortes e bizarras que voc\u00ea pode viver durante sua jornada pela parte norte da ilha. No centro hist\u00f3rico de Famagusta, voc\u00ea certamente vai se surpreender com a imensa catedral g\u00f3tica transformada em mesquita pela adi\u00e7\u00e3o de um esbelto minarete e por muralhas antigas imponentes. Bem ao lado, por\u00e9m, fica o bairro de Varosha, que foi um dia um balne\u00e1rio de luxo das estrelas de cinema e que est\u00e1 <strong>completamente abandonado desde a guerra de 1974<\/strong>, se deteriorando atr\u00e1s do arame farpado.<\/p>\n\n\n\n<figure data-wp-context=\"{&quot;imageId&quot;:&quot;6a9944f73753d&quot;}\" data-wp-interactive=\"core\/image\" data-wp-key=\"6a9944f73753d\" class=\"wp-block-image size-full wp-lightbox-container\"><img decoding=\"async\" width=\"1500\" height=\"999\" data-wp-class--hide=\"state.isContentHidden\" data-wp-class--show=\"state.isContentVisible\" data-wp-init=\"callbacks.setButtonStyles\" data-wp-on--click=\"actions.showLightbox\" data-wp-on--load=\"callbacks.setButtonStyles\" data-wp-on--pointerdown=\"actions.preloadImage\" data-wp-on--pointerenter=\"actions.preloadImageWithDelay\" data-wp-on--pointerleave=\"actions.cancelPreload\" data-wp-on-window--resize=\"callbacks.setButtonStyles\" src=\"https:\/\/loudavymkrokem.cz\/wp-content\/uploads\/2026\/08\/dovolena-kypr-t24.jpg\" alt=\"Catedral g\u00f3tica em Famagusta\" class=\"wp-image-399923\" title=\"\" srcset=\"https:\/\/loudavymkrokem.cz\/wp-content\/uploads\/2026\/08\/dovolena-kypr-t24.jpg 1500w, https:\/\/loudavymkrokem.cz\/wp-content\/uploads\/2026\/08\/dovolena-kypr-t24-300x200.jpg 300w, https:\/\/loudavymkrokem.cz\/wp-content\/uploads\/2026\/08\/dovolena-kypr-t24-700x466.jpg 700w, https:\/\/loudavymkrokem.cz\/wp-content\/uploads\/2026\/08\/dovolena-kypr-t24-768x511.jpg 768w, https:\/\/loudavymkrokem.cz\/wp-content\/uploads\/2026\/08\/dovolena-kypr-t24-696x464.jpg 696w, https:\/\/loudavymkrokem.cz\/wp-content\/uploads\/2026\/08\/dovolena-kypr-t24-1392x927.jpg 1392w\" sizes=\"(max-width: 1500px) 100vw, 1500px\" \/><button\n\t\t\tclass=\"lightbox-trigger\"\n\t\t\ttype=\"button\"\n\t\t\taria-haspopup=\"dialog\"\n\t\t\tdata-wp-bind--aria-label=\"state.thisImage.triggerButtonAriaLabel\"\n\t\t\tdata-wp-init=\"callbacks.initTriggerButton\"\n\t\t\tdata-wp-on--click=\"actions.showLightbox\"\n\t\t\tdata-wp-style--right=\"state.thisImage.buttonRight\"\n\t\t\tdata-wp-style--top=\"state.thisImage.buttonTop\"\n\t\t>\n\t\t\t<svg xmlns=\"http:\/\/www.w3.org\/2000\/svg\" width=\"12\" height=\"12\" fill=\"none\" viewBox=\"0 0 12 12\">\n\t\t\t\t<path fill=\"#fff\" d=\"M2 0a2 2 0 0 0-2 2v2h1.5V2a.5.5 0 0 1 .5-.5h2V0H2Zm2 10.5H2a.5.5 0 0 1-.5-.5V8H0v2a2 2 0 0 0 2 2h2v-1.5ZM8 12v-1.5h2a.5.5 0 0 0 .5-.5V8H12v2a2 2 0 0 1-2 2H8Zm2-12a2 2 0 0 1 2 2v2h-1.5V2a.5.5 0 0 0-.5-.5H8V0h2Z\" \/>\n\t\t\t<\/svg>\n\t\t<\/button><figcaption class=\"wp-element-caption\">Catedral g\u00f3tica em Famagusta (Foto: A.Savin \/ Wikimedia Commons, FAL)<\/figcaption><\/figure>\n\n\n\n<p class=\"wp-block-paragraph\">Essa chamada cidade-fantasma foi parcialmente reaberta a visitantes recentemente, ent\u00e3o voc\u00ea pode caminhar por ruas asfaltadas bem no meio de hot\u00e9is em ru\u00ednas e mans\u00f5es tomadas pelo mato. Assim como no caso de Kyrenia, voc\u00ea precisa passar pelo posto de fronteira oficial, ent\u00e3o <strong>n\u00e3o esque\u00e7a o passaporte e tome muito cuidado com o seguro<\/strong> do seu carro alugado. Em muitos pontos tur\u00edsticos aqui aceitam euros, mas oficialmente se paga em lira turca, ent\u00e3o prepare-se bem para isso no passeio al\u00e9m da fronteira.<\/p>\n\n\n\n<h2 id=\"Kde_se_ubytovat_na_Kypru_ktera_oblast_sedne_komu\" class=\"wp-block-heading\"><span class=\"ez-toc-section\" id=\"Onde_se_hospedar_em_Chipre_que_regiao_combina_com_quem\"><\/span>Onde se hospedar em Chipre: que regi\u00e3o combina com quem<span class=\"ez-toc-section-end\"><\/span><\/h2>\n\n\n\n<p class=\"wp-block-paragraph\">Escolher a base certa \u00e9 absolutamente fundamental para que sua viagem a Chipre seja nota dez. A ilha \u00e9 bem grande e cada litoral tem uma atmosfera totalmente diferente, ent\u00e3o vale a pena parar um instante para pensar no que voc\u00ea realmente espera da viagem. Enquanto a parte oeste atrai pela hist\u00f3ria e por enseadas um pouco mais tranquilas, o leste da ilha pulsa com vida noturna e ostenta as praias mais famosas de areia branca.<\/p>\n\n\n\n<p class=\"wp-block-paragraph\"><strong>A maioria dos viajantes recomenda escolher um \u00fanico ponto estrat\u00e9gico<\/strong>, a partir do qual voc\u00ea faz os passeios, ou ent\u00e3o dividir a estadia em duas metades. Os deslocamentos por toda a ilha roubariam \u00e0 toa um tempo que voc\u00ea poderia passar com uma ta\u00e7a de vinho em alguma taverna escondida.<\/p>\n\n\n\n<p class=\"wp-block-paragraph\">\ud83d\udca1 <strong>Dica:<\/strong> antes de decidir por um hotel espec\u00edfico, d\u00ea uma olhada na <a href=\"https:\/\/www.stay22.com\/allez\/roam?aid=lukaskonecny&amp;campaign=loudavymkrokemcz&amp;campaign=dovolena-kypr&amp;address=Kypr\" target=\"_blank\" rel=\"nofollow noopener sponsored\">oferta atual de hospedagem em Chipre<\/a> e filtre por cancelamento gratuito. Em Chipre, os pre\u00e7os entre alta e baixa temporada chegam a variar at\u00e9 a metade.<\/p>\n\n\n\n<h3 id=\"Prehled_oblasti\" class=\"wp-block-heading\"><span class=\"ez-toc-section\" id=\"Visao_geral_das_regioes\"><\/span>Vis\u00e3o geral das regi\u00f5es<span class=\"ez-toc-section-end\"><\/span><\/h3>\n\n\n\n<ul class=\"wp-block-list\">\n<li><strong>Paphos<\/strong> \u00e9 a escolha ideal para casais e amantes de passeios culturais, porque aqui voc\u00ea encontra incr\u00edveis monumentos arqueol\u00f3gicos da UNESCO e uma atmosfera um pouco mais tranquila.<\/li>\n\n\n\n<li><strong>Coral Bay<\/strong> fica bem perto de Paphos e oferece uma linda praia de areia, o que a torna uma enorme atra\u00e7\u00e3o principalmente para fam\u00edlias com crian\u00e7as pequenas.<\/li>\n\n\n\n<li><strong>Limassol<\/strong> \u00e9 a maior cidade do sul, com uma orla linda e muitos restaurantes, que ferve o ano inteiro, mas conte com uma regi\u00e3o mais cara.<\/li>\n\n\n\n<li><strong>Ayia Napa<\/strong> exibe as melhores praias e uma vida noturna agitada, ent\u00e3o na alta temporada de ver\u00e3o fica bem barulhenta e muito animada.<\/li>\n\n\n\n<li><strong>Protaras<\/strong> fica pertinho de Ayia Napa, mas oferece muito mais sossego para fam\u00edlias, e aqui est\u00e1 a famosa enseada Fig Tree Bay, com \u00e1gua lindamente rasa.<\/li>\n\n\n\n<li><strong>Larnaca<\/strong> \u00e9 uma \u00f3tima base para passeios; aqui ficam o aeroporto internacional e o famoso Lago Salgado, e no geral \u00e9 a op\u00e7\u00e3o mais barata de hospedagem.<\/li>\n<\/ul>\n\n\n\n<h3 id=\"Konkretni_tipy_na_ubytovani\" class=\"wp-block-heading\"><span class=\"ez-toc-section\" id=\"Dicas_concretas_de_hospedagem\"><\/span>Dicas concretas de hospedagem<span class=\"ez-toc-section-end\"><\/span><\/h3>\n\n\n\n<ul class=\"wp-block-list\">\n<li><strong><a href=\"https:\/\/www.stay22.com\/allez\/roam?aid=lukaskonecny&amp;campaign=loudavymkrokemcz&amp;campaign=dovolena-kypr&amp;hotelname=Almyra%20Hotel&amp;address=Paphos%2C%20Kypr\" target=\"_blank\" rel=\"noopener nofollow sponsored\">Almyra Hotel<\/a><\/strong> (Paphos): um lindo hotel de design bem \u00e0 beira-mar, muito querido pelos casais em busca de romance e servi\u00e7os de primeira.<\/li>\n\n\n\n<li><strong><a href=\"https:\/\/www.stay22.com\/allez\/roam?aid=lukaskonecny&amp;campaign=loudavymkrokemcz&amp;campaign=dovolena-kypr&amp;hotelname=Elysium%20Hotel&amp;address=Paphos%2C%20Kypr\" target=\"_blank\" rel=\"noopener nofollow sponsored\">Elysium Hotel<\/a><\/strong> (Paphos): um resort de luxo constru\u00eddo logo ao lado das Tumbas dos Reis, onde voc\u00ea vai se sentir num verdadeiro pal\u00e1cio.<\/li>\n\n\n\n<li><strong><a href=\"https:\/\/www.stay22.com\/allez\/roam?aid=lukaskonecny&amp;campaign=loudavymkrokemcz&amp;campaign=dovolena-kypr&amp;hotelname=Olympic%20Lagoon%20Resort%20Paphos&amp;address=Paphos%2C%20Kypr\" target=\"_blank\" rel=\"noopener nofollow sponsored\">Olympic Lagoon Resort Paphos<\/a><\/strong> (Paphos): um enorme complexo com programa all inclusive, avaliado pelos viajantes como absolutamente perfeito para fam\u00edlias com crian\u00e7as.<\/li>\n\n\n\n<li><strong><a href=\"https:\/\/www.stay22.com\/allez\/roam?aid=lukaskonecny&amp;campaign=loudavymkrokemcz&amp;campaign=dovolena-kypr&amp;hotelname=Nissiblu%20Beach%20Resort&amp;address=Ayia%20Napa%2C%20Kypr\" target=\"_blank\" rel=\"noopener nofollow sponsored\">Nissiblu Beach Resort<\/a><\/strong> (Ayia Napa): uma joia moderna de cinco estrelas, bem em frente \u00e0 famosa praia de Nissi Beach, ent\u00e3o voc\u00ea est\u00e1 literalmente a poucos passos da \u00e1gua.<\/li>\n\n\n\n<li><strong><a href=\"https:\/\/www.stay22.com\/allez\/roam?aid=lukaskonecny&amp;campaign=loudavymkrokemcz&amp;campaign=dovolena-kypr&amp;hotelname=Adams%20Beach%20Hotel%20%26%20Spa&amp;address=Ayia%20Napa%2C%20Kypr\" target=\"_blank\" rel=\"noopener nofollow sponsored\">Adams Beach Hotel &amp; Spa<\/a><\/strong> (Ayia Napa): um resort bem extenso com praia particular, onde voc\u00ea se esconde perfeitamente das multid\u00f5es do ver\u00e3o.<\/li>\n\n\n\n<li><strong><a href=\"https:\/\/www.stay22.com\/allez\/roam?aid=lukaskonecny&amp;campaign=loudavymkrokemcz&amp;campaign=dovolena-kypr&amp;hotelname=Parklane%2C%20a%20Luxury%20Collection%20Resort%20%26%20Spa&amp;address=Limassol%2C%20Kypr\" target=\"_blank\" rel=\"noopener nofollow sponsored\">Parklane, a Luxury Collection Resort &amp; Spa<\/a><\/strong> (Limassol): um resort de primeira e muito elegante, com uma lagoa maravilhosa, que agrada at\u00e9 os h\u00f3spedes mais exigentes.<\/li>\n<\/ul>\n\n\n\n<h2 id=\"Co_jist_na_Kypru_raj_pro_vegetariany\" class=\"wp-block-heading\"><span class=\"ez-toc-section\" id=\"O_que_comer_em_Chipre_um_paraiso_para_vegetarianos\"><\/span>O que comer em Chipre: um para\u00edso para vegetarianos<span class=\"ez-toc-section-end\"><\/span><\/h2>\n\n\n\n<p class=\"wp-block-paragraph\">A cozinha cipriota combina com facilidade as melhores influ\u00eancias gregas e do Oriente M\u00e9dio, ent\u00e3o no prato voc\u00ea sempre ganha muito sol e ervas frescas. <strong>Uma enorme vantagem \u00e9 a grande \u00eanfase em legumes e queijos locais<\/strong>, o que faz da ilha um destino totalmente fant\u00e1stico para quem n\u00e3o come carne. \u00c9 claro que a ilha tamb\u00e9m \u00e9 famosa por especialidades com carne, como o cordeiro assado lentamente (kleftiko) ou as tradicionais lingui\u00e7as sheftalia, que dizem perfumar cada esquina, mas vamos focar no que agrada os vegetarianos.<\/p>\n\n\n\n<figure data-wp-context=\"{&quot;imageId&quot;:&quot;6a9944f738143&quot;}\" data-wp-interactive=\"core\/image\" data-wp-key=\"6a9944f738143\" class=\"wp-block-image size-full wp-lightbox-container\"><img decoding=\"async\" width=\"1500\" height=\"1125\" data-wp-class--hide=\"state.isContentHidden\" data-wp-class--show=\"state.isContentVisible\" data-wp-init=\"callbacks.setButtonStyles\" data-wp-on--click=\"actions.showLightbox\" data-wp-on--load=\"callbacks.setButtonStyles\" data-wp-on--pointerdown=\"actions.preloadImage\" data-wp-on--pointerenter=\"actions.preloadImageWithDelay\" data-wp-on--pointerleave=\"actions.cancelPreload\" data-wp-on-window--resize=\"callbacks.setButtonStyles\" src=\"https:\/\/loudavymkrokem.cz\/wp-content\/uploads\/2026\/08\/dovolena-kypr-food.jpg\" alt=\"Halloumi, o queijo que vem de Chipre\" class=\"wp-image-399930\" title=\"\" srcset=\"https:\/\/loudavymkrokem.cz\/wp-content\/uploads\/2026\/08\/dovolena-kypr-food.jpg 1500w, https:\/\/loudavymkrokem.cz\/wp-content\/uploads\/2026\/08\/dovolena-kypr-food-300x225.jpg 300w, https:\/\/loudavymkrokem.cz\/wp-content\/uploads\/2026\/08\/dovolena-kypr-food-700x525.jpg 700w, https:\/\/loudavymkrokem.cz\/wp-content\/uploads\/2026\/08\/dovolena-kypr-food-768x576.jpg 768w, https:\/\/loudavymkrokem.cz\/wp-content\/uploads\/2026\/08\/dovolena-kypr-food-80x60.jpg 80w, https:\/\/loudavymkrokem.cz\/wp-content\/uploads\/2026\/08\/dovolena-kypr-food-160x120.jpg 160w, https:\/\/loudavymkrokem.cz\/wp-content\/uploads\/2026\/08\/dovolena-kypr-food-696x522.jpg 696w, https:\/\/loudavymkrokem.cz\/wp-content\/uploads\/2026\/08\/dovolena-kypr-food-1392x1044.jpg 1392w\" sizes=\"(max-width: 1500px) 100vw, 1500px\" \/><button\n\t\t\tclass=\"lightbox-trigger\"\n\t\t\ttype=\"button\"\n\t\t\taria-haspopup=\"dialog\"\n\t\t\tdata-wp-bind--aria-label=\"state.thisImage.triggerButtonAriaLabel\"\n\t\t\tdata-wp-init=\"callbacks.initTriggerButton\"\n\t\t\tdata-wp-on--click=\"actions.showLightbox\"\n\t\t\tdata-wp-style--right=\"state.thisImage.buttonRight\"\n\t\t\tdata-wp-style--top=\"state.thisImage.buttonTop\"\n\t\t>\n\t\t\t<svg xmlns=\"http:\/\/www.w3.org\/2000\/svg\" width=\"12\" height=\"12\" fill=\"none\" viewBox=\"0 0 12 12\">\n\t\t\t\t<path fill=\"#fff\" d=\"M2 0a2 2 0 0 0-2 2v2h1.5V2a.5.5 0 0 1 .5-.5h2V0H2Zm2 10.5H2a.5.5 0 0 1-.5-.5V8H0v2a2 2 0 0 0 2 2h2v-1.5ZM8 12v-1.5h2a.5.5 0 0 0 .5-.5V8H12v2a2 2 0 0 1-2 2H8Zm2-12a2 2 0 0 1 2 2v2h-1.5V2a.5.5 0 0 0-.5-.5H8V0h2Z\" \/>\n\t\t\t<\/svg>\n\t\t<\/button><figcaption class=\"wp-element-caption\">Halloumi, o queijo que vem de Chipre (Foto: Hmioannou \/ Wikimedia Commons, CC BY 3.0)<\/figcaption><\/figure>\n\n\n\n<p class=\"wp-block-paragraph\">Ao visitar as tavernas locais, voc\u00ea n\u00e3o erra ao provar os mais diversos petiscos pequenos e compartilh\u00e1-los com os amigos \u00e0 mesa. <strong>A hospitalidade aqui \u00e9 levada muito a s\u00e9rio<\/strong>, ent\u00e3o as por\u00e7\u00f5es costumam ser bem generosas e muitas vezes vem ainda um agradinho por conta da casa.<\/p>\n\n\n\n<ul class=\"wp-block-list\">\n<li><strong>halloumi<\/strong>: esse famoso queijo de leite de ovelha e cabra vem diretamente de Chipre, grelha lindamente, n\u00e3o derrete e tem um sabor divino.<\/li>\n\n\n\n<li><strong>meze<\/strong>: um banquete tradicional feito de vinte ou mais pratinhos pequenos, e muitas tavernas oferecem um meze completamente vegetariano, cheio de pat\u00eas e queijos.<\/li>\n\n\n\n<li><strong>kolokotes<\/strong>: past\u00e9is tradicionais e totalmente vegetarianos, recheados de ab\u00f3bora doce, passas e trigo, o que cria uma combina\u00e7\u00e3o de sabores bem interessante.<\/li>\n\n\n\n<li><strong>louvi<\/strong>: um prato saud\u00e1vel e substancioso de feij\u00e3o-fradinho cozido com verduras frescas, generosamente regado com lim\u00e3o e azeite.<\/li>\n\n\n\n<li><strong>gemista<\/strong>: legumes assados at\u00e9 ficarem macios, recheados de arroz e ervas, mais frequentemente tomates grandes, piment\u00f5es ou abobrinhas.<\/li>\n\n\n\n<li><strong>kolokythokeftedes<\/strong>: deliciosos bolinhos fritos de abobrinha com queijo feta e hortel\u00e3 fresca, que combinam muito bem com um pat\u00ea de iogurte.<\/li>\n\n\n\n<li><strong>anari com xarope de alfarroba<\/strong>: um queijo de soro fresco de sabor suave, regado com xarope de alfarroba e servido como uma t\u00edpica sobremesa leve.<\/li>\n\n\n\n<li><strong>Commandaria<\/strong>: um vinho doce de sobremesa cor de \u00e2mbar que, dizem por a\u00ed, \u00e9 o vinho mais antigo ainda em produ\u00e7\u00e3o no mundo inteiro.<\/li>\n<\/ul>\n\n\n\n<p class=\"wp-block-paragraph\">\ud83d\udca1 DICA: se voc\u00ea pedir o meze vegetariano no restaurante, ele sempre vem para a mesa toda e \u00e9 uma quantidade absolutamente enorme. Definitivamente n\u00e3o pe\u00e7a mais um prato principal junto, porque voc\u00ea com certeza n\u00e3o daria conta. \ud83d\ude05<\/p>\n\n\n\n<h2 id=\"Doprava_po_Kypru_auto_autobusy_a_prechod_na_sever\" class=\"wp-block-heading\"><span class=\"ez-toc-section\" id=\"Transporte_em_Chipre_carro_onibus_e_a_travessia_para_o_norte\"><\/span>Transporte em Chipre: carro, \u00f4nibus e a travessia para o norte<span class=\"ez-toc-section-end\"><\/span><\/h2>\n\n\n\n<p class=\"wp-block-paragraph\">Circular pela ilha tem suas particularidades e \u00e9 bom se preparar para elas antes, para voc\u00ea n\u00e3o se surpreender \u00e0 toa no local. <strong>A maior pegadinha costuma ser dirigir<\/strong>, porque Chipre manteve, dos tempos do dom\u00ednio brit\u00e2nico, muitos costumes que se refletem no dia a dia. Logo depois de pousar, voc\u00ea tamb\u00e9m vai descobrir que precisa de adaptador para os eletr\u00f4nicos, porque aqui funcionam as cl\u00e1ssicas tomadas brit\u00e2nicas de tr\u00eas pinos tipo G.<\/p>\n\n\n\n<h3 id=\"Jezdi_se_vlevo\" class=\"wp-block-heading\"><span class=\"ez-toc-section\" id=\"Dirige-se_pela_esquerda\"><\/span>Dirige-se pela esquerda<span class=\"ez-toc-section-end\"><\/span><\/h3>\n\n\n\n<p class=\"wp-block-paragraph\">Como heran\u00e7a dos brit\u00e2nicos, em toda a ilha se dirige estritamente pela esquerda, com o que voc\u00ea precisa contar j\u00e1 ao pegar o carro na locadora. Todos os carros t\u00eam o volante do lado direito e voc\u00ea opera o c\u00e2mbio com a m\u00e3o esquerda, ent\u00e3o os viajantes recomendam pagar um pouco a mais pela transmiss\u00e3o autom\u00e1tica, o que poupa muito estresse. <strong>Preste aten\u00e7\u00e3o especial \u00e0s rotat\u00f3rias<\/strong>, nas quais se anda no sentido hor\u00e1rio, algo que o c\u00e9rebro tem dificuldade de assimilar no come\u00e7o.<\/p>\n\n\n\n<h3 id=\"Autobusy_versus_pujcene_auto\" class=\"wp-block-heading\"><span class=\"ez-toc-section\" id=\"Onibus_versus_carro_alugado\"><\/span>\u00d4nibus versus carro alugado<span class=\"ez-toc-section-end\"><\/span><\/h3>\n\n\n\n<p class=\"wp-block-paragraph\">Os \u00f4nibus intermunicipais funcionam de forma bem confi\u00e1vel no sul da ilha e, a um pre\u00e7o razo\u00e1vel, ligam todas as grandes cidades ao longo do litoral. Mas, se voc\u00ea planeja ir \u00e0s fresquinhas montanhas Troodos, \u00e0 selvagem pen\u00ednsula de Akamas ou ao in\u00edcio das melhores trilhas, <strong>s\u00f3 chega l\u00e1 de carro alugado<\/strong>. O transporte p\u00fablico para os lugares mais isolados ou n\u00e3o vai de jeito nenhum, ou vai s\u00f3 uma vez por dia, ent\u00e3o, sem carro pr\u00f3prio, voc\u00ea perde as paisagens naturais mais bonitas.<\/p>\n\n\n\n<h3 id=\"Jak_prejit_Zelenou_linii_na_sever\" class=\"wp-block-heading\"><span class=\"ez-toc-section\" id=\"Como_atravessar_a_Linha_Verde_para_o_norte\"><\/span>Como atravessar a Linha Verde para o norte<span class=\"ez-toc-section-end\"><\/span><\/h3>\n\n\n\n<p class=\"wp-block-paragraph\">A ilha est\u00e1 dividida desde 1974 por uma zona-tamp\u00e3o da ONU entre a Rep\u00fablica de Chipre, ao sul, e o Chipre do Norte, sendo Nic\u00f3sia a \u00faltima capital dividida da Europa. Essa Linha Verde pode ser atravessada nos postos oficiais, mas <strong>voc\u00ea sempre precisa de passaporte v\u00e1lido<\/strong>, porque a carteira de identidade comum \u00e0s vezes n\u00e3o basta e podem te mandar voltar. No norte tamb\u00e9m se paga em lira turca e, embora aceitem euros em muitos lugares, o c\u00e2mbio costuma ser bem desfavor\u00e1vel.<\/p>\n\n\n\n<p class=\"wp-block-paragraph\">O maior problema dos turistas surge com os carros alugados, porque, com um carro alugado no sul, voc\u00ea s\u00f3 pode ir ao norte com a autoriza\u00e7\u00e3o expressa da sua locadora. Al\u00e9m disso, o seu seguro do sul n\u00e3o vale de jeito nenhum no norte e <strong>voc\u00ea precisa comprar, direto no posto de fronteira, um seguro turco tempor\u00e1rio<\/strong>. J\u00e1 com carro alugado no norte n\u00e3o se pode ir ao sul de jeito nenhum, ent\u00e3o preste muita aten\u00e7\u00e3o nisso.<\/p>\n\n\n\n<h2 id=\"Kolik_stoji_dovolena_na_Kypru\" class=\"wp-block-heading\"><span class=\"ez-toc-section\" id=\"Quanto_custa_uma_viagem_a_Chipre\"><\/span>Quanto custa uma viagem a Chipre<span class=\"ez-toc-section-end\"><\/span><\/h2>\n\n\n\n<p class=\"wp-block-paragraph\">O or\u00e7amento da viagem depende principalmente do m\u00eas em que voc\u00ea decide ir, porque em julho e agosto os pre\u00e7os de hospedagem disparam. <strong>Chipre \u00e9, em geral, mais caro que a Gr\u00e9cia continental<\/strong> e sai bem mais caro que a popular Bulg\u00e1ria, mas fora da alta temporada os pre\u00e7os caem de forma agrad\u00e1vel. Todos os servi\u00e7os no sul s\u00e3o pagos em euros e, nas \u00e1reas tur\u00edsticas, voc\u00ea resolve tudo tranquilamente com cart\u00e3o.<\/p>\n\n\n\n<p class=\"wp-block-paragraph\">Abaixo trago uma estimativa aproximada de custos para duas pessoas por uma semana, para voc\u00ea ter uma ideia melhor do or\u00e7amento total. Encare os valores com margem, porque muito depende do seu estilo de viagem.<\/p>\n\n\n\n<ul class=\"wp-block-list\">\n<li><strong>Passagens:<\/strong> de S\u00e3o Paulo d\u00e1 para chegar a Larnaca ou Paphos com voo (em geral com conex\u00e3o pela Europa); uma passagem de ida e volta costuma sair, no trecho europeu, por 100 a 250 \u20ac (R$ 640 a R$ 1.590) por pessoa.<\/li>\n\n\n\n<li><strong>Hospedagem:<\/strong> por um quarto decente para dois voc\u00ea paga de 60 \u20ac a 150 \u20ac por noite (R$ 380 a R$ 950), e resorts de luxo custam tranquilamente o triplo.<\/li>\n\n\n\n<li><strong>Comida:<\/strong> almo\u00e7o ou jantar numa taverna comum sai por 15 a 25 \u20ac (R$ 95 a R$ 160) por pessoa, ent\u00e3o em uma semana voc\u00ea gasta cerca de 350 a 500 \u20ac (R$ 2.200 a R$ 3.200).<\/li>\n\n\n\n<li><strong>Aluguel de carro:<\/strong> um carro pequeno com seguro custa cerca de 30 a 50 \u20ac por dia (R$ 190 a R$ 320), e o aluguel semanal, com combust\u00edvel, consome cerca de 300 \u20ac (R$ 1.910).<\/li>\n\n\n\n<li><strong>Ingressos e atividades:<\/strong> a entrada nos parques arqueol\u00f3gicos costuma ser bem barata, em geral 4 a 5 \u20ac (R$ 25 a R$ 32), ent\u00e3o para uma semana basta um or\u00e7amento de cerca de 40 \u20ac (R$ 250).<\/li>\n<\/ul>\n\n\n\n<p class=\"wp-block-paragraph\">\ud83d\udca1 DICA: se voc\u00ea quer economizar boa parte do or\u00e7amento logo no in\u00edcio, d\u00ea uma olhada no nosso guia detalhado de <a href=\"https:\/\/loudavymkrokem.cz\/pt-br\/passagens-aereas-baratas-dicas\/\">como conseguir passagens baratas<\/a>, onde voc\u00ea encontra muitas dicas \u00fateis.<\/p>\n\n\n\n<h2 id=\"Na_co_si_dat_na_Kypru_pozor\" class=\"wp-block-heading\"><span class=\"ez-toc-section\" id=\"Com_o_que_tomar_cuidado_em_Chipre\"><\/span>Com o que tomar cuidado em Chipre<span class=\"ez-toc-section-end\"><\/span><\/h2>\n\n\n\n<p class=\"wp-block-paragraph\">Todo pa\u00eds tem suas pequenas armadilhas e \u00e9 melhor conhec\u00ea-las de antem\u00e3o do que deixar que estraguem os merecidos dias de folga. <strong>Os maiores riscos aqui n\u00e3o v\u00eam da criminalidade<\/strong>, porque a ilha est\u00e1 entre os lugares mais seguros do mundo, mas sim das regras locais e do clima implac\u00e1vel. As l\u00ednguas oficiais s\u00e3o o grego e o turco, mas, gra\u00e7as \u00e0 forte hist\u00f3ria brit\u00e2nica, voc\u00ea se comunica em ingl\u00eas em qualquer lugar sem problemas.<\/p>\n\n\n\n<ul class=\"wp-block-list\">\n<li><strong>M\u00e3o inglesa:<\/strong> o c\u00e9rebro \u00e0s vezes esquece que voc\u00ea dirige pela esquerda, ent\u00e3o vale o m\u00e1ximo de cuidado principalmente ao entrar nas rotat\u00f3rias e ao atravessar a rua.<\/li>\n\n\n\n<li><strong>Seguro e carro no norte:<\/strong> nunca v\u00e1 ao norte com carro alugado sem a autoriza\u00e7\u00e3o da locadora e sempre compre na fronteira o seguro turco, sen\u00e3o, em caso de acidente, voc\u00ea paga tudo do seu bolso.<\/li>\n\n\n\n<li><strong>Passaporte para cruzar a Linha Verde:<\/strong> para visitar a parte norte da ilha voc\u00ea precisa de passaporte; s\u00f3 a identidade muitas vezes n\u00e3o basta e os agentes te mandam de volta no posto de controle.<\/li>\n\n\n\n<li><strong>Calor extremo no ver\u00e3o:<\/strong> em julho e agosto reinam temperaturas realmente escaldantes; Larnaca, por exemplo, costuma ter m\u00e9dia de 33,4 \u00b0C, o que pode ser insuport\u00e1vel para os mais sens\u00edveis.<\/li>\n\n\n\n<li><strong>Sol forte nos monumentos:<\/strong> s\u00edtios arqueol\u00f3gicos como Paphos ou Kourion quase n\u00e3o t\u00eam sombra, ent\u00e3o v\u00e1 at\u00e9 l\u00e1 bem cedinho, com bastante \u00e1gua e chap\u00e9u.<\/li>\n\n\n\n<li><strong>\u00c1guas-vivas e ouri\u00e7os-do-mar:<\/strong> em torno das sali\u00eancias rochosas voc\u00ea \u00e0s vezes encontra ouri\u00e7os, ent\u00e3o sapatilhas de \u00e1gua n\u00e3o s\u00e3o demais, e no ver\u00e3o podem aparecer \u00e1guas-vivas perto da costa, ainda que raramente.<\/li>\n\n\n\n<li><strong>Fechamento do desfiladeiro de Avakas:<\/strong> se chover, o querido desfiladeiro de Avakas costuma ser fechado sem exce\u00e7\u00e3o por causa do risco de queda de pedras e de enxurradas repentinas.<\/li>\n<\/ul>\n\n\n\n<h2 id=\"Kypr_s_detmi\" class=\"wp-block-heading\"><span class=\"ez-toc-section\" id=\"Chipre_com_criancas\"><\/span>Chipre com crian\u00e7as<span class=\"ez-toc-section-end\"><\/span><\/h2>\n\n\n\n<p class=\"wp-block-paragraph\">Os locais simplesmente adoram fam\u00edlias com crian\u00e7as e nos restaurantes nunca v\u00e3o te olhar torto quando seu pequeno estiver tendo um dia dif\u00edcil. <strong>A ilha oferece uma \u00f3tima infraestrutura para os pequenos viajantes<\/strong>, de resorts seguros a atra\u00e7\u00f5es interessantes que divertem a fam\u00edlia toda. Como voc\u00ea acha em qualquer lugar os itens b\u00e1sicos para crian\u00e7as e fraldas, n\u00e3o precisa arrastar de casa malas superlotadas.<\/p>\n\n\n\n<ul class=\"wp-block-list\">\n<li><strong>Fig Tree Bay e Nissi Beach:<\/strong> essas duas praias famosas t\u00eam \u00e1gua incrivelmente rasa e areia fininha, ent\u00e3o as crian\u00e7as podem brincar com seguran\u00e7a por horas.<\/li>\n\n\n\n<li><strong>WaterWorld em Ayia Napa:<\/strong> o enorme parque aqu\u00e1tico com tema da Gr\u00e9cia Antiga dizem estar entre os melhores da Europa e diverte sem problema crian\u00e7as maiores e menores o dia todo.<\/li>\n\n\n\n<li><strong>Tartarugas-marinhas em Lara Bay:<\/strong> na temporada de desova, voc\u00ea pode observar com cuidado os ninhos protegidos na praia semi-selvagem de Lara Bay, o que costuma ser uma experi\u00eancia enorme para as crian\u00e7as.<\/li>\n\n\n\n<li><strong>Dist\u00e2ncias curtas e ingl\u00eas:<\/strong> as crian\u00e7as n\u00e3o v\u00e3o ficar irritadas com longos deslocamentos de carro e um eventual problema no m\u00e9dico voc\u00ea resolve f\u00e1cil com ingl\u00eas fluente.<\/li>\n\n\n\n<li><strong>Montanhas Troodos como fuga do calor:<\/strong> quando o calor no mar j\u00e1 for demais, nas montanhas arborizadas sempre faz alguns graus a menos e voc\u00ea encontra muitas caminhadas leves.<\/li>\n<\/ul>\n\n\n\n<h2 id=\"Kam_dal_dalsi_tipy_na_dovolenou_u_more\" class=\"wp-block-heading\"><span class=\"ez-toc-section\" id=\"Para_onde_mais_outras_dicas_de_viagem_a_beira-mar\"><\/span>Para onde mais: outras dicas de viagem \u00e0 beira-mar<span class=\"ez-toc-section-end\"><\/span><\/h2>\n\n\n\n<p class=\"wp-block-paragraph\">Se voc\u00ea ainda n\u00e3o sabe muito bem para onde ir este ano e est\u00e1 avaliando mais op\u00e7\u00f5es, preparamos v\u00e1rios outros guias para voc\u00ea. <strong>O Mediterr\u00e2neo oferece in\u00fameras ilhas lindas<\/strong>, ent\u00e3o com certeza voc\u00ea vai escolher o peda\u00e7o de praia certo exatamente do seu jeito. D\u00ea uma olhada nos nossos artigos favoritos, que v\u00e3o ajudar no planejamento e poupar horas de pesquisa na internet.<\/p>\n\n\n\n<ul class=\"wp-block-list\">\n<li><a href=\"https:\/\/loudavymkrokem.cz\/pt-br\/viagens-setembro-destinos\/\">Para onde viajar em setembro<\/a><\/li>\n\n\n\n<li><a href=\"https:\/\/loudavymkrokem.cz\/pt-br\/quando-ir-para-grecia\/\">Quando ir \u00e0 Gr\u00e9cia<\/a><\/li>\n\n\n\n<li><a href=\"https:\/\/loudavymkrokem.cz\/pt-br\/rodes-grecia-dicas\/\">Viagem a Rhodes<\/a><\/li>\n\n\n\n<li><a href=\"https:\/\/loudavymkrokem.cz\/pt-br\/passagens-aereas-baratas-dicas\/\">Como conseguir passagens baratas<\/a><\/li>\n\n\n\n<li><a href=\"https:\/\/loudavymkrokem.cz\/jak-vybrat-cestovni-pojisteni-na-dovolenou\/\">Seguro viagem<\/a><\/li>\n<\/ul>\n\n\n\n<h2 id=\"Casto_kladene_otazky\" class=\"wp-block-heading\"><span class=\"ez-toc-section\" id=\"Perguntas_frequentes\"><\/span>Perguntas frequentes<span class=\"ez-toc-section-end\"><\/span><\/h2>\n\n\n\n<p class=\"wp-block-paragraph\">\u00c0s vezes, ao planejar a viagem, surgem v\u00e1rias d\u00favidas pequenas que voc\u00ea precisa resolver r\u00e1pido. Por isso reunimos as coisas que as pessoas mais perguntam antes de embarcar, para voc\u00ea ter todas as informa\u00e7\u00f5es importantes juntinhas e n\u00e3o perder tempo procurando em f\u00f3runs.<\/p>\n\n\n<div id=\"rank-math-faq\" class=\"rank-math-block\">\n<div class=\"rank-math-list \">\n<div id=\"faq-question-1787756940000\" class=\"rank-math-list-item\">\n<h3 class=\"rank-math-question \"><span class=\"ez-toc-section\" id=\"Quando_e_a_melhor_epoca_para_ir_a_Chipre\"><\/span>Quando \u00e9 a melhor \u00e9poca para ir a Chipre?<span class=\"ez-toc-section-end\"><\/span><\/h3>\n<div class=\"rank-math-answer \">\n\n<p>A \u00e9poca ideal para visitar a ilha \u00e9 de abril a junho e depois de setembro a novembro, quando voc\u00ea evita os extremos do ver\u00e3o mais intenso. Segundo estat\u00edsticas de longo prazo, em agosto faz realmente um calor sufocante, com temperaturas m\u00e9dias chegando a 32,4 \u00b0C, o que dificulta bastante a visita aos pontos tur\u00edsticos. Por outro lado, os meses de outono s\u00e3o muito elogiados pelos viajantes, porque o mar est\u00e1 deliciosamente aquecido depois de todo o ver\u00e3o. At\u00e9 em novembro a \u00e1gua ainda tem agrad\u00e1veis 24,5 \u00b0C, ent\u00e3o voc\u00ea consegue se aquecer sem problemas e aproveitar o banho de mar sem multid\u00f5es.<\/p>\n\n<\/div>\n<\/div>\n<div id=\"faq-question-1787756940001\" class=\"rank-math-list-item\">\n<h3 class=\"rank-math-question \"><span class=\"ez-toc-section\" id=\"Quanto_tempo_voce_precisa_em_Chipre\"><\/span>Quanto tempo voc\u00ea precisa em Chipre?<span class=\"ez-toc-section-end\"><\/span><\/h3>\n<div class=\"rank-math-answer \">\n\n<p>Se voc\u00ea quer apenas relaxar em uma \u00e1rea e explorar seus arredores mais pr\u00f3ximos, cinco dias ser\u00e3o mais do que suficientes. Para f\u00e9rias cl\u00e1ssicas, quando voc\u00ea planeja percorrer todo o sul da ilha de Pafos at\u00e9 Ayia Napa, reserve idealmente uma semana inteira, para n\u00e3o ter que se apressar desnecessariamente. Viajantes que querem incluir as pitorescas vilas montanhosas na cordilheira de Troodos e ainda fazer uma excurs\u00e3o ao lado norte costumam escolher um roteiro de dez dias. Durante dez dias voc\u00ea consegue absorver a atmosfera local e visitar os monumentos hist\u00f3ricos mais interessantes com total tranquilidade.<\/p>\n\n<\/div>\n<\/div>\n<div id=\"faq-question-1787756940002\" class=\"rank-math-list-item\">\n<h3 class=\"rank-math-question \"><span class=\"ez-toc-section\" id=\"Da_para_nadar_em_Chipre_em_outubro_e_novembro\"><\/span>D\u00e1 para nadar em Chipre em outubro e novembro?<span class=\"ez-toc-section-end\"><\/span><\/h3>\n<div class=\"rank-math-answer \">\n\n<p>Sim, a ilha ostenta provavelmente a temporada de banho mais longa de toda a Europa e nadar no outono \u00e9 absolutamente fant\u00e1stico. Em outubro o mar tem maravilhosos 26,7 \u00b0C, o que para muitas pessoas \u00e9 muito mais agrad\u00e1vel do que uma banheira quente no meio do ver\u00e3o. Em novembro a temperatura da \u00e1gua cai levemente, mas ainda se mant\u00e9m em agrad\u00e1veis 24,5 \u00b0C, ent\u00e3o as pessoas mais resistentes mergulham nas ondas com enorme alegria. O ar j\u00e1 n\u00e3o \u00e9 t\u00e3o quente, mas o sol ainda aquece lindamente e as praias ficam agradavelmente vazias.<\/p>\n\n<\/div>\n<\/div>\n<div id=\"faq-question-1787756940003\" class=\"rank-math-list-item\">\n<h3 class=\"rank-math-question \"><span class=\"ez-toc-section\" id=\"Preciso_de_carro_em_Chipre\"><\/span>Preciso de carro em Chipre?<span class=\"ez-toc-section-end\"><\/span><\/h3>\n<div class=\"rank-math-answer \">\n\n<p>Depende principalmente do tipo de f\u00e9rias que voc\u00ea planeja ter. Se voc\u00ea pretende ficar apenas no litoral e ocasionalmente viajar entre as grandes cidades, n\u00e3o precisa necessariamente de carro, porque os \u00f4nibus funcionam muito bem. Mas se voc\u00ea quer ir \u00e0s montanhas de Troodos, explorar a remota pen\u00ednsula de Akamas ou descobrir praias isoladas, n\u00e3o conseguir\u00e1 realmente sem um carro alugado. N\u00e3o se esque\u00e7a, por\u00e9m, que aqui se dirige estritamente pela esquerda, o que pode ser um pouco estressante para alguns motoristas no in\u00edcio.<\/p>\n\n<\/div>\n<\/div>\n<div id=\"faq-question-1787756940004\" class=\"rank-math-list-item\">\n<h3 class=\"rank-math-question \"><span class=\"ez-toc-section\" id=\"Posso_ir_do_sul_para_o_norte_de_Chipre\"><\/span>Posso ir do sul para o norte de Chipre?<span class=\"ez-toc-section-end\"><\/span><\/h3>\n<div class=\"rank-math-answer \">\n\n<p>A travessia da Linha Verde \u00e9 poss\u00edvel atrav\u00e9s de postos de fronteira oficiais, mas voc\u00ea sempre precisa de um passaporte v\u00e1lido, porque com documento de identidade voc\u00ea pode ter problemas. Com um carro alugado no sul s\u00f3 \u00e9 permitido cruzar para o norte com consentimento expresso da sua locadora e voc\u00ea precisa comprar um seguro turco tempor\u00e1rio na fronteira. Na dire\u00e7\u00e3o oposta, por\u00e9m, n\u00e3o funciona de jeito nenhum, com carro alugado no norte n\u00e3o \u00e9 permitido ir ao sul em nenhuma circunst\u00e2ncia, fique realmente muito atento a isso.<\/p>\n\n<\/div>\n<\/div>\n<div id=\"faq-question-1787756940005\" class=\"rank-math-list-item\">\n<h3 class=\"rank-math-question \"><span class=\"ez-toc-section\" id=\"Chipre_e_caro\"><\/span>Chipre \u00e9 caro?<span class=\"ez-toc-section-end\"><\/span><\/h3>\n<div class=\"rank-math-answer \">\n\n<p>De modo geral, pode-se dizer que a ilha sai um pouco mais cara que a Gr\u00e9cia continental e \u00e9 significativamente mais cara que a popular Bulg\u00e1ria. O principal item no or\u00e7amento costuma ser a hospedagem durante a alta temporada de ver\u00e3o, quando os pre\u00e7os dos hot\u00e9is sobem \u00e0s alturas, e o aluguel de carro tamb\u00e9m consome uma boa quantia de dinheiro. Mas se voc\u00ea viajar fora dos meses de maior movimento, os pre\u00e7os de hospedagem caem agradavelmente e as f\u00e9rias podem ser feitas por um valor muito razo\u00e1vel. A comida nas tavernas mant\u00e9m pre\u00e7os mais ou menos est\u00e1veis e a qualidade das por\u00e7\u00f5es certamente vale o dinheiro.<\/p>\n\n<\/div>\n<\/div>\n<div id=\"faq-question-1787756940006\" class=\"rank-math-list-item\">\n<h3 class=\"rank-math-question \"><span class=\"ez-toc-section\" id=\"Como_e_a_comida_para_vegetarianos_em_Chipre\"><\/span>Como \u00e9 a comida para vegetarianos em Chipre?<span class=\"ez-toc-section-end\"><\/span><\/h3>\n<div class=\"rank-math-answer \">\n\n<p>A culin\u00e1ria local \u00e9 absolutamente fant\u00e1stica para pessoas sem carne e voc\u00ea definitivamente n\u00e3o vai passar fome. A ilha \u00e9 o lar do famoso queijo halloumi, que \u00e9 excelente grelhado, e qualquer taverna decente vai preparar com prazer um generoso meze vegetariano cheio de pastas e saladas. Voc\u00ea tamb\u00e9m deveria experimentar os tradicionais kolokotes recheados com ab\u00f3bora, o substancioso prato louvi de feij\u00e3o-frade ou a popular gemistu, que s\u00e3o legumes recheados com arroz. A oferta de pratos sem carne \u00e9 t\u00e3o ampla que voc\u00ea n\u00e3o vai saber o que escolher primeiro no card\u00e1pio.<\/p>\n\n<\/div>\n<\/div>\n<div id=\"faq-question-1787756940007\" class=\"rank-math-list-item\">\n<h3 class=\"rank-math-question \"><span class=\"ez-toc-section\" id=\"Chipre_e_seguro\"><\/span>Chipre \u00e9 seguro?<span class=\"ez-toc-section-end\"><\/span><\/h3>\n<div class=\"rank-math-answer \">\n\n<p>A ilha est\u00e1 consistentemente entre os pa\u00edses mais seguros de toda a Europa e em termos de criminalidade comum voc\u00ea realmente n\u00e3o precisa ter medo de nada. Os maiores riscos para os turistas paradoxalmente s\u00e3o o pr\u00f3prio tr\u00e2nsito, porque o tr\u00e1fego pela esquerda pode pegar pedestres desprevenidos desagradavelmente ao atravessar a rua. Outro grande perigo \u00e9 o sol traicioneiro do ver\u00e3o, que tem uma for\u00e7a incr\u00edvel, ent\u00e3o voc\u00ea n\u00e3o deveria sair de jeito nenhum sem protetor solar de qualidade e chap\u00e9u. Se voc\u00ea ficar atento a essas duas coisas, vai ter uma estadia absolutamente tranquila e sem perturba\u00e7\u00f5es.<\/p>\n\n<\/div>\n<\/div>\n<\/div>\n<\/div>","protected":false},"excerpt":{"rendered":"<p>Est\u00e1 planejando uma viagem ao Mediterr\u00e2neo e quer saber quanto custa conhecer Chipre, o que ver por l\u00e1 e com quais armadilhas tomar cuidado ao planejar?<\/p>\n","protected":false},"author":3,"featured_media":399834,"comment_status":"open","ping_status":"open","sticky":false,"template":"","format":"standard","meta":{"_acf_changed":false,"footnotes":"","rank_math_title":"Chipre: 24 dicas do que ver e onde ir em 2026","rank_math_description":"Descubra o que ver em Chipre: 24 dicas de praias, ru\u00ednas e montanhas, clima m\u00eas a m\u00eas, onde ficar e quanto custa. Planeje sua viagem \u00e0 ilha agora!","rank_math_focus_keyword":"chipre","rank_math_seo_score":""},"categories":[1121,1104],"tags":[],"class_list":["post-409739","post","type-post","status-publish","format-standard","has-post-thumbnail","category-europa","category-viagens"],"acf":[],"featured_image_src":"https:\/\/loudavymkrokem.cz\/wp-content\/uploads\/2026\/08\/dovolena-kypr-hero.jpg","author_info":{"display_name":"Lucie Kone\u010dn\u00e1","author_link":"https:\/\/loudavymkrokem.cz\/pt-br\/author\/lucie-konecna\/"},"_links":{"self":[{"href":"https:\/\/loudavymkrokem.cz\/pt-br\/wp-json\/wp\/v2\/posts\/409739","targetHints":{"allow":["GET"]}}],"collection":[{"href":"https:\/\/loudavymkrokem.cz\/pt-br\/wp-json\/wp\/v2\/posts"}],"about":[{"href":"https:\/\/loudavymkrokem.cz\/pt-br\/wp-json\/wp\/v2\/types\/post"}],"author":[{"embeddable":true,"href":"https:\/\/loudavymkrokem.cz\/pt-br\/wp-json\/wp\/v2\/users\/3"}],"replies":[{"embeddable":true,"href":"https:\/\/loudavymkrokem.cz\/pt-br\/wp-json\/wp\/v2\/comments?post=409739"}],"version-history":[{"count":0,"href":"https:\/\/loudavymkrokem.cz\/pt-br\/wp-json\/wp\/v2\/posts\/409739\/revisions"}],"wp:featuredmedia":[{"embeddable":true,"href":"https:\/\/loudavymkrokem.cz\/pt-br\/wp-json\/wp\/v2\/media\/399834"}],"wp:attachment":[{"href":"https:\/\/loudavymkrokem.cz\/pt-br\/wp-json\/wp\/v2\/media?parent=409739"}],"wp:term":[{"taxonomy":"category","embeddable":true,"href":"https:\/\/loudavymkrokem.cz\/pt-br\/wp-json\/wp\/v2\/categories?post=409739"},{"taxonomy":"post_tag","embeddable":true,"href":"https:\/\/loudavymkrokem.cz\/pt-br\/wp-json\/wp\/v2\/tags?post=409739"}],"curies":[{"name":"wp","href":"https:\/\/api.w.org\/{rel}","templated":true}]}}