{"id":409714,"date":"2026-08-26T17:30:05","date_gmt":"2026-08-26T15:30:05","guid":{"rendered":"https:\/\/loudavymkrokem.cz\/o-que-ver-em-pisek\/"},"modified":"2026-08-31T11:22:56","modified_gmt":"2026-08-31T09:22:56","slug":"o-que-ver-em-pisek","status":"publish","type":"post","link":"https:\/\/loudavymkrokem.cz\/pt-br\/o-que-ver-em-pisek\/","title":{"rendered":"O que ver em P\u00edsek: 39 dicas de uma local sobre monumentos e mirantes secretos"},"content":{"rendered":"\n<p class=\"wp-block-paragraph\"><strong>Eu nasci em P\u00edsek.<\/strong> Depois morei muitos anos em Praga, rodei um bom peda\u00e7o da <strong><a href=\"https:\/\/loudavymkrokem.cz\/pt-br\/viagens\/europa\/\" data-type=\"link\" data-id=\"https:\/\/loudavymkrokem.cz\/cestovani\/evropa\/\" target=\"_blank\" rel=\"noreferrer noopener\">Europa<\/a><\/strong>, conheci muitas cidades lindas e, no fim, meu marido e eu voltamos para c\u00e1, para as margens do rio Otava. Hoje moramos aqui com nosso filho Jon\u00e1\u0161ek e eu continuo dizendo que P\u00edsek \u00e9 uma das cidades mais bonitas do sul da Bo\u00eamia. \ud83d\ude0a<\/p>\n\n\n\n<p class=\"wp-block-paragraph\"><strong>P\u00edsek \u00e9 a cidade onde nasci e onde hoje moro de novo com a fam\u00edlia.<\/strong> Conhe\u00e7o cada ruazinha, sei onde tomar o melhor caf\u00e9 (e onde \u00e9 melhor evitar), onde no ver\u00e3o d\u00e1 para descer at\u00e9 o rio sem que nenhum turista te veja, e tamb\u00e9m sei o que realmente n\u00e3o vale a pena visitar (sim, vou ser sincera). \u00c9 uma cidadezinha que talvez n\u00e3o te impressione \u00e0 primeira vista com uma arquitetura monumental como \u010cesk\u00fd Krumlov, mas que aos poucos te conquista: pela atmosfera, pela calma \u00e0 beira do rio, pela hist\u00f3ria em cada esquina e por aquele clima descontra\u00eddo do sul da Bo\u00eamia, que \u00e9 dif\u00edcil de descrever, mas se reconhece na hora.<\/p>\n\n\n\n<p class=\"wp-block-paragraph\">Se voc\u00ea est\u00e1 procurando <strong>o que ver em P\u00edsek<\/strong> e espera listas secas de monumentos, vou te surpreender um pouquinho. Este artigo \u00e9 mais como um passeio pela cidade com uma amiga, que vai te mostrar at\u00e9 lugares que voc\u00ea n\u00e3o encontra em nenhum guia. Preparei para voc\u00ea <strong>39 dicas de monumentos, lugares interessantes e caf\u00e9s<\/strong>, e como tenho um menino de dois anos em casa, tamb\u00e9m vou te contar <strong>o que fazer em P\u00edsek e arredores com crian\u00e7as<\/strong>. Ent\u00e3o bora l\u00e1.<\/p>\n\n\n\n<figure data-wp-context=\"{&quot;imageId&quot;:&quot;6a9563368f0cf&quot;}\" data-wp-interactive=\"core\/image\" data-wp-key=\"6a9563368f0cf\" class=\"wp-block-image size-full wp-lightbox-container\"><img decoding=\"async\" width=\"2200\" height=\"1467\" data-wp-class--hide=\"state.isContentHidden\" data-wp-class--show=\"state.isContentVisible\" data-wp-init=\"callbacks.setButtonStyles\" data-wp-on--click=\"actions.showLightbox\" data-wp-on--load=\"callbacks.setButtonStyles\" data-wp-on--pointerdown=\"actions.preloadImage\" data-wp-on--pointerenter=\"actions.preloadImageWithDelay\" data-wp-on--pointerleave=\"actions.cancelPreload\" data-wp-on-window--resize=\"callbacks.setButtonStyles\" src=\"https:\/\/loudavymkrokem.cz\/wp-content\/uploads\/2026\/08\/pisek-kamenny-most-zapad-slunce.jpg\" alt=\"Ponte de pedra em P\u00edsek ao p\u00f4r do sol\" class=\"wp-image-399321\" title=\"\" srcset=\"https:\/\/loudavymkrokem.cz\/wp-content\/uploads\/2026\/08\/pisek-kamenny-most-zapad-slunce.jpg 2200w, https:\/\/loudavymkrokem.cz\/wp-content\/uploads\/2026\/08\/pisek-kamenny-most-zapad-slunce-300x200.jpg 300w, https:\/\/loudavymkrokem.cz\/wp-content\/uploads\/2026\/08\/pisek-kamenny-most-zapad-slunce-700x467.jpg 700w, https:\/\/loudavymkrokem.cz\/wp-content\/uploads\/2026\/08\/pisek-kamenny-most-zapad-slunce-768x512.jpg 768w, https:\/\/loudavymkrokem.cz\/wp-content\/uploads\/2026\/08\/pisek-kamenny-most-zapad-slunce-1536x1024.jpg 1536w, https:\/\/loudavymkrokem.cz\/wp-content\/uploads\/2026\/08\/pisek-kamenny-most-zapad-slunce-2048x1366.jpg 2048w, https:\/\/loudavymkrokem.cz\/wp-content\/uploads\/2026\/08\/pisek-kamenny-most-zapad-slunce-696x464.jpg 696w, https:\/\/loudavymkrokem.cz\/wp-content\/uploads\/2026\/08\/pisek-kamenny-most-zapad-slunce-1392x928.jpg 1392w, https:\/\/loudavymkrokem.cz\/wp-content\/uploads\/2026\/08\/pisek-kamenny-most-zapad-slunce-1920x1280.jpg 1920w\" sizes=\"(max-width: 2200px) 100vw, 2200px\" \/><button\n\t\t\tclass=\"lightbox-trigger\"\n\t\t\ttype=\"button\"\n\t\t\taria-haspopup=\"dialog\"\n\t\t\tdata-wp-bind--aria-label=\"state.thisImage.triggerButtonAriaLabel\"\n\t\t\tdata-wp-init=\"callbacks.initTriggerButton\"\n\t\t\tdata-wp-on--click=\"actions.showLightbox\"\n\t\t\tdata-wp-style--right=\"state.thisImage.buttonRight\"\n\t\t\tdata-wp-style--top=\"state.thisImage.buttonTop\"\n\t\t>\n\t\t\t<svg xmlns=\"http:\/\/www.w3.org\/2000\/svg\" width=\"12\" height=\"12\" fill=\"none\" viewBox=\"0 0 12 12\">\n\t\t\t\t<path fill=\"#fff\" d=\"M2 0a2 2 0 0 0-2 2v2h1.5V2a.5.5 0 0 1 .5-.5h2V0H2Zm2 10.5H2a.5.5 0 0 1-.5-.5V8H0v2a2 2 0 0 0 2 2h2v-1.5ZM8 12v-1.5h2a.5.5 0 0 0 .5-.5V8H12v2a2 2 0 0 1-2 2H8Zm2-12a2 2 0 0 1 2 2v2h-1.5V2a.5.5 0 0 0-.5-.5H8V0h2Z\" \/>\n\t\t\t<\/svg>\n\t\t<\/button><\/figure>\n\n\n\n<div id=\"ez-toc-container\" class=\"ez-toc-v2_0_86 ez-toc-wrap-left counter-hierarchy ez-toc-counter ez-toc-grey ez-toc-container-direction\">\n<div class=\"ez-toc-title-container\">\n<p class=\"ez-toc-title\" style=\"cursor:inherit\">Conte\u00fado do artigo<\/p>\n<span class=\"ez-toc-title-toggle\"><a href=\"#\" class=\"ez-toc-pull-right ez-toc-btn ez-toc-btn-xs ez-toc-btn-default ez-toc-toggle\" aria-label=\"Alternar tabela de conte\u00fado\"><span class=\"ez-toc-js-icon-con\"><span class=\"\"><span class=\"eztoc-hide\" style=\"display:none;\">Toggle<\/span><span class=\"ez-toc-icon-toggle-span\"><svg style=\"fill: #999;color:#999\" xmlns=\"http:\/\/www.w3.org\/2000\/svg\" class=\"list-377408\" width=\"20px\" height=\"20px\" viewBox=\"0 0 24 24\" fill=\"none\"><path d=\"M6 6H4v2h2V6zm14 0H8v2h12V6zM4 11h2v2H4v-2zm16 0H8v2h12v-2zM4 16h2v2H4v-2zm16 0H8v2h12v-2z\" fill=\"currentColor\"><\/path><\/svg><svg style=\"fill: #999;color:#999\" class=\"arrow-unsorted-368013\" xmlns=\"http:\/\/www.w3.org\/2000\/svg\" width=\"10px\" height=\"10px\" viewBox=\"0 0 24 24\" version=\"1.2\" baseProfile=\"tiny\"><path d=\"M18.2 9.3l-6.2-6.3-6.2 6.3c-.2.2-.3.4-.3.7s.1.5.3.7c.2.2.4.3.7.3h11c.3 0 .5-.1.7-.3.2-.2.3-.5.3-.7s-.1-.5-.3-.7zM5.8 14.7l6.2 6.3 6.2-6.3c.2-.2.3-.5.3-.7s-.1-.5-.3-.7c-.2-.2-.4-.3-.7-.3h-11c-.3 0-.5.1-.7.3-.2.2-.3.5-.3.7s.1.5.3.7z\"\/><\/svg><\/span><\/span><\/span><\/a><\/span><\/div>\n<nav><ul class='ez-toc-list ez-toc-list-level-1 ' ><li class='ez-toc-page-1 ez-toc-heading-level-2'><a class=\"ez-toc-link ez-toc-heading-1\" href=\"https:\/\/loudavymkrokem.cz\/pt-br\/o-que-ver-em-pisek\/#Resumo\" >Resumo<\/a><\/li><li class='ez-toc-page-1 ez-toc-heading-level-2'><a class=\"ez-toc-link ez-toc-heading-2\" href=\"https:\/\/loudavymkrokem.cz\/pt-br\/o-que-ver-em-pisek\/#O_que_torna_Pisek_especial_e_por_que_vale_a_pena_visitar\" >O que torna P\u00edsek especial e por que vale a pena visitar<\/a><\/li><li class='ez-toc-page-1 ez-toc-heading-level-2'><a class=\"ez-toc-link ez-toc-heading-3\" href=\"https:\/\/loudavymkrokem.cz\/pt-br\/o-que-ver-em-pisek\/#Quando_ir_a_Pisek_e_como_chegar\" >Quando ir a P\u00edsek e como chegar<\/a><ul class='ez-toc-list-level-3' ><li class='ez-toc-heading-level-3'><a class=\"ez-toc-link ez-toc-heading-4\" href=\"https:\/\/loudavymkrokem.cz\/pt-br\/o-que-ver-em-pisek\/#Como_chegar_a_Pisek\" >Como chegar a P\u00edsek<\/a><\/li><\/ul><\/li><li class='ez-toc-page-1 ez-toc-heading-level-2'><a class=\"ez-toc-link ez-toc-heading-5\" href=\"https:\/\/loudavymkrokem.cz\/pt-br\/o-que-ver-em-pisek\/#Onde_se_hospedar_em_Pisek_e_quanto_custa\" >Onde se hospedar em P\u00edsek e quanto custa<\/a><\/li><li class='ez-toc-page-1 ez-toc-heading-level-2'><a class=\"ez-toc-link ez-toc-heading-6\" href=\"https:\/\/loudavymkrokem.cz\/pt-br\/o-que-ver-em-pisek\/#O_que_ver_em_Pisek_39_dicas_de_monumentos_e_lugares_interessantes\" >O que ver em P\u00edsek: 39 dicas de monumentos e lugares interessantes<\/a><ul class='ez-toc-list-level-3' ><li class='ez-toc-heading-level-3'><a class=\"ez-toc-link ez-toc-heading-7\" href=\"https:\/\/loudavymkrokem.cz\/pt-br\/o-que-ver-em-pisek\/#1_Ponte_de_Pedra_Ponte_dos_Cervos_%E2%80%93_a_ponte_de_pedra_mais_antiga_da_Chequia\" >1. Ponte de Pedra (Ponte dos Cervos) \u2013 a ponte de pedra mais antiga da Ch\u00e9quia<\/a><\/li><li class='ez-toc-page-1 ez-toc-heading-level-3'><a class=\"ez-toc-link ez-toc-heading-8\" href=\"https:\/\/loudavymkrokem.cz\/pt-br\/o-que-ver-em-pisek\/#2_Portao_de_Putim_e_a_rua_Frani_Sramka\" >2. Port\u00e3o de Putim e a rua Fr\u00e1ni \u0160r\u00e1mka<\/a><\/li><li class='ez-toc-page-1 ez-toc-heading-level-3'><a class=\"ez-toc-link ez-toc-heading-9\" href=\"https:\/\/loudavymkrokem.cz\/pt-br\/o-que-ver-em-pisek\/#3_Castelo_muralhas_e_o_Museu_Prachenske\" >3. Castelo, muralhas e o Museu Pr\u00e1che\u0148sk\u00e9<\/a><\/li><li class='ez-toc-page-1 ez-toc-heading-level-3'><a class=\"ez-toc-link ez-toc-heading-10\" href=\"https:\/\/loudavymkrokem.cz\/pt-br\/o-que-ver-em-pisek\/#4_Usina_eletrica_municipal_de_Krizik\" >4. Usina el\u00e9trica municipal de K\u0159i\u017e\u00edk<\/a><\/li><li class='ez-toc-page-1 ez-toc-heading-level-3'><a class=\"ez-toc-link ez-toc-heading-11\" href=\"https:\/\/loudavymkrokem.cz\/pt-br\/o-que-ver-em-pisek\/#5_Haras_Nacional\" >5. Haras Nacional<\/a><\/li><li class='ez-toc-page-1 ez-toc-heading-level-3'><a class=\"ez-toc-link ez-toc-heading-12\" href=\"https:\/\/loudavymkrokem.cz\/pt-br\/o-que-ver-em-pisek\/#6_Igreja_da_Natividade_da_Virgem_Maria\" >6. Igreja da Natividade da Virgem Maria<\/a><\/li><li class='ez-toc-page-1 ez-toc-heading-level-3'><a class=\"ez-toc-link ez-toc-heading-13\" href=\"https:\/\/loudavymkrokem.cz\/pt-br\/o-que-ver-em-pisek\/#7_A_Praca_Grande_e_a_Praca_Alsovo_com_as_Pedras_dos_Desaparecidos\" >7. A Pra\u00e7a Grande e a Pra\u00e7a Al\u0161ovo com as Pedras dos Desaparecidos<\/a><\/li><li class='ez-toc-page-1 ez-toc-heading-level-3'><a class=\"ez-toc-link ez-toc-heading-14\" href=\"https:\/\/loudavymkrokem.cz\/pt-br\/o-que-ver-em-pisek\/#8_Coluna_da_Peste_de_Nossa_Senhora_na_Praca_Alsovo\" >8. Coluna da Peste de Nossa Senhora na Pra\u00e7a Al\u0161ovo<\/a><\/li><li class='ez-toc-page-1 ez-toc-heading-level-3'><a class=\"ez-toc-link ez-toc-heading-15\" href=\"https:\/\/loudavymkrokem.cz\/pt-br\/o-que-ver-em-pisek\/#9_Quartel\" >9. Quartel<\/a><\/li><li class='ez-toc-page-1 ez-toc-heading-level-3'><a class=\"ez-toc-link ez-toc-heading-16\" href=\"https:\/\/loudavymkrokem.cz\/pt-br\/o-que-ver-em-pisek\/#10_Prefeitura_municipal\" >10. Prefeitura municipal<\/a><\/li><li class='ez-toc-page-1 ez-toc-heading-level-3'><a class=\"ez-toc-link ez-toc-heading-17\" href=\"https:\/\/loudavymkrokem.cz\/pt-br\/o-que-ver-em-pisek\/#11_Igreja_da_Exaltacao_da_Santa_Cruz\" >11. Igreja da Exalta\u00e7\u00e3o da Santa Cruz<\/a><\/li><li class='ez-toc-page-1 ez-toc-heading-level-3'><a class=\"ez-toc-link ez-toc-heading-18\" href=\"https:\/\/loudavymkrokem.cz\/pt-br\/o-que-ver-em-pisek\/#12_Acougues_Medievais_Masne_kramy\" >12. A\u00e7ougues Medievais (Masn\u00e9 kr\u00e1my)<\/a><\/li><li class='ez-toc-page-1 ez-toc-heading-level-3'><a class=\"ez-toc-link ez-toc-heading-19\" href=\"https:\/\/loudavymkrokem.cz\/pt-br\/o-que-ver-em-pisek\/#13_Biblioteca_municipal_e_o_cafe_Upekla\" >13. Biblioteca municipal e o caf\u00e9 Upekla<\/a><\/li><li class='ez-toc-page-1 ez-toc-heading-level-3'><a class=\"ez-toc-link ez-toc-heading-20\" href=\"https:\/\/loudavymkrokem.cz\/pt-br\/o-que-ver-em-pisek\/#14_Predio_da_delegacia_de_policia_antiga_biblioteca\" >14. Pr\u00e9dio da delegacia de pol\u00edcia (antiga biblioteca)<\/a><\/li><li class='ez-toc-page-1 ez-toc-heading-level-3'><a class=\"ez-toc-link ez-toc-heading-21\" href=\"https:\/\/loudavymkrokem.cz\/pt-br\/o-que-ver-em-pisek\/#15_Estatua_de_Sao_Floriano\" >15. Est\u00e1tua de S\u00e3o Floriano<\/a><\/li><li class='ez-toc-page-1 ez-toc-heading-level-3'><a class=\"ez-toc-link ez-toc-heading-22\" href=\"https:\/\/loudavymkrokem.cz\/pt-br\/o-que-ver-em-pisek\/#16_Parque_Palackeho_sady\" >16. Parque Palack\u00e9ho sady<\/a><\/li><li class='ez-toc-page-1 ez-toc-heading-level-3'><a class=\"ez-toc-link ez-toc-heading-23\" href=\"https:\/\/loudavymkrokem.cz\/pt-br\/o-que-ver-em-pisek\/#17_Pavilhao_de_Schrenk\" >17. Pavilh\u00e3o de Schrenk<\/a><\/li><li class='ez-toc-page-1 ez-toc-heading-level-3'><a class=\"ez-toc-link ez-toc-heading-24\" href=\"https:\/\/loudavymkrokem.cz\/pt-br\/o-que-ver-em-pisek\/#18_Fonte_de_Netuno\" >18. Fonte de Netuno<\/a><\/li><li class='ez-toc-page-1 ez-toc-heading-level-3'><a class=\"ez-toc-link ez-toc-heading-25\" href=\"https:\/\/loudavymkrokem.cz\/pt-br\/o-que-ver-em-pisek\/#19_Monumentos_a_Adolf_Heyduk_e_Frantisek_Palacky\" >19. Monumentos a Adolf Heyduk e Franti\u0161ek Palack\u00fd<\/a><\/li><li class='ez-toc-page-1 ez-toc-heading-level-3'><a class=\"ez-toc-link ez-toc-heading-26\" href=\"https:\/\/loudavymkrokem.cz\/pt-br\/o-que-ver-em-pisek\/#20_Casa_de_Adolf_Heyduk\" >20. Casa de Adolf Heyduk<\/a><\/li><li class='ez-toc-page-1 ez-toc-heading-level-3'><a class=\"ez-toc-link ez-toc-heading-27\" href=\"https:\/\/loudavymkrokem.cz\/pt-br\/o-que-ver-em-pisek\/#21_Caramanchao_de_Kronberger\" >21. Caramanch\u00e3o de Kronberger<\/a><\/li><li class='ez-toc-page-1 ez-toc-heading-level-3'><a class=\"ez-toc-link ez-toc-heading-28\" href=\"https:\/\/loudavymkrokem.cz\/pt-br\/o-que-ver-em-pisek\/#22_Hotel_Otava\" >22. Hotel Otava<\/a><\/li><li class='ez-toc-page-1 ez-toc-heading-level-3'><a class=\"ez-toc-link ez-toc-heading-29\" href=\"https:\/\/loudavymkrokem.cz\/pt-br\/o-que-ver-em-pisek\/#23_Sinagoga_judaica\" >23. Sinagoga judaica<\/a><\/li><li class='ez-toc-page-1 ez-toc-heading-level-3'><a class=\"ez-toc-link ez-toc-heading-30\" href=\"https:\/\/loudavymkrokem.cz\/pt-br\/o-que-ver-em-pisek\/#24_Predio_da_policlinica\" >24. Pr\u00e9dio da policl\u00ednica<\/a><\/li><li class='ez-toc-page-1 ez-toc-heading-level-3'><a class=\"ez-toc-link ez-toc-heading-31\" href=\"https:\/\/loudavymkrokem.cz\/pt-br\/o-que-ver-em-pisek\/#25_Casa_das_Balas_e_casas_burguesas\" >25. Casa das Balas e casas burguesas<\/a><\/li><li class='ez-toc-page-1 ez-toc-heading-level-3'><a class=\"ez-toc-link ez-toc-heading-32\" href=\"https:\/\/loudavymkrokem.cz\/pt-br\/o-que-ver-em-pisek\/#26_Ponte_Nova\" >26. Ponte Nova<\/a><\/li><li class='ez-toc-page-1 ez-toc-heading-level-3'><a class=\"ez-toc-link ez-toc-heading-33\" href=\"https:\/\/loudavymkrokem.cz\/pt-br\/o-que-ver-em-pisek\/#27_Sokolovna\" >27. Sokolovna<\/a><\/li><li class='ez-toc-page-1 ez-toc-heading-level-3'><a class=\"ez-toc-link ez-toc-heading-34\" href=\"https:\/\/loudavymkrokem.cz\/pt-br\/o-que-ver-em-pisek\/#28_Correio_Antigo\" >28. Correio Antigo<\/a><\/li><li class='ez-toc-page-1 ez-toc-heading-level-3'><a class=\"ez-toc-link ez-toc-heading-35\" href=\"https:\/\/loudavymkrokem.cz\/pt-br\/o-que-ver-em-pisek\/#29_Vila_Raab\" >29. Vila Raab<\/a><\/li><li class='ez-toc-page-1 ez-toc-heading-level-3'><a class=\"ez-toc-link ez-toc-heading-36\" href=\"https:\/\/loudavymkrokem.cz\/pt-br\/o-que-ver-em-pisek\/#30_Monumento_aos_mortos_em_Melegnano_e_Solferino\" >30. Monumento aos mortos em Melegnano e Solferino<\/a><\/li><li class='ez-toc-page-1 ez-toc-heading-level-3'><a class=\"ez-toc-link ez-toc-heading-37\" href=\"https:\/\/loudavymkrokem.cz\/pt-br\/o-que-ver-em-pisek\/#31_Capela_de_Nossa_Senhora\" >31. Capela de Nossa Senhora<\/a><\/li><li class='ez-toc-page-1 ez-toc-heading-level-3'><a class=\"ez-toc-link ez-toc-heading-38\" href=\"https:\/\/loudavymkrokem.cz\/pt-br\/o-que-ver-em-pisek\/#32_Igreja_da_Santissima_Trindade\" >32. Igreja da Sant\u00edssima Trindade<\/a><\/li><li class='ez-toc-page-1 ez-toc-heading-level-3'><a class=\"ez-toc-link ez-toc-heading-39\" href=\"https:\/\/loudavymkrokem.cz\/pt-br\/o-que-ver-em-pisek\/#33_Igreja_de_Sao_Venceslau\" >33. Igreja de S\u00e3o Venceslau<\/a><\/li><li class='ez-toc-page-1 ez-toc-heading-level-3'><a class=\"ez-toc-link ez-toc-heading-40\" href=\"https:\/\/loudavymkrokem.cz\/pt-br\/o-que-ver-em-pisek\/#34_Fortificacao_antiga_Hradiste\" >34. Fortifica\u00e7\u00e3o antiga (Hradi\u0161t\u011b)<\/a><\/li><li class='ez-toc-page-1 ez-toc-heading-level-3'><a class=\"ez-toc-link ez-toc-heading-41\" href=\"https:\/\/loudavymkrokem.cz\/pt-br\/o-que-ver-em-pisek\/#35_Caminho_das_Pedras_da_Dor\" >35. Caminho das Pedras da Dor<\/a><\/li><li class='ez-toc-page-1 ez-toc-heading-level-3'><a class=\"ez-toc-link ez-toc-heading-42\" href=\"https:\/\/loudavymkrokem.cz\/pt-br\/o-que-ver-em-pisek\/#36_Vila_Marta_e_a_passarela_Dagmar_Simkova\" >36. Vila Marta e a passarela Dagmar \u0160imkov\u00e1<\/a><\/li><li class='ez-toc-page-1 ez-toc-heading-level-3'><a class=\"ez-toc-link ez-toc-heading-43\" href=\"https:\/\/loudavymkrokem.cz\/pt-br\/o-que-ver-em-pisek\/#37_Teatro_Frani_Sramka\" >37. Teatro Fr\u00e1ni \u0160r\u00e1mka<\/a><\/li><li class='ez-toc-page-1 ez-toc-heading-level-3'><a class=\"ez-toc-link ez-toc-heading-44\" href=\"https:\/\/loudavymkrokem.cz\/pt-br\/o-que-ver-em-pisek\/#38_Deanato\" >38. Deanato<\/a><\/li><li class='ez-toc-page-1 ez-toc-heading-level-3'><a class=\"ez-toc-link ez-toc-heading-45\" href=\"https:\/\/loudavymkrokem.cz\/pt-br\/o-que-ver-em-pisek\/#39_Parapeitos_junto_ao_Portao_de_Putim\" >39. Parapeitos junto ao Port\u00e3o de Putim<\/a><\/li><\/ul><\/li><li class='ez-toc-page-1 ez-toc-heading-level-2'><a class=\"ez-toc-link ez-toc-heading-46\" href=\"https:\/\/loudavymkrokem.cz\/pt-br\/o-que-ver-em-pisek\/#O_que_fazer_em_Pisek_com_criancas_dicas_para_familias_na_cidade_e_nos_arredores\" >O que fazer em P\u00edsek com crian\u00e7as: dicas para fam\u00edlias na cidade e nos arredores<\/a><ul class='ez-toc-list-level-3' ><li class='ez-toc-heading-level-3'><a class=\"ez-toc-link ez-toc-heading-47\" href=\"https:\/\/loudavymkrokem.cz\/pt-br\/o-que-ver-em-pisek\/#Sladovna_Pisek_uma_galeria_gigante_para_brincar\" >Sladovna P\u00edsek: uma galeria gigante para brincar<\/a><\/li><li class='ez-toc-page-1 ez-toc-heading-level-3'><a class=\"ez-toc-link ez-toc-heading-48\" href=\"https:\/\/loudavymkrokem.cz\/pt-br\/o-que-ver-em-pisek\/#Esculturas_de_areia_na_orla_antigo_Cipiskoviste\" >Esculturas de areia na orla (antigo Cip\u00edskovi\u0161t\u011b)<\/a><\/li><li class='ez-toc-page-1 ez-toc-heading-level-3'><a class=\"ez-toc-link ez-toc-heading-49\" href=\"https:\/\/loudavymkrokem.cz\/pt-br\/o-que-ver-em-pisek\/#Travel_Cafe_cafe_com_caixa_de_areia\" >Travel Cafe: caf\u00e9 com caixa de areia<\/a><\/li><li class='ez-toc-page-1 ez-toc-heading-level-3'><a class=\"ez-toc-link ez-toc-heading-50\" href=\"https:\/\/loudavymkrokem.cz\/pt-br\/o-que-ver-em-pisek\/#Espacos_de_brincar_em_Pisek_Myska_herna_e_cia\" >Espa\u00e7os de brincar em P\u00edsek: My\u0161ka herna e cia.<\/a><\/li><li class='ez-toc-page-1 ez-toc-heading-level-3'><a class=\"ez-toc-link ez-toc-heading-51\" href=\"https:\/\/loudavymkrokem.cz\/pt-br\/o-que-ver-em-pisek\/#Reserva_U_Vodaka\" >Reserva U Vod\u00e1ka<\/a><\/li><li class='ez-toc-page-1 ez-toc-heading-level-3'><a class=\"ez-toc-link ez-toc-heading-52\" href=\"https:\/\/loudavymkrokem.cz\/pt-br\/o-que-ver-em-pisek\/#Chale_Zivec_e_o_labirinto_3D\" >Chal\u00e9 \u017divec e o labirinto 3D<\/a><\/li><li class='ez-toc-page-1 ez-toc-heading-level-3'><a class=\"ez-toc-link ez-toc-heading-53\" href=\"https:\/\/loudavymkrokem.cz\/pt-br\/o-que-ver-em-pisek\/#Ilha_da_Cidade\" >Ilha da Cidade<\/a><\/li><li class='ez-toc-page-1 ez-toc-heading-level-3'><a class=\"ez-toc-link ez-toc-heading-54\" href=\"https:\/\/loudavymkrokem.cz\/pt-br\/o-que-ver-em-pisek\/#Hernajs\" >Hernajs<\/a><\/li><li class='ez-toc-page-1 ez-toc-heading-level-3'><a class=\"ez-toc-link ez-toc-heading-55\" href=\"https:\/\/loudavymkrokem.cz\/pt-br\/o-que-ver-em-pisek\/#Mini_Academy\" >Mini Academy<\/a><\/li><li class='ez-toc-page-1 ez-toc-heading-level-3'><a class=\"ez-toc-link ez-toc-heading-56\" href=\"https:\/\/loudavymkrokem.cz\/pt-br\/o-que-ver-em-pisek\/#Parquinho_de_transito_junto_a_Sao_Venceslau\" >Parquinho de tr\u00e2nsito junto \u00e0 S\u00e3o Venceslau<\/a><\/li><li class='ez-toc-page-1 ez-toc-heading-level-3'><a class=\"ez-toc-link ez-toc-heading-57\" href=\"https:\/\/loudavymkrokem.cz\/pt-br\/o-que-ver-em-pisek\/#Nase_zviratka_Putim_minizoo_gratuito\" >Na\u0161e zv\u00ed\u0159\u00e1tka Putim: minizoo gratuito<\/a><\/li><li class='ez-toc-page-1 ez-toc-heading-level-3'><a class=\"ez-toc-link ez-toc-heading-58\" href=\"https:\/\/loudavymkrokem.cz\/pt-br\/o-que-ver-em-pisek\/#Piscina_junto_a_Sao_Venceslau_banho_com_vista_para_o_Otava\" >Piscina junto \u00e0 S\u00e3o Venceslau: banho com vista para o Otava<\/a><\/li><li class='ez-toc-page-1 ez-toc-heading-level-3'><a class=\"ez-toc-link ez-toc-heading-59\" href=\"https:\/\/loudavymkrokem.cz\/pt-br\/o-que-ver-em-pisek\/#De_barco_pelo_Otava_canoagem_ate_para_familias\" >De barco pelo Otava: canoagem at\u00e9 para fam\u00edlias<\/a><\/li><li class='ez-toc-page-1 ez-toc-heading-level-3'><a class=\"ez-toc-link ez-toc-heading-60\" href=\"https:\/\/loudavymkrokem.cz\/pt-br\/o-que-ver-em-pisek\/#Zemeraj_junto_a_Kovarov_um_dia_na_Alta_Idade_Media\" >Zem\u011br\u00e1j junto a Kov\u00e1\u0159ov: um dia na Alta Idade M\u00e9dia<\/a><\/li><li class='ez-toc-page-1 ez-toc-heading-level-3'><a class=\"ez-toc-link ez-toc-heading-61\" href=\"https:\/\/loudavymkrokem.cz\/pt-br\/o-que-ver-em-pisek\/#De_trenzinho_Elinka_pela_ponte_Duha\" >De trenzinho Elinka pela ponte Duha<\/a><\/li><\/ul><\/li><li class='ez-toc-page-1 ez-toc-heading-level-2'><a class=\"ez-toc-link ez-toc-heading-62\" href=\"https:\/\/loudavymkrokem.cz\/pt-br\/o-que-ver-em-pisek\/#O_que_fazer_em_Pisek_quando_chove\" >O que fazer em P\u00edsek quando chove<\/a><\/li><li class='ez-toc-page-1 ez-toc-heading-level-2'><a class=\"ez-toc-link ez-toc-heading-63\" href=\"https:\/\/loudavymkrokem.cz\/pt-br\/o-que-ver-em-pisek\/#Onde_estacionar_em_Pisek\" >Onde estacionar em P\u00edsek<\/a><\/li><li class='ez-toc-page-1 ez-toc-heading-level-2'><a class=\"ez-toc-link ez-toc-heading-64\" href=\"https:\/\/loudavymkrokem.cz\/pt-br\/o-que-ver-em-pisek\/#Onde_comer_e_beber_bem_em_Pisek\" >Onde comer e beber bem em P\u00edsek<\/a><\/li><li class='ez-toc-page-1 ez-toc-heading-level-2'><a class=\"ez-toc-link ez-toc-heading-65\" href=\"https:\/\/loudavymkrokem.cz\/pt-br\/o-que-ver-em-pisek\/#Dicas_de_passeios_nos_arredores_de_Pisek_13_lugares_para_um_bate_e_volta\" >Dicas de passeios nos arredores de P\u00edsek: 13 lugares para um bate e volta<\/a><ul class='ez-toc-list-level-3' ><li class='ez-toc-heading-level-3'><a class=\"ez-toc-link ez-toc-heading-66\" href=\"https:\/\/loudavymkrokem.cz\/pt-br\/o-que-ver-em-pisek\/#Castelo_Zvikov_e_o_palacio_Orlik\" >Castelo Zv\u00edkov e o pal\u00e1cio Orl\u00edk<\/a><\/li><li class='ez-toc-page-1 ez-toc-heading-level-3'><a class=\"ez-toc-link ez-toc-heading-67\" href=\"https:\/\/loudavymkrokem.cz\/pt-br\/o-que-ver-em-pisek\/#Crocodilos_ZOO_Protivin\" >Crocodilos ZOO Protiv\u00edn<\/a><\/li><li class='ez-toc-page-1 ez-toc-heading-level-3'><a class=\"ez-toc-link ez-toc-heading-68\" href=\"https:\/\/loudavymkrokem.cz\/pt-br\/o-que-ver-em-pisek\/#Memorial_da_batalha_de_Sudomer\" >Memorial da batalha de Sudom\u011b\u0159<\/a><\/li><li class='ez-toc-page-1 ez-toc-heading-level-3'><a class=\"ez-toc-link ez-toc-heading-69\" href=\"https:\/\/loudavymkrokem.cz\/pt-br\/o-que-ver-em-pisek\/#Ferraria_de_contos_de_fadas_Selibov\" >Ferraria de contos de fadas Selibov<\/a><\/li><li class='ez-toc-page-1 ez-toc-heading-level-3'><a class=\"ez-toc-link ez-toc-heading-70\" href=\"https:\/\/loudavymkrokem.cz\/pt-br\/o-que-ver-em-pisek\/#Farmapark_Maletice\" >Farmapark Maletice<\/a><\/li><li class='ez-toc-page-1 ez-toc-heading-level-3'><a class=\"ez-toc-link ez-toc-heading-71\" href=\"https:\/\/loudavymkrokem.cz\/pt-br\/o-que-ver-em-pisek\/#Fiziland_e_Reino_do_Tempo_em_Protivin\" >Fiziland e Reino do Tempo em Protiv\u00edn<\/a><\/li><li class='ez-toc-page-1 ez-toc-heading-level-3'><a class=\"ez-toc-link ez-toc-heading-72\" href=\"https:\/\/loudavymkrokem.cz\/pt-br\/o-que-ver-em-pisek\/#Bagrarium_em_Strakonice\" >Bagr\u00e1rium em Strakonice<\/a><\/li><li class='ez-toc-page-1 ez-toc-heading-level-3'><a class=\"ez-toc-link ez-toc-heading-73\" href=\"https:\/\/loudavymkrokem.cz\/pt-br\/o-que-ver-em-pisek\/#Tabor\" >T\u00e1bor<\/a><\/li><li class='ez-toc-page-1 ez-toc-heading-level-3'><a class=\"ez-toc-link ez-toc-heading-74\" href=\"https:\/\/loudavymkrokem.cz\/pt-br\/o-que-ver-em-pisek\/#Ceske_Budejovice\" >\u010cesk\u00e9 Bud\u011bjovice<\/a><\/li><li class='ez-toc-page-1 ez-toc-heading-level-3'><a class=\"ez-toc-link ez-toc-heading-75\" href=\"https:\/\/loudavymkrokem.cz\/pt-br\/o-que-ver-em-pisek\/#Hluboka_nad_Vltavou\" >Hlubok\u00e1 nad Vltavou<\/a><\/li><li class='ez-toc-page-1 ez-toc-heading-level-3'><a class=\"ez-toc-link ez-toc-heading-76\" href=\"https:\/\/loudavymkrokem.cz\/pt-br\/o-que-ver-em-pisek\/#Cesky_Krumlov\" >\u010cesk\u00fd Krumlov<\/a><\/li><li class='ez-toc-page-1 ez-toc-heading-level-3'><a class=\"ez-toc-link ez-toc-heading-77\" href=\"https:\/\/loudavymkrokem.cz\/pt-br\/o-que-ver-em-pisek\/#Sumava\" >\u0160umava<\/a><\/li><li class='ez-toc-page-1 ez-toc-heading-level-3'><a class=\"ez-toc-link ez-toc-heading-78\" href=\"https:\/\/loudavymkrokem.cz\/pt-br\/o-que-ver-em-pisek\/#Praga\" >Praga<\/a><\/li><\/ul><\/li><li class='ez-toc-page-1 ez-toc-heading-level-2'><a class=\"ez-toc-link ez-toc-heading-79\" href=\"https:\/\/loudavymkrokem.cz\/pt-br\/o-que-ver-em-pisek\/#O_que_ver_em_Pisek_conclusao\" >O que ver em P\u00edsek: conclus\u00e3o<\/a><\/li><li class='ez-toc-page-1 ez-toc-heading-level-2'><a class=\"ez-toc-link ez-toc-heading-80\" href=\"https:\/\/loudavymkrokem.cz\/pt-br\/o-que-ver-em-pisek\/#Aonde_ir_a_seguir\" >Aonde ir a seguir<\/a><\/li><li class='ez-toc-page-1 ez-toc-heading-level-2'><a class=\"ez-toc-link ez-toc-heading-81\" href=\"https:\/\/loudavymkrokem.cz\/pt-br\/o-que-ver-em-pisek\/#Perguntas_frequentes\" >Perguntas frequentes<\/a><ul class='ez-toc-list-level-3' ><li class='ez-toc-heading-level-3'><a class=\"ez-toc-link ez-toc-heading-82\" href=\"https:\/\/loudavymkrokem.cz\/pt-br\/o-que-ver-em-pisek\/#A_Ponte_de_Pedra_em_Pisek_e_realmente_mais_antiga_que_a_Ponte_Carlos\" >A Ponte de Pedra em P\u00edsek \u00e9 realmente mais antiga que a Ponte Carlos?<\/a><\/li><li class='ez-toc-page-1 ez-toc-heading-level-3'><a class=\"ez-toc-link ez-toc-heading-83\" href=\"https:\/\/loudavymkrokem.cz\/pt-br\/o-que-ver-em-pisek\/#A_Sladovna_tambem_diverte_criancas_maiores\" >A Sladovna tamb\u00e9m diverte crian\u00e7as maiores?<\/a><\/li><li class='ez-toc-page-1 ez-toc-heading-level-3'><a class=\"ez-toc-link ez-toc-heading-84\" href=\"https:\/\/loudavymkrokem.cz\/pt-br\/o-que-ver-em-pisek\/#Onde_exatamente_ficam_as_esculturas_de_areia\" >Onde exatamente ficam as esculturas de areia?<\/a><\/li><li class='ez-toc-page-1 ez-toc-heading-level-3'><a class=\"ez-toc-link ez-toc-heading-85\" href=\"https:\/\/loudavymkrokem.cz\/pt-br\/o-que-ver-em-pisek\/#Como_chego_a_torre_de_observacao_Jarnik\" >Como chego \u00e0 torre de observa\u00e7\u00e3o Jarn\u00edk?<\/a><\/li><li class='ez-toc-page-1 ez-toc-heading-level-3'><a class=\"ez-toc-link ez-toc-heading-86\" href=\"https:\/\/loudavymkrokem.cz\/pt-br\/o-que-ver-em-pisek\/#Qual_e_a_melhor_epoca_para_visitar_o_Haras_Nacional\" >Qual \u00e9 a melhor \u00e9poca para visitar o Haras Nacional?<\/a><\/li><li class='ez-toc-page-1 ez-toc-heading-level-3'><a class=\"ez-toc-link ez-toc-heading-87\" href=\"https:\/\/loudavymkrokem.cz\/pt-br\/o-que-ver-em-pisek\/#Quanto_custa_a_entrada_no_Museu_de_Prachen\" >Quanto custa a entrada no Museu de Pr\u00e1che\u0148?<\/a><\/li><li class='ez-toc-page-1 ez-toc-heading-level-3'><a class=\"ez-toc-link ez-toc-heading-88\" href=\"https:\/\/loudavymkrokem.cz\/pt-br\/o-que-ver-em-pisek\/#Qual_e_a_melhor_forma_de_chegar_a_Pisek_saindo_de_Sao_Paulo\" >Qual \u00e9 a melhor forma de chegar a P\u00edsek saindo de S\u00e3o Paulo?<\/a><\/li><li class='ez-toc-page-1 ez-toc-heading-level-3'><a class=\"ez-toc-link ez-toc-heading-89\" href=\"https:\/\/loudavymkrokem.cz\/pt-br\/o-que-ver-em-pisek\/#O_que_fazer_em_Pisek_com_criancas\" >O que fazer em P\u00edsek com crian\u00e7as?<\/a><\/li><\/ul><\/li><\/ul><\/nav><\/div>\n<h2 class=\"wp-block-heading\"><span class=\"ez-toc-section\" id=\"Resumo\"><\/span>Resumo<span class=\"ez-toc-section-end\"><\/span><\/h2>\n\n\n\n<ul class=\"wp-block-list\">\n<li><strong>Ponte de Pedra<\/strong> \u2013 a ponte de pedra mais antiga da Ch\u00e9quia, o cart\u00e3o-postal da cidade, entrada gratuita, mais bonita ao amanhecer na neblina.<\/li>\n\n\n\n<li><strong>Sladovna P\u00edsek<\/strong> \u2013 centro interativo para crian\u00e7as (e, sinceramente, para adultos tamb\u00e9m), a dica ideal de onde ir em P\u00edsek com crian\u00e7as em dias de chuva.<\/li>\n\n\n\n<li><strong>Haras Nacional<\/strong> \u2013 monumento cultural nacional em estilo Tudor, visitas por R$ 37 (150 K\u010d), leve dinheiro em esp\u00e9cie.<\/li>\n\n\n\n<li><strong>Estabelecimentos no parque Palack\u00e9ho sady<\/strong> \u2013 o Do Nebe sem gl\u00faten e o Park Caf\u00e9, ambos com vista para o parque.<\/li>\n\n\n\n<li><strong>Travel Cafe<\/strong> \u2013 na minha opini\u00e3o, o melhor caf\u00e9 da cidade, com jardim no p\u00e1tio interno e caixa de areia para as crian\u00e7as.<\/li>\n\n\n\n<li><strong>Montanhas de P\u00edsek<\/strong> \u2013 maci\u00e7o florestal logo atr\u00e1s da cidade, \u00f3timo para caminhadas, corrida e passeios de bike.<\/li>\n\n\n\n<li><strong>Arredores de P\u00edsek<\/strong> \u2013 Zv\u00edkov, Orl\u00edk, Hlubok\u00e1, T\u00e1bor \u2013 tudo a at\u00e9 40 minutos de carro.<\/li>\n<\/ul>\n\n\n\n<p class=\"wp-block-paragraph\"><strong><a href=\"https:\/\/loudavymkrokem.cz\/pt-br\/boemia-do-sul-cidades-bonitas\/\" target=\"_blank\" rel=\"noreferrer noopener\">Leia tamb\u00e9m: 8 passeios pelo sul da Bo\u00eamia<\/a><\/strong><\/p>\n\n\n\n<h2 class=\"wp-block-heading\"><span class=\"ez-toc-section\" id=\"O_que_torna_Pisek_especial_e_por_que_vale_a_pena_visitar\"><\/span>O que torna P\u00edsek especial e por que vale a pena visitar<span class=\"ez-toc-section-end\"><\/span><\/h2>\n\n\n\n<figure data-wp-context=\"{&quot;imageId&quot;:&quot;6a9563368fade&quot;}\" data-wp-interactive=\"core\/image\" data-wp-key=\"6a9563368fade\" class=\"wp-block-image size-full wp-lightbox-container\"><img decoding=\"async\" width=\"2200\" height=\"1467\" data-wp-class--hide=\"state.isContentHidden\" data-wp-class--show=\"state.isContentVisible\" data-wp-init=\"callbacks.setButtonStyles\" data-wp-on--click=\"actions.showLightbox\" data-wp-on--load=\"callbacks.setButtonStyles\" data-wp-on--pointerdown=\"actions.preloadImage\" data-wp-on--pointerenter=\"actions.preloadImageWithDelay\" data-wp-on--pointerleave=\"actions.cancelPreload\" data-wp-on-window--resize=\"callbacks.setButtonStyles\" src=\"https:\/\/loudavymkrokem.cz\/wp-content\/uploads\/2026\/08\/pisek-alsovo-namesti-vecer.jpg\" alt=\"Pra\u00e7a Al\u0161ovo n\u00e1m\u011bst\u00ed em P\u00edsek \u00e0 luz da noite\" class=\"wp-image-399356\" title=\"\" srcset=\"https:\/\/loudavymkrokem.cz\/wp-content\/uploads\/2026\/08\/pisek-alsovo-namesti-vecer.jpg 2200w, https:\/\/loudavymkrokem.cz\/wp-content\/uploads\/2026\/08\/pisek-alsovo-namesti-vecer-300x200.jpg 300w, https:\/\/loudavymkrokem.cz\/wp-content\/uploads\/2026\/08\/pisek-alsovo-namesti-vecer-700x467.jpg 700w, https:\/\/loudavymkrokem.cz\/wp-content\/uploads\/2026\/08\/pisek-alsovo-namesti-vecer-768x512.jpg 768w, https:\/\/loudavymkrokem.cz\/wp-content\/uploads\/2026\/08\/pisek-alsovo-namesti-vecer-1536x1024.jpg 1536w, https:\/\/loudavymkrokem.cz\/wp-content\/uploads\/2026\/08\/pisek-alsovo-namesti-vecer-2048x1366.jpg 2048w, https:\/\/loudavymkrokem.cz\/wp-content\/uploads\/2026\/08\/pisek-alsovo-namesti-vecer-696x464.jpg 696w, https:\/\/loudavymkrokem.cz\/wp-content\/uploads\/2026\/08\/pisek-alsovo-namesti-vecer-1392x928.jpg 1392w, https:\/\/loudavymkrokem.cz\/wp-content\/uploads\/2026\/08\/pisek-alsovo-namesti-vecer-1920x1280.jpg 1920w\" sizes=\"(max-width: 2200px) 100vw, 2200px\" \/><button\n\t\t\tclass=\"lightbox-trigger\"\n\t\t\ttype=\"button\"\n\t\t\taria-haspopup=\"dialog\"\n\t\t\tdata-wp-bind--aria-label=\"state.thisImage.triggerButtonAriaLabel\"\n\t\t\tdata-wp-init=\"callbacks.initTriggerButton\"\n\t\t\tdata-wp-on--click=\"actions.showLightbox\"\n\t\t\tdata-wp-style--right=\"state.thisImage.buttonRight\"\n\t\t\tdata-wp-style--top=\"state.thisImage.buttonTop\"\n\t\t>\n\t\t\t<svg xmlns=\"http:\/\/www.w3.org\/2000\/svg\" width=\"12\" height=\"12\" fill=\"none\" viewBox=\"0 0 12 12\">\n\t\t\t\t<path fill=\"#fff\" d=\"M2 0a2 2 0 0 0-2 2v2h1.5V2a.5.5 0 0 1 .5-.5h2V0H2Zm2 10.5H2a.5.5 0 0 1-.5-.5V8H0v2a2 2 0 0 0 2 2h2v-1.5ZM8 12v-1.5h2a.5.5 0 0 0 .5-.5V8H12v2a2 2 0 0 1-2 2H8Zm2-12a2 2 0 0 1 2 2v2h-1.5V2a.5.5 0 0 0-.5-.5H8V0h2Z\" \/>\n\t\t\t<\/svg>\n\t\t<\/button><\/figure>\n\n\n\n<p class=\"wp-block-paragraph\"><strong>P\u00edsek \u00e9 \u00e0s vezes apelidada de Atenas do sul da Bo\u00eamia<\/strong> e, mesmo que soe um pouco pretensioso para uma cidade de trinta mil habitantes, tem algo de verdade nisso. A tradi\u00e7\u00e3o de ensino aqui remonta a s\u00e9culos, a cultura segue viva at\u00e9 hoje e, proporcionalmente \u00e0 popula\u00e7\u00e3o, temos um n\u00famero incomum de galerias, teatros e festivais. Mas, acima de tudo, P\u00edsek tem uma hist\u00f3ria da qual outras cidades viveriam por gera\u00e7\u00f5es.<\/p>\n\n\n\n<p class=\"wp-block-paragraph\">Comecemos pelo mais famoso. A <strong>Ponte de Pedra sobre o Otava \u00e9 do s\u00e9culo XIII<\/strong> e \u00e9 a ponte mais antiga preservada em toda a Rep\u00fablica Tcheca. Sim, mais antiga que a Ponte Carlos em Praga, mesmo que os praguenses n\u00e3o gostem de ouvir isso quando eu digo. \ud83d\ude05 Mas n\u00e3o \u00e9 s\u00f3 a ponte. Em <strong>1887, P\u00edsek se tornou a primeira cidade da Bo\u00eamia com ilumina\u00e7\u00e3o el\u00e9trica p\u00fablica<\/strong> \u2013 a usina el\u00e9trica municipal de K\u0159i\u017e\u00edk acendeu a pra\u00e7a daqui antes mesmo de Praga! Franti\u0161ek K\u0159i\u017e\u00edk testou sua tecnologia justamente aqui, nesta pequena cidade do sul da Bo\u00eamia \u00e0s margens do aur\u00edfero Otava.<\/p>\n\n\n\n<p class=\"wp-block-paragraph\">E esse Otava \u00e9 o rio em torno do qual gira toda a P\u00edsek. Aur\u00edfero, lindo, no ver\u00e3o cheio de cano\u00edstas e banhistas. O poeta <strong>Fr\u00e1\u0148a \u0160r\u00e1mek<\/strong>, que viveu e criou aqui, escreveu sobre ele de um jeito que d\u00e1 vontade de sentar na margem na hora e deixar o vento bater no cabelo. Ali\u00e1s, se voc\u00ea vem com crian\u00e7as, n\u00e3o deixe de ver as <strong>Esculturas de Areia<\/strong>, uma exposi\u00e7\u00e3o de esculturas na pr\u00f3pria margem do Otava, onde todo ano surgem gigantescas esculturas de areia de tirar o f\u00f4lego. \u00c9 provavelmente a coisa mais fotog\u00eanica que voc\u00ea vai ver em P\u00edsek na primavera e no ver\u00e3o.<\/p>\n\n\n\n<h2 class=\"wp-block-heading\"><span class=\"ez-toc-section\" id=\"Quando_ir_a_Pisek_e_como_chegar\"><\/span>Quando ir a P\u00edsek e como chegar<span class=\"ez-toc-section-end\"><\/span><\/h2>\n\n\n\n<figure data-wp-context=\"{&quot;imageId&quot;:&quot;6a956336902d0&quot;}\" data-wp-interactive=\"core\/image\" data-wp-key=\"6a956336902d0\" class=\"wp-block-image size-full wp-lightbox-container\"><img decoding=\"async\" width=\"2200\" height=\"1467\" data-wp-class--hide=\"state.isContentHidden\" data-wp-class--show=\"state.isContentVisible\" data-wp-init=\"callbacks.setButtonStyles\" data-wp-on--click=\"actions.showLightbox\" data-wp-on--load=\"callbacks.setButtonStyles\" data-wp-on--pointerdown=\"actions.preloadImage\" data-wp-on--pointerenter=\"actions.preloadImageWithDelay\" data-wp-on--pointerleave=\"actions.cancelPreload\" data-wp-on-window--resize=\"callbacks.setButtonStyles\" src=\"https:\/\/loudavymkrokem.cz\/wp-content\/uploads\/2026\/08\/pisek-kamenny-most-soumrak.jpg\" alt=\"Ponte de pedra sobre o rio Otava ao entardecer\" class=\"wp-image-399327\" title=\"\" srcset=\"https:\/\/loudavymkrokem.cz\/wp-content\/uploads\/2026\/08\/pisek-kamenny-most-soumrak.jpg 2200w, https:\/\/loudavymkrokem.cz\/wp-content\/uploads\/2026\/08\/pisek-kamenny-most-soumrak-300x200.jpg 300w, https:\/\/loudavymkrokem.cz\/wp-content\/uploads\/2026\/08\/pisek-kamenny-most-soumrak-700x467.jpg 700w, https:\/\/loudavymkrokem.cz\/wp-content\/uploads\/2026\/08\/pisek-kamenny-most-soumrak-768x512.jpg 768w, https:\/\/loudavymkrokem.cz\/wp-content\/uploads\/2026\/08\/pisek-kamenny-most-soumrak-1536x1024.jpg 1536w, https:\/\/loudavymkrokem.cz\/wp-content\/uploads\/2026\/08\/pisek-kamenny-most-soumrak-2048x1366.jpg 2048w, https:\/\/loudavymkrokem.cz\/wp-content\/uploads\/2026\/08\/pisek-kamenny-most-soumrak-696x464.jpg 696w, https:\/\/loudavymkrokem.cz\/wp-content\/uploads\/2026\/08\/pisek-kamenny-most-soumrak-1392x928.jpg 1392w, https:\/\/loudavymkrokem.cz\/wp-content\/uploads\/2026\/08\/pisek-kamenny-most-soumrak-1920x1280.jpg 1920w\" sizes=\"(max-width: 2200px) 100vw, 2200px\" \/><button\n\t\t\tclass=\"lightbox-trigger\"\n\t\t\ttype=\"button\"\n\t\t\taria-haspopup=\"dialog\"\n\t\t\tdata-wp-bind--aria-label=\"state.thisImage.triggerButtonAriaLabel\"\n\t\t\tdata-wp-init=\"callbacks.initTriggerButton\"\n\t\t\tdata-wp-on--click=\"actions.showLightbox\"\n\t\t\tdata-wp-style--right=\"state.thisImage.buttonRight\"\n\t\t\tdata-wp-style--top=\"state.thisImage.buttonTop\"\n\t\t>\n\t\t\t<svg xmlns=\"http:\/\/www.w3.org\/2000\/svg\" width=\"12\" height=\"12\" fill=\"none\" viewBox=\"0 0 12 12\">\n\t\t\t\t<path fill=\"#fff\" d=\"M2 0a2 2 0 0 0-2 2v2h1.5V2a.5.5 0 0 1 .5-.5h2V0H2Zm2 10.5H2a.5.5 0 0 1-.5-.5V8H0v2a2 2 0 0 0 2 2h2v-1.5ZM8 12v-1.5h2a.5.5 0 0 0 .5-.5V8H12v2a2 2 0 0 1-2 2H8Zm2-12a2 2 0 0 1 2 2v2h-1.5V2a.5.5 0 0 0-.5-.5H8V0h2Z\" \/>\n\t\t\t<\/svg>\n\t\t<\/button><\/figure>\n\n\n\n<p class=\"wp-block-paragraph\">P\u00edsek \u00e9 linda em qualquer esta\u00e7\u00e3o, digo isso com toda a responsabilidade de quem j\u00e1 viveu aqui at\u00e9 aqueles novembros cinzentos e deprimentes. Mas cada temporada tem o seu charme e depende do que voc\u00ea procura.<\/p>\n\n\n\n<ul class=\"wp-block-list\">\n<li><strong>Primavera (abril\u2013maio)<\/strong> \u00e9 provavelmente a minha \u00e9poca favorita. O parque Palack\u00e9ho sady floresce, ao longo do Otava fica tudo verde e a cidade desperta depois do inverno: os terra\u00e7os dos caf\u00e9s abrem, as pessoas saem de casa e no ar d\u00e1 para sentir aquela energia fresca. E, principalmente, no fim de maio, na orla s\u00e3o reveladas as novas e gigantescas <strong>esculturas de areia<\/strong>, este ano j\u00e1 pela vig\u00e9sima vez, acompanhadas do festival familiar P\u00edskovi\u0161t\u011b. Teatro de rua, shows, oficinas para crian\u00e7as, a cidade inteira vive. Um dos fins de semana mais bonitos do ano.<\/li>\n\n\n\n<li><strong>Ver\u00e3o (junho\u2013agosto)<\/strong> \u00e9 \u00e9poca de banho no Otava, passeios de canoa, festas na cidade e longas noites nos jardins dos bares \u00e0 beira do rio. Em junho acontece o <strong>Dotkni se P\u00edsku<\/strong> \u2013 festa hist\u00f3rica bem no centro, com cavaleiros, artesanato e feiras de \u00e9poca. Em agosto tem o <strong>Festival de Folclore<\/strong>, que atrai grupos do mundo inteiro. Mas conte com mais turistas na alta temporada (ainda que em n\u00famero incomparavelmente menor que em Krumlov, disso n\u00e3o h\u00e1 d\u00favida).<\/li>\n\n\n\n<li><strong>Outono (setembro\u2013outubro)<\/strong> \u2013 P\u00edsek dourada. Literalmente. As \u00e1rvores no parque e ao longo do rio se tingem de cores, as neblinas matinais sobre o Otava parecem sa\u00eddas de um filme, os turistas diminuem. Ideal para caminhadas a p\u00e9 e para visitar os monumentos com calma. E, na metade de setembro, o centro se agita com o festival de m\u00fasica Cool v plot\u011b.<\/li>\n\n\n\n<li><strong>Inverno (novembro\u2013mar\u00e7o)<\/strong> \u2013 vou ser sincera, P\u00edsek no inverno n\u00e3o \u00e9 nenhuma Salzburg natalina. Mas as feiras de Advento na Pra\u00e7a Grande tamb\u00e9m t\u00eam seu charme, nos \u00faltimos anos costuma ter at\u00e9 uma pista de patina\u00e7\u00e3o (ice ring) na pra\u00e7a, na Sladovna faz calor e h\u00e1 bastante programa\u00e7\u00e3o para crian\u00e7as, e quando cai neve e voc\u00ea atravessa a ponte&#8230; \u00e9 simplesmente um conto de fadas.<\/li>\n<\/ul>\n\n\n\n<p class=\"wp-block-paragraph\"><strong>Leia tamb\u00e9m: <a href=\"https:\/\/loudavymkrokem.cz\/pt-br\/ferias-republica-tcheca-lugares\/\" target=\"_blank\" data-type=\"link\" data-id=\"https:\/\/loudavymkrokem.cz\/kam-na-dovolenou-v-cesku\/\" rel=\"noreferrer noopener\">20 dicas de para onde viajar na Ch\u00e9quia<\/a><\/strong><\/p>\n\n\n\n<h3 class=\"wp-block-heading\"><span class=\"ez-toc-section\" id=\"Como_chegar_a_Pisek\"><\/span>Como chegar a P\u00edsek<span class=\"ez-toc-section-end\"><\/span><\/h3>\n\n\n\n<figure data-wp-context=\"{&quot;imageId&quot;:&quot;6a95633690b1f&quot;}\" data-wp-interactive=\"core\/image\" data-wp-key=\"6a95633690b1f\" class=\"wp-block-image size-full wp-lightbox-container\"><img decoding=\"async\" width=\"2200\" height=\"1467\" data-wp-class--hide=\"state.isContentHidden\" data-wp-class--show=\"state.isContentVisible\" data-wp-init=\"callbacks.setButtonStyles\" data-wp-on--click=\"actions.showLightbox\" data-wp-on--load=\"callbacks.setButtonStyles\" data-wp-on--pointerdown=\"actions.preloadImage\" data-wp-on--pointerenter=\"actions.preloadImageWithDelay\" data-wp-on--pointerleave=\"actions.cancelPreload\" data-wp-on-window--resize=\"callbacks.setButtonStyles\" src=\"https:\/\/loudavymkrokem.cz\/wp-content\/uploads\/2026\/08\/pisek-ulicka-vez-radnice.jpg\" alt=\"Ruazinha no centro hist\u00f3rico de P\u00edsek com a torre da prefeitura\" class=\"wp-image-399384\" title=\"\" srcset=\"https:\/\/loudavymkrokem.cz\/wp-content\/uploads\/2026\/08\/pisek-ulicka-vez-radnice.jpg 2200w, https:\/\/loudavymkrokem.cz\/wp-content\/uploads\/2026\/08\/pisek-ulicka-vez-radnice-300x200.jpg 300w, https:\/\/loudavymkrokem.cz\/wp-content\/uploads\/2026\/08\/pisek-ulicka-vez-radnice-700x467.jpg 700w, https:\/\/loudavymkrokem.cz\/wp-content\/uploads\/2026\/08\/pisek-ulicka-vez-radnice-768x512.jpg 768w, https:\/\/loudavymkrokem.cz\/wp-content\/uploads\/2026\/08\/pisek-ulicka-vez-radnice-1536x1024.jpg 1536w, https:\/\/loudavymkrokem.cz\/wp-content\/uploads\/2026\/08\/pisek-ulicka-vez-radnice-2048x1366.jpg 2048w, https:\/\/loudavymkrokem.cz\/wp-content\/uploads\/2026\/08\/pisek-ulicka-vez-radnice-696x464.jpg 696w, https:\/\/loudavymkrokem.cz\/wp-content\/uploads\/2026\/08\/pisek-ulicka-vez-radnice-1392x928.jpg 1392w, https:\/\/loudavymkrokem.cz\/wp-content\/uploads\/2026\/08\/pisek-ulicka-vez-radnice-1920x1280.jpg 1920w\" sizes=\"(max-width: 2200px) 100vw, 2200px\" \/><button\n\t\t\tclass=\"lightbox-trigger\"\n\t\t\ttype=\"button\"\n\t\t\taria-haspopup=\"dialog\"\n\t\t\tdata-wp-bind--aria-label=\"state.thisImage.triggerButtonAriaLabel\"\n\t\t\tdata-wp-init=\"callbacks.initTriggerButton\"\n\t\t\tdata-wp-on--click=\"actions.showLightbox\"\n\t\t\tdata-wp-style--right=\"state.thisImage.buttonRight\"\n\t\t\tdata-wp-style--top=\"state.thisImage.buttonTop\"\n\t\t>\n\t\t\t<svg xmlns=\"http:\/\/www.w3.org\/2000\/svg\" width=\"12\" height=\"12\" fill=\"none\" viewBox=\"0 0 12 12\">\n\t\t\t\t<path fill=\"#fff\" d=\"M2 0a2 2 0 0 0-2 2v2h1.5V2a.5.5 0 0 1 .5-.5h2V0H2Zm2 10.5H2a.5.5 0 0 1-.5-.5V8H0v2a2 2 0 0 0 2 2h2v-1.5ZM8 12v-1.5h2a.5.5 0 0 0 .5-.5V8H12v2a2 2 0 0 1-2 2H8Zm2-12a2 2 0 0 1 2 2v2h-1.5V2a.5.5 0 0 0-.5-.5H8V0h2Z\" \/>\n\t\t\t<\/svg>\n\t\t<\/button><\/figure>\n\n\n\n<p class=\"wp-block-paragraph\">Como voc\u00ea chega da Ch\u00e9quia depende de onde estiver. Se voc\u00ea vier do Brasil, o mais prov\u00e1vel \u00e9 voar de S\u00e3o Paulo ou do Rio at\u00e9 Praga com a LATAM ou a TAP (com escala) e, a partir de Praga, continuar at\u00e9 P\u00edsek. E dentro da Ch\u00e9quia o transporte \u00e9 simples.<\/p>\n\n\n\n<p class=\"wp-block-paragraph\"><strong>De \u00f4nibus a partir de Praga<\/strong> \u00e9 provavelmente a op\u00e7\u00e3o mais confort\u00e1vel. O <strong>RegioJet<\/strong> sai do ponto Na Kn\u00ed\u017eec\u00ed e a viagem dura cerca de <strong>70 minutos<\/strong>. A passagem sai por <strong>R$ 30\u201355 (120\u2013220 K\u010d)<\/strong>, dependendo de quanto tempo antes voc\u00ea compra. Os hor\u00e1rios s\u00e3o bem frequentes, ent\u00e3o d\u00e1 para fazer at\u00e9 um bate e volta.<\/p>\n\n\n\n<p class=\"wp-block-paragraph\"><strong>De trem<\/strong> infelizmente n\u00e3o \u00e9 t\u00e3o bom \u2013 n\u00e3o existe liga\u00e7\u00e3o direta, voc\u00ea tem que fazer baldea\u00e7\u00e3o (normalmente em T\u00e1bor ou Protiv\u00edn) e a viagem, com a conex\u00e3o, leva cerca de 2,5 a 3 horas. Se voc\u00ea n\u00e3o curte trenzinhos locais com baldea\u00e7\u00e3o, escolha o \u00f4nibus.<\/p>\n\n\n\n<p class=\"wp-block-paragraph\"><strong>De carro, a partir de Praga s\u00e3o 104 km<\/strong>, cerca de uma hora pela rodovia D4 (que finalmente ficou toda pronta, gra\u00e7as a Deus). Estacionar no centro pode ser um pouco de briga, mas d\u00e1 para usar o estacionamento junto ao centro de exposi\u00e7\u00f5es. E se voc\u00ea vai dirigir por rodovias na Europa, lembre-se de comprar o selo\/vinheta de ped\u00e1gio (rodovias europeias) exigido em v\u00e1rios pa\u00edses.<\/p>\n\n\n\n<h2 class=\"wp-block-heading\"><span class=\"ez-toc-section\" id=\"Onde_se_hospedar_em_Pisek_e_quanto_custa\"><\/span>Onde se hospedar em P\u00edsek e quanto custa<span class=\"ez-toc-section-end\"><\/span><\/h2>\n\n\n\n<figure data-wp-context=\"{&quot;imageId&quot;:&quot;6a956336912c0&quot;}\" data-wp-interactive=\"core\/image\" data-wp-key=\"6a956336912c0\" class=\"wp-block-image size-full wp-lightbox-container\"><img decoding=\"async\" width=\"2200\" height=\"1467\" data-wp-class--hide=\"state.isContentHidden\" data-wp-class--show=\"state.isContentVisible\" data-wp-init=\"callbacks.setButtonStyles\" data-wp-on--click=\"actions.showLightbox\" data-wp-on--load=\"callbacks.setButtonStyles\" data-wp-on--pointerdown=\"actions.preloadImage\" data-wp-on--pointerenter=\"actions.preloadImageWithDelay\" data-wp-on--pointerleave=\"actions.cancelPreload\" data-wp-on-window--resize=\"callbacks.setButtonStyles\" src=\"https:\/\/loudavymkrokem.cz\/wp-content\/uploads\/2026\/08\/pisek-fontana-hotel-otava.jpg\" alt=\"Fonte no centro de P\u00edsek com o Hotel Otava ao fundo\" class=\"wp-image-399365\" title=\"\" srcset=\"https:\/\/loudavymkrokem.cz\/wp-content\/uploads\/2026\/08\/pisek-fontana-hotel-otava.jpg 2200w, https:\/\/loudavymkrokem.cz\/wp-content\/uploads\/2026\/08\/pisek-fontana-hotel-otava-300x200.jpg 300w, https:\/\/loudavymkrokem.cz\/wp-content\/uploads\/2026\/08\/pisek-fontana-hotel-otava-700x467.jpg 700w, https:\/\/loudavymkrokem.cz\/wp-content\/uploads\/2026\/08\/pisek-fontana-hotel-otava-768x512.jpg 768w, https:\/\/loudavymkrokem.cz\/wp-content\/uploads\/2026\/08\/pisek-fontana-hotel-otava-1536x1024.jpg 1536w, https:\/\/loudavymkrokem.cz\/wp-content\/uploads\/2026\/08\/pisek-fontana-hotel-otava-2048x1366.jpg 2048w, https:\/\/loudavymkrokem.cz\/wp-content\/uploads\/2026\/08\/pisek-fontana-hotel-otava-696x464.jpg 696w, https:\/\/loudavymkrokem.cz\/wp-content\/uploads\/2026\/08\/pisek-fontana-hotel-otava-1392x928.jpg 1392w, https:\/\/loudavymkrokem.cz\/wp-content\/uploads\/2026\/08\/pisek-fontana-hotel-otava-1920x1280.jpg 1920w\" sizes=\"(max-width: 2200px) 100vw, 2200px\" \/><button\n\t\t\tclass=\"lightbox-trigger\"\n\t\t\ttype=\"button\"\n\t\t\taria-haspopup=\"dialog\"\n\t\t\tdata-wp-bind--aria-label=\"state.thisImage.triggerButtonAriaLabel\"\n\t\t\tdata-wp-init=\"callbacks.initTriggerButton\"\n\t\t\tdata-wp-on--click=\"actions.showLightbox\"\n\t\t\tdata-wp-style--right=\"state.thisImage.buttonRight\"\n\t\t\tdata-wp-style--top=\"state.thisImage.buttonTop\"\n\t\t>\n\t\t\t<svg xmlns=\"http:\/\/www.w3.org\/2000\/svg\" width=\"12\" height=\"12\" fill=\"none\" viewBox=\"0 0 12 12\">\n\t\t\t\t<path fill=\"#fff\" d=\"M2 0a2 2 0 0 0-2 2v2h1.5V2a.5.5 0 0 1 .5-.5h2V0H2Zm2 10.5H2a.5.5 0 0 1-.5-.5V8H0v2a2 2 0 0 0 2 2h2v-1.5ZM8 12v-1.5h2a.5.5 0 0 0 .5-.5V8H12v2a2 2 0 0 1-2 2H8Zm2-12a2 2 0 0 1 2 2v2h-1.5V2a.5.5 0 0 0-.5-.5H8V0h2Z\" \/>\n\t\t\t<\/svg>\n\t\t<\/button><\/figure>\n\n\n\n<p class=\"wp-block-paragraph\">P\u00edsek n\u00e3o \u00e9 Praga, ent\u00e3o os pre\u00e7os de hospedagem n\u00e3o v\u00e3o te dar um infarto, mas tamb\u00e9m n\u00e3o espere encontrar vinte hot\u00e9is cinco estrelas. A oferta \u00e9 menor, mas decente \u2013 de apartamentos a hot\u00e9is com restaurante.<\/p>\n\n\n\n<p class=\"wp-block-paragraph\"><strong><a class=\"thirstylink\" rel=\"nofollow\" target=\"_blank\" title=\"Hotel Biograf P\u00edsek\" href=\"https:\/\/loudavymkrokem.cz\/doporucujeme\/hotel-biograf-pisek\/\" data-shortcode=\"true\"><a href=\"https:\/\/www.stay22.com\/allez\/roam?aid=lukaskonecny&amp;campaign=loudavymkrokemcz&amp;campaign=co-videt-v-pisku&amp;hotelname=Hotel%20Biograf&amp;address=P%C3%ADsek%2C%20%C4%8Cesko\" target=\"_blank\" rel=\"noopener nofollow sponsored\">Hotel Biograf<\/a><\/a><\/strong> \u00e9 provavelmente o endere\u00e7o mais conhecido da cidade \u2013 <strong>4 estrelas<\/strong>, reformado com estilo moderno, fica no pr\u00e9dio de um antigo cinema (da\u00ed o nome). No Booking tem nota <strong>8.6\/10<\/strong>, os quartos s\u00e3o limpos e confort\u00e1veis, o caf\u00e9 da manh\u00e3 \u00e9 s\u00f3lido. Ainda tem sauna finlandesa e massagens a seu favor.<\/p>\n\n\n\n<p class=\"wp-block-paragraph\"><strong><a class=\"thirstylink\" rel=\"nofollow\" target=\"_blank\" title=\"Hotel U Kapli\u010dky\" href=\"https:\/\/loudavymkrokem.cz\/doporucujeme\/hotel-u-kaplicky\/\" data-shortcode=\"true\"><a href=\"https:\/\/www.stay22.com\/allez\/roam?aid=lukaskonecny&amp;campaign=loudavymkrokemcz&amp;campaign=co-videt-v-pisku&amp;hotelname=Hotel%20U%20Kapli%C4%8Dky&amp;address=P%C3%ADsek%2C%20%C4%8Cesko\" target=\"_blank\" rel=\"noopener nofollow sponsored\">Hotel U Kapli\u010dky<\/a><\/a><\/strong> \u00e9 uma op\u00e7\u00e3o mais cl\u00e1ssica, com atmosfera agrad\u00e1vel e, principalmente, tem o restaurante <strong>Chapelle<\/strong>, um dos melhores da cidade e classificado como &#8220;Michelin Selected&#8221; (mas sobre comida falo mais adiante).<\/p>\n\n\n\n<p class=\"wp-block-paragraph\">Se voc\u00ea quer economizar ou vem em um grupo maior, encontra <strong>apartamentos<\/strong> em P\u00edsek <strong>a partir de R$ 140 por noite (550 K\u010d)<\/strong>, o que \u00e9 um pre\u00e7o realmente bom. As pousadas ficam <strong>a partir de R$ 290 por noite (1.160 K\u010d)<\/strong> por um quarto duplo. D\u00ea uma olhada, por exemplo, na <strong><a class=\"thirstylink\" rel=\"nofollow\" target=\"_blank\" title=\"Rezidence u Kamenn\u00e9ho mostu\" href=\"https:\/\/loudavymkrokem.cz\/doporucujeme\/rezidence-u-kamenneho-mostu\/\" data-shortcode=\"true\">Rezidenci U Kamenn\u00e9ho mostu<\/a> e no <a class=\"thirstylink\" rel=\"nofollow\" target=\"_blank\" title=\"Soho Apartment\" href=\"https:\/\/loudavymkrokem.cz\/doporucujeme\/soho-apartment\/\" data-shortcode=\"true\"><a href=\"https:\/\/www.stay22.com\/allez\/roam?aid=lukaskonecny&amp;campaign=loudavymkrokemcz&amp;campaign=co-videt-v-pisku&amp;hotelname=Soho%20apartment&amp;address=P%C3%ADsek%2C%20%C4%8Cesko\" target=\"_blank\" rel=\"noopener nofollow sponsored\">Soho apartment<\/a><\/a>.<\/strong><\/p>\n\n\n\n<p class=\"wp-block-paragraph\">Recomendo reservar com anteced\u00eancia, principalmente no ver\u00e3o e durante os festivais, quando as vagas se esgotam r\u00e1pido.<\/p>\n\n\n\n<h2 class=\"wp-block-heading\"><span class=\"ez-toc-section\" id=\"O_que_ver_em_Pisek_39_dicas_de_monumentos_e_lugares_interessantes\"><\/span>O que ver em P\u00edsek: 39 dicas de monumentos e lugares interessantes<span class=\"ez-toc-section-end\"><\/span><\/h2>\n\n\n\n<figure data-wp-context=\"{&quot;imageId&quot;:&quot;6a95633692f30&quot;}\" data-wp-interactive=\"core\/image\" data-wp-key=\"6a95633692f30\" class=\"wp-block-image size-full wp-lightbox-container\"><img decoding=\"async\" width=\"2200\" height=\"1467\" data-wp-class--hide=\"state.isContentHidden\" data-wp-class--show=\"state.isContentVisible\" data-wp-init=\"callbacks.setButtonStyles\" data-wp-on--click=\"actions.showLightbox\" data-wp-on--load=\"callbacks.setButtonStyles\" data-wp-on--pointerdown=\"actions.preloadImage\" data-wp-on--pointerenter=\"actions.preloadImageWithDelay\" data-wp-on--pointerleave=\"actions.cancelPreload\" data-wp-on-window--resize=\"callbacks.setButtonStyles\" src=\"https:\/\/loudavymkrokem.cz\/wp-content\/uploads\/2026\/08\/pisek-vyhled-z-veze-velke-namesti.jpg\" alt=\"Vista da torre da igreja sobre os telhados e a Pra\u00e7a Grande em P\u00edsek\" class=\"wp-image-399535\" title=\"\" srcset=\"https:\/\/loudavymkrokem.cz\/wp-content\/uploads\/2026\/08\/pisek-vyhled-z-veze-velke-namesti.jpg 2200w, https:\/\/loudavymkrokem.cz\/wp-content\/uploads\/2026\/08\/pisek-vyhled-z-veze-velke-namesti-300x200.jpg 300w, https:\/\/loudavymkrokem.cz\/wp-content\/uploads\/2026\/08\/pisek-vyhled-z-veze-velke-namesti-700x467.jpg 700w, https:\/\/loudavymkrokem.cz\/wp-content\/uploads\/2026\/08\/pisek-vyhled-z-veze-velke-namesti-768x512.jpg 768w, https:\/\/loudavymkrokem.cz\/wp-content\/uploads\/2026\/08\/pisek-vyhled-z-veze-velke-namesti-1536x1024.jpg 1536w, https:\/\/loudavymkrokem.cz\/wp-content\/uploads\/2026\/08\/pisek-vyhled-z-veze-velke-namesti-2048x1366.jpg 2048w, https:\/\/loudavymkrokem.cz\/wp-content\/uploads\/2026\/08\/pisek-vyhled-z-veze-velke-namesti-696x464.jpg 696w, https:\/\/loudavymkrokem.cz\/wp-content\/uploads\/2026\/08\/pisek-vyhled-z-veze-velke-namesti-1392x928.jpg 1392w, https:\/\/loudavymkrokem.cz\/wp-content\/uploads\/2026\/08\/pisek-vyhled-z-veze-velke-namesti-1920x1280.jpg 1920w\" sizes=\"(max-width: 2200px) 100vw, 2200px\" \/><button\n\t\t\tclass=\"lightbox-trigger\"\n\t\t\ttype=\"button\"\n\t\t\taria-haspopup=\"dialog\"\n\t\t\tdata-wp-bind--aria-label=\"state.thisImage.triggerButtonAriaLabel\"\n\t\t\tdata-wp-init=\"callbacks.initTriggerButton\"\n\t\t\tdata-wp-on--click=\"actions.showLightbox\"\n\t\t\tdata-wp-style--right=\"state.thisImage.buttonRight\"\n\t\t\tdata-wp-style--top=\"state.thisImage.buttonTop\"\n\t\t>\n\t\t\t<svg xmlns=\"http:\/\/www.w3.org\/2000\/svg\" width=\"12\" height=\"12\" fill=\"none\" viewBox=\"0 0 12 12\">\n\t\t\t\t<path fill=\"#fff\" d=\"M2 0a2 2 0 0 0-2 2v2h1.5V2a.5.5 0 0 1 .5-.5h2V0H2Zm2 10.5H2a.5.5 0 0 1-.5-.5V8H0v2a2 2 0 0 0 2 2h2v-1.5ZM8 12v-1.5h2a.5.5 0 0 0 .5-.5V8H12v2a2 2 0 0 1-2 2H8Zm2-12a2 2 0 0 1 2 2v2h-1.5V2a.5.5 0 0 0-.5-.5H8V0h2Z\" \/>\n\t\t\t<\/svg>\n\t\t<\/button><\/figure>\n\n\n\n<p class=\"wp-block-paragraph\">E agora o principal \u2013 por que voc\u00ea abriu este artigo, afinal. \ud83d\ude01 Preparei uma lista de <strong>39 lugares, monumentos e curiosidades<\/strong> que vale a pena ver em P\u00edsek. Alguns voc\u00ea conhece dos cart\u00f5es-postais, outros talvez te surpreendam. Tentei n\u00e3o pensar s\u00f3 nos &#8220;grandes&#8221; pontos tur\u00edsticos, mas incluir tamb\u00e9m aqueles cantinhos discretos por onde os turistas passam sem notar, e que t\u00eam uma hist\u00f3ria.<\/p>\n\n\n\n<p class=\"wp-block-paragraph\">A cidade de P\u00edsek \u00e9 surpreendentemente rica em monumentos e curiosidades, e este \u00e9 o meu guia pessoal, do qual eu n\u00e3o abro m\u00e3o. <strong>Ent\u00e3o vem, vamos come\u00e7ar pela ponte.<\/strong><\/p>\n\n\n\n<h3 class=\"wp-block-heading\"><span class=\"ez-toc-section\" id=\"1_Ponte_de_Pedra_Ponte_dos_Cervos_%E2%80%93_a_ponte_de_pedra_mais_antiga_da_Chequia\"><\/span>1. Ponte de Pedra (Ponte dos Cervos) \u2013 a ponte de pedra mais antiga da Ch\u00e9quia<span class=\"ez-toc-section-end\"><\/span><\/h3>\n\n\n\n<figure data-wp-context=\"{&quot;imageId&quot;:&quot;6a956336933ec&quot;}\" data-wp-interactive=\"core\/image\" data-wp-key=\"6a956336933ec\" class=\"wp-block-image size-full wp-lightbox-container\"><img decoding=\"async\" width=\"2200\" height=\"1467\" data-wp-class--hide=\"state.isContentHidden\" data-wp-class--show=\"state.isContentVisible\" data-wp-init=\"callbacks.setButtonStyles\" data-wp-on--click=\"actions.showLightbox\" data-wp-on--load=\"callbacks.setButtonStyles\" data-wp-on--pointerdown=\"actions.preloadImage\" data-wp-on--pointerenter=\"actions.preloadImageWithDelay\" data-wp-on--pointerleave=\"actions.cancelPreload\" data-wp-on-window--resize=\"callbacks.setButtonStyles\" src=\"https:\/\/loudavymkrokem.cz\/wp-content\/uploads\/2026\/08\/pisek-kamenny-most-sochy.jpg\" alt=\"Ponte de pedra em P\u00edsek com est\u00e1tuas barrocas de santos\" class=\"wp-image-399324\" title=\"\" srcset=\"https:\/\/loudavymkrokem.cz\/wp-content\/uploads\/2026\/08\/pisek-kamenny-most-sochy.jpg 2200w, https:\/\/loudavymkrokem.cz\/wp-content\/uploads\/2026\/08\/pisek-kamenny-most-sochy-300x200.jpg 300w, https:\/\/loudavymkrokem.cz\/wp-content\/uploads\/2026\/08\/pisek-kamenny-most-sochy-700x467.jpg 700w, https:\/\/loudavymkrokem.cz\/wp-content\/uploads\/2026\/08\/pisek-kamenny-most-sochy-768x512.jpg 768w, https:\/\/loudavymkrokem.cz\/wp-content\/uploads\/2026\/08\/pisek-kamenny-most-sochy-1536x1024.jpg 1536w, https:\/\/loudavymkrokem.cz\/wp-content\/uploads\/2026\/08\/pisek-kamenny-most-sochy-2048x1366.jpg 2048w, https:\/\/loudavymkrokem.cz\/wp-content\/uploads\/2026\/08\/pisek-kamenny-most-sochy-696x464.jpg 696w, https:\/\/loudavymkrokem.cz\/wp-content\/uploads\/2026\/08\/pisek-kamenny-most-sochy-1392x928.jpg 1392w, https:\/\/loudavymkrokem.cz\/wp-content\/uploads\/2026\/08\/pisek-kamenny-most-sochy-1920x1280.jpg 1920w\" sizes=\"(max-width: 2200px) 100vw, 2200px\" \/><button\n\t\t\tclass=\"lightbox-trigger\"\n\t\t\ttype=\"button\"\n\t\t\taria-haspopup=\"dialog\"\n\t\t\tdata-wp-bind--aria-label=\"state.thisImage.triggerButtonAriaLabel\"\n\t\t\tdata-wp-init=\"callbacks.initTriggerButton\"\n\t\t\tdata-wp-on--click=\"actions.showLightbox\"\n\t\t\tdata-wp-style--right=\"state.thisImage.buttonRight\"\n\t\t\tdata-wp-style--top=\"state.thisImage.buttonTop\"\n\t\t>\n\t\t\t<svg xmlns=\"http:\/\/www.w3.org\/2000\/svg\" width=\"12\" height=\"12\" fill=\"none\" viewBox=\"0 0 12 12\">\n\t\t\t\t<path fill=\"#fff\" d=\"M2 0a2 2 0 0 0-2 2v2h1.5V2a.5.5 0 0 1 .5-.5h2V0H2Zm2 10.5H2a.5.5 0 0 1-.5-.5V8H0v2a2 2 0 0 0 2 2h2v-1.5ZM8 12v-1.5h2a.5.5 0 0 0 .5-.5V8H12v2a2 2 0 0 1-2 2H8Zm2-12a2 2 0 0 1 2 2v2h-1.5V2a.5.5 0 0 0-.5-.5H8V0h2Z\" \/>\n\t\t\t<\/svg>\n\t\t<\/button><\/figure>\n\n\n\n<p class=\"wp-block-paragraph\">Este \u00e9 o lugar por causa do qual a maioria das pessoas vem a P\u00edsek, e eu n\u00e3o as culpo nem um pouco. A <strong>Ponte de Pedra sobre o Otava<\/strong> \u00e9 do <strong>s\u00e9culo XIII<\/strong>, mede <strong>quase 110 metros<\/strong>, tem <strong>7 arcos<\/strong> e \u00e9 simplesmente a ponte de pedra mais antiga preservada em toda a Rep\u00fablica Tcheca. A Ponte Carlos em Praga \u00e9 mais nova e, sim, eu repito isso em toda oportunidade, porque me d\u00e1 prazer. \ud83d\ude0a<\/p>\n\n\n\n<p class=\"wp-block-paragraph\">A ponte \u00e9 enfeitada por <strong>c\u00f3pias de est\u00e1tuas barrocas de santos<\/strong> (os originais j\u00e1 est\u00e3o guardados em seguran\u00e7a), que foram acrescentadas mais tarde, e toda aquela vista \u2013 os arcos de pedra, o Otava embaixo, a cidade nas duas margens \u2013 \u00e9 uma das mais bonitas do sul da Bo\u00eamia. E sabe quando fica ainda mais linda? <strong>De manh\u00e3 cedo, quando a neblina paira sobre o rio.<\/strong> A ponte emerge da bruma como sa\u00edda de um romance hist\u00f3rico e voc\u00ea fica ali completamente sozinho, porque \u00e0s seis da manh\u00e3 simplesmente n\u00e3o tem mais ningu\u00e9m. O segundo melhor hor\u00e1rio \u00e9 <strong>ao p\u00f4r do sol<\/strong>, quando a superf\u00edcie do Otava se tinge de laranja. Leve a c\u00e2mera.<\/p>\n\n\n\n<p class=\"wp-block-paragraph\">A entrada \u00e9, claro, <strong>gratuita, 24 horas por dia, 7 dias por semana<\/strong>. \u00c9 uma ponte, voc\u00ea simplesmente atravessa. S\u00f3 voc\u00ea, as pedras antigas e o rio sob os p\u00e9s. \u00c0s vezes penso que \u00e9 o lugar onde P\u00edsek \u00e9 mais ela mesma.<\/p>\n\n\n\n<h3 class=\"wp-block-heading\"><span class=\"ez-toc-section\" id=\"2_Portao_de_Putim_e_a_rua_Frani_Sramka\"><\/span>2. Port\u00e3o de Putim e a rua Fr\u00e1ni \u0160r\u00e1mka<span class=\"ez-toc-section-end\"><\/span><\/h3>\n\n\n\n<figure data-wp-context=\"{&quot;imageId&quot;:&quot;6a95633693983&quot;}\" data-wp-interactive=\"core\/image\" data-wp-key=\"6a95633693983\" class=\"wp-block-image size-full wp-lightbox-container\"><img decoding=\"async\" width=\"2200\" height=\"1467\" data-wp-class--hide=\"state.isContentHidden\" data-wp-class--show=\"state.isContentVisible\" data-wp-init=\"callbacks.setButtonStyles\" data-wp-on--click=\"actions.showLightbox\" data-wp-on--load=\"callbacks.setButtonStyles\" data-wp-on--pointerdown=\"actions.preloadImage\" data-wp-on--pointerenter=\"actions.preloadImageWithDelay\" data-wp-on--pointerleave=\"actions.cancelPreload\" data-wp-on-window--resize=\"callbacks.setButtonStyles\" src=\"https:\/\/loudavymkrokem.cz\/wp-content\/uploads\/2026\/08\/pisek-basta-putimska-brana.jpg\" alt=\"Basti\u00e3o das muralhas junto ao antigo Port\u00e3o de Putim em P\u00edsek\" class=\"wp-image-399337\" title=\"\" srcset=\"https:\/\/loudavymkrokem.cz\/wp-content\/uploads\/2026\/08\/pisek-basta-putimska-brana.jpg 2200w, https:\/\/loudavymkrokem.cz\/wp-content\/uploads\/2026\/08\/pisek-basta-putimska-brana-300x200.jpg 300w, https:\/\/loudavymkrokem.cz\/wp-content\/uploads\/2026\/08\/pisek-basta-putimska-brana-700x467.jpg 700w, https:\/\/loudavymkrokem.cz\/wp-content\/uploads\/2026\/08\/pisek-basta-putimska-brana-768x512.jpg 768w, https:\/\/loudavymkrokem.cz\/wp-content\/uploads\/2026\/08\/pisek-basta-putimska-brana-1536x1024.jpg 1536w, https:\/\/loudavymkrokem.cz\/wp-content\/uploads\/2026\/08\/pisek-basta-putimska-brana-2048x1366.jpg 2048w, https:\/\/loudavymkrokem.cz\/wp-content\/uploads\/2026\/08\/pisek-basta-putimska-brana-696x464.jpg 696w, https:\/\/loudavymkrokem.cz\/wp-content\/uploads\/2026\/08\/pisek-basta-putimska-brana-1392x928.jpg 1392w, https:\/\/loudavymkrokem.cz\/wp-content\/uploads\/2026\/08\/pisek-basta-putimska-brana-1920x1280.jpg 1920w\" sizes=\"(max-width: 2200px) 100vw, 2200px\" \/><button\n\t\t\tclass=\"lightbox-trigger\"\n\t\t\ttype=\"button\"\n\t\t\taria-haspopup=\"dialog\"\n\t\t\tdata-wp-bind--aria-label=\"state.thisImage.triggerButtonAriaLabel\"\n\t\t\tdata-wp-init=\"callbacks.initTriggerButton\"\n\t\t\tdata-wp-on--click=\"actions.showLightbox\"\n\t\t\tdata-wp-style--right=\"state.thisImage.buttonRight\"\n\t\t\tdata-wp-style--top=\"state.thisImage.buttonTop\"\n\t\t>\n\t\t\t<svg xmlns=\"http:\/\/www.w3.org\/2000\/svg\" width=\"12\" height=\"12\" fill=\"none\" viewBox=\"0 0 12 12\">\n\t\t\t\t<path fill=\"#fff\" d=\"M2 0a2 2 0 0 0-2 2v2h1.5V2a.5.5 0 0 1 .5-.5h2V0H2Zm2 10.5H2a.5.5 0 0 1-.5-.5V8H0v2a2 2 0 0 0 2 2h2v-1.5ZM8 12v-1.5h2a.5.5 0 0 0 .5-.5V8H12v2a2 2 0 0 1-2 2H8Zm2-12a2 2 0 0 1 2 2v2h-1.5V2a.5.5 0 0 0-.5-.5H8V0h2Z\" \/>\n\t\t\t<\/svg>\n\t\t<\/button><\/figure>\n\n\n\n<p class=\"wp-block-paragraph\">&#8220;<em>Quando passei por aquele Port\u00e3o de Putim\u2026<\/em>&#8221; \u2013 esta can\u00e7\u00e3ozinha praticamente todo tcheco conhece. E agora talvez eu te surpreenda: <strong>o port\u00e3o em si j\u00e1 n\u00e3o existe h\u00e1 muito tempo<\/strong>. A torre foi demolida em 1812 e o resto desapareceu at\u00e9 1836. Mas restou o lugar onde ficava o port\u00e3o e, principalmente, um trecho das <strong>muralhas medievais<\/strong> da cidade, com parapeito e um basti\u00e3o semicircular, preservado num estado bem impressionante.<\/p>\n\n\n\n<p class=\"wp-block-paragraph\">A pouca dist\u00e2ncia dali, na fachada da casa n\u00ba 154 na rua Putimsk\u00e1, voc\u00ea encontra um relevo conhecido como <strong>&#8220;as duas bonecas&#8221;<\/strong>, figuras esculpidas que, segundo dizem, se referem justamente \u00e0quela famosa can\u00e7\u00e3o. Todo o lugar tem uma atmosfera calma, um pouco nost\u00e1lgica, que faz a gente desacelerar, mesmo passando por ali com frequ\u00eancia.<\/p>\n\n\n\n<h3 class=\"wp-block-heading\"><span class=\"ez-toc-section\" id=\"3_Castelo_muralhas_e_o_Museu_Prachenske\"><\/span>3. Castelo, muralhas e o Museu Pr\u00e1che\u0148sk\u00e9<span class=\"ez-toc-section-end\"><\/span><\/h3>\n\n\n\n<figure data-wp-context=\"{&quot;imageId&quot;:&quot;6a95633693e4a&quot;}\" data-wp-interactive=\"core\/image\" data-wp-key=\"6a95633693e4a\" class=\"wp-block-image size-full wp-lightbox-container\"><img decoding=\"async\" width=\"2200\" height=\"1467\" data-wp-class--hide=\"state.isContentHidden\" data-wp-class--show=\"state.isContentVisible\" data-wp-init=\"callbacks.setButtonStyles\" data-wp-on--click=\"actions.showLightbox\" data-wp-on--load=\"callbacks.setButtonStyles\" data-wp-on--pointerdown=\"actions.preloadImage\" data-wp-on--pointerenter=\"actions.preloadImageWithDelay\" data-wp-on--pointerleave=\"actions.cancelPreload\" data-wp-on-window--resize=\"callbacks.setButtonStyles\" src=\"https:\/\/loudavymkrokem.cz\/wp-content\/uploads\/2026\/08\/pisek-hrad-hradby.jpg\" alt=\"Muros do castelo de P\u00edsek acima do rio Otava\" class=\"wp-image-399339\" title=\"\" srcset=\"https:\/\/loudavymkrokem.cz\/wp-content\/uploads\/2026\/08\/pisek-hrad-hradby.jpg 2200w, https:\/\/loudavymkrokem.cz\/wp-content\/uploads\/2026\/08\/pisek-hrad-hradby-300x200.jpg 300w, https:\/\/loudavymkrokem.cz\/wp-content\/uploads\/2026\/08\/pisek-hrad-hradby-700x467.jpg 700w, https:\/\/loudavymkrokem.cz\/wp-content\/uploads\/2026\/08\/pisek-hrad-hradby-768x512.jpg 768w, https:\/\/loudavymkrokem.cz\/wp-content\/uploads\/2026\/08\/pisek-hrad-hradby-1536x1024.jpg 1536w, https:\/\/loudavymkrokem.cz\/wp-content\/uploads\/2026\/08\/pisek-hrad-hradby-2048x1366.jpg 2048w, https:\/\/loudavymkrokem.cz\/wp-content\/uploads\/2026\/08\/pisek-hrad-hradby-696x464.jpg 696w, https:\/\/loudavymkrokem.cz\/wp-content\/uploads\/2026\/08\/pisek-hrad-hradby-1392x928.jpg 1392w, https:\/\/loudavymkrokem.cz\/wp-content\/uploads\/2026\/08\/pisek-hrad-hradby-1920x1280.jpg 1920w\" sizes=\"(max-width: 2200px) 100vw, 2200px\" \/><button\n\t\t\tclass=\"lightbox-trigger\"\n\t\t\ttype=\"button\"\n\t\t\taria-haspopup=\"dialog\"\n\t\t\tdata-wp-bind--aria-label=\"state.thisImage.triggerButtonAriaLabel\"\n\t\t\tdata-wp-init=\"callbacks.initTriggerButton\"\n\t\t\tdata-wp-on--click=\"actions.showLightbox\"\n\t\t\tdata-wp-style--right=\"state.thisImage.buttonRight\"\n\t\t\tdata-wp-style--top=\"state.thisImage.buttonTop\"\n\t\t>\n\t\t\t<svg xmlns=\"http:\/\/www.w3.org\/2000\/svg\" width=\"12\" height=\"12\" fill=\"none\" viewBox=\"0 0 12 12\">\n\t\t\t\t<path fill=\"#fff\" d=\"M2 0a2 2 0 0 0-2 2v2h1.5V2a.5.5 0 0 1 .5-.5h2V0H2Zm2 10.5H2a.5.5 0 0 1-.5-.5V8H0v2a2 2 0 0 0 2 2h2v-1.5ZM8 12v-1.5h2a.5.5 0 0 0 .5-.5V8H12v2a2 2 0 0 1-2 2H8Zm2-12a2 2 0 0 1 2 2v2h-1.5V2a.5.5 0 0 0-.5-.5H8V0h2Z\" \/>\n\t\t\t<\/svg>\n\t\t<\/button><\/figure>\n\n\n\n<p class=\"wp-block-paragraph\">O castelo de P\u00edsek \u00e9 uma daquelas coisas sobre as quais os locais dizem &#8220;ah \u00e9, o castelo&#8221; e os turistas ficam de boca aberta. \u00c9 <strong>g\u00f3tico primitivo<\/strong>, mandado construir por <strong>P\u0159emysl Otakar II<\/strong>, e fica em um espor\u00e3o sobre o Otava de um jeito que, de alguns \u00e2ngulos, parece ter brotado direto da rocha. Em seus espa\u00e7os hoje funciona o <strong>Museu Pr\u00e1che\u0148sk\u00e9<\/strong>, que, segure-se, recebeu uma men\u00e7\u00e3o especial no prestigiado concurso Museu Europeu do Ano. De P\u00edsek! \u00c0s vezes fico pensando se as pessoas sequer perceberam isso.<\/p>\n\n\n\n<p class=\"wp-block-paragraph\">As exposi\u00e7\u00f5es s\u00e3o surpreendentemente variadas. Da arqueologia \u00e0 arte medieval e \u00e0 etnografia. Eu, pessoalmente, sempre curto o lapid\u00e1rio g\u00f3tico, mas se voc\u00ea vem com crian\u00e7as, elas v\u00e3o gostar mais das partes interativas. E o pr\u00f3prio espa\u00e7o do castelo j\u00e1 \u00e9 uma experi\u00eancia \u2013 sal\u00f5es de pedra, tetos abobadados, corredores nas muralhas.<\/p>\n\n\n\n<p class=\"wp-block-paragraph\"><strong>Informa\u00e7\u00f5es pr\u00e1ticas:<\/strong> Hor\u00e1rio de funcionamento <strong>mar\u00e7o\u2013setembro 9h00\u201318h00<\/strong>, <strong>outubro\u2013dezembro 9h00\u201317h00<\/strong>. Ingresso <strong>adultos R$ 15 (60 K\u010d)<\/strong>, <strong>crian\u00e7as R$ 7,50 (30 K\u010d)<\/strong>, <strong>ingresso fam\u00edlia R$ 37 (150 K\u010d)<\/strong>. Por esse pre\u00e7o, \u00e9 uma das melhores rela\u00e7\u00f5es custo\/experi\u00eancia da cidade.<\/p>\n\n\n\n<h3 class=\"wp-block-heading\"><span class=\"ez-toc-section\" id=\"4_Usina_eletrica_municipal_de_Krizik\"><\/span>4. Usina el\u00e9trica municipal de K\u0159i\u017e\u00edk<span class=\"ez-toc-section-end\"><\/span><\/h3>\n\n\n\n<figure data-wp-context=\"{&quot;imageId&quot;:&quot;6a95633694397&quot;}\" data-wp-interactive=\"core\/image\" data-wp-key=\"6a95633694397\" class=\"wp-block-image size-full wp-lightbox-container\"><img decoding=\"async\" width=\"2200\" height=\"1467\" data-wp-class--hide=\"state.isContentHidden\" data-wp-class--show=\"state.isContentVisible\" data-wp-init=\"callbacks.setButtonStyles\" data-wp-on--click=\"actions.showLightbox\" data-wp-on--load=\"callbacks.setButtonStyles\" data-wp-on--pointerdown=\"actions.preloadImage\" data-wp-on--pointerenter=\"actions.preloadImageWithDelay\" data-wp-on--pointerleave=\"actions.cancelPreload\" data-wp-on-window--resize=\"callbacks.setButtonStyles\" src=\"https:\/\/loudavymkrokem.cz\/wp-content\/uploads\/2026\/08\/pisek-krizikova-elektrarna.jpg\" alt=\"Usina el\u00e9trica municipal de K\u0159i\u017e\u00edk em P\u00edsek\" class=\"wp-image-399347\" title=\"\" srcset=\"https:\/\/loudavymkrokem.cz\/wp-content\/uploads\/2026\/08\/pisek-krizikova-elektrarna.jpg 2200w, https:\/\/loudavymkrokem.cz\/wp-content\/uploads\/2026\/08\/pisek-krizikova-elektrarna-300x200.jpg 300w, https:\/\/loudavymkrokem.cz\/wp-content\/uploads\/2026\/08\/pisek-krizikova-elektrarna-700x467.jpg 700w, https:\/\/loudavymkrokem.cz\/wp-content\/uploads\/2026\/08\/pisek-krizikova-elektrarna-768x512.jpg 768w, https:\/\/loudavymkrokem.cz\/wp-content\/uploads\/2026\/08\/pisek-krizikova-elektrarna-1536x1024.jpg 1536w, https:\/\/loudavymkrokem.cz\/wp-content\/uploads\/2026\/08\/pisek-krizikova-elektrarna-2048x1366.jpg 2048w, https:\/\/loudavymkrokem.cz\/wp-content\/uploads\/2026\/08\/pisek-krizikova-elektrarna-696x464.jpg 696w, https:\/\/loudavymkrokem.cz\/wp-content\/uploads\/2026\/08\/pisek-krizikova-elektrarna-1392x928.jpg 1392w, https:\/\/loudavymkrokem.cz\/wp-content\/uploads\/2026\/08\/pisek-krizikova-elektrarna-1920x1280.jpg 1920w\" sizes=\"(max-width: 2200px) 100vw, 2200px\" \/><button\n\t\t\tclass=\"lightbox-trigger\"\n\t\t\ttype=\"button\"\n\t\t\taria-haspopup=\"dialog\"\n\t\t\tdata-wp-bind--aria-label=\"state.thisImage.triggerButtonAriaLabel\"\n\t\t\tdata-wp-init=\"callbacks.initTriggerButton\"\n\t\t\tdata-wp-on--click=\"actions.showLightbox\"\n\t\t\tdata-wp-style--right=\"state.thisImage.buttonRight\"\n\t\t\tdata-wp-style--top=\"state.thisImage.buttonTop\"\n\t\t>\n\t\t\t<svg xmlns=\"http:\/\/www.w3.org\/2000\/svg\" width=\"12\" height=\"12\" fill=\"none\" viewBox=\"0 0 12 12\">\n\t\t\t\t<path fill=\"#fff\" d=\"M2 0a2 2 0 0 0-2 2v2h1.5V2a.5.5 0 0 1 .5-.5h2V0H2Zm2 10.5H2a.5.5 0 0 1-.5-.5V8H0v2a2 2 0 0 0 2 2h2v-1.5ZM8 12v-1.5h2a.5.5 0 0 0 .5-.5V8H12v2a2 2 0 0 1-2 2H8Zm2-12a2 2 0 0 1 2 2v2h-1.5V2a.5.5 0 0 0-.5-.5H8V0h2Z\" \/>\n\t\t\t<\/svg>\n\t\t<\/button><\/figure>\n\n\n\n<p class=\"wp-block-paragraph\">Aqui vou te decepcionar: <strong>a usina est\u00e1 atualmente fechada<\/strong> e est\u00e1 sendo preparada uma nova exposi\u00e7\u00e3o. Ent\u00e3o, se voc\u00ea a tinha planejado como ponto principal do roteiro, vai ter que esperar. Mas preciso mencion\u00e1-la, porque sua hist\u00f3ria \u00e9 absolutamente essencial para entender por que P\u00edsek \u00e9 uma cidade t\u00e3o especial.<\/p>\n\n\n\n<p class=\"wp-block-paragraph\">Em <strong>1887<\/strong> \u2013 ou seja, um ano antes da usina de \u017di\u017ekov em Praga \u2013 acendeu-se em P\u00edsek a <strong>primeira ilumina\u00e7\u00e3o el\u00e9trica p\u00fablica permanente da Bo\u00eamia<\/strong>. Franti\u0161ek K\u0159i\u017e\u00edk, o Edison tcheco, escolheu justamente esta pequena cidade do sul da Bo\u00eamia para o seu experimento pioneiro. Imagine aquela \u00e9poca: pessoas na pra\u00e7a que a vida toda s\u00f3 conheceram velas e lampi\u00f5es a g\u00e1s, e de repente se acende a luz el\u00e9trica. P\u00edsek veio antes de Praga. Esse \u00e9 um fato do qual eu nunca canso.<\/p>\n\n\n\n<p class=\"wp-block-paragraph\">Uma boa not\u00edcia para fechar: na primavera de 2026, as turbinas Francis renovadas voltaram \u00e0 usina e, desde maio, o monumento voltou a gerar eletricidade. A nova exposi\u00e7\u00e3o ainda espera sua abertura, ent\u00e3o acompanhe o site da cidade para informa\u00e7\u00f5es atualizadas.<\/p>\n\n\n\n<h3 class=\"wp-block-heading\"><span class=\"ez-toc-section\" id=\"5_Haras_Nacional\"><\/span>5. Haras Nacional<span class=\"ez-toc-section-end\"><\/span><\/h3>\n\n\n\n<figure data-wp-context=\"{&quot;imageId&quot;:&quot;6a956336948c7&quot;}\" data-wp-interactive=\"core\/image\" data-wp-key=\"6a956336948c7\" class=\"wp-block-image size-full wp-lightbox-container\"><img decoding=\"async\" width=\"1600\" height=\"1018\" data-wp-class--hide=\"state.isContentHidden\" data-wp-class--show=\"state.isContentVisible\" data-wp-init=\"callbacks.setButtonStyles\" data-wp-on--click=\"actions.showLightbox\" data-wp-on--load=\"callbacks.setButtonStyles\" data-wp-on--pointerdown=\"actions.preloadImage\" data-wp-on--pointerenter=\"actions.preloadImageWithDelay\" data-wp-on--pointerleave=\"actions.cancelPreload\" data-wp-on-window--resize=\"callbacks.setButtonStyles\" src=\"https:\/\/loudavymkrokem.cz\/wp-content\/uploads\/2026\/08\/zemsky-hrebcinec-pisek-letecky.jpg\" alt=\"Vista a\u00e9rea do complexo do Haras Nacional de P\u00edsek\" class=\"wp-image-399598\" title=\"\" srcset=\"https:\/\/loudavymkrokem.cz\/wp-content\/uploads\/2026\/08\/zemsky-hrebcinec-pisek-letecky.jpg 1600w, https:\/\/loudavymkrokem.cz\/wp-content\/uploads\/2026\/08\/zemsky-hrebcinec-pisek-letecky-300x191.jpg 300w, https:\/\/loudavymkrokem.cz\/wp-content\/uploads\/2026\/08\/zemsky-hrebcinec-pisek-letecky-700x445.jpg 700w, https:\/\/loudavymkrokem.cz\/wp-content\/uploads\/2026\/08\/zemsky-hrebcinec-pisek-letecky-768x489.jpg 768w, https:\/\/loudavymkrokem.cz\/wp-content\/uploads\/2026\/08\/zemsky-hrebcinec-pisek-letecky-1536x977.jpg 1536w, https:\/\/loudavymkrokem.cz\/wp-content\/uploads\/2026\/08\/zemsky-hrebcinec-pisek-letecky-696x443.jpg 696w, https:\/\/loudavymkrokem.cz\/wp-content\/uploads\/2026\/08\/zemsky-hrebcinec-pisek-letecky-1392x886.jpg 1392w\" sizes=\"(max-width: 1600px) 100vw, 1600px\" \/><button\n\t\t\tclass=\"lightbox-trigger\"\n\t\t\ttype=\"button\"\n\t\t\taria-haspopup=\"dialog\"\n\t\t\tdata-wp-bind--aria-label=\"state.thisImage.triggerButtonAriaLabel\"\n\t\t\tdata-wp-init=\"callbacks.initTriggerButton\"\n\t\t\tdata-wp-on--click=\"actions.showLightbox\"\n\t\t\tdata-wp-style--right=\"state.thisImage.buttonRight\"\n\t\t\tdata-wp-style--top=\"state.thisImage.buttonTop\"\n\t\t>\n\t\t\t<svg xmlns=\"http:\/\/www.w3.org\/2000\/svg\" width=\"12\" height=\"12\" fill=\"none\" viewBox=\"0 0 12 12\">\n\t\t\t\t<path fill=\"#fff\" d=\"M2 0a2 2 0 0 0-2 2v2h1.5V2a.5.5 0 0 1 .5-.5h2V0H2Zm2 10.5H2a.5.5 0 0 1-.5-.5V8H0v2a2 2 0 0 0 2 2h2v-1.5ZM8 12v-1.5h2a.5.5 0 0 0 .5-.5V8H12v2a2 2 0 0 1-2 2H8Zm2-12a2 2 0 0 1 2 2v2h-1.5V2a.5.5 0 0 0-.5-.5H8V0h2Z\" \/>\n\t\t\t<\/svg>\n\t\t<\/button><\/figure>\n\n\n\n<p class=\"wp-block-paragraph\">Se h\u00e1 um lugar em P\u00edsek para onde eu mandaria absolutamente toda visita, \u00e9 o <strong>haras<\/strong>. N\u00e3o s\u00f3 por causa dos cavalos (embora eles sejam lind\u00edssimos), mas pelo pr\u00f3prio complexo. Uma constru\u00e7\u00e3o em <strong>estilo Tudor<\/strong>, sim, em P\u00edsek, no sul da Bo\u00eamia, que parece transportar voc\u00ea para o interior da Inglaterra. \u00c9 um <strong>monumento cultural nacional<\/strong> e um dos haras mais bonitos de toda a Europa.<\/p>\n\n\n\n<p class=\"wp-block-paragraph\">E agora uma del\u00edcia para os amantes da hist\u00f3ria: um garanh\u00e3o chamado <strong>Ardo<\/strong>, que viveu aqui, segundo a tradi\u00e7\u00e3o serviu de <strong>modelo para a est\u00e1tua de S\u00e3o Venceslau<\/strong> na Pra\u00e7a Venceslau, em Praga. Ent\u00e3o, toda vez que voc\u00ea passar por aquela est\u00e1tua, <strong>saiba que aquele cavalo \u00e9, na verdade, de P\u00edsek.<\/strong> \ud83d\ude04<\/p>\n\n\n\n<p class=\"wp-block-paragraph\">As <strong>visitas duram de 1 a 1,5 hora<\/strong>, um guia leva voc\u00ea pelas cavalari\u00e7as, pelo picadeiro e pelos espa\u00e7os hist\u00f3ricos. Ingresso <strong>R$ 37 adultos (150 K\u010d)<\/strong>, <strong>R$ 25 crian\u00e7as (100 K\u010d)<\/strong>. E agora um aviso importante que vai te poupar problema na bilheteria: <strong>aceitam SOMENTE DINHEIRO EM ESP\u00c9CIE!<\/strong> Nada de cart\u00f5es, nada de celular. Leve dinheiro vivo.<\/p>\n\n\n\n<h3 class=\"wp-block-heading\"><span class=\"ez-toc-section\" id=\"6_Igreja_da_Natividade_da_Virgem_Maria\"><\/span>6. Igreja da Natividade da Virgem Maria<span class=\"ez-toc-section-end\"><\/span><\/h3>\n\n\n\n<figure data-wp-context=\"{&quot;imageId&quot;:&quot;6a95633694de0&quot;}\" data-wp-interactive=\"core\/image\" data-wp-key=\"6a95633694de0\" class=\"wp-block-image size-full wp-lightbox-container\"><img decoding=\"async\" width=\"2200\" height=\"1467\" data-wp-class--hide=\"state.isContentHidden\" data-wp-class--show=\"state.isContentVisible\" data-wp-init=\"callbacks.setButtonStyles\" data-wp-on--click=\"actions.showLightbox\" data-wp-on--load=\"callbacks.setButtonStyles\" data-wp-on--pointerdown=\"actions.preloadImage\" data-wp-on--pointerenter=\"actions.preloadImageWithDelay\" data-wp-on--pointerleave=\"actions.cancelPreload\" data-wp-on-window--resize=\"callbacks.setButtonStyles\" src=\"https:\/\/loudavymkrokem.cz\/wp-content\/uploads\/2026\/08\/pisek-kostel-narozeni-panny-marie.jpg\" alt=\"Igreja g\u00f3tica da Natividade da Virgem Maria em P\u00edsek\" class=\"wp-image-399350\" title=\"\" srcset=\"https:\/\/loudavymkrokem.cz\/wp-content\/uploads\/2026\/08\/pisek-kostel-narozeni-panny-marie.jpg 2200w, https:\/\/loudavymkrokem.cz\/wp-content\/uploads\/2026\/08\/pisek-kostel-narozeni-panny-marie-300x200.jpg 300w, https:\/\/loudavymkrokem.cz\/wp-content\/uploads\/2026\/08\/pisek-kostel-narozeni-panny-marie-700x467.jpg 700w, https:\/\/loudavymkrokem.cz\/wp-content\/uploads\/2026\/08\/pisek-kostel-narozeni-panny-marie-768x512.jpg 768w, https:\/\/loudavymkrokem.cz\/wp-content\/uploads\/2026\/08\/pisek-kostel-narozeni-panny-marie-1536x1024.jpg 1536w, https:\/\/loudavymkrokem.cz\/wp-content\/uploads\/2026\/08\/pisek-kostel-narozeni-panny-marie-2048x1366.jpg 2048w, https:\/\/loudavymkrokem.cz\/wp-content\/uploads\/2026\/08\/pisek-kostel-narozeni-panny-marie-696x464.jpg 696w, https:\/\/loudavymkrokem.cz\/wp-content\/uploads\/2026\/08\/pisek-kostel-narozeni-panny-marie-1392x928.jpg 1392w, https:\/\/loudavymkrokem.cz\/wp-content\/uploads\/2026\/08\/pisek-kostel-narozeni-panny-marie-1920x1280.jpg 1920w\" sizes=\"(max-width: 2200px) 100vw, 2200px\" \/><button\n\t\t\tclass=\"lightbox-trigger\"\n\t\t\ttype=\"button\"\n\t\t\taria-haspopup=\"dialog\"\n\t\t\tdata-wp-bind--aria-label=\"state.thisImage.triggerButtonAriaLabel\"\n\t\t\tdata-wp-init=\"callbacks.initTriggerButton\"\n\t\t\tdata-wp-on--click=\"actions.showLightbox\"\n\t\t\tdata-wp-style--right=\"state.thisImage.buttonRight\"\n\t\t\tdata-wp-style--top=\"state.thisImage.buttonTop\"\n\t\t>\n\t\t\t<svg xmlns=\"http:\/\/www.w3.org\/2000\/svg\" width=\"12\" height=\"12\" fill=\"none\" viewBox=\"0 0 12 12\">\n\t\t\t\t<path fill=\"#fff\" d=\"M2 0a2 2 0 0 0-2 2v2h1.5V2a.5.5 0 0 1 .5-.5h2V0H2Zm2 10.5H2a.5.5 0 0 1-.5-.5V8H0v2a2 2 0 0 0 2 2h2v-1.5ZM8 12v-1.5h2a.5.5 0 0 0 .5-.5V8H12v2a2 2 0 0 1-2 2H8Zm2-12a2 2 0 0 1 2 2v2h-1.5V2a.5.5 0 0 0-.5-.5H8V0h2Z\" \/>\n\t\t\t<\/svg>\n\t\t<\/button><\/figure>\n\n\n\n<p class=\"wp-block-paragraph\">A torre desta igreja \u00e9 um marco que voc\u00ea enxerga de quase todos os cantos de P\u00edsek \u2013 a torre mede mais de 70 metros e o mirante fica a <strong>42 metros<\/strong>; quem n\u00e3o tem medo, sobe os <strong>210 degraus<\/strong>. A vista da cidade e dos arredores compensa o cansa\u00e7o, isso eu garanto. Mas a coisa mais curiosa desta igreja \u00e9 o <strong>rel\u00f3gio da torre<\/strong>. Olhe com aten\u00e7\u00e3o, alguma coisa n\u00e3o vai bater.<\/p>\n\n\n\n<p class=\"wp-block-paragraph\">Descobriu? <strong>O ponteiro pequeno marca os minutos e o grande marca as horas.<\/strong> Exatamente o contr\u00e1rio do que voc\u00ea est\u00e1 acostumado. Ningu\u00e9m sabe ao certo por qu\u00ea, existem v\u00e1rias teorias, mas o resultado \u00e9 que quase todo turista olha para esse rel\u00f3gio confuso enquanto os locais riem discretamente. Os moradores se divertem com isso h\u00e1 gera\u00e7\u00f5es. E outro fato curioso? Se voc\u00ea olhar para o rel\u00f3gio do \u00e2ngulo certo, reconhece nele uma coruja.<\/p>\n\n\n\n<p class=\"wp-block-paragraph\"><strong>Importante:<\/strong> voc\u00ea s\u00f3 sobe \u00e0 torre <strong>com reserva pr\u00e9via<\/strong>, ent\u00e3o planeje-se com anteced\u00eancia. As informa\u00e7\u00f5es voc\u00ea consegue no centro de informa\u00e7\u00f5es tur\u00edsticas da cidade.<\/p>\n\n\n\n<h3 class=\"wp-block-heading\"><span class=\"ez-toc-section\" id=\"7_A_Praca_Grande_e_a_Praca_Alsovo_com_as_Pedras_dos_Desaparecidos\"><\/span>7. A Pra\u00e7a Grande e a Pra\u00e7a Al\u0161ovo com as Pedras dos Desaparecidos<span class=\"ez-toc-section-end\"><\/span><\/h3>\n\n\n\n<figure data-wp-context=\"{&quot;imageId&quot;:&quot;6a956336952b7&quot;}\" data-wp-interactive=\"core\/image\" data-wp-key=\"6a956336952b7\" class=\"wp-block-image size-full wp-lightbox-container\"><img decoding=\"async\" width=\"2200\" height=\"1467\" data-wp-class--hide=\"state.isContentHidden\" data-wp-class--show=\"state.isContentVisible\" data-wp-init=\"callbacks.setButtonStyles\" data-wp-on--click=\"actions.showLightbox\" data-wp-on--load=\"callbacks.setButtonStyles\" data-wp-on--pointerdown=\"actions.preloadImage\" data-wp-on--pointerenter=\"actions.preloadImageWithDelay\" data-wp-on--pointerleave=\"actions.cancelPreload\" data-wp-on-window--resize=\"callbacks.setButtonStyles\" src=\"https:\/\/loudavymkrokem.cz\/wp-content\/uploads\/2026\/08\/pisek-velke-namesti-vez-kostela.jpg\" alt=\"Pra\u00e7a Grande em P\u00edsek com a torre da Igreja da Natividade da Virgem Maria\" class=\"wp-image-399352\" title=\"\" srcset=\"https:\/\/loudavymkrokem.cz\/wp-content\/uploads\/2026\/08\/pisek-velke-namesti-vez-kostela.jpg 2200w, https:\/\/loudavymkrokem.cz\/wp-content\/uploads\/2026\/08\/pisek-velke-namesti-vez-kostela-300x200.jpg 300w, https:\/\/loudavymkrokem.cz\/wp-content\/uploads\/2026\/08\/pisek-velke-namesti-vez-kostela-700x467.jpg 700w, https:\/\/loudavymkrokem.cz\/wp-content\/uploads\/2026\/08\/pisek-velke-namesti-vez-kostela-768x512.jpg 768w, https:\/\/loudavymkrokem.cz\/wp-content\/uploads\/2026\/08\/pisek-velke-namesti-vez-kostela-1536x1024.jpg 1536w, https:\/\/loudavymkrokem.cz\/wp-content\/uploads\/2026\/08\/pisek-velke-namesti-vez-kostela-2048x1366.jpg 2048w, https:\/\/loudavymkrokem.cz\/wp-content\/uploads\/2026\/08\/pisek-velke-namesti-vez-kostela-696x464.jpg 696w, https:\/\/loudavymkrokem.cz\/wp-content\/uploads\/2026\/08\/pisek-velke-namesti-vez-kostela-1392x928.jpg 1392w, https:\/\/loudavymkrokem.cz\/wp-content\/uploads\/2026\/08\/pisek-velke-namesti-vez-kostela-1920x1280.jpg 1920w\" sizes=\"(max-width: 2200px) 100vw, 2200px\" \/><button\n\t\t\tclass=\"lightbox-trigger\"\n\t\t\ttype=\"button\"\n\t\t\taria-haspopup=\"dialog\"\n\t\t\tdata-wp-bind--aria-label=\"state.thisImage.triggerButtonAriaLabel\"\n\t\t\tdata-wp-init=\"callbacks.initTriggerButton\"\n\t\t\tdata-wp-on--click=\"actions.showLightbox\"\n\t\t\tdata-wp-style--right=\"state.thisImage.buttonRight\"\n\t\t\tdata-wp-style--top=\"state.thisImage.buttonTop\"\n\t\t>\n\t\t\t<svg xmlns=\"http:\/\/www.w3.org\/2000\/svg\" width=\"12\" height=\"12\" fill=\"none\" viewBox=\"0 0 12 12\">\n\t\t\t\t<path fill=\"#fff\" d=\"M2 0a2 2 0 0 0-2 2v2h1.5V2a.5.5 0 0 1 .5-.5h2V0H2Zm2 10.5H2a.5.5 0 0 1-.5-.5V8H0v2a2 2 0 0 0 2 2h2v-1.5ZM8 12v-1.5h2a.5.5 0 0 0 .5-.5V8H12v2a2 2 0 0 1-2 2H8Zm2-12a2 2 0 0 1 2 2v2h-1.5V2a.5.5 0 0 0-.5-.5H8V0h2Z\" \/>\n\t\t\t<\/svg>\n\t\t<\/button><\/figure>\n\n\n\n<p class=\"wp-block-paragraph\">As duas pra\u00e7as principais de P\u00edsek s\u00e3o interligadas e formam o cora\u00e7\u00e3o da cidade: a Pra\u00e7a Grande \u00e9 a representativa, com a prefeitura e a fonte, e a Al\u0161ovo \u00e9 mais calma, com a biblioteca e \u00e1rvores. Passear por elas \u00e9 agrad\u00e1vel a qualquer hora, mas quero chamar sua aten\u00e7\u00e3o para uma coisa que se passa despercebida se voc\u00ea n\u00e3o souber dela.<\/p>\n\n\n\n<p class=\"wp-block-paragraph\">Nas cal\u00e7adas do centro de P\u00edsek voc\u00ea encontra as <strong>Pedras dos Desaparecidos<\/strong>, as chamadas <strong>Stolpersteine<\/strong>. S\u00e3o pequenas <strong>placas de lat\u00e3o<\/strong> encaixadas no cal\u00e7amento, cada uma com o nome, a data de nascimento e o destino de uma pessoa que viveu naquele lugar e se tornou v\u00edtima do Holocausto. Voc\u00ea as encontra na <strong>rua Heydukova, na avenida \u017di\u017ekova e na Pra\u00e7a Grande<\/strong>.<\/p>\n\n\n\n<p class=\"wp-block-paragraph\">Toda vez que passo por elas, paro um instante. Elas te fazem perceber que aqueles n\u00e3o s\u00e3o apenas nomes de livro did\u00e1tico. Eram vizinhos, comerciantes, pessoas que caminhavam pelas mesmas ruas que n\u00f3s hoje. \u00c9 uma lembran\u00e7a silenciosa e digna, e acho que ningu\u00e9m que visite P\u00edsek deveria deixar de not\u00e1-la.<\/p>\n\n\n\n<h3 class=\"wp-block-heading\"><span class=\"ez-toc-section\" id=\"8_Coluna_da_Peste_de_Nossa_Senhora_na_Praca_Alsovo\"><\/span>8. Coluna da Peste de Nossa Senhora na Pra\u00e7a Al\u0161ovo<span class=\"ez-toc-section-end\"><\/span><\/h3>\n\n\n\n<figure data-wp-context=\"{&quot;imageId&quot;:&quot;6a9563369585d&quot;}\" data-wp-interactive=\"core\/image\" data-wp-key=\"6a9563369585d\" class=\"wp-block-image size-full wp-lightbox-container\"><img decoding=\"async\" width=\"2200\" height=\"1467\" data-wp-class--hide=\"state.isContentHidden\" data-wp-class--show=\"state.isContentVisible\" data-wp-init=\"callbacks.setButtonStyles\" data-wp-on--click=\"actions.showLightbox\" data-wp-on--load=\"callbacks.setButtonStyles\" data-wp-on--pointerdown=\"actions.preloadImage\" data-wp-on--pointerenter=\"actions.preloadImageWithDelay\" data-wp-on--pointerleave=\"actions.cancelPreload\" data-wp-on-window--resize=\"callbacks.setButtonStyles\" src=\"https:\/\/loudavymkrokem.cz\/wp-content\/uploads\/2026\/08\/pisek-marianske-sousosi-alsovo-namesti.jpg\" alt=\"Coluna da peste de Nossa Senhora na Pra\u00e7a Al\u0161ovo em P\u00edsek\" class=\"wp-image-399355\" title=\"\" srcset=\"https:\/\/loudavymkrokem.cz\/wp-content\/uploads\/2026\/08\/pisek-marianske-sousosi-alsovo-namesti.jpg 2200w, https:\/\/loudavymkrokem.cz\/wp-content\/uploads\/2026\/08\/pisek-marianske-sousosi-alsovo-namesti-300x200.jpg 300w, https:\/\/loudavymkrokem.cz\/wp-content\/uploads\/2026\/08\/pisek-marianske-sousosi-alsovo-namesti-700x467.jpg 700w, https:\/\/loudavymkrokem.cz\/wp-content\/uploads\/2026\/08\/pisek-marianske-sousosi-alsovo-namesti-768x512.jpg 768w, https:\/\/loudavymkrokem.cz\/wp-content\/uploads\/2026\/08\/pisek-marianske-sousosi-alsovo-namesti-1536x1024.jpg 1536w, https:\/\/loudavymkrokem.cz\/wp-content\/uploads\/2026\/08\/pisek-marianske-sousosi-alsovo-namesti-2048x1366.jpg 2048w, https:\/\/loudavymkrokem.cz\/wp-content\/uploads\/2026\/08\/pisek-marianske-sousosi-alsovo-namesti-696x464.jpg 696w, https:\/\/loudavymkrokem.cz\/wp-content\/uploads\/2026\/08\/pisek-marianske-sousosi-alsovo-namesti-1392x928.jpg 1392w, https:\/\/loudavymkrokem.cz\/wp-content\/uploads\/2026\/08\/pisek-marianske-sousosi-alsovo-namesti-1920x1280.jpg 1920w\" sizes=\"(max-width: 2200px) 100vw, 2200px\" \/><button\n\t\t\tclass=\"lightbox-trigger\"\n\t\t\ttype=\"button\"\n\t\t\taria-haspopup=\"dialog\"\n\t\t\tdata-wp-bind--aria-label=\"state.thisImage.triggerButtonAriaLabel\"\n\t\t\tdata-wp-init=\"callbacks.initTriggerButton\"\n\t\t\tdata-wp-on--click=\"actions.showLightbox\"\n\t\t\tdata-wp-style--right=\"state.thisImage.buttonRight\"\n\t\t\tdata-wp-style--top=\"state.thisImage.buttonTop\"\n\t\t>\n\t\t\t<svg xmlns=\"http:\/\/www.w3.org\/2000\/svg\" width=\"12\" height=\"12\" fill=\"none\" viewBox=\"0 0 12 12\">\n\t\t\t\t<path fill=\"#fff\" d=\"M2 0a2 2 0 0 0-2 2v2h1.5V2a.5.5 0 0 1 .5-.5h2V0H2Zm2 10.5H2a.5.5 0 0 1-.5-.5V8H0v2a2 2 0 0 0 2 2h2v-1.5ZM8 12v-1.5h2a.5.5 0 0 0 .5-.5V8H12v2a2 2 0 0 1-2 2H8Zm2-12a2 2 0 0 1 2 2v2h-1.5V2a.5.5 0 0 0-.5-.5H8V0h2Z\" \/>\n\t\t\t<\/svg>\n\t\t<\/button><\/figure>\n\n\n\n<p class=\"wp-block-paragraph\">Na Pra\u00e7a Al\u0161ovo fica a <strong>coluna barroca da peste, de 1713\u20131714<\/strong>, que a cidade mandou erguer em agradecimento por afastar a epidemia. No topo est\u00e1 <strong>Nossa Senhora<\/strong> e, abaixo dela, <strong>10 santos<\/strong>: padroeiros contra a peste, protetores da cidade. O autor \u00e9 o escultor <strong>Christian Widemann<\/strong> e toda a composi\u00e7\u00e3o \u00e9 surpreendentemente din\u00e2mica e detalhada para uma pra\u00e7a t\u00e3o pequena.<\/p>\n\n\n\n<p class=\"wp-block-paragraph\">Se voc\u00ea gosta de barroco, esta \u00e9 uma das colunas da peste mais bonitas do sul da Bo\u00eamia. E mesmo que barroco n\u00e3o seja bem a sua praia, pelo menos pare diante dela \u2013 aquele contraste do conjunto escult\u00f3rico antigo com os cafezinhos ao redor tem o seu charme.<\/p>\n\n\n\n<h3 class=\"wp-block-heading\"><span class=\"ez-toc-section\" id=\"9_Quartel\"><\/span>9. Quartel<span class=\"ez-toc-section-end\"><\/span><\/h3>\n\n\n\n<p class=\"wp-block-paragraph\">O antigo <strong>Quartel de \u017di\u017eka<\/strong>, na avenida \u017di\u017ekova, \u00e9 <strong>protegido como patrim\u00f4nio<\/strong> e vem sendo transformado aos poucos. N\u00e3o vou te enganar \u2013 n\u00e3o \u00e9 um lugar aonde voc\u00ea iria de prop\u00f3sito para passar duas horas, mas se voc\u00ea caminhar pela avenida \u017di\u017ekova, repare nesses pr\u00e9dios imponentes e imagine quantos soldados passaram por aqui ao longo dos s\u00e9culos. P\u00edsek sempre teve uma forte tradi\u00e7\u00e3o militar, e este quartel \u00e9 a lembran\u00e7a concreta disso.<\/p>\n\n\n\n<h3 class=\"wp-block-heading\"><span class=\"ez-toc-section\" id=\"10_Prefeitura_municipal\"><\/span>10. Prefeitura municipal<span class=\"ez-toc-section-end\"><\/span><\/h3>\n\n\n\n<figure data-wp-context=\"{&quot;imageId&quot;:&quot;6a95633695ee7&quot;}\" data-wp-interactive=\"core\/image\" data-wp-key=\"6a95633695ee7\" class=\"wp-block-image size-full wp-lightbox-container\"><img decoding=\"async\" width=\"2200\" height=\"1467\" data-wp-class--hide=\"state.isContentHidden\" data-wp-class--show=\"state.isContentVisible\" data-wp-init=\"callbacks.setButtonStyles\" data-wp-on--click=\"actions.showLightbox\" data-wp-on--load=\"callbacks.setButtonStyles\" data-wp-on--pointerdown=\"actions.preloadImage\" data-wp-on--pointerenter=\"actions.preloadImageWithDelay\" data-wp-on--pointerleave=\"actions.cancelPreload\" data-wp-on-window--resize=\"callbacks.setButtonStyles\" src=\"https:\/\/loudavymkrokem.cz\/wp-content\/uploads\/2026\/08\/pisek-radnice-veze.jpg\" alt=\"Prefeitura barroca com duas torres na Pra\u00e7a Grande em P\u00edsek\" class=\"wp-image-399357\" title=\"\" srcset=\"https:\/\/loudavymkrokem.cz\/wp-content\/uploads\/2026\/08\/pisek-radnice-veze.jpg 2200w, https:\/\/loudavymkrokem.cz\/wp-content\/uploads\/2026\/08\/pisek-radnice-veze-300x200.jpg 300w, https:\/\/loudavymkrokem.cz\/wp-content\/uploads\/2026\/08\/pisek-radnice-veze-700x467.jpg 700w, https:\/\/loudavymkrokem.cz\/wp-content\/uploads\/2026\/08\/pisek-radnice-veze-768x512.jpg 768w, https:\/\/loudavymkrokem.cz\/wp-content\/uploads\/2026\/08\/pisek-radnice-veze-1536x1024.jpg 1536w, https:\/\/loudavymkrokem.cz\/wp-content\/uploads\/2026\/08\/pisek-radnice-veze-2048x1366.jpg 2048w, https:\/\/loudavymkrokem.cz\/wp-content\/uploads\/2026\/08\/pisek-radnice-veze-696x464.jpg 696w, https:\/\/loudavymkrokem.cz\/wp-content\/uploads\/2026\/08\/pisek-radnice-veze-1392x928.jpg 1392w, https:\/\/loudavymkrokem.cz\/wp-content\/uploads\/2026\/08\/pisek-radnice-veze-1920x1280.jpg 1920w\" sizes=\"(max-width: 2200px) 100vw, 2200px\" \/><button\n\t\t\tclass=\"lightbox-trigger\"\n\t\t\ttype=\"button\"\n\t\t\taria-haspopup=\"dialog\"\n\t\t\tdata-wp-bind--aria-label=\"state.thisImage.triggerButtonAriaLabel\"\n\t\t\tdata-wp-init=\"callbacks.initTriggerButton\"\n\t\t\tdata-wp-on--click=\"actions.showLightbox\"\n\t\t\tdata-wp-style--right=\"state.thisImage.buttonRight\"\n\t\t\tdata-wp-style--top=\"state.thisImage.buttonTop\"\n\t\t>\n\t\t\t<svg xmlns=\"http:\/\/www.w3.org\/2000\/svg\" width=\"12\" height=\"12\" fill=\"none\" viewBox=\"0 0 12 12\">\n\t\t\t\t<path fill=\"#fff\" d=\"M2 0a2 2 0 0 0-2 2v2h1.5V2a.5.5 0 0 1 .5-.5h2V0H2Zm2 10.5H2a.5.5 0 0 1-.5-.5V8H0v2a2 2 0 0 0 2 2h2v-1.5ZM8 12v-1.5h2a.5.5 0 0 0 .5-.5V8H12v2a2 2 0 0 1-2 2H8Zm2-12a2 2 0 0 1 2 2v2h-1.5V2a.5.5 0 0 0-.5-.5H8V0h2Z\" \/>\n\t\t\t<\/svg>\n\t\t<\/button><\/figure>\n\n\n\n<p class=\"wp-block-paragraph\">A <strong>prefeitura barroca<\/strong> na Pra\u00e7a Grande foi erguida entre <strong>1740 e 1767<\/strong> e sua <strong>torre com c\u00fapula em formato de bulbo<\/strong> \u00e9 uma das silhuetas mais fotog\u00eanicas da cidade. Da torre \u00e0s vezes se abre um <strong>mirante<\/strong>, de onde h\u00e1 uma vista linda da pra\u00e7a, dos telhados da cidade e, em dias claros, at\u00e9 das montanhas de \u0160umava ao longe.<\/p>\n\n\n\n<p class=\"wp-block-paragraph\">A prefeitura em si continua funcionando, \u00e9 sede do \u00f3rg\u00e3o municipal, ent\u00e3o voc\u00ea n\u00e3o entra assim t\u00e3o f\u00e1cil, mas o exterior \u00e9 lind\u00edssimo. Aquele tom amarelo quente da fachada, os front\u00f5es barrocos, o rel\u00f3gio da torre&#8230; Toda vez que atravesso a pra\u00e7a, olho para ela automaticamente.<\/p>\n\n\n\n<h3 class=\"wp-block-heading\"><span class=\"ez-toc-section\" id=\"11_Igreja_da_Exaltacao_da_Santa_Cruz\"><\/span>11. Igreja da Exalta\u00e7\u00e3o da Santa Cruz<span class=\"ez-toc-section-end\"><\/span><\/h3>\n\n\n\n<figure data-wp-context=\"{&quot;imageId&quot;:&quot;6a9563369645f&quot;}\" data-wp-interactive=\"core\/image\" data-wp-key=\"6a9563369645f\" class=\"wp-block-image size-full wp-lightbox-container\"><img decoding=\"async\" width=\"2200\" height=\"1467\" data-wp-class--hide=\"state.isContentHidden\" data-wp-class--show=\"state.isContentVisible\" data-wp-init=\"callbacks.setButtonStyles\" data-wp-on--click=\"actions.showLightbox\" data-wp-on--load=\"callbacks.setButtonStyles\" data-wp-on--pointerdown=\"actions.preloadImage\" data-wp-on--pointerenter=\"actions.preloadImageWithDelay\" data-wp-on--pointerleave=\"actions.cancelPreload\" data-wp-on-window--resize=\"callbacks.setButtonStyles\" src=\"https:\/\/loudavymkrokem.cz\/wp-content\/uploads\/2026\/08\/pisek-kostel-povyseni-sv-krize.jpg\" alt=\"Igreja da Exalta\u00e7\u00e3o da Santa Cruz em P\u00edsek com fachada em esgrafito\" class=\"wp-image-399359\" title=\"\" srcset=\"https:\/\/loudavymkrokem.cz\/wp-content\/uploads\/2026\/08\/pisek-kostel-povyseni-sv-krize.jpg 2200w, https:\/\/loudavymkrokem.cz\/wp-content\/uploads\/2026\/08\/pisek-kostel-povyseni-sv-krize-300x200.jpg 300w, https:\/\/loudavymkrokem.cz\/wp-content\/uploads\/2026\/08\/pisek-kostel-povyseni-sv-krize-700x467.jpg 700w, https:\/\/loudavymkrokem.cz\/wp-content\/uploads\/2026\/08\/pisek-kostel-povyseni-sv-krize-768x512.jpg 768w, https:\/\/loudavymkrokem.cz\/wp-content\/uploads\/2026\/08\/pisek-kostel-povyseni-sv-krize-1536x1024.jpg 1536w, https:\/\/loudavymkrokem.cz\/wp-content\/uploads\/2026\/08\/pisek-kostel-povyseni-sv-krize-2048x1366.jpg 2048w, https:\/\/loudavymkrokem.cz\/wp-content\/uploads\/2026\/08\/pisek-kostel-povyseni-sv-krize-696x464.jpg 696w, https:\/\/loudavymkrokem.cz\/wp-content\/uploads\/2026\/08\/pisek-kostel-povyseni-sv-krize-1392x928.jpg 1392w, https:\/\/loudavymkrokem.cz\/wp-content\/uploads\/2026\/08\/pisek-kostel-povyseni-sv-krize-1920x1280.jpg 1920w\" sizes=\"(max-width: 2200px) 100vw, 2200px\" \/><button\n\t\t\tclass=\"lightbox-trigger\"\n\t\t\ttype=\"button\"\n\t\t\taria-haspopup=\"dialog\"\n\t\t\tdata-wp-bind--aria-label=\"state.thisImage.triggerButtonAriaLabel\"\n\t\t\tdata-wp-init=\"callbacks.initTriggerButton\"\n\t\t\tdata-wp-on--click=\"actions.showLightbox\"\n\t\t\tdata-wp-style--right=\"state.thisImage.buttonRight\"\n\t\t\tdata-wp-style--top=\"state.thisImage.buttonTop\"\n\t\t>\n\t\t\t<svg xmlns=\"http:\/\/www.w3.org\/2000\/svg\" width=\"12\" height=\"12\" fill=\"none\" viewBox=\"0 0 12 12\">\n\t\t\t\t<path fill=\"#fff\" d=\"M2 0a2 2 0 0 0-2 2v2h1.5V2a.5.5 0 0 1 .5-.5h2V0H2Zm2 10.5H2a.5.5 0 0 1-.5-.5V8H0v2a2 2 0 0 0 2 2h2v-1.5ZM8 12v-1.5h2a.5.5 0 0 0 .5-.5V8H12v2a2 2 0 0 1-2 2H8Zm2-12a2 2 0 0 1 2 2v2h-1.5V2a.5.5 0 0 0-.5-.5H8V0h2Z\" \/>\n\t\t\t<\/svg>\n\t\t<\/button><\/figure>\n\n\n\n<p class=\"wp-block-paragraph\">Mais uma igreja fundada em P\u00edsek por <strong>P\u0159emysl Otakar II<\/strong> no <strong>s\u00e9culo XIII<\/strong> \u2013 esse rei nitidamente teve uma febre construtora por aqui. A igreja me fascina por dois motivos. Primeiro, tem um lindo <strong>esgrafito renascentista<\/strong> na fachada, incomumente rico e elaborado para uma igreja do sul da Bo\u00eamia. Segundo, e isso quem se interessa por arquitetura sacra vai apreciar, ela tem <strong>orienta\u00e7\u00e3o invertida<\/strong>, com o altar voltado para o oeste. Ela surgiu, na verdade, da igreja do mosteiro dos dominicanos e ganhou a forma atual numa reforma do s\u00e9culo XVII, o que confunde os amantes da arquitetura sacra sem falta.<\/p>\n\n\n\n<p class=\"wp-block-paragraph\">Por fora parece um pouco discreta, ent\u00e3o muita gente passa reto. N\u00e3o cometa o mesmo erro.<\/p>\n\n\n\n<h3 class=\"wp-block-heading\"><span class=\"ez-toc-section\" id=\"12_Acougues_Medievais_Masne_kramy\"><\/span>12. A\u00e7ougues Medievais (Masn\u00e9 kr\u00e1my)<span class=\"ez-toc-section-end\"><\/span><\/h3>\n\n\n\n<p class=\"wp-block-paragraph\">Os A\u00e7ougues Medievais funcionam em P\u00edsek <strong>desde a Idade M\u00e9dia<\/strong>. \u00c9 uma <strong>ruazinha coberta<\/strong> na frente sul da Pra\u00e7a Grande e, dos dois lados, h\u00e1 pequenas <strong>lojinhas<\/strong> (hoje s\u00e3o mais de 20), onde se vende de cer\u00e2mica a joias e produtos locais.<\/p>\n\n\n\n<p class=\"wp-block-paragraph\">Para crian\u00e7as pequenas, a ruazinha pode parecer um pouco escura e misteriosa, mas \u00e9 justamente nisso que est\u00e1 o charme. Aquela ruela estreita tem uma atmosfera que os shoppings do mundo inteiro copiam artificialmente, e aqui est\u00e1 o original, com ra\u00edzes medievais. Al\u00e9m disso, \u00e9 um \u00f3timo atalho da pra\u00e7a para a rua Ningrova.<\/p>\n\n\n\n<h3 class=\"wp-block-heading\"><span class=\"ez-toc-section\" id=\"13_Biblioteca_municipal_e_o_cafe_Upekla\"><\/span>13. Biblioteca municipal e o caf\u00e9 Upekla<span class=\"ez-toc-section-end\"><\/span><\/h3>\n\n\n\n<figure data-wp-context=\"{&quot;imageId&quot;:&quot;6a95633696a3f&quot;}\" data-wp-interactive=\"core\/image\" data-wp-key=\"6a95633696a3f\" class=\"wp-block-image size-full wp-lightbox-container\"><img decoding=\"async\" width=\"2200\" height=\"1650\" data-wp-class--hide=\"state.isContentHidden\" data-wp-class--show=\"state.isContentVisible\" data-wp-init=\"callbacks.setButtonStyles\" data-wp-on--click=\"actions.showLightbox\" data-wp-on--load=\"callbacks.setButtonStyles\" data-wp-on--pointerdown=\"actions.preloadImage\" data-wp-on--pointerenter=\"actions.preloadImageWithDelay\" data-wp-on--pointerleave=\"actions.cancelPreload\" data-wp-on-window--resize=\"callbacks.setButtonStyles\" src=\"https:\/\/loudavymkrokem.cz\/wp-content\/uploads\/2026\/08\/pisek-knihovna-vnitroblok-piskoviste-upekla.jpg\" alt=\"P\u00e1tio interno da Biblioteca Municipal de P\u00edsek com caixa de areia junto ao caf\u00e9 Upekla\" class=\"wp-image-399544\" title=\"\" srcset=\"https:\/\/loudavymkrokem.cz\/wp-content\/uploads\/2026\/08\/pisek-knihovna-vnitroblok-piskoviste-upekla.jpg 2200w, https:\/\/loudavymkrokem.cz\/wp-content\/uploads\/2026\/08\/pisek-knihovna-vnitroblok-piskoviste-upekla-300x225.jpg 300w, https:\/\/loudavymkrokem.cz\/wp-content\/uploads\/2026\/08\/pisek-knihovna-vnitroblok-piskoviste-upekla-700x525.jpg 700w, https:\/\/loudavymkrokem.cz\/wp-content\/uploads\/2026\/08\/pisek-knihovna-vnitroblok-piskoviste-upekla-768x576.jpg 768w, https:\/\/loudavymkrokem.cz\/wp-content\/uploads\/2026\/08\/pisek-knihovna-vnitroblok-piskoviste-upekla-1536x1152.jpg 1536w, https:\/\/loudavymkrokem.cz\/wp-content\/uploads\/2026\/08\/pisek-knihovna-vnitroblok-piskoviste-upekla-2048x1536.jpg 2048w, https:\/\/loudavymkrokem.cz\/wp-content\/uploads\/2026\/08\/pisek-knihovna-vnitroblok-piskoviste-upekla-80x60.jpg 80w, https:\/\/loudavymkrokem.cz\/wp-content\/uploads\/2026\/08\/pisek-knihovna-vnitroblok-piskoviste-upekla-160x120.jpg 160w, https:\/\/loudavymkrokem.cz\/wp-content\/uploads\/2026\/08\/pisek-knihovna-vnitroblok-piskoviste-upekla-696x522.jpg 696w, https:\/\/loudavymkrokem.cz\/wp-content\/uploads\/2026\/08\/pisek-knihovna-vnitroblok-piskoviste-upekla-1392x1044.jpg 1392w, https:\/\/loudavymkrokem.cz\/wp-content\/uploads\/2026\/08\/pisek-knihovna-vnitroblok-piskoviste-upekla-1920x1440.jpg 1920w\" sizes=\"(max-width: 2200px) 100vw, 2200px\" \/><button\n\t\t\tclass=\"lightbox-trigger\"\n\t\t\ttype=\"button\"\n\t\t\taria-haspopup=\"dialog\"\n\t\t\tdata-wp-bind--aria-label=\"state.thisImage.triggerButtonAriaLabel\"\n\t\t\tdata-wp-init=\"callbacks.initTriggerButton\"\n\t\t\tdata-wp-on--click=\"actions.showLightbox\"\n\t\t\tdata-wp-style--right=\"state.thisImage.buttonRight\"\n\t\t\tdata-wp-style--top=\"state.thisImage.buttonTop\"\n\t\t>\n\t\t\t<svg xmlns=\"http:\/\/www.w3.org\/2000\/svg\" width=\"12\" height=\"12\" fill=\"none\" viewBox=\"0 0 12 12\">\n\t\t\t\t<path fill=\"#fff\" d=\"M2 0a2 2 0 0 0-2 2v2h1.5V2a.5.5 0 0 1 .5-.5h2V0H2Zm2 10.5H2a.5.5 0 0 1-.5-.5V8H0v2a2 2 0 0 0 2 2h2v-1.5ZM8 12v-1.5h2a.5.5 0 0 0 .5-.5V8H12v2a2 2 0 0 1-2 2H8Zm2-12a2 2 0 0 1 2 2v2h-1.5V2a.5.5 0 0 0-.5-.5H8V0h2Z\" \/>\n\t\t\t<\/svg>\n\t\t<\/button><\/figure>\n\n\n\n<figure data-wp-context=\"{&quot;imageId&quot;:&quot;6a95633696fae&quot;}\" data-wp-interactive=\"core\/image\" data-wp-key=\"6a95633696fae\" class=\"wp-block-image size-full wp-lightbox-container\"><img decoding=\"async\" width=\"2200\" height=\"1467\" data-wp-class--hide=\"state.isContentHidden\" data-wp-class--show=\"state.isContentVisible\" data-wp-init=\"callbacks.setButtonStyles\" data-wp-on--click=\"actions.showLightbox\" data-wp-on--load=\"callbacks.setButtonStyles\" data-wp-on--pointerdown=\"actions.preloadImage\" data-wp-on--pointerenter=\"actions.preloadImageWithDelay\" data-wp-on--pointerleave=\"actions.cancelPreload\" data-wp-on-window--resize=\"callbacks.setButtonStyles\" src=\"https:\/\/loudavymkrokem.cz\/wp-content\/uploads\/2026\/08\/pisek-mestska-knihovna.jpg\" alt=\"Pr\u00e9dio da Biblioteca Municipal de P\u00edsek na Pra\u00e7a Al\u0161ovo\" class=\"wp-image-399360\" title=\"\" srcset=\"https:\/\/loudavymkrokem.cz\/wp-content\/uploads\/2026\/08\/pisek-mestska-knihovna.jpg 2200w, https:\/\/loudavymkrokem.cz\/wp-content\/uploads\/2026\/08\/pisek-mestska-knihovna-300x200.jpg 300w, https:\/\/loudavymkrokem.cz\/wp-content\/uploads\/2026\/08\/pisek-mestska-knihovna-700x467.jpg 700w, https:\/\/loudavymkrokem.cz\/wp-content\/uploads\/2026\/08\/pisek-mestska-knihovna-768x512.jpg 768w, https:\/\/loudavymkrokem.cz\/wp-content\/uploads\/2026\/08\/pisek-mestska-knihovna-1536x1024.jpg 1536w, https:\/\/loudavymkrokem.cz\/wp-content\/uploads\/2026\/08\/pisek-mestska-knihovna-2048x1366.jpg 2048w, https:\/\/loudavymkrokem.cz\/wp-content\/uploads\/2026\/08\/pisek-mestska-knihovna-696x464.jpg 696w, https:\/\/loudavymkrokem.cz\/wp-content\/uploads\/2026\/08\/pisek-mestska-knihovna-1392x928.jpg 1392w, https:\/\/loudavymkrokem.cz\/wp-content\/uploads\/2026\/08\/pisek-mestska-knihovna-1920x1280.jpg 1920w\" sizes=\"(max-width: 2200px) 100vw, 2200px\" \/><button\n\t\t\tclass=\"lightbox-trigger\"\n\t\t\ttype=\"button\"\n\t\t\taria-haspopup=\"dialog\"\n\t\t\tdata-wp-bind--aria-label=\"state.thisImage.triggerButtonAriaLabel\"\n\t\t\tdata-wp-init=\"callbacks.initTriggerButton\"\n\t\t\tdata-wp-on--click=\"actions.showLightbox\"\n\t\t\tdata-wp-style--right=\"state.thisImage.buttonRight\"\n\t\t\tdata-wp-style--top=\"state.thisImage.buttonTop\"\n\t\t>\n\t\t\t<svg xmlns=\"http:\/\/www.w3.org\/2000\/svg\" width=\"12\" height=\"12\" fill=\"none\" viewBox=\"0 0 12 12\">\n\t\t\t\t<path fill=\"#fff\" d=\"M2 0a2 2 0 0 0-2 2v2h1.5V2a.5.5 0 0 1 .5-.5h2V0H2Zm2 10.5H2a.5.5 0 0 1-.5-.5V8H0v2a2 2 0 0 0 2 2h2v-1.5ZM8 12v-1.5h2a.5.5 0 0 0 .5-.5V8H12v2a2 2 0 0 1-2 2H8Zm2-12a2 2 0 0 1 2 2v2h-1.5V2a.5.5 0 0 0-.5-.5H8V0h2Z\" \/>\n\t\t\t<\/svg>\n\t\t<\/button><\/figure>\n\n\n\n<p class=\"wp-block-paragraph\">O <strong>pr\u00e9dio em estilo Imp\u00e9rio<\/strong> na Pra\u00e7a Al\u0161ovo, onde funciona a biblioteca municipal, \u00e9 por si s\u00f3 uma joia arquitet\u00f4nica. Antigamente era a escola J. A. Komensk\u00fd. Durante a reforma, os especialistas em patrim\u00f4nio at\u00e9 descobriram e salvaram valiosas pinturas do s\u00e9culo XIX. Hoje \u00e9 um espa\u00e7o p\u00fablico arquitetonicamente bem-sucedido, claro e moderno, com um jardim comunit\u00e1rio relaxante.<\/p>\n\n\n\n<p class=\"wp-block-paragraph\">Mas, principalmente, no t\u00e9rreo da biblioteca funciona o <strong>caf\u00e9 Upekla<\/strong>, com p\u00e3es, tortas e bolos caseiros (t\u00eam tamb\u00e9m sobremesas sem gl\u00faten) e um terra\u00e7o junto \u00e0 fonte. Ao Upekla pertence tamb\u00e9m o p\u00e1tio no bloco interno e, nele, uma <strong>caixa de areia e um espa\u00e7o bem grande<\/strong> onde as crian\u00e7as se esbaldam enquanto voc\u00ea termina o caf\u00e9. Essa combina\u00e7\u00e3o, um caf\u00e9 num pr\u00e9dio hist\u00f3rico de biblioteca na pra\u00e7a, \u00e9 simplesmente \u00f3tima. \u00c9 o lugar ideal para uma pausa entre uma visita e outra pela cidade.<\/p>\n\n\n\n<h3 class=\"wp-block-heading\"><span class=\"ez-toc-section\" id=\"14_Predio_da_delegacia_de_policia_antiga_biblioteca\"><\/span>14. Pr\u00e9dio da delegacia de pol\u00edcia (antiga biblioteca)<span class=\"ez-toc-section-end\"><\/span><\/h3>\n\n\n\n<p class=\"wp-block-paragraph\">Os pr\u00e9dios do n\u00facleo hist\u00f3rico de P\u00edsek vivem uma vida pr\u00f3pria e mudam de fun\u00e7\u00e3o, e esta <strong>enorme casa na Pra\u00e7a Al\u0161ovo n\u00ba 85<\/strong> \u00e9 um exemplo brilhante disso. Antigamente voc\u00ea viria aqui em busca de sil\u00eancio e empr\u00e9stimo de livros, porque por longas d\u00e9cadas funcionou aqui a popular Biblioteca Municipal (antes, distrital). Depois que a biblioteca se mudou para os espa\u00e7os novos e mais modernos da escola J. A. Komensk\u00fd reformada, o pr\u00e9dio n\u00e3o ficou vazio. Atualmente vem sendo adaptado aos poucos para ser a nova sede e delegacia moderna da Pol\u00edcia Municipal de P\u00edsek.<\/p>\n\n\n\n<h3 class=\"wp-block-heading\"><span class=\"ez-toc-section\" id=\"15_Estatua_de_Sao_Floriano\"><\/span>15. Est\u00e1tua de S\u00e3o Floriano<span class=\"ez-toc-section-end\"><\/span><\/h3>\n\n\n\n<p class=\"wp-block-paragraph\">Na <strong>Pra\u00e7a Havl\u00ed\u010dkovo<\/strong>, que todos os moradores chamam simplesmente de <strong>&#8220;na Flori\u00e1na&#8221;<\/strong>, fica a est\u00e1tua de <strong>S\u00e3o Floriano<\/strong>, padroeiro dos bombeiros. Aquela pracinha \u00e9 menor, mais tranquila e um pouco fora do circuito. Al\u00e9m disso, voc\u00ea encontra \u00f3timos brech\u00f3s por ali.<\/p>\n\n\n\n<h3 class=\"wp-block-heading\"><span class=\"ez-toc-section\" id=\"16_Parque_Palackeho_sady\"><\/span>16. Parque Palack\u00e9ho sady<span class=\"ez-toc-section-end\"><\/span><\/h3>\n\n\n\n<figure data-wp-context=\"{&quot;imageId&quot;:&quot;6a956336977fa&quot;}\" data-wp-interactive=\"core\/image\" data-wp-key=\"6a956336977fa\" class=\"wp-block-image size-full wp-lightbox-container\"><img decoding=\"async\" width=\"1200\" height=\"800\" data-wp-class--hide=\"state.isContentHidden\" data-wp-class--show=\"state.isContentVisible\" data-wp-init=\"callbacks.setButtonStyles\" data-wp-on--click=\"actions.showLightbox\" data-wp-on--load=\"callbacks.setButtonStyles\" data-wp-on--pointerdown=\"actions.preloadImage\" data-wp-on--pointerenter=\"actions.preloadImageWithDelay\" data-wp-on--pointerleave=\"actions.cancelPreload\" data-wp-on-window--resize=\"callbacks.setButtonStyles\" src=\"https:\/\/loudavymkrokem.cz\/wp-content\/uploads\/2026\/08\/palackeho-sady-pisek-jaro.jpg\" alt=\"Parque Palack\u00e9ho sady em P\u00edsek na primavera com o monumento a Franti\u0161ek Palack\u00fd\" class=\"wp-image-399648\" title=\"\" srcset=\"https:\/\/loudavymkrokem.cz\/wp-content\/uploads\/2026\/08\/palackeho-sady-pisek-jaro.jpg 1200w, https:\/\/loudavymkrokem.cz\/wp-content\/uploads\/2026\/08\/palackeho-sady-pisek-jaro-300x200.jpg 300w, https:\/\/loudavymkrokem.cz\/wp-content\/uploads\/2026\/08\/palackeho-sady-pisek-jaro-700x467.jpg 700w, https:\/\/loudavymkrokem.cz\/wp-content\/uploads\/2026\/08\/palackeho-sady-pisek-jaro-768x512.jpg 768w, https:\/\/loudavymkrokem.cz\/wp-content\/uploads\/2026\/08\/palackeho-sady-pisek-jaro-696x464.jpg 696w\" sizes=\"(max-width: 1200px) 100vw, 1200px\" \/><button\n\t\t\tclass=\"lightbox-trigger\"\n\t\t\ttype=\"button\"\n\t\t\taria-haspopup=\"dialog\"\n\t\t\tdata-wp-bind--aria-label=\"state.thisImage.triggerButtonAriaLabel\"\n\t\t\tdata-wp-init=\"callbacks.initTriggerButton\"\n\t\t\tdata-wp-on--click=\"actions.showLightbox\"\n\t\t\tdata-wp-style--right=\"state.thisImage.buttonRight\"\n\t\t\tdata-wp-style--top=\"state.thisImage.buttonTop\"\n\t\t>\n\t\t\t<svg xmlns=\"http:\/\/www.w3.org\/2000\/svg\" width=\"12\" height=\"12\" fill=\"none\" viewBox=\"0 0 12 12\">\n\t\t\t\t<path fill=\"#fff\" d=\"M2 0a2 2 0 0 0-2 2v2h1.5V2a.5.5 0 0 1 .5-.5h2V0H2Zm2 10.5H2a.5.5 0 0 1-.5-.5V8H0v2a2 2 0 0 0 2 2h2v-1.5ZM8 12v-1.5h2a.5.5 0 0 0 .5-.5V8H12v2a2 2 0 0 1-2 2H8Zm2-12a2 2 0 0 1 2 2v2h-1.5V2a.5.5 0 0 0-.5-.5H8V0h2Z\" \/>\n\t\t\t<\/svg>\n\t\t<\/button><\/figure>\n\n\n\n<p class=\"wp-block-paragraph\">O parque Palack\u00e9ho sady surgiu no lugar dos <strong>antigos fossos das muralhas<\/strong> e hoje \u00e9 um dos lugares mais agrad\u00e1veis de toda P\u00edsek. \u00c1rvores que d\u00e3o sombra, caminhos bem cuidados, bancos com vista e, principalmente, ficam aqui dois caf\u00e9s fant\u00e1sticos.<\/p>\n\n\n\n<p class=\"wp-block-paragraph\">O <strong>estabelecimento Do Nebe<\/strong> (&#8220;At\u00e9 o C\u00e9u&#8221;) \u00e9 t\u00e3o bonito quanto o nome sugere, embora com o tempo o caf\u00e9 tenha virado uma steakhouse. Mas continua totalmente sem gl\u00faten, o que qualquer cel\u00edaco vai apreciar. Interior estiloso, caf\u00e9 excelente e, no ver\u00e3o, jardim sob as \u00e1rvores. E logo ali, o <strong>Park Caf\u00e9<\/strong>, que \u00e9 um pouco mais moderno e tem waffles \u00f3timos. E ainda tem o famoso <strong>restaurante U Reiner\u016f<\/strong>, de 1844. Para ser bem sincera, seus dias de gl\u00f3ria provavelmente j\u00e1 ficaram para tr\u00e1s, mas v\u00e1 l\u00e1 pelo menos para tomar uma Pilsen de chope (a comida eu deixaria de lado) e uma boa dose de hist\u00f3ria.<\/p>\n\n\n\n<p class=\"wp-block-paragraph\">O parque Palack\u00e9ho sady tamb\u00e9m \u00e9 onde, no ver\u00e3o, acontecem shows e eventos culturais, onde se corre, se passeia com o cachorro e onde P\u00edsek simplesmente vive. Se voc\u00ea tiver s\u00f3 meia hora extra no roteiro, passe por aqui. Vale a pena.<\/p>\n\n\n\n<h3 class=\"wp-block-heading\"><span class=\"ez-toc-section\" id=\"17_Pavilhao_de_Schrenk\"><\/span>17. Pavilh\u00e3o de Schrenk<span class=\"ez-toc-section-end\"><\/span><\/h3>\n\n\n\n<p class=\"wp-block-paragraph\">\u00c0 primeira vista, um rom\u00e2ntico caramanch\u00e3o classicista instalado bem dentro do parque Palack\u00e9ho sady, de 1841. Leva o nome do ent\u00e3o governador regional. O interessante \u00e9 que, apesar de parecer imponente, antigamente havia nele programa\u00e7\u00e3o de teatro e m\u00fasica.<\/p>\n\n\n\n<h3 class=\"wp-block-heading\"><span class=\"ez-toc-section\" id=\"18_Fonte_de_Netuno\"><\/span>18. Fonte de Netuno<span class=\"ez-toc-section-end\"><\/span><\/h3>\n\n\n\n<p class=\"wp-block-paragraph\">A est\u00e1tua de Netuno vem de uma <strong>fonte barroca de 1771<\/strong>, que originalmente ficava <strong>na Pra\u00e7a Grande<\/strong>. A fonte foi removida no come\u00e7o do s\u00e9culo XX e, anos depois, Netuno ganhou um novo lar aqui no <strong>parque Palack\u00e9ho sady<\/strong>. Netuno, com o tridente, posa entre as \u00e1rvores e \u00e0s vezes fico pensando se ele gosta mais daqui do que da pra\u00e7a movimentada. Provavelmente sim, no parque h\u00e1 calma e a \u00e1gua na fonte murmura de um jeito gostoso.<\/p>\n\n\n\n<h3 class=\"wp-block-heading\"><span class=\"ez-toc-section\" id=\"19_Monumentos_a_Adolf_Heyduk_e_Frantisek_Palacky\"><\/span>19. Monumentos a Adolf Heyduk e Franti\u0161ek Palack\u00fd<span class=\"ez-toc-section-end\"><\/span><\/h3>\n\n\n\n<p class=\"wp-block-paragraph\">No parque Palack\u00e9ho sady voc\u00ea encontra os monumentos de duas personalidades importantes, e quero me deter principalmente no primeiro. <strong>Adolf Heyduk<\/strong> foi um poeta que viveu em P\u00edsek por mais de <strong>60 anos<\/strong>, casou-se aqui (sua esposa era filha da fam\u00edlia Reiner \u2013 sim, a mesma do restaurante U Reiner\u016f) e escreveu aqui grande parte de suas obras. Era um patriota discreto, amava P\u00edsek e o sul da Bo\u00eamia e entrela\u00e7ou tudo isso na sua poesia.<\/p>\n\n\n\n<p class=\"wp-block-paragraph\">O monumento a <strong>Franti\u0161ek Palack\u00fd<\/strong>, o pai da na\u00e7\u00e3o e historiador, lembra ent\u00e3o que P\u00edsek tamb\u00e9m teve seu papel no ressurgimento nacional tcheco. Os dois monumentos ficam num ambiente lindo do parque, uma parada ideal no seu passeio.<\/p>\n\n\n\n<h3 class=\"wp-block-heading\"><span class=\"ez-toc-section\" id=\"20_Casa_de_Adolf_Heyduk\"><\/span>20. Casa de Adolf Heyduk<span class=\"ez-toc-section-end\"><\/span><\/h3>\n\n\n\n<figure data-wp-context=\"{&quot;imageId&quot;:&quot;6a956336982ca&quot;}\" data-wp-interactive=\"core\/image\" data-wp-key=\"6a956336982ca\" class=\"wp-block-image size-full wp-lightbox-container\"><img decoding=\"async\" width=\"1200\" height=\"800\" data-wp-class--hide=\"state.isContentHidden\" data-wp-class--show=\"state.isContentVisible\" data-wp-init=\"callbacks.setButtonStyles\" data-wp-on--click=\"actions.showLightbox\" data-wp-on--load=\"callbacks.setButtonStyles\" data-wp-on--pointerdown=\"actions.preloadImage\" data-wp-on--pointerenter=\"actions.preloadImageWithDelay\" data-wp-on--pointerleave=\"actions.cancelPreload\" data-wp-on-window--resize=\"callbacks.setButtonStyles\" src=\"https:\/\/loudavymkrokem.cz\/wp-content\/uploads\/2026\/08\/pamatnik-adolfa-heyduka-interier.jpg\" alt=\"Sal\u00e3o de \u00e9poca no Memorial de Adolf Heyduk em P\u00edsek\" class=\"wp-image-399662\" title=\"\" srcset=\"https:\/\/loudavymkrokem.cz\/wp-content\/uploads\/2026\/08\/pamatnik-adolfa-heyduka-interier.jpg 1200w, https:\/\/loudavymkrokem.cz\/wp-content\/uploads\/2026\/08\/pamatnik-adolfa-heyduka-interier-300x200.jpg 300w, https:\/\/loudavymkrokem.cz\/wp-content\/uploads\/2026\/08\/pamatnik-adolfa-heyduka-interier-700x467.jpg 700w, https:\/\/loudavymkrokem.cz\/wp-content\/uploads\/2026\/08\/pamatnik-adolfa-heyduka-interier-768x512.jpg 768w, https:\/\/loudavymkrokem.cz\/wp-content\/uploads\/2026\/08\/pamatnik-adolfa-heyduka-interier-696x464.jpg 696w\" sizes=\"(max-width: 1200px) 100vw, 1200px\" \/><button\n\t\t\tclass=\"lightbox-trigger\"\n\t\t\ttype=\"button\"\n\t\t\taria-haspopup=\"dialog\"\n\t\t\tdata-wp-bind--aria-label=\"state.thisImage.triggerButtonAriaLabel\"\n\t\t\tdata-wp-init=\"callbacks.initTriggerButton\"\n\t\t\tdata-wp-on--click=\"actions.showLightbox\"\n\t\t\tdata-wp-style--right=\"state.thisImage.buttonRight\"\n\t\t\tdata-wp-style--top=\"state.thisImage.buttonTop\"\n\t\t>\n\t\t\t<svg xmlns=\"http:\/\/www.w3.org\/2000\/svg\" width=\"12\" height=\"12\" fill=\"none\" viewBox=\"0 0 12 12\">\n\t\t\t\t<path fill=\"#fff\" d=\"M2 0a2 2 0 0 0-2 2v2h1.5V2a.5.5 0 0 1 .5-.5h2V0H2Zm2 10.5H2a.5.5 0 0 1-.5-.5V8H0v2a2 2 0 0 0 2 2h2v-1.5ZM8 12v-1.5h2a.5.5 0 0 0 .5-.5V8H12v2a2 2 0 0 1-2 2H8Zm2-12a2 2 0 0 1 2 2v2h-1.5V2a.5.5 0 0 0-.5-.5H8V0h2Z\" \/>\n\t\t\t<\/svg>\n\t\t<\/button><\/figure>\n\n\n\n<p class=\"wp-block-paragraph\">E do monumento direto para a casa. Na <strong>rua Tyr\u0161ova<\/strong> fica a vila onde Adolf Heyduk morava, e ela \u00e9 mais um tesouro arquitet\u00f4nico. Foi projetada pelo arquiteto <strong>Jan Koula<\/strong> em <strong>1900<\/strong>, no estilo do <strong>neorrenascimento tcheco<\/strong>, e o que a torna \u00fanica: ela mant\u00e9m, em grande parte, o <strong>interior original preservado<\/strong>. Isso \u00e9 raro na Ch\u00e9quia, a maioria das casas parecidas passou por tantas reformas que do original n\u00e3o sobrou nada.<\/p>\n\n\n\n<p class=\"wp-block-paragraph\">Por fora chamam a aten\u00e7\u00e3o os esgrafitos, os front\u00f5es decorados e a sensa\u00e7\u00e3o geral de que a casa foi constru\u00edda por algu\u00e9m que se importava com cada detalhe. Se voc\u00ea se interessa pela arquitetura da virada do s\u00e9culo XIX para o XX, esta \u00e9 uma parada obrigat\u00f3ria. S\u00f3 aten\u00e7\u00e3o: o memorial fica fechado durante todo o ano de 2026 por causa de uma reforma, ent\u00e3o deixe a visita aos interiores para a pr\u00f3xima temporada.<\/p>\n\n\n\n<h3 class=\"wp-block-heading\"><span class=\"ez-toc-section\" id=\"21_Caramanchao_de_Kronberger\"><\/span>21. Caramanch\u00e3o de Kronberger<span class=\"ez-toc-section-end\"><\/span><\/h3>\n\n\n\n<p class=\"wp-block-paragraph\">Esta \u00e9 uma p\u00e9rola escondida sobre a qual muita gente nem sabe. Uma pequena constru\u00e7\u00e3o em estilo Imp\u00e9rio, de 1840, encaixada diretamente na muralha do parapeito. Foi mandada construir pelo capel\u00e3o Kronberger, que provavelmente s\u00f3 queria ter um lugar bonito para ler e meditar, e quem o culparia. Hoje funciona aqui o clube de filatelistas, o que \u00e9 meio po\u00e9tico por si s\u00f3. Um caramanch\u00e3o min\u00fasculo cheio de selos min\u00fasculos.<\/p>\n\n\n\n<h3 class=\"wp-block-heading\"><span class=\"ez-toc-section\" id=\"22_Hotel_Otava\"><\/span>22. Hotel Otava<span class=\"ez-toc-section-end\"><\/span><\/h3>\n\n\n\n<figure data-wp-context=\"{&quot;imageId&quot;:&quot;6a956336987c9&quot;}\" data-wp-interactive=\"core\/image\" data-wp-key=\"6a956336987c9\" class=\"wp-block-image size-full wp-lightbox-container\"><img decoding=\"async\" width=\"2200\" height=\"1467\" data-wp-class--hide=\"state.isContentHidden\" data-wp-class--show=\"state.isContentVisible\" data-wp-init=\"callbacks.setButtonStyles\" data-wp-on--click=\"actions.showLightbox\" data-wp-on--load=\"callbacks.setButtonStyles\" data-wp-on--pointerdown=\"actions.preloadImage\" data-wp-on--pointerenter=\"actions.preloadImageWithDelay\" data-wp-on--pointerleave=\"actions.cancelPreload\" data-wp-on-window--resize=\"callbacks.setButtonStyles\" src=\"https:\/\/loudavymkrokem.cz\/wp-content\/uploads\/2026\/08\/pisek-hotel-otava-alsovy-malby.jpg\" alt=\"Hotel Otava em P\u00edsek com pinturas baseadas em desenhos de Mikol\u00e1\u0161 Ale\u0161\" class=\"wp-image-399363\" title=\"\" srcset=\"https:\/\/loudavymkrokem.cz\/wp-content\/uploads\/2026\/08\/pisek-hotel-otava-alsovy-malby.jpg 2200w, https:\/\/loudavymkrokem.cz\/wp-content\/uploads\/2026\/08\/pisek-hotel-otava-alsovy-malby-300x200.jpg 300w, https:\/\/loudavymkrokem.cz\/wp-content\/uploads\/2026\/08\/pisek-hotel-otava-alsovy-malby-700x467.jpg 700w, https:\/\/loudavymkrokem.cz\/wp-content\/uploads\/2026\/08\/pisek-hotel-otava-alsovy-malby-768x512.jpg 768w, https:\/\/loudavymkrokem.cz\/wp-content\/uploads\/2026\/08\/pisek-hotel-otava-alsovy-malby-1536x1024.jpg 1536w, https:\/\/loudavymkrokem.cz\/wp-content\/uploads\/2026\/08\/pisek-hotel-otava-alsovy-malby-2048x1366.jpg 2048w, https:\/\/loudavymkrokem.cz\/wp-content\/uploads\/2026\/08\/pisek-hotel-otava-alsovy-malby-696x464.jpg 696w, https:\/\/loudavymkrokem.cz\/wp-content\/uploads\/2026\/08\/pisek-hotel-otava-alsovy-malby-1392x928.jpg 1392w, https:\/\/loudavymkrokem.cz\/wp-content\/uploads\/2026\/08\/pisek-hotel-otava-alsovy-malby-1920x1280.jpg 1920w\" sizes=\"(max-width: 2200px) 100vw, 2200px\" \/><button\n\t\t\tclass=\"lightbox-trigger\"\n\t\t\ttype=\"button\"\n\t\t\taria-haspopup=\"dialog\"\n\t\t\tdata-wp-bind--aria-label=\"state.thisImage.triggerButtonAriaLabel\"\n\t\t\tdata-wp-init=\"callbacks.initTriggerButton\"\n\t\t\tdata-wp-on--click=\"actions.showLightbox\"\n\t\t\tdata-wp-style--right=\"state.thisImage.buttonRight\"\n\t\t\tdata-wp-style--top=\"state.thisImage.buttonTop\"\n\t\t>\n\t\t\t<svg xmlns=\"http:\/\/www.w3.org\/2000\/svg\" width=\"12\" height=\"12\" fill=\"none\" viewBox=\"0 0 12 12\">\n\t\t\t\t<path fill=\"#fff\" d=\"M2 0a2 2 0 0 0-2 2v2h1.5V2a.5.5 0 0 1 .5-.5h2V0H2Zm2 10.5H2a.5.5 0 0 1-.5-.5V8H0v2a2 2 0 0 0 2 2h2v-1.5ZM8 12v-1.5h2a.5.5 0 0 0 .5-.5V8H12v2a2 2 0 0 1-2 2H8Zm2-12a2 2 0 0 1 2 2v2h-1.5V2a.5.5 0 0 0-.5-.5H8V0h2Z\" \/>\n\t\t\t<\/svg>\n\t\t<\/button><\/figure>\n\n\n\n<p class=\"wp-block-paragraph\">Uma joia neorrenascentista com elementos Art Nouveau do fim do s\u00e9culo XIX, mandada construir pelo farmac\u00eautico Dvo\u0159\u00e1\u010dek. Mas aten\u00e7\u00e3o, observe bem as fachadas! As pinturas foram feitas por Josef Bos\u00e1\u010dek a partir de desenhos de Mikol\u00e1\u0161 Ale\u0161, ainda durante a constru\u00e7\u00e3o do hotel. A marca de Ale\u0161 est\u00e1 em toda P\u00edsek, mas aqui ela \u00e9 especialmente vis\u00edvel. O hotel passou por diversas perip\u00e9cias, mas a fachada ainda impressiona muito.<\/p>\n\n\n\n<p class=\"wp-block-paragraph\">E agora a novidade pela qual vale a pena entrar. Depois da reforma, no t\u00e9rreo abriu o <strong>Caf\u00e9 Otava<\/strong> (Komensk\u00e9ho 56\/1), um restaurante com caf\u00e9 e adega <strong>no estilo da Primeira Rep\u00fablica<\/strong>, que cai perfeitamente naquele pr\u00e9dio hist\u00f3rico. Fica aberto todos os dias, nos dias \u00fateis j\u00e1 a partir das 7h30 para o caf\u00e9 da manh\u00e3, o menu do almo\u00e7o \u00e9 servido das 11h \u00e0s 15h e \u00e0 noite o local vira uma adega com sua pr\u00f3pria vinoteca.<\/p>\n\n\n\n<p class=\"wp-block-paragraph\">Os vegetarianos n\u00e3o ficam com fome: no card\u00e1pio costuma ter, por exemplo, <strong>risoto de cogumelos com parmes\u00e3o ou couve-flor empanada por R$ 50 (199 K\u010d)<\/strong>, salada com queijo de cabra grelhado por R$ 60 (239 K\u010d) e creme de ab\u00f3bora por R$ 15 (59 K\u010d), al\u00e9m de sobremesas caseiras feitas pela pr\u00f3pria confeiteira. \ud83d\udca1 <strong>Dica:<\/strong> sente-se junto \u00e0 janela e depois saia e olhe de novo para cima, para as pinturas de Ale\u0161; com o caf\u00e9 na m\u00e3o, \u00e9 outra experi\u00eancia.<\/p>\n\n\n\n<h3 class=\"wp-block-heading\"><span class=\"ez-toc-section\" id=\"23_Sinagoga_judaica\"><\/span>23. Sinagoga judaica<span class=\"ez-toc-section-end\"><\/span><\/h3>\n\n\n\n<figure data-wp-context=\"{&quot;imageId&quot;:&quot;6a95633698d51&quot;}\" data-wp-interactive=\"core\/image\" data-wp-key=\"6a95633698d51\" class=\"wp-block-image size-full wp-lightbox-container\"><img decoding=\"async\" width=\"1200\" height=\"800\" data-wp-class--hide=\"state.isContentHidden\" data-wp-class--show=\"state.isContentVisible\" data-wp-init=\"callbacks.setButtonStyles\" data-wp-on--click=\"actions.showLightbox\" data-wp-on--load=\"callbacks.setButtonStyles\" data-wp-on--pointerdown=\"actions.preloadImage\" data-wp-on--pointerenter=\"actions.preloadImageWithDelay\" data-wp-on--pointerleave=\"actions.cancelPreload\" data-wp-on-window--resize=\"callbacks.setButtonStyles\" src=\"https:\/\/loudavymkrokem.cz\/wp-content\/uploads\/2026\/08\/synagoga-pisek-soukenicka.jpg\" alt=\"Sinagoga na rua Soukenick\u00e1 em P\u00edsek\" class=\"wp-image-399654\" title=\"\" srcset=\"https:\/\/loudavymkrokem.cz\/wp-content\/uploads\/2026\/08\/synagoga-pisek-soukenicka.jpg 1200w, https:\/\/loudavymkrokem.cz\/wp-content\/uploads\/2026\/08\/synagoga-pisek-soukenicka-300x200.jpg 300w, https:\/\/loudavymkrokem.cz\/wp-content\/uploads\/2026\/08\/synagoga-pisek-soukenicka-700x467.jpg 700w, https:\/\/loudavymkrokem.cz\/wp-content\/uploads\/2026\/08\/synagoga-pisek-soukenicka-768x512.jpg 768w, https:\/\/loudavymkrokem.cz\/wp-content\/uploads\/2026\/08\/synagoga-pisek-soukenicka-696x464.jpg 696w\" sizes=\"(max-width: 1200px) 100vw, 1200px\" \/><button\n\t\t\tclass=\"lightbox-trigger\"\n\t\t\ttype=\"button\"\n\t\t\taria-haspopup=\"dialog\"\n\t\t\tdata-wp-bind--aria-label=\"state.thisImage.triggerButtonAriaLabel\"\n\t\t\tdata-wp-init=\"callbacks.initTriggerButton\"\n\t\t\tdata-wp-on--click=\"actions.showLightbox\"\n\t\t\tdata-wp-style--right=\"state.thisImage.buttonRight\"\n\t\t\tdata-wp-style--top=\"state.thisImage.buttonTop\"\n\t\t>\n\t\t\t<svg xmlns=\"http:\/\/www.w3.org\/2000\/svg\" width=\"12\" height=\"12\" fill=\"none\" viewBox=\"0 0 12 12\">\n\t\t\t\t<path fill=\"#fff\" d=\"M2 0a2 2 0 0 0-2 2v2h1.5V2a.5.5 0 0 1 .5-.5h2V0H2Zm2 10.5H2a.5.5 0 0 1-.5-.5V8H0v2a2 2 0 0 0 2 2h2v-1.5ZM8 12v-1.5h2a.5.5 0 0 0 .5-.5V8H12v2a2 2 0 0 1-2 2H8Zm2-12a2 2 0 0 1 2 2v2h-1.5V2a.5.5 0 0 0-.5-.5H8V0h2Z\" \/>\n\t\t\t<\/svg>\n\t\t<\/button><\/figure>\n\n\n\n<p class=\"wp-block-paragraph\">Na rua Soukenick\u00e1 fica a sinagoga de 1871. Ela tem uma hist\u00f3ria triste. Os cultos aqui terminaram em 1938, durante a ocupa\u00e7\u00e3o a sinagoga foi fechada e, ap\u00f3s a guerra, serviu por longos anos apenas como dep\u00f3sito. Hoje \u00e9 um lugar silencioso, um pouco esquecido, mas que carrega uma hist\u00f3ria importante. Se voc\u00ea passar por perto, pare pelo menos um instante.<\/p>\n\n\n\n<h3 class=\"wp-block-heading\"><span class=\"ez-toc-section\" id=\"24_Predio_da_policlinica\"><\/span>24. Pr\u00e9dio da policl\u00ednica<span class=\"ez-toc-section-end\"><\/span><\/h3>\n\n\n\n<p class=\"wp-block-paragraph\">Um pal\u00e1cio neorrenascentista na Pra\u00e7a Al\u0161ovo que parece que deveria abrigar bailes e recep\u00e7\u00f5es de gala. E o que h\u00e1 nele? Uma policl\u00ednica. \ud83d\ude05 Antes funcionava aqui a hospedaria U \u010cern\u00e9ho orla (Da \u00c1guia Negra), ent\u00e3o o pr\u00e9dio percorreu um caminho interessante \u2013 do sal\u00e3o de baile \u00e0 cerveja e da\u00ed ao dentista. Ironia do destino, mas pelo menos voc\u00ea pode admirar aquela beleza enquanto espera para tirar sangue.<\/p>\n\n\n\n<h3 class=\"wp-block-heading\"><span class=\"ez-toc-section\" id=\"25_Casa_das_Balas_e_casas_burguesas\"><\/span>25. Casa das Balas e casas burguesas<span class=\"ez-toc-section-end\"><\/span><\/h3>\n\n\n\n<figure data-wp-context=\"{&quot;imageId&quot;:&quot;6a9563369927d&quot;}\" data-wp-interactive=\"core\/image\" data-wp-key=\"6a9563369927d\" class=\"wp-block-image size-full wp-lightbox-container\"><img decoding=\"async\" width=\"2200\" height=\"1467\" data-wp-class--hide=\"state.isContentHidden\" data-wp-class--show=\"state.isContentVisible\" data-wp-init=\"callbacks.setButtonStyles\" data-wp-on--click=\"actions.showLightbox\" data-wp-on--load=\"callbacks.setButtonStyles\" data-wp-on--pointerdown=\"actions.preloadImage\" data-wp-on--pointerenter=\"actions.preloadImageWithDelay\" data-wp-on--pointerleave=\"actions.cancelPreload\" data-wp-on-window--resize=\"callbacks.setButtonStyles\" src=\"https:\/\/loudavymkrokem.cz\/wp-content\/uploads\/2026\/08\/pisek-dum-u-slona.jpg\" alt=\"Casa U Slona em P\u00edsek com escultura de elefante na fachada\" class=\"wp-image-399368\" title=\"\" srcset=\"https:\/\/loudavymkrokem.cz\/wp-content\/uploads\/2026\/08\/pisek-dum-u-slona.jpg 2200w, https:\/\/loudavymkrokem.cz\/wp-content\/uploads\/2026\/08\/pisek-dum-u-slona-300x200.jpg 300w, https:\/\/loudavymkrokem.cz\/wp-content\/uploads\/2026\/08\/pisek-dum-u-slona-700x467.jpg 700w, https:\/\/loudavymkrokem.cz\/wp-content\/uploads\/2026\/08\/pisek-dum-u-slona-768x512.jpg 768w, https:\/\/loudavymkrokem.cz\/wp-content\/uploads\/2026\/08\/pisek-dum-u-slona-1536x1024.jpg 1536w, https:\/\/loudavymkrokem.cz\/wp-content\/uploads\/2026\/08\/pisek-dum-u-slona-2048x1366.jpg 2048w, https:\/\/loudavymkrokem.cz\/wp-content\/uploads\/2026\/08\/pisek-dum-u-slona-696x464.jpg 696w, https:\/\/loudavymkrokem.cz\/wp-content\/uploads\/2026\/08\/pisek-dum-u-slona-1392x928.jpg 1392w, https:\/\/loudavymkrokem.cz\/wp-content\/uploads\/2026\/08\/pisek-dum-u-slona-1920x1280.jpg 1920w\" sizes=\"(max-width: 2200px) 100vw, 2200px\" \/><button\n\t\t\tclass=\"lightbox-trigger\"\n\t\t\ttype=\"button\"\n\t\t\taria-haspopup=\"dialog\"\n\t\t\tdata-wp-bind--aria-label=\"state.thisImage.triggerButtonAriaLabel\"\n\t\t\tdata-wp-init=\"callbacks.initTriggerButton\"\n\t\t\tdata-wp-on--click=\"actions.showLightbox\"\n\t\t\tdata-wp-style--right=\"state.thisImage.buttonRight\"\n\t\t\tdata-wp-style--top=\"state.thisImage.buttonTop\"\n\t\t>\n\t\t\t<svg xmlns=\"http:\/\/www.w3.org\/2000\/svg\" width=\"12\" height=\"12\" fill=\"none\" viewBox=\"0 0 12 12\">\n\t\t\t\t<path fill=\"#fff\" d=\"M2 0a2 2 0 0 0-2 2v2h1.5V2a.5.5 0 0 1 .5-.5h2V0H2Zm2 10.5H2a.5.5 0 0 1-.5-.5V8H0v2a2 2 0 0 0 2 2h2v-1.5ZM8 12v-1.5h2a.5.5 0 0 0 .5-.5V8H12v2a2 2 0 0 1-2 2H8Zm2-12a2 2 0 0 1 2 2v2h-1.5V2a.5.5 0 0 0-.5-.5H8V0h2Z\" \/>\n\t\t\t<\/svg>\n\t\t<\/button><\/figure>\n\n\n\n<p class=\"wp-block-paragraph\">Esta casa voc\u00ea reconhece f\u00e1cil. Tem balas de canh\u00e3o emparedadas na fachada. N\u00e3o \u00e9 decora\u00e7\u00e3o, mas uma lembran\u00e7a aut\u00eantica dos tempos de guerra. Os esgrafitos renascentistas na fachada s\u00e3o lind\u00edssimos e, de b\u00f4nus \u2013 aqui morou o poeta Fr\u00e1\u0148a \u0160r\u00e1mek.<\/p>\n\n\n\n<p class=\"wp-block-paragraph\">Mas P\u00edsek \u00e9 toda cheia de belas casas burguesas que merecem aten\u00e7\u00e3o. A <strong>Casa U Slona<\/strong> (do Elefante), <strong>U Ber\u00e1nka<\/strong>, <strong>Drl\u00ed\u010dov<\/strong>, <strong>Chel\u010dick\u00e9ho 4<\/strong>, <strong>U Matky Bo\u017e\u00ed<\/strong> \u2013 cada uma tem sua hist\u00f3ria, sua decora\u00e7\u00e3o, seu car\u00e1ter. Recomendo simplesmente levantar os olhos da cal\u00e7ada e olhar para cima. P\u00edsek recompensa quem observa com aten\u00e7\u00e3o.<\/p>\n\n\n\n<h3 class=\"wp-block-heading\"><span class=\"ez-toc-section\" id=\"26_Ponte_Nova\"><\/span>26. Ponte Nova<span class=\"ez-toc-section-end\"><\/span><\/h3>\n\n\n\n<p class=\"wp-block-paragraph\">Uma ponte constru\u00edda durante a Segunda Guerra Mundial, o que pode parecer sem gra\u00e7a, mas na verdade \u00e9 um monumento arquitet\u00f4nico. Design limpo, funcional, um arco elegante sobre o Otava. Fica um pouco \u00e0 sombra do seu vizinho de pedra mais famoso, mas mesmo assim eu a menciono.<\/p>\n\n\n\n<h3 class=\"wp-block-heading\"><span class=\"ez-toc-section\" id=\"27_Sokolovna\"><\/span>27. Sokolovna<span class=\"ez-toc-section-end\"><\/span><\/h3>\n\n\n\n<p class=\"wp-block-paragraph\">Na rua Tyr\u0161ova, desde 1895, fica a Sokolovna, com rica decora\u00e7\u00e3o em estuque. Era um centro de patriotismo e vida associativa: aqui se fazia gin\u00e1stica, cantava-se, debatia-se e constru\u00eda-se a identidade nacional. A gin\u00e1stica do movimento Sokol acontece nela at\u00e9 hoje.<\/p>\n\n\n\n<h3 class=\"wp-block-heading\"><span class=\"ez-toc-section\" id=\"28_Correio_Antigo\"><\/span>28. Correio Antigo<span class=\"ez-toc-section-end\"><\/span><\/h3>\n\n\n\n<p class=\"wp-block-paragraph\">Rua Gregorova, n\u00famero 125. O Correio Antigo ainda lembra os tempos das dilig\u00eancias. Imagine as carruagens puxadas a cavalo chegando aqui com cartas, encomendas e, \u00e0s vezes, viajantes empoeirados da estrada. Numa \u00e9poca em que &#8220;e-mail&#8221; significava que um pombo te trouxe a not\u00edcia mais r\u00e1pido do que o normal.<\/p>\n\n\n\n<h3 class=\"wp-block-heading\"><span class=\"ez-toc-section\" id=\"29_Vila_Raab\"><\/span>29. Vila Raab<span class=\"ez-toc-section-end\"><\/span><\/h3>\n\n\n\n<p class=\"wp-block-paragraph\">E agora algo que n\u00e3o para de me fascinar. <strong>A Vila Raab \u00e9 a primeira constru\u00e7\u00e3o independente que o arquiteto Du\u0161an Jurkovi\u010d projetou.<\/strong> Ano de 1901. Foi mandada construir pelo industrial Adolf Raab e \u00e9 uma mistura maravilhosa da arquitetura popular eslovaca e su\u00ed\u00e7a. Elementos de madeira, detalhes rom\u00e2nticos, tudo perfeitamente pensado.<\/p>\n\n\n\n<p class=\"wp-block-paragraph\">Voc\u00ea a encontra no cruzamento das ruas T\u00e1borsk\u00e1 e Sedl\u00e1\u010dkova. \u00c9 inacredit\u00e1vel que esse tesouro esteja justamente aqui em P\u00edsek. Jurkovi\u010d depois construiu por toda a Ch\u00e9quia e a Eslov\u00e1quia, mas come\u00e7ou aqui. Como filha da cidade, n\u00e3o posso deixar de me orgulhar disso. \u263a\ufe0f<\/p>\n\n\n\n<h3 class=\"wp-block-heading\"><span class=\"ez-toc-section\" id=\"30_Monumento_aos_mortos_em_Melegnano_e_Solferino\"><\/span>30. Monumento aos mortos em Melegnano e Solferino<span class=\"ez-toc-section-end\"><\/span><\/h3>\n\n\n\n<figure data-wp-context=\"{&quot;imageId&quot;:&quot;6a956336998ca&quot;}\" data-wp-interactive=\"core\/image\" data-wp-key=\"6a956336998ca\" class=\"wp-block-image size-full wp-lightbox-container\"><img decoding=\"async\" width=\"2200\" height=\"1467\" data-wp-class--hide=\"state.isContentHidden\" data-wp-class--show=\"state.isContentVisible\" data-wp-init=\"callbacks.setButtonStyles\" data-wp-on--click=\"actions.showLightbox\" data-wp-on--load=\"callbacks.setButtonStyles\" data-wp-on--pointerdown=\"actions.preloadImage\" data-wp-on--pointerenter=\"actions.preloadImageWithDelay\" data-wp-on--pointerleave=\"actions.cancelPreload\" data-wp-on-window--resize=\"callbacks.setButtonStyles\" src=\"https:\/\/loudavymkrokem.cz\/wp-content\/uploads\/2026\/08\/pisek-pomnik-melegnano-solferino.jpg\" alt=\"Monumento aos mortos em Melegnano e Solferino em P\u00edsek\" class=\"wp-image-399375\" title=\"\" srcset=\"https:\/\/loudavymkrokem.cz\/wp-content\/uploads\/2026\/08\/pisek-pomnik-melegnano-solferino.jpg 2200w, https:\/\/loudavymkrokem.cz\/wp-content\/uploads\/2026\/08\/pisek-pomnik-melegnano-solferino-300x200.jpg 300w, https:\/\/loudavymkrokem.cz\/wp-content\/uploads\/2026\/08\/pisek-pomnik-melegnano-solferino-700x467.jpg 700w, https:\/\/loudavymkrokem.cz\/wp-content\/uploads\/2026\/08\/pisek-pomnik-melegnano-solferino-768x512.jpg 768w, https:\/\/loudavymkrokem.cz\/wp-content\/uploads\/2026\/08\/pisek-pomnik-melegnano-solferino-1536x1024.jpg 1536w, https:\/\/loudavymkrokem.cz\/wp-content\/uploads\/2026\/08\/pisek-pomnik-melegnano-solferino-2048x1366.jpg 2048w, https:\/\/loudavymkrokem.cz\/wp-content\/uploads\/2026\/08\/pisek-pomnik-melegnano-solferino-696x464.jpg 696w, https:\/\/loudavymkrokem.cz\/wp-content\/uploads\/2026\/08\/pisek-pomnik-melegnano-solferino-1392x928.jpg 1392w, https:\/\/loudavymkrokem.cz\/wp-content\/uploads\/2026\/08\/pisek-pomnik-melegnano-solferino-1920x1280.jpg 1920w\" sizes=\"(max-width: 2200px) 100vw, 2200px\" \/><button\n\t\t\tclass=\"lightbox-trigger\"\n\t\t\ttype=\"button\"\n\t\t\taria-haspopup=\"dialog\"\n\t\t\tdata-wp-bind--aria-label=\"state.thisImage.triggerButtonAriaLabel\"\n\t\t\tdata-wp-init=\"callbacks.initTriggerButton\"\n\t\t\tdata-wp-on--click=\"actions.showLightbox\"\n\t\t\tdata-wp-style--right=\"state.thisImage.buttonRight\"\n\t\t\tdata-wp-style--top=\"state.thisImage.buttonTop\"\n\t\t>\n\t\t\t<svg xmlns=\"http:\/\/www.w3.org\/2000\/svg\" width=\"12\" height=\"12\" fill=\"none\" viewBox=\"0 0 12 12\">\n\t\t\t\t<path fill=\"#fff\" d=\"M2 0a2 2 0 0 0-2 2v2h1.5V2a.5.5 0 0 1 .5-.5h2V0H2Zm2 10.5H2a.5.5 0 0 1-.5-.5V8H0v2a2 2 0 0 0 2 2h2v-1.5ZM8 12v-1.5h2a.5.5 0 0 0 .5-.5V8H12v2a2 2 0 0 1-2 2H8Zm2-12a2 2 0 0 1 2 2v2h-1.5V2a.5.5 0 0 0-.5-.5H8V0h2Z\" \/>\n\t\t\t<\/svg>\n\t\t<\/button><\/figure>\n\n\n\n<p class=\"wp-block-paragraph\">Uma escultura de le\u00e3o deitado sobre uma bandeira estendida, s\u00edmbolo da calma ap\u00f3s a batalha. O monumento lembra os soldados do 11\u00ba regimento de P\u00edsek, que morreram nas batalhas de Melegnano e Solferino, na It\u00e1lia, em 1859. Muito longe de casa, muito longe do Otava. Um monumento silencioso e digno, diante do qual vale a pena parar por um instante.<\/p>\n\n\n\n<h3 class=\"wp-block-heading\"><span class=\"ez-toc-section\" id=\"31_Capela_de_Nossa_Senhora\"><\/span>31. Capela de Nossa Senhora<span class=\"ez-toc-section-end\"><\/span><\/h3>\n\n\n\n<p class=\"wp-block-paragraph\">Um pequeno monumento barroco na beira do centro. Nenhum templo grandioso, mais um ponto tranquilo no mapa da cidade. Exatamente aquele tipo de lugar por onde voc\u00ea passa vinte vezes antes de not\u00e1-lo pela primeira vez, e depois fica se perguntando como podia n\u00e3o ter reparado.<\/p>\n\n\n\n<h3 class=\"wp-block-heading\"><span class=\"ez-toc-section\" id=\"32_Igreja_da_Santissima_Trindade\"><\/span>32. Igreja da Sant\u00edssima Trindade<span class=\"ez-toc-section-end\"><\/span><\/h3>\n\n\n\n<figure data-wp-context=\"{&quot;imageId&quot;:&quot;6a95633699e04&quot;}\" data-wp-interactive=\"core\/image\" data-wp-key=\"6a95633699e04\" class=\"wp-block-image size-full wp-lightbox-container\"><img decoding=\"async\" width=\"1600\" height=\"1200\" data-wp-class--hide=\"state.isContentHidden\" data-wp-class--show=\"state.isContentVisible\" data-wp-init=\"callbacks.setButtonStyles\" data-wp-on--click=\"actions.showLightbox\" data-wp-on--load=\"callbacks.setButtonStyles\" data-wp-on--pointerdown=\"actions.preloadImage\" data-wp-on--pointerenter=\"actions.preloadImageWithDelay\" data-wp-on--pointerleave=\"actions.cancelPreload\" data-wp-on-window--resize=\"callbacks.setButtonStyles\" src=\"https:\/\/loudavymkrokem.cz\/wp-content\/uploads\/2026\/08\/kostel-nejsvetejsi-trojice-pisek.jpg\" alt=\"Igreja da Sant\u00edssima Trindade em P\u00edsek\" class=\"wp-image-399710\" title=\"\" srcset=\"https:\/\/loudavymkrokem.cz\/wp-content\/uploads\/2026\/08\/kostel-nejsvetejsi-trojice-pisek.jpg 1600w, https:\/\/loudavymkrokem.cz\/wp-content\/uploads\/2026\/08\/kostel-nejsvetejsi-trojice-pisek-300x225.jpg 300w, https:\/\/loudavymkrokem.cz\/wp-content\/uploads\/2026\/08\/kostel-nejsvetejsi-trojice-pisek-700x525.jpg 700w, https:\/\/loudavymkrokem.cz\/wp-content\/uploads\/2026\/08\/kostel-nejsvetejsi-trojice-pisek-768x576.jpg 768w, https:\/\/loudavymkrokem.cz\/wp-content\/uploads\/2026\/08\/kostel-nejsvetejsi-trojice-pisek-1536x1152.jpg 1536w, https:\/\/loudavymkrokem.cz\/wp-content\/uploads\/2026\/08\/kostel-nejsvetejsi-trojice-pisek-80x60.jpg 80w, https:\/\/loudavymkrokem.cz\/wp-content\/uploads\/2026\/08\/kostel-nejsvetejsi-trojice-pisek-160x120.jpg 160w, https:\/\/loudavymkrokem.cz\/wp-content\/uploads\/2026\/08\/kostel-nejsvetejsi-trojice-pisek-696x522.jpg 696w, https:\/\/loudavymkrokem.cz\/wp-content\/uploads\/2026\/08\/kostel-nejsvetejsi-trojice-pisek-1392x1044.jpg 1392w\" sizes=\"(max-width: 1600px) 100vw, 1600px\" \/><button\n\t\t\tclass=\"lightbox-trigger\"\n\t\t\ttype=\"button\"\n\t\t\taria-haspopup=\"dialog\"\n\t\t\tdata-wp-bind--aria-label=\"state.thisImage.triggerButtonAriaLabel\"\n\t\t\tdata-wp-init=\"callbacks.initTriggerButton\"\n\t\t\tdata-wp-on--click=\"actions.showLightbox\"\n\t\t\tdata-wp-style--right=\"state.thisImage.buttonRight\"\n\t\t\tdata-wp-style--top=\"state.thisImage.buttonTop\"\n\t\t>\n\t\t\t<svg xmlns=\"http:\/\/www.w3.org\/2000\/svg\" width=\"12\" height=\"12\" fill=\"none\" viewBox=\"0 0 12 12\">\n\t\t\t\t<path fill=\"#fff\" d=\"M2 0a2 2 0 0 0-2 2v2h1.5V2a.5.5 0 0 1 .5-.5h2V0H2Zm2 10.5H2a.5.5 0 0 1-.5-.5V8H0v2a2 2 0 0 0 2 2h2v-1.5ZM8 12v-1.5h2a.5.5 0 0 0 .5-.5V8H12v2a2 2 0 0 1-2 2H8Zm2-12a2 2 0 0 1 2 2v2h-1.5V2a.5.5 0 0 0-.5-.5H8V0h2Z\" \/>\n\t\t\t<\/svg>\n\t\t<\/button><\/figure>\n\n\n\n<p class=\"wp-block-paragraph\">Uma igreja do g\u00f3tico tardio de 1576 com um antigo cemit\u00e9rio anexo. E agora o principal: ela tem uma <strong>ac\u00fastica absolutamente incr\u00edvel<\/strong>. Por isso hoje serve como sala de concertos, e ouvir m\u00fasica ao vivo aqui \u00e9 uma experi\u00eancia inesquec\u00edvel. Ab\u00f3badas g\u00f3ticas, l\u00e1pides antigas por tr\u00e1s das janelas e um som que te abra\u00e7a de todos os lados. Se por acaso houver um concerto, v\u00e1. Sem pensar duas vezes.<\/p>\n\n\n\n<h3 class=\"wp-block-heading\"><span class=\"ez-toc-section\" id=\"33_Igreja_de_Sao_Venceslau\"><\/span>33. Igreja de S\u00e3o Venceslau<span class=\"ez-toc-section-end\"><\/span><\/h3>\n\n\n\n<figure data-wp-context=\"{&quot;imageId&quot;:&quot;6a9563369a2a3&quot;}\" data-wp-interactive=\"core\/image\" data-wp-key=\"6a9563369a2a3\" class=\"wp-block-image size-full wp-lightbox-container\"><img decoding=\"async\" width=\"1600\" height=\"1071\" data-wp-class--hide=\"state.isContentHidden\" data-wp-class--show=\"state.isContentVisible\" data-wp-init=\"callbacks.setButtonStyles\" data-wp-on--click=\"actions.showLightbox\" data-wp-on--load=\"callbacks.setButtonStyles\" data-wp-on--pointerdown=\"actions.preloadImage\" data-wp-on--pointerenter=\"actions.preloadImageWithDelay\" data-wp-on--pointerleave=\"actions.cancelPreload\" data-wp-on-window--resize=\"callbacks.setButtonStyles\" src=\"https:\/\/loudavymkrokem.cz\/wp-content\/uploads\/2026\/08\/kostel-sv-vaclava-pisek-vaclavske-predmesti.jpg\" alt=\"Igreja de S\u00e3o Venceslau no sub\u00farbio de V\u00e1clavsk\u00e9 em P\u00edsek\" class=\"wp-image-399713\" title=\"\" srcset=\"https:\/\/loudavymkrokem.cz\/wp-content\/uploads\/2026\/08\/kostel-sv-vaclava-pisek-vaclavske-predmesti.jpg 1600w, https:\/\/loudavymkrokem.cz\/wp-content\/uploads\/2026\/08\/kostel-sv-vaclava-pisek-vaclavske-predmesti-300x201.jpg 300w, https:\/\/loudavymkrokem.cz\/wp-content\/uploads\/2026\/08\/kostel-sv-vaclava-pisek-vaclavske-predmesti-700x469.jpg 700w, https:\/\/loudavymkrokem.cz\/wp-content\/uploads\/2026\/08\/kostel-sv-vaclava-pisek-vaclavske-predmesti-768x514.jpg 768w, https:\/\/loudavymkrokem.cz\/wp-content\/uploads\/2026\/08\/kostel-sv-vaclava-pisek-vaclavske-predmesti-1536x1028.jpg 1536w, https:\/\/loudavymkrokem.cz\/wp-content\/uploads\/2026\/08\/kostel-sv-vaclava-pisek-vaclavske-predmesti-696x466.jpg 696w, https:\/\/loudavymkrokem.cz\/wp-content\/uploads\/2026\/08\/kostel-sv-vaclava-pisek-vaclavske-predmesti-1392x932.jpg 1392w\" sizes=\"(max-width: 1600px) 100vw, 1600px\" \/><button\n\t\t\tclass=\"lightbox-trigger\"\n\t\t\ttype=\"button\"\n\t\t\taria-haspopup=\"dialog\"\n\t\t\tdata-wp-bind--aria-label=\"state.thisImage.triggerButtonAriaLabel\"\n\t\t\tdata-wp-init=\"callbacks.initTriggerButton\"\n\t\t\tdata-wp-on--click=\"actions.showLightbox\"\n\t\t\tdata-wp-style--right=\"state.thisImage.buttonRight\"\n\t\t\tdata-wp-style--top=\"state.thisImage.buttonTop\"\n\t\t>\n\t\t\t<svg xmlns=\"http:\/\/www.w3.org\/2000\/svg\" width=\"12\" height=\"12\" fill=\"none\" viewBox=\"0 0 12 12\">\n\t\t\t\t<path fill=\"#fff\" d=\"M2 0a2 2 0 0 0-2 2v2h1.5V2a.5.5 0 0 1 .5-.5h2V0H2Zm2 10.5H2a.5.5 0 0 1-.5-.5V8H0v2a2 2 0 0 0 2 2h2v-1.5ZM8 12v-1.5h2a.5.5 0 0 0 .5-.5V8H12v2a2 2 0 0 1-2 2H8Zm2-12a2 2 0 0 1 2 2v2h-1.5V2a.5.5 0 0 0-.5-.5H8V0h2Z\" \/>\n\t\t\t<\/svg>\n\t\t<\/button><\/figure>\n\n\n\n<p class=\"wp-block-paragraph\"><strong>O mais antigo local sacro de P\u00edsek<\/strong>, documentado j\u00e1 por volta de 1200; a constru\u00e7\u00e3o g\u00f3tico-renascentista atual \u00e9 do s\u00e9culo XVI e fica no sub\u00farbio de V\u00e1clavsk\u00e9. Aqui voc\u00ea encontra <strong>provavelmente a mais antiga representa\u00e7\u00e3o em afresco da queima do Mestre Jan Hus na Europa<\/strong>. Em P\u00edsek! S\u00f3 conte que voc\u00ea geralmente s\u00f3 entra durante as missas.<\/p>\n\n\n\n<p class=\"wp-block-paragraph\">Isto mereceria muito mais aten\u00e7\u00e3o do que recebe. Se voc\u00ea se interessa por hist\u00f3ria, aqui est\u00e1 diante de algo realmente excepcional.<\/p>\n\n\n\n<h3 class=\"wp-block-heading\"><span class=\"ez-toc-section\" id=\"34_Fortificacao_antiga_Hradiste\"><\/span>34. Fortifica\u00e7\u00e3o antiga (Hradi\u0161t\u011b)<span class=\"ez-toc-section-end\"><\/span><\/h3>\n\n\n\n<p class=\"wp-block-paragraph\">Vest\u00edgios de um assentamento pr\u00e9-hist\u00f3rico, de uma \u00e9poca em que a cidade de P\u00edsek ainda nem existia. As pessoas viviam aqui muito antes de algu\u00e9m assentar a primeira pedra da Ponte de Pedra. \u00c9 de dar o que pensar \u2013 voc\u00ea est\u00e1 num lugar onde as pessoas se instalaram talvez h\u00e1 milhares de anos, porque se sentiam bem aqui. E aqui continua bom at\u00e9 hoje.<\/p>\n\n\n\n<h3 class=\"wp-block-heading\"><span class=\"ez-toc-section\" id=\"35_Caminho_das_Pedras_da_Dor\"><\/span>35. Caminho das Pedras da Dor<span class=\"ez-toc-section-end\"><\/span><\/h3>\n\n\n\n<p class=\"wp-block-paragraph\">Cerca de 1,5 km da reserva U Vod\u00e1ka voc\u00ea encontra um caminho que pode te surpreender. <strong>14 blocos de pedra<\/strong> margeiam a trilha e cada um deles simboliza um sofrimento moderno \u2013 depress\u00e3o, solid\u00e3o, esgotamento, perda de um ente querido, depend\u00eancia&#8230;<\/p>\n\n\n\n<p class=\"wp-block-paragraph\">N\u00e3o \u00e9 nenhum passeio deprimente, mesmo que possa soar assim. \u00c9 mais uma forma de nomear coisas das quais normalmente n\u00e3o se fala. E o caminho termina com esperan\u00e7a \u2013 num mirante de onde voc\u00ea v\u00ea longe. Como met\u00e1fora, funciona lindamente. Como passeio, tamb\u00e9m.<\/p>\n\n\n\n<h3 class=\"wp-block-heading\"><span class=\"ez-toc-section\" id=\"36_Vila_Marta_e_a_passarela_Dagmar_Simkova\"><\/span>36. Vila Marta e a passarela Dagmar \u0160imkov\u00e1<span class=\"ez-toc-section-end\"><\/span><\/h3>\n\n\n\n<figure data-wp-context=\"{&quot;imageId&quot;:&quot;6a9563369a806&quot;}\" data-wp-interactive=\"core\/image\" data-wp-key=\"6a9563369a806\" class=\"wp-block-image size-full wp-lightbox-container\"><img decoding=\"async\" width=\"1200\" height=\"800\" data-wp-class--hide=\"state.isContentHidden\" data-wp-class--show=\"state.isContentVisible\" data-wp-init=\"callbacks.setButtonStyles\" data-wp-on--click=\"actions.showLightbox\" data-wp-on--load=\"callbacks.setButtonStyles\" data-wp-on--pointerdown=\"actions.preloadImage\" data-wp-on--pointerenter=\"actions.preloadImageWithDelay\" data-wp-on--pointerleave=\"actions.cancelPreload\" data-wp-on-window--resize=\"callbacks.setButtonStyles\" src=\"https:\/\/loudavymkrokem.cz\/wp-content\/uploads\/2026\/08\/lavka-dagmar-simkove-pisek.jpg\" alt=\"Passarela Dagmar \u0160imkov\u00e1 sobre o rio Otava em P\u00edsek\" class=\"wp-image-399611\" title=\"\" srcset=\"https:\/\/loudavymkrokem.cz\/wp-content\/uploads\/2026\/08\/lavka-dagmar-simkove-pisek.jpg 1200w, https:\/\/loudavymkrokem.cz\/wp-content\/uploads\/2026\/08\/lavka-dagmar-simkove-pisek-300x200.jpg 300w, https:\/\/loudavymkrokem.cz\/wp-content\/uploads\/2026\/08\/lavka-dagmar-simkove-pisek-700x467.jpg 700w, https:\/\/loudavymkrokem.cz\/wp-content\/uploads\/2026\/08\/lavka-dagmar-simkove-pisek-768x512.jpg 768w, https:\/\/loudavymkrokem.cz\/wp-content\/uploads\/2026\/08\/lavka-dagmar-simkove-pisek-696x464.jpg 696w\" sizes=\"(max-width: 1200px) 100vw, 1200px\" \/><button\n\t\t\tclass=\"lightbox-trigger\"\n\t\t\ttype=\"button\"\n\t\t\taria-haspopup=\"dialog\"\n\t\t\tdata-wp-bind--aria-label=\"state.thisImage.triggerButtonAriaLabel\"\n\t\t\tdata-wp-init=\"callbacks.initTriggerButton\"\n\t\t\tdata-wp-on--click=\"actions.showLightbox\"\n\t\t\tdata-wp-style--right=\"state.thisImage.buttonRight\"\n\t\t\tdata-wp-style--top=\"state.thisImage.buttonTop\"\n\t\t>\n\t\t\t<svg xmlns=\"http:\/\/www.w3.org\/2000\/svg\" width=\"12\" height=\"12\" fill=\"none\" viewBox=\"0 0 12 12\">\n\t\t\t\t<path fill=\"#fff\" d=\"M2 0a2 2 0 0 0-2 2v2h1.5V2a.5.5 0 0 1 .5-.5h2V0H2Zm2 10.5H2a.5.5 0 0 1-.5-.5V8H0v2a2 2 0 0 0 2 2h2v-1.5ZM8 12v-1.5h2a.5.5 0 0 0 .5-.5V8H12v2a2 2 0 0 1-2 2H8Zm2-12a2 2 0 0 1 2 2v2h-1.5V2a.5.5 0 0 0-.5-.5H8V0h2Z\" \/>\n\t\t\t<\/svg>\n\t\t<\/button><\/figure>\n\n\n\n<p class=\"wp-block-paragraph\">Uma hist\u00f3ria que daria um filme inteiro. <strong>Dagmar \u0160imkov\u00e1<\/strong> foi uma presa pol\u00edtica que a pol\u00edcia secreta comunista (StB) prendeu justamente na bela Vila Marta, aqui em P\u00edsek. Passou anos nas pris\u00f5es comunistas e escreveu um livro sobre isso, <strong>&#8220;N\u00f3s tamb\u00e9m estivemos l\u00e1&#8221;<\/strong> \u2013 se voc\u00ea n\u00e3o conhece, leia.<\/p>\n\n\n\n<p class=\"wp-block-paragraph\">Em 2018 foi aberta em sua homenagem uma elegante <strong>passarela sobre o Otava<\/strong> \u2013 com 140 metros de comprimento, projetada pelo arquiteto <strong>Josef Pleskot<\/strong>, que, ali\u00e1s, \u00e9 natural de P\u00edsek. A passarela \u00e9 linda, arejada, moderna e, ao mesmo tempo, carrega uma hist\u00f3ria pesada e importante. Um dos lugares mais bonitos da cidade para um passeio com o carrinho de beb\u00ea ou uma corrida.<\/p>\n\n\n\n<h3 class=\"wp-block-heading\"><span class=\"ez-toc-section\" id=\"37_Teatro_Frani_Sramka\"><\/span>37. Teatro Fr\u00e1ni \u0160r\u00e1mka<span class=\"ez-toc-section-end\"><\/span><\/h3>\n\n\n\n<figure data-wp-context=\"{&quot;imageId&quot;:&quot;6a9563369acdd&quot;}\" data-wp-interactive=\"core\/image\" data-wp-key=\"6a9563369acdd\" class=\"wp-block-image size-full wp-lightbox-container\"><img decoding=\"async\" width=\"1600\" height=\"1066\" data-wp-class--hide=\"state.isContentHidden\" data-wp-class--show=\"state.isContentVisible\" data-wp-init=\"callbacks.setButtonStyles\" data-wp-on--click=\"actions.showLightbox\" data-wp-on--load=\"callbacks.setButtonStyles\" data-wp-on--pointerdown=\"actions.preloadImage\" data-wp-on--pointerenter=\"actions.preloadImageWithDelay\" data-wp-on--pointerleave=\"actions.cancelPreload\" data-wp-on-window--resize=\"callbacks.setButtonStyles\" src=\"https:\/\/loudavymkrokem.cz\/wp-content\/uploads\/2026\/08\/divadlo-frani-sramka-pisek.jpg\" alt=\"Teatro Fr\u00e1ni \u0160r\u00e1mka em P\u00edsek\" class=\"wp-image-399705\" title=\"\" srcset=\"https:\/\/loudavymkrokem.cz\/wp-content\/uploads\/2026\/08\/divadlo-frani-sramka-pisek.jpg 1600w, https:\/\/loudavymkrokem.cz\/wp-content\/uploads\/2026\/08\/divadlo-frani-sramka-pisek-300x200.jpg 300w, https:\/\/loudavymkrokem.cz\/wp-content\/uploads\/2026\/08\/divadlo-frani-sramka-pisek-700x466.jpg 700w, https:\/\/loudavymkrokem.cz\/wp-content\/uploads\/2026\/08\/divadlo-frani-sramka-pisek-768x512.jpg 768w, https:\/\/loudavymkrokem.cz\/wp-content\/uploads\/2026\/08\/divadlo-frani-sramka-pisek-1536x1023.jpg 1536w, https:\/\/loudavymkrokem.cz\/wp-content\/uploads\/2026\/08\/divadlo-frani-sramka-pisek-696x464.jpg 696w, https:\/\/loudavymkrokem.cz\/wp-content\/uploads\/2026\/08\/divadlo-frani-sramka-pisek-1392x927.jpg 1392w\" sizes=\"(max-width: 1600px) 100vw, 1600px\" \/><button\n\t\t\tclass=\"lightbox-trigger\"\n\t\t\ttype=\"button\"\n\t\t\taria-haspopup=\"dialog\"\n\t\t\tdata-wp-bind--aria-label=\"state.thisImage.triggerButtonAriaLabel\"\n\t\t\tdata-wp-init=\"callbacks.initTriggerButton\"\n\t\t\tdata-wp-on--click=\"actions.showLightbox\"\n\t\t\tdata-wp-style--right=\"state.thisImage.buttonRight\"\n\t\t\tdata-wp-style--top=\"state.thisImage.buttonTop\"\n\t\t>\n\t\t\t<svg xmlns=\"http:\/\/www.w3.org\/2000\/svg\" width=\"12\" height=\"12\" fill=\"none\" viewBox=\"0 0 12 12\">\n\t\t\t\t<path fill=\"#fff\" d=\"M2 0a2 2 0 0 0-2 2v2h1.5V2a.5.5 0 0 1 .5-.5h2V0H2Zm2 10.5H2a.5.5 0 0 1-.5-.5V8H0v2a2 2 0 0 0 2 2h2v-1.5ZM8 12v-1.5h2a.5.5 0 0 0 .5-.5V8H12v2a2 2 0 0 1-2 2H8Zm2-12a2 2 0 0 1 2 2v2h-1.5V2a.5.5 0 0 0-.5-.5H8V0h2Z\" \/>\n\t\t\t<\/svg>\n\t\t<\/button><\/figure>\n\n\n\n<p class=\"wp-block-paragraph\">Quem diria que um antigo campo de tiro militar viraria um dia um teatro? Foi inaugurado em 1940 e logo com &#8220;A Noiva Vendida&#8221; \u2014 Smetana provavelmente ficaria feliz. O nome de Fr\u00e1\u0148a \u0160r\u00e1mek s\u00f3 ganhou em 1991.<\/p>\n\n\n\n<p class=\"wp-block-paragraph\">Dentro voc\u00ea encontra uma linda cortina hist\u00f3rica e assentos criados pelo escultor Libor Hurda. O teatro tem uma alma e uma atmosfera que os palcos maiores \u00e0s vezes n\u00e3o t\u00eam. Vale acompanhar a programa\u00e7\u00e3o, aqui se apresenta com regularidade e qualidade.<\/p>\n\n\n\n<!-- LKM_GYG_CARD start q=\"pisku\" lang=\"pt-br\" rendered=\"2026-08-31T09:22:33+00:00\" v=\"1\" -->\n\n<!-- LKM_GYG_CARD end -->\n\n\n\n\n<div class=\"lk-stays-module\">\n<style>\n\/* \u2500\u2500\u2500 RESET PRO GUTENBERG \u2500\u2500\u2500 *\/\n.lk-stays-module * { box-sizing: border-box; margin: 0; padding: 0; }\n\n\/* \u2500\u2500\u2500 WRAPPER \u2500\u2500\u2500 *\/\n.lk-stays-module {\n  font-family: 'DM Sans', Georgia, sans-serif;\n  max-width: 100%;\n  margin: 2.5rem auto;\n  background: linear-gradient(135deg, #fdfaf5 0%, #fcf8f0 100%);\n  border: 1px solid #e8dfd4;\n  border-radius: 16px;\n  overflow: hidden;\n  box-shadow: 0 16px 48px rgba(195, 159, 118, 0.25), 0 4px 12px rgba(0,0,0,0.08);\n}\n\n\/* \u2500\u2500\u2500 HEADER \u2500\u2500\u2500 *\/\n.lk-stays-header {\n  position: relative;\n  padding: 24px 36px 24px;\n  background: linear-gradient(135deg, #c39f76 0%, #d4b188 60%, #c39f76 100%);\n  border-bottom: 1px solid rgba(255,255,255,.15);\n  display: flex;\n  align-items: center;\n  gap: 18px;\n}\n.lk-stays-header::before {\n  content: '';\n  position: absolute;\n  inset: 0;\n  background: url(\"data:image\/svg+xml,%3Csvg width='60' height='60' viewBox='0 0 60 60' xmlns='http:\/\/www.w3.org\/2000\/svg'%3E%3Cg fill='none' fill-rule='evenodd'%3E%3Cg fill='%23ffffff' fill-opacity='0.05'%3E%3Cpath d='M36 34v-4h-2v4h-4v2h4v4h2v-4h4v-2h-4zm0-30V0h-2v4h-4v2h4v4h2V6h4V4h-4zM6 34v-4H4v4H0v2h4v4h2v-4h4v-2H6zM6 4V0H4v4H0v2h4v4h2V6h4V4H6z'\/%3E%3C\/g%3E%3C\/g%3E%3C\/svg%3E\") repeat;\n  pointer-events: none;\n}\n.lk-stays-icon {\n  flex-shrink: 0;\n  width: 68px;\n  height: 68px;\n  border-radius: 14px;\n  background: linear-gradient(135deg, #fff 0%, #f9f6f0 100%);\n  display: flex;\n  align-items: center;\n  justify-content: center;\n  font-size: 26px;\n  box-shadow: 0 4px 12px rgba(0,0,0,0.15);\n}\n.lk-stays-eyebrow {\n  font-size: 10px;\n  font-weight: 500;\n  letter-spacing: 2.5px;\n  text-transform: uppercase;\n  color: rgba(255,255,255,.85);\n  margin: 0 0 5px 0;\n}\n.lk-stays-title {\n  font-family: 'Playfair Display', Georgia, serif;\n  font-size: 24px;\n  font-weight: 700;\n  color: #fff;\n  line-height: 1.2;\n  text-shadow: 0 1px 2px rgba(0,0,0,0.1);\n  margin: 0;\n}\n.lk-stays-subtitle {\n  font-size: 13px;\n  color: rgba(255,255,255,.75);\n  margin: 4px 0 0 0;\n  font-weight: 300;\n}\n\n\/* \u2500\u2500\u2500 CARDS GRID \u2500\u2500\u2500 *\/\n.lk-stays-grid {\n  display: grid;\n  grid-template-columns: 1fr 1fr;\n  gap: 1px;\n  background: rgba(195, 159, 118, 0.12);\n}\n\n\/* \u2500\u2500\u2500 SINGLE CARD \u2500\u2500\u2500 *\/\n.lk-stay-card {\n  background: #ffffff;\n  padding: 26px;\n  display: flex;\n  flex-direction: column;\n  gap: 11px;\n  transition: all 0.3s ease;\n  text-decoration: none;\n  color: inherit;\n  position: relative;\n}\n.lk-stay-card:hover {\n  background: #fffbf5;\n  transform: translateY(-2px);\n  box-shadow: 0 8px 24px rgba(195, 159, 118, 0.18);\n  z-index: 1;\n}\n.lk-stay-card.featured {\n  background: linear-gradient(135deg, #fffdf9 0%, #fff9f0 100%);\n  box-shadow: 0 4px 16px rgba(195, 159, 118, 0.15), inset 0 1px 0 rgba(195, 159, 118, 0.1);\n}\n.lk-stay-card.featured:hover {\n  background: linear-gradient(135deg, #fffbf5 0%, #fff8ed 100%);\n  box-shadow: 0 8px 24px rgba(195, 159, 118, 0.25), inset 0 1px 0 rgba(195, 159, 118, 0.15);\n}\n\n.lk-stay-badge {\n  display: inline-flex;\n  align-items: center;\n  gap: 5px;\n  font-size: 10px;\n  font-weight: 500;\n  letter-spacing: 1.5px;\n  text-transform: uppercase;\n  padding: 5px 11px;\n  border-radius: 20px;\n  width: fit-content;\n}\n.badge-top     { background: linear-gradient(135deg, #c39f76 0%, #d4b188 100%); color: #fff; border: 1px solid #c39f76; font-weight: 600; box-shadow: 0 2px 8px rgba(195,159,118,0.3); }\n.badge-luxury  { background: rgba(195,159,118,.12); color: #c39f76; border: 1px solid rgba(195,159,118,.25); }\n.badge-boutique{ background: rgba(54,133,252,.08); color: #3685fc; border: 1px solid rgba(54,133,252,.2); }\n.badge-nature  { background: rgba(130,190,100,.1); color: #6b9c4a; border: 1px solid rgba(130,190,100,.2); }\n.badge-remote  { background: rgba(195,159,118,.12); color: #a67e50; border: 1px solid rgba(195,159,118,.25); }\n\n.lk-stay-name {\n  font-family: 'Playfair Display', Georgia, serif;\n  font-size: 18px;\n  font-weight: 700;\n  color: #111827;\n  line-height: 1.3;\n}\n.lk-stay-desc {\n  font-size: 13.5px;\n  color: #525252;\n  line-height: 1.65;\n  font-weight: 300;\n  flex: 1;\n}\n\n.lk-stay-meta {\n  display: flex;\n  align-items: center;\n  gap: 12px;\n  flex-wrap: wrap;\n  margin-top: 4px;\n}\n.lk-stay-price {\n  font-size: 13px;\n  color: #6b7280;\n}\n.lk-stay-price strong {\n  color: #c39f76;\n  font-weight: 500;\n}\n.lk-stay-stars {\n  color: #c39f76;\n  font-size: 11px;\n  letter-spacing: 1px;\n}\n\n\/* \u2500\u2500\u2500 CTA BUTTON \u2500\u2500\u2500 *\/\n.lk-stay-cta {\n  display: inline-flex;\n  align-items: center;\n  justify-content: center;\n  gap: 7px;\n  margin-top: 8px;\n  padding: 11px 20px;\n  border-radius: 8px;\n  background: linear-gradient(135deg, #3685fc 0%, #2a6fd9 100%);\n  color: #fff;\n  font-size: 13px;\n  font-weight: 500;\n  text-decoration: none;\n  letter-spacing: .3px;\n  transition: all .2s ease;\n  cursor: pointer;\n  border: none;\n  text-align: center;\n  box-shadow: 0 4px 12px rgba(54, 133, 252, 0.25);\n}\n.lk-stay-cta:hover {\n  background: linear-gradient(135deg, #2a6fd9 0%, #1e5bc4 100%);\n  transform: translateY(-1px);\n  box-shadow: 0 6px 16px rgba(54, 133, 252, 0.35);\n}\n.lk-stay-cta svg { flex-shrink: 0; }\n\n\/* \u2500\u2500\u2500 FOOTER \u2500\u2500\u2500 *\/\n.lk-stays-footer {\n  padding: 18px 36px;\n  background: linear-gradient(to bottom, #fdfaf5 0%, #f9f4ed 100%);\n  border-top: 1px solid rgba(195, 159, 118, 0.15);\n  display: flex;\n  align-items: center;\n  justify-content: space-between;\n  flex-wrap: wrap;\n  gap: 12px;\n}\n.lk-stays-footer-note {\n  font-size: 11.5px;\n  color: #6b7280;\n  font-weight: 300;\n  line-height: 1.5;\n}\n.lk-stays-footer-note a {\n  color: #c39f76;\n  text-decoration: none;\n  font-weight: 400;\n}\n.lk-stays-footer-note a:hover {\n  text-decoration: underline;\n}\n.lk-stays-all-btn {\n  display: inline-flex;\n  align-items: center;\n  gap: 6px;\n  font-size: 12.5px;\n  font-weight: 500;\n  color: #c39f76;\n  text-decoration: none;\n  border: 1px solid rgba(195, 159, 118, 0.35);\n  padding: 8px 18px;\n  border-radius: 8px;\n  transition: all .2s ease;\n}\n.lk-stays-all-btn:hover {\n  background: rgba(195, 159, 118, 0.08);\n  border-color: rgba(195, 159, 118, 0.5);\n}\n\n\/* \u2500\u2500\u2500 RESPONSIVE \u2500\u2500\u2500 *\/\n@media (max-width: 600px) {\n  .lk-stays-grid { grid-template-columns: 1fr; }\n  .lk-stays-header { padding: 24px 20px; }\n  .lk-stays-footer { padding: 16px 20px; }\n  .lk-stay-card { padding: 22px; }\n  .lk-stays-title { font-size: 20px; }\n}\n<\/style>\n\n  <!-- HEADER -->\n  <div class=\"lk-stays-header\">\n    <img decoding=\"async\" src=\"https:\/\/loudavymkrokem.cz\/wp-content\/uploads\/2026\/02\/lukas-a-lucka.jpg\" alt=\"\" style=\"width: 75px; height: 75px; border-radius: 8px; flex-shrink: 0; object-fit: cover; display: block; margin: 4px 0;\" title=\"\">\n    <div class=\"lk-stays-header-text\">\n      <div class=\"lk-stays-eyebrow\">Luk\u00e1\u0161 e Lucie recomendam<\/div>\n      <div class=\"lk-stays-title\">Onde se hospedar em P\u00edsek<\/div>\n      <div class=\"lk-stays-subtitle\">5 acomoda\u00e7\u00f5es \u2014 hot\u00e9is e outras op\u00e7\u00f5es de hospedagem<\/div>\n    <\/div>\n  <\/div>\n\n  <!-- CARDS -->\n  <div class=\"lk-stays-grid\">\n\n    <a class=\"lk-stay-card featured\" href=\"https:\/\/www.stay22.com\/allez\/roam?aid=lukaskonecny&#038;campaign=loudavymkrokemcz&#038;campaign=pt-br&#038;campaign=co-videt-v-pisku&#038;hotelname=Hotel%20Biograf&#038;address=P%C3%ADsek%2C%20%C4%8Cesko\" target=\"_blank\" rel=\"nofollow noopener\">\n      <span class=\"lk-stay-badge badge-top\">\u2b50 MELHOR ESCOLHA<\/span>\n      <span class=\"lk-stay-badge badge-nature\">\ud83c\udfe8 Hotel<\/span>\n      <div class=\"lk-stay-name\">Hotel Biograf<\/div>\n      <div class=\"lk-stay-desc\">Hotel 4 estrelas em antigo cinema. Avalia\u00e7\u00e3o 8.6\/10, quartos modernos, sauna finlandesa, massagens.<\/div>\n      <div class=\"lk-stay-meta\">\n        <span class=\"lk-stay-stars\">\u2605\u2605\u2605\u2605<\/span>\n        <span class=\"lk-stay-price\">Verificar pre\u00e7os<\/span>\n      <\/div>\n      <span class=\"lk-stay-cta\">\n        <svg width=\"14\" height=\"14\" viewBox=\"0 0 24 24\" fill=\"none\" stroke=\"currentColor\" stroke-width=\"2\"><path d=\"M18 13v6a2 2 0 0 1-2 2H5a2 2 0 0 1-2-2V8a2 2 0 0 1 2-2h6\"\/><polyline points=\"15 3 21 3 21 9\"\/><line x1=\"10\" y1=\"14\" x2=\"21\" y2=\"3\"\/><\/svg>\n        Verificar disponibilidade\n      <\/span>\n    <\/a>\n\n    <a class=\"lk-stay-card\" href=\"https:\/\/www.stay22.com\/allez\/roam?aid=lukaskonecny&#038;campaign=loudavymkrokemcz&#038;campaign=pt-br&#038;campaign=co-videt-v-pisku&#038;hotelname=Hotel%20U%20Kapli%C4%8Dky&#038;address=P%C3%ADsek%2C%20%C4%8Cesko\" target=\"_blank\" rel=\"nofollow noopener\">\n      <span class=\"lk-stay-badge badge-nature\">\ud83c\udfe8 Hotel<\/span>\n      <div class=\"lk-stay-name\">Hotel U Kapli\u010dky<\/div>\n      <div class=\"lk-stay-desc\">Hotel cl\u00e1ssico com atmosfera agrad\u00e1vel e restaurante Chapelle (Michelin Selected).<\/div>\n      <div class=\"lk-stay-meta\">\n        <span class=\"lk-stay-stars\">\u2605\u2605\u2605\u2605<\/span>\n        <span class=\"lk-stay-price\">Verificar pre\u00e7os<\/span>\n      <\/div>\n      <span class=\"lk-stay-cta\">\n        <svg width=\"14\" height=\"14\" viewBox=\"0 0 24 24\" fill=\"none\" stroke=\"currentColor\" stroke-width=\"2\"><path d=\"M18 13v6a2 2 0 0 1-2 2H5a2 2 0 0 1-2-2V8a2 2 0 0 1 2-2h6\"\/><polyline points=\"15 3 21 3 21 9\"\/><line x1=\"10\" y1=\"14\" x2=\"21\" y2=\"3\"\/><\/svg>\n        Verificar disponibilidade\n      <\/span>\n    <\/a>\n\n    <a class=\"lk-stay-card\" href=\"https:\/\/www.stay22.com\/allez\/roam?aid=lukaskonecny&#038;campaign=loudavymkrokemcz&#038;campaign=pt-br&#038;campaign=covidetvpisku&#038;address=P%C3%ADsek&#038;hotelname=Rezidence+U+Kamenn%C3%A9ho+mostu&#038;search=Rezidence+U+Kamenn%C3%A9ho+mostu&#038;category=accommodation\" target=\"_blank\" rel=\"nofollow noopener\">\n      <span class=\"lk-stay-badge badge-nature\">\ud83c\udfe1 Pousada\/B&#038;B<\/span>\n      <div class=\"lk-stay-name\">Rezidence U Kamenn\u00e9ho mostu<\/div>\n      <div class=\"lk-stay-desc\">Apartamentos no centro da cidade perto da Ponte de Pedra.<\/div>\n      <div class=\"lk-stay-meta\">\n        <span class=\"lk-stay-stars\">\u2605\u2605\u2605\u2605<\/span>\n        <span class=\"lk-stay-price\">a partir de \u20ac22\/noite<\/span>\n      <\/div>\n      <span class=\"lk-stay-cta\">\n        <svg width=\"14\" height=\"14\" viewBox=\"0 0 24 24\" fill=\"none\" stroke=\"currentColor\" stroke-width=\"2\"><path d=\"M18 13v6a2 2 0 0 1-2 2H5a2 2 0 0 1-2-2V8a2 2 0 0 1 2-2h6\"\/><polyline points=\"15 3 21 3 21 9\"\/><line x1=\"10\" y1=\"14\" x2=\"21\" y2=\"3\"\/><\/svg>\n        Verificar disponibilidade\n      <\/span>\n    <\/a>\n\n    <a class=\"lk-stay-card\" href=\"https:\/\/www.stay22.com\/allez\/roam?aid=lukaskonecny&#038;campaign=loudavymkrokemcz&#038;campaign=pt-br&#038;campaign=co-videt-v-pisku&#038;hotelname=Soho%20apartment&#038;address=P%C3%ADsek%2C%20%C4%8Cesko\" target=\"_blank\" rel=\"nofollow noopener\">\n      <span class=\"lk-stay-badge badge-nature\">\ud83c\udfe1 Pousada\/B&#038;B<\/span>\n      <div class=\"lk-stay-name\">Soho apartment<\/div>\n      <div class=\"lk-stay-desc\">Apartamento no centro de P\u00edsek.<\/div>\n      <div class=\"lk-stay-meta\">\n        <span class=\"lk-stay-stars\">\u2605\u2605\u2605\u2605<\/span>\n        <span class=\"lk-stay-price\">Verificar pre\u00e7os<\/span>\n      <\/div>\n      <span class=\"lk-stay-cta\">\n        <svg width=\"14\" height=\"14\" viewBox=\"0 0 24 24\" fill=\"none\" stroke=\"currentColor\" stroke-width=\"2\"><path d=\"M18 13v6a2 2 0 0 1-2 2H5a2 2 0 0 1-2-2V8a2 2 0 0 1 2-2h6\"\/><polyline points=\"15 3 21 3 21 9\"\/><line x1=\"10\" y1=\"14\" x2=\"21\" y2=\"3\"\/><\/svg>\n        Verificar disponibilidade\n      <\/span>\n    <\/a>\n\n    <a class=\"lk-stay-card\" href=\"https:\/\/www.stay22.com\/allez\/roam?aid=lukaskonecny&#038;campaign=loudavymkrokemcz&#038;campaign=pt-br&#038;campaign=covidetvpisku&#038;address=p\u00edsek\" target=\"_blank\" rel=\"nofollow noopener\">\n      <span class=\"lk-stay-badge badge-nature\">\ud83d\udd0d Buscar<\/span>\n      <div class=\"lk-stay-name\">Ver todas as acomoda\u00e7\u00f5es em P\u00edsek<\/div>\n      <div class=\"lk-stay-desc\">Explore todas as op\u00e7\u00f5es de hospedagem dispon\u00edveis em P\u00edsek e encontre a melhor de acordo com suas prefer\u00eancias e or\u00e7amento.<\/div>\n      <div class=\"lk-stay-meta\">\n        <span class=\"lk-stay-stars\">\u2605\u2605\u2605\u2605<\/span>\n        <span class=\"lk-stay-price\">Comparar pre\u00e7os<\/span>\n      <\/div>\n      <span class=\"lk-stay-cta\">\n        <svg width=\"14\" height=\"14\" viewBox=\"0 0 24 24\" fill=\"none\" stroke=\"currentColor\" stroke-width=\"2\"><path d=\"M18 13v6a2 2 0 0 1-2 2H5a2 2 0 0 1-2-2V8a2 2 0 0 1 2-2h6\"\/><polyline points=\"15 3 21 3 21 9\"\/><line x1=\"10\" y1=\"14\" x2=\"21\" y2=\"3\"\/><\/svg>\n        Verificar disponibilidade\n      <\/span>\n    <\/a>\n\n  <\/div>\n\n  \n<\/div>\n\n\n\n\n<h3 class=\"wp-block-heading\"><span class=\"ez-toc-section\" id=\"38_Deanato\"><\/span>38. Deanato<span class=\"ez-toc-section-end\"><\/span><\/h3>\n\n\n\n<figure data-wp-context=\"{&quot;imageId&quot;:&quot;6a9563369b1c8&quot;}\" data-wp-interactive=\"core\/image\" data-wp-key=\"6a9563369b1c8\" class=\"wp-block-image size-full wp-lightbox-container\"><img decoding=\"async\" width=\"2200\" height=\"1467\" data-wp-class--hide=\"state.isContentHidden\" data-wp-class--show=\"state.isContentVisible\" data-wp-init=\"callbacks.setButtonStyles\" data-wp-on--click=\"actions.showLightbox\" data-wp-on--load=\"callbacks.setButtonStyles\" data-wp-on--pointerdown=\"actions.preloadImage\" data-wp-on--pointerenter=\"actions.preloadImageWithDelay\" data-wp-on--pointerleave=\"actions.cancelPreload\" data-wp-on-window--resize=\"callbacks.setButtonStyles\" src=\"https:\/\/loudavymkrokem.cz\/wp-content\/uploads\/2026\/08\/pisek-dekanstvi-bakalare.jpg\" alt=\"Pr\u00e9dio do deanato na rua Bakal\u00e1\u0159e em P\u00edsek\" class=\"wp-image-399376\" title=\"\" srcset=\"https:\/\/loudavymkrokem.cz\/wp-content\/uploads\/2026\/08\/pisek-dekanstvi-bakalare.jpg 2200w, https:\/\/loudavymkrokem.cz\/wp-content\/uploads\/2026\/08\/pisek-dekanstvi-bakalare-300x200.jpg 300w, https:\/\/loudavymkrokem.cz\/wp-content\/uploads\/2026\/08\/pisek-dekanstvi-bakalare-700x467.jpg 700w, https:\/\/loudavymkrokem.cz\/wp-content\/uploads\/2026\/08\/pisek-dekanstvi-bakalare-768x512.jpg 768w, https:\/\/loudavymkrokem.cz\/wp-content\/uploads\/2026\/08\/pisek-dekanstvi-bakalare-1536x1024.jpg 1536w, https:\/\/loudavymkrokem.cz\/wp-content\/uploads\/2026\/08\/pisek-dekanstvi-bakalare-2048x1366.jpg 2048w, https:\/\/loudavymkrokem.cz\/wp-content\/uploads\/2026\/08\/pisek-dekanstvi-bakalare-696x464.jpg 696w, https:\/\/loudavymkrokem.cz\/wp-content\/uploads\/2026\/08\/pisek-dekanstvi-bakalare-1392x928.jpg 1392w, https:\/\/loudavymkrokem.cz\/wp-content\/uploads\/2026\/08\/pisek-dekanstvi-bakalare-1920x1280.jpg 1920w\" sizes=\"(max-width: 2200px) 100vw, 2200px\" \/><button\n\t\t\tclass=\"lightbox-trigger\"\n\t\t\ttype=\"button\"\n\t\t\taria-haspopup=\"dialog\"\n\t\t\tdata-wp-bind--aria-label=\"state.thisImage.triggerButtonAriaLabel\"\n\t\t\tdata-wp-init=\"callbacks.initTriggerButton\"\n\t\t\tdata-wp-on--click=\"actions.showLightbox\"\n\t\t\tdata-wp-style--right=\"state.thisImage.buttonRight\"\n\t\t\tdata-wp-style--top=\"state.thisImage.buttonTop\"\n\t\t>\n\t\t\t<svg xmlns=\"http:\/\/www.w3.org\/2000\/svg\" width=\"12\" height=\"12\" fill=\"none\" viewBox=\"0 0 12 12\">\n\t\t\t\t<path fill=\"#fff\" d=\"M2 0a2 2 0 0 0-2 2v2h1.5V2a.5.5 0 0 1 .5-.5h2V0H2Zm2 10.5H2a.5.5 0 0 1-.5-.5V8H0v2a2 2 0 0 0 2 2h2v-1.5ZM8 12v-1.5h2a.5.5 0 0 0 .5-.5V8H12v2a2 2 0 0 1-2 2H8Zm2-12a2 2 0 0 1 2 2v2h-1.5V2a.5.5 0 0 0-.5-.5H8V0h2Z\" \/>\n\t\t\t<\/svg>\n\t\t<\/button><\/figure>\n\n\n\n<p class=\"wp-block-paragraph\">Endere\u00e7o Bakal\u00e1\u0159e 43\/6, bem ao lado da Igreja da Natividade da Virgem Maria. Um pr\u00e9dio do barroco tardio com elementos classicistas, cuja hist\u00f3ria remonta ao s\u00e9culo XIV. E o mais interessante: ele est\u00e1 literalmente fundido com a muralha e tem como parte um basti\u00e3o g\u00f3tico. Ent\u00e3o, quando voc\u00ea entra, entra na verdade dentro das muralhas. Uma esp\u00e9cie de arqueologia da constru\u00e7\u00e3o ao vivo.<\/p>\n\n\n\n<h3 class=\"wp-block-heading\"><span class=\"ez-toc-section\" id=\"39_Parapeitos_junto_ao_Portao_de_Putim\"><\/span>39. Parapeitos junto ao Port\u00e3o de Putim<span class=\"ez-toc-section-end\"><\/span><\/h3>\n\n\n\n<figure data-wp-context=\"{&quot;imageId&quot;:&quot;6a9563369b5d6&quot;}\" data-wp-interactive=\"core\/image\" data-wp-key=\"6a9563369b5d6\" class=\"wp-block-image size-full wp-lightbox-container\"><img decoding=\"async\" width=\"2200\" height=\"1467\" data-wp-class--hide=\"state.isContentHidden\" data-wp-class--show=\"state.isContentVisible\" data-wp-init=\"callbacks.setButtonStyles\" data-wp-on--click=\"actions.showLightbox\" data-wp-on--load=\"callbacks.setButtonStyles\" data-wp-on--pointerdown=\"actions.preloadImage\" data-wp-on--pointerenter=\"actions.preloadImageWithDelay\" data-wp-on--pointerleave=\"actions.cancelPreload\" data-wp-on-window--resize=\"callbacks.setButtonStyles\" src=\"https:\/\/loudavymkrokem.cz\/wp-content\/uploads\/2026\/08\/pisek-parkany-hradby.jpg\" alt=\"Parapeitos entre as muralhas em P\u00edsek\" class=\"wp-image-399377\" title=\"\" srcset=\"https:\/\/loudavymkrokem.cz\/wp-content\/uploads\/2026\/08\/pisek-parkany-hradby.jpg 2200w, https:\/\/loudavymkrokem.cz\/wp-content\/uploads\/2026\/08\/pisek-parkany-hradby-300x200.jpg 300w, https:\/\/loudavymkrokem.cz\/wp-content\/uploads\/2026\/08\/pisek-parkany-hradby-700x467.jpg 700w, https:\/\/loudavymkrokem.cz\/wp-content\/uploads\/2026\/08\/pisek-parkany-hradby-768x512.jpg 768w, https:\/\/loudavymkrokem.cz\/wp-content\/uploads\/2026\/08\/pisek-parkany-hradby-1536x1024.jpg 1536w, https:\/\/loudavymkrokem.cz\/wp-content\/uploads\/2026\/08\/pisek-parkany-hradby-2048x1366.jpg 2048w, https:\/\/loudavymkrokem.cz\/wp-content\/uploads\/2026\/08\/pisek-parkany-hradby-696x464.jpg 696w, https:\/\/loudavymkrokem.cz\/wp-content\/uploads\/2026\/08\/pisek-parkany-hradby-1392x928.jpg 1392w, https:\/\/loudavymkrokem.cz\/wp-content\/uploads\/2026\/08\/pisek-parkany-hradby-1920x1280.jpg 1920w\" sizes=\"(max-width: 2200px) 100vw, 2200px\" \/><button\n\t\t\tclass=\"lightbox-trigger\"\n\t\t\ttype=\"button\"\n\t\t\taria-haspopup=\"dialog\"\n\t\t\tdata-wp-bind--aria-label=\"state.thisImage.triggerButtonAriaLabel\"\n\t\t\tdata-wp-init=\"callbacks.initTriggerButton\"\n\t\t\tdata-wp-on--click=\"actions.showLightbox\"\n\t\t\tdata-wp-style--right=\"state.thisImage.buttonRight\"\n\t\t\tdata-wp-style--top=\"state.thisImage.buttonTop\"\n\t\t>\n\t\t\t<svg xmlns=\"http:\/\/www.w3.org\/2000\/svg\" width=\"12\" height=\"12\" fill=\"none\" viewBox=\"0 0 12 12\">\n\t\t\t\t<path fill=\"#fff\" d=\"M2 0a2 2 0 0 0-2 2v2h1.5V2a.5.5 0 0 1 .5-.5h2V0H2Zm2 10.5H2a.5.5 0 0 1-.5-.5V8H0v2a2 2 0 0 0 2 2h2v-1.5ZM8 12v-1.5h2a.5.5 0 0 0 .5-.5V8H12v2a2 2 0 0 1-2 2H8Zm2-12a2 2 0 0 1 2 2v2h-1.5V2a.5.5 0 0 0-.5-.5H8V0h2Z\" \/>\n\t\t\t<\/svg>\n\t\t<\/button><\/figure>\n\n\n\n<p class=\"wp-block-paragraph\">O espa\u00e7o entre as muralhas, que passou por uma reforma e se transformou numa linda \u00e1rea de descanso. Vistas para os antigos basti\u00f5es, bancos, tranquilidade. O lugar ideal quando voc\u00ea precisa sumir por um instante da agita\u00e7\u00e3o do centro, mas n\u00e3o quer ir muito longe.<\/p>\n\n\n\n<h2 class=\"wp-block-heading\"><span class=\"ez-toc-section\" id=\"O_que_fazer_em_Pisek_com_criancas_dicas_para_familias_na_cidade_e_nos_arredores\"><\/span>O que fazer em P\u00edsek com crian\u00e7as: dicas para fam\u00edlias na cidade e nos arredores<span class=\"ez-toc-section-end\"><\/span><\/h2>\n\n\n\n<p class=\"wp-block-paragraph\">P\u00edsek \u00e9 uma cidade onde voc\u00ea n\u00e3o vai se entediar com crian\u00e7as. E digo isso como <strong>m\u00e3e do Jon\u00e1\u0161ek, de dois anos<\/strong>, com quem passo a maior parte dos dias aqui. Seja pulando nos exponentes gigantes da Sladovna, alimentando os gamos na reserva ou brincando nos parquinhos do parque. Aqui est\u00e3o minhas dicas de onde ir com a fam\u00edlia na pr\u00f3pria cidade, e ainda alguns passeios pelos arredores que temos logo ali.<\/p>\n\n\n\n<p class=\"wp-block-paragraph\"><strong>Leia tamb\u00e9m: <a href=\"https:\/\/loudavymkrokem.cz\/pisek-s-detmi\/\">P\u00edsek com crian\u00e7as: 40 dicas de uma m\u00e3e local sobre espa\u00e7os de brincar, parquinhos e passeios<\/a><\/strong>, onde voc\u00ea encontra um guia familiar completo, com todos os espa\u00e7os de brincar, parquinhos e tabelas de pre\u00e7os.<\/p>\n\n\n\n<h3 class=\"wp-block-heading\"><span class=\"ez-toc-section\" id=\"Sladovna_Pisek_uma_galeria_gigante_para_brincar\"><\/span>Sladovna P\u00edsek: uma galeria gigante para brincar<span class=\"ez-toc-section-end\"><\/span><\/h3>\n\n\n\n<figure data-wp-context=\"{&quot;imageId&quot;:&quot;6a9563369bb15&quot;}\" data-wp-interactive=\"core\/image\" data-wp-key=\"6a9563369bb15\" class=\"wp-block-image size-full wp-lightbox-container\"><img decoding=\"async\" width=\"2200\" height=\"1467\" data-wp-class--hide=\"state.isContentHidden\" data-wp-class--show=\"state.isContentVisible\" data-wp-init=\"callbacks.setButtonStyles\" data-wp-on--click=\"actions.showLightbox\" data-wp-on--load=\"callbacks.setButtonStyles\" data-wp-on--pointerdown=\"actions.preloadImage\" data-wp-on--pointerenter=\"actions.preloadImageWithDelay\" data-wp-on--pointerleave=\"actions.cancelPreload\" data-wp-on-window--resize=\"callbacks.setButtonStyles\" src=\"https:\/\/loudavymkrokem.cz\/wp-content\/uploads\/2026\/08\/pisek-sladovna.jpg\" alt=\"Sladovna P\u00edsek, galeria para brincar para crian\u00e7as\" class=\"wp-image-399379\" title=\"\" srcset=\"https:\/\/loudavymkrokem.cz\/wp-content\/uploads\/2026\/08\/pisek-sladovna.jpg 2200w, https:\/\/loudavymkrokem.cz\/wp-content\/uploads\/2026\/08\/pisek-sladovna-300x200.jpg 300w, https:\/\/loudavymkrokem.cz\/wp-content\/uploads\/2026\/08\/pisek-sladovna-700x467.jpg 700w, https:\/\/loudavymkrokem.cz\/wp-content\/uploads\/2026\/08\/pisek-sladovna-768x512.jpg 768w, https:\/\/loudavymkrokem.cz\/wp-content\/uploads\/2026\/08\/pisek-sladovna-1536x1024.jpg 1536w, https:\/\/loudavymkrokem.cz\/wp-content\/uploads\/2026\/08\/pisek-sladovna-2048x1366.jpg 2048w, https:\/\/loudavymkrokem.cz\/wp-content\/uploads\/2026\/08\/pisek-sladovna-696x464.jpg 696w, https:\/\/loudavymkrokem.cz\/wp-content\/uploads\/2026\/08\/pisek-sladovna-1392x928.jpg 1392w, https:\/\/loudavymkrokem.cz\/wp-content\/uploads\/2026\/08\/pisek-sladovna-1920x1280.jpg 1920w\" sizes=\"(max-width: 2200px) 100vw, 2200px\" \/><button\n\t\t\tclass=\"lightbox-trigger\"\n\t\t\ttype=\"button\"\n\t\t\taria-haspopup=\"dialog\"\n\t\t\tdata-wp-bind--aria-label=\"state.thisImage.triggerButtonAriaLabel\"\n\t\t\tdata-wp-init=\"callbacks.initTriggerButton\"\n\t\t\tdata-wp-on--click=\"actions.showLightbox\"\n\t\t\tdata-wp-style--right=\"state.thisImage.buttonRight\"\n\t\t\tdata-wp-style--top=\"state.thisImage.buttonTop\"\n\t\t>\n\t\t\t<svg xmlns=\"http:\/\/www.w3.org\/2000\/svg\" width=\"12\" height=\"12\" fill=\"none\" viewBox=\"0 0 12 12\">\n\t\t\t\t<path fill=\"#fff\" d=\"M2 0a2 2 0 0 0-2 2v2h1.5V2a.5.5 0 0 1 .5-.5h2V0H2Zm2 10.5H2a.5.5 0 0 1-.5-.5V8H0v2a2 2 0 0 0 2 2h2v-1.5ZM8 12v-1.5h2a.5.5 0 0 0 .5-.5V8H12v2a2 2 0 0 1-2 2H8Zm2-12a2 2 0 0 1 2 2v2h-1.5V2a.5.5 0 0 0-.5-.5H8V0h2Z\" \/>\n\t\t\t<\/svg>\n\t\t<\/button><\/figure>\n\n\n\n<p class=\"wp-block-paragraph\">Este \u00e9 simplesmente o n\u00famero um. Quatro andares cheios de exposi\u00e7\u00f5es interativas, onde as crian\u00e7as (e, convenhamos, os pais tamb\u00e9m) brincam, exploram, constroem e descobrem. Para os menorzinhos, de 0 a 6 anos, tem o <strong>Pila\u0159i\u0161t\u011b<\/strong>, um espa\u00e7o seguro cheio de est\u00edmulos. As crian\u00e7as maiores v\u00e3o devorar o <strong>Mraveni\u0161t\u011b<\/strong> e as exposi\u00e7\u00f5es tem\u00e1ticas que mudam.<\/p>\n\n\n\n<p class=\"wp-block-paragraph\">Aberto de ter\u00e7a a domingo das 9h \u00e0s 17h, e no ver\u00e3o todos os dias, incluindo segunda, at\u00e9 as 18h. Ingresso <strong>R$ 37 por pessoa (150 K\u010d)<\/strong>, o Pila\u0159i\u0161t\u011b <strong>R$ 30 (120 K\u010d)<\/strong>, o ingresso fam\u00edlia 2+2 sai por R$ 125 (500 K\u010d) e crian\u00e7as at\u00e9 3 anos n\u00e3o pagam. E uma dica importante \u2013 <strong>reserve online<\/strong>, principalmente nos fins de semana e nas f\u00e9rias, porque costuma lotar.<\/p>\n\n\n\n<h3 class=\"wp-block-heading\"><span class=\"ez-toc-section\" id=\"Esculturas_de_areia_na_orla_antigo_Cipiskoviste\"><\/span>Esculturas de areia na orla (antigo Cip\u00edskovi\u0161t\u011b)<span class=\"ez-toc-section-end\"><\/span><\/h3>\n\n\n\n<figure data-wp-context=\"{&quot;imageId&quot;:&quot;6a9563369c00d&quot;}\" data-wp-interactive=\"core\/image\" data-wp-key=\"6a9563369c00d\" class=\"wp-block-image size-full wp-lightbox-container\"><img decoding=\"async\" width=\"2000\" height=\"1333\" data-wp-class--hide=\"state.isContentHidden\" data-wp-class--show=\"state.isContentVisible\" data-wp-init=\"callbacks.setButtonStyles\" data-wp-on--click=\"actions.showLightbox\" data-wp-on--load=\"callbacks.setButtonStyles\" data-wp-on--pointerdown=\"actions.preloadImage\" data-wp-on--pointerenter=\"actions.preloadImageWithDelay\" data-wp-on--pointerleave=\"actions.cancelPreload\" data-wp-on-window--resize=\"callbacks.setButtonStyles\" src=\"https:\/\/loudavymkrokem.cz\/wp-content\/uploads\/2026\/08\/sochy-z-pisku-naplavka-kamenny-most.jpg\" alt=\"Esculturas de areia na orla do rio Otava junto \u00e0 ponte de pedra em P\u00edsek\" class=\"wp-image-399607\" title=\"\" srcset=\"https:\/\/loudavymkrokem.cz\/wp-content\/uploads\/2026\/08\/sochy-z-pisku-naplavka-kamenny-most.jpg 2000w, https:\/\/loudavymkrokem.cz\/wp-content\/uploads\/2026\/08\/sochy-z-pisku-naplavka-kamenny-most-300x200.jpg 300w, https:\/\/loudavymkrokem.cz\/wp-content\/uploads\/2026\/08\/sochy-z-pisku-naplavka-kamenny-most-700x467.jpg 700w, https:\/\/loudavymkrokem.cz\/wp-content\/uploads\/2026\/08\/sochy-z-pisku-naplavka-kamenny-most-768x512.jpg 768w, https:\/\/loudavymkrokem.cz\/wp-content\/uploads\/2026\/08\/sochy-z-pisku-naplavka-kamenny-most-1536x1024.jpg 1536w, https:\/\/loudavymkrokem.cz\/wp-content\/uploads\/2026\/08\/sochy-z-pisku-naplavka-kamenny-most-696x464.jpg 696w, https:\/\/loudavymkrokem.cz\/wp-content\/uploads\/2026\/08\/sochy-z-pisku-naplavka-kamenny-most-1392x928.jpg 1392w, https:\/\/loudavymkrokem.cz\/wp-content\/uploads\/2026\/08\/sochy-z-pisku-naplavka-kamenny-most-1920x1280.jpg 1920w\" sizes=\"(max-width: 2000px) 100vw, 2000px\" \/><button\n\t\t\tclass=\"lightbox-trigger\"\n\t\t\ttype=\"button\"\n\t\t\taria-haspopup=\"dialog\"\n\t\t\tdata-wp-bind--aria-label=\"state.thisImage.triggerButtonAriaLabel\"\n\t\t\tdata-wp-init=\"callbacks.initTriggerButton\"\n\t\t\tdata-wp-on--click=\"actions.showLightbox\"\n\t\t\tdata-wp-style--right=\"state.thisImage.buttonRight\"\n\t\t\tdata-wp-style--top=\"state.thisImage.buttonTop\"\n\t\t>\n\t\t\t<svg xmlns=\"http:\/\/www.w3.org\/2000\/svg\" width=\"12\" height=\"12\" fill=\"none\" viewBox=\"0 0 12 12\">\n\t\t\t\t<path fill=\"#fff\" d=\"M2 0a2 2 0 0 0-2 2v2h1.5V2a.5.5 0 0 1 .5-.5h2V0H2Zm2 10.5H2a.5.5 0 0 1-.5-.5V8H0v2a2 2 0 0 0 2 2h2v-1.5ZM8 12v-1.5h2a.5.5 0 0 0 .5-.5V8H12v2a2 2 0 0 1-2 2H8Zm2-12a2 2 0 0 1 2 2v2h-1.5V2a.5.5 0 0 0-.5-.5H8V0h2Z\" \/>\n\t\t\t<\/svg>\n\t\t<\/button><\/figure>\n\n\n\n<p class=\"wp-block-paragraph\">Gigantescas esculturas de areia bem junto \u00e0 Ponte de Pedra, na orla do Otava. Todo ano um tema novo, um novo espanto. O evento antes se chamava Cip\u00edskovi\u0161t\u011b, mas hoje \u00e9 oficialmente Esculturas de Areia em P\u00edsek e, na primavera, \u00e9 acompanhado do festival familiar P\u00edskovi\u0161t\u011b. Funciona da primavera ao ver\u00e3o e \u00e9 gratuito, voc\u00ea simplesmente chega e admira. As crian\u00e7as ficam de queixo ca\u00eddo.<\/p>\n\n\n\n<h3 class=\"wp-block-heading\"><span class=\"ez-toc-section\" id=\"Travel_Cafe_cafe_com_caixa_de_areia\"><\/span>Travel Cafe: caf\u00e9 com caixa de areia<span class=\"ez-toc-section-end\"><\/span><\/h3>\n\n\n\n<figure data-wp-context=\"{&quot;imageId&quot;:&quot;6a9563369c507&quot;}\" data-wp-interactive=\"core\/image\" data-wp-key=\"6a9563369c507\" class=\"wp-block-image size-full wp-lightbox-container\"><img decoding=\"async\" width=\"2200\" height=\"1650\" data-wp-class--hide=\"state.isContentHidden\" data-wp-class--show=\"state.isContentVisible\" data-wp-init=\"callbacks.setButtonStyles\" data-wp-on--click=\"actions.showLightbox\" data-wp-on--load=\"callbacks.setButtonStyles\" data-wp-on--pointerdown=\"actions.preloadImage\" data-wp-on--pointerenter=\"actions.preloadImageWithDelay\" data-wp-on--pointerleave=\"actions.cancelPreload\" data-wp-on-window--resize=\"callbacks.setButtonStyles\" src=\"https:\/\/loudavymkrokem.cz\/wp-content\/uploads\/2026\/08\/pisek-travel-cafe-piskoviste-domecek.jpg\" alt=\"Caixa de areia com casinha no jardim do Travel Cafe em P\u00edsek\" class=\"wp-image-399550\" title=\"\" srcset=\"https:\/\/loudavymkrokem.cz\/wp-content\/uploads\/2026\/08\/pisek-travel-cafe-piskoviste-domecek.jpg 2200w, https:\/\/loudavymkrokem.cz\/wp-content\/uploads\/2026\/08\/pisek-travel-cafe-piskoviste-domecek-300x225.jpg 300w, https:\/\/loudavymkrokem.cz\/wp-content\/uploads\/2026\/08\/pisek-travel-cafe-piskoviste-domecek-700x525.jpg 700w, https:\/\/loudavymkrokem.cz\/wp-content\/uploads\/2026\/08\/pisek-travel-cafe-piskoviste-domecek-768x576.jpg 768w, https:\/\/loudavymkrokem.cz\/wp-content\/uploads\/2026\/08\/pisek-travel-cafe-piskoviste-domecek-1536x1152.jpg 1536w, https:\/\/loudavymkrokem.cz\/wp-content\/uploads\/2026\/08\/pisek-travel-cafe-piskoviste-domecek-2048x1536.jpg 2048w, https:\/\/loudavymkrokem.cz\/wp-content\/uploads\/2026\/08\/pisek-travel-cafe-piskoviste-domecek-80x60.jpg 80w, https:\/\/loudavymkrokem.cz\/wp-content\/uploads\/2026\/08\/pisek-travel-cafe-piskoviste-domecek-160x120.jpg 160w, https:\/\/loudavymkrokem.cz\/wp-content\/uploads\/2026\/08\/pisek-travel-cafe-piskoviste-domecek-696x522.jpg 696w, https:\/\/loudavymkrokem.cz\/wp-content\/uploads\/2026\/08\/pisek-travel-cafe-piskoviste-domecek-1392x1044.jpg 1392w, https:\/\/loudavymkrokem.cz\/wp-content\/uploads\/2026\/08\/pisek-travel-cafe-piskoviste-domecek-1920x1440.jpg 1920w\" sizes=\"(max-width: 2200px) 100vw, 2200px\" \/><button\n\t\t\tclass=\"lightbox-trigger\"\n\t\t\ttype=\"button\"\n\t\t\taria-haspopup=\"dialog\"\n\t\t\tdata-wp-bind--aria-label=\"state.thisImage.triggerButtonAriaLabel\"\n\t\t\tdata-wp-init=\"callbacks.initTriggerButton\"\n\t\t\tdata-wp-on--click=\"actions.showLightbox\"\n\t\t\tdata-wp-style--right=\"state.thisImage.buttonRight\"\n\t\t\tdata-wp-style--top=\"state.thisImage.buttonTop\"\n\t\t>\n\t\t\t<svg xmlns=\"http:\/\/www.w3.org\/2000\/svg\" width=\"12\" height=\"12\" fill=\"none\" viewBox=\"0 0 12 12\">\n\t\t\t\t<path fill=\"#fff\" d=\"M2 0a2 2 0 0 0-2 2v2h1.5V2a.5.5 0 0 1 .5-.5h2V0H2Zm2 10.5H2a.5.5 0 0 1-.5-.5V8H0v2a2 2 0 0 0 2 2h2v-1.5ZM8 12v-1.5h2a.5.5 0 0 0 .5-.5V8H12v2a2 2 0 0 1-2 2H8Zm2-12a2 2 0 0 1 2 2v2h-1.5V2a.5.5 0 0 0-.5-.5H8V0h2Z\" \/>\n\t\t\t<\/svg>\n\t\t<\/button><\/figure>\n\n\n\n<p class=\"wp-block-paragraph\">Este \u00e9 o <strong>nosso ponto fixo em fam\u00edlia<\/strong> e, na minha opini\u00e3o, o melhor caf\u00e9 de P\u00edsek. O <strong>Travel Cafe<\/strong> voc\u00ea encontra na rua Komensk\u00e9ho, abaixo do col\u00e9gio, a dois minutos da Pra\u00e7a Grande. De manh\u00e3 caf\u00e9 da manh\u00e3 e brunch, durante o dia um bistr\u00f4 com caf\u00e9 especial, \u00e0 noite uma ta\u00e7a de vinho e, principalmente, um <strong>jardim no p\u00e1tio interno com caixa de areia e casinha<\/strong>, gra\u00e7as ao qual voc\u00ea realmente termina seu caf\u00e9 em paz. Sentamos aqui quase sempre l\u00e1 fora e comemos todos juntos: t\u00eam caf\u00e9s da manh\u00e3 perfeitos e almo\u00e7os leves, e nosso pequeno pede panquecas. No ver\u00e3o tamb\u00e9m organizam apresenta\u00e7\u00f5es para crian\u00e7as.<\/p>\n\n\n\n<p class=\"wp-block-paragraph\">\ud83d\udca1 <strong>Dica:<\/strong> t\u00eam cantinho infantil tamb\u00e9m o <strong>SOHO Cafe<\/strong> na Pra\u00e7a Grande, o <strong>Sova na V\u011btvi<\/strong> junto \u00e0 Ponte de Pedra e o <strong>Upekla<\/strong> na biblioteca (caixa de areia no p\u00e1tio interno).<\/p>\n\n\n\n<h3 class=\"wp-block-heading\"><span class=\"ez-toc-section\" id=\"Espacos_de_brincar_em_Pisek_Myska_herna_e_cia\"><\/span>Espa\u00e7os de brincar em P\u00edsek: My\u0161ka herna e cia.<span class=\"ez-toc-section-end\"><\/span><\/h3>\n\n\n\n<figure data-wp-context=\"{&quot;imageId&quot;:&quot;6a9563369c9ee&quot;}\" data-wp-interactive=\"core\/image\" data-wp-key=\"6a9563369c9ee\" class=\"wp-block-image size-full wp-lightbox-container\"><img decoding=\"async\" width=\"2200\" height=\"1467\" data-wp-class--hide=\"state.isContentHidden\" data-wp-class--show=\"state.isContentVisible\" data-wp-init=\"callbacks.setButtonStyles\" data-wp-on--click=\"actions.showLightbox\" data-wp-on--load=\"callbacks.setButtonStyles\" data-wp-on--pointerdown=\"actions.preloadImage\" data-wp-on--pointerenter=\"actions.preloadImageWithDelay\" data-wp-on--pointerleave=\"actions.cancelPreload\" data-wp-on-window--resize=\"callbacks.setButtonStyles\" src=\"https:\/\/loudavymkrokem.cz\/wp-content\/uploads\/2026\/08\/pisek-myska-herna-bazenek-s-micky.jpg\" alt=\"Piscina de bolinhas na My\u0161ka herna em P\u00edsek\" class=\"wp-image-399531\" title=\"\" srcset=\"https:\/\/loudavymkrokem.cz\/wp-content\/uploads\/2026\/08\/pisek-myska-herna-bazenek-s-micky.jpg 2200w, https:\/\/loudavymkrokem.cz\/wp-content\/uploads\/2026\/08\/pisek-myska-herna-bazenek-s-micky-300x200.jpg 300w, https:\/\/loudavymkrokem.cz\/wp-content\/uploads\/2026\/08\/pisek-myska-herna-bazenek-s-micky-700x467.jpg 700w, https:\/\/loudavymkrokem.cz\/wp-content\/uploads\/2026\/08\/pisek-myska-herna-bazenek-s-micky-768x512.jpg 768w, https:\/\/loudavymkrokem.cz\/wp-content\/uploads\/2026\/08\/pisek-myska-herna-bazenek-s-micky-1536x1024.jpg 1536w, https:\/\/loudavymkrokem.cz\/wp-content\/uploads\/2026\/08\/pisek-myska-herna-bazenek-s-micky-2048x1366.jpg 2048w, https:\/\/loudavymkrokem.cz\/wp-content\/uploads\/2026\/08\/pisek-myska-herna-bazenek-s-micky-696x464.jpg 696w, https:\/\/loudavymkrokem.cz\/wp-content\/uploads\/2026\/08\/pisek-myska-herna-bazenek-s-micky-1392x928.jpg 1392w, https:\/\/loudavymkrokem.cz\/wp-content\/uploads\/2026\/08\/pisek-myska-herna-bazenek-s-micky-1920x1280.jpg 1920w\" sizes=\"(max-width: 2200px) 100vw, 2200px\" \/><button\n\t\t\tclass=\"lightbox-trigger\"\n\t\t\ttype=\"button\"\n\t\t\taria-haspopup=\"dialog\"\n\t\t\tdata-wp-bind--aria-label=\"state.thisImage.triggerButtonAriaLabel\"\n\t\t\tdata-wp-init=\"callbacks.initTriggerButton\"\n\t\t\tdata-wp-on--click=\"actions.showLightbox\"\n\t\t\tdata-wp-style--right=\"state.thisImage.buttonRight\"\n\t\t\tdata-wp-style--top=\"state.thisImage.buttonTop\"\n\t\t>\n\t\t\t<svg xmlns=\"http:\/\/www.w3.org\/2000\/svg\" width=\"12\" height=\"12\" fill=\"none\" viewBox=\"0 0 12 12\">\n\t\t\t\t<path fill=\"#fff\" d=\"M2 0a2 2 0 0 0-2 2v2h1.5V2a.5.5 0 0 1 .5-.5h2V0H2Zm2 10.5H2a.5.5 0 0 1-.5-.5V8H0v2a2 2 0 0 0 2 2h2v-1.5ZM8 12v-1.5h2a.5.5 0 0 0 .5-.5V8H12v2a2 2 0 0 1-2 2H8Zm2-12a2 2 0 0 1 2 2v2h-1.5V2a.5.5 0 0 0-.5-.5H8V0h2Z\" \/>\n\t\t\t<\/svg>\n\t\t<\/button><\/figure>\n\n\n\n<p class=\"wp-block-paragraph\">Quando o tempo n\u00e3o ajuda, os espa\u00e7os de brincar nos salvam. O maior playground interno da cidade \u00e9 a <strong>My\u0161ka herna<\/strong> (V Porty\u010di 450): trepa-trepa, escorregadores, cama el\u00e1stica, blocos de espuma e um caf\u00e9 para os pais. O equipamento j\u00e1 \u00e9 bem antigo, mas ainda \u00e9 o maior espa\u00e7o de brincar de P\u00edsek, ent\u00e3o continuamos indo. A entrada de dia inteiro para crian\u00e7as de 1 a 10 anos custa <strong>R$ 32 (129 K\u010d)<\/strong>, uma hora R$ 21 (84 K\u010d), adultos R$ 12,50 (50 K\u010d), na sexta fica fechado. Os beb\u00eas de um a tr\u00eas anos v\u00e3o gostar das oficinas Montessori <strong>Fazole<\/strong>, \u00e0s quintas (R$ 50 \/ 200 K\u010d, no m\u00e1ximo 6 crian\u00e7as), e as crian\u00e7as em idade escolar v\u00e3o curtir o <strong>centro de escalada LezeTop<\/strong>, com parede infantil, ou a <strong>Laser Ar\u00e9na<\/strong> no shopping Luna.<\/p>\n\n\n\n<p class=\"wp-block-paragraph\">Uma vis\u00e3o completa dos espa\u00e7os de brincar, com hor\u00e1rios e pre\u00e7os, voc\u00ea encontra no artigo <a href=\"https:\/\/loudavymkrokem.cz\/pisek-s-detmi\/\">P\u00edsek com crian\u00e7as<\/a> e uma lista continuamente atualizada de espa\u00e7os de brincar, caf\u00e9s com cantinho e parquinhos em <a href=\"https:\/\/pisek.info\/deti\/hernicky\" target=\"_blank\" rel=\"noopener\">pisek.info\/deti\/hernicky<\/a>.<\/p>\n\n\n\n<h3 class=\"wp-block-heading\"><span class=\"ez-toc-section\" id=\"Reserva_U_Vodaka\"><\/span>Reserva U Vod\u00e1ka<span class=\"ez-toc-section-end\"><\/span><\/h3>\n\n\n\n<figure data-wp-context=\"{&quot;imageId&quot;:&quot;6a9563369ce6c&quot;}\" data-wp-interactive=\"core\/image\" data-wp-key=\"6a9563369ce6c\" class=\"wp-block-image size-full wp-lightbox-container\"><img decoding=\"async\" width=\"960\" height=\"640\" data-wp-class--hide=\"state.isContentHidden\" data-wp-class--show=\"state.isContentVisible\" data-wp-init=\"callbacks.setButtonStyles\" data-wp-on--click=\"actions.showLightbox\" data-wp-on--load=\"callbacks.setButtonStyles\" data-wp-on--pointerdown=\"actions.preloadImage\" data-wp-on--pointerenter=\"actions.preloadImageWithDelay\" data-wp-on--pointerleave=\"actions.cancelPreload\" data-wp-on-window--resize=\"callbacks.setButtonStyles\" src=\"https:\/\/loudavymkrokem.cz\/wp-content\/uploads\/2026\/08\/oburka-u-vodaka-danci.jpg\" alt=\"Gamos na reserva U Vod\u00e1ka nas montanhas de P\u00edsek\" class=\"wp-image-399639\" title=\"\" srcset=\"https:\/\/loudavymkrokem.cz\/wp-content\/uploads\/2026\/08\/oburka-u-vodaka-danci.jpg 960w, https:\/\/loudavymkrokem.cz\/wp-content\/uploads\/2026\/08\/oburka-u-vodaka-danci-300x200.jpg 300w, https:\/\/loudavymkrokem.cz\/wp-content\/uploads\/2026\/08\/oburka-u-vodaka-danci-700x467.jpg 700w, https:\/\/loudavymkrokem.cz\/wp-content\/uploads\/2026\/08\/oburka-u-vodaka-danci-768x512.jpg 768w, https:\/\/loudavymkrokem.cz\/wp-content\/uploads\/2026\/08\/oburka-u-vodaka-danci-696x464.jpg 696w\" sizes=\"(max-width: 960px) 100vw, 960px\" \/><button\n\t\t\tclass=\"lightbox-trigger\"\n\t\t\ttype=\"button\"\n\t\t\taria-haspopup=\"dialog\"\n\t\t\tdata-wp-bind--aria-label=\"state.thisImage.triggerButtonAriaLabel\"\n\t\t\tdata-wp-init=\"callbacks.initTriggerButton\"\n\t\t\tdata-wp-on--click=\"actions.showLightbox\"\n\t\t\tdata-wp-style--right=\"state.thisImage.buttonRight\"\n\t\t\tdata-wp-style--top=\"state.thisImage.buttonTop\"\n\t\t>\n\t\t\t<svg xmlns=\"http:\/\/www.w3.org\/2000\/svg\" width=\"12\" height=\"12\" fill=\"none\" viewBox=\"0 0 12 12\">\n\t\t\t\t<path fill=\"#fff\" d=\"M2 0a2 2 0 0 0-2 2v2h1.5V2a.5.5 0 0 1 .5-.5h2V0H2Zm2 10.5H2a.5.5 0 0 1-.5-.5V8H0v2a2 2 0 0 0 2 2h2v-1.5ZM8 12v-1.5h2a.5.5 0 0 0 .5-.5V8H12v2a2 2 0 0 1-2 2H8Zm2-12a2 2 0 0 1 2 2v2h-1.5V2a.5.5 0 0 0-.5-.5H8V0h2Z\" \/>\n\t\t\t<\/svg>\n\t\t<\/button><\/figure>\n\n\n\n<p class=\"wp-block-paragraph\">Uma reserva florestal onde voc\u00ea observa <strong>mufl\u00f5es e gamos<\/strong> de uma plataforma de observa\u00e7\u00e3o e ao longo da cerca. Os animais est\u00e3o acostumados com pessoas, ent\u00e3o quase sempre voc\u00ea os v\u00ea, e os gamos, em especial, gostam de se deixar admirar. O passeio \u00e9 tranquilo, at\u00e9 os pezinhos pequenos d\u00e3o conta, e a floresta ao redor \u00e9 linda em qualquer esta\u00e7\u00e3o.<\/p>\n\n\n\n<h3 class=\"wp-block-heading\"><span class=\"ez-toc-section\" id=\"Chale_Zivec_e_o_labirinto_3D\"><\/span>Chal\u00e9 \u017divec e o labirinto 3D<span class=\"ez-toc-section-end\"><\/span><\/h3>\n\n\n\n<figure data-wp-context=\"{&quot;imageId&quot;:&quot;6a9563369d266&quot;}\" data-wp-interactive=\"core\/image\" data-wp-key=\"6a9563369d266\" class=\"wp-block-image size-full wp-lightbox-container\"><img decoding=\"async\" width=\"1200\" height=\"600\" data-wp-class--hide=\"state.isContentHidden\" data-wp-class--show=\"state.isContentVisible\" data-wp-init=\"callbacks.setButtonStyles\" data-wp-on--click=\"actions.showLightbox\" data-wp-on--load=\"callbacks.setButtonStyles\" data-wp-on--pointerdown=\"actions.preloadImage\" data-wp-on--pointerenter=\"actions.preloadImageWithDelay\" data-wp-on--pointerleave=\"actions.cancelPreload\" data-wp-on-window--resize=\"callbacks.setButtonStyles\" src=\"https:\/\/loudavymkrokem.cz\/wp-content\/uploads\/2026\/08\/chata-zivec-3d-bludiste-pisecke-hory.jpg\" alt=\"Playground de cordas e labirinto 3D no chal\u00e9 \u017divec nas montanhas de P\u00edsek\" class=\"wp-image-399626\" title=\"\" srcset=\"https:\/\/loudavymkrokem.cz\/wp-content\/uploads\/2026\/08\/chata-zivec-3d-bludiste-pisecke-hory.jpg 1200w, https:\/\/loudavymkrokem.cz\/wp-content\/uploads\/2026\/08\/chata-zivec-3d-bludiste-pisecke-hory-300x150.jpg 300w, https:\/\/loudavymkrokem.cz\/wp-content\/uploads\/2026\/08\/chata-zivec-3d-bludiste-pisecke-hory-700x350.jpg 700w, https:\/\/loudavymkrokem.cz\/wp-content\/uploads\/2026\/08\/chata-zivec-3d-bludiste-pisecke-hory-768x384.jpg 768w, https:\/\/loudavymkrokem.cz\/wp-content\/uploads\/2026\/08\/chata-zivec-3d-bludiste-pisecke-hory-696x348.jpg 696w\" sizes=\"(max-width: 1200px) 100vw, 1200px\" \/><button\n\t\t\tclass=\"lightbox-trigger\"\n\t\t\ttype=\"button\"\n\t\t\taria-haspopup=\"dialog\"\n\t\t\tdata-wp-bind--aria-label=\"state.thisImage.triggerButtonAriaLabel\"\n\t\t\tdata-wp-init=\"callbacks.initTriggerButton\"\n\t\t\tdata-wp-on--click=\"actions.showLightbox\"\n\t\t\tdata-wp-style--right=\"state.thisImage.buttonRight\"\n\t\t\tdata-wp-style--top=\"state.thisImage.buttonTop\"\n\t\t>\n\t\t\t<svg xmlns=\"http:\/\/www.w3.org\/2000\/svg\" width=\"12\" height=\"12\" fill=\"none\" viewBox=\"0 0 12 12\">\n\t\t\t\t<path fill=\"#fff\" d=\"M2 0a2 2 0 0 0-2 2v2h1.5V2a.5.5 0 0 1 .5-.5h2V0H2Zm2 10.5H2a.5.5 0 0 1-.5-.5V8H0v2a2 2 0 0 0 2 2h2v-1.5ZM8 12v-1.5h2a.5.5 0 0 0 .5-.5V8H12v2a2 2 0 0 1-2 2H8Zm2-12a2 2 0 0 1 2 2v2h-1.5V2a.5.5 0 0 0-.5-.5H8V0h2Z\" \/>\n\t\t\t<\/svg>\n\t\t<\/button><\/figure>\n\n\n\n<p class=\"wp-block-paragraph\">Nas montanhas de P\u00edsek voc\u00ea encontra o chal\u00e9 \u017divec, com um playground florestal e, principalmente, um <strong>labirinto de redes nas copas das \u00e1rvores<\/strong>. As crian\u00e7as escalam, atravessam, ficam penduradas no ar e ficam em \u00eaxtase absoluto. Para os pais: embaixo tem lanchonete e bancos. Ent\u00e3o, sossego total. \ud83d\ude01<\/p>\n\n\n\n<h3 class=\"wp-block-heading\"><span class=\"ez-toc-section\" id=\"Ilha_da_Cidade\"><\/span>Ilha da Cidade<span class=\"ez-toc-section-end\"><\/span><\/h3>\n\n\n\n<figure data-wp-context=\"{&quot;imageId&quot;:&quot;6a9563369d67a&quot;}\" data-wp-interactive=\"core\/image\" data-wp-key=\"6a9563369d67a\" class=\"wp-block-image size-full wp-lightbox-container\"><img decoding=\"async\" width=\"1200\" height=\"800\" data-wp-class--hide=\"state.isContentHidden\" data-wp-class--show=\"state.isContentVisible\" data-wp-init=\"callbacks.setButtonStyles\" data-wp-on--click=\"actions.showLightbox\" data-wp-on--load=\"callbacks.setButtonStyles\" data-wp-on--pointerdown=\"actions.preloadImage\" data-wp-on--pointerenter=\"actions.preloadImageWithDelay\" data-wp-on--pointerleave=\"actions.cancelPreload\" data-wp-on-window--resize=\"callbacks.setButtonStyles\" src=\"https:\/\/loudavymkrokem.cz\/wp-content\/uploads\/2026\/08\/mestsky-ostrov-pisek-zahradka.jpg\" alt=\"Jardim de ver\u00e3o na Ilha da Cidade em P\u00edsek\" class=\"wp-image-399671\" title=\"\" srcset=\"https:\/\/loudavymkrokem.cz\/wp-content\/uploads\/2026\/08\/mestsky-ostrov-pisek-zahradka.jpg 1200w, https:\/\/loudavymkrokem.cz\/wp-content\/uploads\/2026\/08\/mestsky-ostrov-pisek-zahradka-300x200.jpg 300w, https:\/\/loudavymkrokem.cz\/wp-content\/uploads\/2026\/08\/mestsky-ostrov-pisek-zahradka-700x467.jpg 700w, https:\/\/loudavymkrokem.cz\/wp-content\/uploads\/2026\/08\/mestsky-ostrov-pisek-zahradka-768x512.jpg 768w, https:\/\/loudavymkrokem.cz\/wp-content\/uploads\/2026\/08\/mestsky-ostrov-pisek-zahradka-696x464.jpg 696w\" sizes=\"(max-width: 1200px) 100vw, 1200px\" \/><button\n\t\t\tclass=\"lightbox-trigger\"\n\t\t\ttype=\"button\"\n\t\t\taria-haspopup=\"dialog\"\n\t\t\tdata-wp-bind--aria-label=\"state.thisImage.triggerButtonAriaLabel\"\n\t\t\tdata-wp-init=\"callbacks.initTriggerButton\"\n\t\t\tdata-wp-on--click=\"actions.showLightbox\"\n\t\t\tdata-wp-style--right=\"state.thisImage.buttonRight\"\n\t\t\tdata-wp-style--top=\"state.thisImage.buttonTop\"\n\t\t>\n\t\t\t<svg xmlns=\"http:\/\/www.w3.org\/2000\/svg\" width=\"12\" height=\"12\" fill=\"none\" viewBox=\"0 0 12 12\">\n\t\t\t\t<path fill=\"#fff\" d=\"M2 0a2 2 0 0 0-2 2v2h1.5V2a.5.5 0 0 1 .5-.5h2V0H2Zm2 10.5H2a.5.5 0 0 1-.5-.5V8H0v2a2 2 0 0 0 2 2h2v-1.5ZM8 12v-1.5h2a.5.5 0 0 0 .5-.5V8H12v2a2 2 0 0 1-2 2H8Zm2-12a2 2 0 0 1 2 2v2h-1.5V2a.5.5 0 0 0-.5-.5H8V0h2Z\" \/>\n\t\t\t<\/svg>\n\t\t<\/button><\/figure>\n\n\n\n<p class=\"wp-block-paragraph\">Uma ilha no meio do Otava \u2013 soa como conto de fadas e um pouco parece mesmo. Parquinho para crian\u00e7as, minigolfe, aluguel de barquinhos e um restaurante com vista para o rio. No ver\u00e3o, um lugar ideal para uma tarde inteira. As crian\u00e7as brincam, voc\u00ea senta com uma cerveja ou uma limonada e fica olhando a \u00e1gua. O que mais voc\u00ea quer?<\/p>\n\n\n\n<h3 class=\"wp-block-heading\"><span class=\"ez-toc-section\" id=\"Hernajs\"><\/span>Hernajs<span class=\"ez-toc-section-end\"><\/span><\/h3>\n\n\n\n<figure data-wp-context=\"{&quot;imageId&quot;:&quot;6a9563369db02&quot;}\" data-wp-interactive=\"core\/image\" data-wp-key=\"6a9563369db02\" class=\"wp-block-image size-full wp-lightbox-container\"><img decoding=\"async\" width=\"2200\" height=\"1455\" data-wp-class--hide=\"state.isContentHidden\" data-wp-class--show=\"state.isContentVisible\" data-wp-init=\"callbacks.setButtonStyles\" data-wp-on--click=\"actions.showLightbox\" data-wp-on--load=\"callbacks.setButtonStyles\" data-wp-on--pointerdown=\"actions.preloadImage\" data-wp-on--pointerenter=\"actions.preloadImageWithDelay\" data-wp-on--pointerleave=\"actions.cancelPreload\" data-wp-on-window--resize=\"callbacks.setButtonStyles\" src=\"https:\/\/loudavymkrokem.cz\/wp-content\/uploads\/2026\/08\/pisek-hernajs-hernicka-az-na-pudu.jpg\" alt=\"Espa\u00e7o de brincar Hernajs em P\u00edsek\" class=\"wp-image-399527\" title=\"\" srcset=\"https:\/\/loudavymkrokem.cz\/wp-content\/uploads\/2026\/08\/pisek-hernajs-hernicka-az-na-pudu.jpg 2200w, https:\/\/loudavymkrokem.cz\/wp-content\/uploads\/2026\/08\/pisek-hernajs-hernicka-az-na-pudu-300x198.jpg 300w, https:\/\/loudavymkrokem.cz\/wp-content\/uploads\/2026\/08\/pisek-hernajs-hernicka-az-na-pudu-700x463.jpg 700w, https:\/\/loudavymkrokem.cz\/wp-content\/uploads\/2026\/08\/pisek-hernajs-hernicka-az-na-pudu-768x508.jpg 768w, https:\/\/loudavymkrokem.cz\/wp-content\/uploads\/2026\/08\/pisek-hernajs-hernicka-az-na-pudu-1536x1016.jpg 1536w, https:\/\/loudavymkrokem.cz\/wp-content\/uploads\/2026\/08\/pisek-hernajs-hernicka-az-na-pudu-2048x1354.jpg 2048w, https:\/\/loudavymkrokem.cz\/wp-content\/uploads\/2026\/08\/pisek-hernajs-hernicka-az-na-pudu-696x460.jpg 696w, https:\/\/loudavymkrokem.cz\/wp-content\/uploads\/2026\/08\/pisek-hernajs-hernicka-az-na-pudu-1392x921.jpg 1392w, https:\/\/loudavymkrokem.cz\/wp-content\/uploads\/2026\/08\/pisek-hernajs-hernicka-az-na-pudu-1920x1270.jpg 1920w\" sizes=\"(max-width: 2200px) 100vw, 2200px\" \/><button\n\t\t\tclass=\"lightbox-trigger\"\n\t\t\ttype=\"button\"\n\t\t\taria-haspopup=\"dialog\"\n\t\t\tdata-wp-bind--aria-label=\"state.thisImage.triggerButtonAriaLabel\"\n\t\t\tdata-wp-init=\"callbacks.initTriggerButton\"\n\t\t\tdata-wp-on--click=\"actions.showLightbox\"\n\t\t\tdata-wp-style--right=\"state.thisImage.buttonRight\"\n\t\t\tdata-wp-style--top=\"state.thisImage.buttonTop\"\n\t\t>\n\t\t\t<svg xmlns=\"http:\/\/www.w3.org\/2000\/svg\" width=\"12\" height=\"12\" fill=\"none\" viewBox=\"0 0 12 12\">\n\t\t\t\t<path fill=\"#fff\" d=\"M2 0a2 2 0 0 0-2 2v2h1.5V2a.5.5 0 0 1 .5-.5h2V0H2Zm2 10.5H2a.5.5 0 0 1-.5-.5V8H0v2a2 2 0 0 0 2 2h2v-1.5ZM8 12v-1.5h2a.5.5 0 0 0 .5-.5V8H12v2a2 2 0 0 1-2 2H8Zm2-12a2 2 0 0 1 2 2v2h-1.5V2a.5.5 0 0 0-.5-.5H8V0h2Z\" \/>\n\t\t\t<\/svg>\n\t\t<\/button><\/figure>\n\n\n\n<p class=\"wp-block-paragraph\">O <strong><a href=\"https:\/\/www.instagram.com\/her.najs\/\" target=\"_blank\" data-type=\"link\" data-id=\"https:\/\/www.instagram.com\/her.najs\/\" rel=\"noreferrer noopener\">Hernajs<\/a><\/strong> voc\u00ea encontra na rua Jungmannova, no mesmo pr\u00e9dio do caf\u00e9 <strong>A\u017e na p\u016fdu<\/strong>. T\u00eam entrada em comum, mas <strong>o espa\u00e7o de brincar n\u00e3o faz parte do caf\u00e9<\/strong> \u2014 \u00e9 um estabelecimento independente no andar de cima e voc\u00ea s\u00f3 pode levar o caf\u00e9 at\u00e9 onde est\u00e3o as crian\u00e7as. \u00c9 pequeno e n\u00e3o h\u00e1 espa\u00e7o para correr, ent\u00e3o serve principalmente para beb\u00eas de at\u00e9 uns dois anos. Sobre oficinas e brincadeiras sensoriais eles informam no Instagram, mas a programa\u00e7\u00e3o muda demais e muitas vezes acaba n\u00e3o acontecendo.<\/p>\n\n\n\n<h3 class=\"wp-block-heading\"><span class=\"ez-toc-section\" id=\"Mini_Academy\"><\/span>Mini Academy<span class=\"ez-toc-section-end\"><\/span><\/h3>\n\n\n\n<p class=\"wp-block-paragraph\">Um <strong><a href=\"https:\/\/miniacademy.cz\/?gad_source=1&amp;gad_campaignid=22872992318&amp;gbraid=0AAAABAVHf7aeYOGgZ9GHDcgoWE_YHNW6K&amp;gclid=Cj0KCQjw1ZjOBhCmARIsADDuFTAF61N7iieFbWaKkfCkX_axM0q7-K4YjE_rgSqdVOEvNxjLs5s5jeMaAh7MEALw_wcB\" target=\"_blank\" data-type=\"link\" data-id=\"https:\/\/miniacademy.cz\/?gad_source=1&amp;gad_campaignid=22872992318&amp;gbraid=0AAAABAVHf7aeYOGgZ9GHDcgoWE_YHNW6K&amp;gclid=Cj0KCQjw1ZjOBhCmARIsADDuFTAF61N7iieFbWaKkfCkX_axM0q7-K4YjE_rgSqdVOEvNxjLs5s5jeMaAh7MEALw_wcB\" rel=\"noreferrer noopener\">centro infantil<\/a><\/strong> que oferece brincadeiras sensoriais, ingl\u00eas para os menorzinhos, exerc\u00edcios com beb\u00eas e at\u00e9 uma minidiscoteca. A programa\u00e7\u00e3o muda, ent\u00e3o vale a pena acompanhar o site deles. Para os pais com crian\u00e7as pequenas \u00e9 uma salva\u00e7\u00e3o, e voc\u00ea ainda encontra outras fam\u00edlias de P\u00edsek.<\/p>\n\n\n\n<h3 class=\"wp-block-heading\"><span class=\"ez-toc-section\" id=\"Parquinho_de_transito_junto_a_Sao_Venceslau\"><\/span>Parquinho de tr\u00e2nsito junto \u00e0 S\u00e3o Venceslau<span class=\"ez-toc-section-end\"><\/span><\/h3>\n\n\n\n<figure data-wp-context=\"{&quot;imageId&quot;:&quot;6a9563369dfeb&quot;}\" data-wp-interactive=\"core\/image\" data-wp-key=\"6a9563369dfeb\" class=\"wp-block-image size-full wp-lightbox-container\"><img decoding=\"async\" width=\"1024\" height=\"461\" data-wp-class--hide=\"state.isContentHidden\" data-wp-class--show=\"state.isContentVisible\" data-wp-init=\"callbacks.setButtonStyles\" data-wp-on--click=\"actions.showLightbox\" data-wp-on--load=\"callbacks.setButtonStyles\" data-wp-on--pointerdown=\"actions.preloadImage\" data-wp-on--pointerenter=\"actions.preloadImageWithDelay\" data-wp-on--pointerleave=\"actions.cancelPreload\" data-wp-on-window--resize=\"callbacks.setButtonStyles\" src=\"https:\/\/loudavymkrokem.cz\/wp-content\/uploads\/2026\/08\/dopravni-hriste-u-sv-vaclava-pisek.jpg\" alt=\"Parquinho de tr\u00e2nsito infantil junto \u00e0 S\u00e3o Venceslau em P\u00edsek ap\u00f3s reforma\" class=\"wp-image-399632\" title=\"\" srcset=\"https:\/\/loudavymkrokem.cz\/wp-content\/uploads\/2026\/08\/dopravni-hriste-u-sv-vaclava-pisek.jpg 1024w, https:\/\/loudavymkrokem.cz\/wp-content\/uploads\/2026\/08\/dopravni-hriste-u-sv-vaclava-pisek-300x135.jpg 300w, https:\/\/loudavymkrokem.cz\/wp-content\/uploads\/2026\/08\/dopravni-hriste-u-sv-vaclava-pisek-700x315.jpg 700w, https:\/\/loudavymkrokem.cz\/wp-content\/uploads\/2026\/08\/dopravni-hriste-u-sv-vaclava-pisek-768x346.jpg 768w, https:\/\/loudavymkrokem.cz\/wp-content\/uploads\/2026\/08\/dopravni-hriste-u-sv-vaclava-pisek-696x313.jpg 696w\" sizes=\"(max-width: 1024px) 100vw, 1024px\" \/><button\n\t\t\tclass=\"lightbox-trigger\"\n\t\t\ttype=\"button\"\n\t\t\taria-haspopup=\"dialog\"\n\t\t\tdata-wp-bind--aria-label=\"state.thisImage.triggerButtonAriaLabel\"\n\t\t\tdata-wp-init=\"callbacks.initTriggerButton\"\n\t\t\tdata-wp-on--click=\"actions.showLightbox\"\n\t\t\tdata-wp-style--right=\"state.thisImage.buttonRight\"\n\t\t\tdata-wp-style--top=\"state.thisImage.buttonTop\"\n\t\t>\n\t\t\t<svg xmlns=\"http:\/\/www.w3.org\/2000\/svg\" width=\"12\" height=\"12\" fill=\"none\" viewBox=\"0 0 12 12\">\n\t\t\t\t<path fill=\"#fff\" d=\"M2 0a2 2 0 0 0-2 2v2h1.5V2a.5.5 0 0 1 .5-.5h2V0H2Zm2 10.5H2a.5.5 0 0 1-.5-.5V8H0v2a2 2 0 0 0 2 2h2v-1.5ZM8 12v-1.5h2a.5.5 0 0 0 .5-.5V8H12v2a2 2 0 0 1-2 2H8Zm2-12a2 2 0 0 1 2 2v2h-1.5V2a.5.5 0 0 0-.5-.5H8V0h2Z\" \/>\n\t\t\t<\/svg>\n\t\t<\/button><\/figure>\n\n\n\n<p class=\"wp-block-paragraph\">Junto \u00e0 piscina voc\u00ea encontra um parquinho de tr\u00e2nsito reformado, com sem\u00e1foros, rotat\u00f3ria e tudo o que os pequenos motoristas precisam. As crian\u00e7as aprendem as regras de tr\u00e2nsito enquanto se divertem. E como tem tamb\u00e9m o <strong>YEZ Caf\u00e9<\/strong>, com caixa de areia para os menorzinhos, voc\u00ea come com calma enquanto isso e os irm\u00e3os mais novos se entret\u00eam tamb\u00e9m. Pr\u00e1tico, divertido, funcional.<\/p>\n\n\n\n<h3 class=\"wp-block-heading\"><span class=\"ez-toc-section\" id=\"Nase_zviratka_Putim_minizoo_gratuito\"><\/span>Na\u0161e zv\u00ed\u0159\u00e1tka Putim: minizoo gratuito<span class=\"ez-toc-section-end\"><\/span><\/h3>\n\n\n\n<figure data-wp-context=\"{&quot;imageId&quot;:&quot;6a9563369e53f&quot;}\" data-wp-interactive=\"core\/image\" data-wp-key=\"6a9563369e53f\" class=\"wp-block-image size-full wp-lightbox-container\"><img decoding=\"async\" width=\"1000\" height=\"563\" data-wp-class--hide=\"state.isContentHidden\" data-wp-class--show=\"state.isContentVisible\" data-wp-init=\"callbacks.setButtonStyles\" data-wp-on--click=\"actions.showLightbox\" data-wp-on--load=\"callbacks.setButtonStyles\" data-wp-on--pointerdown=\"actions.preloadImage\" data-wp-on--pointerenter=\"actions.preloadImageWithDelay\" data-wp-on--pointerleave=\"actions.cancelPreload\" data-wp-on-window--resize=\"callbacks.setButtonStyles\" src=\"https:\/\/loudavymkrokem.cz\/wp-content\/uploads\/2026\/08\/nase-zviratka-putim-klokan.jpg\" alt=\"Canguru no minizoo Na\u0161e zv\u00ed\u0159\u00e1tka em Putim\" class=\"wp-image-399583\" title=\"\" srcset=\"https:\/\/loudavymkrokem.cz\/wp-content\/uploads\/2026\/08\/nase-zviratka-putim-klokan.jpg 1000w, https:\/\/loudavymkrokem.cz\/wp-content\/uploads\/2026\/08\/nase-zviratka-putim-klokan-300x169.jpg 300w, https:\/\/loudavymkrokem.cz\/wp-content\/uploads\/2026\/08\/nase-zviratka-putim-klokan-700x394.jpg 700w, https:\/\/loudavymkrokem.cz\/wp-content\/uploads\/2026\/08\/nase-zviratka-putim-klokan-768x432.jpg 768w, https:\/\/loudavymkrokem.cz\/wp-content\/uploads\/2026\/08\/nase-zviratka-putim-klokan-696x392.jpg 696w\" sizes=\"(max-width: 1000px) 100vw, 1000px\" \/><button\n\t\t\tclass=\"lightbox-trigger\"\n\t\t\ttype=\"button\"\n\t\t\taria-haspopup=\"dialog\"\n\t\t\tdata-wp-bind--aria-label=\"state.thisImage.triggerButtonAriaLabel\"\n\t\t\tdata-wp-init=\"callbacks.initTriggerButton\"\n\t\t\tdata-wp-on--click=\"actions.showLightbox\"\n\t\t\tdata-wp-style--right=\"state.thisImage.buttonRight\"\n\t\t\tdata-wp-style--top=\"state.thisImage.buttonTop\"\n\t\t>\n\t\t\t<svg xmlns=\"http:\/\/www.w3.org\/2000\/svg\" width=\"12\" height=\"12\" fill=\"none\" viewBox=\"0 0 12 12\">\n\t\t\t\t<path fill=\"#fff\" d=\"M2 0a2 2 0 0 0-2 2v2h1.5V2a.5.5 0 0 1 .5-.5h2V0H2Zm2 10.5H2a.5.5 0 0 1-.5-.5V8H0v2a2 2 0 0 0 2 2h2v-1.5ZM8 12v-1.5h2a.5.5 0 0 0 .5-.5V8H12v2a2 2 0 0 1-2 2H8Zm2-12a2 2 0 0 1 2 2v2h-1.5V2a.5.5 0 0 0-.5-.5H8V0h2Z\" \/>\n\t\t\t<\/svg>\n\t\t<\/button><\/figure>\n\n\n\n<p class=\"wp-block-paragraph\">Esta \u00e9 a minha dica favorita para as crian\u00e7as menorzinhas. Em Putim, a <strong>dez minutos de carro de P\u00edsek<\/strong>, funciona o minizoo familiar Na\u0161e zv\u00ed\u0159\u00e1tka, onde voc\u00ea encontra cangurus, suricatas, cabras, aves de rapina e um corvo que fala, al\u00e9m de um parquinho retr\u00f4 com balan\u00e7os e caixa de areia. E agora o melhor: <strong>a entrada \u00e9 gratuita<\/strong>, paga-se apenas uma contribui\u00e7\u00e3o volunt\u00e1ria no cofrinho (recomendam de R$ 12 a R$ 25 \/ 50 a 100 K\u010d), aberto todos os dias das 9h \u00e0s 19h.<\/p>\n\n\n\n<p class=\"wp-block-paragraph\">\ud83d\udca1 <strong>Dica:<\/strong> junte isso a um passeio por Putim, a vila famosa pelo personagem \u0160vejk. E se seus filhos sonham com cavalos, um pouco fora de P\u00edsek, em Smrkovice, fica a <strong>Baia Merlin<\/strong>, onde d\u00e1 para combinar um passeio de p\u00f4nei ou uma caminhada com lhama ou alpaca. S\u00f3 ligue antes, tudo aqui funciona por agendamento e os pre\u00e7os s\u00e3o sob consulta.<\/p>\n\n\n\n<h3 class=\"wp-block-heading\"><span class=\"ez-toc-section\" id=\"Piscina_junto_a_Sao_Venceslau_banho_com_vista_para_o_Otava\"><\/span>Piscina junto \u00e0 S\u00e3o Venceslau: banho com vista para o Otava<span class=\"ez-toc-section-end\"><\/span><\/h3>\n\n\n\n<p class=\"wp-block-paragraph\">Quando faz calor, as fam\u00edlias de P\u00edsek v\u00e3o para a piscina junto \u00e0 S\u00e3o Venceslau, que funciona aqui h\u00e1 mais de 75 anos. \u00c9 um cl\u00e1ssico \u00e0 beira do rio: <strong>piscina infantil com escorregador, chapinha<\/strong> e, quem quiser, nada direto no Otava. Os adultos pagam <strong>R$ 22 por dia (90 K\u010d)<\/strong>, crian\u00e7as at\u00e9 140 cm R$ 15 (60 K\u010d) e o ingresso fam\u00edlia sai por R$ 55 (225 K\u010d), o que acho mais do que justo. Al\u00e9m disso, no local voc\u00ea aluga um barquinho por cerca de R$ 25 (100 K\u010d) a hora e a lanchonete fica bem junto \u00e0 \u00e1gua.<\/p>\n\n\n\n<h3 class=\"wp-block-heading\"><span class=\"ez-toc-section\" id=\"De_barco_pelo_Otava_canoagem_ate_para_familias\"><\/span>De barco pelo Otava: canoagem at\u00e9 para fam\u00edlias<span class=\"ez-toc-section-end\"><\/span><\/h3>\n\n\n\n<p class=\"wp-block-paragraph\">O Otava em torno de P\u00edsek \u00e9 um rio calmo e lento, ideal para as primeiras tentativas de canoagem com crian\u00e7as. As locadoras levam os barcos de gra\u00e7a direto at\u00e9 P\u00edsek, uma <strong>canoa familiar para dois adultos e duas crian\u00e7as custa cerca de R$ 190 por dia (750 K\u010d)<\/strong>, um raft grande para seis pessoas cerca de R$ 390 (1.550 K\u010d), e no pre\u00e7o est\u00e3o inclu\u00eddos coletes, barris e remos. Voc\u00ea n\u00e3o precisa planejar logo uma expedi\u00e7\u00e3o de dia inteiro, as locadoras oferecem tamb\u00e9m <strong>passeios curtos de tarde, de uma hora e meia a tr\u00eas horas<\/strong>, e indicam o trecho certo conforme o n\u00edvel atual da \u00e1gua.<\/p>\n\n\n\n<h3 class=\"wp-block-heading\"><span class=\"ez-toc-section\" id=\"Zemeraj_junto_a_Kovarov_um_dia_na_Alta_Idade_Media\"><\/span>Zem\u011br\u00e1j junto a Kov\u00e1\u0159ov: um dia na Alta Idade M\u00e9dia<span class=\"ez-toc-section-end\"><\/span><\/h3>\n\n\n\n<figure data-wp-context=\"{&quot;imageId&quot;:&quot;6a9563369ef1a&quot;}\" data-wp-interactive=\"core\/image\" data-wp-key=\"6a9563369ef1a\" class=\"wp-block-image size-full wp-lightbox-container\"><img decoding=\"async\" width=\"1400\" height=\"550\" data-wp-class--hide=\"state.isContentHidden\" data-wp-class--show=\"state.isContentVisible\" data-wp-init=\"callbacks.setButtonStyles\" data-wp-on--click=\"actions.showLightbox\" data-wp-on--load=\"callbacks.setButtonStyles\" data-wp-on--pointerdown=\"actions.preloadImage\" data-wp-on--pointerenter=\"actions.preloadImageWithDelay\" data-wp-on--pointerleave=\"actions.cancelPreload\" data-wp-on-window--resize=\"callbacks.setButtonStyles\" src=\"https:\/\/loudavymkrokem.cz\/wp-content\/uploads\/2026\/08\/zemeraj-kovarov-lidova-staveni.jpg\" alt=\"Constru\u00e7\u00f5es populares no parque de experi\u00eancias Zem\u011br\u00e1j junto a Kov\u00e1\u0159ov\" class=\"wp-image-399579\" title=\"\" srcset=\"https:\/\/loudavymkrokem.cz\/wp-content\/uploads\/2026\/08\/zemeraj-kovarov-lidova-staveni.jpg 1400w, https:\/\/loudavymkrokem.cz\/wp-content\/uploads\/2026\/08\/zemeraj-kovarov-lidova-staveni-300x118.jpg 300w, https:\/\/loudavymkrokem.cz\/wp-content\/uploads\/2026\/08\/zemeraj-kovarov-lidova-staveni-700x275.jpg 700w, https:\/\/loudavymkrokem.cz\/wp-content\/uploads\/2026\/08\/zemeraj-kovarov-lidova-staveni-768x302.jpg 768w, https:\/\/loudavymkrokem.cz\/wp-content\/uploads\/2026\/08\/zemeraj-kovarov-lidova-staveni-696x273.jpg 696w, https:\/\/loudavymkrokem.cz\/wp-content\/uploads\/2026\/08\/zemeraj-kovarov-lidova-staveni-1392x547.jpg 1392w\" sizes=\"(max-width: 1400px) 100vw, 1400px\" \/><button\n\t\t\tclass=\"lightbox-trigger\"\n\t\t\ttype=\"button\"\n\t\t\taria-haspopup=\"dialog\"\n\t\t\tdata-wp-bind--aria-label=\"state.thisImage.triggerButtonAriaLabel\"\n\t\t\tdata-wp-init=\"callbacks.initTriggerButton\"\n\t\t\tdata-wp-on--click=\"actions.showLightbox\"\n\t\t\tdata-wp-style--right=\"state.thisImage.buttonRight\"\n\t\t\tdata-wp-style--top=\"state.thisImage.buttonTop\"\n\t\t>\n\t\t\t<svg xmlns=\"http:\/\/www.w3.org\/2000\/svg\" width=\"12\" height=\"12\" fill=\"none\" viewBox=\"0 0 12 12\">\n\t\t\t\t<path fill=\"#fff\" d=\"M2 0a2 2 0 0 0-2 2v2h1.5V2a.5.5 0 0 1 .5-.5h2V0H2Zm2 10.5H2a.5.5 0 0 1-.5-.5V8H0v2a2 2 0 0 0 2 2h2v-1.5ZM8 12v-1.5h2a.5.5 0 0 0 .5-.5V8H12v2a2 2 0 0 1-2 2H8Zm2-12a2 2 0 0 1 2 2v2h-1.5V2a.5.5 0 0 0-.5-.5H8V0h2Z\" \/>\n\t\t\t<\/svg>\n\t\t<\/button><\/figure>\n\n\n\n<p class=\"wp-block-paragraph\">Para este passeio reserve o dia inteiro. O parque de experi\u00eancias <strong>Zem\u011br\u00e1j<\/strong>, junto a Kov\u00e1\u0159ov (cerca de 35 minutos de carro em dire\u00e7\u00e3o a Milevsko), \u00e9 um museu ao ar livre vivo de uma vila do in\u00edcio da Idade M\u00e9dia, onde as crian\u00e7as mexem em tudo: m\u00f3i-se gr\u00e3o, testam-se of\u00edcios da \u00e9poca e, ainda, h\u00e1 uma <strong>trilha de um quil\u00f4metro para fazer descal\u00e7o<\/strong>, um playground aqu\u00e1tico, labirinto e mais de uma centena de jogos e enigmas espalhados pelo complexo.<\/p>\n\n\n\n<p class=\"wp-block-paragraph\">O ingresso \u00e9 <strong>R$ 47 para adultos e R$ 42 para crian\u00e7as a partir de 2 anos (190 e 170 K\u010d)<\/strong>, crian\u00e7as menores n\u00e3o pagam e o estacionamento tamb\u00e9m \u00e9 gratuito. Aberto de maio ao fim de setembro, durante as f\u00e9rias todos os dias das 9h30 \u00e0s 18h30, fora das f\u00e9rias principalmente aos fins de semana. \ud83d\udca1 <strong>Dica:<\/strong> para a trilha descal\u00e7a leve uma toalha para enxaguar os p\u00e9s, voc\u00ea vai querer.<\/p>\n\n\n\n<h3 class=\"wp-block-heading\"><span class=\"ez-toc-section\" id=\"De_trenzinho_Elinka_pela_ponte_Duha\"><\/span>De trenzinho Elinka pela ponte Duha<span class=\"ez-toc-section-end\"><\/span><\/h3>\n\n\n\n<p class=\"wp-block-paragraph\">Este \u00e9 um xod\u00f3 para pequenos e grandes f\u00e3s de trens. Nos s\u00e1bados das f\u00e9rias, parte no trajeto de T\u00e1bor a Bechyn\u011b o hist\u00f3rico bonde el\u00e9trico <strong>Elinka, de 1903<\/strong>, o mais antigo do g\u00eanero na Ch\u00e9quia, junto com a bela locomotiva Bobinka. O trajeto, ali\u00e1s, \u00e9 not\u00e1vel, \u00e9 a primeira ferrovia eletrificada do pa\u00eds e o trem, pelo caminho, atravessa tamb\u00e9m a famosa <strong>ponte Arco-\u00edris de Bechyn\u011b<\/strong>.<\/p>\n\n\n\n<p class=\"wp-block-paragraph\">De P\u00edsek, o mais c\u00f4modo \u00e9 ir at\u00e9 Bechyn\u011b (meia hora de carro) e embarcar nos hor\u00e1rios de volta, por volta das 11h25 e 15h25. A passagem custa <strong>R$ 50 para adultos e R$ 25 para crian\u00e7as (200 e 100 K\u010d)<\/strong> de 6 a 15 anos. Confira as datas e hor\u00e1rios atuais antes da viagem com a companhia ferrovi\u00e1ria tcheca (\u010cesk\u00e9 dr\u00e1hy), pois eles podem variar um pouco a cada ano.<\/p>\n\n\n\n<h2 class=\"wp-block-heading\"><span class=\"ez-toc-section\" id=\"O_que_fazer_em_Pisek_quando_chove\"><\/span>O que fazer em P\u00edsek quando chove<span class=\"ez-toc-section-end\"><\/span><\/h2>\n\n\n\n<figure data-wp-context=\"{&quot;imageId&quot;:&quot;6a9563369f6a7&quot;}\" data-wp-interactive=\"core\/image\" data-wp-key=\"6a9563369f6a7\" class=\"wp-block-image size-full wp-lightbox-container\"><img decoding=\"async\" width=\"2200\" height=\"1467\" data-wp-class--hide=\"state.isContentHidden\" data-wp-class--show=\"state.isContentVisible\" data-wp-init=\"callbacks.setButtonStyles\" data-wp-on--click=\"actions.showLightbox\" data-wp-on--load=\"callbacks.setButtonStyles\" data-wp-on--pointerdown=\"actions.preloadImage\" data-wp-on--pointerenter=\"actions.preloadImageWithDelay\" data-wp-on--pointerleave=\"actions.cancelPreload\" data-wp-on-window--resize=\"callbacks.setButtonStyles\" src=\"https:\/\/loudavymkrokem.cz\/wp-content\/uploads\/2026\/08\/pisek-prachenske-muzeum-nadvori.jpg\" alt=\"P\u00e1tio do castelo de P\u00edsek com o Museu Pr\u00e1che\u0148sk\u00e9\" class=\"wp-image-399341\" title=\"\" srcset=\"https:\/\/loudavymkrokem.cz\/wp-content\/uploads\/2026\/08\/pisek-prachenske-muzeum-nadvori.jpg 2200w, https:\/\/loudavymkrokem.cz\/wp-content\/uploads\/2026\/08\/pisek-prachenske-muzeum-nadvori-300x200.jpg 300w, https:\/\/loudavymkrokem.cz\/wp-content\/uploads\/2026\/08\/pisek-prachenske-muzeum-nadvori-700x467.jpg 700w, https:\/\/loudavymkrokem.cz\/wp-content\/uploads\/2026\/08\/pisek-prachenske-muzeum-nadvori-768x512.jpg 768w, https:\/\/loudavymkrokem.cz\/wp-content\/uploads\/2026\/08\/pisek-prachenske-muzeum-nadvori-1536x1024.jpg 1536w, https:\/\/loudavymkrokem.cz\/wp-content\/uploads\/2026\/08\/pisek-prachenske-muzeum-nadvori-2048x1366.jpg 2048w, https:\/\/loudavymkrokem.cz\/wp-content\/uploads\/2026\/08\/pisek-prachenske-muzeum-nadvori-696x464.jpg 696w, https:\/\/loudavymkrokem.cz\/wp-content\/uploads\/2026\/08\/pisek-prachenske-muzeum-nadvori-1392x928.jpg 1392w, https:\/\/loudavymkrokem.cz\/wp-content\/uploads\/2026\/08\/pisek-prachenske-muzeum-nadvori-1920x1280.jpg 1920w\" sizes=\"(max-width: 2200px) 100vw, 2200px\" \/><button\n\t\t\tclass=\"lightbox-trigger\"\n\t\t\ttype=\"button\"\n\t\t\taria-haspopup=\"dialog\"\n\t\t\tdata-wp-bind--aria-label=\"state.thisImage.triggerButtonAriaLabel\"\n\t\t\tdata-wp-init=\"callbacks.initTriggerButton\"\n\t\t\tdata-wp-on--click=\"actions.showLightbox\"\n\t\t\tdata-wp-style--right=\"state.thisImage.buttonRight\"\n\t\t\tdata-wp-style--top=\"state.thisImage.buttonTop\"\n\t\t>\n\t\t\t<svg xmlns=\"http:\/\/www.w3.org\/2000\/svg\" width=\"12\" height=\"12\" fill=\"none\" viewBox=\"0 0 12 12\">\n\t\t\t\t<path fill=\"#fff\" d=\"M2 0a2 2 0 0 0-2 2v2h1.5V2a.5.5 0 0 1 .5-.5h2V0H2Zm2 10.5H2a.5.5 0 0 1-.5-.5V8H0v2a2 2 0 0 0 2 2h2v-1.5ZM8 12v-1.5h2a.5.5 0 0 0 .5-.5V8H12v2a2 2 0 0 1-2 2H8Zm2-12a2 2 0 0 1 2 2v2h-1.5V2a.5.5 0 0 0-.5-.5H8V0h2Z\" \/>\n\t\t\t<\/svg>\n\t\t<\/button><\/figure>\n\n\n\n<p class=\"wp-block-paragraph\">Um dia chuvoso em P\u00edsek n\u00e3o \u00e9 motivo para arrumar as malas. Na verdade, e digo isso com sinceridade, algumas das melhores experi\u00eancias daqui s\u00e3o justamente sob um teto. <strong>Aqui est\u00e1 uma lista de lugares onde se abrigar sem ter a sensa\u00e7\u00e3o de que est\u00e1 s\u00f3 matando tempo.<\/strong><\/p>\n\n\n\n<ul class=\"wp-block-list\">\n<li><strong>Sladovna<\/strong> \u2013 a escolha n\u00famero um, sem d\u00favida. Quatro andares de divers\u00e3o para a fam\u00edlia toda, tranquilamente voc\u00ea passa aqui uma manh\u00e3 e uma tarde inteiras.<\/li>\n\n\n\n<li><strong>Museu Pr\u00e1che\u0148sk\u00e9<\/strong> \u2013 castelo g\u00f3tico, cole\u00e7\u00f5es da pr\u00e9-hist\u00f3ria at\u00e9 a atualidade. Na chuva, aquela atmosfera fica ainda mais intensa.<\/li>\n\n\n\n<li><strong>Usina de K\u0159i\u017e\u00edk<\/strong> \u2013 aten\u00e7\u00e3o, no momento est\u00e1 <strong>fechada<\/strong> por causa da reforma. Mas fique de olho em quando ela reabre, porque vai valer a pena.<\/li>\n\n\n\n<li><strong>Caf\u00e9s<\/strong> \u2013 em P\u00edsek a cena de caf\u00e9s \u00e9 surpreendentemente rica. Escolha o <strong>Balz\u00e1m caf\u00e9<\/strong> para sentar com calma, o <strong>Sova na V\u011btvi<\/strong> para um caf\u00e9 excelente, o <strong>A\u017e na p\u016fdu<\/strong> para o caf\u00e9 da manh\u00e3 e sentar no p\u00e1tio, o <strong>Frame<\/strong> para design moderno e uma x\u00edcara de caf\u00e9 ou match\u00e1, o <strong>Travel Cafe<\/strong> (o nosso favorito, com jardim e caixa de areia) quando voc\u00ea quer viajar pelo menos com o pensamento e ainda tomar um bom brunch. Numa categoria \u00e0 parte est\u00e3o os espa\u00e7os de brincar, principalmente a <strong>My\u0161ka herna<\/strong>.<\/li>\n\n\n\n<li><strong>Restaurantes<\/strong> \u2013 um dia chuvoso \u00e9 uma \u00f3tima desculpa para um almo\u00e7o caprichado. Mais na se\u00e7\u00e3o sobre comida, abaixo.<\/li>\n\n\n\n<li><strong>Cinema Porty\u010d<\/strong> \u2013 n\u00e3o espere nenhum multiplex moderno com grande variedade de lanches, mas voc\u00ea assiste a um filme novo por um pre\u00e7o camarada.<\/li>\n\n\n\n<li><strong>Museu das M\u00e1scaras de Milevsko<\/strong> \u2013 meia hora de carro e voc\u00ea est\u00e1 no museu do mais antigo cortejo de carnaval da Ch\u00e9quia. As crian\u00e7as experimentam r\u00e9plicas de m\u00e1scaras, brincam com tablets e, na oficina, pintam a pr\u00f3pria m\u00e1scara. Ingresso R$ 15 \/ R$ 7,50 (60\/30 K\u010d), fam\u00edlia R$ 35 (140 K\u010d).<\/li>\n\n\n\n<li><strong>Parque aqu\u00e1tico de Hora\u017e\u010fovice<\/strong> \u2013 quarenta minutos de carro, mas em compensa\u00e7\u00e3o tem tobog\u00e3, rio r\u00e1pido, ondas e piscina infantil com navio pirata. O ingresso fam\u00edlia para duas horas sai por R$ 120 (490 K\u010d). Uma piscina coberta com tobog\u00e3 de 86 metros voc\u00ea encontra tamb\u00e9m mais perto, em Strakonice.<\/li>\n\n\n\n<li><strong>Est\u00e1dio de nata\u00e7\u00e3o + sauna a vapor<\/strong> \u2013 a piscina interna e a sauna a vapor funcionam, s\u00f3 a \u00e1rea externa est\u00e1 fechada agora (a cidade est\u00e1 construindo uma piscina totalmente nova). J\u00e1 que tem \u00e1gua l\u00e1 fora, fique pelo menos na \u00e1gua quente.<\/li>\n\n\n\n<li><strong>Harmony<\/strong> \u2013 ioga, pilates, academia, sauna, massagens. D\u00e1 para transformar um dia chuvoso num dia de wellness, n\u00e3o d\u00e1?<\/li>\n\n\n\n<li><strong>Puppy yoga na Mini Academy<\/strong> \u2013 ioga com filhotinhos. Sim, voc\u00ea leu certo. Ioga. Com. Filhotinhos. Preciso dizer mais? \ud83d\ude05<\/li>\n<\/ul>\n\n\n\n<h2 class=\"wp-block-heading\"><span class=\"ez-toc-section\" id=\"Onde_estacionar_em_Pisek\"><\/span>Onde estacionar em P\u00edsek<span class=\"ez-toc-section-end\"><\/span><\/h2>\n\n\n\n<p class=\"wp-block-paragraph\">Estacionar em P\u00edsek pode \u00e0s vezes ser um quebra-cabe\u00e7a, e \u00e9 bom saber algumas coisas de antem\u00e3o para n\u00e3o ficar rodando pelo centro \u00e0 toa. A cidade tem tr\u00eas faixas de pre\u00e7o e o sistema \u00e9 claro.<\/p>\n\n\n\n<p class=\"wp-block-paragraph\"><strong>Faixa I (centro):<\/strong><\/p>\n\n\n\n<ul class=\"wp-block-list\">\n<li>1\u00aa hora: R$ 5 (20 K\u010d)<\/li>\n\n\n\n<li>2\u00aa hora: R$ 7,50 (30 K\u010d)<\/li>\n\n\n\n<li>Cada hora seguinte: R$ 15 (60 K\u010d)<\/li>\n<\/ul>\n\n\n\n<p class=\"wp-block-paragraph\"><strong>Faixa II (centro ampliado):<\/strong><\/p>\n\n\n\n<ul class=\"wp-block-list\">\n<li>1\u00aa\u20132\u00aa hora: R$ 2,50 (10 K\u010d)<\/li>\n\n\n\n<li>Cada hora seguinte: R$ 7,50 (30 K\u010d)<\/li>\n<\/ul>\n\n\n\n<p class=\"wp-block-paragraph\"><strong>Faixa III (periferia):<\/strong><\/p>\n\n\n\n<ul class=\"wp-block-list\">\n<li>R$ 2,50\/hora (10 K\u010d)<\/li>\n<\/ul>\n\n\n\n<p class=\"wp-block-paragraph\"><strong>Nos feriados nacionais o estacionamento \u00e9 gratuito em toda parte e aos domingos em quase toda parte<\/strong>, com exce\u00e7\u00e3o da Pra\u00e7a Grande, onde se paga todos os dias.<\/p>\n\n\n\n<p class=\"wp-block-paragraph\">Voc\u00ea pode pagar pelo aplicativo <strong>MPLA<\/strong>, que \u00e9 provavelmente a op\u00e7\u00e3o mais c\u00f4moda. Nada de procurar moedas, nada de correr at\u00e9 o parqu\u00edmetro.<\/p>\n\n\n\n<p class=\"wp-block-paragraph\"><strong>Minha dica:<\/strong> se voc\u00ea vem por mais tempo, estacione no <strong>centro de exposi\u00e7\u00f5es<\/strong> ou <strong>junto \u00e0 casa de cultura<\/strong> \u2013 \u00e9 pertinho do centro, a faixa \u00e9 mais barata e costuma ter vaga. Alguns minutos de caminhada n\u00e3o te fazem mal e a carteira agradece. Se voc\u00ea <strong>estacionar junto ao gin\u00e1sio esportivo Elim<\/strong>, \u00e9 totalmente de gra\u00e7a.<\/p>\n\n\n\n<h2 class=\"wp-block-heading\"><span class=\"ez-toc-section\" id=\"Onde_comer_e_beber_bem_em_Pisek\"><\/span>Onde comer e beber bem em P\u00edsek<span class=\"ez-toc-section-end\"><\/span><\/h2>\n\n\n\n<figure data-wp-context=\"{&quot;imageId&quot;:&quot;6a956336a0124&quot;}\" data-wp-interactive=\"core\/image\" data-wp-key=\"6a956336a0124\" class=\"wp-block-image size-full wp-lightbox-container\"><img decoding=\"async\" width=\"2200\" height=\"1467\" data-wp-class--hide=\"state.isContentHidden\" data-wp-class--show=\"state.isContentVisible\" data-wp-init=\"callbacks.setButtonStyles\" data-wp-on--click=\"actions.showLightbox\" data-wp-on--load=\"callbacks.setButtonStyles\" data-wp-on--pointerdown=\"actions.preloadImage\" data-wp-on--pointerenter=\"actions.preloadImageWithDelay\" data-wp-on--pointerleave=\"actions.cancelPreload\" data-wp-on-window--resize=\"callbacks.setButtonStyles\" src=\"https:\/\/loudavymkrokem.cz\/wp-content\/uploads\/2026\/08\/pisek-namesticko-zahradky.jpg\" alt=\"Pracinha no centro de P\u00edsek com jardins de ver\u00e3o dos bares\" class=\"wp-image-399382\" title=\"\" srcset=\"https:\/\/loudavymkrokem.cz\/wp-content\/uploads\/2026\/08\/pisek-namesticko-zahradky.jpg 2200w, https:\/\/loudavymkrokem.cz\/wp-content\/uploads\/2026\/08\/pisek-namesticko-zahradky-300x200.jpg 300w, https:\/\/loudavymkrokem.cz\/wp-content\/uploads\/2026\/08\/pisek-namesticko-zahradky-700x467.jpg 700w, https:\/\/loudavymkrokem.cz\/wp-content\/uploads\/2026\/08\/pisek-namesticko-zahradky-768x512.jpg 768w, https:\/\/loudavymkrokem.cz\/wp-content\/uploads\/2026\/08\/pisek-namesticko-zahradky-1536x1024.jpg 1536w, https:\/\/loudavymkrokem.cz\/wp-content\/uploads\/2026\/08\/pisek-namesticko-zahradky-2048x1366.jpg 2048w, https:\/\/loudavymkrokem.cz\/wp-content\/uploads\/2026\/08\/pisek-namesticko-zahradky-696x464.jpg 696w, https:\/\/loudavymkrokem.cz\/wp-content\/uploads\/2026\/08\/pisek-namesticko-zahradky-1392x928.jpg 1392w, https:\/\/loudavymkrokem.cz\/wp-content\/uploads\/2026\/08\/pisek-namesticko-zahradky-1920x1280.jpg 1920w\" sizes=\"(max-width: 2200px) 100vw, 2200px\" \/><button\n\t\t\tclass=\"lightbox-trigger\"\n\t\t\ttype=\"button\"\n\t\t\taria-haspopup=\"dialog\"\n\t\t\tdata-wp-bind--aria-label=\"state.thisImage.triggerButtonAriaLabel\"\n\t\t\tdata-wp-init=\"callbacks.initTriggerButton\"\n\t\t\tdata-wp-on--click=\"actions.showLightbox\"\n\t\t\tdata-wp-style--right=\"state.thisImage.buttonRight\"\n\t\t\tdata-wp-style--top=\"state.thisImage.buttonTop\"\n\t\t>\n\t\t\t<svg xmlns=\"http:\/\/www.w3.org\/2000\/svg\" width=\"12\" height=\"12\" fill=\"none\" viewBox=\"0 0 12 12\">\n\t\t\t\t<path fill=\"#fff\" d=\"M2 0a2 2 0 0 0-2 2v2h1.5V2a.5.5 0 0 1 .5-.5h2V0H2Zm2 10.5H2a.5.5 0 0 1-.5-.5V8H0v2a2 2 0 0 0 2 2h2v-1.5ZM8 12v-1.5h2a.5.5 0 0 0 .5-.5V8H12v2a2 2 0 0 1-2 2H8Zm2-12a2 2 0 0 1 2 2v2h-1.5V2a.5.5 0 0 0-.5-.5H8V0h2Z\" \/>\n\t\t\t<\/svg>\n\t\t<\/button><\/figure>\n\n\n\n<p class=\"wp-block-paragraph\">P\u00edsek \u00e9 uma cidade onde se come e se bebe surpreendentemente bem. Nenhum deserto gastron\u00f4mico, como algu\u00e9m poderia esperar de uma cidade deste tamanho. Aqui est\u00e3o os <strong>estabelecimentos aonde gostamos de ir em P\u00edsek<\/strong>, e como meu marido e eu somos os dois vegetarianos, escrevo principalmente sobre o que n\u00f3s pedimos.<\/p>\n\n\n\n<p class=\"wp-block-paragraph\"><strong>Nossos quatro pontos fixos para comer:<\/strong><\/p>\n\n\n\n<ul class=\"wp-block-list\">\n<li><strong>Tandoor<\/strong> (Heydukova 172\/10) \u2013 restaurante indiano escondido numa passagem da rua Heydukova para o parque Palack\u00e9ho sady, entrada pela escada. Cozinheiros nepaleses, verdadeiro forno tandoor e \u00f3tima oferta vegetariana: <strong>palak paneer, daal makhani ou channa masala em torno de R$ 45 (175 K\u010d)<\/strong>, al\u00e9m de naan fresquinho por R$ 14 (55 K\u010d). Domingo fica fechado.<\/li>\n\n\n\n<li><strong>Do Nebe<\/strong> (Palack\u00e9ho sady 68\/9) \u2013 <strong>restaurante sem gl\u00faten<\/strong>, que hoje se apresenta como steakhouse, mas a maior parte do card\u00e1pio \u00e9 naturalmente sem gl\u00faten e, para cel\u00edacos, \u00e9 o endere\u00e7o n\u00famero um de P\u00edsek. Mas o menu est\u00e1 sempre mudando, ent\u00e3o nunca sei de antem\u00e3o se n\u00f3s, como vegetarianos, vamos comer bem \u2014 \u00e0s vezes t\u00eam algo sem carne e ent\u00e3o gostamos de vir. O menu do dia sai por R$ 13\u201362 (54\u2013249 K\u010d). Jardim no parque, um parquinho pequeno ao lado, domingo fechado.<\/li>\n\n\n\n<li><strong>Pizzeria San Marco<\/strong> (Velk\u00e9 n\u00e1m\u011bst\u00ed 118\/11) \u2013 restaurante italiano bem na pra\u00e7a, com dono italiano, forno a lenha e massas caseiras. Margherita, quattro formaggi, lasanha e tiramis\u00f9; conte com <strong>R$ 50\u201375 por pessoa (200\u2013300 K\u010d)<\/strong>.<\/li>\n\n\n\n<li><strong>Pomodoro Ristorante Italiano<\/strong> (Bakal\u00e1\u0159e 147\/3) \u2013 o segundo italiano, desta vez bem junto \u00e0 Igreja da Natividade da Virgem Maria. Massas pr\u00f3prias, nhoque, pesto e sorvete, no ver\u00e3o terra\u00e7o com sorveteria. Quando o San Marco est\u00e1 lotado, aqui costuma estar mais tranquilo.<\/li>\n<\/ul>\n\n\n\n<p class=\"wp-block-paragraph\"><strong>Outros estabelecimentos que merecem men\u00e7\u00e3o:<\/strong><\/p>\n\n\n\n<ul class=\"wp-block-list\">\n<li><strong>Kozlovna u Plechandy<\/strong> (Svatotrojick\u00e1 164\/5) \u2013 cl\u00e1ssico tcheco com terra\u00e7o e vista para a Ponte de Pedra; no card\u00e1pio h\u00e1 tamb\u00e9m alguns pratos vegetarianos e t\u00eam cadeirinhas para crian\u00e7as. A especialidade local \u00e9 o sv\u00ed\u010dkov\u00e1 e o joelho de porco, sem reserva \u00e9 dif\u00edcil conseguir mesa na temporada.<\/li>\n\n\n\n<li><strong>Chapelle<\/strong>, no Hotel U Kapli\u010dky \u2013 cozinha moderna premiada no guia Michelin 2026, ambiente mais elegante, ideal para um jantar rom\u00e2ntico ou uma comemora\u00e7\u00e3o.<\/li>\n\n\n\n<li><strong>U Reiner\u016f<\/strong> (Palack\u00e9ho sady 98) \u2013 restaurante de 1844 com jardim no parque. Seus dias de gl\u00f3ria provavelmente j\u00e1 ficaram para tr\u00e1s, mas por uma Pilsen de chope e uma boa dose de hist\u00f3ria vale a parada.<\/li>\n\n\n\n<li><strong>Aura<\/strong> (Velk\u00e9 n\u00e1m\u011bst\u00ed 104) \u2013 cozinha asi\u00e1tica para quem quer algo diferente.<\/li>\n\n\n\n<li><strong>Restaurante Ostrov<\/strong> na Ilha da Cidade \u2013 jardim \u00e0 meia-sombra com parquinho cercado, minigolfe e barquinhos. Queijo empanado por R$ 52 (209 K\u010d), com crian\u00e7as \u00e9 o ideal.<\/li>\n<\/ul>\n\n\n\n<p class=\"wp-block-paragraph\"><strong>Caf\u00e9s<\/strong> (porque caf\u00e9 merece uma categoria s\u00f3 sua):<\/p>\n\n\n\n<ul class=\"wp-block-list\">\n<li><strong>Travel Cafe<\/strong> (Komensk\u00e9ho 87\/16) \u2013 meu caf\u00e9 favorito em P\u00edsek. Caf\u00e9 especial, caf\u00e9 da manh\u00e3 e brunch, \u00e0 noite vinho e, principalmente, jardim no p\u00e1tio interno com caixa de areia. A dois minutos da pra\u00e7a.<\/li>\n\n\n\n<li><strong>Coffee Dealer<\/strong> (Drl\u00ed\u010dov 145\/17) \u2013 espresso e brew bar para quem leva o caf\u00e9 a s\u00e9rio, principalmente coado. Seg\u2013S\u00e1b 9h\u201317h, Dom 10h30\u201317h.<\/li>\n\n\n\n<li><strong>Kaf\u00e9rna<\/strong> (Heydukova) \u2013 e aqui preciso ser sincera. O caf\u00e9 \u00e9 bom, disso n\u00e3o h\u00e1 d\u00favida, mas o atendimento \u00e9 capaz de gritar com voc\u00ea atravessando a rua inteira, por motivos desconhecidos. Este caf\u00e9 bar \u00e9 conhecido entre os locais pelo atendimento desagrad\u00e1vel e seria uma pena estragar sua visita a P\u00edsek com isso. Prefira ir at\u00e9 a igreja, no Coffee Dealer.<\/li>\n\n\n\n<li><strong>Sova na V\u011btvi<\/strong> \u2013 torrefa\u00e7\u00e3o pr\u00f3pria e cantinho infantil, pertinho da ponte<\/li>\n\n\n\n<li><strong>Balz\u00e1m Caf\u00e9<\/strong> \u2013 caf\u00e9 musical na Sladovna, no ver\u00e3o shows \u00e0s quartas<\/li>\n\n\n\n<li><strong>Frame Kaf\u00e9<\/strong> \u2013 moderno, com design, brunch junto \u00e0 Ponte de Pedra<\/li>\n\n\n\n<li><strong>A\u017e na p\u016fdu<\/strong> \u2013 caf\u00e9 da manh\u00e3 e um cantinho no p\u00e1tio; no mesmo pr\u00e9dio fica tamb\u00e9m o espa\u00e7o de brincar Hernajs (estabelecimento independente)<\/li>\n\n\n\n<li><strong>Upekla<\/strong> \u2013 p\u00e3es, tortas e bolos caseiros na biblioteca, caixa de areia no p\u00e1tio interno<\/li>\n\n\n\n<li><strong>SOHO Cafe<\/strong> \u2013 cantinho infantil cercado e panquecas na Pra\u00e7a Grande<\/li>\n\n\n\n<li><strong>Park Caf\u00e9 67<\/strong> \u2013 os melhores waffles da cidade inteira<\/li>\n<\/ul>\n\n\n\n<p class=\"wp-block-paragraph\"><strong>Vinho e drinques:<\/strong><\/p>\n\n\n\n<ul class=\"wp-block-list\">\n<li><strong>Degust\u00e1rna<\/strong> (Bakal\u00e1\u0159e 44\/4) \u2013 para os amantes de vinho<\/li>\n\n\n\n<li><strong>V\u00edno Hru\u0161ka<\/strong> \u2013 outra dica de vinho<\/li>\n\n\n\n<li><strong>Kav\u00e1rni\u010dka Hella<\/strong> \u2013 caf\u00e9 e coquet\u00e9is e uma atmosfera noturna agrad\u00e1vel<\/li>\n\n\n\n<li><strong>Revolution bar<\/strong> \u2013 drinques, m\u00fasica, um pouco mais de energia, barmen excelentes<\/li>\n<\/ul>\n\n\n\n<h2 class=\"wp-block-heading\"><span class=\"ez-toc-section\" id=\"Dicas_de_passeios_nos_arredores_de_Pisek_13_lugares_para_um_bate_e_volta\"><\/span>Dicas de passeios nos arredores de P\u00edsek: 13 lugares para um bate e volta<span class=\"ez-toc-section-end\"><\/span><\/h2>\n\n\n\n<p class=\"wp-block-paragraph\">P\u00edsek \u00e9 uma \u00f3tima base para passeios pelo sul da Bo\u00eamia. De carro, de \u00f4nibus, de bike \u2013 daqui voc\u00ea chega a qualquer lugar. E esse &#8220;qualquer lugar&#8221; inclui castelos, represas, crocodilos e at\u00e9 a \u0160umava. <strong>Aqui est\u00e3o treze lugares aonde vale a pena ir.<\/strong><\/p>\n\n\n\n<p class=\"wp-block-paragraph\"><strong>Leia tamb\u00e9m: <a href=\"https:\/\/loudavymkrokem.cz\/pt-br\/boemia-do-sul-lugares-bonitos\/\">Para onde ir de f\u00e9rias no sul da Bo\u00eamia: 15 lugares mais bonitos (tamb\u00e9m com crian\u00e7as)<\/a><\/strong><\/p>\n\n\n\n<h3 class=\"wp-block-heading\"><span class=\"ez-toc-section\" id=\"Castelo_Zvikov_e_o_palacio_Orlik\"><\/span>Castelo Zv\u00edkov e o pal\u00e1cio Orl\u00edk<span class=\"ez-toc-section-end\"><\/span><\/h3>\n\n\n\n<figure data-wp-context=\"{&quot;imageId&quot;:&quot;6a956336a0b52&quot;}\" data-wp-interactive=\"core\/image\" data-wp-key=\"6a956336a0b52\" class=\"wp-block-image size-full wp-lightbox-container\"><img decoding=\"async\" width=\"1600\" height=\"856\" data-wp-class--hide=\"state.isContentHidden\" data-wp-class--show=\"state.isContentVisible\" data-wp-init=\"callbacks.setButtonStyles\" data-wp-on--click=\"actions.showLightbox\" data-wp-on--load=\"callbacks.setButtonStyles\" data-wp-on--pointerdown=\"actions.preloadImage\" data-wp-on--pointerenter=\"actions.preloadImageWithDelay\" data-wp-on--pointerleave=\"actions.cancelPreload\" data-wp-on-window--resize=\"callbacks.setButtonStyles\" src=\"https:\/\/loudavymkrokem.cz\/wp-content\/uploads\/2026\/08\/hrad-zvikov-soutok-otavy-a-vltavy.jpg\" alt=\"Castelo Zv\u00edkov na conflu\u00eancia dos rios Otava e Vltava\" class=\"wp-image-399401\" title=\"\" srcset=\"https:\/\/loudavymkrokem.cz\/wp-content\/uploads\/2026\/08\/hrad-zvikov-soutok-otavy-a-vltavy.jpg 1600w, https:\/\/loudavymkrokem.cz\/wp-content\/uploads\/2026\/08\/hrad-zvikov-soutok-otavy-a-vltavy-300x161.jpg 300w, https:\/\/loudavymkrokem.cz\/wp-content\/uploads\/2026\/08\/hrad-zvikov-soutok-otavy-a-vltavy-700x375.jpg 700w, https:\/\/loudavymkrokem.cz\/wp-content\/uploads\/2026\/08\/hrad-zvikov-soutok-otavy-a-vltavy-768x411.jpg 768w, https:\/\/loudavymkrokem.cz\/wp-content\/uploads\/2026\/08\/hrad-zvikov-soutok-otavy-a-vltavy-1536x822.jpg 1536w, https:\/\/loudavymkrokem.cz\/wp-content\/uploads\/2026\/08\/hrad-zvikov-soutok-otavy-a-vltavy-696x372.jpg 696w, https:\/\/loudavymkrokem.cz\/wp-content\/uploads\/2026\/08\/hrad-zvikov-soutok-otavy-a-vltavy-1392x745.jpg 1392w\" sizes=\"(max-width: 1600px) 100vw, 1600px\" \/><button\n\t\t\tclass=\"lightbox-trigger\"\n\t\t\ttype=\"button\"\n\t\t\taria-haspopup=\"dialog\"\n\t\t\tdata-wp-bind--aria-label=\"state.thisImage.triggerButtonAriaLabel\"\n\t\t\tdata-wp-init=\"callbacks.initTriggerButton\"\n\t\t\tdata-wp-on--click=\"actions.showLightbox\"\n\t\t\tdata-wp-style--right=\"state.thisImage.buttonRight\"\n\t\t\tdata-wp-style--top=\"state.thisImage.buttonTop\"\n\t\t>\n\t\t\t<svg xmlns=\"http:\/\/www.w3.org\/2000\/svg\" width=\"12\" height=\"12\" fill=\"none\" viewBox=\"0 0 12 12\">\n\t\t\t\t<path fill=\"#fff\" d=\"M2 0a2 2 0 0 0-2 2v2h1.5V2a.5.5 0 0 1 .5-.5h2V0H2Zm2 10.5H2a.5.5 0 0 1-.5-.5V8H0v2a2 2 0 0 0 2 2h2v-1.5ZM8 12v-1.5h2a.5.5 0 0 0 .5-.5V8H12v2a2 2 0 0 1-2 2H8Zm2-12a2 2 0 0 1 2 2v2h-1.5V2a.5.5 0 0 0-.5-.5H8V0h2Z\" \/>\n\t\t\t<\/svg>\n\t\t<\/button><\/figure>\n\n\n\n<p class=\"wp-block-paragraph\">Zv\u00edkov fica na conflu\u00eancia do Otava com o Vltava e \u00e9 provavelmente o <strong>castelo mais bonito dos arredores<\/strong>. O ingresso \u00e9 em torno de R$ 45 (180 K\u010d) e, quando voc\u00ea estiver com fome, o Pivovarsk\u00fd dv\u016fr Zv\u00edkov te salva. Um pouco al\u00e9m fica o pal\u00e1cio Orl\u00edk sobre a represa e, nas f\u00e9rias, entre Zv\u00edkov e Orl\u00edk circula at\u00e9 um barco panor\u00e2mico; a travessia dura cerca de 50 minutos e custa R$ 75 (300 K\u010d). Um passeio de conto de fadas.<\/p>\n\n\n\n<h3 class=\"wp-block-heading\"><span class=\"ez-toc-section\" id=\"Crocodilos_ZOO_Protivin\"><\/span>Crocodilos ZOO Protiv\u00edn<span class=\"ez-toc-section-end\"><\/span><\/h3>\n\n\n\n<figure data-wp-context=\"{&quot;imageId&quot;:&quot;6a956336a0f6c&quot;}\" data-wp-interactive=\"core\/image\" data-wp-key=\"6a956336a0f6c\" class=\"wp-block-image size-full wp-lightbox-container\"><img decoding=\"async\" width=\"1120\" height=\"800\" data-wp-class--hide=\"state.isContentHidden\" data-wp-class--show=\"state.isContentVisible\" data-wp-init=\"callbacks.setButtonStyles\" data-wp-on--click=\"actions.showLightbox\" data-wp-on--load=\"callbacks.setButtonStyles\" data-wp-on--pointerdown=\"actions.preloadImage\" data-wp-on--pointerenter=\"actions.preloadImageWithDelay\" data-wp-on--pointerleave=\"actions.cancelPreload\" data-wp-on-window--resize=\"callbacks.setButtonStyles\" src=\"https:\/\/loudavymkrokem.cz\/wp-content\/uploads\/2026\/08\/krokodyli-zoo-protivin-aligator.jpg\" alt=\"Jacar\u00e9 no Crocodilos ZOO Protiv\u00edn\" class=\"wp-image-399574\" title=\"\" srcset=\"https:\/\/loudavymkrokem.cz\/wp-content\/uploads\/2026\/08\/krokodyli-zoo-protivin-aligator.jpg 1120w, https:\/\/loudavymkrokem.cz\/wp-content\/uploads\/2026\/08\/krokodyli-zoo-protivin-aligator-300x214.jpg 300w, https:\/\/loudavymkrokem.cz\/wp-content\/uploads\/2026\/08\/krokodyli-zoo-protivin-aligator-700x500.jpg 700w, https:\/\/loudavymkrokem.cz\/wp-content\/uploads\/2026\/08\/krokodyli-zoo-protivin-aligator-768x549.jpg 768w, https:\/\/loudavymkrokem.cz\/wp-content\/uploads\/2026\/08\/krokodyli-zoo-protivin-aligator-696x497.jpg 696w\" sizes=\"(max-width: 1120px) 100vw, 1120px\" \/><button\n\t\t\tclass=\"lightbox-trigger\"\n\t\t\ttype=\"button\"\n\t\t\taria-haspopup=\"dialog\"\n\t\t\tdata-wp-bind--aria-label=\"state.thisImage.triggerButtonAriaLabel\"\n\t\t\tdata-wp-init=\"callbacks.initTriggerButton\"\n\t\t\tdata-wp-on--click=\"actions.showLightbox\"\n\t\t\tdata-wp-style--right=\"state.thisImage.buttonRight\"\n\t\t\tdata-wp-style--top=\"state.thisImage.buttonTop\"\n\t\t>\n\t\t\t<svg xmlns=\"http:\/\/www.w3.org\/2000\/svg\" width=\"12\" height=\"12\" fill=\"none\" viewBox=\"0 0 12 12\">\n\t\t\t\t<path fill=\"#fff\" d=\"M2 0a2 2 0 0 0-2 2v2h1.5V2a.5.5 0 0 1 .5-.5h2V0H2Zm2 10.5H2a.5.5 0 0 1-.5-.5V8H0v2a2 2 0 0 0 2 2h2v-1.5ZM8 12v-1.5h2a.5.5 0 0 0 .5-.5V8H12v2a2 2 0 0 1-2 2H8Zm2-12a2 2 0 0 1 2 2v2h-1.5V2a.5.5 0 0 0-.5-.5H8V0h2Z\" \/>\n\t\t\t<\/svg>\n\t\t<\/button><\/figure>\n\n\n\n<p class=\"wp-block-paragraph\">Quinze minutos de carro de P\u00edsek e voc\u00ea est\u00e1 entre crocodilos. Todas as esp\u00e9cies que voc\u00ea consegue imaginar e at\u00e9 <strong>crocodilos brancos<\/strong>. As crian\u00e7as ficam empolgadas, os adultos tamb\u00e9m, e eu, toda vez que estou l\u00e1, me espanto que esta fazenda de crocodilos esteja t\u00e3o pertinho.<\/p>\n\n\n\n<h3 class=\"wp-block-heading\"><span class=\"ez-toc-section\" id=\"Memorial_da_batalha_de_Sudomer\"><\/span>Memorial da batalha de Sudom\u011b\u0159<span class=\"ez-toc-section-end\"><\/span><\/h3>\n\n\n\n<figure data-wp-context=\"{&quot;imageId&quot;:&quot;6a956336a1373&quot;}\" data-wp-interactive=\"core\/image\" data-wp-key=\"6a956336a1373\" class=\"wp-block-image size-full wp-lightbox-container\"><img decoding=\"async\" width=\"1200\" height=\"900\" data-wp-class--hide=\"state.isContentHidden\" data-wp-class--show=\"state.isContentVisible\" data-wp-init=\"callbacks.setButtonStyles\" data-wp-on--click=\"actions.showLightbox\" data-wp-on--load=\"callbacks.setButtonStyles\" data-wp-on--pointerdown=\"actions.preloadImage\" data-wp-on--pointerenter=\"actions.preloadImageWithDelay\" data-wp-on--pointerleave=\"actions.cancelPreload\" data-wp-on-window--resize=\"callbacks.setButtonStyles\" src=\"https:\/\/loudavymkrokem.cz\/wp-content\/uploads\/2026\/08\/pamatnik-bitvy-u-sudomere.jpg\" alt=\"Memorial de Jan \u017di\u017eka em Sudom\u011b\u0159\" class=\"wp-image-399697\" title=\"\" srcset=\"https:\/\/loudavymkrokem.cz\/wp-content\/uploads\/2026\/08\/pamatnik-bitvy-u-sudomere.jpg 1200w, https:\/\/loudavymkrokem.cz\/wp-content\/uploads\/2026\/08\/pamatnik-bitvy-u-sudomere-300x225.jpg 300w, https:\/\/loudavymkrokem.cz\/wp-content\/uploads\/2026\/08\/pamatnik-bitvy-u-sudomere-700x525.jpg 700w, https:\/\/loudavymkrokem.cz\/wp-content\/uploads\/2026\/08\/pamatnik-bitvy-u-sudomere-768x576.jpg 768w, https:\/\/loudavymkrokem.cz\/wp-content\/uploads\/2026\/08\/pamatnik-bitvy-u-sudomere-80x60.jpg 80w, https:\/\/loudavymkrokem.cz\/wp-content\/uploads\/2026\/08\/pamatnik-bitvy-u-sudomere-160x120.jpg 160w, https:\/\/loudavymkrokem.cz\/wp-content\/uploads\/2026\/08\/pamatnik-bitvy-u-sudomere-696x522.jpg 696w\" sizes=\"(max-width: 1200px) 100vw, 1200px\" \/><button\n\t\t\tclass=\"lightbox-trigger\"\n\t\t\ttype=\"button\"\n\t\t\taria-haspopup=\"dialog\"\n\t\t\tdata-wp-bind--aria-label=\"state.thisImage.triggerButtonAriaLabel\"\n\t\t\tdata-wp-init=\"callbacks.initTriggerButton\"\n\t\t\tdata-wp-on--click=\"actions.showLightbox\"\n\t\t\tdata-wp-style--right=\"state.thisImage.buttonRight\"\n\t\t\tdata-wp-style--top=\"state.thisImage.buttonTop\"\n\t\t>\n\t\t\t<svg xmlns=\"http:\/\/www.w3.org\/2000\/svg\" width=\"12\" height=\"12\" fill=\"none\" viewBox=\"0 0 12 12\">\n\t\t\t\t<path fill=\"#fff\" d=\"M2 0a2 2 0 0 0-2 2v2h1.5V2a.5.5 0 0 1 .5-.5h2V0H2Zm2 10.5H2a.5.5 0 0 1-.5-.5V8H0v2a2 2 0 0 0 2 2h2v-1.5ZM8 12v-1.5h2a.5.5 0 0 0 .5-.5V8H12v2a2 2 0 0 1-2 2H8Zm2-12a2 2 0 0 1 2 2v2h-1.5V2a.5.5 0 0 0-.5-.5H8V0h2Z\" \/>\n\t\t\t<\/svg>\n\t\t<\/button><\/figure>\n\n\n\n<p class=\"wp-block-paragraph\">Jan \u017di\u017eka travou aqui, em 1420, com seus hussitas, uma das primeiras batalhas. H\u00e1 uma est\u00e1tua de 16 metros e, ao redor, os lagos Markovec e \u0160kared\u00fd. Se voc\u00ea curte a hist\u00f3ria tcheca, este lugar tem uma atmosfera forte. E a paisagem ao redor \u00e9 lind\u00edssima, um tranquilo quadro do sul da Bo\u00eamia.<\/p>\n\n\n\n<h3 class=\"wp-block-heading\"><span class=\"ez-toc-section\" id=\"Ferraria_de_contos_de_fadas_Selibov\"><\/span>Ferraria de contos de fadas Selibov<span class=\"ez-toc-section-end\"><\/span><\/h3>\n\n\n\n<figure data-wp-context=\"{&quot;imageId&quot;:&quot;6a956336a179d&quot;}\" data-wp-interactive=\"core\/image\" data-wp-key=\"6a956336a179d\" class=\"wp-block-image size-full wp-lightbox-container\"><img decoding=\"async\" width=\"2000\" height=\"1333\" data-wp-class--hide=\"state.isContentHidden\" data-wp-class--show=\"state.isContentVisible\" data-wp-init=\"callbacks.setButtonStyles\" data-wp-on--click=\"actions.showLightbox\" data-wp-on--load=\"callbacks.setButtonStyles\" data-wp-on--pointerdown=\"actions.preloadImage\" data-wp-on--pointerenter=\"actions.preloadImageWithDelay\" data-wp-on--pointerleave=\"actions.cancelPreload\" data-wp-on-window--resize=\"callbacks.setButtonStyles\" src=\"https:\/\/loudavymkrokem.cz\/wp-content\/uploads\/2026\/08\/pohadkova-kovarna-selibov.jpg\" alt=\"Ferraria de contos de fadas em Selibov com telhado de palha\" class=\"wp-image-399577\" title=\"\" srcset=\"https:\/\/loudavymkrokem.cz\/wp-content\/uploads\/2026\/08\/pohadkova-kovarna-selibov.jpg 2000w, https:\/\/loudavymkrokem.cz\/wp-content\/uploads\/2026\/08\/pohadkova-kovarna-selibov-300x200.jpg 300w, https:\/\/loudavymkrokem.cz\/wp-content\/uploads\/2026\/08\/pohadkova-kovarna-selibov-700x467.jpg 700w, https:\/\/loudavymkrokem.cz\/wp-content\/uploads\/2026\/08\/pohadkova-kovarna-selibov-768x512.jpg 768w, https:\/\/loudavymkrokem.cz\/wp-content\/uploads\/2026\/08\/pohadkova-kovarna-selibov-1536x1024.jpg 1536w, https:\/\/loudavymkrokem.cz\/wp-content\/uploads\/2026\/08\/pohadkova-kovarna-selibov-696x464.jpg 696w, https:\/\/loudavymkrokem.cz\/wp-content\/uploads\/2026\/08\/pohadkova-kovarna-selibov-1392x928.jpg 1392w, https:\/\/loudavymkrokem.cz\/wp-content\/uploads\/2026\/08\/pohadkova-kovarna-selibov-1920x1280.jpg 1920w\" sizes=\"(max-width: 2000px) 100vw, 2000px\" \/><button\n\t\t\tclass=\"lightbox-trigger\"\n\t\t\ttype=\"button\"\n\t\t\taria-haspopup=\"dialog\"\n\t\t\tdata-wp-bind--aria-label=\"state.thisImage.triggerButtonAriaLabel\"\n\t\t\tdata-wp-init=\"callbacks.initTriggerButton\"\n\t\t\tdata-wp-on--click=\"actions.showLightbox\"\n\t\t\tdata-wp-style--right=\"state.thisImage.buttonRight\"\n\t\t\tdata-wp-style--top=\"state.thisImage.buttonTop\"\n\t\t>\n\t\t\t<svg xmlns=\"http:\/\/www.w3.org\/2000\/svg\" width=\"12\" height=\"12\" fill=\"none\" viewBox=\"0 0 12 12\">\n\t\t\t\t<path fill=\"#fff\" d=\"M2 0a2 2 0 0 0-2 2v2h1.5V2a.5.5 0 0 1 .5-.5h2V0H2Zm2 10.5H2a.5.5 0 0 1-.5-.5V8H0v2a2 2 0 0 0 2 2h2v-1.5ZM8 12v-1.5h2a.5.5 0 0 0 .5-.5V8H12v2a2 2 0 0 1-2 2H8Zm2-12a2 2 0 0 1 2 2v2h-1.5V2a.5.5 0 0 0-.5-.5H8V0h2Z\" \/>\n\t\t\t<\/svg>\n\t\t<\/button><\/figure>\n\n\n\n<p class=\"wp-block-paragraph\">Diabinhos, sereios, fadas e ainda uma oficina criativa. Um passeio ideal com crian\u00e7as menores, que ainda acreditam em contos de fadas (e com as maiores, que fazem cara de que n\u00e3o, mas se divertem do mesmo jeito).<\/p>\n\n\n\n<h3 class=\"wp-block-heading\"><span class=\"ez-toc-section\" id=\"Farmapark_Maletice\"><\/span>Farmapark Maletice<span class=\"ez-toc-section-end\"><\/span><\/h3>\n\n\n\n<figure data-wp-context=\"{&quot;imageId&quot;:&quot;6a956336a1b98&quot;}\" data-wp-interactive=\"core\/image\" data-wp-key=\"6a956336a1b98\" class=\"wp-block-image size-full wp-lightbox-container\"><img decoding=\"async\" width=\"2048\" height=\"1365\" data-wp-class--hide=\"state.isContentHidden\" data-wp-class--show=\"state.isContentVisible\" data-wp-init=\"callbacks.setButtonStyles\" data-wp-on--click=\"actions.showLightbox\" data-wp-on--load=\"callbacks.setButtonStyles\" data-wp-on--pointerdown=\"actions.preloadImage\" data-wp-on--pointerenter=\"actions.preloadImageWithDelay\" data-wp-on--pointerleave=\"actions.cancelPreload\" data-wp-on-window--resize=\"callbacks.setButtonStyles\" src=\"https:\/\/loudavymkrokem.cz\/wp-content\/uploads\/2026\/08\/farmapark-maletice-alpaka.jpg\" alt=\"Alpaca no recinto do Farmapark Maletice junto a P\u00edsek\" class=\"wp-image-399568\" title=\"\" srcset=\"https:\/\/loudavymkrokem.cz\/wp-content\/uploads\/2026\/08\/farmapark-maletice-alpaka.jpg 2048w, https:\/\/loudavymkrokem.cz\/wp-content\/uploads\/2026\/08\/farmapark-maletice-alpaka-300x200.jpg 300w, https:\/\/loudavymkrokem.cz\/wp-content\/uploads\/2026\/08\/farmapark-maletice-alpaka-700x467.jpg 700w, https:\/\/loudavymkrokem.cz\/wp-content\/uploads\/2026\/08\/farmapark-maletice-alpaka-768x512.jpg 768w, https:\/\/loudavymkrokem.cz\/wp-content\/uploads\/2026\/08\/farmapark-maletice-alpaka-1536x1024.jpg 1536w, https:\/\/loudavymkrokem.cz\/wp-content\/uploads\/2026\/08\/farmapark-maletice-alpaka-696x464.jpg 696w, https:\/\/loudavymkrokem.cz\/wp-content\/uploads\/2026\/08\/farmapark-maletice-alpaka-1392x928.jpg 1392w, https:\/\/loudavymkrokem.cz\/wp-content\/uploads\/2026\/08\/farmapark-maletice-alpaka-1920x1280.jpg 1920w\" sizes=\"(max-width: 2048px) 100vw, 2048px\" \/><button\n\t\t\tclass=\"lightbox-trigger\"\n\t\t\ttype=\"button\"\n\t\t\taria-haspopup=\"dialog\"\n\t\t\tdata-wp-bind--aria-label=\"state.thisImage.triggerButtonAriaLabel\"\n\t\t\tdata-wp-init=\"callbacks.initTriggerButton\"\n\t\t\tdata-wp-on--click=\"actions.showLightbox\"\n\t\t\tdata-wp-style--right=\"state.thisImage.buttonRight\"\n\t\t\tdata-wp-style--top=\"state.thisImage.buttonTop\"\n\t\t>\n\t\t\t<svg xmlns=\"http:\/\/www.w3.org\/2000\/svg\" width=\"12\" height=\"12\" fill=\"none\" viewBox=\"0 0 12 12\">\n\t\t\t\t<path fill=\"#fff\" d=\"M2 0a2 2 0 0 0-2 2v2h1.5V2a.5.5 0 0 1 .5-.5h2V0H2Zm2 10.5H2a.5.5 0 0 1-.5-.5V8H0v2a2 2 0 0 0 2 2h2v-1.5ZM8 12v-1.5h2a.5.5 0 0 0 .5-.5V8H12v2a2 2 0 0 1-2 2H8Zm2-12a2 2 0 0 1 2 2v2h-1.5V2a.5.5 0 0 0-.5-.5H8V0h2Z\" \/>\n\t\t\t<\/svg>\n\t\t<\/button><\/figure>\n\n\n\n<p class=\"wp-block-paragraph\"><a href=\"https:\/\/www.farmaparkmaletice.cz\/\" data-type=\"link\" data-id=\"https:\/\/www.farmaparkmaletice.cz\/\" target=\"_blank\" rel=\"noopener\"><strong>Zool\u00f3gico de contato<\/strong><\/a> mais parque de divers\u00f5es junto \u00e0 estrada para Protiv\u00edn, a <strong>cerca de 12 minutos de P\u00edsek<\/strong>. Cabras, alpacas, p\u00f4neis, coelhos, al\u00e9m de camas el\u00e1sticas gigantes de ar, labirinto de feno, tirolesas e caixa de areia coberta com escorregador. Aberto todos os dias das 10h \u00e0s 18h, <strong>ingresso R$ 62 crian\u00e7a, R$ 52 adulto, fam\u00edlia R$ 219 (250, 210 e 879 K\u010d)<\/strong> (mais barato online), crian\u00e7as at\u00e9 2 anos n\u00e3o pagam, estacionamento gratuito. O Farmapark abriu no ver\u00e3o de 2025 e \u00e9, no momento, provavelmente o passeio familiar mais popular a partir de P\u00edsek.<\/p>\n\n\n\n<h3 class=\"wp-block-heading\"><span class=\"ez-toc-section\" id=\"Fiziland_e_Reino_do_Tempo_em_Protivin\"><\/span>Fiziland e Reino do Tempo em Protiv\u00edn<span class=\"ez-toc-section-end\"><\/span><\/h3>\n\n\n\n<figure data-wp-context=\"{&quot;imageId&quot;:&quot;6a956336a2068&quot;}\" data-wp-interactive=\"core\/image\" data-wp-key=\"6a956336a2068\" class=\"wp-block-image size-full wp-lightbox-container\"><img decoding=\"async\" width=\"2200\" height=\"1467\" data-wp-class--hide=\"state.isContentHidden\" data-wp-class--show=\"state.isContentVisible\" data-wp-init=\"callbacks.setButtonStyles\" data-wp-on--click=\"actions.showLightbox\" data-wp-on--load=\"callbacks.setButtonStyles\" data-wp-on--pointerdown=\"actions.preloadImage\" data-wp-on--pointerenter=\"actions.preloadImageWithDelay\" data-wp-on--pointerleave=\"actions.cancelPreload\" data-wp-on-window--resize=\"callbacks.setButtonStyles\" src=\"https:\/\/loudavymkrokem.cz\/wp-content\/uploads\/2026\/08\/fiziland-protivin-herna.jpg\" alt=\"Espa\u00e7o de brincar interno Fiziland em Protiv\u00edn com po\u00e7o de espuma e trepa-trepas\" class=\"wp-image-399563\" title=\"\" srcset=\"https:\/\/loudavymkrokem.cz\/wp-content\/uploads\/2026\/08\/fiziland-protivin-herna.jpg 2200w, https:\/\/loudavymkrokem.cz\/wp-content\/uploads\/2026\/08\/fiziland-protivin-herna-300x200.jpg 300w, https:\/\/loudavymkrokem.cz\/wp-content\/uploads\/2026\/08\/fiziland-protivin-herna-700x467.jpg 700w, https:\/\/loudavymkrokem.cz\/wp-content\/uploads\/2026\/08\/fiziland-protivin-herna-768x512.jpg 768w, https:\/\/loudavymkrokem.cz\/wp-content\/uploads\/2026\/08\/fiziland-protivin-herna-1536x1024.jpg 1536w, https:\/\/loudavymkrokem.cz\/wp-content\/uploads\/2026\/08\/fiziland-protivin-herna-2048x1366.jpg 2048w, https:\/\/loudavymkrokem.cz\/wp-content\/uploads\/2026\/08\/fiziland-protivin-herna-696x464.jpg 696w, https:\/\/loudavymkrokem.cz\/wp-content\/uploads\/2026\/08\/fiziland-protivin-herna-1392x928.jpg 1392w, https:\/\/loudavymkrokem.cz\/wp-content\/uploads\/2026\/08\/fiziland-protivin-herna-1920x1280.jpg 1920w\" sizes=\"(max-width: 2200px) 100vw, 2200px\" \/><button\n\t\t\tclass=\"lightbox-trigger\"\n\t\t\ttype=\"button\"\n\t\t\taria-haspopup=\"dialog\"\n\t\t\tdata-wp-bind--aria-label=\"state.thisImage.triggerButtonAriaLabel\"\n\t\t\tdata-wp-init=\"callbacks.initTriggerButton\"\n\t\t\tdata-wp-on--click=\"actions.showLightbox\"\n\t\t\tdata-wp-style--right=\"state.thisImage.buttonRight\"\n\t\t\tdata-wp-style--top=\"state.thisImage.buttonTop\"\n\t\t>\n\t\t\t<svg xmlns=\"http:\/\/www.w3.org\/2000\/svg\" width=\"12\" height=\"12\" fill=\"none\" viewBox=\"0 0 12 12\">\n\t\t\t\t<path fill=\"#fff\" d=\"M2 0a2 2 0 0 0-2 2v2h1.5V2a.5.5 0 0 1 .5-.5h2V0H2Zm2 10.5H2a.5.5 0 0 1-.5-.5V8H0v2a2 2 0 0 0 2 2h2v-1.5ZM8 12v-1.5h2a.5.5 0 0 0 .5-.5V8H12v2a2 2 0 0 1-2 2H8Zm2-12a2 2 0 0 1 2 2v2h-1.5V2a.5.5 0 0 0-.5-.5H8V0h2Z\" \/>\n\t\t\t<\/svg>\n\t\t<\/button><\/figure>\n\n\n\n<p class=\"wp-block-paragraph\">Protiv\u00edn, a 15 minutos de P\u00edsek, tem logo dois destinos familiares cobertos. O <strong>Fiziland<\/strong> (Zelenohorsk\u00e1 986) \u00e9 o parque de divers\u00f5es do youtuber Fizi: escorregador gigante, camas el\u00e1sticas, po\u00e7o de espuma, castelo infl\u00e1vel e uma zona calma para os menorzinhos, al\u00e9m de playground externo. Aberto todos os dias das 10h \u00e0s 18h, <strong>a crian\u00e7a paga R$ 97 e o adulto acompanhante R$ 40 (389 e 159 K\u010d)<\/strong> (o pacote fam\u00edlia para dois adultos e duas crian\u00e7as sai por R$ 220 \/ 889 K\u010d), crian\u00e7as at\u00e9 3 anos n\u00e3o pagam. Os ingressos precisam ser comprados antes, online, a venda no local n\u00e3o \u00e9 garantida. Analisei o parque em detalhes <a href=\"https:\/\/loudavymkrokem.cz\/fiziland-protivin\/\">no artigo sobre o Fiziland<\/a>.<\/p>\n\n\n\n<p class=\"wp-block-paragraph\">Uma liga totalmente diferente \u00e9 o <strong>Reino do Tempo<\/strong> (Purky\u0148ova 255): uma vila Art Nouveau reformada com museu de rel\u00f3gios, onde o mecanismo de torre do s\u00e9culo XIX bate a cada hora cheia, e no t\u00e9rreo um espa\u00e7o de brincar, oficina criativa e um jardim cercado com tobog\u00e3 e tirolesa. Aberto todos os dias das 9h \u00e0s 17h, o museu custa R$ 22 \/ R$ 15 (90\/60 K\u010d), mas <strong>o espa\u00e7o de brincar e o jardim s\u00e3o gratuitos se voc\u00ea tomar um caf\u00e9<\/strong>. Ideal para beb\u00eas.<\/p>\n\n\n\n<h3 class=\"wp-block-heading\"><span class=\"ez-toc-section\" id=\"Bagrarium_em_Strakonice\"><\/span>Bagr\u00e1rium em Strakonice<span class=\"ez-toc-section-end\"><\/span><\/h3>\n\n\n\n<p class=\"wp-block-paragraph\">Novidade de 2026 e a primeira do g\u00eanero na Bo\u00eamia: o <strong>Bagr\u00e1rium<\/strong> (Pov\u00e1\u017esk\u00e1 358, Strakonice, 30 minutos de carro) \u00e9 um espa\u00e7o de brincar coberto onde as crian\u00e7as controlam modelos realistas de escavadeiras, carregadeiras e ca\u00e7ambas sobre uma grande caixa de areia e procuram nela um tesouro. Reserva-se online em intervalos de meia hora entre 10h e 18h, <strong>R$ 70 por 30 minutos em uma m\u00e1quina (279 K\u010d)<\/strong>. Aten\u00e7\u00e3o, a idade recomendada \u00e9 <strong>a partir de 6 anos<\/strong> (o controle exige coordena\u00e7\u00e3o das duas m\u00e3os), ent\u00e3o \u00e9 mais uma dica para os irm\u00e3os mais velhos.<\/p>\n\n\n\n<h3 class=\"wp-block-heading\"><span class=\"ez-toc-section\" id=\"Tabor\"><\/span>T\u00e1bor<span class=\"ez-toc-section-end\"><\/span><\/h3>\n\n\n\n<p class=\"wp-block-paragraph\"><strong><a href=\"https:\/\/loudavymkrokem.cz\/pt-br\/tabor-tchequia-o-que-ver\/\" target=\"_blank\" data-type=\"link\" data-id=\"https:\/\/loudavymkrokem.cz\/co-videt-v-tabore\/\" rel=\"noreferrer noopener\">Cidade hussita<\/a><\/strong>, a 45 minutos de viagem. Subterr\u00e2neo medieval (um pouco claustrof\u00f3bico, mas vale a pena), <strong>Museu do Chocolate<\/strong> (crian\u00e7as + chocolate = vit\u00f3ria certa), zool\u00f3gico e a represa Jord\u00e1n para banho no ver\u00e3o. T\u00e1bor \u00e9 uma cidade com car\u00e1ter e uma atmosfera que se diferencia de P\u00edsek e definitivamente vale a visita.<\/p>\n\n\n\n<figure data-wp-context=\"{&quot;imageId&quot;:&quot;6a956336a252e&quot;}\" data-wp-interactive=\"core\/image\" data-wp-key=\"6a956336a252e\" class=\"wp-block-image size-full wp-lightbox-container\"><img decoding=\"async\" width=\"1200\" height=\"800\" data-wp-class--hide=\"state.isContentHidden\" data-wp-class--show=\"state.isContentVisible\" data-wp-init=\"callbacks.setButtonStyles\" data-wp-on--click=\"actions.showLightbox\" data-wp-on--load=\"callbacks.setButtonStyles\" data-wp-on--pointerdown=\"actions.preloadImage\" data-wp-on--pointerenter=\"actions.preloadImageWithDelay\" data-wp-on--pointerleave=\"actions.cancelPreload\" data-wp-on-window--resize=\"callbacks.setButtonStyles\" src=\"https:\/\/loudavymkrokem.cz\/wp-content\/uploads\/2026\/03\/tabor-co-videt-3.jpg\" alt=\"T\u00e1bor\" class=\"wp-image-132729\" title=\"\" srcset=\"https:\/\/loudavymkrokem.cz\/wp-content\/uploads\/2026\/03\/tabor-co-videt-3.jpg 1200w, https:\/\/loudavymkrokem.cz\/wp-content\/uploads\/2026\/03\/tabor-co-videt-3-300x200.jpg 300w, https:\/\/loudavymkrokem.cz\/wp-content\/uploads\/2026\/03\/tabor-co-videt-3-700x467.jpg 700w, https:\/\/loudavymkrokem.cz\/wp-content\/uploads\/2026\/03\/tabor-co-videt-3-768x512.jpg 768w, https:\/\/loudavymkrokem.cz\/wp-content\/uploads\/2026\/03\/tabor-co-videt-3-696x464.jpg 696w\" sizes=\"(max-width: 1200px) 100vw, 1200px\" \/><button\n\t\t\tclass=\"lightbox-trigger\"\n\t\t\ttype=\"button\"\n\t\t\taria-haspopup=\"dialog\"\n\t\t\tdata-wp-bind--aria-label=\"state.thisImage.triggerButtonAriaLabel\"\n\t\t\tdata-wp-init=\"callbacks.initTriggerButton\"\n\t\t\tdata-wp-on--click=\"actions.showLightbox\"\n\t\t\tdata-wp-style--right=\"state.thisImage.buttonRight\"\n\t\t\tdata-wp-style--top=\"state.thisImage.buttonTop\"\n\t\t>\n\t\t\t<svg xmlns=\"http:\/\/www.w3.org\/2000\/svg\" width=\"12\" height=\"12\" fill=\"none\" viewBox=\"0 0 12 12\">\n\t\t\t\t<path fill=\"#fff\" d=\"M2 0a2 2 0 0 0-2 2v2h1.5V2a.5.5 0 0 1 .5-.5h2V0H2Zm2 10.5H2a.5.5 0 0 1-.5-.5V8H0v2a2 2 0 0 0 2 2h2v-1.5ZM8 12v-1.5h2a.5.5 0 0 0 .5-.5V8H12v2a2 2 0 0 1-2 2H8Zm2-12a2 2 0 0 1 2 2v2h-1.5V2a.5.5 0 0 0-.5-.5H8V0h2Z\" \/>\n\t\t\t<\/svg>\n\t\t<\/button><figcaption class=\"wp-element-caption\">T\u00e1bor<\/figcaption><\/figure>\n\n\n\n<h3 class=\"wp-block-heading\"><span class=\"ez-toc-section\" id=\"Ceske_Budejovice\"><\/span>\u010cesk\u00e9 Bud\u011bjovice<span class=\"ez-toc-section-end\"><\/span><\/h3>\n\n\n\n<p class=\"wp-block-paragraph\"><strong><a href=\"https:\/\/loudavymkrokem.cz\/pt-br\/ceske-budejovice-tchequia-o-que-fazer\/\" target=\"_blank\" data-type=\"link\" data-id=\"https:\/\/loudavymkrokem.cz\/ceske-budejovice\/\" rel=\"noreferrer noopener\">\u010cesk\u00e9 Bud\u011bjovice<\/a><\/strong> fica a cerca de quarenta minutos de carro de P\u00edsek. A enorme <strong>pra\u00e7a P\u0159emysla Otakara II<\/strong>, a subida \u00e0 <strong>Torre Negra<\/strong> (225 degraus, mas que vista!) e, claro, a cervejaria Budvar com visita guiada. A metr\u00f3pole do sul da Bo\u00eamia, onde d\u00e1 para passar o dia inteiro e ainda assim n\u00e3o ver tudo.<\/p>\n\n\n\n<figure data-wp-context=\"{&quot;imageId&quot;:&quot;6a956336a296e&quot;}\" data-wp-interactive=\"core\/image\" data-wp-key=\"6a956336a296e\" class=\"wp-block-image size-full wp-lightbox-container\"><img decoding=\"async\" width=\"1500\" height=\"1000\" data-wp-class--hide=\"state.isContentHidden\" data-wp-class--show=\"state.isContentVisible\" data-wp-init=\"callbacks.setButtonStyles\" data-wp-on--click=\"actions.showLightbox\" data-wp-on--load=\"callbacks.setButtonStyles\" data-wp-on--pointerdown=\"actions.preloadImage\" data-wp-on--pointerenter=\"actions.preloadImageWithDelay\" data-wp-on--pointerleave=\"actions.cancelPreload\" data-wp-on-window--resize=\"callbacks.setButtonStyles\" src=\"https:\/\/loudavymkrokem.cz\/wp-content\/uploads\/2024\/03\/namesti-ceske-budejovice.jpg\" alt=\"O que ver e fazer em \u010cesk\u00e9 Bud\u011bjovice\" class=\"wp-image-83546\" title=\"\" srcset=\"https:\/\/loudavymkrokem.cz\/wp-content\/uploads\/2024\/03\/namesti-ceske-budejovice.jpg 1500w, https:\/\/loudavymkrokem.cz\/wp-content\/uploads\/2024\/03\/namesti-ceske-budejovice-300x200.jpg 300w, https:\/\/loudavymkrokem.cz\/wp-content\/uploads\/2024\/03\/namesti-ceske-budejovice-700x467.jpg 700w, https:\/\/loudavymkrokem.cz\/wp-content\/uploads\/2024\/03\/namesti-ceske-budejovice-768x512.jpg 768w, https:\/\/loudavymkrokem.cz\/wp-content\/uploads\/2024\/03\/namesti-ceske-budejovice-696x464.jpg 696w, https:\/\/loudavymkrokem.cz\/wp-content\/uploads\/2024\/03\/namesti-ceske-budejovice-1392x928.jpg 1392w\" sizes=\"(max-width: 1500px) 100vw, 1500px\" \/><button\n\t\t\tclass=\"lightbox-trigger\"\n\t\t\ttype=\"button\"\n\t\t\taria-haspopup=\"dialog\"\n\t\t\tdata-wp-bind--aria-label=\"state.thisImage.triggerButtonAriaLabel\"\n\t\t\tdata-wp-init=\"callbacks.initTriggerButton\"\n\t\t\tdata-wp-on--click=\"actions.showLightbox\"\n\t\t\tdata-wp-style--right=\"state.thisImage.buttonRight\"\n\t\t\tdata-wp-style--top=\"state.thisImage.buttonTop\"\n\t\t>\n\t\t\t<svg xmlns=\"http:\/\/www.w3.org\/2000\/svg\" width=\"12\" height=\"12\" fill=\"none\" viewBox=\"0 0 12 12\">\n\t\t\t\t<path fill=\"#fff\" d=\"M2 0a2 2 0 0 0-2 2v2h1.5V2a.5.5 0 0 1 .5-.5h2V0H2Zm2 10.5H2a.5.5 0 0 1-.5-.5V8H0v2a2 2 0 0 0 2 2h2v-1.5ZM8 12v-1.5h2a.5.5 0 0 0 .5-.5V8H12v2a2 2 0 0 1-2 2H8Zm2-12a2 2 0 0 1 2 2v2h-1.5V2a.5.5 0 0 0-.5-.5H8V0h2Z\" \/>\n\t\t\t<\/svg>\n\t\t<\/button><figcaption class=\"wp-element-caption\">O que ver e fazer em \u010cesk\u00e9 Bud\u011bjovice<\/figcaption><\/figure>\n\n\n\n<h3 class=\"wp-block-heading\"><span class=\"ez-toc-section\" id=\"Hluboka_nad_Vltavou\"><\/span>Hlubok\u00e1 nad Vltavou<span class=\"ez-toc-section-end\"><\/span><\/h3>\n\n\n\n<figure data-wp-context=\"{&quot;imageId&quot;:&quot;6a956336a2d7a&quot;}\" data-wp-interactive=\"core\/image\" data-wp-key=\"6a956336a2d7a\" class=\"wp-block-image size-full wp-lightbox-container\"><img decoding=\"async\" width=\"1600\" height=\"1244\" data-wp-class--hide=\"state.isContentHidden\" data-wp-class--show=\"state.isContentVisible\" data-wp-init=\"callbacks.setButtonStyles\" data-wp-on--click=\"actions.showLightbox\" data-wp-on--load=\"callbacks.setButtonStyles\" data-wp-on--pointerdown=\"actions.preloadImage\" data-wp-on--pointerenter=\"actions.preloadImageWithDelay\" data-wp-on--pointerleave=\"actions.cancelPreload\" data-wp-on-window--resize=\"callbacks.setButtonStyles\" src=\"https:\/\/loudavymkrokem.cz\/wp-content\/uploads\/2026\/08\/zamek-hluboka-nad-vltavou-zapad-slunce.jpg\" alt=\"Pal\u00e1cio Hlubok\u00e1 nad Vltavou ao p\u00f4r do sol\" class=\"wp-image-399405\" title=\"\" srcset=\"https:\/\/loudavymkrokem.cz\/wp-content\/uploads\/2026\/08\/zamek-hluboka-nad-vltavou-zapad-slunce.jpg 1600w, https:\/\/loudavymkrokem.cz\/wp-content\/uploads\/2026\/08\/zamek-hluboka-nad-vltavou-zapad-slunce-300x233.jpg 300w, https:\/\/loudavymkrokem.cz\/wp-content\/uploads\/2026\/08\/zamek-hluboka-nad-vltavou-zapad-slunce-700x544.jpg 700w, https:\/\/loudavymkrokem.cz\/wp-content\/uploads\/2026\/08\/zamek-hluboka-nad-vltavou-zapad-slunce-768x597.jpg 768w, https:\/\/loudavymkrokem.cz\/wp-content\/uploads\/2026\/08\/zamek-hluboka-nad-vltavou-zapad-slunce-1536x1194.jpg 1536w, https:\/\/loudavymkrokem.cz\/wp-content\/uploads\/2026\/08\/zamek-hluboka-nad-vltavou-zapad-slunce-696x541.jpg 696w, https:\/\/loudavymkrokem.cz\/wp-content\/uploads\/2026\/08\/zamek-hluboka-nad-vltavou-zapad-slunce-1392x1082.jpg 1392w\" sizes=\"(max-width: 1600px) 100vw, 1600px\" \/><button\n\t\t\tclass=\"lightbox-trigger\"\n\t\t\ttype=\"button\"\n\t\t\taria-haspopup=\"dialog\"\n\t\t\tdata-wp-bind--aria-label=\"state.thisImage.triggerButtonAriaLabel\"\n\t\t\tdata-wp-init=\"callbacks.initTriggerButton\"\n\t\t\tdata-wp-on--click=\"actions.showLightbox\"\n\t\t\tdata-wp-style--right=\"state.thisImage.buttonRight\"\n\t\t\tdata-wp-style--top=\"state.thisImage.buttonTop\"\n\t\t>\n\t\t\t<svg xmlns=\"http:\/\/www.w3.org\/2000\/svg\" width=\"12\" height=\"12\" fill=\"none\" viewBox=\"0 0 12 12\">\n\t\t\t\t<path fill=\"#fff\" d=\"M2 0a2 2 0 0 0-2 2v2h1.5V2a.5.5 0 0 1 .5-.5h2V0H2Zm2 10.5H2a.5.5 0 0 1-.5-.5V8H0v2a2 2 0 0 0 2 2h2v-1.5ZM8 12v-1.5h2a.5.5 0 0 0 .5-.5V8H12v2a2 2 0 0 1-2 2H8Zm2-12a2 2 0 0 1 2 2v2h-1.5V2a.5.5 0 0 0-.5-.5H8V0h2Z\" \/>\n\t\t\t<\/svg>\n\t\t<\/button><\/figure>\n\n\n\n<p class=\"wp-block-paragraph\">Nosso pal\u00e1cio de conto de fadas mais famoso fica a menos de 40 minutos de P\u00edsek. Durante o ver\u00e3o, para crian\u00e7as de 5 a 10 anos, preparam <strong>visitas com a princesa<\/strong>, a princesa Eleonora, fantasiada, guia todos os dias \u00e0s 12h15, 13h30 e 14h45, mas o grupo \u00e9 de apenas vinte pessoas, ent\u00e3o reserve online com anteced\u00eancia. E logo abaixo do pal\u00e1cio, junto ao lago Munick\u00fd, fica o <strong>ZOO Hlubok\u00e1<\/strong> (R$ 45 adultos, R$ 35 crian\u00e7as, pequenos at\u00e9 90 cm n\u00e3o pagam \/ 180 e 140 K\u010d), grande na medida certa para os pezinhos pequenos darem conta.<\/p>\n\n\n\n<h3 class=\"wp-block-heading\"><span class=\"ez-toc-section\" id=\"Cesky_Krumlov\"><\/span>\u010cesk\u00fd Krumlov<span class=\"ez-toc-section-end\"><\/span><\/h3>\n\n\n\n<p class=\"wp-block-paragraph\">Uma hora de viagem e voc\u00ea est\u00e1 numa <a href=\"https:\/\/loudavymkrokem.cz\/pt-br\/cesky-krumlov-tchequia-dicas\/\" target=\"_blank\" data-type=\"link\" data-id=\"https:\/\/loudavymkrokem.cz\/cesky-krumlov\/\" rel=\"noreferrer noopener\"><strong>cidade Patrim\u00f4nio da UNESCO<\/strong><\/a> que parece sa\u00edda de um filme medieval. Pal\u00e1cio com ursos no fosso (\u00e9 s\u00e9rio, ursos vivos), centro cheio de ruelas e a galeria de Egon Schiele para os amantes da arte. Conte com multid\u00f5es de turistas, mas mesmo assim vale a pena. Melhor fora da alta temporada.<\/p>\n\n\n\n<figure data-wp-context=\"{&quot;imageId&quot;:&quot;6a956336a352e&quot;}\" data-wp-interactive=\"core\/image\" data-wp-key=\"6a956336a352e\" class=\"wp-block-image size-full wp-lightbox-container\"><img decoding=\"async\" data-wp-class--hide=\"state.isContentHidden\" data-wp-class--show=\"state.isContentVisible\" data-wp-init=\"callbacks.setButtonStyles\" data-wp-on--click=\"actions.showLightbox\" data-wp-on--load=\"callbacks.setButtonStyles\" data-wp-on--pointerdown=\"actions.preloadImage\" data-wp-on--pointerenter=\"actions.preloadImageWithDelay\" data-wp-on--pointerleave=\"actions.cancelPreload\" data-wp-on-window--resize=\"callbacks.setButtonStyles\" src=\"https:\/\/loudavymkrokem.cz\/wp-content\/uploads\/2024\/01\/cesky-krumlov-2.jpg\" alt=\"\u010cesk\u00fd Krumlov\" class=\"wp-image-122246\" title=\"\"><button\n\t\t\tclass=\"lightbox-trigger\"\n\t\t\ttype=\"button\"\n\t\t\taria-haspopup=\"dialog\"\n\t\t\tdata-wp-bind--aria-label=\"state.thisImage.triggerButtonAriaLabel\"\n\t\t\tdata-wp-init=\"callbacks.initTriggerButton\"\n\t\t\tdata-wp-on--click=\"actions.showLightbox\"\n\t\t\tdata-wp-style--right=\"state.thisImage.buttonRight\"\n\t\t\tdata-wp-style--top=\"state.thisImage.buttonTop\"\n\t\t>\n\t\t\t<svg xmlns=\"http:\/\/www.w3.org\/2000\/svg\" width=\"12\" height=\"12\" fill=\"none\" viewBox=\"0 0 12 12\">\n\t\t\t\t<path fill=\"#fff\" d=\"M2 0a2 2 0 0 0-2 2v2h1.5V2a.5.5 0 0 1 .5-.5h2V0H2Zm2 10.5H2a.5.5 0 0 1-.5-.5V8H0v2a2 2 0 0 0 2 2h2v-1.5ZM8 12v-1.5h2a.5.5 0 0 0 .5-.5V8H12v2a2 2 0 0 1-2 2H8Zm2-12a2 2 0 0 1 2 2v2h-1.5V2a.5.5 0 0 0-.5-.5H8V0h2Z\" \/>\n\t\t\t<\/svg>\n\t\t<\/button><figcaption class=\"wp-element-caption\">\u010cesk\u00fd Krumlov<\/figcaption><\/figure>\n\n\n\n<h3 class=\"wp-block-heading\"><span class=\"ez-toc-section\" id=\"Sumava\"><\/span>\u0160umava<span class=\"ez-toc-section-end\"><\/span><\/h3>\n\n\n\n<p class=\"wp-block-paragraph\"><strong>Basta uma hora e voc\u00ea est\u00e1 no <a href=\"https:\/\/loudavymkrokem.cz\/pt-br\/sumava-republica-tcheca-carrinho-bebe\/\" target=\"_blank\" data-type=\"link\" data-id=\"https:\/\/loudavymkrokem.cz\/sumava-s-kocarkem\/\" rel=\"noreferrer noopener\">Parque Nacional \u0160umava<\/a><\/strong>. A floresta prim\u00e1ria de Boub\u00edn, o rio bravo Vydra, Modrava para os amantes das hist\u00f3rias de aventura (ou pelo menos daquela sensa\u00e7\u00e3o), ciclovias para o dia inteiro. A \u0160umava \u00e9 outro mundo \u2013 mais lento, mais verde, mais silencioso. Um reset ideal de tudo.<\/p>\n\n\n\n<figure data-wp-context=\"{&quot;imageId&quot;:&quot;6a956336a3b5a&quot;}\" data-wp-interactive=\"core\/image\" data-wp-key=\"6a956336a3b5a\" class=\"wp-block-image size-full wp-lightbox-container\"><img decoding=\"async\" width=\"1200\" height=\"800\" data-wp-class--hide=\"state.isContentHidden\" data-wp-class--show=\"state.isContentVisible\" data-wp-init=\"callbacks.setButtonStyles\" data-wp-on--click=\"actions.showLightbox\" data-wp-on--load=\"callbacks.setButtonStyles\" data-wp-on--pointerdown=\"actions.preloadImage\" data-wp-on--pointerenter=\"actions.preloadImageWithDelay\" data-wp-on--pointerleave=\"actions.cancelPreload\" data-wp-on-window--resize=\"callbacks.setButtonStyles\" src=\"https:\/\/loudavymkrokem.cz\/wp-content\/uploads\/2024\/05\/sumava-s-kocarkem-3.jpg\" alt=\"\u0160umava\" class=\"wp-image-84399\" title=\"\" srcset=\"https:\/\/loudavymkrokem.cz\/wp-content\/uploads\/2024\/05\/sumava-s-kocarkem-3.jpg 1200w, https:\/\/loudavymkrokem.cz\/wp-content\/uploads\/2024\/05\/sumava-s-kocarkem-3-300x200.jpg 300w, https:\/\/loudavymkrokem.cz\/wp-content\/uploads\/2024\/05\/sumava-s-kocarkem-3-700x467.jpg 700w, https:\/\/loudavymkrokem.cz\/wp-content\/uploads\/2024\/05\/sumava-s-kocarkem-3-768x512.jpg 768w, https:\/\/loudavymkrokem.cz\/wp-content\/uploads\/2024\/05\/sumava-s-kocarkem-3-696x464.jpg 696w\" sizes=\"(max-width: 1200px) 100vw, 1200px\" \/><button\n\t\t\tclass=\"lightbox-trigger\"\n\t\t\ttype=\"button\"\n\t\t\taria-haspopup=\"dialog\"\n\t\t\tdata-wp-bind--aria-label=\"state.thisImage.triggerButtonAriaLabel\"\n\t\t\tdata-wp-init=\"callbacks.initTriggerButton\"\n\t\t\tdata-wp-on--click=\"actions.showLightbox\"\n\t\t\tdata-wp-style--right=\"state.thisImage.buttonRight\"\n\t\t\tdata-wp-style--top=\"state.thisImage.buttonTop\"\n\t\t>\n\t\t\t<svg xmlns=\"http:\/\/www.w3.org\/2000\/svg\" width=\"12\" height=\"12\" fill=\"none\" viewBox=\"0 0 12 12\">\n\t\t\t\t<path fill=\"#fff\" d=\"M2 0a2 2 0 0 0-2 2v2h1.5V2a.5.5 0 0 1 .5-.5h2V0H2Zm2 10.5H2a.5.5 0 0 1-.5-.5V8H0v2a2 2 0 0 0 2 2h2v-1.5ZM8 12v-1.5h2a.5.5 0 0 0 .5-.5V8H12v2a2 2 0 0 1-2 2H8Zm2-12a2 2 0 0 1 2 2v2h-1.5V2a.5.5 0 0 0-.5-.5H8V0h2Z\" \/>\n\t\t\t<\/svg>\n\t\t<\/button><figcaption class=\"wp-element-caption\">\u0160umava<\/figcaption><\/figure>\n\n\n\n<h3 class=\"wp-block-heading\"><span class=\"ez-toc-section\" id=\"Praga\"><\/span>Praga<span class=\"ez-toc-section-end\"><\/span><\/h3>\n\n\n\n<p class=\"wp-block-paragraph\"><strong><a href=\"https:\/\/loudavymkrokem.cz\/pt-br\/o-que-fazer-praga\/\" target=\"_blank\" data-type=\"link\" data-id=\"https:\/\/loudavymkrokem.cz\/co-videt-v-praze\/\" rel=\"noreferrer noopener\">Praga<\/a><\/strong> fica a cerca de uma hora de carro de P\u00edsek pela D4, ou <strong>70 minutos de \u00f4nibus RegioJet<\/strong>. Confort\u00e1vel, sem o estresse de estacionar, por R$ 30\u201355 (120\u2013220 K\u010d). Praga \u00e9 Praga, mas \u00e9 bom saber que, de P\u00edsek, \u00e9 pertinho. Para um passeio, um show, um museu, e \u00e0 noite de volta para casa, \u00e0s margens do Otava.<\/p>\n\n\n\n<figure data-wp-context=\"{&quot;imageId&quot;:&quot;6a956336a41b0&quot;}\" data-wp-interactive=\"core\/image\" data-wp-key=\"6a956336a41b0\" class=\"wp-block-image size-full wp-lightbox-container\"><img decoding=\"async\" width=\"1200\" height=\"800\" data-wp-class--hide=\"state.isContentHidden\" data-wp-class--show=\"state.isContentVisible\" data-wp-init=\"callbacks.setButtonStyles\" data-wp-on--click=\"actions.showLightbox\" data-wp-on--load=\"callbacks.setButtonStyles\" data-wp-on--pointerdown=\"actions.preloadImage\" data-wp-on--pointerenter=\"actions.preloadImageWithDelay\" data-wp-on--pointerleave=\"actions.cancelPreload\" data-wp-on-window--resize=\"callbacks.setButtonStyles\" src=\"https:\/\/loudavymkrokem.cz\/wp-content\/uploads\/2025\/03\/recenze-domus-balthasar-praha-s-batoletem-3.jpg\" alt=\"At\u00e9 a Ponte Carlos \u00e9 s\u00f3 um minuto\" class=\"wp-image-94712\" title=\"\" srcset=\"https:\/\/loudavymkrokem.cz\/wp-content\/uploads\/2025\/03\/recenze-domus-balthasar-praha-s-batoletem-3.jpg 1200w, https:\/\/loudavymkrokem.cz\/wp-content\/uploads\/2025\/03\/recenze-domus-balthasar-praha-s-batoletem-3-300x200.jpg 300w, https:\/\/loudavymkrokem.cz\/wp-content\/uploads\/2025\/03\/recenze-domus-balthasar-praha-s-batoletem-3-700x467.jpg 700w, https:\/\/loudavymkrokem.cz\/wp-content\/uploads\/2025\/03\/recenze-domus-balthasar-praha-s-batoletem-3-768x512.jpg 768w, https:\/\/loudavymkrokem.cz\/wp-content\/uploads\/2025\/03\/recenze-domus-balthasar-praha-s-batoletem-3-696x464.jpg 696w\" sizes=\"(max-width: 1200px) 100vw, 1200px\" \/><button\n\t\t\tclass=\"lightbox-trigger\"\n\t\t\ttype=\"button\"\n\t\t\taria-haspopup=\"dialog\"\n\t\t\tdata-wp-bind--aria-label=\"state.thisImage.triggerButtonAriaLabel\"\n\t\t\tdata-wp-init=\"callbacks.initTriggerButton\"\n\t\t\tdata-wp-on--click=\"actions.showLightbox\"\n\t\t\tdata-wp-style--right=\"state.thisImage.buttonRight\"\n\t\t\tdata-wp-style--top=\"state.thisImage.buttonTop\"\n\t\t>\n\t\t\t<svg xmlns=\"http:\/\/www.w3.org\/2000\/svg\" width=\"12\" height=\"12\" fill=\"none\" viewBox=\"0 0 12 12\">\n\t\t\t\t<path fill=\"#fff\" d=\"M2 0a2 2 0 0 0-2 2v2h1.5V2a.5.5 0 0 1 .5-.5h2V0H2Zm2 10.5H2a.5.5 0 0 1-.5-.5V8H0v2a2 2 0 0 0 2 2h2v-1.5ZM8 12v-1.5h2a.5.5 0 0 0 .5-.5V8H12v2a2 2 0 0 1-2 2H8Zm2-12a2 2 0 0 1 2 2v2h-1.5V2a.5.5 0 0 0-.5-.5H8V0h2Z\" \/>\n\t\t\t<\/svg>\n\t\t<\/button><figcaption class=\"wp-element-caption\">Praga<\/figcaption><\/figure>\n\n\n\n<h2 class=\"wp-block-heading\"><span class=\"ez-toc-section\" id=\"O_que_ver_em_Pisek_conclusao\"><\/span>O que ver em P\u00edsek: conclus\u00e3o<span class=\"ez-toc-section-end\"><\/span><\/h2>\n\n\n\n<figure data-wp-context=\"{&quot;imageId&quot;:&quot;6a956336a47c5&quot;}\" data-wp-interactive=\"core\/image\" data-wp-key=\"6a956336a47c5\" class=\"wp-block-image size-full wp-lightbox-container\"><img decoding=\"async\" width=\"2200\" height=\"1467\" data-wp-class--hide=\"state.isContentHidden\" data-wp-class--show=\"state.isContentVisible\" data-wp-init=\"callbacks.setButtonStyles\" data-wp-on--click=\"actions.showLightbox\" data-wp-on--load=\"callbacks.setButtonStyles\" data-wp-on--pointerdown=\"actions.preloadImage\" data-wp-on--pointerenter=\"actions.preloadImageWithDelay\" data-wp-on--pointerleave=\"actions.cancelPreload\" data-wp-on-window--resize=\"callbacks.setButtonStyles\" src=\"https:\/\/loudavymkrokem.cz\/wp-content\/uploads\/2026\/08\/pisek-otava-naplavka-most.jpg\" alt=\"Orla do rio Otava junto \u00e0 ponte de pedra em P\u00edsek\" class=\"wp-image-399329\" title=\"\" srcset=\"https:\/\/loudavymkrokem.cz\/wp-content\/uploads\/2026\/08\/pisek-otava-naplavka-most.jpg 2200w, https:\/\/loudavymkrokem.cz\/wp-content\/uploads\/2026\/08\/pisek-otava-naplavka-most-300x200.jpg 300w, https:\/\/loudavymkrokem.cz\/wp-content\/uploads\/2026\/08\/pisek-otava-naplavka-most-700x467.jpg 700w, https:\/\/loudavymkrokem.cz\/wp-content\/uploads\/2026\/08\/pisek-otava-naplavka-most-768x512.jpg 768w, https:\/\/loudavymkrokem.cz\/wp-content\/uploads\/2026\/08\/pisek-otava-naplavka-most-1536x1024.jpg 1536w, https:\/\/loudavymkrokem.cz\/wp-content\/uploads\/2026\/08\/pisek-otava-naplavka-most-2048x1366.jpg 2048w, https:\/\/loudavymkrokem.cz\/wp-content\/uploads\/2026\/08\/pisek-otava-naplavka-most-696x464.jpg 696w, https:\/\/loudavymkrokem.cz\/wp-content\/uploads\/2026\/08\/pisek-otava-naplavka-most-1392x928.jpg 1392w, https:\/\/loudavymkrokem.cz\/wp-content\/uploads\/2026\/08\/pisek-otava-naplavka-most-1920x1280.jpg 1920w\" sizes=\"(max-width: 2200px) 100vw, 2200px\" \/><button\n\t\t\tclass=\"lightbox-trigger\"\n\t\t\ttype=\"button\"\n\t\t\taria-haspopup=\"dialog\"\n\t\t\tdata-wp-bind--aria-label=\"state.thisImage.triggerButtonAriaLabel\"\n\t\t\tdata-wp-init=\"callbacks.initTriggerButton\"\n\t\t\tdata-wp-on--click=\"actions.showLightbox\"\n\t\t\tdata-wp-style--right=\"state.thisImage.buttonRight\"\n\t\t\tdata-wp-style--top=\"state.thisImage.buttonTop\"\n\t\t>\n\t\t\t<svg xmlns=\"http:\/\/www.w3.org\/2000\/svg\" width=\"12\" height=\"12\" fill=\"none\" viewBox=\"0 0 12 12\">\n\t\t\t\t<path fill=\"#fff\" d=\"M2 0a2 2 0 0 0-2 2v2h1.5V2a.5.5 0 0 1 .5-.5h2V0H2Zm2 10.5H2a.5.5 0 0 1-.5-.5V8H0v2a2 2 0 0 0 2 2h2v-1.5ZM8 12v-1.5h2a.5.5 0 0 0 .5-.5V8H12v2a2 2 0 0 1-2 2H8Zm2-12a2 2 0 0 1 2 2v2h-1.5V2a.5.5 0 0 0-.5-.5H8V0h2Z\" \/>\n\t\t\t<\/svg>\n\t\t<\/button><\/figure>\n\n\n\n<p class=\"wp-block-paragraph\">Pronto. Aqui est\u00e1 \u2013 P\u00edsek do jeito que eu conhe\u00e7o e amo. Uma cidade que n\u00e3o espera pelas multid\u00f5es de turistas, mas que vive tranquilamente sua bela vida \u00e0 beira do rio. Com a ponte mais antiga, com uma galeria onde as crian\u00e7as brincam, com caf\u00e9s onde n\u00e3o queimam o seu caf\u00e9 e com hist\u00f3rias que foram escritas aqui por s\u00e9culos.<\/p>\n\n\n\n<p class=\"wp-block-paragraph\">Nasci aqui, voltei para c\u00e1 e sou grata por isso. Mas P\u00edsek n\u00e3o \u00e9 ciumenta \u2013 ela gosta de se compartilhar. Ent\u00e3o venha, caminhe pela ponte, tome um caf\u00e9 na pra\u00e7a, d\u00ea uma passada na Sladovna, olhe o Otava da passarela Dagmar \u0160imkov\u00e1 e deixe-se surpreender com quanta beleza cabe numa \u00fanica cidade do sul da Bo\u00eamia. Voc\u00ea tem muito o que esperar.<\/p>\n\n\n\n<h2 class=\"wp-block-heading\"><span class=\"ez-toc-section\" id=\"Aonde_ir_a_seguir\"><\/span>Aonde ir a seguir<span class=\"ez-toc-section-end\"><\/span><\/h2>\n\n\n\n<p class=\"wp-block-paragraph\">Eventos atuais, festivais e uma vis\u00e3o geral dos lugares em P\u00edsek voc\u00ea encontra em <a href=\"https:\/\/pisek.info\" target=\"_blank\" rel=\"noopener\">pisek.info<\/a> (se\u00e7\u00f5es <a href=\"https:\/\/pisek.info\/akce\" target=\"_blank\" rel=\"noopener\">Eventos<\/a> e <a href=\"https:\/\/pisek.info\/mista\" target=\"_blank\" rel=\"noopener\">Lugares<\/a>). Vai com crian\u00e7as? Ent\u00e3o leia o meu guia \u00e0 parte <a href=\"https:\/\/loudavymkrokem.cz\/pisek-s-detmi\/\">P\u00edsek com crian\u00e7as: 40 dicas de uma m\u00e3e local<\/a>, onde voc\u00ea encontra todos os espa\u00e7os de brincar, parquinhos e passeios em fam\u00edlia com os pre\u00e7os. Se voc\u00ea pretende passar mais dias no sul da Bo\u00eamia, d\u00ea uma olhada no grande panorama <a href=\"https:\/\/loudavymkrokem.cz\/pt-br\/boemia-do-sul-lugares-bonitos\/\">Para onde ir de f\u00e9rias no sul da Bo\u00eamia: 15 lugares mais bonitos (tamb\u00e9m com crian\u00e7as)<\/a>, onde P\u00edsek se soma a outros catorze cantos lindos da regi\u00e3o. Pertinho de P\u00edsek fica a hussita <a href=\"https:\/\/loudavymkrokem.cz\/pt-br\/tabor-tchequia-o-que-ver\/\">T\u00e1bor, sobre a qual temos um guia detalhado<\/a>, e em quarenta minutos voc\u00ea est\u00e1 em <a href=\"https:\/\/loudavymkrokem.cz\/pt-br\/ceske-budejovice-tchequia-o-que-fazer\/\">\u010cesk\u00e9 Bud\u011bjovice<\/a>. E se a Ch\u00e9quia inteira te atrai, confira as <a href=\"https:\/\/loudavymkrokem.cz\/pt-br\/ferias-republica-tcheca-lugares\/\">20 dicas de para onde viajar na Ch\u00e9quia<\/a>.<\/p>\n\n\n\n<p class=\"wp-block-paragraph\">Quer sair de P\u00edsek para explorar os arredores? Escrevi um guia \u00e0 parte, <a href=\"https:\/\/loudavymkrokem.cz\/pt-br\/passeios-perto-pisek\/\">Passeios nos arredores de P\u00edsek: 30 dicas de uma local<\/a> \u2014 os castelos Zv\u00edkov e Orl\u00edk, a travessia de barco pela represa, Blatn\u00e1 e Hlubok\u00e1, tudo com a dist\u00e2ncia exata e o tempo de viagem a partir de P\u00edsek.<\/p>\n\n\n\n<h2 class=\"wp-block-heading\"><span class=\"ez-toc-section\" id=\"Perguntas_frequentes\"><\/span>Perguntas frequentes<span class=\"ez-toc-section-end\"><\/span><\/h2>\n\n\n<div id=\"rank-math-faq\" class=\"rank-math-block\">\n<div class=\"rank-math-list \">\n<div id=\"faq-question-1774379600001\" class=\"rank-math-list-item\">\n<h3 class=\"rank-math-question \"><span class=\"ez-toc-section\" id=\"A_Ponte_de_Pedra_em_Pisek_e_realmente_mais_antiga_que_a_Ponte_Carlos\"><\/span>A Ponte de Pedra em P\u00edsek \u00e9 realmente mais antiga que a Ponte Carlos?<span class=\"ez-toc-section-end\"><\/span><\/h3>\n<div class=\"rank-math-answer \">\n\n<p>Sim, e n\u00e3o \u00e9 apenas uma lenda. A Ponte de Pedra em P\u00edsek data da segunda metade do s\u00e9culo XIII, enquanto a Ponte Carlos em Praga foi fundada apenas em 1357. A ponte de P\u00edsek \u00e9 dezenas de anos mais antiga \u2014 \u00e9 a ponte de pedra preservada mais antiga da Rep\u00fablica Tcheca.<\/p>\n\n<\/div>\n<\/div>\n<div id=\"faq-question-1774379600002\" class=\"rank-math-list-item\">\n<h3 class=\"rank-math-question \"><span class=\"ez-toc-section\" id=\"A_Sladovna_tambem_diverte_criancas_maiores\"><\/span>A Sladovna tamb\u00e9m diverte crian\u00e7as maiores?<span class=\"ez-toc-section-end\"><\/span><\/h3>\n<div class=\"rank-math-answer \">\n\n<p>Com certeza. O formigueiro e as exposi\u00e7\u00f5es interativas em constante mudan\u00e7a s\u00e3o projetados para cativar tamb\u00e9m crian\u00e7as em idade escolar e adolescentes. N\u00e3o \u00e9 apenas um parquinho para crian\u00e7as pequenas \u2014 as crian\u00e7as maiores resolvem desafios l\u00f3gicos, experimentam e descobrem. Sinceramente, at\u00e9 os adultos se divertem.<\/p>\n\n<\/div>\n<\/div>\n<div id=\"faq-question-1774379600003\" class=\"rank-math-list-item\">\n<h3 class=\"rank-math-question \"><span class=\"ez-toc-section\" id=\"Onde_exatamente_ficam_as_esculturas_de_areia\"><\/span>Onde exatamente ficam as esculturas de areia?<span class=\"ez-toc-section-end\"><\/span><\/h3>\n<div class=\"rank-math-answer \">\n\n<p>No cal\u00e7ad\u00e3o junto \u00e0 Ponte de Pedra, bem ao lado do rio Otava. As esculturas costumam estar l\u00e1 da primavera ao ver\u00e3o e a visita \u00e9 gratuita. \u00c9 s\u00f3 chegar e apreciar \u2014 sem entrada, sem reserva.<\/p>\n\n<\/div>\n<\/div>\n<div id=\"faq-question-1774379600004\" class=\"rank-math-list-item\">\n<h3 class=\"rank-math-question \"><span class=\"ez-toc-section\" id=\"Como_chego_a_torre_de_observacao_Jarnik\"><\/span>Como chego \u00e0 torre de observa\u00e7\u00e3o Jarn\u00edk?<span class=\"ez-toc-section-end\"><\/span><\/h3>\n<div class=\"rank-math-answer \">\n\n<p>Do centro de P\u00edsek s\u00e3o cerca de 4 km, o caminho mais f\u00e1cil \u00e9 pela floresta a partir do estacionamento U Vod\u00e1ka (de carro voc\u00ea n\u00e3o consegue chegar at\u00e9 a torre). O caminho \u00e9 levemente inclinado e at\u00e9 as crian\u00e7as conseguem, depois s\u00e3o 182 degraus para subir e a entrada \u00e9 gratuita. No local voc\u00ea \u00e9 recompensado com uma vista panor\u00e2mica da cidade e da paisagem ao redor.<\/p>\n\n<\/div>\n<\/div>\n<div id=\"faq-question-1774379600005\" class=\"rank-math-list-item\">\n<h3 class=\"rank-math-question \"><span class=\"ez-toc-section\" id=\"Qual_e_a_melhor_epoca_para_visitar_o_Haras_Nacional\"><\/span>Qual \u00e9 a melhor \u00e9poca para visitar o Haras Nacional?<span class=\"ez-toc-section-end\"><\/span><\/h3>\n<div class=\"rank-math-answer \">\n\n<p>Idealmente no ver\u00e3o, de junho a outubro, quando acontecem visitas guiadas regulares com coment\u00e1rios \u2014 \u00e0s quartas, sextas e domingos \u00e0s 14h. Fora de temporada o acesso ao local \u00e9 limitado, ent\u00e3o o ver\u00e3o \u00e9 a escolha certa.<\/p>\n\n<\/div>\n<\/div>\n<div id=\"faq-question-1774379600006\" class=\"rank-math-list-item\">\n<h3 class=\"rank-math-question \"><span class=\"ez-toc-section\" id=\"Quanto_custa_a_entrada_no_Museu_de_Prachen\"><\/span>Quanto custa a entrada no Museu de Pr\u00e1che\u0148?<span class=\"ez-toc-section-end\"><\/span><\/h3>\n<div class=\"rank-math-answer \">\n\n<p>Adultos pagam R$ 12 (60 K\u010d), crian\u00e7as R$ 6 (30 K\u010d) e a entrada familiar sai por R$ 30 (150 K\u010d). Pelo que voc\u00ea ver\u00e1 l\u00e1 dentro \u2014 desde o castelo g\u00f3tico at\u00e9 cole\u00e7\u00f5es de toda a regi\u00e3o \u2014 \u00e9 provavelmente uma das melhores rela\u00e7\u00f5es custo-benef\u00edcio em P\u00edsek.<\/p>\n\n<\/div>\n<\/div>\n<div id=\"faq-question-1774379600007\" class=\"rank-math-list-item\">\n<h3 class=\"rank-math-question \"><span class=\"ez-toc-section\" id=\"Qual_e_a_melhor_forma_de_chegar_a_Pisek_saindo_de_Sao_Paulo\"><\/span>Qual \u00e9 a melhor forma de chegar a P\u00edsek saindo de S\u00e3o Paulo?<span class=\"ez-toc-section-end\"><\/span><\/h3>\n<div class=\"rank-math-answer \">\n\n<p>A op\u00e7\u00e3o mais confort\u00e1vel \u00e9 voar para Praga com conex\u00f5es via LATAM, GOL ou TAP a partir de S\u00e3o Paulo. De Praga, o \u00f4nibus RegioJet sai da parada Na Kn\u00ed\u017eec\u00ed e a viagem leva cerca de 70 minutos. A passagem custa entre R$ 25 e R$ 45 (120\u2013220 K\u010d) dependendo da tarifa. De carro pela rodovia D4 voc\u00ea faz em cerca de uma hora. Ambas as op\u00e7\u00f5es s\u00e3o tranquilas.<\/p>\n\n<\/div>\n<\/div>\n<div id=\"faq-question-1774379600008\" class=\"rank-math-list-item\">\n<h3 class=\"rank-math-question \"><span class=\"ez-toc-section\" id=\"O_que_fazer_em_Pisek_com_criancas\"><\/span>O que fazer em P\u00edsek com crian\u00e7as?<span class=\"ez-toc-section-end\"><\/span><\/h3>\n<div class=\"rank-math-answer \">\n\n<p>N\u00famero um \u00e9 a Sladovna (galeria l\u00fadica, R$ 30 \/ 150 K\u010d, crian\u00e7as at\u00e9 3 anos gr\u00e1tis), no ver\u00e3o as Esculturas de areia no cal\u00e7ad\u00e3o e a piscina p\u00fablica u V\u00e1clava, se chover a brinquedoteca My\u0161ka. Para passeios at\u00e9 20 minutos recomendo o Farmapark Maletice, Na\u0161e zv\u00ed\u0159\u00e1tka em Putim (gr\u00e1tis) e Kr\u00e1lovstv\u00ed \u010dasu em Protiv\u00edn. Temos um guia familiar completo no artigo P\u00edsek com crian\u00e7as.<\/p>\n\n<\/div>\n<\/div>\n<\/div>\n<\/div>\n","protected":false},"excerpt":{"rendered":"<p>O que ver em P\u00edsek? 39 dicas de uma local que voltou para casa com a fam\u00edlia: a ponte de pedra mais antiga, esculturas de areia, a Sladovna, caf\u00e9s e dicas com crian\u00e7as.<\/p>\n","protected":false},"author":3,"featured_media":399318,"comment_status":"open","ping_status":"open","sticky":false,"template":"","format":"standard","meta":{"_acf_changed":false,"footnotes":"","rank_math_title":"O Que Ver em P\u00edsek: 39 Dicas de uma Local","rank_math_description":"O que ver em P\u00edsek, no sul da Bo\u00eamia: 39 dicas de uma local sobre monumentos, mirantes secretos, caf\u00e9s e passeios com crian\u00e7as. Descubra e planeje sua visita!","rank_math_focus_keyword":"o que ver em P\u00edsek","rank_math_seo_score":""},"categories":[1121,1157,1104],"tags":[],"class_list":["post-409714","post","type-post","status-publish","format-standard","has-post-thumbnail","category-europa","category-republica-tcheca","category-viagens"],"acf":[],"featured_image_src":"https:\/\/loudavymkrokem.cz\/wp-content\/uploads\/2026\/08\/pisek-velke-namesti-radnice.jpg","author_info":{"display_name":"Lucie Kone\u010dn\u00e1","author_link":"https:\/\/loudavymkrokem.cz\/pt-br\/author\/lucie-konecna\/"},"_links":{"self":[{"href":"https:\/\/loudavymkrokem.cz\/pt-br\/wp-json\/wp\/v2\/posts\/409714","targetHints":{"allow":["GET"]}}],"collection":[{"href":"https:\/\/loudavymkrokem.cz\/pt-br\/wp-json\/wp\/v2\/posts"}],"about":[{"href":"https:\/\/loudavymkrokem.cz\/pt-br\/wp-json\/wp\/v2\/types\/post"}],"author":[{"embeddable":true,"href":"https:\/\/loudavymkrokem.cz\/pt-br\/wp-json\/wp\/v2\/users\/3"}],"replies":[{"embeddable":true,"href":"https:\/\/loudavymkrokem.cz\/pt-br\/wp-json\/wp\/v2\/comments?post=409714"}],"version-history":[{"count":2,"href":"https:\/\/loudavymkrokem.cz\/pt-br\/wp-json\/wp\/v2\/posts\/409714\/revisions"}],"predecessor-version":[{"id":409716,"href":"https:\/\/loudavymkrokem.cz\/pt-br\/wp-json\/wp\/v2\/posts\/409714\/revisions\/409716"}],"wp:featuredmedia":[{"embeddable":true,"href":"https:\/\/loudavymkrokem.cz\/pt-br\/wp-json\/wp\/v2\/media\/399318"}],"wp:attachment":[{"href":"https:\/\/loudavymkrokem.cz\/pt-br\/wp-json\/wp\/v2\/media?parent=409714"}],"wp:term":[{"taxonomy":"category","embeddable":true,"href":"https:\/\/loudavymkrokem.cz\/pt-br\/wp-json\/wp\/v2\/categories?post=409714"},{"taxonomy":"post_tag","embeddable":true,"href":"https:\/\/loudavymkrokem.cz\/pt-br\/wp-json\/wp\/v2\/tags?post=409714"}],"curies":[{"name":"wp","href":"https:\/\/api.w.org\/{rel}","templated":true}]}}