{"id":409708,"date":"2026-08-27T11:40:20","date_gmt":"2026-08-27T09:40:20","guid":{"rendered":"https:\/\/loudavymkrokem.cz\/olomouc-republica-tcheca-criancas\/"},"modified":"2026-08-31T11:19:58","modified_gmt":"2026-08-31T09:19:58","slug":"olomouc-republica-tcheca-criancas","status":"publish","type":"post","link":"https:\/\/loudavymkrokem.cz\/pt-br\/olomouc-republica-tcheca-criancas\/","title":{"rendered":"Olomouc na Rep\u00fablica Tcheca com crian\u00e7as: 34 dicas para 2026"},"content":{"rendered":"\n<p class=\"wp-block-paragraph\"><strong>Olomouc, na Rep\u00fablica Tcheca, com crian\u00e7as<\/strong> pode soar como um plano arriscado \u00e0 primeira vista. Afinal, quando voc\u00ea ouve falar da segunda maior reserva hist\u00f3rica urbana do pa\u00eds, muitos pais j\u00e1 imaginam crian\u00e7as entediadas se arrastando pelos paralelep\u00edpedos e perguntando a cada cinco minutos quando finalmente v\u00e3o ao parquinho. Mas Olomouc engana. \u00c9 uma cidade incrivelmente compacta, onde voc\u00ea tem tudo de importante a uma curta caminhada, o centro hist\u00f3rico funciona como uma ampla zona de pedestres e, o mais importante, oferece tanta divers\u00e3o interativa que voc\u00ea n\u00e3o vai saber para onde correr primeiro. Ent\u00e3o, se voc\u00ea est\u00e1 pensando <strong>onde ir com crian\u00e7as em Olomouc<\/strong>, prepare-se: um fim de semana provavelmente n\u00e3o vai ser suficiente.<\/p>\n\n\n\n<p class=\"wp-block-paragraph\">Nossa fam\u00edlia se apaixonou completamente por essa cidade, porque, do ponto de vista de pai e m\u00e3e, \u00e9 simplesmente um destino ideal. Voc\u00ea n\u00e3o precisa ficar se deslocando o tempo todo em transporte p\u00fablico lotado, d\u00e1 para andar com carrinho de beb\u00ea surpreendentemente bem, e a cultura de caf\u00e9s locais \u00e9 famosa. Por isso reuni dicas sobre <strong>Olomouc com crian\u00e7as<\/strong> pensadas para qualquer clima: o que fazer ao ar livre quando o sol aparece, onde se abrigar quando come\u00e7a a chover e para onde ir se sobrar mais um dia na cidade.<\/p>\n\n\n\n<p class=\"wp-block-paragraph\">N\u00e3o importa se voc\u00ea tem em casa um bebezinho que precisa principalmente de um espa\u00e7o seguro para correr ou uma crian\u00e7a maior, j\u00e1 na escola, que prefere adrenalina e experimentos cient\u00edficos: vai encontrar aqui algo para voc\u00ea. Voc\u00ea vai descobrir as melhores atra\u00e7\u00f5es, os espa\u00e7os de recrea\u00e7\u00e3o mais queridinhos, o zool\u00f3gico na colina acima da cidade e dicas de lugares onde comer com a fam\u00edlia sem estresse.<\/p>\n\n\n\n<figure data-wp-context=\"{&quot;imageId&quot;:&quot;6a955d0e6e8a5&quot;}\" data-wp-interactive=\"core\/image\" data-wp-key=\"6a955d0e6e8a5\" class=\"wp-block-image size-full wp-lightbox-container\"><img decoding=\"async\" width=\"1650\" height=\"2200\" data-wp-class--hide=\"state.isContentHidden\" data-wp-class--show=\"state.isContentVisible\" data-wp-init=\"callbacks.setButtonStyles\" data-wp-on--click=\"actions.showLightbox\" data-wp-on--load=\"callbacks.setButtonStyles\" data-wp-on--pointerdown=\"actions.preloadImage\" data-wp-on--pointerenter=\"actions.preloadImageWithDelay\" data-wp-on--pointerleave=\"actions.cancelPreload\" data-wp-on-window--resize=\"callbacks.setButtonStyles\" src=\"https:\/\/loudavymkrokem.cz\/wp-content\/uploads\/2026\/08\/olomouc-s-detmi-hernicka-drevene-hracky.jpg\" alt=\"Espa\u00e7o de recrea\u00e7\u00e3o infantil no centro de Olomouc com brinquedos de madeira e casinha\" class=\"wp-image-401018\" title=\"\" srcset=\"https:\/\/loudavymkrokem.cz\/wp-content\/uploads\/2026\/08\/olomouc-s-detmi-hernicka-drevene-hracky.jpg 1650w, https:\/\/loudavymkrokem.cz\/wp-content\/uploads\/2026\/08\/olomouc-s-detmi-hernicka-drevene-hracky-225x300.jpg 225w, https:\/\/loudavymkrokem.cz\/wp-content\/uploads\/2026\/08\/olomouc-s-detmi-hernicka-drevene-hracky-700x933.jpg 700w, https:\/\/loudavymkrokem.cz\/wp-content\/uploads\/2026\/08\/olomouc-s-detmi-hernicka-drevene-hracky-768x1024.jpg 768w, https:\/\/loudavymkrokem.cz\/wp-content\/uploads\/2026\/08\/olomouc-s-detmi-hernicka-drevene-hracky-1152x1536.jpg 1152w, https:\/\/loudavymkrokem.cz\/wp-content\/uploads\/2026\/08\/olomouc-s-detmi-hernicka-drevene-hracky-1536x2048.jpg 1536w, https:\/\/loudavymkrokem.cz\/wp-content\/uploads\/2026\/08\/olomouc-s-detmi-hernicka-drevene-hracky-696x928.jpg 696w, https:\/\/loudavymkrokem.cz\/wp-content\/uploads\/2026\/08\/olomouc-s-detmi-hernicka-drevene-hracky-1392x1856.jpg 1392w\" sizes=\"(max-width: 1650px) 100vw, 1650px\" \/><button\n\t\t\tclass=\"lightbox-trigger\"\n\t\t\ttype=\"button\"\n\t\t\taria-haspopup=\"dialog\"\n\t\t\tdata-wp-bind--aria-label=\"state.thisImage.triggerButtonAriaLabel\"\n\t\t\tdata-wp-init=\"callbacks.initTriggerButton\"\n\t\t\tdata-wp-on--click=\"actions.showLightbox\"\n\t\t\tdata-wp-style--right=\"state.thisImage.buttonRight\"\n\t\t\tdata-wp-style--top=\"state.thisImage.buttonTop\"\n\t\t>\n\t\t\t<svg xmlns=\"http:\/\/www.w3.org\/2000\/svg\" width=\"12\" height=\"12\" fill=\"none\" viewBox=\"0 0 12 12\">\n\t\t\t\t<path fill=\"#fff\" d=\"M2 0a2 2 0 0 0-2 2v2h1.5V2a.5.5 0 0 1 .5-.5h2V0H2Zm2 10.5H2a.5.5 0 0 1-.5-.5V8H0v2a2 2 0 0 0 2 2h2v-1.5ZM8 12v-1.5h2a.5.5 0 0 0 .5-.5V8H12v2a2 2 0 0 1-2 2H8Zm2-12a2 2 0 0 1 2 2v2h-1.5V2a.5.5 0 0 0-.5-.5H8V0h2Z\" \/>\n\t\t\t<\/svg>\n\t\t<\/button><figcaption class=\"wp-element-caption\">Os espa\u00e7os de recrea\u00e7\u00e3o no centro de Olomouc salvam qualquer dia de chuva<\/figcaption><\/figure>\n\n\n\n<div id=\"ez-toc-container\" class=\"ez-toc-v2_0_86 ez-toc-wrap-left counter-hierarchy ez-toc-counter ez-toc-grey ez-toc-container-direction\">\n<div class=\"ez-toc-title-container\">\n<p class=\"ez-toc-title\" style=\"cursor:inherit\">Conte\u00fado do artigo<\/p>\n<span class=\"ez-toc-title-toggle\"><a href=\"#\" class=\"ez-toc-pull-right ez-toc-btn ez-toc-btn-xs ez-toc-btn-default ez-toc-toggle\" aria-label=\"Alternar tabela de conte\u00fado\"><span class=\"ez-toc-js-icon-con\"><span class=\"\"><span class=\"eztoc-hide\" style=\"display:none;\">Toggle<\/span><span class=\"ez-toc-icon-toggle-span\"><svg style=\"fill: #999;color:#999\" xmlns=\"http:\/\/www.w3.org\/2000\/svg\" class=\"list-377408\" width=\"20px\" height=\"20px\" viewBox=\"0 0 24 24\" fill=\"none\"><path d=\"M6 6H4v2h2V6zm14 0H8v2h12V6zM4 11h2v2H4v-2zm16 0H8v2h12v-2zM4 16h2v2H4v-2zm16 0H8v2h12v-2z\" fill=\"currentColor\"><\/path><\/svg><svg style=\"fill: #999;color:#999\" class=\"arrow-unsorted-368013\" xmlns=\"http:\/\/www.w3.org\/2000\/svg\" width=\"10px\" height=\"10px\" viewBox=\"0 0 24 24\" version=\"1.2\" baseProfile=\"tiny\"><path d=\"M18.2 9.3l-6.2-6.3-6.2 6.3c-.2.2-.3.4-.3.7s.1.5.3.7c.2.2.4.3.7.3h11c.3 0 .5-.1.7-.3.2-.2.3-.5.3-.7s-.1-.5-.3-.7zM5.8 14.7l6.2 6.3 6.2-6.3c.2-.2.3-.5.3-.7s-.1-.5-.3-.7c-.2-.2-.4-.3-.7-.3h-11c-.3 0-.5.1-.7.3-.2.2-.3.5-.3.7s.1.5.3.7z\"\/><\/svg><\/span><\/span><\/span><\/a><\/span><\/div>\n<nav><ul class='ez-toc-list ez-toc-list-level-1 ' ><ul class='ez-toc-list-level-3' ><li class='ez-toc-heading-level-3'><a class=\"ez-toc-link ez-toc-heading-1\" href=\"https:\/\/loudavymkrokem.cz\/pt-br\/olomouc-republica-tcheca-criancas\/#Resumo_Olomouc_com_criancas_em_poucas_palavras\" >Resumo: Olomouc com crian\u00e7as em poucas palavras<\/a><\/li><\/ul><\/li><li class='ez-toc-page-1 ez-toc-heading-level-2'><a class=\"ez-toc-link ez-toc-heading-2\" href=\"https:\/\/loudavymkrokem.cz\/pt-br\/olomouc-republica-tcheca-criancas\/#Quando_ir_a_Olomouc_com_criancas\" >Quando ir a Olomouc com crian\u00e7as<\/a><\/li><li class='ez-toc-page-1 ez-toc-heading-level-2'><a class=\"ez-toc-link ez-toc-heading-3\" href=\"https:\/\/loudavymkrokem.cz\/pt-br\/olomouc-republica-tcheca-criancas\/#Onde_ficar_em_Olomouc_com_criancas\" >Onde ficar em Olomouc com crian\u00e7as<\/a><\/li><li class='ez-toc-page-1 ez-toc-heading-level-2'><a class=\"ez-toc-link ez-toc-heading-4\" href=\"https:\/\/loudavymkrokem.cz\/pt-br\/olomouc-republica-tcheca-criancas\/#O_que_fazer_em_Olomouc_com_criancas_ao_ar_livre\" >O que fazer em Olomouc com crian\u00e7as ao ar livre<\/a><ul class='ez-toc-list-level-3' ><li class='ez-toc-heading-level-3'><a class=\"ez-toc-link ez-toc-heading-5\" href=\"https:\/\/loudavymkrokem.cz\/pt-br\/olomouc-republica-tcheca-criancas\/#1_O_relogio_astronomico_de_Olomouc\" >1. O rel\u00f3gio astron\u00f4mico de Olomouc<\/a><\/li><li class='ez-toc-page-1 ez-toc-heading-level-3'><a class=\"ez-toc-link ez-toc-heading-6\" href=\"https:\/\/loudavymkrokem.cz\/pt-br\/olomouc-republica-tcheca-criancas\/#2_A_Coluna_da_Santissima_Trindade\" >2. A Coluna da Sant\u00edssima Trindade<\/a><\/li><li class='ez-toc-page-1 ez-toc-heading-level-3'><a class=\"ez-toc-link ez-toc-heading-7\" href=\"https:\/\/loudavymkrokem.cz\/pt-br\/olomouc-republica-tcheca-criancas\/#3_Caca_as_fontes_barrocas\" >3. Ca\u00e7a \u00e0s fontes barrocas<\/a><\/li><li class='ez-toc-page-1 ez-toc-heading-level-3'><a class=\"ez-toc-link ez-toc-heading-8\" href=\"https:\/\/loudavymkrokem.cz\/pt-br\/olomouc-republica-tcheca-criancas\/#4_A_torre_da_prefeitura\" >4. A torre da prefeitura<\/a><\/li><li class='ez-toc-page-1 ez-toc-heading-level-3'><a class=\"ez-toc-link ez-toc-heading-9\" href=\"https:\/\/loudavymkrokem.cz\/pt-br\/olomouc-republica-tcheca-criancas\/#5_A_Igreja_de_Sao_Mauricio_e_a_subida_a_torre\" >5. A Igreja de S\u00e3o Maur\u00edcio e a subida \u00e0 torre<\/a><\/li><li class='ez-toc-page-1 ez-toc-heading-level-3'><a class=\"ez-toc-link ez-toc-heading-10\" href=\"https:\/\/loudavymkrokem.cz\/pt-br\/olomouc-republica-tcheca-criancas\/#6_Parque_Smetanovy_sady\" >6. Parque Smetanovy sady<\/a><\/li><li class='ez-toc-page-1 ez-toc-heading-level-3'><a class=\"ez-toc-link ez-toc-heading-11\" href=\"https:\/\/loudavymkrokem.cz\/pt-br\/olomouc-republica-tcheca-criancas\/#7_Parque_Bezrucovy_sady_e_as_muralhas\" >7. Parque Bezru\u010dovy sady e as muralhas<\/a><\/li><li class='ez-toc-page-1 ez-toc-heading-level-3'><a class=\"ez-toc-link ez-toc-heading-12\" href=\"https:\/\/loudavymkrokem.cz\/pt-br\/olomouc-republica-tcheca-criancas\/#8_O_Roseiral\" >8. O Roseiral<\/a><\/li><li class='ez-toc-page-1 ez-toc-heading-level-3'><a class=\"ez-toc-link ez-toc-heading-13\" href=\"https:\/\/loudavymkrokem.cz\/pt-br\/olomouc-republica-tcheca-criancas\/#9_A_fortaleza_Korunni_pevnustka\" >9. A fortaleza Korunn\u00ed pevn\u016fstka<\/a><\/li><li class='ez-toc-page-1 ez-toc-heading-level-3'><a class=\"ez-toc-link ez-toc-heading-14\" href=\"https:\/\/loudavymkrokem.cz\/pt-br\/olomouc-republica-tcheca-criancas\/#10_Murais_e_street_art_nas_passagens\" >10. Murais e street art nas passagens<\/a><\/li><\/ul><\/li><li class='ez-toc-page-1 ez-toc-heading-level-2'><a class=\"ez-toc-link ez-toc-heading-15\" href=\"https:\/\/loudavymkrokem.cz\/pt-br\/olomouc-republica-tcheca-criancas\/#Quando_chove_espacos_de_recreacao_museus_e_centros_de_diversao\" >Quando chove: espa\u00e7os de recrea\u00e7\u00e3o, museus e centros de divers\u00e3o<\/a><ul class='ez-toc-list-level-3' ><li class='ez-toc-heading-level-3'><a class=\"ez-toc-link ez-toc-heading-16\" href=\"https:\/\/loudavymkrokem.cz\/pt-br\/olomouc-republica-tcheca-criancas\/#11_Pevnost_poznani\" >11. Pevnost pozn\u00e1n\u00ed<\/a><\/li><li class='ez-toc-page-1 ez-toc-heading-level-3'><a class=\"ez-toc-link ez-toc-heading-17\" href=\"https:\/\/loudavymkrokem.cz\/pt-br\/olomouc-republica-tcheca-criancas\/#12_JaSam\" >12. J\u00e1S\u00e1m<\/a><\/li><li class='ez-toc-page-1 ez-toc-heading-level-3'><a class=\"ez-toc-link ez-toc-heading-18\" href=\"https:\/\/loudavymkrokem.cz\/pt-br\/olomouc-republica-tcheca-criancas\/#13_V_lese\" >13. V lese<\/a><\/li><li class='ez-toc-page-1 ez-toc-heading-level-3'><a class=\"ez-toc-link ez-toc-heading-19\" href=\"https:\/\/loudavymkrokem.cz\/pt-br\/olomouc-republica-tcheca-criancas\/#14_Clovickov\" >14. \u010clov\u00ed\u010dkov<\/a><\/li><li class='ez-toc-page-1 ez-toc-heading-level-3'><a class=\"ez-toc-link ez-toc-heading-20\" href=\"https:\/\/loudavymkrokem.cz\/pt-br\/olomouc-republica-tcheca-criancas\/#15_Snoezelen_Olomouc\" >15. Snoezelen Olomouc<\/a><\/li><li class='ez-toc-page-1 ez-toc-heading-level-3'><a class=\"ez-toc-link ez-toc-heading-21\" href=\"https:\/\/loudavymkrokem.cz\/pt-br\/olomouc-republica-tcheca-criancas\/#16_Parque_de_diversoes_em_familia_Krokodylek\" >16. Parque de divers\u00f5es em fam\u00edlia Krokod\u00fdlek<\/a><\/li><li class='ez-toc-page-1 ez-toc-heading-level-3'><a class=\"ez-toc-link ez-toc-heading-22\" href=\"https:\/\/loudavymkrokem.cz\/pt-br\/olomouc-republica-tcheca-criancas\/#17_Amazonie_Olomouc\" >17. Amazonie Olomouc<\/a><\/li><li class='ez-toc-page-1 ez-toc-heading-level-3'><a class=\"ez-toc-link ez-toc-heading-23\" href=\"https:\/\/loudavymkrokem.cz\/pt-br\/olomouc-republica-tcheca-criancas\/#18_Parque_de_cordas_PROUD\" >18. Parque de cordas PROUD<\/a><\/li><li class='ez-toc-page-1 ez-toc-heading-level-3'><a class=\"ez-toc-link ez-toc-heading-24\" href=\"https:\/\/loudavymkrokem.cz\/pt-br\/olomouc-republica-tcheca-criancas\/#19_Museu_Regional_de_Olomouc\" >19. Museu Regional de Olomouc<\/a><\/li><li class='ez-toc-page-1 ez-toc-heading-level-3'><a class=\"ez-toc-link ez-toc-heading-25\" href=\"https:\/\/loudavymkrokem.cz\/pt-br\/olomouc-republica-tcheca-criancas\/#20_A_Casa_Assombrada\" >20. A Casa Assombrada<\/a><\/li><\/ul><\/li><li class='ez-toc-page-1 ez-toc-heading-level-2'><a class=\"ez-toc-link ez-toc-heading-26\" href=\"https:\/\/loudavymkrokem.cz\/pt-br\/olomouc-republica-tcheca-criancas\/#Agua_esporte_e_agito\" >\u00c1gua, esporte e agito<\/a><ul class='ez-toc-list-level-3' ><li class='ez-toc-heading-level-3'><a class=\"ez-toc-link ez-toc-heading-27\" href=\"https:\/\/loudavymkrokem.cz\/pt-br\/olomouc-republica-tcheca-criancas\/#21_Parque_aquatico_de_Olomouc\" >21. Parque aqu\u00e1tico de Olomouc<\/a><\/li><li class='ez-toc-page-1 ez-toc-heading-level-3'><a class=\"ez-toc-link ez-toc-heading-28\" href=\"https:\/\/loudavymkrokem.cz\/pt-br\/olomouc-republica-tcheca-criancas\/#22_Centrum_Semafor\" >22. Centrum Semafor<\/a><\/li><li class='ez-toc-page-1 ez-toc-heading-level-3'><a class=\"ez-toc-link ez-toc-heading-29\" href=\"https:\/\/loudavymkrokem.cz\/pt-br\/olomouc-republica-tcheca-criancas\/#23_Parque_de_cordas_Veverak\" >23. Parque de cordas Vever\u00e1k<\/a><\/li><li class='ez-toc-page-1 ez-toc-heading-level-3'><a class=\"ez-toc-link ez-toc-heading-30\" href=\"https:\/\/loudavymkrokem.cz\/pt-br\/olomouc-republica-tcheca-criancas\/#24_Parquinhos_nos_parques\" >24. Parquinhos nos parques<\/a><\/li><\/ul><\/li><li class='ez-toc-page-1 ez-toc-heading-level-2'><a class=\"ez-toc-link ez-toc-heading-31\" href=\"https:\/\/loudavymkrokem.cz\/pt-br\/olomouc-republica-tcheca-criancas\/#Svaty_Kopecek_o_zoologico_e_um_dia_inteiro_acima_da_cidade\" >Svat\u00fd Kope\u010dek: o zool\u00f3gico e um dia inteiro acima da cidade<\/a><ul class='ez-toc-list-level-3' ><li class='ez-toc-heading-level-3'><a class=\"ez-toc-link ez-toc-heading-32\" href=\"https:\/\/loudavymkrokem.cz\/pt-br\/olomouc-republica-tcheca-criancas\/#25_O_zoologico_de_Olomouc_em_Svaty_Kopecek\" >25. O zool\u00f3gico de Olomouc em Svat\u00fd Kope\u010dek<\/a><\/li><li class='ez-toc-page-1 ez-toc-heading-level-3'><a class=\"ez-toc-link ez-toc-heading-33\" href=\"https:\/\/loudavymkrokem.cz\/pt-br\/olomouc-republica-tcheca-criancas\/#26_Torre-mirante_no_zoologico\" >26. Torre-mirante no zool\u00f3gico<\/a><\/li><li class='ez-toc-page-1 ez-toc-heading-level-3'><a class=\"ez-toc-link ez-toc-heading-34\" href=\"https:\/\/loudavymkrokem.cz\/pt-br\/olomouc-republica-tcheca-criancas\/#27_Basilica_da_Visitacao_de_Nossa_Senhora\" >27. Bas\u00edlica da Visita\u00e7\u00e3o de Nossa Senhora<\/a><\/li><\/ul><\/li><li class='ez-toc-page-1 ez-toc-heading-level-2'><a class=\"ez-toc-link ez-toc-heading-35\" href=\"https:\/\/loudavymkrokem.cz\/pt-br\/olomouc-republica-tcheca-criancas\/#Passeios_a_partir_de_Olomouc_com_criancas\" >Passeios a partir de Olomouc com crian\u00e7as<\/a><ul class='ez-toc-list-level-3' ><li class='ez-toc-heading-level-3'><a class=\"ez-toc-link ez-toc-heading-36\" href=\"https:\/\/loudavymkrokem.cz\/pt-br\/olomouc-republica-tcheca-criancas\/#28_DinoPark_e_ZOO_Park_Vyskov\" >28. DinoPark e ZOO Park Vy\u0161kov<\/a><\/li><li class='ez-toc-page-1 ez-toc-heading-level-3'><a class=\"ez-toc-link ez-toc-heading-37\" href=\"https:\/\/loudavymkrokem.cz\/pt-br\/olomouc-republica-tcheca-criancas\/#29_Castelo_Bouzov\" >29. Castelo Bouzov<\/a><\/li><li class='ez-toc-page-1 ez-toc-heading-level-3'><a class=\"ez-toc-link ez-toc-heading-38\" href=\"https:\/\/loudavymkrokem.cz\/pt-br\/olomouc-republica-tcheca-criancas\/#30_Cavernas_de_Mladec\" >30. Cavernas de Mlade\u010d<\/a><\/li><li class='ez-toc-page-1 ez-toc-heading-level-3'><a class=\"ez-toc-link ez-toc-heading-39\" href=\"https:\/\/loudavymkrokem.cz\/pt-br\/olomouc-republica-tcheca-criancas\/#31_Cavernas_de_Javoricko\" >31. Cavernas de Javo\u0159\u00ed\u010dko<\/a><\/li><li class='ez-toc-page-1 ez-toc-heading-level-3'><a class=\"ez-toc-link ez-toc-heading-40\" href=\"https:\/\/loudavymkrokem.cz\/pt-br\/olomouc-republica-tcheca-criancas\/#32_Museu_dos_Queijos_Tvaruzky_de_Olomouc_em_Lostice\" >32. Museu dos Queijos Tvar\u016f\u017eky de Olomouc, em Lo\u0161tice<\/a><\/li><li class='ez-toc-page-1 ez-toc-heading-level-3'><a class=\"ez-toc-link ez-toc-heading-41\" href=\"https:\/\/loudavymkrokem.cz\/pt-br\/olomouc-republica-tcheca-criancas\/#33_Museu_Infantil_do_Praded_em_Bludov\" >33. Museu Infantil do Prad\u011bd, em Bludov<\/a><\/li><li class='ez-toc-page-1 ez-toc-heading-level-3'><a class=\"ez-toc-link ez-toc-heading-42\" href=\"https:\/\/loudavymkrokem.cz\/pt-br\/olomouc-republica-tcheca-criancas\/#34_Fort_Radikov\" >34. Fort Rad\u00edkov<\/a><\/li><\/ul><\/li><li class='ez-toc-page-1 ez-toc-heading-level-2'><a class=\"ez-toc-link ez-toc-heading-43\" href=\"https:\/\/loudavymkrokem.cz\/pt-br\/olomouc-republica-tcheca-criancas\/#Onde_comer_com_criancas\" >Onde comer com crian\u00e7as<\/a><\/li><li class='ez-toc-page-1 ez-toc-heading-level-2'><a class=\"ez-toc-link ez-toc-heading-44\" href=\"https:\/\/loudavymkrokem.cz\/pt-br\/olomouc-republica-tcheca-criancas\/#Informacoes_praticas\" >Informa\u00e7\u00f5es pr\u00e1ticas<\/a><\/li><li class='ez-toc-page-1 ez-toc-heading-level-2'><a class=\"ez-toc-link ez-toc-heading-45\" href=\"https:\/\/loudavymkrokem.cz\/pt-br\/olomouc-republica-tcheca-criancas\/#Para_onde_ir_depois\" >Para onde ir depois<\/a><\/li><li class='ez-toc-page-1 ez-toc-heading-level-2'><a class=\"ez-toc-link ez-toc-heading-46\" href=\"https:\/\/loudavymkrokem.cz\/pt-br\/olomouc-republica-tcheca-criancas\/#Perguntas_frequentes\" >Perguntas frequentes<\/a><ul class='ez-toc-list-level-3' ><li class='ez-toc-heading-level-3'><a class=\"ez-toc-link ez-toc-heading-47\" href=\"https:\/\/loudavymkrokem.cz\/pt-br\/olomouc-republica-tcheca-criancas\/#Para_onde_ir_em_Olomouc_com_criancas_quando_esta_chovendo\" >Para onde ir em Olomouc com crian\u00e7as quando est\u00e1 chovendo?<\/a><\/li><li class='ez-toc-page-1 ez-toc-heading-level-3'><a class=\"ez-toc-link ez-toc-heading-48\" href=\"https:\/\/loudavymkrokem.cz\/pt-br\/olomouc-republica-tcheca-criancas\/#Quanto_custa_o_ZOO_Olomouc\" >Quanto custa o ZOO Olomouc?<\/a><\/li><li class='ez-toc-page-1 ez-toc-heading-level-3'><a class=\"ez-toc-link ez-toc-heading-49\" href=\"https:\/\/loudavymkrokem.cz\/pt-br\/olomouc-republica-tcheca-criancas\/#Como_chegar_ao_Svaty_Kopecek\" >Como chegar ao Svat\u00fd Kope\u010dek?<\/a><\/li><li class='ez-toc-page-1 ez-toc-heading-level-3'><a class=\"ez-toc-link ez-toc-heading-50\" href=\"https:\/\/loudavymkrokem.cz\/pt-br\/olomouc-republica-tcheca-criancas\/#Olomouc_e_adequada_para_carrinho_de_bebe\" >Olomouc \u00e9 adequada para carrinho de beb\u00ea?<\/a><\/li><li class='ez-toc-page-1 ez-toc-heading-level-3'><a class=\"ez-toc-link ez-toc-heading-51\" href=\"https:\/\/loudavymkrokem.cz\/pt-br\/olomouc-republica-tcheca-criancas\/#Para_onde_ir_com_criancas_em_Olomouc_de_graca\" >Para onde ir com crian\u00e7as em Olomouc de gra\u00e7a?<\/a><\/li><li class='ez-toc-page-1 ez-toc-heading-level-3'><a class=\"ez-toc-link ez-toc-heading-52\" href=\"https:\/\/loudavymkrokem.cz\/pt-br\/olomouc-republica-tcheca-criancas\/#Quantos_dias_precisamos_para_Olomouc_com_criancas\" >Quantos dias precisamos para Olomouc com crian\u00e7as?<\/a><\/li><li class='ez-toc-page-1 ez-toc-heading-level-3'><a class=\"ez-toc-link ez-toc-heading-53\" href=\"https:\/\/loudavymkrokem.cz\/pt-br\/olomouc-republica-tcheca-criancas\/#Para_onde_fazer_um_passeio_saindo_de_Olomouc_com_criancas\" >Para onde fazer um passeio saindo de Olomouc com crian\u00e7as?<\/a><\/li><li class='ez-toc-page-1 ez-toc-heading-level-3'><a class=\"ez-toc-link ez-toc-heading-54\" href=\"https:\/\/loudavymkrokem.cz\/pt-br\/olomouc-republica-tcheca-criancas\/#Qual_a_distancia_do_DinoPark_Vyskov_de_Olomouc\" >Qual a dist\u00e2ncia do DinoPark Vy\u0161kov de Olomouc?<\/a><\/li><\/ul><\/li><\/ul><\/nav><\/div>\n<h3 class=\"wp-block-heading\"><span class=\"ez-toc-section\" id=\"Resumo_Olomouc_com_criancas_em_poucas_palavras\"><\/span>Resumo: Olomouc com crian\u00e7as em poucas palavras<span class=\"ez-toc-section-end\"><\/span><\/h3>\n\n\n\n<ul class=\"wp-block-list\">\n\n<li><strong>Em dias de sol:<\/strong> Fa\u00e7a uma ca\u00e7a \u00e0s fontes barrocas no centro, espere pelo badalar do meio-dia no rel\u00f3gio astron\u00f4mico diferent\u00e3o, v\u00e1 ao amplo parque Smetanovy sady ou explore a fortaleza Korunn\u00ed pevn\u016fstka.<\/li>\n\n\n\n<li><strong>Quando chove:<\/strong> Olomouc \u00e9 um para\u00edso para dias chuvosos. Voc\u00ea encontra aqui o gigantesco centro de ci\u00eancias Pevnost pozn\u00e1n\u00ed, o enorme parque de divers\u00f5es Krokod\u00fdlek e uma concentra\u00e7\u00e3o incr\u00edvel de lindos espa\u00e7os de recrea\u00e7\u00e3o infantil no centro, com caf\u00e9 especial para os pais.<\/li>\n\n\n\n<li><strong>Passeios pelos arredores:<\/strong> Svat\u00fd Kope\u010dek com o zool\u00f3gico \u00e9 obrigat\u00f3rio, mas, se voc\u00ea tem carro, considere tamb\u00e9m o fant\u00e1stico DinoPark em Vy\u0161kov ou o castelo de conto de fadas Bouzov.<\/li>\n\n\n\n<li><strong>Onde ficar:<\/strong> Uma \u00f3tima op\u00e7\u00e3o no centro \u00e9 o OREA Hotel Arigone, onde crian\u00e7as at\u00e9 5,99 anos ficam de gra\u00e7a e os pais, depois de coloc\u00e1-las para dormir, podem relaxar na banheira de hidromassagem no pr\u00f3prio quarto.<\/li>\n\n\n\n<li><strong>Quantos dias voc\u00ea precisa:<\/strong> D\u00e1 para percorrer o n\u00facleo hist\u00f3rico em um dia, mas se quiser ver o zool\u00f3gico e aproveitar os espa\u00e7os de recrea\u00e7\u00e3o ou o parque aqu\u00e1tico, o ideal s\u00e3o 2 a 3 dias.<\/li>\n\n\n<\/ul>\n\n\n\n<h2 class=\"wp-block-heading\"><span class=\"ez-toc-section\" id=\"Quando_ir_a_Olomouc_com_criancas\"><\/span>Quando ir a Olomouc com crian\u00e7as<span class=\"ez-toc-section-end\"><\/span><\/h2>\n\n\n\n<figure data-wp-context=\"{&quot;imageId&quot;:&quot;6a955d0e6f293&quot;}\" data-wp-interactive=\"core\/image\" data-wp-key=\"6a955d0e6f293\" class=\"wp-block-image size-full wp-lightbox-container\"><img decoding=\"async\" width=\"2200\" height=\"1467\" data-wp-class--hide=\"state.isContentHidden\" data-wp-class--show=\"state.isContentVisible\" data-wp-init=\"callbacks.setButtonStyles\" data-wp-on--click=\"actions.showLightbox\" data-wp-on--load=\"callbacks.setButtonStyles\" data-wp-on--pointerdown=\"actions.preloadImage\" data-wp-on--pointerenter=\"actions.preloadImageWithDelay\" data-wp-on--pointerleave=\"actions.cancelPreload\" data-wp-on-window--resize=\"callbacks.setButtonStyles\" src=\"https:\/\/loudavymkrokem.cz\/wp-content\/uploads\/2026\/08\/olomouc-s-detmi-namesti-se-stromy.jpg\" alt=\"Casa barroca e est\u00e1tua na pra\u00e7a de Olomouc com \u00e1rvores\" class=\"wp-image-401042\" title=\"\" srcset=\"https:\/\/loudavymkrokem.cz\/wp-content\/uploads\/2026\/08\/olomouc-s-detmi-namesti-se-stromy.jpg 2200w, https:\/\/loudavymkrokem.cz\/wp-content\/uploads\/2026\/08\/olomouc-s-detmi-namesti-se-stromy-300x200.jpg 300w, https:\/\/loudavymkrokem.cz\/wp-content\/uploads\/2026\/08\/olomouc-s-detmi-namesti-se-stromy-700x467.jpg 700w, https:\/\/loudavymkrokem.cz\/wp-content\/uploads\/2026\/08\/olomouc-s-detmi-namesti-se-stromy-768x512.jpg 768w, https:\/\/loudavymkrokem.cz\/wp-content\/uploads\/2026\/08\/olomouc-s-detmi-namesti-se-stromy-1536x1024.jpg 1536w, https:\/\/loudavymkrokem.cz\/wp-content\/uploads\/2026\/08\/olomouc-s-detmi-namesti-se-stromy-2048x1366.jpg 2048w, https:\/\/loudavymkrokem.cz\/wp-content\/uploads\/2026\/08\/olomouc-s-detmi-namesti-se-stromy-696x464.jpg 696w, https:\/\/loudavymkrokem.cz\/wp-content\/uploads\/2026\/08\/olomouc-s-detmi-namesti-se-stromy-1392x928.jpg 1392w, https:\/\/loudavymkrokem.cz\/wp-content\/uploads\/2026\/08\/olomouc-s-detmi-namesti-se-stromy-1920x1280.jpg 1920w\" sizes=\"(max-width: 2200px) 100vw, 2200px\" \/><button\n\t\t\tclass=\"lightbox-trigger\"\n\t\t\ttype=\"button\"\n\t\t\taria-haspopup=\"dialog\"\n\t\t\tdata-wp-bind--aria-label=\"state.thisImage.triggerButtonAriaLabel\"\n\t\t\tdata-wp-init=\"callbacks.initTriggerButton\"\n\t\t\tdata-wp-on--click=\"actions.showLightbox\"\n\t\t\tdata-wp-style--right=\"state.thisImage.buttonRight\"\n\t\t\tdata-wp-style--top=\"state.thisImage.buttonTop\"\n\t\t>\n\t\t\t<svg xmlns=\"http:\/\/www.w3.org\/2000\/svg\" width=\"12\" height=\"12\" fill=\"none\" viewBox=\"0 0 12 12\">\n\t\t\t\t<path fill=\"#fff\" d=\"M2 0a2 2 0 0 0-2 2v2h1.5V2a.5.5 0 0 1 .5-.5h2V0H2Zm2 10.5H2a.5.5 0 0 1-.5-.5V8H0v2a2 2 0 0 0 2 2h2v-1.5ZM8 12v-1.5h2a.5.5 0 0 0 .5-.5V8H12v2a2 2 0 0 1-2 2H8Zm2-12a2 2 0 0 1 2 2v2h-1.5V2a.5.5 0 0 0-.5-.5H8V0h2Z\" \/>\n\t\t\t<\/svg>\n\t\t<\/button><figcaption class=\"wp-element-caption\">Pra\u00e7as tranquilas de Olomouc com \u00e1rvores, onde d\u00e1 para respirar com as crian\u00e7as<\/figcaption><\/figure>\n\n\n\n<p class=\"wp-block-paragraph\">Olomouc tem uma enorme vantagem: \u00e9 um destino para o ano inteiro, que n\u00e3o fecha as portas no fim das f\u00e9rias de ver\u00e3o. Ent\u00e3o, quando vale mais a pena vir para c\u00e1? Depende principalmente do que voc\u00ea espera do passeio e da idade das crian\u00e7as que traz junto, al\u00e9m das atividades em fam\u00edlia que voc\u00ea prefere.<\/p>\n\n\n\n<p class=\"wp-block-paragraph\">A primavera em Olomouc \u00e9 absolutamente m\u00e1gica, especialmente abril e maio. Se voc\u00ea acertar na semana certa, vai ver no parque Bezru\u010dovy sady, sob as muralhas, as magn\u00f3lias floridas \u2014 uma vis\u00e3o que encanta at\u00e9 os mais avessos ao romantismo \u2014 e, um pouco adiante, o lindo Roseiral come\u00e7a a despertar. J\u00e1 o ver\u00e3o oferece a chance de se refrescar no parque aqu\u00e1tico local, passar longos dias no zool\u00f3gico de Svat\u00fd Kope\u010dek e curtir passeios no fim de tarde pelo centro esvaziado, com um sorvete de casquinha na m\u00e3o.<\/p>\n\n\n\n<p class=\"wp-block-paragraph\">O outono pinta os amplos parques de Olomouc de dourado e \u00e9 a \u00e9poca ideal para explorar museus e espa\u00e7os de recrea\u00e7\u00e3o cobertos, que aqui existem em abund\u00e2ncia. E n\u00e3o posso esquecer do inverno, mais especificamente do Advento. As feiras de Natal de Olomouc, nas pra\u00e7as Horn\u00ed e Doln\u00ed, est\u00e3o sempre entre as mais bonitas de todo o pa\u00eds: cheira a ponche, a decora\u00e7\u00e3o se acende e, para as crian\u00e7as, \u00e9 um verdadeiro conto de fadas. Para o essencial, ou seja, o centro e o zool\u00f3gico, dois dias bastam, mas se quiser incluir passeios pelos arredores, reserve tranquilamente um fim de semana prolongado.<\/p>\n\n\n\n<h2 class=\"wp-block-heading\"><span class=\"ez-toc-section\" id=\"Onde_ficar_em_Olomouc_com_criancas\"><\/span>Onde ficar em Olomouc com crian\u00e7as<span class=\"ez-toc-section-end\"><\/span><\/h2>\n\n\n\n<figure data-wp-context=\"{&quot;imageId&quot;:&quot;6a955d0e6faaa&quot;}\" data-wp-interactive=\"core\/image\" data-wp-key=\"6a955d0e6faaa\" class=\"wp-block-image size-full wp-lightbox-container\"><img decoding=\"async\" width=\"2200\" height=\"1467\" data-wp-class--hide=\"state.isContentHidden\" data-wp-class--show=\"state.isContentVisible\" data-wp-init=\"callbacks.setButtonStyles\" data-wp-on--click=\"actions.showLightbox\" data-wp-on--load=\"callbacks.setButtonStyles\" data-wp-on--pointerdown=\"actions.preloadImage\" data-wp-on--pointerenter=\"actions.preloadImageWithDelay\" data-wp-on--pointerleave=\"actions.cancelPreload\" data-wp-on-window--resize=\"callbacks.setButtonStyles\" src=\"https:\/\/loudavymkrokem.cz\/wp-content\/uploads\/2026\/08\/olomouc-s-detmi-hotel-arigone-wellness.jpg\" alt=\"Crian\u00e7a na espregui\u00e7adeira no quarto wellness do hotel Arigone em Olomouc\" class=\"wp-image-401101\" title=\"\" srcset=\"https:\/\/loudavymkrokem.cz\/wp-content\/uploads\/2026\/08\/olomouc-s-detmi-hotel-arigone-wellness.jpg 2200w, https:\/\/loudavymkrokem.cz\/wp-content\/uploads\/2026\/08\/olomouc-s-detmi-hotel-arigone-wellness-300x200.jpg 300w, https:\/\/loudavymkrokem.cz\/wp-content\/uploads\/2026\/08\/olomouc-s-detmi-hotel-arigone-wellness-700x467.jpg 700w, https:\/\/loudavymkrokem.cz\/wp-content\/uploads\/2026\/08\/olomouc-s-detmi-hotel-arigone-wellness-768x512.jpg 768w, https:\/\/loudavymkrokem.cz\/wp-content\/uploads\/2026\/08\/olomouc-s-detmi-hotel-arigone-wellness-1536x1024.jpg 1536w, https:\/\/loudavymkrokem.cz\/wp-content\/uploads\/2026\/08\/olomouc-s-detmi-hotel-arigone-wellness-2048x1366.jpg 2048w, https:\/\/loudavymkrokem.cz\/wp-content\/uploads\/2026\/08\/olomouc-s-detmi-hotel-arigone-wellness-696x464.jpg 696w, https:\/\/loudavymkrokem.cz\/wp-content\/uploads\/2026\/08\/olomouc-s-detmi-hotel-arigone-wellness-1392x928.jpg 1392w, https:\/\/loudavymkrokem.cz\/wp-content\/uploads\/2026\/08\/olomouc-s-detmi-hotel-arigone-wellness-1920x1280.jpg 1920w\" sizes=\"(max-width: 2200px) 100vw, 2200px\" \/><button\n\t\t\tclass=\"lightbox-trigger\"\n\t\t\ttype=\"button\"\n\t\t\taria-haspopup=\"dialog\"\n\t\t\tdata-wp-bind--aria-label=\"state.thisImage.triggerButtonAriaLabel\"\n\t\t\tdata-wp-init=\"callbacks.initTriggerButton\"\n\t\t\tdata-wp-on--click=\"actions.showLightbox\"\n\t\t\tdata-wp-style--right=\"state.thisImage.buttonRight\"\n\t\t\tdata-wp-style--top=\"state.thisImage.buttonTop\"\n\t\t>\n\t\t\t<svg xmlns=\"http:\/\/www.w3.org\/2000\/svg\" width=\"12\" height=\"12\" fill=\"none\" viewBox=\"0 0 12 12\">\n\t\t\t\t<path fill=\"#fff\" d=\"M2 0a2 2 0 0 0-2 2v2h1.5V2a.5.5 0 0 1 .5-.5h2V0H2Zm2 10.5H2a.5.5 0 0 1-.5-.5V8H0v2a2 2 0 0 0 2 2h2v-1.5ZM8 12v-1.5h2a.5.5 0 0 0 .5-.5V8H12v2a2 2 0 0 1-2 2H8Zm2-12a2 2 0 0 1 2 2v2h-1.5V2a.5.5 0 0 0-.5-.5H8V0h2Z\" \/>\n\t\t\t<\/svg>\n\t\t<\/button><figcaption class=\"wp-element-caption\">Quarto wellness no hotel Arigone: a crian\u00e7a dorme e os pais finalmente t\u00eam um tempinho s\u00f3 para eles<\/figcaption><\/figure>\n\n\n\n<p class=\"wp-block-paragraph\">Ficar com crian\u00e7as em cidades hist\u00f3ricas \u00e0s vezes \u00e9 um quebra-cabe\u00e7a, porque voc\u00ea precisa combinar proximidade dos pontos tur\u00edsticos com conforto, bom estacionamento e, se poss\u00edvel, um pouquinho daquele luxo para os pais. Na nossa visita, tivemos muita sorte na escolha do hotel, e preciso dizer que isso deixou a estadia incrivelmente mais gostosa.<\/p>\n\n\n\n<p class=\"wp-block-paragraph\">Ficamos no <strong>OREA Hotel Arigone<\/strong>, bem no n\u00facleo hist\u00f3rico, e foi um tiro certeiro. N\u00e3o \u00e9 o t\u00edpico hotel com programa de anima\u00e7\u00e3o barulhento e mascotes no caf\u00e9 da manh\u00e3, mas, para n\u00f3s pais, funcionou como uma terapia perfeita. T\u00ednhamos um quarto wellness com banheira de hidromassagem e sauna pr\u00f3prias. D\u00e1 para imaginar o al\u00edvio quando finalmente colocamos o pequeno Jon\u00e1\u0161 para dormir \u00e0 noite e, Luk\u00e1\u0161 e eu, pudemos mergulhar nas bolhinhas sem precisar sair do quarto. Al\u00e9m de tudo isso, o caf\u00e9 da manh\u00e3 \u00e9 fant\u00e1stico, crian\u00e7as at\u00e9 5,99 anos ficam totalmente de gra\u00e7a e os melhores espa\u00e7os de recrea\u00e7\u00e3o infantil e caf\u00e9s est\u00e3o a poucos minutos a p\u00e9, num passo bem tranquilo.<\/p>\n\n\n\n<p class=\"wp-block-paragraph\">\ud83d\udc49 <strong><a href=\"https:\/\/www.stay22.com\/allez\/roam?aid=lukaskonecny&#038;campaign=loudavymkrokemcz&#038;campaign=olomoucsdetmi&#038;hotelname=OREA%20Hotel%20Arigone%20Olomouc&#038;address=Olomouc%2C%20Cesko&#038;category=accommodation\" target=\"_blank\" rel=\"nofollow sponsored noopener\">Ver pre\u00e7os e disponibilidade do hotel Arigone<\/a><\/strong> \u00b7 descrevemos ele em detalhes na <a href=\"https:\/\/loudavymkrokem.cz\/pt-br\/orea-hotel-arigone-olomouc\/\">resenha do OREA Hotel Arigone<\/a>.<\/p>\n\n\n\n<p class=\"wp-block-paragraph\">Se esse hotel estiver lotado, <strong><a href=\"https:\/\/www.stay22.com\/allez\/roam?aid=lukaskonecny&amp;campaign=loudavymkrokemcz&amp;campaign=olomouc-s-detmi&amp;address=Olomouc%2C%20Cesko\" target=\"_blank\" rel=\"nofollow sponsored noopener\">d\u00ea uma olhada em outras hospedagens em Olomouc<\/a><\/strong> \u2014 as op\u00e7\u00f5es s\u00e3o muitas. Nas resenhas, os pais costumam elogiar os v\u00e1rios apartamentos familiares espalhados pelo centro, que permitem cozinhar a pr\u00f3pria comida, o que sempre \u00e9 \u00fatil com crian\u00e7as pequenas. S\u00f3 que, ao reservar hospedagem bem no cora\u00e7\u00e3o da cidade, sempre confira com aten\u00e7\u00e3o como funciona o estacionamento, porque a zona de pedestres tem regras r\u00edgidas e os estacionamentos p\u00fablicos da regi\u00e3o podem pesar bastante no or\u00e7amento familiar.<\/p>\n\n\n\n<h2 class=\"wp-block-heading\"><span class=\"ez-toc-section\" id=\"O_que_fazer_em_Olomouc_com_criancas_ao_ar_livre\"><\/span>O que fazer em Olomouc com crian\u00e7as ao ar livre<span class=\"ez-toc-section-end\"><\/span><\/h2>\n\n\n\n<p class=\"wp-block-paragraph\">Quando o sol aparece e o tempo colabora, o centro hist\u00f3rico de Olomouc vira um grande parquinho ao ar livre cheio de surpresas. N\u00e3o se trata s\u00f3 de olhar fachadas antigas de forma sem gra\u00e7a: a cidade tem uma alma brincalhona e muitos cantinhos que v\u00e3o divertir at\u00e9 os viajantes mais pequenininhos. Preparei dez dicas de atividades ao ar livre para que <strong>Olomouc com crian\u00e7as<\/strong> seja uma experi\u00eancia, e n\u00e3o um castigo.<\/p>\n\n\n\n<h3 class=\"wp-block-heading\"><span class=\"ez-toc-section\" id=\"1_O_relogio_astronomico_de_Olomouc\"><\/span>1. O rel\u00f3gio astron\u00f4mico de Olomouc<span class=\"ez-toc-section-end\"><\/span><\/h3>\n\n\n\n<figure data-wp-context=\"{&quot;imageId&quot;:&quot;6a955d0e70518&quot;}\" data-wp-interactive=\"core\/image\" data-wp-key=\"6a955d0e70518\" class=\"wp-block-image size-full wp-lightbox-container\"><img decoding=\"async\" width=\"2200\" height=\"1467\" data-wp-class--hide=\"state.isContentHidden\" data-wp-class--show=\"state.isContentVisible\" data-wp-init=\"callbacks.setButtonStyles\" data-wp-on--click=\"actions.showLightbox\" data-wp-on--load=\"callbacks.setButtonStyles\" data-wp-on--pointerdown=\"actions.preloadImage\" data-wp-on--pointerenter=\"actions.preloadImageWithDelay\" data-wp-on--pointerleave=\"actions.cancelPreload\" data-wp-on-window--resize=\"callbacks.setButtonStyles\" src=\"https:\/\/loudavymkrokem.cz\/wp-content\/uploads\/2026\/08\/olomouc-s-detmi-orloj-detail.jpg\" alt=\"Detalhe do rel\u00f3gio astron\u00f4mico de Olomouc com figuras de oper\u00e1rios e mostradores\" class=\"wp-image-401020\" title=\"\" srcset=\"https:\/\/loudavymkrokem.cz\/wp-content\/uploads\/2026\/08\/olomouc-s-detmi-orloj-detail.jpg 2200w, https:\/\/loudavymkrokem.cz\/wp-content\/uploads\/2026\/08\/olomouc-s-detmi-orloj-detail-300x200.jpg 300w, https:\/\/loudavymkrokem.cz\/wp-content\/uploads\/2026\/08\/olomouc-s-detmi-orloj-detail-700x467.jpg 700w, https:\/\/loudavymkrokem.cz\/wp-content\/uploads\/2026\/08\/olomouc-s-detmi-orloj-detail-768x512.jpg 768w, https:\/\/loudavymkrokem.cz\/wp-content\/uploads\/2026\/08\/olomouc-s-detmi-orloj-detail-1536x1024.jpg 1536w, https:\/\/loudavymkrokem.cz\/wp-content\/uploads\/2026\/08\/olomouc-s-detmi-orloj-detail-2048x1366.jpg 2048w, https:\/\/loudavymkrokem.cz\/wp-content\/uploads\/2026\/08\/olomouc-s-detmi-orloj-detail-696x464.jpg 696w, https:\/\/loudavymkrokem.cz\/wp-content\/uploads\/2026\/08\/olomouc-s-detmi-orloj-detail-1392x928.jpg 1392w, https:\/\/loudavymkrokem.cz\/wp-content\/uploads\/2026\/08\/olomouc-s-detmi-orloj-detail-1920x1280.jpg 1920w\" sizes=\"(max-width: 2200px) 100vw, 2200px\" \/><button\n\t\t\tclass=\"lightbox-trigger\"\n\t\t\ttype=\"button\"\n\t\t\taria-haspopup=\"dialog\"\n\t\t\tdata-wp-bind--aria-label=\"state.thisImage.triggerButtonAriaLabel\"\n\t\t\tdata-wp-init=\"callbacks.initTriggerButton\"\n\t\t\tdata-wp-on--click=\"actions.showLightbox\"\n\t\t\tdata-wp-style--right=\"state.thisImage.buttonRight\"\n\t\t\tdata-wp-style--top=\"state.thisImage.buttonTop\"\n\t\t>\n\t\t\t<svg xmlns=\"http:\/\/www.w3.org\/2000\/svg\" width=\"12\" height=\"12\" fill=\"none\" viewBox=\"0 0 12 12\">\n\t\t\t\t<path fill=\"#fff\" d=\"M2 0a2 2 0 0 0-2 2v2h1.5V2a.5.5 0 0 1 .5-.5h2V0H2Zm2 10.5H2a.5.5 0 0 1-.5-.5V8H0v2a2 2 0 0 0 2 2h2v-1.5ZM8 12v-1.5h2a.5.5 0 0 0 .5-.5V8H12v2a2 2 0 0 1-2 2H8Zm2-12a2 2 0 0 1 2 2v2h-1.5V2a.5.5 0 0 0-.5-.5H8V0h2Z\" \/>\n\t\t\t<\/svg>\n\t\t<\/button><figcaption class=\"wp-element-caption\">No rel\u00f3gio astron\u00f4mico, em vez de ap\u00f3stolos desfilam oper\u00e1rios. As crian\u00e7as geralmente acham engra\u00e7ado.<\/figcaption><\/figure>\n\n\n\n<p class=\"wp-block-paragraph\">Enquanto o famoso rel\u00f3gio astron\u00f4mico de Praga mostra os ap\u00f3stolos l\u00e1 no alto, acima das multid\u00f5es, o de Olomouc, na pra\u00e7a Horn\u00ed n\u00e1m\u011bst\u00ed, direto na fachada da prefeitura, tem duas grandes vantagens para fam\u00edlias com crian\u00e7as. Primeiro, fica lindamente na altura dos olhos, ent\u00e3o at\u00e9 as crian\u00e7as menores conseguem ver todas aquelas figurinhas em movimento sem problema; segundo, \u00e9 simplesmente \u00fanico no mundo. \u00c9 um dos poucos rel\u00f3gios astron\u00f4micos do planeta que, depois de destru\u00eddo no fim da guerra, foi reconstru\u00eddo entre 1947 e 1955 no esp\u00edrito do realismo socialista, segundo projeto de Karel Svolinsk\u00fd.<\/p>\n\n\n\n<p class=\"wp-block-paragraph\">No lugar dos santos, voc\u00ea vai ver desfilando ferreiros, padeiros, um qu\u00edmico e outros honestos prolet\u00e1rios \u2014 o que as crian\u00e7as costumam adorar, porque entendem essas profiss\u00f5es melhor do que figuras hist\u00f3ricas. Toda essa beleza entra em movimento todos os dias <strong>exatamente ao meio-dia<\/strong>, ent\u00e3o planeje seu passeio pela cidade para estar por aqui e a postos um pouco antes.<\/p>\n\n\n\n<h3 class=\"wp-block-heading\"><span class=\"ez-toc-section\" id=\"2_A_Coluna_da_Santissima_Trindade\"><\/span>2. A Coluna da Sant\u00edssima Trindade<span class=\"ez-toc-section-end\"><\/span><\/h3>\n\n\n\n<figure data-wp-context=\"{&quot;imageId&quot;:&quot;6a955d0e70b37&quot;}\" data-wp-interactive=\"core\/image\" data-wp-key=\"6a955d0e70b37\" class=\"wp-block-image size-full wp-lightbox-container\"><img decoding=\"async\" width=\"1800\" height=\"1208\" data-wp-class--hide=\"state.isContentHidden\" data-wp-class--show=\"state.isContentVisible\" data-wp-init=\"callbacks.setButtonStyles\" data-wp-on--click=\"actions.showLightbox\" data-wp-on--load=\"callbacks.setButtonStyles\" data-wp-on--pointerdown=\"actions.preloadImage\" data-wp-on--pointerenter=\"actions.preloadImageWithDelay\" data-wp-on--pointerleave=\"actions.cancelPreload\" data-wp-on-window--resize=\"callbacks.setButtonStyles\" src=\"https:\/\/loudavymkrokem.cz\/wp-content\/uploads\/2026\/08\/olomouc-s-detmi-sloup-horni-namesti.jpg\" alt=\"Coluna da Sant\u00edssima Trindade na pra\u00e7a Horn\u00ed n\u00e1m\u011bst\u00ed em Olomouc\" class=\"wp-image-401195\" title=\"\" srcset=\"https:\/\/loudavymkrokem.cz\/wp-content\/uploads\/2026\/08\/olomouc-s-detmi-sloup-horni-namesti.jpg 1800w, https:\/\/loudavymkrokem.cz\/wp-content\/uploads\/2026\/08\/olomouc-s-detmi-sloup-horni-namesti-300x201.jpg 300w, https:\/\/loudavymkrokem.cz\/wp-content\/uploads\/2026\/08\/olomouc-s-detmi-sloup-horni-namesti-700x470.jpg 700w, https:\/\/loudavymkrokem.cz\/wp-content\/uploads\/2026\/08\/olomouc-s-detmi-sloup-horni-namesti-768x515.jpg 768w, https:\/\/loudavymkrokem.cz\/wp-content\/uploads\/2026\/08\/olomouc-s-detmi-sloup-horni-namesti-1536x1031.jpg 1536w, https:\/\/loudavymkrokem.cz\/wp-content\/uploads\/2026\/08\/olomouc-s-detmi-sloup-horni-namesti-696x467.jpg 696w, https:\/\/loudavymkrokem.cz\/wp-content\/uploads\/2026\/08\/olomouc-s-detmi-sloup-horni-namesti-1392x934.jpg 1392w\" sizes=\"(max-width: 1800px) 100vw, 1800px\" \/><button\n\t\t\tclass=\"lightbox-trigger\"\n\t\t\ttype=\"button\"\n\t\t\taria-haspopup=\"dialog\"\n\t\t\tdata-wp-bind--aria-label=\"state.thisImage.triggerButtonAriaLabel\"\n\t\t\tdata-wp-init=\"callbacks.initTriggerButton\"\n\t\t\tdata-wp-on--click=\"actions.showLightbox\"\n\t\t\tdata-wp-style--right=\"state.thisImage.buttonRight\"\n\t\t\tdata-wp-style--top=\"state.thisImage.buttonTop\"\n\t\t>\n\t\t\t<svg xmlns=\"http:\/\/www.w3.org\/2000\/svg\" width=\"12\" height=\"12\" fill=\"none\" viewBox=\"0 0 12 12\">\n\t\t\t\t<path fill=\"#fff\" d=\"M2 0a2 2 0 0 0-2 2v2h1.5V2a.5.5 0 0 1 .5-.5h2V0H2Zm2 10.5H2a.5.5 0 0 1-.5-.5V8H0v2a2 2 0 0 0 2 2h2v-1.5ZM8 12v-1.5h2a.5.5 0 0 0 .5-.5V8H12v2a2 2 0 0 1-2 2H8Zm2-12a2 2 0 0 1 2 2v2h-1.5V2a.5.5 0 0 0-.5-.5H8V0h2Z\" \/>\n\t\t\t<\/svg>\n\t\t<\/button><figcaption class=\"wp-element-caption\">A Coluna da Sant\u00edssima Trindade \u00e9 o maior conjunto escult\u00f3rico barroco da Europa Central<\/figcaption><\/figure>\n\n\n\n<p class=\"wp-block-paragraph\">Logo ao lado do rel\u00f3gio astron\u00f4mico, na pra\u00e7a Horn\u00ed n\u00e1m\u011bst\u00ed, reina um monumento que seria pecado deixar passar, j\u00e1 que ostenta a inscri\u00e7\u00e3o na lista da <strong>UNESCO desde 2000<\/strong>. Trata-se de uma imensa coluna da peste, de cerca de 32 metros de altura, que \u00e9 o maior conjunto escult\u00f3rico barroco em uma \u00fanica escultura de toda a Europa Central.<\/p>\n\n\n\n<p class=\"wp-block-paragraph\">Para as crian\u00e7as, o simples tamanho da coluna j\u00e1 impressiona, e ainda por cima, no seu robusto pedestal, esconde-se uma pequena capela. Mesmo que nem sempre d\u00ea para entrar l\u00e1 dentro a qualquer momento, s\u00f3 a ideia de que h\u00e1 uma &#8220;casinha escondida dentro da coluna grande&#8221; funciona de forma absolutamente certeira na imagina\u00e7\u00e3o infantil.<\/p>\n\n\n\n<h3 class=\"wp-block-heading\"><span class=\"ez-toc-section\" id=\"3_Caca_as_fontes_barrocas\"><\/span>3. Ca\u00e7a \u00e0s fontes barrocas<span class=\"ez-toc-section-end\"><\/span><\/h3>\n\n\n\n<figure data-wp-context=\"{&quot;imageId&quot;:&quot;6a955d0e711ad&quot;}\" data-wp-interactive=\"core\/image\" data-wp-key=\"6a955d0e711ad\" class=\"wp-block-image size-full wp-lightbox-container\"><img decoding=\"async\" width=\"2200\" height=\"1467\" data-wp-class--hide=\"state.isContentHidden\" data-wp-class--show=\"state.isContentVisible\" data-wp-init=\"callbacks.setButtonStyles\" data-wp-on--click=\"actions.showLightbox\" data-wp-on--load=\"callbacks.setButtonStyles\" data-wp-on--pointerdown=\"actions.preloadImage\" data-wp-on--pointerenter=\"actions.preloadImageWithDelay\" data-wp-on--pointerleave=\"actions.cancelPreload\" data-wp-on-window--resize=\"callbacks.setButtonStyles\" src=\"https:\/\/loudavymkrokem.cz\/wp-content\/uploads\/2026\/08\/olomouc-s-detmi-caesarova-kasna.jpg\" alt=\"Fonte de C\u00e9sar na pra\u00e7a Horn\u00ed n\u00e1m\u011bst\u00ed em Olomouc\" class=\"wp-image-401030\" title=\"\" srcset=\"https:\/\/loudavymkrokem.cz\/wp-content\/uploads\/2026\/08\/olomouc-s-detmi-caesarova-kasna.jpg 2200w, https:\/\/loudavymkrokem.cz\/wp-content\/uploads\/2026\/08\/olomouc-s-detmi-caesarova-kasna-300x200.jpg 300w, https:\/\/loudavymkrokem.cz\/wp-content\/uploads\/2026\/08\/olomouc-s-detmi-caesarova-kasna-700x467.jpg 700w, https:\/\/loudavymkrokem.cz\/wp-content\/uploads\/2026\/08\/olomouc-s-detmi-caesarova-kasna-768x512.jpg 768w, https:\/\/loudavymkrokem.cz\/wp-content\/uploads\/2026\/08\/olomouc-s-detmi-caesarova-kasna-1536x1024.jpg 1536w, https:\/\/loudavymkrokem.cz\/wp-content\/uploads\/2026\/08\/olomouc-s-detmi-caesarova-kasna-2048x1366.jpg 2048w, https:\/\/loudavymkrokem.cz\/wp-content\/uploads\/2026\/08\/olomouc-s-detmi-caesarova-kasna-696x464.jpg 696w, https:\/\/loudavymkrokem.cz\/wp-content\/uploads\/2026\/08\/olomouc-s-detmi-caesarova-kasna-1392x928.jpg 1392w, https:\/\/loudavymkrokem.cz\/wp-content\/uploads\/2026\/08\/olomouc-s-detmi-caesarova-kasna-1920x1280.jpg 1920w\" sizes=\"(max-width: 2200px) 100vw, 2200px\" \/><button\n\t\t\tclass=\"lightbox-trigger\"\n\t\t\ttype=\"button\"\n\t\t\taria-haspopup=\"dialog\"\n\t\t\tdata-wp-bind--aria-label=\"state.thisImage.triggerButtonAriaLabel\"\n\t\t\tdata-wp-init=\"callbacks.initTriggerButton\"\n\t\t\tdata-wp-on--click=\"actions.showLightbox\"\n\t\t\tdata-wp-style--right=\"state.thisImage.buttonRight\"\n\t\t\tdata-wp-style--top=\"state.thisImage.buttonTop\"\n\t\t>\n\t\t\t<svg xmlns=\"http:\/\/www.w3.org\/2000\/svg\" width=\"12\" height=\"12\" fill=\"none\" viewBox=\"0 0 12 12\">\n\t\t\t\t<path fill=\"#fff\" d=\"M2 0a2 2 0 0 0-2 2v2h1.5V2a.5.5 0 0 1 .5-.5h2V0H2Zm2 10.5H2a.5.5 0 0 1-.5-.5V8H0v2a2 2 0 0 0 2 2h2v-1.5ZM8 12v-1.5h2a.5.5 0 0 0 .5-.5V8H12v2a2 2 0 0 1-2 2H8Zm2-12a2 2 0 0 1 2 2v2h-1.5V2a.5.5 0 0 0-.5-.5H8V0h2Z\" \/>\n\t\t\t<\/svg>\n\t\t<\/button><figcaption class=\"wp-element-caption\">A Fonte de C\u00e9sar, na pra\u00e7a Horn\u00ed n\u00e1m\u011bst\u00ed. Procure o cachorro sob o cavalo, s\u00edmbolo da fidelidade da cidade.<\/figcaption><\/figure>\n\n\n\n<p class=\"wp-block-paragraph\">Na minha opini\u00e3o, essa \u00e9 a melhor maneira de levar as crian\u00e7as por todo o centro hist\u00f3rico sem que elas percebam que est\u00e3o &#8220;andando entre monumentos&#8221;. \u00c9 que Olomouc tem o \u00fanico conjunto t\u00e3o extenso de fontes barrocas preservado da Rep\u00fablica Tcheca, e voc\u00ea pode transformar isso numa brincadeira em fam\u00edlia de primeira.<\/p>\n\n\n\n<p class=\"wp-block-paragraph\">D\u00ea um mapinha \u00e0s crian\u00e7as e deixe-as procurar a Fonte de Netuno, de 1683, que \u00e9 a mais antiga de todas, al\u00e9m das de H\u00e9rcules, J\u00fapiter, Merc\u00fario, a dos Trit\u00f5es e a majestosa <strong>Fonte de C\u00e9sar<\/strong>, onde precisam encontrar o cachorro sob o cavalo, que simboliza a fidelidade da cidade ao soberano. Mas o grande sucesso entre as crian\u00e7as \u00e9 a moderna <strong>Fonte de Ar\u00edon<\/strong>, de 2002, do escultor Ivan Theimer. Ela tem uma grande <strong>tartaruga<\/strong> de bronze, na qual praticamente toda crian\u00e7a que passa por perto para.<\/p>\n\n\n\n<h3 class=\"wp-block-heading\"><span class=\"ez-toc-section\" id=\"4_A_torre_da_prefeitura\"><\/span>4. A torre da prefeitura<span class=\"ez-toc-section-end\"><\/span><\/h3>\n\n\n\n<figure data-wp-context=\"{&quot;imageId&quot;:&quot;6a955d0e718ac&quot;}\" data-wp-interactive=\"core\/image\" data-wp-key=\"6a955d0e718ac\" class=\"wp-block-image size-full wp-lightbox-container\"><img decoding=\"async\" width=\"2200\" height=\"1467\" data-wp-class--hide=\"state.isContentHidden\" data-wp-class--show=\"state.isContentVisible\" data-wp-init=\"callbacks.setButtonStyles\" data-wp-on--click=\"actions.showLightbox\" data-wp-on--load=\"callbacks.setButtonStyles\" data-wp-on--pointerdown=\"actions.preloadImage\" data-wp-on--pointerenter=\"actions.preloadImageWithDelay\" data-wp-on--pointerleave=\"actions.cancelPreload\" data-wp-on-window--resize=\"callbacks.setButtonStyles\" src=\"https:\/\/loudavymkrokem.cz\/wp-content\/uploads\/2026\/08\/olomouc-s-detmi-radnice-orloj.jpg\" alt=\"Prefeitura de Olomouc com o rel\u00f3gio astron\u00f4mico na pra\u00e7a Horn\u00ed n\u00e1m\u011bst\u00ed\" class=\"wp-image-401026\" title=\"\" srcset=\"https:\/\/loudavymkrokem.cz\/wp-content\/uploads\/2026\/08\/olomouc-s-detmi-radnice-orloj.jpg 2200w, https:\/\/loudavymkrokem.cz\/wp-content\/uploads\/2026\/08\/olomouc-s-detmi-radnice-orloj-300x200.jpg 300w, https:\/\/loudavymkrokem.cz\/wp-content\/uploads\/2026\/08\/olomouc-s-detmi-radnice-orloj-700x467.jpg 700w, https:\/\/loudavymkrokem.cz\/wp-content\/uploads\/2026\/08\/olomouc-s-detmi-radnice-orloj-768x512.jpg 768w, https:\/\/loudavymkrokem.cz\/wp-content\/uploads\/2026\/08\/olomouc-s-detmi-radnice-orloj-1536x1024.jpg 1536w, https:\/\/loudavymkrokem.cz\/wp-content\/uploads\/2026\/08\/olomouc-s-detmi-radnice-orloj-2048x1366.jpg 2048w, https:\/\/loudavymkrokem.cz\/wp-content\/uploads\/2026\/08\/olomouc-s-detmi-radnice-orloj-696x464.jpg 696w, https:\/\/loudavymkrokem.cz\/wp-content\/uploads\/2026\/08\/olomouc-s-detmi-radnice-orloj-1392x928.jpg 1392w, https:\/\/loudavymkrokem.cz\/wp-content\/uploads\/2026\/08\/olomouc-s-detmi-radnice-orloj-1920x1280.jpg 1920w\" sizes=\"(max-width: 2200px) 100vw, 2200px\" \/><button\n\t\t\tclass=\"lightbox-trigger\"\n\t\t\ttype=\"button\"\n\t\t\taria-haspopup=\"dialog\"\n\t\t\tdata-wp-bind--aria-label=\"state.thisImage.triggerButtonAriaLabel\"\n\t\t\tdata-wp-init=\"callbacks.initTriggerButton\"\n\t\t\tdata-wp-on--click=\"actions.showLightbox\"\n\t\t\tdata-wp-style--right=\"state.thisImage.buttonRight\"\n\t\t\tdata-wp-style--top=\"state.thisImage.buttonTop\"\n\t\t>\n\t\t\t<svg xmlns=\"http:\/\/www.w3.org\/2000\/svg\" width=\"12\" height=\"12\" fill=\"none\" viewBox=\"0 0 12 12\">\n\t\t\t\t<path fill=\"#fff\" d=\"M2 0a2 2 0 0 0-2 2v2h1.5V2a.5.5 0 0 1 .5-.5h2V0H2Zm2 10.5H2a.5.5 0 0 1-.5-.5V8H0v2a2 2 0 0 0 2 2h2v-1.5ZM8 12v-1.5h2a.5.5 0 0 0 .5-.5V8H12v2a2 2 0 0 1-2 2H8Zm2-12a2 2 0 0 1 2 2v2h-1.5V2a.5.5 0 0 0-.5-.5H8V0h2Z\" \/>\n\t\t\t<\/svg>\n\t\t<\/button><figcaption class=\"wp-element-caption\">A prefeitura com o rel\u00f3gio astron\u00f4mico e a torre, que d\u00e1 para subir com guia<\/figcaption><\/figure>\n\n\n\n<p class=\"wp-block-paragraph\">Se voc\u00ea tem crian\u00e7as um pouco maiores, que j\u00e1 d\u00e3o conta de subir alguns degraus, n\u00e3o deixe de ver a cidade do alto. A torre da prefeitura tem respeit\u00e1veis 75 metros e se ergue bem acima da pra\u00e7a Horn\u00ed n\u00e1m\u011bst\u00ed, ao lado do famoso rel\u00f3gio astron\u00f4mico.<\/p>\n\n\n\n<p class=\"wp-block-paragraph\">A subida acontece de forma sazonal e sempre com guia, ent\u00e3o voc\u00ea ainda aprende algo interessante da hist\u00f3ria. A vista da galeria \u00e9 de tirar o f\u00f4lego: voc\u00ea enxerga todos aqueles telhados vermelhos, as ruelas sinuosas e as colinas ao redor, o que sem d\u00favida vale o esfor\u00e7o das pernas.<\/p>\n\n\n\n<h3 class=\"wp-block-heading\"><span class=\"ez-toc-section\" id=\"5_A_Igreja_de_Sao_Mauricio_e_a_subida_a_torre\"><\/span>5. A Igreja de S\u00e3o Maur\u00edcio e a subida \u00e0 torre<span class=\"ez-toc-section-end\"><\/span><\/h3>\n\n\n\n<figure data-wp-context=\"{&quot;imageId&quot;:&quot;6a955d0e72019&quot;}\" data-wp-interactive=\"core\/image\" data-wp-key=\"6a955d0e72019\" class=\"wp-block-image size-full wp-lightbox-container\"><img decoding=\"async\" width=\"1467\" height=\"2200\" data-wp-class--hide=\"state.isContentHidden\" data-wp-class--show=\"state.isContentVisible\" data-wp-init=\"callbacks.setButtonStyles\" data-wp-on--click=\"actions.showLightbox\" data-wp-on--load=\"callbacks.setButtonStyles\" data-wp-on--pointerdown=\"actions.preloadImage\" data-wp-on--pointerenter=\"actions.preloadImageWithDelay\" data-wp-on--pointerleave=\"actions.cancelPreload\" data-wp-on-window--resize=\"callbacks.setButtonStyles\" src=\"https:\/\/loudavymkrokem.cz\/wp-content\/uploads\/2026\/08\/olomouc-s-detmi-ulicka-s-vezi.jpg\" alt=\"Ruela de Olomouc com torre de igreja ao fundo\" class=\"wp-image-401159\" title=\"\" srcset=\"https:\/\/loudavymkrokem.cz\/wp-content\/uploads\/2026\/08\/olomouc-s-detmi-ulicka-s-vezi.jpg 1467w, https:\/\/loudavymkrokem.cz\/wp-content\/uploads\/2026\/08\/olomouc-s-detmi-ulicka-s-vezi-200x300.jpg 200w, https:\/\/loudavymkrokem.cz\/wp-content\/uploads\/2026\/08\/olomouc-s-detmi-ulicka-s-vezi-700x1050.jpg 700w, https:\/\/loudavymkrokem.cz\/wp-content\/uploads\/2026\/08\/olomouc-s-detmi-ulicka-s-vezi-768x1152.jpg 768w, https:\/\/loudavymkrokem.cz\/wp-content\/uploads\/2026\/08\/olomouc-s-detmi-ulicka-s-vezi-1024x1536.jpg 1024w, https:\/\/loudavymkrokem.cz\/wp-content\/uploads\/2026\/08\/olomouc-s-detmi-ulicka-s-vezi-1366x2048.jpg 1366w, https:\/\/loudavymkrokem.cz\/wp-content\/uploads\/2026\/08\/olomouc-s-detmi-ulicka-s-vezi-696x1044.jpg 696w, https:\/\/loudavymkrokem.cz\/wp-content\/uploads\/2026\/08\/olomouc-s-detmi-ulicka-s-vezi-1392x2088.jpg 1392w\" sizes=\"(max-width: 1467px) 100vw, 1467px\" \/><button\n\t\t\tclass=\"lightbox-trigger\"\n\t\t\ttype=\"button\"\n\t\t\taria-haspopup=\"dialog\"\n\t\t\tdata-wp-bind--aria-label=\"state.thisImage.triggerButtonAriaLabel\"\n\t\t\tdata-wp-init=\"callbacks.initTriggerButton\"\n\t\t\tdata-wp-on--click=\"actions.showLightbox\"\n\t\t\tdata-wp-style--right=\"state.thisImage.buttonRight\"\n\t\t\tdata-wp-style--top=\"state.thisImage.buttonTop\"\n\t\t>\n\t\t\t<svg xmlns=\"http:\/\/www.w3.org\/2000\/svg\" width=\"12\" height=\"12\" fill=\"none\" viewBox=\"0 0 12 12\">\n\t\t\t\t<path fill=\"#fff\" d=\"M2 0a2 2 0 0 0-2 2v2h1.5V2a.5.5 0 0 1 .5-.5h2V0H2Zm2 10.5H2a.5.5 0 0 1-.5-.5V8H0v2a2 2 0 0 0 2 2h2v-1.5ZM8 12v-1.5h2a.5.5 0 0 0 .5-.5V8H12v2a2 2 0 0 1-2 2H8Zm2-12a2 2 0 0 1 2 2v2h-1.5V2a.5.5 0 0 0-.5-.5H8V0h2Z\" \/>\n\t\t\t<\/svg>\n\t\t<\/button><figcaption class=\"wp-element-caption\">As torres das igrejas espiam por cima das ruelas de Olomouc quase em cada esquina<\/figcaption><\/figure>\n\n\n\n<p class=\"wp-block-paragraph\">Uma vista ainda melhor, dizem, se abre da torre da Igreja de S\u00e3o Maur\u00edcio, que tem 46 metros e cuja subida \u00e9 feita por uma linda e antiga escada em espiral, que por si s\u00f3 parece sa\u00edda de um filme de aventura. Costuma ficar aberta de maio a setembro, aproximadamente, e apenas com bom tempo, por seguran\u00e7a.<\/p>\n\n\n\n<p class=\"wp-block-paragraph\">Al\u00e9m da bela vista, essa igreja tem outro grande atrativo. \u00c9 que ela abriga o <strong>maior \u00f3rg\u00e3o da Europa Central<\/strong>. Se voc\u00ea tiver sorte e algu\u00e9m estiver ensaiando ou houver um concerto acontecendo, aquele som majestoso ecoando pela imensa nave da igreja com certeza vai deixar voc\u00ea pregado no ch\u00e3o.<\/p>\n\n\n\n<h3 class=\"wp-block-heading\"><span class=\"ez-toc-section\" id=\"6_Parque_Smetanovy_sady\"><\/span>6. Parque Smetanovy sady<span class=\"ez-toc-section-end\"><\/span><\/h3>\n\n\n\n<figure data-wp-context=\"{&quot;imageId&quot;:&quot;6a955d0e7277a&quot;}\" data-wp-interactive=\"core\/image\" data-wp-key=\"6a955d0e7277a\" class=\"wp-block-image size-full wp-lightbox-container\"><img decoding=\"async\" width=\"1350\" height=\"1800\" data-wp-class--hide=\"state.isContentHidden\" data-wp-class--show=\"state.isContentVisible\" data-wp-init=\"callbacks.setButtonStyles\" data-wp-on--click=\"actions.showLightbox\" data-wp-on--load=\"callbacks.setButtonStyles\" data-wp-on--pointerdown=\"actions.preloadImage\" data-wp-on--pointerenter=\"actions.preloadImageWithDelay\" data-wp-on--pointerleave=\"actions.cancelPreload\" data-wp-on-window--resize=\"callbacks.setButtonStyles\" src=\"https:\/\/loudavymkrokem.cz\/wp-content\/uploads\/2026\/08\/olomouc-s-detmi-smetanovy-sady.jpg\" alt=\"Alameda e canteiros no parque Smetanovy sady em Olomouc\" class=\"wp-image-401155\" title=\"\" srcset=\"https:\/\/loudavymkrokem.cz\/wp-content\/uploads\/2026\/08\/olomouc-s-detmi-smetanovy-sady.jpg 1350w, https:\/\/loudavymkrokem.cz\/wp-content\/uploads\/2026\/08\/olomouc-s-detmi-smetanovy-sady-225x300.jpg 225w, https:\/\/loudavymkrokem.cz\/wp-content\/uploads\/2026\/08\/olomouc-s-detmi-smetanovy-sady-700x933.jpg 700w, https:\/\/loudavymkrokem.cz\/wp-content\/uploads\/2026\/08\/olomouc-s-detmi-smetanovy-sady-768x1024.jpg 768w, https:\/\/loudavymkrokem.cz\/wp-content\/uploads\/2026\/08\/olomouc-s-detmi-smetanovy-sady-1152x1536.jpg 1152w, https:\/\/loudavymkrokem.cz\/wp-content\/uploads\/2026\/08\/olomouc-s-detmi-smetanovy-sady-696x928.jpg 696w\" sizes=\"(max-width: 1350px) 100vw, 1350px\" \/><button\n\t\t\tclass=\"lightbox-trigger\"\n\t\t\ttype=\"button\"\n\t\t\taria-haspopup=\"dialog\"\n\t\t\tdata-wp-bind--aria-label=\"state.thisImage.triggerButtonAriaLabel\"\n\t\t\tdata-wp-init=\"callbacks.initTriggerButton\"\n\t\t\tdata-wp-on--click=\"actions.showLightbox\"\n\t\t\tdata-wp-style--right=\"state.thisImage.buttonRight\"\n\t\t\tdata-wp-style--top=\"state.thisImage.buttonTop\"\n\t\t>\n\t\t\t<svg xmlns=\"http:\/\/www.w3.org\/2000\/svg\" width=\"12\" height=\"12\" fill=\"none\" viewBox=\"0 0 12 12\">\n\t\t\t\t<path fill=\"#fff\" d=\"M2 0a2 2 0 0 0-2 2v2h1.5V2a.5.5 0 0 1 .5-.5h2V0H2Zm2 10.5H2a.5.5 0 0 1-.5-.5V8H0v2a2 2 0 0 0 2 2h2v-1.5ZM8 12v-1.5h2a.5.5 0 0 0 .5-.5V8H12v2a2 2 0 0 1-2 2H8Zm2-12a2 2 0 0 1 2 2v2h-1.5V2a.5.5 0 0 0-.5-.5H8V0h2Z\" \/>\n\t\t\t<\/svg>\n\t\t<\/button><figcaption class=\"wp-element-caption\">As alamedas largas do Smetanovy sady s\u00e3o ideais para bicicletinha e carrinho de beb\u00ea<\/figcaption><\/figure>\n\n\n\n<p class=\"wp-block-paragraph\">Quando todo mundo j\u00e1 estiver cansado de paralelep\u00edpedos e voc\u00ea precisar deixar as crian\u00e7as gastarem um pouco de energia, dirija-se ao parque Smetanovy sady. \u00c9 um parque amplo e maravilhosamente bem cuidado, a poucos passos do centro, que ostenta nos mapas uma \u00f3tima nota de 4,6 estrelas. Voc\u00ea encontra aqui muitas \u00e1rvores altas que oferecem sombra bem-vinda nos dias quentes de ver\u00e3o e caminhos de asfalto infind\u00e1veis, ideais para andar de bicicletinha.<\/p>\n\n\n\n<p class=\"wp-block-paragraph\">H\u00e1 uma enorme tranquilidade e espa\u00e7o para piquenique na grama. Mas, nas resenhas, os pais costumam apontar honestamente uma pequena desvantagem: para um parque t\u00e3o grande, h\u00e1 apenas um \u00fanico parquinho infantil dispon\u00edvel, ent\u00e3o, nos hor\u00e1rios de pico, ele pode ficar bem cheio.<\/p>\n\n\n\n<h3 class=\"wp-block-heading\"><span class=\"ez-toc-section\" id=\"7_Parque_Bezrucovy_sady_e_as_muralhas\"><\/span>7. Parque Bezru\u010dovy sady e as muralhas<span class=\"ez-toc-section-end\"><\/span><\/h3>\n\n\n\n<figure data-wp-context=\"{&quot;imageId&quot;:&quot;6a955d0e72ed9&quot;}\" data-wp-interactive=\"core\/image\" data-wp-key=\"6a955d0e72ed9\" class=\"wp-block-image size-full wp-lightbox-container\"><img decoding=\"async\" width=\"1800\" height=\"1350\" data-wp-class--hide=\"state.isContentHidden\" data-wp-class--show=\"state.isContentVisible\" data-wp-init=\"callbacks.setButtonStyles\" data-wp-on--click=\"actions.showLightbox\" data-wp-on--load=\"callbacks.setButtonStyles\" data-wp-on--pointerdown=\"actions.preloadImage\" data-wp-on--pointerenter=\"actions.preloadImageWithDelay\" data-wp-on--pointerleave=\"actions.cancelPreload\" data-wp-on-window--resize=\"callbacks.setButtonStyles\" src=\"https:\/\/loudavymkrokem.cz\/wp-content\/uploads\/2026\/08\/olomouc-s-detmi-bezrucovy-sady.jpg\" alt=\"Muralhas da cidade com torrezinha no parque Bezru\u010dovy sady em Olomouc\" class=\"wp-image-401121\" title=\"\" srcset=\"https:\/\/loudavymkrokem.cz\/wp-content\/uploads\/2026\/08\/olomouc-s-detmi-bezrucovy-sady.jpg 1800w, https:\/\/loudavymkrokem.cz\/wp-content\/uploads\/2026\/08\/olomouc-s-detmi-bezrucovy-sady-300x225.jpg 300w, https:\/\/loudavymkrokem.cz\/wp-content\/uploads\/2026\/08\/olomouc-s-detmi-bezrucovy-sady-700x525.jpg 700w, https:\/\/loudavymkrokem.cz\/wp-content\/uploads\/2026\/08\/olomouc-s-detmi-bezrucovy-sady-768x576.jpg 768w, https:\/\/loudavymkrokem.cz\/wp-content\/uploads\/2026\/08\/olomouc-s-detmi-bezrucovy-sady-1536x1152.jpg 1536w, https:\/\/loudavymkrokem.cz\/wp-content\/uploads\/2026\/08\/olomouc-s-detmi-bezrucovy-sady-80x60.jpg 80w, https:\/\/loudavymkrokem.cz\/wp-content\/uploads\/2026\/08\/olomouc-s-detmi-bezrucovy-sady-160x120.jpg 160w, https:\/\/loudavymkrokem.cz\/wp-content\/uploads\/2026\/08\/olomouc-s-detmi-bezrucovy-sady-696x522.jpg 696w, https:\/\/loudavymkrokem.cz\/wp-content\/uploads\/2026\/08\/olomouc-s-detmi-bezrucovy-sady-1392x1044.jpg 1392w\" sizes=\"(max-width: 1800px) 100vw, 1800px\" \/><button\n\t\t\tclass=\"lightbox-trigger\"\n\t\t\ttype=\"button\"\n\t\t\taria-haspopup=\"dialog\"\n\t\t\tdata-wp-bind--aria-label=\"state.thisImage.triggerButtonAriaLabel\"\n\t\t\tdata-wp-init=\"callbacks.initTriggerButton\"\n\t\t\tdata-wp-on--click=\"actions.showLightbox\"\n\t\t\tdata-wp-style--right=\"state.thisImage.buttonRight\"\n\t\t\tdata-wp-style--top=\"state.thisImage.buttonTop\"\n\t\t>\n\t\t\t<svg xmlns=\"http:\/\/www.w3.org\/2000\/svg\" width=\"12\" height=\"12\" fill=\"none\" viewBox=\"0 0 12 12\">\n\t\t\t\t<path fill=\"#fff\" d=\"M2 0a2 2 0 0 0-2 2v2h1.5V2a.5.5 0 0 1 .5-.5h2V0H2Zm2 10.5H2a.5.5 0 0 1-.5-.5V8H0v2a2 2 0 0 0 2 2h2v-1.5ZM8 12v-1.5h2a.5.5 0 0 0 .5-.5V8H12v2a2 2 0 0 1-2 2H8Zm2-12a2 2 0 0 1 2 2v2h-1.5V2a.5.5 0 0 0-.5-.5H8V0h2Z\" \/>\n\t\t\t<\/svg>\n\t\t<\/button><figcaption class=\"wp-element-caption\">Muralhas com torrezinha no Bezru\u010dovy sady, cen\u00e1rio ideal para brincadeiras de cavaleiros<\/figcaption><\/figure>\n\n\n\n<p class=\"wp-block-paragraph\">Bem \u00e0 vista do Smetanovy sady, estendendo-se sob as antigas muralhas da cidade, fica o parque Bezru\u010dovy sady. Se voc\u00ea vier para c\u00e1 na primavera, vai testemunhar um espet\u00e1culo incr\u00edvel, porque o parque inteiro se ilumina com magn\u00f3lias lindamente floridas, sob as quais praticamente todo visitante da cidade tira foto.<\/p>\n\n\n\n<p class=\"wp-block-paragraph\">Para as crian\u00e7as, uma super atra\u00e7\u00e3o aqui \u00e9 a trilha educativa que segue ao longo das antigas fortifica\u00e7\u00f5es barrocas. Voc\u00ea sente a hist\u00f3ria da velha cidade fortificada, e, para os meninos que amam cavaleiros e castelos, essas robustas muralhas de tijolo s\u00e3o perfeitas para todo tipo de batalha cheia de imagina\u00e7\u00e3o.<\/p>\n\n\n\n<h3 class=\"wp-block-heading\"><span class=\"ez-toc-section\" id=\"8_O_Roseiral\"><\/span>8. O Roseiral<span class=\"ez-toc-section-end\"><\/span><\/h3>\n\n\n\n<figure data-wp-context=\"{&quot;imageId&quot;:&quot;6a955d0e73562&quot;}\" data-wp-interactive=\"core\/image\" data-wp-key=\"6a955d0e73562\" class=\"wp-block-image size-full wp-lightbox-container\"><img decoding=\"async\" width=\"1800\" height=\"1347\" data-wp-class--hide=\"state.isContentHidden\" data-wp-class--show=\"state.isContentVisible\" data-wp-init=\"callbacks.setButtonStyles\" data-wp-on--click=\"actions.showLightbox\" data-wp-on--load=\"callbacks.setButtonStyles\" data-wp-on--pointerdown=\"actions.preloadImage\" data-wp-on--pointerenter=\"actions.preloadImageWithDelay\" data-wp-on--pointerleave=\"actions.cancelPreload\" data-wp-on-window--resize=\"callbacks.setButtonStyles\" src=\"https:\/\/loudavymkrokem.cz\/wp-content\/uploads\/2026\/08\/olomouc-s-detmi-rozarium.jpg\" alt=\"Roseiral em Olomouc com canteiros floridos de rosas\" class=\"wp-image-401109\" title=\"\" srcset=\"https:\/\/loudavymkrokem.cz\/wp-content\/uploads\/2026\/08\/olomouc-s-detmi-rozarium.jpg 1800w, https:\/\/loudavymkrokem.cz\/wp-content\/uploads\/2026\/08\/olomouc-s-detmi-rozarium-300x225.jpg 300w, https:\/\/loudavymkrokem.cz\/wp-content\/uploads\/2026\/08\/olomouc-s-detmi-rozarium-700x524.jpg 700w, https:\/\/loudavymkrokem.cz\/wp-content\/uploads\/2026\/08\/olomouc-s-detmi-rozarium-768x575.jpg 768w, https:\/\/loudavymkrokem.cz\/wp-content\/uploads\/2026\/08\/olomouc-s-detmi-rozarium-1536x1149.jpg 1536w, https:\/\/loudavymkrokem.cz\/wp-content\/uploads\/2026\/08\/olomouc-s-detmi-rozarium-80x60.jpg 80w, https:\/\/loudavymkrokem.cz\/wp-content\/uploads\/2026\/08\/olomouc-s-detmi-rozarium-160x120.jpg 160w, https:\/\/loudavymkrokem.cz\/wp-content\/uploads\/2026\/08\/olomouc-s-detmi-rozarium-696x521.jpg 696w, https:\/\/loudavymkrokem.cz\/wp-content\/uploads\/2026\/08\/olomouc-s-detmi-rozarium-1392x1042.jpg 1392w\" sizes=\"(max-width: 1800px) 100vw, 1800px\" \/><button\n\t\t\tclass=\"lightbox-trigger\"\n\t\t\ttype=\"button\"\n\t\t\taria-haspopup=\"dialog\"\n\t\t\tdata-wp-bind--aria-label=\"state.thisImage.triggerButtonAriaLabel\"\n\t\t\tdata-wp-init=\"callbacks.initTriggerButton\"\n\t\t\tdata-wp-on--click=\"actions.showLightbox\"\n\t\t\tdata-wp-style--right=\"state.thisImage.buttonRight\"\n\t\t\tdata-wp-style--top=\"state.thisImage.buttonTop\"\n\t\t>\n\t\t\t<svg xmlns=\"http:\/\/www.w3.org\/2000\/svg\" width=\"12\" height=\"12\" fill=\"none\" viewBox=\"0 0 12 12\">\n\t\t\t\t<path fill=\"#fff\" d=\"M2 0a2 2 0 0 0-2 2v2h1.5V2a.5.5 0 0 1 .5-.5h2V0H2Zm2 10.5H2a.5.5 0 0 1-.5-.5V8H0v2a2 2 0 0 0 2 2h2v-1.5ZM8 12v-1.5h2a.5.5 0 0 0 .5-.5V8H12v2a2 2 0 0 1-2 2H8Zm2-12a2 2 0 0 1 2 2v2h-1.5V2a.5.5 0 0 0-.5-.5H8V0h2Z\" \/>\n\t\t\t<\/svg>\n\t\t<\/button><figcaption class=\"wp-element-caption\">O Roseiral tem caminhos largos e planos, \u00f3timos para andar com carrinho de beb\u00ea<\/figcaption><\/figure>\n\n\n\n<p class=\"wp-block-paragraph\">Na rua 17. listopadu voc\u00ea encontra outro o\u00e1sis verde, o Roseiral de Olomouc, que funciona como jardim bot\u00e2nico e roseiral em um s\u00f3. \u00c9 um lugar imensamente querido, o que fica comprovado pela nota <strong>4,7 de 1.877 avalia\u00e7\u00f5es<\/strong>, e os moradores adoram vir aqui para caminhadas de fim de semana.<\/p>\n\n\n\n<p class=\"wp-block-paragraph\">Uma enorme vantagem para as fam\u00edlias \u00e9 o fato de a \u00e1rea ser parcialmente acess\u00edvel e ter caminhos largos e planos, o que \u00e9 uma maravilha se voc\u00ea se desloca <strong>com carrinho de beb\u00ea<\/strong>. Na \u00e9poca de flora\u00e7\u00e3o das rosas, ainda por cima, o cheiro \u00e9 t\u00e3o bom que voc\u00ea nem vai querer ir embora.<\/p>\n\n\n\n<h3 class=\"wp-block-heading\"><span class=\"ez-toc-section\" id=\"9_A_fortaleza_Korunni_pevnustka\"><\/span>9. A fortaleza Korunn\u00ed pevn\u016fstka<span class=\"ez-toc-section-end\"><\/span><\/h3>\n\n\n\n<figure data-wp-context=\"{&quot;imageId&quot;:&quot;6a955d0e73cae&quot;}\" data-wp-interactive=\"core\/image\" data-wp-key=\"6a955d0e73cae\" class=\"wp-block-image size-full wp-lightbox-container\"><img decoding=\"async\" width=\"1800\" height=\"1350\" data-wp-class--hide=\"state.isContentHidden\" data-wp-class--show=\"state.isContentVisible\" data-wp-init=\"callbacks.setButtonStyles\" data-wp-on--click=\"actions.showLightbox\" data-wp-on--load=\"callbacks.setButtonStyles\" data-wp-on--pointerdown=\"actions.preloadImage\" data-wp-on--pointerenter=\"actions.preloadImageWithDelay\" data-wp-on--pointerleave=\"actions.cancelPreload\" data-wp-on-window--resize=\"callbacks.setButtonStyles\" src=\"https:\/\/loudavymkrokem.cz\/wp-content\/uploads\/2026\/08\/olomouc-s-detmi-korunni-pevnustka.jpg\" alt=\"Muralhas da fortaleza Korunn\u00ed pevn\u016fstka em Olomouc\" class=\"wp-image-401103\" title=\"\" srcset=\"https:\/\/loudavymkrokem.cz\/wp-content\/uploads\/2026\/08\/olomouc-s-detmi-korunni-pevnustka.jpg 1800w, https:\/\/loudavymkrokem.cz\/wp-content\/uploads\/2026\/08\/olomouc-s-detmi-korunni-pevnustka-300x225.jpg 300w, https:\/\/loudavymkrokem.cz\/wp-content\/uploads\/2026\/08\/olomouc-s-detmi-korunni-pevnustka-700x525.jpg 700w, https:\/\/loudavymkrokem.cz\/wp-content\/uploads\/2026\/08\/olomouc-s-detmi-korunni-pevnustka-768x576.jpg 768w, https:\/\/loudavymkrokem.cz\/wp-content\/uploads\/2026\/08\/olomouc-s-detmi-korunni-pevnustka-1536x1152.jpg 1536w, https:\/\/loudavymkrokem.cz\/wp-content\/uploads\/2026\/08\/olomouc-s-detmi-korunni-pevnustka-80x60.jpg 80w, https:\/\/loudavymkrokem.cz\/wp-content\/uploads\/2026\/08\/olomouc-s-detmi-korunni-pevnustka-160x120.jpg 160w, https:\/\/loudavymkrokem.cz\/wp-content\/uploads\/2026\/08\/olomouc-s-detmi-korunni-pevnustka-696x522.jpg 696w, https:\/\/loudavymkrokem.cz\/wp-content\/uploads\/2026\/08\/olomouc-s-detmi-korunni-pevnustka-1392x1044.jpg 1392w\" sizes=\"(max-width: 1800px) 100vw, 1800px\" \/><button\n\t\t\tclass=\"lightbox-trigger\"\n\t\t\ttype=\"button\"\n\t\t\taria-haspopup=\"dialog\"\n\t\t\tdata-wp-bind--aria-label=\"state.thisImage.triggerButtonAriaLabel\"\n\t\t\tdata-wp-init=\"callbacks.initTriggerButton\"\n\t\t\tdata-wp-on--click=\"actions.showLightbox\"\n\t\t\tdata-wp-style--right=\"state.thisImage.buttonRight\"\n\t\t\tdata-wp-style--top=\"state.thisImage.buttonTop\"\n\t\t>\n\t\t\t<svg xmlns=\"http:\/\/www.w3.org\/2000\/svg\" width=\"12\" height=\"12\" fill=\"none\" viewBox=\"0 0 12 12\">\n\t\t\t\t<path fill=\"#fff\" d=\"M2 0a2 2 0 0 0-2 2v2h1.5V2a.5.5 0 0 1 .5-.5h2V0H2Zm2 10.5H2a.5.5 0 0 1-.5-.5V8H0v2a2 2 0 0 0 2 2h2v-1.5ZM8 12v-1.5h2a.5.5 0 0 0 .5-.5V8H12v2a2 2 0 0 1-2 2H8Zm2-12a2 2 0 0 1 2 2v2h-1.5V2a.5.5 0 0 0-.5-.5H8V0h2Z\" \/>\n\t\t\t<\/svg>\n\t\t<\/button><figcaption class=\"wp-element-caption\">Muralhas da Korunn\u00ed pevn\u016fstka, onde tamb\u00e9m fica o centro de ci\u00eancias Pevnost pozn\u00e1n\u00ed<\/figcaption><\/figure>\n\n\n\n<p class=\"wp-block-paragraph\">Olomouc j\u00e1 foi uma poderosa fortaleza, e voc\u00ea pode tocar um peda\u00e7o dessa hist\u00f3ria militar na \u00e1rea da Korunn\u00ed pevn\u016fstka, no endere\u00e7o Michalsk\u00e1 8. H\u00e1 aqui um trecho preservado da fortaleza barroca teresiana e, no antigo dep\u00f3sito de p\u00f3lvora, hoje funciona um museu onde voc\u00ea pode ver uma enorme maquete em gesso das fortifica\u00e7\u00f5es originais da cidade. As pessoas gostam muito desse lugar e d\u00e3o a ele uma linda nota de <strong>4,6 de 733 avalia\u00e7\u00f5es<\/strong>.<\/p>\n\n\n\n<p class=\"wp-block-paragraph\">A \u00e1rea fica aberta de abril a outubro (segunda-feira fechada; de ter\u00e7a a sexta das 9h \u00e0s 17h, e nos fins de semana das 10h \u00e0s 17h), com a \u00faltima visita poss\u00edvel \u00e0s 16h30. A entrada \u00e9 bem simp\u00e1tica: adultos pagam <strong>60 CZK (cerca de R$ 15)<\/strong> e crian\u00e7as de 6 a 15 anos pagam <strong>30 CZK (cerca de R$ 7)<\/strong>, sendo que os menores de 6 anos entram totalmente de gra\u00e7a. H\u00e1 tamb\u00e9m ingressos familiares vantajosos por 120 CZK (cerca de R$ 30) para 2+1, ou 150 CZK (cerca de R$ 37) para fam\u00edlias maiores.<\/p>\n\n\n\n<h3 class=\"wp-block-heading\"><span class=\"ez-toc-section\" id=\"10_Murais_e_street_art_nas_passagens\"><\/span>10. Murais e street art nas passagens<span class=\"ez-toc-section-end\"><\/span><\/h3>\n\n\n\n<figure data-wp-context=\"{&quot;imageId&quot;:&quot;6a955d0e7431f&quot;}\" data-wp-interactive=\"core\/image\" data-wp-key=\"6a955d0e7431f\" class=\"wp-block-image size-full wp-lightbox-container\"><img decoding=\"async\" width=\"2200\" height=\"1467\" data-wp-class--hide=\"state.isContentHidden\" data-wp-class--show=\"state.isContentVisible\" data-wp-init=\"callbacks.setButtonStyles\" data-wp-on--click=\"actions.showLightbox\" data-wp-on--load=\"callbacks.setButtonStyles\" data-wp-on--pointerdown=\"actions.preloadImage\" data-wp-on--pointerenter=\"actions.preloadImageWithDelay\" data-wp-on--pointerleave=\"actions.cancelPreload\" data-wp-on-window--resize=\"callbacks.setButtonStyles\" src=\"https:\/\/loudavymkrokem.cz\/wp-content\/uploads\/2026\/08\/olomouc-s-detmi-mural-detail-klenba.jpg\" alt=\"Pintura azul na ab\u00f3bada de uma passagem no centro de Olomouc\" class=\"wp-image-401048\" title=\"\" srcset=\"https:\/\/loudavymkrokem.cz\/wp-content\/uploads\/2026\/08\/olomouc-s-detmi-mural-detail-klenba.jpg 2200w, https:\/\/loudavymkrokem.cz\/wp-content\/uploads\/2026\/08\/olomouc-s-detmi-mural-detail-klenba-300x200.jpg 300w, https:\/\/loudavymkrokem.cz\/wp-content\/uploads\/2026\/08\/olomouc-s-detmi-mural-detail-klenba-700x467.jpg 700w, https:\/\/loudavymkrokem.cz\/wp-content\/uploads\/2026\/08\/olomouc-s-detmi-mural-detail-klenba-768x512.jpg 768w, https:\/\/loudavymkrokem.cz\/wp-content\/uploads\/2026\/08\/olomouc-s-detmi-mural-detail-klenba-1536x1024.jpg 1536w, https:\/\/loudavymkrokem.cz\/wp-content\/uploads\/2026\/08\/olomouc-s-detmi-mural-detail-klenba-2048x1366.jpg 2048w, https:\/\/loudavymkrokem.cz\/wp-content\/uploads\/2026\/08\/olomouc-s-detmi-mural-detail-klenba-696x464.jpg 696w, https:\/\/loudavymkrokem.cz\/wp-content\/uploads\/2026\/08\/olomouc-s-detmi-mural-detail-klenba-1392x928.jpg 1392w, https:\/\/loudavymkrokem.cz\/wp-content\/uploads\/2026\/08\/olomouc-s-detmi-mural-detail-klenba-1920x1280.jpg 1920w\" sizes=\"(max-width: 2200px) 100vw, 2200px\" \/><button\n\t\t\tclass=\"lightbox-trigger\"\n\t\t\ttype=\"button\"\n\t\t\taria-haspopup=\"dialog\"\n\t\t\tdata-wp-bind--aria-label=\"state.thisImage.triggerButtonAriaLabel\"\n\t\t\tdata-wp-init=\"callbacks.initTriggerButton\"\n\t\t\tdata-wp-on--click=\"actions.showLightbox\"\n\t\t\tdata-wp-style--right=\"state.thisImage.buttonRight\"\n\t\t\tdata-wp-style--top=\"state.thisImage.buttonTop\"\n\t\t>\n\t\t\t<svg xmlns=\"http:\/\/www.w3.org\/2000\/svg\" width=\"12\" height=\"12\" fill=\"none\" viewBox=\"0 0 12 12\">\n\t\t\t\t<path fill=\"#fff\" d=\"M2 0a2 2 0 0 0-2 2v2h1.5V2a.5.5 0 0 1 .5-.5h2V0H2Zm2 10.5H2a.5.5 0 0 1-.5-.5V8H0v2a2 2 0 0 0 2 2h2v-1.5ZM8 12v-1.5h2a.5.5 0 0 0 .5-.5V8H12v2a2 2 0 0 1-2 2H8Zm2-12a2 2 0 0 1 2 2v2h-1.5V2a.5.5 0 0 0-.5-.5H8V0h2Z\" \/>\n\t\t\t<\/svg>\n\t\t<\/button><figcaption class=\"wp-element-caption\">As passagens com pinturas s\u00e3o a melhor parte do passeio pelo centro, na opini\u00e3o das crian\u00e7as<\/figcaption><\/figure>\n\n\n\n<figure data-wp-context=\"{&quot;imageId&quot;:&quot;6a955d0e7481a&quot;}\" data-wp-interactive=\"core\/image\" data-wp-key=\"6a955d0e7481a\" class=\"wp-block-image size-full wp-lightbox-container\"><img decoding=\"async\" width=\"2200\" height=\"1467\" data-wp-class--hide=\"state.isContentHidden\" data-wp-class--show=\"state.isContentVisible\" data-wp-init=\"callbacks.setButtonStyles\" data-wp-on--click=\"actions.showLightbox\" data-wp-on--load=\"callbacks.setButtonStyles\" data-wp-on--pointerdown=\"actions.preloadImage\" data-wp-on--pointerenter=\"actions.preloadImageWithDelay\" data-wp-on--pointerleave=\"actions.cancelPreload\" data-wp-on-window--resize=\"callbacks.setButtonStyles\" src=\"https:\/\/loudavymkrokem.cz\/wp-content\/uploads\/2026\/08\/olomouc-s-detmi-mural-stit-domu.jpg\" alt=\"Pintura de grande formato na empena de uma casa em Olomouc\" class=\"wp-image-401040\" title=\"\" srcset=\"https:\/\/loudavymkrokem.cz\/wp-content\/uploads\/2026\/08\/olomouc-s-detmi-mural-stit-domu.jpg 2200w, https:\/\/loudavymkrokem.cz\/wp-content\/uploads\/2026\/08\/olomouc-s-detmi-mural-stit-domu-300x200.jpg 300w, https:\/\/loudavymkrokem.cz\/wp-content\/uploads\/2026\/08\/olomouc-s-detmi-mural-stit-domu-700x467.jpg 700w, https:\/\/loudavymkrokem.cz\/wp-content\/uploads\/2026\/08\/olomouc-s-detmi-mural-stit-domu-768x512.jpg 768w, https:\/\/loudavymkrokem.cz\/wp-content\/uploads\/2026\/08\/olomouc-s-detmi-mural-stit-domu-1536x1024.jpg 1536w, https:\/\/loudavymkrokem.cz\/wp-content\/uploads\/2026\/08\/olomouc-s-detmi-mural-stit-domu-2048x1366.jpg 2048w, https:\/\/loudavymkrokem.cz\/wp-content\/uploads\/2026\/08\/olomouc-s-detmi-mural-stit-domu-696x464.jpg 696w, https:\/\/loudavymkrokem.cz\/wp-content\/uploads\/2026\/08\/olomouc-s-detmi-mural-stit-domu-1392x928.jpg 1392w, https:\/\/loudavymkrokem.cz\/wp-content\/uploads\/2026\/08\/olomouc-s-detmi-mural-stit-domu-1920x1280.jpg 1920w\" sizes=\"(max-width: 2200px) 100vw, 2200px\" \/><button\n\t\t\tclass=\"lightbox-trigger\"\n\t\t\ttype=\"button\"\n\t\t\taria-haspopup=\"dialog\"\n\t\t\tdata-wp-bind--aria-label=\"state.thisImage.triggerButtonAriaLabel\"\n\t\t\tdata-wp-init=\"callbacks.initTriggerButton\"\n\t\t\tdata-wp-on--click=\"actions.showLightbox\"\n\t\t\tdata-wp-style--right=\"state.thisImage.buttonRight\"\n\t\t\tdata-wp-style--top=\"state.thisImage.buttonTop\"\n\t\t>\n\t\t\t<svg xmlns=\"http:\/\/www.w3.org\/2000\/svg\" width=\"12\" height=\"12\" fill=\"none\" viewBox=\"0 0 12 12\">\n\t\t\t\t<path fill=\"#fff\" d=\"M2 0a2 2 0 0 0-2 2v2h1.5V2a.5.5 0 0 1 .5-.5h2V0H2Zm2 10.5H2a.5.5 0 0 1-.5-.5V8H0v2a2 2 0 0 0 2 2h2v-1.5ZM8 12v-1.5h2a.5.5 0 0 0 .5-.5V8H12v2a2 2 0 0 1-2 2H8Zm2-12a2 2 0 0 1 2 2v2h-1.5V2a.5.5 0 0 0-.5-.5H8V0h2Z\" \/>\n\t\t\t<\/svg>\n\t\t<\/button><figcaption class=\"wp-element-caption\">As pinturas de grande formato aparecem at\u00e9 nas empenas de casas comuns<\/figcaption><\/figure>\n\n\n\n<p class=\"wp-block-paragraph\">A \u00faltima dica de atividades ao ar livre \u00e9 uma esp\u00e9cie de ca\u00e7a ao tesouro urbana. Olomouc respira hist\u00f3ria, mas n\u00e3o tem medo da arte moderna. Bem no centro, muitas vezes escondidas em passagens, arcadas ou nas empenas altas de casas antigas, existem v\u00e1rias impressionantes pinturas de grande formato, os chamados murais.<\/p>\n\n\n\n<p class=\"wp-block-paragraph\">Tente localizar antes onde elas ficam e transforme o passeio pela cidade numa brincadeira de detetive. As crian\u00e7as costumam descobrir esses enormes quadros coloridos com muito entusiasmo, e d\u00e1 para combinar isso perfeitamente com a j\u00e1 mencionada ca\u00e7a \u00e0s fontes barrocas.<\/p>\n\n\n\n<h2 class=\"wp-block-heading\"><span class=\"ez-toc-section\" id=\"Quando_chove_espacos_de_recreacao_museus_e_centros_de_diversao\"><\/span>Quando chove: espa\u00e7os de recrea\u00e7\u00e3o, museus e centros de divers\u00e3o<span class=\"ez-toc-section-end\"><\/span><\/h2>\n\n\n\n<p class=\"wp-block-paragraph\">Se voc\u00ea est\u00e1 se perguntando <strong>onde ir com crian\u00e7as em Olomouc quando chove<\/strong>, tenho uma \u00f3tima not\u00edcia. Essa cidade est\u00e1 talvez mais bem equipada para dias chuvosos do que qualquer outra do pa\u00eds. A concentra\u00e7\u00e3o de espa\u00e7os de recrea\u00e7\u00e3o cobertos de qualidade e exposi\u00e7\u00f5es interativas por aqui \u00e9 simplesmente incr\u00edvel, e a n\u00f3s mesmos um daqueles lindos espa\u00e7os no centro salvou uma tarde inteira. Vamos ver as melhores op\u00e7\u00f5es.<\/p>\n\n\n\n<h3 class=\"wp-block-heading\"><span class=\"ez-toc-section\" id=\"11_Pevnost_poznani\"><\/span>11. Pevnost pozn\u00e1n\u00ed<span class=\"ez-toc-section-end\"><\/span><\/h3>\n\n\n\n<figure data-wp-context=\"{&quot;imageId&quot;:&quot;6a955d0e75009&quot;}\" data-wp-interactive=\"core\/image\" data-wp-key=\"6a955d0e75009\" class=\"wp-block-image size-full wp-lightbox-container\"><img decoding=\"async\" width=\"1800\" height=\"1347\" data-wp-class--hide=\"state.isContentHidden\" data-wp-class--show=\"state.isContentVisible\" data-wp-init=\"callbacks.setButtonStyles\" data-wp-on--click=\"actions.showLightbox\" data-wp-on--load=\"callbacks.setButtonStyles\" data-wp-on--pointerdown=\"actions.preloadImage\" data-wp-on--pointerenter=\"actions.preloadImageWithDelay\" data-wp-on--pointerleave=\"actions.cancelPreload\" data-wp-on-window--resize=\"callbacks.setButtonStyles\" src=\"https:\/\/loudavymkrokem.cz\/wp-content\/uploads\/2026\/08\/olomouc-s-detmi-pevnost-poznani.jpg\" alt=\"Exposi\u00e7\u00e3o interativa na Pevnost pozn\u00e1n\u00ed em Olomouc\" class=\"wp-image-401123\" title=\"\" srcset=\"https:\/\/loudavymkrokem.cz\/wp-content\/uploads\/2026\/08\/olomouc-s-detmi-pevnost-poznani.jpg 1800w, https:\/\/loudavymkrokem.cz\/wp-content\/uploads\/2026\/08\/olomouc-s-detmi-pevnost-poznani-300x225.jpg 300w, https:\/\/loudavymkrokem.cz\/wp-content\/uploads\/2026\/08\/olomouc-s-detmi-pevnost-poznani-700x524.jpg 700w, https:\/\/loudavymkrokem.cz\/wp-content\/uploads\/2026\/08\/olomouc-s-detmi-pevnost-poznani-768x575.jpg 768w, https:\/\/loudavymkrokem.cz\/wp-content\/uploads\/2026\/08\/olomouc-s-detmi-pevnost-poznani-1536x1149.jpg 1536w, https:\/\/loudavymkrokem.cz\/wp-content\/uploads\/2026\/08\/olomouc-s-detmi-pevnost-poznani-80x60.jpg 80w, https:\/\/loudavymkrokem.cz\/wp-content\/uploads\/2026\/08\/olomouc-s-detmi-pevnost-poznani-160x120.jpg 160w, https:\/\/loudavymkrokem.cz\/wp-content\/uploads\/2026\/08\/olomouc-s-detmi-pevnost-poznani-696x521.jpg 696w, https:\/\/loudavymkrokem.cz\/wp-content\/uploads\/2026\/08\/olomouc-s-detmi-pevnost-poznani-1392x1042.jpg 1392w\" sizes=\"(max-width: 1800px) 100vw, 1800px\" \/><button\n\t\t\tclass=\"lightbox-trigger\"\n\t\t\ttype=\"button\"\n\t\t\taria-haspopup=\"dialog\"\n\t\t\tdata-wp-bind--aria-label=\"state.thisImage.triggerButtonAriaLabel\"\n\t\t\tdata-wp-init=\"callbacks.initTriggerButton\"\n\t\t\tdata-wp-on--click=\"actions.showLightbox\"\n\t\t\tdata-wp-style--right=\"state.thisImage.buttonRight\"\n\t\t\tdata-wp-style--top=\"state.thisImage.buttonTop\"\n\t\t>\n\t\t\t<svg xmlns=\"http:\/\/www.w3.org\/2000\/svg\" width=\"12\" height=\"12\" fill=\"none\" viewBox=\"0 0 12 12\">\n\t\t\t\t<path fill=\"#fff\" d=\"M2 0a2 2 0 0 0-2 2v2h1.5V2a.5.5 0 0 1 .5-.5h2V0H2Zm2 10.5H2a.5.5 0 0 1-.5-.5V8H0v2a2 2 0 0 0 2 2h2v-1.5ZM8 12v-1.5h2a.5.5 0 0 0 .5-.5V8H12v2a2 2 0 0 1-2 2H8Zm2-12a2 2 0 0 1 2 2v2h-1.5V2a.5.5 0 0 0-.5-.5H8V0h2Z\" \/>\n\t\t\t<\/svg>\n\t\t<\/button><figcaption class=\"wp-element-caption\">Mais de cem itens interativos, nos quais as crian\u00e7as podem tocar em tudo<\/figcaption><\/figure>\n\n\n\n<p class=\"wp-block-paragraph\">Se voc\u00ea procura programa para uma tarde chuvosa inteira, o centro de ci\u00eancias interativo da Universidade Palack\u00fd, a <a href=\"https:\/\/www.pevnostpoznani.cz\/\" target=\"_blank\" rel=\"nofollow noopener\">Pevnost pozn\u00e1n\u00ed<\/a>, localizado na \u00e1rea da Korunn\u00ed pevn\u016fstka (17. listopadu 939), \u00e9 a op\u00e7\u00e3o n\u00famero um. A Pevnost pozn\u00e1n\u00ed tem uma nota impressionante de <strong>4,7 de quase tr\u00eas mil avalia\u00e7\u00f5es<\/strong> e, no espa\u00e7o de um antigo pr\u00e9dio militar, distribuem-se quatro exposi\u00e7\u00f5es principais: \u00c0 Hist\u00f3ria!, \u00c1gua Viva, A Raz\u00e3o na M\u00e3o e Luz e Escurid\u00e3o.<\/p>\n\n\n\n<p class=\"wp-block-paragraph\">No total, esperam por voc\u00ea aqui mais de <strong>100 itens interativos<\/strong>, nos quais as crian\u00e7as podem tocar, testar e explorar tudo, al\u00e9m de um incr\u00edvel <strong>planet\u00e1rio digital<\/strong>. Fica aberto nos dias de semana das 9h \u00e0s 17h e nos fins de semana das 10h \u00e0s 18h (aten\u00e7\u00e3o: de setembro a maio fecha \u00e0s segundas). O adulto paga <strong>190 CZK (cerca de R$ 47)<\/strong>; a entrada reduzida para crian\u00e7as, estudantes e idosos \u00e9 de <strong>160 CZK (cerca de R$ 40)<\/strong>, sendo que os ingressos familiares variam de 460 a 775 CZK (cerca de R$ 115 a R$ 195) conforme o n\u00famero de integrantes. Se quiser ver apenas uma exposi\u00e7\u00e3o espec\u00edfica, custa 70 CZK (cerca de R$ 17).<\/p>\n\n\n\n<h3 class=\"wp-block-heading\"><span class=\"ez-toc-section\" id=\"12_JaSam\"><\/span>12. J\u00e1S\u00e1m<span class=\"ez-toc-section-end\"><\/span><\/h3>\n\n\n\n<p class=\"wp-block-paragraph\">Bem no cora\u00e7\u00e3o da cidade, na <strong>Horn\u00ed n\u00e1m\u011bst\u00ed 7<\/strong>, a poucos passos em frente ao rel\u00f3gio astron\u00f4mico, entre um bistr\u00f4 de lavanda e uma loja dos famosos queijos tvar\u016f\u017eky, esconde-se um espa\u00e7o de recrea\u00e7\u00e3o infantil com caf\u00e9, o J\u00e1S\u00e1m. Esse lugar \u00e9 a encarna\u00e7\u00e3o do sonho de todo pai e m\u00e3e que quer tomar um caf\u00e9 quente em paz enquanto a crian\u00e7a brinca com seguran\u00e7a. A nota de <strong>4,7 de 219 visitantes<\/strong> fala por si.<\/p>\n\n\n\n<p class=\"wp-block-paragraph\">O lugar \u00e9 imensamente aconchegante, cheio de brinquedos de madeira de qualidade. As crian\u00e7as encontram aqui uma cozinha de brinquedo, uma lojinha, kit de m\u00e9dico, uma bancada de bricolagem para os pequenos faz-tudo e grandes estruturas de escalar com escadas e escorregadores. Enquanto isso, os pais podem saborear caf\u00e9 especial da torrefa\u00e7\u00e3o local ou \u00f3timos bolos caseiros e menus de caf\u00e9 da manh\u00e3. Fica aberto todos os dias de semana das 8h \u00e0s 19h e nos fins de semana das 9h \u00e0s 19h. Uma grande vantagem \u00e9 que a entrada \u00e9 cobrada apenas das crian\u00e7as que brincam; o acompanhante adulto n\u00e3o paga nada.<\/p>\n\n\n\n<h3 class=\"wp-block-heading\"><span class=\"ez-toc-section\" id=\"13_V_lese\"><\/span>13. V lese<span class=\"ez-toc-section-end\"><\/span><\/h3>\n\n\n\n<figure data-wp-context=\"{&quot;imageId&quot;:&quot;6a955d0e75847&quot;}\" data-wp-interactive=\"core\/image\" data-wp-key=\"6a955d0e75847\" class=\"wp-block-image size-full wp-lightbox-container\"><img decoding=\"async\" width=\"2200\" height=\"1467\" data-wp-class--hide=\"state.isContentHidden\" data-wp-class--show=\"state.isContentVisible\" data-wp-init=\"callbacks.setButtonStyles\" data-wp-on--click=\"actions.showLightbox\" data-wp-on--load=\"callbacks.setButtonStyles\" data-wp-on--pointerdown=\"actions.preloadImage\" data-wp-on--pointerenter=\"actions.preloadImageWithDelay\" data-wp-on--pointerleave=\"actions.cancelPreload\" data-wp-on-window--resize=\"callbacks.setButtonStyles\" src=\"https:\/\/loudavymkrokem.cz\/wp-content\/uploads\/2026\/08\/olomouc-s-detmi-zerotinovo-namesti.jpg\" alt=\"Casas na pra\u00e7a \u017derot\u00ednovo n\u00e1m\u011bst\u00ed em Olomouc\" class=\"wp-image-401044\" title=\"\" srcset=\"https:\/\/loudavymkrokem.cz\/wp-content\/uploads\/2026\/08\/olomouc-s-detmi-zerotinovo-namesti.jpg 2200w, https:\/\/loudavymkrokem.cz\/wp-content\/uploads\/2026\/08\/olomouc-s-detmi-zerotinovo-namesti-300x200.jpg 300w, https:\/\/loudavymkrokem.cz\/wp-content\/uploads\/2026\/08\/olomouc-s-detmi-zerotinovo-namesti-700x467.jpg 700w, https:\/\/loudavymkrokem.cz\/wp-content\/uploads\/2026\/08\/olomouc-s-detmi-zerotinovo-namesti-768x512.jpg 768w, https:\/\/loudavymkrokem.cz\/wp-content\/uploads\/2026\/08\/olomouc-s-detmi-zerotinovo-namesti-1536x1024.jpg 1536w, https:\/\/loudavymkrokem.cz\/wp-content\/uploads\/2026\/08\/olomouc-s-detmi-zerotinovo-namesti-2048x1366.jpg 2048w, https:\/\/loudavymkrokem.cz\/wp-content\/uploads\/2026\/08\/olomouc-s-detmi-zerotinovo-namesti-696x464.jpg 696w, https:\/\/loudavymkrokem.cz\/wp-content\/uploads\/2026\/08\/olomouc-s-detmi-zerotinovo-namesti-1392x928.jpg 1392w, https:\/\/loudavymkrokem.cz\/wp-content\/uploads\/2026\/08\/olomouc-s-detmi-zerotinovo-namesti-1920x1280.jpg 1920w\" sizes=\"(max-width: 2200px) 100vw, 2200px\" \/><button\n\t\t\tclass=\"lightbox-trigger\"\n\t\t\ttype=\"button\"\n\t\t\taria-haspopup=\"dialog\"\n\t\t\tdata-wp-bind--aria-label=\"state.thisImage.triggerButtonAriaLabel\"\n\t\t\tdata-wp-init=\"callbacks.initTriggerButton\"\n\t\t\tdata-wp-on--click=\"actions.showLightbox\"\n\t\t\tdata-wp-style--right=\"state.thisImage.buttonRight\"\n\t\t\tdata-wp-style--top=\"state.thisImage.buttonTop\"\n\t\t>\n\t\t\t<svg xmlns=\"http:\/\/www.w3.org\/2000\/svg\" width=\"12\" height=\"12\" fill=\"none\" viewBox=\"0 0 12 12\">\n\t\t\t\t<path fill=\"#fff\" d=\"M2 0a2 2 0 0 0-2 2v2h1.5V2a.5.5 0 0 1 .5-.5h2V0H2Zm2 10.5H2a.5.5 0 0 1-.5-.5V8H0v2a2 2 0 0 0 2 2h2v-1.5ZM8 12v-1.5h2a.5.5 0 0 0 .5-.5V8H12v2a2 2 0 0 1-2 2H8Zm2-12a2 2 0 0 1 2 2v2h-1.5V2a.5.5 0 0 0-.5-.5H8V0h2Z\" \/>\n\t\t\t<\/svg>\n\t\t<\/button><figcaption class=\"wp-element-caption\">Pra\u00e7a \u017derot\u00ednovo n\u00e1m\u011bst\u00ed, onde fica um caf\u00e9 com espa\u00e7o de recrea\u00e7\u00e3o montessoriano<\/figcaption><\/figure>\n\n\n\n<figure data-wp-context=\"{&quot;imageId&quot;:&quot;6a955d0e75da0&quot;}\" data-wp-interactive=\"core\/image\" data-wp-key=\"6a955d0e75da0\" class=\"wp-block-image size-full wp-lightbox-container\"><img decoding=\"async\" width=\"2200\" height=\"1467\" data-wp-class--hide=\"state.isContentHidden\" data-wp-class--show=\"state.isContentVisible\" data-wp-init=\"callbacks.setButtonStyles\" data-wp-on--click=\"actions.showLightbox\" data-wp-on--load=\"callbacks.setButtonStyles\" data-wp-on--pointerdown=\"actions.preloadImage\" data-wp-on--pointerenter=\"actions.preloadImageWithDelay\" data-wp-on--pointerleave=\"actions.cancelPreload\" data-wp-on-window--resize=\"callbacks.setButtonStyles\" src=\"https:\/\/loudavymkrokem.cz\/wp-content\/uploads\/2026\/08\/olomouc-s-detmi-kavarna-interier.jpg\" alt=\"Interior de um caf\u00e9 de Olomouc com design natural\" class=\"wp-image-401023\" title=\"\" srcset=\"https:\/\/loudavymkrokem.cz\/wp-content\/uploads\/2026\/08\/olomouc-s-detmi-kavarna-interier.jpg 2200w, https:\/\/loudavymkrokem.cz\/wp-content\/uploads\/2026\/08\/olomouc-s-detmi-kavarna-interier-300x200.jpg 300w, https:\/\/loudavymkrokem.cz\/wp-content\/uploads\/2026\/08\/olomouc-s-detmi-kavarna-interier-700x467.jpg 700w, https:\/\/loudavymkrokem.cz\/wp-content\/uploads\/2026\/08\/olomouc-s-detmi-kavarna-interier-768x512.jpg 768w, https:\/\/loudavymkrokem.cz\/wp-content\/uploads\/2026\/08\/olomouc-s-detmi-kavarna-interier-1536x1024.jpg 1536w, https:\/\/loudavymkrokem.cz\/wp-content\/uploads\/2026\/08\/olomouc-s-detmi-kavarna-interier-2048x1366.jpg 2048w, https:\/\/loudavymkrokem.cz\/wp-content\/uploads\/2026\/08\/olomouc-s-detmi-kavarna-interier-696x464.jpg 696w, https:\/\/loudavymkrokem.cz\/wp-content\/uploads\/2026\/08\/olomouc-s-detmi-kavarna-interier-1392x928.jpg 1392w, https:\/\/loudavymkrokem.cz\/wp-content\/uploads\/2026\/08\/olomouc-s-detmi-kavarna-interier-1920x1280.jpg 1920w\" sizes=\"(max-width: 2200px) 100vw, 2200px\" \/><button\n\t\t\tclass=\"lightbox-trigger\"\n\t\t\ttype=\"button\"\n\t\t\taria-haspopup=\"dialog\"\n\t\t\tdata-wp-bind--aria-label=\"state.thisImage.triggerButtonAriaLabel\"\n\t\t\tdata-wp-init=\"callbacks.initTriggerButton\"\n\t\t\tdata-wp-on--click=\"actions.showLightbox\"\n\t\t\tdata-wp-style--right=\"state.thisImage.buttonRight\"\n\t\t\tdata-wp-style--top=\"state.thisImage.buttonTop\"\n\t\t>\n\t\t\t<svg xmlns=\"http:\/\/www.w3.org\/2000\/svg\" width=\"12\" height=\"12\" fill=\"none\" viewBox=\"0 0 12 12\">\n\t\t\t\t<path fill=\"#fff\" d=\"M2 0a2 2 0 0 0-2 2v2h1.5V2a.5.5 0 0 1 .5-.5h2V0H2Zm2 10.5H2a.5.5 0 0 1-.5-.5V8H0v2a2 2 0 0 0 2 2h2v-1.5ZM8 12v-1.5h2a.5.5 0 0 0 .5-.5V8H12v2a2 2 0 0 1-2 2H8Zm2-12a2 2 0 0 1 2 2v2h-1.5V2a.5.5 0 0 0-.5-.5H8V0h2Z\" \/>\n\t\t\t<\/svg>\n\t\t<\/button><figcaption class=\"wp-element-caption\">Os caf\u00e9s no centro de Olomouc pensam nas crian\u00e7as e nos pais<\/figcaption><\/figure>\n\n\n\n<p class=\"wp-block-paragraph\">Um pouco adiante, na pra\u00e7a \u017derot\u00ednovo n\u00e1m\u011bst\u00ed 3, voc\u00ea encontra outra joia entre os caf\u00e9s com espa\u00e7o de recrea\u00e7\u00e3o infantil. O V lese adota uma simp\u00e1tica abordagem montessoriana e zero waste, e, pelas resenhas com m\u00e9dia de <strong>4,7 de mais de quinhentas pessoas<\/strong>, fica claro que fazem isso muito bem. No lugar de brinquedos de pl\u00e1stico barulhentos, aqui reina a calma e uma montanha de honestos <strong>brinquedos de madeira tchecos<\/strong>.<\/p>\n\n\n\n<p class=\"wp-block-paragraph\">As crian\u00e7as podem se divertir no balan\u00e7o, descobrir a &#8220;\u00e1rvore de sons&#8221;, brincar com o arco-\u00edris de madeira, explorar um enorme painel de atividades ou um jogo da mem\u00f3ria t\u00e1til. A entrada para o dia inteiro custa uns simp\u00e1ticos <strong>60 CZK (cerca de R$ 15)<\/strong> (reduzida 30 CZK, cerca de R$ 7), e uma grande vantagem \u00e9 que, com a pulseira no bra\u00e7o, voc\u00ea pode sair durante o dia e voltar depois. Dada a popularidade, por\u00e9m, \u00e0s vezes fica lotado. Fica aberto de segunda a sexta das 9h \u00e0s 19h e nos fins de semana das 10h \u00e0s 19h.<\/p>\n\n\n\n<h3 class=\"wp-block-heading\"><span class=\"ez-toc-section\" id=\"14_Clovickov\"><\/span>14. \u010clov\u00ed\u010dkov<span class=\"ez-toc-section-end\"><\/span><\/h3>\n\n\n\n<p class=\"wp-block-paragraph\">Se voc\u00ea precisa mesmo de um grande espa\u00e7o para as crian\u00e7as queimarem a energia acumulada, na rua 8. kv\u011btna 24 voc\u00ea encontra o popular espa\u00e7o de recrea\u00e7\u00e3o \u010clov\u00ed\u010dkov (nota 4,1). \u00c9 uma cl\u00e1ssica grande \u00e1rea de brincar com estruturas de escalar, onde as crian\u00e7as menores se distraem com certeza por v\u00e1rias horas.<\/p>\n\n\n\n<p class=\"wp-block-paragraph\">Os pais t\u00eam \u00e0 disposi\u00e7\u00e3o mesas com oferta de caf\u00e9 e ch\u00e1s, e o grande atrativo \u00e9, sem d\u00favida, o pre\u00e7o. A entrada custa uns lindos <strong>59 CZK (cerca de R$ 15) por crian\u00e7a, por tempo ilimitado<\/strong>, o que nos dias de hoje \u00e9 realmente um valor muito agrad\u00e1vel para salvar uma tarde chuvosa.<\/p>\n\n\n\n<h3 class=\"wp-block-heading\"><span class=\"ez-toc-section\" id=\"15_Snoezelen_Olomouc\"><\/span>15. Snoezelen Olomouc<span class=\"ez-toc-section-end\"><\/span><\/h3>\n\n\n\n<figure data-wp-context=\"{&quot;imageId&quot;:&quot;6a955d0e76804&quot;}\" data-wp-interactive=\"core\/image\" data-wp-key=\"6a955d0e76804\" class=\"wp-block-image size-full wp-lightbox-container\"><img decoding=\"async\" width=\"1200\" height=\"800\" data-wp-class--hide=\"state.isContentHidden\" data-wp-class--show=\"state.isContentVisible\" data-wp-init=\"callbacks.setButtonStyles\" data-wp-on--click=\"actions.showLightbox\" data-wp-on--load=\"callbacks.setButtonStyles\" data-wp-on--pointerdown=\"actions.preloadImage\" data-wp-on--pointerenter=\"actions.preloadImageWithDelay\" data-wp-on--pointerleave=\"actions.cancelPreload\" data-wp-on-window--resize=\"callbacks.setButtonStyles\" src=\"https:\/\/loudavymkrokem.cz\/wp-content\/uploads\/2026\/08\/olomouc-s-detmi-snoezelen.jpg\" alt=\"Espa\u00e7o multissensorial Snoezelen Olomouc com ilumina\u00e7\u00e3o colorida\" class=\"wp-image-403598\" title=\"\" srcset=\"https:\/\/loudavymkrokem.cz\/wp-content\/uploads\/2026\/08\/olomouc-s-detmi-snoezelen.jpg 1200w, https:\/\/loudavymkrokem.cz\/wp-content\/uploads\/2026\/08\/olomouc-s-detmi-snoezelen-300x200.jpg 300w, https:\/\/loudavymkrokem.cz\/wp-content\/uploads\/2026\/08\/olomouc-s-detmi-snoezelen-700x467.jpg 700w, https:\/\/loudavymkrokem.cz\/wp-content\/uploads\/2026\/08\/olomouc-s-detmi-snoezelen-768x512.jpg 768w, https:\/\/loudavymkrokem.cz\/wp-content\/uploads\/2026\/08\/olomouc-s-detmi-snoezelen-696x464.jpg 696w\" sizes=\"(max-width: 1200px) 100vw, 1200px\" \/><button\n\t\t\tclass=\"lightbox-trigger\"\n\t\t\ttype=\"button\"\n\t\t\taria-haspopup=\"dialog\"\n\t\t\tdata-wp-bind--aria-label=\"state.thisImage.triggerButtonAriaLabel\"\n\t\t\tdata-wp-init=\"callbacks.initTriggerButton\"\n\t\t\tdata-wp-on--click=\"actions.showLightbox\"\n\t\t\tdata-wp-style--right=\"state.thisImage.buttonRight\"\n\t\t\tdata-wp-style--top=\"state.thisImage.buttonTop\"\n\t\t>\n\t\t\t<svg xmlns=\"http:\/\/www.w3.org\/2000\/svg\" width=\"12\" height=\"12\" fill=\"none\" viewBox=\"0 0 12 12\">\n\t\t\t\t<path fill=\"#fff\" d=\"M2 0a2 2 0 0 0-2 2v2h1.5V2a.5.5 0 0 1 .5-.5h2V0H2Zm2 10.5H2a.5.5 0 0 1-.5-.5V8H0v2a2 2 0 0 0 2 2h2v-1.5ZM8 12v-1.5h2a.5.5 0 0 0 .5-.5V8H12v2a2 2 0 0 1-2 2H8Zm2-12a2 2 0 0 1 2 2v2h-1.5V2a.5.5 0 0 0-.5-.5H8V0h2Z\" \/>\n\t\t\t<\/svg>\n\t\t<\/button><figcaption class=\"wp-element-caption\">O espa\u00e7o multissensorial Snoezelen funciona num ritmo completamente diferente dos espa\u00e7os de recrea\u00e7\u00e3o comuns | Foto: Snoezelen Olomouc<\/figcaption><\/figure>\n\n\n\n<p class=\"wp-block-paragraph\">Na Mari\u00e1nsk\u00e1 7 esconde-se um tipo um pouco diferente de espa\u00e7o de recrea\u00e7\u00e3o, que voc\u00ea vai valorizar especialmente se tiver crian\u00e7as muito pequenas ou crian\u00e7as com necessidades especiais, que n\u00e3o lidam bem com o barulho comum dos grandes espa\u00e7os de recrea\u00e7\u00e3o. O Snoezelen \u00e9 um espa\u00e7o multissensorial relaxante, projetado para acalmar e estimular suavemente os sentidos (nota 4,5).<\/p>\n\n\n\n<p class=\"wp-block-paragraph\">Voc\u00ea encontra aqui os mais variados elementos de luz, cilindros de bolhas, m\u00fasica relaxante e materiais t\u00e1teis agrad\u00e1veis. \u00c9 um o\u00e1sis de calma no meio da cidade, aonde se vai realmente para descansar e perceber o mundo num ritmo diferente, mais lento.<\/p>\n\n\n\n<h3 class=\"wp-block-heading\"><span class=\"ez-toc-section\" id=\"16_Parque_de_diversoes_em_familia_Krokodylek\"><\/span>16. Parque de divers\u00f5es em fam\u00edlia Krokod\u00fdlek<span class=\"ez-toc-section-end\"><\/span><\/h3>\n\n\n\n<figure data-wp-context=\"{&quot;imageId&quot;:&quot;6a955d0e76f2a&quot;}\" data-wp-interactive=\"core\/image\" data-wp-key=\"6a955d0e76f2a\" class=\"wp-block-image size-full wp-lightbox-container\"><img decoding=\"async\" width=\"1498\" height=\"1000\" data-wp-class--hide=\"state.isContentHidden\" data-wp-class--show=\"state.isContentVisible\" data-wp-init=\"callbacks.setButtonStyles\" data-wp-on--click=\"actions.showLightbox\" data-wp-on--load=\"callbacks.setButtonStyles\" data-wp-on--pointerdown=\"actions.preloadImage\" data-wp-on--pointerenter=\"actions.preloadImageWithDelay\" data-wp-on--pointerleave=\"actions.cancelPreload\" data-wp-on-window--resize=\"callbacks.setButtonStyles\" src=\"https:\/\/loudavymkrokem.cz\/wp-content\/uploads\/2026\/08\/olomouc-s-detmi-krokodylek.jpg\" alt=\"Crian\u00e7as em atra\u00e7\u00e3o infl\u00e1vel no parque de divers\u00f5es Krokod\u00fdlek em Olomouc\" class=\"wp-image-403596\" title=\"\" srcset=\"https:\/\/loudavymkrokem.cz\/wp-content\/uploads\/2026\/08\/olomouc-s-detmi-krokodylek.jpg 1498w, https:\/\/loudavymkrokem.cz\/wp-content\/uploads\/2026\/08\/olomouc-s-detmi-krokodylek-300x200.jpg 300w, https:\/\/loudavymkrokem.cz\/wp-content\/uploads\/2026\/08\/olomouc-s-detmi-krokodylek-700x467.jpg 700w, https:\/\/loudavymkrokem.cz\/wp-content\/uploads\/2026\/08\/olomouc-s-detmi-krokodylek-768x513.jpg 768w, https:\/\/loudavymkrokem.cz\/wp-content\/uploads\/2026\/08\/olomouc-s-detmi-krokodylek-696x465.jpg 696w, https:\/\/loudavymkrokem.cz\/wp-content\/uploads\/2026\/08\/olomouc-s-detmi-krokodylek-1392x929.jpg 1392w\" sizes=\"(max-width: 1498px) 100vw, 1498px\" \/><button\n\t\t\tclass=\"lightbox-trigger\"\n\t\t\ttype=\"button\"\n\t\t\taria-haspopup=\"dialog\"\n\t\t\tdata-wp-bind--aria-label=\"state.thisImage.triggerButtonAriaLabel\"\n\t\t\tdata-wp-init=\"callbacks.initTriggerButton\"\n\t\t\tdata-wp-on--click=\"actions.showLightbox\"\n\t\t\tdata-wp-style--right=\"state.thisImage.buttonRight\"\n\t\t\tdata-wp-style--top=\"state.thisImage.buttonTop\"\n\t\t>\n\t\t\t<svg xmlns=\"http:\/\/www.w3.org\/2000\/svg\" width=\"12\" height=\"12\" fill=\"none\" viewBox=\"0 0 12 12\">\n\t\t\t\t<path fill=\"#fff\" d=\"M2 0a2 2 0 0 0-2 2v2h1.5V2a.5.5 0 0 1 .5-.5h2V0H2Zm2 10.5H2a.5.5 0 0 1-.5-.5V8H0v2a2 2 0 0 0 2 2h2v-1.5ZM8 12v-1.5h2a.5.5 0 0 0 .5-.5V8H12v2a2 2 0 0 1-2 2H8Zm2-12a2 2 0 0 1 2 2v2h-1.5V2a.5.5 0 0 0-.5-.5H8V0h2Z\" \/>\n\t\t\t<\/svg>\n\t\t<\/button><figcaption class=\"wp-element-caption\">O Krokod\u00fdlek tem 25 atra\u00e7\u00f5es numa \u00e1rea de 3.000 m\u00b2 | Foto: Krokod\u00fdlek Olomouc<\/figcaption><\/figure>\n\n\n\n<p class=\"wp-block-paragraph\">Quando voc\u00ea precisa sacar as armas mais pesadas contra o t\u00e9dio infantil, \u00e9 hora de ir ao bairro Lazce, na rua Florykova 556. \u00c9 aqui que fica o <a href=\"https:\/\/www.krokodylek-olomouc.cz\/\" target=\"_blank\" rel=\"nofollow noopener\">Krokod\u00fdlek<\/a>, um dos maiores parques de divers\u00f5es infantis de toda a Mor\u00e1via, com uma nota respeit\u00e1vel de <strong>4,5 de 1.659 avalia\u00e7\u00f5es<\/strong>. Numa \u00e1rea de mais de <strong>3.000 metros quadrados<\/strong> distribuem-se incr\u00edveis <strong>25 atra\u00e7\u00f5es gigantes<\/strong>.<\/p>\n\n\n\n<p class=\"wp-block-paragraph\">As crian\u00e7as n\u00e3o v\u00e3o saber por onde come\u00e7ar. H\u00e1 um imponente barco pirata de madeira, estruturas de escalar de tr\u00eas andares com escorregadores, camas el\u00e1sticas, parede de escalada, um laguinho com atra\u00e7\u00f5es, uma arena de canh\u00f5es para batalhas com bolinhas de espuma, uma pista de motos e um painel de pin-art \u00fanico, com 40.000 pinos para &#8220;imprimir&#8221; o corpo. H\u00e1 tamb\u00e9m restaurante e um cantinho mais tranquilo com jogos de tabuleiro. A entrada para o dia inteiro, de sexta a domingo, custa <strong>339 CZK (cerca de R$ 85) por crian\u00e7a e 139 CZK (cerca de R$ 35) por adulto<\/strong> (fam\u00edlia 879 CZK, cerca de R$ 220); de segunda a quinta sai mais barato: <strong>259 CZK (cerca de R$ 65) por crian\u00e7a e 119 CZK (cerca de R$ 30) por adulto<\/strong> (fam\u00edlia 699 CZK, cerca de R$ 175). Voc\u00ea tamb\u00e9m pode optar pela entrada por hora, a partir de 109 CZK (cerca de R$ 27) por crian\u00e7a.<\/p>\n\n\n\n<h3 class=\"wp-block-heading\"><span class=\"ez-toc-section\" id=\"17_Amazonie_Olomouc\"><\/span>17. Amazonie Olomouc<span class=\"ez-toc-section-end\"><\/span><\/h3>\n\n\n\n<p class=\"wp-block-paragraph\">Outro ponto de apoio popular no mapa dos dias chuvosos \u00e9 o centro infantil Amazonie, no endere\u00e7o Pra\u017esk\u00e1 255\/41 (nota 4,3). \u00c9 um cl\u00e1ssico espa\u00e7o de recrea\u00e7\u00e3o coberto, mas muito bem equipado, ideal para aqueles dias em que as crian\u00e7as simplesmente precisam escalar, pular e escorregar.<\/p>\n\n\n\n<p class=\"wp-block-paragraph\">Dentro, esperam por elas uma enorme estrutura de escalar que se estende por v\u00e1rios andares, um castelo infl\u00e1vel para os amantes do salto, muitos balan\u00e7os com almofada de seguran\u00e7a, escorregadores r\u00e1pidos e, claro, aquela piscina gigante cheia de bolinhas de pl\u00e1stico coloridas, da qual voc\u00ea geralmente n\u00e3o consegue tirar as crian\u00e7as.<\/p>\n\n\n\n<h3 class=\"wp-block-heading\"><span class=\"ez-toc-section\" id=\"18_Parque_de_cordas_PROUD\"><\/span>18. Parque de cordas PROUD<span class=\"ez-toc-section-end\"><\/span><\/h3>\n\n\n\n<p class=\"wp-block-paragraph\">Talvez voc\u00ea pense que um parque de cordas n\u00e3o faz sentido com crian\u00e7as pequenas, mas a unidade PROUD, na rua Lazeck\u00e1 50\/49, vai tirar voc\u00ea desse engano (\u00f3tima nota de <strong>4,6 de 347 avalia\u00e7\u00f5es<\/strong>). \u00c9 que aqui as atividades foram pensadas para agradar a todas as faixas et\u00e1rias.<\/p>\n\n\n\n<p class=\"wp-block-paragraph\">Al\u00e9m dos obst\u00e1culos altos para crian\u00e7as maiores e adultos, voc\u00ea encontra v\u00e1rios balan\u00e7os, enormes camas el\u00e1sticas embutidas no ch\u00e3o, colch\u00f5es de \u00e1gua e, principalmente, obst\u00e1culos de corda baixos, rentes ao ch\u00e3o, que s\u00e3o seguros e <strong>indicados j\u00e1 para crian\u00e7as a partir de 1 ano<\/strong>. \u00c9 um \u00f3timo lugar para treinar a coordena\u00e7\u00e3o motora grossa e o equil\u00edbrio.<\/p>\n\n\n\n<h3 class=\"wp-block-heading\"><span class=\"ez-toc-section\" id=\"19_Museu_Regional_de_Olomouc\"><\/span>19. Museu Regional de Olomouc<span class=\"ez-toc-section-end\"><\/span><\/h3>\n\n\n\n<figure data-wp-context=\"{&quot;imageId&quot;:&quot;6a955d0e77877&quot;}\" data-wp-interactive=\"core\/image\" data-wp-key=\"6a955d0e77877\" class=\"wp-block-image size-full wp-lightbox-container\"><img decoding=\"async\" width=\"2200\" height=\"1467\" data-wp-class--hide=\"state.isContentHidden\" data-wp-class--show=\"state.isContentVisible\" data-wp-init=\"callbacks.setButtonStyles\" data-wp-on--click=\"actions.showLightbox\" data-wp-on--load=\"callbacks.setButtonStyles\" data-wp-on--pointerdown=\"actions.preloadImage\" data-wp-on--pointerenter=\"actions.preloadImageWithDelay\" data-wp-on--pointerleave=\"actions.cancelPreload\" data-wp-on-window--resize=\"callbacks.setButtonStyles\" src=\"https:\/\/loudavymkrokem.cz\/wp-content\/uploads\/2026\/08\/olomouc-s-detmi-muzeum-umeni.jpg\" alt=\"Edif\u00edcio do Museu de Arte de Olomouc\" class=\"wp-image-401036\" title=\"\" srcset=\"https:\/\/loudavymkrokem.cz\/wp-content\/uploads\/2026\/08\/olomouc-s-detmi-muzeum-umeni.jpg 2200w, https:\/\/loudavymkrokem.cz\/wp-content\/uploads\/2026\/08\/olomouc-s-detmi-muzeum-umeni-300x200.jpg 300w, https:\/\/loudavymkrokem.cz\/wp-content\/uploads\/2026\/08\/olomouc-s-detmi-muzeum-umeni-700x467.jpg 700w, https:\/\/loudavymkrokem.cz\/wp-content\/uploads\/2026\/08\/olomouc-s-detmi-muzeum-umeni-768x512.jpg 768w, https:\/\/loudavymkrokem.cz\/wp-content\/uploads\/2026\/08\/olomouc-s-detmi-muzeum-umeni-1536x1024.jpg 1536w, https:\/\/loudavymkrokem.cz\/wp-content\/uploads\/2026\/08\/olomouc-s-detmi-muzeum-umeni-2048x1366.jpg 2048w, https:\/\/loudavymkrokem.cz\/wp-content\/uploads\/2026\/08\/olomouc-s-detmi-muzeum-umeni-696x464.jpg 696w, https:\/\/loudavymkrokem.cz\/wp-content\/uploads\/2026\/08\/olomouc-s-detmi-muzeum-umeni-1392x928.jpg 1392w, https:\/\/loudavymkrokem.cz\/wp-content\/uploads\/2026\/08\/olomouc-s-detmi-muzeum-umeni-1920x1280.jpg 1920w\" sizes=\"(max-width: 2200px) 100vw, 2200px\" \/><button\n\t\t\tclass=\"lightbox-trigger\"\n\t\t\ttype=\"button\"\n\t\t\taria-haspopup=\"dialog\"\n\t\t\tdata-wp-bind--aria-label=\"state.thisImage.triggerButtonAriaLabel\"\n\t\t\tdata-wp-init=\"callbacks.initTriggerButton\"\n\t\t\tdata-wp-on--click=\"actions.showLightbox\"\n\t\t\tdata-wp-style--right=\"state.thisImage.buttonRight\"\n\t\t\tdata-wp-style--top=\"state.thisImage.buttonTop\"\n\t\t>\n\t\t\t<svg xmlns=\"http:\/\/www.w3.org\/2000\/svg\" width=\"12\" height=\"12\" fill=\"none\" viewBox=\"0 0 12 12\">\n\t\t\t\t<path fill=\"#fff\" d=\"M2 0a2 2 0 0 0-2 2v2h1.5V2a.5.5 0 0 1 .5-.5h2V0H2Zm2 10.5H2a.5.5 0 0 1-.5-.5V8H0v2a2 2 0 0 0 2 2h2v-1.5ZM8 12v-1.5h2a.5.5 0 0 0 .5-.5V8H12v2a2 2 0 0 1-2 2H8Zm2-12a2 2 0 0 1 2 2v2h-1.5V2a.5.5 0 0 0-.5-.5H8V0h2Z\" \/>\n\t\t\t<\/svg>\n\t\t<\/button><figcaption class=\"wp-element-caption\">Os museus de Olomouc ficam em pr\u00e9dios hist\u00f3ricos bem no centro<\/figcaption><\/figure>\n\n\n\n<p class=\"wp-block-paragraph\">Se voc\u00ea prefere um pouco de cultura e conhecimento a seco, o Museu Regional, na pra\u00e7a n\u00e1m\u011bst\u00ed Republiky 5, \u00e9 uma excelente escolha, elogiada por mais de 900 visitantes com nota m\u00e9dia de 4,5. N\u00e3o \u00e9 nenhum t\u00e9dio empoeirado cheio de placas de &#8220;n\u00e3o toque nas vitrines&#8221;.<\/p>\n\n\n\n<p class=\"wp-block-paragraph\">O museu mapeia de forma muito bonita e envolvente a hist\u00f3ria da cidade e de toda a regi\u00e3o, e tem uma linda exposi\u00e7\u00e3o sobre a natureza. As exposi\u00e7\u00f5es procuram acompanhar os tempos, ent\u00e3o voc\u00ea encontra nelas muitos elementos interativos, telas de toque e demonstra\u00e7\u00f5es que conseguem manter as crian\u00e7as atentas sem problema.<\/p>\n\n\n\n<h3 class=\"wp-block-heading\"><span class=\"ez-toc-section\" id=\"20_A_Casa_Assombrada\"><\/span>20. A Casa Assombrada<span class=\"ez-toc-section-end\"><\/span><\/h3>\n\n\n\n<figure data-wp-context=\"{&quot;imageId&quot;:&quot;6a955d0e77f95&quot;}\" data-wp-interactive=\"core\/image\" data-wp-key=\"6a955d0e77f95\" class=\"wp-block-image size-full wp-lightbox-container\"><img decoding=\"async\" width=\"1024\" height=\"1536\" data-wp-class--hide=\"state.isContentHidden\" data-wp-class--show=\"state.isContentVisible\" data-wp-init=\"callbacks.setButtonStyles\" data-wp-on--click=\"actions.showLightbox\" data-wp-on--load=\"callbacks.setButtonStyles\" data-wp-on--pointerdown=\"actions.preloadImage\" data-wp-on--pointerenter=\"actions.preloadImageWithDelay\" data-wp-on--pointerleave=\"actions.cancelPreload\" data-wp-on-window--resize=\"callbacks.setButtonStyles\" src=\"https:\/\/loudavymkrokem.cz\/wp-content\/uploads\/2026\/08\/olomouc-s-detmi-strasidelny-dum.jpg\" alt=\"Figura assustadora na Casa Assombrada de Olomouc\" class=\"wp-image-403603\" title=\"\" srcset=\"https:\/\/loudavymkrokem.cz\/wp-content\/uploads\/2026\/08\/olomouc-s-detmi-strasidelny-dum.jpg 1024w, https:\/\/loudavymkrokem.cz\/wp-content\/uploads\/2026\/08\/olomouc-s-detmi-strasidelny-dum-200x300.jpg 200w, https:\/\/loudavymkrokem.cz\/wp-content\/uploads\/2026\/08\/olomouc-s-detmi-strasidelny-dum-700x1050.jpg 700w, https:\/\/loudavymkrokem.cz\/wp-content\/uploads\/2026\/08\/olomouc-s-detmi-strasidelny-dum-768x1152.jpg 768w, https:\/\/loudavymkrokem.cz\/wp-content\/uploads\/2026\/08\/olomouc-s-detmi-strasidelny-dum-696x1044.jpg 696w\" sizes=\"(max-width: 1024px) 100vw, 1024px\" \/><button\n\t\t\tclass=\"lightbox-trigger\"\n\t\t\ttype=\"button\"\n\t\t\taria-haspopup=\"dialog\"\n\t\t\tdata-wp-bind--aria-label=\"state.thisImage.triggerButtonAriaLabel\"\n\t\t\tdata-wp-init=\"callbacks.initTriggerButton\"\n\t\t\tdata-wp-on--click=\"actions.showLightbox\"\n\t\t\tdata-wp-style--right=\"state.thisImage.buttonRight\"\n\t\t\tdata-wp-style--top=\"state.thisImage.buttonTop\"\n\t\t>\n\t\t\t<svg xmlns=\"http:\/\/www.w3.org\/2000\/svg\" width=\"12\" height=\"12\" fill=\"none\" viewBox=\"0 0 12 12\">\n\t\t\t\t<path fill=\"#fff\" d=\"M2 0a2 2 0 0 0-2 2v2h1.5V2a.5.5 0 0 1 .5-.5h2V0H2Zm2 10.5H2a.5.5 0 0 1-.5-.5V8H0v2a2 2 0 0 0 2 2h2v-1.5ZM8 12v-1.5h2a.5.5 0 0 0 .5-.5V8H12v2a2 2 0 0 1-2 2H8Zm2-12a2 2 0 0 1 2 2v2h-1.5V2a.5.5 0 0 0-.5-.5H8V0h2Z\" \/>\n\t\t\t<\/svg>\n\t\t<\/button><figcaption class=\"wp-element-caption\">A Casa Assombrada \u00e9 mesmo s\u00f3 para crian\u00e7as maiores | Foto: Stra\u0161ideln\u00fd d\u016fm Olomouc<\/figcaption><\/figure>\n\n\n\n<p class=\"wp-block-paragraph\">Voc\u00ea tem em casa crian\u00e7as j\u00e1 um pouco maiores, que se entediam com os espa\u00e7os de recrea\u00e7\u00e3o cl\u00e1ssicos e procuram mais adrenalina? Ent\u00e3o v\u00e1 \u00e0 rua Komensk\u00e9ho 865, onde fica a Casa Assombrada, com uma nota simplesmente incr\u00edvel de <strong>4,9 de mais de 400 avalia\u00e7\u00f5es<\/strong>. Mas aviso de novo, com toda a sinceridade: isto \u00e9 <strong>realmente s\u00f3 para crian\u00e7as maiores e corajosas<\/strong>; as pequenas com certeza ficariam assustadas at\u00e9 chorar.<\/p>\n\n\n\n<p class=\"wp-block-paragraph\">Trata-se de uma visita de terror no escuro, cheia de adrenalina e com uma hist\u00f3ria de horror bem elaborada, cujo tema ainda \u00e9 renovado e mudado a cada ano, ent\u00e3o n\u00e3o enjoa. Se voc\u00ea procura ainda mais divers\u00e3o para adolescentes, um pouco adiante na cidade funciona tamb\u00e9m o escape room com \u00f3tima nota <strong>Mistr \u00faniku<\/strong>, onde eles precisam usar a cabe\u00e7a para conseguir sair dentro do tempo limite.<\/p>\n\n\n\n<!-- LKM_GYG_CARD start q=\"olomouc detmi\" lang=\"pt-br\" rendered=\"2026-08-31T09:19:36+00:00\" v=\"1\" -->\n\n<!-- LKM_GYG_CARD end -->\n\n\n\n\n<div class=\"lk-stays-module\">\n<style>\n\/* \u2500\u2500\u2500 RESET PRO GUTENBERG \u2500\u2500\u2500 *\/\n.lk-stays-module * { box-sizing: border-box; margin: 0; padding: 0; }\n\n\/* \u2500\u2500\u2500 WRAPPER \u2500\u2500\u2500 *\/\n.lk-stays-module {\n  font-family: 'DM Sans', Georgia, sans-serif;\n  max-width: 100%;\n  margin: 2.5rem auto;\n  background: linear-gradient(135deg, #fdfaf5 0%, #fcf8f0 100%);\n  border: 1px solid #e8dfd4;\n  border-radius: 16px;\n  overflow: hidden;\n  box-shadow: 0 16px 48px rgba(195, 159, 118, 0.25), 0 4px 12px rgba(0,0,0,0.08);\n}\n\n\/* \u2500\u2500\u2500 HEADER \u2500\u2500\u2500 *\/\n.lk-stays-header {\n  position: relative;\n  padding: 24px 36px 24px;\n  background: linear-gradient(135deg, #c39f76 0%, #d4b188 60%, #c39f76 100%);\n  border-bottom: 1px solid rgba(255,255,255,.15);\n  display: flex;\n  align-items: center;\n  gap: 18px;\n}\n.lk-stays-header::before {\n  content: '';\n  position: absolute;\n  inset: 0;\n  background: url(\"data:image\/svg+xml,%3Csvg width='60' height='60' viewBox='0 0 60 60' xmlns='http:\/\/www.w3.org\/2000\/svg'%3E%3Cg fill='none' fill-rule='evenodd'%3E%3Cg fill='%23ffffff' fill-opacity='0.05'%3E%3Cpath d='M36 34v-4h-2v4h-4v2h4v4h2v-4h4v-2h-4zm0-30V0h-2v4h-4v2h4v4h2V6h4V4h-4zM6 34v-4H4v4H0v2h4v4h2v-4h4v-2H6zM6 4V0H4v4H0v2h4v4h2V6h4V4H6z'\/%3E%3C\/g%3E%3C\/g%3E%3C\/svg%3E\") repeat;\n  pointer-events: none;\n}\n.lk-stays-icon {\n  flex-shrink: 0;\n  width: 68px;\n  height: 68px;\n  border-radius: 14px;\n  background: linear-gradient(135deg, #fff 0%, #f9f6f0 100%);\n  display: flex;\n  align-items: center;\n  justify-content: center;\n  font-size: 26px;\n  box-shadow: 0 4px 12px rgba(0,0,0,0.15);\n}\n.lk-stays-eyebrow {\n  font-size: 10px;\n  font-weight: 500;\n  letter-spacing: 2.5px;\n  text-transform: uppercase;\n  color: rgba(255,255,255,.85);\n  margin: 0 0 5px 0;\n}\n.lk-stays-title {\n  font-family: 'Playfair Display', Georgia, serif;\n  font-size: 24px;\n  font-weight: 700;\n  color: #fff;\n  line-height: 1.2;\n  text-shadow: 0 1px 2px rgba(0,0,0,0.1);\n  margin: 0;\n}\n.lk-stays-subtitle {\n  font-size: 13px;\n  color: rgba(255,255,255,.75);\n  margin: 4px 0 0 0;\n  font-weight: 300;\n}\n\n\/* \u2500\u2500\u2500 CARDS GRID \u2500\u2500\u2500 *\/\n.lk-stays-grid {\n  display: grid;\n  grid-template-columns: 1fr 1fr;\n  gap: 1px;\n  background: rgba(195, 159, 118, 0.12);\n}\n\n\/* \u2500\u2500\u2500 SINGLE CARD \u2500\u2500\u2500 *\/\n.lk-stay-card {\n  background: #ffffff;\n  padding: 26px;\n  display: flex;\n  flex-direction: column;\n  gap: 11px;\n  transition: all 0.3s ease;\n  text-decoration: none;\n  color: inherit;\n  position: relative;\n}\n.lk-stay-card:hover {\n  background: #fffbf5;\n  transform: translateY(-2px);\n  box-shadow: 0 8px 24px rgba(195, 159, 118, 0.18);\n  z-index: 1;\n}\n.lk-stay-card.featured {\n  background: linear-gradient(135deg, #fffdf9 0%, #fff9f0 100%);\n  box-shadow: 0 4px 16px rgba(195, 159, 118, 0.15), inset 0 1px 0 rgba(195, 159, 118, 0.1);\n}\n.lk-stay-card.featured:hover {\n  background: linear-gradient(135deg, #fffbf5 0%, #fff8ed 100%);\n  box-shadow: 0 8px 24px rgba(195, 159, 118, 0.25), inset 0 1px 0 rgba(195, 159, 118, 0.15);\n}\n\n.lk-stay-badge {\n  display: inline-flex;\n  align-items: center;\n  gap: 5px;\n  font-size: 10px;\n  font-weight: 500;\n  letter-spacing: 1.5px;\n  text-transform: uppercase;\n  padding: 5px 11px;\n  border-radius: 20px;\n  width: fit-content;\n}\n.badge-top     { background: linear-gradient(135deg, #c39f76 0%, #d4b188 100%); color: #fff; border: 1px solid #c39f76; font-weight: 600; box-shadow: 0 2px 8px rgba(195,159,118,0.3); }\n.badge-luxury  { background: rgba(195,159,118,.12); color: #c39f76; border: 1px solid rgba(195,159,118,.25); }\n.badge-boutique{ background: rgba(54,133,252,.08); color: #3685fc; border: 1px solid rgba(54,133,252,.2); }\n.badge-nature  { background: rgba(130,190,100,.1); color: #6b9c4a; border: 1px solid rgba(130,190,100,.2); }\n.badge-remote  { background: rgba(195,159,118,.12); color: #a67e50; border: 1px solid rgba(195,159,118,.25); }\n\n.lk-stay-name {\n  font-family: 'Playfair Display', Georgia, serif;\n  font-size: 18px;\n  font-weight: 700;\n  color: #111827;\n  line-height: 1.3;\n}\n.lk-stay-desc {\n  font-size: 13.5px;\n  color: #525252;\n  line-height: 1.65;\n  font-weight: 300;\n  flex: 1;\n}\n\n.lk-stay-meta {\n  display: flex;\n  align-items: center;\n  gap: 12px;\n  flex-wrap: wrap;\n  margin-top: 4px;\n}\n.lk-stay-price {\n  font-size: 13px;\n  color: #6b7280;\n}\n.lk-stay-price strong {\n  color: #c39f76;\n  font-weight: 500;\n}\n.lk-stay-stars {\n  color: #c39f76;\n  font-size: 11px;\n  letter-spacing: 1px;\n}\n\n\/* \u2500\u2500\u2500 CTA BUTTON \u2500\u2500\u2500 *\/\n.lk-stay-cta {\n  display: inline-flex;\n  align-items: center;\n  justify-content: center;\n  gap: 7px;\n  margin-top: 8px;\n  padding: 11px 20px;\n  border-radius: 8px;\n  background: linear-gradient(135deg, #3685fc 0%, #2a6fd9 100%);\n  color: #fff;\n  font-size: 13px;\n  font-weight: 500;\n  text-decoration: none;\n  letter-spacing: .3px;\n  transition: all .2s ease;\n  cursor: pointer;\n  border: none;\n  text-align: center;\n  box-shadow: 0 4px 12px rgba(54, 133, 252, 0.25);\n}\n.lk-stay-cta:hover {\n  background: linear-gradient(135deg, #2a6fd9 0%, #1e5bc4 100%);\n  transform: translateY(-1px);\n  box-shadow: 0 6px 16px rgba(54, 133, 252, 0.35);\n}\n.lk-stay-cta svg { flex-shrink: 0; }\n\n\/* \u2500\u2500\u2500 FOOTER \u2500\u2500\u2500 *\/\n.lk-stays-footer {\n  padding: 18px 36px;\n  background: linear-gradient(to bottom, #fdfaf5 0%, #f9f4ed 100%);\n  border-top: 1px solid rgba(195, 159, 118, 0.15);\n  display: flex;\n  align-items: center;\n  justify-content: space-between;\n  flex-wrap: wrap;\n  gap: 12px;\n}\n.lk-stays-footer-note {\n  font-size: 11.5px;\n  color: #6b7280;\n  font-weight: 300;\n  line-height: 1.5;\n}\n.lk-stays-footer-note a {\n  color: #c39f76;\n  text-decoration: none;\n  font-weight: 400;\n}\n.lk-stays-footer-note a:hover {\n  text-decoration: underline;\n}\n.lk-stays-all-btn {\n  display: inline-flex;\n  align-items: center;\n  gap: 6px;\n  font-size: 12.5px;\n  font-weight: 500;\n  color: #c39f76;\n  text-decoration: none;\n  border: 1px solid rgba(195, 159, 118, 0.35);\n  padding: 8px 18px;\n  border-radius: 8px;\n  transition: all .2s ease;\n}\n.lk-stays-all-btn:hover {\n  background: rgba(195, 159, 118, 0.08);\n  border-color: rgba(195, 159, 118, 0.5);\n}\n\n\/* \u2500\u2500\u2500 RESPONSIVE \u2500\u2500\u2500 *\/\n@media (max-width: 600px) {\n  .lk-stays-grid { grid-template-columns: 1fr; }\n  .lk-stays-header { padding: 24px 20px; }\n  .lk-stays-footer { padding: 16px 20px; }\n  .lk-stay-card { padding: 22px; }\n  .lk-stays-title { font-size: 20px; }\n}\n<\/style>\n\n  <!-- HEADER -->\n  <div class=\"lk-stays-header\">\n    <img decoding=\"async\" src=\"https:\/\/loudavymkrokem.cz\/wp-content\/uploads\/2026\/02\/lukas-a-lucka.jpg\" alt=\"\" style=\"width: 75px; height: 75px; border-radius: 8px; flex-shrink: 0; object-fit: cover; display: block; margin: 4px 0;\" title=\"\">\n    <div class=\"lk-stays-header-text\">\n      <div class=\"lk-stays-eyebrow\">Luk\u00e1\u0161 e Lucie recomendam<\/div>\n      <div class=\"lk-stays-title\">Onde se hospedar em Olomouc<\/div>\n      <div class=\"lk-stays-subtitle\">2 acomoda\u00e7\u00f5es \u2014 hot\u00e9is com wellness e outras op\u00e7\u00f5es de hospedagem<\/div>\n    <\/div>\n  <\/div>\n\n  <!-- CARDS -->\n  <div class=\"lk-stays-grid\">\n\n    <a class=\"lk-stay-card featured\" href=\"https:\/\/www.stay22.com\/allez\/roam?aid=lukaskonecny&#038;campaign=loudavymkrokemcz&#038;campaign=pt-br&#038;campaign=olomoucsdetmi&#038;hotelname=OREA%20Hotel%20Arigone%20Olomouc&#038;address=Olomouc%2C%20Cesko&#038;category=accommodation\" target=\"_blank\" rel=\"nofollow noopener\">\n      <span class=\"lk-stay-badge badge-top\">\u2b50 MELHOR ESCOLHA<\/span>\n      <span class=\"lk-stay-badge badge-nature\">\u2b50 Luxo<\/span>\n      <div class=\"lk-stay-name\">OREA Hotel Arigone<\/div>\n      <div class=\"lk-stay-desc\">Hotel no centro hist\u00f3rico com quartos wellness, jacuzzi pr\u00f3pria e sauna. Crian\u00e7as at\u00e9 5,99 anos gr\u00e1tis, caf\u00e9 da manh\u00e3 fant\u00e1stico.<\/div>\n      <div class=\"lk-stay-meta\">\n        <span class=\"lk-stay-stars\">\u2605\u2605\u2605\u2605<\/span>\n        <span class=\"lk-stay-price\">Verificar pre\u00e7os<\/span>\n      <\/div>\n      <span class=\"lk-stay-cta\">\n        <svg width=\"14\" height=\"14\" viewBox=\"0 0 24 24\" fill=\"none\" stroke=\"currentColor\" stroke-width=\"2\"><path d=\"M18 13v6a2 2 0 0 1-2 2H5a2 2 0 0 1-2-2V8a2 2 0 0 1 2-2h6\"\/><polyline points=\"15 3 21 3 21 9\"\/><line x1=\"10\" y1=\"14\" x2=\"21\" y2=\"3\"\/><\/svg>\n        Verificar disponibilidade\n      <\/span>\n    <\/a>\n\n    <a class=\"lk-stay-card\" href=\"https:\/\/www.stay22.com\/allez\/roam?aid=lukaskonecny&#038;campaign=loudavymkrokemcz&#038;campaign=pt-br&#038;campaign=olomouc-s-detmi&#038;address=Olomouc%2C%20Cesko\" target=\"_blank\" rel=\"nofollow noopener\">\n      <span class=\"lk-stay-badge badge-nature\">\ud83c\udfe1 Pens\u00e3o\/B&#038;B<\/span>\n      <div class=\"lk-stay-name\">Outras acomoda\u00e7\u00f5es em Olomouc<\/div>\n      <div class=\"lk-stay-desc\">Apartamentos familiares no centro com possibilidade de cozinhar. Adequado para fam\u00edlias com crian\u00e7as pequenas.<\/div>\n      <div class=\"lk-stay-meta\">\n        <span class=\"lk-stay-stars\">\u2605\u2605\u2605\u2605<\/span>\n        <span class=\"lk-stay-price\">Verificar pre\u00e7os<\/span>\n      <\/div>\n      <span class=\"lk-stay-cta\">\n        <svg width=\"14\" height=\"14\" viewBox=\"0 0 24 24\" fill=\"none\" stroke=\"currentColor\" stroke-width=\"2\"><path d=\"M18 13v6a2 2 0 0 1-2 2H5a2 2 0 0 1-2-2V8a2 2 0 0 1 2-2h6\"\/><polyline points=\"15 3 21 3 21 9\"\/><line x1=\"10\" y1=\"14\" x2=\"21\" y2=\"3\"\/><\/svg>\n        Verificar disponibilidade\n      <\/span>\n    <\/a>\n\n  <\/div>\n\n  \n<\/div>\n\n\n\n\n<h2 class=\"wp-block-heading\"><span class=\"ez-toc-section\" id=\"Agua_esporte_e_agito\"><\/span>\u00c1gua, esporte e agito<span class=\"ez-toc-section-end\"><\/span><\/h2>\n\n\n\n<p class=\"wp-block-paragraph\">Quando o term\u00f4metro sobe alto ou, ao contr\u00e1rio, voc\u00ea precisa cansar as crian\u00e7as com esporte ativo, Olomouc oferece \u00f3timas op\u00e7\u00f5es para se divertir. N\u00e3o importa se voc\u00ea \u00e9 f\u00e3 de tobog\u00e3s ou prefere bicicletas e estruturas de escalar: aqui voc\u00ea com certeza n\u00e3o vai se entediar.<\/p>\n\n\n\n<h3 class=\"wp-block-heading\"><span class=\"ez-toc-section\" id=\"21_Parque_aquatico_de_Olomouc\"><\/span>21. Parque aqu\u00e1tico de Olomouc<span class=\"ez-toc-section-end\"><\/span><\/h3>\n\n\n\n<figure data-wp-context=\"{&quot;imageId&quot;:&quot;6a955d0e7891d&quot;}\" data-wp-interactive=\"core\/image\" data-wp-key=\"6a955d0e7891d\" class=\"wp-block-image size-full wp-lightbox-container\"><img decoding=\"async\" width=\"1800\" height=\"1013\" data-wp-class--hide=\"state.isContentHidden\" data-wp-class--show=\"state.isContentVisible\" data-wp-init=\"callbacks.setButtonStyles\" data-wp-on--click=\"actions.showLightbox\" data-wp-on--load=\"callbacks.setButtonStyles\" data-wp-on--pointerdown=\"actions.preloadImage\" data-wp-on--pointerenter=\"actions.preloadImageWithDelay\" data-wp-on--pointerleave=\"actions.cancelPreload\" data-wp-on-window--resize=\"callbacks.setButtonStyles\" src=\"https:\/\/loudavymkrokem.cz\/wp-content\/uploads\/2026\/08\/olomouc-s-detmi-aquapark.jpg\" alt=\"Edif\u00edcio do parque aqu\u00e1tico de Olomouc no bairro Slavon\u00edn\" class=\"wp-image-401126\" title=\"\" srcset=\"https:\/\/loudavymkrokem.cz\/wp-content\/uploads\/2026\/08\/olomouc-s-detmi-aquapark.jpg 1800w, https:\/\/loudavymkrokem.cz\/wp-content\/uploads\/2026\/08\/olomouc-s-detmi-aquapark-300x169.jpg 300w, https:\/\/loudavymkrokem.cz\/wp-content\/uploads\/2026\/08\/olomouc-s-detmi-aquapark-700x394.jpg 700w, https:\/\/loudavymkrokem.cz\/wp-content\/uploads\/2026\/08\/olomouc-s-detmi-aquapark-768x432.jpg 768w, https:\/\/loudavymkrokem.cz\/wp-content\/uploads\/2026\/08\/olomouc-s-detmi-aquapark-1536x864.jpg 1536w, https:\/\/loudavymkrokem.cz\/wp-content\/uploads\/2026\/08\/olomouc-s-detmi-aquapark-696x392.jpg 696w, https:\/\/loudavymkrokem.cz\/wp-content\/uploads\/2026\/08\/olomouc-s-detmi-aquapark-1392x783.jpg 1392w\" sizes=\"(max-width: 1800px) 100vw, 1800px\" \/><button\n\t\t\tclass=\"lightbox-trigger\"\n\t\t\ttype=\"button\"\n\t\t\taria-haspopup=\"dialog\"\n\t\t\tdata-wp-bind--aria-label=\"state.thisImage.triggerButtonAriaLabel\"\n\t\t\tdata-wp-init=\"callbacks.initTriggerButton\"\n\t\t\tdata-wp-on--click=\"actions.showLightbox\"\n\t\t\tdata-wp-style--right=\"state.thisImage.buttonRight\"\n\t\t\tdata-wp-style--top=\"state.thisImage.buttonTop\"\n\t\t>\n\t\t\t<svg xmlns=\"http:\/\/www.w3.org\/2000\/svg\" width=\"12\" height=\"12\" fill=\"none\" viewBox=\"0 0 12 12\">\n\t\t\t\t<path fill=\"#fff\" d=\"M2 0a2 2 0 0 0-2 2v2h1.5V2a.5.5 0 0 1 .5-.5h2V0H2Zm2 10.5H2a.5.5 0 0 1-.5-.5V8H0v2a2 2 0 0 0 2 2h2v-1.5ZM8 12v-1.5h2a.5.5 0 0 0 .5-.5V8H12v2a2 2 0 0 1-2 2H8Zm2-12a2 2 0 0 1 2 2v2h-1.5V2a.5.5 0 0 0-.5-.5H8V0h2Z\" \/>\n\t\t\t<\/svg>\n\t\t<\/button><figcaption class=\"wp-element-caption\">O parque aqu\u00e1tico de Slavon\u00edn tem parte coberta e ao ar livre, al\u00e9m do mundo infantil Akv\u00e1rko<\/figcaption><\/figure>\n\n\n\n<p class=\"wp-block-paragraph\">O grande <a href=\"https:\/\/www.aqua-olomouc.cz\/\" target=\"_blank\" rel=\"nofollow noopener\">mundo aqu\u00e1tico de Olomouc<\/a> fica no endere\u00e7o Kafkova 526\/21, no bairro Slavon\u00edn. \u00c9 um enorme complexo com nota 4,2 de quase quatro mil pessoas, que combina uma ampla parte coberta para o inverno e uma \u00f3tima \u00e1rea ao ar livre para o ver\u00e3o. Voc\u00ea encontra aqui tobog\u00e3s de respeito, muitos escorregadores r\u00e1pidos, uma zona de saunas para adultos, um activity park e um restaurante onde \u00e9 f\u00e1cil matar a fome de le\u00e3o depois de nadar.<\/p>\n\n\n\n<p class=\"wp-block-paragraph\">Para os pequenos, h\u00e1 um mundo infantil especial, o <strong>Akv\u00e1rko<\/strong>. Quanto \u00e0 temperatura da \u00e1gua, a <strong>piscina infantil tem lindos 32 \u00b0C<\/strong>, a piscina de massagem tamb\u00e9m 32 \u00b0C, e as hidromassagens aquecem at\u00e9 34\u201336 \u00b0C. Das resenhas dos pais, por\u00e9m, vem um aviso importante: a grande piscina de recrea\u00e7\u00e3o tem apenas 28 \u00b0C, o que pode parecer frio para crian\u00e7as menores depois de um tempo, ent\u00e3o, com os bem pequenininhos, \u00e9 melhor passar o tempo principalmente no Akv\u00e1rko separado. O parque aqu\u00e1tico tem uma vantagem pr\u00e1tica que voc\u00ea, com crian\u00e7as no carro, vai valorizar: d\u00e1 para descer direto da rodovia e estacionar sem procurar vaga.<\/p>\n\n\n\n<h3 class=\"wp-block-heading\"><span class=\"ez-toc-section\" id=\"22_Centrum_Semafor\"><\/span>22. Centrum Semafor<span class=\"ez-toc-section-end\"><\/span><\/h3>\n\n\n\n<figure data-wp-context=\"{&quot;imageId&quot;:&quot;6a955d0e78fcb&quot;}\" data-wp-interactive=\"core\/image\" data-wp-key=\"6a955d0e78fcb\" class=\"wp-block-image size-full wp-lightbox-container\"><img decoding=\"async\" width=\"1216\" height=\"913\" data-wp-class--hide=\"state.isContentHidden\" data-wp-class--show=\"state.isContentVisible\" data-wp-init=\"callbacks.setButtonStyles\" data-wp-on--click=\"actions.showLightbox\" data-wp-on--load=\"callbacks.setButtonStyles\" data-wp-on--pointerdown=\"actions.preloadImage\" data-wp-on--pointerenter=\"actions.preloadImageWithDelay\" data-wp-on--pointerleave=\"actions.cancelPreload\" data-wp-on-window--resize=\"callbacks.setButtonStyles\" src=\"https:\/\/loudavymkrokem.cz\/wp-content\/uploads\/2026\/08\/olomouc-s-detmi-centrum-semafor.jpg\" alt=\"Pista de tr\u00e2nsito Centrum Semafor em Olomouc com sem\u00e1foros e placas\" class=\"wp-image-403597\" title=\"\" srcset=\"https:\/\/loudavymkrokem.cz\/wp-content\/uploads\/2026\/08\/olomouc-s-detmi-centrum-semafor.jpg 1216w, https:\/\/loudavymkrokem.cz\/wp-content\/uploads\/2026\/08\/olomouc-s-detmi-centrum-semafor-300x225.jpg 300w, https:\/\/loudavymkrokem.cz\/wp-content\/uploads\/2026\/08\/olomouc-s-detmi-centrum-semafor-700x526.jpg 700w, https:\/\/loudavymkrokem.cz\/wp-content\/uploads\/2026\/08\/olomouc-s-detmi-centrum-semafor-768x577.jpg 768w, https:\/\/loudavymkrokem.cz\/wp-content\/uploads\/2026\/08\/olomouc-s-detmi-centrum-semafor-80x60.jpg 80w, https:\/\/loudavymkrokem.cz\/wp-content\/uploads\/2026\/08\/olomouc-s-detmi-centrum-semafor-160x120.jpg 160w, https:\/\/loudavymkrokem.cz\/wp-content\/uploads\/2026\/08\/olomouc-s-detmi-centrum-semafor-696x523.jpg 696w\" sizes=\"(max-width: 1216px) 100vw, 1216px\" \/><button\n\t\t\tclass=\"lightbox-trigger\"\n\t\t\ttype=\"button\"\n\t\t\taria-haspopup=\"dialog\"\n\t\t\tdata-wp-bind--aria-label=\"state.thisImage.triggerButtonAriaLabel\"\n\t\t\tdata-wp-init=\"callbacks.initTriggerButton\"\n\t\t\tdata-wp-on--click=\"actions.showLightbox\"\n\t\t\tdata-wp-style--right=\"state.thisImage.buttonRight\"\n\t\t\tdata-wp-style--top=\"state.thisImage.buttonTop\"\n\t\t>\n\t\t\t<svg xmlns=\"http:\/\/www.w3.org\/2000\/svg\" width=\"12\" height=\"12\" fill=\"none\" viewBox=\"0 0 12 12\">\n\t\t\t\t<path fill=\"#fff\" d=\"M2 0a2 2 0 0 0-2 2v2h1.5V2a.5.5 0 0 1 .5-.5h2V0H2Zm2 10.5H2a.5.5 0 0 1-.5-.5V8H0v2a2 2 0 0 0 2 2h2v-1.5ZM8 12v-1.5h2a.5.5 0 0 0 .5-.5V8H12v2a2 2 0 0 1-2 2H8Zm2-12a2 2 0 0 1 2 2v2h-1.5V2a.5.5 0 0 0-.5-.5H8V0h2Z\" \/>\n\t\t\t<\/svg>\n\t\t<\/button><figcaption class=\"wp-element-caption\">A \u00fanica pista de educa\u00e7\u00e3o para o tr\u00e2nsito de Olomouc tem sem\u00e1foros e passagem de n\u00edvel funcionando | Foto: Centrum Semafor Olomouc<\/figcaption><\/figure>\n\n\n\n<p class=\"wp-block-paragraph\">Se as suas crian\u00e7as amam andar em qualquer coisa que tenha rodas, voc\u00ea n\u00e3o pode deixar de fora o Centrum Semafor, na rua Legion\u00e1\u0159sk\u00e1 15 (nota fant\u00e1stica de <strong>4,8 de 140 avalia\u00e7\u00f5es<\/strong>). \u00c9 a <strong>\u00fanica pista de educa\u00e7\u00e3o para o tr\u00e2nsito especializada de toda Olomouc<\/strong> e \u00e9 realmente de alto n\u00edvel. As vias s\u00e3o ladeadas por placas reais, nos cruzamentos piscam sem\u00e1foros funcionais, e n\u00e3o faltam faixas de pedestres nem uma passagem de n\u00edvel ferrovi\u00e1ria com elementos sonoros e luminosos.<\/p>\n\n\n\n<p class=\"wp-block-paragraph\">Se voc\u00ea n\u00e3o trouxe sua pr\u00f3pria &#8220;frota&#8221;, n\u00e3o tem problema. Funciona aqui um \u00f3timo <strong>aluguel por 50 CZK (cerca de R$ 12) a hora ou 200 CZK (cerca de R$ 50) o dia inteiro<\/strong>. Alugar bicicletas infantis de at\u00e9 24 polegadas sai at\u00e9 pela metade do pre\u00e7o, e h\u00e1 cerca de 50 bicicletas dispon\u00edveis, al\u00e9m de patinetes, os queridinhos karts a pedal e at\u00e9 handbikes. Fica aberto de abril a junho e no outono, em setembro e outubro (dias de semana das 14h \u00e0s 18h, fins de semana e feriados das 10h \u00e0s 12h e das 14h \u00e0s 18h); nos meses de f\u00e9rias de ver\u00e3o o hor\u00e1rio muda um pouco, ent\u00e3o \u00e9 melhor confirmar.<\/p>\n\n\n\n<h3 class=\"wp-block-heading\"><span class=\"ez-toc-section\" id=\"23_Parque_de_cordas_Veverak\"><\/span>23. Parque de cordas Vever\u00e1k<span class=\"ez-toc-section-end\"><\/span><\/h3>\n\n\n\n<figure data-wp-context=\"{&quot;imageId&quot;:&quot;6a955d0e796d7&quot;}\" data-wp-interactive=\"core\/image\" data-wp-key=\"6a955d0e796d7\" class=\"wp-block-image size-full wp-lightbox-container\"><img decoding=\"async\" width=\"1800\" height=\"1013\" data-wp-class--hide=\"state.isContentHidden\" data-wp-class--show=\"state.isContentVisible\" data-wp-init=\"callbacks.setButtonStyles\" data-wp-on--click=\"actions.showLightbox\" data-wp-on--load=\"callbacks.setButtonStyles\" data-wp-on--pointerdown=\"actions.preloadImage\" data-wp-on--pointerenter=\"actions.preloadImageWithDelay\" data-wp-on--pointerleave=\"actions.cancelPreload\" data-wp-on-window--resize=\"callbacks.setButtonStyles\" src=\"https:\/\/loudavymkrokem.cz\/wp-content\/uploads\/2026\/08\/olomouc-s-detmi-lanovy-park-veverak.jpg\" alt=\"Crian\u00e7a em obst\u00e1culo de corda no parque Vever\u00e1k em Svat\u00fd Kope\u010dek\" class=\"wp-image-403608\" title=\"\" srcset=\"https:\/\/loudavymkrokem.cz\/wp-content\/uploads\/2026\/08\/olomouc-s-detmi-lanovy-park-veverak.jpg 1800w, https:\/\/loudavymkrokem.cz\/wp-content\/uploads\/2026\/08\/olomouc-s-detmi-lanovy-park-veverak-300x169.jpg 300w, https:\/\/loudavymkrokem.cz\/wp-content\/uploads\/2026\/08\/olomouc-s-detmi-lanovy-park-veverak-700x394.jpg 700w, https:\/\/loudavymkrokem.cz\/wp-content\/uploads\/2026\/08\/olomouc-s-detmi-lanovy-park-veverak-768x432.jpg 768w, https:\/\/loudavymkrokem.cz\/wp-content\/uploads\/2026\/08\/olomouc-s-detmi-lanovy-park-veverak-1536x864.jpg 1536w, https:\/\/loudavymkrokem.cz\/wp-content\/uploads\/2026\/08\/olomouc-s-detmi-lanovy-park-veverak-696x392.jpg 696w, https:\/\/loudavymkrokem.cz\/wp-content\/uploads\/2026\/08\/olomouc-s-detmi-lanovy-park-veverak-1392x783.jpg 1392w\" sizes=\"(max-width: 1800px) 100vw, 1800px\" \/><button\n\t\t\tclass=\"lightbox-trigger\"\n\t\t\ttype=\"button\"\n\t\t\taria-haspopup=\"dialog\"\n\t\t\tdata-wp-bind--aria-label=\"state.thisImage.triggerButtonAriaLabel\"\n\t\t\tdata-wp-init=\"callbacks.initTriggerButton\"\n\t\t\tdata-wp-on--click=\"actions.showLightbox\"\n\t\t\tdata-wp-style--right=\"state.thisImage.buttonRight\"\n\t\t\tdata-wp-style--top=\"state.thisImage.buttonTop\"\n\t\t>\n\t\t\t<svg xmlns=\"http:\/\/www.w3.org\/2000\/svg\" width=\"12\" height=\"12\" fill=\"none\" viewBox=\"0 0 12 12\">\n\t\t\t\t<path fill=\"#fff\" d=\"M2 0a2 2 0 0 0-2 2v2h1.5V2a.5.5 0 0 1 .5-.5h2V0H2Zm2 10.5H2a.5.5 0 0 1-.5-.5V8H0v2a2 2 0 0 0 2 2h2v-1.5ZM8 12v-1.5h2a.5.5 0 0 0 .5-.5V8H12v2a2 2 0 0 1-2 2H8Zm2-12a2 2 0 0 1 2 2v2h-1.5V2a.5.5 0 0 0-.5-.5H8V0h2Z\" \/>\n\t\t\t<\/svg>\n\t\t<\/button><figcaption class=\"wp-element-caption\">O parque de cordas Vever\u00e1k combina perfeitamente com uma visita ao zool\u00f3gico | Foto: Lanov\u00fd park Vever\u00e1k<\/figcaption><\/figure>\n\n\n\n<p class=\"wp-block-paragraph\">Outra \u00f3tima dose de movimento voc\u00ea pode ter no parque de cordas Vever\u00e1k, que fica perto da rua Darwinova, bem em Svat\u00fd Kope\u010dek. Os pais o elogiam com uma nota bem alta de <strong>4,7<\/strong>, porque ele oferece percursos divididos por n\u00edvel de dificuldade, de modo a agradar tanto \u00e0s crian\u00e7as menores quanto aos adultos que procuram um pouco de adrenalina nas alturas.<\/p>\n\n\n\n<p class=\"wp-block-paragraph\">Ainda por cima, tudo \u00e9 supervisionado por instrutores profissionais, que explicam a seguran\u00e7a e ajudam quando algu\u00e9m trava num obst\u00e1culo mais dif\u00edcil. Uma enorme vantagem desse parque \u00e9 a sua localiza\u00e7\u00e3o: a visita pode ser combinada genialmente com um passeio de dia inteiro ao vizinho zool\u00f3gico.<\/p>\n\n\n\n<h3 class=\"wp-block-heading\"><span class=\"ez-toc-section\" id=\"24_Parquinhos_nos_parques\"><\/span>24. Parquinhos nos parques<span class=\"ez-toc-section-end\"><\/span><\/h3>\n\n\n\n<p class=\"wp-block-paragraph\">Quando voc\u00ea n\u00e3o precisa de grandes atividades organizadas e s\u00f3 quer sentar um pouco no banco enquanto as crian\u00e7as se balan\u00e7am, Olomouc oferece uma s\u00e9rie de parquinhos p\u00fablicos cl\u00e1ssicos. Os mais populares e mais bem cuidados ficam nos j\u00e1 mencionados Smetanovy sady e Bezru\u010dovy sady, mas estruturas menores de escalar e caixas de areia est\u00e3o espalhadas por outras partes do centro e dos arredores, ent\u00e3o, andando pela cidade, mais cedo ou mais tarde voc\u00ea vai topar com elas.<\/p>\n\n\n\n<h2 class=\"wp-block-heading\"><span class=\"ez-toc-section\" id=\"Svaty_Kopecek_o_zoologico_e_um_dia_inteiro_acima_da_cidade\"><\/span>Svat\u00fd Kope\u010dek: o zool\u00f3gico e um dia inteiro acima da cidade<span class=\"ez-toc-section-end\"><\/span><\/h2>\n\n\n\n<p class=\"wp-block-paragraph\">Se voc\u00ea vai ficar em Olomouc por mais de um dia, precisa simplesmente incluir Svat\u00fd Kope\u010dek no roteiro. Esse bairro arborizado que se ergue acima da cidade \u00e9 sin\u00f4nimo de um dia perfeito em fam\u00edlia, cheio de bichinhos, belas vistas e caminhadas na natureza.<\/p>\n\n\n\n<h3 class=\"wp-block-heading\"><span class=\"ez-toc-section\" id=\"25_O_zoologico_de_Olomouc_em_Svaty_Kopecek\"><\/span>25. O zool\u00f3gico de Olomouc em Svat\u00fd Kope\u010dek<span class=\"ez-toc-section-end\"><\/span><\/h3>\n\n\n\n<figure data-wp-context=\"{&quot;imageId&quot;:&quot;6a955d0e79fe9&quot;}\" data-wp-interactive=\"core\/image\" data-wp-key=\"6a955d0e79fe9\" class=\"wp-block-image size-full wp-lightbox-container\"><img decoding=\"async\" width=\"1800\" height=\"1350\" data-wp-class--hide=\"state.isContentHidden\" data-wp-class--show=\"state.isContentVisible\" data-wp-init=\"callbacks.setButtonStyles\" data-wp-on--click=\"actions.showLightbox\" data-wp-on--load=\"callbacks.setButtonStyles\" data-wp-on--pointerdown=\"actions.preloadImage\" data-wp-on--pointerenter=\"actions.preloadImageWithDelay\" data-wp-on--pointerleave=\"actions.cancelPreload\" data-wp-on-window--resize=\"callbacks.setButtonStyles\" src=\"https:\/\/loudavymkrokem.cz\/wp-content\/uploads\/2026\/08\/olomouc-s-detmi-zoo-voliera.jpg\" alt=\"Grous no viveiro do zool\u00f3gico de Olomouc em Svat\u00fd Kope\u010dek\" class=\"wp-image-401082\" title=\"\" srcset=\"https:\/\/loudavymkrokem.cz\/wp-content\/uploads\/2026\/08\/olomouc-s-detmi-zoo-voliera.jpg 1800w, https:\/\/loudavymkrokem.cz\/wp-content\/uploads\/2026\/08\/olomouc-s-detmi-zoo-voliera-300x225.jpg 300w, https:\/\/loudavymkrokem.cz\/wp-content\/uploads\/2026\/08\/olomouc-s-detmi-zoo-voliera-700x525.jpg 700w, https:\/\/loudavymkrokem.cz\/wp-content\/uploads\/2026\/08\/olomouc-s-detmi-zoo-voliera-768x576.jpg 768w, https:\/\/loudavymkrokem.cz\/wp-content\/uploads\/2026\/08\/olomouc-s-detmi-zoo-voliera-1536x1152.jpg 1536w, https:\/\/loudavymkrokem.cz\/wp-content\/uploads\/2026\/08\/olomouc-s-detmi-zoo-voliera-80x60.jpg 80w, https:\/\/loudavymkrokem.cz\/wp-content\/uploads\/2026\/08\/olomouc-s-detmi-zoo-voliera-160x120.jpg 160w, https:\/\/loudavymkrokem.cz\/wp-content\/uploads\/2026\/08\/olomouc-s-detmi-zoo-voliera-696x522.jpg 696w, https:\/\/loudavymkrokem.cz\/wp-content\/uploads\/2026\/08\/olomouc-s-detmi-zoo-voliera-1392x1044.jpg 1392w\" sizes=\"(max-width: 1800px) 100vw, 1800px\" \/><button\n\t\t\tclass=\"lightbox-trigger\"\n\t\t\ttype=\"button\"\n\t\t\taria-haspopup=\"dialog\"\n\t\t\tdata-wp-bind--aria-label=\"state.thisImage.triggerButtonAriaLabel\"\n\t\t\tdata-wp-init=\"callbacks.initTriggerButton\"\n\t\t\tdata-wp-on--click=\"actions.showLightbox\"\n\t\t\tdata-wp-style--right=\"state.thisImage.buttonRight\"\n\t\t\tdata-wp-style--top=\"state.thisImage.buttonTop\"\n\t\t>\n\t\t\t<svg xmlns=\"http:\/\/www.w3.org\/2000\/svg\" width=\"12\" height=\"12\" fill=\"none\" viewBox=\"0 0 12 12\">\n\t\t\t\t<path fill=\"#fff\" d=\"M2 0a2 2 0 0 0-2 2v2h1.5V2a.5.5 0 0 1 .5-.5h2V0H2Zm2 10.5H2a.5.5 0 0 1-.5-.5V8H0v2a2 2 0 0 0 2 2h2v-1.5ZM8 12v-1.5h2a.5.5 0 0 0 .5-.5V8H12v2a2 2 0 0 1-2 2H8Zm2-12a2 2 0 0 1 2 2v2h-1.5V2a.5.5 0 0 0-.5-.5H8V0h2Z\" \/>\n\t\t\t<\/svg>\n\t\t<\/button><figcaption class=\"wp-element-caption\">Os recintos est\u00e3o inseridos direto no terreno florestal<\/figcaption><\/figure>\n\n\n\n<figure data-wp-context=\"{&quot;imageId&quot;:&quot;6a955d0e7a524&quot;}\" data-wp-interactive=\"core\/image\" data-wp-key=\"6a955d0e7a524\" class=\"wp-block-image size-full wp-lightbox-container\"><img decoding=\"async\" width=\"1800\" height=\"1195\" data-wp-class--hide=\"state.isContentHidden\" data-wp-class--show=\"state.isContentVisible\" data-wp-init=\"callbacks.setButtonStyles\" data-wp-on--click=\"actions.showLightbox\" data-wp-on--load=\"callbacks.setButtonStyles\" data-wp-on--pointerdown=\"actions.preloadImage\" data-wp-on--pointerenter=\"actions.preloadImageWithDelay\" data-wp-on--pointerleave=\"actions.cancelPreload\" data-wp-on-window--resize=\"callbacks.setButtonStyles\" src=\"https:\/\/loudavymkrokem.cz\/wp-content\/uploads\/2026\/08\/olomouc-s-detmi-zoo-vstup.jpg\" alt=\"Edif\u00edcio da entrada do zool\u00f3gico de Olomouc em Svat\u00fd Kope\u010dek\" class=\"wp-image-401078\" title=\"\" srcset=\"https:\/\/loudavymkrokem.cz\/wp-content\/uploads\/2026\/08\/olomouc-s-detmi-zoo-vstup.jpg 1800w, https:\/\/loudavymkrokem.cz\/wp-content\/uploads\/2026\/08\/olomouc-s-detmi-zoo-vstup-300x199.jpg 300w, https:\/\/loudavymkrokem.cz\/wp-content\/uploads\/2026\/08\/olomouc-s-detmi-zoo-vstup-700x465.jpg 700w, https:\/\/loudavymkrokem.cz\/wp-content\/uploads\/2026\/08\/olomouc-s-detmi-zoo-vstup-768x510.jpg 768w, https:\/\/loudavymkrokem.cz\/wp-content\/uploads\/2026\/08\/olomouc-s-detmi-zoo-vstup-1536x1020.jpg 1536w, https:\/\/loudavymkrokem.cz\/wp-content\/uploads\/2026\/08\/olomouc-s-detmi-zoo-vstup-696x462.jpg 696w, https:\/\/loudavymkrokem.cz\/wp-content\/uploads\/2026\/08\/olomouc-s-detmi-zoo-vstup-1392x924.jpg 1392w\" sizes=\"(max-width: 1800px) 100vw, 1800px\" \/><button\n\t\t\tclass=\"lightbox-trigger\"\n\t\t\ttype=\"button\"\n\t\t\taria-haspopup=\"dialog\"\n\t\t\tdata-wp-bind--aria-label=\"state.thisImage.triggerButtonAriaLabel\"\n\t\t\tdata-wp-init=\"callbacks.initTriggerButton\"\n\t\t\tdata-wp-on--click=\"actions.showLightbox\"\n\t\t\tdata-wp-style--right=\"state.thisImage.buttonRight\"\n\t\t\tdata-wp-style--top=\"state.thisImage.buttonTop\"\n\t\t>\n\t\t\t<svg xmlns=\"http:\/\/www.w3.org\/2000\/svg\" width=\"12\" height=\"12\" fill=\"none\" viewBox=\"0 0 12 12\">\n\t\t\t\t<path fill=\"#fff\" d=\"M2 0a2 2 0 0 0-2 2v2h1.5V2a.5.5 0 0 1 .5-.5h2V0H2Zm2 10.5H2a.5.5 0 0 1-.5-.5V8H0v2a2 2 0 0 0 2 2h2v-1.5ZM8 12v-1.5h2a.5.5 0 0 0 .5-.5V8H12v2a2 2 0 0 1-2 2H8Zm2-12a2 2 0 0 1 2 2v2h-1.5V2a.5.5 0 0 0-.5-.5H8V0h2Z\" \/>\n\t\t\t<\/svg>\n\t\t<\/button><figcaption class=\"wp-element-caption\">Entrada do zool\u00f3gico de Olomouc, escondido na floresta acima da cidade<\/figcaption><\/figure>\n\n\n\n<p class=\"wp-block-paragraph\">Este \u00e9, sem discuss\u00e3o, o principal atrativo familiar de toda a regi\u00e3o. O <a href=\"https:\/\/www.zoo-olomouc.cz\/\" target=\"_blank\" rel=\"nofollow noopener\">zool\u00f3gico de Olomouc<\/a>, escondido numa linda floresta de con\u00edferas, colhe elogios entusiasmados, e sua nota de <strong>4,4 de mais de 16.500 avalia\u00e7\u00f5es<\/strong> mostra o quanto \u00e9 querido. Os animais t\u00eam aqui amplos recintos inseridos direto no terreno florestal em declive, ent\u00e3o a visita \u00e9 ao mesmo tempo um agrad\u00e1vel passeio entre as \u00e1rvores, onde h\u00e1 sombra gostosa at\u00e9 no ver\u00e3o.<\/p>\n\n\n\n<p class=\"wp-block-paragraph\">Os pre\u00e7os das entradas variam conforme a temporada. Na alta (de mar\u00e7o a outubro), o adulto paga <strong>180 CZK (cerca de R$ 45)<\/strong> e crian\u00e7as, estudantes ou idosos pagam <strong>140 CZK (cerca de R$ 35)<\/strong>. Fora de temporada, nos meses de inverno (novembro a fevereiro), os pre\u00e7os s\u00e3o mais amig\u00e1veis: 150 CZK (cerca de R$ 37) o adulto e 120 CZK (cerca de R$ 30) a reduzida. As crian\u00e7as menores de 3 anos entram totalmente de gra\u00e7a, e o ingresso familiar (2+2) sai por justos <strong>600 CZK (cerca de R$ 150)<\/strong>. O hor\u00e1rio de funcionamento tamb\u00e9m muda com a esta\u00e7\u00e3o. Em janeiro e fevereiro fica aberto das 9h \u00e0s 16h; em mar\u00e7o e setembro das 9h \u00e0s 17h; de abril a agosto se estende das 9h \u00e0s 18h; e de outubro a dezembro as portas fecham de novo \u00e0s 16h.<\/p>\n\n\n\n<p class=\"wp-block-paragraph\">E como chegar at\u00e9 aqui, se voc\u00ea n\u00e3o quer pagar estacionamento no zool\u00f3gico? De forma bem simples. Da esta\u00e7\u00e3o central (ponto D) sai regularmente o <strong>\u00f4nibus n\u00ba 11<\/strong>. As sa\u00eddas se sucedem em \u00f3timos intervalos de 10 a 15 minutos, a viagem em si dura cerca de 20 minutos e, do ponto, espera por voc\u00ea apenas uma curta caminhada de cinco a dez minutos numa leve subida, direto at\u00e9 a entrada da \u00e1rea.<\/p>\n\n\n\n<h3 class=\"wp-block-heading\"><span class=\"ez-toc-section\" id=\"26_Torre-mirante_no_zoologico\"><\/span>26. Torre-mirante no zool\u00f3gico<span class=\"ez-toc-section-end\"><\/span><\/h3>\n\n\n\n<figure data-wp-context=\"{&quot;imageId&quot;:&quot;6a955d0e7ad95&quot;}\" data-wp-interactive=\"core\/image\" data-wp-key=\"6a955d0e7ad95\" class=\"wp-block-image size-full wp-lightbox-container\"><img decoding=\"async\" width=\"1800\" height=\"1202\" data-wp-class--hide=\"state.isContentHidden\" data-wp-class--show=\"state.isContentVisible\" data-wp-init=\"callbacks.setButtonStyles\" data-wp-on--click=\"actions.showLightbox\" data-wp-on--load=\"callbacks.setButtonStyles\" data-wp-on--pointerdown=\"actions.preloadImage\" data-wp-on--pointerenter=\"actions.preloadImageWithDelay\" data-wp-on--pointerleave=\"actions.cancelPreload\" data-wp-on-window--resize=\"callbacks.setButtonStyles\" src=\"https:\/\/loudavymkrokem.cz\/wp-content\/uploads\/2026\/08\/olomouc-s-detmi-vyhlidkova-vez-zoo.jpg\" alt=\"Torre-mirante no zool\u00f3gico de Olomouc em Svat\u00fd Kope\u010dek\" class=\"wp-image-403612\" title=\"\" srcset=\"https:\/\/loudavymkrokem.cz\/wp-content\/uploads\/2026\/08\/olomouc-s-detmi-vyhlidkova-vez-zoo.jpg 1800w, https:\/\/loudavymkrokem.cz\/wp-content\/uploads\/2026\/08\/olomouc-s-detmi-vyhlidkova-vez-zoo-300x200.jpg 300w, https:\/\/loudavymkrokem.cz\/wp-content\/uploads\/2026\/08\/olomouc-s-detmi-vyhlidkova-vez-zoo-700x467.jpg 700w, https:\/\/loudavymkrokem.cz\/wp-content\/uploads\/2026\/08\/olomouc-s-detmi-vyhlidkova-vez-zoo-768x513.jpg 768w, https:\/\/loudavymkrokem.cz\/wp-content\/uploads\/2026\/08\/olomouc-s-detmi-vyhlidkova-vez-zoo-1536x1026.jpg 1536w, https:\/\/loudavymkrokem.cz\/wp-content\/uploads\/2026\/08\/olomouc-s-detmi-vyhlidkova-vez-zoo-696x465.jpg 696w, https:\/\/loudavymkrokem.cz\/wp-content\/uploads\/2026\/08\/olomouc-s-detmi-vyhlidkova-vez-zoo-1392x930.jpg 1392w\" sizes=\"(max-width: 1800px) 100vw, 1800px\" \/><button\n\t\t\tclass=\"lightbox-trigger\"\n\t\t\ttype=\"button\"\n\t\t\taria-haspopup=\"dialog\"\n\t\t\tdata-wp-bind--aria-label=\"state.thisImage.triggerButtonAriaLabel\"\n\t\t\tdata-wp-init=\"callbacks.initTriggerButton\"\n\t\t\tdata-wp-on--click=\"actions.showLightbox\"\n\t\t\tdata-wp-style--right=\"state.thisImage.buttonRight\"\n\t\t\tdata-wp-style--top=\"state.thisImage.buttonTop\"\n\t\t>\n\t\t\t<svg xmlns=\"http:\/\/www.w3.org\/2000\/svg\" width=\"12\" height=\"12\" fill=\"none\" viewBox=\"0 0 12 12\">\n\t\t\t\t<path fill=\"#fff\" d=\"M2 0a2 2 0 0 0-2 2v2h1.5V2a.5.5 0 0 1 .5-.5h2V0H2Zm2 10.5H2a.5.5 0 0 1-.5-.5V8H0v2a2 2 0 0 0 2 2h2v-1.5ZM8 12v-1.5h2a.5.5 0 0 0 .5-.5V8H12v2a2 2 0 0 1-2 2H8Zm2-12a2 2 0 0 1 2 2v2h-1.5V2a.5.5 0 0 0-.5-.5H8V0h2Z\" \/>\n\t\t\t<\/svg>\n\t\t<\/button><figcaption class=\"wp-element-caption\">Da torre-mirante, com boa visibilidade, voc\u00ea enxerga at\u00e9 as montanhas Jesen\u00edky | Foto: Zoo Olomouc<\/figcaption><\/figure>\n\n\n\n<p class=\"wp-block-paragraph\">Bem na \u00e1rea do zool\u00f3gico, ergue-se uma enorme torre-mirante de a\u00e7o (nota 4,6), que voc\u00ea com certeza n\u00e3o deveria deixar passar, se n\u00e3o sofrer de vertigem. A subida pelos degraus gradeados d\u00e1 um pouco de trabalho, mas l\u00e1 em cima espera por voc\u00ea a recompensa de uma vista que voc\u00ea n\u00e3o ver\u00e1 em nenhum outro lugar.<\/p>\n\n\n\n<p class=\"wp-block-paragraph\">Com boa visibilidade, abre-se um panorama de tirar o f\u00f4lego de toda Olomouc l\u00e1 embaixo, na plan\u00edcie, e, quando voc\u00ea se vira para o outro lado, enxerga at\u00e9 as cristas das majestosas montanhas Jesen\u00edky. E, para quem precisa se refrescar depois do esfor\u00e7o, logo abaixo da torre funciona um agrad\u00e1vel caf\u00e9.<\/p>\n\n\n\n<h3 class=\"wp-block-heading\"><span class=\"ez-toc-section\" id=\"27_Basilica_da_Visitacao_de_Nossa_Senhora\"><\/span>27. Bas\u00edlica da Visita\u00e7\u00e3o de Nossa Senhora<span class=\"ez-toc-section-end\"><\/span><\/h3>\n\n\n\n<figure data-wp-context=\"{&quot;imageId&quot;:&quot;6a955d0e7b58e&quot;}\" data-wp-interactive=\"core\/image\" data-wp-key=\"6a955d0e7b58e\" class=\"wp-block-image size-full wp-lightbox-container\"><img decoding=\"async\" width=\"1800\" height=\"1350\" data-wp-class--hide=\"state.isContentHidden\" data-wp-class--show=\"state.isContentVisible\" data-wp-init=\"callbacks.setButtonStyles\" data-wp-on--click=\"actions.showLightbox\" data-wp-on--load=\"callbacks.setButtonStyles\" data-wp-on--pointerdown=\"actions.preloadImage\" data-wp-on--pointerenter=\"actions.preloadImageWithDelay\" data-wp-on--pointerleave=\"actions.cancelPreload\" data-wp-on-window--resize=\"callbacks.setButtonStyles\" src=\"https:\/\/loudavymkrokem.cz\/wp-content\/uploads\/2026\/08\/olomouc-s-detmi-bazilika-svaty-kopecek.jpg\" alt=\"Bas\u00edlica da Visita\u00e7\u00e3o de Nossa Senhora em Svat\u00fd Kope\u010dek, perto de Olomouc\" class=\"wp-image-401087\" title=\"\" srcset=\"https:\/\/loudavymkrokem.cz\/wp-content\/uploads\/2026\/08\/olomouc-s-detmi-bazilika-svaty-kopecek.jpg 1800w, https:\/\/loudavymkrokem.cz\/wp-content\/uploads\/2026\/08\/olomouc-s-detmi-bazilika-svaty-kopecek-300x225.jpg 300w, https:\/\/loudavymkrokem.cz\/wp-content\/uploads\/2026\/08\/olomouc-s-detmi-bazilika-svaty-kopecek-700x525.jpg 700w, https:\/\/loudavymkrokem.cz\/wp-content\/uploads\/2026\/08\/olomouc-s-detmi-bazilika-svaty-kopecek-768x576.jpg 768w, https:\/\/loudavymkrokem.cz\/wp-content\/uploads\/2026\/08\/olomouc-s-detmi-bazilika-svaty-kopecek-1536x1152.jpg 1536w, https:\/\/loudavymkrokem.cz\/wp-content\/uploads\/2026\/08\/olomouc-s-detmi-bazilika-svaty-kopecek-80x60.jpg 80w, https:\/\/loudavymkrokem.cz\/wp-content\/uploads\/2026\/08\/olomouc-s-detmi-bazilika-svaty-kopecek-160x120.jpg 160w, https:\/\/loudavymkrokem.cz\/wp-content\/uploads\/2026\/08\/olomouc-s-detmi-bazilika-svaty-kopecek-696x522.jpg 696w, https:\/\/loudavymkrokem.cz\/wp-content\/uploads\/2026\/08\/olomouc-s-detmi-bazilika-svaty-kopecek-1392x1044.jpg 1392w\" sizes=\"(max-width: 1800px) 100vw, 1800px\" \/><button\n\t\t\tclass=\"lightbox-trigger\"\n\t\t\ttype=\"button\"\n\t\t\taria-haspopup=\"dialog\"\n\t\t\tdata-wp-bind--aria-label=\"state.thisImage.triggerButtonAriaLabel\"\n\t\t\tdata-wp-init=\"callbacks.initTriggerButton\"\n\t\t\tdata-wp-on--click=\"actions.showLightbox\"\n\t\t\tdata-wp-style--right=\"state.thisImage.buttonRight\"\n\t\t\tdata-wp-style--top=\"state.thisImage.buttonTop\"\n\t\t>\n\t\t\t<svg xmlns=\"http:\/\/www.w3.org\/2000\/svg\" width=\"12\" height=\"12\" fill=\"none\" viewBox=\"0 0 12 12\">\n\t\t\t\t<path fill=\"#fff\" d=\"M2 0a2 2 0 0 0-2 2v2h1.5V2a.5.5 0 0 1 .5-.5h2V0H2Zm2 10.5H2a.5.5 0 0 1-.5-.5V8H0v2a2 2 0 0 0 2 2h2v-1.5ZM8 12v-1.5h2a.5.5 0 0 0 .5-.5V8H12v2a2 2 0 0 1-2 2H8Zm2-12a2 2 0 0 1 2 2v2h-1.5V2a.5.5 0 0 0-.5-.5H8V0h2Z\" \/>\n\t\t\t<\/svg>\n\t\t<\/button><figcaption class=\"wp-element-caption\">A bas\u00edlica de peregrina\u00e7\u00e3o em Svat\u00fd Kope\u010dek j\u00e1 \u00e9 vis\u00edvel na chegada a Olomouc<\/figcaption><\/figure>\n\n\n\n<p class=\"wp-block-paragraph\">J\u00e1 que voc\u00ea vai estar em Svat\u00fd Kope\u010dek, ande um pouco at\u00e9 a pra\u00e7a n\u00e1m\u011bst\u00ed Sadov\u00e9 1, onde fica a imponente Bas\u00edlica de peregrina\u00e7\u00e3o da Visita\u00e7\u00e3o de Nossa Senhora (nota fant\u00e1stica de <strong>4,8 de 2.572 avalia\u00e7\u00f5es<\/strong>). \u00c9 um marco que voc\u00ea vai ver brilhando na paisagem j\u00e1 na chegada a Olomouc.<\/p>\n\n\n\n<p class=\"wp-block-paragraph\">Ali\u00e1s, essa linda constru\u00e7\u00e3o barroca foi visitada pelo pr\u00f3prio papa Jo\u00e3o Paulo II. Mesmo que \u00e0 primeira vista n\u00e3o soe como uma atra\u00e7\u00e3o tipicamente infantil, a constru\u00e7\u00e3o \u00e9 t\u00e3o enorme e majestosa que consegue cativar at\u00e9 os pequenos exploradores, e ainda d\u00e1 para fazer passeios muito bonitos e tranquilos pelos arredores.<\/p>\n\n\n\n<h2 class=\"wp-block-heading\"><span class=\"ez-toc-section\" id=\"Passeios_a_partir_de_Olomouc_com_criancas\"><\/span>Passeios a partir de Olomouc com crian\u00e7as<span class=\"ez-toc-section-end\"><\/span><\/h2>\n\n\n\n<p class=\"wp-block-paragraph\">Olomouc est\u00e1 estrategicamente localizada no cora\u00e7\u00e3o da Mor\u00e1via, o que significa que, se voc\u00ea tem carro, dentro de uma horinha de viagem se abre uma quantidade incr\u00edvel de outros destinos atraentes. Ent\u00e3o, se sobrar tempo e voc\u00ea quiser sair um pouco dos limites da cidade, aqui v\u00e3o as melhores dicas de passeios de meio dia ou de dia inteiro.<\/p>\n\n\n\n<h3 class=\"wp-block-heading\"><span class=\"ez-toc-section\" id=\"28_DinoPark_e_ZOO_Park_Vyskov\"><\/span>28. DinoPark e ZOO Park Vy\u0161kov<span class=\"ez-toc-section-end\"><\/span><\/h3>\n\n\n\n<figure data-wp-context=\"{&quot;imageId&quot;:&quot;6a955d0e7bdb4&quot;}\" data-wp-interactive=\"core\/image\" data-wp-key=\"6a955d0e7bdb4\" class=\"wp-block-image size-full wp-lightbox-container\"><img decoding=\"async\" width=\"1800\" height=\"1209\" data-wp-class--hide=\"state.isContentHidden\" data-wp-class--show=\"state.isContentVisible\" data-wp-init=\"callbacks.setButtonStyles\" data-wp-on--click=\"actions.showLightbox\" data-wp-on--load=\"callbacks.setButtonStyles\" data-wp-on--pointerdown=\"actions.preloadImage\" data-wp-on--pointerenter=\"actions.preloadImageWithDelay\" data-wp-on--pointerleave=\"actions.cancelPreload\" data-wp-on-window--resize=\"callbacks.setButtonStyles\" src=\"https:\/\/loudavymkrokem.cz\/wp-content\/uploads\/2026\/08\/olomouc-s-detmi-zoopark-vyskov.jpg\" alt=\"Camelo dromed\u00e1rio no ZOO Park Vy\u0161kov\" class=\"wp-image-401131\" title=\"\" srcset=\"https:\/\/loudavymkrokem.cz\/wp-content\/uploads\/2026\/08\/olomouc-s-detmi-zoopark-vyskov.jpg 1800w, https:\/\/loudavymkrokem.cz\/wp-content\/uploads\/2026\/08\/olomouc-s-detmi-zoopark-vyskov-300x202.jpg 300w, https:\/\/loudavymkrokem.cz\/wp-content\/uploads\/2026\/08\/olomouc-s-detmi-zoopark-vyskov-700x470.jpg 700w, https:\/\/loudavymkrokem.cz\/wp-content\/uploads\/2026\/08\/olomouc-s-detmi-zoopark-vyskov-768x516.jpg 768w, https:\/\/loudavymkrokem.cz\/wp-content\/uploads\/2026\/08\/olomouc-s-detmi-zoopark-vyskov-1536x1032.jpg 1536w, https:\/\/loudavymkrokem.cz\/wp-content\/uploads\/2026\/08\/olomouc-s-detmi-zoopark-vyskov-696x467.jpg 696w, https:\/\/loudavymkrokem.cz\/wp-content\/uploads\/2026\/08\/olomouc-s-detmi-zoopark-vyskov-1392x935.jpg 1392w\" sizes=\"(max-width: 1800px) 100vw, 1800px\" \/><button\n\t\t\tclass=\"lightbox-trigger\"\n\t\t\ttype=\"button\"\n\t\t\taria-haspopup=\"dialog\"\n\t\t\tdata-wp-bind--aria-label=\"state.thisImage.triggerButtonAriaLabel\"\n\t\t\tdata-wp-init=\"callbacks.initTriggerButton\"\n\t\t\tdata-wp-on--click=\"actions.showLightbox\"\n\t\t\tdata-wp-style--right=\"state.thisImage.buttonRight\"\n\t\t\tdata-wp-style--top=\"state.thisImage.buttonTop\"\n\t\t>\n\t\t\t<svg xmlns=\"http:\/\/www.w3.org\/2000\/svg\" width=\"12\" height=\"12\" fill=\"none\" viewBox=\"0 0 12 12\">\n\t\t\t\t<path fill=\"#fff\" d=\"M2 0a2 2 0 0 0-2 2v2h1.5V2a.5.5 0 0 1 .5-.5h2V0H2Zm2 10.5H2a.5.5 0 0 1-.5-.5V8H0v2a2 2 0 0 0 2 2h2v-1.5ZM8 12v-1.5h2a.5.5 0 0 0 .5-.5V8H12v2a2 2 0 0 1-2 2H8Zm2-12a2 2 0 0 1 2 2v2h-1.5V2a.5.5 0 0 0-.5-.5H8V0h2Z\" \/>\n\t\t\t<\/svg>\n\t\t<\/button><figcaption class=\"wp-element-caption\">Com o mesmo ingresso voc\u00ea tamb\u00e9m tem o ZOO Park Vy\u0161kov, com camelos e animais de fazenda<\/figcaption><\/figure>\n\n\n\n<figure data-wp-context=\"{&quot;imageId&quot;:&quot;6a955d0e7c2ca&quot;}\" data-wp-interactive=\"core\/image\" data-wp-key=\"6a955d0e7c2ca\" class=\"wp-block-image size-full wp-lightbox-container\"><img decoding=\"async\" width=\"1800\" height=\"1350\" data-wp-class--hide=\"state.isContentHidden\" data-wp-class--show=\"state.isContentVisible\" data-wp-init=\"callbacks.setButtonStyles\" data-wp-on--click=\"actions.showLightbox\" data-wp-on--load=\"callbacks.setButtonStyles\" data-wp-on--pointerdown=\"actions.preloadImage\" data-wp-on--pointerenter=\"actions.preloadImageWithDelay\" data-wp-on--pointerleave=\"actions.cancelPreload\" data-wp-on-window--resize=\"callbacks.setButtonStyles\" src=\"https:\/\/loudavymkrokem.cz\/wp-content\/uploads\/2026\/08\/olomouc-s-detmi-dinopark-vyskov.jpg\" alt=\"Modelo de dinossauro no DinoPark em Vy\u0161kov\" class=\"wp-image-401129\" title=\"\" srcset=\"https:\/\/loudavymkrokem.cz\/wp-content\/uploads\/2026\/08\/olomouc-s-detmi-dinopark-vyskov.jpg 1800w, https:\/\/loudavymkrokem.cz\/wp-content\/uploads\/2026\/08\/olomouc-s-detmi-dinopark-vyskov-300x225.jpg 300w, https:\/\/loudavymkrokem.cz\/wp-content\/uploads\/2026\/08\/olomouc-s-detmi-dinopark-vyskov-700x525.jpg 700w, https:\/\/loudavymkrokem.cz\/wp-content\/uploads\/2026\/08\/olomouc-s-detmi-dinopark-vyskov-768x576.jpg 768w, https:\/\/loudavymkrokem.cz\/wp-content\/uploads\/2026\/08\/olomouc-s-detmi-dinopark-vyskov-1536x1152.jpg 1536w, https:\/\/loudavymkrokem.cz\/wp-content\/uploads\/2026\/08\/olomouc-s-detmi-dinopark-vyskov-80x60.jpg 80w, https:\/\/loudavymkrokem.cz\/wp-content\/uploads\/2026\/08\/olomouc-s-detmi-dinopark-vyskov-160x120.jpg 160w, https:\/\/loudavymkrokem.cz\/wp-content\/uploads\/2026\/08\/olomouc-s-detmi-dinopark-vyskov-696x522.jpg 696w, https:\/\/loudavymkrokem.cz\/wp-content\/uploads\/2026\/08\/olomouc-s-detmi-dinopark-vyskov-1392x1044.jpg 1392w\" sizes=\"(max-width: 1800px) 100vw, 1800px\" \/><button\n\t\t\tclass=\"lightbox-trigger\"\n\t\t\ttype=\"button\"\n\t\t\taria-haspopup=\"dialog\"\n\t\t\tdata-wp-bind--aria-label=\"state.thisImage.triggerButtonAriaLabel\"\n\t\t\tdata-wp-init=\"callbacks.initTriggerButton\"\n\t\t\tdata-wp-on--click=\"actions.showLightbox\"\n\t\t\tdata-wp-style--right=\"state.thisImage.buttonRight\"\n\t\t\tdata-wp-style--top=\"state.thisImage.buttonTop\"\n\t\t>\n\t\t\t<svg xmlns=\"http:\/\/www.w3.org\/2000\/svg\" width=\"12\" height=\"12\" fill=\"none\" viewBox=\"0 0 12 12\">\n\t\t\t\t<path fill=\"#fff\" d=\"M2 0a2 2 0 0 0-2 2v2h1.5V2a.5.5 0 0 1 .5-.5h2V0H2Zm2 10.5H2a.5.5 0 0 1-.5-.5V8H0v2a2 2 0 0 0 2 2h2v-1.5ZM8 12v-1.5h2a.5.5 0 0 0 .5-.5V8H12v2a2 2 0 0 1-2 2H8Zm2-12a2 2 0 0 1 2 2v2h-1.5V2a.5.5 0 0 0-.5-.5H8V0h2Z\" \/>\n\t\t\t<\/svg>\n\t\t<\/button><figcaption class=\"wp-element-caption\">No DinoPark de Vy\u0161kov h\u00e1 mais de cem dinossauros, parte deles se mexe e ruge<\/figcaption><\/figure>\n\n\n\n<p class=\"wp-block-paragraph\">Este passeio ao <a href=\"https:\/\/www.dinopark.cz\/vyskov\" target=\"_blank\" rel=\"nofollow noopener\">DinoPark Vy\u0161kov<\/a>, a cerca de 45 quil\u00f4metros de Olomouc (Cukrovarsk\u00e1 9, Vy\u0161kov), eu simplesmente preciso recomendar de todo o cora\u00e7\u00e3o, porque Luk\u00e1\u0161, Jon\u00e1\u0161 e eu fomos pessoalmente e foi um sucesso absoluto. Voc\u00ea conhece aqueles momentos em que os olhos da crian\u00e7a brilham de espanto? Foi exatamente o que aconteceu quando descobrimos um enorme estegossauro rob\u00f3tico andando. Em toda a \u00e1rea h\u00e1 mais de <strong>100 dinossauros<\/strong>: parte deles \u00e9 est\u00e1tica, mas muitos s\u00e3o incrivelmente sonorizados e m\u00f3veis. Voc\u00ea encontra aqui tamb\u00e9m um <strong>cinema 4D<\/strong>, o DinoFurac\u00e3o ventoso, um \u00f3timo parquinho paleontol\u00f3gico para os pequenos exploradores, uma cena elaborada com um avi\u00e3o acidentado e &#8220;\u00e1rvores de n\u00e9voa&#8221;, que refrescam muito bem no ver\u00e3o.<\/p>\n\n\n\n<p class=\"wp-block-paragraph\">Uma curiosidade \u00e9 que o ingresso vale tamb\u00e9m para o vizinho <strong>ZOO Park Vy\u0161kov<\/strong>, que, embora menor e focado principalmente em bichinhos de fazenda e animais dom\u00e9sticos, tamb\u00e9m tem camelos, macacos curiosos e avestruzes. Entre os dinossauros e o zool\u00f3gico circula um trenzinho especial chamado <strong>DinoExpres<\/strong>, que j\u00e1 \u00e9 uma atra\u00e7\u00e3o por si s\u00f3 para as crian\u00e7as. As pessoas amam esses lugares: o DinoPark tem nota <strong>4,5 de quase 7 mil avalia\u00e7\u00f5es<\/strong> e o ZOO Park at\u00e9 <strong>4,5 de mais de 7.700 avalia\u00e7\u00f5es<\/strong>. \ud83d\udca1 Do ponto de vista pr\u00e1tico, por\u00e9m, preciso confirmar uma coisa que as resenhas costumam apontar: a oferta de lanches na pr\u00f3pria \u00e1rea \u00e9 bem fraca e, em alguns pontos do ZOO Park, n\u00e3o d\u00e1 para pagar com cart\u00e3o. Ent\u00e3o, com certeza coloque na mochila um belo lanche pr\u00f3prio e n\u00e3o esque\u00e7a dinheiro em esp\u00e9cie, para n\u00e3o ser pego de surpresa por uma vontade de sorvete.<\/p>\n\n\n\n<h3 class=\"wp-block-heading\"><span class=\"ez-toc-section\" id=\"29_Castelo_Bouzov\"><\/span>29. Castelo Bouzov<span class=\"ez-toc-section-end\"><\/span><\/h3>\n\n\n\n<figure data-wp-context=\"{&quot;imageId&quot;:&quot;6a955d0e7cace&quot;}\" data-wp-interactive=\"core\/image\" data-wp-key=\"6a955d0e7cace\" class=\"wp-block-image size-full wp-lightbox-container\"><img decoding=\"async\" width=\"1800\" height=\"1056\" data-wp-class--hide=\"state.isContentHidden\" data-wp-class--show=\"state.isContentVisible\" data-wp-init=\"callbacks.setButtonStyles\" data-wp-on--click=\"actions.showLightbox\" data-wp-on--load=\"callbacks.setButtonStyles\" data-wp-on--pointerdown=\"actions.preloadImage\" data-wp-on--pointerenter=\"actions.preloadImageWithDelay\" data-wp-on--pointerleave=\"actions.cancelPreload\" data-wp-on-window--resize=\"callbacks.setButtonStyles\" src=\"https:\/\/loudavymkrokem.cz\/wp-content\/uploads\/2026\/08\/olomouc-s-detmi-hrad-bouzov.jpg\" alt=\"Castelo de conto de fadas Bouzov sobre a paisagem perto de Olomouc\" class=\"wp-image-401093\" title=\"\" srcset=\"https:\/\/loudavymkrokem.cz\/wp-content\/uploads\/2026\/08\/olomouc-s-detmi-hrad-bouzov.jpg 1800w, https:\/\/loudavymkrokem.cz\/wp-content\/uploads\/2026\/08\/olomouc-s-detmi-hrad-bouzov-300x176.jpg 300w, https:\/\/loudavymkrokem.cz\/wp-content\/uploads\/2026\/08\/olomouc-s-detmi-hrad-bouzov-700x411.jpg 700w, https:\/\/loudavymkrokem.cz\/wp-content\/uploads\/2026\/08\/olomouc-s-detmi-hrad-bouzov-768x451.jpg 768w, https:\/\/loudavymkrokem.cz\/wp-content\/uploads\/2026\/08\/olomouc-s-detmi-hrad-bouzov-1536x901.jpg 1536w, https:\/\/loudavymkrokem.cz\/wp-content\/uploads\/2026\/08\/olomouc-s-detmi-hrad-bouzov-696x408.jpg 696w, https:\/\/loudavymkrokem.cz\/wp-content\/uploads\/2026\/08\/olomouc-s-detmi-hrad-bouzov-1392x817.jpg 1392w\" sizes=\"(max-width: 1800px) 100vw, 1800px\" \/><button\n\t\t\tclass=\"lightbox-trigger\"\n\t\t\ttype=\"button\"\n\t\t\taria-haspopup=\"dialog\"\n\t\t\tdata-wp-bind--aria-label=\"state.thisImage.triggerButtonAriaLabel\"\n\t\t\tdata-wp-init=\"callbacks.initTriggerButton\"\n\t\t\tdata-wp-on--click=\"actions.showLightbox\"\n\t\t\tdata-wp-style--right=\"state.thisImage.buttonRight\"\n\t\t\tdata-wp-style--top=\"state.thisImage.buttonTop\"\n\t\t>\n\t\t\t<svg xmlns=\"http:\/\/www.w3.org\/2000\/svg\" width=\"12\" height=\"12\" fill=\"none\" viewBox=\"0 0 12 12\">\n\t\t\t\t<path fill=\"#fff\" d=\"M2 0a2 2 0 0 0-2 2v2h1.5V2a.5.5 0 0 1 .5-.5h2V0H2Zm2 10.5H2a.5.5 0 0 1-.5-.5V8H0v2a2 2 0 0 0 2 2h2v-1.5ZM8 12v-1.5h2a.5.5 0 0 0 .5-.5V8H12v2a2 2 0 0 1-2 2H8Zm2-12a2 2 0 0 1 2 2v2h-1.5V2a.5.5 0 0 0-.5-.5H8V0h2Z\" \/>\n\t\t\t<\/svg>\n\t\t<\/button><figcaption class=\"wp-element-caption\">Bouzov parece sa\u00eddo de um conto de fadas. Ali\u00e1s, muitos foram filmados aqui.<\/figcaption><\/figure>\n\n\n\n<p class=\"wp-block-paragraph\">A cerca de 30 quil\u00f4metros de Olomouc fica um castelo que parece recortado direto de um livro infantil ilustrado. N\u00e3o \u00e9 \u00e0 toa que muitos filmes de conto de fadas tchecos foram gravados no fabuloso Bouzov (como o lend\u00e1rio &#8220;A Princesa e o Sapateiro Voador&#8221;). Os visitantes o adoram e lhe deram uma nota incr\u00edvel de <strong>4,8 de quase 12.000 avalia\u00e7\u00f5es<\/strong>.<\/p>\n\n\n\n<p class=\"wp-block-paragraph\">Com crian\u00e7as pequenas, que n\u00e3o curtiriam uma longa explica\u00e7\u00e3o do guia, a \u00f3tima not\u00edcia \u00e9 que ao primeiro p\u00e1tio do castelo voc\u00ea chega totalmente livre, mesmo sem comprar ingresso. Assim, voc\u00ea pode dar uma olhada no castelo, absorver aquela m\u00e1gica atmosfera de cavaleiros, tirar uma foto na ponte levadi\u00e7a e seguir tranquilamente seu caminho.<\/p>\n\n\n\n<h3 class=\"wp-block-heading\"><span class=\"ez-toc-section\" id=\"30_Cavernas_de_Mladec\"><\/span>30. Cavernas de Mlade\u010d<span class=\"ez-toc-section-end\"><\/span><\/h3>\n\n\n\n<figure data-wp-context=\"{&quot;imageId&quot;:&quot;6a955d0e7d210&quot;}\" data-wp-interactive=\"core\/image\" data-wp-key=\"6a955d0e7d210\" class=\"wp-block-image size-full wp-lightbox-container\"><img decoding=\"async\" width=\"1350\" height=\"1800\" data-wp-class--hide=\"state.isContentHidden\" data-wp-class--show=\"state.isContentVisible\" data-wp-init=\"callbacks.setButtonStyles\" data-wp-on--click=\"actions.showLightbox\" data-wp-on--load=\"callbacks.setButtonStyles\" data-wp-on--pointerdown=\"actions.preloadImage\" data-wp-on--pointerenter=\"actions.preloadImageWithDelay\" data-wp-on--pointerleave=\"actions.cancelPreload\" data-wp-on-window--resize=\"callbacks.setButtonStyles\" src=\"https:\/\/loudavymkrokem.cz\/wp-content\/uploads\/2026\/08\/olomouc-s-detmi-mladecske-jeskyne.jpg\" alt=\"Estalactite iluminada nas Cavernas de Mlade\u010d\" class=\"wp-image-401100\" title=\"\" srcset=\"https:\/\/loudavymkrokem.cz\/wp-content\/uploads\/2026\/08\/olomouc-s-detmi-mladecske-jeskyne.jpg 1350w, https:\/\/loudavymkrokem.cz\/wp-content\/uploads\/2026\/08\/olomouc-s-detmi-mladecske-jeskyne-225x300.jpg 225w, https:\/\/loudavymkrokem.cz\/wp-content\/uploads\/2026\/08\/olomouc-s-detmi-mladecske-jeskyne-700x933.jpg 700w, https:\/\/loudavymkrokem.cz\/wp-content\/uploads\/2026\/08\/olomouc-s-detmi-mladecske-jeskyne-768x1024.jpg 768w, https:\/\/loudavymkrokem.cz\/wp-content\/uploads\/2026\/08\/olomouc-s-detmi-mladecske-jeskyne-1152x1536.jpg 1152w, https:\/\/loudavymkrokem.cz\/wp-content\/uploads\/2026\/08\/olomouc-s-detmi-mladecske-jeskyne-696x928.jpg 696w\" sizes=\"(max-width: 1350px) 100vw, 1350px\" \/><button\n\t\t\tclass=\"lightbox-trigger\"\n\t\t\ttype=\"button\"\n\t\t\taria-haspopup=\"dialog\"\n\t\t\tdata-wp-bind--aria-label=\"state.thisImage.triggerButtonAriaLabel\"\n\t\t\tdata-wp-init=\"callbacks.initTriggerButton\"\n\t\t\tdata-wp-on--click=\"actions.showLightbox\"\n\t\t\tdata-wp-style--right=\"state.thisImage.buttonRight\"\n\t\t\tdata-wp-style--top=\"state.thisImage.buttonTop\"\n\t\t>\n\t\t\t<svg xmlns=\"http:\/\/www.w3.org\/2000\/svg\" width=\"12\" height=\"12\" fill=\"none\" viewBox=\"0 0 12 12\">\n\t\t\t\t<path fill=\"#fff\" d=\"M2 0a2 2 0 0 0-2 2v2h1.5V2a.5.5 0 0 1 .5-.5h2V0H2Zm2 10.5H2a.5.5 0 0 1-.5-.5V8H0v2a2 2 0 0 0 2 2h2v-1.5ZM8 12v-1.5h2a.5.5 0 0 0 .5-.5V8H12v2a2 2 0 0 1-2 2H8Zm2-12a2 2 0 0 1 2 2v2h-1.5V2a.5.5 0 0 0-.5-.5H8V0h2Z\" \/>\n\t\t\t<\/svg>\n\t\t<\/button><figcaption class=\"wp-element-caption\">A visita \u00e0s Cavernas de Mlade\u010d dura menos de uma hora e \u00e9 tranquila at\u00e9 para crian\u00e7as menores<\/figcaption><\/figure>\n\n\n\n<p class=\"wp-block-paragraph\">Se voc\u00ea procura uma aventura subterr\u00e2nea mais curta, a cerca de 25 quil\u00f4metros dali, na vila de Mlade\u010d, ficam lindas cavernas c\u00e1rsticas com nota <strong>4,7<\/strong>. Elas s\u00e3o conhecidas, entre outras coisas, pelos achados arqueol\u00f3gicos de ossos de humanos pr\u00e9-hist\u00f3ricos.<\/p>\n\n\n\n<p class=\"wp-block-paragraph\">Mas por que s\u00e3o \u00f3timas para fam\u00edlias? Porque o pr\u00f3prio percurso de visita dura menos de uma horinha, n\u00e3o \u00e9 fisicamente muito exigente e, segundo a experi\u00eancia de muitos visitantes, \u00e9 <strong>bem adequado at\u00e9 para crian\u00e7as pequenas<\/strong>, que talvez n\u00e3o suportassem bem uma perman\u00eancia mais longa no subsolo frio.<\/p>\n\n\n\n<h3 class=\"wp-block-heading\"><span class=\"ez-toc-section\" id=\"31_Cavernas_de_Javoricko\"><\/span>31. Cavernas de Javo\u0159\u00ed\u010dko<span class=\"ez-toc-section-end\"><\/span><\/h3>\n\n\n\n<figure data-wp-context=\"{&quot;imageId&quot;:&quot;6a955d0e7da3a&quot;}\" data-wp-interactive=\"core\/image\" data-wp-key=\"6a955d0e7da3a\" class=\"wp-block-image size-full wp-lightbox-container\"><img decoding=\"async\" width=\"1350\" height=\"1800\" data-wp-class--hide=\"state.isContentHidden\" data-wp-class--show=\"state.isContentVisible\" data-wp-init=\"callbacks.setButtonStyles\" data-wp-on--click=\"actions.showLightbox\" data-wp-on--load=\"callbacks.setButtonStyles\" data-wp-on--pointerdown=\"actions.preloadImage\" data-wp-on--pointerenter=\"actions.preloadImageWithDelay\" data-wp-on--pointerleave=\"actions.cancelPreload\" data-wp-on-window--resize=\"callbacks.setButtonStyles\" src=\"https:\/\/loudavymkrokem.cz\/wp-content\/uploads\/2026\/08\/olomouc-s-detmi-javoricske-jeskyne.jpg\" alt=\"Forma\u00e7\u00f5es de estalactites nas Cavernas de Javo\u0159\u00ed\u010dko\" class=\"wp-image-401096\" title=\"\" srcset=\"https:\/\/loudavymkrokem.cz\/wp-content\/uploads\/2026\/08\/olomouc-s-detmi-javoricske-jeskyne.jpg 1350w, https:\/\/loudavymkrokem.cz\/wp-content\/uploads\/2026\/08\/olomouc-s-detmi-javoricske-jeskyne-225x300.jpg 225w, https:\/\/loudavymkrokem.cz\/wp-content\/uploads\/2026\/08\/olomouc-s-detmi-javoricske-jeskyne-700x933.jpg 700w, https:\/\/loudavymkrokem.cz\/wp-content\/uploads\/2026\/08\/olomouc-s-detmi-javoricske-jeskyne-768x1024.jpg 768w, https:\/\/loudavymkrokem.cz\/wp-content\/uploads\/2026\/08\/olomouc-s-detmi-javoricske-jeskyne-1152x1536.jpg 1152w, https:\/\/loudavymkrokem.cz\/wp-content\/uploads\/2026\/08\/olomouc-s-detmi-javoricske-jeskyne-696x928.jpg 696w\" sizes=\"(max-width: 1350px) 100vw, 1350px\" \/><button\n\t\t\tclass=\"lightbox-trigger\"\n\t\t\ttype=\"button\"\n\t\t\taria-haspopup=\"dialog\"\n\t\t\tdata-wp-bind--aria-label=\"state.thisImage.triggerButtonAriaLabel\"\n\t\t\tdata-wp-init=\"callbacks.initTriggerButton\"\n\t\t\tdata-wp-on--click=\"actions.showLightbox\"\n\t\t\tdata-wp-style--right=\"state.thisImage.buttonRight\"\n\t\t\tdata-wp-style--top=\"state.thisImage.buttonTop\"\n\t\t>\n\t\t\t<svg xmlns=\"http:\/\/www.w3.org\/2000\/svg\" width=\"12\" height=\"12\" fill=\"none\" viewBox=\"0 0 12 12\">\n\t\t\t\t<path fill=\"#fff\" d=\"M2 0a2 2 0 0 0-2 2v2h1.5V2a.5.5 0 0 1 .5-.5h2V0H2Zm2 10.5H2a.5.5 0 0 1-.5-.5V8H0v2a2 2 0 0 0 2 2h2v-1.5ZM8 12v-1.5h2a.5.5 0 0 0 .5-.5V8H12v2a2 2 0 0 1-2 2H8Zm2-12a2 2 0 0 1 2 2v2h-1.5V2a.5.5 0 0 0-.5-.5H8V0h2Z\" \/>\n\t\t\t<\/svg>\n\t\t<\/button><figcaption class=\"wp-element-caption\">As Cavernas de Javo\u0159\u00ed\u010dko t\u00eam forma\u00e7\u00f5es de estalactites lindas, mas tamb\u00e9m 250 degraus<\/figcaption><\/figure>\n\n\n\n<p class=\"wp-block-paragraph\">Um pouco mais longe, a cerca de 35 quil\u00f4metros da cidade, esconde-se outra joia subterr\u00e2nea ainda maior, as Cavernas de Javo\u0159\u00ed\u010dko, com forma\u00e7\u00f5es de estalactites de tirar o f\u00f4lego (\u00f3tima nota de <strong>4,8 de quase 3 mil avalia\u00e7\u00f5es<\/strong>). A visita a esse lugar \u00e9 uma experi\u00eancia enorme, mas aviso com sinceridade que \u00e9 um passeio mais indicado para crian\u00e7as maiores e fisicamente mais aptas.<\/p>\n\n\n\n<p class=\"wp-block-paragraph\">Se voc\u00ea fizer o percurso completo de quase 800 metros, vai passar mais de uma hora na caverna, em alguns pontos vai ter que se espremer por corredores bem estreitos e, principalmente, durante a visita vai precisar vencer cerca de <strong>250 degraus<\/strong>. Com um beb\u00ea no colo, seria realmente um mart\u00edrio.<\/p>\n\n\n\n<h3 class=\"wp-block-heading\"><span class=\"ez-toc-section\" id=\"32_Museu_dos_Queijos_Tvaruzky_de_Olomouc_em_Lostice\"><\/span>32. Museu dos Queijos Tvar\u016f\u017eky de Olomouc, em Lo\u0161tice<span class=\"ez-toc-section-end\"><\/span><\/h3>\n\n\n\n<figure data-wp-context=\"{&quot;imageId&quot;:&quot;6a955d0e7e17e&quot;}\" data-wp-interactive=\"core\/image\" data-wp-key=\"6a955d0e7e17e\" class=\"wp-block-image size-full wp-lightbox-container\"><img decoding=\"async\" width=\"1800\" height=\"1246\" data-wp-class--hide=\"state.isContentHidden\" data-wp-class--show=\"state.isContentVisible\" data-wp-init=\"callbacks.setButtonStyles\" data-wp-on--click=\"actions.showLightbox\" data-wp-on--load=\"callbacks.setButtonStyles\" data-wp-on--pointerdown=\"actions.preloadImage\" data-wp-on--pointerenter=\"actions.preloadImageWithDelay\" data-wp-on--pointerleave=\"actions.cancelPreload\" data-wp-on-window--resize=\"callbacks.setButtonStyles\" src=\"https:\/\/loudavymkrokem.cz\/wp-content\/uploads\/2026\/08\/olomouc-s-detmi-muzeum-tvaruzku.jpg\" alt=\"Exposi\u00e7\u00e3o no Museu dos Queijos Tvar\u016f\u017eky de Olomouc, em Lo\u0161tice\" class=\"wp-image-401116\" title=\"\" srcset=\"https:\/\/loudavymkrokem.cz\/wp-content\/uploads\/2026\/08\/olomouc-s-detmi-muzeum-tvaruzku.jpg 1800w, https:\/\/loudavymkrokem.cz\/wp-content\/uploads\/2026\/08\/olomouc-s-detmi-muzeum-tvaruzku-300x208.jpg 300w, https:\/\/loudavymkrokem.cz\/wp-content\/uploads\/2026\/08\/olomouc-s-detmi-muzeum-tvaruzku-700x485.jpg 700w, https:\/\/loudavymkrokem.cz\/wp-content\/uploads\/2026\/08\/olomouc-s-detmi-muzeum-tvaruzku-768x532.jpg 768w, https:\/\/loudavymkrokem.cz\/wp-content\/uploads\/2026\/08\/olomouc-s-detmi-muzeum-tvaruzku-1536x1063.jpg 1536w, https:\/\/loudavymkrokem.cz\/wp-content\/uploads\/2026\/08\/olomouc-s-detmi-muzeum-tvaruzku-696x482.jpg 696w, https:\/\/loudavymkrokem.cz\/wp-content\/uploads\/2026\/08\/olomouc-s-detmi-muzeum-tvaruzku-1392x964.jpg 1392w\" sizes=\"(max-width: 1800px) 100vw, 1800px\" \/><button\n\t\t\tclass=\"lightbox-trigger\"\n\t\t\ttype=\"button\"\n\t\t\taria-haspopup=\"dialog\"\n\t\t\tdata-wp-bind--aria-label=\"state.thisImage.triggerButtonAriaLabel\"\n\t\t\tdata-wp-init=\"callbacks.initTriggerButton\"\n\t\t\tdata-wp-on--click=\"actions.showLightbox\"\n\t\t\tdata-wp-style--right=\"state.thisImage.buttonRight\"\n\t\t\tdata-wp-style--top=\"state.thisImage.buttonTop\"\n\t\t>\n\t\t\t<svg xmlns=\"http:\/\/www.w3.org\/2000\/svg\" width=\"12\" height=\"12\" fill=\"none\" viewBox=\"0 0 12 12\">\n\t\t\t\t<path fill=\"#fff\" d=\"M2 0a2 2 0 0 0-2 2v2h1.5V2a.5.5 0 0 1 .5-.5h2V0H2Zm2 10.5H2a.5.5 0 0 1-.5-.5V8H0v2a2 2 0 0 0 2 2h2v-1.5ZM8 12v-1.5h2a.5.5 0 0 0 .5-.5V8H12v2a2 2 0 0 1-2 2H8Zm2-12a2 2 0 0 1 2 2v2h-1.5V2a.5.5 0 0 0-.5-.5H8V0h2Z\" \/>\n\t\t\t<\/svg>\n\t\t<\/button><figcaption class=\"wp-element-caption\">Em Lo\u0161tice voc\u00ea v\u00ea como os queijos tvar\u016f\u017eky s\u00e3o feitos h\u00e1 mais de 400 anos<\/figcaption><\/figure>\n\n\n\n<p class=\"wp-block-paragraph\">Os queijos tvar\u016f\u017eky fazem parte dessa regi\u00e3o, e, se voc\u00ea quiser ver como esse tesouro perfumado (ou, para alguns, mais fedorento) \u00e9 feito, v\u00e1 cerca de 35 quil\u00f4metros at\u00e9 Lo\u0161tice, na rua Palack\u00e9ho n\u00famero 56. O museu local (nota <strong>4,8<\/strong>) \u00e9 dedicado ao \u00fanico queijo tcheco original, produzido aqui ininterruptamente h\u00e1 respeit\u00e1veis 400 anos.<\/p>\n\n\n\n<p class=\"wp-block-paragraph\">Mesmo que soe como um t\u00e9dio para adultos, as crian\u00e7as geralmente adoram essa visita, principalmente por causa daquele cheiro espec\u00edfico e onipresente de matura\u00e7\u00e3o, sobre o qual elas podem se cutucar e rir. \ud83d\ude05 O queijo, claro, do ponto de vista dos ingredientes \u00e9 totalmente vegetariano, ent\u00e3o, depois da visita, voc\u00ea pode comprar sem culpa para levar para casa.<\/p>\n\n\n\n<h3 class=\"wp-block-heading\"><span class=\"ez-toc-section\" id=\"33_Museu_Infantil_do_Praded_em_Bludov\"><\/span>33. Museu Infantil do Prad\u011bd, em Bludov<span class=\"ez-toc-section-end\"><\/span><\/h3>\n\n\n\n<figure data-wp-context=\"{&quot;imageId&quot;:&quot;6a955d0e7e78b&quot;}\" data-wp-interactive=\"core\/image\" data-wp-key=\"6a955d0e7e78b\" class=\"wp-block-image size-full wp-lightbox-container\"><img decoding=\"async\" width=\"800\" height=\"533\" data-wp-class--hide=\"state.isContentHidden\" data-wp-class--show=\"state.isContentVisible\" data-wp-init=\"callbacks.setButtonStyles\" data-wp-on--click=\"actions.showLightbox\" data-wp-on--load=\"callbacks.setButtonStyles\" data-wp-on--pointerdown=\"actions.preloadImage\" data-wp-on--pointerenter=\"actions.preloadImageWithDelay\" data-wp-on--pointerleave=\"actions.cancelPreload\" data-wp-on-window--resize=\"callbacks.setButtonStyles\" src=\"https:\/\/loudavymkrokem.cz\/wp-content\/uploads\/2026\/08\/olomouc-s-detmi-pradedovo-muzeum.jpg\" alt=\"Casinha de madeira no Museu Infantil do Prad\u011bd, em Bludov\" class=\"wp-image-403605\" title=\"\" srcset=\"https:\/\/loudavymkrokem.cz\/wp-content\/uploads\/2026\/08\/olomouc-s-detmi-pradedovo-muzeum.jpg 800w, https:\/\/loudavymkrokem.cz\/wp-content\/uploads\/2026\/08\/olomouc-s-detmi-pradedovo-muzeum-300x200.jpg 300w, https:\/\/loudavymkrokem.cz\/wp-content\/uploads\/2026\/08\/olomouc-s-detmi-pradedovo-muzeum-700x466.jpg 700w, https:\/\/loudavymkrokem.cz\/wp-content\/uploads\/2026\/08\/olomouc-s-detmi-pradedovo-muzeum-768x512.jpg 768w, https:\/\/loudavymkrokem.cz\/wp-content\/uploads\/2026\/08\/olomouc-s-detmi-pradedovo-muzeum-696x464.jpg 696w\" sizes=\"(max-width: 800px) 100vw, 800px\" \/><button\n\t\t\tclass=\"lightbox-trigger\"\n\t\t\ttype=\"button\"\n\t\t\taria-haspopup=\"dialog\"\n\t\t\tdata-wp-bind--aria-label=\"state.thisImage.triggerButtonAriaLabel\"\n\t\t\tdata-wp-init=\"callbacks.initTriggerButton\"\n\t\t\tdata-wp-on--click=\"actions.showLightbox\"\n\t\t\tdata-wp-style--right=\"state.thisImage.buttonRight\"\n\t\t\tdata-wp-style--top=\"state.thisImage.buttonTop\"\n\t\t>\n\t\t\t<svg xmlns=\"http:\/\/www.w3.org\/2000\/svg\" width=\"12\" height=\"12\" fill=\"none\" viewBox=\"0 0 12 12\">\n\t\t\t\t<path fill=\"#fff\" d=\"M2 0a2 2 0 0 0-2 2v2h1.5V2a.5.5 0 0 1 .5-.5h2V0H2Zm2 10.5H2a.5.5 0 0 1-.5-.5V8H0v2a2 2 0 0 0 2 2h2v-1.5ZM8 12v-1.5h2a.5.5 0 0 0 .5-.5V8H12v2a2 2 0 0 1-2 2H8Zm2-12a2 2 0 0 1 2 2v2h-1.5V2a.5.5 0 0 0-.5-.5H8V0h2Z\" \/>\n\t\t\t<\/svg>\n\t\t<\/button><figcaption class=\"wp-element-caption\">O Museu do Prad\u011bd \u00e9 feito para que as crian\u00e7as possam brincar com tudo | Foto: Prad\u011bdovo d\u011btsk\u00e9 muzeum<\/figcaption><\/figure>\n\n\n\n<p class=\"wp-block-paragraph\">Se voc\u00ea fizer um passeio um pouco mais longo, de cerca de 45 quil\u00f4metros ao norte, at\u00e9 Bludov, vai encontrar um para\u00edso criado puramente para os menores. O Museu Infantil do Prad\u011bd mant\u00e9m uma \u00f3tima nota de <strong>4,7 de quase mil avalia\u00e7\u00f5es<\/strong> e \u00e9 um lugar em que se pensou mesmo em cada capricho infantil.<\/p>\n\n\n\n<p class=\"wp-block-paragraph\">Toda a exposi\u00e7\u00e3o e a \u00e1rea externa anexa s\u00e3o feitas para que as crian\u00e7as possam brincar com tudo, descobrir a natureza das montanhas Jesen\u00edky de forma l\u00fadica, correr e curtir a liberdade sem aquele constante &#8220;n\u00e3o pode tocar nas coisas do museu&#8221;.<\/p>\n\n\n\n<h3 class=\"wp-block-heading\"><span class=\"ez-toc-section\" id=\"34_Fort_Radikov\"><\/span>34. Fort Rad\u00edkov<span class=\"ez-toc-section-end\"><\/span><\/h3>\n\n\n\n<figure data-wp-context=\"{&quot;imageId&quot;:&quot;6a955d0e7ed66&quot;}\" data-wp-interactive=\"core\/image\" data-wp-key=\"6a955d0e7ed66\" class=\"wp-block-image size-full wp-lightbox-container\"><img decoding=\"async\" width=\"1800\" height=\"1350\" data-wp-class--hide=\"state.isContentHidden\" data-wp-class--show=\"state.isContentVisible\" data-wp-init=\"callbacks.setButtonStyles\" data-wp-on--click=\"actions.showLightbox\" data-wp-on--load=\"callbacks.setButtonStyles\" data-wp-on--pointerdown=\"actions.preloadImage\" data-wp-on--pointerenter=\"actions.preloadImageWithDelay\" data-wp-on--pointerleave=\"actions.cancelPreload\" data-wp-on-window--resize=\"callbacks.setButtonStyles\" src=\"https:\/\/loudavymkrokem.cz\/wp-content\/uploads\/2026\/08\/olomouc-s-detmi-fort-radikov.jpg\" alt=\"Entrada do Fort Rad\u00edkov na periferia de Olomouc\" class=\"wp-image-401112\" title=\"\" srcset=\"https:\/\/loudavymkrokem.cz\/wp-content\/uploads\/2026\/08\/olomouc-s-detmi-fort-radikov.jpg 1800w, https:\/\/loudavymkrokem.cz\/wp-content\/uploads\/2026\/08\/olomouc-s-detmi-fort-radikov-300x225.jpg 300w, https:\/\/loudavymkrokem.cz\/wp-content\/uploads\/2026\/08\/olomouc-s-detmi-fort-radikov-700x525.jpg 700w, https:\/\/loudavymkrokem.cz\/wp-content\/uploads\/2026\/08\/olomouc-s-detmi-fort-radikov-768x576.jpg 768w, https:\/\/loudavymkrokem.cz\/wp-content\/uploads\/2026\/08\/olomouc-s-detmi-fort-radikov-1536x1152.jpg 1536w, https:\/\/loudavymkrokem.cz\/wp-content\/uploads\/2026\/08\/olomouc-s-detmi-fort-radikov-80x60.jpg 80w, https:\/\/loudavymkrokem.cz\/wp-content\/uploads\/2026\/08\/olomouc-s-detmi-fort-radikov-160x120.jpg 160w, https:\/\/loudavymkrokem.cz\/wp-content\/uploads\/2026\/08\/olomouc-s-detmi-fort-radikov-696x522.jpg 696w, https:\/\/loudavymkrokem.cz\/wp-content\/uploads\/2026\/08\/olomouc-s-detmi-fort-radikov-1392x1044.jpg 1392w\" sizes=\"(max-width: 1800px) 100vw, 1800px\" \/><button\n\t\t\tclass=\"lightbox-trigger\"\n\t\t\ttype=\"button\"\n\t\t\taria-haspopup=\"dialog\"\n\t\t\tdata-wp-bind--aria-label=\"state.thisImage.triggerButtonAriaLabel\"\n\t\t\tdata-wp-init=\"callbacks.initTriggerButton\"\n\t\t\tdata-wp-on--click=\"actions.showLightbox\"\n\t\t\tdata-wp-style--right=\"state.thisImage.buttonRight\"\n\t\t\tdata-wp-style--top=\"state.thisImage.buttonTop\"\n\t\t>\n\t\t\t<svg xmlns=\"http:\/\/www.w3.org\/2000\/svg\" width=\"12\" height=\"12\" fill=\"none\" viewBox=\"0 0 12 12\">\n\t\t\t\t<path fill=\"#fff\" d=\"M2 0a2 2 0 0 0-2 2v2h1.5V2a.5.5 0 0 1 .5-.5h2V0H2Zm2 10.5H2a.5.5 0 0 1-.5-.5V8H0v2a2 2 0 0 0 2 2h2v-1.5ZM8 12v-1.5h2a.5.5 0 0 0 .5-.5V8H12v2a2 2 0 0 1-2 2H8Zm2-12a2 2 0 0 1 2 2v2h-1.5V2a.5.5 0 0 0-.5-.5H8V0h2Z\" \/>\n\t\t\t<\/svg>\n\t\t<\/button><figcaption class=\"wp-element-caption\">O Fort Rad\u00edkov, na periferia da cidade, com uma bela caminhada pela floresta ao redor<\/figcaption><\/figure>\n\n\n\n<p class=\"wp-block-paragraph\">E a \u00faltima dica te leva de volta \u00e0 pr\u00f3pria periferia de Olomouc. Se a fortaleza Korunn\u00ed pevn\u016fstka do centro te interessou, com certeza d\u00ea uma passada tamb\u00e9m no Fort Rad\u00edkov (nota 4,3), uma das outras fortifica\u00e7\u00f5es preservadas que um dia formavam o engenhoso anel de defesa ao redor da cidade.<\/p>\n\n\n\n<p class=\"wp-block-paragraph\">Al\u00e9m da pr\u00f3pria constru\u00e7\u00e3o militar interessante, o grande atrativo aqui \u00e9 a bela natureza. Ao redor da fortifica\u00e7\u00e3o passa uma caminhada muito bonita e f\u00e1cil pela floresta, onde voc\u00ea pode juntar pinhas, montar uma casinha para duendes e curtir um momento de paz longe da agita\u00e7\u00e3o da cidade.<\/p>\n\n\n\n<h2 class=\"wp-block-heading\"><span class=\"ez-toc-section\" id=\"Onde_comer_com_criancas\"><\/span>Onde comer com crian\u00e7as<span class=\"ez-toc-section-end\"><\/span><\/h2>\n\n\n\n<p class=\"wp-block-paragraph\">Como vegetarianos com um beb\u00ea, temos exig\u00eancias bem espec\u00edficas em rela\u00e7\u00e3o a restaurantes, e em Olomouc n\u00e3o tivemos o menor problema com isso. Como fam\u00edlia que n\u00e3o come carne, tenho para voc\u00ea dicas de lugares que os comensais locais, e especialmente os vegetarianos, elogiam nas resenhas at\u00e9 as alturas. E, com pizza, voc\u00ea nunca erra com crian\u00e7as.<\/p>\n\n\n\n<ul class=\"wp-block-list\">\n\n<li><strong>Koza z\u016fstala cel\u00e1<\/strong> (Ml\u00fdnsk\u00e1 952): Um restaurante vegetariano absolutamente fant\u00e1stico e famoso, que mant\u00e9m uma nota de topo de <strong>4,8 de 517 avalia\u00e7\u00f5es<\/strong>. Os clientes elogiam a enorme criatividade no prato, e, no ver\u00e3o, voc\u00ea ainda pode sentar num lindo e tranquilo terra\u00e7o, onde as crian\u00e7as n\u00e3o v\u00e3o atrapalhar ningu\u00e9m.<\/li>\n\n\n\n<li><strong>Bistro ROZMAR\u00ddNY<\/strong> (Masarykova t\u0159. 61): Outro estabelecimento puramente vegetariano (nota <strong>4,8 de 184<\/strong>), que funciona como bistr\u00f4. \u00c9 a escolha ideal quando voc\u00ea precisa fazer as crian\u00e7as comerem um almo\u00e7o r\u00e1pido, mas nutricionalmente equilibrado e saud\u00e1vel, cheio de legumes e leguminosas.<\/li>\n\n\n\n<li><strong>GREEN BAR<\/strong> (Ztracen\u00e1 3): Se a fome bater no meio das andan\u00e7as matinais pelo centro, este lugar te salva (nota 4,6 de 379). Abrem j\u00e1 \u00e0s 10h e oferecem comida vegetariana excelente e, principalmente, r\u00e1pida, no formato buf\u00ea, ent\u00e3o voc\u00ea v\u00ea exatamente o que coloca no prato.<\/li>\n\n\n\n<li><strong>Kathmandu<\/strong> (Doln\u00ed n\u00e1m. 25): Gosta de um toque de exotismo? Este restaurante nepal\u00eas \u00e9 um enorme sucesso em Olomouc (fant\u00e1stica <strong>4,7 de 1.789 avalia\u00e7\u00f5es<\/strong>). Os pais mencionam com frequ\u00eancia a equipe extremamente atenciosa, que ajuda com muito gosto e paci\u00eancia na escolha das melhores op\u00e7\u00f5es vegetarianas, para que n\u00e3o sejam apimentadas e agradem tamb\u00e9m aos pequenos comensais.<\/li>\n\n\n\n<li><strong>Pizza Hradlo<\/strong> (Mr\u0161t\u00edkovo n\u00e1m. 6): A nota de 4,7 de mais de mil avalia\u00e7\u00f5es fala por si. Com crian\u00e7as, pizza \u00e9 sempre uma aposta certeira, e, quando voc\u00ea pede uma cl\u00e1ssica Margherita, todo mundo se delicia.<\/li>\n\n\n\n<li><strong>Buon Gusto<\/strong> (Velkomoravsk\u00e1 8) e <strong>La Scala<\/strong> (Masarykova t\u0159. 15): Mais duas pizzarias incr\u00edveis com notas excelentes (4,9 e 4,7). Oferecem muitas \u00f3timas massas e pizzas sem carne, que cheiram \u00e0 verdadeira It\u00e1lia.<\/li>\n\n\n\n<li><strong>Zmrzlin\u00e1rium Caf\u00e9 Centro<\/strong> (Na St\u0159elnici 37): Nenhum passeio em fam\u00edlia fica completo sem um docinho para fechar. Este lugar tem nota 4,7 de quase 1.700 avalia\u00e7\u00f5es e, segundo os moradores, fazem as melhores sobremesas e sorvetes da regi\u00e3o.<\/li>\n\n\n\n<li><strong>Queijos tvar\u016f\u017eky de Olomouc<\/strong>: Para encerrar, n\u00e3o posso esquecer do orgulho local. O \u00fanico queijo tcheco original com indica\u00e7\u00e3o protegida da UE \u00e9, claro, sem carne, ent\u00e3o voc\u00ea pode provar tranquilamente. Bem no centro h\u00e1 uma loja especializada. Se, frios, forem muito arom\u00e1ticos para voc\u00ea, experimente-os em algum barzinho fritos ou derretidos numa sopa quente de alho \u2014 dizem que assim t\u00eam sabor bem mais suave.<\/li>\n\n\n<\/ul>\n\n\n\n<h2 class=\"wp-block-heading\"><span class=\"ez-toc-section\" id=\"Informacoes_praticas\"><\/span>Informa\u00e7\u00f5es pr\u00e1ticas<span class=\"ez-toc-section-end\"><\/span><\/h2>\n\n\n\n<figure data-wp-context=\"{&quot;imageId&quot;:&quot;6a955d0e7fce2&quot;}\" data-wp-interactive=\"core\/image\" data-wp-key=\"6a955d0e7fce2\" class=\"wp-block-image size-full wp-lightbox-container\"><img decoding=\"async\" width=\"2200\" height=\"1467\" data-wp-class--hide=\"state.isContentHidden\" data-wp-class--show=\"state.isContentVisible\" data-wp-init=\"callbacks.setButtonStyles\" data-wp-on--click=\"actions.showLightbox\" data-wp-on--load=\"callbacks.setButtonStyles\" data-wp-on--pointerdown=\"actions.preloadImage\" data-wp-on--pointerenter=\"actions.preloadImageWithDelay\" data-wp-on--pointerleave=\"actions.cancelPreload\" data-wp-on-window--resize=\"callbacks.setButtonStyles\" src=\"https:\/\/loudavymkrokem.cz\/wp-content\/uploads\/2026\/08\/olomouc-s-detmi-ulice-tramvaj.jpg\" alt=\"Rua de Olomouc com trilhos de bonde no centro da cidade\" class=\"wp-image-401032\" title=\"\" srcset=\"https:\/\/loudavymkrokem.cz\/wp-content\/uploads\/2026\/08\/olomouc-s-detmi-ulice-tramvaj.jpg 2200w, https:\/\/loudavymkrokem.cz\/wp-content\/uploads\/2026\/08\/olomouc-s-detmi-ulice-tramvaj-300x200.jpg 300w, https:\/\/loudavymkrokem.cz\/wp-content\/uploads\/2026\/08\/olomouc-s-detmi-ulice-tramvaj-700x467.jpg 700w, https:\/\/loudavymkrokem.cz\/wp-content\/uploads\/2026\/08\/olomouc-s-detmi-ulice-tramvaj-768x512.jpg 768w, https:\/\/loudavymkrokem.cz\/wp-content\/uploads\/2026\/08\/olomouc-s-detmi-ulice-tramvaj-1536x1024.jpg 1536w, https:\/\/loudavymkrokem.cz\/wp-content\/uploads\/2026\/08\/olomouc-s-detmi-ulice-tramvaj-2048x1366.jpg 2048w, https:\/\/loudavymkrokem.cz\/wp-content\/uploads\/2026\/08\/olomouc-s-detmi-ulice-tramvaj-696x464.jpg 696w, https:\/\/loudavymkrokem.cz\/wp-content\/uploads\/2026\/08\/olomouc-s-detmi-ulice-tramvaj-1392x928.jpg 1392w, https:\/\/loudavymkrokem.cz\/wp-content\/uploads\/2026\/08\/olomouc-s-detmi-ulice-tramvaj-1920x1280.jpg 1920w\" sizes=\"(max-width: 2200px) 100vw, 2200px\" \/><button\n\t\t\tclass=\"lightbox-trigger\"\n\t\t\ttype=\"button\"\n\t\t\taria-haspopup=\"dialog\"\n\t\t\tdata-wp-bind--aria-label=\"state.thisImage.triggerButtonAriaLabel\"\n\t\t\tdata-wp-init=\"callbacks.initTriggerButton\"\n\t\t\tdata-wp-on--click=\"actions.showLightbox\"\n\t\t\tdata-wp-style--right=\"state.thisImage.buttonRight\"\n\t\t\tdata-wp-style--top=\"state.thisImage.buttonTop\"\n\t\t>\n\t\t\t<svg xmlns=\"http:\/\/www.w3.org\/2000\/svg\" width=\"12\" height=\"12\" fill=\"none\" viewBox=\"0 0 12 12\">\n\t\t\t\t<path fill=\"#fff\" d=\"M2 0a2 2 0 0 0-2 2v2h1.5V2a.5.5 0 0 1 .5-.5h2V0H2Zm2 10.5H2a.5.5 0 0 1-.5-.5V8H0v2a2 2 0 0 0 2 2h2v-1.5ZM8 12v-1.5h2a.5.5 0 0 0 .5-.5V8H12v2a2 2 0 0 1-2 2H8Zm2-12a2 2 0 0 1 2 2v2h-1.5V2a.5.5 0 0 0-.5-.5H8V0h2Z\" \/>\n\t\t\t<\/svg>\n\t\t<\/button><figcaption class=\"wp-element-caption\">O centro \u00e9 zona de pedestres, ent\u00e3o d\u00e1 para andar bem com carrinho de beb\u00ea<\/figcaption><\/figure>\n\n\n\n<p class=\"wp-block-paragraph\">Antes de partir, \u00e9 bom conhecer alguns detalhes pr\u00e1ticos que v\u00e3o te poupar muitos nervos e dinheiro logo na chegada. Olomouc \u00e9 muito bem acess\u00edvel, especialmente se voc\u00ea decidir deixar o carro de lado e escolher o trem. Do Brasil, os voos costumam ser operados pela LATAM, TAP ou GOL de S\u00e3o Paulo com conex\u00e3o europeia; j\u00e1 dentro da Rep\u00fablica Tcheca, de Praga voc\u00ea chega aqui num confort\u00e1vel trem expresso em cerca de <strong>2 horas e 15 minutos<\/strong>, e de Brno a viagem leva apenas <strong>1,5 hora<\/strong>. Viajar de trem com crian\u00e7as \u00e9, por sinal, bem mais tranquilo do que se estressar em engarrafamentos na rodovia.<\/p>\n\n\n\n<p class=\"wp-block-paragraph\">Quanto \u00e0 locomo\u00e7\u00e3o pela cidade, o centro hist\u00f3rico funciona como uma grande zona de pedestres e \u00e9 bem compacto, ent\u00e3o d\u00e1 para percorrer tudo a p\u00e9 sem problema. Com carrinho de beb\u00ea d\u00e1 para andar razoavelmente bem e com conforto; voc\u00ea s\u00f3 precisa ter um pouco de cuidado com os paralelep\u00edpedos irregulares que cobrem a pra\u00e7a principal \u2014 o que, ali\u00e1s, pode servir como um \u00f3timo m\u00e9todo de fazer os bebezinhos pegarem no sono. \u263a\ufe0f<\/p>\n\n\n\n<p class=\"wp-block-paragraph\">Se, mesmo assim, voc\u00ea viajar de carro, prepare-se: estacionar direto no n\u00facleo hist\u00f3rico \u00e9 muito caro e h\u00e1 uma escassez desesperadora de vagas. Vale bem mais a pena procurar algum dos edif\u00edcios-garagem cobertos na borda do centro ou, melhor ainda, reservar um hotel que ofere\u00e7a estacionamento pr\u00f3prio para h\u00f3spedes. Para os lugares mais distantes funciona muito bem o confi\u00e1vel transporte p\u00fablico local, formado por uma rede de bondes e \u00f4nibus, sendo que ao popular Svat\u00fd Kope\u010dek te leva com seguran\u00e7a o j\u00e1 mencionado <strong>\u00f4nibus n\u00ba 11<\/strong>, que sai da esta\u00e7\u00e3o central.<\/p>\n\n\n\n<h2 class=\"wp-block-heading\"><span class=\"ez-toc-section\" id=\"Para_onde_ir_depois\"><\/span>Para onde ir depois<span class=\"ez-toc-section-end\"><\/span><\/h2>\n\n\n\n<p class=\"wp-block-paragraph\">Est\u00e1 indo para a Mor\u00e1via ou procurando mais dicas de passeios com crian\u00e7as? D\u00ea uma olhada nos nossos outros artigos:<\/p>\n\n\n\n<ul class=\"wp-block-list\">\n\n<li><a href=\"https:\/\/loudavymkrokem.cz\/pt-br\/o-que-ver-olomouc\/\">O que ver em Olomouc<\/a>: 14 dicas de pontos que valem a pena at\u00e9 sem crian\u00e7as.<\/li>\n\n\n\n<li><a href=\"https:\/\/loudavymkrokem.cz\/pt-br\/orea-hotel-arigone-olomouc\/\">Resenha do OREA Hotel Arigone<\/a>: hotel no centro com hidromassagem e sauna no pr\u00f3prio quarto.<\/li>\n\n\n\n<li><a href=\"https:\/\/loudavymkrokem.cz\/pt-br\/melhores-parques-aquaticos-tchequia\/\">Melhores parques aqu\u00e1ticos da Rep\u00fablica Tcheca<\/a>: 13 dicas de onde ir com crian\u00e7as em busca de \u00e1gua.<\/li>\n\n\n\n<li><a href=\"https:\/\/loudavymkrokem.cz\/pt-br\/moravia-republica-tcheca-ferias\/\">Aonde ir de f\u00e9rias na Mor\u00e1via Central<\/a>: 15 dicas pelas regi\u00f5es de Han\u00e1 e Vala\u0161sko.<\/li>\n\n\n\n<li><a href=\"https:\/\/loudavymkrokem.cz\/pisek-s-detmi\/\">P\u00edsek com crian\u00e7as<\/a>: outra cidade tcheca compacta onde as crian\u00e7as n\u00e3o se entediam.<\/li>\n\n\n<\/ul>\n\n\n\n<h2 class=\"wp-block-heading\"><span class=\"ez-toc-section\" id=\"Perguntas_frequentes\"><\/span>Perguntas frequentes<span class=\"ez-toc-section-end\"><\/span><\/h2>\n\n\n\n<p class=\"wp-block-paragraph\">Para encerrar, reuni as perguntas que os pais mais fazem antes da viagem a Olomouc. <strong>Os pre\u00e7os e hor\u00e1rios de funcionamento mudam, ent\u00e3o confira novamente antes do passeio.<\/strong><\/p>\n\n\n<div id=\"rank-math-faq\" class=\"rank-math-block\">\n<div class=\"rank-math-list \">\n<div id=\"faq-question-1787773774000\" class=\"rank-math-list-item\">\n<h3 class=\"rank-math-question \"><span class=\"ez-toc-section\" id=\"Para_onde_ir_em_Olomouc_com_criancas_quando_esta_chovendo\"><\/span>Para onde ir em Olomouc com crian\u00e7as quando est\u00e1 chovendo?<span class=\"ez-toc-section-end\"><\/span><\/h3>\n<div class=\"rank-math-answer \">\n\n<p>Olomouc est\u00e1 muito bem preparada para dias de chuva. A maior atra\u00e7\u00e3o \u00e9 o centro interativo de ci\u00eancias Pevnost pozn\u00e1n\u00ed (Fortaleza do Conhecimento) na Korunn\u00ed pevn\u016fstka. Para crian\u00e7as menores, recomendo os lindos caf\u00e9s com espa\u00e7os de brincar bem no centro (J\u00e1S\u00e1m ou a brinquedoteca montessoriana V lese). Crian\u00e7as maiores podem se divertir por horas no enorme parque de divers\u00f5es Krokod\u00fdlek ou na Amaz\u00f4nia.<\/p>\n\n<\/div>\n<\/div>\n<div id=\"faq-question-1787773774001\" class=\"rank-math-list-item\">\n<h3 class=\"rank-math-question \"><span class=\"ez-toc-section\" id=\"Quanto_custa_o_ZOO_Olomouc\"><\/span>Quanto custa o ZOO Olomouc?<span class=\"ez-toc-section-end\"><\/span><\/h3>\n<div class=\"rank-math-answer \">\n\n<p>Os pre\u00e7os do ZOO em Svat\u00fd Kope\u010dek variam de acordo com a temporada. Na alta temporada (de mar\u00e7o a outubro), adultos pagam R$ 35, entrada reduzida para crian\u00e7as e estudantes \u00e9 R$ 25. Fora de temporada (de novembro a fevereiro), os pre\u00e7os s\u00e3o R$ 30 e R$ 25. Crian\u00e7as at\u00e9 3 anos sempre entram gratuitamente e o ingresso familiar para dois adultos e duas crian\u00e7as sai por R$ 115.<\/p>\n\n<\/div>\n<\/div>\n<div id=\"faq-question-1787773774002\" class=\"rank-math-list-item\">\n<h3 class=\"rank-math-question \"><span class=\"ez-toc-section\" id=\"Como_chegar_ao_Svaty_Kopecek\"><\/span>Como chegar ao Svat\u00fd Kope\u010dek?<span class=\"ez-toc-section-end\"><\/span><\/h3>\n<div class=\"rank-math-answer \">\n\n<p>A maneira mais f\u00e1cil e confort\u00e1vel \u00e9 usar o transporte p\u00fablico da cidade. Da esta\u00e7\u00e3o ferrovi\u00e1ria principal de Olomouc (especificamente da plataforma D) sai regularmente o \u00f4nibus n\u00famero 11. Os \u00f4nibus circulam em intervalos perfeitos de 10 a 15 minutos, a viagem em si leva cerca de 20 minutos e da parada no morro voc\u00ea chega ao ZOO a p\u00e9 em menos de dez minutos.<\/p>\n\n<\/div>\n<\/div>\n<div id=\"faq-question-1787773774003\" class=\"rank-math-list-item\">\n<h3 class=\"rank-math-question \"><span class=\"ez-toc-section\" id=\"Olomouc_e_adequada_para_carrinho_de_bebe\"><\/span>Olomouc \u00e9 adequada para carrinho de beb\u00ea?<span class=\"ez-toc-section-end\"><\/span><\/h3>\n<div class=\"rank-math-answer \">\n\n<p>Sim, muito. Todo o centro hist\u00f3rico \u00e9 basicamente uma grande zona de pedestres compacta, ent\u00e3o voc\u00ea n\u00e3o precisa ficar desviando de carros o tempo todo. O \u00fanico problema para rodinhas pequenas podem ser as pedras de cal\u00e7amento nas pra\u00e7as principais. Passeios com carrinho s\u00e3o absolutamente ideais nos amplos e planos parques da cidade, como os Smetanovy sady ou o lindo Roz\u00e1rium.<\/p>\n\n<\/div>\n<\/div>\n<div id=\"faq-question-1787773774004\" class=\"rank-math-list-item\">\n<h3 class=\"rank-math-question \"><span class=\"ez-toc-section\" id=\"Para_onde_ir_com_criancas_em_Olomouc_de_graca\"><\/span>Para onde ir com crian\u00e7as em Olomouc de gra\u00e7a?<span class=\"ez-toc-section-end\"><\/span><\/h3>\n<div class=\"rank-math-answer \">\n\n<p>Completamente gratuito, voc\u00ea pode se divertir procurando todas as fontes barrocas no centro da cidade, esperar pelo badalar do meio-dia do famoso rel\u00f3gio astron\u00f4mico na prefeitura ou procurar murais gigantes coloridos e street art nas fachadas das casas. Todos os amplos parques da cidade tamb\u00e9m s\u00e3o de acesso livre, incluindo o belo Roz\u00e1rium e os Bezru\u010dovy sady sob as muralhas.<\/p>\n\n<\/div>\n<\/div>\n<div id=\"faq-question-1787773774005\" class=\"rank-math-list-item\">\n<h3 class=\"rank-math-question \"><span class=\"ez-toc-section\" id=\"Quantos_dias_precisamos_para_Olomouc_com_criancas\"><\/span>Quantos dias precisamos para Olomouc com crian\u00e7as?<span class=\"ez-toc-section-end\"><\/span><\/h3>\n<div class=\"rank-math-answer \">\n\n<p>O centro hist\u00f3rico da cidade com todas as fontes e o rel\u00f3gio astron\u00f4mico voc\u00ea consegue conhecer tranquilamente em um dia. Mas se voc\u00ea quiser combinar a visita com um passeio de meio dia ao Svat\u00fd Kope\u010dek para o ZOO, visita \u00e0 Pevnost pozn\u00e1n\u00ed ou banho no parque aqu\u00e1tico, o tempo ideal para a visita \u00e9 de 2 a 3 dias, ou seja, um fim de semana prolongado perfeito.<\/p>\n\n<\/div>\n<\/div>\n<div id=\"faq-question-1787773774006\" class=\"rank-math-list-item\">\n<h3 class=\"rank-math-question \"><span class=\"ez-toc-section\" id=\"Para_onde_fazer_um_passeio_saindo_de_Olomouc_com_criancas\"><\/span>Para onde fazer um passeio saindo de Olomouc com crian\u00e7as?<span class=\"ez-toc-section-end\"><\/span><\/h3>\n<div class=\"rank-math-answer \">\n\n<p>Se voc\u00ea tiver carro, em cerca de 45 minutos de viagem de Olomouc h\u00e1 muitos lugares lindos. Um grande sucesso \u00e9 o DinoPark e ZOO Park Vy\u0161kov, para hist\u00f3ria voc\u00ea pode ir ao castelo de conto de fadas Bouzov e para explorar o subterr\u00e2neo, \u00e0s cavernas Mlade\u010dsk\u00e9, que s\u00e3o mais curtas e menos exigentes. Para crian\u00e7as menores, tamb\u00e9m \u00e9 fant\u00e1stico o Prad\u011bdovo d\u011btsk\u00e9 muzeum em Bludov.<\/p>\n\n<\/div>\n<\/div>\n<div id=\"faq-question-1787773774007\" class=\"rank-math-list-item\">\n<h3 class=\"rank-math-question \"><span class=\"ez-toc-section\" id=\"Qual_a_distancia_do_DinoPark_Vyskov_de_Olomouc\"><\/span>Qual a dist\u00e2ncia do DinoPark Vy\u0161kov de Olomouc?<span class=\"ez-toc-section-end\"><\/span><\/h3>\n<div class=\"rank-math-answer \">\n\n<p>O DinoPark e ZOO Park em Vy\u0161kov ficam a cerca de 45 quil\u00f4metros de Olomouc. A viagem de carro pela rodovia leva aproximadamente meia hora, ent\u00e3o \u00e9 um destino absolutamente ideal e f\u00e1cil para um excelente passeio familiar de meio dia.<\/p>\n\n<\/div>\n<\/div>\n<\/div>\n<\/div>","protected":false},"excerpt":{"rendered":"<p>Espa\u00e7os de recrea\u00e7\u00e3o na pra\u00e7a principal, o centro de ci\u00eancias Pevnost pozn\u00e1n\u00ed, o zool\u00f3gico de Svat\u00fd Kope\u010dek e o DinoPark em Vy\u0161kov. 34 dicas de onde ir com crian\u00e7as em Olomouc, na Rep\u00fablica Tcheca, com sol ou com chuva, com pre\u00e7os e hor\u00e1rios.<\/p>\n","protected":false},"author":3,"featured_media":401014,"comment_status":"open","ping_status":"open","sticky":false,"template":"","format":"standard","meta":{"_acf_changed":false,"footnotes":"","rank_math_title":"Olomouc na Rep\u00fablica Tcheca com crian\u00e7as: 34 dicas","rank_math_description":"Olomouc na Rep\u00fablica Tcheca com crian\u00e7as: 34 dicas para 2026 com sol ou chuva, pre\u00e7os e hor\u00e1rios. Zool\u00f3gico, parques e DinoPark. Planeje seu passeio agora!","rank_math_focus_keyword":"olomouc rep\u00fablica tcheca","rank_math_seo_score":""},"categories":[1121,1157,1104],"tags":[],"class_list":["post-409708","post","type-post","status-publish","format-standard","has-post-thumbnail","category-europa","category-republica-tcheca","category-viagens"],"acf":[],"featured_image_src":"https:\/\/loudavymkrokem.cz\/wp-content\/uploads\/2026\/08\/olomouc-s-detmi-mural-prujezd.jpg","author_info":{"display_name":"Lucie Kone\u010dn\u00e1","author_link":"https:\/\/loudavymkrokem.cz\/pt-br\/author\/lucie-konecna\/"},"_links":{"self":[{"href":"https:\/\/loudavymkrokem.cz\/pt-br\/wp-json\/wp\/v2\/posts\/409708","targetHints":{"allow":["GET"]}}],"collection":[{"href":"https:\/\/loudavymkrokem.cz\/pt-br\/wp-json\/wp\/v2\/posts"}],"about":[{"href":"https:\/\/loudavymkrokem.cz\/pt-br\/wp-json\/wp\/v2\/types\/post"}],"author":[{"embeddable":true,"href":"https:\/\/loudavymkrokem.cz\/pt-br\/wp-json\/wp\/v2\/users\/3"}],"replies":[{"embeddable":true,"href":"https:\/\/loudavymkrokem.cz\/pt-br\/wp-json\/wp\/v2\/comments?post=409708"}],"version-history":[{"count":2,"href":"https:\/\/loudavymkrokem.cz\/pt-br\/wp-json\/wp\/v2\/posts\/409708\/revisions"}],"predecessor-version":[{"id":409710,"href":"https:\/\/loudavymkrokem.cz\/pt-br\/wp-json\/wp\/v2\/posts\/409708\/revisions\/409710"}],"wp:featuredmedia":[{"embeddable":true,"href":"https:\/\/loudavymkrokem.cz\/pt-br\/wp-json\/wp\/v2\/media\/401014"}],"wp:attachment":[{"href":"https:\/\/loudavymkrokem.cz\/pt-br\/wp-json\/wp\/v2\/media?parent=409708"}],"wp:term":[{"taxonomy":"category","embeddable":true,"href":"https:\/\/loudavymkrokem.cz\/pt-br\/wp-json\/wp\/v2\/categories?post=409708"},{"taxonomy":"post_tag","embeddable":true,"href":"https:\/\/loudavymkrokem.cz\/pt-br\/wp-json\/wp\/v2\/tags?post=409708"}],"curies":[{"name":"wp","href":"https:\/\/api.w.org\/{rel}","templated":true}]}}