{"id":409699,"date":"2026-08-28T14:08:28","date_gmt":"2026-08-28T12:08:28","guid":{"rendered":"https:\/\/loudavymkrokem.cz\/passeios-perto-pisek\/"},"modified":"2026-08-31T11:16:05","modified_gmt":"2026-08-31T09:16:05","slug":"passeios-perto-pisek","status":"publish","type":"post","link":"https:\/\/loudavymkrokem.cz\/pt-br\/passeios-perto-pisek\/","title":{"rendered":"Passeios perto de P\u00edsek: 30 dicas de uma nativa para castelos, banhos e torres"},"content":{"rendered":"\n<p class=\"wp-block-paragraph\">Eu nasci em P\u00edsek e, embora tenha morado por muitos anos em Praga, hoje voltei a viver aqui com o Luk\u00e1\u0161 e o nosso Jon\u00e1\u0161ek, de dois anos. Como adoramos procurar em fam\u00edlia os melhores <strong>passeios perto de P\u00edsek<\/strong>, tenho de dizer com toda a sinceridade que, como base para explorar o sul da Bo\u00eamia, esta cidade \u00e9 absolutamente ideal \u2014 e eu simplesmente n\u00e3o deixo ningu\u00e9m falar mal dela.<\/p>\n\n\n\n<p class=\"wp-block-paragraph\">Gra\u00e7as \u00e0 excelente localiza\u00e7\u00e3o e \u00e0 liga\u00e7\u00e3o com a rodovia D4, voc\u00ea <strong>chega de carro \u00e0 maioria dos monumentos do sul da Bo\u00eamia em menos de uma hora<\/strong>, quer o atraia a hist\u00f3ria profunda, os grandes lagos ou as densas florestas de \u0160umava. P\u00edsek fica bem no meio de tudo o que h\u00e1 de melhor e voc\u00ea sempre tem dezenas de op\u00e7\u00f5es \u00e0 escolha.<\/p>\n\n\n\n<p class=\"wp-block-paragraph\">Venha comigo percorrer a regi\u00e3o de P\u00edsek. Aqui est\u00e3o 30 lugares que amamos, ordenados dos que ficam logo ali ao lado at\u00e9 \u00e0s aventuras de dia inteiro. Vamos ver onde ir ver bichinhos, castelos, \u00e1gua ou paisagens de tirar o f\u00f4lego.<\/p>\n\n\n\n<figure data-wp-context=\"{&quot;imageId&quot;:&quot;6a95632acf40a&quot;}\" data-wp-interactive=\"core\/image\" data-wp-key=\"6a95632acf40a\" class=\"wp-block-image size-full wp-lightbox-container\"><img decoding=\"async\" width=\"2200\" height=\"1467\" data-wp-class--hide=\"state.isContentHidden\" data-wp-class--show=\"state.isContentVisible\" data-wp-init=\"callbacks.setButtonStyles\" data-wp-on--click=\"actions.showLightbox\" data-wp-on--load=\"callbacks.setButtonStyles\" data-wp-on--pointerdown=\"actions.preloadImage\" data-wp-on--pointerenter=\"actions.preloadImageWithDelay\" data-wp-on--pointerleave=\"actions.cancelPreload\" data-wp-on-window--resize=\"callbacks.setButtonStyles\" src=\"https:\/\/loudavymkrokem.cz\/wp-content\/uploads\/2026\/08\/zvikov-nad-orlickou-prehradou.jpg\" alt=\"Castelo de Zv\u00edkov sobre as \u00e1guas da represa de Orl\u00edk\" class=\"wp-image-404434\" title=\"\" srcset=\"https:\/\/loudavymkrokem.cz\/wp-content\/uploads\/2026\/08\/zvikov-nad-orlickou-prehradou.jpg 2200w, https:\/\/loudavymkrokem.cz\/wp-content\/uploads\/2026\/08\/zvikov-nad-orlickou-prehradou-300x200.jpg 300w, https:\/\/loudavymkrokem.cz\/wp-content\/uploads\/2026\/08\/zvikov-nad-orlickou-prehradou-700x467.jpg 700w, https:\/\/loudavymkrokem.cz\/wp-content\/uploads\/2026\/08\/zvikov-nad-orlickou-prehradou-768x512.jpg 768w, https:\/\/loudavymkrokem.cz\/wp-content\/uploads\/2026\/08\/zvikov-nad-orlickou-prehradou-1536x1024.jpg 1536w, https:\/\/loudavymkrokem.cz\/wp-content\/uploads\/2026\/08\/zvikov-nad-orlickou-prehradou-2048x1366.jpg 2048w, https:\/\/loudavymkrokem.cz\/wp-content\/uploads\/2026\/08\/zvikov-nad-orlickou-prehradou-696x464.jpg 696w, https:\/\/loudavymkrokem.cz\/wp-content\/uploads\/2026\/08\/zvikov-nad-orlickou-prehradou-1392x928.jpg 1392w, https:\/\/loudavymkrokem.cz\/wp-content\/uploads\/2026\/08\/zvikov-nad-orlickou-prehradou-1920x1280.jpg 1920w\" sizes=\"(max-width: 2200px) 100vw, 2200px\" \/><button\n\t\t\tclass=\"lightbox-trigger\"\n\t\t\ttype=\"button\"\n\t\t\taria-haspopup=\"dialog\"\n\t\t\tdata-wp-bind--aria-label=\"state.thisImage.triggerButtonAriaLabel\"\n\t\t\tdata-wp-init=\"callbacks.initTriggerButton\"\n\t\t\tdata-wp-on--click=\"actions.showLightbox\"\n\t\t\tdata-wp-style--right=\"state.thisImage.buttonRight\"\n\t\t\tdata-wp-style--top=\"state.thisImage.buttonTop\"\n\t\t>\n\t\t\t<svg xmlns=\"http:\/\/www.w3.org\/2000\/svg\" width=\"12\" height=\"12\" fill=\"none\" viewBox=\"0 0 12 12\">\n\t\t\t\t<path fill=\"#fff\" d=\"M2 0a2 2 0 0 0-2 2v2h1.5V2a.5.5 0 0 1 .5-.5h2V0H2Zm2 10.5H2a.5.5 0 0 1-.5-.5V8H0v2a2 2 0 0 0 2 2h2v-1.5ZM8 12v-1.5h2a.5.5 0 0 0 .5-.5V8H12v2a2 2 0 0 1-2 2H8Zm2-12a2 2 0 0 1 2 2v2h-1.5V2a.5.5 0 0 0-.5-.5H8V0h2Z\" \/>\n\t\t\t<\/svg>\n\t\t<\/button><\/figure>\n\n\n\n<div id=\"ez-toc-container\" class=\"ez-toc-v2_0_86 ez-toc-wrap-left counter-hierarchy ez-toc-counter ez-toc-grey ez-toc-container-direction\">\n<div class=\"ez-toc-title-container\">\n<p class=\"ez-toc-title\" style=\"cursor:inherit\">Conte\u00fado do artigo<\/p>\n<span class=\"ez-toc-title-toggle\"><a href=\"#\" class=\"ez-toc-pull-right ez-toc-btn ez-toc-btn-xs ez-toc-btn-default ez-toc-toggle\" aria-label=\"Alternar tabela de conte\u00fado\"><span class=\"ez-toc-js-icon-con\"><span class=\"\"><span class=\"eztoc-hide\" style=\"display:none;\">Toggle<\/span><span class=\"ez-toc-icon-toggle-span\"><svg style=\"fill: #999;color:#999\" xmlns=\"http:\/\/www.w3.org\/2000\/svg\" class=\"list-377408\" width=\"20px\" height=\"20px\" viewBox=\"0 0 24 24\" fill=\"none\"><path d=\"M6 6H4v2h2V6zm14 0H8v2h12V6zM4 11h2v2H4v-2zm16 0H8v2h12v-2zM4 16h2v2H4v-2zm16 0H8v2h12v-2z\" fill=\"currentColor\"><\/path><\/svg><svg style=\"fill: #999;color:#999\" class=\"arrow-unsorted-368013\" xmlns=\"http:\/\/www.w3.org\/2000\/svg\" width=\"10px\" height=\"10px\" viewBox=\"0 0 24 24\" version=\"1.2\" baseProfile=\"tiny\"><path d=\"M18.2 9.3l-6.2-6.3-6.2 6.3c-.2.2-.3.4-.3.7s.1.5.3.7c.2.2.4.3.7.3h11c.3 0 .5-.1.7-.3.2-.2.3-.5.3-.7s-.1-.5-.3-.7zM5.8 14.7l6.2 6.3 6.2-6.3c.2-.2.3-.5.3-.7s-.1-.5-.3-.7c-.2-.2-.4-.3-.7-.3h-11c-.3 0-.5.1-.7.3-.2.2-.3.5-.3.7s.1.5.3.7z\"\/><\/svg><\/span><\/span><\/span><\/a><\/span><\/div>\n<nav><ul class='ez-toc-list ez-toc-list-level-1 ' ><ul class='ez-toc-list-level-3' ><li class='ez-toc-heading-level-3'><a class=\"ez-toc-link ez-toc-heading-1\" href=\"https:\/\/loudavymkrokem.cz\/pt-br\/passeios-perto-pisek\/#Resumo\" >Resumo<\/a><\/li><\/ul><\/li><li class='ez-toc-page-1 ez-toc-heading-level-2'><a class=\"ez-toc-link ez-toc-heading-2\" href=\"https:\/\/loudavymkrokem.cz\/pt-br\/passeios-perto-pisek\/#Como_planejar_passeios_a_partir_de_Pisek\" >Como planejar passeios a partir de P\u00edsek<\/a><\/li><li class='ez-toc-page-1 ez-toc-heading-level-2'><a class=\"ez-toc-link ez-toc-heading-3\" href=\"https:\/\/loudavymkrokem.cz\/pt-br\/passeios-perto-pisek\/#Onde_se_hospedar_para_explorar_a_regiao\" >Onde se hospedar para explorar a regi\u00e3o<\/a><\/li><li class='ez-toc-page-1 ez-toc-heading-level-2'><a class=\"ez-toc-link ez-toc-heading-4\" href=\"https:\/\/loudavymkrokem.cz\/pt-br\/passeios-perto-pisek\/#Passeios_de_ate_15_quilometros_para_meio_dia_ou_de_bike\" >Passeios de at\u00e9 15 quil\u00f4metros: para meio dia ou de bike<\/a><ul class='ez-toc-list-level-3' ><li class='ez-toc-heading-level-3'><a class=\"ez-toc-link ez-toc-heading-5\" href=\"https:\/\/loudavymkrokem.cz\/pt-br\/passeios-perto-pisek\/#1_Torre-mirante_Jarnik\" >1. Torre-mirante Jarn\u00edk<\/a><\/li><li class='ez-toc-page-1 ez-toc-heading-level-3'><a class=\"ez-toc-link ez-toc-heading-6\" href=\"https:\/\/loudavymkrokem.cz\/pt-br\/passeios-perto-pisek\/#2_Colinas_de_Pisek\" >2. Colinas de P\u00edsek<\/a><\/li><li class='ez-toc-page-1 ez-toc-heading-level-3'><a class=\"ez-toc-link ez-toc-heading-7\" href=\"https:\/\/loudavymkrokem.cz\/pt-br\/passeios-perto-pisek\/#3_Putim_Nossos_Bichinhos\" >3. Putim: Nossos Bichinhos<\/a><\/li><li class='ez-toc-page-1 ez-toc-heading-level-3'><a class=\"ez-toc-link ez-toc-heading-8\" href=\"https:\/\/loudavymkrokem.cz\/pt-br\/passeios-perto-pisek\/#4_Selibov_Ferraria_de_contos_de_fadas\" >4. Selibov: Ferraria de contos de fadas<\/a><\/li><li class='ez-toc-page-1 ez-toc-heading-level-3'><a class=\"ez-toc-link ez-toc-heading-9\" href=\"https:\/\/loudavymkrokem.cz\/pt-br\/passeios-perto-pisek\/#5_Kestrany_Fortaleza_Superior_e_Inferior\" >5. Kest\u0159any: Fortaleza Superior e Inferior<\/a><\/li><li class='ez-toc-page-1 ez-toc-heading-level-3'><a class=\"ez-toc-link ez-toc-heading-10\" href=\"https:\/\/loudavymkrokem.cz\/pt-br\/passeios-perto-pisek\/#6_Maletice_Farmapark\" >6. Maletice: Farmapark<\/a><\/li><li class='ez-toc-page-1 ez-toc-heading-level-3'><a class=\"ez-toc-link ez-toc-heading-11\" href=\"https:\/\/loudavymkrokem.cz\/pt-br\/passeios-perto-pisek\/#7_Rezabinec_e_as_lagoas_de_Rezabinec\" >7. \u0158e\u017eabinec e as lagoas de \u0158e\u017eabinec<\/a><\/li><li class='ez-toc-page-1 ez-toc-heading-level-3'><a class=\"ez-toc-link ez-toc-heading-12\" href=\"https:\/\/loudavymkrokem.cz\/pt-br\/passeios-perto-pisek\/#8_Ponte_de_Podoli\" >8. Ponte de Podol\u00ed<\/a><\/li><li class='ez-toc-page-1 ez-toc-heading-level-3'><a class=\"ez-toc-link ez-toc-heading-13\" href=\"https:\/\/loudavymkrokem.cz\/pt-br\/passeios-perto-pisek\/#9_Sudomer_Tumulo_de_Zizka\" >9. Sudom\u011b\u0159: T\u00famulo de \u017di\u017eka<\/a><\/li><li class='ez-toc-page-1 ez-toc-heading-level-3'><a class=\"ez-toc-link ez-toc-heading-14\" href=\"https:\/\/loudavymkrokem.cz\/pt-br\/passeios-perto-pisek\/#10_Protivin\" >10. Protiv\u00edn<\/a><\/li><\/ul><\/li><li class='ez-toc-page-1 ez-toc-heading-level-2'><a class=\"ez-toc-link ez-toc-heading-15\" href=\"https:\/\/loudavymkrokem.cz\/pt-br\/passeios-perto-pisek\/#Castelos_palacios_e_mosteiros_perto_de_Pisek\" >Castelos, pal\u00e1cios e mosteiros perto de P\u00edsek<\/a><ul class='ez-toc-list-level-3' ><li class='ez-toc-heading-level-3'><a class=\"ez-toc-link ez-toc-heading-16\" href=\"https:\/\/loudavymkrokem.cz\/pt-br\/passeios-perto-pisek\/#11_Castelo_de_Zvikov_o_%E2%80%9Crei_dos_castelos_tchecos%E2%80%9D\" >11. Castelo de Zv\u00edkov: o &#8220;rei dos castelos tchecos&#8221;<\/a><\/li><li class='ez-toc-page-1 ez-toc-heading-level-3'><a class=\"ez-toc-link ez-toc-heading-17\" href=\"https:\/\/loudavymkrokem.cz\/pt-br\/passeios-perto-pisek\/#12_Castelo_de_Orlik_nad_Vltavou\" >12. Castelo de Orl\u00edk nad Vltavou<\/a><\/li><li class='ez-toc-page-1 ez-toc-heading-level-3'><a class=\"ez-toc-link ez-toc-heading-18\" href=\"https:\/\/loudavymkrokem.cz\/pt-br\/passeios-perto-pisek\/#13_Castelo_de_Blatna\" >13. Castelo de Blatn\u00e1<\/a><\/li><li class='ez-toc-page-1 ez-toc-heading-level-3'><a class=\"ez-toc-link ez-toc-heading-19\" href=\"https:\/\/loudavymkrokem.cz\/pt-br\/passeios-perto-pisek\/#14_Mosteiro_de_Milevsko\" >14. Mosteiro de Milevsko<\/a><\/li><li class='ez-toc-page-1 ez-toc-heading-level-3'><a class=\"ez-toc-link ez-toc-heading-20\" href=\"https:\/\/loudavymkrokem.cz\/pt-br\/passeios-perto-pisek\/#15_Castelo_de_Strakonice\" >15. Castelo de Strakonice<\/a><\/li><li class='ez-toc-page-1 ez-toc-heading-level-3'><a class=\"ez-toc-link ez-toc-heading-21\" href=\"https:\/\/loudavymkrokem.cz\/pt-br\/passeios-perto-pisek\/#16_Castelo_de_Bechyne_e_a_ponte_Duha\" >16. Castelo de Bechyn\u011b e a ponte Duha<\/a><\/li><li class='ez-toc-page-1 ez-toc-heading-level-3'><a class=\"ez-toc-link ez-toc-heading-22\" href=\"https:\/\/loudavymkrokem.cz\/pt-br\/passeios-perto-pisek\/#17_Castelo_de_Kratochvile_Netolice\" >17. Castelo de Kratochv\u00edle (Netolice)<\/a><\/li><li class='ez-toc-page-1 ez-toc-heading-level-3'><a class=\"ez-toc-link ez-toc-heading-23\" href=\"https:\/\/loudavymkrokem.cz\/pt-br\/passeios-perto-pisek\/#18_Ossario_e_cemiterio_em_Albrechtice_nad_Vltavou\" >18. Oss\u00e1rio e cemit\u00e9rio em Albrechtice nad Vltavou<\/a><\/li><\/ul><\/li><li class='ez-toc-page-1 ez-toc-heading-level-2'><a class=\"ez-toc-link ez-toc-heading-24\" href=\"https:\/\/loudavymkrokem.cz\/pt-br\/passeios-perto-pisek\/#Agua_a_represa_de_Orlik_o_Vltava_e_o_Otava\" >\u00c1gua: a represa de Orl\u00edk, o Vltava e o Otava<\/a><ul class='ez-toc-list-level-3' ><li class='ez-toc-heading-level-3'><a class=\"ez-toc-link ez-toc-heading-25\" href=\"https:\/\/loudavymkrokem.cz\/pt-br\/passeios-perto-pisek\/#19_Passeio_de_barco_Zvikov_%E2%86%94_Orlik\" >19. Passeio de barco Zv\u00edkov \u2194 Orl\u00edk<\/a><\/li><li class='ez-toc-page-1 ez-toc-heading-level-3'><a class=\"ez-toc-link ez-toc-heading-26\" href=\"https:\/\/loudavymkrokem.cz\/pt-br\/passeios-perto-pisek\/#20_Represa_de_Orlik_praias_e_campings\" >20. Represa de Orl\u00edk: praias e campings<\/a><\/li><li class='ez-toc-page-1 ez-toc-heading-level-3'><a class=\"ez-toc-link ez-toc-heading-27\" href=\"https:\/\/loudavymkrokem.cz\/pt-br\/passeios-perto-pisek\/#21_Cervena_nad_Vltavou\" >21. \u010cerven\u00e1 nad Vltavou<\/a><\/li><li class='ez-toc-page-1 ez-toc-heading-level-3'><a class=\"ez-toc-link ez-toc-heading-28\" href=\"https:\/\/loudavymkrokem.cz\/pt-br\/passeios-perto-pisek\/#22_Vodnany_e_os_lagos\" >22. Vod\u0148any e os lagos<\/a><\/li><\/ul><\/li><li class='ez-toc-page-1 ez-toc-heading-level-2'><a class=\"ez-toc-link ez-toc-heading-29\" href=\"https:\/\/loudavymkrokem.cz\/pt-br\/passeios-perto-pisek\/#Cidades_do_sul_da_Boemia_e_destinos_para_o_dia_inteiro\" >Cidades do sul da Bo\u00eamia e destinos para o dia inteiro<\/a><ul class='ez-toc-list-level-3' ><li class='ez-toc-heading-level-3'><a class=\"ez-toc-link ez-toc-heading-30\" href=\"https:\/\/loudavymkrokem.cz\/pt-br\/passeios-perto-pisek\/#23_Hluboka_nad_Vltavou\" >23. Hlubok\u00e1 nad Vltavou<\/a><\/li><li class='ez-toc-page-1 ez-toc-heading-level-3'><a class=\"ez-toc-link ez-toc-heading-31\" href=\"https:\/\/loudavymkrokem.cz\/pt-br\/passeios-perto-pisek\/#24_Tabor\" >24. T\u00e1bor<\/a><\/li><li class='ez-toc-page-1 ez-toc-heading-level-3'><a class=\"ez-toc-link ez-toc-heading-32\" href=\"https:\/\/loudavymkrokem.cz\/pt-br\/passeios-perto-pisek\/#25_Holasovice\" >25. Hola\u0161ovice<\/a><\/li><li class='ez-toc-page-1 ez-toc-heading-level-3'><a class=\"ez-toc-link ez-toc-heading-33\" href=\"https:\/\/loudavymkrokem.cz\/pt-br\/passeios-perto-pisek\/#26_Ceske_Budejovice\" >26. \u010cesk\u00e9 Bud\u011bjovice<\/a><\/li><li class='ez-toc-page-1 ez-toc-heading-level-3'><a class=\"ez-toc-link ez-toc-heading-34\" href=\"https:\/\/loudavymkrokem.cz\/pt-br\/passeios-perto-pisek\/#27_Caverna_de_Chynov\" >27. Caverna de Ch\u00fdnov<\/a><\/li><li class='ez-toc-page-1 ez-toc-heading-level-3'><a class=\"ez-toc-link ez-toc-heading-35\" href=\"https:\/\/loudavymkrokem.cz\/pt-br\/passeios-perto-pisek\/#28_Cesky_Krumlov\" >28. \u010cesk\u00fd Krumlov<\/a><\/li><li class='ez-toc-page-1 ez-toc-heading-level-3'><a class=\"ez-toc-link ez-toc-heading-36\" href=\"https:\/\/loudavymkrokem.cz\/pt-br\/passeios-perto-pisek\/#29_Trebon_e_a_paisagem_dos_lagos\" >29. T\u0159ebo\u0148 e a paisagem dos lagos<\/a><\/li><li class='ez-toc-page-1 ez-toc-heading-level-3'><a class=\"ez-toc-link ez-toc-heading-37\" href=\"https:\/\/loudavymkrokem.cz\/pt-br\/passeios-perto-pisek\/#30_Sumava\" >30. \u0160umava<\/a><\/li><\/ul><\/li><li class='ez-toc-page-1 ez-toc-heading-level-2'><a class=\"ez-toc-link ez-toc-heading-38\" href=\"https:\/\/loudavymkrokem.cz\/pt-br\/passeios-perto-pisek\/#O_que_esta_aberto_perto_de_Pisek_fora_de_temporada\" >O que est\u00e1 aberto perto de P\u00edsek fora de temporada<\/a><\/li><li class='ez-toc-page-1 ez-toc-heading-level-2'><a class=\"ez-toc-link ez-toc-heading-39\" href=\"https:\/\/loudavymkrokem.cz\/pt-br\/passeios-perto-pisek\/#Aonde_ir_a_partir_de_Pisek_sem_carro\" >Aonde ir a partir de P\u00edsek sem carro<\/a><\/li><li class='ez-toc-page-1 ez-toc-heading-level-2'><a class=\"ez-toc-link ez-toc-heading-40\" href=\"https:\/\/loudavymkrokem.cz\/pt-br\/passeios-perto-pisek\/#Aonde_ir_a_seguir\" >Aonde ir a seguir<\/a><\/li><li class='ez-toc-page-1 ez-toc-heading-level-2'><a class=\"ez-toc-link ez-toc-heading-41\" href=\"https:\/\/loudavymkrokem.cz\/pt-br\/passeios-perto-pisek\/#Perguntas_frequentes\" >Perguntas frequentes<\/a><ul class='ez-toc-list-level-3' ><li class='ez-toc-heading-level-3'><a class=\"ez-toc-link ez-toc-heading-42\" href=\"https:\/\/loudavymkrokem.cz\/pt-br\/passeios-perto-pisek\/#Para_onde_ir_em_um_bate-volta_saindo_de_Pisek\" >Para onde ir em um bate-volta saindo de P\u00edsek?<\/a><\/li><li class='ez-toc-page-1 ez-toc-heading-level-3'><a class=\"ez-toc-link ez-toc-heading-43\" href=\"https:\/\/loudavymkrokem.cz\/pt-br\/passeios-perto-pisek\/#Para_onde_ir_no_fim_de_semana_na_regiao_de_Pisek\" >Para onde ir no fim de semana na regi\u00e3o de P\u00edsek?<\/a><\/li><li class='ez-toc-page-1 ez-toc-heading-level-3'><a class=\"ez-toc-link ez-toc-heading-44\" href=\"https:\/\/loudavymkrokem.cz\/pt-br\/passeios-perto-pisek\/#O_que_fazer_com_criancas_nos_arredores_de_Pisek\" >O que fazer com crian\u00e7as nos arredores de P\u00edsek?<\/a><\/li><li class='ez-toc-page-1 ez-toc-heading-level-3'><a class=\"ez-toc-link ez-toc-heading-45\" href=\"https:\/\/loudavymkrokem.cz\/pt-br\/passeios-perto-pisek\/#Qual_a_distancia_de_Zvikov_a_partir_de_Pisek\" >Qual a dist\u00e2ncia de Zv\u00edkov a partir de P\u00edsek?<\/a><\/li><li class='ez-toc-page-1 ez-toc-heading-level-3'><a class=\"ez-toc-link ez-toc-heading-46\" href=\"https:\/\/loudavymkrokem.cz\/pt-br\/passeios-perto-pisek\/#Ha_barco_de_Zvikov_para_Orlik\" >H\u00e1 barco de Zv\u00edkov para Orl\u00edk?<\/a><\/li><li class='ez-toc-page-1 ez-toc-heading-level-3'><a class=\"ez-toc-link ez-toc-heading-47\" href=\"https:\/\/loudavymkrokem.cz\/pt-br\/passeios-perto-pisek\/#Qual_o_melhor_passeio_a_15_minutos_da_cidade\" >Qual o melhor passeio a 15 minutos da cidade?<\/a><\/li><li class='ez-toc-page-1 ez-toc-heading-level-3'><a class=\"ez-toc-link ez-toc-heading-48\" href=\"https:\/\/loudavymkrokem.cz\/pt-br\/passeios-perto-pisek\/#Para_onde_ir_de_graca_nos_arredores_de_Pisek\" >Para onde ir de gra\u00e7a nos arredores de P\u00edsek?<\/a><\/li><li class='ez-toc-page-1 ez-toc-heading-level-3'><a class=\"ez-toc-link ez-toc-heading-49\" href=\"https:\/\/loudavymkrokem.cz\/pt-br\/passeios-perto-pisek\/#O_que_esta_aberto_na_regiao_no_inverno\" >O que est\u00e1 aberto na regi\u00e3o no inverno?<\/a><\/li><\/ul><\/li><\/ul><\/nav><\/div>\n<h3 class=\"wp-block-heading\"><span class=\"ez-toc-section\" id=\"Resumo\"><\/span>Resumo<span class=\"ez-toc-section-end\"><\/span><\/h3>\n\n\n\n<ul class=\"wp-block-list\">\n<li><strong>Melhor passeio no geral:<\/strong> Visita ao majestoso castelo de Zv\u00edkov combinada com um passeio panor\u00e2mico de barco at\u00e9 ao vizinho castelo de Orl\u00edk.<\/li>\n\n\n\n<li><strong>Destino mais pr\u00f3ximo:<\/strong> A torre-mirante Jarn\u00edk e as vizinhas Colinas de P\u00edsek, aonde voc\u00ea chega tranquilamente do centro da cidade a p\u00e9.<\/li>\n\n\n\n<li><strong>Melhor para fam\u00edlias com crian\u00e7as:<\/strong> A ferraria de contos de fadas em Selibov e o rec\u00e9m-inaugurado Farmapark Maletice, cheio de bichinhos e atra\u00e7\u00f5es.<\/li>\n\n\n\n<li><strong>Para dias de chuva:<\/strong> O Zoo dos Crocodilos de Protiv\u00edn, que garante divers\u00e3o no quentinho, ou os interessantes museus das cidades vizinhas.<\/li>\n\n\n\n<li><strong>Dica de patrim\u00f4nio da UNESCO:<\/strong> A aldeia de Hola\u0161ovice, que se orgulha do seu barroco rural \u00fanico e perfeitamente preservado.<\/li>\n\n\n\n<li><strong>Destino mais visitado:<\/strong> O castelo estatal de Hlubok\u00e1 nad Vltavou, que atrai multid\u00f5es de turistas do mundo inteiro gra\u00e7as \u00e0 sua arquitetura de conto de fadas.<\/li>\n\n\n\n<li><strong>Fora de temporada:<\/strong> Enquanto os castelos dormem no inverno, as torres-mirante, os zool\u00f3gicos e os passeios pelas Colinas de P\u00edsek funcionam o ano todo sem restri\u00e7\u00f5es.<\/li>\n<\/ul>\n\n\n\n<figure data-wp-context=\"{&quot;imageId&quot;:&quot;6a95632acfb23&quot;}\" data-wp-interactive=\"core\/image\" data-wp-key=\"6a95632acfb23\" class=\"wp-block-image size-full wp-lightbox-container\"><img decoding=\"async\" width=\"2200\" height=\"1467\" data-wp-class--hide=\"state.isContentHidden\" data-wp-class--show=\"state.isContentVisible\" data-wp-init=\"callbacks.setButtonStyles\" data-wp-on--click=\"actions.showLightbox\" data-wp-on--load=\"callbacks.setButtonStyles\" data-wp-on--pointerdown=\"actions.preloadImage\" data-wp-on--pointerenter=\"actions.preloadImageWithDelay\" data-wp-on--pointerleave=\"actions.cancelPreload\" data-wp-on-window--resize=\"callbacks.setButtonStyles\" src=\"https:\/\/loudavymkrokem.cz\/wp-content\/uploads\/2026\/08\/reka-otava-kamenny-most-pisek.jpg\" alt=\"O rio Otava e a Ponte de Pedra em P\u00edsek ao entardecer\" class=\"wp-image-404438\" title=\"\" srcset=\"https:\/\/loudavymkrokem.cz\/wp-content\/uploads\/2026\/08\/reka-otava-kamenny-most-pisek.jpg 2200w, https:\/\/loudavymkrokem.cz\/wp-content\/uploads\/2026\/08\/reka-otava-kamenny-most-pisek-300x200.jpg 300w, https:\/\/loudavymkrokem.cz\/wp-content\/uploads\/2026\/08\/reka-otava-kamenny-most-pisek-700x467.jpg 700w, https:\/\/loudavymkrokem.cz\/wp-content\/uploads\/2026\/08\/reka-otava-kamenny-most-pisek-768x512.jpg 768w, https:\/\/loudavymkrokem.cz\/wp-content\/uploads\/2026\/08\/reka-otava-kamenny-most-pisek-1536x1024.jpg 1536w, https:\/\/loudavymkrokem.cz\/wp-content\/uploads\/2026\/08\/reka-otava-kamenny-most-pisek-2048x1366.jpg 2048w, https:\/\/loudavymkrokem.cz\/wp-content\/uploads\/2026\/08\/reka-otava-kamenny-most-pisek-696x464.jpg 696w, https:\/\/loudavymkrokem.cz\/wp-content\/uploads\/2026\/08\/reka-otava-kamenny-most-pisek-1392x928.jpg 1392w, https:\/\/loudavymkrokem.cz\/wp-content\/uploads\/2026\/08\/reka-otava-kamenny-most-pisek-1920x1280.jpg 1920w\" sizes=\"(max-width: 2200px) 100vw, 2200px\" \/><button\n\t\t\tclass=\"lightbox-trigger\"\n\t\t\ttype=\"button\"\n\t\t\taria-haspopup=\"dialog\"\n\t\t\tdata-wp-bind--aria-label=\"state.thisImage.triggerButtonAriaLabel\"\n\t\t\tdata-wp-init=\"callbacks.initTriggerButton\"\n\t\t\tdata-wp-on--click=\"actions.showLightbox\"\n\t\t\tdata-wp-style--right=\"state.thisImage.buttonRight\"\n\t\t\tdata-wp-style--top=\"state.thisImage.buttonTop\"\n\t\t>\n\t\t\t<svg xmlns=\"http:\/\/www.w3.org\/2000\/svg\" width=\"12\" height=\"12\" fill=\"none\" viewBox=\"0 0 12 12\">\n\t\t\t\t<path fill=\"#fff\" d=\"M2 0a2 2 0 0 0-2 2v2h1.5V2a.5.5 0 0 1 .5-.5h2V0H2Zm2 10.5H2a.5.5 0 0 1-.5-.5V8H0v2a2 2 0 0 0 2 2h2v-1.5ZM8 12v-1.5h2a.5.5 0 0 0 .5-.5V8H12v2a2 2 0 0 1-2 2H8Zm2-12a2 2 0 0 1 2 2v2h-1.5V2a.5.5 0 0 0-.5-.5H8V0h2Z\" \/>\n\t\t\t<\/svg>\n\t\t<\/button><\/figure>\n\n\n\n<h2 class=\"wp-block-heading\"><span class=\"ez-toc-section\" id=\"Como_planejar_passeios_a_partir_de_Pisek\"><\/span>Como planejar passeios a partir de P\u00edsek<span class=\"ez-toc-section-end\"><\/span><\/h2>\n\n\n\n<p class=\"wp-block-paragraph\">P\u00edsek tem uma localiza\u00e7\u00e3o extremamente estrat\u00e9gica perto da rodovia D4, o que na pr\u00e1tica significa que os <strong>deslocamentos em dire\u00e7\u00e3o a Praga e mais para o sul s\u00e3o muito r\u00e1pidos e confort\u00e1veis<\/strong>. Para me orientar melhor, divido os passeios em meio-dia mais curtos, que ficam a cerca de trinta quil\u00f4metros da cidade, e os de dia inteiro mais longos, acima de quarenta quil\u00f4metros, para os quais preferimos reservar dias livres completos.<\/p>\n\n\n\n<p class=\"wp-block-paragraph\">Ao planejar qualquer visita a castelos e pal\u00e1cios que estejam sob a administra\u00e7\u00e3o do Instituto Nacional do Patrim\u00f4nio, <strong>saiba que \u00e0s segundas-feiras costumam estar fechados de forma geral<\/strong>. Esse acordo t\u00e1cito entre os monumentos vale tamb\u00e9m para as maiores atra\u00e7\u00f5es da regi\u00e3o, por isso deixe para o in\u00edcio da semana a natureza, as torres-mirante ou os zool\u00f3gicos, cujos hor\u00e1rios de funcionamento costumam ser bem mais flex\u00edveis.<\/p>\n\n\n\n<p class=\"wp-block-paragraph\">O sul da Bo\u00eamia \u00e9, al\u00e9m disso, extremamente popular entre os ciclistas, e uma <strong>densa rede de ciclovias leva voc\u00ea com seguran\u00e7a a muitos destinos ao longo do rio Otava<\/strong>. Se voc\u00ea depende do transporte p\u00fablico, de trem se chega muito bem \u00e0s cidades vizinhas, mas para alguns monumentos mais isolados costuma ser muito melhor e mais r\u00e1pido usar as linhas regionais de \u00f4nibus.<\/p>\n\n\n\n<figure data-wp-context=\"{&quot;imageId&quot;:&quot;6a95632acffb4&quot;}\" data-wp-interactive=\"core\/image\" data-wp-key=\"6a95632acffb4\" class=\"wp-block-image size-full wp-lightbox-container\"><img decoding=\"async\" width=\"2528\" height=\"1696\" data-wp-class--hide=\"state.isContentHidden\" data-wp-class--show=\"state.isContentVisible\" data-wp-init=\"callbacks.setButtonStyles\" data-wp-on--click=\"actions.showLightbox\" data-wp-on--load=\"callbacks.setButtonStyles\" data-wp-on--pointerdown=\"actions.preloadImage\" data-wp-on--pointerenter=\"actions.preloadImageWithDelay\" data-wp-on--pointerleave=\"actions.cancelPreload\" data-wp-on-window--resize=\"callbacks.setButtonStyles\" src=\"https:\/\/loudavymkrokem.cz\/wp-content\/uploads\/2026\/08\/lk-03.jpg\" alt=\"Vista da paisagem a partir das Colinas de P\u00edsek\" class=\"wp-image-403972\" title=\"\" srcset=\"https:\/\/loudavymkrokem.cz\/wp-content\/uploads\/2026\/08\/lk-03.jpg 2528w, https:\/\/loudavymkrokem.cz\/wp-content\/uploads\/2026\/08\/lk-03-300x201.jpg 300w, https:\/\/loudavymkrokem.cz\/wp-content\/uploads\/2026\/08\/lk-03-700x470.jpg 700w, https:\/\/loudavymkrokem.cz\/wp-content\/uploads\/2026\/08\/lk-03-768x515.jpg 768w, https:\/\/loudavymkrokem.cz\/wp-content\/uploads\/2026\/08\/lk-03-1536x1030.jpg 1536w, https:\/\/loudavymkrokem.cz\/wp-content\/uploads\/2026\/08\/lk-03-2048x1374.jpg 2048w, https:\/\/loudavymkrokem.cz\/wp-content\/uploads\/2026\/08\/lk-03-696x467.jpg 696w, https:\/\/loudavymkrokem.cz\/wp-content\/uploads\/2026\/08\/lk-03-1392x934.jpg 1392w, https:\/\/loudavymkrokem.cz\/wp-content\/uploads\/2026\/08\/lk-03-1920x1288.jpg 1920w\" sizes=\"(max-width: 2528px) 100vw, 2528px\" \/><button\n\t\t\tclass=\"lightbox-trigger\"\n\t\t\ttype=\"button\"\n\t\t\taria-haspopup=\"dialog\"\n\t\t\tdata-wp-bind--aria-label=\"state.thisImage.triggerButtonAriaLabel\"\n\t\t\tdata-wp-init=\"callbacks.initTriggerButton\"\n\t\t\tdata-wp-on--click=\"actions.showLightbox\"\n\t\t\tdata-wp-style--right=\"state.thisImage.buttonRight\"\n\t\t\tdata-wp-style--top=\"state.thisImage.buttonTop\"\n\t\t>\n\t\t\t<svg xmlns=\"http:\/\/www.w3.org\/2000\/svg\" width=\"12\" height=\"12\" fill=\"none\" viewBox=\"0 0 12 12\">\n\t\t\t\t<path fill=\"#fff\" d=\"M2 0a2 2 0 0 0-2 2v2h1.5V2a.5.5 0 0 1 .5-.5h2V0H2Zm2 10.5H2a.5.5 0 0 1-.5-.5V8H0v2a2 2 0 0 0 2 2h2v-1.5ZM8 12v-1.5h2a.5.5 0 0 0 .5-.5V8H12v2a2 2 0 0 1-2 2H8Zm2-12a2 2 0 0 1 2 2v2h-1.5V2a.5.5 0 0 0-.5-.5H8V0h2Z\" \/>\n\t\t\t<\/svg>\n\t\t<\/button><figcaption class=\"wp-element-caption\">Baseado na fotografia: Chmee2 \/ Wikimedia Commons, CC BY-SA 3.0 \u00b7 com cores ajustadas<\/figcaption><\/figure>\n\n\n\n<h2 class=\"wp-block-heading\"><span class=\"ez-toc-section\" id=\"Onde_se_hospedar_para_explorar_a_regiao\"><\/span>Onde se hospedar para explorar a regi\u00e3o<span class=\"ez-toc-section-end\"><\/span><\/h2>\n\n\n\n<p class=\"wp-block-paragraph\">Se voc\u00ea vem para a regi\u00e3o de P\u00edsek passar o fim de semana ou uma semana, <strong>vale a pena ficar hospedado na pr\u00f3pria P\u00edsek<\/strong> e sair dali para explorar os arredores. A maioria dos destinos deste artigo fica a at\u00e9 meia hora de carro e, \u00e0 noite, voc\u00ea volta para a cidade, onde h\u00e1 onde estacionar, comer e passear pela margem do rio.<\/p>\n\n\n\n<p class=\"wp-block-paragraph\">O melhor endere\u00e7o \u00e9 o do <strong><a href=\"https:\/\/www.stay22.com\/allez\/roam?aid=lukaskonecny&amp;campaign=loudavymkrokemcz&amp;campaign=vylety-v-okoli-pisku&amp;hotelname=Hotel%20Biograf&amp;address=P%C3%ADsek%2C%20%C4%8Cesko\" target=\"_blank\" rel=\"nofollow sponsored noopener\">Hotel Biograf<\/a><\/strong>, pertinho da Pra\u00e7a Grande, reformado e h\u00e1 muito tempo entre os mais bem avaliados de P\u00edsek. Uma op\u00e7\u00e3o mais tranquila \u00e9 o <strong><a href=\"https:\/\/www.stay22.com\/allez\/roam?aid=lukaskonecny&amp;campaign=loudavymkrokemcz&amp;campaign=vylety-v-okoli-pisku&amp;hotelname=Hotel%20U%20Kapli%C4%8Dky&amp;address=P%C3%ADsek%2C%20%C4%8Cesko\" target=\"_blank\" rel=\"nofollow sponsored noopener\">Hotel U Kapli\u010dky<\/a><\/strong>, com restaurante pr\u00f3prio e estacionamento, que voc\u00ea vai valorizar quando voltar tarde de um passeio.<\/p>\n\n\n\n<p class=\"wp-block-paragraph\">Uma op\u00e7\u00e3o mais econ\u00f4mica \u00e9 o <strong><a href=\"https:\/\/www.stay22.com\/allez\/roam?aid=lukaskonecny&amp;campaign=loudavymkrokemcz&amp;campaign=vylety-v-okoli-pisku&amp;hotelname=Penzion%20Sport&amp;address=P%C3%ADsek%2C%20%C4%8Cesko\" target=\"_blank\" rel=\"nofollow sponsored noopener\">Penzion Sport<\/a><\/strong>, a poucos minutos a p\u00e9 do complexo esportivo e da piscina. E se voc\u00ea quiser ficar bem no centro hist\u00f3rico, experimente o <strong><a href=\"https:\/\/www.stay22.com\/allez\/roam?aid=lukaskonecny&amp;campaign=loudavymkrokemcz&amp;campaign=vylety-v-okoli-pisku&amp;hotelname=Hotel%20Otava&amp;address=P%C3%ADsek%2C%20%C4%8Cesko\" target=\"_blank\" rel=\"nofollow sponsored noopener\">Hotel Otava<\/a><\/strong>, num pr\u00e9dio da Primeira Rep\u00fablica com pinturas de Ale\u0161 \u2014 mas os quartos s\u00e3o mais dif\u00edceis de conseguir, ent\u00e3o reserve com anteced\u00eancia.<\/p>\n\n\n\n<p class=\"wp-block-paragraph\">\ud83d\udca1 <strong>Dica:<\/strong> Confira a oferta completa de hospedagem em P\u00edsek com os pre\u00e7os atualizados <a href=\"https:\/\/www.stay22.com\/allez\/roam?aid=lukaskonecny&amp;campaign=loudavymkrokemcz&amp;campaign=vylety-v-okoli-pisku&amp;address=P%C3%ADsek%2C%20%C4%8Cesko\" target=\"_blank\" rel=\"nofollow sponsored noopener\">no mapa de hospedagem em P\u00edsek<\/a> \u2014 na alta temporada e nos feriados prolongados as vagas se esgotam r\u00e1pido.<\/p>\n\n\n\n<h2 class=\"wp-block-heading\"><span class=\"ez-toc-section\" id=\"Passeios_de_ate_15_quilometros_para_meio_dia_ou_de_bike\"><\/span>Passeios de at\u00e9 15 quil\u00f4metros: para meio dia ou de bike<span class=\"ez-toc-section-end\"><\/span><\/h2>\n\n\n\n<p class=\"wp-block-paragraph\">Esses destinos mais pr\u00f3ximos ficam mesmo logo ali ao lado, e as fam\u00edlias de P\u00edsek v\u00eam para c\u00e1 principalmente nos fins de semana, quando n\u00e3o t\u00eam vontade de passar muito tempo no carro. Voc\u00ea faz esses passeios tranquilamente numa tarde ou como um agrad\u00e1vel destino de bicicleta.<\/p>\n\n\n\n<figure data-wp-context=\"{&quot;imageId&quot;:&quot;6a95632ad0575&quot;}\" data-wp-interactive=\"core\/image\" data-wp-key=\"6a95632ad0575\" class=\"wp-block-image size-full wp-lightbox-container\"><img decoding=\"async\" width=\"2528\" height=\"1696\" data-wp-class--hide=\"state.isContentHidden\" data-wp-class--show=\"state.isContentVisible\" data-wp-init=\"callbacks.setButtonStyles\" data-wp-on--click=\"actions.showLightbox\" data-wp-on--load=\"callbacks.setButtonStyles\" data-wp-on--pointerdown=\"actions.preloadImage\" data-wp-on--pointerenter=\"actions.preloadImageWithDelay\" data-wp-on--pointerleave=\"actions.cancelPreload\" data-wp-on-window--resize=\"callbacks.setButtonStyles\" src=\"https:\/\/loudavymkrokem.cz\/wp-content\/uploads\/2026\/08\/lk-04.jpg\" alt=\"Torre-mirante Jarn\u00edk nas Colinas de P\u00edsek\" class=\"wp-image-403974\" title=\"\" srcset=\"https:\/\/loudavymkrokem.cz\/wp-content\/uploads\/2026\/08\/lk-04.jpg 2528w, https:\/\/loudavymkrokem.cz\/wp-content\/uploads\/2026\/08\/lk-04-300x201.jpg 300w, https:\/\/loudavymkrokem.cz\/wp-content\/uploads\/2026\/08\/lk-04-700x470.jpg 700w, https:\/\/loudavymkrokem.cz\/wp-content\/uploads\/2026\/08\/lk-04-768x515.jpg 768w, https:\/\/loudavymkrokem.cz\/wp-content\/uploads\/2026\/08\/lk-04-1536x1030.jpg 1536w, https:\/\/loudavymkrokem.cz\/wp-content\/uploads\/2026\/08\/lk-04-2048x1374.jpg 2048w, https:\/\/loudavymkrokem.cz\/wp-content\/uploads\/2026\/08\/lk-04-696x467.jpg 696w, https:\/\/loudavymkrokem.cz\/wp-content\/uploads\/2026\/08\/lk-04-1392x934.jpg 1392w, https:\/\/loudavymkrokem.cz\/wp-content\/uploads\/2026\/08\/lk-04-1920x1288.jpg 1920w\" sizes=\"(max-width: 2528px) 100vw, 2528px\" \/><button\n\t\t\tclass=\"lightbox-trigger\"\n\t\t\ttype=\"button\"\n\t\t\taria-haspopup=\"dialog\"\n\t\t\tdata-wp-bind--aria-label=\"state.thisImage.triggerButtonAriaLabel\"\n\t\t\tdata-wp-init=\"callbacks.initTriggerButton\"\n\t\t\tdata-wp-on--click=\"actions.showLightbox\"\n\t\t\tdata-wp-style--right=\"state.thisImage.buttonRight\"\n\t\t\tdata-wp-style--top=\"state.thisImage.buttonTop\"\n\t\t>\n\t\t\t<svg xmlns=\"http:\/\/www.w3.org\/2000\/svg\" width=\"12\" height=\"12\" fill=\"none\" viewBox=\"0 0 12 12\">\n\t\t\t\t<path fill=\"#fff\" d=\"M2 0a2 2 0 0 0-2 2v2h1.5V2a.5.5 0 0 1 .5-.5h2V0H2Zm2 10.5H2a.5.5 0 0 1-.5-.5V8H0v2a2 2 0 0 0 2 2h2v-1.5ZM8 12v-1.5h2a.5.5 0 0 0 .5-.5V8H12v2a2 2 0 0 1-2 2H8Zm2-12a2 2 0 0 1 2 2v2h-1.5V2a.5.5 0 0 0-.5-.5H8V0h2Z\" \/>\n\t\t\t<\/svg>\n\t\t<\/button><figcaption class=\"wp-element-caption\">Baseado na fotografia: Chmee2 \/ Wikimedia Commons, CC BY 3.0 \u00b7 com cores ajustadas<\/figcaption><\/figure>\n\n\n\n<h3 class=\"wp-block-heading\"><span class=\"ez-toc-section\" id=\"1_Torre-mirante_Jarnik\"><\/span>1. Torre-mirante Jarn\u00edk<span class=\"ez-toc-section-end\"><\/span><\/h3>\n\n\n\n<p class=\"wp-block-paragraph\">Do centro de P\u00edsek at\u00e9 a torre-mirante s\u00e3o apenas <strong>5,1 quil\u00f4metros, o que de carro leva cerca de 21 minutos<\/strong> at\u00e9 o estacionamento de apoio. Ela fica bem nas Colinas de P\u00edsek, acima da cidade, e do estacionamento gratuito U Vod\u00e1ka at\u00e9 a pr\u00f3pria torre \u00e9 mais 1,7 quil\u00f4metro a p\u00e9 por uma linda floresta.<\/p>\n\n\n\n<p class=\"wp-block-paragraph\">A subida \u00e9 gratuita e funciona 24 horas. Quase mil pessoas d\u00e3o a ela em m\u00e9dia quatro estrelas e meia e, embora tecnicamente seja uma torre de telecomunica\u00e7\u00f5es, a plataforma de observa\u00e7\u00e3o oferece uma bela vista panor\u00e2mica da cidade e dos arredores, desde que n\u00e3o haja neblina.<\/p>\n\n\n\n<p class=\"wp-block-paragraph\">Al\u00e9m disso, esse passeio <strong>combina de forma ideal com o vizinho cercado U Vod\u00e1ka<\/strong>, onde voc\u00ea pode observar gamos e mufl\u00f5es. Pertinho dali, junto ao chal\u00e9 \u017divec, voc\u00ea encontra o popular labirinto 3D nas copas das \u00e1rvores, o que faz deste lugar um destino perfeito para meio dia para todas as idades.<\/p>\n\n\n\n<figure data-wp-context=\"{&quot;imageId&quot;:&quot;6a95632ad0aaa&quot;}\" data-wp-interactive=\"core\/image\" data-wp-key=\"6a95632ad0aaa\" class=\"wp-block-image size-full wp-lightbox-container\"><img decoding=\"async\" width=\"2528\" height=\"1696\" data-wp-class--hide=\"state.isContentHidden\" data-wp-class--show=\"state.isContentVisible\" data-wp-init=\"callbacks.setButtonStyles\" data-wp-on--click=\"actions.showLightbox\" data-wp-on--load=\"callbacks.setButtonStyles\" data-wp-on--pointerdown=\"actions.preloadImage\" data-wp-on--pointerenter=\"actions.preloadImageWithDelay\" data-wp-on--pointerleave=\"actions.cancelPreload\" data-wp-on-window--resize=\"callbacks.setButtonStyles\" src=\"https:\/\/loudavymkrokem.cz\/wp-content\/uploads\/2026\/08\/lk-05.jpg\" alt=\"Vista de P\u00edsek a partir das Colinas de P\u00edsek\" class=\"wp-image-403977\" title=\"\" srcset=\"https:\/\/loudavymkrokem.cz\/wp-content\/uploads\/2026\/08\/lk-05.jpg 2528w, https:\/\/loudavymkrokem.cz\/wp-content\/uploads\/2026\/08\/lk-05-300x201.jpg 300w, https:\/\/loudavymkrokem.cz\/wp-content\/uploads\/2026\/08\/lk-05-700x470.jpg 700w, https:\/\/loudavymkrokem.cz\/wp-content\/uploads\/2026\/08\/lk-05-768x515.jpg 768w, https:\/\/loudavymkrokem.cz\/wp-content\/uploads\/2026\/08\/lk-05-1536x1030.jpg 1536w, https:\/\/loudavymkrokem.cz\/wp-content\/uploads\/2026\/08\/lk-05-2048x1374.jpg 2048w, https:\/\/loudavymkrokem.cz\/wp-content\/uploads\/2026\/08\/lk-05-696x467.jpg 696w, https:\/\/loudavymkrokem.cz\/wp-content\/uploads\/2026\/08\/lk-05-1392x934.jpg 1392w, https:\/\/loudavymkrokem.cz\/wp-content\/uploads\/2026\/08\/lk-05-1920x1288.jpg 1920w\" sizes=\"(max-width: 2528px) 100vw, 2528px\" \/><button\n\t\t\tclass=\"lightbox-trigger\"\n\t\t\ttype=\"button\"\n\t\t\taria-haspopup=\"dialog\"\n\t\t\tdata-wp-bind--aria-label=\"state.thisImage.triggerButtonAriaLabel\"\n\t\t\tdata-wp-init=\"callbacks.initTriggerButton\"\n\t\t\tdata-wp-on--click=\"actions.showLightbox\"\n\t\t\tdata-wp-style--right=\"state.thisImage.buttonRight\"\n\t\t\tdata-wp-style--top=\"state.thisImage.buttonTop\"\n\t\t>\n\t\t\t<svg xmlns=\"http:\/\/www.w3.org\/2000\/svg\" width=\"12\" height=\"12\" fill=\"none\" viewBox=\"0 0 12 12\">\n\t\t\t\t<path fill=\"#fff\" d=\"M2 0a2 2 0 0 0-2 2v2h1.5V2a.5.5 0 0 1 .5-.5h2V0H2Zm2 10.5H2a.5.5 0 0 1-.5-.5V8H0v2a2 2 0 0 0 2 2h2v-1.5ZM8 12v-1.5h2a.5.5 0 0 0 .5-.5V8H12v2a2 2 0 0 1-2 2H8Zm2-12a2 2 0 0 1 2 2v2h-1.5V2a.5.5 0 0 0-.5-.5H8V0h2Z\" \/>\n\t\t\t<\/svg>\n\t\t<\/button><figcaption class=\"wp-element-caption\">Baseado na fotografia: Chmee2 \/ Wikimedia Commons, CC BY-SA 3.0 \u00b7 com cores ajustadas<\/figcaption><\/figure>\n\n\n\n<h3 class=\"wp-block-heading\"><span class=\"ez-toc-section\" id=\"2_Colinas_de_Pisek\"><\/span>2. Colinas de P\u00edsek<span class=\"ez-toc-section-end\"><\/span><\/h3>\n\n\n\n<p class=\"wp-block-paragraph\">At\u00e9 a borda desse extenso complexo florestal s\u00e3o <strong>cerca de 9,4 quil\u00f4metros, o equivalente a 24 minutos de carro<\/strong> a partir do centro da cidade. Na verdade, as Colinas de P\u00edsek n\u00e3o s\u00e3o montanhas de verdade no sentido literal, e sim uma linda serra arborizada que forma o pulm\u00e3o verde de toda a regi\u00e3o.<\/p>\n\n\n\n<p class=\"wp-block-paragraph\">Voc\u00ea encontra aqui uma <strong>enorme rede de trilhas perfeitamente sinalizadas e lagos silenciosos<\/strong>, que praticamente convidam a longas caminhadas. Recomendo muito visitar o Mirante dos Guardas-florestais de P\u00edsek, com bancos, pain\u00e9is sobre a hist\u00f3ria florestal local e uma vista tranquila para o vale. Quer voc\u00ea saia a p\u00e9 do centro, quer v\u00e1 de carro at\u00e9 o chal\u00e9 \u017divec, uma paz incr\u00edvel sempre o espera.<\/p>\n\n\n\n<p class=\"wp-block-paragraph\">As trilhas s\u00e3o pavimentadas e o carrinho de beb\u00ea passa sem problemas. Mesmo assim, at\u00e9 na temporada \u00e9 f\u00e1cil encontrar um cantinho onde voc\u00ea n\u00e3o cruza com viva alma o dia todo, seja procurando cogumelos, correndo ou apenas passeando.<\/p>\n\n\n\n<figure data-wp-context=\"{&quot;imageId&quot;:&quot;6a95632ad12fb&quot;}\" data-wp-interactive=\"core\/image\" data-wp-key=\"6a95632ad12fb\" class=\"wp-block-image size-full wp-lightbox-container\"><img decoding=\"async\" width=\"2200\" height=\"1467\" data-wp-class--hide=\"state.isContentHidden\" data-wp-class--show=\"state.isContentVisible\" data-wp-init=\"callbacks.setButtonStyles\" data-wp-on--click=\"actions.showLightbox\" data-wp-on--load=\"callbacks.setButtonStyles\" data-wp-on--pointerdown=\"actions.preloadImage\" data-wp-on--pointerenter=\"actions.preloadImageWithDelay\" data-wp-on--pointerleave=\"actions.cancelPreload\" data-wp-on-window--resize=\"callbacks.setButtonStyles\" src=\"https:\/\/loudavymkrokem.cz\/wp-content\/uploads\/2026\/08\/putim-nase-zviratka.jpg\" alt=\"Recanto zool\u00f3gico Nossos Bichinhos em Putim\" class=\"wp-image-404439\" title=\"\" srcset=\"https:\/\/loudavymkrokem.cz\/wp-content\/uploads\/2026\/08\/putim-nase-zviratka.jpg 2200w, https:\/\/loudavymkrokem.cz\/wp-content\/uploads\/2026\/08\/putim-nase-zviratka-300x200.jpg 300w, https:\/\/loudavymkrokem.cz\/wp-content\/uploads\/2026\/08\/putim-nase-zviratka-700x467.jpg 700w, https:\/\/loudavymkrokem.cz\/wp-content\/uploads\/2026\/08\/putim-nase-zviratka-768x512.jpg 768w, https:\/\/loudavymkrokem.cz\/wp-content\/uploads\/2026\/08\/putim-nase-zviratka-1536x1024.jpg 1536w, https:\/\/loudavymkrokem.cz\/wp-content\/uploads\/2026\/08\/putim-nase-zviratka-2048x1366.jpg 2048w, https:\/\/loudavymkrokem.cz\/wp-content\/uploads\/2026\/08\/putim-nase-zviratka-696x464.jpg 696w, https:\/\/loudavymkrokem.cz\/wp-content\/uploads\/2026\/08\/putim-nase-zviratka-1392x928.jpg 1392w, https:\/\/loudavymkrokem.cz\/wp-content\/uploads\/2026\/08\/putim-nase-zviratka-1920x1280.jpg 1920w\" sizes=\"(max-width: 2200px) 100vw, 2200px\" \/><button\n\t\t\tclass=\"lightbox-trigger\"\n\t\t\ttype=\"button\"\n\t\t\taria-haspopup=\"dialog\"\n\t\t\tdata-wp-bind--aria-label=\"state.thisImage.triggerButtonAriaLabel\"\n\t\t\tdata-wp-init=\"callbacks.initTriggerButton\"\n\t\t\tdata-wp-on--click=\"actions.showLightbox\"\n\t\t\tdata-wp-style--right=\"state.thisImage.buttonRight\"\n\t\t\tdata-wp-style--top=\"state.thisImage.buttonTop\"\n\t\t>\n\t\t\t<svg xmlns=\"http:\/\/www.w3.org\/2000\/svg\" width=\"12\" height=\"12\" fill=\"none\" viewBox=\"0 0 12 12\">\n\t\t\t\t<path fill=\"#fff\" d=\"M2 0a2 2 0 0 0-2 2v2h1.5V2a.5.5 0 0 1 .5-.5h2V0H2Zm2 10.5H2a.5.5 0 0 1-.5-.5V8H0v2a2 2 0 0 0 2 2h2v-1.5ZM8 12v-1.5h2a.5.5 0 0 0 .5-.5V8H12v2a2 2 0 0 1-2 2H8Zm2-12a2 2 0 0 1 2 2v2h-1.5V2a.5.5 0 0 0-.5-.5H8V0h2Z\" \/>\n\t\t\t<\/svg>\n\t\t<\/button><\/figure>\n\n\n\n<h3 class=\"wp-block-heading\"><span class=\"ez-toc-section\" id=\"3_Putim_Nossos_Bichinhos\"><\/span>3. Putim: Nossos Bichinhos<span class=\"ez-toc-section-end\"><\/span><\/h3>\n\n\n\n<p class=\"wp-block-paragraph\">At\u00e9 a famosa aldeia de Putim s\u00e3o apenas <strong>6,5 quil\u00f4metros e o trajeto de carro dura s\u00f3 9 minutos<\/strong>. A vila \u00e9 conhecida por toda parte sobretudo gra\u00e7as ao famoso romance sobre o bom soldado \u0160vejk, mas para as fam\u00edlias locais o grande atrativo \u00e9 o encantador recanto zool\u00f3gico chamado Nossos Bichinhos.<\/p>\n\n\n\n<p class=\"wp-block-paragraph\">Esse pequeno espa\u00e7o <strong>tem entrada totalmente gratuita e ali voc\u00ea v\u00ea cangurus e suricatos travessos<\/strong>. Os bichinhos est\u00e3o acostumados com pessoas e o local \u00e9 cuidadosamente mantido, ent\u00e3o com certeza voc\u00ea vai ficar por l\u00e1 mais tempo do que talvez imaginasse \u00e0 primeira vista. Voc\u00ea encontra o hor\u00e1rio de funcionamento atualizado em <a href=\"https:\/\/nasezviratkaputim.cz\" rel=\"nofollow noopener\" target=\"_blank\">nasezviratkaputim.cz<\/a>.<\/p>\n\n\n\n<p class=\"wp-block-paragraph\">Depois de se cansar dos bichinhos, d\u00ea uma passada ainda na velha ponte de pedra sobre o rio Blanice e na igreja de S\u00e3o Louren\u00e7o \u2014 aquele sossego de aldeia simplesmente conquista voc\u00ea, mesmo que v\u00e1 s\u00f3 para meia hora.<\/p>\n\n\n\n<figure data-wp-context=\"{&quot;imageId&quot;:&quot;6a95632ad1a2b&quot;}\" data-wp-interactive=\"core\/image\" data-wp-key=\"6a95632ad1a2b\" class=\"wp-block-image size-full wp-lightbox-container\"><img decoding=\"async\" width=\"2200\" height=\"1467\" data-wp-class--hide=\"state.isContentHidden\" data-wp-class--show=\"state.isContentVisible\" data-wp-init=\"callbacks.setButtonStyles\" data-wp-on--click=\"actions.showLightbox\" data-wp-on--load=\"callbacks.setButtonStyles\" data-wp-on--pointerdown=\"actions.preloadImage\" data-wp-on--pointerenter=\"actions.preloadImageWithDelay\" data-wp-on--pointerleave=\"actions.cancelPreload\" data-wp-on-window--resize=\"callbacks.setButtonStyles\" src=\"https:\/\/loudavymkrokem.cz\/wp-content\/uploads\/2026\/08\/selibov-pohadkova-kovarna.jpg\" alt=\"Ferraria de contos de fadas em Selibov\" class=\"wp-image-404443\" title=\"\" srcset=\"https:\/\/loudavymkrokem.cz\/wp-content\/uploads\/2026\/08\/selibov-pohadkova-kovarna.jpg 2200w, https:\/\/loudavymkrokem.cz\/wp-content\/uploads\/2026\/08\/selibov-pohadkova-kovarna-300x200.jpg 300w, https:\/\/loudavymkrokem.cz\/wp-content\/uploads\/2026\/08\/selibov-pohadkova-kovarna-700x467.jpg 700w, https:\/\/loudavymkrokem.cz\/wp-content\/uploads\/2026\/08\/selibov-pohadkova-kovarna-768x512.jpg 768w, https:\/\/loudavymkrokem.cz\/wp-content\/uploads\/2026\/08\/selibov-pohadkova-kovarna-1536x1024.jpg 1536w, https:\/\/loudavymkrokem.cz\/wp-content\/uploads\/2026\/08\/selibov-pohadkova-kovarna-2048x1366.jpg 2048w, https:\/\/loudavymkrokem.cz\/wp-content\/uploads\/2026\/08\/selibov-pohadkova-kovarna-696x464.jpg 696w, https:\/\/loudavymkrokem.cz\/wp-content\/uploads\/2026\/08\/selibov-pohadkova-kovarna-1392x928.jpg 1392w, https:\/\/loudavymkrokem.cz\/wp-content\/uploads\/2026\/08\/selibov-pohadkova-kovarna-1920x1280.jpg 1920w\" sizes=\"(max-width: 2200px) 100vw, 2200px\" \/><button\n\t\t\tclass=\"lightbox-trigger\"\n\t\t\ttype=\"button\"\n\t\t\taria-haspopup=\"dialog\"\n\t\t\tdata-wp-bind--aria-label=\"state.thisImage.triggerButtonAriaLabel\"\n\t\t\tdata-wp-init=\"callbacks.initTriggerButton\"\n\t\t\tdata-wp-on--click=\"actions.showLightbox\"\n\t\t\tdata-wp-style--right=\"state.thisImage.buttonRight\"\n\t\t\tdata-wp-style--top=\"state.thisImage.buttonTop\"\n\t\t>\n\t\t\t<svg xmlns=\"http:\/\/www.w3.org\/2000\/svg\" width=\"12\" height=\"12\" fill=\"none\" viewBox=\"0 0 12 12\">\n\t\t\t\t<path fill=\"#fff\" d=\"M2 0a2 2 0 0 0-2 2v2h1.5V2a.5.5 0 0 1 .5-.5h2V0H2Zm2 10.5H2a.5.5 0 0 1-.5-.5V8H0v2a2 2 0 0 0 2 2h2v-1.5ZM8 12v-1.5h2a.5.5 0 0 0 .5-.5V8H12v2a2 2 0 0 1-2 2H8Zm2-12a2 2 0 0 1 2 2v2h-1.5V2a.5.5 0 0 0-.5-.5H8V0h2Z\" \/>\n\t\t\t<\/svg>\n\t\t<\/button><\/figure>\n\n\n\n<h3 class=\"wp-block-heading\"><span class=\"ez-toc-section\" id=\"4_Selibov_Ferraria_de_contos_de_fadas\"><\/span>4. Selibov: Ferraria de contos de fadas<span class=\"ez-toc-section-end\"><\/span><\/h3>\n\n\n\n<p class=\"wp-block-paragraph\">O caminho at\u00e9 Selibov representa uma dist\u00e2ncia de <strong>8,2 quil\u00f4metros e leva cerca de 9 minutos de carro<\/strong> a partir da pra\u00e7a de P\u00edsek. Ali fica a incr\u00edvel Ferraria de Contos de Fadas, que est\u00e1 entre os destinos favoritos das fam\u00edlias de toda a regi\u00e3o e ostenta uma avalia\u00e7\u00e3o de 4,7 estrelas por milhares de pessoas.<\/p>\n\n\n\n<p class=\"wp-block-paragraph\">Dentro do casar\u00e3o hist\u00f3rico esperam por voc\u00ea diabinhos, homens-da-\u00e1gua e fadinhas encantadoras, sobretudo para as crian\u00e7as menores, mas, sinceramente, os adultos tamb\u00e9m ficam de boca aberta. As figuras s\u00e3o incrivelmente bem trabalhadas e aquela atmosfera um tanto misteriosa das velhas lendas tchecas cai muito bem aqui.<\/p>\n\n\n\n<p class=\"wp-block-paragraph\">Faz parte do complexo tamb\u00e9m uma <strong>oficina criativa para m\u00e3os habilidosas e, no p\u00e1tio, criam-se burrinhos vivos<\/strong>, que d\u00e3o vida \u00e0 visita. Confira sempre o hor\u00e1rio de funcionamento e o valor atualizado da entrada no site deles, <a href=\"https:\/\/pohadkovakovarna.cz\" rel=\"nofollow noopener\" target=\"_blank\">pohadkovakovarna.cz<\/a>, porque fora da alta temporada de ver\u00e3o o funcionamento pode mudar um pouco.<\/p>\n\n\n\n<figure data-wp-context=\"{&quot;imageId&quot;:&quot;6a95632ad219e&quot;}\" data-wp-interactive=\"core\/image\" data-wp-key=\"6a95632ad219e\" class=\"wp-block-image size-full wp-lightbox-container\"><img decoding=\"async\" width=\"2528\" height=\"1696\" data-wp-class--hide=\"state.isContentHidden\" data-wp-class--show=\"state.isContentVisible\" data-wp-init=\"callbacks.setButtonStyles\" data-wp-on--click=\"actions.showLightbox\" data-wp-on--load=\"callbacks.setButtonStyles\" data-wp-on--pointerdown=\"actions.preloadImage\" data-wp-on--pointerenter=\"actions.preloadImageWithDelay\" data-wp-on--pointerleave=\"actions.cancelPreload\" data-wp-on-window--resize=\"callbacks.setButtonStyles\" src=\"https:\/\/loudavymkrokem.cz\/wp-content\/uploads\/2026\/08\/lk-08.jpg\" alt=\"Fortaleza Superior em Kest\u0159any\" class=\"wp-image-403988\" title=\"\" srcset=\"https:\/\/loudavymkrokem.cz\/wp-content\/uploads\/2026\/08\/lk-08.jpg 2528w, https:\/\/loudavymkrokem.cz\/wp-content\/uploads\/2026\/08\/lk-08-300x201.jpg 300w, https:\/\/loudavymkrokem.cz\/wp-content\/uploads\/2026\/08\/lk-08-700x470.jpg 700w, https:\/\/loudavymkrokem.cz\/wp-content\/uploads\/2026\/08\/lk-08-768x515.jpg 768w, https:\/\/loudavymkrokem.cz\/wp-content\/uploads\/2026\/08\/lk-08-1536x1030.jpg 1536w, https:\/\/loudavymkrokem.cz\/wp-content\/uploads\/2026\/08\/lk-08-2048x1374.jpg 2048w, https:\/\/loudavymkrokem.cz\/wp-content\/uploads\/2026\/08\/lk-08-696x467.jpg 696w, https:\/\/loudavymkrokem.cz\/wp-content\/uploads\/2026\/08\/lk-08-1392x934.jpg 1392w, https:\/\/loudavymkrokem.cz\/wp-content\/uploads\/2026\/08\/lk-08-1920x1288.jpg 1920w\" sizes=\"(max-width: 2528px) 100vw, 2528px\" \/><button\n\t\t\tclass=\"lightbox-trigger\"\n\t\t\ttype=\"button\"\n\t\t\taria-haspopup=\"dialog\"\n\t\t\tdata-wp-bind--aria-label=\"state.thisImage.triggerButtonAriaLabel\"\n\t\t\tdata-wp-init=\"callbacks.initTriggerButton\"\n\t\t\tdata-wp-on--click=\"actions.showLightbox\"\n\t\t\tdata-wp-style--right=\"state.thisImage.buttonRight\"\n\t\t\tdata-wp-style--top=\"state.thisImage.buttonTop\"\n\t\t>\n\t\t\t<svg xmlns=\"http:\/\/www.w3.org\/2000\/svg\" width=\"12\" height=\"12\" fill=\"none\" viewBox=\"0 0 12 12\">\n\t\t\t\t<path fill=\"#fff\" d=\"M2 0a2 2 0 0 0-2 2v2h1.5V2a.5.5 0 0 1 .5-.5h2V0H2Zm2 10.5H2a.5.5 0 0 1-.5-.5V8H0v2a2 2 0 0 0 2 2h2v-1.5ZM8 12v-1.5h2a.5.5 0 0 0 .5-.5V8H12v2a2 2 0 0 1-2 2H8Zm2-12a2 2 0 0 1 2 2v2h-1.5V2a.5.5 0 0 0-.5-.5H8V0h2Z\" \/>\n\t\t\t<\/svg>\n\t\t<\/button><figcaption class=\"wp-element-caption\">Baseado na fotografia: donald judge \/ Wikimedia Commons, CC BY 2.0 \u00b7 com cores ajustadas<\/figcaption><\/figure>\n\n\n\n<h3 class=\"wp-block-heading\"><span class=\"ez-toc-section\" id=\"5_Kestrany_Fortaleza_Superior_e_Inferior\"><\/span>5. Kest\u0159any: Fortaleza Superior e Inferior<span class=\"ez-toc-section-end\"><\/span><\/h3>\n\n\n\n<p class=\"wp-block-paragraph\">Essa raridade hist\u00f3rica fica a <strong>8,9 quil\u00f4metros de P\u00edsek e voc\u00ea chega de carro em 13 minutos<\/strong>. Kest\u0159any \u00e9 um grande nome entre os amantes da hist\u00f3ria, porque ali existe um conjunto totalmente singular de duas fortalezas medievais lado a lado, algo que talvez voc\u00ea n\u00e3o veja em nenhum outro lugar da Tch\u00e9quia.<\/p>\n\n\n\n<p class=\"wp-block-paragraph\">O complexo da Fortaleza Superior costuma estar <strong>aberto na temporada de ver\u00e3o das 9h \u00e0s 19h e parece uma ru\u00edna rom\u00e2ntica aut\u00eantica<\/strong>. As duas fortalezas mantiveram seu ar medieval cru, sem interven\u00e7\u00f5es modernas desnecess\u00e1rias, ent\u00e3o voc\u00ea se sente como se tivesse sa\u00eddo direto de um romance de cavalaria e esquecido o caminho de volta.<\/p>\n\n\n\n<p class=\"wp-block-paragraph\">A grande vantagem deste lugar \u00e9 que <strong>as multid\u00f5es de turistas n\u00e3o v\u00eam para c\u00e1 e reina uma paz incr\u00edvel<\/strong>, ent\u00e3o voc\u00ea pode aproveitar as fotos e a explora\u00e7\u00e3o das muralhas ao m\u00e1ximo. Informa\u00e7\u00f5es detalhadas sobre as visitas e o hor\u00e1rio atualizado voc\u00ea encontra no site <a href=\"https:\/\/kestrany.cz\" rel=\"nofollow noopener\" target=\"_blank\">kestrany.cz<\/a>.<\/p>\n\n\n\n<figure data-wp-context=\"{&quot;imageId&quot;:&quot;6a95632ad28d5&quot;}\" data-wp-interactive=\"core\/image\" data-wp-key=\"6a95632ad28d5\" class=\"wp-block-image size-full wp-lightbox-container\"><img decoding=\"async\" width=\"2200\" height=\"1467\" data-wp-class--hide=\"state.isContentHidden\" data-wp-class--show=\"state.isContentVisible\" data-wp-init=\"callbacks.setButtonStyles\" data-wp-on--click=\"actions.showLightbox\" data-wp-on--load=\"callbacks.setButtonStyles\" data-wp-on--pointerdown=\"actions.preloadImage\" data-wp-on--pointerenter=\"actions.preloadImageWithDelay\" data-wp-on--pointerleave=\"actions.cancelPreload\" data-wp-on-window--resize=\"callbacks.setButtonStyles\" src=\"https:\/\/loudavymkrokem.cz\/wp-content\/uploads\/2026\/08\/maletice-farmapark-zviratka.jpg\" alt=\"Animais de contato no Farmapark Maletice\" class=\"wp-image-404445\" title=\"\" srcset=\"https:\/\/loudavymkrokem.cz\/wp-content\/uploads\/2026\/08\/maletice-farmapark-zviratka.jpg 2200w, https:\/\/loudavymkrokem.cz\/wp-content\/uploads\/2026\/08\/maletice-farmapark-zviratka-300x200.jpg 300w, https:\/\/loudavymkrokem.cz\/wp-content\/uploads\/2026\/08\/maletice-farmapark-zviratka-700x467.jpg 700w, https:\/\/loudavymkrokem.cz\/wp-content\/uploads\/2026\/08\/maletice-farmapark-zviratka-768x512.jpg 768w, https:\/\/loudavymkrokem.cz\/wp-content\/uploads\/2026\/08\/maletice-farmapark-zviratka-1536x1024.jpg 1536w, https:\/\/loudavymkrokem.cz\/wp-content\/uploads\/2026\/08\/maletice-farmapark-zviratka-2048x1366.jpg 2048w, https:\/\/loudavymkrokem.cz\/wp-content\/uploads\/2026\/08\/maletice-farmapark-zviratka-696x464.jpg 696w, https:\/\/loudavymkrokem.cz\/wp-content\/uploads\/2026\/08\/maletice-farmapark-zviratka-1392x928.jpg 1392w, https:\/\/loudavymkrokem.cz\/wp-content\/uploads\/2026\/08\/maletice-farmapark-zviratka-1920x1280.jpg 1920w\" sizes=\"(max-width: 2200px) 100vw, 2200px\" \/><button\n\t\t\tclass=\"lightbox-trigger\"\n\t\t\ttype=\"button\"\n\t\t\taria-haspopup=\"dialog\"\n\t\t\tdata-wp-bind--aria-label=\"state.thisImage.triggerButtonAriaLabel\"\n\t\t\tdata-wp-init=\"callbacks.initTriggerButton\"\n\t\t\tdata-wp-on--click=\"actions.showLightbox\"\n\t\t\tdata-wp-style--right=\"state.thisImage.buttonRight\"\n\t\t\tdata-wp-style--top=\"state.thisImage.buttonTop\"\n\t\t>\n\t\t\t<svg xmlns=\"http:\/\/www.w3.org\/2000\/svg\" width=\"12\" height=\"12\" fill=\"none\" viewBox=\"0 0 12 12\">\n\t\t\t\t<path fill=\"#fff\" d=\"M2 0a2 2 0 0 0-2 2v2h1.5V2a.5.5 0 0 1 .5-.5h2V0H2Zm2 10.5H2a.5.5 0 0 1-.5-.5V8H0v2a2 2 0 0 0 2 2h2v-1.5ZM8 12v-1.5h2a.5.5 0 0 0 .5-.5V8H12v2a2 2 0 0 1-2 2H8Zm2-12a2 2 0 0 1 2 2v2h-1.5V2a.5.5 0 0 0-.5-.5H8V0h2Z\" \/>\n\t\t\t<\/svg>\n\t\t<\/button><\/figure>\n\n\n\n<h3 class=\"wp-block-heading\"><span class=\"ez-toc-section\" id=\"6_Maletice_Farmapark\"><\/span>6. Maletice: Farmapark<span class=\"ez-toc-section-end\"><\/span><\/h3>\n\n\n\n<p class=\"wp-block-paragraph\">At\u00e9 o parque-fazenda rec\u00e9m-constru\u00eddo em Maletice voc\u00ea percorre <strong>11,2 quil\u00f4metros, ou seja, tranquilos 12 minutos de carro<\/strong>. \u00c9 um projeto relativamente novo, mas que conquistou incrivelmente r\u00e1pido o cora\u00e7\u00e3o das fam\u00edlias locais e hoje est\u00e1 entre os destinos familiares favoritos ao alcance da cidade.<\/p>\n\n\n\n<p class=\"wp-block-paragraph\">O espa\u00e7o \u00e9 enorme e <strong>oferece muitos animais de contato junto com camas el\u00e1sticas gigantes<\/strong>, onde as crian\u00e7as podem se divertir com total seguran\u00e7a. Tudo foi pensado para que os pais possam tomar um caf\u00e9 em paz enquanto os pequenos ficam \u00e0 vista se divertindo nos grandes brinquedos. O Farmapark \u00e9 feito de forma incrivelmente inteligente e virou queridinho das fam\u00edlias de P\u00edsek num piscar de olhos. Confira a entrada e o hor\u00e1rio de funcionamento em <a href=\"https:\/\/farmaparkmaletice.cz\" rel=\"nofollow noopener\" target=\"_blank\">farmaparkmaletice.cz<\/a>.<\/p>\n\n\n\n<p class=\"wp-block-paragraph\">Esse destino \u00e9 <strong>quase obrigat\u00f3rio para as fam\u00edlias e voc\u00ea passa aqui uma tarde inteira sem problemas<\/strong>. Se voc\u00ea procura mais ideias parecidas, d\u00ea uma olhada no nosso artigo <a href=\"https:\/\/loudavymkrokem.cz\/pisek-s-detmi\/\">P\u00edsek com crian\u00e7as: 40 dicas de uma m\u00e3e local<\/a>, onde tem um monte de outros lugares testados na regi\u00e3o.<\/p>\n\n\n\n<figure data-wp-context=\"{&quot;imageId&quot;:&quot;6a95632ad30af&quot;}\" data-wp-interactive=\"core\/image\" data-wp-key=\"6a95632ad30af\" class=\"wp-block-image size-full wp-lightbox-container\"><img decoding=\"async\" width=\"2528\" height=\"1696\" data-wp-class--hide=\"state.isContentHidden\" data-wp-class--show=\"state.isContentVisible\" data-wp-init=\"callbacks.setButtonStyles\" data-wp-on--click=\"actions.showLightbox\" data-wp-on--load=\"callbacks.setButtonStyles\" data-wp-on--pointerdown=\"actions.preloadImage\" data-wp-on--pointerenter=\"actions.preloadImageWithDelay\" data-wp-on--pointerleave=\"actions.cancelPreload\" data-wp-on-window--resize=\"callbacks.setButtonStyles\" src=\"https:\/\/loudavymkrokem.cz\/wp-content\/uploads\/2026\/08\/lk-10.jpg\" alt=\"Lago \u0158e\u017eabinec perto de Ra\u017eice\" class=\"wp-image-404016\" title=\"\" srcset=\"https:\/\/loudavymkrokem.cz\/wp-content\/uploads\/2026\/08\/lk-10.jpg 2528w, https:\/\/loudavymkrokem.cz\/wp-content\/uploads\/2026\/08\/lk-10-300x201.jpg 300w, https:\/\/loudavymkrokem.cz\/wp-content\/uploads\/2026\/08\/lk-10-700x470.jpg 700w, https:\/\/loudavymkrokem.cz\/wp-content\/uploads\/2026\/08\/lk-10-768x515.jpg 768w, https:\/\/loudavymkrokem.cz\/wp-content\/uploads\/2026\/08\/lk-10-1536x1030.jpg 1536w, https:\/\/loudavymkrokem.cz\/wp-content\/uploads\/2026\/08\/lk-10-2048x1374.jpg 2048w, https:\/\/loudavymkrokem.cz\/wp-content\/uploads\/2026\/08\/lk-10-696x467.jpg 696w, https:\/\/loudavymkrokem.cz\/wp-content\/uploads\/2026\/08\/lk-10-1392x934.jpg 1392w, https:\/\/loudavymkrokem.cz\/wp-content\/uploads\/2026\/08\/lk-10-1920x1288.jpg 1920w\" sizes=\"(max-width: 2528px) 100vw, 2528px\" \/><button\n\t\t\tclass=\"lightbox-trigger\"\n\t\t\ttype=\"button\"\n\t\t\taria-haspopup=\"dialog\"\n\t\t\tdata-wp-bind--aria-label=\"state.thisImage.triggerButtonAriaLabel\"\n\t\t\tdata-wp-init=\"callbacks.initTriggerButton\"\n\t\t\tdata-wp-on--click=\"actions.showLightbox\"\n\t\t\tdata-wp-style--right=\"state.thisImage.buttonRight\"\n\t\t\tdata-wp-style--top=\"state.thisImage.buttonTop\"\n\t\t>\n\t\t\t<svg xmlns=\"http:\/\/www.w3.org\/2000\/svg\" width=\"12\" height=\"12\" fill=\"none\" viewBox=\"0 0 12 12\">\n\t\t\t\t<path fill=\"#fff\" d=\"M2 0a2 2 0 0 0-2 2v2h1.5V2a.5.5 0 0 1 .5-.5h2V0H2Zm2 10.5H2a.5.5 0 0 1-.5-.5V8H0v2a2 2 0 0 0 2 2h2v-1.5ZM8 12v-1.5h2a.5.5 0 0 0 .5-.5V8H12v2a2 2 0 0 1-2 2H8Zm2-12a2 2 0 0 1 2 2v2h-1.5V2a.5.5 0 0 0-.5-.5H8V0h2Z\" \/>\n\t\t\t<\/svg>\n\t\t<\/button><figcaption class=\"wp-element-caption\">Baseado na fotografia: Chmee2 \/ Wikimedia Commons, CC BY 3.0 \u00b7 com cores ajustadas<\/figcaption><\/figure>\n\n\n\n<h3 class=\"wp-block-heading\"><span class=\"ez-toc-section\" id=\"7_Rezabinec_e_as_lagoas_de_Rezabinec\"><\/span>7. \u0158e\u017eabinec e as lagoas de \u0158e\u017eabinec<span class=\"ez-toc-section-end\"><\/span><\/h3>\n\n\n\n<p class=\"wp-block-paragraph\">At\u00e9 essa linda reserva natural junto \u00e0 aldeia de Ra\u017eice voc\u00ea viaja <strong>11,3 quil\u00f4metros, o que leva cerca de 25 minutos<\/strong>. O lago \u0158e\u017eabinec \u00e9 uma das localidades ornitol\u00f3gicas mais importantes de todo o sul da Bo\u00eamia e toda a \u00e1rea \u00e9 rigorosamente protegida como reserva natural nacional.<\/p>\n\n\n\n<p class=\"wp-block-paragraph\">Ao redor do espelho d&#8217;\u00e1gua <strong>h\u00e1 uma bela trilha educativa com um observat\u00f3rio de aves de madeira<\/strong>, de onde voc\u00ea pode acompanhar sem incomodar a vida sobre a \u00e1gua. Recomendo levar um bin\u00f3culo, porque a quantidade de aves que nidificam aqui ou param durante a migra\u00e7\u00e3o \u00e9 realmente fascinante.<\/p>\n\n\n\n<p class=\"wp-block-paragraph\">Esse lugar \u00e9 <strong>ideal para quem procura sil\u00eancio e uma fuga total da civiliza\u00e7\u00e3o<\/strong>, porque v\u00eam para c\u00e1 mais os amantes da natureza do que o turismo de massa. A trilha, al\u00e9m disso, \u00e9 f\u00e1cil e plana, ent\u00e3o at\u00e9 os mais idosos ou os passeantes de fim de semana a fazem tranquilamente.<\/p>\n\n\n\n<figure data-wp-context=\"{&quot;imageId&quot;:&quot;6a95632ad37b4&quot;}\" data-wp-interactive=\"core\/image\" data-wp-key=\"6a95632ad37b4\" class=\"wp-block-image size-full wp-lightbox-container\"><img decoding=\"async\" width=\"2528\" height=\"1696\" data-wp-class--hide=\"state.isContentHidden\" data-wp-class--show=\"state.isContentVisible\" data-wp-init=\"callbacks.setButtonStyles\" data-wp-on--click=\"actions.showLightbox\" data-wp-on--load=\"callbacks.setButtonStyles\" data-wp-on--pointerdown=\"actions.preloadImage\" data-wp-on--pointerenter=\"actions.preloadImageWithDelay\" data-wp-on--pointerleave=\"actions.cancelPreload\" data-wp-on-window--resize=\"callbacks.setButtonStyles\" src=\"https:\/\/loudavymkrokem.cz\/wp-content\/uploads\/2026\/08\/lk-11.jpg\" alt=\"Ponte de Podol\u00ed sobre a represa de Orl\u00edk\" class=\"wp-image-404022\" title=\"\" srcset=\"https:\/\/loudavymkrokem.cz\/wp-content\/uploads\/2026\/08\/lk-11.jpg 2528w, https:\/\/loudavymkrokem.cz\/wp-content\/uploads\/2026\/08\/lk-11-300x201.jpg 300w, https:\/\/loudavymkrokem.cz\/wp-content\/uploads\/2026\/08\/lk-11-700x470.jpg 700w, https:\/\/loudavymkrokem.cz\/wp-content\/uploads\/2026\/08\/lk-11-768x515.jpg 768w, https:\/\/loudavymkrokem.cz\/wp-content\/uploads\/2026\/08\/lk-11-1536x1030.jpg 1536w, https:\/\/loudavymkrokem.cz\/wp-content\/uploads\/2026\/08\/lk-11-2048x1374.jpg 2048w, https:\/\/loudavymkrokem.cz\/wp-content\/uploads\/2026\/08\/lk-11-696x467.jpg 696w, https:\/\/loudavymkrokem.cz\/wp-content\/uploads\/2026\/08\/lk-11-1392x934.jpg 1392w, https:\/\/loudavymkrokem.cz\/wp-content\/uploads\/2026\/08\/lk-11-1920x1288.jpg 1920w\" sizes=\"(max-width: 2528px) 100vw, 2528px\" \/><button\n\t\t\tclass=\"lightbox-trigger\"\n\t\t\ttype=\"button\"\n\t\t\taria-haspopup=\"dialog\"\n\t\t\tdata-wp-bind--aria-label=\"state.thisImage.triggerButtonAriaLabel\"\n\t\t\tdata-wp-init=\"callbacks.initTriggerButton\"\n\t\t\tdata-wp-on--click=\"actions.showLightbox\"\n\t\t\tdata-wp-style--right=\"state.thisImage.buttonRight\"\n\t\t\tdata-wp-style--top=\"state.thisImage.buttonTop\"\n\t\t>\n\t\t\t<svg xmlns=\"http:\/\/www.w3.org\/2000\/svg\" width=\"12\" height=\"12\" fill=\"none\" viewBox=\"0 0 12 12\">\n\t\t\t\t<path fill=\"#fff\" d=\"M2 0a2 2 0 0 0-2 2v2h1.5V2a.5.5 0 0 1 .5-.5h2V0H2Zm2 10.5H2a.5.5 0 0 1-.5-.5V8H0v2a2 2 0 0 0 2 2h2v-1.5ZM8 12v-1.5h2a.5.5 0 0 0 .5-.5V8H12v2a2 2 0 0 1-2 2H8Zm2-12a2 2 0 0 1 2 2v2h-1.5V2a.5.5 0 0 0-.5-.5H8V0h2Z\" \/>\n\t\t\t<\/svg>\n\t\t<\/button><figcaption class=\"wp-element-caption\">Baseado na fotografia: Honza and Ivana Ebr \/ Wikimedia Commons, CC BY 3.0 \u00b7 com cores ajustadas<\/figcaption><\/figure>\n\n\n\n<h3 class=\"wp-block-heading\"><span class=\"ez-toc-section\" id=\"8_Ponte_de_Podoli\"><\/span>8. Ponte de Podol\u00ed<span class=\"ez-toc-section-end\"><\/span><\/h3>\n\n\n\n<p class=\"wp-block-paragraph\">At\u00e9 essa joia da engenharia s\u00e3o, a partir de P\u00edsek, <strong>12,1 quil\u00f4metros e o trajeto dura s\u00f3 13 minutos<\/strong>. A Ponte de Podol\u00ed, que se arqueia sobre a represa de Orl\u00edk, \u00e9 uma estrutura em arco extremamente elegante, constru\u00edda entre 1938 e 1942, e at\u00e9 hoje representa um exemplo deslumbrante da engenharia da \u00e9poca.<\/p>\n\n\n\n<p class=\"wp-block-paragraph\">O tabuleiro tem um <strong>v\u00e3o principal de 150 metros e oferece uma vista de tirar o f\u00f4lego diretamente sobre o espelho d&#8217;\u00e1gua<\/strong> l\u00e1 embaixo. Em pontos espec\u00edficos d\u00e1 para parar com seguran\u00e7a, contemplar a vista e tirar belas fotos do vale que a ponte cruza com tanta eleg\u00e2ncia.<\/p>\n\n\n\n<p class=\"wp-block-paragraph\">Junto \u00e0 ponte, al\u00e9m disso, <strong>costuma estar aberta uma pequena lanchonete onde voc\u00ea pode tomar um caf\u00e9<\/strong>, e tudo isso combina perfeitamente com a visita ao vizinho castelo de Zv\u00edkov. No Google Maps a ponte tem uma avalia\u00e7\u00e3o fant\u00e1stica de 4,7 estrelas por mais de duas mil pessoas, o que prova que a parada vale muito a pena.<\/p>\n\n\n\n<figure data-wp-context=\"{&quot;imageId&quot;:&quot;6a95632ad3ed6&quot;}\" data-wp-interactive=\"core\/image\" data-wp-key=\"6a95632ad3ed6\" class=\"wp-block-image size-full wp-lightbox-container\"><img decoding=\"async\" width=\"2528\" height=\"1696\" data-wp-class--hide=\"state.isContentHidden\" data-wp-class--show=\"state.isContentVisible\" data-wp-init=\"callbacks.setButtonStyles\" data-wp-on--click=\"actions.showLightbox\" data-wp-on--load=\"callbacks.setButtonStyles\" data-wp-on--pointerdown=\"actions.preloadImage\" data-wp-on--pointerenter=\"actions.preloadImageWithDelay\" data-wp-on--pointerleave=\"actions.cancelPreload\" data-wp-on-window--resize=\"callbacks.setButtonStyles\" src=\"https:\/\/loudavymkrokem.cz\/wp-content\/uploads\/2026\/08\/lk-12.jpg\" alt=\"T\u00famulo de \u017di\u017eka perto de Sudom\u011b\u0159\" class=\"wp-image-404027\" title=\"\" srcset=\"https:\/\/loudavymkrokem.cz\/wp-content\/uploads\/2026\/08\/lk-12.jpg 2528w, https:\/\/loudavymkrokem.cz\/wp-content\/uploads\/2026\/08\/lk-12-300x201.jpg 300w, https:\/\/loudavymkrokem.cz\/wp-content\/uploads\/2026\/08\/lk-12-700x470.jpg 700w, https:\/\/loudavymkrokem.cz\/wp-content\/uploads\/2026\/08\/lk-12-768x515.jpg 768w, https:\/\/loudavymkrokem.cz\/wp-content\/uploads\/2026\/08\/lk-12-1536x1030.jpg 1536w, https:\/\/loudavymkrokem.cz\/wp-content\/uploads\/2026\/08\/lk-12-2048x1374.jpg 2048w, https:\/\/loudavymkrokem.cz\/wp-content\/uploads\/2026\/08\/lk-12-696x467.jpg 696w, https:\/\/loudavymkrokem.cz\/wp-content\/uploads\/2026\/08\/lk-12-1392x934.jpg 1392w, https:\/\/loudavymkrokem.cz\/wp-content\/uploads\/2026\/08\/lk-12-1920x1288.jpg 1920w\" sizes=\"(max-width: 2528px) 100vw, 2528px\" \/><button\n\t\t\tclass=\"lightbox-trigger\"\n\t\t\ttype=\"button\"\n\t\t\taria-haspopup=\"dialog\"\n\t\t\tdata-wp-bind--aria-label=\"state.thisImage.triggerButtonAriaLabel\"\n\t\t\tdata-wp-init=\"callbacks.initTriggerButton\"\n\t\t\tdata-wp-on--click=\"actions.showLightbox\"\n\t\t\tdata-wp-style--right=\"state.thisImage.buttonRight\"\n\t\t\tdata-wp-style--top=\"state.thisImage.buttonTop\"\n\t\t>\n\t\t\t<svg xmlns=\"http:\/\/www.w3.org\/2000\/svg\" width=\"12\" height=\"12\" fill=\"none\" viewBox=\"0 0 12 12\">\n\t\t\t\t<path fill=\"#fff\" d=\"M2 0a2 2 0 0 0-2 2v2h1.5V2a.5.5 0 0 1 .5-.5h2V0H2Zm2 10.5H2a.5.5 0 0 1-.5-.5V8H0v2a2 2 0 0 0 2 2h2v-1.5ZM8 12v-1.5h2a.5.5 0 0 0 .5-.5V8H12v2a2 2 0 0 1-2 2H8Zm2-12a2 2 0 0 1 2 2v2h-1.5V2a.5.5 0 0 0-.5-.5H8V0h2Z\" \/>\n\t\t\t<\/svg>\n\t\t<\/button><\/figure>\n\n\n\n<h3 class=\"wp-block-heading\"><span class=\"ez-toc-section\" id=\"9_Sudomer_Tumulo_de_Zizka\"><\/span>9. Sudom\u011b\u0159: T\u00famulo de \u017di\u017eka<span class=\"ez-toc-section-end\"><\/span><\/h3>\n\n\n\n<p class=\"wp-block-paragraph\">At\u00e9 o local da famosa batalha voc\u00ea percorre <strong>13,7 quil\u00f4metros e chega da cidade em apenas 18 minutos<\/strong>. Foi bem aqui, na paisagem entre os lagos, que em 1420 aconteceu a lend\u00e1ria batalha de Sudom\u011b\u0159, onde as tropas hussitas lideradas por Jan \u017di\u017eka de Trocnov venceram gloriosamente os cruzados.<\/p>\n\n\n\n<p class=\"wp-block-paragraph\">Hoje ergue-se aqui um <strong>monumental memorial de pedra em forma de guerreiro hussita<\/strong>, de acesso livre e, claro, totalmente gratuito. O lugar tem um forte genius loci e nos pain\u00e9is informativos voc\u00ea pode estudar em detalhes como funcionava a t\u00e1tica militar da \u00e9poca, aproveitando os lagos lamacentos.<\/p>\n\n\n\n<p class=\"wp-block-paragraph\">Ao redor do t\u00famulo <strong>h\u00e1 um agrad\u00e1vel percurso entre os espelhos d&#8217;\u00e1gua, perfeito para uma caminhada \u00e0 tarde<\/strong>, e as pessoas avaliam o lugar com belas 4,7 estrelas. \u00c9 um peda\u00e7o de hist\u00f3ria cravado na t\u00edpica paisagem tranquila do sul da Bo\u00eamia, da qual voc\u00ea simplesmente vai se apaixonar.<\/p>\n\n\n\n<figure data-wp-context=\"{&quot;imageId&quot;:&quot;6a95632ad45cc&quot;}\" data-wp-interactive=\"core\/image\" data-wp-key=\"6a95632ad45cc\" class=\"wp-block-image size-full wp-lightbox-container\"><img decoding=\"async\" width=\"2528\" height=\"1696\" data-wp-class--hide=\"state.isContentHidden\" data-wp-class--show=\"state.isContentVisible\" data-wp-init=\"callbacks.setButtonStyles\" data-wp-on--click=\"actions.showLightbox\" data-wp-on--load=\"callbacks.setButtonStyles\" data-wp-on--pointerdown=\"actions.preloadImage\" data-wp-on--pointerenter=\"actions.preloadImageWithDelay\" data-wp-on--pointerleave=\"actions.cancelPreload\" data-wp-on-window--resize=\"callbacks.setButtonStyles\" src=\"https:\/\/loudavymkrokem.cz\/wp-content\/uploads\/2026\/08\/lk-13.jpg\" alt=\"Zoo dos Crocodilos em Protiv\u00edn\" class=\"wp-image-404033\" title=\"\" srcset=\"https:\/\/loudavymkrokem.cz\/wp-content\/uploads\/2026\/08\/lk-13.jpg 2528w, https:\/\/loudavymkrokem.cz\/wp-content\/uploads\/2026\/08\/lk-13-300x201.jpg 300w, https:\/\/loudavymkrokem.cz\/wp-content\/uploads\/2026\/08\/lk-13-700x470.jpg 700w, https:\/\/loudavymkrokem.cz\/wp-content\/uploads\/2026\/08\/lk-13-768x515.jpg 768w, https:\/\/loudavymkrokem.cz\/wp-content\/uploads\/2026\/08\/lk-13-1536x1030.jpg 1536w, https:\/\/loudavymkrokem.cz\/wp-content\/uploads\/2026\/08\/lk-13-2048x1374.jpg 2048w, https:\/\/loudavymkrokem.cz\/wp-content\/uploads\/2026\/08\/lk-13-696x467.jpg 696w, https:\/\/loudavymkrokem.cz\/wp-content\/uploads\/2026\/08\/lk-13-1392x934.jpg 1392w, https:\/\/loudavymkrokem.cz\/wp-content\/uploads\/2026\/08\/lk-13-1920x1288.jpg 1920w\" sizes=\"(max-width: 2528px) 100vw, 2528px\" \/><button\n\t\t\tclass=\"lightbox-trigger\"\n\t\t\ttype=\"button\"\n\t\t\taria-haspopup=\"dialog\"\n\t\t\tdata-wp-bind--aria-label=\"state.thisImage.triggerButtonAriaLabel\"\n\t\t\tdata-wp-init=\"callbacks.initTriggerButton\"\n\t\t\tdata-wp-on--click=\"actions.showLightbox\"\n\t\t\tdata-wp-style--right=\"state.thisImage.buttonRight\"\n\t\t\tdata-wp-style--top=\"state.thisImage.buttonTop\"\n\t\t>\n\t\t\t<svg xmlns=\"http:\/\/www.w3.org\/2000\/svg\" width=\"12\" height=\"12\" fill=\"none\" viewBox=\"0 0 12 12\">\n\t\t\t\t<path fill=\"#fff\" d=\"M2 0a2 2 0 0 0-2 2v2h1.5V2a.5.5 0 0 1 .5-.5h2V0H2Zm2 10.5H2a.5.5 0 0 1-.5-.5V8H0v2a2 2 0 0 0 2 2h2v-1.5ZM8 12v-1.5h2a.5.5 0 0 0 .5-.5V8H12v2a2 2 0 0 1-2 2H8Zm2-12a2 2 0 0 1 2 2v2h-1.5V2a.5.5 0 0 0-.5-.5H8V0h2Z\" \/>\n\t\t\t<\/svg>\n\t\t<\/button><\/figure>\n\n\n\n<h3 class=\"wp-block-heading\"><span class=\"ez-toc-section\" id=\"10_Protivin\"><\/span>10. Protiv\u00edn<span class=\"ez-toc-section-end\"><\/span><\/h3>\n\n\n\n<p class=\"wp-block-paragraph\">A cidadezinha de Protiv\u00edn fica a <strong>14,1 quil\u00f4metros e voc\u00ea chega bem r\u00e1pido, em 14 minutos<\/strong>. Esta cidade \u00e9 um destino incrivelmente popular e esconde tantas atra\u00e7\u00f5es que d\u00e1 para passar aqui um fim de semana inteiro, come\u00e7ando pelo famoso Zoo dos Crocodilos, com avalia\u00e7\u00e3o de 4,5 estrelas de mais de cinco mil resenhas.<\/p>\n\n\n\n<p class=\"wp-block-paragraph\">Esse zool\u00f3gico <strong>mant\u00e9m a maior cria\u00e7\u00e3o especializada de crocodilos da Europa<\/strong> e, na temporada de ver\u00e3o, costuma abrir todos os dias das 10h \u00e0s 17h. Al\u00e9m disso, voc\u00ea encontra aqui o deslumbrante Reino do Tempo, uma vila art nouveau que abriga um museu de rel\u00f3gios, com uma sala de brincar coberta e um jardim.<\/p>\n\n\n\n<p class=\"wp-block-paragraph\">Vale muito a pena tamb\u00e9m <strong>fazer a visita guiada \u00e0 hist\u00f3rica cervejaria Platan<\/strong> e, se voc\u00ea tem crian\u00e7as pequenas, o centro de divers\u00e3o coberto Fiziland pode salvar o seu dia. Confira antes o pre\u00e7o da entrada de cada atra\u00e7\u00e3o nos sites <a href=\"https:\/\/krokodylizoo.cz\" rel=\"nofollow noopener\" target=\"_blank\">krokodylizoo.cz<\/a> e outros, para n\u00e3o ter surpresas no local.<\/p>\n\n\n\n<figure data-wp-context=\"{&quot;imageId&quot;:&quot;6a95632ad4c23&quot;}\" data-wp-interactive=\"core\/image\" data-wp-key=\"6a95632ad4c23\" class=\"wp-block-image size-full wp-lightbox-container\"><img decoding=\"async\" width=\"1152\" height=\"768\" data-wp-class--hide=\"state.isContentHidden\" data-wp-class--show=\"state.isContentVisible\" data-wp-init=\"callbacks.setButtonStyles\" data-wp-on--click=\"actions.showLightbox\" data-wp-on--load=\"callbacks.setButtonStyles\" data-wp-on--pointerdown=\"actions.preloadImage\" data-wp-on--pointerenter=\"actions.preloadImageWithDelay\" data-wp-on--pointerleave=\"actions.cancelPreload\" data-wp-on-window--resize=\"callbacks.setButtonStyles\" src=\"https:\/\/loudavymkrokem.cz\/wp-content\/uploads\/2026\/08\/hrad-zvikov-v-zime.jpg\" alt=\"Castelo de Zv\u00edkov com o caminho nevado at\u00e9 o port\u00e3o no inverno\" class=\"wp-image-404450\" title=\"\" srcset=\"https:\/\/loudavymkrokem.cz\/wp-content\/uploads\/2026\/08\/hrad-zvikov-v-zime.jpg 1152w, https:\/\/loudavymkrokem.cz\/wp-content\/uploads\/2026\/08\/hrad-zvikov-v-zime-300x200.jpg 300w, https:\/\/loudavymkrokem.cz\/wp-content\/uploads\/2026\/08\/hrad-zvikov-v-zime-700x467.jpg 700w, https:\/\/loudavymkrokem.cz\/wp-content\/uploads\/2026\/08\/hrad-zvikov-v-zime-768x512.jpg 768w, https:\/\/loudavymkrokem.cz\/wp-content\/uploads\/2026\/08\/hrad-zvikov-v-zime-696x464.jpg 696w\" sizes=\"(max-width: 1152px) 100vw, 1152px\" \/><button\n\t\t\tclass=\"lightbox-trigger\"\n\t\t\ttype=\"button\"\n\t\t\taria-haspopup=\"dialog\"\n\t\t\tdata-wp-bind--aria-label=\"state.thisImage.triggerButtonAriaLabel\"\n\t\t\tdata-wp-init=\"callbacks.initTriggerButton\"\n\t\t\tdata-wp-on--click=\"actions.showLightbox\"\n\t\t\tdata-wp-style--right=\"state.thisImage.buttonRight\"\n\t\t\tdata-wp-style--top=\"state.thisImage.buttonTop\"\n\t\t>\n\t\t\t<svg xmlns=\"http:\/\/www.w3.org\/2000\/svg\" width=\"12\" height=\"12\" fill=\"none\" viewBox=\"0 0 12 12\">\n\t\t\t\t<path fill=\"#fff\" d=\"M2 0a2 2 0 0 0-2 2v2h1.5V2a.5.5 0 0 1 .5-.5h2V0H2Zm2 10.5H2a.5.5 0 0 1-.5-.5V8H0v2a2 2 0 0 0 2 2h2v-1.5ZM8 12v-1.5h2a.5.5 0 0 0 .5-.5V8H12v2a2 2 0 0 1-2 2H8Zm2-12a2 2 0 0 1 2 2v2h-1.5V2a.5.5 0 0 0-.5-.5H8V0h2Z\" \/>\n\t\t\t<\/svg>\n\t\t<\/button><\/figure>\n\n\n\n<h2 class=\"wp-block-heading\"><span class=\"ez-toc-section\" id=\"Castelos_palacios_e_mosteiros_perto_de_Pisek\"><\/span>Castelos, pal\u00e1cios e mosteiros perto de P\u00edsek<span class=\"ez-toc-section-end\"><\/span><\/h2>\n\n\n\n<p class=\"wp-block-paragraph\">Esta parte dos passeios j\u00e1 toma um pouco mais de tempo, porque os edif\u00edcios hist\u00f3ricos ficam a uma dist\u00e2ncia de cerca de 15 a 40 quil\u00f4metros. Mas todos est\u00e3o entre o que h\u00e1 de absolutamente melhor para ver na nossa regi\u00e3o.<\/p>\n\n\n\n<figure data-wp-context=\"{&quot;imageId&quot;:&quot;6a95632ad50d2&quot;}\" data-wp-interactive=\"core\/image\" data-wp-key=\"6a95632ad50d2\" class=\"wp-block-image size-full wp-lightbox-container\"><img decoding=\"async\" width=\"2528\" height=\"1696\" data-wp-class--hide=\"state.isContentHidden\" data-wp-class--show=\"state.isContentVisible\" data-wp-init=\"callbacks.setButtonStyles\" data-wp-on--click=\"actions.showLightbox\" data-wp-on--load=\"callbacks.setButtonStyles\" data-wp-on--pointerdown=\"actions.preloadImage\" data-wp-on--pointerenter=\"actions.preloadImageWithDelay\" data-wp-on--pointerleave=\"actions.cancelPreload\" data-wp-on-window--resize=\"callbacks.setButtonStyles\" src=\"https:\/\/loudavymkrokem.cz\/wp-content\/uploads\/2026\/08\/lk-15.jpg\" alt=\"Arcadas g\u00f3ticas no castelo de Zv\u00edkov\" class=\"wp-image-404047\" title=\"\" srcset=\"https:\/\/loudavymkrokem.cz\/wp-content\/uploads\/2026\/08\/lk-15.jpg 2528w, https:\/\/loudavymkrokem.cz\/wp-content\/uploads\/2026\/08\/lk-15-300x201.jpg 300w, https:\/\/loudavymkrokem.cz\/wp-content\/uploads\/2026\/08\/lk-15-700x470.jpg 700w, https:\/\/loudavymkrokem.cz\/wp-content\/uploads\/2026\/08\/lk-15-768x515.jpg 768w, https:\/\/loudavymkrokem.cz\/wp-content\/uploads\/2026\/08\/lk-15-1536x1030.jpg 1536w, https:\/\/loudavymkrokem.cz\/wp-content\/uploads\/2026\/08\/lk-15-2048x1374.jpg 2048w, https:\/\/loudavymkrokem.cz\/wp-content\/uploads\/2026\/08\/lk-15-696x467.jpg 696w, https:\/\/loudavymkrokem.cz\/wp-content\/uploads\/2026\/08\/lk-15-1392x934.jpg 1392w, https:\/\/loudavymkrokem.cz\/wp-content\/uploads\/2026\/08\/lk-15-1920x1288.jpg 1920w\" sizes=\"(max-width: 2528px) 100vw, 2528px\" \/><button\n\t\t\tclass=\"lightbox-trigger\"\n\t\t\ttype=\"button\"\n\t\t\taria-haspopup=\"dialog\"\n\t\t\tdata-wp-bind--aria-label=\"state.thisImage.triggerButtonAriaLabel\"\n\t\t\tdata-wp-init=\"callbacks.initTriggerButton\"\n\t\t\tdata-wp-on--click=\"actions.showLightbox\"\n\t\t\tdata-wp-style--right=\"state.thisImage.buttonRight\"\n\t\t\tdata-wp-style--top=\"state.thisImage.buttonTop\"\n\t\t>\n\t\t\t<svg xmlns=\"http:\/\/www.w3.org\/2000\/svg\" width=\"12\" height=\"12\" fill=\"none\" viewBox=\"0 0 12 12\">\n\t\t\t\t<path fill=\"#fff\" d=\"M2 0a2 2 0 0 0-2 2v2h1.5V2a.5.5 0 0 1 .5-.5h2V0H2Zm2 10.5H2a.5.5 0 0 1-.5-.5V8H0v2a2 2 0 0 0 2 2h2v-1.5ZM8 12v-1.5h2a.5.5 0 0 0 .5-.5V8H12v2a2 2 0 0 1-2 2H8Zm2-12a2 2 0 0 1 2 2v2h-1.5V2a.5.5 0 0 0-.5-.5H8V0h2Z\" \/>\n\t\t\t<\/svg>\n\t\t<\/button><figcaption class=\"wp-element-caption\">Baseado na fotografia: Klaus Kettner \/ Wikimedia Commons, CC BY 2.5 \u00b7 com cores ajustadas<\/figcaption><\/figure>\n\n\n\n<h3 class=\"wp-block-heading\"><span class=\"ez-toc-section\" id=\"11_Castelo_de_Zvikov_o_%E2%80%9Crei_dos_castelos_tchecos%E2%80%9D\"><\/span>11. Castelo de Zv\u00edkov: o &#8220;rei dos castelos tchecos&#8221;<span class=\"ez-toc-section-end\"><\/span><\/h3>\n\n\n\n<p class=\"wp-block-paragraph\">At\u00e9 esse castelo majestoso voc\u00ea percorre <strong>26,4 quil\u00f4metros e o trajeto de carro dura cerca de 32 minutos<\/strong>. Zv\u00edkov \u00e9, com toda raz\u00e3o, chamado de rei dos castelos tchecos, e a sua posi\u00e7\u00e3o num promont\u00f3rio rochoso sobre a conflu\u00eancia dos rios Vltava e Otava, hoje elevada pelas \u00e1guas da represa de Orl\u00edk, \u00e9 absolutamente ic\u00f4nica.<\/p>\n\n\n\n<p class=\"wp-block-paragraph\">Segundo a tabela de pre\u00e7os confirmada para 2026, <strong>o circuito b\u00e1sico do Pal\u00e1cio Real custa 180 K\u010d (cerca de R$ 45) para adultos<\/strong>, a entrada com desconto para idosos e jovens \u00e9 de 140 K\u010d (cerca de R$ 35) e as crian\u00e7as pagam 50 K\u010d (cerca de R$ 12). Voc\u00ea percorre no seu ritmo e, em cerca de uma hora, d\u00e1 conta das arcadas g\u00f3ticas e daquela incr\u00edvel Torre Hl\u00edza rom\u00e2nica, na qual voc\u00ea simplesmente precisa parar.<\/p>\n\n\n\n<p class=\"wp-block-paragraph\">Em julho e agosto <strong>abrem de ter\u00e7a a domingo, das 9h \u00e0s 17h, e \u00e0s segundas fica fechado<\/strong>, e saiba que a capacidade costuma se esgotar na temporada. Fora das f\u00e9rias de ver\u00e3o, cuidado com a pausa do almo\u00e7o, quando a bilheteria fica fechada entre 12h e 13h. A tabela de pre\u00e7os atualizada e o hor\u00e1rio voc\u00ea encontra em <a href=\"https:\/\/hrad-zvikov.cz\" rel=\"nofollow noopener\" target=\"_blank\">hrad-zvikov.cz<\/a>.<\/p>\n\n\n\n<figure data-wp-context=\"{&quot;imageId&quot;:&quot;6a95632ad58c7&quot;}\" data-wp-interactive=\"core\/image\" data-wp-key=\"6a95632ad58c7\" class=\"wp-block-image size-full wp-lightbox-container\"><img decoding=\"async\" width=\"2528\" height=\"1696\" data-wp-class--hide=\"state.isContentHidden\" data-wp-class--show=\"state.isContentVisible\" data-wp-init=\"callbacks.setButtonStyles\" data-wp-on--click=\"actions.showLightbox\" data-wp-on--load=\"callbacks.setButtonStyles\" data-wp-on--pointerdown=\"actions.preloadImage\" data-wp-on--pointerenter=\"actions.preloadImageWithDelay\" data-wp-on--pointerleave=\"actions.cancelPreload\" data-wp-on-window--resize=\"callbacks.setButtonStyles\" src=\"https:\/\/loudavymkrokem.cz\/wp-content\/uploads\/2026\/08\/lk-16.jpg\" alt=\"Castelo de Orl\u00edk sobre as \u00e1guas da represa de Orl\u00edk\" class=\"wp-image-404051\" title=\"\" srcset=\"https:\/\/loudavymkrokem.cz\/wp-content\/uploads\/2026\/08\/lk-16.jpg 2528w, https:\/\/loudavymkrokem.cz\/wp-content\/uploads\/2026\/08\/lk-16-300x201.jpg 300w, https:\/\/loudavymkrokem.cz\/wp-content\/uploads\/2026\/08\/lk-16-700x470.jpg 700w, https:\/\/loudavymkrokem.cz\/wp-content\/uploads\/2026\/08\/lk-16-768x515.jpg 768w, https:\/\/loudavymkrokem.cz\/wp-content\/uploads\/2026\/08\/lk-16-1536x1030.jpg 1536w, https:\/\/loudavymkrokem.cz\/wp-content\/uploads\/2026\/08\/lk-16-2048x1374.jpg 2048w, https:\/\/loudavymkrokem.cz\/wp-content\/uploads\/2026\/08\/lk-16-696x467.jpg 696w, https:\/\/loudavymkrokem.cz\/wp-content\/uploads\/2026\/08\/lk-16-1392x934.jpg 1392w, https:\/\/loudavymkrokem.cz\/wp-content\/uploads\/2026\/08\/lk-16-1920x1288.jpg 1920w\" sizes=\"(max-width: 2528px) 100vw, 2528px\" \/><button\n\t\t\tclass=\"lightbox-trigger\"\n\t\t\ttype=\"button\"\n\t\t\taria-haspopup=\"dialog\"\n\t\t\tdata-wp-bind--aria-label=\"state.thisImage.triggerButtonAriaLabel\"\n\t\t\tdata-wp-init=\"callbacks.initTriggerButton\"\n\t\t\tdata-wp-on--click=\"actions.showLightbox\"\n\t\t\tdata-wp-style--right=\"state.thisImage.buttonRight\"\n\t\t\tdata-wp-style--top=\"state.thisImage.buttonTop\"\n\t\t>\n\t\t\t<svg xmlns=\"http:\/\/www.w3.org\/2000\/svg\" width=\"12\" height=\"12\" fill=\"none\" viewBox=\"0 0 12 12\">\n\t\t\t\t<path fill=\"#fff\" d=\"M2 0a2 2 0 0 0-2 2v2h1.5V2a.5.5 0 0 1 .5-.5h2V0H2Zm2 10.5H2a.5.5 0 0 1-.5-.5V8H0v2a2 2 0 0 0 2 2h2v-1.5ZM8 12v-1.5h2a.5.5 0 0 0 .5-.5V8H12v2a2 2 0 0 1-2 2H8Zm2-12a2 2 0 0 1 2 2v2h-1.5V2a.5.5 0 0 0-.5-.5H8V0h2Z\" \/>\n\t\t\t<\/svg>\n\t\t<\/button><figcaption class=\"wp-element-caption\">Baseado na fotografia: Bjalek Michal \/ Wikimedia Commons, CC BY-SA 3.0 \u00b7 com cores ajustadas<\/figcaption><\/figure>\n\n\n\n<h3 class=\"wp-block-heading\"><span class=\"ez-toc-section\" id=\"12_Castelo_de_Orlik_nad_Vltavou\"><\/span>12. Castelo de Orl\u00edk nad Vltavou<span class=\"ez-toc-section-end\"><\/span><\/h3>\n\n\n\n<p class=\"wp-block-paragraph\">O caminho at\u00e9 Orl\u00edk representa <strong>40,1 quil\u00f4metros e, de P\u00edsek, voc\u00ea chega confortavelmente em 36 minutos<\/strong>. Esse lindo castelo da fam\u00edlia Lobkowicz se ergue bem sobre as \u00e1guas da represa de Orl\u00edk e est\u00e1 entre as resid\u00eancias nobres mais fotog\u00eanicas de todo o pa\u00eds.<\/p>\n\n\n\n<p class=\"wp-block-paragraph\">Na temporada de ver\u00e3o, <strong>o castelo costuma abrir de ter\u00e7a a domingo, entre 9h e 17h<\/strong>, sendo que as segundas permanecem tradicionalmente fechadas. Depois de visitar os interiores ricamente mobiliados, recomendo muito percorrer o extenso parque do castelo, no qual se esconde tamb\u00e9m o monumental mausol\u00e9u da fam\u00edlia Schwarzenberg.<\/p>\n\n\n\n<p class=\"wp-block-paragraph\">Os pre\u00e7os das entradas n\u00e3o est\u00e3o publicados de forma geral, ent\u00e3o <strong>confira o valor atualizado no site oficial <a href=\"https:\/\/zamekorlik.cz\" rel=\"nofollow noopener\" target=\"_blank\">zamekorlik.cz<\/a><\/strong>, e tome muito cuidado para n\u00e3o confundir com o site zamek-orlik.cz, que \u00e9 uma ru\u00edna totalmente diferente perto de Humpolec. Voc\u00ea tamb\u00e9m pode tirar d\u00favidas pelo telefone deles, 382 275 101.<\/p>\n\n\n\n<figure data-wp-context=\"{&quot;imageId&quot;:&quot;6a95632ad609e&quot;}\" data-wp-interactive=\"core\/image\" data-wp-key=\"6a95632ad609e\" class=\"wp-block-image size-full wp-lightbox-container\"><img decoding=\"async\" width=\"2528\" height=\"1696\" data-wp-class--hide=\"state.isContentHidden\" data-wp-class--show=\"state.isContentVisible\" data-wp-init=\"callbacks.setButtonStyles\" data-wp-on--click=\"actions.showLightbox\" data-wp-on--load=\"callbacks.setButtonStyles\" data-wp-on--pointerdown=\"actions.preloadImage\" data-wp-on--pointerenter=\"actions.preloadImageWithDelay\" data-wp-on--pointerleave=\"actions.cancelPreload\" data-wp-on-window--resize=\"callbacks.setButtonStyles\" src=\"https:\/\/loudavymkrokem.cz\/wp-content\/uploads\/2026\/08\/lk-17.jpg\" alt=\"Castelo de \u00e1gua de Blatn\u00e1\" class=\"wp-image-404055\" title=\"\" srcset=\"https:\/\/loudavymkrokem.cz\/wp-content\/uploads\/2026\/08\/lk-17.jpg 2528w, https:\/\/loudavymkrokem.cz\/wp-content\/uploads\/2026\/08\/lk-17-300x201.jpg 300w, https:\/\/loudavymkrokem.cz\/wp-content\/uploads\/2026\/08\/lk-17-700x470.jpg 700w, https:\/\/loudavymkrokem.cz\/wp-content\/uploads\/2026\/08\/lk-17-768x515.jpg 768w, https:\/\/loudavymkrokem.cz\/wp-content\/uploads\/2026\/08\/lk-17-1536x1030.jpg 1536w, https:\/\/loudavymkrokem.cz\/wp-content\/uploads\/2026\/08\/lk-17-2048x1374.jpg 2048w, https:\/\/loudavymkrokem.cz\/wp-content\/uploads\/2026\/08\/lk-17-696x467.jpg 696w, https:\/\/loudavymkrokem.cz\/wp-content\/uploads\/2026\/08\/lk-17-1392x934.jpg 1392w, https:\/\/loudavymkrokem.cz\/wp-content\/uploads\/2026\/08\/lk-17-1920x1288.jpg 1920w\" sizes=\"(max-width: 2528px) 100vw, 2528px\" \/><button\n\t\t\tclass=\"lightbox-trigger\"\n\t\t\ttype=\"button\"\n\t\t\taria-haspopup=\"dialog\"\n\t\t\tdata-wp-bind--aria-label=\"state.thisImage.triggerButtonAriaLabel\"\n\t\t\tdata-wp-init=\"callbacks.initTriggerButton\"\n\t\t\tdata-wp-on--click=\"actions.showLightbox\"\n\t\t\tdata-wp-style--right=\"state.thisImage.buttonRight\"\n\t\t\tdata-wp-style--top=\"state.thisImage.buttonTop\"\n\t\t>\n\t\t\t<svg xmlns=\"http:\/\/www.w3.org\/2000\/svg\" width=\"12\" height=\"12\" fill=\"none\" viewBox=\"0 0 12 12\">\n\t\t\t\t<path fill=\"#fff\" d=\"M2 0a2 2 0 0 0-2 2v2h1.5V2a.5.5 0 0 1 .5-.5h2V0H2Zm2 10.5H2a.5.5 0 0 1-.5-.5V8H0v2a2 2 0 0 0 2 2h2v-1.5ZM8 12v-1.5h2a.5.5 0 0 0 .5-.5V8H12v2a2 2 0 0 1-2 2H8Zm2-12a2 2 0 0 1 2 2v2h-1.5V2a.5.5 0 0 0-.5-.5H8V0h2Z\" \/>\n\t\t\t<\/svg>\n\t\t<\/button><figcaption class=\"wp-element-caption\">Baseado na fotografia: Ludmila Zellner Rotbauerov\u00e1 \/ Wikimedia Commons, CC BY-SA 4.0 \u00b7 com cores ajustadas<\/figcaption><\/figure>\n\n\n\n<h3 class=\"wp-block-heading\"><span class=\"ez-toc-section\" id=\"13_Castelo_de_Blatna\"><\/span>13. Castelo de Blatn\u00e1<span class=\"ez-toc-section-end\"><\/span><\/h3>\n\n\n\n<p class=\"wp-block-paragraph\">At\u00e9 o castelo de Blatn\u00e1 s\u00e3o <strong>27,1 quil\u00f4metros e o trajeto leva agrad\u00e1veis 27 minutos<\/strong>. \u00c9 um dos castelos de \u00e1gua mais bem preservados do pa\u00eds. Um fosso o cerca por todos os lados e todo esse cen\u00e1rio rom\u00e2ntico tem ra\u00edzes l\u00e1 pelo s\u00e9culo XIII.<\/p>\n\n\n\n<p class=\"wp-block-paragraph\">O grande atrativo aqui, por\u00e9m, \u00e9 o <strong>extenso parque do castelo com gamos em liberdade, que se pode alimentar<\/strong>, e recentemente criam at\u00e9 ador\u00e1veis alpacas. O parque \u00e9 enorme, cheio de carvalhos antigos e cortado por canais de \u00e1gua, ent\u00e3o, sem exagero, voc\u00ea passa aqui meio dia s\u00f3 andando. \u00c9 exatamente esse o passeio para o qual gostamos de levar as visitas de Praga, porque alimentar os gamos na m\u00e3o conquista qualquer um. Compre logo dois pacotes de ra\u00e7\u00e3o na bilheteria \u2014 acredite, um s\u00f3 n\u00e3o vai bastar.<\/p>\n\n\n\n<p class=\"wp-block-paragraph\">Na temporada, <strong>o complexo costuma abrir das 9h \u00e0s 18h e, l\u00e1 dentro, voc\u00ea encontra o \u00f3timo Oh My Deer Caf\u00e9<\/strong>, onde pode descansar. Confira antes o pre\u00e7o da entrada do castelo e do parque no site <a href=\"https:\/\/zamek-blatna.cz\" rel=\"nofollow noopener\" target=\"_blank\">zamek-blatna.cz<\/a>, porque ele pode mudar em fun\u00e7\u00e3o dos eventos em andamento.<\/p>\n\n\n\n<figure data-wp-context=\"{&quot;imageId&quot;:&quot;6a95632ad68b5&quot;}\" data-wp-interactive=\"core\/image\" data-wp-key=\"6a95632ad68b5\" class=\"wp-block-image size-full wp-lightbox-container\"><img decoding=\"async\" width=\"2528\" height=\"1696\" data-wp-class--hide=\"state.isContentHidden\" data-wp-class--show=\"state.isContentVisible\" data-wp-init=\"callbacks.setButtonStyles\" data-wp-on--click=\"actions.showLightbox\" data-wp-on--load=\"callbacks.setButtonStyles\" data-wp-on--pointerdown=\"actions.preloadImage\" data-wp-on--pointerenter=\"actions.preloadImageWithDelay\" data-wp-on--pointerleave=\"actions.cancelPreload\" data-wp-on-window--resize=\"callbacks.setButtonStyles\" src=\"https:\/\/loudavymkrokem.cz\/wp-content\/uploads\/2026\/08\/lk-18.jpg\" alt=\"Mosteiro de Milevsko\" class=\"wp-image-404063\" title=\"\" srcset=\"https:\/\/loudavymkrokem.cz\/wp-content\/uploads\/2026\/08\/lk-18.jpg 2528w, https:\/\/loudavymkrokem.cz\/wp-content\/uploads\/2026\/08\/lk-18-300x201.jpg 300w, https:\/\/loudavymkrokem.cz\/wp-content\/uploads\/2026\/08\/lk-18-700x470.jpg 700w, https:\/\/loudavymkrokem.cz\/wp-content\/uploads\/2026\/08\/lk-18-768x515.jpg 768w, https:\/\/loudavymkrokem.cz\/wp-content\/uploads\/2026\/08\/lk-18-1536x1030.jpg 1536w, https:\/\/loudavymkrokem.cz\/wp-content\/uploads\/2026\/08\/lk-18-2048x1374.jpg 2048w, https:\/\/loudavymkrokem.cz\/wp-content\/uploads\/2026\/08\/lk-18-696x467.jpg 696w, https:\/\/loudavymkrokem.cz\/wp-content\/uploads\/2026\/08\/lk-18-1392x934.jpg 1392w, https:\/\/loudavymkrokem.cz\/wp-content\/uploads\/2026\/08\/lk-18-1920x1288.jpg 1920w\" sizes=\"(max-width: 2528px) 100vw, 2528px\" \/><button\n\t\t\tclass=\"lightbox-trigger\"\n\t\t\ttype=\"button\"\n\t\t\taria-haspopup=\"dialog\"\n\t\t\tdata-wp-bind--aria-label=\"state.thisImage.triggerButtonAriaLabel\"\n\t\t\tdata-wp-init=\"callbacks.initTriggerButton\"\n\t\t\tdata-wp-on--click=\"actions.showLightbox\"\n\t\t\tdata-wp-style--right=\"state.thisImage.buttonRight\"\n\t\t\tdata-wp-style--top=\"state.thisImage.buttonTop\"\n\t\t>\n\t\t\t<svg xmlns=\"http:\/\/www.w3.org\/2000\/svg\" width=\"12\" height=\"12\" fill=\"none\" viewBox=\"0 0 12 12\">\n\t\t\t\t<path fill=\"#fff\" d=\"M2 0a2 2 0 0 0-2 2v2h1.5V2a.5.5 0 0 1 .5-.5h2V0H2Zm2 10.5H2a.5.5 0 0 1-.5-.5V8H0v2a2 2 0 0 0 2 2h2v-1.5ZM8 12v-1.5h2a.5.5 0 0 0 .5-.5V8H12v2a2 2 0 0 1-2 2H8Zm2-12a2 2 0 0 1 2 2v2h-1.5V2a.5.5 0 0 0-.5-.5H8V0h2Z\" \/>\n\t\t\t<\/svg>\n\t\t<\/button><figcaption class=\"wp-element-caption\">Baseado na fotografia: VitVit \/ Wikimedia Commons, CC BY-SA 4.0 \u00b7 com cores ajustadas<\/figcaption><\/figure>\n\n\n\n<h3 class=\"wp-block-heading\"><span class=\"ez-toc-section\" id=\"14_Mosteiro_de_Milevsko\"><\/span>14. Mosteiro de Milevsko<span class=\"ez-toc-section-end\"><\/span><\/h3>\n\n\n\n<p class=\"wp-block-paragraph\">At\u00e9 Milevsko voc\u00ea percorre exatamente <strong>28,8 quil\u00f4metros, o que em tempo d\u00e1 32 minutos de viagem<\/strong>. O mosteiro dos premonstratenses local foi fundado j\u00e1 em 1187, o que faz dele a mais antiga institui\u00e7\u00e3o mon\u00e1stica do sul da Bo\u00eamia, e at\u00e9 hoje \u00e9 um lugar incrivelmente tranquilo para refletir.<\/p>\n\n\n\n<p class=\"wp-block-paragraph\">Na alta temporada de visitas, <strong>o complexo abre das 9h30 \u00e0s 17h e oferece v\u00e1rios percursos guiados<\/strong>, que apresentam a rica hist\u00f3ria espiritual da regi\u00e3o. O valor exato da entrada nas exposi\u00e7\u00f5es, por favor, confirme diretamente no site deles, <a href=\"https:\/\/klastermilevsko.cz\" rel=\"nofollow noopener\" target=\"_blank\">klastermilevsko.cz<\/a>.<\/p>\n\n\n\n<p class=\"wp-block-paragraph\">Ao visitar a cidade, <strong>n\u00e3o deixe de fora o excelente Museu das M\u00e1scaras de Milevsko<\/strong>, que documenta a famosa tradi\u00e7\u00e3o de carnaval candidata a entrar na lista da UNESCO. \u00c9 uma exposi\u00e7\u00e3o muito l\u00fadica e colorida, que complementa perfeitamente a atmosfera mais s\u00e9ria do mosteiro vizinho.<\/p>\n\n\n\n<figure data-wp-context=\"{&quot;imageId&quot;:&quot;6a95632ad6fd6&quot;}\" data-wp-interactive=\"core\/image\" data-wp-key=\"6a95632ad6fd6\" class=\"wp-block-image size-full wp-lightbox-container\"><img decoding=\"async\" width=\"2528\" height=\"1696\" data-wp-class--hide=\"state.isContentHidden\" data-wp-class--show=\"state.isContentVisible\" data-wp-init=\"callbacks.setButtonStyles\" data-wp-on--click=\"actions.showLightbox\" data-wp-on--load=\"callbacks.setButtonStyles\" data-wp-on--pointerdown=\"actions.preloadImage\" data-wp-on--pointerenter=\"actions.preloadImageWithDelay\" data-wp-on--pointerleave=\"actions.cancelPreload\" data-wp-on-window--resize=\"callbacks.setButtonStyles\" src=\"https:\/\/loudavymkrokem.cz\/wp-content\/uploads\/2026\/08\/lk-19.jpg\" alt=\"Castelo de Strakonice sobre a conflu\u00eancia dos rios Otava e Voly\u0148ka\" class=\"wp-image-404070\" title=\"\" srcset=\"https:\/\/loudavymkrokem.cz\/wp-content\/uploads\/2026\/08\/lk-19.jpg 2528w, https:\/\/loudavymkrokem.cz\/wp-content\/uploads\/2026\/08\/lk-19-300x201.jpg 300w, https:\/\/loudavymkrokem.cz\/wp-content\/uploads\/2026\/08\/lk-19-700x470.jpg 700w, https:\/\/loudavymkrokem.cz\/wp-content\/uploads\/2026\/08\/lk-19-768x515.jpg 768w, https:\/\/loudavymkrokem.cz\/wp-content\/uploads\/2026\/08\/lk-19-1536x1030.jpg 1536w, https:\/\/loudavymkrokem.cz\/wp-content\/uploads\/2026\/08\/lk-19-2048x1374.jpg 2048w, https:\/\/loudavymkrokem.cz\/wp-content\/uploads\/2026\/08\/lk-19-696x467.jpg 696w, https:\/\/loudavymkrokem.cz\/wp-content\/uploads\/2026\/08\/lk-19-1392x934.jpg 1392w, https:\/\/loudavymkrokem.cz\/wp-content\/uploads\/2026\/08\/lk-19-1920x1288.jpg 1920w\" sizes=\"(max-width: 2528px) 100vw, 2528px\" \/><button\n\t\t\tclass=\"lightbox-trigger\"\n\t\t\ttype=\"button\"\n\t\t\taria-haspopup=\"dialog\"\n\t\t\tdata-wp-bind--aria-label=\"state.thisImage.triggerButtonAriaLabel\"\n\t\t\tdata-wp-init=\"callbacks.initTriggerButton\"\n\t\t\tdata-wp-on--click=\"actions.showLightbox\"\n\t\t\tdata-wp-style--right=\"state.thisImage.buttonRight\"\n\t\t\tdata-wp-style--top=\"state.thisImage.buttonTop\"\n\t\t>\n\t\t\t<svg xmlns=\"http:\/\/www.w3.org\/2000\/svg\" width=\"12\" height=\"12\" fill=\"none\" viewBox=\"0 0 12 12\">\n\t\t\t\t<path fill=\"#fff\" d=\"M2 0a2 2 0 0 0-2 2v2h1.5V2a.5.5 0 0 1 .5-.5h2V0H2Zm2 10.5H2a.5.5 0 0 1-.5-.5V8H0v2a2 2 0 0 0 2 2h2v-1.5ZM8 12v-1.5h2a.5.5 0 0 0 .5-.5V8H12v2a2 2 0 0 1-2 2H8Zm2-12a2 2 0 0 1 2 2v2h-1.5V2a.5.5 0 0 0-.5-.5H8V0h2Z\" \/>\n\t\t\t<\/svg>\n\t\t<\/button><figcaption class=\"wp-element-caption\">Baseado na fotografia: Michielverbeek \/ Wikimedia Commons, CC BY-SA 4.0 \u00b7 com cores ajustadas<\/figcaption><\/figure>\n\n\n\n<h3 class=\"wp-block-heading\"><span class=\"ez-toc-section\" id=\"15_Castelo_de_Strakonice\"><\/span>15. Castelo de Strakonice<span class=\"ez-toc-section-end\"><\/span><\/h3>\n\n\n\n<p class=\"wp-block-paragraph\">O castelo de Strakonice fica a uma dist\u00e2ncia de <strong>25,6 quil\u00f4metros e, da cidade, voc\u00ea chega em \u00e1geis 24 minutos<\/strong>. Esse extenso complexo se ergue bem sobre a conflu\u00eancia dos rios Otava e Voly\u0148ka e passou nos \u00faltimos anos por uma reforma muito ampla e bem feita.<\/p>\n\n\n\n<p class=\"wp-block-paragraph\">Hoje, nos seus espa\u00e7os, <strong>funciona o fant\u00e1stico Museu do M\u00e9dio Pootav\u00ed, com uma enorme cole\u00e7\u00e3o de gaitas de fole<\/strong>, que documenta perfeitamente a famosa tradi\u00e7\u00e3o local dos gaiteiros, e os f\u00e3s de motociclismo v\u00e3o adorar a exposi\u00e7\u00e3o de motos da marca \u010cZ. Detalhes da visita e a programa\u00e7\u00e3o dos eventos voc\u00ea encontra em <a href=\"https:\/\/hradstrakonice.cz\" rel=\"nofollow noopener\" target=\"_blank\">hradstrakonice.cz<\/a>. Strakonice, al\u00e9m disso, revitalizou recentemente a \u00e1rea do rio, ent\u00e3o, depois da visita ao castelo, recomendo simplesmente sentar na margem com um bom caf\u00e9 e aproveitar as vistas das muralhas hist\u00f3ricas.<\/p>\n\n\n\n<p class=\"wp-block-paragraph\">Se voc\u00ea for a Strakonice com crian\u00e7as, <strong>pode experimentar tamb\u00e9m o vizinho Bagr\u00e1rium, indicado para crian\u00e7as a partir de 6 anos<\/strong>, onde d\u00e1 para operar m\u00e1quinas de verdade. \u00c9 um lugar pequeno, com s\u00f3 dez resenhas, mas a experi\u00eancia \u00e9 absolutamente inesquec\u00edvel para os pequenos construtores.<\/p>\n\n\n\n<figure data-wp-context=\"{&quot;imageId&quot;:&quot;6a95632ad77eb&quot;}\" data-wp-interactive=\"core\/image\" data-wp-key=\"6a95632ad77eb\" class=\"wp-block-image size-full wp-lightbox-container\"><img decoding=\"async\" width=\"2048\" height=\"1365\" data-wp-class--hide=\"state.isContentHidden\" data-wp-class--show=\"state.isContentVisible\" data-wp-init=\"callbacks.setButtonStyles\" data-wp-on--click=\"actions.showLightbox\" data-wp-on--load=\"callbacks.setButtonStyles\" data-wp-on--pointerdown=\"actions.preloadImage\" data-wp-on--pointerenter=\"actions.preloadImageWithDelay\" data-wp-on--pointerleave=\"actions.cancelPreload\" data-wp-on-window--resize=\"callbacks.setButtonStyles\" src=\"https:\/\/loudavymkrokem.cz\/wp-content\/uploads\/2026\/08\/bechyne-zamek.jpg\" alt=\"Castelo de Bechyn\u011b sobre o vale do rio Lu\u017enice\" class=\"wp-image-403571\" title=\"\" srcset=\"https:\/\/loudavymkrokem.cz\/wp-content\/uploads\/2026\/08\/bechyne-zamek.jpg 2048w, https:\/\/loudavymkrokem.cz\/wp-content\/uploads\/2026\/08\/bechyne-zamek-300x200.jpg 300w, https:\/\/loudavymkrokem.cz\/wp-content\/uploads\/2026\/08\/bechyne-zamek-700x467.jpg 700w, https:\/\/loudavymkrokem.cz\/wp-content\/uploads\/2026\/08\/bechyne-zamek-768x512.jpg 768w, https:\/\/loudavymkrokem.cz\/wp-content\/uploads\/2026\/08\/bechyne-zamek-1536x1024.jpg 1536w, https:\/\/loudavymkrokem.cz\/wp-content\/uploads\/2026\/08\/bechyne-zamek-696x464.jpg 696w, https:\/\/loudavymkrokem.cz\/wp-content\/uploads\/2026\/08\/bechyne-zamek-1392x928.jpg 1392w, https:\/\/loudavymkrokem.cz\/wp-content\/uploads\/2026\/08\/bechyne-zamek-1920x1280.jpg 1920w\" sizes=\"(max-width: 2048px) 100vw, 2048px\" \/><button\n\t\t\tclass=\"lightbox-trigger\"\n\t\t\ttype=\"button\"\n\t\t\taria-haspopup=\"dialog\"\n\t\t\tdata-wp-bind--aria-label=\"state.thisImage.triggerButtonAriaLabel\"\n\t\t\tdata-wp-init=\"callbacks.initTriggerButton\"\n\t\t\tdata-wp-on--click=\"actions.showLightbox\"\n\t\t\tdata-wp-style--right=\"state.thisImage.buttonRight\"\n\t\t\tdata-wp-style--top=\"state.thisImage.buttonTop\"\n\t\t>\n\t\t\t<svg xmlns=\"http:\/\/www.w3.org\/2000\/svg\" width=\"12\" height=\"12\" fill=\"none\" viewBox=\"0 0 12 12\">\n\t\t\t\t<path fill=\"#fff\" d=\"M2 0a2 2 0 0 0-2 2v2h1.5V2a.5.5 0 0 1 .5-.5h2V0H2Zm2 10.5H2a.5.5 0 0 1-.5-.5V8H0v2a2 2 0 0 0 2 2h2v-1.5ZM8 12v-1.5h2a.5.5 0 0 0 .5-.5V8H12v2a2 2 0 0 1-2 2H8Zm2-12a2 2 0 0 1 2 2v2h-1.5V2a.5.5 0 0 0-.5-.5H8V0h2Z\" \/>\n\t\t\t<\/svg>\n\t\t<\/button><\/figure>\n\n\n\n<h3 class=\"wp-block-heading\"><span class=\"ez-toc-section\" id=\"16_Castelo_de_Bechyne_e_a_ponte_Duha\"><\/span>16. Castelo de Bechyn\u011b e a ponte Duha<span class=\"ez-toc-section-end\"><\/span><\/h3>\n\n\n\n<p class=\"wp-block-paragraph\">At\u00e9 a cidade termal de Bechyn\u011b voc\u00ea percorre <strong>31,9 quil\u00f4metros e o trajeto por estradas secund\u00e1rias dura cerca de 39 minutos<\/strong>. O castelo renascentista local, administrado pela <a href=\"https:\/\/panstvi-bechyne.cz\" rel=\"nofollow noopener\" target=\"_blank\">Panstv\u00ed Bechyn\u011b<\/a>, oferece lindas vistas para o profundo vale do rio Lu\u017enice.<\/p>\n\n\n\n<p class=\"wp-block-paragraph\">Mas a cidade \u00e9 famosa sobretudo pela <strong>Ponte Duha de Bechyn\u011b, dos anos 1926 a 1928, uma raridade t\u00e9cnica<\/strong>, porque \u00e9 a \u00fanica ponte da Tch\u00e9quia a reunir estrada e ferrovia num \u00fanico arco, a nada menos que 50 metros sobre o rio. Chega ainda diretamente \u00e0 cidade a hist\u00f3rica linha el\u00e9trica Elinka, vinda de T\u00e1bor, que foi a primeira obra de K\u0159i\u017e\u00edk do g\u00eanero na monarquia.<\/p>\n\n\n\n<p class=\"wp-block-paragraph\">Curioso \u00e9 que <strong>essa linha tem uma liga\u00e7\u00e3o hist\u00f3rica direta com a usina K\u0159i\u017e\u00edk de P\u00edsek<\/strong>, ent\u00e3o aqui a hist\u00f3ria t\u00e9cnica se conecta de forma bonita. Durante a visita, voc\u00ea tamb\u00e9m pode dar uma olhada no Museu Internacional de Cer\u00e2mica, sob a chancela da Galeria do Sul da Bo\u00eamia de Ale\u0161.<\/p>\n\n\n\n<p class=\"wp-block-paragraph\">Quando estivemos em Bechyn\u011b, <strong>o que mais nos impressionou foi a vista do castelo a partir do outro lado do vale<\/strong> \u2014 s\u00f3 dali voc\u00ea percebe como ele fica alto sobre o Lu\u017enice. Vale a pena ir a p\u00e9 at\u00e9 a ponte e atravess\u00e1-la inteira, porque as fotos de baixo e de cima ficam sempre completamente diferentes.<\/p>\n\n\n\n<p class=\"wp-block-paragraph\">\ud83d\udca1 <strong>Dica:<\/strong> Voc\u00ea pode combinar Bechyn\u011b com o <strong>castelo de \u00e1gua de \u010cerven\u00e1 Lhota<\/strong>, que fica mais a leste (a partir de P\u00edsek s\u00e3o 82 quil\u00f4metros, quase uma hora e meia). N\u00f3s fizemos os dois lugares num s\u00f3 dia e essa combina\u00e7\u00e3o faz sentido.<\/p>\n\n\n\n<figure data-wp-context=\"{&quot;imageId&quot;:&quot;6a95632ad8104&quot;}\" data-wp-interactive=\"core\/image\" data-wp-key=\"6a95632ad8104\" class=\"wp-block-image size-full wp-lightbox-container\"><img decoding=\"async\" width=\"2528\" height=\"1696\" data-wp-class--hide=\"state.isContentHidden\" data-wp-class--show=\"state.isContentVisible\" data-wp-init=\"callbacks.setButtonStyles\" data-wp-on--click=\"actions.showLightbox\" data-wp-on--load=\"callbacks.setButtonStyles\" data-wp-on--pointerdown=\"actions.preloadImage\" data-wp-on--pointerenter=\"actions.preloadImageWithDelay\" data-wp-on--pointerleave=\"actions.cancelPreload\" data-wp-on-window--resize=\"callbacks.setButtonStyles\" src=\"https:\/\/loudavymkrokem.cz\/wp-content\/uploads\/2026\/08\/lk-21.jpg\" alt=\"Castelo renascentista de Kratochv\u00edle perto de Netolice\" class=\"wp-image-404074\" title=\"\" srcset=\"https:\/\/loudavymkrokem.cz\/wp-content\/uploads\/2026\/08\/lk-21.jpg 2528w, https:\/\/loudavymkrokem.cz\/wp-content\/uploads\/2026\/08\/lk-21-300x201.jpg 300w, https:\/\/loudavymkrokem.cz\/wp-content\/uploads\/2026\/08\/lk-21-700x470.jpg 700w, https:\/\/loudavymkrokem.cz\/wp-content\/uploads\/2026\/08\/lk-21-768x515.jpg 768w, https:\/\/loudavymkrokem.cz\/wp-content\/uploads\/2026\/08\/lk-21-1536x1030.jpg 1536w, https:\/\/loudavymkrokem.cz\/wp-content\/uploads\/2026\/08\/lk-21-2048x1374.jpg 2048w, https:\/\/loudavymkrokem.cz\/wp-content\/uploads\/2026\/08\/lk-21-696x467.jpg 696w, https:\/\/loudavymkrokem.cz\/wp-content\/uploads\/2026\/08\/lk-21-1392x934.jpg 1392w, https:\/\/loudavymkrokem.cz\/wp-content\/uploads\/2026\/08\/lk-21-1920x1288.jpg 1920w\" sizes=\"(max-width: 2528px) 100vw, 2528px\" \/><button\n\t\t\tclass=\"lightbox-trigger\"\n\t\t\ttype=\"button\"\n\t\t\taria-haspopup=\"dialog\"\n\t\t\tdata-wp-bind--aria-label=\"state.thisImage.triggerButtonAriaLabel\"\n\t\t\tdata-wp-init=\"callbacks.initTriggerButton\"\n\t\t\tdata-wp-on--click=\"actions.showLightbox\"\n\t\t\tdata-wp-style--right=\"state.thisImage.buttonRight\"\n\t\t\tdata-wp-style--top=\"state.thisImage.buttonTop\"\n\t\t>\n\t\t\t<svg xmlns=\"http:\/\/www.w3.org\/2000\/svg\" width=\"12\" height=\"12\" fill=\"none\" viewBox=\"0 0 12 12\">\n\t\t\t\t<path fill=\"#fff\" d=\"M2 0a2 2 0 0 0-2 2v2h1.5V2a.5.5 0 0 1 .5-.5h2V0H2Zm2 10.5H2a.5.5 0 0 1-.5-.5V8H0v2a2 2 0 0 0 2 2h2v-1.5ZM8 12v-1.5h2a.5.5 0 0 0 .5-.5V8H12v2a2 2 0 0 1-2 2H8Zm2-12a2 2 0 0 1 2 2v2h-1.5V2a.5.5 0 0 0-.5-.5H8V0h2Z\" \/>\n\t\t\t<\/svg>\n\t\t<\/button><figcaption class=\"wp-element-caption\">Baseado na fotografia: Palickap \/ Wikimedia Commons, CC BY-SA 4.0 \u00b7 com cores ajustadas<\/figcaption><\/figure>\n\n\n\n<!-- LKM_GYG_CARD start q=\"okoli pisku\" lang=\"pt-br\" rendered=\"2026-08-31T09:15:41+00:00\" v=\"1\" -->\n<style id=\"lk-gyg-styles\">\n@import url(\"https:\/\/fonts.googleapis.com\/css2?family=Playfair+Display:wght@700&family=DM+Sans:wght@300;400;500;600&display=swap\");\n\/* === LK GYG karty \u2014 CRO redesign 2026-05 (namespace .lkx-) ===\n   C\u00edl: vy\u0161\u0161\u00ed CTR (hero + v\u00fdrazn\u00fd social proof + ak\u010dn\u00ed CTA, m\u00e9n\u011b \"reklamn\u00ed\").\n   Injektuje se inline do prvn\u00edho markeru postu (refresh_cards.py --inline-css). *\/\n.lkx-module, .lkx-module *{box-sizing:border-box;margin:0;padding:0}\n.lkx-module{\n  font-family:'DM Sans',-apple-system,Segoe UI,Roboto,Georgia,sans-serif;\n  max-width:860px;margin:2.5rem auto;color:#1f2328;\n}\n\n\/* HEADER \u2014 lehk\u00fd editorsk\u00fd, \u017e\u00e1dn\u00fd bannerov\u00fd blok; nadpis + popisek pod n\u00edm *\/\n.lkx-head{margin-bottom:16px}\n.lkx-head-main{display:flex;align-items:center;gap:10px}\n.lkx-head-accent{width:26px;height:3px;border-radius:2px;background:#c39f76;flex-shrink:0}\n.lkx-head-title{font-family:'Playfair Display',Georgia,serif;font-size:21px;font-weight:700;color:#1a1a1a;line-height:1.25}\n.lkx-head-meta{display:block;font-size:11px;letter-spacing:.3px;color:#9aa0a6;margin-top:4px;margin-left:36px}\n\n\/* HERO *\/\n.lkx-hero{display:grid;grid-template-columns:300px 1fr;background:#fff;border:1px solid #ece7df;border-radius:14px;overflow:hidden;text-decoration:none!important;color:inherit;box-shadow:0 6px 20px rgba(0,0,0,.06);transition:box-shadow .2s,transform .2s;margin-bottom:14px}\n.lkx-hero:hover{box-shadow:0 12px 30px rgba(0,0,0,.12);transform:translateY(-2px)}\n.lkx-hero-img{position:relative;min-height:230px;background-size:cover;background-position:center;background-color:#eee}\n.lkx-hero-body{padding:22px 24px;display:flex;flex-direction:column}\n.lkx-pick{position:absolute;top:12px;left:12px;background:#1a1a1a;color:#fff;font-size:11px;font-weight:700;letter-spacing:.5px;padding:5px 11px;border-radius:20px}\n\n\/* TITLE *\/\n.lkx-title{font-size:19px;font-weight:700;color:#161616;line-height:1.3}\n.lkx-title-sm{font-size:14.5px;line-height:1.35;display:-webkit-box;-webkit-line-clamp:2;-webkit-box-orient:vertical;overflow:hidden}\n\n\/* SOCIAL PROOF \u2014 v\u00fdrazn\u011b, naho\u0159e *\/\n.lkx-proof{display:flex;align-items:center;gap:7px;margin-top:12px;font-size:15px;color:#3a3a3a}\n.lkx-proof b{font-size:16px;color:#161616}\n.lkx-stars{color:#f5a623;letter-spacing:1px}\n.lkx-proof-sm{font-size:12.5px;margin-top:8px;gap:5px}\n.lkx-proof-sm b{font-size:13px}\n.lkx-proof-new{color:#3685fc;font-weight:600}\n\n\/* PRICE \u2014 n\u00edzk\u00e1 kotva *\/\n.lkx-price{font-size:14px;color:#6b7280}\n.lkx-price b{font-size:20px;color:#161616;font-weight:700}\n.lkx-price-sm b{font-size:15px}\n\n\/* CTA \u2014 tepl\u00e9 ak\u010dn\u00ed tla\u010d\u00edtko *\/\n.lkx-cta{display:inline-flex;align-items:center;justify-content:center;text-decoration:none!important;font-weight:700;color:#fff!important;background:linear-gradient(135deg,#f6743f,#e8552a);border-radius:10px;box-shadow:0 6px 16px rgba(232,85,42,.32);transition:box-shadow .2s}\n.lkx-cta-hero{font-size:15px;padding:13px 22px}\n.lkx-hero:hover .lkx-cta-hero{box-shadow:0 8px 22px rgba(232,85,42,.45)}\n.lkx-cta-sm{font-size:12.5px;padding:9px 14px;width:100%;margin-top:2px}\n.lkx-hero-bottom{margin-top:auto;padding-top:18px;display:flex;align-items:center;justify-content:space-between;gap:14px;flex-wrap:wrap}\n\n\/* BADGE \u2014 jeden v\u00fdrazn\u00fd na fotce *\/\n.lkx-badge{position:absolute;top:12px;right:12px;font-size:10.5px;font-weight:700;letter-spacing:.3px;padding:5px 10px;border-radius:16px;color:#fff}\n.lkx-badge.badge-urgency{background:rgba(214,40,40,.92)}\n.lkx-badge.badge-new{background:rgba(54,133,252,.92)}\n.lkx-badge.badge-top{background:rgba(195,159,118,.95)}\n.lkx-badge.badge-info{background:rgba(40,40,40,.78)}\n\n\/* SECONDARY GRID *\/\n.lkx-grid{display:grid;grid-template-columns:1fr 1fr;gap:14px}\n.lkx-card{background:#fff;border:1px solid #ece7df;border-radius:14px;overflow:hidden;text-decoration:none!important;color:inherit;box-shadow:0 4px 14px rgba(0,0,0,.05);display:flex;flex-direction:column;transition:box-shadow .2s,transform .2s}\n.lkx-card:hover{box-shadow:0 10px 24px rgba(0,0,0,.1);transform:translateY(-2px)}\n.lkx-card-img{position:relative;aspect-ratio:16\/10;background-size:cover;background-position:center;background-color:#eee}\n.lkx-card-body{padding:14px 16px 16px;display:flex;flex-direction:column;gap:7px;flex:1}\n.lkx-card-bottom{margin-top:auto;padding-top:10px;display:flex;align-items:center;justify-content:space-between;gap:8px}\n\n\/* DISCLOSURE \u2014 drobn\u00e1, kv\u016fli d\u016fv\u011b\u0159e\/z\u00e1konu *\/\n.lkx-disclosure{font-size:11px;color:#a7adb3;text-align:center;margin-top:14px;line-height:1.6}\n.lkx-disclosure a{color:#c39f76;text-decoration:none}\n\n@media(max-width:680px){\n  .lkx-hero{grid-template-columns:1fr}\n  .lkx-hero-img{min-height:180px}\n  .lkx-grid{grid-template-columns:1fr}\n  .lkx-head-meta{margin-left:0;width:100%}\n  .lkx-head-title{font-size:19px}\n}\n\n<\/style>\n<div class=\"lkx-module\" data-query=\"okoli pisku\">\n  <div class=\"lkx-head\">\n    <div class=\"lkx-head-main\">\n      <span class=\"lkx-head-accent\"><\/span>\n      <span class=\"lkx-head-title\">Experi\u00eancias e ingressos<\/span>\n    <\/div>\n    <span class=\"lkx-head-meta\">avaliado por viajantes \u00b7 GetYourGuide<\/span>\n  <\/div><a class=\"lkx-hero\" href=\"https:\/\/www.getyourguide.com\/pt-br\/plzen-l41578\/pilsen-visita-a-cervejaria-pilsner-urquell-com-prova-de-cerveja-t263452\/?partner_id=MKZ64IS&amp;utm_medium=online_publisher&amp;cmp=passeios-perto-pisek\" target=\"_blank\" rel=\"sponsored noopener nofollow\">\n    <div class=\"lkx-hero-img\" style=\"background-image:url('https:\/\/cdn.getyourguide.com\/img\/tour\/64b65b7099cec.jpeg\/132.jpg')\" role=\"img\" aria-label=\"Pilsen: Visita \u00e0 cervejaria Pilsner Urquell com prova de cerveja\">\n      <span class=\"lkx-pick\">\u2605 Nossa escolha<\/span><\/div>\n    <div class=\"lkx-hero-body\">\n      <div class=\"lkx-title\">Pilsen: Visita \u00e0 cervejaria Pilsner Urquell com prova de cerveja<\/div>\n      <div class=\"lkx-proof\">\n      <span class=\"lkx-stars\">\u2605\u2605\u2605\u2605\u2605<\/span>\n      <b>4.6<\/b> \u00b7 2 864 avalia\u00e7\u00f5es\n    <\/div>\n      <div class=\"lkx-hero-bottom\"><div class=\"lkx-price\">a partir de <b>\u20ac\u00a018<\/b><\/div><span class=\"lkx-cta lkx-cta-hero\">Quero viver isso \u2192<\/span>\n      <\/div>\n    <\/div>\n  <\/a><div class=\"lkx-grid\"><a class=\"lkx-card\" href=\"https:\/\/www.getyourguide.com\/pt-br\/plzen-l41578\/excursao-subterranea-historica-de-pilsen-incluindo-um-copo-de-cerveja-t440018\/?partner_id=MKZ64IS&amp;utm_medium=online_publisher&amp;cmp=passeios-perto-pisek\" target=\"_blank\" rel=\"sponsored noopener nofollow\">\n      <div class=\"lkx-card-img\" style=\"background-image:url('https:\/\/cdn.getyourguide.com\/img\/tour\/644a59721e6fc.jpeg\/132.jpg')\" role=\"img\" aria-label=\"Pilsen: Excurs\u00e3o Hist\u00f3rica ao Subsolo com uma Lata de Cerveja\"><\/div>\n      <div class=\"lkx-card-body\">\n        <div class=\"lkx-title lkx-title-sm\">Pilsen: Excurs\u00e3o Hist\u00f3rica ao Subsolo com uma Lata de Cerveja<\/div>\n        <div class=\"lkx-proof lkx-proof-sm\">\n      <span class=\"lkx-stars\">\u2605<\/span>\n      <b>4.6<\/b> \u00b7 808\n    <\/div>\n        <div class=\"lkx-card-bottom\"><span class=\"lkx-price lkx-price-sm\">a partir de <b>\u20ac\u00a010<\/b><\/span><span class=\"lkx-cta lkx-cta-sm\">Ver datas \u2192<\/span>\n        <\/div>\n      <\/div>\n    <\/a><\/div><div class=\"lkx-disclosure\">\ud83d\udd17 Links de afiliados \u2014 n\u00e3o mudam seu pre\u00e7o e nos ajudam a criar conte\u00fado. \u00b7 <a href=\"https:\/\/www.getyourguide.com\/pt-br\/s\/?q=okoli+pisku&amp;partner_id=MKZ64IS&amp;utm_medium=online_publisher\" target=\"_blank\" rel=\"sponsored noopener nofollow\">Todas as experi\u00eancias \u2192<\/a><\/div>\n<\/div>\n<!-- LKM_GYG_CARD end -->\n\n\n\n\n<div class=\"lk-stays-module\">\n<style>\n\/* \u2500\u2500\u2500 RESET PRO GUTENBERG \u2500\u2500\u2500 *\/\n.lk-stays-module * { box-sizing: border-box; margin: 0; padding: 0; }\n\n\/* \u2500\u2500\u2500 WRAPPER \u2500\u2500\u2500 *\/\n.lk-stays-module {\n  font-family: 'DM Sans', Georgia, sans-serif;\n  max-width: 100%;\n  margin: 2.5rem auto;\n  background: linear-gradient(135deg, #fdfaf5 0%, #fcf8f0 100%);\n  border: 1px solid #e8dfd4;\n  border-radius: 16px;\n  overflow: hidden;\n  box-shadow: 0 16px 48px rgba(195, 159, 118, 0.25), 0 4px 12px rgba(0,0,0,0.08);\n}\n\n\/* \u2500\u2500\u2500 HEADER \u2500\u2500\u2500 *\/\n.lk-stays-header {\n  position: relative;\n  padding: 24px 36px 24px;\n  background: linear-gradient(135deg, #c39f76 0%, #d4b188 60%, #c39f76 100%);\n  border-bottom: 1px solid rgba(255,255,255,.15);\n  display: flex;\n  align-items: center;\n  gap: 18px;\n}\n.lk-stays-header::before {\n  content: '';\n  position: absolute;\n  inset: 0;\n  background: url(\"data:image\/svg+xml,%3Csvg width='60' height='60' viewBox='0 0 60 60' xmlns='http:\/\/www.w3.org\/2000\/svg'%3E%3Cg fill='none' fill-rule='evenodd'%3E%3Cg fill='%23ffffff' fill-opacity='0.05'%3E%3Cpath d='M36 34v-4h-2v4h-4v2h4v4h2v-4h4v-2h-4zm0-30V0h-2v4h-4v2h4v4h2V6h4V4h-4zM6 34v-4H4v4H0v2h4v4h2v-4h4v-2H6zM6 4V0H4v4H0v2h4v4h2V6h4V4H6z'\/%3E%3C\/g%3E%3C\/g%3E%3C\/svg%3E\") repeat;\n  pointer-events: none;\n}\n.lk-stays-icon {\n  flex-shrink: 0;\n  width: 68px;\n  height: 68px;\n  border-radius: 14px;\n  background: linear-gradient(135deg, #fff 0%, #f9f6f0 100%);\n  display: flex;\n  align-items: center;\n  justify-content: center;\n  font-size: 26px;\n  box-shadow: 0 4px 12px rgba(0,0,0,0.15);\n}\n.lk-stays-eyebrow {\n  font-size: 10px;\n  font-weight: 500;\n  letter-spacing: 2.5px;\n  text-transform: uppercase;\n  color: rgba(255,255,255,.85);\n  margin: 0 0 5px 0;\n}\n.lk-stays-title {\n  font-family: 'Playfair Display', Georgia, serif;\n  font-size: 24px;\n  font-weight: 700;\n  color: #fff;\n  line-height: 1.2;\n  text-shadow: 0 1px 2px rgba(0,0,0,0.1);\n  margin: 0;\n}\n.lk-stays-subtitle {\n  font-size: 13px;\n  color: rgba(255,255,255,.75);\n  margin: 4px 0 0 0;\n  font-weight: 300;\n}\n\n\/* \u2500\u2500\u2500 CARDS GRID \u2500\u2500\u2500 *\/\n.lk-stays-grid {\n  display: grid;\n  grid-template-columns: 1fr 1fr;\n  gap: 1px;\n  background: rgba(195, 159, 118, 0.12);\n}\n\n\/* \u2500\u2500\u2500 SINGLE CARD \u2500\u2500\u2500 *\/\n.lk-stay-card {\n  background: #ffffff;\n  padding: 26px;\n  display: flex;\n  flex-direction: column;\n  gap: 11px;\n  transition: all 0.3s ease;\n  text-decoration: none;\n  color: inherit;\n  position: relative;\n}\n.lk-stay-card:hover {\n  background: #fffbf5;\n  transform: translateY(-2px);\n  box-shadow: 0 8px 24px rgba(195, 159, 118, 0.18);\n  z-index: 1;\n}\n.lk-stay-card.featured {\n  background: linear-gradient(135deg, #fffdf9 0%, #fff9f0 100%);\n  box-shadow: 0 4px 16px rgba(195, 159, 118, 0.15), inset 0 1px 0 rgba(195, 159, 118, 0.1);\n}\n.lk-stay-card.featured:hover {\n  background: linear-gradient(135deg, #fffbf5 0%, #fff8ed 100%);\n  box-shadow: 0 8px 24px rgba(195, 159, 118, 0.25), inset 0 1px 0 rgba(195, 159, 118, 0.15);\n}\n\n.lk-stay-badge {\n  display: inline-flex;\n  align-items: center;\n  gap: 5px;\n  font-size: 10px;\n  font-weight: 500;\n  letter-spacing: 1.5px;\n  text-transform: uppercase;\n  padding: 5px 11px;\n  border-radius: 20px;\n  width: fit-content;\n}\n.badge-top     { background: linear-gradient(135deg, #c39f76 0%, #d4b188 100%); color: #fff; border: 1px solid #c39f76; font-weight: 600; box-shadow: 0 2px 8px rgba(195,159,118,0.3); }\n.badge-luxury  { background: rgba(195,159,118,.12); color: #c39f76; border: 1px solid rgba(195,159,118,.25); }\n.badge-boutique{ background: rgba(54,133,252,.08); color: #3685fc; border: 1px solid rgba(54,133,252,.2); }\n.badge-nature  { background: rgba(130,190,100,.1); color: #6b9c4a; border: 1px solid rgba(130,190,100,.2); }\n.badge-remote  { background: rgba(195,159,118,.12); color: #a67e50; border: 1px solid rgba(195,159,118,.25); }\n\n.lk-stay-name {\n  font-family: 'Playfair Display', Georgia, serif;\n  font-size: 18px;\n  font-weight: 700;\n  color: #111827;\n  line-height: 1.3;\n}\n.lk-stay-desc {\n  font-size: 13.5px;\n  color: #525252;\n  line-height: 1.65;\n  font-weight: 300;\n  flex: 1;\n}\n\n.lk-stay-meta {\n  display: flex;\n  align-items: center;\n  gap: 12px;\n  flex-wrap: wrap;\n  margin-top: 4px;\n}\n.lk-stay-price {\n  font-size: 13px;\n  color: #6b7280;\n}\n.lk-stay-price strong {\n  color: #c39f76;\n  font-weight: 500;\n}\n.lk-stay-stars {\n  color: #c39f76;\n  font-size: 11px;\n  letter-spacing: 1px;\n}\n\n\/* \u2500\u2500\u2500 CTA BUTTON \u2500\u2500\u2500 *\/\n.lk-stay-cta {\n  display: inline-flex;\n  align-items: center;\n  justify-content: center;\n  gap: 7px;\n  margin-top: 8px;\n  padding: 11px 20px;\n  border-radius: 8px;\n  background: linear-gradient(135deg, #3685fc 0%, #2a6fd9 100%);\n  color: #fff;\n  font-size: 13px;\n  font-weight: 500;\n  text-decoration: none;\n  letter-spacing: .3px;\n  transition: all .2s ease;\n  cursor: pointer;\n  border: none;\n  text-align: center;\n  box-shadow: 0 4px 12px rgba(54, 133, 252, 0.25);\n}\n.lk-stay-cta:hover {\n  background: linear-gradient(135deg, #2a6fd9 0%, #1e5bc4 100%);\n  transform: translateY(-1px);\n  box-shadow: 0 6px 16px rgba(54, 133, 252, 0.35);\n}\n.lk-stay-cta svg { flex-shrink: 0; }\n\n\/* \u2500\u2500\u2500 FOOTER \u2500\u2500\u2500 *\/\n.lk-stays-footer {\n  padding: 18px 36px;\n  background: linear-gradient(to bottom, #fdfaf5 0%, #f9f4ed 100%);\n  border-top: 1px solid rgba(195, 159, 118, 0.15);\n  display: flex;\n  align-items: center;\n  justify-content: space-between;\n  flex-wrap: wrap;\n  gap: 12px;\n}\n.lk-stays-footer-note {\n  font-size: 11.5px;\n  color: #6b7280;\n  font-weight: 300;\n  line-height: 1.5;\n}\n.lk-stays-footer-note a {\n  color: #c39f76;\n  text-decoration: none;\n  font-weight: 400;\n}\n.lk-stays-footer-note a:hover {\n  text-decoration: underline;\n}\n.lk-stays-all-btn {\n  display: inline-flex;\n  align-items: center;\n  gap: 6px;\n  font-size: 12.5px;\n  font-weight: 500;\n  color: #c39f76;\n  text-decoration: none;\n  border: 1px solid rgba(195, 159, 118, 0.35);\n  padding: 8px 18px;\n  border-radius: 8px;\n  transition: all .2s ease;\n}\n.lk-stays-all-btn:hover {\n  background: rgba(195, 159, 118, 0.08);\n  border-color: rgba(195, 159, 118, 0.5);\n}\n\n\/* \u2500\u2500\u2500 RESPONSIVE \u2500\u2500\u2500 *\/\n@media (max-width: 600px) {\n  .lk-stays-grid { grid-template-columns: 1fr; }\n  .lk-stays-header { padding: 24px 20px; }\n  .lk-stays-footer { padding: 16px 20px; }\n  .lk-stay-card { padding: 22px; }\n  .lk-stays-title { font-size: 20px; }\n}\n<\/style>\n\n  <!-- HEADER -->\n  <div class=\"lk-stays-header\">\n    <img decoding=\"async\" src=\"https:\/\/loudavymkrokem.cz\/wp-content\/uploads\/2026\/02\/lukas-a-lucka.jpg\" alt=\"\" style=\"width: 75px; height: 75px; border-radius: 8px; flex-shrink: 0; object-fit: cover; display: block; margin: 4px 0;\" title=\"\">\n    <div class=\"lk-stays-header-text\">\n      <div class=\"lk-stays-eyebrow\">Luk\u00e1\u0161 e Lucie recomendam<\/div>\n      <div class=\"lk-stays-title\">Onde se hospedar em P\u00edsek<\/div>\n      <div class=\"lk-stays-subtitle\">5 acomoda\u00e7\u00f5es \u2014 hot\u00e9is e outras op\u00e7\u00f5es de hospedagem<\/div>\n    <\/div>\n  <\/div>\n\n  <!-- CARDS -->\n  <div class=\"lk-stays-grid\">\n\n    <a class=\"lk-stay-card featured\" href=\"https:\/\/www.stay22.com\/allez\/roam?aid=lukaskonecny&#038;campaign=loudavymkrokemcz&#038;campaign=pt-br&#038;campaign=vylety-v-okoli-pisku&#038;hotelname=Hotel%20Biograf&#038;address=P%C3%ADsek%2C%20%C4%8Cesko\" target=\"_blank\" rel=\"nofollow noopener\">\n      <span class=\"lk-stay-badge badge-top\">\u2b50 MELHOR ESCOLHA<\/span>\n      <span class=\"lk-stay-badge badge-nature\">\ud83c\udfe8 Hotel<\/span>\n      <div class=\"lk-stay-name\">Hotel Biograf<\/div>\n      <div class=\"lk-stay-desc\">Este hotel reformado tem a melhor localiza\u00e7\u00e3o, pertinho da Pra\u00e7a Grande, e \u00e9 consistentemente o melhor avaliado em P\u00edsek.<\/div>\n      <div class=\"lk-stay-meta\">\n        <span class=\"lk-stay-stars\">\u2605\u2605\u2605\u2605<\/span>\n        <span class=\"lk-stay-price\">Verificar pre\u00e7os<\/span>\n      <\/div>\n      <span class=\"lk-stay-cta\">\n        <svg width=\"14\" height=\"14\" viewBox=\"0 0 24 24\" fill=\"none\" stroke=\"currentColor\" stroke-width=\"2\"><path d=\"M18 13v6a2 2 0 0 1-2 2H5a2 2 0 0 1-2-2V8a2 2 0 0 1 2-2h6\"\/><polyline points=\"15 3 21 3 21 9\"\/><line x1=\"10\" y1=\"14\" x2=\"21\" y2=\"3\"\/><\/svg>\n        Verificar disponibilidade\n      <\/span>\n    <\/a>\n\n    <a class=\"lk-stay-card\" href=\"https:\/\/www.stay22.com\/allez\/roam?aid=lukaskonecny&#038;campaign=loudavymkrokemcz&#038;campaign=pt-br&#038;campaign=vylety-v-okoli-pisku&#038;hotelname=Hotel%20U%20Kapli%C4%8Dky&#038;address=P%C3%ADsek%2C%20%C4%8Cesko\" target=\"_blank\" rel=\"nofollow noopener\">\n      <span class=\"lk-stay-badge badge-nature\">\ud83c\udfe8 Hotel<\/span>\n      <div class=\"lk-stay-name\">Hotel U Kapli\u010dky<\/div>\n      <div class=\"lk-stay-desc\">Op\u00e7\u00e3o mais tranquila com restaurante pr\u00f3prio e estacionamento, voc\u00ea vai apreciar ao voltar tarde dos passeios.<\/div>\n      <div class=\"lk-stay-meta\">\n        <span class=\"lk-stay-stars\">\u2605\u2605\u2605\u2605<\/span>\n        <span class=\"lk-stay-price\">Verificar pre\u00e7os<\/span>\n      <\/div>\n      <span class=\"lk-stay-cta\">\n        <svg width=\"14\" height=\"14\" viewBox=\"0 0 24 24\" fill=\"none\" stroke=\"currentColor\" stroke-width=\"2\"><path d=\"M18 13v6a2 2 0 0 1-2 2H5a2 2 0 0 1-2-2V8a2 2 0 0 1 2-2h6\"\/><polyline points=\"15 3 21 3 21 9\"\/><line x1=\"10\" y1=\"14\" x2=\"21\" y2=\"3\"\/><\/svg>\n        Verificar disponibilidade\n      <\/span>\n    <\/a>\n\n    <a class=\"lk-stay-card\" href=\"https:\/\/www.stay22.com\/allez\/roam?aid=lukaskonecny&#038;campaign=loudavymkrokemcz&#038;campaign=pt-br&#038;campaign=vylety-v-okoli-pisku&#038;hotelname=Penzion%20Sport&#038;address=P%C3%ADsek%2C%20%C4%8Cesko\" target=\"_blank\" rel=\"nofollow noopener\">\n      <span class=\"lk-stay-badge badge-nature\">\ud83c\udfe1 Pousada<\/span>\n      <div class=\"lk-stay-name\">Penzion Sport<\/div>\n      <div class=\"lk-stay-desc\">Acomoda\u00e7\u00e3o mais econ\u00f4mica pr\u00f3xima ao complexo esportivo e piscina p\u00fablica a poucos minutos a p\u00e9.<\/div>\n      <div class=\"lk-stay-meta\">\n        <span class=\"lk-stay-stars\">\u2605\u2605\u2605\u2605<\/span>\n        <span class=\"lk-stay-price\">Verificar pre\u00e7os<\/span>\n      <\/div>\n      <span class=\"lk-stay-cta\">\n        <svg width=\"14\" height=\"14\" viewBox=\"0 0 24 24\" fill=\"none\" stroke=\"currentColor\" stroke-width=\"2\"><path d=\"M18 13v6a2 2 0 0 1-2 2H5a2 2 0 0 1-2-2V8a2 2 0 0 1 2-2h6\"\/><polyline points=\"15 3 21 3 21 9\"\/><line x1=\"10\" y1=\"14\" x2=\"21\" y2=\"3\"\/><\/svg>\n        Verificar disponibilidade\n      <\/span>\n    <\/a>\n\n    <a class=\"lk-stay-card\" href=\"https:\/\/www.stay22.com\/allez\/roam?aid=lukaskonecny&#038;campaign=loudavymkrokemcz&#038;campaign=pt-br&#038;campaign=vylety-v-okoli-pisku&#038;hotelname=Hotel%20Otava&#038;address=P%C3%ADsek%2C%20%C4%8Cesko\" target=\"_blank\" rel=\"nofollow noopener\">\n      <span class=\"lk-stay-badge badge-nature\">\ud83c\udfe8 Hotel<\/span>\n      <div class=\"lk-stay-name\">Hotel Otava<\/div>\n      <div class=\"lk-stay-desc\">Bem no centro hist\u00f3rico, edif\u00edcio da Primeira Rep\u00fablica com pinturas de Ale\u0161, quartos s\u00e3o dif\u00edceis de conseguir, reserve com anteced\u00eancia.<\/div>\n      <div class=\"lk-stay-meta\">\n        <span class=\"lk-stay-stars\">\u2605\u2605\u2605\u2605<\/span>\n        <span class=\"lk-stay-price\">Verificar pre\u00e7os<\/span>\n      <\/div>\n      <span class=\"lk-stay-cta\">\n        <svg width=\"14\" height=\"14\" viewBox=\"0 0 24 24\" fill=\"none\" stroke=\"currentColor\" stroke-width=\"2\"><path d=\"M18 13v6a2 2 0 0 1-2 2H5a2 2 0 0 1-2-2V8a2 2 0 0 1 2-2h6\"\/><polyline points=\"15 3 21 3 21 9\"\/><line x1=\"10\" y1=\"14\" x2=\"21\" y2=\"3\"\/><\/svg>\n        Verificar disponibilidade\n      <\/span>\n    <\/a>\n\n    <a class=\"lk-stay-card\" href=\"https:\/\/www.stay22.com\/allez\/roam?aid=lukaskonecny&#038;campaign=loudavymkrokemcz&#038;campaign=pt-br&#038;campaign=vyletyvokolipisku&#038;address=p\u00edsek\" target=\"_blank\" rel=\"nofollow noopener\">\n      <span class=\"lk-stay-badge badge-nature\">\ud83d\udd0d Buscar<\/span>\n      <div class=\"lk-stay-name\">Ver todas as acomoda\u00e7\u00f5es em P\u00edsek<\/div>\n      <div class=\"lk-stay-desc\">Explore todas as op\u00e7\u00f5es de hospedagem dispon\u00edveis em P\u00edsek e encontre a melhor de acordo com suas prefer\u00eancias e or\u00e7amento.<\/div>\n      <div class=\"lk-stay-meta\">\n        <span class=\"lk-stay-stars\">\u2605\u2605\u2605\u2605<\/span>\n        <span class=\"lk-stay-price\">Comparar pre\u00e7os<\/span>\n      <\/div>\n      <span class=\"lk-stay-cta\">\n        <svg width=\"14\" height=\"14\" viewBox=\"0 0 24 24\" fill=\"none\" stroke=\"currentColor\" stroke-width=\"2\"><path d=\"M18 13v6a2 2 0 0 1-2 2H5a2 2 0 0 1-2-2V8a2 2 0 0 1 2-2h6\"\/><polyline points=\"15 3 21 3 21 9\"\/><line x1=\"10\" y1=\"14\" x2=\"21\" y2=\"3\"\/><\/svg>\n        Verificar disponibilidade\n      <\/span>\n    <\/a>\n\n  <\/div>\n\n  \n<\/div>\n\n\n\n\n<h3 class=\"wp-block-heading\"><span class=\"ez-toc-section\" id=\"17_Castelo_de_Kratochvile_Netolice\"><\/span>17. Castelo de Kratochv\u00edle (Netolice)<span class=\"ez-toc-section-end\"><\/span><\/h3>\n\n\n\n<p class=\"wp-block-paragraph\">Essa joia renascentista fica a <strong>36,1 quil\u00f4metros e voc\u00ea chega de carro em 34 minutos<\/strong>. Kratochv\u00edle \u00e9 uma linda villa renascentista italiana rodeada por um fosso perfeito, que o famoso Vil\u00e9m de Ro\u017emberk mandou construir como seu palacete de ver\u00e3o.<\/p>\n\n\n\n<p class=\"wp-block-paragraph\">Para 2026 vale a entrada confirmada, em que <strong>a visita \u00e0 villa custa 220 K\u010d (cerca de R$ 55) para adultos, 180 K\u010d (cerca de R$ 45) para idosos e 70 K\u010d (cerca de R$ 17) para crian\u00e7as<\/strong>, enquanto o grande circuito Grand sai a 280 K\u010d (cerca de R$ 70). Se voc\u00ea quiser s\u00f3 passear, a entrada no pr\u00f3prio jardim de geometria perfeita custa 60 K\u010d (cerca de R$ 15).<\/p>\n\n\n\n<p class=\"wp-block-paragraph\">A atmosfera aqui \u00e9 <strong>incrivelmente fotog\u00eanica e o lugar todo parece recortado de um conto de fadas<\/strong>, sobretudo gra\u00e7as ao fosso que cerca a villa por todos os lados. Os hor\u00e1rios de funcionamento atualizados voc\u00ea encontra no site oficial <a href=\"https:\/\/zamek-kratochvile.cz\" rel=\"nofollow noopener\" target=\"_blank\">zamek-kratochvile.cz<\/a>.<\/p>\n\n\n\n<figure data-wp-context=\"{&quot;imageId&quot;:&quot;6a95632ad8b3b&quot;}\" data-wp-interactive=\"core\/image\" data-wp-key=\"6a95632ad8b3b\" class=\"wp-block-image size-full wp-lightbox-container\"><img decoding=\"async\" width=\"2528\" height=\"1696\" data-wp-class--hide=\"state.isContentHidden\" data-wp-class--show=\"state.isContentVisible\" data-wp-init=\"callbacks.setButtonStyles\" data-wp-on--click=\"actions.showLightbox\" data-wp-on--load=\"callbacks.setButtonStyles\" data-wp-on--pointerdown=\"actions.preloadImage\" data-wp-on--pointerenter=\"actions.preloadImageWithDelay\" data-wp-on--pointerleave=\"actions.cancelPreload\" data-wp-on-window--resize=\"callbacks.setButtonStyles\" src=\"https:\/\/loudavymkrokem.cz\/wp-content\/uploads\/2026\/08\/lk-22.jpg\" alt=\"Igreja de S\u00e3o Pedro e S\u00e3o Paulo em Albrechtice nad Vltavou\" class=\"wp-image-404078\" title=\"\" srcset=\"https:\/\/loudavymkrokem.cz\/wp-content\/uploads\/2026\/08\/lk-22.jpg 2528w, https:\/\/loudavymkrokem.cz\/wp-content\/uploads\/2026\/08\/lk-22-300x201.jpg 300w, https:\/\/loudavymkrokem.cz\/wp-content\/uploads\/2026\/08\/lk-22-700x470.jpg 700w, https:\/\/loudavymkrokem.cz\/wp-content\/uploads\/2026\/08\/lk-22-768x515.jpg 768w, https:\/\/loudavymkrokem.cz\/wp-content\/uploads\/2026\/08\/lk-22-1536x1030.jpg 1536w, https:\/\/loudavymkrokem.cz\/wp-content\/uploads\/2026\/08\/lk-22-2048x1374.jpg 2048w, https:\/\/loudavymkrokem.cz\/wp-content\/uploads\/2026\/08\/lk-22-696x467.jpg 696w, https:\/\/loudavymkrokem.cz\/wp-content\/uploads\/2026\/08\/lk-22-1392x934.jpg 1392w, https:\/\/loudavymkrokem.cz\/wp-content\/uploads\/2026\/08\/lk-22-1920x1288.jpg 1920w\" sizes=\"(max-width: 2528px) 100vw, 2528px\" \/><button\n\t\t\tclass=\"lightbox-trigger\"\n\t\t\ttype=\"button\"\n\t\t\taria-haspopup=\"dialog\"\n\t\t\tdata-wp-bind--aria-label=\"state.thisImage.triggerButtonAriaLabel\"\n\t\t\tdata-wp-init=\"callbacks.initTriggerButton\"\n\t\t\tdata-wp-on--click=\"actions.showLightbox\"\n\t\t\tdata-wp-style--right=\"state.thisImage.buttonRight\"\n\t\t\tdata-wp-style--top=\"state.thisImage.buttonTop\"\n\t\t>\n\t\t\t<svg xmlns=\"http:\/\/www.w3.org\/2000\/svg\" width=\"12\" height=\"12\" fill=\"none\" viewBox=\"0 0 12 12\">\n\t\t\t\t<path fill=\"#fff\" d=\"M2 0a2 2 0 0 0-2 2v2h1.5V2a.5.5 0 0 1 .5-.5h2V0H2Zm2 10.5H2a.5.5 0 0 1-.5-.5V8H0v2a2 2 0 0 0 2 2h2v-1.5ZM8 12v-1.5h2a.5.5 0 0 0 .5-.5V8H12v2a2 2 0 0 1-2 2H8Zm2-12a2 2 0 0 1 2 2v2h-1.5V2a.5.5 0 0 0-.5-.5H8V0h2Z\" \/>\n\t\t\t<\/svg>\n\t\t<\/button><figcaption class=\"wp-element-caption\">Baseado na fotografia: Manka \/ Wikimedia Commons, CC BY 3.0 \u00b7 com cores ajustadas<\/figcaption><\/figure>\n\n\n\n<h3 class=\"wp-block-heading\"><span class=\"ez-toc-section\" id=\"18_Ossario_e_cemiterio_em_Albrechtice_nad_Vltavou\"><\/span>18. Oss\u00e1rio e cemit\u00e9rio em Albrechtice nad Vltavou<span class=\"ez-toc-section-end\"><\/span><\/h3>\n\n\n\n<p class=\"wp-block-paragraph\">Para esse passeio discreto, mas \u00fanico, voc\u00ea viaja <strong>16,4 quil\u00f4metros e leva s\u00f3 18 minutos<\/strong>. Em Albrechtice nad Vltavou voc\u00ea encontra a igreja de S\u00e3o Pedro e S\u00e3o Paulo, com o cemit\u00e9rio anexo, contornado por um muro totalmente singular com capelas de nicho pintadas que servem de oss\u00e1rio em miniatura.<\/p>\n\n\n\n<p class=\"wp-block-paragraph\">\u00c9 um <strong>lugar muito pouco conhecido, de atmosfera maravilhosa e silenciosa, de acesso livre e gratuito<\/strong>. Tem s\u00f3 algumas dezenas de resenhas nos mapas, mas quem chega at\u00e9 aqui sai encantado. As pinturas nas capelinhas contam hist\u00f3rias e trazem inscri\u00e7\u00f5es moralizantes do s\u00e9culo XIX, o que faz do lugar um fant\u00e1stico tesouro escondido da regi\u00e3o.<\/p>\n\n\n\n<p class=\"wp-block-paragraph\">Mas tome muito cuidado para <strong>n\u00e3o confundir esse pequeno oss\u00e1rio com o famoso oss\u00e1rio de Sedlec, perto de Kutn\u00e1 Hora<\/strong>, porque os buscadores costumam misturar os dois. A vers\u00e3o de Albrechtice \u00e9 muito mais intimista, silenciosa e praticamente inexplorada pelo turismo. Informa\u00e7\u00f5es pr\u00e1ticas sobre o lugar voc\u00ea encontra no site do munic\u00edpio, <a href=\"https:\/\/albrechticenadvltavou.cz\" rel=\"nofollow noopener\" target=\"_blank\">albrechticenadvltavou.cz<\/a>.<\/p>\n\n\n\n<figure data-wp-context=\"{&quot;imageId&quot;:&quot;6a95632ad9312&quot;}\" data-wp-interactive=\"core\/image\" data-wp-key=\"6a95632ad9312\" class=\"wp-block-image size-full wp-lightbox-container\"><img decoding=\"async\" width=\"2200\" height=\"1467\" data-wp-class--hide=\"state.isContentHidden\" data-wp-class--show=\"state.isContentVisible\" data-wp-init=\"callbacks.setButtonStyles\" data-wp-on--click=\"actions.showLightbox\" data-wp-on--load=\"callbacks.setButtonStyles\" data-wp-on--pointerdown=\"actions.preloadImage\" data-wp-on--pointerenter=\"actions.preloadImageWithDelay\" data-wp-on--pointerleave=\"actions.cancelPreload\" data-wp-on-window--resize=\"callbacks.setButtonStyles\" src=\"https:\/\/loudavymkrokem.cz\/wp-content\/uploads\/2026\/08\/orlicka-prehrada-lod-pod-zvikovem.jpg\" alt=\"Barco a motor na represa de Orl\u00edk abaixo do castelo de Zv\u00edkov\" class=\"wp-image-404454\" title=\"\" srcset=\"https:\/\/loudavymkrokem.cz\/wp-content\/uploads\/2026\/08\/orlicka-prehrada-lod-pod-zvikovem.jpg 2200w, https:\/\/loudavymkrokem.cz\/wp-content\/uploads\/2026\/08\/orlicka-prehrada-lod-pod-zvikovem-300x200.jpg 300w, https:\/\/loudavymkrokem.cz\/wp-content\/uploads\/2026\/08\/orlicka-prehrada-lod-pod-zvikovem-700x467.jpg 700w, https:\/\/loudavymkrokem.cz\/wp-content\/uploads\/2026\/08\/orlicka-prehrada-lod-pod-zvikovem-768x512.jpg 768w, https:\/\/loudavymkrokem.cz\/wp-content\/uploads\/2026\/08\/orlicka-prehrada-lod-pod-zvikovem-1536x1024.jpg 1536w, https:\/\/loudavymkrokem.cz\/wp-content\/uploads\/2026\/08\/orlicka-prehrada-lod-pod-zvikovem-2048x1366.jpg 2048w, https:\/\/loudavymkrokem.cz\/wp-content\/uploads\/2026\/08\/orlicka-prehrada-lod-pod-zvikovem-696x464.jpg 696w, https:\/\/loudavymkrokem.cz\/wp-content\/uploads\/2026\/08\/orlicka-prehrada-lod-pod-zvikovem-1392x928.jpg 1392w, https:\/\/loudavymkrokem.cz\/wp-content\/uploads\/2026\/08\/orlicka-prehrada-lod-pod-zvikovem-1920x1280.jpg 1920w\" sizes=\"(max-width: 2200px) 100vw, 2200px\" \/><button\n\t\t\tclass=\"lightbox-trigger\"\n\t\t\ttype=\"button\"\n\t\t\taria-haspopup=\"dialog\"\n\t\t\tdata-wp-bind--aria-label=\"state.thisImage.triggerButtonAriaLabel\"\n\t\t\tdata-wp-init=\"callbacks.initTriggerButton\"\n\t\t\tdata-wp-on--click=\"actions.showLightbox\"\n\t\t\tdata-wp-style--right=\"state.thisImage.buttonRight\"\n\t\t\tdata-wp-style--top=\"state.thisImage.buttonTop\"\n\t\t>\n\t\t\t<svg xmlns=\"http:\/\/www.w3.org\/2000\/svg\" width=\"12\" height=\"12\" fill=\"none\" viewBox=\"0 0 12 12\">\n\t\t\t\t<path fill=\"#fff\" d=\"M2 0a2 2 0 0 0-2 2v2h1.5V2a.5.5 0 0 1 .5-.5h2V0H2Zm2 10.5H2a.5.5 0 0 1-.5-.5V8H0v2a2 2 0 0 0 2 2h2v-1.5ZM8 12v-1.5h2a.5.5 0 0 0 .5-.5V8H12v2a2 2 0 0 1-2 2H8Zm2-12a2 2 0 0 1 2 2v2h-1.5V2a.5.5 0 0 0-.5-.5H8V0h2Z\" \/>\n\t\t\t<\/svg>\n\t\t<\/button><\/figure>\n\n\n\n<h2 class=\"wp-block-heading\"><span class=\"ez-toc-section\" id=\"Agua_a_represa_de_Orlik_o_Vltava_e_o_Otava\"><\/span>\u00c1gua: a represa de Orl\u00edk, o Vltava e o Otava<span class=\"ez-toc-section-end\"><\/span><\/h2>\n\n\n\n<p class=\"wp-block-paragraph\">Os rios e as represas do sul da Bo\u00eamia s\u00e3o um cap\u00edtulo \u00e0 parte. No ver\u00e3o, oferecem \u00f3timos banhos; na primavera e no outono, cen\u00e1rios incr\u00edveis de c\u00e2nions encravados. Recomendo planejar esses passeios principalmente para os dias de tempo bom.<\/p>\n\n\n\n<figure data-wp-context=\"{&quot;imageId&quot;:&quot;6a95632ad9989&quot;}\" data-wp-interactive=\"core\/image\" data-wp-key=\"6a95632ad9989\" class=\"wp-block-image size-full wp-lightbox-container\"><img decoding=\"async\" width=\"2528\" height=\"1696\" data-wp-class--hide=\"state.isContentHidden\" data-wp-class--show=\"state.isContentVisible\" data-wp-init=\"callbacks.setButtonStyles\" data-wp-on--click=\"actions.showLightbox\" data-wp-on--load=\"callbacks.setButtonStyles\" data-wp-on--pointerdown=\"actions.preloadImage\" data-wp-on--pointerenter=\"actions.preloadImageWithDelay\" data-wp-on--pointerleave=\"actions.cancelPreload\" data-wp-on-window--resize=\"callbacks.setButtonStyles\" src=\"https:\/\/loudavymkrokem.cz\/wp-content\/uploads\/2026\/08\/lk-24.jpg\" alt=\"Barco de passeio na represa de Orl\u00edk\" class=\"wp-image-404086\" title=\"\" srcset=\"https:\/\/loudavymkrokem.cz\/wp-content\/uploads\/2026\/08\/lk-24.jpg 2528w, https:\/\/loudavymkrokem.cz\/wp-content\/uploads\/2026\/08\/lk-24-300x201.jpg 300w, https:\/\/loudavymkrokem.cz\/wp-content\/uploads\/2026\/08\/lk-24-700x470.jpg 700w, https:\/\/loudavymkrokem.cz\/wp-content\/uploads\/2026\/08\/lk-24-768x515.jpg 768w, https:\/\/loudavymkrokem.cz\/wp-content\/uploads\/2026\/08\/lk-24-1536x1030.jpg 1536w, https:\/\/loudavymkrokem.cz\/wp-content\/uploads\/2026\/08\/lk-24-2048x1374.jpg 2048w, https:\/\/loudavymkrokem.cz\/wp-content\/uploads\/2026\/08\/lk-24-696x467.jpg 696w, https:\/\/loudavymkrokem.cz\/wp-content\/uploads\/2026\/08\/lk-24-1392x934.jpg 1392w, https:\/\/loudavymkrokem.cz\/wp-content\/uploads\/2026\/08\/lk-24-1920x1288.jpg 1920w\" sizes=\"(max-width: 2528px) 100vw, 2528px\" \/><button\n\t\t\tclass=\"lightbox-trigger\"\n\t\t\ttype=\"button\"\n\t\t\taria-haspopup=\"dialog\"\n\t\t\tdata-wp-bind--aria-label=\"state.thisImage.triggerButtonAriaLabel\"\n\t\t\tdata-wp-init=\"callbacks.initTriggerButton\"\n\t\t\tdata-wp-on--click=\"actions.showLightbox\"\n\t\t\tdata-wp-style--right=\"state.thisImage.buttonRight\"\n\t\t\tdata-wp-style--top=\"state.thisImage.buttonTop\"\n\t\t>\n\t\t\t<svg xmlns=\"http:\/\/www.w3.org\/2000\/svg\" width=\"12\" height=\"12\" fill=\"none\" viewBox=\"0 0 12 12\">\n\t\t\t\t<path fill=\"#fff\" d=\"M2 0a2 2 0 0 0-2 2v2h1.5V2a.5.5 0 0 1 .5-.5h2V0H2Zm2 10.5H2a.5.5 0 0 1-.5-.5V8H0v2a2 2 0 0 0 2 2h2v-1.5ZM8 12v-1.5h2a.5.5 0 0 0 .5-.5V8H12v2a2 2 0 0 1-2 2H8Zm2-12a2 2 0 0 1 2 2v2h-1.5V2a.5.5 0 0 0-.5-.5H8V0h2Z\" \/>\n\t\t\t<\/svg>\n\t\t<\/button><figcaption class=\"wp-element-caption\">Baseado na fotografia: Ji\u0159\u00ed Sedl\u00e1\u010dek \/ Wikimedia Commons, CC BY-SA 4.0 \u00b7 com cores ajustadas<\/figcaption><\/figure>\n\n\n\n<h3 class=\"wp-block-heading\"><span class=\"ez-toc-section\" id=\"19_Passeio_de_barco_Zvikov_%E2%86%94_Orlik\"><\/span>19. Passeio de barco Zv\u00edkov \u2194 Orl\u00edk<span class=\"ez-toc-section-end\"><\/span><\/h3>\n\n\n\n<p class=\"wp-block-paragraph\">At\u00e9 o cais abaixo do castelo de Zv\u00edkov s\u00e3o <strong>26 quil\u00f4metros e o trajeto de carro dura cerca de 32 minutos<\/strong>. \u00c9 bem daqui que parte a companhia de barcos de Orl\u00edk, que na minha opini\u00e3o \u00e9 a combina\u00e7\u00e3o de passeio mais bonita de toda a regi\u00e3o de P\u00edsek, porque liga dois castelos deslumbrantes com o relaxamento sobre a \u00e1gua.<\/p>\n\n\n\n<p class=\"wp-block-paragraph\">Este ano, os barcos <strong>fazem a rota regular entre o castelo de Orl\u00edk e o castelo de Zv\u00edkov nos dois sentidos<\/strong>, com opera\u00e7\u00e3o de ter\u00e7a a domingo e as segundas de folga. Fique atento ao fato de que a popular rota at\u00e9 a pr\u00f3pria barragem, no momento, n\u00e3o acontece por quest\u00f5es de risco de acesso.<\/p>\n\n\n\n<p class=\"wp-block-paragraph\">A tarifa e o hor\u00e1rio exato dos barcos, infelizmente, n\u00e3o est\u00e3o fixados, ent\u00e3o <strong>confirme todas as informa\u00e7\u00f5es por telefone ou no site <a href=\"https:\/\/lodnidopravanaorliku.cz\" rel=\"nofollow noopener\" target=\"_blank\">lodnidopravanaorliku.cz<\/a><\/strong>. \ud83d\udca1 Dica: Durante as f\u00e9rias os barcos costumam lotar, ent\u00e3o recomendo chegar ao cais com bastante anteced\u00eancia.<\/p>\n\n\n\n<figure data-wp-context=\"{&quot;imageId&quot;:&quot;6a95632ada08b&quot;}\" data-wp-interactive=\"core\/image\" data-wp-key=\"6a95632ada08b\" class=\"wp-block-image size-full wp-lightbox-container\"><img decoding=\"async\" width=\"2200\" height=\"1467\" data-wp-class--hide=\"state.isContentHidden\" data-wp-class--show=\"state.isContentVisible\" data-wp-init=\"callbacks.setButtonStyles\" data-wp-on--click=\"actions.showLightbox\" data-wp-on--load=\"callbacks.setButtonStyles\" data-wp-on--pointerdown=\"actions.preloadImage\" data-wp-on--pointerenter=\"actions.preloadImageWithDelay\" data-wp-on--pointerleave=\"actions.cancelPreload\" data-wp-on-window--resize=\"callbacks.setButtonStyles\" src=\"https:\/\/loudavymkrokem.cz\/wp-content\/uploads\/2026\/08\/orlicka-prehrada-prirodni-plaz.jpg\" alt=\"Praia natural numa enseada da represa de Orl\u00edk\" class=\"wp-image-404455\" title=\"\" srcset=\"https:\/\/loudavymkrokem.cz\/wp-content\/uploads\/2026\/08\/orlicka-prehrada-prirodni-plaz.jpg 2200w, https:\/\/loudavymkrokem.cz\/wp-content\/uploads\/2026\/08\/orlicka-prehrada-prirodni-plaz-300x200.jpg 300w, https:\/\/loudavymkrokem.cz\/wp-content\/uploads\/2026\/08\/orlicka-prehrada-prirodni-plaz-700x467.jpg 700w, https:\/\/loudavymkrokem.cz\/wp-content\/uploads\/2026\/08\/orlicka-prehrada-prirodni-plaz-768x512.jpg 768w, https:\/\/loudavymkrokem.cz\/wp-content\/uploads\/2026\/08\/orlicka-prehrada-prirodni-plaz-1536x1024.jpg 1536w, https:\/\/loudavymkrokem.cz\/wp-content\/uploads\/2026\/08\/orlicka-prehrada-prirodni-plaz-2048x1366.jpg 2048w, https:\/\/loudavymkrokem.cz\/wp-content\/uploads\/2026\/08\/orlicka-prehrada-prirodni-plaz-696x464.jpg 696w, https:\/\/loudavymkrokem.cz\/wp-content\/uploads\/2026\/08\/orlicka-prehrada-prirodni-plaz-1392x928.jpg 1392w, https:\/\/loudavymkrokem.cz\/wp-content\/uploads\/2026\/08\/orlicka-prehrada-prirodni-plaz-1920x1280.jpg 1920w\" sizes=\"(max-width: 2200px) 100vw, 2200px\" \/><button\n\t\t\tclass=\"lightbox-trigger\"\n\t\t\ttype=\"button\"\n\t\t\taria-haspopup=\"dialog\"\n\t\t\tdata-wp-bind--aria-label=\"state.thisImage.triggerButtonAriaLabel\"\n\t\t\tdata-wp-init=\"callbacks.initTriggerButton\"\n\t\t\tdata-wp-on--click=\"actions.showLightbox\"\n\t\t\tdata-wp-style--right=\"state.thisImage.buttonRight\"\n\t\t\tdata-wp-style--top=\"state.thisImage.buttonTop\"\n\t\t>\n\t\t\t<svg xmlns=\"http:\/\/www.w3.org\/2000\/svg\" width=\"12\" height=\"12\" fill=\"none\" viewBox=\"0 0 12 12\">\n\t\t\t\t<path fill=\"#fff\" d=\"M2 0a2 2 0 0 0-2 2v2h1.5V2a.5.5 0 0 1 .5-.5h2V0H2Zm2 10.5H2a.5.5 0 0 1-.5-.5V8H0v2a2 2 0 0 0 2 2h2v-1.5ZM8 12v-1.5h2a.5.5 0 0 0 .5-.5V8H12v2a2 2 0 0 1-2 2H8Zm2-12a2 2 0 0 1 2 2v2h-1.5V2a.5.5 0 0 0-.5-.5H8V0h2Z\" \/>\n\t\t\t<\/svg>\n\t\t<\/button><\/figure>\n\n\n\n<h3 class=\"wp-block-heading\"><span class=\"ez-toc-section\" id=\"20_Represa_de_Orlik_praias_e_campings\"><\/span>20. Represa de Orl\u00edk: praias e campings<span class=\"ez-toc-section-end\"><\/span><\/h3>\n\n\n\n<p class=\"wp-block-paragraph\">At\u00e9 as margens desse enorme reservat\u00f3rio voc\u00ea percorre <strong>cerca de 26 a 40 quil\u00f4metros, dependendo da praia que escolher<\/strong>. Orl\u00edk \u00e9 a represa de maior volume do rio Vltava e os seus c\u00e2nions profundamente inundados t\u00eam uma atmosfera meio inacredit\u00e1vel. O n\u00edvel elevado engoliu o vale e, do barco, parece que voc\u00ea est\u00e1 navegando em algum lugar da Escandin\u00e1via, e n\u00e3o pertinho de P\u00edsek.<\/p>\n\n\n\n<p class=\"wp-block-paragraph\">Voc\u00ea encontra aqui uma <strong>enorme quantidade de praias naturais, campings bem equipados e locadoras de barcos<\/strong>, ent\u00e3o d\u00e1 para passar aqui as f\u00e9rias de ver\u00e3o inteiras com facilidade. Nos meses quentes, a \u00e1gua costuma ficar agradavelmente aquecida, embora a qualidade possa piorar de vez em quando ao longo de agosto, dependendo da enseada.<\/p>\n\n\n\n<p class=\"wp-block-paragraph\">Se voc\u00ea procura lugares mais tranquilos, <strong>evite os campings maiores e tente explorar as enseadas menores<\/strong>, aonde muitas vezes s\u00f3 se chega a p\u00e9 pela floresta. \u00c9 um destino ideal para quem ama stand-up paddle ou quer alugar um pequeno barco a motor e explorar as rochas de perto. N\u00f3s adoramos vir aqui para uma tarde de stand-up paddle: basta achar uma enseada onde n\u00e3o tenha tantos barcos.<\/p>\n\n\n\n<figure data-wp-context=\"{&quot;imageId&quot;:&quot;6a95632ada879&quot;}\" data-wp-interactive=\"core\/image\" data-wp-key=\"6a95632ada879\" class=\"wp-block-image size-full wp-lightbox-container\"><img decoding=\"async\" width=\"2528\" height=\"1696\" data-wp-class--hide=\"state.isContentHidden\" data-wp-class--show=\"state.isContentVisible\" data-wp-init=\"callbacks.setButtonStyles\" data-wp-on--click=\"actions.showLightbox\" data-wp-on--load=\"callbacks.setButtonStyles\" data-wp-on--pointerdown=\"actions.preloadImage\" data-wp-on--pointerenter=\"actions.preloadImageWithDelay\" data-wp-on--pointerleave=\"actions.cancelPreload\" data-wp-on-window--resize=\"callbacks.setButtonStyles\" src=\"https:\/\/loudavymkrokem.cz\/wp-content\/uploads\/2026\/08\/lk-26.jpg\" alt=\"Ponte junto a \u010cerven\u00e1 nad Vltavou\" class=\"wp-image-404094\" title=\"\" srcset=\"https:\/\/loudavymkrokem.cz\/wp-content\/uploads\/2026\/08\/lk-26.jpg 2528w, https:\/\/loudavymkrokem.cz\/wp-content\/uploads\/2026\/08\/lk-26-300x201.jpg 300w, https:\/\/loudavymkrokem.cz\/wp-content\/uploads\/2026\/08\/lk-26-700x470.jpg 700w, https:\/\/loudavymkrokem.cz\/wp-content\/uploads\/2026\/08\/lk-26-768x515.jpg 768w, https:\/\/loudavymkrokem.cz\/wp-content\/uploads\/2026\/08\/lk-26-1536x1030.jpg 1536w, https:\/\/loudavymkrokem.cz\/wp-content\/uploads\/2026\/08\/lk-26-2048x1374.jpg 2048w, https:\/\/loudavymkrokem.cz\/wp-content\/uploads\/2026\/08\/lk-26-696x467.jpg 696w, https:\/\/loudavymkrokem.cz\/wp-content\/uploads\/2026\/08\/lk-26-1392x934.jpg 1392w, https:\/\/loudavymkrokem.cz\/wp-content\/uploads\/2026\/08\/lk-26-1920x1288.jpg 1920w\" sizes=\"(max-width: 2528px) 100vw, 2528px\" \/><button\n\t\t\tclass=\"lightbox-trigger\"\n\t\t\ttype=\"button\"\n\t\t\taria-haspopup=\"dialog\"\n\t\t\tdata-wp-bind--aria-label=\"state.thisImage.triggerButtonAriaLabel\"\n\t\t\tdata-wp-init=\"callbacks.initTriggerButton\"\n\t\t\tdata-wp-on--click=\"actions.showLightbox\"\n\t\t\tdata-wp-style--right=\"state.thisImage.buttonRight\"\n\t\t\tdata-wp-style--top=\"state.thisImage.buttonTop\"\n\t\t>\n\t\t\t<svg xmlns=\"http:\/\/www.w3.org\/2000\/svg\" width=\"12\" height=\"12\" fill=\"none\" viewBox=\"0 0 12 12\">\n\t\t\t\t<path fill=\"#fff\" d=\"M2 0a2 2 0 0 0-2 2v2h1.5V2a.5.5 0 0 1 .5-.5h2V0H2Zm2 10.5H2a.5.5 0 0 1-.5-.5V8H0v2a2 2 0 0 0 2 2h2v-1.5ZM8 12v-1.5h2a.5.5 0 0 0 .5-.5V8H12v2a2 2 0 0 1-2 2H8Zm2-12a2 2 0 0 1 2 2v2h-1.5V2a.5.5 0 0 0-.5-.5H8V0h2Z\" \/>\n\t\t\t<\/svg>\n\t\t<\/button><figcaption class=\"wp-element-caption\">Baseado na fotografia: Jan Tichavsk\u00fd \/ Wikimedia Commons, CC BY-SA 4.0 \u00b7 com cores ajustadas<\/figcaption><\/figure>\n\n\n\n<h3 class=\"wp-block-heading\"><span class=\"ez-toc-section\" id=\"21_Cervena_nad_Vltavou\"><\/span>21. \u010cerven\u00e1 nad Vltavou<span class=\"ez-toc-section-end\"><\/span><\/h3>\n\n\n\n<p class=\"wp-block-paragraph\">At\u00e9 esse lugar interessante voc\u00ea viaja <strong>18,8 quil\u00f4metros e chega ao destino em 22 minutos<\/strong>. \u010cerven\u00e1 nad Vltavou \u00e9 um ponto historicamente muito importante, porque \u00e9 bem aqui que o Vltava entra no seu profundo c\u00e2nion e onde se encontra uma imponente antiga ponte ferrovi\u00e1ria que se arqueia bem alto sobre a \u00e1gua.<\/p>\n\n\n\n<p class=\"wp-block-paragraph\">O lugar <strong>serviu durante longos anos como uma importante balsa e at\u00e9 hoje tem aquela atmosfera de acampamento livre<\/strong>, mantida pelas col\u00f4nias de chal\u00e9s nas duas margens. A estrutura da ponte \u00e9 realmente fotog\u00eanica e a vista dela ao n\u00edvel da \u00e1gua vale a parada.<\/p>\n\n\n\n<p class=\"wp-block-paragraph\">Hoje \u00e9 uma <strong>parada muito popular entre ciclistas e caminhantes<\/strong> que percorrem a margem do rio. D\u00e1 para sentar tranquilamente, descansar e apenas observar a \u00e1gua fluir e os barcos seguindo represa afora.<\/p>\n\n\n\n<figure data-wp-context=\"{&quot;imageId&quot;:&quot;6a95632adb196&quot;}\" data-wp-interactive=\"core\/image\" data-wp-key=\"6a95632adb196\" class=\"wp-block-image size-full wp-lightbox-container\"><img decoding=\"async\" width=\"2528\" height=\"1696\" data-wp-class--hide=\"state.isContentHidden\" data-wp-class--show=\"state.isContentVisible\" data-wp-init=\"callbacks.setButtonStyles\" data-wp-on--click=\"actions.showLightbox\" data-wp-on--load=\"callbacks.setButtonStyles\" data-wp-on--pointerdown=\"actions.preloadImage\" data-wp-on--pointerenter=\"actions.preloadImageWithDelay\" data-wp-on--pointerleave=\"actions.cancelPreload\" data-wp-on-window--resize=\"callbacks.setButtonStyles\" src=\"https:\/\/loudavymkrokem.cz\/wp-content\/uploads\/2026\/08\/lk-27.jpg\" alt=\"Pra\u00e7a em Vod\u0148any\" class=\"wp-image-404102\" title=\"\" srcset=\"https:\/\/loudavymkrokem.cz\/wp-content\/uploads\/2026\/08\/lk-27.jpg 2528w, https:\/\/loudavymkrokem.cz\/wp-content\/uploads\/2026\/08\/lk-27-300x201.jpg 300w, https:\/\/loudavymkrokem.cz\/wp-content\/uploads\/2026\/08\/lk-27-700x470.jpg 700w, https:\/\/loudavymkrokem.cz\/wp-content\/uploads\/2026\/08\/lk-27-768x515.jpg 768w, https:\/\/loudavymkrokem.cz\/wp-content\/uploads\/2026\/08\/lk-27-1536x1030.jpg 1536w, https:\/\/loudavymkrokem.cz\/wp-content\/uploads\/2026\/08\/lk-27-2048x1374.jpg 2048w, https:\/\/loudavymkrokem.cz\/wp-content\/uploads\/2026\/08\/lk-27-696x467.jpg 696w, https:\/\/loudavymkrokem.cz\/wp-content\/uploads\/2026\/08\/lk-27-1392x934.jpg 1392w, https:\/\/loudavymkrokem.cz\/wp-content\/uploads\/2026\/08\/lk-27-1920x1288.jpg 1920w\" sizes=\"(max-width: 2528px) 100vw, 2528px\" \/><button\n\t\t\tclass=\"lightbox-trigger\"\n\t\t\ttype=\"button\"\n\t\t\taria-haspopup=\"dialog\"\n\t\t\tdata-wp-bind--aria-label=\"state.thisImage.triggerButtonAriaLabel\"\n\t\t\tdata-wp-init=\"callbacks.initTriggerButton\"\n\t\t\tdata-wp-on--click=\"actions.showLightbox\"\n\t\t\tdata-wp-style--right=\"state.thisImage.buttonRight\"\n\t\t\tdata-wp-style--top=\"state.thisImage.buttonTop\"\n\t\t>\n\t\t\t<svg xmlns=\"http:\/\/www.w3.org\/2000\/svg\" width=\"12\" height=\"12\" fill=\"none\" viewBox=\"0 0 12 12\">\n\t\t\t\t<path fill=\"#fff\" d=\"M2 0a2 2 0 0 0-2 2v2h1.5V2a.5.5 0 0 1 .5-.5h2V0H2Zm2 10.5H2a.5.5 0 0 1-.5-.5V8H0v2a2 2 0 0 0 2 2h2v-1.5ZM8 12v-1.5h2a.5.5 0 0 0 .5-.5V8H12v2a2 2 0 0 1-2 2H8Zm2-12a2 2 0 0 1 2 2v2h-1.5V2a.5.5 0 0 0-.5-.5H8V0h2Z\" \/>\n\t\t\t<\/svg>\n\t\t<\/button><\/figure>\n\n\n\n<h3 class=\"wp-block-heading\"><span class=\"ez-toc-section\" id=\"22_Vodnany_e_os_lagos\"><\/span>22. Vod\u0148any e os lagos<span class=\"ez-toc-section-end\"><\/span><\/h3>\n\n\n\n<p class=\"wp-block-paragraph\">At\u00e9 essa cidade dedicada aos pescadores s\u00e3o <strong>22,3 quil\u00f4metros e o trajeto dura exatos 22 minutos<\/strong>. Vod\u0148any \u00e9 praticamente sin\u00f4nimo da tradi\u00e7\u00e3o pesqueira: ali fica a famosa Escola T\u00e9cnica de Pesca e toda a regi\u00e3o \u00e9 cortada por uma densa rede de lindos lagos.<\/p>\n\n\n\n<p class=\"wp-block-paragraph\">No centro, n\u00e3o deixe de fora o <strong>Museu e Galeria Municipal de Vod\u0148any, que costuma abrir de ter\u00e7a a domingo<\/strong>, e confira o valor da entrada no site <a href=\"https:\/\/muzeumvodnany.cz\" rel=\"nofollow noopener\" target=\"_blank\">muzeumvodnany.cz<\/a>. O museu local documenta muito bem a hist\u00f3ria da piscicultura, que moldou toda a paisagem daqui at\u00e9 a forma atual.<\/p>\n\n\n\n<p class=\"wp-block-paragraph\">Para um passeio em fam\u00edlia, <strong>recomendo de cora\u00e7\u00e3o a trilha educativa V Z\u00e1ti\u0161\u00ed ao redor dos lagos locais<\/strong>, que \u00e9 muito tranquila e bem cuidada. Vod\u0148any \u00e9 famosa pela sua tradi\u00e7\u00e3o pesqueira, e a carpa local \u00e9 um \u00edcone do qual se fala por toda parte nos melhores restaurantes.<\/p>\n\n\n\n<figure data-wp-context=\"{&quot;imageId&quot;:&quot;6a95632adba76&quot;}\" data-wp-interactive=\"core\/image\" data-wp-key=\"6a95632adba76\" class=\"wp-block-image size-full wp-lightbox-container\"><img decoding=\"async\" width=\"2528\" height=\"1696\" data-wp-class--hide=\"state.isContentHidden\" data-wp-class--show=\"state.isContentVisible\" data-wp-init=\"callbacks.setButtonStyles\" data-wp-on--click=\"actions.showLightbox\" data-wp-on--load=\"callbacks.setButtonStyles\" data-wp-on--pointerdown=\"actions.preloadImage\" data-wp-on--pointerenter=\"actions.preloadImageWithDelay\" data-wp-on--pointerleave=\"actions.cancelPreload\" data-wp-on-window--resize=\"callbacks.setButtonStyles\" src=\"https:\/\/loudavymkrokem.cz\/wp-content\/uploads\/2026\/08\/lk-28.jpg\" alt=\"Castelo de Hlubok\u00e1 nad Vltavou\" class=\"wp-image-404105\" title=\"\" srcset=\"https:\/\/loudavymkrokem.cz\/wp-content\/uploads\/2026\/08\/lk-28.jpg 2528w, https:\/\/loudavymkrokem.cz\/wp-content\/uploads\/2026\/08\/lk-28-300x201.jpg 300w, https:\/\/loudavymkrokem.cz\/wp-content\/uploads\/2026\/08\/lk-28-700x470.jpg 700w, https:\/\/loudavymkrokem.cz\/wp-content\/uploads\/2026\/08\/lk-28-768x515.jpg 768w, https:\/\/loudavymkrokem.cz\/wp-content\/uploads\/2026\/08\/lk-28-1536x1030.jpg 1536w, https:\/\/loudavymkrokem.cz\/wp-content\/uploads\/2026\/08\/lk-28-2048x1374.jpg 2048w, https:\/\/loudavymkrokem.cz\/wp-content\/uploads\/2026\/08\/lk-28-696x467.jpg 696w, https:\/\/loudavymkrokem.cz\/wp-content\/uploads\/2026\/08\/lk-28-1392x934.jpg 1392w, https:\/\/loudavymkrokem.cz\/wp-content\/uploads\/2026\/08\/lk-28-1920x1288.jpg 1920w\" sizes=\"(max-width: 2528px) 100vw, 2528px\" \/><button\n\t\t\tclass=\"lightbox-trigger\"\n\t\t\ttype=\"button\"\n\t\t\taria-haspopup=\"dialog\"\n\t\t\tdata-wp-bind--aria-label=\"state.thisImage.triggerButtonAriaLabel\"\n\t\t\tdata-wp-init=\"callbacks.initTriggerButton\"\n\t\t\tdata-wp-on--click=\"actions.showLightbox\"\n\t\t\tdata-wp-style--right=\"state.thisImage.buttonRight\"\n\t\t\tdata-wp-style--top=\"state.thisImage.buttonTop\"\n\t\t>\n\t\t\t<svg xmlns=\"http:\/\/www.w3.org\/2000\/svg\" width=\"12\" height=\"12\" fill=\"none\" viewBox=\"0 0 12 12\">\n\t\t\t\t<path fill=\"#fff\" d=\"M2 0a2 2 0 0 0-2 2v2h1.5V2a.5.5 0 0 1 .5-.5h2V0H2Zm2 10.5H2a.5.5 0 0 1-.5-.5V8H0v2a2 2 0 0 0 2 2h2v-1.5ZM8 12v-1.5h2a.5.5 0 0 0 .5-.5V8H12v2a2 2 0 0 1-2 2H8Zm2-12a2 2 0 0 1 2 2v2h-1.5V2a.5.5 0 0 0-.5-.5H8V0h2Z\" \/>\n\t\t\t<\/svg>\n\t\t<\/button><figcaption class=\"wp-element-caption\">Baseado na fotografia: Michal Klajban \/ Wikimedia Commons, CC BY 4.0 \u00b7 com cores ajustadas<\/figcaption><\/figure>\n\n\n\n<h2 class=\"wp-block-heading\"><span class=\"ez-toc-section\" id=\"Cidades_do_sul_da_Boemia_e_destinos_para_o_dia_inteiro\"><\/span>Cidades do sul da Bo\u00eamia e destinos para o dia inteiro<span class=\"ez-toc-section-end\"><\/span><\/h2>\n\n\n\n<p class=\"wp-block-paragraph\">Se voc\u00ea n\u00e3o se importa de passar cerca de tr\u00eas quartos de hora no carro, abre-se a partir de P\u00edsek a possibilidade de visitar os lugares mais famosos de todo o sul da Bo\u00eamia. Aqui j\u00e1 falamos de passeios completos de dia inteiro.<\/p>\n\n\n\n<figure data-wp-context=\"{&quot;imageId&quot;:&quot;6a95632adc2ae&quot;}\" data-wp-interactive=\"core\/image\" data-wp-key=\"6a95632adc2ae\" class=\"wp-block-image size-full wp-lightbox-container\"><img decoding=\"async\" width=\"2528\" height=\"1696\" data-wp-class--hide=\"state.isContentHidden\" data-wp-class--show=\"state.isContentVisible\" data-wp-init=\"callbacks.setButtonStyles\" data-wp-on--click=\"actions.showLightbox\" data-wp-on--load=\"callbacks.setButtonStyles\" data-wp-on--pointerdown=\"actions.preloadImage\" data-wp-on--pointerenter=\"actions.preloadImageWithDelay\" data-wp-on--pointerleave=\"actions.cancelPreload\" data-wp-on-window--resize=\"callbacks.setButtonStyles\" src=\"https:\/\/loudavymkrokem.cz\/wp-content\/uploads\/2026\/08\/lk-29.jpg\" alt=\"Fachada em estilo Tudor do castelo de Hlubok\u00e1\" class=\"wp-image-404109\" title=\"\" srcset=\"https:\/\/loudavymkrokem.cz\/wp-content\/uploads\/2026\/08\/lk-29.jpg 2528w, https:\/\/loudavymkrokem.cz\/wp-content\/uploads\/2026\/08\/lk-29-300x201.jpg 300w, https:\/\/loudavymkrokem.cz\/wp-content\/uploads\/2026\/08\/lk-29-700x470.jpg 700w, https:\/\/loudavymkrokem.cz\/wp-content\/uploads\/2026\/08\/lk-29-768x515.jpg 768w, https:\/\/loudavymkrokem.cz\/wp-content\/uploads\/2026\/08\/lk-29-1536x1030.jpg 1536w, https:\/\/loudavymkrokem.cz\/wp-content\/uploads\/2026\/08\/lk-29-2048x1374.jpg 2048w, https:\/\/loudavymkrokem.cz\/wp-content\/uploads\/2026\/08\/lk-29-696x467.jpg 696w, https:\/\/loudavymkrokem.cz\/wp-content\/uploads\/2026\/08\/lk-29-1392x934.jpg 1392w, https:\/\/loudavymkrokem.cz\/wp-content\/uploads\/2026\/08\/lk-29-1920x1288.jpg 1920w\" sizes=\"(max-width: 2528px) 100vw, 2528px\" \/><button\n\t\t\tclass=\"lightbox-trigger\"\n\t\t\ttype=\"button\"\n\t\t\taria-haspopup=\"dialog\"\n\t\t\tdata-wp-bind--aria-label=\"state.thisImage.triggerButtonAriaLabel\"\n\t\t\tdata-wp-init=\"callbacks.initTriggerButton\"\n\t\t\tdata-wp-on--click=\"actions.showLightbox\"\n\t\t\tdata-wp-style--right=\"state.thisImage.buttonRight\"\n\t\t\tdata-wp-style--top=\"state.thisImage.buttonTop\"\n\t\t>\n\t\t\t<svg xmlns=\"http:\/\/www.w3.org\/2000\/svg\" width=\"12\" height=\"12\" fill=\"none\" viewBox=\"0 0 12 12\">\n\t\t\t\t<path fill=\"#fff\" d=\"M2 0a2 2 0 0 0-2 2v2h1.5V2a.5.5 0 0 1 .5-.5h2V0H2Zm2 10.5H2a.5.5 0 0 1-.5-.5V8H0v2a2 2 0 0 0 2 2h2v-1.5ZM8 12v-1.5h2a.5.5 0 0 0 .5-.5V8H12v2a2 2 0 0 1-2 2H8Zm2-12a2 2 0 0 1 2 2v2h-1.5V2a.5.5 0 0 0-.5-.5H8V0h2Z\" \/>\n\t\t\t<\/svg>\n\t\t<\/button><\/figure>\n\n\n\n<h3 class=\"wp-block-heading\"><span class=\"ez-toc-section\" id=\"23_Hluboka_nad_Vltavou\"><\/span>23. Hlubok\u00e1 nad Vltavou<span class=\"ez-toc-section-end\"><\/span><\/h3>\n\n\n\n<p class=\"wp-block-paragraph\">At\u00e9 o nosso castelo mais famoso voc\u00ea percorre <strong>45,1 quil\u00f4metros e o trajeto dura cerca de 42 minutos<\/strong>. Hlubok\u00e1 \u00e9 um verdadeiro fen\u00f4meno: com mais de 28 mil resenhas, \u00e9 de longe o destino mais visitado de toda a regi\u00e3o e a sua arquitetura neog\u00f3tica em estilo Tudor atrai turistas como um \u00edm\u00e3.<\/p>\n\n\n\n<p class=\"wp-block-paragraph\">A entrada confirmada para 2026 <strong>para o circuito b\u00e1sico dos Aposentos de Representa\u00e7\u00e3o \u00e9 de 300 K\u010d (cerca de R$ 75) para adultos<\/strong>, idosos e jovens pagam 240 K\u010d (cerca de R$ 60) e crian\u00e7as, 90 K\u010d (cerca de R$ 22). O castelo oferece tamb\u00e9m outros percursos, como os aposentos privados a 220 K\u010d (cerca de R$ 55), a torre-mirante a 180 K\u010d (cerca de R$ 45) ou at\u00e9 um percurso especial de inverno, que funciona fora da alta temporada. A reserva da visita e a tabela de pre\u00e7os atualizada voc\u00ea encontra em <a href=\"https:\/\/zamek-hluboka.cz\" rel=\"nofollow noopener\" target=\"_blank\">zamek-hluboka.cz<\/a>.<\/p>\n\n\n\n<p class=\"wp-block-paragraph\">O complexo todo <strong>\u00e9 complementado pela linda Galeria do Sul da Bo\u00eamia de Ale\u0161, instalada no antigo picadeiro do castelo<\/strong>, e no sop\u00e9 do castelo voc\u00ea encontra o \u00f3timo Zoo Ohrada. Reserve tranquilamente um dia inteiro para Hlubok\u00e1, porque a visita ao castelo em si \u00e9 s\u00f3 uma parte do programa e o parque ao redor d\u00e1 para passear por muito tempo. No sop\u00e9 do castelo h\u00e1 caf\u00e9s suficientes para voc\u00ea fazer uma pausa antes de voltar.<\/p>\n\n\n\n<figure data-wp-context=\"{&quot;imageId&quot;:&quot;6a95632adcb7b&quot;}\" data-wp-interactive=\"core\/image\" data-wp-key=\"6a95632adcb7b\" class=\"wp-block-image size-full wp-lightbox-container\"><img decoding=\"async\" width=\"2528\" height=\"1696\" data-wp-class--hide=\"state.isContentHidden\" data-wp-class--show=\"state.isContentVisible\" data-wp-init=\"callbacks.setButtonStyles\" data-wp-on--click=\"actions.showLightbox\" data-wp-on--load=\"callbacks.setButtonStyles\" data-wp-on--pointerdown=\"actions.preloadImage\" data-wp-on--pointerenter=\"actions.preloadImageWithDelay\" data-wp-on--pointerleave=\"actions.cancelPreload\" data-wp-on-window--resize=\"callbacks.setButtonStyles\" src=\"https:\/\/loudavymkrokem.cz\/wp-content\/uploads\/2026\/08\/lk-30.jpg\" alt=\"Pra\u00e7a de \u017di\u017eka em T\u00e1bor\" class=\"wp-image-404112\" title=\"\" srcset=\"https:\/\/loudavymkrokem.cz\/wp-content\/uploads\/2026\/08\/lk-30.jpg 2528w, https:\/\/loudavymkrokem.cz\/wp-content\/uploads\/2026\/08\/lk-30-300x201.jpg 300w, https:\/\/loudavymkrokem.cz\/wp-content\/uploads\/2026\/08\/lk-30-700x470.jpg 700w, https:\/\/loudavymkrokem.cz\/wp-content\/uploads\/2026\/08\/lk-30-768x515.jpg 768w, https:\/\/loudavymkrokem.cz\/wp-content\/uploads\/2026\/08\/lk-30-1536x1030.jpg 1536w, https:\/\/loudavymkrokem.cz\/wp-content\/uploads\/2026\/08\/lk-30-2048x1374.jpg 2048w, https:\/\/loudavymkrokem.cz\/wp-content\/uploads\/2026\/08\/lk-30-696x467.jpg 696w, https:\/\/loudavymkrokem.cz\/wp-content\/uploads\/2026\/08\/lk-30-1392x934.jpg 1392w, https:\/\/loudavymkrokem.cz\/wp-content\/uploads\/2026\/08\/lk-30-1920x1288.jpg 1920w\" sizes=\"(max-width: 2528px) 100vw, 2528px\" \/><button\n\t\t\tclass=\"lightbox-trigger\"\n\t\t\ttype=\"button\"\n\t\t\taria-haspopup=\"dialog\"\n\t\t\tdata-wp-bind--aria-label=\"state.thisImage.triggerButtonAriaLabel\"\n\t\t\tdata-wp-init=\"callbacks.initTriggerButton\"\n\t\t\tdata-wp-on--click=\"actions.showLightbox\"\n\t\t\tdata-wp-style--right=\"state.thisImage.buttonRight\"\n\t\t\tdata-wp-style--top=\"state.thisImage.buttonTop\"\n\t\t>\n\t\t\t<svg xmlns=\"http:\/\/www.w3.org\/2000\/svg\" width=\"12\" height=\"12\" fill=\"none\" viewBox=\"0 0 12 12\">\n\t\t\t\t<path fill=\"#fff\" d=\"M2 0a2 2 0 0 0-2 2v2h1.5V2a.5.5 0 0 1 .5-.5h2V0H2Zm2 10.5H2a.5.5 0 0 1-.5-.5V8H0v2a2 2 0 0 0 2 2h2v-1.5ZM8 12v-1.5h2a.5.5 0 0 0 .5-.5V8H12v2a2 2 0 0 1-2 2H8Zm2-12a2 2 0 0 1 2 2v2h-1.5V2a.5.5 0 0 0-.5-.5H8V0h2Z\" \/>\n\t\t\t<\/svg>\n\t\t<\/button><figcaption class=\"wp-element-caption\">Baseado na fotografia: VitVit \/ Wikimedia Commons, CC BY-SA 4.0 \u00b7 com cores ajustadas<\/figcaption><\/figure>\n\n\n\n<h3 class=\"wp-block-heading\"><span class=\"ez-toc-section\" id=\"24_Tabor\"><\/span>24. T\u00e1bor<span class=\"ez-toc-section-end\"><\/span><\/h3>\n\n\n\n<p class=\"wp-block-paragraph\">At\u00e9 a hist\u00f3rica T\u00e1bor s\u00e3o <strong>46,6 quil\u00f4metros e, de P\u00edsek, voc\u00ea chega em 48 minutos<\/strong>. Essa cidade \u00e9 famosa pela sua hist\u00f3ria hussita, e as suas ruelas tortuosas ao redor da imponente Pra\u00e7a de \u017di\u017eka t\u00eam um charme inconfund\u00edvel, do qual voc\u00ea simplesmente vai se apaixonar.<\/p>\n\n\n\n<p class=\"wp-block-paragraph\">Durante a visita, <strong>n\u00e3o deixe de ir ao \u00f3timo <a href=\"https:\/\/husitskemuzeum.cz\" rel=\"nofollow noopener\" target=\"_blank\">Museu Hussita<\/a> e n\u00e3o esque\u00e7a de explorar o misterioso subsolo de T\u00e1bor<\/strong>, que se estende bem por baixo das casas medievais. Um grande atrativo tamb\u00e9m \u00e9 a moderna exposi\u00e7\u00e3o Tesouro de T\u00e1bor, que apresenta valiosos achados hist\u00f3ricos da regi\u00e3o.<\/p>\n\n\n\n<p class=\"wp-block-paragraph\">A cidade, al\u00e9m disso, <strong>vive uma \u00f3tima gastronomia: voc\u00ea encontra excelentes caf\u00e9s e bistr\u00f4s vegetarianos<\/strong>, onde fazem um hummus fant\u00e1stico e saladas fresquinhas. Eu e o Luk\u00e1\u0161 adoramos as ruelas locais, que sobem e descem, e sempre descobrimos nelas alguma lojinha nova ou um bistr\u00f4 estiloso. Se a cidade o atrai de forma mais aprofundada, preparamos para voc\u00ea um artigo \u00e0 parte com dicas sobre <a href=\"https:\/\/loudavymkrokem.cz\/pt-br\/tabor-tchequia-o-que-ver\/\">o que ver em T\u00e1bor<\/a>.<\/p>\n\n\n\n<figure data-wp-context=\"{&quot;imageId&quot;:&quot;6a95632add5ce&quot;}\" data-wp-interactive=\"core\/image\" data-wp-key=\"6a95632add5ce\" class=\"wp-block-image size-full wp-lightbox-container\"><img decoding=\"async\" width=\"2048\" height=\"1366\" data-wp-class--hide=\"state.isContentHidden\" data-wp-class--show=\"state.isContentVisible\" data-wp-init=\"callbacks.setButtonStyles\" data-wp-on--click=\"actions.showLightbox\" data-wp-on--load=\"callbacks.setButtonStyles\" data-wp-on--pointerdown=\"actions.preloadImage\" data-wp-on--pointerenter=\"actions.preloadImageWithDelay\" data-wp-on--pointerleave=\"actions.cancelPreload\" data-wp-on-window--resize=\"callbacks.setButtonStyles\" src=\"https:\/\/loudavymkrokem.cz\/wp-content\/uploads\/2026\/08\/holasovice-naves.jpg\" alt=\"Barroco rural na pra\u00e7a da aldeia de Hola\u0161ovice\" class=\"wp-image-403572\" title=\"\" srcset=\"https:\/\/loudavymkrokem.cz\/wp-content\/uploads\/2026\/08\/holasovice-naves.jpg 2048w, https:\/\/loudavymkrokem.cz\/wp-content\/uploads\/2026\/08\/holasovice-naves-300x200.jpg 300w, https:\/\/loudavymkrokem.cz\/wp-content\/uploads\/2026\/08\/holasovice-naves-700x467.jpg 700w, https:\/\/loudavymkrokem.cz\/wp-content\/uploads\/2026\/08\/holasovice-naves-768x512.jpg 768w, https:\/\/loudavymkrokem.cz\/wp-content\/uploads\/2026\/08\/holasovice-naves-1536x1025.jpg 1536w, https:\/\/loudavymkrokem.cz\/wp-content\/uploads\/2026\/08\/holasovice-naves-696x464.jpg 696w, https:\/\/loudavymkrokem.cz\/wp-content\/uploads\/2026\/08\/holasovice-naves-1392x928.jpg 1392w, https:\/\/loudavymkrokem.cz\/wp-content\/uploads\/2026\/08\/holasovice-naves-1920x1281.jpg 1920w\" sizes=\"(max-width: 2048px) 100vw, 2048px\" \/><button\n\t\t\tclass=\"lightbox-trigger\"\n\t\t\ttype=\"button\"\n\t\t\taria-haspopup=\"dialog\"\n\t\t\tdata-wp-bind--aria-label=\"state.thisImage.triggerButtonAriaLabel\"\n\t\t\tdata-wp-init=\"callbacks.initTriggerButton\"\n\t\t\tdata-wp-on--click=\"actions.showLightbox\"\n\t\t\tdata-wp-style--right=\"state.thisImage.buttonRight\"\n\t\t\tdata-wp-style--top=\"state.thisImage.buttonTop\"\n\t\t>\n\t\t\t<svg xmlns=\"http:\/\/www.w3.org\/2000\/svg\" width=\"12\" height=\"12\" fill=\"none\" viewBox=\"0 0 12 12\">\n\t\t\t\t<path fill=\"#fff\" d=\"M2 0a2 2 0 0 0-2 2v2h1.5V2a.5.5 0 0 1 .5-.5h2V0H2Zm2 10.5H2a.5.5 0 0 1-.5-.5V8H0v2a2 2 0 0 0 2 2h2v-1.5ZM8 12v-1.5h2a.5.5 0 0 0 .5-.5V8H12v2a2 2 0 0 1-2 2H8Zm2-12a2 2 0 0 1 2 2v2h-1.5V2a.5.5 0 0 0-.5-.5H8V0h2Z\" \/>\n\t\t\t<\/svg>\n\t\t<\/button><\/figure>\n\n\n\n<figure data-wp-context=\"{&quot;imageId&quot;:&quot;6a95632addb2b&quot;}\" data-wp-interactive=\"core\/image\" data-wp-key=\"6a95632addb2b\" class=\"wp-block-image size-full wp-lightbox-container\"><img decoding=\"async\" width=\"2048\" height=\"1366\" data-wp-class--hide=\"state.isContentHidden\" data-wp-class--show=\"state.isContentVisible\" data-wp-init=\"callbacks.setButtonStyles\" data-wp-on--click=\"actions.showLightbox\" data-wp-on--load=\"callbacks.setButtonStyles\" data-wp-on--pointerdown=\"actions.preloadImage\" data-wp-on--pointerenter=\"actions.preloadImageWithDelay\" data-wp-on--pointerleave=\"actions.cancelPreload\" data-wp-on-window--resize=\"callbacks.setButtonStyles\" src=\"https:\/\/loudavymkrokem.cz\/wp-content\/uploads\/2026\/08\/holasovice-selske-baroko.jpg\" alt=\"Front\u00f5es pintados do barroco rural em Hola\u0161ovice\" class=\"wp-image-403573\" title=\"\" srcset=\"https:\/\/loudavymkrokem.cz\/wp-content\/uploads\/2026\/08\/holasovice-selske-baroko.jpg 2048w, https:\/\/loudavymkrokem.cz\/wp-content\/uploads\/2026\/08\/holasovice-selske-baroko-300x200.jpg 300w, https:\/\/loudavymkrokem.cz\/wp-content\/uploads\/2026\/08\/holasovice-selske-baroko-700x467.jpg 700w, https:\/\/loudavymkrokem.cz\/wp-content\/uploads\/2026\/08\/holasovice-selske-baroko-768x512.jpg 768w, https:\/\/loudavymkrokem.cz\/wp-content\/uploads\/2026\/08\/holasovice-selske-baroko-1536x1025.jpg 1536w, https:\/\/loudavymkrokem.cz\/wp-content\/uploads\/2026\/08\/holasovice-selske-baroko-696x464.jpg 696w, https:\/\/loudavymkrokem.cz\/wp-content\/uploads\/2026\/08\/holasovice-selske-baroko-1392x928.jpg 1392w, https:\/\/loudavymkrokem.cz\/wp-content\/uploads\/2026\/08\/holasovice-selske-baroko-1920x1281.jpg 1920w\" sizes=\"(max-width: 2048px) 100vw, 2048px\" \/><button\n\t\t\tclass=\"lightbox-trigger\"\n\t\t\ttype=\"button\"\n\t\t\taria-haspopup=\"dialog\"\n\t\t\tdata-wp-bind--aria-label=\"state.thisImage.triggerButtonAriaLabel\"\n\t\t\tdata-wp-init=\"callbacks.initTriggerButton\"\n\t\t\tdata-wp-on--click=\"actions.showLightbox\"\n\t\t\tdata-wp-style--right=\"state.thisImage.buttonRight\"\n\t\t\tdata-wp-style--top=\"state.thisImage.buttonTop\"\n\t\t>\n\t\t\t<svg xmlns=\"http:\/\/www.w3.org\/2000\/svg\" width=\"12\" height=\"12\" fill=\"none\" viewBox=\"0 0 12 12\">\n\t\t\t\t<path fill=\"#fff\" d=\"M2 0a2 2 0 0 0-2 2v2h1.5V2a.5.5 0 0 1 .5-.5h2V0H2Zm2 10.5H2a.5.5 0 0 1-.5-.5V8H0v2a2 2 0 0 0 2 2h2v-1.5ZM8 12v-1.5h2a.5.5 0 0 0 .5-.5V8H12v2a2 2 0 0 1-2 2H8Zm2-12a2 2 0 0 1 2 2v2h-1.5V2a.5.5 0 0 0-.5-.5H8V0h2Z\" \/>\n\t\t\t<\/svg>\n\t\t<\/button><\/figure>\n\n\n\n<h3 class=\"wp-block-heading\"><span class=\"ez-toc-section\" id=\"25_Holasovice\"><\/span>25. Hola\u0161ovice<span class=\"ez-toc-section-end\"><\/span><\/h3>\n\n\n\n<p class=\"wp-block-paragraph\">Em busca do barroco rural voc\u00ea percorre <strong>48,7 quil\u00f4metros, o que em tempo d\u00e1 46 minutos de viagem<\/strong>. Hola\u0161ovice est\u00e1, com toda raz\u00e3o, inscrita na lista do Patrim\u00f4nio Mundial da UNESCO, e a sua enorme pra\u00e7a retangular ladeada por casar\u00f5es de fazenda decorados como em conto de fadas est\u00e1 entre o que h\u00e1 de mais bonito no nosso pa\u00eds.<\/p>\n\n\n\n<p class=\"wp-block-paragraph\">A <strong>arquitetura do barroco rural do sul da Bo\u00eamia est\u00e1 preservada aqui numa integridade totalmente \u00fanica<\/strong> e, al\u00e9m disso, n\u00e3o se trata de nenhum museu a c\u00e9u aberto morto, e sim de uma aldeia normal e habitada. Voc\u00ea pode passear livremente, admirar os estuques nos front\u00f5es das casas e absorver a atmosfera incrivelmente tranquila de outros tempos.<\/p>\n\n\n\n<p class=\"wp-block-paragraph\">Durante a visita, <strong>recomendo parar no caf\u00e9 local ou conhecer o vizinho &#8220;Stonehenge&#8221; de Hola\u0161ovice<\/strong>, uma constru\u00e7\u00e3o megal\u00edtica moderna numa colina atr\u00e1s da aldeia. A entrada na aldeia, claro, \u00e9 gratuita: \u00e9 um espa\u00e7o p\u00fablico aberto a todos os visitantes educados. Informa\u00e7\u00f5es sobre a aldeia e os eventos voc\u00ea encontra em <a href=\"https:\/\/holasovice.eu\" rel=\"nofollow noopener\" target=\"_blank\">holasovice.eu<\/a>.<\/p>\n\n\n\n<p class=\"wp-block-paragraph\">Ao passear pela pra\u00e7a, o que mais nos <strong>divertiu foi comparar os front\u00f5es dos v\u00e1rios casar\u00f5es<\/strong> \u2014 cada um tem uma combina\u00e7\u00e3o diferente de arcos, volutas e detalhes pintados, embora \u00e0 primeira vista a pra\u00e7a toda pare\u00e7a uniforme. Conte com umas uma a duas horas, para n\u00e3o ter de fazer tudo \u00e0s pressas.<\/p>\n\n\n\n<figure data-wp-context=\"{&quot;imageId&quot;:&quot;6a95632ade4fc&quot;}\" data-wp-interactive=\"core\/image\" data-wp-key=\"6a95632ade4fc\" class=\"wp-block-image size-full wp-lightbox-container\"><img decoding=\"async\" width=\"2528\" height=\"1696\" data-wp-class--hide=\"state.isContentHidden\" data-wp-class--show=\"state.isContentVisible\" data-wp-init=\"callbacks.setButtonStyles\" data-wp-on--click=\"actions.showLightbox\" data-wp-on--load=\"callbacks.setButtonStyles\" data-wp-on--pointerdown=\"actions.preloadImage\" data-wp-on--pointerenter=\"actions.preloadImageWithDelay\" data-wp-on--pointerleave=\"actions.cancelPreload\" data-wp-on-window--resize=\"callbacks.setButtonStyles\" src=\"https:\/\/loudavymkrokem.cz\/wp-content\/uploads\/2026\/08\/lk-32.jpg\" alt=\"Pra\u00e7a de P\u0159emysl Otakar II. em \u010cesk\u00e9 Bud\u011bjovice\" class=\"wp-image-404113\" title=\"\" srcset=\"https:\/\/loudavymkrokem.cz\/wp-content\/uploads\/2026\/08\/lk-32.jpg 2528w, https:\/\/loudavymkrokem.cz\/wp-content\/uploads\/2026\/08\/lk-32-300x201.jpg 300w, https:\/\/loudavymkrokem.cz\/wp-content\/uploads\/2026\/08\/lk-32-700x470.jpg 700w, https:\/\/loudavymkrokem.cz\/wp-content\/uploads\/2026\/08\/lk-32-768x515.jpg 768w, https:\/\/loudavymkrokem.cz\/wp-content\/uploads\/2026\/08\/lk-32-1536x1030.jpg 1536w, https:\/\/loudavymkrokem.cz\/wp-content\/uploads\/2026\/08\/lk-32-2048x1374.jpg 2048w, https:\/\/loudavymkrokem.cz\/wp-content\/uploads\/2026\/08\/lk-32-696x467.jpg 696w, https:\/\/loudavymkrokem.cz\/wp-content\/uploads\/2026\/08\/lk-32-1392x934.jpg 1392w, https:\/\/loudavymkrokem.cz\/wp-content\/uploads\/2026\/08\/lk-32-1920x1288.jpg 1920w\" sizes=\"(max-width: 2528px) 100vw, 2528px\" \/><button\n\t\t\tclass=\"lightbox-trigger\"\n\t\t\ttype=\"button\"\n\t\t\taria-haspopup=\"dialog\"\n\t\t\tdata-wp-bind--aria-label=\"state.thisImage.triggerButtonAriaLabel\"\n\t\t\tdata-wp-init=\"callbacks.initTriggerButton\"\n\t\t\tdata-wp-on--click=\"actions.showLightbox\"\n\t\t\tdata-wp-style--right=\"state.thisImage.buttonRight\"\n\t\t\tdata-wp-style--top=\"state.thisImage.buttonTop\"\n\t\t>\n\t\t\t<svg xmlns=\"http:\/\/www.w3.org\/2000\/svg\" width=\"12\" height=\"12\" fill=\"none\" viewBox=\"0 0 12 12\">\n\t\t\t\t<path fill=\"#fff\" d=\"M2 0a2 2 0 0 0-2 2v2h1.5V2a.5.5 0 0 1 .5-.5h2V0H2Zm2 10.5H2a.5.5 0 0 1-.5-.5V8H0v2a2 2 0 0 0 2 2h2v-1.5ZM8 12v-1.5h2a.5.5 0 0 0 .5-.5V8H12v2a2 2 0 0 1-2 2H8Zm2-12a2 2 0 0 1 2 2v2h-1.5V2a.5.5 0 0 0-.5-.5H8V0h2Z\" \/>\n\t\t\t<\/svg>\n\t\t<\/button><figcaption class=\"wp-element-caption\">Baseado na fotografia: Jakub Ha\u0142un \/ Wikimedia Commons, CC BY 4.0 \u00b7 com cores ajustadas<\/figcaption><\/figure>\n\n\n\n<h3 class=\"wp-block-heading\"><span class=\"ez-toc-section\" id=\"26_Ceske_Budejovice\"><\/span>26. \u010cesk\u00e9 Bud\u011bjovice<span class=\"ez-toc-section-end\"><\/span><\/h3>\n\n\n\n<p class=\"wp-block-paragraph\">At\u00e9 a metr\u00f3pole do sul da Bo\u00eamia s\u00e3o <strong>51,1 quil\u00f4metros e voc\u00ea chega de carro em 49 minutos<\/strong>. Bud\u011bjovice \u00e9 uma cidade pulsante, dominada pela ic\u00f4nica Pra\u00e7a de P\u0159emysl Otakar II., que est\u00e1 entre as maiores pra\u00e7as quadradas de todo o pa\u00eds e \u00e9 ladeada por lindas arcadas. O \u00f3timo de Bud\u011bjovice \u00e9 que d\u00e1 para combinar hist\u00f3ria com compras e boa comida. Pare na pra\u00e7a para tomar o famoso caf\u00e9 e absorva a aut\u00eantica atmosfera urbana do sul da Bo\u00eamia.<\/p>\n\n\n\n<p class=\"wp-block-paragraph\">Seus passos <strong>devem levar voc\u00ea ao topo da famosa Torre Negra, de onde h\u00e1 uma vista fant\u00e1stica de toda a cidade<\/strong> e dos cumes distantes de \u0160umava. A cidade \u00e9 conhecida tamb\u00e9m pela cervejaria Budvar e pelas \u00f3timas ciclovias que serpenteiam pelas margens dos rios Vltava e Mal\u0161e bem no centro. O hor\u00e1rio da Torre Negra e dicas de eventos voc\u00ea encontra no portal de turismo <a href=\"https:\/\/budejce.cz\" rel=\"nofollow noopener\" target=\"_blank\">budejce.cz<\/a>.<\/p>\n\n\n\n<p class=\"wp-block-paragraph\">Se voc\u00ea quer explorar a cidade com mais detalhes e procura dicas de boa comida ou caf\u00e9s escondidos, <strong>abra o nosso guia detalhado sobre<\/strong> <a href=\"https:\/\/loudavymkrokem.cz\/pt-br\/ceske-budejovice-tchequia-o-que-fazer\/\">\u010cesk\u00e9 Bud\u011bjovice<\/a>, onde tem tudo o que voc\u00ea precisa.<\/p>\n\n\n\n<figure data-wp-context=\"{&quot;imageId&quot;:&quot;6a95632adedd4&quot;}\" data-wp-interactive=\"core\/image\" data-wp-key=\"6a95632adedd4\" class=\"wp-block-image size-full wp-lightbox-container\"><img decoding=\"async\" width=\"2528\" height=\"1696\" data-wp-class--hide=\"state.isContentHidden\" data-wp-class--show=\"state.isContentVisible\" data-wp-init=\"callbacks.setButtonStyles\" data-wp-on--click=\"actions.showLightbox\" data-wp-on--load=\"callbacks.setButtonStyles\" data-wp-on--pointerdown=\"actions.preloadImage\" data-wp-on--pointerenter=\"actions.preloadImageWithDelay\" data-wp-on--pointerleave=\"actions.cancelPreload\" data-wp-on-window--resize=\"callbacks.setButtonStyles\" src=\"https:\/\/loudavymkrokem.cz\/wp-content\/uploads\/2026\/08\/lk-33.jpg\" alt=\"Caverna de Ch\u00fdnov\" class=\"wp-image-404114\" title=\"\" srcset=\"https:\/\/loudavymkrokem.cz\/wp-content\/uploads\/2026\/08\/lk-33.jpg 2528w, https:\/\/loudavymkrokem.cz\/wp-content\/uploads\/2026\/08\/lk-33-300x201.jpg 300w, https:\/\/loudavymkrokem.cz\/wp-content\/uploads\/2026\/08\/lk-33-700x470.jpg 700w, https:\/\/loudavymkrokem.cz\/wp-content\/uploads\/2026\/08\/lk-33-768x515.jpg 768w, https:\/\/loudavymkrokem.cz\/wp-content\/uploads\/2026\/08\/lk-33-1536x1030.jpg 1536w, https:\/\/loudavymkrokem.cz\/wp-content\/uploads\/2026\/08\/lk-33-2048x1374.jpg 2048w, https:\/\/loudavymkrokem.cz\/wp-content\/uploads\/2026\/08\/lk-33-696x467.jpg 696w, https:\/\/loudavymkrokem.cz\/wp-content\/uploads\/2026\/08\/lk-33-1392x934.jpg 1392w, https:\/\/loudavymkrokem.cz\/wp-content\/uploads\/2026\/08\/lk-33-1920x1288.jpg 1920w\" sizes=\"(max-width: 2528px) 100vw, 2528px\" \/><button\n\t\t\tclass=\"lightbox-trigger\"\n\t\t\ttype=\"button\"\n\t\t\taria-haspopup=\"dialog\"\n\t\t\tdata-wp-bind--aria-label=\"state.thisImage.triggerButtonAriaLabel\"\n\t\t\tdata-wp-init=\"callbacks.initTriggerButton\"\n\t\t\tdata-wp-on--click=\"actions.showLightbox\"\n\t\t\tdata-wp-style--right=\"state.thisImage.buttonRight\"\n\t\t\tdata-wp-style--top=\"state.thisImage.buttonTop\"\n\t\t>\n\t\t\t<svg xmlns=\"http:\/\/www.w3.org\/2000\/svg\" width=\"12\" height=\"12\" fill=\"none\" viewBox=\"0 0 12 12\">\n\t\t\t\t<path fill=\"#fff\" d=\"M2 0a2 2 0 0 0-2 2v2h1.5V2a.5.5 0 0 1 .5-.5h2V0H2Zm2 10.5H2a.5.5 0 0 1-.5-.5V8H0v2a2 2 0 0 0 2 2h2v-1.5ZM8 12v-1.5h2a.5.5 0 0 0 .5-.5V8H12v2a2 2 0 0 1-2 2H8Zm2-12a2 2 0 0 1 2 2v2h-1.5V2a.5.5 0 0 0-.5-.5H8V0h2Z\" \/>\n\t\t\t<\/svg>\n\t\t<\/button><figcaption class=\"wp-element-caption\">Baseado na fotografia: Chmee2 \/ Wikimedia Commons, CC BY-SA 3.0 \u00b7 com cores ajustadas<\/figcaption><\/figure>\n\n\n\n<h3 class=\"wp-block-heading\"><span class=\"ez-toc-section\" id=\"27_Caverna_de_Chynov\"><\/span>27. Caverna de Ch\u00fdnov<span class=\"ez-toc-section-end\"><\/span><\/h3>\n\n\n\n<p class=\"wp-block-paragraph\">At\u00e9 essa raridade subterr\u00e2nea voc\u00ea viaja <strong>62 quil\u00f4metros e o trajeto leva cerca de 63 minutos<\/strong>. A Caverna de Ch\u00fdnov \u00e9 historicamente a primeir\u00edssima caverna aberta \u00e0 visita\u00e7\u00e3o no territ\u00f3rio da Tch\u00e9quia, inaugurada j\u00e1 em 1863, e, ao contr\u00e1rio do Carste da Mor\u00e1via, aqui voc\u00ea n\u00e3o v\u00ea as cl\u00e1ssicas estalactites.<\/p>\n\n\n\n<p class=\"wp-block-paragraph\">Essa caverna <strong>fascina pelos seus corredores \u00edngremes e pelas paredes de m\u00e1rmore incrivelmente coloridas<\/strong>, que brincam com todos os tons, do branco ao amarelo e ao marrom intenso. A visita \u00e9 fisicamente um pouco mais exigente por causa da grande quantidade de degraus, mas a experi\u00eancia vale muito a pena.<\/p>\n\n\n\n<p class=\"wp-block-paragraph\">Como se trata de uma forma\u00e7\u00e3o natural protegida, <strong>confira sempre a tabela de pre\u00e7os atualizada e o hor\u00e1rio no site <a href=\"https:\/\/chynovska.caves.cz\" rel=\"nofollow noopener\" target=\"_blank\">chynovska.caves.cz<\/a><\/strong>, porque nos meses de inverno a caverna costuma ficar fechada por causa da hiberna\u00e7\u00e3o dos morcegos protegidos.<\/p>\n\n\n\n<figure data-wp-context=\"{&quot;imageId&quot;:&quot;6a95632adf9ca&quot;}\" data-wp-interactive=\"core\/image\" data-wp-key=\"6a95632adf9ca\" class=\"wp-block-image size-full wp-lightbox-container\"><img decoding=\"async\" width=\"2528\" height=\"1696\" data-wp-class--hide=\"state.isContentHidden\" data-wp-class--show=\"state.isContentVisible\" data-wp-init=\"callbacks.setButtonStyles\" data-wp-on--click=\"actions.showLightbox\" data-wp-on--load=\"callbacks.setButtonStyles\" data-wp-on--pointerdown=\"actions.preloadImage\" data-wp-on--pointerenter=\"actions.preloadImageWithDelay\" data-wp-on--pointerleave=\"actions.cancelPreload\" data-wp-on-window--resize=\"callbacks.setButtonStyles\" src=\"https:\/\/loudavymkrokem.cz\/wp-content\/uploads\/2026\/08\/lk-34.jpg\" alt=\"Centro hist\u00f3rico de \u010cesk\u00fd Krumlov\" class=\"wp-image-404117\" title=\"\" srcset=\"https:\/\/loudavymkrokem.cz\/wp-content\/uploads\/2026\/08\/lk-34.jpg 2528w, https:\/\/loudavymkrokem.cz\/wp-content\/uploads\/2026\/08\/lk-34-300x201.jpg 300w, https:\/\/loudavymkrokem.cz\/wp-content\/uploads\/2026\/08\/lk-34-700x470.jpg 700w, https:\/\/loudavymkrokem.cz\/wp-content\/uploads\/2026\/08\/lk-34-768x515.jpg 768w, https:\/\/loudavymkrokem.cz\/wp-content\/uploads\/2026\/08\/lk-34-1536x1030.jpg 1536w, https:\/\/loudavymkrokem.cz\/wp-content\/uploads\/2026\/08\/lk-34-2048x1374.jpg 2048w, https:\/\/loudavymkrokem.cz\/wp-content\/uploads\/2026\/08\/lk-34-696x467.jpg 696w, https:\/\/loudavymkrokem.cz\/wp-content\/uploads\/2026\/08\/lk-34-1392x934.jpg 1392w, https:\/\/loudavymkrokem.cz\/wp-content\/uploads\/2026\/08\/lk-34-1920x1288.jpg 1920w\" sizes=\"(max-width: 2528px) 100vw, 2528px\" \/><button\n\t\t\tclass=\"lightbox-trigger\"\n\t\t\ttype=\"button\"\n\t\t\taria-haspopup=\"dialog\"\n\t\t\tdata-wp-bind--aria-label=\"state.thisImage.triggerButtonAriaLabel\"\n\t\t\tdata-wp-init=\"callbacks.initTriggerButton\"\n\t\t\tdata-wp-on--click=\"actions.showLightbox\"\n\t\t\tdata-wp-style--right=\"state.thisImage.buttonRight\"\n\t\t\tdata-wp-style--top=\"state.thisImage.buttonTop\"\n\t\t>\n\t\t\t<svg xmlns=\"http:\/\/www.w3.org\/2000\/svg\" width=\"12\" height=\"12\" fill=\"none\" viewBox=\"0 0 12 12\">\n\t\t\t\t<path fill=\"#fff\" d=\"M2 0a2 2 0 0 0-2 2v2h1.5V2a.5.5 0 0 1 .5-.5h2V0H2Zm2 10.5H2a.5.5 0 0 1-.5-.5V8H0v2a2 2 0 0 0 2 2h2v-1.5ZM8 12v-1.5h2a.5.5 0 0 0 .5-.5V8H12v2a2 2 0 0 1-2 2H8Zm2-12a2 2 0 0 1 2 2v2h-1.5V2a.5.5 0 0 0-.5-.5H8V0h2Z\" \/>\n\t\t\t<\/svg>\n\t\t<\/button><figcaption class=\"wp-element-caption\">Baseado na fotografia: Jakub Ha\u0142un \/ Wikimedia Commons, CC BY 4.0 \u00b7 com cores ajustadas<\/figcaption><\/figure>\n\n\n\n<h3 class=\"wp-block-heading\"><span class=\"ez-toc-section\" id=\"28_Cesky_Krumlov\"><\/span>28. \u010cesk\u00fd Krumlov<span class=\"ez-toc-section-end\"><\/span><\/h3>\n\n\n\n<p class=\"wp-block-paragraph\">At\u00e9 a nossa cidade mais bonita voc\u00ea percorre <strong>69,9 quil\u00f4metros e, de P\u00edsek, chega em 68 minutos<\/strong>. \u010cesk\u00fd Krumlov, inscrita na lista da UNESCO, n\u00e3o precisa de longas apresenta\u00e7\u00f5es: o seu castelo renascentista, que se ergue sobre o meandro do Vltava, \u00e9 conhecido por praticamente todo mundo e a sua visita \u00e9 simplesmente obrigat\u00f3ria.<\/p>\n\n\n\n<p class=\"wp-block-paragraph\">A cidade <strong>\u00e9 cheia de ruelas tortuosas, casas hist\u00f3ricas e vistas rom\u00e2nticas em cada esquina<\/strong>, ent\u00e3o d\u00e1 para vagar por aqui o dia inteiro tranquilamente. Fora das f\u00e9rias de ver\u00e3o costuma haver um pouco menos de gente, o que faz um bem enorme \u00e0 atmosfera da cidade medieval. Mesmo quando Krumlov est\u00e1 cheia de turistas, ela simplesmente tem um algo a mais. N\u00f3s preferimos acordar cedo e percorrer o centro logo de manh\u00e3, enquanto a maioria ainda dorme nos hot\u00e9is. Os circuitos guiados do castelo e as entradas voc\u00ea encontra em <a href=\"https:\/\/zamek-ceskykrumlov.cz\" rel=\"nofollow noopener\" target=\"_blank\">zamek-ceskykrumlov.cz<\/a>.<\/p>\n\n\n\n<p class=\"wp-block-paragraph\">Para planejar o passeio completo, incluindo estacionamento e os melhores mirantes, <strong>d\u00ea uma olhada no nosso artigo \u00e0 parte sobre o que esconde<\/strong> <a href=\"https:\/\/loudavymkrokem.cz\/pt-br\/cesky-krumlov-tchequia-dicas\/\">\u010cesk\u00fd Krumlov<\/a>, onde detalhamos tudo.<\/p>\n\n\n\n<figure data-wp-context=\"{&quot;imageId&quot;:&quot;6a95632ae0143&quot;}\" data-wp-interactive=\"core\/image\" data-wp-key=\"6a95632ae0143\" class=\"wp-block-image size-full wp-lightbox-container\"><img decoding=\"async\" width=\"2528\" height=\"1696\" data-wp-class--hide=\"state.isContentHidden\" data-wp-class--show=\"state.isContentVisible\" data-wp-init=\"callbacks.setButtonStyles\" data-wp-on--click=\"actions.showLightbox\" data-wp-on--load=\"callbacks.setButtonStyles\" data-wp-on--pointerdown=\"actions.preloadImage\" data-wp-on--pointerenter=\"actions.preloadImageWithDelay\" data-wp-on--pointerleave=\"actions.cancelPreload\" data-wp-on-window--resize=\"callbacks.setButtonStyles\" src=\"https:\/\/loudavymkrokem.cz\/wp-content\/uploads\/2026\/08\/lk-35.jpg\" alt=\"Lago Sv\u011bt perto de T\u0159ebo\u0148\" class=\"wp-image-404118\" title=\"\" srcset=\"https:\/\/loudavymkrokem.cz\/wp-content\/uploads\/2026\/08\/lk-35.jpg 2528w, https:\/\/loudavymkrokem.cz\/wp-content\/uploads\/2026\/08\/lk-35-300x201.jpg 300w, https:\/\/loudavymkrokem.cz\/wp-content\/uploads\/2026\/08\/lk-35-700x470.jpg 700w, https:\/\/loudavymkrokem.cz\/wp-content\/uploads\/2026\/08\/lk-35-768x515.jpg 768w, https:\/\/loudavymkrokem.cz\/wp-content\/uploads\/2026\/08\/lk-35-1536x1030.jpg 1536w, https:\/\/loudavymkrokem.cz\/wp-content\/uploads\/2026\/08\/lk-35-2048x1374.jpg 2048w, https:\/\/loudavymkrokem.cz\/wp-content\/uploads\/2026\/08\/lk-35-696x467.jpg 696w, https:\/\/loudavymkrokem.cz\/wp-content\/uploads\/2026\/08\/lk-35-1392x934.jpg 1392w, https:\/\/loudavymkrokem.cz\/wp-content\/uploads\/2026\/08\/lk-35-1920x1288.jpg 1920w\" sizes=\"(max-width: 2528px) 100vw, 2528px\" \/><button\n\t\t\tclass=\"lightbox-trigger\"\n\t\t\ttype=\"button\"\n\t\t\taria-haspopup=\"dialog\"\n\t\t\tdata-wp-bind--aria-label=\"state.thisImage.triggerButtonAriaLabel\"\n\t\t\tdata-wp-init=\"callbacks.initTriggerButton\"\n\t\t\tdata-wp-on--click=\"actions.showLightbox\"\n\t\t\tdata-wp-style--right=\"state.thisImage.buttonRight\"\n\t\t\tdata-wp-style--top=\"state.thisImage.buttonTop\"\n\t\t>\n\t\t\t<svg xmlns=\"http:\/\/www.w3.org\/2000\/svg\" width=\"12\" height=\"12\" fill=\"none\" viewBox=\"0 0 12 12\">\n\t\t\t\t<path fill=\"#fff\" d=\"M2 0a2 2 0 0 0-2 2v2h1.5V2a.5.5 0 0 1 .5-.5h2V0H2Zm2 10.5H2a.5.5 0 0 1-.5-.5V8H0v2a2 2 0 0 0 2 2h2v-1.5ZM8 12v-1.5h2a.5.5 0 0 0 .5-.5V8H12v2a2 2 0 0 1-2 2H8Zm2-12a2 2 0 0 1 2 2v2h-1.5V2a.5.5 0 0 0-.5-.5H8V0h2Z\" \/>\n\t\t\t<\/svg>\n\t\t<\/button><\/figure>\n\n\n\n<h3 class=\"wp-block-heading\"><span class=\"ez-toc-section\" id=\"29_Trebon_e_a_paisagem_dos_lagos\"><\/span>29. T\u0159ebo\u0148 e a paisagem dos lagos<span class=\"ez-toc-section-end\"><\/span><\/h3>\n\n\n\n<p class=\"wp-block-paragraph\">At\u00e9 o cora\u00e7\u00e3o dos piscicultores s\u00e3o <strong>73,7 quil\u00f4metros, o que corresponde a cerca de 68 minutos de viagem<\/strong>. T\u0159ebo\u0148 \u00e9 uma cidade termal incrivelmente pitoresca, com um castelo renascentista e um centro hist\u00f3rico cercado por todos os lados pelos diques dos famosos lagos, encabe\u00e7ados pelo enorme lago Sv\u011bt.<\/p>\n\n\n\n<p class=\"wp-block-paragraph\">A <strong>paisagem plana daqui \u00e9 um para\u00edso absoluto para os ciclistas de passeio e os h\u00f3spedes das termas<\/strong>, e entre as paradas obrigat\u00f3rias est\u00e1 tamb\u00e9m o monumental mausol\u00e9u Schwarzenberg escondido num parque \u00e0 inglesa. Planeje o passeio para o dia inteiro, porque o ritmo aqui \u00e9 contagiante de t\u00e3o lento e relaxado. Os circuitos guiados do castelo e as entradas voc\u00ea encontra em <a href=\"https:\/\/zamek-trebon.cz\" rel=\"nofollow noopener\" target=\"_blank\">zamek-trebon.cz<\/a>.<\/p>\n\n\n\n<p class=\"wp-block-paragraph\">Os caf\u00e9s da pra\u00e7a s\u00e3o exatamente aquele tipo de lugar onde voc\u00ea pede um ch\u00e1 e fica ali uma hora. E sabe de uma coisa? Est\u00e1 totalmente tudo bem, porque T\u0159ebo\u0148 simplesmente ajusta voc\u00ea a esse ritmo.<\/p>\n\n\n\n<figure data-wp-context=\"{&quot;imageId&quot;:&quot;6a95632ae0919&quot;}\" data-wp-interactive=\"core\/image\" data-wp-key=\"6a95632ae0919\" class=\"wp-block-image size-full wp-lightbox-container\"><img decoding=\"async\" width=\"2528\" height=\"1696\" data-wp-class--hide=\"state.isContentHidden\" data-wp-class--show=\"state.isContentVisible\" data-wp-init=\"callbacks.setButtonStyles\" data-wp-on--click=\"actions.showLightbox\" data-wp-on--load=\"callbacks.setButtonStyles\" data-wp-on--pointerdown=\"actions.preloadImage\" data-wp-on--pointerenter=\"actions.preloadImageWithDelay\" data-wp-on--pointerleave=\"actions.cancelPreload\" data-wp-on-window--resize=\"callbacks.setButtonStyles\" src=\"https:\/\/loudavymkrokem.cz\/wp-content\/uploads\/2026\/08\/lk-36.jpg\" alt=\"Castelo de Ka\u0161perk em \u0160umava\" class=\"wp-image-404119\" title=\"\" srcset=\"https:\/\/loudavymkrokem.cz\/wp-content\/uploads\/2026\/08\/lk-36.jpg 2528w, https:\/\/loudavymkrokem.cz\/wp-content\/uploads\/2026\/08\/lk-36-300x201.jpg 300w, https:\/\/loudavymkrokem.cz\/wp-content\/uploads\/2026\/08\/lk-36-700x470.jpg 700w, https:\/\/loudavymkrokem.cz\/wp-content\/uploads\/2026\/08\/lk-36-768x515.jpg 768w, https:\/\/loudavymkrokem.cz\/wp-content\/uploads\/2026\/08\/lk-36-1536x1030.jpg 1536w, https:\/\/loudavymkrokem.cz\/wp-content\/uploads\/2026\/08\/lk-36-2048x1374.jpg 2048w, https:\/\/loudavymkrokem.cz\/wp-content\/uploads\/2026\/08\/lk-36-696x467.jpg 696w, https:\/\/loudavymkrokem.cz\/wp-content\/uploads\/2026\/08\/lk-36-1392x934.jpg 1392w, https:\/\/loudavymkrokem.cz\/wp-content\/uploads\/2026\/08\/lk-36-1920x1288.jpg 1920w\" sizes=\"(max-width: 2528px) 100vw, 2528px\" \/><button\n\t\t\tclass=\"lightbox-trigger\"\n\t\t\ttype=\"button\"\n\t\t\taria-haspopup=\"dialog\"\n\t\t\tdata-wp-bind--aria-label=\"state.thisImage.triggerButtonAriaLabel\"\n\t\t\tdata-wp-init=\"callbacks.initTriggerButton\"\n\t\t\tdata-wp-on--click=\"actions.showLightbox\"\n\t\t\tdata-wp-style--right=\"state.thisImage.buttonRight\"\n\t\t\tdata-wp-style--top=\"state.thisImage.buttonTop\"\n\t\t>\n\t\t\t<svg xmlns=\"http:\/\/www.w3.org\/2000\/svg\" width=\"12\" height=\"12\" fill=\"none\" viewBox=\"0 0 12 12\">\n\t\t\t\t<path fill=\"#fff\" d=\"M2 0a2 2 0 0 0-2 2v2h1.5V2a.5.5 0 0 1 .5-.5h2V0H2Zm2 10.5H2a.5.5 0 0 1-.5-.5V8H0v2a2 2 0 0 0 2 2h2v-1.5ZM8 12v-1.5h2a.5.5 0 0 0 .5-.5V8H12v2a2 2 0 0 1-2 2H8Zm2-12a2 2 0 0 1 2 2v2h-1.5V2a.5.5 0 0 0-.5-.5H8V0h2Z\" \/>\n\t\t\t<\/svg>\n\t\t<\/button><figcaption class=\"wp-element-caption\">Baseado na fotografia: Huhulenik \/ Wikimedia Commons, CC BY 3.0 \u00b7 com cores ajustadas<\/figcaption><\/figure>\n\n\n\n<h3 class=\"wp-block-heading\"><span class=\"ez-toc-section\" id=\"30_Sumava\"><\/span>30. \u0160umava<span class=\"ez-toc-section-end\"><\/span><\/h3>\n\n\n\n<p class=\"wp-block-paragraph\">At\u00e9 a borda mais pr\u00f3xima de \u0160umava voc\u00ea percorre <strong>cerca de 40 a 60 quil\u00f4metros; a Prachatice, por exemplo, voc\u00ea chega em 44 minutos<\/strong>. O <a href=\"https:\/\/npsumava.cz\" rel=\"nofollow noopener\" target=\"_blank\">Parque Nacional de \u0160umava<\/a> oferece possibilidades infinitas para caminhadas, quer voc\u00ea siga em dire\u00e7\u00e3o ao misterioso castelo de Ka\u0161perk, \u00e0 selvagem floresta virgem de Boub\u00edn ou at\u00e9 ao reservat\u00f3rio de Lipno.<\/p>\n\n\n\n<p class=\"wp-block-paragraph\">O castelo de Ka\u0161perk <strong>est\u00e1 entre os castelos reais mais altos da Bo\u00eamia, e a avalia\u00e7\u00e3o de mais de nove mil pessoas fala por si<\/strong>. E se voc\u00ea seguir mais um pouco at\u00e9 Lipno, transforme logo isso num fim de semana, porque de atra\u00e7\u00e3o \u00e9 tranquilamente para dois dias.<\/p>\n\n\n\n<p class=\"wp-block-paragraph\">Para as fam\u00edlias que pretendem ir \u00e0s montanhas at\u00e9 com os pequeninos, <strong>preparamos um artigo bem pr\u00e1tico<\/strong>, <a href=\"https:\/\/loudavymkrokem.cz\/pt-br\/sumava-republica-tcheca-carrinho-bebe\/\">\u0160umava com carrinho de beb\u00ea<\/a>, onde voc\u00ea encontra as trilhas exatas que d\u00e1 para percorrer sem grandes problemas mesmo com rodinhas pequenas.<\/p>\n\n\n\n<figure data-wp-context=\"{&quot;imageId&quot;:&quot;6a95632ae1058&quot;}\" data-wp-interactive=\"core\/image\" data-wp-key=\"6a95632ae1058\" class=\"wp-block-image size-full wp-lightbox-container\"><img decoding=\"async\" width=\"2528\" height=\"1696\" data-wp-class--hide=\"state.isContentHidden\" data-wp-class--show=\"state.isContentVisible\" data-wp-init=\"callbacks.setButtonStyles\" data-wp-on--click=\"actions.showLightbox\" data-wp-on--load=\"callbacks.setButtonStyles\" data-wp-on--pointerdown=\"actions.preloadImage\" data-wp-on--pointerenter=\"actions.preloadImageWithDelay\" data-wp-on--pointerleave=\"actions.cancelPreload\" data-wp-on-window--resize=\"callbacks.setButtonStyles\" src=\"https:\/\/loudavymkrokem.cz\/wp-content\/uploads\/2026\/08\/lk-37.jpg\" alt=\"Colinas de P\u00edsek no inverno\" class=\"wp-image-404121\" title=\"\" srcset=\"https:\/\/loudavymkrokem.cz\/wp-content\/uploads\/2026\/08\/lk-37.jpg 2528w, https:\/\/loudavymkrokem.cz\/wp-content\/uploads\/2026\/08\/lk-37-300x201.jpg 300w, https:\/\/loudavymkrokem.cz\/wp-content\/uploads\/2026\/08\/lk-37-700x470.jpg 700w, https:\/\/loudavymkrokem.cz\/wp-content\/uploads\/2026\/08\/lk-37-768x515.jpg 768w, https:\/\/loudavymkrokem.cz\/wp-content\/uploads\/2026\/08\/lk-37-1536x1030.jpg 1536w, https:\/\/loudavymkrokem.cz\/wp-content\/uploads\/2026\/08\/lk-37-2048x1374.jpg 2048w, https:\/\/loudavymkrokem.cz\/wp-content\/uploads\/2026\/08\/lk-37-696x467.jpg 696w, https:\/\/loudavymkrokem.cz\/wp-content\/uploads\/2026\/08\/lk-37-1392x934.jpg 1392w, https:\/\/loudavymkrokem.cz\/wp-content\/uploads\/2026\/08\/lk-37-1920x1288.jpg 1920w\" sizes=\"(max-width: 2528px) 100vw, 2528px\" \/><button\n\t\t\tclass=\"lightbox-trigger\"\n\t\t\ttype=\"button\"\n\t\t\taria-haspopup=\"dialog\"\n\t\t\tdata-wp-bind--aria-label=\"state.thisImage.triggerButtonAriaLabel\"\n\t\t\tdata-wp-init=\"callbacks.initTriggerButton\"\n\t\t\tdata-wp-on--click=\"actions.showLightbox\"\n\t\t\tdata-wp-style--right=\"state.thisImage.buttonRight\"\n\t\t\tdata-wp-style--top=\"state.thisImage.buttonTop\"\n\t\t>\n\t\t\t<svg xmlns=\"http:\/\/www.w3.org\/2000\/svg\" width=\"12\" height=\"12\" fill=\"none\" viewBox=\"0 0 12 12\">\n\t\t\t\t<path fill=\"#fff\" d=\"M2 0a2 2 0 0 0-2 2v2h1.5V2a.5.5 0 0 1 .5-.5h2V0H2Zm2 10.5H2a.5.5 0 0 1-.5-.5V8H0v2a2 2 0 0 0 2 2h2v-1.5ZM8 12v-1.5h2a.5.5 0 0 0 .5-.5V8H12v2a2 2 0 0 1-2 2H8Zm2-12a2 2 0 0 1 2 2v2h-1.5V2a.5.5 0 0 0-.5-.5H8V0h2Z\" \/>\n\t\t\t<\/svg>\n\t\t<\/button><figcaption class=\"wp-element-caption\">Baseado na fotografia: \u0160J\u016f (cs:\u0160J\u016f) \/ Wikimedia Commons, CC BY-SA 3.0 \u00b7 com cores ajustadas<\/figcaption><\/figure>\n\n\n\n<h2 class=\"wp-block-heading\"><span class=\"ez-toc-section\" id=\"O_que_esta_aberto_perto_de_Pisek_fora_de_temporada\"><\/span>O que est\u00e1 aberto perto de P\u00edsek fora de temporada<span class=\"ez-toc-section-end\"><\/span><\/h2>\n\n\n\n<p class=\"wp-block-paragraph\">Enquanto a maioria dos castelos e pal\u00e1cios sob administra\u00e7\u00e3o estatal dorme um sono profundo de inverno de novembro a mar\u00e7o, perto de P\u00edsek voc\u00ea encontra muitos lugares aonde d\u00e1 para ir tranquilamente tamb\u00e9m nos meses mais frios.<\/p>\n\n\n\n<ul class=\"wp-block-list\">\n<li><strong>Colinas de P\u00edsek e torres-mirante:<\/strong> A natureza nunca fecha. Os passeios pelas trilhas pavimentadas e a subida \u00e0 torre-mirante Jarn\u00edk, de acesso livre, s\u00e3o \u00f3timos mesmo no frio.<\/li>\n\n\n\n<li><strong>Zoo dos Crocodilos de Protiv\u00edn:<\/strong> Os pavilh\u00f5es internos aquecidos, cheios de r\u00e9pteis, funcionam o ano todo e s\u00e3o o ref\u00fagio ideal contra o mau tempo.<\/li>\n\n\n\n<li><strong>Museus e galerias municipais:<\/strong> As exposi\u00e7\u00f5es em P\u00edsek, T\u00e1bor ou Vod\u0148any costumam ficar abertas independentemente da temporada tur\u00edstica de ver\u00e3o.<\/li>\n\n\n\n<li><strong>Grandes cidades do sul da Bo\u00eamia:<\/strong> Visitar \u010cesk\u00e9 Bud\u011bjovice, \u010cesk\u00fd Krumlov ou T\u00e1bor fora do ver\u00e3o \u00e9 talvez ainda mais encantador, porque voc\u00ea evita as maiores multid\u00f5es nas pra\u00e7as.<\/li>\n\n\n\n<li><strong>Visitas de inverno em Hlubok\u00e1:<\/strong> O castelo de Hlubok\u00e1 nad Vltavou \u00e9 um dos poucos a oferecer um percurso especial de inverno com aquecimento, ent\u00e3o voc\u00ea n\u00e3o perde os interiores nobres nem em janeiro.<\/li>\n<\/ul>\n\n\n\n<figure data-wp-context=\"{&quot;imageId&quot;:&quot;6a95632ae1ace&quot;}\" data-wp-interactive=\"core\/image\" data-wp-key=\"6a95632ae1ace\" class=\"wp-block-image size-full wp-lightbox-container\"><img decoding=\"async\" width=\"2200\" height=\"1467\" data-wp-class--hide=\"state.isContentHidden\" data-wp-class--show=\"state.isContentVisible\" data-wp-init=\"callbacks.setButtonStyles\" data-wp-on--click=\"actions.showLightbox\" data-wp-on--load=\"callbacks.setButtonStyles\" data-wp-on--pointerdown=\"actions.preloadImage\" data-wp-on--pointerenter=\"actions.preloadImageWithDelay\" data-wp-on--pointerleave=\"actions.cancelPreload\" data-wp-on-window--resize=\"callbacks.setButtonStyles\" src=\"https:\/\/loudavymkrokem.cz\/wp-content\/uploads\/2026\/08\/otava-breh-pod-kamennym-mostem.jpg\" alt=\"Descanso na margem do Otava abaixo da Ponte de Pedra em P\u00edsek\" class=\"wp-image-404458\" title=\"\" srcset=\"https:\/\/loudavymkrokem.cz\/wp-content\/uploads\/2026\/08\/otava-breh-pod-kamennym-mostem.jpg 2200w, https:\/\/loudavymkrokem.cz\/wp-content\/uploads\/2026\/08\/otava-breh-pod-kamennym-mostem-300x200.jpg 300w, https:\/\/loudavymkrokem.cz\/wp-content\/uploads\/2026\/08\/otava-breh-pod-kamennym-mostem-700x467.jpg 700w, https:\/\/loudavymkrokem.cz\/wp-content\/uploads\/2026\/08\/otava-breh-pod-kamennym-mostem-768x512.jpg 768w, https:\/\/loudavymkrokem.cz\/wp-content\/uploads\/2026\/08\/otava-breh-pod-kamennym-mostem-1536x1024.jpg 1536w, https:\/\/loudavymkrokem.cz\/wp-content\/uploads\/2026\/08\/otava-breh-pod-kamennym-mostem-2048x1366.jpg 2048w, https:\/\/loudavymkrokem.cz\/wp-content\/uploads\/2026\/08\/otava-breh-pod-kamennym-mostem-696x464.jpg 696w, https:\/\/loudavymkrokem.cz\/wp-content\/uploads\/2026\/08\/otava-breh-pod-kamennym-mostem-1392x928.jpg 1392w, https:\/\/loudavymkrokem.cz\/wp-content\/uploads\/2026\/08\/otava-breh-pod-kamennym-mostem-1920x1280.jpg 1920w\" sizes=\"(max-width: 2200px) 100vw, 2200px\" \/><button\n\t\t\tclass=\"lightbox-trigger\"\n\t\t\ttype=\"button\"\n\t\t\taria-haspopup=\"dialog\"\n\t\t\tdata-wp-bind--aria-label=\"state.thisImage.triggerButtonAriaLabel\"\n\t\t\tdata-wp-init=\"callbacks.initTriggerButton\"\n\t\t\tdata-wp-on--click=\"actions.showLightbox\"\n\t\t\tdata-wp-style--right=\"state.thisImage.buttonRight\"\n\t\t\tdata-wp-style--top=\"state.thisImage.buttonTop\"\n\t\t>\n\t\t\t<svg xmlns=\"http:\/\/www.w3.org\/2000\/svg\" width=\"12\" height=\"12\" fill=\"none\" viewBox=\"0 0 12 12\">\n\t\t\t\t<path fill=\"#fff\" d=\"M2 0a2 2 0 0 0-2 2v2h1.5V2a.5.5 0 0 1 .5-.5h2V0H2Zm2 10.5H2a.5.5 0 0 1-.5-.5V8H0v2a2 2 0 0 0 2 2h2v-1.5ZM8 12v-1.5h2a.5.5 0 0 0 .5-.5V8H12v2a2 2 0 0 1-2 2H8Zm2-12a2 2 0 0 1 2 2v2h-1.5V2a.5.5 0 0 0-.5-.5H8V0h2Z\" \/>\n\t\t\t<\/svg>\n\t\t<\/button><\/figure>\n\n\n\n<h2 class=\"wp-block-heading\"><span class=\"ez-toc-section\" id=\"Aonde_ir_a_partir_de_Pisek_sem_carro\"><\/span>Aonde ir a partir de P\u00edsek sem carro<span class=\"ez-toc-section-end\"><\/span><\/h2>\n\n\n\n<p class=\"wp-block-paragraph\">Embora o carro seja uma vantagem ineg\u00e1vel para explorar as aldeias menores, a partir de P\u00edsek d\u00e1 para fazer um monte de passeios incr\u00edveis mesmo sem ele. S\u00f3 <strong>saiba que aos populares castelos de Zv\u00edkov e Orl\u00edk voc\u00ea simplesmente n\u00e3o chega de trem<\/strong>, porque os trilhos n\u00e3o v\u00e3o at\u00e9 l\u00e1 e voc\u00ea tem de contar com os \u00f4nibus, que nos fins de semana n\u00e3o circulam com tanta frequ\u00eancia.<\/p>\n\n\n\n<p class=\"wp-block-paragraph\">A liga\u00e7\u00e3o de trem a partir de P\u00edsek, por\u00e9m, \u00e9 <strong>absolutamente fant\u00e1stica para passeios \u00e0s cidades maiores, como Strakonice, Vod\u0148any, T\u00e1bor ou \u010cesk\u00e9 Bud\u011bjovice<\/strong>, aonde voc\u00ea chega de forma muito confort\u00e1vel e r\u00e1pida. A esta\u00e7\u00e3o local passou por uma reforma e as conex\u00f5es s\u00e3o bastante confi\u00e1veis, ent\u00e3o o turismo urbano de dia inteiro usando o trem faz muito sentido.<\/p>\n\n\n\n<p class=\"wp-block-paragraph\">Para os amantes do ciclismo, <strong>existe uma bonita e tranquila ciclovia que sai direto da cidade ao longo do rio Otava<\/strong>, pela qual voc\u00ea chega a muitos destinos interessantes sem motor nenhum. Se quiser facilitar o passeio, muitos \u00f4nibus regionais oferecem, na temporada de ver\u00e3o, o transporte de bicicletas em reboques especiais.<\/p>\n\n\n\n<h2 class=\"wp-block-heading\"><span class=\"ez-toc-section\" id=\"Aonde_ir_a_seguir\"><\/span>Aonde ir a seguir<span class=\"ez-toc-section-end\"><\/span><\/h2>\n\n\n\n<p class=\"wp-block-paragraph\">Se voc\u00ea se interessa por mais dicas de viagem pela nossa terra ou quer explorar P\u00edsek de verdade, d\u00ea uma olhada nestes guias testados:<\/p>\n\n\n\n<ul class=\"wp-block-list\">\n<li><a href=\"https:\/\/loudavymkrokem.cz\/co-videt-v-pisku\/\">O que ver em P\u00edsek: 39 dicas de uma nativa<\/a><\/li>\n\n\n\n<li><a href=\"https:\/\/loudavymkrokem.cz\/pt-br\/boemia-do-sul-lugares-bonitos\/\">Aonde ir de f\u00e9rias no sul da Bo\u00eamia<\/a><\/li>\n\n\n\n<li><a href=\"https:\/\/loudavymkrokem.cz\/pt-br\/boemia-do-sul-cidades-bonitas\/\">8 passeios pelo sul da Bo\u00eamia<\/a><\/li>\n\n\n\n<li><a href=\"https:\/\/loudavymkrokem.cz\/pt-br\/ferias-republica-tcheca-lugares\/\">Aonde ir de f\u00e9rias na Tch\u00e9quia<\/a><\/li>\n<\/ul>\n\n\n\n<h2 class=\"wp-block-heading\"><span class=\"ez-toc-section\" id=\"Perguntas_frequentes\"><\/span>Perguntas frequentes<span class=\"ez-toc-section-end\"><\/span><\/h2>\n\n\n<div id=\"rank-math-faq\" class=\"rank-math-block\">\n<div class=\"rank-math-list \">\n<div id=\"faq-question-1787814183000\" class=\"rank-math-list-item\">\n<h3 class=\"rank-math-question \"><span class=\"ez-toc-section\" id=\"Para_onde_ir_em_um_bate-volta_saindo_de_Pisek\"><\/span>Para onde ir em um bate-volta saindo de P\u00edsek?<span class=\"ez-toc-section-end\"><\/span><\/h3>\n<div class=\"rank-math-answer \">\n\n<p>A melhor op\u00e7\u00e3o para um bate-volta \u00e9 combinar a visita ao castelo de Zv\u00edkov com um passeio de barco at\u00e9 o pr\u00f3ximo castelo de Orl\u00edk. Se voc\u00ea busca mais turismo urbano, recomendo muito um passeio pela hist\u00f3rica T\u00e1bor com seu incr\u00edvel subsolo, ou pelo rom\u00e2ntico castelo de Hlubok\u00e1 nad Vltavou com o zool\u00f3gico anexo.<\/p>\n\n<\/div>\n<\/div>\n<div id=\"faq-question-1787814183001\" class=\"rank-math-list-item\">\n<h3 class=\"rank-math-question \"><span class=\"ez-toc-section\" id=\"Para_onde_ir_no_fim_de_semana_na_regiao_de_Pisek\"><\/span>Para onde ir no fim de semana na regi\u00e3o de P\u00edsek?<span class=\"ez-toc-section-end\"><\/span><\/h3>\n<div class=\"rank-math-answer \">\n\n<p>Nos finais de semana s\u00e3o muito populares os passeios mais curtos pelas montanhas P\u00edseck\u00e9 hory com subida \u00e0 torre de observa\u00e7\u00e3o Jarn\u00edk e visita ao cercado de veados U Vod\u00e1ka. Uma parada linda tamb\u00e9m \u00e9 Putim com seu mini zool\u00f3gico, ou a monumental ponte Podolsk\u00fd most, de onde se tem uma vista fascinante sobre a superf\u00edcie da represa Orl\u00edk.<\/p>\n\n<\/div>\n<\/div>\n<div id=\"faq-question-1787814183002\" class=\"rank-math-list-item\">\n<h3 class=\"rank-math-question \"><span class=\"ez-toc-section\" id=\"O_que_fazer_com_criancas_nos_arredores_de_Pisek\"><\/span>O que fazer com crian\u00e7as nos arredores de P\u00edsek?<span class=\"ez-toc-section-end\"><\/span><\/h3>\n<div class=\"rank-math-answer \">\n\n<p>Fam\u00edlias com crian\u00e7as simplesmente amam a Poh\u00e1dkov\u00e1 kov\u00e1rna em Selibov, onde \u00e9 poss\u00edvel ver diabos e elfos aqu\u00e1ticos, ou o rec\u00e9m-constru\u00eddo Farmapark Maletice com trampolins gigantes. Uma \u00f3tima op\u00e7\u00e3o tamb\u00e9m \u00e9 o Krokod\u00fdl\u00ed ZOO em Protiv\u00edn, que funciona o ano todo e costuma deixar as crian\u00e7as absolutamente encantadas.<\/p>\n\n<\/div>\n<\/div>\n<div id=\"faq-question-1787814183003\" class=\"rank-math-list-item\">\n<h3 class=\"rank-math-question \"><span class=\"ez-toc-section\" id=\"Qual_a_distancia_de_Zvikov_a_partir_de_Pisek\"><\/span>Qual a dist\u00e2ncia de Zv\u00edkov a partir de P\u00edsek?<span class=\"ez-toc-section-end\"><\/span><\/h3>\n<div class=\"rank-math-answer \">\n\n<p>O majestoso castelo de Zv\u00edkov fica a cerca de 26 quil\u00f4metros de P\u00edsek e o trajeto de carro leva aproximadamente 32 minutos de viagem tranquila. O castelo se ergue em um promont\u00f3rio rochoso na conflu\u00eancia dos rios Vltava e Otava e representa um dos destinos tur\u00edsticos mais populares e belos de toda a regi\u00e3o sul da Bo\u00eamia.<\/p>\n\n<\/div>\n<\/div>\n<div id=\"faq-question-1787814183004\" class=\"rank-math-list-item\">\n<h3 class=\"rank-math-question \"><span class=\"ez-toc-section\" id=\"Ha_barco_de_Zvikov_para_Orlik\"><\/span>H\u00e1 barco de Zv\u00edkov para Orl\u00edk?<span class=\"ez-toc-section-end\"><\/span><\/h3>\n<div class=\"rank-math-answer \">\n\n<p>Sim, o transporte regular de barco entre o castelo de Zv\u00edkov e o castelo de Orl\u00edk funciona, sendo que os barcos navegam em ambas as dire\u00e7\u00f5es de ter\u00e7a a domingo. Mas aten\u00e7\u00e3o: \u00e0s segundas-feiras os barcos costumam n\u00e3o operar e recomendo verificar antecipadamente os hor\u00e1rios exatos e os pre\u00e7os atuais no site oficial da empresa de transporte.<\/p>\n\n<\/div>\n<\/div>\n<div id=\"faq-question-1787814183005\" class=\"rank-math-list-item\">\n<h3 class=\"rank-math-question \"><span class=\"ez-toc-section\" id=\"Qual_o_melhor_passeio_a_15_minutos_da_cidade\"><\/span>Qual o melhor passeio a 15 minutos da cidade?<span class=\"ez-toc-section-end\"><\/span><\/h3>\n<div class=\"rank-math-answer \">\n\n<p>Em apenas quinze minutos voc\u00ea chega \u00e0 linda vila de Putim com seu popular mini zool\u00f3gico ou a Kest\u0159any, onde voc\u00ea encontra uma verdadeira raridade na forma de duas fortalezas medievais preservadas situadas lado a lado. Outra op\u00e7\u00e3o r\u00e1pida \u00e9 Protiv\u00edn com seu museu de rel\u00f3gios e o famoso zool\u00f3gico.<\/p>\n\n<\/div>\n<\/div>\n<div id=\"faq-question-1787814183006\" class=\"rank-math-list-item\">\n<h3 class=\"rank-math-question \"><span class=\"ez-toc-section\" id=\"Para_onde_ir_de_graca_nos_arredores_de_Pisek\"><\/span>Para onde ir de gra\u00e7a nos arredores de P\u00edsek?<span class=\"ez-toc-section-end\"><\/span><\/h3>\n<div class=\"rank-math-answer \">\n\n<p>Voc\u00ea pode visitar totalmente de gra\u00e7a a torre de observa\u00e7\u00e3o Jarn\u00edk nas montanhas P\u00edseck\u00e9 hory, o mini zool\u00f3gico de acesso livre Na\u0161e zv\u00ed\u0159\u00e1tka em Putim ou o memorial da batalha hussita junto aos lagos em Sudom\u011b\u0159. Tamb\u00e9m n\u00e3o se paga entrada no \u00fanico oss\u00e1rio ao ar livre com capelas pintadas, localizado em Albrechtice nad Vltavou.<\/p>\n\n<\/div>\n<\/div>\n<div id=\"faq-question-1787814183007\" class=\"rank-math-list-item\">\n<h3 class=\"rank-math-question \"><span class=\"ez-toc-section\" id=\"O_que_esta_aberto_na_regiao_no_inverno\"><\/span>O que est\u00e1 aberto na regi\u00e3o no inverno?<span class=\"ez-toc-section-end\"><\/span><\/h3>\n<div class=\"rank-math-answer \">\n\n<p>Enquanto a maioria dos castelos e pal\u00e1cios estatais fecha fora da temporada de ver\u00e3o, voc\u00ea pode visitar o ano todo o Krokod\u00fdl\u00ed ZOO em Protiv\u00edn, os museus municipais em T\u00e1bor ou Strakonice e, claro, as montanhas P\u00edseck\u00e9 hory. Uma exce\u00e7\u00e3o entre os castelos \u00e9 Hlubok\u00e1 nad Vltavou, que oferece um circuito de visita\u00e7\u00e3o especial de inverno.<\/p>\n\n<\/div>\n<\/div>\n<\/div>\n<\/div>","protected":false},"excerpt":{"rendered":"<p>Descubra os 30 melhores passeios perto de P\u00edsek! Da torre-mirante Jarn\u00edk ao majestoso castelo de Zv\u00edkov, passando pelos bichinhos de Maletice at\u00e9 a famosa Hlubok\u00e1.<\/p>\n","protected":false},"author":3,"featured_media":404086,"comment_status":"open","ping_status":"open","sticky":false,"template":"","format":"standard","meta":{"_acf_changed":false,"footnotes":"","rank_math_title":"Passeios perto de P\u00edsek: 30 dicas de uma nativa","rank_math_description":"Descubra 30 passeios perto de P\u00edsek: castelos, banhos, torres-mirante e zool\u00f3gicos no sul da Bo\u00eamia. Planeje j\u00e1 a sua rota com dicas de uma nativa!","rank_math_focus_keyword":"passeios perto de P\u00edsek","rank_math_seo_score":""},"categories":[1121,1157,1104],"tags":[],"class_list":["post-409699","post","type-post","status-publish","format-standard","has-post-thumbnail","category-europa","category-republica-tcheca","category-viagens"],"acf":[],"featured_image_src":"https:\/\/loudavymkrokem.cz\/wp-content\/uploads\/2026\/08\/lk-24.jpg","author_info":{"display_name":"Lucie Kone\u010dn\u00e1","author_link":"https:\/\/loudavymkrokem.cz\/pt-br\/author\/lucie-konecna\/"},"_links":{"self":[{"href":"https:\/\/loudavymkrokem.cz\/pt-br\/wp-json\/wp\/v2\/posts\/409699","targetHints":{"allow":["GET"]}}],"collection":[{"href":"https:\/\/loudavymkrokem.cz\/pt-br\/wp-json\/wp\/v2\/posts"}],"about":[{"href":"https:\/\/loudavymkrokem.cz\/pt-br\/wp-json\/wp\/v2\/types\/post"}],"author":[{"embeddable":true,"href":"https:\/\/loudavymkrokem.cz\/pt-br\/wp-json\/wp\/v2\/users\/3"}],"replies":[{"embeddable":true,"href":"https:\/\/loudavymkrokem.cz\/pt-br\/wp-json\/wp\/v2\/comments?post=409699"}],"version-history":[{"count":2,"href":"https:\/\/loudavymkrokem.cz\/pt-br\/wp-json\/wp\/v2\/posts\/409699\/revisions"}],"predecessor-version":[{"id":409701,"href":"https:\/\/loudavymkrokem.cz\/pt-br\/wp-json\/wp\/v2\/posts\/409699\/revisions\/409701"}],"wp:featuredmedia":[{"embeddable":true,"href":"https:\/\/loudavymkrokem.cz\/pt-br\/wp-json\/wp\/v2\/media\/404086"}],"wp:attachment":[{"href":"https:\/\/loudavymkrokem.cz\/pt-br\/wp-json\/wp\/v2\/media?parent=409699"}],"wp:term":[{"taxonomy":"category","embeddable":true,"href":"https:\/\/loudavymkrokem.cz\/pt-br\/wp-json\/wp\/v2\/categories?post=409699"},{"taxonomy":"post_tag","embeddable":true,"href":"https:\/\/loudavymkrokem.cz\/pt-br\/wp-json\/wp\/v2\/tags?post=409699"}],"curies":[{"name":"wp","href":"https:\/\/api.w.org\/{rel}","templated":true}]}}