{"id":231427,"date":"2023-12-14T16:39:54","date_gmt":"2023-12-14T15:39:54","guid":{"rendered":"https:\/\/loudavymkrokem.cz\/?p=231427"},"modified":"2026-08-27T00:01:55","modified_gmt":"2026-08-26T22:01:55","slug":"praga-tchequia","status":"publish","type":"post","link":"https:\/\/loudavymkrokem.cz\/pt-br\/praga-tchequia\/","title":{"rendered":"Praga, Tch\u00e9quia: o projeto cultural Karlova Praha (2016)"},"content":{"rendered":"\n<!-- lk-tldr -->\n<div class=\"lk-tldr\" style=\"background:#f7f5f0;border-left:4px solid #c39f76;border-radius:0 10px 10px 0;padding:14px 18px;margin:0 0 26px;font-size:15px;line-height:1.65;\"><strong style=\"display:block;font-size:12px;text-transform:uppercase;letter-spacing:.06em;color:#a9885a;margin-bottom:5px;\">TL;DR<\/strong>Praga Carolina foi um grande projeto cultural de 2016, criado para celebrar os 700 anos de nascimento de <strong>Carlos IV<\/strong>, nascido em 1316, com exposi\u00e7\u00f5es, concertos, festivais e comemora\u00e7\u00f5es ligadas \u00e0 vida e \u00e0 \u00e9poca do imperador. Os eventos aconteceram em 24 locais associados a <strong>Carlos IV<\/strong>, entre eles o <strong>Castelo de Praga<\/strong>, a <strong>Ponte Carlos<\/strong>, <strong>Vy\u0161ehrad<\/strong>, a Catedral de S\u00e3o Vito e o Carolinum. O site original do projeto, mantido pelo servi\u00e7o de informa\u00e7\u00f5es tur\u00edsticas de Praga, foi desativado, ent\u00e3o hoje os detalhes s\u00f3 aparecem no folheto do evento, dispon\u00edvel para download, ou neste resumo de arquivo.<\/div>\n<!-- \/lk-tldr -->\n\n\n\n<p class=\"wp-block-paragraph\"><strong>O projeto Karlova Praha foi um grande evento cultural realizado em Praga, na Tch\u00e9quia, para celebrar os 700 anos do nascimento de Carlos IV (nascido em 1316).<\/strong><\/p>\n\n\n\n<p class=\"wp-block-paragraph\"><strong>O site original do projeto<\/strong>, mantido pelo Servi\u00e7o de Informa\u00e7\u00e3o de Praga, foi desativado, e hoje voc\u00ea n\u00e3o encontra nada sobre o evento em nenhum outro lugar, a n\u00e3o ser aqui com a gente.<\/p>\n\n\n\n<p class=\"wp-block-paragraph\">Ao longo de todo o ano de 2016, Praga sediou uma s\u00e9rie de exposi\u00e7\u00f5es, concertos, festivais e festividades interessantes, todos com um tema em comum: <strong>a vida e a \u00e9poca de Carlos IV<\/strong>, rei da Bo\u00eamia e imperador do Sacro Imp\u00e9rio Romano-Germ\u00e2nico.<\/p>\n\n\n\n<!-- LKM_GYG_CARD start q=\"praha\" lang=\"pt-br\" rendered=\"2026-08-26T22:01:53+00:00\" v=\"1\" -->\n<style id=\"lk-gyg-styles\">\n@import url(\"https:\/\/fonts.googleapis.com\/css2?family=Playfair+Display:wght@700&family=DM+Sans:wght@300;400;500;600&display=swap\");\n\/* === LK GYG karty \u2014 CRO redesign 2026-05 (namespace .lkx-) ===\n   C\u00edl: vy\u0161\u0161\u00ed CTR (hero + v\u00fdrazn\u00fd social proof + ak\u010dn\u00ed CTA, m\u00e9n\u011b \"reklamn\u00ed\").\n   Injektuje se inline do prvn\u00edho markeru postu (refresh_cards.py --inline-css). *\/\n.lkx-module, .lkx-module *{box-sizing:border-box;margin:0;padding:0}\n.lkx-module{\n  font-family:'DM Sans',-apple-system,Segoe UI,Roboto,Georgia,sans-serif;\n  max-width:860px;margin:2.5rem auto;color:#1f2328;\n}\n\n\/* HEADER \u2014 lehk\u00fd editorsk\u00fd, \u017e\u00e1dn\u00fd bannerov\u00fd blok; nadpis + popisek pod n\u00edm *\/\n.lkx-head{margin-bottom:16px}\n.lkx-head-main{display:flex;align-items:center;gap:10px}\n.lkx-head-accent{width:26px;height:3px;border-radius:2px;background:#c39f76;flex-shrink:0}\n.lkx-head-title{font-family:'Playfair Display',Georgia,serif;font-size:21px;font-weight:700;color:#1a1a1a;line-height:1.25}\n.lkx-head-meta{display:block;font-size:11px;letter-spacing:.3px;color:#9aa0a6;margin-top:4px;margin-left:36px}\n\n\/* HERO *\/\n.lkx-hero{display:grid;grid-template-columns:300px 1fr;background:#fff;border:1px solid #ece7df;border-radius:14px;overflow:hidden;text-decoration:none!important;color:inherit;box-shadow:0 6px 20px rgba(0,0,0,.06);transition:box-shadow .2s,transform .2s;margin-bottom:14px}\n.lkx-hero:hover{box-shadow:0 12px 30px rgba(0,0,0,.12);transform:translateY(-2px)}\n.lkx-hero-img{position:relative;min-height:230px;background-size:cover;background-position:center;background-color:#eee}\n.lkx-hero-body{padding:22px 24px;display:flex;flex-direction:column}\n.lkx-pick{position:absolute;top:12px;left:12px;background:#1a1a1a;color:#fff;font-size:11px;font-weight:700;letter-spacing:.5px;padding:5px 11px;border-radius:20px}\n\n\/* TITLE *\/\n.lkx-title{font-size:19px;font-weight:700;color:#161616;line-height:1.3}\n.lkx-title-sm{font-size:14.5px;line-height:1.35;display:-webkit-box;-webkit-line-clamp:2;-webkit-box-orient:vertical;overflow:hidden}\n\n\/* SOCIAL PROOF \u2014 v\u00fdrazn\u011b, naho\u0159e *\/\n.lkx-proof{display:flex;align-items:center;gap:7px;margin-top:12px;font-size:15px;color:#3a3a3a}\n.lkx-proof b{font-size:16px;color:#161616}\n.lkx-stars{color:#f5a623;letter-spacing:1px}\n.lkx-proof-sm{font-size:12.5px;margin-top:8px;gap:5px}\n.lkx-proof-sm b{font-size:13px}\n.lkx-proof-new{color:#3685fc;font-weight:600}\n\n\/* PRICE \u2014 n\u00edzk\u00e1 kotva *\/\n.lkx-price{font-size:14px;color:#6b7280}\n.lkx-price b{font-size:20px;color:#161616;font-weight:700}\n.lkx-price-sm b{font-size:15px}\n\n\/* CTA \u2014 tepl\u00e9 ak\u010dn\u00ed tla\u010d\u00edtko *\/\n.lkx-cta{display:inline-flex;align-items:center;justify-content:center;text-decoration:none!important;font-weight:700;color:#fff!important;background:linear-gradient(135deg,#f6743f,#e8552a);border-radius:10px;box-shadow:0 6px 16px rgba(232,85,42,.32);transition:box-shadow .2s}\n.lkx-cta-hero{font-size:15px;padding:13px 22px}\n.lkx-hero:hover .lkx-cta-hero{box-shadow:0 8px 22px rgba(232,85,42,.45)}\n.lkx-cta-sm{font-size:12.5px;padding:9px 14px;width:100%;margin-top:2px}\n.lkx-hero-bottom{margin-top:auto;padding-top:18px;display:flex;align-items:center;justify-content:space-between;gap:14px;flex-wrap:wrap}\n\n\/* BADGE \u2014 jeden v\u00fdrazn\u00fd na fotce *\/\n.lkx-badge{position:absolute;top:12px;right:12px;font-size:10.5px;font-weight:700;letter-spacing:.3px;padding:5px 10px;border-radius:16px;color:#fff}\n.lkx-badge.badge-urgency{background:rgba(214,40,40,.92)}\n.lkx-badge.badge-new{background:rgba(54,133,252,.92)}\n.lkx-badge.badge-top{background:rgba(195,159,118,.95)}\n.lkx-badge.badge-info{background:rgba(40,40,40,.78)}\n\n\/* SECONDARY GRID *\/\n.lkx-grid{display:grid;grid-template-columns:1fr 1fr;gap:14px}\n.lkx-card{background:#fff;border:1px solid #ece7df;border-radius:14px;overflow:hidden;text-decoration:none!important;color:inherit;box-shadow:0 4px 14px rgba(0,0,0,.05);display:flex;flex-direction:column;transition:box-shadow .2s,transform .2s}\n.lkx-card:hover{box-shadow:0 10px 24px rgba(0,0,0,.1);transform:translateY(-2px)}\n.lkx-card-img{position:relative;aspect-ratio:16\/10;background-size:cover;background-position:center;background-color:#eee}\n.lkx-card-body{padding:14px 16px 16px;display:flex;flex-direction:column;gap:7px;flex:1}\n.lkx-card-bottom{margin-top:auto;padding-top:10px;display:flex;align-items:center;justify-content:space-between;gap:8px}\n\n\/* DISCLOSURE \u2014 drobn\u00e1, kv\u016fli d\u016fv\u011b\u0159e\/z\u00e1konu *\/\n.lkx-disclosure{font-size:11px;color:#a7adb3;text-align:center;margin-top:14px;line-height:1.6}\n.lkx-disclosure a{color:#c39f76;text-decoration:none}\n\n@media(max-width:680px){\n  .lkx-hero{grid-template-columns:1fr}\n  .lkx-hero-img{min-height:180px}\n  .lkx-grid{grid-template-columns:1fr}\n  .lkx-head-meta{margin-left:0;width:100%}\n  .lkx-head-title{font-size:19px}\n}\n\n<\/style>\n<div class=\"lkx-module\" data-query=\"praha\">\n  <div class=\"lkx-head\">\n    <div class=\"lkx-head-main\">\n      <span class=\"lkx-head-accent\"><\/span>\n      <span class=\"lkx-head-title\">Experi\u00eancias e ingressos<\/span>\n    <\/div>\n    <span class=\"lkx-head-meta\">avaliado por viajantes \u00b7 GetYourGuide<\/span>\n  <\/div><a class=\"lkx-hero\" href=\"https:\/\/www.getyourguide.com\/pt-br\/praga-l10\/praga-jantar-medieval-com-bebidas-ilimitadas-t63958\/?partner_id=MKZ64IS&amp;utm_medium=online_publisher&amp;cmp=praga-tchequia\" target=\"_blank\" rel=\"sponsored noopener nofollow\">\n    <div class=\"lkx-hero-img\" style=\"background-image:url('https:\/\/cdn.getyourguide.com\/img\/tour\/c9959408d4203420.jpeg\/132.jpg')\" role=\"img\" aria-label=\"Praga: Jantar medieval com bebidas ilimitadas\">\n      <span class=\"lkx-pick\">\u2605 Nossa escolha<\/span><\/div>\n    <div class=\"lkx-hero-body\">\n      <div class=\"lkx-title\">Praga: Jantar medieval com bebidas ilimitadas<\/div>\n      <div class=\"lkx-proof\">\n      <span class=\"lkx-stars\">\u2605\u2605\u2605\u2605\u2605<\/span>\n      <b>4.5<\/b> \u00b7 22 007 avalia\u00e7\u00f5es\n    <\/div>\n      <div class=\"lkx-hero-bottom\"><div class=\"lkx-price\">a partir de <b>\u20ac\u00a064<\/b><\/div><span class=\"lkx-cta lkx-cta-hero\">Quero viver isso \u2192<\/span>\n      <\/div>\n    <\/div>\n  <\/a><div class=\"lkx-grid\"><a class=\"lkx-card\" href=\"https:\/\/www.getyourguide.com\/pt-br\/praga-l10\/praga-ingresso-para-o-castelo-de-praga-t406279\/?partner_id=MKZ64IS&amp;utm_medium=online_publisher&amp;cmp=praga-tchequia\" target=\"_blank\" rel=\"sponsored noopener nofollow\">\n      <div class=\"lkx-card-img\" style=\"background-image:url('https:\/\/cdn.getyourguide.com\/img\/tour\/914ea7b48505a40dcf7d712a5afc4a52b8a1e787d2e39a97dd86098fa24e14c3.jpg\/132.jpg')\" role=\"img\" aria-label=\"Praga: ingresso de entrada oficial para o Castelo de Praga\"><\/div>\n      <div class=\"lkx-card-body\">\n        <div class=\"lkx-title lkx-title-sm\">Praga: ingresso de entrada oficial para o Castelo de Praga<\/div>\n        <div class=\"lkx-proof lkx-proof-sm\">\n      <span class=\"lkx-stars\">\u2605<\/span>\n      <b>4.5<\/b> \u00b7 18 132\n    <\/div>\n        <div class=\"lkx-card-bottom\"><span class=\"lkx-price lkx-price-sm\">a partir de <b>\u20ac\u00a019<\/b><\/span><span class=\"lkx-cta lkx-cta-sm\">Ver datas \u2192<\/span>\n        <\/div>\n      <\/div>\n    <\/a><a class=\"lkx-card\" href=\"https:\/\/www.getyourguide.com\/pt-br\/praga-l10\/praga-cruzeiro-noturno-de-50-minutos-t357390\/?partner_id=MKZ64IS&amp;utm_medium=online_publisher&amp;cmp=praga-tchequia\" target=\"_blank\" rel=\"sponsored noopener nofollow\">\n      <div class=\"lkx-card-img\" style=\"background-image:url('https:\/\/cdn.getyourguide.com\/img\/tour\/f7e6a90af57229fd1946571d56e4c3b477c7127e78172e13dacee133c86f6241.jpg\/132.jpg')\" role=\"img\" aria-label=\"Praga: Cruzeiro noturno de 50 minutos\"><\/div>\n      <div class=\"lkx-card-body\">\n        <div class=\"lkx-title lkx-title-sm\">Praga: Cruzeiro noturno de 50 minutos<\/div>\n        <div class=\"lkx-proof lkx-proof-sm\">\n      <span class=\"lkx-stars\">\u2605<\/span>\n      <b>4.2<\/b> \u00b7 41 371\n    <\/div>\n        <div class=\"lkx-card-bottom\"><span class=\"lkx-price lkx-price-sm\">a partir de <b>\u20ac\u00a018<\/b><\/span><span class=\"lkx-cta lkx-cta-sm\">Ver datas \u2192<\/span>\n        <\/div>\n      <\/div>\n    <\/a><\/div><div class=\"lkx-disclosure\">\ud83d\udd17 Links de afiliados \u2014 n\u00e3o mudam seu pre\u00e7o e nos ajudam a criar conte\u00fado. \u00b7 <a href=\"https:\/\/www.getyourguide.com\/pt-br\/s\/?q=praha&amp;partner_id=MKZ64IS&amp;utm_medium=online_publisher\" target=\"_blank\" rel=\"sponsored noopener nofollow\">Todas as experi\u00eancias \u2192<\/a><\/div>\n<\/div>\n<!-- LKM_GYG_CARD end -->\n\n\n\n<h2 class=\"wp-block-heading\">Mapa de todos os eventos<\/h2>\n\n\n\n<p class=\"wp-block-paragraph\">Neste mapa voc\u00ea v\u00ea <strong>24 pontos no total<\/strong> \u2013 s\u00e3o todos os lugares onde aconteceram os eventos e que Carlos IV influenciou de forma marcante, embelezou ou mandou construir.<\/p>\n\n\n\n<ul class=\"wp-block-list\">\n<li>Galeria Nacional de Praga<\/li>\n\n\n\n<li>Castelo de Praga<\/li>\n\n\n\n<li>Fosso dos Veados (Jelen\u00ed p\u0159\u00edkop)<\/li>\n\n\n\n<li>Torre da Ponte da Cidade Velha<\/li>\n\n\n\n<li>Museu Nacional de Tecnologia<\/li>\n\n\n\n<li>Catedral de S\u00e3o Vito<\/li>\n\n\n\n<li>Carolinum<\/li>\n\n\n\n<li>Convento de Santa In\u00eas da Bo\u00eamia<\/li>\n\n\n\n<li>Igreja de Nossa Senhora de Ema\u00fas (Na Slovanech)<\/li>\n\n\n\n<li>Pra\u00e7a da Cidade Velha<\/li>\n\n\n\n<li>Forum Karl\u00edn<\/li>\n\n\n\n<li>Vy\u0161ehrad<\/li>\n\n\n\n<li>Ponte Carlos<\/li>\n\n\n\n<li>Casa do Sino de Pedra<\/li>\n\n\n\n<li>Igreja de Nossa Senhora de T\u00fdn<\/li>\n\n\n\n<li>Casa dos \u0160tupart<\/li>\n\n\n\n<li>Igreja de S\u00e3o Tiago e o convento dos franciscanos menores<\/li>\n\n\n\n<li>Rel\u00edquias e igreja de S\u00e3o Galo<\/li>\n\n\n\n<li>Capela da C\u00e2mara Municipal da Cidade Velha<\/li>\n\n\n\n<li>Igreja de S\u00e3o Gil<\/li>\n\n\n\n<li>Carolinum \u2013 Universidade Carolina<\/li>\n\n\n\n<li>Jerusal\u00e9m Celeste<\/li>\n\n\n\n<li>Igreja de Nossa Senhora das Neves<\/li>\n\n\n\n<li>Igreja da Assun\u00e7\u00e3o de Nossa Senhora e de S\u00e3o Carlos Magno<\/li>\n\n\n\n<li>Igreja de Santa Catarina<\/li>\n\n\n\n<li>Igreja de Santo Apolin\u00e1rio<\/li>\n\n\n\n<li>Igreja de Santo Est\u00eav\u00e3o<\/li>\n\n\n\n<li>Igreja de S\u00e3o Henrique e Santa Cunegundes<\/li>\n\n\n\n<li>Igreja da Anuncia\u00e7\u00e3o de Nossa Senhora (Na tr\u00e1vn\u00ed\u010dku)<\/li>\n\n\n\n<li>C\u00e2mara Municipal da Cidade Nova<\/li>\n\n\n\n<li>Vy\u0161ehrad<\/li>\n<\/ul>\n\n\n\n<p class=\"has-luminous-vivid-amber-background-color has-background wp-block-paragraph\">Guardamos para voc\u00ea o folheto do evento, que voc\u00ea pode <a href=\"https:\/\/loudavymkrokem.cz\/wp-content\/uploads\/2024\/01\/karel_iv_brozura_cs.pdf\" data-type=\"link\" data-id=\"https:\/\/loudavymkrokem.cz\/wp-content\/uploads\/2024\/01\/karel_iv_brozura_cs.pdf\"><strong>baixar aqui<\/strong><\/a> (em tcheco).<\/p>\n\n\n\n<figure data-wp-context=\"{&quot;imageId&quot;:&quot;6a969e90604bb&quot;}\" data-wp-interactive=\"core\/image\" data-wp-key=\"6a969e90604bb\" class=\"wp-block-image size-large wp-lightbox-container\"><img decoding=\"async\" width=\"700\" height=\"577\" data-wp-class--hide=\"state.isContentHidden\" data-wp-class--show=\"state.isContentVisible\" data-wp-init=\"callbacks.setButtonStyles\" data-wp-on--click=\"actions.showLightbox\" data-wp-on--load=\"callbacks.setButtonStyles\" data-wp-on--pointerdown=\"actions.preloadImage\" data-wp-on--pointerenter=\"actions.preloadImageWithDelay\" data-wp-on--pointerleave=\"actions.cancelPreload\" data-wp-on-window--resize=\"callbacks.setButtonStyles\" src=\"https:\/\/loudavymkrokem.cz\/wp-content\/uploads\/2024\/01\/karlova-praha-mapka-700x577.jpg\" alt=\"Mapa dos pontos do projeto Karlova Praha em Praga, Tch\u00e9quia\" class=\"wp-image-79808\" title=\"\" srcset=\"https:\/\/loudavymkrokem.cz\/wp-content\/uploads\/2024\/01\/karlova-praha-mapka-700x577.jpg 700w, https:\/\/loudavymkrokem.cz\/wp-content\/uploads\/2024\/01\/karlova-praha-mapka-300x247.jpg 300w, https:\/\/loudavymkrokem.cz\/wp-content\/uploads\/2024\/01\/karlova-praha-mapka-768x633.jpg 768w, https:\/\/loudavymkrokem.cz\/wp-content\/uploads\/2024\/01\/karlova-praha-mapka-1536x1265.jpg 1536w, https:\/\/loudavymkrokem.cz\/wp-content\/uploads\/2024\/01\/karlova-praha-mapka-696x573.jpg 696w, https:\/\/loudavymkrokem.cz\/wp-content\/uploads\/2024\/01\/karlova-praha-mapka-1392x1147.jpg 1392w, https:\/\/loudavymkrokem.cz\/wp-content\/uploads\/2024\/01\/karlova-praha-mapka.jpg 1549w\" sizes=\"(max-width: 700px) 100vw, 700px\" \/><button\n\t\t\tclass=\"lightbox-trigger\"\n\t\t\ttype=\"button\"\n\t\t\taria-haspopup=\"dialog\"\n\t\t\tdata-wp-bind--aria-label=\"state.thisImage.triggerButtonAriaLabel\"\n\t\t\tdata-wp-init=\"callbacks.initTriggerButton\"\n\t\t\tdata-wp-on--click=\"actions.showLightbox\"\n\t\t\tdata-wp-style--right=\"state.thisImage.buttonRight\"\n\t\t\tdata-wp-style--top=\"state.thisImage.buttonTop\"\n\t\t>\n\t\t\t<svg xmlns=\"http:\/\/www.w3.org\/2000\/svg\" width=\"12\" height=\"12\" fill=\"none\" viewBox=\"0 0 12 12\">\n\t\t\t\t<path fill=\"#fff\" d=\"M2 0a2 2 0 0 0-2 2v2h1.5V2a.5.5 0 0 1 .5-.5h2V0H2Zm2 10.5H2a.5.5 0 0 1-.5-.5V8H0v2a2 2 0 0 0 2 2h2v-1.5ZM8 12v-1.5h2a.5.5 0 0 0 .5-.5V8H12v2a2 2 0 0 1-2 2H8Zm2-12a2 2 0 0 1 2 2v2h-1.5V2a.5.5 0 0 0-.5-.5H8V0h2Z\" \/>\n\t\t\t<\/svg>\n\t\t<\/button><\/figure>\n","protected":false},"excerpt":{"rendered":"<p>O projeto Karlova Praha foi um grande evento cultural realizado em Praga, na Tch\u00e9quia, para celebrar os 700 anos do nascimento de Carlos IV. Durante todo o ano de 2016, a cidade recebeu exposi\u00e7\u00f5es, concertos e festivais sobre a vida do imperador.<\/p>\n","protected":false},"author":2,"featured_media":79817,"comment_status":"open","ping_status":"open","sticky":false,"template":"","format":"standard","meta":{"_acf_changed":false,"footnotes":"","rank_math_title":"Karlova Praha: evento cultural em Praga, Tch\u00e9quia","rank_math_description":"Conhe\u00e7a o projeto Karlova Praha, o grande evento cultural de 2016 em Praga, na Tch\u00e9quia, em homenagem a Carlos IV. Veja o mapa dos 24 locais hist\u00f3ricos!","rank_math_focus_keyword":"praga tch\u00e9quia","rank_math_seo_score":""},"categories":[1121,1157,1104],"tags":[],"class_list":["post-231427","post","type-post","status-publish","format-standard","has-post-thumbnail","category-europa","category-republica-tcheca","category-viagens"],"acf":[],"featured_image_src":"https:\/\/loudavymkrokem.cz\/wp-content\/uploads\/2024\/01\/image.jpeg","author_info":{"display_name":"Luk\u00e1\u0161 Kone\u010dn\u00fd","author_link":"https:\/\/loudavymkrokem.cz\/pt-br\/author\/lukas-konecny\/"},"_links":{"self":[{"href":"https:\/\/loudavymkrokem.cz\/pt-br\/wp-json\/wp\/v2\/posts\/231427","targetHints":{"allow":["GET"]}}],"collection":[{"href":"https:\/\/loudavymkrokem.cz\/pt-br\/wp-json\/wp\/v2\/posts"}],"about":[{"href":"https:\/\/loudavymkrokem.cz\/pt-br\/wp-json\/wp\/v2\/types\/post"}],"author":[{"embeddable":true,"href":"https:\/\/loudavymkrokem.cz\/pt-br\/wp-json\/wp\/v2\/users\/2"}],"replies":[{"embeddable":true,"href":"https:\/\/loudavymkrokem.cz\/pt-br\/wp-json\/wp\/v2\/comments?post=231427"}],"version-history":[{"count":0,"href":"https:\/\/loudavymkrokem.cz\/pt-br\/wp-json\/wp\/v2\/posts\/231427\/revisions"}],"wp:featuredmedia":[{"embeddable":true,"href":"https:\/\/loudavymkrokem.cz\/pt-br\/wp-json\/wp\/v2\/media\/79817"}],"wp:attachment":[{"href":"https:\/\/loudavymkrokem.cz\/pt-br\/wp-json\/wp\/v2\/media?parent=231427"}],"wp:term":[{"taxonomy":"category","embeddable":true,"href":"https:\/\/loudavymkrokem.cz\/pt-br\/wp-json\/wp\/v2\/categories?post=231427"},{"taxonomy":"post_tag","embeddable":true,"href":"https:\/\/loudavymkrokem.cz\/pt-br\/wp-json\/wp\/v2\/tags?post=231427"}],"curies":[{"name":"wp","href":"https:\/\/api.w.org\/{rel}","templated":true}]}}