{"id":172639,"date":"2026-05-25T21:58:36","date_gmt":"2026-05-25T19:58:36","guid":{"rendered":"https:\/\/loudavymkrokem.cz\/?p=172639"},"modified":"2026-09-02T05:08:26","modified_gmt":"2026-09-02T03:08:26","slug":"cortina-dampezzo-italia-dicas","status":"publish","type":"post","link":"https:\/\/loudavymkrokem.cz\/pt-br\/cortina-dampezzo-italia-dicas\/","title":{"rendered":"Cortina d&#8217;Ampezzo, It\u00e1lia: 15 dicas do que ver e fazer"},"content":{"rendered":"\n<!-- lk-tldr -->\n<div class=\"lk-tldr\" style=\"background:#f7f5f0;border-left:4px solid #c39f76;border-radius:0 10px 10px 0;padding:14px 18px;margin:0 0 26px;font-size:15px;line-height:1.65;\"><strong style=\"display:block;font-size:12px;text-transform:uppercase;letter-spacing:.06em;color:#a9885a;margin-bottom:5px;\">TL;DR<\/strong>Cortina d&#x27;Ampezzo \u00e9 o ponto de partida para descobrir os lugares mais lindos das Dolomitas, do turquesa <strong>Lago di Sorapis<\/strong> e das ic\u00f4nicas <strong>Tre Cime di Lavaredo<\/strong> \u00e0s forma\u00e7\u00f5es rochosas de Cinque Torri e ao passo de montanha Passo Giau, onde se destacam quinze dicas concretas do que ver e fazer. O melhor \u00e9 ir na temporada de ver\u00e3o, entre 20 de junho e 20 de setembro, mas fugindo de agosto por causa do feriado do Ferragosto, quando as multid\u00f5es e os pre\u00e7os est\u00e3o no m\u00e1ximo. Reserve pelo menos quatro a cinco dias para a visita. A partir do outono de 2025, os pre\u00e7os de hospedagem sobem no m\u00ednimo vinte por cento por causa das Olimp\u00edadas de Inverno de 2026 \u2014 hot\u00e9is de categoria intermedi\u00e1ria na temporada saem por 150 a 250 EUR a noite para duas pessoas. De S\u00e3o Paulo voc\u00ea chega de avi\u00e3o at\u00e9 Veneza e, de carro, de Veneza s\u00e3o pouco menos de duas horas.<\/div>\n<!-- \/lk-tldr -->\n\n\n\n<!-- lk-navbar -->\n<div class=\"lk-navbar\" style=\"margin:0 0 28px;\"><div style=\"font-size:12px;text-transform:uppercase;letter-spacing:.06em;color:#a9885a;font-weight:700;margin-bottom:9px;\">Links r\u00e1pidos<\/div><div style=\"display:flex;flex-wrap:wrap;gap:9px;\"><a href=\"#Kde_se_ubytovat_kolik_to_stoji\" style=\"background:#c39f76;color:#fff;border:1px solid #c39f76;padding:9px 15px;border-radius:22px;font-size:14px;font-weight:700;text-decoration:none;display:inline-block;line-height:1;\">\ud83d\udccd Onde ficar<\/a><a href=\"#Cortina_dAmpezzo_15_tipu_co_videt_a_delat\" style=\"background:#c39f76;color:#fff;border:1px solid #c39f76;padding:9px 15px;border-radius:22px;font-size:14px;font-weight:700;text-decoration:none;display:inline-block;line-height:1;\">\u2b50 O que ver<\/a><a href=\"#Kdy_vyrazit_do_Cortiny_a_jake_je_pocasi\" style=\"background:#fff;color:#6b5a44;border:1px solid #e2d6c1;padding:9px 15px;border-radius:22px;font-size:14px;font-weight:600;text-decoration:none;display:inline-block;line-height:1;\">\u2600\ufe0f Quando ir<\/a><a href=\"#Jak_se_dostat_do_Cortiny_dAmpezzo\" style=\"background:#fff;color:#6b5a44;border:1px solid #e2d6c1;padding:9px 15px;border-radius:22px;font-size:14px;font-weight:600;text-decoration:none;display:inline-block;line-height:1;\">\u2708\ufe0f Como chegar<\/a><a href=\"#Co_ochutnat_a_kam_zajit_na_jidlo\" style=\"background:#fff;color:#6b5a44;border:1px solid #e2d6c1;padding:9px 15px;border-radius:22px;font-size:14px;font-weight:600;text-decoration:none;display:inline-block;line-height:1;\">\ud83c\udf7d\ufe0f Comida<\/a><a href=\"#Prakticke_tipy_na_zaver\" style=\"background:#fff;color:#6b5a44;border:1px solid #e2d6c1;padding:9px 15px;border-radius:22px;font-size:14px;font-weight:600;text-decoration:none;display:inline-block;line-height:1;\">\ud83d\udca1 Dicas<\/a><\/div><\/div>\n<!-- \/lk-navbar -->\n\n\n\n\n<p class=\"wp-block-paragraph\">Se voc\u00ea j\u00e1 sabe o que \u00e9 se apaixonar tanto por um lugar a ponto de precisar voltar todos os anos, ent\u00e3o entende perfeitamente a nossa rela\u00e7\u00e3o com as Dolomitas italianas e, principalmente, com o nosso xod\u00f3: Cortina d&#8217;Ampezzo, na It\u00e1lia. \u00c9 a nossa casa imagin\u00e1ria e uma esp\u00e9cie de acampamento-base do qual, tradicionalmente, partimos para nossas aventuras de ver\u00e3o e de inverno. Sinceramente, n\u00e3o consigo imaginar passar um ano sem vir para c\u00e1 pelo menos uma vez.<\/p>\n\n\n\n<p class=\"wp-block-paragraph\">Lembro das nossas primeiras viagens. \u00c9ramos jovens, cheios de energia, com as bicicletas em cima do carro, e dorm\u00edamos em barraca \u2014 at\u00e9 que, numa noite de setembro, fomos surpreendidos por temperaturas abaixo de quatro graus negativos e o Luk\u00e1\u0161 e eu ficamos tremendo de frio enrolados nos sacos de dormir. \ud83d\ude05 Depois veio a era do trailer, quando descobrimos a beleza das vistas matinais direto da cama sobre quatro rodas. Foi um romantismo enorme, do qual lembramos at\u00e9 hoje com carinho, mesmo que \u00e0s vezes significasse tomar banho num riacho gelado da montanha e cozinhar espaguete num fogareiro min\u00fasculo que apagava a cada rajada de vento.<\/p>\n\n\n\n<p class=\"wp-block-paragraph\">Ent\u00e3o, o que te espera? Quinze dicas do que ver e fazer, algumas palavras sobre onde descansar a cabe\u00e7a sem quebrar o or\u00e7amento e tamb\u00e9m um aviso sincero sobre uma coisa que vai mudar muito em 2026. Continue lendo. \ud83d\ude09<\/p>\n\n\n\n<figure data-wp-context=\"{&quot;imageId&quot;:&quot;6a9d8028148e6&quot;}\" data-wp-interactive=\"core\/image\" data-wp-key=\"6a9d8028148e6\" class=\"wp-block-image size-full wp-lightbox-container\"><img decoding=\"async\" data-wp-class--hide=\"state.isContentHidden\" data-wp-class--show=\"state.isContentVisible\" data-wp-init=\"callbacks.setButtonStyles\" data-wp-on--click=\"actions.showLightbox\" data-wp-on--load=\"callbacks.setButtonStyles\" data-wp-on--pointerdown=\"actions.preloadImage\" data-wp-on--pointerenter=\"actions.preloadImageWithDelay\" data-wp-on--pointerleave=\"actions.cancelPreload\" data-wp-on-window--resize=\"callbacks.setButtonStyles\" src=\"https:\/\/www.loudavymkrokem.cz\/wp-content\/uploads\/2023\/05\/dolomity-italske-alpy-2048x1365.jpg\" alt=\"Dolomitas nos Alpes italianos\" class=\"wp-image-74362\" title=\"\"><button\n\t\t\tclass=\"lightbox-trigger\"\n\t\t\ttype=\"button\"\n\t\t\taria-haspopup=\"dialog\"\n\t\t\tdata-wp-bind--aria-label=\"state.thisImage.triggerButtonAriaLabel\"\n\t\t\tdata-wp-init=\"callbacks.initTriggerButton\"\n\t\t\tdata-wp-on--click=\"actions.showLightbox\"\n\t\t\tdata-wp-style--right=\"state.thisImage.buttonRight\"\n\t\t\tdata-wp-style--top=\"state.thisImage.buttonTop\"\n\t\t>\n\t\t\t<svg xmlns=\"http:\/\/www.w3.org\/2000\/svg\" width=\"12\" height=\"12\" fill=\"none\" viewBox=\"0 0 12 12\">\n\t\t\t\t<path fill=\"#fff\" d=\"M2 0a2 2 0 0 0-2 2v2h1.5V2a.5.5 0 0 1 .5-.5h2V0H2Zm2 10.5H2a.5.5 0 0 1-.5-.5V8H0v2a2 2 0 0 0 2 2h2v-1.5ZM8 12v-1.5h2a.5.5 0 0 0 .5-.5V8H12v2a2 2 0 0 1-2 2H8Zm2-12a2 2 0 0 1 2 2v2h-1.5V2a.5.5 0 0 0-.5-.5H8V0h2Z\" \/>\n\t\t\t<\/svg>\n\t\t<\/button><\/figure>\n\n\n\n<div id=\"ez-toc-container\" class=\"ez-toc-v2_0_87 ez-toc-wrap-left counter-hierarchy ez-toc-counter ez-toc-grey ez-toc-container-direction\">\n<div class=\"ez-toc-title-container\">\n<p class=\"ez-toc-title\" style=\"cursor:inherit\">Conte\u00fado do artigo<\/p>\n<span class=\"ez-toc-title-toggle\"><a href=\"#\" class=\"ez-toc-pull-right ez-toc-btn ez-toc-btn-xs ez-toc-btn-default ez-toc-toggle\" aria-label=\"Alternar tabela de conte\u00fado\"><span class=\"ez-toc-js-icon-con\"><span class=\"\"><span class=\"eztoc-hide\" style=\"display:none;\">Toggle<\/span><span class=\"ez-toc-icon-toggle-span\"><svg style=\"fill: #999;color:#999\" xmlns=\"http:\/\/www.w3.org\/2000\/svg\" class=\"list-377408\" width=\"20px\" height=\"20px\" viewBox=\"0 0 24 24\" fill=\"none\"><path d=\"M6 6H4v2h2V6zm14 0H8v2h12V6zM4 11h2v2H4v-2zm16 0H8v2h12v-2zM4 16h2v2H4v-2zm16 0H8v2h12v-2z\" fill=\"currentColor\"><\/path><\/svg><svg style=\"fill: #999;color:#999\" class=\"arrow-unsorted-368013\" xmlns=\"http:\/\/www.w3.org\/2000\/svg\" width=\"10px\" height=\"10px\" viewBox=\"0 0 24 24\" version=\"1.2\" baseProfile=\"tiny\"><path d=\"M18.2 9.3l-6.2-6.3-6.2 6.3c-.2.2-.3.4-.3.7s.1.5.3.7c.2.2.4.3.7.3h11c.3 0 .5-.1.7-.3.2-.2.3-.5.3-.7s-.1-.5-.3-.7zM5.8 14.7l6.2 6.3 6.2-6.3c.2-.2.3-.5.3-.7s-.1-.5-.3-.7c-.2-.2-.4-.3-.7-.3h-11c-.3 0-.5.1-.7.3-.2.2-.3.5-.3.7s.1.5.3.7z\"\/><\/svg><\/span><\/span><\/span><\/a><\/span><\/div>\n<nav><ul class='ez-toc-list ez-toc-list-level-1 ' ><li class='ez-toc-page-1 ez-toc-heading-level-2'><a class=\"ez-toc-link ez-toc-heading-1\" href=\"https:\/\/loudavymkrokem.cz\/pt-br\/cortina-dampezzo-italia-dicas\/#Resumo\" >Resumo<\/a><\/li><li class='ez-toc-page-1 ez-toc-heading-level-2'><a class=\"ez-toc-link ez-toc-heading-2\" href=\"https:\/\/loudavymkrokem.cz\/pt-br\/cortina-dampezzo-italia-dicas\/#Orgulho_olimpico_e_tranquilidade_italiana_um_pouco_de_contexto\" >Orgulho ol\u00edmpico e tranquilidade italiana (um pouco de contexto)<\/a><\/li><li class='ez-toc-page-1 ez-toc-heading-level-2'><a class=\"ez-toc-link ez-toc-heading-3\" href=\"https:\/\/loudavymkrokem.cz\/pt-br\/cortina-dampezzo-italia-dicas\/#Quando_ir_para_Cortina_e_como_e_o_clima\" >Quando ir para Cortina e como \u00e9 o clima<\/a><\/li><li class='ez-toc-page-1 ez-toc-heading-level-2'><a class=\"ez-toc-link ez-toc-heading-4\" href=\"https:\/\/loudavymkrokem.cz\/pt-br\/cortina-dampezzo-italia-dicas\/#Como_chegar_a_Cortina_dAmpezzo\" >Como chegar a Cortina d&#8217;Ampezzo<\/a><ul class='ez-toc-list-level-3' ><li class='ez-toc-heading-level-3'><a class=\"ez-toc-link ez-toc-heading-5\" href=\"https:\/\/loudavymkrokem.cz\/pt-br\/cortina-dampezzo-italia-dicas\/#Cuidado_com_as_zonas_ZTL_e_os_bloqueios_em_2026\" >Cuidado com as zonas ZTL e os bloqueios em 2026<\/a><\/li><\/ul><\/li><li class='ez-toc-page-1 ez-toc-heading-level-2'><a class=\"ez-toc-link ez-toc-heading-6\" href=\"https:\/\/loudavymkrokem.cz\/pt-br\/cortina-dampezzo-italia-dicas\/#Onde_ficar_quanto_custa\" >Onde ficar + quanto custa<\/a><\/li><li class='ez-toc-page-1 ez-toc-heading-level-2'><a class=\"ez-toc-link ez-toc-heading-7\" href=\"https:\/\/loudavymkrokem.cz\/pt-br\/cortina-dampezzo-italia-dicas\/#Cortina_dAmpezzo_na_Italia_15_dicas_do_que_ver_e_fazer\" >Cortina d&#8217;Ampezzo, na It\u00e1lia: 15 dicas do que ver e fazer<\/a><ul class='ez-toc-list-level-3' ><li class='ez-toc-heading-level-3'><a class=\"ez-toc-link ez-toc-heading-8\" href=\"https:\/\/loudavymkrokem.cz\/pt-br\/cortina-dampezzo-italia-dicas\/#1_Caminhe_pela_Corso_Italia_e_admire_a_Basilica\" >1. Caminhe pela Corso Italia e admire a Bas\u00edlica<\/a><\/li><li class='ez-toc-page-1 ez-toc-heading-level-3'><a class=\"ez-toc-link ez-toc-heading-9\" href=\"https:\/\/loudavymkrokem.cz\/pt-br\/cortina-dampezzo-italia-dicas\/#2_Conheca_a_historia_no_Olympic_Ice_Stadium\" >2. Conhe\u00e7a a hist\u00f3ria no Olympic Ice Stadium<\/a><\/li><li class='ez-toc-page-1 ez-toc-heading-level-3'><a class=\"ez-toc-link ez-toc-heading-10\" href=\"https:\/\/loudavymkrokem.cz\/pt-br\/cortina-dampezzo-italia-dicas\/#3_Suba_de_teleferico_Freccia_nel_Cielo_ate_o_Tofana\" >3. Suba de telef\u00e9rico Freccia nel Cielo at\u00e9 o Tofana<\/a><\/li><li class='ez-toc-page-1 ez-toc-heading-level-3'><a class=\"ez-toc-link ez-toc-heading-11\" href=\"https:\/\/loudavymkrokem.cz\/pt-br\/cortina-dampezzo-italia-dicas\/#4_Curta_o_por_do_sol_do_teleferico_no_Faloria\" >4. Curta o p\u00f4r do sol do telef\u00e9rico no Faloria<\/a><\/li><li class='ez-toc-page-1 ez-toc-heading-level-3'><a class=\"ez-toc-link ez-toc-heading-12\" href=\"https:\/\/loudavymkrokem.cz\/pt-br\/cortina-dampezzo-italia-dicas\/#5_Explore_a_historia_no_museu_a_ceu_aberto_de_Cinque_Torri\" >5. Explore a hist\u00f3ria no museu a c\u00e9u aberto de Cinque Torri<\/a><\/li><li class='ez-toc-page-1 ez-toc-heading-level-3'><a class=\"ez-toc-link ez-toc-heading-13\" href=\"https:\/\/loudavymkrokem.cz\/pt-br\/cortina-dampezzo-italia-dicas\/#6_Percorra_os_tuneis_de_guerra_no_Lagazuoi\" >6. Percorra os t\u00faneis de guerra no Lagazuoi<\/a><\/li><li class='ez-toc-page-1 ez-toc-heading-level-3'><a class=\"ez-toc-link ez-toc-heading-14\" href=\"https:\/\/loudavymkrokem.cz\/pt-br\/cortina-dampezzo-italia-dicas\/#7_Descubra_o_turquesa_Lago_di_Sorapis_e_um_aviso_para_quem_tem_cachorro\" >7. Descubra o turquesa Lago di Sorapis (e um aviso para quem tem cachorro!)<\/a><\/li><li class='ez-toc-page-1 ez-toc-heading-level-3'><a class=\"ez-toc-link ez-toc-heading-15\" href=\"https:\/\/loudavymkrokem.cz\/pt-br\/cortina-dampezzo-italia-dicas\/#8_Va_ate_as_iconicas_Tre_Cime_di_Lavaredo\" >8. V\u00e1 at\u00e9 as ic\u00f4nicas Tre Cime di Lavaredo<\/a><\/li><li class='ez-toc-page-1 ez-toc-heading-level-3'><a class=\"ez-toc-link ez-toc-heading-16\" href=\"https:\/\/loudavymkrokem.cz\/pt-br\/cortina-dampezzo-italia-dicas\/#9_Descanse_no_Lago_di_Misurina_e_suba_ao_Cadini_di_Misurina\" >9. Descanse no Lago di Misurina e suba ao Cadini di Misurina<\/a><\/li><li class='ez-toc-page-1 ez-toc-heading-level-3'><a class=\"ez-toc-link ez-toc-heading-17\" href=\"https:\/\/loudavymkrokem.cz\/pt-br\/cortina-dampezzo-italia-dicas\/#10_Descubra_a_magia_do_outono_em_Croda_da_Lago_e_Lago_Federa\" >10. Descubra a magia do outono em Croda da Lago e Lago Federa<\/a><\/li><li class='ez-toc-page-1 ez-toc-heading-level-3'><a class=\"ez-toc-link ez-toc-heading-18\" href=\"https:\/\/loudavymkrokem.cz\/pt-br\/cortina-dampezzo-italia-dicas\/#11_Fuja_das_multidoes_no_vale_Valle_di_Ra_Stua\" >11. Fuja das multid\u00f5es no vale Valle di Ra Stua<\/a><\/li><li class='ez-toc-page-1 ez-toc-heading-level-3'><a class=\"ez-toc-link ez-toc-heading-19\" href=\"https:\/\/loudavymkrokem.cz\/pt-br\/cortina-dampezzo-italia-dicas\/#12_Atravesse_o_lendario_Passo_Giau\" >12. Atravesse o lend\u00e1rio Passo Giau<\/a><\/li><li class='ez-toc-page-1 ez-toc-heading-level-3'><a class=\"ez-toc-link ez-toc-heading-20\" href=\"https:\/\/loudavymkrokem.cz\/pt-br\/cortina-dampezzo-italia-dicas\/#13_Sinta_a_atmosfera_do_Snow_Festival_e_dos_eventos_de_inverno\" >13. Sinta a atmosfera do Snow Festival e dos eventos de inverno<\/a><\/li><li class='ez-toc-page-1 ez-toc-heading-level-3'><a class=\"ez-toc-link ez-toc-heading-21\" href=\"https:\/\/loudavymkrokem.cz\/pt-br\/cortina-dampezzo-italia-dicas\/#14_Corra_ou_caminhe_pela_antiga_ferrovia_Cortina_Trail\" >14. Corra ou caminhe pela antiga ferrovia (Cortina Trail)<\/a><\/li><li class='ez-toc-page-1 ez-toc-heading-level-3'><a class=\"ez-toc-link ez-toc-heading-22\" href=\"https:\/\/loudavymkrokem.cz\/pt-br\/cortina-dampezzo-italia-dicas\/#15_Faca_um_passeio_ao_iconico_Lago_di_Braies\" >15. Fa\u00e7a um passeio ao ic\u00f4nico Lago di Braies<\/a><\/li><\/ul><\/li><li class='ez-toc-page-1 ez-toc-heading-level-2'><a class=\"ez-toc-link ez-toc-heading-23\" href=\"https:\/\/loudavymkrokem.cz\/pt-br\/cortina-dampezzo-italia-dicas\/#Cortina_dAmpezzo_com_criancas_e_carrinho\" >Cortina d&#8217;Ampezzo com crian\u00e7as e carrinho<\/a><\/li><li class='ez-toc-page-1 ez-toc-heading-level-2'><a class=\"ez-toc-link ez-toc-heading-24\" href=\"https:\/\/loudavymkrokem.cz\/pt-br\/cortina-dampezzo-italia-dicas\/#Inverno_x_verao_esqui_e_Dolomiti_Superski\" >Inverno x ver\u00e3o: esqui e Dolomiti Superski<\/a><\/li><li class='ez-toc-page-1 ez-toc-heading-level-2'><a class=\"ez-toc-link ez-toc-heading-25\" href=\"https:\/\/loudavymkrokem.cz\/pt-br\/cortina-dampezzo-italia-dicas\/#O_que_provar_e_onde_comer\" >O que provar e onde comer<\/a><ul class='ez-toc-list-level-3' ><li class='ez-toc-heading-level-3'><a class=\"ez-toc-link ez-toc-heading-26\" href=\"https:\/\/loudavymkrokem.cz\/pt-br\/cortina-dampezzo-italia-dicas\/#Nossos_restaurantes_e_refugios_de_montanha_favoritos\" >Nossos restaurantes e ref\u00fagios de montanha favoritos<\/a><\/li><\/ul><\/li><li class='ez-toc-page-1 ez-toc-heading-level-2'><a class=\"ez-toc-link ez-toc-heading-27\" href=\"https:\/\/loudavymkrokem.cz\/pt-br\/cortina-dampezzo-italia-dicas\/#O_que_trazer_de_Cortina_compras\" >O que trazer de Cortina (compras)<\/a><\/li><li class='ez-toc-page-1 ez-toc-heading-level-2'><a class=\"ez-toc-link ez-toc-heading-28\" href=\"https:\/\/loudavymkrokem.cz\/pt-br\/cortina-dampezzo-italia-dicas\/#Dicas_praticas_para_finalizar\" >Dicas pr\u00e1ticas para finalizar<\/a><ul class='ez-toc-list-level-3' ><li class='ez-toc-heading-level-3'><a class=\"ez-toc-link ez-toc-heading-29\" href=\"https:\/\/loudavymkrokem.cz\/pt-br\/cortina-dampezzo-italia-dicas\/#Onde_achar_passagens_aereas\" >Onde achar passagens a\u00e9reas<\/a><\/li><li class='ez-toc-page-1 ez-toc-heading-level-3'><a class=\"ez-toc-link ez-toc-heading-30\" href=\"https:\/\/loudavymkrokem.cz\/pt-br\/cortina-dampezzo-italia-dicas\/#Aluguel_de_carro\" >Aluguel de carro<\/a><\/li><li class='ez-toc-page-1 ez-toc-heading-level-3'><a class=\"ez-toc-link ez-toc-heading-31\" href=\"https:\/\/loudavymkrokem.cz\/pt-br\/cortina-dampezzo-italia-dicas\/#Nao_esqueca_do_seguro\" >N\u00e3o esque\u00e7a do seguro<\/a><\/li><li class='ez-toc-page-1 ez-toc-heading-level-3'><a class=\"ez-toc-link ez-toc-heading-32\" href=\"https:\/\/loudavymkrokem.cz\/pt-br\/cortina-dampezzo-italia-dicas\/#Internet_no_celular\" >Internet no celular<\/a><\/li><\/ul><\/li><li class='ez-toc-page-1 ez-toc-heading-level-2'><a class=\"ez-toc-link ez-toc-heading-33\" href=\"https:\/\/loudavymkrokem.cz\/pt-br\/cortina-dampezzo-italia-dicas\/#Perguntas_frequentes_FAQ\" >Perguntas frequentes (FAQ)<\/a><ul class='ez-toc-list-level-3' ><li class='ez-toc-heading-level-3'><a class=\"ez-toc-link ez-toc-heading-34\" href=\"https:\/\/loudavymkrokem.cz\/pt-br\/cortina-dampezzo-italia-dicas\/#1_O_que_fazer_em_Cortina\" >1. O que fazer em Cortina?<\/a><\/li><li class='ez-toc-page-1 ez-toc-heading-level-3'><a class=\"ez-toc-link ez-toc-heading-35\" href=\"https:\/\/loudavymkrokem.cz\/pt-br\/cortina-dampezzo-italia-dicas\/#2_O_que_significa_Cortina_dAmpezzo\" >2. O que significa Cortina d&#8217;Ampezzo?<\/a><\/li><li class='ez-toc-page-1 ez-toc-heading-level-3'><a class=\"ez-toc-link ez-toc-heading-36\" href=\"https:\/\/loudavymkrokem.cz\/pt-br\/cortina-dampezzo-italia-dicas\/#3_O_que_fazer_em_Cortina_quando_chove\" >3. O que fazer em Cortina quando chove?<\/a><\/li><li class='ez-toc-page-1 ez-toc-heading-level-3'><a class=\"ez-toc-link ez-toc-heading-37\" href=\"https:\/\/loudavymkrokem.cz\/pt-br\/cortina-dampezzo-italia-dicas\/#4_Como_funciona_com_as_zonas_ZTL_e_estacionamento\" >4. Como funciona com as zonas ZTL e estacionamento?<\/a><\/li><li class='ez-toc-page-1 ez-toc-heading-level-3'><a class=\"ez-toc-link ez-toc-heading-38\" href=\"https:\/\/loudavymkrokem.cz\/pt-br\/cortina-dampezzo-italia-dicas\/#5_E_possivel_aproveitar_Cortina_sem_carro\" >5. \u00c9 poss\u00edvel aproveitar Cortina sem carro?<\/a><\/li><li class='ez-toc-page-1 ez-toc-heading-level-3'><a class=\"ez-toc-link ez-toc-heading-39\" href=\"https:\/\/loudavymkrokem.cz\/pt-br\/cortina-dampezzo-italia-dicas\/#6_Quantos_dias_preciso_para_visitar_Cortina\" >6. Quantos dias preciso para visitar Cortina?<\/a><\/li><li class='ez-toc-page-1 ez-toc-heading-level-3'><a class=\"ez-toc-link ez-toc-heading-40\" href=\"https:\/\/loudavymkrokem.cz\/pt-br\/cortina-dampezzo-italia-dicas\/#7_As_Olimpiadas_de_Inverno_de_2026_vao_afetar_o_turismo_em_Cortina\" >7. As Olimp\u00edadas de Inverno de 2026 v\u00e3o afetar o turismo em Cortina?<\/a><\/li><\/ul><\/li><\/ul><\/nav><\/div>\n<h2 class=\"wp-block-heading\"><span class=\"ez-toc-section\" id=\"Resumo\"><\/span>Resumo<span class=\"ez-toc-section-end\"><\/span><\/h2>\n\n\n\n<p class=\"wp-block-paragraph\">Eu entendo, \u00e0s vezes voc\u00ea s\u00f3 precisa de um resum\u00e3o do essencial, porque est\u00e1 fazendo as malas e as crian\u00e7as correndo em volta. Cortina d&#8217;Ampezzo \u00e9 o ponto de partida ideal para descobrir os lugares mais lindos, como Tre Cime, Lago di Sorapis ou Cinque Torri, e, se voc\u00ea escolher a hospedagem certa, economiza horas de deslocamento \u00e0 toa.<\/p>\n\n\n\n<p class=\"wp-block-paragraph\">A melhor \u00e9poca para caminhadas de ver\u00e3o \u00e9 de 20 de junho a 20 de setembro, mas fuja completamente de agosto, especialmente na \u00e9poca do feriado do Ferragosto, quando fica lotado e os pre\u00e7os v\u00e3o \u00e0s alturas. Al\u00e9m disso, prepare-se: Cortina vai sediar as Olimp\u00edadas de Inverno de 2026, ent\u00e3o, j\u00e1 a partir do outono de 2025, espere pre\u00e7os de hospedagem bem mais altos e obras em cada esquina. E, se voc\u00ea viaja com crian\u00e7as, foque nos telef\u00e9ricos como o Tofana ou o Faloria, que te levam a vistas de tirar o f\u00f4lego sem nenhum esfor\u00e7o.<\/p>\n\n\n\n<h2 class=\"wp-block-heading\"><span class=\"ez-toc-section\" id=\"Orgulho_olimpico_e_tranquilidade_italiana_um_pouco_de_contexto\"><\/span>Orgulho ol\u00edmpico e tranquilidade italiana (um pouco de contexto)<span class=\"ez-toc-section-end\"><\/span><\/h2>\n\n\n\n<p class=\"wp-block-paragraph\">Cortina d&#8217;Ampezzo n\u00e3o \u00e9 uma cidadezinha de montanha qualquer. Antes de partirmos para as dicas concretas do que fazer, vale entender onde voc\u00ea realmente est\u00e1. Enquanto a maior parte das Dolomitas do norte, na regi\u00e3o do Alto \u00c1dige (Tirol do Sul), tem forte influ\u00eancia austr\u00edaca (voc\u00ea ouve alem\u00e3o por toda parte e come strudel), Cortina fica na regi\u00e3o do V\u00eaneto. Isso significa uma coisa s\u00f3: aqui voc\u00ea sente o charme genuinamente italiano, a arquitetura italiana e, principalmente, a verdadeira cozinha italiana. \u263a\ufe0f<\/p>\n\n\n\n<p class=\"wp-block-paragraph\">A cidade ficou famosa j\u00e1 em 1956, quando sediou os Jogos Ol\u00edmpicos de Inverno. Isso a colocou no mapa dos destinos de luxo mundiais e a transformou num ref\u00fagio favorito de celebridades do mundo todo. Ainda hoje, na Corso Italia voc\u00ea cruza com senhoras de casacos de pele caros indo comprar uma bolsa na Prada e, logo ao lado, turistas de botas empoeiradas que acabaram de descer de uma via ferrata. E \u00e9 exatamente essa combina\u00e7\u00e3o incr\u00edvel que faz de Cortina um lugar m\u00e1gico. Agora a cidade inteira literalmente pulsa com os preparativos para 2026, quando a chama ol\u00edmpica voltar\u00e1 para c\u00e1 com grande pompa, depois de setenta anos.<\/p>\n\n\n\n<h2 class=\"wp-block-heading\"><span class=\"ez-toc-section\" id=\"Quando_ir_para_Cortina_e_como_e_o_clima\"><\/span>Quando ir para Cortina e como \u00e9 o clima<span class=\"ez-toc-section-end\"><\/span><\/h2>\n\n\n\n<p class=\"wp-block-paragraph\">Planejar a data \u00e9 absolutamente fundamental para visitar as Dolomitas e \u00e0s vezes \u00e9 uma pequena alquimia. Vou te dizer qual \u00e9 o melhor momento para pegar um clima bacana e fugir das multid\u00f5es que, de outra forma, acabariam com o seu bom humor. Por experi\u00eancia pr\u00f3pria, sabemos que uma data mal escolhida transforma a id\u00edlica montanha num estresse e tanto.<\/p>\n\n\n\n<p class=\"wp-block-paragraph\">A temporada de ver\u00e3o, quando todos os ref\u00fagios de montanha (os <em>rifugi<\/em>) e telef\u00e9ricos est\u00e3o abertos, vai mais ou menos de 20 de junho a 20 de setembro. Essa \u00e9, na nossa opini\u00e3o, a janela de ouro na qual vale a pena apostar. Em junho voc\u00ea ainda pode encontrar neve nas altitudes mais elevadas, mas a natureza desperta lindamente e tudo fica maravilhosamente fresco. Se voc\u00ea est\u00e1 planejando a viagem, confira antes a previs\u00e3o do tempo, porque o clima de montanha \u00e9 imprevis\u00edvel e as tempestades de fim de tarde s\u00e3o rotina em julho e agosto. Voc\u00ea realmente n\u00e3o quer estar no meio dos raios l\u00e1 em cima \u2014 a gente j\u00e1 fugiu de um deles uma vez, e o Luk\u00e1\u0161 xingava tanto que dava para ouvir l\u00e1 embaixo no vale.<\/p>\n\n\n\n<p class=\"wp-block-paragraph\">E agora um grande e sincero aviso, tirado da nossa pr\u00f3pria experi\u00eancia. Se der o menor jeito, fuja de agosto. Os italianos t\u00eam em meados de agosto o feriado nacional do Ferragosto (tipicamente por volta do dia 15) e praticamente a It\u00e1lia inteira se muda para as montanhas. \u00c9 um caos absoluto. Congestionamentos nos passos de montanha, horas de espera para estacionar perto das Tre Cime e trilhas percorridas praticamente em fila indiana. Em 2026, o ano ol\u00edmpico, essa loucura de agosto provavelmente ser\u00e1 ainda pior, porque a cidade vai atrair aten\u00e7\u00e3o extra.<\/p>\n\n\n\n<p class=\"wp-block-paragraph\">J\u00e1 a temporada de inverno vai de 1\u00ba de dezembro ao in\u00edcio de abril. Se voc\u00ea vem para c\u00e1 esquiar ou s\u00f3 admirar a paisagem de inverno com uma caneca de vinho quente na m\u00e3o, saiba que, por causa do efeito ol\u00edmpico, os pre\u00e7os de hospedagem e servi\u00e7os v\u00e3o subir como um foguete j\u00e1 a partir do outono de 2025. Reservar com anteced\u00eancia ser\u00e1 absolutamente indispens\u00e1vel, sen\u00e3o voc\u00ea vai acabar dormindo a uma hora de carro do centro.<\/p>\n\n\n\n<h2 class=\"wp-block-heading\"><span class=\"ez-toc-section\" id=\"Como_chegar_a_Cortina_dAmpezzo\"><\/span>Como chegar a Cortina d&#8217;Ampezzo<span class=\"ez-toc-section-end\"><\/span><\/h2>\n\n\n\n<p class=\"wp-block-paragraph\">Vindo do Brasil, o caminho mais l\u00f3gico \u00e9 voar at\u00e9 Veneza \u2014 o aeroporto grande mais pr\u00f3ximo \u2014 com companhias como LATAM, TAP ou GOL a partir de S\u00e3o Paulo, geralmente com uma conex\u00e3o na Europa. De Veneza, Cortina fica a pouco menos de duas horas de carro, o que talvez seja mais um motivo pelo qual a gente volta sempre com tanto gosto, e que n\u00e3o nos assusta nem mesmo com um pequeno passageiro na cadeirinha. De carro alugado d\u00e1 para chegar tranquilo, dependendo do tr\u00e2nsito e de quantas vezes voc\u00ea precisar parar para amamentar ou passear com o cachorro.<\/p>\n\n\n\n<p class=\"wp-block-paragraph\">Se voc\u00ea fizer parte do trajeto por outros pa\u00edses europeus de carro, n\u00e3o esque\u00e7a do selo\/vinheta de ped\u00e1gio das rodovias europeias e separe dinheiro para atravessar passos como o Passo Brenner. Assim que descer para a It\u00e1lia, voc\u00ea vai rodar um trecho na autoestrada italiana, onde se paga ped\u00e1gio nas cabines. No caminho voc\u00ea certamente vai parar em algum posto, mas preciso te avisar sobre a famosa rede italiana Autogrill. Por mais que pare\u00e7a tentador e o caf\u00e9 seja \u00f3timo, os sandu\u00edches e baguetes deles s\u00e3o uma verdadeira armadilha para turistas e voc\u00ea deixa uma fortuna l\u00e1. Melhor levar um bom lanche de casa. \ud83d\ude01<\/p>\n\n\n\n<h3 class=\"wp-block-heading\"><span class=\"ez-toc-section\" id=\"Cuidado_com_as_zonas_ZTL_e_os_bloqueios_em_2026\"><\/span>Cuidado com as zonas ZTL e os bloqueios em 2026<span class=\"ez-toc-section-end\"><\/span><\/h3>\n\n\n\n<p class=\"wp-block-paragraph\">Assim que chegar a Cortina, tome muito cuidado com as chamadas ZTL (Zona Traffico Limitato). S\u00e3o zonas de tr\u00e2nsito restrito bem no centro hist\u00f3rico. A gente j\u00e1 se queimou algumas vezes na It\u00e1lia: a entrada \u00e9 fiscalizada por c\u00e2meras e a multa pode chegar at\u00e9 para o Brasil facilmente um ano e meio depois, justamente quando voc\u00ea j\u00e1 esqueceu completamente e achava que tinha escapado.<\/p>\n\n\n\n<p class=\"wp-block-paragraph\">Em resumo, n\u00e3o entre no centro de carro a menos que tenha estacionamento confirmado pelo seu hotel, que informar\u00e1 a placa \u00e0s autoridades. Melhor deixar o carro nos estacionamentos de apoio na parte de baixo e fazer o resto a p\u00e9 \u2014 voc\u00ea economiza um monte de estresse e dinheiro, que depois pode gastar num aperol ou num \u00f3timo jantar.<\/p>\n\n\n\n<p class=\"wp-block-paragraph\">Outra informa\u00e7\u00e3o importante para quem planeja viajar em 2026 ou depois: por causa da prote\u00e7\u00e3o da natureza e do enorme aumento do tr\u00e2nsito, est\u00e3o previstas restri\u00e7\u00f5es significativas nos passos de montanha. Especificamente, o Passo Gardena deve ter, a partir de setembro de 2026, um sistema de reserva e passagem paga para limitar o n\u00famero de carros, ent\u00e3o confira isso com bastante cuidado antes de sair.<\/p>\n\n\n\n<figure data-wp-context=\"{&quot;imageId&quot;:&quot;6a9d80281580e&quot;}\" data-wp-interactive=\"core\/image\" data-wp-key=\"6a9d80281580e\" class=\"wp-block-image size-full wp-lightbox-container\"><img decoding=\"async\" width=\"904\" height=\"602\" data-wp-class--hide=\"state.isContentHidden\" data-wp-class--show=\"state.isContentVisible\" data-wp-init=\"callbacks.setButtonStyles\" data-wp-on--click=\"actions.showLightbox\" data-wp-on--load=\"callbacks.setButtonStyles\" data-wp-on--pointerdown=\"actions.preloadImage\" data-wp-on--pointerenter=\"actions.preloadImageWithDelay\" data-wp-on--pointerleave=\"actions.cancelPreload\" data-wp-on-window--resize=\"callbacks.setButtonStyles\" src=\"https:\/\/loudavymkrokem.cz\/wp-content\/uploads\/2025\/07\/dolomity-clanek.jpg\" alt=\"Paisagem das Dolomitas perto de Cortina d&#039;Ampezzo\" class=\"wp-image-98795\" title=\"\" srcset=\"https:\/\/loudavymkrokem.cz\/wp-content\/uploads\/2025\/07\/dolomity-clanek.jpg 904w, https:\/\/loudavymkrokem.cz\/wp-content\/uploads\/2025\/07\/dolomity-clanek-300x200.jpg 300w, https:\/\/loudavymkrokem.cz\/wp-content\/uploads\/2025\/07\/dolomity-clanek-700x466.jpg 700w, https:\/\/loudavymkrokem.cz\/wp-content\/uploads\/2025\/07\/dolomity-clanek-768x511.jpg 768w, https:\/\/loudavymkrokem.cz\/wp-content\/uploads\/2025\/07\/dolomity-clanek-696x463.jpg 696w\" sizes=\"(max-width: 904px) 100vw, 904px\" \/><button\n\t\t\tclass=\"lightbox-trigger\"\n\t\t\ttype=\"button\"\n\t\t\taria-haspopup=\"dialog\"\n\t\t\tdata-wp-bind--aria-label=\"state.thisImage.triggerButtonAriaLabel\"\n\t\t\tdata-wp-init=\"callbacks.initTriggerButton\"\n\t\t\tdata-wp-on--click=\"actions.showLightbox\"\n\t\t\tdata-wp-style--right=\"state.thisImage.buttonRight\"\n\t\t\tdata-wp-style--top=\"state.thisImage.buttonTop\"\n\t\t>\n\t\t\t<svg xmlns=\"http:\/\/www.w3.org\/2000\/svg\" width=\"12\" height=\"12\" fill=\"none\" viewBox=\"0 0 12 12\">\n\t\t\t\t<path fill=\"#fff\" d=\"M2 0a2 2 0 0 0-2 2v2h1.5V2a.5.5 0 0 1 .5-.5h2V0H2Zm2 10.5H2a.5.5 0 0 1-.5-.5V8H0v2a2 2 0 0 0 2 2h2v-1.5ZM8 12v-1.5h2a.5.5 0 0 0 .5-.5V8H12v2a2 2 0 0 1-2 2H8Zm2-12a2 2 0 0 1 2 2v2h-1.5V2a.5.5 0 0 0-.5-.5H8V0h2Z\" \/>\n\t\t\t<\/svg>\n\t\t<\/button><\/figure>\n\n\n\n<h2 class=\"wp-block-heading\"><span class=\"ez-toc-section\" id=\"Onde_ficar_quanto_custa\"><\/span>Onde ficar + quanto custa<span class=\"ez-toc-section-end\"><\/span><\/h2>\n\n\n\n<p class=\"wp-block-paragraph\">Encontrar uma boa hospedagem com pre\u00e7o acess\u00edvel em Cortina \u00e9, \u00e0s vezes, uma pequena prova de vestibular, na qual voc\u00ea passa noites inteiras debru\u00e7ado sobre mapas e sites de reserva. A cidade tem fama de destino de luxo e voc\u00ea encontra hot\u00e9is onde a di\u00e1ria passa f\u00e1cil de 400 EUR, o que para o comum dos mortais \u00e9 simplesmente um absurdo. Por outro lado, se voc\u00ea pesquisar com cuidado e planejar com anteced\u00eancia, d\u00e1 para achar joias que n\u00e3o v\u00e3o arruinar sua carteira. Ao longo dos anos, testamos de tudo, de campings a 35 EUR a noite at\u00e9 hot\u00e9is lindos, quando agora precisamos de conforto para o pequeno Jon\u00e1\u0161.<\/p>\n\n\n\n<p class=\"wp-block-paragraph\">Aqui v\u00e3o as nossas dicas testadas de onde descansar a cabe\u00e7a sem preocupa\u00e7\u00e3o. N\u00f3s preferimos procurar hospedagem no <a class=\"thirstylink\" rel=\"nofollow\" target=\"_blank\" title=\"Booking.com\" href=\"https:\/\/loudavymkrokem.cz\/doporucujeme\/booking-com\/\" data-shortcode=\"true\">Booking.com<\/a>:<\/p>\n\n\n\n<p class=\"wp-block-paragraph\">1.  <strong>Nossa escolha TOP: <a href=\"https:\/\/www.stay22.com\/allez\/roam?aid=lukaskonecny&amp;campaign=loudavymkrokemcz&amp;campaign=cortinadampezzoitalie&amp;hotelname=B%26B%20Hotel%20Passo%20Tre%20Croci&amp;address=Cortina%20d%27Ampezzo%2C%20Italy\" target=\"_blank\" rel=\"noopener nofollow sponsored\">B&amp;B Hotel Passo Tre Croci Cortina<\/a>.<\/strong> A gente se apaixonou por essa hospedagem. Fica um pouco fora da pr\u00f3pria Cortina, num passo de montanha, mas isso tem uma vantagem enorme. Voc\u00ea fica completamente longe da agita\u00e7\u00e3o da cidade, t\u00eam caf\u00e9s da manh\u00e3 absolutamente fant\u00e1sticos (o que na It\u00e1lia nem sempre \u00e9 comum) e, o principal: o hotel fica a poucos passos do in\u00edcio da trilha para o famoso Lago di Sorapis! Se voc\u00ea tem cachorro, aceitam por uma pequena taxa. Em termos de pre\u00e7o, \u00e9 uma categoria intermedi\u00e1ria bem acess\u00edvel, ent\u00e3o ainda sobra para um bom jantar. 2.  <strong><a href=\"https:\/\/www.stay22.com\/allez\/roam?aid=lukaskonecny&amp;campaign=loudavymkrokemcz&amp;campaign=cortinadampezzoitalie&amp;hotelname=Dolomiti%20Sweet%20Lodge&amp;address=Cortina%20d%27Ampezzo%2C%20Italy\" target=\"_blank\" rel=\"noopener nofollow sponsored\">Pension Dolomiti Sweet Lodge<\/a>.<\/strong> Se voc\u00ea prefere cozinhar por conta pr\u00f3pria e quer mais espa\u00e7o, esse \u00e9 um dos complexos de apartamentos mais bem avaliados bem no centro de Cortina. \u00d3tima localiza\u00e7\u00e3o, super limpo e um lindo interior de madeira que respira aquela verdadeira tranquilidade alpina, onde voc\u00ea se sente em casa depois de um dia inteiro de passeio. 3.  <strong><a href=\"https:\/\/www.stay22.com\/allez\/roam?aid=lukaskonecny&amp;campaign=loudavymkrokemcz&amp;campaign=cortinadampezzoitalie&amp;hotelname=Hotel%20Villa%20Gaia&amp;address=Cortina%20d%27Ampezzo%2C%20Italy\" target=\"_blank\" rel=\"noopener nofollow sponsored\">Hotel Villa Gaia<\/a>.<\/strong> Um hotelzinho tradicional e familiar, com avalia\u00e7\u00e3o muito boa. N\u00e3o \u00e9 um luxo super moderno onde te abrem a porta de luvas brancas, mas tem um charme enorme, uma equipe incrivelmente simp\u00e1tica e voc\u00ea consegue ir a p\u00e9 dele at\u00e9 o centro para jantar, o que voc\u00ea vai valorizar principalmente quando quiser acompanhar a refei\u00e7\u00e3o com uma garrafa de bom vinho e n\u00e3o dirigir. 4.  <strong><a href=\"https:\/\/www.stay22.com\/allez\/roam?aid=lukaskonecny&amp;campaign=loudavymkrokemcz&amp;campaign=cortinadampezzoitalie&amp;hotelname=HOTEL%20de%20LEN&amp;address=Cortina%20d%27Ampezzo%2C%20Italy\" target=\"_blank\" rel=\"noopener nofollow sponsored\">HOTEL de LEN<\/a>.<\/strong> Procura romantismo, quer comemorar um anivers\u00e1rio ou simplesmente se dar um luxo absoluto depois de uma trilha puxada? Este hotel \u00e9 uma joia de design com um spa absolutamente incr\u00edvel, onde cuidam de voc\u00ea como se fosse da realeza. Mas os pre\u00e7os aqui, na alta temporada, sobem de 300 EUR a di\u00e1ria, ent\u00e3o precisa de um bolso um pouco mais fundo.<\/p>\n\n\n\n<p class=\"wp-block-paragraph\">\ud83d\udca1 <strong>Dica para economizar:<\/strong> Na alta temporada, os pre\u00e7os na pr\u00f3pria Cortina s\u00e3o exorbitantes. Voc\u00ea dorme bem mais barato nas vilas vizinhas \u2014 a 10 minutos de carro ao sul fica <strong><a href=\"https:\/\/www.stay22.com\/allez\/roam?aid=lukaskonecny&amp;campaign=loudavymkrokemcz&amp;campaign=cortinadampezzoitalie&amp;address=San%20Vito%20di%20Cadore%2C%20Italy\" target=\"_blank\" rel=\"noopener nofollow sponsored\">San Vito di Cadore<\/a><\/strong>, com vista para o Antelao, e ao norte fica <strong><a href=\"https:\/\/www.stay22.com\/allez\/roam?aid=lukaskonecny&amp;campaign=loudavymkrokemcz&amp;campaign=cortinadampezzoitalie&amp;address=Dobbiaco%2C%20Italy\" target=\"_blank\" rel=\"noopener nofollow sponsored\">Dobbiaco (Toblach)<\/a><\/strong>, de onde voc\u00ea fica pertinho das Tre Cime e do Lago di Braies. E, se voc\u00ea viaja de motorhome ou barraca, um pouco ao norte da cidade, em Fiames, funciona o ano todo o <strong><a href=\"https:\/\/www.stay22.com\/allez\/roam?aid=lukaskonecny&amp;campaign=loudavymkrokemcz&amp;campaign=cortinadampezzoitalie&amp;hotelname=Camping%20Olympia&amp;address=Cortina%20d%27Ampezzo%2C%20Italy\" target=\"_blank\" rel=\"noopener nofollow sponsored\">Camping Olympia<\/a><\/strong>.<\/p>\n\n\n\n<p class=\"wp-block-paragraph\">E o or\u00e7amento? Se voc\u00ea for na alta temporada de ver\u00e3o, conte com pelo menos 150 a 250 EUR a di\u00e1ria para dois em hot\u00e9is de categoria intermedi\u00e1ria. Os campings da regi\u00e3o saem por cerca de 25 a 45 EUR, dependendo se voc\u00ea tem uma barraca pequena ou um trailer enorme. E lembre da minha dica: a partir do outono de 2025, com as Olimp\u00edadas se aproximando, esperamos que todos esses pre\u00e7os subam no m\u00ednimo vinte por cento.<\/p>\n\n\n\n<h2 class=\"wp-block-heading\"><span class=\"ez-toc-section\" id=\"Cortina_dAmpezzo_na_Italia_15_dicas_do_que_ver_e_fazer\"><\/span>Cortina d&#8217;Ampezzo, na It\u00e1lia: 15 dicas do que ver e fazer<span class=\"ez-toc-section-end\"><\/span><\/h2>\n\n\n\n<p class=\"wp-block-paragraph\">Vamos ver juntos o melhor que Cortina e seus arredores imediatos oferecem. A maioria dessas dicas exige pelo menos um pequeno deslocamento de carro ou \u00f4nibus a partir do centro, mas selecionei para voc\u00ea tanto os desafios de montanha mais puxados, dos quais suas pernas v\u00e3o doer por tr\u00eas dias, quanto lugares aonde voc\u00ea chega tranquilo de telef\u00e9rico, at\u00e9 mesmo de sapato social.<\/p>\n\n\n\n<!-- LKM_GYG_CARD start q=\"cortina d'ampezzo\" lang=\"pt-br\" --><!-- LKM_GYG_CARD end -->\n\n\n\n<h3 class=\"wp-block-heading\"><span class=\"ez-toc-section\" id=\"1_Caminhe_pela_Corso_Italia_e_admire_a_Basilica\"><\/span>1. Caminhe pela Corso Italia e admire a Bas\u00edlica<span class=\"ez-toc-section-end\"><\/span><\/h3>\n\n\n\n<p class=\"wp-block-paragraph\">Toda visita a Cortina deveria come\u00e7ar ou terminar, depois de um jantar refor\u00e7ado, com uma caminhada pela principal via de pedestres, a Corso Italia. \u00c9 a art\u00e9ria de toda a cidadezinha, onde se misturam o aroma incr\u00edvel de um bom espresso, as boutiques de luxo de marcas mundiais e lojinhas discretas de queijos locais. Especialmente \u00e0 noite, quando os postes se acendem e das montanhas ao redor vem aquele ar frio na medida, essa rua tem uma atmosfera rom\u00e2ntica \u00fanica, pela qual voc\u00ea vai se apaixonar.<\/p>\n\n\n\n<p class=\"wp-block-paragraph\">O ponto dominante de todo o centro \u00e9 a igreja paroquial Basilica Minore dei Santi Filippo e Giacomo. Sua ic\u00f4nica torre sineira de pedra branca, com 69 metros de altura, vai te acompanhar em muitas fotos, n\u00e3o importa de que \u00e2ngulo voc\u00ea fotografe. D\u00ea uma espiada por dentro tamb\u00e9m. O Luk\u00e1\u0161 e eu passamos um bom quarto de hora l\u00e1 e quase perdi o jantar, porque n\u00e3o conseguia tirar os olhos daqueles bancos de madeira entalhados com um detalhe incr\u00edvel.<\/p>\n\n\n\n<h3 class=\"wp-block-heading\"><span class=\"ez-toc-section\" id=\"2_Conheca_a_historia_no_Olympic_Ice_Stadium\"><\/span>2. Conhe\u00e7a a hist\u00f3ria no Olympic Ice Stadium<span class=\"ez-toc-section-end\"><\/span><\/h3>\n\n\n\n<figure data-wp-context=\"{&quot;imageId&quot;:&quot;6a9d802816049&quot;}\" data-wp-interactive=\"core\/image\" data-wp-key=\"6a9d802816049\" class=\"wp-block-image size-full wp-lightbox-container\"><img decoding=\"async\" width=\"1200\" height=\"758\" data-wp-class--hide=\"state.isContentHidden\" data-wp-class--show=\"state.isContentVisible\" data-wp-init=\"callbacks.setButtonStyles\" data-wp-on--click=\"actions.showLightbox\" data-wp-on--load=\"callbacks.setButtonStyles\" data-wp-on--pointerdown=\"actions.preloadImage\" data-wp-on--pointerenter=\"actions.preloadImageWithDelay\" data-wp-on--pointerleave=\"actions.cancelPreload\" data-wp-on-window--resize=\"callbacks.setButtonStyles\" src=\"https:\/\/loudavymkrokem.cz\/wp-content\/uploads\/2026\/05\/166208-0-olympicky-ledni-stadion-v-cortine-d-ampezzo-hostitel-zoh-195.jpg\" alt=\"Estadio olimpico de gelo em Cortina d&#039;Ampezzo, sede dos Jogos de Inverno de 1956 e 2026\" class=\"wp-image-166230\" title=\"\" srcset=\"https:\/\/loudavymkrokem.cz\/wp-content\/uploads\/2026\/05\/166208-0-olympicky-ledni-stadion-v-cortine-d-ampezzo-hostitel-zoh-195.jpg 1200w, https:\/\/loudavymkrokem.cz\/wp-content\/uploads\/2026\/05\/166208-0-olympicky-ledni-stadion-v-cortine-d-ampezzo-hostitel-zoh-195-300x190.jpg 300w, https:\/\/loudavymkrokem.cz\/wp-content\/uploads\/2026\/05\/166208-0-olympicky-ledni-stadion-v-cortine-d-ampezzo-hostitel-zoh-195-700x442.jpg 700w, https:\/\/loudavymkrokem.cz\/wp-content\/uploads\/2026\/05\/166208-0-olympicky-ledni-stadion-v-cortine-d-ampezzo-hostitel-zoh-195-768x485.jpg 768w, https:\/\/loudavymkrokem.cz\/wp-content\/uploads\/2026\/05\/166208-0-olympicky-ledni-stadion-v-cortine-d-ampezzo-hostitel-zoh-195-696x440.jpg 696w\" sizes=\"(max-width: 1200px) 100vw, 1200px\" \/><button\n\t\t\tclass=\"lightbox-trigger\"\n\t\t\ttype=\"button\"\n\t\t\taria-haspopup=\"dialog\"\n\t\t\tdata-wp-bind--aria-label=\"state.thisImage.triggerButtonAriaLabel\"\n\t\t\tdata-wp-init=\"callbacks.initTriggerButton\"\n\t\t\tdata-wp-on--click=\"actions.showLightbox\"\n\t\t\tdata-wp-style--right=\"state.thisImage.buttonRight\"\n\t\t\tdata-wp-style--top=\"state.thisImage.buttonTop\"\n\t\t>\n\t\t\t<svg xmlns=\"http:\/\/www.w3.org\/2000\/svg\" width=\"12\" height=\"12\" fill=\"none\" viewBox=\"0 0 12 12\">\n\t\t\t\t<path fill=\"#fff\" d=\"M2 0a2 2 0 0 0-2 2v2h1.5V2a.5.5 0 0 1 .5-.5h2V0H2Zm2 10.5H2a.5.5 0 0 1-.5-.5V8H0v2a2 2 0 0 0 2 2h2v-1.5ZM8 12v-1.5h2a.5.5 0 0 0 .5-.5V8H12v2a2 2 0 0 1-2 2H8Zm2-12a2 2 0 0 1 2 2v2h-1.5V2a.5.5 0 0 0-.5-.5H8V0h2Z\" \/>\n\t\t\t<\/svg>\n\t\t<\/button><figcaption class=\"wp-element-caption\">Foto: Wikimedia Commons \/ CC BY-SA 3.0<\/figcaption><\/figure>\n\n\n\n<p class=\"wp-block-paragraph\">Como Cortina \u00e9 palco dos Jogos Ol\u00edmpicos de Inverno, voc\u00ea n\u00e3o pode perder o Est\u00e1dio Ol\u00edmpico de Gelo de 1956. \u00c9 uma constru\u00e7\u00e3o enorme, um pouco peculiar, que meio que respira uma atmosfera retr\u00f4 e nost\u00e1lgica do s\u00e9culo passado. Assim que voc\u00ea entra, sente aquele frio espec\u00edfico e o cheiro de gelo que te transporta na hora para a \u00e9poca das velhas transmiss\u00f5es esportivas em preto e branco.<\/p>\n\n\n\n<p class=\"wp-block-paragraph\">Al\u00e9m de dar para vir patinar aqui at\u00e9 no ver\u00e3o \u2014 o que, ali\u00e1s, \u00e9 uma \u00f3tima atividade quando est\u00e1 chovendo l\u00e1 fora e as crian\u00e7as est\u00e3o entediadas \u2014, voc\u00ea tamb\u00e9m encontra um monte de fotos hist\u00f3ricas e objetos esportivos. Para os f\u00e3s de esporte, \u00e9 imperd\u00edvel, e o Luk\u00e1\u0161 e eu passamos surpreendentemente bastante tempo aqui, embora ele estivesse basicamente tentando descobrir se n\u00e3o tinha uma lanchonete de salsichas aberta.<\/p>\n\n\n\n<h3 class=\"wp-block-heading\"><span class=\"ez-toc-section\" id=\"3_Suba_de_teleferico_Freccia_nel_Cielo_ate_o_Tofana\"><\/span>3. Suba de telef\u00e9rico Freccia nel Cielo at\u00e9 o Tofana<span class=\"ez-toc-section-end\"><\/span><\/h3>\n\n\n\n<figure data-wp-context=\"{&quot;imageId&quot;:&quot;6a9d802816544&quot;}\" data-wp-interactive=\"core\/image\" data-wp-key=\"6a9d802816544\" class=\"wp-block-image size-full wp-lightbox-container\"><img decoding=\"async\" width=\"1200\" height=\"789\" data-wp-class--hide=\"state.isContentHidden\" data-wp-class--show=\"state.isContentVisible\" data-wp-init=\"callbacks.setButtonStyles\" data-wp-on--click=\"actions.showLightbox\" data-wp-on--load=\"callbacks.setButtonStyles\" data-wp-on--pointerdown=\"actions.preloadImage\" data-wp-on--pointerenter=\"actions.preloadImageWithDelay\" data-wp-on--pointerleave=\"actions.cancelPreload\" data-wp-on-window--resize=\"callbacks.setButtonStyles\" src=\"https:\/\/loudavymkrokem.cz\/wp-content\/uploads\/2026\/05\/166208-2-lanovka-freccia-nel-cielo-na-tofanu-nad-cortinou.jpg\" alt=\"Teleferico Freccia nel Cielo ate o Tofana acima de Cortina\" class=\"wp-image-166220\" title=\"\" srcset=\"https:\/\/loudavymkrokem.cz\/wp-content\/uploads\/2026\/05\/166208-2-lanovka-freccia-nel-cielo-na-tofanu-nad-cortinou.jpg 1200w, https:\/\/loudavymkrokem.cz\/wp-content\/uploads\/2026\/05\/166208-2-lanovka-freccia-nel-cielo-na-tofanu-nad-cortinou-300x197.jpg 300w, https:\/\/loudavymkrokem.cz\/wp-content\/uploads\/2026\/05\/166208-2-lanovka-freccia-nel-cielo-na-tofanu-nad-cortinou-700x460.jpg 700w, https:\/\/loudavymkrokem.cz\/wp-content\/uploads\/2026\/05\/166208-2-lanovka-freccia-nel-cielo-na-tofanu-nad-cortinou-768x505.jpg 768w, https:\/\/loudavymkrokem.cz\/wp-content\/uploads\/2026\/05\/166208-2-lanovka-freccia-nel-cielo-na-tofanu-nad-cortinou-696x458.jpg 696w\" sizes=\"(max-width: 1200px) 100vw, 1200px\" \/><button\n\t\t\tclass=\"lightbox-trigger\"\n\t\t\ttype=\"button\"\n\t\t\taria-haspopup=\"dialog\"\n\t\t\tdata-wp-bind--aria-label=\"state.thisImage.triggerButtonAriaLabel\"\n\t\t\tdata-wp-init=\"callbacks.initTriggerButton\"\n\t\t\tdata-wp-on--click=\"actions.showLightbox\"\n\t\t\tdata-wp-style--right=\"state.thisImage.buttonRight\"\n\t\t\tdata-wp-style--top=\"state.thisImage.buttonTop\"\n\t\t>\n\t\t\t<svg xmlns=\"http:\/\/www.w3.org\/2000\/svg\" width=\"12\" height=\"12\" fill=\"none\" viewBox=\"0 0 12 12\">\n\t\t\t\t<path fill=\"#fff\" d=\"M2 0a2 2 0 0 0-2 2v2h1.5V2a.5.5 0 0 1 .5-.5h2V0H2Zm2 10.5H2a.5.5 0 0 1-.5-.5V8H0v2a2 2 0 0 0 2 2h2v-1.5ZM8 12v-1.5h2a.5.5 0 0 0 .5-.5V8H12v2a2 2 0 0 1-2 2H8Zm2-12a2 2 0 0 1 2 2v2h-1.5V2a.5.5 0 0 0-.5-.5H8V0h2Z\" \/>\n\t\t\t<\/svg>\n\t\t<\/button><figcaption class=\"wp-element-caption\">Foto: kallerna \/ CC BY-SA 4.0 \/ Wikimedia Commons<\/figcaption><\/figure>\n\n\n\n<p class=\"wp-block-paragraph\">Se voc\u00ea ama vistas, mas n\u00e3o tem vontade de subir milhares de metros de desn\u00edvel com a l\u00edngua de fora, essa dica \u00e9 exatamente para voc\u00ea. O sistema de telef\u00e9ricos te leva do centro de Cortina ao majestoso maci\u00e7o do Tofana di Mezzo, que fica a mais de 3.000 metros de altitude. \u00c9 uma das montanhas mais altas da regi\u00e3o e a vista l\u00e1 de cima \u00e9 absolutamente inacredit\u00e1vel e realmente tira o f\u00f4lego. Recomendo reservar os ingressos com anteced\u00eancia no <a href=\"https:\/\/www.freccianelcielo.com\/\" target=\"_blank\" rel=\"nofollow noopener\">site oficial do Freccia nel Cielo<\/a>.<\/p>\n\n\n\n<p class=\"wp-block-paragraph\">Com o nosso Jon\u00e1\u0161, este ano fomos com tudo para cima dos telef\u00e9ricos e o Tofana foi uma escolha perfeita. L\u00e1 em cima h\u00e1 um terra\u00e7o panor\u00e2mico aonde voc\u00ea chega sem nenhum esfor\u00e7o, toma um cappuccino caro \u2014 mas, dada a localiza\u00e7\u00e3o, absolutamente merecido \u2014 e admira a vista de toda a bacia de Ampezzo. S\u00f3 n\u00e3o esque\u00e7a de levar um bom casaco e gorro, porque l\u00e1 em cima costuma fazer um frio consider\u00e1vel mesmo em pleno agosto, o que o Luk\u00e1\u0161, claro, subestimou e depois ficou roubando o meu cachecol!<\/p>\n\n\n\n<h3 class=\"wp-block-heading\"><span class=\"ez-toc-section\" id=\"4_Curta_o_por_do_sol_do_teleferico_no_Faloria\"><\/span>4. Curta o p\u00f4r do sol do telef\u00e9rico no Faloria<span class=\"ez-toc-section-end\"><\/span><\/h3>\n\n\n\n<figure data-wp-context=\"{&quot;imageId&quot;:&quot;6a9d802816a24&quot;}\" data-wp-interactive=\"core\/image\" data-wp-key=\"6a9d802816a24\" class=\"wp-block-image size-full wp-lightbox-container\"><img decoding=\"async\" width=\"1200\" height=\"869\" data-wp-class--hide=\"state.isContentHidden\" data-wp-class--show=\"state.isContentVisible\" data-wp-init=\"callbacks.setButtonStyles\" data-wp-on--click=\"actions.showLightbox\" data-wp-on--load=\"callbacks.setButtonStyles\" data-wp-on--pointerdown=\"actions.preloadImage\" data-wp-on--pointerenter=\"actions.preloadImageWithDelay\" data-wp-on--pointerleave=\"actions.cancelPreload\" data-wp-on-window--resize=\"callbacks.setButtonStyles\" src=\"https:\/\/loudavymkrokem.cz\/wp-content\/uploads\/2026\/05\/166208-3-vyhled-z-falorie-na-cortinu-d-ampezzo.jpg\" alt=\"Vista do Faloria sobre Cortina d&#039;Ampezzo\" class=\"wp-image-166221\" title=\"\" srcset=\"https:\/\/loudavymkrokem.cz\/wp-content\/uploads\/2026\/05\/166208-3-vyhled-z-falorie-na-cortinu-d-ampezzo.jpg 1200w, https:\/\/loudavymkrokem.cz\/wp-content\/uploads\/2026\/05\/166208-3-vyhled-z-falorie-na-cortinu-d-ampezzo-300x217.jpg 300w, https:\/\/loudavymkrokem.cz\/wp-content\/uploads\/2026\/05\/166208-3-vyhled-z-falorie-na-cortinu-d-ampezzo-700x507.jpg 700w, https:\/\/loudavymkrokem.cz\/wp-content\/uploads\/2026\/05\/166208-3-vyhled-z-falorie-na-cortinu-d-ampezzo-768x556.jpg 768w, https:\/\/loudavymkrokem.cz\/wp-content\/uploads\/2026\/05\/166208-3-vyhled-z-falorie-na-cortinu-d-ampezzo-696x504.jpg 696w\" sizes=\"(max-width: 1200px) 100vw, 1200px\" \/><button\n\t\t\tclass=\"lightbox-trigger\"\n\t\t\ttype=\"button\"\n\t\t\taria-haspopup=\"dialog\"\n\t\t\tdata-wp-bind--aria-label=\"state.thisImage.triggerButtonAriaLabel\"\n\t\t\tdata-wp-init=\"callbacks.initTriggerButton\"\n\t\t\tdata-wp-on--click=\"actions.showLightbox\"\n\t\t\tdata-wp-style--right=\"state.thisImage.buttonRight\"\n\t\t\tdata-wp-style--top=\"state.thisImage.buttonTop\"\n\t\t>\n\t\t\t<svg xmlns=\"http:\/\/www.w3.org\/2000\/svg\" width=\"12\" height=\"12\" fill=\"none\" viewBox=\"0 0 12 12\">\n\t\t\t\t<path fill=\"#fff\" d=\"M2 0a2 2 0 0 0-2 2v2h1.5V2a.5.5 0 0 1 .5-.5h2V0H2Zm2 10.5H2a.5.5 0 0 1-.5-.5V8H0v2a2 2 0 0 0 2 2h2v-1.5ZM8 12v-1.5h2a.5.5 0 0 0 .5-.5V8H12v2a2 2 0 0 1-2 2H8Zm2-12a2 2 0 0 1 2 2v2h-1.5V2a.5.5 0 0 0-.5-.5H8V0h2Z\" \/>\n\t\t\t<\/svg>\n\t\t<\/button><figcaption class=\"wp-element-caption\">Foto: Tiia Monto \/ CC BY-SA 3.0 \/ Wikimedia Commons<\/figcaption><\/figure>\n\n\n\n<p class=\"wp-block-paragraph\">O segundo telef\u00e9rico ic\u00f4nico de Cortina vai para o lado oposto do vale, at\u00e9 o Monte Faloria. A esta\u00e7\u00e3o de baixo fica pertinho da rodovi\u00e1ria, no centro da cidade, ent\u00e3o voc\u00ea chega l\u00e1 tranquilo a p\u00e9 depois do caf\u00e9 na pra\u00e7a. A subida em si j\u00e1 \u00e9 uma experi\u00eancia e tanto, porque o telef\u00e9rico sobe de forma extremamente \u00edngreme ao longo de uma parede rochosa \u00e1spera e voc\u00ea tem a sensa\u00e7\u00e3o de que poderia tocar as pedras esticando a m\u00e3o. Ingressos e hor\u00e1rios voc\u00ea encontra direto no site do <a href=\"https:\/\/cortinaexcelsior.it\/\" target=\"_blank\" rel=\"nofollow noopener\">telef\u00e9rico Faloria<\/a>.<\/p>\n\n\n\n<p class=\"wp-block-paragraph\">Enquanto o Tofana \u00e9 majestoso, o Faloria oferece, na minha opini\u00e3o, a vista mais linda da pr\u00f3pria Cortina, de uma perspectiva um pouco diferente. Especialmente no fim da tarde, quando o sol poente pinta os maci\u00e7os rochosos \u00e0 frente de laranja e rosa intensos, \u00e9 uma vista digna dos deuses. L\u00e1 em cima, perto da esta\u00e7\u00e3o, h\u00e1 um belo ref\u00fagio onde fazem um bombardino incr\u00edvel, com o qual o Luk\u00e1\u0161 e eu nos recompensamos por termos conseguido colocar o Jon\u00e1\u0161 para dormir no carrinho.<\/p>\n\n\n\n<h3 class=\"wp-block-heading\"><span class=\"ez-toc-section\" id=\"5_Explore_a_historia_no_museu_a_ceu_aberto_de_Cinque_Torri\"><\/span>5. Explore a hist\u00f3ria no museu a c\u00e9u aberto de Cinque Torri<span class=\"ez-toc-section-end\"><\/span><\/h3>\n\n\n\n<figure data-wp-context=\"{&quot;imageId&quot;:&quot;6a9d802816f54&quot;}\" data-wp-interactive=\"core\/image\" data-wp-key=\"6a9d802816f54\" class=\"wp-block-image size-full wp-lightbox-container\"><img decoding=\"async\" data-wp-class--hide=\"state.isContentHidden\" data-wp-class--show=\"state.isContentVisible\" data-wp-init=\"callbacks.setButtonStyles\" data-wp-on--click=\"actions.showLightbox\" data-wp-on--load=\"callbacks.setButtonStyles\" data-wp-on--pointerdown=\"actions.preloadImage\" data-wp-on--pointerenter=\"actions.preloadImageWithDelay\" data-wp-on--pointerleave=\"actions.cancelPreload\" data-wp-on-window--resize=\"callbacks.setButtonStyles\" src=\"https:\/\/www.loudavymkrokem.cz\/wp-content\/uploads\/2023\/05\/vyslap-k-cinque-torri.jpg\" alt=\"Dolomitas em outubro\" class=\"wp-image-74382\" title=\"\"><button\n\t\t\tclass=\"lightbox-trigger\"\n\t\t\ttype=\"button\"\n\t\t\taria-haspopup=\"dialog\"\n\t\t\tdata-wp-bind--aria-label=\"state.thisImage.triggerButtonAriaLabel\"\n\t\t\tdata-wp-init=\"callbacks.initTriggerButton\"\n\t\t\tdata-wp-on--click=\"actions.showLightbox\"\n\t\t\tdata-wp-style--right=\"state.thisImage.buttonRight\"\n\t\t\tdata-wp-style--top=\"state.thisImage.buttonTop\"\n\t\t>\n\t\t\t<svg xmlns=\"http:\/\/www.w3.org\/2000\/svg\" width=\"12\" height=\"12\" fill=\"none\" viewBox=\"0 0 12 12\">\n\t\t\t\t<path fill=\"#fff\" d=\"M2 0a2 2 0 0 0-2 2v2h1.5V2a.5.5 0 0 1 .5-.5h2V0H2Zm2 10.5H2a.5.5 0 0 1-.5-.5V8H0v2a2 2 0 0 0 2 2h2v-1.5ZM8 12v-1.5h2a.5.5 0 0 0 .5-.5V8H12v2a2 2 0 0 1-2 2H8Zm2-12a2 2 0 0 1 2 2v2h-1.5V2a.5.5 0 0 0-.5-.5H8V0h2Z\" \/>\n\t\t\t<\/svg>\n\t\t<\/button><figcaption class=\"wp-element-caption\">Dolomitas em outubro<\/figcaption><\/figure>\n\n\n\n<p class=\"wp-block-paragraph\">Este lugar est\u00e1 entre os nossos favoritos absolutos de todas as <a href=\"https:\/\/loudavymkrokem.cz\/italske-dolomity-pro-turisty-5-turistickych-tras-pro-kazdeho\/\">Dolomitas italianas<\/a> e voltamos para c\u00e1 quase toda vez que estamos por perto. Cinque Torri, ou Cinco Torres, \u00e9 uma forma\u00e7\u00e3o rochosa incr\u00edvel, sob a qual voc\u00ea pode caminhar livremente e ficar olhando os escaladores que se equilibram nas paredes verticais. D\u00e1 para subir a p\u00e9 por uma ladeira bem \u00edngreme ou voc\u00ea pode se deixar levar por uma confort\u00e1vel cadeirinha suspensa, o que aproveitamos este ano com o pequeno Jon\u00e1\u0161, com enorme alegria e al\u00edvio.<\/p>\n\n\n\n<p class=\"wp-block-paragraph\">Mas o que torna este lugar t\u00e3o \u00fanico \u00e9 o extenso museu a c\u00e9u aberto da Primeira Guerra Mundial, espalhado por entre as rochas. Ao redor das torres h\u00e1 trincheiras, bunkers e posi\u00e7\u00f5es de artilharia reconstru\u00eddos do ex\u00e9rcito italiano, dos tempos em que se lutava aqui por cada metro quadrado. Voc\u00ea pode passar livremente por eles, ler os pain\u00e9is informativos e imaginar como devia ser terrivelmente dif\u00edcil para os jovens soldados naquele inverno cruel. Isso sempre d\u00e1 um certo arrepio.<\/p>\n\n\n\n<h3 class=\"wp-block-heading\"><span class=\"ez-toc-section\" id=\"6_Percorra_os_tuneis_de_guerra_no_Lagazuoi\"><\/span>6. Percorra os t\u00faneis de guerra no Lagazuoi<span class=\"ez-toc-section-end\"><\/span><\/h3>\n\n\n\n<figure data-wp-context=\"{&quot;imageId&quot;:&quot;6a9d80281741e&quot;}\" data-wp-interactive=\"core\/image\" data-wp-key=\"6a9d80281741e\" class=\"wp-block-image size-full wp-lightbox-container\"><img decoding=\"async\" width=\"1799\" height=\"1200\" data-wp-class--hide=\"state.isContentHidden\" data-wp-class--show=\"state.isContentVisible\" data-wp-init=\"callbacks.setButtonStyles\" data-wp-on--click=\"actions.showLightbox\" data-wp-on--load=\"callbacks.setButtonStyles\" data-wp-on--pointerdown=\"actions.preloadImage\" data-wp-on--pointerenter=\"actions.preloadImageWithDelay\" data-wp-on--pointerleave=\"actions.cancelPreload\" data-wp-on-window--resize=\"callbacks.setButtonStyles\" src=\"https:\/\/loudavymkrokem.cz\/wp-content\/uploads\/2023\/05\/lagazuioi-1-2048x1366.jpg\" alt=\"Montanha Lagazuoi nas Dolomitas\" class=\"wp-image-59676\" title=\"\" srcset=\"https:\/\/loudavymkrokem.cz\/wp-content\/uploads\/2023\/05\/lagazuioi-1-2048x1366.jpg 1799w, https:\/\/loudavymkrokem.cz\/wp-content\/uploads\/2023\/05\/lagazuioi-1-2048x1366-300x200.jpg 300w, https:\/\/loudavymkrokem.cz\/wp-content\/uploads\/2023\/05\/lagazuioi-1-2048x1366-1024x683.jpg 1024w, https:\/\/loudavymkrokem.cz\/wp-content\/uploads\/2023\/05\/lagazuioi-1-2048x1366-768x512.jpg 768w, https:\/\/loudavymkrokem.cz\/wp-content\/uploads\/2023\/05\/lagazuioi-1-2048x1366-1536x1025.jpg 1536w\" sizes=\"(max-width: 1799px) 100vw, 1799px\" \/><button\n\t\t\tclass=\"lightbox-trigger\"\n\t\t\ttype=\"button\"\n\t\t\taria-haspopup=\"dialog\"\n\t\t\tdata-wp-bind--aria-label=\"state.thisImage.triggerButtonAriaLabel\"\n\t\t\tdata-wp-init=\"callbacks.initTriggerButton\"\n\t\t\tdata-wp-on--click=\"actions.showLightbox\"\n\t\t\tdata-wp-style--right=\"state.thisImage.buttonRight\"\n\t\t\tdata-wp-style--top=\"state.thisImage.buttonTop\"\n\t\t>\n\t\t\t<svg xmlns=\"http:\/\/www.w3.org\/2000\/svg\" width=\"12\" height=\"12\" fill=\"none\" viewBox=\"0 0 12 12\">\n\t\t\t\t<path fill=\"#fff\" d=\"M2 0a2 2 0 0 0-2 2v2h1.5V2a.5.5 0 0 1 .5-.5h2V0H2Zm2 10.5H2a.5.5 0 0 1-.5-.5V8H0v2a2 2 0 0 0 2 2h2v-1.5ZM8 12v-1.5h2a.5.5 0 0 0 .5-.5V8H12v2a2 2 0 0 1-2 2H8Zm2-12a2 2 0 0 1 2 2v2h-1.5V2a.5.5 0 0 0-.5-.5H8V0h2Z\" \/>\n\t\t\t<\/svg>\n\t\t<\/button><\/figure>\n\n\n\n<p class=\"wp-block-paragraph\">Se a hist\u00f3ria da guerra em Cinque Torri te chamar a aten\u00e7\u00e3o e voc\u00ea quiser ir ainda mais a fundo, precisa ir ao vizinho cume do Lagazuoi. Aqui, durante a Primeira Guerra, aconteceram batalhas inacredit\u00e1veis diretamente no subsolo escuro, onde austr\u00edacos e italianos escavavam as montanhas com explosivos para poder atacar uns aos outros. \u00c9 um peda\u00e7o de hist\u00f3ria sombria encravado na natureza mais linda.<\/p>\n\n\n\n<p class=\"wp-block-paragraph\">Hoje voc\u00ea pode colocar um capacete, que d\u00e1 para alugar embaixo, perto do telef\u00e9rico, ligar a lanterna de cabe\u00e7a e percorrer quil\u00f4metros de t\u00faneis escuros e \u00famidos escavados no interior da rocha. \u00c9 uma experi\u00eancia enorme, na qual voc\u00ea vai, com absoluta certeza, sentir calafrios na espinha, e talvez de vez em quando bata um pouco a cabe\u00e7a no teto baixo. Mas esque\u00e7a o carrinho de beb\u00ea aqui \u2014 para isso voc\u00ea precisa de um cal\u00e7ado firme muito bom, pernas em forma e nenhuma claustrofobia.<\/p>\n\n\n\n<h3 class=\"wp-block-heading\"><span class=\"ez-toc-section\" id=\"7_Descubra_o_turquesa_Lago_di_Sorapis_e_um_aviso_para_quem_tem_cachorro\"><\/span>7. Descubra o turquesa Lago di Sorapis (e um aviso para quem tem cachorro!)<span class=\"ez-toc-section-end\"><\/span><\/h3>\n\n\n\n<figure data-wp-context=\"{&quot;imageId&quot;:&quot;6a9d802817823&quot;}\" data-wp-interactive=\"core\/image\" data-wp-key=\"6a9d802817823\" class=\"wp-block-image size-full wp-lightbox-container\"><img decoding=\"async\" data-wp-class--hide=\"state.isContentHidden\" data-wp-class--show=\"state.isContentVisible\" data-wp-init=\"callbacks.setButtonStyles\" data-wp-on--click=\"actions.showLightbox\" data-wp-on--load=\"callbacks.setButtonStyles\" data-wp-on--pointerdown=\"actions.preloadImage\" data-wp-on--pointerenter=\"actions.preloadImageWithDelay\" data-wp-on--pointerleave=\"actions.cancelPreload\" data-wp-on-window--resize=\"callbacks.setButtonStyles\" src=\"https:\/\/www.loudavymkrokem.cz\/wp-content\/uploads\/2023\/05\/Lago-di-sorapis-2048x1366.jpg\" alt=\"Lago di Sorapis com agua turquesa nas Dolomitas\" class=\"wp-image-70938\" title=\"\"><button\n\t\t\tclass=\"lightbox-trigger\"\n\t\t\ttype=\"button\"\n\t\t\taria-haspopup=\"dialog\"\n\t\t\tdata-wp-bind--aria-label=\"state.thisImage.triggerButtonAriaLabel\"\n\t\t\tdata-wp-init=\"callbacks.initTriggerButton\"\n\t\t\tdata-wp-on--click=\"actions.showLightbox\"\n\t\t\tdata-wp-style--right=\"state.thisImage.buttonRight\"\n\t\t\tdata-wp-style--top=\"state.thisImage.buttonTop\"\n\t\t>\n\t\t\t<svg xmlns=\"http:\/\/www.w3.org\/2000\/svg\" width=\"12\" height=\"12\" fill=\"none\" viewBox=\"0 0 12 12\">\n\t\t\t\t<path fill=\"#fff\" d=\"M2 0a2 2 0 0 0-2 2v2h1.5V2a.5.5 0 0 1 .5-.5h2V0H2Zm2 10.5H2a.5.5 0 0 1-.5-.5V8H0v2a2 2 0 0 0 2 2h2v-1.5ZM8 12v-1.5h2a.5.5 0 0 0 .5-.5V8H12v2a2 2 0 0 1-2 2H8Zm2-12a2 2 0 0 1 2 2v2h-1.5V2a.5.5 0 0 0-.5-.5H8V0h2Z\" \/>\n\t\t\t<\/svg>\n\t\t<\/button><figcaption class=\"wp-element-caption\">Foto: Wikimedia Commons \/ CC BY-SA 3.0<\/figcaption><\/figure>\n\n\n\n<p class=\"wp-block-paragraph\">O Lago di Sorapis, com sua \u00e1gua incrivelmente turquesa e leitosa, \u00e9 provavelmente a trilha mais popular de toda a regi\u00e3o de Cortina. As fotos dele rodaram o Instagram inteiro e n\u00e3o \u00e9 de admirar, porque aquela cor simplesmente parece que algu\u00e9m despejou uma lata de tinta qu\u00edmica ali e exagerou um pouco no filtro. A trilha come\u00e7a no Passo Tre Croci e leva cerca de duas horas de caminhada bem \u00edngreme s\u00f3 na ida.<\/p>\n\n\n\n<p class=\"wp-block-paragraph\">Mas aqui vem o meu grande e sincero aviso. A trilha realmente n\u00e3o \u00e9 um simples passeio de domingo pela floresta. Na segunda metade do caminho h\u00e1 trechos de cornija bastante estreitos, protegidos por cabos de a\u00e7o, e grades de metal fixadas na rocha bem acima do precip\u00edcio. A gente j\u00e1 levou nossas cachorrinhas para l\u00e1 e preciso dizer que a nossa K\u00e1ja \u00e9 meio desastrada, ent\u00e3o suamos de verdade naquelas grades e tivemos que carreg\u00e1-la no colo por cima do abismo \u2014 o que, com um cachorro de vinte quilos, voc\u00ea realmente n\u00e3o quer. Se voc\u00ea tem um cachorro que tem medo de altura ou n\u00e3o \u00e9 muito \u00e1gil, melhor deix\u00e1-lo tranquilo no hotel desta vez.<\/p>\n\n\n\n<h3 class=\"wp-block-heading\"><span class=\"ez-toc-section\" id=\"8_Va_ate_as_iconicas_Tre_Cime_di_Lavaredo\"><\/span>8. V\u00e1 at\u00e9 as ic\u00f4nicas Tre Cime di Lavaredo<span class=\"ez-toc-section-end\"><\/span><\/h3>\n\n\n\n<figure data-wp-context=\"{&quot;imageId&quot;:&quot;6a9d802817c8b&quot;}\" data-wp-interactive=\"core\/image\" data-wp-key=\"6a9d802817c8b\" class=\"wp-block-image size-full wp-lightbox-container\"><img decoding=\"async\" data-wp-class--hide=\"state.isContentHidden\" data-wp-class--show=\"state.isContentVisible\" data-wp-init=\"callbacks.setButtonStyles\" data-wp-on--click=\"actions.showLightbox\" data-wp-on--load=\"callbacks.setButtonStyles\" data-wp-on--pointerdown=\"actions.preloadImage\" data-wp-on--pointerenter=\"actions.preloadImageWithDelay\" data-wp-on--pointerleave=\"actions.cancelPreload\" data-wp-on-window--resize=\"callbacks.setButtonStyles\" src=\"https:\/\/www.loudavymkrokem.cz\/wp-content\/uploads\/2023\/05\/tre-cime-2048x1365.jpg\" alt=\"Tre Cime di Lavaredo nas Dolomitas\" class=\"wp-image-74366\" title=\"\"><button\n\t\t\tclass=\"lightbox-trigger\"\n\t\t\ttype=\"button\"\n\t\t\taria-haspopup=\"dialog\"\n\t\t\tdata-wp-bind--aria-label=\"state.thisImage.triggerButtonAriaLabel\"\n\t\t\tdata-wp-init=\"callbacks.initTriggerButton\"\n\t\t\tdata-wp-on--click=\"actions.showLightbox\"\n\t\t\tdata-wp-style--right=\"state.thisImage.buttonRight\"\n\t\t\tdata-wp-style--top=\"state.thisImage.buttonTop\"\n\t\t>\n\t\t\t<svg xmlns=\"http:\/\/www.w3.org\/2000\/svg\" width=\"12\" height=\"12\" fill=\"none\" viewBox=\"0 0 12 12\">\n\t\t\t\t<path fill=\"#fff\" d=\"M2 0a2 2 0 0 0-2 2v2h1.5V2a.5.5 0 0 1 .5-.5h2V0H2Zm2 10.5H2a.5.5 0 0 1-.5-.5V8H0v2a2 2 0 0 0 2 2h2v-1.5ZM8 12v-1.5h2a.5.5 0 0 0 .5-.5V8H12v2a2 2 0 0 1-2 2H8Zm2-12a2 2 0 0 1 2 2v2h-1.5V2a.5.5 0 0 0-.5-.5H8V0h2Z\" \/>\n\t\t\t<\/svg>\n\t\t<\/button><figcaption class=\"wp-element-caption\">Foto: Wikimedia Commons \/ CC BY-SA 3.0<\/figcaption><\/figure>\n\n\n\n<p class=\"wp-block-paragraph\">Elas n\u00e3o ficam exatamente em Cortina, mas est\u00e3o t\u00e3o perto e s\u00e3o t\u00e3o majestosas que voc\u00ea n\u00e3o pode perd\u00ea-las de jeito nenhum na sua visita. As Tre Cime s\u00e3o o s\u00edmbolo absoluto e inconfund\u00edvel de todas as Dolomitas e a silhueta delas \u00e9 conhecida por praticamente todo montanhista. Voc\u00ea chega at\u00e9 elas de carro, passando por Misurina at\u00e9 o ref\u00fagio Rifugio Auronzo, mas o trajeto tem um ped\u00e1gio bem salgado e, na temporada, o estacionamento l\u00e1 em cima fica lotado logo cedo, ent\u00e3o acorde cedo \u2014 e digo isso a s\u00e9rio.<\/p>\n\n\n\n<p class=\"wp-block-paragraph\">O percurso circular ao redor desses tr\u00eas enormes maci\u00e7os de pedra \u00e9 relativamente tranquilo para os padr\u00f5es de montanha e voc\u00ea faz em ritmo calmo em cerca de tr\u00eas a quatro horas. Pelo caminho voc\u00ea encontra v\u00e1rios ref\u00fagios \u00f3timos, onde d\u00e1 para tomar uma sopa quente e recuperar as energias. No nosso artigo voc\u00ea encontra um <a href=\"https:\/\/loudavymkrokem.cz\/pt-br\/dolomitas-italia-lugares-bonitos\/\">guia completo e dicas de outros lugares<\/a> que voc\u00ea n\u00e3o deve deixar de conhecer nos arredores imediatos das Tre Cime.<\/p>\n\n\n\n<h3 class=\"wp-block-heading\"><span class=\"ez-toc-section\" id=\"9_Descanse_no_Lago_di_Misurina_e_suba_ao_Cadini_di_Misurina\"><\/span>9. Descanse no Lago di Misurina e suba ao Cadini di Misurina<span class=\"ez-toc-section-end\"><\/span><\/h3>\n\n\n\n<p class=\"wp-block-paragraph\">J\u00e1 que voc\u00ea vai na dire\u00e7\u00e3o das Tre Cime, fa\u00e7a uma parada mais longa no Lago di Misurina. Ele \u00e9 lindamente cercado por montanhas imponentes e transmite aquela calma peculiar de tempos antigos, quando as pessoas vinham aqui aos balne\u00e1rios tratar a asma. \u00c9 um lugar ideal para um passeio plano, tranquilo at\u00e9 de carrinho, \u00e0 beira do lago, e para um \u00f3timo sorvete numa das cafeterias locais, das quais a gente n\u00e3o abre m\u00e3o.<\/p>\n\n\n\n<p class=\"wp-block-paragraph\">Se voc\u00ea curte desafios e adrenalina, do lago sai um telef\u00e9rico e, em seguida, uma trilha curta, mas bem exposta, at\u00e9 o mirante do Cadini di Misurina. Aquela famosa vista &#8220;Mordor&#8221; que voc\u00ea conhece das redes sociais \u2014 uma trilhazinha estreita terminando acima do precip\u00edcio, com vista para os picos afiados e pontiagudos \u2014 parece simplesmente sa\u00edda de O Senhor dos An\u00e9is. Mas aqui, com crian\u00e7as e cachorros, definitivamente n\u00e3o v\u00e1, porque um passo em falso e voc\u00ea despenca em queda livre no vale.<\/p>\n\n\n\n<h3 class=\"wp-block-heading\"><span class=\"ez-toc-section\" id=\"10_Descubra_a_magia_do_outono_em_Croda_da_Lago_e_Lago_Federa\"><\/span>10. Descubra a magia do outono em Croda da Lago e Lago Federa<span class=\"ez-toc-section-end\"><\/span><\/h3>\n\n\n\n<figure data-wp-context=\"{&quot;imageId&quot;:&quot;6a9d80281834b&quot;}\" data-wp-interactive=\"core\/image\" data-wp-key=\"6a9d80281834b\" class=\"wp-block-image size-full wp-lightbox-container\"><img decoding=\"async\" width=\"1800\" height=\"1200\" data-wp-class--hide=\"state.isContentHidden\" data-wp-class--show=\"state.isContentVisible\" data-wp-init=\"callbacks.setButtonStyles\" data-wp-on--click=\"actions.showLightbox\" data-wp-on--load=\"callbacks.setButtonStyles\" data-wp-on--pointerdown=\"actions.preloadImage\" data-wp-on--pointerenter=\"actions.preloadImageWithDelay\" data-wp-on--pointerleave=\"actions.cancelPreload\" data-wp-on-window--resize=\"callbacks.setButtonStyles\" src=\"https:\/\/loudavymkrokem.cz\/wp-content\/uploads\/2023\/05\/lago-federa.jpg\" alt=\"Lago Federa com laricios dourados no outono\" class=\"wp-image-59671\" title=\"\" srcset=\"https:\/\/loudavymkrokem.cz\/wp-content\/uploads\/2023\/05\/lago-federa.jpg 1800w, https:\/\/loudavymkrokem.cz\/wp-content\/uploads\/2023\/05\/lago-federa-300x200.jpg 300w, https:\/\/loudavymkrokem.cz\/wp-content\/uploads\/2023\/05\/lago-federa-1024x683.jpg 1024w, https:\/\/loudavymkrokem.cz\/wp-content\/uploads\/2023\/05\/lago-federa-768x512.jpg 768w, https:\/\/loudavymkrokem.cz\/wp-content\/uploads\/2023\/05\/lago-federa-1536x1024.jpg 1536w\" sizes=\"(max-width: 1800px) 100vw, 1800px\" \/><button\n\t\t\tclass=\"lightbox-trigger\"\n\t\t\ttype=\"button\"\n\t\t\taria-haspopup=\"dialog\"\n\t\t\tdata-wp-bind--aria-label=\"state.thisImage.triggerButtonAriaLabel\"\n\t\t\tdata-wp-init=\"callbacks.initTriggerButton\"\n\t\t\tdata-wp-on--click=\"actions.showLightbox\"\n\t\t\tdata-wp-style--right=\"state.thisImage.buttonRight\"\n\t\t\tdata-wp-style--top=\"state.thisImage.buttonTop\"\n\t\t>\n\t\t\t<svg xmlns=\"http:\/\/www.w3.org\/2000\/svg\" width=\"12\" height=\"12\" fill=\"none\" viewBox=\"0 0 12 12\">\n\t\t\t\t<path fill=\"#fff\" d=\"M2 0a2 2 0 0 0-2 2v2h1.5V2a.5.5 0 0 1 .5-.5h2V0H2Zm2 10.5H2a.5.5 0 0 1-.5-.5V8H0v2a2 2 0 0 0 2 2h2v-1.5ZM8 12v-1.5h2a.5.5 0 0 0 .5-.5V8H12v2a2 2 0 0 1-2 2H8Zm2-12a2 2 0 0 1 2 2v2h-1.5V2a.5.5 0 0 0-.5-.5H8V0h2Z\" \/>\n\t\t\t<\/svg>\n\t\t<\/button><\/figure>\n\n\n\n<p class=\"wp-block-paragraph\">Esta \u00e9 a minha dica secreta pessoal, pela qual voc\u00ea vai me agradecer, especialmente se for \u00e0s Dolomitas no fim de setembro ou in\u00edcio de outubro, quando as multid\u00f5es j\u00e1 se dispersam um pouco. A trilha come\u00e7a perto de Cortina e te leva at\u00e9 o Lago Federa. No outono, os bosques de lari\u00e7os ao redor ficam de um amarelo e laranja incrivelmente vivos e se refletem na superf\u00edcie calma do lago como uma tela pintada.<\/p>\n\n\n\n<p class=\"wp-block-paragraph\">\u00c0 beira do lago fica o ref\u00fagio Rifugio Croda da Lago, onde cozinham sopas grossas t\u00e3o fant\u00e1sticas e sobremesas caseiras de ma\u00e7\u00e3 t\u00e3o boas que depois voc\u00ea nem vai ter vontade de subir de volta. A trilha \u00e9 de dificuldade m\u00e9dia, na subida voc\u00ea \u00e0s vezes sua um bocado, mas aquela paz divina, sem milhares de turistas, vale muito a pena. S\u00f3 n\u00e3o esque\u00e7a de umas boas <a href=\"https:\/\/loudavymkrokem.cz\/pt-br\/botas-trilha-como-escolher\/\">botas de trilha<\/a>, porque o terreno costuma ser escorregadio em alguns trechos e cheio de ra\u00edzes trai\u00e7oeiras.<\/p>\n\n\n\n<h3 class=\"wp-block-heading\"><span class=\"ez-toc-section\" id=\"11_Fuja_das_multidoes_no_vale_Valle_di_Ra_Stua\"><\/span>11. Fuja das multid\u00f5es no vale Valle di Ra Stua<span class=\"ez-toc-section-end\"><\/span><\/h3>\n\n\n\n<p class=\"wp-block-paragraph\">Procura um lugar para descansar um pouco da agita\u00e7\u00e3o de Cortina e das multid\u00f5es de turistas com c\u00e2meras? V\u00e1 para o norte da cidade, at\u00e9 a \u00e1rea protegida perto do parque Fanes-Sennes-Prags. O vale de Ra Stua \u00e9 um o\u00e1sis absoluto de tranquilidade, com vaquinhas pastando com enormes sinos no pesco\u00e7o, riachos borbulhantes e pastos lindamente verdes, onde voc\u00ea tem a sensa\u00e7\u00e3o de que o tempo meio que parou.<\/p>\n\n\n\n<p class=\"wp-block-paragraph\">D\u00e1 para chegar a p\u00e9 por um passeio bem agrad\u00e1vel e suave a partir do estacionamento de Sant&#8217;Uberto. O pr\u00f3prio ref\u00fagio Malga Ra Stua, no fim do vale, \u00e9 um destino perfeito para fam\u00edlias com crian\u00e7as, porque o caminho \u00e9 largo o suficiente at\u00e9 para carrinho off-road e, no ref\u00fagio, fazem panquecas \u00f3timas com geleia caseira, que conquistam o cora\u00e7\u00e3o de qualquer pequeno turista.<\/p>\n\n\n\n\n<div class=\"lk-stays-module\">\n<style>\n\/* \u2500\u2500\u2500 RESET PRO GUTENBERG \u2500\u2500\u2500 *\/\n.lk-stays-module * { box-sizing: border-box; margin: 0; padding: 0; }\n\n\/* \u2500\u2500\u2500 WRAPPER \u2500\u2500\u2500 *\/\n.lk-stays-module {\n  font-family: 'DM Sans', Georgia, sans-serif;\n  max-width: 100%;\n  margin: 2.5rem auto;\n  background: linear-gradient(135deg, #fdfaf5 0%, #fcf8f0 100%);\n  border: 1px solid #e8dfd4;\n  border-radius: 16px;\n  overflow: hidden;\n  box-shadow: 0 16px 48px rgba(195, 159, 118, 0.25), 0 4px 12px rgba(0,0,0,0.08);\n}\n\n\/* \u2500\u2500\u2500 HEADER \u2500\u2500\u2500 *\/\n.lk-stays-header {\n  position: relative;\n  padding: 24px 36px 24px;\n  background: linear-gradient(135deg, #c39f76 0%, #d4b188 60%, #c39f76 100%);\n  border-bottom: 1px solid rgba(255,255,255,.15);\n  display: flex;\n  align-items: center;\n  gap: 18px;\n}\n.lk-stays-header::before {\n  content: '';\n  position: absolute;\n  inset: 0;\n  background: url(\"data:image\/svg+xml,%3Csvg width='60' height='60' viewBox='0 0 60 60' xmlns='http:\/\/www.w3.org\/2000\/svg'%3E%3Cg fill='none' fill-rule='evenodd'%3E%3Cg fill='%23ffffff' fill-opacity='0.05'%3E%3Cpath d='M36 34v-4h-2v4h-4v2h4v4h2v-4h4v-2h-4zm0-30V0h-2v4h-4v2h4v4h2V6h4V4h-4zM6 34v-4H4v4H0v2h4v4h2v-4h4v-2H6zM6 4V0H4v4H0v2h4v4h2V6h4V4H6z'\/%3E%3C\/g%3E%3C\/g%3E%3C\/svg%3E\") repeat;\n  pointer-events: none;\n}\n.lk-stays-icon {\n  flex-shrink: 0;\n  width: 68px;\n  height: 68px;\n  border-radius: 14px;\n  background: linear-gradient(135deg, #fff 0%, #f9f6f0 100%);\n  display: flex;\n  align-items: center;\n  justify-content: center;\n  font-size: 26px;\n  box-shadow: 0 4px 12px rgba(0,0,0,0.15);\n}\n.lk-stays-eyebrow {\n  font-size: 10px;\n  font-weight: 500;\n  letter-spacing: 2.5px;\n  text-transform: uppercase;\n  color: rgba(255,255,255,.85);\n  margin: 0 0 5px 0;\n}\n.lk-stays-title {\n  font-family: 'Playfair Display', Georgia, serif;\n  font-size: 24px;\n  font-weight: 700;\n  color: #fff;\n  line-height: 1.2;\n  text-shadow: 0 1px 2px rgba(0,0,0,0.1);\n  margin: 0;\n}\n.lk-stays-subtitle {\n  font-size: 13px;\n  color: rgba(255,255,255,.75);\n  margin: 4px 0 0 0;\n  font-weight: 300;\n}\n\n\/* \u2500\u2500\u2500 CARDS GRID \u2500\u2500\u2500 *\/\n.lk-stays-grid {\n  display: grid;\n  grid-template-columns: 1fr 1fr;\n  gap: 1px;\n  background: rgba(195, 159, 118, 0.12);\n}\n\n\/* \u2500\u2500\u2500 SINGLE CARD \u2500\u2500\u2500 *\/\n.lk-stay-card {\n  background: #ffffff;\n  padding: 26px;\n  display: flex;\n  flex-direction: column;\n  gap: 11px;\n  transition: all 0.3s ease;\n  text-decoration: none;\n  color: inherit;\n  position: relative;\n}\n.lk-stay-card:hover {\n  background: #fffbf5;\n  transform: translateY(-2px);\n  box-shadow: 0 8px 24px rgba(195, 159, 118, 0.18);\n  z-index: 1;\n}\n.lk-stay-card.featured {\n  background: linear-gradient(135deg, #fffdf9 0%, #fff9f0 100%);\n  box-shadow: 0 4px 16px rgba(195, 159, 118, 0.15), inset 0 1px 0 rgba(195, 159, 118, 0.1);\n}\n.lk-stay-card.featured:hover {\n  background: linear-gradient(135deg, #fffbf5 0%, #fff8ed 100%);\n  box-shadow: 0 8px 24px rgba(195, 159, 118, 0.25), inset 0 1px 0 rgba(195, 159, 118, 0.15);\n}\n\n.lk-stay-badge {\n  display: inline-flex;\n  align-items: center;\n  gap: 5px;\n  font-size: 10px;\n  font-weight: 500;\n  letter-spacing: 1.5px;\n  text-transform: uppercase;\n  padding: 5px 11px;\n  border-radius: 20px;\n  width: fit-content;\n}\n.badge-top     { background: linear-gradient(135deg, #c39f76 0%, #d4b188 100%); color: #fff; border: 1px solid #c39f76; font-weight: 600; box-shadow: 0 2px 8px rgba(195,159,118,0.3); }\n.badge-luxury  { background: rgba(195,159,118,.12); color: #c39f76; border: 1px solid rgba(195,159,118,.25); }\n.badge-boutique{ background: rgba(54,133,252,.08); color: #3685fc; border: 1px solid rgba(54,133,252,.2); }\n.badge-nature  { background: rgba(130,190,100,.1); color: #6b9c4a; border: 1px solid rgba(130,190,100,.2); }\n.badge-remote  { background: rgba(195,159,118,.12); color: #a67e50; border: 1px solid rgba(195,159,118,.25); }\n\n.lk-stay-name {\n  font-family: 'Playfair Display', Georgia, serif;\n  font-size: 18px;\n  font-weight: 700;\n  color: #111827;\n  line-height: 1.3;\n}\n.lk-stay-desc {\n  font-size: 13.5px;\n  color: #525252;\n  line-height: 1.65;\n  font-weight: 300;\n  flex: 1;\n}\n\n.lk-stay-meta {\n  display: flex;\n  align-items: center;\n  gap: 12px;\n  flex-wrap: wrap;\n  margin-top: 4px;\n}\n.lk-stay-price {\n  font-size: 13px;\n  color: #6b7280;\n}\n.lk-stay-price strong {\n  color: #c39f76;\n  font-weight: 500;\n}\n.lk-stay-stars {\n  color: #c39f76;\n  font-size: 11px;\n  letter-spacing: 1px;\n}\n\n\/* \u2500\u2500\u2500 CTA BUTTON \u2500\u2500\u2500 *\/\n.lk-stay-cta {\n  display: inline-flex;\n  align-items: center;\n  justify-content: center;\n  gap: 7px;\n  margin-top: 8px;\n  padding: 11px 20px;\n  border-radius: 8px;\n  background: linear-gradient(135deg, #3685fc 0%, #2a6fd9 100%);\n  color: #fff;\n  font-size: 13px;\n  font-weight: 500;\n  text-decoration: none;\n  letter-spacing: .3px;\n  transition: all .2s ease;\n  cursor: pointer;\n  border: none;\n  text-align: center;\n  box-shadow: 0 4px 12px rgba(54, 133, 252, 0.25);\n}\n.lk-stay-cta:hover {\n  background: linear-gradient(135deg, #2a6fd9 0%, #1e5bc4 100%);\n  transform: translateY(-1px);\n  box-shadow: 0 6px 16px rgba(54, 133, 252, 0.35);\n}\n.lk-stay-cta svg { flex-shrink: 0; }\n\n\/* \u2500\u2500\u2500 FOOTER \u2500\u2500\u2500 *\/\n.lk-stays-footer {\n  padding: 18px 36px;\n  background: linear-gradient(to bottom, #fdfaf5 0%, #f9f4ed 100%);\n  border-top: 1px solid rgba(195, 159, 118, 0.15);\n  display: flex;\n  align-items: center;\n  justify-content: space-between;\n  flex-wrap: wrap;\n  gap: 12px;\n}\n.lk-stays-footer-note {\n  font-size: 11.5px;\n  color: #6b7280;\n  font-weight: 300;\n  line-height: 1.5;\n}\n.lk-stays-footer-note a {\n  color: #c39f76;\n  text-decoration: none;\n  font-weight: 400;\n}\n.lk-stays-footer-note a:hover {\n  text-decoration: underline;\n}\n.lk-stays-all-btn {\n  display: inline-flex;\n  align-items: center;\n  gap: 6px;\n  font-size: 12.5px;\n  font-weight: 500;\n  color: #c39f76;\n  text-decoration: none;\n  border: 1px solid rgba(195, 159, 118, 0.35);\n  padding: 8px 18px;\n  border-radius: 8px;\n  transition: all .2s ease;\n}\n.lk-stays-all-btn:hover {\n  background: rgba(195, 159, 118, 0.08);\n  border-color: rgba(195, 159, 118, 0.5);\n}\n\n\/* \u2500\u2500\u2500 RESPONSIVE \u2500\u2500\u2500 *\/\n@media (max-width: 600px) {\n  .lk-stays-grid { grid-template-columns: 1fr; }\n  .lk-stays-header { padding: 24px 20px; }\n  .lk-stays-footer { padding: 16px 20px; }\n  .lk-stay-card { padding: 22px; }\n  .lk-stays-title { font-size: 20px; }\n}\n<\/style>\n\n  <!-- HEADER -->\n  <div class=\"lk-stays-header\">\n    <img decoding=\"async\" src=\"https:\/\/loudavymkrokem.cz\/wp-content\/uploads\/2026\/02\/lukas-a-lucka.jpg\" alt=\"\" style=\"width: 75px; height: 75px; border-radius: 8px; flex-shrink: 0; object-fit: cover; display: block; margin: 4px 0;\" title=\"\">\n    <div class=\"lk-stays-header-text\">\n      <div class=\"lk-stays-eyebrow\">Luk\u00e1\u0161 e Lucie recomendam<\/div>\n      <div class=\"lk-stays-title\">Onde se hospedar em Cortina d&#8217;Ampezzo<\/div>\n      <div class=\"lk-stays-subtitle\">5 acomoda\u00e7\u00f5es \u2014 hot\u00e9is com spa, hot\u00e9is e outras op\u00e7\u00f5es de hospedagem<\/div>\n    <\/div>\n  <\/div>\n\n  <!-- CARDS -->\n  <div class=\"lk-stays-grid\">\n\n    <a class=\"lk-stay-card featured\" href=\"https:\/\/www.stay22.com\/allez\/roam?aid=lukaskonecny&#038;campaign=loudavymkrokemcz&#038;campaign=pt-br&#038;campaign=cortinadampezzoitalie&#038;address=Cortina+d%27Ampezzo&#038;hotelname=B%26B+Hotel+Passo+Tre+Croci+Cortina&#038;search=B%26B+Hotel+Passo+Tre+Croci+Cortina&#038;category=accommodation\" target=\"_blank\" rel=\"nofollow noopener\">\n      <span class=\"lk-stay-badge badge-top\">\u2b50 MELHOR ESCOLHA<\/span>\n      <span class=\"lk-stay-badge badge-nature\">\ud83c\udfe8 Hotel<\/span>\n      <div class=\"lk-stay-name\">B&#038;B Hotel Passo Tre Croci Cortina<\/div>\n      <div class=\"lk-stay-desc\">MELHOR escolha dos autores. Localizado um pouco depois de Cortina, em um passo de montanha, longe da agita\u00e7\u00e3o da cidade. Caf\u00e9s da manh\u00e3 fant\u00e1sticos, a poucos passos do in\u00edcio da trilha para o Lago di Sorapis. Aceitam c\u00e3es por uma pequena taxa. Categoria m\u00e9dia com pre\u00e7o acess\u00edvel.<\/div>\n      <div class=\"lk-stay-meta\">\n        <span class=\"lk-stay-stars\">\u2605\u2605\u2605\u2605<\/span>\n        <span class=\"lk-stay-price\">Verificar pre\u00e7os<\/span>\n      <\/div>\n      <span class=\"lk-stay-cta\">\n        <svg width=\"14\" height=\"14\" viewBox=\"0 0 24 24\" fill=\"none\" stroke=\"currentColor\" stroke-width=\"2\"><path d=\"M18 13v6a2 2 0 0 1-2 2H5a2 2 0 0 1-2-2V8a2 2 0 0 1 2-2h6\"\/><polyline points=\"15 3 21 3 21 9\"\/><line x1=\"10\" y1=\"14\" x2=\"21\" y2=\"3\"\/><\/svg>\n        Verificar disponibilidade\n      <\/span>\n    <\/a>\n\n    <a class=\"lk-stay-card\" href=\"https:\/\/www.stay22.com\/allez\/roam?aid=lukaskonecny&#038;campaign=loudavymkrokemcz&#038;campaign=pt-br&#038;campaign=cortinadampezzoitalie&#038;address=Cortina+d%27Ampezzo&#038;hotelname=Pension+Dolomiti+Sweet+Lodge&#038;search=Pension+Dolomiti+Sweet+Lodge&#038;category=accommodation\" target=\"_blank\" rel=\"nofollow noopener\">\n      <span class=\"lk-stay-badge badge-nature\">\ud83c\udfe1 Pousada<\/span>\n      <div class=\"lk-stay-name\">Pension Dolomiti Sweet Lodge<\/div>\n      <div class=\"lk-stay-desc\">Um dos complexos de apartamentos mais bem avaliados diretamente em Cortina. \u00d3tima localiza\u00e7\u00e3o, incrivelmente limpo, lindo interior de madeira com verdadeiro conforto alpino. Ideal para cozinhar e ter mais espa\u00e7o.<\/div>\n      <div class=\"lk-stay-meta\">\n        <span class=\"lk-stay-stars\">\u2605\u2605\u2605\u2605<\/span>\n        <span class=\"lk-stay-price\">Verificar pre\u00e7os<\/span>\n      <\/div>\n      <span class=\"lk-stay-cta\">\n        <svg width=\"14\" height=\"14\" viewBox=\"0 0 24 24\" fill=\"none\" stroke=\"currentColor\" stroke-width=\"2\"><path d=\"M18 13v6a2 2 0 0 1-2 2H5a2 2 0 0 1-2-2V8a2 2 0 0 1 2-2h6\"\/><polyline points=\"15 3 21 3 21 9\"\/><line x1=\"10\" y1=\"14\" x2=\"21\" y2=\"3\"\/><\/svg>\n        Verificar disponibilidade\n      <\/span>\n    <\/a>\n\n    <a class=\"lk-stay-card\" href=\"https:\/\/www.stay22.com\/allez\/roam?aid=lukaskonecny&#038;campaign=loudavymkrokemcz&#038;campaign=pt-br&#038;campaign=cortinadampezzoitalie&#038;address=Cortina+d%27Ampezzo&#038;hotelname=Hotel+Villa+Gaia&#038;search=Hotel+Villa+Gaia&#038;category=accommodation\" target=\"_blank\" rel=\"nofollow noopener\">\n      <span class=\"lk-stay-badge badge-nature\">\ud83c\udfe8 Hotel<\/span>\n      <div class=\"lk-stay-name\">Hotel Villa Gaia<\/div>\n      <div class=\"lk-stay-desc\">Hotel familiar tradicional com avalia\u00e7\u00e3o muito s\u00f3lida e charme enorme. Equipe incrivelmente simp\u00e1tica. Voc\u00ea pode ir a p\u00e9 diretamente ao centro para jantar.<\/div>\n      <div class=\"lk-stay-meta\">\n        <span class=\"lk-stay-stars\">\u2605\u2605\u2605\u2605<\/span>\n        <span class=\"lk-stay-price\">Verificar pre\u00e7os<\/span>\n      <\/div>\n      <span class=\"lk-stay-cta\">\n        <svg width=\"14\" height=\"14\" viewBox=\"0 0 24 24\" fill=\"none\" stroke=\"currentColor\" stroke-width=\"2\"><path d=\"M18 13v6a2 2 0 0 1-2 2H5a2 2 0 0 1-2-2V8a2 2 0 0 1 2-2h6\"\/><polyline points=\"15 3 21 3 21 9\"\/><line x1=\"10\" y1=\"14\" x2=\"21\" y2=\"3\"\/><\/svg>\n        Verificar disponibilidade\n      <\/span>\n    <\/a>\n\n    <a class=\"lk-stay-card\" href=\"https:\/\/www.stay22.com\/allez\/roam?aid=lukaskonecny&#038;campaign=loudavymkrokemcz&#038;campaign=pt-br&#038;campaign=cortinadampezzoitalie&#038;address=Cortina+d%27Ampezzo&#038;hotelname=HOTEL+de+LEN&#038;search=HOTEL+de+LEN&#038;category=accommodation\" target=\"_blank\" rel=\"nofollow noopener\">\n      <span class=\"lk-stay-badge badge-nature\">\u2b50 Luxo<\/span>\n      <div class=\"lk-stay-name\">HOTEL de LEN<\/div>\n      <div class=\"lk-stay-desc\">Joia de design com um centro de spa absolutamente incr\u00edvel para luxo absoluto e romance. Ideal para celebra\u00e7\u00f5es de anivers\u00e1rio ou descanso ap\u00f3s uma trilha exigente.<\/div>\n      <div class=\"lk-stay-meta\">\n        <span class=\"lk-stay-stars\">\u2605\u2605\u2605\u2605<\/span>\n        <span class=\"lk-stay-price\">a partir de 300 EUR\/noite<\/span>\n      <\/div>\n      <span class=\"lk-stay-cta\">\n        <svg width=\"14\" height=\"14\" viewBox=\"0 0 24 24\" fill=\"none\" stroke=\"currentColor\" stroke-width=\"2\"><path d=\"M18 13v6a2 2 0 0 1-2 2H5a2 2 0 0 1-2-2V8a2 2 0 0 1 2-2h6\"\/><polyline points=\"15 3 21 3 21 9\"\/><line x1=\"10\" y1=\"14\" x2=\"21\" y2=\"3\"\/><\/svg>\n        Verificar disponibilidade\n      <\/span>\n    <\/a>\n\n    <a class=\"lk-stay-card\" href=\"https:\/\/www.stay22.com\/allez\/roam?aid=lukaskonecny&#038;campaign=loudavymkrokemcz&#038;campaign=pt-br&#038;campaign=cortinadampezzoitalie&#038;address=cortina%20d&#039;ampezzo\" target=\"_blank\" rel=\"nofollow noopener\">\n      <span class=\"lk-stay-badge badge-nature\">\ud83d\udd0d Buscar<\/span>\n      <div class=\"lk-stay-name\">Ver todas as acomoda\u00e7\u00f5es em Cortina d&#8217;Ampezzo<\/div>\n      <div class=\"lk-stay-desc\">Explore todas as op\u00e7\u00f5es de hospedagem dispon\u00edveis em Cortina d&#8217;Ampezzo e encontre a melhor de acordo com suas prefer\u00eancias e or\u00e7amento.<\/div>\n      <div class=\"lk-stay-meta\">\n        <span class=\"lk-stay-stars\">\u2605\u2605\u2605\u2605<\/span>\n        <span class=\"lk-stay-price\">Comparar pre\u00e7os<\/span>\n      <\/div>\n      <span class=\"lk-stay-cta\">\n        <svg width=\"14\" height=\"14\" viewBox=\"0 0 24 24\" fill=\"none\" stroke=\"currentColor\" stroke-width=\"2\"><path d=\"M18 13v6a2 2 0 0 1-2 2H5a2 2 0 0 1-2-2V8a2 2 0 0 1 2-2h6\"\/><polyline points=\"15 3 21 3 21 9\"\/><line x1=\"10\" y1=\"14\" x2=\"21\" y2=\"3\"\/><\/svg>\n        Verificar disponibilidade\n      <\/span>\n    <\/a>\n\n  <\/div>\n\n  \n<\/div>\n\n\n\n\n<h3 class=\"wp-block-heading\"><span class=\"ez-toc-section\" id=\"12_Atravesse_o_lendario_Passo_Giau\"><\/span>12. Atravesse o lend\u00e1rio Passo Giau<span class=\"ez-toc-section-end\"><\/span><\/h3>\n\n\n\n<figure data-wp-context=\"{&quot;imageId&quot;:&quot;6a9d8028189be&quot;}\" data-wp-interactive=\"core\/image\" data-wp-key=\"6a9d8028189be\" class=\"wp-block-image size-full wp-lightbox-container\"><img decoding=\"async\" width=\"1800\" height=\"1200\" data-wp-class--hide=\"state.isContentHidden\" data-wp-class--show=\"state.isContentVisible\" data-wp-init=\"callbacks.setButtonStyles\" data-wp-on--click=\"actions.showLightbox\" data-wp-on--load=\"callbacks.setButtonStyles\" data-wp-on--pointerdown=\"actions.preloadImage\" data-wp-on--pointerenter=\"actions.preloadImageWithDelay\" data-wp-on--pointerleave=\"actions.cancelPreload\" data-wp-on-window--resize=\"callbacks.setButtonStyles\" src=\"https:\/\/loudavymkrokem.cz\/wp-content\/uploads\/2023\/05\/passo-giau-2048x1365.jpg\" alt=\"Passo Giau nas Dolomitas com a montanha Ra Gusela\" class=\"wp-image-59672\" title=\"\" srcset=\"https:\/\/loudavymkrokem.cz\/wp-content\/uploads\/2023\/05\/passo-giau-2048x1365.jpg 1800w, https:\/\/loudavymkrokem.cz\/wp-content\/uploads\/2023\/05\/passo-giau-2048x1365-300x200.jpg 300w, https:\/\/loudavymkrokem.cz\/wp-content\/uploads\/2023\/05\/passo-giau-2048x1365-1024x683.jpg 1024w, https:\/\/loudavymkrokem.cz\/wp-content\/uploads\/2023\/05\/passo-giau-2048x1365-768x512.jpg 768w, https:\/\/loudavymkrokem.cz\/wp-content\/uploads\/2023\/05\/passo-giau-2048x1365-1536x1024.jpg 1536w\" sizes=\"(max-width: 1800px) 100vw, 1800px\" \/><button\n\t\t\tclass=\"lightbox-trigger\"\n\t\t\ttype=\"button\"\n\t\t\taria-haspopup=\"dialog\"\n\t\t\tdata-wp-bind--aria-label=\"state.thisImage.triggerButtonAriaLabel\"\n\t\t\tdata-wp-init=\"callbacks.initTriggerButton\"\n\t\t\tdata-wp-on--click=\"actions.showLightbox\"\n\t\t\tdata-wp-style--right=\"state.thisImage.buttonRight\"\n\t\t\tdata-wp-style--top=\"state.thisImage.buttonTop\"\n\t\t>\n\t\t\t<svg xmlns=\"http:\/\/www.w3.org\/2000\/svg\" width=\"12\" height=\"12\" fill=\"none\" viewBox=\"0 0 12 12\">\n\t\t\t\t<path fill=\"#fff\" d=\"M2 0a2 2 0 0 0-2 2v2h1.5V2a.5.5 0 0 1 .5-.5h2V0H2Zm2 10.5H2a.5.5 0 0 1-.5-.5V8H0v2a2 2 0 0 0 2 2h2v-1.5ZM8 12v-1.5h2a.5.5 0 0 0 .5-.5V8H12v2a2 2 0 0 1-2 2H8Zm2-12a2 2 0 0 1 2 2v2h-1.5V2a.5.5 0 0 0-.5-.5H8V0h2Z\" \/>\n\t\t\t<\/svg>\n\t\t<\/button><\/figure>\n\n\n\n<p class=\"wp-block-paragraph\">Para mim, pessoalmente, o Passo Giau \u00e9, disparado, o passo de montanha mais lindo de todas as vastas Dolomitas. S\u00f3 a subida de carro j\u00e1 \u00e9 uma grande experi\u00eancia. Para quem dirige, \u00e9 talvez um pouco de adrenalina com todas aquelas curvas fechadas e ciclistas, mas para o carona \u00e9 puro romantismo, do qual n\u00e3o d\u00e1 para tirar os olhos. L\u00e1 em cima, a mais de 2.200 metros de altitude, te espera a vista ic\u00f4nica da montanha Ra Gusela, que se ergue bem acima do passo como uma esp\u00e9cie de guardi\u00e3o.<\/p>\n\n\n\n<p class=\"wp-block-paragraph\">Recomendo muito vir aqui bem cedinho para o nascer do sol ou \u00e0 tarde para o p\u00f4r do sol dourado \u2014 as cores s\u00e3o simplesmente inacredit\u00e1veis e temos daqui algumas das melhores fotos da vida. E sim, no estacionamento l\u00e1 em cima costuma ventar forte e faz frio, ent\u00e3o um corta-vento \u00e9 indispens\u00e1vel mesmo em meados de julho. Dali d\u00e1 para sair para v\u00e1rias trilhas lindas, inclusive o caminho at\u00e9 Cinque Torri, que o Luk\u00e1\u0161 e eu fizemos a p\u00e9 de ponta a ponta uma vez.<\/p>\n\n\n\n<h3 class=\"wp-block-heading\"><span class=\"ez-toc-section\" id=\"13_Sinta_a_atmosfera_do_Snow_Festival_e_dos_eventos_de_inverno\"><\/span>13. Sinta a atmosfera do Snow Festival e dos eventos de inverno<span class=\"ez-toc-section-end\"><\/span><\/h3>\n\n\n\n<p class=\"wp-block-paragraph\">Cortina n\u00e3o vive s\u00f3 no ver\u00e3o, mas principalmente no inverno. Se voc\u00ea vier nos meses frios, fique de olho no calend\u00e1rio local de eventos. Acontecem aqui v\u00e1rios Snow Festivals, feiras de Natal, provas de esqui, e na pracinha o vinho quente \u00e9 servido aos litros enquanto uma decora\u00e7\u00e3o natalina enorme brilha acima da sua cabe\u00e7a. A atmosfera \u00e9 absolutamente incr\u00edvel e eu adoro ver aqueles italianos elegantes de casaco se divertindo at\u00e9 tarde da noite.<\/p>\n\n\n\n<p class=\"wp-block-paragraph\">Com as Olimp\u00edadas de 2026 se aproximando, a cidade ainda prepara uma quantidade enorme de programa\u00e7\u00e3o paralela, que pretende mostrar a verdadeira cultura italiana e aquela t\u00edpica alegria de viver. A \u00faltima vez que estivemos aqui, vimos uma banda local tocando no meio de um monte de neve, o Jon\u00e1\u0161 olhava para aquelas luzinhas coloridas de boca completamente aberta e o Luk\u00e1\u0161 elogiava o vinho quente local, dizendo que era bem mais forte do que os das feiras de Natal aqui perto de casa.<\/p>\n\n\n\n<h3 class=\"wp-block-heading\"><span class=\"ez-toc-section\" id=\"14_Corra_ou_caminhe_pela_antiga_ferrovia_Cortina_Trail\"><\/span>14. Corra ou caminhe pela antiga ferrovia (Cortina Trail)<span class=\"ez-toc-section-end\"><\/span><\/h3>\n\n\n\n<p class=\"wp-block-paragraph\">Sabe quando voc\u00ea quer s\u00f3 um passeio bem leve e relaxante, sem grandes desn\u00edveis, e simplesmente clarear a cabe\u00e7a? \u00c9 exatamente para isso que serve a rota da antiga ferrovia chamada Dolomite Railway, que passava outrora bem por dentro de Cortina. Os trilhos j\u00e1 n\u00e3o est\u00e3o mais aqui h\u00e1 muito tempo, mas no lugar deles surgiu um caminho de cascalho incrivelmente largo e plano, que atravessa lindamente todo o vale e oferece vistas \u00f3timas sem suor na testa.<\/p>\n\n\n\n<p class=\"wp-block-paragraph\">No ver\u00e3o, voc\u00ea pode percorr\u00ea-lo a p\u00e9, correndo ou de bicicleta alugada. Para n\u00f3s, ali\u00e1s, foi um trajeto de carrinho totalmente ideal com o Jon\u00e1\u0161, que ele fez sem um \u00fanico choramingo, porque n\u00e3o sacudia nada. No inverno, esse caminho costuma ser preparado para os amantes do esqui cross-country, o que \u00e9 mais uma forma bacana de curtir aquelas vistas de montanha sem ter que se arrastar por ladeiras \u00edngremes com neve pela cintura.<\/p>\n\n\n\n<h3 class=\"wp-block-heading\"><span class=\"ez-toc-section\" id=\"15_Faca_um_passeio_ao_iconico_Lago_di_Braies\"><\/span>15. Fa\u00e7a um passeio ao ic\u00f4nico Lago di Braies<span class=\"ez-toc-section-end\"><\/span><\/h3>\n\n\n\n<figure data-wp-context=\"{&quot;imageId&quot;:&quot;6a9d80281952e&quot;}\" data-wp-interactive=\"core\/image\" data-wp-key=\"6a9d80281952e\" class=\"wp-block-image size-full wp-lightbox-container\"><img decoding=\"async\" data-wp-class--hide=\"state.isContentHidden\" data-wp-class--show=\"state.isContentVisible\" data-wp-init=\"callbacks.setButtonStyles\" data-wp-on--click=\"actions.showLightbox\" data-wp-on--load=\"callbacks.setButtonStyles\" data-wp-on--pointerdown=\"actions.preloadImage\" data-wp-on--pointerenter=\"actions.preloadImageWithDelay\" data-wp-on--pointerleave=\"actions.cancelPreload\" data-wp-on-window--resize=\"callbacks.setButtonStyles\" src=\"https:\/\/www.loudavymkrokem.cz\/wp-content\/uploads\/2023\/05\/lago-di-brais-2048x1365.jpg\" alt=\"Barcos no Lago di Braies\" class=\"wp-image-116750\" title=\"\"><button\n\t\t\tclass=\"lightbox-trigger\"\n\t\t\ttype=\"button\"\n\t\t\taria-haspopup=\"dialog\"\n\t\t\tdata-wp-bind--aria-label=\"state.thisImage.triggerButtonAriaLabel\"\n\t\t\tdata-wp-init=\"callbacks.initTriggerButton\"\n\t\t\tdata-wp-on--click=\"actions.showLightbox\"\n\t\t\tdata-wp-style--right=\"state.thisImage.buttonRight\"\n\t\t\tdata-wp-style--top=\"state.thisImage.buttonTop\"\n\t\t>\n\t\t\t<svg xmlns=\"http:\/\/www.w3.org\/2000\/svg\" width=\"12\" height=\"12\" fill=\"none\" viewBox=\"0 0 12 12\">\n\t\t\t\t<path fill=\"#fff\" d=\"M2 0a2 2 0 0 0-2 2v2h1.5V2a.5.5 0 0 1 .5-.5h2V0H2Zm2 10.5H2a.5.5 0 0 1-.5-.5V8H0v2a2 2 0 0 0 2 2h2v-1.5ZM8 12v-1.5h2a.5.5 0 0 0 .5-.5V8H12v2a2 2 0 0 1-2 2H8Zm2-12a2 2 0 0 1 2 2v2h-1.5V2a.5.5 0 0 0-.5-.5H8V0h2Z\" \/>\n\t\t\t<\/svg>\n\t\t<\/button><figcaption class=\"wp-element-caption\">Barcos no Lago di Braies<\/figcaption><\/figure>\n\n\n\n<p class=\"wp-block-paragraph\">Fica a cerca de quarenta e cinco minutos de Cortina em dire\u00e7\u00e3o ao norte, mas n\u00e3o incluir essa joia seria um pecado enorme e eu ficaria me culpando por muito tempo. O Lago di Braies, ou Pragser Wildsee em alem\u00e3o, \u00e9, disparado, o lago mais fotografado de todas as Dolomitas e talvez de todo o norte da It\u00e1lia. Barquinhos de madeira ancorados no cais, \u00e1gua de um verde-esmeralda intenso e o enorme maci\u00e7o do Seekofel ao fundo \u2014 \u00e9 simplesmente uma imagem que voc\u00ea consegue ficar horas olhando.<\/p>\n\n\n\n<p class=\"wp-block-paragraph\">A gente foi para l\u00e1 uma vez \u00e0s seis da manh\u00e3, para fugir daquelas multid\u00f5es de Instagram, alugamos um barquinho de madeira e foi um romantismo inacredit\u00e1vel, mesmo com as minhas m\u00e3os meio congeladas enquanto tentava remar. Como h\u00e1 um monte de informa\u00e7\u00f5es pr\u00e1ticas e pegadinhas sobre o estacionamento pago e frequentemente lotado, preparei um artigo separado sobre ele: <a href=\"https:\/\/loudavymkrokem.cz\/pt-br\/lago-di-braies-italia\/\">Lago di Braies: guia e dicas<\/a>. Leia com certeza antes de ir para l\u00e1.<\/p>\n\n\n\n<h2 class=\"wp-block-heading\"><span class=\"ez-toc-section\" id=\"Cortina_dAmpezzo_com_criancas_e_carrinho\"><\/span>Cortina d&#8217;Ampezzo com crian\u00e7as e carrinho<span class=\"ez-toc-section-end\"><\/span><\/h2>\n\n\n\n<p class=\"wp-block-paragraph\">Como j\u00e1 mencionei na introdu\u00e7\u00e3o, a visita deste ano \u00e0s Dolomitas foi uma grande estreia para n\u00f3s no papel de pais. E preciso dizer que Cortina \u00e9 surpreendentemente \u00f3tima para viajar com crian\u00e7as pequenas, se voc\u00ea encarar de um jeito um pouco diferente e tirar aqueles \u00f3culos cor-de-rosa de passar o dia inteiro correndo pelas rochas. Com o Jon\u00e1\u0161 de dois anos, simplesmente tivemos que esquecer as vias ferratas \u00edngremes e, no lugar, testamos uma perspectiva totalmente diferente das montanhas, da qual acabamos gostando muito.<\/p>\n\n\n\n<p class=\"wp-block-paragraph\"><strong>Os telef\u00e9ricos s\u00e3o seus melhores amigos:<\/strong> a muitos lugares lindos voc\u00ea chega por um telef\u00e9rico espa\u00e7oso, onde, na maioria das vezes, aceitam sem nenhum problema at\u00e9 o carrinho dobrado. Este ano, fizemos assim o j\u00e1 mencionado Tofana e o Faloria, e o Jon\u00e1\u0161 ficou t\u00e3o animado com aquele passeio suave na cabine que sacudia os bra\u00e7os empolgado a viagem inteira e gritava para os outros passageiros.<\/p>\n\n\n\n<p class=\"wp-block-paragraph\"><strong>Hot spots e o carrinho:<\/strong> no Lago di Sorapis, claro, esque\u00e7a de vez o carrinho \u2014 \u00e9 um terreno s\u00f3 para caminhantes bem preparados ou para um bom canguru. J\u00e1 o passeio relaxante ao redor do Lago di Misurina ou a rota pela antiga ferrovia s\u00e3o feitos sob medida at\u00e9 para carrinhos esportivos completamente comuns de cidade. At\u00e9 as Tre Cime, com o carrinho voc\u00ea chega ao primeiro ref\u00fagio, o Rifugio Lavaredo, e, pelo caminho largo de cascalho, faz isso com tranquilidade, sem sacudir totalmente a crian\u00e7a.<\/p>\n\n\n\n<p class=\"wp-block-paragraph\"><strong>Os italianos e as crian\u00e7as:<\/strong> isso eu adoro absolutamente na It\u00e1lia! Os italianos simplesmente adoram crian\u00e7as e demonstram isso em alto e bom som. Nos restaurantes, ningu\u00e9m vai franzir a testa nem revirar os olhos se o beb\u00ea chorar por acaso ou gritar um pouco porque quer provar a sua massa. Os gar\u00e7ons faziam caretas de bom grado para o Jon\u00e1\u0161, traziam na hora, automaticamente, uma cadeirinha de beb\u00ea, e muitas cafeterias da rua principal t\u00eam um espa\u00e7o confort\u00e1vel para trocar fraldas.<\/p>\n\n\n\n<h2 class=\"wp-block-heading\"><span class=\"ez-toc-section\" id=\"Inverno_x_verao_esqui_e_Dolomiti_Superski\"><\/span>Inverno x ver\u00e3o: esqui e Dolomiti Superski<span class=\"ez-toc-section-end\"><\/span><\/h2>\n\n\n\n<p class=\"wp-block-paragraph\">Mas Cortina n\u00e3o dorme s\u00f3 no ver\u00e3o. Assim que cai neve, ela se transforma num lugar que os esquiadores amam e eu, sinceramente, invejo, porque n\u00e3o sou muito de esqui.<\/p>\n\n\n\n<p class=\"wp-block-paragraph\">Cortina faz parte do gigantesco complexo de esqui <a href=\"https:\/\/www.dolomitisuperski.com\/\" target=\"_blank\" rel=\"nofollow noopener\">Dolomiti Superski<\/a>, o que significa que voc\u00ea pode comprar um \u00fanico passe conjunto que vale para respeit\u00e1veis centenas de quil\u00f4metros de pistas fant\u00e1sticas por todas as Dolomitas. Na pr\u00f3pria Cortina, voc\u00ea encontra tr\u00eas principais \u00e1reas de esqui: Tofana, Faloria-Cristallo e Lagazuoi-5 Torri. Juntas, oferecem pistas largas e lindas com vistas que voc\u00ea provavelmente n\u00e3o encontra em nenhum outro lugar da Europa \u2014 e at\u00e9 eu, que n\u00e3o esquio, adorei tomar sol no terra\u00e7o de um ref\u00fagio l\u00e1 em cima.<\/p>\n\n\n\n<p class=\"wp-block-paragraph\">Se voc\u00ea vem para c\u00e1 esquiar, um pequeno conselho pessoal: com certeza baixe antes no celular o mapa das \u00e1reas de esqui, porque elas s\u00e3o realmente enormes. Se voc\u00ea se aventurar, por exemplo, no famoso e adorado circuito Sella Ronda, pode se perder facilmente e n\u00e3o pegar o \u00faltimo telef\u00e9rico de volta para o seu vale, o que significaria um t\u00e1xi bem caro de volta ao hotel!<\/p>\n\n\n\n<p class=\"wp-block-paragraph\">E, de novo, lembro daquele famoso efeito ol\u00edmpico. Para os Jogos de Inverno de 2026, est\u00e3o sendo constru\u00eddos aqui, massivamente, telef\u00e9ricos totalmente novos e as pistas est\u00e3o sendo modernizadas para os atletas. J\u00e1 a partir do inverno de 2024 e 2025 voc\u00ea vai ver muita obra, mas a recompensa ser\u00e3o as instala\u00e7\u00f5es de esqui mais modernas. S\u00f3 conte com o fato de que os ski passes provavelmente v\u00e3o ficar mais caros, porque toda essa tecnologia nova ter\u00e1 que ser paga de algum jeito.<\/p>\n\n\n\n<h2 class=\"wp-block-heading\"><span class=\"ez-toc-section\" id=\"O_que_provar_e_onde_comer\"><\/span>O que provar e onde comer<span class=\"ez-toc-section-end\"><\/span><\/h2>\n\n\n\n<p class=\"wp-block-paragraph\">E chegamos ao meu tema favorito: a comida italiana! Esque\u00e7a por um momento a cl\u00e1ssica pizza napolitana (embora voc\u00ea tamb\u00e9m a encontre aqui, claro, e ela seja \u00f3tima). A cozinha de montanha daqui \u00e9 uma categoria totalmente diferente: honesta, terrena, como se a sua av\u00f3 tivesse cozinhado o almo\u00e7o no s\u00edtio \u2014 mas uma av\u00f3 italiana, com parmes\u00e3o, muita manteiga e ervas locais.<\/p>\n\n\n\n<p class=\"wp-block-paragraph\">O que voc\u00ea definitivamente precisa provar:<\/p>\n\n\n\n<ul class=\"wp-block-list\">\n<li>  <strong>Canederli:<\/strong> uma esp\u00e9cie de bolinho de p\u00e3o, que aqui fazem tamb\u00e9m na vers\u00e3o com queijo ou espinafre, servido num caldo encorpado ou simplesmente regado com manteiga derretida e s\u00e1lvia. \u00c9 a comida perfeita depois de uma caminhada de dia inteiro no frio, que com certeza te aquece e mata a fome at\u00e9 de noite.<\/li>\n\n\n\n<li>  <strong>Casunziei all&#8217;Ampezzana:<\/strong> este \u00e9 um tesouro local absoluto e eu sou capaz de fazer loucuras por ele. S\u00e3o meias-luas finas de massa recheadas com beterraba cozida e cobertas com sementes de papoula e parmes\u00e3o. Soa muito estranho, eu sei, mas a combina\u00e7\u00e3o da beterraba adocicada com a manteiga perfumada \u00e9 simplesmente fant\u00e1stica!<\/li>\n\n\n\n<li>  <strong>Polenta com ca\u00e7a:<\/strong> cl\u00e1ssico para os amantes de carne. Aquele creme amarelo de milho, que n\u00f3s, como vegetarianos, comemos com cogumelos porcini e queijos de montanha derretidos \u2014 \u00e9 t\u00e3o encorpado e reconfortante quanto a vers\u00e3o com carne, que os locais servem aqui com ragu de ca\u00e7a.<\/li>\n\n\n\n<li>  <strong>Formaggio di Malga:<\/strong> queijos locais dos pastos de montanha, com aquele aroma intenso t\u00edpico. Comece sempre pedindo uma t\u00e1bua de queijos como entrada para acompanhar o vinho \u2014 voc\u00ea nunca vai errar.<\/li>\n<\/ul>\n\n\n\n<h3 class=\"wp-block-heading\"><span class=\"ez-toc-section\" id=\"Nossos_restaurantes_e_refugios_de_montanha_favoritos\"><\/span>Nossos restaurantes e ref\u00fagios de montanha favoritos<span class=\"ez-toc-section-end\"><\/span><\/h3>\n\n\n\n<p class=\"wp-block-paragraph\">J\u00e1 que estamos falando de comida, preciso compartilhar com voc\u00ea lugares concretos onde mais gostamos. Incr\u00edvel \u00e9, por exemplo, o <a href=\"https:\/\/www.baitafraina.it\/\" target=\"_blank\" rel=\"nofollow noopener\">Baita Fraina<\/a>, um restaurante familiar extremamente aconchegante pertinho do centro, aonde vamos por causa das famosas massas recheadas deles. O ambiente \u00e9 lindamente revestido de madeira, t\u00eam uma carta de vinhos incr\u00edvel e voc\u00ea se sente como se tivesse ido \u00e0 casa de algu\u00e9m para um almo\u00e7o de domingo na sala.<\/p>\n\n\n\n<p class=\"wp-block-paragraph\">Se voc\u00ea estiver perambulando pelas montanhas ao redor de Cinque Torri e com uma fome de le\u00e3o, n\u00e3o pode de jeito nenhum perder o ref\u00fagio <a href=\"https:\/\/rifugioaverau.it\/\" target=\"_blank\" rel=\"nofollow noopener\">Rifugio Averau<\/a>. Ele tem fama de ser o ref\u00fagio de montanha que melhor cozinha na regi\u00e3o e eu tenho que concordar: os canederli deles e a vista para as paredes rochosas n\u00e3o se comparam a nada. E, para uma pizza r\u00e1pida e absolutamente impec\u00e1vel de noite, depois do passeio, sempre ca\u00edmos no Ristorante Pizzeria Croda Cafe, bem na zona de pedestres de Cortina.<\/p>\n\n\n\n<h2 class=\"wp-block-heading\"><span class=\"ez-toc-section\" id=\"O_que_trazer_de_Cortina_compras\"><\/span>O que trazer de Cortina (compras)<span class=\"ez-toc-section-end\"><\/span><\/h2>\n\n\n\n<p class=\"wp-block-paragraph\">Um passeio pelo centro lindamente iluminado com certeza n\u00e3o vai te deixar indiferente e voc\u00ea vai sentir vontade de comprar. Embora aqui se vendam principalmente as marcas de luxo mais caras, com um pouco de sorte d\u00e1 para achar souvenirs lindos e extremamente aut\u00eanticos, que v\u00e3o te alegrar em casa.<\/p>\n\n\n\n<p class=\"wp-block-paragraph\">Foi aqui que comprei, pela primeira vez na vida, uma t\u00e1bua de madeira entalhada \u00e0 m\u00e3o. Foi numa lojinha fora da rua principal, onde vendem esculturas, rel\u00f3gios de madeira e diversas quinquilharias artesanais honestas, e eu simplesmente n\u00e3o consegui resistir. As bolsas e carteiras de couro da Corso Italia s\u00e3o um cl\u00e1ssico absoluto, diante do qual o Luk\u00e1\u0161 s\u00f3 suspira baixinho quando v\u00ea quanto eu gasto de novo, mas aquele couro italiano simplesmente tem um cheiro totalmente diferente e dura anos.<\/p>\n\n\n\n<p class=\"wp-block-paragraph\">E uma pequena dica pessoal para o fim da temporada: se voc\u00ea for a Cortina no fim de mar\u00e7o ou in\u00edcio de abril, as lojas de esporte de luxo locais fazem grandes liquida\u00e7\u00f5es dos equipamentos de esqui do ano anterior e de roupas de inverno lindas. Muitas vezes d\u00e1 para pescar pe\u00e7as t\u00e9cnicas realmente luxuosas, jaquetas e capacetes por uma fra\u00e7\u00e3o dos pre\u00e7os astron\u00f4micos originais.<\/p>\n\n\n\n<h2 class=\"wp-block-heading\"><span class=\"ez-toc-section\" id=\"Dicas_praticas_para_finalizar\"><\/span>Dicas pr\u00e1ticas para finalizar<span class=\"ez-toc-section-end\"><\/span><\/h2>\n\n\n\n<p class=\"wp-block-paragraph\">Bem no final, reuni para voc\u00ea algumas daquelas dicas pr\u00e1ticas mais p\u00e9 no ch\u00e3o, mas superimportantes. Quando voc\u00ea viaja por conta pr\u00f3pria, \u00e9 bom ter essas coisas resolvidas com anteced\u00eancia, para n\u00e3o ter que se estressar no local com internet caindo ou locadoras de carro caras.<\/p>\n\n\n\n<p class=\"wp-block-paragraph\">Ao longo dos anos, a gente j\u00e1 pegou bem o jeito, ent\u00e3o, seja voc\u00ea resolvendo como voar at\u00e9 aqui ou onde se segurar r\u00e1pido contra acidentes de montanha, aqui encontra o que funciona melhor de tudo para o Luk\u00e1\u0161 e eu nas nossas aventuras.<\/p>\n\n\n\n<h3 class=\"wp-block-heading\"><span class=\"ez-toc-section\" id=\"Onde_achar_passagens_aereas\"><\/span>Onde achar passagens a\u00e9reas<span class=\"ez-toc-section-end\"><\/span><\/h3>\n\n\n\n<p class=\"wp-block-paragraph\">Se voc\u00ea vem do Brasil, o mais l\u00f3gico \u00e9 voar at\u00e9 Veneza, o aeroporto grande mais pr\u00f3ximo, com companhias como LATAM, TAP ou GOL a partir de S\u00e3o Paulo, normalmente com uma conex\u00e3o na Europa. Passagens costumamos buscar em comparadores como o Kiwi ou o Google Flights, onde d\u00e1 para achar combina\u00e7\u00f5es interessantes de voos e, \u00e0s vezes, promo\u00e7\u00f5es inesperadamente baratas para a baixa temporada.<\/p>\n\n\n\n<p class=\"wp-block-paragraph\">Do aeroporto de Veneza, sai direto at\u00e9 Cortina o \u00f4nibus Cortina Express, mas a gente sempre preferiu a liberdade do carro pr\u00f3prio, sobre a qual escrevo no pr\u00f3ximo t\u00f3pico, porque contar com os hor\u00e1rios na It\u00e1lia \u00e0s vezes \u00e9 uma pequena loteria.<\/p>\n\n\n\n<h3 class=\"wp-block-heading\"><span class=\"ez-toc-section\" id=\"Aluguel_de_carro\"><\/span>Aluguel de carro<span class=\"ez-toc-section-end\"><\/span><\/h3>\n\n\n\n<p class=\"wp-block-paragraph\">Sem carro, nas Dolomitas voc\u00ea fica, para falar a verdade, meio perdido. Os \u00f4nibus at\u00e9 circulam no ver\u00e3o, mas te limitam demais e, de noite, de algum ref\u00fagio distante voc\u00ea simplesmente n\u00e3o consegue mais descer. O Luk\u00e1\u0161 e eu temos, h\u00e1 tempos, uma boa experi\u00eancia com o DiscoverCars, que usamos no mundo inteiro e com quem nunca tivemos problema na hora de devolver e recuperar a cau\u00e7\u00e3o.<\/p>\n\n\n\n<p class=\"wp-block-paragraph\">Alugando o carro direto no aeroporto de Veneza, em pouco menos de duas horas de uma linda estrada panor\u00e2mica voc\u00ea est\u00e1 bem no centro de Cortina e pode planejar aqueles passeios de montanha e as chegadas cedinho aos estacionamentos exatamente do seu jeito.<\/p>\n\n\n\n<h3 class=\"wp-block-heading\"><span class=\"ez-toc-section\" id=\"Nao_esqueca_do_seguro\"><\/span>N\u00e3o esque\u00e7a do seguro<span class=\"ez-toc-section-end\"><\/span><\/h3>\n\n\n\n<p class=\"wp-block-paragraph\">Isso, por favor, realmente n\u00e3o subestime. Montanha \u00e9 montanha, e um tornozelo torcido numa pedra escorregadia na descida do lago fica caro rapidinho por aqui, sem falar de um eventual resgate do servi\u00e7o de montanha italiano, que manda direto um helic\u00f3ptero.<\/p>\n\n\n\n<p class=\"wp-block-paragraph\">A gente usa h\u00e1 tempos e recomenda de cora\u00e7\u00e3o o <a href=\"https:\/\/loudavymkrokem.cz\/pt-br\/seguro-viagem-internacional-safetywing\/\">SafetyWing<\/a>, porque d\u00e1 para resolver online em cinco minutos, at\u00e9 do aeroporto, e cobre um b\u00e1sico bem razo\u00e1vel para trilhas. O Luk\u00e1\u0161 paga inclusive para o esqui de inverno dele.<\/p>\n\n\n<p class=\"wp-block-paragraph\">\u279c Antes de sair, d\u00ea uma olhada na nossa <a href=\"https:\/\/loudavymkrokem.cz\/cestovni-pojisteni\/\">compara\u00e7\u00e3o de seguros de viagem<\/a> (com 50% de desconto).<\/p>\n\n\n<h3 class=\"wp-block-heading\"><span class=\"ez-toc-section\" id=\"Internet_no_celular\"><\/span>Internet no celular<span class=\"ez-toc-section-end\"><\/span><\/h3>\n\n\n\n<p class=\"wp-block-paragraph\">Na It\u00e1lia, os dados costumam funcionar bem, mas em muitos ref\u00fagios de montanha o sinal cai de vez em quando e, al\u00e9m disso, \u00e0s vezes voc\u00ea acaba, sem querer, atravessando a fronteira para redes su\u00ed\u00e7as se viajar um pouco mais a noroeste \u2014 e a\u00ed o roaming pode sair caro.<\/p>\n\n\n\n<p class=\"wp-block-paragraph\">Para dados est\u00e1veis e aquela tranquilidade, n\u00e3o s\u00f3 na Europa, muitas vezes usamos o eSIM da <a class=\"thirstylink\" rel=\"nofollow\" target=\"_blank\" title=\"Holafly\" href=\"https:\/\/loudavymkrokem.cz\/doporucujeme\/holafly\/\" data-shortcode=\"true\">Holafly<\/a>. Voc\u00ea configura tudo antes por um QR code, n\u00e3o precisa trocar o chip f\u00edsico e os dados funcionam lindamente, sem travar, at\u00e9 em lugares onde a minha operadora normal j\u00e1 entrega os pontos.<\/p>\n\n\n\n<h2 class=\"wp-block-heading\"><span class=\"ez-toc-section\" id=\"Perguntas_frequentes_FAQ\"><\/span>Perguntas frequentes (FAQ)<span class=\"ez-toc-section-end\"><\/span><\/h2>\n\n\n\n<p class=\"wp-block-paragraph\">Eu sei que planejar a primeira viagem para essas bandas pode ser um pouco confuso, principalmente quando voc\u00ea v\u00ea todos aqueles nomes italianos e alem\u00e3es diferentes e ouve hist\u00f3rias de estacionamentos lotados. Todo ano chega um monte de d\u00favidas iguais nas mensagens do nosso Instagram.<\/p>\n\n\n\n<p class=\"wp-block-paragraph\">Por isso, aqui est\u00e3o as perguntas mais frequentes que voc\u00ea costuma fazer sobre a visita a Cortina e a todas as Dolomitas, e minhas respostas absolutamente sinceras, embasadas nos anos em que o Luk\u00e1\u0161 e eu viemos para c\u00e1.<\/p>\n\n\n<div id=\"rank-math-faq\" class=\"rank-math-block\">\n<div class=\"rank-math-list \">\n<div id=\"faq-question-1779738004000\" class=\"rank-math-list-item\">\n<h3 class=\"rank-math-question \"><span class=\"ez-toc-section\" id=\"1_O_que_fazer_em_Cortina\"><\/span>1. O que fazer em Cortina?<span class=\"ez-toc-section-end\"><\/span><\/h3>\n<div class=\"rank-math-answer \">\n\n<p>Al\u00e9m das lindas trilhas de montanha desafiadoras e do excelente esqui no inverno, voc\u00ea pode simplesmente passear pregui\u00e7osamente pela zona de pedestres da Corso Italia, subir de telef\u00e9rico at\u00e9 Tofana e Faloria para tomar um caf\u00e9 ou explorar o incr\u00edvel museu ao ar livre da Primeira Guerra Mundial nas Cinque Torri, que fica bem perto.   Resumindo, voc\u00ea definitivamente n\u00e3o vai se entediar aqui, mesmo que n\u00e3o esteja com vontade de caminhar dezenas de quil\u00f4metros com uma mochila nas costas. Voc\u00ea pode descobrir o turquesa Lago di Sorapis e muitos outros lagos menores e maiores na regi\u00e3o.<\/p>\n\n<\/div>\n<\/div>\n<div id=\"faq-question-1779738004001\" class=\"rank-math-list-item\">\n<h3 class=\"rank-math-question \"><span class=\"ez-toc-section\" id=\"2_O_que_significa_Cortina_dAmpezzo\"><\/span>2. O que significa Cortina d&#8217;Ampezzo?<span class=\"ez-toc-section-end\"><\/span><\/h3>\n<div class=\"rank-math-answer \">\n\n<p>O nome desta cidade vem de duas palavras antigas. A palavra Cortina significa no antigo dialeto local um pequeno espa\u00e7o delimitado, p\u00e1tio ou historicamente muitas vezes designava um pequeno cemit\u00e9rio cercado por um muro ao redor de uma igreja.   A palavra Ampezzo, por sua vez, \u00e9 o nome hist\u00f3rico para todo aquele amplo vale verde que se estende ao redor do selvagem rio Boite. Juntas, formam um belo nome para esta pitoresca vila de montanha, que, no entanto, cresceu gradualmente at\u00e9 as dimens\u00f5es de um resort mundialmente famoso.<\/p>\n\n<\/div>\n<\/div>\n<div id=\"faq-question-1779738004002\" class=\"rank-math-list-item\">\n<h3 class=\"rank-math-question \"><span class=\"ez-toc-section\" id=\"3_O_que_fazer_em_Cortina_quando_chove\"><\/span>3. O que fazer em Cortina quando chove?<span class=\"ez-toc-section-end\"><\/span><\/h3>\n<div class=\"rank-math-answer \">\n\n<p>Definitivamente n\u00e3o desanime e v\u00e1 direto ao Est\u00e1dio Ol\u00edmpico de Inverno, onde voc\u00ea pode patinar em uma atmosfera retr\u00f4, ou v\u00e1 se aquecer e relaxar em um dos spas dos hot\u00e9is de luxo da regi\u00e3o.   Outra \u00f3tima op\u00e7\u00e3o para um dia chuvoso \u00e9 simplesmente decretar um dia de compras na Corso Italia, se aconchegar em um su\u00e9ter e passar a tarde inteira degustando excelente vinho tinto e queijos locais em uma das muitas tavernas italianas aquecidas.<\/p>\n\n<\/div>\n<\/div>\n<div id=\"faq-question-1779738004003\" class=\"rank-math-list-item\">\n<h3 class=\"rank-math-question \"><span class=\"ez-toc-section\" id=\"4_Como_funciona_com_as_zonas_ZTL_e_estacionamento\"><\/span>4. Como funciona com as zonas ZTL e estacionamento?<span class=\"ez-toc-section-end\"><\/span><\/h3>\n<div class=\"rank-math-answer \">\n\n<p>No pr\u00f3prio centro de Cortina, ou seja, na chamada zona ZTL, os carros simplesmente n\u00e3o podem entrar sem autoriza\u00e7\u00e3o especial. \u00c9 rigidamente e inflexivelmente monitorado por c\u00e2meras e sob amea\u00e7a de multas altas, que os italianos realmente v\u00e3o encontrar voc\u00ea e enviar para sua casa.  Portanto, voc\u00ea deve estacionar nos estacionamentos marcados, muitas vezes pagos, \u00e9 claro, nas extremidades da cidade. Se voc\u00ea estiver hospedado diretamente no centro, deve resolver isso antecipadamente com sua acomoda\u00e7\u00e3o, que vai providenciar a entrada na zona para voc\u00ea com base na sua placa do carro.<\/p>\n\n<\/div>\n<\/div>\n<div id=\"faq-question-1779738004004\" class=\"rank-math-list-item\">\n<h3 class=\"rank-math-question \"><span class=\"ez-toc-section\" id=\"5_E_possivel_aproveitar_Cortina_sem_carro\"><\/span>5. \u00c9 poss\u00edvel aproveitar Cortina sem carro?<span class=\"ez-toc-section-end\"><\/span><\/h3>\n<div class=\"rank-math-answer \">\n\n<p>Sim, certamente \u00e9 poss\u00edvel, mas \u00e9 um compromisso bastante grande que vai tirar um pouco da sua liberdade. O transporte p\u00fablico local funciona razoavelmente bem para os lugares mais famosos, como Passo Falzarego ou Tre Cime, ent\u00e3o voc\u00ea consegue chegar aos principais pontos tur\u00edsticos.  Infelizmente, na alta temporada de ver\u00e3o, esses \u00f4nibus costumam estar muito lotados, \u00e0s vezes simplesmente n\u00e3o param e voc\u00ea fica desagradavelmente dependente dos hor\u00e1rios deles, que, al\u00e9m disso, \u00e0s vezes n\u00e3o s\u00e3o cumpridos \u00e0 moda italiana. Alugar um carro simplesmente d\u00e1 aquela liberdade enorme \u00e0 qual estamos acostumados.<\/p>\n\n<\/div>\n<\/div>\n<div id=\"faq-question-1779738004005\" class=\"rank-math-list-item\">\n<h3 class=\"rank-math-question \"><span class=\"ez-toc-section\" id=\"6_Quantos_dias_preciso_para_visitar_Cortina\"><\/span>6. Quantos dias preciso para visitar Cortina?<span class=\"ez-toc-section-end\"><\/span><\/h3>\n<div class=\"rank-math-answer \">\n\n<p>Para ver as maiores belezas e n\u00e3o correr demais de um lugar para outro completamente exausto, recomendamos reservar no m\u00ednimo quatro a cinco dias inteiros de tempo livre.   Na nossa opini\u00e3o, \u00e9 o tempo ideal e equilibrado para uma boa combina\u00e7\u00e3o de um passeio de telef\u00e9rico, uma trilha longa e honesta e descanso junto aos belos lagos turquesa, sem sentir que voc\u00ea precisa de f\u00e9rias das suas f\u00e9rias por causa da exaust\u00e3o.<\/p>\n\n<\/div>\n<\/div>\n<div id=\"faq-question-1779738004006\" class=\"rank-math-list-item\">\n<h3 class=\"rank-math-question \"><span class=\"ez-toc-section\" id=\"7_As_Olimpiadas_de_Inverno_de_2026_vao_afetar_o_turismo_em_Cortina\"><\/span>7. As Olimp\u00edadas de Inverno de 2026 v\u00e3o afetar o turismo em Cortina?<span class=\"ez-toc-section-end\"><\/span><\/h3>\n<div class=\"rank-math-answer \">\n\n<p>Definitivamente e bastante. J\u00e1 a partir do outono de 2025 e durante toda a temporada de inverno de 2026, prepare-se antecipadamente para um enorme aumento nos pre\u00e7os de hospedagem, multid\u00f5es muito maiores de f\u00e3s de esportes e provavelmente v\u00e1rias restri\u00e7\u00f5es tamb\u00e9m.  Especialmente espere bloqueios de tr\u00e1fego ocasionais ao redor de locais esportivos importantes ou passagens de montanha, como por exemplo Passo Gardena. Se voc\u00ea quer aproveitar Cortina e seus arredores com tranquilidade, seja para esquiar ou fazer turismo pelos pre\u00e7os normais, ou pelo menos um pouco mais razo\u00e1veis, v\u00e1 de prefer\u00eancia antes que a loucura ol\u00edmpica comece de verdade.<\/p>\n\n<\/div>\n<\/div>\n<\/div>\n<\/div>","protected":false},"excerpt":{"rendered":"<p>Cortina d&#8217;Ampezzo \u00e9 a nossa base principal nas Dolomitas, e este ano viemos pela primeira vez com o Jon\u00e1\u0161 de um ano \u2014 em vez de longas trilhas, andamos de telef\u00e9rico. Um guia com 15 dicas: 4 hospedagens testadas, as armadilhas das ZTL, os efeitos das Olimp\u00edadas de 2026 e tudo o que voc\u00ea precisa saber antes da viagem.<\/p>\n","protected":false},"author":3,"featured_media":173625,"comment_status":"open","ping_status":"open","sticky":false,"template":"","format":"standard","meta":{"_acf_changed":false,"footnotes":"","rank_math_title":"Cortina d'Ampezzo It\u00e1lia: 15 Dicas do Que Ver","rank_math_description":"Cortina d'Ampezzo na It\u00e1lia: 15 dicas do que ver e fazer, onde ficar, quando ir e como chegar. Descubra as Dolomitas e planeje sua viagem agora!","rank_math_focus_keyword":"cortina d'ampezzo it\u00e1lia","rank_math_seo_score":""},"categories":[1121,1137,1113,1104],"tags":[],"class_list":["post-172639","post","type-post","status-publish","format-standard","has-post-thumbnail","category-europa","category-italia","category-road-trips-roteiros-de-viagem","category-viagens"],"acf":[],"featured_image_src":"https:\/\/loudavymkrokem.cz\/wp-content\/uploads\/2026\/05\/cortina-dampezzo-hlavni-namesti.jpg","author_info":{"display_name":"Lucie Kone\u010dn\u00e1","author_link":"https:\/\/loudavymkrokem.cz\/pt-br\/author\/lucie-konecna\/"},"_links":{"self":[{"href":"https:\/\/loudavymkrokem.cz\/pt-br\/wp-json\/wp\/v2\/posts\/172639","targetHints":{"allow":["GET"]}}],"collection":[{"href":"https:\/\/loudavymkrokem.cz\/pt-br\/wp-json\/wp\/v2\/posts"}],"about":[{"href":"https:\/\/loudavymkrokem.cz\/pt-br\/wp-json\/wp\/v2\/types\/post"}],"author":[{"embeddable":true,"href":"https:\/\/loudavymkrokem.cz\/pt-br\/wp-json\/wp\/v2\/users\/3"}],"replies":[{"embeddable":true,"href":"https:\/\/loudavymkrokem.cz\/pt-br\/wp-json\/wp\/v2\/comments?post=172639"}],"version-history":[{"count":0,"href":"https:\/\/loudavymkrokem.cz\/pt-br\/wp-json\/wp\/v2\/posts\/172639\/revisions"}],"wp:featuredmedia":[{"embeddable":true,"href":"https:\/\/loudavymkrokem.cz\/pt-br\/wp-json\/wp\/v2\/media\/173625"}],"wp:attachment":[{"href":"https:\/\/loudavymkrokem.cz\/pt-br\/wp-json\/wp\/v2\/media?parent=172639"}],"wp:term":[{"taxonomy":"category","embeddable":true,"href":"https:\/\/loudavymkrokem.cz\/pt-br\/wp-json\/wp\/v2\/categories?post=172639"},{"taxonomy":"post_tag","embeddable":true,"href":"https:\/\/loudavymkrokem.cz\/pt-br\/wp-json\/wp\/v2\/tags?post=172639"}],"curies":[{"name":"wp","href":"https:\/\/api.w.org\/{rel}","templated":true}]}}