{"id":151263,"date":"2026-03-25T09:49:13","date_gmt":"2026-03-25T08:49:13","guid":{"rendered":"https:\/\/loudavymkrokem.cz\/?p=151263"},"modified":"2026-04-30T11:08:23","modified_gmt":"2026-04-30T09:08:23","slug":"castelo-praga-tchequia-guia","status":"publish","type":"post","link":"https:\/\/loudavymkrokem.cz\/pt-br\/castelo-praga-tchequia-guia\/","title":{"rendered":"Castelo de Praga: O que visitar, quanto custa e como fugir das multid\u00f5es"},"content":{"rendered":"<p>Quando eu tinha dezessete anos e comecei a estudar no gin\u00e1sio de Mal\u00e1 Strana, n\u00e3o fazia ideia de que Praga me daria muito mais do que um diploma. Todo dia eu descia do bonde, passava pela Pra\u00e7a de Hrad\u010dany e ficava olhando a Catedral de S\u00e3o Vito se erguendo acima dos telhados. Naquela \u00e9poca, achava tudo aquilo normal. Era s\u00f3 o caminho para a escola. <strong>Hoje, muitos anos depois, percebo o privil\u00e9gio que era \u2014 passear pelo Castelo de Praga em vez de ficar presa numa sala de aula.<\/strong> \ud83d\ude05<\/p>\n<p>E tem mais um motivo pelo qual o castelo n\u00e3o \u00e9 apenas uma atra\u00e7\u00e3o tur\u00edstica pra mim. Foi no Castelo de Praga que tive meu primeiro encontro com o Luk\u00e1\u0161. <strong>Caminhamos pelos jardins, contemplamos Praga de baixo e de cima, e eu pensava que essa cidade \u00e9 simplesmente m\u00e1gica. Desde ent\u00e3o, voltamos ao castelo regularmente \u2014 e sempre descobrimos algo novo.<\/strong><\/p>\n<p>Neste artigo, voc\u00ea vai encontrar um guia completo do Castelo de Praga na Tch\u00e9quia \u2014 desde ingressos e hor\u00e1rios de funcionamento, passando por dicas do que visitar e o que \u00e9 gratuito, at\u00e9 lugares escondidos como Nov\u00fd Sv\u011bt, que a maioria dos turistas simplesmente ignora. Vou contar quando ir para evitar as multid\u00f5es, onde comer sem cair em armadilhas tur\u00edsticas e como aproveitar o castelo mesmo que voc\u00ea tenha apenas duas horas. E como passei anos aqui como estudante e continuo voltando, estou dando dicas de local \u2014 n\u00e3o de guia tur\u00edstico.<\/p>\n<figure class=\"wp-block-image size-full\"><img loading=\"lazy\" decoding=\"async\" width=\"1200\" height=\"800\" src=\"https:\/\/loudavymkrokem.cz\/wp-content\/uploads\/2023\/07\/prazsky-hrad-4182.jpg\" alt=\"Castelo de Praga na Tch\u00e9quia\" class=\"wp-image-151119\" title=\"\" srcset=\"https:\/\/loudavymkrokem.cz\/wp-content\/uploads\/2023\/07\/prazsky-hrad-4182.jpg 1200w, https:\/\/loudavymkrokem.cz\/wp-content\/uploads\/2023\/07\/prazsky-hrad-4182-300x200.jpg 300w, https:\/\/loudavymkrokem.cz\/wp-content\/uploads\/2023\/07\/prazsky-hrad-4182-700x467.jpg 700w, https:\/\/loudavymkrokem.cz\/wp-content\/uploads\/2023\/07\/prazsky-hrad-4182-768x512.jpg 768w, https:\/\/loudavymkrokem.cz\/wp-content\/uploads\/2023\/07\/prazsky-hrad-4182-696x464.jpg 696w\" sizes=\"auto, (max-width: 1200px) 100vw, 1200px\"><\/figure>\n<div id=\"ez-toc-container\" class=\"ez-toc-v2_0_82_2 ez-toc-wrap-left counter-hierarchy ez-toc-counter ez-toc-grey ez-toc-container-direction\">\n<div class=\"ez-toc-title-container\">\n<p class=\"ez-toc-title\" style=\"cursor:inherit\">Obsah \u010dl\u00e1nku<\/p>\n<span class=\"ez-toc-title-toggle\"><a href=\"#\" class=\"ez-toc-pull-right ez-toc-btn ez-toc-btn-xs ez-toc-btn-default ez-toc-toggle\" aria-label=\"Alternar tabela de conte\u00fado\"><span class=\"ez-toc-js-icon-con\"><span class=\"\"><span class=\"eztoc-hide\" style=\"display:none;\">Toggle<\/span><span class=\"ez-toc-icon-toggle-span\"><svg style=\"fill: #999;color:#999\" xmlns=\"http:\/\/www.w3.org\/2000\/svg\" class=\"list-377408\" width=\"20px\" height=\"20px\" viewBox=\"0 0 24 24\" fill=\"none\"><path d=\"M6 6H4v2h2V6zm14 0H8v2h12V6zM4 11h2v2H4v-2zm16 0H8v2h12v-2zM4 16h2v2H4v-2zm16 0H8v2h12v-2z\" fill=\"currentColor\"><\/path><\/svg><svg style=\"fill: #999;color:#999\" class=\"arrow-unsorted-368013\" xmlns=\"http:\/\/www.w3.org\/2000\/svg\" width=\"10px\" height=\"10px\" viewBox=\"0 0 24 24\" version=\"1.2\" baseProfile=\"tiny\"><path d=\"M18.2 9.3l-6.2-6.3-6.2 6.3c-.2.2-.3.4-.3.7s.1.5.3.7c.2.2.4.3.7.3h11c.3 0 .5-.1.7-.3.2-.2.3-.5.3-.7s-.1-.5-.3-.7zM5.8 14.7l6.2 6.3 6.2-6.3c.2-.2.3-.5.3-.7s-.1-.5-.3-.7c-.2-.2-.4-.3-.7-.3h-11c-.3 0-.5.1-.7.3-.2.2-.3.5-.3.7s.1.5.3.7z\"\/><\/svg><\/span><\/span><\/span><\/a><\/span><\/div>\n<nav><ul class='ez-toc-list ez-toc-list-level-1 ' ><ul class='ez-toc-list-level-3' ><li class='ez-toc-heading-level-3'><a class=\"ez-toc-link ez-toc-heading-1\" href=\"https:\/\/loudavymkrokem.cz\/pt-br\/castelo-praga-tchequia-guia\/#Resumo\" >Resumo<\/a><\/li><\/ul><\/li><li class='ez-toc-page-1 ez-toc-heading-level-2'><a class=\"ez-toc-link ez-toc-heading-2\" href=\"https:\/\/loudavymkrokem.cz\/pt-br\/castelo-praga-tchequia-guia\/#Quando_ir_ao_Castelo_de_Praga_e_como_evitar_multidoes\" >Quando ir ao Castelo de Praga e como evitar multid\u00f5es<\/a><ul class='ez-toc-list-level-3' ><li class='ez-toc-heading-level-3'><a class=\"ez-toc-link ez-toc-heading-3\" href=\"https:\/\/loudavymkrokem.cz\/pt-br\/castelo-praga-tchequia-guia\/#Melhor_horario_durante_o_dia\" >Melhor hor\u00e1rio durante o dia<\/a><\/li><li class='ez-toc-page-1 ez-toc-heading-level-3'><a class=\"ez-toc-link ez-toc-heading-4\" href=\"https:\/\/loudavymkrokem.cz\/pt-br\/castelo-praga-tchequia-guia\/#Melhor_dia_da_semana\" >Melhor dia da semana<\/a><\/li><li class='ez-toc-page-1 ez-toc-heading-level-3'><a class=\"ez-toc-link ez-toc-heading-5\" href=\"https:\/\/loudavymkrokem.cz\/pt-br\/castelo-praga-tchequia-guia\/#Diferencas_sazonais\" >Diferen\u00e7as sazonais<\/a><\/li><\/ul><\/li><li class='ez-toc-page-1 ez-toc-heading-level-2'><a class=\"ez-toc-link ez-toc-heading-6\" href=\"https:\/\/loudavymkrokem.cz\/pt-br\/castelo-praga-tchequia-guia\/#Quanto_custa_o_Castelo_de_Praga_%E2%80%94_ingressos_circuitos_e_o_que_e_gratis\" >Quanto custa o Castelo de Praga \u2014 ingressos, circuitos e o que \u00e9 gr\u00e1tis<\/a><ul class='ez-toc-list-level-3' ><li class='ez-toc-heading-level-3'><a class=\"ez-toc-link ez-toc-heading-7\" href=\"https:\/\/loudavymkrokem.cz\/pt-br\/castelo-praga-tchequia-guia\/#Circuitos_de_visitacao_do_Castelo_de_Praga\" >Circuitos de visita\u00e7\u00e3o do Castelo de Praga<\/a><\/li><li class='ez-toc-page-1 ez-toc-heading-level-3'><a class=\"ez-toc-link ez-toc-heading-8\" href=\"https:\/\/loudavymkrokem.cz\/pt-br\/castelo-praga-tchequia-guia\/#Os_ingressos_valem_por_2_dias\" >Os ingressos valem por 2 dias!<\/a><\/li><li class='ez-toc-page-1 ez-toc-heading-level-3'><a class=\"ez-toc-link ez-toc-heading-9\" href=\"https:\/\/loudavymkrokem.cz\/pt-br\/castelo-praga-tchequia-guia\/#O_que_e_gratuito_no_Castelo_de_Praga\" >O que \u00e9 gratuito no Castelo de Praga<\/a><\/li><li class='ez-toc-page-1 ez-toc-heading-level-3'><a class=\"ez-toc-link ez-toc-heading-10\" href=\"https:\/\/loudavymkrokem.cz\/pt-br\/castelo-praga-tchequia-guia\/#Onde_comprar_ingressos\" >Onde comprar ingressos<\/a><\/li><\/ul><\/li><li class='ez-toc-page-1 ez-toc-heading-level-2'><a class=\"ez-toc-link ez-toc-heading-11\" href=\"https:\/\/loudavymkrokem.cz\/pt-br\/castelo-praga-tchequia-guia\/#Como_chegar_ao_Castelo_de_Praga_%E2%80%94_5_maneiras\" >Como chegar ao Castelo de Praga \u2014 5 maneiras<\/a><ul class='ez-toc-list-level-3' ><li class='ez-toc-heading-level-3'><a class=\"ez-toc-link ez-toc-heading-12\" href=\"https:\/\/loudavymkrokem.cz\/pt-br\/castelo-praga-tchequia-guia\/#1_De_bonde_22_ou_23_%E2%80%94_a_opcao_mais_comoda\" >1. De bonde 22 ou 23 \u2014 a op\u00e7\u00e3o mais c\u00f4moda<\/a><\/li><li class='ez-toc-page-1 ez-toc-heading-level-3'><a class=\"ez-toc-link ez-toc-heading-13\" href=\"https:\/\/loudavymkrokem.cz\/pt-br\/castelo-praga-tchequia-guia\/#2_Metro_A_ate_Malostranska_a_pe_morro_acima\" >2. Metr\u00f4 A at\u00e9 Malostransk\u00e1 + a p\u00e9 morro acima<\/a><\/li><li class='ez-toc-page-1 ez-toc-heading-level-3'><a class=\"ez-toc-link ez-toc-heading-14\" href=\"https:\/\/loudavymkrokem.cz\/pt-br\/castelo-praga-tchequia-guia\/#3_Combinacao_recomendada_bonde_para_subir_a_pe_para_descer\" >3. Combina\u00e7\u00e3o recomendada: bonde para subir, a p\u00e9 para descer<\/a><\/li><li class='ez-toc-page-1 ez-toc-heading-level-3'><a class=\"ez-toc-link ez-toc-heading-15\" href=\"https:\/\/loudavymkrokem.cz\/pt-br\/castelo-praga-tchequia-guia\/#4_A_pe_pela_Ponte_Carlos_e_Mala_Strana\" >4. A p\u00e9 pela Ponte Carlos e Mal\u00e1 Strana<\/a><\/li><li class='ez-toc-page-1 ez-toc-heading-level-3'><a class=\"ez-toc-link ez-toc-heading-16\" href=\"https:\/\/loudavymkrokem.cz\/pt-br\/castelo-praga-tchequia-guia\/#5_De_carro_melhor_nao\" >5. De carro (melhor n\u00e3o)<\/a><\/li><\/ul><\/li><li class='ez-toc-page-1 ez-toc-heading-level-2'><a class=\"ez-toc-link ez-toc-heading-17\" href=\"https:\/\/loudavymkrokem.cz\/pt-br\/castelo-praga-tchequia-guia\/#O_que_visitar_no_Castelo_de_Praga_%E2%80%94_guia_completo\" >O que visitar no Castelo de Praga \u2014 guia completo<\/a><ul class='ez-toc-list-level-3' ><li class='ez-toc-heading-level-3'><a class=\"ez-toc-link ez-toc-heading-18\" href=\"https:\/\/loudavymkrokem.cz\/pt-br\/castelo-praga-tchequia-guia\/#1_Catedral_de_Sao_Vito_%E2%80%94_o_coracao_do_castelo\" >1. Catedral de S\u00e3o Vito \u2014 o cora\u00e7\u00e3o do castelo<\/a><\/li><li class='ez-toc-page-1 ez-toc-heading-level-3'><a class=\"ez-toc-link ez-toc-heading-19\" href=\"https:\/\/loudavymkrokem.cz\/pt-br\/castelo-praga-tchequia-guia\/#2_Palacio_Real_Antigo_%E2%80%94_a_defenestracao_e_o_Salao_Vladislav\" >2. Pal\u00e1cio Real Antigo \u2014 a defenestra\u00e7\u00e3o e o Sal\u00e3o Vladislav<\/a><\/li><li class='ez-toc-page-1 ez-toc-heading-level-3'><a class=\"ez-toc-link ez-toc-heading-20\" href=\"https:\/\/loudavymkrokem.cz\/pt-br\/castelo-praga-tchequia-guia\/#3_Basilica_de_Sao_Jorge_%E2%80%94_a_igreja_mais_antiga_do_castelo\" >3. Bas\u00edlica de S\u00e3o Jorge \u2014 a igreja mais antiga do castelo<\/a><\/li><li class='ez-toc-page-1 ez-toc-heading-level-3'><a class=\"ez-toc-link ez-toc-heading-21\" href=\"https:\/\/loudavymkrokem.cz\/pt-br\/castelo-praga-tchequia-guia\/#4_Ruela_Dourada_%E2%80%94_a_casa_de_Kafka_no_22\" >4. Ruela Dourada \u2014 a casa de Kafka n\u00ba 22<\/a><\/li><li class='ez-toc-page-1 ez-toc-heading-level-3'><a class=\"ez-toc-link ez-toc-heading-22\" href=\"https:\/\/loudavymkrokem.cz\/pt-br\/castelo-praga-tchequia-guia\/#5_Palacio_Lobkowicz_%E2%80%94_joia_escondida_que_a_maioria_dos_turistas_perde\" >5. Pal\u00e1cio Lobkowicz \u2014 joia escondida que a maioria dos turistas perde<\/a><\/li><li class='ez-toc-page-1 ez-toc-heading-level-3'><a class=\"ez-toc-link ez-toc-heading-23\" href=\"https:\/\/loudavymkrokem.cz\/pt-br\/castelo-praga-tchequia-guia\/#6_Troca_da_guarda_%E2%80%94_vale_a_pena\" >6. Troca da guarda \u2014 vale a pena?<\/a><\/li><\/ul><\/li><li class='ez-toc-page-1 ez-toc-heading-level-2'><a class=\"ez-toc-link ez-toc-heading-24\" href=\"https:\/\/loudavymkrokem.cz\/pt-br\/castelo-praga-tchequia-guia\/#Jardins_do_Castelo_de_Praga_%E2%80%94_a_parte_mais_bonita_que_os_turistas_ignoram\" >Jardins do Castelo de Praga \u2014 a parte mais bonita que os turistas ignoram<\/a><ul class='ez-toc-list-level-3' ><li class='ez-toc-heading-level-3'><a class=\"ez-toc-link ez-toc-heading-25\" href=\"https:\/\/loudavymkrokem.cz\/pt-br\/castelo-praga-tchequia-guia\/#Jardim_Real_%E2%80%94_36_hectares_de_beleza\" >Jardim Real \u2014 3,6 hectares de beleza<\/a><\/li><li class='ez-toc-page-1 ez-toc-heading-level-3'><a class=\"ez-toc-link ez-toc-heading-26\" href=\"https:\/\/loudavymkrokem.cz\/pt-br\/castelo-praga-tchequia-guia\/#Jardins_do_Sul_%E2%80%94_projeto_de_Plecnik_e_vistas_de_Praga\" >Jardins do Sul \u2014 projeto de Ple\u010dn\u00edk e vistas de Praga<\/a><\/li><li class='ez-toc-page-1 ez-toc-heading-level-3'><a class=\"ez-toc-link ez-toc-heading-27\" href=\"https:\/\/loudavymkrokem.cz\/pt-br\/castelo-praga-tchequia-guia\/#Fosso_dos_Cervos_%E2%80%94_oasis_de_tranquilidade_que_quase_ninguem_conhece\" >Fosso dos Cervos \u2014 o\u00e1sis de tranquilidade que quase ningu\u00e9m conhece<\/a><\/li><\/ul><\/li><li class='ez-toc-page-1 ez-toc-heading-level-2'><a class=\"ez-toc-link ez-toc-heading-28\" href=\"https:\/\/loudavymkrokem.cz\/pt-br\/castelo-praga-tchequia-guia\/#Lugares_secretos_perto_do_Castelo_de_Praga_%E2%80%94_onde_turistas_nao_vao\" >Lugares secretos perto do Castelo de Praga \u2014 onde turistas n\u00e3o v\u00e3o<\/a><ul class='ez-toc-list-level-3' ><li class='ez-toc-heading-level-3'><a class=\"ez-toc-link ez-toc-heading-29\" href=\"https:\/\/loudavymkrokem.cz\/pt-br\/castelo-praga-tchequia-guia\/#Novy_Svet_%E2%80%94_bairro_romantico_onde_o_tempo_parou\" >Nov\u00fd Sv\u011bt \u2014 bairro rom\u00e2ntico onde o tempo parou<\/a><\/li><li class='ez-toc-page-1 ez-toc-heading-level-3'><a class=\"ez-toc-link ez-toc-heading-30\" href=\"https:\/\/loudavymkrokem.cz\/pt-br\/castelo-praga-tchequia-guia\/#Strahov_%E2%80%94_biblioteca_cervejaria_e_vistas\" >Strahov \u2014 biblioteca, cervejaria e vistas<\/a><\/li><li class='ez-toc-page-1 ez-toc-heading-level-3'><a class=\"ez-toc-link ez-toc-heading-31\" href=\"https:\/\/loudavymkrokem.cz\/pt-br\/castelo-praga-tchequia-guia\/#Lugares_fotogenicos_%E2%80%94_onde_tirar_fotos\" >Lugares fotog\u00eanicos \u2014 onde tirar fotos<\/a><\/li><\/ul><\/li><li class='ez-toc-page-1 ez-toc-heading-level-2'><a class=\"ez-toc-link ez-toc-heading-32\" href=\"https:\/\/loudavymkrokem.cz\/pt-br\/castelo-praga-tchequia-guia\/#Onde_comer_no_Castelo_de_Praga_e_arredores_%E2%80%94_sem_armadilhas_turisticas\" >Onde comer no Castelo de Praga e arredores \u2014 sem armadilhas tur\u00edsticas<\/a><ul class='ez-toc-list-level-3' ><li class='ez-toc-heading-level-3'><a class=\"ez-toc-link ez-toc-heading-33\" href=\"https:\/\/loudavymkrokem.cz\/pt-br\/castelo-praga-tchequia-guia\/#Kuchyn_Ambiente_%E2%80%94_cozinha_tcheca_com_vista\" >Kuchy\u0148 (Ambiente) \u2014 cozinha tcheca com vista<\/a><\/li><li class='ez-toc-page-1 ez-toc-heading-level-3'><a class=\"ez-toc-link ez-toc-heading-34\" href=\"https:\/\/loudavymkrokem.cz\/pt-br\/castelo-praga-tchequia-guia\/#Vikarka_%E2%80%94_restaurante_historico_desde_1347\" >Vik\u00e1rka \u2014 restaurante hist\u00f3rico desde 1347<\/a><\/li><li class='ez-toc-page-1 ez-toc-heading-level-3'><a class=\"ez-toc-link ez-toc-heading-35\" href=\"https:\/\/loudavymkrokem.cz\/pt-br\/castelo-praga-tchequia-guia\/#Cafe_Melvin_Bistro_%E2%80%94_na_Ruela_Dourada\" >Caf\u00e9 Melvin Bistro \u2014 na Ruela Dourada<\/a><\/li><li class='ez-toc-page-1 ez-toc-heading-level-3'><a class=\"ez-toc-link ez-toc-heading-36\" href=\"https:\/\/loudavymkrokem.cz\/pt-br\/castelo-praga-tchequia-guia\/#Cafe_Novy_Svet_%E2%80%94_tranquilo_e_com_precos_acessiveis\" >Caf\u00e9 Nov\u00fd Sv\u011bt \u2014 tranquilo e com pre\u00e7os acess\u00edveis<\/a><\/li><li class='ez-toc-page-1 ez-toc-heading-level-3'><a class=\"ez-toc-link ez-toc-heading-37\" href=\"https:\/\/loudavymkrokem.cz\/pt-br\/castelo-praga-tchequia-guia\/#Cervejaria_do_Mosteiro_de_Strahov_%E2%80%94_cerveja_propria_mas_reserve\" >Cervejaria do Mosteiro de Strahov \u2014 cerveja pr\u00f3pria, mas reserve!<\/a><\/li><li class='ez-toc-page-1 ez-toc-heading-level-3'><a class=\"ez-toc-link ez-toc-heading-38\" href=\"https:\/\/loudavymkrokem.cz\/pt-br\/castelo-praga-tchequia-guia\/#IPPA_Cafe\" >IPPA Caf\u00e9<\/a><\/li><\/ul><\/li><li class='ez-toc-page-1 ez-toc-heading-level-2'><a class=\"ez-toc-link ez-toc-heading-39\" href=\"https:\/\/loudavymkrokem.cz\/pt-br\/castelo-praga-tchequia-guia\/#3_roteiros_de_acordo_com_o_tempo_disponivel\" >3 roteiros de acordo com o tempo dispon\u00edvel<\/a><ul class='ez-toc-list-level-3' ><li class='ez-toc-heading-level-3'><a class=\"ez-toc-link ez-toc-heading-40\" href=\"https:\/\/loudavymkrokem.cz\/pt-br\/castelo-praga-tchequia-guia\/#Para_2_horas_%E2%80%94_visita_rapida_quando_o_tempo_e_curto\" >Para 2 horas \u2014 visita r\u00e1pida quando o tempo \u00e9 curto<\/a><\/li><li class='ez-toc-page-1 ez-toc-heading-level-3'><a class=\"ez-toc-link ez-toc-heading-41\" href=\"https:\/\/loudavymkrokem.cz\/pt-br\/castelo-praga-tchequia-guia\/#Para_meio_dia_%E2%80%94_roteiro_recomendado_para_a_maioria_dos_visitantes\" >Para meio dia \u2014 roteiro recomendado para a maioria dos visitantes<\/a><\/li><li class='ez-toc-page-1 ez-toc-heading-level-3'><a class=\"ez-toc-link ez-toc-heading-42\" href=\"https:\/\/loudavymkrokem.cz\/pt-br\/castelo-praga-tchequia-guia\/#Para_o_dia_inteiro_%E2%80%94_para_amantes_de_historia_e_viagem_lenta\" >Para o dia inteiro \u2014 para amantes de hist\u00f3ria e viagem lenta<\/a><\/li><\/ul><\/li><li class='ez-toc-page-1 ez-toc-heading-level-2'><a class=\"ez-toc-link ez-toc-heading-43\" href=\"https:\/\/loudavymkrokem.cz\/pt-br\/castelo-praga-tchequia-guia\/#Festival_Shakespeare_e_outros_eventos_no_castelo\" >Festival Shakespeare e outros eventos no castelo<\/a><ul class='ez-toc-list-level-3' ><li class='ez-toc-heading-level-3'><a class=\"ez-toc-link ez-toc-heading-44\" href=\"https:\/\/loudavymkrokem.cz\/pt-br\/castelo-praga-tchequia-guia\/#Festival_Shakespeare_%E2%80%94_teatro_ao_ar_livre\" >Festival Shakespeare \u2014 teatro ao ar livre<\/a><\/li><li class='ez-toc-page-1 ez-toc-heading-level-3'><a class=\"ez-toc-link ez-toc-heading-45\" href=\"https:\/\/loudavymkrokem.cz\/pt-br\/castelo-praga-tchequia-guia\/#Outros_eventos_no_castelo\" >Outros eventos no castelo<\/a><\/li><\/ul><\/li><li class='ez-toc-page-1 ez-toc-heading-level-2'><a class=\"ez-toc-link ez-toc-heading-46\" href=\"https:\/\/loudavymkrokem.cz\/pt-br\/castelo-praga-tchequia-guia\/#Castelo_de_Praga_%E2%80%94_curiosidades_que_voce_nao_encontra_em_outro_lugar\" >Castelo de Praga \u2014 curiosidades que voc\u00ea n\u00e3o encontra em outro lugar<\/a><\/li><li class='ez-toc-page-1 ez-toc-heading-level-2'><a class=\"ez-toc-link ez-toc-heading-47\" href=\"https:\/\/loudavymkrokem.cz\/pt-br\/castelo-praga-tchequia-guia\/#Perguntas_frequentes_sobre_o_Castelo_de_Praga_FAQ\" >Perguntas frequentes sobre o Castelo de Praga (FAQ)<\/a><ul class='ez-toc-list-level-3' ><li class='ez-toc-heading-level-3'><a class=\"ez-toc-link ez-toc-heading-48\" href=\"https:\/\/loudavymkrokem.cz\/pt-br\/castelo-praga-tchequia-guia\/#Quanto_custa_a_entrada_no_Castelo_de_Praga\" >Quanto custa a entrada no Castelo de Praga?<\/a><\/li><li class='ez-toc-page-1 ez-toc-heading-level-3'><a class=\"ez-toc-link ez-toc-heading-49\" href=\"https:\/\/loudavymkrokem.cz\/pt-br\/castelo-praga-tchequia-guia\/#A_entrada_no_Castelo_de_Praga_e_gratuita\" >A entrada no Castelo de Praga \u00e9 gratuita?<\/a><\/li><li class='ez-toc-page-1 ez-toc-heading-level-3'><a class=\"ez-toc-link ez-toc-heading-50\" href=\"https:\/\/loudavymkrokem.cz\/pt-br\/castelo-praga-tchequia-guia\/#Quanto_tempo_dura_a_visita_ao_Castelo_de_Praga\" >Quanto tempo dura a visita ao Castelo de Praga?<\/a><\/li><li class='ez-toc-page-1 ez-toc-heading-level-3'><a class=\"ez-toc-link ez-toc-heading-51\" href=\"https:\/\/loudavymkrokem.cz\/pt-br\/castelo-praga-tchequia-guia\/#Qual_o_melhor_horario_para_visitar_o_Castelo_de_Praga\" >Qual o melhor hor\u00e1rio para visitar o Castelo de Praga?<\/a><\/li><li class='ez-toc-page-1 ez-toc-heading-level-3'><a class=\"ez-toc-link ez-toc-heading-52\" href=\"https:\/\/loudavymkrokem.cz\/pt-br\/castelo-praga-tchequia-guia\/#Como_chegar_ao_Castelo_de_Praga\" >Como chegar ao Castelo de Praga?<\/a><\/li><li class='ez-toc-page-1 ez-toc-heading-level-3'><a class=\"ez-toc-link ez-toc-heading-53\" href=\"https:\/\/loudavymkrokem.cz\/pt-br\/castelo-praga-tchequia-guia\/#Quando_foi_construido_o_Castelo_de_Praga\" >Quando foi constru\u00eddo o Castelo de Praga?<\/a><\/li><li class='ez-toc-page-1 ez-toc-heading-level-3'><a class=\"ez-toc-link ez-toc-heading-54\" href=\"https:\/\/loudavymkrokem.cz\/pt-br\/castelo-praga-tchequia-guia\/#Quantos_comodos_tem_o_Castelo_de_Praga\" >Quantos c\u00f4modos tem o Castelo de Praga?<\/a><\/li><\/ul><\/li><\/ul><\/nav><\/div>\n<h3 class=\"wp-block-heading\"><span class=\"ez-toc-section\" id=\"Resumo\"><\/span><span class=\"ez-toc-section\" id=\"Resumo\"><\/span>Resumo<span class=\"ez-toc-section-end\"><\/span><span class=\"ez-toc-section-end\"><\/span><\/h3>\n<ul class=\"wp-block-list\">\n<li><strong>O Castelo de Praga \u00e9 o maior complexo de castelo antigo do mundo<\/strong> \u2014 com mais de 70.000 m\u00b2, ent\u00e3o reserve pelo menos meio dia para uma visita completa.<\/li>\n<li><strong>A entrada no recinto \u00e9 totalmente gratuita.<\/strong> Voc\u00ea s\u00f3 paga pelos interiores dos edif\u00edcios (circuito B a partir de 10 \u20ac, circuito A a partir de 14 \u20ac). Os ingressos valem por 2 dias.<\/li>\n<li><strong>A Ruela Dourada (Zlat\u00e1 uli\u010dka) \u00e9 gratuita ap\u00f3s as 17h no ver\u00e3o e ap\u00f3s as 16h no inverno<\/strong> \u2014 uma das melhores dicas para economizar.<\/li>\n<li><strong>Os jardins s\u00e3o gratuitos e lindos<\/strong> \u2014 Jardim Real, Jardins do Sul e Fosso dos Cervos. Abertos de mar\u00e7o at\u00e9 meados de novembro, aproximadamente.<\/li>\n<li><strong>Para evitar multid\u00f5es, chegue antes das 9h ou ap\u00f3s as 18h.<\/strong> Os dias mais tranquilos s\u00e3o ter\u00e7a e quarta-feira. O caos \u00e9 de sexta a domingo, principalmente em julho e agosto entre 10h e 14h.<\/li>\n<li><strong>Bonde 22\/23 para subir, a p\u00e9 para descer por Mal\u00e1 Strana<\/strong> \u2014 a melhor estrat\u00e9gia para curtir o caminho sem enfrentar a ladeira.<\/li>\n<li><strong>Nov\u00fd Sv\u011bt<\/strong> \u00e9 um bairro rom\u00e2ntico pertinho do castelo onde turistas quase n\u00e3o v\u00e3o. Em vez das multid\u00f5es na Ruela Dourada, experimente este lugar.<\/li>\n<li><strong>O Pal\u00e1cio Lobkowicz<\/strong> \u00e9 uma joia escondida com obras de Canaletto, Bruegel e manuscritos de Beethoven \u2014 e tem um terra\u00e7o com vista para Praga.<\/li>\n<li><strong>Para comer, v\u00e1 ao restaurante Kuchy\u0148 (Ambiente)<\/strong> ou \u00e0 Cervejaria do Mosteiro de Strahov \u2014 mas reserve com anteced\u00eancia.<\/li>\n<li><strong>O Festival Shakespeare<\/strong> (final de junho a in\u00edcio de setembro) \u00e9 uma experi\u00eancia m\u00e1gica ao ar livre dentro do recinto do castelo.<\/li>\n<\/ul>\n<h2 class=\"wp-block-heading\"><span class=\"ez-toc-section\" id=\"Quando_ir_ao_Castelo_de_Praga_e_como_evitar_multidoes\"><\/span><span class=\"ez-toc-section\" id=\"Quando_ir_ao_Castelo_de_Praga_e_como_evitar_multidoes\"><\/span>Quando ir ao Castelo de Praga e como evitar multid\u00f5es<span class=\"ez-toc-section-end\"><\/span><span class=\"ez-toc-section-end\"><\/span><\/h2>\n<figure class=\"wp-block-image size-full\"><img loading=\"lazy\" decoding=\"async\" width=\"1200\" height=\"800\" src=\"https:\/\/loudavymkrokem.cz\/wp-content\/uploads\/2023\/07\/prazsky-hrad-4173.jpg\" alt=\"Vista do Castelo de Praga\" class=\"wp-image-151121\" title=\"\" srcset=\"https:\/\/loudavymkrokem.cz\/wp-content\/uploads\/2023\/07\/prazsky-hrad-4173.jpg 1200w, https:\/\/loudavymkrokem.cz\/wp-content\/uploads\/2023\/07\/prazsky-hrad-4173-300x200.jpg 300w, https:\/\/loudavymkrokem.cz\/wp-content\/uploads\/2023\/07\/prazsky-hrad-4173-700x467.jpg 700w, https:\/\/loudavymkrokem.cz\/wp-content\/uploads\/2023\/07\/prazsky-hrad-4173-768x512.jpg 768w, https:\/\/loudavymkrokem.cz\/wp-content\/uploads\/2023\/07\/prazsky-hrad-4173-696x464.jpg 696w\" sizes=\"auto, (max-width: 1200px) 100vw, 1200px\"><\/figure>\n<p>Esta \u00e9 provavelmente a se\u00e7\u00e3o mais importante de todo o artigo, porque um timing errado pode estragar completamente a sua experi\u00eancia no Castelo de Praga. As multid\u00f5es na alta temporada s\u00e3o realmente pesadas \u2014 e a\u00ed voc\u00ea l\u00ea no TripAdvisor avalia\u00e7\u00f5es do tipo &#8220;decep\u00e7\u00e3o, filas em todo lugar, nada demais&#8221;, quando na verdade o problema foi ter ido na pior hora poss\u00edvel. Ent\u00e3o vamos definir quando ir para curtir o castelo de verdade.<\/p>\n<h3 class=\"wp-block-heading\"><span class=\"ez-toc-section\" id=\"Melhor_horario_durante_o_dia\"><\/span><span class=\"ez-toc-section\" id=\"Melhor_horario_durante_o_dia\"><\/span>Melhor hor\u00e1rio durante o dia<span class=\"ez-toc-section-end\"><\/span><span class=\"ez-toc-section-end\"><\/span><\/h3>\n<p>Regra de ouro: <strong>chegue antes das 9h ou ap\u00f3s as 18h.<\/strong> O recinto do castelo fica acess\u00edvel das 6h \u00e0s 22h o ano inteiro, e \u00e9 gratuito \u2014 ent\u00e3o nesse hor\u00e1rio voc\u00ea pode passear pelos p\u00e1tios, jardins e curtir as vistas praticamente sozinho. Os pr\u00e9dios com entrada paga (catedral, Pal\u00e1cio Real Antigo, Ruela Dourada) abrem \u00e0s 9h e fecham \u00e0s 17h na temporada (abril a outubro) e \u00e0s 16h no inverno (novembro a mar\u00e7o). \u00c9 justamente por volta das nove que as filas come\u00e7am a se formar.<\/p>\n<p>Se voc\u00ea quer entrar nos edif\u00edcios, esteja na bilheteria do II P\u00e1tio alguns minutos antes das nove. Vai estar entre os primeiros e evitar\u00e1 as filas que se formam por volta das dez. <strong>O pior hor\u00e1rio absoluto \u00e9 entre 10h e 14h<\/strong> \u2014 o castelo fica lotado como metr\u00f4 em hor\u00e1rio de pico.<\/p>\n<p>A visita \u00e0 noite tem outro encanto. Os pr\u00e9dios j\u00e1 est\u00e3o fechados, mas o recinto fica iluminado na luz do entardecer e a atmosfera \u00e9 m\u00e1gica. Eu e o Luk\u00e1\u0161 adoramos vir passear justamente nesse hor\u00e1rio \u2014 nos p\u00e1tios voc\u00ea encontra principalmente moradores locais e de vez em quando algum turista rom\u00e2ntico. \u263a\ufe0f<\/p>\n<figure class=\"wp-block-image size-full\"><img loading=\"lazy\" decoding=\"async\" width=\"1200\" height=\"800\" src=\"https:\/\/loudavymkrokem.cz\/wp-content\/uploads\/2023\/07\/prazsky-hrad-4181.jpg\" alt=\"Castelo de Praga ao entardecer\" class=\"wp-image-151118\" title=\"\" srcset=\"https:\/\/loudavymkrokem.cz\/wp-content\/uploads\/2023\/07\/prazsky-hrad-4181.jpg 1200w, https:\/\/loudavymkrokem.cz\/wp-content\/uploads\/2023\/07\/prazsky-hrad-4181-300x200.jpg 300w, https:\/\/loudavymkrokem.cz\/wp-content\/uploads\/2023\/07\/prazsky-hrad-4181-700x467.jpg 700w, https:\/\/loudavymkrokem.cz\/wp-content\/uploads\/2023\/07\/prazsky-hrad-4181-768x512.jpg 768w, https:\/\/loudavymkrokem.cz\/wp-content\/uploads\/2023\/07\/prazsky-hrad-4181-696x464.jpg 696w\" sizes=\"auto, (max-width: 1200px) 100vw, 1200px\"><\/figure>\n<h3 class=\"wp-block-heading\"><span class=\"ez-toc-section\" id=\"Melhor_dia_da_semana\"><\/span><span class=\"ez-toc-section\" id=\"Melhor_dia_da_semana\"><\/span>Melhor dia da semana<span class=\"ez-toc-section-end\"><\/span><span class=\"ez-toc-section-end\"><\/span><\/h3>\n<p><strong>Ter\u00e7a e quarta-feira<\/strong> s\u00e3o sem d\u00favida os dias mais tranquilos. Segunda-feira costuma ser surpreendentemente movimentada, porque muita gente aproveita o fim de semana para passear e na segunda &#8220;ainda d\u00e1 tempo de ver o castelo&#8221;. De sexta a domingo \u00e9 um inferno, especialmente da primavera ao outono.<\/p>\n<h3 class=\"wp-block-heading\"><span class=\"ez-toc-section\" id=\"Diferencas_sazonais\"><\/span><span class=\"ez-toc-section\" id=\"Diferencas_sazonais\"><\/span>Diferen\u00e7as sazonais<span class=\"ez-toc-section-end\"><\/span><span class=\"ez-toc-section-end\"><\/span><\/h3>\n<p><strong>Julho e agosto<\/strong> \u2014 os piores meses em termos de multid\u00f5es. Se puder, evite.<\/p>\n<p><strong>Maio, junho, setembro<\/strong> \u2014 clima lindo, jardins floridos, mas ainda com bastante turista. A t\u00e1tica de manh\u00e3 cedo \/ final de tarde funciona bem.<\/p>\n<p><strong>Outubro e novembro<\/strong> \u2014 minha \u00e9poca favorita. Cores outonais nos jardins, menos gente, e se o tempo colaborar, \u00e9 lindo demais.<\/p>\n<p><strong>Dezembro a fevereiro<\/strong> \u2014 menos turistas (tirando Natal e R\u00e9veillon). Por\u00e9m, os jardins ficam fechados (de meados de novembro at\u00e9 o final de fevereiro, aproximadamente), ent\u00e3o voc\u00ea perde uma das partes mais bonitas. Por outro lado, o castelo coberto de neve tem uma atmosfera que voc\u00ea n\u00e3o encontra em nenhum outro lugar.<\/p>\n<p>\ud83d\udca1 <strong>DICA:<\/strong> Se estiver viajando no ver\u00e3o e quiser visitar a Ruela Dourada sem pagar e sem multid\u00f5es, v\u00e1 ap\u00f3s as 17h \u2014 a entrada \u00e9 gratuita e a maioria dos grupos organizados j\u00e1 foi embora.<\/p>\n<figure class=\"wp-block-image size-full\"><img loading=\"lazy\" decoding=\"async\" width=\"1200\" height=\"800\" src=\"https:\/\/loudavymkrokem.cz\/wp-content\/uploads\/2023\/07\/prazsky-hrad-4167.jpg\" alt=\"Caminho saindo do Castelo de Praga\" class=\"wp-image-151125\" title=\"\" srcset=\"https:\/\/loudavymkrokem.cz\/wp-content\/uploads\/2023\/07\/prazsky-hrad-4167.jpg 1200w, https:\/\/loudavymkrokem.cz\/wp-content\/uploads\/2023\/07\/prazsky-hrad-4167-300x200.jpg 300w, https:\/\/loudavymkrokem.cz\/wp-content\/uploads\/2023\/07\/prazsky-hrad-4167-700x467.jpg 700w, https:\/\/loudavymkrokem.cz\/wp-content\/uploads\/2023\/07\/prazsky-hrad-4167-768x512.jpg 768w, https:\/\/loudavymkrokem.cz\/wp-content\/uploads\/2023\/07\/prazsky-hrad-4167-696x464.jpg 696w\" sizes=\"auto, (max-width: 1200px) 100vw, 1200px\"><\/figure>\n<h2 class=\"wp-block-heading\"><span class=\"ez-toc-section\" id=\"Quanto_custa_o_Castelo_de_Praga_%E2%80%94_ingressos_circuitos_e_o_que_e_gratis\"><\/span><span class=\"ez-toc-section\" id=\"Quanto_custa_o_Castelo_de_Praga_ingressos_circuitos_e_o_que_e_gratis\"><\/span>Quanto custa o Castelo de Praga \u2014 ingressos, circuitos e o que \u00e9 gr\u00e1tis<span class=\"ez-toc-section-end\"><\/span><span class=\"ez-toc-section-end\"><\/span><\/h2>\n<p>O sistema de circuitos e ingressos do Castelo de Praga \u00e9, sinceramente, um pouco confuso \u2014 e n\u00e3o sou a \u00fanica a dizer isso. Na internet voc\u00ea encontra montes de turistas frustrados que n\u00e3o entendiam o que estavam comprando. Ent\u00e3o vou detalhar tudo aqui para que voc\u00ea saiba exatamente pelo que est\u00e1 pagando e o que pode curtir de gra\u00e7a.<\/p>\n<h3 class=\"wp-block-heading\"><span class=\"ez-toc-section\" id=\"Circuitos_de_visitacao_do_Castelo_de_Praga\"><\/span><span class=\"ez-toc-section\" id=\"Circuitos_de_visitacao_do_Castelo_de_Praga\"><\/span>Circuitos de visita\u00e7\u00e3o do Castelo de Praga<span class=\"ez-toc-section-end\"><\/span><span class=\"ez-toc-section-end\"><\/span><\/h3>\n<p>O castelo oferece tr\u00eas circuitos principais. Cada um inclui uma combina\u00e7\u00e3o diferente de edif\u00edcios:<\/p>\n<p><strong>Circuito A (circuito completo) \u2014 14 \u20ac (350 CZK)<\/strong> (reduzido 7 \u20ac, fam\u00edlia 28 \u20ac)<\/p>\n<p>Inclui: Pal\u00e1cio Real Antigo, Bas\u00edlica de S\u00e3o Jorge, Ruela Dourada com a Torre Daliborka, Pal\u00e1cio Ro\u017emberk, exposi\u00e7\u00e3o &#8220;A Hist\u00f3ria do Castelo de Praga&#8221; e Catedral de S\u00e3o Vito. Esta \u00e9 a op\u00e7\u00e3o mais completa \u2014 se voc\u00ea tem tempo e quer ver tudo, v\u00e1 em frente.<\/p>\n<p><strong>Circuito B (circuito reduzido) \u2014 10 \u20ac (250 CZK)<\/strong> (reduzido 5 \u20ac, fam\u00edlia 20 \u20ac)<\/p>\n<p>Inclui: Pal\u00e1cio Real Antigo, Bas\u00edlica de S\u00e3o Jorge, Ruela Dourada com a Torre Daliborka e Catedral de S\u00e3o Vito. N\u00e3o inclui a exposi\u00e7\u00e3o &#8220;A Hist\u00f3ria do Castelo de Praga&#8221;. Para a maioria dos visitantes, \u00e9 a op\u00e7\u00e3o mais que suficiente e voc\u00ea economiza uns euros.<\/p>\n<p><strong>Circuito C \u2014 14 \u20ac (350 CZK)<\/strong> (reduzido 7 \u20ac, fam\u00edlia 28 \u20ac)<\/p>\n<p>Focado na Exposi\u00e7\u00e3o do Tesouro de S\u00e3o Vito e na Galeria de Arte do Castelo de Praga. Indicado para amantes de arte e hist\u00f3ria \u2014 o turista comum se vira bem com o circuito B.<\/p>\n<p><strong>Torre da Catedral de S\u00e3o Vito \u2014 6 \u20ac (150 CZK)<\/strong> (ingresso avulso)<\/p>\n<p>S\u00e3o 287 degraus para subir, mas a vista compensa. Vendido separadamente, n\u00e3o faz parte de nenhum circuito.<\/p>\n<p><strong>Pal\u00e1cio Lobkowicz \u2014 11 \u20ac (275 CZK)<\/strong> (ingresso avulso)<\/p>\n<p>Tamb\u00e9m n\u00e3o faz parte de nenhum circuito, pois \u00e9 propriedade privada. Mas \u00e9 um dos melhores motivos para visitar o castelo \u2014 falo mais sobre ele abaixo.<\/p>\n<figure class=\"wp-block-image size-full\"><img loading=\"lazy\" decoding=\"async\" width=\"1200\" height=\"800\" src=\"https:\/\/loudavymkrokem.cz\/wp-content\/uploads\/2023\/07\/prazsky-hrad-4238.jpg\" alt=\"Catedral de S\u00e3o Vito no Castelo de Praga\" class=\"wp-image-151114\" title=\"\" srcset=\"https:\/\/loudavymkrokem.cz\/wp-content\/uploads\/2023\/07\/prazsky-hrad-4238.jpg 1200w, https:\/\/loudavymkrokem.cz\/wp-content\/uploads\/2023\/07\/prazsky-hrad-4238-300x200.jpg 300w, https:\/\/loudavymkrokem.cz\/wp-content\/uploads\/2023\/07\/prazsky-hrad-4238-700x467.jpg 700w, https:\/\/loudavymkrokem.cz\/wp-content\/uploads\/2023\/07\/prazsky-hrad-4238-768x512.jpg 768w, https:\/\/loudavymkrokem.cz\/wp-content\/uploads\/2023\/07\/prazsky-hrad-4238-696x464.jpg 696w\" sizes=\"auto, (max-width: 1200px) 100vw, 1200px\"><\/figure>\n<h3 class=\"wp-block-heading\"><span class=\"ez-toc-section\" id=\"Os_ingressos_valem_por_2_dias\"><\/span><span class=\"ez-toc-section\" id=\"Os_ingressos_valem_por_2_dias\"><\/span>Os ingressos valem por 2 dias!<span class=\"ez-toc-section-end\"><\/span><span class=\"ez-toc-section-end\"><\/span><\/h3>\n<p>Esta \u00e9 uma informa\u00e7\u00e3o que muita gente desconhece: <strong>o ingresso de qualquer circuito vale por dois dias consecutivos.<\/strong> Ou seja, voc\u00ea n\u00e3o precisa enfiar tudo numa maratona exaustiva de um dia s\u00f3. Tranquilamente, no primeiro dia visite a catedral e o pal\u00e1cio, e no segundo dia v\u00e1 \u00e0 Ruela Dourada. Pr\u00e1tico, n\u00e9?<\/p>\n<h3 class=\"wp-block-heading\"><span class=\"ez-toc-section\" id=\"O_que_e_gratuito_no_Castelo_de_Praga\"><\/span><span class=\"ez-toc-section\" id=\"O_que_e_gratuito_no_Castelo_de_Praga\"><\/span>O que \u00e9 gratuito no Castelo de Praga<span class=\"ez-toc-section-end\"><\/span><span class=\"ez-toc-section-end\"><\/span><\/h3>\n<p>E agora a melhor not\u00edcia \u2014 uma parte enorme do castelo pode ser curtida sem tirar a carteira do bolso:<\/p>\n<ul class=\"wp-block-list\">\n<li><strong>Todo o recinto<\/strong> \u2014 os tr\u00eas p\u00e1tios, passeio livre<\/li>\n<li><strong>Jardins<\/strong> \u2014 Jardim Real, Jardins do Sul (Na Valech e Jardim do Para\u00edso), Fosso dos Cervos<\/li>\n<li><strong>Ruela Dourada ap\u00f3s o hor\u00e1rio de encerramento<\/strong> \u2014 depois das 17h na temporada, depois das 16h fora de temporada<\/li>\n<li><strong>Entrada na Catedral de S\u00e3o Vito para missa<\/strong> \u2014 missas acontecem diariamente (aos domingos a catedral s\u00f3 abre para turistas a partir das 12h)<\/li>\n<li><strong>Troca da guarda<\/strong> \u2014 a cada hora cheia, a cerim\u00f4nia solene \u00e9 ao meio-dia<\/li>\n<li><strong>Vistas panor\u00e2micas de Praga<\/strong> \u2014 dos Jardins do Sul, dos p\u00e1tios, dos arredores do castelo<\/li>\n<\/ul>\n<p>Sinceramente? Se voc\u00ea tem um or\u00e7amento limitado, pode passar uma bela manh\u00e3 no Castelo de Praga totalmente de gra\u00e7a. Percorra o recinto, admire a catedral por fora (e ela \u00e9 impressionante mesmo por fora), passeie pelos jardins, visite a Ruela Dourada depois das 17h e assista \u00e0 troca da guarda. Vai ser suficiente? Para muita gente, com certeza sim.<\/p>\n<h3 class=\"wp-block-heading\"><span class=\"ez-toc-section\" id=\"Onde_comprar_ingressos\"><\/span><span class=\"ez-toc-section\" id=\"Onde_comprar_ingressos\"><\/span>Onde comprar ingressos<span class=\"ez-toc-section-end\"><\/span><span class=\"ez-toc-section-end\"><\/span><\/h3>\n<p><strong>A bilheteria no II P\u00e1tio<\/strong> costuma ser a menos concorrida \u2014 a maioria dos turistas compra os ingressos na entrada principal do I P\u00e1tio. Voc\u00ea tamb\u00e9m pode comprar ingressos online no site oficial do castelo, mas pessoalmente acho que na bilheteria do II P\u00e1tio \u00e9 igualmente r\u00e1pido.<\/p>\n<p>\ud83d\udca1 <strong>DICA:<\/strong> Crian\u00e7as at\u00e9 6 anos t\u00eam entrada gratuita. Estudantes e idosos com documento comprobat\u00f3rio t\u00eam direito a ingresso com desconto.<\/p>\n<h2 class=\"wp-block-heading\"><span class=\"ez-toc-section\" id=\"Como_chegar_ao_Castelo_de_Praga_%E2%80%94_5_maneiras\"><\/span><span class=\"ez-toc-section\" id=\"Como_chegar_ao_Castelo_de_Praga_5_maneiras\"><\/span>Como chegar ao Castelo de Praga \u2014 5 maneiras<span class=\"ez-toc-section-end\"><\/span><span class=\"ez-toc-section-end\"><\/span><\/h2>\n<p>Existem muitos caminhos at\u00e9 o castelo \u2014 literalmente. Mas alguns s\u00e3o mais agrad\u00e1veis que outros, e o principal: o Castelo de Praga fica no topo de uma colina, ent\u00e3o vale planejar o caminho para n\u00e3o ter que encarar escadarias \u00edngremes sem f\u00f4lego. Aqui vai um resumo das op\u00e7\u00f5es.<\/p>\n<h3 class=\"wp-block-heading\"><span class=\"ez-toc-section\" id=\"1_De_bonde_22_ou_23_%E2%80%94_a_opcao_mais_comoda\"><\/span><span class=\"ez-toc-section\" id=\"1_De_bonde_22_ou_23_a_opcao_mais_comoda\"><\/span>1. De bonde 22 ou 23 \u2014 a op\u00e7\u00e3o mais c\u00f4moda<span class=\"ez-toc-section-end\"><\/span><span class=\"ez-toc-section-end\"><\/span><\/h3>\n<figure class=\"wp-block-image size-full\"><img loading=\"lazy\" decoding=\"async\" width=\"2528\" height=\"1696\" src=\"https:\/\/loudavymkrokem.cz\/wp-content\/uploads\/2026\/03\/prazsky-hrad-malostranska.jpg\" alt=\"Caminho ao Castelo de Praga pela esta\u00e7\u00e3o Malostransk\u00e1\" class=\"wp-image-139617\" title=\"\" srcset=\"https:\/\/loudavymkrokem.cz\/wp-content\/uploads\/2026\/03\/prazsky-hrad-malostranska.jpg 2528w, https:\/\/loudavymkrokem.cz\/wp-content\/uploads\/2026\/03\/prazsky-hrad-malostranska-300x201.jpg 300w, https:\/\/loudavymkrokem.cz\/wp-content\/uploads\/2026\/03\/prazsky-hrad-malostranska-700x470.jpg 700w, https:\/\/loudavymkrokem.cz\/wp-content\/uploads\/2026\/03\/prazsky-hrad-malostranska-768x515.jpg 768w, https:\/\/loudavymkrokem.cz\/wp-content\/uploads\/2026\/03\/prazsky-hrad-malostranska-1536x1030.jpg 1536w, https:\/\/loudavymkrokem.cz\/wp-content\/uploads\/2026\/03\/prazsky-hrad-malostranska-2048x1374.jpg 2048w, https:\/\/loudavymkrokem.cz\/wp-content\/uploads\/2026\/03\/prazsky-hrad-malostranska-696x467.jpg 696w, https:\/\/loudavymkrokem.cz\/wp-content\/uploads\/2026\/03\/prazsky-hrad-malostranska-1392x934.jpg 1392w, https:\/\/loudavymkrokem.cz\/wp-content\/uploads\/2026\/03\/prazsky-hrad-malostranska-1920x1288.jpg 1920w\" sizes=\"auto, (max-width: 2528px) 100vw, 2528px\"><\/figure>\n<p>O bonde n\u00famero 22 (ou 23) \u00e9 um cl\u00e1ssico. Voc\u00ea desce na parada <strong>Pra\u017esk\u00fd hrad<\/strong> (Castelo de Praga) e j\u00e1 est\u00e1 l\u00e1 em cima \u2014 a poucos passos da entrada principal. Sem escadas, sem ladeira. Tamb\u00e9m pode descer uma parada depois, em <strong>Poho\u0159elec<\/strong>, e chegar ao castelo pelo lado do Mosteiro de Strahov, que \u00e9 uma variante bonita se quiser visitar Strahov no caminho.<\/p>\n<h3 class=\"wp-block-heading\"><span class=\"ez-toc-section\" id=\"2_Metro_A_ate_Malostranska_a_pe_morro_acima\"><\/span><span class=\"ez-toc-section\" id=\"2_Metro_A_ate_Malostranska_a_pe_morro_acima\"><\/span>2. Metr\u00f4 A at\u00e9 Malostransk\u00e1 + a p\u00e9 morro acima<span class=\"ez-toc-section-end\"><\/span><span class=\"ez-toc-section-end\"><\/span><\/h3>\n<p>Da esta\u00e7\u00e3o Malostransk\u00e1, voc\u00ea sobe pelas antigas Escadas do Castelo (\u00edngremes, mas com muita atmosfera \u2014 \u00f3timas para fotos), ou pela Rua Nerudova e Ke Hradu. Conte com 15 a 20 minutos de caminhada morro acima. Bonito com bom tempo, no calor do ver\u00e3o pode ser um pouco puxado.<\/p>\n<h3 class=\"wp-block-heading\"><span class=\"ez-toc-section\" id=\"3_Combinacao_recomendada_bonde_para_subir_a_pe_para_descer\"><\/span><span class=\"ez-toc-section\" id=\"3_Combinacao_recomendada_bonde_para_subir_a_pe_para_descer\"><\/span>3. Combina\u00e7\u00e3o recomendada: bonde para subir, a p\u00e9 para descer<span class=\"ez-toc-section-end\"><\/span><span class=\"ez-toc-section-end\"><\/span><\/h3>\n<figure class=\"wp-block-image size-full\"><img loading=\"lazy\" decoding=\"async\" width=\"2528\" height=\"1696\" src=\"https:\/\/loudavymkrokem.cz\/wp-content\/uploads\/2026\/03\/prazsky-hrad-mala-strana.jpg\" alt=\"Rua Nerudova em Mal\u00e1 Strana, Praga\" class=\"wp-image-139634\" title=\"\" srcset=\"https:\/\/loudavymkrokem.cz\/wp-content\/uploads\/2026\/03\/prazsky-hrad-mala-strana.jpg 2528w, https:\/\/loudavymkrokem.cz\/wp-content\/uploads\/2026\/03\/prazsky-hrad-mala-strana-300x201.jpg 300w, https:\/\/loudavymkrokem.cz\/wp-content\/uploads\/2026\/03\/prazsky-hrad-mala-strana-700x470.jpg 700w, https:\/\/loudavymkrokem.cz\/wp-content\/uploads\/2026\/03\/prazsky-hrad-mala-strana-768x515.jpg 768w, https:\/\/loudavymkrokem.cz\/wp-content\/uploads\/2026\/03\/prazsky-hrad-mala-strana-1536x1030.jpg 1536w, https:\/\/loudavymkrokem.cz\/wp-content\/uploads\/2026\/03\/prazsky-hrad-mala-strana-2048x1374.jpg 2048w, https:\/\/loudavymkrokem.cz\/wp-content\/uploads\/2026\/03\/prazsky-hrad-mala-strana-696x467.jpg 696w, https:\/\/loudavymkrokem.cz\/wp-content\/uploads\/2026\/03\/prazsky-hrad-mala-strana-1392x934.jpg 1392w, https:\/\/loudavymkrokem.cz\/wp-content\/uploads\/2026\/03\/prazsky-hrad-mala-strana-1920x1288.jpg 1920w\" sizes=\"auto, (max-width: 2528px) 100vw, 2528px\"><\/figure>\n<p><strong>Esta \u00e9 a nossa estrat\u00e9gia favorita e a que recomendo para todo mundo.<\/strong> Pegue o bonde 22 para subir, percorra o castelo, e depois des\u00e7a a p\u00e9 por Mal\u00e1 Strana. No caminho de descida, voc\u00ea tem vistas lindas de Praga, passa pela Rua Nerudova e termina na Pra\u00e7a de Mal\u00e1 Strana \u2014 e vai descendo, n\u00e3o subindo. Todo mundo sai ganhando. \u263a\ufe0f<\/p>\n<h3 class=\"wp-block-heading\"><span class=\"ez-toc-section\" id=\"4_A_pe_pela_Ponte_Carlos_e_Mala_Strana\"><\/span><span class=\"ez-toc-section\" id=\"4_A_pe_pela_Ponte_Carlos_e_Mala_Strana\"><\/span>4. A p\u00e9 pela Ponte Carlos e Mal\u00e1 Strana<span class=\"ez-toc-section-end\"><\/span><span class=\"ez-toc-section-end\"><\/span><\/h3>\n<figure class=\"wp-block-image size-full\"><img loading=\"lazy\" decoding=\"async\" width=\"2528\" height=\"1696\" src=\"https:\/\/loudavymkrokem.cz\/wp-content\/uploads\/2026\/03\/prazsky-hrad-karluv-most-1.jpg\" alt=\"Ponte Carlos com vista para o Castelo de Praga na neblina matinal\" class=\"wp-image-139618\" title=\"\" srcset=\"https:\/\/loudavymkrokem.cz\/wp-content\/uploads\/2026\/03\/prazsky-hrad-karluv-most-1.jpg 2528w, https:\/\/loudavymkrokem.cz\/wp-content\/uploads\/2026\/03\/prazsky-hrad-karluv-most-1-300x201.jpg 300w, https:\/\/loudavymkrokem.cz\/wp-content\/uploads\/2026\/03\/prazsky-hrad-karluv-most-1-700x470.jpg 700w, https:\/\/loudavymkrokem.cz\/wp-content\/uploads\/2026\/03\/prazsky-hrad-karluv-most-1-768x515.jpg 768w, https:\/\/loudavymkrokem.cz\/wp-content\/uploads\/2026\/03\/prazsky-hrad-karluv-most-1-1536x1030.jpg 1536w, https:\/\/loudavymkrokem.cz\/wp-content\/uploads\/2026\/03\/prazsky-hrad-karluv-most-1-2048x1374.jpg 2048w, https:\/\/loudavymkrokem.cz\/wp-content\/uploads\/2026\/03\/prazsky-hrad-karluv-most-1-696x467.jpg 696w, https:\/\/loudavymkrokem.cz\/wp-content\/uploads\/2026\/03\/prazsky-hrad-karluv-most-1-1392x934.jpg 1392w, https:\/\/loudavymkrokem.cz\/wp-content\/uploads\/2026\/03\/prazsky-hrad-karluv-most-1-1920x1288.jpg 1920w\" sizes=\"auto, (max-width: 2528px) 100vw, 2528px\"><\/figure>\n<p>A op\u00e7\u00e3o rom\u00e2ntica \u2014 pela Ponte Carlos, Rua Mosteck\u00e1 at\u00e9 a Pra\u00e7a de Mal\u00e1 Strana e de l\u00e1 subindo. \u00c9 mais longo e morro acima, mas se voc\u00ea tem tempo e um bom cal\u00e7ado, \u00e9 uma caminhada maravilhosa. S\u00f3 conte que a Ponte Carlos vai estar lotada.<\/p>\n<h3 class=\"wp-block-heading\"><span class=\"ez-toc-section\" id=\"5_De_carro_melhor_nao\"><\/span><span class=\"ez-toc-section\" id=\"5_De_carro_melhor_nao\"><\/span>5. De carro (melhor n\u00e3o)<span class=\"ez-toc-section-end\"><\/span><span class=\"ez-toc-section-end\"><\/span><\/h3>\n<p>Estacionamento perto do castelo \u00e9 extremamente limitado e caro. Se estiver de carro em Praga, deixe-o no hotel ou num estacionamento Park+Ride e v\u00e1 de transporte p\u00fablico. S\u00e9rio, n\u00e3o \u00e9 um lugar onde voc\u00ea quer se preocupar com estacionamento.<\/p>\n<h2 class=\"wp-block-heading\"><span class=\"ez-toc-section\" id=\"O_que_visitar_no_Castelo_de_Praga_%E2%80%94_guia_completo\"><\/span><span class=\"ez-toc-section\" id=\"O_que_visitar_no_Castelo_de_Praga_guia_completo\"><\/span>O que visitar no Castelo de Praga \u2014 guia completo<span class=\"ez-toc-section-end\"><\/span><span class=\"ez-toc-section-end\"><\/span><\/h2>\n<p>E agora vamos ao principal \u2014 o que realmente ver e visitar no Castelo de Praga. O complexo \u00e9 enorme (70.000 m\u00b2, isso equivale a uns dez campos de futebol), ent\u00e3o sem um plano \u00e9 f\u00e1cil se perder ou deixar algo importante de fora. Vamos percorrer tudo, come\u00e7ando pelo mais essencial.<\/p>\n<h3 class=\"wp-block-heading\"><span class=\"ez-toc-section\" id=\"1_Catedral_de_Sao_Vito_%E2%80%94_o_coracao_do_castelo\"><\/span><span class=\"ez-toc-section\" id=\"1_Catedral_de_Sao_Vito_o_coracao_do_castelo\"><\/span>1. Catedral de S\u00e3o Vito \u2014 o cora\u00e7\u00e3o do castelo<span class=\"ez-toc-section-end\"><\/span><span class=\"ez-toc-section-end\"><\/span><\/h3>\n<figure class=\"wp-block-image size-full\"><img loading=\"lazy\" decoding=\"async\" width=\"1200\" height=\"800\" src=\"https:\/\/loudavymkrokem.cz\/wp-content\/uploads\/2023\/07\/prazsky-hrad-4217.jpg\" alt=\"Catedral de S\u00e3o Vito no Castelo de Praga\" class=\"wp-image-151104\" title=\"\" srcset=\"https:\/\/loudavymkrokem.cz\/wp-content\/uploads\/2023\/07\/prazsky-hrad-4217.jpg 1200w, https:\/\/loudavymkrokem.cz\/wp-content\/uploads\/2023\/07\/prazsky-hrad-4217-300x200.jpg 300w, https:\/\/loudavymkrokem.cz\/wp-content\/uploads\/2023\/07\/prazsky-hrad-4217-700x467.jpg 700w, https:\/\/loudavymkrokem.cz\/wp-content\/uploads\/2023\/07\/prazsky-hrad-4217-768x512.jpg 768w, https:\/\/loudavymkrokem.cz\/wp-content\/uploads\/2023\/07\/prazsky-hrad-4217-696x464.jpg 696w\" sizes=\"auto, (max-width: 1200px) 100vw, 1200px\"><\/figure>\n<p>A Catedral de S\u00e3o Vito \u00e9 o edif\u00edcio pelo qual muita gente vai ao castelo \u2014 e com raz\u00e3o. Quando voc\u00ea atravessa o port\u00e3o do III P\u00e1tio e de repente essa constru\u00e7\u00e3o g\u00f3tica colossal surge na sua frente, voc\u00ea simplesmente para e fica olhando. Comigo isso acontece toda vez, mesmo depois de tantos anos.<\/p>\n<p>A constru\u00e7\u00e3o levou <strong>quase 600 anos<\/strong> \u2014 a pedra fundamental foi colocada em 1344 e a catedral s\u00f3 foi conclu\u00edda definitivamente em 1929. Seiscentos anos! \u00c9 um tempo t\u00e3o absurdamente longo que nem consigo imaginar. Ao longo dos s\u00e9culos, trabalharam nela construtores como Matias de Arras, Peter Parler e arquitetos dos s\u00e9culos XIX e XX, e mesmo assim ela parece um conjunto harmonioso. \u00c9 provavelmente o maior milagre arquitet\u00f4nico que voc\u00ea vai encontrar em Praga.<\/p>\n<p><strong>O que n\u00e3o perder l\u00e1 dentro:<\/strong> Os vitrais de Alfons Mucha \u2014 ficam na terceira capela \u00e0 esquerda da entrada e s\u00e3o deslumbrantes; o estilo Art Nouveau t\u00edpico de Mucha combinado com o espa\u00e7o sacro \u00e9 algo que voc\u00ea n\u00e3o v\u00ea em nenhum outro lugar. Depois, a Capela de S\u00e3o Venceslau com paredes de pedras semipreciosas (ouro e ametistas, \u00e9 de tirar o f\u00f4lego), a cripta real com os t\u00famulos de Carlos IV e outros soberanos, e o sino Sigismundo \u2014 o maior sino da Tch\u00e9quia, pesando mais de 15 toneladas.<\/p>\n<p><strong>A torre da catedral<\/strong> (6 \u20ac, 287 degraus) oferece uma vista de toda Praga. N\u00e3o \u00e9 moleza, especialmente no calor, mas l\u00e1 em cima voc\u00ea esquece a dor nas pernas. A vista \u00e9 simplesmente fenomenal.<\/p>\n<p>\ud83d\udca1 <strong>DICA:<\/strong> Aos domingos, a catedral s\u00f3 abre \u00e0s 12h por causa da missa. Voc\u00ea pode assistir \u00e0 missa de gra\u00e7a, mas n\u00e3o pode circular livremente pelo interior \u2014 isso s\u00f3 com ingresso, a partir das 12h.<\/p>\n<h3 class=\"wp-block-heading\"><span class=\"ez-toc-section\" id=\"2_Palacio_Real_Antigo_%E2%80%94_a_defenestracao_e_o_Salao_Vladislav\"><\/span><span class=\"ez-toc-section\" id=\"2_Palacio_Real_Antigo_a_defenestracao_e_o_Salao_Vladislav\"><\/span>2. Pal\u00e1cio Real Antigo \u2014 a defenestra\u00e7\u00e3o e o Sal\u00e3o Vladislav<span class=\"ez-toc-section-end\"><\/span><span class=\"ez-toc-section-end\"><\/span><\/h3>\n<figure class=\"wp-block-image size-full\"><img loading=\"lazy\" decoding=\"async\" width=\"2528\" height=\"1696\" src=\"https:\/\/loudavymkrokem.cz\/wp-content\/uploads\/2026\/03\/prazsky-hrad-kralovsky-palac-1.jpg\" alt=\"Pal\u00e1cio Real Antigo no Castelo de Praga\" class=\"wp-image-139620\" title=\"\" srcset=\"https:\/\/loudavymkrokem.cz\/wp-content\/uploads\/2026\/03\/prazsky-hrad-kralovsky-palac-1.jpg 2528w, https:\/\/loudavymkrokem.cz\/wp-content\/uploads\/2026\/03\/prazsky-hrad-kralovsky-palac-1-300x201.jpg 300w, https:\/\/loudavymkrokem.cz\/wp-content\/uploads\/2026\/03\/prazsky-hrad-kralovsky-palac-1-700x470.jpg 700w, https:\/\/loudavymkrokem.cz\/wp-content\/uploads\/2026\/03\/prazsky-hrad-kralovsky-palac-1-768x515.jpg 768w, https:\/\/loudavymkrokem.cz\/wp-content\/uploads\/2026\/03\/prazsky-hrad-kralovsky-palac-1-1536x1030.jpg 1536w, https:\/\/loudavymkrokem.cz\/wp-content\/uploads\/2026\/03\/prazsky-hrad-kralovsky-palac-1-2048x1374.jpg 2048w, https:\/\/loudavymkrokem.cz\/wp-content\/uploads\/2026\/03\/prazsky-hrad-kralovsky-palac-1-696x467.jpg 696w, https:\/\/loudavymkrokem.cz\/wp-content\/uploads\/2026\/03\/prazsky-hrad-kralovsky-palac-1-1392x934.jpg 1392w, https:\/\/loudavymkrokem.cz\/wp-content\/uploads\/2026\/03\/prazsky-hrad-kralovsky-palac-1-1920x1288.jpg 1920w\" sizes=\"auto, (max-width: 2528px) 100vw, 2528px\"><\/figure>\n<p>O Pal\u00e1cio Real Antigo \u00e9 o lugar onde a hist\u00f3ria tcheca foi escrita \u2014 literalmente. O <strong>Sal\u00e3o Vladislav<\/strong> \u00e9 o maior sal\u00e3o g\u00f3tico secular da Europa Central, e quando voc\u00ea entra, entende o porqu\u00ea. A ab\u00f3bada \u00e9 incr\u00edvel. Aqui aconteciam coroa\u00e7\u00f5es, torneios (sim, cavalgavam a cavalo l\u00e1 dentro \u2014 pelas escadas da Escadaria Equestre, constru\u00edda especialmente para isso), banquetes e reuni\u00f5es pol\u00edticas.<\/p>\n<p>E tem a janela de onde, em 1618, jogaram dois governadores e seu secret\u00e1rio \u2014 a famosa <strong>defenestra\u00e7\u00e3o de Praga<\/strong>, que desencadeou a Guerra dos Trinta Anos. A janela em si \u00e9 surpreendentemente pequena e discreta. Voc\u00ea fica ali parado pensando &#8220;foi DESTA janela que jogaram eles?&#8221; \u2014 e no entanto isso mudou a hist\u00f3ria da Europa. Dizem que sobreviveram porque ca\u00edram numa pilha de esterco. N\u00e3o sei se \u00e9 verdade, mas \u00e9 uma hist\u00f3ria genial. \ud83d\ude01<\/p>\n<p>Sinceramente \u2014 os interiores do pal\u00e1cio s\u00e3o um pouco austeros. Se voc\u00ea espera o luxo de Versailles, vai se decepcionar. \u00c9 um pal\u00e1cio g\u00f3tico e renascentista, ent\u00e3o o lance \u00e9 mais sobre espa\u00e7o, ab\u00f3badas e hist\u00f3ria do que lustres dourados. Mas o Sal\u00e3o Vladislav vale a pena.<\/p>\n<h3 class=\"wp-block-heading\"><span class=\"ez-toc-section\" id=\"3_Basilica_de_Sao_Jorge_%E2%80%94_a_igreja_mais_antiga_do_castelo\"><\/span><span class=\"ez-toc-section\" id=\"3_Basilica_de_Sao_Jorge_a_igreja_mais_antiga_do_castelo\"><\/span>3. Bas\u00edlica de S\u00e3o Jorge \u2014 a igreja mais antiga do castelo<span class=\"ez-toc-section-end\"><\/span><span class=\"ez-toc-section-end\"><\/span><\/h3>\n<figure class=\"wp-block-image size-full\"><img loading=\"lazy\" decoding=\"async\" width=\"1200\" height=\"800\" src=\"https:\/\/loudavymkrokem.cz\/wp-content\/uploads\/2023\/07\/prazsky-hrad-4245.jpg\" alt=\"Bas\u00edlica de S\u00e3o Jorge no Castelo de Praga\" class=\"wp-image-151113\" title=\"\" srcset=\"https:\/\/loudavymkrokem.cz\/wp-content\/uploads\/2023\/07\/prazsky-hrad-4245.jpg 1200w, https:\/\/loudavymkrokem.cz\/wp-content\/uploads\/2023\/07\/prazsky-hrad-4245-300x200.jpg 300w, https:\/\/loudavymkrokem.cz\/wp-content\/uploads\/2023\/07\/prazsky-hrad-4245-700x467.jpg 700w, https:\/\/loudavymkrokem.cz\/wp-content\/uploads\/2023\/07\/prazsky-hrad-4245-768x512.jpg 768w, https:\/\/loudavymkrokem.cz\/wp-content\/uploads\/2023\/07\/prazsky-hrad-4245-696x464.jpg 696w\" sizes=\"auto, (max-width: 1200px) 100vw, 1200px\"><\/figure>\n<p>A Bas\u00edlica de S\u00e3o Jorge \u00e9 provavelmente o lugar que os turistas mais ignoram, e no entanto \u00e9 a <strong>igreja mais antiga preservada no castelo<\/strong> \u2014 fundada no ano 920. A fachada rom\u00e2nica cor de tijolo se destaca de tudo ao redor, e o interior tem aquela beleza austera peculiar das constru\u00e7\u00f5es rom\u00e2nicas \u2014 sem ornamenta\u00e7\u00e3o, apenas espa\u00e7o puro e luz.<\/p>\n<p>L\u00e1 dentro voc\u00ea encontra t\u00famulos dos pr\u00edncipes da dinastia P\u0159emyslid e afrescos rom\u00e2nicos. A visita \u00e9 r\u00e1pida \u2014 em 15 a 20 minutos voc\u00ea termina \u2014 mas a atmosfera vale a pena. \u00c9 um contraste interessante com a catedral: em vez da monumentalidade g\u00f3tica vertical, aqui voc\u00ea tem a calma rom\u00e2nica horizontal.<\/p>\n<h3 class=\"wp-block-heading\"><span class=\"ez-toc-section\" id=\"4_Ruela_Dourada_%E2%80%94_a_casa_de_Kafka_no_22\"><\/span><span class=\"ez-toc-section\" id=\"4_Ruela_Dourada_a_casa_de_Kafka_no_22\"><\/span>4. Ruela Dourada \u2014 a casa de Kafka n\u00ba 22<span class=\"ez-toc-section-end\"><\/span><span class=\"ez-toc-section-end\"><\/span><\/h3>\n<figure class=\"wp-block-image size-full\"><img loading=\"lazy\" decoding=\"async\" width=\"2528\" height=\"1696\" src=\"https:\/\/loudavymkrokem.cz\/wp-content\/uploads\/2026\/03\/prazsky-hrad-zlata-ulicka-1.jpg\" alt=\"Ruela Dourada (Zlat\u00e1 uli\u010dka) no Castelo de Praga pela manh\u00e3\" class=\"wp-image-139622\" title=\"\" srcset=\"https:\/\/loudavymkrokem.cz\/wp-content\/uploads\/2026\/03\/prazsky-hrad-zlata-ulicka-1.jpg 2528w, https:\/\/loudavymkrokem.cz\/wp-content\/uploads\/2026\/03\/prazsky-hrad-zlata-ulicka-1-300x201.jpg 300w, https:\/\/loudavymkrokem.cz\/wp-content\/uploads\/2026\/03\/prazsky-hrad-zlata-ulicka-1-700x470.jpg 700w, https:\/\/loudavymkrokem.cz\/wp-content\/uploads\/2026\/03\/prazsky-hrad-zlata-ulicka-1-768x515.jpg 768w, https:\/\/loudavymkrokem.cz\/wp-content\/uploads\/2026\/03\/prazsky-hrad-zlata-ulicka-1-1536x1030.jpg 1536w, https:\/\/loudavymkrokem.cz\/wp-content\/uploads\/2026\/03\/prazsky-hrad-zlata-ulicka-1-2048x1374.jpg 2048w, https:\/\/loudavymkrokem.cz\/wp-content\/uploads\/2026\/03\/prazsky-hrad-zlata-ulicka-1-696x467.jpg 696w, https:\/\/loudavymkrokem.cz\/wp-content\/uploads\/2026\/03\/prazsky-hrad-zlata-ulicka-1-1392x934.jpg 1392w, https:\/\/loudavymkrokem.cz\/wp-content\/uploads\/2026\/03\/prazsky-hrad-zlata-ulicka-1-1920x1288.jpg 1920w\" sizes=\"auto, (max-width: 2528px) 100vw, 2528px\"><\/figure>\n<p>A Ruela Dourada (Zlat\u00e1 uli\u010dka) \u00e9 provavelmente o lugar mais fotografado do castelo \u2014 casinhas coloridas min\u00fasculas grudadas na muralha, onde antigamente moravam ourives, atiradores e criados. E na casinha n\u00famero 22, supostamente Franz Kafka trabalhou por um tempo. &#8220;Supostamente&#8221; porque os historiadores discutem se ele realmente escrevia l\u00e1 ou se era s\u00f3 a irm\u00e3 dele que morava ali, mas a casinha est\u00e1 identificada e os turistas fazem fila.<\/p>\n<p>Agora, uma avalia\u00e7\u00e3o honesta: a Ruela Dourada \u00e9 charmosa, isso sim. As casinhas em miniatura, a exposi\u00e7\u00e3o de trajes hist\u00f3ricos e armaduras no andar de cima, a exposi\u00e7\u00e3o de alquimia \u2014 tudo isso \u00e9 legal. Mas se voc\u00ea for no hor\u00e1rio de pico (10h\u201314h no ver\u00e3o), vai ter tanta gente que mal consegue se espremer. E a\u00ed fica se perguntando se valeu a pena pagar o ingresso.<\/p>\n<p><strong>Como fazer de forma inteligente:<\/strong> V\u00e1 <strong>depois das 17h no ver\u00e3o ou depois das 16h no inverno<\/strong> \u2014 a entrada \u00e9 GRATUITA e tem uma fra\u00e7\u00e3o das pessoas. As casinhas estar\u00e3o fechadas, mas voc\u00ea percorre a ruela, espia pelas janelas e curte a atmosfera sem multid\u00f5es e sem pagar nada. Sinceramente? Assim eu gosto muito mais da Ruela Dourada.<\/p>\n<p>Outra op\u00e7\u00e3o \u2014 se voc\u00ea procura a mesma atmosfera de ruelas hist\u00f3ricas sem aglomera\u00e7\u00e3o, v\u00e1 ao <strong>Nov\u00fd Sv\u011bt<\/strong> (falo mais sobre ele na se\u00e7\u00e3o Lugares Secretos). Fica pertinho do castelo e turistas quase n\u00e3o v\u00e3o l\u00e1.<\/p>\n<div class=\"lk-zazitky-module\">\n<style>\n.lk-zazitky-module * { box-sizing: border-box; margin: 0; padding: 0; }\n.lk-zazitky-module {\n  font-family: 'DM Sans', Georgia, sans-serif;\n  max-width: 100%;\n  margin: 2.5rem auto;\n  background: linear-gradient(135deg, #fdf6f3 0%, #fbede7 100%);\n  border: 1px solid #f0d9cc;\n  border-radius: 16px;\n  overflow: hidden;\n  box-shadow: 0 16px 48px rgba(217, 119, 87, 0.18), 0 4px 12px rgba(0,0,0,0.06);\n}\n.lk-zazitky-header {\n  position: relative;\n  padding: 24px 32px;\n  background: linear-gradient(135deg, #d97757 0%, #c46b4b 60%, #d97757 100%);\n  display: flex;\n  align-items: center;\n  gap: 18px;\n}\n.lk-zazitky-header::before {\n  content: '';\n  position: absolute;\n  inset: 0;\n  background: url(\"data:image\/svg+xml,%3Csvg width='60' height='60' viewBox='0 0 60 60' xmlns='http:\/\/www.w3.org\/2000\/svg'%3E%3Cg fill='none' fill-rule='evenodd'%3E%3Cg fill='%23ffffff' fill-opacity='0.05'%3E%3Cpath d='M36 34v-4h-2v4h-4v2h4v4h2v-4h4v-2h-4zm0-30V0h-2v4h-4v2h4v4h2V6h4V4h-4zM6 34v-4H4v4H0v2h4v4h2v-4h4v-2H6zM6 4V0H4v4H0v2h4v4h2V6h4V4H6z'\/%3E%3C\/g%3E%3C\/g%3E%3C\/svg%3E\") repeat;\n  pointer-events: none;\n}\n.lk-zazitky-header img {\n  width: 64px; height: 64px; border-radius: 12px; flex-shrink: 0;\n  object-fit: cover; box-shadow: 0 4px 12px rgba(0,0,0,0.18); position: relative; z-index: 1;\n}\n.lk-zazitky-header-text { position: relative; z-index: 1; }\n.lk-zazitky-eyebrow {\n  font-size: 10px; font-weight: 600; letter-spacing: 2.5px; text-transform: uppercase;\n  color: rgba(255,255,255,.92); margin-bottom: 5px;\n}\n.lk-zazitky-title {\n  font-family: 'Playfair Display', Georgia, serif;\n  font-size: 24px; font-weight: 700; color: #fff; line-height: 1.2;\n  text-shadow: 0 1px 2px rgba(0,0,0,0.12);\n}\n.lk-zazitky-subtitle {\n  font-size: 13px; color: rgba(255,255,255,.85); margin-top: 4px; font-weight: 300;\n}\n.lk-zazitky-grid {\n  display: grid;\n  grid-template-columns: 1fr 1fr 1fr;\n  gap: 1px;\n  background: rgba(217, 119, 87, 0.12);\n}\n.lk-zazitek-card {\n  background: #ffffff; padding: 22px; display: flex; flex-direction: column; gap: 11px;\n  transition: all 0.3s ease; text-decoration: none; color: inherit; position: relative;\n}\n.lk-zazitek-card:hover {\n  background: #fffaf7; transform: translateY(-2px);\n  box-shadow: 0 8px 24px rgba(217, 119, 87, 0.15); z-index: 1;\n}\n.lk-zazitek-card.is-category {\n  background: linear-gradient(135deg, #fffaf7 0%, #fff3eb 100%);\n  box-shadow: inset 0 1px 0 rgba(217, 119, 87, 0.1);\n}\n.lk-zazitek-card.is-category:hover {\n  background: linear-gradient(135deg, #fff7f2 0%, #ffeee3 100%);\n}\n.lk-zazitek-badge {\n  display: inline-flex; align-items: center; gap: 5px;\n  font-size: 10px; font-weight: 600; letter-spacing: 1.5px; text-transform: uppercase;\n  padding: 5px 11px; border-radius: 20px; width: fit-content;\n  background: rgba(217, 119, 87, 0.10); color: #c46b4b; border: 1px solid rgba(217, 119, 87, 0.22);\n}\n.lk-zazitek-card.is-category .lk-zazitek-badge {\n  background: linear-gradient(135deg, #d97757 0%, #c46b4b 100%); color: #fff;\n  border-color: #c46b4b; box-shadow: 0 2px 8px rgba(217, 119, 87, 0.28);\n}\n.lk-zazitek-name {\n  font-family: 'Playfair Display', Georgia, serif;\n  font-size: 17px; font-weight: 700; color: #111827; line-height: 1.3;\n}\n.lk-zazitek-desc {\n  font-size: 13px; color: #525252; line-height: 1.6; font-weight: 300; flex: 1;\n}\n.lk-zazitek-meta { display: flex; align-items: center; gap: 12px; flex-wrap: wrap; margin-top: 4px; }\n.lk-zazitek-price { font-size: 13px; color: #6b7280; }\n.lk-zazitek-price strong { color: #c46b4b; font-weight: 600; }\n.lk-zazitek-cta {\n  display: inline-flex; align-items: center; justify-content: center; gap: 7px;\n  margin-top: 8px; padding: 11px 16px; border-radius: 8px;\n  background: linear-gradient(135deg, #d97757 0%, #c46b4b 100%);\n  color: #fff; font-size: 13px; font-weight: 500; text-decoration: none;\n  letter-spacing: .3px; transition: all .2s ease; cursor: pointer; border: none;\n  text-align: center; box-shadow: 0 4px 12px rgba(217, 119, 87, 0.28);\n  white-space: nowrap;\n}\n.lk-zazitek-cta:hover {\n  background: linear-gradient(135deg, #c46b4b 0%, #b35e3f 100%);\n  transform: translateY(-1px); box-shadow: 0 6px 16px rgba(217, 119, 87, 0.38);\n}\n.lk-zazitek-card.is-category .lk-zazitek-cta {\n  background: linear-gradient(135deg, #3685fc 0%, #2a6fd9 100%);\n  box-shadow: 0 4px 12px rgba(54, 133, 252, 0.22);\n}\n.lk-zazitek-card.is-category .lk-zazitek-cta:hover {\n  background: linear-gradient(135deg, #2a6fd9 0%, #1e5bc4 100%);\n  box-shadow: 0 6px 16px rgba(54, 133, 252, 0.32);\n}\n.lk-zazitky-footer {\n  padding: 16px 32px;\n  background: linear-gradient(to bottom, #fdf6f3 0%, #f9eae2 100%);\n  border-top: 1px solid rgba(217, 119, 87, 0.18);\n  display: flex; align-items: center; justify-content: center; flex-wrap: wrap; gap: 12px;\n}\n.lk-zazitky-discount {\n  display: inline-flex; align-items: center; gap: 8px;\n  font-size: 13px; color: #6b3a26; font-weight: 500;\n}\n.lk-zazitky-discount-code {\n  font-family: 'Courier New', monospace; font-weight: 700; color: #c46b4b;\n  background: rgba(217, 119, 87, 0.12); padding: 4px 10px; border-radius: 6px;\n  letter-spacing: 1px; font-size: 13px;\n}\n.lk-zazitky-disclaimer {\n  font-size: 11px; color: #8a6e60; font-weight: 300; line-height: 1.5;\n}\n.lk-zazitky-disclaimer a { color: #c46b4b; text-decoration: none; }\n.lk-zazitky-disclaimer a:hover { text-decoration: underline; }\n@media (max-width: 720px) {\n  .lk-zazitky-grid { grid-template-columns: 1fr; }\n  .lk-zazitky-header { padding: 20px 18px; }\n  .lk-zazitky-footer { padding: 14px 18px; }\n  .lk-zazitek-card { padding: 20px; }\n  .lk-zazitky-title { font-size: 20px; }\n}\n<\/style>\n<div class=\"lk-zazitky-header\">\n    <img decoding=\"async\" src=\"https:\/\/loudavymkrokem.cz\/wp-content\/uploads\/2026\/02\/lukas-a-lucka.jpg\" alt=\"Luk\u00e1\u0161 e Lucie\" title=\"\"><\/p>\n<div class=\"lk-zazitky-header-text\">\n<div class=\"lk-zazitky-eyebrow\">Dica do Luk\u00e1\u0161 e da Lucie<\/div>\n<div class=\"lk-zazitky-title\">Viva Praga de um jeito diferente<\/div>\n<div class=\"lk-zazitky-subtitle\">3 dicas testadas com 5% de desconto do parceiro Firma na z\u00e1\u017eitky<\/div>\n<\/p><\/div>\n<\/p><\/div>\n<div class=\"lk-zazitky-grid\">\n<p>    <a class=\"lk-zazitek-card\" href=\"https:\/\/www.firmanazazitky.cz\/plavba-po-vltave-s-obedem?utm_source=loudavymkrokem&amp;utm_medium=referral&amp;utm_campaign=prazsky-hrad&amp;utm_content=zazitek-1\" target=\"_blank\" rel=\"nofollow noopener sponsored\"><br \/>\n      <span class=\"lk-zazitek-badge\">\ud83d\udee5 Passeio<\/span><\/p>\n<div class=\"lk-zazitek-name\">Passeio de barco pelo Vltava com almo\u00e7o<\/div>\n<div class=\"lk-zazitek-desc\">Passeio rom\u00e2ntico para dois com almo\u00e7o \u2014 vistas lindas do Castelo de Praga, Ponte Carlos e outros monumentos vistos do rio.<\/div>\n<div class=\"lk-zazitek-meta\">\n        <span class=\"lk-zazitek-price\">a partir de <strong>84 \u20ac<\/strong><\/span>\n      <\/div>\n<p>      <span class=\"lk-zazitek-cta\"><br \/>\n        <svg width=\"14\" height=\"14\" viewBox=\"0 0 24 24\" fill=\"none\" stroke=\"currentColor\" stroke-width=\"2\"><path d=\"M18 13v6a2 2 0 0 1-2 2H5a2 2 0 0 1-2-2V8a2 2 0 0 1 2-2h6\"\/><polyline points=\"15 3 21 3 21 9\"\/><line x1=\"10\" y1=\"14\" x2=\"21\" y2=\"3\"\/><\/svg><br \/>\n        Reservar com desconto<br \/>\n      <\/span><br \/>\n    <\/a><\/p>\n<p>    <a class=\"lk-zazitek-card\" href=\"https:\/\/www.firmanazazitky.cz\/4-chodove-obedove-menu-v-tancicim-dome?utm_source=loudavymkrokem&amp;utm_medium=referral&amp;utm_campaign=prazsky-hrad&amp;utm_content=zazitek-2\" target=\"_blank\" rel=\"nofollow noopener sponsored\"><br \/>\n      <span class=\"lk-zazitek-badge\">\ud83c\udf7d Gastronomia<\/span><\/p>\n<div class=\"lk-zazitek-name\">Menu de 4 pratos na Casa Dan\u00e7ante<\/div>\n<div class=\"lk-zazitek-desc\">Almo\u00e7o gourmet em um dos edif\u00edcios mais ic\u00f4nicos de Praga. \u00d3tima dica para transformar a visita ao Castelo em uma experi\u00eancia de dia inteiro.<\/div>\n<div class=\"lk-zazitek-meta\">\n        <span class=\"lk-zazitek-price\">a partir de <strong>75 \u20ac<\/strong><\/span>\n      <\/div>\n<p>      <span class=\"lk-zazitek-cta\"><br \/>\n        <svg width=\"14\" height=\"14\" viewBox=\"0 0 24 24\" fill=\"none\" stroke=\"currentColor\" stroke-width=\"2\"><path d=\"M18 13v6a2 2 0 0 1-2 2H5a2 2 0 0 1-2-2V8a2 2 0 0 1 2-2h6\"\/><polyline points=\"15 3 21 3 21 9\"\/><line x1=\"10\" y1=\"14\" x2=\"21\" y2=\"3\"\/><\/svg><br \/>\n        Reservar com desconto<br \/>\n      <\/span><br \/>\n    <\/a><\/p>\n<p>    <a class=\"lk-zazitek-card is-category\" href=\"https:\/\/www.firmanazazitky.cz\/praha\/?utm_source=loudavymkrokem&amp;utm_medium=referral&amp;utm_campaign=prazsky-hrad&amp;utm_content=kategorie\" target=\"_blank\" rel=\"nofollow noopener sponsored\"><br \/>\n      <span class=\"lk-zazitek-badge\">\u2b50 Tudo<\/span><\/p>\n<div class=\"lk-zazitek-name\">Todas as experi\u00eancias em Praga<\/div>\n<div class=\"lk-zazitek-desc\">Adrenalina, gastronomia, bem-estar, voos sobre Praga, aulas de culin\u00e1ria e estadias rom\u00e2nticas \u2014 centenas de experi\u00eancias na capital.<\/div>\n<p>      <span class=\"lk-zazitek-cta\"><br \/>\n        Ver experi\u00eancias<br \/>\n        <svg width=\"12\" height=\"12\" viewBox=\"0 0 24 24\" fill=\"none\" stroke=\"currentColor\" stroke-width=\"2.5\"><polyline points=\"9 18 15 12 9 6\"\/><\/svg><br \/>\n      <\/span><br \/>\n    <\/a><\/p><\/div>\n<div class=\"lk-zazitky-footer\">\n    <span class=\"lk-zazitky-discount\"><br \/>\n      \u2b50 5% de desconto com o c\u00f3digo<br \/>\n      <span class=\"lk-zazitky-discount-code\">LOUDAVYMKROKEM5<\/span><br \/>\n    <\/span>\n  <\/div>\n<\/div>\n<h3 class=\"wp-block-heading\"><span class=\"ez-toc-section\" id=\"5_Palacio_Lobkowicz_%E2%80%94_joia_escondida_que_a_maioria_dos_turistas_perde\"><\/span><span class=\"ez-toc-section\" id=\"5_Palacio_Lobkowicz_joia_escondida_que_a_maioria_dos_turistas_perde\"><\/span>5. Pal\u00e1cio Lobkowicz \u2014 joia escondida que a maioria dos turistas perde<span class=\"ez-toc-section-end\"><\/span><span class=\"ez-toc-section-end\"><\/span><\/h3>\n<figure class=\"wp-block-image size-full\"><img loading=\"lazy\" decoding=\"async\" width=\"2528\" height=\"1696\" src=\"https:\/\/loudavymkrokem.cz\/wp-content\/uploads\/2026\/03\/prazsky-hrad-lobkovicky-palac-1.jpg\" alt=\"Pal\u00e1cio Lobkowicz no Castelo de Praga\" class=\"wp-image-139623\" title=\"\" srcset=\"https:\/\/loudavymkrokem.cz\/wp-content\/uploads\/2026\/03\/prazsky-hrad-lobkovicky-palac-1.jpg 2528w, https:\/\/loudavymkrokem.cz\/wp-content\/uploads\/2026\/03\/prazsky-hrad-lobkovicky-palac-1-300x201.jpg 300w, https:\/\/loudavymkrokem.cz\/wp-content\/uploads\/2026\/03\/prazsky-hrad-lobkovicky-palac-1-700x470.jpg 700w, https:\/\/loudavymkrokem.cz\/wp-content\/uploads\/2026\/03\/prazsky-hrad-lobkovicky-palac-1-768x515.jpg 768w, https:\/\/loudavymkrokem.cz\/wp-content\/uploads\/2026\/03\/prazsky-hrad-lobkovicky-palac-1-1536x1030.jpg 1536w, https:\/\/loudavymkrokem.cz\/wp-content\/uploads\/2026\/03\/prazsky-hrad-lobkovicky-palac-1-2048x1374.jpg 2048w, https:\/\/loudavymkrokem.cz\/wp-content\/uploads\/2026\/03\/prazsky-hrad-lobkovicky-palac-1-696x467.jpg 696w, https:\/\/loudavymkrokem.cz\/wp-content\/uploads\/2026\/03\/prazsky-hrad-lobkovicky-palac-1-1392x934.jpg 1392w, https:\/\/loudavymkrokem.cz\/wp-content\/uploads\/2026\/03\/prazsky-hrad-lobkovicky-palac-1-1920x1288.jpg 1920w\" sizes=\"auto, (max-width: 2528px) 100vw, 2528px\"><\/figure>\n<p>O Pal\u00e1cio Lobkowicz \u00e9 a <strong>\u00fanica propriedade privada dentro do Castelo de Praga<\/strong> e eu diria que \u00e9 um dos lugares mais subestimados de todo o complexo. A maioria das pessoas nem sabe que existe, porque n\u00e3o faz parte dos circuitos do castelo \u2014 tem ingresso pr\u00f3prio (11 \u20ac) e entrada separada.<\/p>\n<p>E dentro h\u00e1 uma cole\u00e7\u00e3o absolutamente deslumbrante. <strong>Canaletto, Bruegel, o Velho, Vel\u00e1zquez<\/strong> \u2014 s\u00e3o nomes que voc\u00ea esperaria no Louvre, n\u00e3o num pal\u00e1cio no Castelo de Praga. Al\u00e9m disso, manuscritos originais de Beethoven, Mozart e Haydn \u2014 a 3\u00aa, 4\u00aa e 5\u00aa sinfonias de Beethoven no punho dele. Para amantes de m\u00fasica, \u00e9 como um Santo Graal.<\/p>\n<p>O pal\u00e1cio organiza <strong>concertos di\u00e1rios de m\u00fasica cl\u00e1ssica<\/strong> no sal\u00e3o barroco \u2014 e a ac\u00fastica \u00e9 fant\u00e1stica. E tem o <strong>terra\u00e7o com caf\u00e9<\/strong>, de onde a vista de Praga compete com a da torre da catedral, s\u00f3 que sem os 287 degraus e pelo pre\u00e7o de um cappuccino.<\/p>\n<p>Se tivesse que escolher apenas um lugar pago no castelo, sinceramente eu diria: considere o Pal\u00e1cio Lobkowicz. \u00c9 uma combina\u00e7\u00e3o de arte de n\u00edvel mundial, m\u00fasica e vista panor\u00e2mica, e al\u00e9m de tudo, tem muito menos gente do que na catedral.<\/p>\n<h3 class=\"wp-block-heading\"><span class=\"ez-toc-section\" id=\"6_Troca_da_guarda_%E2%80%94_vale_a_pena\"><\/span><span class=\"ez-toc-section\" id=\"6_Troca_da_guarda_vale_a_pena\"><\/span>6. Troca da guarda \u2014 vale a pena?<span class=\"ez-toc-section-end\"><\/span><span class=\"ez-toc-section-end\"><\/span><\/h3>\n<figure class=\"wp-block-image size-full\"><img loading=\"lazy\" decoding=\"async\" width=\"2528\" height=\"1696\" src=\"https:\/\/loudavymkrokem.cz\/wp-content\/uploads\/2026\/03\/prazsky-hrad-hradni-straz.jpg\" alt=\"Guarda do Castelo de Praga\" class=\"wp-image-139624\" title=\"\" srcset=\"https:\/\/loudavymkrokem.cz\/wp-content\/uploads\/2026\/03\/prazsky-hrad-hradni-straz.jpg 2528w, https:\/\/loudavymkrokem.cz\/wp-content\/uploads\/2026\/03\/prazsky-hrad-hradni-straz-300x201.jpg 300w, https:\/\/loudavymkrokem.cz\/wp-content\/uploads\/2026\/03\/prazsky-hrad-hradni-straz-700x470.jpg 700w, https:\/\/loudavymkrokem.cz\/wp-content\/uploads\/2026\/03\/prazsky-hrad-hradni-straz-768x515.jpg 768w, https:\/\/loudavymkrokem.cz\/wp-content\/uploads\/2026\/03\/prazsky-hrad-hradni-straz-1536x1030.jpg 1536w, https:\/\/loudavymkrokem.cz\/wp-content\/uploads\/2026\/03\/prazsky-hrad-hradni-straz-2048x1374.jpg 2048w, https:\/\/loudavymkrokem.cz\/wp-content\/uploads\/2026\/03\/prazsky-hrad-hradni-straz-696x467.jpg 696w, https:\/\/loudavymkrokem.cz\/wp-content\/uploads\/2026\/03\/prazsky-hrad-hradni-straz-1392x934.jpg 1392w, https:\/\/loudavymkrokem.cz\/wp-content\/uploads\/2026\/03\/prazsky-hrad-hradni-straz-1920x1288.jpg 1920w\" sizes=\"auto, (max-width: 2528px) 100vw, 2528px\"><\/figure>\n<p>A troca da guarda no Castelo de Praga acontece <strong>a cada hora cheia, das 7h \u00e0s 20h<\/strong> \u2014 mas o que todo mundo quer ver \u00e9 a <strong>troca solene ao meio-dia<\/strong>. Essa inclui fanfarras, 25 membros da Banda da Guarda do Castelo e a troca do estandarte no I P\u00e1tio.<\/p>\n<p>Vale a pena? Depende da expectativa. Se voc\u00ea espera algo no n\u00edvel do Pal\u00e1cio de Buckingham, talvez fique um pouco decepcionado \u2014 \u00e9 mais curta e menos pomposa. Na internet voc\u00ea encontra avalia\u00e7\u00f5es de &#8220;lindo&#8221; a &#8220;meio sem gra\u00e7a&#8221;. Mas \u00e9 <strong>gratuito<\/strong>, dura poucos minutos e se voc\u00ea estiver por perto do castelo ao meio-dia, por que n\u00e3o? S\u00f3 se prepare: para conseguir um bom lugar no I P\u00e1tio, vai precisar chegar com anteced\u00eancia, porque junta muita gente.<\/p>\n<p>Minha recomenda\u00e7\u00e3o: se n\u00e3o tem tempo de esperar, n\u00e3o mude seu roteiro por causa disso. Se estiver passando por perto ao meio-dia, pare e assista. Mas n\u00e3o v\u00e1 ao castelo especialmente por isso.<\/p>\n<h2 class=\"wp-block-heading\"><span class=\"ez-toc-section\" id=\"Jardins_do_Castelo_de_Praga_%E2%80%94_a_parte_mais_bonita_que_os_turistas_ignoram\"><\/span><span class=\"ez-toc-section\" id=\"Jardins_do_Castelo_de_Praga_a_parte_mais_bonita_que_os_turistas_ignoram\"><\/span>Jardins do Castelo de Praga \u2014 a parte mais bonita que os turistas ignoram<span class=\"ez-toc-section-end\"><\/span><span class=\"ez-toc-section-end\"><\/span><\/h2>\n<p>Sabe o que mais me incomoda no Castelo de Praga? Que a maioria dos turistas percorre a catedral, a Ruela Dourada, tira foto e vai embora \u2014 ignorando completamente os jardins, que na minha opini\u00e3o s\u00e3o a parte mais bonita de todo o complexo. E s\u00e3o <strong>gratuitos<\/strong>. Ent\u00e3o considere esta se\u00e7\u00e3o como meu lobby pessoal para que voc\u00ea visite os jardins.<\/p>\n<h3 class=\"wp-block-heading\"><span class=\"ez-toc-section\" id=\"Jardim_Real_%E2%80%94_36_hectares_de_beleza\"><\/span><span class=\"ez-toc-section\" id=\"Jardim_Real_36_hectares_de_beleza\"><\/span>Jardim Real \u2014 3,6 hectares de beleza<span class=\"ez-toc-section-end\"><\/span><span class=\"ez-toc-section-end\"><\/span><\/h3>\n<figure class=\"wp-block-image size-full\"><img loading=\"lazy\" decoding=\"async\" width=\"2528\" height=\"1696\" src=\"https:\/\/loudavymkrokem.cz\/wp-content\/uploads\/2026\/03\/prazsky-hrad-kralovska-zahrada-1.jpg\" alt=\"Palacete Real no Jardim Real do Castelo de Praga\" class=\"wp-image-139625\" title=\"\" srcset=\"https:\/\/loudavymkrokem.cz\/wp-content\/uploads\/2026\/03\/prazsky-hrad-kralovska-zahrada-1.jpg 2528w, https:\/\/loudavymkrokem.cz\/wp-content\/uploads\/2026\/03\/prazsky-hrad-kralovska-zahrada-1-300x201.jpg 300w, https:\/\/loudavymkrokem.cz\/wp-content\/uploads\/2026\/03\/prazsky-hrad-kralovska-zahrada-1-700x470.jpg 700w, https:\/\/loudavymkrokem.cz\/wp-content\/uploads\/2026\/03\/prazsky-hrad-kralovska-zahrada-1-768x515.jpg 768w, https:\/\/loudavymkrokem.cz\/wp-content\/uploads\/2026\/03\/prazsky-hrad-kralovska-zahrada-1-1536x1030.jpg 1536w, https:\/\/loudavymkrokem.cz\/wp-content\/uploads\/2026\/03\/prazsky-hrad-kralovska-zahrada-1-2048x1374.jpg 2048w, https:\/\/loudavymkrokem.cz\/wp-content\/uploads\/2026\/03\/prazsky-hrad-kralovska-zahrada-1-696x467.jpg 696w, https:\/\/loudavymkrokem.cz\/wp-content\/uploads\/2026\/03\/prazsky-hrad-kralovska-zahrada-1-1392x934.jpg 1392w, https:\/\/loudavymkrokem.cz\/wp-content\/uploads\/2026\/03\/prazsky-hrad-kralovska-zahrada-1-1920x1288.jpg 1920w\" sizes=\"auto, (max-width: 2528px) 100vw, 2528px\"><\/figure>\n<p>O Jardim Real fica no lado norte do castelo e \u00e9 <strong>enorme<\/strong> \u2014 3,6 hectares, algo que voc\u00ea nem imagina ser poss\u00edvel no centro de Praga. Foi fundado em 1534 por Fernando I de Habsburgo e abriga v\u00e1rias preciosidades hist\u00f3ricas: o <strong>Palacete Real<\/strong> (tamb\u00e9m chamado Belvedere) \u2014 uma elegante constru\u00e7\u00e3o renascentista em frente \u00e0 qual fica a Fonte Cantante \u2014 e a <strong>Sala de Jogos de Bola<\/strong>, um edif\u00edcio renascentista com decora\u00e7\u00e3o em esgrafiado.<\/p>\n<p>Curiosidade: dizem que no Jardim Real cresceram as <strong>primeiras tulipas da Europa<\/strong> \u2014 trazidas da Turquia. Hoje voc\u00ea encontra mais canteiros bem cuidados e \u00e1rvores frondosas, mas na primavera \u00e9 lindo demais.<\/p>\n<p>O jardim \u00e9 ideal para descansar ap\u00f3s a visita ao castelo. Bancos, sil\u00eancio, verde, nenhuma multid\u00e3o. Eu e o Luk\u00e1\u0161 costumamos vir aqui s\u00f3 para sentar, tomar um caf\u00e9 da garrafa t\u00e9rmica e contemplar o Belvedere.<\/p>\n<h3 class=\"wp-block-heading\"><span class=\"ez-toc-section\" id=\"Jardins_do_Sul_%E2%80%94_projeto_de_Plecnik_e_vistas_de_Praga\"><\/span><span class=\"ez-toc-section\" id=\"Jardins_do_Sul_projeto_de_Plecnik_e_vistas_de_Praga\"><\/span>Jardins do Sul \u2014 projeto de Ple\u010dn\u00edk e vistas de Praga<span class=\"ez-toc-section-end\"><\/span><span class=\"ez-toc-section-end\"><\/span><\/h3>\n<figure class=\"wp-block-image size-full\"><img loading=\"lazy\" decoding=\"async\" width=\"2528\" height=\"1696\" src=\"https:\/\/loudavymkrokem.cz\/wp-content\/uploads\/2026\/03\/prazsky-hrad-jizni-zahrady-1.jpg\" alt=\"Vista dos Jardins do Sul do Castelo de Praga sobre a cidade\" class=\"wp-image-139626\" title=\"\" srcset=\"https:\/\/loudavymkrokem.cz\/wp-content\/uploads\/2026\/03\/prazsky-hrad-jizni-zahrady-1.jpg 2528w, https:\/\/loudavymkrokem.cz\/wp-content\/uploads\/2026\/03\/prazsky-hrad-jizni-zahrady-1-300x201.jpg 300w, https:\/\/loudavymkrokem.cz\/wp-content\/uploads\/2026\/03\/prazsky-hrad-jizni-zahrady-1-700x470.jpg 700w, https:\/\/loudavymkrokem.cz\/wp-content\/uploads\/2026\/03\/prazsky-hrad-jizni-zahrady-1-768x515.jpg 768w, https:\/\/loudavymkrokem.cz\/wp-content\/uploads\/2026\/03\/prazsky-hrad-jizni-zahrady-1-1536x1030.jpg 1536w, https:\/\/loudavymkrokem.cz\/wp-content\/uploads\/2026\/03\/prazsky-hrad-jizni-zahrady-1-2048x1374.jpg 2048w, https:\/\/loudavymkrokem.cz\/wp-content\/uploads\/2026\/03\/prazsky-hrad-jizni-zahrady-1-696x467.jpg 696w, https:\/\/loudavymkrokem.cz\/wp-content\/uploads\/2026\/03\/prazsky-hrad-jizni-zahrady-1-1392x934.jpg 1392w, https:\/\/loudavymkrokem.cz\/wp-content\/uploads\/2026\/03\/prazsky-hrad-jizni-zahrady-1-1920x1288.jpg 1920w\" sizes=\"auto, (max-width: 2528px) 100vw, 2528px\"><\/figure>\n<p>Os Jardins do Sul (Na Valech e Jardim do Para\u00edso) se estendem por <strong>500 metros sob a muralha sul<\/strong> e as vistas de l\u00e1 tiram o f\u00f4lego. Voc\u00ea v\u00ea toda Praga abaixo \u2014 Mal\u00e1 Strana, Ponte Carlos, os telhados da Cidade Velha. Com bom tempo, \u00e9 provavelmente o lugar mais fotog\u00eanico de toda Praga.<\/p>\n<p>Os jardins foram redesenhados nos anos 1920 pelo arquiteto esloveno <strong>Josip Ple\u010dn\u00edk<\/strong> \u2014 e sua marca \u00e9 evidente. Terra\u00e7os, colunatas, pavilh\u00f5es panor\u00e2micos \u2014 \u00e9 uma arquitetura elegante e ao mesmo tempo discreta, que trabalha lindamente com a encosta \u00edngreme.<\/p>\n<h3 class=\"wp-block-heading\"><span class=\"ez-toc-section\" id=\"Fosso_dos_Cervos_%E2%80%94_oasis_de_tranquilidade_que_quase_ninguem_conhece\"><\/span><span class=\"ez-toc-section\" id=\"Fosso_dos_Cervos_oasis_de_tranquilidade_que_quase_ninguem_conhece\"><\/span>Fosso dos Cervos \u2014 o\u00e1sis de tranquilidade que quase ningu\u00e9m conhece<span class=\"ez-toc-section-end\"><\/span><span class=\"ez-toc-section-end\"><\/span><\/h3>\n<figure class=\"wp-block-image size-full\"><img loading=\"lazy\" decoding=\"async\" width=\"2528\" height=\"1696\" src=\"https:\/\/loudavymkrokem.cz\/wp-content\/uploads\/2026\/03\/prazsky-hrad-jeleni-prikop-1.jpg\" alt=\"Fosso dos Cervos ao lado do Castelo de Praga\" class=\"wp-image-139627\" title=\"\" srcset=\"https:\/\/loudavymkrokem.cz\/wp-content\/uploads\/2026\/03\/prazsky-hrad-jeleni-prikop-1.jpg 2528w, https:\/\/loudavymkrokem.cz\/wp-content\/uploads\/2026\/03\/prazsky-hrad-jeleni-prikop-1-300x201.jpg 300w, https:\/\/loudavymkrokem.cz\/wp-content\/uploads\/2026\/03\/prazsky-hrad-jeleni-prikop-1-700x470.jpg 700w, https:\/\/loudavymkrokem.cz\/wp-content\/uploads\/2026\/03\/prazsky-hrad-jeleni-prikop-1-768x515.jpg 768w, https:\/\/loudavymkrokem.cz\/wp-content\/uploads\/2026\/03\/prazsky-hrad-jeleni-prikop-1-1536x1030.jpg 1536w, https:\/\/loudavymkrokem.cz\/wp-content\/uploads\/2026\/03\/prazsky-hrad-jeleni-prikop-1-2048x1374.jpg 2048w, https:\/\/loudavymkrokem.cz\/wp-content\/uploads\/2026\/03\/prazsky-hrad-jeleni-prikop-1-696x467.jpg 696w, https:\/\/loudavymkrokem.cz\/wp-content\/uploads\/2026\/03\/prazsky-hrad-jeleni-prikop-1-1392x934.jpg 1392w, https:\/\/loudavymkrokem.cz\/wp-content\/uploads\/2026\/03\/prazsky-hrad-jeleni-prikop-1-1920x1288.jpg 1920w\" sizes=\"auto, (max-width: 2528px) 100vw, 2528px\"><\/figure>\n<p>O Fosso dos Cervos (Jelen\u00ed p\u0159\u00edkop) \u00e9 um profundo vale natural entre o castelo e o Jardim Real, por onde antigamente corria o riacho Brusnice (e ali\u00e1s, ainda corre). O nome vem dos cervos que eram criados ali para a corte real. Hoje \u00e9 um o\u00e1sis verde onde voc\u00ea encontra corredores locais e uns poucos turistas informados.<\/p>\n<p><strong>A entrada \u00e9 gratuita<\/strong>, mas o hor\u00e1rio de funcionamento depende do m\u00eas \u2014 em mar\u00e7o das 10h \u00e0s 17h, em junho e julho das 10h \u00e0s 21h, em outubro das 10h \u00e0s 18h. No inverno fica fechado.<\/p>\n<p>\ud83d\udca1 <strong>DICA:<\/strong> O hor\u00e1rio de funcionamento dos jardins muda a cada ano \u2014 em geral, ficam fechados de meados de <strong>novembro at\u00e9 o final de fevereiro<\/strong>. O cronograma atualizado est\u00e1 no site oficial do castelo. Se for ao castelo no inverno, conte que n\u00e3o ver\u00e1 os jardins.<\/p>\n<h2 class=\"wp-block-heading\"><span class=\"ez-toc-section\" id=\"Lugares_secretos_perto_do_Castelo_de_Praga_%E2%80%94_onde_turistas_nao_vao\"><\/span><span class=\"ez-toc-section\" id=\"Lugares_secretos_perto_do_Castelo_de_Praga_onde_turistas_nao_vao\"><\/span>Lugares secretos perto do Castelo de Praga \u2014 onde turistas n\u00e3o v\u00e3o<span class=\"ez-toc-section-end\"><\/span><span class=\"ez-toc-section-end\"><\/span><\/h2>\n<figure class=\"wp-block-image size-full\"><img loading=\"lazy\" decoding=\"async\" width=\"2528\" height=\"1696\" src=\"https:\/\/loudavymkrokem.cz\/wp-content\/uploads\/2026\/03\/prazsky-hrad-hradcany.jpg\" alt=\"Pra\u00e7a de Hrad\u010dany em Praga\" class=\"wp-image-139635\" title=\"\" srcset=\"https:\/\/loudavymkrokem.cz\/wp-content\/uploads\/2026\/03\/prazsky-hrad-hradcany.jpg 2528w, https:\/\/loudavymkrokem.cz\/wp-content\/uploads\/2026\/03\/prazsky-hrad-hradcany-300x201.jpg 300w, https:\/\/loudavymkrokem.cz\/wp-content\/uploads\/2026\/03\/prazsky-hrad-hradcany-700x470.jpg 700w, https:\/\/loudavymkrokem.cz\/wp-content\/uploads\/2026\/03\/prazsky-hrad-hradcany-768x515.jpg 768w, https:\/\/loudavymkrokem.cz\/wp-content\/uploads\/2026\/03\/prazsky-hrad-hradcany-1536x1030.jpg 1536w, https:\/\/loudavymkrokem.cz\/wp-content\/uploads\/2026\/03\/prazsky-hrad-hradcany-2048x1374.jpg 2048w, https:\/\/loudavymkrokem.cz\/wp-content\/uploads\/2026\/03\/prazsky-hrad-hradcany-696x467.jpg 696w, https:\/\/loudavymkrokem.cz\/wp-content\/uploads\/2026\/03\/prazsky-hrad-hradcany-1392x934.jpg 1392w, https:\/\/loudavymkrokem.cz\/wp-content\/uploads\/2026\/03\/prazsky-hrad-hradcany-1920x1288.jpg 1920w\" sizes=\"auto, (max-width: 2528px) 100vw, 2528px\"><\/figure>\n<p>Os arredores do Castelo de Praga escondem lugares que t\u00eam a atmosfera da Praga antiga, sem multid\u00f5es e sem armadilhas tur\u00edsticas. Se voc\u00ea tiver tempo, adicione esses lugares ao roteiro \u2014 n\u00e3o vai se arrepender.<\/p>\n<h3 class=\"wp-block-heading\"><span class=\"ez-toc-section\" id=\"Novy_Svet_%E2%80%94_bairro_romantico_onde_o_tempo_parou\"><\/span><span class=\"ez-toc-section\" id=\"Novy_Svet_bairro_romantico_onde_o_tempo_parou\"><\/span>Nov\u00fd Sv\u011bt \u2014 bairro rom\u00e2ntico onde o tempo parou<span class=\"ez-toc-section-end\"><\/span><span class=\"ez-toc-section-end\"><\/span><\/h3>\n<figure class=\"wp-block-image size-full\"><img loading=\"lazy\" decoding=\"async\" width=\"2528\" height=\"1696\" src=\"https:\/\/loudavymkrokem.cz\/wp-content\/uploads\/2026\/03\/prazsky-hrad-novy-svet-1.jpg\" alt=\"Rua Nov\u00fd Sv\u011bt perto do Castelo de Praga\" class=\"wp-image-139628\" title=\"\" srcset=\"https:\/\/loudavymkrokem.cz\/wp-content\/uploads\/2026\/03\/prazsky-hrad-novy-svet-1.jpg 2528w, https:\/\/loudavymkrokem.cz\/wp-content\/uploads\/2026\/03\/prazsky-hrad-novy-svet-1-300x201.jpg 300w, https:\/\/loudavymkrokem.cz\/wp-content\/uploads\/2026\/03\/prazsky-hrad-novy-svet-1-700x470.jpg 700w, https:\/\/loudavymkrokem.cz\/wp-content\/uploads\/2026\/03\/prazsky-hrad-novy-svet-1-768x515.jpg 768w, https:\/\/loudavymkrokem.cz\/wp-content\/uploads\/2026\/03\/prazsky-hrad-novy-svet-1-1536x1030.jpg 1536w, https:\/\/loudavymkrokem.cz\/wp-content\/uploads\/2026\/03\/prazsky-hrad-novy-svet-1-2048x1374.jpg 2048w, https:\/\/loudavymkrokem.cz\/wp-content\/uploads\/2026\/03\/prazsky-hrad-novy-svet-1-696x467.jpg 696w, https:\/\/loudavymkrokem.cz\/wp-content\/uploads\/2026\/03\/prazsky-hrad-novy-svet-1-1392x934.jpg 1392w, https:\/\/loudavymkrokem.cz\/wp-content\/uploads\/2026\/03\/prazsky-hrad-novy-svet-1-1920x1288.jpg 1920w\" sizes=\"auto, (max-width: 2528px) 100vw, 2528px\"><\/figure>\n<p>Nov\u00fd Sv\u011bt \u00e9 uma ruazinha com casinhas coloridas a uns cinco minutos a p\u00e9 do castelo, em dire\u00e7\u00e3o \u00e0 Loreta \u2014 e \u00e9 provavelmente meu lugar favorito em toda a regi\u00e3o de Hrad\u010dany. Surgiu no s\u00e9culo XIV como um bairro de pobres e artes\u00e3os, e at\u00e9 hoje mant\u00e9m o charme de uma cidadezinha dentro da metr\u00f3pole.<\/p>\n<p>As casas t\u00eam nomes encantadores \u2014 Na Pata Dourada, Na Pera Dourada, Na Uva Dourada, Na Estrela Dourada. H\u00e1 a <strong>casa de madeira U Raka<\/strong>, que dizem ser a \u00fanica casa em enxaimel do centro hist\u00f3rico de Praga. E supostamente o astr\u00f4nomo dinamarqu\u00eas <strong>Tycho Brahe<\/strong> morou aqui por um tempo \u2014 os historiadores debatem sobre isso, mas s\u00f3 refor\u00e7a a atmosfera do lugar.<\/p>\n<p>No final da rua fica o <strong>Caf\u00e9 Nov\u00fd Sv\u011bt<\/strong> \u2014 um cafezinho pequeno e tranquilo, onde voc\u00ea pode sentar ao ar livre e tomar um excelente caf\u00e9 a pre\u00e7os normais (sem as taxas tur\u00edsticas do castelo). Em vez das multid\u00f5es na Ruela Dourada, experimente o Nov\u00fd Sv\u011bt \u2014 \u00e9 igualmente fotog\u00eanico, talvez at\u00e9 mais, e praticamente sem turistas.<\/p>\n<h3 class=\"wp-block-heading\"><span class=\"ez-toc-section\" id=\"Strahov_%E2%80%94_biblioteca_cervejaria_e_vistas\"><\/span><span class=\"ez-toc-section\" id=\"Strahov_biblioteca_cervejaria_e_vistas\"><\/span>Strahov \u2014 biblioteca, cervejaria e vistas<span class=\"ez-toc-section-end\"><\/span><span class=\"ez-toc-section-end\"><\/span><\/h3>\n<figure class=\"wp-block-image size-full\"><img loading=\"lazy\" decoding=\"async\" width=\"2528\" height=\"1696\" src=\"https:\/\/loudavymkrokem.cz\/wp-content\/uploads\/2026\/03\/prazsky-hrad-strahov-1.jpg\" alt=\"Mosteiro de Strahov perto do Castelo de Praga\" class=\"wp-image-139629\" title=\"\" srcset=\"https:\/\/loudavymkrokem.cz\/wp-content\/uploads\/2026\/03\/prazsky-hrad-strahov-1.jpg 2528w, https:\/\/loudavymkrokem.cz\/wp-content\/uploads\/2026\/03\/prazsky-hrad-strahov-1-300x201.jpg 300w, https:\/\/loudavymkrokem.cz\/wp-content\/uploads\/2026\/03\/prazsky-hrad-strahov-1-700x470.jpg 700w, https:\/\/loudavymkrokem.cz\/wp-content\/uploads\/2026\/03\/prazsky-hrad-strahov-1-768x515.jpg 768w, https:\/\/loudavymkrokem.cz\/wp-content\/uploads\/2026\/03\/prazsky-hrad-strahov-1-1536x1030.jpg 1536w, https:\/\/loudavymkrokem.cz\/wp-content\/uploads\/2026\/03\/prazsky-hrad-strahov-1-2048x1374.jpg 2048w, https:\/\/loudavymkrokem.cz\/wp-content\/uploads\/2026\/03\/prazsky-hrad-strahov-1-696x467.jpg 696w, https:\/\/loudavymkrokem.cz\/wp-content\/uploads\/2026\/03\/prazsky-hrad-strahov-1-1392x934.jpg 1392w, https:\/\/loudavymkrokem.cz\/wp-content\/uploads\/2026\/03\/prazsky-hrad-strahov-1-1920x1288.jpg 1920w\" sizes=\"auto, (max-width: 2528px) 100vw, 2528px\"><\/figure>\n<p>O Mosteiro de Strahov fica pertinho do castelo (10 minutos a p\u00e9 de Poho\u0159elec) e tem duas coisas pelas quais vale a pena dar um pulo l\u00e1.<\/p>\n<p><strong>A Biblioteca de Strahov<\/strong> (cerca de 8 \u20ac) \u00e9 uma das bibliotecas mais bonitas do mundo \u2014 e digo isso sem exagero. O Sal\u00e3o Teol\u00f3gico com afrescos barrocos e globos, e o Sal\u00e3o Filos\u00f3fico com estantes de madeira do ch\u00e3o ao teto repletas de livros antigos \u2014 \u00e9 como entrar num filme. Voc\u00ea n\u00e3o pode entrar entre as estantes (olha pela porta), mas mesmo assim \u00e9 de tirar o f\u00f4lego.<\/p>\n<p><strong>A Cervejaria do Mosteiro de Strahov<\/strong> produz sua pr\u00f3pria cerveja dentro do complexo do mosteiro. A tradi\u00e7\u00e3o cervejeira aqui remonta a 1400, embora a microcervejaria atual funcione desde 2001. A cerveja \u00e9 excelente, a comida s\u00f3lida \u2014 mas <strong>reserva \u00e9 obrigat\u00f3ria<\/strong>, especialmente nos fins de semana e na temporada. Sem reserva, dificilmente voc\u00ea consegue entrar. Uma vez fomos sem reserva num s\u00e1bado e esperamos uns 40 minutos. Desde ent\u00e3o, sempre ligamos antes. \ud83d\ude05<\/p>\n<p>Pertinho do mosteiro fica tamb\u00e9m o <strong>restaurante Na Pekle<\/strong> com adega de vinhos \u2014 tamb\u00e9m agrad\u00e1vel, embora um pouco escondido.<\/p>\n<h3 class=\"wp-block-heading\"><span class=\"ez-toc-section\" id=\"Lugares_fotogenicos_%E2%80%94_onde_tirar_fotos\"><\/span><span class=\"ez-toc-section\" id=\"Lugares_fotogenicos_onde_tirar_fotos\"><\/span>Lugares fotog\u00eanicos \u2014 onde tirar fotos<span class=\"ez-toc-section-end\"><\/span><span class=\"ez-toc-section-end\"><\/span><\/h3>\n<figure class=\"wp-block-image size-full\"><img loading=\"lazy\" decoding=\"async\" width=\"2528\" height=\"1696\" src=\"https:\/\/loudavymkrokem.cz\/wp-content\/uploads\/2026\/03\/prazsky-hrad-vyhled.jpg\" alt=\"Vista panor\u00e2mica de Praga dos arredores do Castelo de Praga\" class=\"wp-image-139630\" title=\"\" srcset=\"https:\/\/loudavymkrokem.cz\/wp-content\/uploads\/2026\/03\/prazsky-hrad-vyhled.jpg 2528w, https:\/\/loudavymkrokem.cz\/wp-content\/uploads\/2026\/03\/prazsky-hrad-vyhled-300x201.jpg 300w, https:\/\/loudavymkrokem.cz\/wp-content\/uploads\/2026\/03\/prazsky-hrad-vyhled-700x470.jpg 700w, https:\/\/loudavymkrokem.cz\/wp-content\/uploads\/2026\/03\/prazsky-hrad-vyhled-768x515.jpg 768w, https:\/\/loudavymkrokem.cz\/wp-content\/uploads\/2026\/03\/prazsky-hrad-vyhled-1536x1030.jpg 1536w, https:\/\/loudavymkrokem.cz\/wp-content\/uploads\/2026\/03\/prazsky-hrad-vyhled-2048x1374.jpg 2048w, https:\/\/loudavymkrokem.cz\/wp-content\/uploads\/2026\/03\/prazsky-hrad-vyhled-696x467.jpg 696w, https:\/\/loudavymkrokem.cz\/wp-content\/uploads\/2026\/03\/prazsky-hrad-vyhled-1392x934.jpg 1392w, https:\/\/loudavymkrokem.cz\/wp-content\/uploads\/2026\/03\/prazsky-hrad-vyhled-1920x1288.jpg 1920w\" sizes=\"auto, (max-width: 2528px) 100vw, 2528px\"><\/figure>\n<p>Se voc\u00ea coleciona fotos para o Instagram ou simplesmente quer uma lembran\u00e7a bonita:<\/p>\n<ul class=\"wp-block-list\">\n<li><strong>Jardins do Sul<\/strong> \u2014 vista de Praga com telhados vermelhos, melhor luz \u00e0 tarde<\/li>\n<li><strong>III P\u00e1tio<\/strong> \u2014 Catedral de S\u00e3o Vito de perto, de manh\u00e3 sem gente<\/li>\n<li><strong>Nov\u00fd Sv\u011bt<\/strong> \u2014 casas coloridas com lanternas, bonito a qualquer hora<\/li>\n<li><strong>Rua Nerudova<\/strong> (na descida) \u2014 ins\u00edgnias ic\u00f4nicas nas fachadas e vista da c\u00fapula de S\u00e3o Nicolau<\/li>\n<li><strong>Palacete Real Belvedere<\/strong> \u2014 a mais pura constru\u00e7\u00e3o renascentista de Praga, linda na foto<\/li>\n<li><strong>Vista do castelo de baixo<\/strong> \u2014 da Ponte Carlos ou do cais, melhor ap\u00f3s o p\u00f4r do sol, quando o castelo est\u00e1 iluminado<\/li>\n<\/ul>\n<p>\ud83d\udca1 <strong>DICA:<\/strong> A melhor luz para fotografar o castelo por dentro \u00e9 de manh\u00e3 (luz oriental na catedral). Para fotografar o castelo por fora, o melhor \u00e9 o entardecer e a noite, quando est\u00e1 iluminado.<\/p>\n<h2 class=\"wp-block-heading\"><span class=\"ez-toc-section\" id=\"Onde_comer_no_Castelo_de_Praga_e_arredores_%E2%80%94_sem_armadilhas_turisticas\"><\/span><span class=\"ez-toc-section\" id=\"Onde_comer_no_Castelo_de_Praga_e_arredores_sem_armadilhas_turisticas\"><\/span>Onde comer no Castelo de Praga e arredores \u2014 sem armadilhas tur\u00edsticas<span class=\"ez-toc-section-end\"><\/span><span class=\"ez-toc-section-end\"><\/span><\/h2>\n<p>Comer nos arredores do Castelo de Praga \u00e9 meio campo minado. Os restaurantes diretamente nas rotas tur\u00edsticas costumam ser caros demais e a qualidade reflete o fato de que o cliente vem uma vez e n\u00e3o volta mais. Mas existem exce\u00e7\u00f5es \u2014 e alguns lugares frequentados at\u00e9 por moradores locais. Vou contar onde ir.<\/p>\n<h3 class=\"wp-block-heading\"><span class=\"ez-toc-section\" id=\"Kuchyn_Ambiente_%E2%80%94_cozinha_tcheca_com_vista\"><\/span><span class=\"ez-toc-section\" id=\"Kuchyn_Ambiente_cozinha_tcheca_com_vista\"><\/span>Kuchy\u0148 (Ambiente) \u2014 cozinha tcheca com vista<span class=\"ez-toc-section-end\"><\/span><span class=\"ez-toc-section-end\"><\/span><\/h3>\n<figure class=\"wp-block-image size-full\"><img loading=\"lazy\" decoding=\"async\" width=\"2528\" height=\"1696\" src=\"https:\/\/loudavymkrokem.cz\/wp-content\/uploads\/2026\/03\/prazsky-hrad-kuchyn.jpg\" alt=\"Restaurante Kuchy\u0148 no Castelo de Praga\" class=\"wp-image-139631\" title=\"\" srcset=\"https:\/\/loudavymkrokem.cz\/wp-content\/uploads\/2026\/03\/prazsky-hrad-kuchyn.jpg 2528w, https:\/\/loudavymkrokem.cz\/wp-content\/uploads\/2026\/03\/prazsky-hrad-kuchyn-300x201.jpg 300w, https:\/\/loudavymkrokem.cz\/wp-content\/uploads\/2026\/03\/prazsky-hrad-kuchyn-700x470.jpg 700w, https:\/\/loudavymkrokem.cz\/wp-content\/uploads\/2026\/03\/prazsky-hrad-kuchyn-768x515.jpg 768w, https:\/\/loudavymkrokem.cz\/wp-content\/uploads\/2026\/03\/prazsky-hrad-kuchyn-1536x1030.jpg 1536w, https:\/\/loudavymkrokem.cz\/wp-content\/uploads\/2026\/03\/prazsky-hrad-kuchyn-2048x1374.jpg 2048w, https:\/\/loudavymkrokem.cz\/wp-content\/uploads\/2026\/03\/prazsky-hrad-kuchyn-696x467.jpg 696w, https:\/\/loudavymkrokem.cz\/wp-content\/uploads\/2026\/03\/prazsky-hrad-kuchyn-1392x934.jpg 1392w, https:\/\/loudavymkrokem.cz\/wp-content\/uploads\/2026\/03\/prazsky-hrad-kuchyn-1920x1288.jpg 1920w\" sizes=\"auto, (max-width: 2528px) 100vw, 2528px\"><\/figure>\n<p>O restaurante <strong>Kuchy\u0148<\/strong>, do grupo Ambiente, \u00e9 provavelmente o melhor restaurante dentro do recinto do castelo. O conceito \u00e9 simples \u2014 cozinha tcheca e centro-europeia, ingredientes honestos, e principalmente um <strong>terra\u00e7o com vista panor\u00e2mica de Praga<\/strong>. No ver\u00e3o, sentar l\u00e1 fora \u00e9 absolutamente incr\u00edvel.<\/p>\n<p>Em termos de pre\u00e7o, \u00e9 categoria m\u00e9dia a alta \u2014 pratos principais ficam entre 12 e 20 \u20ac, mas pela qualidade e localiza\u00e7\u00e3o, \u00e9 justo. Definitivamente n\u00e3o \u00e9 armadilha tur\u00edstica. Recomendo reservar, especialmente para o terra\u00e7o.<\/p>\n<h3 class=\"wp-block-heading\"><span class=\"ez-toc-section\" id=\"Vikarka_%E2%80%94_restaurante_historico_desde_1347\"><\/span><span class=\"ez-toc-section\" id=\"Vikarka_restaurante_historico_desde_1347\"><\/span>Vik\u00e1rka \u2014 restaurante hist\u00f3rico desde 1347<span class=\"ez-toc-section-end\"><\/span><span class=\"ez-toc-section-end\"><\/span><\/h3>\n<figure class=\"wp-block-image size-full\"><img loading=\"lazy\" decoding=\"async\" width=\"2528\" height=\"1696\" src=\"https:\/\/loudavymkrokem.cz\/wp-content\/uploads\/2026\/03\/prazsky-hrad-vikarka.jpg\" alt=\"Restaurante Vik\u00e1rka no Castelo de Praga\" class=\"wp-image-139632\" title=\"\" srcset=\"https:\/\/loudavymkrokem.cz\/wp-content\/uploads\/2026\/03\/prazsky-hrad-vikarka.jpg 2528w, https:\/\/loudavymkrokem.cz\/wp-content\/uploads\/2026\/03\/prazsky-hrad-vikarka-300x201.jpg 300w, https:\/\/loudavymkrokem.cz\/wp-content\/uploads\/2026\/03\/prazsky-hrad-vikarka-700x470.jpg 700w, https:\/\/loudavymkrokem.cz\/wp-content\/uploads\/2026\/03\/prazsky-hrad-vikarka-768x515.jpg 768w, https:\/\/loudavymkrokem.cz\/wp-content\/uploads\/2026\/03\/prazsky-hrad-vikarka-1536x1030.jpg 1536w, https:\/\/loudavymkrokem.cz\/wp-content\/uploads\/2026\/03\/prazsky-hrad-vikarka-2048x1374.jpg 2048w, https:\/\/loudavymkrokem.cz\/wp-content\/uploads\/2026\/03\/prazsky-hrad-vikarka-696x467.jpg 696w, https:\/\/loudavymkrokem.cz\/wp-content\/uploads\/2026\/03\/prazsky-hrad-vikarka-1392x934.jpg 1392w, https:\/\/loudavymkrokem.cz\/wp-content\/uploads\/2026\/03\/prazsky-hrad-vikarka-1920x1288.jpg 1920w\" sizes=\"auto, (max-width: 2528px) 100vw, 2528px\"><\/figure>\n<p>A Vik\u00e1rka \u00e9 um restaurante com uma hist\u00f3ria que poucos estabelecimentos conseguem igualar \u2014 funciona como hospedaria desde 1347, quando Carlos IV concedeu o direito de fabricar cerveja. Fica bem ao lado do castelo e serve cozinha tcheca. A atmosfera dos sal\u00f5es hist\u00f3ricos \u00e9 legal, embora a comida seja mais s\u00f3lida do que excepcional. Mas onde mais voc\u00ea almo\u00e7a num restaurante de quase 700 anos?<\/p>\n<h3 class=\"wp-block-heading\"><span class=\"ez-toc-section\" id=\"Cafe_Melvin_Bistro_%E2%80%94_na_Ruela_Dourada\"><\/span><span class=\"ez-toc-section\" id=\"Cafe_Melvin_Bistro_na_Ruela_Dourada\"><\/span>Caf\u00e9 Melvin Bistro \u2014 na Ruela Dourada<span class=\"ez-toc-section-end\"><\/span><span class=\"ez-toc-section-end\"><\/span><\/h3>\n<figure class=\"wp-block-image size-full\"><img loading=\"lazy\" decoding=\"async\" width=\"2528\" height=\"1696\" src=\"https:\/\/loudavymkrokem.cz\/wp-content\/uploads\/2026\/03\/prazsky-hrad-cafe-zlata-ulicka.jpg\" alt=\"Ruela Dourada no Castelo de Praga\" class=\"wp-image-139636\" title=\"\" srcset=\"https:\/\/loudavymkrokem.cz\/wp-content\/uploads\/2026\/03\/prazsky-hrad-cafe-zlata-ulicka.jpg 2528w, https:\/\/loudavymkrokem.cz\/wp-content\/uploads\/2026\/03\/prazsky-hrad-cafe-zlata-ulicka-300x201.jpg 300w, https:\/\/loudavymkrokem.cz\/wp-content\/uploads\/2026\/03\/prazsky-hrad-cafe-zlata-ulicka-700x470.jpg 700w, https:\/\/loudavymkrokem.cz\/wp-content\/uploads\/2026\/03\/prazsky-hrad-cafe-zlata-ulicka-768x515.jpg 768w, https:\/\/loudavymkrokem.cz\/wp-content\/uploads\/2026\/03\/prazsky-hrad-cafe-zlata-ulicka-1536x1030.jpg 1536w, https:\/\/loudavymkrokem.cz\/wp-content\/uploads\/2026\/03\/prazsky-hrad-cafe-zlata-ulicka-2048x1374.jpg 2048w, https:\/\/loudavymkrokem.cz\/wp-content\/uploads\/2026\/03\/prazsky-hrad-cafe-zlata-ulicka-696x467.jpg 696w, https:\/\/loudavymkrokem.cz\/wp-content\/uploads\/2026\/03\/prazsky-hrad-cafe-zlata-ulicka-1392x934.jpg 1392w, https:\/\/loudavymkrokem.cz\/wp-content\/uploads\/2026\/03\/prazsky-hrad-cafe-zlata-ulicka-1920x1288.jpg 1920w\" sizes=\"auto, (max-width: 2528px) 100vw, 2528px\"><\/figure>\n<p>Um cafezinho bem ao lado da Ruela Dourada, onde voc\u00ea pode tomar um caf\u00e9 decente e comer doces. Nada extraordin\u00e1rio, mas serve para uma pausa r\u00e1pida durante a visita. Os pre\u00e7os refletem a localiza\u00e7\u00e3o \u2014 espere um pouco mais do que numa cafeteria comum de Praga.<\/p>\n<h3 class=\"wp-block-heading\"><span class=\"ez-toc-section\" id=\"Cafe_Novy_Svet_%E2%80%94_tranquilo_e_com_precos_acessiveis\"><\/span><span class=\"ez-toc-section\" id=\"Cafe_Novy_Svet_tranquilo_e_com_precos_acessiveis\"><\/span>Caf\u00e9 Nov\u00fd Sv\u011bt \u2014 tranquilo e com pre\u00e7os acess\u00edveis<span class=\"ez-toc-section-end\"><\/span><span class=\"ez-toc-section-end\"><\/span><\/h3>\n<p>Minha parada favorita nos arredores do castelo. Um pequeno caf\u00e9 na ruela Nov\u00fd Sv\u011bt, onde voc\u00ea senta em paz, toma um excelente caf\u00e9 a pre\u00e7os normais e fica olhando as casinhas coloridas. Sem multid\u00f5es tur\u00edsticas, sem sobretaxas. Exatamente o tipo de lugar que voc\u00ea n\u00e3o esperaria encontrar em Hrad\u010dany.<\/p>\n<figure class=\"wp-block-image size-full\"><img loading=\"lazy\" decoding=\"async\" width=\"2528\" height=\"1696\" src=\"https:\/\/loudavymkrokem.cz\/wp-content\/uploads\/2026\/03\/prazsky-hrad-novy-svet.jpg\" alt=\"Rua Nov\u00fd Sv\u011bt perto do Castelo de Praga\" class=\"wp-image-139606\" title=\"\" srcset=\"https:\/\/loudavymkrokem.cz\/wp-content\/uploads\/2026\/03\/prazsky-hrad-novy-svet.jpg 2528w, https:\/\/loudavymkrokem.cz\/wp-content\/uploads\/2026\/03\/prazsky-hrad-novy-svet-300x201.jpg 300w, https:\/\/loudavymkrokem.cz\/wp-content\/uploads\/2026\/03\/prazsky-hrad-novy-svet-700x470.jpg 700w, https:\/\/loudavymkrokem.cz\/wp-content\/uploads\/2026\/03\/prazsky-hrad-novy-svet-768x515.jpg 768w, https:\/\/loudavymkrokem.cz\/wp-content\/uploads\/2026\/03\/prazsky-hrad-novy-svet-1536x1030.jpg 1536w, https:\/\/loudavymkrokem.cz\/wp-content\/uploads\/2026\/03\/prazsky-hrad-novy-svet-2048x1374.jpg 2048w, https:\/\/loudavymkrokem.cz\/wp-content\/uploads\/2026\/03\/prazsky-hrad-novy-svet-696x467.jpg 696w, https:\/\/loudavymkrokem.cz\/wp-content\/uploads\/2026\/03\/prazsky-hrad-novy-svet-1392x934.jpg 1392w, https:\/\/loudavymkrokem.cz\/wp-content\/uploads\/2026\/03\/prazsky-hrad-novy-svet-1920x1288.jpg 1920w\" sizes=\"auto, (max-width: 2528px) 100vw, 2528px\"><\/figure>\n<h3 class=\"wp-block-heading\"><span class=\"ez-toc-section\" id=\"Cervejaria_do_Mosteiro_de_Strahov_%E2%80%94_cerveja_propria_mas_reserve\"><\/span><span class=\"ez-toc-section\" id=\"Cervejaria_do_Mosteiro_de_Strahov_cerveja_propria_mas_reserve\"><\/span>Cervejaria do Mosteiro de Strahov \u2014 cerveja pr\u00f3pria, mas reserve!<span class=\"ez-toc-section-end\"><\/span><span class=\"ez-toc-section-end\"><\/span><\/h3>\n<p>J\u00e1 falei sobre a cervejaria acima \u2014 repito s\u00f3 o mais importante: <strong>reserve com anteced\u00eancia.<\/strong> A cerveja \u00e9 excelente (St. Norbert em v\u00e1rias variedades), a comida \u00e9 boa cozinha tcheca, a atmosfera nos sal\u00f5es do mosteiro \u00e9 \u00f3tima. Sem reserva, voc\u00ea arrisca ficar do lado de fora.<\/p>\n<h3 class=\"wp-block-heading\"><span class=\"ez-toc-section\" id=\"IPPA_Cafe\"><\/span><span class=\"ez-toc-section\" id=\"IPPA_Cafe\"><\/span>IPPA Caf\u00e9<span class=\"ez-toc-section-end\"><\/span><span class=\"ez-toc-section-end\"><\/span><\/h3>\n<p>Cafeteria agrad\u00e1vel com produtos de confeitaria e caf\u00e9 da manh\u00e3 perto do castelo. Se estiver procurando um lugar para um caf\u00e9 da manh\u00e3 tranquilo antes da visita, \u00e9 uma boa op\u00e7\u00e3o.<\/p>\n<p>\ud83d\udca1 <strong>DICA:<\/strong> Regra geral para comer perto do castelo \u2014 quanto mais perto da rota tur\u00edstica principal (Nerudova \u2192 castelo \u2192 Ruela Dourada), pior a rela\u00e7\u00e3o custo-benef\u00edcio. Vire numa ruazinha lateral e tudo melhora. E se tiver tempo, des\u00e7a at\u00e9 Mal\u00e1 Strana, onde a variedade de restaurantes \u00e9 muito maior e os pre\u00e7os, mais acess\u00edveis.<\/p>\n<h2 class=\"wp-block-heading\"><span class=\"ez-toc-section\" id=\"3_roteiros_de_acordo_com_o_tempo_disponivel\"><\/span><span class=\"ez-toc-section\" id=\"3_roteiros_de_acordo_com_o_tempo_disponivel\"><\/span>3 roteiros de acordo com o tempo dispon\u00edvel<span class=\"ez-toc-section-end\"><\/span><span class=\"ez-toc-section-end\"><\/span><\/h2>\n<p>Aqui est\u00e1 algo que n\u00e3o encontrei em outros sites sobre o Castelo de Praga \u2014 e que \u00e9 provavelmente a coisa mais pr\u00e1tica que posso oferecer. Tr\u00eas roteiros concretos com cronograma, para voc\u00ea saber exatamente onde e quando ir.<\/p>\n<h3 class=\"wp-block-heading\"><span class=\"ez-toc-section\" id=\"Para_2_horas_%E2%80%94_visita_rapida_quando_o_tempo_e_curto\"><\/span><span class=\"ez-toc-section\" id=\"Para_2_horas_visita_rapida_quando_o_tempo_e_curto\"><\/span>Para 2 horas \u2014 visita r\u00e1pida quando o tempo \u00e9 curto<span class=\"ez-toc-section-end\"><\/span><span class=\"ez-toc-section-end\"><\/span><\/h3>\n<p>Esta \u00e9 a op\u00e7\u00e3o &#8220;ver o essencial sem enrolar&#8221;. Ideal se voc\u00ea tem apenas um dia em Praga e o castelo \u00e9 uma parada entre v\u00e1rias.<\/p>\n<p><strong>9h<\/strong> \u2014 Chegue de bonde 22 na parada Pra\u017esk\u00fd hrad. V\u00e1 ao II P\u00e1tio e compre o ingresso do <strong>circuito B<\/strong> (10 \u20ac) na bilheteria \u2014 de manh\u00e3 n\u00e3o costuma ter fila.<\/p>\n<p><strong>9h10<\/strong> \u2014 V\u00e1 direto \u00e0 <strong>Catedral de S\u00e3o Vito<\/strong>. Percorra a nave principal, pare nos vitrais de Mucha, espie a Capela de S\u00e3o Venceslau. Conte com 20 a 30 minutos.<\/p>\n<p><strong>9h40<\/strong> \u2014 Passe ao <strong>Pal\u00e1cio Real Antigo<\/strong>, percorra o Sal\u00e3o Vladislav e veja a janela da defenestra\u00e7\u00e3o. 15 a 20 minutos.<\/p>\n<p><strong>10h<\/strong> \u2014 Passagem r\u00e1pida pela <strong>Bas\u00edlica de S\u00e3o Jorge<\/strong> \u2014 10 minutos bastam para absorver a atmosfera da igreja mais antiga do castelo.<\/p>\n<p><strong>10h15<\/strong> \u2014 <strong>Ruela Dourada<\/strong> \u2014 percorra as casinhas, espie a casa n\u00ba 22 de Kafka, veja a exposi\u00e7\u00e3o de armaduras no andar de cima. 15 a 20 minutos.<\/p>\n<p><strong>10h40<\/strong> \u2014 Suba ao mirante dos Jardins do Sul (se estiverem abertos), tire fotos do panorama de Praga e des\u00e7a pelas Escadas Antigas do Castelo at\u00e9 a esta\u00e7\u00e3o Malostransk\u00e1.<\/p>\n<p><strong>11h<\/strong> \u2014 Voc\u00ea est\u00e1 em Mal\u00e1 Strana. No total, 2 horas, e viu o essencial.<\/p>\n<h3 class=\"wp-block-heading\"><span class=\"ez-toc-section\" id=\"Para_meio_dia_%E2%80%94_roteiro_recomendado_para_a_maioria_dos_visitantes\"><\/span><span class=\"ez-toc-section\" id=\"Para_meio_dia_roteiro_recomendado_para_a_maioria_dos_visitantes\"><\/span>Para meio dia \u2014 roteiro recomendado para a maioria dos visitantes<span class=\"ez-toc-section-end\"><\/span><span class=\"ez-toc-section-end\"><\/span><\/h3>\n<p>Esta \u00e9 minha recomenda\u00e7\u00e3o se voc\u00ea quer conhecer o castelo direito, mas n\u00e3o tem o dia inteiro. Reserve cerca de 4 a 5 horas.<\/p>\n<p><strong>8h45<\/strong> \u2014 Bonde 22 at\u00e9 a parada <strong>Poho\u0159elec<\/strong>. Comece em <strong>Strahov<\/strong> \u2014 visite a Biblioteca de Strahov (8 \u20ac, abre \u00e0s 9h, visita de 20 a 30 minutos). Se \u00e9 cedo demais para cerveja, pelo menos d\u00ea uma olhada no complexo do mosteiro.<\/p>\n<p><strong>9h30<\/strong> \u2014 V\u00e1 at\u00e9 a <strong>Pra\u00e7a de Hrad\u010dany<\/strong> e entre no castelo. Compre o circuito B (10 \u20ac) na bilheteria do II P\u00e1tio.<\/p>\n<p><strong>9h45<\/strong> \u2014 <strong>Catedral de S\u00e3o Vito<\/strong> \u2014 dedique tempo, 30 a 40 minutos. Se quiser subir na torre (6 \u20ac), adicione mais 20 minutos.<\/p>\n<p><strong>10h30<\/strong> \u2014 <strong>Pal\u00e1cio Real Antigo<\/strong> \u2014 20 minutos.<\/p>\n<p><strong>10h50<\/strong> \u2014 <strong>Bas\u00edlica de S\u00e3o Jorge<\/strong> \u2014 15 minutos.<\/p>\n<p><strong>11h05<\/strong> \u2014 <strong>Pal\u00e1cio Lobkowicz<\/strong> (11 \u20ac) \u2014 este \u00e9 o b\u00f4nus que a maioria pula, mas vale muito a pena. Percorra a galeria, veja os manuscritos e tome um caf\u00e9 no terra\u00e7o com vista. 45 a 60 minutos.<\/p>\n<p><strong>12h<\/strong> \u2014 Almo\u00e7o no <strong>restaurante Kuchy\u0148<\/strong> (reserve com anteced\u00eancia) ou no <strong>Caf\u00e9 Nov\u00fd Sv\u011bt<\/strong> (se quiser algo mais leve e barato).<\/p>\n<p><strong>12h45<\/strong> \u2014 Passeio pelo <strong>Nov\u00fd Sv\u011bt<\/strong> \u2014 15 a 20 minutos de caminhada tranquila pela ruela fotog\u00eanica.<\/p>\n<p><strong>13h<\/strong> \u2014 Retorno pelo recinto do castelo, passagem pelos <strong>Jardins do Sul<\/strong> (vistas!) e descida at\u00e9 Mal\u00e1 Strana.<\/p>\n<p><strong>13h30<\/strong> \u2014 Pronto. Voc\u00ea viu o melhor do castelo e dos arredores, e ainda tem a tarde inteira para Mal\u00e1 Strana ou outras partes de Praga.<\/p>\n<h3 class=\"wp-block-heading\"><span class=\"ez-toc-section\" id=\"Para_o_dia_inteiro_%E2%80%94_para_amantes_de_historia_e_viagem_lenta\"><\/span><span class=\"ez-toc-section\" id=\"Para_o_dia_inteiro_para_amantes_de_historia_e_viagem_lenta\"><\/span>Para o dia inteiro \u2014 para amantes de hist\u00f3ria e viagem lenta<span class=\"ez-toc-section-end\"><\/span><span class=\"ez-toc-section-end\"><\/span><\/h3>\n<p>Esta \u00e9 a op\u00e7\u00e3o para quem quer mergulhar no castelo e arredores de verdade. Conte com 7 a 8 horas.<\/p>\n<p><strong>8h30<\/strong> \u2014 Comece em <strong>Strahov<\/strong>. Biblioteca de Strahov (8 \u20ac), passeio pelo complexo do mosteiro, vista de Praga do terra\u00e7o do mosteiro.<\/p>\n<p><strong>9h15<\/strong> \u2014 V\u00e1 ao castelo. Compre o <strong>circuito A<\/strong> (14 \u20ac) + ingresso para a <strong>torre da catedral<\/strong> (6 \u20ac).<\/p>\n<p><strong>9h30<\/strong> \u2014 <strong>Catedral de S\u00e3o Vito<\/strong> \u2014 desta vez, dedique bastante tempo. Vitrais, Capela de S\u00e3o Venceslau, cripta real, e depois 287 degraus at\u00e9 a torre. 60 a 75 minutos no total.<\/p>\n<p><strong>10h45<\/strong> \u2014 <strong>Pal\u00e1cio Real Antigo<\/strong> incluindo a exposi\u00e7\u00e3o &#8220;A Hist\u00f3ria do Castelo de Praga&#8221; (parte do circuito A). 30 a 40 minutos.<\/p>\n<p><strong>11h25<\/strong> \u2014 <strong>Bas\u00edlica de S\u00e3o Jorge<\/strong> \u2014 15 minutos.<\/p>\n<p><strong>11h45<\/strong> \u2014 <strong>Ruela Dourada<\/strong> \u2014 ao meio-dia haver\u00e1 mais gente, mas com o circuito A voc\u00ea tem entrada. Percorra com calma, inclusive o andar de cima. 20 a 30 minutos.<\/p>\n<p><strong>12h15<\/strong> \u2014 <strong>Troca solene da guarda<\/strong> no I P\u00e1tio. Chegue com anteced\u00eancia para garantir um bom lugar.<\/p>\n<p><strong>12h30<\/strong> \u2014 Almo\u00e7o. Ou no <strong>Kuchy\u0148<\/strong> (com reserva), ou des\u00e7a at\u00e9 Strahov para a <strong>Cervejaria do Mosteiro<\/strong> (com reserva!). Uma hora para almo\u00e7ar.<\/p>\n<p><strong>13h30<\/strong> \u2014 <strong>Pal\u00e1cio Lobkowicz<\/strong> (11 \u20ac) \u2014 galeria, manuscritos, concerto (se houver), terra\u00e7o. 60 minutos.<\/p>\n<p><strong>14h30<\/strong> \u2014 <strong>Jardim Real<\/strong> \u2014 passeio, Belvedere, Fonte Cantante, Sala de Jogos. 30 a 45 minutos.<\/p>\n<p><strong>15h15<\/strong> \u2014 <strong>Fosso dos Cervos<\/strong> \u2014 passeio tranquilo pelo verde. 20 minutos.<\/p>\n<p><strong>15h40<\/strong> \u2014 <strong>Nov\u00fd Sv\u011bt<\/strong> \u2014 caf\u00e9, fotos, atmosfera. 30 minutos.<\/p>\n<p><strong>16h10<\/strong> \u2014 Passeio pelos <strong>Jardins do Sul<\/strong> com vistas de Praga. 20 a 30 minutos.<\/p>\n<p><strong>16h40<\/strong> \u2014 Descida at\u00e9 Mal\u00e1 Strana pela Rua Nerudova, com parada opcional para um sorvete ou vinho.<\/p>\n<p><strong>17h30<\/strong> \u2014 Pronto. Voc\u00ea passou o dia inteiro no castelo e arredores e viu realmente tudo.<\/p>\n<h2 class=\"wp-block-heading\"><span class=\"ez-toc-section\" id=\"Festival_Shakespeare_e_outros_eventos_no_castelo\"><\/span><span class=\"ez-toc-section\" id=\"Festival_Shakespeare_e_outros_eventos_no_castelo\"><\/span>Festival Shakespeare e outros eventos no castelo<span class=\"ez-toc-section-end\"><\/span><span class=\"ez-toc-section-end\"><\/span><\/h2>\n<p>O Castelo de Praga n\u00e3o \u00e9 apenas um museu \u2014 ao longo do ano acontecem v\u00e1rios eventos e atividades que valem a pena planejar a visita em torno deles. E tem um que eu gosto especialmente.<\/p>\n<h3 class=\"wp-block-heading\"><span class=\"ez-toc-section\" id=\"Festival_Shakespeare_%E2%80%94_teatro_ao_ar_livre\"><\/span><span class=\"ez-toc-section\" id=\"Festival_Shakespeare_teatro_ao_ar_livre\"><\/span>Festival Shakespeare \u2014 teatro ao ar livre<span class=\"ez-toc-section-end\"><\/span><span class=\"ez-toc-section-end\"><\/span><\/h3>\n<p>O <strong>Festival Shakespeare<\/strong> acontece todo ver\u00e3o junto ao Supremo Burgraviato, dentro do recinto do Castelo de Praga (e em outros locais tamb\u00e9m). Em 2026, vai de <strong>24 de junho a 5 de setembro<\/strong>, com 8 pe\u00e7as \u2014 desde com\u00e9dias como A Com\u00e9dia dos Erros e Como Gostais at\u00e9 trag\u00e9dias como Otelo e Macbeth.<\/p>\n<p>Eu e o Luk\u00e1\u0161 vamos regularmente e \u00e9 sempre uma experi\u00eancia m\u00e1gica. Imagine: voc\u00ea sentado ao ar livre, com as muralhas do Castelo de Praga atr\u00e1s, o sol se pondo e Shakespeare no palco. Come\u00e7a \u00e0s 20h30, justamente quando escurece e a atmosfera fica densa. Fico arrepiada s\u00f3 de escrever sobre isso. \u263a\ufe0f<\/p>\n<p>Os ingressos custam entre <strong>18 e 60 \u20ac<\/strong> (dependendo dos assentos e da pe\u00e7a) e s\u00e3o vendidos pela Ticketmaster. Na temporada esgotam, ent\u00e3o compre com anteced\u00eancia.<\/p>\n<p>E agora uma curiosidade que preciso compartilhar, mesmo que n\u00e3o tenha muito a ver com o castelo. No Festival Shakespeare, uma vez encontramos um vizinho da minha inf\u00e2ncia \u2014 nossas m\u00e3es s\u00e3o vizinhas na cidade de P\u00edsek, no interior da Tch\u00e9quia. Conversamos, falamos como o mundo \u00e9 pequeno, e cada um foi para seu lugar. Alguns anos depois, todos n\u00f3s nos mudamos de volta para P\u00edsek e, por coincid\u00eancia, a esposa dele e eu engravidamos quase na mesma \u00e9poca \u2014 nossos filhos t\u00eam a mesma idade. Ent\u00e3o o Festival Shakespeare no Castelo de Praga n\u00e3o \u00e9 respons\u00e1vel apenas por experi\u00eancias culturais, mas aparentemente tamb\u00e9m por alguma sincronicidade c\u00f3smica. \ud83d\ude01<\/p>\n<h3 class=\"wp-block-heading\"><span class=\"ez-toc-section\" id=\"Outros_eventos_no_castelo\"><\/span><span class=\"ez-toc-section\" id=\"Outros_eventos_no_castelo\"><\/span>Outros eventos no castelo<span class=\"ez-toc-section-end\"><\/span><span class=\"ez-toc-section-end\"><\/span><\/h3>\n<p>Ao longo do ano, o castelo tamb\u00e9m recebe concertos, exposi\u00e7\u00f5es e outros eventos culturais. Acompanhe o site oficial do castelo ou as redes sociais \u2014 de vez em quando aparecem visitas noturnas especiais ou eventos tem\u00e1ticos de Natal.<\/p>\n<h2 class=\"wp-block-heading\"><span class=\"ez-toc-section\" id=\"Castelo_de_Praga_%E2%80%94_curiosidades_que_voce_nao_encontra_em_outro_lugar\"><\/span><span class=\"ez-toc-section\" id=\"Castelo_de_Praga_curiosidades_que_voce_nao_encontra_em_outro_lugar\"><\/span>Castelo de Praga \u2014 curiosidades que voc\u00ea n\u00e3o encontra em outro lugar<span class=\"ez-toc-section-end\"><\/span><span class=\"ez-toc-section-end\"><\/span><\/h2>\n<p>Para finalizar, algumas curiosidades que n\u00e3o couberam em outras se\u00e7\u00f5es, mas que seria uma pena n\u00e3o mencionar:<\/p>\n<ul class=\"wp-block-list\">\n<li><strong>O Castelo de Praga \u00e9, segundo o Livro Guinness dos Recordes, o maior complexo de castelo antigo do mundo<\/strong> \u2014 com mais de 70.000 m\u00b2. Para comparar: o Pal\u00e1cio de Buckingham tem &#8220;apenas&#8221; 77.000 m\u00b2 de \u00e1rea total constru\u00edda, mas como complexo de castelo, o de Praga \u00e9 \u00fanico.<\/li>\n<li><strong>As Joias da Coroa Tcheca<\/strong> est\u00e3o guardadas na c\u00e2mara da coroa na Catedral de S\u00e3o Vito, atr\u00e1s de sete fechaduras. As chaves s\u00e3o mantidas por sete personalidades \u2014 o presidente, o primeiro-ministro, o arcebispo de Praga, os presidentes das duas c\u00e2maras do parlamento, o reitor do cabido metropolitano e o prefeito de Praga. Todos os sete precisam se reunir para que a c\u00e2mara seja aberta. Isso acontece muito raramente.<\/li>\n<li><strong>Daliborka<\/strong> \u2014 a torre na Ruela Dourada onde supostamente foi preso o cavaleiro Dalibor de Kozojedy, que teria aprendido a tocar violino na pris\u00e3o. O compositor Bed\u0159ich Smetana comp\u00f4s a \u00f3pera Dalibor baseada nesta hist\u00f3ria.<\/li>\n<li><strong>Controles de seguran\u00e7a<\/strong> \u2014 desde 2023, sob o presidente Pavel, os detectores de metais fixos nas entradas do castelo foram eliminados. Os controles s\u00e3o apenas aleat\u00f3rios, tornando a entrada mais r\u00e1pida e fluida. O castelo voltou a ser mais &#8220;aberto&#8221; ao p\u00fablico, como era historicamente.<\/li>\n<li><strong>A Catedral de S\u00e3o Vito abriga vitrais de Alfons Mucha<\/strong> \u2014 mas Mucha os projetou apenas em 1931, aos 71 anos. A terceira capela \u00e0 esquerda se chama Nova Capela Arcebispal, e o estilo Art Nouveau de Mucha numa catedral g\u00f3tica \u00e9 surpreendentemente harmonioso.<\/li>\n<\/ul>\n<h2 class=\"wp-block-heading\"><span class=\"ez-toc-section\" id=\"Perguntas_frequentes_sobre_o_Castelo_de_Praga_FAQ\"><\/span><span class=\"ez-toc-section\" id=\"Perguntas_frequentes_sobre_o_Castelo_de_Praga_FAQ\"><\/span>Perguntas frequentes sobre o Castelo de Praga (FAQ)<span class=\"ez-toc-section-end\"><\/span><span class=\"ez-toc-section-end\"><\/span><\/h2>\n<div id=\"rank-math-faq\" class=\"rank-math-block\">\n<div class=\"rank-math-list \">\n<div id=\"faq-question-1742400000001\" class=\"rank-math-list-item\">\n<h3 class=\"rank-math-question \"><span class=\"ez-toc-section\" id=\"Quanto_custa_a_entrada_no_Castelo_de_Praga\"><\/span><span class=\"ez-toc-section\" id=\"Quanto_custa_a_entrada_no_Castelo_de_Praga\"><\/span>Quanto custa a entrada no Castelo de Praga?<span class=\"ez-toc-section-end\"><\/span><span class=\"ez-toc-section-end\"><\/span><\/h3>\n<div class=\"rank-math-answer \">\n<p>A entrada no recinto do Castelo de Praga \u00e9 totalmente gratuita. Voc\u00ea paga apenas para acessar os interiores dos edif\u00edcios: o circuito A custa 14 \u20ac (reduzido 7 \u20ac), o circuito B custa 10 \u20ac (reduzido 5 \u20ac) e o circuito C custa 14 \u20ac. A torre da Catedral de S\u00e3o Vito custa 6 \u20ac e o Pal\u00e1cio Lobkowicz, 11 \u20ac. Crian\u00e7as at\u00e9 6 anos t\u00eam entrada gratuita. Os ingressos valem por 2 dias consecutivos.<\/p>\n<\/div>\n<\/div>\n<div id=\"faq-question-1742400000002\" class=\"rank-math-list-item\">\n<h3 class=\"rank-math-question \"><span class=\"ez-toc-section\" id=\"A_entrada_no_Castelo_de_Praga_e_gratuita\"><\/span><span class=\"ez-toc-section\" id=\"A_entrada_no_Castelo_de_Praga_e_gratuita\"><\/span>A entrada no Castelo de Praga \u00e9 gratuita?<span class=\"ez-toc-section-end\"><\/span><span class=\"ez-toc-section-end\"><\/span><\/h3>\n<div class=\"rank-math-answer \">\n<p>Sim, a entrada em todo o recinto do castelo \u00e9 gratuita \u2014 voc\u00ea pode passear pelos p\u00e1tios, jardins, pelo Fosso dos Cervos e admirar a catedral por fora. A Ruela Dourada \u00e9 gratuita ap\u00f3s as 17h no ver\u00e3o e ap\u00f3s as 16h no inverno. A troca da guarda tamb\u00e9m \u00e9 gratuita. Voc\u00ea s\u00f3 paga para entrar nos interiores dos edif\u00edcios atrav\u00e9s dos circuitos de visita\u00e7\u00e3o.<\/p>\n<\/div>\n<\/div>\n<div id=\"faq-question-1742400000003\" class=\"rank-math-list-item\">\n<h3 class=\"rank-math-question \"><span class=\"ez-toc-section\" id=\"Quanto_tempo_dura_a_visita_ao_Castelo_de_Praga\"><\/span><span class=\"ez-toc-section\" id=\"Quanto_tempo_dura_a_visita_ao_Castelo_de_Praga\"><\/span>Quanto tempo dura a visita ao Castelo de Praga?<span class=\"ez-toc-section-end\"><\/span><span class=\"ez-toc-section-end\"><\/span><\/h3>\n<div class=\"rank-math-answer \">\n<p>Depende de quanto voc\u00ea quer ver. Uma visita r\u00e1pida aos destaques leva cerca de 2 horas. Uma visita completa do castelo incluindo o Pal\u00e1cio Lobkowicz e almo\u00e7o leva de 4 a 5 horas. Se quiser ver tamb\u00e9m os jardins, Strahov e Nov\u00fd Sv\u011bt, reserve o dia inteiro (7 a 8 horas).<\/p>\n<\/div>\n<\/div>\n<div id=\"faq-question-1742400000004\" class=\"rank-math-list-item\">\n<h3 class=\"rank-math-question \"><span class=\"ez-toc-section\" id=\"Qual_o_melhor_horario_para_visitar_o_Castelo_de_Praga\"><\/span><span class=\"ez-toc-section\" id=\"Qual_o_melhor_horario_para_visitar_o_Castelo_de_Praga\"><\/span>Qual o melhor hor\u00e1rio para visitar o Castelo de Praga?<span class=\"ez-toc-section-end\"><\/span><span class=\"ez-toc-section-end\"><\/span><\/h3>\n<div class=\"rank-math-answer \">\n<p>O ideal \u00e9 chegar antes das 9h ou ap\u00f3s as 18h, quando h\u00e1 poucas multid\u00f5es. Os dias mais tranquilos da semana s\u00e3o ter\u00e7a e quarta-feira. Evite os fins de semana e o per\u00edodo de julho a agosto, quando o castelo recebe o maior fluxo de turistas. Em termos de esta\u00e7\u00e3o, os meses ideais s\u00e3o maio, junho, setembro e outubro \u2014 clima agrad\u00e1vel, jardins abertos e menos gente do que na alta temporada.<\/p>\n<\/div>\n<\/div>\n<div id=\"faq-question-1742400000005\" class=\"rank-math-list-item\">\n<h3 class=\"rank-math-question \"><span class=\"ez-toc-section\" id=\"Como_chegar_ao_Castelo_de_Praga\"><\/span><span class=\"ez-toc-section\" id=\"Como_chegar_ao_Castelo_de_Praga\"><\/span>Como chegar ao Castelo de Praga?<span class=\"ez-toc-section-end\"><\/span><span class=\"ez-toc-section-end\"><\/span><\/h3>\n<div class=\"rank-math-answer \">\n<p>O jeito mais c\u00f4modo \u00e9 o bonde n\u00famero 22 ou 23, parada Pra\u017esk\u00fd hrad (voc\u00ea chega diretamente ao topo). Outra op\u00e7\u00e3o \u00e9 o metr\u00f4 linha A at\u00e9 a esta\u00e7\u00e3o Malostransk\u00e1 e subir a p\u00e9 (15 a 20 minutos). A estrat\u00e9gia recomendada: bonde para subir, a p\u00e9 para descer por Mal\u00e1 Strana \u2014 voc\u00ea desce a ladeira e no caminho tem vistas lindas.<\/p>\n<\/div>\n<\/div>\n<div id=\"faq-question-1742400000006\" class=\"rank-math-list-item\">\n<h3 class=\"rank-math-question \"><span class=\"ez-toc-section\" id=\"Quando_foi_construido_o_Castelo_de_Praga\"><\/span><span class=\"ez-toc-section\" id=\"Quando_foi_construido_o_Castelo_de_Praga\"><\/span>Quando foi constru\u00eddo o Castelo de Praga?<span class=\"ez-toc-section-end\"><\/span><span class=\"ez-toc-section-end\"><\/span><\/h3>\n<div class=\"rank-math-answer \">\n<p>O Castelo de Praga foi fundado por volta do ano 880 pelo pr\u00edncipe Bo\u0159ivoj, da dinastia P\u0159emyslid. Desde ent\u00e3o, foi continuamente reformado e ampliado \u2014 elementos rom\u00e2nicos, g\u00f3ticos, renascentistas e barrocos se entrela\u00e7am. A Catedral de S\u00e3o Vito, a constru\u00e7\u00e3o mais famosa do complexo, levou quase 600 anos para ser conclu\u00edda (1344\u20131929).<\/p>\n<\/div>\n<\/div>\n<div id=\"faq-question-1742400000007\" class=\"rank-math-list-item\">\n<h3 class=\"rank-math-question \"><span class=\"ez-toc-section\" id=\"Quantos_comodos_tem_o_Castelo_de_Praga\"><\/span><span class=\"ez-toc-section\" id=\"Quantos_comodos_tem_o_Castelo_de_Praga\"><\/span>Quantos c\u00f4modos tem o Castelo de Praga?<span class=\"ez-toc-section-end\"><\/span><span class=\"ez-toc-section-end\"><\/span><\/h3>\n<div class=\"rank-math-answer \">\n<p>O Castelo de Praga \u00e9 um vasto complexo de edif\u00edcios, igrejas, pal\u00e1cios e jardins com \u00e1rea total superior a 70.000 m\u00b2. O n\u00famero exato de c\u00f4modos varia conforme a fonte, mas estima-se em aproximadamente 700 c\u00f4modos em diferentes edif\u00edcios do complexo. Para compara\u00e7\u00e3o \u2014 trata-se do maior complexo de castelo antigo do mundo, segundo o Livro Guinness dos Recordes.<\/p>\n<\/div>\n<\/div>\n<\/div>\n<\/div>\n","protected":false},"excerpt":{"rendered":"<p>Guia completo do Castelo de Praga escrito por uma local. Ingressos, hor\u00e1rios de funcionamento, o que \u00e9 gratuito, lugares escondidos como Nov\u00fd Sv\u011bt e dicas de quando ir para evitar as multid\u00f5es.<\/p>\n","protected":false},"author":3,"featured_media":139615,"comment_status":"open","ping_status":"open","sticky":false,"template":"","format":"standard","meta":{"footnotes":"","rank_math_title":"","rank_math_description":"","rank_math_focus_keyword":"","rank_math_seo_score":""},"categories":[1121,1157],"tags":[],"class_list":{"0":"post-151263","1":"post","2":"type-post","3":"status-publish","4":"format-standard","5":"has-post-thumbnail","7":"category-europa","8":"category-republica-tcheca"},"featured_image_src":"https:\/\/loudavymkrokem.cz\/wp-content\/uploads\/2026\/03\/prazsky-hrad-panorama-1.jpg","author_info":{"display_name":"Lucie Kone\u010dn\u00e1","author_link":"https:\/\/loudavymkrokem.cz\/pt-br\/author\/lucie-konecna\/"},"_links":{"self":[{"href":"https:\/\/loudavymkrokem.cz\/pt-br\/wp-json\/wp\/v2\/posts\/151263","targetHints":{"allow":["GET"]}}],"collection":[{"href":"https:\/\/loudavymkrokem.cz\/pt-br\/wp-json\/wp\/v2\/posts"}],"about":[{"href":"https:\/\/loudavymkrokem.cz\/pt-br\/wp-json\/wp\/v2\/types\/post"}],"author":[{"embeddable":true,"href":"https:\/\/loudavymkrokem.cz\/pt-br\/wp-json\/wp\/v2\/users\/3"}],"replies":[{"embeddable":true,"href":"https:\/\/loudavymkrokem.cz\/pt-br\/wp-json\/wp\/v2\/comments?post=151263"}],"version-history":[{"count":1,"href":"https:\/\/loudavymkrokem.cz\/pt-br\/wp-json\/wp\/v2\/posts\/151263\/revisions"}],"predecessor-version":[{"id":151722,"href":"https:\/\/loudavymkrokem.cz\/pt-br\/wp-json\/wp\/v2\/posts\/151263\/revisions\/151722"}],"wp:featuredmedia":[{"embeddable":true,"href":"https:\/\/loudavymkrokem.cz\/pt-br\/wp-json\/wp\/v2\/media\/139615"}],"wp:attachment":[{"href":"https:\/\/loudavymkrokem.cz\/pt-br\/wp-json\/wp\/v2\/media?parent=151263"}],"wp:term":[{"taxonomy":"category","embeddable":true,"href":"https:\/\/loudavymkrokem.cz\/pt-br\/wp-json\/wp\/v2\/categories?post=151263"},{"taxonomy":"post_tag","embeddable":true,"href":"https:\/\/loudavymkrokem.cz\/pt-br\/wp-json\/wp\/v2\/tags?post=151263"}],"curies":[{"name":"wp","href":"https:\/\/api.w.org\/{rel}","templated":true}]}}