{"id":151262,"date":"2026-03-25T15:23:53","date_gmt":"2026-03-25T14:23:53","guid":{"rendered":"https:\/\/loudavymkrokem.cz\/?p=151262"},"modified":"2026-04-30T11:08:19","modified_gmt":"2026-04-30T09:08:19","slug":"castelo-karlstejn-republica-tcheca","status":"publish","type":"post","link":"https:\/\/loudavymkrokem.cz\/pt-br\/castelo-karlstejn-republica-tcheca\/","title":{"rendered":"Castelo de Karl\u0161tejn: Guia Completo \u2014 ingressos, visitas e dicas para visitantes"},"content":{"rendered":"<p>Quando eu era crian\u00e7a, adorava &#8220;A Noite em Karl\u0161tejn&#8221;, um cl\u00e1ssico do cinema tcheco que se passa neste castelo. Meus pais me levaram para a primeira visita e eu voltei para casa com o melhor souvenir que uma crian\u00e7a poderia desejar: uma enorme maquete de papel do castelo para montar.<\/p>\n\n<p>Desde ent\u00e3o, voltei ao <strong>Castelo Karl\u0161tejn<\/strong> in\u00fameras vezes \u2014 com a escola, com amigos, com o Luk\u00e1\u0161. E agora estamos planejando levar o Jon\u00e1\u0161, nosso filho de dois anos, para sua primeir\u00edssima visita a um castelo.<\/p>\n\n<p>Por isso mergulhei fundo no assunto e este guia \u00e9 o resultado. Aqui voc\u00ea encontra tudo o que precisa saber \u2014 desde ingressos e roteiros de visita at\u00e9 dicas de como chegar, os melhores restaurantes e passeios nos arredores. E tamb\u00e9m minha opini\u00e3o sincera sobre o que vale a pena e o que n\u00e3o vale.<\/p>\n\n\n\n<div id=\"ez-toc-container\" class=\"ez-toc-v2_0_82_2 ez-toc-wrap-left counter-hierarchy ez-toc-counter ez-toc-grey ez-toc-container-direction\">\n<div class=\"ez-toc-title-container\">\n<p class=\"ez-toc-title\" style=\"cursor:inherit\">Obsah \u010dl\u00e1nku<\/p>\n<span class=\"ez-toc-title-toggle\"><a href=\"#\" class=\"ez-toc-pull-right ez-toc-btn ez-toc-btn-xs ez-toc-btn-default ez-toc-toggle\" aria-label=\"Alternar tabela de conte\u00fado\"><span class=\"ez-toc-js-icon-con\"><span class=\"\"><span class=\"eztoc-hide\" style=\"display:none;\">Toggle<\/span><span class=\"ez-toc-icon-toggle-span\"><svg style=\"fill: #999;color:#999\" xmlns=\"http:\/\/www.w3.org\/2000\/svg\" class=\"list-377408\" width=\"20px\" height=\"20px\" viewBox=\"0 0 24 24\" fill=\"none\"><path d=\"M6 6H4v2h2V6zm14 0H8v2h12V6zM4 11h2v2H4v-2zm16 0H8v2h12v-2zM4 16h2v2H4v-2zm16 0H8v2h12v-2z\" fill=\"currentColor\"><\/path><\/svg><svg style=\"fill: #999;color:#999\" class=\"arrow-unsorted-368013\" xmlns=\"http:\/\/www.w3.org\/2000\/svg\" width=\"10px\" height=\"10px\" viewBox=\"0 0 24 24\" version=\"1.2\" baseProfile=\"tiny\"><path d=\"M18.2 9.3l-6.2-6.3-6.2 6.3c-.2.2-.3.4-.3.7s.1.5.3.7c.2.2.4.3.7.3h11c.3 0 .5-.1.7-.3.2-.2.3-.5.3-.7s-.1-.5-.3-.7zM5.8 14.7l6.2 6.3 6.2-6.3c.2-.2.3-.5.3-.7s-.1-.5-.3-.7c-.2-.2-.4-.3-.7-.3h-11c-.3 0-.5.1-.7.3-.2.2-.3.5-.3.7s.1.5.3.7z\"\/><\/svg><\/span><\/span><\/span><\/a><\/span><\/div>\n<nav><ul class='ez-toc-list ez-toc-list-level-1 ' ><ul class='ez-toc-list-level-3' ><li class='ez-toc-heading-level-3'><a class=\"ez-toc-link ez-toc-heading-1\" href=\"https:\/\/loudavymkrokem.cz\/pt-br\/castelo-karlstejn-republica-tcheca\/#Resumo\" >Resumo<\/a><\/li><\/ul><\/li><li class='ez-toc-page-1 ez-toc-heading-level-2'><a class=\"ez-toc-link ez-toc-heading-2\" href=\"https:\/\/loudavymkrokem.cz\/pt-br\/castelo-karlstejn-republica-tcheca\/#O_que_torna_Karlstejn_especial_Historia_que_fascina\" >O que torna Karl\u0161tejn especial: Hist\u00f3ria que fascina<\/a><ul class='ez-toc-list-level-3' ><li class='ez-toc-heading-level-3'><a class=\"ez-toc-link ez-toc-heading-3\" href=\"https:\/\/loudavymkrokem.cz\/pt-br\/castelo-karlstejn-republica-tcheca\/#Carlos_IV_e_a_finalidade_do_castelo\" >Carlos IV e a finalidade do castelo<\/a><\/li><li class='ez-toc-page-1 ez-toc-heading-level-3'><a class=\"ez-toc-link ez-toc-heading-4\" href=\"https:\/\/loudavymkrokem.cz\/pt-br\/castelo-karlstejn-republica-tcheca\/#Arquitetura_em_degraus_Quanto_mais_alto_mais_perto_de_Deus\" >Arquitetura em degraus: Quanto mais alto, mais perto de Deus<\/a><\/li><li class='ez-toc-page-1 ez-toc-heading-level-3'><a class=\"ez-toc-link ez-toc-heading-5\" href=\"https:\/\/loudavymkrokem.cz\/pt-br\/castelo-karlstejn-republica-tcheca\/#Capela_da_Santa_Cruz\" >Capela da Santa Cruz<\/a><\/li><li class='ez-toc-page-1 ez-toc-heading-level-3'><a class=\"ez-toc-link ez-toc-heading-6\" href=\"https:\/\/loudavymkrokem.cz\/pt-br\/castelo-karlstejn-republica-tcheca\/#A_lenda_da_proibicao_de_mulheres_Mito_vs_realidade\" >A lenda da proibi\u00e7\u00e3o de mulheres: Mito vs. realidade<\/a><\/li><li class='ez-toc-page-1 ez-toc-heading-level-3'><a class=\"ez-toc-link ez-toc-heading-7\" href=\"https:\/\/loudavymkrokem.cz\/pt-br\/castelo-karlstejn-republica-tcheca\/#O_segredo_do_poco_do_castelo\" >O segredo do po\u00e7o do castelo<\/a><\/li><\/ul><\/li><li class='ez-toc-page-1 ez-toc-heading-level-2'><a class=\"ez-toc-link ez-toc-heading-8\" href=\"https:\/\/loudavymkrokem.cz\/pt-br\/castelo-karlstejn-republica-tcheca\/#Roteiros_de_visita_%E2%80%94_qual_escolher_e_quanto_custa\" >Roteiros de visita \u2014 qual escolher e quanto custa<\/a><ul class='ez-toc-list-level-3' ><li class='ez-toc-heading-level-3'><a class=\"ez-toc-link ez-toc-heading-9\" href=\"https:\/\/loudavymkrokem.cz\/pt-br\/castelo-karlstejn-republica-tcheca\/#Roteiro_1_Residencia_Imperial_de_Carlos_IV_%E2%80%94_o_basico_que_todos_conseguem\" >Roteiro 1: Resid\u00eancia Imperial de Carlos IV \u2014 o b\u00e1sico que todos conseguem<\/a><\/li><li class='ez-toc-page-1 ez-toc-heading-level-3'><a class=\"ez-toc-link ez-toc-heading-10\" href=\"https:\/\/loudavymkrokem.cz\/pt-br\/castelo-karlstejn-republica-tcheca\/#Roteiro_2_Capelas_do_Castelo_%E2%80%94_esse_e_imperdivel\" >Roteiro 2: Capelas do Castelo \u2014 esse \u00e9 imperd\u00edvel<\/a><\/li><li class='ez-toc-page-1 ez-toc-heading-level-3'><a class=\"ez-toc-link ez-toc-heading-11\" href=\"https:\/\/loudavymkrokem.cz\/pt-br\/castelo-karlstejn-republica-tcheca\/#Roteiros_exclusivos_%E2%80%94_para_quem_quer_mais\" >Roteiros exclusivos \u2014 para quem quer mais<\/a><\/li><li class='ez-toc-page-1 ez-toc-heading-level-3'><a class=\"ez-toc-link ez-toc-heading-12\" href=\"https:\/\/loudavymkrokem.cz\/pt-br\/castelo-karlstejn-republica-tcheca\/#Audioguia_gratuito_%E2%80%94_visita_por_conta_propria\" >Audioguia gratuito \u2014 visita por conta pr\u00f3pria<\/a><\/li><li class='ez-toc-page-1 ez-toc-heading-level-3'><a class=\"ez-toc-link ez-toc-heading-13\" href=\"https:\/\/loudavymkrokem.cz\/pt-br\/castelo-karlstejn-republica-tcheca\/#Qual_roteiro_escolher_%E2%80%94_resumo_rapido\" >Qual roteiro escolher \u2014 resumo r\u00e1pido<\/a><\/li><\/ul><\/li><li class='ez-toc-page-1 ez-toc-heading-level-2'><a class=\"ez-toc-link ez-toc-heading-14\" href=\"https:\/\/loudavymkrokem.cz\/pt-br\/castelo-karlstejn-republica-tcheca\/#Horarios_de_funcionamento_e_melhor_epoca_para_visitar\" >Hor\u00e1rios de funcionamento e melhor \u00e9poca para visitar<\/a><ul class='ez-toc-list-level-3' ><li class='ez-toc-heading-level-3'><a class=\"ez-toc-link ez-toc-heading-15\" href=\"https:\/\/loudavymkrokem.cz\/pt-br\/castelo-karlstejn-republica-tcheca\/#Horarios_completos_20252026\" >Hor\u00e1rios completos 2025\/2026<\/a><\/li><li class='ez-toc-page-1 ez-toc-heading-level-3'><a class=\"ez-toc-link ez-toc-heading-16\" href=\"https:\/\/loudavymkrokem.cz\/pt-br\/castelo-karlstejn-republica-tcheca\/#Melhor_epoca_para_visitar\" >Melhor \u00e9poca para visitar<\/a><\/li><\/ul><\/li><li class='ez-toc-page-1 ez-toc-heading-level-2'><a class=\"ez-toc-link ez-toc-heading-17\" href=\"https:\/\/loudavymkrokem.cz\/pt-br\/castelo-karlstejn-republica-tcheca\/#Como_chegar_ao_Castelo_Karlstejn_saindo_de_Praga\" >Como chegar ao Castelo Karl\u0161tejn saindo de Praga<\/a><ul class='ez-toc-list-level-3' ><li class='ez-toc-heading-level-3'><a class=\"ez-toc-link ez-toc-heading-18\" href=\"https:\/\/loudavymkrokem.cz\/pt-br\/castelo-karlstejn-republica-tcheca\/#De_trem_%E2%80%94_a_melhor_e_mais_confortavel_opcao\" >De trem \u2014 a melhor e mais confort\u00e1vel op\u00e7\u00e3o<\/a><\/li><li class='ez-toc-page-1 ez-toc-heading-level-3'><a class=\"ez-toc-link ez-toc-heading-19\" href=\"https:\/\/loudavymkrokem.cz\/pt-br\/castelo-karlstejn-republica-tcheca\/#De_carro_%E2%80%94_da_para_ir_mas_no_verao_pode_ser_complicado\" >De carro \u2014 d\u00e1 para ir, mas no ver\u00e3o pode ser complicado<\/a><\/li><li class='ez-toc-page-1 ez-toc-heading-level-3'><a class=\"ez-toc-link ez-toc-heading-20\" href=\"https:\/\/loudavymkrokem.cz\/pt-br\/castelo-karlstejn-republica-tcheca\/#Da_estacao_ate_o_castelo_%E2%80%94_25_a_40_minutos_de_subida\" >Da esta\u00e7\u00e3o at\u00e9 o castelo \u2014 25 a 40 minutos de subida<\/a><\/li><\/ul><\/li><li class='ez-toc-page-1 ez-toc-heading-level-2'><a class=\"ez-toc-link ez-toc-heading-21\" href=\"https:\/\/loudavymkrokem.cz\/pt-br\/castelo-karlstejn-republica-tcheca\/#Karlstejn_com_criancas_Dicas_para_familias_com_bebes_e_criancas_pequenas\" >Karl\u0161tejn com crian\u00e7as: Dicas para fam\u00edlias com beb\u00eas e crian\u00e7as pequenas<\/a><ul class='ez-toc-list-level-3' ><li class='ez-toc-heading-level-3'><a class=\"ez-toc-link ez-toc-heading-22\" href=\"https:\/\/loudavymkrokem.cz\/pt-br\/castelo-karlstejn-republica-tcheca\/#Deixe_o_carrinho_em_casa_leve_um_canguru\" >Deixe o carrinho em casa, leve um canguru<\/a><\/li><li class='ez-toc-page-1 ez-toc-heading-level-3'><a class=\"ez-toc-link ez-toc-heading-23\" href=\"https:\/\/loudavymkrokem.cz\/pt-br\/castelo-karlstejn-republica-tcheca\/#Qual_roteiro_com_crianca_pequena\" >Qual roteiro com crian\u00e7a pequena?<\/a><\/li><li class='ez-toc-page-1 ez-toc-heading-level-3'><a class=\"ez-toc-link ez-toc-heading-24\" href=\"https:\/\/loudavymkrokem.cz\/pt-br\/castelo-karlstejn-republica-tcheca\/#Roteiro_recomendado_com_criancas\" >Roteiro recomendado com crian\u00e7as<\/a><\/li><li class='ez-toc-page-1 ez-toc-heading-level-3'><a class=\"ez-toc-link ez-toc-heading-25\" href=\"https:\/\/loudavymkrokem.cz\/pt-br\/castelo-karlstejn-republica-tcheca\/#Alternativas_quando_a_visita_ao_castelo_nao_rola\" >Alternativas quando a visita ao castelo n\u00e3o rola<\/a><\/li><\/ul><\/li><li class='ez-toc-page-1 ez-toc-heading-level-2'><a class=\"ez-toc-link ez-toc-heading-26\" href=\"https:\/\/loudavymkrokem.cz\/pt-br\/castelo-karlstejn-republica-tcheca\/#Onde_comer_em_Karlstejn_%E2%80%94_restaurantes_e_dicas\" >Onde comer em Karl\u0161tejn \u2014 restaurantes e dicas<\/a><\/li><li class='ez-toc-page-1 ez-toc-heading-level-2'><a class=\"ez-toc-link ez-toc-heading-27\" href=\"https:\/\/loudavymkrokem.cz\/pt-br\/castelo-karlstejn-republica-tcheca\/#Onde_se_hospedar_nos_arredores_de_Karlstejn\" >Onde se hospedar nos arredores de Karl\u0161tejn<\/a><\/li><li class='ez-toc-page-1 ez-toc-heading-level-2'><a class=\"ez-toc-link ez-toc-heading-28\" href=\"https:\/\/loudavymkrokem.cz\/pt-br\/castelo-karlstejn-republica-tcheca\/#O_que_ver_nos_arredores_%E2%80%94_passeios_que_combinam_com_Karlstejn\" >O que ver nos arredores \u2014 passeios que combinam com Karl\u0161tejn<\/a><ul class='ez-toc-list-level-3' ><li class='ez-toc-heading-level-3'><a class=\"ez-toc-link ez-toc-heading-29\" href=\"https:\/\/loudavymkrokem.cz\/pt-br\/castelo-karlstejn-republica-tcheca\/#Pedreiras_Velka_e_Mala_Amerika_%E2%80%94_o_Grand_Canyon_tcheco\" >Pedreiras Velk\u00e1 e Mal\u00e1 Amerika \u2014 o Grand Canyon tcheco<\/a><\/li><li class='ez-toc-page-1 ez-toc-heading-level-3'><a class=\"ez-toc-link ez-toc-heading-30\" href=\"https:\/\/loudavymkrokem.cz\/pt-br\/castelo-karlstejn-republica-tcheca\/#Svaty_Jan_pod_Skalou_%E2%80%94_misticismo_e_paz\" >Svat\u00fd Jan pod Skalou \u2014 misticismo e paz<\/a><\/li><li class='ez-toc-page-1 ez-toc-heading-level-3'><a class=\"ez-toc-link ez-toc-heading-31\" href=\"https:\/\/loudavymkrokem.cz\/pt-br\/castelo-karlstejn-republica-tcheca\/#Cavernas_de_Koneprusy_e_o_mundo_subterraneo\" >Cavernas de Kon\u011bprusy e o mundo subterr\u00e2neo<\/a><\/li><li class='ez-toc-page-1 ez-toc-heading-level-3'><a class=\"ez-toc-link ez-toc-heading-32\" href=\"https:\/\/loudavymkrokem.cz\/pt-br\/castelo-karlstejn-republica-tcheca\/#Trilhas_educativas_para_caminhantes\" >Trilhas educativas para caminhantes<\/a><\/li><li class='ez-toc-page-1 ez-toc-heading-level-3'><a class=\"ez-toc-link ez-toc-heading-33\" href=\"https:\/\/loudavymkrokem.cz\/pt-br\/castelo-karlstejn-republica-tcheca\/#Cachoeiras_de_Bubovice\" >Cachoeiras de Bubovice<\/a><\/li><\/ul><\/li><li class='ez-toc-page-1 ez-toc-heading-level-2'><a class=\"ez-toc-link ez-toc-heading-34\" href=\"https:\/\/loudavymkrokem.cz\/pt-br\/castelo-karlstejn-republica-tcheca\/#Festa_da_Vindima_de_Karlstejn_%E2%80%94_o_maior_evento_do_ano\" >Festa da Vindima de Karl\u0161tejn \u2014 o maior evento do ano<\/a><ul class='ez-toc-list-level-3' ><li class='ez-toc-heading-level-3'><a class=\"ez-toc-link ez-toc-heading-35\" href=\"https:\/\/loudavymkrokem.cz\/pt-br\/castelo-karlstejn-republica-tcheca\/#O_que_esperar\" >O que esperar<\/a><\/li><li class='ez-toc-page-1 ez-toc-heading-level-3'><a class=\"ez-toc-link ez-toc-heading-36\" href=\"https:\/\/loudavymkrokem.cz\/pt-br\/castelo-karlstejn-republica-tcheca\/#Outros_eventos_durante_o_ano\" >Outros eventos durante o ano<\/a><\/li><\/ul><\/li><li class='ez-toc-page-1 ez-toc-heading-level-2'><a class=\"ez-toc-link ez-toc-heading-37\" href=\"https:\/\/loudavymkrokem.cz\/pt-br\/castelo-karlstejn-republica-tcheca\/#Leitura_complementar\" >Leitura complementar<\/a><\/li><li class='ez-toc-page-1 ez-toc-heading-level-2'><a class=\"ez-toc-link ez-toc-heading-38\" href=\"https:\/\/loudavymkrokem.cz\/pt-br\/castelo-karlstejn-republica-tcheca\/#FAQ\" >FAQ<\/a><ul class='ez-toc-list-level-3' ><li class='ez-toc-heading-level-3'><a class=\"ez-toc-link ez-toc-heading-39\" href=\"https:\/\/loudavymkrokem.cz\/pt-br\/castelo-karlstejn-republica-tcheca\/#O_que_torna_Karlstejn_interessante\" >O que torna Karl\u0161tejn interessante?<\/a><\/li><li class='ez-toc-page-1 ez-toc-heading-level-3'><a class=\"ez-toc-link ez-toc-heading-40\" href=\"https:\/\/loudavymkrokem.cz\/pt-br\/castelo-karlstejn-republica-tcheca\/#Quanto_custa_a_entrada_no_Castelo_Karlstejn\" >Quanto custa a entrada no Castelo Karl\u0161tejn?<\/a><\/li><li class='ez-toc-page-1 ez-toc-heading-level-3'><a class=\"ez-toc-link ez-toc-heading-41\" href=\"https:\/\/loudavymkrokem.cz\/pt-br\/castelo-karlstejn-republica-tcheca\/#Quem_e_o_dono_do_Castelo_Karlstejn\" >Quem \u00e9 o dono do Castelo Karl\u0161tejn?<\/a><\/li><li class='ez-toc-page-1 ez-toc-heading-level-3'><a class=\"ez-toc-link ez-toc-heading-42\" href=\"https:\/\/loudavymkrokem.cz\/pt-br\/castelo-karlstejn-republica-tcheca\/#Que_filmes_foram_gravados_em_Karlstejn\" >Que filmes foram gravados em Karl\u0161tejn?<\/a><\/li><li class='ez-toc-page-1 ez-toc-heading-level-3'><a class=\"ez-toc-link ez-toc-heading-43\" href=\"https:\/\/loudavymkrokem.cz\/pt-br\/castelo-karlstejn-republica-tcheca\/#Como_chegar_a_Karlstejn_saindo_de_Praga\" >Como chegar a Karl\u0161tejn saindo de Praga?<\/a><\/li><li class='ez-toc-page-1 ez-toc-heading-level-3'><a class=\"ez-toc-link ez-toc-heading-44\" href=\"https:\/\/loudavymkrokem.cz\/pt-br\/castelo-karlstejn-republica-tcheca\/#Karlstejn_e_adequado_para_criancas\" >Karl\u0161tejn \u00e9 adequado para crian\u00e7as?<\/a><\/li><li class='ez-toc-page-1 ez-toc-heading-level-3'><a class=\"ez-toc-link ez-toc-heading-45\" href=\"https:\/\/loudavymkrokem.cz\/pt-br\/castelo-karlstejn-republica-tcheca\/#Qual_e_a_melhor_epoca_para_visitar_Karlstejn\" >Qual \u00e9 a melhor \u00e9poca para visitar Karl\u0161tejn?<\/a><\/li><\/ul><\/li><\/ul><\/nav><\/div>\n<h3 class=\"wp-block-heading\"><span class=\"ez-toc-section\" id=\"Resumo\"><\/span><span class=\"ez-toc-section\" id=\"Resumo\"><\/span>Resumo<span class=\"ez-toc-section-end\"><\/span><span class=\"ez-toc-section-end\"><\/span><\/h3>\n\n<ul class=\"wp-block-list\">\n<li><strong>Karl\u0161tejn \u00e9 o castelo mais fotog\u00eanico da Rep\u00fablica Tcheca<\/strong> \u2014 a silhueta com a Grande Torre \u00e9 ic\u00f4nica. Mas aten\u00e7\u00e3o: os interiores do roteiro b\u00e1sico podem decepcionar, pois s\u00e3o bastante vazios.<\/li>\n\n<li><strong>Roteiro 1 (Resid\u00eancia Imperial de Carlos IV)<\/strong> custa 12 \u20ac (~300 CZK), dura 55 minutos e \u00e9 a melhor op\u00e7\u00e3o para fam\u00edlias com crian\u00e7as. Crian\u00e7as at\u00e9 5 anos entram de gra\u00e7a.<\/li>\n\n<li><strong>Roteiro 2 (Capelas do Castelo)<\/strong> por 26 \u20ac (~640 CZK) \u00e9 imperd\u00edvel \u2014 voc\u00ea ver\u00e1 a Capela da Santa Cruz com pinturas do Mestre Teodorico e paredes de pedras semipreciosas. Mas a capacidade \u00e9 de apenas 16 pessoas, ent\u00e3o <strong>reserve com anteced\u00eancia<\/strong>!<\/li>\n\n<li><strong>\u00c0s segundas-feiras \u00e9 FECHADO<\/strong> \u2014 n\u00e3o esque\u00e7a, para n\u00e3o ir \u00e0 toa.<\/li>\n\n<li><strong>O melhor transporte \u00e9 de trem<\/strong> saindo de Praha-Sm\u00edchov, 40 minutos, cerca de 2,60 \u20ac por trecho.<\/li>\n\n<li><strong>Da esta\u00e7\u00e3o at\u00e9 o castelo<\/strong> s\u00e3o 25\u201340 minutos de subida. Carrinho de beb\u00ea n\u00e3o entra no castelo \u2014 leve um canguru ou mochila de transporte.<\/li>\n\n<li><strong>Melhor \u00e9poca para visitar:<\/strong> maio\u2013junho ou setembro\u2013outubro, de prefer\u00eancia em dia de semana.<\/li>\n\n<li><strong>Baixe o aplicativo TourStories<\/strong> \u2014 o audioguia do recinto \u00e9 gratuito.<\/li>\n\n<li><strong>Nos arredores h\u00e1 muito o que ver:<\/strong> as pedreiras Velk\u00e1 e Mal\u00e1 Amerika, Svat\u00fd Jan pod Skalou, Cavernas de Kon\u011bprusy \u2014 d\u00e1 para fazer um dia inteiro tranquilamente.<\/li>\n\n<li><strong>A Festa da Vindima de Karl\u0161tejn<\/strong> (\u00faltimo fim de semana de setembro) \u00e9 um evento incr\u00edvel \u2014 cortejo de Carlos IV, vinho novo, feira medieval.<\/li>\n<\/ul>\n\n<h2 class=\"wp-block-heading\"><span class=\"ez-toc-section\" id=\"O_que_torna_Karlstejn_especial_Historia_que_fascina\"><\/span><span class=\"ez-toc-section\" id=\"O_que_torna_Karlstejn_especial_Historia_que_fascina\"><\/span>O que torna Karl\u0161tejn especial: Hist\u00f3ria que fascina<span class=\"ez-toc-section-end\"><\/span><span class=\"ez-toc-section-end\"><\/span><\/h2>\n\n<p>Vamos descobrir o que torna este castelo t\u00e3o excepcional, por que recebe 200 mil visitantes por ano e quais hist\u00f3rias se escondem por tr\u00e1s dessas muralhas.<\/p>\n\n<h3 class=\"wp-block-heading\"><span class=\"ez-toc-section\" id=\"Carlos_IV_e_a_finalidade_do_castelo\"><\/span><span class=\"ez-toc-section\" id=\"Carlos_IV_e_a_finalidade_do_castelo\"><\/span>Carlos IV e a finalidade do castelo<span class=\"ez-toc-section-end\"><\/span><span class=\"ez-toc-section-end\"><\/span><\/h3>\n\n<p>Carlos IV, rei da Bo\u00eamia e imperador do Sacro Imp\u00e9rio Romano-Germ\u00e2nico, fundou Karl\u0161tejn em 1348 \u2014 o mesmo ano em que criou a Universidade Carolina, a mais antiga da Europa Central. O homem n\u00e3o era nada modesto em suas ambi\u00e7\u00f5es. \ud83d\ude01 O castelo foi constru\u00eddo para servir como cofre para o que ele tinha de mais precioso: as joias da coroa\u00e7\u00e3o do Sacro Imp\u00e9rio Romano-Germ\u00e2nico, as joias da coroa da Bo\u00eamia e uma cole\u00e7\u00e3o de rel\u00edquias sagradas.<\/p>\n\n<p>A constru\u00e7\u00e3o levou apenas 9 anos (estrutura conclu\u00edda em 1357), o que \u00e9 um ritmo impressionante para um castelo g\u00f3tico. Carlos IV vinha pessoalmente desde 1355 para supervisionar a decora\u00e7\u00e3o dos interiores.<\/p>\n\n<h3 class=\"wp-block-heading\"><span class=\"ez-toc-section\" id=\"Arquitetura_em_degraus_Quanto_mais_alto_mais_perto_de_Deus\"><\/span><span class=\"ez-toc-section\" id=\"Arquitetura_em_degraus_Quanto_mais_alto_mais_perto_de_Deus\"><\/span>Arquitetura em degraus: Quanto mais alto, mais perto de Deus<span class=\"ez-toc-section-end\"><\/span><span class=\"ez-toc-section-end\"><\/span><\/h3>\n\n<p>O que torna Karl\u0161tejn arquitetonicamente \u00fanico \u00e9 sua disposi\u00e7\u00e3o escalonada. O castelo sobe desde os edif\u00edcios mais baixos, passando pelo Pal\u00e1cio Imperial de cinco andares e pela Torre de Maria, at\u00e9 chegar \u00e0 Grande Torre de 60 metros no topo. N\u00e3o \u00e9 por acaso \u2014 quanto mais alto, mais sagrados s\u00e3o os espa\u00e7os. No ponto mais alto, atr\u00e1s de quatro portas blindadas com nove fechaduras, ficava guardado o maior tesouro.<\/p>\n\n<h3 class=\"wp-block-heading\"><span class=\"ez-toc-section\" id=\"Capela_da_Santa_Cruz\"><\/span><span class=\"ez-toc-section\" id=\"Capela_da_Santa_Cruz\"><\/span>Capela da Santa Cruz<span class=\"ez-toc-section-end\"><\/span><span class=\"ez-toc-section-end\"><\/span><\/h3>\n\n<p>Este \u00e9 o motivo para visitar Karl\u0161tejn. De verdade.<\/p>\n\n<p>A Capela da Santa Cruz fica no 2\u00ba andar da Grande Torre e \u00e9 o lugar para o qual todo o castelo foi constru\u00eddo. Imagine: paredes revestidas com pedras semipreciosas polidas das montanhas Kru\u0161n\u00e9 Hory, argamassa entre as pedras dourada, no teto milhares de estrelas de vidro veneziano incrustadas em ouro. E nas paredes, <strong>129 pinturas em painel do Mestre Teodorico<\/strong>, o maior conjunto desse tipo no mundo. Bustos de santos, papas e imperadores em molduras douradas, alguns com pequenas aberturas para guardar rel\u00edquias.<\/p>\n\n<p>A capela passou por vinte anos de restaura\u00e7\u00e3o (1981\u20132000) e conserva-se quase no estado original desde 1365. \u00c9 frequentemente comparada \u00e0 Sainte-Chapelle de Paris \u2014 e eu ouso dizer que a compara\u00e7\u00e3o \u00e9 justa.<\/p>\n\n<p><strong>Importante:<\/strong> A Capela da Santa Cruz s\u00f3 pode ser vista no Roteiro 2 (Capelas do Castelo). No roteiro b\u00e1sico voc\u00ea n\u00e3o tem acesso a ela. Mais detalhes abaixo na se\u00e7\u00e3o sobre as visitas.<\/p>\n\n<figure class=\"wp-block-image size-full\"><img loading=\"lazy\" decoding=\"async\" width=\"1195\" height=\"896\" src=\"https:\/\/loudavymkrokem.cz\/wp-content\/uploads\/2026\/03\/karlstejn-hrad-panorama-1.jpg\" alt=\"Castelo Karl\u0161tejn na luz dourada do entardecer \u2014 vista panor\u00e2mica\" class=\"wp-image-139645\" title=\"\" srcset=\"https:\/\/loudavymkrokem.cz\/wp-content\/uploads\/2026\/03\/karlstejn-hrad-panorama-1.jpg 1195w, https:\/\/loudavymkrokem.cz\/wp-content\/uploads\/2026\/03\/karlstejn-hrad-panorama-1-300x225.jpg 300w, https:\/\/loudavymkrokem.cz\/wp-content\/uploads\/2026\/03\/karlstejn-hrad-panorama-1-700x525.jpg 700w, https:\/\/loudavymkrokem.cz\/wp-content\/uploads\/2026\/03\/karlstejn-hrad-panorama-1-768x576.jpg 768w, https:\/\/loudavymkrokem.cz\/wp-content\/uploads\/2026\/03\/karlstejn-hrad-panorama-1-80x60.jpg 80w, https:\/\/loudavymkrokem.cz\/wp-content\/uploads\/2026\/03\/karlstejn-hrad-panorama-1-160x120.jpg 160w, https:\/\/loudavymkrokem.cz\/wp-content\/uploads\/2026\/03\/karlstejn-hrad-panorama-1-696x522.jpg 696w\" sizes=\"auto, (max-width: 1195px) 100vw, 1195px\"><\/figure>\n\n<h3 class=\"wp-block-heading\"><span class=\"ez-toc-section\" id=\"A_lenda_da_proibicao_de_mulheres_Mito_vs_realidade\"><\/span><span class=\"ez-toc-section\" id=\"A_lenda_da_proibicao_de_mulheres_Mito_vs_realidade\"><\/span>A lenda da proibi\u00e7\u00e3o de mulheres: Mito vs. realidade<span class=\"ez-toc-section-end\"><\/span><span class=\"ez-toc-section-end\"><\/span><\/h3>\n\n<p>Se voc\u00ea j\u00e1 assistiu ao filme &#8220;A Noite em Karl\u0161tejn&#8221; (um cl\u00e1ssico do cinema tcheco de 1973), conhece a hist\u00f3ria de como as mulheres eram proibidas de entrar no castelo. A rainha Eli\u0161ka Pomo\u0159ansk\u00e1 tenta, disfar\u00e7ada, passar uma noite em Karl\u0161tejn e da\u00ed surgem situa\u00e7\u00f5es cada vez mais c\u00f4micas.<\/p>\n\n<p>A verdade \u00e9 um pouco diferente. As mulheres tinham acesso livre ao castelo e h\u00e1 registros de que rainhas e damas da corte permaneceram l\u00e1. A \u00fanica restri\u00e7\u00e3o era sobre a Grande Torre, onde ficavam guardadas as joias da coroa\u00e7\u00e3o. Carlos IV ordenou em documento de 1357: <em>&#8220;Proibimos qualquer pessoa de dormir ou deitar-se com mulher na torre do Castelo de Karl\u0161tejn, na qual se encontra a capela.&#8221;<\/em> Ou seja, a proibi\u00e7\u00e3o era sobre a Grande Torre, n\u00e3o sobre o castelo inteiro.<\/p>\n\n<p>O mito da proibi\u00e7\u00e3o total surgiu apenas no s\u00e9culo XIX gra\u00e7as ao dramaturgo Jaroslav Vrchlick\u00fd, que interpretou as fontes hist\u00f3ricas \u00e0 sua maneira. Mas sejamos sinceros\u2026 sem esse mito n\u00e3o ter\u00edamos uma das melhores com\u00e9dias do cinema tcheco. \ud83d\ude01<\/p>\n\n<h3 class=\"wp-block-heading\"><span class=\"ez-toc-section\" id=\"O_segredo_do_poco_do_castelo\"><\/span><span class=\"ez-toc-section\" id=\"O_segredo_do_poco_do_castelo\"><\/span>O segredo do po\u00e7o do castelo<span class=\"ez-toc-section-end\"><\/span><span class=\"ez-toc-section-end\"><\/span><\/h3>\n\n<p>O po\u00e7o do castelo tem cerca de 80 metros de profundidade, um formato retangular incomum (a maioria dos po\u00e7os de castelos \u00e9 circular) e seu fundo se alarga em forma de jarro. Mas o mais interessante \u00e9 como a \u00e1gua chegou at\u00e9 l\u00e1.<\/p>\n\n<p>Mineiros de Kutn\u00e1 Hora escavaram o po\u00e7o, mas mesmo a 70 metros de profundidade (abaixo do n\u00edvel do rio) n\u00e3o encontraram \u00e1gua. A solu\u00e7\u00e3o? Abriram uma galeria de quase um quil\u00f4metro desde o riacho Bud\u0148ansk\u00fd, que conduzia a \u00e1gua at\u00e9 o po\u00e7o. A exist\u00eancia desse canal era um segredo de estado rigorosamente guardado \u2014 apenas o imperador e o governador do castelo o conheciam. E segundo a lenda, os oper\u00e1rios que constru\u00edram a galeria foram executados ao final da obra, para que n\u00e3o pudessem revelar o caminho da \u00e1gua ao inimigo.<\/p>\n\n<p>Pesado, n\u00e9? Carlos IV definitivamente n\u00e3o brincava em servi\u00e7o.<\/p>\n\n<h2 class=\"wp-block-heading\"><span class=\"ez-toc-section\" id=\"Roteiros_de_visita_%E2%80%94_qual_escolher_e_quanto_custa\"><\/span><span class=\"ez-toc-section\" id=\"Roteiros_de_visita_qual_escolher_e_quanto_custa\"><\/span>Roteiros de visita \u2014 qual escolher e quanto custa<span class=\"ez-toc-section-end\"><\/span><span class=\"ez-toc-section-end\"><\/span><\/h2>\n\n<p>Karl\u0161tejn oferece nada menos que sete roteiros de visita, desde o b\u00e1sico por poucos euros at\u00e9 um exclusivo &#8220;caf\u00e9 com o castel\u00e3o&#8221; que custa o pre\u00e7o de um bom jantar para dois. Vamos analisar cada um para que voc\u00ea saiba exatamente no que est\u00e1 investindo.<\/p>\n\n<h3 class=\"wp-block-heading\"><span class=\"ez-toc-section\" id=\"Roteiro_1_Residencia_Imperial_de_Carlos_IV_%E2%80%94_o_basico_que_todos_conseguem\"><\/span><span class=\"ez-toc-section\" id=\"Roteiro_1_Residencia_Imperial_de_Carlos_IV_o_basico_que_todos_conseguem\"><\/span>Roteiro 1: Resid\u00eancia Imperial de Carlos IV \u2014 o b\u00e1sico que todos conseguem<span class=\"ez-toc-section-end\"><\/span><span class=\"ez-toc-section-end\"><\/span><\/h3>\n\n<p>Este \u00e9 o roteiro mais popular e, para a maioria dos visitantes, o \u00fanico que fazem. Voc\u00ea percorre os interiores hist\u00f3ricos do Pal\u00e1cio Imperial e da Torre de Maria \u2014 o Sal\u00e3o dos Cortes\u00e3os, o Sal\u00e3o dos Cavaleiros com a Capela de S\u00e3o Nicolau, o Quarto de Carlos com a Capela de S\u00e3o Venceslau.<\/p>\n\n<ul class=\"wp-block-list\">\n<li><strong>Dura\u00e7\u00e3o:<\/strong> 55 minutos<\/li>\n<li><strong>Capacidade:<\/strong> m\u00e1x. 45 pessoas<\/li>\n<li><strong>Pre\u00e7o:<\/strong> 12 \u20ac adultos \/ 10 \u20ac idosos e jovens \/ 3,60 \u20ac crian\u00e7as 6\u201317 \/ <strong>gr\u00e1tis crian\u00e7as at\u00e9 5 anos<\/strong><\/li>\n<li><strong>Reserva:<\/strong> necess\u00e1ria apenas para grupos<\/li>\n<\/ul>\n\n<p>Os espa\u00e7os s\u00e3o decorados de forma relativamente simples, a maioria dos artefatos fica atr\u00e1s de cordas e algumas salas funcionam mais como lojas de souvenirs (Torre do Po\u00e7o, Torre do Rel\u00f3gio, at\u00e9 a antiga pris\u00e3o). Os guias s\u00e3o geralmente excelentes, ent\u00e3o voc\u00ea vai curtir mesmo assim.<\/p>\n\n<p><strong>Veredito:<\/strong> Uma s\u00f3lida introdu\u00e7\u00e3o \u00e0 hist\u00f3ria do castelo, ideal para fam\u00edlias com crian\u00e7as pequenas (\u00e9 o mais curto). Mas se voc\u00ea vai a Karl\u0161tejn uma vez na vida e quer ver o verdadeiro tesouro \u2014 invista no Roteiro 2.<\/p>\n\n<h3 class=\"wp-block-heading\"><span class=\"ez-toc-section\" id=\"Roteiro_2_Capelas_do_Castelo_%E2%80%94_esse_e_imperdivel\"><\/span><span class=\"ez-toc-section\" id=\"Roteiro_2_Capelas_do_Castelo_esse_e_imperdivel\"><\/span>Roteiro 2: Capelas do Castelo \u2014 esse \u00e9 imperd\u00edvel<span class=\"ez-toc-section-end\"><\/span><span class=\"ez-toc-section-end\"><\/span><\/h3>\n\n<p>Este \u00e9 o roteiro pelo qual vale a pena ir a Karl\u0161tejn. Voc\u00ea percorre a ala leste do pal\u00e1cio, o andar superior da Torre de Maria e a Grande Torre. Ver\u00e1 a Igreja da Assun\u00e7\u00e3o de Nossa Senhora com afrescos g\u00f3ticos do Apocalipse, a Capela de Santa Catarina (orat\u00f3rio pessoal de Carlos IV com paredes douradas) e, principalmente, a <strong>Capela da Santa Cruz<\/strong> com as pinturas do Mestre Teodorico.<\/p>\n\n<ul class=\"wp-block-list\">\n<li><strong>Dura\u00e7\u00e3o:<\/strong> 100 minutos<\/li>\n<li><strong>Capacidade:<\/strong> m\u00e1x. 16 pessoas (!!!)<\/li>\n<li><strong>Pre\u00e7o:<\/strong> 26 \u20ac adultos \/ 20 \u20ac idosos e jovens \/ 7,60 \u20ac crian\u00e7as 6\u201317 \/ <strong>7,60 \u20ac crian\u00e7as at\u00e9 5 anos tamb\u00e9m<\/strong> (aten\u00e7\u00e3o, aqui n\u00e3o \u00e9 gr\u00e1tis!)<\/li>\n<li><strong>Reserva:<\/strong> OBRIGAT\u00d3RIA mesmo para visitantes individuais \u2014 ligue para +420 311 681 617<\/li>\n<li><strong>Temporada:<\/strong> apenas maio\u2013outubro<\/li>\n<\/ul>\n\n<p>A capacidade de 16 pessoas por visita significa que os lugares se esgotam r\u00e1pido. Reserve o quanto antes, especialmente no ver\u00e3o. Vale cada centavo \u2014 \u00e9 uma experi\u00eancia que voc\u00ea n\u00e3o encontra em nenhum outro lugar da Rep\u00fablica Tcheca.<\/p>\n\n<p><strong>Veredito:<\/strong> Sem d\u00favida o melhor roteiro. Se voc\u00ea vai a Karl\u0161tejn e n\u00e3o v\u00ea a Capela da Santa Cruz, \u00e9 como ir a Roma e n\u00e3o ver o Coliseu.<\/p>\n\n<h3 class=\"wp-block-heading\"><span class=\"ez-toc-section\" id=\"Roteiros_exclusivos_%E2%80%94_para_quem_quer_mais\"><\/span><span class=\"ez-toc-section\" id=\"Roteiros_exclusivos_para_quem_quer_mais\"><\/span>Roteiros exclusivos \u2014 para quem quer mais<span class=\"ez-toc-section-end\"><\/span><span class=\"ez-toc-section-end\"><\/span><\/h3>\n\n<p>Karl\u0161tejn oferece tamb\u00e9m tr\u00eas roteiros exclusivos para pequenos grupos:<\/p>\n\n<ul class=\"wp-block-list\">\n<li><strong>Castelo Completo<\/strong> (180 min, m\u00e1x. 6 pessoas, 72 \u20ac) \u2014 visita completa incluindo espa\u00e7os normalmente fechados ao p\u00fablico acima da Capela da Santa Cruz. Se voc\u00ea quer a experi\u00eancia mais completa poss\u00edvel, \u00e9 essa.<\/li>\n<li><strong>Capelas do Karl\u0161tejn \u00e0 Noite<\/strong> (120 min, m\u00e1x. 6 pessoas, 72 \u20ac) \u2014 visita noturna exclusiva aos espa\u00e7os sagrados sem o burburinho tur\u00edstico. Imagine a Capela da Santa Cruz na luz tranquila do entardecer \u2014 de tirar o f\u00f4lego.<\/li>\n<li><strong>Caf\u00e9 com o Castel\u00e3o<\/strong> (180 min, m\u00e1x. 6 pessoas, 140 \u20ac) \u2014 visita pessoal com o castel\u00e3o, espa\u00e7os representativos e privados, hist\u00f3ria e simbologia do castelo. O pre\u00e7o condiz com a exclusividade da experi\u00eancia.<\/li>\n<\/ul>\n\n<p>Existe ainda o roteiro <strong>Karl\u0161tejn como Fortaleza Fechada<\/strong> (180 min, m\u00e1x. 15 pessoas, 72 \u20ac), que percorre os port\u00f5es, p\u00e1tios, o recinto do po\u00e7o e as muralhas.<\/p>\n\n<p>Os roteiros exclusivos t\u00eam calend\u00e1rio pr\u00f3prio e limitado \u2014 detalhes no <a href=\"https:\/\/www.hrad-karlstejn.cz\/cs\/informace-pro-navstevniky\/prohlidkove-okruhy\" target=\"_blank\" rel=\"nofollow noopener\">site oficial do castelo<\/a>.<\/p>\n\n<h3 class=\"wp-block-heading\"><span class=\"ez-toc-section\" id=\"Audioguia_gratuito_%E2%80%94_visita_por_conta_propria\"><\/span><span class=\"ez-toc-section\" id=\"Audioguia_gratuito_visita_por_conta_propria\"><\/span>Audioguia gratuito \u2014 visita por conta pr\u00f3pria<span class=\"ez-toc-section-end\"><\/span><span class=\"ez-toc-section-end\"><\/span><\/h3>\n\n<p>Se voc\u00ea n\u00e3o quer esperar por uma visita guiada ou simplesmente prefere explorar sozinho, baixe o aplicativo <strong>TourStories<\/strong>. Ele guia voc\u00ea pela \u00e1rea de acesso livre, do port\u00e3o de entrada at\u00e9 a Torre do Po\u00e7o \u2014 40 minutos, <strong>gr\u00e1tis<\/strong>, sem reserva. N\u00e3o substitui a visita dos interiores, mas como complemento ou alternativa para crian\u00e7as impacientes \u00e9 uma \u00f3tima op\u00e7\u00e3o.<\/p>\n\n<p>Para visitas em idioma estrangeiro no Roteiro 1, h\u00e1 audioguia dispon\u00edvel por 5 \u20ac (+ 20 \u20ac de dep\u00f3sito cau\u00e7\u00e3o) em ingl\u00eas, alem\u00e3o, russo, espanhol, franc\u00eas, japon\u00eas e italiano. Infelizmente, por enquanto n\u00e3o h\u00e1 op\u00e7\u00e3o em portugu\u00eas.<\/p>\n\n<h3 class=\"wp-block-heading\"><span class=\"ez-toc-section\" id=\"Qual_roteiro_escolher_%E2%80%94_resumo_rapido\"><\/span><span class=\"ez-toc-section\" id=\"Qual_roteiro_escolher_resumo_rapido\"><\/span>Qual roteiro escolher \u2014 resumo r\u00e1pido<span class=\"ez-toc-section-end\"><\/span><span class=\"ez-toc-section-end\"><\/span><\/h3>\n\n<ul class=\"wp-block-list\">\n<li><strong>Com crian\u00e7as at\u00e9 5 anos:<\/strong> Roteiro 1 (mais curto, entrada gr\u00e1tis para os pequenos) + aplicativo TourStories<\/li>\n<li><strong>Primeira vez em Karl\u0161tejn e quer ver o melhor:<\/strong> Roteiro 2 \u2014 com reserva!<\/li>\n<li><strong>Tem tempo e dinheiro e quer a experi\u00eancia completa:<\/strong> Roteiro 3 (Castelo Completo)<\/li>\n<li><strong>Experi\u00eancia rom\u00e2ntica:<\/strong> Capelas do Karl\u0161tejn \u00e0 Noite<\/li>\n<li><strong>Apenas passeio e atmosfera:<\/strong> Audioguia TourStories (gr\u00e1tis)<\/li>\n<\/ul>\n\n<div class=\"gyg-iframe-container\" style=\"margin-bottom:1.5em\" class=\"wp-block-cgb-block-gyg-wp-plugin\"><iframe style=\"border:0;height:100%;width:100%\" title=\"GetYourGuide activities widget\" src=\"https:\/\/widget.getyourguide.com\/default\/activities.frame?widget=wp_activities&amp;currency=USD&amp;locale_code=en-GB&amp;number_of_items=3&amp;partner_id=MKZ64IS&amp;q=karl%C5%A1tejn\"><\/iframe><\/div>\n\n<h2 class=\"wp-block-heading\"><span class=\"ez-toc-section\" id=\"Horarios_de_funcionamento_e_melhor_epoca_para_visitar\"><\/span><span class=\"ez-toc-section\" id=\"Horarios_de_funcionamento_e_melhor_epoca_para_visitar\"><\/span>Hor\u00e1rios de funcionamento e melhor \u00e9poca para visitar<span class=\"ez-toc-section-end\"><\/span><span class=\"ez-toc-section-end\"><\/span><\/h2>\n\n<p>Por favor, leia esta se\u00e7\u00e3o inteira para n\u00e3o ir \u00e0 toa. Voc\u00ea n\u00e3o vai querer chegar numa segunda-feira e encontrar os port\u00f5es fechados.<\/p>\n\n<h3 class=\"wp-block-heading\"><span class=\"ez-toc-section\" id=\"Horarios_completos_20252026\"><\/span><span class=\"ez-toc-section\" id=\"Horarios_completos_2025_2026\"><\/span>Hor\u00e1rios completos 2025\/2026<span class=\"ez-toc-section-end\"><\/span><span class=\"ez-toc-section-end\"><\/span><\/h3>\n\n<figure class=\"wp-block-table\"><table><thead><tr><th>Per\u00edodo<\/th><th>Dias<\/th><th>Hor\u00e1rios<\/th><\/tr><\/thead><tbody><tr><td>Janeiro\u2013fevereiro<\/td><td>Sex\u2013Dom<\/td><td>10:00\u201315:00<\/td><\/tr><tr><td>Mar\u00e7o<\/td><td>Ter\u2013Dom<\/td><td>9:30\u201316:00<\/td><\/tr><tr><td>Abril<\/td><td>Ter\u2013Dom<\/td><td>9:30\u201317:00<\/td><\/tr><tr><td>Maio<\/td><td>Ter\u2013Dom<\/td><td>9:30\u201317:30<\/td><\/tr><tr><td>Junho<\/td><td>Ter\u2013Dom<\/td><td>9:00\u201317:30<\/td><\/tr><tr><td>Julho\u2013agosto<\/td><td>Ter\u2013Dom<\/td><td>9:00\u201318:00<\/td><\/tr><tr><td>Setembro<\/td><td>Ter\u2013Dom<\/td><td>9:30\u201317:30<\/td><\/tr><tr><td>Outubro<\/td><td>Ter\u2013Dom<\/td><td>9:30\u201316:30<\/td><\/tr><tr><td>Novembro \u2013 20 de dezembro<\/td><td>Sex\u2013Dom<\/td><td>10:00\u201315:00<\/td><\/tr><tr><td>21\u201325 de dezembro<\/td><td>Fechado<\/td><td>\u2014<\/td><\/tr><tr><td>26\u201331 de dezembro<\/td><td>Seg\u2013Dom<\/td><td>10:00\u201315:00<\/td><\/tr><\/tbody><\/table><\/figure>\n\n<p><strong>\u26a0\ufe0f SEGUNDA-FEIRA SEMPRE FECHADO<\/strong> (\u00fanica exce\u00e7\u00e3o s\u00e3o os feriados de inverno de 26\/12 a 4\/1).<\/p>\n\n<p>O Roteiro 2 (Capelas do Castelo) funciona <strong>apenas de maio a outubro<\/strong> com hor\u00e1rio limitado. A \u00faltima visita come\u00e7a no hor\u00e1rio de fechamento indicado \u2014 mas recomendo chegar com folga, pois os grupos \u00e0s vezes se atrasam.<\/p>\n\n<h3 class=\"wp-block-heading\"><span class=\"ez-toc-section\" id=\"Melhor_epoca_para_visitar\"><\/span><span class=\"ez-toc-section\" id=\"Melhor_epoca_para_visitar\"><\/span>Melhor \u00e9poca para visitar<span class=\"ez-toc-section-end\"><\/span><span class=\"ez-toc-section-end\"><\/span><\/h3>\n\n<p><strong>Per\u00edodo ideal:<\/strong> Final de maio, junho ou setembro\u2013outubro. O clima \u00e9 agrad\u00e1vel, n\u00e3o h\u00e1 superlota\u00e7\u00e3o e os dois roteiros principais est\u00e3o abertos.<\/p>\n\n<p><strong>Fique atento:<\/strong><\/p>\n\n<ul class=\"wp-block-list\">\n<li><strong>Julho\u2013agosto<\/strong> = multid\u00f5es. Estacionamento lotado, filas longas para as visitas, e no vilarejo voc\u00ea mal consegue andar entre os turistas. Se precisar ir no ver\u00e3o, v\u00e1 logo cedo num dia de semana.<\/li>\n<li><strong>Fins de semana<\/strong> s\u00e3o sempre mais movimentados que dias de semana, independentemente da esta\u00e7\u00e3o.<\/li>\n<li><strong>Inverno (Sex\u2013Dom)<\/strong> tem seu charme \u2014 quase ningu\u00e9m l\u00e1, neve nas muralhas parece de conto de fadas. Mas s\u00f3 o Roteiro 1 funciona e voc\u00ea n\u00e3o ver\u00e1 a Capela da Santa Cruz.<\/li>\n<\/ul>\n\n<p><strong>Dica para fugir das multid\u00f5es:<\/strong> Ter\u00e7a a quinta-feira, chegando para a primeira visita da manh\u00e3. Em setembro ou outubro voc\u00ea ter\u00e1 o castelo praticamente s\u00f3 para voc\u00ea.<\/p>\n\n<div class=\"lk-zazitky-module\">\n<style>\n.lk-zazitky-module * { box-sizing: border-box; margin: 0; padding: 0; }\n.lk-zazitky-module {\n  font-family: 'DM Sans', Georgia, sans-serif;\n  max-width: 100%;\n  margin: 2.5rem auto;\n  background: linear-gradient(135deg, #fdf6f3 0%, #fbede7 100%);\n  border: 1px solid #f0d9cc;\n  border-radius: 16px;\n  overflow: hidden;\n  box-shadow: 0 16px 48px rgba(217, 119, 87, 0.18), 0 4px 12px rgba(0,0,0,0.06);\n}\n.lk-zazitky-header {\n  position: relative;\n  padding: 24px 32px;\n  background: linear-gradient(135deg, #d97757 0%, #c46b4b 60%, #d97757 100%);\n  display: flex;\n  align-items: center;\n  gap: 18px;\n}\n.lk-zazitky-header::before {\n  content: '';\n  position: absolute;\n  inset: 0;\n  background: url(\"data:image\/svg+xml,%3Csvg width='60' height='60' viewBox='0 0 60 60' xmlns='http:\/\/www.w3.org\/2000\/svg'%3E%3Cg fill='none' fill-rule='evenodd'%3E%3Cg fill='%23ffffff' fill-opacity='0.05'%3E%3Cpath d='M36 34v-4h-2v4h-4v2h4v4h2v-4h4v-2h-4zm0-30V0h-2v4h-4v2h4v4h2V6h4V4h-4zM6 34v-4H4v4H0v2h4v4h2v-4h4v-2H6zM6 4V0H4v4H0v2h4v4h2V6h4V4H6z'\/%3E%3C\/g%3E%3C\/g%3E%3C\/svg%3E\") repeat;\n  pointer-events: none;\n}\n.lk-zazitky-header img {\n  width: 64px; height: 64px; border-radius: 12px; flex-shrink: 0;\n  object-fit: cover; box-shadow: 0 4px 12px rgba(0,0,0,0.18); position: relative; z-index: 1;\n}\n.lk-zazitky-header-text { position: relative; z-index: 1; }\n.lk-zazitky-eyebrow {\n  font-size: 10px; font-weight: 600; letter-spacing: 2.5px; text-transform: uppercase;\n  color: rgba(255,255,255,.92); margin-bottom: 5px;\n}\n.lk-zazitky-title {\n  font-family: 'Playfair Display', Georgia, serif;\n  font-size: 24px; font-weight: 700; color: #fff; line-height: 1.2;\n  text-shadow: 0 1px 2px rgba(0,0,0,0.12);\n}\n.lk-zazitky-subtitle {\n  font-size: 13px; color: rgba(255,255,255,.85); margin-top: 4px; font-weight: 300;\n}\n.lk-zazitky-grid {\n  display: grid;\n  grid-template-columns: 1fr 1fr 1fr;\n  gap: 1px;\n  background: rgba(217, 119, 87, 0.12);\n}\n.lk-zazitek-card {\n  background: #ffffff; padding: 22px; display: flex; flex-direction: column; gap: 11px;\n  transition: all 0.3s ease; text-decoration: none; color: inherit; position: relative;\n}\n.lk-zazitek-card:hover {\n  background: #fffaf7; transform: translateY(-2px);\n  box-shadow: 0 8px 24px rgba(217, 119, 87, 0.15); z-index: 1;\n}\n.lk-zazitek-card.is-category {\n  background: linear-gradient(135deg, #fffaf7 0%, #fff3eb 100%);\n  box-shadow: inset 0 1px 0 rgba(217, 119, 87, 0.1);\n}\n.lk-zazitek-card.is-category:hover {\n  background: linear-gradient(135deg, #fff7f2 0%, #ffeee3 100%);\n}\n.lk-zazitek-badge {\n  display: inline-flex; align-items: center; gap: 5px;\n  font-size: 10px; font-weight: 600; letter-spacing: 1.5px; text-transform: uppercase;\n  padding: 5px 11px; border-radius: 20px; width: fit-content;\n  background: rgba(217, 119, 87, 0.10); color: #c46b4b; border: 1px solid rgba(217, 119, 87, 0.22);\n}\n.lk-zazitek-card.is-category .lk-zazitek-badge {\n  background: linear-gradient(135deg, #d97757 0%, #c46b4b 100%); color: #fff;\n  border-color: #c46b4b; box-shadow: 0 2px 8px rgba(217, 119, 87, 0.28);\n}\n.lk-zazitek-name {\n  font-family: 'Playfair Display', Georgia, serif;\n  font-size: 17px; font-weight: 700; color: #111827; line-height: 1.3;\n}\n.lk-zazitek-desc {\n  font-size: 13px; color: #525252; line-height: 1.6; font-weight: 300; flex: 1;\n}\n.lk-zazitek-meta { display: flex; align-items: center; gap: 12px; flex-wrap: wrap; margin-top: 4px; }\n.lk-zazitek-price { font-size: 13px; color: #6b7280; }\n.lk-zazitek-price strong { color: #c46b4b; font-weight: 600; }\n.lk-zazitek-cta {\n  display: inline-flex; align-items: center; justify-content: center; gap: 7px;\n  margin-top: 8px; padding: 11px 16px; border-radius: 8px;\n  background: linear-gradient(135deg, #d97757 0%, #c46b4b 100%);\n  color: #fff; font-size: 13px; font-weight: 500; text-decoration: none;\n  letter-spacing: .3px; transition: all .2s ease; cursor: pointer; border: none;\n  text-align: center; box-shadow: 0 4px 12px rgba(217, 119, 87, 0.28);\n  white-space: nowrap;\n}\n.lk-zazitek-cta:hover {\n  background: linear-gradient(135deg, #c46b4b 0%, #b35e3f 100%);\n  transform: translateY(-1px); box-shadow: 0 6px 16px rgba(217, 119, 87, 0.38);\n}\n.lk-zazitek-card.is-category .lk-zazitek-cta {\n  background: linear-gradient(135deg, #3685fc 0%, #2a6fd9 100%);\n  box-shadow: 0 4px 12px rgba(54, 133, 252, 0.22);\n}\n.lk-zazitek-card.is-category .lk-zazitek-cta:hover {\n  background: linear-gradient(135deg, #2a6fd9 0%, #1e5bc4 100%);\n  box-shadow: 0 6px 16px rgba(54, 133, 252, 0.32);\n}\n.lk-zazitky-footer {\n  padding: 16px 32px;\n  background: linear-gradient(to bottom, #fdf6f3 0%, #f9eae2 100%);\n  border-top: 1px solid rgba(217, 119, 87, 0.18);\n  display: flex; align-items: center; justify-content: center; flex-wrap: wrap; gap: 12px;\n}\n.lk-zazitky-discount {\n  display: inline-flex; align-items: center; gap: 8px;\n  font-size: 13px; color: #6b3a26; font-weight: 500;\n}\n.lk-zazitky-discount-code {\n  font-family: 'Courier New', monospace; font-weight: 700; color: #c46b4b;\n  background: rgba(217, 119, 87, 0.12); padding: 4px 10px; border-radius: 6px;\n  letter-spacing: 1px; font-size: 13px;\n}\n.lk-zazitky-disclaimer {\n  font-size: 11px; color: #8a6e60; font-weight: 300; line-height: 1.5;\n}\n.lk-zazitky-disclaimer a { color: #c46b4b; text-decoration: none; }\n.lk-zazitky-disclaimer a:hover { text-decoration: underline; }\n@media (max-width: 720px) {\n  .lk-zazitky-grid { grid-template-columns: 1fr; }\n  .lk-zazitky-header { padding: 20px 18px; }\n  .lk-zazitky-footer { padding: 14px 18px; }\n  .lk-zazitek-card { padding: 20px; }\n  .lk-zazitky-title { font-size: 20px; }\n}\n<\/style>\n\n  <div class=\"lk-zazitky-header\">\n    <img decoding=\"async\" src=\"https:\/\/loudavymkrokem.cz\/wp-content\/uploads\/2026\/02\/lukas-a-lucka.jpg\" alt=\"Luk\u00e1\u0161 e Lucie\" style=\"width: 75px; height: 75px; border-radius: 8px; flex-shrink: 0; object-fit: cover; display: block; margin: 4px 0;\" title=\"\">\n    <div class=\"lk-zazitky-header-text\">\n      <div class=\"lk-zazitky-eyebrow\">Dica de Luk\u00e1\u0161 e Lucie<\/div>\n      <div class=\"lk-zazitky-title\">Viva Karl\u0161tejn de um jeito diferente<\/div>\n      <div class=\"lk-zazitky-subtitle\">3 experi\u00eancias testadas com 5 % de desconto do parceiro Firma na z\u00e1\u017eitky<\/div>\n    <\/div>\n  <\/div>\n\n  <div class=\"lk-zazitky-grid\">\n\n    <a class=\"lk-zazitek-card\" href=\"https:\/\/www.firmanazazitky.cz\/vyhlidkovy-let-na-karlstejn?utm_source=loudavymkrokem&amp;utm_medium=referral&amp;utm_campaign=karlstejn&amp;utm_content=zazitek-1\" target=\"_blank\" rel=\"nofollow noopener sponsored\">\n      <span class=\"lk-zazitek-badge\">\u2708 Voo<\/span>\n      <div class=\"lk-zazitek-name\">Voo panor\u00e2mico sobre Karl\u0161tejn<\/div>\n      <div class=\"lk-zazitek-desc\">O castelo visto de cima \u2014 decolagem de um pequeno aer\u00f3dromo perto de Praga, circuito sobre Karl\u0161tejn e as florestas ao redor. Uma experi\u00eancia inesquec\u00edvel para dois.<\/div>\n      <div class=\"lk-zazitek-meta\">\n        <span class=\"lk-zazitek-price\">a partir de <strong>276 \u20ac<\/strong><\/span>\n      <\/div>\n      <span class=\"lk-zazitek-cta\">\n        <svg width=\"14\" height=\"14\" viewBox=\"0 0 24 24\" fill=\"none\" stroke=\"currentColor\" stroke-width=\"2\"><path d=\"M18 13v6a2 2 0 0 1-2 2H5a2 2 0 0 1-2-2V8a2 2 0 0 1 2-2h6\"\/><polyline points=\"15 3 21 3 21 9\"\/><line x1=\"10\" y1=\"14\" x2=\"21\" y2=\"3\"\/><\/svg>\n        Reservar com desconto\n      <\/span>\n    <\/a>\n\n    <a class=\"lk-zazitek-card\" href=\"https:\/\/www.firmanazazitky.cz\/romanticky-pobyt-na-zamku-mcely?utm_source=loudavymkrokem&amp;utm_medium=referral&amp;utm_campaign=karlstejn&amp;utm_content=zazitek-2\" target=\"_blank\" rel=\"nofollow noopener sponsored\">\n      <span class=\"lk-zazitek-badge\">\ud83c\udff0 Castelo<\/span>\n      <div class=\"lk-zazitek-name\">Estadia rom\u00e2ntica no Castelo Mcely<\/div>\n      <div class=\"lk-zazitek-desc\">Hotel cinco estrelas em castelo na regi\u00e3o da Bo\u00eamia Central \u2014 spa, gastronomia e romance para casais a pouca dist\u00e2ncia de Karl\u0161tejn.<\/div>\n      <div class=\"lk-zazitek-meta\">\n        <span class=\"lk-zazitek-price\">a partir de <strong>389 \u20ac<\/strong><\/span>\n      <\/div>\n      <span class=\"lk-zazitek-cta\">\n        <svg width=\"14\" height=\"14\" viewBox=\"0 0 24 24\" fill=\"none\" stroke=\"currentColor\" stroke-width=\"2\"><path d=\"M18 13v6a2 2 0 0 1-2 2H5a2 2 0 0 1-2-2V8a2 2 0 0 1 2-2h6\"\/><polyline points=\"15 3 21 3 21 9\"\/><line x1=\"10\" y1=\"14\" x2=\"21\" y2=\"3\"\/><\/svg>\n        Reservar com desconto\n      <\/span>\n    <\/a>\n\n    <a class=\"lk-zazitek-card is-category\" href=\"https:\/\/www.firmanazazitky.cz\/kladno-a-mlada-boleslav-a-stredocesky-kraj\/?utm_source=loudavymkrokem&amp;utm_medium=referral&amp;utm_campaign=karlstejn&amp;utm_content=kategorie\" target=\"_blank\" rel=\"nofollow noopener sponsored\">\n      <span class=\"lk-zazitek-badge\">\u2b50 Tudo<\/span>\n      <div class=\"lk-zazitek-name\">Experi\u00eancias na Bo\u00eamia Central<\/div>\n      <div class=\"lk-zazitek-desc\">Adrenalina, gastronomia, estadias com spa e experi\u00eancias em fam\u00edlia nos arredores de Karl\u0161tejn e em toda a regi\u00e3o da Bo\u00eamia Central.<\/div>\n      <span class=\"lk-zazitek-cta\">\n        Explorar experi\u00eancias\n        <svg width=\"12\" height=\"12\" viewBox=\"0 0 24 24\" fill=\"none\" stroke=\"currentColor\" stroke-width=\"2.5\"><polyline points=\"9 18 15 12 9 6\"\/><\/svg>\n      <\/span>\n    <\/a>\n\n  <\/div>\n\n  <div class=\"lk-zazitky-footer\">\n    <span class=\"lk-zazitky-discount\">\n      \u2b50 5 % de desconto com o c\u00f3digo\n      <span class=\"lk-zazitky-discount-code\">LOUDAVYMKROKEM5<\/span>\n    <\/span>\n  <\/div>\n\n<\/div>\n\n\n<h2 class=\"wp-block-heading\"><span class=\"ez-toc-section\" id=\"Como_chegar_ao_Castelo_Karlstejn_saindo_de_Praga\"><\/span><span class=\"ez-toc-section\" id=\"Como_chegar_ao_Castelo_Karlstejn_saindo_de_Praga\"><\/span>Como chegar ao Castelo Karl\u0161tejn saindo de Praga<span class=\"ez-toc-section-end\"><\/span><span class=\"ez-toc-section-end\"><\/span><\/h2>\n\n<p>Chegar a Karl\u0161tejn \u00e9 simples \u2014 \u00e9 um dos castelos mais acess\u00edveis da Rep\u00fablica Tcheca e saindo de Praga voc\u00ea chega em menos de uma hora. Para quem vem do Brasil, basta primeiro chegar a Praga (com voos de S\u00e3o Paulo ou Rio de Janeiro, geralmente com uma conex\u00e3o europeia) e de l\u00e1 a viagem \u00e9 tranquila. Veja todas as op\u00e7\u00f5es.<\/p>\n\n<figure class=\"wp-block-image size-full\"><img decoding=\"async\" src=\"https:\/\/loudavymkrokem.cz\/wp-content\/uploads\/2026\/03\/karlstejn-hrad-pristupova-cesta.jpg\" alt=\"Caminho de acesso ao Castelo Karl\u0161tejn na neblina da manh\u00e3\" class=\"wp-image-139646\" title=\"\"><\/figure>\n\n<h3 class=\"wp-block-heading\"><span class=\"ez-toc-section\" id=\"De_trem_%E2%80%94_a_melhor_e_mais_confortavel_opcao\"><\/span><span class=\"ez-toc-section\" id=\"De_trem_a_melhor_e_mais_confortavel_opcao\"><\/span>De trem \u2014 a melhor e mais confort\u00e1vel op\u00e7\u00e3o<span class=\"ez-toc-section-end\"><\/span><span class=\"ez-toc-section-end\"><\/span><\/h3>\n\n<p>O trem \u00e9 sem d\u00favida a melhor escolha. Sem estresse com estacionamento, sem GPS, e a viagem pelo vale do rio Berounka \u00e9 linda por si s\u00f3.<\/p>\n\n<ul class=\"wp-block-list\">\n<li><strong>De onde:<\/strong> Praha hlavn\u00ed n\u00e1dra\u017e\u00ed (esta\u00e7\u00e3o central, metr\u00f4 linha C) ou Praha-Sm\u00edchov (metr\u00f4 linha B) \u2014 Sm\u00edchov \u00e9 mais barato e mais simples<\/li>\n<li><strong>Dire\u00e7\u00e3o:<\/strong> Procure trens para <strong>Beroun<\/strong> \u2014 Karl\u0161tejn fica no caminho<\/li>\n<li><strong>Frequ\u00eancia:<\/strong> A cada 30 minutos (trens nos minutos :21 e :51)<\/li>\n<li><strong>Tempo de viagem:<\/strong> Cerca de 40 minutos<\/li>\n<li><strong>Pre\u00e7o:<\/strong> Aproximadamente 2,60 \u20ac por trecho, ida e volta cerca de 4,50 \u20ac. Crian\u00e7as, estudantes e idosos 65+ t\u00eam 50% de desconto<\/li>\n<li><strong>Trens de volta:<\/strong> Partem de Karl\u0161tejn nos minutos :28 e :58<\/li>\n<\/ul>\n\n<p><strong>Dica pr\u00e1tica:<\/strong> Compre logo o bilhete de ida e volta e <strong>tire foto do hor\u00e1rio dos trens de volta<\/strong> \u2014 no castelo e arredores o sinal de celular \u00e9 inst\u00e1vel. Voc\u00ea tamb\u00e9m pode baixar o aplicativo IDOS ou M\u016fj vlak para consultar hor\u00e1rios offline.<\/p>\n\n<h3 class=\"wp-block-heading\"><span class=\"ez-toc-section\" id=\"De_carro_%E2%80%94_da_para_ir_mas_no_verao_pode_ser_complicado\"><\/span><span class=\"ez-toc-section\" id=\"De_carro_da_para_ir_mas_no_verao_pode_ser_complicado\"><\/span>De carro \u2014 d\u00e1 para ir, mas no ver\u00e3o pode ser complicado<span class=\"ez-toc-section-end\"><\/span><span class=\"ez-toc-section-end\"><\/span><\/h3>\n\n<ul class=\"wp-block-list\">\n<li>De Praga pela autoestrada D5 sentido Plze\u0148 \u2192 sa\u00edda 10 (Lod\u011bnice) \u2192 por Bubovice e Hl\u00e1sn\u00e1 T\u0159eba\u0148 at\u00e9 Karl\u0161tejn<\/li>\n<li>Dist\u00e2ncia: cerca de 40 km, tempo de viagem 30\u201340 minutos<\/li>\n<li><strong>Estacionamento:<\/strong> Estacionamento central na parte baixa do vilarejo junto ao rio \u2014 4 \u20ac at\u00e9 2 horas, 8 \u20ac o dia inteiro<\/li>\n<li><strong>ATEN\u00c7\u00c3O: O vilarejo de Karl\u0161tejn \u00e9 zona de pedestres<\/strong> (das 9h \u00e0s 18h) \u2014 proibido o tr\u00e2nsito de ve\u00edculos, multa de 80 \u20ac!<\/li>\n<li>Para portadores de necessidades especiais h\u00e1 estacionamento reservado a cerca de 300 m do port\u00e3o principal, por estrada asfaltada<\/li>\n<\/ul>\n\n<p>No ver\u00e3o, nos fins de semana, o estacionamento costuma lotar e encontrar vaga \u00e9 frustrante. Se poss\u00edvel, v\u00e1 de trem.<\/p>\n\n<figure class=\"wp-block-image size-full\"><img decoding=\"async\" src=\"https:\/\/loudavymkrokem.cz\/wp-content\/uploads\/2026\/03\/karlstejn-vesnice-ulicka.jpg\" alt=\"Ruazinha no vilarejo de Karl\u0161tejn com vista para o castelo\" class=\"wp-image-139651\" title=\"\"><\/figure>\n\n<h3 class=\"wp-block-heading\"><span class=\"ez-toc-section\" id=\"Da_estacao_ate_o_castelo_%E2%80%94_25_a_40_minutos_de_subida\"><\/span><span class=\"ez-toc-section\" id=\"Da_estacao_ate_o_castelo_25_a_40_minutos_de_subida\"><\/span>Da esta\u00e7\u00e3o at\u00e9 o castelo \u2014 25 a 40 minutos de subida<span class=\"ez-toc-section-end\"><\/span><span class=\"ez-toc-section-end\"><\/span><\/h3>\n\n<p>Da esta\u00e7\u00e3o, vire \u00e0 direita, cruze a ponte sobre o rio Berounka, 50 metros depois vire \u00e0 esquerda e da\u00ed em diante \u00e9 subida. O caminho tem cerca de 1,9 km e passa por uma charmosa zona de pedestres ladeada por caf\u00e9s, barracas de sorvete e lojas de souvenirs. N\u00e3o tenha pressa \u2014 esse passeio faz parte da experi\u00eancia.<\/p>\n\n<p><strong>Alternativas para quem prefere poupar energia (ou \u00e9 pregui\u00e7oso \ud83d\ude05):<\/strong><\/p>\n\n<ul class=\"wp-block-list\">\n<li><strong>Charrete puxada a cavalos:<\/strong> 4\u20136 \u20ac por pessoa, s\u00f3 ida. Leva voc\u00ea quase at\u00e9 o castelo e as crian\u00e7as adoram.<\/li>\n<li><strong>Micro-\u00f4nibus:<\/strong> Cerca de 3 \u20ac por pessoa.<\/li>\n<\/ul>\n\n<h2 class=\"wp-block-heading\"><span class=\"ez-toc-section\" id=\"Karlstejn_com_criancas_Dicas_para_familias_com_bebes_e_criancas_pequenas\"><\/span><span class=\"ez-toc-section\" id=\"Karlstejn_com_criancas_Dicas_para_familias_com_bebes_e_criancas_pequenas\"><\/span>Karl\u0161tejn com crian\u00e7as: Dicas para fam\u00edlias com beb\u00eas e crian\u00e7as pequenas<span class=\"ez-toc-section-end\"><\/span><span class=\"ez-toc-section-end\"><\/span><\/h2>\n\n<p>Escrevo esta se\u00e7\u00e3o por motivos totalmente pessoais \u2014 porque \u00e9 exatamente isso que estou planejando com o Luk\u00e1\u0161 agora. O Jon\u00e1\u0161 tem dois anos e pretendemos lev\u00e1-lo ao seu primeiro castelo. Aqui est\u00e1 tudo o que descobri.<\/p>\n\n<h3 class=\"wp-block-heading\"><span class=\"ez-toc-section\" id=\"Deixe_o_carrinho_em_casa_leve_um_canguru\"><\/span><span class=\"ez-toc-section\" id=\"Deixe_o_carrinho_em_casa_leve_um_canguru\"><\/span>Deixe o carrinho em casa, leve um canguru<span class=\"ez-toc-section-end\"><\/span><span class=\"ez-toc-section-end\"><\/span><\/h3>\n\n<p>Esta \u00e9 uma informa\u00e7\u00e3o fundamental. O caminho at\u00e9 o castelo \u00e9 uma subida \u00edngreme, pavimentada com paralelep\u00edpedos e degraus, e dentro do castelo h\u00e1 mais de 600 degraus de pedra (altos, na penumbra). Carrinho de beb\u00ea simplesmente n\u00e3o funciona aqui. <strong>Canguru ergon\u00f4mico ou mochila de transporte \u00e9 indispens\u00e1vel.<\/strong><\/p>\n\n<p>Nos arredores de Karl\u0161tejn existem trilhas adequadas para carrinho de beb\u00ea todo-terreno, mas n\u00e3o para o castelo em si. Se voc\u00ea planeja apenas passear pelo vilarejo e arredores sem fazer a visita interna, o carrinho funciona, mas prepare-se para terreno irregular.<\/p>\n\n<h3 class=\"wp-block-heading\"><span class=\"ez-toc-section\" id=\"Qual_roteiro_com_crianca_pequena\"><\/span><span class=\"ez-toc-section\" id=\"Qual_roteiro_com_crianca_pequena\"><\/span>Qual roteiro com crian\u00e7a pequena?<span class=\"ez-toc-section-end\"><\/span><span class=\"ez-toc-section-end\"><\/span><\/h3>\n\n<p>Depois de pensar bastante, acredito que para fam\u00edlias com crian\u00e7as pequenas o <strong>Roteiro 1 (Resid\u00eancia Imperial, 55 minutos)<\/strong> \u00e9 sem d\u00favida a melhor op\u00e7\u00e3o. \u00c9 o mais curto, crian\u00e7as at\u00e9 5 anos entram gr\u00e1tis e a maioria dos guias est\u00e1 acostumada com fam\u00edlias.<\/p>\n\n<p>O Roteiro 2, com 100 minutos de visita, \u00e9 demais para uma crian\u00e7a de dois anos \u2014 e a Capela da Santa Cruz voc\u00ea vai curtir muito mais quando o Jon\u00e1\u0161 for maior (e voc\u00ea puder se concentrar nas pinturas em vez de se preocupar em n\u00e3o deixar ele quebrar nada \ud83d\ude01).<\/p>\n\n<h3 class=\"wp-block-heading\"><span class=\"ez-toc-section\" id=\"Roteiro_recomendado_com_criancas\"><\/span><span class=\"ez-toc-section\" id=\"Roteiro_recomendado_com_criancas\"><\/span>Roteiro recomendado com crian\u00e7as<span class=\"ez-toc-section-end\"><\/span><span class=\"ez-toc-section-end\"><\/span><\/h3>\n\n<ul class=\"wp-block-list\">\n<li><strong>V\u00e1 de trem<\/strong> \u2014 \u00e9 simples e confort\u00e1vel.<\/li>\n<li><strong>Charrete na subida<\/strong> (4\u20136 \u20ac\/pessoa) \u2014 para as crian\u00e7as \u00e9 uma grande aventura e poupa suas energias.<\/li>\n<li><strong>Roteiro 1<\/strong> \u2014 55 minutos, totalmente vi\u00e1vel.<\/li>\n<li><strong>Sorvete ou trdeln\u00edk<\/strong> (doce t\u00edpico tcheco) numa barraca na descida \u2014 recompensa por a crian\u00e7a ter sobrevivido \u00e0 visita.<\/li>\n<li><strong>Audioguia TourStories<\/strong> \u2014 se a crian\u00e7a j\u00e1 n\u00e3o aguenta mais, passeie apenas pelo recinto no seu pr\u00f3prio ritmo.<\/li>\n<\/ul>\n\n<h3 class=\"wp-block-heading\"><span class=\"ez-toc-section\" id=\"Alternativas_quando_a_visita_ao_castelo_nao_rola\"><\/span><span class=\"ez-toc-section\" id=\"Alternativas_quando_a_visita_ao_castelo_nao_rola\"><\/span>Alternativas quando a visita ao castelo n\u00e3o rola<span class=\"ez-toc-section-end\"><\/span><span class=\"ez-toc-section-end\"><\/span><\/h3>\n\n<ul class=\"wp-block-list\">\n<li><strong>ZOO Park Karl\u0161tejn<\/strong> (parque recreativo) \u2014 \u00e1rea de lazer, minizool\u00f3gico. Os caminhos s\u00e3o mais largos e planos que os do castelo, adequados para crian\u00e7as menores.<\/li>\n<li><strong>Museu de Figuras de Cera<\/strong> \u2014 50 figuras de cera, corte de Carlos IV. Aberto diariamente das 9h \u00e0s 18h na temporada.<\/li>\n<li><strong>Museu de Pres\u00e9pios<\/strong> \u2014 pres\u00e9pio Real animado em 80 m\u00b2, caves misteriosas. Mais indicado para crian\u00e7as maiores, mas interessante.<\/li>\n<\/ul>\n\n<h2 class=\"wp-block-heading\"><span class=\"ez-toc-section\" id=\"Onde_comer_em_Karlstejn_%E2%80%94_restaurantes_e_dicas\"><\/span><span class=\"ez-toc-section\" id=\"Onde_comer_em_Karlstejn_restaurantes_e_dicas\"><\/span>Onde comer em Karl\u0161tejn \u2014 restaurantes e dicas<span class=\"ez-toc-section-end\"><\/span><span class=\"ez-toc-section-end\"><\/span><\/h2>\n\n<p>A cena gastron\u00f4mica de Karl\u0161tejn me surpreendeu positivamente \u2014 eu esperava pre\u00e7os tur\u00edsticos e comida med\u00edocre, mas a realidade \u00e9 bem melhor. Aqui est\u00e3o os lugares que recomendo.<\/p>\n\n<p><strong><a href=\"https:\/\/www.karlstejn34.cz\/\" target=\"_blank\" rel=\"nofollow noopener\">Karl\u0161tejn 34<\/a><\/strong> \u2014 Este bistr\u00f4 no meio da zona de pedestres \u00e9 o melhor lugar. \u00c9 comandado pelo casal B\u00e1rtovi e em 2022 recebeu o &#8220;Alfinete de Cristal&#8221; como estabelecimento mais bem avaliado da regi\u00e3o da Bo\u00eamia Central no Google Maps. T\u00eam \u00f3tima pizza e caf\u00e9 excelente. Tamb\u00e9m organizam eventos culturais \u2014 shows, workshops. Se voc\u00ea s\u00f3 tem tempo para um lugar, v\u00e1 aqui.<\/p>\n\n<p><strong>U Adama<\/strong> \u2014 Restaurante s\u00f3lido entre o castelo e a esta\u00e7\u00e3o. Cozinha tcheca e europeia, boas sopas. Pre\u00e7os razo\u00e1veis.<\/p>\n\n<p><strong>Restaurant Bellevue<\/strong> \u2014 Op\u00e7\u00e3o mais elegante com vista. Se quer um ambiente bonito e n\u00e3o se importa com pre\u00e7os um pouco mais altos, aqui \u00e9 o lugar.<\/p>\n\n<p><strong><a href=\"https:\/\/www.mlynkarlstejn.cz\/\" target=\"_blank\" rel=\"nofollow noopener\">Grill Restaurant Ml\u00fdn Karl\u0161tejn<\/a><\/strong> \u2014 Especialidades de peixe, lareira, no ver\u00e3o terra\u00e7o com vista para o rio Berounka. Lugar rom\u00e2ntico para casais.<\/p>\n\n<p><strong>Taverna U Ezopa<\/strong> \u2014 Restaurante grego sob o castelo. Tzatziki, souvlaki, baklava \u2014 uma cozinha um pouco inesperada sob um castelo g\u00f3tico, mas eu adoro comida grega. \ud83d\ude01<\/p>\n\n<p><strong>Pod Dra\u010d\u00ed sk\u00e1lou<\/strong> \u2014 Conhecido por pratos de ca\u00e7a, ambiente estiloso. Cerca de 6 minutos do castelo, geralmente sem multid\u00f5es enormes.<\/p>\n\n<p><strong>Para sorvete:<\/strong> Kuli\u010dkov\u00e1 zmrzlina Karl\u0161tejn tem 4.9\/5 no Google \u2014 e merece.<\/p>\n\n<p><strong>Trdeln\u00edk<\/strong> (doce enrolado assado, parecido com um churro oco, coberto de a\u00e7\u00facar e canela) nas barracas do caminho \u00e9 quase obrigat\u00f3rio \u2014 eu sei, \u00e9 clich\u00ea de turista, mas aqui combina demais.<\/p>\n\n<p><strong>Dica para economizar:<\/strong> Os restaurantes em Srbsko (pr\u00f3ximo vilarejo na rota) t\u00eam pre\u00e7os mais em conta que os de Karl\u0161tejn. Se voc\u00ea planeja continuar caminhando, almoce l\u00e1.<\/p>\n\n<p>Pre\u00e7os m\u00e9dios nos restaurantes de Karl\u0161tejn: prato principal cerca de 7 \u20ac, trdeln\u00edk 2,40 \u20ac, sorvete 1,40\u20131,60 \u20ac.<\/p>\n\n\n<div class=\"lk-stays-module\">\n<style>\n\/* \u2500\u2500\u2500 RESET PRO GUTENBERG \u2500\u2500\u2500 *\/\n.lk-stays-module * { box-sizing: border-box; margin: 0; padding: 0; }\n\n\/* \u2500\u2500\u2500 WRAPPER \u2500\u2500\u2500 *\/\n.lk-stays-module {\n  font-family: 'DM Sans', Georgia, sans-serif;\n  max-width: 100%;\n  margin: 2.5rem auto;\n  background: linear-gradient(135deg, #fdfaf5 0%, #fcf8f0 100%);\n  border: 1px solid #e8dfd4;\n  border-radius: 16px;\n  overflow: hidden;\n  box-shadow: 0 16px 48px rgba(195, 159, 118, 0.25), 0 4px 12px rgba(0,0,0,0.08);\n}\n\n\/* \u2500\u2500\u2500 HEADER \u2500\u2500\u2500 *\/\n.lk-stays-header {\n  position: relative;\n  padding: 24px 36px 24px;\n  background: linear-gradient(135deg, #c39f76 0%, #d4b188 60%, #c39f76 100%);\n  border-bottom: 1px solid rgba(255,255,255,.15);\n  display: flex;\n  align-items: center;\n  gap: 18px;\n}\n.lk-stays-header::before {\n  content: '';\n  position: absolute;\n  inset: 0;\n  background: url(\"data:image\/svg+xml,%3Csvg width='60' height='60' viewBox='0 0 60 60' xmlns='http:\/\/www.w3.org\/2000\/svg'%3E%3Cg fill='none' fill-rule='evenodd'%3E%3Cg fill='%23ffffff' fill-opacity='0.05'%3E%3Cpath d='M36 34v-4h-2v4h-4v2h4v4h2v-4h4v-2h-4zm0-30V0h-2v4h-4v2h4v4h2V6h4V4h-4zM6 34v-4H4v4H0v2h4v4h2v-4h4v-2H6zM6 4V0H4v4H0v2h4v4h2V6h4V4H6z'\/%3E%3C\/g%3E%3C\/g%3E%3C\/svg%3E\") repeat;\n  pointer-events: none;\n}\n.lk-stays-icon {\n  flex-shrink: 0;\n  width: 68px;\n  height: 68px;\n  border-radius: 14px;\n  background: linear-gradient(135deg, #fff 0%, #f9f6f0 100%);\n  display: flex;\n  align-items: center;\n  justify-content: center;\n  font-size: 26px;\n  box-shadow: 0 4px 12px rgba(0,0,0,0.15);\n}\n.lk-stays-eyebrow {\n  font-size: 10px;\n  font-weight: 500;\n  letter-spacing: 2.5px;\n  text-transform: uppercase;\n  color: rgba(255,255,255,.85);\n  margin: 0 0 5px 0;\n}\n.lk-stays-title {\n  font-family: 'Playfair Display', Georgia, serif;\n  font-size: 24px;\n  font-weight: 700;\n  color: #fff;\n  line-height: 1.2;\n  text-shadow: 0 1px 2px rgba(0,0,0,0.1);\n  margin: 0;\n}\n.lk-stays-subtitle {\n  font-size: 13px;\n  color: rgba(255,255,255,.75);\n  margin: 4px 0 0 0;\n  font-weight: 300;\n}\n\n\/* \u2500\u2500\u2500 CARDS GRID \u2500\u2500\u2500 *\/\n.lk-stays-grid {\n  display: grid;\n  grid-template-columns: 1fr 1fr;\n  gap: 1px;\n  background: rgba(195, 159, 118, 0.12);\n}\n\n\/* \u2500\u2500\u2500 SINGLE CARD \u2500\u2500\u2500 *\/\n.lk-stay-card {\n  background: #ffffff;\n  padding: 26px;\n  display: flex;\n  flex-direction: column;\n  gap: 11px;\n  transition: all 0.3s ease;\n  text-decoration: none;\n  color: inherit;\n  position: relative;\n}\n.lk-stay-card:hover {\n  background: #fffbf5;\n  transform: translateY(-2px);\n  box-shadow: 0 8px 24px rgba(195, 159, 118, 0.18);\n  z-index: 1;\n}\n.lk-stay-card.featured {\n  background: linear-gradient(135deg, #fffdf9 0%, #fff9f0 100%);\n  box-shadow: 0 4px 16px rgba(195, 159, 118, 0.15), inset 0 1px 0 rgba(195, 159, 118, 0.1);\n}\n.lk-stay-card.featured:hover {\n  background: linear-gradient(135deg, #fffbf5 0%, #fff8ed 100%);\n  box-shadow: 0 8px 24px rgba(195, 159, 118, 0.25), inset 0 1px 0 rgba(195, 159, 118, 0.15);\n}\n\n.lk-stay-badge {\n  display: inline-flex;\n  align-items: center;\n  gap: 5px;\n  font-size: 10px;\n  font-weight: 500;\n  letter-spacing: 1.5px;\n  text-transform: uppercase;\n  padding: 5px 11px;\n  border-radius: 20px;\n  width: fit-content;\n}\n.badge-top     { background: linear-gradient(135deg, #c39f76 0%, #d4b188 100%); color: #fff; border: 1px solid #c39f76; font-weight: 600; box-shadow: 0 2px 8px rgba(195,159,118,0.3); }\n.badge-luxury  { background: rgba(195,159,118,.12); color: #c39f76; border: 1px solid rgba(195,159,118,.25); }\n.badge-boutique{ background: rgba(54,133,252,.08); color: #3685fc; border: 1px solid rgba(54,133,252,.2); }\n.badge-nature  { background: rgba(130,190,100,.1); color: #6b9c4a; border: 1px solid rgba(130,190,100,.2); }\n.badge-remote  { background: rgba(195,159,118,.12); color: #a67e50; border: 1px solid rgba(195,159,118,.25); }\n\n.lk-stay-name {\n  font-family: 'Playfair Display', Georgia, serif;\n  font-size: 18px;\n  font-weight: 700;\n  color: #111827;\n  line-height: 1.3;\n}\n.lk-stay-desc {\n  font-size: 13.5px;\n  color: #525252;\n  line-height: 1.65;\n  font-weight: 300;\n  flex: 1;\n}\n\n.lk-stay-meta {\n  display: flex;\n  align-items: center;\n  gap: 12px;\n  flex-wrap: wrap;\n  margin-top: 4px;\n}\n.lk-stay-price {\n  font-size: 13px;\n  color: #6b7280;\n}\n.lk-stay-price strong {\n  color: #c39f76;\n  font-weight: 500;\n}\n.lk-stay-stars {\n  color: #c39f76;\n  font-size: 11px;\n  letter-spacing: 1px;\n}\n\n\/* \u2500\u2500\u2500 CTA BUTTON \u2500\u2500\u2500 *\/\n.lk-stay-cta {\n  display: inline-flex;\n  align-items: center;\n  justify-content: center;\n  gap: 7px;\n  margin-top: 8px;\n  padding: 11px 20px;\n  border-radius: 8px;\n  background: linear-gradient(135deg, #3685fc 0%, #2a6fd9 100%);\n  color: #fff;\n  font-size: 13px;\n  font-weight: 500;\n  text-decoration: none;\n  letter-spacing: .3px;\n  transition: all .2s ease;\n  cursor: pointer;\n  border: none;\n  text-align: center;\n  box-shadow: 0 4px 12px rgba(54, 133, 252, 0.25);\n}\n.lk-stay-cta:hover {\n  background: linear-gradient(135deg, #2a6fd9 0%, #1e5bc4 100%);\n  transform: translateY(-1px);\n  box-shadow: 0 6px 16px rgba(54, 133, 252, 0.35);\n}\n.lk-stay-cta svg { flex-shrink: 0; }\n\n\/* \u2500\u2500\u2500 FOOTER \u2500\u2500\u2500 *\/\n.lk-stays-footer {\n  padding: 18px 36px;\n  background: linear-gradient(to bottom, #fdfaf5 0%, #f9f4ed 100%);\n  border-top: 1px solid rgba(195, 159, 118, 0.15);\n  display: flex;\n  align-items: center;\n  justify-content: space-between;\n  flex-wrap: wrap;\n  gap: 12px;\n}\n.lk-stays-footer-note {\n  font-size: 11.5px;\n  color: #6b7280;\n  font-weight: 300;\n  line-height: 1.5;\n}\n.lk-stays-footer-note a {\n  color: #c39f76;\n  text-decoration: none;\n  font-weight: 400;\n}\n.lk-stays-footer-note a:hover {\n  text-decoration: underline;\n}\n.lk-stays-all-btn {\n  display: inline-flex;\n  align-items: center;\n  gap: 6px;\n  font-size: 12.5px;\n  font-weight: 500;\n  color: #c39f76;\n  text-decoration: none;\n  border: 1px solid rgba(195, 159, 118, 0.35);\n  padding: 8px 18px;\n  border-radius: 8px;\n  transition: all .2s ease;\n}\n.lk-stays-all-btn:hover {\n  background: rgba(195, 159, 118, 0.08);\n  border-color: rgba(195, 159, 118, 0.5);\n}\n\n\/* \u2500\u2500\u2500 RESPONSIVE \u2500\u2500\u2500 *\/\n@media (max-width: 600px) {\n  .lk-stays-grid { grid-template-columns: 1fr; }\n  .lk-stays-header { padding: 24px 20px; }\n  .lk-stays-footer { padding: 16px 20px; }\n  .lk-stay-card { padding: 22px; }\n  .lk-stays-title { font-size: 20px; }\n}\n<\/style>\n\n  <!-- HEADER -->\n  <div class=\"lk-stays-header\">\n    <img decoding=\"async\" src=\"https:\/\/loudavymkrokem.cz\/wp-content\/uploads\/2026\/02\/lukas-a-lucka.jpg\" alt=\"\" style=\"width: 75px; height: 75px; border-radius: 8px; flex-shrink: 0; object-fit: cover; display: block; margin: 4px 0;\" title=\"\">\n    <div class=\"lk-stays-header-text\">\n      <div class=\"lk-stays-eyebrow\">Luk\u00e1\u0161 and Lucie recommend<\/div>\n      <div class=\"lk-stays-title\">Onde se hospedar em Karl\u0161tejn<\/div>\n      <div class=\"lk-stays-subtitle\">2 acomoda\u00e7\u00f5es \u2014 hot\u00e9is e outras op\u00e7\u00f5es de hospedagem<\/div>\n    <\/div>\n  <\/div>\n\n  <!-- CARDS -->\n  <div class=\"lk-stays-grid\">\n\n    <a class=\"lk-stay-card featured\" href=\"https:\/\/www.booking.com\/hotel\/cz\/karlstejn.cs.html?label=karlstejn-CeMKnlugW0CRUiJtbVleiQS500869069570%3Apl%3Ata%3Ap1%3Ap2%3Aac%3Aap%3Aneg%3Afi%3Atikwd-443921283757%3Alp1003709%3Ali%3Adec%3Adm%3Appccp%3DUmFuZG9tSVYkc2RlIyh9YfqnDqqG8nt1QPdfOnScMCA&#038;sid=516e34d80be1f49b13fed242c2b2fa90&#038;gclid=CjwKCAjwspPOBhB9EiwATFbi5EMAC3qjptz5Y6JVfZ54C3GwZRclVowrNsiOiSmrg_cBg2RkjyC0GxoCB6cQAvD_BwE&#038;aid=1610700&#038;ucfs=1&#038;arphpl=1&#038;dest_id=-547030&#038;dest_type=city&#038;group_adults=2&#038;req_adults=2&#038;no_rooms=1&#038;group_children=0&#038;req_children=0&#038;hpos=1&#038;hapos=1&#038;sr_order=popularity&#038;srpvid=b72a408ae7f4028b&#038;srepoch=1774516251&#038;from=searchresults\" target=\"_blank\" rel=\"nofollow noopener\">\n      <span class=\"lk-stay-badge badge-top\">\u2b50 MELHOR ESCOLHA<\/span>\n      <span class=\"lk-stay-badge badge-nature\">\ud83c\udfe8 Hotel<\/span>\n      <div class=\"lk-stay-name\">Hotel Karl\u0161tejn<\/div>\n      <div class=\"lk-stay-desc\">O hotel mais famoso nos arredores de Karl\u0161tejn, oferecendo estacionamento gratuito, aluguel de bicicletas, spa com piscina e terra\u00e7o com vista para o castelo. Escolha ideal para um fim de semana rom\u00e2ntico.<\/div>\n      <div class=\"lk-stay-meta\">\n        <span class=\"lk-stay-stars\">\u2605\u2605\u2605\u2605<\/span>\n        <span class=\"lk-stay-price\">Verificar pre\u00e7os<\/span>\n      <\/div>\n      <span class=\"lk-stay-cta\">\n        <svg width=\"14\" height=\"14\" viewBox=\"0 0 24 24\" fill=\"none\" stroke=\"currentColor\" stroke-width=\"2\"><path d=\"M18 13v6a2 2 0 0 1-2 2H5a2 2 0 0 1-2-2V8a2 2 0 0 1 2-2h6\"\/><polyline points=\"15 3 21 3 21 9\"\/><line x1=\"10\" y1=\"14\" x2=\"21\" y2=\"3\"\/><\/svg>\n        Check availability\n      <\/span>\n    <\/a>\n\n    <a class=\"lk-stay-card\" href=\"https:\/\/www.stay22.com\/allez\/roam?aid=lukaskonecny&#038;campaign=loudavymkrokemcz&#038;campaign=karlstejn&#038;address=karl\u0161tejn\" target=\"_blank\" rel=\"nofollow noopener\">\n      <span class=\"lk-stay-badge badge-nature\">\ud83d\udd0d Buscar<\/span>\n      <div class=\"lk-stay-name\">Ver todas as acomoda\u00e7\u00f5es em Karl\u0161tejn<\/div>\n      <div class=\"lk-stay-desc\">Explore todas as op\u00e7\u00f5es de hospedagem dispon\u00edveis em Karl\u0161tejn e encontre a melhor de acordo com suas prefer\u00eancias e or\u00e7amento.<\/div>\n      <div class=\"lk-stay-meta\">\n        <span class=\"lk-stay-stars\">\u2605\u2605\u2605\u2605<\/span>\n        <span class=\"lk-stay-price\">Comparar pre\u00e7os<\/span>\n      <\/div>\n      <span class=\"lk-stay-cta\">\n        <svg width=\"14\" height=\"14\" viewBox=\"0 0 24 24\" fill=\"none\" stroke=\"currentColor\" stroke-width=\"2\"><path d=\"M18 13v6a2 2 0 0 1-2 2H5a2 2 0 0 1-2-2V8a2 2 0 0 1 2-2h6\"\/><polyline points=\"15 3 21 3 21 9\"\/><line x1=\"10\" y1=\"14\" x2=\"21\" y2=\"3\"\/><\/svg>\n        Check availability\n      <\/span>\n    <\/a>\n\n  <\/div>\n\n  \n<\/div>\n\n\n<h2 class=\"wp-block-heading\"><span class=\"ez-toc-section\" id=\"Onde_se_hospedar_nos_arredores_de_Karlstejn\"><\/span><span class=\"ez-toc-section\" id=\"Onde_se_hospedar_nos_arredores_de_Karlstejn\"><\/span>Onde se hospedar nos arredores de Karl\u0161tejn<span class=\"ez-toc-section-end\"><\/span><span class=\"ez-toc-section-end\"><\/span><\/h2>\n\n<p>A maioria das pessoas faz Karl\u0161tejn como um bate-volta de meio dia a partir de Praga \u2014 e isso \u00e9 perfeitamente suficiente. Mas se voc\u00ea quer explorar tamb\u00e9m os arredores (pedreiras, cavernas, trilhas) ou simplesmente n\u00e3o quer ter pressa, hospedar-se na regi\u00e3o faz sentido.<\/p>\n\n<p><strong><a class=\"thirstylink\" rel=\"nofollow\" target=\"_blank\" title=\"Booking.com\" href=\"https:\/\/loudavymkrokem.cz\/doporucujeme\/booking-com\/\" data-shortcode=\"true\">Hotel Karl\u0161tejn<\/a><\/strong> \u00e9 provavelmente o mais conhecido e oferece estacionamento gratuito, aluguel de bicicletas e at\u00e9 spa com piscina e terra\u00e7o com vista para o castelo. Se quer transformar Karl\u0161tejn num fim de semana rom\u00e2ntico, aqui voc\u00ea ficar\u00e1 satisfeito.<\/p>\n\n<p>Nos arredores h\u00e1 tamb\u00e9m diversas pousadas e apartamentos a pre\u00e7os acess\u00edveis \u2014 principalmente em Beroun, Srbsko e Hl\u00e1sn\u00e1 T\u0159eba\u0148.<\/p>\n\n<h2 class=\"wp-block-heading\"><span class=\"ez-toc-section\" id=\"O_que_ver_nos_arredores_%E2%80%94_passeios_que_combinam_com_Karlstejn\"><\/span><span class=\"ez-toc-section\" id=\"O_que_ver_nos_arredores_passeios_que_combinam_com_Karlstejn\"><\/span>O que ver nos arredores \u2014 passeios que combinam com Karl\u0161tejn<span class=\"ez-toc-section-end\"><\/span><span class=\"ez-toc-section-end\"><\/span><\/h2>\n\n<p>Karl\u0161tejn j\u00e1 vale a visita sozinho, mas os arredores oferecem tantas outras preciosidades que seria uma pena deix\u00e1-las de lado. Um bate-volta de um dia pode se transformar num dia supercompleto \u2014 ou melhor ainda, num fim de semana. Aqui est\u00e3o minhas dicas dos melhores lugares da regi\u00e3o.<\/p>\n\n<figure class=\"wp-block-image size-full\"><img decoding=\"async\" src=\"https:\/\/loudavymkrokem.cz\/wp-content\/uploads\/2026\/03\/karlstejn-velka-amerika-lom.jpg\" alt=\"Pedreira Velk\u00e1 Amerika perto de Karl\u0161tejn com \u00e1gua turquesa\" class=\"wp-image-139648\" title=\"\"><\/figure>\n\n<h3 class=\"wp-block-heading\"><span class=\"ez-toc-section\" id=\"Pedreiras_Velka_e_Mala_Amerika_%E2%80%94_o_Grand_Canyon_tcheco\"><\/span><span class=\"ez-toc-section\" id=\"Pedreiras_Velka_e_Mala_Amerika_o_Grand_Canyon_tcheco\"><\/span>Pedreiras Velk\u00e1 e Mal\u00e1 Amerika \u2014 o Grand Canyon tcheco<span class=\"ez-toc-section-end\"><\/span><span class=\"ez-toc-section-end\"><\/span><\/h3>\n\n<p>Este lugar me impressiona toda vez. Imagine enormes pedreiras de calc\u00e1rio com \u00e1gua turquesa, 80 metros de profundidade, conectadas por galerias subterr\u00e2neas. A Velk\u00e1 Amerika (750 \u00d7 150 metros) parece de outro mundo \u2014 e n\u00e3o \u00e9 \u00e0 toa que filmes tchecos cl\u00e1ssicos foram gravados aqui.<\/p>\n\n<ul class=\"wp-block-list\">\n<li><strong>Dist\u00e2ncia:<\/strong> Cerca de 4 km de Karl\u0161tejn (vilarejo de Mo\u0159ina)<\/li>\n<li><strong>Acesso:<\/strong> A p\u00e9 por Mo\u0159ina ou de carro (pequeno estacionamento no mirante)<\/li>\n<li><strong>Aten\u00e7\u00e3o:<\/strong> Banho \u00e9 proibido, entrada por conta e risco. Mas a vista de cima \u00e9 absolutamente deslumbrante.<\/li>\n<\/ul>\n\n<figure class=\"wp-block-image size-full\"><img decoding=\"async\" src=\"https:\/\/loudavymkrokem.cz\/wp-content\/uploads\/2026\/03\/svaty-jan-pod-skalou-klaster.jpg\" alt=\"Mosteiro de Svat\u00fd Jan pod Skalou na neblina da manh\u00e3\" class=\"wp-image-139649\" title=\"\"><\/figure>\n\n<h3 class=\"wp-block-heading\"><span class=\"ez-toc-section\" id=\"Svaty_Jan_pod_Skalou_%E2%80%94_misticismo_e_paz\"><\/span><span class=\"ez-toc-section\" id=\"Svaty_Jan_pod_Skalou_misticismo_e_paz\"><\/span>Svat\u00fd Jan pod Skalou \u2014 misticismo e paz<span class=\"ez-toc-section-end\"><\/span><span class=\"ez-toc-section-end\"><\/span><\/h3>\n\n<p>Vilarejo pitoresco na \u00c1rea de Prote\u00e7\u00e3o Ambiental do Carste Tcheco, onde acima de um mosteiro barroco se ergue uma imponente parede rochosa com uma cruz de madeira. A atmosfera aqui \u00e9 especial \u2014 sagrada, silenciosa. O complexo barroco do antigo mosteiro beneditino, a igreja, a caverna de S\u00e3o Ivan \u2014 e uma das vilas mais bonitas nos arredores de Praga.<\/p>\n\n<p>De Karl\u0161tejn voc\u00ea chega aqui a p\u00e9 pela trilha vermelha (cerca de 14 km passando por Srbsko) ou de carro.<\/p>\n\n<figure class=\"wp-block-image size-full\"><img decoding=\"async\" src=\"https:\/\/loudavymkrokem.cz\/wp-content\/uploads\/2026\/03\/konepruske-jeskyne-vstup.jpg\" alt=\"Cavernas de Kon\u011bprusy \u2014 entrada\" class=\"wp-image-139650\" title=\"\"><\/figure>\n\n<h3 class=\"wp-block-heading\"><span class=\"ez-toc-section\" id=\"Cavernas_de_Koneprusy_e_o_mundo_subterraneo\"><\/span><span class=\"ez-toc-section\" id=\"Cavernas_de_Koneprusy_e_o_mundo_subterraneo\"><\/span>Cavernas de Kon\u011bprusy e o mundo subterr\u00e2neo<span class=\"ez-toc-section-end\"><\/span><span class=\"ez-toc-section-end\"><\/span><\/h3>\n\n<p>O maior sistema de cavernas da Rep\u00fablica Tcheca, a cerca de 5\u20137 km de Beroun. Tr\u00eas andares com estalactites, vest\u00edgios de uma oficina de falsifica\u00e7\u00e3o de moedas do s\u00e9culo XV, ossos de urso das cavernas e as \u00fanicas &#8220;Rosetas de Kon\u011bprusy&#8221; com opala. A visita dura cerca de uma hora.<\/p>\n\n<p>Detalhes no <a href=\"https:\/\/konepruske.caves.cz\/\" target=\"_blank\" rel=\"nofollow noopener\">site oficial das Cavernas de Kon\u011bprusy<\/a>.<\/p>\n\n<h3 class=\"wp-block-heading\"><span class=\"ez-toc-section\" id=\"Trilhas_educativas_para_caminhantes\"><\/span><span class=\"ez-toc-section\" id=\"Trilhas_educativas_para_caminhantes\"><\/span>Trilhas educativas para caminhantes<span class=\"ez-toc-section-end\"><\/span><span class=\"ez-toc-section-end\"><\/span><\/h3>\n\n<p>Se voc\u00ea gosta de caminhar, os arredores de Karl\u0161tejn s\u00e3o um para\u00edso:<\/p>\n\n<ul class=\"wp-block-list\">\n<li><strong>Trilha Educativa da Reserva Natural de Karl\u0161tejn<\/strong> \u2014 11 km, cerca de 5 horas, 18 pain\u00e9is informativos. Vai de Karl\u0161tejn passando por Srbsko at\u00e9 Svat\u00fd Jan pod Skalou. Trajeto lindo, adequado at\u00e9 para caminhantes mais tranquilos.<\/li>\n<li><strong>Circuito de S\u00e3o Jo\u00e3o<\/strong> \u2014 4 km, 2,5\u20133 horas, c\u00e2nion do Ka\u010d\u00e1k. Variante mais curta para uma tarde.<\/li>\n<li><strong>Zlat\u00fd k\u016f\u0148<\/strong> perto das Cavernas de Kon\u011bprusy \u2014 3,5 km, 90 minutos, 13 paradas. Ideal para fam\u00edlias.<\/li>\n<\/ul>\n\n<p><strong>Dica para os mais ativos:<\/strong> Experimente a trilha de 9 km Zadn\u00ed T\u0159eba\u0148 \u2192 Karl\u0161tejn \u2192 Srbsko (desn\u00edvel de 270 m). Pelo caminho voc\u00ea passa por um vilarejo com arquitetura popular e por um lend\u00e1rio carvalho de 350 anos \u2014 o Carvalho dos Sete Irm\u00e3os.<\/p>\n\n<h3 class=\"wp-block-heading\"><span class=\"ez-toc-section\" id=\"Cachoeiras_de_Bubovice\"><\/span><span class=\"ez-toc-section\" id=\"Cachoeiras_de_Bubovice\"><\/span>Cachoeiras de Bubovice<span class=\"ez-toc-section-end\"><\/span><span class=\"ez-toc-section-end\"><\/span><\/h3>\n\n<p>Pequenas cachoeiras calc\u00e1rias cobertas de algas e musgos, a cerca de 2,5 km acima do vilarejo de Srbsko. S\u00e3o mais bonitas no inverno, quando formam estalactites de gelo de formas variadas. Pequenas, mas encantadoras \u2014 vale o desvio.<\/p>\n\n<h2 class=\"wp-block-heading\"><span class=\"ez-toc-section\" id=\"Festa_da_Vindima_de_Karlstejn_%E2%80%94_o_maior_evento_do_ano\"><\/span><span class=\"ez-toc-section\" id=\"Festa_da_Vindima_de_Karlstejn_o_maior_evento_do_ano\"><\/span>Festa da Vindima de Karl\u0161tejn \u2014 o maior evento do ano<span class=\"ez-toc-section-end\"><\/span><span class=\"ez-toc-section-end\"><\/span><\/h2>\n\n<p>Se puder planejar sua visita para o \u00faltimo fim de semana de setembro, fa\u00e7a isso. A <a href=\"https:\/\/www.karlstejnskevinobrani.cz\/\" target=\"_blank\" rel=\"nofollow noopener\">Festa da Vindima de Karl\u0161tejn<\/a> \u00e9 um dos melhores eventos culturais de toda a regi\u00e3o da Bo\u00eamia Central e eu estou louca para ir um dia.<\/p>\n\n<h3 class=\"wp-block-heading\"><span class=\"ez-toc-section\" id=\"O_que_esperar\"><\/span><span class=\"ez-toc-section\" id=\"O_que_esperar\"><\/span>O que esperar<span class=\"ez-toc-section-end\"><\/span><span class=\"ez-toc-section-end\"><\/span><\/h3>\n\n<p><strong>Data em 2026:<\/strong> 26\u201327 de setembro (XXVIII edi\u00e7\u00e3o)<\/p>\n\n<p><strong>Ingresso:<\/strong> S\u00e1bado 14 \u20ac, domingo 10 \u20ac. Crian\u00e7as at\u00e9 15 anos entram gr\u00e1tis, e quem vestir traje hist\u00f3rico tamb\u00e9m entra gr\u00e1tis \u2014 ent\u00e3o se voc\u00ea tiver uma t\u00fanica medieval no arm\u00e1rio, \u00e9 hora de tir\u00e1-la. \u263a\ufe0f<\/p>\n\n<p><strong>Atra\u00e7\u00e3o principal:<\/strong> Cortejo Real de Carlos IV. Nos dois dias \u00e0s 13h30 parte da Esta\u00e7\u00e3o Vin\u00edcola um cortejo com o imperador, Eli\u0161ka Pomo\u0159ansk\u00e1 e centenas de membros da corte em trajes de \u00e9poca. Caminham desde os vinhedos (que foram plantados por Carlos IV e at\u00e9 hoje produzem vinho!) at\u00e9 o castelo. \u00c9 grandioso.<\/p>\n\n<p><strong>Programa\u00e7\u00e3o:<\/strong> Feira medieval, demonstra\u00e7\u00f5es de artesanato, torneios de cavalaria (\u00e0s 11h e 16h), espadachins, engolidores de fogo, acrobatas, m\u00e1gicos, m\u00fasica ao vivo, dan\u00e7as. Degusta\u00e7\u00f5es de bur\u010d\u00e1k (vinho novo fermentando) e vinhos de Karl\u0161tejn, especialidades gastron\u00f4micas. Para crian\u00e7as h\u00e1 espet\u00e1culos de teatro interativo (11h30 e 14h30 nos dois dias). O programa de s\u00e1bado termina com cortejo de despedida \u00e0s 19h45 e show de fogo \u00e0s 20h.<\/p>\n\n<p><strong>Dica pr\u00e1tica:<\/strong> V\u00e1 de trem \u2014 estacionar durante a festa \u00e9 um caos total. Vista-se em camadas e leve um guarda-chuva, porque o final de setembro pode ser imprevis\u00edvel.<\/p>\n\n<h3 class=\"wp-block-heading\"><span class=\"ez-toc-section\" id=\"Outros_eventos_durante_o_ano\"><\/span><span class=\"ez-toc-section\" id=\"Outros_eventos_durante_o_ano\"><\/span>Outros eventos durante o ano<span class=\"ez-toc-section-end\"><\/span><span class=\"ez-toc-section-end\"><\/span><\/h3>\n\n<p>Al\u00e9m da festa da vindima, em Karl\u0161tejn acontece tamb\u00e9m um <strong>festival de cerveja<\/strong> (maio, ingresso 8 \u20ac, com welcome drink incluso), <strong>decora\u00e7\u00e3o de P\u00e1scoa<\/strong> (mar\u00e7o\u2013abril) e no ver\u00e3o diversos concertos e espet\u00e1culos de teatro no p\u00e1tio. O calend\u00e1rio atualizado est\u00e1 no <a href=\"https:\/\/www.hrad-karlstejn.cz\/cs\/akce\" target=\"_blank\" rel=\"nofollow noopener\">site do castelo na se\u00e7\u00e3o de Eventos<\/a>.<\/p>\n\n<h2 class=\"wp-block-heading\"><span class=\"ez-toc-section\" id=\"Leitura_complementar\"><\/span><span class=\"ez-toc-section\" id=\"Leitura_complementar\"><\/span>Leitura complementar<span class=\"ez-toc-section-end\"><\/span><span class=\"ez-toc-section-end\"><\/span><\/h2>\n\n<p>Se monumentos tchecos despertam seu interesse, confira nosso guia do <a href=\"https:\/\/loudavymkrokem.cz\/pt-br\/?p=151263\">Castelo de Praga<\/a> \u2014 l\u00e1 voc\u00ea encontra dicas de visitas, ingressos e como evitar filas. O Castelo de Praga e Karl\u0161tejn s\u00e3o, afinal, obra do mesmo homem \u2014 Carlos IV \u2014 e se complementam perfeitamente como dois passeios pela hist\u00f3ria da coroa da Bo\u00eamia.<\/p>\n\n<h2 class=\"wp-block-heading\"><span class=\"ez-toc-section\" id=\"FAQ\"><\/span><span class=\"ez-toc-section\" id=\"FAQ\"><\/span>FAQ<span class=\"ez-toc-section-end\"><\/span><span class=\"ez-toc-section-end\"><\/span><\/h2>\n\n<div id=\"rank-math-faq\" class=\"rank-math-block\">\n<div class=\"rank-math-list \">\n<div id=\"faq-question-1742900000001\" class=\"rank-math-list-item\">\n<h3 class=\"rank-math-question \"><span class=\"ez-toc-section\" id=\"O_que_torna_Karlstejn_interessante\"><\/span><span class=\"ez-toc-section\" id=\"O_que_torna_Karlstejn_interessante\"><\/span>O que torna Karl\u0161tejn interessante?<span class=\"ez-toc-section-end\"><\/span><span class=\"ez-toc-section-end\"><\/span><\/h3>\n<div class=\"rank-math-answer \">\n\n<p>O Castelo Karl\u0161tejn \u00e9 \u00fanico por v\u00e1rios motivos. Foi fundado por Carlos IV em 1348 como dep\u00f3sito das joias da coroa\u00e7\u00e3o do Sacro Imp\u00e9rio Romano-Germ\u00e2nico \u2014 era, portanto, um dos castelos mais bem protegidos da Europa. Arquitetonicamente, destaca-se pela disposi\u00e7\u00e3o escalonada, onde quanto mais alto se sobe, mais sagrados s\u00e3o os espa\u00e7os. A joia absoluta \u00e9 a Capela da Santa Cruz com 129 pinturas em painel do Mestre Teodorico (o maior acervo desse tipo no mundo) e paredes de pedras semipreciosas polidas. O castelo tamb\u00e9m est\u00e1 associado \u00e0 lenda da proibi\u00e7\u00e3o de entrada de mulheres, popularizada pelo filme &#8220;A Noite em Karl\u0161tejn&#8221; (1973).<\/p>\n\n<\/div>\n<\/div>\n<div id=\"faq-question-1742900000002\" class=\"rank-math-list-item\">\n<h3 class=\"rank-math-question \"><span class=\"ez-toc-section\" id=\"Quanto_custa_a_entrada_no_Castelo_Karlstejn\"><\/span><span class=\"ez-toc-section\" id=\"Quanto_custa_a_entrada_no_Castelo_Karlstejn\"><\/span>Quanto custa a entrada no Castelo Karl\u0161tejn?<span class=\"ez-toc-section-end\"><\/span><span class=\"ez-toc-section-end\"><\/span><\/h3>\n<div class=\"rank-math-answer \">\n\n<p>O roteiro b\u00e1sico (Resid\u00eancia Imperial) custa 12 \u20ac para adultos, 10 \u20ac para idosos e jovens, 3,60 \u20ac para crian\u00e7as de 6\u201317 anos e crian\u00e7as at\u00e9 5 anos entram gr\u00e1tis. O roteiro com a Capela da Santa Cruz (Capelas do Castelo) custa 26 \u20ac para adultos. Os roteiros exclusivos variam de 72 \u20ac a 140 \u20ac por pessoa. Pelo recinto do castelo voc\u00ea pode passear gratuitamente com o audioguia do aplicativo TourStories.<\/p>\n\n<\/div>\n<\/div>\n<div id=\"faq-question-1742900000003\" class=\"rank-math-list-item\">\n<h3 class=\"rank-math-question \"><span class=\"ez-toc-section\" id=\"Quem_e_o_dono_do_Castelo_Karlstejn\"><\/span><span class=\"ez-toc-section\" id=\"Quem_e_o_dono_do_Castelo_Karlstejn\"><\/span>Quem \u00e9 o dono do Castelo Karl\u0161tejn?<span class=\"ez-toc-section-end\"><\/span><span class=\"ez-toc-section-end\"><\/span><\/h3>\n<div class=\"rank-math-answer \">\n\n<p>O Castelo Karl\u0161tejn \u00e9 administrado pelo Instituto Nacional do Patrim\u00f4nio (NP\u00da), uma institui\u00e7\u00e3o estatal. \u00c9 um patrim\u00f4nio cultural nacional e est\u00e1 na lista preliminar da UNESCO (ainda n\u00e3o foi inscrito, entre outros motivos por discuss\u00f5es sobre autenticidade ap\u00f3s a extensa reforma do arquiteto Josef Mocker entre 1887 e 1899).<\/p>\n\n<\/div>\n<\/div>\n<div id=\"faq-question-1742900000004\" class=\"rank-math-list-item\">\n<h3 class=\"rank-math-question \"><span class=\"ez-toc-section\" id=\"Que_filmes_foram_gravados_em_Karlstejn\"><\/span><span class=\"ez-toc-section\" id=\"Que_filmes_foram_gravados_em_Karlstejn\"><\/span>Que filmes foram gravados em Karl\u0161tejn?<span class=\"ez-toc-section-end\"><\/span><span class=\"ez-toc-section-end\"><\/span><\/h3>\n<div class=\"rank-math-answer \">\n\n<p>O filme mais famoso gravado em Karl\u0161tejn \u00e9 a cl\u00e1ssica com\u00e9dia musical tcheca &#8220;A Noite em Karl\u0161tejn&#8221; (1973), dirigida por Zden\u011bk Podskalsk\u00fd. Mas o castelo apareceu em diversas outras produ\u00e7\u00f5es \u2014 inclusive serviu de loca\u00e7\u00e3o para o sucesso de Bollywood &#8220;Rockstar&#8221; (2011) com Ranbir Kapoor. Nas pedreiras Velk\u00e1 e Mal\u00e1 Amerika nos arredores foram gravados outros filmes tchecos cl\u00e1ssicos.<\/p>\n\n<\/div>\n<\/div>\n<div id=\"faq-question-1742900000005\" class=\"rank-math-list-item\">\n<h3 class=\"rank-math-question \"><span class=\"ez-toc-section\" id=\"Como_chegar_a_Karlstejn_saindo_de_Praga\"><\/span><span class=\"ez-toc-section\" id=\"Como_chegar_a_Karlstejn_saindo_de_Praga\"><\/span>Como chegar a Karl\u0161tejn saindo de Praga?<span class=\"ez-toc-section-end\"><\/span><span class=\"ez-toc-section-end\"><\/span><\/h3>\n<div class=\"rank-math-answer \">\n\n<p>A melhor op\u00e7\u00e3o \u00e9 de trem, saindo de Praha-Sm\u00edchov ou da esta\u00e7\u00e3o central, na dire\u00e7\u00e3o de Beroun. Os trens saem a cada 30 minutos, a viagem dura cerca de 40 minutos e custa aproximadamente 2,60 \u20ac por trecho. Da esta\u00e7\u00e3o de Karl\u0161tejn s\u00e3o cerca de 25\u201340 minutos de caminhada em subida pela charmosa zona de pedestres. Como alternativa, voc\u00ea pode usar charrete (4\u20136 \u20ac\/pessoa) ou ir de carro (estacionamento 4\u20138 \u20ac).<\/p>\n\n<\/div>\n<\/div>\n<div id=\"faq-question-1742900000006\" class=\"rank-math-list-item\">\n<h3 class=\"rank-math-question \"><span class=\"ez-toc-section\" id=\"Karlstejn_e_adequado_para_criancas\"><\/span><span class=\"ez-toc-section\" id=\"Karlstejn_e_adequado_para_criancas\"><\/span>Karl\u0161tejn \u00e9 adequado para crian\u00e7as?<span class=\"ez-toc-section-end\"><\/span><span class=\"ez-toc-section-end\"><\/span><\/h3>\n<div class=\"rank-math-answer \">\n\n<p>Sim, mas com prepara\u00e7\u00e3o. Carrinho de beb\u00ea n\u00e3o funciona no castelo \u2014 o caminho \u00e9 \u00edngreme e dentro do castelo h\u00e1 mais de 600 degraus, ent\u00e3o \u00e9 indispens\u00e1vel um canguru ou mochila de transporte. Para fam\u00edlias com crian\u00e7as pequenas, o roteiro mais adequado \u00e9 o 1 (55 minutos, crian\u00e7as at\u00e9 5 anos gr\u00e1tis). Crian\u00e7as adoram a charrete na subida e o sorvete na descida. Nos arredores h\u00e1 tamb\u00e9m um ZOO Park, museu de cera e museu de pres\u00e9pios. O aplicativo TourStories permite passear pelo recinto no pr\u00f3prio ritmo, o que com crian\u00e7as pequenas n\u00e3o tem pre\u00e7o.<\/p>\n\n<\/div>\n<\/div>\n<div id=\"faq-question-1742900000007\" class=\"rank-math-list-item\">\n<h3 class=\"rank-math-question \"><span class=\"ez-toc-section\" id=\"Qual_e_a_melhor_epoca_para_visitar_Karlstejn\"><\/span><span class=\"ez-toc-section\" id=\"Qual_e_a_melhor_epoca_para_visitar_Karlstejn\"><\/span>Qual \u00e9 a melhor \u00e9poca para visitar Karl\u0161tejn?<span class=\"ez-toc-section-end\"><\/span><span class=\"ez-toc-section-end\"><\/span><\/h3>\n<div class=\"rank-math-answer \">\n\n<p>O ideal \u00e9 final de maio, junho ou setembro\u2013outubro \u2014 clima agrad\u00e1vel, menos turistas e os dois roteiros principais est\u00e3o abertos. Em julho e agosto fica superlotado. Se quiser ver a Capela da Santa Cruz (Roteiro 2), precisa ir entre maio e outubro. Para a experi\u00eancia mais tranquila, v\u00e1 em dia de semana (ter\u00e7a a quinta) logo cedo. E aten\u00e7\u00e3o \u2014 na segunda-feira est\u00e1 sempre fechado!<\/p>\n\n<\/div>\n<\/div>\n<\/div>\n<\/div>","protected":false},"excerpt":{"rendered":"<p>Guia completo do Castelo Karl\u0161tejn na Rep\u00fablica Tcheca: ingressos a partir de 12 \u20ac, 7 roteiros de visita, hor\u00e1rios de funcionamento, como chegar de Praga e dicas para fam\u00edlias com crian\u00e7as.<\/p>\n","protected":false},"author":3,"featured_media":139645,"comment_status":"open","ping_status":"open","sticky":false,"template":"","format":"standard","meta":{"footnotes":"","rank_math_title":"","rank_math_description":"","rank_math_focus_keyword":"","rank_math_seo_score":""},"categories":[1121,1157],"tags":[],"class_list":{"0":"post-151262","1":"post","2":"type-post","3":"status-publish","4":"format-standard","5":"has-post-thumbnail","7":"category-europa","8":"category-republica-tcheca"},"featured_image_src":"https:\/\/loudavymkrokem.cz\/wp-content\/uploads\/2026\/03\/karlstejn-hrad-panorama-1.jpg","author_info":{"display_name":"Lucie Kone\u010dn\u00e1","author_link":"https:\/\/loudavymkrokem.cz\/pt-br\/author\/lucie-konecna\/"},"_links":{"self":[{"href":"https:\/\/loudavymkrokem.cz\/pt-br\/wp-json\/wp\/v2\/posts\/151262","targetHints":{"allow":["GET"]}}],"collection":[{"href":"https:\/\/loudavymkrokem.cz\/pt-br\/wp-json\/wp\/v2\/posts"}],"about":[{"href":"https:\/\/loudavymkrokem.cz\/pt-br\/wp-json\/wp\/v2\/types\/post"}],"author":[{"embeddable":true,"href":"https:\/\/loudavymkrokem.cz\/pt-br\/wp-json\/wp\/v2\/users\/3"}],"replies":[{"embeddable":true,"href":"https:\/\/loudavymkrokem.cz\/pt-br\/wp-json\/wp\/v2\/comments?post=151262"}],"version-history":[{"count":1,"href":"https:\/\/loudavymkrokem.cz\/pt-br\/wp-json\/wp\/v2\/posts\/151262\/revisions"}],"predecessor-version":[{"id":151721,"href":"https:\/\/loudavymkrokem.cz\/pt-br\/wp-json\/wp\/v2\/posts\/151262\/revisions\/151721"}],"wp:featuredmedia":[{"embeddable":true,"href":"https:\/\/loudavymkrokem.cz\/pt-br\/wp-json\/wp\/v2\/media\/139645"}],"wp:attachment":[{"href":"https:\/\/loudavymkrokem.cz\/pt-br\/wp-json\/wp\/v2\/media?parent=151262"}],"wp:term":[{"taxonomy":"category","embeddable":true,"href":"https:\/\/loudavymkrokem.cz\/pt-br\/wp-json\/wp\/v2\/categories?post=151262"},{"taxonomy":"post_tag","embeddable":true,"href":"https:\/\/loudavymkrokem.cz\/pt-br\/wp-json\/wp\/v2\/tags?post=151262"}],"curies":[{"name":"wp","href":"https:\/\/api.w.org\/{rel}","templated":true}]}}