{"id":151260,"date":"2026-04-24T18:09:14","date_gmt":"2026-04-24T16:09:14","guid":{"rendered":"https:\/\/loudavymkrokem.cz\/?p=151260"},"modified":"2026-04-30T11:08:10","modified_gmt":"2026-04-30T09:08:10","slug":"praga-praca-cidade-velha-relogio","status":"publish","type":"post","link":"https:\/\/loudavymkrokem.cz\/pt-br\/praga-praca-cidade-velha-relogio\/","title":{"rendered":"Pra\u00e7a da Cidade Velha e Rel\u00f3gio Astron\u00f4mico: O que ver no cora\u00e7\u00e3o de Praga"},"content":{"rendered":"<p>Quando eu estava na universidade, num curso de fotojornalismo em busca dos melhores contrastes de luz e sombra, passava manh\u00e3s inteiras de inverno na <strong>Pra\u00e7a da Cidade Velha<\/strong>, o cora\u00e7\u00e3o pulsante de <strong>Praga<\/strong>. Com uma c\u00e2mera DSLR pesada pendurada no pesco\u00e7o, ficava tremendo de frio ao lado das barracas vazias, esperando os primeiros raios de sol cortarem a neblina sobre os telhados e tocarem o rosto fosco do rel\u00f3gio da torre. Naqueles momentos, quando os \u00fanicos passantes eram padeiros e garis, esse epicentro hist\u00f3rico de Praga tinha um ritmo completamente diferente do meio-dia, quando uma muralha impenetr\u00e1vel de turistas com celulares erguidos toma conta do lugar.<\/p>\n<p>Ao longo dos meus dez anos morando em Praga, constru\u00ed uma rela\u00e7\u00e3o cheia de paradoxos com esse lugar. Como estudante do <strong>Gymn\u00e1zium de Mal\u00e1 Strana<\/strong>, eu basicamente s\u00f3 atravessava a pra\u00e7a correndo, porque para os moradores era apenas uma pista de obst\u00e1culos no caminho at\u00e9 o metr\u00f4. Em 2018, vi o famoso <strong>Rel\u00f3gio Astron\u00f4mico de Praga<\/strong> se esconder por longos meses atr\u00e1s de andaimes e lonas para passar pela maior restaura\u00e7\u00e3o das \u00faltimas d\u00e9cadas \u2014 e a cidade de repente parecia estranhamente incompleta. E hoje? Hoje manobro pelas mesmas pedras de paralelep\u00edpedo com um carrinho onde est\u00e1 sentado nosso filho de dois anos, Jon\u00e1\u0161, e aprendo a perceber o espa\u00e7o de uma perspectiva totalmente nova, procurando rampas de acessibilidade e bancos \u00e0 sombra.<\/p>\n<p>Apesar da frustra\u00e7\u00e3o ocasional com as multid\u00f5es e a polui\u00e7\u00e3o visual, eu e o Luk\u00e1\u0161 sempre voltamos aqui. Existe uma diferen\u00e7a enorme entre simplesmente atravessar a pra\u00e7a a caminho de um trdeln\u00edk e saber exatamente para onde olhar. Quando voc\u00ea conhece a hist\u00f3ria das vinte e sete cruzes brancas no cal\u00e7amento, sabe em qual passagem se esconde um caf\u00e9 tranquilo, e entende que esperar meia hora na multid\u00e3o por um espet\u00e1culo de quarenta e cinco segundos dos ap\u00f3stolos pode ser um pouco superestimado \u2014 mas, do ponto de vista hist\u00f3rico, absolutamente fascinante.<\/p>\n<p>Ent\u00e3o vamos l\u00e1 \u2014 de forma direta, sem enrola\u00e7\u00e3o e com as dicas que juntei ao longo desses anos.<\/p>\n<figure class=\"wp-block-image size-full\"><img loading=\"lazy\" decoding=\"async\" width=\"2000\" height=\"1333\" src=\"https:\/\/loudavymkrokem.cz\/wp-content\/uploads\/2023\/07\/prazsky-orloj.jpg\" alt=\"Rel\u00f3gio Astron\u00f4mico de Praga\" class=\"wp-image-62990\" title=\"\" srcset=\"https:\/\/loudavymkrokem.cz\/wp-content\/uploads\/2023\/07\/prazsky-orloj.jpg 2000w, https:\/\/loudavymkrokem.cz\/wp-content\/uploads\/2023\/07\/prazsky-orloj-300x200.jpg 300w, https:\/\/loudavymkrokem.cz\/wp-content\/uploads\/2023\/07\/prazsky-orloj-700x467.jpg 700w, https:\/\/loudavymkrokem.cz\/wp-content\/uploads\/2023\/07\/prazsky-orloj-768x512.jpg 768w, https:\/\/loudavymkrokem.cz\/wp-content\/uploads\/2023\/07\/prazsky-orloj-1536x1024.jpg 1536w, https:\/\/loudavymkrokem.cz\/wp-content\/uploads\/2023\/07\/prazsky-orloj-696x464.jpg 696w, https:\/\/loudavymkrokem.cz\/wp-content\/uploads\/2023\/07\/prazsky-orloj-1392x928.jpg 1392w, https:\/\/loudavymkrokem.cz\/wp-content\/uploads\/2023\/07\/prazsky-orloj-1920x1280.jpg 1920w\" sizes=\"auto, (max-width: 2000px) 100vw, 2000px\"><figcaption class=\"wp-element-caption\">Rel\u00f3gio Astron\u00f4mico de Praga<\/figcaption><\/figure>\n<div id=\"ez-toc-container\" class=\"ez-toc-v2_0_82_2 ez-toc-wrap-left counter-hierarchy ez-toc-counter ez-toc-grey ez-toc-container-direction\">\n<div class=\"ez-toc-title-container\">\n<p class=\"ez-toc-title\" style=\"cursor:inherit\">Obsah \u010dl\u00e1nku<\/p>\n<span class=\"ez-toc-title-toggle\"><a href=\"#\" class=\"ez-toc-pull-right ez-toc-btn ez-toc-btn-xs ez-toc-btn-default ez-toc-toggle\" aria-label=\"Alternar tabela de conte\u00fado\"><span class=\"ez-toc-js-icon-con\"><span class=\"\"><span class=\"eztoc-hide\" style=\"display:none;\">Toggle<\/span><span class=\"ez-toc-icon-toggle-span\"><svg style=\"fill: #999;color:#999\" xmlns=\"http:\/\/www.w3.org\/2000\/svg\" class=\"list-377408\" width=\"20px\" height=\"20px\" viewBox=\"0 0 24 24\" fill=\"none\"><path d=\"M6 6H4v2h2V6zm14 0H8v2h12V6zM4 11h2v2H4v-2zm16 0H8v2h12v-2zM4 16h2v2H4v-2zm16 0H8v2h12v-2z\" fill=\"currentColor\"><\/path><\/svg><svg style=\"fill: #999;color:#999\" class=\"arrow-unsorted-368013\" xmlns=\"http:\/\/www.w3.org\/2000\/svg\" width=\"10px\" height=\"10px\" viewBox=\"0 0 24 24\" version=\"1.2\" baseProfile=\"tiny\"><path d=\"M18.2 9.3l-6.2-6.3-6.2 6.3c-.2.2-.3.4-.3.7s.1.5.3.7c.2.2.4.3.7.3h11c.3 0 .5-.1.7-.3.2-.2.3-.5.3-.7s-.1-.5-.3-.7zM5.8 14.7l6.2 6.3 6.2-6.3c.2-.2.3-.5.3-.7s-.1-.5-.3-.7c-.2-.2-.4-.3-.7-.3h-11c-.3 0-.5.1-.7.3-.2.2-.3.5-.3.7s.1.5.3.7z\"\/><\/svg><\/span><\/span><\/span><\/a><\/span><\/div>\n<nav><ul class='ez-toc-list ez-toc-list-level-1 ' ><li class='ez-toc-page-1 ez-toc-heading-level-2'><a class=\"ez-toc-link ez-toc-heading-1\" href=\"https:\/\/loudavymkrokem.cz\/pt-br\/praga-praca-cidade-velha-relogio\/#Resumo\" >Resumo<\/a><\/li><li class='ez-toc-page-1 ez-toc-heading-level-2'><a class=\"ez-toc-link ez-toc-heading-2\" href=\"https:\/\/loudavymkrokem.cz\/pt-br\/praga-praca-cidade-velha-relogio\/#Quando_ir_e_qual_horario_escolher\" >Quando ir e qual hor\u00e1rio escolher<\/a><ul class='ez-toc-list-level-3' ><li class='ez-toc-heading-level-3'><a class=\"ez-toc-link ez-toc-heading-3\" href=\"https:\/\/loudavymkrokem.cz\/pt-br\/praga-praca-cidade-velha-relogio\/#Neblina_matinal_versus_luzes_noturnas\" >Neblina matinal versus luzes noturnas<\/a><\/li><li class='ez-toc-page-1 ez-toc-heading-level-3'><a class=\"ez-toc-link ez-toc-heading-4\" href=\"https:\/\/loudavymkrokem.cz\/pt-br\/praga-praca-cidade-velha-relogio\/#Mercados_de_Natal_e_Pascoa\" >Mercados de Natal e P\u00e1scoa<\/a><\/li><\/ul><\/li><li class='ez-toc-page-1 ez-toc-heading-level-2'><a class=\"ez-toc-link ez-toc-heading-5\" href=\"https:\/\/loudavymkrokem.cz\/pt-br\/praga-praca-cidade-velha-relogio\/#Onde_se_hospedar\" >Onde se hospedar<\/a><ul class='ez-toc-list-level-3' ><li class='ez-toc-heading-level-3'><a class=\"ez-toc-link ez-toc-heading-6\" href=\"https:\/\/loudavymkrokem.cz\/pt-br\/praga-praca-cidade-velha-relogio\/#Nosso_favorito_testado_The_Julius_Hotel\" >Nosso favorito testado: The Julius Hotel<\/a><\/li><\/ul><\/li><li class='ez-toc-page-1 ez-toc-heading-level-2'><a class=\"ez-toc-link ez-toc-heading-7\" href=\"https:\/\/loudavymkrokem.cz\/pt-br\/praga-praca-cidade-velha-relogio\/#Prefeitura_da_Cidade_Velha_e_seus_segredos\" >Prefeitura da Cidade Velha e seus segredos<\/a><ul class='ez-toc-list-level-3' ><li class='ez-toc-heading-level-3'><a class=\"ez-toc-link ez-toc-heading-8\" href=\"https:\/\/loudavymkrokem.cz\/pt-br\/praga-praca-cidade-velha-relogio\/#Relogio_Astronomico_de_Praga\" >Rel\u00f3gio Astron\u00f4mico de Praga<\/a><\/li><li class='ez-toc-page-1 ez-toc-heading-level-3'><a class=\"ez-toc-link ez-toc-heading-9\" href=\"https:\/\/loudavymkrokem.cz\/pt-br\/praga-praca-cidade-velha-relogio\/#Mirante_da_Prefeitura_da_Cidade_Velha\" >Mirante da Prefeitura da Cidade Velha<\/a><\/li><li class='ez-toc-page-1 ez-toc-heading-level-3'><a class=\"ez-toc-link ez-toc-heading-10\" href=\"https:\/\/loudavymkrokem.cz\/pt-br\/praga-praca-cidade-velha-relogio\/#Subterraneos_da_prefeitura_e_saloes_historicos\" >Subterr\u00e2neos da prefeitura e sal\u00f5es hist\u00f3ricos<\/a><\/li><\/ul><\/li><li class='ez-toc-page-1 ez-toc-heading-level-2'><a class=\"ez-toc-link ez-toc-heading-11\" href=\"https:\/\/loudavymkrokem.cz\/pt-br\/praga-praca-cidade-velha-relogio\/#Monumentos_que_definem_a_Praca_da_Cidade_Velha\" >Monumentos que definem a Pra\u00e7a da Cidade Velha<\/a><ul class='ez-toc-list-level-3' ><li class='ez-toc-heading-level-3'><a class=\"ez-toc-link ez-toc-heading-12\" href=\"https:\/\/loudavymkrokem.cz\/pt-br\/praga-praca-cidade-velha-relogio\/#Igreja_de_Tyn_Igreja_de_Nossa_Senhora_diante_de_Tyn\" >Igreja de T\u00fdn (Igreja de Nossa Senhora diante de T\u00fdn)<\/a><\/li><li class='ez-toc-page-1 ez-toc-heading-level-3'><a class=\"ez-toc-link ez-toc-heading-13\" href=\"https:\/\/loudavymkrokem.cz\/pt-br\/praga-praca-cidade-velha-relogio\/#Igreja_de_Sao_Nicolau_%E2%80%94_Cidade_Velha\" >Igreja de S\u00e3o Nicolau \u2014 Cidade Velha<\/a><\/li><li class='ez-toc-page-1 ez-toc-heading-level-3'><a class=\"ez-toc-link ez-toc-heading-14\" href=\"https:\/\/loudavymkrokem.cz\/pt-br\/praga-praca-cidade-velha-relogio\/#Palacio_Kinsky_e_Casa_do_Sino_de_Pedra\" >Pal\u00e1cio Kinsk\u00fd e Casa do Sino de Pedra<\/a><\/li><\/ul><\/li><li class='ez-toc-page-1 ez-toc-heading-level-2'><a class=\"ez-toc-link ez-toc-heading-15\" href=\"https:\/\/loudavymkrokem.cz\/pt-br\/praga-praca-cidade-velha-relogio\/#Detalhes_historicos_e_sombras_do_passado\" >Detalhes hist\u00f3ricos e sombras do passado<\/a><ul class='ez-toc-list-level-3' ><li class='ez-toc-heading-level-3'><a class=\"ez-toc-link ez-toc-heading-16\" href=\"https:\/\/loudavymkrokem.cz\/pt-br\/praga-praca-cidade-velha-relogio\/#27_cruzes_no_calcamento_Execucao_de_1621\" >27 cruzes no cal\u00e7amento (Execu\u00e7\u00e3o de 1621)<\/a><\/li><li class='ez-toc-page-1 ez-toc-heading-level-3'><a class=\"ez-toc-link ez-toc-heading-17\" href=\"https:\/\/loudavymkrokem.cz\/pt-br\/praga-praca-cidade-velha-relogio\/#Monumento_a_Jan_Hus\" >Monumento a Jan Hus<\/a><\/li><li class='ez-toc-page-1 ez-toc-heading-level-3'><a class=\"ez-toc-link ez-toc-heading-18\" href=\"https:\/\/loudavymkrokem.cz\/pt-br\/praga-praca-cidade-velha-relogio\/#Meridiano_de_Praga\" >Meridiano de Praga<\/a><\/li><\/ul><\/li><li class='ez-toc-page-1 ez-toc-heading-level-2'><a class=\"ez-toc-link ez-toc-heading-19\" href=\"https:\/\/loudavymkrokem.cz\/pt-br\/praga-praca-cidade-velha-relogio\/#Como_sobreviver_a_Praca_da_Cidade_Velha_sem_cair_em_armadilhas\" >Como sobreviver \u00e0 Pra\u00e7a da Cidade Velha (sem cair em armadilhas)<\/a><ul class='ez-toc-list-level-3' ><li class='ez-toc-heading-level-3'><a class=\"ez-toc-link ez-toc-heading-20\" href=\"https:\/\/loudavymkrokem.cz\/pt-br\/praga-praca-cidade-velha-relogio\/#Onde_comer_Cafe_e_comida_sem_taxa_turistica\" >Onde comer: Caf\u00e9 e comida sem taxa tur\u00edstica<\/a><\/li><li class='ez-toc-page-1 ez-toc-heading-level-3'><a class=\"ez-toc-link ez-toc-heading-21\" href=\"https:\/\/loudavymkrokem.cz\/pt-br\/praga-praca-cidade-velha-relogio\/#Armadilhas_turisticas_e_taxistas\" >Armadilhas tur\u00edsticas e taxistas<\/a><\/li><\/ul><\/li><li class='ez-toc-page-1 ez-toc-heading-level-2'><a class=\"ez-toc-link ez-toc-heading-22\" href=\"https:\/\/loudavymkrokem.cz\/pt-br\/praga-praca-cidade-velha-relogio\/#Informacoes_praticas\" >Informa\u00e7\u00f5es pr\u00e1ticas<\/a><ul class='ez-toc-list-level-3' ><li class='ez-toc-heading-level-3'><a class=\"ez-toc-link ez-toc-heading-23\" href=\"https:\/\/loudavymkrokem.cz\/pt-br\/praga-praca-cidade-velha-relogio\/#Transporte_e_acessibilidade\" >Transporte e acessibilidade<\/a><\/li><li class='ez-toc-page-1 ez-toc-heading-level-3'><a class=\"ez-toc-link ez-toc-heading-24\" href=\"https:\/\/loudavymkrokem.cz\/pt-br\/praga-praca-cidade-velha-relogio\/#Ingressos_e_servicos_uteis\" >Ingressos e servi\u00e7os \u00fateis<\/a><\/li><\/ul><\/li><li class='ez-toc-page-1 ez-toc-heading-level-2'><a class=\"ez-toc-link ez-toc-heading-25\" href=\"https:\/\/loudavymkrokem.cz\/pt-br\/praga-praca-cidade-velha-relogio\/#Perguntas_frequentes\" >Perguntas frequentes<\/a><ul class='ez-toc-list-level-3' ><li class='ez-toc-heading-level-3'><a class=\"ez-toc-link ez-toc-heading-26\" href=\"https:\/\/loudavymkrokem.cz\/pt-br\/praga-praca-cidade-velha-relogio\/#A_que_horas_toca_o_Relogio_Astronomico_de_Praga\" >A que horas toca o Rel\u00f3gio Astron\u00f4mico de Praga?<\/a><\/li><li class='ez-toc-page-1 ez-toc-heading-level-3'><a class=\"ez-toc-link ez-toc-heading-27\" href=\"https:\/\/loudavymkrokem.cz\/pt-br\/praga-praca-cidade-velha-relogio\/#Quanto_custa_a_entrada_na_torre_da_Prefeitura_da_Cidade_Velha\" >Quanto custa a entrada na torre da Prefeitura da Cidade Velha?<\/a><\/li><li class='ez-toc-page-1 ez-toc-heading-level-3'><a class=\"ez-toc-link ez-toc-heading-28\" href=\"https:\/\/loudavymkrokem.cz\/pt-br\/praga-praca-cidade-velha-relogio\/#Da_para_subir_na_torre_de_elevador\" >D\u00e1 para subir na torre de elevador?<\/a><\/li><li class='ez-toc-page-1 ez-toc-heading-level-3'><a class=\"ez-toc-link ez-toc-heading-29\" href=\"https:\/\/loudavymkrokem.cz\/pt-br\/praga-praca-cidade-velha-relogio\/#Trdelnik_e_um_doce_tradicional_de_Praga\" >Trdeln\u00edk \u00e9 um doce tradicional de Praga?<\/a><\/li><li class='ez-toc-page-1 ez-toc-heading-level-3'><a class=\"ez-toc-link ez-toc-heading-30\" href=\"https:\/\/loudavymkrokem.cz\/pt-br\/praga-praca-cidade-velha-relogio\/#Onde_fica_a_entrada_da_Igreja_de_Tyn\" >Onde fica a entrada da Igreja de T\u00fdn?<\/a><\/li><li class='ez-toc-page-1 ez-toc-heading-level-3'><a class=\"ez-toc-link ez-toc-heading-31\" href=\"https:\/\/loudavymkrokem.cz\/pt-br\/praga-praca-cidade-velha-relogio\/#Quando_acontecem_os_mercados_de_Natal_na_Praca_da_Cidade_Velha\" >Quando acontecem os mercados de Natal na Pra\u00e7a da Cidade Velha?<\/a><\/li><\/ul><\/li><\/ul><\/nav><\/div>\n<h2 class=\"wp-block-heading\"><span class=\"ez-toc-section\" id=\"Resumo\"><\/span><span class=\"ez-toc-section\" id=\"Resumo\"><\/span>Resumo<span class=\"ez-toc-section-end\"><\/span><span class=\"ez-toc-section-end\"><\/span><\/h2>\n<p>Entendo perfeitamente \u2014 \u00e0s vezes voc\u00ea s\u00f3 precisa de um resumo r\u00e1pido. Quando eu e o Luk\u00e1\u0161 est\u00e1vamos planejando um fim de semana em Viena, tamb\u00e9m procurei freneticamente apenas os pontos principais para n\u00e3o perder tempo. Ent\u00e3o, se voc\u00ea j\u00e1 est\u00e1 de malas prontas e quer partir, aqui vai o essencial que precisa saber.<\/p>\n<p>Esses poucos pontos v\u00e3o te salvar do quent\u00e3o mais caro da sua vida e poupar a decep\u00e7\u00e3o de enfrentar multid\u00f5es enormes. Recomendo pelo menos dar uma olhada r\u00e1pida antes de se jogar de cabe\u00e7a nesse turbilh\u00e3o praguense.<\/p>\n<ul class=\"wp-block-list\">\n<li>A pra\u00e7a \u00e9 mais bonita bem cedinho, idealmente antes das <strong>oito da manh\u00e3<\/strong>, quando n\u00e3o h\u00e1 multid\u00f5es de turistas e d\u00e1 para fotografar o espa\u00e7o vazio tranquilamente.<\/li>\n<li>O rel\u00f3gio bate a cada hora cheia das <strong>9h \u00e0s 23h<\/strong>, mas o desfile dos ap\u00f3stolos dura menos de um minuto, ent\u00e3o n\u00e3o planeje meio dia em fun\u00e7\u00e3o dele.<\/li>\n<li>Compre os ingressos para a torre da <strong>Prefeitura da Cidade Velha<\/strong> sempre online com anteced\u00eancia, assim voc\u00ea evita a fila enorme na bilheteria do t\u00e9rreo.<\/li>\n<li>Para a melhor vista, n\u00e3o precisa ir s\u00f3 \u00e0 torre da prefeitura \u2014 uma perspectiva incr\u00edvel tamb\u00e9m \u00e9 oferecida pelas janelas do caf\u00e9 no <strong>Instituto Escoteiro<\/strong>, bem na pra\u00e7a.<\/li>\n<li>A Igreja de T\u00fdn tem a entrada astutamente escondida atr\u00e1s das arcadas dos pr\u00e9dios \u2014 n\u00e3o procure diretamente na \u00e1rea aberta da pra\u00e7a.<\/li>\n<li>No cal\u00e7amento perto da prefeitura, voc\u00ea encontrar\u00e1 27 cruzes brancas que lembram a execu\u00e7\u00e3o de nobres tchecos em <strong>1621<\/strong> \u2014 uma tradi\u00e7\u00e3o local diz que n\u00e3o se deve pisar nelas.<\/li>\n<li>A Igreja de S\u00e3o Nicolau nesta pra\u00e7a \u00e9 um \u00f3timo lugar para concertos noturnos de m\u00fasica cl\u00e1ssica gra\u00e7as \u00e0 sua excelente ac\u00fastica.<\/li>\n<li>Fuja das armadilhas tur\u00edsticas como casas de c\u00e2mbio superfaturadas e taxistas de rua \u2014 para transporte, use aplicativos ou o <strong>transporte p\u00fablico<\/strong>.<\/li>\n<li>O trdeln\u00edk, vendido por toda parte como &#8220;tradicional tcheco antigo&#8221;, \u00e9 na verdade uma inven\u00e7\u00e3o de marketing moderna, n\u00e3o uma receita hist\u00f3rica de Praga. Mesmo assim, eu e o Luk\u00e1\u0161 comemos \u2014 \u00e9 uma del\u00edcia. \ud83d\ude04<\/li>\n<\/ul>\n<figure class=\"wp-block-image size-full\"><img loading=\"lazy\" decoding=\"async\" width=\"2000\" height=\"1333\" src=\"https:\/\/loudavymkrokem.cz\/wp-content\/uploads\/2023\/07\/prazsky-orloj.jpg\" alt=\"Rel\u00f3gio Astron\u00f4mico de Praga visto de perto\" class=\"wp-image-62990\" title=\"\" srcset=\"https:\/\/loudavymkrokem.cz\/wp-content\/uploads\/2023\/07\/prazsky-orloj.jpg 2000w, https:\/\/loudavymkrokem.cz\/wp-content\/uploads\/2023\/07\/prazsky-orloj-300x200.jpg 300w, https:\/\/loudavymkrokem.cz\/wp-content\/uploads\/2023\/07\/prazsky-orloj-700x467.jpg 700w, https:\/\/loudavymkrokem.cz\/wp-content\/uploads\/2023\/07\/prazsky-orloj-768x512.jpg 768w, https:\/\/loudavymkrokem.cz\/wp-content\/uploads\/2023\/07\/prazsky-orloj-1536x1024.jpg 1536w, https:\/\/loudavymkrokem.cz\/wp-content\/uploads\/2023\/07\/prazsky-orloj-696x464.jpg 696w, https:\/\/loudavymkrokem.cz\/wp-content\/uploads\/2023\/07\/prazsky-orloj-1392x928.jpg 1392w, https:\/\/loudavymkrokem.cz\/wp-content\/uploads\/2023\/07\/prazsky-orloj-1920x1280.jpg 1920w\" sizes=\"auto, (max-width: 2000px) 100vw, 2000px\"><figcaption class=\"wp-element-caption\">Rel\u00f3gio Astron\u00f4mico de Praga<\/figcaption><\/figure>\n<h2 class=\"wp-block-heading\"><span class=\"ez-toc-section\" id=\"Quando_ir_e_qual_horario_escolher\"><\/span><span class=\"ez-toc-section\" id=\"Quando_ir_e_qual_horario_escolher\"><\/span>Quando ir e qual hor\u00e1rio escolher<span class=\"ez-toc-section-end\"><\/span><span class=\"ez-toc-section-end\"><\/span><\/h2>\n<p>A escolha do momento certo para visitar o centro hist\u00f3rico determina se voc\u00ea vai levar uma experi\u00eancia incr\u00edvel ou apenas uma sensa\u00e7\u00e3o de claustrofobia. Em 2026, Praga j\u00e1 n\u00e3o conhece uma verdadeira baixa temporada, mas ainda existem janelas de tempo em que a cidade respira mais livremente.<\/p>\n<h3 class=\"wp-block-heading\"><span class=\"ez-toc-section\" id=\"Neblina_matinal_versus_luzes_noturnas\"><\/span><span class=\"ez-toc-section\" id=\"Neblina_matinal_versus_luzes_noturnas\"><\/span>Neblina matinal versus luzes noturnas<span class=\"ez-toc-section-end\"><\/span><span class=\"ez-toc-section-end\"><\/span><\/h3>\n<p>Se voc\u00ea gosta de fotografia, programe o despertador. Por volta das <strong>sete da manh\u00e3<\/strong>, especialmente na primavera ou no outono, a pra\u00e7a est\u00e1 praticamente vazia. A luz bate na Igreja de T\u00fdn e voc\u00ea s\u00f3 ouve o som dos seus pr\u00f3prios passos no cal\u00e7amento. \u00c9 exatamente aquela atmosfera que eu costumava capturar em filme. A visita noturna tem outra din\u00e2mica: as fachadas dos pal\u00e1cios est\u00e3o iluminadas, de dentro das igrejas escapam trechos de m\u00fasica cl\u00e1ssica e o espa\u00e7o ganha vida com arte de rua. Mas prepare-se, pois \u00e0 noite \u00e9 quando se acumula mais gente.<\/p>\n<p>Venha mesmo depois da chuva. O cal\u00e7amento molhado reflete as luzes dos postes e a Igreja de T\u00fdn emana uma energia totalmente m\u00e1gica. S\u00f3 n\u00e3o esque\u00e7a roupas quentes \u2014 do rio costuma vir um vento desagrad\u00e1vel. Quando depois, com o nariz vermelho, voc\u00ea entra no primeiro caf\u00e9 aberto na esquina, aquele ch\u00e1 quente tem um sabor cem vezes melhor. Para um fot\u00f3grafo, esse despertar matinal da cidade \u00e9 simplesmente um presente \u2014 um momento \u00edntimo e silencioso que nenhum passeio ao meio-dia consegue oferecer.<\/p>\n<p><strong>\ud83d\udca1 Dica de moradora:<\/strong> Se quiser evitar o maior aperto da multid\u00e3o em frente ao rel\u00f3gio, chegue cerca de <strong>cinco minutos<\/strong> depois da hora cheia. As pessoas se dispersam imediatamente ap\u00f3s o show dos ap\u00f3stolos e voc\u00ea ter\u00e1 espa\u00e7o para observar o mostrador astron\u00f4mico de perto.<\/p>\n<div class=\"gyg-iframe-container\" style=\"margin-bottom:1.5em\" class=\"wp-block-cgb-block-gyg-wp-plugin\"><iframe style=\"border:0;height:100%;width:100%\" title=\"GetYourGuide activities widget\" src=\"https:\/\/widget.getyourguide.com\/default\/activities.frame?widget=wp_activities&amp;currency=CSK&amp;locale_code=en-GB&amp;number_of_items=3&amp;partner_id=MKZ64IS&amp;q=old%20prague\"><\/iframe><\/div>\n<h3 class=\"wp-block-heading\"><span class=\"ez-toc-section\" id=\"Mercados_de_Natal_e_Pascoa\"><\/span><span class=\"ez-toc-section\" id=\"Mercados_de_Natal_e_Pascoa\"><\/span>Mercados de Natal e P\u00e1scoa<span class=\"ez-toc-section-end\"><\/span><span class=\"ez-toc-section-end\"><\/span><\/h3>\n<p>Os mercados na Pra\u00e7a da Cidade Velha s\u00e3o um fen\u00f4meno que os praguenses amam e odeiam ao mesmo tempo. Os de Natal acontecem do <strong>final de novembro at\u00e9 o in\u00edcio de janeiro<\/strong>, e os de P\u00e1scoa tradicionalmente em <strong>abril<\/strong>. Com o Jon\u00e1\u0161, tentamos absorver a atmosfera durante o Advento no ano passado, mas com o carrinho de beb\u00ea isso exige nervos de a\u00e7o e planejamento estrat\u00e9gico. O espa\u00e7o ao redor das barracas de cer\u00e2mica e quent\u00e3o se transforma em um labirinto impenetr\u00e1vel. Se vier nesta \u00e9poca, venha num dia de semana pela manh\u00e3.<\/p>\n<p>Sinceramente, adoro aquele cheiro de pinheiro misturado com castanhas assadas. Sempre tomo um quent\u00e3o e fico s\u00f3 curtindo a atmosfera. Mas \u00e9 preciso chegar bem antes de escurecer, quando come\u00e7a a loucura de verdade e n\u00e3o d\u00e1 para dar um passo. Quando n\u00e3o aguentamos mais, fugimos pelo menos para a beirada, na dire\u00e7\u00e3o da Rua Pa\u0159\u00ed\u017esk\u00e1. Mesmo com o carrinho, \u00e9 preciso uma dose de zen e bons sapatos para manobrar.<\/p>\n<p><strong>\ud83d\udca1 Dica de moradora:<\/strong> O quent\u00e3o das barracas principais, bem debaixo da \u00e1rvore, costuma ser excessivamente doce e caro demais. Basta ir a qualquer ruela lateral em dire\u00e7\u00e3o ao bairro de Ha\u0161talsk\u00e1 e voc\u00ea consegue uma qualidade muito melhor por menos dinheiro.<\/p>\n<figure class=\"wp-block-image size-full\"><img loading=\"lazy\" decoding=\"async\" width=\"1200\" height=\"800\" src=\"https:\/\/loudavymkrokem.cz\/wp-content\/uploads\/2024\/11\/vanocni-trhy-praha.jpg\" alt=\"\u00c1rvore de Natal na Pra\u00e7a da Cidade Velha\" class=\"wp-image-89164\" title=\"\" srcset=\"https:\/\/loudavymkrokem.cz\/wp-content\/uploads\/2024\/11\/vanocni-trhy-praha.jpg 1200w, https:\/\/loudavymkrokem.cz\/wp-content\/uploads\/2024\/11\/vanocni-trhy-praha-300x200.jpg 300w, https:\/\/loudavymkrokem.cz\/wp-content\/uploads\/2024\/11\/vanocni-trhy-praha-700x467.jpg 700w, https:\/\/loudavymkrokem.cz\/wp-content\/uploads\/2024\/11\/vanocni-trhy-praha-768x512.jpg 768w, https:\/\/loudavymkrokem.cz\/wp-content\/uploads\/2024\/11\/vanocni-trhy-praha-696x464.jpg 696w\" sizes=\"auto, (max-width: 1200px) 100vw, 1200px\"><figcaption class=\"wp-element-caption\">\u00c1rvore de Natal na Pra\u00e7a da Cidade Velha<\/figcaption><\/figure>\n<h2 class=\"wp-block-heading\"><span class=\"ez-toc-section\" id=\"Onde_se_hospedar\"><\/span><span class=\"ez-toc-section\" id=\"Onde_se_hospedar\"><\/span>Onde se hospedar<span class=\"ez-toc-section-end\"><\/span><span class=\"ez-toc-section-end\"><\/span><\/h2>\n<p>A escolha do hotel certo pode salvar suas f\u00e9rias inteiras, especialmente quando voc\u00ea est\u00e1 com crian\u00e7as pequenas. Eu sou bem exigente com conforto quando viajo, mas ao mesmo tempo n\u00e3o quero perder tempo com uma hora de deslocamento at\u00e9 o centro.<\/p>\n<h3 class=\"wp-block-heading\"><span class=\"ez-toc-section\" id=\"Nosso_favorito_testado_The_Julius_Hotel\"><\/span><span class=\"ez-toc-section\" id=\"Nosso_favorito_testado_The_Julius_Hotel\"><\/span>Nosso favorito testado: The Julius Hotel<span class=\"ez-toc-section-end\"><\/span><span class=\"ez-toc-section-end\"><\/span><\/h3>\n<p>Se voc\u00ea quer ter o centro hist\u00f3rico ao alcance, mas ao mesmo tempo prefere um ambiente mais tranquilo com alto padr\u00e3o, recomendo o <strong>The <a class=\"thirstylink\" rel=\"nofollow\" target=\"_blank\" title=\"The Julius Hotel\" href=\"https:\/\/loudavymkrokem.cz\/doporucujeme\/the-julius-hotel\/\" data-shortcode=\"true\">Julius Hotel<\/a><\/strong>, onde eu e o Luk\u00e1\u0161 nos hospedamos recentemente. Fica na <strong>Pra\u00e7a Senov\u00e1\u017en\u00e9<\/strong>, a apenas <strong>dez minutos<\/strong> de caminhada agrad\u00e1vel da Pra\u00e7a da Cidade Velha. Tivemos uma <strong>One Bedroom Suite<\/strong>, incrivelmente espa\u00e7osa \u2014 o que adoramos, considerando a necessidade do Jon\u00e1\u0161 de correr para todo lado. O interior \u00e9 impecavelmente projetado em tons terrosos e o caf\u00e9 da manh\u00e3 inclui op\u00e7\u00f5es vegetarianas generosas, ent\u00e3o fiquei mais do que satisfeita. Voc\u00ea pode conferir pre\u00e7os atuais e disponibilidade e <a href=\"https:\/\/www.booking.com\/hotel\/cz\/julius-meinl-house-prague.html?aid=2397601\" rel=\"nofollow noopener\" target=\"_blank\">reservar pelo Booking.com<\/a>.<\/p>\n<p>\u00c9 um al\u00edvio enorme quando, depois de um dia inteiro correndo entre monumentos, voc\u00ea pode voltar para um quarto silencioso, abrir uma garrafa de vinho e simplesmente desligar. De manh\u00e3, caf\u00e9 na m\u00e3o, voc\u00ea planeja o roteiro do dia sem o estresse de se enfiar na multid\u00e3o logo ao sair do hotel. Esse equil\u00edbrio entre centro e privacidade aqui \u00e9 simplesmente perfeito.<\/p>\n<figure class=\"wp-block-image size-full\"><img loading=\"lazy\" decoding=\"async\" width=\"1200\" height=\"800\" src=\"https:\/\/loudavymkrokem.cz\/wp-content\/uploads\/2026\/04\/prazsky-orloj-4055.jpg\" alt=\"Pra\u00e7a da Cidade Velha\" class=\"wp-image-151087\" title=\"\" srcset=\"https:\/\/loudavymkrokem.cz\/wp-content\/uploads\/2026\/04\/prazsky-orloj-4055.jpg 1200w, https:\/\/loudavymkrokem.cz\/wp-content\/uploads\/2026\/04\/prazsky-orloj-4055-300x200.jpg 300w, https:\/\/loudavymkrokem.cz\/wp-content\/uploads\/2026\/04\/prazsky-orloj-4055-700x467.jpg 700w, https:\/\/loudavymkrokem.cz\/wp-content\/uploads\/2026\/04\/prazsky-orloj-4055-768x512.jpg 768w, https:\/\/loudavymkrokem.cz\/wp-content\/uploads\/2026\/04\/prazsky-orloj-4055-696x464.jpg 696w\" sizes=\"auto, (max-width: 1200px) 100vw, 1200px\"><figcaption class=\"wp-element-caption\">N\u00f3s na Pra\u00e7a da Cidade Velha<\/figcaption><\/figure>\n<h2 class=\"wp-block-heading\"><span class=\"ez-toc-section\" id=\"Prefeitura_da_Cidade_Velha_e_seus_segredos\"><\/span><span class=\"ez-toc-section\" id=\"Prefeitura_da_Cidade_Velha_e_seus_segredos\"><\/span>Prefeitura da Cidade Velha e seus segredos<span class=\"ez-toc-section-end\"><\/span><span class=\"ez-toc-section-end\"><\/span><\/h2>\n<p>N\u00e3o \u00e9 apenas um edif\u00edcio, mas um complexo de casas que foram se fundindo aos poucos, assim como a pr\u00f3pria hist\u00f3ria de Praga \u2014 um pouco ca\u00f3tica, um pouco surpreendente e cada camada mais interessante que a anterior.<\/p>\n<p>Quando estivemos l\u00e1 com o Jon\u00e1\u0161 pela \u00faltima vez, ele ficou fascinado observando como as diferentes fachadas se conectam. Para mim, esse lugar \u00e9 uma demonstra\u00e7\u00e3o fascinante de como Praga se transformou e se adaptou ao longo dos s\u00e9culos sem perder seu charme original.<\/p>\n<h3 class=\"wp-block-heading\"><span class=\"ez-toc-section\" id=\"Relogio_Astronomico_de_Praga\"><\/span><span class=\"ez-toc-section\" id=\"Relogio_Astronomico_de_Praga\"><\/span>Rel\u00f3gio Astron\u00f4mico de Praga<span class=\"ez-toc-section-end\"><\/span><span class=\"ez-toc-section-end\"><\/span><\/h3>\n<p>\u00c9 provavelmente o monumento t\u00e9cnico mais fotografado da Rep\u00fablica Tcheca. O <strong>Rel\u00f3gio Astron\u00f4mico de Praga<\/strong> data de <strong>1410<\/strong> e \u00e9 o terceiro mais antigo do mundo \u2014 sendo o \u00fanico que ainda funciona. Lembro do nosso professor de hist\u00f3ria no ensino m\u00e9dio desmistificando a famosa lenda do mestre Hanu\u0161, que supostamente teria sido cegado pelos vereadores para nunca mais construir algo t\u00e3o belo. Na verdade, o rel\u00f3gio foi criado por Mikul\u00e1\u0161 de Kada\u0148. O mostrador astron\u00f4mico indica a posi\u00e7\u00e3o do sol, da lua e os signos do zod\u00edaco. O disco do calend\u00e1rio com medalh\u00f5es de Josef M\u00e1nes \u00e9 uma c\u00f3pia (o original est\u00e1 no museu), mas os detalhes das cenas campestres s\u00e3o de tirar o f\u00f4lego. O desfile dos doze ap\u00f3stolos acontece a cada hora cheia, das 9h \u00e0s 23h.<\/p>\n<p>Lembro de uma vez que sa\u00ed com as amigas com vinho em copo de pl\u00e1stico, bem na hora que o rel\u00f3gio batia meia-noite. A atmosfera era completamente diferente da de dia. Nada de pau de selfie, apenas alguns casais perdidos e o som silencioso das engrenagens, lembrando que esse mecanismo marca o tempo h\u00e1 centenas de anos. Foi incrivelmente rom\u00e2ntico, e desde ent\u00e3o digo a todo mundo para vir ver o rel\u00f3gio tarde da noite.<\/p>\n<p><strong>\ud83d\udca1 Dica de moradora:<\/strong> N\u00e3o espere um show de laser. \u00c9 um desfile de 45 segundos de pequenas est\u00e1tuas de madeira: se quiser ter uma boa vis\u00e3o sem precisar dar cotoveladas, posicione-se na diagonal \u00e0 esquerda da prefeitura <strong>quinze minutos<\/strong> antes.<\/p>\n<figure class=\"wp-block-image size-full\"><img loading=\"lazy\" decoding=\"async\" width=\"1200\" height=\"800\" src=\"https:\/\/loudavymkrokem.cz\/wp-content\/uploads\/2026\/04\/prazsky-orloj-4046.jpg\" alt=\"Rel\u00f3gio Astron\u00f4mico de Praga\" class=\"wp-image-151083\" title=\"\" srcset=\"https:\/\/loudavymkrokem.cz\/wp-content\/uploads\/2026\/04\/prazsky-orloj-4046.jpg 1200w, https:\/\/loudavymkrokem.cz\/wp-content\/uploads\/2026\/04\/prazsky-orloj-4046-300x200.jpg 300w, https:\/\/loudavymkrokem.cz\/wp-content\/uploads\/2026\/04\/prazsky-orloj-4046-700x467.jpg 700w, https:\/\/loudavymkrokem.cz\/wp-content\/uploads\/2026\/04\/prazsky-orloj-4046-768x512.jpg 768w, https:\/\/loudavymkrokem.cz\/wp-content\/uploads\/2026\/04\/prazsky-orloj-4046-696x464.jpg 696w\" sizes=\"auto, (max-width: 1200px) 100vw, 1200px\"><figcaption class=\"wp-element-caption\">Rel\u00f3gio Astron\u00f4mico<\/figcaption><\/figure>\n<div class=\"lk-zazitky-module\">\n<style>\n.lk-zazitky-module * { box-sizing: border-box; margin: 0; padding: 0; }\n.lk-zazitky-module {\n  font-family: 'DM Sans', Georgia, sans-serif;\n  max-width: 100%;\n  margin: 2.5rem auto;\n  background: linear-gradient(135deg, #fdf6f3 0%, #fbede7 100%);\n  border: 1px solid #f0d9cc;\n  border-radius: 16px;\n  overflow: hidden;\n  box-shadow: 0 16px 48px rgba(217, 119, 87, 0.18), 0 4px 12px rgba(0,0,0,0.06);\n}\n.lk-zazitky-header {\n  position: relative;\n  padding: 24px 32px;\n  background: linear-gradient(135deg, #d97757 0%, #c46b4b 60%, #d97757 100%);\n  display: flex;\n  align-items: center;\n  gap: 18px;\n}\n.lk-zazitky-header::before {\n  content: '';\n  position: absolute;\n  inset: 0;\n  background: url(\"data:image\/svg+xml,%3Csvg width='60' height='60' viewBox='0 0 60 60' xmlns='http:\/\/www.w3.org\/2000\/svg'%3E%3Cg fill='none' fill-rule='evenodd'%3E%3Cg fill='%23ffffff' fill-opacity='0.05'%3E%3Cpath d='M36 34v-4h-2v4h-4v2h4v4h2v-4h4v-2h-4zm0-30V0h-2v4h-4v2h4v4h2V6h4V4h-4zM6 34v-4H4v4H0v2h4v4h2v-4h4v-2H6zM6 4V0H4v4H0v2h4v4h2V6h4V4H6z'\/%3E%3C\/g%3E%3C\/g%3E%3C\/svg%3E\") repeat;\n  pointer-events: none;\n}\n.lk-zazitky-header img {\n  width: 64px; height: 64px; border-radius: 12px; flex-shrink: 0;\n  object-fit: cover; box-shadow: 0 4px 12px rgba(0,0,0,0.18); position: relative; z-index: 1;\n}\n.lk-zazitky-header-text { position: relative; z-index: 1; }\n.lk-zazitky-eyebrow {\n  font-size: 10px; font-weight: 600; letter-spacing: 2.5px; text-transform: uppercase;\n  color: rgba(255,255,255,.92); margin-bottom: 5px;\n}\n.lk-zazitky-title {\n  font-family: 'Playfair Display', Georgia, serif;\n  font-size: 24px; font-weight: 700; color: #fff; line-height: 1.2;\n  text-shadow: 0 1px 2px rgba(0,0,0,0.12);\n}\n.lk-zazitky-subtitle {\n  font-size: 13px; color: rgba(255,255,255,.85); margin-top: 4px; font-weight: 300;\n}\n.lk-zazitky-grid {\n  display: grid;\n  grid-template-columns: 1fr 1fr 1fr;\n  gap: 1px;\n  background: rgba(217, 119, 87, 0.12);\n}\n.lk-zazitek-card {\n  background: #ffffff; padding: 22px; display: flex; flex-direction: column; gap: 11px;\n  transition: all 0.3s ease; text-decoration: none; color: inherit; position: relative;\n}\n.lk-zazitek-card:hover {\n  background: #fffaf7; transform: translateY(-2px);\n  box-shadow: 0 8px 24px rgba(217, 119, 87, 0.15); z-index: 1;\n}\n.lk-zazitek-card.is-category {\n  background: linear-gradient(135deg, #fffaf7 0%, #fff3eb 100%);\n  box-shadow: inset 0 1px 0 rgba(217, 119, 87, 0.1);\n}\n.lk-zazitek-card.is-category:hover {\n  background: linear-gradient(135deg, #fff7f2 0%, #ffeee3 100%);\n}\n.lk-zazitek-badge {\n  display: inline-flex; align-items: center; gap: 5px;\n  font-size: 10px; font-weight: 600; letter-spacing: 1.5px; text-transform: uppercase;\n  padding: 5px 11px; border-radius: 20px; width: fit-content;\n  background: rgba(217, 119, 87, 0.10); color: #c46b4b; border: 1px solid rgba(217, 119, 87, 0.22);\n}\n.lk-zazitek-card.is-category .lk-zazitek-badge {\n  background: linear-gradient(135deg, #d97757 0%, #c46b4b 100%); color: #fff;\n  border-color: #c46b4b; box-shadow: 0 2px 8px rgba(217, 119, 87, 0.28);\n}\n.lk-zazitek-name {\n  font-family: 'Playfair Display', Georgia, serif;\n  font-size: 17px; font-weight: 700; color: #111827; line-height: 1.3;\n}\n.lk-zazitek-desc {\n  font-size: 13px; color: #525252; line-height: 1.6; font-weight: 300; flex: 1;\n}\n.lk-zazitek-meta { display: flex; align-items: center; gap: 12px; flex-wrap: wrap; margin-top: 4px; }\n.lk-zazitek-price { font-size: 13px; color: #6b7280; }\n.lk-zazitek-price strong { color: #c46b4b; font-weight: 600; }\n.lk-zazitek-cta {\n  display: inline-flex; align-items: center; justify-content: center; gap: 7px;\n  margin-top: 8px; padding: 11px 16px; border-radius: 8px;\n  background: linear-gradient(135deg, #d97757 0%, #c46b4b 100%);\n  color: #fff; font-size: 13px; font-weight: 500; text-decoration: none;\n  letter-spacing: .3px; transition: all .2s ease; cursor: pointer; border: none;\n  text-align: center; box-shadow: 0 4px 12px rgba(217, 119, 87, 0.28);\n  white-space: nowrap;\n}\n.lk-zazitek-cta:hover {\n  background: linear-gradient(135deg, #c46b4b 0%, #b35e3f 100%);\n  transform: translateY(-1px); box-shadow: 0 6px 16px rgba(217, 119, 87, 0.38);\n}\n.lk-zazitek-card.is-category .lk-zazitek-cta {\n  background: linear-gradient(135deg, #3685fc 0%, #2a6fd9 100%);\n  box-shadow: 0 4px 12px rgba(54, 133, 252, 0.22);\n}\n.lk-zazitek-card.is-category .lk-zazitek-cta:hover {\n  background: linear-gradient(135deg, #2a6fd9 0%, #1e5bc4 100%);\n  box-shadow: 0 6px 16px rgba(54, 133, 252, 0.32);\n}\n.lk-zazitky-footer {\n  padding: 16px 32px;\n  background: linear-gradient(to bottom, #fdf6f3 0%, #f9eae2 100%);\n  border-top: 1px solid rgba(217, 119, 87, 0.18);\n  display: flex; align-items: center; justify-content: center; flex-wrap: wrap; gap: 12px;\n}\n.lk-zazitky-discount {\n  display: inline-flex; align-items: center; gap: 8px;\n  font-size: 13px; color: #6b3a26; font-weight: 500;\n}\n.lk-zazitky-discount-code {\n  font-family: 'Courier New', monospace; font-weight: 700; color: #c46b4b;\n  background: rgba(217, 119, 87, 0.12); padding: 4px 10px; border-radius: 6px;\n  letter-spacing: 1px; font-size: 13px;\n}\n.lk-zazitky-disclaimer {\n  font-size: 11px; color: #8a6e60; font-weight: 300; line-height: 1.5;\n}\n.lk-zazitky-disclaimer a { color: #c46b4b; text-decoration: none; }\n.lk-zazitky-disclaimer a:hover { text-decoration: underline; }\n@media (max-width: 720px) {\n  .lk-zazitky-grid { grid-template-columns: 1fr; }\n  .lk-zazitky-header { padding: 20px 18px; }\n  .lk-zazitky-footer { padding: 14px 18px; }\n  .lk-zazitek-card { padding: 20px; }\n  .lk-zazitky-title { font-size: 20px; }\n}\n<\/style>\n<div class=\"lk-zazitky-header\">\n    <img decoding=\"async\" src=\"https:\/\/loudavymkrokem.cz\/wp-content\/uploads\/2026\/02\/lukas-a-lucka.jpg\" alt=\"Luk\u00e1\u0161 e Lucie\" title=\"\"><\/p>\n<div class=\"lk-zazitky-header-text\">\n<div class=\"lk-zazitky-eyebrow\">Dica do Luk\u00e1\u0161 e da Lucie<\/div>\n<div class=\"lk-zazitky-title\">Viva Praga de um jeito diferente<\/div>\n<div class=\"lk-zazitky-subtitle\">3 dicas testadas com 5% de desconto do parceiro Firma na z\u00e1\u017eitky<\/div>\n<\/p><\/div>\n<\/p><\/div>\n<div class=\"lk-zazitky-grid\">\n<p>    <a class=\"lk-zazitek-card\" href=\"https:\/\/www.firmanazazitky.cz\/degustacni-menu-na-kampe?utm_source=loudavymkrokem&amp;utm_medium=referral&amp;utm_campaign=staromestske-namesti-a-orloj-co-videt-v-srdci-prahy&amp;utm_content=zazitek-1\" target=\"_blank\" rel=\"nofollow noopener sponsored\"><br \/>\n      <span class=\"lk-zazitek-badge\">\ud83c\udf77 Degusta\u00e7\u00e3o<\/span><\/p>\n<div class=\"lk-zazitek-name\">Menu degusta\u00e7\u00e3o no cora\u00e7\u00e3o de Kampa<\/div>\n<div class=\"lk-zazitek-desc\">A poucos passos da Pra\u00e7a da Cidade Velha, cruzando a Ponte Carlos &#8211; menu degusta\u00e7\u00e3o com a atmosfera do canto mais pitoresco de Praga.<\/div>\n<div class=\"lk-zazitek-meta\">\n        <span class=\"lk-zazitek-price\">a partir de <strong>170 \u20ac<\/strong><\/span>\n      <\/div>\n<p>      <span class=\"lk-zazitek-cta\"><br \/>\n        <svg width=\"14\" height=\"14\" viewBox=\"0 0 24 24\" fill=\"none\" stroke=\"currentColor\" stroke-width=\"2\"><path d=\"M18 13v6a2 2 0 0 1-2 2H5a2 2 0 0 1-2-2V8a2 2 0 0 1 2-2h6\"\/><polyline points=\"15 3 21 3 21 9\"\/><line x1=\"10\" y1=\"14\" x2=\"21\" y2=\"3\"\/><\/svg><br \/>\n        Reservar com desconto<br \/>\n      <\/span><br \/>\n    <\/a><\/p>\n<p>    <a class=\"lk-zazitek-card\" href=\"https:\/\/www.firmanazazitky.cz\/4chodove-degustacni-menu-v-restauraci-zlaty-kohout?utm_source=loudavymkrokem&amp;utm_medium=referral&amp;utm_campaign=staromestske-namesti-a-orloj-co-videt-v-srdci-prahy&amp;utm_content=zazitek-2\" target=\"_blank\" rel=\"nofollow noopener sponsored\"><br \/>\n      <span class=\"lk-zazitek-badge\">\ud83c\udf7d Gastronomia<\/span><\/p>\n<div class=\"lk-zazitek-name\">Menu de 4 pratos no restaurante Zlat\u00fd Kohout<\/div>\n<div class=\"lk-zazitek-desc\">Parada estilosa depois de visitar o rel\u00f3gio &#8211; 4 pratos por um \u00f3timo pre\u00e7o no centro de Praga.<\/div>\n<div class=\"lk-zazitek-meta\">\n        <span class=\"lk-zazitek-price\">a partir de <strong>44 \u20ac<\/strong><\/span>\n      <\/div>\n<p>      <span class=\"lk-zazitek-cta\"><br \/>\n        <svg width=\"14\" height=\"14\" viewBox=\"0 0 24 24\" fill=\"none\" stroke=\"currentColor\" stroke-width=\"2\"><path d=\"M18 13v6a2 2 0 0 1-2 2H5a2 2 0 0 1-2-2V8a2 2 0 0 1 2-2h6\"\/><polyline points=\"15 3 21 3 21 9\"\/><line x1=\"10\" y1=\"14\" x2=\"21\" y2=\"3\"\/><\/svg><br \/>\n        Reservar com desconto<br \/>\n      <\/span><br \/>\n    <\/a><\/p>\n<p>    <a class=\"lk-zazitek-card is-category\" href=\"https:\/\/www.firmanazazitky.cz\/degustacni-menu-praha\/?utm_source=loudavymkrokem&amp;utm_medium=referral&amp;utm_campaign=staromestske-namesti-a-orloj-co-videt-v-srdci-prahy&amp;utm_content=kategorie\" target=\"_blank\" rel=\"nofollow noopener sponsored\"><br \/>\n      <span class=\"lk-zazitek-badge\">\u2b50 Todos<\/span><\/p>\n<div class=\"lk-zazitek-name\">Menus degusta\u00e7\u00e3o em Praga<\/div>\n<div class=\"lk-zazitek-desc\">Menus degusta\u00e7\u00e3o de v\u00e1rios pratos dos chefs de Praga &#8211; de bistr\u00f4s charmosos at\u00e9 a Torre de \u017di\u017ekov.<\/div>\n<p>      <span class=\"lk-zazitek-cta\"><br \/>\n        Explorar experi\u00eancias<br \/>\n        <svg width=\"12\" height=\"12\" viewBox=\"0 0 24 24\" fill=\"none\" stroke=\"currentColor\" stroke-width=\"2.5\"><polyline points=\"9 18 15 12 9 6\"\/><\/svg><br \/>\n      <\/span><br \/>\n    <\/a><\/p><\/div>\n<div class=\"lk-zazitky-footer\">\n    <span class=\"lk-zazitky-discount\"><br \/>\n      \u2b50 5% de desconto com o c\u00f3digo<br \/>\n      <span class=\"lk-zazitky-discount-code\">LOUDAVYMKROKEM5<\/span><br \/>\n    <\/span>\n  <\/div>\n<\/div>\n<h3 class=\"wp-block-heading\"><span class=\"ez-toc-section\" id=\"Mirante_da_Prefeitura_da_Cidade_Velha\"><\/span><span class=\"ez-toc-section\" id=\"Mirante_da_Prefeitura_da_Cidade_Velha\"><\/span>Mirante da Prefeitura da Cidade Velha<span class=\"ez-toc-section-end\"><\/span><span class=\"ez-toc-section-end\"><\/span><\/h3>\n<p>Enquanto o rel\u00f3gio pode ser admirado gratuitamente da rua, a Prefeitura da Cidade Velha oferece uma das melhores vistas de Praga \u2014 e essa \u00e9 paga. A torre g\u00f3tica tem <strong>69,5 metros<\/strong> de altura e, diferentemente de muitas outras torres hist\u00f3ricas da cidade, voc\u00ea chega ao topo confortavelmente por um elevador moderno de vidro \u2014 um al\u00edvio enorme se estiver carregando uma crian\u00e7a no canguru. Do terra\u00e7o, toda a pra\u00e7a fica como na palma da m\u00e3o, d\u00e1 para ver perfeitamente a estrutura dos telhados e, ao fundo, a silhueta do Castelo de Praga. A entrada b\u00e1sica em 2026 custa cerca de <strong>12 \u20ac<\/strong>.<\/p>\n<p>Quando voc\u00ea chega l\u00e1 em cima, percebe como essa cidade velha \u00e9 compacta. Adoro observar dali aquele enorme labirinto de ruelas e telhados vermelhos. \ud83d\ude09<\/p>\n<p><strong>\ud83d\udca1 Dica de moradora:<\/strong> As filas na bilheteria interna s\u00e3o intermin\u00e1veis. Economize tempo e compre os ingressos para a Prefeitura da Cidade Velha pelo <strong><a class=\"thirstylink\" rel=\"nofollow\" target=\"_blank\" title=\"GetYourGuide\" href=\"https:\/\/loudavymkrokem.cz\/doporucujeme\/getyourguide\/\" data-shortcode=\"true\">GetYourGuide<\/a><\/strong>, com eles voc\u00ea vai direto aos elevadores.<\/p>\n<figure class=\"wp-block-image size-full\"><img loading=\"lazy\" decoding=\"async\" width=\"1200\" height=\"800\" src=\"https:\/\/loudavymkrokem.cz\/wp-content\/uploads\/2026\/04\/prazsky-orloj-4044.jpg\" alt=\"Pra\u00e7a da Cidade Velha vista de cima\" class=\"wp-image-151084\" title=\"\" srcset=\"https:\/\/loudavymkrokem.cz\/wp-content\/uploads\/2026\/04\/prazsky-orloj-4044.jpg 1200w, https:\/\/loudavymkrokem.cz\/wp-content\/uploads\/2026\/04\/prazsky-orloj-4044-300x200.jpg 300w, https:\/\/loudavymkrokem.cz\/wp-content\/uploads\/2026\/04\/prazsky-orloj-4044-700x467.jpg 700w, https:\/\/loudavymkrokem.cz\/wp-content\/uploads\/2026\/04\/prazsky-orloj-4044-768x512.jpg 768w, https:\/\/loudavymkrokem.cz\/wp-content\/uploads\/2026\/04\/prazsky-orloj-4044-696x464.jpg 696w\" sizes=\"auto, (max-width: 1200px) 100vw, 1200px\"><figcaption class=\"wp-element-caption\">Pra\u00e7a da Cidade Velha<\/figcaption><\/figure>\n<h3 class=\"wp-block-heading\"><span class=\"ez-toc-section\" id=\"Subterraneos_da_prefeitura_e_saloes_historicos\"><\/span><span class=\"ez-toc-section\" id=\"Subterraneos_da_prefeitura_e_saloes_historicos\"><\/span>Subterr\u00e2neos da prefeitura e sal\u00f5es hist\u00f3ricos<span class=\"ez-toc-section-end\"><\/span><span class=\"ez-toc-section-end\"><\/span><\/h3>\n<p>A maioria das pessoas sobe correndo, tira uma foto e j\u00e1 quer ir embora. Mas repare na seta para baixo \u2014 sob a prefeitura se esconde um emaranhado de por\u00f5es rom\u00e2nicos e g\u00f3ticos mais antigos que o pr\u00f3prio edif\u00edcio acima deles. Antigamente, esses espa\u00e7os serviam como pris\u00e3o. No andar superior, voc\u00ea encontra belos sal\u00f5es hist\u00f3ricos, dos quais o Sal\u00e3o Bro\u017e\u00edk funciona como local popular para casamentos. Esses espa\u00e7os s\u00e3o acess\u00edveis por meio de visitas guiadas, geralmente inclu\u00eddas na entrada b\u00e1sica.<\/p>\n<p>L\u00e1 embaixo faz friozinho, ent\u00e3o mesmo no auge do ver\u00e3o recomendo jogar um casaco nos ombros. O lugar todo cheira a pedra antiga e poeira \u2014 exatamente como eu gosto em lugares hist\u00f3ricos. Vale muito a pena a horinha extra que voc\u00ea dedica \u00e0 visita. Para mim, esse contraste entre os sal\u00f5es reluzentes l\u00e1 em cima e as masmorras escuras l\u00e1 embaixo \u00e9 uma das experi\u00eancias mais marcantes de toda a pra\u00e7a.<\/p>\n<p><strong>\ud83d\udca1 Dica de moradora:<\/strong> As visitas guiadas ao subterr\u00e2neo acontecem em hor\u00e1rios espec\u00edficos. Confira a programa\u00e7\u00e3o logo na entrada para conseguir encaixar bem a visita \u00e0 torre e ao subterr\u00e2neo.<\/p>\n<figure class=\"wp-block-image size-full\"><img loading=\"lazy\" decoding=\"async\" width=\"1200\" height=\"800\" src=\"https:\/\/loudavymkrokem.cz\/wp-content\/uploads\/2026\/04\/prazsky-orloj-4041.jpg\" alt=\"Pra\u00e7a da Cidade Velha de Praga\" class=\"wp-image-151080\" title=\"\" srcset=\"https:\/\/loudavymkrokem.cz\/wp-content\/uploads\/2026\/04\/prazsky-orloj-4041.jpg 1200w, https:\/\/loudavymkrokem.cz\/wp-content\/uploads\/2026\/04\/prazsky-orloj-4041-300x200.jpg 300w, https:\/\/loudavymkrokem.cz\/wp-content\/uploads\/2026\/04\/prazsky-orloj-4041-700x467.jpg 700w, https:\/\/loudavymkrokem.cz\/wp-content\/uploads\/2026\/04\/prazsky-orloj-4041-768x512.jpg 768w, https:\/\/loudavymkrokem.cz\/wp-content\/uploads\/2026\/04\/prazsky-orloj-4041-696x464.jpg 696w\" sizes=\"auto, (max-width: 1200px) 100vw, 1200px\"><figcaption class=\"wp-element-caption\">Pra\u00e7a da Cidade Velha<\/figcaption><\/figure>\n<h2 class=\"wp-block-heading\"><span class=\"ez-toc-section\" id=\"Monumentos_que_definem_a_Praca_da_Cidade_Velha\"><\/span><span class=\"ez-toc-section\" id=\"Monumentos_que_definem_a_Praca_da_Cidade_Velha\"><\/span>Monumentos que definem a Pra\u00e7a da Cidade Velha<span class=\"ez-toc-section-end\"><\/span><span class=\"ez-toc-section-end\"><\/span><\/h2>\n<p>A pra\u00e7a n\u00e3o seria o que \u00e9 sem os dois gigantes que se encaram de lados opostos h\u00e1 s\u00e9culos \u2014 a austeridade g\u00f3tica de T\u00fdn contra a eleg\u00e2ncia barroca branca de S\u00e3o Nicolau. Nenhum dos dois deixa voc\u00ea indiferente.<\/p>\n<p>\u00c9 bem divertido observar como essas duas constru\u00e7\u00f5es competem entre si. Uma escura e majestosa, a outra clara e ornamentada. Sempre me pergunto o que os arquitetos de ambas as igrejas diriam se se encontrassem hoje tomando caf\u00e9 no meio da pra\u00e7a.<\/p>\n<h3 class=\"wp-block-heading\"><span class=\"ez-toc-section\" id=\"Igreja_de_Tyn_Igreja_de_Nossa_Senhora_diante_de_Tyn\"><\/span><span class=\"ez-toc-section\" id=\"Igreja_de_Tyn_Igreja_de_Nossa_Senhora_diante_de_Tyn\"><\/span>Igreja de T\u00fdn (Igreja de Nossa Senhora diante de T\u00fdn)<span class=\"ez-toc-section-end\"><\/span><span class=\"ez-toc-section-end\"><\/span><\/h3>\n<p>Suas torres g\u00f3ticas assim\u00e9tricas, com dezenas de pequenas torrinhas, parecem quase sa\u00eddas de um conto de fadas sombrio. A Igreja de T\u00fdn \u00e9 a dominante que se fotografa de todos os \u00e2ngulos, mas encontrar a entrada \u00e9 um desafio para muitos. A igreja est\u00e1 parcialmente oculta da pra\u00e7a por casas hist\u00f3ricas \u00e0 sua frente. L\u00e1 dentro, al\u00e9m de um lindo altar barroco, voc\u00ea encontra o t\u00famulo do famoso astr\u00f4nomo dinamarqu\u00eas Tycho Brahe. A entrada \u00e9 gratuita, mas recomenda-se deixar uma contribui\u00e7\u00e3o volunt\u00e1ria.<\/p>\n<p>A igreja \u00e9 surpreendentemente espa\u00e7osa por dentro e reina nela uma paz incr\u00edvel \u2014 um contraste total com o caos l\u00e1 fora. Gosto de simplesmente sentar no \u00faltimo banco e ficar pensando por um tempo.<\/p>\n<p><strong>\ud83d\udca1 Dica de moradora:<\/strong> A entrada se esconde nas arcadas da Escola de T\u00fdn, ao lado dos restaurantes. Passe pelo terceiro arco da esquerda e descubra a pesada porta de madeira que leva ao silencioso interior da igreja.<\/p>\n<h3 class=\"wp-block-heading\"><span class=\"ez-toc-section\" id=\"Igreja_de_Sao_Nicolau_%E2%80%94_Cidade_Velha\"><\/span><span class=\"ez-toc-section\" id=\"Igreja_de_Sao_Nicolau_Cidade_Velha\"><\/span>Igreja de S\u00e3o Nicolau \u2014 Cidade Velha<span class=\"ez-toc-section-end\"><\/span><span class=\"ez-toc-section-end\"><\/span><\/h3>\n<p>Quando se fala na Igreja de S\u00e3o Nicolau, a maioria pensa na de Mal\u00e1 Strana (o bairro menor). Mas a Igreja de S\u00e3o Nicolau na Cidade Velha oferece sua pr\u00f3pria resposta barroca imaculadamente branca, obra de Kili\u00e1n Ign\u00e1c Dientzenhofer. O interior \u00e9 impressionante, repleto de estuques e afrescos, e no centro pende um lustre de cristal presenteado por um czar russo. Hoje abriga a Igreja Hussita Tchecoslovaca e s\u00e3o realizados concertos de m\u00fasica cl\u00e1ssica que valem muito a pena, mesmo sem ocasi\u00e3o especial.<\/p>\n<figure class=\"wp-block-image size-full\"><img loading=\"lazy\" decoding=\"async\" width=\"1200\" height=\"800\" src=\"https:\/\/loudavymkrokem.cz\/wp-content\/uploads\/2026\/04\/prazsky-orloj-4048.jpg\" alt=\"Igreja de S\u00e3o Nicolau na Pra\u00e7a da Cidade Velha\" class=\"wp-image-151081\" title=\"\" srcset=\"https:\/\/loudavymkrokem.cz\/wp-content\/uploads\/2026\/04\/prazsky-orloj-4048.jpg 1200w, https:\/\/loudavymkrokem.cz\/wp-content\/uploads\/2026\/04\/prazsky-orloj-4048-300x200.jpg 300w, https:\/\/loudavymkrokem.cz\/wp-content\/uploads\/2026\/04\/prazsky-orloj-4048-700x467.jpg 700w, https:\/\/loudavymkrokem.cz\/wp-content\/uploads\/2026\/04\/prazsky-orloj-4048-768x512.jpg 768w, https:\/\/loudavymkrokem.cz\/wp-content\/uploads\/2026\/04\/prazsky-orloj-4048-696x464.jpg 696w\" sizes=\"auto, (max-width: 1200px) 100vw, 1200px\"><figcaption class=\"wp-element-caption\">Pra\u00e7a da Cidade Velha<\/figcaption><\/figure>\n<h3 class=\"wp-block-heading\"><span class=\"ez-toc-section\" id=\"Palacio_Kinsky_e_Casa_do_Sino_de_Pedra\"><\/span><span class=\"ez-toc-section\" id=\"Palacio_Kinsky_e_Casa_do_Sino_de_Pedra\"><\/span>Pal\u00e1cio Kinsk\u00fd e Casa do Sino de Pedra<span class=\"ez-toc-section-end\"><\/span><span class=\"ez-toc-section-end\"><\/span><\/h3>\n<p>No lado leste da pra\u00e7a ficam dois edif\u00edcios que ilustram perfeitamente a mistura arquitet\u00f4nica de Praga. O rococ\u00f3 <strong>Pal\u00e1cio Kinsk\u00fd<\/strong>, com sua fachada em estuque rosa e branco, hoje abriga exposi\u00e7\u00f5es da <a href=\"https:\/\/www.ngprague.cz\/\" rel=\"nofollow noopener\" target=\"_blank\">Galeria Nacional<\/a>. Logo ao lado est\u00e1 a <strong>Casa do Sino de Pedra<\/strong>, que no s\u00e9culo passado foi cuidadosamente limpa do reboco barroco para revelar sua face g\u00f3tica original e crua. Hoje funciona ali a <a href=\"https:\/\/www.ghmp.cz\/\" rel=\"nofollow noopener\" target=\"_blank\">Galeria da Cidade de Praga<\/a>.<\/p>\n<p>Toda vez que passo pela Casa do Sino de Pedra, lembro dos meus anos de faculdade. Com as amigas do curso, \u00edamos a cada nova exposi\u00e7\u00e3o e depois debat\u00edamos por horas sobre ela com uma ta\u00e7a de vinho branco no caf\u00e9 logo ali na esquina. A programa\u00e7\u00e3o deles \u00e9 realmente excelente e consegue empolgar at\u00e9 quem normalmente n\u00e3o frequenta galerias.<\/p>\n<p><strong>\ud83d\udca1 Dica de moradora:<\/strong> As exposi\u00e7\u00f5es na Casa do Sino de Pedra costumam ser das mais bem curadas de Praga, frequentemente focadas em fotografia moderna ou arte contempor\u00e2nea \u2014 como ex-estudante de fotojornalismo, recomendo de cora\u00e7\u00e3o.<\/p>\n<h2 class=\"wp-block-heading\"><span class=\"ez-toc-section\" id=\"Detalhes_historicos_e_sombras_do_passado\"><\/span><span class=\"ez-toc-section\" id=\"Detalhes_historicos_e_sombras_do_passado\"><\/span>Detalhes hist\u00f3ricos e sombras do passado<span class=\"ez-toc-section-end\"><\/span><span class=\"ez-toc-section-end\"><\/span><\/h2>\n<p>Todo mundo olha para cima, para as torres. Mas o mais interessante \u2014 e, sinceramente, o mais arrepiante \u2014 est\u00e1 o tempo todo literalmente debaixo dos seus p\u00e9s.<\/p>\n<p>Praga sabe disfar\u00e7ar muito bem seus segredos. Milhares de pessoas passam dan\u00e7ando por aqui todos os dias com a c\u00e2mera, sem perceber que vest\u00edgios do passado se escondem bem ali nas pedras do cal\u00e7amento. E s\u00e3o exatamente esses detalhes que, na minha opini\u00e3o, transformam um simples passeio em uma experi\u00eancia inesquec\u00edvel.<\/p>\n<h3 class=\"wp-block-heading\"><span class=\"ez-toc-section\" id=\"27_cruzes_no_calcamento_Execucao_de_1621\"><\/span><span class=\"ez-toc-section\" id=\"27_cruzes_no_calcamento_Execucao_de_1621\"><\/span>27 cruzes no cal\u00e7amento (Execu\u00e7\u00e3o de 1621)<span class=\"ez-toc-section-end\"><\/span><span class=\"ez-toc-section-end\"><\/span><\/h3>\n<p>Bem em frente \u00e0 ala leste da Prefeitura da Cidade Velha, voc\u00ea ver\u00e1 no cal\u00e7amento de granito <strong>27 cruzes brancas<\/strong>. Trata-se de um memorial do tr\u00e1gico evento de 21 de junho de 1621, quando, ap\u00f3s a Batalha da Montanha Branca, vinte e sete l\u00edderes da revolta protestante foram executados ali \u2014 incluindo o c\u00e9lebre m\u00e9dico Jan Jesenius. A atmosfera do lugar \u00e9 arrepiante, mesmo com as multid\u00f5es de turistas, quando voc\u00ea se d\u00e1 conta do que aconteceu ali h\u00e1 s\u00e9culos.<\/p>\n<p>\u00c9 uma sensa\u00e7\u00e3o muito estranha ficar de p\u00e9 no lugar sobre o qual voc\u00ea aprendeu na escola, nas aulas de hist\u00f3ria. Na \u00e9poca eram apenas datas secas, mas quando voc\u00ea est\u00e1 ali e v\u00ea as cruzes com seus pr\u00f3prios olhos, tudo ganha uma dimens\u00e3o completamente diferente. \u00c0s vezes, eu e o Luk\u00e1\u0161 vemos turistas tirando fotos sorridentes ali e nos perguntamos se fazem ideia do que est\u00e3o pisando. Para mim, \u00e9 um pequeno teste di\u00e1rio de aten\u00e7\u00e3o e empatia. Sempre me lembro das palavras da minha av\u00f3 sobre a import\u00e2ncia de conhecer as pr\u00f3prias ra\u00edzes \u2014 mesmo quando s\u00e3o bem sangrentas.<\/p>\n<p><strong>\ud83d\udca1 Dica de moradora:<\/strong> Entre os praguenses de nascen\u00e7a existe uma regra n\u00e3o escrita de n\u00e3o pisar nas cruzes, em respeito aos executados. A maioria dos turistas passa por cima sem pensar, mas voc\u00ea pode tentar contorn\u00e1-las respeitosamente.<\/p>\n<figure class=\"wp-block-image size-full\"><img loading=\"lazy\" decoding=\"async\" width=\"1200\" height=\"800\" src=\"https:\/\/loudavymkrokem.cz\/wp-content\/uploads\/2026\/04\/prazsky-orloj-4056.jpg\" alt=\"Cruzes brancas no cal\u00e7amento da Pra\u00e7a da Cidade Velha\" class=\"wp-image-151089\" title=\"\" srcset=\"https:\/\/loudavymkrokem.cz\/wp-content\/uploads\/2026\/04\/prazsky-orloj-4056.jpg 1200w, https:\/\/loudavymkrokem.cz\/wp-content\/uploads\/2026\/04\/prazsky-orloj-4056-300x200.jpg 300w, https:\/\/loudavymkrokem.cz\/wp-content\/uploads\/2026\/04\/prazsky-orloj-4056-700x467.jpg 700w, https:\/\/loudavymkrokem.cz\/wp-content\/uploads\/2026\/04\/prazsky-orloj-4056-768x512.jpg 768w, https:\/\/loudavymkrokem.cz\/wp-content\/uploads\/2026\/04\/prazsky-orloj-4056-696x464.jpg 696w\" sizes=\"auto, (max-width: 1200px) 100vw, 1200px\"><figcaption class=\"wp-element-caption\">Pra\u00e7a da Cidade Velha<\/figcaption><\/figure>\n<h3 class=\"wp-block-heading\"><span class=\"ez-toc-section\" id=\"Monumento_a_Jan_Hus\"><\/span><span class=\"ez-toc-section\" id=\"Monumento_a_Jan_Hus\"><\/span>Monumento a Jan Hus<span class=\"ez-toc-section-end\"><\/span><span class=\"ez-toc-section-end\"><\/span><\/h3>\n<p>O imponente grupo escult\u00f3rico em bronze, dominado pela figura do reformador Jan Hus \u2014 queimado na fogueira por suas ideias religiosas \u2014 ocupa a parte norte da pra\u00e7a. O monumento, do escultor Ladislav \u0160aloun, foi inaugurado em <strong>1915<\/strong> e se tornou um dos principais pontos de refer\u00eancia. Na g\u00edria praguense, encontros s\u00e3o marcados &#8220;no Hus&#8221; \u2014 assim como na Pra\u00e7a Venceslau as pessoas se encontram &#8220;debaixo do rabo&#8221; (referindo-se \u00e0 est\u00e1tua equestre de S\u00e3o Venceslau).<\/p>\n<p>A escultura \u00e9 realmente monumental e confesso que sempre me impressiono de novo com o tamanho dela. Quando preciso encontrar algu\u00e9m no centro, o ponto de encontro &#8220;no Hus&#8221; \u00e9 certeiro. Voc\u00ea nunca se desencontra e, de l\u00e1, tem uma vista perfeita de todos os lados da pra\u00e7a \u2014 d\u00e1 para conferir tranquilamente se sua cara-metade j\u00e1 chegou.<\/p>\n<p><strong>\ud83d\udca1 Dica de moradora:<\/strong> A larga borda de pedra do monumento \u00e9 um dos poucos lugares na pra\u00e7a onde d\u00e1 para sentar de gra\u00e7a, sem precisar pagar um caf\u00e9 nas mesas dos restaurantes.<\/p>\n<h3 class=\"wp-block-heading\"><span class=\"ez-toc-section\" id=\"Meridiano_de_Praga\"><\/span><span class=\"ez-toc-section\" id=\"Meridiano_de_Praga\"><\/span>Meridiano de Praga<span class=\"ez-toc-section-end\"><\/span><span class=\"ez-toc-section-end\"><\/span><\/h3>\n<p>Se voc\u00ea caminhar do monumento de Hus em dire\u00e7\u00e3o \u00e0 Prefeitura da Cidade Velha, vai encontrar uma discreta faixa de lat\u00e3o cravada no cal\u00e7amento. \u00c9 o <strong>Meridiano de Praga<\/strong> (<strong>14\u00b025&#8217;17&#8221;<\/strong> de longitude leste). No passado, os praguenses usavam essa marca para determinar a hora exata. Quando a sombra da Coluna Mariana ca\u00eda precisamente sobre essa linha, era meio-dia.<\/p>\n<p>Algo me diz que, se os executivos apressados de hoje com seus iPhones tivessem que acertar o rel\u00f3gio pela sombra da Coluna Mariana, todo mundo chegaria atrasado para tudo \ud83d\ude01. De qualquer forma, \u00e9 uma lembran\u00e7a ador\u00e1vel de uma \u00e9poca em que o mundo ainda n\u00e3o corria nesse ritmo fren\u00e9tico de hoje. Adoro reencontrar esse detalhezinho toda vez que venho aqui.<\/p>\n<p><strong>\ud83d\udca1 Dica de moradora:<\/strong> A inscri\u00e7\u00e3o no meridiano est\u00e1 em latim e ingl\u00eas, mas frequentemente fica escondida sob os p\u00e9s de grupos de pessoas paradas. Voc\u00ea vai encontr\u00e1-lo mais ou menos na metade do caminho entre o rel\u00f3gio e o monumento de Jan Hus.<\/p>\n<h2 class=\"wp-block-heading\"><span class=\"ez-toc-section\" id=\"Como_sobreviver_a_Praca_da_Cidade_Velha_sem_cair_em_armadilhas\"><\/span><span class=\"ez-toc-section\" id=\"Como_sobreviver_a_Praca_da_Cidade_Velha_sem_cair_em_armadilhas\"><\/span>Como sobreviver \u00e0 Pra\u00e7a da Cidade Velha (sem cair em armadilhas)<span class=\"ez-toc-section-end\"><\/span><span class=\"ez-toc-section-end\"><\/span><\/h2>\n<p>O centro hist\u00f3rico \u00e9, infelizmente, um \u00edm\u00e3 para ciladas que se aproveitam da desinforma\u00e7\u00e3o dos visitantes. Morei em Praga tempo suficiente para saber quais lugares evitar a todo custo e onde encontrar ref\u00fagio.<\/p>\n<p>N\u00e3o quero parecer uma moradora ranzinza, mas \u00e0s vezes d\u00f3i o cora\u00e7\u00e3o quando vejo alguns visitantes caindo em golpes. Por isso montei esses pontos de resgate. Eles v\u00e3o te ajudar a curtir o lugar sem sair com a sensa\u00e7\u00e3o de que algu\u00e9m acabou de te tirar o sal\u00e1rio inteiro.<\/p>\n<h3 class=\"wp-block-heading\"><span class=\"ez-toc-section\" id=\"Onde_comer_Cafe_e_comida_sem_taxa_turistica\"><\/span><span class=\"ez-toc-section\" id=\"Onde_comer_Cafe_e_comida_sem_taxa_turistica\"><\/span>Onde comer: Caf\u00e9 e comida sem taxa tur\u00edstica<span class=\"ez-toc-section-end\"><\/span><span class=\"ez-toc-section-end\"><\/span><\/h3>\n<p>Os restaurantes ao redor da pra\u00e7a t\u00eam uma coisa em comum: voc\u00ea paga pela vista, n\u00e3o pela experi\u00eancia gastron\u00f4mica. Um caf\u00e9 aqui custa facilmente o dobro do que a poucas ruas de dist\u00e2ncia. Se precisar urgentemente de cafe\u00edna sem sair da pra\u00e7a, v\u00e1 ao <a href=\"https:\/\/www.skautskyinstitut.cz\/\" rel=\"nofollow noopener\" target=\"_blank\">Instituto Escoteiro<\/a>. Fica no primeiro andar de uma das casas hist\u00f3ricas bem ao lado do rel\u00f3gio. Servem um caf\u00e9 excelente a pre\u00e7os normais e das janelas a vista para o movimento l\u00e1 embaixo \u00e9 fant\u00e1stica. Como vegetariana, tamb\u00e9m nunca deixo de visitar o restaurante <strong>Maitrea<\/strong>, na ruazinha T\u00fdnsk\u00e1 ali perto, que oferece um menu vegetariano de primeira em um interior lindo com decora\u00e7\u00e3o feng shui.<\/p>\n<p>Sabe como \u00e9, com crian\u00e7a pequena voc\u00ea precisa parar de vez em quando, dar comida e descansar um pouco. E pagar um absurdo por isso n\u00e3o \u00e9 exatamente o meu plano. O Instituto Escoteiro \u00e9 um verdadeiro tesouro para essas paradas, escondido bem diante dos olhos de todo mundo. O caf\u00e9 de l\u00e1 tem um aroma honesto e aquela paz na varanda simplesmente n\u00e3o tem pre\u00e7o. D\u00e1 para recarregar as energias antes de mergulhar de volta nas ondas intermin\u00e1veis de gente.<\/p>\n<p><strong>\ud83d\udca1 Dica de moradora:<\/strong> A entrada do Instituto Escoteiro \u00e9 uma passagem discreta bem ao lado da loja de cristais. Atravesse o p\u00e1tio e suba pela escada em caracol at\u00e9 o primeiro andar, onde se abre uma rede de salinhas aconchegantes.<\/p>\n<figure class=\"wp-block-image size-full\"><img loading=\"lazy\" decoding=\"async\" width=\"1200\" height=\"800\" src=\"https:\/\/loudavymkrokem.cz\/wp-content\/uploads\/2026\/04\/prazsky-orloj-4041.jpg\" alt=\"Pra\u00e7a da Cidade Velha\" class=\"wp-image-151080\" title=\"\" srcset=\"https:\/\/loudavymkrokem.cz\/wp-content\/uploads\/2026\/04\/prazsky-orloj-4041.jpg 1200w, https:\/\/loudavymkrokem.cz\/wp-content\/uploads\/2026\/04\/prazsky-orloj-4041-300x200.jpg 300w, https:\/\/loudavymkrokem.cz\/wp-content\/uploads\/2026\/04\/prazsky-orloj-4041-700x467.jpg 700w, https:\/\/loudavymkrokem.cz\/wp-content\/uploads\/2026\/04\/prazsky-orloj-4041-768x512.jpg 768w, https:\/\/loudavymkrokem.cz\/wp-content\/uploads\/2026\/04\/prazsky-orloj-4041-696x464.jpg 696w\" sizes=\"auto, (max-width: 1200px) 100vw, 1200px\"><figcaption class=\"wp-element-caption\">Pra\u00e7a da Cidade Velha<\/figcaption><\/figure>\n<h3 class=\"wp-block-heading\"><span class=\"ez-toc-section\" id=\"Armadilhas_turisticas_e_taxistas\"><\/span><span class=\"ez-toc-section\" id=\"Armadilhas_turisticas_e_taxistas\"><\/span>Armadilhas tur\u00edsticas e taxistas<span class=\"ez-toc-section-end\"><\/span><span class=\"ez-toc-section-end\"><\/span><\/h3>\n<p>O golpe cl\u00e1ssico s\u00e3o as casas de c\u00e2mbio com aquela placa enorme de &#8220;0% commission&#8221;, que oferecem um c\u00e2mbio t\u00e3o desfavor\u00e1vel que voc\u00ea perde um ter\u00e7o do dinheiro. Saque sempre em caixas eletr\u00f4nicos de bancos normais, nunca naquelas m\u00e1quinas Euronet espalhadas pela rua. Para brasileiros, a coroa tcheca (CZK) \u00e9 a moeda local \u2014 o euro n\u00e3o \u00e9 aceito oficialmente, ent\u00e3o evite trocar na rua. E agora sobre o trdeln\u00edk: aquele cheiro de canela vai te seduzir, mas saiba que n\u00e3o tem nada a ver com a hist\u00f3ria de Praga. \u00c9 um fen\u00f4meno moderno de fast food.<\/p>\n<p>Os taxistas de Praga que ficam de plant\u00e3o perto da esta\u00e7\u00e3o e da pra\u00e7a t\u00eam uma reputa\u00e7\u00e3o que se passa literalmente de gera\u00e7\u00e3o em gera\u00e7\u00e3o \u2014 e n\u00e3o no bom sentido. O Luk\u00e1\u0161, de brincadeira, chama eles de &#8220;piratas do asfalto com tabela em euro&#8221;. S\u00e9rio, economize nervos e dinheiro e confie nas suas pernas ou nos aplicativos. N\u00e3o tem nada pior do que estragar um dia lindo com uma briga por uma corrida superfaturada.<\/p>\n<p><strong>\ud83d\udca1 Dica de moradora:<\/strong> Nunca pegue um t\u00e1xi estacionado perto da pra\u00e7a (geralmente na Rua Pa\u0159\u00ed\u017esk\u00e1). Se precisar de transporte, sempre chame um <strong>Uber<\/strong> ou <strong>Bolt<\/strong> pelo aplicativo, onde o pre\u00e7o aparece antecipadamente.<\/p>\n<h2 class=\"wp-block-heading\"><span class=\"ez-toc-section\" id=\"Informacoes_praticas\"><\/span><span class=\"ez-toc-section\" id=\"Informacoes_praticas\"><\/span>Informa\u00e7\u00f5es pr\u00e1ticas<span class=\"ez-toc-section-end\"><\/span><span class=\"ez-toc-section-end\"><\/span><\/h2>\n<p>Agora vem a parte mais chata, por\u00e9m muito mais importante do que parece. Pode parecer bobagem, mas quando voc\u00ea estiver correndo desesperado ao redor da prefeitura de bexiga cheia sem saber para onde ir, vai perceber rapidinho que essas dicas pr\u00e1ticas valem ouro.<\/p>\n<h3 class=\"wp-block-heading\"><span class=\"ez-toc-section\" id=\"Transporte_e_acessibilidade\"><\/span><span class=\"ez-toc-section\" id=\"Transporte_e_acessibilidade\"><\/span>Transporte e acessibilidade<span class=\"ez-toc-section-end\"><\/span><span class=\"ez-toc-section-end\"><\/span><\/h3>\n<p>Metr\u00f4: esta\u00e7\u00e3o Starom\u011bstsk\u00e1 na linha verde A, tr\u00eas minutos a p\u00e9. De bonde? Mesma parada junto ao rio (linhas 2, 17, 18) ou N\u00e1m\u011bst\u00ed Republiky, se voc\u00ea vier do outro lado. No geral, o transporte p\u00fablico em Praga \u00e9 bem confi\u00e1vel e muitas vezes leva voc\u00ea ao destino muito mais r\u00e1pido do que ficar engarrafado de carro pelas ruas estreitas. Para quem vem do Brasil, o mais pr\u00e1tico \u00e9 voar at\u00e9 Praga (com conex\u00e3o em alguma capital europeia como Frankfurt, Amsterd\u00e3 ou Lisboa) e do aeroporto pegar o \u00f4nibus 119 at\u00e9 a esta\u00e7\u00e3o de metr\u00f4 N\u00e1dra\u017e\u00ed Veleslav\u00edn, de onde a linha A leva direto ao centro.<\/p>\n<p>Quanto \u00e0 acessibilidade, toda a superf\u00edcie da pra\u00e7a \u00e9 cal\u00e7ada com paralelep\u00edpedos. \u00c0s vezes voc\u00ea esbarra em v\u00e3os bem grandes entre as pedras, o que com carrinho de beb\u00ea balan\u00e7a bastante.<\/p>\n<h3 class=\"wp-block-heading\"><span class=\"ez-toc-section\" id=\"Ingressos_e_servicos_uteis\"><\/span><span class=\"ez-toc-section\" id=\"Ingressos_e_servicos_uteis\"><\/span>Ingressos e servi\u00e7os \u00fateis<span class=\"ez-toc-section-end\"><\/span><span class=\"ez-toc-section-end\"><\/span><\/h3>\n<p>A boa not\u00edcia \u00e9 que a entrada na pra\u00e7a e na maioria das igrejas locais \u00e9 totalmente gratuita. Paga-se basicamente apenas pela subida \u00e0 torre da prefeitura, que em 2026 custa cerca de 12 \u20ac, e eventualmente pelas visitas guiadas ao subterr\u00e2neo. Mesmo assim, vale cada centavo, porque as vistas de l\u00e1 simplesmente n\u00e3o t\u00eam concorr\u00eancia.<\/p>\n<p>Banheiros p\u00fablicos ficam no t\u00e9rreo da Prefeitura da Cidade Velha, onde se paga tranquilamente com cart\u00e3o ou moedas. Outra op\u00e7\u00e3o \u00e9 usar as instala\u00e7\u00f5es do Instituto Escoteiro mencionado acima \u2014 desde que, \u00e9 claro, voc\u00ea pe\u00e7a pelo menos um caf\u00e9 ou uma limonada.<\/p>\n<h2 class=\"wp-block-heading\"><span class=\"ez-toc-section\" id=\"Perguntas_frequentes\"><\/span><span class=\"ez-toc-section\" id=\"Perguntas_frequentes\"><\/span>Perguntas frequentes<span class=\"ez-toc-section-end\"><\/span><span class=\"ez-toc-section-end\"><\/span><\/h2>\n<div id=\"rank-math-faq\" class=\"rank-math-block\">\n<div class=\"rank-math-list \">\n<div id=\"faq-question-1777046652166\" class=\"rank-math-list-item\">\n<h3 class=\"rank-math-question \"><span class=\"ez-toc-section\" id=\"A_que_horas_toca_o_Relogio_Astronomico_de_Praga\"><\/span><span class=\"ez-toc-section\" id=\"A_que_horas_toca_o_relogio_astronomico_de_Praga\"><\/span><strong>A que horas toca o Rel\u00f3gio Astron\u00f4mico de Praga?<\/strong><span class=\"ez-toc-section-end\"><\/span><span class=\"ez-toc-section-end\"><\/span><\/h3>\n<div class=\"rank-math-answer \">\n<p>Os ap\u00f3stolos do rel\u00f3gio aparecem a cada hora cheia, das 9h da manh\u00e3 \u00e0s 23h da noite. O espet\u00e1culo dura cerca de 45 segundos e termina com o canto do galo dourado.<\/p>\n<\/div>\n<\/div>\n<div id=\"faq-question-1777046658386\" class=\"rank-math-list-item\">\n<h3 class=\"rank-math-question \"><span class=\"ez-toc-section\" id=\"Quanto_custa_a_entrada_na_torre_da_Prefeitura_da_Cidade_Velha\"><\/span><span class=\"ez-toc-section\" id=\"Quanto_custa_a_entrada_na_torre_da_Prefeitura\"><\/span><strong>Quanto custa a entrada na torre da Prefeitura da Cidade Velha?<\/strong><span class=\"ez-toc-section-end\"><\/span><span class=\"ez-toc-section-end\"><\/span><\/h3>\n<div class=\"rank-math-answer \">\n<p>A entrada b\u00e1sica para adulto em 2026 custa cerca de 12 \u20ac (aproximadamente 300 CZK). Recomendo comprar os ingressos online com anteced\u00eancia para evitar filas.<\/p>\n<\/div>\n<\/div>\n<div id=\"faq-question-1777046666600\" class=\"rank-math-list-item\">\n<h3 class=\"rank-math-question \"><span class=\"ez-toc-section\" id=\"Da_para_subir_na_torre_de_elevador\"><\/span><span class=\"ez-toc-section\" id=\"Da_para_subir_na_torre_de_elevador\"><\/span><strong>D\u00e1 para subir na torre de elevador?<\/strong><span class=\"ez-toc-section-end\"><\/span><span class=\"ez-toc-section-end\"><\/span><\/h3>\n<div class=\"rank-math-answer \">\n<p>Sim, dentro da torre hist\u00f3rica h\u00e1 um elevador moderno de vidro que leva at\u00e9 o mirante. \u00c9 uma solu\u00e7\u00e3o totalmente acess\u00edvel, adequada para cadeirantes e fam\u00edlias com carrinho de beb\u00ea.<\/p>\n<\/div>\n<\/div>\n<div id=\"faq-question-1777046678121\" class=\"rank-math-list-item\">\n<h3 class=\"rank-math-question \"><span class=\"ez-toc-section\" id=\"Trdelnik_e_um_doce_tradicional_de_Praga\"><\/span><span class=\"ez-toc-section\" id=\"Trdelnik_e_um_doce_tradicional_de_Praga\"><\/span><strong>Trdeln\u00edk \u00e9 um doce tradicional de Praga?<\/strong><span class=\"ez-toc-section-end\"><\/span><span class=\"ez-toc-section-end\"><\/span><\/h3>\n<div class=\"rank-math-answer \">\n<p>N\u00e3o, o trdeln\u00edk n\u00e3o \u00e9 uma especialidade hist\u00f3rica de Praga. Trata-se de um doce origin\u00e1rio da Transilv\u00e2nia que se espalhou massivamente pelas ruas de Praga apenas nas \u00faltimas duas d\u00e9cadas como atra\u00e7\u00e3o tur\u00edstica.<\/p>\n<\/div>\n<\/div>\n<div id=\"faq-question-1777046689156\" class=\"rank-math-list-item\">\n<h3 class=\"rank-math-question \"><span class=\"ez-toc-section\" id=\"Onde_fica_a_entrada_da_Igreja_de_Tyn\"><\/span><span class=\"ez-toc-section\" id=\"Onde_fica_a_entrada_da_Igreja_de_Tyn\"><\/span><strong>Onde fica a entrada da Igreja de T\u00fdn?<\/strong><span class=\"ez-toc-section-end\"><\/span><span class=\"ez-toc-section-end\"><\/span><\/h3>\n<div class=\"rank-math-answer \">\n<p>A entrada n\u00e3o fica diretamente na pra\u00e7a. \u00c9 preciso passar pelas arcadas da Escola de T\u00fdn (terceiro arco da esquerda, olhando para a igreja) para encontrar a porta de entrada.<\/p>\n<\/div>\n<\/div>\n<div id=\"faq-question-1777046746803\" class=\"rank-math-list-item\">\n<h3 class=\"rank-math-question \"><span class=\"ez-toc-section\" id=\"Quando_acontecem_os_mercados_de_Natal_na_Praca_da_Cidade_Velha\"><\/span><span class=\"ez-toc-section\" id=\"Quando_acontecem_os_mercados_de_Natal_na_Praca_da_Cidade_Velha\"><\/span><strong>Quando acontecem os mercados de Natal na Pra\u00e7a da Cidade Velha?<\/strong><span class=\"ez-toc-section-end\"><\/span><span class=\"ez-toc-section-end\"><\/span><\/h3>\n<div class=\"rank-math-answer \">\n<p>Os mercados de Natal geralmente come\u00e7am no primeiro fim de semana do Advento (final de novembro) e v\u00e3o at\u00e9 6 de janeiro (Dia de Reis). Em 2026, acontecem nesse per\u00edodo padr\u00e3o.<\/p>\n<\/div>\n<\/div>\n<\/div>\n<\/div>\n","protected":false},"excerpt":{"rendered":"<p>Guia completo da Pra\u00e7a da Cidade Velha de Praga por uma moradora local. Quando ir, como aproveitar o Rel\u00f3gio Astron\u00f4mico sem multid\u00f5es, onde encontrar um caf\u00e9 tranquilo e o que evitar.<\/p>\n","protected":false},"author":3,"featured_media":151087,"comment_status":"open","ping_status":"open","sticky":false,"template":"","format":"standard","meta":{"footnotes":"","rank_math_title":"","rank_math_description":"","rank_math_focus_keyword":"","rank_math_seo_score":""},"categories":[1121,1157],"tags":[],"class_list":{"0":"post-151260","1":"post","2":"type-post","3":"status-publish","4":"format-standard","5":"has-post-thumbnail","7":"category-europa","8":"category-republica-tcheca"},"featured_image_src":"https:\/\/loudavymkrokem.cz\/wp-content\/uploads\/2026\/04\/prazsky-orloj-4055.jpg","author_info":{"display_name":"Lucie Kone\u010dn\u00e1","author_link":"https:\/\/loudavymkrokem.cz\/pt-br\/author\/lucie-konecna\/"},"_links":{"self":[{"href":"https:\/\/loudavymkrokem.cz\/pt-br\/wp-json\/wp\/v2\/posts\/151260","targetHints":{"allow":["GET"]}}],"collection":[{"href":"https:\/\/loudavymkrokem.cz\/pt-br\/wp-json\/wp\/v2\/posts"}],"about":[{"href":"https:\/\/loudavymkrokem.cz\/pt-br\/wp-json\/wp\/v2\/types\/post"}],"author":[{"embeddable":true,"href":"https:\/\/loudavymkrokem.cz\/pt-br\/wp-json\/wp\/v2\/users\/3"}],"replies":[{"embeddable":true,"href":"https:\/\/loudavymkrokem.cz\/pt-br\/wp-json\/wp\/v2\/comments?post=151260"}],"version-history":[{"count":1,"href":"https:\/\/loudavymkrokem.cz\/pt-br\/wp-json\/wp\/v2\/posts\/151260\/revisions"}],"predecessor-version":[{"id":151705,"href":"https:\/\/loudavymkrokem.cz\/pt-br\/wp-json\/wp\/v2\/posts\/151260\/revisions\/151705"}],"wp:featuredmedia":[{"embeddable":true,"href":"https:\/\/loudavymkrokem.cz\/pt-br\/wp-json\/wp\/v2\/media\/151087"}],"wp:attachment":[{"href":"https:\/\/loudavymkrokem.cz\/pt-br\/wp-json\/wp\/v2\/media?parent=151260"}],"wp:term":[{"taxonomy":"category","embeddable":true,"href":"https:\/\/loudavymkrokem.cz\/pt-br\/wp-json\/wp\/v2\/categories?post=151260"},{"taxonomy":"post_tag","embeddable":true,"href":"https:\/\/loudavymkrokem.cz\/pt-br\/wp-json\/wp\/v2\/tags?post=151260"}],"curies":[{"name":"wp","href":"https:\/\/api.w.org\/{rel}","templated":true}]}}