{"id":151259,"date":"2026-04-24T18:21:09","date_gmt":"2026-04-24T16:21:09","guid":{"rendered":"https:\/\/loudavymkrokem.cz\/?p=151259"},"modified":"2026-04-30T11:08:06","modified_gmt":"2026-04-30T09:08:06","slug":"ponte-carlos-praga-tchequia","status":"publish","type":"post","link":"https:\/\/loudavymkrokem.cz\/pt-br\/ponte-carlos-praga-tchequia\/","title":{"rendered":"Ponte Carlos em Praga: Guia Completo de Uma Local (Hist\u00f3ria, Est\u00e1tuas, Melhor Hor\u00e1rio)"},"content":{"rendered":"<p>Quando eu corria de manh\u00e3 para chegar a tempo na minha escola no bairro de Mal\u00e1 Strana, \u00e0s vezes fazia quest\u00e3o de dar uma volta a mais e estender meu caminho pela Ponte Carlos em Praga, na Tch\u00e9quia (na verdade, eu simplesmente pegava o bonde errado). <strong>\u00c0s sete e meia da manh\u00e3, especialmente num novembro \u00famido e gelado, reinava ali um sil\u00eancio estranho, interrompido apenas pelos grasnados das gaivotas e pelo som dos meus pr\u00f3prios passos na cal\u00e7ada molhada.<\/strong><\/p>\n<p>A neblina do rio Vltava envolvia as cerca de trinta est\u00e1tuas barrocas e eu tinha a sensa\u00e7\u00e3o de que aquela liga\u00e7\u00e3o g\u00f3tica entre a Cidade Velha e Mal\u00e1 Strana pertencia s\u00f3 a mim naquele momento. Alguns anos depois, eu ia sentar na ponte \u00e0s 3 da manh\u00e3. Pensar. V\u00e1rias vezes a pol\u00edcia me mandou embora, ent\u00e3o melhor n\u00e3o fazer isso.<\/p>\n<p>Com o Luk\u00e1\u0161, depois do nosso primeiro encontro no Castelo de Praga, descemos as escadarias do Castelo e terminamos justamente aqui, <strong>aos p\u00e9s das torres de Mal\u00e1 Strana.<\/strong> Hoje voltamos como pais e eu descubro com horror como aquela cal\u00e7ada de pedra treme quando voc\u00ea tenta manobrar um carrinho de beb\u00ea com o Jon\u00e1\u0161 de dois anos. <strong>O lugar em si n\u00e3o mudou desde os meus tempos de estudante, mas minha percep\u00e7\u00e3o sim. J\u00e1 n\u00e3o tento me espremer no meio da multid\u00e3o ao meio-dia \u2014 prefiro acordar cedo ou vir tarde da noite, quando a cidade finalmente respira.<\/strong><\/p>\n<p>Muitas vezes estrangeiros me perguntam se vale a pena ir at\u00e9 o monumento mais famoso de Praga, j\u00e1 que est\u00e1 sempre lotado. Minha resposta \u00e9 clara: sim, mas voc\u00ea precisa saber como. N\u00e3o se trata apenas de atravessar de uma margem \u00e0 outra. \u00c9 sobre prestar aten\u00e7\u00e3o nos detalhes, conhecer um pouco do contexto e escolher o momento certo, quando uma atra\u00e7\u00e3o superlotada se transforma novamente num lugar m\u00edstico com uma hist\u00f3ria profunda.<\/p>\n<p>Venha de manh\u00e3, venha \u00e0 noite, venha na chuva \u2014 s\u00f3 leia antes o que tenho para contar, para que tudo fa\u00e7a sentido.<\/p>\n<figure class=\"wp-block-image size-full\"><img loading=\"lazy\" decoding=\"async\" width=\"1200\" height=\"800\" src=\"https:\/\/loudavymkrokem.cz\/wp-content\/uploads\/2025\/03\/recenze-domus-balthasar-praha-s-batoletem-3.jpg\" alt=\"A Ponte Carlos fica a um minuto de dist\u00e2ncia\" class=\"wp-image-94712\" title=\"\" srcset=\"https:\/\/loudavymkrokem.cz\/wp-content\/uploads\/2025\/03\/recenze-domus-balthasar-praha-s-batoletem-3.jpg 1200w, https:\/\/loudavymkrokem.cz\/wp-content\/uploads\/2025\/03\/recenze-domus-balthasar-praha-s-batoletem-3-300x200.jpg 300w, https:\/\/loudavymkrokem.cz\/wp-content\/uploads\/2025\/03\/recenze-domus-balthasar-praha-s-batoletem-3-700x467.jpg 700w, https:\/\/loudavymkrokem.cz\/wp-content\/uploads\/2025\/03\/recenze-domus-balthasar-praha-s-batoletem-3-768x512.jpg 768w, https:\/\/loudavymkrokem.cz\/wp-content\/uploads\/2025\/03\/recenze-domus-balthasar-praha-s-batoletem-3-696x464.jpg 696w\" sizes=\"auto, (max-width: 1200px) 100vw, 1200px\"><figcaption class=\"wp-element-caption\">Praga<\/figcaption><\/figure>\n<div id=\"ez-toc-container\" class=\"ez-toc-v2_0_82_2 ez-toc-wrap-left counter-hierarchy ez-toc-counter ez-toc-grey ez-toc-container-direction\">\n<div class=\"ez-toc-title-container\">\n<p class=\"ez-toc-title\" style=\"cursor:inherit\">Obsah \u010dl\u00e1nku<\/p>\n<span class=\"ez-toc-title-toggle\"><a href=\"#\" class=\"ez-toc-pull-right ez-toc-btn ez-toc-btn-xs ez-toc-btn-default ez-toc-toggle\" aria-label=\"Alternar tabela de conte\u00fado\"><span class=\"ez-toc-js-icon-con\"><span class=\"\"><span class=\"eztoc-hide\" style=\"display:none;\">Toggle<\/span><span class=\"ez-toc-icon-toggle-span\"><svg style=\"fill: #999;color:#999\" xmlns=\"http:\/\/www.w3.org\/2000\/svg\" class=\"list-377408\" width=\"20px\" height=\"20px\" viewBox=\"0 0 24 24\" fill=\"none\"><path d=\"M6 6H4v2h2V6zm14 0H8v2h12V6zM4 11h2v2H4v-2zm16 0H8v2h12v-2zM4 16h2v2H4v-2zm16 0H8v2h12v-2z\" fill=\"currentColor\"><\/path><\/svg><svg style=\"fill: #999;color:#999\" class=\"arrow-unsorted-368013\" xmlns=\"http:\/\/www.w3.org\/2000\/svg\" width=\"10px\" height=\"10px\" viewBox=\"0 0 24 24\" version=\"1.2\" baseProfile=\"tiny\"><path d=\"M18.2 9.3l-6.2-6.3-6.2 6.3c-.2.2-.3.4-.3.7s.1.5.3.7c.2.2.4.3.7.3h11c.3 0 .5-.1.7-.3.2-.2.3-.5.3-.7s-.1-.5-.3-.7zM5.8 14.7l6.2 6.3 6.2-6.3c.2-.2.3-.5.3-.7s-.1-.5-.3-.7c-.2-.2-.4-.3-.7-.3h-11c-.3 0-.5.1-.7.3-.2.2-.3.5-.3.7s.1.5.3.7z\"\/><\/svg><\/span><\/span><\/span><\/a><\/span><\/div>\n<nav><ul class='ez-toc-list ez-toc-list-level-1 ' ><li class='ez-toc-page-1 ez-toc-heading-level-2'><a class=\"ez-toc-link ez-toc-heading-1\" href=\"https:\/\/loudavymkrokem.cz\/pt-br\/ponte-carlos-praga-tchequia\/#Resumo\" >Resumo<\/a><\/li><li class='ez-toc-page-1 ez-toc-heading-level-2'><a class=\"ez-toc-link ez-toc-heading-2\" href=\"https:\/\/loudavymkrokem.cz\/pt-br\/ponte-carlos-praga-tchequia\/#Quando_visitar_a_Ponte_Carlos\" >Quando visitar a Ponte Carlos<\/a><ul class='ez-toc-list-level-3' ><li class='ez-toc-heading-level-3'><a class=\"ez-toc-link ez-toc-heading-3\" href=\"https:\/\/loudavymkrokem.cz\/pt-br\/ponte-carlos-praga-tchequia\/#A_magia_do_amanhecer\" >A magia do amanhecer<\/a><\/li><li class='ez-toc-page-1 ez-toc-heading-level-3'><a class=\"ez-toc-link ez-toc-heading-4\" href=\"https:\/\/loudavymkrokem.cz\/pt-br\/ponte-carlos-praga-tchequia\/#Agitacao_da_tarde_e_tranquilidade_noturna\" >Agita\u00e7\u00e3o da tarde e tranquilidade noturna<\/a><\/li><\/ul><\/li><li class='ez-toc-page-1 ez-toc-heading-level-2'><a class=\"ez-toc-link ez-toc-heading-5\" href=\"https:\/\/loudavymkrokem.cz\/pt-br\/ponte-carlos-praga-tchequia\/#Onde_se_hospedar\" >Onde se hospedar<\/a><\/li><li class='ez-toc-page-1 ez-toc-heading-level-2'><a class=\"ez-toc-link ez-toc-heading-6\" href=\"https:\/\/loudavymkrokem.cz\/pt-br\/ponte-carlos-praga-tchequia\/#Historia_e_arquitetura_da_Ponte_Carlos\" >Hist\u00f3ria e arquitetura da Ponte Carlos<\/a><ul class='ez-toc-list-level-3' ><li class='ez-toc-heading-level-3'><a class=\"ez-toc-link ez-toc-heading-7\" href=\"https:\/\/loudavymkrokem.cz\/pt-br\/ponte-carlos-praga-tchequia\/#A_data_magica_da_fundacao_e_Petr_Parler\" >A data m\u00e1gica da funda\u00e7\u00e3o e Petr Parl\u00e9\u0159<\/a><\/li><li class='ez-toc-page-1 ez-toc-heading-level-3'><a class=\"ez-toc-link ez-toc-heading-8\" href=\"https:\/\/loudavymkrokem.cz\/pt-br\/ponte-carlos-praga-tchequia\/#O_mito_dos_ovos_e_a_dura_realidade_das_enchentes\" >O mito dos ovos e a dura realidade das enchentes<\/a><\/li><li class='ez-toc-page-1 ez-toc-heading-level-3'><a class=\"ez-toc-link ez-toc-heading-9\" href=\"https:\/\/loudavymkrokem.cz\/pt-br\/ponte-carlos-praga-tchequia\/#Bradac_O_sistema_de_alerta_de_Praga\" >Brad\u00e1\u010d: O sistema de alerta de Praga<\/a><\/li><\/ul><\/li><li class='ez-toc-page-1 ez-toc-heading-level-2'><a class=\"ez-toc-link ez-toc-heading-10\" href=\"https:\/\/loudavymkrokem.cz\/pt-br\/ponte-carlos-praga-tchequia\/#Estatuas_da_Ponte_Carlos_Galeria_a_ceu_aberto\" >Est\u00e1tuas da Ponte Carlos: Galeria a c\u00e9u aberto<\/a><ul class='ez-toc-list-level-3' ><li class='ez-toc-heading-level-3'><a class=\"ez-toc-link ez-toc-heading-11\" href=\"https:\/\/loudavymkrokem.cz\/pt-br\/ponte-carlos-praga-tchequia\/#Sao_Joao_Nepomuceno_e_o_ritual_da_sorte\" >S\u00e3o Jo\u00e3o Nepomuceno e o ritual da sorte<\/a><\/li><li class='ez-toc-page-1 ez-toc-heading-level-3'><a class=\"ez-toc-link ez-toc-heading-12\" href=\"https:\/\/loudavymkrokem.cz\/pt-br\/ponte-carlos-praga-tchequia\/#O_Sonho_de_Santa_Luitgarda\" >O Sonho de Santa Luitgarda<\/a><\/li><li class='ez-toc-page-1 ez-toc-heading-level-3'><a class=\"ez-toc-link ez-toc-heading-13\" href=\"https:\/\/loudavymkrokem.cz\/pt-br\/ponte-carlos-praga-tchequia\/#Grupo_escultorio_de_Sao_Vicente_Ferrer_e_Procopio\" >Grupo escult\u00f3rio de S\u00e3o Vicente Ferrer e Proc\u00f3pio<\/a><\/li><\/ul><\/li><li class='ez-toc-page-1 ez-toc-heading-level-2'><a class=\"ez-toc-link ez-toc-heading-14\" href=\"https:\/\/loudavymkrokem.cz\/pt-br\/ponte-carlos-praga-tchequia\/#Torres_da_Ponte_Carlos_Vistas_do_alto\" >Torres da Ponte Carlos: Vistas do alto<\/a><ul class='ez-toc-list-level-3' ><li class='ez-toc-heading-level-3'><a class=\"ez-toc-link ez-toc-heading-15\" href=\"https:\/\/loudavymkrokem.cz\/pt-br\/ponte-carlos-praga-tchequia\/#Torre_da_Cidade_Velha\" >Torre da Cidade Velha<\/a><\/li><li class='ez-toc-page-1 ez-toc-heading-level-3'><a class=\"ez-toc-link ez-toc-heading-16\" href=\"https:\/\/loudavymkrokem.cz\/pt-br\/ponte-carlos-praga-tchequia\/#Torres_de_Mala_Strana\" >Torres de Mal\u00e1 Strana<\/a><\/li><\/ul><\/li><li class='ez-toc-page-1 ez-toc-heading-level-2'><a class=\"ez-toc-link ez-toc-heading-17\" href=\"https:\/\/loudavymkrokem.cz\/pt-br\/ponte-carlos-praga-tchequia\/#Informacoes_praticas\" >Informa\u00e7\u00f5es pr\u00e1ticas<\/a><ul class='ez-toc-list-level-3' ><li class='ez-toc-heading-level-3'><a class=\"ez-toc-link ez-toc-heading-18\" href=\"https:\/\/loudavymkrokem.cz\/pt-br\/ponte-carlos-praga-tchequia\/#Transporte_e_como_chegar_a_ponte\" >Transporte e como chegar \u00e0 ponte<\/a><\/li><li class='ez-toc-page-1 ez-toc-heading-level-3'><a class=\"ez-toc-link ez-toc-heading-19\" href=\"https:\/\/loudavymkrokem.cz\/pt-br\/ponte-carlos-praga-tchequia\/#Visitas_guiadas_e_passeios_de_barco_pelo_Vltava\" >Visitas guiadas e passeios de barco pelo Vltava<\/a><\/li><li class='ez-toc-page-1 ez-toc-heading-level-3'><a class=\"ez-toc-link ez-toc-heading-20\" href=\"https:\/\/loudavymkrokem.cz\/pt-br\/ponte-carlos-praga-tchequia\/#Onde_comer_e_tomar_cafe_sem_cair_em_armadilha\" >Onde comer e tomar caf\u00e9 (sem cair em armadilha)<\/a><\/li><\/ul><\/li><li class='ez-toc-page-1 ez-toc-heading-level-2'><a class=\"ez-toc-link ez-toc-heading-21\" href=\"https:\/\/loudavymkrokem.cz\/pt-br\/ponte-carlos-praga-tchequia\/#Perguntas_frequentes\" >Perguntas frequentes<\/a><ul class='ez-toc-list-level-3' ><li class='ez-toc-heading-level-3'><a class=\"ez-toc-link ez-toc-heading-22\" href=\"https:\/\/loudavymkrokem.cz\/pt-br\/ponte-carlos-praga-tchequia\/#A_entrada_na_Ponte_Carlos_e_paga\" >A entrada na Ponte Carlos \u00e9 paga?<\/a><\/li><li class='ez-toc-page-1 ez-toc-heading-level-3'><a class=\"ez-toc-link ez-toc-heading-23\" href=\"https:\/\/loudavymkrokem.cz\/pt-br\/ponte-carlos-praga-tchequia\/#Quando_tem_menos_gente\" >Quando tem menos gente?<\/a><\/li><li class='ez-toc-page-1 ez-toc-heading-level-3'><a class=\"ez-toc-link ez-toc-heading-24\" href=\"https:\/\/loudavymkrokem.cz\/pt-br\/ponte-carlos-praga-tchequia\/#Pode_atravessar_de_bicicleta_ou_patinete\" >Pode atravessar de bicicleta ou patinete?<\/a><\/li><li class='ez-toc-page-1 ez-toc-heading-level-3'><a class=\"ez-toc-link ez-toc-heading-25\" href=\"https:\/\/loudavymkrokem.cz\/pt-br\/ponte-carlos-praga-tchequia\/#As_estatuas_sao_originais\" >As est\u00e1tuas s\u00e3o originais?<\/a><\/li><li class='ez-toc-page-1 ez-toc-heading-level-3'><a class=\"ez-toc-link ez-toc-heading-26\" href=\"https:\/\/loudavymkrokem.cz\/pt-br\/ponte-carlos-praga-tchequia\/#Quanto_tempo_leva_para_atravessar_de_uma_margem_a_outra\" >Quanto tempo leva para atravessar de uma margem \u00e0 outra?<\/a><\/li><li class='ez-toc-page-1 ez-toc-heading-level-3'><a class=\"ez-toc-link ez-toc-heading-27\" href=\"https:\/\/loudavymkrokem.cz\/pt-br\/ponte-carlos-praga-tchequia\/#O_percurso_e_acessivel\" >O percurso \u00e9 acess\u00edvel?<\/a><\/li><\/ul><\/li><\/ul><\/nav><\/div>\n<h2 class=\"wp-block-heading\"><span class=\"ez-toc-section\" id=\"Resumo\"><\/span><span class=\"ez-toc-section\" id=\"Resumo\"><\/span>Resumo<span class=\"ez-toc-section-end\"><\/span><span class=\"ez-toc-section-end\"><\/span><\/h2>\n<ul class=\"wp-block-list\">\n<li>O melhor hor\u00e1rio para visitar \u00e9 ao amanhecer ou tarde da noite (depois das <strong>23h<\/strong>), assim voc\u00ea evita as multid\u00f5es brutais de grupos organizados.<\/li>\n<li>A pedra fundamental foi colocada em <strong>1357<\/strong>, precisamente no dia <strong>9 de julho \u00e0s 5h31<\/strong> da manh\u00e3, por causa da sequ\u00eancia num\u00e9rica m\u00e1gica 1-3-5-7-9-7-5-3-1.<\/li>\n<li>A maioria das 30 est\u00e1tuas na ponte s\u00e3o hoje c\u00f3pias em arenito \u2014 os originais est\u00e3o protegidos no <a href=\"https:\/\/www.nm.cz\/\" target=\"_blank\" rel=\"nofollow noopener\">Lapid\u00e1rio do Museu Nacional<\/a> e em Vy\u0161ehrad.<\/li>\n<li>A est\u00e1tua de S\u00e3o Jo\u00e3o Nepomuceno \u00e9 aquela onde voc\u00ea encontra os relevos de bronze polidos. Tocar neles supostamente traz sorte e garante o retorno a Praga.<\/li>\n<li>Tanto a Torre da Cidade Velha quanto a Torre de Mal\u00e1 Strana oferecem algumas das melhores vistas do centro hist\u00f3rico. A entrada b\u00e1sica custa cerca de <strong>8 \u20ac<\/strong>.<\/li>\n<li><strong>Brad\u00e1\u010d<\/strong> \u00e9 um discreto relevo de pedra com uma cabe\u00e7a masculina junto \u00e0 Torre da Cidade Velha, que durante s\u00e9culos serviu como medidor de n\u00edvel da \u00e1gua para alertar sobre enchentes.<\/li>\n<li>Para fam\u00edlias com carrinho de beb\u00ea, a travessia de uma margem \u00e0 outra \u00e9 sem barreiras, mas para descer diretamente \u00e0 ilha Kampa \u00e9 preciso enfrentar uma escadaria \u00edngreme.<\/li>\n<li>A ponte \u00e9 exclusivamente para pedestres. As paradas de transporte p\u00fablico mais pr\u00f3ximas s\u00e3o <strong>Starom\u011bstsk\u00e1<\/strong> na margem direita e <strong>Malostransk\u00e9 n\u00e1m\u011bst\u00ed<\/strong> na margem esquerda.<\/li>\n<\/ul>\n<h2 class=\"wp-block-heading\"><span class=\"ez-toc-section\" id=\"Quando_visitar_a_Ponte_Carlos\"><\/span><span class=\"ez-toc-section\" id=\"Quando_visitar_a_Ponte_Carlos\"><\/span>Quando visitar a Ponte Carlos<span class=\"ez-toc-section-end\"><\/span><span class=\"ez-toc-section-end\"><\/span><\/h2>\n<p>A escolha do hor\u00e1rio certo \u00e9 absolutamente crucial neste monumento. Se voc\u00ea aparecer \u00e0s tr\u00eas da tarde em pleno agosto, provavelmente vai levar para casa s\u00f3 frustra\u00e7\u00e3o, caneladas e fotos cheias de costas alheias. As mudan\u00e7as de luz e a densidade de pessoas transformam a ponte em v\u00e1rios lugares completamente diferentes ao longo de vinte e quatro horas. Morei em Praga por dez anos, ent\u00e3o posso dizer com toda tranquilidade: o momento que voc\u00ea escolhe faz metade da experi\u00eancia.<\/p>\n<h3 class=\"wp-block-heading\"><span class=\"ez-toc-section\" id=\"A_magia_do_amanhecer\"><\/span><span class=\"ez-toc-section\" id=\"A_magia_do_amanhecer\"><\/span>A magia do amanhecer<span class=\"ez-toc-section-end\"><\/span><span class=\"ez-toc-section-end\"><\/span><\/h3>\n<p>Quem acorda cedo ganha Praga de bandeja. Quando eu estava na universidade aprendendo a fotografar com luz matinal, descobri que a janela entre <strong>cinco e sete horas da manh\u00e3<\/strong> \u00e9 sagrada aqui. Voc\u00ea encontra apenas alguns corredores, fot\u00f3grafos solit\u00e1rios e garis. O sol se levanta pregui\u00e7osamente atr\u00e1s das torres da Cidade Velha e do Vltava frequentemente sobe uma neblina suave que d\u00e1 \u00e0s est\u00e1tuas uma dimens\u00e3o dram\u00e1tica, quase fantasmag\u00f3rica. A luz \u00e9 macia, a cal\u00e7ada brilha e voc\u00ea tem espa\u00e7o para parar diante de cada grupo escult\u00f3rico sem que ningu\u00e9m esbarre em voc\u00ea. \u00c9 o momento em que a cidade revela sua face crua e serena \u2014 aquela que voc\u00ea n\u00e3o encontra nos guias tur\u00edsticos.<\/p>\n<p>Acordar cedo significa chegar idealmente 30 minutos antes do nascer do sol oficial (no ver\u00e3o por volta das quatro e meia, no inverno basta chegar depois das sete). O jeito mais f\u00e1cil de chegar \u00e9 pelos bondes noturnos ou pelas primeiras linhas de metr\u00f4 da manh\u00e3, quando o vag\u00e3o est\u00e1 praticamente vazio.<\/p>\n<p><strong>\ud83d\udca1 Dica de local:<\/strong> Se voc\u00ea pretende fotografar, leve um trip\u00e9. De manh\u00e3 cedo, diferente do hor\u00e1rio comercial, \u00e9 poss\u00edvel us\u00e1-lo sem que uma multid\u00e3o irritada tropece nele.<\/p>\n<figure class=\"wp-block-image size-full\"><img loading=\"lazy\" decoding=\"async\" width=\"2528\" height=\"1696\" src=\"https:\/\/loudavymkrokem.cz\/wp-content\/uploads\/2026\/03\/prazsky-hrad-karluv-most.jpg\" alt=\"Ponte Carlos ao amanhecer com neblina\" class=\"wp-image-139608\" title=\"\" srcset=\"https:\/\/loudavymkrokem.cz\/wp-content\/uploads\/2026\/03\/prazsky-hrad-karluv-most.jpg 2528w, https:\/\/loudavymkrokem.cz\/wp-content\/uploads\/2026\/03\/prazsky-hrad-karluv-most-300x201.jpg 300w, https:\/\/loudavymkrokem.cz\/wp-content\/uploads\/2026\/03\/prazsky-hrad-karluv-most-700x470.jpg 700w, https:\/\/loudavymkrokem.cz\/wp-content\/uploads\/2026\/03\/prazsky-hrad-karluv-most-768x515.jpg 768w, https:\/\/loudavymkrokem.cz\/wp-content\/uploads\/2026\/03\/prazsky-hrad-karluv-most-1536x1030.jpg 1536w, https:\/\/loudavymkrokem.cz\/wp-content\/uploads\/2026\/03\/prazsky-hrad-karluv-most-2048x1374.jpg 2048w, https:\/\/loudavymkrokem.cz\/wp-content\/uploads\/2026\/03\/prazsky-hrad-karluv-most-696x467.jpg 696w, https:\/\/loudavymkrokem.cz\/wp-content\/uploads\/2026\/03\/prazsky-hrad-karluv-most-1392x934.jpg 1392w, https:\/\/loudavymkrokem.cz\/wp-content\/uploads\/2026\/03\/prazsky-hrad-karluv-most-1920x1288.jpg 1920w\" sizes=\"auto, (max-width: 2528px) 100vw, 2528px\"><figcaption class=\"wp-element-caption\">Praga<\/figcaption><\/figure>\n<h3 class=\"wp-block-heading\"><span class=\"ez-toc-section\" id=\"Agitacao_da_tarde_e_tranquilidade_noturna\"><\/span><span class=\"ez-toc-section\" id=\"Agitacao_da_tarde_e_tranquilidade_noturna\"><\/span>Agita\u00e7\u00e3o da tarde e tranquilidade noturna<span class=\"ez-toc-section-end\"><\/span><span class=\"ez-toc-section-end\"><\/span><\/h3>\n<p><strong>Entre as dez da manh\u00e3 e as nove da noite, a ponte \u00e9 um passeio pulsante.<\/strong> Cruzam-se caricaturistas, m\u00fasicos de rua e dezenas de grupos organizados seguindo guias com guarda-chuvas levantados. <strong>Passear com carrinho de beb\u00ea nesse hor\u00e1rio exige cotovelos afiados e nervos de a\u00e7o \u2014 por isso, com o Jon\u00e1\u0161, evitamos esse hor\u00e1rio a todo custo.<\/strong> O final da tarde, por\u00e9m, traz uma luz dourada quente que se apoia nas fachadas de Hrad\u010dany e transforma a vista do rio numa imagem perfeita. <strong>A verdadeira calma s\u00f3 chega depois das 22h, quando as multid\u00f5es se dispersam pelos bares e a luz amarela das lumin\u00e1rias a g\u00e1s projeta sombras assombrosas nos rostos barrocos dos santos de arenito.<\/strong><\/p>\n<p>As lumin\u00e1rias a g\u00e1s se acendem automaticamente junto com a ilumina\u00e7\u00e3o p\u00fablica, mas durante o Advento (final de novembro e dezembro) voc\u00ea pode encontrar um verdadeiro acendedor de lampi\u00f5es em traje de \u00e9poca, acendendo-as com uma longa vara.<\/p>\n<p><strong>\ud83d\udca1 Dica de local:<\/strong> V\u00e1 \u00e0 ponte \u00e0 noite, na chuva. Os reflexos das lumin\u00e1rias na cal\u00e7ada molhada s\u00e3o deslumbrantes, e como a \u00e1gua espanta a maioria das pessoas para os bares, voc\u00ea muito provavelmente estar\u00e1 completamente sozinho.<\/p>\n<figure class=\"wp-block-image size-full\"><img loading=\"lazy\" decoding=\"async\" width=\"1200\" height=\"800\" src=\"https:\/\/loudavymkrokem.cz\/wp-content\/uploads\/2026\/04\/karluv-most-4142.jpg\" alt=\"Ponte Carlos em Praga\" class=\"wp-image-151098\" title=\"\" srcset=\"https:\/\/loudavymkrokem.cz\/wp-content\/uploads\/2026\/04\/karluv-most-4142.jpg 1200w, https:\/\/loudavymkrokem.cz\/wp-content\/uploads\/2026\/04\/karluv-most-4142-300x200.jpg 300w, https:\/\/loudavymkrokem.cz\/wp-content\/uploads\/2026\/04\/karluv-most-4142-700x467.jpg 700w, https:\/\/loudavymkrokem.cz\/wp-content\/uploads\/2026\/04\/karluv-most-4142-768x512.jpg 768w, https:\/\/loudavymkrokem.cz\/wp-content\/uploads\/2026\/04\/karluv-most-4142-696x464.jpg 696w\" sizes=\"auto, (max-width: 1200px) 100vw, 1200px\"><\/figure>\n<h2 class=\"wp-block-heading\"><span class=\"ez-toc-section\" id=\"Onde_se_hospedar\"><\/span><span class=\"ez-toc-section\" id=\"Onde_se_hospedar\"><\/span>Onde se hospedar<span class=\"ez-toc-section-end\"><\/span><span class=\"ez-toc-section-end\"><\/span><\/h2>\n<p>Hospedagem bem no centro soa rom\u00e2ntico at\u00e9 que um grupo de turistas te acorde \u00e0s duas da manh\u00e3 cantando embaixo da janela. Aprendi a escolher uma base de onde voc\u00ea chega ao centro rapidamente, mas onde \u00e0 noite finalmente consegue dormir em paz. Na nossa \u00faltima viagem com o Luk\u00e1\u0161, ficamos muito bem no <strong>The <a class=\"thirstylink\" rel=\"nofollow\" target=\"_blank\" title=\"The Julius Hotel\" href=\"https:\/\/loudavymkrokem.cz\/doporucujeme\/the-julius-hotel\/\" data-shortcode=\"true\">Julius Hotel<\/a><\/strong>, na Cidade Nova, pertinho da Torre Jind\u0159i\u0161sk\u00e1. Ficamos numa One Bedroom Suite, o que para uma fam\u00edlia com o Jon\u00e1\u0161 de dois anos foi um al\u00edvio enorme: espa\u00e7o separado, cozinha totalmente equipada e um design que n\u00e3o parece est\u00e9ril, mas sim como se voc\u00ea estivesse morando no apartamento luxuoso de algu\u00e9m com gosto impec\u00e1vel. Do hotel, voc\u00ea chega ao cais com uma caminhada agrad\u00e1vel pela Cidade Velha em cerca de vinte minutos, sem precisar se preocupar com transporte de manh\u00e3 cedo.<\/p>\n<p>Pre\u00e7os atualizados e disponibilidade para 2026 podem ser verificados e <a href=\"https:\/\/www.booking.com\/hotel\/cz\/julius-meinl-house-prague.html?aid=2397601\" rel=\"nofollow noopener\" target=\"_blank\">reservados pelo Booking.com<\/a>.<\/p>\n<p>Para mais dicas testadas de onde se hospedar com crian\u00e7as de forma segura e confort\u00e1vel, confira meu artigo sobre os <a href=\"https:\/\/loudavymkrokem.cz\/pt-br\/hoteis-em-praga-familias\/\">melhores hot\u00e9is familiares em Praga<\/a>.<\/p>\n<figure class=\"wp-block-image size-full\"><img loading=\"lazy\" decoding=\"async\" width=\"1200\" height=\"800\" src=\"https:\/\/loudavymkrokem.cz\/wp-content\/uploads\/2026\/04\/karluv-most-4090.jpg\" alt=\"\" class=\"wp-image-151092\" title=\"\" srcset=\"https:\/\/loudavymkrokem.cz\/wp-content\/uploads\/2026\/04\/karluv-most-4090.jpg 1200w, https:\/\/loudavymkrokem.cz\/wp-content\/uploads\/2026\/04\/karluv-most-4090-300x200.jpg 300w, https:\/\/loudavymkrokem.cz\/wp-content\/uploads\/2026\/04\/karluv-most-4090-700x467.jpg 700w, https:\/\/loudavymkrokem.cz\/wp-content\/uploads\/2026\/04\/karluv-most-4090-768x512.jpg 768w, https:\/\/loudavymkrokem.cz\/wp-content\/uploads\/2026\/04\/karluv-most-4090-696x464.jpg 696w\" sizes=\"auto, (max-width: 1200px) 100vw, 1200px\"><\/figure>\n<h2 class=\"wp-block-heading\"><span class=\"ez-toc-section\" id=\"Historia_e_arquitetura_da_Ponte_Carlos\"><\/span><span class=\"ez-toc-section\" id=\"Historia_e_arquitetura_da_Ponte_Carlos\"><\/span>Hist\u00f3ria e arquitetura da Ponte Carlos<span class=\"ez-toc-section-end\"><\/span><span class=\"ez-toc-section-end\"><\/span><\/h2>\n<p>A conex\u00e3o de pedra entre as duas margens nem sempre funcionou apenas como um passeio rom\u00e2ntico. Era uma art\u00e9ria vital de transporte por onde, durante s\u00e9culos, passaram carro\u00e7as de mercadorias, cavalos e, no in\u00edcio do s\u00e9culo XX, at\u00e9 bondes. Antes dela existia a Ponte Judite, que foi destru\u00edda por uma enchente, e assim o imperador Carlos IV teve que apresentar um novo plano, mais resistente.<\/p>\n<h3 class=\"wp-block-heading\"><span class=\"ez-toc-section\" id=\"A_data_magica_da_fundacao_e_Petr_Parler\"><\/span><span class=\"ez-toc-section\" id=\"A_data_magica_da_fundacao_e_Petr_Parler\"><\/span>A data m\u00e1gica da funda\u00e7\u00e3o e Petr Parl\u00e9\u0159<span class=\"ez-toc-section-end\"><\/span><span class=\"ez-toc-section-end\"><\/span><\/h3>\n<p>A hist\u00f3ria da constru\u00e7\u00e3o est\u00e1 profundamente ligada ao misticismo e \u00e0 astronomia medievais. Carlos IV era conhecido por sua cren\u00e7a na astrologia, por isso mandou colocar a pedra fundamental precisamente no dia <strong>9 de julho de 1357, \u00e0s 5 horas e 31 minutos<\/strong> da manh\u00e3. Se voc\u00ea organizar esses n\u00fameros em sequ\u00eancia, forma-se o pal\u00edndromo 1-3-5-7-9-7-5-3-1, que deveria garantir \u00e0 constru\u00e7\u00e3o a eternidade e prote\u00e7\u00e3o contra os elementos destrutivos. O arquiteto principal foi Petr Parl\u00e9\u0159, que na \u00e9poca tinha apenas 27 anos e tamb\u00e9m era respons\u00e1vel pela constru\u00e7\u00e3o da Catedral de S\u00e3o Vito. Originalmente, a ponte era chamada simplesmente de Ponte de Pedra ou Ponte de Praga \u2014 o nome de seu fundador s\u00f3 foi adotado oficialmente em 1870.<\/p>\n<p>A ponte mede 515 metros de comprimento e quase 10 metros de largura. Repousa sobre 16 robustos pilares de arenito, que tiveram que ser fundados profundamente no leito do rio usando estruturas especiais de madeira de carvalho.<\/p>\n<p><strong>\ud83d\udca1 Dica de local:<\/strong> Se voc\u00ea tem curiosidade sobre como se constru\u00edam funda\u00e7\u00f5es medievais debaixo d&#8217;\u00e1gua, visite o <strong><a href=\"https:\/\/www.muzeumkarlovamostu.cz\/\" rel=\"nofollow noopener\" target=\"_blank\">Museu da Ponte Carlos<\/a><\/strong> na pra\u00e7a K\u0159i\u017eovnick\u00e9. L\u00e1 existem modelos excelentes e detalhados dos guindastes da \u00e9poca.<\/p>\n<figure class=\"wp-block-image size-full\"><img loading=\"lazy\" decoding=\"async\" width=\"1200\" height=\"800\" src=\"https:\/\/loudavymkrokem.cz\/wp-content\/uploads\/2026\/04\/karluv-most-4092.jpg\" alt=\"\" class=\"wp-image-151094\" title=\"\" srcset=\"https:\/\/loudavymkrokem.cz\/wp-content\/uploads\/2026\/04\/karluv-most-4092.jpg 1200w, https:\/\/loudavymkrokem.cz\/wp-content\/uploads\/2026\/04\/karluv-most-4092-300x200.jpg 300w, https:\/\/loudavymkrokem.cz\/wp-content\/uploads\/2026\/04\/karluv-most-4092-700x467.jpg 700w, https:\/\/loudavymkrokem.cz\/wp-content\/uploads\/2026\/04\/karluv-most-4092-768x512.jpg 768w, https:\/\/loudavymkrokem.cz\/wp-content\/uploads\/2026\/04\/karluv-most-4092-696x464.jpg 696w\" sizes=\"auto, (max-width: 1200px) 100vw, 1200px\"><\/figure>\n<h3 class=\"wp-block-heading\"><span class=\"ez-toc-section\" id=\"O_mito_dos_ovos_e_a_dura_realidade_das_enchentes\"><\/span><span class=\"ez-toc-section\" id=\"O_mito_dos_ovos_e_a_dura_realidade_das_enchentes\"><\/span>O mito dos ovos e a dura realidade das enchentes<span class=\"ez-toc-section-end\"><\/span><span class=\"ez-toc-section-end\"><\/span><\/h3>\n<p>Praticamente toda crian\u00e7a tcheca ouviu a lenda de que ovos eram adicionados \u00e0 argamassa para que a alvenaria ficasse mais resistente, e que os moradores de uma cidade vizinha enviaram ovos cozidos por engano, para n\u00e3o quebrarem no caminho. An\u00e1lises qu\u00edmicas modernas do in\u00edcio do s\u00e9culo XXI inicialmente confirmaram tra\u00e7os de prote\u00ednas de ovo, mas estudos mais recentes de 2010 refutaram isso. Descobriu-se que os pedreiros medievais usavam mais provavelmente leite e borras de vinho. Independentemente do material de constru\u00e7\u00e3o, a ponte teve que enfrentar muitas prova\u00e7\u00f5es ao longo de sua exist\u00eancia. O momento mais cr\u00edtico foram as enchentes devastadoras, como a de 1890, quando o Vltava em cheia destruiu tr\u00eas de seus arcos.<\/p>\n<p>Hoje, o monumento \u00e9 protegido por um sistema de barreiras modernas no curso superior do rio, e engenheiros monitoram regularmente a estabilidade dos pilares usando sensores a laser.<\/p>\n<p><strong>\ud83d\udca1 Dica de local:<\/strong> Ao caminhar ao longo do Vltava na ilha Kampa, preste aten\u00e7\u00e3o nas discretas marcas met\u00e1licas em algumas casas hist\u00f3ricas. Elas mostram at\u00e9 onde chegou o n\u00edvel da \u00e1gua durante as enchentes catastr\u00f3ficas de 2002. A altura \u00e9 de arrepiar.<\/p>\n<div class=\"lk-zazitky-module\">\n<style>\n.lk-zazitky-module * { box-sizing: border-box; margin: 0; padding: 0; }\n.lk-zazitky-module {\n  font-family: 'DM Sans', Georgia, sans-serif;\n  max-width: 100%;\n  margin: 2.5rem auto;\n  background: linear-gradient(135deg, #fdf6f3 0%, #fbede7 100%);\n  border: 1px solid #f0d9cc;\n  border-radius: 16px;\n  overflow: hidden;\n  box-shadow: 0 16px 48px rgba(217, 119, 87, 0.18), 0 4px 12px rgba(0,0,0,0.06);\n}\n.lk-zazitky-header {\n  position: relative;\n  padding: 24px 32px;\n  background: linear-gradient(135deg, #d97757 0%, #c46b4b 60%, #d97757 100%);\n  display: flex;\n  align-items: center;\n  gap: 18px;\n}\n.lk-zazitky-header::before {\n  content: '';\n  position: absolute;\n  inset: 0;\n  background: url(\"data:image\/svg+xml,%3Csvg width='60' height='60' viewBox='0 0 60 60' xmlns='http:\/\/www.w3.org\/2000\/svg'%3E%3Cg fill='none' fill-rule='evenodd'%3E%3Cg fill='%23ffffff' fill-opacity='0.05'%3E%3Cpath d='M36 34v-4h-2v4h-4v2h4v4h2v-4h4v-2h-4zm0-30V0h-2v4h-4v2h4v4h2V6h4V4h-4zM6 34v-4H4v4H0v2h4v4h2v-4h4v-2H6zM6 4V0H4v4H0v2h4v4h2V6h4V4H6z'\/%3E%3C\/g%3E%3C\/g%3E%3C\/svg%3E\") repeat;\n  pointer-events: none;\n}\n.lk-zazitky-header img {\n  width: 64px; height: 64px; border-radius: 12px; flex-shrink: 0;\n  object-fit: cover; box-shadow: 0 4px 12px rgba(0,0,0,0.18); position: relative; z-index: 1;\n}\n.lk-zazitky-header-text { position: relative; z-index: 1; }\n.lk-zazitky-eyebrow {\n  font-size: 10px; font-weight: 600; letter-spacing: 2.5px; text-transform: uppercase;\n  color: rgba(255,255,255,.92); margin-bottom: 5px;\n}\n.lk-zazitky-title {\n  font-family: 'Playfair Display', Georgia, serif;\n  font-size: 24px; font-weight: 700; color: #fff; line-height: 1.2;\n  text-shadow: 0 1px 2px rgba(0,0,0,0.12);\n}\n.lk-zazitky-subtitle {\n  font-size: 13px; color: rgba(255,255,255,.85); margin-top: 4px; font-weight: 300;\n}\n.lk-zazitky-grid {\n  display: grid;\n  grid-template-columns: 1fr 1fr 1fr;\n  gap: 1px;\n  background: rgba(217, 119, 87, 0.12);\n}\n.lk-zazitek-card {\n  background: #ffffff; padding: 22px; display: flex; flex-direction: column; gap: 11px;\n  transition: all 0.3s ease; text-decoration: none; color: inherit; position: relative;\n}\n.lk-zazitek-card:hover {\n  background: #fffaf7; transform: translateY(-2px);\n  box-shadow: 0 8px 24px rgba(217, 119, 87, 0.15); z-index: 1;\n}\n.lk-zazitek-card.is-category {\n  background: linear-gradient(135deg, #fffaf7 0%, #fff3eb 100%);\n  box-shadow: inset 0 1px 0 rgba(217, 119, 87, 0.1);\n}\n.lk-zazitek-card.is-category:hover {\n  background: linear-gradient(135deg, #fff7f2 0%, #ffeee3 100%);\n}\n.lk-zazitek-badge {\n  display: inline-flex; align-items: center; gap: 5px;\n  font-size: 10px; font-weight: 600; letter-spacing: 1.5px; text-transform: uppercase;\n  padding: 5px 11px; border-radius: 20px; width: fit-content;\n  background: rgba(217, 119, 87, 0.10); color: #c46b4b; border: 1px solid rgba(217, 119, 87, 0.22);\n}\n.lk-zazitek-card.is-category .lk-zazitek-badge {\n  background: linear-gradient(135deg, #d97757 0%, #c46b4b 100%); color: #fff;\n  border-color: #c46b4b; box-shadow: 0 2px 8px rgba(217, 119, 87, 0.28);\n}\n.lk-zazitek-name {\n  font-family: 'Playfair Display', Georgia, serif;\n  font-size: 17px; font-weight: 700; color: #111827; line-height: 1.3;\n}\n.lk-zazitek-desc {\n  font-size: 13px; color: #525252; line-height: 1.6; font-weight: 300; flex: 1;\n}\n.lk-zazitek-meta { display: flex; align-items: center; gap: 12px; flex-wrap: wrap; margin-top: 4px; }\n.lk-zazitek-price { font-size: 13px; color: #6b7280; }\n.lk-zazitek-price strong { color: #c46b4b; font-weight: 600; }\n.lk-zazitek-cta {\n  display: inline-flex; align-items: center; justify-content: center; gap: 7px;\n  margin-top: 8px; padding: 11px 16px; border-radius: 8px;\n  background: linear-gradient(135deg, #d97757 0%, #c46b4b 100%);\n  color: #fff; font-size: 13px; font-weight: 500; text-decoration: none;\n  letter-spacing: .3px; transition: all .2s ease; cursor: pointer; border: none;\n  text-align: center; box-shadow: 0 4px 12px rgba(217, 119, 87, 0.28);\n  white-space: nowrap;\n}\n.lk-zazitek-cta:hover {\n  background: linear-gradient(135deg, #c46b4b 0%, #b35e3f 100%);\n  transform: translateY(-1px); box-shadow: 0 6px 16px rgba(217, 119, 87, 0.38);\n}\n.lk-zazitek-card.is-category .lk-zazitek-cta {\n  background: linear-gradient(135deg, #3685fc 0%, #2a6fd9 100%);\n  box-shadow: 0 4px 12px rgba(54, 133, 252, 0.22);\n}\n.lk-zazitek-card.is-category .lk-zazitek-cta:hover {\n  background: linear-gradient(135deg, #2a6fd9 0%, #1e5bc4 100%);\n  box-shadow: 0 6px 16px rgba(54, 133, 252, 0.32);\n}\n.lk-zazitky-footer {\n  padding: 16px 32px;\n  background: linear-gradient(to bottom, #fdf6f3 0%, #f9eae2 100%);\n  border-top: 1px solid rgba(217, 119, 87, 0.18);\n  display: flex; align-items: center; justify-content: center; flex-wrap: wrap; gap: 12px;\n}\n.lk-zazitky-discount {\n  display: inline-flex; align-items: center; gap: 8px;\n  font-size: 13px; color: #6b3a26; font-weight: 500;\n}\n.lk-zazitky-discount-code {\n  font-family: 'Courier New', monospace; font-weight: 700; color: #c46b4b;\n  background: rgba(217, 119, 87, 0.12); padding: 4px 10px; border-radius: 6px;\n  letter-spacing: 1px; font-size: 13px;\n}\n.lk-zazitky-disclaimer {\n  font-size: 11px; color: #8a6e60; font-weight: 300; line-height: 1.5;\n}\n.lk-zazitky-disclaimer a { color: #c46b4b; text-decoration: none; }\n.lk-zazitky-disclaimer a:hover { text-decoration: underline; }\n@media (max-width: 720px) {\n  .lk-zazitky-grid { grid-template-columns: 1fr; }\n  .lk-zazitky-header { padding: 20px 18px; }\n  .lk-zazitky-footer { padding: 14px 18px; }\n  .lk-zazitek-card { padding: 20px; }\n  .lk-zazitky-title { font-size: 20px; }\n}\n<\/style>\n<div class=\"lk-zazitky-header\">\n    <img decoding=\"async\" src=\"https:\/\/loudavymkrokem.cz\/wp-content\/uploads\/2026\/02\/lukas-a-lucka.jpg\" alt=\"Luk\u00e1\u0161 e Lucie\" title=\"\"><\/p>\n<div class=\"lk-zazitky-header-text\">\n<div class=\"lk-zazitky-eyebrow\">Dica do Luk\u00e1\u0161 e da Lucie<\/div>\n<div class=\"lk-zazitky-title\">Viva Praga de um jeito diferente<\/div>\n<div class=\"lk-zazitky-subtitle\">3 dicas testadas com 5% de desconto do parceiro Firma na z\u00e1\u017eitky<\/div>\n<\/p><\/div>\n<\/p><\/div>\n<div class=\"lk-zazitky-grid\">\n<p>    <a class=\"lk-zazitek-card\" href=\"https:\/\/www.firmanazazitky.cz\/plavba-po-vltave-s-obedem?utm_source=loudavymkrokem&amp;utm_medium=referral&amp;utm_campaign=karluv-most-pruvodce-od-mistni-historie-sochy-nejlepsi-cas&amp;utm_content=zazitek-1\" target=\"_blank\" rel=\"nofollow noopener sponsored\"><br \/>\n      <span class=\"lk-zazitek-badge\">\ud83d\udee5 Passeio de barco<\/span><\/p>\n<div class=\"lk-zazitek-name\">Passeio pelo Vltava com almo\u00e7o<\/div>\n<div class=\"lk-zazitek-desc\">A Ponte Carlos de uma perspectiva que voc\u00ea n\u00e3o tem a p\u00e9 \u2014 um passeio tranquilo sob seus arcos com almo\u00e7o para dois inclu\u00eddo.<\/div>\n<div class=\"lk-zazitek-meta\">\n        <span class=\"lk-zazitek-price\">a partir de <strong>85 \u20ac<\/strong><\/span>\n      <\/div>\n<p>      <span class=\"lk-zazitek-cta\"><br \/>\n        <svg width=\"14\" height=\"14\" viewBox=\"0 0 24 24\" fill=\"none\" stroke=\"currentColor\" stroke-width=\"2\"><path d=\"M18 13v6a2 2 0 0 1-2 2H5a2 2 0 0 1-2-2V8a2 2 0 0 1 2-2h6\"\/><polyline points=\"15 3 21 3 21 9\"\/><line x1=\"10\" y1=\"14\" x2=\"21\" y2=\"3\"\/><\/svg><br \/>\n        Reservar com desconto<br \/>\n      <\/span><br \/>\n    <\/a><\/p>\n<p>    <a class=\"lk-zazitek-card\" href=\"https:\/\/www.firmanazazitky.cz\/4-chodove-obedove-menu-v-tancicim-dome?utm_source=loudavymkrokem&amp;utm_medium=referral&amp;utm_campaign=karluv-most-pruvodce-od-mistni-historie-sochy-nejlepsi-cas&amp;utm_content=zazitek-2\" target=\"_blank\" rel=\"nofollow noopener sponsored\"><br \/>\n      <span class=\"lk-zazitek-badge\">\ud83c\udf7d Gastronomia<\/span><\/p>\n<div class=\"lk-zazitek-name\">Menu de 4 pratos na Casa Dan\u00e7ante<\/div>\n<div class=\"lk-zazitek-desc\">Ap\u00f3s o passeio pela Ponte Carlos, poucos minutos at\u00e9 o rio \u2014 almo\u00e7o num restaurante ic\u00f4nico com vista para o Castelo de Praga.<\/div>\n<div class=\"lk-zazitek-meta\">\n        <span class=\"lk-zazitek-price\">a partir de <strong>75 \u20ac<\/strong><\/span>\n      <\/div>\n<p>      <span class=\"lk-zazitek-cta\"><br \/>\n        <svg width=\"14\" height=\"14\" viewBox=\"0 0 24 24\" fill=\"none\" stroke=\"currentColor\" stroke-width=\"2\"><path d=\"M18 13v6a2 2 0 0 1-2 2H5a2 2 0 0 1-2-2V8a2 2 0 0 1 2-2h6\"\/><polyline points=\"15 3 21 3 21 9\"\/><line x1=\"10\" y1=\"14\" x2=\"21\" y2=\"3\"\/><\/svg><br \/>\n        Reservar com desconto<br \/>\n      <\/span><br \/>\n    <\/a><\/p>\n<p>    <a class=\"lk-zazitek-card is-category\" href=\"https:\/\/www.firmanazazitky.cz\/gurmanske-zazitky-praha\/?utm_source=loudavymkrokem&amp;utm_medium=referral&amp;utm_campaign=karluv-most-pruvodce-od-mistni-historie-sochy-nejlepsi-cas&amp;utm_content=kategorie\" target=\"_blank\" rel=\"nofollow noopener sponsored\"><br \/>\n      <span class=\"lk-zazitek-badge\">\u2b50 Todos<\/span><\/p>\n<div class=\"lk-zazitek-name\">Experi\u00eancias gastron\u00f4micas em Praga<\/div>\n<div class=\"lk-zazitek-desc\">Os melhores restaurantes, degusta\u00e7\u00f5es e experi\u00eancias gastron\u00f4micas de Praga selecionados para os paladares mais exigentes.<\/div>\n<p>      <span class=\"lk-zazitek-cta\"><br \/>\n        Explorar experi\u00eancias<br \/>\n        <svg width=\"12\" height=\"12\" viewBox=\"0 0 24 24\" fill=\"none\" stroke=\"currentColor\" stroke-width=\"2.5\"><polyline points=\"9 18 15 12 9 6\"\/><\/svg><br \/>\n      <\/span><br \/>\n    <\/a><\/p><\/div>\n<div class=\"lk-zazitky-footer\">\n    <span class=\"lk-zazitky-discount\"><br \/>\n      \u2b50 5% de desconto com o c\u00f3digo<br \/>\n      <span class=\"lk-zazitky-discount-code\">LOUDAVYMKROKEM5<\/span><br \/>\n    <\/span>\n  <\/div>\n<\/div>\n<h3 class=\"wp-block-heading\"><span class=\"ez-toc-section\" id=\"Bradac_O_sistema_de_alerta_de_Praga\"><\/span><span class=\"ez-toc-section\" id=\"Bradac_O_sistema_de_alerta_de_Praga\"><\/span>Brad\u00e1\u010d: O sistema de alerta de Praga<span class=\"ez-toc-section-end\"><\/span><span class=\"ez-toc-section-end\"><\/span><\/h3>\n<p>Quando voc\u00ea est\u00e1 ao p\u00e9 da Torre da Cidade Velha e olha para baixo, na alvenaria do cais, ver\u00e1 um relevo em pedra com um rosto masculino. Chama-se Brad\u00e1\u010d e durante s\u00e9culos funcionou como um medidor de n\u00edvel simples, mas absolutamente confi\u00e1vel. Os habitantes de Praga sabiam que, quando o n\u00edvel do Vltava subia a ponto de a \u00e1gua tocar a barba do Brad\u00e1\u010d, a situa\u00e7\u00e3o era grave e a Cidade Velha come\u00e7aria a ser inundada. Originalmente, esse relevo fazia parte da Ponte Judite, mais antiga, e quando ela foi destru\u00edda pela enchente, os construtores o resgataram com cuidado e o transferiram para a nova ponte.<\/p>\n<p>A melhor forma de ver o Brad\u00e1\u010d \u00e9 da pra\u00e7a K\u0159i\u017eovnick\u00e9 \u2014 incline-se sobre o parapeito de pedra perto da est\u00e1tua de Carlos IV e olhe diretamente para baixo, em dire\u00e7\u00e3o \u00e0 superf\u00edcie da \u00e1gua.<\/p>\n<p><strong>\ud83d\udca1 Dica de local:<\/strong> Segundo uma antiga lenda da cidade, o rosto do Brad\u00e1\u010d representa o pr\u00f3prio construtor italiano da primeira ponte de pedra de Praga, que assim vigia a cidade e o rio at\u00e9 hoje.<\/p>\n<figure class=\"wp-block-image size-full\"><img loading=\"lazy\" decoding=\"async\" width=\"1200\" height=\"800\" src=\"https:\/\/loudavymkrokem.cz\/wp-content\/uploads\/2026\/04\/karluv-most-4144.jpg\" alt=\"\" class=\"wp-image-151100\" title=\"\" srcset=\"https:\/\/loudavymkrokem.cz\/wp-content\/uploads\/2026\/04\/karluv-most-4144.jpg 1200w, https:\/\/loudavymkrokem.cz\/wp-content\/uploads\/2026\/04\/karluv-most-4144-300x200.jpg 300w, https:\/\/loudavymkrokem.cz\/wp-content\/uploads\/2026\/04\/karluv-most-4144-700x467.jpg 700w, https:\/\/loudavymkrokem.cz\/wp-content\/uploads\/2026\/04\/karluv-most-4144-768x512.jpg 768w, https:\/\/loudavymkrokem.cz\/wp-content\/uploads\/2026\/04\/karluv-most-4144-696x464.jpg 696w\" sizes=\"auto, (max-width: 1200px) 100vw, 1200px\"><\/figure>\n<h2 class=\"wp-block-heading\"><span class=\"ez-toc-section\" id=\"Estatuas_da_Ponte_Carlos_Galeria_a_ceu_aberto\"><\/span><span class=\"ez-toc-section\" id=\"Estatuas_da_Ponte_Carlos_Galeria_a_ceu_aberto\"><\/span>Est\u00e1tuas da Ponte Carlos: Galeria a c\u00e9u aberto<span class=\"ez-toc-section-end\"><\/span><span class=\"ez-toc-section-end\"><\/span><\/h2>\n<p>Originalmente, a passagem sobre o rio ficou praticamente nua durante muitos anos, decorada apenas por uma simples cruz de madeira com Cristo. Foi o per\u00edodo barroco dos s\u00e9culos XVII e XVIII que a transformou na grandiosa galeria escult\u00f3rica ao ar livre que conhecemos hoje. Atualmente, h\u00e1 exatamente trinta est\u00e1tuas e grupos escult\u00f3ricos na ponte. Grande parte deles, por\u00e9m, s\u00e3o c\u00f3pias em arenito cuidadosamente elaboradas. Os originais foram recolhidos pela cidade para proteg\u00ea-los das intemp\u00e9ries e da polui\u00e7\u00e3o \u2014 est\u00e3o no <a href=\"https:\/\/www.nm.cz\/\" rel=\"nofollow noopener\" target=\"_blank\">Lapid\u00e1rio do Museu Nacional<\/a> no recinto de V\u00fdstavi\u0161t\u011b e no sal\u00e3o escuro do <strong>Gorlice<\/strong>, dentro das muralhas de Vy\u0161ehrad.<\/p>\n<h3 class=\"wp-block-heading\"><span class=\"ez-toc-section\" id=\"Sao_Joao_Nepomuceno_e_o_ritual_da_sorte\"><\/span><span class=\"ez-toc-section\" id=\"Sao_Joao_Nepomuceno_e_o_ritual_da_sorte\"><\/span>S\u00e3o Jo\u00e3o Nepomuceno e o ritual da sorte<span class=\"ez-toc-section-end\"><\/span><span class=\"ez-toc-section-end\"><\/span><\/h3>\n<p>Este \u00e9 o cl\u00e1ssico absoluto e provavelmente a est\u00e1tua mais fotografada de todo o percurso, criada em 1683 por <strong>Jan Brokoff<\/strong>. Fica mais ou menos no meio da ponte, do lado direito, quando voc\u00ea caminha em dire\u00e7\u00e3o ao Castelo. Jo\u00e3o Nepomuceno foi, segundo a lenda, atirado ao Vltava justamente deste ponto porque se recusou a revelar ao rei Venceslau IV o segredo de confiss\u00e3o da rainha. Sob a est\u00e1tua h\u00e1 dois relevos de bronze, polidos pelas m\u00e3os de milh\u00f5es de turistas at\u00e9 ficarem de um dourado brilhante. Tocar no santo caindo supostamente traz sorte e garante que voc\u00ea voltar\u00e1 a Praga algum dia no futuro.<\/p>\n<p>Voc\u00ea reconhece a est\u00e1tua facilmente de longe. Tem uma aur\u00e9ola caracter\u00edstica com cinco estrelas ao redor da cabe\u00e7a, e geralmente h\u00e1 uma pequena fila de pessoas esperando para tocar o relevo.<\/p>\n<p><strong>\ud83d\udca1 Dica de local:<\/strong> N\u00e3o toque no cachorro no relevo esquerdo! Embora tamb\u00e9m esteja polido pelo toque dos turistas, a lenda original fala apenas do toque na figura do Jo\u00e3o Nepomuceno caindo, que voc\u00ea encontra no lado direito do pedestal.<\/p>\n<h3 class=\"wp-block-heading\"><span class=\"ez-toc-section\" id=\"O_Sonho_de_Santa_Luitgarda\"><\/span><span class=\"ez-toc-section\" id=\"O_Sonho_de_Santa_Luitgarda\"><\/span>O Sonho de Santa Luitgarda<span class=\"ez-toc-section-end\"><\/span><span class=\"ez-toc-section-end\"><\/span><\/h3>\n<p>Se eu tivesse que escolher um \u00fanico grupo escult\u00f3rico que supera todos os outros em valor art\u00edstico, seria o <strong>Sonho de Santa Luitgarda<\/strong>, de <strong>Maty\u00e1\u0161 Bernard Braun<\/strong>. Essa obra-prima do barroco tcheco fica mais perto da margem de Mal\u00e1 Strana. Braun a esculpiu em 1710, quando tinha apenas 26 anos. A composi\u00e7\u00e3o da freira cisterciense cega, para quem Cristo se inclina da cruz para que ela beba o sangue de sua ferida, \u00e9 incrivelmente din\u00e2mica e emotiva. Mesmo de longe \u00e9 poss\u00edvel ver como o escultor conseguiu domar o duro arenito e dar-lhe a ilus\u00e3o de um leve drapeado esvoa\u00e7ante ao vento.<\/p>\n<p>Trata-se da d\u00e9cima segunda est\u00e1tua no lado esquerdo, indo da Cidade Velha. O original de 1710 est\u00e1 hoje seguramente guardado no Lapid\u00e1rio, e na ponte encontra-se uma c\u00f3pia.<\/p>\n<p><strong>\ud83d\udca1 Dica de local:<\/strong> Tente observar a est\u00e1tua de baixo para cima, a partir do pilar sob a ponte (\u00e9 poss\u00edvel chegar l\u00e1 pelas escadas da ilha Kampa). Voc\u00ea ter\u00e1 uma perspectiva completamente diferente do fascinante trabalho de Braun com espa\u00e7o e profundidade.<\/p>\n<figure class=\"wp-block-image size-full\"><img loading=\"lazy\" decoding=\"async\" width=\"1200\" height=\"800\" src=\"https:\/\/loudavymkrokem.cz\/wp-content\/uploads\/2026\/04\/karluv-most-4148.jpg\" alt=\"\" class=\"wp-image-151099\" title=\"\" srcset=\"https:\/\/loudavymkrokem.cz\/wp-content\/uploads\/2026\/04\/karluv-most-4148.jpg 1200w, https:\/\/loudavymkrokem.cz\/wp-content\/uploads\/2026\/04\/karluv-most-4148-300x200.jpg 300w, https:\/\/loudavymkrokem.cz\/wp-content\/uploads\/2026\/04\/karluv-most-4148-700x467.jpg 700w, https:\/\/loudavymkrokem.cz\/wp-content\/uploads\/2026\/04\/karluv-most-4148-768x512.jpg 768w, https:\/\/loudavymkrokem.cz\/wp-content\/uploads\/2026\/04\/karluv-most-4148-696x464.jpg 696w\" sizes=\"auto, (max-width: 1200px) 100vw, 1200px\"><\/figure>\n<h3 class=\"wp-block-heading\"><span class=\"ez-toc-section\" id=\"Grupo_escultorio_de_Sao_Vicente_Ferrer_e_Procopio\"><\/span><span class=\"ez-toc-section\" id=\"Grupo_escultorio_de_Sao_Vicente_Ferrer_e_Procopio\"><\/span>Grupo escult\u00f3rio de S\u00e3o Vicente Ferrer e Proc\u00f3pio<span class=\"ez-toc-section-end\"><\/span><span class=\"ez-toc-section-end\"><\/span><\/h3>\n<p>Este grupo escult\u00f3rico monumental e bastante assustador foi esculpido por <strong>Ferdinand Maxmili\u00e1n Brokoff<\/strong> e \u00e9 um dos meus favoritos quando quero mostrar a algu\u00e9m o quanto o barroco podia ser sombrio e selvagem. Mostra S\u00e3o Vicente ressuscitando um morto e expulsando o diabo, enquanto S\u00e3o Proc\u00f3pio afasta a for\u00e7a maligna com a cruz. Aos p\u00e9s deles jazem dem\u00f4nios derrotados e pecadores cujos corpos contorcidos em espasmos e rostos cheios de sofrimento formam um contraste gritante com as faces serenas dos santos. Quando era estudante, eu ia l\u00e1 com a c\u00e2mera estudar os detalhes anat\u00f4micos daqueles dem\u00f4nios derrotados, porque de perto eles parecem assustadoramente realistas.<\/p>\n<p>O grupo escult\u00f3rico fica perto da extremidade de Mal\u00e1 Strana \u2014 \u00e9 a sexta est\u00e1tua \u00e0 esquerda indo da Cidade Velha.<\/p>\n<p><strong>\ud83d\udca1 Dica de local:<\/strong> Repare na figura do turco carrancudo com chicotes e um c\u00e3o de guarda no grupo de S\u00e3o Jo\u00e3o de Matha, F\u00e9lix de Valois e Ivan, que fica logo em frente. \u00c9 o popular &#8220;Turco de Praga&#8221;, que as crian\u00e7as locais costumavam considerar uma criatura de contos de fada e at\u00e9 hoje olham com respeito.<\/p>\n<h2 class=\"wp-block-heading\"><span class=\"ez-toc-section\" id=\"Torres_da_Ponte_Carlos_Vistas_do_alto\"><\/span><span class=\"ez-toc-section\" id=\"Torres_da_Ponte_Carlos_Vistas_do_alto\"><\/span>Torres da Ponte Carlos: Vistas do alto<span class=\"ez-toc-section-end\"><\/span><span class=\"ez-toc-section-end\"><\/span><\/h2>\n<p>Ambas as torres s\u00e3o abertas ao p\u00fablico e oferecem vistas t\u00e3o diferentes que vale a pena subir nas duas. Pessoalmente, tenho uma queda pelo lado de Mal\u00e1 Strana, mas falo disso daqui a pouco.<\/p>\n<h3 class=\"wp-block-heading\"><span class=\"ez-toc-section\" id=\"Torre_da_Cidade_Velha\"><\/span><span class=\"ez-toc-section\" id=\"Torre_da_Cidade_Velha\"><\/span>Torre da Cidade Velha<span class=\"ez-toc-section-end\"><\/span><span class=\"ez-toc-section-end\"><\/span><\/h3>\n<p>Este port\u00e3o g\u00f3tico imponente foi projetado pelo j\u00e1 mencionado Petr Parl\u00e9\u0159, e arquitetos frequentemente o consideram uma das mais belas torres g\u00f3ticas de toda a Europa. Sua fachada leste, voltada para a Cidade Velha, \u00e9 ricamente decorada com est\u00e1tuas de Carlos IV, Venceslau IV e os padroeiros da terra tcheca. Durante a Guerra dos Trinta Anos, por\u00e9m, seu lado ocidental foi seriamente danificado pelo bombardeio sueco, quando as tropas tentaram conquistar a margem direita. L\u00e1 dentro esperam 138 degraus e uma exposi\u00e7\u00e3o envolvente; ao venc\u00ea-los, voc\u00ea chega a uma varanda com vista diretamente no eixo que aponta para Hrad\u010dany. Especialmente no outono, quando as \u00e1rvores de Kampa ficam amarelas, essa vista n\u00e3o tem pre\u00e7o.<\/p>\n<p>Aberta diariamente. Na temporada de ver\u00e3o, das 9h \u00e0s 21h; nos meses de inverno fecha mais cedo, geralmente \u00e0s 18h. A entrada b\u00e1sica para adulto custa cerca de 8 \u20ac (pre\u00e7os de 2026).<\/p>\n<p><strong>\ud83d\udca1 Dica de local:<\/strong> Compre diretamente na bilheteria o ingresso combinado para ambas as torres. Sai mais barato no total e voc\u00ea tem v\u00e1rios dias para usar a segunda entrada, ent\u00e3o n\u00e3o precisa subir duas escadarias seguidas.<\/p>\n<h3 class=\"wp-block-heading\"><span class=\"ez-toc-section\" id=\"Torres_de_Mala_Strana\"><\/span><span class=\"ez-toc-section\" id=\"Torres_de_Mala_Strana\"><\/span>Torres de Mal\u00e1 Strana<span class=\"ez-toc-section-end\"><\/span><span class=\"ez-toc-section-end\"><\/span><\/h3>\n<p>Na margem oposta, n\u00e3o \u00e9 uma, mas duas torres que recebem voc\u00ea, conectadas por um portal com ameias. <strong>A mais baixa, chamada Torre de Judite, \u00e9 de origem rom\u00e2nica e se lembra ainda da predecessora da atual Ponte Carlos.<\/strong> A mais alta, g\u00f3tica, data do s\u00e9culo XV e foi constru\u00edda como espelho da torre da Cidade Velha, embora sua decora\u00e7\u00e3o externa seja bem mais s\u00f3bria e r\u00fastica. A exposi\u00e7\u00e3o interna \u00e9 dedicada \u00e0 hist\u00f3ria das pontes de Praga, e a vista do mirante no topo sobre os telhados de Mal\u00e1 Strana e a \u00edngreme rua Nerudova subindo at\u00e9 o Castelo de Praga tem uma atmosfera completamente diferente \u2014 mais intimista e acolhedora \u2014 do que a vista da margem oposta.<\/p>\n<p>A entrada custa os mesmos 8 \u20ac da torre irm\u00e3 da Cidade Velha, e ap\u00f3s comprar o bilhete no t\u00e9rreo, esperam 146 degraus de madeira.<\/p>\n<p><strong>\ud83d\udca1 Dica de local:<\/strong> A exposi\u00e7\u00e3o na Torre de Mal\u00e1 Strana costuma ser bem mais vazia e tranquila. Se voc\u00ea n\u00e3o gosta de espa\u00e7os apertados cheios de turistas, escolha subir por este lado da margem esquerda.<\/p>\n<h2 class=\"wp-block-heading\"><span class=\"ez-toc-section\" id=\"Informacoes_praticas\"><\/span><span class=\"ez-toc-section\" id=\"Informacoes_praticas\"><\/span>Informa\u00e7\u00f5es pr\u00e1ticas<span class=\"ez-toc-section-end\"><\/span><span class=\"ez-toc-section-end\"><\/span><\/h2>\n<p>Agora a parte menos glamourosa, por\u00e9m salvadora: algumas coisas que pessoalmente me pegaram de surpresa e que prefiro contar logo.<\/p>\n<h3 class=\"wp-block-heading\"><span class=\"ez-toc-section\" id=\"Transporte_e_como_chegar_a_ponte\"><\/span><span class=\"ez-toc-section\" id=\"Transporte_e_como_chegar_a_ponte\"><\/span>Transporte e como chegar \u00e0 ponte<span class=\"ez-toc-section-end\"><\/span><span class=\"ez-toc-section-end\"><\/span><\/h3>\n<p>Toda a \u00e1rea \u00e9 estritamente para pedestres, ent\u00e3o n\u00e3o d\u00e1 para chegar de carro. T\u00e1xis de rua em Praga podem at\u00e9 te levar o mais perto poss\u00edvel do cais, mas prepare-se para um pre\u00e7o que n\u00e3o tem nada a ver com a dist\u00e2ncia percorrida. O melhor \u00e9 usar o <a href=\"https:\/\/pid.cz\/\" rel=\"nofollow noopener\" target=\"_blank\">confi\u00e1vel transporte p\u00fablico de Praga<\/a>. Na margem direita, des\u00e7a na esta\u00e7\u00e3o de metr\u00f4 da linha A ou nos bondes 17 e 18 na parada <strong>Starom\u011bstsk\u00e1<\/strong>. Dali s\u00e3o cerca de cinco minutos a p\u00e9 pela pra\u00e7a K\u0159i\u017eovnick\u00e9. Do lado de Mal\u00e1 Strana, o lend\u00e1rio bonde n\u00famero 22 (ou as linhas 12, 15, 20) te leva at\u00e9 a parada <strong>Malostransk\u00e9 n\u00e1m\u011bst\u00ed<\/strong>, de onde \u00e9 s\u00f3 descer a suave ladeira da rua Mosteck\u00e1 direto at\u00e9 as torres.<\/p>\n<p>O bilhete b\u00e1sico de 30 minutos custa cerca de <strong>1,20 \u20ac<\/strong> e \u00e9 suficiente para o deslocamento da maioria dos pontos centrais, como a Pra\u00e7a Venceslau ou a Esta\u00e7\u00e3o Central.<\/p>\n<p><strong>\ud83d\udca1 Dica de local:<\/strong> Para fam\u00edlias com carrinho de beb\u00ea: a rampa de acesso em ambos os lados \u00e9 pavimentada com paralelep\u00edpedos grandes, mas totalmente sem degraus. Por\u00e9m, se quiser descer no meio do caminho diretamente \u00e0 ilha Kampa pelo canal \u010certovka, ter\u00e1 que enfrentar uma escadaria de pedra bastante \u00edngreme. Com carrinho, \u00e9 preciso contornar pelo Malostransk\u00e9 n\u00e1m\u011bst\u00ed ou carregar o carrinho pelas escadas com cuidado.<\/p>\n<figure class=\"wp-block-image size-full\"><img loading=\"lazy\" decoding=\"async\" width=\"1200\" height=\"800\" src=\"https:\/\/loudavymkrokem.cz\/wp-content\/uploads\/2025\/03\/recenze-domus-balthasar-praha-s-batoletem-2.jpg\" alt=\"Vista do Domus Balthasar\" class=\"wp-image-94707\" title=\"\" srcset=\"https:\/\/loudavymkrokem.cz\/wp-content\/uploads\/2025\/03\/recenze-domus-balthasar-praha-s-batoletem-2.jpg 1200w, https:\/\/loudavymkrokem.cz\/wp-content\/uploads\/2025\/03\/recenze-domus-balthasar-praha-s-batoletem-2-300x200.jpg 300w, https:\/\/loudavymkrokem.cz\/wp-content\/uploads\/2025\/03\/recenze-domus-balthasar-praha-s-batoletem-2-700x467.jpg 700w, https:\/\/loudavymkrokem.cz\/wp-content\/uploads\/2025\/03\/recenze-domus-balthasar-praha-s-batoletem-2-768x512.jpg 768w, https:\/\/loudavymkrokem.cz\/wp-content\/uploads\/2025\/03\/recenze-domus-balthasar-praha-s-batoletem-2-696x464.jpg 696w\" sizes=\"auto, (max-width: 1200px) 100vw, 1200px\"><figcaption class=\"wp-element-caption\">Vista do <a class=\"thirstylink\" rel=\"nofollow\" target=\"_blank\" title=\"Domus Balthasar Boutique Hotel\" href=\"https:\/\/loudavymkrokem.cz\/doporucujeme\/domus-balthasar-boutique-hotel\/\" data-shortcode=\"true\">Domus Balthasar<\/a><\/figcaption><\/figure>\n<h3 class=\"wp-block-heading\"><span class=\"ez-toc-section\" id=\"Visitas_guiadas_e_passeios_de_barco_pelo_Vltava\"><\/span><span class=\"ez-toc-section\" id=\"Visitas_guiadas_e_passeios_de_barco_pelo_Vltava\"><\/span>Visitas guiadas e passeios de barco pelo Vltava<span class=\"ez-toc-section-end\"><\/span><span class=\"ez-toc-section-end\"><\/span><\/h3>\n<p>Ter um guia vale a pena \u2014 e digo isso eu, que normalmente acho que d\u00e1 conta sozinha com o Google e um sexto sentido para orienta\u00e7\u00e3o. Com o Luk\u00e1\u0161, de vez em quando fazemos um passeio de barco, porque a vista dos robustos pilares de arenito a partir do n\u00edvel da \u00e1gua oferece uma experi\u00eancia completamente diferente e muito mais monumental. Se voc\u00ea se interessa por hist\u00f3rias do passado ou por um passeio pelo Vltava diretamente sob os arcos, existem excelentes op\u00e7\u00f5es online para reservar com anteced\u00eancia e evitar os vendedores insistentes no cais que oferecem ingressos superfaturados.<\/p>\n<p>As mais variadas op\u00e7\u00f5es de passeios hist\u00f3ricos, caminhadas noturnas e passeios de barco podem ser <a href=\"https:\/\/www.getyourguide.com\/prague-l10\/?partner_id=MKZ64IS\" rel=\"nofollow noopener\" target=\"_blank\">reservadas pelo GetYourGuide<\/a>. No ver\u00e3o, recomendo escolher hor\u00e1rios do final da tarde, quando a brisa do rio traz um frescor agrad\u00e1vel.<\/p>\n<p><strong>\ud83d\udca1 Dica de local:<\/strong> Em vez dos grandes barcos envidra\u00e7ados com m\u00fasica alta, procure barquinhos tradicionais de madeira (os chamados &#8220;vodouch&#8221;). Gra\u00e7as ao seu calado baixo, eles passam at\u00e9 pelo estreito bra\u00e7o do canal \u010certovka, diretamente sob as varandas das casas antigas.<\/p>\n<h3 class=\"wp-block-heading\"><span class=\"ez-toc-section\" id=\"Onde_comer_e_tomar_cafe_sem_cair_em_armadilha\"><\/span><span class=\"ez-toc-section\" id=\"Onde_comer_e_tomar_cafe_sem_cair_em_armadilha\"><\/span>Onde comer e tomar caf\u00e9 (sem cair em armadilha)<span class=\"ez-toc-section-end\"><\/span><span class=\"ez-toc-section-end\"><\/span><\/h3>\n<p>Nas ruas principais ao redor, \u00e9 tudo armadilha para turista. Trdeln\u00edks descongelados a pre\u00e7os absurdos e restaurantes que cobram at\u00e9 pelo ar que voc\u00ea respira e uma taxa pelo talher. Como vegetariana e amante de caf\u00e9 bom, eu evito as ruas principais ao redor a todo custo. Quando cruzamos para Mal\u00e1 Strana, gostamos de explorar as ruelas mais escondidas em dire\u00e7\u00e3o ao Muro de Lennon (embora ele, infelizmente, esteja se transformando cada vez mais num cen\u00e1rio colorido para Instagram sem a mensagem original) ou nos escondemos no aconchegante Roesel \u2013 beer &amp; cake, que fica discretamente escondido bem ao lado das torres da ponte. A cerveja artesanal, as sopas caprichadas e as tortas fant\u00e1sticas dali s\u00e3o exatamente o que voc\u00ea precisa depois do passeio. A cena de cafeterias locais est\u00e1 em constante evolu\u00e7\u00e3o e sempre d\u00e1 para encontrar um p\u00e1tio interno tranquilo onde preparam um espresso incr\u00edvel com gr\u00e3os especiais, sem que voc\u00ea precise vender um rim.<\/p>\n<p>Evite os estabelecimentos na pra\u00e7a K\u0159i\u017eovnick\u00e9 e na rua Mosteck\u00e1. Os pre\u00e7os ali s\u00e3o voltados primariamente para turistas estrangeiros de passagem, mas a qualidade da comida infelizmente raramente acompanha.<\/p>\n<p><strong>\ud83d\udca1 Dica de local:<\/strong> Pegue um caf\u00e9 para viagem numa das ruelas escondidas de Mal\u00e1 Strana e sente-se com o copo num banco nos Jardins Vojan. \u00c9 um o\u00e1sis silencioso cercado por muros, com pav\u00f5es andando livremente, onde voc\u00ea quase n\u00e3o esbarra em turistas. Mais dos meus lugares favoritos e testados est\u00e3o no guia <a href=\"https:\/\/loudavymkrokem.cz\/pt-br\/cafeterias-hipster-praga\/\">cafeterias em Praga<\/a>.<\/p>\n<h2 class=\"wp-block-heading\"><span class=\"ez-toc-section\" id=\"Perguntas_frequentes\"><\/span><span class=\"ez-toc-section\" id=\"Perguntas_frequentes\"><\/span>Perguntas frequentes<span class=\"ez-toc-section-end\"><\/span><span class=\"ez-toc-section-end\"><\/span><\/h2>\n<div id=\"rank-math-faq\" class=\"rank-math-block\">\n<div class=\"rank-math-list \">\n<div id=\"faq-question-1777047568218\" class=\"rank-math-list-item\">\n<h3 class=\"rank-math-question \"><span class=\"ez-toc-section\" id=\"A_entrada_na_Ponte_Carlos_e_paga\"><\/span><span class=\"ez-toc-section\" id=\"A_entrada_na_Ponte_Carlos_e_paga\"><\/span><strong>A entrada na Ponte Carlos \u00e9 paga?<\/strong><span class=\"ez-toc-section-end\"><\/span><span class=\"ez-toc-section-end\"><\/span><\/h3>\n<div class=\"rank-math-answer \">\n<p>N\u00e3o, a travessia sobre o rio \u00e9 totalmente gratuita e aberta 24 horas por dia, 365 dias por ano. S\u00f3 \u00e9 preciso pagar se voc\u00ea quiser subir aos mirantes das torres.<\/p>\n<\/div>\n<\/div>\n<div id=\"faq-question-1777047574289\" class=\"rank-math-list-item\">\n<h3 class=\"rank-math-question \"><span class=\"ez-toc-section\" id=\"Quando_tem_menos_gente\"><\/span><span class=\"ez-toc-section\" id=\"Quando_tem_menos_gente\"><\/span><strong>Quando tem menos gente?<\/strong> <span class=\"ez-toc-section-end\"><\/span><span class=\"ez-toc-section-end\"><\/span><\/h3>\n<div class=\"rank-math-answer \">\n<p>O hor\u00e1rio ideal para um passeio tranquilo sem aglomera\u00e7\u00e3o \u00e9 de madrugada, ao amanhecer (entre 5h e 7h) ou tarde da noite (depois das 23h). Durante o dia, a multid\u00e3o \u00e9 inevit\u00e1vel em qualquer \u00e9poca do ano.<\/p>\n<\/div>\n<\/div>\n<div id=\"faq-question-1777047582727\" class=\"rank-math-list-item\">\n<h3 class=\"rank-math-question \"><span class=\"ez-toc-section\" id=\"Pode_atravessar_de_bicicleta_ou_patinete\"><\/span><span class=\"ez-toc-section\" id=\"Pode_atravessar_de_bicicleta_ou_patinete\"><\/span><strong>Pode atravessar de bicicleta ou patinete?<\/strong> <span class=\"ez-toc-section-end\"><\/span><span class=\"ez-toc-section-end\"><\/span><\/h3>\n<div class=\"rank-math-answer \">\n<p>Andar de bicicleta e patinete el\u00e9trico \u00e9 estritamente proibido por quest\u00f5es de seguran\u00e7a. Se estiver com uma bicicleta, voc\u00ea precisa desmontar e conduzi-la ao lado durante todo o percurso.<\/p>\n<\/div>\n<\/div>\n<div id=\"faq-question-1777047588704\" class=\"rank-math-list-item\">\n<h3 class=\"rank-math-question \"><span class=\"ez-toc-section\" id=\"As_estatuas_sao_originais\"><\/span><span class=\"ez-toc-section\" id=\"As_estatuas_sao_originais\"><\/span><strong>As est\u00e1tuas s\u00e3o originais?<\/strong><span class=\"ez-toc-section-end\"><\/span><span class=\"ez-toc-section-end\"><\/span><\/h3>\n<div class=\"rank-math-answer \">\n<p>A maioria das est\u00e1tuas de arenito que voc\u00ea v\u00ea hoje ao ar livre s\u00e3o c\u00f3pias cuidadosas do s\u00e9culo XX. Os originais foram transferidos para o Lapid\u00e1rio do Museu Nacional em V\u00fdstavi\u0161t\u011b e para o sal\u00e3o Gorlice em Vy\u0161ehrad, a fim de proteg\u00ea-los da chuva \u00e1cida e da polui\u00e7\u00e3o.<\/p>\n<\/div>\n<\/div>\n<div id=\"faq-question-1777047599829\" class=\"rank-math-list-item\">\n<h3 class=\"rank-math-question \"><span class=\"ez-toc-section\" id=\"Quanto_tempo_leva_para_atravessar_de_uma_margem_a_outra\"><\/span><span class=\"ez-toc-section\" id=\"Quanto_tempo_leva_para_atravessar\"><\/span><strong>Quanto tempo leva para atravessar de uma margem \u00e0 outra?<\/strong><span class=\"ez-toc-section-end\"><\/span><span class=\"ez-toc-section-end\"><\/span><\/h3>\n<div class=\"rank-math-answer \">\n<p>O comprimento total \u00e9 pouco mais de 500 metros, ent\u00e3o em passo r\u00e1pido e sem obst\u00e1culos voc\u00ea atravessa em 5 a 7 minutos. Mas se quiser admirar as est\u00e1tuas com calma, tirar fotos das vistas e estiver se espremendo na multid\u00e3o do dia, conte com 20 a 30 minutos.<\/p>\n<\/div>\n<\/div>\n<div id=\"faq-question-1777047607776\" class=\"rank-math-list-item\">\n<h3 class=\"rank-math-question \"><span class=\"ez-toc-section\" id=\"O_percurso_e_acessivel\"><\/span><span class=\"ez-toc-section\" id=\"O_percurso_e_acessivel\"><\/span><strong>O percurso \u00e9 acess\u00edvel?<\/strong><span class=\"ez-toc-section-end\"><\/span><span class=\"ez-toc-section-end\"><\/span><\/h3>\n<div class=\"rank-math-answer \">\n<p>Sim, o trajeto principal \u00e9 totalmente sem barreiras e sem degraus em toda sua extens\u00e3o, ent\u00e3o com carrinho de beb\u00ea ou cadeira de rodas voc\u00ea atravessa para o outro lado sem problemas. Fique atento apenas \u00e0s escadas que, aproximadamente no meio do percurso, descem perpendicularmente at\u00e9 a ilha Kampa. Essas n\u00e3o s\u00e3o acess\u00edveis.<\/p>\n<\/div>\n<\/div>\n<\/div>\n<\/div>\n","protected":false},"excerpt":{"rendered":"<p>Guia completo da Ponte Carlos em Praga, na Tch\u00e9quia, escrito por quem morou l\u00e1 por 10 anos. Descubra a hist\u00f3ria, as est\u00e1tuas barrocas, os melhores hor\u00e1rios para evitar multid\u00f5es e dicas pr\u00e1ticas de uma local.<\/p>\n","protected":false},"author":3,"featured_media":151097,"comment_status":"open","ping_status":"open","sticky":false,"template":"","format":"standard","meta":{"footnotes":"","rank_math_title":"","rank_math_description":"","rank_math_focus_keyword":"","rank_math_seo_score":""},"categories":[1121,1157],"tags":[],"class_list":{"0":"post-151259","1":"post","2":"type-post","3":"status-publish","4":"format-standard","5":"has-post-thumbnail","7":"category-europa","8":"category-republica-tcheca"},"featured_image_src":"https:\/\/loudavymkrokem.cz\/wp-content\/uploads\/2026\/04\/karluv-most-4126.jpg","author_info":{"display_name":"Lucie Kone\u010dn\u00e1","author_link":"https:\/\/loudavymkrokem.cz\/pt-br\/author\/lucie-konecna\/"},"_links":{"self":[{"href":"https:\/\/loudavymkrokem.cz\/pt-br\/wp-json\/wp\/v2\/posts\/151259","targetHints":{"allow":["GET"]}}],"collection":[{"href":"https:\/\/loudavymkrokem.cz\/pt-br\/wp-json\/wp\/v2\/posts"}],"about":[{"href":"https:\/\/loudavymkrokem.cz\/pt-br\/wp-json\/wp\/v2\/types\/post"}],"author":[{"embeddable":true,"href":"https:\/\/loudavymkrokem.cz\/pt-br\/wp-json\/wp\/v2\/users\/3"}],"replies":[{"embeddable":true,"href":"https:\/\/loudavymkrokem.cz\/pt-br\/wp-json\/wp\/v2\/comments?post=151259"}],"version-history":[{"count":1,"href":"https:\/\/loudavymkrokem.cz\/pt-br\/wp-json\/wp\/v2\/posts\/151259\/revisions"}],"predecessor-version":[{"id":151698,"href":"https:\/\/loudavymkrokem.cz\/pt-br\/wp-json\/wp\/v2\/posts\/151259\/revisions\/151698"}],"wp:featuredmedia":[{"embeddable":true,"href":"https:\/\/loudavymkrokem.cz\/pt-br\/wp-json\/wp\/v2\/media\/151097"}],"wp:attachment":[{"href":"https:\/\/loudavymkrokem.cz\/pt-br\/wp-json\/wp\/v2\/media?parent=151259"}],"wp:term":[{"taxonomy":"category","embeddable":true,"href":"https:\/\/loudavymkrokem.cz\/pt-br\/wp-json\/wp\/v2\/categories?post=151259"},{"taxonomy":"post_tag","embeddable":true,"href":"https:\/\/loudavymkrokem.cz\/pt-br\/wp-json\/wp\/v2\/tags?post=151259"}],"curies":[{"name":"wp","href":"https:\/\/api.w.org\/{rel}","templated":true}]}}