{"id":151258,"date":"2026-04-24T19:49:45","date_gmt":"2026-04-24T17:49:45","guid":{"rendered":"https:\/\/loudavymkrokem.cz\/?p=151258"},"modified":"2026-04-30T11:08:02","modified_gmt":"2026-04-30T09:08:02","slug":"pontos-turisticos-praga","status":"publish","type":"post","link":"https:\/\/loudavymkrokem.cz\/pt-br\/pontos-turisticos-praga\/","title":{"rendered":"Os pontos tur\u00edsticos mais bonitos de Praga: 20 lugares imperd\u00edveis (2026)"},"content":{"rendered":"<p>Quando penso nos pontos tur\u00edsticos de Praga, lembro das folhas \u00famidas de outono escorregando pelas pedras da cal\u00e7ada enquanto eu e o Luk\u00e1\u0161 sub\u00edamos pela primeira vez a Rua Nerudova. Fomos passear ali em um dos nossos primeiros encontros. Tinha um charme especial, mesmo eu tendo estudado no ensino m\u00e9dio bem no centro hist\u00f3rico e depois ido para a faculdade na margem oposta do rio. <strong>Cresci no centro de Praga e, ainda assim, a cidade nunca deixa de me fascinar. Venha comigo conhecer os pontos tur\u00edsticos mais bonitos de Praga.<\/strong><\/p>\n<figure class=\"wp-block-image size-full\"><img loading=\"lazy\" decoding=\"async\" width=\"1200\" height=\"800\" src=\"https:\/\/loudavymkrokem.cz\/wp-content\/uploads\/2023\/07\/prazsky-hrad-4179.jpg\" alt=\"Vista panor\u00e2mica de Praga\" class=\"wp-image-151120\" title=\"\" srcset=\"https:\/\/loudavymkrokem.cz\/wp-content\/uploads\/2023\/07\/prazsky-hrad-4179.jpg 1200w, https:\/\/loudavymkrokem.cz\/wp-content\/uploads\/2023\/07\/prazsky-hrad-4179-300x200.jpg 300w, https:\/\/loudavymkrokem.cz\/wp-content\/uploads\/2023\/07\/prazsky-hrad-4179-700x467.jpg 700w, https:\/\/loudavymkrokem.cz\/wp-content\/uploads\/2023\/07\/prazsky-hrad-4179-768x512.jpg 768w, https:\/\/loudavymkrokem.cz\/wp-content\/uploads\/2023\/07\/prazsky-hrad-4179-696x464.jpg 696w\" sizes=\"auto, (max-width: 1200px) 100vw, 1200px\"><\/figure>\n<div id=\"ez-toc-container\" class=\"ez-toc-v2_0_82_2 ez-toc-wrap-left counter-hierarchy ez-toc-counter ez-toc-grey ez-toc-container-direction\">\n<div class=\"ez-toc-title-container\">\n<p class=\"ez-toc-title\" style=\"cursor:inherit\">Obsah \u010dl\u00e1nku<\/p>\n<span class=\"ez-toc-title-toggle\"><a href=\"#\" class=\"ez-toc-pull-right ez-toc-btn ez-toc-btn-xs ez-toc-btn-default ez-toc-toggle\" aria-label=\"Alternar tabela de conte\u00fado\"><span class=\"ez-toc-js-icon-con\"><span class=\"\"><span class=\"eztoc-hide\" style=\"display:none;\">Toggle<\/span><span class=\"ez-toc-icon-toggle-span\"><svg style=\"fill: #999;color:#999\" xmlns=\"http:\/\/www.w3.org\/2000\/svg\" class=\"list-377408\" width=\"20px\" height=\"20px\" viewBox=\"0 0 24 24\" fill=\"none\"><path d=\"M6 6H4v2h2V6zm14 0H8v2h12V6zM4 11h2v2H4v-2zm16 0H8v2h12v-2zM4 16h2v2H4v-2zm16 0H8v2h12v-2z\" fill=\"currentColor\"><\/path><\/svg><svg style=\"fill: #999;color:#999\" class=\"arrow-unsorted-368013\" xmlns=\"http:\/\/www.w3.org\/2000\/svg\" width=\"10px\" height=\"10px\" viewBox=\"0 0 24 24\" version=\"1.2\" baseProfile=\"tiny\"><path d=\"M18.2 9.3l-6.2-6.3-6.2 6.3c-.2.2-.3.4-.3.7s.1.5.3.7c.2.2.4.3.7.3h11c.3 0 .5-.1.7-.3.2-.2.3-.5.3-.7s-.1-.5-.3-.7zM5.8 14.7l6.2 6.3 6.2-6.3c.2-.2.3-.5.3-.7s-.1-.5-.3-.7c-.2-.2-.4-.3-.7-.3h-11c-.3 0-.5.1-.7.3-.2.2-.3.5-.3.7s.1.5.3.7z\"\/><\/svg><\/span><\/span><\/span><\/a><\/span><\/div>\n<nav><ul class='ez-toc-list ez-toc-list-level-1 ' ><li class='ez-toc-page-1 ez-toc-heading-level-2'><a class=\"ez-toc-link ez-toc-heading-1\" href=\"https:\/\/loudavymkrokem.cz\/pt-br\/pontos-turisticos-praga\/#Resumo\" >Resumo<\/a><\/li><li class='ez-toc-page-1 ez-toc-heading-level-2'><a class=\"ez-toc-link ez-toc-heading-2\" href=\"https:\/\/loudavymkrokem.cz\/pt-br\/pontos-turisticos-praga\/#Quando_visitar_os_pontos_turisticos_de_Praga\" >Quando visitar os pontos tur\u00edsticos de Praga<\/a><ul class='ez-toc-list-level-3' ><li class='ez-toc-heading-level-3'><a class=\"ez-toc-link ez-toc-heading-3\" href=\"https:\/\/loudavymkrokem.cz\/pt-br\/pontos-turisticos-praga\/#Primavera_e_verao_a_todo_vapor\" >Primavera e ver\u00e3o a todo vapor<\/a><\/li><li class='ez-toc-page-1 ez-toc-heading-level-3'><a class=\"ez-toc-link ez-toc-heading-4\" href=\"https:\/\/loudavymkrokem.cz\/pt-br\/pontos-turisticos-praga\/#Luz_de_outono_e_melancolia_de_inverno\" >Luz de outono e melancolia de inverno<\/a><\/li><li class='ez-toc-page-1 ez-toc-heading-level-3'><a class=\"ez-toc-link ez-toc-heading-5\" href=\"https:\/\/loudavymkrokem.cz\/pt-br\/pontos-turisticos-praga\/#Quanto_tempo_voce_vai_precisar\" >Quanto tempo voc\u00ea vai precisar<\/a><\/li><\/ul><\/li><li class='ez-toc-page-1 ez-toc-heading-level-2'><a class=\"ez-toc-link ez-toc-heading-6\" href=\"https:\/\/loudavymkrokem.cz\/pt-br\/pontos-turisticos-praga\/#Onde_se_hospedar\" >Onde se hospedar<\/a><\/li><li class='ez-toc-page-1 ez-toc-heading-level-2'><a class=\"ez-toc-link ez-toc-heading-7\" href=\"https:\/\/loudavymkrokem.cz\/pt-br\/pontos-turisticos-praga\/#Joias_da_coroa_o_melhor_da_Praga_historica\" >Joias da coroa: o melhor da Praga hist\u00f3rica<\/a><ul class='ez-toc-list-level-3' ><li class='ez-toc-heading-level-3'><a class=\"ez-toc-link ez-toc-heading-8\" href=\"https:\/\/loudavymkrokem.cz\/pt-br\/pontos-turisticos-praga\/#Castelo_de_Praga\" >Castelo de Praga<\/a><\/li><li class='ez-toc-page-1 ez-toc-heading-level-3'><a class=\"ez-toc-link ez-toc-heading-9\" href=\"https:\/\/loudavymkrokem.cz\/pt-br\/pontos-turisticos-praga\/#Catedral_de_Sao_Vito\" >Catedral de S\u00e3o Vito<\/a><\/li><li class='ez-toc-page-1 ez-toc-heading-level-3'><a class=\"ez-toc-link ez-toc-heading-10\" href=\"https:\/\/loudavymkrokem.cz\/pt-br\/pontos-turisticos-praga\/#Ponte_Carlos\" >Ponte Carlos<\/a><\/li><li class='ez-toc-page-1 ez-toc-heading-level-3'><a class=\"ez-toc-link ez-toc-heading-11\" href=\"https:\/\/loudavymkrokem.cz\/pt-br\/pontos-turisticos-praga\/#Praca_da_Cidade_Velha_e_Relogio_Astronomico\" >Pra\u00e7a da Cidade Velha e Rel\u00f3gio Astron\u00f4mico<\/a><\/li><li class='ez-toc-page-1 ez-toc-heading-level-3'><a class=\"ez-toc-link ez-toc-heading-12\" href=\"https:\/\/loudavymkrokem.cz\/pt-br\/pontos-turisticos-praga\/#Vysehrad\" >Vy\u0161ehrad<\/a><\/li><li class='ez-toc-page-1 ez-toc-heading-level-3'><a class=\"ez-toc-link ez-toc-heading-13\" href=\"https:\/\/loudavymkrokem.cz\/pt-br\/pontos-turisticos-praga\/#Petrin_e_torre_de_observacao\" >Pet\u0159\u00edn e torre de observa\u00e7\u00e3o<\/a><\/li><\/ul><\/li><li class='ez-toc-page-1 ez-toc-heading-level-2'><a class=\"ez-toc-link ez-toc-heading-14\" href=\"https:\/\/loudavymkrokem.cz\/pt-br\/pontos-turisticos-praga\/#Tesouros_sacros_e_centros_espirituais\" >Tesouros sacros e centros espirituais<\/a><ul class='ez-toc-list-level-3' ><li class='ez-toc-heading-level-3'><a class=\"ez-toc-link ez-toc-heading-15\" href=\"https:\/\/loudavymkrokem.cz\/pt-br\/pontos-turisticos-praga\/#Igreja_de_Tyn\" >Igreja de T\u00fdn<\/a><\/li><li class='ez-toc-page-1 ez-toc-heading-level-3'><a class=\"ez-toc-link ez-toc-heading-16\" href=\"https:\/\/loudavymkrokem.cz\/pt-br\/pontos-turisticos-praga\/#Igreja_de_Sao_Nicolau_em_Mala_Strana\" >Igreja de S\u00e3o Nicolau em Mal\u00e1 Strana<\/a><\/li><li class='ez-toc-page-1 ez-toc-heading-level-3'><a class=\"ez-toc-link ez-toc-heading-17\" href=\"https:\/\/loudavymkrokem.cz\/pt-br\/pontos-turisticos-praga\/#Loreta\" >Loreta<\/a><\/li><li class='ez-toc-page-1 ez-toc-heading-level-3'><a class=\"ez-toc-link ez-toc-heading-18\" href=\"https:\/\/loudavymkrokem.cz\/pt-br\/pontos-turisticos-praga\/#Mosteiro_de_Strahov\" >Mosteiro de Strahov<\/a><\/li><\/ul><\/li><li class='ez-toc-page-1 ez-toc-heading-level-2'><a class=\"ez-toc-link ez-toc-heading-19\" href=\"https:\/\/loudavymkrokem.cz\/pt-br\/pontos-turisticos-praga\/#Bairro_Judeu_Josefov\" >Bairro Judeu: Josefov<\/a><ul class='ez-toc-list-level-3' ><li class='ez-toc-heading-level-3'><a class=\"ez-toc-link ez-toc-heading-20\" href=\"https:\/\/loudavymkrokem.cz\/pt-br\/pontos-turisticos-praga\/#Sinagoga_Velha-Nova\" >Sinagoga Velha-Nova<\/a><\/li><li class='ez-toc-page-1 ez-toc-heading-level-3'><a class=\"ez-toc-link ez-toc-heading-21\" href=\"https:\/\/loudavymkrokem.cz\/pt-br\/pontos-turisticos-praga\/#Antigo_Cemiterio_Judaico\" >Antigo Cemit\u00e9rio Judaico<\/a><\/li><li class='ez-toc-page-1 ez-toc-heading-level-3'><a class=\"ez-toc-link ez-toc-heading-22\" href=\"https:\/\/loudavymkrokem.cz\/pt-br\/pontos-turisticos-praga\/#Sinagoga_Espanhola\" >Sinagoga Espanhola<\/a><\/li><\/ul><\/li><li class='ez-toc-page-1 ez-toc-heading-level-2'><a class=\"ez-toc-link ez-toc-heading-23\" href=\"https:\/\/loudavymkrokem.cz\/pt-br\/pontos-turisticos-praga\/#Marcos_modernos_e_construcoes_polemicas\" >Marcos modernos e constru\u00e7\u00f5es pol\u00eamicas<\/a><ul class='ez-toc-list-level-3' ><li class='ez-toc-heading-level-3'><a class=\"ez-toc-link ez-toc-heading-24\" href=\"https:\/\/loudavymkrokem.cz\/pt-br\/pontos-turisticos-praga\/#Casa_Dancante\" >Casa Dan\u00e7ante<\/a><\/li><li class='ez-toc-page-1 ez-toc-heading-level-3'><a class=\"ez-toc-link ez-toc-heading-25\" href=\"https:\/\/loudavymkrokem.cz\/pt-br\/pontos-turisticos-praga\/#Torre_de_TV_de_Zizkov\" >Torre de TV de \u017di\u017ekov<\/a><\/li><li class='ez-toc-page-1 ez-toc-heading-level-3'><a class=\"ez-toc-link ez-toc-heading-26\" href=\"https:\/\/loudavymkrokem.cz\/pt-br\/pontos-turisticos-praga\/#Cabeca_Giratoria_de_Franz_Kafka\" >Cabe\u00e7a Girat\u00f3ria de Franz Kafka<\/a><\/li><\/ul><\/li><li class='ez-toc-page-1 ez-toc-heading-level-2'><a class=\"ez-toc-link ez-toc-heading-27\" href=\"https:\/\/loudavymkrokem.cz\/pt-br\/pontos-turisticos-praga\/#Joias_escondidas_e_fugas_das_multidoes\" >Joias escondidas e fugas das multid\u00f5es<\/a><ul class='ez-toc-list-level-3' ><li class='ez-toc-heading-level-3'><a class=\"ez-toc-link ez-toc-heading-28\" href=\"https:\/\/loudavymkrokem.cz\/pt-br\/pontos-turisticos-praga\/#Jardim_Vrtbovska\" >Jardim Vrtbovsk\u00e1<\/a><\/li><li class='ez-toc-page-1 ez-toc-heading-level-3'><a class=\"ez-toc-link ez-toc-heading-29\" href=\"https:\/\/loudavymkrokem.cz\/pt-br\/pontos-turisticos-praga\/#Novy_Svet\" >Nov\u00fd Sv\u011bt<\/a><\/li><li class='ez-toc-page-1 ez-toc-heading-level-3'><a class=\"ez-toc-link ez-toc-heading-30\" href=\"https:\/\/loudavymkrokem.cz\/pt-br\/pontos-turisticos-praga\/#Clementinum_e_Biblioteca_Barroca\" >Clementinum e Biblioteca Barroca<\/a><\/li><li class='ez-toc-page-1 ez-toc-heading-level-3'><a class=\"ez-toc-link ez-toc-heading-31\" href=\"https:\/\/loudavymkrokem.cz\/pt-br\/pontos-turisticos-praga\/#Jardim_Wallenstein\" >Jardim Wallenstein<\/a><\/li><\/ul><\/li><li class='ez-toc-page-1 ez-toc-heading-level-2'><a class=\"ez-toc-link ez-toc-heading-32\" href=\"https:\/\/loudavymkrokem.cz\/pt-br\/pontos-turisticos-praga\/#Onde_comer\" >Onde comer<\/a><ul class='ez-toc-list-level-3' ><li class='ez-toc-heading-level-3'><a class=\"ez-toc-link ez-toc-heading-33\" href=\"https:\/\/loudavymkrokem.cz\/pt-br\/pontos-turisticos-praga\/#Eska_em_Karlin_e_bistros_aconchegantes\" >Eska em Karl\u00edn e bistr\u00f4s aconchegantes<\/a><\/li><\/ul><\/li><li class='ez-toc-page-1 ez-toc-heading-level-2'><a class=\"ez-toc-link ez-toc-heading-34\" href=\"https:\/\/loudavymkrokem.cz\/pt-br\/pontos-turisticos-praga\/#Informacoes_praticas\" >Informa\u00e7\u00f5es pr\u00e1ticas<\/a><\/li><li class='ez-toc-page-1 ez-toc-heading-level-2'><a class=\"ez-toc-link ez-toc-heading-35\" href=\"https:\/\/loudavymkrokem.cz\/pt-br\/pontos-turisticos-praga\/#Perguntas_frequentes\" >Perguntas frequentes<\/a><ul class='ez-toc-list-level-3' ><li class='ez-toc-heading-level-3'><a class=\"ez-toc-link ez-toc-heading-36\" href=\"https:\/\/loudavymkrokem.cz\/pt-br\/pontos-turisticos-praga\/#Quais_sao_os_pontos_turisticos_mais_importantes_de_Praga\" >Quais s\u00e3o os pontos tur\u00edsticos mais importantes de Praga?<\/a><\/li><li class='ez-toc-page-1 ez-toc-heading-level-3'><a class=\"ez-toc-link ez-toc-heading-37\" href=\"https:\/\/loudavymkrokem.cz\/pt-br\/pontos-turisticos-praga\/#Quantos_dias_preciso_para_conhecer_Praga\" >Quantos dias preciso para conhecer Praga?<\/a><\/li><li class='ez-toc-page-1 ez-toc-heading-level-3'><a class=\"ez-toc-link ez-toc-heading-38\" href=\"https:\/\/loudavymkrokem.cz\/pt-br\/pontos-turisticos-praga\/#Quais_pontos_turisticos_de_Praga_sao_gratuitos\" >Quais pontos tur\u00edsticos de Praga s\u00e3o gratuitos?<\/a><\/li><li class='ez-toc-page-1 ez-toc-heading-level-3'><a class=\"ez-toc-link ez-toc-heading-39\" href=\"https:\/\/loudavymkrokem.cz\/pt-br\/pontos-turisticos-praga\/#Como_funciona_o_transporte_publico_em_Praga\" >Como funciona o transporte p\u00fablico em Praga?<\/a><\/li><\/ul><\/li><\/ul><\/nav><\/div>\n<h2 class=\"wp-block-heading\"><span class=\"ez-toc-section\" id=\"Resumo\"><\/span><span class=\"ez-toc-section\" id=\"Resumo\"><\/span>Resumo<span class=\"ez-toc-section-end\"><\/span><span class=\"ez-toc-section-end\"><\/span><\/h2>\n<ul class=\"wp-block-list\">\n<li>O Castelo de Praga e a Catedral de S\u00e3o Vito s\u00e3o a base absoluta \u2014 reserve pelo menos meio dia para eles.<\/li>\n<li>A Ponte Carlos s\u00f3 \u00e9 tranquila bem cedinho de manh\u00e3; durante o dia parece uma rodovia movimentada.<\/li>\n<li>O Rel\u00f3gio Astron\u00f4mico na Pra\u00e7a da Cidade Velha dura exatamente 45 segundos \u2014 n\u00e3o planeje seu roteiro inteiro em torno dele.<\/li>\n<li>O Vy\u0161ehrad \u00e9 uma alternativa perfeita para fam\u00edlias com crian\u00e7as, com caminhos largos e vistas deslumbrantes sem multid\u00f5es.<\/li>\n<li>O Bairro Judeu (Josefov) guarda uma hist\u00f3ria fascinante \u2014 vale a pena comprar o passe combinado para as sinagogas.<\/li>\n<li>A <a class=\"thirstylink\" rel=\"nofollow\" target=\"_blank\" title=\"Tan\u010d\u00edc\u00ed d\u016fm\" href=\"https:\/\/loudavymkrokem.cz\/doporucujeme\/tancici-dum\/\" data-shortcode=\"true\">Casa Dan\u00e7ante<\/a> \u00e9 melhor apreciada por fora; para a vista, v\u00e1 ao bar no \u00faltimo andar em vez de pagar pela plataforma de observa\u00e7\u00e3o.<\/li>\n<li>O Jardim Vrtbovsk\u00e1 \u00e9 uma joia absoluta escondida pertinho do centro \u2014 um jardim barroco em terra\u00e7os que quase ningu\u00e9m conhece.<\/li>\n<li>O Clementinum abriga uma das bibliotecas hist\u00f3ricas mais bonitas do mundo \u2014 os ingressos esgotam r\u00e1pido.<\/li>\n<li>O bonde 22 \u00e9 nossa dica secreta: passa pelo Castelo, Mal\u00e1 Strana e Vy\u0161ehrad, e custa uma fra\u00e7\u00e3o de um t\u00e1xi.<\/li>\n<\/ul>\n<figure class=\"wp-block-image size-full\"><img loading=\"lazy\" decoding=\"async\" width=\"1200\" height=\"800\" src=\"https:\/\/loudavymkrokem.cz\/wp-content\/uploads\/2023\/07\/prazsky-hrad-4238.jpg\" alt=\"Catedral de S\u00e3o Vito no Castelo de Praga\" class=\"wp-image-151114\" title=\"\" srcset=\"https:\/\/loudavymkrokem.cz\/wp-content\/uploads\/2023\/07\/prazsky-hrad-4238.jpg 1200w, https:\/\/loudavymkrokem.cz\/wp-content\/uploads\/2023\/07\/prazsky-hrad-4238-300x200.jpg 300w, https:\/\/loudavymkrokem.cz\/wp-content\/uploads\/2023\/07\/prazsky-hrad-4238-700x467.jpg 700w, https:\/\/loudavymkrokem.cz\/wp-content\/uploads\/2023\/07\/prazsky-hrad-4238-768x512.jpg 768w, https:\/\/loudavymkrokem.cz\/wp-content\/uploads\/2023\/07\/prazsky-hrad-4238-696x464.jpg 696w\" sizes=\"auto, (max-width: 1200px) 100vw, 1200px\"><\/figure>\n<h2 class=\"wp-block-heading\"><span class=\"ez-toc-section\" id=\"Quando_visitar_os_pontos_turisticos_de_Praga\"><\/span><span class=\"ez-toc-section\" id=\"Quando_visitar_os_pontos_turisticos_de_Praga\"><\/span>Quando visitar os pontos tur\u00edsticos de Praga<span class=\"ez-toc-section-end\"><\/span><span class=\"ez-toc-section-end\"><\/span><\/h2>\n<p>Escolher a \u00e9poca certa para a visita \u00e9 metade do sucesso. A cidade muda n\u00e3o s\u00f3 com as esta\u00e7\u00f5es do ano, mas praticamente a cada hora. Quando se fala em Praga, patrim\u00f4nio da UNESCO, a maioria das pessoas imagina o sol de ver\u00e3o batendo nos telhados vermelhos \u2014 mas a realidade das ruas escaldantes costuma ser exaustiva.<\/p>\n<h3 class=\"wp-block-heading\"><span class=\"ez-toc-section\" id=\"Primavera_e_verao_a_todo_vapor\"><\/span><span class=\"ez-toc-section\" id=\"Primavera_e_verao_a_todo_vapor\"><\/span>Primavera e ver\u00e3o a todo vapor<span class=\"ez-toc-section-end\"><\/span><span class=\"ez-toc-section-end\"><\/span><\/h3>\n<p>Abril e maio tingem as encostas do Pet\u0159\u00edn de rosa e abrem os primeiros terra\u00e7os ao ar livre. Maio \u00e9, pessoalmente, meu m\u00eas favorito. Os dias se esticam e as temperaturas permitem longas caminhadas sem casaco. Tente acordar cedo e ir at\u00e9 o rio antes que o resto da cidade desperte.<\/p>\n<p>Com a chegada de junho a agosto, o calor de ver\u00e3o toma conta das ruas e o centro hist\u00f3rico fica lotado. Quando preciso fugir das ruas pavimentadas superaquecidas, vou para o parque Stromovka ou para os jardins Riegrovy sady.<\/p>\n<h3 class=\"wp-block-heading\"><span class=\"ez-toc-section\" id=\"Luz_de_outono_e_melancolia_de_inverno\"><\/span><span class=\"ez-toc-section\" id=\"Luz_de_outono_e_melancolia_de_inverno\"><\/span>Luz de outono e melancolia de inverno<span class=\"ez-toc-section-end\"><\/span><span class=\"ez-toc-section-end\"><\/span><\/h3>\n<p>Setembro ganha de todos, na minha opini\u00e3o. A luz dourada do ver\u00e3o indiano cai suavemente sobre as fachadas e as temperaturas baixam para um n\u00edvel agrad\u00e1vel. Os amantes de m\u00fasica cl\u00e1ssica podem conferir o festival Dvo\u0159\u00e1kova Praha, que em 2026 acontece de <strong>5 a 23 de setembro<\/strong>.<\/p>\n<p>Um verdadeiro espet\u00e1culo visual \u00e9 o Signal Festival, programado para <strong>15 a 18 de outubro de 2026<\/strong>. Janeiro e fevereiro, por outro lado, revelam a face mais crua da cidade. Os turistas desaparecem, as ruas escurecem e o frio penetrante logo te empurra para o restaurante mais pr\u00f3ximo para provar um reconfortante goulash.<\/p>\n<h3 class=\"wp-block-heading\"><span class=\"ez-toc-section\" id=\"Quanto_tempo_voce_vai_precisar\"><\/span><span class=\"ez-toc-section\" id=\"Quanto_tempo_voce_vai_precisar\"><\/span>Quanto tempo voc\u00ea vai precisar<span class=\"ez-toc-section-end\"><\/span><span class=\"ez-toc-section-end\"><\/span><\/h3>\n<p>Um fim de semana \u00e9 suficiente para o tri\u00e2ngulo dourado mais b\u00e1sico. Em dois dias voc\u00ea visita o Castelo, percorre o centro e d\u00e1 uma espiada em Mal\u00e1 Strana.<\/p>\n<p>Quatro a cinco dias, por\u00e9m, \u00e9 o equil\u00edbrio ideal. Voc\u00ea cobre as paradas obrigat\u00f3rias com calma, no terceiro dia sobe at\u00e9 o Vy\u0161ehrad e dedica o tempo restante a perambular sem rumo pelos bairros de Vinohrady ou Karl\u00edn.<\/p>\n<figure class=\"wp-block-image size-full\"><img loading=\"lazy\" decoding=\"async\" width=\"1200\" height=\"800\" src=\"https:\/\/loudavymkrokem.cz\/wp-content\/uploads\/2026\/04\/julius-hotel-praha-3880.jpg\" alt=\"Hotel em Praga\" class=\"wp-image-151063\" title=\"\" srcset=\"https:\/\/loudavymkrokem.cz\/wp-content\/uploads\/2026\/04\/julius-hotel-praha-3880.jpg 1200w, https:\/\/loudavymkrokem.cz\/wp-content\/uploads\/2026\/04\/julius-hotel-praha-3880-300x200.jpg 300w, https:\/\/loudavymkrokem.cz\/wp-content\/uploads\/2026\/04\/julius-hotel-praha-3880-700x467.jpg 700w, https:\/\/loudavymkrokem.cz\/wp-content\/uploads\/2026\/04\/julius-hotel-praha-3880-768x512.jpg 768w, https:\/\/loudavymkrokem.cz\/wp-content\/uploads\/2026\/04\/julius-hotel-praha-3880-696x464.jpg 696w\" sizes=\"auto, (max-width: 1200px) 100vw, 1200px\"><\/figure>\n<h2 class=\"wp-block-heading\"><span class=\"ez-toc-section\" id=\"Onde_se_hospedar\"><\/span><span class=\"ez-toc-section\" id=\"Onde_se_hospedar\"><\/span>Onde se hospedar<span class=\"ez-toc-section-end\"><\/span><span class=\"ez-toc-section-end\"><\/span><\/h2>\n<p>Se voc\u00ea est\u00e1 procurando uma base de onde todas as principais atra\u00e7\u00f5es fiquem a uma curta caminhada, mas que ao mesmo tempo fuja do maior barulho noturno, recomendo o <strong><a href=\"https:\/\/www.stay22.com\/allez\/booking?aid=lukaskonecny&amp;campaign=loudavymkrokemcz-thejuliuspraguerecenze&amp;product=lma&amp;habl=false&amp;isinc=false&amp;sid22=eyOhfbUVRdp25NRC&amp;conmeth=normal&amp;plng=cs-CZ&amp;pageCategory=travel&amp;source=direct&amp;medium=deeplink&amp;address=Prague%2C+Czechia&amp;link=https%3A%2F%2Fwww.booking.com%2Fsearchresults.html%3Faid%3D1607597%26dest_id%3D7310351%26dest_type%3Dhotel%26label%3Dv3.cmod2yxkvb9hy0838yfkjsa3k&amp;ref22=https%3A%2F%2Floudavymkrokem.cz%2Fthe-julius-prague-recenze\">The Julius Hotel<\/a><\/strong>, na Pra\u00e7a Senov\u00e1\u017en\u00e9. Ficamos hospedados l\u00e1 na nossa \u00faltima visita, em um espa\u00e7oso One Bedroom Suite que nos deu exatamente a estrutura que precis\u00e1vamos com o pequeno Jon\u00e1\u0161. O quarto era t\u00e3o tranquilo que o Jon\u00e1\u0161 dormiu antes de a gente terminar de desfazer as malas, e a equipe ainda lembrava de n\u00f3s no dia seguinte \u2014 coisa que sempre me encanta. \u263a\ufe0f Como vegetariana, adorei os caf\u00e9s da manh\u00e3 fartos e criativos, onde a carne definitivamente n\u00e3o era a \u00fanica estrela. Do hotel, voc\u00ea chega em dez minutos \u00e0 Pra\u00e7a Venceslau ou \u00e0 Torre da P\u00f3lvora. Confira pre\u00e7os e disponibilidade no <a href=\"https:\/\/www.booking.com\/hotel\/cz\/julius-meinl-house-prague.html?aid=2397601\" target=\"_blank\" rel=\"nofollow noopener\">Booking.com<\/a>.<\/p>\n<h2 class=\"wp-block-heading\"><span class=\"ez-toc-section\" id=\"Joias_da_coroa_o_melhor_da_Praga_historica\"><\/span><span class=\"ez-toc-section\" id=\"Joias_da_coroa_o_melhor_da_Praga_historica\"><\/span>Joias da coroa: o melhor da Praga hist\u00f3rica<span class=\"ez-toc-section-end\"><\/span><span class=\"ez-toc-section-end\"><\/span><\/h2>\n<p>Esta \u00e9 a parte do guia em que n\u00e3o tenho coragem de pular nada. Mesmo sendo local, tendo crescido e estudado aqui, ainda sinto algo como orgulho \u2014 ou pelo menos nostalgia \u2014 ao ver os telhados do Castelo desde o rio. \ud83d\ude01 Se \u00e9 a sua primeira vez na cidade, esses pontos simplesmente n\u00e3o podem ficar de fora do roteiro. Recomendo distribu\u00ed-los em v\u00e1rios dias, para que a admira\u00e7\u00e3o n\u00e3o vire apenas uma lista mec\u00e2nica de check-ins.<\/p>\n<h3 class=\"wp-block-heading\"><span class=\"ez-toc-section\" id=\"Castelo_de_Praga\"><\/span><span class=\"ez-toc-section\" id=\"Castelo_de_Praga\"><\/span>Castelo de Praga<span class=\"ez-toc-section-end\"><\/span><span class=\"ez-toc-section-end\"><\/span><\/h3>\n<p>O complexo do <a href=\"https:\/\/www.hrad.cz\" rel=\"nofollow noopener\" target=\"_blank\">Castelo de Praga<\/a> forma praticamente uma cidade independente acima da cidade. Percorrer seus p\u00e1tios \u00e9 como folhear um livro de hist\u00f3ria da arquitetura, desde funda\u00e7\u00f5es rom\u00e2nicas at\u00e9 as interven\u00e7\u00f5es do arquiteto Josip Ple\u010dnik no s\u00e9culo XX. Foi justamente aqui que eu e o Luk\u00e1\u0161 tivemos nosso primeiro encontro, e at\u00e9 hoje lembro daquela calma especial que se instala na Rua Dourada (Zlat\u00e1 uli\u010dka) ao entardecer, quando as maiores multid\u00f5es v\u00e3o embora.<\/p>\n<p>O circuito b\u00e1sico inclui o Antigo Pal\u00e1cio Real, a Bas\u00edlica de S\u00e3o Jorge, a Rua Dourada e a catedral. O ingresso custa <strong>18 \u20ac<\/strong> e o complexo abre \u00e0s <strong>6h<\/strong>, embora os edif\u00edcios hist\u00f3ricos s\u00f3 recebam visitantes a partir das 9h. O caminho mais f\u00e1cil \u00e9 pelo <strong>bonde 22<\/strong> at\u00e9 a parada Pra\u017esk\u00fd hrad. Para uma explora\u00e7\u00e3o mais detalhada, recomendo a <a href=\"https:\/\/www.getyourguide.com\/prague-l10\/?partner_id=MKZ64IS\" target=\"_blank\" rel=\"nofollow noopener\">reserva pelo GetYourGuide<\/a> com um guia local.<\/p>\n<figure class=\"wp-block-image size-full\"><img loading=\"lazy\" decoding=\"async\" width=\"1200\" height=\"800\" src=\"https:\/\/loudavymkrokem.cz\/wp-content\/uploads\/2023\/07\/prazsky-hrad-4194.jpg\" alt=\"Castelo de Praga\" class=\"wp-image-151117\" title=\"\" srcset=\"https:\/\/loudavymkrokem.cz\/wp-content\/uploads\/2023\/07\/prazsky-hrad-4194.jpg 1200w, https:\/\/loudavymkrokem.cz\/wp-content\/uploads\/2023\/07\/prazsky-hrad-4194-300x200.jpg 300w, https:\/\/loudavymkrokem.cz\/wp-content\/uploads\/2023\/07\/prazsky-hrad-4194-700x467.jpg 700w, https:\/\/loudavymkrokem.cz\/wp-content\/uploads\/2023\/07\/prazsky-hrad-4194-768x512.jpg 768w, https:\/\/loudavymkrokem.cz\/wp-content\/uploads\/2023\/07\/prazsky-hrad-4194-696x464.jpg 696w\" sizes=\"auto, (max-width: 1200px) 100vw, 1200px\"><\/figure>\n<h3 class=\"wp-block-heading\"><span class=\"ez-toc-section\" id=\"Catedral_de_Sao_Vito\"><\/span><span class=\"ez-toc-section\" id=\"Catedral_de_Sao_Vito\"><\/span>Catedral de S\u00e3o Vito<span class=\"ez-toc-section-end\"><\/span><span class=\"ez-toc-section-end\"><\/span><\/h3>\n<p>A <a href=\"https:\/\/www.katedralasvatehovita.cz\/cs\" rel=\"nofollow noopener\" target=\"_blank\">Catedral de S\u00e3o Vito<\/a> n\u00e3o \u00e9 apenas a maior igreja do pa\u00eds, mas sobretudo a dominante soberana de todo o complexo do castelo. Quando eu estava na faculdade fotografando arquitetura g\u00f3tica, passava horas observando como a luz da manh\u00e3 fragmentava cores atrav\u00e9s dos enormes vitrais, nos quais Alfons Mucha tamb\u00e9m deixou sua marca. A constru\u00e7\u00e3o levou quase seis s\u00e9culos, o que se reflete na combina\u00e7\u00e3o perfeita de estilos.<\/p>\n<p>L\u00e1 dentro voc\u00ea encontra t\u00famulos de reis tchecos e a deslumbrante Capela de S\u00e3o Venceslau, com paredes revestidas de pedras semipreciosas. A visita \u00e0 parte frontal da nave \u00e9 gratuita, mas para acessar a parte principal e os t\u00famulos reais \u00e9 necess\u00e1rio o ingresso do circuito do Castelo. Aberta diariamente das 9h \u00e0s 17h, aos domingos a partir das 12h por conta das missas. <strong>\ud83d\udca1 Dica de moradora:<\/strong> A torre sul da catedral oferece, na minha opini\u00e3o, a melhor vista da cidade. S\u00e3o 287 degraus estreitos em espiral, o ingresso \u00e9 \u00e0 parte (8 \u20ac) e a subida exige f\u00f4lego \u2014 mas vale muito a pena.<\/p>\n<figure class=\"wp-block-image size-full\"><img loading=\"lazy\" decoding=\"async\" width=\"1200\" height=\"800\" src=\"https:\/\/loudavymkrokem.cz\/wp-content\/uploads\/2023\/07\/prazsky-hrad-4215.jpg\" alt=\"Interior da Catedral de S\u00e3o Vito no Castelo de Praga\" class=\"wp-image-151116\" title=\"\" srcset=\"https:\/\/loudavymkrokem.cz\/wp-content\/uploads\/2023\/07\/prazsky-hrad-4215.jpg 1200w, https:\/\/loudavymkrokem.cz\/wp-content\/uploads\/2023\/07\/prazsky-hrad-4215-300x200.jpg 300w, https:\/\/loudavymkrokem.cz\/wp-content\/uploads\/2023\/07\/prazsky-hrad-4215-700x467.jpg 700w, https:\/\/loudavymkrokem.cz\/wp-content\/uploads\/2023\/07\/prazsky-hrad-4215-768x512.jpg 768w, https:\/\/loudavymkrokem.cz\/wp-content\/uploads\/2023\/07\/prazsky-hrad-4215-696x464.jpg 696w\" sizes=\"auto, (max-width: 1200px) 100vw, 1200px\"><figcaption class=\"wp-element-caption\">Catedral de S\u00e3o Vito: a dominante do Castelo de Praga<\/figcaption><\/figure>\n<h3 class=\"wp-block-heading\"><span class=\"ez-toc-section\" id=\"Ponte_Carlos\"><\/span><span class=\"ez-toc-section\" id=\"Ponte_Carlos\"><\/span>Ponte Carlos<span class=\"ez-toc-section-end\"><\/span><span class=\"ez-toc-section-end\"><\/span><\/h3>\n<p>A ponte de pedra mais antiga sobre o rio Vltava conecta a Cidade Velha a Mal\u00e1 Strana desde o s\u00e9culo XIV. Suas trinta est\u00e1tuas barrocas formam uma galeria a c\u00e9u aberto que, na n\u00e9voa matinal, ganha um ar quase m\u00edstico. Durante o dia, por\u00e9m, a ponte se transforma em uma art\u00e9ria pulsante cheia de caricaturistas, m\u00fasicos e milhares de visitantes.<\/p>\n<p>Caminhar por ela \u00e9, naturalmente, gratuito e o acesso \u00e9 livre 24 horas. Se voc\u00ea quer uma atmosfera mais tranquila, vale considerar uma <a href=\"https:\/\/www.getyourguide.com\/prague-l10\/?partner_id=MKZ64IS\" rel=\"nofollow noopener\" target=\"_blank\">reserva pelo GetYourGuide<\/a> para um passeio guiado pela manh\u00e3 ou um passeio de barco de madeira pelo Vltava, que passa bem debaixo de seus arcos. Para mais informa\u00e7\u00f5es, leia nosso <a href=\"https:\/\/loudavymkrokem.cz\/karluv-most\/\">artigo completo sobre a Ponte Carlos<\/a>. <strong>\ud83d\udca1 Dica de moradora:<\/strong> V\u00e1 antes das sete da manh\u00e3. \u00c9 a \u00fanica forma de apreciar as est\u00e1tuas sem ter que se espremer pela multid\u00e3o \u2014 e ainda de brinde voc\u00ea ver\u00e1 fot\u00f3grafos esperando o reflexo perfeito da luz na \u00e1gua.<\/p>\n<figure class=\"wp-block-image size-full\"><img loading=\"lazy\" decoding=\"async\" width=\"1200\" height=\"800\" src=\"https:\/\/loudavymkrokem.cz\/wp-content\/uploads\/2026\/04\/karluv-most-4116.jpg\" alt=\"Ponte Carlos em Praga\" class=\"wp-image-151096\" title=\"\" srcset=\"https:\/\/loudavymkrokem.cz\/wp-content\/uploads\/2026\/04\/karluv-most-4116.jpg 1200w, https:\/\/loudavymkrokem.cz\/wp-content\/uploads\/2026\/04\/karluv-most-4116-300x200.jpg 300w, https:\/\/loudavymkrokem.cz\/wp-content\/uploads\/2026\/04\/karluv-most-4116-700x467.jpg 700w, https:\/\/loudavymkrokem.cz\/wp-content\/uploads\/2026\/04\/karluv-most-4116-768x512.jpg 768w, https:\/\/loudavymkrokem.cz\/wp-content\/uploads\/2026\/04\/karluv-most-4116-696x464.jpg 696w\" sizes=\"auto, (max-width: 1200px) 100vw, 1200px\"><figcaption class=\"wp-element-caption\">Ponte Carlos<\/figcaption><\/figure>\n<h3 class=\"wp-block-heading\"><span class=\"ez-toc-section\" id=\"Praca_da_Cidade_Velha_e_Relogio_Astronomico\"><\/span><span class=\"ez-toc-section\" id=\"Praca_da_Cidade_Velha_e_Relogio_Astronomico\"><\/span>Pra\u00e7a da Cidade Velha e Rel\u00f3gio Astron\u00f4mico<span class=\"ez-toc-section-end\"><\/span><span class=\"ez-toc-section-end\"><\/span><\/h3>\n<p>O cora\u00e7\u00e3o do centro hist\u00f3rico bate na Pra\u00e7a da Cidade Velha (Starom\u011bstsk\u00e9 n\u00e1m\u011bst\u00ed). Cercada por pal\u00e1cios deslumbrantes, dominada pelo monumento ao reformador Jan Hus e pela torre g\u00f3tica da Prefeitura da Cidade Velha com o famoso Rel\u00f3gio Astron\u00f4mico (Orloj). A cada hora cheia, centenas de pessoas se re\u00fanem para assistir ao desfile dos ap\u00f3stolos.<\/p>\n<p>Sendo bem honesta: n\u00e3o planeje o dia inteiro em torno do Orloj. \u00c9 um show de 45 segundos que pega muita gente de surpresa pela brevidade. Por\u00e9m, vale pagar <strong>12 \u20ac<\/strong> pelo acesso \u00e0 torre da Prefeitura, de onde se tem uma vista panor\u00e2mica fant\u00e1stica da pra\u00e7a. Aberta diariamente das 9h \u00e0s 21h (\u00e0s segundas, a partir das 11h). Mais detalhes no nosso texto sobre a <a href=\"https:\/\/loudavymkrokem.cz\/staromestske-namesti-orloj\/\">Pra\u00e7a da Cidade Velha<\/a>. <strong>\ud83d\udca1 Dica de moradora:<\/strong> Em vez de ficar espremido na multid\u00e3o esperando o Orloj, v\u00e1 tomar um caf\u00e9 no primeiro andar do edif\u00edcio U Minuty, do outro lado. Da janela voc\u00ea v\u00ea os ap\u00f3stolos bem na altura dos olhos.<\/p>\n<figure class=\"wp-block-image size-full\"><img loading=\"lazy\" decoding=\"async\" width=\"1200\" height=\"800\" src=\"https:\/\/loudavymkrokem.cz\/wp-content\/uploads\/2026\/04\/prazsky-orloj-4046.jpg\" alt=\"Rel\u00f3gio Astron\u00f4mico de Praga\" class=\"wp-image-151083\" title=\"\" srcset=\"https:\/\/loudavymkrokem.cz\/wp-content\/uploads\/2026\/04\/prazsky-orloj-4046.jpg 1200w, https:\/\/loudavymkrokem.cz\/wp-content\/uploads\/2026\/04\/prazsky-orloj-4046-300x200.jpg 300w, https:\/\/loudavymkrokem.cz\/wp-content\/uploads\/2026\/04\/prazsky-orloj-4046-700x467.jpg 700w, https:\/\/loudavymkrokem.cz\/wp-content\/uploads\/2026\/04\/prazsky-orloj-4046-768x512.jpg 768w, https:\/\/loudavymkrokem.cz\/wp-content\/uploads\/2026\/04\/prazsky-orloj-4046-696x464.jpg 696w\" sizes=\"auto, (max-width: 1200px) 100vw, 1200px\"><figcaption class=\"wp-element-caption\">Rel\u00f3gio Astron\u00f4mico na Pra\u00e7a da Cidade Velha<\/figcaption><\/figure>\n<h3 class=\"wp-block-heading\"><span class=\"ez-toc-section\" id=\"Vysehrad\"><\/span><span class=\"ez-toc-section\" id=\"Vysehrad\"><\/span>Vy\u0161ehrad<span class=\"ez-toc-section-end\"><\/span><span class=\"ez-toc-section-end\"><\/span><\/h3>\n<p>O <a href=\"https:\/\/www.praha-vysehrad.cz\" rel=\"nofollow noopener\" target=\"_blank\">Vy\u0161ehrad<\/a> \u00e9 meu xod\u00f3 e o lugar para onde fujo sempre que o centro est\u00e1 insuport\u00e1vel. Segundo lendas, trata-se da mais antiga sede dos pr\u00edncipes tchecos; hoje \u00e9 um parque extenso cercado por muralhas barrocas. L\u00e1 dentro voc\u00ea encontra a impressionante Bas\u00edlica de S\u00e3o Pedro e S\u00e3o Paulo e o cemit\u00e9rio Slav\u00edn, onde repousam as personalidades tchecas mais ilustres, como o compositor Anton\u00edn Dvo\u0159\u00e1k e o escritor Karel \u010capek.<\/p>\n<p>Com o Jon\u00e1\u0161, adoramos especialmente os caminhos largos e asfaltados, perfeitos para carrinho de beb\u00ea, e os gramados espa\u00e7osos ideais para um piquenique. A entrada no complexo \u00e9 gratuita; paga-se apenas um pequeno ingresso para a bas\u00edlica (<strong>5 \u20ac<\/strong>) e para as casamatas. Voc\u00ea chega de <strong>metr\u00f4 linha C<\/strong> na esta\u00e7\u00e3o Vy\u0161ehrad e em dez minutos de caminhada est\u00e1 nos port\u00f5es. Confira nosso guia detalhado no artigo <a href=\"https:\/\/loudavymkrokem.cz\/vysehrad\/\">Vy\u0161ehrad<\/a>. <strong>\ud83d\udca1 Dica de moradora:<\/strong> As muralhas oferecem algumas das melhores vistas do Vltava e do Castelo de Praga. Compre um caf\u00e9 para viagem na \u010cek\u00e1rna pod Vy\u0161ehradem e tome l\u00e1 no alto, junto aos basti\u00f5es de tijolos.<\/p>\n<figure class=\"wp-block-image size-full\"><img loading=\"lazy\" decoding=\"async\" width=\"1200\" height=\"800\" src=\"https:\/\/loudavymkrokem.cz\/wp-content\/uploads\/2026\/04\/vysehrad-4319.jpg\" alt=\"Vista do Vy\u0161ehrad em Praga\" class=\"wp-image-151146\" title=\"\" srcset=\"https:\/\/loudavymkrokem.cz\/wp-content\/uploads\/2026\/04\/vysehrad-4319.jpg 1200w, https:\/\/loudavymkrokem.cz\/wp-content\/uploads\/2026\/04\/vysehrad-4319-300x200.jpg 300w, https:\/\/loudavymkrokem.cz\/wp-content\/uploads\/2026\/04\/vysehrad-4319-700x467.jpg 700w, https:\/\/loudavymkrokem.cz\/wp-content\/uploads\/2026\/04\/vysehrad-4319-768x512.jpg 768w, https:\/\/loudavymkrokem.cz\/wp-content\/uploads\/2026\/04\/vysehrad-4319-696x464.jpg 696w\" sizes=\"auto, (max-width: 1200px) 100vw, 1200px\"><figcaption class=\"wp-element-caption\">Vista do Vy\u0161ehrad<\/figcaption><\/figure>\n<h3 class=\"wp-block-heading\"><span class=\"ez-toc-section\" id=\"Petrin_e_torre_de_observacao\"><\/span><span class=\"ez-toc-section\" id=\"Petrin_e_torre_de_observacao\"><\/span>Pet\u0159\u00edn e torre de observa\u00e7\u00e3o<span class=\"ez-toc-section-end\"><\/span><span class=\"ez-toc-section-end\"><\/span><\/h3>\n<p>A colina verde que se ergue acima de Mal\u00e1 Strana \u00e9 um ref\u00fagio o ano inteiro para quem quer trocar as pedras das cal\u00e7adas por terra e \u00e1rvores. No topo fica a <a href=\"https:\/\/www.prague.eu\/cs\/objekt\/mista\/116\/petrinska-rozhledna\" rel=\"nofollow noopener\" target=\"_blank\">Torre de Observa\u00e7\u00e3o de Pet\u0159\u00edn<\/a>, uma vers\u00e3o em miniatura da Torre Eiffel de 1891, e pertinho dela o popular Labirinto de Espelhos.<\/p>\n<p>O funicular do Pet\u0159\u00edn est\u00e1 em reforma em 2026, ent\u00e3o a melhor forma de subir \u00e9 pelo bonde 22 at\u00e9 a parada Poho\u0159elec e de l\u00e1 fazer uma caminhada agrad\u00e1vel descendo pela colina, ou subir a p\u00e9 pelos Jardins de Strahov. O ingresso para a torre custa <strong>9 \u20ac<\/strong> e o hor\u00e1rio de funcionamento na temporada \u00e9 das 9h \u00e0s 20h. Leia mais no artigo <a href=\"https:\/\/loudavymkrokem.cz\/petrin-prazska-rozhledna\/\">Pet\u0159\u00edn e a torre de observa\u00e7\u00e3o<\/a>. <strong>\ud83d\udca1 Dica de moradora:<\/strong> Fuja dos caminhos asfaltados principais e passeie pelo Jardim Kinsk\u00fd, na encosta sul do Pet\u0159\u00edn. L\u00e1 tem lagos charmosos, uma igrejinha de madeira dos C\u00e1rpatos e pouqu\u00edssima gente.<\/p>\n<figure class=\"wp-block-image size-full\"><img loading=\"lazy\" decoding=\"async\" width=\"2000\" height=\"1333\" src=\"https:\/\/loudavymkrokem.cz\/wp-content\/uploads\/2023\/07\/petrinska-rozhledna-praha.jpg\" alt=\"Torre de observa\u00e7\u00e3o de Pet\u0159\u00edn em Praga\" class=\"wp-image-62965\" title=\"\" srcset=\"https:\/\/loudavymkrokem.cz\/wp-content\/uploads\/2023\/07\/petrinska-rozhledna-praha.jpg 2000w, https:\/\/loudavymkrokem.cz\/wp-content\/uploads\/2023\/07\/petrinska-rozhledna-praha-300x200.jpg 300w, https:\/\/loudavymkrokem.cz\/wp-content\/uploads\/2023\/07\/petrinska-rozhledna-praha-700x467.jpg 700w, https:\/\/loudavymkrokem.cz\/wp-content\/uploads\/2023\/07\/petrinska-rozhledna-praha-768x512.jpg 768w, https:\/\/loudavymkrokem.cz\/wp-content\/uploads\/2023\/07\/petrinska-rozhledna-praha-1536x1024.jpg 1536w, https:\/\/loudavymkrokem.cz\/wp-content\/uploads\/2023\/07\/petrinska-rozhledna-praha-696x464.jpg 696w, https:\/\/loudavymkrokem.cz\/wp-content\/uploads\/2023\/07\/petrinska-rozhledna-praha-1392x928.jpg 1392w, https:\/\/loudavymkrokem.cz\/wp-content\/uploads\/2023\/07\/petrinska-rozhledna-praha-1920x1280.jpg 1920w\" sizes=\"auto, (max-width: 2000px) 100vw, 2000px\"><figcaption class=\"wp-element-caption\">Pet\u0159\u00edn<\/figcaption><\/figure>\n<div class=\"lk-zazitky-module\">\n<style>\n.lk-zazitky-module * { box-sizing: border-box; margin: 0; padding: 0; }\n.lk-zazitky-module {\n  font-family: 'DM Sans', Georgia, sans-serif;\n  max-width: 100%;\n  margin: 2.5rem auto;\n  background: linear-gradient(135deg, #fdf6f3 0%, #fbede7 100%);\n  border: 1px solid #f0d9cc;\n  border-radius: 16px;\n  overflow: hidden;\n  box-shadow: 0 16px 48px rgba(217, 119, 87, 0.18), 0 4px 12px rgba(0,0,0,0.06);\n}\n.lk-zazitky-header {\n  position: relative;\n  padding: 24px 32px;\n  background: linear-gradient(135deg, #d97757 0%, #c46b4b 60%, #d97757 100%);\n  display: flex;\n  align-items: center;\n  gap: 18px;\n}\n.lk-zazitky-header::before {\n  content: '';\n  position: absolute;\n  inset: 0;\n  background: url(\"data:image\/svg+xml,%3Csvg width='60' height='60' viewBox='0 0 60 60' xmlns='http:\/\/www.w3.org\/2000\/svg'%3E%3Cg fill='none' fill-rule='evenodd'%3E%3Cg fill='%23ffffff' fill-opacity='0.05'%3E%3Cpath d='M36 34v-4h-2v4h-4v2h4v4h2v-4h4v-2h-4zm0-30V0h-2v4h-4v2h4v4h2V6h4V4h-4zM6 34v-4H4v4H0v2h4v4h2v-4h4v-2H6zM6 4V0H4v4H0v2h4v4h2V6h4V4H6z'\/%3E%3C\/g%3E%3C\/g%3E%3C\/svg%3E\") repeat;\n  pointer-events: none;\n}\n.lk-zazitky-header img {\n  width: 64px; height: 64px; border-radius: 12px; flex-shrink: 0;\n  object-fit: cover; box-shadow: 0 4px 12px rgba(0,0,0,0.18); position: relative; z-index: 1;\n}\n.lk-zazitky-header-text { position: relative; z-index: 1; }\n.lk-zazitky-eyebrow {\n  font-size: 10px; font-weight: 600; letter-spacing: 2.5px; text-transform: uppercase;\n  color: rgba(255,255,255,.92); margin-bottom: 5px;\n}\n.lk-zazitky-title {\n  font-family: 'Playfair Display', Georgia, serif;\n  font-size: 24px; font-weight: 700; color: #fff; line-height: 1.2;\n  text-shadow: 0 1px 2px rgba(0,0,0,0.12);\n}\n.lk-zazitky-subtitle {\n  font-size: 13px; color: rgba(255,255,255,.85); margin-top: 4px; font-weight: 300;\n}\n.lk-zazitky-grid {\n  display: grid;\n  grid-template-columns: 1fr 1fr 1fr;\n  gap: 1px;\n  background: rgba(217, 119, 87, 0.12);\n}\n.lk-zazitek-card {\n  background: #ffffff; padding: 22px; display: flex; flex-direction: column; gap: 11px;\n  transition: all 0.3s ease; text-decoration: none; color: inherit; position: relative;\n}\n.lk-zazitek-card:hover {\n  background: #fffaf7; transform: translateY(-2px);\n  box-shadow: 0 8px 24px rgba(217, 119, 87, 0.15); z-index: 1;\n}\n.lk-zazitek-card.is-category {\n  background: linear-gradient(135deg, #fffaf7 0%, #fff3eb 100%);\n  box-shadow: inset 0 1px 0 rgba(217, 119, 87, 0.1);\n}\n.lk-zazitek-card.is-category:hover {\n  background: linear-gradient(135deg, #fff7f2 0%, #ffeee3 100%);\n}\n.lk-zazitek-badge {\n  display: inline-flex; align-items: center; gap: 5px;\n  font-size: 10px; font-weight: 600; letter-spacing: 1.5px; text-transform: uppercase;\n  padding: 5px 11px; border-radius: 20px; width: fit-content;\n  background: rgba(217, 119, 87, 0.10); color: #c46b4b; border: 1px solid rgba(217, 119, 87, 0.22);\n}\n.lk-zazitek-card.is-category .lk-zazitek-badge {\n  background: linear-gradient(135deg, #d97757 0%, #c46b4b 100%); color: #fff;\n  border-color: #c46b4b; box-shadow: 0 2px 8px rgba(217, 119, 87, 0.28);\n}\n.lk-zazitek-name {\n  font-family: 'Playfair Display', Georgia, serif;\n  font-size: 17px; font-weight: 700; color: #111827; line-height: 1.3;\n}\n.lk-zazitek-desc {\n  font-size: 13px; color: #525252; line-height: 1.6; font-weight: 300; flex: 1;\n}\n.lk-zazitek-meta { display: flex; align-items: center; gap: 12px; flex-wrap: wrap; margin-top: 4px; }\n.lk-zazitek-price { font-size: 13px; color: #6b7280; }\n.lk-zazitek-price strong { color: #c46b4b; font-weight: 600; }\n.lk-zazitek-cta {\n  display: inline-flex; align-items: center; justify-content: center; gap: 7px;\n  margin-top: 8px; padding: 11px 16px; border-radius: 8px;\n  background: linear-gradient(135deg, #d97757 0%, #c46b4b 100%);\n  color: #fff; font-size: 13px; font-weight: 500; text-decoration: none;\n  letter-spacing: .3px; transition: all .2s ease; cursor: pointer; border: none;\n  text-align: center; box-shadow: 0 4px 12px rgba(217, 119, 87, 0.28);\n  white-space: nowrap;\n}\n.lk-zazitek-cta:hover {\n  background: linear-gradient(135deg, #c46b4b 0%, #b35e3f 100%);\n  transform: translateY(-1px); box-shadow: 0 6px 16px rgba(217, 119, 87, 0.38);\n}\n.lk-zazitek-card.is-category .lk-zazitek-cta {\n  background: linear-gradient(135deg, #3685fc 0%, #2a6fd9 100%);\n  box-shadow: 0 4px 12px rgba(54, 133, 252, 0.22);\n}\n.lk-zazitek-card.is-category .lk-zazitek-cta:hover {\n  background: linear-gradient(135deg, #2a6fd9 0%, #1e5bc4 100%);\n  box-shadow: 0 6px 16px rgba(54, 133, 252, 0.32);\n}\n.lk-zazitky-footer {\n  padding: 16px 32px;\n  background: linear-gradient(to bottom, #fdf6f3 0%, #f9eae2 100%);\n  border-top: 1px solid rgba(217, 119, 87, 0.18);\n  display: flex; align-items: center; justify-content: center; flex-wrap: wrap; gap: 12px;\n}\n.lk-zazitky-discount {\n  display: inline-flex; align-items: center; gap: 8px;\n  font-size: 13px; color: #6b3a26; font-weight: 500;\n}\n.lk-zazitky-discount-code {\n  font-family: 'Courier New', monospace; font-weight: 700; color: #c46b4b;\n  background: rgba(217, 119, 87, 0.12); padding: 4px 10px; border-radius: 6px;\n  letter-spacing: 1px; font-size: 13px;\n}\n.lk-zazitky-disclaimer {\n  font-size: 11px; color: #8a6e60; font-weight: 300; line-height: 1.5;\n}\n.lk-zazitky-disclaimer a { color: #c46b4b; text-decoration: none; }\n.lk-zazitky-disclaimer a:hover { text-decoration: underline; }\n@media (max-width: 720px) {\n  .lk-zazitky-grid { grid-template-columns: 1fr; }\n  .lk-zazitky-header { padding: 20px 18px; }\n  .lk-zazitky-footer { padding: 14px 18px; }\n  .lk-zazitek-card { padding: 20px; }\n  .lk-zazitky-title { font-size: 20px; }\n}\n<\/style>\n<div class=\"lk-zazitky-header\">\n    <img decoding=\"async\" src=\"https:\/\/loudavymkrokem.cz\/wp-content\/uploads\/2026\/02\/lukas-a-lucka.jpg\" alt=\"Luk\u00e1\u0161 e Lucie\" title=\"\"><\/p>\n<div class=\"lk-zazitky-header-text\">\n<div class=\"lk-zazitky-eyebrow\">Dica do Luk\u00e1\u0161 e da Lucie<\/div>\n<div class=\"lk-zazitky-title\">Viva Praga de um jeito diferente<\/div>\n<div class=\"lk-zazitky-subtitle\">3 dicas testadas com 5 % de desconto do parceiro Firma na z\u00e1\u017eitky<\/div>\n<\/p><\/div>\n<\/p><\/div>\n<div class=\"lk-zazitky-grid\">\n<p>    <a class=\"lk-zazitek-card\" href=\"https:\/\/www.firmanazazitky.cz\/plavba-po-vltave-s-obedem?utm_source=loudavymkrokem&amp;utm_medium=referral&amp;utm_campaign=nejkrasnejsi-pamatky-v-praze-20-mist-ktera-musite-videt-2026&amp;utm_content=zazitek-1\" target=\"_blank\" rel=\"nofollow noopener sponsored\"><br \/>\n      <span class=\"lk-zazitek-badge\">\ud83d\udee5 Passeio<\/span><\/p>\n<div class=\"lk-zazitek-name\">Passeio de barco pelo Vltava com almo\u00e7o<\/div>\n<div class=\"lk-zazitek-desc\">Vista rom\u00e2ntica dos pontos tur\u00edsticos de Praga a bordo &#8211; Ponte Carlos e Hrad\u010dany ao alcance dos olhos, almo\u00e7o para dois inclu\u00eddo.<\/div>\n<div class=\"lk-zazitek-meta\">\n        <span class=\"lk-zazitek-price\">a partir de <strong>85 \u20ac<\/strong><\/span>\n      <\/div>\n<p>      <span class=\"lk-zazitek-cta\"><br \/>\n        <svg width=\"14\" height=\"14\" viewBox=\"0 0 24 24\" fill=\"none\" stroke=\"currentColor\" stroke-width=\"2\"><path d=\"M18 13v6a2 2 0 0 1-2 2H5a2 2 0 0 1-2-2V8a2 2 0 0 1 2-2h6\"\/><polyline points=\"15 3 21 3 21 9\"\/><line x1=\"10\" y1=\"14\" x2=\"21\" y2=\"3\"\/><\/svg><br \/>\n        Reservar com desconto<br \/>\n      <\/span><br \/>\n    <\/a><\/p>\n<p>    <a class=\"lk-zazitek-card\" href=\"https:\/\/www.firmanazazitky.cz\/prazske-vyhlidky-na-elektrokolobezkach?utm_source=loudavymkrokem&amp;utm_medium=referral&amp;utm_campaign=nejkrasnejsi-pamatky-v-praze-20-mist-ktera-musite-videt-2026&amp;utm_content=zazitek-2\" target=\"_blank\" rel=\"nofollow noopener sponsored\"><br \/>\n      <span class=\"lk-zazitek-badge\">\ud83d\udef4 Experi\u00eancia<\/span><\/p>\n<div class=\"lk-zazitek-name\">Mirantes de Praga de patinete el\u00e9trico<\/div>\n<div class=\"lk-zazitek-desc\">Percorra os 20 lugares mais bonitos de Praga sem esfor\u00e7o &#8211; o guia leva voc\u00ea a mirantes que os turistas a p\u00e9 n\u00e3o alcan\u00e7am.<\/div>\n<div class=\"lk-zazitek-meta\">\n        <span class=\"lk-zazitek-price\">a partir de <strong>45 \u20ac<\/strong><\/span>\n      <\/div>\n<p>      <span class=\"lk-zazitek-cta\"><br \/>\n        <svg width=\"14\" height=\"14\" viewBox=\"0 0 24 24\" fill=\"none\" stroke=\"currentColor\" stroke-width=\"2\"><path d=\"M18 13v6a2 2 0 0 1-2 2H5a2 2 0 0 1-2-2V8a2 2 0 0 1 2-2h6\"\/><polyline points=\"15 3 21 3 21 9\"\/><line x1=\"10\" y1=\"14\" x2=\"21\" y2=\"3\"\/><\/svg><br \/>\n        Reservar com desconto<br \/>\n      <\/span><br \/>\n    <\/a><\/p>\n<p>    <a class=\"lk-zazitek-card is-category\" href=\"https:\/\/www.firmanazazitky.cz\/praha\/?utm_source=loudavymkrokem&amp;utm_medium=referral&amp;utm_campaign=nejkrasnejsi-pamatky-v-praze-20-mist-ktera-musite-videt-2026&amp;utm_content=kategorie\" target=\"_blank\" rel=\"nofollow noopener sponsored\"><br \/>\n      <span class=\"lk-zazitek-badge\">\u2b50 Todos<\/span><\/p>\n<div class=\"lk-zazitek-name\">Todas as experi\u00eancias em Praga<\/div>\n<div class=\"lk-zazitek-desc\">Centenas de experi\u00eancias em Praga em um s\u00f3 lugar &#8211; de passeios de barco e voos a gastronomia e bem-estar.<\/div>\n<p>      <span class=\"lk-zazitek-cta\"><br \/>\n        Explorar experi\u00eancias<br \/>\n        <svg width=\"12\" height=\"12\" viewBox=\"0 0 24 24\" fill=\"none\" stroke=\"currentColor\" stroke-width=\"2.5\"><polyline points=\"9 18 15 12 9 6\"\/><\/svg><br \/>\n      <\/span><br \/>\n    <\/a><\/p><\/div>\n<div class=\"lk-zazitky-footer\">\n    <span class=\"lk-zazitky-discount\"><br \/>\n      \u2b50 5 % de desconto com o c\u00f3digo<br \/>\n      <span class=\"lk-zazitky-discount-code\">LOUDAVYMKROKEM5<\/span><br \/>\n    <\/span>\n  <\/div>\n<\/div>\n<h2 class=\"wp-block-heading\"><span class=\"ez-toc-section\" id=\"Tesouros_sacros_e_centros_espirituais\"><\/span><span class=\"ez-toc-section\" id=\"Tesouros_sacros_e_centros_espirituais\"><\/span>Tesouros sacros e centros espirituais<span class=\"ez-toc-section-end\"><\/span><span class=\"ez-toc-section-end\"><\/span><\/h2>\n<p>As constru\u00e7\u00f5es religiosas de Praga n\u00e3o s\u00e3o apenas para fi\u00e9is. S\u00e3o galerias de arte de \u00e9poca, exemplos de engenharia magistral e, muitas vezes, espa\u00e7os com ac\u00fastica de tirar o f\u00f4lego. Se voc\u00ea quer ir mais fundo no assunto, d\u00ea uma olhada no nosso guia <a href=\"https:\/\/loudavymkrokem.cz\/prazske-kostely-a-synagogy\/\">Igrejas e sinagogas de Praga<\/a>.<\/p>\n<h3 class=\"wp-block-heading\"><span class=\"ez-toc-section\" id=\"Igreja_de_Tyn\"><\/span><span class=\"ez-toc-section\" id=\"Igreja_de_Tyn\"><\/span>Igreja de T\u00fdn<span class=\"ez-toc-section-end\"><\/span><span class=\"ez-toc-section-end\"><\/span><\/h3>\n<p>A Igreja de Nossa Senhora de T\u00fdn, com suas ic\u00f4nicas torres assim\u00e9tricas, domina a Pra\u00e7a da Cidade Velha ao lado da prefeitura. \u00c9 uma constru\u00e7\u00e3o g\u00f3tica fascinante cujo interior passou por reformas barrocas. L\u00e1 dentro se encontra o t\u00famulo do astr\u00f4nomo dinamarqu\u00eas Tycho Brahe.<\/p>\n<p>Apesar de ser enorme, encontrar a entrada pode ser um desafio, j\u00e1 que ela fica escondida atr\u00e1s das arcadas das casas na pra\u00e7a. A entrada \u00e9 por contribui\u00e7\u00e3o volunt\u00e1ria (sugere-se cerca de 2 \u20ac) e costuma abrir de ter\u00e7a a domingo, com pausa no almo\u00e7o. <strong>\ud83d\udca1 Dica de moradora:<\/strong> Repare que a torre direita (chamada Ad\u00e3o) \u00e9 um pouco mais larga e robusta que a esquerda (Eva). A assimetria intencional era comum no g\u00f3tico e simbolizava o princ\u00edpio masculino e feminino.<\/p>\n<h3 class=\"wp-block-heading\"><span class=\"ez-toc-section\" id=\"Igreja_de_Sao_Nicolau_em_Mala_Strana\"><\/span><span class=\"ez-toc-section\" id=\"Igreja_de_Sao_Nicolau_em_Mala_Strana\"><\/span>Igreja de S\u00e3o Nicolau em Mal\u00e1 Strana<span class=\"ez-toc-section-end\"><\/span><span class=\"ez-toc-section-end\"><\/span><\/h3>\n<p>A obra-prima de pai e filho Dientzenhofer \u00e9 o auge absoluto do barroco praiano e, sendo bem sincera, aquela c\u00fapula enorme com afrescos me hipnotiza at\u00e9 hoje \u2014 sempre paro e fico olhando para cima, mesmo depois de centenas de visitas. Al\u00e9m de tudo, Mozart tocou \u00f3rg\u00e3o aqui, o que eleva o lugar a outro patamar. \ud83d\ude01<\/p>\n<p>O interior \u00e9 lindamente iluminado e cada detalhe da decora\u00e7\u00e3o tem seu lugar exato. O ingresso custa <strong>5 \u20ac<\/strong> e o hor\u00e1rio de funcionamento \u00e9 diariamente das 9h \u00e0s 17h. Bem em frente \u00e0 igreja param os bondes na parada Malostransk\u00e9 n\u00e1m\u011bst\u00ed, uma m\u00e3o na roda quando suas pernas j\u00e1 n\u00e3o aguentam mais. <strong>\ud83d\udca1 Dica de moradora:<\/strong> Mediante um ingresso extra, voc\u00ea pode subir ao campan\u00e1rio ao lado. Durante o regime comunista, ele serviu como posto de observa\u00e7\u00e3o da pol\u00edcia secreta, de onde monitoravam as embaixadas ocidentais na vizinhan\u00e7a.<\/p>\n<figure class=\"wp-block-image size-full\"><img loading=\"lazy\" decoding=\"async\" width=\"1200\" height=\"800\" src=\"https:\/\/loudavymkrokem.cz\/wp-content\/uploads\/2023\/07\/prazsky-hrad-4173.jpg\" alt=\"Vista de Mal\u00e1 Strana com a Igreja de S\u00e3o Nicolau\" class=\"wp-image-151121\" title=\"\" srcset=\"https:\/\/loudavymkrokem.cz\/wp-content\/uploads\/2023\/07\/prazsky-hrad-4173.jpg 1200w, https:\/\/loudavymkrokem.cz\/wp-content\/uploads\/2023\/07\/prazsky-hrad-4173-300x200.jpg 300w, https:\/\/loudavymkrokem.cz\/wp-content\/uploads\/2023\/07\/prazsky-hrad-4173-700x467.jpg 700w, https:\/\/loudavymkrokem.cz\/wp-content\/uploads\/2023\/07\/prazsky-hrad-4173-768x512.jpg 768w, https:\/\/loudavymkrokem.cz\/wp-content\/uploads\/2023\/07\/prazsky-hrad-4173-696x464.jpg 696w\" sizes=\"auto, (max-width: 1200px) 100vw, 1200px\"><figcaption class=\"wp-element-caption\">Pet\u0159\u00edn<\/figcaption><\/figure>\n<h3 class=\"wp-block-heading\"><span class=\"ez-toc-section\" id=\"Loreta\"><\/span><span class=\"ez-toc-section\" id=\"Loreta\"><\/span>Loreta<span class=\"ez-toc-section-end\"><\/span><span class=\"ez-toc-section-end\"><\/span><\/h3>\n<p>A Loreta de Hrad\u010dany \u00e9 um local de peregrina\u00e7\u00e3o com atmosfera \u00fanica, dominado pelo famoso carrilh\u00e3o. A cada hora cheia, uma melodia mariana ecoa pelo p\u00e1tio, tocada por 27 sinos do final do s\u00e9culo XVII. O complexo inclui uma r\u00e9plica da Santa Casa, a igreja barroca da Natividade do Senhor e o tesouro, onde se encontra o Sol de Praga, um ostens\u00f3rio cravejado com mais de seis mil diamantes.<\/p>\n<p>S\u00f3 a caminhada pela pitoresca vizinhan\u00e7a j\u00e1 vale a visita. O ingresso custa <strong>9 \u20ac<\/strong>, aberto diariamente exceto \u00e0s segundas, das 10h \u00e0s 17h. Mais detalhes no nosso artigo <a href=\"https:\/\/loudavymkrokem.cz\/strahov-loreta-hradcany\/\">Strahov e Loreta<\/a>. <strong>\ud83d\udca1 Dica de moradora:<\/strong> O tesouro costuma ser fresquinho no ver\u00e3o. No p\u00e1tio, percorra os claustros com afrescos que contam hist\u00f3rias bem brutais de m\u00e1rtires \u2014 um contraste interessante com a serenidade do lugar.<\/p>\n<figure class=\"wp-block-image size-full\"><img loading=\"lazy\" decoding=\"async\" width=\"2000\" height=\"1500\" src=\"https:\/\/loudavymkrokem.cz\/wp-content\/uploads\/2023\/07\/prazska-loreta-praha.jpg\" alt=\"Loreta de Praga \u2014 monumento barroco hist\u00f3rico e local de peregrina\u00e7\u00e3o\" class=\"wp-image-62983\" title=\"\" srcset=\"https:\/\/loudavymkrokem.cz\/wp-content\/uploads\/2023\/07\/prazska-loreta-praha.jpg 2000w, https:\/\/loudavymkrokem.cz\/wp-content\/uploads\/2023\/07\/prazska-loreta-praha-300x225.jpg 300w, https:\/\/loudavymkrokem.cz\/wp-content\/uploads\/2023\/07\/prazska-loreta-praha-700x525.jpg 700w, https:\/\/loudavymkrokem.cz\/wp-content\/uploads\/2023\/07\/prazska-loreta-praha-768x576.jpg 768w, https:\/\/loudavymkrokem.cz\/wp-content\/uploads\/2023\/07\/prazska-loreta-praha-1536x1152.jpg 1536w, https:\/\/loudavymkrokem.cz\/wp-content\/uploads\/2023\/07\/prazska-loreta-praha-696x522.jpg 696w, https:\/\/loudavymkrokem.cz\/wp-content\/uploads\/2023\/07\/prazska-loreta-praha-1392x1044.jpg 1392w, https:\/\/loudavymkrokem.cz\/wp-content\/uploads\/2023\/07\/prazska-loreta-praha-1920x1440.jpg 1920w\" sizes=\"auto, (max-width: 2000px) 100vw, 2000px\"><figcaption class=\"wp-element-caption\">Loreta de Praga \u2014 not\u00e1vel monumento barroco e local de peregrina\u00e7\u00e3o com hist\u00f3ria cativante.<\/figcaption><\/figure>\n<h3 class=\"wp-block-heading\"><span class=\"ez-toc-section\" id=\"Mosteiro_de_Strahov\"><\/span><span class=\"ez-toc-section\" id=\"Mosteiro_de_Strahov\"><\/span>Mosteiro de Strahov<span class=\"ez-toc-section-end\"><\/span><span class=\"ez-toc-section-end\"><\/span><\/h3>\n<p>A poucos passos da Loreta fica o Mosteiro Premonstratenso de Strahov. Sua maior atra\u00e7\u00e3o \u00e9 a deslumbrante biblioteca, dividida em Sal\u00e3o Filos\u00f3fico e Sal\u00e3o Teol\u00f3gico. Estantes de madeira entalhada, globos antigos e afrescos no teto parecem ter sa\u00eddo diretamente dos filmes de Harry Potter.<\/p>\n<p>Quando voc\u00ea fica ali no sil\u00eancio do fim de tarde, consegue respirar a aut\u00eantica atmosfera hist\u00f3rica. O ingresso para a biblioteca custa <strong>6 \u20ac<\/strong>, aberto diariamente das 9h \u00e0s 17h (com pausa para almo\u00e7o). Chega-se pelo bonde 22, parada Poho\u0159elec. <strong>\ud83d\udca1 Dica de moradora:<\/strong> Os monges fabricam cerveja aqui h\u00e1 s\u00e9culos. A cervejaria do mosteiro, Kl\u00e1\u0161tern\u00ed pivovar Strahov, logo ao lado do p\u00e1tio, serve uma excelente cerveja especial meio escura S\u00e3o Norbert. Tamb\u00e9m t\u00eam \u00f3timas op\u00e7\u00f5es vegetarianas para comer, ent\u00e3o adoro voltar l\u00e1.<\/p>\n<figure class=\"wp-block-image size-full\"><img decoding=\"async\" src=\"https:\/\/loudavymkrokem.cz\/wp-content\/uploads\/2023\/07\/strahovsky-klaster-praha.jpg\" alt=\"Vista do Mosteiro de Strahov em Praga\" class=\"wp-image-73455\" title=\"\"><figcaption class=\"wp-element-caption\">Vista do Mosteiro de Strahov em Praga, Rep\u00fablica Tcheca. Telhados vermelhos e parques.<\/figcaption><\/figure>\n<h2 class=\"wp-block-heading\"><span class=\"ez-toc-section\" id=\"Bairro_Judeu_Josefov\"><\/span><span class=\"ez-toc-section\" id=\"Bairro_Judeu_Josefov\"><\/span>Bairro Judeu: Josefov<span class=\"ez-toc-section-end\"><\/span><span class=\"ez-toc-section-end\"><\/span><\/h2>\n<p>Josefov \u00e9 um daqueles bairros onde fico sem ar a cada visita \u2014 n\u00e3o pela arquitetura, mas pelo que aconteceu ali. A maior parte do gueto original foi demolida na virada do s\u00e9culo XIX para o XX, mas os monumentos mais valiosos foram preservados. Recomendo comprar o ingresso combinado do Museu Judaico. Para um contexto mais amplo, leia o guia <a href=\"https:\/\/loudavymkrokem.cz\/josefov-zidovska-ctvrt-praha\/\">Josefov e o bairro judeu<\/a>.<\/p>\n<h3 class=\"wp-block-heading\"><span class=\"ez-toc-section\" id=\"Sinagoga_Velha-Nova\"><\/span><span class=\"ez-toc-section\" id=\"Sinagoga_Velha-Nova\"><\/span>Sinagoga Velha-Nova<span class=\"ez-toc-section-end\"><\/span><span class=\"ez-toc-section-end\"><\/span><\/h3>\n<p>Uma das sinagogas em funcionamento mais antigas da Europa, datada do s\u00e9culo XIII. Diferente de muitas outras constru\u00e7\u00f5es pragenanas, ela preservou seu car\u00e1ter g\u00f3tico primitivo original. \u00c9 envolta em lendas, sendo a mais famosa a do Golem, que teria sido guardado pelo rabino L\u00f6w no s\u00f3t\u00e3o da sinagoga.<\/p>\n<p>O interior \u00e9 escuro, austero e profundamente impressionante. O ingresso pode ser comprado separadamente por <strong>11 \u20ac<\/strong>, ou como parte do circuito ampliado. Aberta diariamente, exceto aos s\u00e1bados e feriados judaicos. <strong>\ud83d\udca1 Dica de moradora:<\/strong> Repare nas pequenas janelas nas paredes. No passado, as mulheres assistiam \u00e0s cerim\u00f4nias por elas, j\u00e1 que tinham o acesso ao sal\u00e3o principal proibido e ficavam nos anexos laterais.<\/p>\n<figure class=\"wp-block-image size-full\"><img loading=\"lazy\" decoding=\"async\" width=\"1200\" height=\"800\" src=\"https:\/\/loudavymkrokem.cz\/wp-content\/uploads\/2026\/04\/josefov-4070.jpg\" alt=\"Bairro Judeu em Praga\" class=\"wp-image-151145\" title=\"\" srcset=\"https:\/\/loudavymkrokem.cz\/wp-content\/uploads\/2026\/04\/josefov-4070.jpg 1200w, https:\/\/loudavymkrokem.cz\/wp-content\/uploads\/2026\/04\/josefov-4070-300x200.jpg 300w, https:\/\/loudavymkrokem.cz\/wp-content\/uploads\/2026\/04\/josefov-4070-700x467.jpg 700w, https:\/\/loudavymkrokem.cz\/wp-content\/uploads\/2026\/04\/josefov-4070-768x512.jpg 768w, https:\/\/loudavymkrokem.cz\/wp-content\/uploads\/2026\/04\/josefov-4070-696x464.jpg 696w\" sizes=\"auto, (max-width: 1200px) 100vw, 1200px\"><figcaption class=\"wp-element-caption\">Bairro Judeu em Praga<\/figcaption><\/figure>\n<h3 class=\"wp-block-heading\"><span class=\"ez-toc-section\" id=\"Antigo_Cemiterio_Judaico\"><\/span><span class=\"ez-toc-section\" id=\"Antigo_Cemiterio_Judaico\"><\/span>Antigo Cemit\u00e9rio Judaico<span class=\"ez-toc-section-end\"><\/span><span class=\"ez-toc-section-end\"><\/span><\/h3>\n<p>Caminhar por este cemit\u00e9rio \u00e9 uma das experi\u00eancias mais marcantes da viagem. Por falta de espa\u00e7o, os sepultamentos aconteceram durante s\u00e9culos em v\u00e1rias camadas sobrepostas \u2014 dizem que em alguns pontos s\u00e3o at\u00e9 doze. O resultado \u00e9 um aglomerado fascinante de mais de doze mil l\u00e1pides inclinadas, cobertas de hera.<\/p>\n<p>Voc\u00ea encontra tamb\u00e9m o t\u00famulo do rabino L\u00f6w, onde as pessoas at\u00e9 hoje depositam pap\u00e9is com seus desejos. O acesso faz parte do circuito do <a href=\"https:\/\/www.jewishmuseum.cz\" rel=\"nofollow noopener\" target=\"_blank\">Museu Judaico<\/a> (ingresso <strong>22 \u20ac<\/strong>). Mais uma vez, faz sentido comprar os ingressos antecipadamente, por exemplo com uma <a href=\"https:\/\/www.getyourguide.com\/prague-l10\/?partner_id=MKZ64IS\" rel=\"nofollow noopener\" target=\"_blank\">reserva pelo GetYourGuide<\/a>. <strong>\ud83d\udca1 Dica de moradora:<\/strong> A entrada para o cemit\u00e9rio passa pela Sinagoga Pinkas, que funciona como memorial \u00e0s v\u00edtimas do Holocausto. As paredes cobertas com nomes das v\u00edtimas imp\u00f5em um sil\u00eancio absoluto antes mesmo de voc\u00ea pisar entre as l\u00e1pides.<\/p>\n<figure class=\"wp-block-image size-full\"><img loading=\"lazy\" decoding=\"async\" width=\"1200\" height=\"800\" src=\"https:\/\/loudavymkrokem.cz\/wp-content\/uploads\/2026\/04\/josefov-4058.jpg\" alt=\"Sinagoga Espanhola em Praga\" class=\"wp-image-151139\" title=\"\" srcset=\"https:\/\/loudavymkrokem.cz\/wp-content\/uploads\/2026\/04\/josefov-4058.jpg 1200w, https:\/\/loudavymkrokem.cz\/wp-content\/uploads\/2026\/04\/josefov-4058-300x200.jpg 300w, https:\/\/loudavymkrokem.cz\/wp-content\/uploads\/2026\/04\/josefov-4058-700x467.jpg 700w, https:\/\/loudavymkrokem.cz\/wp-content\/uploads\/2026\/04\/josefov-4058-768x512.jpg 768w, https:\/\/loudavymkrokem.cz\/wp-content\/uploads\/2026\/04\/josefov-4058-696x464.jpg 696w\" sizes=\"auto, (max-width: 1200px) 100vw, 1200px\"><figcaption class=\"wp-element-caption\">Sinagoga Espanhola em Praga<\/figcaption><\/figure>\n<h3 class=\"wp-block-heading\"><span class=\"ez-toc-section\" id=\"Sinagoga_Espanhola\"><\/span><span class=\"ez-toc-section\" id=\"Sinagoga_Espanhola\"><\/span>Sinagoga Espanhola<span class=\"ez-toc-section-end\"><\/span><span class=\"ez-toc-section-end\"><\/span><\/h3>\n<p>Se a Sinagoga Velha-Nova \u00e9 um exemplo de g\u00f3tico austero, a Sinagoga Espanhola \u00e9 o oposto absoluto. Constru\u00edda em estilo mourisco no s\u00e9culo XIX, o interior brilha em dourado, com padr\u00f5es geom\u00e9tricos elaborados e vitrais.<\/p>\n<p>Ela lembra mais os pal\u00e1cios da Alhambra andaluza do que uma casa de ora\u00e7\u00e3o da Europa Central. Tamb\u00e9m faz parte do circuito do Museu Judaico e, ap\u00f3s uma recente restaura\u00e7\u00e3o, est\u00e1 absolutamente deslumbrante. Pessoalmente, recomendo essa parada a todos que amam arquitetura detalhada e ricamente ornamentada. <strong>\ud83d\udca1 Dica de moradora:<\/strong> \u00c0 noite, acontecem frequentemente concertos de m\u00fasica cl\u00e1ssica na sinagoga. A ac\u00fastica \u00e9 excelente e o interior dourado iluminado eleva a experi\u00eancia musical a outro n\u00edvel.<\/p>\n<h2 class=\"wp-block-heading\"><span class=\"ez-toc-section\" id=\"Marcos_modernos_e_construcoes_polemicas\"><\/span><span class=\"ez-toc-section\" id=\"Marcos_modernos_e_construcoes_polemicas\"><\/span>Marcos modernos e constru\u00e7\u00f5es pol\u00eamicas<span class=\"ez-toc-section-end\"><\/span><span class=\"ez-toc-section-end\"><\/span><\/h2>\n<p>N\u00e3o s\u00e3o apenas torres e barroco que fazem a cidade ser o que ela \u00e9. A arquitetura moderna surgiu aqui em meio a discuss\u00f5es acaloradas e aos poucos se tornou parte integrante do espa\u00e7o urbano.<\/p>\n<h3 class=\"wp-block-heading\"><span class=\"ez-toc-section\" id=\"Casa_Dancante\"><\/span><span class=\"ez-toc-section\" id=\"Casa_Dancante\"><\/span>Casa Dan\u00e7ante<span class=\"ez-toc-section-end\"><\/span><span class=\"ez-toc-section-end\"><\/span><\/h3>\n<p>A obra de Frank Gehry e Vlado Miluni\u0107, dos dourados anos noventa, dividiu a sociedade em dois campos. Hoje, j\u00e1 n\u00e3o conseguimos imaginar a margem do rio junto \u00e0 Ponte Jir\u00e1sek sem essa constru\u00e7\u00e3o desconstrutivista, inspirada no casal de dan\u00e7arinos Fred Astaire e Ginger Rogers.<\/p>\n<p>Dentro funcionam escrit\u00f3rios, uma galeria e, no \u00faltimo andar, um restaurante com vista. Analiso o pr\u00e9dio em detalhes no artigo <a href=\"https:\/\/loudavymkrokem.cz\/tancici-dum-moderni-praha\/\">Casa Dan\u00e7ante<\/a>. <strong>\ud83d\udca1 Dica de moradora:<\/strong> N\u00e3o compre o ingresso caro para o terra\u00e7o de observa\u00e7\u00e3o. Suba de elevador at\u00e9 o Glass Bar no \u00faltimo andar, pe\u00e7a um caf\u00e9 ou drink e a vista j\u00e1 est\u00e1 inclusa no pre\u00e7o da bebida.<\/p>\n<figure class=\"wp-block-image size-full\"><img loading=\"lazy\" decoding=\"async\" width=\"2000\" height=\"1333\" src=\"https:\/\/loudavymkrokem.cz\/wp-content\/uploads\/2023\/07\/tancici-dum-praha.jpg\" alt=\"Casa Dan\u00e7ante \u2014 hotel e ponto tur\u00edstico em Praga\" class=\"wp-image-63066\" title=\"\" srcset=\"https:\/\/loudavymkrokem.cz\/wp-content\/uploads\/2023\/07\/tancici-dum-praha.jpg 2000w, https:\/\/loudavymkrokem.cz\/wp-content\/uploads\/2023\/07\/tancici-dum-praha-300x200.jpg 300w, https:\/\/loudavymkrokem.cz\/wp-content\/uploads\/2023\/07\/tancici-dum-praha-700x467.jpg 700w, https:\/\/loudavymkrokem.cz\/wp-content\/uploads\/2023\/07\/tancici-dum-praha-768x512.jpg 768w, https:\/\/loudavymkrokem.cz\/wp-content\/uploads\/2023\/07\/tancici-dum-praha-1536x1024.jpg 1536w, https:\/\/loudavymkrokem.cz\/wp-content\/uploads\/2023\/07\/tancici-dum-praha-696x464.jpg 696w, https:\/\/loudavymkrokem.cz\/wp-content\/uploads\/2023\/07\/tancici-dum-praha-1392x928.jpg 1392w, https:\/\/loudavymkrokem.cz\/wp-content\/uploads\/2023\/07\/tancici-dum-praha-1920x1280.jpg 1920w\" sizes=\"auto, (max-width: 2000px) 100vw, 2000px\"><figcaption class=\"wp-element-caption\"><a class=\"thirstylink\" rel=\"nofollow\" target=\"_blank\" title=\"Tan\u010d\u00edc\u00ed d\u016fm\" href=\"https:\/\/loudavymkrokem.cz\/doporucujeme\/tancici-dum\/\" data-shortcode=\"true\">Casa Dan\u00e7ante<\/a> \u2014 hotel em Praga<\/figcaption><\/figure>\n<h3 class=\"wp-block-heading\"><span class=\"ez-toc-section\" id=\"Torre_de_TV_de_Zizkov\"><\/span><span class=\"ez-toc-section\" id=\"Torre_de_TV_de_Zizkov\"><\/span>Torre de TV de \u017di\u017ekov<span class=\"ez-toc-section-end\"><\/span><span class=\"ez-toc-section-end\"><\/span><\/h3>\n<p>A constru\u00e7\u00e3o mais alta da cidade (216 metros) ainda provoca debates. O transmissor futurista com cabines de observa\u00e7\u00e3o parece uma nave espacial em meio aos velhos pr\u00e9dios de \u017di\u017ekov. De longe, voc\u00ea ver\u00e1 beb\u00eas gigantes pretos escalando a torre \u2014 esculturas de laminado do artista David \u010cern\u00fd que aliviaram visualmente a estrutura.<\/p>\n<p>O observat\u00f3rio a 93 metros de altura oferece uma vista 360\u00b0 incompar\u00e1vel. O ingresso b\u00e1sico custa <strong>12 \u20ac<\/strong> e funciona at\u00e9 a meia-noite. Essa altura realmente permite entender como a capital \u00e9 vasta e incrivelmente montanhosa. <strong>\ud83d\udca1 Dica de moradora:<\/strong> Logo abaixo da torre fica o parque Mahlerovy sady e o excelente restaurante Miminoo com terra\u00e7o ao ar livre. Para crian\u00e7as h\u00e1 um playground, ent\u00e3o com o Jon\u00e1\u0161 passamos bastante tempo ali, apreciando a torre de baixo.<\/p>\n<h3 class=\"wp-block-heading\"><span class=\"ez-toc-section\" id=\"Cabeca_Giratoria_de_Franz_Kafka\"><\/span><span class=\"ez-toc-section\" id=\"Cabeca_Giratoria_de_Franz_Kafka\"><\/span>Cabe\u00e7a Girat\u00f3ria de Franz Kafka<span class=\"ez-toc-section-end\"><\/span><span class=\"ez-toc-section-end\"><\/span><\/h3>\n<p>Mais uma cria\u00e7\u00e3o de David \u010cern\u00fd, desta vez instalada em uma pra\u00e7a movimentada junto ao shopping Quadrio, acima da esta\u00e7\u00e3o de metr\u00f4 N\u00e1rodn\u00ed t\u0159\u00edda. A escultura cin\u00e9tica pesa 39 toneladas e \u00e9 composta por 42 camadas m\u00f3veis que giram em intervalos regulares, reorganizando o rosto de Kafka.<\/p>\n<p>\u00c9 uma homenagem moderna ao c\u00e9lebre escritor e um exemplo fascinante de engenharia que vale muito a pena ver ao vivo. A observa\u00e7\u00e3o \u00e9, claro, gratuita. <strong>\ud83d\udca1 Dica de moradora:<\/strong> A escultura entra em movimento a cada hora cheia, por quinze minutos. Prefira ir \u00e0 noite, quando \u00e9 iluminada e a superf\u00edcie brilhante reflete as luzes da cidade ao redor.<\/p>\n<figure class=\"wp-block-image size-full\"><img decoding=\"async\" src=\"https:\/\/loudavymkrokem.cz\/wp-content\/uploads\/2023\/07\/hlava-franze-kafky.jpg\" alt=\"Cabe\u00e7a girat\u00f3ria de Franz Kafka em Praga\" class=\"wp-image-73495\" title=\"\"><figcaption class=\"wp-element-caption\">Cabe\u00e7a girat\u00f3ria de Franz Kafka em Praga<\/figcaption><\/figure>\n<h2 class=\"wp-block-heading\"><span class=\"ez-toc-section\" id=\"Joias_escondidas_e_fugas_das_multidoes\"><\/span><span class=\"ez-toc-section\" id=\"Joias_escondidas_e_fugas_das_multidoes\"><\/span>Joias escondidas e fugas das multid\u00f5es<span class=\"ez-toc-section-end\"><\/span><span class=\"ez-toc-section-end\"><\/span><\/h2>\n<p>\u00c0s vezes voc\u00ea simplesmente precisa desligar e se esconder. Em todos os anos que morei no centro e fui \u00e0 escola por ali, montei uma lista de lugares para onde fugir quando a Ponte Carlos est\u00e1 intransit\u00e1vel.<\/p>\n<h3 class=\"wp-block-heading\"><span class=\"ez-toc-section\" id=\"Jardim_Vrtbovska\"><\/span><span class=\"ez-toc-section\" id=\"Jardim_Vrtbovska\"><\/span>Jardim Vrtbovsk\u00e1<span class=\"ez-toc-section-end\"><\/span><span class=\"ez-toc-section-end\"><\/span><\/h3>\n<p>Essa \u00e9 uma joia absoluta. Uma entrada discreta na Rua Karmelitsk\u00e1 leva voc\u00ea a um dos mais belos jardins barrocos em terra\u00e7o da Europa. Constru\u00eddo na encosta do Pet\u0159\u00edn, oferece canteiros lindamente sim\u00e9tricos, est\u00e1tuas de Maty\u00e1\u0161 Bernard Braun e uma vista incr\u00edvel da Igreja de S\u00e3o Nicolau.<\/p>\n<p>Toda vez que entro ali, sinto como se estivesse em outro mundo, longe do barulho dos carros e das multid\u00f5es de turistas. Aberto de abril a outubro, ingresso a <strong>5 \u20ac<\/strong>. <strong>\ud83d\udca1 Dica de moradora:<\/strong> O jardim \u00e9 um local popular para fotos de casamento. V\u00e1 de prefer\u00eancia em um dia de semana pela manh\u00e3 \u2014 nos fins de semana, voc\u00ea vai ter que desviar de noivas.<\/p>\n<figure class=\"wp-block-image size-full\"><img loading=\"lazy\" decoding=\"async\" width=\"2000\" height=\"1333\" src=\"https:\/\/loudavymkrokem.cz\/wp-content\/uploads\/2023\/07\/vrtbovske-zahrady-praha.jpg\" alt=\"Jardim Vrtbovsk\u00e1 em Praga\" class=\"wp-image-63063\" title=\"\" srcset=\"https:\/\/loudavymkrokem.cz\/wp-content\/uploads\/2023\/07\/vrtbovske-zahrady-praha.jpg 2000w, https:\/\/loudavymkrokem.cz\/wp-content\/uploads\/2023\/07\/vrtbovske-zahrady-praha-300x200.jpg 300w, https:\/\/loudavymkrokem.cz\/wp-content\/uploads\/2023\/07\/vrtbovske-zahrady-praha-700x467.jpg 700w, https:\/\/loudavymkrokem.cz\/wp-content\/uploads\/2023\/07\/vrtbovske-zahrady-praha-768x512.jpg 768w, https:\/\/loudavymkrokem.cz\/wp-content\/uploads\/2023\/07\/vrtbovske-zahrady-praha-1536x1024.jpg 1536w, https:\/\/loudavymkrokem.cz\/wp-content\/uploads\/2023\/07\/vrtbovske-zahrady-praha-696x464.jpg 696w, https:\/\/loudavymkrokem.cz\/wp-content\/uploads\/2023\/07\/vrtbovske-zahrady-praha-1392x928.jpg 1392w, https:\/\/loudavymkrokem.cz\/wp-content\/uploads\/2023\/07\/vrtbovske-zahrady-praha-1920x1280.jpg 1920w\" sizes=\"auto, (max-width: 2000px) 100vw, 2000px\"><figcaption class=\"wp-element-caption\">Jardim Vrtbovsk\u00e1<\/figcaption><\/figure>\n<h3 class=\"wp-block-heading\"><span class=\"ez-toc-section\" id=\"Novy_Svet\"><\/span><span class=\"ez-toc-section\" id=\"Novy_Svet\"><\/span>Nov\u00fd Sv\u011bt<span class=\"ez-toc-section-end\"><\/span><span class=\"ez-toc-section-end\"><\/span><\/h3>\n<p>O pequeno bairro escondido atr\u00e1s do Castelo de Praga parece ter parado no tempo. Ruelas tortuosas, casinhas min\u00fasculas com telhados de palha, sil\u00eancio absoluto. Antigamente morava aqui a classe mais pobre do castelo, e hoje \u00e9, na minha opini\u00e3o, o retrato mais puro da Praga antiga \u2014 sem museus, sem vitrines, sem multid\u00f5es.<\/p>\n<p>Na verdade n\u00e3o h\u00e1 nenhuma atra\u00e7\u00e3o tur\u00edstica oficial aqui, e \u00e9 justamente isso que torna o lugar t\u00e3o especial. S\u00f3 calma, paralelep\u00edpedos e um encanto inacredit\u00e1vel. <strong>\ud83d\udca1 Dica de moradora:<\/strong> Pare no pequeno caf\u00e9 Kav\u00e1rna Nov\u00fd Sv\u011bt. Eles t\u00eam caf\u00e9 especial excelente e um p\u00e1tio tranquilo.<\/p>\n<figure class=\"wp-block-image size-full\"><img loading=\"lazy\" decoding=\"async\" width=\"2000\" height=\"1500\" src=\"https:\/\/loudavymkrokem.cz\/wp-content\/uploads\/2023\/07\/novy-svet-praha.jpg\" alt=\"Nov\u00fd Sv\u011bt em Praga\" class=\"wp-image-62982\" title=\"\" srcset=\"https:\/\/loudavymkrokem.cz\/wp-content\/uploads\/2023\/07\/novy-svet-praha.jpg 2000w, https:\/\/loudavymkrokem.cz\/wp-content\/uploads\/2023\/07\/novy-svet-praha-300x225.jpg 300w, https:\/\/loudavymkrokem.cz\/wp-content\/uploads\/2023\/07\/novy-svet-praha-700x525.jpg 700w, https:\/\/loudavymkrokem.cz\/wp-content\/uploads\/2023\/07\/novy-svet-praha-768x576.jpg 768w, https:\/\/loudavymkrokem.cz\/wp-content\/uploads\/2023\/07\/novy-svet-praha-1536x1152.jpg 1536w, https:\/\/loudavymkrokem.cz\/wp-content\/uploads\/2023\/07\/novy-svet-praha-696x522.jpg 696w, https:\/\/loudavymkrokem.cz\/wp-content\/uploads\/2023\/07\/novy-svet-praha-1392x1044.jpg 1392w, https:\/\/loudavymkrokem.cz\/wp-content\/uploads\/2023\/07\/novy-svet-praha-1920x1440.jpg 1920w\" sizes=\"auto, (max-width: 2000px) 100vw, 2000px\"><figcaption class=\"wp-element-caption\">Antiga ruela medieval estreita e pavimentada com pequenas casas em Nov\u00fd Sv\u011bt, bairro de Hrad\u010dany, Praga, Rep\u00fablica Tcheca.<\/figcaption><\/figure>\n<h3 class=\"wp-block-heading\"><span class=\"ez-toc-section\" id=\"Clementinum_e_Biblioteca_Barroca\"><\/span><span class=\"ez-toc-section\" id=\"Clementinum_e_Biblioteca_Barroca\"><\/span>Clementinum e Biblioteca Barroca<span class=\"ez-toc-section-end\"><\/span><span class=\"ez-toc-section-end\"><\/span><\/h3>\n<p>O imenso complexo do antigo col\u00e9gio jesu\u00edta, logo ao lado da Ponte Carlos, oferece visita \u00e0 Biblioteca Barroca, ao Sal\u00e3o do Meridiano e \u00e0 Torre Astron\u00f4mica. A biblioteca com seus globos hist\u00f3ricos \u00e9 simplesmente de tirar o f\u00f4lego e tem uma majestade inacredit\u00e1vel.<\/p>\n<p>As visitas acontecem somente com guia e os ingressos de <strong>15 \u20ac<\/strong> costumam esgotar rapidamente. Quem gosta de hist\u00f3ria da ci\u00eancia ou de livros antigos n\u00e3o pode perder essa visita.<\/p>\n<div class=\"gyg-iframe-container\" style=\"margin-bottom:1.5em\" class=\"wp-block-cgb-block-gyg-wp-plugin\"><iframe style=\"border:0;height:100%;width:100%\" title=\"GetYourGuide activities widget\" src=\"https:\/\/widget.getyourguide.com\/default\/activities.frame?widget=wp_activities&amp;currency=CSK&amp;locale_code=en-GB&amp;number_of_items=3&amp;partner_id=MKZ64IS&amp;q=klementinum\"><\/iframe><\/div>\n<h3 class=\"wp-block-heading\"><span class=\"ez-toc-section\" id=\"Jardim_Wallenstein\"><\/span><span class=\"ez-toc-section\" id=\"Jardim_Wallenstein\"><\/span>Jardim Wallenstein<span class=\"ez-toc-section-end\"><\/span><span class=\"ez-toc-section-end\"><\/span><\/h3>\n<p>A sede do Senado do Parlamento Tcheco esconde um jardim de acesso livre, repleto de pav\u00f5es, fontes e com uma enorme parede artificial de estalactites (gruta), na qual, olhando de perto, est\u00e3o escondidos rostos de monstros.<\/p>\n<p>\u00c9 um lugar excelente para descansar ap\u00f3s visitar Mal\u00e1 Strana. O verde e o som da \u00e1gua corrente refrescam maravilhosamente. Aberto de abril a outubro, entrada gratuita. <strong>\ud83d\udca1 Dica de moradora:<\/strong> Os pav\u00f5es no jardim est\u00e3o acostumados com gente, mas n\u00e3o os alimente. Sente-se em um banco com vista para a Sala terrena e curta a tranquilidade.<\/p>\n<h2 class=\"wp-block-heading\"><span class=\"ez-toc-section\" id=\"Onde_comer\"><\/span><span class=\"ez-toc-section\" id=\"Onde_comer\"><\/span>Onde comer<span class=\"ez-toc-section-end\"><\/span><span class=\"ez-toc-section-end\"><\/span><\/h2>\n<p>Depois de um dia inteiro andando pelas ruas de paralelep\u00edpedo, a fome \u00e9 garantida. Acontece toda vez comigo e com o Luk\u00e1\u0161 quando percorremos o centro inteiro. Por sorte, h\u00e1 uma por\u00e7\u00e3o de lugares que v\u00e3o muito al\u00e9m da cerveja cara para turistas \u2014 com comida excelente e aquela atmosfera aconchegante que a gente procura.<\/p>\n<p>Como vegetariana, tenho um gosto bem exigente para o que considero um bom almo\u00e7o, ent\u00e3o evito os restaurantes tradicionais com molhos pesados \u00e0 base de carne. Confira meus lugares favoritos, onde sempre volto com prazer.<\/p>\n<h3 class=\"wp-block-heading\"><span class=\"ez-toc-section\" id=\"Eska_em_Karlin_e_bistros_aconchegantes\"><\/span><span class=\"ez-toc-section\" id=\"Eska_em_Karlin_e_bistros_aconchegantes\"><\/span>Eska em Karl\u00edn e bistr\u00f4s aconchegantes<span class=\"ez-toc-section-end\"><\/span><span class=\"ez-toc-section-end\"><\/span><\/h3>\n<p>Quando precisamos mudar de ares e fugir do centro lotado, adoramos pegar o bonde com a fam\u00edlia e ir at\u00e9 Karl\u00edn. L\u00e1 reina o Eska, um restaurante que combina uma padaria incr\u00edvel com gastronomia tcheca moderna. Os pratos s\u00e3o preparados com ingredientes locais, e seus p\u00e3ezinhos e p\u00e3es assados no forno a lenha s\u00e3o simplesmente famosos. \u00c9 exatamente aquele tipo de bistr\u00f4 onde voc\u00ea se sente acolhido e relaxado.<\/p>\n<p>Se quiser algo mais sofisticado, experimente o restaurante do <a class=\"thirstylink\" rel=\"nofollow\" target=\"_blank\" title=\"The Julius Hotel\" href=\"https:\/\/loudavymkrokem.cz\/doporucujeme\/the-julius-hotel\/\" data-shortcode=\"true\">Julius Hotel<\/a>, que tamb\u00e9m tem op\u00e7\u00f5es vegetarianas. Costuma ser tranquilo e fica pertinho da Pra\u00e7a da Rep\u00fablica (N\u00e1m\u011bst\u00ed Republiky).<\/p>\n<figure class=\"wp-block-image size-full\"><img loading=\"lazy\" decoding=\"async\" width=\"2048\" height=\"1366\" src=\"https:\/\/loudavymkrokem.cz\/wp-content\/uploads\/2026\/04\/julius-hotel-praha-4281-scaled.jpg\" alt=\"The Julius Hotel \u2014 avalia\u00e7\u00e3o do melhor hotel em Praga\" class=\"wp-image-151070\" title=\"\" srcset=\"https:\/\/loudavymkrokem.cz\/wp-content\/uploads\/2026\/04\/julius-hotel-praha-4281-scaled.jpg 2048w, https:\/\/loudavymkrokem.cz\/wp-content\/uploads\/2026\/04\/julius-hotel-praha-4281-300x200.jpg 300w, https:\/\/loudavymkrokem.cz\/wp-content\/uploads\/2026\/04\/julius-hotel-praha-4281-700x467.jpg 700w, https:\/\/loudavymkrokem.cz\/wp-content\/uploads\/2026\/04\/julius-hotel-praha-4281-768x512.jpg 768w, https:\/\/loudavymkrokem.cz\/wp-content\/uploads\/2026\/04\/julius-hotel-praha-4281-1536x1024.jpg 1536w, https:\/\/loudavymkrokem.cz\/wp-content\/uploads\/2026\/04\/julius-hotel-praha-4281-696x464.jpg 696w, https:\/\/loudavymkrokem.cz\/wp-content\/uploads\/2026\/04\/julius-hotel-praha-4281-1392x928.jpg 1392w, https:\/\/loudavymkrokem.cz\/wp-content\/uploads\/2026\/04\/julius-hotel-praha-4281-1920x1280.jpg 1920w\" sizes=\"auto, (max-width: 2048px) 100vw, 2048px\"><\/figure>\n<p>Outra dica favorita \u00e9 o Maitrea, perto da Pra\u00e7a da Cidade Velha. \u00c9 um restaurante vegetariano fant\u00e1stico escondido em uma rua lateral, com um interior lindo, cheio de madeira e uma energia calmante. Oferece vers\u00f5es sem carne de pratos tradicionais e tamb\u00e9m fus\u00e3o asi\u00e1tica \u2014 o que j\u00e1 me salvou em mais de uma caminhada exaustiva pelas ruelas hist\u00f3ricas.<\/p>\n<h2 class=\"wp-block-heading\"><span class=\"ez-toc-section\" id=\"Informacoes_praticas\"><\/span><span class=\"ez-toc-section\" id=\"Informacoes_praticas\"><\/span>Informa\u00e7\u00f5es pr\u00e1ticas<span class=\"ez-toc-section-end\"><\/span><span class=\"ez-toc-section-end\"><\/span><\/h2>\n<p>Praga \u00e9, felizmente, uma cidade compacta e o transporte p\u00fablico funciona muito bem \u2014 ent\u00e3o voc\u00ea realmente n\u00e3o precisa de carro. N\u00f3s, com o Jon\u00e1\u0161 no carrinho, percorremos a maior parte do centro a p\u00e9 e pegamos o bonde quando os morros ficaram demais. \ud83d\ude05 O bilhete b\u00e1sico de 30 minutos custa <strong>1,20 \u20ac<\/strong>, o de 90 minutos sai por <strong>1,60 \u20ac<\/strong> e o passe de 24 horas fica em <strong>6 \u20ac<\/strong>. Compre os bilhetes nas m\u00e1quinas autom\u00e1ticas, no aplicativo PID L\u00edta\u010dka ou diretamente com cart\u00e3o contactless nos terminais laranjas dentro dos bondes e \u00f4nibus.<\/p>\n<p>Se voc\u00ea planeja visitar v\u00e1rios locais pagos (Rel\u00f3gio Astron\u00f4mico, Pet\u0159\u00edn, Bairro Judeu), calcule se n\u00e3o compensa comprar o Prague Visitor Pass. Ele funciona como bilhete de transporte e ingresso ao mesmo tempo, economizando tempo nas filas.<\/p>\n<p>Para brasileiros, Praga n\u00e3o exige visto para estadias de at\u00e9 90 dias (espa\u00e7o Schengen). Voos diretos do Brasil n\u00e3o existem, mas companhias como LATAM, TAP e Lufthansa fazem conex\u00f5es via Lisboa, Frankfurt ou Munique com bons pre\u00e7os. O idioma oficial \u00e9 o tcheco, mas nas \u00e1reas tur\u00edsticas quase todo mundo fala ingl\u00eas \u2014 ent\u00e3o a comunica\u00e7\u00e3o n\u00e3o ser\u00e1 um problema. A moeda local \u00e9 a coroa tcheca (CZK), e cart\u00f5es de cr\u00e9dito s\u00e3o aceitos praticamente em todos os lugares, facilitando muito a vida.<\/p>\n<h2 class=\"wp-block-heading\"><span class=\"ez-toc-section\" id=\"Perguntas_frequentes\"><\/span><span class=\"ez-toc-section\" id=\"Perguntas_frequentes\"><\/span>Perguntas frequentes<span class=\"ez-toc-section-end\"><\/span><span class=\"ez-toc-section-end\"><\/span><\/h2>\n<div id=\"rank-math-faq\" class=\"rank-math-block\">\n<div class=\"rank-math-list \">\n<div id=\"faq-question-1777052791328\" class=\"rank-math-list-item\">\n<h3 class=\"rank-math-question \"><span class=\"ez-toc-section\" id=\"Quais_sao_os_pontos_turisticos_mais_importantes_de_Praga\"><\/span><span class=\"ez-toc-section\" id=\"Quais_sao_os_pontos_turisticos_mais_importantes_de_Praga\"><\/span><strong style=\"white-space: normal\">Quais s\u00e3o os pontos tur\u00edsticos mais importantes de Praga?<\/strong><span class=\"ez-toc-section-end\"><\/span><span class=\"ez-toc-section-end\"><\/span><\/h3>\n<div class=\"rank-math-answer \">\n<p>Entre os imperd\u00edveis est\u00e3o o Castelo de Praga com a Catedral de S\u00e3o Vito, a Ponte Carlos, a Pra\u00e7a da Cidade Velha com o Rel\u00f3gio Astron\u00f4mico e o bairro hist\u00f3rico de Josefov. Esses locais formam o n\u00facleo dos monumentos protegidos pela UNESCO.<\/p>\n<\/div>\n<\/div>\n<div id=\"faq-question-1777052800946\" class=\"rank-math-list-item\">\n<h3 class=\"rank-math-question \"><span class=\"ez-toc-section\" id=\"Quantos_dias_preciso_para_conhecer_Praga\"><\/span><span class=\"ez-toc-section\" id=\"Quantos_dias_preciso_para_conhecer_Praga\"><\/span><strong>Quantos dias preciso para conhecer Praga?<\/strong><span class=\"ez-toc-section-end\"><\/span><span class=\"ez-toc-section-end\"><\/span><\/h3>\n<div class=\"rank-math-answer \">\n<p>Para uma primeira visita cobrindo os principais pontos, recomendo pelo menos tr\u00eas dias. Se quiser curtir tamb\u00e9m a atmosfera dos caf\u00e9s, parques e bairros mais afastados como Karl\u00edn ou Vinohrady, reserve de quatro a cinco dias.<\/p>\n<\/div>\n<\/div>\n<div id=\"faq-question-1777052808243\" class=\"rank-math-list-item\">\n<h3 class=\"rank-math-question \"><span class=\"ez-toc-section\" id=\"Quais_pontos_turisticos_de_Praga_sao_gratuitos\"><\/span><span class=\"ez-toc-section\" id=\"Quais_pontos_turisticos_de_Praga_sao_gratuitos\"><\/span><strong>Quais pontos tur\u00edsticos de Praga s\u00e3o gratuitos?<\/strong><span class=\"ez-toc-section-end\"><\/span><span class=\"ez-toc-section-end\"><\/span><\/h3>\n<div class=\"rank-math-answer \">\n<p>Voc\u00ea pode passear gratuitamente pela Ponte Carlos, pelo complexo do Castelo de Praga (p\u00e1tios e parte frontal da catedral), pelo Vy\u0161ehrad, pelo Jardim Wallenstein, ou admirar esculturas e instala\u00e7\u00f5es modernas em espa\u00e7os p\u00fablicos.<\/p>\n<\/div>\n<\/div>\n<div id=\"faq-question-1777052819784\" class=\"rank-math-list-item\">\n<h3 class=\"rank-math-question \"><span class=\"ez-toc-section\" id=\"Como_funciona_o_transporte_publico_em_Praga\"><\/span><span class=\"ez-toc-section\" id=\"Como_funciona_o_transporte_publico_em_Praga\"><\/span><strong>Como funciona o transporte p\u00fablico em Praga?<\/strong> <span class=\"ez-toc-section-end\"><\/span><span class=\"ez-toc-section-end\"><\/span><\/h3>\n<div class=\"rank-math-answer \">\n<p>O transporte p\u00fablico \u00e9 composto por metr\u00f4, bondes e \u00f4nibus. Os bilhetes s\u00e3o v\u00e1lidos para baldea\u00e7\u00e3o e funcionam por tempo (30 minutos, 90 minutos, 24 horas). Podem ser comprados no aplicativo, nas m\u00e1quinas ou diretamente nos ve\u00edculos com cart\u00e3o contactless.<\/p>\n<\/div>\n<\/div>\n<\/div>\n<\/div><\/p>\n","protected":false},"excerpt":{"rendered":"<p>Quando penso nos pontos tur\u00edsticos de Praga, lembro das folhas \u00famidas de outono escorregando pelas pedras da cal\u00e7ada enquanto eu e o Luk\u00e1\u0161 sub\u00edamos pela primeira vez a Rua Nerudova. Veja os 20 lugares mais bonitos da capital tcheca.<\/p>\n","protected":false},"author":3,"featured_media":151114,"comment_status":"open","ping_status":"open","sticky":false,"template":"","format":"standard","meta":{"footnotes":"","rank_math_title":"","rank_math_description":"","rank_math_focus_keyword":"","rank_math_seo_score":""},"categories":[1121,1157],"tags":[],"class_list":{"0":"post-151258","1":"post","2":"type-post","3":"status-publish","4":"format-standard","5":"has-post-thumbnail","7":"category-europa","8":"category-republica-tcheca"},"featured_image_src":"https:\/\/loudavymkrokem.cz\/wp-content\/uploads\/2023\/07\/prazsky-hrad-4238.jpg","author_info":{"display_name":"Lucie Kone\u010dn\u00e1","author_link":"https:\/\/loudavymkrokem.cz\/pt-br\/author\/lucie-konecna\/"},"_links":{"self":[{"href":"https:\/\/loudavymkrokem.cz\/pt-br\/wp-json\/wp\/v2\/posts\/151258","targetHints":{"allow":["GET"]}}],"collection":[{"href":"https:\/\/loudavymkrokem.cz\/pt-br\/wp-json\/wp\/v2\/posts"}],"about":[{"href":"https:\/\/loudavymkrokem.cz\/pt-br\/wp-json\/wp\/v2\/types\/post"}],"author":[{"embeddable":true,"href":"https:\/\/loudavymkrokem.cz\/pt-br\/wp-json\/wp\/v2\/users\/3"}],"replies":[{"embeddable":true,"href":"https:\/\/loudavymkrokem.cz\/pt-br\/wp-json\/wp\/v2\/comments?post=151258"}],"version-history":[{"count":1,"href":"https:\/\/loudavymkrokem.cz\/pt-br\/wp-json\/wp\/v2\/posts\/151258\/revisions"}],"predecessor-version":[{"id":151693,"href":"https:\/\/loudavymkrokem.cz\/pt-br\/wp-json\/wp\/v2\/posts\/151258\/revisions\/151693"}],"wp:featuredmedia":[{"embeddable":true,"href":"https:\/\/loudavymkrokem.cz\/pt-br\/wp-json\/wp\/v2\/media\/151114"}],"wp:attachment":[{"href":"https:\/\/loudavymkrokem.cz\/pt-br\/wp-json\/wp\/v2\/media?parent=151258"}],"wp:term":[{"taxonomy":"category","embeddable":true,"href":"https:\/\/loudavymkrokem.cz\/pt-br\/wp-json\/wp\/v2\/categories?post=151258"},{"taxonomy":"post_tag","embeddable":true,"href":"https:\/\/loudavymkrokem.cz\/pt-br\/wp-json\/wp\/v2\/tags?post=151258"}],"curies":[{"name":"wp","href":"https:\/\/api.w.org\/{rel}","templated":true}]}}