{"id":151257,"date":"2026-04-24T20:26:17","date_gmt":"2026-04-24T18:26:17","guid":{"rendered":"https:\/\/loudavymkrokem.cz\/?p=151257"},"modified":"2026-04-30T11:07:57","modified_gmt":"2026-04-30T09:07:57","slug":"vysehrad-guia-praga-tchequia","status":"publish","type":"post","link":"https:\/\/loudavymkrokem.cz\/pt-br\/vysehrad-guia-praga-tchequia\/","title":{"rendered":"Vy\u0161ehrad: Guia Completo do Segundo Castelo de Praga (bas\u00edlica, cemit\u00e9rio, muralhas)"},"content":{"rendered":"<p>Todo ano no Natal eu ia at\u00e9 o Vy\u0161ehrad para ler um poema no t\u00famulo de M\u00e1cha, um dos maiores poetas tchecos. <strong>Era um costume que mantive desde o ensino m\u00e9dio. Amo o Vy\u0161ehrad, gosto dele no inverno, no ver\u00e3o, no outono e na primavera. Quando passamos nosso primeiro Natal juntos, eu e o Luk\u00e1\u0161, foi justamente para o Vy\u0161ehrad que o arrastei na v\u00e9spera de Natal.<\/strong><\/p>\n<p>Se voc\u00ea est\u00e1 planejando visitar Praga, na Tch\u00e9quia, o Vy\u0161ehrad \u00e9 aquele segredo que os moradores locais guardam para si. Enquanto no Castelo de Praga (Hrad\u010dany) voc\u00ea se espreme na multid\u00e3o e luta por cada cent\u00edmetro quadrado, aqui voc\u00ea encontra praguenses com suas toalhas de piquenique, passeadores de cachorros e corredores que serpenteiam entre as imponentes muralhas barrocas. Hoje frequentamos o lugar com nosso filho de dois anos, Jon\u00e1\u0161. Os longos caminhos asfaltados ao longo das muralhas s\u00e3o absolutamente perfeitos para carrinho de beb\u00ea, e os vastos parques sob \u00e1rvores frondosas oferecem uma sombra maravilhosa no ver\u00e3o escaldante. Al\u00e9m disso, como vegetariana, adoro que ao descer para os bairros de Podol\u00ed ou V\u00fdto\u0148, voc\u00ea encontra v\u00e1rios bistr\u00f4s excelentes com op\u00e7\u00f5es muito al\u00e9m do tradicional queijo empanado tcheco.<\/p>\n<p>Todo esse espa\u00e7o elevado sobre o rio Moldava (Vltava) tem ainda a enorme vantagem de que, apesar de ser um lugar important\u00edssimo na hist\u00f3ria tcheca \u2014 envolto em lendas sobre a princesa Libu\u0161e \u2014, mant\u00e9m uma atmosfera incrivelmente relaxada, quase de parque urbano. <strong>Voc\u00ea pode passear por aqui durante horas, sentar nas muralhas com as pernas balan\u00e7ando e observar os barcos no rio. N\u00e3o \u00e9 um museu r\u00edgido com catracas, mas sim um bairro vivo da cidade, para onde vale muito a pena fugir das ruas sufocantes de paralelep\u00edpedo da Cidade Velha.<\/strong><\/p>\n<p>Neste artigo voc\u00ea encontra um guia completo do <strong>Vy\u0161ehrad<\/strong>, incluindo detalhes sobre o hor\u00e1rio de funcionamento da <strong>Bas\u00edlica de S\u00e3o Pedro e S\u00e3o Paulo<\/strong>, onde fica exatamente o <strong>Cemit\u00e9rio de Vy\u0161ehrad<\/strong> e o famoso <strong>Slav\u00edn<\/strong>, e por que voc\u00ea n\u00e3o pode perder a mais antiga <strong>Rotunda de S\u00e3o Martinho<\/strong>.<\/p>\n<figure class=\"wp-block-image size-full\"><img loading=\"lazy\" decoding=\"async\" width=\"1200\" height=\"800\" src=\"https:\/\/loudavymkrokem.cz\/wp-content\/uploads\/2026\/04\/vysehrad-4319.jpg\" alt=\"Vista do Vy\u0161ehrad em Praga\" class=\"wp-image-151146\" title=\"\" srcset=\"https:\/\/loudavymkrokem.cz\/wp-content\/uploads\/2026\/04\/vysehrad-4319.jpg 1200w, https:\/\/loudavymkrokem.cz\/wp-content\/uploads\/2026\/04\/vysehrad-4319-300x200.jpg 300w, https:\/\/loudavymkrokem.cz\/wp-content\/uploads\/2026\/04\/vysehrad-4319-700x467.jpg 700w, https:\/\/loudavymkrokem.cz\/wp-content\/uploads\/2026\/04\/vysehrad-4319-768x512.jpg 768w, https:\/\/loudavymkrokem.cz\/wp-content\/uploads\/2026\/04\/vysehrad-4319-696x464.jpg 696w\" sizes=\"auto, (max-width: 1200px) 100vw, 1200px\"><figcaption class=\"wp-element-caption\">Vista do Vy\u0161ehrad em Praga<\/figcaption><\/figure>\n<div id=\"ez-toc-container\" class=\"ez-toc-v2_0_82_2 ez-toc-wrap-left counter-hierarchy ez-toc-counter ez-toc-grey ez-toc-container-direction\">\n<div class=\"ez-toc-title-container\">\n<p class=\"ez-toc-title\" style=\"cursor:inherit\">Obsah \u010dl\u00e1nku<\/p>\n<span class=\"ez-toc-title-toggle\"><a href=\"#\" class=\"ez-toc-pull-right ez-toc-btn ez-toc-btn-xs ez-toc-btn-default ez-toc-toggle\" aria-label=\"Alternar tabela de conte\u00fado\"><span class=\"ez-toc-js-icon-con\"><span class=\"\"><span class=\"eztoc-hide\" style=\"display:none;\">Toggle<\/span><span class=\"ez-toc-icon-toggle-span\"><svg style=\"fill: #999;color:#999\" xmlns=\"http:\/\/www.w3.org\/2000\/svg\" class=\"list-377408\" width=\"20px\" height=\"20px\" viewBox=\"0 0 24 24\" fill=\"none\"><path d=\"M6 6H4v2h2V6zm14 0H8v2h12V6zM4 11h2v2H4v-2zm16 0H8v2h12v-2zM4 16h2v2H4v-2zm16 0H8v2h12v-2z\" fill=\"currentColor\"><\/path><\/svg><svg style=\"fill: #999;color:#999\" class=\"arrow-unsorted-368013\" xmlns=\"http:\/\/www.w3.org\/2000\/svg\" width=\"10px\" height=\"10px\" viewBox=\"0 0 24 24\" version=\"1.2\" baseProfile=\"tiny\"><path d=\"M18.2 9.3l-6.2-6.3-6.2 6.3c-.2.2-.3.4-.3.7s.1.5.3.7c.2.2.4.3.7.3h11c.3 0 .5-.1.7-.3.2-.2.3-.5.3-.7s-.1-.5-.3-.7zM5.8 14.7l6.2 6.3 6.2-6.3c.2-.2.3-.5.3-.7s-.1-.5-.3-.7c-.2-.2-.4-.3-.7-.3h-11c-.3 0-.5.1-.7.3-.2.2-.3.5-.3.7s.1.5.3.7z\"\/><\/svg><\/span><\/span><\/span><\/a><\/span><\/div>\n<nav><ul class='ez-toc-list ez-toc-list-level-1 ' ><ul class='ez-toc-list-level-3' ><li class='ez-toc-heading-level-3'><a class=\"ez-toc-link ez-toc-heading-1\" href=\"https:\/\/loudavymkrokem.cz\/pt-br\/vysehrad-guia-praga-tchequia\/#Resumo\" >Resumo<\/a><\/li><\/ul><\/li><li class='ez-toc-page-1 ez-toc-heading-level-2'><a class=\"ez-toc-link ez-toc-heading-2\" href=\"https:\/\/loudavymkrokem.cz\/pt-br\/vysehrad-guia-praga-tchequia\/#Quando_ir_ao_Vysehrad_e_como_planejar\" >Quando ir ao Vy\u0161ehrad e como planejar<\/a><ul class='ez-toc-list-level-3' ><li class='ez-toc-heading-level-3'><a class=\"ez-toc-link ez-toc-heading-3\" href=\"https:\/\/loudavymkrokem.cz\/pt-br\/vysehrad-guia-praga-tchequia\/#Primavera_e_outono_como_favoritos_absolutos\" >Primavera e outono como favoritos absolutos<\/a><\/li><li class='ez-toc-page-1 ez-toc-heading-level-3'><a class=\"ez-toc-link ez-toc-heading-4\" href=\"https:\/\/loudavymkrokem.cz\/pt-br\/vysehrad-guia-praga-tchequia\/#Noites_de_verao_e_melancolia_do_inverno\" >Noites de ver\u00e3o e melancolia do inverno<\/a><\/li><li class='ez-toc-page-1 ez-toc-heading-level-3'><a class=\"ez-toc-link ez-toc-heading-5\" href=\"https:\/\/loudavymkrokem.cz\/pt-br\/vysehrad-guia-praga-tchequia\/#Quanto_tempo_reservar\" >Quanto tempo reservar<\/a><\/li><\/ul><\/li><li class='ez-toc-page-1 ez-toc-heading-level-2'><a class=\"ez-toc-link ez-toc-heading-6\" href=\"https:\/\/loudavymkrokem.cz\/pt-br\/vysehrad-guia-praga-tchequia\/#Onde_se_hospedar\" >Onde se hospedar<\/a><\/li><li class='ez-toc-page-1 ez-toc-heading-level-2'><a class=\"ez-toc-link ez-toc-heading-7\" href=\"https:\/\/loudavymkrokem.cz\/pt-br\/vysehrad-guia-praga-tchequia\/#O_que_ver_e_visitar_no_Vysehrad\" >O que ver e visitar no Vy\u0161ehrad<\/a><ul class='ez-toc-list-level-3' ><li class='ez-toc-heading-level-3'><a class=\"ez-toc-link ez-toc-heading-8\" href=\"https:\/\/loudavymkrokem.cz\/pt-br\/vysehrad-guia-praga-tchequia\/#Basilica_de_Sao_Pedro_e_Sao_Paulo\" >Bas\u00edlica de S\u00e3o Pedro e S\u00e3o Paulo<\/a><\/li><li class='ez-toc-page-1 ez-toc-heading-level-3'><a class=\"ez-toc-link ez-toc-heading-9\" href=\"https:\/\/loudavymkrokem.cz\/pt-br\/vysehrad-guia-praga-tchequia\/#Cemiterio_de_Vysehrad_e_mausoleu_Slavin\" >Cemit\u00e9rio de Vy\u0161ehrad e mausol\u00e9u Slav\u00edn<\/a><\/li><li class='ez-toc-page-1 ez-toc-heading-level-3'><a class=\"ez-toc-link ez-toc-heading-10\" href=\"https:\/\/loudavymkrokem.cz\/pt-br\/vysehrad-guia-praga-tchequia\/#Rotunda_de_Sao_Martinho\" >Rotunda de S\u00e3o Martinho<\/a><\/li><li class='ez-toc-page-1 ez-toc-heading-level-3'><a class=\"ez-toc-link ez-toc-heading-11\" href=\"https:\/\/loudavymkrokem.cz\/pt-br\/vysehrad-guia-praga-tchequia\/#Casamatas_de_Vysehrad_e_salao_Gorlice\" >Casamatas de Vy\u0161ehrad e sal\u00e3o Gorlice<\/a><\/li><li class='ez-toc-page-1 ez-toc-heading-level-3'><a class=\"ez-toc-link ez-toc-heading-12\" href=\"https:\/\/loudavymkrokem.cz\/pt-br\/vysehrad-guia-praga-tchequia\/#Muralhas_vistas_e_lendas_de_Libuse\" >Muralhas, vistas e lendas de Libu\u0161e<\/a><\/li><li class='ez-toc-page-1 ez-toc-heading-level-3'><a class=\"ez-toc-link ez-toc-heading-13\" href=\"https:\/\/loudavymkrokem.cz\/pt-br\/vysehrad-guia-praga-tchequia\/#Com_criancas_no_Vysehrad_Playground_das_antigas_lendas\" >Com crian\u00e7as no Vy\u0161ehrad: Playground das antigas lendas<\/a><\/li><\/ul><\/li><li class='ez-toc-page-1 ez-toc-heading-level-2'><a class=\"ez-toc-link ez-toc-heading-14\" href=\"https:\/\/loudavymkrokem.cz\/pt-br\/vysehrad-guia-praga-tchequia\/#Informacoes_praticas_para_sua_visita\" >Informa\u00e7\u00f5es pr\u00e1ticas para sua visita<\/a><\/li><li class='ez-toc-page-1 ez-toc-heading-level-2'><a class=\"ez-toc-link ez-toc-heading-15\" href=\"https:\/\/loudavymkrokem.cz\/pt-br\/vysehrad-guia-praga-tchequia\/#Leia_tambem\" >Leia tamb\u00e9m<\/a><\/li><li class='ez-toc-page-1 ez-toc-heading-level-2'><a class=\"ez-toc-link ez-toc-heading-16\" href=\"https:\/\/loudavymkrokem.cz\/pt-br\/vysehrad-guia-praga-tchequia\/#Perguntas_frequentes\" >Perguntas frequentes<\/a><ul class='ez-toc-list-level-3' ><li class='ez-toc-heading-level-3'><a class=\"ez-toc-link ez-toc-heading-17\" href=\"https:\/\/loudavymkrokem.cz\/pt-br\/vysehrad-guia-praga-tchequia\/#A_entrada_no_Vysehrad_e_paga\" >A entrada no Vy\u0161ehrad \u00e9 paga?<\/a><\/li><li class='ez-toc-page-1 ez-toc-heading-level-3'><a class=\"ez-toc-link ez-toc-heading-18\" href=\"https:\/\/loudavymkrokem.cz\/pt-br\/vysehrad-guia-praga-tchequia\/#Posso_levar_cachorro_ao_Vysehrad\" >Posso levar cachorro ao Vy\u0161ehrad?<\/a><\/li><li class='ez-toc-page-1 ez-toc-heading-level-3'><a class=\"ez-toc-link ez-toc-heading-19\" href=\"https:\/\/loudavymkrokem.cz\/pt-br\/vysehrad-guia-praga-tchequia\/#O_Vysehrad_e_acessivel_para_carrinhos_de_bebe_e_cadeirantes\" >O Vy\u0161ehrad \u00e9 acess\u00edvel para carrinhos de beb\u00ea e cadeirantes?<\/a><\/li><li class='ez-toc-page-1 ez-toc-heading-level-3'><a class=\"ez-toc-link ez-toc-heading-20\" href=\"https:\/\/loudavymkrokem.cz\/pt-br\/vysehrad-guia-praga-tchequia\/#Quanto_tempo_dura_a_visita_ao_Vysehrad\" >Quanto tempo dura a visita ao Vy\u0161ehrad?<\/a><\/li><li class='ez-toc-page-1 ez-toc-heading-level-3'><a class=\"ez-toc-link ez-toc-heading-21\" href=\"https:\/\/loudavymkrokem.cz\/pt-br\/vysehrad-guia-praga-tchequia\/#Onde_estacionar_perto_do_Vysehrad\" >Onde estacionar perto do Vy\u0161ehrad?<\/a><\/li><li class='ez-toc-page-1 ez-toc-heading-level-3'><a class=\"ez-toc-link ez-toc-heading-22\" href=\"https:\/\/loudavymkrokem.cz\/pt-br\/vysehrad-guia-praga-tchequia\/#A_Rotunda_de_Sao_Martinho_e_aberta_ao_publico\" >A Rotunda de S\u00e3o Martinho \u00e9 aberta ao p\u00fablico?<\/a><\/li><\/ul><\/li><\/ul><\/nav><\/div>\n<h3 class=\"wp-block-heading\"><span class=\"ez-toc-section\" id=\"Resumo\"><\/span><span class=\"ez-toc-section\" id=\"Resumo\"><\/span>Resumo<span class=\"ez-toc-section-end\"><\/span><span class=\"ez-toc-section-end\"><\/span><\/h3>\n<ul class=\"wp-block-list\">\n<li>A entrada em todo o complexo do Vy\u0161ehrad (parques, muralhas, caminhos) \u00e9 totalmente <strong>gratuita<\/strong> e aberta <strong>24 horas<\/strong>.<\/li>\n<li>O destaque \u00e9 a Bas\u00edlica de S\u00e3o Pedro e S\u00e3o Paulo, com deslumbrante decora\u00e7\u00e3o art nouveau \u2014 o ingresso custa cerca de <strong>5 \u20ac<\/strong>.<\/li>\n<li>O Cemit\u00e9rio de Vy\u0161ehrad e o mausol\u00e9u Slav\u00edn s\u00e3o o local de descanso de grandes artistas tchecos (Anton\u00edn Dvo\u0159\u00e1k, Bed\u0159ich Smetana, Karel \u010capek).<\/li>\n<li>Das muralhas barrocas abrem-se as melhores vistas do Castelo de Praga, do vale do Moldava e do bairro Podol\u00ed.<\/li>\n<li>As <strong>casamatas<\/strong> subterr\u00e2neas abrigam o sal\u00e3o <strong>Gorlice<\/strong>, onde est\u00e3o guardadas est\u00e1tuas barrocas originais da Ponte Carlos.<\/li>\n<li>A Rotunda de S\u00e3o Martinho \u00e9 a rotunda mais antiga preservada em Praga, constru\u00edda ainda no s\u00e9culo XI.<\/li>\n<li>O acesso mais f\u00e1cil \u00e9 pela linha vermelha do metr\u00f4 C, esta\u00e7\u00e3o Vy\u0161ehrad, de onde se caminha no plano.<\/li>\n<li>Para fam\u00edlias com crian\u00e7as, h\u00e1 um incr\u00edvel playground tem\u00e1tico inspirado nas antigas lendas tchecas.<\/li>\n<\/ul>\n<figure class=\"wp-block-image size-full\"><img loading=\"lazy\" decoding=\"async\" width=\"1200\" height=\"800\" src=\"https:\/\/loudavymkrokem.cz\/wp-content\/uploads\/2026\/04\/vysehrad-4303.jpg\" alt=\"Vy\u0161ehrad com crian\u00e7a pequena\" class=\"wp-image-151149\" title=\"\" srcset=\"https:\/\/loudavymkrokem.cz\/wp-content\/uploads\/2026\/04\/vysehrad-4303.jpg 1200w, https:\/\/loudavymkrokem.cz\/wp-content\/uploads\/2026\/04\/vysehrad-4303-300x200.jpg 300w, https:\/\/loudavymkrokem.cz\/wp-content\/uploads\/2026\/04\/vysehrad-4303-700x467.jpg 700w, https:\/\/loudavymkrokem.cz\/wp-content\/uploads\/2026\/04\/vysehrad-4303-768x512.jpg 768w, https:\/\/loudavymkrokem.cz\/wp-content\/uploads\/2026\/04\/vysehrad-4303-696x464.jpg 696w\" sizes=\"auto, (max-width: 1200px) 100vw, 1200px\"><figcaption class=\"wp-element-caption\">Primavera no Vy\u0161ehrad<\/figcaption><\/figure>\n<h2 class=\"wp-block-heading\"><span class=\"ez-toc-section\" id=\"Quando_ir_ao_Vysehrad_e_como_planejar\"><\/span><span class=\"ez-toc-section\" id=\"Quando_ir_ao_Vysehrad_e_como_planejar\"><\/span>Quando ir ao Vy\u0161ehrad e como planejar<span class=\"ez-toc-section-end\"><\/span><span class=\"ez-toc-section-end\"><\/span><\/h2>\n<p>Planejar uma visita ao Vy\u0161ehrad \u00e9 bem mais simples do que a log\u00edstica em torno da Pra\u00e7a da Cidade Velha. Como grande parte da experi\u00eancia envolve caminhar pelas muralhas e parques, o clima desempenha um papel fundamental. Por experi\u00eancia pr\u00f3pria, posso dizer que raramente vou at\u00e9 l\u00e1 ao meio-dia em pleno agosto, quando o sol bate com for\u00e7a nas muralhas de pedra. Prefiro os hor\u00e1rios do in\u00edcio ou fim do dia, ou os meses mais frescos, quando o lugar tem uma atmosfera muito mais intimista e voc\u00ea n\u00e3o precisa se desviar de dezenas de grupos fazendo piquenique.<\/p>\n<h3 class=\"wp-block-heading\"><span class=\"ez-toc-section\" id=\"Primavera_e_outono_como_favoritos_absolutos\"><\/span><span class=\"ez-toc-section\" id=\"Primavera_e_outono_como_favoritos_absolutos\"><\/span>Primavera e outono como favoritos absolutos<span class=\"ez-toc-section-end\"><\/span><span class=\"ez-toc-section-end\"><\/span><\/h3>\n<p>Abril, maio e depois setembro e outubro s\u00e3o objetivamente os melhores meses para o Vy\u0161ehrad. A luz dourada do outono, que eu tanto amava durante meu curso de fotografia, faz maravilhas com as muralhas de tijolos e as torres escuras da bas\u00edlica. No outono, por volta do Signal Festival (em 2026 acontece de <strong>15 a 18 de outubro<\/strong>), as \u00e1rvores do parque amarelam e as vistas da neblina se erguendo do rio Moldava t\u00eam uma profundidade incr\u00edvel. Os meses de primavera trazem \u00e1rvores floridas ao longo das muralhas em dire\u00e7\u00e3o a Podol\u00ed. Nessas \u00e9pocas, as temperaturas s\u00e3o perfeitas para longas caminhadas, sem precisar se esconder na sombra a cada dez minutos.<\/p>\n<h3 class=\"wp-block-heading\"><span class=\"ez-toc-section\" id=\"Noites_de_verao_e_melancolia_do_inverno\"><\/span><span class=\"ez-toc-section\" id=\"Noites_de_verao_e_melancolia_do_inverno\"><\/span>Noites de ver\u00e3o e melancolia do inverno<span class=\"ez-toc-section-end\"><\/span><span class=\"ez-toc-section-end\"><\/span><\/h3>\n<p>O ver\u00e3o no Vy\u0161ehrad \u00e9 bem agitado. Os bares e palcos ao ar livre ficam lotados, nos parques as pessoas tocam viol\u00e3o e o ambiente todo lembra um grande festival. Se voc\u00ea for em julho ou agosto, recomendo ir bem cedo de manh\u00e3 ou ent\u00e3o ao p\u00f4r do sol. A vista do sol se pondo atr\u00e1s do Castelo de Praga, desde o mirante de tijolos, \u00e9 t\u00e3o famosa que \u00e0 noite voc\u00ea encontra dezenas de fot\u00f3grafos com seus trip\u00e9s montados. O inverno (janeiro, fevereiro) \u00e9 um cap\u00edtulo completamente diferente. Quando neva, o Vy\u0161ehrad fica perfeitamente silencioso. O cemit\u00e9rio coberto de neve transmite uma majestade imensa, e voc\u00ea tem a sensa\u00e7\u00e3o de estar no meio do s\u00e9culo XIX. Mas prepare-se: o vento que sopra do rio nas muralhas costuma ser bem cortante.<\/p>\n<h3 class=\"wp-block-heading\"><span class=\"ez-toc-section\" id=\"Quanto_tempo_reservar\"><\/span><span class=\"ez-toc-section\" id=\"Quanto_tempo_reservar\"><\/span>Quanto tempo reservar<span class=\"ez-toc-section-end\"><\/span><span class=\"ez-toc-section-end\"><\/span><\/h3>\n<p>Se voc\u00ea quer apenas dar uma volta r\u00e1pida pelo complexo, tirar fotos da vista e espiar o cemit\u00e9rio, <strong>duas horas<\/strong> ser\u00e3o suficientes. Mas se quiser entrar na bas\u00edlica, fazer o tour pelas casamatas subterr\u00e2neas e deixar as crian\u00e7as brincarem no playground, reserve logo <strong>meio dia<\/strong>. Com o Luk\u00e1\u0161 e o Jon\u00e1\u0161, normalmente passamos toda a manh\u00e3 por aqui, terminamos com um caf\u00e9 e depois descemos devagar at\u00e9 o rio para almo\u00e7ar. O Vy\u0161ehrad n\u00e3o \u00e9 lugar para pressa \u2014 seu genius loci est\u00e1 justamente no ritmo lento.<\/p>\n<figure class=\"wp-block-image size-full\"><img loading=\"lazy\" decoding=\"async\" width=\"1200\" height=\"800\" src=\"https:\/\/loudavymkrokem.cz\/wp-content\/uploads\/2026\/04\/julius-hotel-praha-3880.jpg\" alt=\"Passeio em Praga\" class=\"wp-image-151063\" title=\"\" srcset=\"https:\/\/loudavymkrokem.cz\/wp-content\/uploads\/2026\/04\/julius-hotel-praha-3880.jpg 1200w, https:\/\/loudavymkrokem.cz\/wp-content\/uploads\/2026\/04\/julius-hotel-praha-3880-300x200.jpg 300w, https:\/\/loudavymkrokem.cz\/wp-content\/uploads\/2026\/04\/julius-hotel-praha-3880-700x467.jpg 700w, https:\/\/loudavymkrokem.cz\/wp-content\/uploads\/2026\/04\/julius-hotel-praha-3880-768x512.jpg 768w, https:\/\/loudavymkrokem.cz\/wp-content\/uploads\/2026\/04\/julius-hotel-praha-3880-696x464.jpg 696w\" sizes=\"auto, (max-width: 1200px) 100vw, 1200px\"><figcaption class=\"wp-element-caption\">Passeio em Praga<\/figcaption><\/figure>\n<h2 class=\"wp-block-heading\"><span class=\"ez-toc-section\" id=\"Onde_se_hospedar\"><\/span><span class=\"ez-toc-section\" id=\"Onde_se_hospedar\"><\/span>Onde se hospedar<span class=\"ez-toc-section-end\"><\/span><span class=\"ez-toc-section-end\"><\/span><\/h2>\n<p>Na \u00faltima vez que procuramos hospedagem em Praga para nossa visita anual, quer\u00edamos algo estrategicamente perto das principais vias, mas que ao mesmo tempo oferecesse conforto absoluto \u2014 porque viajar com uma crian\u00e7a de dois anos tem suas particularidades. Escolhemos o <strong>The <a class=\"thirstylink\" rel=\"nofollow\" target=\"_blank\" title=\"The Julius Hotel\" href=\"https:\/\/loudavymkrokem.cz\/doporucujeme\/the-julius-hotel\/\" data-shortcode=\"true\">Julius Hotel<\/a><\/strong>, na pra\u00e7a Senov\u00e1\u017en\u00e9, e olhando para tr\u00e1s considero uma das melhores decis\u00f5es que tomamos. Ficamos na su\u00edte One Bedroom, o que nos deu espa\u00e7o suficiente para relaxar \u00e0 noite, quando o Jon\u00e1\u0161 j\u00e1 estava dormindo. O design \u00e9 limpo, bem pensado, com refer\u00eancias sutis \u00e0s cores de Alfons Mucha. Do hotel voc\u00ea chega \u00e0 Esta\u00e7\u00e3o Central (de onde s\u00e3o apenas tr\u00eas esta\u00e7\u00f5es de metr\u00f4 C at\u00e9 o Vy\u0161ehrad) em meros <strong>cinco minutos<\/strong>. Os quartos t\u00eam cozinha compacta totalmente equipada, o que \u00e9 \u00f3timo com crian\u00e7a ou se voc\u00ea gosta de preparar seu pr\u00f3prio caf\u00e9 da manh\u00e3. Pre\u00e7os e disponibilidade para suas datas podem ser verificados no <a href=\"https:\/\/www.booking.com\/hotel\/cz\/julius-meinl-house-prague.html?aid=2397601\" target=\"_blank\" rel=\"noopener nofollow sponsored\">Booking.com<\/a>.<\/p>\n<figure class=\"wp-block-image size-full\"><img loading=\"lazy\" decoding=\"async\" width=\"1200\" height=\"800\" src=\"https:\/\/loudavymkrokem.cz\/wp-content\/uploads\/2026\/04\/vysehrad-4337.jpg\" alt=\"Vista do Vy\u0161ehrad\" class=\"wp-image-151164\" title=\"\" srcset=\"https:\/\/loudavymkrokem.cz\/wp-content\/uploads\/2026\/04\/vysehrad-4337.jpg 1200w, https:\/\/loudavymkrokem.cz\/wp-content\/uploads\/2026\/04\/vysehrad-4337-300x200.jpg 300w, https:\/\/loudavymkrokem.cz\/wp-content\/uploads\/2026\/04\/vysehrad-4337-700x467.jpg 700w, https:\/\/loudavymkrokem.cz\/wp-content\/uploads\/2026\/04\/vysehrad-4337-768x512.jpg 768w, https:\/\/loudavymkrokem.cz\/wp-content\/uploads\/2026\/04\/vysehrad-4337-696x464.jpg 696w\" sizes=\"auto, (max-width: 1200px) 100vw, 1200px\"><figcaption class=\"wp-element-caption\">Vista do Vy\u0161ehrad<\/figcaption><\/figure>\n<h2 class=\"wp-block-heading\"><span class=\"ez-toc-section\" id=\"O_que_ver_e_visitar_no_Vysehrad\"><\/span><span class=\"ez-toc-section\" id=\"O_que_ver_e_visitar_no_Vysehrad\"><\/span>O que ver e visitar no Vy\u0161ehrad<span class=\"ez-toc-section-end\"><\/span><span class=\"ez-toc-section-end\"><\/span><\/h2>\n<p>O complexo abriga in\u00fameros monumentos hist\u00f3ricos, mirantes e cantinhos secretos. Vamos dar uma olhada nos lugares mais interessantes que voc\u00ea n\u00e3o deve deixar de fora durante seu passeio.<\/p>\n<h3 class=\"wp-block-heading\"><span class=\"ez-toc-section\" id=\"Basilica_de_Sao_Pedro_e_Sao_Paulo\"><\/span><span class=\"ez-toc-section\" id=\"Basilica_de_Sao_Pedro_e_Sao_Paulo\"><\/span>Bas\u00edlica de S\u00e3o Pedro e S\u00e3o Paulo<span class=\"ez-toc-section-end\"><\/span><span class=\"ez-toc-section-end\"><\/span><\/h3>\n<p>As duas torres escuras em estilo neog\u00f3tico da Bas\u00edlica de S\u00e3o Pedro e S\u00e3o Paulo formam uma silhueta inconfund\u00edvel no panorama de Praga, reconhec\u00edvel de qualquer ponto. Embora a forma atual date da virada do s\u00e9culo XIX para o XX, os alicerces da igreja remontam ao s\u00e9culo XI e ao reinado do rei Vratislau II. O interior \u00e9 um verdadeiro choque visual \u2014 enquanto por fora a bas\u00edlica parece austera e severa, por dentro voc\u00ea encontra uma decora\u00e7\u00e3o art nouveau incrivelmente colorida e rica. As paredes s\u00e3o cobertas por ornamentos e afrescos do casal Urban, que se inspirou no estilo de Alfons Mucha. Pessoalmente, n\u00e3o costumo frequentar igrejas, mas essa explos\u00e3o de cores, que nada tem a ver com a cl\u00e1ssica frieza g\u00f3tica, sempre me fascina de novo.<\/p>\n<p>Funciona todos os dias, mas aos domingos pela manh\u00e3 acontecem missas, ent\u00e3o fica fechada para turistas at\u00e9 o <strong>meio-dia<\/strong>. O ingresso b\u00e1sico em 2026 custa cerca de 5 \u20ac para adultos, e os bilhetes s\u00e3o comprados diretamente na entrada. Do metr\u00f4 C Vy\u0161ehrad voc\u00ea chega at\u00e9 l\u00e1 com uma caminhada tranquila pelo parque em dez minutos. <strong>\ud83d\udca1 Dica de local:<\/strong> Preste aten\u00e7\u00e3o nos detalhes dos afrescos nas naves laterais \u2014 alguns rostos de santos t\u00eam fei\u00e7\u00f5es de burgueses praguenses da \u00e9poca, que contribu\u00edram financeiramente para a decora\u00e7\u00e3o da igreja.<\/p>\n<figure class=\"wp-block-image size-full\"><img loading=\"lazy\" decoding=\"async\" width=\"1200\" height=\"800\" src=\"https:\/\/loudavymkrokem.cz\/wp-content\/uploads\/2026\/04\/vysehrad-4305.jpg\" alt=\"Cemit\u00e9rio de Vy\u0161ehrad\" class=\"wp-image-151156\" title=\"\" srcset=\"https:\/\/loudavymkrokem.cz\/wp-content\/uploads\/2026\/04\/vysehrad-4305.jpg 1200w, https:\/\/loudavymkrokem.cz\/wp-content\/uploads\/2026\/04\/vysehrad-4305-300x200.jpg 300w, https:\/\/loudavymkrokem.cz\/wp-content\/uploads\/2026\/04\/vysehrad-4305-700x467.jpg 700w, https:\/\/loudavymkrokem.cz\/wp-content\/uploads\/2026\/04\/vysehrad-4305-768x512.jpg 768w, https:\/\/loudavymkrokem.cz\/wp-content\/uploads\/2026\/04\/vysehrad-4305-696x464.jpg 696w\" sizes=\"auto, (max-width: 1200px) 100vw, 1200px\"><figcaption class=\"wp-element-caption\">Cemit\u00e9rio de Vy\u0161ehrad<\/figcaption><\/figure>\n<div class=\"lk-zazitky-module\">\n<style>\n.lk-zazitky-module * { box-sizing: border-box; margin: 0; padding: 0; }\n.lk-zazitky-module {\n  font-family: 'DM Sans', Georgia, sans-serif;\n  max-width: 100%;\n  margin: 2.5rem auto;\n  background: linear-gradient(135deg, #fdf6f3 0%, #fbede7 100%);\n  border: 1px solid #f0d9cc;\n  border-radius: 16px;\n  overflow: hidden;\n  box-shadow: 0 16px 48px rgba(217, 119, 87, 0.18), 0 4px 12px rgba(0,0,0,0.06);\n}\n.lk-zazitky-header {\n  position: relative;\n  padding: 24px 32px;\n  background: linear-gradient(135deg, #d97757 0%, #c46b4b 60%, #d97757 100%);\n  display: flex;\n  align-items: center;\n  gap: 18px;\n}\n.lk-zazitky-header::before {\n  content: '';\n  position: absolute;\n  inset: 0;\n  background: url(\"data:image\/svg+xml,%3Csvg width='60' height='60' viewBox='0 0 60 60' xmlns='http:\/\/www.w3.org\/2000\/svg'%3E%3Cg fill='none' fill-rule='evenodd'%3E%3Cg fill='%23ffffff' fill-opacity='0.05'%3E%3Cpath d='M36 34v-4h-2v4h-4v2h4v4h2v-4h4v-2h-4zm0-30V0h-2v4h-4v2h4v4h2V6h4V4h-4zM6 34v-4H4v4H0v2h4v4h2v-4h4v-2H6zM6 4V0H4v4H0v2h4v4h2V6h4V4H6z'\/%3E%3C\/g%3E%3C\/g%3E%3C\/svg%3E\") repeat;\n  pointer-events: none;\n}\n.lk-zazitky-header img {\n  width: 64px; height: 64px; border-radius: 12px; flex-shrink: 0;\n  object-fit: cover; box-shadow: 0 4px 12px rgba(0,0,0,0.18); position: relative; z-index: 1;\n}\n.lk-zazitky-header-text { position: relative; z-index: 1; }\n.lk-zazitky-eyebrow {\n  font-size: 10px; font-weight: 600; letter-spacing: 2.5px; text-transform: uppercase;\n  color: rgba(255,255,255,.92); margin-bottom: 5px;\n}\n.lk-zazitky-title {\n  font-family: 'Playfair Display', Georgia, serif;\n  font-size: 24px; font-weight: 700; color: #fff; line-height: 1.2;\n  text-shadow: 0 1px 2px rgba(0,0,0,0.12);\n}\n.lk-zazitky-subtitle {\n  font-size: 13px; color: rgba(255,255,255,.85); margin-top: 4px; font-weight: 300;\n}\n.lk-zazitky-grid {\n  display: grid;\n  grid-template-columns: 1fr 1fr 1fr;\n  gap: 1px;\n  background: rgba(217, 119, 87, 0.12);\n}\n.lk-zazitek-card {\n  background: #ffffff; padding: 22px; display: flex; flex-direction: column; gap: 11px;\n  transition: all 0.3s ease; text-decoration: none; color: inherit; position: relative;\n}\n.lk-zazitek-card:hover {\n  background: #fffaf7; transform: translateY(-2px);\n  box-shadow: 0 8px 24px rgba(217, 119, 87, 0.15); z-index: 1;\n}\n.lk-zazitek-card.is-category {\n  background: linear-gradient(135deg, #fffaf7 0%, #fff3eb 100%);\n  box-shadow: inset 0 1px 0 rgba(217, 119, 87, 0.1);\n}\n.lk-zazitek-card.is-category:hover {\n  background: linear-gradient(135deg, #fff7f2 0%, #ffeee3 100%);\n}\n.lk-zazitek-badge {\n  display: inline-flex; align-items: center; gap: 5px;\n  font-size: 10px; font-weight: 600; letter-spacing: 1.5px; text-transform: uppercase;\n  padding: 5px 11px; border-radius: 20px; width: fit-content;\n  background: rgba(217, 119, 87, 0.10); color: #c46b4b; border: 1px solid rgba(217, 119, 87, 0.22);\n}\n.lk-zazitek-card.is-category .lk-zazitek-badge {\n  background: linear-gradient(135deg, #d97757 0%, #c46b4b 100%); color: #fff;\n  border-color: #c46b4b; box-shadow: 0 2px 8px rgba(217, 119, 87, 0.28);\n}\n.lk-zazitek-name {\n  font-family: 'Playfair Display', Georgia, serif;\n  font-size: 17px; font-weight: 700; color: #111827; line-height: 1.3;\n}\n.lk-zazitek-desc {\n  font-size: 13px; color: #525252; line-height: 1.6; font-weight: 300; flex: 1;\n}\n.lk-zazitek-meta { display: flex; align-items: center; gap: 12px; flex-wrap: wrap; margin-top: 4px; }\n.lk-zazitek-price { font-size: 13px; color: #6b7280; }\n.lk-zazitek-price strong { color: #c46b4b; font-weight: 600; }\n.lk-zazitek-cta {\n  display: inline-flex; align-items: center; justify-content: center; gap: 7px;\n  margin-top: 8px; padding: 11px 16px; border-radius: 8px;\n  background: linear-gradient(135deg, #d97757 0%, #c46b4b 100%);\n  color: #fff; font-size: 13px; font-weight: 500; text-decoration: none;\n  letter-spacing: .3px; transition: all .2s ease; cursor: pointer; border: none;\n  text-align: center; box-shadow: 0 4px 12px rgba(217, 119, 87, 0.28);\n  white-space: nowrap;\n}\n.lk-zazitek-cta:hover {\n  background: linear-gradient(135deg, #c46b4b 0%, #b35e3f 100%);\n  transform: translateY(-1px); box-shadow: 0 6px 16px rgba(217, 119, 87, 0.38);\n}\n.lk-zazitek-card.is-category .lk-zazitek-cta {\n  background: linear-gradient(135deg, #3685fc 0%, #2a6fd9 100%);\n  box-shadow: 0 4px 12px rgba(54, 133, 252, 0.22);\n}\n.lk-zazitek-card.is-category .lk-zazitek-cta:hover {\n  background: linear-gradient(135deg, #2a6fd9 0%, #1e5bc4 100%);\n  box-shadow: 0 6px 16px rgba(54, 133, 252, 0.32);\n}\n.lk-zazitky-footer {\n  padding: 16px 32px;\n  background: linear-gradient(to bottom, #fdf6f3 0%, #f9eae2 100%);\n  border-top: 1px solid rgba(217, 119, 87, 0.18);\n  display: flex; align-items: center; justify-content: center; flex-wrap: wrap; gap: 12px;\n}\n.lk-zazitky-discount {\n  display: inline-flex; align-items: center; gap: 8px;\n  font-size: 13px; color: #6b3a26; font-weight: 500;\n}\n.lk-zazitky-discount-code {\n  font-family: 'Courier New', monospace; font-weight: 700; color: #c46b4b;\n  background: rgba(217, 119, 87, 0.12); padding: 4px 10px; border-radius: 6px;\n  letter-spacing: 1px; font-size: 13px;\n}\n.lk-zazitky-disclaimer {\n  font-size: 11px; color: #8a6e60; font-weight: 300; line-height: 1.5;\n}\n.lk-zazitky-disclaimer a { color: #c46b4b; text-decoration: none; }\n.lk-zazitky-disclaimer a:hover { text-decoration: underline; }\n@media (max-width: 720px) {\n  .lk-zazitky-grid { grid-template-columns: 1fr; }\n  .lk-zazitky-header { padding: 20px 18px; }\n  .lk-zazitky-footer { padding: 14px 18px; }\n  .lk-zazitek-card { padding: 20px; }\n  .lk-zazitky-title { font-size: 20px; }\n}\n<\/style>\n<div class=\"lk-zazitky-header\">\n    <img decoding=\"async\" src=\"https:\/\/loudavymkrokem.cz\/wp-content\/uploads\/2026\/02\/lukas-a-lucka.jpg\" alt=\"Luk\u00e1\u0161 e Lucie\" title=\"\"><\/p>\n<div class=\"lk-zazitky-header-text\">\n<div class=\"lk-zazitky-eyebrow\">Dica do Luk\u00e1\u0161 e da Lucie<\/div>\n<div class=\"lk-zazitky-title\">Viva Praga de um jeito diferente<\/div>\n<div class=\"lk-zazitky-subtitle\">3 dicas testadas com 5 % de desconto do parceiro Firma na z\u00e1\u017eitky<\/div>\n<\/p><\/div>\n<\/p><\/div>\n<div class=\"lk-zazitky-grid\">\n<p>    <a class=\"lk-zazitek-card\" href=\"https:\/\/www.firmanazazitky.cz\/plavba-po-vltave-s-obedem?utm_source=loudavymkrokem&amp;utm_medium=referral&amp;utm_campaign=vysehrad-pruvodce-po-druhem-hrade-prahy-bazilika-hrbitov-hradby&amp;utm_content=zazitek-1\" target=\"_blank\" rel=\"nofollow noopener sponsored\"><br \/>\n      <span class=\"lk-zazitek-badge\">\ud83d\udee5 Cruzeiro<\/span><\/p>\n<div class=\"lk-zazitek-name\">Cruzeiro pelo Moldava com almo\u00e7o<\/div>\n<div class=\"lk-zazitek-desc\">As rochas de Vy\u0161ehrad vistas da superf\u00edcie do Moldava \u2014 um cruzeiro tranquilo com almo\u00e7o mostra o segundo castelo de Praga de um \u00e2ngulo que os turistas n\u00e3o costumam ver.<\/div>\n<div class=\"lk-zazitek-meta\">\n        <span class=\"lk-zazitek-price\">a partir de <strong>85 \u20ac<\/strong><\/span>\n      <\/div>\n<p>      <span class=\"lk-zazitek-cta\"><br \/>\n        <svg width=\"14\" height=\"14\" viewBox=\"0 0 24 24\" fill=\"none\" stroke=\"currentColor\" stroke-width=\"2\"><path d=\"M18 13v6a2 2 0 0 1-2 2H5a2 2 0 0 1-2-2V8a2 2 0 0 1 2-2h6\"\/><polyline points=\"15 3 21 3 21 9\"\/><line x1=\"10\" y1=\"14\" x2=\"21\" y2=\"3\"\/><\/svg><br \/>\n        Reservar com desconto<br \/>\n      <\/span><br \/>\n    <\/a><\/p>\n<p>    <a class=\"lk-zazitek-card\" href=\"https:\/\/www.firmanazazitky.cz\/vecere-v-tancicim-dome?utm_source=loudavymkrokem&amp;utm_medium=referral&amp;utm_campaign=vysehrad-pruvodce-po-druhem-hrade-prahy-bazilika-hrbitov-hradby&amp;utm_content=zazitek-2\" target=\"_blank\" rel=\"nofollow noopener sponsored\"><br \/>\n      <span class=\"lk-zazitek-badge\">\ud83c\udf7d Gastronomia<\/span><\/p>\n<div class=\"lk-zazitek-name\">Jantar na Casa Dan\u00e7ante<\/div>\n<div class=\"lk-zazitek-desc\">Depois de passear pelas muralhas do Vy\u0161ehrad, algumas paradas de bonde \u2014 jantar com vista para o Castelo de Praga no terra\u00e7o da Casa Dan\u00e7ante.<\/div>\n<div class=\"lk-zazitek-meta\">\n        <span class=\"lk-zazitek-price\">a partir de <strong>115 \u20ac<\/strong><\/span>\n      <\/div>\n<p>      <span class=\"lk-zazitek-cta\"><br \/>\n        <svg width=\"14\" height=\"14\" viewBox=\"0 0 24 24\" fill=\"none\" stroke=\"currentColor\" stroke-width=\"2\"><path d=\"M18 13v6a2 2 0 0 1-2 2H5a2 2 0 0 1-2-2V8a2 2 0 0 1 2-2h6\"\/><polyline points=\"15 3 21 3 21 9\"\/><line x1=\"10\" y1=\"14\" x2=\"21\" y2=\"3\"\/><\/svg><br \/>\n        Reservar com desconto<br \/>\n      <\/span><br \/>\n    <\/a><\/p>\n<p>    <a class=\"lk-zazitek-card is-category\" href=\"https:\/\/www.firmanazazitky.cz\/praha\/?utm_source=loudavymkrokem&amp;utm_medium=referral&amp;utm_campaign=vysehrad-pruvodce-po-druhem-hrade-prahy-bazilika-hrbitov-hradby&amp;utm_content=kategorie\" target=\"_blank\" rel=\"nofollow noopener sponsored\"><br \/>\n      <span class=\"lk-zazitek-badge\">\u2b50 Tudo<\/span><\/p>\n<div class=\"lk-zazitek-name\">Todas as experi\u00eancias em Praga<\/div>\n<div class=\"lk-zazitek-desc\">Cruzeiros, gastronomia, monumentos e bem-estar \u2014 a oferta completa de experi\u00eancias na capital tcheca.<\/div>\n<p>      <span class=\"lk-zazitek-cta\"><br \/>\n        Ver experi\u00eancias<br \/>\n        <svg width=\"12\" height=\"12\" viewBox=\"0 0 24 24\" fill=\"none\" stroke=\"currentColor\" stroke-width=\"2.5\"><polyline points=\"9 18 15 12 9 6\"\/><\/svg><br \/>\n      <\/span><br \/>\n    <\/a><\/p><\/div>\n<div class=\"lk-zazitky-footer\">\n    <span class=\"lk-zazitky-discount\"><br \/>\n      \u2b50 5 % de desconto com o c\u00f3digo<br \/>\n      <span class=\"lk-zazitky-discount-code\">LOUDAVYMKROKEM5<\/span><br \/>\n    <\/span>\n  <\/div>\n<\/div>\n<h3 class=\"wp-block-heading\"><span class=\"ez-toc-section\" id=\"Cemiterio_de_Vysehrad_e_mausoleu_Slavin\"><\/span><span class=\"ez-toc-section\" id=\"Cemiterio_de_Vysehrad_e_mausoleu_Slavin\"><\/span>Cemit\u00e9rio de Vy\u0161ehrad e mausol\u00e9u Slav\u00edn<span class=\"ez-toc-section-end\"><\/span><span class=\"ez-toc-section-end\"><\/span><\/h3>\n<p>Logo ao lado da bas\u00edlica est\u00e1 o Cemit\u00e9rio de Vy\u0161ehrad, um lugar que poderia ser chamado de pante\u00e3o da cultura tcheca. Durante o renascimento nacional no s\u00e9culo XIX, o que era um simples cemit\u00e9rio paroquial se transformou em um prestigioso local de sepultamento. A constru\u00e7\u00e3o arquitetonicamente mais marcante \u00e9 o Slav\u00edn, um enorme mausol\u00e9u coletivo que voc\u00ea reconhece pela est\u00e1tua do g\u00eanio alado no topo. Aqui descansam Alfons Mucha, Ema Destinnov\u00e1 e o escultor Josef V\u00e1clav Myslbek. Ao caminhar pelas ruelas estreitas entre as l\u00e1pides com o Luk\u00e1\u0161, costumamos procurar nomes famosos \u2014 voc\u00ea encontra o t\u00famulo de Anton\u00edn Dvo\u0159\u00e1k com um belo busto, o t\u00famulo de Bed\u0159ich Smetana e o local de descanso de Karel \u010capek.<\/p>\n<p>O cemit\u00e9rio tem entrada gratuita todos os dias do ano. No ver\u00e3o, os port\u00f5es fecham \u00e0s <strong>18h<\/strong>, nos meses de inverno j\u00e1 \u00e0s <strong>16h<\/strong>, o que vale prestar aten\u00e7\u00e3o ao planejar um passeio \u00e0 tarde. Sempre reina por aqui um sil\u00eancio absoluto e respeito, o que faz deste lugar um ref\u00fagio perfeito do barulho da cidade. <strong>\ud83d\udca1 Dica de local:<\/strong> O t\u00famulo de Karel \u010capek n\u00e3o est\u00e1 no Slav\u00edn central, mas na parte de tr\u00e1s do cemit\u00e9rio (se\u00e7\u00e3o 12) \u2014 costuma estar coberto de pequenas pedras e l\u00e1pis deixados por leitores.<\/p>\n<figure class=\"wp-block-image size-full\"><img loading=\"lazy\" decoding=\"async\" width=\"1200\" height=\"800\" src=\"https:\/\/loudavymkrokem.cz\/wp-content\/uploads\/2026\/04\/vysehrad-4311.jpg\" alt=\"Cemit\u00e9rio de Vy\u0161ehrad\" class=\"wp-image-151160\" title=\"\" srcset=\"https:\/\/loudavymkrokem.cz\/wp-content\/uploads\/2026\/04\/vysehrad-4311.jpg 1200w, https:\/\/loudavymkrokem.cz\/wp-content\/uploads\/2026\/04\/vysehrad-4311-300x200.jpg 300w, https:\/\/loudavymkrokem.cz\/wp-content\/uploads\/2026\/04\/vysehrad-4311-700x467.jpg 700w, https:\/\/loudavymkrokem.cz\/wp-content\/uploads\/2026\/04\/vysehrad-4311-768x512.jpg 768w, https:\/\/loudavymkrokem.cz\/wp-content\/uploads\/2026\/04\/vysehrad-4311-696x464.jpg 696w\" sizes=\"auto, (max-width: 1200px) 100vw, 1200px\"><figcaption class=\"wp-element-caption\">Cemit\u00e9rio de Vy\u0161ehrad<\/figcaption><\/figure>\n<h3 class=\"wp-block-heading\"><span class=\"ez-toc-section\" id=\"Rotunda_de_Sao_Martinho\"><\/span><span class=\"ez-toc-section\" id=\"Rotunda_de_Sao_Martinho\"><\/span>Rotunda de S\u00e3o Martinho<span class=\"ez-toc-section-end\"><\/span><span class=\"ez-toc-section-end\"><\/span><\/h3>\n<p>Ao caminhar pelo complexo vindo do Port\u00e3o de T\u00e1bor, voc\u00ea se depara com uma pequena constru\u00e7\u00e3o circular que parece ter estado ali desde sempre. A Rotunda de S\u00e3o Martinho \u00e9 a rotunda mais antiga preservada em Praga e data da segunda metade do s\u00e9culo XI. Ela sobreviveu a uma quantidade enorme de cat\u00e1strofes, desde o saque durante as guerras hussitas at\u00e9 o per\u00edodo em que serviu como paiol de p\u00f3lvora ou dep\u00f3sito. \u00c9 fascinante ver uma constru\u00e7\u00e3o rom\u00e2nica t\u00e3o antiga em estado relativamente preservado, especialmente quando voc\u00ea percebe que a poucos metros dela passam carros modernos.<\/p>\n<p>A rotunda normalmente n\u00e3o \u00e9 acess\u00edvel por dentro \u2014 abre apenas em ocasi\u00f5es especiais ou durante celebra\u00e7\u00f5es da Igreja Hussita Tchecoslovaca. Por\u00e9m, ao redor dela passa o caminho principal, ent\u00e3o \u00e9 imposs\u00edvel n\u00e3o v\u00ea-la. Fica bem na encruzilhada dos caminhos que levam \u00e0s casamatas. <strong>\ud83d\udca1 Dica de local:<\/strong> Chegue perto da fachada pelo lado direito \u2014 acima de uma das janelas ainda est\u00e1 incrustada na alvenaria uma bala de canh\u00e3o de 1757, quando Praga foi sitiada pelas tropas prussianas.<\/p>\n<figure class=\"wp-block-image size-full\"><img loading=\"lazy\" decoding=\"async\" width=\"1200\" height=\"800\" src=\"https:\/\/loudavymkrokem.cz\/wp-content\/uploads\/2026\/04\/vysehrad-4348.jpg\" alt=\"Rotunda de S\u00e3o Martinho no Vy\u0161ehrad\" class=\"wp-image-151168\" title=\"\" srcset=\"https:\/\/loudavymkrokem.cz\/wp-content\/uploads\/2026\/04\/vysehrad-4348.jpg 1200w, https:\/\/loudavymkrokem.cz\/wp-content\/uploads\/2026\/04\/vysehrad-4348-300x200.jpg 300w, https:\/\/loudavymkrokem.cz\/wp-content\/uploads\/2026\/04\/vysehrad-4348-700x467.jpg 700w, https:\/\/loudavymkrokem.cz\/wp-content\/uploads\/2026\/04\/vysehrad-4348-768x512.jpg 768w, https:\/\/loudavymkrokem.cz\/wp-content\/uploads\/2026\/04\/vysehrad-4348-696x464.jpg 696w\" sizes=\"auto, (max-width: 1200px) 100vw, 1200px\"><figcaption class=\"wp-element-caption\">Rotunda de S\u00e3o Martinho no Vy\u0161ehrad<\/figcaption><\/figure>\n<h3 class=\"wp-block-heading\"><span class=\"ez-toc-section\" id=\"Casamatas_de_Vysehrad_e_salao_Gorlice\"><\/span><span class=\"ez-toc-section\" id=\"Casamatas_de_Vysehrad_e_salao_Gorlice\"><\/span>Casamatas de Vy\u0161ehrad e sal\u00e3o Gorlice<span class=\"ez-toc-section-end\"><\/span><span class=\"ez-toc-section-end\"><\/span><\/h3>\n<p>Sob as muralhas barrocas de tijolo que circundam todo o Vy\u0161ehrad esconde-se um sistema de passagens militares secretas do s\u00e9culo XVII. Essas casamatas serviam para o deslocamento r\u00e1pido e discreto de soldados. O tour pelos corredores escuros, estreitos e levemente \u00famidos de tijolos termina em um enorme sal\u00e3o subterr\u00e2neo chamado Gorlice. Originalmente, servia como ponto de reuni\u00e3o de tropas e dep\u00f3sito de alimentos, mas hoje tem uma fun\u00e7\u00e3o muito mais interessante \u2014 funciona como dep\u00f3sito para v\u00e1rias est\u00e1tuas barrocas originais da Ponte Carlos, que precisaram ser substitu\u00eddas por c\u00f3pias devido \u00e0 a\u00e7\u00e3o do tempo. Ver enormes est\u00e1tuas de arenito em um espa\u00e7o subterr\u00e2neo iluminado \u00e9 uma experi\u00eancia bem intensa.<\/p>\n<p>A entrada das casamatas fica no Port\u00e3o de Tijolo (Ciheln\u00e1 br\u00e1na). As visitas guiadas acontecem a cada hora cheia e o ingresso inteiro custa <strong>6 \u20ac<\/strong>. Funciona diariamente das <strong>9h30 \u00e0s 17h<\/strong> (no ver\u00e3o at\u00e9 18h). L\u00e1 dentro a temperatura \u00e9 constante, em torno dos <strong>15 \u00b0C<\/strong>. <strong>\ud83d\udca1 Dica de local:<\/strong> No ver\u00e3o, leve um casaco leve para descer \u2014 mesmo que esteja fazendo trinta graus l\u00e1 fora, depois de vinte minutos na umidade subterr\u00e2nea voc\u00ea vai sentir frio.<\/p>\n<figure class=\"wp-block-image size-full\"><img loading=\"lazy\" decoding=\"async\" width=\"1200\" height=\"800\" src=\"https:\/\/loudavymkrokem.cz\/wp-content\/uploads\/2026\/04\/vysehrad-4340.jpg\" alt=\"Muralhas do Vy\u0161ehrad\" class=\"wp-image-151163\" title=\"\" srcset=\"https:\/\/loudavymkrokem.cz\/wp-content\/uploads\/2026\/04\/vysehrad-4340.jpg 1200w, https:\/\/loudavymkrokem.cz\/wp-content\/uploads\/2026\/04\/vysehrad-4340-300x200.jpg 300w, https:\/\/loudavymkrokem.cz\/wp-content\/uploads\/2026\/04\/vysehrad-4340-700x467.jpg 700w, https:\/\/loudavymkrokem.cz\/wp-content\/uploads\/2026\/04\/vysehrad-4340-768x512.jpg 768w, https:\/\/loudavymkrokem.cz\/wp-content\/uploads\/2026\/04\/vysehrad-4340-696x464.jpg 696w\" sizes=\"auto, (max-width: 1200px) 100vw, 1200px\"><figcaption class=\"wp-element-caption\">Muralhas do Vy\u0161ehrad<\/figcaption><\/figure>\n<h3 class=\"wp-block-heading\"><span class=\"ez-toc-section\" id=\"Muralhas_vistas_e_lendas_de_Libuse\"><\/span><span class=\"ez-toc-section\" id=\"Muralhas_vistas_e_lendas_de_Libuse\"><\/span>Muralhas, vistas e lendas de Libu\u0161e<span class=\"ez-toc-section-end\"><\/span><span class=\"ez-toc-section-end\"><\/span><\/h3>\n<p>O que torna o Vy\u0161ehrad um lugar t\u00e3o procurado s\u00e3o suas imponentes muralhas barrocas. Elas formam um circuito de dois quil\u00f4metros e meio por onde se caminha confortavelmente, oferecendo vistas para todos os lados. A vista mais bonita \u00e9 do basti\u00e3o sudoeste em dire\u00e7\u00e3o ao rio, Podol\u00ed e Zl\u00edchov do outro lado. Do mirante junto \u00e0 galeria abre-se a vista mais ic\u00f4nica do Castelo de Praga por sobre os telhados da Cidade Nova. Ao Vy\u0161ehrad est\u00e3o ligadas as lendas da princesa Libu\u0161e, que daqui teria profetizado a gl\u00f3ria de Praga. Durante o passeio acima do rio, observe as ru\u00ednas de uma torre g\u00f3tica que emerge da rocha \u2014 \u00e9 chamada de Banho de Libu\u0161e, embora historicamente n\u00e3o tenha nenhuma rela\u00e7\u00e3o com a lend\u00e1ria princesa.<\/p>\n<p>No gramado do parque tamb\u00e9m est\u00e3o as chamadas Colunas do Diabo \u2014 tr\u00eas peda\u00e7os de uma coluna de granito partida que, segundo a lenda, foram atirados ali pelo diabo quando perdeu uma aposta com um padre local. As muralhas e os parques s\u00e3o acess\u00edveis 24 horas e gratuitamente. <strong>\ud83d\udca1 Dica de local:<\/strong> Se voc\u00ea quer tranquilidade para tirar fotos com vista para o Moldava sem cabe\u00e7as alheias atrapalhando, venha no domingo de manh\u00e3 por volta das oito \u2014 as muralhas ser\u00e3o praticamente s\u00f3 suas e dos passeadores de cachorro madrugadores.<\/p>\n<figure class=\"wp-block-image size-full\"><img loading=\"lazy\" decoding=\"async\" width=\"1200\" height=\"800\" src=\"https:\/\/loudavymkrokem.cz\/wp-content\/uploads\/2026\/04\/vysehrad-4316.jpg\" alt=\"Vista do Vy\u0161ehrad\" class=\"wp-image-151159\" title=\"\" srcset=\"https:\/\/loudavymkrokem.cz\/wp-content\/uploads\/2026\/04\/vysehrad-4316.jpg 1200w, https:\/\/loudavymkrokem.cz\/wp-content\/uploads\/2026\/04\/vysehrad-4316-300x200.jpg 300w, https:\/\/loudavymkrokem.cz\/wp-content\/uploads\/2026\/04\/vysehrad-4316-700x467.jpg 700w, https:\/\/loudavymkrokem.cz\/wp-content\/uploads\/2026\/04\/vysehrad-4316-768x512.jpg 768w, https:\/\/loudavymkrokem.cz\/wp-content\/uploads\/2026\/04\/vysehrad-4316-696x464.jpg 696w\" sizes=\"auto, (max-width: 1200px) 100vw, 1200px\"><figcaption class=\"wp-element-caption\">Vista do Vy\u0161ehrad<\/figcaption><\/figure>\n<h3 class=\"wp-block-heading\"><span class=\"ez-toc-section\" id=\"Com_criancas_no_Vysehrad_Playground_das_antigas_lendas\"><\/span><span class=\"ez-toc-section\" id=\"Com_criancas_no_Vysehrad_Playground_das_antigas_lendas\"><\/span>Com crian\u00e7as no Vy\u0161ehrad: Playground das antigas lendas<span class=\"ez-toc-section-end\"><\/span><span class=\"ez-toc-section-end\"><\/span><\/h3>\n<p>Quando estamos com o Jon\u00e1\u0161 em Praga, os playgrounds se tornaram nossa nova parada obrigat\u00f3ria entre os pontos tur\u00edsticos. O playground do Vy\u0161ehrad, chamado &#8220;Das Antigas Lendas Tchecas&#8221;, fica na parte mais tranquila do parque, perto da Rotunda de S\u00e3o Martinho, e \u00e9 todo constru\u00eddo em madeira maci\u00e7a de ac\u00e1cia. Voc\u00ea encontra esculturas de madeira de personagens lend\u00e1rios, diversos brinquedos de escalar, casinhas e balan\u00e7os \u2014 tudo harmoniosamente integrado ao ambiente sob \u00e1rvores frondosas.<\/p>\n<p>O playground \u00e9 cercado, o que como m\u00e3e de uma crian\u00e7a que adora correr para todos os lados, eu valorizo imensamente. O ch\u00e3o \u00e9 de areia macia e cascalho, e h\u00e1 bancos suficientes para descansar. A entrada \u00e9, claro, gratuita.<\/p>\n<figure class=\"wp-block-image size-full\"><img loading=\"lazy\" decoding=\"async\" width=\"1200\" height=\"800\" src=\"https:\/\/loudavymkrokem.cz\/wp-content\/uploads\/2026\/04\/vysehrad-4346.jpg\" alt=\"Playground no Vy\u0161ehrad\" class=\"wp-image-151166\" title=\"\" srcset=\"https:\/\/loudavymkrokem.cz\/wp-content\/uploads\/2026\/04\/vysehrad-4346.jpg 1200w, https:\/\/loudavymkrokem.cz\/wp-content\/uploads\/2026\/04\/vysehrad-4346-300x200.jpg 300w, https:\/\/loudavymkrokem.cz\/wp-content\/uploads\/2026\/04\/vysehrad-4346-700x467.jpg 700w, https:\/\/loudavymkrokem.cz\/wp-content\/uploads\/2026\/04\/vysehrad-4346-768x512.jpg 768w, https:\/\/loudavymkrokem.cz\/wp-content\/uploads\/2026\/04\/vysehrad-4346-696x464.jpg 696w\" sizes=\"auto, (max-width: 1200px) 100vw, 1200px\"><figcaption class=\"wp-element-caption\">Playground no Vy\u0161ehrad<\/figcaption><\/figure>\n<h2 class=\"wp-block-heading\"><span class=\"ez-toc-section\" id=\"Informacoes_praticas_para_sua_visita\"><\/span><span class=\"ez-toc-section\" id=\"Informacoes_praticas_para_sua_visita\"><\/span>Informa\u00e7\u00f5es pr\u00e1ticas para sua visita<span class=\"ez-toc-section-end\"><\/span><span class=\"ez-toc-section-end\"><\/span><\/h2>\n<p>Antes de ir ao Vy\u0161ehrad, preparei algumas informa\u00e7\u00f5es pr\u00e1ticas sobre transporte, alimenta\u00e7\u00e3o e ingressos.<\/p>\n<p><strong>Transporte e como chegar:<\/strong> O acesso mais f\u00e1cil ao Vy\u0161ehrad \u00e9 pela linha vermelha do metr\u00f4 C, esta\u00e7\u00e3o Vy\u0161ehrad. De l\u00e1, s\u00e3o cerca de 10 minutos de caminhada totalmente plana, passando pelo Centro de Congressos at\u00e9 o Port\u00e3o de T\u00e1bor. Esse trajeto \u00e9 ideal para carrinhos de beb\u00ea ou pessoas com mobilidade reduzida. Uma segunda op\u00e7\u00e3o, um pouco mais rom\u00e2ntica, \u00e9 chegar de bonde (linhas 2, 3, 17, 21) at\u00e9 a parada V\u00fdto\u0148 e subir a encosta ao longo das muralhas. \u00c9 uma subida consider\u00e1vel, mas aos poucos se abrem vistas incr\u00edveis do rio. Para brasileiros visitando Praga, a forma mais f\u00e1cil de chegar \u00e0 Tch\u00e9quia \u00e9 por voos com conex\u00e3o em grandes hubs europeus como Frankfurt, Amsterd\u00e3 ou Paris. Dentro de Praga, o transporte p\u00fablico \u00e9 excelente: a passagem de <strong>30 minutos<\/strong> custa cerca de <strong>1,20 \u20ac<\/strong> e a di\u00e1ria sai por <strong>6 \u20ac<\/strong>.<\/p>\n<p><strong>Comida e bebida:<\/strong> Dentro do complexo do Vy\u0161ehrad h\u00e1 v\u00e1rios caf\u00e9s e restaurantes onde voc\u00ea pode fazer uma parada. N\u00f3s recentemente paramos para um bolo e caf\u00e9, quando nosso filho precisou urgentemente de um lanche 30 minutos ap\u00f3s o caf\u00e9 da manh\u00e3.<\/p>\n<p><strong>Ingressos e hor\u00e1rios de funcionamento:<\/strong> Como j\u00e1 mencionei, o complexo em si \u2014 parques, caminhos, muralhas \u2014 fica aberto 24 horas e \u00e9 gratuito. Paga-se apenas a entrada em atra\u00e7\u00f5es espec\u00edficas:<\/p>\n<ul class=\"wp-block-list\">\n<li>Bas\u00edlica de S\u00e3o Pedro e S\u00e3o Paulo: cerca de 5 \u20ac (diariamente, domingos a partir das 12h)<\/li>\n<li>Casamatas e Gorlice: cerca de 6 \u20ac (diariamente 9h30\u201317h\/18h)<\/li>\n<li>Cemit\u00e9rio de Vy\u0161ehrad: gratuito (aberto diariamente, fecha \u00e0s 16h ou 18h dependendo da esta\u00e7\u00e3o).<\/li>\n<\/ul>\n<figure class=\"wp-block-image size-full\"><img loading=\"lazy\" decoding=\"async\" width=\"1200\" height=\"800\" src=\"https:\/\/loudavymkrokem.cz\/wp-content\/uploads\/2026\/04\/vysehrad-4349.jpg\" alt=\"Caf\u00e9 Bystro no Vy\u0161ehrad\" class=\"wp-image-151169\" title=\"\" srcset=\"https:\/\/loudavymkrokem.cz\/wp-content\/uploads\/2026\/04\/vysehrad-4349.jpg 1200w, https:\/\/loudavymkrokem.cz\/wp-content\/uploads\/2026\/04\/vysehrad-4349-300x200.jpg 300w, https:\/\/loudavymkrokem.cz\/wp-content\/uploads\/2026\/04\/vysehrad-4349-700x467.jpg 700w, https:\/\/loudavymkrokem.cz\/wp-content\/uploads\/2026\/04\/vysehrad-4349-768x512.jpg 768w, https:\/\/loudavymkrokem.cz\/wp-content\/uploads\/2026\/04\/vysehrad-4349-696x464.jpg 696w\" sizes=\"auto, (max-width: 1200px) 100vw, 1200px\"><figcaption class=\"wp-element-caption\">Caf\u00e9 Bystro no Vy\u0161ehrad<\/figcaption><\/figure>\n<h2 class=\"wp-block-heading\"><span class=\"ez-toc-section\" id=\"Leia_tambem\"><\/span><span class=\"ez-toc-section\" id=\"Leia_tambem\"><\/span>Leia tamb\u00e9m<span class=\"ez-toc-section-end\"><\/span><span class=\"ez-toc-section-end\"><\/span><\/h2>\n<ul class=\"wp-block-list\">\n<li>Est\u00e1 preparando seu roteiro completo? Confira meu grande guia <a href=\"https:\/\/loudavymkrokem.cz\/pt-br\/o-que-fazer-praga\/\">O que ver em Praga<\/a>, onde voc\u00ea encontra dezenas de dicas al\u00e9m das rotas tur\u00edsticas principais.<\/li>\n<li>Se quer comparar o tranquilo Vy\u0161ehrad com seu irm\u00e3o mais famoso, d\u00ea uma olhada no artigo sobre o <a href=\"https:\/\/loudavymkrokem.cz\/pt-br\/?p=151263\">Castelo de Praga<\/a>.<\/li>\n<li>Est\u00e1 viajando com crian\u00e7as pequenas? Ent\u00e3o vai adorar nosso guia especial <a href=\"https:\/\/loudavymkrokem.cz\/pt-br\/praga-o-que-fazer-com-bebes\/\">O que fazer com crian\u00e7a pequena em Praga<\/a>, onde compartilho nossos playgrounds favoritos e caf\u00e9s baby-friendly.<\/li>\n<\/ul>\n<h2 class=\"wp-block-heading\"><span class=\"ez-toc-section\" id=\"Perguntas_frequentes\"><\/span><span class=\"ez-toc-section\" id=\"Perguntas_frequentes\"><\/span>Perguntas frequentes<span class=\"ez-toc-section-end\"><\/span><span class=\"ez-toc-section-end\"><\/span><\/h2>\n<div id=\"rank-math-faq\" class=\"rank-math-block\">\n<div class=\"rank-math-list \">\n<div id=\"faq-question-1777055066991\" class=\"rank-math-list-item\">\n<h3 class=\"rank-math-question \"><span class=\"ez-toc-section\" id=\"A_entrada_no_Vysehrad_e_paga\"><\/span><span class=\"ez-toc-section\" id=\"A_entrada_no_Vysehrad_e_paga\"><\/span><strong>A entrada no Vy\u0161ehrad \u00e9 paga?<\/strong><span class=\"ez-toc-section-end\"><\/span><span class=\"ez-toc-section-end\"><\/span><\/h3>\n<div class=\"rank-math-answer \">\n<p>N\u00e3o, a entrada em todo o complexo ao ar livre, nas muralhas e nos parques \u00e9 totalmente gratuita. Voc\u00ea s\u00f3 paga se quiser entrar na bas\u00edlica, nas casamatas subterr\u00e2neas ou na galeria.<\/p>\n<\/div>\n<\/div>\n<div id=\"faq-question-1777055079043\" class=\"rank-math-list-item\">\n<h3 class=\"rank-math-question \"><span class=\"ez-toc-section\" id=\"Posso_levar_cachorro_ao_Vysehrad\"><\/span><span class=\"ez-toc-section\" id=\"Posso_levar_cachorro_ao_Vysehrad\"><\/span><strong>Posso levar cachorro ao Vy\u0161ehrad?<\/strong> <span class=\"ez-toc-section-end\"><\/span><span class=\"ez-toc-section-end\"><\/span><\/h3>\n<div class=\"rank-math-answer \">\n<p>Sim, o Vy\u0161ehrad \u00e9 muito popular entre os moradores locais que passeiam com seus c\u00e3es. Por\u00e9m, dentro do complexo tombado como patrim\u00f4nio cultural nacional, os c\u00e3es devem estar na guia e n\u00e3o podem entrar no playground infantil nem no cemit\u00e9rio.<\/p>\n<\/div>\n<\/div>\n<div id=\"faq-question-1777055083751\" class=\"rank-math-list-item\">\n<h3 class=\"rank-math-question \"><span class=\"ez-toc-section\" id=\"O_Vysehrad_e_acessivel_para_carrinhos_de_bebe_e_cadeirantes\"><\/span><span class=\"ez-toc-section\" id=\"O_Vysehrad_e_acessivel_para_carrinhos_de_bebe_e_cadeirantes\"><\/span><strong>O Vy\u0161ehrad \u00e9 acess\u00edvel para carrinhos de beb\u00ea e cadeirantes?<\/strong><span class=\"ez-toc-section-end\"><\/span><span class=\"ez-toc-section-end\"><\/span><\/h3>\n<div class=\"rank-math-answer \">\n<p>Com certeza. Se voc\u00ea chegar pelo metr\u00f4 C na esta\u00e7\u00e3o Vy\u0161ehrad, todo o caminho at\u00e9 a bas\u00edlica e o circuito principal pelas muralhas \u00e9 feito por vias asfaltadas e planas, sem escadas. Apenas algumas vielas laterais t\u00eam paralelep\u00edpedos.<\/p>\n<\/div>\n<\/div>\n<div id=\"faq-question-1777055092052\" class=\"rank-math-list-item\">\n<h3 class=\"rank-math-question \"><span class=\"ez-toc-section\" id=\"Quanto_tempo_dura_a_visita_ao_Vysehrad\"><\/span><span class=\"ez-toc-section\" id=\"Quanto_tempo_dura_a_visita_ao_Vysehrad\"><\/span><strong>Quanto tempo dura a visita ao Vy\u0161ehrad?<\/strong><span class=\"ez-toc-section-end\"><\/span><span class=\"ez-toc-section-end\"><\/span><\/h3>\n<div class=\"rank-math-answer \">\n<p>Para um passeio tranquilo com vistas das muralhas e visita ao cemit\u00e9rio, recomendo reservar de 2 a 3 horas. Com visita aos interiores e almo\u00e7o, voc\u00ea facilmente passa meio dia por ali.<\/p>\n<\/div>\n<\/div>\n<div id=\"faq-question-1777055100734\" class=\"rank-math-list-item\">\n<h3 class=\"rank-math-question \"><span class=\"ez-toc-section\" id=\"Onde_estacionar_perto_do_Vysehrad\"><\/span><span class=\"ez-toc-section\" id=\"Onde_estacionar_perto_do_Vysehrad\"><\/span><strong>Onde estacionar perto do Vy\u0161ehrad?<\/strong> <span class=\"ez-toc-section-end\"><\/span><span class=\"ez-toc-section-end\"><\/span><\/h3>\n<div class=\"rank-math-answer \">\n<p>O melhor \u00e9 deixar o carro nas zonas de estacionamento pago (zonas roxas) nas proximidades da esta\u00e7\u00e3o de metr\u00f4 Vy\u0161ehrad ou na parte baixa em Podol\u00ed e caminhar o restante.<\/p>\n<\/div>\n<\/div>\n<div id=\"faq-question-1777055115685\" class=\"rank-math-list-item\">\n<h3 class=\"rank-math-question \"><span class=\"ez-toc-section\" id=\"A_Rotunda_de_Sao_Martinho_e_aberta_ao_publico\"><\/span><span class=\"ez-toc-section\" id=\"A_Rotunda_de_Sao_Martinho_e_aberta_ao_publico\"><\/span><strong>A Rotunda de S\u00e3o Martinho \u00e9 aberta ao p\u00fablico?<\/strong><span class=\"ez-toc-section-end\"><\/span><span class=\"ez-toc-section-end\"><\/span><\/h3>\n<div class=\"rank-math-answer \">\n<p>N\u00e3o, a rotunda fica fechada na maior parte do ano por raz\u00f5es de seguran\u00e7a e preserva\u00e7\u00e3o do patrim\u00f4nio \u2014 voc\u00ea pode v\u00ea-la apenas por fora, atrav\u00e9s de uma cercinha. Ela \u00e9 aberta apenas excepcionalmente, por exemplo durante a Noite das Igrejas ou nos Dias do Patrim\u00f4nio Europeu.<\/p>\n<\/div>\n<\/div>\n<\/div>\n<\/div>\n","protected":false},"excerpt":{"rendered":"<p>Vy\u0161ehrad \u00e9 um dos meus lugares favoritos em Praga, na Tch\u00e9quia \u2014 um ref\u00fagio tranquilo, sem multid\u00f5es, com as vistas mais bonitas da cidade.<\/p>\n","protected":false},"author":3,"featured_media":151159,"comment_status":"open","ping_status":"open","sticky":false,"template":"","format":"standard","meta":{"footnotes":"","rank_math_title":"","rank_math_description":"","rank_math_focus_keyword":"","rank_math_seo_score":""},"categories":[1121,1157],"tags":[],"class_list":{"0":"post-151257","1":"post","2":"type-post","3":"status-publish","4":"format-standard","5":"has-post-thumbnail","7":"category-europa","8":"category-republica-tcheca"},"featured_image_src":"https:\/\/loudavymkrokem.cz\/wp-content\/uploads\/2026\/04\/vysehrad-4316.jpg","author_info":{"display_name":"Lucie Kone\u010dn\u00e1","author_link":"https:\/\/loudavymkrokem.cz\/pt-br\/author\/lucie-konecna\/"},"_links":{"self":[{"href":"https:\/\/loudavymkrokem.cz\/pt-br\/wp-json\/wp\/v2\/posts\/151257","targetHints":{"allow":["GET"]}}],"collection":[{"href":"https:\/\/loudavymkrokem.cz\/pt-br\/wp-json\/wp\/v2\/posts"}],"about":[{"href":"https:\/\/loudavymkrokem.cz\/pt-br\/wp-json\/wp\/v2\/types\/post"}],"author":[{"embeddable":true,"href":"https:\/\/loudavymkrokem.cz\/pt-br\/wp-json\/wp\/v2\/users\/3"}],"replies":[{"embeddable":true,"href":"https:\/\/loudavymkrokem.cz\/pt-br\/wp-json\/wp\/v2\/comments?post=151257"}],"version-history":[{"count":1,"href":"https:\/\/loudavymkrokem.cz\/pt-br\/wp-json\/wp\/v2\/posts\/151257\/revisions"}],"predecessor-version":[{"id":151687,"href":"https:\/\/loudavymkrokem.cz\/pt-br\/wp-json\/wp\/v2\/posts\/151257\/revisions\/151687"}],"wp:featuredmedia":[{"embeddable":true,"href":"https:\/\/loudavymkrokem.cz\/pt-br\/wp-json\/wp\/v2\/media\/151159"}],"wp:attachment":[{"href":"https:\/\/loudavymkrokem.cz\/pt-br\/wp-json\/wp\/v2\/media?parent=151257"}],"wp:term":[{"taxonomy":"category","embeddable":true,"href":"https:\/\/loudavymkrokem.cz\/pt-br\/wp-json\/wp\/v2\/categories?post=151257"},{"taxonomy":"post_tag","embeddable":true,"href":"https:\/\/loudavymkrokem.cz\/pt-br\/wp-json\/wp\/v2\/tags?post=151257"}],"curies":[{"name":"wp","href":"https:\/\/api.w.org\/{rel}","templated":true}]}}