{"id":143161,"date":"2023-02-04T17:53:50","date_gmt":"2023-02-04T16:53:50","guid":{"rendered":"https:\/\/loudavymkrokem.cz\/?p=143161"},"modified":"2026-04-02T16:14:00","modified_gmt":"2026-04-02T14:14:00","slug":"viena-austria-o-que-ver","status":"publish","type":"post","link":"https:\/\/loudavymkrokem.cz\/pt-br\/viena-austria-o-que-ver\/","title":{"rendered":"O que ver em Viena: 50+ dicas, roteiro e mapa (2026)"},"content":{"rendered":"\n<p>Viena, na \u00c1ustria, \u00e9 uma das cidades mais bonitas da Europa \u2014 e isso n\u00e3o \u00e9 exagero nenhum. A antiga capital do Imp\u00e9rio Habsburgo oferece pal\u00e1cios monumentais, museus de n\u00edvel mundial, uma das melhores culturas de caf\u00e9 do planeta e uma gastronomia surpreendentemente deliciosa. Seja para um fim de semana ou uma estadia mais longa, este guia sobre <strong>Viena \u00c1ustria<\/strong> vai ajudar voc\u00ea a planejar a viagem perfeita.<\/p>\n\n<p>Neste artigo, voc\u00ea encontra <strong>mais de 50 dicas do que ver e fazer em Viena<\/strong>, um roteiro pr\u00e1tico de 1 a 3 dias, um guia da gastronomia vienense \u2014 do Sachertorte aos Heurigers \u2014 e um mapa com todos os lugares. Visitamos a maioria das atra\u00e7\u00f5es pessoalmente e atualizamos as dicas regularmente.<\/p>\n\n<figure class=\"wp-block-image size-full\"><img loading=\"lazy\" decoding=\"async\" width=\"1200\" height=\"630\" src=\"https:\/\/loudavymkrokem.cz\/wp-content\/uploads\/2023\/02\/co-delat-ve-vidni.jpg\" alt=\"O que ver em Viena \u00c1ustria\" class=\"wp-image-92808\" title=\"\" srcset=\"https:\/\/loudavymkrokem.cz\/wp-content\/uploads\/2023\/02\/co-delat-ve-vidni.jpg 1200w, https:\/\/loudavymkrokem.cz\/wp-content\/uploads\/2023\/02\/co-delat-ve-vidni-300x158.jpg 300w, https:\/\/loudavymkrokem.cz\/wp-content\/uploads\/2023\/02\/co-delat-ve-vidni-700x368.jpg 700w, https:\/\/loudavymkrokem.cz\/wp-content\/uploads\/2023\/02\/co-delat-ve-vidni-768x403.jpg 768w, https:\/\/loudavymkrokem.cz\/wp-content\/uploads\/2023\/02\/co-delat-ve-vidni-696x365.jpg 696w\" sizes=\"auto, (max-width: 1200px) 100vw, 1200px\"><figcaption class=\"wp-element-caption\">O que ver em Viena, \u00c1ustria<\/figcaption><\/figure>\n\n<div id=\"ez-toc-container\" class=\"ez-toc-v2_0_82_2 ez-toc-wrap-left counter-hierarchy ez-toc-counter ez-toc-grey ez-toc-container-direction\">\n<div class=\"ez-toc-title-container\">\n<p class=\"ez-toc-title\" style=\"cursor:inherit\">Obsah \u010dl\u00e1nku<\/p>\n<span class=\"ez-toc-title-toggle\"><a href=\"#\" class=\"ez-toc-pull-right ez-toc-btn ez-toc-btn-xs ez-toc-btn-default ez-toc-toggle\" aria-label=\"Alternar tabela de conte\u00fado\"><span class=\"ez-toc-js-icon-con\"><span class=\"\"><span class=\"eztoc-hide\" style=\"display:none;\">Toggle<\/span><span class=\"ez-toc-icon-toggle-span\"><svg style=\"fill: #999;color:#999\" xmlns=\"http:\/\/www.w3.org\/2000\/svg\" class=\"list-377408\" width=\"20px\" height=\"20px\" viewBox=\"0 0 24 24\" fill=\"none\"><path d=\"M6 6H4v2h2V6zm14 0H8v2h12V6zM4 11h2v2H4v-2zm16 0H8v2h12v-2zM4 16h2v2H4v-2zm16 0H8v2h12v-2z\" fill=\"currentColor\"><\/path><\/svg><svg style=\"fill: #999;color:#999\" class=\"arrow-unsorted-368013\" xmlns=\"http:\/\/www.w3.org\/2000\/svg\" width=\"10px\" height=\"10px\" viewBox=\"0 0 24 24\" version=\"1.2\" baseProfile=\"tiny\"><path d=\"M18.2 9.3l-6.2-6.3-6.2 6.3c-.2.2-.3.4-.3.7s.1.5.3.7c.2.2.4.3.7.3h11c.3 0 .5-.1.7-.3.2-.2.3-.5.3-.7s-.1-.5-.3-.7zM5.8 14.7l6.2 6.3 6.2-6.3c.2-.2.3-.5.3-.7s-.1-.5-.3-.7c-.2-.2-.4-.3-.7-.3h-11c-.3 0-.5.1-.7.3-.2.2-.3.5-.3.7s.1.5.3.7z\"\/><\/svg><\/span><\/span><\/span><\/a><\/span><\/div>\n<nav><ul class='ez-toc-list ez-toc-list-level-1 ' ><li class='ez-toc-page-1 ez-toc-heading-level-2'><a class=\"ez-toc-link ez-toc-heading-1\" href=\"https:\/\/loudavymkrokem.cz\/pt-br\/viena-austria-o-que-ver\/#Roteiro_%E2%80%94_Viena_em_1_2_ou_3_dias\" >Roteiro \u2014 Viena em 1, 2 ou 3 dias<\/a><ul class='ez-toc-list-level-3' ><li class='ez-toc-heading-level-3'><a class=\"ez-toc-link ez-toc-heading-2\" href=\"https:\/\/loudavymkrokem.cz\/pt-br\/viena-austria-o-que-ver\/#Viena_em_1_dia\" >Viena em 1 dia<\/a><\/li><li class='ez-toc-page-1 ez-toc-heading-level-3'><a class=\"ez-toc-link ez-toc-heading-3\" href=\"https:\/\/loudavymkrokem.cz\/pt-br\/viena-austria-o-que-ver\/#Viena_em_2_dias\" >Viena em 2 dias<\/a><\/li><li class='ez-toc-page-1 ez-toc-heading-level-3'><a class=\"ez-toc-link ez-toc-heading-4\" href=\"https:\/\/loudavymkrokem.cz\/pt-br\/viena-austria-o-que-ver\/#Viena_em_3_dias\" >Viena em 3 dias<\/a><\/li><\/ul><\/li><li class='ez-toc-page-1 ez-toc-heading-level-2'><a class=\"ez-toc-link ez-toc-heading-5\" href=\"https:\/\/loudavymkrokem.cz\/pt-br\/viena-austria-o-que-ver\/#Melhores_pontos_turisticos_de_Viena_%E2%80%94_monumentos_e_palacios\" >Melhores pontos tur\u00edsticos de Viena \u2014 monumentos e pal\u00e1cios<\/a><ul class='ez-toc-list-level-3' ><li class='ez-toc-heading-level-3'><a class=\"ez-toc-link ez-toc-heading-6\" href=\"https:\/\/loudavymkrokem.cz\/pt-br\/viena-austria-o-que-ver\/#1_Simbolo_de_Viena_Catedral_de_Santo_Estevao_Stephansdom\" >1) S\u00edmbolo de Viena: Catedral de Santo Est\u00eav\u00e3o (Stephansdom)<\/a><\/li><li class='ez-toc-page-1 ez-toc-heading-level-3'><a class=\"ez-toc-link ez-toc-heading-7\" href=\"https:\/\/loudavymkrokem.cz\/pt-br\/viena-austria-o-que-ver\/#2_Palacio_Belvedere_%E2%80%94_lar_de_%E2%80%9CO_Beijo%E2%80%9D_de_Klimt\" >2) Pal\u00e1cio Belvedere \u2014 lar de &#8220;O Beijo&#8221; de Klimt<\/a><\/li><li class='ez-toc-page-1 ez-toc-heading-level-3'><a class=\"ez-toc-link ez-toc-heading-8\" href=\"https:\/\/loudavymkrokem.cz\/pt-br\/viena-austria-o-que-ver\/#3_Hofburg_%E2%80%94_o_maior_complexo_palaciano_do_mundo\" >3) Hofburg \u2014 o maior complexo palaciano do mundo<\/a><\/li><li class='ez-toc-page-1 ez-toc-heading-level-3'><a class=\"ez-toc-link ez-toc-heading-9\" href=\"https:\/\/loudavymkrokem.cz\/pt-br\/viena-austria-o-que-ver\/#4_Schonbrunn_%E2%80%94_residencia_de_verao_dos_Habsburgos\" >4) Sch\u00f6nbrunn \u2014 resid\u00eancia de ver\u00e3o dos Habsburgos<\/a><\/li><li class='ez-toc-page-1 ez-toc-heading-level-3'><a class=\"ez-toc-link ez-toc-heading-10\" href=\"https:\/\/loudavymkrokem.cz\/pt-br\/viena-austria-o-que-ver\/#5_Prefeitura_de_Viena_Rathaus\" >5) Prefeitura de Viena (Rathaus)<\/a><\/li><li class='ez-toc-page-1 ez-toc-heading-level-3'><a class=\"ez-toc-link ez-toc-heading-11\" href=\"https:\/\/loudavymkrokem.cz\/pt-br\/viena-austria-o-que-ver\/#6_Edificio_do_Parlamento\" >6) Edif\u00edcio do Parlamento<\/a><\/li><li class='ez-toc-page-1 ez-toc-heading-level-3'><a class=\"ez-toc-link ez-toc-heading-12\" href=\"https:\/\/loudavymkrokem.cz\/pt-br\/viena-austria-o-que-ver\/#7_Ringstrase_%E2%80%94_o_boulevard_circular\" >7) Ringstra\u00dfe \u2014 o boulevard circular<\/a><\/li><li class='ez-toc-page-1 ez-toc-heading-level-3'><a class=\"ez-toc-link ez-toc-heading-13\" href=\"https:\/\/loudavymkrokem.cz\/pt-br\/viena-austria-o-que-ver\/#8_Opera_Estatal_Wiener_Staatsoper\" >8) \u00d3pera Estatal (Wiener Staatsoper)<\/a><\/li><li class='ez-toc-page-1 ez-toc-heading-level-3'><a class=\"ez-toc-link ez-toc-heading-14\" href=\"https:\/\/loudavymkrokem.cz\/pt-br\/viena-austria-o-que-ver\/#9_Igreja_Karlskirche\" >9) Igreja Karlskirche<\/a><\/li><li class='ez-toc-page-1 ez-toc-heading-level-3'><a class=\"ez-toc-link ez-toc-heading-15\" href=\"https:\/\/loudavymkrokem.cz\/pt-br\/viena-austria-o-que-ver\/#10_Igreja_Votiva_Votivkirche\" >10) Igreja Votiva (Votivkirche)<\/a><\/li><li class='ez-toc-page-1 ez-toc-heading-level-3'><a class=\"ez-toc-link ez-toc-heading-16\" href=\"https:\/\/loudavymkrokem.cz\/pt-br\/viena-austria-o-que-ver\/#11_Hundertwasserhaus\" >11) Hundertwasserhaus<\/a><\/li><li class='ez-toc-page-1 ez-toc-heading-level-3'><a class=\"ez-toc-link ez-toc-heading-17\" href=\"https:\/\/loudavymkrokem.cz\/pt-br\/viena-austria-o-que-ver\/#12_Pavilhao_da_Secessao\" >12) Pavilh\u00e3o da Secess\u00e3o<\/a><\/li><li class='ez-toc-page-1 ez-toc-heading-level-3'><a class=\"ez-toc-link ez-toc-heading-18\" href=\"https:\/\/loudavymkrokem.cz\/pt-br\/viena-austria-o-que-ver\/#13_Kaisergruft_%E2%80%94_a_cripta_dos_Habsburgos\" >13) Kaisergruft \u2014 a cripta dos Habsburgos<\/a><\/li><li class='ez-toc-page-1 ez-toc-heading-level-3'><a class=\"ez-toc-link ez-toc-heading-19\" href=\"https:\/\/loudavymkrokem.cz\/pt-br\/viena-austria-o-que-ver\/#14_Teatro_Nacional_Burgtheater\" >14) Teatro Nacional Burgtheater<\/a><\/li><li class='ez-toc-page-1 ez-toc-heading-level-3'><a class=\"ez-toc-link ez-toc-heading-20\" href=\"https:\/\/loudavymkrokem.cz\/pt-br\/viena-austria-o-que-ver\/#15_Gasometer\" >15) Gasometer<\/a><\/li><li class='ez-toc-page-1 ez-toc-heading-level-3'><a class=\"ez-toc-link ez-toc-heading-21\" href=\"https:\/\/loudavymkrokem.cz\/pt-br\/viena-austria-o-que-ver\/#16_Igreja_de_Sao_Francisco_de_Assis\" >16) Igreja de S\u00e3o Francisco de Assis<\/a><\/li><li class='ez-toc-page-1 ez-toc-heading-level-3'><a class=\"ez-toc-link ez-toc-heading-22\" href=\"https:\/\/loudavymkrokem.cz\/pt-br\/viena-austria-o-que-ver\/#17_Templo_de_Teseu_no_Volksgarten\" >17) Templo de Teseu no Volksgarten<\/a><\/li><li class='ez-toc-page-1 ez-toc-heading-level-3'><a class=\"ez-toc-link ez-toc-heading-23\" href=\"https:\/\/loudavymkrokem.cz\/pt-br\/viena-austria-o-que-ver\/#18_MuseumsQuartier\" >18) MuseumsQuartier<\/a><\/li><li class='ez-toc-page-1 ez-toc-heading-level-3'><a class=\"ez-toc-link ez-toc-heading-24\" href=\"https:\/\/loudavymkrokem.cz\/pt-br\/viena-austria-o-que-ver\/#19_Donauinsel_%E2%80%94_ilha_no_Danubio\" >19) Donauinsel \u2014 ilha no Dan\u00fabio<\/a><\/li><li class='ez-toc-page-1 ez-toc-heading-level-3'><a class=\"ez-toc-link ez-toc-heading-25\" href=\"https:\/\/loudavymkrokem.cz\/pt-br\/viena-austria-o-que-ver\/#20_Ruelas_secretas_%E2%80%94_Naglergasse_e_Blutgasse\" >20) Ruelas secretas \u2014 Naglergasse e Blutgasse<\/a><\/li><li class='ez-toc-page-1 ez-toc-heading-level-3'><a class=\"ez-toc-link ez-toc-heading-26\" href=\"https:\/\/loudavymkrokem.cz\/pt-br\/viena-austria-o-que-ver\/#21_Haas-House\" >21) Haas-House<\/a><\/li><li class='ez-toc-page-1 ez-toc-heading-level-3'><a class=\"ez-toc-link ez-toc-heading-27\" href=\"https:\/\/loudavymkrokem.cz\/pt-br\/viena-austria-o-que-ver\/#22_Igreja_de_Sao_Leopoldo_em_Steinhof\" >22) Igreja de S\u00e3o Leopoldo em Steinhof<\/a><\/li><\/ul><\/li><li class='ez-toc-page-1 ez-toc-heading-level-2'><a class=\"ez-toc-link ez-toc-heading-28\" href=\"https:\/\/loudavymkrokem.cz\/pt-br\/viena-austria-o-que-ver\/#Museus_e_galerias_que_valem_a_visita\" >Museus e galerias que valem a visita<\/a><ul class='ez-toc-list-level-3' ><li class='ez-toc-heading-level-3'><a class=\"ez-toc-link ez-toc-heading-29\" href=\"https:\/\/loudavymkrokem.cz\/pt-br\/viena-austria-o-que-ver\/#23_Albertina_%E2%80%94_de_Leonardo_da_Vinci_a_Oskar_Kokoschka\" >23) Albertina \u2014 de Leonardo da Vinci a Oskar Kokoschka<\/a><\/li><li class='ez-toc-page-1 ez-toc-heading-level-3'><a class=\"ez-toc-link ez-toc-heading-30\" href=\"https:\/\/loudavymkrokem.cz\/pt-br\/viena-austria-o-que-ver\/#24_Museu_de_Historia_da_Arte_Kunsthistorisches_Museum\" >24) Museu de Hist\u00f3ria da Arte (Kunsthistorisches Museum)<\/a><\/li><li class='ez-toc-page-1 ez-toc-heading-level-3'><a class=\"ez-toc-link ez-toc-heading-31\" href=\"https:\/\/loudavymkrokem.cz\/pt-br\/viena-austria-o-que-ver\/#25_Museu_de_Historia_Natural_%E2%80%94_ideal_para_toda_a_familia\" >25) Museu de Hist\u00f3ria Natural \u2014 ideal para toda a fam\u00edlia<\/a><\/li><li class='ez-toc-page-1 ez-toc-heading-level-3'><a class=\"ez-toc-link ez-toc-heading-32\" href=\"https:\/\/loudavymkrokem.cz\/pt-br\/viena-austria-o-que-ver\/#26_Museu_de_Sigmund_Freud\" >26) Museu de Sigmund Freud<\/a><\/li><li class='ez-toc-page-1 ez-toc-heading-level-3'><a class=\"ez-toc-link ez-toc-heading-33\" href=\"https:\/\/loudavymkrokem.cz\/pt-br\/viena-austria-o-que-ver\/#27_Museu_da_Imperatriz_Sisi\" >27) Museu da Imperatriz Sisi<\/a><\/li><li class='ez-toc-page-1 ez-toc-heading-level-3'><a class=\"ez-toc-link ez-toc-heading-34\" href=\"https:\/\/loudavymkrokem.cz\/pt-br\/viena-austria-o-que-ver\/#28_Museu_de_Beethoven\" >28) Museu de Beethoven<\/a><\/li><li class='ez-toc-page-1 ez-toc-heading-level-3'><a class=\"ez-toc-link ez-toc-heading-35\" href=\"https:\/\/loudavymkrokem.cz\/pt-br\/viena-austria-o-que-ver\/#29_Museu_Judaico\" >29) Museu Judaico<\/a><\/li><li class='ez-toc-page-1 ez-toc-heading-level-3'><a class=\"ez-toc-link ez-toc-heading-36\" href=\"https:\/\/loudavymkrokem.cz\/pt-br\/viena-austria-o-que-ver\/#30_Madame_Tussauds\" >30) Madame Tussauds<\/a><\/li><\/ul><\/li><li class='ez-toc-page-1 ez-toc-heading-level-2'><a class=\"ez-toc-link ez-toc-heading-37\" href=\"https:\/\/loudavymkrokem.cz\/pt-br\/viena-austria-o-que-ver\/#Mirantes_e_melhores_lugares_para_o_por_do_sol\" >Mirantes e melhores lugares para o p\u00f4r do sol<\/a><ul class='ez-toc-list-level-3' ><li class='ez-toc-heading-level-3'><a class=\"ez-toc-link ez-toc-heading-38\" href=\"https:\/\/loudavymkrokem.cz\/pt-br\/viena-austria-o-que-ver\/#31_Roda-gigante_do_Prater_Riesenrad\" >31) Roda-gigante do Prater (Riesenrad)<\/a><\/li><li class='ez-toc-page-1 ez-toc-heading-level-3'><a class=\"ez-toc-link ez-toc-heading-39\" href=\"https:\/\/loudavymkrokem.cz\/pt-br\/viena-austria-o-que-ver\/#32_Donauturm\" >32) Donauturm<\/a><\/li><li class='ez-toc-page-1 ez-toc-heading-level-3'><a class=\"ez-toc-link ez-toc-heading-40\" href=\"https:\/\/loudavymkrokem.cz\/pt-br\/viena-austria-o-que-ver\/#33_Gloriette_nos_jardins_de_Schonbrunn\" >33) Gloriette nos jardins de Sch\u00f6nbrunn<\/a><\/li><\/ul><\/li><li class='ez-toc-page-1 ez-toc-heading-level-2'><a class=\"ez-toc-link ez-toc-heading-41\" href=\"https:\/\/loudavymkrokem.cz\/pt-br\/viena-austria-o-que-ver\/#Gastronomia_vienense_%E2%80%94_o_que_experimentar_e_onde_comer\" >Gastronomia vienense \u2014 o que experimentar e onde comer<\/a><ul class='ez-toc-list-level-3' ><li class='ez-toc-heading-level-3'><a class=\"ez-toc-link ez-toc-heading-42\" href=\"https:\/\/loudavymkrokem.cz\/pt-br\/viena-austria-o-que-ver\/#O_que_voce_precisa_experimentar_em_Viena\" >O que voc\u00ea precisa experimentar em Viena<\/a><\/li><li class='ez-toc-page-1 ez-toc-heading-level-3'><a class=\"ez-toc-link ez-toc-heading-43\" href=\"https:\/\/loudavymkrokem.cz\/pt-br\/viena-austria-o-que-ver\/#Onde_comer_%E2%80%94_nossas_dicas\" >Onde comer \u2014 nossas dicas<\/a><\/li><\/ul><\/li><li class='ez-toc-page-1 ez-toc-heading-level-2'><a class=\"ez-toc-link ez-toc-heading-44\" href=\"https:\/\/loudavymkrokem.cz\/pt-br\/viena-austria-o-que-ver\/#Naschmarkt_%E2%80%94_guia_da_feira_mais_famosa_de_Viena\" >Naschmarkt \u2014 guia da feira mais famosa de Viena<\/a><ul class='ez-toc-list-level-3' ><li class='ez-toc-heading-level-3'><a class=\"ez-toc-link ez-toc-heading-45\" href=\"https:\/\/loudavymkrokem.cz\/pt-br\/viena-austria-o-que-ver\/#O_que_experimentar_aqui\" >O que experimentar aqui<\/a><\/li><li class='ez-toc-page-1 ez-toc-heading-level-3'><a class=\"ez-toc-link ez-toc-heading-46\" href=\"https:\/\/loudavymkrokem.cz\/pt-br\/viena-austria-o-que-ver\/#Dicas_praticas\" >Dicas pr\u00e1ticas<\/a><\/li><\/ul><\/li><li class='ez-toc-page-1 ez-toc-heading-level-2'><a class=\"ez-toc-link ez-toc-heading-47\" href=\"https:\/\/loudavymkrokem.cz\/pt-br\/viena-austria-o-que-ver\/#Heurigers_%E2%80%94_as_tabernas_de_vinho_vienenses\" >Heurigers \u2014 as tabernas de vinho vienenses<\/a><ul class='ez-toc-list-level-3' ><li class='ez-toc-heading-level-3'><a class=\"ez-toc-link ez-toc-heading-48\" href=\"https:\/\/loudavymkrokem.cz\/pt-br\/viena-austria-o-que-ver\/#Como_funciona\" >Como funciona<\/a><\/li><li class='ez-toc-page-1 ez-toc-heading-level-3'><a class=\"ez-toc-link ez-toc-heading-49\" href=\"https:\/\/loudavymkrokem.cz\/pt-br\/viena-austria-o-que-ver\/#Onde_ir_a_um_Heuriger\" >Onde ir a um Heuriger<\/a><\/li><li class='ez-toc-page-1 ez-toc-heading-level-3'><a class=\"ez-toc-link ez-toc-heading-50\" href=\"https:\/\/loudavymkrokem.cz\/pt-br\/viena-austria-o-que-ver\/#O_que_pedir\" >O que pedir<\/a><\/li><\/ul><\/li><li class='ez-toc-page-1 ez-toc-heading-level-2'><a class=\"ez-toc-link ez-toc-heading-51\" href=\"https:\/\/loudavymkrokem.cz\/pt-br\/viena-austria-o-que-ver\/#Cultura_dos_cafes_%E2%80%94_os_mais_belos_cafes_vienenses\" >Cultura dos caf\u00e9s \u2014 os mais belos caf\u00e9s vienenses<\/a><ul class='ez-toc-list-level-3' ><li class='ez-toc-heading-level-3'><a class=\"ez-toc-link ez-toc-heading-52\" href=\"https:\/\/loudavymkrokem.cz\/pt-br\/viena-austria-o-que-ver\/#Cafes_que_voce_precisa_conhecer\" >Caf\u00e9s que voc\u00ea precisa conhecer<\/a><\/li><li class='ez-toc-page-1 ez-toc-heading-level-3'><a class=\"ez-toc-link ez-toc-heading-53\" href=\"https:\/\/loudavymkrokem.cz\/pt-br\/viena-austria-o-que-ver\/#O_que_pedir_no_cafe\" >O que pedir no caf\u00e9<\/a><\/li><\/ul><\/li><li class='ez-toc-page-1 ez-toc-heading-level-2'><a class=\"ez-toc-link ez-toc-heading-54\" href=\"https:\/\/loudavymkrokem.cz\/pt-br\/viena-austria-o-que-ver\/#Vienna_City_Card_vs_Vienna_Pass_%E2%80%94_qual_vale_a_pena\" >Vienna City Card vs. Vienna Pass \u2014 qual vale a pena?<\/a><ul class='ez-toc-list-level-3' ><li class='ez-toc-heading-level-3'><a class=\"ez-toc-link ez-toc-heading-55\" href=\"https:\/\/loudavymkrokem.cz\/pt-br\/viena-austria-o-que-ver\/#Vienna_City_Card\" >Vienna City Card<\/a><\/li><li class='ez-toc-page-1 ez-toc-heading-level-3'><a class=\"ez-toc-link ez-toc-heading-56\" href=\"https:\/\/loudavymkrokem.cz\/pt-br\/viena-austria-o-que-ver\/#Vienna_Pass\" >Vienna Pass<\/a><\/li><li class='ez-toc-page-1 ez-toc-heading-level-3'><a class=\"ez-toc-link ez-toc-heading-57\" href=\"https:\/\/loudavymkrokem.cz\/pt-br\/viena-austria-o-que-ver\/#Nossa_recomendacao\" >Nossa recomenda\u00e7\u00e3o<\/a><\/li><\/ul><\/li><li class='ez-toc-page-1 ez-toc-heading-level-2'><a class=\"ez-toc-link ez-toc-heading-58\" href=\"https:\/\/loudavymkrokem.cz\/pt-br\/viena-austria-o-que-ver\/#O_que_fazer_em_Viena_quando_chove\" >O que fazer em Viena quando chove<\/a><\/li><li class='ez-toc-page-1 ez-toc-heading-level-2'><a class=\"ez-toc-link ez-toc-heading-59\" href=\"https:\/\/loudavymkrokem.cz\/pt-br\/viena-austria-o-que-ver\/#Feiras_de_Natal_em_Viena\" >Feiras de Natal em Viena<\/a><ul class='ez-toc-list-level-3' ><li class='ez-toc-heading-level-3'><a class=\"ez-toc-link ez-toc-heading-60\" href=\"https:\/\/loudavymkrokem.cz\/pt-br\/viena-austria-o-que-ver\/#As_maiores_feiras\" >As maiores feiras<\/a><\/li><li class='ez-toc-page-1 ez-toc-heading-level-3'><a class=\"ez-toc-link ez-toc-heading-61\" href=\"https:\/\/loudavymkrokem.cz\/pt-br\/viena-austria-o-que-ver\/#As_feiras_mais_atmosfericas\" >As feiras mais atmosf\u00e9ricas<\/a><\/li><li class='ez-toc-page-1 ez-toc-heading-level-3'><a class=\"ez-toc-link ez-toc-heading-62\" href=\"https:\/\/loudavymkrokem.cz\/pt-br\/viena-austria-o-que-ver\/#Feiras_de_Natal_nos_palacios\" >Feiras de Natal nos pal\u00e1cios<\/a><\/li><li class='ez-toc-page-1 ez-toc-heading-level-3'><a class=\"ez-toc-link ez-toc-heading-63\" href=\"https:\/\/loudavymkrokem.cz\/pt-br\/viena-austria-o-que-ver\/#Feiras_artisticas_e_outras\" >Feiras art\u00edsticas e outras<\/a><\/li><li class='ez-toc-page-1 ez-toc-heading-level-3'><a class=\"ez-toc-link ez-toc-heading-64\" href=\"https:\/\/loudavymkrokem.cz\/pt-br\/viena-austria-o-que-ver\/#Dicas_praticas_para_as_feiras_de_Natal\" >Dicas pr\u00e1ticas para as feiras de Natal<\/a><\/li><\/ul><\/li><li class='ez-toc-page-1 ez-toc-heading-level-2'><a class=\"ez-toc-link ez-toc-heading-65\" href=\"https:\/\/loudavymkrokem.cz\/pt-br\/viena-austria-o-que-ver\/#Viena_com_criancas\" >Viena com crian\u00e7as<\/a><\/li><li class='ez-toc-page-1 ez-toc-heading-level-2'><a class=\"ez-toc-link ez-toc-heading-66\" href=\"https:\/\/loudavymkrokem.cz\/pt-br\/viena-austria-o-que-ver\/#Cruzeiros_romanticos_pelo_Danubio\" >Cruzeiros rom\u00e2nticos pelo Dan\u00fabio<\/a><ul class='ez-toc-list-level-3' ><li class='ez-toc-heading-level-3'><a class=\"ez-toc-link ez-toc-heading-67\" href=\"https:\/\/loudavymkrokem.cz\/pt-br\/viena-austria-o-que-ver\/#Cruzeiro_pelo_Danubio_com_jantar_de_3_pratos\" >Cruzeiro pelo Dan\u00fabio com jantar de 3 pratos<\/a><\/li><\/ul><\/li><li class='ez-toc-page-1 ez-toc-heading-level-2'><a class=\"ez-toc-link ez-toc-heading-68\" href=\"https:\/\/loudavymkrokem.cz\/pt-br\/viena-austria-o-que-ver\/#Passeios_bate-volta_saindo_de_Viena\" >Passeios bate-volta saindo de Viena<\/a><ul class='ez-toc-list-level-3' ><li class='ez-toc-heading-level-3'><a class=\"ez-toc-link ez-toc-heading-69\" href=\"https:\/\/loudavymkrokem.cz\/pt-br\/viena-austria-o-que-ver\/#Wachau_%E2%80%94_vale_do_Danubio_UNESCO\" >Wachau \u2014 vale do Dan\u00fabio (UNESCO)<\/a><\/li><li class='ez-toc-page-1 ez-toc-heading-level-3'><a class=\"ez-toc-link ez-toc-heading-70\" href=\"https:\/\/loudavymkrokem.cz\/pt-br\/viena-austria-o-que-ver\/#Bratislava\" >Bratislava<\/a><\/li><li class='ez-toc-page-1 ez-toc-heading-level-3'><a class=\"ez-toc-link ez-toc-heading-71\" href=\"https:\/\/loudavymkrokem.cz\/pt-br\/viena-austria-o-que-ver\/#Baden_bei_Wien\" >Baden bei Wien<\/a><\/li><li class='ez-toc-page-1 ez-toc-heading-level-3'><a class=\"ez-toc-link ez-toc-heading-72\" href=\"https:\/\/loudavymkrokem.cz\/pt-br\/viena-austria-o-que-ver\/#Burgenland_e_Neusiedler_See\" >Burgenland e Neusiedler See<\/a><\/li><\/ul><\/li><li class='ez-toc-page-1 ez-toc-heading-level-2'><a class=\"ez-toc-link ez-toc-heading-73\" href=\"https:\/\/loudavymkrokem.cz\/pt-br\/viena-austria-o-que-ver\/#Como_chegar_a_Viena_e_transporte_na_cidade\" >Como chegar a Viena e transporte na cidade<\/a><ul class='ez-toc-list-level-3' ><li class='ez-toc-heading-level-3'><a class=\"ez-toc-link ez-toc-heading-74\" href=\"https:\/\/loudavymkrokem.cz\/pt-br\/viena-austria-o-que-ver\/#De_aviao_para_Viena\" >De avi\u00e3o para Viena<\/a><\/li><li class='ez-toc-page-1 ez-toc-heading-level-3'><a class=\"ez-toc-link ez-toc-heading-75\" href=\"https:\/\/loudavymkrokem.cz\/pt-br\/viena-austria-o-que-ver\/#De_trem_para_Viena\" >De trem para Viena<\/a><\/li><li class='ez-toc-page-1 ez-toc-heading-level-3'><a class=\"ez-toc-link ez-toc-heading-76\" href=\"https:\/\/loudavymkrokem.cz\/pt-br\/viena-austria-o-que-ver\/#De_onibus_para_Viena\" >De \u00f4nibus para Viena<\/a><\/li><li class='ez-toc-page-1 ez-toc-heading-level-3'><a class=\"ez-toc-link ez-toc-heading-77\" href=\"https:\/\/loudavymkrokem.cz\/pt-br\/viena-austria-o-que-ver\/#De_carro_para_Viena\" >De carro para Viena<\/a><\/li><li class='ez-toc-page-1 ez-toc-heading-level-3'><a class=\"ez-toc-link ez-toc-heading-78\" href=\"https:\/\/loudavymkrokem.cz\/pt-br\/viena-austria-o-que-ver\/#Estacionamento_em_Viena\" >Estacionamento em Viena<\/a><\/li><li class='ez-toc-page-1 ez-toc-heading-level-3'><a class=\"ez-toc-link ez-toc-heading-79\" href=\"https:\/\/loudavymkrokem.cz\/pt-br\/viena-austria-o-que-ver\/#Transporte_em_Viena_%E2%80%94_transporte_publico\" >Transporte em Viena \u2014 transporte p\u00fablico<\/a><\/li><\/ul><\/li><li class='ez-toc-page-1 ez-toc-heading-level-2'><a class=\"ez-toc-link ez-toc-heading-80\" href=\"https:\/\/loudavymkrokem.cz\/pt-br\/viena-austria-o-que-ver\/#Quanto_custa_Viena_%E2%80%94_orcamento_e_dicas_para_economizar\" >Quanto custa Viena \u2014 or\u00e7amento e dicas para economizar<\/a><ul class='ez-toc-list-level-3' ><li class='ez-toc-heading-level-3'><a class=\"ez-toc-link ez-toc-heading-81\" href=\"https:\/\/loudavymkrokem.cz\/pt-br\/viena-austria-o-que-ver\/#Orcamento_diario_estimado_1_pessoa\" >Or\u00e7amento di\u00e1rio estimado (1 pessoa)<\/a><\/li><li class='ez-toc-page-1 ez-toc-heading-level-3'><a class=\"ez-toc-link ez-toc-heading-82\" href=\"https:\/\/loudavymkrokem.cz\/pt-br\/viena-austria-o-que-ver\/#Como_economizar\" >Como economizar<\/a><\/li><\/ul><\/li><li class='ez-toc-page-1 ez-toc-heading-level-2'><a class=\"ez-toc-link ez-toc-heading-83\" href=\"https:\/\/loudavymkrokem.cz\/pt-br\/viena-austria-o-que-ver\/#Onde_se_hospedar_em_Viena\" >Onde se hospedar em Viena<\/a><\/li><li class='ez-toc-page-1 ez-toc-heading-level-2'><a class=\"ez-toc-link ez-toc-heading-84\" href=\"https:\/\/loudavymkrokem.cz\/pt-br\/viena-austria-o-que-ver\/#Mapa_de_Viena_com_todos_os_lugares\" >Mapa de Viena com todos os lugares<\/a><\/li><li class='ez-toc-page-1 ez-toc-heading-level-2'><a class=\"ez-toc-link ez-toc-heading-85\" href=\"https:\/\/loudavymkrokem.cz\/pt-br\/viena-austria-o-que-ver\/#Perguntas_frequentes_sobre_Viena\" >Perguntas frequentes sobre Viena<\/a><ul class='ez-toc-list-level-3' ><li class='ez-toc-heading-level-3'><a class=\"ez-toc-link ez-toc-heading-86\" href=\"https:\/\/loudavymkrokem.cz\/pt-br\/viena-austria-o-que-ver\/#Quantos_dias_sao_necessarios_para_Viena\" >Quantos dias s\u00e3o necess\u00e1rios para Viena?<\/a><\/li><li class='ez-toc-page-1 ez-toc-heading-level-3'><a class=\"ez-toc-link ez-toc-heading-87\" href=\"https:\/\/loudavymkrokem.cz\/pt-br\/viena-austria-o-que-ver\/#Como_chegar_a_Viena_saindo_do_Brasil\" >Como chegar a Viena saindo do Brasil?<\/a><\/li><li class='ez-toc-page-1 ez-toc-heading-level-3'><a class=\"ez-toc-link ez-toc-heading-88\" href=\"https:\/\/loudavymkrokem.cz\/pt-br\/viena-austria-o-que-ver\/#Vale_a_pena_o_Vienna_City_Card\" >Vale a pena o Vienna City Card?<\/a><\/li><li class='ez-toc-page-1 ez-toc-heading-level-3'><a class=\"ez-toc-link ez-toc-heading-89\" href=\"https:\/\/loudavymkrokem.cz\/pt-br\/viena-austria-o-que-ver\/#Viena_e_boa_para_familias_com_criancas\" >Viena \u00e9 boa para fam\u00edlias com crian\u00e7as?<\/a><\/li><li class='ez-toc-page-1 ez-toc-heading-level-3'><a class=\"ez-toc-link ez-toc-heading-90\" href=\"https:\/\/loudavymkrokem.cz\/pt-br\/viena-austria-o-que-ver\/#Da_para_conhecer_Viena_a_pe\" >D\u00e1 para conhecer Viena a p\u00e9?<\/a><\/li><li class='ez-toc-page-1 ez-toc-heading-level-3'><a class=\"ez-toc-link ez-toc-heading-91\" href=\"https:\/\/loudavymkrokem.cz\/pt-br\/viena-austria-o-que-ver\/#Qual_a_melhor_epoca_para_visitar_Viena\" >Qual a melhor \u00e9poca para visitar Viena?<\/a><\/li><\/ul><\/li><\/ul><\/nav><\/div>\n<h2 class=\"wp-block-heading\"><span class=\"ez-toc-section\" id=\"Roteiro_%E2%80%94_Viena_em_1_2_ou_3_dias\"><\/span><span class=\"ez-toc-section\" id=\"Itinerar_%E2%80%94_Viden_na_1_2_nebo_3_dny\"><\/span><span class=\"ez-toc-section\" id=\"roteiro_viena_1_2_ou_3_dias\"><\/span>Roteiro \u2014 Viena em 1, 2 ou 3 dias<span class=\"ez-toc-section-end\"><\/span><span class=\"ez-toc-section-end\"><\/span><span class=\"ez-toc-section-end\"><\/span><\/h2>\n\n<p>Se voc\u00ea est\u00e1 se perguntando <strong>o que ver em Viena em dois dias<\/strong> ou quantos dias precisa para conhecer a cidade, esta se\u00e7\u00e3o \u00e9 para voc\u00ea. Preparamos um roteiro pr\u00e1tico que pode ser adaptado ao seu ritmo. Um dia \u00e9 pouco, mas dois a tr\u00eas dias s\u00e3o ideais.<\/p>\n\n<h3 class=\"wp-block-heading\"><span class=\"ez-toc-section\" id=\"Viena_em_1_dia\"><\/span><span class=\"ez-toc-section\" id=\"Viden_na_1_den\"><\/span>Viena em 1 dia<span class=\"ez-toc-section-end\"><\/span><span class=\"ez-toc-section-end\"><\/span><\/h3>\n\n<p>Um dia \u00e9 pouco para Viena, mas d\u00e1 para ver o essencial.<\/p>\n\n<p><strong>Manh\u00e3:<\/strong> Comece pela <strong>Catedral de Santo Est\u00eav\u00e3o (Stephansdom)<\/strong> \u2014 a entrada \u00e9 gratuita, e subir a torre sul (343 degraus) custa 6 \u20ac, com uma vista panor\u00e2mica incr\u00edvel de toda Viena. Passeie pela <strong>Graben<\/strong> e <strong>Kohlmarkt<\/strong> \u2014 as ruas mais elegantes da cidade \u2014 at\u00e9 chegar ao <strong>Hofburg<\/strong>. Explore o complexo do pal\u00e1cio imperial e visite os <strong>Apartamentos Imperiais<\/strong> e o museu da <strong>Sisi<\/strong>.<\/p>\n\n<p><strong>Tarde:<\/strong> Siga para a <strong>Albertina<\/strong> \u2014 uma cole\u00e7\u00e3o excepcional de Monet a Picasso. De l\u00e1, s\u00e3o poucos passos at\u00e9 a <strong>\u00d3pera Estatal<\/strong> \u2014 mesmo que voc\u00ea n\u00e3o v\u00e1 a uma apresenta\u00e7\u00e3o, vale a pena fazer a visita guiada pelo interior. Continue at\u00e9 a <strong>Karlsplatz<\/strong> para conhecer a <strong>Karlskirche<\/strong> \u2014 o elevador at\u00e9 a c\u00fapula oferece uma vista fant\u00e1stica.<\/p>\n\n<p><strong>Noite:<\/strong> Jante em um restaurante tradicional como o <strong>Gasthaus P\u00f6schl<\/strong> (Wiener Schnitzel) ou no <strong>Caf\u00e9 Central<\/strong>. Depois do anoitecer, caminhe pela Ringstra\u00dfe ao longo do <strong>Parlamento<\/strong> e da <strong>Prefeitura<\/strong> iluminados \u2014 \u00e9 provavelmente o passeio noturno mais bonito da cidade.<\/p>\n\n<h3 class=\"wp-block-heading\"><span class=\"ez-toc-section\" id=\"Viena_em_2_dias\"><\/span><span class=\"ez-toc-section\" id=\"Viden_na_2_dny\"><\/span>Viena em 2 dias<span class=\"ez-toc-section-end\"><\/span><span class=\"ez-toc-section-end\"><\/span><\/h3>\n\n<p>Ao primeiro dia, adicione:<\/p>\n\n<p><strong>Dia 2 \u2014 manh\u00e3:<\/strong> <strong>Pal\u00e1cio de Sch\u00f6nbrunn<\/strong> \u2014 resid\u00eancia de ver\u00e3o dos Habsburgos. O Imperial Tour (22 salas, 45 min) custa 24 \u20ac, o Grand Tour (40 salas) sai por 29 \u20ac. <strong>Compre os ingressos online com anteced\u00eancia<\/strong> \u2014 as filas no local s\u00e3o enormes, especialmente no ver\u00e3o. Ap\u00f3s a visita, passeie pelos jardins (gratuitos) at\u00e9 a <strong>Gloriette<\/strong> \u2014 uma vista linda da cidade. O complexo inteiro leva de 2 a 3 horas.<\/p>\n\n<p><strong>Dia 2 \u2014 tarde:<\/strong> De Sch\u00f6nbrunn, siga para o <strong>Naschmarkt<\/strong> (U4 Sch\u00f6nbrunn \u2192 U4 Kettenbr\u00fcckengasse). Almoce diretamente na feira. De l\u00e1, continue at\u00e9 o <strong>Belvedere<\/strong> \u2014 o Belvedere Superior abriga &#8220;O Beijo&#8221; de Klimt, uma das pinturas mais famosas do mundo. O jardim entre o Belvedere Superior e o Inferior \u00e9 fotog\u00eanico e a entrada \u00e9 gratuita.<\/p>\n\n<p><strong>Dia 2 \u2014 noite:<\/strong> V\u00e1 at\u00e9 um <strong>Heuriger<\/strong> vienense em Grinzing \u2014 pegue o bonde D at\u00e9 o terminal Nussdorf e caminhe um pouco. Vinho da casa, t\u00e1buas de frios, tranquilidade sob \u00e1rvores centen\u00e1rias. Ou fique no centro e v\u00e1 ao <strong>Plachutta<\/strong> para provar o Tafelspitz \u2014 carne cozida, o prato nacional vienense.<\/p>\n\n<h3 class=\"wp-block-heading\"><span class=\"ez-toc-section\" id=\"Viena_em_3_dias\"><\/span><span class=\"ez-toc-section\" id=\"Viden_na_3_dny\"><\/span>Viena em 3 dias<span class=\"ez-toc-section-end\"><\/span><span class=\"ez-toc-section-end\"><\/span><\/h3>\n\n<p>No terceiro dia, dedique-se ao que ficou faltando e acrescente um passeio:<\/p>\n\n<p><strong>Dia 3 \u2014 manh\u00e3:<\/strong> <strong>MuseumsQuartier<\/strong> \u2014 um dos maiores complexos de museus do mundo. Escolha entre o Leopold Museum (Schiele, Klimt), o MUMOK (arte moderna) ou a Kunsthalle (arte contempor\u00e2nea). N\u00e3o d\u00e1 para ver tudo \u2014 escolha um e aproveite com calma.<\/p>\n\n<p><strong>Dia 3 \u2014 tarde:<\/strong> <strong>Prater<\/strong> \u2014 passeie pela alameda e ande na lend\u00e1ria <strong>Riesenrad<\/strong> (roda-gigante). Se sobrar tempo, visite a <strong>Hundertwasserhaus<\/strong> e o <strong>Kunst Haus Wien<\/strong> logo em frente.<\/p>\n\n<p><strong>Alternativa dia 3:<\/strong> Passeio at\u00e9 <strong>Wachau<\/strong> (vale do Dan\u00fabio com vinhedos, mosteiro de Melk, cidadezinha de D\u00fcrnstein) ou uma meia-dia em <strong>Bratislava<\/strong> (1 hora de trem ou barco pelo Dan\u00fabio). Mais detalhes na se\u00e7\u00e3o <a href=\"#passeios_bate_volta_viena\">Passeios bate-volta de Viena<\/a>.<\/p>\n\n<h2 class=\"wp-block-heading\"><span class=\"ez-toc-section\" id=\"Melhores_pontos_turisticos_de_Viena_%E2%80%94_monumentos_e_palacios\"><\/span><span class=\"ez-toc-section\" id=\"Nejkrasnejsi_mista_ve_Vidni_%E2%80%94_pamatky_a_palace\"><\/span><span class=\"ez-toc-section\" id=\"melhores_pontos_turisticos_viena\"><\/span>Melhores pontos tur\u00edsticos de Viena \u2014 monumentos e pal\u00e1cios<span class=\"ez-toc-section-end\"><\/span><span class=\"ez-toc-section-end\"><\/span><span class=\"ez-toc-section-end\"><\/span><\/h2>\n\n<p>Viena \u00e9 uma cidade hist\u00f3rica deslumbrante, repleta de monumentos. E o que voc\u00ea definitivamente n\u00e3o pode perder?<\/p>\n\n<h3 class=\"wp-block-heading\"><span class=\"ez-toc-section\" id=\"1_Simbolo_de_Viena_Catedral_de_Santo_Estevao_Stephansdom\"><\/span><span class=\"ez-toc-section\" id=\"1_Symbol_Vidne_Katedrala_sv_Stepana_Stephansdom\"><\/span>1) S\u00edmbolo de Viena: Catedral de Santo Est\u00eav\u00e3o (Stephansdom)<span class=\"ez-toc-section-end\"><\/span><span class=\"ez-toc-section-end\"><\/span><\/h3>\n\n<p><strong>O maior s\u00edmbolo de Viena \u00e9 a Catedral de Santo Est\u00eav\u00e3o, do s\u00e9culo XII.<\/strong> Voc\u00ea n\u00e3o precisa visit\u00e1-la por conta pr\u00f3pria \u2014 basta participar de uma das visitas guiadas regulares pela catedral e pelas catacumbas. Se encarar os 343 degraus da torre sul, ser\u00e1 recompensado com uma vista espetacular de toda Viena. Al\u00e9m da vista, \u00e9 poss\u00edvel admirar a decora\u00e7\u00e3o e os detalhes elaborados, tanto por fora quanto por dentro. Na catedral est\u00e3o os restos mortais de personalidades hist\u00f3ricas importantes, como Frederico III e Rodolfo IV.<\/p>\n\n<figure class=\"wp-block-image size-full is-resized\"><img decoding=\"async\" src=\"https:\/\/www.loudavymkrokem.cz\/wp-content\/uploads\/2023\/05\/Stephansdom.jpg\" alt=\"S\u00edmbolo de Viena: Catedral de Santo Est\u00eav\u00e3o (Stephansdom)\" class=\"wp-image-58576\" style=\"width:900px;height:473px\" title=\"\"><figcaption class=\"wp-element-caption\">Catedral de Santo Est\u00eav\u00e3o, Viena<\/figcaption><\/figure>\n\n<h3 class=\"wp-block-heading\"><span class=\"ez-toc-section\" id=\"2_Palacio_Belvedere_%E2%80%94_lar_de_%E2%80%9CO_Beijo%E2%80%9D_de_Klimt\"><\/span><span class=\"ez-toc-section\" id=\"2_Zamek_Belvedere_%E2%80%94_domov_Klimtova_Polibku\"><\/span>2) Pal\u00e1cio Belvedere \u2014 lar de &#8220;O Beijo&#8221; de Klimt<span class=\"ez-toc-section-end\"><\/span><span class=\"ez-toc-section-end\"><\/span><\/h3>\n\n<p><strong>O Pal\u00e1cio Belvedere \u00e9 uma visita obrigat\u00f3ria \u2014 hoje funciona como museu com obras de artistas mundialmente famosos, da Idade M\u00e9dia at\u00e9 a arte contempor\u00e2nea.<\/strong> O pal\u00e1cio \u00e9 dividido em Belvedere Superior, com exposi\u00e7\u00e3o permanente (entrada 16,70 \u20ac), e Belvedere Inferior, com exposi\u00e7\u00f5es tempor\u00e1rias. No Belvedere Superior voc\u00ea encontra at\u00e9 420 obras, incluindo o famoso &#8220;O Beijo&#8221; de Gustav Klimt. O jardim do pal\u00e1cio com o Lago Espelhado tamb\u00e9m \u00e9 lindo \u2014 a entrada nos jardins \u00e9 gratuita e \u00e9 um dos lugares mais fotog\u00eanicos de Viena.<\/p>\n\n<figure class=\"wp-block-image size-full\"><img decoding=\"async\" src=\"https:\/\/www.loudavymkrokem.cz\/wp-content\/uploads\/2023\/05\/Belveder.jpg\" alt=\"Pal\u00e1cio Belvedere\" class=\"wp-image-58577\" title=\"\"><figcaption class=\"wp-element-caption\">Belvedere, Viena<\/figcaption><\/figure>\n\n<h3 class=\"wp-block-heading\"><span class=\"ez-toc-section\" id=\"3_Hofburg_%E2%80%94_o_maior_complexo_palaciano_do_mundo\"><\/span><span class=\"ez-toc-section\" id=\"3_Hofburg_%E2%80%94_nejvetsi_palacovy_komplex_sveta\"><\/span>3) Hofburg \u2014 o maior complexo palaciano do mundo<span class=\"ez-toc-section-end\"><\/span><span class=\"ez-toc-section-end\"><\/span><\/h3>\n\n<p>O Hofburg serviu como sede da fam\u00edlia imperial dos Habsburgos e hoje \u00e9 a resid\u00eancia oficial do presidente austr\u00edaco. <strong>Este complexo palaciano abriga 17 p\u00e1tios e, com seus 300.000 m\u00b2, \u00e9 o maior complexo de edif\u00edcios do mundo.<\/strong> Hoje \u00e9 poss\u00edvel visitar os aposentos imperiais e o tesouro, conhecer a hist\u00f3ria da imperatriz no Museu da Sisi, ou aproveitar outros museus e cole\u00e7\u00f5es importantes.<\/p>\n\n<figure class=\"wp-block-image size-full\"><img decoding=\"async\" src=\"https:\/\/www.loudavymkrokem.cz\/wp-content\/uploads\/2023\/05\/Hofburg.jpg\" alt=\"Maior complexo palaciano do mundo: Hofburg\" class=\"wp-image-58579\" title=\"\"><figcaption class=\"wp-element-caption\">Hofburg, Viena<\/figcaption><\/figure>\n\n<h3 class=\"wp-block-heading\"><span class=\"ez-toc-section\" id=\"4_Schonbrunn_%E2%80%94_residencia_de_verao_dos_Habsburgos\"><\/span><span class=\"ez-toc-section\" id=\"4_Schonbrunn_%E2%80%94_letni_sidlo_Habsburku\"><\/span>4) Sch\u00f6nbrunn \u2014 resid\u00eancia de ver\u00e3o dos Habsburgos<span class=\"ez-toc-section-end\"><\/span><span class=\"ez-toc-section-end\"><\/span><\/h3>\n\n<p><strong>Sch\u00f6nbrunn foi a resid\u00eancia de ver\u00e3o dos Habsburgos, lar de Maria Teresa, do imperador Francisco Jos\u00e9 II e da imperatriz Sisi.<\/strong> Hoje \u00e9 Patrim\u00f4nio da UNESCO e uma das atra\u00e7\u00f5es mais visitadas da \u00c1ustria. No ver\u00e3o, recomendo fortemente comprar os ingressos com anteced\u00eancia \u2014 as filas costumam ser bem longas. O Imperial Tour (22 salas) custa 24 \u20ac, o Grand Tour (40 salas) sai por 29 \u20ac. N\u00e3o deixe de percorrer os jardins at\u00e9 a Gloriette \u2014 a vista de l\u00e1 compensa cada degrau \ud83d\ude09<\/p>\n\n<div class=\"gyg-iframe-container\" style=\"margin-bottom:1.5em\" class=\"wp-block-cgb-block-gyg-wp-plugin\"><iframe style=\"border:0;height:100%;width:100%\" title=\"GetYourGuide activities widget\" src=\"https:\/\/widget.getyourguide.com\/default\/activities.frame?widget=wp_activities&amp;currency=CSK&amp;locale_code=en-US&amp;number_of_items=1&amp;partner_id=MKZ64IS&amp;q=schonbrunn\"><\/iframe><\/div>\n\n<figure class=\"wp-block-image size-full\"><img decoding=\"async\" src=\"https:\/\/www.loudavymkrokem.cz\/wp-content\/uploads\/2023\/05\/shoenbrun.jpg\" alt=\"Pal\u00e1cio de Sch\u00f6nbrunn, Viena\" class=\"wp-image-58580\" title=\"\"><figcaption class=\"wp-element-caption\">Sch\u00f6nbrunn, Viena<\/figcaption><\/figure>\n\n<h3 class=\"wp-block-heading\"><span class=\"ez-toc-section\" id=\"5_Prefeitura_de_Viena_Rathaus\"><\/span><span class=\"ez-toc-section\" id=\"5_Videnska_radnice\"><\/span>5) Prefeitura de Viena (Rathaus)<span class=\"ez-toc-section-end\"><\/span><span class=\"ez-toc-section-end\"><\/span><\/h3>\n\n<p>Uma joia arquitet\u00f4nica \u00e9 a Prefeitura de Viena, do s\u00e9culo XIX. O edif\u00edcio \u00e9 guardado por uma est\u00e1tua conhecida como &#8220;Homem de Ferro da Prefeitura&#8221;, com quase 3,5 metros de altura. Hoje, a prefeitura sedia eventos sociais, bailes, festivais de cinema e, no inverno, as famosas feiras de Natal.<\/p>\n\n<figure class=\"wp-block-image size-full\"><img decoding=\"async\" src=\"https:\/\/www.loudavymkrokem.cz\/wp-content\/uploads\/2023\/05\/radnice-viden.jpg\" alt=\"Prefeitura de Viena (Rathaus)\" class=\"wp-image-58582\" title=\"\"><figcaption class=\"wp-element-caption\">Prefeitura de Viena<\/figcaption><\/figure>\n\n<h3 class=\"wp-block-heading\"><span class=\"ez-toc-section\" id=\"6_Edificio_do_Parlamento\"><\/span><span class=\"ez-toc-section\" id=\"6_Budova_parlamentu\"><\/span>6) Edif\u00edcio do Parlamento<span class=\"ez-toc-section-end\"><\/span><span class=\"ez-toc-section-end\"><\/span><\/h3>\n\n<p><strong>Um dos edif\u00edcios mais importantes de toda a \u00c1ustria \u00e9 o Parlamento.<\/strong> Hoje est\u00e1 aberto ao p\u00fablico \u2014 \u00e9 poss\u00edvel visitar o centro Demokratikum, com mais de 20 esta\u00e7\u00f5es interativas sobre a hist\u00f3ria da democracia austr\u00edaca. Atrav\u00e9s de galerias envidra\u00e7adas, voc\u00ea pode assistir \u00e0s sess\u00f5es do Conselho Nacional e Federal.<\/p>\n\n<figure class=\"wp-block-image size-full\"><img decoding=\"async\" src=\"https:\/\/www.loudavymkrokem.cz\/wp-content\/uploads\/2023\/05\/parlament-viden.jpg\" alt=\"Edif\u00edcio do Parlamento \u2014 o mais importante da \u00c1ustria\" class=\"wp-image-58581\" title=\"\"><figcaption class=\"wp-element-caption\">Parlamento Austr\u00edaco, Viena<\/figcaption><\/figure>\n\n<h3 class=\"wp-block-heading\"><span class=\"ez-toc-section\" id=\"7_Ringstrase_%E2%80%94_o_boulevard_circular\"><\/span><span class=\"ez-toc-section\" id=\"7_Ringstrase_%E2%80%94_okruzni_bulvar\"><\/span>7) Ringstra\u00dfe \u2014 o boulevard circular<span class=\"ez-toc-section-end\"><\/span><span class=\"ez-toc-section-end\"><\/span><\/h3>\n\n<p><strong>Muitos dos monumentos ficam ao longo do boulevard circular Ringstra\u00dfe.<\/strong> Trata-se de um trajeto de 5,3 km, ladeado por constru\u00e7\u00f5es monumentais \u2014 a \u00d3pera Estatal, o Parlamento, a Prefeitura, o Burgtheater, a Universidade de Viena e o Museu de Hist\u00f3ria da Arte. O boulevard foi mandado construir pelo imperador Francisco Jos\u00e9 em 1857, e caminhar por ele \u00e9 como uma aula ao vivo de hist\u00f3ria da arquitetura.<\/p>\n\n<h3 class=\"wp-block-heading\"><span class=\"ez-toc-section\" id=\"8_Opera_Estatal_Wiener_Staatsoper\"><\/span><span class=\"ez-toc-section\" id=\"8_Statni_opera_Wiener_Staatsoper\"><\/span>8) \u00d3pera Estatal (Wiener Staatsoper)<span class=\"ez-toc-section-end\"><\/span><span class=\"ez-toc-section-end\"><\/span><\/h3>\n\n<p>Seja para assistir a uma \u00f3pera ou fazer uma visita guiada pelo edif\u00edcio, a \u00d3pera Estatal n\u00e3o pode faltar no seu roteiro. <strong>Dica imperd\u00edvel:<\/strong> ingressos para ficar em p\u00e9 (Stehpl\u00e4tze) custam a partir de 4 \u20ac \u2014 s\u00e3o vendidos 80 minutos antes da apresenta\u00e7\u00e3o. Sim, quatro euros para a \u00f3pera de Viena \ud83d\ude05<\/p>\n\n<figure class=\"wp-block-image size-full\"><img decoding=\"async\" src=\"https:\/\/www.loudavymkrokem.cz\/wp-content\/uploads\/2023\/05\/12.jpg\" alt=\"\u00d3pera Estatal de Viena\" class=\"wp-image-58585\" title=\"\"><figcaption class=\"wp-element-caption\">\u00d3pera de Viena<\/figcaption><\/figure>\n\n<h3 class=\"wp-block-heading\"><span class=\"ez-toc-section\" id=\"9_Igreja_Karlskirche\"><\/span><span class=\"ez-toc-section\" id=\"9_Kostel_Karlskirche\"><\/span>9) Igreja Karlskirche<span class=\"ez-toc-section-end\"><\/span><span class=\"ez-toc-section-end\"><\/span><\/h3>\n\n<p><strong>A igreja fica na Karlsplatz e \u00e9 uma das mais belas constru\u00e7\u00f5es barrocas de Viena.<\/strong> Foi constru\u00edda no s\u00e9culo XVIII durante o reinado de Carlos VI. Gra\u00e7as a um elevador panor\u00e2mico, voc\u00ea pode admirar os afrescos art\u00edsticos no teto da c\u00fapula \u2014 entrada 9,50 \u20ac incluindo o elevador.<\/p>\n\n<figure class=\"wp-block-image size-full\"><img decoding=\"async\" src=\"https:\/\/www.loudavymkrokem.cz\/wp-content\/uploads\/2023\/05\/Kostel-Karlskirche.jpg\" alt=\"Igreja Karlskirche\" class=\"wp-image-58583\" title=\"\"><figcaption class=\"wp-element-caption\">Igreja Karlskirche, Viena<\/figcaption><\/figure>\n\n<h3 class=\"wp-block-heading\"><span class=\"ez-toc-section\" id=\"10_Igreja_Votiva_Votivkirche\"><\/span><span class=\"ez-toc-section\" id=\"10_Votivni_kostel\"><\/span>10) Igreja Votiva (Votivkirche)<span class=\"ez-toc-section-end\"><\/span><span class=\"ez-toc-section-end\"><\/span><\/h3>\n\n<p><strong>A Igreja Votiva, no boulevard Ringstra\u00dfe, \u00e9 um espet\u00e1culo \u00e0 parte.<\/strong> Foi constru\u00edda como agradecimento a Deus pelo fracasso do atentado contra Francisco Jos\u00e9 I. As duas torres caracter\u00edsticas e os vitrais em mosaico s\u00e3o de tirar o f\u00f4lego.<\/p>\n\n<figure class=\"wp-block-image size-full\"><img decoding=\"async\" src=\"https:\/\/www.loudavymkrokem.cz\/wp-content\/uploads\/2023\/05\/votivni-kostel-viden.jpg\" alt=\"Igreja Votiva de Viena\" class=\"wp-image-58578\" title=\"\"><\/figure>\n\n<h3 class=\"wp-block-heading\"><span class=\"ez-toc-section\" id=\"11_Hundertwasserhaus\"><\/span><span class=\"ez-toc-section\" id=\"11_Hundertwasserhaus\"><\/span>11) Hundertwasserhaus<span class=\"ez-toc-section-end\"><\/span><span class=\"ez-toc-section-end\"><\/span><\/h3>\n\n<p>Se voc\u00ea \u00e9 f\u00e3 de Gaud\u00ed, precisa conhecer a Hundertwasserhaus. Este edif\u00edcio \u00e9 uma das obras mais famosas do arquiteto e pintor Friedensreich Hundertwasser \u2014 fachada colorida, \u00e1rvores nascendo das paredes, nenhuma linha reta. O pr\u00e9dio s\u00f3 pode ser admirado por fora, mas em frente fica o <strong>Kunst Haus Wien<\/strong>, com uma exposi\u00e7\u00e3o de mais obras dele.<\/p>\n\n<figure class=\"wp-block-image size-full\"><img decoding=\"async\" src=\"https:\/\/www.loudavymkrokem.cz\/wp-content\/uploads\/2023\/05\/Hundertwasserhaus.jpg\" alt=\"Hundertwasserhaus em Viena\" class=\"wp-image-58588\" title=\"\"><figcaption class=\"wp-element-caption\">Hundertwasserhaus, Viena<\/figcaption><\/figure>\n\n<h3 class=\"wp-block-heading\"><span class=\"ez-toc-section\" id=\"12_Pavilhao_da_Secessao\"><\/span><span class=\"ez-toc-section\" id=\"12_Pavilon_secese\"><\/span>12) Pavilh\u00e3o da Secess\u00e3o<span class=\"ez-toc-section-end\"><\/span><span class=\"ez-toc-section-end\"><\/span><\/h3>\n\n<p>O edif\u00edcio da Secess\u00e3o se tornou, gra\u00e7as \u00e0 sua c\u00fapula dourada, um s\u00edmbolo da Art Nouveau em Viena. Na \u00e9poca, a c\u00fapula ganhou o apelido ir\u00f4nico de &#8220;repolho&#8221;, que persiste at\u00e9 hoje. O arquiteto foi Josef Maria Olbrich, que criou a obra para a associa\u00e7\u00e3o Secess\u00e3o Vienense, fundada por Gustav Klimt.<\/p>\n\n<h3 class=\"wp-block-heading\"><span class=\"ez-toc-section\" id=\"13_Kaisergruft_%E2%80%94_a_cripta_dos_Habsburgos\"><\/span><span class=\"ez-toc-section\" id=\"13_Kaisergruft_%E2%80%94_hrobka_Habsburku\"><\/span>13) Kaisergruft \u2014 a cripta dos Habsburgos<span class=\"ez-toc-section-end\"><\/span><span class=\"ez-toc-section-end\"><\/span><\/h3>\n\n<p>Sob a Igreja dos Capuchinos esconde-se a <strong>Cripta Imperial com 149 sarc\u00f3fagos<\/strong> \u2014 o \u00faltimo repouso dos Habsburgos desde 1633. Aqui est\u00e3o os t\u00famulos de Maria Teresa, Francisco Jos\u00e9 e da imperatriz Sisi. Entrada 9 \u20ac, a visita leva cerca de 30 minutos. \u00c9 um pouco m\u00f3rbido, mas fascinante.<\/p>\n\n<h3 class=\"wp-block-heading\"><span class=\"ez-toc-section\" id=\"14_Teatro_Nacional_Burgtheater\"><\/span><span class=\"ez-toc-section\" id=\"14_Narodni_divadlo_Burgtheater\"><\/span>14) Teatro Nacional Burgtheater<span class=\"ez-toc-section-end\"><\/span><span class=\"ez-toc-section-end\"><\/span><\/h3>\n\n<p>O Burgtheater, teatro nacional de Viena, foi um desejo de Maria Teresa e foi constru\u00eddo em 1741. Aqui estrearam \u00f3peras de Mozart e sinfonias de Beethoven. No s\u00e9culo XIX, o teatro foi transferido para um novo edif\u00edcio, projetado por Gottfried Semper e Karl von Hasenhauer.<\/p>\n\n<h3 class=\"wp-block-heading\"><span class=\"ez-toc-section\" id=\"15_Gasometer\"><\/span><span class=\"ez-toc-section\" id=\"15_Gasometer\"><\/span>15) Gasometer<span class=\"ez-toc-section-end\"><\/span><span class=\"ez-toc-section-end\"><\/span><\/h3>\n\n<p>Uma grande curiosidade hist\u00f3rica s\u00e3o os gas\u00f4metros de Viena. Quatro antigos reservat\u00f3rios de g\u00e1s hoje servem como moradia e espa\u00e7os comerciais. O visitante comum n\u00e3o entra, mas mesmo por fora j\u00e1 vale a pena ver \u2014 enormes cilindros de tijolos com interior moderno.<\/p>\n\n<figure class=\"wp-block-image size-full\"><img decoding=\"async\" src=\"https:\/\/www.loudavymkrokem.cz\/wp-content\/uploads\/2023\/05\/Gasometer.jpg\" alt=\"Gas\u00f4metros de Viena\" class=\"wp-image-58584\" title=\"\"><figcaption class=\"wp-element-caption\">Gasometer, Viena<\/figcaption><\/figure>\n\n<h3 class=\"wp-block-heading\"><span class=\"ez-toc-section\" id=\"16_Igreja_de_Sao_Francisco_de_Assis\"><\/span><span class=\"ez-toc-section\" id=\"16_Kostel_sv_Frantiska_z_Assisi\"><\/span>16) Igreja de S\u00e3o Francisco de Assis<span class=\"ez-toc-section-end\"><\/span><span class=\"ez-toc-section-end\"><\/span><\/h3>\n\n<p>Edif\u00edcio Art Nouveau na pra\u00e7a Mexikoplatz, conclu\u00eddo no in\u00edcio do s\u00e9culo XX. A monumental igreja fica \u00e0 beira do Canal do Dan\u00fabio e sua fachada de tijolos com mosaicos \u00e9 magn\u00edfica.<\/p>\n\n<figure class=\"wp-block-image size-full\"><img decoding=\"async\" src=\"https:\/\/www.loudavymkrokem.cz\/wp-content\/uploads\/2023\/05\/kostel-frantiska-z-assisi.jpg\" alt=\"Igreja de S\u00e3o Francisco de Assis em Viena\" class=\"wp-image-58586\" title=\"\"><figcaption class=\"wp-element-caption\">Igreja de S\u00e3o Francisco de Assis, Viena<\/figcaption><\/figure>\n\n<h3 class=\"wp-block-heading\"><span class=\"ez-toc-section\" id=\"17_Templo_de_Teseu_no_Volksgarten\"><\/span><span class=\"ez-toc-section\" id=\"17_Chram_Theseus_ve_Volksgarten\"><\/span>17) Templo de Teseu no Volksgarten<span class=\"ez-toc-section-end\"><\/span><span class=\"ez-toc-section-end\"><\/span><\/h3>\n\n<p>O Templo de Teseu no parque Volksgarten \u00e9 uma r\u00e9plica do Templo de Hefesto em Atenas. O parque em si \u00e9 um dos mais bonitos de Viena \u2014 o jardim de rosas floresce de maio a outubro.<\/p>\n\n<figure class=\"wp-block-image size-full\"><img decoding=\"async\" src=\"https:\/\/www.loudavymkrokem.cz\/wp-content\/uploads\/2023\/05\/Chram-Theseus.jpg\" alt=\"Templo de Teseu no Volksgarten\" class=\"wp-image-58587\" title=\"\"><figcaption class=\"wp-element-caption\">Templo de Teseu, Viena<\/figcaption><\/figure>\n\n<h3 class=\"wp-block-heading\"><span class=\"ez-toc-section\" id=\"18_MuseumsQuartier\"><\/span><span class=\"ez-toc-section\" id=\"18_MuseumsQuartier\"><\/span>18) MuseumsQuartier<span class=\"ez-toc-section-end\"><\/span><span class=\"ez-toc-section-end\"><\/span><\/h3>\n\n<p>Um dos maiores complexos de museus do mundo \u2014 no ver\u00e3o, \u00f3timo tamb\u00e9m para relaxar nos bancos de design no p\u00e1tio. Dentro, voc\u00ea encontra o Leopold Museum (Schiele, Klimt, entrada 15 \u20ac), o MUMOK (arte moderna, 15 \u20ac) e a Kunsthalle (arte contempor\u00e2nea).<\/p>\n\n<h3 class=\"wp-block-heading\"><span class=\"ez-toc-section\" id=\"19_Donauinsel_%E2%80%94_ilha_no_Danubio\"><\/span><span class=\"ez-toc-section\" id=\"19_Donauinsel_%E2%80%94_ostrov_na_Dunaji\"><\/span>19) Donauinsel \u2014 ilha no Dan\u00fabio<span class=\"ez-toc-section-end\"><\/span><span class=\"ez-toc-section-end\"><\/span><\/h3>\n\n<p>Ilha artificial no Dan\u00fabio, no ver\u00e3o repleta de praias, churrascos e esportes. Em junho acontece o <strong>Donauinselfest<\/strong> \u2014 o maior festival ao ar livre da Europa, com entrada gratuita. Mesmo fora do festival, \u00e9 um \u00f3timo lugar para fugir do centro.<\/p>\n\n<h3 class=\"wp-block-heading\"><span class=\"ez-toc-section\" id=\"20_Ruelas_secretas_%E2%80%94_Naglergasse_e_Blutgasse\"><\/span><span class=\"ez-toc-section\" id=\"20_Tajne_ulicky_%E2%80%94_Naglergasse_a_Blutgasse\"><\/span>20) Ruelas secretas \u2014 Naglergasse e Blutgasse<span class=\"ez-toc-section-end\"><\/span><span class=\"ez-toc-section-end\"><\/span><\/h3>\n\n<p>Viena tem muitas ruelas medievais escondidas onde a maioria dos turistas n\u00e3o chega. <strong>Naglergasse<\/strong> e <strong>Blutgasse<\/strong> s\u00e3o fotog\u00eanicas, tranquilas e cheias de atmosfera. Perfeitas para um passeio sem pressa.<\/p>\n\n<h3 class=\"wp-block-heading\"><span class=\"ez-toc-section\" id=\"21_Haas-House\"><\/span><span class=\"ez-toc-section\" id=\"21_Haas-House\"><\/span>21) Haas-House<span class=\"ez-toc-section-end\"><\/span><span class=\"ez-toc-section-end\"><\/span><\/h3>\n\n<p>Edif\u00edcio p\u00f3s-moderno arquitetonicamente interessante, bem em frente \u00e0 Catedral de Santo Est\u00eav\u00e3o. O contraste entre a catedral g\u00f3tica e o vidro moderno \u00e9 fascinante. Hoje abriga restaurantes e lojas.<\/p>\n\n<h3 class=\"wp-block-heading\"><span class=\"ez-toc-section\" id=\"22_Igreja_de_Sao_Leopoldo_em_Steinhof\"><\/span><span class=\"ez-toc-section\" id=\"22_Kostel_sv_Leopolda_na_Steinhofu\"><\/span>22) Igreja de S\u00e3o Leopoldo em Steinhof<span class=\"ez-toc-section-end\"><\/span><span class=\"ez-toc-section-end\"><\/span><\/h3>\n\n<p>Joia Art Nouveau no meio do complexo de um hospital psiqui\u00e1trico no bairro de Penzing. Toda a obra \u2014 arquitetura e decora\u00e7\u00e3o \u2014 foi criada por membros da associa\u00e7\u00e3o Secess\u00e3o Vienense. Uma das igrejas mais bonitas da cidade, mesmo que um pouco fora das rotas tur\u00edsticas.<\/p>\n\n<h2 class=\"wp-block-heading\"><span class=\"ez-toc-section\" id=\"Museus_e_galerias_que_valem_a_visita\"><\/span><span class=\"ez-toc-section\" id=\"Muzea_a_galerie_ktere_stoji_za_navstevu\"><\/span><span class=\"ez-toc-section\" id=\"museus_e_galerias\"><\/span>Museus e galerias que valem a visita<span class=\"ez-toc-section-end\"><\/span><span class=\"ez-toc-section-end\"><\/span><span class=\"ez-toc-section-end\"><\/span><\/h2>\n\n<h3 class=\"wp-block-heading\"><span class=\"ez-toc-section\" id=\"23_Albertina_%E2%80%94_de_Leonardo_da_Vinci_a_Oskar_Kokoschka\"><\/span><span class=\"ez-toc-section\" id=\"23_Albertina_%E2%80%94_od_Leonarda_da_Vinciho_po_Oskara_Kokoschku\"><\/span>23) Albertina \u2014 de Leonardo da Vinci a Oskar Kokoschka<span class=\"ez-toc-section-end\"><\/span><span class=\"ez-toc-section-end\"><\/span><\/h3>\n\n<p>A Albertina oferece uma das melhores cole\u00e7\u00f5es de arte do mundo. Entre os destaques est\u00e1 o esbo\u00e7o da lebre de Albrecht D\u00fcrer, t\u00e3o fr\u00e1gil que o original \u00e9 exposto apenas uma vez a cada dez anos. Entrada 18,90 \u20ac. N\u00e3o deixe de conferir as exposi\u00e7\u00f5es tempor\u00e1rias.<\/p>\n\n<div class=\"gyg-iframe-container\" style=\"margin-bottom:1.5em\" class=\"wp-block-cgb-block-gyg-wp-plugin\"><iframe style=\"border:0;height:100%;width:100%\" title=\"GetYourGuide activities widget\" src=\"https:\/\/widget.getyourguide.com\/default\/activities.frame?widget=wp_activities&amp;currency=CSK&amp;locale_code=en-GB&amp;number_of_items=1&amp;partner_id=MKZ64IS&amp;q=albertina\"><\/iframe><\/div>\n\n<h3 class=\"wp-block-heading\"><span class=\"ez-toc-section\" id=\"24_Museu_de_Historia_da_Arte_Kunsthistorisches_Museum\"><\/span><span class=\"ez-toc-section\" id=\"24_Umeleckohistoricke_muzeum_Kunsthistorisches_Museum\"><\/span>24) Museu de Hist\u00f3ria da Arte (Kunsthistorisches Museum)<span class=\"ez-toc-section-end\"><\/span><span class=\"ez-toc-section-end\"><\/span><\/h3>\n\n<p>Parada obrigat\u00f3ria para amantes da arte. <strong>Aqui est\u00e1 a maior cole\u00e7\u00e3o de pinturas de Bruegel do mundo<\/strong>, a Madonna no Verde de Rafael, a Festa de V\u00eanus de Rubens, Vel\u00e1zquez com sua infanta Margarita Teresa e muito mais. O pr\u00f3prio edif\u00edcio \u00e9 uma obra de arte \u2014 interior em granito e m\u00e1rmore com pinturas murais de Gustav Klimt.<\/p>\n\n<h3 class=\"wp-block-heading\"><span class=\"ez-toc-section\" id=\"25_Museu_de_Historia_Natural_%E2%80%94_ideal_para_toda_a_familia\"><\/span><span class=\"ez-toc-section\" id=\"25_Prirodovedne_muzeum_%E2%80%94_vhodne_pro_celou_rodinu\"><\/span>25) Museu de Hist\u00f3ria Natural \u2014 ideal para toda a fam\u00edlia<span class=\"ez-toc-section-end\"><\/span><span class=\"ez-toc-section-end\"><\/span><\/h3>\n\n<p>A visita ao Museu de Hist\u00f3ria Natural ser\u00e1 interessante para toda a fam\u00edlia. Aqui voc\u00ea encontra a V\u00eanus de Willendorf, com quase 30 mil anos, a sala dos dinossauros, cole\u00e7\u00e3o de meteoritos e animais empalhados de esp\u00e9cies extintas e amea\u00e7adas.<\/p>\n\n<h3 class=\"wp-block-heading\"><span class=\"ez-toc-section\" id=\"26_Museu_de_Sigmund_Freud\"><\/span><span class=\"ez-toc-section\" id=\"26_Muzeum_Sigmunda_Freuda\"><\/span>26) Museu de Sigmund Freud<span class=\"ez-toc-section-end\"><\/span><span class=\"ez-toc-section-end\"><\/span><\/h3>\n\n<p>Sigmund Freud viveu na Berggasse 19 por 47 anos, antes de fugir dos nazistas para Londres. Hoje, o local \u00e9 um museu cuidadosamente mantido, onde objetos pessoais, imagens de arquivo e cartas contam a hist\u00f3ria do fundador da psican\u00e1lise.<\/p>\n\n<h3 class=\"wp-block-heading\"><span class=\"ez-toc-section\" id=\"27_Museu_da_Imperatriz_Sisi\"><\/span><span class=\"ez-toc-section\" id=\"27_Muzeum_cisarovny_Sissi\"><\/span>27) Museu da Imperatriz Sisi<span class=\"ez-toc-section-end\"><\/span><span class=\"ez-toc-section-end\"><\/span><\/h3>\n\n<p>Se voc\u00ea assistiu \u00e0 nova s\u00e9rie sobre Sisi ou, assim como eu, \u00e9 um grande admirador dos Habsburgos, n\u00e3o pode perder este museu. Ele oferece um olhar fascinante sobre sua vida atrav\u00e9s de objetos pessoais, poemas, retratos, equipamentos de gin\u00e1stica de madeira e sua m\u00e1scara mortu\u00e1ria.<\/p>\n\n<h3 class=\"wp-block-heading\"><span class=\"ez-toc-section\" id=\"28_Museu_de_Beethoven\"><\/span><span class=\"ez-toc-section\" id=\"28_Beethovenovo_muzeum\"><\/span>28) Museu de Beethoven<span class=\"ez-toc-section-end\"><\/span><span class=\"ez-toc-section-end\"><\/span><\/h3>\n\n<p>O museu fica no edif\u00edcio onde Beethoven escreveu seu famoso &#8220;Testamento de Heiligenstadt&#8221;, no qual expressava desespero pela perda da audi\u00e7\u00e3o. O objeto mais curioso \u00e9 uma mecha de seus cabelos, que em 2007 ajudou a revelar a prov\u00e1vel causa de sua morte.<\/p>\n\n<h3 class=\"wp-block-heading\"><span class=\"ez-toc-section\" id=\"29_Museu_Judaico\"><\/span><span class=\"ez-toc-section\" id=\"29_Zidovske_muzeum\"><\/span>29) Museu Judaico<span class=\"ez-toc-section-end\"><\/span><span class=\"ez-toc-section-end\"><\/span><\/h3>\n\n<p>O mais antigo museu judaico do mundo foi fundado em Viena em 1895, mas fechado e saqueado pelos nazistas em 1938. Reaberto 50 anos depois, hoje funciona em dois locais \u2014 Dorotheergasse e Judenplatz.<\/p>\n\n<h3 class=\"wp-block-heading\"><span class=\"ez-toc-section\" id=\"30_Madame_Tussauds\"><\/span><span class=\"ez-toc-section\" id=\"30_Madame_Tussauds\"><\/span>30) Madame Tussauds<span class=\"ez-toc-section-end\"><\/span><span class=\"ez-toc-section-end\"><\/span><\/h3>\n\n<p>Se for curtir a roda-gigante no Prater, n\u00e3o deixe de visitar tamb\u00e9m o museu de cera no parque. O mundialmente famoso museu conta com mais de 70 figuras de personalidades conhecidas.<\/p>\n\n<div class=\"gyg-iframe-container\" style=\"margin-bottom:1.5em\" class=\"wp-block-cgb-block-gyg-wp-plugin\"><iframe style=\"border:0;height:100%;width:100%\" title=\"GetYourGuide activities widget\" src=\"https:\/\/widget.getyourguide.com\/default\/activities.frame?widget=wp_activities&amp;currency=CSK&amp;locale_code=en-GB&amp;number_of_items=1&amp;partner_id=MKZ64IS&amp;q=madame%20tussauds%20vienna\"><\/iframe><\/div>\n\n<h2 class=\"wp-block-heading\"><span class=\"ez-toc-section\" id=\"Mirantes_e_melhores_lugares_para_o_por_do_sol\"><\/span><span class=\"ez-toc-section\" id=\"Vyhlidky_a_nejlepsi_mista_na_zapad_slunce\"><\/span><span class=\"ez-toc-section\" id=\"mirantes_e_por_do_sol\"><\/span>Mirantes e melhores lugares para o p\u00f4r do sol<span class=\"ez-toc-section-end\"><\/span><span class=\"ez-toc-section-end\"><\/span><span class=\"ez-toc-section-end\"><\/span><\/h2>\n\n<p>Se voc\u00ea adora mirantes ou procura o lugar ideal para ver o p\u00f4r do sol, aqui v\u00e3o algumas dicas:<\/p>\n\n<h3 class=\"wp-block-heading\"><span class=\"ez-toc-section\" id=\"31_Roda-gigante_do_Prater_Riesenrad\"><\/span><span class=\"ez-toc-section\" id=\"31_Obri_kolo_Prater_Riesenrad\"><\/span>31) Roda-gigante do Prater (Riesenrad)<span class=\"ez-toc-section-end\"><\/span><span class=\"ez-toc-section-end\"><\/span><\/h3>\n\n<p>O s\u00edmbolo de Viena tem 65 metros de altura, pesa 430 toneladas e gira a 2,7 km\/h \u2014 do topo, voc\u00ea pode curtir tranquilamente a vista de todo o parque e da cidade. A roda foi constru\u00edda em 1897 e \u00e9 a roda-gigante mais antiga ainda em funcionamento no mundo. Entrada 13,50 \u20ac.<\/p>\n\n<h3 class=\"wp-block-heading\"><span class=\"ez-toc-section\" id=\"32_Donauturm\"><\/span><span class=\"ez-toc-section\" id=\"32_Donauturm\"><\/span>32) Donauturm<span class=\"ez-toc-section-end\"><\/span><span class=\"ez-toc-section-end\"><\/span><\/h3>\n\n<p>A melhor vista de Viena \u00e9 da torre Donauturm \u2014 plataforma de observa\u00e7\u00e3o a 155 metros de altura. Dois elevadores levam voc\u00ea ao topo em 35 segundos, sem precisar contar degraus \ud83d\ude01<\/p>\n\n<h3 class=\"wp-block-heading\"><span class=\"ez-toc-section\" id=\"33_Gloriette_nos_jardins_de_Schonbrunn\"><\/span><span class=\"ez-toc-section\" id=\"33_Gloriette_v_zahradach_Schonbrunnu\"><\/span>33) Gloriette nos jardins de Sch\u00f6nbrunn<span class=\"ez-toc-section-end\"><\/span><span class=\"ez-toc-section-end\"><\/span><\/h3>\n\n<p>A Gloriette fica nos jardins de Sch\u00f6nbrunn, no alto da colina, onde tamb\u00e9m h\u00e1 um caf\u00e9. Enquanto saboreia um caf\u00e9 e uma sobremesa vienense, voc\u00ea pode assistir ao p\u00f4r do sol sobre a cidade inteira. A entrada nos jardins \u00e9 gratuita.<\/p>\n\n<h2 class=\"wp-block-heading\"><span class=\"ez-toc-section\" id=\"Gastronomia_vienense_%E2%80%94_o_que_experimentar_e_onde_comer\"><\/span><span class=\"ez-toc-section\" id=\"Videnska_kuchyne_%E2%80%94_co_ochutnat_a_kde_jist\"><\/span><span class=\"ez-toc-section\" id=\"gastronomia_vienense\"><\/span>Gastronomia vienense \u2014 o que experimentar e onde comer<span class=\"ez-toc-section-end\"><\/span><span class=\"ez-toc-section-end\"><\/span><span class=\"ez-toc-section-end\"><\/span><\/h2>\n\n<p>A culin\u00e1ria vienense \u00e9 uma das poucas gastronomias urbanas que merece categoria pr\u00f3pria. A mistura de influ\u00eancias austr\u00edacas, h\u00fangaras, tchecas e italianas criou pratos que o mundo inteiro conhece.<\/p>\n\n<h3 class=\"wp-block-heading\"><span class=\"ez-toc-section\" id=\"O_que_voce_precisa_experimentar_em_Viena\"><\/span><span class=\"ez-toc-section\" id=\"Co_musite_ve_Vidni_ochutnat\"><\/span>O que voc\u00ea precisa experimentar em Viena<span class=\"ez-toc-section-end\"><\/span><span class=\"ez-toc-section-end\"><\/span><\/h3>\n\n<ul class=\"wp-block-list\">\n<li><strong>Wiener Schnitzel<\/strong> \u2014 escalope de vitela empanado, frito em banha e servido com salada de batata. Aten\u00e7\u00e3o: o aut\u00eantico schnitzel vienense \u00e9 de vitela, n\u00e3o de porco! O mais famoso \u00e9 servido no <strong>Figlm\u00fcller<\/strong> (Wollzeile 5, reserva obrigat\u00f3ria!), mas tamb\u00e9m \u00e9 excelente no <strong>Gasthaus P\u00f6schl<\/strong> ou no <strong>Plachutta Wollzeile<\/strong>.<\/li>\n\n<li><strong>Tafelspitz<\/strong> \u2014 carne cozida com raiz-forte de ma\u00e7\u00e3 e creme de cebolinha. Prato nacional que, dizem, o imperador Francisco Jos\u00e9 comia todos os dias. O melhor \u00e9 no <strong>Plachutta<\/strong> (v\u00e1rias unidades, todas excelentes).<\/li>\n\n<li><strong>Sachertorte<\/strong> \u2014 bolo de chocolate com geleia de damasco. H\u00e1 uma famosa disputa entre o <strong>Hotel Sacher<\/strong> (Original Sacher-Torte) e o <strong>Demel<\/strong> (Eduard-Sacher-Torte). Prove os dois e decida voc\u00ea mesmo \ud83d\ude09<\/li>\n\n<li><strong>Apfelstrudel<\/strong> \u2014 a melhor vers\u00e3o, experimente no <strong>Caf\u00e9 Residenz<\/strong> ao lado de Sch\u00f6nbrunn ou no <strong>Strudel Show<\/strong> em Sch\u00f6nbrunn, onde preparam na sua frente.<\/li>\n\n<li><strong>Kaiserschmarrn<\/strong> \u2014 panqueca rasgada doce com compota de ameixa. Em Viena, \u00e9 servido em praticamente todo lugar.<\/li>\n\n<li><strong>W\u00fcrstelstand<\/strong> \u2014 as barraquinhas de salsicha vienenses em cada esquina. A mais famosa \u00e9 a <strong>Bitzinger<\/strong> ao lado da \u00d3pera Estatal \u2014 K\u00e4sekrainer (lingui\u00e7a com queijo) com mostarda e p\u00e3o por poucos euros.<\/li>\n<\/ul>\n\n<h3 class=\"wp-block-heading\"><span class=\"ez-toc-section\" id=\"Onde_comer_%E2%80%94_nossas_dicas\"><\/span><span class=\"ez-toc-section\" id=\"Kde_jist_%E2%80%94_nase_tipy\"><\/span>Onde comer \u2014 nossas dicas<span class=\"ez-toc-section-end\"><\/span><span class=\"ez-toc-section-end\"><\/span><\/h3>\n\n<ul class=\"wp-block-list\">\n<li><strong>Figlm\u00fcller<\/strong> \u2014 \u00edcone do schnitzel vienense. O escalope ultrapassa o prato. Reserve com anteced\u00eancia, as filas costumam ser longas.<\/li>\n\n<li><strong>Plachutta<\/strong> \u2014 Tafelspitz preparado segundo receita de 1848. Elegante, mas sem ser caro demais.<\/li>\n\n<li><strong>Gasthaus P\u00f6schl<\/strong> \u2014 restaurante tradicional perto da Stephansplatz. Atmosfera aut\u00eantica, pre\u00e7os razo\u00e1veis para o centro.<\/li>\n\n<li><strong>Zum Alten Fassl<\/strong> \u2014 fora das rotas tur\u00edsticas, favorito dos locais. Por\u00e7\u00f5es generosas, pre\u00e7os baixos.<\/li>\n<\/ul>\n\n<h2 class=\"wp-block-heading\"><span class=\"ez-toc-section\" id=\"Naschmarkt_%E2%80%94_guia_da_feira_mais_famosa_de_Viena\"><\/span><span class=\"ez-toc-section\" id=\"Naschmarkt_%E2%80%94_pruvodce_nejslavnejsi_videnskou_trznici\"><\/span><span class=\"ez-toc-section\" id=\"naschmarkt\"><\/span>Naschmarkt \u2014 guia da feira mais famosa de Viena<span class=\"ez-toc-section-end\"><\/span><span class=\"ez-toc-section-end\"><\/span><span class=\"ez-toc-section-end\"><\/span><\/h2>\n\n<p>O Naschmarkt \u00e9 a feira mais antiga e popular de Viena \u2014 1,5 km de barracas com comidas do mundo inteiro, de baklavas turcas a especiarias persas e antipasti italianos.<\/p>\n\n<h3 class=\"wp-block-heading\"><span class=\"ez-toc-section\" id=\"O_que_experimentar_aqui\"><\/span><span class=\"ez-toc-section\" id=\"Co_tu_ochutnat\"><\/span>O que experimentar aqui<span class=\"ez-toc-section-end\"><\/span><span class=\"ez-toc-section-end\"><\/span><\/h3>\n\n<ul class=\"wp-block-list\">\n<li>Frutas frescas e ex\u00f3ticas (mais baratas que no supermercado)<\/li>\n\n<li>Especialidades turcas e libanesas (hummus, falafel, baklava)<\/li>\n\n<li>Queijos e embutidos vienenses vendidos por peso<\/li>\n\n<li>Ostras e frutos do mar (barraca Umar)<\/li>\n\n<li>Azeitonas e tomates secos de barris enormes<\/li>\n<\/ul>\n\n<h3 class=\"wp-block-heading\"><span class=\"ez-toc-section\" id=\"Dicas_praticas\"><\/span><span class=\"ez-toc-section\" id=\"Prakticke_tipy\"><\/span>Dicas pr\u00e1ticas<span class=\"ez-toc-section-end\"><\/span><span class=\"ez-toc-section-end\"><\/span><\/h3>\n\n<ul class=\"wp-block-list\">\n<li><strong>Quando ir:<\/strong> Dia de semana de manh\u00e3 (9\u201311) \u2014 menos gente. Aos s\u00e1bados acontece uma feira de pulgas no final do mercado (a partir das 6:30), \u00f3tima para vintage e curiosidades.<\/li>\n\n<li><strong>Domingo:<\/strong> Fechado! N\u00e3o v\u00e1 no domingo.<\/li>\n\n<li><strong>Como chegar:<\/strong> Linha U4, esta\u00e7\u00e3o Kettenbr\u00fcckengasse (extremo sul) ou Karlsplatz (extremo norte).<\/li>\n\n<li><strong>Or\u00e7amento:<\/strong> Para um \u00f3timo almo\u00e7o em v\u00e1rias barracas, conte com 10\u201315 \u20ac por pessoa.<\/li>\n\n<li><strong>Dica:<\/strong> Os restaurantes com mesas ao ar livre no Naschmarkt s\u00e3o bem mais caros que as barracas. Compre a comida nas barracas e coma nos bancos.<\/li>\n<\/ul>\n\n<h2 class=\"wp-block-heading\"><span class=\"ez-toc-section\" id=\"Heurigers_%E2%80%94_as_tabernas_de_vinho_vienenses\"><\/span><span class=\"ez-toc-section\" id=\"Heurigery_%E2%80%94_videnske_vinne_hospudky\"><\/span><span class=\"ez-toc-section\" id=\"heurigers\"><\/span>Heurigers \u2014 as tabernas de vinho vienenses<span class=\"ez-toc-section-end\"><\/span><span class=\"ez-toc-section-end\"><\/span><span class=\"ez-toc-section-end\"><\/span><\/h2>\n\n<p>O Heuriger \u00e9 uma institui\u00e7\u00e3o tipicamente vienense \u2014 uma taberna junto ao vinicultor, onde se serve o vinho jovem da \u00faltima colheita (da\u00ed o nome: &#8220;heurig&#8221; = deste ano). Uma experi\u00eancia que voc\u00ea n\u00e3o encontra em nenhuma outra cidade.<\/p>\n\n<h3 class=\"wp-block-heading\"><span class=\"ez-toc-section\" id=\"Como_funciona\"><\/span><span class=\"ez-toc-section\" id=\"Jak_to_funguje\"><\/span>Como funciona<span class=\"ez-toc-section-end\"><\/span><span class=\"ez-toc-section-end\"><\/span><\/h3>\n\n<p>Os Heurigers ficam nos arredores de Viena, em antigas vilas vin\u00edcolas que a cidade foi engolindo com o tempo. S\u00e3o reconhecidos por um ramo de abeto (Buschen) pendurado na entrada \u2014 o que significa que est\u00e1 aberto. A maioria oferece t\u00e1buas de frios (Brettljause) com queijos regionais, presunto, pat\u00eas e p\u00e3o \u2014 e, claro, vinho.<\/p>\n\n<h3 class=\"wp-block-heading\"><span class=\"ez-toc-section\" id=\"Onde_ir_a_um_Heuriger\"><\/span><span class=\"ez-toc-section\" id=\"Kam_na_Heuriger\"><\/span>Onde ir a um Heuriger<span class=\"ez-toc-section-end\"><\/span><span class=\"ez-toc-section-end\"><\/span><\/h3>\n\n<ul class=\"wp-block-list\">\n<li><strong>Grinzing<\/strong> \u2014 o bairro mais famoso, com mais turistas. Bonde 38 at\u00e9 o terminal. Bonito, mas um pouco &#8220;teatral&#8221;.<\/li>\n\n<li><strong>Neustift am Walde<\/strong> \u2014 mais aut\u00eantico que Grinzing, com menos turistas. \u00d4nibus 35A. Experimente o <strong>Heuriger Wolff<\/strong> ou o <strong>Fuhrgassl-Huber<\/strong>.<\/li>\n\n<li><strong>Nussdorf<\/strong> \u2014 pitoresco bairro vin\u00edcola \u00e0 beira do Dan\u00fabio. Bonde D at\u00e9 o terminal. O <strong>Heuriger Kierlinger<\/strong> \u00e9 uma \u00f3tima escolha.<\/li>\n\n<li><strong>Stammersdorf<\/strong> \u2014 do outro lado do Dan\u00fabio, o menos tur\u00edstico. \u00d4nibus 31 de Floridsdorf. A experi\u00eancia mais aut\u00eantica.<\/li>\n<\/ul>\n\n<h3 class=\"wp-block-heading\"><span class=\"ez-toc-section\" id=\"O_que_pedir\"><\/span><span class=\"ez-toc-section\" id=\"Co_objednat\"><\/span>O que pedir<span class=\"ez-toc-section-end\"><\/span><span class=\"ez-toc-section-end\"><\/span><\/h3>\n\n<ul class=\"wp-block-list\">\n<li><strong>Gr\u00fcner Veltliner<\/strong> \u2014 o vinho branco mais difundido da \u00c1ustria, fresco e levemente condimentado<\/li>\n\n<li><strong>Gemischter Satz<\/strong> \u2014 blend tradicional vienense de uvas de uma mesma vinha (Patrim\u00f4nio da UNESCO!)<\/li>\n\n<li><strong>Brettljause<\/strong> \u2014 t\u00e1bua de frios completa (presunto, queijos, pepinos, pat\u00eas, p\u00e3o) \u2014 cerca de 12\u201318 \u20ac por pessoa<\/li>\n\n<li><strong>Sturm<\/strong> \u2014 mosto parcialmente fermentado, dispon\u00edvel apenas no outono (setembro\u2013outubro), levemente efervescente e doce<\/li>\n<\/ul>\n\n<p><strong>Temporada:<\/strong> A maioria dos Heurigers funciona de abril a outubro, mas alguns abrem o ano inteiro. Verifique antes no site \u2014 os Heurigers se revezam e n\u00e3o ficam abertos o tempo todo.<\/p>\n\n<p><strong>Dica:<\/strong> Leve uma canga e sente-se no jardim \u2014 a atmosfera de uma noite de ver\u00e3o num Heuriger vienense com vista para os vinhedos \u00e9 inesquec\u00edvel \u263a\ufe0f<\/p>\n\n<div class=\"gyg-iframe-container\" style=\"margin-bottom:1.5em\" class=\"wp-block-cgb-block-gyg-wp-plugin\"><iframe style=\"border:0;height:100%;width:100%\" title=\"GetYourGuide activities widget\" src=\"https:\/\/widget.getyourguide.com\/default\/activities.frame?widget=wp_activities&amp;currency=CSK&amp;locale_code=en-GB&amp;number_of_items=1&amp;partner_id=MKZ64IS&amp;q=hidden%20wine%20vienna\"><\/iframe><\/div>\n\n<h2 class=\"wp-block-heading\"><span class=\"ez-toc-section\" id=\"Cultura_dos_cafes_%E2%80%94_os_mais_belos_cafes_vienenses\"><\/span><span class=\"ez-toc-section\" id=\"Kavarenska_kultura_%E2%80%94_nejkrasnejsi_videnske_kavarny\"><\/span><span class=\"ez-toc-section\" id=\"cultura_dos_cafes\"><\/span>Cultura dos caf\u00e9s \u2014 os mais belos caf\u00e9s vienenses<span class=\"ez-toc-section-end\"><\/span><span class=\"ez-toc-section-end\"><\/span><span class=\"ez-toc-section-end\"><\/span><\/h2>\n\n<p>A cultura dos caf\u00e9s vienenses \u00e9 inscrita na lista de Patrim\u00f4nio Imaterial da UNESCO. Um caf\u00e9 em Viena n\u00e3o \u00e9 um lugar para tomar um espresso r\u00e1pido \u2014 \u00e9 uma institui\u00e7\u00e3o onde se fica horas, leem-se jornais e se debate.<\/p>\n\n<h3 class=\"wp-block-heading\"><span class=\"ez-toc-section\" id=\"Cafes_que_voce_precisa_conhecer\"><\/span><span class=\"ez-toc-section\" id=\"Kavarny_ktere_musite_navstivit\"><\/span>Caf\u00e9s que voc\u00ea precisa conhecer<span class=\"ez-toc-section-end\"><\/span><span class=\"ez-toc-section-end\"><\/span><\/h3>\n\n<ul class=\"wp-block-list\">\n<li><strong>Caf\u00e9 Central<\/strong> \u2014 o mais famoso caf\u00e9 vienense, em um pal\u00e1cio deslumbrante. Freud, Trotsky e Lenin frequentavam o local. Um Melange com Apfelstrudel nesse ambiente \u00e9 uma experi\u00eancia \u00fanica. Prepare-se para fila, mas anda r\u00e1pido.<\/li>\n\n<li><strong>Caf\u00e9 Sperl<\/strong> \u2014 favorito dos locais, menos tur\u00edstico. Interior Art Nouveau, mesa de sinuca antiga, jornais em suportes de madeira. Funciona desde 1880.<\/li>\n\n<li><strong>Caf\u00e9 Hawelka<\/strong> \u2014 caf\u00e9 bo\u00eamio frequentado por artistas e escritores. Famoso pelas Buchteln (p\u00e3ezinhos doces com geleia, servidos a partir das 22:00).<\/li>\n\n<li><strong>Demel<\/strong> \u2014 confeitaria imperial. Atmosfera mais luxuosa, sobremesas fant\u00e1sticas e a famosa Sachertorte. Dizem que a pr\u00f3pria imperatriz Sisi encomendava bombons daqui.<\/li>\n\n<li><strong>Caf\u00e9 Pr\u00fcckel<\/strong> \u2014 em frente ao museu MAK, interior retr\u00f4 dos anos 50, tranquilo e aut\u00eantico.<\/li>\n<\/ul>\n\n<h3 class=\"wp-block-heading\"><span class=\"ez-toc-section\" id=\"O_que_pedir_no_cafe\"><\/span><span class=\"ez-toc-section\" id=\"Co_objednat_v_kavarne\"><\/span>O que pedir no caf\u00e9<span class=\"ez-toc-section-end\"><\/span><span class=\"ez-toc-section-end\"><\/span><\/h3>\n\n<ul class=\"wp-block-list\">\n<li><strong>Melange<\/strong> \u2014 o cappuccino vienense (espresso com leite espumado)<\/li>\n\n<li><strong>Einsp\u00e4nner<\/strong> \u2014 espresso com chantilly em um copinho de vidro<\/li>\n\n<li><strong>Gro\u00dfer Brauner \/ Kleiner Brauner<\/strong> \u2014 caf\u00e9 grande\/pequeno com leite \u00e0 parte<\/li>\n<\/ul>\n\n<p><strong>Pre\u00e7os:<\/strong> Um Melange num caf\u00e9 tradicional custa 5\u20137 \u20ac, uma sobremesa 5\u20138 \u20ac. \u00c9 mais caro que num caf\u00e9 comum, mas voc\u00ea paga pela atmosfera e pela tradi\u00e7\u00e3o.<\/p>\n\n<h2 class=\"wp-block-heading\"><span class=\"ez-toc-section\" id=\"Vienna_City_Card_vs_Vienna_Pass_%E2%80%94_qual_vale_a_pena\"><\/span><span class=\"ez-toc-section\" id=\"Vienna_City_Card_vs_Vienna_Pass_%E2%80%94_co_se_vyplati\"><\/span><span class=\"ez-toc-section\" id=\"vienna_city_card_vs_vienna_pass\"><\/span>Vienna City Card vs. Vienna Pass \u2014 qual vale a pena?<span class=\"ez-toc-section-end\"><\/span><span class=\"ez-toc-section-end\"><\/span><span class=\"ez-toc-section-end\"><\/span><\/h2>\n\n<p>Em Viena existem dois cart\u00f5es tur\u00edsticos principais e \u00e9 f\u00e1cil se confundir. Aqui vai uma compara\u00e7\u00e3o clara:<\/p>\n\n<h3 class=\"wp-block-heading\"><span class=\"ez-toc-section\" id=\"Vienna_City_Card\"><\/span><span class=\"ez-toc-section\" id=\"Vienna_City_Card\"><\/span>Vienna City Card<span class=\"ez-toc-section-end\"><\/span><span class=\"ez-toc-section-end\"><\/span><\/h3>\n\n<ul class=\"wp-block-list\">\n<li><strong>O que inclui:<\/strong> Transporte p\u00fablico ilimitado + descontos de 10\u201350% em mais de 210 atra\u00e7\u00f5es<\/li>\n\n<li><strong>Pre\u00e7os (2026):<\/strong> 24h por 17 \u20ac, 48h por 25 \u20ac, 72h por 29 \u20ac<\/li>\n\n<li><strong>Para quem:<\/strong> Para quem quer principalmente transporte p\u00fablico e \u00e9 seletivo com atra\u00e7\u00f5es pagas<\/li>\n<\/ul>\n\n<h3 class=\"wp-block-heading\"><span class=\"ez-toc-section\" id=\"Vienna_Pass\"><\/span><span class=\"ez-toc-section\" id=\"Vienna_Pass\"><\/span>Vienna Pass<span class=\"ez-toc-section-end\"><\/span><span class=\"ez-toc-section-end\"><\/span><\/h3>\n\n<ul class=\"wp-block-list\">\n<li><strong>O que inclui:<\/strong> Entrada gratuita em mais de 90 atra\u00e7\u00f5es + fura-fila + \u00f4nibus hop-on-hop-off<\/li>\n\n<li><strong>Pre\u00e7os (2026):<\/strong> 1 dia aprox. 79 \u20ac, 2 dias 99 \u20ac, 3 dias 129 \u20ac, 6 dias 154 \u20ac<\/li>\n\n<li><strong>Para quem:<\/strong> Para &#8220;maratonistas de museu&#8221; que querem ver o m\u00e1ximo poss\u00edvel por dia<\/li>\n<\/ul>\n\n<h3 class=\"wp-block-heading\"><span class=\"ez-toc-section\" id=\"Nossa_recomendacao\"><\/span><span class=\"ez-toc-section\" id=\"Nase_doporuceni\"><\/span>Nossa recomenda\u00e7\u00e3o<span class=\"ez-toc-section-end\"><\/span><span class=\"ez-toc-section-end\"><\/span><\/h3>\n\n<figure class=\"wp-block-table\"><table><tbody><tr><td><strong>Tipo de visita<\/strong><\/td><td><strong>Recomenda\u00e7\u00e3o<\/strong><\/td><\/tr><tr><td>Fim de semana (2 dias), 1\u20132 atra\u00e7\u00f5es\/dia<\/td><td>Vienna City Card 48h<\/td><\/tr><tr><td>3 dias, muitos museus<\/td><td>Vienna Pass 3 dias<\/td><\/tr><tr><td>1 dia, visita r\u00e1pida<\/td><td>Apenas bilhetes avulsos de transporte (2,40 \u20ac por viagem)<\/td><\/tr><tr><td>Fam\u00edlia com crian\u00e7as<\/td><td>Vienna City Card (crian\u00e7as at\u00e9 15 anos andam de gra\u00e7a no transporte p\u00fablico aos domingos, feriados e f\u00e9rias)<\/td><\/tr><\/tbody><\/table><\/figure>\n\n<p><strong>Dica:<\/strong> Compre os bilhetes de transporte nas m\u00e1quinas autom\u00e1ticas nas esta\u00e7\u00f5es de metr\u00f4 ou pelo app <strong>WienMobil<\/strong> \u2014 no bonde e \u00f4nibus h\u00e1 taxa adicional.<\/p>\n\n<div class=\"gyg-iframe-container\" style=\"margin-bottom:1.5em\" class=\"wp-block-cgb-block-gyg-wp-plugin\"><iframe style=\"border:0;height:100%;width:100%\" title=\"GetYourGuide activities widget\" src=\"https:\/\/widget.getyourguide.com\/default\/activities.frame?widget=wp_activities&amp;currency=CSK&amp;locale_code=en-GB&amp;number_of_items=3&amp;partner_id=MKZ64IS&amp;q=vienna%20pass\"><\/iframe><\/div>\n\n<h2 class=\"wp-block-heading\"><span class=\"ez-toc-section\" id=\"O_que_fazer_em_Viena_quando_chove\"><\/span><span class=\"ez-toc-section\" id=\"Co_delat_ve_Vidni_kdyz_prsi\"><\/span><span class=\"ez-toc-section\" id=\"o_que_fazer_em_viena_com_chuva\"><\/span>O que fazer em Viena quando chove<span class=\"ez-toc-section-end\"><\/span><span class=\"ez-toc-section-end\"><\/span><span class=\"ez-toc-section-end\"><\/span><\/h2>\n\n<p>Felizmente, Viena tem uma enorme quantidade de atra\u00e7\u00f5es que podem ser visitadas na chuva. Al\u00e9m dos museus e galerias mencionados acima, recomendo:<\/p>\n\n<ul class=\"wp-block-list\">\n<li><strong>Caf\u00e9s<\/strong> \u2014 os caf\u00e9s vienenses foram feitos para tardes chuvosas. Caf\u00e9 Central, Sperl ou Hawelka \u2014 sente-se, pe\u00e7a um Melange e leia.<\/li>\n\n<li><strong>Naschmarkt<\/strong> \u2014 parte das barracas \u00e9 coberta, a feira funciona mesmo com chuva.<\/li>\n\n<li><strong>Confeitaria Demel<\/strong> \u2014 prove as sobremesas e assista pela vitrine \u00e0 prepara\u00e7\u00e3o na cozinha.<\/li>\n\n<li><strong>Degusta\u00e7\u00e3o de vinhos<\/strong> \u2014 \u00f3timo plano B para tempo ruim.<\/li>\n\n<li><strong>Degusta\u00e7\u00e3o de cervejas artesanais<\/strong> \u2014 v\u00e1 ao <strong>Ammuts\u00d8n Craft Beer Dive<\/strong>, que costuma ter at\u00e9 12 cervejas locais. Tamb\u00e9m s\u00e3o populares o <strong>Beaver Brewing Company<\/strong> e o <strong>Fassldippler<\/strong>.<\/li>\n<\/ul>\n\n<h2 class=\"wp-block-heading\"><span class=\"ez-toc-section\" id=\"Feiras_de_Natal_em_Viena\"><\/span><span class=\"ez-toc-section\" id=\"Vanocni_trhy_ve_Vidni\"><\/span><span class=\"ez-toc-section\" id=\"feiras_de_natal_viena\"><\/span>Feiras de Natal em Viena<span class=\"ez-toc-section-end\"><\/span><span class=\"ez-toc-section-end\"><\/span><span class=\"ez-toc-section-end\"><\/span><\/h2>\n\n<p>Um dos motivos mais comuns para visitar Viena s\u00e3o as feiras de Natal. Acontecem geralmente de meados de novembro at\u00e9 o Natal, e algumas se estendem at\u00e9 janeiro. Viena tem cerca de 20 feiras diferentes, e cada uma \u00e9 \u00fanica.<\/p>\n\n<h3 class=\"wp-block-heading\"><span class=\"ez-toc-section\" id=\"As_maiores_feiras\"><\/span><span class=\"ez-toc-section\" id=\"Nejvetsi_trhy\"><\/span>As maiores feiras<span class=\"ez-toc-section-end\"><\/span><span class=\"ez-toc-section-end\"><\/span><\/h3>\n\n<p><a href=\"https:\/\/www.christkindlmarkt.at\/\" target=\"_blank\" rel=\"noreferrer noopener nofollow\"><strong>Sonho de Natal Vienense na Rathausplatz<\/strong><\/a> \u00e9 a maior e mais famosa \u2014 com muitas atra\u00e7\u00f5es para crian\u00e7as e adultos, carrossel, trenzinho de renas e pista de patina\u00e7\u00e3o no gelo no parque.<\/p>\n\n<p><strong><a href=\"https:\/\/www.weihnachtsdorf.at\/weihnachtsdorf-maria-theresien-platz\/\" target=\"_blank\" rel=\"noreferrer noopener nofollow\">Vila de Natal na pra\u00e7a Maria-Theresien-Platz<\/a><\/strong> oferece at\u00e9 70 barracas com produtos tradicionais e del\u00edcias gastron\u00f4micas.<\/p>\n\n<p>Outra vila fica no <a href=\"https:\/\/www.weihnachtsdorf.at\/campus-universitaet-wien\/\" target=\"_blank\" rel=\"noreferrer noopener nofollow\"><strong>campus da Universidade de Viena<\/strong><\/a> \u2014 \u00f3tima para fam\u00edlias com crian\u00e7as, com trenzinho e carrossel.<\/p>\n\n<p>Vale mencionar tamb\u00e9m as <a href=\"https:\/\/www.weihnachtsdorf.at\/campus-universitaet-wien\/\" target=\"_blank\" rel=\"noreferrer noopener nofollow\"><strong>feiras de Natal na pra\u00e7a Freyung<\/strong><\/a> \u2014 tradi\u00e7\u00e3o desde o s\u00e9culo XVIII, com pres\u00e9pios tradicionais e cer\u00e2mica.<\/p>\n\n<figure class=\"wp-block-image size-full\"><img decoding=\"async\" src=\"https:\/\/www.loudavymkrokem.cz\/wp-content\/uploads\/2023\/05\/videnske-trhy.jpg\" alt=\"Feiras de Natal em Viena diante da Prefeitura\" class=\"wp-image-58589\" title=\"\"><\/figure>\n\n<h3 class=\"wp-block-heading\"><span class=\"ez-toc-section\" id=\"As_feiras_mais_atmosfericas\"><\/span><span class=\"ez-toc-section\" id=\"Nejatmosferictejsi_trhy\"><\/span>As feiras mais atmosf\u00e9ricas<span class=\"ez-toc-section-end\"><\/span><span class=\"ez-toc-section-end\"><\/span><\/h3>\n\n<p>Pessoalmente, a que mais me agrada \u00e9 a <a href=\"https:\/\/spittelberg.at\/\" target=\"_blank\" rel=\"noreferrer noopener nofollow\"><strong>Spittelberg<\/strong><\/a> \u2014 ruelas estreitas, artesanato, menos turistas, mais atmosfera. E as feiras <a href=\"https:\/\/www.weihnachtsmarkt-hof.at\/\" target=\"_blank\" rel=\"noreferrer noopener nofollow\"><strong>Am Hof<\/strong><\/a> tamb\u00e9m s\u00e3o surpreendentemente tranquilas e aut\u00eanticas.<\/p>\n\n<h3 class=\"wp-block-heading\"><span class=\"ez-toc-section\" id=\"Feiras_de_Natal_nos_palacios\"><\/span><span class=\"ez-toc-section\" id=\"Zamecke_vanocni_trhy\"><\/span>Feiras de Natal nos pal\u00e1cios<span class=\"ez-toc-section-end\"><\/span><span class=\"ez-toc-section-end\"><\/span><\/h3>\n\n<ul class=\"wp-block-list\">\n<li>Feira de Natal e Ano Novo em frente ao <a href=\"https:\/\/www.weihnachtsmarkt.co.at\/\" target=\"_blank\" rel=\"noreferrer noopener nofollow\"><strong>Pal\u00e1cio de Sch\u00f6nbrunn<\/strong><\/a><\/li>\n\n<li>Vila de Natal em frente ao <a href=\"https:\/\/www.weihnachtsmarkt.co.at\/\" target=\"_blank\" rel=\"noreferrer noopener nofollow\"><strong>Pal\u00e1cio Belvedere<\/strong><\/a><\/li>\n\n<li>Feira de Natal em frente ao <a href=\"https:\/\/www.weihnachtsmarkt.co.at\/\" target=\"_blank\" rel=\"noreferrer noopener nofollow\"><strong>Castelo Liechtenstein<\/strong><\/a><\/li>\n<\/ul>\n\n<h3 class=\"wp-block-heading\"><span class=\"ez-toc-section\" id=\"Feiras_artisticas_e_outras\"><\/span><span class=\"ez-toc-section\" id=\"Umelecke_a_dalsi_trhy\"><\/span>Feiras art\u00edsticas e outras<span class=\"ez-toc-section-end\"><\/span><span class=\"ez-toc-section-end\"><\/span><\/h3>\n\n<ul class=\"wp-block-list\">\n<li><a href=\"https:\/\/divinaart.at\/\" target=\"_blank\" rel=\"noreferrer noopener nofollow\"><strong>Karlsplatz<\/strong><\/a> \u2014 artesanato art\u00edstico e exposi\u00e7\u00f5es<\/li>\n\n<li><a href=\"https:\/\/www.weihnachtsdorf.at\/stephansplatz\/\" target=\"_blank\" rel=\"noreferrer noopener nofollow\">Stephansplatz<\/a><\/li>\n\n<li><a href=\"https:\/\/kuk-weihnachtsmarkt.at\/?redirected=1\" target=\"_blank\" rel=\"noreferrer noopener nofollow\">Feira do Advento Imperial<\/a> em frente ao Hofburg<\/li>\n\n<li><a href=\"http:\/\/www.adventgenussmarkt.at\/\" target=\"_blank\" rel=\"noreferrer noopener nofollow\">Feira em frente \u00e0 \u00d3pera Estatal<\/a><\/li>\n\n<li><a href=\"https:\/\/www.almadvent.at\/\" target=\"_blank\" rel=\"noreferrer noopener nofollow\">Almadvent<\/a> na Messeplatz<\/li>\n\n<li><a href=\"https:\/\/www.weihnachtszauber.wien\/\" target=\"_blank\" rel=\"noreferrer noopener nofollow\">Magia do Natal<\/a> na cervejaria Ottakringer<\/li>\n\n<li><a href=\"https:\/\/www.wintermarkt.at\/\" target=\"_blank\" rel=\"noreferrer noopener nofollow\">Prater Rocks<\/a> \u2014 feira tem\u00e1tica junto \u00e0 roda-gigante<\/li>\n<\/ul>\n\n<h3 class=\"wp-block-heading\"><span class=\"ez-toc-section\" id=\"Dicas_praticas_para_as_feiras_de_Natal\"><\/span><span class=\"ez-toc-section\" id=\"Prakticke_tipy_na_vanocni_trhy\"><\/span>Dicas pr\u00e1ticas para as feiras de Natal<span class=\"ez-toc-section-end\"><\/span><span class=\"ez-toc-section-end\"><\/span><\/h3>\n\n<p><strong>Melhor per\u00edodo:<\/strong> Segunda metade de novembro \u2014 menos gente, oferta completa. Antes do Natal as multid\u00f5es s\u00e3o enormes. <strong>O que experimentar:<\/strong> Punsch (bebida quente com vinho, 5\u20137 \u20ac + dep\u00f3sito da caneca 2\u20134 \u20ac), Maroni (castanhas assadas), Kartoffelpuffer (bolinhos de batata). Para comida e bebida, conte com 15\u201325 \u20ac por pessoa.<\/p>\n\n<h2 class=\"wp-block-heading\"><span class=\"ez-toc-section\" id=\"Viena_com_criancas\"><\/span><span class=\"ez-toc-section\" id=\"Viden_s_detmi\"><\/span><span class=\"ez-toc-section\" id=\"viena_com_criancas\"><\/span>Viena com crian\u00e7as<span class=\"ez-toc-section-end\"><\/span><span class=\"ez-toc-section-end\"><\/span><span class=\"ez-toc-section-end\"><\/span><\/h2>\n\n<p>Viena \u00e9 \u00f3tima tamb\u00e9m para fam\u00edlias com crian\u00e7as. As crian\u00e7as adoram o <strong>Prater<\/strong> com suas muitas atra\u00e7\u00f5es, <strong>Sch\u00f6nbrunn<\/strong> tem um museu infantil e um labirinto, o <strong>Museu de Hist\u00f3ria Natural<\/strong> \u00e9 cheio de exposi\u00e7\u00f5es interativas e no <strong>Museu T\u00e9cnico<\/strong> podem experimentar muitas coisas com as pr\u00f3prias m\u00e3os. Use os <strong>\u00f4nibus Hop-on Hop-off<\/strong> para as crian\u00e7as n\u00e3o se cansarem nas longas caminhadas, e visite a <strong>confeitaria Demel<\/strong> \u2014 prove as del\u00edcias que a pr\u00f3pria imperatriz comia.<\/p>\n\n<p><strong>Bom saber:<\/strong> Crian\u00e7as at\u00e9 6 anos andam de gra\u00e7a no transporte p\u00fablico. Crian\u00e7as at\u00e9 15 anos viajam gratuitamente aos domingos, feriados e durante as f\u00e9rias escolares vienenses.<\/p>\n\n<h2 class=\"wp-block-heading\"><span class=\"ez-toc-section\" id=\"Cruzeiros_romanticos_pelo_Danubio\"><\/span><span class=\"ez-toc-section\" id=\"Romanticke_plavby_po_Dunaji\"><\/span><span class=\"ez-toc-section\" id=\"cruzeiros_romanticos_pelo_danubio\"><\/span>Cruzeiros rom\u00e2nticos pelo Dan\u00fabio<span class=\"ez-toc-section-end\"><\/span><span class=\"ez-toc-section-end\"><\/span><span class=\"ez-toc-section-end\"><\/span><\/h2>\n\n<p>Se voc\u00ea gosta de passeios de barco, em Viena tamb\u00e9m \u00e9 poss\u00edvel fazer um cruzeiro rom\u00e2ntico pelo Dan\u00fabio. A <strong>DDSG Blue Danube<\/strong> oferece diversos roteiros \u2014 de cruzeiros panor\u00e2micos curtos a passeios de um dia inteiro at\u00e9 Wachau. O <strong>Twin City Liner<\/strong> leva voc\u00ea a Bratislava em 75 minutos \u2014 combinando transporte e experi\u00eancia. E o <strong>Canal do Dan\u00fabio<\/strong> no centro da cidade tem arte urbana nas margens e bares como o Strandbar Herrmann ou o Tel Aviv Beach.<\/p>\n\n<h3 class=\"wp-block-heading\"><span class=\"ez-toc-section\" id=\"Cruzeiro_pelo_Danubio_com_jantar_de_3_pratos\"><\/span><span class=\"ez-toc-section\" id=\"Plavba_po_Dunaji_s_3chodovou_veceri\"><\/span>Cruzeiro pelo Dan\u00fabio com jantar de 3 pratos<span class=\"ez-toc-section-end\"><\/span><span class=\"ez-toc-section-end\"><\/span><\/h3>\n\n<p>Pelo <a class=\"thirstylink\" rel=\"nofollow\" target=\"_blank\" title=\"GetYourGuide\" href=\"https:\/\/loudavymkrokem.cz\/doporucujeme\/getyourguide\/\" data-shortcode=\"true\">GetYourGuide<\/a> voc\u00ea pode reservar um cruzeiro pelo Dan\u00fabio com menu de tr\u00eas pratos. Crian\u00e7as pequenas entram de gra\u00e7a e o passeio dura cerca de 3 horas.<\/p>\n\n<div class=\"gyg-iframe-container\" style=\"margin-bottom:1.5em\" class=\"wp-block-cgb-block-gyg-wp-plugin\"><iframe style=\"border:0;height:100%;width:100%\" title=\"GetYourGuide activities widget\" src=\"https:\/\/widget.getyourguide.com\/default\/activities.frame?widget=wp_activities&amp;currency=CSK&amp;locale_code=en-GB&amp;number_of_items=1&amp;partner_id=MKZ64IS&amp;q=3-Course%20Evening%20Dinner%20Cruise\"><\/iframe><\/div>\n\n<h2 class=\"wp-block-heading\"><span class=\"ez-toc-section\" id=\"Passeios_bate-volta_saindo_de_Viena\"><\/span><span class=\"ez-toc-section\" id=\"Vylety_z_Vidne_na_jeden_den\"><\/span><span class=\"ez-toc-section\" id=\"passeios_bate_volta_viena\"><\/span>Passeios bate-volta saindo de Viena<span class=\"ez-toc-section-end\"><\/span><span class=\"ez-toc-section-end\"><\/span><span class=\"ez-toc-section-end\"><\/span><\/h2>\n\n<p>Viena \u00e9 uma excelente base para passeios de um dia \u2014 em menos de uma hora voc\u00ea pode estar em outro pa\u00eds ou em meio \u00e0 natureza deslumbrante.<\/p>\n\n<h3 class=\"wp-block-heading\"><span class=\"ez-toc-section\" id=\"Wachau_%E2%80%94_vale_do_Danubio_UNESCO\"><\/span><span class=\"ez-toc-section\" id=\"Wachau_%E2%80%94_udoli_Dunaje_UNESCO\"><\/span>Wachau \u2014 vale do Dan\u00fabio (UNESCO)<span class=\"ez-toc-section-end\"><\/span><span class=\"ez-toc-section-end\"><\/span><\/h3>\n\n<p>Vale vin\u00edcola entre Melk e Krems, um dos lugares mais bonitos da \u00c1ustria. O mosteiro beneditino de Melk (entrada 14,50 \u20ac), a pitoresca cidadezinha de D\u00fcrnstein com sua igrejinha azul e as ru\u00ednas do castelo onde Ricardo Cora\u00e7\u00e3o de Le\u00e3o ficou preso. Idealmente de barco pelo Dan\u00fabio de Melk a Krems (DDSG, cerca de 2 horas). De trem, Viena a Melk leva 1 hora.<\/p>\n\n<h3 class=\"wp-block-heading\"><span class=\"ez-toc-section\" id=\"Bratislava\"><\/span><span class=\"ez-toc-section\" id=\"Bratislava\"><\/span>Bratislava<span class=\"ez-toc-section-end\"><\/span><span class=\"ez-toc-section-end\"><\/span><\/h3>\n\n<p>A capital da vizinha Eslov\u00e1quia fica a apenas <strong>60 km<\/strong> de Viena \u2014 o par de capitais mais pr\u00f3ximo da Europa. De trem, 1 hora (a partir de 9 \u20ac), ou de barco pelo Dan\u00fabio (Twin City Liner, 75 minutos, a partir de 25 \u20ac s\u00f3 ida). O centro hist\u00f3rico se percorre em meio dia \u2014 perfeito para combinar com o retorno \u00e0 tarde.<\/p>\n\n<h3 class=\"wp-block-heading\"><span class=\"ez-toc-section\" id=\"Baden_bei_Wien\"><\/span><span class=\"ez-toc-section\" id=\"Baden_bei_Wien\"><\/span>Baden bei Wien<span class=\"ez-toc-section-end\"><\/span><span class=\"ez-toc-section-end\"><\/span><\/h3>\n\n<p>Cidadezinha termal a 30 minutos de S-Bahn de Viena. Termas Therme Wien (entrada a partir de 16 \u20ac), Kurpark, cassino e o florido Rosarium. Ideal para um dia de relaxamento.<\/p>\n\n<h3 class=\"wp-block-heading\"><span class=\"ez-toc-section\" id=\"Burgenland_e_Neusiedler_See\"><\/span><span class=\"ez-toc-section\" id=\"Burgenland_a_Neusiedler_See\"><\/span>Burgenland e Neusiedler See<span class=\"ez-toc-section-end\"><\/span><span class=\"ez-toc-section-end\"><\/span><\/h3>\n\n<p>Lago raso de estepe na fronteira austro-h\u00fangara (UNESCO). Excelente para ciclismo (ciclovia plana ao redor do lago, 125 km) e degusta\u00e7\u00e3o de vinhos de Burgenland. De trem at\u00e9 Neusiedl am See em 1 hora.<\/p>\n\n<h2 class=\"wp-block-heading\"><span class=\"ez-toc-section\" id=\"Como_chegar_a_Viena_e_transporte_na_cidade\"><\/span><span class=\"ez-toc-section\" id=\"Doprava_do_Vidne_a_po_meste\"><\/span><span class=\"ez-toc-section\" id=\"como_chegar_a_viena_e_transporte\"><\/span>Como chegar a Viena e transporte na cidade<span class=\"ez-toc-section-end\"><\/span><span class=\"ez-toc-section-end\"><\/span><span class=\"ez-toc-section-end\"><\/span><\/h2>\n\n<p><strong>Como chegar a Viena saindo do Brasil?<\/strong> A forma mais comum \u00e9 de avi\u00e3o, com conex\u00e3o em alguma capital europeia. De l\u00e1, h\u00e1 diversas op\u00e7\u00f5es de transporte pela cidade.<\/p>\n\n<h3 class=\"wp-block-heading\"><span class=\"ez-toc-section\" id=\"De_aviao_para_Viena\"><\/span><span class=\"ez-toc-section\" id=\"Letadlem_do_Vidne\"><\/span>De avi\u00e3o para Viena<span class=\"ez-toc-section-end\"><\/span><span class=\"ez-toc-section-end\"><\/span><\/h3>\n\n<p>N\u00e3o h\u00e1 voos diretos do Brasil para Viena, mas companhias como <strong>LATAM<\/strong>, <strong>Lufthansa<\/strong>, <strong>KLM<\/strong> e <strong>Turkish Airlines<\/strong> oferecem conex\u00f5es frequentes via Frankfurt, Amsterd\u00e3, Istambul ou Paris. O Aeroporto de Viena (VIE) fica a apenas 18 km do centro. Para chegar ao centro, use o trem r\u00e1pido <strong>City Airport Train (CAT)<\/strong> (16 minutos, 14,90 \u20ac), o <strong>S-Bahn S7<\/strong> (25 minutos, mais barato) ou o \u00f4nibus <strong>Vienna Airport Lines<\/strong>.<\/p>\n\n<p class=\"has-pale-cyan-blue-background-color has-background\">\ud83d\udca1 DICA: No nosso artigo voc\u00ea aprende <a href=\"https:\/\/loudavymkrokem.cz\/pt-br\/passagens-aereas-baratas-dicas\/\"><strong>como encontrar passagens a\u00e9reas baratas<\/strong><\/a>.<\/p>\n\n<h3 class=\"wp-block-heading\"><span class=\"ez-toc-section\" id=\"De_trem_para_Viena\"><\/span><span class=\"ez-toc-section\" id=\"Vlakem_do_Vidne\"><\/span>De trem para Viena<span class=\"ez-toc-section-end\"><\/span><span class=\"ez-toc-section-end\"><\/span><\/h3>\n\n<p>Se j\u00e1 estiver na Europa, o trem \u00e9 uma \u00f3tima op\u00e7\u00e3o. A Wien Hauptbahnhof (esta\u00e7\u00e3o central) recebe trens de toda a Europa. De Munique s\u00e3o cerca de 4 horas, de Budapeste 2,5 horas e de Praga 4 horas. A <strong>\u00d6BB<\/strong> (ferrovias austr\u00edacas) oferece tarifas antecipadas com bons pre\u00e7os.<\/p>\n\n<h3 class=\"wp-block-heading\"><span class=\"ez-toc-section\" id=\"De_onibus_para_Viena\"><\/span><span class=\"ez-toc-section\" id=\"Autobusem_do_Vidne\"><\/span>De \u00f4nibus para Viena<span class=\"ez-toc-section-end\"><\/span><span class=\"ez-toc-section-end\"><\/span><\/h3>\n\n<p>\u00d4nibus da <a class=\"thirstylink\" rel=\"nofollow\" target=\"_blank\" title=\"Flixbus\" href=\"https:\/\/loudavymkrokem.cz\/doporucujeme\/flixbus\/\" data-shortcode=\"true\">FlixBus<\/a> conectam Viena com praticamente todas as grandes cidades europeias. Para comparar op\u00e7\u00f5es e pre\u00e7os, recomendo usar o Omio.<\/p>\n\n<h3 class=\"wp-block-heading\"><span class=\"ez-toc-section\" id=\"De_carro_para_Viena\"><\/span><span class=\"ez-toc-section\" id=\"Autem_do_Vidne\"><\/span>De carro para Viena<span class=\"ez-toc-section-end\"><\/span><span class=\"ez-toc-section-end\"><\/span><\/h3>\n\n<p>Se estiver viajando pela Europa de carro alugado, lembre-se de que a \u00c1ustria exige uma <strong>vinheta digital de ped\u00e1gio<\/strong> (Digitale Vignette) para usar as autoestradas \u2014 a partir de 11,50 \u20ac para 1 dia. Compre online antes de entrar no pa\u00eds.<\/p>\n\n<h3 class=\"wp-block-heading\"><span class=\"ez-toc-section\" id=\"Estacionamento_em_Viena\"><\/span><span class=\"ez-toc-section\" id=\"Parkovani_ve_Vidni\"><\/span>Estacionamento em Viena<span class=\"ez-toc-section-end\"><\/span><span class=\"ez-toc-section-end\"><\/span><\/h3>\n\n<p><strong>Se for de carro, planeje antecipadamente onde vai estacionar.<\/strong> O ideal \u00e9 hospedagem com estacionamento ou usar os estacionamentos <strong>P+R<\/strong> (Park &#038; Ride) perto das esta\u00e7\u00f5es de transporte p\u00fablico \u2014 s\u00e3o mais baratos e voc\u00ea chega ao centro de metr\u00f4.<\/p>\n\n<p><strong>Estacionamentos P+R em Viena:<\/strong> Erdberg (U3), Spittelau (U4, U6), H\u00fctteldorf (U4), Ottakring (U3), Heiligenstadt (U4), Aderklaaer Stra\u00dfe (U1), Leopoldau (U1), Donaustadtbr\u00fccke (U2), Siebenhirten (U6), Liesing (S1), Perfektastra\u00dfe (U6).<\/p>\n\n<p><strong>Mapa dos estacionamentos P+R:<\/strong><\/p>\n\n<iframe loading=\"lazy\" src=\"https:\/\/www.google.com\/maps\/d\/u\/0\/embed?mid=1xxaOJEyQEnhGztLOtkB0wApxhO0t96w&amp;ehbc=2E312F\" width=\"100%\" height=\"480\"><\/iframe>\n\n<h3 class=\"wp-block-heading\"><span class=\"ez-toc-section\" id=\"Transporte_em_Viena_%E2%80%94_transporte_publico\"><\/span><span class=\"ez-toc-section\" id=\"Doprava_po_Vidni_%E2%80%94_MHD\"><\/span>Transporte em Viena \u2014 transporte p\u00fablico<span class=\"ez-toc-section-end\"><\/span><span class=\"ez-toc-section-end\"><\/span><\/h3>\n\n<p><strong>A melhor forma de se locomover em Viena \u00e9 pelo transporte p\u00fablico.<\/strong> Recomendo o aplicativo <strong><a href=\"https:\/\/www.wienerlinien.at\/wienmobil-app\" target=\"_blank\" rel=\"noreferrer noopener nofollow\">WienMobil<\/a><\/strong> \u2014 nele voc\u00ea encontra conex\u00f5es, rotas e mapa.<\/p>\n\n<ul class=\"wp-block-list\">\n<li><strong>Metr\u00f4<\/strong> \u2014 5 linhas (U1\u2013U4, U6), funciona das 5h \u00e0 meia-noite, nos fins de semana 24 horas.<\/li>\n\n<li><strong>Bondes e \u00f4nibus<\/strong> \u2014 28 linhas de bonde, City Bus percorre as ruelas estreitas do 1\u00ba distrito.<\/li>\n\n<li><strong>Bilhetes:<\/strong> Avulso 2,40 \u20ac, 24h 5,80 \u20ac, 48h 14,10 \u20ac, 72h 17,10 \u20ac. Compre nas m\u00e1quinas do metr\u00f4 ou pelo WienMobil.<\/li>\n<\/ul>\n\n<h2 class=\"wp-block-heading\"><span class=\"ez-toc-section\" id=\"Quanto_custa_Viena_%E2%80%94_orcamento_e_dicas_para_economizar\"><\/span><span class=\"ez-toc-section\" id=\"Kolik_stoji_Viden_%E2%80%94_rozpocet_a_tipy_na_uspory\"><\/span><span class=\"ez-toc-section\" id=\"quanto_custa_viena\"><\/span>Quanto custa Viena \u2014 or\u00e7amento e dicas para economizar<span class=\"ez-toc-section-end\"><\/span><span class=\"ez-toc-section-end\"><\/span><span class=\"ez-toc-section-end\"><\/span><\/h2>\n\n<p>Viena n\u00e3o \u00e9 barata, mas definitivamente n\u00e3o precisa estourar o or\u00e7amento.<\/p>\n\n<h3 class=\"wp-block-heading\"><span class=\"ez-toc-section\" id=\"Orcamento_diario_estimado_1_pessoa\"><\/span><span class=\"ez-toc-section\" id=\"Orientacni_denni_rozpocet_1_osoba\"><\/span>Or\u00e7amento di\u00e1rio estimado (1 pessoa)<span class=\"ez-toc-section-end\"><\/span><span class=\"ez-toc-section-end\"><\/span><\/h3>\n\n<figure class=\"wp-block-table\"><table><tbody><tr><td><strong>Item<\/strong><\/td><td><strong>Econ\u00f4mico<\/strong><\/td><td><strong>Intermedi\u00e1rio<\/strong><\/td><\/tr><tr><td>Hospedagem<\/td><td>35\u201360 \u20ac (hostel\/Airbnb)<\/td><td>100\u2013160 \u20ac (hotel)<\/td><\/tr><tr><td>Alimenta\u00e7\u00e3o<\/td><td>20\u201330 \u20ac<\/td><td>40\u201360 \u20ac<\/td><\/tr><tr><td>Transporte p\u00fablico<\/td><td>5,80 \u20ac (di\u00e1rio)<\/td><td>5,80 \u20ac<\/td><\/tr><tr><td>Entradas<\/td><td>10\u201315 \u20ac<\/td><td>25\u201340 \u20ac<\/td><\/tr><tr><td><strong>Total<\/strong><\/td><td><strong>70\u2013110 \u20ac<\/strong><\/td><td><strong>170\u2013260 \u20ac<\/strong><\/td><\/tr><\/tbody><\/table><\/figure>\n\n<h3 class=\"wp-block-heading\"><span class=\"ez-toc-section\" id=\"Como_economizar\"><\/span><span class=\"ez-toc-section\" id=\"Jak_usetrit\"><\/span>Como economizar<span class=\"ez-toc-section-end\"><\/span><span class=\"ez-toc-section-end\"><\/span><\/h3>\n\n<ul class=\"wp-block-list\">\n<li><strong>Erste Bank Open Day<\/strong> \u2014 no primeiro domingo do m\u00eas, alguns museus t\u00eam entrada gratuita.<\/li>\n\n<li><strong>Naschmarkt para almo\u00e7o<\/strong> \u2014 muito mais barato que restaurantes no centro e com comida melhor.<\/li>\n\n<li><strong>Bitzinger W\u00fcrstelstand<\/strong> \u2014 refei\u00e7\u00e3o completa (K\u00e4sekrainer + p\u00e3o + bebida) por 6\u20138 \u20ac, bem ao lado da \u00d3pera.<\/li>\n\n<li><strong>Jardins gratuitos<\/strong> \u2014 jardins de Sch\u00f6nbrunn, Burggarten, Volksgarten, alameda do Prater.<\/li>\n\n<li><strong>\u00c1gua da torneira<\/strong> \u2014 em Viena vem de fontes alpinas e \u00e9 excelente. Leve sua pr\u00f3pria garrafa.<\/li>\n\n<li><strong>Stehpl\u00e4tze na \u00d3pera<\/strong> \u2014 ingressos para ficar em p\u00e9 na Staatsoper a partir de 4 \u20ac. Vendidos 80 minutos antes da apresenta\u00e7\u00e3o.<\/li>\n\n<li><strong>Heurigers em vez de restaurantes<\/strong> \u2014 Brettljause fria + garrafa de vinho = cerca de 25\u201330 \u20ac para dois.<\/li>\n<\/ul>\n\n<p>E n\u00e3o esque\u00e7a do seguro viagem \u2014 para uma viagem ao exterior, n\u00e3o vale a pena sair sem. N\u00f3s usamos o <a href=\"https:\/\/safetywing.com\/?referenceID=24763920&#038;utm_source=24763920&#038;utm_medium=Ambassador\" target=\"_blank\" rel=\"nofollow noopener\"><strong>SafetyWing<\/strong><\/a>, que cobre tanto despesas m\u00e9dicas quanto atrasos de voos e perda de bagagem por um pre\u00e7o justo.<\/p>\n\n<h2 class=\"wp-block-heading\"><span class=\"ez-toc-section\" id=\"Onde_se_hospedar_em_Viena\"><\/span><span class=\"ez-toc-section\" id=\"Kde_se_ubytovat_ve_Vidni\"><\/span><span class=\"ez-toc-section\" id=\"onde_se_hospedar_em_viena\"><\/span>Onde se hospedar em Viena<span class=\"ez-toc-section-end\"><\/span><span class=\"ez-toc-section-end\"><\/span><span class=\"ez-toc-section-end\"><\/span><\/h2>\n\n<ul class=\"wp-block-list\">\n<li>Se procura algo luxuoso, confira o <strong><a class=\"thirstylink\" rel=\"nofollow\" target=\"_blank\" title=\"Small Luxury Hotel Altstadt Vienna\" href=\"https:\/\/loudavymkrokem.cz\/doporucujeme\/small-luxury-hotel-altstadt-vienna\/\" data-shortcode=\"true\">Small Luxury Hotel Altstadt Vienna<\/a><\/strong>.<\/li>\n\n<li>Para viagem econ\u00f4mica, h\u00e1 o popular hostel <strong>JO&#038;JOE Vienna<\/strong> ou o <strong><a class=\"thirstylink\" rel=\"nofollow\" target=\"_blank\" title=\"Hotel Am Brillantengrund\" href=\"https:\/\/loudavymkrokem.cz\/doporucujeme\/hotel-am-brillantengrund\/\" data-shortcode=\"true\">Hotel Am Brillantengrund<\/a><\/strong>.<\/li>\n\n<li>Como meio-termo, recomendamos o <strong><a class=\"thirstylink\" rel=\"nofollow\" target=\"_blank\" title=\"BASSENA Wien Messe Prater\" href=\"https:\/\/loudavymkrokem.cz\/doporucujeme\/bassena-wien-messe-prater\/\" data-shortcode=\"true\">BASSENA Wien Messe Prater<\/a><\/strong> ou o <strong><a class=\"thirstylink\" rel=\"nofollow\" target=\"_blank\" title=\"Hotel Schani Wien\" href=\"https:\/\/loudavymkrokem.cz\/doporucujeme\/hotel-schani-wien\/\" data-shortcode=\"true\">Hotel Schani Wien<\/a><\/strong>.<\/li>\n<\/ul>\n\n\n<div class=\"lk-stays-module\">\n<style>\n\/* \u2500\u2500\u2500 RESET PRO GUTENBERG \u2500\u2500\u2500 *\/\n.lk-stays-module * { box-sizing: border-box; margin: 0; padding: 0; }\n\n\/* \u2500\u2500\u2500 WRAPPER \u2500\u2500\u2500 *\/\n.lk-stays-module {\n  font-family: 'DM Sans', Georgia, sans-serif;\n  max-width: 100%;\n  margin: 2.5rem auto;\n  background: linear-gradient(135deg, #fdfaf5 0%, #fcf8f0 100%);\n  border: 1px solid #e8dfd4;\n  border-radius: 16px;\n  overflow: hidden;\n  box-shadow: 0 16px 48px rgba(195, 159, 118, 0.25), 0 4px 12px rgba(0,0,0,0.08);\n}\n\n\/* \u2500\u2500\u2500 HEADER \u2500\u2500\u2500 *\/\n.lk-stays-header {\n  position: relative;\n  padding: 24px 36px 24px;\n  background: linear-gradient(135deg, #c39f76 0%, #d4b188 60%, #c39f76 100%);\n  border-bottom: 1px solid rgba(255,255,255,.15);\n  display: flex;\n  align-items: center;\n  gap: 18px;\n}\n.lk-stays-header::before {\n  content: '';\n  position: absolute;\n  inset: 0;\n  background: url(\"data:image\/svg+xml,%3Csvg width='60' height='60' viewBox='0 0 60 60' xmlns='http:\/\/www.w3.org\/2000\/svg'%3E%3Cg fill='none' fill-rule='evenodd'%3E%3Cg fill='%23ffffff' fill-opacity='0.05'%3E%3Cpath d='M36 34v-4h-2v4h-4v2h4v4h2v-4h4v-2h-4zm0-30V0h-2v4h-4v2h4v4h2V6h4V4h-4zM6 34v-4H4v4H0v2h4v4h2v-4h4v-2H6zM6 4V0H4v4H0v2h4v4h2V6h4V4H6z'\/%3E%3C\/g%3E%3C\/g%3E%3C\/svg%3E\") repeat;\n  pointer-events: none;\n}\n.lk-stays-icon {\n  flex-shrink: 0;\n  width: 68px;\n  height: 68px;\n  border-radius: 14px;\n  background: linear-gradient(135deg, #fff 0%, #f9f6f0 100%);\n  display: flex;\n  align-items: center;\n  justify-content: center;\n  font-size: 26px;\n  box-shadow: 0 4px 12px rgba(0,0,0,0.15);\n}\n.lk-stays-eyebrow {\n  font-size: 10px;\n  font-weight: 500;\n  letter-spacing: 2.5px;\n  text-transform: uppercase;\n  color: rgba(255,255,255,.85);\n  margin: 0 0 5px 0;\n}\n.lk-stays-title {\n  font-family: 'Playfair Display', Georgia, serif;\n  font-size: 24px;\n  font-weight: 700;\n  color: #fff;\n  line-height: 1.2;\n  text-shadow: 0 1px 2px rgba(0,0,0,0.1);\n  margin: 0;\n}\n.lk-stays-subtitle {\n  font-size: 13px;\n  color: rgba(255,255,255,.75);\n  margin: 4px 0 0 0;\n  font-weight: 300;\n}\n\n\/* \u2500\u2500\u2500 CARDS GRID \u2500\u2500\u2500 *\/\n.lk-stays-grid {\n  display: grid;\n  grid-template-columns: 1fr 1fr;\n  gap: 1px;\n  background: rgba(195, 159, 118, 0.12);\n}\n\n\/* \u2500\u2500\u2500 SINGLE CARD \u2500\u2500\u2500 *\/\n.lk-stay-card {\n  background: #ffffff;\n  padding: 26px;\n  display: flex;\n  flex-direction: column;\n  gap: 11px;\n  transition: all 0.3s ease;\n  text-decoration: none;\n  color: inherit;\n  position: relative;\n}\n.lk-stay-card:hover {\n  background: #fffbf5;\n  transform: translateY(-2px);\n  box-shadow: 0 8px 24px rgba(195, 159, 118, 0.18);\n  z-index: 1;\n}\n.lk-stay-card.featured {\n  background: linear-gradient(135deg, #fffdf9 0%, #fff9f0 100%);\n  box-shadow: 0 4px 16px rgba(195, 159, 118, 0.15), inset 0 1px 0 rgba(195, 159, 118, 0.1);\n}\n.lk-stay-card.featured:hover {\n  background: linear-gradient(135deg, #fffbf5 0%, #fff8ed 100%);\n  box-shadow: 0 8px 24px rgba(195, 159, 118, 0.25), inset 0 1px 0 rgba(195, 159, 118, 0.15);\n}\n\n.lk-stay-badge {\n  display: inline-flex;\n  align-items: center;\n  gap: 5px;\n  font-size: 10px;\n  font-weight: 500;\n  letter-spacing: 1.5px;\n  text-transform: uppercase;\n  padding: 5px 11px;\n  border-radius: 20px;\n  width: fit-content;\n}\n.badge-top     { background: linear-gradient(135deg, #c39f76 0%, #d4b188 100%); color: #fff; border: 1px solid #c39f76; font-weight: 600; box-shadow: 0 2px 8px rgba(195,159,118,0.3); }\n.badge-luxury  { background: rgba(195,159,118,.12); color: #c39f76; border: 1px solid rgba(195,159,118,.25); }\n.badge-boutique{ background: rgba(54,133,252,.08); color: #3685fc; border: 1px solid rgba(54,133,252,.2); }\n.badge-nature  { background: rgba(130,190,100,.1); color: #6b9c4a; border: 1px solid rgba(130,190,100,.2); }\n.badge-remote  { background: rgba(195,159,118,.12); color: #a67e50; border: 1px solid rgba(195,159,118,.25); }\n\n.lk-stay-name {\n  font-family: 'Playfair Display', Georgia, serif;\n  font-size: 18px;\n  font-weight: 700;\n  color: #111827;\n  line-height: 1.3;\n}\n.lk-stay-desc {\n  font-size: 13.5px;\n  color: #525252;\n  line-height: 1.65;\n  font-weight: 300;\n  flex: 1;\n}\n\n.lk-stay-meta {\n  display: flex;\n  align-items: center;\n  gap: 12px;\n  flex-wrap: wrap;\n  margin-top: 4px;\n}\n.lk-stay-price {\n  font-size: 13px;\n  color: #6b7280;\n}\n.lk-stay-price strong {\n  color: #c39f76;\n  font-weight: 500;\n}\n.lk-stay-stars {\n  color: #c39f76;\n  font-size: 11px;\n  letter-spacing: 1px;\n}\n\n\/* \u2500\u2500\u2500 CTA BUTTON \u2500\u2500\u2500 *\/\n.lk-stay-cta {\n  display: inline-flex;\n  align-items: center;\n  justify-content: center;\n  gap: 7px;\n  margin-top: 8px;\n  padding: 11px 20px;\n  border-radius: 8px;\n  background: linear-gradient(135deg, #3685fc 0%, #2a6fd9 100%);\n  color: #fff;\n  font-size: 13px;\n  font-weight: 500;\n  text-decoration: none;\n  letter-spacing: .3px;\n  transition: all .2s ease;\n  cursor: pointer;\n  border: none;\n  text-align: center;\n  box-shadow: 0 4px 12px rgba(54, 133, 252, 0.25);\n}\n.lk-stay-cta:hover {\n  background: linear-gradient(135deg, #2a6fd9 0%, #1e5bc4 100%);\n  transform: translateY(-1px);\n  box-shadow: 0 6px 16px rgba(54, 133, 252, 0.35);\n}\n.lk-stay-cta svg { flex-shrink: 0; }\n\n\/* \u2500\u2500\u2500 FOOTER \u2500\u2500\u2500 *\/\n.lk-stays-footer {\n  padding: 18px 36px;\n  background: linear-gradient(to bottom, #fdfaf5 0%, #f9f4ed 100%);\n  border-top: 1px solid rgba(195, 159, 118, 0.15);\n  display: flex;\n  align-items: center;\n  justify-content: space-between;\n  flex-wrap: wrap;\n  gap: 12px;\n}\n.lk-stays-footer-note {\n  font-size: 11.5px;\n  color: #6b7280;\n  font-weight: 300;\n  line-height: 1.5;\n}\n.lk-stays-footer-note a {\n  color: #c39f76;\n  text-decoration: none;\n  font-weight: 400;\n}\n.lk-stays-footer-note a:hover {\n  text-decoration: underline;\n}\n.lk-stays-all-btn {\n  display: inline-flex;\n  align-items: center;\n  gap: 6px;\n  font-size: 12.5px;\n  font-weight: 500;\n  color: #c39f76;\n  text-decoration: none;\n  border: 1px solid rgba(195, 159, 118, 0.35);\n  padding: 8px 18px;\n  border-radius: 8px;\n  transition: all .2s ease;\n}\n.lk-stays-all-btn:hover {\n  background: rgba(195, 159, 118, 0.08);\n  border-color: rgba(195, 159, 118, 0.5);\n}\n\n\/* \u2500\u2500\u2500 RESPONSIVE \u2500\u2500\u2500 *\/\n@media (max-width: 600px) {\n  .lk-stays-grid { grid-template-columns: 1fr; }\n  .lk-stays-header { padding: 24px 20px; }\n  .lk-stays-footer { padding: 16px 20px; }\n  .lk-stay-card { padding: 22px; }\n  .lk-stays-title { font-size: 20px; }\n}\n<\/style>\n\n  <!-- HEADER -->\n  <div class=\"lk-stays-header\">\n    <img decoding=\"async\" src=\"https:\/\/loudavymkrokem.cz\/wp-content\/uploads\/2026\/02\/lukas-a-lucka.jpg\" alt=\"\" style=\"width: 75px; height: 75px; border-radius: 8px; flex-shrink: 0; object-fit: cover; display: block; margin: 4px 0;\" title=\"\">\n    <div class=\"lk-stays-header-text\">\n      <div class=\"lk-stays-eyebrow\">Luk\u00e1\u0161 and Lucie recommend<\/div>\n      <div class=\"lk-stays-title\">Onde se hospedar em Viena<\/div>\n      <div class=\"lk-stays-subtitle\">6 acomoda\u00e7\u00f5es \u2014 hot\u00e9is wellness, hot\u00e9is e outras op\u00e7\u00f5es de hospedagem<\/div>\n    <\/div>\n  <\/div>\n\n  <!-- CARDS -->\n  <div class=\"lk-stays-grid\">\n\n    <a class=\"lk-stay-card featured\" href=\"https:\/\/www.stay22.com\/allez\/roam?aid=lukaskonecny&#038;campaign=loudavymkrokemcz&#038;campaign=covidetvevidni&#038;address=V%C3%ADde%C5%88&#038;hotelname=Small+Luxury+Hotel+Altstadt+Vienna&#038;search=Small+Luxury+Hotel+Altstadt+Vienna&#038;category=accommodation\" target=\"_blank\" rel=\"nofollow noopener\">\n      <span class=\"lk-stay-badge badge-top\">\u2b50 MELHOR ESCOLHA<\/span>\n      <span class=\"lk-stay-badge badge-nature\">\u2b50 Luxury<\/span>\n      <div class=\"lk-stay-name\">Small Luxury Hotel Altstadt Vienna<\/div>\n      <div class=\"lk-stay-desc\">Hotel de luxo em Viena, ideal para viajantes exigentes que buscam acomoda\u00e7\u00e3o de primeira classe com alto padr\u00e3o de servi\u00e7os.<\/div>\n      <div class=\"lk-stay-meta\">\n        <span class=\"lk-stay-stars\">\u2605\u2605\u2605\u2605<\/span>\n        <span class=\"lk-stay-price\">Verificar pre\u00e7os<\/span>\n      <\/div>\n      <span class=\"lk-stay-cta\">\n        <svg width=\"14\" height=\"14\" viewBox=\"0 0 24 24\" fill=\"none\" stroke=\"currentColor\" stroke-width=\"2\"><path d=\"M18 13v6a2 2 0 0 1-2 2H5a2 2 0 0 1-2-2V8a2 2 0 0 1 2-2h6\"\/><polyline points=\"15 3 21 3 21 9\"\/><line x1=\"10\" y1=\"14\" x2=\"21\" y2=\"3\"\/><\/svg>\n        Check availability\n      <\/span>\n    <\/a>\n\n    <a class=\"lk-stay-card\" href=\"https:\/\/www.stay22.com\/allez\/roam?aid=lukaskonecny&#038;campaign=loudavymkrokemcz&#038;campaign=covidetvevidni&#038;address=V%C3%ADde%C5%88&#038;hotelname=JO%26JOE+Vienna&#038;search=JO%26JOE+Vienna&#038;category=accommodation\" target=\"_blank\" rel=\"nofollow noopener\">\n      <span class=\"lk-stay-badge badge-nature\">\ud83c\udfe8 Hotel<\/span>\n      <div class=\"lk-stay-name\">JO&#038;JOE Vienna<\/div>\n      <div class=\"lk-stay-desc\">Hostel popular em Viena adequado para viagens econ\u00f4micas, oferece ambiente agrad\u00e1vel e pre\u00e7os acess\u00edveis.<\/div>\n      <div class=\"lk-stay-meta\">\n        <span class=\"lk-stay-stars\">\u2605\u2605\u2605\u2605<\/span>\n        <span class=\"lk-stay-price\">Verificar pre\u00e7os<\/span>\n      <\/div>\n      <span class=\"lk-stay-cta\">\n        <svg width=\"14\" height=\"14\" viewBox=\"0 0 24 24\" fill=\"none\" stroke=\"currentColor\" stroke-width=\"2\"><path d=\"M18 13v6a2 2 0 0 1-2 2H5a2 2 0 0 1-2-2V8a2 2 0 0 1 2-2h6\"\/><polyline points=\"15 3 21 3 21 9\"\/><line x1=\"10\" y1=\"14\" x2=\"21\" y2=\"3\"\/><\/svg>\n        Check availability\n      <\/span>\n    <\/a>\n\n    <a class=\"lk-stay-card\" href=\"https:\/\/www.stay22.com\/allez\/roam?aid=lukaskonecny&#038;campaign=loudavymkrokemcz&#038;campaign=covidetvevidni&#038;address=V%C3%ADde%C5%88&#038;hotelname=Hotel+Am+Brillantengrund&#038;search=Hotel+Am+Brillantengrund&#038;category=accommodation\" target=\"_blank\" rel=\"nofollow noopener\">\n      <span class=\"lk-stay-badge badge-nature\">\ud83c\udfe8 Hotel<\/span>\n      <div class=\"lk-stay-name\">Hotel Am Brillantengrund<\/div>\n      <div class=\"lk-stay-desc\">Hotel acess\u00edvel em Viena para viajantes com or\u00e7amento limitado, oferece acomoda\u00e7\u00e3o confort\u00e1vel por um pre\u00e7o justo.<\/div>\n      <div class=\"lk-stay-meta\">\n        <span class=\"lk-stay-stars\">\u2605\u2605\u2605\u2605<\/span>\n        <span class=\"lk-stay-price\">Verificar pre\u00e7os<\/span>\n      <\/div>\n      <span class=\"lk-stay-cta\">\n        <svg width=\"14\" height=\"14\" viewBox=\"0 0 24 24\" fill=\"none\" stroke=\"currentColor\" stroke-width=\"2\"><path d=\"M18 13v6a2 2 0 0 1-2 2H5a2 2 0 0 1-2-2V8a2 2 0 0 1 2-2h6\"\/><polyline points=\"15 3 21 3 21 9\"\/><line x1=\"10\" y1=\"14\" x2=\"21\" y2=\"3\"\/><\/svg>\n        Check availability\n      <\/span>\n    <\/a>\n\n    <a class=\"lk-stay-card\" href=\"https:\/\/www.stay22.com\/allez\/roam?aid=lukaskonecny&#038;campaign=loudavymkrokemcz&#038;campaign=covidetvevidni&#038;address=V%C3%ADde%C5%88&#038;hotelname=BASSENA+Wien+Messe+Prater&#038;search=BASSENA+Wien+Messe+Prater&#038;category=accommodation\" target=\"_blank\" rel=\"nofollow noopener\">\n      <span class=\"lk-stay-badge badge-nature\">\ud83c\udfe8 Hotel<\/span>\n      <div class=\"lk-stay-name\">BASSENA Wien Messe Prater<\/div>\n      <div class=\"lk-stay-desc\">Hotel na categoria de pre\u00e7o m\u00e9dio, equil\u00edbrio ideal entre pre\u00e7o e qualidade de acomoda\u00e7\u00e3o em Viena.<\/div>\n      <div class=\"lk-stay-meta\">\n        <span class=\"lk-stay-stars\">\u2605\u2605\u2605\u2605<\/span>\n        <span class=\"lk-stay-price\">Verificar pre\u00e7os<\/span>\n      <\/div>\n      <span class=\"lk-stay-cta\">\n        <svg width=\"14\" height=\"14\" viewBox=\"0 0 24 24\" fill=\"none\" stroke=\"currentColor\" stroke-width=\"2\"><path d=\"M18 13v6a2 2 0 0 1-2 2H5a2 2 0 0 1-2-2V8a2 2 0 0 1 2-2h6\"\/><polyline points=\"15 3 21 3 21 9\"\/><line x1=\"10\" y1=\"14\" x2=\"21\" y2=\"3\"\/><\/svg>\n        Check availability\n      <\/span>\n    <\/a>\n\n    <a class=\"lk-stay-card\" href=\"https:\/\/www.stay22.com\/allez\/roam?aid=lukaskonecny&#038;campaign=loudavymkrokemcz&#038;campaign=covidetvevidni&#038;address=V%C3%ADde%C5%88&#038;hotelname=Hotel+Schani+Wien&#038;search=Hotel+Schani+Wien&#038;category=accommodation\" target=\"_blank\" rel=\"nofollow noopener\">\n      <span class=\"lk-stay-badge badge-nature\">\ud83c\udfe8 Hotel<\/span>\n      <div class=\"lk-stay-name\">Hotel Schani Wien<\/div>\n      <div class=\"lk-stay-desc\">Hotel na categoria de pre\u00e7o m\u00e9dio, oferece acomoda\u00e7\u00e3o confort\u00e1vel com boa rela\u00e7\u00e3o custo-benef\u00edcio em Viena.<\/div>\n      <div class=\"lk-stay-meta\">\n        <span class=\"lk-stay-stars\">\u2605\u2605\u2605\u2605<\/span>\n        <span class=\"lk-stay-price\">Verificar pre\u00e7os<\/span>\n      <\/div>\n      <span class=\"lk-stay-cta\">\n        <svg width=\"14\" height=\"14\" viewBox=\"0 0 24 24\" fill=\"none\" stroke=\"currentColor\" stroke-width=\"2\"><path d=\"M18 13v6a2 2 0 0 1-2 2H5a2 2 0 0 1-2-2V8a2 2 0 0 1 2-2h6\"\/><polyline points=\"15 3 21 3 21 9\"\/><line x1=\"10\" y1=\"14\" x2=\"21\" y2=\"3\"\/><\/svg>\n        Check availability\n      <\/span>\n    <\/a>\n\n    <a class=\"lk-stay-card\" href=\"https:\/\/www.stay22.com\/allez\/roam?aid=lukaskonecny&#038;campaign=loudavymkrokemcz&#038;campaign=covidetvevidni&#038;address=v\u00edde\u0148\" target=\"_blank\" rel=\"nofollow noopener\">\n      <span class=\"lk-stay-badge badge-nature\">\ud83d\udd0d Buscar<\/span>\n      <div class=\"lk-stay-name\">Ver todas as acomoda\u00e7\u00f5es em Viena<\/div>\n      <div class=\"lk-stay-desc\">Explore todas as op\u00e7\u00f5es de hospedagem dispon\u00edveis em Viena e encontre a melhor de acordo com suas prefer\u00eancias e or\u00e7amento.<\/div>\n      <div class=\"lk-stay-meta\">\n        <span class=\"lk-stay-stars\">\u2605\u2605\u2605\u2605<\/span>\n        <span class=\"lk-stay-price\">Comparar pre\u00e7os<\/span>\n      <\/div>\n      <span class=\"lk-stay-cta\">\n        <svg width=\"14\" height=\"14\" viewBox=\"0 0 24 24\" fill=\"none\" stroke=\"currentColor\" stroke-width=\"2\"><path d=\"M18 13v6a2 2 0 0 1-2 2H5a2 2 0 0 1-2-2V8a2 2 0 0 1 2-2h6\"\/><polyline points=\"15 3 21 3 21 9\"\/><line x1=\"10\" y1=\"14\" x2=\"21\" y2=\"3\"\/><\/svg>\n        Check availability\n      <\/span>\n    <\/a>\n\n  <\/div>\n\n  \n<\/div>\n\n\n<h2 class=\"wp-block-heading\"><span class=\"ez-toc-section\" id=\"Mapa_de_Viena_com_todos_os_lugares\"><\/span><span class=\"ez-toc-section\" id=\"Mapa_Vidne_se_vsemi_misty\"><\/span><span class=\"ez-toc-section\" id=\"mapa_de_viena\"><\/span>Mapa de Viena com todos os lugares<span class=\"ez-toc-section-end\"><\/span><span class=\"ez-toc-section-end\"><\/span><span class=\"ez-toc-section-end\"><\/span><\/h2>\n\n<p><strong>Salve o mapa dos melhores lugares de Viena direto no celular.<\/strong> Ap\u00f3s a compra, voc\u00ea recebe um link para um Google Maps privado que pode abrir a qualquer momento no telefone ou imprimir. No mapa est\u00e3o marcados de forma clara:<\/p>\n\n<ul class=\"wp-block-list\">\n<li>Hot\u00e9is mencionados<\/li>\n\n<li>Monumentos mencionados<\/li>\n\n<li>Museus mencionados<\/li>\n\n<li>Estacionamentos P+R mencionados<\/li>\n\n<li>Restaurantes, caf\u00e9s e Heurigers<\/li>\n<\/ul>\n\n<figure class=\"wp-block-image size-full\"><a href=\"https:\/\/form.simpleshop.cz\/ROXE\/\" target=\"_blank\" rel=\"noopener\"><img decoding=\"async\" src=\"https:\/\/www.loudavymkrokem.cz\/wp-content\/uploads\/2023\/05\/mapa-vidne-ke-stazeni.png\" alt=\"Mapa de Viena para download\" class=\"wp-image-58623\" title=\"\"><\/a><figcaption class=\"wp-element-caption\">Mapa de Viena para download<\/figcaption><\/figure>\n\n\n<div style=\"gap: 20px;\" class=\"align-button-center ub-buttons orientation-button-row ub-flex-wrap wp-block-ub-button\" id=\"ub-button-ecd981d9-58a7-469d-aee8-03ba62209261\"><div class=\"ub-button-container\">\n\t\t\t<a href=\"https:\/\/form.simpleshop.cz\/ROXE\/\" target=\"_blank\" rel=\"noopener noreferrer\" class=\"ub-button-block-main   ub-button-flex\" role=\"button\" style=\"--ub-button-background-color: #cf2e2e; --ub-button-color: #ffffff; --ub-button-border: none; --ub-button-hover-background-color: #313131; --ub-button-hover-color: #ffffff; --ub-button-hover-border: none; padding-top: 10px; padding-right: 10px; padding-bottom: 10px; padding-left: 10px; border-top-left-radius: 10px;; border-top-right-radius: 10px;; border-bottom-left-radius: 10px;; border-bottom-right-radius: 10px;; \">\n\t\t\t\t<div class=\"ub-button-content-holder\" style=\"flex-direction: row\">\n\t\t\t\t\t<span class=\"ub-button-block-btn\"><strong>Baixar o mapa dos melhores lugares de Viena por 2,50 \u20ac (pre\u00e7o de um \u2615\ufe0f)<\/strong><\/span>\n\t\t\t\t<\/div>\n\t\t\t<\/a>\n\t\t<\/div><\/div>\n\n\n<p class=\"has-pale-cyan-blue-background-color has-background\">\ud83d\udca1 <strong>DICA: Preparamos um mapa detalhado com todos os lugares e estacionamentos mencionados neste artigo. Pelo pre\u00e7o de um caf\u00e9, voc\u00ea pode <a href=\"https:\/\/form.simpleshop.cz\/ROXE\/\" target=\"_blank\" rel=\"noreferrer noopener\">comprar o mapa aqui<\/a>.<\/strong><\/p>\n\n<h2 class=\"wp-block-heading\"><span class=\"ez-toc-section\" id=\"Perguntas_frequentes_sobre_Viena\"><\/span><span class=\"ez-toc-section\" id=\"Casto_kladene_otazky_o_Vidni\"><\/span><span class=\"ez-toc-section\" id=\"perguntas_frequentes\"><\/span>Perguntas frequentes sobre Viena<span class=\"ez-toc-section-end\"><\/span><span class=\"ez-toc-section-end\"><\/span><span class=\"ez-toc-section-end\"><\/span><\/h2>\n\n\n<div id=\"rank-math-faq\" class=\"rank-math-block\">\n<div class=\"rank-math-list \">\n<div id=\"faq-question-1\" class=\"rank-math-list-item\">\n<h3 class=\"rank-math-question \"><span class=\"ez-toc-section\" id=\"Quantos_dias_sao_necessarios_para_Viena\"><\/span><span class=\"ez-toc-section\" id=\"Kolik_dni_potrebuji_na_Viden\"><\/span>Quantos dias s\u00e3o necess\u00e1rios para Viena?<span class=\"ez-toc-section-end\"><\/span><span class=\"ez-toc-section-end\"><\/span><\/h3>\n<div class=\"rank-math-answer \">\n\n<p>Para os principais monumentos e a atmosfera da cidade, 2 dias bastam. Se quiser incluir museus, Heurigers e passeios pelos bairros, o ideal s\u00e3o 3 a 4 dias. Com um passeio a Wachau ou Bratislava, conte com 4 a 5 dias.<\/p>\n\n<\/div>\n<\/div>\n<div id=\"faq-question-2\" class=\"rank-math-list-item\">\n<h3 class=\"rank-math-question \"><span class=\"ez-toc-section\" id=\"Como_chegar_a_Viena_saindo_do_Brasil\"><\/span><span class=\"ez-toc-section\" id=\"Jak_se_dostat_z_Ceska_do_Vidne\"><\/span>Como chegar a Viena saindo do Brasil?<span class=\"ez-toc-section-end\"><\/span><span class=\"ez-toc-section-end\"><\/span><\/h3>\n<div class=\"rank-math-answer \">\n\n<p>A forma mais pr\u00e1tica \u00e9 de avi\u00e3o, com conex\u00e3o em cidades como Frankfurt, Amsterd\u00e3, Istambul ou Paris. Companhias como LATAM, Lufthansa, KLM e Turkish Airlines oferecem rotas frequentes. Do aeroporto ao centro, use o trem r\u00e1pido CAT (16 min) ou o S-Bahn S7 (mais econ\u00f4mico). Se j\u00e1 estiver na Europa, trens da \u00d6BB e \u00f4nibus da <a class=\"thirstylink\" rel=\"nofollow\" target=\"_blank\" title=\"Flixbus\" href=\"https:\/\/loudavymkrokem.cz\/doporucujeme\/flixbus\/\" data-shortcode=\"true\">FlixBus<\/a> conectam Viena a diversas cidades.<\/p>\n\n<\/div>\n<\/div>\n<div id=\"faq-question-3\" class=\"rank-math-list-item\">\n<h3 class=\"rank-math-question \"><span class=\"ez-toc-section\" id=\"Vale_a_pena_o_Vienna_City_Card\"><\/span><span class=\"ez-toc-section\" id=\"Vyplati_se_Vienna_City_Card\"><\/span>Vale a pena o Vienna City Card?<span class=\"ez-toc-section-end\"><\/span><span class=\"ez-toc-section-end\"><\/span><\/h3>\n<div class=\"rank-math-answer \">\n\n<p>Se voc\u00ea planeja usar bastante o transporte p\u00fablico e visitar 2 a 3 atra\u00e7\u00f5es pagas, sim. Se vai caminhar principalmente pelo centro, n\u00e3o compensa \u2014 compre bilhetes avulsos.<\/p>\n\n<\/div>\n<\/div>\n<div id=\"faq-question-4\" class=\"rank-math-list-item\">\n<h3 class=\"rank-math-question \"><span class=\"ez-toc-section\" id=\"Viena_e_boa_para_familias_com_criancas\"><\/span><span class=\"ez-toc-section\" id=\"Je_Viden_vhodna_pro_rodiny_s_detmi\"><\/span>Viena \u00e9 boa para fam\u00edlias com crian\u00e7as?<span class=\"ez-toc-section-end\"><\/span><span class=\"ez-toc-section-end\"><\/span><\/h3>\n<div class=\"rank-math-answer \">\n\n<p>Com certeza. Sch\u00f6nbrunn tem museu infantil e labirinto, o Prater \u00e9 cheio de atra\u00e7\u00f5es, o Museu T\u00e9cnico \u00e9 interativo. Crian\u00e7as at\u00e9 6 anos andam de gra\u00e7a no transporte p\u00fablico; at\u00e9 15 anos viajam gratuitamente aos domingos, feriados e nas f\u00e9rias escolares vienenses.<\/p>\n\n<\/div>\n<\/div>\n<div id=\"faq-question-5\" class=\"rank-math-list-item\">\n<h3 class=\"rank-math-question \"><span class=\"ez-toc-section\" id=\"Da_para_conhecer_Viena_a_pe\"><\/span><span class=\"ez-toc-section\" id=\"Da_se_Viden_zvladnout_pesky\"><\/span>D\u00e1 para conhecer Viena a p\u00e9?<span class=\"ez-toc-section-end\"><\/span><span class=\"ez-toc-section-end\"><\/span><\/h3>\n<div class=\"rank-math-answer \">\n\n<p>O centro hist\u00f3rico (dentro do Ring) sim \u2014 Stephansdom, Hofburg, Albertina, Graben, tudo fica a uma curta dist\u00e2ncia. Para Sch\u00f6nbrunn, Belvedere ou Prater, ser\u00e1 necess\u00e1rio usar o transporte p\u00fablico.<\/p>\n\n<\/div>\n<\/div>\n<div id=\"faq-question-6\" class=\"rank-math-list-item\">\n<h3 class=\"rank-math-question \"><span class=\"ez-toc-section\" id=\"Qual_a_melhor_epoca_para_visitar_Viena\"><\/span><span class=\"ez-toc-section\" id=\"Kdy_je_nejlepsi_cas_na_navstevu_Vidne\"><\/span>Qual a melhor \u00e9poca para visitar Viena?<span class=\"ez-toc-section-end\"><\/span><span class=\"ez-toc-section-end\"><\/span><\/h3>\n<div class=\"rank-math-answer \">\n\n<p>Abril a junho e setembro a outubro \u2014 clima agrad\u00e1vel, jardins dos Heurigers abertos, sem o calor intenso do ver\u00e3o. Dezembro \u00e9 excelente para as feiras de Natal. O ver\u00e3o (julho\u2013agosto) costuma ser quente (35 \u00b0C+) e muitos moradores saem da cidade.<\/p>\n\n<\/div>\n<\/div>\n<\/div>\n<\/div>\n","protected":false},"excerpt":{"rendered":"<p>O que ver em Viena, na \u00c1ustria? Confira nosso guia completo com 50+ dicas de pontos tur\u00edsticos, atividades, gastronomia, roteiro de 1 a 3 dias e mapa interativo.<\/p>\n","protected":false},"author":3,"featured_media":59653,"comment_status":"closed","ping_status":"closed","sticky":false,"template":"","format":"standard","meta":{"footnotes":"","rank_math_title":"O que ver em Viena \u00c1ustria: 50+ dicas e roteiro","rank_math_description":"Descubra o que ver em Viena, \u00c1ustria: 50+ pontos tur\u00edsticos, roteiro de 1 a 3 dias, gastronomia e dicas pr\u00e1ticas. Planeje sua viagem agora!","rank_math_focus_keyword":"viena \u00e1ustria","rank_math_seo_score":""},"categories":[1147,1121],"tags":[],"class_list":{"0":"post-143161","1":"post","2":"type-post","3":"status-publish","4":"format-standard","5":"has-post-thumbnail","7":"category-austria","8":"category-europa"},"featured_image_src":"https:\/\/loudavymkrokem.cz\/wp-content\/uploads\/2023\/05\/votivni-kostel-viden.jpg","author_info":{"display_name":"Lucie Kone\u010dn\u00e1","author_link":"https:\/\/loudavymkrokem.cz\/pt-br\/author\/lucie-konecna\/"},"_links":{"self":[{"href":"https:\/\/loudavymkrokem.cz\/pt-br\/wp-json\/wp\/v2\/posts\/143161","targetHints":{"allow":["GET"]}}],"collection":[{"href":"https:\/\/loudavymkrokem.cz\/pt-br\/wp-json\/wp\/v2\/posts"}],"about":[{"href":"https:\/\/loudavymkrokem.cz\/pt-br\/wp-json\/wp\/v2\/types\/post"}],"author":[{"embeddable":true,"href":"https:\/\/loudavymkrokem.cz\/pt-br\/wp-json\/wp\/v2\/users\/3"}],"replies":[{"embeddable":true,"href":"https:\/\/loudavymkrokem.cz\/pt-br\/wp-json\/wp\/v2\/comments?post=143161"}],"version-history":[{"count":1,"href":"https:\/\/loudavymkrokem.cz\/pt-br\/wp-json\/wp\/v2\/posts\/143161\/revisions"}],"predecessor-version":[{"id":145236,"href":"https:\/\/loudavymkrokem.cz\/pt-br\/wp-json\/wp\/v2\/posts\/143161\/revisions\/145236"}],"wp:featuredmedia":[{"embeddable":true,"href":"https:\/\/loudavymkrokem.cz\/pt-br\/wp-json\/wp\/v2\/media\/59653"}],"wp:attachment":[{"href":"https:\/\/loudavymkrokem.cz\/pt-br\/wp-json\/wp\/v2\/media?parent=143161"}],"wp:term":[{"taxonomy":"category","embeddable":true,"href":"https:\/\/loudavymkrokem.cz\/pt-br\/wp-json\/wp\/v2\/categories?post=143161"},{"taxonomy":"post_tag","embeddable":true,"href":"https:\/\/loudavymkrokem.cz\/pt-br\/wp-json\/wp\/v2\/tags?post=143161"}],"curies":[{"name":"wp","href":"https:\/\/api.w.org\/{rel}","templated":true}]}}