{"id":143160,"date":"2023-01-15T16:41:42","date_gmt":"2023-01-15T15:41:42","guid":{"rendered":"https:\/\/loudavymkrokem.cz\/?p=143160"},"modified":"2026-04-02T16:13:59","modified_gmt":"2026-04-02T14:13:59","slug":"dolomitas-italia-lugares-bonitos","status":"publish","type":"post","link":"https:\/\/loudavymkrokem.cz\/pt-br\/dolomitas-italia-lugares-bonitos\/","title":{"rendered":"Dolomitas na It\u00e1lia: 15 Lugares Mais Bonitos + Guia Completo (2026)"},"content":{"rendered":"\n<p>Consideramos as Dolomitas as montanhas mais bonitas da Europa \u2014 e ap\u00f3s v\u00e1rias visitas, temos cada vez mais certeza disso. Seus picos em forma de torre, feitos de calc\u00e1rio dolom\u00edtico, e seus lagos turquesa j\u00e1 encantaram in\u00fameros viajantes. Com pre\u00e7os relativamente acess\u00edveis, a incr\u00edvel gastronomia italiana e a facilidade de acesso aos cumes, as <strong>Dolomitas na It\u00e1lia s\u00e3o um destino ideal para casais, fam\u00edlias com crian\u00e7as e idosos<\/strong>. Neste guia, voc\u00ea encontra os <strong>15 lugares mais bonitos das Dolomitas<\/strong>, um roteiro pr\u00e1tico de 5 a 7 dias e tudo o que precisa saber antes de viajar para os Alpes italianos.<\/p>\n\n\n\n<p>As Dolomitas s\u00e3o um dos maci\u00e7os montanhosos dos Alpes italianos, localizadas no norte da It\u00e1lia. <strong>Desde o Brasil, a melhor forma de chegar \u00e9 voando at\u00e9 Mil\u00e3o, Veneza ou Munique, e de l\u00e1 alugar um carro para percorrer a regi\u00e3o. Tamb\u00e9m \u00e9 poss\u00edvel chegar de trem at\u00e9 Bolzano ou Cortina d&#8217;Ampezzo<\/strong>. A viagem de carro desde Veneza leva cerca de 2 horas, e desde Mil\u00e3o, aproximadamente 4 horas.<\/p>\n\n\n\n<figure class=\"wp-block-image size-full\"><img decoding=\"async\" src=\"https:\/\/www.loudavymkrokem.cz\/wp-content\/uploads\/2023\/05\/Nejkrasnejsi-mista-Italie-2.jpg\" alt=\"O que fazer nas Dolomitas. Os lugares mais bonitos das Dolomitas italianas. As melhores trilhas nos Alpes italianos.\" class=\"wp-image-58496\" title=\"\"><\/figure>\n\n\n\n<div id=\"ez-toc-container\" class=\"ez-toc-v2_0_82_2 ez-toc-wrap-left counter-hierarchy ez-toc-counter ez-toc-grey ez-toc-container-direction\">\n<div class=\"ez-toc-title-container\">\n<p class=\"ez-toc-title\" style=\"cursor:inherit\">Obsah \u010dl\u00e1nku<\/p>\n<span class=\"ez-toc-title-toggle\"><a href=\"#\" class=\"ez-toc-pull-right ez-toc-btn ez-toc-btn-xs ez-toc-btn-default ez-toc-toggle\" aria-label=\"Alternar tabela de conte\u00fado\"><span class=\"ez-toc-js-icon-con\"><span class=\"\"><span class=\"eztoc-hide\" style=\"display:none;\">Toggle<\/span><span class=\"ez-toc-icon-toggle-span\"><svg style=\"fill: #999;color:#999\" xmlns=\"http:\/\/www.w3.org\/2000\/svg\" class=\"list-377408\" width=\"20px\" height=\"20px\" viewBox=\"0 0 24 24\" fill=\"none\"><path d=\"M6 6H4v2h2V6zm14 0H8v2h12V6zM4 11h2v2H4v-2zm16 0H8v2h12v-2zM4 16h2v2H4v-2zm16 0H8v2h12v-2z\" fill=\"currentColor\"><\/path><\/svg><svg style=\"fill: #999;color:#999\" class=\"arrow-unsorted-368013\" xmlns=\"http:\/\/www.w3.org\/2000\/svg\" width=\"10px\" height=\"10px\" viewBox=\"0 0 24 24\" version=\"1.2\" baseProfile=\"tiny\"><path d=\"M18.2 9.3l-6.2-6.3-6.2 6.3c-.2.2-.3.4-.3.7s.1.5.3.7c.2.2.4.3.7.3h11c.3 0 .5-.1.7-.3.2-.2.3-.5.3-.7s-.1-.5-.3-.7zM5.8 14.7l6.2 6.3 6.2-6.3c.2-.2.3-.5.3-.7s-.1-.5-.3-.7c-.2-.2-.4-.3-.7-.3h-11c-.3 0-.5.1-.7.3-.2.2-.3.5-.3.7s.1.5.3.7z\"\/><\/svg><\/span><\/span><\/span><\/a><\/span><\/div>\n<nav><ul class='ez-toc-list ez-toc-list-level-1 ' ><li class='ez-toc-page-1 ez-toc-heading-level-2'><a class=\"ez-toc-link ez-toc-heading-1\" href=\"https:\/\/loudavymkrokem.cz\/pt-br\/dolomitas-italia-lugares-bonitos\/#Por_que_as_Dolomitas_sao_diferentes_dos_Alpes_%E2%80%9Ccomuns%E2%80%9D\" >Por que as Dolomitas s\u00e3o diferentes dos Alpes &#8220;comuns&#8221;<\/a><\/li><li class='ez-toc-page-1 ez-toc-heading-level-2'><a class=\"ez-toc-link ez-toc-heading-2\" href=\"https:\/\/loudavymkrokem.cz\/pt-br\/dolomitas-italia-lugares-bonitos\/#Quando_ir_as_Dolomitas_para_trilhas\" >Quando ir \u00e0s Dolomitas para trilhas<\/a><ul class='ez-toc-list-level-3' ><li class='ez-toc-heading-level-3'><a class=\"ez-toc-link ez-toc-heading-3\" href=\"https:\/\/loudavymkrokem.cz\/pt-br\/dolomitas-italia-lugares-bonitos\/#Verao_nas_Dolomitas\" >Ver\u00e3o nas Dolomitas<\/a><\/li><li class='ez-toc-page-1 ez-toc-heading-level-3'><a class=\"ez-toc-link ez-toc-heading-4\" href=\"https:\/\/loudavymkrokem.cz\/pt-br\/dolomitas-italia-lugares-bonitos\/#Outono_nos_Alpes_italianos\" >Outono nos Alpes italianos<\/a><\/li><\/ul><\/li><li class='ez-toc-page-1 ez-toc-heading-level-2'><a class=\"ez-toc-link ez-toc-heading-5\" href=\"https:\/\/loudavymkrokem.cz\/pt-br\/dolomitas-italia-lugares-bonitos\/#Dolomitas_com_criancas_e_com_cachorro\" >Dolomitas com crian\u00e7as e com cachorro<\/a><\/li><li class='ez-toc-page-1 ez-toc-heading-level-2'><a class=\"ez-toc-link ez-toc-heading-6\" href=\"https:\/\/loudavymkrokem.cz\/pt-br\/dolomitas-italia-lugares-bonitos\/#Onde_se_hospedar_nas_Dolomitas\" >Onde se hospedar nas Dolomitas?<\/a><ul class='ez-toc-list-level-3' ><li class='ez-toc-heading-level-3'><a class=\"ez-toc-link ez-toc-heading-7\" href=\"https:\/\/loudavymkrokem.cz\/pt-br\/dolomitas-italia-lugares-bonitos\/#Cortina_dAmpezzo\" >Cortina d&#8217;Ampezzo<\/a><\/li><li class='ez-toc-page-1 ez-toc-heading-level-3'><a class=\"ez-toc-link ez-toc-heading-8\" href=\"https:\/\/loudavymkrokem.cz\/pt-br\/dolomitas-italia-lugares-bonitos\/#Ortisei\" >Ortisei<\/a><\/li><\/ul><\/li><li class='ez-toc-page-1 ez-toc-heading-level-2'><a class=\"ez-toc-link ez-toc-heading-9\" href=\"https:\/\/loudavymkrokem.cz\/pt-br\/dolomitas-italia-lugares-bonitos\/#15_lugares_mais_bonitos_das_Dolomitas\" >15 lugares mais bonitos das Dolomitas<\/a><ul class='ez-toc-list-level-3' ><li class='ez-toc-heading-level-3'><a class=\"ez-toc-link ez-toc-heading-10\" href=\"https:\/\/loudavymkrokem.cz\/pt-br\/dolomitas-italia-lugares-bonitos\/#1_Trilha_ao_redor_de_Tre_Cime_di_Lavaredo\" >1. Trilha ao redor de Tre Cime di Lavaredo<\/a><\/li><li class='ez-toc-page-1 ez-toc-heading-level-3'><a class=\"ez-toc-link ez-toc-heading-11\" href=\"https:\/\/loudavymkrokem.cz\/pt-br\/dolomitas-italia-lugares-bonitos\/#2_Cadini_di_Misurina_%E2%80%94_joia_escondida_perto_de_Tre_Cime\" >2. Cadini di Misurina \u2014 joia escondida perto de Tre Cime<\/a><\/li><li class='ez-toc-page-1 ez-toc-heading-level-3'><a class=\"ez-toc-link ez-toc-heading-12\" href=\"https:\/\/loudavymkrokem.cz\/pt-br\/dolomitas-italia-lugares-bonitos\/#3_Trilha_ate_o_Lago_di_Sorapis\" >3. Trilha at\u00e9 o Lago di Sorapis<\/a><\/li><li class='ez-toc-page-1 ez-toc-heading-level-3'><a class=\"ez-toc-link ez-toc-heading-13\" href=\"https:\/\/loudavymkrokem.cz\/pt-br\/dolomitas-italia-lugares-bonitos\/#4_Trilha_ate_o_Lago_Federa\" >4. Trilha at\u00e9 o Lago Federa<\/a><\/li><li class='ez-toc-page-1 ez-toc-heading-level-3'><a class=\"ez-toc-link ez-toc-heading-14\" href=\"https:\/\/loudavymkrokem.cz\/pt-br\/dolomitas-italia-lugares-bonitos\/#5_Passo_Giau\" >5. Passo Giau<\/a><\/li><li class='ez-toc-page-1 ez-toc-heading-level-3'><a class=\"ez-toc-link ez-toc-heading-15\" href=\"https:\/\/loudavymkrokem.cz\/pt-br\/dolomitas-italia-lugares-bonitos\/#6_Passo_Sella_%E2%80%94_passagem_com_vista_para_Sassolungo\" >6. Passo Sella \u2014 passagem com vista para Sassolungo<\/a><\/li><li class='ez-toc-page-1 ez-toc-heading-level-3'><a class=\"ez-toc-link ez-toc-heading-16\" href=\"https:\/\/loudavymkrokem.cz\/pt-br\/dolomitas-italia-lugares-bonitos\/#7_Trilha_ate_Cinque_Torri\" >7. Trilha at\u00e9 Cinque Torri<\/a><\/li><li class='ez-toc-page-1 ez-toc-heading-level-3'><a class=\"ez-toc-link ez-toc-heading-17\" href=\"https:\/\/loudavymkrokem.cz\/pt-br\/dolomitas-italia-lugares-bonitos\/#8_O_lago_mais_bonito_da_Italia_Lago_di_Braies\" >8. O lago mais bonito da It\u00e1lia: Lago di Braies<\/a><\/li><li class='ez-toc-page-1 ez-toc-heading-level-3'><a class=\"ez-toc-link ez-toc-heading-18\" href=\"https:\/\/loudavymkrokem.cz\/pt-br\/dolomitas-italia-lugares-bonitos\/#9_Lago_di_Carezza_Karersee_%E2%80%94_lago_esmeralda_sob_Latemar\" >9. Lago di Carezza (Karersee) \u2014 lago esmeralda sob Latemar<\/a><\/li><li class='ez-toc-page-1 ez-toc-heading-level-3'><a class=\"ez-toc-link ez-toc-heading-19\" href=\"https:\/\/loudavymkrokem.cz\/pt-br\/dolomitas-italia-lugares-bonitos\/#10_Caminhada_ate_o_Lago_Limides\" >10. Caminhada at\u00e9 o Lago Limides<\/a><\/li><li class='ez-toc-page-1 ez-toc-heading-level-3'><a class=\"ez-toc-link ez-toc-heading-20\" href=\"https:\/\/loudavymkrokem.cz\/pt-br\/dolomitas-italia-lugares-bonitos\/#11_De_teleferico_ao_topo_do_Lagazuoi\" >11. De telef\u00e9rico ao topo do Lagazuoi<\/a><\/li><li class='ez-toc-page-1 ez-toc-heading-level-3'><a class=\"ez-toc-link ez-toc-heading-21\" href=\"https:\/\/loudavymkrokem.cz\/pt-br\/dolomitas-italia-lugares-bonitos\/#12_O_prado_mais_bonito_do_Tirol_do_Sul_Seiser_Alm_Alpe_di_Siusi\" >12. O prado mais bonito do Tirol do Sul: Seiser Alm (Alpe di Siusi)<\/a><\/li><li class='ez-toc-page-1 ez-toc-heading-level-3'><a class=\"ez-toc-link ez-toc-heading-22\" href=\"https:\/\/loudavymkrokem.cz\/pt-br\/dolomitas-italia-lugares-bonitos\/#13_Vistas_de_tirar_o_folego_na_Seceda\" >13. Vistas de tirar o f\u00f4lego na Seceda<\/a><\/li><li class='ez-toc-page-1 ez-toc-heading-level-3'><a class=\"ez-toc-link ez-toc-heading-23\" href=\"https:\/\/loudavymkrokem.cz\/pt-br\/dolomitas-italia-lugares-bonitos\/#14_Val_di_Funes_Villnos_%E2%80%94_o_vale_mais_fotografado_das_Dolomitas\" >14. Val di Funes (Villn\u00f6\u00df) \u2014 o vale mais fotografado das Dolomitas<\/a><\/li><li class='ez-toc-page-1 ez-toc-heading-level-3'><a class=\"ez-toc-link ez-toc-heading-24\" href=\"https:\/\/loudavymkrokem.cz\/pt-br\/dolomitas-italia-lugares-bonitos\/#15_Cortina_dAmpezzo_%E2%80%94_a_rainha_das_Dolomitas\" >15. Cortina d&#8217;Ampezzo \u2014 a rainha das Dolomitas<\/a><\/li><\/ul><\/li><li class='ez-toc-page-1 ez-toc-heading-level-2'><a class=\"ez-toc-link ez-toc-heading-25\" href=\"https:\/\/loudavymkrokem.cz\/pt-br\/dolomitas-italia-lugares-bonitos\/#Quando_e_onde_ver_os_laricos_dourados_nas_Dolomitas\" >Quando e onde ver os lari\u00e7os dourados nas Dolomitas?<\/a><\/li><li class='ez-toc-page-1 ez-toc-heading-level-2'><a class=\"ez-toc-link ez-toc-heading-26\" href=\"https:\/\/loudavymkrokem.cz\/pt-br\/dolomitas-italia-lugares-bonitos\/#Como_planejar_as_Dolomitas_roteiro_de_5_a_7_dias\" >Como planejar as Dolomitas: roteiro de 5 a 7 dias<\/a><\/li><li class='ez-toc-page-1 ez-toc-heading-level-2'><a class=\"ez-toc-link ez-toc-heading-27\" href=\"https:\/\/loudavymkrokem.cz\/pt-br\/dolomitas-italia-lugares-bonitos\/#Como_chegar_as_Dolomitas_o_que_voce_precisa_saber\" >Como chegar \u00e0s Dolomitas: o que voc\u00ea precisa saber<\/a><\/li><li class='ez-toc-page-1 ez-toc-heading-level-2'><a class=\"ez-toc-link ez-toc-heading-28\" href=\"https:\/\/loudavymkrokem.cz\/pt-br\/dolomitas-italia-lugares-bonitos\/#Perguntas_frequentes_sobre_as_Dolomitas\" >Perguntas frequentes sobre as Dolomitas<\/a><\/li><li class='ez-toc-page-1 ez-toc-heading-level-2'><a class=\"ez-toc-link ez-toc-heading-29\" href=\"https:\/\/loudavymkrokem.cz\/pt-br\/dolomitas-italia-lugares-bonitos\/#O_que_fazer_nas_Dolomitas_com_criancas\" >O que fazer nas Dolomitas com crian\u00e7as?<\/a><\/li><\/ul><\/nav><\/div>\n<h2 class=\"wp-block-heading\"><span class=\"ez-toc-section\" id=\"Por_que_as_Dolomitas_sao_diferentes_dos_Alpes_%E2%80%9Ccomuns%E2%80%9D\"><\/span><span class=\"ez-toc-section\" id=\"Por_que_as_Dolomitas_sao_diferentes_dos_Alpes_comuns\"><\/span><span class=\"ez-toc-section\" id=\"por-que-dolomitas-sao-diferentes\" ez-toc-data-id=\"#por-que-dolomitas-sao-diferentes\"><\/span>Por que as Dolomitas s\u00e3o diferentes dos Alpes &#8220;comuns&#8221;<span class=\"ez-toc-section-end\"><\/span><span class=\"ez-toc-section-end\"><\/span><\/h2>\n\n\n\n<p>As Dolomitas n\u00e3o s\u00e3o apenas mais uma cadeia montanhosa dos Alpes. S\u00e3o torres verticais de rocha de calc\u00e1rio dolom\u00edtico que, ao nascer e p\u00f4r do sol, brilham em tons rosados e alaranjados \u2014 um fen\u00f4meno chamado <em>enrosadira<\/em>, e um dos motivos pelos quais a UNESCO incluiu as Dolomitas na lista de Patrim\u00f4nio Mundial em 2009.<\/p>\n\n\n\n<p>Diferente dos Alpes su\u00ed\u00e7os ou austr\u00edacos, aqui voc\u00ea encontra contrastes dram\u00e1ticos: pared\u00f5es rochosos emergem diretamente de pradarias verdes, lagos turquesa repousam em corredores cercados por fal\u00e9sias verticais e, em vez de vales glaciais, h\u00e1 passagens estreitas com vistas panor\u00e2micas para todos os lados. As Dolomitas italianas ficam na divisa de duas regi\u00f5es \u2014 Trentino-Alto \u00c1dige e V\u00eaneto. Fala-se italiano e alem\u00e3o, a gastronomia combina a cozinha alpina com a italiana, e a atmosfera \u00e9 completamente diferente de qualquer outro lugar nos Alpes.<\/p>\n\n\n\n<h2 class=\"wp-block-heading\"><span class=\"ez-toc-section\" id=\"Quando_ir_as_Dolomitas_para_trilhas\"><\/span><span class=\"ez-toc-section\" id=\"Quando_ir_as_Dolomitas_para_trilhas\"><\/span><span class=\"ez-toc-section\" id=\"quando-ir-dolomitas-trilhas\" ez-toc-data-id=\"#quando-ir-dolomitas-trilhas\"><\/span>Quando ir \u00e0s Dolomitas para trilhas<span class=\"ez-toc-section-end\"><\/span><span class=\"ez-toc-section-end\"><\/span><\/h2>\n\n\n\n<p>A temporada principal vai de julho ao final de setembro, quando o clima nas Dolomitas \u00e9 mais favor\u00e1vel e os dias s\u00e3o longos \u2014 perfeitos para explorar as montanhas. Durante o ver\u00e3o, prepare-se para encontrar os Alpes italianos lotados de turistas, e a hospedagem, incluindo campings, precisa ser reservada com anteced\u00eancia, especialmente se voc\u00ea estiver viajando de motorhome.<\/p>\n\n\n\n<p><strong>Maio e junho<\/strong> s\u00e3o uma alternativa interessante \u2014 os prados florescem em cores incr\u00edveis, h\u00e1 uma fra\u00e7\u00e3o dos turistas e os pre\u00e7os de hospedagem s\u00e3o bem mais baixos. Por\u00e9m, saiba que nas trilhas mais altas (acima de 2.500 m) ainda pode haver neve, e alguns ref\u00fagios de montanha s\u00f3 abrem na metade de junho. As temperaturas durante o dia ficam em torno de 15\u201320 \u00b0C nos vales, e bem menos nas montanhas.<\/p>\n\n\n\n<h3 class=\"wp-block-heading\"><span class=\"ez-toc-section\" id=\"Verao_nas_Dolomitas\"><\/span><span class=\"ez-toc-section\" id=\"Verao_nas_Dolomitas\"><\/span>Ver\u00e3o nas Dolomitas<span class=\"ez-toc-section-end\"><\/span><span class=\"ez-toc-section-end\"><\/span><\/h3>\n\n\n\n<p>Julho e agosto tamb\u00e9m s\u00e3o ideais para acampar. Se voc\u00ea planeja acampar em setembro ou outubro, leve um saco de dormir bem quente e, de prefer\u00eancia, um cobertor extra. Quando acampamos no in\u00edcio de setembro, a temperatura caiu at\u00e9 quatro graus negativos durante a noite, e com nossos sacos de dormir de ver\u00e3o, n\u00e3o foi nada agrad\u00e1vel. No ver\u00e3o, as temperaturas nos vales ficam entre 25\u201330 \u00b0C, mas nas montanhas podem ficar em torno de 10\u201315 \u00b0C mesmo durante o dia.<\/p>\n\n\n\n<h3 class=\"wp-block-heading\"><span class=\"ez-toc-section\" id=\"Outono_nos_Alpes_italianos\"><\/span><span class=\"ez-toc-section\" id=\"Outono_nos_Alpes_italianos\"><\/span>Outono nos Alpes italianos<span class=\"ez-toc-section-end\"><\/span><span class=\"ez-toc-section-end\"><\/span><\/h3>\n\n\n\n<p><strong>Setembro nas Dolomitas \u00e9 lindo e voc\u00ea encontra muito menos turistas \u2014 a maioria dos ref\u00fagios e restaurantes ainda est\u00e1 aberta, e os pre\u00e7os em alguns lugares j\u00e1 come\u00e7am a baixar.<\/strong> N\u00f3s, por\u00e9m, sonhamos em ir ainda mais tarde no pr\u00f3ximo ano, em outubro, quando os lari\u00e7os se tingem de dourado. Outubro, no entanto, tamb\u00e9m tem seus desafios: esque\u00e7a a ideia de almo\u00e7ar ou tomar um espresso em todos os ref\u00fagios de montanha. Alguns campings tamb\u00e9m ficam fechados, e o sol se p\u00f5e cedo, especialmente nas Dolomitas, onde ele desaparece atr\u00e1s das montanhas.<\/p>\n\n\n\n<figure class=\"wp-block-image size-large is-resized\"><img decoding=\"async\" src=\"https:\/\/www.loudavymkrokem.cz\/wp-content\/uploads\/2023\/05\/dolomity-italske-alpy-2048x1365.jpg\" alt=\"Dolomitas italianas, Tirol do Sul, Lago di Braies.\" class=\"wp-image-58483\" style=\"width:1024px;height:683px\" title=\"\"><figcaption class=\"wp-element-caption\">Lago di Braies \u2013 Dolomitas italianas<\/figcaption><\/figure>\n\n\n\n<h2 class=\"wp-block-heading\"><span class=\"ez-toc-section\" id=\"Dolomitas_com_criancas_e_com_cachorro\"><\/span><span class=\"ez-toc-section\" id=\"Dolomitas_com_criancas_e_com_cachorro\"><\/span><span class=\"ez-toc-section\" id=\"dolomitas-com-criancas-e-cachorro\" ez-toc-data-id=\"#dolomitas-com-criancas-e-cachorro\"><\/span>Dolomitas com crian\u00e7as e com cachorro<span class=\"ez-toc-section-end\"><\/span><span class=\"ez-toc-section-end\"><\/span><\/h2>\n\n\n\n<p><strong>As Dolomitas s\u00e3o ideais para fam\u00edlias com crian\u00e7as.<\/strong> \u00c9 poss\u00edvel chegar ao topo de muitos picos de telef\u00e9rico e fazer apenas caminhadas simples com desn\u00edvel m\u00ednimo. Seiser Alm, Lago di Braies e os arredores de Cortina s\u00e3o perfeitos para fam\u00edlias \u2014 os telef\u00e9ricos levam voc\u00ea at\u00e9 o alto, embaixo h\u00e1 caminhadas planas com vistas incr\u00edveis e os ref\u00fagios de montanha servem comida, ent\u00e3o n\u00e3o \u00e9 preciso carregar uma mochila pesada. Acampe com as crian\u00e7as e crie mem\u00f3rias para a vida toda. Recomendamos especialmente a regi\u00e3o de Ortisei, de onde \u00e9 poss\u00edvel ir \u00e0 Seiser Alm e Seceda.<\/p>\n\n\n\n<p>Em todas as trilhas que fizemos, cachorros s\u00e3o permitidos. Eles tamb\u00e9m eram aceitos em todos os telef\u00e9ricos, ent\u00e3o nosso c\u00e3ozinho K\u00e1ja nos acompanhou para todo lado, exceto ao <a href=\"https:\/\/www.google.com\/maps\/place\/Lake+Sorapis\/@46.5205549,12.2223001,18z\/data=!3m1!4b1!4m5!3m4!1s0x4779cb283c54b5a5:0xfe6920bbfd34b63c!8m2!3d46.5205589!4d12.2235133\" target=\"_blank\" rel=\"noreferrer noopener nofollow\">Lago di Sorapis<\/a>, onde n\u00e3o o levamos porque ele \u00e9 meio desastrado e a trilha n\u00e3o \u00e9 ideal para c\u00e3es de pequeno porte.<\/p>\n\n\n\n\n\n\n\n<h2 class=\"wp-block-heading\"><span class=\"ez-toc-section\" id=\"Onde_se_hospedar_nas_Dolomitas\"><\/span><span class=\"ez-toc-section\" id=\"Onde_se_hospedar_nas_Dolomitas\"><\/span><span class=\"ez-toc-section\" id=\"onde-se-hospedar-nas-dolomitas\" ez-toc-data-id=\"#onde-se-hospedar-nas-dolomitas\"><\/span>Onde se hospedar nas Dolomitas?<span class=\"ez-toc-section-end\"><\/span><span class=\"ez-toc-section-end\"><\/span><\/h2>\n\n\n\n<p>Se voc\u00ea quiser visitar os lugares que recomendamos, o melhor \u00e9 come\u00e7ar por Cortina d&#8217;Ampezzo, onde passar\u00e1 4-5 dias, e depois se mudar por 2-3 dias para Ortisei. Como terceira base, considere <strong>Val Pusteria<\/strong> (Pustertal) \u2014 \u00e9 o ponto de partida ideal para o Lago di Braies e as <a href=\"https:\/\/pass.auronzo.info\/\" target=\"_blank\" rel=\"noreferrer noopener nofollow\">Tre Cime<\/a>, e a hospedagem costuma ser mais barata do que em Cortina.<\/p>\n\n\n\n<p><strong>Or\u00e7amento:<\/strong> Na alta temporada, espere gastar entre 80\u2013150 \u20ac por noite em um quarto duplo (categoria intermedi\u00e1ria). Hot\u00e9is de luxo em Cortina custam 200\u2013400 \u20ac+, enquanto campings saem por 25\u201345 \u20ac por noite. Fora de temporada (junho, outubro), os pre\u00e7os s\u00e3o 20\u201340% mais baixos.<\/p>\n\n\n\n<h3 class=\"wp-block-heading\"><span class=\"ez-toc-section\" id=\"Cortina_dAmpezzo\"><\/span><span class=\"ez-toc-section\" id=\"Cortina_dAmpezzo\"><\/span>Cortina d&#8217;Ampezzo<span class=\"ez-toc-section-end\"><\/span><span class=\"ez-toc-section-end\"><\/span><\/h3>\n\n\n\n<p><strong>Cortina d&#8217;Ampezzo \u00e9 uma famosa esta\u00e7\u00e3o de esqui nos Alpes italianos, que oferece vistas deslumbrantes das montanhas ao redor.<\/strong> Tamb\u00e9m \u00e9 um excelente ponto de partida para trilhas. De Cortina, n\u00e3o \u00e9 longe at\u00e9 as populares Tre Cime di Lavaredo; dali tamb\u00e9m \u00e9 poss\u00edvel fazer a incr\u00edvel trilha at\u00e9 o lago turquesa Lago di Sorapis ou at\u00e9 o Lago Federa. Cortina fica perto da maioria das nossas trilhas favoritas, como o <strong>Cinque Torri<\/strong> e o Passo Giau.<\/p>\n\n\n\n<p class=\"has-pale-cyan-blue-background-color has-background\"><strong>Nossas dicas de hospedagem em Cortina:<\/strong><\/p>\n\n\n\n<ul class=\"wp-block-list\">\n<li>Se procura hospedagem mais acess\u00edvel que aceite pets, gostamos muito do <strong><a href=\"https:\/\/loudavymkrokem.cz\/doporucujeme\/bb-hotel-passo-tre-croci-cortina\/\" target=\"_blank\" rel=\"noreferrer noopener sponsored\">B&amp;B Hotel Passo Tre Croci Cortina<\/a><\/strong>, que tem um caf\u00e9 da manh\u00e3 excelente, fica ao lado da trilha do Lago di Sorapis e aceita cachorro por uma pequena taxa.<\/li>\n\n\n\n<li>Um dos apartamentos mais bem avaliados \u00e9 o <strong><a class=\"thirstylink\" rel=\"nofollow\" target=\"_blank\" title=\"Dolomiti Sweet Lodge\" href=\"https:\/\/loudavymkrokem.cz\/doporucujeme\/dolomiti-sweet-lodge\/\" data-shortcode=\"true\">Dolomiti Sweet Lodge<\/a><\/strong>, e tamb\u00e9m vale a pena mencionar o <strong><a class=\"thirstylink\" rel=\"nofollow\" target=\"_blank\" title=\"Hotel Villa Gaia\" href=\"https:\/\/loudavymkrokem.cz\/doporucujeme\/hotel-villa-gaia\/\" data-shortcode=\"true\">Hotel Villa Gaia<\/a><\/strong>.<\/li>\n\n\n\n<li>Para quem busca uma hospedagem rom\u00e2ntica e mais sofisticada, n\u00e3o deixe de conferir o <strong><a class=\"thirstylink\" rel=\"nofollow\" target=\"_blank\" title=\"Hotel de LEN\" href=\"https:\/\/loudavymkrokem.cz\/doporucujeme\/hotel-de-len\/\" data-shortcode=\"true\">HOTEL de LEN<\/a><\/strong>.<\/li>\n<\/ul>\n\n\n\n<div data-gyg-href=\"https:\/\/widget.getyourguide.com\/default\/activities.frame\" data-gyg-locale-code=\"en-US\" data-gyg-widget=\"activities\" data-gyg-number-of-items=\"3\" data-gyg-partner-id=\"MKZ64IS\" data-gyg-q=\"Cortina d'Ampezzo\"><span>Powered by <a target=\"_blank\" rel=\"sponsored noopener\" href=\"https:\/\/www.getyourguide.com\/cortina-d-ampezzo-l2208\/\">GetYourGuide<\/a><\/span><\/div>\n\n\n\n<h3 class=\"wp-block-heading\"><span class=\"ez-toc-section\" id=\"Ortisei\"><\/span><span class=\"ez-toc-section\" id=\"Ortisei\"><\/span>Ortisei<span class=\"ez-toc-section-end\"><\/span><span class=\"ez-toc-section-end\"><\/span><\/h3>\n\n\n\n<p>Se voc\u00ea est\u00e1 indo \u00e0s Dolomitas com crian\u00e7as ou n\u00e3o \u00e9 um montanhista experiente, encontrar\u00e1 caminhadas muito mais tranquilas perto de <strong>Ortisei<\/strong>, de onde \u00e9 f\u00e1cil chegar \u00e0 famosa Seceda ou \u00e0 Seiser Alm.<\/p>\n\n\n\n<p class=\"has-pale-cyan-blue-background-color has-background\"><strong>Nossas dicas de hospedagem em Ortisei:<\/strong><\/p>\n\n\n\n<ul class=\"wp-block-list\">\n<li>Em Ortisei, voc\u00ea pode se hospedar no <strong><a href=\"https:\/\/loudavymkrokem.cz\/doporucujeme\/bb-villa-angelino\/\" target=\"_blank\" rel=\"noreferrer noopener sponsored\">B&amp;B Villa Angelino<\/a><\/strong>,<\/li>\n\n\n\n<li>ou nos charmosos apartamentos <strong><a class=\"thirstylink\" rel=\"nofollow\" target=\"_blank\" title=\"Apt Lara Siela\" href=\"https:\/\/loudavymkrokem.cz\/doporucujeme\/apt-lara-siela\/\" data-shortcode=\"true\">Apt Lara Siela<\/a><\/strong>,<\/li>\n\n\n\n<li>o melhor custo-benef\u00edcio provavelmente \u00e9 o <strong><a class=\"thirstylink\" rel=\"nofollow\" target=\"_blank\" title=\"Hotel Scherlin\" href=\"https:\/\/loudavymkrokem.cz\/doporucujeme\/hotel-scherlin\/\" data-shortcode=\"true\">Hotel Scherlin<\/a><\/strong>, onde caf\u00e9 da manh\u00e3 e jantar est\u00e3o inclu\u00eddos na di\u00e1ria.<\/li>\n<\/ul>\n\n\n\n\n<div class=\"lk-stays-module\">\n<style>\n\/* \u2500\u2500\u2500 RESET PRO GUTENBERG \u2500\u2500\u2500 *\/\n.lk-stays-module * { box-sizing: border-box; margin: 0; padding: 0; }\n\n\/* \u2500\u2500\u2500 WRAPPER \u2500\u2500\u2500 *\/\n.lk-stays-module {\n  font-family: 'DM Sans', Georgia, sans-serif;\n  max-width: 100%;\n  margin: 2.5rem auto;\n  background: linear-gradient(135deg, #fdfaf5 0%, #fcf8f0 100%);\n  border: 1px solid #e8dfd4;\n  border-radius: 16px;\n  overflow: hidden;\n  box-shadow: 0 16px 48px rgba(195, 159, 118, 0.25), 0 4px 12px rgba(0,0,0,0.08);\n}\n\n\/* \u2500\u2500\u2500 HEADER \u2500\u2500\u2500 *\/\n.lk-stays-header {\n  position: relative;\n  padding: 24px 36px 24px;\n  background: linear-gradient(135deg, #c39f76 0%, #d4b188 60%, #c39f76 100%);\n  border-bottom: 1px solid rgba(255,255,255,.15);\n  display: flex;\n  align-items: center;\n  gap: 18px;\n}\n.lk-stays-header::before {\n  content: '';\n  position: absolute;\n  inset: 0;\n  background: url(\"data:image\/svg+xml,%3Csvg width='60' height='60' viewBox='0 0 60 60' xmlns='http:\/\/www.w3.org\/2000\/svg'%3E%3Cg fill='none' fill-rule='evenodd'%3E%3Cg fill='%23ffffff' fill-opacity='0.05'%3E%3Cpath d='M36 34v-4h-2v4h-4v2h4v4h2v-4h4v-2h-4zm0-30V0h-2v4h-4v2h4v4h2V6h4V4h-4zM6 34v-4H4v4H0v2h4v4h2v-4h4v-2H6zM6 4V0H4v4H0v2h4v4h2V6h4V4H6z'\/%3E%3C\/g%3E%3C\/g%3E%3C\/svg%3E\") repeat;\n  pointer-events: none;\n}\n.lk-stays-icon {\n  flex-shrink: 0;\n  width: 68px;\n  height: 68px;\n  border-radius: 14px;\n  background: linear-gradient(135deg, #fff 0%, #f9f6f0 100%);\n  display: flex;\n  align-items: center;\n  justify-content: center;\n  font-size: 26px;\n  box-shadow: 0 4px 12px rgba(0,0,0,0.15);\n}\n.lk-stays-eyebrow {\n  font-size: 10px;\n  font-weight: 500;\n  letter-spacing: 2.5px;\n  text-transform: uppercase;\n  color: rgba(255,255,255,.85);\n  margin: 0 0 5px 0;\n}\n.lk-stays-title {\n  font-family: 'Playfair Display', Georgia, serif;\n  font-size: 24px;\n  font-weight: 700;\n  color: #fff;\n  line-height: 1.2;\n  text-shadow: 0 1px 2px rgba(0,0,0,0.1);\n  margin: 0;\n}\n.lk-stays-subtitle {\n  font-size: 13px;\n  color: rgba(255,255,255,.75);\n  margin: 4px 0 0 0;\n  font-weight: 300;\n}\n\n\/* \u2500\u2500\u2500 CARDS GRID \u2500\u2500\u2500 *\/\n.lk-stays-grid {\n  display: grid;\n  grid-template-columns: 1fr 1fr;\n  gap: 1px;\n  background: rgba(195, 159, 118, 0.12);\n}\n\n\/* \u2500\u2500\u2500 SINGLE CARD \u2500\u2500\u2500 *\/\n.lk-stay-card {\n  background: #ffffff;\n  padding: 26px;\n  display: flex;\n  flex-direction: column;\n  gap: 11px;\n  transition: all 0.3s ease;\n  text-decoration: none;\n  color: inherit;\n  position: relative;\n}\n.lk-stay-card:hover {\n  background: #fffbf5;\n  transform: translateY(-2px);\n  box-shadow: 0 8px 24px rgba(195, 159, 118, 0.18);\n  z-index: 1;\n}\n.lk-stay-card.featured {\n  background: linear-gradient(135deg, #fffdf9 0%, #fff9f0 100%);\n  box-shadow: 0 4px 16px rgba(195, 159, 118, 0.15), inset 0 1px 0 rgba(195, 159, 118, 0.1);\n}\n.lk-stay-card.featured:hover {\n  background: linear-gradient(135deg, #fffbf5 0%, #fff8ed 100%);\n  box-shadow: 0 8px 24px rgba(195, 159, 118, 0.25), inset 0 1px 0 rgba(195, 159, 118, 0.15);\n}\n\n.lk-stay-badge {\n  display: inline-flex;\n  align-items: center;\n  gap: 5px;\n  font-size: 10px;\n  font-weight: 500;\n  letter-spacing: 1.5px;\n  text-transform: uppercase;\n  padding: 5px 11px;\n  border-radius: 20px;\n  width: fit-content;\n}\n.badge-top     { background: linear-gradient(135deg, #c39f76 0%, #d4b188 100%); color: #fff; border: 1px solid #c39f76; font-weight: 600; box-shadow: 0 2px 8px rgba(195,159,118,0.3); }\n.badge-luxury  { background: rgba(195,159,118,.12); color: #c39f76; border: 1px solid rgba(195,159,118,.25); }\n.badge-boutique{ background: rgba(54,133,252,.08); color: #3685fc; border: 1px solid rgba(54,133,252,.2); }\n.badge-nature  { background: rgba(130,190,100,.1); color: #6b9c4a; border: 1px solid rgba(130,190,100,.2); }\n.badge-remote  { background: rgba(195,159,118,.12); color: #a67e50; border: 1px solid rgba(195,159,118,.25); }\n\n.lk-stay-name {\n  font-family: 'Playfair Display', Georgia, serif;\n  font-size: 18px;\n  font-weight: 700;\n  color: #111827;\n  line-height: 1.3;\n}\n.lk-stay-desc {\n  font-size: 13.5px;\n  color: #525252;\n  line-height: 1.65;\n  font-weight: 300;\n  flex: 1;\n}\n\n.lk-stay-meta {\n  display: flex;\n  align-items: center;\n  gap: 12px;\n  flex-wrap: wrap;\n  margin-top: 4px;\n}\n.lk-stay-price {\n  font-size: 13px;\n  color: #6b7280;\n}\n.lk-stay-price strong {\n  color: #c39f76;\n  font-weight: 500;\n}\n.lk-stay-stars {\n  color: #c39f76;\n  font-size: 11px;\n  letter-spacing: 1px;\n}\n\n\/* \u2500\u2500\u2500 CTA BUTTON \u2500\u2500\u2500 *\/\n.lk-stay-cta {\n  display: inline-flex;\n  align-items: center;\n  justify-content: center;\n  gap: 7px;\n  margin-top: 8px;\n  padding: 11px 20px;\n  border-radius: 8px;\n  background: linear-gradient(135deg, #3685fc 0%, #2a6fd9 100%);\n  color: #fff;\n  font-size: 13px;\n  font-weight: 500;\n  text-decoration: none;\n  letter-spacing: .3px;\n  transition: all .2s ease;\n  cursor: pointer;\n  border: none;\n  text-align: center;\n  box-shadow: 0 4px 12px rgba(54, 133, 252, 0.25);\n}\n.lk-stay-cta:hover {\n  background: linear-gradient(135deg, #2a6fd9 0%, #1e5bc4 100%);\n  transform: translateY(-1px);\n  box-shadow: 0 6px 16px rgba(54, 133, 252, 0.35);\n}\n.lk-stay-cta svg { flex-shrink: 0; }\n\n\/* \u2500\u2500\u2500 FOOTER \u2500\u2500\u2500 *\/\n.lk-stays-footer {\n  padding: 18px 36px;\n  background: linear-gradient(to bottom, #fdfaf5 0%, #f9f4ed 100%);\n  border-top: 1px solid rgba(195, 159, 118, 0.15);\n  display: flex;\n  align-items: center;\n  justify-content: space-between;\n  flex-wrap: wrap;\n  gap: 12px;\n}\n.lk-stays-footer-note {\n  font-size: 11.5px;\n  color: #6b7280;\n  font-weight: 300;\n  line-height: 1.5;\n}\n.lk-stays-footer-note a {\n  color: #c39f76;\n  text-decoration: none;\n  font-weight: 400;\n}\n.lk-stays-footer-note a:hover {\n  text-decoration: underline;\n}\n.lk-stays-all-btn {\n  display: inline-flex;\n  align-items: center;\n  gap: 6px;\n  font-size: 12.5px;\n  font-weight: 500;\n  color: #c39f76;\n  text-decoration: none;\n  border: 1px solid rgba(195, 159, 118, 0.35);\n  padding: 8px 18px;\n  border-radius: 8px;\n  transition: all .2s ease;\n}\n.lk-stays-all-btn:hover {\n  background: rgba(195, 159, 118, 0.08);\n  border-color: rgba(195, 159, 118, 0.5);\n}\n\n\/* \u2500\u2500\u2500 RESPONSIVE \u2500\u2500\u2500 *\/\n@media (max-width: 600px) {\n  .lk-stays-grid { grid-template-columns: 1fr; }\n  .lk-stays-header { padding: 24px 20px; }\n  .lk-stays-footer { padding: 16px 20px; }\n  .lk-stay-card { padding: 22px; }\n  .lk-stays-title { font-size: 20px; }\n}\n<\/style>\n\n  <!-- HEADER -->\n  <div class=\"lk-stays-header\">\n    <img decoding=\"async\" src=\"https:\/\/loudavymkrokem.cz\/wp-content\/uploads\/2026\/02\/lukas-a-lucka.jpg\" alt=\"\" style=\"width: 75px; height: 75px; border-radius: 8px; flex-shrink: 0; object-fit: cover; display: block; margin: 4px 0;\" title=\"\">\n    <div class=\"lk-stays-header-text\">\n      <div class=\"lk-stays-eyebrow\">Luk\u00e1\u0161 and Lucie recommend<\/div>\n      <div class=\"lk-stays-title\">Onde se hospedar nos Dolomitas<\/div>\n      <div class=\"lk-stays-subtitle\">6 acomoda\u00e7\u00f5es \u2014 hot\u00e9is com spa, hot\u00e9is e outras op\u00e7\u00f5es de hospedagem<\/div>\n    <\/div>\n  <\/div>\n\n  <!-- CARDS -->\n  <div class=\"lk-stays-grid\">\n\n    <a class=\"lk-stay-card featured\" href=\"https:\/\/loudavymkrokem.cz\/doporucujeme\/bb-hotel-passo-tre-croci-cortina\/\" target=\"_blank\" rel=\"nofollow noopener sponsored\">\n      <span class=\"lk-stay-badge badge-top\">\u2b50 MELHOR ESCOLHA<\/span>\n      <span class=\"lk-stay-badge badge-nature\">\ud83c\udfe8 Hotel<\/span>\n      <div class=\"lk-stay-name\">B&#038;B Hotel Passo Tre Croci Cortina<\/div>\n      <div class=\"lk-stay-desc\">Acomoda\u00e7\u00e3o com melhor custo-benef\u00edcio que aceita c\u00e3es, caf\u00e9 da manh\u00e3 excelente, bem ao lado da trilha para Lago di Sorapis, cachorro por apenas uma pequena taxa.<\/div>\n      <div class=\"lk-stay-meta\">\n        <span class=\"lk-stay-stars\">\u2605\u2605\u2605\u2605<\/span>\n        <span class=\"lk-stay-price\">Verificar pre\u00e7os<\/span>\n      <\/div>\n      <span class=\"lk-stay-cta\">\n        <svg width=\"14\" height=\"14\" viewBox=\"0 0 24 24\" fill=\"none\" stroke=\"currentColor\" stroke-width=\"2\"><path d=\"M18 13v6a2 2 0 0 1-2 2H5a2 2 0 0 1-2-2V8a2 2 0 0 1 2-2h6\"\/><polyline points=\"15 3 21 3 21 9\"\/><line x1=\"10\" y1=\"14\" x2=\"21\" y2=\"3\"\/><\/svg>\n        Check availability\n      <\/span>\n    <\/a>\n\n    <a class=\"lk-stay-card\" href=\"https:\/\/www.stay22.com\/allez\/roam?aid=lukaskonecny&#038;campaign=loudavymkrokemcz&#038;campaign=codelatvdolomitech&#038;address=Dolomity&#038;hotelname=Dolomiti+Sweet+Lodge&#038;search=Dolomiti+Sweet+Lodge&#038;category=accommodation\" target=\"_blank\" rel=\"nofollow noopener\">\n      <span class=\"lk-stay-badge badge-nature\">\ud83c\udfe1 Pousada\/B&#038;B<\/span>\n      <div class=\"lk-stay-name\">Dolomiti Sweet Lodge<\/div>\n      <div class=\"lk-stay-desc\">Um dos apartamentos mais bem avaliados em Cortina d&#8217;Ampezzo.<\/div>\n      <div class=\"lk-stay-meta\">\n        <span class=\"lk-stay-stars\">\u2605\u2605\u2605\u2605<\/span>\n        <span class=\"lk-stay-price\">Verificar pre\u00e7os<\/span>\n      <\/div>\n      <span class=\"lk-stay-cta\">\n        <svg width=\"14\" height=\"14\" viewBox=\"0 0 24 24\" fill=\"none\" stroke=\"currentColor\" stroke-width=\"2\"><path d=\"M18 13v6a2 2 0 0 1-2 2H5a2 2 0 0 1-2-2V8a2 2 0 0 1 2-2h6\"\/><polyline points=\"15 3 21 3 21 9\"\/><line x1=\"10\" y1=\"14\" x2=\"21\" y2=\"3\"\/><\/svg>\n        Check availability\n      <\/span>\n    <\/a>\n\n    <a class=\"lk-stay-card\" href=\"https:\/\/www.stay22.com\/allez\/roam?aid=lukaskonecny&#038;campaign=loudavymkrokemcz&#038;campaign=codelatvdolomitech&#038;address=Dolomity&#038;hotelname=Hotel+Villa+Gaia&#038;search=Hotel+Villa+Gaia&#038;category=accommodation\" target=\"_blank\" rel=\"nofollow noopener\">\n      <span class=\"lk-stay-badge badge-nature\">\ud83c\udfe8 Hotel<\/span>\n      <div class=\"lk-stay-name\">Hotel Villa Gaia<\/div>\n      <div class=\"lk-stay-desc\">Hotel bem avaliado em Cortina d&#8217;Ampezzo, definitivamente vale a pena mencionar.<\/div>\n      <div class=\"lk-stay-meta\">\n        <span class=\"lk-stay-stars\">\u2605\u2605\u2605\u2605<\/span>\n        <span class=\"lk-stay-price\">Verificar pre\u00e7os<\/span>\n      <\/div>\n      <span class=\"lk-stay-cta\">\n        <svg width=\"14\" height=\"14\" viewBox=\"0 0 24 24\" fill=\"none\" stroke=\"currentColor\" stroke-width=\"2\"><path d=\"M18 13v6a2 2 0 0 1-2 2H5a2 2 0 0 1-2-2V8a2 2 0 0 1 2-2h6\"\/><polyline points=\"15 3 21 3 21 9\"\/><line x1=\"10\" y1=\"14\" x2=\"21\" y2=\"3\"\/><\/svg>\n        Check availability\n      <\/span>\n    <\/a>\n\n    <a class=\"lk-stay-card\" href=\"https:\/\/www.stay22.com\/allez\/roam?aid=lukaskonecny&#038;campaign=loudavymkrokemcz&#038;campaign=codelatvdolomitech&#038;address=Dolomity&#038;hotelname=HOTEL+de+LEN&#038;search=HOTEL+de+LEN&#038;category=accommodation\" target=\"_blank\" rel=\"nofollow noopener\">\n      <span class=\"lk-stay-badge badge-nature\">\u2b50 Luxo<\/span>\n      <div class=\"lk-stay-name\">HOTEL de LEN<\/div>\n      <div class=\"lk-stay-desc\">Acomoda\u00e7\u00e3o rom\u00e2ntica de luxo em Cortina d&#8217;Ampezzo.<\/div>\n      <div class=\"lk-stay-meta\">\n        <span class=\"lk-stay-stars\">\u2605\u2605\u2605\u2605<\/span>\n        <span class=\"lk-stay-price\">Verificar pre\u00e7os<\/span>\n      <\/div>\n      <span class=\"lk-stay-cta\">\n        <svg width=\"14\" height=\"14\" viewBox=\"0 0 24 24\" fill=\"none\" stroke=\"currentColor\" stroke-width=\"2\"><path d=\"M18 13v6a2 2 0 0 1-2 2H5a2 2 0 0 1-2-2V8a2 2 0 0 1 2-2h6\"\/><polyline points=\"15 3 21 3 21 9\"\/><line x1=\"10\" y1=\"14\" x2=\"21\" y2=\"3\"\/><\/svg>\n        Check availability\n      <\/span>\n    <\/a>\n\n    <a class=\"lk-stay-card\" href=\"https:\/\/loudavymkrokem.cz\/doporucujeme\/bb-villa-angelino\/\" target=\"_blank\" rel=\"nofollow noopener sponsored\">\n      <span class=\"lk-stay-badge badge-nature\">\ud83c\udfe1 Pousada\/B&#038;B<\/span>\n      <div class=\"lk-stay-name\">B&#038;B Villa Angelino<\/div>\n      <div class=\"lk-stay-desc\">Bed &#038; Breakfast em Ortisei, ideal para fam\u00edlias com crian\u00e7as e montanhistas menos experientes.<\/div>\n      <div class=\"lk-stay-meta\">\n        <span class=\"lk-stay-stars\">\u2605\u2605\u2605\u2605<\/span>\n        <span class=\"lk-stay-price\">Verificar pre\u00e7os<\/span>\n      <\/div>\n      <span class=\"lk-stay-cta\">\n        <svg width=\"14\" height=\"14\" viewBox=\"0 0 24 24\" fill=\"none\" stroke=\"currentColor\" stroke-width=\"2\"><path d=\"M18 13v6a2 2 0 0 1-2 2H5a2 2 0 0 1-2-2V8a2 2 0 0 1 2-2h6\"\/><polyline points=\"15 3 21 3 21 9\"\/><line x1=\"10\" y1=\"14\" x2=\"21\" y2=\"3\"\/><\/svg>\n        Check availability\n      <\/span>\n    <\/a>\n\n    <a class=\"lk-stay-card\" href=\"https:\/\/www.stay22.com\/allez\/roam?aid=lukaskonecny&#038;campaign=loudavymkrokemcz&#038;campaign=codelatvdolomitech&#038;address=Dolomity&#038;hotelname=Apt+Lara+Siela&#038;search=Apt+Lara+Siela&#038;category=accommodation\" target=\"_blank\" rel=\"nofollow noopener\">\n      <span class=\"lk-stay-badge badge-nature\">\ud83c\udfe1 Pousada\/B&#038;B<\/span>\n      <div class=\"lk-stay-name\">Apt Lara Siela<\/div>\n      <div class=\"lk-stay-desc\">Apartamentos elegantes em Ortisei.<\/div>\n      <div class=\"lk-stay-meta\">\n        <span class=\"lk-stay-stars\">\u2605\u2605\u2605\u2605<\/span>\n        <span class=\"lk-stay-price\">Verificar pre\u00e7os<\/span>\n      <\/div>\n      <span class=\"lk-stay-cta\">\n        <svg width=\"14\" height=\"14\" viewBox=\"0 0 24 24\" fill=\"none\" stroke=\"currentColor\" stroke-width=\"2\"><path d=\"M18 13v6a2 2 0 0 1-2 2H5a2 2 0 0 1-2-2V8a2 2 0 0 1 2-2h6\"\/><polyline points=\"15 3 21 3 21 9\"\/><line x1=\"10\" y1=\"14\" x2=\"21\" y2=\"3\"\/><\/svg>\n        Check availability\n      <\/span>\n    <\/a>\n\n  <\/div>\n\n\n<\/div>\n\n\n\n\n<h2 class=\"wp-block-heading\"><span class=\"ez-toc-section\" id=\"15_lugares_mais_bonitos_das_Dolomitas\"><\/span><span class=\"ez-toc-section\" id=\"15_lugares_mais_bonitos_das_Dolomitas\"><\/span><span class=\"ez-toc-section\" id=\"15-lugares-mais-bonitos-dolomitas\" ez-toc-data-id=\"#15-lugares-mais-bonitos-dolomitas\"><\/span>15 lugares mais bonitos das Dolomitas<span class=\"ez-toc-section-end\"><\/span><span class=\"ez-toc-section-end\"><\/span><\/h2>\n\n\n\n<p>Vamos conhecer os lugares que voc\u00ea n\u00e3o pode deixar de visitar nos Alpes italianos. Organizamos a lista seguindo o nosso roteiro \u2014 da regi\u00e3o de Cortina, passando pelas passagens de montanha, at\u00e9 o Val Gardena.<\/p>\n\n\n\n<h3 class=\"wp-block-heading\"><span class=\"ez-toc-section\" id=\"1_Trilha_ao_redor_de_Tre_Cime_di_Lavaredo\"><\/span><span class=\"ez-toc-section\" id=\"1_Trilha_ao_redor_de_Tre_Cime_di_Lavaredo\"><\/span>1. Trilha ao redor de Tre Cime di Lavaredo<span class=\"ez-toc-section-end\"><\/span><span class=\"ez-toc-section-end\"><\/span><\/h3>\n\n\n\n<ul class=\"wp-block-list\">\n<li>3,5-4 horas, 400 m de desn\u00edvel, 9,5 km<\/li>\n<\/ul>\n\n\n\n<p>A trilha mais ic\u00f4nica dos Alpes italianos \u00e9, sem d\u00favida, a das <strong>Tre Cime di Lavaredo ou Drei Zinnen<\/strong> (Tr\u00eas Picos), cujo impressionante trio de picos rochosos voc\u00ea certamente j\u00e1 viu em fotos. O circuito completo leva de 3,5 a 4 horas, incluindo um almo\u00e7o em um dos ref\u00fagios pelo caminho. No total, s\u00e3o 9,5 km e menos de 400 m de desn\u00edvel.<\/p>\n\n\n\n<p>Trata-se de uma <strong>trilha bastante tranquila, que pode ser feita como circuito completo ou, se preferir, indo at\u00e9 o ref\u00fagio Rifugio Antonio Locatelli \/ Dreizinnenh\u00fctte<\/strong>, de onde se tem a vista mais bonita, e voltando pelo mesmo caminho. A trilha come\u00e7a no ref\u00fagio Auronzo, acess\u00edvel de carro, mas o estacionamento custa 30 euros por carro e 45 euros por motorhome. <strong>Se voc\u00ea estiver hospedado em Cortina, pode ir de \u00f4nibus por poucos euros.<\/strong> Para pre\u00e7os atualizados e hor\u00e1rios, recomendamos visitar o centro de informa\u00e7\u00f5es no centro de Cortina.<\/p>\n\n\n\n<p class=\"has-pale-cyan-blue-background-color has-background\"><strong>Atualiza\u00e7\u00e3o 2026:<\/strong> Desde o ver\u00e3o de 2025, h\u00e1 um novo sistema de reservas na estrada de acesso \u00e0s Tre Cime. Na alta temporada (julho\u2013setembro), \u00e9 necess\u00e1rio reservar antecipadamente um hor\u00e1rio para a entrada de carro na estrada paga at\u00e9 o <a href=\"https:\/\/rifugioauronzo.it\/\" target=\"_blank\" rel=\"noreferrer noopener nofollow\">Rifugio Auronzo<\/a>. Sem reserva, voc\u00ea n\u00e3o consegue passar \u2014 especialmente nos finais de semana e nos hor\u00e1rios de pico (9:00\u201311:00). Recomendamos reservar com pelo menos 2\u20133 dias de anteced\u00eancia; em agosto, com uma semana. Como alternativa, \u00e9 poss\u00edvel chegar \u00e0s Tre Cime a p\u00e9 desde o Lago di Misurina (cerca de 2 horas extras), sem necessidade de reserva.<\/p>\n\n\n\n<figure class=\"wp-block-image size-large is-resized\"><img decoding=\"async\" src=\"https:\/\/www.loudavymkrokem.cz\/wp-content\/uploads\/2023\/05\/tre-cime-2048x1365.jpg\" alt=\"A trilha mais ic\u00f4nica dos Alpes italianos \u00e9 sem d\u00favida a das Tre Cime di Lavaredo ou Drei Zinnen\" class=\"wp-image-58484\" style=\"width:1024px;height:683px\" title=\"\"><figcaption class=\"wp-element-caption\">A trilha mais ic\u00f4nica dos Alpes italianos \u00e9 sem d\u00favida a das <strong>Tre Cime di Lavaredo ou Drei Zinnen<\/strong><\/figcaption><\/figure>\n\n\n\n<h3 class=\"wp-block-heading\"><span class=\"ez-toc-section\" id=\"2_Cadini_di_Misurina_%E2%80%94_joia_escondida_perto_de_Tre_Cime\"><\/span><span class=\"ez-toc-section\" id=\"2_Cadini_di_Misurina_\u2014_joia_escondida_perto_de_Tre_Cime\"><\/span>2. Cadini di Misurina \u2014 joia escondida perto de Tre Cime<span class=\"ez-toc-section-end\"><\/span><span class=\"ez-toc-section-end\"><\/span><\/h3>\n\n\n\n<p>Cadini di Misurina \u00e9 um grupo de torres e agulhas rochosas que parecem uma catedral natural. A maioria dos turistas passa direto a caminho de Tre Cime, e justamente por isso voc\u00ea encontra aqui tranquilidade e uma experi\u00eancia aut\u00eantica de montanha que, na alta temporada, \u00e9 dif\u00edcil de encontrar perto das Tre Cime.<\/p>\n\n\n\n<p>A melhor vista de Cadini \u00e9 do Rifugio Auronzo (o mesmo de onde parte a trilha para Tre Cime) \u2014 basta olhar para o lado oposto. Para uma vista mais de perto, fa\u00e7a a trilha at\u00e9 o Rifugio Fonda Savio (2\u20133 horas ida e volta, dificuldade m\u00e9dia). N\u00f3s fomos de manh\u00e3 cedo, antes de iniciar o circuito das Tre Cime, e a vista das agulhas rochosas na luz da manh\u00e3 valeu totalmente acordar cedo.<\/p>\n\n\n\n<h3 class=\"wp-block-heading\"><span class=\"ez-toc-section\" id=\"3_Trilha_ate_o_Lago_di_Sorapis\"><\/span><span class=\"ez-toc-section\" id=\"3_Trilha_ate_o_Lago_di_Sorapis\"><\/span>3. Trilha at\u00e9 o Lago di Sorapis<span class=\"ez-toc-section-end\"><\/span><span class=\"ez-toc-section-end\"><\/span><\/h3>\n\n\n\n<ul class=\"wp-block-list\">\n<li>4-6 horas, 725 m de desn\u00edvel, 13,5 km.<\/li>\n<\/ul>\n\n\n\n<p>Um dos lugares mais bonitos \u00e9, sem d\u00favida, o incrivelmente turquesa <strong>Lago di Sorapis, mas voc\u00ea vai precisar conquist\u00e1-lo com uma boa caminhada<\/strong>. No total, a trilha tem 13,5 km e 725 m de desn\u00edvel.<\/p>\n\n\n\n<p>N\u00e3o \u00e9 uma trilha dif\u00edcil, mas \u00e9 a \u00fanica que <strong>desaconselhamos fortemente para fam\u00edlias com crian\u00e7as pequenas \u2014 e n\u00f3s tamb\u00e9m n\u00e3o levamos nosso cachorro, porque ele \u00e9 meio desastrado<\/strong>. Parte do percurso passa relativamente perto de precip\u00edcios, h\u00e1 trechos com escadas e cordas, e se houver muita \u00e1gua, \u00e9 preciso atravessar um riacho. <strong>Se voc\u00ea tem medo de altura, talvez n\u00e3o seja a melhor escolha.<\/strong> Mas espero n\u00e3o ter assustado ningu\u00e9m \u2014 n\u00f3s j\u00e1 fizemos essa trilha v\u00e1rias vezes e realmente n\u00e3o h\u00e1 motivo para preocupa\u00e7\u00e3o.<\/p>\n\n\n\n<p><strong>O melhor momento para visitar o Lago di Sorapis \u00e9 no in\u00edcio do ver\u00e3o, quando o lago est\u00e1 mais cheio.<\/strong> No final de setembro, a experi\u00eancia pode n\u00e3o ser t\u00e3o impressionante, pois o lago vai secando aos poucos. <strong>Logo antes do lago h\u00e1 uma bifurca\u00e7\u00e3o para um ref\u00fagio onde, durante a temporada, voc\u00ea pode almo\u00e7ar, usar o banheiro ou tomar um espresso.<\/strong> No in\u00edcio de outubro ainda estava aberto.<\/p>\n\n\n\n<figure class=\"wp-block-image size-large\"><img decoding=\"async\" src=\"https:\/\/www.loudavymkrokem.cz\/wp-content\/uploads\/2023\/05\/Lago-di-sorapis-2048x1366.jpg\" alt=\"Um dos lugares mais bonitos \u00e9 sem d\u00favida o incrivelmente turquesa Lago di Sorapis, que voc\u00ea vai precisar conquistar com uma boa caminhada.\" class=\"wp-image-58485\" title=\"\"><figcaption class=\"wp-element-caption\">O turquesa <strong>Lago di Sorapis, que voc\u00ea vai precisar conquistar com uma boa caminhada.<\/strong><\/figcaption><\/figure>\n\n\n\n<h3 class=\"wp-block-heading\"><span class=\"ez-toc-section\" id=\"4_Trilha_ate_o_Lago_Federa\"><\/span><span class=\"ez-toc-section\" id=\"4_Trilha_ate_o_Lago_Federa\"><\/span>4. Trilha at\u00e9 o Lago Federa<span class=\"ez-toc-section-end\"><\/span><span class=\"ez-toc-section-end\"><\/span><\/h3>\n\n\n\n<ul class=\"wp-block-list\">\n<li>3-4 horas, 400 m de desn\u00edvel, 8,4 km<\/li>\n<\/ul>\n\n\n\n<p>D\u00e1 para ir ao Lago Federa diretamente do camping em Cortina, mas n\u00e3o recomendamos. \u00c9 uma subida muito cansativa que talvez anime alguns montanhistas mais hardcore, mas o caminho \u00e9 quase todo pela floresta e n\u00e3o se v\u00ea muita coisa. <strong>A rota mais curta e popular \u00e9 a partir de Ponte di Rocurto.<\/strong> Dali at\u00e9 o lago leva 1,5\u20132 horas. A subida \u00e9 consider\u00e1vel, mas ao chegar ao lago h\u00e1 um ref\u00fagio onde voc\u00ea pode fazer uma boa refei\u00e7\u00e3o.<\/p>\n\n\n\n<figure class=\"wp-block-image size-full\"><img decoding=\"async\" src=\"https:\/\/www.loudavymkrokem.cz\/wp-content\/uploads\/2023\/05\/lago-federa.jpg\" alt=\"Lago Federa pertinho de Cortina nos Alpes italianos.\" class=\"wp-image-58486\" title=\"\"><figcaption class=\"wp-element-caption\">O Lago Federa \u00e9 lindo na primavera, no ver\u00e3o e no outono.<\/figcaption><\/figure>\n\n\n\n<h3 class=\"wp-block-heading\"><span class=\"ez-toc-section\" id=\"5_Passo_Giau\"><\/span><span class=\"ez-toc-section\" id=\"5_Passo_Giau\"><\/span>5. Passo Giau<span class=\"ez-toc-section-end\"><\/span><span class=\"ez-toc-section-end\"><\/span><\/h3>\n\n\n\n<p>Voc\u00ea chega ao Passo Giau de carro ou \u00f4nibus desde Cortina e, se n\u00e3o estiver com vontade de fazer trilha, n\u00e3o precisa mover um dedo para ter vistas de tirar o f\u00f4lego. Basta estacionar e olhar ao redor. Saindo de Cortina, \u00e9 tamb\u00e9m uma excelente rota para bicicleta \u2014 a estrada serpenteia ladeira acima e, depois de 2 horas pedalando, voc\u00ea merece uma boa por\u00e7\u00e3o de kn\u00f6del tirol\u00eas. Ou ent\u00e3o alugue uma e-bike e chegue em 45 minutos.<\/p>\n\n\n\n<figure class=\"wp-block-image size-large\"><img decoding=\"async\" src=\"https:\/\/www.loudavymkrokem.cz\/wp-content\/uploads\/2023\/05\/passo-giau-2048x1365.jpg\" alt=\"Passo Giau \u00e9 um lugar incr\u00edvel nas Dolomitas italianas. Na foto tamb\u00e9m aparecem bicicletas el\u00e9tricas.\" class=\"wp-image-58487\" title=\"\"><figcaption class=\"wp-element-caption\">D\u00e1 para subir o Passo Giau de bicicleta. Mas prepare-se para suar bastante.<\/figcaption><\/figure>\n\n\n\n<h3 class=\"wp-block-heading\"><span class=\"ez-toc-section\" id=\"6_Passo_Sella_%E2%80%94_passagem_com_vista_para_Sassolungo\"><\/span><span class=\"ez-toc-section\" id=\"6_Passo_Sella_\u2014_passagem_com_vista_para_Sassolungo\"><\/span>6. Passo Sella \u2014 passagem com vista para Sassolungo<span class=\"ez-toc-section-end\"><\/span><span class=\"ez-toc-section-end\"><\/span><\/h3>\n\n\n\n<p>O Passo Sella (2.240 m) \u00e9 uma das passagens de montanha mais ic\u00f4nicas das Dolomitas e faz parte do famoso circuito Sella Ronda. Da passagem, voc\u00ea tem vista direta para o imponente maci\u00e7o Sassolungo (Langkofel), que se ergue bem na sua frente \u2014 e essa vis\u00e3o tira o f\u00f4lego mesmo que voc\u00ea j\u00e1 esteja nas Dolomitas pela terceira vez.<\/p>\n\n\n\n<p>A passagem \u00e9 uma parada ideal no caminho entre Val Gardena e Val di Fassa. D\u00e1 para estacionar, tomar um caf\u00e9 com vista e fazer uma trilha curta at\u00e9 o Rifugio Salei (45 minutos) ou um circuito mais longo ao redor do Sassolungo (5\u20136 horas, mais exigente). No inverno, o Sella Ronda \u00e9 um dos melhores circuitos de esqui dos Alpes \u2014 40 km de pistas conectadas por telef\u00e9ricos.<\/p>\n\n\n\n<h3 class=\"wp-block-heading\"><span class=\"ez-toc-section\" id=\"7_Trilha_ate_Cinque_Torri\"><\/span><span class=\"ez-toc-section\" id=\"7_Trilha_ate_Cinque_Torri\"><\/span>7. Trilha at\u00e9 Cinque Torri<span class=\"ez-toc-section-end\"><\/span><span class=\"ez-toc-section-end\"><\/span><\/h3>\n\n\n\n<ul class=\"wp-block-list\">\n<li>3-4 horas, 583 m de desn\u00edvel, 10 km<\/li>\n<\/ul>\n\n\n\n<p>Essa \u00e9 uma das nossas trilhas favoritas. <strong>Sempre come\u00e7amos no Passo Giau e seguimos num ritmo bem tranquilo pela trilha rochosa at\u00e9 Cinque Torri.<\/strong> O tempo todo voc\u00ea tem vistas absolutamente incr\u00edveis \u2014 acho que j\u00e1 fomos tr\u00eas ou talvez at\u00e9 quatro vezes, e nunca cansa.<\/p>\n\n\n\n<p>\u00c9 lindo em qualquer \u00e9poca do ano e, apesar dos quase 600 m de desn\u00edvel, a subida \u00e9 gradual e praticamente qualquer pessoa consegue fazer. Pelo caminho h\u00e1 dois ref\u00fagios onde voc\u00ea pode almo\u00e7ar ou fazer um lanche.<\/p>\n\n\n\n<figure class=\"wp-block-image size-full\"><img decoding=\"async\" src=\"https:\/\/www.loudavymkrokem.cz\/wp-content\/uploads\/2023\/05\/vyslap-k-cinque-torri.jpg\" alt=\"Caminho at\u00e9 Cinque Torri, Alpes italianos, Dolomitas.\" class=\"wp-image-58488\" title=\"\"><figcaption class=\"wp-element-caption\">A trilha at\u00e9 Cinque Torri \u00e9 uma das nossas favoritas.<\/figcaption><\/figure>\n\n\n\n<h3 class=\"wp-block-heading\"><span class=\"ez-toc-section\" id=\"8_O_lago_mais_bonito_da_Italia_Lago_di_Braies\"><\/span><span class=\"ez-toc-section\" id=\"8_Lago_mais_bonito_da_Italia_Lago_di_Braies\"><\/span>8. O lago mais bonito da It\u00e1lia: Lago di Braies<span class=\"ez-toc-section-end\"><\/span><span class=\"ez-toc-section-end\"><\/span><\/h3>\n\n\n\n<p>O que seria de uma visita \u00e0s Dolomitas sem uma parada no lago mais famoso? <strong>Fique atento e saia cedo, porque mesmo fora de temporada a quantidade de turistas pode surpreender \u2014 e \u00e0s vezes voc\u00ea pode nem conseguir vaga no estacionamento.<\/strong> Foi o que aconteceu conosco no final de outubro do ano passado. Sim, no final de outubro, quando todo o resto estava completamente vazio. Aparentemente todo mundo estava no Lago di Braies. No Lago di Braies, voc\u00ea pode alugar um barquinho ou fazer uma curta caminhada ao redor do lago.<\/p>\n\n\n\n<p><strong>Dica para 2026:<\/strong> No ver\u00e3o, \u00e9 obrigat\u00f3rio reservar vaga de estacionamento ou passagem do \u00f4nibus lan\u00e7adeira para o Lago di Braies. Sem reserva, voc\u00ea n\u00e3o consegue chegar ao lago de carro. O sistema funciona de forma similar ao das Tre Cime \u2014 reserve com anteced\u00eancia online.<\/p>\n\n\n\n<figure class=\"wp-block-image size-large\"><img decoding=\"async\" src=\"https:\/\/www.loudavymkrokem.cz\/wp-content\/uploads\/2023\/05\/lago-di-brais-2048x1365.jpg\" alt=\"O lago mais bonito da It\u00e1lia: Lago di Braies\" class=\"wp-image-58489\" title=\"\"><figcaption class=\"wp-element-caption\">O lago mais bonito dos Alpes italianos: Lago di Braies<\/figcaption><\/figure>\n\n\n\n<div data-gyg-href=\"https:\/\/widget.getyourguide.com\/default\/activities.frame\" data-gyg-locale-code=\"en-US\" data-gyg-widget=\"activities\" data-gyg-number-of-items=\"3\" data-gyg-partner-id=\"MKZ64IS\" data-gyg-q=\"lago di braies\"><span>Powered by <a target=\"_blank\" rel=\"sponsored noopener\" href=\"https:\/\/www.getyourguide.com\/-t513347\">GetYourGuide<\/a><\/span><\/div>\n\n\n\n<h3 class=\"wp-block-heading\"><span class=\"ez-toc-section\" id=\"9_Lago_di_Carezza_Karersee_%E2%80%94_lago_esmeralda_sob_Latemar\"><\/span><span class=\"ez-toc-section\" id=\"9_Lago_di_Carezza_Karersee_\u2014_lago_esmeralda_sob_Latemar\"><\/span>9. Lago di Carezza (Karersee) \u2014 lago esmeralda sob Latemar<span class=\"ez-toc-section-end\"><\/span><span class=\"ez-toc-section-end\"><\/span><\/h3>\n\n\n\n<p>O Lago di Carezza \u00e9 pequeno, mas incrivelmente colorido, situado ao p\u00e9 do maci\u00e7o Latemar. A \u00e1gua varia entre tons de verde-esmeralda e turquesa, e no fundo \u00e9 poss\u00edvel ver troncos de \u00e1rvores submersas \u2014 parece quase uma paisagem submarina. Na primeira vez, paramos l\u00e1 por acaso, a caminho de Bolzano, e desde ent\u00e3o voltamos sempre.<\/p>\n\n\n\n<p>Diferente do Lago di Braies ou do Sorapis, o Carezza \u00e9 de f\u00e1cil acesso: voc\u00ea estaciona direto na estrada e chega ao lago em 5 minutos por um caminho pavimentado. Parada ideal na rota saindo de Bolzano em dire\u00e7\u00e3o \u00e0s passagens de montanha. O lago fica mais bonito pela manh\u00e3, quando os picos do Latemar se refletem na superf\u00edcie da \u00e1gua.<\/p>\n\n\n\n<p><strong>Aviso:<\/strong> O lago \u00e9 relativamente pequeno e na alta temporada costuma ficar lotado. Se quiser tranquilidade, chegue bem cedo ou fora de julho\u2013agosto.<\/p>\n\n\n\n<h3 class=\"wp-block-heading\"><span class=\"ez-toc-section\" id=\"10_Caminhada_ate_o_Lago_Limides\"><\/span><span class=\"ez-toc-section\" id=\"10_Caminhada_ate_o_Lago_Limides\"><\/span>10. Caminhada at\u00e9 o Lago Limides<span class=\"ez-toc-section-end\"><\/span><span class=\"ez-toc-section-end\"><\/span><\/h3>\n\n\n\n<p>Voc\u00ea chega facilmente ao <strong>Lago Limides a partir do estacionamento no vale do Passo Falzarego<\/strong>, que tamb\u00e9m serve como ponto de partida para a subida ao <strong>monte Lagazuoi<\/strong>. Este lago \u00e9 especialmente bonito na primavera, quando tem bastante \u00e1gua.<\/p>\n\n\n\n<p>Costuma ser muito tranquilo, com lindos picos alpinos se refletindo na sua superf\u00edcie. <strong>No ver\u00e3o, por\u00e9m, vira mais uma po\u00e7a grande e n\u00e3o vale muito a pena o deslocamento.<\/strong> No outono, infelizmente, costuma ser parecido.<\/p>\n\n\n\n<figure class=\"wp-block-image size-large\"><img decoding=\"async\" src=\"https:\/\/www.loudavymkrokem.cz\/wp-content\/uploads\/2023\/05\/lago-limides-2048x1366.jpg\" alt=\"Lago Limides na It\u00e1lia.\" class=\"wp-image-58490\" title=\"\"><figcaption class=\"wp-element-caption\">No ver\u00e3o e no outono, o Lago Limides vira praticamente uma po\u00e7a grande.<\/figcaption><\/figure>\n\n\n\n<h3 class=\"wp-block-heading\"><span class=\"ez-toc-section\" id=\"11_De_teleferico_ao_topo_do_Lagazuoi\"><\/span><span class=\"ez-toc-section\" id=\"11_De_teleferico_ao_topo_do_Lagazuoi\"><\/span>11. De telef\u00e9rico ao topo do Lagazuoi<span class=\"ez-toc-section-end\"><\/span><span class=\"ez-toc-section-end\"><\/span><\/h3>\n\n\n\n<p><strong>Voc\u00ea pode subir este pico de telef\u00e9rico e eu recomendo muito.<\/strong> N\u00f3s fizemos a subida a p\u00e9, que \u00e9 basicamente uma escalada em encosta bem \u00edngreme.<\/p>\n\n\n\n<p><strong>Talvez fosse porque est\u00e1vamos com fome, mas pareceu intermin\u00e1vel e pelo caminho realmente n\u00e3o h\u00e1 vistas interessantes.<\/strong> Se mesmo assim quiser fazer a subida, no topo h\u00e1 um restaurante onde voc\u00ea pode se recompensar.<\/p>\n\n\n\n<figure class=\"wp-block-image size-large\"><img decoding=\"async\" src=\"https:\/\/www.loudavymkrokem.cz\/wp-content\/uploads\/2023\/05\/lagazuioi-1-2048x1366.jpg\" alt=\"Lagazuoi na It\u00e1lia. Dolomitas italianas, Alpes.\" class=\"wp-image-58492\" title=\"\"><figcaption class=\"wp-element-caption\">O topo do Lagazuoi \u00e9 um dos lugares que vale a pena visitar de telef\u00e9rico.<\/figcaption><\/figure>\n\n\n\n<h3 class=\"wp-block-heading\"><span class=\"ez-toc-section\" id=\"12_O_prado_mais_bonito_do_Tirol_do_Sul_Seiser_Alm_Alpe_di_Siusi\"><\/span><span class=\"ez-toc-section\" id=\"12_Prado_mais_bonito_do_Tirol_do_Sul_Seiser_Alm_Alpe_di_Siusi\"><\/span>12. O prado mais bonito do Tirol do Sul: Seiser Alm (Alpe di Siusi)<span class=\"ez-toc-section-end\"><\/span><span class=\"ez-toc-section-end\"><\/span><\/h3>\n\n\n\n<p>Quem n\u00e3o conhece as fotos do mais famoso prado alpino, a Seiser Alm? Voc\u00ea sobe de telef\u00e9rico e depois \u00e9 s\u00f3 passear pelas encostas suaves, contemplando a natureza relaxante e ouvindo os sons do gado pastando. Ou simplesmente tome um espresso no restaurante local. Mesmo assim, a experi\u00eancia ser\u00e1 inesquec\u00edvel.<\/p>\n\n\n\n<p><strong>Informa\u00e7\u00f5es pr\u00e1ticas:<\/strong> No ver\u00e3o, carros particulares s\u00e3o proibidos na Seiser Alm (9:00\u201317:00). Voc\u00ea pode subir de telef\u00e9rico a partir de Ortisei (Seiser Alm Bahn) ou de \u00f4nibus a partir de Compatsch. O telef\u00e9rico custa cerca de 25 \u20ac ida e volta por adulto \u2014 considere o <a href=\"https:\/\/www.dolomitisuperski.com\/en\/SuperSummer\/home\" target=\"_blank\" rel=\"noreferrer noopener nofollow\">Dolomiti Supersummer Card<\/a> se planeja usar v\u00e1rios telef\u00e9ricos.<\/p>\n\n\n\n<figure class=\"wp-block-image size-large\"><img decoding=\"async\" src=\"https:\/\/www.loudavymkrokem.cz\/wp-content\/uploads\/2023\/05\/alpe-di-suisi-seiser-alm-2048x1366.jpg\" alt=\"O prado mais bonito do Tirol do Sul: Seiser Alm (Alpe di Siusi). Na foto, um cachorro cockapoo com os lindos picos dos Alpes tiroleses ao fundo.\" class=\"wp-image-58493\" title=\"\"><figcaption class=\"wp-element-caption\">O lugar mais bonito do Tirol do Sul: Seiser Alm (Alpe di Siusi)<\/figcaption><\/figure>\n\n\n\n<div data-gyg-href=\"https:\/\/widget.getyourguide.com\/default\/activities.frame\" data-gyg-locale-code=\"en-US\" data-gyg-widget=\"activities\" data-gyg-number-of-items=\"3\" data-gyg-partner-id=\"MKZ64IS\" data-gyg-q=\"seiser alm\"><span>Powered by <a target=\"_blank\" rel=\"sponsored noopener\" href=\"https:\/\/www.getyourguide.com\/-t513347\">GetYourGuide<\/a><\/span><\/div>\n\n\n\n<h3 class=\"wp-block-heading\"><span class=\"ez-toc-section\" id=\"13_Vistas_de_tirar_o_folego_na_Seceda\"><\/span><span class=\"ez-toc-section\" id=\"13_Vistas_de_tirar_o_folego_na_Seceda\"><\/span>13. Vistas de tirar o f\u00f4lego na Seceda<span class=\"ez-toc-section-end\"><\/span><span class=\"ez-toc-section-end\"><\/span><\/h3>\n\n\n\n<p>Voc\u00ea chega \u00e0 Seceda de telef\u00e9rico a partir de Ortisei-Furnes-Seceda, e de l\u00e1 s\u00e3o apenas 10 minutos at\u00e9 o topo. Se quiser caminhar um pouco mais, pode escolher outra rota: subir de telef\u00e9rico at\u00e9 Col Raiser e fazer um circuito de 3-4 horas. A caminhada \u00e9 relativamente f\u00e1cil e as vistas s\u00e3o espetaculares.<\/p>\n\n\n\n<figure class=\"wp-block-image size-large\"><img decoding=\"async\" src=\"https:\/\/www.loudavymkrokem.cz\/wp-content\/uploads\/2023\/05\/seceda-2048x1366.jpg\" alt=\"Seceda \u00e9 certamente o pico mais bonito dos Alpes italianos acess\u00edvel por telef\u00e9rico. Dolomitas, It\u00e1lia.\" class=\"wp-image-58494\" title=\"\"><figcaption class=\"wp-element-caption\">E essa vista incr\u00edvel voc\u00ea pode alcan\u00e7ar de telef\u00e9rico.<\/figcaption><\/figure>\n\n\n\n<h3 class=\"wp-block-heading\"><span class=\"ez-toc-section\" id=\"14_Val_di_Funes_Villnos_%E2%80%94_o_vale_mais_fotografado_das_Dolomitas\"><\/span><span class=\"ez-toc-section\" id=\"14_Val_di_Funes_Villnoss_\u2014_vale_mais_fotografado_das_Dolomitas\"><\/span>14. Val di Funes (Villn\u00f6\u00df) \u2014 o vale mais fotografado das Dolomitas<span class=\"ez-toc-section-end\"><\/span><span class=\"ez-toc-section-end\"><\/span><\/h3>\n\n\n\n<p>Val di Funes \u00e9 aquele vale que voc\u00ea v\u00ea em cada segundo post de Instagram sobre as Dolomitas \u2014 a pequena igreja de S\u00e3o Jo\u00e3o (St. Johann in Ranui) com os picos afiados de Odle\/Geisler ao fundo. E com raz\u00e3o: essa vista \u00e9 realmente t\u00e3o linda quanto aparece nas fotos. N\u00f3s ficamos ali no fim da tarde e nenhum de n\u00f3s queria ir embora.<\/p>\n\n\n\n<p>O melhor hor\u00e1rio para fotografar \u00e9 no in\u00edcio da manh\u00e3 ou no final da tarde, quando o sol ilumina os picos de Odle. Da vila de Santa Maddalena, uma caminhada simples leva at\u00e9 a igrejinha (20 minutos). Para uma trilha mais desafiadora, continue pela trilha Adolf Munkel Weg sob os pared\u00f5es de Odle \u2014 3-4 horas, desn\u00edvel m\u00ednimo, vistas m\u00e1ximas.<\/p>\n\n\n\n<p><strong>Informa\u00e7\u00f5es pr\u00e1ticas:<\/strong> O estacionamento em Santa Maddalena \u00e9 limitado; na temporada, recomendamos chegar antes das 9:00. No ver\u00e3o, h\u00e1 \u00f4nibus lan\u00e7adeira saindo de Bressanone.<\/p>\n\n\n\n<h3 class=\"wp-block-heading\"><span class=\"ez-toc-section\" id=\"15_Cortina_dAmpezzo_%E2%80%94_a_rainha_das_Dolomitas\"><\/span><span class=\"ez-toc-section\" id=\"15_Cortina_dAmpezzo_\u2014_rainha_das_Dolomitas\"><\/span>15. Cortina d&#8217;Ampezzo \u2014 a rainha das Dolomitas<span class=\"ez-toc-section-end\"><\/span><span class=\"ez-toc-section-end\"><\/span><\/h3>\n\n\n\n<p>Cortina d&#8217;Ampezzo n\u00e3o \u00e9 apenas uma base para dormir \u2014 \u00e9 um destino completo por si s\u00f3. A cidade sediou as Olimp\u00edadas de Inverno de 1956 e ser\u00e1 co-sede em 2026, o que trouxe uma ampla moderniza\u00e7\u00e3o da infraestrutura. A Corso Italia \u00e9 uma elegante zona de pedestres com caf\u00e9s e lojas onde d\u00e1 para passar uma tarde agrad\u00e1vel.<\/p>\n\n\n\n<p>De Cortina, telef\u00e9ricos levam at\u00e9 Tofane (<a href=\"https:\/\/www.freccianelcielo.com\/en\/\" target=\"_blank\" rel=\"noreferrer noopener nofollow\">Freccia nel Cielo<\/a> \u2014 vista dos 3.244 m), Faloria e Cristallo. Para fam\u00edlias, recomendamos o Adventure Park na sa\u00edda da cidade. E o principal: Cortina \u00e9 o ponto de partida ideal para passeios \u00e0s Tre Cime, Lago di Sorapis e Cinque Torri \u2014 tudo fica a 30\u201345 minutos de carro.<\/p>\n\n\n\n<p>Se voc\u00ea est\u00e1 planejando visitar as Dolomitas e busca desafios, n\u00e3o pode deixar de considerar a subida \u00e0 Marmolada, conhecida como o &#8220;teto das Dolomitas&#8221;. Essa majestosa montanha oferece vistas inesquec\u00edveis e \u00e9 destino favorito de muitos trilheiros e montanhistas. Para saber mais sobre essa trilha incr\u00edvel, confira o artigo <a href=\"https:\/\/blog.affekt.cz\/marmolada-vystup-na-strechu-dolomit\/\" target=\"_blank\" rel=\"noreferrer noopener\">Marmolada: Subida ao teto das Dolomitas<\/a>, com informa\u00e7\u00f5es detalhadas sobre o percurso, dicas de seguran\u00e7a e recomenda\u00e7\u00f5es para aproveitar ao m\u00e1ximo essa experi\u00eancia.<\/p>\n\n\n\n<h2 class=\"wp-block-heading\"><span class=\"ez-toc-section\" id=\"Quando_e_onde_ver_os_laricos_dourados_nas_Dolomitas\"><\/span><span class=\"ez-toc-section\" id=\"Quando_e_onde_ver_os_laricos_dourados_nas_Dolomitas\"><\/span><span class=\"ez-toc-section\" id=\"laricos-dourados-dolomitas\" ez-toc-data-id=\"#laricos-dourados-dolomitas\"><\/span>Quando e onde ver os lari\u00e7os dourados nas Dolomitas?<span class=\"ez-toc-section-end\"><\/span><span class=\"ez-toc-section-end\"><\/span><\/h2>\n\n\n\n<p>J\u00e1 faz alguns anos que tentamos ver os lari\u00e7os dourados nas Dolomitas. Eles ficam dourados por muito pouco tempo antes de perderem as folhas, e infelizmente cada ano \u00e9 um pouco diferente. <strong>Podem come\u00e7ar a ficar dourados j\u00e1 no final de setembro. A melhor \u00e9poca para visitar as Dolomitas para ver essa magia \u00e9 o in\u00edcio de outubro. Se quiser v\u00ea-los em todo o esplendor, v\u00e1 ao Lago Federa.<\/strong><\/p>\n\n\n\n<h2 class=\"wp-block-heading\"><span class=\"ez-toc-section\" id=\"Como_planejar_as_Dolomitas_roteiro_de_5_a_7_dias\"><\/span><span class=\"ez-toc-section\" id=\"Como_planejar_as_Dolomitas_roteiro_de_5_a_7_dias\"><\/span><span class=\"ez-toc-section\" id=\"roteiro-dolomitas-5-7-dias\" ez-toc-data-id=\"#roteiro-dolomitas-5-7-dias\"><\/span>Como planejar as Dolomitas: roteiro de 5 a 7 dias<span class=\"ez-toc-section-end\"><\/span><span class=\"ez-toc-section-end\"><\/span><\/h2>\n\n\n\n<p>A pergunta que mais recebemos \u00e9: &#8220;Quantos dias preciso nas Dolomitas?&#8221; Nossa resposta: no m\u00ednimo 5, idealmente 7. As Dolomitas s\u00e3o extensas e os deslocamentos entre os pontos levam tempo \u2014 as estradas s\u00e3o de montanha, sinuosas e lotadas na temporada.<\/p>\n\n\n\n<p><strong>Dia 1\u20132: Regi\u00e3o de Cortina d&#8217;Ampezzo<\/strong><br>Chegada e aclimata\u00e7\u00e3o. Tre Cime di Lavaredo (dia inteiro \u2014 n\u00e3o esque\u00e7a a reserva!), Lago di Sorapis (dia inteiro \u2014 aten\u00e7\u00e3o, trilha mais exigente). \u00c0 noite, passeio por Cortina e um bom jantar na Corso Italia.<\/p>\n\n\n\n<p><strong>Dia 3: Cinque Torri e arredores<\/strong><br>Pela manh\u00e3, Cinque Torri (saindo do Passo Giau, nossa rota favorita); \u00e0 tarde, Lago Federa ou Lago Limides. Ambos ficam relativamente perto e podem ser combinados.<\/p>\n\n\n\n<p><strong>Dia 4: Mudan\u00e7a para Val Gardena \/ Seiser Alm<\/strong><br>No caminho, pare no Passo Giau e Passo Sella (fotos, caminhada curta, caf\u00e9 com vista para Sassolungo). \u00c0 tarde, chegada em Ortisei ou Santa Cristina. Se sobrar tempo, Seceda no p\u00f4r do sol.<\/p>\n\n\n\n<p><strong>Dia 5: Seiser Alm (Alpe di Siusi)<\/strong><br>Dia inteiro no maior prado alpino da Europa. Telef\u00e9rico para o alto, caminhada pelo prado, almo\u00e7o em ref\u00fagio de montanha. Com crian\u00e7as \u00e9 perfeito \u2014 terreno plano, vistas para o Sassolungo em cada passo.<\/p>\n\n\n\n<p><strong>Dia 6: Val di Funes e arredores<\/strong><br>De manh\u00e3, fotos da igrejinha de S\u00e3o Jo\u00e3o na luz matinal, trilha Adolf Munkel Weg sob os pared\u00f5es de Odle. \u00c0 tarde, Lago di Carezza no caminho para o sul \u2014 parada r\u00e1pida, mas que vale a pena.<\/p>\n\n\n\n<p><strong>Dia 7: Lago di Braies e partida<\/strong><br>Visita ao Lago di Braies (saia bem cedo!) ou circuito pelas passagens de montanha. Partida em dire\u00e7\u00e3o ao Passo do Brenner de volta para casa.<\/p>\n\n\n\n<p><strong>Dica:<\/strong> N\u00e3o tenha medo de ajustar o plano de acordo com o clima. Nas Dolomitas, o tempo muda r\u00e1pido \u2014 tenha sempre uma atividade &#8220;reserva&#8221; para caso de chuva (museu em Cortina, spa, compras em Bolzano).<\/p>\n\n\n\n<h2 class=\"wp-block-heading\"><span class=\"ez-toc-section\" id=\"Como_chegar_as_Dolomitas_o_que_voce_precisa_saber\"><\/span><span class=\"ez-toc-section\" id=\"Como_chegar_as_Dolomitas_o_que_voce_precisa_saber\"><\/span><span class=\"ez-toc-section\" id=\"como-chegar-dolomitas\" ez-toc-data-id=\"#como-chegar-dolomitas\"><\/span>Como chegar \u00e0s Dolomitas: o que voc\u00ea precisa saber<span class=\"ez-toc-section-end\"><\/span><span class=\"ez-toc-section-end\"><\/span><\/h2>\n\n\n\n<p><strong>Saindo do Brasil:<\/strong> A forma mais pr\u00e1tica \u00e9 voar at\u00e9 Mil\u00e3o (Malpensa ou Linate), Veneza (Marco Polo) ou Munique, e de l\u00e1 alugar um carro. De Veneza, s\u00e3o cerca de 2 horas de carro at\u00e9 Cortina d&#8217;Ampezzo; de Mil\u00e3o, aproximadamente 4 horas. Companhias como LATAM, ITA Airways e Lufthansa operam voos diretos ou com conex\u00e3o desde S\u00e3o Paulo e Rio de Janeiro. Outra op\u00e7\u00e3o \u00e9 pegar um trem de Veneza at\u00e9 Bolzano (cerca de 3 horas) e de l\u00e1 usar transporte local. Se optar por dirigir na \u00c1ustria no caminho (via Brenner), lembre-se de adquirir a vinheta digital de ped\u00e1gio austr\u00edaca e pagar o ped\u00e1gio do Passo do Brenner (~10 \u20ac por carro).<\/p>\n\n\n\n<p><strong>Estacionamento nas Dolomitas:<\/strong> Na temporada, esse \u00e9 provavelmente o maior desafio. A maioria dos pontos tur\u00edsticos populares tem estacionamentos pagos que lotam r\u00e1pido. Regras b\u00e1sicas:<\/p>\n\n\n\n<ul class=\"wp-block-list\">\n<li>No <strong>Lago di Braies<\/strong>, no ver\u00e3o \u00e9 obrigat\u00f3rio reservar vaga de estacionamento ou passagem do \u00f4nibus lan\u00e7adeira<\/li>\n\n\n\n<li><strong>Tre Cime<\/strong> \u2014 novo sistema de reservas desde 2025 (veja acima)<\/li>\n\n\n\n<li><strong>Seiser Alm<\/strong> \u2014 no ver\u00e3o, proibi\u00e7\u00e3o de carros particulares (9:00\u201317:00), \u00e9 preciso ir de telef\u00e9rico a partir de Ortisei ou de \u00f4nibus<\/li>\n\n\n\n<li>Em todo lugar vale a regra: <strong>quanto mais cedo de manh\u00e3 voc\u00ea chegar, melhor<\/strong><\/li>\n<\/ul>\n\n\n\n<p><strong>Dolomiti Supersummer Card:<\/strong> Se planeja usar telef\u00e9ricos, considere comprar o cart\u00e3o regional. Ele cobre dezenas de telef\u00e9ricos e transporte p\u00fablico na regi\u00e3o. O pre\u00e7o gira em torno de 50\u201370 \u20ac para 3 dias. Compensa se voc\u00ea for usar telef\u00e9rico pelo menos 2 vezes por dia.<\/p>\n\n\n\n<p>Para a viagem \u00e0s Dolomitas, recomendamos fortemente um <strong>seguro viagem<\/strong> \u2014 mesmo em trilhas simples, imprevistos acontecem, e um resgate de helic\u00f3ptero na It\u00e1lia custa milhares de euros. N\u00f3s usamos o <a class=\"thirstylink\" rel=\"nofollow noopener sponsored\" target=\"_blank\" title=\"SafetyWing Dolomity\" href=\"https:\/\/loudavymkrokem.cz\/doporucujeme\/safetywing-dolomity\/\" data-shortcode=\"true\">SafetyWing<\/a>, que tamb\u00e9m cobre atividades em montanha. Se planeja acampar, equipe-se com pelo menos um <strong><a href=\"https:\/\/www.nanospace.cz\/kwak-spaci-pytel-kunka\/\" target=\"_blank\" rel=\"noreferrer noopener\">saco de dormir 3 esta\u00e7\u00f5es<\/a><\/strong> \u2014 nas montanhas, mesmo no ver\u00e3o, as noites podem ser bem frias.<\/p>\n\n\n\n<p class=\"has-pale-cyan-blue-background-color has-background\"><em>Dica: <strong><a href=\"https:\/\/loudavymkrokem.cz\/jak-vybrat-spacak\/\">Leia nosso guia sobre como escolher um saco de dormir.<\/a><\/strong><\/em><\/p>\n\n\n\n<h2 class=\"wp-block-heading\"><span class=\"ez-toc-section\" id=\"Perguntas_frequentes_sobre_as_Dolomitas\"><\/span><span class=\"ez-toc-section\" id=\"Perguntas_frequentes_sobre_as_Dolomitas\"><\/span><span class=\"ez-toc-section\" id=\"faq-dolomitas\" ez-toc-data-id=\"#faq-dolomitas\"><\/span>Perguntas frequentes sobre as Dolomitas<span class=\"ez-toc-section-end\"><\/span><span class=\"ez-toc-section-end\"><\/span><\/h2>\n\n\n\n\n\n<h2 class=\"wp-block-heading\"><span class=\"ez-toc-section\" id=\"O_que_fazer_nas_Dolomitas_com_criancas\"><\/span><span class=\"ez-toc-section\" id=\"O_que_fazer_nas_Dolomitas_com_criancas\"><\/span><span class=\"ez-toc-section\" id=\"dolomitas-com-criancas-o-que-fazer\" ez-toc-data-id=\"#dolomitas-com-criancas-o-que-fazer\"><\/span>O que fazer nas Dolomitas com crian\u00e7as?<span class=\"ez-toc-section-end\"><\/span><span class=\"ez-toc-section-end\"><\/span><\/h2>\n\n\n\n<p>As Dolomitas s\u00e3o \u00f3timas para fam\u00edlias com crian\u00e7as, pois \u00e9 poss\u00edvel chegar a v\u00e1rios lugares incr\u00edveis de carrinho de beb\u00ea e subir de telef\u00e9rico. Com crian\u00e7as, d\u00e1 para fazer trilhas leves, andar a cavalo ou visitar parques de aventura, como o Adventure Park Colfosco.<\/p>\n","protected":false},"excerpt":{"rendered":"<p>Lugares ic\u00f4nicos dos Alpes italianos que voc\u00ea precisa conhecer, segundo viajantes que visitam a It\u00e1lia todos os anos. Dicas de trilhas, hospedagem e roteiro completo.<\/p>\n","protected":false},"author":3,"featured_media":55979,"comment_status":"open","ping_status":"closed","sticky":false,"template":"","format":"standard","meta":{"footnotes":"","rank_math_title":"Dolomitas It\u00e1lia: 15 Lugares Imperd\u00edveis + Guia 2026","rank_math_description":"Descubra os 15 lugares mais bonitos das Dolomitas na It\u00e1lia, com dicas de trilhas, hospedagem e roteiro de 5-7 dias. Planeje sua viagem agora!","rank_math_focus_keyword":"dolomitas it\u00e1lia","rank_math_seo_score":""},"categories":[1121,1137],"tags":[],"class_list":{"0":"post-143160","1":"post","2":"type-post","3":"status-publish","4":"format-standard","5":"has-post-thumbnail","7":"category-europa","8":"category-italia"},"featured_image_src":"https:\/\/loudavymkrokem.cz\/wp-content\/uploads\/2020\/03\/lucie-konecna-v-dolomitech.jpg","author_info":{"display_name":"Lucie Kone\u010dn\u00e1","author_link":"https:\/\/loudavymkrokem.cz\/pt-br\/author\/lucie-konecna\/"},"_links":{"self":[{"href":"https:\/\/loudavymkrokem.cz\/pt-br\/wp-json\/wp\/v2\/posts\/143160","targetHints":{"allow":["GET"]}}],"collection":[{"href":"https:\/\/loudavymkrokem.cz\/pt-br\/wp-json\/wp\/v2\/posts"}],"about":[{"href":"https:\/\/loudavymkrokem.cz\/pt-br\/wp-json\/wp\/v2\/types\/post"}],"author":[{"embeddable":true,"href":"https:\/\/loudavymkrokem.cz\/pt-br\/wp-json\/wp\/v2\/users\/3"}],"replies":[{"embeddable":true,"href":"https:\/\/loudavymkrokem.cz\/pt-br\/wp-json\/wp\/v2\/comments?post=143160"}],"version-history":[{"count":1,"href":"https:\/\/loudavymkrokem.cz\/pt-br\/wp-json\/wp\/v2\/posts\/143160\/revisions"}],"predecessor-version":[{"id":145180,"href":"https:\/\/loudavymkrokem.cz\/pt-br\/wp-json\/wp\/v2\/posts\/143160\/revisions\/145180"}],"wp:featuredmedia":[{"embeddable":true,"href":"https:\/\/loudavymkrokem.cz\/pt-br\/wp-json\/wp\/v2\/media\/55979"}],"wp:attachment":[{"href":"https:\/\/loudavymkrokem.cz\/pt-br\/wp-json\/wp\/v2\/media?parent=143160"}],"wp:term":[{"taxonomy":"category","embeddable":true,"href":"https:\/\/loudavymkrokem.cz\/pt-br\/wp-json\/wp\/v2\/categories?post=143160"},{"taxonomy":"post_tag","embeddable":true,"href":"https:\/\/loudavymkrokem.cz\/pt-br\/wp-json\/wp\/v2\/tags?post=143160"}],"curies":[{"name":"wp","href":"https:\/\/api.w.org\/{rel}","templated":true}]}}