{"id":418594,"date":"2026-09-04T20:50:25","date_gmt":"2026-09-04T18:50:25","guid":{"rendered":"https:\/\/loudavymkrokem.cz\/?p=418594"},"modified":"2026-09-06T02:57:08","modified_gmt":"2026-09-06T00:57:08","slug":"strasburg-francja-atrakcje","status":"publish","type":"post","link":"https:\/\/loudavymkrokem.cz\/pl\/strasburg-francja-atrakcje\/","title":{"rendered":"Strasburg we Francji: 18 pomys\u0142\u00f3w, co zobaczy\u0107 i zwiedzi\u0107"},"content":{"rendered":"\n<p class=\"wp-block-paragraph\">Strasburg (Francja) wi\u0119kszo\u015b\u0107 z nas od razu kojarzy z zapachem grzanego wina i morzem \u015bwi\u0105tecznych \u015bwiate\u0142ek, ale prawda jest taka, \u017ce <strong>to miasto ma co\u015b do zaoferowania r\u00f3wnie\u017c przez pozosta\u0142e jedena\u015bcie miesi\u0119cy w roku<\/strong>. Podczas gdy w grudniu p\u0119ka w szwach, a ceny szybuj\u0105 w g\u00f3r\u0119, poza okresem adwentu zmienia si\u0119 w spokojniejsz\u0105 i <strong>znacznie ta\u0144sz\u0105 destynacj\u0119<\/strong>, w kt\u00f3rej francuska elegancja \u0142\u0105czy si\u0119 z niemieck\u0105 precyzj\u0105. W ci\u0105gu ostatniego stulecia przynale\u017cno\u015b\u0107 pa\u0144stwowa zmienia\u0142a si\u0119 tu a\u017c czterokrotnie, co pozostawi\u0142o niezatarty \u015blad na architekturze, miejscowym j\u0119zyku i wybornej gastronomii.<\/p>\n\n\n\n<p class=\"wp-block-paragraph\">Znajdziesz tu <strong>historyczn\u0105 dzielnic\u0119 wpisan\u0105 na list\u0119 UNESCO<\/strong>, monumentaln\u0105 gotyck\u0105 katedr\u0119 oraz nowoczesne szklane budynki Parlamentu Europejskiego, kt\u00f3re razem tworz\u0105 absolutnie wyj\u0105tkow\u0105 atmosfer\u0119. Mo\u017cesz b\u0142\u0105dzi\u0107 malowniczymi uliczkami pe\u0142nymi dom\u00f3w z muru pruskiego, obserwowa\u0107 \u0142odzie na kana\u0142ach wodnych albo po prostu usi\u0105\u015b\u0107 w kawiarni i <strong>ch\u0142on\u0105\u0107 ten niesamowity luz bez t\u0142um\u00f3w turyst\u00f3w<\/strong>. Strasburg to po prostu miasto dw\u00f3ch to\u017csamo\u015bci, kt\u00f3re zaskoczy ci\u0119 na ka\u017cdym kroku.<\/p>\n\n\n\n<p class=\"wp-block-paragraph\">Je\u015bli szukasz idealnego miejsca na przed\u0142u\u017cony weekend, gdzie <strong>historia przeplata si\u0119 z t\u0119tni\u0105cym \u017cyciem wsp\u00f3\u0142czesno\u015bci\u0105<\/strong>, w\u0142a\u015bnie je znalaz\u0142e\u015b. Przygotowa\u0142am dla ciebie szczeg\u00f3\u0142owy przewodnik, kt\u00f3ry poka\u017ce ci najwi\u0119ksze skarby miasta i podpowie, jak w pe\u0142ni wykorzysta\u0107 wizyt\u0119 bez wzgl\u0119du na to, o jakiej porze roku si\u0119 tu wybierzesz.<\/p>\n\n\n\n<figure data-wp-context=\"{&quot;imageId&quot;:&quot;6a9cffe5a4f5d&quot;}\" data-wp-interactive=\"core\/image\" data-wp-key=\"6a9cffe5a4f5d\" class=\"wp-block-image size-full wp-lightbox-container\"><img decoding=\"async\" width=\"1920\" height=\"2454\" data-wp-class--hide=\"state.isContentHidden\" data-wp-class--show=\"state.isContentVisible\" data-wp-init=\"callbacks.setButtonStyles\" data-wp-on--click=\"actions.showLightbox\" data-wp-on--load=\"callbacks.setButtonStyles\" data-wp-on--pointerdown=\"actions.preloadImage\" data-wp-on--pointerenter=\"actions.preloadImageWithDelay\" data-wp-on--pointerleave=\"actions.cancelPreload\" data-wp-on-window--resize=\"callbacks.setButtonStyles\" src=\"https:\/\/loudavymkrokem.cz\/wp-content\/uploads\/2026\/09\/katedrala-notre-dame-ve-strasburku-af4b864e.jpg\" alt=\"Katedra Notre-Dame w Strasburgu\" class=\"wp-image-413376\" title=\"\" srcset=\"https:\/\/loudavymkrokem.cz\/wp-content\/uploads\/2026\/09\/katedrala-notre-dame-ve-strasburku-af4b864e.jpg 1920w, https:\/\/loudavymkrokem.cz\/wp-content\/uploads\/2026\/09\/katedrala-notre-dame-ve-strasburku-af4b864e-235x300.jpg 235w, https:\/\/loudavymkrokem.cz\/wp-content\/uploads\/2026\/09\/katedrala-notre-dame-ve-strasburku-af4b864e-700x895.jpg 700w, https:\/\/loudavymkrokem.cz\/wp-content\/uploads\/2026\/09\/katedrala-notre-dame-ve-strasburku-af4b864e-768x982.jpg 768w, https:\/\/loudavymkrokem.cz\/wp-content\/uploads\/2026\/09\/katedrala-notre-dame-ve-strasburku-af4b864e-1202x1536.jpg 1202w, https:\/\/loudavymkrokem.cz\/wp-content\/uploads\/2026\/09\/katedrala-notre-dame-ve-strasburku-af4b864e-1602x2048.jpg 1602w, https:\/\/loudavymkrokem.cz\/wp-content\/uploads\/2026\/09\/katedrala-notre-dame-ve-strasburku-af4b864e-696x890.jpg 696w, https:\/\/loudavymkrokem.cz\/wp-content\/uploads\/2026\/09\/katedrala-notre-dame-ve-strasburku-af4b864e-1392x1779.jpg 1392w\" sizes=\"(max-width: 1920px) 100vw, 1920px\" \/><button\n\t\t\tclass=\"lightbox-trigger\"\n\t\t\ttype=\"button\"\n\t\t\taria-haspopup=\"dialog\"\n\t\t\tdata-wp-bind--aria-label=\"state.thisImage.triggerButtonAriaLabel\"\n\t\t\tdata-wp-init=\"callbacks.initTriggerButton\"\n\t\t\tdata-wp-on--click=\"actions.showLightbox\"\n\t\t\tdata-wp-style--right=\"state.thisImage.buttonRight\"\n\t\t\tdata-wp-style--top=\"state.thisImage.buttonTop\"\n\t\t>\n\t\t\t<svg xmlns=\"http:\/\/www.w3.org\/2000\/svg\" width=\"12\" height=\"12\" fill=\"none\" viewBox=\"0 0 12 12\">\n\t\t\t\t<path fill=\"#fff\" d=\"M2 0a2 2 0 0 0-2 2v2h1.5V2a.5.5 0 0 1 .5-.5h2V0H2Zm2 10.5H2a.5.5 0 0 1-.5-.5V8H0v2a2 2 0 0 0 2 2h2v-1.5ZM8 12v-1.5h2a.5.5 0 0 0 .5-.5V8H12v2a2 2 0 0 1-2 2H8Zm2-12a2 2 0 0 1 2 2v2h-1.5V2a.5.5 0 0 0-.5-.5H8V0h2Z\" \/>\n\t\t\t<\/svg>\n\t\t<\/button><figcaption class=\"wp-element-caption\">Foto: Diliff \/ Wikimedia Commons, CC BY-SA 3.0<\/figcaption><\/figure>\n\n\n\n<div id=\"ez-toc-container\" class=\"ez-toc-v2_0_87 ez-toc-wrap-left counter-hierarchy ez-toc-counter ez-toc-grey ez-toc-container-direction\">\n<div class=\"ez-toc-title-container\">\n<p class=\"ez-toc-title\" style=\"cursor:inherit\">Tre\u015b\u0107 artyku\u0142u<\/p>\n<span class=\"ez-toc-title-toggle\"><a href=\"#\" class=\"ez-toc-pull-right ez-toc-btn ez-toc-btn-xs ez-toc-btn-default ez-toc-toggle\" aria-label=\"Prze\u0142\u0105cznik Spisu Tre\u015bci\"><span class=\"ez-toc-js-icon-con\"><span class=\"\"><span class=\"eztoc-hide\" style=\"display:none;\">Toggle<\/span><span class=\"ez-toc-icon-toggle-span\"><svg style=\"fill: #999;color:#999\" xmlns=\"http:\/\/www.w3.org\/2000\/svg\" class=\"list-377408\" width=\"20px\" height=\"20px\" viewBox=\"0 0 24 24\" fill=\"none\"><path d=\"M6 6H4v2h2V6zm14 0H8v2h12V6zM4 11h2v2H4v-2zm16 0H8v2h12v-2zM4 16h2v2H4v-2zm16 0H8v2h12v-2z\" fill=\"currentColor\"><\/path><\/svg><svg style=\"fill: #999;color:#999\" class=\"arrow-unsorted-368013\" xmlns=\"http:\/\/www.w3.org\/2000\/svg\" width=\"10px\" height=\"10px\" viewBox=\"0 0 24 24\" version=\"1.2\" baseProfile=\"tiny\"><path d=\"M18.2 9.3l-6.2-6.3-6.2 6.3c-.2.2-.3.4-.3.7s.1.5.3.7c.2.2.4.3.7.3h11c.3 0 .5-.1.7-.3.2-.2.3-.5.3-.7s-.1-.5-.3-.7zM5.8 14.7l6.2 6.3 6.2-6.3c.2-.2.3-.5.3-.7s-.1-.5-.3-.7c-.2-.2-.4-.3-.7-.3h-11c-.3 0-.5.1-.7.3-.2.2-.3.5-.3.7s.1.5.3.7z\"\/><\/svg><\/span><\/span><\/span><\/a><\/span><\/div>\n<nav><ul class='ez-toc-list ez-toc-list-level-1 ' ><ul class='ez-toc-list-level-3' ><li class='ez-toc-heading-level-3'><a class=\"ez-toc-link ez-toc-heading-1\" href=\"https:\/\/loudavymkrokem.cz\/pl\/strasburg-francja-atrakcje\/#Podsumowanie_dla_tych_ktorzy_nie_maja_czasu_czytac_calego_artykulu\" >Podsumowanie dla tych, kt\u00f3rzy nie maj\u0105 czasu czyta\u0107 ca\u0142ego artyku\u0142u<\/a><\/li><\/ul><\/li><li class='ez-toc-page-1 ez-toc-heading-level-2'><a class=\"ez-toc-link ez-toc-heading-2\" href=\"https:\/\/loudavymkrokem.cz\/pl\/strasburg-francja-atrakcje\/#Kiedy_wybrac_sie_do_Strasburga_we_Francji\" >Kiedy wybra\u0107 si\u0119 do Strasburga we Francji<\/a><\/li><li class='ez-toc-page-1 ez-toc-heading-level-2'><a class=\"ez-toc-link ez-toc-heading-3\" href=\"https:\/\/loudavymkrokem.cz\/pl\/strasburg-francja-atrakcje\/#Gdzie_sie_zatrzymac_w_Strasburgu\" >Gdzie si\u0119 zatrzyma\u0107 w Strasburgu<\/a><\/li><li class='ez-toc-page-1 ez-toc-heading-level-2'><a class=\"ez-toc-link ez-toc-heading-4\" href=\"https:\/\/loudavymkrokem.cz\/pl\/strasburg-francja-atrakcje\/#18_pomyslow_co_zobaczyc_i_zwiedzic_w_Strasburgu_we_Francji\" >18 pomys\u0142\u00f3w, co zobaczy\u0107 i zwiedzi\u0107 w Strasburgu we Francji<\/a><ul class='ez-toc-list-level-3' ><li class='ez-toc-heading-level-3'><a class=\"ez-toc-link ez-toc-heading-5\" href=\"https:\/\/loudavymkrokem.cz\/pl\/strasburg-francja-atrakcje\/#1_Cathedrale_Notre-Dame-de-Strasbourg\" >1. Cath\u00e9drale Notre-Dame-de-Strasbourg<\/a><\/li><li class='ez-toc-page-1 ez-toc-heading-level-3'><a class=\"ez-toc-link ez-toc-heading-6\" href=\"https:\/\/loudavymkrokem.cz\/pl\/strasburg-francja-atrakcje\/#2_Zegar_astronomiczny_z_XVI_wieku\" >2. Zegar astronomiczny z XVI wieku<\/a><\/li><li class='ez-toc-page-1 ez-toc-heading-level-3'><a class=\"ez-toc-link ez-toc-heading-7\" href=\"https:\/\/loudavymkrokem.cz\/pl\/strasburg-francja-atrakcje\/#3_Wejscie_na_platforme_widokowa_katedry\" >3. Wej\u015bcie na platform\u0119 widokow\u0105 katedry<\/a><\/li><li class='ez-toc-page-1 ez-toc-heading-level-3'><a class=\"ez-toc-link ez-toc-heading-8\" href=\"https:\/\/loudavymkrokem.cz\/pl\/strasburg-francja-atrakcje\/#4_Petite_France_Mala_Francja\" >4. Petite France (Ma\u0142a Francja)<\/a><\/li><li class='ez-toc-page-1 ez-toc-heading-level-3'><a class=\"ez-toc-link ez-toc-heading-9\" href=\"https:\/\/loudavymkrokem.cz\/pl\/strasburg-francja-atrakcje\/#5_Ponts_Couverts_de_Strasbourg\" >5. Ponts Couverts de Strasbourg<\/a><\/li><li class='ez-toc-page-1 ez-toc-heading-level-3'><a class=\"ez-toc-link ez-toc-heading-10\" href=\"https:\/\/loudavymkrokem.cz\/pl\/strasburg-francja-atrakcje\/#6_Barrage_Vauban\" >6. Barrage Vauban<\/a><\/li><li class='ez-toc-page-1 ez-toc-heading-level-3'><a class=\"ez-toc-link ez-toc-heading-11\" href=\"https:\/\/loudavymkrokem.cz\/pl\/strasburg-francja-atrakcje\/#7_Rejs_kanalami_Batorama\" >7. Rejs kana\u0142ami Batorama<\/a><\/li><li class='ez-toc-page-1 ez-toc-heading-level-3'><a class=\"ez-toc-link ez-toc-heading-12\" href=\"https:\/\/loudavymkrokem.cz\/pl\/strasburg-francja-atrakcje\/#8_Parlament_Europejski\" >8. Parlament Europejski<\/a><\/li><li class='ez-toc-page-1 ez-toc-heading-level-3'><a class=\"ez-toc-link ez-toc-heading-13\" href=\"https:\/\/loudavymkrokem.cz\/pl\/strasburg-francja-atrakcje\/#9_Parlamentarium_Simone_Veil\" >9. Parlamentarium Simone Veil<\/a><\/li><li class='ez-toc-page-1 ez-toc-heading-level-3'><a class=\"ez-toc-link ez-toc-heading-14\" href=\"https:\/\/loudavymkrokem.cz\/pl\/strasburg-francja-atrakcje\/#10_Rada_Europy_i_dzielnica_instytucji\" >10. Rada Europy i dzielnica instytucji<\/a><\/li><li class='ez-toc-page-1 ez-toc-heading-level-3'><a class=\"ez-toc-link ez-toc-heading-15\" href=\"https:\/\/loudavymkrokem.cz\/pl\/strasburg-francja-atrakcje\/#11_Grande_Ile_pierwsza_dzielnica_na_liscie_UNESCO\" >11. Grande \u00cele (pierwsza dzielnica na li\u015bcie UNESCO)<\/a><\/li><li class='ez-toc-page-1 ez-toc-heading-level-3'><a class=\"ez-toc-link ez-toc-heading-16\" href=\"https:\/\/loudavymkrokem.cz\/pl\/strasburg-francja-atrakcje\/#12_Neustadt_niemiecka_dzielnica_cesarska\" >12. Neustadt (niemiecka dzielnica cesarska)<\/a><\/li><li class='ez-toc-page-1 ez-toc-heading-level-3'><a class=\"ez-toc-link ez-toc-heading-17\" href=\"https:\/\/loudavymkrokem.cz\/pl\/strasburg-francja-atrakcje\/#13_Place_Kleber\" >13. Place Kl\u00e9ber<\/a><\/li><li class='ez-toc-page-1 ez-toc-heading-level-3'><a class=\"ez-toc-link ez-toc-heading-18\" href=\"https:\/\/loudavymkrokem.cz\/pl\/strasburg-francja-atrakcje\/#14_Parc_de_lOrangerie\" >14. Parc de l&#8217;Orangerie<\/a><\/li><li class='ez-toc-page-1 ez-toc-heading-level-3'><a class=\"ez-toc-link ez-toc-heading-19\" href=\"https:\/\/loudavymkrokem.cz\/pl\/strasburg-francja-atrakcje\/#15_Parc_de_lEtoile\" >15. Parc de l&#8217;\u00c9toile<\/a><\/li><li class='ez-toc-page-1 ez-toc-heading-level-3'><a class=\"ez-toc-link ez-toc-heading-20\" href=\"https:\/\/loudavymkrokem.cz\/pl\/strasburg-francja-atrakcje\/#16_Palais_Rohan\" >16. Palais Rohan<\/a><\/li><li class='ez-toc-page-1 ez-toc-heading-level-3'><a class=\"ez-toc-link ez-toc-heading-21\" href=\"https:\/\/loudavymkrokem.cz\/pl\/strasburg-francja-atrakcje\/#17_Strasbourg_Museum_of_Modern_and_Contemporary_Art_MAMCS\" >17. Strasbourg Museum of Modern and Contemporary Art (MAMCS)<\/a><\/li><li class='ez-toc-page-1 ez-toc-heading-level-3'><a class=\"ez-toc-link ez-toc-heading-22\" href=\"https:\/\/loudavymkrokem.cz\/pl\/strasburg-francja-atrakcje\/#18_Musee_Alsacien\" >18. Mus\u00e9e Alsacien<\/a><\/li><\/ul><\/li><li class='ez-toc-page-1 ez-toc-heading-level-2'><a class=\"ez-toc-link ez-toc-heading-23\" href=\"https:\/\/loudavymkrokem.cz\/pl\/strasburg-francja-atrakcje\/#Dokad_dalej_ze_Strasburga\" >Dok\u0105d dalej ze Strasburga<\/a><\/li><li class='ez-toc-page-1 ez-toc-heading-level-2'><a class=\"ez-toc-link ez-toc-heading-24\" href=\"https:\/\/loudavymkrokem.cz\/pl\/strasburg-francja-atrakcje\/#Czesto_zadawane_pytania\" >Cz\u0119sto zadawane pytania<\/a><ul class='ez-toc-list-level-3' ><li class='ez-toc-heading-level-3'><a class=\"ez-toc-link ez-toc-heading-25\" href=\"https:\/\/loudavymkrokem.cz\/pl\/strasburg-francja-atrakcje\/#Kiedy_odbywaja_sie_targi_bozonarodzeniowe_w_roku_2026\" >Kiedy odbywaj\u0105 si\u0119 targi bo\u017conarodzeniowe w roku 2026?<\/a><\/li><li class='ez-toc-page-1 ez-toc-heading-level-3'><a class=\"ez-toc-link ez-toc-heading-26\" href=\"https:\/\/loudavymkrokem.cz\/pl\/strasburg-francja-atrakcje\/#Jak_dziala_system_parkowania_Park_and_Ride\" >Jak dzia\u0142a system parkowania Park and Ride?<\/a><\/li><li class='ez-toc-page-1 ez-toc-heading-level-3'><a class=\"ez-toc-link ez-toc-heading-27\" href=\"https:\/\/loudavymkrokem.cz\/pl\/strasburg-francja-atrakcje\/#Ile_dni_przeznaczyc_na_zwiedzanie_miasta\" >Ile dni przeznaczy\u0107 na zwiedzanie miasta?<\/a><\/li><li class='ez-toc-page-1 ez-toc-heading-level-3'><a class=\"ez-toc-link ez-toc-heading-28\" href=\"https:\/\/loudavymkrokem.cz\/pl\/strasburg-francja-atrakcje\/#Czy_zwiedzanie_Parlamentu_Europejskiego_jest_platne\" >Czy zwiedzanie Parlamentu Europejskiego jest p\u0142atne?<\/a><\/li><li class='ez-toc-page-1 ez-toc-heading-level-3'><a class=\"ez-toc-link ez-toc-heading-29\" href=\"https:\/\/loudavymkrokem.cz\/pl\/strasburg-francja-atrakcje\/#Jak_najlepiej_poruszac_sie_po_centrum_miasta\" >Jak najlepiej porusza\u0107 si\u0119 po centrum miasta?<\/a><\/li><li class='ez-toc-page-1 ez-toc-heading-level-3'><a class=\"ez-toc-link ez-toc-heading-30\" href=\"https:\/\/loudavymkrokem.cz\/pl\/strasburg-francja-atrakcje\/#Czy_Strasburg_jest_drogim_miastem\" >Czy Strasburg jest drogim miastem?<\/a><\/li><li class='ez-toc-page-1 ez-toc-heading-level-3'><a class=\"ez-toc-link ez-toc-heading-31\" href=\"https:\/\/loudavymkrokem.cz\/pl\/strasburg-francja-atrakcje\/#Czy_miasto_nadaje_sie_dla_wegetarian\" >Czy miasto nadaje si\u0119 dla wegetarian?<\/a><\/li><li class='ez-toc-page-1 ez-toc-heading-level-3'><a class=\"ez-toc-link ez-toc-heading-32\" href=\"https:\/\/loudavymkrokem.cz\/pl\/strasburg-francja-atrakcje\/#Ktore_miejsca_sa_najlepsze_do_robienia_zdjec\" >Kt\u00f3re miejsca s\u0105 najlepsze do robienia zdj\u0119\u0107?<\/a><\/li><\/ul><\/li><\/ul><\/nav><\/div>\n<h3 class=\"wp-block-heading\"><span class=\"ez-toc-section\" id=\"Podsumowanie_dla_tych_ktorzy_nie_maja_czasu_czytac_calego_artykulu\"><\/span>Podsumowanie dla tych, kt\u00f3rzy nie maj\u0105 czasu czyta\u0107 ca\u0142ego artyku\u0142u<span class=\"ez-toc-section-end\"><\/span><\/h3>\n\n\n\n<ul class=\"wp-block-list\">\n\n<li><strong>Najch\u0119tniej odwiedzany zabytek:<\/strong> <a href=\"https:\/\/www.cathedrale-strasbourg.fr\/\" target=\"_blank\" rel=\"nofollow noopener\">Cath\u00e9drale Notre-Dame-de-Strasbourg<\/a> z unikatowym zegarem astronomicznym z XVI wieku.<\/li>\n\n\n\n<li><strong>Najcz\u0119\u015bciej fotografowane miejsca:<\/strong> Malownicza dzielnica Petite France (Ma\u0142a Francja) z domami z muru pruskiego i kana\u0142ami.<\/li>\n\n\n\n<li><strong>Najlepszy punkt widokowy za darmo:<\/strong> Taras na historycznej tamie Barrage Vauban, sk\u0105d zrobisz najpi\u0119kniejsze zdj\u0119cia.<\/li>\n\n\n\n<li><strong>Wyj\u0105tkowe prze\u017cycie:<\/strong> Bezp\u0142atne zwiedzanie Parlamentu Europejskiego oraz interaktywnego centrum Parlamentarium Simone Veil.<\/li>\n\n\n\n<li><strong>Transport po mie\u015bcie:<\/strong> Centrum jest raczej nieprzyjazne dla aut, dlatego najbardziej op\u0142aca si\u0119 skorzysta\u0107 z systemu parking\u00f3w Park and Ride w po\u0142\u0105czeniu z tramwajem.<\/li>\n\n\n\n<li><strong>Kiedy jecha\u0107:<\/strong> Dla najlepszego stosunku ceny do pogody polecam maj, czerwiec lub wrzesie\u0144, natomiast dla najni\u017cszych cen hoteli idealny jest stycze\u0144.<\/li>\n\n\n\n<li><strong>Dziedzictwo \u015bwiatowe:<\/strong> Ca\u0142a historyczna dzielnica Grande \u00cele oraz m\u0142odsza niemiecka Neustadt s\u0105 wpisane na list\u0119 UNESCO.<\/li>\n\n\n<\/ul>\n\n\n\n<h2 class=\"wp-block-heading\"><span class=\"ez-toc-section\" id=\"Kiedy_wybrac_sie_do_Strasburga_we_Francji\"><\/span>Kiedy wybra\u0107 si\u0119 do Strasburga we Francji<span class=\"ez-toc-section-end\"><\/span><\/h2>\n\n\n\n<p class=\"wp-block-paragraph\">Zaplanowanie terminu jest w przypadku tego miasta absolutnie kluczowe, poniewa\u017c <strong>sezonowo\u015b\u0107 ekstremalnie wp\u0142ywa tu na ceny nocleg\u00f3w<\/strong>. Je\u015bli wybierzesz si\u0119 w grudniu podczas s\u0142ynnego jarmarku, przygotuj si\u0119 na to, \u017ce hotele w centrum mog\u0105 kosztowa\u0107 nawet trzykrotno\u015b\u0107 swojej zwyk\u0142ej letniej ceny. Z kolei w styczniu czy lutym do\u015bwiadczysz miasta zupe\u0142nie bez t\u0142um\u00f3w, a <strong>przy odrobinie szcz\u0119\u015bcia za\u0142apiesz si\u0119 na luksusowy pok\u00f3j za u\u0142amek zimowej kwoty<\/strong>. Miesi\u0105ce wiosenne i jesienne stanowi\u0105 natomiast idealny kompromis dla tych, kt\u00f3rzy chc\u0105 zaoszcz\u0119dzi\u0107, a jednocze\u015bnie cieszy\u0107 si\u0119 \u0142adn\u0105 pogod\u0105.<\/p>\n\n\n\n<p class=\"wp-block-paragraph\">Najprzyjemniejsza pogoda na d\u0142ugie spacery wzd\u0142u\u017c kana\u0142\u00f3w czeka na ciebie <strong>w maju, czerwcu i wrze\u015bniu<\/strong>, gdy temperatury utrzymuj\u0105 si\u0119 na bardzo mi\u0142ym poziomie, a dni s\u0105 odpowiednio d\u0142ugie. Latem w kamiennym centrum mo\u017ce by\u0107 do\u015b\u0107 gor\u0105co, ale dzi\u0119ki wszechobecnej wodzie i rozleg\u0142ym parkom da si\u0119 to bez problemu wytrzyma\u0107. Je\u015bli nie przeszkadza ci nieco bardziej wilgotna aura, <strong>wczesna wiosna ods\u0142oni miasto w pi\u0119knie melancholijnym nastroju<\/strong>, gdy miejscowe kawiarnie powoli budz\u0105 si\u0119 do \u017cycia, a ulice nale\u017c\u0105 tylko do mieszka\u0144c\u00f3w.<\/p>\n\n\n\n<p class=\"wp-block-paragraph\">W 2026 roku s\u0142ynny jarmark bo\u017conarodzeniowy trwa od pi\u0105tku 27 listopada do niedzieli 27 grudnia. Rozci\u0105ga si\u0119 on a\u017c na jedenastu r\u00f3\u017cnych placach w ca\u0142ej historycznej dzielnicy Grande \u00cele, przy czym najbardziej znane znajdziesz na Place Broglie, Place de la Cath\u00e9drale albo w uliczkach Petite France. Je\u015bli interesuje ci\u0119 przede wszystkim ten magiczny okres i nie przeszkadza ci wyra\u017anie wy\u017cszy bud\u017cet, <strong>koniecznie przeczytaj nasz osobny artyku\u0142 <a href=\"https:\/\/loudavymkrokem.cz\/pl\/strasburg-francja-jarmark-bozonarodzeniowy\/\">Jarmark bo\u017conarodzeniowy w Strasburgu<\/a><\/strong>, gdzie znajdziesz szczeg\u00f3\u0142ow\u0105 map\u0119 lokalizacji, miejscowe zwyczaje i konkretne wskaz\u00f3wki dotycz\u0105ce tradycyjnych przysmak\u00f3w.<\/p>\n\n\n\n<h2 class=\"wp-block-heading\"><span class=\"ez-toc-section\" id=\"Gdzie_sie_zatrzymac_w_Strasburgu\"><\/span>Gdzie si\u0119 zatrzyma\u0107 w Strasburgu<span class=\"ez-toc-section-end\"><\/span><\/h2>\n\n\n\n<p class=\"wp-block-paragraph\">Wyb\u00f3r odpowiedniej lokalizacji noclegu oszcz\u0119dzi ci sporo czasu i pieni\u0119dzy na komunikacj\u0119 miejsk\u0105. Najbardziej urokliwa, ale logicznie tak\u017ce najdro\u017csza, jest <strong>historyczna dzielnica Grande \u00cele i jej cz\u0119\u015b\u0107 Petite France<\/strong>, gdzie wszystkie g\u0142\u00f3wne zabytki b\u0119dziesz mie\u0107 zaledwie kilka krok\u00f3w od \u0142\u00f3\u017cka. Je\u015bli szukasz czego\u015b spokojniejszego i bardziej przyst\u0119pnego cenowo, <strong>polecam rozejrze\u0107 si\u0119 po dzielnicy Neustadt<\/strong>, kt\u00f3ra oferuje przepi\u0119kn\u0105 architektur\u0119, a do samego centrum dojdziesz przyjemnym spacerem w nieca\u0142e dziesi\u0119\u0107 minut.<\/p>\n\n\n\n<p class=\"wp-block-paragraph\">Rezerwacji pokoju zdecydowanie nie zostawiaj na ostatni\u0105 chwil\u0119 i <strong>zawsze polecam korzysta\u0107 ze sprawdzonych portali jak <a class=\"thirstylink\" rel=\"nofollow\" target=\"_blank\" title=\"Booking.com\" href=\"https:\/\/loudavymkrokem.cz\/doporucujeme\/booking-com\/\" data-shortcode=\"true\">Booking<\/a><\/strong>, gdzie znajdziesz najlepszy przegl\u0105d aktualnych cen. Zw\u0142aszcza w okresie adwentu wi\u0119kszo\u015b\u0107 miejsc bywa rozchwytana ju\u017c p\u00f3\u0142 roku wcze\u015bniej. Na podstawie recenzji innych podr\u00f3\u017cnych i uwa\u017cnego przegl\u0105dania Bookingu wybra\u0142am dla ciebie kilka hoteli o \u015bwietnym stosunku jako\u015bci do ceny:<\/p>\n\n\n\n<p class=\"wp-block-paragraph\"><strong>H\u00f4tel Cour du Corbeau Strasbourg \u2013 MGallery<\/strong> to prawdziwe architektoniczne cudo i jedno z najpi\u0119kniejszych miejsc na nocleg w ca\u0142ym mie\u015bcie. Mie\u015bci si\u0119 w pi\u0119knie odrestaurowanym historycznym domu z drewnianymi kru\u017cgankami z XVI wieku i <strong>oferuje niezapomnian\u0105 romantyczn\u0105 atmosfer\u0119<\/strong> tu\u017c nad kana\u0142em. Go\u015bcie z zachwytem donosz\u0105, \u017ce \u015bniadania s\u0105 tu grzesznie obfite, a spok\u00f3j wr\u0119cz zaskakuj\u0105cy, mimo \u017ce do katedry idzie si\u0119 pi\u0119\u0107 minut.<\/p>\n\n\n\n<p class=\"wp-block-paragraph\">Je\u015bli wolisz raczej nowoczesny design i czyste linie, <strong>H\u00f4tel L\u00c9ONOR the place to live<\/strong> ma w sobie to co\u015b. Oferuje nowoczesne wn\u0119trza w historycznym budynku kawa\u0142ek od placu Broglie, a przede wszystkim pi\u0119kny wewn\u0119trzny dziedziniec, gdzie po ca\u0142ym dniu chodzenia napijesz si\u0119 kieliszka alzackiego wina.<\/p>\n\n\n\n<p class=\"wp-block-paragraph\">Dla podr\u00f3\u017cnych z nieco skromniejszym bud\u017cetem \u015bwietnym wyborem jest <strong>H\u00f4tel Gutenberg<\/strong>, kt\u00f3ry le\u017cy w absolutnie strategicznym miejscu kawa\u0142ek od g\u0142\u00f3wnego deptaka. Pokoje s\u0105 co prawda nieco mniejsze, ale <strong>wyr\u00f3\u017cniaj\u0105 si\u0119 perfekcyjn\u0105 czysto\u015bci\u0105 i bardzo wygodnymi \u0142\u00f3\u017ckami<\/strong>. Du\u017cym plusem jest wed\u0142ug go\u015bci r\u00f3wnie\u017c niezwykle uczynny personel, kt\u00f3ry ch\u0119tnie doradzi w orientacji w mie\u015bcie i poleci najlepsze lokalne piekarnie w okolicy. Je\u015bli chcia\u0142by\u015b sprawdzi\u0107 wi\u0119cej opcji w r\u00f3\u017cnych przedzia\u0142ach cenowych, zajrzyj do naszego szczeg\u00f3\u0142owego artyku\u0142u <a href=\"https:\/\/loudavymkrokem.cz\/pl\/strasburg-francja-hotele-dzielnice\/\">Gdzie mieszka\u0107 w Strasburgu<\/a>.<\/p>\n\n\n\n<p class=\"wp-block-paragraph\"><em>\ud83d\udca1 <a href=\"https:\/\/www.stay22.com\/allez\/roam?aid=lukaskonecny&#038;campaign=loudavymkrokemcz&#038;campaign=co-videt-ve-strasburku&#038;address=%C5%A0trasburk%2C%20Francie\" target=\"_blank\" rel=\"nofollow noopener sponsored\">Na tej mapie por\u00f3wnasz, co jest akurat wolne<\/a> \u2014 od razu zobaczysz, o ile taniej wyjdzie nocleg kilka przystank\u00f3w od centrum.<\/em><\/p>\n\n\n\n<h2 class=\"wp-block-heading\"><span class=\"ez-toc-section\" id=\"18_pomyslow_co_zobaczyc_i_zwiedzic_w_Strasburgu_we_Francji\"><\/span>18 pomys\u0142\u00f3w, co zobaczy\u0107 i zwiedzi\u0107 w Strasburgu we Francji<span class=\"ez-toc-section-end\"><\/span><\/h2>\n\n\n\n<p class=\"wp-block-paragraph\">Niezale\u017cnie od tego, czy na zwiedzanie miasta masz zaledwie jeden weekend, czy ca\u0142y tydzie\u0144, nudzi\u0107 si\u0119 tu na pewno nie b\u0119dziesz. Przygotowa\u0142am dla ciebie <strong>list\u0119 osiemnastu miejsc i prze\u017cy\u0107<\/strong>, kt\u00f3rych podczas planowania swojego programu zdecydowanie nie powiniene\u015b pomija\u0107. Uwzgl\u0119dni\u0142am w niej zar\u00f3wno najbardziej znane ikoniczne zabytki, jak i kilka spokojniejszych zak\u0105tk\u00f3w.<\/p>\n\n\n\n<figure data-wp-context=\"{&quot;imageId&quot;:&quot;6a9cffe5a5a68&quot;}\" data-wp-interactive=\"core\/image\" data-wp-key=\"6a9cffe5a5a68\" class=\"wp-block-image size-full wp-lightbox-container\"><img decoding=\"async\" width=\"1600\" height=\"2133\" data-wp-class--hide=\"state.isContentHidden\" data-wp-class--show=\"state.isContentVisible\" data-wp-init=\"callbacks.setButtonStyles\" data-wp-on--click=\"actions.showLightbox\" data-wp-on--load=\"callbacks.setButtonStyles\" data-wp-on--pointerdown=\"actions.preloadImage\" data-wp-on--pointerenter=\"actions.preloadImageWithDelay\" data-wp-on--pointerleave=\"actions.cancelPreload\" data-wp-on-window--resize=\"callbacks.setButtonStyles\" src=\"https:\/\/loudavymkrokem.cz\/wp-content\/uploads\/2026\/09\/cath-drale-notre-dame-de-strasbourg.jpg\" alt=\"Cath\u00e9drale Notre-Dame-de-Strasbourg\" class=\"wp-image-413168\" title=\"\" srcset=\"https:\/\/loudavymkrokem.cz\/wp-content\/uploads\/2026\/09\/cath-drale-notre-dame-de-strasbourg.jpg 1600w, https:\/\/loudavymkrokem.cz\/wp-content\/uploads\/2026\/09\/cath-drale-notre-dame-de-strasbourg-225x300.jpg 225w, https:\/\/loudavymkrokem.cz\/wp-content\/uploads\/2026\/09\/cath-drale-notre-dame-de-strasbourg-700x933.jpg 700w, https:\/\/loudavymkrokem.cz\/wp-content\/uploads\/2026\/09\/cath-drale-notre-dame-de-strasbourg-768x1024.jpg 768w, https:\/\/loudavymkrokem.cz\/wp-content\/uploads\/2026\/09\/cath-drale-notre-dame-de-strasbourg-1152x1536.jpg 1152w, https:\/\/loudavymkrokem.cz\/wp-content\/uploads\/2026\/09\/cath-drale-notre-dame-de-strasbourg-1536x2048.jpg 1536w, https:\/\/loudavymkrokem.cz\/wp-content\/uploads\/2026\/09\/cath-drale-notre-dame-de-strasbourg-696x928.jpg 696w, https:\/\/loudavymkrokem.cz\/wp-content\/uploads\/2026\/09\/cath-drale-notre-dame-de-strasbourg-1392x1856.jpg 1392w\" sizes=\"(max-width: 1600px) 100vw, 1600px\" \/><button\n\t\t\tclass=\"lightbox-trigger\"\n\t\t\ttype=\"button\"\n\t\t\taria-haspopup=\"dialog\"\n\t\t\tdata-wp-bind--aria-label=\"state.thisImage.triggerButtonAriaLabel\"\n\t\t\tdata-wp-init=\"callbacks.initTriggerButton\"\n\t\t\tdata-wp-on--click=\"actions.showLightbox\"\n\t\t\tdata-wp-style--right=\"state.thisImage.buttonRight\"\n\t\t\tdata-wp-style--top=\"state.thisImage.buttonTop\"\n\t\t>\n\t\t\t<svg xmlns=\"http:\/\/www.w3.org\/2000\/svg\" width=\"12\" height=\"12\" fill=\"none\" viewBox=\"0 0 12 12\">\n\t\t\t\t<path fill=\"#fff\" d=\"M2 0a2 2 0 0 0-2 2v2h1.5V2a.5.5 0 0 1 .5-.5h2V0H2Zm2 10.5H2a.5.5 0 0 1-.5-.5V8H0v2a2 2 0 0 0 2 2h2v-1.5ZM8 12v-1.5h2a.5.5 0 0 0 .5-.5V8H12v2a2 2 0 0 1-2 2H8Zm2-12a2 2 0 0 1 2 2v2h-1.5V2a.5.5 0 0 0-.5-.5H8V0h2Z\" \/>\n\t\t\t<\/svg>\n\t\t<\/button><figcaption class=\"wp-element-caption\">Foto: Dorien Van Der Werf \/ Google Maps<\/figcaption><\/figure>\n\n\n\n<h3 class=\"wp-block-heading\"><span class=\"ez-toc-section\" id=\"1_Cathedrale_Notre-Dame-de-Strasbourg\"><\/span>1. Cath\u00e9drale Notre-Dame-de-Strasbourg<span class=\"ez-toc-section-end\"><\/span><\/h3>\n\n\n\n<p class=\"wp-block-paragraph\">Ta monumentalna gotycka katedra z XIII wieku jest s\u0142usznie <strong>najch\u0119tniej odwiedzanym miejscem w ca\u0142ym mie\u015bcie<\/strong>. Gdy staniesz przed ni\u0105 po raz pierwszy na niewielkim placu, jej ogromna fasada z r\u00f3\u017cowego piaskowca wogezyjskiego niezawodnie zapiera dech w piersiach. W tej budowli fascynuj\u0105ca jest przede wszystkim jej asymetria, poniewa\u017c druga wie\u017ca nigdy nie zosta\u0142a uko\u0144czona i katedra zyska\u0142a dzi\u0119ki temu sw\u00f3j absolutnie niepowtarzalny wygl\u0105d. Jej budowa trwa\u0142a kilka stuleci, a na ka\u017cdym centymetrze kamienia wida\u0107 niesamowit\u0105 precyzj\u0119 \u00f3wczesnych mistrz\u00f3w.<\/p>\n\n\n\n<p class=\"wp-block-paragraph\">W \u015brodku czeka na ciebie ogromna przestrze\u0144 o\u015bwietlona przez przepi\u0119kne witra\u017ce, z kt\u00f3rych <strong>wielka rozeta nad g\u0142\u00f3wnym wej\u015bciem nale\u017cy do najpi\u0119kniejszych w ca\u0142ej Europie<\/strong>. Wst\u0119p do g\u0142\u00f3wnej nawy katedry jest darmowy, ale przygotuj si\u0119 na to, \u017ce przy wej\u015bciu cz\u0119sto bywa kolejka z powodu kontroli bezpiecze\u0144stwa. Na szcz\u0119\u015bcie kolejka posuwa si\u0119 do\u015b\u0107 szybko, wi\u0119c wcale nie musi ci\u0119 to zniech\u0119ca\u0107. Samo wn\u0119trze robi niesamowicie majestatyczne wra\u017cenie i zdecydowanie warto przej\u015b\u0107 je spokojnie i si\u0119 nie spieszy\u0107.<\/p>\n\n\n\n<p class=\"wp-block-paragraph\">\ud83d\udca1 Wskaz\u00f3wka: Najlepszy czas na zdj\u0119cia zewn\u0119trza to <strong>p\u00f3\u017ane popo\u0142udnie lub wczesny wiecz\u00f3r<\/strong>, gdy zachodz\u0105ce s\u0142o\u0144ce pi\u0119knie pod\u015bwietla r\u00f3\u017cowy piaskowiec, a ca\u0142a budowla zyskuje cudowny ciep\u0142y odcie\u0144. Plac wok\u00f3\u0142 katedry jest dodatkowo otoczony historycznymi domami, kt\u00f3re dope\u0142niaj\u0105 doskona\u0142\u0105, fotogeniczn\u0105 sceneri\u0119. Mo\u017cesz usi\u0105\u015b\u0107 w jednej z pobliskich kawiarni i po prostu obserwowa\u0107, jak zmieniaj\u0105 si\u0119 barwy kamienia.<\/p>\n\n\n\n<figure data-wp-context=\"{&quot;imageId&quot;:&quot;6a9cffe5a61bc&quot;}\" data-wp-interactive=\"core\/image\" data-wp-key=\"6a9cffe5a61bc\" class=\"wp-block-image size-full wp-lightbox-container\"><img decoding=\"async\" width=\"1171\" height=\"1560\" data-wp-class--hide=\"state.isContentHidden\" data-wp-class--show=\"state.isContentVisible\" data-wp-init=\"callbacks.setButtonStyles\" data-wp-on--click=\"actions.showLightbox\" data-wp-on--load=\"callbacks.setButtonStyles\" data-wp-on--pointerdown=\"actions.preloadImage\" data-wp-on--pointerenter=\"actions.preloadImageWithDelay\" data-wp-on--pointerleave=\"actions.cancelPreload\" data-wp-on-window--resize=\"callbacks.setButtonStyles\" src=\"https:\/\/loudavymkrokem.cz\/wp-content\/uploads\/2026\/09\/astronomick-hodiny-ze-estn-ct-ho-stolet.jpg\" alt=\"Zegar astronomiczny z XVI wieku\" class=\"wp-image-413172\" title=\"\" srcset=\"https:\/\/loudavymkrokem.cz\/wp-content\/uploads\/2026\/09\/astronomick-hodiny-ze-estn-ct-ho-stolet.jpg 1171w, https:\/\/loudavymkrokem.cz\/wp-content\/uploads\/2026\/09\/astronomick-hodiny-ze-estn-ct-ho-stolet-225x300.jpg 225w, https:\/\/loudavymkrokem.cz\/wp-content\/uploads\/2026\/09\/astronomick-hodiny-ze-estn-ct-ho-stolet-700x933.jpg 700w, https:\/\/loudavymkrokem.cz\/wp-content\/uploads\/2026\/09\/astronomick-hodiny-ze-estn-ct-ho-stolet-768x1023.jpg 768w, https:\/\/loudavymkrokem.cz\/wp-content\/uploads\/2026\/09\/astronomick-hodiny-ze-estn-ct-ho-stolet-1153x1536.jpg 1153w, https:\/\/loudavymkrokem.cz\/wp-content\/uploads\/2026\/09\/astronomick-hodiny-ze-estn-ct-ho-stolet-696x927.jpg 696w\" sizes=\"(max-width: 1171px) 100vw, 1171px\" \/><button\n\t\t\tclass=\"lightbox-trigger\"\n\t\t\ttype=\"button\"\n\t\t\taria-haspopup=\"dialog\"\n\t\t\tdata-wp-bind--aria-label=\"state.thisImage.triggerButtonAriaLabel\"\n\t\t\tdata-wp-init=\"callbacks.initTriggerButton\"\n\t\t\tdata-wp-on--click=\"actions.showLightbox\"\n\t\t\tdata-wp-style--right=\"state.thisImage.buttonRight\"\n\t\t\tdata-wp-style--top=\"state.thisImage.buttonTop\"\n\t\t>\n\t\t\t<svg xmlns=\"http:\/\/www.w3.org\/2000\/svg\" width=\"12\" height=\"12\" fill=\"none\" viewBox=\"0 0 12 12\">\n\t\t\t\t<path fill=\"#fff\" d=\"M2 0a2 2 0 0 0-2 2v2h1.5V2a.5.5 0 0 1 .5-.5h2V0H2Zm2 10.5H2a.5.5 0 0 1-.5-.5V8H0v2a2 2 0 0 0 2 2h2v-1.5ZM8 12v-1.5h2a.5.5 0 0 0 .5-.5V8H12v2a2 2 0 0 1-2 2H8Zm2-12a2 2 0 0 1 2 2v2h-1.5V2a.5.5 0 0 0-.5-.5H8V0h2Z\" \/>\n\t\t\t<\/svg>\n\t\t<\/button><figcaption class=\"wp-element-caption\">Foto: H \/ Google Maps<\/figcaption><\/figure>\n\n\n\n<h3 class=\"wp-block-heading\"><span class=\"ez-toc-section\" id=\"2_Zegar_astronomiczny_z_XVI_wieku\"><\/span>2. Zegar astronomiczny z XVI wieku<span class=\"ez-toc-section-end\"><\/span><\/h3>\n\n\n\n<p class=\"wp-block-paragraph\">Wewn\u0105trz katedry kryje si\u0119 techniczne i artystyczne cudo, kt\u00f3rym jest <strong>renesansowy zegar astronomiczny<\/strong>. Ten skomplikowany mechanizm pochodzi z XVI wieku i pokazuje nie tylko dok\u0142adny czas, ale tak\u017ce po\u0142o\u017cenie s\u0142o\u0144ca i ksi\u0119\u017cyca czy aktualny znak zodiaku. Detale i precyzja pracy rze\u017abiarskiej na samej obudowie zegara s\u0105 z bliska niewiarygodne i \u015bwiadcz\u0105 o ogromnym kunszcie \u00f3wczesnych matematyk\u00f3w oraz rzemie\u015blnik\u00f3w.<\/p>\n\n\n\n<p class=\"wp-block-paragraph\">G\u0142\u00f3wne przedstawienie odbywa si\u0119 codziennie punktualnie o godzinie 12:30, kiedy <strong>rusza skomplikowana parada ruchomych figur<\/strong>. Zobaczysz aposto\u0142\u00f3w defiluj\u0105cych przed Chrystusem oraz r\u00f3\u017cne fazy ludzkiego \u017cycia od dzieci\u0144stwa a\u017c po \u015bmier\u0107, kt\u00f3re symbolicznie odmierzaj\u0105 up\u0142ywaj\u0105cy czas. Za ten popularny po\u0142udniowy pokaz p\u0142aci si\u0119 drobny bilet wst\u0119pu, a bilety sprzedawane s\u0105 przy portalu po\u0142udniowym, przy czym warto przyj\u015b\u0107 z wyprzedzeniem, \u017ceby mie\u0107 w og\u00f3le jaki\u015b widok.<\/p>\n\n\n\n<p class=\"wp-block-paragraph\">Nawet je\u015bli nie zd\u0105\u017cysz na po\u0142udniowe przedstawienie, zegar warto obejrze\u0107 o ka\u017cdej porze. Mniejsze ruchy figur odbywaj\u0105 si\u0119 co kwadrans, a ca\u0142y mechanizm jest dodatkowo pi\u0119knie pod\u015bwietlony, wi\u0119c na pewno nie stracisz tego prze\u017cycia.<\/p>\n\n\n\n<figure data-wp-context=\"{&quot;imageId&quot;:&quot;6a9cffe5a69f6&quot;}\" data-wp-interactive=\"core\/image\" data-wp-key=\"6a9cffe5a69f6\" class=\"wp-block-image size-full wp-lightbox-container\"><img decoding=\"async\" width=\"1080\" height=\"1397\" data-wp-class--hide=\"state.isContentHidden\" data-wp-class--show=\"state.isContentVisible\" data-wp-init=\"callbacks.setButtonStyles\" data-wp-on--click=\"actions.showLightbox\" data-wp-on--load=\"callbacks.setButtonStyles\" data-wp-on--pointerdown=\"actions.preloadImage\" data-wp-on--pointerenter=\"actions.preloadImageWithDelay\" data-wp-on--pointerleave=\"actions.cancelPreload\" data-wp-on-window--resize=\"callbacks.setButtonStyles\" src=\"https:\/\/loudavymkrokem.cz\/wp-content\/uploads\/2026\/09\/swap-412754-3-f43292b7.jpg\" alt=\"Widok z platformy strasburskiej katedry\" class=\"wp-image-413447\" title=\"\" srcset=\"https:\/\/loudavymkrokem.cz\/wp-content\/uploads\/2026\/09\/swap-412754-3-f43292b7.jpg 1080w, https:\/\/loudavymkrokem.cz\/wp-content\/uploads\/2026\/09\/swap-412754-3-f43292b7-232x300.jpg 232w, https:\/\/loudavymkrokem.cz\/wp-content\/uploads\/2026\/09\/swap-412754-3-f43292b7-700x905.jpg 700w, https:\/\/loudavymkrokem.cz\/wp-content\/uploads\/2026\/09\/swap-412754-3-f43292b7-768x993.jpg 768w, https:\/\/loudavymkrokem.cz\/wp-content\/uploads\/2026\/09\/swap-412754-3-f43292b7-696x900.jpg 696w\" sizes=\"(max-width: 1080px) 100vw, 1080px\" \/><button\n\t\t\tclass=\"lightbox-trigger\"\n\t\t\ttype=\"button\"\n\t\t\taria-haspopup=\"dialog\"\n\t\t\tdata-wp-bind--aria-label=\"state.thisImage.triggerButtonAriaLabel\"\n\t\t\tdata-wp-init=\"callbacks.initTriggerButton\"\n\t\t\tdata-wp-on--click=\"actions.showLightbox\"\n\t\t\tdata-wp-style--right=\"state.thisImage.buttonRight\"\n\t\t\tdata-wp-style--top=\"state.thisImage.buttonTop\"\n\t\t>\n\t\t\t<svg xmlns=\"http:\/\/www.w3.org\/2000\/svg\" width=\"12\" height=\"12\" fill=\"none\" viewBox=\"0 0 12 12\">\n\t\t\t\t<path fill=\"#fff\" d=\"M2 0a2 2 0 0 0-2 2v2h1.5V2a.5.5 0 0 1 .5-.5h2V0H2Zm2 10.5H2a.5.5 0 0 1-.5-.5V8H0v2a2 2 0 0 0 2 2h2v-1.5ZM8 12v-1.5h2a.5.5 0 0 0 .5-.5V8H12v2a2 2 0 0 1-2 2H8Zm2-12a2 2 0 0 1 2 2v2h-1.5V2a.5.5 0 0 0-.5-.5H8V0h2Z\" \/>\n\t\t\t<\/svg>\n\t\t<\/button><figcaption class=\"wp-element-caption\">Foto: Lydia Bogdanovic \/ Google Maps<\/figcaption><\/figure>\n\n\n\n<h3 class=\"wp-block-heading\"><span class=\"ez-toc-section\" id=\"3_Wejscie_na_platforme_widokowa_katedry\"><\/span>3. Wej\u015bcie na platform\u0119 widokow\u0105 katedry<span class=\"ez-toc-section-end\"><\/span><\/h3>\n\n\n\n<p class=\"wp-block-paragraph\">Je\u015bli nie cierpisz na zawroty g\u0142owy i masz cho\u0107 troch\u0119 przyzwoit\u0105 kondycj\u0119, <strong>zdecydowanie nie mo\u017cesz przegapi\u0107 wej\u015bcia na platform\u0119 widokow\u0105<\/strong>. Znajduje si\u0119 na imponuj\u0105cej wysoko\u015bci sze\u015b\u0107dziesi\u0119ciu sze\u015bciu metr\u00f3w, a na g\u00f3r\u0119 prowadz\u0105 332 do\u015b\u0107 w\u0105skie kr\u0119te schody. Bilety kupisz w ma\u0142ym domku po prawej stronie od g\u0142\u00f3wnego wej\u015bcia, przy czym na g\u00f3r\u0119 wpuszczaj\u0105 tylko ograniczon\u0105 liczb\u0119 os\u00f3b naraz, wi\u0119c kr\u00f3tkiego czekania si\u0119 nie b\u00f3j.<\/p>\n\n\n\n<p class=\"wp-block-paragraph\">Nagrod\u0105 za spocony t-shirt b\u0119dzie <strong>absolutnie fantastyczny panoramiczny widok na ca\u0142e miasto<\/strong>. Zobaczysz dachy historycznych dom\u00f3w, zawi\u0142\u0105 sie\u0107 kana\u0142\u00f3w, a przy dobrej pogodzie dojrzysz a\u017c po pasmo Wogez\u00f3w po stronie francuskiej i mroczny Schwarzwald po stronie niemieckiej. To najlepszy mo\u017cliwy spos\u00f3b, by zrozumie\u0107 uk\u0142ad miasta i sprawdzi\u0107, gdzie znajduj\u0105 si\u0119 najciekawsze dzielnice.<\/p>\n\n\n\n<p class=\"wp-block-paragraph\">\ud83d\udca1 Wskaz\u00f3wka: Wej\u015bcia naprawd\u0119 nie polecam osobom z klaustrofobi\u0105, poniewa\u017c <strong>schody miejscami s\u0105 bardzo w\u0105skie i trudno na nich mija\u0107 innych zwiedzaj\u0105cych<\/strong>. Na g\u00f3rze na platformie jest jednak na szcz\u0119\u015bcie do\u015b\u0107 miejsca na odpoczynek i na zrobienie najpi\u0119kniejszych zdj\u0119\u0107 z lotu ptaka.<\/p>\n\n\n\n<figure data-wp-context=\"{&quot;imageId&quot;:&quot;6a9cffe5a7132&quot;}\" data-wp-interactive=\"core\/image\" data-wp-key=\"6a9cffe5a7132\" class=\"wp-block-image size-full wp-lightbox-container\"><img decoding=\"async\" width=\"1600\" height=\"2133\" data-wp-class--hide=\"state.isContentHidden\" data-wp-class--show=\"state.isContentVisible\" data-wp-init=\"callbacks.setButtonStyles\" data-wp-on--click=\"actions.showLightbox\" data-wp-on--load=\"callbacks.setButtonStyles\" data-wp-on--pointerdown=\"actions.preloadImage\" data-wp-on--pointerenter=\"actions.preloadImageWithDelay\" data-wp-on--pointerleave=\"actions.cancelPreload\" data-wp-on-window--resize=\"callbacks.setButtonStyles\" src=\"https:\/\/loudavymkrokem.cz\/wp-content\/uploads\/2026\/09\/petite-france.jpg\" alt=\"Petite France (Ma\u0142a Francja) w Strasburgu\" class=\"wp-image-413182\" title=\"\" srcset=\"https:\/\/loudavymkrokem.cz\/wp-content\/uploads\/2026\/09\/petite-france.jpg 1600w, https:\/\/loudavymkrokem.cz\/wp-content\/uploads\/2026\/09\/petite-france-225x300.jpg 225w, https:\/\/loudavymkrokem.cz\/wp-content\/uploads\/2026\/09\/petite-france-700x933.jpg 700w, https:\/\/loudavymkrokem.cz\/wp-content\/uploads\/2026\/09\/petite-france-768x1024.jpg 768w, https:\/\/loudavymkrokem.cz\/wp-content\/uploads\/2026\/09\/petite-france-1152x1536.jpg 1152w, https:\/\/loudavymkrokem.cz\/wp-content\/uploads\/2026\/09\/petite-france-1536x2048.jpg 1536w, https:\/\/loudavymkrokem.cz\/wp-content\/uploads\/2026\/09\/petite-france-696x928.jpg 696w, https:\/\/loudavymkrokem.cz\/wp-content\/uploads\/2026\/09\/petite-france-1392x1856.jpg 1392w\" sizes=\"(max-width: 1600px) 100vw, 1600px\" \/><button\n\t\t\tclass=\"lightbox-trigger\"\n\t\t\ttype=\"button\"\n\t\t\taria-haspopup=\"dialog\"\n\t\t\tdata-wp-bind--aria-label=\"state.thisImage.triggerButtonAriaLabel\"\n\t\t\tdata-wp-init=\"callbacks.initTriggerButton\"\n\t\t\tdata-wp-on--click=\"actions.showLightbox\"\n\t\t\tdata-wp-style--right=\"state.thisImage.buttonRight\"\n\t\t\tdata-wp-style--top=\"state.thisImage.buttonTop\"\n\t\t>\n\t\t\t<svg xmlns=\"http:\/\/www.w3.org\/2000\/svg\" width=\"12\" height=\"12\" fill=\"none\" viewBox=\"0 0 12 12\">\n\t\t\t\t<path fill=\"#fff\" d=\"M2 0a2 2 0 0 0-2 2v2h1.5V2a.5.5 0 0 1 .5-.5h2V0H2Zm2 10.5H2a.5.5 0 0 1-.5-.5V8H0v2a2 2 0 0 0 2 2h2v-1.5ZM8 12v-1.5h2a.5.5 0 0 0 .5-.5V8H12v2a2 2 0 0 1-2 2H8Zm2-12a2 2 0 0 1 2 2v2h-1.5V2a.5.5 0 0 0-.5-.5H8V0h2Z\" \/>\n\t\t\t<\/svg>\n\t\t<\/button><figcaption class=\"wp-element-caption\">Foto: Zulfikar CEKIC \/ Google Maps<\/figcaption><\/figure>\n\n\n\n<h3 class=\"wp-block-heading\"><span class=\"ez-toc-section\" id=\"4_Petite_France_Mala_Francja\"><\/span>4. Petite France (Ma\u0142a Francja)<span class=\"ez-toc-section-end\"><\/span><\/h3>\n\n\n\n<p class=\"wp-block-paragraph\">Najcz\u0119\u015bciej fotografowan\u0105 i bezsprzecznie najbardziej romantyczn\u0105 dzielnic\u0105 ca\u0142ego miasta jest s\u0142ynna Ma\u0142a Francja (Petite France). W przesz\u0142o\u015bci mieszkali i pracowali tu przede wszystkim garbarze, m\u0142ynarze i rybacy, kt\u00f3rzy do wykonywania swojego wymagaj\u0105cego zawodu potrzebowali bezpo\u015bredniego dost\u0119pu do bie\u017c\u0105cej wody. Dzi\u015b to <strong>przepi\u0119kna sie\u0107 w\u0105skich kana\u0142\u00f3w obramowanych doskonale zachowanymi domami z muru pruskiego<\/strong> z charakterystycznymi spadzistymi dachami, pod kt\u00f3rymi kiedy\u015b suszono zwierz\u0119ce sk\u00f3ry.<\/p>\n\n\n\n<p class=\"wp-block-paragraph\">Najlepszym sposobem, by nacieszy\u0107 si\u0119 t\u0105 historyczn\u0105 dzielnic\u0105, jest <strong>po prostu zgubi\u0107 si\u0119 bez po\u015bpiechu w jej uliczkach<\/strong>. Natkniesz si\u0119 tu na mn\u00f3stwo ma\u0142ych sklepik\u00f3w, rzemie\u015blniczych piekarni i przytulnych kawiarni, gdzie mo\u017cesz zatrzyma\u0107 si\u0119 na kaw\u0119 i obserwowa\u0107 przep\u0142ywaj\u0105ce \u0142odzie wycieczkowe. W miesi\u0105cach letnich wszystkie okna i mosty s\u0105 dodatkowo obsypane morzem kolorowych pelargonii, co tworzy zupe\u0142nie bajkow\u0105 sceneri\u0119.<\/p>\n\n\n\n<p class=\"wp-block-paragraph\">Cho\u0107 jest to najbardziej ob\u0142o\u017cona turystycznie cz\u0119\u015b\u0107 miasta, wci\u0105\u017c zachowuje ogromny urok. <strong>Spr\u00f3buj wybra\u0107 si\u0119 tu bardzo wcze\u015bnie rano, zanim ulice wype\u0142ni\u0105 si\u0119 t\u0142umami ludzi<\/strong>, a do\u015bwiadczysz prawdziwej, spokojnej alzackiej atmosfery, gdy na nieruchomej tafli kana\u0142\u00f3w odbijaj\u0105 si\u0119 stare historyczne fasady.<\/p>\n\n\n\n<figure data-wp-context=\"{&quot;imageId&quot;:&quot;6a9cffe5a786f&quot;}\" data-wp-interactive=\"core\/image\" data-wp-key=\"6a9cffe5a786f\" class=\"wp-block-image size-full wp-lightbox-container\"><img decoding=\"async\" width=\"1600\" height=\"1200\" data-wp-class--hide=\"state.isContentHidden\" data-wp-class--show=\"state.isContentVisible\" data-wp-init=\"callbacks.setButtonStyles\" data-wp-on--click=\"actions.showLightbox\" data-wp-on--load=\"callbacks.setButtonStyles\" data-wp-on--pointerdown=\"actions.preloadImage\" data-wp-on--pointerenter=\"actions.preloadImageWithDelay\" data-wp-on--pointerleave=\"actions.cancelPreload\" data-wp-on-window--resize=\"callbacks.setButtonStyles\" src=\"https:\/\/loudavymkrokem.cz\/wp-content\/uploads\/2026\/09\/ponts-couverts-de-strasbourg.jpg\" alt=\"Ponts Couverts de Strasbourg\" class=\"wp-image-413186\" title=\"\" srcset=\"https:\/\/loudavymkrokem.cz\/wp-content\/uploads\/2026\/09\/ponts-couverts-de-strasbourg.jpg 1600w, https:\/\/loudavymkrokem.cz\/wp-content\/uploads\/2026\/09\/ponts-couverts-de-strasbourg-300x225.jpg 300w, https:\/\/loudavymkrokem.cz\/wp-content\/uploads\/2026\/09\/ponts-couverts-de-strasbourg-700x525.jpg 700w, https:\/\/loudavymkrokem.cz\/wp-content\/uploads\/2026\/09\/ponts-couverts-de-strasbourg-768x576.jpg 768w, https:\/\/loudavymkrokem.cz\/wp-content\/uploads\/2026\/09\/ponts-couverts-de-strasbourg-1536x1152.jpg 1536w, https:\/\/loudavymkrokem.cz\/wp-content\/uploads\/2026\/09\/ponts-couverts-de-strasbourg-80x60.jpg 80w, https:\/\/loudavymkrokem.cz\/wp-content\/uploads\/2026\/09\/ponts-couverts-de-strasbourg-160x120.jpg 160w, https:\/\/loudavymkrokem.cz\/wp-content\/uploads\/2026\/09\/ponts-couverts-de-strasbourg-696x522.jpg 696w, https:\/\/loudavymkrokem.cz\/wp-content\/uploads\/2026\/09\/ponts-couverts-de-strasbourg-1392x1044.jpg 1392w\" sizes=\"(max-width: 1600px) 100vw, 1600px\" \/><button\n\t\t\tclass=\"lightbox-trigger\"\n\t\t\ttype=\"button\"\n\t\t\taria-haspopup=\"dialog\"\n\t\t\tdata-wp-bind--aria-label=\"state.thisImage.triggerButtonAriaLabel\"\n\t\t\tdata-wp-init=\"callbacks.initTriggerButton\"\n\t\t\tdata-wp-on--click=\"actions.showLightbox\"\n\t\t\tdata-wp-style--right=\"state.thisImage.buttonRight\"\n\t\t\tdata-wp-style--top=\"state.thisImage.buttonTop\"\n\t\t>\n\t\t\t<svg xmlns=\"http:\/\/www.w3.org\/2000\/svg\" width=\"12\" height=\"12\" fill=\"none\" viewBox=\"0 0 12 12\">\n\t\t\t\t<path fill=\"#fff\" d=\"M2 0a2 2 0 0 0-2 2v2h1.5V2a.5.5 0 0 1 .5-.5h2V0H2Zm2 10.5H2a.5.5 0 0 1-.5-.5V8H0v2a2 2 0 0 0 2 2h2v-1.5ZM8 12v-1.5h2a.5.5 0 0 0 .5-.5V8H12v2a2 2 0 0 1-2 2H8Zm2-12a2 2 0 0 1 2 2v2h-1.5V2a.5.5 0 0 0-.5-.5H8V0h2Z\" \/>\n\t\t\t<\/svg>\n\t\t<\/button><figcaption class=\"wp-element-caption\">Foto: Lukas PL \/ Google Maps<\/figcaption><\/figure>\n\n\n\n<h3 class=\"wp-block-heading\"><span class=\"ez-toc-section\" id=\"5_Ponts_Couverts_de_Strasbourg\"><\/span>5. Ponts Couverts de Strasbourg<span class=\"ez-toc-section-end\"><\/span><\/h3>\n\n\n\n<p class=\"wp-block-paragraph\">Tu\u017c na samym skraju malowniczej dzielnicy Petite France natkniesz si\u0119 na imponuj\u0105ce pozosta\u0142o\u015bci \u015bredniowiecznych fortyfikacji zwane Ponts Couverts. Pierwotnie by\u0142 to przemy\u015blny system trzech most\u00f3w i czterech wie\u017c obronnych z XIII wieku, kt\u00f3re <strong>s\u0142u\u017cy\u0142y do ochrony miasta przed atakami wroga od strony rzeki<\/strong>. Mimo \u017ce mosty dawno straci\u0142y swoje pierwotne drewniane dachy, nazwa \u201ekryte mosty&#8221; pozosta\u0142a im do dzi\u015b, ku zaskoczeniu wielu turyst\u00f3w.<\/p>\n\n\n\n<p class=\"wp-block-paragraph\">Spacer po tych kamiennych mostach oferuje przepi\u0119kne widoki na tafl\u0119 wody i w g\u0142\u0105b starego miasta. <strong>Cztery pot\u0119\u017cne kwadratowe wie\u017ce robi\u0105 naprawd\u0119 majestatyczne wra\u017cenie<\/strong> i \u015bwietnie dope\u0142niaj\u0105 surowszy historyczny charakter tej cz\u0119\u015bci Strasburga. Ca\u0142y kompleks jest dodatkowo noc\u0105 bardzo gustownie i dramatycznie pod\u015bwietlony, wi\u0119c wieczorny spacer ma sw\u00f3j absolutnie niepowtarzalny i lekko tajemniczy urok.<\/p>\n\n\n\n<p class=\"wp-block-paragraph\">Poruszaj\u0105c si\u0119 po tej okolicy, natkniesz si\u0119 na mn\u00f3stwo pi\u0119knych zak\u0105tk\u00f3w i ukrytych \u0142aweczek, na kt\u00f3rych mo\u017cesz odpocz\u0105\u0107. Otoczenie most\u00f3w jest \u0142adnie zaro\u015bni\u0119te zieleni\u0105 i dorodnymi drzewami, wi\u0119c w upalne lato przynajmniej nie usma\u017cysz sobie m\u00f3zgu podczas odpoczynku.<\/p>\n\n\n\n<figure data-wp-context=\"{&quot;imageId&quot;:&quot;6a9cffe5a7e55&quot;}\" data-wp-interactive=\"core\/image\" data-wp-key=\"6a9cffe5a7e55\" class=\"wp-block-image size-full wp-lightbox-container\"><img decoding=\"async\" width=\"1600\" height=\"1200\" data-wp-class--hide=\"state.isContentHidden\" data-wp-class--show=\"state.isContentVisible\" data-wp-init=\"callbacks.setButtonStyles\" data-wp-on--click=\"actions.showLightbox\" data-wp-on--load=\"callbacks.setButtonStyles\" data-wp-on--pointerdown=\"actions.preloadImage\" data-wp-on--pointerenter=\"actions.preloadImageWithDelay\" data-wp-on--pointerleave=\"actions.cancelPreload\" data-wp-on-window--resize=\"callbacks.setButtonStyles\" src=\"https:\/\/loudavymkrokem.cz\/wp-content\/uploads\/2026\/09\/barrage-vauban.jpg\" alt=\"Barrage Vauban\" class=\"wp-image-413191\" title=\"\" srcset=\"https:\/\/loudavymkrokem.cz\/wp-content\/uploads\/2026\/09\/barrage-vauban.jpg 1600w, https:\/\/loudavymkrokem.cz\/wp-content\/uploads\/2026\/09\/barrage-vauban-300x225.jpg 300w, https:\/\/loudavymkrokem.cz\/wp-content\/uploads\/2026\/09\/barrage-vauban-700x525.jpg 700w, https:\/\/loudavymkrokem.cz\/wp-content\/uploads\/2026\/09\/barrage-vauban-768x576.jpg 768w, https:\/\/loudavymkrokem.cz\/wp-content\/uploads\/2026\/09\/barrage-vauban-1536x1152.jpg 1536w, https:\/\/loudavymkrokem.cz\/wp-content\/uploads\/2026\/09\/barrage-vauban-80x60.jpg 80w, https:\/\/loudavymkrokem.cz\/wp-content\/uploads\/2026\/09\/barrage-vauban-160x120.jpg 160w, https:\/\/loudavymkrokem.cz\/wp-content\/uploads\/2026\/09\/barrage-vauban-696x522.jpg 696w, https:\/\/loudavymkrokem.cz\/wp-content\/uploads\/2026\/09\/barrage-vauban-1392x1044.jpg 1392w\" sizes=\"(max-width: 1600px) 100vw, 1600px\" \/><button\n\t\t\tclass=\"lightbox-trigger\"\n\t\t\ttype=\"button\"\n\t\t\taria-haspopup=\"dialog\"\n\t\t\tdata-wp-bind--aria-label=\"state.thisImage.triggerButtonAriaLabel\"\n\t\t\tdata-wp-init=\"callbacks.initTriggerButton\"\n\t\t\tdata-wp-on--click=\"actions.showLightbox\"\n\t\t\tdata-wp-style--right=\"state.thisImage.buttonRight\"\n\t\t\tdata-wp-style--top=\"state.thisImage.buttonTop\"\n\t\t>\n\t\t\t<svg xmlns=\"http:\/\/www.w3.org\/2000\/svg\" width=\"12\" height=\"12\" fill=\"none\" viewBox=\"0 0 12 12\">\n\t\t\t\t<path fill=\"#fff\" d=\"M2 0a2 2 0 0 0-2 2v2h1.5V2a.5.5 0 0 1 .5-.5h2V0H2Zm2 10.5H2a.5.5 0 0 1-.5-.5V8H0v2a2 2 0 0 0 2 2h2v-1.5ZM8 12v-1.5h2a.5.5 0 0 0 .5-.5V8H12v2a2 2 0 0 1-2 2H8Zm2-12a2 2 0 0 1 2 2v2h-1.5V2a.5.5 0 0 0-.5-.5H8V0h2Z\" \/>\n\t\t\t<\/svg>\n\t\t<\/button><figcaption class=\"wp-element-caption\">Foto: cyril L. \/ Google Maps<\/figcaption><\/figure>\n\n\n\n<h3 class=\"wp-block-heading\"><span class=\"ez-toc-section\" id=\"6_Barrage_Vauban\"><\/span>6. Barrage Vauban<span class=\"ez-toc-section-end\"><\/span><\/h3>\n\n\n\n<p class=\"wp-block-paragraph\">Je\u015bli szukasz w og\u00f3le najlepszego miejsca do zrobienia idealnego zdj\u0119cia Strasburga, musisz wybra\u0107 si\u0119 na Barrage Vauban. Ta ogromna tama i most w jednym z r\u00f3\u017cowego piaskowca zosta\u0142a zbudowana w XVII wieku wed\u0142ug projektu s\u0142ynnego in\u017cyniera wojskowego Vaubana. <strong>Jej g\u0142\u00f3wnym celem by\u0142o w razie zagro\u017cenia zalanie po\u0142udniowej cz\u0119\u015bci miasta<\/strong> i zablokowanie w ten spos\u00f3b post\u0119pu wojsk wroga a\u017c do samego centrum.<\/p>\n\n\n\n<p class=\"wp-block-paragraph\">Dzi\u015b w \u015brodku kryje si\u0119 galeria rze\u017ab i rzygaczy uratowanych z katedry. To co prawda ciekawe, ale szczerze m\u00f3wi\u0105c, przyszed\u0142e\u015b tu przez dach. <strong>Na rozleg\u0142ym tarasie znajduje si\u0119 bowiem platforma widokowa, na kt\u00f3r\u0105 wst\u0119p dla wszystkich jest ca\u0142kowicie darmowy<\/strong>. To w\u0142a\u015bnie st\u0105d otwiera si\u0119 najbardziej znany, ikoniczny widok na wie\u017ce Ponts Couverts, dzielnic\u0119 z muru pruskiego Petite France i majestatyczn\u0105 wie\u017c\u0119 katedry w tle.<\/p>\n\n\n\n<p class=\"wp-block-paragraph\">\ud83d\udca1 Wskaz\u00f3wka: Dost\u0119p na taras widokowy zwykle zapewniaj\u0105 schody, ale <strong>w budynku dost\u0119pna jest r\u00f3wnie\u017c winda<\/strong>, wi\u0119c na g\u00f3r\u0119 wygodnie dostan\u0105 si\u0119 tak\u017ce rodziny z w\u00f3zkami czy podr\u00f3\u017cni o ograniczonej mobilno\u015bci. Taras na noc jest ze wzgl\u0119d\u00f3w bezpiecze\u0144stwa zamykany, dlatego wcze\u015bniej sprawd\u017a aktualne godziny otwarcia.<\/p>\n\n\n\n<figure data-wp-context=\"{&quot;imageId&quot;:&quot;6a9cffe5a8459&quot;}\" data-wp-interactive=\"core\/image\" data-wp-key=\"6a9cffe5a8459\" class=\"wp-block-image size-full wp-lightbox-container\"><img decoding=\"async\" width=\"1600\" height=\"1200\" data-wp-class--hide=\"state.isContentHidden\" data-wp-class--show=\"state.isContentVisible\" data-wp-init=\"callbacks.setButtonStyles\" data-wp-on--click=\"actions.showLightbox\" data-wp-on--load=\"callbacks.setButtonStyles\" data-wp-on--pointerdown=\"actions.preloadImage\" data-wp-on--pointerenter=\"actions.preloadImageWithDelay\" data-wp-on--pointerleave=\"actions.cancelPreload\" data-wp-on-window--resize=\"callbacks.setButtonStyles\" src=\"https:\/\/loudavymkrokem.cz\/wp-content\/uploads\/2026\/09\/swap-412754-7-b98b2d6c.jpg\" alt=\"Rejs widokowy Batorama w Strasburgu\" class=\"wp-image-413433\" title=\"\" srcset=\"https:\/\/loudavymkrokem.cz\/wp-content\/uploads\/2026\/09\/swap-412754-7-b98b2d6c.jpg 1600w, https:\/\/loudavymkrokem.cz\/wp-content\/uploads\/2026\/09\/swap-412754-7-b98b2d6c-300x225.jpg 300w, https:\/\/loudavymkrokem.cz\/wp-content\/uploads\/2026\/09\/swap-412754-7-b98b2d6c-700x525.jpg 700w, https:\/\/loudavymkrokem.cz\/wp-content\/uploads\/2026\/09\/swap-412754-7-b98b2d6c-768x576.jpg 768w, https:\/\/loudavymkrokem.cz\/wp-content\/uploads\/2026\/09\/swap-412754-7-b98b2d6c-1536x1152.jpg 1536w, https:\/\/loudavymkrokem.cz\/wp-content\/uploads\/2026\/09\/swap-412754-7-b98b2d6c-80x60.jpg 80w, https:\/\/loudavymkrokem.cz\/wp-content\/uploads\/2026\/09\/swap-412754-7-b98b2d6c-160x120.jpg 160w, https:\/\/loudavymkrokem.cz\/wp-content\/uploads\/2026\/09\/swap-412754-7-b98b2d6c-696x522.jpg 696w, https:\/\/loudavymkrokem.cz\/wp-content\/uploads\/2026\/09\/swap-412754-7-b98b2d6c-1392x1044.jpg 1392w\" sizes=\"(max-width: 1600px) 100vw, 1600px\" \/><button\n\t\t\tclass=\"lightbox-trigger\"\n\t\t\ttype=\"button\"\n\t\t\taria-haspopup=\"dialog\"\n\t\t\tdata-wp-bind--aria-label=\"state.thisImage.triggerButtonAriaLabel\"\n\t\t\tdata-wp-init=\"callbacks.initTriggerButton\"\n\t\t\tdata-wp-on--click=\"actions.showLightbox\"\n\t\t\tdata-wp-style--right=\"state.thisImage.buttonRight\"\n\t\t\tdata-wp-style--top=\"state.thisImage.buttonTop\"\n\t\t>\n\t\t\t<svg xmlns=\"http:\/\/www.w3.org\/2000\/svg\" width=\"12\" height=\"12\" fill=\"none\" viewBox=\"0 0 12 12\">\n\t\t\t\t<path fill=\"#fff\" d=\"M2 0a2 2 0 0 0-2 2v2h1.5V2a.5.5 0 0 1 .5-.5h2V0H2Zm2 10.5H2a.5.5 0 0 1-.5-.5V8H0v2a2 2 0 0 0 2 2h2v-1.5ZM8 12v-1.5h2a.5.5 0 0 0 .5-.5V8H12v2a2 2 0 0 1-2 2H8Zm2-12a2 2 0 0 1 2 2v2h-1.5V2a.5.5 0 0 0-.5-.5H8V0h2Z\" \/>\n\t\t\t<\/svg>\n\t\t<\/button><figcaption class=\"wp-element-caption\">Foto: Chris Jeffery \/ Google Maps<\/figcaption><\/figure>\n\n\n\n<h3 class=\"wp-block-heading\"><span class=\"ez-toc-section\" id=\"7_Rejs_kanalami_Batorama\"><\/span>7. Rejs kana\u0142ami Batorama<span class=\"ez-toc-section-end\"><\/span><\/h3>\n\n\n\n<p class=\"wp-block-paragraph\">Je\u015bli chcesz szybko wyrobi\u0107 sobie ca\u0142o\u015bciowe zdanie o mie\u015bcie z zupe\u0142nie innej perspektywy, <a href=\"https:\/\/www.batorama.com\/\" target=\"_blank\" rel=\"nofollow noopener\">widokowy rejs statkiem Batorama<\/a> to rzecz, kt\u00f3rej po prostu nie chcesz pomin\u0105\u0107, zw\u0142aszcza gdy zaczynaj\u0105 bole\u0107 ci\u0119 nogi. Przysta\u0144 znajdziesz bardzo \u0142atwo bezpo\u015brednio przy katedrze, przy nabrze\u017cu Embarcad\u00e8re Batorama Cath\u00e9drale, sk\u0105d statki regularnie wyp\u0142ywaj\u0105 na siedemdziesi\u0119ciominutow\u0105 tras\u0119 przez ca\u0142e historyczne centrum i nowocze\u015bniejsz\u0105 dzielnic\u0119 europejsk\u0105. To najlepszy spos\u00f3b, by zrozumie\u0107 miasto, kiedy akurat bol\u0105 ci\u0119 nogi.<\/p>\n\n\n\n<p class=\"wp-block-paragraph\">Podczas rejsu przep\u0142yniesz przez romantyczn\u0105 dzielnic\u0119 Petite France, gdzie statek pokonuje r\u00f3\u017cnice wysoko\u015bci za pomoc\u0105 w\u0105skich starych \u015bluz, co samo w sobie jest widowiskiem, kt\u00f3rego si\u0119 nie zapomina. <strong>Mo\u017cesz wybiera\u0107 mi\u0119dzy zupe\u0142nie otwartymi a przeszklonymi \u0142odziami<\/strong>, przy czym przeszklone docenisz przede wszystkim w ch\u0142odniejszych miesi\u0105cach wiosennych lub jesiennych, poniewa\u017c s\u0105 perfekcyjnie ogrzewane i chronione przed deszczem. Do dyspozycji s\u0105 tak\u017ce audioprzewodniki z komentarzem.<\/p>\n\n\n\n<p class=\"wp-block-paragraph\">\ud83d\udca1 Wskaz\u00f3wka: Zw\u0142aszcza w g\u0142\u00f3wnym sezonie letnim i podczas s\u0142onecznych weekend\u00f3w bilety bywaj\u0105 bardzo szybko wyprzedane na ca\u0142y dzie\u0144 do przodu. <strong>Polecam ci rezerwacj\u0119 bilet\u00f3w online z odpowiednim wyprzedzeniem<\/strong>, \u017ceby oszcz\u0119dzi\u0107 sobie niepotrzebnego czekania w kolejkach i mie\u0107 pewno\u015b\u0107, \u017ce dostaniesz si\u0119 na pok\u0142ad dok\u0142adnie o wybranej przez ciebie porze.<\/p>\n\n\n\n<figure data-wp-context=\"{&quot;imageId&quot;:&quot;6a9cffe5a8b1a&quot;}\" data-wp-interactive=\"core\/image\" data-wp-key=\"6a9cffe5a8b1a\" class=\"wp-block-image size-full wp-lightbox-container\"><img decoding=\"async\" width=\"1280\" height=\"960\" data-wp-class--hide=\"state.isContentHidden\" data-wp-class--show=\"state.isContentVisible\" data-wp-init=\"callbacks.setButtonStyles\" data-wp-on--click=\"actions.showLightbox\" data-wp-on--load=\"callbacks.setButtonStyles\" data-wp-on--pointerdown=\"actions.preloadImage\" data-wp-on--pointerenter=\"actions.preloadImageWithDelay\" data-wp-on--pointerleave=\"actions.cancelPreload\" data-wp-on-window--resize=\"callbacks.setButtonStyles\" src=\"https:\/\/loudavymkrokem.cz\/wp-content\/uploads\/2026\/09\/evropsk-parlament.jpg\" alt=\"Parlament Europejski w Strasburgu\" class=\"wp-image-413197\" title=\"\" srcset=\"https:\/\/loudavymkrokem.cz\/wp-content\/uploads\/2026\/09\/evropsk-parlament.jpg 1280w, https:\/\/loudavymkrokem.cz\/wp-content\/uploads\/2026\/09\/evropsk-parlament-300x225.jpg 300w, https:\/\/loudavymkrokem.cz\/wp-content\/uploads\/2026\/09\/evropsk-parlament-700x525.jpg 700w, https:\/\/loudavymkrokem.cz\/wp-content\/uploads\/2026\/09\/evropsk-parlament-768x576.jpg 768w, https:\/\/loudavymkrokem.cz\/wp-content\/uploads\/2026\/09\/evropsk-parlament-80x60.jpg 80w, https:\/\/loudavymkrokem.cz\/wp-content\/uploads\/2026\/09\/evropsk-parlament-160x120.jpg 160w, https:\/\/loudavymkrokem.cz\/wp-content\/uploads\/2026\/09\/evropsk-parlament-696x522.jpg 696w\" sizes=\"(max-width: 1280px) 100vw, 1280px\" \/><button\n\t\t\tclass=\"lightbox-trigger\"\n\t\t\ttype=\"button\"\n\t\t\taria-haspopup=\"dialog\"\n\t\t\tdata-wp-bind--aria-label=\"state.thisImage.triggerButtonAriaLabel\"\n\t\t\tdata-wp-init=\"callbacks.initTriggerButton\"\n\t\t\tdata-wp-on--click=\"actions.showLightbox\"\n\t\t\tdata-wp-style--right=\"state.thisImage.buttonRight\"\n\t\t\tdata-wp-style--top=\"state.thisImage.buttonTop\"\n\t\t>\n\t\t\t<svg xmlns=\"http:\/\/www.w3.org\/2000\/svg\" width=\"12\" height=\"12\" fill=\"none\" viewBox=\"0 0 12 12\">\n\t\t\t\t<path fill=\"#fff\" d=\"M2 0a2 2 0 0 0-2 2v2h1.5V2a.5.5 0 0 1 .5-.5h2V0H2Zm2 10.5H2a.5.5 0 0 1-.5-.5V8H0v2a2 2 0 0 0 2 2h2v-1.5ZM8 12v-1.5h2a.5.5 0 0 0 .5-.5V8H12v2a2 2 0 0 1-2 2H8Zm2-12a2 2 0 0 1 2 2v2h-1.5V2a.5.5 0 0 0-.5-.5H8V0h2Z\" \/>\n\t\t\t<\/svg>\n\t\t<\/button><figcaption class=\"wp-element-caption\">Foto: Ryan Jose Ruiz III \/ Google Maps<\/figcaption><\/figure>\n\n\n\n<h3 class=\"wp-block-heading\"><span class=\"ez-toc-section\" id=\"8_Parlament_Europejski\"><\/span>8. Parlament Europejski<span class=\"ez-toc-section-end\"><\/span><\/h3>\n\n\n\n<p class=\"wp-block-paragraph\">Strasburg jest oficjaln\u0105 siedzib\u0105 <a href=\"https:\/\/visiting.europarl.europa.eu\/cs\/\" target=\"_blank\" rel=\"nofollow noopener\">Parlamentu Europejskiego<\/a> i wizyta w tym imponuj\u0105cym nowoczesnym budynku zdecydowanie nie powinna zabrakn\u0105\u0107 na twojej li\u015bcie atrakcji. Ogromna przeszklona budowla o okr\u0105g\u0142ym rzucie i wygi\u0119tym dachu dominuje nad ca\u0142\u0105 dzielnic\u0105 i <strong>stanowi fascynuj\u0105cy wizualny kontrast wobec historycznego centrum miasta<\/strong>. Naj\u0142atwiej dostaniesz si\u0119 tu wygodnym tramwajem linii E, wystarczy wysi\u0105\u015b\u0107 na przystanku o tej samej nazwie Parlement Europ\u00e9en.<\/p>\n\n\n\n<p class=\"wp-block-paragraph\">Najlepsze w ca\u0142ej sprawie jest to, \u017ce <strong>zwiedzanie dla publiczno\u015bci jest ca\u0142kowicie darmowe<\/strong>, wystarczy tylko okaza\u0107 przy wej\u015bciu wa\u017cny dow\u00f3d osobisty lub paszport. Podczas zwiedzania zajrzysz bezpo\u015brednio do s\u0142ynnej sali obrad \u2013 hemicyklu, gdzie zasiadaj\u0105 europos\u0142owie i gdzie tworzy si\u0119 wa\u017cne europejskie prawodawstwo. Atmosfera tej ogromnej i nowoczesnej przestrzeni jest naprawd\u0119 imponuj\u0105ca, i nagle u\u015bwiadamiasz sobie, \u017ce ta brukselska biurokracja te\u017c ma sw\u00f3j fizyczny adres \ud83d\ude04.<\/p>\n\n\n\n<p class=\"wp-block-paragraph\">Wizyt\u0119 w parlamencie zaplanuj odpowiednio wcze\u015bniej i <strong>licz si\u0119 z tym, \u017ce ca\u0142e zwiedzanie zajmie ci mniej wi\u0119cej dwie do trzech godzin<\/strong> wliczaj\u0105c w to do\u015b\u0107 dok\u0142adn\u0105 kontrol\u0119 bezpiecze\u0144stwa przy wej\u015bciu. Zwiedzanie odbywa si\u0119 z pomoc\u0105 przewodnik\u00f3w multimedialnych we wszystkich j\u0119zykach urz\u0119dowych Unii Europejskiej, wi\u0119c wszystkie informacje mo\u017cesz wygodnie ods\u0142ucha\u0107 po polsku.<\/p>\n\n\n\n<figure data-wp-context=\"{&quot;imageId&quot;:&quot;6a9cffe5a9191&quot;}\" data-wp-interactive=\"core\/image\" data-wp-key=\"6a9cffe5a9191\" class=\"wp-block-image size-full wp-lightbox-container\"><img decoding=\"async\" width=\"1440\" height=\"1080\" data-wp-class--hide=\"state.isContentHidden\" data-wp-class--show=\"state.isContentVisible\" data-wp-init=\"callbacks.setButtonStyles\" data-wp-on--click=\"actions.showLightbox\" data-wp-on--load=\"callbacks.setButtonStyles\" data-wp-on--pointerdown=\"actions.preloadImage\" data-wp-on--pointerenter=\"actions.preloadImageWithDelay\" data-wp-on--pointerleave=\"actions.cancelPreload\" data-wp-on-window--resize=\"callbacks.setButtonStyles\" src=\"https:\/\/loudavymkrokem.cz\/wp-content\/uploads\/2026\/09\/parlamentarium-simone-veil.jpg\" alt=\"Parlamentarium Simone Veil\" class=\"wp-image-413201\" title=\"\" srcset=\"https:\/\/loudavymkrokem.cz\/wp-content\/uploads\/2026\/09\/parlamentarium-simone-veil.jpg 1440w, https:\/\/loudavymkrokem.cz\/wp-content\/uploads\/2026\/09\/parlamentarium-simone-veil-300x225.jpg 300w, https:\/\/loudavymkrokem.cz\/wp-content\/uploads\/2026\/09\/parlamentarium-simone-veil-700x525.jpg 700w, https:\/\/loudavymkrokem.cz\/wp-content\/uploads\/2026\/09\/parlamentarium-simone-veil-768x576.jpg 768w, https:\/\/loudavymkrokem.cz\/wp-content\/uploads\/2026\/09\/parlamentarium-simone-veil-80x60.jpg 80w, https:\/\/loudavymkrokem.cz\/wp-content\/uploads\/2026\/09\/parlamentarium-simone-veil-160x120.jpg 160w, https:\/\/loudavymkrokem.cz\/wp-content\/uploads\/2026\/09\/parlamentarium-simone-veil-696x522.jpg 696w, https:\/\/loudavymkrokem.cz\/wp-content\/uploads\/2026\/09\/parlamentarium-simone-veil-1392x1044.jpg 1392w\" sizes=\"(max-width: 1440px) 100vw, 1440px\" \/><button\n\t\t\tclass=\"lightbox-trigger\"\n\t\t\ttype=\"button\"\n\t\t\taria-haspopup=\"dialog\"\n\t\t\tdata-wp-bind--aria-label=\"state.thisImage.triggerButtonAriaLabel\"\n\t\t\tdata-wp-init=\"callbacks.initTriggerButton\"\n\t\t\tdata-wp-on--click=\"actions.showLightbox\"\n\t\t\tdata-wp-style--right=\"state.thisImage.buttonRight\"\n\t\t\tdata-wp-style--top=\"state.thisImage.buttonTop\"\n\t\t>\n\t\t\t<svg xmlns=\"http:\/\/www.w3.org\/2000\/svg\" width=\"12\" height=\"12\" fill=\"none\" viewBox=\"0 0 12 12\">\n\t\t\t\t<path fill=\"#fff\" d=\"M2 0a2 2 0 0 0-2 2v2h1.5V2a.5.5 0 0 1 .5-.5h2V0H2Zm2 10.5H2a.5.5 0 0 1-.5-.5V8H0v2a2 2 0 0 0 2 2h2v-1.5ZM8 12v-1.5h2a.5.5 0 0 0 .5-.5V8H12v2a2 2 0 0 1-2 2H8Zm2-12a2 2 0 0 1 2 2v2h-1.5V2a.5.5 0 0 0-.5-.5H8V0h2Z\" \/>\n\t\t\t<\/svg>\n\t\t<\/button><figcaption class=\"wp-element-caption\">Foto: Bianca K. \/ Google Maps<\/figcaption><\/figure>\n\n\n\n<h3 class=\"wp-block-heading\"><span class=\"ez-toc-section\" id=\"9_Parlamentarium_Simone_Veil\"><\/span>9. Parlamentarium Simone Veil<span class=\"ez-toc-section-end\"><\/span><\/h3>\n\n\n\n<p class=\"wp-block-paragraph\">Cz\u0119\u015bci\u0105 rozleg\u0142ego kompleksu Parlamentu Europejskiego jest tak\u017ce niedawno otwarta przestrze\u0144 dla zwiedzaj\u0105cych nazwana <a href=\"https:\/\/visiting.europarl.europa.eu\/cs\/visitor-offer\/strasbourg\/parlamentarium-simone-veil\" target=\"_blank\" rel=\"nofollow noopener\">Parlamentarium Simone Veil<\/a>. Centrum zaprojektowano tak, by europejska integracja brzmia\u0142a ekscytuj\u0105co, i co zaskakuj\u0105ce, ca\u0142kiem im si\u0119 to udaje. To \u015bwietne miejsce nie tylko dla doros\u0142ych zwiedzaj\u0105cych, ale i dla starszych ciekawych \u015bwiata dzieci.<\/p>\n\n\n\n<p class=\"wp-block-paragraph\">G\u0142\u00f3wnym magnesem ca\u0142ego centrum jest bezsprzecznie <strong>wspania\u0142a sala projekcyjna 360\u00b0<\/strong>, gdzie wy\u015bwietla si\u0119 dynamiczny film o funkcjonowaniu Parlamentu Europejskiego, dzi\u0119ki czemu wizualnie znajdziesz si\u0119 bezpo\u015brednio w samym centrum wydarze\u0144. Do dyspozycji s\u0105 tak\u017ce r\u00f3\u017cne interaktywne modu\u0142y i ekrany dotykowe, przez kt\u00f3re mo\u017cesz \u0142atwo sprawdzi\u0107, jakie decyzje zapada\u0142y w przesz\u0142o\u015bci w\u0142a\u015bnie dla twojego konkretnego regionu.<\/p>\n\n\n\n<p class=\"wp-block-paragraph\">Dla wi\u0119kszych zorganizowanych grup centrum oferuje r\u00f3wnie\u017c <strong>specjaln\u0105 gr\u0119 fabularn\u0105<\/strong>, podczas kt\u00f3rej uczestnicy mog\u0105 na w\u0142asnej sk\u00f3rze przekona\u0107 si\u0119, jak to jest by\u0107 prawdziwym pos\u0142em i mozolnie negocjowa\u0107 nowe ustawy. Przystanek w tym centrum perfekcyjnie uzupe\u0142nia zwiedzanie samej sali obrad, a wst\u0119p jest tu r\u00f3wnie\u017c dla wszystkich bezp\u0142atny.<\/p>\n\n\n\n<figure data-wp-context=\"{&quot;imageId&quot;:&quot;6a9cffe5a98f2&quot;}\" data-wp-interactive=\"core\/image\" data-wp-key=\"6a9cffe5a98f2\" class=\"wp-block-image size-full wp-lightbox-container\"><img decoding=\"async\" width=\"1600\" height=\"1200\" data-wp-class--hide=\"state.isContentHidden\" data-wp-class--show=\"state.isContentVisible\" data-wp-init=\"callbacks.setButtonStyles\" data-wp-on--click=\"actions.showLightbox\" data-wp-on--load=\"callbacks.setButtonStyles\" data-wp-on--pointerdown=\"actions.preloadImage\" data-wp-on--pointerenter=\"actions.preloadImageWithDelay\" data-wp-on--pointerleave=\"actions.cancelPreload\" data-wp-on-window--resize=\"callbacks.setButtonStyles\" src=\"https:\/\/loudavymkrokem.cz\/wp-content\/uploads\/2026\/09\/rada-evropy.jpg\" alt=\"Rada Europy i dzielnica instytucji\" class=\"wp-image-413204\" title=\"\" srcset=\"https:\/\/loudavymkrokem.cz\/wp-content\/uploads\/2026\/09\/rada-evropy.jpg 1600w, https:\/\/loudavymkrokem.cz\/wp-content\/uploads\/2026\/09\/rada-evropy-300x225.jpg 300w, https:\/\/loudavymkrokem.cz\/wp-content\/uploads\/2026\/09\/rada-evropy-700x525.jpg 700w, https:\/\/loudavymkrokem.cz\/wp-content\/uploads\/2026\/09\/rada-evropy-768x576.jpg 768w, https:\/\/loudavymkrokem.cz\/wp-content\/uploads\/2026\/09\/rada-evropy-1536x1152.jpg 1536w, https:\/\/loudavymkrokem.cz\/wp-content\/uploads\/2026\/09\/rada-evropy-80x60.jpg 80w, https:\/\/loudavymkrokem.cz\/wp-content\/uploads\/2026\/09\/rada-evropy-160x120.jpg 160w, https:\/\/loudavymkrokem.cz\/wp-content\/uploads\/2026\/09\/rada-evropy-696x522.jpg 696w, https:\/\/loudavymkrokem.cz\/wp-content\/uploads\/2026\/09\/rada-evropy-1392x1044.jpg 1392w\" sizes=\"(max-width: 1600px) 100vw, 1600px\" \/><button\n\t\t\tclass=\"lightbox-trigger\"\n\t\t\ttype=\"button\"\n\t\t\taria-haspopup=\"dialog\"\n\t\t\tdata-wp-bind--aria-label=\"state.thisImage.triggerButtonAriaLabel\"\n\t\t\tdata-wp-init=\"callbacks.initTriggerButton\"\n\t\t\tdata-wp-on--click=\"actions.showLightbox\"\n\t\t\tdata-wp-style--right=\"state.thisImage.buttonRight\"\n\t\t\tdata-wp-style--top=\"state.thisImage.buttonTop\"\n\t\t>\n\t\t\t<svg xmlns=\"http:\/\/www.w3.org\/2000\/svg\" width=\"12\" height=\"12\" fill=\"none\" viewBox=\"0 0 12 12\">\n\t\t\t\t<path fill=\"#fff\" d=\"M2 0a2 2 0 0 0-2 2v2h1.5V2a.5.5 0 0 1 .5-.5h2V0H2Zm2 10.5H2a.5.5 0 0 1-.5-.5V8H0v2a2 2 0 0 0 2 2h2v-1.5ZM8 12v-1.5h2a.5.5 0 0 0 .5-.5V8H12v2a2 2 0 0 1-2 2H8Zm2-12a2 2 0 0 1 2 2v2h-1.5V2a.5.5 0 0 0-.5-.5H8V0h2Z\" \/>\n\t\t\t<\/svg>\n\t\t<\/button><figcaption class=\"wp-element-caption\">Foto: Anton Nyberg \/ Google Maps<\/figcaption><\/figure>\n\n\n\n<!-- LKM_GYG_CARD start q=\"strasbourg\" lang=\"pl\" --><!-- LKM_GYG_CARD end -->\n\n\n\n\n<div class=\"lk-stays-module\">\n<style>\n\/* \u2500\u2500\u2500 RESET PRO GUTENBERG \u2500\u2500\u2500 *\/\n.lk-stays-module * { box-sizing: border-box; margin: 0; padding: 0; }\n\n\/* \u2500\u2500\u2500 WRAPPER \u2500\u2500\u2500 *\/\n.lk-stays-module {\n  font-family: 'DM Sans', Georgia, sans-serif;\n  max-width: 100%;\n  margin: 2.5rem auto;\n  background: linear-gradient(135deg, #fdfaf5 0%, #fcf8f0 100%);\n  border: 1px solid #e8dfd4;\n  border-radius: 16px;\n  overflow: hidden;\n  box-shadow: 0 16px 48px rgba(195, 159, 118, 0.25), 0 4px 12px rgba(0,0,0,0.08);\n}\n\n\/* \u2500\u2500\u2500 HEADER \u2500\u2500\u2500 *\/\n.lk-stays-header {\n  position: relative;\n  padding: 24px 36px 24px;\n  background: linear-gradient(135deg, #c39f76 0%, #d4b188 60%, #c39f76 100%);\n  border-bottom: 1px solid rgba(255,255,255,.15);\n  display: flex;\n  align-items: center;\n  gap: 18px;\n}\n.lk-stays-header::before {\n  content: '';\n  position: absolute;\n  inset: 0;\n  background: url(\"data:image\/svg+xml,%3Csvg width='60' height='60' viewBox='0 0 60 60' xmlns='http:\/\/www.w3.org\/2000\/svg'%3E%3Cg fill='none' fill-rule='evenodd'%3E%3Cg fill='%23ffffff' fill-opacity='0.05'%3E%3Cpath d='M36 34v-4h-2v4h-4v2h4v4h2v-4h4v-2h-4zm0-30V0h-2v4h-4v2h4v4h2V6h4V4h-4zM6 34v-4H4v4H0v2h4v4h2v-4h4v-2H6zM6 4V0H4v4H0v2h4v4h2V6h4V4H6z'\/%3E%3C\/g%3E%3C\/g%3E%3C\/svg%3E\") repeat;\n  pointer-events: none;\n}\n.lk-stays-icon {\n  flex-shrink: 0;\n  width: 68px;\n  height: 68px;\n  border-radius: 14px;\n  background: linear-gradient(135deg, #fff 0%, #f9f6f0 100%);\n  display: flex;\n  align-items: center;\n  justify-content: center;\n  font-size: 26px;\n  box-shadow: 0 4px 12px rgba(0,0,0,0.15);\n}\n.lk-stays-eyebrow {\n  font-size: 10px;\n  font-weight: 500;\n  letter-spacing: 2.5px;\n  text-transform: uppercase;\n  color: rgba(255,255,255,.85);\n  margin: 0 0 5px 0;\n}\n.lk-stays-title {\n  font-family: 'Playfair Display', Georgia, serif;\n  font-size: 24px;\n  font-weight: 700;\n  color: #fff;\n  line-height: 1.2;\n  text-shadow: 0 1px 2px rgba(0,0,0,0.1);\n  margin: 0;\n}\n.lk-stays-subtitle {\n  font-size: 13px;\n  color: rgba(255,255,255,.75);\n  margin: 4px 0 0 0;\n  font-weight: 300;\n}\n\n\/* \u2500\u2500\u2500 CARDS GRID \u2500\u2500\u2500 *\/\n.lk-stays-grid {\n  display: grid;\n  grid-template-columns: 1fr 1fr;\n  gap: 1px;\n  background: rgba(195, 159, 118, 0.12);\n}\n\n\/* \u2500\u2500\u2500 SINGLE CARD \u2500\u2500\u2500 *\/\n.lk-stay-card {\n  background: #ffffff;\n  padding: 26px;\n  display: flex;\n  flex-direction: column;\n  gap: 11px;\n  transition: all 0.3s ease;\n  text-decoration: none;\n  color: inherit;\n  position: relative;\n}\n.lk-stay-card:hover {\n  background: #fffbf5;\n  transform: translateY(-2px);\n  box-shadow: 0 8px 24px rgba(195, 159, 118, 0.18);\n  z-index: 1;\n}\n.lk-stay-card.featured {\n  background: linear-gradient(135deg, #fffdf9 0%, #fff9f0 100%);\n  box-shadow: 0 4px 16px rgba(195, 159, 118, 0.15), inset 0 1px 0 rgba(195, 159, 118, 0.1);\n}\n.lk-stay-card.featured:hover {\n  background: linear-gradient(135deg, #fffbf5 0%, #fff8ed 100%);\n  box-shadow: 0 8px 24px rgba(195, 159, 118, 0.25), inset 0 1px 0 rgba(195, 159, 118, 0.15);\n}\n\n.lk-stay-badge {\n  display: inline-flex;\n  align-items: center;\n  gap: 5px;\n  font-size: 10px;\n  font-weight: 500;\n  letter-spacing: 1.5px;\n  text-transform: uppercase;\n  padding: 5px 11px;\n  border-radius: 20px;\n  width: fit-content;\n}\n.badge-top     { background: linear-gradient(135deg, #c39f76 0%, #d4b188 100%); color: #fff; border: 1px solid #c39f76; font-weight: 600; box-shadow: 0 2px 8px rgba(195,159,118,0.3); }\n.badge-luxury  { background: rgba(195,159,118,.12); color: #c39f76; border: 1px solid rgba(195,159,118,.25); }\n.badge-boutique{ background: rgba(54,133,252,.08); color: #3685fc; border: 1px solid rgba(54,133,252,.2); }\n.badge-nature  { background: rgba(130,190,100,.1); color: #6b9c4a; border: 1px solid rgba(130,190,100,.2); }\n.badge-remote  { background: rgba(195,159,118,.12); color: #a67e50; border: 1px solid rgba(195,159,118,.25); }\n\n.lk-stay-name {\n  font-family: 'Playfair Display', Georgia, serif;\n  font-size: 18px;\n  font-weight: 700;\n  color: #111827;\n  line-height: 1.3;\n}\n.lk-stay-desc {\n  font-size: 13.5px;\n  color: #525252;\n  line-height: 1.65;\n  font-weight: 300;\n  flex: 1;\n}\n\n.lk-stay-meta {\n  display: flex;\n  align-items: center;\n  gap: 12px;\n  flex-wrap: wrap;\n  margin-top: 4px;\n}\n.lk-stay-price {\n  font-size: 13px;\n  color: #6b7280;\n}\n.lk-stay-price strong {\n  color: #c39f76;\n  font-weight: 500;\n}\n.lk-stay-stars {\n  color: #c39f76;\n  font-size: 11px;\n  letter-spacing: 1px;\n}\n\n\/* \u2500\u2500\u2500 CTA BUTTON \u2500\u2500\u2500 *\/\n.lk-stay-cta {\n  display: inline-flex;\n  align-items: center;\n  justify-content: center;\n  gap: 7px;\n  margin-top: 8px;\n  padding: 11px 20px;\n  border-radius: 8px;\n  background: linear-gradient(135deg, #3685fc 0%, #2a6fd9 100%);\n  color: #fff;\n  font-size: 13px;\n  font-weight: 500;\n  text-decoration: none;\n  letter-spacing: .3px;\n  transition: all .2s ease;\n  cursor: pointer;\n  border: none;\n  text-align: center;\n  box-shadow: 0 4px 12px rgba(54, 133, 252, 0.25);\n}\n.lk-stay-cta:hover {\n  background: linear-gradient(135deg, #2a6fd9 0%, #1e5bc4 100%);\n  transform: translateY(-1px);\n  box-shadow: 0 6px 16px rgba(54, 133, 252, 0.35);\n}\n.lk-stay-cta svg { flex-shrink: 0; }\n\n\/* \u2500\u2500\u2500 FOOTER \u2500\u2500\u2500 *\/\n.lk-stays-footer {\n  padding: 18px 36px;\n  background: linear-gradient(to bottom, #fdfaf5 0%, #f9f4ed 100%);\n  border-top: 1px solid rgba(195, 159, 118, 0.15);\n  display: flex;\n  align-items: center;\n  justify-content: space-between;\n  flex-wrap: wrap;\n  gap: 12px;\n}\n.lk-stays-footer-note {\n  font-size: 11.5px;\n  color: #6b7280;\n  font-weight: 300;\n  line-height: 1.5;\n}\n.lk-stays-footer-note a {\n  color: #c39f76;\n  text-decoration: none;\n  font-weight: 400;\n}\n.lk-stays-footer-note a:hover {\n  text-decoration: underline;\n}\n.lk-stays-all-btn {\n  display: inline-flex;\n  align-items: center;\n  gap: 6px;\n  font-size: 12.5px;\n  font-weight: 500;\n  color: #c39f76;\n  text-decoration: none;\n  border: 1px solid rgba(195, 159, 118, 0.35);\n  padding: 8px 18px;\n  border-radius: 8px;\n  transition: all .2s ease;\n}\n.lk-stays-all-btn:hover {\n  background: rgba(195, 159, 118, 0.08);\n  border-color: rgba(195, 159, 118, 0.5);\n}\n\n\/* \u2500\u2500\u2500 RESPONSIVE \u2500\u2500\u2500 *\/\n@media (max-width: 600px) {\n  .lk-stays-grid { grid-template-columns: 1fr; }\n  .lk-stays-header { padding: 24px 20px; }\n  .lk-stays-footer { padding: 16px 20px; }\n  .lk-stay-card { padding: 22px; }\n  .lk-stays-title { font-size: 20px; }\n}\n<\/style>\n\n  <!-- HEADER -->\n  <div class=\"lk-stays-header\">\n    <img decoding=\"async\" src=\"https:\/\/loudavymkrokem.cz\/wp-content\/uploads\/2026\/02\/lukas-a-lucka.jpg\" alt=\"\" style=\"width: 75px; height: 75px; border-radius: 8px; flex-shrink: 0; object-fit: cover; display: block; margin: 4px 0;\" title=\"\">\n    <div class=\"lk-stays-header-text\">\n      <div class=\"lk-stays-eyebrow\">Luk\u00e1\u0161 i Lucie polecaj\u0105<\/div>\n      <div class=\"lk-stays-title\">Gdzie si\u0119 zatrzyma\u0107 w Strasburgu<\/div>\n      <div class=\"lk-stays-subtitle\">4 noclegi \u2014 hotele i inne opcje zakwaterowania<\/div>\n    <\/div>\n  <\/div>\n\n  <!-- CARDS -->\n  <div class=\"lk-stays-grid\">\n\n    <a class=\"lk-stay-card featured\" href=\"https:\/\/www.stay22.com\/allez\/roam?aid=lukaskonecny&#038;campaign=loudavymkrokemcz&#038;campaign=pl&#038;campaign=covidetvestrasburku&#038;address=%C5%A0trasburk&#038;hotelname=H%C3%B4tel+Cour+du+Corbeau+Strasbourg+-+MGallery&#038;search=H%C3%B4tel+Cour+du+Corbeau+Strasbourg+-+MGallery&#038;category=accommodation\" target=\"_blank\" rel=\"nofollow noopener\">\n      <span class=\"lk-stay-badge badge-top\">\u2b50 TOP WYB\u00d3R<\/span>\n      <span class=\"lk-stay-badge badge-nature\">\ud83c\udfe8 Hotel<\/span>\n      <div class=\"lk-stay-name\">H\u00f4tel Cour du Corbeau Strasbourg &#8211; MGallery<\/div>\n      <div class=\"lk-stay-desc\">Architektoniczny klejnot w odrestaurowanym historycznym budynku z XVI wieku z drewnianymi galeriami, oferuj\u0105cy romantyczn\u0105 atmosfer\u0119 nad kana\u0142em.<\/div>\n      <div class=\"lk-stay-meta\">\n        <span class=\"lk-stay-stars\">\u2605\u2605\u2605\u2605<\/span>\n        <span class=\"lk-stay-price\">Sprawd\u017a ceny<\/span>\n      <\/div>\n      <span class=\"lk-stay-cta\">\n        <svg width=\"14\" height=\"14\" viewBox=\"0 0 24 24\" fill=\"none\" stroke=\"currentColor\" stroke-width=\"2\"><path d=\"M18 13v6a2 2 0 0 1-2 2H5a2 2 0 0 1-2-2V8a2 2 0 0 1 2-2h6\"\/><polyline points=\"15 3 21 3 21 9\"\/><line x1=\"10\" y1=\"14\" x2=\"21\" y2=\"3\"\/><\/svg>\n        Sprawd\u017a dost\u0119pno\u015b\u0107\n      <\/span>\n    <\/a>\n\n    <a class=\"lk-stay-card\" href=\"https:\/\/www.stay22.com\/allez\/roam?aid=lukaskonecny&#038;campaign=loudavymkrokemcz&#038;campaign=pl&#038;campaign=covidetvestrasburku&#038;address=%C5%A0trasburk&#038;hotelname=H%C3%B4tel+L%C3%89ONOR+the+place+to+live&#038;search=H%C3%B4tel+L%C3%89ONOR+the+place+to+live&#038;category=accommodation\" target=\"_blank\" rel=\"nofollow noopener\">\n      <span class=\"lk-stay-badge badge-nature\">\ud83c\udfe8 Hotel<\/span>\n      <div class=\"lk-stay-name\">H\u00f4tel L\u00c9ONOR the place to live<\/div>\n      <div class=\"lk-stay-desc\">Nowoczesny design w historycznym budynku niedaleko placu Broglie z pi\u0119knym wewn\u0119trznym dziedzi\u0144cem do siedzenia.<\/div>\n      <div class=\"lk-stay-meta\">\n        <span class=\"lk-stay-stars\">\u2605\u2605\u2605\u2605<\/span>\n        <span class=\"lk-stay-price\">Sprawd\u017a ceny<\/span>\n      <\/div>\n      <span class=\"lk-stay-cta\">\n        <svg width=\"14\" height=\"14\" viewBox=\"0 0 24 24\" fill=\"none\" stroke=\"currentColor\" stroke-width=\"2\"><path d=\"M18 13v6a2 2 0 0 1-2 2H5a2 2 0 0 1-2-2V8a2 2 0 0 1 2-2h6\"\/><polyline points=\"15 3 21 3 21 9\"\/><line x1=\"10\" y1=\"14\" x2=\"21\" y2=\"3\"\/><\/svg>\n        Sprawd\u017a dost\u0119pno\u015b\u0107\n      <\/span>\n    <\/a>\n\n    <a class=\"lk-stay-card\" href=\"https:\/\/www.stay22.com\/allez\/roam?aid=lukaskonecny&#038;campaign=loudavymkrokemcz&#038;campaign=pl&#038;campaign=covidetvestrasburku&#038;address=%C5%A0trasburk&#038;hotelname=H%C3%B4tel+Gutenberg&#038;search=H%C3%B4tel+Gutenberg&#038;category=accommodation\" target=\"_blank\" rel=\"nofollow noopener\">\n      <span class=\"lk-stay-badge badge-nature\">\ud83c\udfe8 Hotel<\/span>\n      <div class=\"lk-stay-name\">H\u00f4tel Gutenberg<\/div>\n      <div class=\"lk-stay-desc\">Strategiczna lokalizacja niedaleko g\u0142\u00f3wnej strefy pieszej, mniejsze pokoje wyr\u00f3\u017cniaj\u0105ce si\u0119 czysto\u015bci\u0105 i wygodnymi \u0142\u00f3\u017ckami, bardzo pomocny personel.<\/div>\n      <div class=\"lk-stay-meta\">\n        <span class=\"lk-stay-stars\">\u2605\u2605\u2605\u2605<\/span>\n        <span class=\"lk-stay-price\">Sprawd\u017a ceny<\/span>\n      <\/div>\n      <span class=\"lk-stay-cta\">\n        <svg width=\"14\" height=\"14\" viewBox=\"0 0 24 24\" fill=\"none\" stroke=\"currentColor\" stroke-width=\"2\"><path d=\"M18 13v6a2 2 0 0 1-2 2H5a2 2 0 0 1-2-2V8a2 2 0 0 1 2-2h6\"\/><polyline points=\"15 3 21 3 21 9\"\/><line x1=\"10\" y1=\"14\" x2=\"21\" y2=\"3\"\/><\/svg>\n        Sprawd\u017a dost\u0119pno\u015b\u0107\n      <\/span>\n    <\/a>\n\n    <a class=\"lk-stay-card\" href=\"https:\/\/www.stay22.com\/allez\/roam?aid=lukaskonecny&#038;campaign=loudavymkrokemcz&#038;campaign=pl&#038;campaign=covidetvestrasburku&#038;address=\u0161trasburk\" target=\"_blank\" rel=\"nofollow noopener\">\n      <span class=\"lk-stay-badge badge-nature\">\ud83d\udd0d Szukaj<\/span>\n      <div class=\"lk-stay-name\">Zobacz wszystkie noclegi w Strasburgu<\/div>\n      <div class=\"lk-stay-desc\">Przejrzyj wszystkie dost\u0119pne opcje zakwaterowania w Strasburgu i znajd\u017a najlepsze wed\u0142ug swoich preferencji i bud\u017cetu.<\/div>\n      <div class=\"lk-stay-meta\">\n        <span class=\"lk-stay-stars\">\u2605\u2605\u2605\u2605<\/span>\n        <span class=\"lk-stay-price\">Por\u00f3wnaj ceny<\/span>\n      <\/div>\n      <span class=\"lk-stay-cta\">\n        <svg width=\"14\" height=\"14\" viewBox=\"0 0 24 24\" fill=\"none\" stroke=\"currentColor\" stroke-width=\"2\"><path d=\"M18 13v6a2 2 0 0 1-2 2H5a2 2 0 0 1-2-2V8a2 2 0 0 1 2-2h6\"\/><polyline points=\"15 3 21 3 21 9\"\/><line x1=\"10\" y1=\"14\" x2=\"21\" y2=\"3\"\/><\/svg>\n        Sprawd\u017a dost\u0119pno\u015b\u0107\n      <\/span>\n    <\/a>\n\n  <\/div>\n\n  \n<\/div>\n\n\n\n\n<h3 class=\"wp-block-heading\"><span class=\"ez-toc-section\" id=\"10_Rada_Europy_i_dzielnica_instytucji\"><\/span>10. Rada Europy i dzielnica instytucji<span class=\"ez-toc-section-end\"><\/span><\/h3>\n\n\n\n<p class=\"wp-block-paragraph\">Parlament Europejski zdecydowanie nie jest jedyn\u0105 wa\u017cn\u0105 instytucj\u0105 w tym mie\u015bcie. Tu\u017c w bezpo\u015brednim s\u0105siedztwie znajduje si\u0119 <strong>imponuj\u0105cy budynek Rady Europy oraz s\u0142ynny Europejski Trybuna\u0142 Praw Cz\u0142owieka<\/strong>. Ca\u0142a ta nowoczesna dzielnica rozci\u0105gaj\u0105ca si\u0119 wok\u00f3\u0142 cichego zbiegu rzek Ill i Marna jest architektonicznie niezwykle ciekawa, a sam spacer mi\u0119dzy tymi szklanymi pa\u0142acami porz\u0105dnie ci\u0119 nastroi.<\/p>\n\n\n\n<p class=\"wp-block-paragraph\">Sam budynek Europejskiego Trybuna\u0142u Praw Cz\u0142owieka, zaprojektowany przez s\u0142awnego architekta Richarda Rogersa, <strong>swoimi odwa\u017cnymi kszta\u0142tami przypomina dwa ogromne stalowe statki na brzegu rzeki<\/strong> i nale\u017cy do najbardziej godnych uwagi nowoczesnych budowli w ca\u0142ej Francji. Zwiedzanie tych konkretnych instytucji dla os\u00f3b indywidualnych jest co prawda bardziej skomplikowane i cz\u0119sto wymaga wcze\u015bniejszej \u017cmudnej zgody, ale ju\u017c sam widok z zewn\u0105trz i spacer po okolicznych szerokich promenadach zdecydowanie jest tego wart.<\/p>\n\n\n\n<p class=\"wp-block-paragraph\">Ca\u0142a ta administracyjna okolica jest zaskakuj\u0105co g\u0119sto otoczona zieleni\u0105 i kana\u0142ami, wi\u0119c <strong>kontrast mi\u0119dzy surow\u0105 nowoczesn\u0105 architektur\u0105 a spokojn\u0105 przyrod\u0105 jest tu bardzo silny<\/strong>. To \u015bwietne miejsce na popo\u0142udniowy spacer, gdy chcesz na chwil\u0119 odpocz\u0105\u0107 od czasem ruchliwych historycznych uliczek w samym centrum.<\/p>\n\n\n\n<figure data-wp-context=\"{&quot;imageId&quot;:&quot;6a9cffe5a9e92&quot;}\" data-wp-interactive=\"core\/image\" data-wp-key=\"6a9cffe5a9e92\" class=\"wp-block-image size-full wp-lightbox-container\"><img decoding=\"async\" width=\"1600\" height=\"2400\" data-wp-class--hide=\"state.isContentHidden\" data-wp-class--show=\"state.isContentVisible\" data-wp-init=\"callbacks.setButtonStyles\" data-wp-on--click=\"actions.showLightbox\" data-wp-on--load=\"callbacks.setButtonStyles\" data-wp-on--pointerdown=\"actions.preloadImage\" data-wp-on--pointerenter=\"actions.preloadImageWithDelay\" data-wp-on--pointerleave=\"actions.cancelPreload\" data-wp-on-window--resize=\"callbacks.setButtonStyles\" src=\"https:\/\/loudavymkrokem.cz\/wp-content\/uploads\/2026\/09\/grande-le.jpg\" alt=\"Grande \u00cele (pierwsza dzielnica na li\u015bcie UNESCO)\" class=\"wp-image-413208\" title=\"\" srcset=\"https:\/\/loudavymkrokem.cz\/wp-content\/uploads\/2026\/09\/grande-le.jpg 1600w, https:\/\/loudavymkrokem.cz\/wp-content\/uploads\/2026\/09\/grande-le-200x300.jpg 200w, https:\/\/loudavymkrokem.cz\/wp-content\/uploads\/2026\/09\/grande-le-700x1050.jpg 700w, https:\/\/loudavymkrokem.cz\/wp-content\/uploads\/2026\/09\/grande-le-768x1152.jpg 768w, https:\/\/loudavymkrokem.cz\/wp-content\/uploads\/2026\/09\/grande-le-1024x1536.jpg 1024w, https:\/\/loudavymkrokem.cz\/wp-content\/uploads\/2026\/09\/grande-le-1365x2048.jpg 1365w, https:\/\/loudavymkrokem.cz\/wp-content\/uploads\/2026\/09\/grande-le-696x1044.jpg 696w, https:\/\/loudavymkrokem.cz\/wp-content\/uploads\/2026\/09\/grande-le-1392x2088.jpg 1392w\" sizes=\"(max-width: 1600px) 100vw, 1600px\" \/><button\n\t\t\tclass=\"lightbox-trigger\"\n\t\t\ttype=\"button\"\n\t\t\taria-haspopup=\"dialog\"\n\t\t\tdata-wp-bind--aria-label=\"state.thisImage.triggerButtonAriaLabel\"\n\t\t\tdata-wp-init=\"callbacks.initTriggerButton\"\n\t\t\tdata-wp-on--click=\"actions.showLightbox\"\n\t\t\tdata-wp-style--right=\"state.thisImage.buttonRight\"\n\t\t\tdata-wp-style--top=\"state.thisImage.buttonTop\"\n\t\t>\n\t\t\t<svg xmlns=\"http:\/\/www.w3.org\/2000\/svg\" width=\"12\" height=\"12\" fill=\"none\" viewBox=\"0 0 12 12\">\n\t\t\t\t<path fill=\"#fff\" d=\"M2 0a2 2 0 0 0-2 2v2h1.5V2a.5.5 0 0 1 .5-.5h2V0H2Zm2 10.5H2a.5.5 0 0 1-.5-.5V8H0v2a2 2 0 0 0 2 2h2v-1.5ZM8 12v-1.5h2a.5.5 0 0 0 .5-.5V8H12v2a2 2 0 0 1-2 2H8Zm2-12a2 2 0 0 1 2 2v2h-1.5V2a.5.5 0 0 0-.5-.5H8V0h2Z\" \/>\n\t\t\t<\/svg>\n\t\t<\/button><figcaption class=\"wp-element-caption\">Foto: Alberto Belli \/ Google Maps<\/figcaption><\/figure>\n\n\n\n<h3 class=\"wp-block-heading\"><span class=\"ez-toc-section\" id=\"11_Grande_Ile_pierwsza_dzielnica_na_liscie_UNESCO\"><\/span>11. Grande \u00cele (pierwsza dzielnica na li\u015bcie UNESCO)<span class=\"ez-toc-section-end\"><\/span><\/h3>\n\n\n\n<p class=\"wp-block-paragraph\">Historyczne serce Strasburga rozci\u0105ga si\u0119 na przepi\u0119knej wyspie Grande \u00cele, kt\u00f3r\u0105 leniwie op\u0142ywaj\u0105 dwa ramiona rzeki Ill. Ta wyspa jest absolutnym \u015bwiatowym unikatem, poniewa\u017c <strong>w 1988 roku zosta\u0142a wpisana na list\u0119 \u015bwiatowego dziedzictwa UNESCO jako w og\u00f3le pierwsza ca\u0142a miejska dzielnica<\/strong> w historii. Nie ma si\u0119 co dziwi\u0107, gdy\u017c koncentracja przepi\u0119knych historycznych zabytk\u00f3w na tak ma\u0142ej przestrzeni jest tu naprawd\u0119 absolutnie wyj\u0105tkowa.<\/p>\n\n\n\n<p class=\"wp-block-paragraph\">Podczas powolnego spaceru po wyspie natkniesz si\u0119 na doskona\u0142y przyk\u0142ad tego, jak miasto p\u0142ynnie ewoluowa\u0142o od \u015bredniowiecza przez renesans a\u017c po schludny klasycyzm. <strong>Domy o niezwykle wysokich, stromych dachach z mn\u00f3stwem lukarn, kt\u00f3re pierwotnie s\u0142u\u017cy\u0142y do suszenia zwierz\u0119cych sk\u00f3r i przechowywania zbo\u017ca<\/strong>, przeplataj\u0105 si\u0119 z okaza\u0142ymi pa\u0142acami i malowniczymi ukrytymi placykami. Wszystko jest dodatkowo po\u0142\u0105czone sieci\u0105 w\u0105skich brukowanych uliczek, kt\u00f3re wprost zapraszaj\u0105 do bezcelowego romantycznego b\u0142\u0105dzenia.<\/p>\n\n\n\n<p class=\"wp-block-paragraph\">Najlepszym sposobem na zwiedzenie wyspy jest po prostu wybra\u0107 si\u0119 bez planu. Tutaj zgubi\u0107 si\u0119 w\u0142a\u015bciwie si\u0119 nie da. <strong>Na ka\u017cdym rogu odkryjesz jaki\u015b ciekawy architektoniczny detal<\/strong>, ukryty zielony dziedziniec albo ma\u0142\u0105 piekarni\u0119 pachn\u0105c\u0105 \u015bwie\u017co upieczonym pieczywem. Ca\u0142\u0105 wysp\u0119 mo\u017cna wygodnie obej\u015b\u0107 pieszo w jedno przyjemne popo\u0142udnie.<\/p>\n\n\n\n<figure data-wp-context=\"{&quot;imageId&quot;:&quot;6a9cffe5aa3ea&quot;}\" data-wp-interactive=\"core\/image\" data-wp-key=\"6a9cffe5aa3ea\" class=\"wp-block-image size-full wp-lightbox-container\"><img decoding=\"async\" width=\"1440\" height=\"1080\" data-wp-class--hide=\"state.isContentHidden\" data-wp-class--show=\"state.isContentVisible\" data-wp-init=\"callbacks.setButtonStyles\" data-wp-on--click=\"actions.showLightbox\" data-wp-on--load=\"callbacks.setButtonStyles\" data-wp-on--pointerdown=\"actions.preloadImage\" data-wp-on--pointerenter=\"actions.preloadImageWithDelay\" data-wp-on--pointerleave=\"actions.cancelPreload\" data-wp-on-window--resize=\"callbacks.setButtonStyles\" src=\"https:\/\/loudavymkrokem.cz\/wp-content\/uploads\/2026\/09\/neustadt.jpg\" alt=\"Neustadt (niemiecka dzielnica cesarska)\" class=\"wp-image-413212\" title=\"\" srcset=\"https:\/\/loudavymkrokem.cz\/wp-content\/uploads\/2026\/09\/neustadt.jpg 1440w, https:\/\/loudavymkrokem.cz\/wp-content\/uploads\/2026\/09\/neustadt-300x225.jpg 300w, https:\/\/loudavymkrokem.cz\/wp-content\/uploads\/2026\/09\/neustadt-700x525.jpg 700w, https:\/\/loudavymkrokem.cz\/wp-content\/uploads\/2026\/09\/neustadt-768x576.jpg 768w, https:\/\/loudavymkrokem.cz\/wp-content\/uploads\/2026\/09\/neustadt-80x60.jpg 80w, https:\/\/loudavymkrokem.cz\/wp-content\/uploads\/2026\/09\/neustadt-160x120.jpg 160w, https:\/\/loudavymkrokem.cz\/wp-content\/uploads\/2026\/09\/neustadt-696x522.jpg 696w, https:\/\/loudavymkrokem.cz\/wp-content\/uploads\/2026\/09\/neustadt-1392x1044.jpg 1392w\" sizes=\"(max-width: 1440px) 100vw, 1440px\" \/><button\n\t\t\tclass=\"lightbox-trigger\"\n\t\t\ttype=\"button\"\n\t\t\taria-haspopup=\"dialog\"\n\t\t\tdata-wp-bind--aria-label=\"state.thisImage.triggerButtonAriaLabel\"\n\t\t\tdata-wp-init=\"callbacks.initTriggerButton\"\n\t\t\tdata-wp-on--click=\"actions.showLightbox\"\n\t\t\tdata-wp-style--right=\"state.thisImage.buttonRight\"\n\t\t\tdata-wp-style--top=\"state.thisImage.buttonTop\"\n\t\t>\n\t\t\t<svg xmlns=\"http:\/\/www.w3.org\/2000\/svg\" width=\"12\" height=\"12\" fill=\"none\" viewBox=\"0 0 12 12\">\n\t\t\t\t<path fill=\"#fff\" d=\"M2 0a2 2 0 0 0-2 2v2h1.5V2a.5.5 0 0 1 .5-.5h2V0H2Zm2 10.5H2a.5.5 0 0 1-.5-.5V8H0v2a2 2 0 0 0 2 2h2v-1.5ZM8 12v-1.5h2a.5.5 0 0 0 .5-.5V8H12v2a2 2 0 0 1-2 2H8Zm2-12a2 2 0 0 1 2 2v2h-1.5V2a.5.5 0 0 0-.5-.5H8V0h2Z\" \/>\n\t\t\t<\/svg>\n\t\t<\/button><figcaption class=\"wp-element-caption\">Foto: M. E. \/ Google Maps<\/figcaption><\/figure>\n\n\n\n<h3 class=\"wp-block-heading\"><span class=\"ez-toc-section\" id=\"12_Neustadt_niemiecka_dzielnica_cesarska\"><\/span>12. Neustadt (niemiecka dzielnica cesarska)<span class=\"ez-toc-section-end\"><\/span><\/h3>\n\n\n\n<p class=\"wp-block-paragraph\">Po tym, jak miasto pod koniec XIX wieku zosta\u0142o przymusowo przy\u0142\u0105czone do Cesarstwa Niemieckiego, Niemcy postanowili zbudowa\u0107 zupe\u0142nie now\u0105, wysoce reprezentacyjn\u0105 dzielnic\u0119, kt\u00f3ra pokaza\u0142aby ich \u00f3wczesn\u0105 pot\u0119g\u0119 i niezmierne bogactwo. Tak powsta\u0142a Neustadt, czyli Nowe Miasto, kt\u00f3re <strong>od 2017 roku sta\u0142o si\u0119 kolejnym oficjalnym rozszerzeniem wpisu na presti\u017cowej li\u015bcie UNESCO<\/strong>. Ta dzielnica stanowi absolutne i fascynuj\u0105ce przeciwie\u0144stwo w\u0105skich uliczek starego miasta.<\/p>\n\n\n\n<p class=\"wp-block-paragraph\">Znajdziesz tu <strong>ogromne i szerokie bulwary obsadzone dorodnymi drzewami, olbrzymie okr\u0105g\u0142e place i monumentalne budynki publiczne<\/strong> zbudowane w osobliwej mieszance neogotyku, neorenesansu i zdobnej secesji. G\u0142\u00f3wnym punktem centralnym ca\u0142ej tej okaza\u0142ej dzielnicy jest plac Place de la R\u00e9publique z budynkiem Teatru Narodowego i zapieraj\u0105c\u0105 dech bibliotek\u0105 uniwersyteck\u0105.<\/p>\n\n\n\n<p class=\"wp-block-paragraph\">Spacer po tej spokojnej dzielnicy <strong>doskonale ilustruje ow\u0105 cz\u0119sto wspominan\u0105 podw\u00f3jn\u0105 to\u017csamo\u015b\u0107 Strasburga<\/strong>, gdy przechodzisz z typowo francuskiego \u015bredniowiecza do wzorcowego niemieckiego urbanizmu ko\u0144ca XIX wieku. Wiele dom\u00f3w rezydencjonalnych ma tu przepi\u0119kne secesyjne fasady z bogat\u0105 kwiatow\u0105 dekoracj\u0105, kt\u00f3re zdecydowanie warto przyjrze\u0107 si\u0119 z bliska z aparatem w r\u0119ku.<\/p>\n\n\n\n<figure data-wp-context=\"{&quot;imageId&quot;:&quot;6a9cffe5aaab3&quot;}\" data-wp-interactive=\"core\/image\" data-wp-key=\"6a9cffe5aaab3\" class=\"wp-block-image size-full wp-lightbox-container\"><img decoding=\"async\" width=\"1600\" height=\"1200\" data-wp-class--hide=\"state.isContentHidden\" data-wp-class--show=\"state.isContentVisible\" data-wp-init=\"callbacks.setButtonStyles\" data-wp-on--click=\"actions.showLightbox\" data-wp-on--load=\"callbacks.setButtonStyles\" data-wp-on--pointerdown=\"actions.preloadImage\" data-wp-on--pointerenter=\"actions.preloadImageWithDelay\" data-wp-on--pointerleave=\"actions.cancelPreload\" data-wp-on-window--resize=\"callbacks.setButtonStyles\" src=\"https:\/\/loudavymkrokem.cz\/wp-content\/uploads\/2026\/09\/place-kl-ber.jpg\" alt=\"Place Kl\u00e9ber\" class=\"wp-image-413217\" title=\"\" srcset=\"https:\/\/loudavymkrokem.cz\/wp-content\/uploads\/2026\/09\/place-kl-ber.jpg 1600w, https:\/\/loudavymkrokem.cz\/wp-content\/uploads\/2026\/09\/place-kl-ber-300x225.jpg 300w, https:\/\/loudavymkrokem.cz\/wp-content\/uploads\/2026\/09\/place-kl-ber-700x525.jpg 700w, https:\/\/loudavymkrokem.cz\/wp-content\/uploads\/2026\/09\/place-kl-ber-768x576.jpg 768w, https:\/\/loudavymkrokem.cz\/wp-content\/uploads\/2026\/09\/place-kl-ber-1536x1152.jpg 1536w, https:\/\/loudavymkrokem.cz\/wp-content\/uploads\/2026\/09\/place-kl-ber-80x60.jpg 80w, https:\/\/loudavymkrokem.cz\/wp-content\/uploads\/2026\/09\/place-kl-ber-160x120.jpg 160w, https:\/\/loudavymkrokem.cz\/wp-content\/uploads\/2026\/09\/place-kl-ber-696x522.jpg 696w, https:\/\/loudavymkrokem.cz\/wp-content\/uploads\/2026\/09\/place-kl-ber-1392x1044.jpg 1392w\" sizes=\"(max-width: 1600px) 100vw, 1600px\" \/><button\n\t\t\tclass=\"lightbox-trigger\"\n\t\t\ttype=\"button\"\n\t\t\taria-haspopup=\"dialog\"\n\t\t\tdata-wp-bind--aria-label=\"state.thisImage.triggerButtonAriaLabel\"\n\t\t\tdata-wp-init=\"callbacks.initTriggerButton\"\n\t\t\tdata-wp-on--click=\"actions.showLightbox\"\n\t\t\tdata-wp-style--right=\"state.thisImage.buttonRight\"\n\t\t\tdata-wp-style--top=\"state.thisImage.buttonTop\"\n\t\t>\n\t\t\t<svg xmlns=\"http:\/\/www.w3.org\/2000\/svg\" width=\"12\" height=\"12\" fill=\"none\" viewBox=\"0 0 12 12\">\n\t\t\t\t<path fill=\"#fff\" d=\"M2 0a2 2 0 0 0-2 2v2h1.5V2a.5.5 0 0 1 .5-.5h2V0H2Zm2 10.5H2a.5.5 0 0 1-.5-.5V8H0v2a2 2 0 0 0 2 2h2v-1.5ZM8 12v-1.5h2a.5.5 0 0 0 .5-.5V8H12v2a2 2 0 0 1-2 2H8Zm2-12a2 2 0 0 1 2 2v2h-1.5V2a.5.5 0 0 0-.5-.5H8V0h2Z\" \/>\n\t\t\t<\/svg>\n\t\t<\/button><figcaption class=\"wp-element-caption\">Foto: Curzio Pinnelli \/ Google Maps<\/figcaption><\/figure>\n\n\n\n<h3 class=\"wp-block-heading\"><span class=\"ez-toc-section\" id=\"13_Place_Kleber\"><\/span>13. Place Kl\u00e9ber<span class=\"ez-toc-section-end\"><\/span><\/h3>\n\n\n\n<p class=\"wp-block-paragraph\">G\u0142\u00f3wnym i najwi\u0119kszym powierzchniowo placem w ca\u0142ym centrum miasta jest Place Kl\u00e9ber, kt\u00f3ry niezawodnie s\u0142u\u017cy jako naturalne miejsce spotka\u0144 wszystkich mieszka\u0144c\u00f3w. Ca\u0142a ogromna przestrze\u0144 funkcjonuje jako <strong>rozleg\u0142a strefa piesza otoczona pi\u0119knymi historycznymi budynkami<\/strong>, w kt\u00f3rych dzi\u015b mieszcz\u0105 si\u0119 sklepy luksusowych \u015bwiatowych marek, przestronne kawiarnie i cenione restauracje. Plac nosi imi\u0119 s\u0142ynnego genera\u0142a Jean-Baptiste&#8217;a Kl\u00e9bera, kt\u00f3rego br\u0105zowy pomnik stoi dok\u0142adnie po\u015brodku, a pod kt\u00f3rym z\u0142o\u017cone s\u0105 nawet jego prawdziwe szcz\u0105tki.<\/p>\n\n\n\n<p class=\"wp-block-paragraph\">Ten plac jest naprawd\u0119 przez ca\u0142y rok pe\u0142en nies\u0142abn\u0105cego \u017cycia. Mieszka\u0144cy przychodz\u0105 tu na zakupy, na popo\u0142udniow\u0105 kaw\u0119 albo poogl\u0105da\u0107 najr\u00f3\u017cniejszych artyst\u00f3w ulicznych. <strong>Najpi\u0119kniejszym budynkiem na placu jest bez w\u0105tpienia Aubette<\/strong>, klasycystyczny pa\u0142ac z XVIII wieku, kt\u00f3ry w przesz\u0142o\u015bci s\u0142u\u017cy\u0142 jako wojskowa wartownia, a dzi\u015b kryje galeri\u0119 handlow\u0105 i historyczne sale z unikatow\u0105 awangardow\u0105 dekoracj\u0105 z lat dwudziestych XX wieku.<\/p>\n\n\n\n<p class=\"wp-block-paragraph\">W okresie adwentu plac magicznie zmienia si\u0119 w absolutne centrum wydarze\u0144, poniewa\u017c w\u0142a\u015bnie <strong>tutaj z wielk\u0105 pomp\u0105 wznosi si\u0119 ogromn\u0105, przepi\u0119knie przystrojon\u0105 choink\u0119<\/strong>, kt\u00f3ra jest jednym z najwi\u0119kszych symboli ca\u0142ego miasta. Ale i poza adwentem w pe\u0142ni nacieszysz si\u0119 tu \u015bwietn\u0105 atmosfer\u0105 t\u0119tni\u0105cej \u017cyciem, nowoczesnej europejskiej metropolii.<\/p>\n\n\n\n<figure data-wp-context=\"{&quot;imageId&quot;:&quot;6a9cffe5aaff0&quot;}\" data-wp-interactive=\"core\/image\" data-wp-key=\"6a9cffe5aaff0\" class=\"wp-block-image size-full wp-lightbox-container\"><img decoding=\"async\" width=\"1600\" height=\"1200\" data-wp-class--hide=\"state.isContentHidden\" data-wp-class--show=\"state.isContentVisible\" data-wp-init=\"callbacks.setButtonStyles\" data-wp-on--click=\"actions.showLightbox\" data-wp-on--load=\"callbacks.setButtonStyles\" data-wp-on--pointerdown=\"actions.preloadImage\" data-wp-on--pointerenter=\"actions.preloadImageWithDelay\" data-wp-on--pointerleave=\"actions.cancelPreload\" data-wp-on-window--resize=\"callbacks.setButtonStyles\" src=\"https:\/\/loudavymkrokem.cz\/wp-content\/uploads\/2026\/09\/parc-de-l-orangerie.jpg\" alt=\"Parc de l&#039;Orangerie\" class=\"wp-image-413221\" title=\"\" srcset=\"https:\/\/loudavymkrokem.cz\/wp-content\/uploads\/2026\/09\/parc-de-l-orangerie.jpg 1600w, https:\/\/loudavymkrokem.cz\/wp-content\/uploads\/2026\/09\/parc-de-l-orangerie-300x225.jpg 300w, https:\/\/loudavymkrokem.cz\/wp-content\/uploads\/2026\/09\/parc-de-l-orangerie-700x525.jpg 700w, https:\/\/loudavymkrokem.cz\/wp-content\/uploads\/2026\/09\/parc-de-l-orangerie-768x576.jpg 768w, https:\/\/loudavymkrokem.cz\/wp-content\/uploads\/2026\/09\/parc-de-l-orangerie-1536x1152.jpg 1536w, https:\/\/loudavymkrokem.cz\/wp-content\/uploads\/2026\/09\/parc-de-l-orangerie-80x60.jpg 80w, https:\/\/loudavymkrokem.cz\/wp-content\/uploads\/2026\/09\/parc-de-l-orangerie-160x120.jpg 160w, https:\/\/loudavymkrokem.cz\/wp-content\/uploads\/2026\/09\/parc-de-l-orangerie-696x522.jpg 696w, https:\/\/loudavymkrokem.cz\/wp-content\/uploads\/2026\/09\/parc-de-l-orangerie-1392x1044.jpg 1392w\" sizes=\"(max-width: 1600px) 100vw, 1600px\" \/><button\n\t\t\tclass=\"lightbox-trigger\"\n\t\t\ttype=\"button\"\n\t\t\taria-haspopup=\"dialog\"\n\t\t\tdata-wp-bind--aria-label=\"state.thisImage.triggerButtonAriaLabel\"\n\t\t\tdata-wp-init=\"callbacks.initTriggerButton\"\n\t\t\tdata-wp-on--click=\"actions.showLightbox\"\n\t\t\tdata-wp-style--right=\"state.thisImage.buttonRight\"\n\t\t\tdata-wp-style--top=\"state.thisImage.buttonTop\"\n\t\t>\n\t\t\t<svg xmlns=\"http:\/\/www.w3.org\/2000\/svg\" width=\"12\" height=\"12\" fill=\"none\" viewBox=\"0 0 12 12\">\n\t\t\t\t<path fill=\"#fff\" d=\"M2 0a2 2 0 0 0-2 2v2h1.5V2a.5.5 0 0 1 .5-.5h2V0H2Zm2 10.5H2a.5.5 0 0 1-.5-.5V8H0v2a2 2 0 0 0 2 2h2v-1.5ZM8 12v-1.5h2a.5.5 0 0 0 .5-.5V8H12v2a2 2 0 0 1-2 2H8Zm2-12a2 2 0 0 1 2 2v2h-1.5V2a.5.5 0 0 0-.5-.5H8V0h2Z\" \/>\n\t\t\t<\/svg>\n\t\t<\/button><figcaption class=\"wp-element-caption\">Foto: dante coccia \/ Google Maps<\/figcaption><\/figure>\n\n\n\n<h3 class=\"wp-block-heading\"><span class=\"ez-toc-section\" id=\"14_Parc_de_lOrangerie\"><\/span>14. Parc de l&#8217;Orangerie<span class=\"ez-toc-section-end\"><\/span><\/h3>\n\n\n\n<p class=\"wp-block-paragraph\">Je\u015bli b\u0119dziesz chcia\u0142 na chwil\u0119 odpocz\u0105\u0107 od ha\u0142asu wielkiego miasta i na\u0142adowa\u0107 si\u0119 now\u0105 energi\u0105 na \u0142onie natury, wybierz si\u0119 do Parc de l&#8217;Orangerie. Ten zachwycaj\u0105cy park pochodz\u0105cy z XVII wieku jest <strong>najwi\u0119kszym i w og\u00f3le najstarszym parkiem w mie\u015bcie<\/strong> i znajduje si\u0119 w bezpo\u015brednim s\u0105siedztwie nowoczesnej dzielnicy europejskiej. Pierwotnie uprawiano tu rzadkie drzewka pomara\u0144czowe. Kto by pomy\u015bla\u0142, \u017ce powstanie z tego kiedy\u015b najwi\u0119kszy park w mie\u015bcie.<\/p>\n\n\n\n<p class=\"wp-block-paragraph\">Dzi\u015b to ogromna i starannie utrzymana oaza zieleni z rozleg\u0142ym jeziorem, gdzie <strong>mo\u017cesz w ciep\u0142ych miesi\u0105cach letnich wypo\u017cyczy\u0107 ma\u0142\u0105 \u0142\u00f3dk\u0119 i przep\u0142yn\u0105\u0107 si\u0119 po spokojnej tafli wody<\/strong>. Park przecina g\u0119sta sie\u0107 szerokich piaskowych \u015bcie\u017cek, natkniesz si\u0119 tu na pi\u0119kne rabaty kwiatowe, szemrz\u0105ce fontanny, a nawet ma\u0142e zoo. W pawilonie po\u015brodku parku znajduje si\u0119 dodatkowo luksusowa restauracja z pi\u0119knym tarasem na \u015bwi\u0105teczny obiad.<\/p>\n\n\n\n<p class=\"wp-block-paragraph\">\ud83d\udca1 Wskaz\u00f3wka: Park jest tak\u017ce domem ogromnej liczby dzikich bocian\u00f3w, kt\u00f3re s\u0105 zwierz\u0119cym symbolem ca\u0142ej Alzacji. <strong>Mo\u017cesz je tu swobodnie obserwowa\u0107, jak buduj\u0105 swoje ogromne gniazda wysoko w koronach dorodnych drzew<\/strong>, co jest prze\u017cyciem, kt\u00f3re zagwarantowanie zachwyci nie tylko ma\u0142e dzieci, ale i doros\u0142ych zwiedzaj\u0105cych.<\/p>\n\n\n\n<figure data-wp-context=\"{&quot;imageId&quot;:&quot;6a9cffe5ab4de&quot;}\" data-wp-interactive=\"core\/image\" data-wp-key=\"6a9cffe5ab4de\" class=\"wp-block-image size-full wp-lightbox-container\"><img decoding=\"async\" width=\"1600\" height=\"1183\" data-wp-class--hide=\"state.isContentHidden\" data-wp-class--show=\"state.isContentVisible\" data-wp-init=\"callbacks.setButtonStyles\" data-wp-on--click=\"actions.showLightbox\" data-wp-on--load=\"callbacks.setButtonStyles\" data-wp-on--pointerdown=\"actions.preloadImage\" data-wp-on--pointerenter=\"actions.preloadImageWithDelay\" data-wp-on--pointerleave=\"actions.cancelPreload\" data-wp-on-window--resize=\"callbacks.setButtonStyles\" src=\"https:\/\/loudavymkrokem.cz\/wp-content\/uploads\/2026\/09\/parc-de-l-toile.jpg\" alt=\"Parc de l&#039;\u00c9toile\" class=\"wp-image-413224\" title=\"\" srcset=\"https:\/\/loudavymkrokem.cz\/wp-content\/uploads\/2026\/09\/parc-de-l-toile.jpg 1600w, https:\/\/loudavymkrokem.cz\/wp-content\/uploads\/2026\/09\/parc-de-l-toile-300x222.jpg 300w, https:\/\/loudavymkrokem.cz\/wp-content\/uploads\/2026\/09\/parc-de-l-toile-700x518.jpg 700w, https:\/\/loudavymkrokem.cz\/wp-content\/uploads\/2026\/09\/parc-de-l-toile-768x568.jpg 768w, https:\/\/loudavymkrokem.cz\/wp-content\/uploads\/2026\/09\/parc-de-l-toile-1536x1136.jpg 1536w, https:\/\/loudavymkrokem.cz\/wp-content\/uploads\/2026\/09\/parc-de-l-toile-80x60.jpg 80w, https:\/\/loudavymkrokem.cz\/wp-content\/uploads\/2026\/09\/parc-de-l-toile-696x515.jpg 696w, https:\/\/loudavymkrokem.cz\/wp-content\/uploads\/2026\/09\/parc-de-l-toile-1392x1029.jpg 1392w\" sizes=\"(max-width: 1600px) 100vw, 1600px\" \/><button\n\t\t\tclass=\"lightbox-trigger\"\n\t\t\ttype=\"button\"\n\t\t\taria-haspopup=\"dialog\"\n\t\t\tdata-wp-bind--aria-label=\"state.thisImage.triggerButtonAriaLabel\"\n\t\t\tdata-wp-init=\"callbacks.initTriggerButton\"\n\t\t\tdata-wp-on--click=\"actions.showLightbox\"\n\t\t\tdata-wp-style--right=\"state.thisImage.buttonRight\"\n\t\t\tdata-wp-style--top=\"state.thisImage.buttonTop\"\n\t\t>\n\t\t\t<svg xmlns=\"http:\/\/www.w3.org\/2000\/svg\" width=\"12\" height=\"12\" fill=\"none\" viewBox=\"0 0 12 12\">\n\t\t\t\t<path fill=\"#fff\" d=\"M2 0a2 2 0 0 0-2 2v2h1.5V2a.5.5 0 0 1 .5-.5h2V0H2Zm2 10.5H2a.5.5 0 0 1-.5-.5V8H0v2a2 2 0 0 0 2 2h2v-1.5ZM8 12v-1.5h2a.5.5 0 0 0 .5-.5V8H12v2a2 2 0 0 1-2 2H8Zm2-12a2 2 0 0 1 2 2v2h-1.5V2a.5.5 0 0 0-.5-.5H8V0h2Z\" \/>\n\t\t\t<\/svg>\n\t\t<\/button><figcaption class=\"wp-element-caption\">Foto: Zulfikar CEKIC \/ Google Maps<\/figcaption><\/figure>\n\n\n\n<h3 class=\"wp-block-heading\"><span class=\"ez-toc-section\" id=\"15_Parc_de_lEtoile\"><\/span>15. Parc de l&#8217;\u00c9toile<span class=\"ez-toc-section-end\"><\/span><\/h3>\n\n\n\n<p class=\"wp-block-paragraph\">Kolejn\u0105 bardzo ciekaw\u0105 zielon\u0105 przestrzeni\u0105, kt\u00f3r\u0105 zdecydowanie warto odwiedzi\u0107, jest Parc de l&#8217;\u00c9toile. W przeciwie\u0144stwie do klasycznego i \u015bci\u015ble symetrycznego francuskiego stylu parku Orangerie ta przestrze\u0144 jest zaprojektowana znacznie lu\u017aniej i nowocze\u015bniej. <strong>Znajdziesz tu rozleg\u0142e trawiaste wzg\u00f3rza, drewniane k\u0142adki i szerokie \u015bcie\u017cki wzd\u0142u\u017c kana\u0142\u00f3w<\/strong>, co czyni z niego niezwykle lubiane miejsce na pikniki i popo\u0142udniowy relaks student\u00f3w z pobliskiego uniwersytetu.<\/p>\n\n\n\n<p class=\"wp-block-paragraph\">Jedn\u0105 z g\u0142\u00f3wnych artystycznych ciekawostek tego parku jest <strong>br\u0105zowy pomnik Mahatmy Gandhiego<\/strong>, kt\u00f3ry miastu oficjalnie podarowa\u0142 rz\u0105d Indii jako trwa\u0142y symbol pokoju i niestosowania przemocy. Park funkcjonuje jako \u015bwietne i zielone po\u0142\u0105czenie mi\u0119dzy historycznym centrum miasta a nowocze\u015bniejszymi dzielnicami po\u0142udniowymi, i dzi\u0119ki mn\u00f3stwu rozmieszczonych \u0142awek oferuje bardzo przyjemne miejsce na odpoczynek.<\/p>\n\n\n\n<p class=\"wp-block-paragraph\">Ca\u0142a ta przestrze\u0144 jest r\u00f3wnie\u017c bardzo lubiana w\u015br\u00f3d miejscowych rowerzyst\u00f3w i biegaczy, poniewa\u017c st\u0105d mo\u017cesz p\u0142ynnie pod\u0142\u0105czy\u0107 si\u0119 do rozleg\u0142ej sieci przygotowanych \u015bcie\u017cek rowerowych prowadz\u0105cych wzd\u0142u\u017c kana\u0142\u00f3w a\u017c daleko poza granice miasta. <strong>Je\u015bli planujesz wypo\u017cyczy\u0107 w mie\u015bcie rower, zdecydowanie polecam ci zacz\u0105\u0107 swoj\u0105 przeja\u017cd\u017ck\u0119 w\u0142a\u015bnie tutaj<\/strong>.<\/p>\n\n\n\n<figure data-wp-context=\"{&quot;imageId&quot;:&quot;6a9cffe5abaf5&quot;}\" data-wp-interactive=\"core\/image\" data-wp-key=\"6a9cffe5abaf5\" class=\"wp-block-image size-full wp-lightbox-container\"><img decoding=\"async\" width=\"1600\" height=\"1200\" data-wp-class--hide=\"state.isContentHidden\" data-wp-class--show=\"state.isContentVisible\" data-wp-init=\"callbacks.setButtonStyles\" data-wp-on--click=\"actions.showLightbox\" data-wp-on--load=\"callbacks.setButtonStyles\" data-wp-on--pointerdown=\"actions.preloadImage\" data-wp-on--pointerenter=\"actions.preloadImageWithDelay\" data-wp-on--pointerleave=\"actions.cancelPreload\" data-wp-on-window--resize=\"callbacks.setButtonStyles\" src=\"https:\/\/loudavymkrokem.cz\/wp-content\/uploads\/2026\/09\/palais-rohan.jpg\" alt=\"Palais Rohan\" class=\"wp-image-413228\" title=\"\" srcset=\"https:\/\/loudavymkrokem.cz\/wp-content\/uploads\/2026\/09\/palais-rohan.jpg 1600w, https:\/\/loudavymkrokem.cz\/wp-content\/uploads\/2026\/09\/palais-rohan-300x225.jpg 300w, https:\/\/loudavymkrokem.cz\/wp-content\/uploads\/2026\/09\/palais-rohan-700x525.jpg 700w, https:\/\/loudavymkrokem.cz\/wp-content\/uploads\/2026\/09\/palais-rohan-768x576.jpg 768w, https:\/\/loudavymkrokem.cz\/wp-content\/uploads\/2026\/09\/palais-rohan-1536x1152.jpg 1536w, https:\/\/loudavymkrokem.cz\/wp-content\/uploads\/2026\/09\/palais-rohan-80x60.jpg 80w, https:\/\/loudavymkrokem.cz\/wp-content\/uploads\/2026\/09\/palais-rohan-160x120.jpg 160w, https:\/\/loudavymkrokem.cz\/wp-content\/uploads\/2026\/09\/palais-rohan-696x522.jpg 696w, https:\/\/loudavymkrokem.cz\/wp-content\/uploads\/2026\/09\/palais-rohan-1392x1044.jpg 1392w\" sizes=\"(max-width: 1600px) 100vw, 1600px\" \/><button\n\t\t\tclass=\"lightbox-trigger\"\n\t\t\ttype=\"button\"\n\t\t\taria-haspopup=\"dialog\"\n\t\t\tdata-wp-bind--aria-label=\"state.thisImage.triggerButtonAriaLabel\"\n\t\t\tdata-wp-init=\"callbacks.initTriggerButton\"\n\t\t\tdata-wp-on--click=\"actions.showLightbox\"\n\t\t\tdata-wp-style--right=\"state.thisImage.buttonRight\"\n\t\t\tdata-wp-style--top=\"state.thisImage.buttonTop\"\n\t\t>\n\t\t\t<svg xmlns=\"http:\/\/www.w3.org\/2000\/svg\" width=\"12\" height=\"12\" fill=\"none\" viewBox=\"0 0 12 12\">\n\t\t\t\t<path fill=\"#fff\" d=\"M2 0a2 2 0 0 0-2 2v2h1.5V2a.5.5 0 0 1 .5-.5h2V0H2Zm2 10.5H2a.5.5 0 0 1-.5-.5V8H0v2a2 2 0 0 0 2 2h2v-1.5ZM8 12v-1.5h2a.5.5 0 0 0 .5-.5V8H12v2a2 2 0 0 1-2 2H8Zm2-12a2 2 0 0 1 2 2v2h-1.5V2a.5.5 0 0 0-.5-.5H8V0h2Z\" \/>\n\t\t\t<\/svg>\n\t\t<\/button><figcaption class=\"wp-element-caption\">Foto: Kent Wang \/ Google Maps<\/figcaption><\/figure>\n\n\n\n<h3 class=\"wp-block-heading\"><span class=\"ez-toc-section\" id=\"16_Palais_Rohan\"><\/span>16. Palais Rohan<span class=\"ez-toc-section-end\"><\/span><\/h3>\n\n\n\n<p class=\"wp-block-paragraph\">Zaledwie niewielki kawa\u0142ek od g\u0142\u00f3wnej katedry majestatycznie wznosi si\u0119 <a href=\"https:\/\/en.musees.strasbourg.eu\/palais-rohan\" target=\"_blank\" rel=\"nofollow noopener\">Palais Rohan<\/a>, przepi\u0119kny i rozleg\u0142y barokowy pa\u0142ac z XVIII wieku, kt\u00f3ry kiedy\u015b s\u0142u\u017cy\u0142 jako okaza\u0142a rezydencja strasburskich biskup\u00f3w z bardzo wp\u0142ywowego rodu Rohan\u00f3w. <strong>Ta ol\u015bniewaj\u0105ca budowla za swoje pi\u0119kno jest cz\u0119sto por\u00f3wnywana do paryskich pa\u0142ac\u00f3w<\/strong>, a jej dostojna fasada odbijaj\u0105ca si\u0119 w wodach rzeki Ill nale\u017cy do absolutnie najpi\u0119kniejszych widok\u00f3w w mie\u015bcie.<\/p>\n\n\n\n<p class=\"wp-block-paragraph\">Dzi\u015b ten ogromny pa\u0142ac jest domem a\u017c trzech znacz\u0105cych miejskich muze\u00f3w, wi\u0119c wszyscy mi\u0142o\u015bnicy sztuki i g\u0142\u0119bokiej historii z pewno\u015bci\u0105 znajd\u0105 tu co\u015b dla siebie. <strong>Na parterze mie\u015bci si\u0119 Muzeum Sztuki Dekoracyjnej z pi\u0119knie zachowanymi oryginalnymi komnatami biskupimi<\/strong>, w suterenie znajdziesz rozleg\u0142e Muzeum Archeologiczne, a na pierwszym pi\u0119trze Muzeum Sztuk Pi\u0119knych z imponuj\u0105c\u0105 kolekcj\u0105 klasycznego malarstwa europejskiego.<\/p>\n\n\n\n<p class=\"wp-block-paragraph\">Nawet je\u015bli nie jeste\u015b akurat wielkim fanem d\u0142ugich i wymagaj\u0105cych zwiedza\u0144 muze\u00f3w, przynajmniej na centralny dziedziniec koniecznie zajrzyj, wst\u0119p jest darmowy, a fasada jest tego warta. Mo\u017cesz tu spokojnie podziwia\u0107 doskona\u0142\u0105 symetri\u0119 i niewiarygodn\u0105 zdobno\u015b\u0107 klasycznej francuskiej architektury pa\u0142acowej.<\/p>\n\n\n\n<figure data-wp-context=\"{&quot;imageId&quot;:&quot;6a9cffe5ac11f&quot;}\" data-wp-interactive=\"core\/image\" data-wp-key=\"6a9cffe5ac11f\" class=\"wp-block-image size-full wp-lightbox-container\"><img decoding=\"async\" width=\"1600\" height=\"1105\" data-wp-class--hide=\"state.isContentHidden\" data-wp-class--show=\"state.isContentVisible\" data-wp-init=\"callbacks.setButtonStyles\" data-wp-on--click=\"actions.showLightbox\" data-wp-on--load=\"callbacks.setButtonStyles\" data-wp-on--pointerdown=\"actions.preloadImage\" data-wp-on--pointerenter=\"actions.preloadImageWithDelay\" data-wp-on--pointerleave=\"actions.cancelPreload\" data-wp-on-window--resize=\"callbacks.setButtonStyles\" src=\"https:\/\/loudavymkrokem.cz\/wp-content\/uploads\/2026\/09\/strasbourg-museum-of-modern-and-contemporary-art.jpg\" alt=\"Strasbourg Museum of Modern and Contemporary Art (MAMCS)\" class=\"wp-image-413231\" title=\"\" srcset=\"https:\/\/loudavymkrokem.cz\/wp-content\/uploads\/2026\/09\/strasbourg-museum-of-modern-and-contemporary-art.jpg 1600w, https:\/\/loudavymkrokem.cz\/wp-content\/uploads\/2026\/09\/strasbourg-museum-of-modern-and-contemporary-art-300x207.jpg 300w, https:\/\/loudavymkrokem.cz\/wp-content\/uploads\/2026\/09\/strasbourg-museum-of-modern-and-contemporary-art-700x483.jpg 700w, https:\/\/loudavymkrokem.cz\/wp-content\/uploads\/2026\/09\/strasbourg-museum-of-modern-and-contemporary-art-768x530.jpg 768w, https:\/\/loudavymkrokem.cz\/wp-content\/uploads\/2026\/09\/strasbourg-museum-of-modern-and-contemporary-art-1536x1061.jpg 1536w, https:\/\/loudavymkrokem.cz\/wp-content\/uploads\/2026\/09\/strasbourg-museum-of-modern-and-contemporary-art-696x481.jpg 696w, https:\/\/loudavymkrokem.cz\/wp-content\/uploads\/2026\/09\/strasbourg-museum-of-modern-and-contemporary-art-1392x961.jpg 1392w\" sizes=\"(max-width: 1600px) 100vw, 1600px\" \/><button\n\t\t\tclass=\"lightbox-trigger\"\n\t\t\ttype=\"button\"\n\t\t\taria-haspopup=\"dialog\"\n\t\t\tdata-wp-bind--aria-label=\"state.thisImage.triggerButtonAriaLabel\"\n\t\t\tdata-wp-init=\"callbacks.initTriggerButton\"\n\t\t\tdata-wp-on--click=\"actions.showLightbox\"\n\t\t\tdata-wp-style--right=\"state.thisImage.buttonRight\"\n\t\t\tdata-wp-style--top=\"state.thisImage.buttonTop\"\n\t\t>\n\t\t\t<svg xmlns=\"http:\/\/www.w3.org\/2000\/svg\" width=\"12\" height=\"12\" fill=\"none\" viewBox=\"0 0 12 12\">\n\t\t\t\t<path fill=\"#fff\" d=\"M2 0a2 2 0 0 0-2 2v2h1.5V2a.5.5 0 0 1 .5-.5h2V0H2Zm2 10.5H2a.5.5 0 0 1-.5-.5V8H0v2a2 2 0 0 0 2 2h2v-1.5ZM8 12v-1.5h2a.5.5 0 0 0 .5-.5V8H12v2a2 2 0 0 1-2 2H8Zm2-12a2 2 0 0 1 2 2v2h-1.5V2a.5.5 0 0 0-.5-.5H8V0h2Z\" \/>\n\t\t\t<\/svg>\n\t\t<\/button><figcaption class=\"wp-element-caption\">Foto: Mus\u00e9e d&#8217;Art Moderne et Contemporain de Strasbourg \/ Google Maps<\/figcaption><\/figure>\n\n\n\n<h3 class=\"wp-block-heading\"><span class=\"ez-toc-section\" id=\"17_Strasbourg_Museum_of_Modern_and_Contemporary_Art_MAMCS\"><\/span>17. Strasbourg Museum of Modern and Contemporary Art (MAMCS)<span class=\"ez-toc-section-end\"><\/span><\/h3>\n\n\n\n<p class=\"wp-block-paragraph\">Dla wszystkich mi\u0142o\u015bnik\u00f3w nieco nowocze\u015bniejszej sztuki absolutn\u0105 konieczno\u015bci\u0105 jest wizyta w Muzeum Sztuki Nowoczesnej i Wsp\u00f3\u0142czesnej, kt\u00f3re mieszka\u0144cy w skr\u00f3cie nazywaj\u0105 <a href=\"https:\/\/en.musees.strasbourg.eu\/mamcs\" target=\"_blank\" rel=\"nofollow noopener\">MAMCS<\/a>. Ju\u017c sam budynek tego muzeum to wielkie architektoniczne prze\u017cycie. <strong>Jest to ogromna przeszklona budowla le\u017c\u0105ca bezpo\u015brednio na brzegu rzeki<\/strong>, kt\u00f3ra tworzy fantastyczny i bardzo fotogeniczny wizualny kontrast wobec pobliskiej historycznej dzielnicy Petite France.<\/p>\n\n\n\n<p class=\"wp-block-paragraph\">W \u015brodku czekaj\u0105 na ciebie naprawd\u0119 rozleg\u0142e kolekcje sztuki od ko\u0144ca XIX wieku a\u017c po wsp\u00f3\u0142czesno\u015b\u0107, <strong>w tym bardzo bogaty zbi\u00f3r nowoczesnej fotografii i grafiki<\/strong>. Znajdziesz tu wystawione dzie\u0142a s\u0142ynnych mistrz\u00f3w, jak Kandinsky, Picasso czy Monet, ale hojna przestrze\u0144 jest tu po\u015bwi\u0119cona tak\u017ce wsp\u00f3\u0142czesnym instalacjom przestrzennym i obiecuj\u0105cym lokalnym alzackim artystom.<\/p>\n\n\n\n<p class=\"wp-block-paragraph\">\ud83d\udca1 Wskaz\u00f3wka: Po d\u0142ugim zwiedzaniu wystaw zdecydowanie nie przegap wizyty w muzealnej kawiarni, kt\u00f3ra znajduje si\u0119 na otwartym tarasie na dachu. <strong>Oferuje si\u0119 st\u0105d jeden z najpi\u0119kniejszych i najmniej znanych w\u015br\u00f3d turyst\u00f3w widok\u00f3w na historyczne centrum i wie\u017ce Ponts Couverts<\/strong>, w dodatku w zupe\u0142nym spokoju daleko od g\u0142\u00f3wnych turystycznych t\u0142um\u00f3w na ulicach pod tob\u0105.<\/p>\n\n\n\n<figure data-wp-context=\"{&quot;imageId&quot;:&quot;6a9cffe5acd21&quot;}\" data-wp-interactive=\"core\/image\" data-wp-key=\"6a9cffe5acd21\" class=\"wp-block-image size-full wp-lightbox-container\"><img decoding=\"async\" width=\"1600\" height=\"1066\" data-wp-class--hide=\"state.isContentHidden\" data-wp-class--show=\"state.isContentVisible\" data-wp-init=\"callbacks.setButtonStyles\" data-wp-on--click=\"actions.showLightbox\" data-wp-on--load=\"callbacks.setButtonStyles\" data-wp-on--pointerdown=\"actions.preloadImage\" data-wp-on--pointerenter=\"actions.preloadImageWithDelay\" data-wp-on--pointerleave=\"actions.cancelPreload\" data-wp-on-window--resize=\"callbacks.setButtonStyles\" src=\"https:\/\/loudavymkrokem.cz\/wp-content\/uploads\/2026\/09\/mus-e-alsacien.jpg\" alt=\"Mus\u00e9e Alsacien\" class=\"wp-image-413235\" title=\"\" srcset=\"https:\/\/loudavymkrokem.cz\/wp-content\/uploads\/2026\/09\/mus-e-alsacien.jpg 1600w, https:\/\/loudavymkrokem.cz\/wp-content\/uploads\/2026\/09\/mus-e-alsacien-300x200.jpg 300w, https:\/\/loudavymkrokem.cz\/wp-content\/uploads\/2026\/09\/mus-e-alsacien-700x466.jpg 700w, https:\/\/loudavymkrokem.cz\/wp-content\/uploads\/2026\/09\/mus-e-alsacien-768x512.jpg 768w, https:\/\/loudavymkrokem.cz\/wp-content\/uploads\/2026\/09\/mus-e-alsacien-1536x1023.jpg 1536w, https:\/\/loudavymkrokem.cz\/wp-content\/uploads\/2026\/09\/mus-e-alsacien-696x464.jpg 696w, https:\/\/loudavymkrokem.cz\/wp-content\/uploads\/2026\/09\/mus-e-alsacien-1392x927.jpg 1392w\" sizes=\"(max-width: 1600px) 100vw, 1600px\" \/><button\n\t\t\tclass=\"lightbox-trigger\"\n\t\t\ttype=\"button\"\n\t\t\taria-haspopup=\"dialog\"\n\t\t\tdata-wp-bind--aria-label=\"state.thisImage.triggerButtonAriaLabel\"\n\t\t\tdata-wp-init=\"callbacks.initTriggerButton\"\n\t\t\tdata-wp-on--click=\"actions.showLightbox\"\n\t\t\tdata-wp-style--right=\"state.thisImage.buttonRight\"\n\t\t\tdata-wp-style--top=\"state.thisImage.buttonTop\"\n\t\t>\n\t\t\t<svg xmlns=\"http:\/\/www.w3.org\/2000\/svg\" width=\"12\" height=\"12\" fill=\"none\" viewBox=\"0 0 12 12\">\n\t\t\t\t<path fill=\"#fff\" d=\"M2 0a2 2 0 0 0-2 2v2h1.5V2a.5.5 0 0 1 .5-.5h2V0H2Zm2 10.5H2a.5.5 0 0 1-.5-.5V8H0v2a2 2 0 0 0 2 2h2v-1.5ZM8 12v-1.5h2a.5.5 0 0 0 .5-.5V8H12v2a2 2 0 0 1-2 2H8Zm2-12a2 2 0 0 1 2 2v2h-1.5V2a.5.5 0 0 0-.5-.5H8V0h2Z\" \/>\n\t\t\t<\/svg>\n\t\t<\/button><figcaption class=\"wp-element-caption\">Foto: Bertrand Strasbourg \/ Google Maps<\/figcaption><\/figure>\n\n\n\n<h3 class=\"wp-block-heading\"><span class=\"ez-toc-section\" id=\"18_Musee_Alsacien\"><\/span>18. Mus\u00e9e Alsacien<span class=\"ez-toc-section-end\"><\/span><\/h3>\n\n\n\n<p class=\"wp-block-paragraph\">Je\u015bli chcesz naprawd\u0119 g\u0142\u0119boko wnikn\u0105\u0107 w dusz\u0119 tego regionu, odwied\u017a najpierw <a href=\"https:\/\/en.musees.strasbourg.eu\/alsatian-museum\" target=\"_blank\" rel=\"nofollow noopener\">Mus\u00e9e Alsacien<\/a>. Mie\u015bci si\u0119 w kilku wzajemnie po\u0142\u0105czonych historycznych domach z muru pruskiego i <strong>przepi\u0119knie mapuje tradycyjne alzackie \u017cycie ludowe, wiejskie zwyczaje i dawne rzemios\u0142a<\/strong>. Wszystko jest osadzone w absolutnie autentycznym i lekko zawi\u0142ym historycznym otoczeniu pe\u0142nym skrzypi\u0105cych drewnianych schod\u00f3w.<\/p>\n\n\n\n<p class=\"wp-block-paragraph\">Dzi\u0119ki temu zyskasz \u015bwietny kontekst do tego, co potem zobaczysz na ulicach, i lepiej zrozumiesz, jak w\u0142a\u015bciwie \u017cy\u0142o si\u0119 tu ludziom. Dowiesz si\u0119, jakie rzemios\u0142a dominowa\u0142y w regionie, zobaczysz typowe stroje, i od razu okoliczna architektura zacznie mie\u0107 jeszcze wi\u0119kszy sens.<\/p>\n\n\n\n<h2 class=\"wp-block-heading\"><span class=\"ez-toc-section\" id=\"Dokad_dalej_ze_Strasburga\"><\/span>Dok\u0105d dalej ze Strasburga<span class=\"ez-toc-section-end\"><\/span><\/h2>\n\n\n\n<p class=\"wp-block-paragraph\">Strasburg funkcjonuje jako <strong>absolutnie idealna baza do odkrywania ca\u0142ej Alzacji<\/strong>. W nieca\u0142\u0105 godzin\u0119 jazdy dostaniesz si\u0119 do bajkowych wiosek, kt\u00f3re wygl\u0105daj\u0105 jak dekoracje z historycznego filmu. Je\u015bli masz do dyspozycji auto, <strong>koniecznie nie przegap naszej trasy w artykule <a href=\"https:\/\/loudavymkrokem.cz\/pl\/alzacja-francja-wioski\/\">Alzacka Droga Winna: 12 najpi\u0119kniejszych wiosek<\/a><\/strong>, gdzie szczeg\u00f3\u0142owo opisujemy przystanki na trasie przez miasteczka jak Riquewihr czy Kaysersberg.<\/p>\n\n\n\n<p class=\"wp-block-paragraph\">Na osobn\u0105 wizyt\u0119 zdecydowanie zas\u0142uguje stolica alzackiego wina, o kt\u00f3rej rozpisali\u015bmy si\u0119 w przewodniku <a href=\"https:\/\/loudavymkrokem.cz\/pl\/colmar-francie\/\">Colmar, Francja<\/a>. To mniejsza i jeszcze bardziej skoncentrowana wersja Strasburga z zachwycaj\u0105c\u0105 dzielnic\u0105 zwan\u0105 Ma\u0142\u0105 Wenecj\u0105.<\/p>\n\n\n\n<p class=\"wp-block-paragraph\">Gdy b\u0119dziesz szuka\u0107 kolejnej inspiracji na wycieczki po okolicy, by\u0107 mo\u017ce na mapach natkniesz si\u0119 na \u00c9comus\u00e9e d&#8217;Alsace lub muzeum wojskowe MM Park, ale nie daj si\u0119 zwie\u015b\u0107. \u00c9comus\u00e9e le\u017cy w Ungersheim oko\u0142o sze\u015b\u0107dziesi\u0119ciu kilometr\u00f3w od miasta, a MM Park znajdziesz w miejscowo\u015bci La Wantzenau, wi\u0119c <strong>oba miejsca wymagaj\u0105 raczej p\u00f3\u0142dniowej lub ca\u0142odniowej wyprawy autem<\/strong> i zdecydowanie nie znajduj\u0105 si\u0119 w odleg\u0142o\u015bci spacerowej od centrum miasta.<\/p>\n\n\n\n<p class=\"wp-block-paragraph\">Je\u015bli planujesz szersze odkrywanie kraju ser\u00f3w i wina, zajrzyj do naszego <a href=\"https:\/\/loudavymkrokem.cz\/pl\/francja-roadtrip-plan-14-dni\/\">Roadtripa po Francji: plan na 14 dni<\/a>, gdzie znajdziesz mn\u00f3stwo praktycznych wskaz\u00f3wek na d\u0142ugie przejazdy. A je\u015bli jednak zdecydowa\u0142by\u015b si\u0119 wybra\u0107 na koniec roku, nie zapomnij zajrze\u0107 do naszego specjalnego artyku\u0142u <a href=\"https:\/\/loudavymkrokem.cz\/pl\/strasburg-francja-jarmark-bozonarodzeniowy\/\">Jarmark bo\u017conarodzeniowy w Strasburgu<\/a>.<\/p>\n\n\n\n<h2 class=\"wp-block-heading\"><span class=\"ez-toc-section\" id=\"Czesto_zadawane_pytania\"><\/span>Cz\u0119sto zadawane pytania<span class=\"ez-toc-section-end\"><\/span><\/h2>\n\n\n<div id=\"rank-math-faq\" class=\"rank-math-block\">\n<div class=\"rank-math-list \">\n<div id=\"faq-question-1788283122000\" class=\"rank-math-list-item\">\n<h3 class=\"rank-math-question \"><span class=\"ez-toc-section\" id=\"Kiedy_odbywaja_sie_targi_bozonarodzeniowe_w_roku_2026\"><\/span>Kiedy odbywaj\u0105 si\u0119 targi bo\u017conarodzeniowe w roku 2026?<span class=\"ez-toc-section-end\"><\/span><\/h3>\n<div class=\"rank-math-answer \">\n\n<p>W roku 2026 s\u0142ynne targi adwentowe odbywaj\u0105 si\u0119 od pi\u0105tku 27 listopada do niedzieli 27 grudnia. Rozci\u0105gaj\u0105 si\u0119 na jedenastu r\u00f3\u017cnych miejscach w ca\u0142ej historycznej dzielnicy Grande \u00cele, przy czym te najbardziej znane i najwi\u0119ksze znajdziesz na Place Broglie i na g\u0142\u00f3wnym placu Place Kl\u00e9ber.<\/p>\n\n<\/div>\n<\/div>\n<div id=\"faq-question-1788283122001\" class=\"rank-math-list-item\">\n<h3 class=\"rank-math-question \"><span class=\"ez-toc-section\" id=\"Jak_dziala_system_parkowania_Park_and_Ride\"><\/span>Jak dzia\u0142a system parkowania Park and Ride?<span class=\"ez-toc-section-end\"><\/span><\/h3>\n<div class=\"rank-math-answer \">\n\n<p>To zdecydowanie najsprytniejszy spos\u00f3b, jak dosta\u0107 si\u0119 do miasta bez stresu. P\u0142acisz jednorazow\u0105 i bardzo korzystn\u0105 op\u0142at\u0119 za ca\u0142odzienny post\u00f3j na parkingu przechwytuj\u0105cym przy obrze\u017cach miasta. W tej cenie wszyscy pasa\u017cerowie z twojego samochodu automatycznie otrzymuj\u0105 bilet powrotny na tramwaj prosto do centrum. Oszcz\u0119dzasz w ten spos\u00f3b sporo pieni\u0119dzy na drogich gara\u017cach podziemnych i nerw\u00f3w przy lawirowaniu w w\u0105skich, jednokierunkowych uliczkach.<\/p>\n\n<\/div>\n<\/div>\n<div id=\"faq-question-1788283122002\" class=\"rank-math-list-item\">\n<h3 class=\"rank-math-question \"><span class=\"ez-toc-section\" id=\"Ile_dni_przeznaczyc_na_zwiedzanie_miasta\"><\/span>Ile dni przeznaczy\u0107 na zwiedzanie miasta?<span class=\"ez-toc-section-end\"><\/span><\/h3>\n<div class=\"rank-math-answer \">\n\n<p>Aby uda\u0142o ci si\u0119 wch\u0142on\u0105\u0107 t\u0119 w\u0142a\u015bciw\u0105 spokojn\u0105 atmosfer\u0119 i zd\u0105\u017cy\u0107 przej\u015b\u0107 wszystkie g\u0142\u00f3wne zabytki bez zb\u0119dnego stresu, polecam przeznaczy\u0107 na miasto dwa do trzech pe\u0142nych dni. Je\u015bli planujesz odwiedzi\u0107 tak\u017ce lokalne muzea lub pomieszczenia Parlamentu Europejskiego, trzy dni b\u0119d\u0105 absolutnie idealne.<\/p>\n\n<\/div>\n<\/div>\n<div id=\"faq-question-1788283122003\" class=\"rank-math-list-item\">\n<h3 class=\"rank-math-question \"><span class=\"ez-toc-section\" id=\"Czy_zwiedzanie_Parlamentu_Europejskiego_jest_platne\"><\/span>Czy zwiedzanie Parlamentu Europejskiego jest p\u0142atne?<span class=\"ez-toc-section-end\"><\/span><\/h3>\n<div class=\"rank-math-answer \">\n\n<p>Nie, zwiedzanie dla publiczno\u015bci oraz wst\u0119p do nowoczesnego interaktywnego centrum Parlamentarium Simone Veil s\u0105 dla wszystkich odwiedzaj\u0105cych ca\u0142kowicie bezp\u0142atne. Konieczne jest jednak posiadanie przy sobie wa\u017cnego dokumentu to\u017csamo\u015bci w postaci dowodu osobistego lub paszportu oraz nale\u017cy liczy\u0107 si\u0119 z op\u00f3\u017anieniem przy rygorystycznych kontrolach bezpiecze\u0144stwa przy wej\u015bciu.<\/p>\n\n<\/div>\n<\/div>\n<div id=\"faq-question-1788283122004\" class=\"rank-math-list-item\">\n<h3 class=\"rank-math-question \"><span class=\"ez-toc-section\" id=\"Jak_najlepiej_poruszac_sie_po_centrum_miasta\"><\/span>Jak najlepiej porusza\u0107 si\u0119 po centrum miasta?<span class=\"ez-toc-section-end\"><\/span><\/h3>\n<div class=\"rank-math-answer \">\n\n<p>Historyczne centrum na wyspie Grande \u00cele jest do\u015b\u0107 kompaktowe i najlepiej zwiedzi\u0107 je pieszo. Na d\u0142u\u017csze przejazdy, na przyk\u0142ad do Parlamentu Europejskiego lub do odleglejszych park\u00f3w, polecam skorzysta\u0107 ze \u015bwietnie funkcjonuj\u0105cego systemu tramwaj\u00f3w, kt\u00f3re maj\u0105 sze\u015b\u0107 linii niezawodnie pokrywaj\u0105cych ca\u0142e miasto.<\/p>\n\n<\/div>\n<\/div>\n<div id=\"faq-question-1788283122005\" class=\"rank-math-list-item\">\n<h3 class=\"rank-math-question \"><span class=\"ez-toc-section\" id=\"Czy_Strasburg_jest_drogim_miastem\"><\/span>Czy Strasburg jest drogim miastem?<span class=\"ez-toc-section-end\"><\/span><\/h3>\n<div class=\"rank-math-answer \">\n\n<p>Zale\u017cy wy\u0142\u0105cznie od tego, w jakim terminie si\u0119 wybierzesz. W czasie targ\u00f3w adwentowych ceny nocleg\u00f3w w centrum wzrastaj\u0105 do astronomicznych wysoko\u015bci. Je\u015bli jednak przyjedziesz poza grudniem, na przyk\u0142ad w styczniu lub lutym, ceny hoteli spadaj\u0105 do u\u0142amka i miasto jest cenowo ca\u0142kowicie por\u00f3wnywalne z innymi typowymi europejskimi destynacjami.<\/p>\n\n<\/div>\n<\/div>\n<div id=\"faq-question-1788283122006\" class=\"rank-math-list-item\">\n<h3 class=\"rank-math-question \"><span class=\"ez-toc-section\" id=\"Czy_miasto_nadaje_sie_dla_wegetarian\"><\/span>Czy miasto nadaje si\u0119 dla wegetarian?<span class=\"ez-toc-section-end\"><\/span><\/h3>\n<div class=\"rank-math-answer \">\n\n<p>Zdecydowanie tak. Chocia\u017c kuchnia alzacka znana jest ze swoich mi\u0119snych potraw, wegetarianie z pewno\u015bci\u0105 nie b\u0119d\u0105 tu g\u0142odowa\u0107. W ka\u017cdej restauracji natrafisz na doskona\u0142e serowe kluski, w piekarniach pachnie tradycyjny bretzel, a wsz\u0119dzie oferowana jest bezmi\u0119sna wersja chrupi\u0105cego ciasta tarte flamb\u00e9e z serem i grzybami.<\/p>\n\n<\/div>\n<\/div>\n<div id=\"faq-question-1788283122007\" class=\"rank-math-list-item\">\n<h3 class=\"rank-math-question \"><span class=\"ez-toc-section\" id=\"Ktore_miejsca_sa_najlepsze_do_robienia_zdjec\"><\/span>Kt\u00f3re miejsca s\u0105 najlepsze do robienia zdj\u0119\u0107?<span class=\"ez-toc-section-end\"><\/span><\/h3>\n<div class=\"rank-math-answer \">\n\n<p>Najs\u0142ynniejsze widok\u00f3wkowe fotografie z pewno\u015bci\u0105 zrobisz z tarasu widokowego na historycznej tamie Barrage Vauban, sk\u0105d pi\u0119knie wida\u0107 kamienne mosty Ponts Couverts i majestatyczn\u0105 wie\u017c\u0119 katedry. Inne bardzo fotogeniczne miejsca znajduj\u0105 si\u0119 wzd\u0142u\u017c kana\u0142\u00f3w wodnych w historycznej dzielnicy Petite France.<\/p>\n\n<\/div>\n<\/div>\n<\/div>\n<\/div>","protected":false},"excerpt":{"rendered":"<p>Poznaj Strasburg we Francji bez t\u0142um\u00f3w turyst\u00f3w. Podpowiem ci, kiedy jecha\u0107, gdzie znajdziesz najlepsze widoki za darmo i jak w pe\u0142ni nacieszy\u0107 si\u0119 tym urokliwym alzackim miastem.<\/p>\n","protected":false},"author":3,"featured_media":413378,"comment_status":"open","ping_status":"open","sticky":false,"template":"","format":"standard","meta":{"_acf_changed":false,"footnotes":"","rank_math_title":"Strasburg Francja: 18 atrakcji, co zobaczy\u0107","rank_math_description":"Strasburg we Francji bez t\u0142um\u00f3w: 18 atrakcji, katedra, Ma\u0142a Francja, darmowe widoki i wskaz\u00f3wki, kiedy jecha\u0107. Zaplanuj wymarzony weekend ju\u017c teraz!","rank_math_focus_keyword":"strasburg francja","rank_math_seo_score":""},"categories":[267,280,740],"tags":[],"class_list":["post-418594","post","type-post","status-publish","format-standard","has-post-thumbnail","category-europa","category-francja","category-podroze"],"acf":[],"featured_image_src":"https:\/\/loudavymkrokem.cz\/wp-content\/uploads\/2026\/09\/strasburska-katedrala-7353a339.jpg","author_info":{"display_name":"Lucie Kone\u010dn\u00e1","author_link":"https:\/\/loudavymkrokem.cz\/pl\/author\/lucie-konecna\/"},"_links":{"self":[{"href":"https:\/\/loudavymkrokem.cz\/pl\/wp-json\/wp\/v2\/posts\/418594","targetHints":{"allow":["GET"]}}],"collection":[{"href":"https:\/\/loudavymkrokem.cz\/pl\/wp-json\/wp\/v2\/posts"}],"about":[{"href":"https:\/\/loudavymkrokem.cz\/pl\/wp-json\/wp\/v2\/types\/post"}],"author":[{"embeddable":true,"href":"https:\/\/loudavymkrokem.cz\/pl\/wp-json\/wp\/v2\/users\/3"}],"replies":[{"embeddable":true,"href":"https:\/\/loudavymkrokem.cz\/pl\/wp-json\/wp\/v2\/comments?post=418594"}],"version-history":[{"count":1,"href":"https:\/\/loudavymkrokem.cz\/pl\/wp-json\/wp\/v2\/posts\/418594\/revisions"}],"predecessor-version":[{"id":418781,"href":"https:\/\/loudavymkrokem.cz\/pl\/wp-json\/wp\/v2\/posts\/418594\/revisions\/418781"}],"wp:featuredmedia":[{"embeddable":true,"href":"https:\/\/loudavymkrokem.cz\/pl\/wp-json\/wp\/v2\/media\/413378"}],"wp:attachment":[{"href":"https:\/\/loudavymkrokem.cz\/pl\/wp-json\/wp\/v2\/media?parent=418594"}],"wp:term":[{"taxonomy":"category","embeddable":true,"href":"https:\/\/loudavymkrokem.cz\/pl\/wp-json\/wp\/v2\/categories?post=418594"},{"taxonomy":"post_tag","embeddable":true,"href":"https:\/\/loudavymkrokem.cz\/pl\/wp-json\/wp\/v2\/tags?post=418594"}],"curies":[{"name":"wp","href":"https:\/\/api.w.org\/{rel}","templated":true}]}}