{"id":418299,"date":"2026-09-01T21:10:41","date_gmt":"2026-09-01T19:10:41","guid":{"rendered":"https:\/\/loudavymkrokem.cz\/rio-de-janeiro-co-zobaczyc\/"},"modified":"2026-09-05T20:45:54","modified_gmt":"2026-09-05T18:45:54","slug":"rio-de-janeiro-co-zobaczyc","status":"publish","type":"post","link":"https:\/\/loudavymkrokem.cz\/pl\/rio-de-janeiro-co-zobaczyc\/","title":{"rendered":"Rio de Janeiro, Brazylia: 22 pomys\u0142y, co zobaczy\u0107 i zrobi\u0107 w 2026 roku"},"content":{"rendered":"\n<p class=\"wp-block-paragraph\">Je\u015bli my\u015blisz o podr\u00f3\u017cy do Ameryki Po\u0142udniowej i szukasz miejsca pe\u0142nego barw oraz nieokie\u0142znanej energii, brazylijska metropolia z pewno\u015bci\u0105 ci\u0119 oczaruje. <strong>Rio de Janeiro to miasto niewiarygodnych kontrast\u00f3w<\/strong>, gdzie nowoczesna architektura przeplata si\u0119 z dzik\u0105 przyrod\u0105, a z\u0142ote pla\u017ce p\u0142ynnie przechodz\u0105 w g\u0119ste zielone lasy. Czekaj\u0105 na ciebie zapieraj\u0105ce dech w piersiach widoki oraz bogata kultura pe\u0142na muzyki.<\/p>\n\n\n\n<p class=\"wp-block-paragraph\">Planowanie pobytu w tej tropikalnej perle wymaga nieco innego podej\u015bcia, poniewa\u017c <strong>Rio planuje si\u0119 przede wszystkim wed\u0142ug pogody<\/strong>, a nie wed\u0142ug sztywnej listy zabytk\u00f3w. Dwa najs\u0142ynniejsze miejsca to bowiem wysoko po\u0142o\u017cone punkty widokowe, kt\u00f3re bez dobrej widoczno\u015bci ca\u0142kowicie trac\u0105 sens. Dlatego radz\u0119 ci zostawi\u0107 w planie podr\u00f3\u017cy sporo wolnej przestrzeni i elastycznie reagowa\u0107 na porann\u0105 mgie\u0142k\u0119 czy bezchmurne niebo.<\/p>\n\n\n\n<p class=\"wp-block-paragraph\">Od ikonicznych pla\u017c po ukryte muzea \u2014 tutaj znajdziesz wszystko, czego potrzebujesz, aby u\u0142o\u017cy\u0107 program dok\u0142adnie pod siebie. A poniewa\u017c dobra orientacja w dzielnicach to po\u0142owa sukcesu, dorzucam te\u017c praktyczne wskaz\u00f3wki dotycz\u0105ce bezpiecze\u0144stwa i nocleg\u00f3w.<\/p>\n\n\n\n<figure data-wp-context=\"{&quot;imageId&quot;:&quot;6a9c821a19b58&quot;}\" data-wp-interactive=\"core\/image\" data-wp-key=\"6a9c821a19b58\" class=\"wp-block-image size-full wp-lightbox-container\"><img decoding=\"async\" width=\"1920\" height=\"1440\" data-wp-class--hide=\"state.isContentHidden\" data-wp-class--show=\"state.isContentVisible\" data-wp-init=\"callbacks.setButtonStyles\" data-wp-on--click=\"actions.showLightbox\" data-wp-on--load=\"callbacks.setButtonStyles\" data-wp-on--pointerdown=\"actions.preloadImage\" data-wp-on--pointerenter=\"actions.preloadImageWithDelay\" data-wp-on--pointerleave=\"actions.cancelPreload\" data-wp-on-window--resize=\"callbacks.setButtonStyles\" src=\"https:\/\/loudavymkrokem.cz\/wp-content\/uploads\/2026\/09\/panorama-ria-s-cukrovou-homoli-49cf45de.jpg\" alt=\"Panorama Rio z G\u0142ow\u0105 Cukru\" class=\"wp-image-413354\" title=\"\" srcset=\"https:\/\/loudavymkrokem.cz\/wp-content\/uploads\/2026\/09\/panorama-ria-s-cukrovou-homoli-49cf45de.jpg 1920w, https:\/\/loudavymkrokem.cz\/wp-content\/uploads\/2026\/09\/panorama-ria-s-cukrovou-homoli-49cf45de-300x225.jpg 300w, https:\/\/loudavymkrokem.cz\/wp-content\/uploads\/2026\/09\/panorama-ria-s-cukrovou-homoli-49cf45de-700x525.jpg 700w, https:\/\/loudavymkrokem.cz\/wp-content\/uploads\/2026\/09\/panorama-ria-s-cukrovou-homoli-49cf45de-768x576.jpg 768w, https:\/\/loudavymkrokem.cz\/wp-content\/uploads\/2026\/09\/panorama-ria-s-cukrovou-homoli-49cf45de-1536x1152.jpg 1536w, https:\/\/loudavymkrokem.cz\/wp-content\/uploads\/2026\/09\/panorama-ria-s-cukrovou-homoli-49cf45de-80x60.jpg 80w, https:\/\/loudavymkrokem.cz\/wp-content\/uploads\/2026\/09\/panorama-ria-s-cukrovou-homoli-49cf45de-160x120.jpg 160w, https:\/\/loudavymkrokem.cz\/wp-content\/uploads\/2026\/09\/panorama-ria-s-cukrovou-homoli-49cf45de-696x522.jpg 696w, https:\/\/loudavymkrokem.cz\/wp-content\/uploads\/2026\/09\/panorama-ria-s-cukrovou-homoli-49cf45de-1392x1044.jpg 1392w\" sizes=\"(max-width: 1920px) 100vw, 1920px\" \/><button\n\t\t\tclass=\"lightbox-trigger\"\n\t\t\ttype=\"button\"\n\t\t\taria-haspopup=\"dialog\"\n\t\t\tdata-wp-bind--aria-label=\"state.thisImage.triggerButtonAriaLabel\"\n\t\t\tdata-wp-init=\"callbacks.initTriggerButton\"\n\t\t\tdata-wp-on--click=\"actions.showLightbox\"\n\t\t\tdata-wp-style--right=\"state.thisImage.buttonRight\"\n\t\t\tdata-wp-style--top=\"state.thisImage.buttonTop\"\n\t\t>\n\t\t\t<svg xmlns=\"http:\/\/www.w3.org\/2000\/svg\" width=\"12\" height=\"12\" fill=\"none\" viewBox=\"0 0 12 12\">\n\t\t\t\t<path fill=\"#fff\" d=\"M2 0a2 2 0 0 0-2 2v2h1.5V2a.5.5 0 0 1 .5-.5h2V0H2Zm2 10.5H2a.5.5 0 0 1-.5-.5V8H0v2a2 2 0 0 0 2 2h2v-1.5ZM8 12v-1.5h2a.5.5 0 0 0 .5-.5V8H12v2a2 2 0 0 1-2 2H8Zm2-12a2 2 0 0 1 2 2v2h-1.5V2a.5.5 0 0 0-.5-.5H8V0h2Z\" \/>\n\t\t\t<\/svg>\n\t\t<\/button><figcaption class=\"wp-element-caption\">Foto: Acediscovery \/ Wikimedia Commons, CC BY 4.0<\/figcaption><\/figure>\n\n\n\n<div id=\"ez-toc-container\" class=\"ez-toc-v2_0_87 ez-toc-wrap-left counter-hierarchy ez-toc-counter ez-toc-grey ez-toc-container-direction\">\n<div class=\"ez-toc-title-container\">\n<p class=\"ez-toc-title\" style=\"cursor:inherit\">Tre\u015b\u0107 artyku\u0142u<\/p>\n<span class=\"ez-toc-title-toggle\"><a href=\"#\" class=\"ez-toc-pull-right ez-toc-btn ez-toc-btn-xs ez-toc-btn-default ez-toc-toggle\" aria-label=\"Prze\u0142\u0105cznik Spisu Tre\u015bci\"><span class=\"ez-toc-js-icon-con\"><span class=\"\"><span class=\"eztoc-hide\" style=\"display:none;\">Toggle<\/span><span class=\"ez-toc-icon-toggle-span\"><svg style=\"fill: #999;color:#999\" xmlns=\"http:\/\/www.w3.org\/2000\/svg\" class=\"list-377408\" width=\"20px\" height=\"20px\" viewBox=\"0 0 24 24\" fill=\"none\"><path d=\"M6 6H4v2h2V6zm14 0H8v2h12V6zM4 11h2v2H4v-2zm16 0H8v2h12v-2zM4 16h2v2H4v-2zm16 0H8v2h12v-2z\" fill=\"currentColor\"><\/path><\/svg><svg style=\"fill: #999;color:#999\" class=\"arrow-unsorted-368013\" xmlns=\"http:\/\/www.w3.org\/2000\/svg\" width=\"10px\" height=\"10px\" viewBox=\"0 0 24 24\" version=\"1.2\" baseProfile=\"tiny\"><path d=\"M18.2 9.3l-6.2-6.3-6.2 6.3c-.2.2-.3.4-.3.7s.1.5.3.7c.2.2.4.3.7.3h11c.3 0 .5-.1.7-.3.2-.2.3-.5.3-.7s-.1-.5-.3-.7zM5.8 14.7l6.2 6.3 6.2-6.3c.2-.2.3-.5.3-.7s-.1-.5-.3-.7c-.2-.2-.4-.3-.7-.3h-11c-.3 0-.5.1-.7.3-.2.2-.3.5-.3.7s.1.5.3.7z\"\/><\/svg><\/span><\/span><\/span><\/a><\/span><\/div>\n<nav><ul class='ez-toc-list ez-toc-list-level-1 ' ><ul class='ez-toc-list-level-3' ><li class='ez-toc-heading-level-3'><a class=\"ez-toc-link ez-toc-heading-1\" href=\"https:\/\/loudavymkrokem.cz\/pl\/rio-de-janeiro-co-zobaczyc\/#Podsumowanie_dla_tych_ktorzy_nie_maja_czasu_czytac_calego_artykulu\" >Podsumowanie dla tych, kt\u00f3rzy nie maj\u0105 czasu czyta\u0107 ca\u0142ego artyku\u0142u<\/a><\/li><\/ul><\/li><li class='ez-toc-page-1 ez-toc-heading-level-2'><a class=\"ez-toc-link ez-toc-heading-2\" href=\"https:\/\/loudavymkrokem.cz\/pl\/rio-de-janeiro-co-zobaczyc\/#Kiedy_wybrac_sie_do_Rio_de_Janeiro\" >Kiedy wybra\u0107 si\u0119 do Rio de Janeiro<\/a><\/li><li class='ez-toc-page-1 ez-toc-heading-level-2'><a class=\"ez-toc-link ez-toc-heading-3\" href=\"https:\/\/loudavymkrokem.cz\/pl\/rio-de-janeiro-co-zobaczyc\/#Bezpieczenstwo_w_Rio_de_Janeiro_Jak_cieszyc_sie_wakacjami_bez_obaw\" >Bezpiecze\u0144stwo w Rio de Janeiro: Jak cieszy\u0107 si\u0119 wakacjami bez obaw<\/a><\/li><li class='ez-toc-page-1 ez-toc-heading-level-2'><a class=\"ez-toc-link ez-toc-heading-4\" href=\"https:\/\/loudavymkrokem.cz\/pl\/rio-de-janeiro-co-zobaczyc\/#Gdzie_sie_zatrzymac_w_Rio_de_Janeiro\" >Gdzie si\u0119 zatrzyma\u0107 w Rio de Janeiro<\/a><\/li><li class='ez-toc-page-1 ez-toc-heading-level-2'><a class=\"ez-toc-link ez-toc-heading-5\" href=\"https:\/\/loudavymkrokem.cz\/pl\/rio-de-janeiro-co-zobaczyc\/#22_pomysly_co_zobaczyc_i_zrobic_w_Rio_de_Janeiro\" >22 pomys\u0142y, co zobaczy\u0107 i zrobi\u0107 w Rio de Janeiro<\/a><ul class='ez-toc-list-level-3' ><li class='ez-toc-heading-level-3'><a class=\"ez-toc-link ez-toc-heading-6\" href=\"https:\/\/loudavymkrokem.cz\/pl\/rio-de-janeiro-co-zobaczyc\/#1_Pomnik_Chrystusa_Odkupiciela_w_Rio_de_Janeiro\" >1. Pomnik Chrystusa Odkupiciela w Rio de Janeiro<\/a><\/li><li class='ez-toc-page-1 ez-toc-heading-level-3'><a class=\"ez-toc-link ez-toc-heading-7\" href=\"https:\/\/loudavymkrokem.cz\/pl\/rio-de-janeiro-co-zobaczyc\/#2_Kolejka_linowa_na_Glowe_Cukru_Pao_de_Acucar\" >2. Kolejka linowa na G\u0142ow\u0119 Cukru (P\u00e3o de A\u00e7\u00facar)<\/a><\/li><li class='ez-toc-page-1 ez-toc-heading-level-3'><a class=\"ez-toc-link ez-toc-heading-8\" href=\"https:\/\/loudavymkrokem.cz\/pl\/rio-de-janeiro-co-zobaczyc\/#3_Plaza_Copacabana_i_Forte_de_Copacabana\" >3. Pla\u017ca Copacabana i Forte de Copacabana<\/a><\/li><li class='ez-toc-page-1 ez-toc-heading-level-3'><a class=\"ez-toc-link ez-toc-heading-9\" href=\"https:\/\/loudavymkrokem.cz\/pl\/rio-de-janeiro-co-zobaczyc\/#4_Plaza_Ipanema_i_system_stacji_ratowniczych\" >4. Pla\u017ca Ipanema i system stacji ratowniczych<\/a><\/li><li class='ez-toc-page-1 ez-toc-heading-level-3'><a class=\"ez-toc-link ez-toc-heading-10\" href=\"https:\/\/loudavymkrokem.cz\/pl\/rio-de-janeiro-co-zobaczyc\/#5_Plaza_Leblon_i_punkt_widokowy_Mirante_do_Leblon\" >5. Pla\u017ca Leblon i punkt widokowy Mirante do Leblon<\/a><\/li><li class='ez-toc-page-1 ez-toc-heading-level-3'><a class=\"ez-toc-link ez-toc-heading-11\" href=\"https:\/\/loudavymkrokem.cz\/pl\/rio-de-janeiro-co-zobaczyc\/#6_Skalny_cypel_Pedra_do_Arpoador\" >6. Skalny cypel Pedra do Arpoador<\/a><\/li><li class='ez-toc-page-1 ez-toc-heading-level-3'><a class=\"ez-toc-link ez-toc-heading-12\" href=\"https:\/\/loudavymkrokem.cz\/pl\/rio-de-janeiro-co-zobaczyc\/#7_Schody_Escadaria_Selaron\" >7. Schody Escadaria Selar\u00f3n<\/a><\/li><li class='ez-toc-page-1 ez-toc-heading-level-3'><a class=\"ez-toc-link ez-toc-heading-13\" href=\"https:\/\/loudavymkrokem.cz\/pl\/rio-de-janeiro-co-zobaczyc\/#8_Dzielnica_Santa_Teresa_i_historyczny_tramwaj\" >8. Dzielnica Santa Teresa i historyczny tramwaj<\/a><\/li><li class='ez-toc-page-1 ez-toc-heading-level-3'><a class=\"ez-toc-link ez-toc-heading-14\" href=\"https:\/\/loudavymkrokem.cz\/pl\/rio-de-janeiro-co-zobaczyc\/#9_Akwedukt_Arcos_da_Lapa\" >9. Akwedukt Arcos da Lapa<\/a><\/li><li class='ez-toc-page-1 ez-toc-heading-level-3'><a class=\"ez-toc-link ez-toc-heading-15\" href=\"https:\/\/loudavymkrokem.cz\/pl\/rio-de-janeiro-co-zobaczyc\/#10_Galeria_Parque_das_Ruinas\" >10. Galeria Parque das Ru\u00ednas<\/a><\/li><li class='ez-toc-page-1 ez-toc-heading-level-3'><a class=\"ez-toc-link ez-toc-heading-16\" href=\"https:\/\/loudavymkrokem.cz\/pl\/rio-de-janeiro-co-zobaczyc\/#11_Miejski_las_deszczowy_Park_Narodowy_Tijuca\" >11. Miejski las deszczowy Park Narodowy Tijuca<\/a><\/li><li class='ez-toc-page-1 ez-toc-heading-level-3'><a class=\"ez-toc-link ez-toc-heading-17\" href=\"https:\/\/loudavymkrokem.cz\/pl\/rio-de-janeiro-co-zobaczyc\/#12_Punkt_widokowy_Mirante_Dona_Marta\" >12. Punkt widokowy Mirante Dona Marta<\/a><\/li><li class='ez-toc-page-1 ez-toc-heading-level-3'><a class=\"ez-toc-link ez-toc-heading-18\" href=\"https:\/\/loudavymkrokem.cz\/pl\/rio-de-janeiro-co-zobaczyc\/#13_Chinski_pawilon_Vista_Chinesa\" >13. Chi\u0144ski pawilon Vista Chinesa<\/a><\/li><li class='ez-toc-page-1 ez-toc-heading-level-3'><a class=\"ez-toc-link ez-toc-heading-19\" href=\"https:\/\/loudavymkrokem.cz\/pl\/rio-de-janeiro-co-zobaczyc\/#14_Ogrody_i_willa_Parque_Lage\" >14. Ogrody i willa Parque Lage<\/a><\/li><li class='ez-toc-page-1 ez-toc-heading-level-3'><a class=\"ez-toc-link ez-toc-heading-20\" href=\"https:\/\/loudavymkrokem.cz\/pl\/rio-de-janeiro-co-zobaczyc\/#15_Muzeum_Jutra_Museu_do_Amanha\" >15. Muzeum Jutra (Museu do Amanh\u00e3)<\/a><\/li><li class='ez-toc-page-1 ez-toc-heading-level-3'><a class=\"ez-toc-link ez-toc-heading-21\" href=\"https:\/\/loudavymkrokem.cz\/pl\/rio-de-janeiro-co-zobaczyc\/#16_Muzeum_sztuki_MAR_Rio_Museum_of_Art\" >16. Muzeum sztuki MAR (Rio Museum of Art)<\/a><\/li><li class='ez-toc-page-1 ez-toc-heading-level-3'><a class=\"ez-toc-link ez-toc-heading-22\" href=\"https:\/\/loudavymkrokem.cz\/pl\/rio-de-janeiro-co-zobaczyc\/#17_Centro_Cultural_Banco_do_Brasil_CCBB\" >17. Centro Cultural Banco do Brasil (CCBB)<\/a><\/li><li class='ez-toc-page-1 ez-toc-heading-level-3'><a class=\"ez-toc-link ez-toc-heading-23\" href=\"https:\/\/loudavymkrokem.cz\/pl\/rio-de-janeiro-co-zobaczyc\/#18_Theatro_Municipal_do_Rio_de_Janeiro\" >18. Theatro Municipal do Rio de Janeiro<\/a><\/li><li class='ez-toc-page-1 ez-toc-heading-level-3'><a class=\"ez-toc-link ez-toc-heading-24\" href=\"https:\/\/loudavymkrokem.cz\/pl\/rio-de-janeiro-co-zobaczyc\/#19_Catedral_Metropolitana_de_Sao_Sebastiao\" >19. Catedral Metropolitana de S\u00e3o Sebasti\u00e3o<\/a><\/li><li class='ez-toc-page-1 ez-toc-heading-level-3'><a class=\"ez-toc-link ez-toc-heading-25\" href=\"https:\/\/loudavymkrokem.cz\/pl\/rio-de-janeiro-co-zobaczyc\/#20_Museu_da_Republica_Palacio_do_Catete\" >20. Museu da Rep\u00fablica (Pal\u00e1cio do Catete)<\/a><\/li><li class='ez-toc-page-1 ez-toc-heading-level-3'><a class=\"ez-toc-link ez-toc-heading-26\" href=\"https:\/\/loudavymkrokem.cz\/pl\/rio-de-janeiro-co-zobaczyc\/#21_Espaco_Cultural_da_Marinha\" >21. Espa\u00e7o Cultural da Marinha<\/a><\/li><li class='ez-toc-page-1 ez-toc-heading-level-3'><a class=\"ez-toc-link ez-toc-heading-27\" href=\"https:\/\/loudavymkrokem.cz\/pl\/rio-de-janeiro-co-zobaczyc\/#22_Plaza_Praia_Vermelha_pod_Glowa_Cukru\" >22. Pla\u017ca Praia Vermelha pod G\u0142ow\u0105 Cukru<\/a><\/li><\/ul><\/li><li class='ez-toc-page-1 ez-toc-heading-level-2'><a class=\"ez-toc-link ez-toc-heading-28\" href=\"https:\/\/loudavymkrokem.cz\/pl\/rio-de-janeiro-co-zobaczyc\/#Dokad_dalej_z_Rio_de_Janeiro\" >Dok\u0105d dalej z Rio de Janeiro<\/a><\/li><li class='ez-toc-page-1 ez-toc-heading-level-2'><a class=\"ez-toc-link ez-toc-heading-29\" href=\"https:\/\/loudavymkrokem.cz\/pl\/rio-de-janeiro-co-zobaczyc\/#Czesto_zadawane_pytania\" >Cz\u0119sto zadawane pytania<\/a><ul class='ez-toc-list-level-3' ><li class='ez-toc-heading-level-3'><a class=\"ez-toc-link ez-toc-heading-30\" href=\"https:\/\/loudavymkrokem.cz\/pl\/rio-de-janeiro-co-zobaczyc\/#Czy_Rio_de_Janeiro_jest_bezpieczne_dla_turystow\" >Czy Rio de Janeiro jest bezpieczne dla turyst\u00f3w?<\/a><\/li><li class='ez-toc-page-1 ez-toc-heading-level-3'><a class=\"ez-toc-link ez-toc-heading-31\" href=\"https:\/\/loudavymkrokem.cz\/pl\/rio-de-janeiro-co-zobaczyc\/#Ile_dni_potrzebuje_na_zwiedzanie_Rio\" >Ile dni potrzebuj\u0119 na zwiedzanie Rio?<\/a><\/li><li class='ez-toc-page-1 ez-toc-heading-level-3'><a class=\"ez-toc-link ez-toc-heading-32\" href=\"https:\/\/loudavymkrokem.cz\/pl\/rio-de-janeiro-co-zobaczyc\/#Jak_najlepiej_dostac_sie_do_posagu_Chrystusa_Zbawiciela\" >Jak najlepiej dosta\u0107 si\u0119 do pos\u0105gu Chrystusa Zbawiciela?<\/a><\/li><li class='ez-toc-page-1 ez-toc-heading-level-3'><a class=\"ez-toc-link ez-toc-heading-33\" href=\"https:\/\/loudavymkrokem.cz\/pl\/rio-de-janeiro-co-zobaczyc\/#Kiedy_jest_najlepszy_czas_na_wyjazd_do_Brazylii\" >Kiedy jest najlepszy czas na wyjazd do Brazylii?<\/a><\/li><li class='ez-toc-page-1 ez-toc-heading-level-3'><a class=\"ez-toc-link ez-toc-heading-34\" href=\"https:\/\/loudavymkrokem.cz\/pl\/rio-de-janeiro-co-zobaczyc\/#Czy_moge_kapac_sie_na_plazach_w_Rio_po_zmroku\" >Czy mog\u0119 k\u0105pa\u0107 si\u0119 na pla\u017cach w Rio po zmroku?<\/a><\/li><li class='ez-toc-page-1 ez-toc-heading-level-3'><a class=\"ez-toc-link ez-toc-heading-35\" href=\"https:\/\/loudavymkrokem.cz\/pl\/rio-de-janeiro-co-zobaczyc\/#Jak_poruszac_sie_po_miescie_i_czy_komunikacja_miejska_jest_bezpieczna\" >Jak porusza\u0107 si\u0119 po mie\u015bcie i czy komunikacja miejska jest bezpieczna?<\/a><\/li><li class='ez-toc-page-1 ez-toc-heading-level-3'><a class=\"ez-toc-link ez-toc-heading-36\" href=\"https:\/\/loudavymkrokem.cz\/pl\/rio-de-janeiro-co-zobaczyc\/#Co_jesc_w_Rio_jesli_nie_jem_miesa\" >Co je\u015b\u0107 w Rio, je\u015bli nie jem mi\u0119sa?<\/a><\/li><li class='ez-toc-page-1 ez-toc-heading-level-3'><a class=\"ez-toc-link ez-toc-heading-37\" href=\"https:\/\/loudavymkrokem.cz\/pl\/rio-de-janeiro-co-zobaczyc\/#Czy_oplaca_sie_kupowac_bilety_wstepu_na_zabytki_z_duzym_wyprzedzeniem\" >Czy op\u0142aca si\u0119 kupowa\u0107 bilety wst\u0119pu na zabytki z du\u017cym wyprzedzeniem?<\/a><\/li><\/ul><\/li><\/ul><\/nav><\/div>\n<h3 class=\"wp-block-heading\"><span class=\"ez-toc-section\" id=\"Podsumowanie_dla_tych_ktorzy_nie_maja_czasu_czytac_calego_artykulu\"><\/span>Podsumowanie dla tych, kt\u00f3rzy nie maj\u0105 czasu czyta\u0107 ca\u0142ego artyku\u0142u<span class=\"ez-toc-section-end\"><\/span><\/h3>\n\n\n\n<ul class=\"wp-block-list\">\n\n<li><strong>Planuj wed\u0142ug chmur:<\/strong> Najs\u0142ynniejsze zabytki, takie jak pomnik Chrystusa i G\u0142owa Cukru, nie maj\u0105 sensu we mgle, dlatego zarezerwuj na nie najbardziej bezchmurny poranek swojego pobytu.<\/li>\n\n\n\n<li><strong>Bezpiecze\u0144stwo ma swoje zasady:<\/strong> Trzymaj si\u0119 tak zwanego turystycznego pasa bezpiecze\u0144stwa w strefie po\u0142udniowej, a po zmroku zawsze korzystaj z niezawodnego Ubera.<\/li>\n\n\n\n<li><strong>Trzy drogi do Chrystusa:<\/strong> Na g\u00f3r\u0119 dostaniesz si\u0119 drog\u0105 kolejk\u0105 z\u0119bat\u0105, ta\u0144szym busem lub zupe\u0142nie za darmo wymagaj\u0105c\u0105 piesz\u0105 w\u0119dr\u00f3wk\u0105 przez las z Parque Lage.<\/li>\n\n\n\n<li><strong>System stacji ratowniczych:<\/strong> Pla\u017ce dziel\u0105 si\u0119 wed\u0142ug numerowanych budek zwanych postos, przy czym s\u0142ynne Posto 9 na Ipanemie uchodzi za naj\u017cywsze miejsce spotka\u0144.<\/li>\n\n\n\n<li><strong>Ta\u0144sza G\u0142owa Cukru:<\/strong> Je\u015bli pierwszy odcinek pokonasz pieszo szlakiem Trilha do Morro da Urca, zaoszcz\u0119dzisz od razu po\u0142ow\u0119 ceny za kolejk\u0119 linow\u0105.<\/li>\n\n\n\n<li><strong>Miejski las deszczowy:<\/strong> Bezpo\u015brednio w granicach miasta rozci\u0105ga si\u0119 park narodowy Tijuca, kt\u00f3ry oferuje fantastyczn\u0105 ucieczk\u0119 przed upa\u0142em w cie\u0144 ogromnych drzew.<\/li>\n\n\n\n<li><strong>Lokalne przysmaki bez mi\u0119sa:<\/strong> Kuchnia brazylijska uwielbia mi\u0119so, ale ty mo\u017cesz na pla\u017cy delektowa\u0107 si\u0119 orze\u017awiaj\u0105cym a\u00e7a\u00ed, serowymi bu\u0142eczkami p\u00e3o de queijo albo \u015bwie\u017c\u0105 wod\u0105 kokosow\u0105.<\/li>\n\n\n<\/ul>\n\n\n\n<h2 class=\"wp-block-heading\"><span class=\"ez-toc-section\" id=\"Kiedy_wybrac_sie_do_Rio_de_Janeiro\"><\/span>Kiedy wybra\u0107 si\u0119 do Rio de Janeiro<span class=\"ez-toc-section-end\"><\/span><\/h2>\n\n\n\n<p class=\"wp-block-paragraph\">Decyzja o terminie twojej podr\u00f3\u017cy zasadniczo wp\u0142ynie nie tylko na bud\u017cet, ale te\u017c na ca\u0142o\u015bciowe wra\u017cenie z rozgrzanego miasta. <strong>Najlepszy czas na wizyt\u0119 to okres od kwietnia do czerwca oraz od sierpnia do pa\u017adziernika<\/strong>, kiedy panuj\u0105 bardzo przyjemne temperatury i unikniesz najwi\u0119kszych tropikalnych ulew. W tych miesi\u0105cach niebo jest cz\u0119sto pi\u0119knie bezchmurne, co ma kluczowe znaczenie dla zwiedzania wszystkich wysoko po\u0142o\u017conych punkt\u00f3w widokowych, na kt\u00f3rych opiera si\u0119 ca\u0142e prze\u017cycie z Rio. Warto te\u017c sprawdzi\u0107 pogod\u0119 w Rio de Janeiro tu\u017c przed wyjazdem, bo lokalny klimat potrafi zaskoczy\u0107.<\/p>\n\n\n\n<p class=\"wp-block-paragraph\">Je\u015bli chcia\u0142by\u015b do\u015bwiadczy\u0107 miasta w najwi\u0119kszym wrzeniu, musisz wybra\u0107 si\u0119 tam podczas tamtejszego lata, kt\u00f3re przypada na nasze zimowe miesi\u0105ce. <strong>Karnawa\u0142 w Rio de Janeiro oraz wystawny Sylwester na pla\u017cy Copacabana oznaczaj\u0105 najwy\u017csze ceny w ca\u0142ym roku<\/strong>, a hotele i bilety lotnicze bywaj\u0105 beznadziejnie wyprzedane wiele miesi\u0119cy naprz\u00f3d. Musisz te\u017c przygotowa\u0107 si\u0119 na ekstremaln\u0105 wilgotno\u015b\u0107 i pal\u0105ce upa\u0142y, kt\u00f3re mog\u0105 przekracza\u0107 czterdzie\u015bci stopni, co przy zwiedzaniu zabytk\u00f3w daje naprawd\u0119 w ko\u015b\u0107.<\/p>\n\n\n\n<p class=\"wp-block-paragraph\">Bez wzgl\u0119du na to, na jaki miesi\u0105c si\u0119 zdecydujesz, nie zapominaj o z\u0142otej zasadzie elastycznego planowania, o kt\u00f3rej ju\u017c m\u00f3wili\u015bmy. <strong>Zostaw sobie przynajmniej dwa, trzy dni w zapasie jako rezerw\u0119<\/strong>, \u017ceby m\u00f3c wyruszy\u0107 na Corcovado dok\u0142adnie tego ranka, kiedy chmury nad miastem si\u0119 rozst\u0105pi\u0105. Lokalny klimat jest silnie zale\u017cny od oceanu i otaczaj\u0105cych g\u00f3r, wi\u0119c pogoda mo\u017ce zmienia\u0107 si\u0119 bardzo szybko z godziny na godzin\u0119, a kupno bilet\u00f3w na konkretny dzie\u0144 z du\u017cym wyprzedzeniem to ogromne ryzyko.<\/p>\n\n\n\n<h2 class=\"wp-block-heading\"><span class=\"ez-toc-section\" id=\"Bezpieczenstwo_w_Rio_de_Janeiro_Jak_cieszyc_sie_wakacjami_bez_obaw\"><\/span>Bezpiecze\u0144stwo w Rio de Janeiro: Jak cieszy\u0107 si\u0119 wakacjami bez obaw<span class=\"ez-toc-section-end\"><\/span><\/h2>\n\n\n\n<p class=\"wp-block-paragraph\">Kwestia bezpiecze\u0144stwa jest prawdopodobnie tym pierwszym, co ka\u017cdy podr\u00f3\u017cnik sprawdza w internecie przed wyjazdem do Brazylii. <strong>Rio de Janeiro zdecydowanie nie jest stref\u0105 wojenn\u0105, ale wymaga przestrzegania jasnych zasad<\/strong>, dzi\u0119ki kt\u00f3rym w pe\u0142ni spokojnie nacieszysz si\u0119 miastem. Absolutn\u0105 podstaw\u0105 jest poruszanie si\u0119 w tak zwanym turystycznym pasie bezpiecze\u0144stwa, kt\u00f3ry tworz\u0105 zamo\u017cniejsze dzielnice Ipanema, Leblon, Copacabana, Botafogo i Urca, gdzie na ka\u017cdym rogu obecna jest policja turystyczna.<\/p>\n\n\n\n<p class=\"wp-block-paragraph\">A liczby to potwierdzaj\u0105 \u2014 dzielnice Leblon i Ipanema odnotowa\u0142y w 2026 roku zerow\u0105 liczb\u0119 zab\u00f3jstw, co o ich bezpiecze\u0144stwie m\u00f3wi wi\u0119cej ni\u017c jakikolwiek blog podr\u00f3\u017cniczy. Z kolei na t\u0119tni\u0105cej \u017cyciem pla\u017cy Copacabana musisz liczy\u0107 si\u0119 z okazjonalnymi drobnymi kradzie\u017cami, kieszonkowcami i wyrywaniem telefon\u00f3w prosto z r\u0119ki, zw\u0142aszcza na szerokiej promenadzie przy morzu.<\/p>\n\n\n\n<p class=\"wp-block-paragraph\">Po zmroku obowi\u0105zuje jedna prosta zasada: Uber, zawsze i wsz\u0119dzie, nawet na kr\u00f3tkich dystansach mi\u0119dzy s\u0105siednimi dzielnicami \u2014 historyczne Centro po godzinach pracy wyludnia si\u0119 tak bardzo, \u017ce noc\u0105 po prostu si\u0119 tam nie chodzi. Podobnie obowi\u0105zuje surowy zakaz wieczornych spacer\u00f3w po jakiejkolwiek pla\u017cy, poniewa\u017c opustosza\u0142e piaszczyste po\u0142acie przyci\u0105gaj\u0105 k\u0142opoty.<\/p>\n\n\n\n<h2 class=\"wp-block-heading\"><span class=\"ez-toc-section\" id=\"Gdzie_sie_zatrzymac_w_Rio_de_Janeiro\"><\/span>Gdzie si\u0119 zatrzyma\u0107 w Rio de Janeiro<span class=\"ez-toc-section-end\"><\/span><\/h2>\n\n\n\n<p class=\"wp-block-paragraph\">Wyb\u00f3r odpowiedniej lokalizacji hotelu wp\u0142ynie na ca\u0142e twoje prze\u017cycie z miasta, dlatego noclegu powiniene\u015b szuka\u0107 wy\u0142\u0105cznie w strefie po\u0142udniowej. <strong>Najlepszym wyborem na pierwsz\u0105 wizyt\u0119 jest okolica pla\u017c Ipanema i Leblon<\/strong>, kt\u00f3re oferuj\u0105 fantastyczn\u0105 scen\u0119 gastronomiczn\u0105, bezpieczne ulice pe\u0142ne butik\u00f3w i \u015bwietne po\u0142\u0105czenie metrem z reszt\u0105 miasta. Te dzielnice s\u0105 wprawdzie dro\u017csze, ale inwestycja w spokojny sen i beztroskie wieczorne spacery na sto procent ci si\u0119 op\u0142aci.<\/p>\n\n\n\n<p class=\"wp-block-paragraph\">Je\u015bli szukasz nieco bardziej przyst\u0119pnej opcji, ale nadal chcesz zosta\u0107 w centrum wydarze\u0144, skieruj uwag\u0119 na legendarn\u0105 Copacaban\u0119 lub s\u0105siednie Botafogo. <strong>Zw\u0142aszcza Botafogo prze\u017cywa w ostatnich latach ogromny boom<\/strong>, otwieraj\u0105 si\u0119 tu nowe kawiarnie, a dzielnica oferuje jedne z najpi\u0119kniejszych widok\u00f3w na G\u0142ow\u0119 Cukru prosto z nabrze\u017ca. Historyczna Santa Teresa na wzg\u00f3rzu kusi wprawdzie bohemsk\u0105 atmosfer\u0105, ale logistycznie jest do codziennych wypad\u00f3w nieco odci\u0119ta i wieczorem trudniej dost\u0119pna.<\/p>\n\n\n\n<p class=\"wp-block-paragraph\">Do rezerwacji przez popularny portal <a class=\"thirstylink\" rel=\"nofollow\" target=\"_blank\" title=\"Booking.com\" href=\"https:\/\/loudavymkrokem.cz\/doporucujeme\/booking-com\/\" data-shortcode=\"true\">Booking<\/a> polecam wybiera\u0107 sprawdzone hotele z ca\u0142odobow\u0105 recepcj\u0105 i dobrymi ocenami. <strong>\u015awietnym wyborem na pla\u017cy jest Arena Ipanema Hotel<\/strong>, kt\u00f3ry oferuje zapieraj\u0105cy dech w piersiach basen na dachu z widokiem na ocean i znajduje si\u0119 zaledwie kilka krok\u00f3w od s\u0142ynnego Posto 8. <strong>Na luksusowe prze\u017cycie wybierz ikoniczny Hotel Fasano Rio de Janeiro<\/strong>, kt\u00f3rego design i lokalizacja nie maj\u0105 w mie\u015bcie konkurencji, a w Botafogo mile zaskoczy ci\u0119 stylowy <strong>Yoo2 Rio de Janeiro by Intercity<\/strong> z fantastycznym widokiem na zatok\u0119.<\/p>\n\n\n\n<p class=\"wp-block-paragraph\"><em>\ud83d\udca1 <a href=\"https:\/\/www.stay22.com\/allez\/roam?aid=lukaskonecny&#038;campaign=loudavymkrokemcz&#038;campaign=co-videt-v-rio-de-janeiru&#038;address=Rio%20de%20Janeiro%2C%20Braz%C3%ADlie\" target=\"_blank\" rel=\"nofollow noopener sponsored\">Na tej mapie por\u00f3wnasz, co jest akurat wolne<\/a> \u2014 od razu zobaczysz, o ile taniej wyjdzie nocleg przecznic\u0119 od Avenidy Atl\u00e2ntica.<\/em><\/p>\n\n<h2 class=\"wp-block-heading\"><span class=\"ez-toc-section\" id=\"22_pomysly_co_zobaczyc_i_zrobic_w_Rio_de_Janeiro\"><\/span>22 pomys\u0142y, co zobaczy\u0107 i zrobi\u0107 w Rio de Janeiro<span class=\"ez-toc-section-end\"><\/span><\/h2>\n\n\n\n<p class=\"wp-block-paragraph\">No i teraz do tego, co najlepsze \u2014 miejsc, kt\u00f3re naprawd\u0119 warto zobaczy\u0107. S\u0142ynne ikony i kilka ukrytych skarb\u00f3w, dzi\u0119ki kt\u00f3rym poznasz miasto ze wszystkich stron.<\/p>\n\n\n\n<figure data-wp-context=\"{&quot;imageId&quot;:&quot;6a9c821a1b0d8&quot;}\" data-wp-interactive=\"core\/image\" data-wp-key=\"6a9c821a1b0d8\" class=\"wp-block-image size-full wp-lightbox-container\"><img decoding=\"async\" width=\"1600\" height=\"2133\" data-wp-class--hide=\"state.isContentHidden\" data-wp-class--show=\"state.isContentVisible\" data-wp-init=\"callbacks.setButtonStyles\" data-wp-on--click=\"actions.showLightbox\" data-wp-on--load=\"callbacks.setButtonStyles\" data-wp-on--pointerdown=\"actions.preloadImage\" data-wp-on--pointerenter=\"actions.preloadImageWithDelay\" data-wp-on--pointerleave=\"actions.cancelPreload\" data-wp-on-window--resize=\"callbacks.setButtonStyles\" src=\"https:\/\/loudavymkrokem.cz\/wp-content\/uploads\/2026\/09\/krista-spasitele.jpg\" alt=\"Pomnik Chrystusa Odkupiciela (Christ the Redeemer)\" class=\"wp-image-413166\" title=\"\" srcset=\"https:\/\/loudavymkrokem.cz\/wp-content\/uploads\/2026\/09\/krista-spasitele.jpg 1600w, https:\/\/loudavymkrokem.cz\/wp-content\/uploads\/2026\/09\/krista-spasitele-225x300.jpg 225w, https:\/\/loudavymkrokem.cz\/wp-content\/uploads\/2026\/09\/krista-spasitele-700x933.jpg 700w, https:\/\/loudavymkrokem.cz\/wp-content\/uploads\/2026\/09\/krista-spasitele-768x1024.jpg 768w, https:\/\/loudavymkrokem.cz\/wp-content\/uploads\/2026\/09\/krista-spasitele-1152x1536.jpg 1152w, https:\/\/loudavymkrokem.cz\/wp-content\/uploads\/2026\/09\/krista-spasitele-1536x2048.jpg 1536w, https:\/\/loudavymkrokem.cz\/wp-content\/uploads\/2026\/09\/krista-spasitele-696x928.jpg 696w, https:\/\/loudavymkrokem.cz\/wp-content\/uploads\/2026\/09\/krista-spasitele-1392x1856.jpg 1392w\" sizes=\"(max-width: 1600px) 100vw, 1600px\" \/><button\n\t\t\tclass=\"lightbox-trigger\"\n\t\t\ttype=\"button\"\n\t\t\taria-haspopup=\"dialog\"\n\t\t\tdata-wp-bind--aria-label=\"state.thisImage.triggerButtonAriaLabel\"\n\t\t\tdata-wp-init=\"callbacks.initTriggerButton\"\n\t\t\tdata-wp-on--click=\"actions.showLightbox\"\n\t\t\tdata-wp-style--right=\"state.thisImage.buttonRight\"\n\t\t\tdata-wp-style--top=\"state.thisImage.buttonTop\"\n\t\t>\n\t\t\t<svg xmlns=\"http:\/\/www.w3.org\/2000\/svg\" width=\"12\" height=\"12\" fill=\"none\" viewBox=\"0 0 12 12\">\n\t\t\t\t<path fill=\"#fff\" d=\"M2 0a2 2 0 0 0-2 2v2h1.5V2a.5.5 0 0 1 .5-.5h2V0H2Zm2 10.5H2a.5.5 0 0 1-.5-.5V8H0v2a2 2 0 0 0 2 2h2v-1.5ZM8 12v-1.5h2a.5.5 0 0 0 .5-.5V8H12v2a2 2 0 0 1-2 2H8Zm2-12a2 2 0 0 1 2 2v2h-1.5V2a.5.5 0 0 0-.5-.5H8V0h2Z\" \/>\n\t\t\t<\/svg>\n\t\t<\/button><figcaption class=\"wp-element-caption\">Foto: Keryson Patrick Oliveira Belarmino \/ Google Maps<\/figcaption><\/figure>\n\n\n\n<h3 class=\"wp-block-heading\"><span class=\"ez-toc-section\" id=\"1_Pomnik_Chrystusa_Odkupiciela_w_Rio_de_Janeiro\"><\/span>1. Pomnik Chrystusa Odkupiciela w Rio de Janeiro<span class=\"ez-toc-section-end\"><\/span><\/h3>\n\n\n\n<p class=\"wp-block-paragraph\">Ta trzydziestometrowa ikona wznosz\u0105ca si\u0119 na szczycie g\u00f3ry Corcovado jest bezsprzecznie najbardziej znanym symbolem ca\u0142ej Brazylii. <strong>Pomnik Chrystusa Odkupiciela w Rio de Janeiro stoi na wysoko\u015bci 710 metr\u00f3w n.p.m., a chmury potrafi\u0105 spowi\u0107 go na ca\u0142y dzie\u0144<\/strong>, dlatego kluczowe jest, aby wybra\u0107 si\u0119 tu wy\u0142\u0105cznie wtedy, gdy niebo nad miastem jest czyste i b\u0142\u0119kitne. Ze szczytu zobaczysz ca\u0142e miasto naraz \u2014 zatok\u0119 Guanabara, otaczaj\u0105ce lasy i odleg\u0142e pla\u017ce \u2014 a przy dobrej widoczno\u015bci zrozumiesz, dlaczego ludzie przyje\u017cd\u017caj\u0105 tu z ca\u0142ego \u015bwiata.<\/p>\n\n\n\n<p class=\"wp-block-paragraph\">Ciekawostk\u0105 jest to, \u017ce do zabytku prowadzi kilka r\u00f3\u017cnych dr\u00f3g, spo\u015br\u00f3d kt\u00f3rych mo\u017cesz wybra\u0107 zale\u017cnie od bud\u017cetu i kondycji fizycznej. <strong>Najdro\u017csz\u0105 i najpopularniejsz\u0105 opcj\u0105 jest <a href=\"https:\/\/www.tremdocorcovado.rio\/\" rel=\"nofollow noopener\" target=\"_blank\">historyczna kolejka z\u0119bata Corcovado<\/a><\/strong>, nieco taniej wyjdzie oficjalny bus z centrum dla odwiedzaj\u0105cych Paineiras, a zupe\u0142nie najta\u0144sz\u0105 drog\u0105 jest wymagaj\u0105ce podej\u015bcie pieszo. Sam pomnik z 1931 roku to arcydzie\u0142o w stylu art d\u00e9co, a jego otwarte ramiona symbolicznie witaj\u0105 wszystkich odwiedzaj\u0105cych miasto.<\/p>\n\n\n\n<p class=\"wp-block-paragraph\">\ud83d\udca1 Wskaz\u00f3wka: <strong>Je\u015bli zdecydujesz si\u0119 na piesz\u0105 w\u0119dr\u00f3wk\u0119, zaczyna si\u0119 ona w przepi\u0119knym parku Parque Lage<\/strong> i prowadzi stromo w g\u00f3r\u0119 g\u0119stym lasem. Zajmie ci mniej wi\u0119cej dwie, trzy godziny, po drodze prawdopodobnie spotkasz ciekawskie ma\u0142py, ale wymaga solidnego obuwia i du\u017cej ilo\u015bci wody, bo wspinaczka w tropikalnej wilgoci jest naprawd\u0119 wyczerpuj\u0105ca.<\/p>\n\n\n\n<figure data-wp-context=\"{&quot;imageId&quot;:&quot;6a9c821a1b898&quot;}\" data-wp-interactive=\"core\/image\" data-wp-key=\"6a9c821a1b898\" class=\"wp-block-image size-full wp-lightbox-container\"><img decoding=\"async\" width=\"640\" height=\"480\" data-wp-class--hide=\"state.isContentHidden\" data-wp-class--show=\"state.isContentVisible\" data-wp-init=\"callbacks.setButtonStyles\" data-wp-on--click=\"actions.showLightbox\" data-wp-on--load=\"callbacks.setButtonStyles\" data-wp-on--pointerdown=\"actions.preloadImage\" data-wp-on--pointerenter=\"actions.preloadImageWithDelay\" data-wp-on--pointerleave=\"actions.cancelPreload\" data-wp-on-window--resize=\"callbacks.setButtonStyles\" src=\"https:\/\/loudavymkrokem.cz\/wp-content\/uploads\/2026\/09\/na-cukrovou-homoli.jpg\" alt=\"Kolejka linowa na G\u0142ow\u0119 Cukru (P\u00e3o de A\u00e7\u00facar)\" class=\"wp-image-413170\" title=\"\" srcset=\"https:\/\/loudavymkrokem.cz\/wp-content\/uploads\/2026\/09\/na-cukrovou-homoli.jpg 640w, https:\/\/loudavymkrokem.cz\/wp-content\/uploads\/2026\/09\/na-cukrovou-homoli-300x225.jpg 300w, https:\/\/loudavymkrokem.cz\/wp-content\/uploads\/2026\/09\/na-cukrovou-homoli-80x60.jpg 80w, https:\/\/loudavymkrokem.cz\/wp-content\/uploads\/2026\/09\/na-cukrovou-homoli-160x120.jpg 160w\" sizes=\"(max-width: 640px) 100vw, 640px\" \/><button\n\t\t\tclass=\"lightbox-trigger\"\n\t\t\ttype=\"button\"\n\t\t\taria-haspopup=\"dialog\"\n\t\t\tdata-wp-bind--aria-label=\"state.thisImage.triggerButtonAriaLabel\"\n\t\t\tdata-wp-init=\"callbacks.initTriggerButton\"\n\t\t\tdata-wp-on--click=\"actions.showLightbox\"\n\t\t\tdata-wp-style--right=\"state.thisImage.buttonRight\"\n\t\t\tdata-wp-style--top=\"state.thisImage.buttonTop\"\n\t\t>\n\t\t\t<svg xmlns=\"http:\/\/www.w3.org\/2000\/svg\" width=\"12\" height=\"12\" fill=\"none\" viewBox=\"0 0 12 12\">\n\t\t\t\t<path fill=\"#fff\" d=\"M2 0a2 2 0 0 0-2 2v2h1.5V2a.5.5 0 0 1 .5-.5h2V0H2Zm2 10.5H2a.5.5 0 0 1-.5-.5V8H0v2a2 2 0 0 0 2 2h2v-1.5ZM8 12v-1.5h2a.5.5 0 0 0 .5-.5V8H12v2a2 2 0 0 1-2 2H8Zm2-12a2 2 0 0 1 2 2v2h-1.5V2a.5.5 0 0 0-.5-.5H8V0h2Z\" \/>\n\t\t\t<\/svg>\n\t\t<\/button><figcaption class=\"wp-element-caption\">Foto: S\u00f3 Jesus salvar \/ Google Maps<\/figcaption><\/figure>\n\n\n\n<h3 class=\"wp-block-heading\"><span class=\"ez-toc-section\" id=\"2_Kolejka_linowa_na_Glowe_Cukru_Pao_de_Acucar\"><\/span>2. Kolejka linowa na G\u0142ow\u0119 Cukru (P\u00e3o de A\u00e7\u00facar)<span class=\"ez-toc-section-end\"><\/span><\/h3>\n\n\n\n<p class=\"wp-block-paragraph\">Drugim najwa\u017cniejszym punktem widokowym miasta jest pot\u0119\u017cny granitowy monolit, kt\u00f3ry stromo wznosi si\u0119 prosto z w\u00f3d oceanu. <strong>Przeszklona <a href=\"https:\/\/bondinho.com.br\/\" rel=\"nofollow noopener\" target=\"_blank\">kolejka linowa<\/a> wywiezie ci\u0119 na g\u00f3r\u0119 w dw\u00f3ch osobnych odcinkach<\/strong>, przy czym ju\u017c z pierwszej stacji przesiadkowej na wzg\u00f3rzu Morro da Urca roztacza si\u0119 fantastyczny widok na zakotwiczone jachty i l\u0105duj\u0105ce samoloty. Na samym szczycie G\u0142owy Cukru znajdziesz si\u0119 na wysoko\u015bci 396 metr\u00f3w i ca\u0142e miasto wraz z przeciwleg\u0142ym pomnikiem Chrystusa b\u0119dziesz mia\u0142 jak na d\u0142oni.<\/p>\n\n\n\n<p class=\"wp-block-paragraph\">Ten geologiczny cud otoczony jest bujn\u0105 ro\u015blinno\u015bci\u0105 i cz\u0119sto mo\u017cna tu obserwowa\u0107 drobne ma\u0142pki marmozety, kt\u00f3re weso\u0142o skacz\u0105 w koronach drzew. <strong>Ca\u0142y masyw funkcjonuje jako jeden wielki pomnik przyrody<\/strong>, wi\u0119c cho\u0107 r\u00f3\u017cne mapy cz\u0119sto pokazuj\u0105 kolejk\u0119 i wzg\u00f3rze jako osobne miejsca, jest to jedno kompaktowe prze\u017cycie. Widok st\u0105d jest wr\u0119cz magiczny zw\u0142aszcza p\u00f3\u017anym popo\u0142udniem, kiedy s\u0142o\u0144ce powoli zachodzi za wysokie szczyty parku narodowego Tijuca, a miasto zaczyna si\u0119 roz\u015bwietla\u0107.<\/p>\n\n\n\n<p class=\"wp-block-paragraph\">\ud83d\udca1 Wskaz\u00f3wka: <strong>Je\u015bli chcesz wyra\u017anie zaoszcz\u0119dzi\u0107 na do\u015b\u0107 drogim bilecie, skorzystaj ze szlaku Trilha do Morro da Urca<\/strong>, kt\u00f3rym pierwszy odcinek pokonasz pieszo przez d\u017cungl\u0119 w oko\u0142o czterdzie\u015bci minut. Na g\u00f3rze kupisz wtedy bilet tylko na drug\u0105, szczytow\u0105 cz\u0119\u015b\u0107 kolejki, dzi\u0119ki czemu zredukujesz ca\u0142kowite koszty o po\u0142ow\u0119 i dodatkowo unikniesz d\u0142ugich kolejek na dole przy kasach.<\/p>\n\n\n\n<figure data-wp-context=\"{&quot;imageId&quot;:&quot;6a9c821a1c2ae&quot;}\" data-wp-interactive=\"core\/image\" data-wp-key=\"6a9c821a1c2ae\" class=\"wp-block-image size-full wp-lightbox-container\"><img decoding=\"async\" width=\"1200\" height=\"675\" data-wp-class--hide=\"state.isContentHidden\" data-wp-class--show=\"state.isContentVisible\" data-wp-init=\"callbacks.setButtonStyles\" data-wp-on--click=\"actions.showLightbox\" data-wp-on--load=\"callbacks.setButtonStyles\" data-wp-on--pointerdown=\"actions.preloadImage\" data-wp-on--pointerenter=\"actions.preloadImageWithDelay\" data-wp-on--pointerleave=\"actions.cancelPreload\" data-wp-on-window--resize=\"callbacks.setButtonStyles\" src=\"https:\/\/loudavymkrokem.cz\/wp-content\/uploads\/2026\/09\/copacabana.jpg\" alt=\"Pla\u017ca Copacabana i Forte de Copacabana\" class=\"wp-image-413175\" title=\"\" srcset=\"https:\/\/loudavymkrokem.cz\/wp-content\/uploads\/2026\/09\/copacabana.jpg 1200w, https:\/\/loudavymkrokem.cz\/wp-content\/uploads\/2026\/09\/copacabana-300x169.jpg 300w, https:\/\/loudavymkrokem.cz\/wp-content\/uploads\/2026\/09\/copacabana-700x394.jpg 700w, https:\/\/loudavymkrokem.cz\/wp-content\/uploads\/2026\/09\/copacabana-768x432.jpg 768w, https:\/\/loudavymkrokem.cz\/wp-content\/uploads\/2026\/09\/copacabana-696x392.jpg 696w\" sizes=\"(max-width: 1200px) 100vw, 1200px\" \/><button\n\t\t\tclass=\"lightbox-trigger\"\n\t\t\ttype=\"button\"\n\t\t\taria-haspopup=\"dialog\"\n\t\t\tdata-wp-bind--aria-label=\"state.thisImage.triggerButtonAriaLabel\"\n\t\t\tdata-wp-init=\"callbacks.initTriggerButton\"\n\t\t\tdata-wp-on--click=\"actions.showLightbox\"\n\t\t\tdata-wp-style--right=\"state.thisImage.buttonRight\"\n\t\t\tdata-wp-style--top=\"state.thisImage.buttonTop\"\n\t\t>\n\t\t\t<svg xmlns=\"http:\/\/www.w3.org\/2000\/svg\" width=\"12\" height=\"12\" fill=\"none\" viewBox=\"0 0 12 12\">\n\t\t\t\t<path fill=\"#fff\" d=\"M2 0a2 2 0 0 0-2 2v2h1.5V2a.5.5 0 0 1 .5-.5h2V0H2Zm2 10.5H2a.5.5 0 0 1-.5-.5V8H0v2a2 2 0 0 0 2 2h2v-1.5ZM8 12v-1.5h2a.5.5 0 0 0 .5-.5V8H12v2a2 2 0 0 1-2 2H8Zm2-12a2 2 0 0 1 2 2v2h-1.5V2a.5.5 0 0 0-.5-.5H8V0h2Z\" \/>\n\t\t\t<\/svg>\n\t\t<\/button><figcaption class=\"wp-element-caption\">Foto: Alby Set \/ Google Maps<\/figcaption><\/figure>\n\n\n\n<h3 class=\"wp-block-heading\"><span class=\"ez-toc-section\" id=\"3_Plaza_Copacabana_i_Forte_de_Copacabana\"><\/span>3. Pla\u017ca Copacabana i Forte de Copacabana<span class=\"ez-toc-section-end\"><\/span><\/h3>\n\n\n\n<p class=\"wp-block-paragraph\">Chyba nie istnieje na \u015bwiecie s\u0142ynniejszy pas piasku ni\u017c ten trzy i p\u00f3\u0142 kilometra d\u0142ugi odcinek obramowany ikoniczn\u0105 czarno-bia\u0142\u0105 falist\u0105 kostk\u0105. <strong>Copacabana to pulsuj\u0105ce serce ca\u0142ego Rio<\/strong>, gdzie od wczesnego rana do p\u00f3\u017anego popo\u0142udnia gra si\u0119 w siatk\u00f3wk\u0119 pla\u017cow\u0105, popija orze\u017awiaj\u0105ce napoje z kiosk\u00f3w, a miejscowi spotykaj\u0105 si\u0119 z turystami z ca\u0142ego \u015bwiata. Fale bywaj\u0105 tu do\u015b\u0107 silne, ale szeroki pas drobnego piasku oferuje mn\u00f3stwo miejsca na wygodne opalanie i d\u0142ugie spacery.<\/p>\n\n\n\n<p class=\"wp-block-paragraph\">Na samym po\u0142udniowym kra\u0144cu pla\u017cy dumnie wznosi si\u0119 historyczna twierdza wojskowa z pocz\u0105tku dwudziestego wieku, kt\u00f3ra dzi\u015b funkcjonuje jako fascynuj\u0105ce muzeum. <strong>Forte de Copacabana oferuje absolutnie doskona\u0142y widok na ca\u0142\u0105 d\u0142ugo\u015b\u0107 pla\u017cy<\/strong> a\u017c po majestatyczn\u0105 G\u0142ow\u0119 Cukru w oddali. Wewn\u0105trz kompleksu obejrzysz zachowane dzia\u0142a, historyczne mundury i stare zdj\u0119cia, kt\u00f3re opisuj\u0105 zawi\u0142\u0105 histori\u0119 wojskow\u0105 tego ogromnego kraju Ameryki Po\u0142udniowej.<\/p>\n\n\n\n<p class=\"wp-block-paragraph\">\ud83d\udca1 Wskaz\u00f3wka: <strong>Wewn\u0105trz twierdzy znajdziesz s\u0142ynn\u0105 kawiarni\u0119 Confeitaria Colombo<\/strong>, gdzie mo\u017cesz usi\u0105\u015b\u0107 na tarasie zewn\u0119trznym, zam\u00f3wi\u0107 wy\u015bmienit\u0105 kaw\u0119 z serowym bu\u0142eczkiem p\u00e3o de queijo i cieszy\u0107 si\u0119 spokojem z dala od zat\u0142oczonych pla\u017cowych t\u0142um\u00f3w. Nie zapominaj jednak, \u017ce po promenadzie chodzi si\u0119 tylko za dnia \u2014 po zmroku lepiej wybierz taks\u00f3wk\u0119.<\/p>\n\n\n\n<figure data-wp-context=\"{&quot;imageId&quot;:&quot;6a9c821a1c97a&quot;}\" data-wp-interactive=\"core\/image\" data-wp-key=\"6a9c821a1c97a\" class=\"wp-block-image size-full wp-lightbox-container\"><img decoding=\"async\" width=\"1200\" height=\"900\" data-wp-class--hide=\"state.isContentHidden\" data-wp-class--show=\"state.isContentVisible\" data-wp-init=\"callbacks.setButtonStyles\" data-wp-on--click=\"actions.showLightbox\" data-wp-on--load=\"callbacks.setButtonStyles\" data-wp-on--pointerdown=\"actions.preloadImage\" data-wp-on--pointerenter=\"actions.preloadImageWithDelay\" data-wp-on--pointerleave=\"actions.cancelPreload\" data-wp-on-window--resize=\"callbacks.setButtonStyles\" src=\"https:\/\/loudavymkrokem.cz\/wp-content\/uploads\/2026\/09\/ipanema.jpg\" alt=\"Pla\u017ca Ipanema i system stacji ratowniczych\" class=\"wp-image-413179\" title=\"\" srcset=\"https:\/\/loudavymkrokem.cz\/wp-content\/uploads\/2026\/09\/ipanema.jpg 1200w, https:\/\/loudavymkrokem.cz\/wp-content\/uploads\/2026\/09\/ipanema-300x225.jpg 300w, https:\/\/loudavymkrokem.cz\/wp-content\/uploads\/2026\/09\/ipanema-700x525.jpg 700w, https:\/\/loudavymkrokem.cz\/wp-content\/uploads\/2026\/09\/ipanema-768x576.jpg 768w, https:\/\/loudavymkrokem.cz\/wp-content\/uploads\/2026\/09\/ipanema-80x60.jpg 80w, https:\/\/loudavymkrokem.cz\/wp-content\/uploads\/2026\/09\/ipanema-160x120.jpg 160w, https:\/\/loudavymkrokem.cz\/wp-content\/uploads\/2026\/09\/ipanema-696x522.jpg 696w\" sizes=\"(max-width: 1200px) 100vw, 1200px\" \/><button\n\t\t\tclass=\"lightbox-trigger\"\n\t\t\ttype=\"button\"\n\t\t\taria-haspopup=\"dialog\"\n\t\t\tdata-wp-bind--aria-label=\"state.thisImage.triggerButtonAriaLabel\"\n\t\t\tdata-wp-init=\"callbacks.initTriggerButton\"\n\t\t\tdata-wp-on--click=\"actions.showLightbox\"\n\t\t\tdata-wp-style--right=\"state.thisImage.buttonRight\"\n\t\t\tdata-wp-style--top=\"state.thisImage.buttonTop\"\n\t\t>\n\t\t\t<svg xmlns=\"http:\/\/www.w3.org\/2000\/svg\" width=\"12\" height=\"12\" fill=\"none\" viewBox=\"0 0 12 12\">\n\t\t\t\t<path fill=\"#fff\" d=\"M2 0a2 2 0 0 0-2 2v2h1.5V2a.5.5 0 0 1 .5-.5h2V0H2Zm2 10.5H2a.5.5 0 0 1-.5-.5V8H0v2a2 2 0 0 0 2 2h2v-1.5ZM8 12v-1.5h2a.5.5 0 0 0 .5-.5V8H12v2a2 2 0 0 1-2 2H8Zm2-12a2 2 0 0 1 2 2v2h-1.5V2a.5.5 0 0 0-.5-.5H8V0h2Z\" \/>\n\t\t\t<\/svg>\n\t\t<\/button><figcaption class=\"wp-element-caption\">Foto: Alby Set \/ Google Maps<\/figcaption><\/figure>\n\n\n\n<h3 class=\"wp-block-heading\"><span class=\"ez-toc-section\" id=\"4_Plaza_Ipanema_i_system_stacji_ratowniczych\"><\/span>4. Pla\u017ca Ipanema i system stacji ratowniczych<span class=\"ez-toc-section-end\"><\/span><\/h3>\n\n\n\n<p class=\"wp-block-paragraph\">Je\u015bli Copacabana to masowa turystyka, to Ipanema jest symbolem elegancji, mody i wyluzowanego pla\u017cowego stylu \u017cycia. <strong>Ta pla\u017ca s\u0142ynie z niewiarygodnie czystej wody i przepi\u0119knych widok\u00f3w na pasmo g\u00f3r Dois Irm\u00e3os<\/strong>, kt\u00f3re tworzy idealne t\u0142o do ka\u017cdego zdj\u0119cia. Piasek jest tu nieco drobniejszy, a og\u00f3lna atmosfera przyci\u0105ga raczej m\u0142odsze pokolenie, artyst\u00f3w i mi\u0142o\u015bnik\u00f3w designu, kt\u00f3rzy schodz\u0105 si\u0119 tu z pobliskich butikowych uliczek.<\/p>\n\n\n\n<p class=\"wp-block-paragraph\">Do orientacji na d\u0142ugim wybrze\u017cu miejscowi u\u017cywaj\u0105 tak zwanych postos, czyli numerowanych stacji ratowniczych rozstawionych w regularnych odst\u0119pach. <strong>Najs\u0142ynniejszym punktem jest bez w\u0105tpienia Posto 9 na Ipanemie<\/strong>, kt\u00f3re historycznie funkcjonuje jako g\u0142\u00f3wne centrum spotka\u0144, gdzie ludzie przychodz\u0105 si\u0119 bawi\u0107, prezentowa\u0107 nowe stroje k\u0105pielowe i dyskutowa\u0107 o \u017cyciu. Ka\u017cde posto ma swoj\u0105 specyficzn\u0105 atmosfer\u0119 i przyci\u0105ga nieco inn\u0105 grup\u0119 ludzi, od rodzin z dzie\u0107mi po zapalonych sportowc\u00f3w.<\/p>\n\n\n\n<p class=\"wp-block-paragraph\">\ud83d\udca1 Wskaz\u00f3wka: <strong>Kiedy dopadnie ci\u0119 g\u0142\u00f3d, wcale nie musisz opuszcza\u0107 pla\u017cy, wystarczy kupi\u0107 od pla\u017cowych sprzedawc\u00f3w misk\u0119 lodowego a\u00e7a\u00ed<\/strong>, czyli g\u0119stego fioletowego mi\u0105\u017cszu z amazo\u0144skich palm zasypanego chrupi\u0105c\u0105 granol\u0105 i bananem. To idealny, orze\u017awiaj\u0105cy i ca\u0142kowicie bezmi\u0119sny przysmak, kt\u00f3ry w tropikalnym upale natychmiast doda ci energii na kolejn\u0105 k\u0105piel.<\/p>\n\n\n\n<figure data-wp-context=\"{&quot;imageId&quot;:&quot;6a9c821a1d153&quot;}\" data-wp-interactive=\"core\/image\" data-wp-key=\"6a9c821a1d153\" class=\"wp-block-image size-full wp-lightbox-container\"><img decoding=\"async\" width=\"1600\" height=\"739\" data-wp-class--hide=\"state.isContentHidden\" data-wp-class--show=\"state.isContentVisible\" data-wp-init=\"callbacks.setButtonStyles\" data-wp-on--click=\"actions.showLightbox\" data-wp-on--load=\"callbacks.setButtonStyles\" data-wp-on--pointerdown=\"actions.preloadImage\" data-wp-on--pointerenter=\"actions.preloadImageWithDelay\" data-wp-on--pointerleave=\"actions.cancelPreload\" data-wp-on-window--resize=\"callbacks.setButtonStyles\" src=\"https:\/\/loudavymkrokem.cz\/wp-content\/uploads\/2026\/09\/leblon.jpg\" alt=\"Pla\u017ca Leblon i punkt widokowy Mirante do Leblon\" class=\"wp-image-413183\" title=\"\" srcset=\"https:\/\/loudavymkrokem.cz\/wp-content\/uploads\/2026\/09\/leblon.jpg 1600w, https:\/\/loudavymkrokem.cz\/wp-content\/uploads\/2026\/09\/leblon-300x139.jpg 300w, https:\/\/loudavymkrokem.cz\/wp-content\/uploads\/2026\/09\/leblon-700x323.jpg 700w, https:\/\/loudavymkrokem.cz\/wp-content\/uploads\/2026\/09\/leblon-768x355.jpg 768w, https:\/\/loudavymkrokem.cz\/wp-content\/uploads\/2026\/09\/leblon-1536x709.jpg 1536w, https:\/\/loudavymkrokem.cz\/wp-content\/uploads\/2026\/09\/leblon-696x321.jpg 696w, https:\/\/loudavymkrokem.cz\/wp-content\/uploads\/2026\/09\/leblon-1392x643.jpg 1392w\" sizes=\"(max-width: 1600px) 100vw, 1600px\" \/><button\n\t\t\tclass=\"lightbox-trigger\"\n\t\t\ttype=\"button\"\n\t\t\taria-haspopup=\"dialog\"\n\t\t\tdata-wp-bind--aria-label=\"state.thisImage.triggerButtonAriaLabel\"\n\t\t\tdata-wp-init=\"callbacks.initTriggerButton\"\n\t\t\tdata-wp-on--click=\"actions.showLightbox\"\n\t\t\tdata-wp-style--right=\"state.thisImage.buttonRight\"\n\t\t\tdata-wp-style--top=\"state.thisImage.buttonTop\"\n\t\t>\n\t\t\t<svg xmlns=\"http:\/\/www.w3.org\/2000\/svg\" width=\"12\" height=\"12\" fill=\"none\" viewBox=\"0 0 12 12\">\n\t\t\t\t<path fill=\"#fff\" d=\"M2 0a2 2 0 0 0-2 2v2h1.5V2a.5.5 0 0 1 .5-.5h2V0H2Zm2 10.5H2a.5.5 0 0 1-.5-.5V8H0v2a2 2 0 0 0 2 2h2v-1.5ZM8 12v-1.5h2a.5.5 0 0 0 .5-.5V8H12v2a2 2 0 0 1-2 2H8Zm2-12a2 2 0 0 1 2 2v2h-1.5V2a.5.5 0 0 0-.5-.5H8V0h2Z\" \/>\n\t\t\t<\/svg>\n\t\t<\/button><figcaption class=\"wp-element-caption\">Foto: Cassiano Neto \/ Google Maps<\/figcaption><\/figure>\n\n\n\n<h3 class=\"wp-block-heading\"><span class=\"ez-toc-section\" id=\"5_Plaza_Leblon_i_punkt_widokowy_Mirante_do_Leblon\"><\/span>5. Pla\u017ca Leblon i punkt widokowy Mirante do Leblon<span class=\"ez-toc-section-end\"><\/span><\/h3>\n\n\n\n<p class=\"wp-block-paragraph\">Zaraz za kana\u0142em, kt\u00f3ry oddziela Ipanem\u0119, rozci\u0105ga si\u0119 ekskluzywna dzielnica Leblon z w\u0142asn\u0105, znacznie spokojniejsz\u0105 pla\u017c\u0105. <strong>Leblon uwa\u017cany jest za najbezpieczniejsz\u0105 i najbardziej presti\u017cow\u0105 cz\u0119\u015b\u0107 ca\u0142ego miasta<\/strong>, co odbija si\u0119 nie tylko w zerowej statystyce powa\u017cnych przest\u0119pstw, ale te\u017c w zadbanych lokalnych kioskach i czysto\u015bci ca\u0142ego nabrze\u017ca. Pla\u017ca jest domen\u0105 miejscowych mieszka\u0144c\u00f3w, rodzin z dzie\u0107mi i znanych osobisto\u015bci, kt\u00f3re przychodz\u0105 tu relaksowa\u0107 si\u0119 pod parasolami z dala od najwi\u0119kszego turystycznego zgie\u0142ku.<\/p>\n\n\n\n<p class=\"wp-block-paragraph\">Na samym ko\u0144cu pla\u017cy, gdzie droga zaczyna pi\u0105\u0107 si\u0119 w strome wzg\u00f3rza, znajdziesz przepi\u0119kny drewniany taras wznosz\u0105cy si\u0119 nad hucz\u0105cym oceanem. <strong>Punkt widokowy Mirante do Leblon oferuje ikoniczny widok na ca\u0142\u0105 d\u0142ugo\u015b\u0107 pla\u017c Leblon i Ipanema<\/strong>, obramowanych palmami i wysokimi nowoczesnymi budynkami. Szczeg\u00f3lnie w godzinach popo\u0142udniowych zje\u017cd\u017caj\u0105 si\u0119 tu ludzie na rowerach, aby przy ma\u0142ych straganach kupi\u0107 sch\u0142odzon\u0105 wod\u0119 kokosow\u0105 i patrze\u0107, jak miasto powoli uk\u0142ada si\u0119 do snu.<\/p>\n\n\n\n<p class=\"wp-block-paragraph\">\ud83d\udca1 Wskaz\u00f3wka: <strong>Bezpo\u015brednio przy punkcie widokowym dzia\u0142a kilka ma\u0142ych bar\u00f3w, gdzie mo\u017cesz napi\u0107 si\u0119 \u015bwie\u017cego soku z tropikalnych owoc\u00f3w<\/strong> i s\u0142ucha\u0107 szumu ogromnych fal, kt\u00f3re rozbijaj\u0105 si\u0119 o ska\u0142y tu\u017c pod tob\u0105. To idealne miejsce na romantyczne zako\u0144czenie d\u0142ugiego dnia, a na dodatek dostaniesz si\u0119 tu z pla\u017cy wygodnym spacerem po bezpiecznej promenadzie.<\/p>\n\n\n\n<figure data-wp-context=\"{&quot;imageId&quot;:&quot;6a9c821a1d7f6&quot;}\" data-wp-interactive=\"core\/image\" data-wp-key=\"6a9c821a1d7f6\" class=\"wp-block-image size-full wp-lightbox-container\"><img decoding=\"async\" width=\"1600\" height=\"1068\" data-wp-class--hide=\"state.isContentHidden\" data-wp-class--show=\"state.isContentVisible\" data-wp-init=\"callbacks.setButtonStyles\" data-wp-on--click=\"actions.showLightbox\" data-wp-on--load=\"callbacks.setButtonStyles\" data-wp-on--pointerdown=\"actions.preloadImage\" data-wp-on--pointerenter=\"actions.preloadImageWithDelay\" data-wp-on--pointerleave=\"actions.cancelPreload\" data-wp-on-window--resize=\"callbacks.setButtonStyles\" src=\"https:\/\/loudavymkrokem.cz\/wp-content\/uploads\/2026\/09\/pedra-do-arpoador.jpg\" alt=\"Skalny cypel Pedra do Arpoador\" class=\"wp-image-413187\" title=\"\" srcset=\"https:\/\/loudavymkrokem.cz\/wp-content\/uploads\/2026\/09\/pedra-do-arpoador.jpg 1600w, https:\/\/loudavymkrokem.cz\/wp-content\/uploads\/2026\/09\/pedra-do-arpoador-300x200.jpg 300w, https:\/\/loudavymkrokem.cz\/wp-content\/uploads\/2026\/09\/pedra-do-arpoador-700x467.jpg 700w, https:\/\/loudavymkrokem.cz\/wp-content\/uploads\/2026\/09\/pedra-do-arpoador-768x513.jpg 768w, https:\/\/loudavymkrokem.cz\/wp-content\/uploads\/2026\/09\/pedra-do-arpoador-1536x1025.jpg 1536w, https:\/\/loudavymkrokem.cz\/wp-content\/uploads\/2026\/09\/pedra-do-arpoador-696x465.jpg 696w, https:\/\/loudavymkrokem.cz\/wp-content\/uploads\/2026\/09\/pedra-do-arpoador-1392x929.jpg 1392w\" sizes=\"(max-width: 1600px) 100vw, 1600px\" \/><button\n\t\t\tclass=\"lightbox-trigger\"\n\t\t\ttype=\"button\"\n\t\t\taria-haspopup=\"dialog\"\n\t\t\tdata-wp-bind--aria-label=\"state.thisImage.triggerButtonAriaLabel\"\n\t\t\tdata-wp-init=\"callbacks.initTriggerButton\"\n\t\t\tdata-wp-on--click=\"actions.showLightbox\"\n\t\t\tdata-wp-style--right=\"state.thisImage.buttonRight\"\n\t\t\tdata-wp-style--top=\"state.thisImage.buttonTop\"\n\t\t>\n\t\t\t<svg xmlns=\"http:\/\/www.w3.org\/2000\/svg\" width=\"12\" height=\"12\" fill=\"none\" viewBox=\"0 0 12 12\">\n\t\t\t\t<path fill=\"#fff\" d=\"M2 0a2 2 0 0 0-2 2v2h1.5V2a.5.5 0 0 1 .5-.5h2V0H2Zm2 10.5H2a.5.5 0 0 1-.5-.5V8H0v2a2 2 0 0 0 2 2h2v-1.5ZM8 12v-1.5h2a.5.5 0 0 0 .5-.5V8H12v2a2 2 0 0 1-2 2H8Zm2-12a2 2 0 0 1 2 2v2h-1.5V2a.5.5 0 0 0-.5-.5H8V0h2Z\" \/>\n\t\t\t<\/svg>\n\t\t<\/button><figcaption class=\"wp-element-caption\">Foto: Maur\u00edcio Moreno \/ Google Maps<\/figcaption><\/figure>\n\n\n\n<h3 class=\"wp-block-heading\"><span class=\"ez-toc-section\" id=\"6_Skalny_cypel_Pedra_do_Arpoador\"><\/span>6. Skalny cypel Pedra do Arpoador<span class=\"ez-toc-section-end\"><\/span><\/h3>\n\n\n\n<p class=\"wp-block-paragraph\">Mi\u0119dzy gwarn\u0105 Copacaban\u0105 a eleganck\u0105 Ipanem\u0105 g\u0142\u0119boko w ocean wybiega ogromny masyw skalny, kt\u00f3ry tworzy naturaln\u0105 granic\u0119 mi\u0119dzy obiema zatokami. <strong>Pedra do Arpoador to absolutna legenda w\u015br\u00f3d surfer\u00f3w<\/strong>, bo w\u0142a\u015bnie tutaj \u0142ami\u0105 si\u0119 najlepsze i najbardziej konsekwentne fale w ca\u0142ym mie\u015bcie. Za dnia mo\u017cesz obserwowa\u0107 ze ska\u0142 dziesi\u0105tki sportowc\u00f3w, jak brawurowo poskramiaj\u0105 morski \u017cywio\u0142, opieraj\u0105c si\u0119 o ciep\u0142y kamie\u0144 i wdychaj\u0105c s\u0142one oceaniczne powietrze.<\/p>\n\n\n\n<p class=\"wp-block-paragraph\">To g\u0142\u00f3wne przedstawienie zaczyna si\u0119 tu jednak dopiero pod wiecz\u00f3r, kiedy ska\u0142y zape\u0142niaj\u0105 si\u0119 setkami ludzi z jednym wsp\u00f3lnym celem. <strong>Tradycja nakazuje, \u017ce gdy tylko s\u0142o\u0144ce zajdzie za majestatyczn\u0105 g\u00f3r\u0119 Dois Irm\u00e3os, ca\u0142y t\u0142um zaczyna z entuzjazmem klaska\u0107<\/strong>, dzi\u0119kuj\u0105c w ten spos\u00f3b przyrodzie za kolejny pi\u0119kny dzie\u0144 w tym rajskim mie\u015bcie. To niewiarygodnie silne i emocjonalne prze\u017cycie, kt\u00f3re doskonale oddaje ciep\u0142\u0105 i radosn\u0105 brazylijsk\u0105 natur\u0119, kt\u00f3r\u0105 od razu pokochasz.<\/p>\n\n\n\n<p class=\"wp-block-paragraph\">\ud83d\udca1 Wskaz\u00f3wka: <strong>Przyjd\u017a tu przynajmniej godzin\u0119 przed samym zachodem s\u0142o\u0144ca, \u017ceby upolowa\u0107 dobre miejsce do siedzenia<\/strong>, bo ska\u0142y bywaj\u0105 naprawd\u0119 pe\u0142ne po brzegi. W drodze powrotnej warto skr\u0119ci\u0107 do jednej z japo\u0144skich lub w\u0142oskich restauracji w okolicy \u2014 je\u015bli nie przepadasz za mi\u0119sem, tutaj znajdziesz co\u015b dla siebie.<\/p>\n\n\n\n<figure data-wp-context=\"{&quot;imageId&quot;:&quot;6a9c821a1dd7c&quot;}\" data-wp-interactive=\"core\/image\" data-wp-key=\"6a9c821a1dd7c\" class=\"wp-block-image size-full wp-lightbox-container\"><img decoding=\"async\" width=\"1254\" height=\"836\" data-wp-class--hide=\"state.isContentHidden\" data-wp-class--show=\"state.isContentVisible\" data-wp-init=\"callbacks.setButtonStyles\" data-wp-on--click=\"actions.showLightbox\" data-wp-on--load=\"callbacks.setButtonStyles\" data-wp-on--pointerdown=\"actions.preloadImage\" data-wp-on--pointerenter=\"actions.preloadImageWithDelay\" data-wp-on--pointerleave=\"actions.cancelPreload\" data-wp-on-window--resize=\"callbacks.setButtonStyles\" src=\"https:\/\/loudavymkrokem.cz\/wp-content\/uploads\/2026\/09\/escadaria-selar-n.jpg\" alt=\"Schody Escadaria Selar\u00f3n\" class=\"wp-image-413192\" title=\"\" srcset=\"https:\/\/loudavymkrokem.cz\/wp-content\/uploads\/2026\/09\/escadaria-selar-n.jpg 1254w, https:\/\/loudavymkrokem.cz\/wp-content\/uploads\/2026\/09\/escadaria-selar-n-300x200.jpg 300w, https:\/\/loudavymkrokem.cz\/wp-content\/uploads\/2026\/09\/escadaria-selar-n-700x467.jpg 700w, https:\/\/loudavymkrokem.cz\/wp-content\/uploads\/2026\/09\/escadaria-selar-n-768x512.jpg 768w, https:\/\/loudavymkrokem.cz\/wp-content\/uploads\/2026\/09\/escadaria-selar-n-696x464.jpg 696w\" sizes=\"(max-width: 1254px) 100vw, 1254px\" \/><button\n\t\t\tclass=\"lightbox-trigger\"\n\t\t\ttype=\"button\"\n\t\t\taria-haspopup=\"dialog\"\n\t\t\tdata-wp-bind--aria-label=\"state.thisImage.triggerButtonAriaLabel\"\n\t\t\tdata-wp-init=\"callbacks.initTriggerButton\"\n\t\t\tdata-wp-on--click=\"actions.showLightbox\"\n\t\t\tdata-wp-style--right=\"state.thisImage.buttonRight\"\n\t\t\tdata-wp-style--top=\"state.thisImage.buttonTop\"\n\t\t>\n\t\t\t<svg xmlns=\"http:\/\/www.w3.org\/2000\/svg\" width=\"12\" height=\"12\" fill=\"none\" viewBox=\"0 0 12 12\">\n\t\t\t\t<path fill=\"#fff\" d=\"M2 0a2 2 0 0 0-2 2v2h1.5V2a.5.5 0 0 1 .5-.5h2V0H2Zm2 10.5H2a.5.5 0 0 1-.5-.5V8H0v2a2 2 0 0 0 2 2h2v-1.5ZM8 12v-1.5h2a.5.5 0 0 0 .5-.5V8H12v2a2 2 0 0 1-2 2H8Zm2-12a2 2 0 0 1 2 2v2h-1.5V2a.5.5 0 0 0-.5-.5H8V0h2Z\" \/>\n\t\t\t<\/svg>\n\t\t<\/button><figcaption class=\"wp-element-caption\">Foto: Imanol Gallego \/ Google Maps<\/figcaption><\/figure>\n\n\n\n<h3 class=\"wp-block-heading\"><span class=\"ez-toc-section\" id=\"7_Schody_Escadaria_Selaron\"><\/span>7. Schody Escadaria Selar\u00f3n<span class=\"ez-toc-section-end\"><\/span><\/h3>\n\n\n\n<p class=\"wp-block-paragraph\">W bohemskiej dzielnicy Lapa natrafisz na schody, kt\u00f3re na Instagramie rozpoznasz od razu \u2014 nawet je\u015bli nie wiesz, jak si\u0119 nazywaj\u0105. <strong>Escadaria Selar\u00f3n to monumentalne schody z\u0142o\u017cone z dwustu pi\u0119tnastu stopni<\/strong>, kt\u00f3re chilijski artysta Jorge Selar\u00f3n stopniowo wy\u0142o\u017cy\u0142 tysi\u0105cami jaskrawych, kolorowych kafelk\u00f3w z ca\u0142ego \u015bwiata. Swoje dzie\u0142o \u017cycia tworzy\u0142 ponad dwadzie\u015bcia lat na cze\u015b\u0107 brazylijskiego ludu i dzi\u015b ten wielobarwny korytarz to absolutna konieczno\u015b\u0107 dla ka\u017cdego odwiedzaj\u0105cego miasto.<\/p>\n\n\n\n<p class=\"wp-block-paragraph\">Przy uwa\u017cnym ogl\u0105daniu odkryjesz, \u017ce kafelki pochodz\u0105 z ponad sze\u015b\u0107dziesi\u0119ciu kraj\u00f3w \u015bwiata, a wiele z nich przysy\u0142ali mu sami fani jego niestrudzonej pracy. <strong>Ka\u017cdy kawa\u0142ek ceramiki opowiada swoj\u0105 w\u0142asn\u0105 histori\u0119, a ca\u0142a mozaika nieustannie si\u0119 zmienia<\/strong>, w miar\u0119 jak wspinasz si\u0119 coraz wy\u017cej w kierunku dzielnicy artystycznej Santa Teresa. Atmosfer\u0119 miejsca cz\u0119sto dope\u0142niaj\u0105 uliczni muzycy i sprzedawcy drobnych pami\u0105tek, kt\u00f3rzy nadaj\u0105 schodom niepodrabialny lokalny koloryt.<\/p>\n\n\n\n<p class=\"wp-block-paragraph\">\ud83d\udca1 Wskaz\u00f3wka: <strong>Wybierz si\u0119 tu wcze\u015bnie rano, najlepiej oko\u0142o \u00f3smej, bo inaczej na zdj\u0119ciach b\u0119dziesz mia\u0142 t\u0142umy innych turyst\u00f3w<\/strong>, gdy\u017c w ci\u0105gu dnia na schodach tworz\u0105 si\u0119 ogromne korki. Schody \u0142\u0105cz\u0105 dzielnic\u0119 Lapa z Santa Teres\u0105, wi\u0119c po ich pokonaniu mo\u017cesz p\u0142ynnie kontynuowa\u0107 zwiedzanie historycznych uliczek na g\u00f3rze wzg\u00f3rza.<\/p>\n\n\n\n<figure data-wp-context=\"{&quot;imageId&quot;:&quot;6a9c821a1e583&quot;}\" data-wp-interactive=\"core\/image\" data-wp-key=\"6a9c821a1e583\" class=\"wp-block-image size-full wp-lightbox-container\"><img decoding=\"async\" width=\"1080\" height=\"1350\" data-wp-class--hide=\"state.isContentHidden\" data-wp-class--show=\"state.isContentVisible\" data-wp-init=\"callbacks.setButtonStyles\" data-wp-on--click=\"actions.showLightbox\" data-wp-on--load=\"callbacks.setButtonStyles\" data-wp-on--pointerdown=\"actions.preloadImage\" data-wp-on--pointerenter=\"actions.preloadImageWithDelay\" data-wp-on--pointerleave=\"actions.cancelPreload\" data-wp-on-window--resize=\"callbacks.setButtonStyles\" src=\"https:\/\/loudavymkrokem.cz\/wp-content\/uploads\/2026\/09\/santa-teresa.jpg\" alt=\"Dzielnica Santa Teresa i historyczny tramwaj\" class=\"wp-image-413195\" title=\"\" srcset=\"https:\/\/loudavymkrokem.cz\/wp-content\/uploads\/2026\/09\/santa-teresa.jpg 1080w, https:\/\/loudavymkrokem.cz\/wp-content\/uploads\/2026\/09\/santa-teresa-240x300.jpg 240w, https:\/\/loudavymkrokem.cz\/wp-content\/uploads\/2026\/09\/santa-teresa-700x875.jpg 700w, https:\/\/loudavymkrokem.cz\/wp-content\/uploads\/2026\/09\/santa-teresa-768x960.jpg 768w, https:\/\/loudavymkrokem.cz\/wp-content\/uploads\/2026\/09\/santa-teresa-696x870.jpg 696w\" sizes=\"(max-width: 1080px) 100vw, 1080px\" \/><button\n\t\t\tclass=\"lightbox-trigger\"\n\t\t\ttype=\"button\"\n\t\t\taria-haspopup=\"dialog\"\n\t\t\tdata-wp-bind--aria-label=\"state.thisImage.triggerButtonAriaLabel\"\n\t\t\tdata-wp-init=\"callbacks.initTriggerButton\"\n\t\t\tdata-wp-on--click=\"actions.showLightbox\"\n\t\t\tdata-wp-style--right=\"state.thisImage.buttonRight\"\n\t\t\tdata-wp-style--top=\"state.thisImage.buttonTop\"\n\t\t>\n\t\t\t<svg xmlns=\"http:\/\/www.w3.org\/2000\/svg\" width=\"12\" height=\"12\" fill=\"none\" viewBox=\"0 0 12 12\">\n\t\t\t\t<path fill=\"#fff\" d=\"M2 0a2 2 0 0 0-2 2v2h1.5V2a.5.5 0 0 1 .5-.5h2V0H2Zm2 10.5H2a.5.5 0 0 1-.5-.5V8H0v2a2 2 0 0 0 2 2h2v-1.5ZM8 12v-1.5h2a.5.5 0 0 0 .5-.5V8H12v2a2 2 0 0 1-2 2H8Zm2-12a2 2 0 0 1 2 2v2h-1.5V2a.5.5 0 0 0-.5-.5H8V0h2Z\" \/>\n\t\t\t<\/svg>\n\t\t<\/button><figcaption class=\"wp-element-caption\">Foto: Guilherme Carvalho \/ Google Maps<\/figcaption><\/figure>\n\n\n\n<h3 class=\"wp-block-heading\"><span class=\"ez-toc-section\" id=\"8_Dzielnica_Santa_Teresa_i_historyczny_tramwaj\"><\/span>8. Dzielnica Santa Teresa i historyczny tramwaj<span class=\"ez-toc-section-end\"><\/span><\/h3>\n\n\n\n<p class=\"wp-block-paragraph\">Wysoko na wzg\u00f3rzach nad gwarnym centrum przycupn\u0119\u0142a malownicza dzielnica, kt\u00f3ra wygl\u0105da, jakby wypad\u0142a z zupe\u0142nie innego stulecia. <strong>Santa Teresa jest pe\u0142na w\u0105skich brukowanych uliczek, starych kolonialnych willi i niezale\u017cnych pracowni artystycznych<\/strong>, dzi\u0119ki czemu zas\u0142u\u017cy\u0142a sobie na przydomek brazylijskiego Montmartre&#8217;u. Z lokalnych punkt\u00f3w widokowych roztaczaj\u0105 si\u0119 niesamowite widoki na zatok\u0119 i nowoczesne wie\u017cowce g\u0142\u0119boko pod tob\u0105, podczas gdy ty siedzisz w spokojnej kawiarni w cieniu roz\u0142o\u017cystych drzew.<\/p>\n\n\n\n<p class=\"wp-block-paragraph\">Najbardziej ikonicznym sposobem na dostanie si\u0119 do tej stromej dzielnicy jest przeja\u017cd\u017cka s\u0142ynnym \u017c\u00f3\u0142tym tramwajem zwanym bondinho. <strong>Historyczny tramwaj wyje\u017cd\u017ca ze stacji Station of Santa Teresa trams w centrum i z terkotem wspina si\u0119 na strome wzg\u00f3rza<\/strong>, przeje\u017cd\u017caj\u0105c po drodze przez ogromny bia\u0142y akwedukt. To wspania\u0142e, nostalgiczne prze\u017cycie, przy kt\u00f3rym poczujesz wiatr we w\u0142osach i zobaczysz miasto z zupe\u0142nie unikatowej, lekko wyniesionej perspektywy.<\/p>\n\n\n\n<p class=\"wp-block-paragraph\">\ud83d\udca1 Wskaz\u00f3wka: <strong>W lokalnych malowniczych bistrach koniecznie zam\u00f3w wy\u015bmienit\u0105 tapioc\u0119, czyli bezglutenowy nale\u015bnik z m\u0105ki maniokowej<\/strong>, kt\u00f3ry ch\u0119tnie nape\u0142ni\u0105 ci serem, pomidorami i \u015bwie\u017cymi zio\u0142ami. To tradycyjne, syc\u0105ce, a zarazem lekkie bezmi\u0119sne danie, kt\u00f3re doskonale wpisuje si\u0119 w wypoczynkow\u0105 atmosfer\u0119 tej artystycznej dzielnicy.<\/p>\n\n\n\n<figure data-wp-context=\"{&quot;imageId&quot;:&quot;6a9c821a1ed6d&quot;}\" data-wp-interactive=\"core\/image\" data-wp-key=\"6a9c821a1ed6d\" class=\"wp-block-image size-full wp-lightbox-container\"><img decoding=\"async\" width=\"1600\" height=\"1600\" data-wp-class--hide=\"state.isContentHidden\" data-wp-class--show=\"state.isContentVisible\" data-wp-init=\"callbacks.setButtonStyles\" data-wp-on--click=\"actions.showLightbox\" data-wp-on--load=\"callbacks.setButtonStyles\" data-wp-on--pointerdown=\"actions.preloadImage\" data-wp-on--pointerenter=\"actions.preloadImageWithDelay\" data-wp-on--pointerleave=\"actions.cancelPreload\" data-wp-on-window--resize=\"callbacks.setButtonStyles\" src=\"https:\/\/loudavymkrokem.cz\/wp-content\/uploads\/2026\/09\/arcos-da-lapa.jpg\" alt=\"Akwedukt Arcos da Lapa\" class=\"wp-image-413198\" title=\"\" srcset=\"https:\/\/loudavymkrokem.cz\/wp-content\/uploads\/2026\/09\/arcos-da-lapa.jpg 1600w, https:\/\/loudavymkrokem.cz\/wp-content\/uploads\/2026\/09\/arcos-da-lapa-300x300.jpg 300w, https:\/\/loudavymkrokem.cz\/wp-content\/uploads\/2026\/09\/arcos-da-lapa-700x700.jpg 700w, https:\/\/loudavymkrokem.cz\/wp-content\/uploads\/2026\/09\/arcos-da-lapa-150x150.jpg 150w, https:\/\/loudavymkrokem.cz\/wp-content\/uploads\/2026\/09\/arcos-da-lapa-768x768.jpg 768w, https:\/\/loudavymkrokem.cz\/wp-content\/uploads\/2026\/09\/arcos-da-lapa-1536x1536.jpg 1536w, https:\/\/loudavymkrokem.cz\/wp-content\/uploads\/2026\/09\/arcos-da-lapa-696x696.jpg 696w, https:\/\/loudavymkrokem.cz\/wp-content\/uploads\/2026\/09\/arcos-da-lapa-1392x1392.jpg 1392w\" sizes=\"(max-width: 1600px) 100vw, 1600px\" \/><button\n\t\t\tclass=\"lightbox-trigger\"\n\t\t\ttype=\"button\"\n\t\t\taria-haspopup=\"dialog\"\n\t\t\tdata-wp-bind--aria-label=\"state.thisImage.triggerButtonAriaLabel\"\n\t\t\tdata-wp-init=\"callbacks.initTriggerButton\"\n\t\t\tdata-wp-on--click=\"actions.showLightbox\"\n\t\t\tdata-wp-style--right=\"state.thisImage.buttonRight\"\n\t\t\tdata-wp-style--top=\"state.thisImage.buttonTop\"\n\t\t>\n\t\t\t<svg xmlns=\"http:\/\/www.w3.org\/2000\/svg\" width=\"12\" height=\"12\" fill=\"none\" viewBox=\"0 0 12 12\">\n\t\t\t\t<path fill=\"#fff\" d=\"M2 0a2 2 0 0 0-2 2v2h1.5V2a.5.5 0 0 1 .5-.5h2V0H2Zm2 10.5H2a.5.5 0 0 1-.5-.5V8H0v2a2 2 0 0 0 2 2h2v-1.5ZM8 12v-1.5h2a.5.5 0 0 0 .5-.5V8H12v2a2 2 0 0 1-2 2H8Zm2-12a2 2 0 0 1 2 2v2h-1.5V2a.5.5 0 0 0-.5-.5H8V0h2Z\" \/>\n\t\t\t<\/svg>\n\t\t<\/button><figcaption class=\"wp-element-caption\">Foto: W Travel \/ Google Maps<\/figcaption><\/figure>\n\n\n\n<h3 class=\"wp-block-heading\"><span class=\"ez-toc-section\" id=\"9_Akwedukt_Arcos_da_Lapa\"><\/span>9. Akwedukt Arcos da Lapa<span class=\"ez-toc-section-end\"><\/span><\/h3>\n\n\n\n<p class=\"wp-block-paragraph\">Gdy tylko dotrzesz do Lapy, od razu przykuje tw\u00f3j wzrok ogromny bia\u0142y akwedukt, kt\u00f3ry ca\u0142kowicie dominuje nad ca\u0142ym placem. <strong>Arcos da Lapa to monumentalny akwedukt z osiemnastego wieku, kt\u00f3ry dawniej doprowadza\u0142 wod\u0119 pitn\u0105 z okolicznych wzg\u00f3rz<\/strong> prosto do centrum szybko rozrastaj\u0105cego si\u0119 kolonialnego miasta. Swoimi czterdziestoma dwoma masywnymi \u0142ukami stanowi jeden z najwa\u017cniejszych zabytk\u00f3w architektury portugalskiej w ca\u0142ym kraju.<\/p>\n\n\n\n<p class=\"wp-block-paragraph\">Cho\u0107 woda ju\u017c dawno w nim nie p\u0142ynie, budowla znalaz\u0142a nowe i r\u00f3wnie wa\u017cne zastosowanie w nowoczesnym transporcie. <strong>To w\u0142a\u015bnie po szczycie tego historycznego akweduktu dzi\u015b turkocze legendarny \u017c\u00f3\u0142ty tramwaj zmierzaj\u0105cy do Santa Teresy<\/strong>, co tworzy niewiarygodnie fotogeniczny kontrast starego i nowego. Plac pod \u0142ukami o\u017cywa zw\u0142aszcza w pi\u0105tkowe wieczory, kiedy zbieraj\u0105 si\u0119 tu miejscowi na dzikie uliczne zabawy pe\u0142ne ta\u0144ca i g\u0142o\u015bnej muzyki.<\/p>\n\n\n\n<p class=\"wp-block-paragraph\">\ud83d\udca1 Wskaz\u00f3wka: <strong>Najpi\u0119kniejsze zdj\u0119cia akweduktu zrobisz z lekkiego oddalenia, z placu Pra\u00e7a Cardeal C\u00e2mara<\/strong>, sk\u0105d pi\u0119knie wida\u0107 ca\u0142\u0105 jego imponuj\u0105c\u0105 d\u0142ugo\u015b\u0107 i jaskrawobia\u0142y kolor. Je\u015bli chcesz unikn\u0105\u0107 nocnych t\u0142um\u00f3w i imprezowej atmosfery, odwied\u017a to miejsce raczej w weekendowy poranek, kiedy okolica jest pi\u0119knie spokojna.<\/p>\n\n\n\n<figure data-wp-context=\"{&quot;imageId&quot;:&quot;6a9c821a1f274&quot;}\" data-wp-interactive=\"core\/image\" data-wp-key=\"6a9c821a1f274\" class=\"wp-block-image size-full wp-lightbox-container\"><img decoding=\"async\" width=\"1600\" height=\"1200\" data-wp-class--hide=\"state.isContentHidden\" data-wp-class--show=\"state.isContentVisible\" data-wp-init=\"callbacks.setButtonStyles\" data-wp-on--click=\"actions.showLightbox\" data-wp-on--load=\"callbacks.setButtonStyles\" data-wp-on--pointerdown=\"actions.preloadImage\" data-wp-on--pointerenter=\"actions.preloadImageWithDelay\" data-wp-on--pointerleave=\"actions.cancelPreload\" data-wp-on-window--resize=\"callbacks.setButtonStyles\" src=\"https:\/\/loudavymkrokem.cz\/wp-content\/uploads\/2026\/09\/parque-das-ru-nas.jpg\" alt=\"Galeria Parque das Ru\u00ednas\" class=\"wp-image-413202\" title=\"\" srcset=\"https:\/\/loudavymkrokem.cz\/wp-content\/uploads\/2026\/09\/parque-das-ru-nas.jpg 1600w, https:\/\/loudavymkrokem.cz\/wp-content\/uploads\/2026\/09\/parque-das-ru-nas-300x225.jpg 300w, https:\/\/loudavymkrokem.cz\/wp-content\/uploads\/2026\/09\/parque-das-ru-nas-700x525.jpg 700w, https:\/\/loudavymkrokem.cz\/wp-content\/uploads\/2026\/09\/parque-das-ru-nas-768x576.jpg 768w, https:\/\/loudavymkrokem.cz\/wp-content\/uploads\/2026\/09\/parque-das-ru-nas-1536x1152.jpg 1536w, https:\/\/loudavymkrokem.cz\/wp-content\/uploads\/2026\/09\/parque-das-ru-nas-80x60.jpg 80w, https:\/\/loudavymkrokem.cz\/wp-content\/uploads\/2026\/09\/parque-das-ru-nas-160x120.jpg 160w, https:\/\/loudavymkrokem.cz\/wp-content\/uploads\/2026\/09\/parque-das-ru-nas-696x522.jpg 696w, https:\/\/loudavymkrokem.cz\/wp-content\/uploads\/2026\/09\/parque-das-ru-nas-1392x1044.jpg 1392w\" sizes=\"(max-width: 1600px) 100vw, 1600px\" \/><button\n\t\t\tclass=\"lightbox-trigger\"\n\t\t\ttype=\"button\"\n\t\t\taria-haspopup=\"dialog\"\n\t\t\tdata-wp-bind--aria-label=\"state.thisImage.triggerButtonAriaLabel\"\n\t\t\tdata-wp-init=\"callbacks.initTriggerButton\"\n\t\t\tdata-wp-on--click=\"actions.showLightbox\"\n\t\t\tdata-wp-style--right=\"state.thisImage.buttonRight\"\n\t\t\tdata-wp-style--top=\"state.thisImage.buttonTop\"\n\t\t>\n\t\t\t<svg xmlns=\"http:\/\/www.w3.org\/2000\/svg\" width=\"12\" height=\"12\" fill=\"none\" viewBox=\"0 0 12 12\">\n\t\t\t\t<path fill=\"#fff\" d=\"M2 0a2 2 0 0 0-2 2v2h1.5V2a.5.5 0 0 1 .5-.5h2V0H2Zm2 10.5H2a.5.5 0 0 1-.5-.5V8H0v2a2 2 0 0 0 2 2h2v-1.5ZM8 12v-1.5h2a.5.5 0 0 0 .5-.5V8H12v2a2 2 0 0 1-2 2H8Zm2-12a2 2 0 0 1 2 2v2h-1.5V2a.5.5 0 0 0-.5-.5H8V0h2Z\" \/>\n\t\t\t<\/svg>\n\t\t<\/button><figcaption class=\"wp-element-caption\">Foto: Andr\u00e9 Marcelo de Lourdes \/ Google Maps<\/figcaption><\/figure>\n\n\n\n<h3 class=\"wp-block-heading\"><span class=\"ez-toc-section\" id=\"10_Galeria_Parque_das_Ruinas\"><\/span>10. Galeria Parque das Ru\u00ednas<span class=\"ez-toc-section-end\"><\/span><\/h3>\n\n\n\n<p class=\"wp-block-paragraph\">W sercu historycznej Santa Teresy znajduje si\u0119 architektoniczny klejnot, kt\u00f3ry genialnie \u0142\u0105czy s\u0142ynn\u0105 przesz\u0142o\u015b\u0107 z nowoczesnym designem. <strong>Parque das Ru\u00ednas to fascynuj\u0105cy park publiczny i centrum kultury zbudowane bezpo\u015brednio w resztkach starej szlacheckiej willi<\/strong>, kt\u00f3ra nale\u017ca\u0142a do bogatej brazylijskiej mecenaski sztuki. Architekci zachowali ods\u0142oni\u0119te ceglane mury i uzupe\u0142nili je o nowoczesne stalowe schody oraz ogromne szklane panele, dzi\u0119ki czemu powsta\u0142a zupe\u0142nie unikatowa przestrze\u0144.<\/p>\n\n\n\n<p class=\"wp-block-paragraph\">Z najwy\u017cszych pi\u0119ter tej zrekonstruowanej ruiny roztoczy si\u0119 przed tob\u0105 widok, kt\u00f3ry zapami\u0119tasz do ko\u0144ca \u017cycia. <strong>Platformy widokowe oferuj\u0105 niczym niezak\u0142\u00f3cony panoramiczny widok na ca\u0142e historyczne centrum, G\u0142ow\u0119 Cukru oraz zatok\u0119 Guanabara<\/strong>, a to wszystko bez \u017cadnych op\u0142at za wst\u0119p. Na terenie regularnie odbywaj\u0105 si\u0119 plenerowe koncerty, spektakle teatralne i wystawy sztuki wsp\u00f3\u0142czesnej, kt\u00f3re przyci\u0105gaj\u0105 lokalnych intelektualist\u00f3w oraz ciekawskich podr\u00f3\u017cnik\u00f3w.<\/p>\n\n\n\n<p class=\"wp-block-paragraph\">\ud83d\udca1 Wskaz\u00f3wka: <strong>Na parterze kompleksu dzia\u0142a \u015bwietna ma\u0142a kawiarnia z ogr\u00f3dkiem<\/strong>, gdzie mo\u017cesz napi\u0107 si\u0119 mro\u017conej kawy i obserwowa\u0107 ruch dooko\u0142a. Godziny otwarcia mog\u0105 si\u0119 zmienia\u0107 w zale\u017cno\u015bci od trwaj\u0105cych wydarze\u0144 kulturalnych, dlatego przed wizyt\u0105 sprawd\u017a, czy przypadkiem nie jest poniedzia\u0142ek, kiedy wi\u0119kszo\u015b\u0107 muze\u00f3w i galerii w Rio jest \u015bci\u015ble zamkni\u0119ta.<\/p>\n\n\n\n<figure data-wp-context=\"{&quot;imageId&quot;:&quot;6a9c821a1f7fc&quot;}\" data-wp-interactive=\"core\/image\" data-wp-key=\"6a9c821a1f7fc\" class=\"wp-block-image size-full wp-lightbox-container\"><img decoding=\"async\" width=\"1600\" height=\"2125\" data-wp-class--hide=\"state.isContentHidden\" data-wp-class--show=\"state.isContentVisible\" data-wp-init=\"callbacks.setButtonStyles\" data-wp-on--click=\"actions.showLightbox\" data-wp-on--load=\"callbacks.setButtonStyles\" data-wp-on--pointerdown=\"actions.preloadImage\" data-wp-on--pointerenter=\"actions.preloadImageWithDelay\" data-wp-on--pointerleave=\"actions.cancelPreload\" data-wp-on-window--resize=\"callbacks.setButtonStyles\" src=\"https:\/\/loudavymkrokem.cz\/wp-content\/uploads\/2026\/09\/tijuca-national-park.jpg\" alt=\"Miejski las deszczowy Tijuca National Park\" class=\"wp-image-413205\" title=\"\" srcset=\"https:\/\/loudavymkrokem.cz\/wp-content\/uploads\/2026\/09\/tijuca-national-park.jpg 1600w, https:\/\/loudavymkrokem.cz\/wp-content\/uploads\/2026\/09\/tijuca-national-park-226x300.jpg 226w, https:\/\/loudavymkrokem.cz\/wp-content\/uploads\/2026\/09\/tijuca-national-park-700x930.jpg 700w, https:\/\/loudavymkrokem.cz\/wp-content\/uploads\/2026\/09\/tijuca-national-park-768x1020.jpg 768w, https:\/\/loudavymkrokem.cz\/wp-content\/uploads\/2026\/09\/tijuca-national-park-1157x1536.jpg 1157w, https:\/\/loudavymkrokem.cz\/wp-content\/uploads\/2026\/09\/tijuca-national-park-1542x2048.jpg 1542w, https:\/\/loudavymkrokem.cz\/wp-content\/uploads\/2026\/09\/tijuca-national-park-696x924.jpg 696w, https:\/\/loudavymkrokem.cz\/wp-content\/uploads\/2026\/09\/tijuca-national-park-1392x1849.jpg 1392w\" sizes=\"(max-width: 1600px) 100vw, 1600px\" \/><button\n\t\t\tclass=\"lightbox-trigger\"\n\t\t\ttype=\"button\"\n\t\t\taria-haspopup=\"dialog\"\n\t\t\tdata-wp-bind--aria-label=\"state.thisImage.triggerButtonAriaLabel\"\n\t\t\tdata-wp-init=\"callbacks.initTriggerButton\"\n\t\t\tdata-wp-on--click=\"actions.showLightbox\"\n\t\t\tdata-wp-style--right=\"state.thisImage.buttonRight\"\n\t\t\tdata-wp-style--top=\"state.thisImage.buttonTop\"\n\t\t>\n\t\t\t<svg xmlns=\"http:\/\/www.w3.org\/2000\/svg\" width=\"12\" height=\"12\" fill=\"none\" viewBox=\"0 0 12 12\">\n\t\t\t\t<path fill=\"#fff\" d=\"M2 0a2 2 0 0 0-2 2v2h1.5V2a.5.5 0 0 1 .5-.5h2V0H2Zm2 10.5H2a.5.5 0 0 1-.5-.5V8H0v2a2 2 0 0 0 2 2h2v-1.5ZM8 12v-1.5h2a.5.5 0 0 0 .5-.5V8H12v2a2 2 0 0 1-2 2H8Zm2-12a2 2 0 0 1 2 2v2h-1.5V2a.5.5 0 0 0-.5-.5H8V0h2Z\" \/>\n\t\t\t<\/svg>\n\t\t<\/button><figcaption class=\"wp-element-caption\">Foto: Clifford Aldan \/ Google Maps<\/figcaption><\/figure>\n\n\n\n<h3 class=\"wp-block-heading\"><span class=\"ez-toc-section\" id=\"11_Miejski_las_deszczowy_Park_Narodowy_Tijuca\"><\/span>11. Miejski las deszczowy Park Narodowy Tijuca<span class=\"ez-toc-section-end\"><\/span><\/h3>\n\n\n\n<p class=\"wp-block-paragraph\">Podczas gdy inne wielkie miasta maj\u0105 rozleg\u0142e parki i ogrody, Rio de Janeiro mo\u017ce pochwali\u0107 si\u0119 czym\u015b znacznie dzikszym i bardziej monumentalnym. <strong>Park narodowy Tijuca to ogromny miejski las deszczowy, kt\u00f3ry pokrywa strome g\u00f3rskie masywy po\u015brodku milionowej metropolii.<\/strong> To zielone p\u0142uco miasta nie tylko oczyszcza powietrze i ch\u0142odzi tropikalny klimat, ale te\u017c daje schronienie tysi\u0105com gatunk\u00f3w egzotycznych zwierz\u0105t, ogromnym motylom i bezczelnie ciekawskim ma\u0142pom.<\/p>\n\n\n\n<p class=\"wp-block-paragraph\">Ca\u0142y las jest przetkany sieci\u0105 zadbanych szlak\u00f3w turystycznych, kt\u00f3re zaprowadz\u0105 ci\u0119 do szumi\u0105cych wodospad\u00f3w, ciemnych jaski\u0144 i zapieraj\u0105cych dech w piersiach punkt\u00f3w widokowych. <strong>Podczas spaceru pod koronami prastarych drzew zupe\u0142nie zapomnisz, \u017ce znajdujesz si\u0119 w jednym z najbardziej gwarnych miast Ameryki Po\u0142udniowej<\/strong>, bo odg\u0142os ruchu ulicznego zast\u0119puje tu w pe\u0142ni krzyk kolorowych papug. Historia tego miejsca jest fascynuj\u0105ca, gdy\u017c las zosta\u0142 w dziewi\u0119tnastym wieku r\u0119cznie ponownie zasadzony, kiedy pierwotn\u0105 ro\u015blinno\u015b\u0107 zniszczy\u0142y plantacje kawy.<\/p>\n\n\n\n<p class=\"wp-block-paragraph\">\ud83d\udca1 Wskaz\u00f3wka: <strong>Do odkrywania lasu najlepiej wynajmij certyfikowanego przewodnika z jeepem<\/strong>, bo obszar parku jest ogromny, a orientacja na le\u015bnych szlakach bywa zdradliwa. Nie zapomnij zapakowa\u0107 mocnego repelentu przeciw tropikalnym owadom oraz lekkiej kurtki przeciwdeszczowej, bo mikroklimat pod drzewami jest wyra\u017anie wilgotniejszy i ch\u0142odniejszy ni\u017c na dole przy pla\u017cach.<\/p>\n\n\n\n<figure data-wp-context=\"{&quot;imageId&quot;:&quot;6a9c821a1fd4b&quot;}\" data-wp-interactive=\"core\/image\" data-wp-key=\"6a9c821a1fd4b\" class=\"wp-block-image size-full wp-lightbox-container\"><img decoding=\"async\" width=\"1600\" height=\"1200\" data-wp-class--hide=\"state.isContentHidden\" data-wp-class--show=\"state.isContentVisible\" data-wp-init=\"callbacks.setButtonStyles\" data-wp-on--click=\"actions.showLightbox\" data-wp-on--load=\"callbacks.setButtonStyles\" data-wp-on--pointerdown=\"actions.preloadImage\" data-wp-on--pointerenter=\"actions.preloadImageWithDelay\" data-wp-on--pointerleave=\"actions.cancelPreload\" data-wp-on-window--resize=\"callbacks.setButtonStyles\" src=\"https:\/\/loudavymkrokem.cz\/wp-content\/uploads\/2026\/09\/mirante-dona-marta.jpg\" alt=\"Punkt widokowy Mirante Dona Marta\" class=\"wp-image-413209\" title=\"\" srcset=\"https:\/\/loudavymkrokem.cz\/wp-content\/uploads\/2026\/09\/mirante-dona-marta.jpg 1600w, https:\/\/loudavymkrokem.cz\/wp-content\/uploads\/2026\/09\/mirante-dona-marta-300x225.jpg 300w, https:\/\/loudavymkrokem.cz\/wp-content\/uploads\/2026\/09\/mirante-dona-marta-700x525.jpg 700w, https:\/\/loudavymkrokem.cz\/wp-content\/uploads\/2026\/09\/mirante-dona-marta-768x576.jpg 768w, https:\/\/loudavymkrokem.cz\/wp-content\/uploads\/2026\/09\/mirante-dona-marta-1536x1152.jpg 1536w, https:\/\/loudavymkrokem.cz\/wp-content\/uploads\/2026\/09\/mirante-dona-marta-80x60.jpg 80w, https:\/\/loudavymkrokem.cz\/wp-content\/uploads\/2026\/09\/mirante-dona-marta-160x120.jpg 160w, https:\/\/loudavymkrokem.cz\/wp-content\/uploads\/2026\/09\/mirante-dona-marta-696x522.jpg 696w, https:\/\/loudavymkrokem.cz\/wp-content\/uploads\/2026\/09\/mirante-dona-marta-1392x1044.jpg 1392w\" sizes=\"(max-width: 1600px) 100vw, 1600px\" \/><button\n\t\t\tclass=\"lightbox-trigger\"\n\t\t\ttype=\"button\"\n\t\t\taria-haspopup=\"dialog\"\n\t\t\tdata-wp-bind--aria-label=\"state.thisImage.triggerButtonAriaLabel\"\n\t\t\tdata-wp-init=\"callbacks.initTriggerButton\"\n\t\t\tdata-wp-on--click=\"actions.showLightbox\"\n\t\t\tdata-wp-style--right=\"state.thisImage.buttonRight\"\n\t\t\tdata-wp-style--top=\"state.thisImage.buttonTop\"\n\t\t>\n\t\t\t<svg xmlns=\"http:\/\/www.w3.org\/2000\/svg\" width=\"12\" height=\"12\" fill=\"none\" viewBox=\"0 0 12 12\">\n\t\t\t\t<path fill=\"#fff\" d=\"M2 0a2 2 0 0 0-2 2v2h1.5V2a.5.5 0 0 1 .5-.5h2V0H2Zm2 10.5H2a.5.5 0 0 1-.5-.5V8H0v2a2 2 0 0 0 2 2h2v-1.5ZM8 12v-1.5h2a.5.5 0 0 0 .5-.5V8H12v2a2 2 0 0 1-2 2H8Zm2-12a2 2 0 0 1 2 2v2h-1.5V2a.5.5 0 0 0-.5-.5H8V0h2Z\" \/>\n\t\t\t<\/svg>\n\t\t<\/button><figcaption class=\"wp-element-caption\">Foto: Leonardo Pessoa \/ Google Maps<\/figcaption><\/figure>\n\n\n\n<!-- LKM_GYG_CARD start q=\"rio de janeiro\" lang=\"pl\" rendered=\"2026-09-05T18:45:31+00:00\" v=\"1\" -->\n<style id=\"lk-gyg-styles\">\n@import url(\"https:\/\/fonts.googleapis.com\/css2?family=Playfair+Display:wght@700&family=DM+Sans:wght@300;400;500;600&display=swap\");\n\/* === LK GYG karty \u2014 CRO redesign 2026-05 (namespace .lkx-) ===\n   C\u00edl: vy\u0161\u0161\u00ed CTR (hero + v\u00fdrazn\u00fd social proof + ak\u010dn\u00ed CTA, m\u00e9n\u011b \"reklamn\u00ed\").\n   Injektuje se inline do prvn\u00edho markeru postu (refresh_cards.py --inline-css). *\/\n.lkx-module, .lkx-module *{box-sizing:border-box;margin:0;padding:0}\n.lkx-module{\n  font-family:'DM Sans',-apple-system,Segoe UI,Roboto,Georgia,sans-serif;\n  max-width:860px;margin:2.5rem auto;color:#1f2328;\n}\n\n\/* HEADER \u2014 lehk\u00fd editorsk\u00fd, \u017e\u00e1dn\u00fd bannerov\u00fd blok; nadpis + popisek pod n\u00edm *\/\n.lkx-head{margin-bottom:16px}\n.lkx-head-main{display:flex;align-items:center;gap:10px}\n.lkx-head-accent{width:26px;height:3px;border-radius:2px;background:#c39f76;flex-shrink:0}\n.lkx-head-title{font-family:'Playfair Display',Georgia,serif;font-size:21px;font-weight:700;color:#1a1a1a;line-height:1.25}\n.lkx-head-meta{display:block;font-size:11px;letter-spacing:.3px;color:#9aa0a6;margin-top:4px;margin-left:36px}\n\n\/* HERO *\/\n.lkx-hero{display:grid;grid-template-columns:300px 1fr;background:#fff;border:1px solid #ece7df;border-radius:14px;overflow:hidden;text-decoration:none!important;color:inherit;box-shadow:0 6px 20px rgba(0,0,0,.06);transition:box-shadow .2s,transform .2s;margin-bottom:14px}\n.lkx-hero:hover{box-shadow:0 12px 30px rgba(0,0,0,.12);transform:translateY(-2px)}\n.lkx-hero-img{position:relative;min-height:230px;background-size:cover;background-position:center;background-color:#eee}\n.lkx-hero-body{padding:22px 24px;display:flex;flex-direction:column}\n.lkx-pick{position:absolute;top:12px;left:12px;background:#1a1a1a;color:#fff;font-size:11px;font-weight:700;letter-spacing:.5px;padding:5px 11px;border-radius:20px}\n\n\/* TITLE *\/\n.lkx-title{font-size:19px;font-weight:700;color:#161616;line-height:1.3}\n.lkx-title-sm{font-size:14.5px;line-height:1.35;display:-webkit-box;-webkit-line-clamp:2;-webkit-box-orient:vertical;overflow:hidden}\n\n\/* SOCIAL PROOF \u2014 v\u00fdrazn\u011b, naho\u0159e *\/\n.lkx-proof{display:flex;align-items:center;gap:7px;margin-top:12px;font-size:15px;color:#3a3a3a}\n.lkx-proof b{font-size:16px;color:#161616}\n.lkx-stars{color:#f5a623;letter-spacing:1px}\n.lkx-proof-sm{font-size:12.5px;margin-top:8px;gap:5px}\n.lkx-proof-sm b{font-size:13px}\n.lkx-proof-new{color:#3685fc;font-weight:600}\n\n\/* PRICE \u2014 n\u00edzk\u00e1 kotva *\/\n.lkx-price{font-size:14px;color:#6b7280}\n.lkx-price b{font-size:20px;color:#161616;font-weight:700}\n.lkx-price-sm b{font-size:15px}\n\n\/* CTA \u2014 tepl\u00e9 ak\u010dn\u00ed tla\u010d\u00edtko *\/\n.lkx-cta{display:inline-flex;align-items:center;justify-content:center;text-decoration:none!important;font-weight:700;color:#fff!important;background:linear-gradient(135deg,#f6743f,#e8552a);border-radius:10px;box-shadow:0 6px 16px rgba(232,85,42,.32);transition:box-shadow .2s}\n.lkx-cta-hero{font-size:15px;padding:13px 22px}\n.lkx-hero:hover .lkx-cta-hero{box-shadow:0 8px 22px rgba(232,85,42,.45)}\n.lkx-cta-sm{font-size:12.5px;padding:9px 14px;width:100%;margin-top:2px}\n.lkx-hero-bottom{margin-top:auto;padding-top:18px;display:flex;align-items:center;justify-content:space-between;gap:14px;flex-wrap:wrap}\n\n\/* BADGE \u2014 jeden v\u00fdrazn\u00fd na fotce *\/\n.lkx-badge{position:absolute;top:12px;right:12px;font-size:10.5px;font-weight:700;letter-spacing:.3px;padding:5px 10px;border-radius:16px;color:#fff}\n.lkx-badge.badge-urgency{background:rgba(214,40,40,.92)}\n.lkx-badge.badge-new{background:rgba(54,133,252,.92)}\n.lkx-badge.badge-top{background:rgba(195,159,118,.95)}\n.lkx-badge.badge-info{background:rgba(40,40,40,.78)}\n\n\/* SECONDARY GRID *\/\n.lkx-grid{display:grid;grid-template-columns:1fr 1fr;gap:14px}\n.lkx-card{background:#fff;border:1px solid #ece7df;border-radius:14px;overflow:hidden;text-decoration:none!important;color:inherit;box-shadow:0 4px 14px rgba(0,0,0,.05);display:flex;flex-direction:column;transition:box-shadow .2s,transform .2s}\n.lkx-card:hover{box-shadow:0 10px 24px rgba(0,0,0,.1);transform:translateY(-2px)}\n.lkx-card-img{position:relative;aspect-ratio:16\/10;background-size:cover;background-position:center;background-color:#eee}\n.lkx-card-body{padding:14px 16px 16px;display:flex;flex-direction:column;gap:7px;flex:1}\n.lkx-card-bottom{margin-top:auto;padding-top:10px;display:flex;align-items:center;justify-content:space-between;gap:8px}\n\n\/* DISCLOSURE \u2014 drobn\u00e1, kv\u016fli d\u016fv\u011b\u0159e\/z\u00e1konu *\/\n.lkx-disclosure{font-size:11px;color:#a7adb3;text-align:center;margin-top:14px;line-height:1.6}\n.lkx-disclosure a{color:#c39f76;text-decoration:none}\n\n@media(max-width:680px){\n  .lkx-hero{grid-template-columns:1fr}\n  .lkx-hero-img{min-height:180px}\n  .lkx-grid{grid-template-columns:1fr}\n  .lkx-head-meta{margin-left:0;width:100%}\n  .lkx-head-title{font-size:19px}\n}\n\n<\/style>\n<div class=\"lkx-module\" data-query=\"rio de janeiro\">\n  <div class=\"lkx-head\">\n    <div class=\"lkx-head-main\">\n      <span class=\"lkx-head-accent\"><\/span>\n      <span class=\"lkx-head-title\">Atrakcje i bilety<\/span>\n    <\/div>\n    <span class=\"lkx-head-meta\">oceniane przez podr\u00f3\u017cnych \u00b7 GetYourGuide<\/span>\n  <\/div><a class=\"lkx-hero\" href=\"https:\/\/www.getyourguide.com\/pl-pl\/rio-de-janeiro-l9\/rio-wodospady-i-jaskinie-lasu-deszczowego-tijuca-wedrowka-t546054\/?partner_id=MKZ64IS&amp;utm_medium=online_publisher&amp;cmp=rio-de-janeiro-co-zobaczyc\" target=\"_blank\" rel=\"sponsored noopener nofollow\">\n    <div class=\"lkx-hero-img\" style=\"background-image:url('https:\/\/cdn.getyourguide.com\/img\/tour\/73973d0cfd3d80410bd146084fac2337e68499c3788cb30905b7849ec285b1b6.jpg\/132.jpg')\" role=\"img\" aria-label=\"Las deszczowy Rio: w\u0119dr\u00f3wka do wodospad\u00f3w, dzikie zwierz\u0119ta i jaskinie\">\n      <span class=\"lkx-pick\">\u2605 Nasz wyb\u00f3r<\/span><\/div>\n    <div class=\"lkx-hero-body\">\n      <div class=\"lkx-title\">Las deszczowy Rio: w\u0119dr\u00f3wka do wodospad\u00f3w, dzikie zwierz\u0119ta i jaskinie<\/div>\n      <div class=\"lkx-proof\">\n      <span class=\"lkx-stars\">\u2605\u2605\u2605\u2605\u2605<\/span>\n      <b>4.8<\/b> \u00b7 3 448 opinii\n    <\/div>\n      <div class=\"lkx-hero-bottom\"><div class=\"lkx-price\">od <b>65\u00a0EUR<\/b><\/div><span class=\"lkx-cta lkx-cta-hero\">Chc\u0119 tego do\u015bwiadczy\u0107 \u2192<\/span>\n      <\/div>\n    <\/div>\n  <\/a><div class=\"lkx-grid\"><a class=\"lkx-card\" href=\"https:\/\/www.getyourguide.com\/pl-pl\/rio-de-janeiro-l9\/wycieczka-helikopterem-rio-de-janeiro-t511764\/?partner_id=MKZ64IS&amp;utm_medium=online_publisher&amp;cmp=rio-de-janeiro-co-zobaczyc\" target=\"_blank\" rel=\"sponsored noopener nofollow\">\n      <div class=\"lkx-card-img\" style=\"background-image:url('https:\/\/cdn.getyourguide.com\/img\/tour\/606937ebb049a8e3.jpeg\/132.jpg')\" role=\"img\" aria-label=\"Rio de Janeiro: lot helikopterem\"><\/div>\n      <div class=\"lkx-card-body\">\n        <div class=\"lkx-title lkx-title-sm\">Rio de Janeiro: lot helikopterem<\/div>\n        <div class=\"lkx-proof lkx-proof-sm\">\n      <span class=\"lkx-stars\">\u2605<\/span>\n      <b>4.6<\/b> \u00b7 779\n    <\/div>\n        <div class=\"lkx-card-bottom\"><span class=\"lkx-price lkx-price-sm\">od <b>189\u00a0EUR<\/b><\/span><span class=\"lkx-cta lkx-cta-sm\">Zobacz terminy \u2192<\/span>\n        <\/div>\n      <\/div>\n    <\/a><a class=\"lkx-card\" href=\"https:\/\/www.getyourguide.com\/pl-pl\/rio-de-janeiro-l9\/rio-de-janeiro-wspinaczka-na-pao-de-acucar-via-coringa-t1443442\/?partner_id=MKZ64IS&amp;utm_medium=online_publisher&amp;cmp=rio-de-janeiro-co-zobaczyc\" target=\"_blank\" rel=\"sponsored noopener nofollow\">\n      <div class=\"lkx-card-img\" style=\"background-image:url('https:\/\/cdn.getyourguide.com\/img\/tour\/31ae79c67043a21ea4797e651c99602b72a39d945d201674546a79d39b2f26c3.jpg\/132.jpg')\" role=\"img\" aria-label=\"Rio de Janeiro: Wspinaczka na P\u00e3o de A\u00e7\u00facar (Via Coringa)\"><\/div>\n      <div class=\"lkx-card-body\">\n        <div class=\"lkx-title lkx-title-sm\">Rio de Janeiro: Wspinaczka na P\u00e3o de A\u00e7\u00facar (Via Coringa)<\/div>\n        <div class=\"lkx-proof lkx-proof-sm\">\n      <span class=\"lkx-stars\">\u2605<\/span>\n      <b>0.0<\/b> \u00b7 0\n    <\/div>\n        <div class=\"lkx-card-bottom\"><span class=\"lkx-price lkx-price-sm\">od <b>86\u00a0EUR<\/b><\/span><span class=\"lkx-cta lkx-cta-sm\">Zobacz terminy \u2192<\/span>\n        <\/div>\n      <\/div>\n    <\/a><\/div><div class=\"lkx-disclosure\">\ud83d\udd17 Linki afiliacyjne \u2014 nie zmieniaj\u0105 ceny dla Ciebie, pomagaj\u0105 nam tworzy\u0107 tre\u015bci. \u00b7 <a href=\"https:\/\/www.getyourguide.com\/pl-pl\/s\/?q=rio+de+janeiro&amp;partner_id=MKZ64IS&amp;utm_medium=online_publisher\" target=\"_blank\" rel=\"sponsored noopener nofollow\">Wszystkie atrakcje \u2192<\/a><\/div>\n<\/div>\n<!-- LKM_GYG_CARD end -->\n\n\n\n\n<div class=\"lk-stays-module\">\n<style>\n\/* \u2500\u2500\u2500 RESET PRO GUTENBERG \u2500\u2500\u2500 *\/\n.lk-stays-module * { box-sizing: border-box; margin: 0; padding: 0; }\n\n\/* \u2500\u2500\u2500 WRAPPER \u2500\u2500\u2500 *\/\n.lk-stays-module {\n  font-family: 'DM Sans', Georgia, sans-serif;\n  max-width: 100%;\n  margin: 2.5rem auto;\n  background: linear-gradient(135deg, #fdfaf5 0%, #fcf8f0 100%);\n  border: 1px solid #e8dfd4;\n  border-radius: 16px;\n  overflow: hidden;\n  box-shadow: 0 16px 48px rgba(195, 159, 118, 0.25), 0 4px 12px rgba(0,0,0,0.08);\n}\n\n\/* \u2500\u2500\u2500 HEADER \u2500\u2500\u2500 *\/\n.lk-stays-header {\n  position: relative;\n  padding: 24px 36px 24px;\n  background: linear-gradient(135deg, #c39f76 0%, #d4b188 60%, #c39f76 100%);\n  border-bottom: 1px solid rgba(255,255,255,.15);\n  display: flex;\n  align-items: center;\n  gap: 18px;\n}\n.lk-stays-header::before {\n  content: '';\n  position: absolute;\n  inset: 0;\n  background: url(\"data:image\/svg+xml,%3Csvg width='60' height='60' viewBox='0 0 60 60' xmlns='http:\/\/www.w3.org\/2000\/svg'%3E%3Cg fill='none' fill-rule='evenodd'%3E%3Cg fill='%23ffffff' fill-opacity='0.05'%3E%3Cpath d='M36 34v-4h-2v4h-4v2h4v4h2v-4h4v-2h-4zm0-30V0h-2v4h-4v2h4v4h2V6h4V4h-4zM6 34v-4H4v4H0v2h4v4h2v-4h4v-2H6zM6 4V0H4v4H0v2h4v4h2V6h4V4H6z'\/%3E%3C\/g%3E%3C\/g%3E%3C\/svg%3E\") repeat;\n  pointer-events: none;\n}\n.lk-stays-icon {\n  flex-shrink: 0;\n  width: 68px;\n  height: 68px;\n  border-radius: 14px;\n  background: linear-gradient(135deg, #fff 0%, #f9f6f0 100%);\n  display: flex;\n  align-items: center;\n  justify-content: center;\n  font-size: 26px;\n  box-shadow: 0 4px 12px rgba(0,0,0,0.15);\n}\n.lk-stays-eyebrow {\n  font-size: 10px;\n  font-weight: 500;\n  letter-spacing: 2.5px;\n  text-transform: uppercase;\n  color: rgba(255,255,255,.85);\n  margin: 0 0 5px 0;\n}\n.lk-stays-title {\n  font-family: 'Playfair Display', Georgia, serif;\n  font-size: 24px;\n  font-weight: 700;\n  color: #fff;\n  line-height: 1.2;\n  text-shadow: 0 1px 2px rgba(0,0,0,0.1);\n  margin: 0;\n}\n.lk-stays-subtitle {\n  font-size: 13px;\n  color: rgba(255,255,255,.75);\n  margin: 4px 0 0 0;\n  font-weight: 300;\n}\n\n\/* \u2500\u2500\u2500 CARDS GRID \u2500\u2500\u2500 *\/\n.lk-stays-grid {\n  display: grid;\n  grid-template-columns: 1fr 1fr;\n  gap: 1px;\n  background: rgba(195, 159, 118, 0.12);\n}\n\n\/* \u2500\u2500\u2500 SINGLE CARD \u2500\u2500\u2500 *\/\n.lk-stay-card {\n  background: #ffffff;\n  padding: 26px;\n  display: flex;\n  flex-direction: column;\n  gap: 11px;\n  transition: all 0.3s ease;\n  text-decoration: none;\n  color: inherit;\n  position: relative;\n}\n.lk-stay-card:hover {\n  background: #fffbf5;\n  transform: translateY(-2px);\n  box-shadow: 0 8px 24px rgba(195, 159, 118, 0.18);\n  z-index: 1;\n}\n.lk-stay-card.featured {\n  background: linear-gradient(135deg, #fffdf9 0%, #fff9f0 100%);\n  box-shadow: 0 4px 16px rgba(195, 159, 118, 0.15), inset 0 1px 0 rgba(195, 159, 118, 0.1);\n}\n.lk-stay-card.featured:hover {\n  background: linear-gradient(135deg, #fffbf5 0%, #fff8ed 100%);\n  box-shadow: 0 8px 24px rgba(195, 159, 118, 0.25), inset 0 1px 0 rgba(195, 159, 118, 0.15);\n}\n\n.lk-stay-badge {\n  display: inline-flex;\n  align-items: center;\n  gap: 5px;\n  font-size: 10px;\n  font-weight: 500;\n  letter-spacing: 1.5px;\n  text-transform: uppercase;\n  padding: 5px 11px;\n  border-radius: 20px;\n  width: fit-content;\n}\n.badge-top     { background: linear-gradient(135deg, #c39f76 0%, #d4b188 100%); color: #fff; border: 1px solid #c39f76; font-weight: 600; box-shadow: 0 2px 8px rgba(195,159,118,0.3); }\n.badge-luxury  { background: rgba(195,159,118,.12); color: #c39f76; border: 1px solid rgba(195,159,118,.25); }\n.badge-boutique{ background: rgba(54,133,252,.08); color: #3685fc; border: 1px solid rgba(54,133,252,.2); }\n.badge-nature  { background: rgba(130,190,100,.1); color: #6b9c4a; border: 1px solid rgba(130,190,100,.2); }\n.badge-remote  { background: rgba(195,159,118,.12); color: #a67e50; border: 1px solid rgba(195,159,118,.25); }\n\n.lk-stay-name {\n  font-family: 'Playfair Display', Georgia, serif;\n  font-size: 18px;\n  font-weight: 700;\n  color: #111827;\n  line-height: 1.3;\n}\n.lk-stay-desc {\n  font-size: 13.5px;\n  color: #525252;\n  line-height: 1.65;\n  font-weight: 300;\n  flex: 1;\n}\n\n.lk-stay-meta {\n  display: flex;\n  align-items: center;\n  gap: 12px;\n  flex-wrap: wrap;\n  margin-top: 4px;\n}\n.lk-stay-price {\n  font-size: 13px;\n  color: #6b7280;\n}\n.lk-stay-price strong {\n  color: #c39f76;\n  font-weight: 500;\n}\n.lk-stay-stars {\n  color: #c39f76;\n  font-size: 11px;\n  letter-spacing: 1px;\n}\n\n\/* \u2500\u2500\u2500 CTA BUTTON \u2500\u2500\u2500 *\/\n.lk-stay-cta {\n  display: inline-flex;\n  align-items: center;\n  justify-content: center;\n  gap: 7px;\n  margin-top: 8px;\n  padding: 11px 20px;\n  border-radius: 8px;\n  background: linear-gradient(135deg, #3685fc 0%, #2a6fd9 100%);\n  color: #fff;\n  font-size: 13px;\n  font-weight: 500;\n  text-decoration: none;\n  letter-spacing: .3px;\n  transition: all .2s ease;\n  cursor: pointer;\n  border: none;\n  text-align: center;\n  box-shadow: 0 4px 12px rgba(54, 133, 252, 0.25);\n}\n.lk-stay-cta:hover {\n  background: linear-gradient(135deg, #2a6fd9 0%, #1e5bc4 100%);\n  transform: translateY(-1px);\n  box-shadow: 0 6px 16px rgba(54, 133, 252, 0.35);\n}\n.lk-stay-cta svg { flex-shrink: 0; }\n\n\/* \u2500\u2500\u2500 FOOTER \u2500\u2500\u2500 *\/\n.lk-stays-footer {\n  padding: 18px 36px;\n  background: linear-gradient(to bottom, #fdfaf5 0%, #f9f4ed 100%);\n  border-top: 1px solid rgba(195, 159, 118, 0.15);\n  display: flex;\n  align-items: center;\n  justify-content: space-between;\n  flex-wrap: wrap;\n  gap: 12px;\n}\n.lk-stays-footer-note {\n  font-size: 11.5px;\n  color: #6b7280;\n  font-weight: 300;\n  line-height: 1.5;\n}\n.lk-stays-footer-note a {\n  color: #c39f76;\n  text-decoration: none;\n  font-weight: 400;\n}\n.lk-stays-footer-note a:hover {\n  text-decoration: underline;\n}\n.lk-stays-all-btn {\n  display: inline-flex;\n  align-items: center;\n  gap: 6px;\n  font-size: 12.5px;\n  font-weight: 500;\n  color: #c39f76;\n  text-decoration: none;\n  border: 1px solid rgba(195, 159, 118, 0.35);\n  padding: 8px 18px;\n  border-radius: 8px;\n  transition: all .2s ease;\n}\n.lk-stays-all-btn:hover {\n  background: rgba(195, 159, 118, 0.08);\n  border-color: rgba(195, 159, 118, 0.5);\n}\n\n\/* \u2500\u2500\u2500 RESPONSIVE \u2500\u2500\u2500 *\/\n@media (max-width: 600px) {\n  .lk-stays-grid { grid-template-columns: 1fr; }\n  .lk-stays-header { padding: 24px 20px; }\n  .lk-stays-footer { padding: 16px 20px; }\n  .lk-stay-card { padding: 22px; }\n  .lk-stays-title { font-size: 20px; }\n}\n<\/style>\n\n  <!-- HEADER -->\n  <div class=\"lk-stays-header\">\n    <img decoding=\"async\" src=\"https:\/\/loudavymkrokem.cz\/wp-content\/uploads\/2026\/02\/lukas-a-lucka.jpg\" alt=\"\" style=\"width: 75px; height: 75px; border-radius: 8px; flex-shrink: 0; object-fit: cover; display: block; margin: 4px 0;\" title=\"\">\n    <div class=\"lk-stays-header-text\">\n      <div class=\"lk-stays-eyebrow\">Luk\u00e1\u0161 i Lucie polecaj\u0105<\/div>\n      <div class=\"lk-stays-title\">Gdzie si\u0119 zatrzyma\u0107 w Rio de Janeiro<\/div>\n      <div class=\"lk-stays-subtitle\">4 noclegi \u2014 hotele wellness, hotele i inne opcje zakwaterowania<\/div>\n    <\/div>\n  <\/div>\n\n  <!-- CARDS -->\n  <div class=\"lk-stays-grid\">\n\n    <a class=\"lk-stay-card featured\" href=\"https:\/\/www.stay22.com\/allez\/roam?aid=lukaskonecny&#038;campaign=loudavymkrokemcz&#038;campaign=pl&#038;campaign=covidetvriodejaneiru&#038;address=Rio+de+Janeiro&#038;hotelname=Arena+Ipanema+Hotel&#038;search=Arena+Ipanema+Hotel&#038;category=accommodation\" target=\"_blank\" rel=\"nofollow noopener\">\n      <span class=\"lk-stay-badge badge-top\">\u2b50 TOP WYB\u00d3R<\/span>\n      <span class=\"lk-stay-badge badge-nature\">\ud83c\udfd6\ufe0f Pla\u017ca<\/span>\n      <div class=\"lk-stay-name\">Arena Ipanema Hotel<\/div>\n      <div class=\"lk-stay-desc\">Doskona\u0142y wyb\u00f3r na pla\u017cy z zapieraj\u0105cym dech w piersiach basenem na dachu z widokiem na ocean, zaledwie kilka krok\u00f3w od s\u0142ynnego Posto 8.<\/div>\n      <div class=\"lk-stay-meta\">\n        <span class=\"lk-stay-stars\">\u2605\u2605\u2605\u2605<\/span>\n        <span class=\"lk-stay-price\">Sprawd\u017a ceny<\/span>\n      <\/div>\n      <span class=\"lk-stay-cta\">\n        <svg width=\"14\" height=\"14\" viewBox=\"0 0 24 24\" fill=\"none\" stroke=\"currentColor\" stroke-width=\"2\"><path d=\"M18 13v6a2 2 0 0 1-2 2H5a2 2 0 0 1-2-2V8a2 2 0 0 1 2-2h6\"\/><polyline points=\"15 3 21 3 21 9\"\/><line x1=\"10\" y1=\"14\" x2=\"21\" y2=\"3\"\/><\/svg>\n        Sprawd\u017a dost\u0119pno\u015b\u0107\n      <\/span>\n    <\/a>\n\n    <a class=\"lk-stay-card\" href=\"https:\/\/www.stay22.com\/allez\/roam?aid=lukaskonecny&#038;campaign=loudavymkrokemcz&#038;campaign=pl&#038;campaign=covidetvriodejaneiru&#038;address=Rio+de+Janeiro&#038;hotelname=Hotel+Fasano+Rio+de+Janeiro&#038;search=Hotel+Fasano+Rio+de+Janeiro&#038;category=accommodation\" target=\"_blank\" rel=\"nofollow noopener\">\n      <span class=\"lk-stay-badge badge-nature\">\u2b50 Luksus<\/span>\n      <div class=\"lk-stay-name\">Hotel Fasano Rio de Janeiro<\/div>\n      <div class=\"lk-stay-desc\">Kultowy luksusowy hotel, kt\u00f3rego design i lokalizacja nie maj\u0105 sobie r\u00f3wnych w mie\u015bcie.<\/div>\n      <div class=\"lk-stay-meta\">\n        <span class=\"lk-stay-stars\">\u2605\u2605\u2605\u2605<\/span>\n        <span class=\"lk-stay-price\">Sprawd\u017a ceny<\/span>\n      <\/div>\n      <span class=\"lk-stay-cta\">\n        <svg width=\"14\" height=\"14\" viewBox=\"0 0 24 24\" fill=\"none\" stroke=\"currentColor\" stroke-width=\"2\"><path d=\"M18 13v6a2 2 0 0 1-2 2H5a2 2 0 0 1-2-2V8a2 2 0 0 1 2-2h6\"\/><polyline points=\"15 3 21 3 21 9\"\/><line x1=\"10\" y1=\"14\" x2=\"21\" y2=\"3\"\/><\/svg>\n        Sprawd\u017a dost\u0119pno\u015b\u0107\n      <\/span>\n    <\/a>\n\n    <a class=\"lk-stay-card\" href=\"https:\/\/www.stay22.com\/allez\/roam?aid=lukaskonecny&#038;campaign=loudavymkrokemcz&#038;campaign=pl&#038;campaign=covidetvriodejaneiru&#038;address=Rio+de+Janeiro&#038;hotelname=Yoo2+Rio+de+Janeiro+by+Intercity&#038;search=Yoo2+Rio+de+Janeiro+by+Intercity&#038;category=accommodation\" target=\"_blank\" rel=\"nofollow noopener\">\n      <span class=\"lk-stay-badge badge-nature\">\ud83c\udfe8 Hotel<\/span>\n      <div class=\"lk-stay-name\">Yoo2 Rio de Janeiro by Intercity<\/div>\n      <div class=\"lk-stay-desc\">Stylowy hotel z fantastycznym widokiem na zatok\u0119 w Botafogo.<\/div>\n      <div class=\"lk-stay-meta\">\n        <span class=\"lk-stay-stars\">\u2605\u2605\u2605\u2605<\/span>\n        <span class=\"lk-stay-price\">Sprawd\u017a ceny<\/span>\n      <\/div>\n      <span class=\"lk-stay-cta\">\n        <svg width=\"14\" height=\"14\" viewBox=\"0 0 24 24\" fill=\"none\" stroke=\"currentColor\" stroke-width=\"2\"><path d=\"M18 13v6a2 2 0 0 1-2 2H5a2 2 0 0 1-2-2V8a2 2 0 0 1 2-2h6\"\/><polyline points=\"15 3 21 3 21 9\"\/><line x1=\"10\" y1=\"14\" x2=\"21\" y2=\"3\"\/><\/svg>\n        Sprawd\u017a dost\u0119pno\u015b\u0107\n      <\/span>\n    <\/a>\n\n    <a class=\"lk-stay-card\" href=\"https:\/\/www.stay22.com\/allez\/roam?aid=lukaskonecny&#038;campaign=loudavymkrokemcz&#038;campaign=pl&#038;campaign=covidetvriodejaneiru&#038;address=rio%20de%20janeiro\" target=\"_blank\" rel=\"nofollow noopener\">\n      <span class=\"lk-stay-badge badge-nature\">\ud83d\udd0d Szukaj<\/span>\n      <div class=\"lk-stay-name\">Zobacz wszystkie noclegi w Rio de Janeiro<\/div>\n      <div class=\"lk-stay-desc\">Poznaj wszystkie dost\u0119pne opcje zakwaterowania w Rio de Janeiro i znajd\u017a najlepsze wed\u0142ug swoich preferencji i bud\u017cetu.<\/div>\n      <div class=\"lk-stay-meta\">\n        <span class=\"lk-stay-stars\">\u2605\u2605\u2605\u2605<\/span>\n        <span class=\"lk-stay-price\">Por\u00f3wnaj ceny<\/span>\n      <\/div>\n      <span class=\"lk-stay-cta\">\n        <svg width=\"14\" height=\"14\" viewBox=\"0 0 24 24\" fill=\"none\" stroke=\"currentColor\" stroke-width=\"2\"><path d=\"M18 13v6a2 2 0 0 1-2 2H5a2 2 0 0 1-2-2V8a2 2 0 0 1 2-2h6\"\/><polyline points=\"15 3 21 3 21 9\"\/><line x1=\"10\" y1=\"14\" x2=\"21\" y2=\"3\"\/><\/svg>\n        Sprawd\u017a dost\u0119pno\u015b\u0107\n      <\/span>\n    <\/a>\n\n  <\/div>\n\n  \n<\/div>\n\n\n\n\n<h3 class=\"wp-block-heading\"><span class=\"ez-toc-section\" id=\"12_Punkt_widokowy_Mirante_Dona_Marta\"><\/span>12. Punkt widokowy Mirante Dona Marta<span class=\"ez-toc-section-end\"><\/span><\/h3>\n\n\n\n<p class=\"wp-block-paragraph\">Je\u015bli szukasz absolutnie najlepszego miejsca do fotografowania miasta bez t\u0142um\u00f3w innych turyst\u00f3w, w\u0142a\u015bnie je znalaz\u0142e\u015b. <strong>Mirante Dona Marta to ukryta platforma widokowa, z kt\u00f3rej zobaczysz pomnik Chrystusa i G\u0142ow\u0119 Cukru w jednym magicznym uj\u0119ciu<\/strong>, co czyni z niej niepisany skarb w\u015br\u00f3d miejscowych fotograf\u00f3w. Znajduje si\u0119 na wysoko\u015bci ponad trzystu sze\u015b\u0107dziesi\u0119ciu metr\u00f3w i oferuje tak zwany widok z lotu ptaka na ca\u0142\u0105 po\u0142udniow\u0105 stref\u0119 miasta.<\/p>\n\n\n\n<p class=\"wp-block-paragraph\">W przeciwie\u0144stwie do zat\u0142oczonego Corcovado panuje tu przepi\u0119kny spok\u00f3j \u2014 cz\u0119sto b\u0119dziesz sta\u0107 na ogromnej betonowej platformie zupe\u0142nie sam, tylko z ma\u0142pkami, kt\u00f3re ciekawie zerkaj\u0105 z okolicznych drzew, a na dodatek wst\u0119p jest darmowy. P\u0142acisz jedynie za transport na g\u00f3r\u0119 strom\u0105 i kr\u0119t\u0105 le\u015bn\u0105 drog\u0105.<\/p>\n\n\n\n<p class=\"wp-block-paragraph\">\ud83d\udca1 Wskaz\u00f3wka: <strong>Do punktu widokowego nie doje\u017cd\u017ca \u017caden regularny transport publiczny, dlatego zam\u00f3w niezawodnego Ubera<\/strong> i nie zapomnij um\u00f3wi\u0107 si\u0119 z kierowc\u0105, \u017ceby poczeka\u0142 na ciebie te dwadzie\u015bcia minut, bo inaczej mo\u017cesz mie\u0107 du\u017cy problem z powrotem do miasta. To tak\u017ce fantastyczne miejsce na obserwacj\u0119 wschodu s\u0142o\u0144ca, kiedy miasto dopiero budzi si\u0119 z nocnego snu.<\/p>\n\n\n\n<figure data-wp-context=\"{&quot;imageId&quot;:&quot;6a9c821a2025d&quot;}\" data-wp-interactive=\"core\/image\" data-wp-key=\"6a9c821a2025d\" class=\"wp-block-image size-full wp-lightbox-container\"><img decoding=\"async\" width=\"1600\" height=\"1200\" data-wp-class--hide=\"state.isContentHidden\" data-wp-class--show=\"state.isContentVisible\" data-wp-init=\"callbacks.setButtonStyles\" data-wp-on--click=\"actions.showLightbox\" data-wp-on--load=\"callbacks.setButtonStyles\" data-wp-on--pointerdown=\"actions.preloadImage\" data-wp-on--pointerenter=\"actions.preloadImageWithDelay\" data-wp-on--pointerleave=\"actions.cancelPreload\" data-wp-on-window--resize=\"callbacks.setButtonStyles\" src=\"https:\/\/loudavymkrokem.cz\/wp-content\/uploads\/2026\/09\/vista-chinesa.jpg\" alt=\"Chi\u0144ski pawilon Vista Chinesa\" class=\"wp-image-413213\" title=\"\" srcset=\"https:\/\/loudavymkrokem.cz\/wp-content\/uploads\/2026\/09\/vista-chinesa.jpg 1600w, https:\/\/loudavymkrokem.cz\/wp-content\/uploads\/2026\/09\/vista-chinesa-300x225.jpg 300w, https:\/\/loudavymkrokem.cz\/wp-content\/uploads\/2026\/09\/vista-chinesa-700x525.jpg 700w, https:\/\/loudavymkrokem.cz\/wp-content\/uploads\/2026\/09\/vista-chinesa-768x576.jpg 768w, https:\/\/loudavymkrokem.cz\/wp-content\/uploads\/2026\/09\/vista-chinesa-1536x1152.jpg 1536w, https:\/\/loudavymkrokem.cz\/wp-content\/uploads\/2026\/09\/vista-chinesa-80x60.jpg 80w, https:\/\/loudavymkrokem.cz\/wp-content\/uploads\/2026\/09\/vista-chinesa-160x120.jpg 160w, https:\/\/loudavymkrokem.cz\/wp-content\/uploads\/2026\/09\/vista-chinesa-696x522.jpg 696w, https:\/\/loudavymkrokem.cz\/wp-content\/uploads\/2026\/09\/vista-chinesa-1392x1044.jpg 1392w\" sizes=\"(max-width: 1600px) 100vw, 1600px\" \/><button\n\t\t\tclass=\"lightbox-trigger\"\n\t\t\ttype=\"button\"\n\t\t\taria-haspopup=\"dialog\"\n\t\t\tdata-wp-bind--aria-label=\"state.thisImage.triggerButtonAriaLabel\"\n\t\t\tdata-wp-init=\"callbacks.initTriggerButton\"\n\t\t\tdata-wp-on--click=\"actions.showLightbox\"\n\t\t\tdata-wp-style--right=\"state.thisImage.buttonRight\"\n\t\t\tdata-wp-style--top=\"state.thisImage.buttonTop\"\n\t\t>\n\t\t\t<svg xmlns=\"http:\/\/www.w3.org\/2000\/svg\" width=\"12\" height=\"12\" fill=\"none\" viewBox=\"0 0 12 12\">\n\t\t\t\t<path fill=\"#fff\" d=\"M2 0a2 2 0 0 0-2 2v2h1.5V2a.5.5 0 0 1 .5-.5h2V0H2Zm2 10.5H2a.5.5 0 0 1-.5-.5V8H0v2a2 2 0 0 0 2 2h2v-1.5ZM8 12v-1.5h2a.5.5 0 0 0 .5-.5V8H12v2a2 2 0 0 1-2 2H8Zm2-12a2 2 0 0 1 2 2v2h-1.5V2a.5.5 0 0 0-.5-.5H8V0h2Z\" \/>\n\t\t\t<\/svg>\n\t\t<\/button><figcaption class=\"wp-element-caption\">Foto: Ivo Barra \/ Google Maps<\/figcaption><\/figure>\n\n\n\n<h3 class=\"wp-block-heading\"><span class=\"ez-toc-section\" id=\"13_Chinski_pawilon_Vista_Chinesa\"><\/span>13. Chi\u0144ski pawilon Vista Chinesa<span class=\"ez-toc-section-end\"><\/span><\/h3>\n\n\n\n<p class=\"wp-block-paragraph\">G\u0142\u0119boko w lasach parku narodowego Tijuca natrafisz na budowl\u0119, kt\u00f3rej w po\u0142udniowoameryka\u0144skiej d\u017cungli zdecydowanie by\u015b si\u0119 nie spodziewa\u0142. <strong>Vista Chinesa to przepi\u0119kny orientalny pawilon z 1903 roku, wzniesiony na cze\u015b\u0107 chi\u0144skich imigrant\u00f3w<\/strong>, kt\u00f3rzy w dziewi\u0119tnastym wieku przynie\u015bli do Brazylii upraw\u0119 herbaty. Elegancka budowla z dachem w kszta\u0142cie pagody wznosi si\u0119 na wysoko\u015bci 380 metr\u00f3w i tworzy niewiarygodnie fotogeniczny kontrast z otaczaj\u0105c\u0105 dzik\u0105 przyrod\u0105.<\/p>\n\n\n\n<p class=\"wp-block-paragraph\">Widok z tego miejsca cz\u0119sto okre\u015blany jest jako jeden z najbardziej romantycznych w ca\u0142ym mie\u015bcie, poniewa\u017c doskonale kadruje zatok\u0119, g\u00f3ry i pla\u017ce. <strong>Przy bezchmurnej pogodzie zobaczysz z pawilonu ca\u0142\u0105 Ipanem\u0119, jezioro Rodrigo de Freitas oraz odleg\u0142e szczyty na horyzoncie<\/strong>, a to wszystko wkomponowane w bujne palmowe li\u015bcie i ogromne paprocie. Miejsce jest bardzo popularne w\u015br\u00f3d lokalnych rowerzyst\u00f3w, dla kt\u00f3rych ostre podej\u015bcie do pawilonu stanowi najwi\u0119ksze sportowe wyzwanie.<\/p>\n\n\n\n<p class=\"wp-block-paragraph\">\ud83d\udca1 Wskaz\u00f3wka: <strong>Po\u0142\u0105cz wizyt\u0119 w pawilonie z pobliskim wodospadem Cachoeira dos Macacos<\/strong>, do kt\u00f3rego dojdziesz kr\u00f3tkim spacerem le\u015bn\u0105 \u015bcie\u017ck\u0105. Zn\u00f3w obowi\u0105zuje zasada ostro\u017cno\u015bci przy transporcie \u2014 droga jest w\u0105ska i stroma, dlatego wybierz si\u0119 tu wy\u0142\u0105cznie samochodem lub z zorganizowan\u0105 wycieczk\u0105, a nie pieszo z do\u0142u.<\/p>\n\n\n\n<figure data-wp-context=\"{&quot;imageId&quot;:&quot;6a9c821a20722&quot;}\" data-wp-interactive=\"core\/image\" data-wp-key=\"6a9c821a20722\" class=\"wp-block-image size-full wp-lightbox-container\"><img decoding=\"async\" width=\"1600\" height=\"2133\" data-wp-class--hide=\"state.isContentHidden\" data-wp-class--show=\"state.isContentVisible\" data-wp-init=\"callbacks.setButtonStyles\" data-wp-on--click=\"actions.showLightbox\" data-wp-on--load=\"callbacks.setButtonStyles\" data-wp-on--pointerdown=\"actions.preloadImage\" data-wp-on--pointerenter=\"actions.preloadImageWithDelay\" data-wp-on--pointerleave=\"actions.cancelPreload\" data-wp-on-window--resize=\"callbacks.setButtonStyles\" src=\"https:\/\/loudavymkrokem.cz\/wp-content\/uploads\/2026\/09\/zahrady.jpg\" alt=\"Ogrody i willa Parque Lage\" class=\"wp-image-413218\" title=\"\" srcset=\"https:\/\/loudavymkrokem.cz\/wp-content\/uploads\/2026\/09\/zahrady.jpg 1600w, https:\/\/loudavymkrokem.cz\/wp-content\/uploads\/2026\/09\/zahrady-225x300.jpg 225w, https:\/\/loudavymkrokem.cz\/wp-content\/uploads\/2026\/09\/zahrady-700x933.jpg 700w, https:\/\/loudavymkrokem.cz\/wp-content\/uploads\/2026\/09\/zahrady-768x1024.jpg 768w, https:\/\/loudavymkrokem.cz\/wp-content\/uploads\/2026\/09\/zahrady-1152x1536.jpg 1152w, https:\/\/loudavymkrokem.cz\/wp-content\/uploads\/2026\/09\/zahrady-1536x2048.jpg 1536w, https:\/\/loudavymkrokem.cz\/wp-content\/uploads\/2026\/09\/zahrady-696x928.jpg 696w, https:\/\/loudavymkrokem.cz\/wp-content\/uploads\/2026\/09\/zahrady-1392x1856.jpg 1392w\" sizes=\"(max-width: 1600px) 100vw, 1600px\" \/><button\n\t\t\tclass=\"lightbox-trigger\"\n\t\t\ttype=\"button\"\n\t\t\taria-haspopup=\"dialog\"\n\t\t\tdata-wp-bind--aria-label=\"state.thisImage.triggerButtonAriaLabel\"\n\t\t\tdata-wp-init=\"callbacks.initTriggerButton\"\n\t\t\tdata-wp-on--click=\"actions.showLightbox\"\n\t\t\tdata-wp-style--right=\"state.thisImage.buttonRight\"\n\t\t\tdata-wp-style--top=\"state.thisImage.buttonTop\"\n\t\t>\n\t\t\t<svg xmlns=\"http:\/\/www.w3.org\/2000\/svg\" width=\"12\" height=\"12\" fill=\"none\" viewBox=\"0 0 12 12\">\n\t\t\t\t<path fill=\"#fff\" d=\"M2 0a2 2 0 0 0-2 2v2h1.5V2a.5.5 0 0 1 .5-.5h2V0H2Zm2 10.5H2a.5.5 0 0 1-.5-.5V8H0v2a2 2 0 0 0 2 2h2v-1.5ZM8 12v-1.5h2a.5.5 0 0 0 .5-.5V8H12v2a2 2 0 0 1-2 2H8Zm2-12a2 2 0 0 1 2 2v2h-1.5V2a.5.5 0 0 0-.5-.5H8V0h2Z\" \/>\n\t\t\t<\/svg>\n\t\t<\/button><figcaption class=\"wp-element-caption\">Foto: Emerson Zanoti \/ Google Maps<\/figcaption><\/figure>\n\n\n\n<h3 class=\"wp-block-heading\"><span class=\"ez-toc-section\" id=\"14_Ogrody_i_willa_Parque_Lage\"><\/span>14. Ogrody i willa Parque Lage<span class=\"ez-toc-section-end\"><\/span><\/h3>\n\n\n\n<p class=\"wp-block-paragraph\">U podn\u00f3\u017ca g\u00f3ry Corcovado le\u017cy jeden z najpi\u0119kniejszych park\u00f3w publicznych, kt\u00f3ry skrywa w sobie ogromn\u0105 dawk\u0119 europejskiej elegancji. <strong>Parque Lage tworz\u0105 przepi\u0119kne subtropikalne ogrody otaczaj\u0105ce zapieraj\u0105c\u0105 dech will\u0119 w stylu rzymskiego pa\u0142acu<\/strong>, kt\u00f3ra dzi\u015b s\u0142u\u017cy jako <a href=\"http:\/\/eavparquelage.rj.gov.br\/\" rel=\"nofollow noopener\" target=\"_blank\">presti\u017cowa szko\u0142a sztuk wizualnych<\/a>. Dominant\u0105 ca\u0142ego dziedzi\u0144ca jest p\u0142ytki basen, w kt\u00f3rym przy odpowiednim k\u0105cie odbija si\u0119 wysoko po\u0142o\u017cony pomnik Chrystusa Odkupiciela.<\/p>\n\n\n\n<p class=\"wp-block-paragraph\">Park ma powierzchni\u0119 ponad pi\u0119\u0107dziesi\u0119ciu hektar\u00f3w i oferuje doskona\u0142\u0105 ucieczk\u0119 w cie\u0144 prastarych drzew, sztucznych grot i romantycznych wie\u017cyczek ukrytych w zieleni. <strong>Dla mi\u0142o\u015bnik\u00f3w pieszej turystyki to miejsce kluczowe, bo w\u0142a\u015bnie zza willi zaczyna si\u0119 stroma le\u015bna \u015bcie\u017cka na szczyt Corcovado<\/strong>, kt\u00f3r\u0105 wykorzystuj\u0105 wprawni podr\u00f3\u017cnicy jako bezp\u0142atn\u0105 alternatyw\u0119 dla kolejki z\u0119batej. Atmosfera miejsca jest niewiarygodnie wyluzowana, studenci sztuki maluj\u0105 tu swoje obrazy, a rodziny urz\u0105dzaj\u0105 weekendowe pikniki na trawie.<\/p>\n\n\n\n<p class=\"wp-block-paragraph\">\ud83d\udca1 Wskaz\u00f3wka: <strong>Wewn\u0105trz samej historycznej willi dzia\u0142a urocza kawiarnia Plage Cafe<\/strong>, gdzie mo\u017cesz delektowa\u0107 si\u0119 wy\u015bmienitym \u015bniadaniem pe\u0142nym \u015bwie\u017cych tropikalnych owoc\u00f3w i serowych specja\u0142\u00f3w tu\u017c przy ikonicznym basenie. Radz\u0119 przyj\u015b\u0107 od razu na otwarcie \u2014 w ci\u0105gu dnia na stolik czeka si\u0119 naprawd\u0119 d\u0142ugo.<\/p>\n\n\n\n<figure data-wp-context=\"{&quot;imageId&quot;:&quot;6a9c821a20c65&quot;}\" data-wp-interactive=\"core\/image\" data-wp-key=\"6a9c821a20c65\" class=\"wp-block-image size-full wp-lightbox-container\"><img decoding=\"async\" width=\"1600\" height=\"900\" data-wp-class--hide=\"state.isContentHidden\" data-wp-class--show=\"state.isContentVisible\" data-wp-init=\"callbacks.setButtonStyles\" data-wp-on--click=\"actions.showLightbox\" data-wp-on--load=\"callbacks.setButtonStyles\" data-wp-on--pointerdown=\"actions.preloadImage\" data-wp-on--pointerenter=\"actions.preloadImageWithDelay\" data-wp-on--pointerleave=\"actions.cancelPreload\" data-wp-on-window--resize=\"callbacks.setButtonStyles\" src=\"https:\/\/loudavymkrokem.cz\/wp-content\/uploads\/2026\/09\/swap-412735-15.jpg\" alt=\"Muzeum Jutra w Rio de Janeiro\" class=\"wp-image-413416\" title=\"\" srcset=\"https:\/\/loudavymkrokem.cz\/wp-content\/uploads\/2026\/09\/swap-412735-15.jpg 1600w, https:\/\/loudavymkrokem.cz\/wp-content\/uploads\/2026\/09\/swap-412735-15-300x169.jpg 300w, https:\/\/loudavymkrokem.cz\/wp-content\/uploads\/2026\/09\/swap-412735-15-700x394.jpg 700w, https:\/\/loudavymkrokem.cz\/wp-content\/uploads\/2026\/09\/swap-412735-15-768x432.jpg 768w, https:\/\/loudavymkrokem.cz\/wp-content\/uploads\/2026\/09\/swap-412735-15-1536x864.jpg 1536w, https:\/\/loudavymkrokem.cz\/wp-content\/uploads\/2026\/09\/swap-412735-15-696x392.jpg 696w, https:\/\/loudavymkrokem.cz\/wp-content\/uploads\/2026\/09\/swap-412735-15-1392x783.jpg 1392w\" sizes=\"(max-width: 1600px) 100vw, 1600px\" \/><button\n\t\t\tclass=\"lightbox-trigger\"\n\t\t\ttype=\"button\"\n\t\t\taria-haspopup=\"dialog\"\n\t\t\tdata-wp-bind--aria-label=\"state.thisImage.triggerButtonAriaLabel\"\n\t\t\tdata-wp-init=\"callbacks.initTriggerButton\"\n\t\t\tdata-wp-on--click=\"actions.showLightbox\"\n\t\t\tdata-wp-style--right=\"state.thisImage.buttonRight\"\n\t\t\tdata-wp-style--top=\"state.thisImage.buttonTop\"\n\t\t>\n\t\t\t<svg xmlns=\"http:\/\/www.w3.org\/2000\/svg\" width=\"12\" height=\"12\" fill=\"none\" viewBox=\"0 0 12 12\">\n\t\t\t\t<path fill=\"#fff\" d=\"M2 0a2 2 0 0 0-2 2v2h1.5V2a.5.5 0 0 1 .5-.5h2V0H2Zm2 10.5H2a.5.5 0 0 1-.5-.5V8H0v2a2 2 0 0 0 2 2h2v-1.5ZM8 12v-1.5h2a.5.5 0 0 0 .5-.5V8H12v2a2 2 0 0 1-2 2H8Zm2-12a2 2 0 0 1 2 2v2h-1.5V2a.5.5 0 0 0-.5-.5H8V0h2Z\" \/>\n\t\t\t<\/svg>\n\t\t<\/button><figcaption class=\"wp-element-caption\">Foto: Fadul \/ Google Maps<\/figcaption><\/figure>\n\n\n\n<h3 class=\"wp-block-heading\"><span class=\"ez-toc-section\" id=\"15_Muzeum_Jutra_Museu_do_Amanha\"><\/span>15. Muzeum Jutra (Museu do Amanh\u00e3)<span class=\"ez-toc-section-end\"><\/span><\/h3>\n\n\n\n<p class=\"wp-block-paragraph\">W zrewitalizowanej dzielnicy portowej Porto Maravilha wyros\u0142a budowla, kt\u00f3ra natychmiast przesun\u0119\u0142a architektur\u0119 miasta w dwudziesty pierwszy wiek. <strong><a href=\"https:\/\/museudoamanha.org.br\/\" rel=\"nofollow noopener\" target=\"_blank\">Museu do Amanh\u00e3<\/a> to fascynuj\u0105ce muzeum nauk stosowanych po\u015bwi\u0119cone przysz\u0142o\u015bci ludzko\u015bci<\/strong>, kt\u00f3rego futurystyczny budynek zaprojektowa\u0142 s\u0142ynny hiszpa\u0144ski architekt Santiago Calatrava. Bia\u0142a konstrukcja przypominaj\u0105ca gigantyczny szkielet prehistorycznego ptaka albo statek kosmiczny dramatycznie wystaje ponad tafl\u0119 wody i sama w sobie warta jest d\u0142ugiej wizyty.<\/p>\n\n\n\n<p class=\"wp-block-paragraph\">Wewn\u0105trz nie spodziewaj si\u0119 \u017cadnych zakurzonych historycznych artefakt\u00f3w, ale interaktywnych ekspozycji pe\u0142nych ogromnych ekran\u00f3w, wizualizacji danych i pobudzaj\u0105cych do my\u015blenia pyta\u0144. <strong>Ekspozycja zmusi ci\u0119 do refleksji nad zmianami klimatu, wzrostem populacji i zr\u00f3wnowa\u017conym rozwojem naszej planety<\/strong>, co w kontek\u015bcie ogromnej i bogatej przyrodniczo Brazylii ma ogromny sens. Muzeum pokazuje, \u017ce Rio to nie tylko miasto pla\u017c i karnawa\u0142u, ale te\u017c nowoczesne centrum nauki i innowacji.<\/p>\n\n\n\n<p class=\"wp-block-paragraph\">\ud83d\udca1 Wskaz\u00f3wka: <strong>Bilety do muzeum cz\u0119sto trzeba rezerwowa\u0107 online ze sporym wyprzedzeniem<\/strong>, bo dzienny limit szybko si\u0119 wyczerpuje, zw\u0142aszcza w weekendy. Wok\u00f3\u0142 muzeum ci\u0105gnie si\u0119 szeroka i bezpieczna promenada Orla Conde, po kt\u00f3rej mo\u017cesz pi\u0119knie przej\u015b\u0107 si\u0119 wzd\u0142u\u017c morza i podziwia\u0107 ogromne murale graffiti autorstwa lokalnych artyst\u00f3w.<\/p>\n\n\n\n<figure data-wp-context=\"{&quot;imageId&quot;:&quot;6a9c821a211bb&quot;}\" data-wp-interactive=\"core\/image\" data-wp-key=\"6a9c821a211bb\" class=\"wp-block-image size-full wp-lightbox-container\"><img decoding=\"async\" width=\"1600\" height=\"1200\" data-wp-class--hide=\"state.isContentHidden\" data-wp-class--show=\"state.isContentVisible\" data-wp-init=\"callbacks.setButtonStyles\" data-wp-on--click=\"actions.showLightbox\" data-wp-on--load=\"callbacks.setButtonStyles\" data-wp-on--pointerdown=\"actions.preloadImage\" data-wp-on--pointerenter=\"actions.preloadImageWithDelay\" data-wp-on--pointerleave=\"actions.cancelPreload\" data-wp-on-window--resize=\"callbacks.setButtonStyles\" src=\"https:\/\/loudavymkrokem.cz\/wp-content\/uploads\/2026\/09\/swap-412735-16-f6e8010d.jpg\" alt=\"Muzeum sztuki MAR w Rio de Janeiro\" class=\"wp-image-413444\" title=\"\" srcset=\"https:\/\/loudavymkrokem.cz\/wp-content\/uploads\/2026\/09\/swap-412735-16-f6e8010d.jpg 1600w, https:\/\/loudavymkrokem.cz\/wp-content\/uploads\/2026\/09\/swap-412735-16-f6e8010d-300x225.jpg 300w, https:\/\/loudavymkrokem.cz\/wp-content\/uploads\/2026\/09\/swap-412735-16-f6e8010d-700x525.jpg 700w, https:\/\/loudavymkrokem.cz\/wp-content\/uploads\/2026\/09\/swap-412735-16-f6e8010d-768x576.jpg 768w, https:\/\/loudavymkrokem.cz\/wp-content\/uploads\/2026\/09\/swap-412735-16-f6e8010d-1536x1152.jpg 1536w, https:\/\/loudavymkrokem.cz\/wp-content\/uploads\/2026\/09\/swap-412735-16-f6e8010d-80x60.jpg 80w, https:\/\/loudavymkrokem.cz\/wp-content\/uploads\/2026\/09\/swap-412735-16-f6e8010d-160x120.jpg 160w, https:\/\/loudavymkrokem.cz\/wp-content\/uploads\/2026\/09\/swap-412735-16-f6e8010d-696x522.jpg 696w, https:\/\/loudavymkrokem.cz\/wp-content\/uploads\/2026\/09\/swap-412735-16-f6e8010d-1392x1044.jpg 1392w\" sizes=\"(max-width: 1600px) 100vw, 1600px\" \/><button\n\t\t\tclass=\"lightbox-trigger\"\n\t\t\ttype=\"button\"\n\t\t\taria-haspopup=\"dialog\"\n\t\t\tdata-wp-bind--aria-label=\"state.thisImage.triggerButtonAriaLabel\"\n\t\t\tdata-wp-init=\"callbacks.initTriggerButton\"\n\t\t\tdata-wp-on--click=\"actions.showLightbox\"\n\t\t\tdata-wp-style--right=\"state.thisImage.buttonRight\"\n\t\t\tdata-wp-style--top=\"state.thisImage.buttonTop\"\n\t\t>\n\t\t\t<svg xmlns=\"http:\/\/www.w3.org\/2000\/svg\" width=\"12\" height=\"12\" fill=\"none\" viewBox=\"0 0 12 12\">\n\t\t\t\t<path fill=\"#fff\" d=\"M2 0a2 2 0 0 0-2 2v2h1.5V2a.5.5 0 0 1 .5-.5h2V0H2Zm2 10.5H2a.5.5 0 0 1-.5-.5V8H0v2a2 2 0 0 0 2 2h2v-1.5ZM8 12v-1.5h2a.5.5 0 0 0 .5-.5V8H12v2a2 2 0 0 1-2 2H8Zm2-12a2 2 0 0 1 2 2v2h-1.5V2a.5.5 0 0 0-.5-.5H8V0h2Z\" \/>\n\t\t\t<\/svg>\n\t\t<\/button><figcaption class=\"wp-element-caption\">Foto: Leila Mota \/ Google Maps<\/figcaption><\/figure>\n\n\n\n<h3 class=\"wp-block-heading\"><span class=\"ez-toc-section\" id=\"16_Muzeum_sztuki_MAR_Rio_Museum_of_Art\"><\/span>16. Muzeum sztuki MAR (Rio Museum of Art)<span class=\"ez-toc-section-end\"><\/span><\/h3>\n\n\n\n<p class=\"wp-block-paragraph\"><strong>Muzeum sztuki MAR (Rio Museum of Art) znajduje si\u0119 w unikatowym kompleksie architektonicznym<\/strong>, kt\u00f3ry odwa\u017cnie po\u0142\u0105czy\u0142 stary klasycystyczny pa\u0142ac z nowoczesnym przeszklonym budynkiem za pomoc\u0105 falistego betonowego dachu. Ten wizualny kontrast doskonale oddaje sam\u0105 istot\u0119 brazylijskiej metropolii, gdzie stare nieustannie spotyka si\u0119 z nowym.<\/p>\n\n\n\n<p class=\"wp-block-paragraph\">Muzeum skupia si\u0119 przede wszystkim na sztuce brazylijskiej, lokalnej kulturze i z\u0142o\u017conej historii samego miasta, w tym historii i \u017cyciu w fawelach. <strong>Z najwy\u017cszego pi\u0119tra pod falistym dachem roztacza si\u0119 fantastyczny widok na ca\u0142y plac Pra\u00e7a Mau\u00e1 oraz s\u0105siednie Museu do Amanh\u00e3<\/strong>, co daje \u015bwietn\u0105 okazj\u0119 do uchwycenia nowoczesnego oblicza Rio z lotu ptaka. Ekspozycje s\u0105 bardzo r\u00f3\u017cnorodne, od klasycznego malarstwa przez fotografi\u0119 po nowoczesne instalacje m\u0142odych tw\u00f3rc\u00f3w.<\/p>\n\n\n\n<p class=\"wp-block-paragraph\">\ud83d\udca1 Wskaz\u00f3wka: <strong>Je\u015bli lubisz sztuk\u0119, zarezerwuj na wizyt\u0119 w obu muzeach na placu Pra\u00e7a Mau\u00e1 ca\u0142y p\u00f3\u0142 dnia<\/strong>, bo \u015bwietnie si\u0119 uzupe\u0142niaj\u0105. Lokalne restauracje w okolicy portu oferuj\u0105 na dodatek \u015bwietne bezmi\u0119sne warianty brazylijskich da\u0144, jak na przyk\u0142ad pastel de queijo, czyli chrupi\u0105cy sma\u017cony piero\u017cek nadziewany roztopionym serem.<\/p>\n\n\n\n<figure data-wp-context=\"{&quot;imageId&quot;:&quot;6a9c821a21a8e&quot;}\" data-wp-interactive=\"core\/image\" data-wp-key=\"6a9c821a21a8e\" class=\"wp-block-image size-full wp-lightbox-container\"><img decoding=\"async\" width=\"1600\" height=\"1067\" data-wp-class--hide=\"state.isContentHidden\" data-wp-class--show=\"state.isContentVisible\" data-wp-init=\"callbacks.setButtonStyles\" data-wp-on--click=\"actions.showLightbox\" data-wp-on--load=\"callbacks.setButtonStyles\" data-wp-on--pointerdown=\"actions.preloadImage\" data-wp-on--pointerenter=\"actions.preloadImageWithDelay\" data-wp-on--pointerleave=\"actions.cancelPreload\" data-wp-on-window--resize=\"callbacks.setButtonStyles\" src=\"https:\/\/loudavymkrokem.cz\/wp-content\/uploads\/2026\/09\/centro-cultural-banco-do-brasil.jpg\" alt=\"Centro Cultural Banco do Brasil (CCBB)\" class=\"wp-image-413229\" title=\"\" srcset=\"https:\/\/loudavymkrokem.cz\/wp-content\/uploads\/2026\/09\/centro-cultural-banco-do-brasil.jpg 1600w, https:\/\/loudavymkrokem.cz\/wp-content\/uploads\/2026\/09\/centro-cultural-banco-do-brasil-300x200.jpg 300w, https:\/\/loudavymkrokem.cz\/wp-content\/uploads\/2026\/09\/centro-cultural-banco-do-brasil-700x467.jpg 700w, https:\/\/loudavymkrokem.cz\/wp-content\/uploads\/2026\/09\/centro-cultural-banco-do-brasil-768x512.jpg 768w, https:\/\/loudavymkrokem.cz\/wp-content\/uploads\/2026\/09\/centro-cultural-banco-do-brasil-1536x1024.jpg 1536w, https:\/\/loudavymkrokem.cz\/wp-content\/uploads\/2026\/09\/centro-cultural-banco-do-brasil-696x464.jpg 696w, https:\/\/loudavymkrokem.cz\/wp-content\/uploads\/2026\/09\/centro-cultural-banco-do-brasil-1392x928.jpg 1392w\" sizes=\"(max-width: 1600px) 100vw, 1600px\" \/><button\n\t\t\tclass=\"lightbox-trigger\"\n\t\t\ttype=\"button\"\n\t\t\taria-haspopup=\"dialog\"\n\t\t\tdata-wp-bind--aria-label=\"state.thisImage.triggerButtonAriaLabel\"\n\t\t\tdata-wp-init=\"callbacks.initTriggerButton\"\n\t\t\tdata-wp-on--click=\"actions.showLightbox\"\n\t\t\tdata-wp-style--right=\"state.thisImage.buttonRight\"\n\t\t\tdata-wp-style--top=\"state.thisImage.buttonTop\"\n\t\t>\n\t\t\t<svg xmlns=\"http:\/\/www.w3.org\/2000\/svg\" width=\"12\" height=\"12\" fill=\"none\" viewBox=\"0 0 12 12\">\n\t\t\t\t<path fill=\"#fff\" d=\"M2 0a2 2 0 0 0-2 2v2h1.5V2a.5.5 0 0 1 .5-.5h2V0H2Zm2 10.5H2a.5.5 0 0 1-.5-.5V8H0v2a2 2 0 0 0 2 2h2v-1.5ZM8 12v-1.5h2a.5.5 0 0 0 .5-.5V8H12v2a2 2 0 0 1-2 2H8Zm2-12a2 2 0 0 1 2 2v2h-1.5V2a.5.5 0 0 0-.5-.5H8V0h2Z\" \/>\n\t\t\t<\/svg>\n\t\t<\/button><figcaption class=\"wp-element-caption\">Foto: Centro Cultural Banco do Brasil (CCBB) \/ Google Maps<\/figcaption><\/figure>\n\n\n\n<h3 class=\"wp-block-heading\"><span class=\"ez-toc-section\" id=\"17_Centro_Cultural_Banco_do_Brasil_CCBB\"><\/span>17. Centro Cultural Banco do Brasil (CCBB)<span class=\"ez-toc-section-end\"><\/span><\/h3>\n\n\n\n<p class=\"wp-block-paragraph\">W t\u0119tni\u0105cym \u017cyciem handlowym sercu miasta znajduje si\u0119 jedno z najcz\u0119\u015bciej odwiedzanych i najlepiej ocenianych centr\u00f3w kultury na \u015bwiecie. <strong>Centro Cultural Banco do Brasil mie\u015bci si\u0119 w zapieraj\u0105cym dech neoklasycystycznym budynku z 1906 roku<\/strong>, kt\u00f3ry dawniej s\u0142u\u017cy\u0142 jako g\u0142\u00f3wna siedziba pot\u0119\u017cnego banku, a dzi\u015b go\u015bci najbardziej presti\u017cowe mi\u0119dzynarodowe wystawy. Ju\u017c samo wej\u015bcie do ogromnej sali z przeszklon\u0105 kopu\u0142\u0105 i zdobionymi marmurowymi schodami to osza\u0142amiaj\u0105ce prze\u017cycie, kt\u00f3re przeniesie ci\u0119 do czas\u00f3w najwi\u0119kszego bogactwa.<\/p>\n\n\n\n<p class=\"wp-block-paragraph\">Poza rozleg\u0142ymi galeriami sztuki ten ogromny kompleks oferuje te\u017c w\u0142asne kino, sale teatralne i kilka pi\u0119ter nieustannie zmieniaj\u0105cych si\u0119 ekspozycji. <strong>Najlepsze w ca\u0142ym centrum jest to, \u017ce wst\u0119p na zdecydowan\u0105 wi\u0119kszo\u015b\u0107 wystaw oraz do samego budynku jest zupe\u0142nie darmowy<\/strong>, co czyni z niego niewiarygodnie dost\u0119pne miejsce dla wszystkich mi\u0142o\u015bnik\u00f3w kultury. Program jest zawsze starannie u\u0142o\u017cony i cz\u0119sto znajdziesz tu fascynuj\u0105ce retrospektywy s\u0142ynnych \u015bwiatowych i brazylijskich artyst\u00f3w.<\/p>\n\n\n\n<p class=\"wp-block-paragraph\">\ud83d\udca1 Wskaz\u00f3wka: <strong>Po zwiedzeniu wystaw zatrzymaj si\u0119 w lokalnej historycznej kawiarni na parterze<\/strong>, kt\u00f3ra zachowa\u0142a oryginalny bankowy wystr\u00f3j, i napij si\u0119 mocnego brazylijskiego espresso. Budynek znajduje si\u0119 w centrum miasta, kt\u00f3re po godzinach pracy szybko si\u0119 wyludnia, dlatego wybierz si\u0119 tu zdecydowanie za dnia, a wieczornych spacer\u00f3w po okolicy lepiej unikaj.<\/p>\n\n\n\n<figure data-wp-context=\"{&quot;imageId&quot;:&quot;6a9c821a22032&quot;}\" data-wp-interactive=\"core\/image\" data-wp-key=\"6a9c821a22032\" class=\"wp-block-image size-full wp-lightbox-container\"><img decoding=\"async\" width=\"490\" height=\"480\" data-wp-class--hide=\"state.isContentHidden\" data-wp-class--show=\"state.isContentVisible\" data-wp-init=\"callbacks.setButtonStyles\" data-wp-on--click=\"actions.showLightbox\" data-wp-on--load=\"callbacks.setButtonStyles\" data-wp-on--pointerdown=\"actions.preloadImage\" data-wp-on--pointerenter=\"actions.preloadImageWithDelay\" data-wp-on--pointerleave=\"actions.cancelPreload\" data-wp-on-window--resize=\"callbacks.setButtonStyles\" src=\"https:\/\/loudavymkrokem.cz\/wp-content\/uploads\/2026\/09\/theatro-municipal-do-rio-de-janeiro.jpg\" alt=\"Theatro Municipal do Rio de Janeiro\" class=\"wp-image-413233\" title=\"\" srcset=\"https:\/\/loudavymkrokem.cz\/wp-content\/uploads\/2026\/09\/theatro-municipal-do-rio-de-janeiro.jpg 490w, https:\/\/loudavymkrokem.cz\/wp-content\/uploads\/2026\/09\/theatro-municipal-do-rio-de-janeiro-300x294.jpg 300w\" sizes=\"(max-width: 490px) 100vw, 490px\" \/><button\n\t\t\tclass=\"lightbox-trigger\"\n\t\t\ttype=\"button\"\n\t\t\taria-haspopup=\"dialog\"\n\t\t\tdata-wp-bind--aria-label=\"state.thisImage.triggerButtonAriaLabel\"\n\t\t\tdata-wp-init=\"callbacks.initTriggerButton\"\n\t\t\tdata-wp-on--click=\"actions.showLightbox\"\n\t\t\tdata-wp-style--right=\"state.thisImage.buttonRight\"\n\t\t\tdata-wp-style--top=\"state.thisImage.buttonTop\"\n\t\t>\n\t\t\t<svg xmlns=\"http:\/\/www.w3.org\/2000\/svg\" width=\"12\" height=\"12\" fill=\"none\" viewBox=\"0 0 12 12\">\n\t\t\t\t<path fill=\"#fff\" d=\"M2 0a2 2 0 0 0-2 2v2h1.5V2a.5.5 0 0 1 .5-.5h2V0H2Zm2 10.5H2a.5.5 0 0 1-.5-.5V8H0v2a2 2 0 0 0 2 2h2v-1.5ZM8 12v-1.5h2a.5.5 0 0 0 .5-.5V8H12v2a2 2 0 0 1-2 2H8Zm2-12a2 2 0 0 1 2 2v2h-1.5V2a.5.5 0 0 0-.5-.5H8V0h2Z\" \/>\n\t\t\t<\/svg>\n\t\t<\/button><figcaption class=\"wp-element-caption\">Foto: Ralph Schmidt \/ Google Maps<\/figcaption><\/figure>\n\n\n\n<h3 class=\"wp-block-heading\"><span class=\"ez-toc-section\" id=\"18_Theatro_Municipal_do_Rio_de_Janeiro\"><\/span>18. Theatro Municipal do Rio de Janeiro<span class=\"ez-toc-section-end\"><\/span><\/h3>\n\n\n\n<p class=\"wp-block-paragraph\">Na placu Cinel\u00e2ndia stoi budynek, kt\u00f3ry swoim wygl\u0105dem wyra\u017anie nawi\u0105zuje do ogromnego europejskiego wp\u0142ywu w historii miasta. <strong><a href=\"http:\/\/theatromunicipal.rj.gov.br\/\" rel=\"nofollow noopener\" target=\"_blank\">Theatro Municipal<\/a> to okaza\u0142y teatr z 1909 roku, zbudowany w paryskim stylu<\/strong>, kt\u00f3ry s\u0142u\u017cy jako g\u0142\u00f3wna scena dla spektakli baletowych, operowych i klasycznych koncert\u00f3w w ca\u0142ej Brazylii. Jego fasada jest bogato zdobiona z\u0142otem, masywnymi kolumnami i skomplikowanymi rze\u017abami, dzi\u0119ki czemu nale\u017cy do najpi\u0119kniejszych budowli w ca\u0142ym kraju.<\/p>\n\n\n\n<p class=\"wp-block-paragraph\">Nawet je\u015bli akurat nie planujesz odwiedzi\u0107 \u017cadnego wieczornego przedstawienia, wn\u0119trze tego budynku zdecydowanie zas\u0142uguje na twoj\u0105 uwag\u0119. <strong>Mo\u017cesz wzi\u0105\u0107 udzia\u0142 w zorganizowanym zwiedzaniu z przewodnikiem, kt\u00f3re oprowadzi ci\u0119 po osza\u0142amiaj\u0105cym foyer, widowni i luksusowych salach<\/strong>, ozdobionych zapieraj\u0105cymi dech witra\u017cami i malowid\u0142ami \u015bciennymi. To ogromny kontrast dla wyluzowanej pla\u017cowej kultury, kt\u00f3ry poka\u017ce ci Rio jako dumne miasto o g\u0142\u0119bokiej intelektualnej tradycji.<\/p>\n\n\n\n<p class=\"wp-block-paragraph\">\ud83d\udca1 Wskaz\u00f3wka: <strong>Przed teatrem cz\u0119sto gromadz\u0105 si\u0119 uliczni arty\u015bci i muzycy<\/strong>, wi\u0119c sam plac Cinel\u00e2ndia oferuje \u015bwietne widowisko za darmo. Je\u015bli mimo wszystko chcia\u0142by\u015b do\u015bwiadczy\u0107 przedstawienia, bilety na balet mo\u017cna zdoby\u0107 za bardzo przyst\u0119pne ceny, ale wymagaj\u0105 przynajmniej podstawowego eleganckiego stroju \u2014 pla\u017cowe klapki tu nie przejd\u0105.<\/p>\n\n\n\n<figure data-wp-context=\"{&quot;imageId&quot;:&quot;6a9c821a225c2&quot;}\" data-wp-interactive=\"core\/image\" data-wp-key=\"6a9c821a225c2\" class=\"wp-block-image size-full wp-lightbox-container\"><img decoding=\"async\" width=\"1600\" height=\"1200\" data-wp-class--hide=\"state.isContentHidden\" data-wp-class--show=\"state.isContentVisible\" data-wp-init=\"callbacks.setButtonStyles\" data-wp-on--click=\"actions.showLightbox\" data-wp-on--load=\"callbacks.setButtonStyles\" data-wp-on--pointerdown=\"actions.preloadImage\" data-wp-on--pointerenter=\"actions.preloadImageWithDelay\" data-wp-on--pointerleave=\"actions.cancelPreload\" data-wp-on-window--resize=\"callbacks.setButtonStyles\" src=\"https:\/\/loudavymkrokem.cz\/wp-content\/uploads\/2026\/09\/catedral-metropolitana-de-s-o-sebasti-o.jpg\" alt=\"Catedral Metropolitana de S\u00e3o Sebasti\u00e3o\" class=\"wp-image-413238\" title=\"\" srcset=\"https:\/\/loudavymkrokem.cz\/wp-content\/uploads\/2026\/09\/catedral-metropolitana-de-s-o-sebasti-o.jpg 1600w, https:\/\/loudavymkrokem.cz\/wp-content\/uploads\/2026\/09\/catedral-metropolitana-de-s-o-sebasti-o-300x225.jpg 300w, https:\/\/loudavymkrokem.cz\/wp-content\/uploads\/2026\/09\/catedral-metropolitana-de-s-o-sebasti-o-700x525.jpg 700w, https:\/\/loudavymkrokem.cz\/wp-content\/uploads\/2026\/09\/catedral-metropolitana-de-s-o-sebasti-o-768x576.jpg 768w, https:\/\/loudavymkrokem.cz\/wp-content\/uploads\/2026\/09\/catedral-metropolitana-de-s-o-sebasti-o-1536x1152.jpg 1536w, https:\/\/loudavymkrokem.cz\/wp-content\/uploads\/2026\/09\/catedral-metropolitana-de-s-o-sebasti-o-80x60.jpg 80w, https:\/\/loudavymkrokem.cz\/wp-content\/uploads\/2026\/09\/catedral-metropolitana-de-s-o-sebasti-o-160x120.jpg 160w, https:\/\/loudavymkrokem.cz\/wp-content\/uploads\/2026\/09\/catedral-metropolitana-de-s-o-sebasti-o-696x522.jpg 696w, https:\/\/loudavymkrokem.cz\/wp-content\/uploads\/2026\/09\/catedral-metropolitana-de-s-o-sebasti-o-1392x1044.jpg 1392w\" sizes=\"(max-width: 1600px) 100vw, 1600px\" \/><button\n\t\t\tclass=\"lightbox-trigger\"\n\t\t\ttype=\"button\"\n\t\t\taria-haspopup=\"dialog\"\n\t\t\tdata-wp-bind--aria-label=\"state.thisImage.triggerButtonAriaLabel\"\n\t\t\tdata-wp-init=\"callbacks.initTriggerButton\"\n\t\t\tdata-wp-on--click=\"actions.showLightbox\"\n\t\t\tdata-wp-style--right=\"state.thisImage.buttonRight\"\n\t\t\tdata-wp-style--top=\"state.thisImage.buttonTop\"\n\t\t>\n\t\t\t<svg xmlns=\"http:\/\/www.w3.org\/2000\/svg\" width=\"12\" height=\"12\" fill=\"none\" viewBox=\"0 0 12 12\">\n\t\t\t\t<path fill=\"#fff\" d=\"M2 0a2 2 0 0 0-2 2v2h1.5V2a.5.5 0 0 1 .5-.5h2V0H2Zm2 10.5H2a.5.5 0 0 1-.5-.5V8H0v2a2 2 0 0 0 2 2h2v-1.5ZM8 12v-1.5h2a.5.5 0 0 0 .5-.5V8H12v2a2 2 0 0 1-2 2H8Zm2-12a2 2 0 0 1 2 2v2h-1.5V2a.5.5 0 0 0-.5-.5H8V0h2Z\" \/>\n\t\t\t<\/svg>\n\t\t<\/button><figcaption class=\"wp-element-caption\">Foto: Roberto Fernandes \/ Google Maps<\/figcaption><\/figure>\n\n\n\n<h3 class=\"wp-block-heading\"><span class=\"ez-toc-section\" id=\"19_Catedral_Metropolitana_de_Sao_Sebastiao\"><\/span>19. Catedral Metropolitana de S\u00e3o Sebasti\u00e3o<span class=\"ez-toc-section-end\"><\/span><\/h3>\n\n\n\n<p class=\"wp-block-paragraph\">Mi\u0142o\u015bnicy niezwyk\u0142ej architektury zdecydowanie nie powinni pomija\u0107 budowli, kt\u00f3ra na pierwszy rzut oka wcale nie wygl\u0105da jak chrze\u015bcija\u0144ska \u015bwi\u0105tynia. <strong>Catedral Metropolitana to nowoczesna betonowa katedra w kszta\u0142cie ogromnej piramidy Maj\u00f3w<\/strong>, kt\u00f3ra zosta\u0142a uroczy\u015bcie otwarta w 1979 roku i stanowi najbardziej niezwyk\u0142y ko\u015bci\u00f3\u0142, jaki zobaczysz w Ameryce \u0141aci\u0144skiej. Jej szary eksterier dzia\u0142a wprawdzie nieco surowo i masywnie, ale prawdziwa magia kryje si\u0119 w \u015brodku.<\/p>\n\n\n\n<p class=\"wp-block-paragraph\">Gdy tylko przekroczysz pr\u00f3g tego siedemdziesi\u0119ciopi\u0119ciometrowego budynku, znajdziesz si\u0119 w ogromnej, zalanej s\u0142o\u0144cem przestrzeni bez ani jednej podpieraj\u0105cej kolumny. <strong>Od pod\u0142ogi a\u017c po sam strop ci\u0105gn\u0105 si\u0119 cztery gigantyczne okna z kolorowych witra\u017cy, kt\u00f3re tworz\u0105 osza\u0142amiaj\u0105cy \u015bwietlny krzy\u017c<\/strong> i buduj\u0105 wewn\u0105trz niewiarygodnie duchow\u0105 i mistyczn\u0105 atmosfer\u0119. Katedra pomie\u015bci a\u017c dwadzie\u015bcia tysi\u0119cy wiernych, a jej akustyka przy \u015bpiewie ch\u00f3ralnym jest po prostu fenomenalna.<\/p>\n\n\n\n<p class=\"wp-block-paragraph\">\ud83d\udca1 Wskaz\u00f3wka: <strong>Podczas fotografowania wn\u0119trza sta\u0144 dok\u0142adnie na \u015brodku pod\u0142ogi i skieruj obiektyw pionowo w g\u00f3r\u0119<\/strong>, uzyskasz w ten spos\u00f3b idealne symetryczne uj\u0119cie kolorowego krzy\u017ca na stropie. Wizyta w katedrze jest szybka i \u0142atwo po\u0142\u0105czysz j\u0105 ze zwiedzaniem pobliskiego akweduktu Arcos da Lapa, kt\u00f3ry znajduje si\u0119 zaledwie kilka minut spacerem st\u0105d.<\/p>\n\n\n\n<figure data-wp-context=\"{&quot;imageId&quot;:&quot;6a9c821a22d2c&quot;}\" data-wp-interactive=\"core\/image\" data-wp-key=\"6a9c821a22d2c\" class=\"wp-block-image size-full wp-lightbox-container\"><img decoding=\"async\" width=\"1600\" height=\"1628\" data-wp-class--hide=\"state.isContentHidden\" data-wp-class--show=\"state.isContentVisible\" data-wp-init=\"callbacks.setButtonStyles\" data-wp-on--click=\"actions.showLightbox\" data-wp-on--load=\"callbacks.setButtonStyles\" data-wp-on--pointerdown=\"actions.preloadImage\" data-wp-on--pointerenter=\"actions.preloadImageWithDelay\" data-wp-on--pointerleave=\"actions.cancelPreload\" data-wp-on-window--resize=\"callbacks.setButtonStyles\" src=\"https:\/\/loudavymkrokem.cz\/wp-content\/uploads\/2026\/09\/museu-da-rep-blica.jpg\" alt=\"Museu da Rep\u00fablica (Pal\u00e1cio do Catete)\" class=\"wp-image-413242\" title=\"\" srcset=\"https:\/\/loudavymkrokem.cz\/wp-content\/uploads\/2026\/09\/museu-da-rep-blica.jpg 1600w, https:\/\/loudavymkrokem.cz\/wp-content\/uploads\/2026\/09\/museu-da-rep-blica-295x300.jpg 295w, https:\/\/loudavymkrokem.cz\/wp-content\/uploads\/2026\/09\/museu-da-rep-blica-700x712.jpg 700w, https:\/\/loudavymkrokem.cz\/wp-content\/uploads\/2026\/09\/museu-da-rep-blica-768x781.jpg 768w, https:\/\/loudavymkrokem.cz\/wp-content\/uploads\/2026\/09\/museu-da-rep-blica-1510x1536.jpg 1510w, https:\/\/loudavymkrokem.cz\/wp-content\/uploads\/2026\/09\/museu-da-rep-blica-696x708.jpg 696w, https:\/\/loudavymkrokem.cz\/wp-content\/uploads\/2026\/09\/museu-da-rep-blica-1392x1416.jpg 1392w\" sizes=\"(max-width: 1600px) 100vw, 1600px\" \/><button\n\t\t\tclass=\"lightbox-trigger\"\n\t\t\ttype=\"button\"\n\t\t\taria-haspopup=\"dialog\"\n\t\t\tdata-wp-bind--aria-label=\"state.thisImage.triggerButtonAriaLabel\"\n\t\t\tdata-wp-init=\"callbacks.initTriggerButton\"\n\t\t\tdata-wp-on--click=\"actions.showLightbox\"\n\t\t\tdata-wp-style--right=\"state.thisImage.buttonRight\"\n\t\t\tdata-wp-style--top=\"state.thisImage.buttonTop\"\n\t\t>\n\t\t\t<svg xmlns=\"http:\/\/www.w3.org\/2000\/svg\" width=\"12\" height=\"12\" fill=\"none\" viewBox=\"0 0 12 12\">\n\t\t\t\t<path fill=\"#fff\" d=\"M2 0a2 2 0 0 0-2 2v2h1.5V2a.5.5 0 0 1 .5-.5h2V0H2Zm2 10.5H2a.5.5 0 0 1-.5-.5V8H0v2a2 2 0 0 0 2 2h2v-1.5ZM8 12v-1.5h2a.5.5 0 0 0 .5-.5V8H12v2a2 2 0 0 1-2 2H8Zm2-12a2 2 0 0 1 2 2v2h-1.5V2a.5.5 0 0 0-.5-.5H8V0h2Z\" \/>\n\t\t\t<\/svg>\n\t\t<\/button><figcaption class=\"wp-element-caption\">Foto: Fabio Alves \/ Google Maps<\/figcaption><\/figure>\n\n\n\n<h3 class=\"wp-block-heading\"><span class=\"ez-toc-section\" id=\"20_Museu_da_Republica_Palacio_do_Catete\"><\/span>20. Museu da Rep\u00fablica (Pal\u00e1cio do Catete)<span class=\"ez-toc-section-end\"><\/span><\/h3>\n\n\n\n<p class=\"wp-block-paragraph\">Aby zrozumie\u0107 z\u0142o\u017con\u0105 histori\u0119 polityczn\u0105 tego ogromnego kraju, absolutnie niezb\u0119dna jest wizyta w dawnej rezydencji prezydenckiej. <strong>Museu da Rep\u00fablica mie\u015bci si\u0119 w okaza\u0142ym pa\u0142acu Pal\u00e1cio do Catete, kt\u00f3ry funkcjonowa\u0142 jako siedziba brazylijskich prezydent\u00f3w<\/strong> a\u017c do 1960 roku, kiedy stolic\u0119 przeniesiono do nowo zbudowanej Bras\u00edlii. Pa\u0142ac jest przyk\u0142adem niewiarygodnego luksusu, jego sale s\u0105 ozdobione cennymi rodzajami drewna, weneckimi lustrami i ogromnymi kryszta\u0142owymi \u017cyrandolami.<\/p>\n\n\n\n<p class=\"wp-block-paragraph\">Ekspozycja oprowadzi ci\u0119 przez wszystkie kluczowe momenty brazylijskiej republiki, od jej proklamowania a\u017c po dramatyczne wydarzenia dwudziestego wieku. Najbardziej poruszy ci\u0119 tam zachowany pok\u00f3j prezydenta Get\u00falia Vargasa, kt\u00f3ry pope\u0142ni\u0142 tu w 1954 roku samob\u00f3jstwo \u2014 muzeum wystawia nawet jego list po\u017cegnalny i jest to jedno z tych miejsc, gdzie historia nagle staje si\u0119 przed tob\u0105 bardzo konkretna. Za pa\u0142acem rozci\u0105gaj\u0105 si\u0119 na dodatek rozleg\u0142e francuskie ogrody pe\u0142ne wysokich palm i sztucznych staw\u00f3w, kt\u00f3re oferuj\u0105 przyjemny cie\u0144 na odpoczynek.<\/p>\n\n\n\n<p class=\"wp-block-paragraph\">\ud83d\udca1 Wskaz\u00f3wka: <strong>Wst\u0119p do przepi\u0119knych tylnych ogrod\u00f3w jest zupe\u0142nie darmowy, a miejscowi ch\u0119tnie wykorzystuj\u0105 je do spacer\u00f3w i relaksu<\/strong>, wi\u0119c nawet je\u015bli nie masz ochoty na histori\u0119 w muzeum, ogrod\u00f3w na pewno nie pomijaj. Znajduj\u0105 si\u0119 tu\u017c przy stacji metra Catete, wi\u0119c dojazd z pla\u017cowych dzielnic na po\u0142udniu miasta jest zupe\u0142nie bezproblemowy i szybki.<\/p>\n\n\n\n<figure data-wp-context=\"{&quot;imageId&quot;:&quot;6a9c821a23214&quot;}\" data-wp-interactive=\"core\/image\" data-wp-key=\"6a9c821a23214\" class=\"wp-block-image size-full wp-lightbox-container\"><img decoding=\"async\" width=\"1600\" height=\"1200\" data-wp-class--hide=\"state.isContentHidden\" data-wp-class--show=\"state.isContentVisible\" data-wp-init=\"callbacks.setButtonStyles\" data-wp-on--click=\"actions.showLightbox\" data-wp-on--load=\"callbacks.setButtonStyles\" data-wp-on--pointerdown=\"actions.preloadImage\" data-wp-on--pointerenter=\"actions.preloadImageWithDelay\" data-wp-on--pointerleave=\"actions.cancelPreload\" data-wp-on-window--resize=\"callbacks.setButtonStyles\" src=\"https:\/\/loudavymkrokem.cz\/wp-content\/uploads\/2026\/09\/espa-o-cultural-da-marinha.jpg\" alt=\"Espa\u00e7o Cultural da Marinha\" class=\"wp-image-413243\" title=\"\" srcset=\"https:\/\/loudavymkrokem.cz\/wp-content\/uploads\/2026\/09\/espa-o-cultural-da-marinha.jpg 1600w, https:\/\/loudavymkrokem.cz\/wp-content\/uploads\/2026\/09\/espa-o-cultural-da-marinha-300x225.jpg 300w, https:\/\/loudavymkrokem.cz\/wp-content\/uploads\/2026\/09\/espa-o-cultural-da-marinha-700x525.jpg 700w, https:\/\/loudavymkrokem.cz\/wp-content\/uploads\/2026\/09\/espa-o-cultural-da-marinha-768x576.jpg 768w, https:\/\/loudavymkrokem.cz\/wp-content\/uploads\/2026\/09\/espa-o-cultural-da-marinha-1536x1152.jpg 1536w, https:\/\/loudavymkrokem.cz\/wp-content\/uploads\/2026\/09\/espa-o-cultural-da-marinha-80x60.jpg 80w, https:\/\/loudavymkrokem.cz\/wp-content\/uploads\/2026\/09\/espa-o-cultural-da-marinha-160x120.jpg 160w, https:\/\/loudavymkrokem.cz\/wp-content\/uploads\/2026\/09\/espa-o-cultural-da-marinha-696x522.jpg 696w, https:\/\/loudavymkrokem.cz\/wp-content\/uploads\/2026\/09\/espa-o-cultural-da-marinha-1392x1044.jpg 1392w\" sizes=\"(max-width: 1600px) 100vw, 1600px\" \/><button\n\t\t\tclass=\"lightbox-trigger\"\n\t\t\ttype=\"button\"\n\t\t\taria-haspopup=\"dialog\"\n\t\t\tdata-wp-bind--aria-label=\"state.thisImage.triggerButtonAriaLabel\"\n\t\t\tdata-wp-init=\"callbacks.initTriggerButton\"\n\t\t\tdata-wp-on--click=\"actions.showLightbox\"\n\t\t\tdata-wp-style--right=\"state.thisImage.buttonRight\"\n\t\t\tdata-wp-style--top=\"state.thisImage.buttonTop\"\n\t\t>\n\t\t\t<svg xmlns=\"http:\/\/www.w3.org\/2000\/svg\" width=\"12\" height=\"12\" fill=\"none\" viewBox=\"0 0 12 12\">\n\t\t\t\t<path fill=\"#fff\" d=\"M2 0a2 2 0 0 0-2 2v2h1.5V2a.5.5 0 0 1 .5-.5h2V0H2Zm2 10.5H2a.5.5 0 0 1-.5-.5V8H0v2a2 2 0 0 0 2 2h2v-1.5ZM8 12v-1.5h2a.5.5 0 0 0 .5-.5V8H12v2a2 2 0 0 1-2 2H8Zm2-12a2 2 0 0 1 2 2v2h-1.5V2a.5.5 0 0 0-.5-.5H8V0h2Z\" \/>\n\t\t\t<\/svg>\n\t\t<\/button><figcaption class=\"wp-element-caption\">Foto: Heber iba\u00f1ez \/ Google Maps<\/figcaption><\/figure>\n\n\n\n<h3 class=\"wp-block-heading\"><span class=\"ez-toc-section\" id=\"21_Espaco_Cultural_da_Marinha\"><\/span>21. Espa\u00e7o Cultural da Marinha<span class=\"ez-toc-section-end\"><\/span><\/h3>\n\n\n\n<p class=\"wp-block-paragraph\">Je\u015bli poruszasz si\u0119 w historycznym centrum w pobli\u017cu portu, natrafisz na fascynuj\u0105ce muzeum, kt\u00f3re doceni\u0105 nie tylko fani historii wojskowej. <strong>Espa\u00e7o Cultural da Marinha to rozleg\u0142e muzeum morskie, kt\u00f3re pozwoli ci zajrze\u0107 w bogat\u0105 tradycj\u0119 morsk\u0105 Brazylii<\/strong>, kraju o jednej z najd\u0142u\u017cszych linii brzegowych na \u015bwiecie. Ekspozycja plenerowa jest pe\u0142na historycznych dzia\u0142, starych torped i ogromnych kotwic rozstawionych wzd\u0142u\u017c zalanego s\u0142o\u0144cem nabrze\u017ca.<\/p>\n\n\n\n<p class=\"wp-block-paragraph\">Najwi\u0119ksz\u0105 atrakcj\u0105 ca\u0142ego terenu s\u0105 jednak prawdziwe jednostki p\u0142ywaj\u0105ce, kt\u00f3re mo\u017cesz zwiedzi\u0107 od \u0142adowni a\u017c po mostek kapita\u0144ski. <strong>Najwi\u0119ksze prze\u017cycie oferuje zwiedzanie wycofanej z u\u017cytku wojskowej \u0142odzi podwodnej Riachuelo oraz wiernej repliki starego statku odkrywc\u00f3w<\/strong>, kt\u00f3ra pokazuje, w jak ciasnych warunkach dop\u0142yn\u0119li pierwsi Europejczycy do brzeg\u00f3w Ameryki Po\u0142udniowej. St\u0105d wyp\u0142ywaj\u0105 te\u017c statki wycieczkowe na rejsy po zatoce Guanabara, kt\u00f3re oferuj\u0105 pi\u0119kny widok na miasto z poziomu wody.<\/p>\n\n\n\n<p class=\"wp-block-paragraph\">\ud83d\udca1 Wskaz\u00f3wka: <strong>Rejs po zatoce z tego portu jest wyra\u017anie ta\u0144szy i bardziej autentyczny ni\u017c przep\u0142acone turystyczne statki wyp\u0142ywaj\u0105ce z po\u0142udnia miasta.<\/strong> Nie zapomnij jednak wzi\u0105\u0107 mocnego kremu z filtrem i kapelusza, bo na pok\u0142adzie starych statk\u00f3w i \u0142odzi podwodnych nie chroni ci\u0119 przed pal\u0105cym brazylijskim s\u0142o\u0144cem zupe\u0142nie nic, a metalowe pok\u0142ady bywaj\u0105 mocno rozgrzane.<\/p>\n\n\n\n<figure data-wp-context=\"{&quot;imageId&quot;:&quot;6a9c821a237f9&quot;}\" data-wp-interactive=\"core\/image\" data-wp-key=\"6a9c821a237f9\" class=\"wp-block-image size-full wp-lightbox-container\"><img decoding=\"async\" width=\"1200\" height=\"800\" data-wp-class--hide=\"state.isContentHidden\" data-wp-class--show=\"state.isContentVisible\" data-wp-init=\"callbacks.setButtonStyles\" data-wp-on--click=\"actions.showLightbox\" data-wp-on--load=\"callbacks.setButtonStyles\" data-wp-on--pointerdown=\"actions.preloadImage\" data-wp-on--pointerenter=\"actions.preloadImageWithDelay\" data-wp-on--pointerleave=\"actions.cancelPreload\" data-wp-on-window--resize=\"callbacks.setButtonStyles\" src=\"https:\/\/loudavymkrokem.cz\/wp-content\/uploads\/2026\/09\/praia-vermelha-pod-cukrovou-homol.jpg\" alt=\"Pla\u017ca Praia Vermelha pod G\u0142ow\u0105 Cukru\" class=\"wp-image-413245\" title=\"\" srcset=\"https:\/\/loudavymkrokem.cz\/wp-content\/uploads\/2026\/09\/praia-vermelha-pod-cukrovou-homol.jpg 1200w, https:\/\/loudavymkrokem.cz\/wp-content\/uploads\/2026\/09\/praia-vermelha-pod-cukrovou-homol-300x200.jpg 300w, https:\/\/loudavymkrokem.cz\/wp-content\/uploads\/2026\/09\/praia-vermelha-pod-cukrovou-homol-700x467.jpg 700w, https:\/\/loudavymkrokem.cz\/wp-content\/uploads\/2026\/09\/praia-vermelha-pod-cukrovou-homol-768x512.jpg 768w, https:\/\/loudavymkrokem.cz\/wp-content\/uploads\/2026\/09\/praia-vermelha-pod-cukrovou-homol-696x464.jpg 696w\" sizes=\"(max-width: 1200px) 100vw, 1200px\" \/><button\n\t\t\tclass=\"lightbox-trigger\"\n\t\t\ttype=\"button\"\n\t\t\taria-haspopup=\"dialog\"\n\t\t\tdata-wp-bind--aria-label=\"state.thisImage.triggerButtonAriaLabel\"\n\t\t\tdata-wp-init=\"callbacks.initTriggerButton\"\n\t\t\tdata-wp-on--click=\"actions.showLightbox\"\n\t\t\tdata-wp-style--right=\"state.thisImage.buttonRight\"\n\t\t\tdata-wp-style--top=\"state.thisImage.buttonTop\"\n\t\t>\n\t\t\t<svg xmlns=\"http:\/\/www.w3.org\/2000\/svg\" width=\"12\" height=\"12\" fill=\"none\" viewBox=\"0 0 12 12\">\n\t\t\t\t<path fill=\"#fff\" d=\"M2 0a2 2 0 0 0-2 2v2h1.5V2a.5.5 0 0 1 .5-.5h2V0H2Zm2 10.5H2a.5.5 0 0 1-.5-.5V8H0v2a2 2 0 0 0 2 2h2v-1.5ZM8 12v-1.5h2a.5.5 0 0 0 .5-.5V8H12v2a2 2 0 0 1-2 2H8Zm2-12a2 2 0 0 1 2 2v2h-1.5V2a.5.5 0 0 0-.5-.5H8V0h2Z\" \/>\n\t\t\t<\/svg>\n\t\t<\/button><figcaption class=\"wp-element-caption\">Foto: Carlos Alberto do Amaral \/ Google Maps<\/figcaption><\/figure>\n\n\n\n<h3 class=\"wp-block-heading\"><span class=\"ez-toc-section\" id=\"22_Plaza_Praia_Vermelha_pod_Glowa_Cukru\"><\/span>22. Pla\u017ca Praia Vermelha pod G\u0142ow\u0105 Cukru<span class=\"ez-toc-section-end\"><\/span><\/h3>\n\n\n\n<p class=\"wp-block-paragraph\">Na sam koniec naszej listy zostawili\u015bmy ma\u0142\u0105, ale tym pi\u0119kniejsz\u0105 pla\u017c\u0119, kt\u00f3ra oferuje zupe\u0142nie inne prze\u017cycie ni\u017c niesko\u0144czone pasy piasku na Copacabanie. <strong>Praia Vermelha, czyli Czerwona Pla\u017ca, le\u017cy ukryta w spokojnej zatoczce tu\u017c u podn\u00f3\u017ca majestatycznej G\u0142owy Cukru<\/strong>, kt\u00f3ra wznosi si\u0119 nad ni\u0105 jak ogromny kamienny mur. Jej nazwa pochodzi od grubszego, r\u00f3\u017cowawego piasku, kt\u00f3ry przy zachodzie s\u0142o\u0144ca nabiera przepi\u0119knego ciep\u0142ego odcienia.<\/p>\n\n\n\n<p class=\"wp-block-paragraph\">Zatoka jest chroniona przed silnymi oceanicznymi pr\u0105dami, wi\u0119c woda jest tu niewiarygodnie spokojna i bezpieczna, co czyni j\u0105 idealnym miejscem dla rodzin i wygodnego p\u0142ywania. <strong>Dzi\u0119ki brakowi du\u017cych fal to tak\u017ce doskona\u0142a lokalizacja do wypo\u017cyczenia deski SUP lub kajaka morskiego<\/strong>, z kt\u00f3rego mo\u017cesz podziwia\u0107 okoliczne strome ska\u0142y z zupe\u0142nie nowej perspektywy. Pla\u017ca jest bardzo ma\u0142a i przytulna, otoczona zielonymi drzewami, i oferuje znacznie kameralniejsz\u0105 atmosfer\u0119 ni\u017c wielkie s\u0105siednie pla\u017ce.<\/p>\n\n\n\n<p class=\"wp-block-paragraph\">\ud83d\udca1 Wskaz\u00f3wka: <strong>Z lewego skraju pla\u017cy zaczyna si\u0119 przepi\u0119kny, utwardzony szlak Pista Cl\u00e1udio Coutinho, kt\u00f3ry wije si\u0119 lasem tu\u017c wzd\u0142u\u017c klif\u00f3w nad morzem.<\/strong> To wspania\u0142e miejsce na niewymagaj\u0105cy spacer, gdzie z du\u017cym prawdopodobie\u0144stwem spotkasz bezczelne ma\u0142pki marmozety \u2014 pami\u0119taj tylko, \u017ce karmienie dzikich zwierz\u0105t jest w ca\u0142ym parku surowo zabronione, cho\u0107by wygl\u0105da\u0142y najs\u0142odziej. Wypad na t\u0119 pla\u017c\u0119 idealnie \u0142\u0105czy si\u0119 z wizyt\u0105 na samej G\u0142owie Cukru \u2014 dolna stacja kolejki le\u017cy tu\u017c po drugiej stronie ulicy.<\/p>\n\n\n\n<h2 class=\"wp-block-heading\"><span class=\"ez-toc-section\" id=\"Dokad_dalej_z_Rio_de_Janeiro\"><\/span>Dok\u0105d dalej z Rio de Janeiro<span class=\"ez-toc-section-end\"><\/span><\/h2>\n\n\n\n<p class=\"wp-block-paragraph\">Brazylia to ogromny kraj, a Rio de Janeiro stanowi cz\u0119sto dopiero pierwszy przystanek w twojej podr\u00f3\u017cy po Ameryce Po\u0142udniowej. Je\u015bli chcesz <strong>zag\u0142\u0119bi\u0107 si\u0119 bardziej w planowanie noclegu<\/strong>, przygotowali\u015bmy dla ciebie szczeg\u00f3\u0142owy przewodnik <a href=\"https:\/\/loudavymkrokem.cz\/pl\/gdzie-mieszkac-rio-de-janeiro\/\">Gdzie mieszka\u0107 w Rio de Janeiro<\/a>. Poznasz w nim dok\u0142adne r\u00f3\u017cnice mi\u0119dzy poszczeg\u00f3lnymi dzielnicami na po\u0142udniu miasta i \u0142atwiej wybierzesz najlepsz\u0105 lokalizacj\u0119.<\/p>\n\n\n\n<p class=\"wp-block-paragraph\">Wi\u0119kszo\u015b\u0107 podr\u00f3\u017cnik\u00f3w przenosi si\u0119 nast\u0119pnie do najwi\u0119kszej metropolii ca\u0142ej po\u0142udniowej p\u00f3\u0142kuli, kt\u00f3ra oferuje <strong>zupe\u0142nie inne, bardzo urbanistyczne prze\u017cycie<\/strong>. Dla p\u0142ynnego przejazdu polecam zajrze\u0107 do artyku\u0142u <a href=\"https:\/\/loudavymkrokem.cz\/pl\/?p=412732\">Co zobaczy\u0107 w S\u00e3o Paulo<\/a>, gdzie znajdziesz wskaz\u00f3wki na najlepsze muzea, parki i wie\u017cowcowe punkty widokowe. Praktyczne rady dotycz\u0105ce wyboru bezpiecznej lokalizacji w tym ogromnym biznesowym mie\u015bcie oferuje z kolei nasz przewodnik <a href=\"https:\/\/loudavymkrokem.cz\/pl\/?p=412738\">Gdzie mieszka\u0107 w S\u00e3o Paulo<\/a>.<\/p>\n\n\n\n<h2 class=\"wp-block-heading\"><span class=\"ez-toc-section\" id=\"Czesto_zadawane_pytania\"><\/span>Cz\u0119sto zadawane pytania<span class=\"ez-toc-section-end\"><\/span><\/h2>\n\n\n<div id=\"rank-math-faq\" class=\"rank-math-block\">\n<div class=\"rank-math-list \">\n<div id=\"faq-question-1788283109000\" class=\"rank-math-list-item\">\n<h3 class=\"rank-math-question \"><span class=\"ez-toc-section\" id=\"Czy_Rio_de_Janeiro_jest_bezpieczne_dla_turystow\"><\/span>Czy Rio de Janeiro jest bezpieczne dla turyst\u00f3w?<span class=\"ez-toc-section-end\"><\/span><\/h3>\n<div class=\"rank-math-answer \">\n\n<p>Je\u015bli b\u0119dziesz trzyma\u0107 si\u0119 <strong>turystycznego bezpiecznego pasa wok\u00f3\u0142 dzielnic Ipanema i Leblon<\/strong>, najprawdopodobniej nie b\u0119dziesz mia\u0142 \u017cadnych problem\u00f3w. W ci\u0105gu dnia bezpiecznie jest r\u00f3wnie\u017c na Copacabanie, ale po zmroku unikaj spacer\u00f3w po pla\u017cy i pustych ulicach w centrum. <strong>Bezwzgl\u0119dnie korzystaj z Ubera<\/strong> i nie obnosz drogiej bi\u017cuterii czy telefon\u00f3w.<\/p>\n\n<\/div>\n<\/div>\n<div id=\"faq-question-1788283109001\" class=\"rank-math-list-item\">\n<h3 class=\"rank-math-question \"><span class=\"ez-toc-section\" id=\"Ile_dni_potrzebuje_na_zwiedzanie_Rio\"><\/span>Ile dni potrzebuj\u0119 na zwiedzanie Rio?<span class=\"ez-toc-section-end\"><\/span><\/h3>\n<div class=\"rank-math-answer \">\n\n<p>Idealny czas na poznanie miasta to <strong>cztery do pi\u0119ciu pe\u0142nych dni<\/strong>, co da ci wystarczaj\u0105co du\u017co przestrzeni na zwiedzanie zabytk\u00f3w i relaks na pla\u017cy. Zawsze jednak zostaw sobie przynajmniej <strong>dwa dni w zapasie jako rezerw\u0119 czasow\u0105<\/strong>, aby\u015b m\u00f3g\u0142 elastycznie dostosowa\u0107 wizyty na wysoko po\u0142o\u017conych punktach widokowych do aktualnego zachmurzenia i pogody.<\/p>\n\n<\/div>\n<\/div>\n<div id=\"faq-question-1788283109002\" class=\"rank-math-list-item\">\n<h3 class=\"rank-math-question \"><span class=\"ez-toc-section\" id=\"Jak_najlepiej_dostac_sie_do_posagu_Chrystusa_Zbawiciela\"><\/span>Jak najlepiej dosta\u0107 si\u0119 do pos\u0105gu Chrystusa Zbawiciela?<span class=\"ez-toc-section-end\"><\/span><\/h3>\n<div class=\"rank-math-answer \">\n\n<p>Istniej\u0105 trzy sposoby, przy czym <strong>najdro\u017csz\u0105 i najpopularniejsz\u0105 jest historyczna kolejka z\u0119bata Corcovado<\/strong>, kt\u00f3ra wywiezie ci\u0119 przez las deszczowy. Nieco ta\u0144sz\u0105 opcj\u0105 jest oficjalny mikrobus z centrum dla odwiedzaj\u0105cych Paineiras. Je\u015bli szukasz najta\u0144szej i najbardziej przygodowej drogi, <strong>mo\u017cesz wyruszy\u0107 pieszo stromym szlakiem<\/strong> z parku Parque Lage, co zajmie ci oko\u0142o dw\u00f3ch godzin wymagaj\u0105cego podej\u015bcia.<\/p>\n\n<\/div>\n<\/div>\n<div id=\"faq-question-1788283109003\" class=\"rank-math-list-item\">\n<h3 class=\"rank-math-question \"><span class=\"ez-toc-section\" id=\"Kiedy_jest_najlepszy_czas_na_wyjazd_do_Brazylii\"><\/span>Kiedy jest najlepszy czas na wyjazd do Brazylii?<span class=\"ez-toc-section-end\"><\/span><\/h3>\n<div class=\"rank-math-answer \">\n\n<p>Ze wzgl\u0119du na sprzyjaj\u0105c\u0105 pogod\u0119 i rozs\u0105dne ceny najlepiej jest <strong>wybra\u0107 si\u0119 od kwietnia do czerwca lub od sierpnia do pa\u017adziernika<\/strong>. Unikniesz w ten spos\u00f3b ekstremalnych letnich upa\u0142\u00f3w i regularnych ulewnych deszczy. Podczas karnawa\u0142u i Sylwestra miasto prze\u017cywa wprawdzie niesamowit\u0105 atmosfer\u0119, ale <strong>ceny nocleg\u00f3w s\u0105 kilkukrotnie wy\u017csze<\/strong>, a wsz\u0119dzie napotkasz ogromne t\u0142umy ludzi.<\/p>\n\n<\/div>\n<\/div>\n<div id=\"faq-question-1788283109004\" class=\"rank-math-list-item\">\n<h3 class=\"rank-math-question \"><span class=\"ez-toc-section\" id=\"Czy_moge_kapac_sie_na_plazach_w_Rio_po_zmroku\"><\/span>Czy mog\u0119 k\u0105pa\u0107 si\u0119 na pla\u017cach w Rio po zmroku?<span class=\"ez-toc-section-end\"><\/span><\/h3>\n<div class=\"rank-math-answer \">\n\n<p><strong>Zdecydowanie nie, na pla\u017c\u0119 nigdy nie chodzi si\u0119 w nocy.<\/strong> Gdy tylko zajdzie s\u0142o\u0144ce, d\u0142ugie pasy piasku staj\u0105 si\u0119 niebezpieczne dla turyst\u00f3w i przyci\u0105gaj\u0105 podejrzane elementy. Mieszka\u0144cy miasta wieczorami gromadz\u0105 si\u0119 w dobrze o\u015bwietlonych barach i restauracjach przy ruchliwych ulicach, dlatego <strong>opustosza\u0142e pla\u017ce po zmroku lepiej ca\u0142kowicie omijaj<\/strong>.<\/p>\n\n<\/div>\n<\/div>\n<div id=\"faq-question-1788283109005\" class=\"rank-math-list-item\">\n<h3 class=\"rank-math-question \"><span class=\"ez-toc-section\" id=\"Jak_poruszac_sie_po_miescie_i_czy_komunikacja_miejska_jest_bezpieczna\"><\/span>Jak porusza\u0107 si\u0119 po mie\u015bcie i czy komunikacja miejska jest bezpieczna?<span class=\"ez-toc-section-end\"><\/span><\/h3>\n<div class=\"rank-math-answer \">\n\n<p>W ci\u0105gu dnia <strong>znakomicie i bezpiecznie funkcjonuje sie\u0107 metra<\/strong>, kt\u00f3ra \u0142\u0105czy po\u0142udniowe dzielnice pla\u017cowe z historycznym centrum miasta. Zwyk\u0142e autobusy bywaj\u0105 nieco nieprzejrzyste i dla turyst\u00f3w nie s\u0105 zbyt polecane. Gdy tylko zacznie si\u0119 \u015bciemnia\u0107, <strong>bezwzgl\u0119dnie przesi\u0105d\u017a si\u0119 na aplikacj\u0119 Uber<\/strong>, kt\u00f3ra w Brazylii jest bardzo tania, niezawodna i zagwarantuje ci spokojny powr\u00f3t do hotelu.<\/p>\n\n<\/div>\n<\/div>\n<div id=\"faq-question-1788283109006\" class=\"rank-math-list-item\">\n<h3 class=\"rank-math-question \"><span class=\"ez-toc-section\" id=\"Co_jesc_w_Rio_jesli_nie_jem_miesa\"><\/span>Co je\u015b\u0107 w Rio, je\u015bli nie jem mi\u0119sa?<span class=\"ez-toc-section-end\"><\/span><\/h3>\n<div class=\"rank-math-answer \">\n\n<p>Chocia\u017c brazylijska kuchnia jest mocno oparta na mi\u0119sie, znajdziesz tu mn\u00f3stwo wegetaria\u0144skich przysmak\u00f3w. <strong>Najwi\u0119kszym hitem jest lodowate a\u00e7a\u00ed z granol\u0105<\/strong>, kt\u00f3re \u015bwietnie orze\u017awia na pla\u017cy. W ulicznych straganach szukaj serowych bu\u0142eczek p\u00e3o de queijo lub tapioki nadziewanej serem i pomidorami. Na pe\u0142nowarto\u015bciow\u0105 kolacj\u0119 <strong>wybierz si\u0119 do doskona\u0142ych w\u0142oskich restauracji w Ipanemie<\/strong>.<\/p>\n\n<\/div>\n<\/div>\n<div id=\"faq-question-1788283109007\" class=\"rank-math-list-item\">\n<h3 class=\"rank-math-question \"><span class=\"ez-toc-section\" id=\"Czy_oplaca_sie_kupowac_bilety_wstepu_na_zabytki_z_duzym_wyprzedzeniem\"><\/span>Czy op\u0142aca si\u0119 kupowa\u0107 bilety wst\u0119pu na zabytki z du\u017cym wyprzedzeniem?<span class=\"ez-toc-section-end\"><\/span><\/h3>\n<div class=\"rank-math-answer \">\n\n<p>W przypadku nowoczesnych zamkni\u0119tych muze\u00f3w, takich jak Muzeum Jutra, zakup bilet\u00f3w online z wyprzedzeniem na pewno si\u0119 op\u0142aca. <strong>W przypadku punkt\u00f3w widokowych na zewn\u0105trz, takich jak G\u0142owa Cukru i Chrystus Zbawiciel, b\u0105d\u017a jednak ostro\u017cny.<\/strong> Pogoda na wybrze\u017cu zmienia si\u0119 z godziny na godzin\u0119, a kupuj\u0105c bilet na konkretny dzie\u0144 <strong>ryzykujesz, \u017ce przez g\u0119st\u0105 mg\u0142\u0119 nie zobaczysz w og\u00f3le nic<\/strong>.<\/p>\n\n<\/div>\n<\/div>\n<\/div>\n<\/div>","protected":false},"excerpt":{"rendered":"<p>Odkryj najpi\u0119kniejsze miejsca Rio de Janeiro, od s\u0142ynnych pla\u017c po ukryte le\u015bne punkty widokowe, i dowiedz si\u0119, jak cieszy\u0107 si\u0119 miastem zupe\u0142nie bezpiecznie.<\/p>\n","protected":false},"author":3,"featured_media":413187,"comment_status":"open","ping_status":"open","sticky":false,"template":"","format":"standard","meta":{"_acf_changed":false,"footnotes":"","rank_math_title":"Rio de Janeiro: 22 pomys\u0142y, co zobaczy\u0107 w 2026","rank_math_description":"Rio de Janeiro \u2014 22 najlepsze atrakcje, pla\u017ce i punkty widokowe plus wskaz\u00f3wki o pogodzie i bezpiecze\u0144stwie. Zaplanuj idealn\u0105 podr\u00f3\u017c i odkryj miasto!","rank_math_focus_keyword":"rio de janeiro","rank_math_seo_score":""},"categories":[740],"tags":[],"class_list":["post-418299","post","type-post","status-publish","format-standard","has-post-thumbnail","category-podroze"],"acf":[],"featured_image_src":"https:\/\/loudavymkrokem.cz\/wp-content\/uploads\/2026\/09\/pedra-do-arpoador.jpg","author_info":{"display_name":"Lucie Kone\u010dn\u00e1","author_link":"https:\/\/loudavymkrokem.cz\/pl\/author\/lucie-konecna\/"},"_links":{"self":[{"href":"https:\/\/loudavymkrokem.cz\/pl\/wp-json\/wp\/v2\/posts\/418299","targetHints":{"allow":["GET"]}}],"collection":[{"href":"https:\/\/loudavymkrokem.cz\/pl\/wp-json\/wp\/v2\/posts"}],"about":[{"href":"https:\/\/loudavymkrokem.cz\/pl\/wp-json\/wp\/v2\/types\/post"}],"author":[{"embeddable":true,"href":"https:\/\/loudavymkrokem.cz\/pl\/wp-json\/wp\/v2\/users\/3"}],"replies":[{"embeddable":true,"href":"https:\/\/loudavymkrokem.cz\/pl\/wp-json\/wp\/v2\/comments?post=418299"}],"version-history":[{"count":2,"href":"https:\/\/loudavymkrokem.cz\/pl\/wp-json\/wp\/v2\/posts\/418299\/revisions"}],"predecessor-version":[{"id":418307,"href":"https:\/\/loudavymkrokem.cz\/pl\/wp-json\/wp\/v2\/posts\/418299\/revisions\/418307"}],"wp:featuredmedia":[{"embeddable":true,"href":"https:\/\/loudavymkrokem.cz\/pl\/wp-json\/wp\/v2\/media\/413187"}],"wp:attachment":[{"href":"https:\/\/loudavymkrokem.cz\/pl\/wp-json\/wp\/v2\/media?parent=418299"}],"wp:term":[{"taxonomy":"category","embeddable":true,"href":"https:\/\/loudavymkrokem.cz\/pl\/wp-json\/wp\/v2\/categories?post=418299"},{"taxonomy":"post_tag","embeddable":true,"href":"https:\/\/loudavymkrokem.cz\/pl\/wp-json\/wp\/v2\/tags?post=418299"}],"curies":[{"name":"wp","href":"https:\/\/api.w.org\/{rel}","templated":true}]}}